{"id":409193,"date":"2026-08-26T08:53:25","date_gmt":"2026-08-26T06:53:25","guid":{"rendered":"https:\/\/loudavymkrokem.cz\/svedorszag-vonattal-utvonalak\/"},"modified":"2026-08-31T08:28:13","modified_gmt":"2026-08-31T06:28:13","slug":"svedorszag-vonattal-utvonalak","status":"publish","type":"post","link":"https:\/\/loudavymkrokem.cz\/hu\/svedorszag-vonattal-utvonalak\/","title":{"rendered":"Sv\u00e9dorsz\u00e1g vonattal 2026: \u00e9jszakai j\u00e1ratok, \u00e1rak \u00e9s a legszebb \u00fatvonalak"},"content":{"rendered":"\n<p class=\"wp-block-paragraph\">Este felsz\u00e1llsz a stockholmi f\u0151p\u00e1lyaudvaron egy j\u00f3 meleg h\u00e1l\u00f3kocsira, elringat a s\u00ednek halk ritmusa, reggel pedig m\u00e1r a sarkk\u00f6r\u00f6n t\u00fal \u00e9bredsz, ahol az ablak m\u00f6g\u00f6tt v\u00e9gtelen, h\u00f3f\u00f6dte tundra suhan el. Ha Sv\u00e9dorsz\u00e1g vonattal a terved, j\u00f3 helyen j\u00e1rsz: ez azon kev\u00e9s eur\u00f3pai orsz\u00e1g egyike, ahol az \u00e9jszakai vas\u00fati k\u00f6zleked\u00e9snek t\u00e9nyleg van \u00e9rtelme, \u00e9s ahol maga a vonatoz\u00e1s \u00f6nmag\u00e1ban is hatalmas \u00e9lm\u00e9ny. A hatalmas t\u00e1vols\u00e1gokat teljes k\u00e9nyelemben teszed meg, a jeges utakon val\u00f3 vezet\u00e9s stressze n\u00e9lk\u00fcl, egy b\u00f6gre forr\u00f3 k\u00e1v\u00e9val a kezedben.<\/p>\n\n\n\n<p class=\"wp-block-paragraph\">A vas\u00fath\u00e1l\u00f3zat megb\u00edzhat\u00f3an elvisz a d\u00e9li partokt\u00f3l eg\u00e9szen a norv\u00e9g hat\u00e1rig. Hogy el ne vesz\u00e9lj az \u00e9szaki rendszerben, \u00f6ssze\u00e1ll\u00edtottam neked ezt a r\u00e9szletes \u00fatmutat\u00f3t. El\u00e1rulom, merre vezetnek a panor\u00e1ma\u00fatvonalak, hogyan szerezz olcs\u00f3 jegyeket, \u00e9s hogyan rakj \u00f6ssze egy olyan \u00fatitervet, amihez egy\u00e1ltal\u00e1n nem lesz sz\u00fcks\u00e9ged aut\u00f3ra \ud83d\ude09.<\/p>\n\n\n\n<figure data-wp-context=\"{&quot;imageId&quot;:&quot;6a9b0aa6aa7e3&quot;}\" data-wp-interactive=\"core\/image\" data-wp-key=\"6a9b0aa6aa7e3\" class=\"wp-block-image size-full wp-lightbox-container\"><img decoding=\"async\" width=\"1800\" height=\"1200\" data-wp-class--hide=\"state.isContentHidden\" data-wp-class--show=\"state.isContentVisible\" data-wp-init=\"callbacks.setButtonStyles\" data-wp-on--click=\"actions.showLightbox\" data-wp-on--load=\"callbacks.setButtonStyles\" data-wp-on--pointerdown=\"actions.preloadImage\" data-wp-on--pointerenter=\"actions.preloadImageWithDelay\" data-wp-on--pointerleave=\"actions.cancelPreload\" data-wp-on-window--resize=\"callbacks.setButtonStyles\" src=\"https:\/\/loudavymkrokem.cz\/wp-content\/uploads\/2026\/07\/svedsko-clanky-svedsko-vlakem-01.jpg\" alt=\"Kil\u00e1t\u00e1s a vonat ablak\u00e1b\u00f3l a sv\u00e9d t\u00e1jra\" class=\"wp-image-351418\" title=\"\" srcset=\"https:\/\/loudavymkrokem.cz\/wp-content\/uploads\/2026\/07\/svedsko-clanky-svedsko-vlakem-01.jpg 1800w, https:\/\/loudavymkrokem.cz\/wp-content\/uploads\/2026\/07\/svedsko-clanky-svedsko-vlakem-01-300x200.jpg 300w, https:\/\/loudavymkrokem.cz\/wp-content\/uploads\/2026\/07\/svedsko-clanky-svedsko-vlakem-01-700x467.jpg 700w, https:\/\/loudavymkrokem.cz\/wp-content\/uploads\/2026\/07\/svedsko-clanky-svedsko-vlakem-01-768x512.jpg 768w, https:\/\/loudavymkrokem.cz\/wp-content\/uploads\/2026\/07\/svedsko-clanky-svedsko-vlakem-01-1536x1024.jpg 1536w, https:\/\/loudavymkrokem.cz\/wp-content\/uploads\/2026\/07\/svedsko-clanky-svedsko-vlakem-01-696x464.jpg 696w, https:\/\/loudavymkrokem.cz\/wp-content\/uploads\/2026\/07\/svedsko-clanky-svedsko-vlakem-01-1392x928.jpg 1392w\" sizes=\"(max-width: 1800px) 100vw, 1800px\" \/><button\n\t\t\tclass=\"lightbox-trigger\"\n\t\t\ttype=\"button\"\n\t\t\taria-haspopup=\"dialog\"\n\t\t\tdata-wp-bind--aria-label=\"state.thisImage.triggerButtonAriaLabel\"\n\t\t\tdata-wp-init=\"callbacks.initTriggerButton\"\n\t\t\tdata-wp-on--click=\"actions.showLightbox\"\n\t\t\tdata-wp-style--right=\"state.thisImage.buttonRight\"\n\t\t\tdata-wp-style--top=\"state.thisImage.buttonTop\"\n\t\t>\n\t\t\t<svg xmlns=\"http:\/\/www.w3.org\/2000\/svg\" width=\"12\" height=\"12\" fill=\"none\" viewBox=\"0 0 12 12\">\n\t\t\t\t<path fill=\"#fff\" d=\"M2 0a2 2 0 0 0-2 2v2h1.5V2a.5.5 0 0 1 .5-.5h2V0H2Zm2 10.5H2a.5.5 0 0 1-.5-.5V8H0v2a2 2 0 0 0 2 2h2v-1.5ZM8 12v-1.5h2a.5.5 0 0 0 .5-.5V8H12v2a2 2 0 0 1-2 2H8Zm2-12a2 2 0 0 1 2 2v2h-1.5V2a.5.5 0 0 0-.5-.5H8V0h2Z\" \/>\n\t\t\t<\/svg>\n\t\t<\/button><figcaption class=\"wp-element-caption\">Foto: Aleks Magnusson \/ Pexels<\/figcaption><\/figure>\n\n\n\n<div id=\"ez-toc-container\" class=\"ez-toc-v2_0_87 ez-toc-wrap-left counter-hierarchy ez-toc-counter ez-toc-grey ez-toc-container-direction\">\n<div class=\"ez-toc-title-container\">\n<p class=\"ez-toc-title\" style=\"cursor:inherit\">A cikk tartalma<\/p>\n<span class=\"ez-toc-title-toggle\"><a href=\"#\" class=\"ez-toc-pull-right ez-toc-btn ez-toc-btn-xs ez-toc-btn-default ez-toc-toggle\" aria-label=\"Toggle Table of Content\"><span class=\"ez-toc-js-icon-con\"><span class=\"\"><span class=\"eztoc-hide\" style=\"display:none;\">Toggle<\/span><span class=\"ez-toc-icon-toggle-span\"><svg style=\"fill: #999;color:#999\" xmlns=\"http:\/\/www.w3.org\/2000\/svg\" class=\"list-377408\" width=\"20px\" height=\"20px\" viewBox=\"0 0 24 24\" fill=\"none\"><path d=\"M6 6H4v2h2V6zm14 0H8v2h12V6zM4 11h2v2H4v-2zm16 0H8v2h12v-2zM4 16h2v2H4v-2zm16 0H8v2h12v-2z\" fill=\"currentColor\"><\/path><\/svg><svg style=\"fill: #999;color:#999\" class=\"arrow-unsorted-368013\" xmlns=\"http:\/\/www.w3.org\/2000\/svg\" width=\"10px\" height=\"10px\" viewBox=\"0 0 24 24\" version=\"1.2\" baseProfile=\"tiny\"><path d=\"M18.2 9.3l-6.2-6.3-6.2 6.3c-.2.2-.3.4-.3.7s.1.5.3.7c.2.2.4.3.7.3h11c.3 0 .5-.1.7-.3.2-.2.3-.5.3-.7s-.1-.5-.3-.7zM5.8 14.7l6.2 6.3 6.2-6.3c.2-.2.3-.5.3-.7s-.1-.5-.3-.7c-.2-.2-.4-.3-.7-.3h-11c-.3 0-.5.1-.7.3-.2.2-.3.5-.3.7s.1.5.3.7z\"\/><\/svg><\/span><\/span><\/span><\/a><\/span><\/div>\n<nav><ul class='ez-toc-list ez-toc-list-level-1 ' ><ul class='ez-toc-list-level-3' ><li class='ez-toc-heading-level-3'><a class=\"ez-toc-link ez-toc-heading-1\" href=\"https:\/\/loudavymkrokem.cz\/hu\/svedorszag-vonattal-utvonalak\/#Osszefoglalas_azoknak_akiknek_nincs_idejuk_vegigolvasni_a_cikket\" >\u00d6sszefoglal\u00e1s azoknak, akiknek nincs idej\u00fck v\u00e9gigolvasni a cikket<\/a><\/li><\/ul><\/li><li class='ez-toc-page-1 ez-toc-heading-level-2'><a class=\"ez-toc-link ez-toc-heading-2\" href=\"https:\/\/loudavymkrokem.cz\/hu\/svedorszag-vonattal-utvonalak\/#14_dolog_amit_tudnod_kell_mielott_vonattal_utazol_Svedorszagban\" >14 dolog, amit tudnod kell, miel\u0151tt vonattal utazol Sv\u00e9dorsz\u00e1gban<\/a><ul class='ez-toc-list-level-3' ><li class='ez-toc-heading-level-3'><a class=\"ez-toc-link ez-toc-heading-3\" href=\"https:\/\/loudavymkrokem.cz\/hu\/svedorszag-vonattal-utvonalak\/#1_Miert_erdemes_eppen_vonattal_bejarni_Svedorszagot\" >1. Mi\u00e9rt \u00e9rdemes \u00e9ppen vonattal bej\u00e1rni Sv\u00e9dorsz\u00e1got<\/a><\/li><li class='ez-toc-page-1 ez-toc-heading-level-3'><a class=\"ez-toc-link ez-toc-heading-4\" href=\"https:\/\/loudavymkrokem.cz\/hu\/svedorszag-vonattal-utvonalak\/#2_Ki_is_uzemelteti_itt_a_vonatokat_az_SJ_es_a_regionalis_tarsasagok\" >2. Ki is \u00fczemelteti itt a vonatokat (az SJ \u00e9s a region\u00e1lis t\u00e1rsas\u00e1gok)<\/a><\/li><li class='ez-toc-page-1 ez-toc-heading-level-3'><a class=\"ez-toc-link ez-toc-heading-5\" href=\"https:\/\/loudavymkrokem.cz\/hu\/svedorszag-vonattal-utvonalak\/#3_Mikor_es_hogyan_vegyel_jegyet_az_SJ_appja_a_kulcs\" >3. Mikor \u00e9s hogyan vegy\u00e9l jegyet (az SJ appja a kulcs)<\/a><\/li><li class='ez-toc-page-1 ez-toc-heading-level-3'><a class=\"ez-toc-link ez-toc-heading-6\" href=\"https:\/\/loudavymkrokem.cz\/hu\/svedorszag-vonattal-utvonalak\/#4_Kocsiosztalyok_helyjegyek_es_mi_minden_van_benne_az_arban\" >4. Kocsioszt\u00e1lyok, helyjegyek \u00e9s mi minden van benne az \u00e1rban<\/a><\/li><li class='ez-toc-page-1 ez-toc-heading-level-3'><a class=\"ez-toc-link ez-toc-heading-7\" href=\"https:\/\/loudavymkrokem.cz\/hu\/svedorszag-vonattal-utvonalak\/#5_Ut_Magyarorszagrol_ejszakai_osszekottetes_Nemetorszagon_es_Danian_at\" >5. \u00dat Magyarorsz\u00e1gr\u00f3l: \u00e9jszakai \u00f6sszek\u00f6ttet\u00e9s N\u00e9metorsz\u00e1gon \u00e9s D\u00e1ni\u00e1n \u00e1t<\/a><\/li><li class='ez-toc-page-1 ez-toc-heading-level-3'><a class=\"ez-toc-link ez-toc-heading-8\" href=\"https:\/\/loudavymkrokem.cz\/hu\/svedorszag-vonattal-utvonalak\/#6_Az_Arlanda_repuloterrol_a_belvarosba_az_Arlanda_Express_nevu_csapda\" >6. Az Arlanda rep\u00fcl\u0151t\u00e9rr\u0151l a belv\u00e1rosba (az Arlanda Express nev\u0171 csapda)<\/a><\/li><li class='ez-toc-page-1 ez-toc-heading-level-3'><a class=\"ez-toc-link ez-toc-heading-9\" href=\"https:\/\/loudavymkrokem.cz\/hu\/svedorszag-vonattal-utvonalak\/#7_Ejszakai_vonat_Lappfoldre_fekvohelyek_es_sarki_feny\" >7. \u00c9jszakai vonat Lappf\u00f6ldre: fekv\u0151helyek \u00e9s sarki f\u00e9ny<\/a><\/li><li class='ez-toc-page-1 ez-toc-heading-level-3'><a class=\"ez-toc-link ez-toc-heading-10\" href=\"https:\/\/loudavymkrokem.cz\/hu\/svedorszag-vonattal-utvonalak\/#8_Inlandsbanan_a_legendas_belso_vasutvonal\" >8. Inlandsbanan: a legend\u00e1s bels\u0151 vas\u00fatvonal<\/a><\/li><li class='ez-toc-page-1 ez-toc-heading-level-3'><a class=\"ez-toc-link ez-toc-heading-11\" href=\"https:\/\/loudavymkrokem.cz\/hu\/svedorszag-vonattal-utvonalak\/#9_Gyorsvonatok_es_Europa_legeszakibb_vasutvonala\" >9. Gyorsvonatok \u00e9s Eur\u00f3pa leg\u00e9szakibb vas\u00fatvonala<\/a><\/li><li class='ez-toc-page-1 ez-toc-heading-level-3'><a class=\"ez-toc-link ez-toc-heading-12\" href=\"https:\/\/loudavymkrokem.cz\/hu\/svedorszag-vonattal-utvonalak\/#10_Oresundstag_es_a_hataron_atnyulo_jaratok_Koppenhagaba\" >10. \u00d6resundst\u00e5g \u00e9s a hat\u00e1ron \u00e1tny\u00fal\u00f3 j\u00e1ratok Koppenh\u00e1g\u00e1ba<\/a><\/li><li class='ez-toc-page-1 ez-toc-heading-level-3'><a class=\"ez-toc-link ez-toc-heading-13\" href=\"https:\/\/loudavymkrokem.cz\/hu\/svedorszag-vonattal-utvonalak\/#11_Interrail_es_Eurail_Svedorszagban_mikor_eri_meg_igazan\" >11. Interrail \u00e9s Eurail Sv\u00e9dorsz\u00e1gban: mikor \u00e9ri meg igaz\u00e1n?<\/a><\/li><li class='ez-toc-page-1 ez-toc-heading-level-3'><a class=\"ez-toc-link ez-toc-heading-14\" href=\"https:\/\/loudavymkrokem.cz\/hu\/svedorszag-vonattal-utvonalak\/#12_Kerekpar_silec_es_utazas_gyerekekkel\" >12. Ker\u00e9kp\u00e1r, s\u00edl\u00e9c \u00e9s utaz\u00e1s gyerekekkel<\/a><\/li><li class='ez-toc-page-1 ez-toc-heading-level-3'><a class=\"ez-toc-link ez-toc-heading-15\" href=\"https:\/\/loudavymkrokem.cz\/hu\/svedorszag-vonattal-utvonalak\/#13_Etkezes_a_vonaton_es_hogyan_egyel_olcson\" >13. \u00c9tkez\u00e9s a vonaton, \u00e9s hogyan egy\u00e9l olcs\u00f3n<\/a><\/li><li class='ez-toc-page-1 ez-toc-heading-level-3'><a class=\"ez-toc-link ez-toc-heading-16\" href=\"https:\/\/loudavymkrokem.cz\/hu\/svedorszag-vonattal-utvonalak\/#Hol_egyel_a_nagyobb_palyaudvarokon\" >Hol egy\u00e9l a nagyobb p\u00e1lyaudvarokon<\/a><\/li><li class='ez-toc-page-1 ez-toc-heading-level-3'><a class=\"ez-toc-link ez-toc-heading-17\" href=\"https:\/\/loudavymkrokem.cz\/hu\/svedorszag-vonattal-utvonalak\/#14_Kesesek_vaganyzarak_es_mit_tegyel_ha_nem_jar_a_jarat\" >14. K\u00e9s\u00e9sek, v\u00e1g\u00e1nyz\u00e1rak \u00e9s mit tegy\u00e9l, ha nem j\u00e1r a j\u00e1rat<\/a><\/li><\/ul><\/li><li class='ez-toc-page-1 ez-toc-heading-level-2'><a class=\"ez-toc-link ez-toc-heading-18\" href=\"https:\/\/loudavymkrokem.cz\/hu\/svedorszag-vonattal-utvonalak\/#Svedorszag_legszebb_vasuti_utvonalai\" >Sv\u00e9dorsz\u00e1g legszebb vas\u00fati \u00fatvonalai<\/a><ul class='ez-toc-list-level-3' ><li class='ez-toc-heading-level-3'><a class=\"ez-toc-link ez-toc-heading-19\" href=\"https:\/\/loudavymkrokem.cz\/hu\/svedorszag-vonattal-utvonalak\/#Malmbanan_arktikus_vasut\" >Malmbanan (arktikus vas\u00fat)<\/a><\/li><li class='ez-toc-page-1 ez-toc-heading-level-3'><a class=\"ez-toc-link ez-toc-heading-20\" href=\"https:\/\/loudavymkrokem.cz\/hu\/svedorszag-vonattal-utvonalak\/#Inlandsbanan_belso_vasut\" >Inlandsbanan (bels\u0151 vas\u00fat)<\/a><\/li><li class='ez-toc-page-1 ez-toc-heading-level-3'><a class=\"ez-toc-link ez-toc-heading-21\" href=\"https:\/\/loudavymkrokem.cz\/hu\/svedorszag-vonattal-utvonalak\/#Botniabanan_Botteni-obol_vasutja\" >Botniabanan (Botteni-\u00f6b\u00f6l vas\u00fatja)<\/a><\/li><li class='ez-toc-page-1 ez-toc-heading-level-3'><a class=\"ez-toc-link ez-toc-heading-22\" href=\"https:\/\/loudavymkrokem.cz\/hu\/svedorszag-vonattal-utvonalak\/#Stockholm_%E2%80%93_Goteborg\" >Stockholm \u2013 G\u00f6teborg<\/a><\/li><\/ul><\/li><li class='ez-toc-page-1 ez-toc-heading-level-2'><a class=\"ez-toc-link ez-toc-heading-23\" href=\"https:\/\/loudavymkrokem.cz\/hu\/svedorszag-vonattal-utvonalak\/#Svedorszag_vonattal_tiz_nap_alatt\" >Sv\u00e9dorsz\u00e1g vonattal t\u00edz nap alatt<\/a><ul class='ez-toc-list-level-3' ><li class='ez-toc-heading-level-3'><a class=\"ez-toc-link ez-toc-heading-24\" href=\"https:\/\/loudavymkrokem.cz\/hu\/svedorszag-vonattal-utvonalak\/#1%E2%80%932_nap_erkezes_es_a_koppenhagai_hid\" >1\u20132. nap: \u00e9rkez\u00e9s \u00e9s a koppenh\u00e1gai h\u00edd<\/a><\/li><li class='ez-toc-page-1 ez-toc-heading-level-3'><a class=\"ez-toc-link ez-toc-heading-25\" href=\"https:\/\/loudavymkrokem.cz\/hu\/svedorszag-vonattal-utvonalak\/#3%E2%80%934_nap_atkeles_nyugatra_Goteborgba\" >3\u20134. nap: \u00e1tkel\u00e9s nyugatra G\u00f6teborgba<\/a><\/li><li class='ez-toc-page-1 ez-toc-heading-level-3'><a class=\"ez-toc-link ez-toc-heading-26\" href=\"https:\/\/loudavymkrokem.cz\/hu\/svedorszag-vonattal-utvonalak\/#5%E2%80%937_nap_Stockholm_es_a_szigetvilag\" >5\u20137. nap: Stockholm \u00e9s a szigetvil\u00e1g<\/a><\/li><li class='ez-toc-page-1 ez-toc-heading-level-3'><a class=\"ez-toc-link ez-toc-heading-27\" href=\"https:\/\/loudavymkrokem.cz\/hu\/svedorszag-vonattal-utvonalak\/#8%E2%80%9310_nap_ejszakai_kaland_es_Lappfold\" >8\u201310. nap: \u00e9jszakai kaland \u00e9s Lappf\u00f6ld<\/a><\/li><\/ul><\/li><li class='ez-toc-page-1 ez-toc-heading-level-2'><a class=\"ez-toc-link ez-toc-heading-28\" href=\"https:\/\/loudavymkrokem.cz\/hu\/svedorszag-vonattal-utvonalak\/#Gyakorlati_osszefoglalo_es_tajekoztato_arak_2026\" >Gyakorlati \u00f6sszefoglal\u00f3 \u00e9s t\u00e1j\u00e9koztat\u00f3 \u00e1rak (2026)<\/a><\/li><li class='ez-toc-page-1 ez-toc-heading-level-2'><a class=\"ez-toc-link ez-toc-heading-29\" href=\"https:\/\/loudavymkrokem.cz\/hu\/svedorszag-vonattal-utvonalak\/#Hol_szallj_meg_a_fopalyaudvarok_kozeleben\" >Hol sz\u00e1llj meg a f\u0151p\u00e1lyaudvarok k\u00f6zel\u00e9ben<\/a><\/li><li class='ez-toc-page-1 ez-toc-heading-level-2'><a class=\"ez-toc-link ez-toc-heading-30\" href=\"https:\/\/loudavymkrokem.cz\/hu\/svedorszag-vonattal-utvonalak\/#Hova_tovabb\" >Hov\u00e1 tov\u00e1bb<\/a><\/li><li class='ez-toc-page-1 ez-toc-heading-level-2'><a class=\"ez-toc-link ez-toc-heading-31\" href=\"https:\/\/loudavymkrokem.cz\/hu\/svedorszag-vonattal-utvonalak\/#Gyakran_ismetelt_kerdesek\" >Gyakran ism\u00e9telt k\u00e9rd\u00e9sek<\/a><ul class='ez-toc-list-level-3' ><li class='ez-toc-heading-level-3'><a class=\"ez-toc-link ez-toc-heading-32\" href=\"https:\/\/loudavymkrokem.cz\/hu\/svedorszag-vonattal-utvonalak\/#Mennyibe_kerul_a_vonat_Svedorszagban\" >Mennyibe ker\u00fcl a vonat Sv\u00e9dorsz\u00e1gban?<\/a><\/li><li class='ez-toc-page-1 ez-toc-heading-level-3'><a class=\"ez-toc-link ez-toc-heading-33\" href=\"https:\/\/loudavymkrokem.cz\/hu\/svedorszag-vonattal-utvonalak\/#Hogyan_es_hol_lehet_megvasarolni_a_legolcsobb_jegyeket\" >Hogyan \u00e9s hol lehet megv\u00e1s\u00e1rolni a legolcs\u00f3bb jegyeket?<\/a><\/li><li class='ez-toc-page-1 ez-toc-heading-level-3'><a class=\"ez-toc-link ez-toc-heading-34\" href=\"https:\/\/loudavymkrokem.cz\/hu\/svedorszag-vonattal-utvonalak\/#Mennyi_ideig_tart_az_ut_ejszakai_vonattal_Lappfoldre\" >Mennyi ideig tart az \u00fat \u00e9jszakai vonattal Lappf\u00f6ldre?<\/a><\/li><li class='ez-toc-page-1 ez-toc-heading-level-3'><a class=\"ez-toc-link ez-toc-heading-35\" href=\"https:\/\/loudavymkrokem.cz\/hu\/svedorszag-vonattal-utvonalak\/#Megeri-e_Interrail-berletet_hasznalni_Svedorszagban_valo_utazashoz\" >Meg\u00e9ri-e Interrail-b\u00e9rletet haszn\u00e1lni Sv\u00e9dorsz\u00e1gban val\u00f3 utaz\u00e1shoz?<\/a><\/li><li class='ez-toc-page-1 ez-toc-heading-level-3'><a class=\"ez-toc-link ez-toc-heading-36\" href=\"https:\/\/loudavymkrokem.cz\/hu\/svedorszag-vonattal-utvonalak\/#Lehet_kerekpart_vinni_a_sved_vonatokra\" >Lehet ker\u00e9kp\u00e1rt vinni a sv\u00e9d vonatokra?<\/a><\/li><li class='ez-toc-page-1 ez-toc-heading-level-3'><a class=\"ez-toc-link ez-toc-heading-37\" href=\"https:\/\/loudavymkrokem.cz\/hu\/svedorszag-vonattal-utvonalak\/#Lehet_vonattal_eljutni_Magyarorszagrol_Svedorszagba\" >Lehet vonattal eljutni Magyarorsz\u00e1gr\u00f3l Sv\u00e9dorsz\u00e1gba?<\/a><\/li><li class='ez-toc-page-1 ez-toc-heading-level-3'><a class=\"ez-toc-link ez-toc-heading-38\" href=\"https:\/\/loudavymkrokem.cz\/hu\/svedorszag-vonattal-utvonalak\/#Hogyan_lehet_a_legjobban_eljutni_az_Arlanda_repuloterrol_Stockholmba\" >Hogyan lehet a legjobban eljutni az Arlanda rep\u00fcl\u0151t\u00e9rr\u0151l Stockholmba?<\/a><\/li><\/ul><\/li><\/ul><\/nav><\/div>\n<h3 class=\"wp-block-heading\"><span class=\"ez-toc-section\" id=\"Osszefoglalas_azoknak_akiknek_nincs_idejuk_vegigolvasni_a_cikket\"><\/span>\u00d6sszefoglal\u00e1s azoknak, akiknek nincs idej\u00fck v\u00e9gigolvasni a cikket<span class=\"ez-toc-section-end\"><\/span><\/h3>\n\n\n\n<p class=\"wp-block-paragraph\">Ha \u00e9ppen a b\u0151r\u00f6nd\u00f6t pakolod, \u00e9s nincs id\u0151d a r\u00e9szletekben elmer\u00fclni, itt a legfontosabb dolgok gyors kivonata, amit indul\u00e1s el\u0151tt tudnod \u00e9rdemes.<\/p>\n\n\n\n<ul class=\"wp-block-list\">\n\n<li>  <strong>Az SJ jegyei \u00fagy m\u0171k\u00f6dnek, mint a rep\u00fcl\u0151jegyek.<\/strong> Az \u00e1raz\u00e1s tiszt\u00e1n dinamikus, \u00e9s ha k\u00e9t h\u00f3nappal kor\u00e1bban veszed meg a jegyet, gyakran ak\u00e1r az \u00e1r fel\u00e9t is megsp\u00f3rolhatod.<\/li>\n\n\n\n<li>  <strong>Az SJ k\u00f6zleked\u00e9si t\u00e1rsas\u00e1g applik\u00e1ci\u00f3ja abszol\u00fat n\u00e9lk\u00fcl\u00f6zhetetlen.<\/strong> Ebben kereshetsz j\u00e1ratokat, vehetsz jegyet, \u00e9s ami a legfontosabb, itt l\u00e1tod a friss inform\u00e1ci\u00f3kat az esetleges k\u00e9s\u00e9sekr\u0151l.<\/li>\n\n\n\n<li>  <strong>A 2026-os ny\u00e1r \u00fajdons\u00e1ga jelent\u0151sen olcs\u00f3bb\u00e1 teszi a k\u00f6zleked\u00e9st.<\/strong> J\u00faliust\u00f3l decemberig a korm\u00e1ny t\u00e1mogatja a region\u00e1lis j\u00e1ratokat, \u00e9s a harmincnapos b\u00e9rletek (p\u00e9ld\u00e1ul Stockholmban) pontosan feleannyiba ker\u00fclnek.<\/li>\n\n\n\n<li>  Magyarorsz\u00e1gr\u00f3l <strong>nagyon k\u00e9nyelmesen, \u00e9jszaka<\/strong> juthatsz el Sv\u00e9dorsz\u00e1gba. Ig\u00e9nybe veheted a ny\u00e1ri \u00e9s \u0151szi Sn\u00e4llt\u00e5get \u00e9jszakai expresszt, amely r\u00e1ad\u00e1sul 2026 augusztus\u00e1t\u00f3l december\u00e9ig m\u00e1r a k\u00f6zeli Drezd\u00e1b\u00f3l indul.<\/li>\n\n\n\n<li>  <strong>A nagysebess\u00e9g\u0171 X2000 vonatokhoz helyjegy kell.<\/strong> N\u00e9lk\u00fcle egy\u00e1ltal\u00e1n nem engednek fel a vonatra, \u00fagyhogy a peronon val\u00f3 spont\u00e1n felugr\u00e1s sz\u00f3ba sem j\u00f6het.<\/li>\n\n\n\n<li>  Az \u00e9szaki vonalon Kirun\u00e1ig t\u00f6bb t\u00e1rsas\u00e1g is k\u00f6zlekedik. <strong>A h\u00e1l\u00f3kocsit \u00f3ri\u00e1si el\u0151nnyel foglald le<\/strong>, mert a t\u00e9li szezonban gyakran h\u00f3napokkal el\u0151re elkelnek.<\/li>\n\n\n\n<li>  <strong>A ker\u00e9kp\u00e1rt bonyolult az SJ vonatain sz\u00e1ll\u00edtani.<\/strong> Hivatalosan sz\u00e9tszedve \u00e9s speci\u00e1lis tokba csomagolva kell sz\u00e1ll\u00edtani, mint egy sima poggy\u00e1szt.<\/li>\n\n\n<\/ul>\n\n\n\n<figure data-wp-context=\"{&quot;imageId&quot;:&quot;6a9b0aa6ab48a&quot;}\" data-wp-interactive=\"core\/image\" data-wp-key=\"6a9b0aa6ab48a\" class=\"wp-block-image size-full wp-lightbox-container\"><img decoding=\"async\" width=\"1800\" height=\"1200\" data-wp-class--hide=\"state.isContentHidden\" data-wp-class--show=\"state.isContentVisible\" data-wp-init=\"callbacks.setButtonStyles\" data-wp-on--click=\"actions.showLightbox\" data-wp-on--load=\"callbacks.setButtonStyles\" data-wp-on--pointerdown=\"actions.preloadImage\" data-wp-on--pointerenter=\"actions.preloadImageWithDelay\" data-wp-on--pointerleave=\"actions.cancelPreload\" data-wp-on-window--resize=\"callbacks.setButtonStyles\" src=\"https:\/\/loudavymkrokem.cz\/wp-content\/uploads\/2026\/07\/svedsko-clanky-svedsko-vlakem-02.jpg\" alt=\"Vonat egy sv\u00e9d p\u00e1lyaudvaron\" class=\"wp-image-351424\" title=\"\" srcset=\"https:\/\/loudavymkrokem.cz\/wp-content\/uploads\/2026\/07\/svedsko-clanky-svedsko-vlakem-02.jpg 1800w, https:\/\/loudavymkrokem.cz\/wp-content\/uploads\/2026\/07\/svedsko-clanky-svedsko-vlakem-02-300x200.jpg 300w, https:\/\/loudavymkrokem.cz\/wp-content\/uploads\/2026\/07\/svedsko-clanky-svedsko-vlakem-02-700x467.jpg 700w, https:\/\/loudavymkrokem.cz\/wp-content\/uploads\/2026\/07\/svedsko-clanky-svedsko-vlakem-02-768x512.jpg 768w, https:\/\/loudavymkrokem.cz\/wp-content\/uploads\/2026\/07\/svedsko-clanky-svedsko-vlakem-02-1536x1024.jpg 1536w, https:\/\/loudavymkrokem.cz\/wp-content\/uploads\/2026\/07\/svedsko-clanky-svedsko-vlakem-02-696x464.jpg 696w, https:\/\/loudavymkrokem.cz\/wp-content\/uploads\/2026\/07\/svedsko-clanky-svedsko-vlakem-02-1392x928.jpg 1392w\" sizes=\"(max-width: 1800px) 100vw, 1800px\" \/><button\n\t\t\tclass=\"lightbox-trigger\"\n\t\t\ttype=\"button\"\n\t\t\taria-haspopup=\"dialog\"\n\t\t\tdata-wp-bind--aria-label=\"state.thisImage.triggerButtonAriaLabel\"\n\t\t\tdata-wp-init=\"callbacks.initTriggerButton\"\n\t\t\tdata-wp-on--click=\"actions.showLightbox\"\n\t\t\tdata-wp-style--right=\"state.thisImage.buttonRight\"\n\t\t\tdata-wp-style--top=\"state.thisImage.buttonTop\"\n\t\t>\n\t\t\t<svg xmlns=\"http:\/\/www.w3.org\/2000\/svg\" width=\"12\" height=\"12\" fill=\"none\" viewBox=\"0 0 12 12\">\n\t\t\t\t<path fill=\"#fff\" d=\"M2 0a2 2 0 0 0-2 2v2h1.5V2a.5.5 0 0 1 .5-.5h2V0H2Zm2 10.5H2a.5.5 0 0 1-.5-.5V8H0v2a2 2 0 0 0 2 2h2v-1.5ZM8 12v-1.5h2a.5.5 0 0 0 .5-.5V8H12v2a2 2 0 0 1-2 2H8Zm2-12a2 2 0 0 1 2 2v2h-1.5V2a.5.5 0 0 0-.5-.5H8V0h2Z\" \/>\n\t\t\t<\/svg>\n\t\t<\/button><figcaption class=\"wp-element-caption\">Foto: Efrem  Efre \/ Pexels<\/figcaption><\/figure>\n\n\n\n<h2 class=\"wp-block-heading\"><span class=\"ez-toc-section\" id=\"14_dolog_amit_tudnod_kell_mielott_vonattal_utazol_Svedorszagban\"><\/span>14 dolog, amit tudnod kell, miel\u0151tt vonattal utazol Sv\u00e9dorsz\u00e1gban<span class=\"ez-toc-section-end\"><\/span><\/h2>\n\n\n\n<p class=\"wp-block-paragraph\">Miel\u0151tt kim\u00e9sz a p\u00e1lyaudvarra \u00e9s felugrasz az els\u0151 gyorsvonatra, j\u00f3, ha ismersz n\u00e9h\u00e1ny helyi saj\u00e1toss\u00e1got. A sv\u00e9d vas\u00fati rendszer kicsit m\u00e1sk\u00e9pp m\u0171k\u00f6dik, mint amit Magyarorsz\u00e1gon megszoktunk, \u00e9s a felk\u00e9sz\u00fcletlen utaz\u00f3t kellemetlen meglepet\u00e9sek \u00e9rhetik.<\/p>\n\n\n\n<p class=\"wp-block-paragraph\">Ak\u00e1r a dinamikus jegy\u00e1rakkal, ak\u00e1r a ker\u00e9kp\u00e1rsz\u00e1ll\u00edt\u00e1s bonyolult szab\u00e1lyaival bajl\u00f3dsz, ak\u00e1r csak azt keresed, hogyan lehet j\u00f3l \u00e9s olcs\u00f3n enni a vonaton, minden gyakorlati tippet sz\u00e9pen egy helyre gy\u0171jt\u00f6ttem neked.<\/p>\n\n\n\n<figure data-wp-context=\"{&quot;imageId&quot;:&quot;6a9b0aa6abb8e&quot;}\" data-wp-interactive=\"core\/image\" data-wp-key=\"6a9b0aa6abb8e\" class=\"wp-block-image size-full wp-lightbox-container\"><img decoding=\"async\" width=\"1800\" height=\"1200\" data-wp-class--hide=\"state.isContentHidden\" data-wp-class--show=\"state.isContentVisible\" data-wp-init=\"callbacks.setButtonStyles\" data-wp-on--click=\"actions.showLightbox\" data-wp-on--load=\"callbacks.setButtonStyles\" data-wp-on--pointerdown=\"actions.preloadImage\" data-wp-on--pointerenter=\"actions.preloadImageWithDelay\" data-wp-on--pointerleave=\"actions.cancelPreload\" data-wp-on-window--resize=\"callbacks.setButtonStyles\" src=\"https:\/\/loudavymkrokem.cz\/wp-content\/uploads\/2026\/07\/svedsko-clanky-svedsko-vlakem-03.jpg\" alt=\"K\u00e9nyelmes utaz\u00e1s vonattal\" class=\"wp-image-351429\" title=\"\" srcset=\"https:\/\/loudavymkrokem.cz\/wp-content\/uploads\/2026\/07\/svedsko-clanky-svedsko-vlakem-03.jpg 1800w, https:\/\/loudavymkrokem.cz\/wp-content\/uploads\/2026\/07\/svedsko-clanky-svedsko-vlakem-03-300x200.jpg 300w, https:\/\/loudavymkrokem.cz\/wp-content\/uploads\/2026\/07\/svedsko-clanky-svedsko-vlakem-03-700x467.jpg 700w, https:\/\/loudavymkrokem.cz\/wp-content\/uploads\/2026\/07\/svedsko-clanky-svedsko-vlakem-03-768x512.jpg 768w, https:\/\/loudavymkrokem.cz\/wp-content\/uploads\/2026\/07\/svedsko-clanky-svedsko-vlakem-03-1536x1024.jpg 1536w, https:\/\/loudavymkrokem.cz\/wp-content\/uploads\/2026\/07\/svedsko-clanky-svedsko-vlakem-03-696x464.jpg 696w, https:\/\/loudavymkrokem.cz\/wp-content\/uploads\/2026\/07\/svedsko-clanky-svedsko-vlakem-03-1392x928.jpg 1392w\" sizes=\"(max-width: 1800px) 100vw, 1800px\" \/><button\n\t\t\tclass=\"lightbox-trigger\"\n\t\t\ttype=\"button\"\n\t\t\taria-haspopup=\"dialog\"\n\t\t\tdata-wp-bind--aria-label=\"state.thisImage.triggerButtonAriaLabel\"\n\t\t\tdata-wp-init=\"callbacks.initTriggerButton\"\n\t\t\tdata-wp-on--click=\"actions.showLightbox\"\n\t\t\tdata-wp-style--right=\"state.thisImage.buttonRight\"\n\t\t\tdata-wp-style--top=\"state.thisImage.buttonTop\"\n\t\t>\n\t\t\t<svg xmlns=\"http:\/\/www.w3.org\/2000\/svg\" width=\"12\" height=\"12\" fill=\"none\" viewBox=\"0 0 12 12\">\n\t\t\t\t<path fill=\"#fff\" d=\"M2 0a2 2 0 0 0-2 2v2h1.5V2a.5.5 0 0 1 .5-.5h2V0H2Zm2 10.5H2a.5.5 0 0 1-.5-.5V8H0v2a2 2 0 0 0 2 2h2v-1.5ZM8 12v-1.5h2a.5.5 0 0 0 .5-.5V8H12v2a2 2 0 0 1-2 2H8Zm2-12a2 2 0 0 1 2 2v2h-1.5V2a.5.5 0 0 0-.5-.5H8V0h2Z\" \/>\n\t\t\t<\/svg>\n\t\t<\/button><figcaption class=\"wp-element-caption\">Foto: Largo Polacsek \/ Pexels<\/figcaption><\/figure>\n\n\n\n<h3 class=\"wp-block-heading\"><span class=\"ez-toc-section\" id=\"1_Miert_erdemes_eppen_vonattal_bejarni_Svedorszagot\"><\/span>1. Mi\u00e9rt \u00e9rdemes \u00e9ppen vonattal bej\u00e1rni Sv\u00e9dorsz\u00e1got<span class=\"ez-toc-section-end\"><\/span><\/h3>\n\n\n\n<p class=\"wp-block-paragraph\">Sv\u00e9dorsz\u00e1g egy k\u00f6z\u00e9p-eur\u00f3pai szemmel n\u00e9zve teljesen gigantikus orsz\u00e1g. M\u00e1r maga a Stockholmt\u00f3l Kirun\u00e1ig tart\u00f3 \u00fat is t\u00f6bb mint ezerk\u00e9tsz\u00e1z kilom\u00e9ter, \u00e9s <strong>a vol\u00e1n m\u00f6g\u00f6tt kimer\u00edt\u0151 tizen\u00f6t \u00f3r\u00e1t t\u00f6lten\u00e9l<\/strong> tiszta menetid\u0151ben. Vonattal ez az \u00f3ri\u00e1si t\u00e1vols\u00e1g egy pihentet\u0151 \u00e9lm\u00e9nny\u00e9 v\u00e1ltozik: este beb\u00fajsz a tiszta \u00e1gynem\u0171be, reggel pedig kipihenten sz\u00e1llsz le egyenesen a c\u00e9l\u00e1llom\u00e1son.<\/p>\n\n\n\n<p class=\"wp-block-paragraph\">A helyi gyorsvonatok r\u00e1ad\u00e1sul ak\u00e1r \u00f3r\u00e1nk\u00e9nt 200 kilom\u00e9teres sebess\u00e9get is el\u00e9rnek, \u00e9s a speci\u00e1lis billen\u0151 rendszernek k\u00f6sz\u00f6nhet\u0151en hihetetlen\u00fcl sim\u00e1n veszik a kanyarokat. <strong>A fed\u00e9lzeti komfort messze fel\u00fclm\u00falja az eur\u00f3pai \u00e1tlagot<\/strong>: rengeteg l\u00e1bt\u00e9r, megb\u00edzhat\u00f3 wifi \u00e9s minden\u00fctt jelen l\u00e9v\u0151 konnektorok. \u00c9s \u0151szint\u00e9n sz\u00f3lva, j\u00e1vorszarvasokat n\u00e9zni az ablakon \u00e1t sokkal jobb sz\u00f3rakoz\u00e1s, mint a GPS-t b\u00e1mulni.<\/p>\n\n\n\n<p class=\"wp-block-paragraph\">M\u00edg aut\u00f3vezet\u00e9s k\u00f6zben folyamatosan figyelned kell a sebess\u00e9get a mindenhol ott l\u00e9v\u0151 sz\u00fcrke traffipaxok miatt, vagy vigy\u00e1zni a j\u00e1vorszarvasokra, a vonaton nyugodtan dolgozhatsz, olvashatsz, vagy csak b\u00e1mulhatod az elsuhan\u00f3 erd\u0151ket. <strong>Elker\u00fcl\u00f6d a t\u00e9li k\u00f6r\u00fclm\u00e9nyek miatti stresszt is<\/strong>, hiszen a lej\u00e1rt havon \u00e9s j\u00e9gen val\u00f3 vezet\u00e9s az \u00e9szaki t\u00e9rs\u00e9gekben nagy tapasztalatot ig\u00e9nyel.<\/p>\n\n\n\n<p class=\"wp-block-paragraph\">A vonatoz\u00e1s r\u00e1ad\u00e1sul egyenesen a v\u00e1rosk\u00f6zpontba visz. Nem kell bajl\u00f3dnod a dr\u00e1ga parkol\u00f3val vagy a Stockholm \u00e9s G\u00f6teborg belv\u00e1ros\u00e1ba val\u00f3 behajt\u00e1s d\u00edjaival. <strong>A sv\u00e9d p\u00e1lyaudvarok modern csom\u00f3pontokk\u00e9nt m\u0171k\u00f6dnek<\/strong>, tele remek k\u00e1v\u00e9z\u00f3kkal \u00e9s \u00fczletekkel, \u00fagyhogy minden gond n\u00e9lk\u00fcl eligazodsz benn\u00fck.<\/p>\n\n\n\n<p class=\"wp-block-paragraph\">\ud83d\udca1 Tipp: Ha dolgozni szeretn\u00e9l, v\u00e1laszd az SJ gyorsvonatain az \u00fagynevezett csendes z\u00f3n\u00e1t (Tyst avdelning). Itt szigor\u00faan tilos telefon\u00e1lni, \u00e9s teljes nyugalom van a koncentr\u00e1l\u00e1shoz.<\/p>\n\n\n\n<figure data-wp-context=\"{&quot;imageId&quot;:&quot;6a9b0aa6ac2e9&quot;}\" data-wp-interactive=\"core\/image\" data-wp-key=\"6a9b0aa6ac2e9\" class=\"wp-block-image size-full wp-lightbox-container\"><img decoding=\"async\" width=\"1800\" height=\"1200\" data-wp-class--hide=\"state.isContentHidden\" data-wp-class--show=\"state.isContentVisible\" data-wp-init=\"callbacks.setButtonStyles\" data-wp-on--click=\"actions.showLightbox\" data-wp-on--load=\"callbacks.setButtonStyles\" data-wp-on--pointerdown=\"actions.preloadImage\" data-wp-on--pointerenter=\"actions.preloadImageWithDelay\" data-wp-on--pointerleave=\"actions.cancelPreload\" data-wp-on-window--resize=\"callbacks.setButtonStyles\" src=\"https:\/\/loudavymkrokem.cz\/wp-content\/uploads\/2026\/07\/svedsko-clanky-svedsko-vlakem-04.jpg\" alt=\"Indul\u00e1si t\u00e1bla a p\u00e1lyaudvaron\" class=\"wp-image-351437\" title=\"\" srcset=\"https:\/\/loudavymkrokem.cz\/wp-content\/uploads\/2026\/07\/svedsko-clanky-svedsko-vlakem-04.jpg 1800w, https:\/\/loudavymkrokem.cz\/wp-content\/uploads\/2026\/07\/svedsko-clanky-svedsko-vlakem-04-300x200.jpg 300w, https:\/\/loudavymkrokem.cz\/wp-content\/uploads\/2026\/07\/svedsko-clanky-svedsko-vlakem-04-700x467.jpg 700w, https:\/\/loudavymkrokem.cz\/wp-content\/uploads\/2026\/07\/svedsko-clanky-svedsko-vlakem-04-768x512.jpg 768w, https:\/\/loudavymkrokem.cz\/wp-content\/uploads\/2026\/07\/svedsko-clanky-svedsko-vlakem-04-1536x1024.jpg 1536w, https:\/\/loudavymkrokem.cz\/wp-content\/uploads\/2026\/07\/svedsko-clanky-svedsko-vlakem-04-696x464.jpg 696w, https:\/\/loudavymkrokem.cz\/wp-content\/uploads\/2026\/07\/svedsko-clanky-svedsko-vlakem-04-1392x928.jpg 1392w\" sizes=\"(max-width: 1800px) 100vw, 1800px\" \/><button\n\t\t\tclass=\"lightbox-trigger\"\n\t\t\ttype=\"button\"\n\t\t\taria-haspopup=\"dialog\"\n\t\t\tdata-wp-bind--aria-label=\"state.thisImage.triggerButtonAriaLabel\"\n\t\t\tdata-wp-init=\"callbacks.initTriggerButton\"\n\t\t\tdata-wp-on--click=\"actions.showLightbox\"\n\t\t\tdata-wp-style--right=\"state.thisImage.buttonRight\"\n\t\t\tdata-wp-style--top=\"state.thisImage.buttonTop\"\n\t\t>\n\t\t\t<svg xmlns=\"http:\/\/www.w3.org\/2000\/svg\" width=\"12\" height=\"12\" fill=\"none\" viewBox=\"0 0 12 12\">\n\t\t\t\t<path fill=\"#fff\" d=\"M2 0a2 2 0 0 0-2 2v2h1.5V2a.5.5 0 0 1 .5-.5h2V0H2Zm2 10.5H2a.5.5 0 0 1-.5-.5V8H0v2a2 2 0 0 0 2 2h2v-1.5ZM8 12v-1.5h2a.5.5 0 0 0 .5-.5V8H12v2a2 2 0 0 1-2 2H8Zm2-12a2 2 0 0 1 2 2v2h-1.5V2a.5.5 0 0 0-.5-.5H8V0h2Z\" \/>\n\t\t\t<\/svg>\n\t\t<\/button><figcaption class=\"wp-element-caption\">Foto: Vladimir Srajber \/ Pexels<\/figcaption><\/figure>\n\n\n\n<h3 class=\"wp-block-heading\"><span class=\"ez-toc-section\" id=\"2_Ki_is_uzemelteti_itt_a_vonatokat_az_SJ_es_a_regionalis_tarsasagok\"><\/span>2. Ki is \u00fczemelteti itt a vonatokat (az SJ \u00e9s a region\u00e1lis t\u00e1rsas\u00e1gok)<span class=\"ez-toc-section-end\"><\/span><\/h3>\n\n\n\n<p class=\"wp-block-paragraph\">A sv\u00e9d s\u00edneken nincs monop\u00f3lium, egyszerre t\u00f6bb k\u00fcl\u00f6nb\u00f6z\u0151 t\u00e1rsas\u00e1g is k\u00f6zlekedik. A f\u0151 \u00e9s legnagyobb nemzeti szolg\u00e1ltat\u00f3 az SJ (Statens J\u00e4rnv\u00e4gar), amely <strong>a kulcsfontoss\u00e1g\u00fa t\u00e1vols\u00e1gi \u00fatvonalakat \u00e9s a nagysebess\u00e9g\u0171 j\u00e1ratokat<\/strong> \u00fczemelteti. Ha nagyv\u00e1rosok k\u00f6z\u00f6tt utazol, vagy \u00e9szaknak tartasz, legnagyobb val\u00f3sz\u00edn\u0171s\u00e9ggel \u00e9pp vel\u00fck fogsz menni.<\/p>\n\n\n\n<p class=\"wp-block-paragraph\">Az SJ mellett azonban er\u0151s region\u00e1lis szolg\u00e1ltat\u00f3k is vannak, amelyek az egyes r\u00e9gi\u00f3k k\u00f6zleked\u00e9s\u00e9t uralj\u00e1k. Az orsz\u00e1g d\u00e9li r\u00e9sz\u00e9n, Malm\u00f6 k\u00f6rny\u00e9k\u00e9n a Sk\u00e5netrafiken az \u00far, G\u00f6teborg k\u00f6rny\u00e9k\u00e9n a V\u00e4sttrafik k\u00f6zlekedik, Stockholm t\u00e1gabb k\u00f6rny\u00e9k\u00e9t pedig az SL fedi le. <strong>E rendszerek k\u00f6z\u00f6tt k\u00fcl\u00f6nb\u00f6z\u0151 jegyek \u00e9rv\u00e9nyesek<\/strong>, \u00e9s rendk\u00edv\u00fcl fontos tudni, \u00e9ppen melyik vonatra sz\u00e1llsz fel. Az aranyszab\u00e1ly viszont az, hogy az SJ keres\u0151j\u00e9n kereszt\u00fcl szinte mindenre vehetsz jegyet.<\/p>\n\n\n\n<p class=\"wp-block-paragraph\">Egy r\u00e9gi\u00f3n bel\u00fcli mozg\u00e1shoz viszont mindig \u00e9rdemes let\u00f6lteni az adott szolg\u00e1ltat\u00f3 helyi applik\u00e1ci\u00f3j\u00e1t. Ebben ugyanis nemcsak a vonatokat tal\u00e1lod meg, hanem r\u00f6gt\u00f6n a csatlakoz\u00f3 buszokat, villamosokat vagy kompokat is. A sv\u00e9d t\u00f6megk\u00f6zleked\u00e9s meglep\u0151en g\u00f6rd\u00fcl\u00e9kenyen m\u0171k\u00f6dik, \u00edgy egyetlen jeggyel gyakran \u00e1tm\u00e9sz vonattal a kik\u00f6t\u0151ig, majd haj\u00f3val eg\u00e9szen a szigetig.<\/p>\n\n\n\n<p class=\"wp-block-paragraph\">A 2026-os \u00e9v egyik meghat\u00e1roz\u00f3 esem\u00e9nye r\u00e1ad\u00e1sul a t\u00f6megk\u00f6zleked\u00e9s orsz\u00e1gos \u00e1llami t\u00e1mogat\u00e1sa. A korm\u00e1ny \u00fagy d\u00f6nt\u00f6tt, jelent\u0151sen t\u00e1mogatja a k\u00f6z\u00f6ss\u00e9gi k\u00f6zleked\u00e9st, \u00e9s <strong>j\u00faliust\u00f3l az \u00e9v v\u00e9g\u00e9ig fel\u00e9re cs\u00f6kkentette a harmincnapos b\u00e9rletek \u00e1r\u00e1t<\/strong>. A gyakorlatban ez azt jelenti, hogy a havi b\u00e9rlet nagyon gyakran m\u00e1r egy n\u00e9h\u00e1ny napos v\u00e1rosl\u00e1togat\u00e1sn\u00e1l is meg\u00e9ri.<\/p>\n\n\n\n<p class=\"wp-block-paragraph\">\ud83d\udca1 Tipp: A kedvezm\u00e9nyes stockholmi havi b\u00e9rlet (SL) 2026 m\u00e1sodik fel\u00e9ben csak 530 SEK (kb. 17 600 Ft). Ha \u00f6t vagy ann\u00e1l t\u00f6bb napot tervezel a v\u00e1rosban, mindenk\u00e9pp szerezd be, rengeteg p\u00e9nzt sp\u00f3rolsz vele az egyes jegyekhez k\u00e9pest.<\/p>\n\n\n\n<figure data-wp-context=\"{&quot;imageId&quot;:&quot;6a9b0aa6aca66&quot;}\" data-wp-interactive=\"core\/image\" data-wp-key=\"6a9b0aa6aca66\" class=\"wp-block-image size-full wp-lightbox-container\"><img decoding=\"async\" width=\"1800\" height=\"1268\" data-wp-class--hide=\"state.isContentHidden\" data-wp-class--show=\"state.isContentVisible\" data-wp-init=\"callbacks.setButtonStyles\" data-wp-on--click=\"actions.showLightbox\" data-wp-on--load=\"callbacks.setButtonStyles\" data-wp-on--pointerdown=\"actions.preloadImage\" data-wp-on--pointerenter=\"actions.preloadImageWithDelay\" data-wp-on--pointerleave=\"actions.cancelPreload\" data-wp-on-window--resize=\"callbacks.setButtonStyles\" src=\"https:\/\/loudavymkrokem.cz\/wp-content\/uploads\/2026\/07\/svedsko-clanky-svedsko-vlakem-05.jpg\" alt=\"Jegyv\u00e1s\u00e1rl\u00e1s az applik\u00e1ci\u00f3n kereszt\u00fcl\" class=\"wp-image-351443\" title=\"\" srcset=\"https:\/\/loudavymkrokem.cz\/wp-content\/uploads\/2026\/07\/svedsko-clanky-svedsko-vlakem-05.jpg 1800w, https:\/\/loudavymkrokem.cz\/wp-content\/uploads\/2026\/07\/svedsko-clanky-svedsko-vlakem-05-300x211.jpg 300w, https:\/\/loudavymkrokem.cz\/wp-content\/uploads\/2026\/07\/svedsko-clanky-svedsko-vlakem-05-700x493.jpg 700w, https:\/\/loudavymkrokem.cz\/wp-content\/uploads\/2026\/07\/svedsko-clanky-svedsko-vlakem-05-768x541.jpg 768w, https:\/\/loudavymkrokem.cz\/wp-content\/uploads\/2026\/07\/svedsko-clanky-svedsko-vlakem-05-1536x1082.jpg 1536w, https:\/\/loudavymkrokem.cz\/wp-content\/uploads\/2026\/07\/svedsko-clanky-svedsko-vlakem-05-696x490.jpg 696w, https:\/\/loudavymkrokem.cz\/wp-content\/uploads\/2026\/07\/svedsko-clanky-svedsko-vlakem-05-1392x981.jpg 1392w\" sizes=\"(max-width: 1800px) 100vw, 1800px\" \/><button\n\t\t\tclass=\"lightbox-trigger\"\n\t\t\ttype=\"button\"\n\t\t\taria-haspopup=\"dialog\"\n\t\t\tdata-wp-bind--aria-label=\"state.thisImage.triggerButtonAriaLabel\"\n\t\t\tdata-wp-init=\"callbacks.initTriggerButton\"\n\t\t\tdata-wp-on--click=\"actions.showLightbox\"\n\t\t\tdata-wp-style--right=\"state.thisImage.buttonRight\"\n\t\t\tdata-wp-style--top=\"state.thisImage.buttonTop\"\n\t\t>\n\t\t\t<svg xmlns=\"http:\/\/www.w3.org\/2000\/svg\" width=\"12\" height=\"12\" fill=\"none\" viewBox=\"0 0 12 12\">\n\t\t\t\t<path fill=\"#fff\" d=\"M2 0a2 2 0 0 0-2 2v2h1.5V2a.5.5 0 0 1 .5-.5h2V0H2Zm2 10.5H2a.5.5 0 0 1-.5-.5V8H0v2a2 2 0 0 0 2 2h2v-1.5ZM8 12v-1.5h2a.5.5 0 0 0 .5-.5V8H12v2a2 2 0 0 1-2 2H8Zm2-12a2 2 0 0 1 2 2v2h-1.5V2a.5.5 0 0 0-.5-.5H8V0h2Z\" \/>\n\t\t\t<\/svg>\n\t\t<\/button><figcaption class=\"wp-element-caption\">Foto: Torsten Dettlaff \/ Pexels<\/figcaption><\/figure>\n\n\n\n<h3 class=\"wp-block-heading\"><span class=\"ez-toc-section\" id=\"3_Mikor_es_hogyan_vegyel_jegyet_az_SJ_appja_a_kulcs\"><\/span>3. Mikor \u00e9s hogyan vegy\u00e9l jegyet (az SJ appja a kulcs)<span class=\"ez-toc-section-end\"><\/span><\/h3>\n\n\n\n<p class=\"wp-block-paragraph\">Felejtsd el az itthonr\u00f3l ismert fix kilom\u00e9teres tarif\u00e1kat. A sv\u00e9d \u00e1llamvasutak hajsz\u00e1lpontosan \u00fagy m\u0171k\u00f6dnek, mint a l\u00e9git\u00e1rsas\u00e1gok, \u00e9s <strong>szigor\u00faan dinamikus \u00e1raz\u00e1st alkalmaznak<\/strong>. Ez azt jelenti, hogy min\u00e9l k\u00f6zelebb van az indul\u00e1s d\u00e1tuma, \u00e9s min\u00e9l teltebb az adott kocsi, ann\u00e1l meredekebben sz\u00e1ll felfel\u00e9 a jegy \u00e1ra.<\/p>\n\n\n\n<p class=\"wp-block-paragraph\">Ha t\u00edz perccel a g\u00f6teborgi gyorsvonat indul\u00e1sa el\u0151tt \u00e9rkezel a p\u00e1lyaudvarra, nyugodtan fizetheted az eredeti \u00f6sszeg h\u00e1romszoros\u00e1t. <strong>A jegyek \u00e1ltal\u00e1ban kilencven nappal kor\u00e1bban ker\u00fclnek \u00e1rus\u00edt\u00e1sra<\/strong>, \u00e9s \u00e9pp ekkor tudod elcs\u00edpni a legolcs\u00f3bbakat (gyakran m\u00e1r 250 SEK-t\u00f3l). Mag\u00e1hoz a v\u00e1s\u00e1rl\u00e1shoz felt\u00e9tlen\u00fcl t\u00f6ltsd le a telefonodra az <a href=\"https:\/\/www.sj.se\" target=\"_blank\" rel=\"nofollow noopener\">SJ hivatalos applik\u00e1ci\u00f3j\u00e1t<\/a>, amely \u00e1tl\u00e1that\u00f3, angol nyelv\u0171, \u00e9s sz\u00e9pen egy helyen tartja az \u00f6sszes QR-k\u00f3dodat.<\/p>\n\n\n\n<p class=\"wp-block-paragraph\">Az applik\u00e1ci\u00f3n vagy weben t\u00f6rt\u00e9n\u0151 v\u00e1s\u00e1rl\u00e1sn\u00e1l nagyon figyelj a valutakonverzi\u00f3ra. A rendszer n\u00e9ha felaj\u00e1nlja, hogy r\u00f6gt\u00f6n forintban fizess (ez az \u00fagynevezett DCC), ez azonban mindig h\u00e1tr\u00e1nyos. <strong>Mindig sv\u00e9d koron\u00e1ban (SEK) fizess<\/strong>, \u00e9s b\u00edzd a konverzi\u00f3t a bankodra vagy a Revolut k\u00e1rty\u00e1dra, ezzel nem elhanyagolhat\u00f3 sz\u00e1zal\u00e9kokat sp\u00f3rolsz a v\u00e9g\u00f6sszegen.<\/p>\n\n\n\n<p class=\"wp-block-paragraph\">Fontos azt is tudni, hogy az SJ h\u00e1romf\u00e9le rugalmass\u00e1g\u00fa jegyet k\u00edn\u00e1l. A legolcs\u00f3bb \u201eNon-rebookable&#8221; elv\u00e9sz, ha nem sz\u00e1llsz fel a vonatra. A k\u00f6z\u00e9ps\u0151 \u201eRebookable&#8221; lehet\u0151v\u00e9 teszi az utaz\u00e1s d\u00e1tum\u00e1nak vagy id\u0151pontj\u00e1nak m\u00f3dos\u00edt\u00e1s\u00e1t, de a p\u00e9nzt csak a k\u00f6vetkez\u0151 v\u00e1s\u00e1rl\u00e1sra lev\u00e1s\u00e1rolhat\u00f3 kredit form\u00e1j\u00e1ban kapod vissza. <strong>A legdr\u00e1g\u00e1bb \u201eRefundable&#8221; v\u00e1ltozatot lemondhatod<\/strong>, \u00e9s a p\u00e9nzed egyenesen visszaker\u00fcl a sz\u00e1ml\u00e1dra.<\/p>\n\n\n\n<p class=\"wp-block-paragraph\">\ud83d\udca1 Tipp: Ha csoportosan vagy a csal\u00e1ddal utazol, mindig egy\u00fctt, egy tranzakci\u00f3ban vedd meg a jegyeket. Az SJ rendszere automatikusan alkalmazza a csoportos kedvezm\u00e9nyeket, amelyek ak\u00e1r 15%-kal is lenyomhatj\u00e1k a v\u00e9g\u00f6sszeget.<\/p>\n\n\n\n<figure data-wp-context=\"{&quot;imageId&quot;:&quot;6a9b0aa6ad2aa&quot;}\" data-wp-interactive=\"core\/image\" data-wp-key=\"6a9b0aa6ad2aa\" class=\"wp-block-image size-full wp-lightbox-container\"><img decoding=\"async\" width=\"1800\" height=\"1159\" data-wp-class--hide=\"state.isContentHidden\" data-wp-class--show=\"state.isContentVisible\" data-wp-init=\"callbacks.setButtonStyles\" data-wp-on--click=\"actions.showLightbox\" data-wp-on--load=\"callbacks.setButtonStyles\" data-wp-on--pointerdown=\"actions.preloadImage\" data-wp-on--pointerenter=\"actions.preloadImageWithDelay\" data-wp-on--pointerleave=\"actions.cancelPreload\" data-wp-on-window--resize=\"callbacks.setButtonStyles\" src=\"https:\/\/loudavymkrokem.cz\/wp-content\/uploads\/2026\/07\/svedsko-clanky-svedsko-vlakem-06.jpg\" alt=\"Vonatbels\u0151 helyjegyekkel\" class=\"wp-image-351449\" title=\"\" srcset=\"https:\/\/loudavymkrokem.cz\/wp-content\/uploads\/2026\/07\/svedsko-clanky-svedsko-vlakem-06.jpg 1800w, https:\/\/loudavymkrokem.cz\/wp-content\/uploads\/2026\/07\/svedsko-clanky-svedsko-vlakem-06-300x193.jpg 300w, https:\/\/loudavymkrokem.cz\/wp-content\/uploads\/2026\/07\/svedsko-clanky-svedsko-vlakem-06-700x451.jpg 700w, https:\/\/loudavymkrokem.cz\/wp-content\/uploads\/2026\/07\/svedsko-clanky-svedsko-vlakem-06-768x495.jpg 768w, https:\/\/loudavymkrokem.cz\/wp-content\/uploads\/2026\/07\/svedsko-clanky-svedsko-vlakem-06-1536x989.jpg 1536w, https:\/\/loudavymkrokem.cz\/wp-content\/uploads\/2026\/07\/svedsko-clanky-svedsko-vlakem-06-696x448.jpg 696w, https:\/\/loudavymkrokem.cz\/wp-content\/uploads\/2026\/07\/svedsko-clanky-svedsko-vlakem-06-1392x896.jpg 1392w\" sizes=\"(max-width: 1800px) 100vw, 1800px\" \/><button\n\t\t\tclass=\"lightbox-trigger\"\n\t\t\ttype=\"button\"\n\t\t\taria-haspopup=\"dialog\"\n\t\t\tdata-wp-bind--aria-label=\"state.thisImage.triggerButtonAriaLabel\"\n\t\t\tdata-wp-init=\"callbacks.initTriggerButton\"\n\t\t\tdata-wp-on--click=\"actions.showLightbox\"\n\t\t\tdata-wp-style--right=\"state.thisImage.buttonRight\"\n\t\t\tdata-wp-style--top=\"state.thisImage.buttonTop\"\n\t\t>\n\t\t\t<svg xmlns=\"http:\/\/www.w3.org\/2000\/svg\" width=\"12\" height=\"12\" fill=\"none\" viewBox=\"0 0 12 12\">\n\t\t\t\t<path fill=\"#fff\" d=\"M2 0a2 2 0 0 0-2 2v2h1.5V2a.5.5 0 0 1 .5-.5h2V0H2Zm2 10.5H2a.5.5 0 0 1-.5-.5V8H0v2a2 2 0 0 0 2 2h2v-1.5ZM8 12v-1.5h2a.5.5 0 0 0 .5-.5V8H12v2a2 2 0 0 1-2 2H8Zm2-12a2 2 0 0 1 2 2v2h-1.5V2a.5.5 0 0 0-.5-.5H8V0h2Z\" \/>\n\t\t\t<\/svg>\n\t\t<\/button><figcaption class=\"wp-element-caption\">Foto: Magda Ehlers \/ Pexels<\/figcaption><\/figure>\n\n\n\n<h3 class=\"wp-block-heading\"><span class=\"ez-toc-section\" id=\"4_Kocsiosztalyok_helyjegyek_es_mi_minden_van_benne_az_arban\"><\/span>4. Kocsioszt\u00e1lyok, helyjegyek \u00e9s mi minden van benne az \u00e1rban<span class=\"ez-toc-section-end\"><\/span><\/h3>\n\n\n\n<p class=\"wp-block-paragraph\">A sv\u00e9d vonatokon t\u00f6bbnyire a klasszikus m\u00e1sodoszt\u00e1ly \u00e9s a pr\u00e9mium els\u0151oszt\u00e1ly k\u00f6z\u00f6tt v\u00e1laszthatsz. A m\u00e1sodoszt\u00e1ly \u0151szint\u00e9n sz\u00f3lva k\u00e9nyelmesebb, mint b\u00e1rmi Eur\u00f3p\u00e1ban: az \u00fcl\u00e9sek sz\u00e9lesek, a kocsik csendesek, a l\u00e1bt\u00e9r pedig val\u00f3ban l\u00e9tezik. <strong>A nagysebess\u00e9g\u0171 X2000 \u00e9s X3000 j\u00e1ratokn\u00e1l a helyjegy mindig k\u00f6telez\u0151en benne van az \u00e1rban<\/strong>, \u00edgy biztos lehetsz a saj\u00e1t \u00fcl\u0151helyedben, \u00e9s nem kell att\u00f3l tartanod, hogy a folyos\u00f3n \u00e1llsz.<\/p>\n\n\n\n<p class=\"wp-block-paragraph\">Ha fel\u00e1rat fizetsz az els\u0151oszt\u00e1ly\u00e9rt, m\u00e9g t\u00f6bb szem\u00e9lyes teret \u00e9s csendesebb k\u00f6rnyezetet kapsz. Az els\u0151oszt\u00e1ly\u00fa utasoknak <strong>ingyenes hozz\u00e1f\u00e9r\u00e9s\u00fck van forr\u00f3 k\u00e1v\u00e9hoz, te\u00e1hoz \u00e9s apr\u00f3 gy\u00fcm\u00f6lcsh\u00f6z<\/strong> az eg\u00e9sz \u00fat sor\u00e1n. A kilenc \u00f3ra el\u0151tt indul\u00f3 reggeli j\u00e1ratokn\u00e1l r\u00e1ad\u00e1sul egy becsomagolt reggeli v\u00e1r r\u00e1d az \u00fcl\u00e9sen, ami val\u00f3s\u00e1gos kellemes ritu\u00e1l\u00e9v\u00e1 teszi a reggeli utaz\u00e1st.<\/p>\n\n\n\n<p class=\"wp-block-paragraph\">A poggy\u00e1szpolitika Sv\u00e9dorsz\u00e1gban meglehet\u0151sen megenged\u0151. Nincsenek szigor\u00fa s\u00falyhat\u00e1rok, mint a rep\u00fcl\u0151n, de van egy \u00edratlan szab\u00e1ly. <strong>Minden poggy\u00e1szodat magadnak kell tudnod cipelni<\/strong>, \u00e9s biztons\u00e1gosan elhelyezni az \u00fcl\u00e9sek feletti polcokon vagy a kocsik v\u00e9g\u00e9n l\u00e9v\u0151 tart\u00f3kban. A gyorsvonatokon a nagy b\u0151r\u00f6nd\u00f6k helye n\u00e9ha korl\u00e1tozott, \u00fagyhogy jobb az els\u0151k k\u00f6z\u00f6tt felsz\u00e1llni.<\/p>\n\n\n\n<p class=\"wp-block-paragraph\">Egyes SJ-kocsik k\u00fcl\u00f6nleges r\u00e9szlegeket is k\u00edn\u00e1lnak. Az eml\u00edtett csendes z\u00f3n\u00e1n k\u00edv\u00fcl v\u00e1laszthatsz n\u00e9gyf\u0151s, asztalos helyeket is, ami ide\u00e1lis csal\u00e1doknak vagy egy bar\u00e1ti t\u00e1rsas\u00e1gnak. A <strong>230V-os konnektor \u00e9s a megb\u00edzhat\u00f3 wifi<\/strong> ma m\u00e1r abszol\u00fat alapfelszerelts\u00e9g mindk\u00e9t oszt\u00e1lyon, az \u00f6sszes t\u00e1vols\u00e1gi j\u00e1raton.<\/p>\n\n\n\n<p class=\"wp-block-paragraph\">\ud83d\udca1 Tipp: Ha X2000 gyorsvonaton nagy, neh\u00e9z b\u0151r\u00f6nddel utazol, a foglal\u00e1skor v\u00e1lassz a kocsi bej\u00e1rat\u00e1hoz k\u00f6zeli \u00fcl\u00e9st. \u00cdgy elker\u00fcl\u00f6d a keskeny folyos\u00f3n val\u00f3 bonyolult \u00e1tverg\u0151d\u00e9st.<\/p>\n\n\n\n<figure data-wp-context=\"{&quot;imageId&quot;:&quot;6a9b0aa6ada0a&quot;}\" data-wp-interactive=\"core\/image\" data-wp-key=\"6a9b0aa6ada0a\" class=\"wp-block-image size-full wp-lightbox-container\"><img decoding=\"async\" width=\"1800\" height=\"1200\" data-wp-class--hide=\"state.isContentHidden\" data-wp-class--show=\"state.isContentVisible\" data-wp-init=\"callbacks.setButtonStyles\" data-wp-on--click=\"actions.showLightbox\" data-wp-on--load=\"callbacks.setButtonStyles\" data-wp-on--pointerdown=\"actions.preloadImage\" data-wp-on--pointerenter=\"actions.preloadImageWithDelay\" data-wp-on--pointerleave=\"actions.cancelPreload\" data-wp-on-window--resize=\"callbacks.setButtonStyles\" src=\"https:\/\/loudavymkrokem.cz\/wp-content\/uploads\/2026\/07\/svedsko-clanky-svedsko-vlakem-07.jpg\" alt=\"Az \u00e9jszakai vonat h\u00e1l\u00f3kocsija\" class=\"wp-image-351454\" title=\"\" srcset=\"https:\/\/loudavymkrokem.cz\/wp-content\/uploads\/2026\/07\/svedsko-clanky-svedsko-vlakem-07.jpg 1800w, https:\/\/loudavymkrokem.cz\/wp-content\/uploads\/2026\/07\/svedsko-clanky-svedsko-vlakem-07-300x200.jpg 300w, https:\/\/loudavymkrokem.cz\/wp-content\/uploads\/2026\/07\/svedsko-clanky-svedsko-vlakem-07-700x467.jpg 700w, https:\/\/loudavymkrokem.cz\/wp-content\/uploads\/2026\/07\/svedsko-clanky-svedsko-vlakem-07-768x512.jpg 768w, https:\/\/loudavymkrokem.cz\/wp-content\/uploads\/2026\/07\/svedsko-clanky-svedsko-vlakem-07-1536x1024.jpg 1536w, https:\/\/loudavymkrokem.cz\/wp-content\/uploads\/2026\/07\/svedsko-clanky-svedsko-vlakem-07-696x464.jpg 696w, https:\/\/loudavymkrokem.cz\/wp-content\/uploads\/2026\/07\/svedsko-clanky-svedsko-vlakem-07-1392x928.jpg 1392w\" sizes=\"(max-width: 1800px) 100vw, 1800px\" \/><button\n\t\t\tclass=\"lightbox-trigger\"\n\t\t\ttype=\"button\"\n\t\t\taria-haspopup=\"dialog\"\n\t\t\tdata-wp-bind--aria-label=\"state.thisImage.triggerButtonAriaLabel\"\n\t\t\tdata-wp-init=\"callbacks.initTriggerButton\"\n\t\t\tdata-wp-on--click=\"actions.showLightbox\"\n\t\t\tdata-wp-style--right=\"state.thisImage.buttonRight\"\n\t\t\tdata-wp-style--top=\"state.thisImage.buttonTop\"\n\t\t>\n\t\t\t<svg xmlns=\"http:\/\/www.w3.org\/2000\/svg\" width=\"12\" height=\"12\" fill=\"none\" viewBox=\"0 0 12 12\">\n\t\t\t\t<path fill=\"#fff\" d=\"M2 0a2 2 0 0 0-2 2v2h1.5V2a.5.5 0 0 1 .5-.5h2V0H2Zm2 10.5H2a.5.5 0 0 1-.5-.5V8H0v2a2 2 0 0 0 2 2h2v-1.5ZM8 12v-1.5h2a.5.5 0 0 0 .5-.5V8H12v2a2 2 0 0 1-2 2H8Zm2-12a2 2 0 0 1 2 2v2h-1.5V2a.5.5 0 0 0-.5-.5H8V0h2Z\" \/>\n\t\t\t<\/svg>\n\t\t<\/button><figcaption class=\"wp-element-caption\">Foto: Pew Nguyen \/ Pexels<\/figcaption><\/figure>\n\n\n\n<h3 class=\"wp-block-heading\"><span class=\"ez-toc-section\" id=\"5_Ut_Magyarorszagrol_ejszakai_osszekottetes_Nemetorszagon_es_Danian_at\"><\/span>5. \u00dat Magyarorsz\u00e1gr\u00f3l: \u00e9jszakai \u00f6sszek\u00f6ttet\u00e9s N\u00e9metorsz\u00e1gon \u00e9s D\u00e1ni\u00e1n \u00e1t<span class=\"ez-toc-section-end\"><\/span><\/h3>\n\n\n\n<p class=\"wp-block-paragraph\">Sv\u00e9dorsz\u00e1gba Magyarorsz\u00e1gr\u00f3l meglep\u0151en g\u00f6rd\u00fcl\u00e9kenyen el lehet jutni vonattal, csak hosszabb menetid\u0151vel kell sz\u00e1molni. A hagyom\u00e1nyos \u00fatvonal Drezd\u00e1n, Berlinen \u00e9s Hamburgon \u00e1t vezet tov\u00e1bb Koppenh\u00e1g\u00e1ba. A 2026-os \u00e9v azonban meglehet\u0151sen nagy v\u00e1ltoz\u00e1sokat hozott a nemzetk\u00f6zi menetrendekbe, mert <strong>az \u00e1llami SJ megsz\u00fcntette \u00e9jszakai vonat\u00e1nak t\u00e1mogatott \u00fczemeltet\u00e9s\u00e9t<\/strong> (EuroNight).<\/p>\n\n\n\n<p class=\"wp-block-paragraph\">Szerencs\u00e9re a vonalat 2026 szeptember\u00e9t\u0151l kereskedelmi alapon \u00e1tvette a n\u00e9met RDC t\u00e1rsas\u00e1g, b\u00e1r csak heti h\u00e1romszor k\u00f6zlekedik. A magyar utaz\u00f3k sz\u00e1m\u00e1ra azonban sokkal jobb alternat\u00edva k\u00edn\u00e1lkozik a <a href=\"https:\/\/www.snalltaget.se\" target=\"_blank\" rel=\"nofollow noopener\">mag\u00e1n Sn\u00e4llt\u00e5get \u00e9jszakai vonat<\/a> form\u00e1j\u00e1ban. Ez ugyanis <strong>2026 augusztus\u00e1t\u00f3l december\u00e9ig vas\u00e1rnaponk\u00e9nt m\u00e1r egyenesen Drezd\u00e1b\u00f3l indul<\/strong>. El\u00e9g teh\u00e1t Budapesten felsz\u00e1llni egy sima nemzetk\u00f6zi vonatra, Drezd\u00e1ban \u00e1tsz\u00e1llni a h\u00e1l\u00f3kocsira, reggel pedig frissen \u00e9bredsz egyenesen Stockholmban.<\/p>\n\n\n\n<p class=\"wp-block-paragraph\">A Sn\u00e4llt\u00e5get jegyei nagyj\u00e1b\u00f3l 499 SEK-t\u00f3l (kb. 16 600 Ft) indulnak egy \u00fcl\u0151hely\u00e9rt. A tizen\u00f6t \u00f3r\u00e1s \u00e9jszakai \u00e1tkel\u00e9shez azonban melegen aj\u00e1nlom, hogy fizess r\u00e1 egy fekv\u0151helyre. <strong>A vonaton klasszikus hatszem\u00e9lyes f\u00fclk\u00e9k<\/strong> vannak, amelyek nappalra k\u00e9nyelmes \u00fcl\u00e9sekk\u00e9 alak\u00edthat\u00f3k. Ha csal\u00e1dk\u00e9nt utazol, egyben kib\u00e9relhetsz egy eg\u00e9sz f\u00fclk\u00e9t magatoknak, ez \u00e9ri meg \u00e1rban a legjobban.<\/p>\n\n\n\n<p class=\"wp-block-paragraph\">A j\u00f6v\u0151ben az Eur\u00f3p\u00e1b\u00f3l Sv\u00e9dorsz\u00e1gba tart\u00f3 utaz\u00e1s m\u00e9g jelent\u0151sen fel fog gyorsulni. Jelenleg ugyanis \u00e9p\u00fcl az \u00f3ri\u00e1si Fehmarnbelt v\u00edz alatti alag\u00fat N\u00e9metorsz\u00e1g \u00e9s D\u00e1nia k\u00f6z\u00f6tt. Amint elk\u00e9sz\u00fcl, <strong>a Hamburg\u2013Koppenh\u00e1ga \u00fat t\u00f6bb \u00f3r\u00e1val ler\u00f6vid\u00fcl<\/strong>, ami az \u00e9szakra tart\u00f3 vonatoz\u00e1st a rep\u00fcl\u00e9s m\u00e9g vonz\u00f3bb alternat\u00edv\u00e1j\u00e1v\u00e1 teszi.<\/p>\n\n\n\n<p class=\"wp-block-paragraph\">\ud83d\udca1 Tipp: A Sn\u00e4llt\u00e5get vonatain a \u00e9tkez\u0151kocsi kapacit\u00e1sa er\u0151sen korl\u00e1tozott. Az \u00e9telt el\u0151re online kell lefoglalnod, k\u00fcl\u00f6nben el\u0151fordulhat, hogy nem marad hely sz\u00e1modra, \u00e9s csak az apr\u00f3 harapnival\u00f3kra leszel utalva.<\/p>\n\n\n\n<figure data-wp-context=\"{&quot;imageId&quot;:&quot;6a9b0aa6ae0e7&quot;}\" data-wp-interactive=\"core\/image\" data-wp-key=\"6a9b0aa6ae0e7\" class=\"wp-block-image size-full wp-lightbox-container\"><img decoding=\"async\" width=\"1800\" height=\"1200\" data-wp-class--hide=\"state.isContentHidden\" data-wp-class--show=\"state.isContentVisible\" data-wp-init=\"callbacks.setButtonStyles\" data-wp-on--click=\"actions.showLightbox\" data-wp-on--load=\"callbacks.setButtonStyles\" data-wp-on--pointerdown=\"actions.preloadImage\" data-wp-on--pointerenter=\"actions.preloadImageWithDelay\" data-wp-on--pointerleave=\"actions.cancelPreload\" data-wp-on-window--resize=\"callbacks.setButtonStyles\" src=\"https:\/\/loudavymkrokem.cz\/wp-content\/uploads\/2026\/07\/svedsko-clanky-svedsko-vlakem-08.jpg\" alt=\"Az Arlanda Express rept\u00e9ri expresszvonat\" class=\"wp-image-351459\" title=\"\" srcset=\"https:\/\/loudavymkrokem.cz\/wp-content\/uploads\/2026\/07\/svedsko-clanky-svedsko-vlakem-08.jpg 1800w, https:\/\/loudavymkrokem.cz\/wp-content\/uploads\/2026\/07\/svedsko-clanky-svedsko-vlakem-08-300x200.jpg 300w, https:\/\/loudavymkrokem.cz\/wp-content\/uploads\/2026\/07\/svedsko-clanky-svedsko-vlakem-08-700x467.jpg 700w, https:\/\/loudavymkrokem.cz\/wp-content\/uploads\/2026\/07\/svedsko-clanky-svedsko-vlakem-08-768x512.jpg 768w, https:\/\/loudavymkrokem.cz\/wp-content\/uploads\/2026\/07\/svedsko-clanky-svedsko-vlakem-08-1536x1024.jpg 1536w, https:\/\/loudavymkrokem.cz\/wp-content\/uploads\/2026\/07\/svedsko-clanky-svedsko-vlakem-08-696x464.jpg 696w, https:\/\/loudavymkrokem.cz\/wp-content\/uploads\/2026\/07\/svedsko-clanky-svedsko-vlakem-08-1392x928.jpg 1392w\" sizes=\"(max-width: 1800px) 100vw, 1800px\" \/><button\n\t\t\tclass=\"lightbox-trigger\"\n\t\t\ttype=\"button\"\n\t\t\taria-haspopup=\"dialog\"\n\t\t\tdata-wp-bind--aria-label=\"state.thisImage.triggerButtonAriaLabel\"\n\t\t\tdata-wp-init=\"callbacks.initTriggerButton\"\n\t\t\tdata-wp-on--click=\"actions.showLightbox\"\n\t\t\tdata-wp-style--right=\"state.thisImage.buttonRight\"\n\t\t\tdata-wp-style--top=\"state.thisImage.buttonTop\"\n\t\t>\n\t\t\t<svg xmlns=\"http:\/\/www.w3.org\/2000\/svg\" width=\"12\" height=\"12\" fill=\"none\" viewBox=\"0 0 12 12\">\n\t\t\t\t<path fill=\"#fff\" d=\"M2 0a2 2 0 0 0-2 2v2h1.5V2a.5.5 0 0 1 .5-.5h2V0H2Zm2 10.5H2a.5.5 0 0 1-.5-.5V8H0v2a2 2 0 0 0 2 2h2v-1.5ZM8 12v-1.5h2a.5.5 0 0 0 .5-.5V8H12v2a2 2 0 0 1-2 2H8Zm2-12a2 2 0 0 1 2 2v2h-1.5V2a.5.5 0 0 0-.5-.5H8V0h2Z\" \/>\n\t\t\t<\/svg>\n\t\t<\/button><figcaption class=\"wp-element-caption\">Foto: wltmauc \/ Wikimedia Commons, CC BY-SA 4.0<\/figcaption><\/figure>\n\n\n\n<h3 class=\"wp-block-heading\"><span class=\"ez-toc-section\" id=\"6_Az_Arlanda_repuloterrol_a_belvarosba_az_Arlanda_Express_nevu_csapda\"><\/span>6. Az Arlanda rep\u00fcl\u0151t\u00e9rr\u0151l a belv\u00e1rosba (az Arlanda Express nev\u0171 csapda)<span class=\"ez-toc-section-end\"><\/span><\/h3>\n\n\n\n<p class=\"wp-block-paragraph\">A legt\u00f6bb utaz\u00f3 a stockholmi f\u0151 rep\u00fcl\u0151t\u00e9ren, az Arland\u00e1n landol, \u00e9s a leggyorsabb utat keresi a f\u0151p\u00e1lyaudvarhoz. Itt minden sarkon a s\u00e1rga <a href=\"https:\/\/www.arlandaexpress.com\" target=\"_blank\" rel=\"nofollow noopener\">Arlanda Express<\/a> rekl\u00e1mjait l\u00e1tod, amely mind\u00f6ssze tizennyolc perc alatt r\u00f6p\u00edt a belv\u00e1rosba. Van azonban egy \u00f3ri\u00e1si b\u00f6kken\u0151: az egyir\u00e1ny\u00fa jegy nagyj\u00e1b\u00f3l 340 SEK-be (t\u00f6bb mint 11 300 Ft) ker\u00fcl.<\/p>\n\n\n\n<p class=\"wp-block-paragraph\">Sokkal \u00e9sszer\u0171bb alternat\u00edva a Flygbussarna rept\u00e9ri busz. T\u00edz-tizen\u00f6t percenk\u00e9nt j\u00e1r, a gyorsvonat \u00e1r\u00e1nak t\u00f6red\u00e9k\u00e9be ker\u00fcl (k\u00f6r\u00fclbel\u00fcl 130 SEK), \u00e9s az \u00fat kellemes negyven\u00f6t perc. Egy m\u00e1sik lehet\u0151s\u00e9g a <strong>Pendelt\u00e5g el\u0151v\u00e1rosi vonat 40-es vonala<\/strong>, amelyre \u00e9rv\u00e9nyes a sima stockholmi t\u00f6megk\u00f6zleked\u00e9si jegy, de fizetned kell hozz\u00e1 egy \u00fagynevezett rept\u00e9ri illet\u00e9ket a bel\u00e9ptet\u0151 kapukon val\u00f3 \u00e1thalad\u00e1s\u00e9rt (kb. 135 SEK).<\/p>\n\n\n\n<p class=\"wp-block-paragraph\">Nagyon figyelj arra, pontosan hov\u00e1 rep\u00fclsz. A fapados l\u00e9git\u00e1rsas\u00e1gok, mint a Ryanair vagy a Wizz Air ugyan id\u0151nk\u00e9nt p\u00e1r ezer forintos jegyeket k\u00edn\u00e1lnak, de gyakran a Skavsta vagy a V\u00e4ster\u00e5s rep\u00fcl\u0151t\u00e9rre visznek. <strong>Mindk\u00e9t rep\u00fcl\u0151t\u00e9r sz\u00e1z kilom\u00e9terre fekszik Stockholmt\u00f3l<\/strong>, \u00e9s a busszal a belv\u00e1rosba m\u00e1sf\u00e9l \u00f3ra az \u00fat. Fizetsz \u00e9rte tov\u00e1bbi 200 SEK-et (kb. 6 600 Ft), \u00edgy az olcs\u00f3 rep\u00fcl\u0151jegyed a v\u00e9g\u00e9n rendesen megdr\u00e1gul.<\/p>\n\n\n\n<p class=\"wp-block-paragraph\">A sv\u00e9d piac teljesen deregul\u00e1lt, \u00e9s a taxisof\u0151r\u00f6k leg\u00e1lisan annyit sz\u00e1m\u00edthatnak fel, amennyit akarnak, \u00fagyhogy mindig ellen\u0151rizd a J\u00e4mf\u00f6rpris s\u00e1rga matric\u00e1t az ablakon, \u00e9s ha a sz\u00e1m magasabb 400 SEK-n\u00e9l, ink\u00e1bb ne sz\u00e1llj be. A legbiztons\u00e1gosabb az Uber vagy a Bolt applik\u00e1ci\u00f3, ahol el\u0151re l\u00e1tod a v\u00e9g\u00f6sszeget.<\/p>\n\n\n\n<p class=\"wp-block-paragraph\">\ud83d\udca1 Tipp: Ha ketten vagy h\u00e1rman utaztok az Arlanda Express gyorsvonaton, n\u00e9zzetek ut\u00e1na a weboldalukon a csoportos kedvezm\u00e9nyeknek. H\u00e9tv\u00e9genk\u00e9nt \u00e9s \u00fcnnepnapokon gyakran k\u00edn\u00e1lnak akci\u00f3kat, amikor k\u00e9t ember egy \u00e1r\u00e1\u00e9rt utazhat.<\/p>\n\n\n\n<figure data-wp-context=\"{&quot;imageId&quot;:&quot;6a9b0aa6ae746&quot;}\" data-wp-interactive=\"core\/image\" data-wp-key=\"6a9b0aa6ae746\" class=\"wp-block-image size-full wp-lightbox-container\"><img decoding=\"async\" width=\"1800\" height=\"1184\" data-wp-class--hide=\"state.isContentHidden\" data-wp-class--show=\"state.isContentVisible\" data-wp-init=\"callbacks.setButtonStyles\" data-wp-on--click=\"actions.showLightbox\" data-wp-on--load=\"callbacks.setButtonStyles\" data-wp-on--pointerdown=\"actions.preloadImage\" data-wp-on--pointerenter=\"actions.preloadImageWithDelay\" data-wp-on--pointerleave=\"actions.cancelPreload\" data-wp-on-window--resize=\"callbacks.setButtonStyles\" src=\"https:\/\/loudavymkrokem.cz\/wp-content\/uploads\/2026\/07\/svedsko-clanky-svedsko-vlakem-09.jpg\" alt=\"\u00c9jszakai vonat a havas t\u00e1jon \u00e1t\" class=\"wp-image-351466\" title=\"\" srcset=\"https:\/\/loudavymkrokem.cz\/wp-content\/uploads\/2026\/07\/svedsko-clanky-svedsko-vlakem-09.jpg 1800w, https:\/\/loudavymkrokem.cz\/wp-content\/uploads\/2026\/07\/svedsko-clanky-svedsko-vlakem-09-300x197.jpg 300w, https:\/\/loudavymkrokem.cz\/wp-content\/uploads\/2026\/07\/svedsko-clanky-svedsko-vlakem-09-700x460.jpg 700w, https:\/\/loudavymkrokem.cz\/wp-content\/uploads\/2026\/07\/svedsko-clanky-svedsko-vlakem-09-768x505.jpg 768w, https:\/\/loudavymkrokem.cz\/wp-content\/uploads\/2026\/07\/svedsko-clanky-svedsko-vlakem-09-1536x1010.jpg 1536w, https:\/\/loudavymkrokem.cz\/wp-content\/uploads\/2026\/07\/svedsko-clanky-svedsko-vlakem-09-696x458.jpg 696w, https:\/\/loudavymkrokem.cz\/wp-content\/uploads\/2026\/07\/svedsko-clanky-svedsko-vlakem-09-1392x916.jpg 1392w\" sizes=\"(max-width: 1800px) 100vw, 1800px\" \/><button\n\t\t\tclass=\"lightbox-trigger\"\n\t\t\ttype=\"button\"\n\t\t\taria-haspopup=\"dialog\"\n\t\t\tdata-wp-bind--aria-label=\"state.thisImage.triggerButtonAriaLabel\"\n\t\t\tdata-wp-init=\"callbacks.initTriggerButton\"\n\t\t\tdata-wp-on--click=\"actions.showLightbox\"\n\t\t\tdata-wp-style--right=\"state.thisImage.buttonRight\"\n\t\t\tdata-wp-style--top=\"state.thisImage.buttonTop\"\n\t\t>\n\t\t\t<svg xmlns=\"http:\/\/www.w3.org\/2000\/svg\" width=\"12\" height=\"12\" fill=\"none\" viewBox=\"0 0 12 12\">\n\t\t\t\t<path fill=\"#fff\" d=\"M2 0a2 2 0 0 0-2 2v2h1.5V2a.5.5 0 0 1 .5-.5h2V0H2Zm2 10.5H2a.5.5 0 0 1-.5-.5V8H0v2a2 2 0 0 0 2 2h2v-1.5ZM8 12v-1.5h2a.5.5 0 0 0 .5-.5V8H12v2a2 2 0 0 1-2 2H8Zm2-12a2 2 0 0 1 2 2v2h-1.5V2a.5.5 0 0 0-.5-.5H8V0h2Z\" \/>\n\t\t\t<\/svg>\n\t\t<\/button><figcaption class=\"wp-element-caption\">Foto: midori cho \/ Pexels<\/figcaption><\/figure>\n\n\n\n<h3 class=\"wp-block-heading\"><span class=\"ez-toc-section\" id=\"7_Ejszakai_vonat_Lappfoldre_fekvohelyek_es_sarki_feny\"><\/span>7. \u00c9jszakai vonat Lappf\u00f6ldre: fekv\u0151helyek \u00e9s sarki f\u00e9ny<span class=\"ez-toc-section-end\"><\/span><\/h3>\n\n\n\n<p class=\"wp-block-paragraph\">A Stockholmb\u00f3l \u00e9szakra, Kirun\u00e1ig \u00e9s Abisk\u00f3ig tart\u00f3 \u00e9jszakai expressz \u00fatja Eur\u00f3pa legend\u00e1s vas\u00fati \u00fatvonalai k\u00f6z\u00e9 tartozik. A vonat este indul a f\u0151v\u00e1rosb\u00f3l, eg\u00e9sz \u00e9jjel a s\u00f6t\u00e9t erd\u0151k\u00f6n \u00e1t falja a kilom\u00e9tereket, m\u00e1snap d\u00e9lut\u00e1n pedig <strong>egyenesen az arktikus vadon k\u00f6zep\u00e9n tesz ki<\/strong>. Ezt az \u00fatvonalat jelenleg a VY T\u00e5g szolg\u00e1ltat\u00f3 \u00fczemelteti, de a jegyet minden gond n\u00e9lk\u00fcl megveheted az SJ port\u00e1lj\u00e1n.<\/p>\n\n\n\n<p class=\"wp-block-paragraph\">A kocsik nagyon praktikusan vannak kialak\u00edtva. V\u00e1laszthatod a legolcs\u00f3bb \u00fcl\u0151helyeket (ami egy tizen\u00f6t \u00f3r\u00e1s \u00fatra t\u00e9nyleg f\u00e1j), a megosztott hatszem\u00e9lyes fekv\u0151helyes f\u00fclk\u00e9ket, vagy a <strong>komfortos h\u00e1romszem\u00e9lyes, saj\u00e1t mosd\u00f3kagyl\u00f3s h\u00e1l\u00f3f\u00fclk\u00e9ket<\/strong>. A vonaton term\u00e9szetesen van \u00e9tkez\u0151kocsi is, ahol est\u00e9nk\u00e9nt a vil\u00e1g minden t\u00e1j\u00e1r\u00f3l \u00e9rkez\u0151 utaz\u00f3k gy\u0171lnek \u00f6ssze, te\u00e1znak \u00e9s \u00fatit\u00f6rt\u00e9neteket cser\u00e9lnek.<\/p>\n\n\n\n<p class=\"wp-block-paragraph\">Ha a t\u00e9li h\u00f3napokban (decembert\u0151l m\u00e1rciusig) utazol \u00e9szakra, <strong>id\u0151nk\u00e9nt egyenesen a folyos\u00f3 ablak\u00e1b\u00f3l elkaphatod a t\u00e1ncol\u00f3 sarki f\u00e9nyt<\/strong>. Ez teljesen m\u00e1gikus \u00e9lm\u00e9ny, amikor a vonat a havas s\u00f6t\u00e9ts\u00e9gben sz\u00e1guld, felette az \u00e9g pedig z\u00f6lden vil\u00e1g\u00edt. A t\u00e9li szezon azonban rendk\u00edv\u00fcl n\u00e9pszer\u0171 ezen a vonalon, \u00fagyhogy a h\u00e1l\u00f3f\u00fclk\u00e9k gyakran h\u00f3napokkal el\u0151re elkelnek.<\/p>\n\n\n\n<p class=\"wp-block-paragraph\">A jegy\u00e1rak jelent\u0151sen elt\u00e9rnek a foglal\u00e1s id\u0151pontj\u00e1t\u00f3l \u00e9s a fekv\u0151hely t\u00edpus\u00e1t\u00f3l f\u00fcgg\u0151en. M\u00edg a hatszem\u00e9lyes f\u00fclk\u00e9be sz\u00f3l\u00f3 korai jegy 850 SEK k\u00f6r\u00fcl (kb. 28 300 Ft) indul, <strong>egy saj\u00e1t h\u00e1l\u00f3f\u00fclk\u00e9\u00e9rt nyugodtan fizethetsz ak\u00e1r 100 000 Ft-ot is<\/strong>. Tekintve, hogy egy\u00fattal megsp\u00f3rolsz egy sz\u00e1llodai \u00e9jszak\u00e1t, a k\u00e9nyelembe val\u00f3 befektet\u00e9s mindenk\u00e9pp meg\u00e9ri.<\/p>\n\n\n\n<p class=\"wp-block-paragraph\">\ud83d\udca1 Tipp: A h\u00e1l\u00f3f\u00fclk\u00e9kben gyakran meglehet\u0151sen meleg \u00e9s sz\u00e1raz a leveg\u0151. Vigy\u00e9l magaddal a vonatra k\u00f6nny\u0171 pizsam\u00e1t, el\u00e9g iv\u00f3vizet, \u00e9s ne feledkezz meg a f\u00fcldug\u00f3r\u00f3l sem, mert a r\u00e9gebbi kocsik id\u0151nk\u00e9nt kicsit nyikorognak a v\u00e1lt\u00f3kn\u00e1l.<\/p>\n\n\n\n<figure data-wp-context=\"{&quot;imageId&quot;:&quot;6a9b0aa6af20b&quot;}\" data-wp-interactive=\"core\/image\" data-wp-key=\"6a9b0aa6af20b\" class=\"wp-block-image size-full wp-lightbox-container\"><img decoding=\"async\" width=\"1800\" height=\"1125\" data-wp-class--hide=\"state.isContentHidden\" data-wp-class--show=\"state.isContentVisible\" data-wp-init=\"callbacks.setButtonStyles\" data-wp-on--click=\"actions.showLightbox\" data-wp-on--load=\"callbacks.setButtonStyles\" data-wp-on--pointerdown=\"actions.preloadImage\" data-wp-on--pointerenter=\"actions.preloadImageWithDelay\" data-wp-on--pointerleave=\"actions.cancelPreload\" data-wp-on-window--resize=\"callbacks.setButtonStyles\" src=\"https:\/\/loudavymkrokem.cz\/wp-content\/uploads\/2026\/07\/svedsko-clanky-svedsko-vlakem-10.jpg\" alt=\"Az Inlandsbanan vas\u00fatvonal a bels\u0151 ter\u00fcleteken \u00e1t\" class=\"wp-image-351473\" title=\"\" srcset=\"https:\/\/loudavymkrokem.cz\/wp-content\/uploads\/2026\/07\/svedsko-clanky-svedsko-vlakem-10.jpg 1800w, https:\/\/loudavymkrokem.cz\/wp-content\/uploads\/2026\/07\/svedsko-clanky-svedsko-vlakem-10-300x188.jpg 300w, https:\/\/loudavymkrokem.cz\/wp-content\/uploads\/2026\/07\/svedsko-clanky-svedsko-vlakem-10-700x438.jpg 700w, https:\/\/loudavymkrokem.cz\/wp-content\/uploads\/2026\/07\/svedsko-clanky-svedsko-vlakem-10-768x480.jpg 768w, https:\/\/loudavymkrokem.cz\/wp-content\/uploads\/2026\/07\/svedsko-clanky-svedsko-vlakem-10-1536x960.jpg 1536w, https:\/\/loudavymkrokem.cz\/wp-content\/uploads\/2026\/07\/svedsko-clanky-svedsko-vlakem-10-696x435.jpg 696w, https:\/\/loudavymkrokem.cz\/wp-content\/uploads\/2026\/07\/svedsko-clanky-svedsko-vlakem-10-1392x870.jpg 1392w\" sizes=\"(max-width: 1800px) 100vw, 1800px\" \/><button\n\t\t\tclass=\"lightbox-trigger\"\n\t\t\ttype=\"button\"\n\t\t\taria-haspopup=\"dialog\"\n\t\t\tdata-wp-bind--aria-label=\"state.thisImage.triggerButtonAriaLabel\"\n\t\t\tdata-wp-init=\"callbacks.initTriggerButton\"\n\t\t\tdata-wp-on--click=\"actions.showLightbox\"\n\t\t\tdata-wp-style--right=\"state.thisImage.buttonRight\"\n\t\t\tdata-wp-style--top=\"state.thisImage.buttonTop\"\n\t\t>\n\t\t\t<svg xmlns=\"http:\/\/www.w3.org\/2000\/svg\" width=\"12\" height=\"12\" fill=\"none\" viewBox=\"0 0 12 12\">\n\t\t\t\t<path fill=\"#fff\" d=\"M2 0a2 2 0 0 0-2 2v2h1.5V2a.5.5 0 0 1 .5-.5h2V0H2Zm2 10.5H2a.5.5 0 0 1-.5-.5V8H0v2a2 2 0 0 0 2 2h2v-1.5ZM8 12v-1.5h2a.5.5 0 0 0 .5-.5V8H12v2a2 2 0 0 1-2 2H8Zm2-12a2 2 0 0 1 2 2v2h-1.5V2a.5.5 0 0 0-.5-.5H8V0h2Z\" \/>\n\t\t\t<\/svg>\n\t\t<\/button><figcaption class=\"wp-element-caption\">Foto: Ulle Haddock \/ Pexels<\/figcaption><\/figure>\n\n\n\n<h3 class=\"wp-block-heading\"><span class=\"ez-toc-section\" id=\"8_Inlandsbanan_a_legendas_belso_vasutvonal\"><\/span>8. Inlandsbanan: a legend\u00e1s bels\u0151 vas\u00fatvonal<span class=\"ez-toc-section-end\"><\/span><\/h3>\n\n\n\n<p class=\"wp-block-paragraph\">M\u00edg a legt\u00f6bb gyorsvonat a partvid\u00e9k ment\u00e9n sz\u00e1guld, az orsz\u00e1g k\u00f6zep\u00e9n kanyarog egy teljesen egyed\u00fcl\u00e1ll\u00f3 vas\u00fatvonal. Inlandsbanannak (Bels\u0151 vas\u00fat) h\u00edvj\u00e1k, \u00e9s <strong>ezerh\u00e1romsz\u00e1z kilom\u00e9ter hosszan h\u00faz\u00f3dik<\/strong> a d\u00e9li Kristinehamnt\u00f3l eg\u00e9szen a sarkk\u00f6r\u00f6n t\u00fali G\u00e4llivar\u00e9ig. Ez nem egy sima ing\u00e1z\u00f3vonal, hanem egy v\u00e9rbeli turisztikai \u00e9lm\u00e9ny.<\/p>\n\n\n\n<p class=\"wp-block-paragraph\">Ez a vonat kiz\u00e1r\u00f3lag a ny\u00e1ri szezonban k\u00f6zlekedik, \u00e9s a lass\u00fa utaz\u00e1s filoz\u00f3fi\u00e1j\u00e1t vallja. <strong>A mozdonyvezet\u0151 gyakran lass\u00edt, hogy lef\u00e9nyk\u00e9pezhess egy a s\u00edneken \u00e1tkel\u0151 r\u00e9nszarvascsord\u00e1t<\/strong>, az \u00e9rdekes helyeken pedig hosszabb meg\u00e1ll\u00f3kat tartanak eb\u00e9dre vagy m\u00fazeuml\u00e1togat\u00e1sra. Ez a nagysebess\u00e9g\u0171 vonatok kapkod\u00e1s\u00e1nak teljes ellent\u00e9te, \u00e9s remek m\u00f3dja az autentikus sv\u00e9d vid\u00e9k megismer\u00e9s\u00e9nek.<\/p>\n\n\n\n<p class=\"wp-block-paragraph\">Erre a vonalra \u00e9rdemes beszerezni a speci\u00e1lis Inlandsbanan Cardot, ami egy t\u00f6bbnapos b\u00e9rlet. Ennek k\u00f6sz\u00f6nhet\u0151en <strong>\u00fat k\u00f6zben tetsz\u0151legesen lesz\u00e1llhatsz<\/strong>, megsz\u00e1llhatsz egy sz\u00e9p t\u00f3 mellett Dalarn\u00e1ban, elmehetsz egy r\u00f6videbb t\u00far\u00e1ra az erd\u0151kbe, m\u00e1snap pedig egyszer\u0171en felugorhatsz a k\u00f6vetkez\u0151 vonatra \u00e9s folytathatod utad \u00e9szak fel\u00e9. A d\u00e9lr\u0151l \u00e9szakra tart\u00f3 \u00fat tiszta menetid\u0151ben k\u00e9t nap, k\u00f6telez\u0151 \u00f6stersundi \u00e9jszak\u00e1z\u00e1ssal.<\/p>\n\n\n\n<p class=\"wp-block-paragraph\">A kocsik gyakran t\u00f6rt\u00e9nelmi motorvonatok, amelyeknek megvan a maguk tagadhatatlan b\u00e1ja. A fed\u00e9lzeten t\u00f6bbnyire van egy idegenvezet\u0151, aki <strong>mes\u00e9l a vonal \u00e9p\u00edt\u00e9s\u00e9nek t\u00f6rt\u00e9net\u00e9r\u0151l, a helyi term\u00e9szetr\u0151l \u00e9s a sz\u00e1mik kult\u00far\u00e1j\u00e1r\u00f3l<\/strong>. Ez ink\u00e1bb egy sz\u00e1razf\u00f6ldi s\u00e9tahaj\u00f3z\u00e1s, mint egy klasszikus vonatoz\u00e1s egyik helyr\u0151l a m\u00e1sikra.<\/p>\n\n\n\n<p class=\"wp-block-paragraph\">\ud83d\udca1 Tipp: Az Inlandsbanan jegyeit nem az \u00e1ltal\u00e1nos SJ rendszeren kereszt\u00fcl \u00e1rus\u00edtj\u00e1k. Egyenesen az <a href=\"https:\/\/inlandsbanan.se\" target=\"_blank\" rel=\"nofollow noopener\">\u0151 hivatalos oldalukon<\/a> kell megvenned, ahol az \u00f6sszes \u00e9rdekes meg\u00e1ll\u00f3 \u00e9s aj\u00e1nlott \u00e9jszak\u00e1z\u00f3hely r\u00e9szletes le\u00edr\u00e1s\u00e1t is megtal\u00e1lod.<\/p>\n\n\n\n<figure data-wp-context=\"{&quot;imageId&quot;:&quot;6a9b0aa6afc0b&quot;}\" data-wp-interactive=\"core\/image\" data-wp-key=\"6a9b0aa6afc0b\" class=\"wp-block-image size-full wp-lightbox-container\"><img decoding=\"async\" width=\"1800\" height=\"1500\" data-wp-class--hide=\"state.isContentHidden\" data-wp-class--show=\"state.isContentVisible\" data-wp-init=\"callbacks.setButtonStyles\" data-wp-on--click=\"actions.showLightbox\" data-wp-on--load=\"callbacks.setButtonStyles\" data-wp-on--pointerdown=\"actions.preloadImage\" data-wp-on--pointerenter=\"actions.preloadImageWithDelay\" data-wp-on--pointerleave=\"actions.cancelPreload\" data-wp-on-window--resize=\"callbacks.setButtonStyles\" src=\"https:\/\/loudavymkrokem.cz\/wp-content\/uploads\/2026\/07\/svedsko-clanky-svedsko-vlakem-11.jpg\" alt=\"Eur\u00f3pa leg\u00e9szakibb vas\u00fatvonala\" class=\"wp-image-351482\" title=\"\" srcset=\"https:\/\/loudavymkrokem.cz\/wp-content\/uploads\/2026\/07\/svedsko-clanky-svedsko-vlakem-11.jpg 1800w, https:\/\/loudavymkrokem.cz\/wp-content\/uploads\/2026\/07\/svedsko-clanky-svedsko-vlakem-11-300x250.jpg 300w, https:\/\/loudavymkrokem.cz\/wp-content\/uploads\/2026\/07\/svedsko-clanky-svedsko-vlakem-11-700x583.jpg 700w, https:\/\/loudavymkrokem.cz\/wp-content\/uploads\/2026\/07\/svedsko-clanky-svedsko-vlakem-11-768x640.jpg 768w, https:\/\/loudavymkrokem.cz\/wp-content\/uploads\/2026\/07\/svedsko-clanky-svedsko-vlakem-11-1536x1280.jpg 1536w, https:\/\/loudavymkrokem.cz\/wp-content\/uploads\/2026\/07\/svedsko-clanky-svedsko-vlakem-11-696x580.jpg 696w, https:\/\/loudavymkrokem.cz\/wp-content\/uploads\/2026\/07\/svedsko-clanky-svedsko-vlakem-11-1392x1160.jpg 1392w\" sizes=\"(max-width: 1800px) 100vw, 1800px\" \/><button\n\t\t\tclass=\"lightbox-trigger\"\n\t\t\ttype=\"button\"\n\t\t\taria-haspopup=\"dialog\"\n\t\t\tdata-wp-bind--aria-label=\"state.thisImage.triggerButtonAriaLabel\"\n\t\t\tdata-wp-init=\"callbacks.initTriggerButton\"\n\t\t\tdata-wp-on--click=\"actions.showLightbox\"\n\t\t\tdata-wp-style--right=\"state.thisImage.buttonRight\"\n\t\t\tdata-wp-style--top=\"state.thisImage.buttonTop\"\n\t\t>\n\t\t\t<svg xmlns=\"http:\/\/www.w3.org\/2000\/svg\" width=\"12\" height=\"12\" fill=\"none\" viewBox=\"0 0 12 12\">\n\t\t\t\t<path fill=\"#fff\" d=\"M2 0a2 2 0 0 0-2 2v2h1.5V2a.5.5 0 0 1 .5-.5h2V0H2Zm2 10.5H2a.5.5 0 0 1-.5-.5V8H0v2a2 2 0 0 0 2 2h2v-1.5ZM8 12v-1.5h2a.5.5 0 0 0 .5-.5V8H12v2a2 2 0 0 1-2 2H8Zm2-12a2 2 0 0 1 2 2v2h-1.5V2a.5.5 0 0 0-.5-.5H8V0h2Z\" \/>\n\t\t\t<\/svg>\n\t\t<\/button><figcaption class=\"wp-element-caption\">Foto: Miroslav Volek \/ Wikimedia Commons, CC BY 2.0<\/figcaption><\/figure>\n\n\n\n<h3 class=\"wp-block-heading\"><span class=\"ez-toc-section\" id=\"9_Gyorsvonatok_es_Europa_legeszakibb_vasutvonala\"><\/span>9. Gyorsvonatok \u00e9s Eur\u00f3pa leg\u00e9szakibb vas\u00fatvonala<span class=\"ez-toc-section-end\"><\/span><\/h3>\n\n\n\n<p class=\"wp-block-paragraph\">Stockholm \u00e9s G\u00f6teborg k\u00f6z\u00f6tt teljesen cs\u00facsmin\u0151s\u00e9g\u0171 \u00f6sszek\u00f6ttet\u00e9s m\u0171k\u00f6dik az X2000 gyorsvonatokkal, amelyek ezt az \u00f6tsz\u00e1z kilom\u00e9teres t\u00e1vols\u00e1got pontosan h\u00e1rom \u00f3ra alatt teszik meg. A t\u00e1vols\u00e1gi \u00fatvonalak k\u00f6z\u00fcl azonban vizu\u00e1lisan magabiztosan az arktikus Malmbanan vas\u00fatvonal gy\u0151z. Ez Kirun\u00e1n\u00e1l csatlakozik a j\u00e1ratokhoz, \u00e9s az Abisko nemzeti park dr\u00e1mai hegyein \u00e1t folytat\u00f3dik eg\u00e9szen a norv\u00e9g Narvik kik\u00f6t\u0151ig.<\/p>\n\n\n\n<p class=\"wp-block-paragraph\">A Tornetr\u00e4sk-t\u00f3 menti \u00fat l\u00e9legzetel\u00e1ll\u00edt\u00f3 kil\u00e1t\u00e1st ny\u00fajt a havas cs\u00facsokra \u00e9s a m\u00e9ly v\u00f6lgyekre. Ez <strong>Nyugat-Eur\u00f3pa leg\u00e9szakabbra fekv\u0151 vas\u00fatvonala<\/strong>, amely eredetileg a vas\u00e9rc sz\u00e1ll\u00edt\u00e1s\u00e1ra \u00e9p\u00fclt. A mai napig tal\u00e1lkoznak itt a szem\u00e9lyvonatok az \u00f3ri\u00e1si, rendk\u00edv\u00fcl neh\u00e9z, kitermelt anyaggal teli tehervonatokkal, ami nagyon impoz\u00e1ns l\u00e1tv\u00e1ny.<\/p>\n\n\n\n<p class=\"wp-block-paragraph\">M\u00edg a Stockholmb\u00f3l Kirun\u00e1ig tart\u00f3 \u00fat t\u00falnyom\u00f3r\u00e9szt v\u00e9gtelen erd\u0151k\u00f6n vezet \u00e1t, a Kirun\u00e1t\u00f3l Narvikig tart\u00f3 szakasz teljes vizu\u00e1lis robban\u00e1s. <strong>A t\u00e1j dr\u00e1maian \u00e1talakul<\/strong>, a f\u00e1k elt\u0171nnek, hely\u00fcket zord hegyi tundra veszi \u00e1t, amely azt\u00e1n meredeken zuhan al\u00e1 a norv\u00e9g fjordokhoz. Maga az \u00fat nagyj\u00e1b\u00f3l h\u00e1rom \u00f3ra, \u00e9s a vil\u00e1g egyik legjobb vas\u00fati \u00e9lm\u00e9nye.<\/p>\n\n\n\n<p class=\"wp-block-paragraph\">A jegyek erre a szakaszra meglep\u0151en el\u00e9rhet\u0151ek, \u00e1ltal\u00e1ban 150\u2013250 SEK (5 000\u20138 300 Ft) k\u00f6r\u00fcl beszerezhet\u0151k. <strong>A vonatok tele vannak turist\u00e1kkal \u00e9s h\u00e1tizs\u00e1kosokkal<\/strong>, akik a h\u00edres Kungsleden t\u00fara\u00fatra tartanak, amely egyenesen az abisk\u00f3i vas\u00fat\u00e1llom\u00e1sn\u00e1l kezd\u0151dik.<\/p>\n\n\n\n<p class=\"wp-block-paragraph\">\ud83d\udca1 Tipp: A Kirun\u00e1b\u00f3l Narvikig tart\u00f3 \u00faton a helyjegy foglal\u00e1sakor v\u00e1lassz a vonat jobb oldal\u00e1n, a menetir\u00e1ny szerint \u00fcl\u0151helyet. \u00cdgy az ablakb\u00f3l a legjobb kil\u00e1t\u00e1sod lesz a hatalmas t\u00f3ra \u00e9s a k\u00f6rnyez\u0151 hegyekre.<\/p>\n\n\n\n<figure data-wp-context=\"{&quot;imageId&quot;:&quot;6a9b0aa6b02db&quot;}\" data-wp-interactive=\"core\/image\" data-wp-key=\"6a9b0aa6b02db\" class=\"wp-block-image size-full wp-lightbox-container\"><img decoding=\"async\" width=\"1800\" height=\"1095\" data-wp-class--hide=\"state.isContentHidden\" data-wp-class--show=\"state.isContentVisible\" data-wp-init=\"callbacks.setButtonStyles\" data-wp-on--click=\"actions.showLightbox\" data-wp-on--load=\"callbacks.setButtonStyles\" data-wp-on--pointerdown=\"actions.preloadImage\" data-wp-on--pointerenter=\"actions.preloadImageWithDelay\" data-wp-on--pointerleave=\"actions.cancelPreload\" data-wp-on-window--resize=\"callbacks.setButtonStyles\" src=\"https:\/\/loudavymkrokem.cz\/wp-content\/uploads\/2026\/07\/svedsko-clanky-svedsko-vlakem-12.jpg\" alt=\"\u00d6resundst\u00e5g Koppenh\u00e1ga \u00e9s Malm\u00f6 k\u00f6z\u00f6tt\" class=\"wp-image-351491\" title=\"\" srcset=\"https:\/\/loudavymkrokem.cz\/wp-content\/uploads\/2026\/07\/svedsko-clanky-svedsko-vlakem-12.jpg 1800w, https:\/\/loudavymkrokem.cz\/wp-content\/uploads\/2026\/07\/svedsko-clanky-svedsko-vlakem-12-300x183.jpg 300w, https:\/\/loudavymkrokem.cz\/wp-content\/uploads\/2026\/07\/svedsko-clanky-svedsko-vlakem-12-700x426.jpg 700w, https:\/\/loudavymkrokem.cz\/wp-content\/uploads\/2026\/07\/svedsko-clanky-svedsko-vlakem-12-768x467.jpg 768w, https:\/\/loudavymkrokem.cz\/wp-content\/uploads\/2026\/07\/svedsko-clanky-svedsko-vlakem-12-1536x934.jpg 1536w, https:\/\/loudavymkrokem.cz\/wp-content\/uploads\/2026\/07\/svedsko-clanky-svedsko-vlakem-12-696x423.jpg 696w, https:\/\/loudavymkrokem.cz\/wp-content\/uploads\/2026\/07\/svedsko-clanky-svedsko-vlakem-12-1392x847.jpg 1392w\" sizes=\"(max-width: 1800px) 100vw, 1800px\" \/><button\n\t\t\tclass=\"lightbox-trigger\"\n\t\t\ttype=\"button\"\n\t\t\taria-haspopup=\"dialog\"\n\t\t\tdata-wp-bind--aria-label=\"state.thisImage.triggerButtonAriaLabel\"\n\t\t\tdata-wp-init=\"callbacks.initTriggerButton\"\n\t\t\tdata-wp-on--click=\"actions.showLightbox\"\n\t\t\tdata-wp-style--right=\"state.thisImage.buttonRight\"\n\t\t\tdata-wp-style--top=\"state.thisImage.buttonTop\"\n\t\t>\n\t\t\t<svg xmlns=\"http:\/\/www.w3.org\/2000\/svg\" width=\"12\" height=\"12\" fill=\"none\" viewBox=\"0 0 12 12\">\n\t\t\t\t<path fill=\"#fff\" d=\"M2 0a2 2 0 0 0-2 2v2h1.5V2a.5.5 0 0 1 .5-.5h2V0H2Zm2 10.5H2a.5.5 0 0 1-.5-.5V8H0v2a2 2 0 0 0 2 2h2v-1.5ZM8 12v-1.5h2a.5.5 0 0 0 .5-.5V8H12v2a2 2 0 0 1-2 2H8Zm2-12a2 2 0 0 1 2 2v2h-1.5V2a.5.5 0 0 0-.5-.5H8V0h2Z\" \/>\n\t\t\t<\/svg>\n\t\t<\/button><figcaption class=\"wp-element-caption\">Foto: Jenny Andersson \/ News Oresund \/ Wikimedia Commons, CC BY 2.0<\/figcaption><\/figure>\n\n\n\n<h3 class=\"wp-block-heading\"><span class=\"ez-toc-section\" id=\"10_Oresundstag_es_a_hataron_atnyulo_jaratok_Koppenhagaba\"><\/span>10. \u00d6resundst\u00e5g \u00e9s a hat\u00e1ron \u00e1tny\u00fal\u00f3 j\u00e1ratok Koppenh\u00e1g\u00e1ba<span class=\"ez-toc-section-end\"><\/span><\/h3>\n\n\n\n<p class=\"wp-block-paragraph\">D\u00e9l-Sv\u00e9dorsz\u00e1g \u00e9s a d\u00e1n Koppenh\u00e1ga \u00f6sszek\u00f6ttet\u00e9se a k\u00f6zleked\u00e9si m\u00e9rn\u00f6ks\u00e9g mesterm\u0171ve. Az \u00d6resundst\u00e5g region\u00e1lis vonatai h\u00faszpercenk\u00e9nt indulnak a malm\u00f6i f\u0151p\u00e1lyaudvarr\u00f3l, \u00e9s <strong>g\u00f6rd\u00fcl\u00e9kenyen \u00e1tkelnek a h\u00edres \u00d6resund-h\u00eddon<\/strong> egyenesen a d\u00e1n Kastrup nemzetk\u00f6zi rep\u00fcl\u0151t\u00e9rre \u00e9s tov\u00e1bb Koppenh\u00e1ga k\u00f6zpontj\u00e1ba. Az \u00fat nagyj\u00e1b\u00f3l negyven perc, a hull\u00e1mok f\u00f6l\u00f6tt magasan h\u00faz\u00f3d\u00f3 h\u00eddszerkezet pedig gy\u00f6ny\u00f6r\u0171 kil\u00e1t\u00e1st k\u00edn\u00e1l.<\/p>\n\n\n\n<p class=\"wp-block-paragraph\">M\u00edg a h\u00edd aut\u00f3val val\u00f3 \u00e1tkel\u00e9se k\u00f6v\u00e9r 470\u2013510 DKK-ba (kb. 24 000\u201326 000 Ft) ker\u00fcl, <strong>a vonatjegy ennek t\u00f6red\u00e9k\u00e9be<\/strong> (kb. 135 SEK \/ 4 500 Ft). A jegyet egyszer\u0171en megveheted a p\u00e1lyaudvari automat\u00e1kban vagy a <a href=\"https:\/\/www.skanetrafiken.se\" target=\"_blank\" rel=\"nofollow noopener\">Sk\u00e5netrafiken applik\u00e1ci\u00f3j\u00e1n<\/a> kereszt\u00fcl. A vonatok gyakorlatilag folyamatosan j\u00e1rnak, \u00e9jszaka csak kiss\u00e9 megny\u00falnak az intervallumok.<\/p>\n\n\n\n<p class=\"wp-block-paragraph\">Az ilyen ir\u00e1ny\u00fa utaz\u00e1sn\u00e1l azonban gondolnod kell a b\u00fcrokr\u00e1ci\u00e1ra. A sv\u00e9d korm\u00e1ny ugyanis legal\u00e1bb 2026 november\u00e9ig meghosszabb\u00edtotta a sz\u00far\u00f3pr\u00f3baszer\u0171 hat\u00e1rellen\u0151rz\u00e9seket. Ha D\u00e1ni\u00e1b\u00f3l Sv\u00e9dorsz\u00e1gba utazol, <strong>mindig legyen n\u00e1lad \u00e9rv\u00e9nyes szem\u00e9lyi igazolv\u00e1ny vagy \u00fatlev\u00e9l<\/strong>, mert a rend\u0151r\u00f6k az els\u0151 sv\u00e9d \u00e1llom\u00e1son (Hyllie) nagyon gyakran v\u00e9gigmennek a kocsikon \u00e9s ellen\u0151rzik az iratokat.<\/p>\n\n\n\n<p class=\"wp-block-paragraph\">Az \u00d6resundst\u00e5g kocsijai nagyon t\u00e1gasak \u00e9s k\u00e9nyelmesek. Van benn\u00fck k\u00fcl\u00f6n csendes z\u00f3na \u00e9s akad\u00e1lymentes mosd\u00f3 is. <strong>Kiv\u00e1l\u00f3an megoldott a ker\u00e9kp\u00e1rsz\u00e1ll\u00edt\u00e1s helye is<\/strong>, amit \u00e9rt\u00e9kelni fogsz, ha a Sk\u00e5ne partja ment\u00e9n vagy Koppenh\u00e1ga utc\u00e1in tervezel biciklizni.<\/p>\n\n\n\n<p class=\"wp-block-paragraph\">\ud83d\udca1 Tipp: Ha a koppenh\u00e1gai Kastrup rep\u00fcl\u0151t\u00e9rr\u0151l utazol Sv\u00e9dorsz\u00e1gba, a vonat egyenesen a termin\u00e1l alatti f\u00f6ldalatti \u00e1llom\u00e1sr\u00f3l indul. Rendk\u00edv\u00fcl k\u00e9nyelmes, csak ne feledd, hogy a jegyeket a felsz\u00e1ll\u00e1s el\u0151tt kell megvenned.<\/p>\n\n\n\n<figure data-wp-context=\"{&quot;imageId&quot;:&quot;6a9b0aa6b0987&quot;}\" data-wp-interactive=\"core\/image\" data-wp-key=\"6a9b0aa6b0987\" class=\"wp-block-image size-full wp-lightbox-container\"><img decoding=\"async\" width=\"1800\" height=\"1200\" data-wp-class--hide=\"state.isContentHidden\" data-wp-class--show=\"state.isContentVisible\" data-wp-init=\"callbacks.setButtonStyles\" data-wp-on--click=\"actions.showLightbox\" data-wp-on--load=\"callbacks.setButtonStyles\" data-wp-on--pointerdown=\"actions.preloadImage\" data-wp-on--pointerenter=\"actions.preloadImageWithDelay\" data-wp-on--pointerleave=\"actions.cancelPreload\" data-wp-on-window--resize=\"callbacks.setButtonStyles\" src=\"https:\/\/loudavymkrokem.cz\/wp-content\/uploads\/2026\/07\/svedsko-clanky-svedsko-vlakem-13.jpg\" alt=\"Interrail Sv\u00e9dorsz\u00e1gban\" class=\"wp-image-351502\" title=\"\" srcset=\"https:\/\/loudavymkrokem.cz\/wp-content\/uploads\/2026\/07\/svedsko-clanky-svedsko-vlakem-13.jpg 1800w, https:\/\/loudavymkrokem.cz\/wp-content\/uploads\/2026\/07\/svedsko-clanky-svedsko-vlakem-13-300x200.jpg 300w, https:\/\/loudavymkrokem.cz\/wp-content\/uploads\/2026\/07\/svedsko-clanky-svedsko-vlakem-13-700x467.jpg 700w, https:\/\/loudavymkrokem.cz\/wp-content\/uploads\/2026\/07\/svedsko-clanky-svedsko-vlakem-13-768x512.jpg 768w, https:\/\/loudavymkrokem.cz\/wp-content\/uploads\/2026\/07\/svedsko-clanky-svedsko-vlakem-13-1536x1024.jpg 1536w, https:\/\/loudavymkrokem.cz\/wp-content\/uploads\/2026\/07\/svedsko-clanky-svedsko-vlakem-13-696x464.jpg 696w, https:\/\/loudavymkrokem.cz\/wp-content\/uploads\/2026\/07\/svedsko-clanky-svedsko-vlakem-13-1392x928.jpg 1392w\" sizes=\"(max-width: 1800px) 100vw, 1800px\" \/><button\n\t\t\tclass=\"lightbox-trigger\"\n\t\t\ttype=\"button\"\n\t\t\taria-haspopup=\"dialog\"\n\t\t\tdata-wp-bind--aria-label=\"state.thisImage.triggerButtonAriaLabel\"\n\t\t\tdata-wp-init=\"callbacks.initTriggerButton\"\n\t\t\tdata-wp-on--click=\"actions.showLightbox\"\n\t\t\tdata-wp-style--right=\"state.thisImage.buttonRight\"\n\t\t\tdata-wp-style--top=\"state.thisImage.buttonTop\"\n\t\t>\n\t\t\t<svg xmlns=\"http:\/\/www.w3.org\/2000\/svg\" width=\"12\" height=\"12\" fill=\"none\" viewBox=\"0 0 12 12\">\n\t\t\t\t<path fill=\"#fff\" d=\"M2 0a2 2 0 0 0-2 2v2h1.5V2a.5.5 0 0 1 .5-.5h2V0H2Zm2 10.5H2a.5.5 0 0 1-.5-.5V8H0v2a2 2 0 0 0 2 2h2v-1.5ZM8 12v-1.5h2a.5.5 0 0 0 .5-.5V8H12v2a2 2 0 0 1-2 2H8Zm2-12a2 2 0 0 1 2 2v2h-1.5V2a.5.5 0 0 0-.5-.5H8V0h2Z\" \/>\n\t\t\t<\/svg>\n\t\t<\/button><figcaption class=\"wp-element-caption\">Foto: Airam Dato-on \/ Pexels<\/figcaption><\/figure>\n\n\n\n<h3 class=\"wp-block-heading\"><span class=\"ez-toc-section\" id=\"11_Interrail_es_Eurail_Svedorszagban_mikor_eri_meg_igazan\"><\/span>11. Interrail \u00e9s Eurail Sv\u00e9dorsz\u00e1gban: mikor \u00e9ri meg igaz\u00e1n?<span class=\"ez-toc-section-end\"><\/span><\/h3>\n\n\n\n<p class=\"wp-block-paragraph\">Az eg\u00e9sz Eur\u00f3p\u00e1ra sz\u00f3l\u00f3 Interrail vonatjegyek a h\u00e1tizs\u00e1kosok k\u00f6r\u00e9ben m\u00e9g mindig n\u00e9pszer\u0171ek, de \u00e9ppen Sv\u00e9dorsz\u00e1gban megvannak a maguk egy\u00e9rtelm\u0171 saj\u00e1toss\u00e1gai. A sv\u00e9d vas\u00fath\u00e1l\u00f3zat ugyan teljesen elfogadja ezeket a b\u00e9rleteket, de <strong>a legt\u00f6bb t\u00e1vols\u00e1gi vonatra nem enged fel fizet\u0151s helyjegy n\u00e9lk\u00fcl<\/strong>. Az X2000 gyorsvonat helyjegye hetven sv\u00e9d korona k\u00f6r\u00fcl van (kb. 2 300 Ft), az \u00e9jszakai j\u00e1ratokn\u00e1l pedig t\u00f6bb ezer forintos fel\u00e1rat kell fizetni a fekv\u0151- vagy fekhely\u00e9rt.<\/p>\n\n\n\n<p class=\"wp-block-paragraph\">Ha csak egyetlen gyors utat tervezel Stockholmb\u00f3l G\u00f6teborgba, az Interrail biztosan nem \u00e9ri meg neked p\u00e9nz\u00fcgyileg, ink\u00e1bb vegy\u00e9l sima korai jegyet az applik\u00e1ci\u00f3n kereszt\u00fcl. A korai SJ-v\u00e1s\u00e1rl\u00e1s t\u00f6bbnyire l\u00e9nyegesen olcs\u00f3bb, mint az Interrail napi b\u00e9rlet\u00e9nek ar\u00e1nyos r\u00e9sze plusz a k\u00f6telez\u0151 helyjegy d\u00edja.<\/p>\n\n\n\n<p class=\"wp-block-paragraph\">Ha viszont <strong>egy hetet szeretn\u00e9l az orsz\u00e1g kereszt\u00fcl-kasul j\u00e1r\u00e1s\u00e1val t\u00f6lteni, \u00e9s v\u00e1ratlan meg\u00e1ll\u00f3kat tervezel<\/strong>, akkor a glob\u00e1lis b\u00e9rlet \u00f3ri\u00e1si szabads\u00e1got \u00e9s rugalmass\u00e1got ad. Kiv\u00e1l\u00f3an m\u0171k\u00f6dik a helyi \u00e9s region\u00e1lis vonalakon, ahol nem kell helyjegy. \u00cdgy spont\u00e1n felugorhatsz a Sk\u00e5netrafiken vonataira d\u00e9len, vagy felfedezheted a V\u00e4ttern-t\u00f3 k\u00f6rny\u00e9k\u00e9t.<\/p>\n\n\n\n<p class=\"wp-block-paragraph\">Az Interrail b\u00e9rlettel rendelkez\u0151knek a helyjegyeket k\u00f6nnyen megv\u00e1s\u00e1rolhatod egyenesen az SJ weboldal\u00e1n (el\u00e9g az utast\u00edpusn\u00e1l az \u201eInterrail\/Eurail pass&#8221;-t v\u00e1lasztani). <strong>Foglald le \u0151ket viszont kell\u0151 el\u0151rel\u00e1t\u00e1ssal<\/strong>, mert a b\u00e9rletesek sz\u00e1m\u00e1ra fenntartott helyek sz\u00e1ma a legforgalmasabb \u00fatvonalakon korl\u00e1tozott lehet.<\/p>\n\n\n\n<p class=\"wp-block-paragraph\">\ud83d\udca1 Tipp: Ha Interraillel utazol, t\u00f6ltsd le a Rail Planner appot. Remek\u00fcl megmutatja, mely konkr\u00e9t sv\u00e9d j\u00e1ratokon k\u00f6telez\u0151 a helyjegy, \u00e9s hol utazhatsz teljesen szabadon, mindenf\u00e9le fel\u00e1r n\u00e9lk\u00fcl.<\/p>\n\n\n\n<figure data-wp-context=\"{&quot;imageId&quot;:&quot;6a9b0aa6b1109&quot;}\" data-wp-interactive=\"core\/image\" data-wp-key=\"6a9b0aa6b1109\" class=\"wp-block-image size-full wp-lightbox-container\"><img decoding=\"async\" width=\"1800\" height=\"1238\" data-wp-class--hide=\"state.isContentHidden\" data-wp-class--show=\"state.isContentVisible\" data-wp-init=\"callbacks.setButtonStyles\" data-wp-on--click=\"actions.showLightbox\" data-wp-on--load=\"callbacks.setButtonStyles\" data-wp-on--pointerdown=\"actions.preloadImage\" data-wp-on--pointerenter=\"actions.preloadImageWithDelay\" data-wp-on--pointerleave=\"actions.cancelPreload\" data-wp-on-window--resize=\"callbacks.setButtonStyles\" src=\"https:\/\/loudavymkrokem.cz\/wp-content\/uploads\/2026\/07\/svedsko-clanky-svedsko-vlakem-14.jpg\" alt=\"Ker\u00e9kp\u00e1r a vonaton\" class=\"wp-image-351513\" title=\"\" srcset=\"https:\/\/loudavymkrokem.cz\/wp-content\/uploads\/2026\/07\/svedsko-clanky-svedsko-vlakem-14.jpg 1800w, https:\/\/loudavymkrokem.cz\/wp-content\/uploads\/2026\/07\/svedsko-clanky-svedsko-vlakem-14-300x206.jpg 300w, https:\/\/loudavymkrokem.cz\/wp-content\/uploads\/2026\/07\/svedsko-clanky-svedsko-vlakem-14-700x481.jpg 700w, https:\/\/loudavymkrokem.cz\/wp-content\/uploads\/2026\/07\/svedsko-clanky-svedsko-vlakem-14-768x528.jpg 768w, https:\/\/loudavymkrokem.cz\/wp-content\/uploads\/2026\/07\/svedsko-clanky-svedsko-vlakem-14-1536x1056.jpg 1536w, https:\/\/loudavymkrokem.cz\/wp-content\/uploads\/2026\/07\/svedsko-clanky-svedsko-vlakem-14-696x479.jpg 696w, https:\/\/loudavymkrokem.cz\/wp-content\/uploads\/2026\/07\/svedsko-clanky-svedsko-vlakem-14-1392x957.jpg 1392w\" sizes=\"(max-width: 1800px) 100vw, 1800px\" \/><button\n\t\t\tclass=\"lightbox-trigger\"\n\t\t\ttype=\"button\"\n\t\t\taria-haspopup=\"dialog\"\n\t\t\tdata-wp-bind--aria-label=\"state.thisImage.triggerButtonAriaLabel\"\n\t\t\tdata-wp-init=\"callbacks.initTriggerButton\"\n\t\t\tdata-wp-on--click=\"actions.showLightbox\"\n\t\t\tdata-wp-style--right=\"state.thisImage.buttonRight\"\n\t\t\tdata-wp-style--top=\"state.thisImage.buttonTop\"\n\t\t>\n\t\t\t<svg xmlns=\"http:\/\/www.w3.org\/2000\/svg\" width=\"12\" height=\"12\" fill=\"none\" viewBox=\"0 0 12 12\">\n\t\t\t\t<path fill=\"#fff\" d=\"M2 0a2 2 0 0 0-2 2v2h1.5V2a.5.5 0 0 1 .5-.5h2V0H2Zm2 10.5H2a.5.5 0 0 1-.5-.5V8H0v2a2 2 0 0 0 2 2h2v-1.5ZM8 12v-1.5h2a.5.5 0 0 0 .5-.5V8H12v2a2 2 0 0 1-2 2H8Zm2-12a2 2 0 0 1 2 2v2h-1.5V2a.5.5 0 0 0-.5-.5H8V0h2Z\" \/>\n\t\t\t<\/svg>\n\t\t<\/button><figcaption class=\"wp-element-caption\">Foto: Frank Barning \/ Pexels<\/figcaption><\/figure>\n\n\n\n<!-- LKM_GYG_CARD start q=\"svedsko\" lang=\"hu\" rendered=\"2026-08-31T06:28:11+00:00\" v=\"1\" -->\n<style id=\"lk-gyg-styles\">\n@import url(\"https:\/\/fonts.googleapis.com\/css2?family=Playfair+Display:wght@700&family=DM+Sans:wght@300;400;500;600&display=swap\");\n\/* === LK GYG karty \u2014 CRO redesign 2026-05 (namespace .lkx-) ===\n   C\u00edl: vy\u0161\u0161\u00ed CTR (hero + v\u00fdrazn\u00fd social proof + ak\u010dn\u00ed CTA, m\u00e9n\u011b \"reklamn\u00ed\").\n   Injektuje se inline do prvn\u00edho markeru postu (refresh_cards.py --inline-css). *\/\n.lkx-module, .lkx-module *{box-sizing:border-box;margin:0;padding:0}\n.lkx-module{\n  font-family:'DM Sans',-apple-system,Segoe UI,Roboto,Georgia,sans-serif;\n  max-width:860px;margin:2.5rem auto;color:#1f2328;\n}\n\n\/* HEADER \u2014 lehk\u00fd editorsk\u00fd, \u017e\u00e1dn\u00fd bannerov\u00fd blok; nadpis + popisek pod n\u00edm *\/\n.lkx-head{margin-bottom:16px}\n.lkx-head-main{display:flex;align-items:center;gap:10px}\n.lkx-head-accent{width:26px;height:3px;border-radius:2px;background:#c39f76;flex-shrink:0}\n.lkx-head-title{font-family:'Playfair Display',Georgia,serif;font-size:21px;font-weight:700;color:#1a1a1a;line-height:1.25}\n.lkx-head-meta{display:block;font-size:11px;letter-spacing:.3px;color:#9aa0a6;margin-top:4px;margin-left:36px}\n\n\/* HERO *\/\n.lkx-hero{display:grid;grid-template-columns:300px 1fr;background:#fff;border:1px solid #ece7df;border-radius:14px;overflow:hidden;text-decoration:none!important;color:inherit;box-shadow:0 6px 20px rgba(0,0,0,.06);transition:box-shadow .2s,transform .2s;margin-bottom:14px}\n.lkx-hero:hover{box-shadow:0 12px 30px rgba(0,0,0,.12);transform:translateY(-2px)}\n.lkx-hero-img{position:relative;min-height:230px;background-size:cover;background-position:center;background-color:#eee}\n.lkx-hero-body{padding:22px 24px;display:flex;flex-direction:column}\n.lkx-pick{position:absolute;top:12px;left:12px;background:#1a1a1a;color:#fff;font-size:11px;font-weight:700;letter-spacing:.5px;padding:5px 11px;border-radius:20px}\n\n\/* TITLE *\/\n.lkx-title{font-size:19px;font-weight:700;color:#161616;line-height:1.3}\n.lkx-title-sm{font-size:14.5px;line-height:1.35;display:-webkit-box;-webkit-line-clamp:2;-webkit-box-orient:vertical;overflow:hidden}\n\n\/* SOCIAL PROOF \u2014 v\u00fdrazn\u011b, naho\u0159e *\/\n.lkx-proof{display:flex;align-items:center;gap:7px;margin-top:12px;font-size:15px;color:#3a3a3a}\n.lkx-proof b{font-size:16px;color:#161616}\n.lkx-stars{color:#f5a623;letter-spacing:1px}\n.lkx-proof-sm{font-size:12.5px;margin-top:8px;gap:5px}\n.lkx-proof-sm b{font-size:13px}\n.lkx-proof-new{color:#3685fc;font-weight:600}\n\n\/* PRICE \u2014 n\u00edzk\u00e1 kotva *\/\n.lkx-price{font-size:14px;color:#6b7280}\n.lkx-price b{font-size:20px;color:#161616;font-weight:700}\n.lkx-price-sm b{font-size:15px}\n\n\/* CTA \u2014 tepl\u00e9 ak\u010dn\u00ed tla\u010d\u00edtko *\/\n.lkx-cta{display:inline-flex;align-items:center;justify-content:center;text-decoration:none!important;font-weight:700;color:#fff!important;background:linear-gradient(135deg,#f6743f,#e8552a);border-radius:10px;box-shadow:0 6px 16px rgba(232,85,42,.32);transition:box-shadow .2s}\n.lkx-cta-hero{font-size:15px;padding:13px 22px}\n.lkx-hero:hover .lkx-cta-hero{box-shadow:0 8px 22px rgba(232,85,42,.45)}\n.lkx-cta-sm{font-size:12.5px;padding:9px 14px;width:100%;margin-top:2px}\n.lkx-hero-bottom{margin-top:auto;padding-top:18px;display:flex;align-items:center;justify-content:space-between;gap:14px;flex-wrap:wrap}\n\n\/* BADGE \u2014 jeden v\u00fdrazn\u00fd na fotce *\/\n.lkx-badge{position:absolute;top:12px;right:12px;font-size:10.5px;font-weight:700;letter-spacing:.3px;padding:5px 10px;border-radius:16px;color:#fff}\n.lkx-badge.badge-urgency{background:rgba(214,40,40,.92)}\n.lkx-badge.badge-new{background:rgba(54,133,252,.92)}\n.lkx-badge.badge-top{background:rgba(195,159,118,.95)}\n.lkx-badge.badge-info{background:rgba(40,40,40,.78)}\n\n\/* SECONDARY GRID *\/\n.lkx-grid{display:grid;grid-template-columns:1fr 1fr;gap:14px}\n.lkx-card{background:#fff;border:1px solid #ece7df;border-radius:14px;overflow:hidden;text-decoration:none!important;color:inherit;box-shadow:0 4px 14px rgba(0,0,0,.05);display:flex;flex-direction:column;transition:box-shadow .2s,transform .2s}\n.lkx-card:hover{box-shadow:0 10px 24px rgba(0,0,0,.1);transform:translateY(-2px)}\n.lkx-card-img{position:relative;aspect-ratio:16\/10;background-size:cover;background-position:center;background-color:#eee}\n.lkx-card-body{padding:14px 16px 16px;display:flex;flex-direction:column;gap:7px;flex:1}\n.lkx-card-bottom{margin-top:auto;padding-top:10px;display:flex;align-items:center;justify-content:space-between;gap:8px}\n\n\/* DISCLOSURE \u2014 drobn\u00e1, kv\u016fli d\u016fv\u011b\u0159e\/z\u00e1konu *\/\n.lkx-disclosure{font-size:11px;color:#a7adb3;text-align:center;margin-top:14px;line-height:1.6}\n.lkx-disclosure a{color:#c39f76;text-decoration:none}\n\n@media(max-width:680px){\n  .lkx-hero{grid-template-columns:1fr}\n  .lkx-hero-img{min-height:180px}\n  .lkx-grid{grid-template-columns:1fr}\n  .lkx-head-meta{margin-left:0;width:100%}\n  .lkx-head-title{font-size:19px}\n}\n\n<\/style>\n<div class=\"lkx-module\" data-query=\"svedsko\">\n  <div class=\"lkx-head\">\n    <div class=\"lkx-head-main\">\n      <span class=\"lkx-head-accent\"><\/span>\n      <span class=\"lkx-head-title\">\u00c9lm\u00e9nyek \u00e9s bel\u00e9p\u0151jegyek<\/span>\n    <\/div>\n    <span class=\"lkx-head-meta\">utaz\u00f3k \u00e1ltal \u00e9rt\u00e9kelve \u00b7 GetYourGuide<\/span>\n  <\/div><a class=\"lkx-hero\" href=\"https:\/\/www.getyourguide.com\/hu-hu\/stockholm-l50\/stockholm-szigetcsoport-varosnezo-tura-t33191\/?partner_id=MKZ64IS&amp;utm_medium=online_publisher&amp;cmp=svedorszag-vonattal-utvonalak\" target=\"_blank\" rel=\"sponsored noopener nofollow\">\n    <div class=\"lkx-hero-img\" style=\"background-image:url('https:\/\/cdn.getyourguide.com\/img\/tour\/7bffade2cdeacce9d53cf9f03a5b93c29c0c49847efc8bd89498034441afec8d.jpg\/132.jpg')\" role=\"img\" aria-label=\"Stockholm: Szigetvil\u00e1gi v\u00e1rosn\u00e9z\u0151 haj\u00f3k\u00e1z\u00e1s idegenvezet\u0151vel\">\n      <span class=\"lkx-pick\">\u2605 A mi tipp\u00fcnk<\/span><\/div>\n    <div class=\"lkx-hero-body\">\n      <div class=\"lkx-title\">Stockholm: Szigetvil\u00e1gi v\u00e1rosn\u00e9z\u0151 haj\u00f3k\u00e1z\u00e1s idegenvezet\u0151vel<\/div>\n      <div class=\"lkx-proof\">\n      <span class=\"lkx-stars\">\u2605\u2605\u2605\u2605\u2605<\/span>\n      <b>4.3<\/b> \u00b7 11 752 \u00e9rt\u00e9kel\u00e9s\n    <\/div>\n      <div class=\"lkx-hero-bottom\"><div class=\"lkx-price\">m\u00e1r <b>25\u00a0EUR<\/b><\/div><span class=\"lkx-cta lkx-cta-hero\">Ezt az \u00e9lm\u00e9nyt akarom \u2192<\/span>\n      <\/div>\n    <\/div>\n  <\/a><div class=\"lkx-grid\"><a class=\"lkx-card\" href=\"https:\/\/www.getyourguide.com\/hu-hu\/stockholm-l50\/stockholm-nordiska-museet-belepojegy-t662504\/?partner_id=MKZ64IS&amp;utm_medium=online_publisher&amp;cmp=svedorszag-vonattal-utvonalak\" target=\"_blank\" rel=\"sponsored noopener nofollow\">\n      <div class=\"lkx-card-img\" style=\"background-image:url('https:\/\/cdn.getyourguide.com\/img\/tour\/c965479e6ad784d0cc2a42e1028164a8c333be626f49b536f9f7809bc56e4387.jpg\/132.jpg')\" role=\"img\" aria-label=\"Stockholm: Nordiska Museet bel\u00e9p\u0151jegy\"><\/div>\n      <div class=\"lkx-card-body\">\n        <div class=\"lkx-title lkx-title-sm\">Stockholm: Nordiska Museet bel\u00e9p\u0151jegy<\/div>\n        <div class=\"lkx-proof lkx-proof-sm\">\n      <span class=\"lkx-stars\">\u2605<\/span>\n      <b>4.5<\/b> \u00b7 332\n    <\/div>\n        <div class=\"lkx-card-bottom\"><span class=\"lkx-price lkx-price-sm\">m\u00e1r <b>15\u00a0EUR<\/b><\/span><span class=\"lkx-cta lkx-cta-sm\">Id\u0151pontok megtekint\u00e9se \u2192<\/span>\n        <\/div>\n      <\/div>\n    <\/a><a class=\"lkx-card\" href=\"https:\/\/www.getyourguide.com\/hu-hu\/stockholm-l50\/stockholm-stockholm-archipelago-boat-tour-t811343\/?partner_id=MKZ64IS&amp;utm_medium=online_publisher&amp;cmp=svedorszag-vonattal-utvonalak\" target=\"_blank\" rel=\"sponsored noopener nofollow\">\n      <div class=\"lkx-card-img\" style=\"background-image:url('https:\/\/cdn.getyourguide.com\/img\/tour\/854c2fc41d730fd53ddedf011305028048989ca8d5761996c3fbcd1568c7df26.jpg\/132.jpg')\" role=\"img\" aria-label=\"Stockholm: \u00c9l\u0151 idegenvezet\u00e9ses haj\u00f3k\u00e1z\u00e1s a szigetcsoporton\"><\/div>\n      <div class=\"lkx-card-body\">\n        <div class=\"lkx-title lkx-title-sm\">Stockholm: \u00c9l\u0151 idegenvezet\u00e9ses haj\u00f3k\u00e1z\u00e1s a szigetcsoporton<\/div>\n        <div class=\"lkx-proof lkx-proof-sm\">\n      <span class=\"lkx-stars\">\u2605<\/span>\n      <b>4.5<\/b> \u00b7 5 728\n    <\/div>\n        <div class=\"lkx-card-bottom\"><span class=\"lkx-price lkx-price-sm\">m\u00e1r <b>25\u00a0EUR<\/b><\/span><span class=\"lkx-cta lkx-cta-sm\">Id\u0151pontok megtekint\u00e9se \u2192<\/span>\n        <\/div>\n      <\/div>\n    <\/a><\/div><div class=\"lkx-disclosure\">\ud83d\udd17 A linkek partnerlinkek \u2014 az \u00e1rat nem v\u00e1ltoztatj\u00e1k, nek\u00fcnk viszont seg\u00edtenek a tartalomk\u00e9sz\u00edt\u00e9sben. \u00b7 <a href=\"https:\/\/www.getyourguide.com\/hu-hu\/s\/?q=svedsko&amp;partner_id=MKZ64IS&amp;utm_medium=online_publisher\" target=\"_blank\" rel=\"sponsored noopener nofollow\">\u00d6sszes \u00e9lm\u00e9ny \u2192<\/a><\/div>\n<\/div>\n<!-- LKM_GYG_CARD end -->\n\n\n\n\n<div class=\"lk-stays-module\">\n<style>\n\/* \u2500\u2500\u2500 RESET PRO GUTENBERG \u2500\u2500\u2500 *\/\n.lk-stays-module * { box-sizing: border-box; margin: 0; padding: 0; }\n\n\/* \u2500\u2500\u2500 WRAPPER \u2500\u2500\u2500 *\/\n.lk-stays-module {\n  font-family: 'DM Sans', Georgia, sans-serif;\n  max-width: 100%;\n  margin: 2.5rem auto;\n  background: linear-gradient(135deg, #fdfaf5 0%, #fcf8f0 100%);\n  border: 1px solid #e8dfd4;\n  border-radius: 16px;\n  overflow: hidden;\n  box-shadow: 0 16px 48px rgba(195, 159, 118, 0.25), 0 4px 12px rgba(0,0,0,0.08);\n}\n\n\/* \u2500\u2500\u2500 HEADER \u2500\u2500\u2500 *\/\n.lk-stays-header {\n  position: relative;\n  padding: 24px 36px 24px;\n  background: linear-gradient(135deg, #c39f76 0%, #d4b188 60%, #c39f76 100%);\n  border-bottom: 1px solid rgba(255,255,255,.15);\n  display: flex;\n  align-items: center;\n  gap: 18px;\n}\n.lk-stays-header::before {\n  content: '';\n  position: absolute;\n  inset: 0;\n  background: url(\"data:image\/svg+xml,%3Csvg width='60' height='60' viewBox='0 0 60 60' xmlns='http:\/\/www.w3.org\/2000\/svg'%3E%3Cg fill='none' fill-rule='evenodd'%3E%3Cg fill='%23ffffff' fill-opacity='0.05'%3E%3Cpath d='M36 34v-4h-2v4h-4v2h4v4h2v-4h4v-2h-4zm0-30V0h-2v4h-4v2h4v4h2V6h4V4h-4zM6 34v-4H4v4H0v2h4v4h2v-4h4v-2H6zM6 4V0H4v4H0v2h4v4h2V6h4V4H6z'\/%3E%3C\/g%3E%3C\/g%3E%3C\/svg%3E\") repeat;\n  pointer-events: none;\n}\n.lk-stays-icon {\n  flex-shrink: 0;\n  width: 68px;\n  height: 68px;\n  border-radius: 14px;\n  background: linear-gradient(135deg, #fff 0%, #f9f6f0 100%);\n  display: flex;\n  align-items: center;\n  justify-content: center;\n  font-size: 26px;\n  box-shadow: 0 4px 12px rgba(0,0,0,0.15);\n}\n.lk-stays-eyebrow {\n  font-size: 10px;\n  font-weight: 500;\n  letter-spacing: 2.5px;\n  text-transform: uppercase;\n  color: rgba(255,255,255,.85);\n  margin: 0 0 5px 0;\n}\n.lk-stays-title {\n  font-family: 'Playfair Display', Georgia, serif;\n  font-size: 24px;\n  font-weight: 700;\n  color: #fff;\n  line-height: 1.2;\n  text-shadow: 0 1px 2px rgba(0,0,0,0.1);\n  margin: 0;\n}\n.lk-stays-subtitle {\n  font-size: 13px;\n  color: rgba(255,255,255,.75);\n  margin: 4px 0 0 0;\n  font-weight: 300;\n}\n\n\/* \u2500\u2500\u2500 CARDS GRID \u2500\u2500\u2500 *\/\n.lk-stays-grid {\n  display: grid;\n  grid-template-columns: 1fr 1fr;\n  gap: 1px;\n  background: rgba(195, 159, 118, 0.12);\n}\n\n\/* \u2500\u2500\u2500 SINGLE CARD \u2500\u2500\u2500 *\/\n.lk-stay-card {\n  background: #ffffff;\n  padding: 26px;\n  display: flex;\n  flex-direction: column;\n  gap: 11px;\n  transition: all 0.3s ease;\n  text-decoration: none;\n  color: inherit;\n  position: relative;\n}\n.lk-stay-card:hover {\n  background: #fffbf5;\n  transform: translateY(-2px);\n  box-shadow: 0 8px 24px rgba(195, 159, 118, 0.18);\n  z-index: 1;\n}\n.lk-stay-card.featured {\n  background: linear-gradient(135deg, #fffdf9 0%, #fff9f0 100%);\n  box-shadow: 0 4px 16px rgba(195, 159, 118, 0.15), inset 0 1px 0 rgba(195, 159, 118, 0.1);\n}\n.lk-stay-card.featured:hover {\n  background: linear-gradient(135deg, #fffbf5 0%, #fff8ed 100%);\n  box-shadow: 0 8px 24px rgba(195, 159, 118, 0.25), inset 0 1px 0 rgba(195, 159, 118, 0.15);\n}\n\n.lk-stay-badge {\n  display: inline-flex;\n  align-items: center;\n  gap: 5px;\n  font-size: 10px;\n  font-weight: 500;\n  letter-spacing: 1.5px;\n  text-transform: uppercase;\n  padding: 5px 11px;\n  border-radius: 20px;\n  width: fit-content;\n}\n.badge-top     { background: linear-gradient(135deg, #c39f76 0%, #d4b188 100%); color: #fff; border: 1px solid #c39f76; font-weight: 600; box-shadow: 0 2px 8px rgba(195,159,118,0.3); }\n.badge-luxury  { background: rgba(195,159,118,.12); color: #c39f76; border: 1px solid rgba(195,159,118,.25); }\n.badge-boutique{ background: rgba(54,133,252,.08); color: #3685fc; border: 1px solid rgba(54,133,252,.2); }\n.badge-nature  { background: rgba(130,190,100,.1); color: #6b9c4a; border: 1px solid rgba(130,190,100,.2); }\n.badge-remote  { background: rgba(195,159,118,.12); color: #a67e50; border: 1px solid rgba(195,159,118,.25); }\n\n.lk-stay-name {\n  font-family: 'Playfair Display', Georgia, serif;\n  font-size: 18px;\n  font-weight: 700;\n  color: #111827;\n  line-height: 1.3;\n}\n.lk-stay-desc {\n  font-size: 13.5px;\n  color: #525252;\n  line-height: 1.65;\n  font-weight: 300;\n  flex: 1;\n}\n\n.lk-stay-meta {\n  display: flex;\n  align-items: center;\n  gap: 12px;\n  flex-wrap: wrap;\n  margin-top: 4px;\n}\n.lk-stay-price {\n  font-size: 13px;\n  color: #6b7280;\n}\n.lk-stay-price strong {\n  color: #c39f76;\n  font-weight: 500;\n}\n.lk-stay-stars {\n  color: #c39f76;\n  font-size: 11px;\n  letter-spacing: 1px;\n}\n\n\/* \u2500\u2500\u2500 CTA BUTTON \u2500\u2500\u2500 *\/\n.lk-stay-cta {\n  display: inline-flex;\n  align-items: center;\n  justify-content: center;\n  gap: 7px;\n  margin-top: 8px;\n  padding: 11px 20px;\n  border-radius: 8px;\n  background: linear-gradient(135deg, #3685fc 0%, #2a6fd9 100%);\n  color: #fff;\n  font-size: 13px;\n  font-weight: 500;\n  text-decoration: none;\n  letter-spacing: .3px;\n  transition: all .2s ease;\n  cursor: pointer;\n  border: none;\n  text-align: center;\n  box-shadow: 0 4px 12px rgba(54, 133, 252, 0.25);\n}\n.lk-stay-cta:hover {\n  background: linear-gradient(135deg, #2a6fd9 0%, #1e5bc4 100%);\n  transform: translateY(-1px);\n  box-shadow: 0 6px 16px rgba(54, 133, 252, 0.35);\n}\n.lk-stay-cta svg { flex-shrink: 0; }\n\n\/* \u2500\u2500\u2500 FOOTER \u2500\u2500\u2500 *\/\n.lk-stays-footer {\n  padding: 18px 36px;\n  background: linear-gradient(to bottom, #fdfaf5 0%, #f9f4ed 100%);\n  border-top: 1px solid rgba(195, 159, 118, 0.15);\n  display: flex;\n  align-items: center;\n  justify-content: space-between;\n  flex-wrap: wrap;\n  gap: 12px;\n}\n.lk-stays-footer-note {\n  font-size: 11.5px;\n  color: #6b7280;\n  font-weight: 300;\n  line-height: 1.5;\n}\n.lk-stays-footer-note a {\n  color: #c39f76;\n  text-decoration: none;\n  font-weight: 400;\n}\n.lk-stays-footer-note a:hover {\n  text-decoration: underline;\n}\n.lk-stays-all-btn {\n  display: inline-flex;\n  align-items: center;\n  gap: 6px;\n  font-size: 12.5px;\n  font-weight: 500;\n  color: #c39f76;\n  text-decoration: none;\n  border: 1px solid rgba(195, 159, 118, 0.35);\n  padding: 8px 18px;\n  border-radius: 8px;\n  transition: all .2s ease;\n}\n.lk-stays-all-btn:hover {\n  background: rgba(195, 159, 118, 0.08);\n  border-color: rgba(195, 159, 118, 0.5);\n}\n\n\/* \u2500\u2500\u2500 RESPONSIVE \u2500\u2500\u2500 *\/\n@media (max-width: 600px) {\n  .lk-stays-grid { grid-template-columns: 1fr; }\n  .lk-stays-header { padding: 24px 20px; }\n  .lk-stays-footer { padding: 16px 20px; }\n  .lk-stay-card { padding: 22px; }\n  .lk-stays-title { font-size: 20px; }\n}\n<\/style>\n\n  <!-- HEADER -->\n  <div class=\"lk-stays-header\">\n    <img decoding=\"async\" src=\"https:\/\/loudavymkrokem.cz\/wp-content\/uploads\/2026\/02\/lukas-a-lucka.jpg\" alt=\"\" style=\"width: 75px; height: 75px; border-radius: 8px; flex-shrink: 0; object-fit: cover; display: block; margin: 4px 0;\" title=\"\">\n    <div class=\"lk-stays-header-text\">\n      <div class=\"lk-stays-eyebrow\">Luk\u00e1\u0161 \u00e9s Lucie aj\u00e1nlj\u00e1k<\/div>\n      <div class=\"lk-stays-title\">Hol sz\u00e1lljon meg Sv\u00e9dorsz\u00e1gban<\/div>\n      <div class=\"lk-stays-subtitle\">6 sz\u00e1ll\u00e1s \u2014 hotelek, wellness hotelek \u00e9s egy\u00e9b sz\u00e1ll\u00e1slehet\u0151s\u00e9gek<\/div>\n    <\/div>\n  <\/div>\n\n  <!-- CARDS -->\n  <div class=\"lk-stays-grid\">\n\n    <a class=\"lk-stay-card featured\" href=\"https:\/\/www.stay22.com\/allez\/roam?aid=lukaskonecny&#038;campaign=loudavymkrokemcz&#038;campaign=hu&#038;campaign=svedsko-vlakem&#038;hotelname=Radisson%20Blu%20Waterfront%20Hotel&#038;address=Stockholm\" target=\"_blank\" rel=\"nofollow noopener\">\n      <span class=\"lk-stay-badge badge-top\">\u2b50 TOP V\u00c1LASZT\u00c1S<\/span>\n      <span class=\"lk-stay-badge badge-nature\">\u2b50 Luxury<\/span>\n      <div class=\"lk-stay-name\">Radisson Blu Waterfront Hotel<\/div>\n      <div class=\"lk-stay-desc\">Gy\u00f6ny\u00f6r\u0171 sz\u00e1lloda k\u00f6zvetlen\u00fcl a p\u00e1lyaudvar mellett, kil\u00e1t\u00e1ssal a v\u00e1rosh\u00e1z\u00e1ra. Luxusabb v\u00e1laszt\u00e1s fenomen\u00e1lis reggelivel.<\/div>\n      <div class=\"lk-stay-meta\">\n        <span class=\"lk-stay-stars\">\u2605\u2605\u2605\u2605<\/span>\n        <span class=\"lk-stay-price\">\u20ac145\/\u00e9jszak\u00e1t\u00f3l<\/span>\n      <\/div>\n      <span class=\"lk-stay-cta\">\n        <svg width=\"14\" height=\"14\" viewBox=\"0 0 24 24\" fill=\"none\" stroke=\"currentColor\" stroke-width=\"2\"><path d=\"M18 13v6a2 2 0 0 1-2 2H5a2 2 0 0 1-2-2V8a2 2 0 0 1 2-2h6\"\/><polyline points=\"15 3 21 3 21 9\"\/><line x1=\"10\" y1=\"14\" x2=\"21\" y2=\"3\"\/><\/svg>\n        Ellen\u0151rizd az el\u00e9rhet\u0151s\u00e9get\n      <\/span>\n    <\/a>\n\n    <a class=\"lk-stay-card\" href=\"https:\/\/www.stay22.com\/allez\/roam?aid=lukaskonecny&#038;campaign=loudavymkrokemcz&#038;campaign=hu&#038;campaign=svedsko-vlakem&#038;hotelname=Scandic%20Continental&#038;address=Stockholm\" target=\"_blank\" rel=\"nofollow noopener\">\n      <span class=\"lk-stay-badge badge-nature\">\ud83c\udfe8 Hotel<\/span>\n      <div class=\"lk-stay-name\">Scandic Continental<\/div>\n      <div class=\"lk-stay-desc\">K\u00f6zvetlen\u00fcl a p\u00e1lyaudvar f\u0151bej\u00e1rat\u00e1val szemben tal\u00e1lhat\u00f3. Kiv\u00e1l\u00f3 tet\u0151terasszal \u00e9s nagyon modern, tiszta szob\u00e1kkal rendelkezik.<\/div>\n      <div class=\"lk-stay-meta\">\n        <span class=\"lk-stay-stars\">\u2605\u2605\u2605\u2605<\/span>\n        <span class=\"lk-stay-price\">\u20ac103\/\u00e9jszak\u00e1t\u00f3l<\/span>\n      <\/div>\n      <span class=\"lk-stay-cta\">\n        <svg width=\"14\" height=\"14\" viewBox=\"0 0 24 24\" fill=\"none\" stroke=\"currentColor\" stroke-width=\"2\"><path d=\"M18 13v6a2 2 0 0 1-2 2H5a2 2 0 0 1-2-2V8a2 2 0 0 1 2-2h6\"\/><polyline points=\"15 3 21 3 21 9\"\/><line x1=\"10\" y1=\"14\" x2=\"21\" y2=\"3\"\/><\/svg>\n        Ellen\u0151rizd az el\u00e9rhet\u0151s\u00e9get\n      <\/span>\n    <\/a>\n\n    <a class=\"lk-stay-card\" href=\"https:\/\/www.stay22.com\/allez\/roam?aid=lukaskonecny&#038;campaign=loudavymkrokemcz&#038;campaign=hu&#038;campaign=svedsko-vlakem&#038;hotelname=Comfort%20Hotel%20Xpress%20Stockholm%20Central&#038;address=Stockholm\" target=\"_blank\" rel=\"nofollow noopener\">\n      <span class=\"lk-stay-badge badge-nature\">\ud83c\udfe8 Hotel<\/span>\n      <div class=\"lk-stay-name\">Comfort Hotel Xpress Stockholm Central<\/div>\n      <div class=\"lk-stay-desc\">T\u00f6k\u00e9letes k\u00f6lts\u00e9ghat\u00e9kony lehet\u0151s\u00e9g k\u00f6zvetlen\u00fcl a p\u00e1lyaudvari komplexum \u00e9p\u00fclet\u00e9ben. Kisebb szob\u00e1k, de strat\u00e9giailag verhetetlen.<\/div>\n      <div class=\"lk-stay-meta\">\n        <span class=\"lk-stay-stars\">\u2605\u2605\u2605<\/span>\n        <span class=\"lk-stay-price\">\u20ac68\/\u00e9jszak\u00e1t\u00f3l<\/span>\n      <\/div>\n      <span class=\"lk-stay-cta\">\n        <svg width=\"14\" height=\"14\" viewBox=\"0 0 24 24\" fill=\"none\" stroke=\"currentColor\" stroke-width=\"2\"><path d=\"M18 13v6a2 2 0 0 1-2 2H5a2 2 0 0 1-2-2V8a2 2 0 0 1 2-2h6\"\/><polyline points=\"15 3 21 3 21 9\"\/><line x1=\"10\" y1=\"14\" x2=\"21\" y2=\"3\"\/><\/svg>\n        Ellen\u0151rizd az el\u00e9rhet\u0151s\u00e9get\n      <\/span>\n    <\/a>\n\n    <a class=\"lk-stay-card\" href=\"https:\/\/www.stay22.com\/allez\/roam?aid=lukaskonecny&#038;campaign=loudavymkrokemcz&#038;campaign=hu&#038;campaign=svedsko-vlakem&#038;hotelname=Clarion%20Hotel%20Post&#038;address=Goteborg\" target=\"_blank\" rel=\"nofollow noopener\">\n      <span class=\"lk-stay-badge badge-nature\">\u2b50 Luxury<\/span>\n      <div class=\"lk-stay-name\">Clarion Hotel Post<\/div>\n      <div class=\"lk-stay-desc\">Ikonikus egykori postahivatal \u00e9p\u00fclete k\u00f6zvetlen\u00fcl a p\u00e1lyaudvar el\u0151tti t\u00e9ren. Csod\u00e1latos design \u00e9lm\u00e9ny tet\u0151medenc\u00e9vel.<\/div>\n      <div class=\"lk-stay-meta\">\n        <span class=\"lk-stay-stars\">\u2605\u2605\u2605\u2605<\/span>\n        <span class=\"lk-stay-price\">\u20ac113\/\u00e9jszak\u00e1t\u00f3l<\/span>\n      <\/div>\n      <span class=\"lk-stay-cta\">\n        <svg width=\"14\" height=\"14\" viewBox=\"0 0 24 24\" fill=\"none\" stroke=\"currentColor\" stroke-width=\"2\"><path d=\"M18 13v6a2 2 0 0 1-2 2H5a2 2 0 0 1-2-2V8a2 2 0 0 1 2-2h6\"\/><polyline points=\"15 3 21 3 21 9\"\/><line x1=\"10\" y1=\"14\" x2=\"21\" y2=\"3\"\/><\/svg>\n        Ellen\u0151rizd az el\u00e9rhet\u0151s\u00e9get\n      <\/span>\n    <\/a>\n\n    <a class=\"lk-stay-card\" href=\"https:\/\/www.stay22.com\/allez\/roam?aid=lukaskonecny&#038;campaign=loudavymkrokemcz&#038;campaign=hu&#038;campaign=svedsko-vlakem&#038;hotelname=Clarion%20Hotel%20Malmo%20Live&#038;address=Malmo\" target=\"_blank\" rel=\"nofollow noopener\">\n      <span class=\"lk-stay-badge badge-nature\">\ud83c\udfe8 Hotel<\/span>\n      <div class=\"lk-stay-name\">Clarion Hotel Malm\u00f6 Live<\/div>\n      <div class=\"lk-stay-desc\">Toronyh\u00e1z \u00f6t perc s\u00e9t\u00e1ra a peront\u00f3l. A magasabb emeletekr\u0151l eg\u00e9szen Koppenh\u00e1g\u00e1ig ell\u00e1tni.<\/div>\n      <div class=\"lk-stay-meta\">\n        <span class=\"lk-stay-stars\">\u2605\u2605\u2605\u2605<\/span>\n        <span class=\"lk-stay-price\">\u20ac90\/\u00e9jszak\u00e1t\u00f3l<\/span>\n      <\/div>\n      <span class=\"lk-stay-cta\">\n        <svg width=\"14\" height=\"14\" viewBox=\"0 0 24 24\" fill=\"none\" stroke=\"currentColor\" stroke-width=\"2\"><path d=\"M18 13v6a2 2 0 0 1-2 2H5a2 2 0 0 1-2-2V8a2 2 0 0 1 2-2h6\"\/><polyline points=\"15 3 21 3 21 9\"\/><line x1=\"10\" y1=\"14\" x2=\"21\" y2=\"3\"\/><\/svg>\n        Ellen\u0151rizd az el\u00e9rhet\u0151s\u00e9get\n      <\/span>\n    <\/a>\n\n    <a class=\"lk-stay-card\" href=\"https:\/\/www.stay22.com\/allez\/roam?aid=lukaskonecny&#038;campaign=loudavymkrokemcz&#038;campaign=hu&#038;campaign=svedskovlakem&#038;address=\u0161v\u00e9dsko\" target=\"_blank\" rel=\"nofollow noopener\">\n      <span class=\"lk-stay-badge badge-nature\">\ud83d\udd0d Keres\u00e9s<\/span>\n      <div class=\"lk-stay-name\">\u00d6sszes sz\u00e1ll\u00e1s megtekint\u00e9se Sv\u00e9dorsz\u00e1gban<\/div>\n      <div class=\"lk-stay-desc\">Fedezze fel az \u00f6sszes el\u00e9rhet\u0151 sz\u00e1ll\u00e1slehet\u0151s\u00e9get Sv\u00e9dorsz\u00e1gban, \u00e9s tal\u00e1lja meg a legjobbat preferenci\u00e1i \u00e9s k\u00f6lts\u00e9gvet\u00e9se alapj\u00e1n.<\/div>\n      <div class=\"lk-stay-meta\">\n        <span class=\"lk-stay-stars\">\u2605\u2605\u2605\u2605<\/span>\n        <span class=\"lk-stay-price\">\u00c1rak \u00f6sszehasonl\u00edt\u00e1sa<\/span>\n      <\/div>\n      <span class=\"lk-stay-cta\">\n        <svg width=\"14\" height=\"14\" viewBox=\"0 0 24 24\" fill=\"none\" stroke=\"currentColor\" stroke-width=\"2\"><path d=\"M18 13v6a2 2 0 0 1-2 2H5a2 2 0 0 1-2-2V8a2 2 0 0 1 2-2h6\"\/><polyline points=\"15 3 21 3 21 9\"\/><line x1=\"10\" y1=\"14\" x2=\"21\" y2=\"3\"\/><\/svg>\n        Ellen\u0151rizd az el\u00e9rhet\u0151s\u00e9get\n      <\/span>\n    <\/a>\n\n  <\/div>\n\n  \n<\/div>\n\n\n\n\n<h3 class=\"wp-block-heading\"><span class=\"ez-toc-section\" id=\"12_Kerekpar_silec_es_utazas_gyerekekkel\"><\/span>12. Ker\u00e9kp\u00e1r, s\u00edl\u00e9c \u00e9s utaz\u00e1s gyerekekkel<span class=\"ez-toc-section-end\"><\/span><\/h3>\n\n\n\n<p class=\"wp-block-paragraph\">A gyerekes csal\u00e1dok teljesen im\u00e1dj\u00e1k a sv\u00e9d vonatokat. A tizen\u00f6t \u00e9v alatti gyerekek feln\u0151tt k\u00eds\u00e9r\u0151vel az SJ vonatain rendk\u00edv\u00fcl kedvezm\u00e9nyes \u00e1ron utaznak (gyakran csak az \u00fcl\u0151hely foglal\u00e1si d\u00edj\u00e1t fizetik). Egyes t\u00e1vols\u00e1gi kocsikban r\u00e1ad\u00e1sul van <strong>speci\u00e1lis csal\u00e1di r\u00e9szleg egy kis j\u00e1tsz\u00f3sarokkal<\/strong>, ahol a legkisebb utaz\u00f3k ler\u00f6vid\u00edthetik a hossz\u00fa utat. A babakocsit gond n\u00e9lk\u00fcl sz\u00e1ll\u00edtj\u00e1k, csak \u00f6ssze kell hajtani \u00e9s a kocsi elej\u00e9n l\u00e9v\u0151 erre kijel\u00f6lt helyre tenni.<\/p>\n\n\n\n<p class=\"wp-block-paragraph\">A ker\u00e9kp\u00e1rokkal viszont meglehet\u0151sen bonyolult a helyzet, \u00e9s a nemzeti SJ szolg\u00e1ltat\u00f3 nem k\u00f6nny\u00edti meg t\u00fals\u00e1gosan a biciklisek \u00e9let\u00e9t. <strong>A biciklit nem viheted csak \u00fagy egyben a gyorsvonatra.<\/strong> Sz\u00e9t kell szedned, le kell venned a kerekeit, \u00e9s be kell csomagolnod egy speci\u00e1lis sz\u00e1ll\u00edt\u00f3zs\u00e1kba, hogy sima terjedelmes poggy\u00e1szk\u00e9nt viselkedjen. Csak ezut\u00e1n sz\u00e1llhatsz fel vele a vonatra.<\/p>\n\n\n\n<p class=\"wp-block-paragraph\">Kiv\u00e9telt k\u00e9peznek egyes region\u00e1lis vonatok (p\u00e9ld\u00e1ul az eml\u00edtett \u00d6resundst\u00e5g d\u00e9len vagy a V\u00e4sttrafik vonatai), ahol vannak kifejezetten a biciklisekre szabott speci\u00e1lis kocsik. <strong>Ott a biciklit egy csek\u00e9ly d\u00edj\u00e9rt sim\u00e1n felakasztod egy horogra<\/strong>, \u00e9s semmit sem kell sz\u00e9tszerelned. Mindig ellen\u0151rizd viszont el\u0151re az adott region\u00e1lis szolg\u00e1ltat\u00f3 szab\u00e1lyait.<\/p>\n\n\n\n<p class=\"wp-block-paragraph\">A t\u00e9li felszerel\u00e9s sz\u00e1ll\u00edt\u00e1sa ezzel szemben teljesen probl\u00e9mamentes. A sv\u00e9dek egy s\u00edel\u0151 nemzet, \u00fagyhogy a n\u00e9pszer\u0171 \u00c5re s\u00edk\u00f6zpont fel\u00e9 vagy tov\u00e1bb \u00e9szakra tart\u00f3 \u00e9jszakai vonatoknak <strong>speci\u00e1lis t\u00e1rol\u00f3hely\u00fck van a s\u00edl\u00e9cek \u00e9s snowboardok sz\u00e1m\u00e1ra<\/strong>. Minden fel\u00e1r n\u00e9lk\u00fcl elf\u00e9r.<\/p>\n\n\n\n<p class=\"wp-block-paragraph\">\ud83d\udca1 Tipp: Ha kisgyerekekkel utazol az \u00e9jszakai vonaton Lappf\u00f6ldre, \u00e9rdekl\u0151dj k\u00e9t h\u00e1l\u00f3f\u00fclke \u00f6sszekapcsol\u00e1s\u00e1nak lehet\u0151s\u00e9g\u00e9r\u0151l. Egyes kocsikban a f\u00fclk\u00e9k k\u00f6z\u00f6tt kinyithat\u00f3 ajt\u00f3 van, \u00edgy egy nagy csal\u00e1di teret kapsz.<\/p>\n\n\n\n<figure data-wp-context=\"{&quot;imageId&quot;:&quot;6a9b0aa6b1b05&quot;}\" data-wp-interactive=\"core\/image\" data-wp-key=\"6a9b0aa6b1b05\" class=\"wp-block-image size-full wp-lightbox-container\"><img decoding=\"async\" width=\"1800\" height=\"1200\" data-wp-class--hide=\"state.isContentHidden\" data-wp-class--show=\"state.isContentVisible\" data-wp-init=\"callbacks.setButtonStyles\" data-wp-on--click=\"actions.showLightbox\" data-wp-on--load=\"callbacks.setButtonStyles\" data-wp-on--pointerdown=\"actions.preloadImage\" data-wp-on--pointerenter=\"actions.preloadImageWithDelay\" data-wp-on--pointerleave=\"actions.cancelPreload\" data-wp-on-window--resize=\"callbacks.setButtonStyles\" src=\"https:\/\/loudavymkrokem.cz\/wp-content\/uploads\/2026\/07\/svedsko-clanky-svedsko-vlakem-15.jpg\" alt=\"\u00c9tel a vonaton\" class=\"wp-image-351519\" title=\"\" srcset=\"https:\/\/loudavymkrokem.cz\/wp-content\/uploads\/2026\/07\/svedsko-clanky-svedsko-vlakem-15.jpg 1800w, https:\/\/loudavymkrokem.cz\/wp-content\/uploads\/2026\/07\/svedsko-clanky-svedsko-vlakem-15-300x200.jpg 300w, https:\/\/loudavymkrokem.cz\/wp-content\/uploads\/2026\/07\/svedsko-clanky-svedsko-vlakem-15-700x467.jpg 700w, https:\/\/loudavymkrokem.cz\/wp-content\/uploads\/2026\/07\/svedsko-clanky-svedsko-vlakem-15-768x512.jpg 768w, https:\/\/loudavymkrokem.cz\/wp-content\/uploads\/2026\/07\/svedsko-clanky-svedsko-vlakem-15-1536x1024.jpg 1536w, https:\/\/loudavymkrokem.cz\/wp-content\/uploads\/2026\/07\/svedsko-clanky-svedsko-vlakem-15-696x464.jpg 696w, https:\/\/loudavymkrokem.cz\/wp-content\/uploads\/2026\/07\/svedsko-clanky-svedsko-vlakem-15-1392x928.jpg 1392w\" sizes=\"(max-width: 1800px) 100vw, 1800px\" \/><button\n\t\t\tclass=\"lightbox-trigger\"\n\t\t\ttype=\"button\"\n\t\t\taria-haspopup=\"dialog\"\n\t\t\tdata-wp-bind--aria-label=\"state.thisImage.triggerButtonAriaLabel\"\n\t\t\tdata-wp-init=\"callbacks.initTriggerButton\"\n\t\t\tdata-wp-on--click=\"actions.showLightbox\"\n\t\t\tdata-wp-style--right=\"state.thisImage.buttonRight\"\n\t\t\tdata-wp-style--top=\"state.thisImage.buttonTop\"\n\t\t>\n\t\t\t<svg xmlns=\"http:\/\/www.w3.org\/2000\/svg\" width=\"12\" height=\"12\" fill=\"none\" viewBox=\"0 0 12 12\">\n\t\t\t\t<path fill=\"#fff\" d=\"M2 0a2 2 0 0 0-2 2v2h1.5V2a.5.5 0 0 1 .5-.5h2V0H2Zm2 10.5H2a.5.5 0 0 1-.5-.5V8H0v2a2 2 0 0 0 2 2h2v-1.5ZM8 12v-1.5h2a.5.5 0 0 0 .5-.5V8H12v2a2 2 0 0 1-2 2H8Zm2-12a2 2 0 0 1 2 2v2h-1.5V2a.5.5 0 0 0-.5-.5H8V0h2Z\" \/>\n\t\t\t<\/svg>\n\t\t<\/button><figcaption class=\"wp-element-caption\">Foto: S\u00f3c N\u0103ng \u0110\u1ed9ng \/ Pexels<\/figcaption><\/figure>\n\n\n\n<h3 class=\"wp-block-heading\"><span class=\"ez-toc-section\" id=\"13_Etkezes_a_vonaton_es_hogyan_egyel_olcson\"><\/span>13. \u00c9tkez\u00e9s a vonaton, \u00e9s hogyan egy\u00e9l olcs\u00f3n<span class=\"ez-toc-section-end\"><\/span><\/h3>\n\n\n\n<p class=\"wp-block-paragraph\">A legt\u00f6bb sv\u00e9d t\u00e1vols\u00e1gi vonatnak van egy nagyon kellemes bisztr\u00f3kocsija. Az \u00e1rak \u00e9rthet\u0151 m\u00f3don kicsit magasabbak, mint a szupermarketben, de az alapanyagok min\u0151s\u00e9ge t\u00f6k\u00e9letes. A sv\u00e9dek adnak a fenntarthat\u00f3s\u00e1gra \u00e9s az eg\u00e9szs\u00e9ges \u00e9letm\u00f3dra, \u00fagyhogy itt gond n\u00e9lk\u00fcl vehetsz <strong>kiv\u00e1l\u00f3 veget\u00e1ri\u00e1nus wrapot, friss sal\u00e1t\u00e1t vagy laktat\u00f3 sajtos szendvicset<\/strong>. A k\u00e1v\u00e9 er\u0151s, \u00e9s mindig felaj\u00e1nlj\u00e1k hozz\u00e1 a hagyom\u00e1nyos fah\u00e9jas csig\u00e1t (kanelbulle).<\/p>\n\n\n\n<p class=\"wp-block-paragraph\">Ha sp\u00f3rolni akarsz, \u00e9s j\u00f3l szeretn\u00e9l lakni, melegen aj\u00e1nlom, hogy a felsz\u00e1ll\u00e1s el\u0151tt pr\u00f3b\u00e1ld ki a sv\u00e9d tr\u00fckk\u00f6t, a dagens r\u00e4tt-et (napi men\u00fc). Minden nagyobb p\u00e1lyaudvaron tal\u00e1lsz \u00e9ttermeket, amelyek d\u00e9lben nagyj\u00e1b\u00f3l 120\u2013150 SEK-\u00e9rt (4 000\u20135 000 Ft) <strong>hatalmas adagokat k\u00edn\u00e1lnak korl\u00e1tlan sal\u00e1tab\u00e1rral<\/strong>, keny\u00e9rrel \u00e9s k\u00e1v\u00e9val az \u00e1rban. A vonatra azt\u00e1n teljesen j\u00f3llakottan sz\u00e1llsz fel, \u00e9s el\u00e9g egy termosz tea.<\/p>\n\n\n\n<p class=\"wp-block-paragraph\">Az \u00fatra val\u00f3 apr\u00f3 v\u00e1s\u00e1rl\u00e1sokhoz keress olyan szupermarketeket, mint a Willys vagy a Lidl, amelyek olcs\u00f3bbak a pr\u00e9mium ICA-n\u00e1l \u00e9s a Coopn\u00e1l. <strong>Ne feledd, hogy Sv\u00e9dorsz\u00e1g szinte teljesen k\u00e9szp\u00e9nzmentes t\u00e1rsadalom.<\/strong> A k\u00e9szp\u00e9nz nem sokat \u00e9r, m\u00e9g a p\u00e1lyaudvari mosd\u00f3kban sem haszn\u00e1lhat\u00f3, de k\u00e1rty\u00e1val mindenhol fizethetsz szemrebben\u00e9s n\u00e9lk\u00fcl.<\/p>\n\n\n\n<p class=\"wp-block-paragraph\">A helyiek sz\u00edvesen fizetnek a Swish mobilapplik\u00e1ci\u00f3val, amit viszont turistak\u00e9nt sv\u00e9d banksz\u00e1mla n\u00e9lk\u00fcl nem tudsz megszerezni. N\u00e9ha tal\u00e1lkozhatsz egy kisebb k\u00e1v\u00e9\u00e1russal a p\u00e1lyaudvar el\u0151tt, amely csak Swisht fogad el, de a vonatokon \u00e9s a klasszikus \u00fczletekben a sima k\u00e1rtya mindig megment.<\/p>\n\n\n\n<figure data-wp-context=\"{&quot;imageId&quot;:&quot;6a9b0aa6b2129&quot;}\" data-wp-interactive=\"core\/image\" data-wp-key=\"6a9b0aa6b2129\" class=\"wp-block-image size-full wp-lightbox-container\"><img decoding=\"async\" width=\"1800\" height=\"1201\" data-wp-class--hide=\"state.isContentHidden\" data-wp-class--show=\"state.isContentVisible\" data-wp-init=\"callbacks.setButtonStyles\" data-wp-on--click=\"actions.showLightbox\" data-wp-on--load=\"callbacks.setButtonStyles\" data-wp-on--pointerdown=\"actions.preloadImage\" data-wp-on--pointerenter=\"actions.preloadImageWithDelay\" data-wp-on--pointerleave=\"actions.cancelPreload\" data-wp-on-window--resize=\"callbacks.setButtonStyles\" src=\"https:\/\/loudavymkrokem.cz\/wp-content\/uploads\/2026\/07\/svedsko-clanky-svedsko-vlakem-16.jpg\" alt=\"K\u00e1v\u00e9z\u00f3 a p\u00e1lyaudvaron\" class=\"wp-image-351527\" title=\"\" srcset=\"https:\/\/loudavymkrokem.cz\/wp-content\/uploads\/2026\/07\/svedsko-clanky-svedsko-vlakem-16.jpg 1800w, https:\/\/loudavymkrokem.cz\/wp-content\/uploads\/2026\/07\/svedsko-clanky-svedsko-vlakem-16-300x200.jpg 300w, https:\/\/loudavymkrokem.cz\/wp-content\/uploads\/2026\/07\/svedsko-clanky-svedsko-vlakem-16-700x467.jpg 700w, https:\/\/loudavymkrokem.cz\/wp-content\/uploads\/2026\/07\/svedsko-clanky-svedsko-vlakem-16-768x512.jpg 768w, https:\/\/loudavymkrokem.cz\/wp-content\/uploads\/2026\/07\/svedsko-clanky-svedsko-vlakem-16-1536x1025.jpg 1536w, https:\/\/loudavymkrokem.cz\/wp-content\/uploads\/2026\/07\/svedsko-clanky-svedsko-vlakem-16-696x464.jpg 696w, https:\/\/loudavymkrokem.cz\/wp-content\/uploads\/2026\/07\/svedsko-clanky-svedsko-vlakem-16-1392x929.jpg 1392w\" sizes=\"(max-width: 1800px) 100vw, 1800px\" \/><button\n\t\t\tclass=\"lightbox-trigger\"\n\t\t\ttype=\"button\"\n\t\t\taria-haspopup=\"dialog\"\n\t\t\tdata-wp-bind--aria-label=\"state.thisImage.triggerButtonAriaLabel\"\n\t\t\tdata-wp-init=\"callbacks.initTriggerButton\"\n\t\t\tdata-wp-on--click=\"actions.showLightbox\"\n\t\t\tdata-wp-style--right=\"state.thisImage.buttonRight\"\n\t\t\tdata-wp-style--top=\"state.thisImage.buttonTop\"\n\t\t>\n\t\t\t<svg xmlns=\"http:\/\/www.w3.org\/2000\/svg\" width=\"12\" height=\"12\" fill=\"none\" viewBox=\"0 0 12 12\">\n\t\t\t\t<path fill=\"#fff\" d=\"M2 0a2 2 0 0 0-2 2v2h1.5V2a.5.5 0 0 1 .5-.5h2V0H2Zm2 10.5H2a.5.5 0 0 1-.5-.5V8H0v2a2 2 0 0 0 2 2h2v-1.5ZM8 12v-1.5h2a.5.5 0 0 0 .5-.5V8H12v2a2 2 0 0 1-2 2H8Zm2-12a2 2 0 0 1 2 2v2h-1.5V2a.5.5 0 0 0-.5-.5H8V0h2Z\" \/>\n\t\t\t<\/svg>\n\t\t<\/button><figcaption class=\"wp-element-caption\">Foto: Jakub Zerdzicki \/ Pexels<\/figcaption><\/figure>\n\n\n\n<h3 class=\"wp-block-heading\"><span class=\"ez-toc-section\" id=\"Hol_egyel_a_nagyobb_palyaudvarokon\"><\/span>Hol egy\u00e9l a nagyobb p\u00e1lyaudvarokon<span class=\"ez-toc-section-end\"><\/span><\/h3>\n\n\n\n<p class=\"wp-block-paragraph\">Ha indul\u00e1s el\u0151tt vagy \u00e1tsz\u00e1ll\u00e1skor r\u00e1d t\u00f6r az \u00e9hs\u00e9g, a legt\u00f6bb nagy sv\u00e9d p\u00e1lyaudvaron megb\u00edzhat\u00f3 \u00e1lland\u00f3 helyek m\u0171k\u00f6dnek. Remek v\u00e1laszt\u00e1s a hazai Max Burgers gyors\u00e9ttereml\u00e1nc, amely kiv\u00e1l\u00f3 veget\u00e1ri\u00e1nus v\u00e1ltozatokat is k\u00edn\u00e1l, \u00e9s p\u00e1r perc alatt kezedben az \u00e9tel.<\/p>\n\n\n\n<p class=\"wp-block-paragraph\">K\u00e1v\u00e9ra \u00e9s a hagyom\u00e1nyos sv\u00e9d fik\u00e1ra (\u00e9dessz\u00fcnet) ne hagyd ki a minden\u00fctt jelen l\u00e9v\u0151 Espresso House-t, ahol fantasztikus fah\u00e9jas csig\u00e1t k\u00e9sz\u00edtenek. Ha t\u00f6bb id\u0151d van \u00e9s le szeretn\u00e9l \u00fclni, n\u00e9zz be az O&#8217;Learys sportb\u00e1rba, amelyet a stockholmi \u00e9s a g\u00f6teborgi f\u0151p\u00e1lyaudvaron is megtal\u00e1lsz, \u00e9s ahol becs\u00fcletes meleg \u00e9teleket csin\u00e1lnak.<\/p>\n\n\n\n<p class=\"wp-block-paragraph\">\ud83d\udca1 Tipp: Az SJ bisztr\u00f3j\u00e1ban a k\u00e1v\u00e9t vagy te\u00e1t megveheted a saj\u00e1t \u00fajrahaszn\u00e1lhat\u00f3 termoszb\u00f6gr\u00e9dbe. Nemcsak a term\u00e9szetnek seg\u00edtesz vele, hanem a kiszolg\u00e1l\u00f3 gyakran egy kis kedvezm\u00e9nyt is ad \u00e9rte.<\/p>\n\n\n\n<figure data-wp-context=\"{&quot;imageId&quot;:&quot;6a9b0aa6b2774&quot;}\" data-wp-interactive=\"core\/image\" data-wp-key=\"6a9b0aa6b2774\" class=\"wp-block-image size-full wp-lightbox-container\"><img decoding=\"async\" width=\"1800\" height=\"1200\" data-wp-class--hide=\"state.isContentHidden\" data-wp-class--show=\"state.isContentVisible\" data-wp-init=\"callbacks.setButtonStyles\" data-wp-on--click=\"actions.showLightbox\" data-wp-on--load=\"callbacks.setButtonStyles\" data-wp-on--pointerdown=\"actions.preloadImage\" data-wp-on--pointerenter=\"actions.preloadImageWithDelay\" data-wp-on--pointerleave=\"actions.cancelPreload\" data-wp-on-window--resize=\"callbacks.setButtonStyles\" src=\"https:\/\/loudavymkrokem.cz\/wp-content\/uploads\/2026\/07\/svedsko-clanky-svedsko-vlakem-17.jpg\" alt=\"V\u00e1rakoz\u00e1s a k\u00e9s\u0151 j\u00e1ratra\" class=\"wp-image-351535\" title=\"\" srcset=\"https:\/\/loudavymkrokem.cz\/wp-content\/uploads\/2026\/07\/svedsko-clanky-svedsko-vlakem-17.jpg 1800w, https:\/\/loudavymkrokem.cz\/wp-content\/uploads\/2026\/07\/svedsko-clanky-svedsko-vlakem-17-300x200.jpg 300w, https:\/\/loudavymkrokem.cz\/wp-content\/uploads\/2026\/07\/svedsko-clanky-svedsko-vlakem-17-700x467.jpg 700w, https:\/\/loudavymkrokem.cz\/wp-content\/uploads\/2026\/07\/svedsko-clanky-svedsko-vlakem-17-768x512.jpg 768w, https:\/\/loudavymkrokem.cz\/wp-content\/uploads\/2026\/07\/svedsko-clanky-svedsko-vlakem-17-1536x1024.jpg 1536w, https:\/\/loudavymkrokem.cz\/wp-content\/uploads\/2026\/07\/svedsko-clanky-svedsko-vlakem-17-696x464.jpg 696w, https:\/\/loudavymkrokem.cz\/wp-content\/uploads\/2026\/07\/svedsko-clanky-svedsko-vlakem-17-1392x928.jpg 1392w\" sizes=\"(max-width: 1800px) 100vw, 1800px\" \/><button\n\t\t\tclass=\"lightbox-trigger\"\n\t\t\ttype=\"button\"\n\t\t\taria-haspopup=\"dialog\"\n\t\t\tdata-wp-bind--aria-label=\"state.thisImage.triggerButtonAriaLabel\"\n\t\t\tdata-wp-init=\"callbacks.initTriggerButton\"\n\t\t\tdata-wp-on--click=\"actions.showLightbox\"\n\t\t\tdata-wp-style--right=\"state.thisImage.buttonRight\"\n\t\t\tdata-wp-style--top=\"state.thisImage.buttonTop\"\n\t\t>\n\t\t\t<svg xmlns=\"http:\/\/www.w3.org\/2000\/svg\" width=\"12\" height=\"12\" fill=\"none\" viewBox=\"0 0 12 12\">\n\t\t\t\t<path fill=\"#fff\" d=\"M2 0a2 2 0 0 0-2 2v2h1.5V2a.5.5 0 0 1 .5-.5h2V0H2Zm2 10.5H2a.5.5 0 0 1-.5-.5V8H0v2a2 2 0 0 0 2 2h2v-1.5ZM8 12v-1.5h2a.5.5 0 0 0 .5-.5V8H12v2a2 2 0 0 1-2 2H8Zm2-12a2 2 0 0 1 2 2v2h-1.5V2a.5.5 0 0 0-.5-.5H8V0h2Z\" \/>\n\t\t\t<\/svg>\n\t\t<\/button><figcaption class=\"wp-element-caption\">Foto: Kh-ali-l i \/ Pexels<\/figcaption><\/figure>\n\n\n\n<h3 class=\"wp-block-heading\"><span class=\"ez-toc-section\" id=\"14_Kesesek_vaganyzarak_es_mit_tegyel_ha_nem_jar_a_jarat\"><\/span>14. K\u00e9s\u00e9sek, v\u00e1g\u00e1nyz\u00e1rak \u00e9s mit tegy\u00e9l, ha nem j\u00e1r a j\u00e1rat<span class=\"ez-toc-section-end\"><\/span><\/h3>\n\n\n\n<p class=\"wp-block-paragraph\">A sv\u00e9d vonatok ugyan modernek \u00e9s k\u00e9nyelmesek, de nem immunisak a zord \u00e9szaki term\u00e9szettel szemben. F\u0151leg a t\u00e9li h\u00f3napokban sz\u00e1molnod kell azzal, hogy <strong>a h\u00f3viharok vagy a befagyott v\u00e1lt\u00f3k id\u0151nk\u00e9nt megbolygatj\u00e1k a k\u00f6zleked\u00e9st<\/strong>. Az \u00e9szakra tart\u00f3 hossz\u00fa \u00fatvonalakon a k\u00e9s\u00e9sek nem ritk\u00e1k, \u00e9s j\u00f3 vel\u00fck sz\u00e1molni az \u00fatitervben, meg nem hagyni \u00e9les \u00e1tsz\u00e1ll\u00e1sokat az utols\u00f3 pillanatra.<\/p>\n\n\n\n<p class=\"wp-block-paragraph\">Az eur\u00f3pai szab\u00e1lyoknak k\u00f6sz\u00f6nhet\u0151en azonban nagyon er\u0151s utasjogaid vannak, amelyeket az SJ szigor\u00faan betart. Ha a vonatod hatvan percn\u00e9l nagyobb k\u00e9s\u00e9st szed \u00f6ssze, <strong>jogosult vagy a p\u00e9nz r\u00e9szleges visszat\u00e9r\u00edt\u00e9s\u00e9re<\/strong> (a jegy\u00e1r legal\u00e1bb 25%-\u00e1ra). Mindent nagyon eleg\u00e1nsan, p\u00e1r kattint\u00e1ssal elint\u00e9zel egyenesen az SJ appj\u00e1ban vagy egy egyszer\u0171 \u0171rlapon kereszt\u00fcl a weboldalukon, a p\u00e9nz p\u00e1r napon bel\u00fcl meg\u00e9rkezik a sz\u00e1ml\u00e1ra.<\/p>\n\n\n\n<p class=\"wp-block-paragraph\">Ha az els\u0151 vonat k\u00e9s\u00e9se miatt lek\u00e9sed ugyanazon szolg\u00e1ltat\u00f3 csatlakoz\u00f3 j\u00e1rat\u00e1t, nem kell p\u00e1nikba esned. <strong>A rendszer automatikusan \u00e9s ingyen \u00e1tfoglal a legk\u00f6zelebbi k\u00f6vetkez\u0151 j\u00e1ratra<\/strong>, az \u00faj jegy pedig egyenesen az appban jelenik meg. Ha a k\u00e9s\u00e9s miatt \u00e9jszak\u00e1ra a p\u00e1lyaudvaron ragadn\u00e1l, az SJ sz\u00e1llodai sz\u00e1ll\u00e1st biztos\u00edt \u00e9s fizet neked.<\/p>\n\n\n\n<p class=\"wp-block-paragraph\">Ny\u00e1ron viszont meglehet\u0151sen gyakran el\u0151fordul, hogy a vonalakon karbantart\u00e1s miatti tervezett v\u00e1g\u00e1nyz\u00e1rak vannak. Ilyenkor a szolg\u00e1ltat\u00f3 mindig p\u00f3tl\u00f3 buszk\u00f6zleked\u00e9st (ers\u00e4ttningsbuss) ind\u00edt. A buszok k\u00e9nyelmesek, egyenesen a p\u00e1lyaudvar el\u0151tt v\u00e1rnak, a szem\u00e9lyzet pedig k\u00e9szs\u00e9gesen elir\u00e1ny\u00edt hozz\u00e1juk.<\/p>\n\n\n\n<p class=\"wp-block-paragraph\">\ud83d\udca1 Tipp: Ha t\u00e9nyleg massz\u00edv k\u00e9s\u00e9s t\u00f6rt\u00e9nik, \u00e9s nem \u00e9rsz oda id\u0151ben a c\u00e9l\u00e1llom\u00e1sra, a sv\u00e9d szab\u00e1lyok szerint gyakran jogosult vagy az alternat\u00edv k\u00f6zleked\u00e9s (p\u00e9ld\u00e1ul taxi) \u00e1r\u00e1nak megt\u00e9r\u00edt\u00e9s\u00e9re, ha az \u00f6sszeg nem l\u00e9pi t\u00fal a megszabott hat\u00e1rt.<\/p>\n\n\n\n<figure data-wp-context=\"{&quot;imageId&quot;:&quot;6a9b0aa6b2e6f&quot;}\" data-wp-interactive=\"core\/image\" data-wp-key=\"6a9b0aa6b2e6f\" class=\"wp-block-image size-full wp-lightbox-container\"><img decoding=\"async\" width=\"1800\" height=\"1200\" data-wp-class--hide=\"state.isContentHidden\" data-wp-class--show=\"state.isContentVisible\" data-wp-init=\"callbacks.setButtonStyles\" data-wp-on--click=\"actions.showLightbox\" data-wp-on--load=\"callbacks.setButtonStyles\" data-wp-on--pointerdown=\"actions.preloadImage\" data-wp-on--pointerenter=\"actions.preloadImageWithDelay\" data-wp-on--pointerleave=\"actions.cancelPreload\" data-wp-on-window--resize=\"callbacks.setButtonStyles\" src=\"https:\/\/loudavymkrokem.cz\/wp-content\/uploads\/2026\/07\/svedsko-clanky-svedsko-vlakem-18.jpg\" alt=\"A legszebb vas\u00fati \u00fatvonalak\" class=\"wp-image-351542\" title=\"\" srcset=\"https:\/\/loudavymkrokem.cz\/wp-content\/uploads\/2026\/07\/svedsko-clanky-svedsko-vlakem-18.jpg 1800w, https:\/\/loudavymkrokem.cz\/wp-content\/uploads\/2026\/07\/svedsko-clanky-svedsko-vlakem-18-300x200.jpg 300w, https:\/\/loudavymkrokem.cz\/wp-content\/uploads\/2026\/07\/svedsko-clanky-svedsko-vlakem-18-700x467.jpg 700w, https:\/\/loudavymkrokem.cz\/wp-content\/uploads\/2026\/07\/svedsko-clanky-svedsko-vlakem-18-768x512.jpg 768w, https:\/\/loudavymkrokem.cz\/wp-content\/uploads\/2026\/07\/svedsko-clanky-svedsko-vlakem-18-1536x1024.jpg 1536w, https:\/\/loudavymkrokem.cz\/wp-content\/uploads\/2026\/07\/svedsko-clanky-svedsko-vlakem-18-696x464.jpg 696w, https:\/\/loudavymkrokem.cz\/wp-content\/uploads\/2026\/07\/svedsko-clanky-svedsko-vlakem-18-1392x928.jpg 1392w\" sizes=\"(max-width: 1800px) 100vw, 1800px\" \/><button\n\t\t\tclass=\"lightbox-trigger\"\n\t\t\ttype=\"button\"\n\t\t\taria-haspopup=\"dialog\"\n\t\t\tdata-wp-bind--aria-label=\"state.thisImage.triggerButtonAriaLabel\"\n\t\t\tdata-wp-init=\"callbacks.initTriggerButton\"\n\t\t\tdata-wp-on--click=\"actions.showLightbox\"\n\t\t\tdata-wp-style--right=\"state.thisImage.buttonRight\"\n\t\t\tdata-wp-style--top=\"state.thisImage.buttonTop\"\n\t\t>\n\t\t\t<svg xmlns=\"http:\/\/www.w3.org\/2000\/svg\" width=\"12\" height=\"12\" fill=\"none\" viewBox=\"0 0 12 12\">\n\t\t\t\t<path fill=\"#fff\" d=\"M2 0a2 2 0 0 0-2 2v2h1.5V2a.5.5 0 0 1 .5-.5h2V0H2Zm2 10.5H2a.5.5 0 0 1-.5-.5V8H0v2a2 2 0 0 0 2 2h2v-1.5ZM8 12v-1.5h2a.5.5 0 0 0 .5-.5V8H12v2a2 2 0 0 1-2 2H8Zm2-12a2 2 0 0 1 2 2v2h-1.5V2a.5.5 0 0 0-.5-.5H8V0h2Z\" \/>\n\t\t\t<\/svg>\n\t\t<\/button><figcaption class=\"wp-element-caption\">Foto: Audrey B \/ Pexels<\/figcaption><\/figure>\n\n\n\n<h2 class=\"wp-block-heading\"><span class=\"ez-toc-section\" id=\"Svedorszag_legszebb_vasuti_utvonalai\"><\/span>Sv\u00e9dorsz\u00e1g legszebb vas\u00fati \u00fatvonalai<span class=\"ez-toc-section-end\"><\/span><\/h2>\n\n\n\n<p class=\"wp-block-paragraph\">Ha els\u0151sorban a kil\u00e1t\u00e1sok\u00e9rt \u00e9s mag\u00e1\u00e9rt a menet\u00e9lm\u00e9ny\u00e9rt szeretn\u00e9d \u00e9lvezni a vonatoz\u00e1st, Sv\u00e9dorsz\u00e1g t\u00f6bb olyan vonalat is k\u00edn\u00e1l, amelyek az abszol\u00fat eur\u00f3pai \u00e9lmez\u0151nybe tartoznak. Nem kell vas\u00fatrajong\u00f3nak lenned ahhoz, hogy ezek az \u00fatvonalak elk\u00e1pr\u00e1ztassanak.<\/p>\n\n\n\n<figure data-wp-context=\"{&quot;imageId&quot;:&quot;6a9b0aa6b341a&quot;}\" data-wp-interactive=\"core\/image\" data-wp-key=\"6a9b0aa6b341a\" class=\"wp-block-image size-full wp-lightbox-container\"><img decoding=\"async\" width=\"1800\" height=\"1200\" data-wp-class--hide=\"state.isContentHidden\" data-wp-class--show=\"state.isContentVisible\" data-wp-init=\"callbacks.setButtonStyles\" data-wp-on--click=\"actions.showLightbox\" data-wp-on--load=\"callbacks.setButtonStyles\" data-wp-on--pointerdown=\"actions.preloadImage\" data-wp-on--pointerenter=\"actions.preloadImageWithDelay\" data-wp-on--pointerleave=\"actions.cancelPreload\" data-wp-on-window--resize=\"callbacks.setButtonStyles\" src=\"https:\/\/loudavymkrokem.cz\/wp-content\/uploads\/2026\/07\/svedsko-clanky-svedsko-vlakem-19.jpg\" alt=\"A Malmbanan arktikus vas\u00fatvonal\" class=\"wp-image-351548\" title=\"\" srcset=\"https:\/\/loudavymkrokem.cz\/wp-content\/uploads\/2026\/07\/svedsko-clanky-svedsko-vlakem-19.jpg 1800w, https:\/\/loudavymkrokem.cz\/wp-content\/uploads\/2026\/07\/svedsko-clanky-svedsko-vlakem-19-300x200.jpg 300w, https:\/\/loudavymkrokem.cz\/wp-content\/uploads\/2026\/07\/svedsko-clanky-svedsko-vlakem-19-700x467.jpg 700w, https:\/\/loudavymkrokem.cz\/wp-content\/uploads\/2026\/07\/svedsko-clanky-svedsko-vlakem-19-768x512.jpg 768w, https:\/\/loudavymkrokem.cz\/wp-content\/uploads\/2026\/07\/svedsko-clanky-svedsko-vlakem-19-1536x1024.jpg 1536w, https:\/\/loudavymkrokem.cz\/wp-content\/uploads\/2026\/07\/svedsko-clanky-svedsko-vlakem-19-696x464.jpg 696w, https:\/\/loudavymkrokem.cz\/wp-content\/uploads\/2026\/07\/svedsko-clanky-svedsko-vlakem-19-1392x928.jpg 1392w\" sizes=\"(max-width: 1800px) 100vw, 1800px\" \/><button\n\t\t\tclass=\"lightbox-trigger\"\n\t\t\ttype=\"button\"\n\t\t\taria-haspopup=\"dialog\"\n\t\t\tdata-wp-bind--aria-label=\"state.thisImage.triggerButtonAriaLabel\"\n\t\t\tdata-wp-init=\"callbacks.initTriggerButton\"\n\t\t\tdata-wp-on--click=\"actions.showLightbox\"\n\t\t\tdata-wp-style--right=\"state.thisImage.buttonRight\"\n\t\t\tdata-wp-style--top=\"state.thisImage.buttonTop\"\n\t\t>\n\t\t\t<svg xmlns=\"http:\/\/www.w3.org\/2000\/svg\" width=\"12\" height=\"12\" fill=\"none\" viewBox=\"0 0 12 12\">\n\t\t\t\t<path fill=\"#fff\" d=\"M2 0a2 2 0 0 0-2 2v2h1.5V2a.5.5 0 0 1 .5-.5h2V0H2Zm2 10.5H2a.5.5 0 0 1-.5-.5V8H0v2a2 2 0 0 0 2 2h2v-1.5ZM8 12v-1.5h2a.5.5 0 0 0 .5-.5V8H12v2a2 2 0 0 1-2 2H8Zm2-12a2 2 0 0 1 2 2v2h-1.5V2a.5.5 0 0 0-.5-.5H8V0h2Z\" \/>\n\t\t\t<\/svg>\n\t\t<\/button><figcaption class=\"wp-element-caption\">Foto: urtimud.89 \/ Pexels<\/figcaption><\/figure>\n\n\n\n<h3 class=\"wp-block-heading\"><span class=\"ez-toc-section\" id=\"Malmbanan_arktikus_vasut\"><\/span>Malmbanan (arktikus vas\u00fat)<span class=\"ez-toc-section-end\"><\/span><\/h3>\n\n\n\n<p class=\"wp-block-paragraph\">Ez vit\u00e1n fel\u00fcl a sv\u00e9d vasutak kir\u00e1lyn\u0151je. A vonal a Kiruna b\u00e1nyav\u00e1rost k\u00f6ti \u00f6ssze a norv\u00e9g Narvik kik\u00f6t\u0151vel. A nagyj\u00e1b\u00f3l h\u00e1rom\u00f3r\u00e1s \u00fat sor\u00e1n 130 kilom\u00e9tert teszel meg a legzordabb arktikus vadonon \u00e1t.<\/p>\n\n\n\n<p class=\"wp-block-paragraph\">A vonat \u00e1thalad az Abisko nemzeti parkon, hegyi h\u00e1g\u00f3kon kel \u00e1t, jobb oldalon pedig fantasztikus kil\u00e1t\u00e1s ny\u00edlik a hatalmas befagyott (vagy ny\u00e1ron t\u00fcrkizk\u00e9k) Tornetr\u00e4sk-t\u00f3ra. <strong>A jegy 150\u2013250 SEK-t\u00f3l<\/strong> (kb. 5 000\u20138 300 Ft), a vonal pedig eg\u00e9sz \u00e9vben \u00fczemel, b\u00e1r t\u00e9len lavinavesz\u00e9ly miatt id\u0151nk\u00e9nt z\u00e1rva van.<\/p>\n\n\n\n<figure data-wp-context=\"{&quot;imageId&quot;:&quot;6a9b0aa6b395a&quot;}\" data-wp-interactive=\"core\/image\" data-wp-key=\"6a9b0aa6b395a\" class=\"wp-block-image size-full wp-lightbox-container\"><img decoding=\"async\" width=\"1800\" height=\"1200\" data-wp-class--hide=\"state.isContentHidden\" data-wp-class--show=\"state.isContentVisible\" data-wp-init=\"callbacks.setButtonStyles\" data-wp-on--click=\"actions.showLightbox\" data-wp-on--load=\"callbacks.setButtonStyles\" data-wp-on--pointerdown=\"actions.preloadImage\" data-wp-on--pointerenter=\"actions.preloadImageWithDelay\" data-wp-on--pointerleave=\"actions.cancelPreload\" data-wp-on-window--resize=\"callbacks.setButtonStyles\" src=\"https:\/\/loudavymkrokem.cz\/wp-content\/uploads\/2026\/07\/svedsko-clanky-svedsko-vlakem-20.jpg\" alt=\"Az Inlandsbanan bels\u0151 vas\u00fatvonal\" class=\"wp-image-351554\" title=\"\" srcset=\"https:\/\/loudavymkrokem.cz\/wp-content\/uploads\/2026\/07\/svedsko-clanky-svedsko-vlakem-20.jpg 1800w, https:\/\/loudavymkrokem.cz\/wp-content\/uploads\/2026\/07\/svedsko-clanky-svedsko-vlakem-20-300x200.jpg 300w, https:\/\/loudavymkrokem.cz\/wp-content\/uploads\/2026\/07\/svedsko-clanky-svedsko-vlakem-20-700x467.jpg 700w, https:\/\/loudavymkrokem.cz\/wp-content\/uploads\/2026\/07\/svedsko-clanky-svedsko-vlakem-20-768x512.jpg 768w, https:\/\/loudavymkrokem.cz\/wp-content\/uploads\/2026\/07\/svedsko-clanky-svedsko-vlakem-20-1536x1024.jpg 1536w, https:\/\/loudavymkrokem.cz\/wp-content\/uploads\/2026\/07\/svedsko-clanky-svedsko-vlakem-20-696x464.jpg 696w, https:\/\/loudavymkrokem.cz\/wp-content\/uploads\/2026\/07\/svedsko-clanky-svedsko-vlakem-20-1392x928.jpg 1392w\" sizes=\"(max-width: 1800px) 100vw, 1800px\" \/><button\n\t\t\tclass=\"lightbox-trigger\"\n\t\t\ttype=\"button\"\n\t\t\taria-haspopup=\"dialog\"\n\t\t\tdata-wp-bind--aria-label=\"state.thisImage.triggerButtonAriaLabel\"\n\t\t\tdata-wp-init=\"callbacks.initTriggerButton\"\n\t\t\tdata-wp-on--click=\"actions.showLightbox\"\n\t\t\tdata-wp-style--right=\"state.thisImage.buttonRight\"\n\t\t\tdata-wp-style--top=\"state.thisImage.buttonTop\"\n\t\t>\n\t\t\t<svg xmlns=\"http:\/\/www.w3.org\/2000\/svg\" width=\"12\" height=\"12\" fill=\"none\" viewBox=\"0 0 12 12\">\n\t\t\t\t<path fill=\"#fff\" d=\"M2 0a2 2 0 0 0-2 2v2h1.5V2a.5.5 0 0 1 .5-.5h2V0H2Zm2 10.5H2a.5.5 0 0 1-.5-.5V8H0v2a2 2 0 0 0 2 2h2v-1.5ZM8 12v-1.5h2a.5.5 0 0 0 .5-.5V8H12v2a2 2 0 0 1-2 2H8Zm2-12a2 2 0 0 1 2 2v2h-1.5V2a.5.5 0 0 0-.5-.5H8V0h2Z\" \/>\n\t\t\t<\/svg>\n\t\t<\/button><figcaption class=\"wp-element-caption\">Foto: Eugene Shirokov \/ Pexels<\/figcaption><\/figure>\n\n\n\n<h3 class=\"wp-block-heading\"><span class=\"ez-toc-section\" id=\"Inlandsbanan_belso_vasut\"><\/span>Inlandsbanan (bels\u0151 vas\u00fat)<span class=\"ez-toc-section-end\"><\/span><\/h3>\n\n\n\n<p class=\"wp-block-paragraph\">M\u00edg a Malmbanan a dr\u00e1m\u00e1r\u00f3l sz\u00f3l, az Inlandsbanan a lass\u00fa utaz\u00e1s tiszta romantik\u00e1j\u00e1t k\u00e9pviseli. <strong>A vonal a nehezen elhihet\u0151 1 300 kilom\u00e9ter hossz\u00fa<\/strong>, \u00e9s a d\u00e9li Kristinehamnt\u00f3l a sarkk\u00f6r\u00f6n t\u00fali G\u00e4llivar\u00e9ig h\u00faz\u00f3dik.<\/p>\n\n\n\n<p class=\"wp-block-paragraph\">M\u00e9ly erd\u0151k\u00f6n halad \u00e1t, elhagyatott tavak mellett suhan el, \u00e9s gyakran meg kell \u00e1llnod, mert r\u00e9nszarvasok \u00e1llnak a s\u00edneken. A vonatok csak a ny\u00e1ri szezonban j\u00e1rnak, \u00e9s a legjobb egy t\u00f6bbnapos b\u00e9rletet venni (az \u00e1rak \u00e9vente kiss\u00e9 v\u00e1ltoznak, sz\u00e1molj nagyj\u00e1b\u00f3l 2 000 SEK \/ 66 000 Ft k\u00f6r\u00fcli \u00f6sszeggel), amellyel b\u00e1rhol lesz\u00e1llhatsz \u00e9s kempingezhetsz.<\/p>\n\n\n\n<figure data-wp-context=\"{&quot;imageId&quot;:&quot;6a9b0aa6b3f2b&quot;}\" data-wp-interactive=\"core\/image\" data-wp-key=\"6a9b0aa6b3f2b\" class=\"wp-block-image size-full wp-lightbox-container\"><img decoding=\"async\" width=\"1800\" height=\"1192\" data-wp-class--hide=\"state.isContentHidden\" data-wp-class--show=\"state.isContentVisible\" data-wp-init=\"callbacks.setButtonStyles\" data-wp-on--click=\"actions.showLightbox\" data-wp-on--load=\"callbacks.setButtonStyles\" data-wp-on--pointerdown=\"actions.preloadImage\" data-wp-on--pointerenter=\"actions.preloadImageWithDelay\" data-wp-on--pointerleave=\"actions.cancelPreload\" data-wp-on-window--resize=\"callbacks.setButtonStyles\" src=\"https:\/\/loudavymkrokem.cz\/wp-content\/uploads\/2026\/07\/svedsko-clanky-svedsko-vlakem-21.jpg\" alt=\"Vas\u00fatvonal a Botteni-\u00f6b\u00f6l ment\u00e9n\" class=\"wp-image-351562\" title=\"\" srcset=\"https:\/\/loudavymkrokem.cz\/wp-content\/uploads\/2026\/07\/svedsko-clanky-svedsko-vlakem-21.jpg 1800w, https:\/\/loudavymkrokem.cz\/wp-content\/uploads\/2026\/07\/svedsko-clanky-svedsko-vlakem-21-300x199.jpg 300w, https:\/\/loudavymkrokem.cz\/wp-content\/uploads\/2026\/07\/svedsko-clanky-svedsko-vlakem-21-700x464.jpg 700w, https:\/\/loudavymkrokem.cz\/wp-content\/uploads\/2026\/07\/svedsko-clanky-svedsko-vlakem-21-768x509.jpg 768w, https:\/\/loudavymkrokem.cz\/wp-content\/uploads\/2026\/07\/svedsko-clanky-svedsko-vlakem-21-1536x1017.jpg 1536w, https:\/\/loudavymkrokem.cz\/wp-content\/uploads\/2026\/07\/svedsko-clanky-svedsko-vlakem-21-696x461.jpg 696w, https:\/\/loudavymkrokem.cz\/wp-content\/uploads\/2026\/07\/svedsko-clanky-svedsko-vlakem-21-1392x922.jpg 1392w\" sizes=\"(max-width: 1800px) 100vw, 1800px\" \/><button\n\t\t\tclass=\"lightbox-trigger\"\n\t\t\ttype=\"button\"\n\t\t\taria-haspopup=\"dialog\"\n\t\t\tdata-wp-bind--aria-label=\"state.thisImage.triggerButtonAriaLabel\"\n\t\t\tdata-wp-init=\"callbacks.initTriggerButton\"\n\t\t\tdata-wp-on--click=\"actions.showLightbox\"\n\t\t\tdata-wp-style--right=\"state.thisImage.buttonRight\"\n\t\t\tdata-wp-style--top=\"state.thisImage.buttonTop\"\n\t\t>\n\t\t\t<svg xmlns=\"http:\/\/www.w3.org\/2000\/svg\" width=\"12\" height=\"12\" fill=\"none\" viewBox=\"0 0 12 12\">\n\t\t\t\t<path fill=\"#fff\" d=\"M2 0a2 2 0 0 0-2 2v2h1.5V2a.5.5 0 0 1 .5-.5h2V0H2Zm2 10.5H2a.5.5 0 0 1-.5-.5V8H0v2a2 2 0 0 0 2 2h2v-1.5ZM8 12v-1.5h2a.5.5 0 0 0 .5-.5V8H12v2a2 2 0 0 1-2 2H8Zm2-12a2 2 0 0 1 2 2v2h-1.5V2a.5.5 0 0 0-.5-.5H8V0h2Z\" \/>\n\t\t\t<\/svg>\n\t\t<\/button><figcaption class=\"wp-element-caption\">Foto: Alexander Zvir \/ Pexels<\/figcaption><\/figure>\n\n\n\n<h3 class=\"wp-block-heading\"><span class=\"ez-toc-section\" id=\"Botniabanan_Botteni-obol_vasutja\"><\/span>Botniabanan (Botteni-\u00f6b\u00f6l vas\u00fatja)<span class=\"ez-toc-section-end\"><\/span><\/h3>\n\n\n\n<p class=\"wp-block-paragraph\">Az egyik leg\u00fajabb sv\u00e9d vonal, amely Ume\u00e5t \u00e9s Sundsvallt k\u00f6ti \u00f6ssze. A vonatok itt ak\u00e1r 250 km\/h sebess\u00e9ggel suhannak, a vonal pedig a keleti partot k\u00f6veti.<\/p>\n\n\n\n<p class=\"wp-block-paragraph\">Gy\u00f6ny\u00f6r\u0171 kil\u00e1t\u00e1s ny\u00edlik a tengerre \u00e9s a H\u00f6ga Kusten (Magas part) ter\u00fclet dr\u00e1mai szikl\u00e1ira, amely az UNESCO list\u00e1j\u00e1n szerepel. Ha \u00e9szakra tartasz, \u00e9s nem akarod fel\u00e1ldozni a kil\u00e1t\u00e1st a sebess\u00e9g\u00e9rt, ez a te \u00fatvonalad.<\/p>\n\n\n\n<figure data-wp-context=\"{&quot;imageId&quot;:&quot;6a9b0aa6b4491&quot;}\" data-wp-interactive=\"core\/image\" data-wp-key=\"6a9b0aa6b4491\" class=\"wp-block-image size-full wp-lightbox-container\"><img decoding=\"async\" width=\"1800\" height=\"1056\" data-wp-class--hide=\"state.isContentHidden\" data-wp-class--show=\"state.isContentVisible\" data-wp-init=\"callbacks.setButtonStyles\" data-wp-on--click=\"actions.showLightbox\" data-wp-on--load=\"callbacks.setButtonStyles\" data-wp-on--pointerdown=\"actions.preloadImage\" data-wp-on--pointerenter=\"actions.preloadImageWithDelay\" data-wp-on--pointerleave=\"actions.cancelPreload\" data-wp-on-window--resize=\"callbacks.setButtonStyles\" src=\"https:\/\/loudavymkrokem.cz\/wp-content\/uploads\/2026\/07\/svedsko-clanky-svedsko-vlakem-22.jpg\" alt=\"Stockholm\u2013G\u00f6teborg gyorsvonat\" class=\"wp-image-351570\" title=\"\" srcset=\"https:\/\/loudavymkrokem.cz\/wp-content\/uploads\/2026\/07\/svedsko-clanky-svedsko-vlakem-22.jpg 1800w, https:\/\/loudavymkrokem.cz\/wp-content\/uploads\/2026\/07\/svedsko-clanky-svedsko-vlakem-22-300x176.jpg 300w, https:\/\/loudavymkrokem.cz\/wp-content\/uploads\/2026\/07\/svedsko-clanky-svedsko-vlakem-22-700x411.jpg 700w, https:\/\/loudavymkrokem.cz\/wp-content\/uploads\/2026\/07\/svedsko-clanky-svedsko-vlakem-22-768x451.jpg 768w, https:\/\/loudavymkrokem.cz\/wp-content\/uploads\/2026\/07\/svedsko-clanky-svedsko-vlakem-22-1536x901.jpg 1536w, https:\/\/loudavymkrokem.cz\/wp-content\/uploads\/2026\/07\/svedsko-clanky-svedsko-vlakem-22-696x408.jpg 696w, https:\/\/loudavymkrokem.cz\/wp-content\/uploads\/2026\/07\/svedsko-clanky-svedsko-vlakem-22-1392x817.jpg 1392w\" sizes=\"(max-width: 1800px) 100vw, 1800px\" \/><button\n\t\t\tclass=\"lightbox-trigger\"\n\t\t\ttype=\"button\"\n\t\t\taria-haspopup=\"dialog\"\n\t\t\tdata-wp-bind--aria-label=\"state.thisImage.triggerButtonAriaLabel\"\n\t\t\tdata-wp-init=\"callbacks.initTriggerButton\"\n\t\t\tdata-wp-on--click=\"actions.showLightbox\"\n\t\t\tdata-wp-style--right=\"state.thisImage.buttonRight\"\n\t\t\tdata-wp-style--top=\"state.thisImage.buttonTop\"\n\t\t>\n\t\t\t<svg xmlns=\"http:\/\/www.w3.org\/2000\/svg\" width=\"12\" height=\"12\" fill=\"none\" viewBox=\"0 0 12 12\">\n\t\t\t\t<path fill=\"#fff\" d=\"M2 0a2 2 0 0 0-2 2v2h1.5V2a.5.5 0 0 1 .5-.5h2V0H2Zm2 10.5H2a.5.5 0 0 1-.5-.5V8H0v2a2 2 0 0 0 2 2h2v-1.5ZM8 12v-1.5h2a.5.5 0 0 0 .5-.5V8H12v2a2 2 0 0 1-2 2H8Zm2-12a2 2 0 0 1 2 2v2h-1.5V2a.5.5 0 0 0-.5-.5H8V0h2Z\" \/>\n\t\t\t<\/svg>\n\t\t<\/button><figcaption class=\"wp-element-caption\">Foto: Ingo Joseph \/ Pexels<\/figcaption><\/figure>\n\n\n\n<h3 class=\"wp-block-heading\"><span class=\"ez-toc-section\" id=\"Stockholm_%E2%80%93_Goteborg\"><\/span>Stockholm \u2013 G\u00f6teborg<span class=\"ez-toc-section-end\"><\/span><\/h3>\n\n\n\n<p class=\"wp-block-paragraph\">Ez a klasszikus gyors\u00fatvonal (kb. 450 km) tal\u00e1n nem olyan vad, mint az \u00e9szakiak, de csod\u00e1latos keresztmetszetet ny\u00fajt a sv\u00e9d t\u00e1jb\u00f3l. Az X2000 gyorsvonat h\u00e1rom \u00f3ra alatt teszi meg.<\/p>\n\n\n\n<p class=\"wp-block-paragraph\">V\u00e9gtelen feny\u0151erd\u0151k\u00f6n \u00e9s a hatalmas V\u00e4nern \u00e9s V\u00e4ttern tavak ment\u00e9n haladsz. <strong>Korai v\u00e1s\u00e1rl\u00e1sn\u00e1l (k\u00e9t h\u00f3nappal el\u0151re) m\u00e1r 250 SEK-t\u00f3l<\/strong> (kb. 8 300 Ft) kapsz jegyet, ami ezt az orsz\u00e1g legel\u00e9rhet\u0151bb panor\u00e1mautaz\u00e1s\u00e1v\u00e1 teszi.<\/p>\n\n\n\n<figure data-wp-context=\"{&quot;imageId&quot;:&quot;6a9b0aa6b4a5b&quot;}\" data-wp-interactive=\"core\/image\" data-wp-key=\"6a9b0aa6b4a5b\" class=\"wp-block-image size-full wp-lightbox-container\"><img decoding=\"async\" width=\"1800\" height=\"1200\" data-wp-class--hide=\"state.isContentHidden\" data-wp-class--show=\"state.isContentVisible\" data-wp-init=\"callbacks.setButtonStyles\" data-wp-on--click=\"actions.showLightbox\" data-wp-on--load=\"callbacks.setButtonStyles\" data-wp-on--pointerdown=\"actions.preloadImage\" data-wp-on--pointerenter=\"actions.preloadImageWithDelay\" data-wp-on--pointerleave=\"actions.cancelPreload\" data-wp-on-window--resize=\"callbacks.setButtonStyles\" src=\"https:\/\/loudavymkrokem.cz\/wp-content\/uploads\/2026\/07\/svedsko-clanky-svedsko-vlakem-23.jpg\" alt=\"A vonatos utaz\u00e1s megtervez\u00e9se\" class=\"wp-image-351576\" title=\"\" srcset=\"https:\/\/loudavymkrokem.cz\/wp-content\/uploads\/2026\/07\/svedsko-clanky-svedsko-vlakem-23.jpg 1800w, https:\/\/loudavymkrokem.cz\/wp-content\/uploads\/2026\/07\/svedsko-clanky-svedsko-vlakem-23-300x200.jpg 300w, https:\/\/loudavymkrokem.cz\/wp-content\/uploads\/2026\/07\/svedsko-clanky-svedsko-vlakem-23-700x467.jpg 700w, https:\/\/loudavymkrokem.cz\/wp-content\/uploads\/2026\/07\/svedsko-clanky-svedsko-vlakem-23-768x512.jpg 768w, https:\/\/loudavymkrokem.cz\/wp-content\/uploads\/2026\/07\/svedsko-clanky-svedsko-vlakem-23-1536x1024.jpg 1536w, https:\/\/loudavymkrokem.cz\/wp-content\/uploads\/2026\/07\/svedsko-clanky-svedsko-vlakem-23-696x464.jpg 696w, https:\/\/loudavymkrokem.cz\/wp-content\/uploads\/2026\/07\/svedsko-clanky-svedsko-vlakem-23-1392x928.jpg 1392w\" sizes=\"(max-width: 1800px) 100vw, 1800px\" \/><button\n\t\t\tclass=\"lightbox-trigger\"\n\t\t\ttype=\"button\"\n\t\t\taria-haspopup=\"dialog\"\n\t\t\tdata-wp-bind--aria-label=\"state.thisImage.triggerButtonAriaLabel\"\n\t\t\tdata-wp-init=\"callbacks.initTriggerButton\"\n\t\t\tdata-wp-on--click=\"actions.showLightbox\"\n\t\t\tdata-wp-style--right=\"state.thisImage.buttonRight\"\n\t\t\tdata-wp-style--top=\"state.thisImage.buttonTop\"\n\t\t>\n\t\t\t<svg xmlns=\"http:\/\/www.w3.org\/2000\/svg\" width=\"12\" height=\"12\" fill=\"none\" viewBox=\"0 0 12 12\">\n\t\t\t\t<path fill=\"#fff\" d=\"M2 0a2 2 0 0 0-2 2v2h1.5V2a.5.5 0 0 1 .5-.5h2V0H2Zm2 10.5H2a.5.5 0 0 1-.5-.5V8H0v2a2 2 0 0 0 2 2h2v-1.5ZM8 12v-1.5h2a.5.5 0 0 0 .5-.5V8H12v2a2 2 0 0 1-2 2H8Zm2-12a2 2 0 0 1 2 2v2h-1.5V2a.5.5 0 0 0-.5-.5H8V0h2Z\" \/>\n\t\t\t<\/svg>\n\t\t<\/button><figcaption class=\"wp-element-caption\">Foto: Porapak Apichodilok \/ Pexels<\/figcaption><\/figure>\n\n\n\n<h2 class=\"wp-block-heading\"><span class=\"ez-toc-section\" id=\"Svedorszag_vonattal_tiz_nap_alatt\"><\/span>Sv\u00e9dorsz\u00e1g vonattal t\u00edz nap alatt<span class=\"ez-toc-section-end\"><\/span><\/h2>\n\n\n\n<p class=\"wp-block-paragraph\">Ez a konkr\u00e9t \u00fatiterv \u00fagy van megtervezve, hogy Sv\u00e9dorsz\u00e1g mindk\u00e9t f\u0151 arc\u00e1t l\u00e1sd: a k\u00e1v\u00e9z\u00f3kkal teli, ny\u00fczsg\u0151 d\u00e9li v\u00e1rosokat \u00e9s a zord arktikus vadont \u00e9szakon. Nincs hozz\u00e1 sz\u00fcks\u00e9ged aut\u00f3ra, minden \u00e1tsz\u00e1ll\u00e1st k\u00e9nyelmesen megoldasz a s\u00edneken.<\/p>\n\n\n\n<figure data-wp-context=\"{&quot;imageId&quot;:&quot;6a9b0aa6b4fb4&quot;}\" data-wp-interactive=\"core\/image\" data-wp-key=\"6a9b0aa6b4fb4\" class=\"wp-block-image size-full wp-lightbox-container\"><img decoding=\"async\" width=\"1800\" height=\"1197\" data-wp-class--hide=\"state.isContentHidden\" data-wp-class--show=\"state.isContentVisible\" data-wp-init=\"callbacks.setButtonStyles\" data-wp-on--click=\"actions.showLightbox\" data-wp-on--load=\"callbacks.setButtonStyles\" data-wp-on--pointerdown=\"actions.preloadImage\" data-wp-on--pointerenter=\"actions.preloadImageWithDelay\" data-wp-on--pointerleave=\"actions.cancelPreload\" data-wp-on-window--resize=\"callbacks.setButtonStyles\" src=\"https:\/\/loudavymkrokem.cz\/wp-content\/uploads\/2026\/07\/svedsko-clanky-svedsko-vlakem-24.jpg\" alt=\"\u00c1tkel\u00e9s az \u00d6resund-h\u00eddon vonattal\" class=\"wp-image-351584\" title=\"\" srcset=\"https:\/\/loudavymkrokem.cz\/wp-content\/uploads\/2026\/07\/svedsko-clanky-svedsko-vlakem-24.jpg 1800w, https:\/\/loudavymkrokem.cz\/wp-content\/uploads\/2026\/07\/svedsko-clanky-svedsko-vlakem-24-300x200.jpg 300w, https:\/\/loudavymkrokem.cz\/wp-content\/uploads\/2026\/07\/svedsko-clanky-svedsko-vlakem-24-700x466.jpg 700w, https:\/\/loudavymkrokem.cz\/wp-content\/uploads\/2026\/07\/svedsko-clanky-svedsko-vlakem-24-768x511.jpg 768w, https:\/\/loudavymkrokem.cz\/wp-content\/uploads\/2026\/07\/svedsko-clanky-svedsko-vlakem-24-1536x1021.jpg 1536w, https:\/\/loudavymkrokem.cz\/wp-content\/uploads\/2026\/07\/svedsko-clanky-svedsko-vlakem-24-696x463.jpg 696w, https:\/\/loudavymkrokem.cz\/wp-content\/uploads\/2026\/07\/svedsko-clanky-svedsko-vlakem-24-1392x926.jpg 1392w\" sizes=\"(max-width: 1800px) 100vw, 1800px\" \/><button\n\t\t\tclass=\"lightbox-trigger\"\n\t\t\ttype=\"button\"\n\t\t\taria-haspopup=\"dialog\"\n\t\t\tdata-wp-bind--aria-label=\"state.thisImage.triggerButtonAriaLabel\"\n\t\t\tdata-wp-init=\"callbacks.initTriggerButton\"\n\t\t\tdata-wp-on--click=\"actions.showLightbox\"\n\t\t\tdata-wp-style--right=\"state.thisImage.buttonRight\"\n\t\t\tdata-wp-style--top=\"state.thisImage.buttonTop\"\n\t\t>\n\t\t\t<svg xmlns=\"http:\/\/www.w3.org\/2000\/svg\" width=\"12\" height=\"12\" fill=\"none\" viewBox=\"0 0 12 12\">\n\t\t\t\t<path fill=\"#fff\" d=\"M2 0a2 2 0 0 0-2 2v2h1.5V2a.5.5 0 0 1 .5-.5h2V0H2Zm2 10.5H2a.5.5 0 0 1-.5-.5V8H0v2a2 2 0 0 0 2 2h2v-1.5ZM8 12v-1.5h2a.5.5 0 0 0 .5-.5V8H12v2a2 2 0 0 1-2 2H8Zm2-12a2 2 0 0 1 2 2v2h-1.5V2a.5.5 0 0 0-.5-.5H8V0h2Z\" \/>\n\t\t\t<\/svg>\n\t\t<\/button><figcaption class=\"wp-element-caption\">Foto: Matteo Angeloni \/ Pexels<\/figcaption><\/figure>\n\n\n\n<h3 class=\"wp-block-heading\"><span class=\"ez-toc-section\" id=\"1%E2%80%932_nap_erkezes_es_a_koppenhagai_hid\"><\/span>1\u20132. nap: \u00e9rkez\u00e9s \u00e9s a koppenh\u00e1gai h\u00edd<span class=\"ez-toc-section-end\"><\/span><\/h3>\n\n\n\n<p class=\"wp-block-paragraph\">Magyarorsz\u00e1gr\u00f3l (vonattal vagy rep\u00fcl\u0151vel) meg\u00e9rkezel Koppenh\u00e1g\u00e1ba. Innen ugorj fel az \u00d6resundst\u00e5g region\u00e1lis vonatra (kb. 135 SEK \/ 4 500 Ft), amely 40 perc alatt \u00e1tvisz a h\u00edres h\u00eddon egyenesen Malm\u0151ba.<\/p>\n\n\n\n<p class=\"wp-block-paragraph\">Foglald el a sz\u00e1ll\u00e1sod, \u00e9s n\u00e9zd meg a Turning Torso felh\u0151karcol\u00f3t, a t\u00f6rt\u00e9nelmi Lilla Torg teret, \u00e9s igy\u00e1l egy k\u00e1v\u00e9t valamelyik helyi p\u00e9ks\u00e9gben.<\/p>\n\n\n\n<figure data-wp-context=\"{&quot;imageId&quot;:&quot;6a9b0aa6b5406&quot;}\" data-wp-interactive=\"core\/image\" data-wp-key=\"6a9b0aa6b5406\" class=\"wp-block-image size-full wp-lightbox-container\"><img decoding=\"async\" width=\"1800\" height=\"1350\" data-wp-class--hide=\"state.isContentHidden\" data-wp-class--show=\"state.isContentVisible\" data-wp-init=\"callbacks.setButtonStyles\" data-wp-on--click=\"actions.showLightbox\" data-wp-on--load=\"callbacks.setButtonStyles\" data-wp-on--pointerdown=\"actions.preloadImage\" data-wp-on--pointerenter=\"actions.preloadImageWithDelay\" data-wp-on--pointerleave=\"actions.cancelPreload\" data-wp-on-window--resize=\"callbacks.setButtonStyles\" src=\"https:\/\/loudavymkrokem.cz\/wp-content\/uploads\/2026\/07\/svedsko-clanky-svedsko-vlakem-25.jpg\" alt=\"G\u00f6teborg mint meg\u00e1ll\u00f3 az \u00fatvonalon\" class=\"wp-image-351592\" title=\"\" srcset=\"https:\/\/loudavymkrokem.cz\/wp-content\/uploads\/2026\/07\/svedsko-clanky-svedsko-vlakem-25.jpg 1800w, https:\/\/loudavymkrokem.cz\/wp-content\/uploads\/2026\/07\/svedsko-clanky-svedsko-vlakem-25-300x225.jpg 300w, https:\/\/loudavymkrokem.cz\/wp-content\/uploads\/2026\/07\/svedsko-clanky-svedsko-vlakem-25-700x525.jpg 700w, https:\/\/loudavymkrokem.cz\/wp-content\/uploads\/2026\/07\/svedsko-clanky-svedsko-vlakem-25-768x576.jpg 768w, https:\/\/loudavymkrokem.cz\/wp-content\/uploads\/2026\/07\/svedsko-clanky-svedsko-vlakem-25-1536x1152.jpg 1536w, https:\/\/loudavymkrokem.cz\/wp-content\/uploads\/2026\/07\/svedsko-clanky-svedsko-vlakem-25-80x60.jpg 80w, https:\/\/loudavymkrokem.cz\/wp-content\/uploads\/2026\/07\/svedsko-clanky-svedsko-vlakem-25-160x120.jpg 160w, https:\/\/loudavymkrokem.cz\/wp-content\/uploads\/2026\/07\/svedsko-clanky-svedsko-vlakem-25-696x522.jpg 696w, https:\/\/loudavymkrokem.cz\/wp-content\/uploads\/2026\/07\/svedsko-clanky-svedsko-vlakem-25-1392x1044.jpg 1392w\" sizes=\"(max-width: 1800px) 100vw, 1800px\" \/><button\n\t\t\tclass=\"lightbox-trigger\"\n\t\t\ttype=\"button\"\n\t\t\taria-haspopup=\"dialog\"\n\t\t\tdata-wp-bind--aria-label=\"state.thisImage.triggerButtonAriaLabel\"\n\t\t\tdata-wp-init=\"callbacks.initTriggerButton\"\n\t\t\tdata-wp-on--click=\"actions.showLightbox\"\n\t\t\tdata-wp-style--right=\"state.thisImage.buttonRight\"\n\t\t\tdata-wp-style--top=\"state.thisImage.buttonTop\"\n\t\t>\n\t\t\t<svg xmlns=\"http:\/\/www.w3.org\/2000\/svg\" width=\"12\" height=\"12\" fill=\"none\" viewBox=\"0 0 12 12\">\n\t\t\t\t<path fill=\"#fff\" d=\"M2 0a2 2 0 0 0-2 2v2h1.5V2a.5.5 0 0 1 .5-.5h2V0H2Zm2 10.5H2a.5.5 0 0 1-.5-.5V8H0v2a2 2 0 0 0 2 2h2v-1.5ZM8 12v-1.5h2a.5.5 0 0 0 .5-.5V8H12v2a2 2 0 0 1-2 2H8Zm2-12a2 2 0 0 1 2 2v2h-1.5V2a.5.5 0 0 0-.5-.5H8V0h2Z\" \/>\n\t\t\t<\/svg>\n\t\t<\/button><figcaption class=\"wp-element-caption\">Foto: Kevin A \/ Pexels<\/figcaption><\/figure>\n\n\n\n<h3 class=\"wp-block-heading\"><span class=\"ez-toc-section\" id=\"3%E2%80%934_nap_atkeles_nyugatra_Goteborgba\"><\/span>3\u20134. nap: \u00e1tkel\u00e9s nyugatra G\u00f6teborgba<span class=\"ez-toc-section-end\"><\/span><\/h3>\n\n\n\n<p class=\"wp-block-paragraph\">Reggel indulj vonattal a nyugati part ment\u00e9n G\u00f6teborgba (az \u00fat kevesebb mint 3 \u00f3ra, a jegyek 200 SEK-t\u00f3l). <strong>G\u00f6teborg egy hihetetlen\u00fcl laza hangulat\u00fa v\u00e1ros.<\/strong><\/p>\n\n\n\n<p class=\"wp-block-paragraph\">J\u00e1rd be a t\u00f6rt\u00e9nelmi Haga negyedet a jellegzetes fah\u00e1zakkal, k\u00f3stold meg a h\u00edres \u00f3ri\u00e1si fah\u00e9jas csig\u00e1t (Hagabulle), m\u00e1snap pedig haszn\u00e1ld a helyi kompokat egy kir\u00e1ndul\u00e1sra a d\u00e9li szigetcsoport gr\u00e1nitszigetk\u00e9ire.<\/p>\n\n\n\n<figure data-wp-context=\"{&quot;imageId&quot;:&quot;6a9b0aa6b57ed&quot;}\" data-wp-interactive=\"core\/image\" data-wp-key=\"6a9b0aa6b57ed\" class=\"wp-block-image size-full wp-lightbox-container\"><img decoding=\"async\" width=\"1800\" height=\"1012\" data-wp-class--hide=\"state.isContentHidden\" data-wp-class--show=\"state.isContentVisible\" data-wp-init=\"callbacks.setButtonStyles\" data-wp-on--click=\"actions.showLightbox\" data-wp-on--load=\"callbacks.setButtonStyles\" data-wp-on--pointerdown=\"actions.preloadImage\" data-wp-on--pointerenter=\"actions.preloadImageWithDelay\" data-wp-on--pointerleave=\"actions.cancelPreload\" data-wp-on-window--resize=\"callbacks.setButtonStyles\" src=\"https:\/\/loudavymkrokem.cz\/wp-content\/uploads\/2026\/07\/svedsko-clanky-svedsko-vlakem-26.jpg\" alt=\"Stockholm \u00e9s a szigetvil\u00e1g\" class=\"wp-image-351598\" title=\"\" srcset=\"https:\/\/loudavymkrokem.cz\/wp-content\/uploads\/2026\/07\/svedsko-clanky-svedsko-vlakem-26.jpg 1800w, https:\/\/loudavymkrokem.cz\/wp-content\/uploads\/2026\/07\/svedsko-clanky-svedsko-vlakem-26-300x169.jpg 300w, https:\/\/loudavymkrokem.cz\/wp-content\/uploads\/2026\/07\/svedsko-clanky-svedsko-vlakem-26-700x394.jpg 700w, https:\/\/loudavymkrokem.cz\/wp-content\/uploads\/2026\/07\/svedsko-clanky-svedsko-vlakem-26-768x432.jpg 768w, https:\/\/loudavymkrokem.cz\/wp-content\/uploads\/2026\/07\/svedsko-clanky-svedsko-vlakem-26-1536x864.jpg 1536w, https:\/\/loudavymkrokem.cz\/wp-content\/uploads\/2026\/07\/svedsko-clanky-svedsko-vlakem-26-696x391.jpg 696w, https:\/\/loudavymkrokem.cz\/wp-content\/uploads\/2026\/07\/svedsko-clanky-svedsko-vlakem-26-1392x783.jpg 1392w\" sizes=\"(max-width: 1800px) 100vw, 1800px\" \/><button\n\t\t\tclass=\"lightbox-trigger\"\n\t\t\ttype=\"button\"\n\t\t\taria-haspopup=\"dialog\"\n\t\t\tdata-wp-bind--aria-label=\"state.thisImage.triggerButtonAriaLabel\"\n\t\t\tdata-wp-init=\"callbacks.initTriggerButton\"\n\t\t\tdata-wp-on--click=\"actions.showLightbox\"\n\t\t\tdata-wp-style--right=\"state.thisImage.buttonRight\"\n\t\t\tdata-wp-style--top=\"state.thisImage.buttonTop\"\n\t\t>\n\t\t\t<svg xmlns=\"http:\/\/www.w3.org\/2000\/svg\" width=\"12\" height=\"12\" fill=\"none\" viewBox=\"0 0 12 12\">\n\t\t\t\t<path fill=\"#fff\" d=\"M2 0a2 2 0 0 0-2 2v2h1.5V2a.5.5 0 0 1 .5-.5h2V0H2Zm2 10.5H2a.5.5 0 0 1-.5-.5V8H0v2a2 2 0 0 0 2 2h2v-1.5ZM8 12v-1.5h2a.5.5 0 0 0 .5-.5V8H12v2a2 2 0 0 1-2 2H8Zm2-12a2 2 0 0 1 2 2v2h-1.5V2a.5.5 0 0 0-.5-.5H8V0h2Z\" \/>\n\t\t\t<\/svg>\n\t\t<\/button><figcaption class=\"wp-element-caption\">Foto: Damir K . \/ Pexels<\/figcaption><\/figure>\n\n\n\n<h3 class=\"wp-block-heading\"><span class=\"ez-toc-section\" id=\"5%E2%80%937_nap_Stockholm_es_a_szigetvilag\"><\/span>5\u20137. nap: Stockholm \u00e9s a szigetvil\u00e1g<span class=\"ez-toc-section-end\"><\/span><\/h3>\n\n\n\n<p class=\"wp-block-paragraph\">G\u00f6teborgb\u00f3l sz\u00e1llj fel az X2000 gyorsvonatra Stockholmba (3 \u00f3ra, 250 SEK-t\u00f3l). <strong>A f\u0151v\u00e1rosban a h\u00edres Vasa haj\u00f3m\u00fazeum v\u00e1r r\u00e1d<\/strong> \u00e9s a Gamla Stan t\u00f6rt\u00e9nelmi utc\u00e1i.<\/p>\n\n\n\n<p class=\"wp-block-paragraph\">Mindenk\u00e9pp vedd meg a kedvezm\u00e9nyes SL t\u00f6megk\u00f6zleked\u00e9si b\u00e9rletet (530 SEK), \u00e9s egy eg\u00e9sz napot szentelj a Vaxholm vagy Sandhamn szigetre tart\u00f3 komphaj\u00f3z\u00e1snak. Ez a legjobb m\u00f3dja annak, hogy meg\u00e9rtsd, mi\u00e9rt h\u00edvj\u00e1k Stockholmot \u00c9szak Velenc\u00e9j\u00e9nek.<\/p>\n\n\n\n<figure data-wp-context=\"{&quot;imageId&quot;:&quot;6a9b0aa6b5b91&quot;}\" data-wp-interactive=\"core\/image\" data-wp-key=\"6a9b0aa6b5b91\" class=\"wp-block-image size-full wp-lightbox-container\"><img decoding=\"async\" width=\"1800\" height=\"1200\" data-wp-class--hide=\"state.isContentHidden\" data-wp-class--show=\"state.isContentVisible\" data-wp-init=\"callbacks.setButtonStyles\" data-wp-on--click=\"actions.showLightbox\" data-wp-on--load=\"callbacks.setButtonStyles\" data-wp-on--pointerdown=\"actions.preloadImage\" data-wp-on--pointerenter=\"actions.preloadImageWithDelay\" data-wp-on--pointerleave=\"actions.cancelPreload\" data-wp-on-window--resize=\"callbacks.setButtonStyles\" src=\"https:\/\/loudavymkrokem.cz\/wp-content\/uploads\/2026\/07\/svedsko-clanky-svedsko-vlakem-27.jpg\" alt=\"Lappf\u00f6ld az \u00fatvonal v\u00e9g\u00e9n\" class=\"wp-image-351604\" title=\"\" srcset=\"https:\/\/loudavymkrokem.cz\/wp-content\/uploads\/2026\/07\/svedsko-clanky-svedsko-vlakem-27.jpg 1800w, https:\/\/loudavymkrokem.cz\/wp-content\/uploads\/2026\/07\/svedsko-clanky-svedsko-vlakem-27-300x200.jpg 300w, https:\/\/loudavymkrokem.cz\/wp-content\/uploads\/2026\/07\/svedsko-clanky-svedsko-vlakem-27-700x467.jpg 700w, https:\/\/loudavymkrokem.cz\/wp-content\/uploads\/2026\/07\/svedsko-clanky-svedsko-vlakem-27-768x512.jpg 768w, https:\/\/loudavymkrokem.cz\/wp-content\/uploads\/2026\/07\/svedsko-clanky-svedsko-vlakem-27-1536x1024.jpg 1536w, https:\/\/loudavymkrokem.cz\/wp-content\/uploads\/2026\/07\/svedsko-clanky-svedsko-vlakem-27-696x464.jpg 696w, https:\/\/loudavymkrokem.cz\/wp-content\/uploads\/2026\/07\/svedsko-clanky-svedsko-vlakem-27-1392x928.jpg 1392w\" sizes=\"(max-width: 1800px) 100vw, 1800px\" \/><button\n\t\t\tclass=\"lightbox-trigger\"\n\t\t\ttype=\"button\"\n\t\t\taria-haspopup=\"dialog\"\n\t\t\tdata-wp-bind--aria-label=\"state.thisImage.triggerButtonAriaLabel\"\n\t\t\tdata-wp-init=\"callbacks.initTriggerButton\"\n\t\t\tdata-wp-on--click=\"actions.showLightbox\"\n\t\t\tdata-wp-style--right=\"state.thisImage.buttonRight\"\n\t\t\tdata-wp-style--top=\"state.thisImage.buttonTop\"\n\t\t>\n\t\t\t<svg xmlns=\"http:\/\/www.w3.org\/2000\/svg\" width=\"12\" height=\"12\" fill=\"none\" viewBox=\"0 0 12 12\">\n\t\t\t\t<path fill=\"#fff\" d=\"M2 0a2 2 0 0 0-2 2v2h1.5V2a.5.5 0 0 1 .5-.5h2V0H2Zm2 10.5H2a.5.5 0 0 1-.5-.5V8H0v2a2 2 0 0 0 2 2h2v-1.5ZM8 12v-1.5h2a.5.5 0 0 0 .5-.5V8H12v2a2 2 0 0 1-2 2H8Zm2-12a2 2 0 0 1 2 2v2h-1.5V2a.5.5 0 0 0-.5-.5H8V0h2Z\" \/>\n\t\t\t<\/svg>\n\t\t<\/button><figcaption class=\"wp-element-caption\">Foto: Gu Bra \/ Pexels<\/figcaption><\/figure>\n\n\n\n<h3 class=\"wp-block-heading\"><span class=\"ez-toc-section\" id=\"8%E2%80%9310_nap_ejszakai_kaland_es_Lappfold\"><\/span>8\u201310. nap: \u00e9jszakai kaland \u00e9s Lappf\u00f6ld<span class=\"ez-toc-section-end\"><\/span><\/h3>\n\n\n\n<p class=\"wp-block-paragraph\">A nyolcadik nap est\u00e9j\u00e9n Stockholmban felsz\u00e1llsz az \u00e9jszakai h\u00e1l\u00f3kocsis vonatra (kb. 15 \u00f3ra, fekv\u0151hely 850 SEK-t\u00f3l). <strong>Reggel a sarkk\u00f6r\u00f6n t\u00fal \u00e9bredsz.<\/strong> Sz\u00e1llj le Kirun\u00e1ban, \u00e9s menj el megn\u00e9zni a j\u00e9gsz\u00e1llod\u00e1t a k\u00f6zeli Jukkasj\u00e4rviben.<\/p>\n\n\n\n<p class=\"wp-block-paragraph\">Este pedig lesd a sarki f\u00e9nyt (t\u00e9len), vagy \u00e9lvezd az \u00e9jf\u00e9li napot (ny\u00e1ron). A k\u00f6vetkez\u0151 napon utazz \u00e1t a panor\u00e1mavonalon az Abisko nemzeti parkba egy k\u00f6nny\u0171 t\u00far\u00e1ra. A tizedik napon egyenesen a kirunai rep\u00fcl\u0151t\u00e9rr\u0151l rep\u00fclhetsz haza.<\/p>\n\n\n\n<figure data-wp-context=\"{&quot;imageId&quot;:&quot;6a9b0aa6b6004&quot;}\" data-wp-interactive=\"core\/image\" data-wp-key=\"6a9b0aa6b6004\" class=\"wp-block-image size-full wp-lightbox-container\"><img decoding=\"async\" width=\"1800\" height=\"1800\" data-wp-class--hide=\"state.isContentHidden\" data-wp-class--show=\"state.isContentVisible\" data-wp-init=\"callbacks.setButtonStyles\" data-wp-on--click=\"actions.showLightbox\" data-wp-on--load=\"callbacks.setButtonStyles\" data-wp-on--pointerdown=\"actions.preloadImage\" data-wp-on--pointerenter=\"actions.preloadImageWithDelay\" data-wp-on--pointerleave=\"actions.cancelPreload\" data-wp-on-window--resize=\"callbacks.setButtonStyles\" src=\"https:\/\/loudavymkrokem.cz\/wp-content\/uploads\/2026\/07\/svedsko-clanky-svedsko-vlakem-28.jpg\" alt=\"K\u00f6lts\u00e9gvet\u00e9s a vonatos utaz\u00e1shoz\" class=\"wp-image-351610\" title=\"\" srcset=\"https:\/\/loudavymkrokem.cz\/wp-content\/uploads\/2026\/07\/svedsko-clanky-svedsko-vlakem-28.jpg 1800w, https:\/\/loudavymkrokem.cz\/wp-content\/uploads\/2026\/07\/svedsko-clanky-svedsko-vlakem-28-300x300.jpg 300w, https:\/\/loudavymkrokem.cz\/wp-content\/uploads\/2026\/07\/svedsko-clanky-svedsko-vlakem-28-700x700.jpg 700w, https:\/\/loudavymkrokem.cz\/wp-content\/uploads\/2026\/07\/svedsko-clanky-svedsko-vlakem-28-150x150.jpg 150w, https:\/\/loudavymkrokem.cz\/wp-content\/uploads\/2026\/07\/svedsko-clanky-svedsko-vlakem-28-768x768.jpg 768w, https:\/\/loudavymkrokem.cz\/wp-content\/uploads\/2026\/07\/svedsko-clanky-svedsko-vlakem-28-1536x1536.jpg 1536w, https:\/\/loudavymkrokem.cz\/wp-content\/uploads\/2026\/07\/svedsko-clanky-svedsko-vlakem-28-696x696.jpg 696w, https:\/\/loudavymkrokem.cz\/wp-content\/uploads\/2026\/07\/svedsko-clanky-svedsko-vlakem-28-1392x1392.jpg 1392w\" sizes=\"(max-width: 1800px) 100vw, 1800px\" \/><button\n\t\t\tclass=\"lightbox-trigger\"\n\t\t\ttype=\"button\"\n\t\t\taria-haspopup=\"dialog\"\n\t\t\tdata-wp-bind--aria-label=\"state.thisImage.triggerButtonAriaLabel\"\n\t\t\tdata-wp-init=\"callbacks.initTriggerButton\"\n\t\t\tdata-wp-on--click=\"actions.showLightbox\"\n\t\t\tdata-wp-style--right=\"state.thisImage.buttonRight\"\n\t\t\tdata-wp-style--top=\"state.thisImage.buttonTop\"\n\t\t>\n\t\t\t<svg xmlns=\"http:\/\/www.w3.org\/2000\/svg\" width=\"12\" height=\"12\" fill=\"none\" viewBox=\"0 0 12 12\">\n\t\t\t\t<path fill=\"#fff\" d=\"M2 0a2 2 0 0 0-2 2v2h1.5V2a.5.5 0 0 1 .5-.5h2V0H2Zm2 10.5H2a.5.5 0 0 1-.5-.5V8H0v2a2 2 0 0 0 2 2h2v-1.5ZM8 12v-1.5h2a.5.5 0 0 0 .5-.5V8H12v2a2 2 0 0 1-2 2H8Zm2-12a2 2 0 0 1 2 2v2h-1.5V2a.5.5 0 0 0-.5-.5H8V0h2Z\" \/>\n\t\t\t<\/svg>\n\t\t<\/button><\/figure>\n\n\n\n<h2 class=\"wp-block-heading\"><span class=\"ez-toc-section\" id=\"Gyakorlati_osszefoglalo_es_tajekoztato_arak_2026\"><\/span>Gyakorlati \u00f6sszefoglal\u00f3 \u00e9s t\u00e1j\u00e9koztat\u00f3 \u00e1rak (2026)<span class=\"ez-toc-section-end\"><\/span><\/h2>\n\n\n\n<p class=\"wp-block-paragraph\">Sv\u00e9dorsz\u00e1g nem a legolcs\u00f3bb \u00fati c\u00e9l, de egy vonatos vak\u00e1ci\u00f3 korai v\u00e1s\u00e1rl\u00e1sn\u00e1l nagyon \u00e9sszer\u0171 p\u00e9nzb\u0151l \u00f6sszerakhat\u00f3. Az aktu\u00e1lis \u00e1rfolyam nagyj\u00e1b\u00f3l <strong>1 SEK = 33 Ft<\/strong> k\u00f6r\u00fcl mozog.<\/p>\n\n\n\n<ul class=\"wp-block-list\">\n\n<li>  <strong>Korai jegy Stockholm \u2013 G\u00f6teborg:<\/strong> 250 SEK-t\u00f3l (kb. 8 300 Ft)<\/li>\n\n\n\n<li>  <strong>\u00c9jszakai vonat Stockholm \u2013 Kiruna (fekv\u0151hely):<\/strong> 850 SEK-t\u00f3l (kb. 28 300 Ft)<\/li>\n\n\n\n<li>  <strong>K\u00e1v\u00e9 \u00e9s fah\u00e9jas csiga a vonaton (fika):<\/strong> kb. 75 SEK (kb. 2 500 Ft)<\/li>\n\n\n\n<li>  <strong>Flygbussarna rept\u00e9ri busz (Arlanda \u2013 belv\u00e1ros):<\/strong> kb. 130 SEK (kb. 4 300 Ft)<\/li>\n\n\n\n<li>  <strong>Havi SL b\u00e9rlet (Stockholm) a 2026-os t\u00e1mogat\u00e1ssal:<\/strong> 530 SEK (kb. 17 600 Ft)<\/li>\n\n\n<\/ul>\n\n\n\n<figure data-wp-context=\"{&quot;imageId&quot;:&quot;6a9b0aa6b66b2&quot;}\" data-wp-interactive=\"core\/image\" data-wp-key=\"6a9b0aa6b66b2\" class=\"wp-block-image size-full wp-lightbox-container\"><img decoding=\"async\" width=\"1800\" height=\"1350\" data-wp-class--hide=\"state.isContentHidden\" data-wp-class--show=\"state.isContentVisible\" data-wp-init=\"callbacks.setButtonStyles\" data-wp-on--click=\"actions.showLightbox\" data-wp-on--load=\"callbacks.setButtonStyles\" data-wp-on--pointerdown=\"actions.preloadImage\" data-wp-on--pointerenter=\"actions.preloadImageWithDelay\" data-wp-on--pointerleave=\"actions.cancelPreload\" data-wp-on-window--resize=\"callbacks.setButtonStyles\" src=\"https:\/\/loudavymkrokem.cz\/wp-content\/uploads\/2026\/07\/svedsko-clanky-svedsko-vlakem-29.jpg\" alt=\"Sz\u00e1lloda a f\u0151p\u00e1lyaudvar k\u00f6zel\u00e9ben\" class=\"wp-image-355992\" title=\"\" srcset=\"https:\/\/loudavymkrokem.cz\/wp-content\/uploads\/2026\/07\/svedsko-clanky-svedsko-vlakem-29.jpg 1800w, https:\/\/loudavymkrokem.cz\/wp-content\/uploads\/2026\/07\/svedsko-clanky-svedsko-vlakem-29-300x225.jpg 300w, https:\/\/loudavymkrokem.cz\/wp-content\/uploads\/2026\/07\/svedsko-clanky-svedsko-vlakem-29-700x525.jpg 700w, https:\/\/loudavymkrokem.cz\/wp-content\/uploads\/2026\/07\/svedsko-clanky-svedsko-vlakem-29-768x576.jpg 768w, https:\/\/loudavymkrokem.cz\/wp-content\/uploads\/2026\/07\/svedsko-clanky-svedsko-vlakem-29-1536x1152.jpg 1536w, https:\/\/loudavymkrokem.cz\/wp-content\/uploads\/2026\/07\/svedsko-clanky-svedsko-vlakem-29-80x60.jpg 80w, https:\/\/loudavymkrokem.cz\/wp-content\/uploads\/2026\/07\/svedsko-clanky-svedsko-vlakem-29-160x120.jpg 160w, https:\/\/loudavymkrokem.cz\/wp-content\/uploads\/2026\/07\/svedsko-clanky-svedsko-vlakem-29-696x522.jpg 696w, https:\/\/loudavymkrokem.cz\/wp-content\/uploads\/2026\/07\/svedsko-clanky-svedsko-vlakem-29-1392x1044.jpg 1392w\" sizes=\"(max-width: 1800px) 100vw, 1800px\" \/><button\n\t\t\tclass=\"lightbox-trigger\"\n\t\t\ttype=\"button\"\n\t\t\taria-haspopup=\"dialog\"\n\t\t\tdata-wp-bind--aria-label=\"state.thisImage.triggerButtonAriaLabel\"\n\t\t\tdata-wp-init=\"callbacks.initTriggerButton\"\n\t\t\tdata-wp-on--click=\"actions.showLightbox\"\n\t\t\tdata-wp-style--right=\"state.thisImage.buttonRight\"\n\t\t\tdata-wp-style--top=\"state.thisImage.buttonTop\"\n\t\t>\n\t\t\t<svg xmlns=\"http:\/\/www.w3.org\/2000\/svg\" width=\"12\" height=\"12\" fill=\"none\" viewBox=\"0 0 12 12\">\n\t\t\t\t<path fill=\"#fff\" d=\"M2 0a2 2 0 0 0-2 2v2h1.5V2a.5.5 0 0 1 .5-.5h2V0H2Zm2 10.5H2a.5.5 0 0 1-.5-.5V8H0v2a2 2 0 0 0 2 2h2v-1.5ZM8 12v-1.5h2a.5.5 0 0 0 .5-.5V8H12v2a2 2 0 0 1-2 2H8Zm2-12a2 2 0 0 1 2 2v2h-1.5V2a.5.5 0 0 0-.5-.5H8V0h2Z\" \/>\n\t\t\t<\/svg>\n\t\t<\/button><figcaption class=\"wp-element-caption\">Foto: ph\u00e1t h\u1ed3 \/ Pexels<\/figcaption><\/figure>\n\n\n\n<h2 class=\"wp-block-heading\"><span class=\"ez-toc-section\" id=\"Hol_szallj_meg_a_fopalyaudvarok_kozeleben\"><\/span>Hol sz\u00e1llj meg a f\u0151p\u00e1lyaudvarok k\u00f6zel\u00e9ben<span class=\"ez-toc-section-end\"><\/span><\/h2>\n\n\n\n<p class=\"wp-block-paragraph\"><em>\ud83d\udca1 Tipp sz\u00e1ll\u00e1sra \u00e9s \u00e9lm\u00e9nyekre: A sz\u00e1ll\u00e1st a legsz\u00edvesebben a <a class=\"thirstylink\" rel=\"nofollow\" target=\"_blank\" title=\"Booking.com\" href=\"https:\/\/loudavymkrokem.cz\/doporucujeme\/booking-com\/\" data-shortcode=\"true\">Booking.comon<\/a> keress\u00fck, ahol \u00e1ltal\u00e1ban a legjobbak a lemond\u00e1si felt\u00e9telek. A bel\u00e9p\u0151jegyeket, kir\u00e1ndul\u00e1sokat \u00e9s programokat pedig \u00e9rdemes \u00f6sszehasonl\u00edtani \u00e9s megvenni a <a class=\"thirstylink\" rel=\"nofollow\" target=\"_blank\" title=\"GetYourGuide\" href=\"https:\/\/loudavymkrokem.cz\/doporucujeme\/getyourguide\/\" data-shortcode=\"true\">GetYourGuide<\/a> oldal\u00e1n.<\/em><\/p>\n\n\n\n<p class=\"wp-block-paragraph\">Ha neh\u00e9z h\u00e1tizs\u00e1kkal vonatozol, a sz\u00e1ll\u00e1s strat\u00e9giai elhelyezked\u00e9se abszol\u00fat kulcsfontoss\u00e1g\u00fa. Kiv\u00e1logattam neked n\u00e9h\u00e1ny bev\u00e1lt sz\u00e1llod\u00e1t, amelyekhez a vonatt\u00f3l p\u00e1r perc alatt oda\u00e9rsz gyalog.<\/p>\n\n\n\n<p class=\"wp-block-paragraph\"><strong>Stockholm Centralstation:<\/strong><\/p>\n\n\n\n<ul class=\"wp-block-list\">\n\n<li>  <strong><a href=\"https:\/\/www.stay22.com\/allez\/roam?aid=lukaskonecny&#038;campaign=loudavymkrokemcz&#038;campaign=svedsko-vlakem&#038;hotelname=Radisson%20Blu%20Waterfront%20Hotel&#038;address=Stockholm\" target=\"_blank\" rel=\"noopener nofollow sponsored\">Radisson Blu Waterfront Hotel<\/a><\/strong>: Gy\u00f6ny\u00f6r\u0171 sz\u00e1lloda k\u00f6zvetlen\u00fcl a p\u00e1lyaudvar mellett, kil\u00e1t\u00e1ssal a v\u00e1rosh\u00e1z\u00e1ra. Luxusabb v\u00e1laszt\u00e1s fenomen\u00e1lis reggelivel (kb. 149 000 Ft-t\u00f3l \/ \u00e9j).<\/li>\n\n\n\n<li>  <strong><a href=\"https:\/\/www.stay22.com\/allez\/roam?aid=lukaskonecny&#038;campaign=loudavymkrokemcz&#038;campaign=svedsko-vlakem&#038;hotelname=Scandic%20Continental&#038;address=Stockholm\" target=\"_blank\" rel=\"noopener nofollow sponsored\">Scandic Continental<\/a><\/strong>: Egyenesen a p\u00e1lyaudvar f\u0151bej\u00e1rat\u00e1val szemben tal\u00e1lhat\u00f3. Remek tet\u0151b\u00e1rja \u00e9s nagyon modern, tiszta szob\u00e1i vannak (kb. 106 000 Ft-t\u00f3l \/ \u00e9j).<\/li>\n\n\n\n<li>  <strong><a href=\"https:\/\/www.stay22.com\/allez\/roam?aid=lukaskonecny&#038;campaign=loudavymkrokemcz&#038;campaign=svedsko-vlakem&#038;hotelname=Comfort%20Hotel%20Xpress%20Stockholm%20Central&#038;address=Stockholm\" target=\"_blank\" rel=\"noopener nofollow sponsored\">Comfort Hotel Xpress Stockholm Central<\/a><\/strong>: T\u00f6k\u00e9letes budget v\u00e1ltozat egyenesen a p\u00e1lyaudvari komplexum \u00e9p\u00fclet\u00e9ben. Kisebb szob\u00e1k, de strat\u00e9giailag verhetetlen (kb. 69 500 Ft-t\u00f3l \/ \u00e9j).<\/li>\n\n\n<\/ul>\n\n\n\n<p class=\"wp-block-paragraph\"><strong>G\u00f6teborg Centralstation:<\/strong><\/p>\n\n\n\n<ul class=\"wp-block-list\">\n\n<li>  <strong><a href=\"https:\/\/www.stay22.com\/allez\/roam?aid=lukaskonecny&#038;campaign=loudavymkrokemcz&#038;campaign=svedsko-vlakem&#038;hotelname=Clarion%20Hotel%20Post&#038;address=Goteborg\" target=\"_blank\" rel=\"noopener nofollow sponsored\">Clarion Hotel Post<\/a><\/strong>: A hajdani posta ikonikus \u00e9p\u00fclete r\u00f6gt\u00f6n a p\u00e1lyaudvar el\u0151tti t\u00e9ren. Csod\u00e1latos diz\u00e1jn\u00e9lm\u00e9ny tet\u0151medenc\u00e9vel (kb. 116 000 Ft-t\u00f3l \/ \u00e9j).<\/li>\n\n\n<\/ul>\n\n\n\n<p class=\"wp-block-paragraph\"><strong>Malm\u00f6 Centralstation:<\/strong><\/p>\n\n\n\n<ul class=\"wp-block-list\">\n\n<li>  <strong><a href=\"https:\/\/www.stay22.com\/allez\/roam?aid=lukaskonecny&#038;campaign=loudavymkrokemcz&#038;campaign=svedsko-vlakem&#038;hotelname=Clarion%20Hotel%20Malmo%20Live&#038;address=Malmo\" target=\"_blank\" rel=\"noopener nofollow sponsored\">Clarion Hotel Malm\u00f6 Live<\/a><\/strong>: Magas \u00e9p\u00fclet \u00f6t perc gyalogl\u00e1sra a peront\u00f3l. A fels\u0151bb emeletekr\u0151l eg\u00e9szen Koppenh\u00e1g\u00e1ig ell\u00e1tsz (kb. 92 500 Ft-t\u00f3l \/ \u00e9j).<\/li>\n\n\n<\/ul>\n\n\n\n<h2 class=\"wp-block-heading\"><span class=\"ez-toc-section\" id=\"Hova_tovabb\"><\/span>Hov\u00e1 tov\u00e1bb<span class=\"ez-toc-section-end\"><\/span><\/h2>\n\n\n\n<ul class=\"wp-block-list\">\n\n<li>  A f\u0151v\u00e1ros \u00e9rdekel? Olvasd el a <a href=\"https:\/\/loudavymkrokem.cz\/hu\/svedorszag-stockholm-latnivalok\/\">Stockholm: 25 tipp, mit l\u00e1ss \u00e9s \u00e9lj \u00e1t<\/a> cikket.<\/li>\n\n\n\n<li>  Szeretn\u00e9l \u00e1tfog\u00f3bb k\u00e9pet kapni az eg\u00e9sz orsz\u00e1gr\u00f3l? K\u00e9sz\u00edtettem egy r\u00e9szletes \u00e1ttekint\u00e9st: <a href=\"https:\/\/loudavymkrokem.cz\/hu\/svedorszag-mit-nezz-meg\/\">Sv\u00e9dorsz\u00e1g: 30 tipp, mit l\u00e1ss \u00e9s \u00e9lj \u00e1t<\/a>.<\/li>\n\n\n\n<li>  Ha az arktikus \u00e9szak vonz, mindenk\u00e9pp ne hagyd ki az \u00fatmutat\u00f3t: <a href=\"https:\/\/loudavymkrokem.cz\/hu\/kiruna-svedorszag\/\">Kiruna: 18 tipp, mit l\u00e1ss \u00e9s \u00e9lj \u00e1t<\/a>.<\/li>\n\n\n\n<li>  R\u00e9szletesen a k\u00f6lts\u00e9gvet\u00e9st tervezed? Itt tal\u00e1lod kifejtve: <a href=\"https:\/\/loudavymkrokem.cz\/hu\/svedorszag-arak-nyaralas\/\">\u00c1rak Sv\u00e9dorsz\u00e1gban: mennyibe ker\u00fcl egy nyaral\u00e1s<\/a>.<\/li>\n\n\n\n<li>  M\u00e9gis a saj\u00e1t k\u00f6zleked\u00e9st fontolgatod? Tanulm\u00e1nyozd \u00e1t a k\u00e9zik\u00f6nyvet: <a href=\"https:\/\/loudavymkrokem.cz\/hu\/svedorszag-autoval-roadtrip\/\">Sv\u00e9dorsz\u00e1g aut\u00f3val: \u00fatd\u00edj, szab\u00e1lyok \u00e9s a legjobb roadtripek<\/a>.<\/li>\n\n\n<\/ul>\n\n\n\n<h2 class=\"wp-block-heading\"><span class=\"ez-toc-section\" id=\"Gyakran_ismetelt_kerdesek\"><\/span>Gyakran ism\u00e9telt k\u00e9rd\u00e9sek<span class=\"ez-toc-section-end\"><\/span><\/h2>\n\n\n<div id=\"rank-math-faq\" class=\"rank-math-block\">\n<div class=\"rank-math-list \">\n<div id=\"faq-question-1785264988000\" class=\"rank-math-list-item\">\n<h3 class=\"rank-math-question \"><span class=\"ez-toc-section\" id=\"Mennyibe_kerul_a_vonat_Svedorszagban\"><\/span>Mennyibe ker\u00fcl a vonat Sv\u00e9dorsz\u00e1gban?<span class=\"ez-toc-section-end\"><\/span><\/h3>\n<div class=\"rank-math-answer \">\n\n<p>Az \u00e1rak rendk\u00edv\u00fcl dinamikusak, hasonl\u00f3an a rep\u00fcl\u0151jegyekhez. Egy el\u0151re, egy-k\u00e9t h\u00f3nappal kor\u00e1bban megv\u00e1s\u00e1rolt gyorsvonat-jegy a nagyobb v\u00e1rosok k\u00f6z\u00f6tt (Stockholm \u2013 G\u00f6teborg) k\u00f6r\u00fclbel\u00fcl 9 500\u201315 000 Ft-ba ker\u00fcl. Ha viszont k\u00f6zvetlen\u00fcl a p\u00e1lyaudvaron v\u00e1s\u00e1rolod meg az indul\u00e1s napj\u00e1n, az \u00e1r k\u00f6nnyen \u00e1tl\u00e9pi a 38 000 Ft-ot is. Egy h\u00e1l\u00f3hely az \u00e9szaki \u00e9jszakai vonatokon pedig 32 000 Ft-t\u00f3l indul felfel\u00e9, a f\u00fclke t\u00edpus\u00e1t\u00f3l f\u00fcgg\u0151en.<\/p>\n\n<\/div>\n<\/div>\n<div id=\"faq-question-1785264988001\" class=\"rank-math-list-item\">\n<h3 class=\"rank-math-question \"><span class=\"ez-toc-section\" id=\"Hogyan_es_hol_lehet_megvasarolni_a_legolcsobb_jegyeket\"><\/span>Hogyan \u00e9s hol lehet megv\u00e1s\u00e1rolni a legolcs\u00f3bb jegyeket?<span class=\"ez-toc-section-end\"><\/span><\/h3>\n<div class=\"rank-math-answer \">\n\n<p>A legjobb \u00e1rakat kiz\u00e1r\u00f3lag a fuvaroz\u00f3, az SJ hivatalos alkalmaz\u00e1s\u00e1n vagy weboldal\u00e1n kereszt\u00fcl \u00e9red el. Ker\u00fcld a k\u00f6zvet\u00edt\u0151ket, \u00e9s ide\u00e1lis esetben 60\u201390 nappal el\u0151re v\u00e1s\u00e1rolj, amikor megny\u00edlnak a legolcs\u00f3bb tarif\u00e1k foglal\u00e1si id\u0151szakai. Mindig sv\u00e9d koron\u00e1ban fizess, hogy elker\u00fcld a h\u00e1tr\u00e1nyos \u00e1tv\u00e1lt\u00e1si \u00e1rfolyamokat a bankk\u00e1rty\u00e1don.<\/p>\n\n<\/div>\n<\/div>\n<div id=\"faq-question-1785264988002\" class=\"rank-math-list-item\">\n<h3 class=\"rank-math-question \"><span class=\"ez-toc-section\" id=\"Mennyi_ideig_tart_az_ut_ejszakai_vonattal_Lappfoldre\"><\/span>Mennyi ideig tart az \u00fat \u00e9jszakai vonattal Lappf\u00f6ldre?<span class=\"ez-toc-section-end\"><\/span><\/h3>\n<div class=\"rank-math-answer \">\n\n<p>Az \u00fat Stockholmb\u00f3l Kirun\u00e1ba tiszta menetid\u0151ben k\u00f6r\u00fclbel\u00fcl tizen\u00f6t \u00f3r\u00e1t vesz ig\u00e9nybe, a k\u00f6zeli Abisko Nemzeti Parkig m\u00e9g egy \u00f3r\u00e1val t\u00f6bbet. A vonat a f\u0151v\u00e1rosb\u00f3l kora este indul, \u00e9s a sarkk\u00f6r\u00f6n t\u00fali c\u00e9l\u00e1llom\u00e1sra \u00e1ltal\u00e1ban m\u00e1snap eb\u00e9d ut\u00e1n \u00e9rkezel, t\u00f6k\u00e9letesen kipihenten \u00e9s k\u00e9szen a kir\u00e1ndul\u00e1sokra.<\/p>\n\n<\/div>\n<\/div>\n<div id=\"faq-question-1785264988003\" class=\"rank-math-list-item\">\n<h3 class=\"rank-math-question \"><span class=\"ez-toc-section\" id=\"Megeri-e_Interrail-berletet_hasznalni_Svedorszagban_valo_utazashoz\"><\/span>Meg\u00e9ri-e Interrail-b\u00e9rletet haszn\u00e1lni Sv\u00e9dorsz\u00e1gban val\u00f3 utaz\u00e1shoz?<span class=\"ez-toc-section-end\"><\/span><\/h3>\n<div class=\"rank-math-answer \">\n\n<p>Ha gyors utaz\u00e1sokat tervezel X2000 gyorsvonatokkal, az Interrail nem igaz\u00e1n \u00e9ri meg a k\u00f6telez\u0151 helybiztos\u00edt\u00e1sok magas fel\u00e1rja miatt (kb. 2 700 Ft \u00fcl\u00e9s\u00e9rt \u00e9s t\u00f6bb t\u00edzezer forint h\u00e1l\u00f3hely\u00e9rt). Ha viszont spont\u00e1n m\u00f3don region\u00e1lis vonatokkal szeretn\u00e9l utazni \u00e9s gyakori meg\u00e1ll\u00f3kat tenni az eg\u00e9sz orsz\u00e1gban, a b\u00e9rlet kiv\u00e1l\u00f3 rugalmass\u00e1got biztos\u00edt, \u00e9s sokat sp\u00f3rolhatsz vele.<\/p>\n\n<\/div>\n<\/div>\n<div id=\"faq-question-1785264988004\" class=\"rank-math-list-item\">\n<h3 class=\"rank-math-question \"><span class=\"ez-toc-section\" id=\"Lehet_kerekpart_vinni_a_sved_vonatokra\"><\/span>Lehet ker\u00e9kp\u00e1rt vinni a sv\u00e9d vonatokra?<span class=\"ez-toc-section-end\"><\/span><\/h3>\n<div class=\"rank-math-answer \">\n\n<p>Az SJ nemzeti fuvaroz\u00f3 vonataiban nem sz\u00e1ll\u00edthatsz sz\u00e9t nem szedett ker\u00e9kp\u00e1rt. A biciklit sz\u00e9t kell szerelned, le kell venned a kerekeket, \u00e9s speci\u00e1lis sz\u00e1ll\u00edt\u00f3t\u00e1sk\u00e1ba kell helyezned, hogy rendes poggy\u00e1szk\u00e9nt sz\u00e1m\u00edtson. Kiv\u00e9telt jelentenek n\u00e9h\u00e1ny region\u00e1lis j\u00e1rat az orsz\u00e1g d\u00e9li r\u00e9sz\u00e9n (pl. \u00d6resundst\u00e5g), amelyek ker\u00e9kp\u00e1rosokra szabott kocsikat k\u00edn\u00e1lnak, \u00e9s ahol a ker\u00e9kp\u00e1rt norm\u00e1lisan felakaszthatod egy kamp\u00f3ra.<\/p>\n\n<\/div>\n<\/div>\n<div id=\"faq-question-1785264988005\" class=\"rank-math-list-item\">\n<h3 class=\"rank-math-question \"><span class=\"ez-toc-section\" id=\"Lehet_vonattal_eljutni_Magyarorszagrol_Svedorszagba\"><\/span>Lehet vonattal eljutni Magyarorsz\u00e1gr\u00f3l Sv\u00e9dorsz\u00e1gba?<span class=\"ez-toc-section-end\"><\/span><\/h3>\n<div class=\"rank-math-answer \">\n\n<p>Igen, a kapcsolat meglep\u0151en k\u00e9nyelmes. Budapestr\u0151l expresszvonattal eljuthatsz Drezd\u00e1ba vagy Berlinbe, \u00e9s ott \u00e1tsz\u00e1llhatsz egy \u00e9jszakai vonatra (p\u00e9ld\u00e1ul a Sn\u00e4llt\u00e5get vagy RDC j\u00e1rataira). Ez az expressz azt\u00e1n \u00e9jszaka \u00e1tvisz D\u00e1ni\u00e1n kereszt\u00fcl k\u00f6zvetlen\u00fcl Stockholmba. Az \u00fcl\u0151hely \u00e1ra a mag\u00e1nfuvaroz\u00f3kn\u00e1l szimpatikus 19 000 Ft-t\u00f3l indul.<\/p>\n\n<\/div>\n<\/div>\n<div id=\"faq-question-1785264988006\" class=\"rank-math-list-item\">\n<h3 class=\"rank-math-question \"><span class=\"ez-toc-section\" id=\"Hogyan_lehet_a_legjobban_eljutni_az_Arlanda_repuloterrol_Stockholmba\"><\/span>Hogyan lehet a legjobban eljutni az Arlanda rep\u00fcl\u0151t\u00e9rr\u0151l Stockholmba?<span class=\"ez-toc-section-end\"><\/span><\/h3>\n<div class=\"rank-math-answer \">\n\n<p>A leggyorsabb az Arlanda Express gyorsvonat (18 perc), de rendk\u00edv\u00fcl dr\u00e1ga (kb. 13 000 Ft). Az arany k\u00f6z\u00e9putat ez\u00e9rt a Flygbussarna rep\u00fcl\u0151t\u00e9ri buszok jelentik. Ezek k\u00f6r\u00fclbel\u00fcl 45 percet vesznek ig\u00e9nybe, de csak a gyorsvonat \u00e1r\u00e1nak t\u00f6red\u00e9k\u00e9be ker\u00fclnek (kb. 5 000 Ft). Haszn\u00e1lhatod a Pendelt\u00e5g el\u0151v\u00e1rosi vonatot is, de ahhoz ki kell fizetned a rep\u00fcl\u0151t\u00e9ri p\u00f3td\u00edjat.<\/p>\n\n<\/div>\n<\/div>\n<\/div>\n<\/div>","protected":false},"excerpt":{"rendered":"<p>A vonatoz\u00e1s Sv\u00e9dorsz\u00e1gban \u00f6nmag\u00e1ban is \u00e9lm\u00e9ny. Olvasd el, hogyan vegy\u00e9l olcs\u00f3n jegyet, merre vezetnek a legszebb \u00fatvonalak, \u00e9s mi v\u00e1r r\u00e1d az \u00e9jszakai h\u00e1l\u00f3kocsiban.<\/p>\n","protected":false},"author":3,"featured_media":351418,"comment_status":"open","ping_status":"open","sticky":false,"template":"","format":"standard","meta":{"_acf_changed":false,"footnotes":"","rank_math_title":"Sv\u00e9dorsz\u00e1g vonattal 2026: \u00e9jszakai j\u00e1ratok \u00e9s \u00e1rak","rank_math_description":"Sv\u00e9dorsz\u00e1g vonattal 2026: \u00e9jszakai j\u00e1ratok, olcs\u00f3 jegyek \u00e9s a legszebb \u00fatvonalak Stockholmt\u00f3l a sarkk\u00f6rig. Tervezd meg a vas\u00fati kalandod m\u00e9g ma!","rank_math_focus_keyword":"Sv\u00e9dorsz\u00e1g vonattal","rank_math_seo_score":""},"categories":[1804,1788],"tags":[],"class_list":["post-409193","post","type-post","status-publish","format-standard","has-post-thumbnail","category-europa","category-utazas"],"acf":[],"featured_image_src":"https:\/\/loudavymkrokem.cz\/wp-content\/uploads\/2026\/07\/svedsko-clanky-svedsko-vlakem-01.jpg","author_info":{"display_name":"Lucie Kone\u010dn\u00e1","author_link":"https:\/\/loudavymkrokem.cz\/hu\/author\/lucie-konecna\/"},"_links":{"self":[{"href":"https:\/\/loudavymkrokem.cz\/hu\/wp-json\/wp\/v2\/posts\/409193","targetHints":{"allow":["GET"]}}],"collection":[{"href":"https:\/\/loudavymkrokem.cz\/hu\/wp-json\/wp\/v2\/posts"}],"about":[{"href":"https:\/\/loudavymkrokem.cz\/hu\/wp-json\/wp\/v2\/types\/post"}],"author":[{"embeddable":true,"href":"https:\/\/loudavymkrokem.cz\/hu\/wp-json\/wp\/v2\/users\/3"}],"replies":[{"embeddable":true,"href":"https:\/\/loudavymkrokem.cz\/hu\/wp-json\/wp\/v2\/comments?post=409193"}],"version-history":[{"count":0,"href":"https:\/\/loudavymkrokem.cz\/hu\/wp-json\/wp\/v2\/posts\/409193\/revisions"}],"wp:featuredmedia":[{"embeddable":true,"href":"https:\/\/loudavymkrokem.cz\/hu\/wp-json\/wp\/v2\/media\/351418"}],"wp:attachment":[{"href":"https:\/\/loudavymkrokem.cz\/hu\/wp-json\/wp\/v2\/media?parent=409193"}],"wp:term":[{"taxonomy":"category","embeddable":true,"href":"https:\/\/loudavymkrokem.cz\/hu\/wp-json\/wp\/v2\/categories?post=409193"},{"taxonomy":"post_tag","embeddable":true,"href":"https:\/\/loudavymkrokem.cz\/hu\/wp-json\/wp\/v2\/tags?post=409193"}],"curies":[{"name":"wp","href":"https:\/\/api.w.org\/{rel}","templated":true}]}}