{"id":409190,"date":"2026-08-28T17:28:52","date_gmt":"2026-08-28T15:28:52","guid":{"rendered":"https:\/\/loudavymkrokem.cz\/livorno-olaszorszag-tippek\/"},"modified":"2026-08-31T08:26:51","modified_gmt":"2026-08-31T06:26:51","slug":"livorno-olaszorszag-tippek","status":"publish","type":"post","link":"https:\/\/loudavymkrokem.cz\/hu\/livorno-olaszorszag-tippek\/","title":{"rendered":"Livorno, Olaszorsz\u00e1g 2026: 18 tipp, mit l\u00e1ss, strandok \u00e9s street food"},"content":{"rendered":"\n<p class=\"wp-block-paragraph\">A legt\u00f6bb utaz\u00f3 sz\u00e1m\u00e1ra Livorno, Olaszorsz\u00e1g csak egy <strong>felirat a kompjegyen<\/strong> vagy egy r\u00f6vid meg\u00e1ll\u00f3 a tengerj\u00e1r\u00f3 haj\u00f3 \u00fatj\u00e1n. A kik\u00f6t\u0151b\u0151l azonnal Firenz\u00e9be vagy Pis\u00e1ba rohannak, mag\u00e1t a v\u00e1rost pedig teljesen kihagyj\u00e1k. \u00d3ri\u00e1si k\u00e1r, mert ennek a kik\u00f6t\u0151v\u00e1rosnak <strong>eg\u00e9szen m\u00e1s a hangulata, mint Toszk\u00e1na t\u00f6bbi r\u00e9sz\u00e9nek<\/strong>.<\/p>\n\n\n\n<p class=\"wp-block-paragraph\">Ne sz\u00e1m\u00edts itt tipikus k\u00f6z\u00e9pkori sik\u00e1torokra, amelyeket takaros ciprusok szeg\u00e9lyeznek. Livorno <strong>nyers, funkcion\u00e1lis, \u00e9s \u00e1rad bel\u0151le a tenger\u00e9szm\u00falt<\/strong>. Cser\u00e9be viszont itt tal\u00e1lod Toszk\u00e1na egyik legjobb strandjait, egy leny\u0171g\u00f6z\u0151 csatornah\u00e1l\u00f3zatot \u00e9s <strong>olyan street foodot, amelybe azonnal beleszeretsz<\/strong>. Akinek nagyon hi\u00e1nyzik a kifinomult renesz\u00e1nsz romantika, az tal\u00e1n ink\u00e1bb Lucc\u00e1t fogja \u00e9rt\u00e9kelni, de ha autentikus olasz \u00e9letet keresel, itt j\u00f3 helyen j\u00e1rsz.<\/p>\n\n\n\n<p class=\"wp-block-paragraph\">Ennek a v\u00e1rosnak sok mindent tud k\u00edn\u00e1lni, az er\u0151d\u00f6kt\u0151l a csatorn\u00e1kon \u00e1t a szikl\u00e1kig. N\u00e9zz\u00fck meg a <strong>18 tippet, amelyek seg\u00edtenek, hogy rendesen \u00e9lvezd<\/strong>. Bej\u00e1rjuk a Costa degli Etruschi partvid\u00e9k\u00e9t, \u00e9s sz\u00f3t ejt\u00fcnk a sz\u00e1ll\u00e1sr\u00f3l is, ami itt kicsit k\u00f6r\u00fcltekint\u00e9st ig\u00e9nyel. \u00c9s persze arr\u00f3l is besz\u00e9l\u00fcnk, hogyan m\u0171k\u00f6dnek a helyi kompok, \u00e9s mit lehet megn\u00e9zni, ha csak p\u00e1r \u00f3r\u00e1d van a v\u00e1rosra.<\/p>\n\n\n\n<figure data-wp-context=\"{&quot;imageId&quot;:&quot;6a95408d7d54d&quot;}\" data-wp-interactive=\"core\/image\" data-wp-key=\"6a95408d7d54d\" class=\"wp-block-image size-full wp-lightbox-container\"><img decoding=\"async\" width=\"2528\" height=\"1696\" data-wp-class--hide=\"state.isContentHidden\" data-wp-class--show=\"state.isContentVisible\" data-wp-init=\"callbacks.setButtonStyles\" data-wp-on--click=\"actions.showLightbox\" data-wp-on--load=\"callbacks.setButtonStyles\" data-wp-on--pointerdown=\"actions.preloadImage\" data-wp-on--pointerenter=\"actions.preloadImageWithDelay\" data-wp-on--pointerleave=\"actions.cancelPreload\" data-wp-on-window--resize=\"callbacks.setButtonStyles\" src=\"https:\/\/loudavymkrokem.cz\/wp-content\/uploads\/2026\/08\/01-2.jpg\" alt=\"Livorno, Olaszorsz\u00e1g l\u00e1tk\u00e9pe a tengerparton\" class=\"wp-image-393904\" title=\"\" srcset=\"https:\/\/loudavymkrokem.cz\/wp-content\/uploads\/2026\/08\/01-2.jpg 2528w, https:\/\/loudavymkrokem.cz\/wp-content\/uploads\/2026\/08\/01-2-300x201.jpg 300w, https:\/\/loudavymkrokem.cz\/wp-content\/uploads\/2026\/08\/01-2-700x470.jpg 700w, https:\/\/loudavymkrokem.cz\/wp-content\/uploads\/2026\/08\/01-2-768x515.jpg 768w, https:\/\/loudavymkrokem.cz\/wp-content\/uploads\/2026\/08\/01-2-1536x1030.jpg 1536w, https:\/\/loudavymkrokem.cz\/wp-content\/uploads\/2026\/08\/01-2-2048x1374.jpg 2048w, https:\/\/loudavymkrokem.cz\/wp-content\/uploads\/2026\/08\/01-2-696x467.jpg 696w, https:\/\/loudavymkrokem.cz\/wp-content\/uploads\/2026\/08\/01-2-1392x934.jpg 1392w, https:\/\/loudavymkrokem.cz\/wp-content\/uploads\/2026\/08\/01-2-1920x1288.jpg 1920w\" sizes=\"(max-width: 2528px) 100vw, 2528px\" \/><button\n\t\t\tclass=\"lightbox-trigger\"\n\t\t\ttype=\"button\"\n\t\t\taria-haspopup=\"dialog\"\n\t\t\tdata-wp-bind--aria-label=\"state.thisImage.triggerButtonAriaLabel\"\n\t\t\tdata-wp-init=\"callbacks.initTriggerButton\"\n\t\t\tdata-wp-on--click=\"actions.showLightbox\"\n\t\t\tdata-wp-style--right=\"state.thisImage.buttonRight\"\n\t\t\tdata-wp-style--top=\"state.thisImage.buttonTop\"\n\t\t>\n\t\t\t<svg xmlns=\"http:\/\/www.w3.org\/2000\/svg\" width=\"12\" height=\"12\" fill=\"none\" viewBox=\"0 0 12 12\">\n\t\t\t\t<path fill=\"#fff\" d=\"M2 0a2 2 0 0 0-2 2v2h1.5V2a.5.5 0 0 1 .5-.5h2V0H2Zm2 10.5H2a.5.5 0 0 1-.5-.5V8H0v2a2 2 0 0 0 2 2h2v-1.5ZM8 12v-1.5h2a.5.5 0 0 0 .5-.5V8H12v2a2 2 0 0 1-2 2H8Zm2-12a2 2 0 0 1 2 2v2h-1.5V2a.5.5 0 0 0-.5-.5H8V0h2Z\" \/>\n\t\t\t<\/svg>\n\t\t<\/button><figcaption class=\"wp-element-caption\">livorno-rr-01.jpg<\/figcaption><\/figure>\n\n\n\n<div id=\"ez-toc-container\" class=\"ez-toc-v2_0_86 ez-toc-wrap-left counter-hierarchy ez-toc-counter ez-toc-grey ez-toc-container-direction\">\n<div class=\"ez-toc-title-container\">\n<p class=\"ez-toc-title\" style=\"cursor:inherit\">A cikk tartalma<\/p>\n<span class=\"ez-toc-title-toggle\"><a href=\"#\" class=\"ez-toc-pull-right ez-toc-btn ez-toc-btn-xs ez-toc-btn-default ez-toc-toggle\" aria-label=\"Toggle Table of Content\"><span class=\"ez-toc-js-icon-con\"><span class=\"\"><span class=\"eztoc-hide\" style=\"display:none;\">Toggle<\/span><span class=\"ez-toc-icon-toggle-span\"><svg style=\"fill: #999;color:#999\" xmlns=\"http:\/\/www.w3.org\/2000\/svg\" class=\"list-377408\" width=\"20px\" height=\"20px\" viewBox=\"0 0 24 24\" fill=\"none\"><path d=\"M6 6H4v2h2V6zm14 0H8v2h12V6zM4 11h2v2H4v-2zm16 0H8v2h12v-2zM4 16h2v2H4v-2zm16 0H8v2h12v-2z\" fill=\"currentColor\"><\/path><\/svg><svg style=\"fill: #999;color:#999\" class=\"arrow-unsorted-368013\" xmlns=\"http:\/\/www.w3.org\/2000\/svg\" width=\"10px\" height=\"10px\" viewBox=\"0 0 24 24\" version=\"1.2\" baseProfile=\"tiny\"><path d=\"M18.2 9.3l-6.2-6.3-6.2 6.3c-.2.2-.3.4-.3.7s.1.5.3.7c.2.2.4.3.7.3h11c.3 0 .5-.1.7-.3.2-.2.3-.5.3-.7s-.1-.5-.3-.7zM5.8 14.7l6.2 6.3 6.2-6.3c.2-.2.3-.5.3-.7s-.1-.5-.3-.7c-.2-.2-.4-.3-.7-.3h-11c-.3 0-.5.1-.7.3-.2.2-.3.5-.3.7s.1.5.3.7z\"\/><\/svg><\/span><\/span><\/span><\/a><\/span><\/div>\n<nav><ul class='ez-toc-list ez-toc-list-level-1 ' ><ul class='ez-toc-list-level-3' ><li class='ez-toc-heading-level-3'><a class=\"ez-toc-link ez-toc-heading-1\" href=\"https:\/\/loudavymkrokem.cz\/hu\/livorno-olaszorszag-tippek\/#Osszefoglalas_azoknak_akiknek_nincs_idejuk_vegigolvasni_a_cikket\" >\u00d6sszefoglal\u00e1s azoknak, akiknek nincs idej\u00fck v\u00e9gigolvasni a cikket<\/a><\/li><\/ul><\/li><li class='ez-toc-page-1 ez-toc-heading-level-2'><a class=\"ez-toc-link ez-toc-heading-2\" href=\"https:\/\/loudavymkrokem.cz\/hu\/livorno-olaszorszag-tippek\/#Mikor_erdemes_Livornoba_utazni\" >Mikor \u00e9rdemes Livorn\u00f3ba utazni<\/a><\/li><li class='ez-toc-page-1 ez-toc-heading-level-2'><a class=\"ez-toc-link ez-toc-heading-3\" href=\"https:\/\/loudavymkrokem.cz\/hu\/livorno-olaszorszag-tippek\/#Hol_szallj_meg_Livornoban\" >Hol sz\u00e1llj meg Livorn\u00f3ban<\/a><\/li><li class='ez-toc-page-1 ez-toc-heading-level-2'><a class=\"ez-toc-link ez-toc-heading-4\" href=\"https:\/\/loudavymkrokem.cz\/hu\/livorno-olaszorszag-tippek\/#18_tipp_mit_lass_es_mit_csinalj_Livornoban\" >18 tipp, mit l\u00e1ss \u00e9s mit csin\u00e1lj Livorn\u00f3ban<\/a><ul class='ez-toc-list-level-3' ><li class='ez-toc-heading-level-3'><a class=\"ez-toc-link ez-toc-heading-5\" href=\"https:\/\/loudavymkrokem.cz\/hu\/livorno-olaszorszag-tippek\/#1_Terrazza_Mascagni\" >1. Terrazza Mascagni<\/a><\/li><li class='ez-toc-page-1 ez-toc-heading-level-3'><a class=\"ez-toc-link ez-toc-heading-6\" href=\"https:\/\/loudavymkrokem.cz\/hu\/livorno-olaszorszag-tippek\/#2_Acquario_di_Livorno\" >2. Acquario di Livorno<\/a><\/li><li class='ez-toc-page-1 ez-toc-heading-level-3'><a class=\"ez-toc-link ez-toc-heading-7\" href=\"https:\/\/loudavymkrokem.cz\/hu\/livorno-olaszorszag-tippek\/#3_Venezia_Nuova\" >3. Venezia Nuova<\/a><\/li><li class='ez-toc-page-1 ez-toc-heading-level-3'><a class=\"ez-toc-link ez-toc-heading-8\" href=\"https:\/\/loudavymkrokem.cz\/hu\/livorno-olaszorszag-tippek\/#4_Hajozas_a_Fossi_csatornakon\" >4. Haj\u00f3z\u00e1s a Fossi csatorn\u00e1kon<\/a><\/li><li class='ez-toc-page-1 ez-toc-heading-level-3'><a class=\"ez-toc-link ez-toc-heading-9\" href=\"https:\/\/loudavymkrokem.cz\/hu\/livorno-olaszorszag-tippek\/#5_Effetto_Venezia_fesztival\" >5. Effetto Venezia fesztiv\u00e1l<\/a><\/li><li class='ez-toc-page-1 ez-toc-heading-level-3'><a class=\"ez-toc-link ez-toc-heading-10\" href=\"https:\/\/loudavymkrokem.cz\/hu\/livorno-olaszorszag-tippek\/#6_Fortezza_Vecchia\" >6. Fortezza Vecchia<\/a><\/li><li class='ez-toc-page-1 ez-toc-heading-level-3'><a class=\"ez-toc-link ez-toc-heading-11\" href=\"https:\/\/loudavymkrokem.cz\/hu\/livorno-olaszorszag-tippek\/#7_Fortezza_Nuova\" >7. Fortezza Nuova<\/a><\/li><li class='ez-toc-page-1 ez-toc-heading-level-3'><a class=\"ez-toc-link ez-toc-heading-12\" href=\"https:\/\/loudavymkrokem.cz\/hu\/livorno-olaszorszag-tippek\/#8_Mercato_Centrale\" >8. Mercato Centrale<\/a><\/li><li class='ez-toc-page-1 ez-toc-heading-level-3'><a class=\"ez-toc-link ez-toc-heading-13\" href=\"https:\/\/loudavymkrokem.cz\/hu\/livorno-olaszorszag-tippek\/#9_A_hamis_Modigliani-fejek_csalasa\" >9. A hamis Modigliani-fejek csal\u00e1sa<\/a><\/li><li class='ez-toc-page-1 ez-toc-heading-level-3'><a class=\"ez-toc-link ez-toc-heading-14\" href=\"https:\/\/loudavymkrokem.cz\/hu\/livorno-olaszorszag-tippek\/#10_Santuario_di_Montenero\" >10. Santuario di Montenero<\/a><\/li><li class='ez-toc-page-1 ez-toc-heading-level-3'><a class=\"ez-toc-link ez-toc-heading-15\" href=\"https:\/\/loudavymkrokem.cz\/hu\/livorno-olaszorszag-tippek\/#11_Olaszorszag_elso_elektromos_siklovasutja\" >11. Olaszorsz\u00e1g els\u0151 elektromos sikl\u00f3vas\u00fatja<\/a><\/li><li class='ez-toc-page-1 ez-toc-heading-level-3'><a class=\"ez-toc-link ez-toc-heading-16\" href=\"https:\/\/loudavymkrokem.cz\/hu\/livorno-olaszorszag-tippek\/#12_Hol_egyel_vegan_street_food_torta_di_ceci_es_5_e_5\" >12. Hol egy\u00e9l: veg\u00e1n street food, torta di ceci \u00e9s 5 e 5<\/a><\/li><li class='ez-toc-page-1 ez-toc-heading-level-3'><a class=\"ez-toc-link ez-toc-heading-17\" href=\"https:\/\/loudavymkrokem.cz\/hu\/livorno-olaszorszag-tippek\/#13_Cacciucco_es_a_helyi_trattoriak\" >13. Cacciucco \u00e9s a helyi trattori\u00e1k<\/a><\/li><li class='ez-toc-page-1 ez-toc-heading-level-3'><a class=\"ez-toc-link ez-toc-heading-18\" href=\"https:\/\/loudavymkrokem.cz\/hu\/livorno-olaszorszag-tippek\/#14_A_varos_multikulturalis_tortenete\" >14. A v\u00e1ros multikultur\u00e1lis t\u00f6rt\u00e9nete<\/a><\/li><li class='ez-toc-page-1 ez-toc-heading-level-3'><a class=\"ez-toc-link ez-toc-heading-19\" href=\"https:\/\/loudavymkrokem.cz\/hu\/livorno-olaszorszag-tippek\/#15_Zsinagoga_es_az_angol_temeto\" >15. Zsinag\u00f3ga \u00e9s az angol temet\u0151<\/a><\/li><li class='ez-toc-page-1 ez-toc-heading-level-3'><a class=\"ez-toc-link ez-toc-heading-20\" href=\"https:\/\/loudavymkrokem.cz\/hu\/livorno-olaszorszag-tippek\/#16_A_calafuriai_sziklak\" >16. A calafuriai szikl\u00e1k<\/a><\/li><li class='ez-toc-page-1 ez-toc-heading-level-3'><a class=\"ez-toc-link ez-toc-heading-21\" href=\"https:\/\/loudavymkrokem.cz\/hu\/livorno-olaszorszag-tippek\/#17_Kek_Zaszlos_strandok_Quercianella_es_Calambrone\" >17. K\u00e9k Z\u00e1szl\u00f3s strandok: Quercianella \u00e9s Calambrone<\/a><\/li><li class='ez-toc-page-1 ez-toc-heading-level-3'><a class=\"ez-toc-link ez-toc-heading-22\" href=\"https:\/\/loudavymkrokem.cz\/hu\/livorno-olaszorszag-tippek\/#18_Tengerjaro_hajok_megalloja_es_kompok\" >18. Tengerj\u00e1r\u00f3 haj\u00f3k meg\u00e1ll\u00f3ja \u00e9s kompok<\/a><\/li><\/ul><\/li><li class='ez-toc-page-1 ez-toc-heading-level-2'><a class=\"ez-toc-link ez-toc-heading-23\" href=\"https:\/\/loudavymkrokem.cz\/hu\/livorno-olaszorszag-tippek\/#Hova_tovabb_Livornobol\" >Hova tov\u00e1bb Livorn\u00f3b\u00f3l<\/a><\/li><li class='ez-toc-page-1 ez-toc-heading-level-2'><a class=\"ez-toc-link ez-toc-heading-24\" href=\"https:\/\/loudavymkrokem.cz\/hu\/livorno-olaszorszag-tippek\/#Gyakran_ismetelt_kerdesek\" >Gyakran ism\u00e9telt k\u00e9rd\u00e9sek<\/a><ul class='ez-toc-list-level-3' ><li class='ez-toc-heading-level-3'><a class=\"ez-toc-link ez-toc-heading-25\" href=\"https:\/\/loudavymkrokem.cz\/hu\/livorno-olaszorszag-tippek\/#Megeri_egyaltalan_ellatogatni_Livornoba\" >Meg\u00e9ri egy\u00e1ltal\u00e1n ell\u00e1togatni Livorn\u00f3ba?<\/a><\/li><li class='ez-toc-page-1 ez-toc-heading-level-3'><a class=\"ez-toc-link ez-toc-heading-26\" href=\"https:\/\/loudavymkrokem.cz\/hu\/livorno-olaszorszag-tippek\/#Hogyan_lehet_eljutni_Livornobol_Firenzebe_es_Pisaba\" >Hogyan lehet eljutni Livorn\u00f3b\u00f3l Firenz\u00e9be \u00e9s Pis\u00e1ba?<\/a><\/li><li class='ez-toc-page-1 ez-toc-heading-level-3'><a class=\"ez-toc-link ez-toc-heading-27\" href=\"https:\/\/loudavymkrokem.cz\/hu\/livorno-olaszorszag-tippek\/#Hol_lehet_Livornoban_furdeni\" >Hol lehet Livorn\u00f3ban f\u00fcrdeni?<\/a><\/li><li class='ez-toc-page-1 ez-toc-heading-level-3'><a class=\"ez-toc-link ez-toc-heading-28\" href=\"https:\/\/loudavymkrokem.cz\/hu\/livorno-olaszorszag-tippek\/#A_tengerjaro_hajorol_kimenjek_a_varosba_vagy_utazzak_Firenzebe\" >A tengerj\u00e1r\u00f3 haj\u00f3r\u00f3l kimenjek a v\u00e1rosba, vagy utazzak Firenz\u00e9be?<\/a><\/li><li class='ez-toc-page-1 ez-toc-heading-level-3'><a class=\"ez-toc-link ez-toc-heading-29\" href=\"https:\/\/loudavymkrokem.cz\/hu\/livorno-olaszorszag-tippek\/#Mit_kell_megkostolni_Livornoban\" >Mit kell megk\u00f3stolni Livorn\u00f3ban?<\/a><\/li><li class='ez-toc-page-1 ez-toc-heading-level-3'><a class=\"ez-toc-link ez-toc-heading-30\" href=\"https:\/\/loudavymkrokem.cz\/hu\/livorno-olaszorszag-tippek\/#Hany_nap_eleg_Livornora\" >H\u00e1ny nap el\u00e9g Livorn\u00f3ra?<\/a><\/li><li class='ez-toc-page-1 ez-toc-heading-level-3'><a class=\"ez-toc-link ez-toc-heading-31\" href=\"https:\/\/loudavymkrokem.cz\/hu\/livorno-olaszorszag-tippek\/#Hol_a_legjobb_aludni_Livornoban\" >Hol a legjobb aludni Livorn\u00f3ban?<\/a><\/li><li class='ez-toc-page-1 ez-toc-heading-level-3'><a class=\"ez-toc-link ez-toc-heading-32\" href=\"https:\/\/loudavymkrokem.cz\/hu\/livorno-olaszorszag-tippek\/#Meg_lehet_valahol_nezni_azokat_a_hamis_Modigliani-fejeket\" >Meg lehet valahol n\u00e9zni azokat a hamis Modigliani-fejeket?<\/a><\/li><\/ul><\/li><\/ul><\/nav><\/div>\n<h3 class=\"wp-block-heading\"><span class=\"ez-toc-section\" id=\"Osszefoglalas_azoknak_akiknek_nincs_idejuk_vegigolvasni_a_cikket\"><\/span>\u00d6sszefoglal\u00e1s azoknak, akiknek nincs idej\u00fck v\u00e9gigolvasni a cikket<span class=\"ez-toc-section-end\"><\/span><\/h3>\n\n\n\n<ul class=\"wp-block-list\">\n\n<li>  <strong>A v\u00e1ros f\u0151 ikonja:<\/strong> a Terrazza Mascagni egy hatalmas sakkt\u00e1bla-mint\u00e1s terasz k\u00f6zvetlen\u00fcl a tenger felett, ahonnan a legszebb naplement\u00e9k l\u00e1that\u00f3k.<\/li>\n\n\n\n<li>  <strong>Livorno Velenc\u00e9je:<\/strong> a 17. sz\u00e1zadi Venezia Nuova negyed v\u00edzi csatorn\u00e1ival lep meg, amelyeken cs\u00f3nakkal is v\u00e9gig lehet menni.<\/li>\n\n\n\n<li>  <strong>A legjobb street food:<\/strong> a torta di ceci \u00e9s az 5 e 5 szendvics teljesen zseni\u00e1lis veg\u00e1n csemege csicseribors\u00f3-lisztb\u0151l, amit musz\u00e1j megk\u00f3stolnod.<\/li>\n\n\n\n<li>  <strong>F\u00fcrd\u00e9s \u00e9s strandok:<\/strong> a belv\u00e1rosban ne keress homokot, a legjobb f\u00fcrd\u0151z\u00e9s\u00e9rt indulj a calafuriai szikl\u00e1khoz vagy a quercianellai strandokhoz.<\/li>\n\n\n\n<li>  <strong>Az \u00e9vsz\u00e1zad csal\u00e1sa:<\/strong> a v\u00e1ros b\u00fcszk\u00e9n v\u00e1llalja az 1984-es bizarr t\u00f6rt\u00e9netet, amikor di\u00e1kok egy h\u00e9tk\u00f6znapi f\u00far\u00f3val hamis\u00edtott\u00e1k meg a h\u00edres Amedeo Modigliani szobrait.<\/li>\n\n\n\n<li>  <strong>Tengerj\u00e1r\u00f3 haj\u00f3k:<\/strong> ha csak p\u00e1r \u00f3r\u00e1ra k\u00f6tsz ki itt, hagyd ki a hosszadalmas firenzei utat, \u00e9s \u00e9lvezd ink\u00e1bb a Mercato Centrale piacot \u00e9s a kik\u00f6t\u0151i er\u0151d\u00f6ket.<\/li>\n\n\n<\/ul>\n\n\n\n<figure data-wp-context=\"{&quot;imageId&quot;:&quot;6a95408d7da83&quot;}\" data-wp-interactive=\"core\/image\" data-wp-key=\"6a95408d7da83\" class=\"wp-block-image size-full wp-lightbox-container\"><img decoding=\"async\" width=\"2528\" height=\"1696\" data-wp-class--hide=\"state.isContentHidden\" data-wp-class--show=\"state.isContentVisible\" data-wp-init=\"callbacks.setButtonStyles\" data-wp-on--click=\"actions.showLightbox\" data-wp-on--load=\"callbacks.setButtonStyles\" data-wp-on--pointerdown=\"actions.preloadImage\" data-wp-on--pointerenter=\"actions.preloadImageWithDelay\" data-wp-on--pointerleave=\"actions.cancelPreload\" data-wp-on-window--resize=\"callbacks.setButtonStyles\" src=\"https:\/\/loudavymkrokem.cz\/wp-content\/uploads\/2026\/08\/02-2.jpg\" alt=\"Livorno csatorn\u00e1i \u00e9s sz\u00ednes \u00e9p\u00fcletei\" class=\"wp-image-393905\" title=\"\" srcset=\"https:\/\/loudavymkrokem.cz\/wp-content\/uploads\/2026\/08\/02-2.jpg 2528w, https:\/\/loudavymkrokem.cz\/wp-content\/uploads\/2026\/08\/02-2-300x201.jpg 300w, https:\/\/loudavymkrokem.cz\/wp-content\/uploads\/2026\/08\/02-2-700x470.jpg 700w, https:\/\/loudavymkrokem.cz\/wp-content\/uploads\/2026\/08\/02-2-768x515.jpg 768w, https:\/\/loudavymkrokem.cz\/wp-content\/uploads\/2026\/08\/02-2-1536x1030.jpg 1536w, https:\/\/loudavymkrokem.cz\/wp-content\/uploads\/2026\/08\/02-2-2048x1374.jpg 2048w, https:\/\/loudavymkrokem.cz\/wp-content\/uploads\/2026\/08\/02-2-696x467.jpg 696w, https:\/\/loudavymkrokem.cz\/wp-content\/uploads\/2026\/08\/02-2-1392x934.jpg 1392w, https:\/\/loudavymkrokem.cz\/wp-content\/uploads\/2026\/08\/02-2-1920x1288.jpg 1920w\" sizes=\"(max-width: 2528px) 100vw, 2528px\" \/><button\n\t\t\tclass=\"lightbox-trigger\"\n\t\t\ttype=\"button\"\n\t\t\taria-haspopup=\"dialog\"\n\t\t\tdata-wp-bind--aria-label=\"state.thisImage.triggerButtonAriaLabel\"\n\t\t\tdata-wp-init=\"callbacks.initTriggerButton\"\n\t\t\tdata-wp-on--click=\"actions.showLightbox\"\n\t\t\tdata-wp-style--right=\"state.thisImage.buttonRight\"\n\t\t\tdata-wp-style--top=\"state.thisImage.buttonTop\"\n\t\t>\n\t\t\t<svg xmlns=\"http:\/\/www.w3.org\/2000\/svg\" width=\"12\" height=\"12\" fill=\"none\" viewBox=\"0 0 12 12\">\n\t\t\t\t<path fill=\"#fff\" d=\"M2 0a2 2 0 0 0-2 2v2h1.5V2a.5.5 0 0 1 .5-.5h2V0H2Zm2 10.5H2a.5.5 0 0 1-.5-.5V8H0v2a2 2 0 0 0 2 2h2v-1.5ZM8 12v-1.5h2a.5.5 0 0 0 .5-.5V8H12v2a2 2 0 0 1-2 2H8Zm2-12a2 2 0 0 1 2 2v2h-1.5V2a.5.5 0 0 0-.5-.5H8V0h2Z\" \/>\n\t\t\t<\/svg>\n\t\t<\/button><figcaption class=\"wp-element-caption\">livorno-rr-02.jpg<\/figcaption><\/figure>\n\n\n\n<h2 class=\"wp-block-heading\"><span class=\"ez-toc-section\" id=\"Mikor_erdemes_Livornoba_utazni\"><\/span>Mikor \u00e9rdemes Livorn\u00f3ba utazni<span class=\"ez-toc-section-end\"><\/span><\/h2>\n\n\n\n<p class=\"wp-block-paragraph\">Ha egyszerre szeretn\u00e9d felfedezni a v\u00e1rost \u00e9s \u00e9lvezni a kellemes f\u00fcrd\u0151z\u00e9st, a <strong>m\u00e1jus, j\u00fanius \u00e9s szeptember teljesen ide\u00e1lis h\u00f3napok<\/strong>. A tenger a ny\u00e1r elej\u00e9n m\u00e1r el\u00e9gg\u00e9 \u00e1tmelegszik, szeptemberben pedig m\u00e9g megtartja ny\u00e1ri h\u0151m\u00e9rs\u00e9klet\u00e9t, \u00edgy hidegt\u0151l val\u00f3 f\u00e9lelem n\u00e9lk\u00fcl f\u00fcr\u00f6dhetsz. Ezekkel az id\u0151pontokkal r\u00e1ad\u00e1sul elker\u00fcl\u00f6d a t\u00f6meget, amely minden ny\u00e1ron el\u00e1rasztja az olasz partokat az iskolai sz\u00fcnet alatt. A tavaszi \u00e9s kora \u0151szi napok ide\u00e1lis k\u00f6r\u00fclm\u00e9nyeket k\u00edn\u00e1lnak hossz\u00fa v\u00e1rosi s\u00e9tt\u00e1khoz is, amikor nem gy\u00f6t\u00f6r az olasz nap, az est\u00e9k pedig m\u00e9g csod\u00e1latosan l\u00e1gyak.<\/p>\n\n\n\n<p class=\"wp-block-paragraph\">A <strong>j\u00falius \u00e9s augusztus jelenti a teljes f\u0151szezont<\/strong>, amikor egyszer\u0171en sz\u00e1molnod kell a zs\u00fafolt strandokkal, a parkol\u00e1si gondokkal \u00e9s a rendes utcai h\u0151s\u00e9ggel. Cser\u00e9be viszont \u00e9pp augusztusban tartj\u00e1k a h\u00edres Effetto Venezia v\u00e1rosi fesztiv\u00e1lt, amely az eg\u00e9sz t\u00f6rt\u00e9nelmi belv\u00e1rost megt\u00f6lti zen\u00e9vel, kult\u00far\u00e1val \u00e9s hihetetlen energi\u00e1val. Ez egy nagyszab\u00e1s\u00fa \u00e9lm\u00e9ny, tele remek \u00e9tellel \u00e9s esti sz\u00f3rakoz\u00e1ssal, ami szerintem a kis ny\u00e1ri izzad\u00e1s\u00e9rt mindenk\u00e9pp meg\u00e9ri, m\u00e9g ha az ember\u00e1radat id\u0151nk\u00e9nt el\u00e9g f\u00e1raszt\u00f3 is tud lenni.<\/p>\n\n\n\n<p class=\"wp-block-paragraph\"><strong>T\u00e9len a v\u00e1ros teljesen norm\u00e1lisan m\u0171k\u00f6dik<\/strong>, mert Livorno nem valami mesters\u00e9gesen fel\u00e9p\u00edtett \u00fcd\u00fcl\u0151hely, hanem eg\u00e9sz \u00e9vben eleven \u00e9s rendk\u00edv\u00fcl fontos olasz kik\u00f6t\u0151. A f\u00fcrd\u0151z\u00e9s ugyan \u0151szt\u0151l tavaszig logikusan kimarad, de ann\u00e1l jobban \u00e9lvezed a helyi l\u00e1tnival\u00f3kat, a piacot \u00e9s a h\u00edres \u00e9ttermeket. A t\u00e9li l\u00e1togat\u00e1s r\u00e1ad\u00e1sul lehet\u0151s\u00e9get ad arra, hogy teljes nyugalomban fedezd fel a v\u00e1rost, a minden\u00fctt jelen l\u00e9v\u0151 stressz n\u00e9lk\u00fcl, \u00e9s f\u0151leg a ny\u00e1ri sz\u00e1ll\u00e1s\u00e1rak t\u00f6red\u00e9k\u00e9\u00e9rt. Az autentikus hangulat \u00e9s a j\u00f3 \u00e9tel szerelmeseinek \u00edgy november vagy febru\u00e1r is remek v\u00e1laszt\u00e1s, ha j\u00f3l fel\u00f6lt\u00f6z\u00f6l a tengeri sz\u00e9l ellen.<\/p>\n\n\n\n<figure data-wp-context=\"{&quot;imageId&quot;:&quot;6a95408d7df06&quot;}\" data-wp-interactive=\"core\/image\" data-wp-key=\"6a95408d7df06\" class=\"wp-block-image size-full wp-lightbox-container\"><img decoding=\"async\" width=\"1800\" height=\"1433\" data-wp-class--hide=\"state.isContentHidden\" data-wp-class--show=\"state.isContentVisible\" data-wp-init=\"callbacks.setButtonStyles\" data-wp-on--click=\"actions.showLightbox\" data-wp-on--load=\"callbacks.setButtonStyles\" data-wp-on--pointerdown=\"actions.preloadImage\" data-wp-on--pointerenter=\"actions.preloadImageWithDelay\" data-wp-on--pointerleave=\"actions.cancelPreload\" data-wp-on-window--resize=\"callbacks.setButtonStyles\" src=\"https:\/\/loudavymkrokem.cz\/wp-content\/uploads\/2026\/08\/toskansko-clanky-livorno-03.jpg\" alt=\"Fagylaltoz\u00f3 a livorn\u00f3i tengerparti s\u00e9t\u00e1nyon, a Viale Itali\u00e1n\" class=\"wp-image-382841\" title=\"\" srcset=\"https:\/\/loudavymkrokem.cz\/wp-content\/uploads\/2026\/08\/toskansko-clanky-livorno-03.jpg 1800w, https:\/\/loudavymkrokem.cz\/wp-content\/uploads\/2026\/08\/toskansko-clanky-livorno-03-300x239.jpg 300w, https:\/\/loudavymkrokem.cz\/wp-content\/uploads\/2026\/08\/toskansko-clanky-livorno-03-700x557.jpg 700w, https:\/\/loudavymkrokem.cz\/wp-content\/uploads\/2026\/08\/toskansko-clanky-livorno-03-768x611.jpg 768w, https:\/\/loudavymkrokem.cz\/wp-content\/uploads\/2026\/08\/toskansko-clanky-livorno-03-1536x1223.jpg 1536w, https:\/\/loudavymkrokem.cz\/wp-content\/uploads\/2026\/08\/toskansko-clanky-livorno-03-696x554.jpg 696w, https:\/\/loudavymkrokem.cz\/wp-content\/uploads\/2026\/08\/toskansko-clanky-livorno-03-1392x1108.jpg 1392w\" sizes=\"(max-width: 1800px) 100vw, 1800px\" \/><button\n\t\t\tclass=\"lightbox-trigger\"\n\t\t\ttype=\"button\"\n\t\t\taria-haspopup=\"dialog\"\n\t\t\tdata-wp-bind--aria-label=\"state.thisImage.triggerButtonAriaLabel\"\n\t\t\tdata-wp-init=\"callbacks.initTriggerButton\"\n\t\t\tdata-wp-on--click=\"actions.showLightbox\"\n\t\t\tdata-wp-style--right=\"state.thisImage.buttonRight\"\n\t\t\tdata-wp-style--top=\"state.thisImage.buttonTop\"\n\t\t>\n\t\t\t<svg xmlns=\"http:\/\/www.w3.org\/2000\/svg\" width=\"12\" height=\"12\" fill=\"none\" viewBox=\"0 0 12 12\">\n\t\t\t\t<path fill=\"#fff\" d=\"M2 0a2 2 0 0 0-2 2v2h1.5V2a.5.5 0 0 1 .5-.5h2V0H2Zm2 10.5H2a.5.5 0 0 1-.5-.5V8H0v2a2 2 0 0 0 2 2h2v-1.5ZM8 12v-1.5h2a.5.5 0 0 0 .5-.5V8H12v2a2 2 0 0 1-2 2H8Zm2-12a2 2 0 0 1 2 2v2h-1.5V2a.5.5 0 0 0-.5-.5H8V0h2Z\" \/>\n\t\t\t<\/svg>\n\t\t<\/button><figcaption class=\"wp-element-caption\">Lucarelli \/ Wikimedia Commons, CC BY-SA 3.0<\/figcaption><\/figure>\n\n\n\n<h2 class=\"wp-block-heading\"><span class=\"ez-toc-section\" id=\"Hol_szallj_meg_Livornoban\"><\/span>Hol sz\u00e1llj meg Livorn\u00f3ban<span class=\"ez-toc-section-end\"><\/span><\/h2>\n\n\n\n<p class=\"wp-block-paragraph\"><em>\ud83d\udca1 Tipp sz\u00e1ll\u00e1sra \u00e9s \u00e9lm\u00e9nyekre: a sz\u00e1ll\u00e1st a legsz\u00edvesebben a <a href=\"https:\/\/www.booking.com\/searchresults.html?ss=Livorno&#038;aid=2397601\" target=\"_blank\" rel=\"nofollow noopener sponsored\">Booking.comon<\/a> keress\u00fck, ahol \u00e1ltal\u00e1ban a <strong>legjobb lemond\u00e1si felt\u00e9telek<\/strong> vannak. A <strong>bel\u00e9p\u0151jegyeket, kir\u00e1ndul\u00e1sokat \u00e9s programokat<\/strong> pedig \u00e9rdemes \u00f6sszehasonl\u00edtani \u00e9s a <a href=\"https:\/\/www.getyourguide.com\/s\/?q=Livorno&#038;partner_id=MKZ64IS\" target=\"_blank\" rel=\"nofollow noopener sponsored\">GetYourGuide<\/a>-on megvenni.<\/em><\/p>\n\n\n\n<p class=\"wp-block-paragraph\">R\u00f6gt\u00f6n figyelmeztetlek: <strong>a livorn\u00f3i sz\u00e1llod\u00e1k rosszabbul \u00e1llnak, mint Toszk\u00e1na t\u00f6bbi r\u00e9sz\u00e9n<\/strong>, \u00e9s az \u00e9rt\u00e9kel\u00e9sek is ezt t\u00fckr\u00f6zik. A legt\u00f6bb helyi sz\u00e1lloda pontsz\u00e1ma az utaz\u00e1si port\u00e1lokon gyakran csak az \u00e1tlag k\u00f6r\u00fcl mozog, a v\u00e9lem\u00e9nyez\u0151k pedig el\u00e9g kritikusak a szolg\u00e1ltat\u00e1sok sz\u00ednvonal\u00e1val kapcsolatban. Sok utaz\u00f3 ez\u00e9rt ink\u00e1bb a k\u00f6zeli Pis\u00e1ban vagy Lucc\u00e1ban sz\u00e1ll meg, \u00e9s Livorn\u00f3ba csak k\u00e9nyelmes egynapos kir\u00e1ndul\u00e1sokat tesz vonattal, ami teljesen legitim \u00e9s nagyon praktikus megold\u00e1s.<\/p>\n\n\n\n<p class=\"wp-block-paragraph\">Ha viszont k\u00f6zvetlen\u00fcl a tenger mellett szeretn\u00e9l maradni, \u00e9s a saj\u00e1t b\u0151r\u00f6d\u00f6n akarod \u00e1t\u00e9lni a ny\u00fczsg\u0151 kik\u00f6t\u0151 igazi esti hangulat\u00e1t, <strong>nagyon gondosan v\u00e1laszd ki a sz\u00e1llod\u00e1t, \u00e9s mindig olvasd el a friss \u00e9rt\u00e9kel\u00e9seket<\/strong>. A bizony\u00edtottan jobban \u00e9rt\u00e9kelt helyek k\u00f6z\u00fcl mindenk\u00e9pp aj\u00e1nlom a <strong><a href=\"https:\/\/www.stay22.com\/allez\/roam?aid=lukaskonecny&#038;campaign=loudavymkrokemcz&#038;campaign=livorno&#038;hotelname=Hotel%20Universal&#038;address=Livorno%2C%20It%C3%A1lie\" target=\"_blank\" rel=\"noopener nofollow sponsored\">Hotel Universalt<\/a><\/strong>, amely kiss\u00e9 f\u00e9lreesik a zajos belv\u00e1rost\u00f3l, gy\u00f6ny\u00f6r\u0171 kil\u00e1t\u00e1st k\u00edn\u00e1l a tengerre, \u00e9s a v\u00e1rosban az egyik kev\u00e9s, amely saj\u00e1t k\u00fclt\u00e9ri medenc\u00e9vel is b\u00fcszk\u00e9lkedhet. K\u00f6zvetlen\u00fcl a strand mellett, a ny\u00edlt tengerre n\u00e9z\u0151 erk\u00e9lyekkel pedig ott a kedvelt <strong><a href=\"https:\/\/www.stay22.com\/allez\/roam?aid=lukaskonecny&#038;campaign=loudavymkrokemcz&#038;campaign=livorno&#038;hotelname=Hotel%20Rex&#038;address=Livorno%2C%20It%C3%A1lie\" target=\"_blank\" rel=\"noopener nofollow sponsored\">Hotel Rex<\/a><\/strong>, amely teljesen remek v\u00e1laszt\u00e1s minden megr\u00f6gz\u00f6tt f\u00fcrd\u0151z\u00e9srajong\u00f3nak, m\u00e9g ha n\u00e9h\u00e1ny vend\u00e9g az \u00e9rt\u00e9kel\u00e9sekben id\u0151nk\u00e9nt apr\u00f3 kifog\u00e1sokat is eml\u00edt a tisztas\u00e1ggal kapcsolatban.<\/p>\n\n\n\n<p class=\"wp-block-paragraph\">Ha aut\u00f3val utazol, \u00e9s biztons\u00e1gosan le kell parkolnod valahol, n\u00e9zd meg a <strong><a href=\"https:\/\/www.stay22.com\/allez\/roam?aid=lukaskonecny&#038;campaign=loudavymkrokemcz&#038;campaign=livorno&#038;hotelname=MAX%20Hotel%20Livorno&#038;address=Livorno%2C%20It%C3%A1lie\" target=\"_blank\" rel=\"noopener nofollow sponsored\">MAX Hotel Livorn\u00f3t<\/a><\/strong>, ahol a parkol\u00e1s a vend\u00e9geknek teljesen ingyenes, r\u00e1ad\u00e1sul egy kisebb fitneszterem is van. A szob\u00e1k a v\u00e9lem\u00e9nyez\u0151k szerint tal\u00e1n m\u00e1r r\u00e1f\u00e9rne egy kis felfriss\u00edt\u00e9s, de ez\u00e9rt az \u00e1r\u00e9rt nagyon tisztess\u00e9ges sz\u00ednvonalr\u00f3l van sz\u00f3. Egyszer\u0171 \u00e9jszak\u00e1z\u00e1shoz k\u00f6zvetlen\u00fcl a belv\u00e1rosban ott a <strong><a href=\"https:\/\/www.stay22.com\/allez\/roam?aid=lukaskonecny&#038;campaign=loudavymkrokemcz&#038;campaign=livorno&#038;hotelname=Hotel%20Europa%20Parking&#038;address=Livorno%2C%20It%C3%A1lie\" target=\"_blank\" rel=\"noopener nofollow sponsored\">Hotel Europa Parking<\/a><\/strong>, amely nem okoz csal\u00f3d\u00e1st, \u00e9s bet\u00f6lti a szerep\u00e9t.<\/p>\n\n\n\n<p class=\"wp-block-paragraph\">Ha egy fokkal feljebb szeretn\u00e9l l\u00e9pni, n\u00e9zd meg a <strong><a href=\"https:\/\/www.stay22.com\/allez\/roam?aid=lukaskonecny&#038;campaign=loudavymkrokemcz&#038;campaign=livorno&#038;hotelname=Grand%20Hotel%20Palazzo&#038;address=Livorno%2C%20It%C3%A1lie\" target=\"_blank\" rel=\"noopener nofollow sponsored\">Grand Hotel Palazz\u00f3t<\/a><\/strong>. A tet\u0151terasz b\u00e1r, a kis spa \u00e9s a kik\u00f6t\u0151re n\u00e9z\u0151 kil\u00e1t\u00e1s cs\u00e1b\u00edt\u00f3an hangzik. Itt viszont sz\u00e1molj azzal, hogy a parkol\u00e1s napi 18 eur\u00f3 k\u00f6r\u00fcl van, \u00e9s n\u00e9h\u00e1ny vend\u00e9g szerint az \u00f6tcsillagos min\u0151s\u00edt\u00e9s ink\u00e1bb csak pap\u00edron l\u00e9tezik, \u00fagyhogy jobb, ha az elv\u00e1r\u00e1sokat kicsit alacsonyabban tartod. Ezzel szemben a gyenge \u00e9rt\u00e9kel\u00e9s\u0171 helyeket, mint p\u00e9ld\u00e1ul a Gran Duca Hotelt, ink\u00e1bb ker\u00fcld el, ahol az emberek visszat\u00e9r\u0151en a szolg\u00e1ltat\u00e1sok min\u0151s\u00e9g\u00e9re panaszkodnak, az egy\u00e9bk\u00e9nt teljesen remek, r\u00e9gi kik\u00f6t\u0151 melletti fekv\u00e9s ellen\u00e9re is.<\/p>\n\n\n\n<figure data-wp-context=\"{&quot;imageId&quot;:&quot;6a95408d7e554&quot;}\" data-wp-interactive=\"core\/image\" data-wp-key=\"6a95408d7e554\" class=\"wp-block-image size-full wp-lightbox-container\"><img decoding=\"async\" width=\"2528\" height=\"1696\" data-wp-class--hide=\"state.isContentHidden\" data-wp-class--show=\"state.isContentVisible\" data-wp-init=\"callbacks.setButtonStyles\" data-wp-on--click=\"actions.showLightbox\" data-wp-on--load=\"callbacks.setButtonStyles\" data-wp-on--pointerdown=\"actions.preloadImage\" data-wp-on--pointerenter=\"actions.preloadImageWithDelay\" data-wp-on--pointerleave=\"actions.cancelPreload\" data-wp-on-window--resize=\"callbacks.setButtonStyles\" src=\"https:\/\/loudavymkrokem.cz\/wp-content\/uploads\/2026\/08\/04.jpg\" alt=\"Sz\u00e1lloda a livorn\u00f3i tengerparton\" class=\"wp-image-393112\" title=\"\" srcset=\"https:\/\/loudavymkrokem.cz\/wp-content\/uploads\/2026\/08\/04.jpg 2528w, https:\/\/loudavymkrokem.cz\/wp-content\/uploads\/2026\/08\/04-300x201.jpg 300w, https:\/\/loudavymkrokem.cz\/wp-content\/uploads\/2026\/08\/04-700x470.jpg 700w, https:\/\/loudavymkrokem.cz\/wp-content\/uploads\/2026\/08\/04-768x515.jpg 768w, https:\/\/loudavymkrokem.cz\/wp-content\/uploads\/2026\/08\/04-1536x1030.jpg 1536w, https:\/\/loudavymkrokem.cz\/wp-content\/uploads\/2026\/08\/04-2048x1374.jpg 2048w, https:\/\/loudavymkrokem.cz\/wp-content\/uploads\/2026\/08\/04-696x467.jpg 696w, https:\/\/loudavymkrokem.cz\/wp-content\/uploads\/2026\/08\/04-1392x934.jpg 1392w, https:\/\/loudavymkrokem.cz\/wp-content\/uploads\/2026\/08\/04-1920x1288.jpg 1920w\" sizes=\"(max-width: 2528px) 100vw, 2528px\" \/><button\n\t\t\tclass=\"lightbox-trigger\"\n\t\t\ttype=\"button\"\n\t\t\taria-haspopup=\"dialog\"\n\t\t\tdata-wp-bind--aria-label=\"state.thisImage.triggerButtonAriaLabel\"\n\t\t\tdata-wp-init=\"callbacks.initTriggerButton\"\n\t\t\tdata-wp-on--click=\"actions.showLightbox\"\n\t\t\tdata-wp-style--right=\"state.thisImage.buttonRight\"\n\t\t\tdata-wp-style--top=\"state.thisImage.buttonTop\"\n\t\t>\n\t\t\t<svg xmlns=\"http:\/\/www.w3.org\/2000\/svg\" width=\"12\" height=\"12\" fill=\"none\" viewBox=\"0 0 12 12\">\n\t\t\t\t<path fill=\"#fff\" d=\"M2 0a2 2 0 0 0-2 2v2h1.5V2a.5.5 0 0 1 .5-.5h2V0H2Zm2 10.5H2a.5.5 0 0 1-.5-.5V8H0v2a2 2 0 0 0 2 2h2v-1.5ZM8 12v-1.5h2a.5.5 0 0 0 .5-.5V8H12v2a2 2 0 0 1-2 2H8Zm2-12a2 2 0 0 1 2 2v2h-1.5V2a.5.5 0 0 0-.5-.5H8V0h2Z\" \/>\n\t\t\t<\/svg>\n\t\t<\/button><figcaption class=\"wp-element-caption\">livorno-rr-04.jpg<\/figcaption><\/figure>\n\n\n\n<h2 class=\"wp-block-heading\"><span class=\"ez-toc-section\" id=\"18_tipp_mit_lass_es_mit_csinalj_Livornoban\"><\/span>18 tipp, mit l\u00e1ss \u00e9s mit csin\u00e1lj Livorn\u00f3ban<span class=\"ez-toc-section-end\"><\/span><\/h2>\n\n\n\n<p class=\"wp-block-paragraph\">N\u00e9zz\u00fck meg a legjobbat, amit ez a kik\u00f6t\u0151v\u00e1ros k\u00edn\u00e1lhat, a t\u00f6rt\u00e9nelmi er\u0151d\u00f6kt\u0151l a t\u00f6k\u00e9letes tengerparti t\u00e1jakig. El\u00e1rulom, hogyan \u00e9lvezd a v\u00e1rost teljes m\u00e9rt\u00e9kben akkor is, ha csak <strong>p\u00e1r \u00f3r\u00e1d<\/strong> van egy <strong>tengerj\u00e1r\u00f3 haj\u00f3 meg\u00e1ll\u00f3j\u00e1b\u00f3l<\/strong>.<\/p>\n\n\n\n<figure data-wp-context=\"{&quot;imageId&quot;:&quot;6a95408d7eb92&quot;}\" data-wp-interactive=\"core\/image\" data-wp-key=\"6a95408d7eb92\" class=\"wp-block-image size-full wp-lightbox-container\"><img decoding=\"async\" width=\"2528\" height=\"1696\" data-wp-class--hide=\"state.isContentHidden\" data-wp-class--show=\"state.isContentVisible\" data-wp-init=\"callbacks.setButtonStyles\" data-wp-on--click=\"actions.showLightbox\" data-wp-on--load=\"callbacks.setButtonStyles\" data-wp-on--pointerdown=\"actions.preloadImage\" data-wp-on--pointerenter=\"actions.preloadImageWithDelay\" data-wp-on--pointerleave=\"actions.cancelPreload\" data-wp-on-window--resize=\"callbacks.setButtonStyles\" src=\"https:\/\/loudavymkrokem.cz\/wp-content\/uploads\/2026\/08\/05.jpg\" alt=\"A livorn\u00f3i kik\u00f6t\u0151 l\u00e1tk\u00e9pe\" class=\"wp-image-393119\" title=\"\" srcset=\"https:\/\/loudavymkrokem.cz\/wp-content\/uploads\/2026\/08\/05.jpg 2528w, https:\/\/loudavymkrokem.cz\/wp-content\/uploads\/2026\/08\/05-300x201.jpg 300w, https:\/\/loudavymkrokem.cz\/wp-content\/uploads\/2026\/08\/05-700x470.jpg 700w, https:\/\/loudavymkrokem.cz\/wp-content\/uploads\/2026\/08\/05-768x515.jpg 768w, https:\/\/loudavymkrokem.cz\/wp-content\/uploads\/2026\/08\/05-1536x1030.jpg 1536w, https:\/\/loudavymkrokem.cz\/wp-content\/uploads\/2026\/08\/05-2048x1374.jpg 2048w, https:\/\/loudavymkrokem.cz\/wp-content\/uploads\/2026\/08\/05-696x467.jpg 696w, https:\/\/loudavymkrokem.cz\/wp-content\/uploads\/2026\/08\/05-1392x934.jpg 1392w, https:\/\/loudavymkrokem.cz\/wp-content\/uploads\/2026\/08\/05-1920x1288.jpg 1920w\" sizes=\"(max-width: 2528px) 100vw, 2528px\" \/><button\n\t\t\tclass=\"lightbox-trigger\"\n\t\t\ttype=\"button\"\n\t\t\taria-haspopup=\"dialog\"\n\t\t\tdata-wp-bind--aria-label=\"state.thisImage.triggerButtonAriaLabel\"\n\t\t\tdata-wp-init=\"callbacks.initTriggerButton\"\n\t\t\tdata-wp-on--click=\"actions.showLightbox\"\n\t\t\tdata-wp-style--right=\"state.thisImage.buttonRight\"\n\t\t\tdata-wp-style--top=\"state.thisImage.buttonTop\"\n\t\t>\n\t\t\t<svg xmlns=\"http:\/\/www.w3.org\/2000\/svg\" width=\"12\" height=\"12\" fill=\"none\" viewBox=\"0 0 12 12\">\n\t\t\t\t<path fill=\"#fff\" d=\"M2 0a2 2 0 0 0-2 2v2h1.5V2a.5.5 0 0 1 .5-.5h2V0H2Zm2 10.5H2a.5.5 0 0 1-.5-.5V8H0v2a2 2 0 0 0 2 2h2v-1.5ZM8 12v-1.5h2a.5.5 0 0 0 .5-.5V8H12v2a2 2 0 0 1-2 2H8Zm2-12a2 2 0 0 1 2 2v2h-1.5V2a.5.5 0 0 0-.5-.5H8V0h2Z\" \/>\n\t\t\t<\/svg>\n\t\t<\/button><figcaption class=\"wp-element-caption\">livorno-rr-05.jpg<\/figcaption><\/figure>\n\n\n\n<h3 class=\"wp-block-heading\"><span class=\"ez-toc-section\" id=\"1_Terrazza_Mascagni\"><\/span>1. Terrazza Mascagni<span class=\"ez-toc-section-end\"><\/span><\/h3>\n\n\n\n<p class=\"wp-block-paragraph\">Ha valaha l\u00e1tt\u00e1l egy ikonikus fot\u00f3t Livorn\u00f3b\u00f3l, az val\u00f3sz\u00edn\u0171leg \u00e9pp ez a <strong>hatalmas, l\u00e9legzetel\u00e1ll\u00edt\u00f3 fekete-feh\u00e9r sakkt\u00e1bla-burkolat\u00fa terasz<\/strong> volt. Optikailag eg\u00e9szen a t\u00e1voli horizontig h\u00faz\u00f3dik, \u00e9s t\u00f6k\u00e9letesen \u00f6sszeolvad a Tirr\u00e9n-tenger k\u00e9k felsz\u00edn\u00e9vel, ami egy\u00fctt teljesen l\u00e9legzetel\u00e1ll\u00edt\u00f3 l\u00e1tv\u00e1nyt ny\u00fajt. A terasz a h\u00edres helyi sz\u00fcl\u00f6ttr\u0151l, Pietro Mascagni elismert zeneszerz\u0151r\u0151l kapta a nev\u00e9t. Ma vitathatatlanul eg\u00e9sz Toszk\u00e1na egyik legt\u00f6bbet fot\u00f3zott helye, \u00e9s minden l\u00e1togat\u00e1s k\u00f6zponti pontja.<\/p>\n\n\n\n<p class=\"wp-block-paragraph\"><strong>A bel\u00e9p\u00e9s ingyenes<\/strong>, \u00e9s <strong>a terasz \u00e9jjel-nappal nyitva van<\/strong>, \u00fagyhogy nyugodtan hagyd az est\u00e9re. A helyiek nagyon sz\u00edvesen s\u00e9t\u00e1lnak itt, futnak a part ment\u00e9n, besz\u00e9lgetnek a bar\u00e1taikkal, vagy csak \u00fcld\u00f6g\u00e9lnek a r\u00e9gi k\u0151padokon, \u00e9s teli t\u00fcd\u0151vel sz\u00edvj\u00e1k be a friss tengeri leveg\u0151t. A t\u00e9r val\u00f3ban \u00f3ri\u00e1si, \u00edgy m\u00e9g f\u0151szezonban is el\u00e9g megb\u00edzhat\u00f3an eloszlik a t\u00f6meg.<\/p>\n\n\n\n<p class=\"wp-block-paragraph\">\ud83d\udca1 Tipp: pr\u00f3b\u00e1lj meg ide\u00e1lisan <strong>naplement\u00e9re<\/strong> ide\u00e9rni, mert az eg\u00e9sz terasz pontosan nyugatra n\u00e9z, \u00e9s a meleg napsugarak j\u00e1t\u00e9ka a geometrikus fekete-feh\u00e9r burkolaton egyszer\u0171en var\u00e1zslatos. K\u00e9sz\u00edts itt egy csom\u00f3 fot\u00f3t, majd s\u00e9t\u00e1lj \u00e1t a k\u00f6zeli Akv\u00e1riumhoz, vagy egyenesen az \u00e9ttermekbe egy kora esti pizz\u00e1ra.<\/p>\n\n\n\n<figure data-wp-context=\"{&quot;imageId&quot;:&quot;6a95408d7f208&quot;}\" data-wp-interactive=\"core\/image\" data-wp-key=\"6a95408d7f208\" class=\"wp-block-image size-full wp-lightbox-container\"><img decoding=\"async\" width=\"2528\" height=\"1696\" data-wp-class--hide=\"state.isContentHidden\" data-wp-class--show=\"state.isContentVisible\" data-wp-init=\"callbacks.setButtonStyles\" data-wp-on--click=\"actions.showLightbox\" data-wp-on--load=\"callbacks.setButtonStyles\" data-wp-on--pointerdown=\"actions.preloadImage\" data-wp-on--pointerenter=\"actions.preloadImageWithDelay\" data-wp-on--pointerleave=\"actions.cancelPreload\" data-wp-on-window--resize=\"callbacks.setButtonStyles\" src=\"https:\/\/loudavymkrokem.cz\/wp-content\/uploads\/2026\/08\/06.jpg\" alt=\"A Terrazza Mascagni sakkt\u00e1bla-mint\u00e1s burkolata Livorn\u00f3ban\" class=\"wp-image-393126\" title=\"\" srcset=\"https:\/\/loudavymkrokem.cz\/wp-content\/uploads\/2026\/08\/06.jpg 2528w, https:\/\/loudavymkrokem.cz\/wp-content\/uploads\/2026\/08\/06-300x201.jpg 300w, https:\/\/loudavymkrokem.cz\/wp-content\/uploads\/2026\/08\/06-700x470.jpg 700w, https:\/\/loudavymkrokem.cz\/wp-content\/uploads\/2026\/08\/06-768x515.jpg 768w, https:\/\/loudavymkrokem.cz\/wp-content\/uploads\/2026\/08\/06-1536x1030.jpg 1536w, https:\/\/loudavymkrokem.cz\/wp-content\/uploads\/2026\/08\/06-2048x1374.jpg 2048w, https:\/\/loudavymkrokem.cz\/wp-content\/uploads\/2026\/08\/06-696x467.jpg 696w, https:\/\/loudavymkrokem.cz\/wp-content\/uploads\/2026\/08\/06-1392x934.jpg 1392w, https:\/\/loudavymkrokem.cz\/wp-content\/uploads\/2026\/08\/06-1920x1288.jpg 1920w\" sizes=\"(max-width: 2528px) 100vw, 2528px\" \/><button\n\t\t\tclass=\"lightbox-trigger\"\n\t\t\ttype=\"button\"\n\t\t\taria-haspopup=\"dialog\"\n\t\t\tdata-wp-bind--aria-label=\"state.thisImage.triggerButtonAriaLabel\"\n\t\t\tdata-wp-init=\"callbacks.initTriggerButton\"\n\t\t\tdata-wp-on--click=\"actions.showLightbox\"\n\t\t\tdata-wp-style--right=\"state.thisImage.buttonRight\"\n\t\t\tdata-wp-style--top=\"state.thisImage.buttonTop\"\n\t\t>\n\t\t\t<svg xmlns=\"http:\/\/www.w3.org\/2000\/svg\" width=\"12\" height=\"12\" fill=\"none\" viewBox=\"0 0 12 12\">\n\t\t\t\t<path fill=\"#fff\" d=\"M2 0a2 2 0 0 0-2 2v2h1.5V2a.5.5 0 0 1 .5-.5h2V0H2Zm2 10.5H2a.5.5 0 0 1-.5-.5V8H0v2a2 2 0 0 0 2 2h2v-1.5ZM8 12v-1.5h2a.5.5 0 0 0 .5-.5V8H12v2a2 2 0 0 1-2 2H8Zm2-12a2 2 0 0 1 2 2v2h-1.5V2a.5.5 0 0 0-.5-.5H8V0h2Z\" \/>\n\t\t\t<\/svg>\n\t\t<\/button><figcaption class=\"wp-element-caption\">livorno-rr-06.jpg<\/figcaption><\/figure>\n\n\n\n<h3 class=\"wp-block-heading\"><span class=\"ez-toc-section\" id=\"2_Acquario_di_Livorno\"><\/span>2. Acquario di Livorno<span class=\"ez-toc-section-end\"><\/span><\/h3>\n\n\n\n<p class=\"wp-block-paragraph\">R\u00f6gt\u00f6n a h\u00edres Mascagni kil\u00e1t\u00f3terasz mellett \u00e1ll a kedvelt <strong>livorn\u00f3i Akv\u00e1rium<\/strong>, amely teljesen remek meg\u00e1ll\u00f3, f\u0151leg ha kisebb gyerekekkel utazol, vagy csak egy id\u0151re el kell b\u00fajnod a t\u0171z\u0151 ny\u00e1ri nap el\u0151l. Az Akv\u00e1rium ugyan nem tartozik a legnagyobbak k\u00f6z\u00e9 Eur\u00f3p\u00e1ban, de nagyon \u00edzl\u00e9sesen \u00e9s modernen van berendezve, \u00edgy nyugodtan \u00e9s k\u00e9nyelmesen elt\u00f6ltesz benne k\u00e9t igen kellemes, felfedez\u00e9ssel teli \u00f3r\u00e1t.<\/p>\n\n\n\n<p class=\"wp-block-paragraph\">Bent tucatnyi gy\u00f6ny\u00f6r\u0171en megvil\u00e1g\u00edtott medenc\u00e9t tal\u00e1lsz sokf\u00e9le tengeri \u00e9l\u0151l\u00e9nnyel, a tarka tr\u00f3pusi halakt\u00f3l \u00e9s a j\u00e1t\u00e9kos csik\u00f3halakt\u00f3l kezdve az eleg\u00e1ns c\u00e1p\u00e1kig \u00e9s \u00f3ri\u00e1si tengeri tekn\u0151s\u00f6kig. K\u00fcl\u00f6n figyelmet szentelnek itt <strong>\u00e9pp a F\u00f6ldk\u00f6zi-tenger \u00e9s a tirr\u00e9n partvid\u00e9k gazdag \u00f6kosziszt\u00e9m\u00e1j\u00e1nak<\/strong>, ami az eg\u00e9sz l\u00e1togat\u00e1snak kellemesen helyi dimenzi\u00f3t ad. \u00cdgy k\u00f6zelr\u0151l megn\u00e9zheted pontosan azokat a halakat, amelyekkel azt\u00e1n esetleg snorkelez\u00e9s k\u00f6zben tal\u00e1lkozol.<\/p>\n\n\n\n<p class=\"wp-block-paragraph\"><strong>Az Akv\u00e1rium nagyon modern koncepci\u00f3j\u00fa<\/strong>, \u00e9s rendk\u00edv\u00fcl \u00e9rdekes interakt\u00edv ki\u00e1ll\u00edt\u00e1sokat is k\u00edn\u00e1l. Van itt egy sz\u00e9p r\u00e9sz a tengerek v\u00e9delm\u00e9r\u0151l, a gyerekeknek \u00fagy feldolgozva, hogy a feln\u0151tteknek is \u00e9lvezetes. \ud83d\ude01<\/p>\n\n\n\n<figure data-wp-context=\"{&quot;imageId&quot;:&quot;6a95408d7fb1f&quot;}\" data-wp-interactive=\"core\/image\" data-wp-key=\"6a95408d7fb1f\" class=\"wp-block-image size-full wp-lightbox-container\"><img decoding=\"async\" width=\"2528\" height=\"1696\" data-wp-class--hide=\"state.isContentHidden\" data-wp-class--show=\"state.isContentVisible\" data-wp-init=\"callbacks.setButtonStyles\" data-wp-on--click=\"actions.showLightbox\" data-wp-on--load=\"callbacks.setButtonStyles\" data-wp-on--pointerdown=\"actions.preloadImage\" data-wp-on--pointerenter=\"actions.preloadImageWithDelay\" data-wp-on--pointerleave=\"actions.cancelPreload\" data-wp-on-window--resize=\"callbacks.setButtonStyles\" src=\"https:\/\/loudavymkrokem.cz\/wp-content\/uploads\/2026\/08\/07-3.jpg\" alt=\"A livorn\u00f3i Akv\u00e1rium medenc\u00e9i\" class=\"wp-image-393907\" title=\"\" srcset=\"https:\/\/loudavymkrokem.cz\/wp-content\/uploads\/2026\/08\/07-3.jpg 2528w, https:\/\/loudavymkrokem.cz\/wp-content\/uploads\/2026\/08\/07-3-300x201.jpg 300w, https:\/\/loudavymkrokem.cz\/wp-content\/uploads\/2026\/08\/07-3-700x470.jpg 700w, https:\/\/loudavymkrokem.cz\/wp-content\/uploads\/2026\/08\/07-3-768x515.jpg 768w, https:\/\/loudavymkrokem.cz\/wp-content\/uploads\/2026\/08\/07-3-1536x1030.jpg 1536w, https:\/\/loudavymkrokem.cz\/wp-content\/uploads\/2026\/08\/07-3-2048x1374.jpg 2048w, https:\/\/loudavymkrokem.cz\/wp-content\/uploads\/2026\/08\/07-3-696x467.jpg 696w, https:\/\/loudavymkrokem.cz\/wp-content\/uploads\/2026\/08\/07-3-1392x934.jpg 1392w, https:\/\/loudavymkrokem.cz\/wp-content\/uploads\/2026\/08\/07-3-1920x1288.jpg 1920w\" sizes=\"(max-width: 2528px) 100vw, 2528px\" \/><button\n\t\t\tclass=\"lightbox-trigger\"\n\t\t\ttype=\"button\"\n\t\t\taria-haspopup=\"dialog\"\n\t\t\tdata-wp-bind--aria-label=\"state.thisImage.triggerButtonAriaLabel\"\n\t\t\tdata-wp-init=\"callbacks.initTriggerButton\"\n\t\t\tdata-wp-on--click=\"actions.showLightbox\"\n\t\t\tdata-wp-style--right=\"state.thisImage.buttonRight\"\n\t\t\tdata-wp-style--top=\"state.thisImage.buttonTop\"\n\t\t>\n\t\t\t<svg xmlns=\"http:\/\/www.w3.org\/2000\/svg\" width=\"12\" height=\"12\" fill=\"none\" viewBox=\"0 0 12 12\">\n\t\t\t\t<path fill=\"#fff\" d=\"M2 0a2 2 0 0 0-2 2v2h1.5V2a.5.5 0 0 1 .5-.5h2V0H2Zm2 10.5H2a.5.5 0 0 1-.5-.5V8H0v2a2 2 0 0 0 2 2h2v-1.5ZM8 12v-1.5h2a.5.5 0 0 0 .5-.5V8H12v2a2 2 0 0 1-2 2H8Zm2-12a2 2 0 0 1 2 2v2h-1.5V2a.5.5 0 0 0-.5-.5H8V0h2Z\" \/>\n\t\t\t<\/svg>\n\t\t<\/button><figcaption class=\"wp-element-caption\">livorno-rr-07.jpg<\/figcaption><\/figure>\n\n\n\n<h3 class=\"wp-block-heading\"><span class=\"ez-toc-section\" id=\"3_Venezia_Nuova\"><\/span>3. Venezia Nuova<span class=\"ez-toc-section-end\"><\/span><\/h3>\n\n\n\n<p class=\"wp-block-paragraph\">Livorn\u00f3nak megvan a saj\u00e1t fest\u0151i Velenc\u00e9je, \u00e9s ez egy\u00e1ltal\u00e1n nem t\u00falz\u00e1s. A t\u00f6rt\u00e9nelmi Venezia Nuova negyed a <strong>17. sz\u00e1zadban \u00e9p\u00fclt<\/strong>, \u00e9s fennk\u00f6lt nev\u00e9t a k\u00e9pzett velencei munk\u00e1sokr\u00f3l kapta, akiket az akkori uralkod\u00f3k h\u00edvtak ide. Feladatuk az volt, hogy seg\u00edtsenek fel\u00e9p\u00edteni egy bonyolult v\u00edzi \u00fath\u00e1l\u00f3zatot \u00e9s praktikus kereskedelmi rakt\u00e1rakat, f\u00e9lreismerhetetlen \u00e9p\u00edt\u00e9szeti k\u00e9zjegy\u00fck pedig az eg\u00e9sz negyeden azonnal \u00e9szrevehet\u0151.<\/p>\n\n\n\n<p class=\"wp-block-paragraph\">Ma sok utaz\u00f3 \u00e9rt\u00e9kel\u00e9se szerint ez az <strong>eg\u00e9sz v\u00e1ros legfest\u0151ibb r\u00e9sze<\/strong>, tele r\u00e9gi t\u00e9glahidakkal, keskeny, \u00e1rny\u00e9kos sik\u00e1torokkal \u00e9s apr\u00f3, romantikus terecsk\u00e9kkel. A v\u00edz menti \u00e9p\u00fcleteken k\u00fcl\u00f6nleges patina \u00fcl, \u00e9s sokuk hatalmas bolt\u00edves pinc\u00e9t rejt k\u00f6zvetlen\u00fcl a v\u00edzszinten, ahonnan valaha luxus\u00e1rut raktak \u00e1t egyenesen a be\u00e9rkez\u0151 kereskedelmi haj\u00f3kb\u00f3l.<\/p>\n\n\n\n<p class=\"wp-block-paragraph\"><strong>A negyedbe val\u00f3 bel\u00e9p\u00e9s<\/strong> term\u00e9szetesen teljesen ingyenes, \u00e9s a s\u00e9ta e csendes csatorn\u00e1k ment\u00e9n azonnal \u00e9vsz\u00e1zadokkal r\u00f6p\u00edt vissza az id\u0151ben. Mindenk\u00e9pp aj\u00e1nlom, hogy <strong>csak \u00fagy t\u00e9rk\u00e9p n\u00e9lk\u00fcl<\/strong> k\u00f3borolj itt, \u00e9s \u00e9lvezd a hangulatot. \u00cdgy egy csom\u00f3 rejtett k\u00e1v\u00e9z\u00f3t \u00e9s apr\u00f3 k\u00e9zm\u0171ves boltocsk\u00e1t fedezel fel, amelyek t\u00f6k\u00e9letesen illeszkednek ebbe a t\u00f6rt\u00e9nelmi be\u00e9p\u00edt\u00e9sbe, \u00e9s autentikus \u00e9letet adnak neki.<\/p>\n\n\n\n<figure data-wp-context=\"{&quot;imageId&quot;:&quot;6a95408d801d3&quot;}\" data-wp-interactive=\"core\/image\" data-wp-key=\"6a95408d801d3\" class=\"wp-block-image size-full wp-lightbox-container\"><img decoding=\"async\" width=\"2528\" height=\"1696\" data-wp-class--hide=\"state.isContentHidden\" data-wp-class--show=\"state.isContentVisible\" data-wp-init=\"callbacks.setButtonStyles\" data-wp-on--click=\"actions.showLightbox\" data-wp-on--load=\"callbacks.setButtonStyles\" data-wp-on--pointerdown=\"actions.preloadImage\" data-wp-on--pointerenter=\"actions.preloadImageWithDelay\" data-wp-on--pointerleave=\"actions.cancelPreload\" data-wp-on-window--resize=\"callbacks.setButtonStyles\" src=\"https:\/\/loudavymkrokem.cz\/wp-content\/uploads\/2026\/08\/08-4.jpg\" alt=\"A Venezia Nuova negyed csatorn\u00e1i Livorn\u00f3ban\" class=\"wp-image-393908\" title=\"\" srcset=\"https:\/\/loudavymkrokem.cz\/wp-content\/uploads\/2026\/08\/08-4.jpg 2528w, https:\/\/loudavymkrokem.cz\/wp-content\/uploads\/2026\/08\/08-4-300x201.jpg 300w, https:\/\/loudavymkrokem.cz\/wp-content\/uploads\/2026\/08\/08-4-700x470.jpg 700w, https:\/\/loudavymkrokem.cz\/wp-content\/uploads\/2026\/08\/08-4-768x515.jpg 768w, https:\/\/loudavymkrokem.cz\/wp-content\/uploads\/2026\/08\/08-4-1536x1030.jpg 1536w, https:\/\/loudavymkrokem.cz\/wp-content\/uploads\/2026\/08\/08-4-2048x1374.jpg 2048w, https:\/\/loudavymkrokem.cz\/wp-content\/uploads\/2026\/08\/08-4-696x467.jpg 696w, https:\/\/loudavymkrokem.cz\/wp-content\/uploads\/2026\/08\/08-4-1392x934.jpg 1392w, https:\/\/loudavymkrokem.cz\/wp-content\/uploads\/2026\/08\/08-4-1920x1288.jpg 1920w\" sizes=\"(max-width: 2528px) 100vw, 2528px\" \/><button\n\t\t\tclass=\"lightbox-trigger\"\n\t\t\ttype=\"button\"\n\t\t\taria-haspopup=\"dialog\"\n\t\t\tdata-wp-bind--aria-label=\"state.thisImage.triggerButtonAriaLabel\"\n\t\t\tdata-wp-init=\"callbacks.initTriggerButton\"\n\t\t\tdata-wp-on--click=\"actions.showLightbox\"\n\t\t\tdata-wp-style--right=\"state.thisImage.buttonRight\"\n\t\t\tdata-wp-style--top=\"state.thisImage.buttonTop\"\n\t\t>\n\t\t\t<svg xmlns=\"http:\/\/www.w3.org\/2000\/svg\" width=\"12\" height=\"12\" fill=\"none\" viewBox=\"0 0 12 12\">\n\t\t\t\t<path fill=\"#fff\" d=\"M2 0a2 2 0 0 0-2 2v2h1.5V2a.5.5 0 0 1 .5-.5h2V0H2Zm2 10.5H2a.5.5 0 0 1-.5-.5V8H0v2a2 2 0 0 0 2 2h2v-1.5ZM8 12v-1.5h2a.5.5 0 0 0 .5-.5V8H12v2a2 2 0 0 1-2 2H8Zm2-12a2 2 0 0 1 2 2v2h-1.5V2a.5.5 0 0 0-.5-.5H8V0h2Z\" \/>\n\t\t\t<\/svg>\n\t\t<\/button><figcaption class=\"wp-element-caption\">livorno-rr-08.jpg<\/figcaption><\/figure>\n\n\n\n<h3 class=\"wp-block-heading\"><span class=\"ez-toc-section\" id=\"4_Hajozas_a_Fossi_csatornakon\"><\/span>4. Haj\u00f3z\u00e1s a Fossi csatorn\u00e1kon<span class=\"ez-toc-section-end\"><\/span><\/h3>\n\n\n\n<p class=\"wp-block-paragraph\">A legjobb \u00e9s minden k\u00e9ts\u00e9get kiz\u00e1r\u00f3an legsz\u00f3rakoztat\u00f3bb m\u00f3dja annak, hogy a t\u00f6rt\u00e9nelmi Venezia Nuova negyedet sz\u00e9pen k\u00f6zelr\u0151l megn\u00e9zd, ha egyenesen a v\u00edzre indulsz. A ny\u00e1ri f\u0151szezonban <strong>k\u00e9nyelmesen v\u00e9gig lehet menni cs\u00f3nakkal a f\u0151 csatorn\u00e1kon<\/strong>, amelyeket a helyiek szeretettel Fossinak neveznek. Teljesen remek \u00e9lm\u00e9ny ez, amely eg\u00e9szen m\u00e1s szemsz\u00f6gb\u0151l mutatja meg a v\u00e1rost, \u00e9s bepillant\u00e1st enged a val\u00f3di m\u0171k\u00f6d\u00e9s\u00e9be.<\/p>\n\n\n\n<p class=\"wp-block-paragraph\">Ezek a sz\u00e9les csatorn\u00e1k valaha els\u0151sorban arra szolg\u00e1ltak, hogy a kik\u00f6t\u0151ben horgonyz\u00f3 nagy kereskedelmi haj\u00f3kb\u00f3l z\u00f6kken\u0151mentesen sz\u00e1ll\u00edts\u00e1k a becses \u00e1rut egyenesen a j\u00f3m\u00f3d\u00fa keresked\u0151k h\u0171v\u00f6s pinc\u00e9ibe. <strong>A nyugodt haj\u00f3z\u00e1s eg\u00e9szen m\u00e1s n\u00e9z\u0151pontot k\u00edn\u00e1l<\/strong> a v\u00e1rosra, k\u00f6zelr\u0151l l\u00e1tod a r\u00e9gi h\u00eddbolt\u00edveket \u00e9s a h\u00e1zak massz\u00edv alapjait, amelyeket egy h\u00e9tk\u00f6znapi utc\u00e1r\u00f3l egy\u00e1ltal\u00e1n nem lenne es\u00e9lyed \u00e9szrevenni \u00e9s \u00e9rt\u00e9kelni a hatalmass\u00e1gukat.<\/p>\n\n\n\n<p class=\"wp-block-paragraph\">A kir\u00e1ndul\u00f3haj\u00f3k el\u00e9rhet\u0151s\u00e9g\u00e9t \u00e9s az aktu\u00e1lis jegy\u00e1rakat ink\u00e1bb mindig <strong>a helysz\u00ednen ellen\u0151rizd<\/strong> a r\u00e9gi kik\u00f6t\u0151ben, mert az egyes \u00fczemeltet\u0151k k\u00edn\u00e1lata \u00e9vr\u0151l \u00e9vre kiss\u00e9 v\u00e1ltozhat. A meg\u00e1ll\u00f3kat \u00e9s besz\u00e1ll\u00f3helyeket t\u00f6bbnyire a <strong>Fortezza Nuova er\u0151d<\/strong> k\u00f6zel\u00e9ben vagy a v\u00edz menti f\u0151 livorn\u00f3i terecsk\u00e9kn\u00e9l tal\u00e1lod.<\/p>\n\n\n\n<figure data-wp-context=\"{&quot;imageId&quot;:&quot;6a95408d80735&quot;}\" data-wp-interactive=\"core\/image\" data-wp-key=\"6a95408d80735\" class=\"wp-block-image size-full wp-lightbox-container\"><img decoding=\"async\" width=\"2528\" height=\"1696\" data-wp-class--hide=\"state.isContentHidden\" data-wp-class--show=\"state.isContentVisible\" data-wp-init=\"callbacks.setButtonStyles\" data-wp-on--click=\"actions.showLightbox\" data-wp-on--load=\"callbacks.setButtonStyles\" data-wp-on--pointerdown=\"actions.preloadImage\" data-wp-on--pointerenter=\"actions.preloadImageWithDelay\" data-wp-on--pointerleave=\"actions.cancelPreload\" data-wp-on-window--resize=\"callbacks.setButtonStyles\" src=\"https:\/\/loudavymkrokem.cz\/wp-content\/uploads\/2026\/08\/09-2.jpg\" alt=\"Cs\u00f3nak\u00e1z\u00e1s a Fossi csatorn\u00e1kon Livorn\u00f3ban\" class=\"wp-image-393909\" title=\"\" srcset=\"https:\/\/loudavymkrokem.cz\/wp-content\/uploads\/2026\/08\/09-2.jpg 2528w, https:\/\/loudavymkrokem.cz\/wp-content\/uploads\/2026\/08\/09-2-300x201.jpg 300w, https:\/\/loudavymkrokem.cz\/wp-content\/uploads\/2026\/08\/09-2-700x470.jpg 700w, https:\/\/loudavymkrokem.cz\/wp-content\/uploads\/2026\/08\/09-2-768x515.jpg 768w, https:\/\/loudavymkrokem.cz\/wp-content\/uploads\/2026\/08\/09-2-1536x1030.jpg 1536w, https:\/\/loudavymkrokem.cz\/wp-content\/uploads\/2026\/08\/09-2-2048x1374.jpg 2048w, https:\/\/loudavymkrokem.cz\/wp-content\/uploads\/2026\/08\/09-2-696x467.jpg 696w, https:\/\/loudavymkrokem.cz\/wp-content\/uploads\/2026\/08\/09-2-1392x934.jpg 1392w, https:\/\/loudavymkrokem.cz\/wp-content\/uploads\/2026\/08\/09-2-1920x1288.jpg 1920w\" sizes=\"(max-width: 2528px) 100vw, 2528px\" \/><button\n\t\t\tclass=\"lightbox-trigger\"\n\t\t\ttype=\"button\"\n\t\t\taria-haspopup=\"dialog\"\n\t\t\tdata-wp-bind--aria-label=\"state.thisImage.triggerButtonAriaLabel\"\n\t\t\tdata-wp-init=\"callbacks.initTriggerButton\"\n\t\t\tdata-wp-on--click=\"actions.showLightbox\"\n\t\t\tdata-wp-style--right=\"state.thisImage.buttonRight\"\n\t\t\tdata-wp-style--top=\"state.thisImage.buttonTop\"\n\t\t>\n\t\t\t<svg xmlns=\"http:\/\/www.w3.org\/2000\/svg\" width=\"12\" height=\"12\" fill=\"none\" viewBox=\"0 0 12 12\">\n\t\t\t\t<path fill=\"#fff\" d=\"M2 0a2 2 0 0 0-2 2v2h1.5V2a.5.5 0 0 1 .5-.5h2V0H2Zm2 10.5H2a.5.5 0 0 1-.5-.5V8H0v2a2 2 0 0 0 2 2h2v-1.5ZM8 12v-1.5h2a.5.5 0 0 0 .5-.5V8H12v2a2 2 0 0 1-2 2H8Zm2-12a2 2 0 0 1 2 2v2h-1.5V2a.5.5 0 0 0-.5-.5H8V0h2Z\" \/>\n\t\t\t<\/svg>\n\t\t<\/button><figcaption class=\"wp-element-caption\">livorno-rr-09.jpg<\/figcaption><\/figure>\n\n\n\n<h3 class=\"wp-block-heading\"><span class=\"ez-toc-section\" id=\"5_Effetto_Venezia_fesztival\"><\/span>5. Effetto Venezia fesztiv\u00e1l<span class=\"ez-toc-section-end\"><\/span><\/h3>\n\n\n\n<p class=\"wp-block-paragraph\">Ha v\u00e9letlen\u00fcl augusztusban k\u00e9sz\u00fclsz Livorn\u00f3ba, \u00f3ri\u00e1si szerencs\u00e9d van, mert \u00e9pp ebben a ny\u00e1ri h\u00f3napban tartj\u00e1k itt a <strong>legnagyobb \u00e9s legh\u00edresebb v\u00e1rosi fesztiv\u00e1lt, az Effetto Venezi\u00e1t<\/strong>. Az eg\u00e9sz t\u00f6rt\u00e9nelmi csatornanegyed n\u00e9h\u00e1ny mozgalmas napra egyetlen hatalmas, pezsg\u0151 szabadt\u00e9ri sz\u00ednpadd\u00e1 alakul, az \u00f6sszhangulat pedig egyszer\u0171en teljesen elektromos. A v\u00e1ros ilyenkor a legjobb arc\u00e1t mutatja, tele f\u00e9kezhetetlen olasz \u00f6r\u00f6mmel.<\/p>\n\n\n\n<p class=\"wp-block-paragraph\">A keskeny utc\u00e1k \u00e9s apr\u00f3 terecsk\u00e9k hangos koncertekkel, utcai sz\u00ednh\u00e1zi el\u0151ad\u00e1sokkal, v\u00e9gtelen k\u00e9zm\u0171ves standokkal \u00e9s f\u0151leg hihetetlen <strong>mennyis\u00e9g\u0171 remek \u00e9tellel<\/strong> telnek meg. Az emberek itt <strong>kiv\u00e1l\u00f3 street foodot<\/strong> esznek, bort isznak \u00e9s t\u00e1ncolnak k\u00e9s\u0151 \u00e9jszak\u00e1ig a forr\u00f3 ny\u00e1ri \u00e9jben, mik\u00f6zben az eg\u00e9sz v\u00e1ros talpon van \u00e9s egy\u00fctt mulat.<\/p>\n\n\n\n<p class=\"wp-block-paragraph\">\ud83d\udca1 Tipp: <strong>a fesztiv\u00e1l pontos id\u0151pontja \u00e9vr\u0151l \u00e9vre kiss\u00e9 v\u00e1ltozik<\/strong>, ez\u00e9rt melegen aj\u00e1nlom, hogy indul\u00e1s el\u0151tt n\u00e9zd meg a hivatalos comune.livorno.it oldalt, nehogy p\u00e1r nappal lecs\u00fassz err\u0151l a k\u00fcl\u00f6nleges esem\u00e9nyr\u0151l. A fesztiv\u00e1l alatt sz\u00e1molj azzal, hogy a v\u00e1ros val\u00f3ban tele lesz emberekkel, de az autentikus toszk\u00e1n \u00e9lm\u00e9ny a t\u00f6megben val\u00f3 nyomorg\u00e1s\u00e9rt mindenk\u00e9pp meg\u00e9ri.<\/p>\n\n\n\n<figure data-wp-context=\"{&quot;imageId&quot;:&quot;6a95408d80c16&quot;}\" data-wp-interactive=\"core\/image\" data-wp-key=\"6a95408d80c16\" class=\"wp-block-image size-full wp-lightbox-container\"><img decoding=\"async\" width=\"2528\" height=\"1696\" data-wp-class--hide=\"state.isContentHidden\" data-wp-class--show=\"state.isContentVisible\" data-wp-init=\"callbacks.setButtonStyles\" data-wp-on--click=\"actions.showLightbox\" data-wp-on--load=\"callbacks.setButtonStyles\" data-wp-on--pointerdown=\"actions.preloadImage\" data-wp-on--pointerenter=\"actions.preloadImageWithDelay\" data-wp-on--pointerleave=\"actions.cancelPreload\" data-wp-on-window--resize=\"callbacks.setButtonStyles\" src=\"https:\/\/loudavymkrokem.cz\/wp-content\/uploads\/2026\/08\/10-4.jpg\" alt=\"Az Effetto Venezia fesztiv\u00e1l hangulata Livorn\u00f3ban\" class=\"wp-image-393910\" title=\"\" srcset=\"https:\/\/loudavymkrokem.cz\/wp-content\/uploads\/2026\/08\/10-4.jpg 2528w, https:\/\/loudavymkrokem.cz\/wp-content\/uploads\/2026\/08\/10-4-300x201.jpg 300w, https:\/\/loudavymkrokem.cz\/wp-content\/uploads\/2026\/08\/10-4-700x470.jpg 700w, https:\/\/loudavymkrokem.cz\/wp-content\/uploads\/2026\/08\/10-4-768x515.jpg 768w, https:\/\/loudavymkrokem.cz\/wp-content\/uploads\/2026\/08\/10-4-1536x1030.jpg 1536w, https:\/\/loudavymkrokem.cz\/wp-content\/uploads\/2026\/08\/10-4-2048x1374.jpg 2048w, https:\/\/loudavymkrokem.cz\/wp-content\/uploads\/2026\/08\/10-4-696x467.jpg 696w, https:\/\/loudavymkrokem.cz\/wp-content\/uploads\/2026\/08\/10-4-1392x934.jpg 1392w, https:\/\/loudavymkrokem.cz\/wp-content\/uploads\/2026\/08\/10-4-1920x1288.jpg 1920w\" sizes=\"(max-width: 2528px) 100vw, 2528px\" \/><button\n\t\t\tclass=\"lightbox-trigger\"\n\t\t\ttype=\"button\"\n\t\t\taria-haspopup=\"dialog\"\n\t\t\tdata-wp-bind--aria-label=\"state.thisImage.triggerButtonAriaLabel\"\n\t\t\tdata-wp-init=\"callbacks.initTriggerButton\"\n\t\t\tdata-wp-on--click=\"actions.showLightbox\"\n\t\t\tdata-wp-style--right=\"state.thisImage.buttonRight\"\n\t\t\tdata-wp-style--top=\"state.thisImage.buttonTop\"\n\t\t>\n\t\t\t<svg xmlns=\"http:\/\/www.w3.org\/2000\/svg\" width=\"12\" height=\"12\" fill=\"none\" viewBox=\"0 0 12 12\">\n\t\t\t\t<path fill=\"#fff\" d=\"M2 0a2 2 0 0 0-2 2v2h1.5V2a.5.5 0 0 1 .5-.5h2V0H2Zm2 10.5H2a.5.5 0 0 1-.5-.5V8H0v2a2 2 0 0 0 2 2h2v-1.5ZM8 12v-1.5h2a.5.5 0 0 0 .5-.5V8H12v2a2 2 0 0 1-2 2H8Zm2-12a2 2 0 0 1 2 2v2h-1.5V2a.5.5 0 0 0-.5-.5H8V0h2Z\" \/>\n\t\t\t<\/svg>\n\t\t<\/button><figcaption class=\"wp-element-caption\">livorno-rr-10.jpg<\/figcaption><\/figure>\n\n\n\n<h3 class=\"wp-block-heading\"><span class=\"ez-toc-section\" id=\"6_Fortezza_Vecchia\"><\/span>6. Fortezza Vecchia<span class=\"ez-toc-section-end\"><\/span><\/h3>\n\n\n\n<p class=\"wp-block-paragraph\">A r\u00e9gi er\u0151d, amelyet olasz nev\u00e9n Fortezza Vecchi\u00e1nak ismernek, a <strong>16. sz\u00e1zad legelej\u00e9n \u00e9p\u00fclt<\/strong>, mint f\u0151 katonai v\u00e9delmi pont a tengeri kal\u00f3zok folyamatos \u00e9s puszt\u00edt\u00f3 t\u00e1mad\u00e1sai ellen. Massz\u00edv k\u0151falai \u00e9s magas \u0151rtornyai m\u00e1ig uralj\u00e1k a r\u00e9gi kik\u00f6t\u0151t, \u00e9s a v\u00e1ros elmaradhatatlan sziluettj\u00e9t alkotj\u00e1k, amely a viharos \u00e9s kiss\u00e9 vad t\u00f6rt\u00e9nelm\u00e9re eml\u00e9keztet.<\/p>\n\n\n\n<p class=\"wp-block-paragraph\"><strong>A ter\u00fclet szabadon l\u00e1togathat\u00f3 (ha \u00e9pp nincs ki\u00e1ll\u00edt\u00e1s vagy esk\u00fcv\u0151)<\/strong>, \u00e9s a s\u00e9ta a falak k\u00f6z\u00f6tt meg\u00e9ri. A tengerre n\u00e9zve k\u00f6nnyen elk\u00e9pzeled, ahogy itt a katon\u00e1k az ellens\u00e9ges haj\u00f3kat k\u00e9mlelt\u00e9k.<\/p>\n\n\n\n<p class=\"wp-block-paragraph\">Az er\u0151d belsej\u00e9ben t\u00f6bbek k\u00f6z\u00f6tt egy \u00e9rdekes \u00e9s tanuls\u00e1gos ki\u00e1ll\u00edt\u00e1st is tal\u00e1lsz a v\u00e1ros gazdag <strong>tenger\u00e9szm\u00faltj\u00e1r\u00f3l<\/strong> \u00e9s fokozatos fejl\u0151d\u00e9s\u00e9r\u0151l. Ha azt\u00e1n felm\u00e1szol a meredek l\u00e9pcs\u0151k\u00f6n eg\u00e9szen a hatalmas falak legtetej\u00e9re, <strong>gy\u00f6ny\u00f6r\u0171 panor\u00e1ma<\/strong> t\u00e1rul el\u00e9d az eg\u00e9sz ny\u00fczsg\u0151 kik\u00f6t\u0151re, a szigetekre indul\u00f3 \u00f3ri\u00e1si kompokra \u00e9s a l\u00e1t\u00f3hat\u00e1rt szeg\u00e9lyez\u0151 v\u00e9gtelen k\u00e9k tengerre.<\/p>\n\n\n\n<figure data-wp-context=\"{&quot;imageId&quot;:&quot;6a95408d8109b&quot;}\" data-wp-interactive=\"core\/image\" data-wp-key=\"6a95408d8109b\" class=\"wp-block-image size-full wp-lightbox-container\"><img decoding=\"async\" width=\"2528\" height=\"1696\" data-wp-class--hide=\"state.isContentHidden\" data-wp-class--show=\"state.isContentVisible\" data-wp-init=\"callbacks.setButtonStyles\" data-wp-on--click=\"actions.showLightbox\" data-wp-on--load=\"callbacks.setButtonStyles\" data-wp-on--pointerdown=\"actions.preloadImage\" data-wp-on--pointerenter=\"actions.preloadImageWithDelay\" data-wp-on--pointerleave=\"actions.cancelPreload\" data-wp-on-window--resize=\"callbacks.setButtonStyles\" src=\"https:\/\/loudavymkrokem.cz\/wp-content\/uploads\/2026\/08\/11-4.jpg\" alt=\"A Fortezza Vecchia er\u0151d falai Livorn\u00f3ban\" class=\"wp-image-393911\" title=\"\" srcset=\"https:\/\/loudavymkrokem.cz\/wp-content\/uploads\/2026\/08\/11-4.jpg 2528w, https:\/\/loudavymkrokem.cz\/wp-content\/uploads\/2026\/08\/11-4-300x201.jpg 300w, https:\/\/loudavymkrokem.cz\/wp-content\/uploads\/2026\/08\/11-4-700x470.jpg 700w, https:\/\/loudavymkrokem.cz\/wp-content\/uploads\/2026\/08\/11-4-768x515.jpg 768w, https:\/\/loudavymkrokem.cz\/wp-content\/uploads\/2026\/08\/11-4-1536x1030.jpg 1536w, https:\/\/loudavymkrokem.cz\/wp-content\/uploads\/2026\/08\/11-4-2048x1374.jpg 2048w, https:\/\/loudavymkrokem.cz\/wp-content\/uploads\/2026\/08\/11-4-696x467.jpg 696w, https:\/\/loudavymkrokem.cz\/wp-content\/uploads\/2026\/08\/11-4-1392x934.jpg 1392w, https:\/\/loudavymkrokem.cz\/wp-content\/uploads\/2026\/08\/11-4-1920x1288.jpg 1920w\" sizes=\"(max-width: 2528px) 100vw, 2528px\" \/><button\n\t\t\tclass=\"lightbox-trigger\"\n\t\t\ttype=\"button\"\n\t\t\taria-haspopup=\"dialog\"\n\t\t\tdata-wp-bind--aria-label=\"state.thisImage.triggerButtonAriaLabel\"\n\t\t\tdata-wp-init=\"callbacks.initTriggerButton\"\n\t\t\tdata-wp-on--click=\"actions.showLightbox\"\n\t\t\tdata-wp-style--right=\"state.thisImage.buttonRight\"\n\t\t\tdata-wp-style--top=\"state.thisImage.buttonTop\"\n\t\t>\n\t\t\t<svg xmlns=\"http:\/\/www.w3.org\/2000\/svg\" width=\"12\" height=\"12\" fill=\"none\" viewBox=\"0 0 12 12\">\n\t\t\t\t<path fill=\"#fff\" d=\"M2 0a2 2 0 0 0-2 2v2h1.5V2a.5.5 0 0 1 .5-.5h2V0H2Zm2 10.5H2a.5.5 0 0 1-.5-.5V8H0v2a2 2 0 0 0 2 2h2v-1.5ZM8 12v-1.5h2a.5.5 0 0 0 .5-.5V8H12v2a2 2 0 0 1-2 2H8Zm2-12a2 2 0 0 1 2 2v2h-1.5V2a.5.5 0 0 0-.5-.5H8V0h2Z\" \/>\n\t\t\t<\/svg>\n\t\t<\/button><figcaption class=\"wp-element-caption\">livorno-rr-11.jpg<\/figcaption><\/figure>\n\n\n\n<h3 class=\"wp-block-heading\"><span class=\"ez-toc-section\" id=\"7_Fortezza_Nuova\"><\/span>7. Fortezza Nuova<span class=\"ez-toc-section-end\"><\/span><\/h3>\n\n\n\n<p class=\"wp-block-paragraph\">A r\u00e9gi er\u0151d valamivel fiatalabb \u00e9s j\u00f3val z\u00f6ldebb testv\u00e9re a Fortezza Nuova, amely a 16. sz\u00e1zad v\u00e9g\u00e9r\u0151l sz\u00e1rmazik. <strong>Teljesen k\u00f6r\u00fclveszi egy m\u00e9ly vizes\u00e1rok<\/strong>, \u00e9s k\u00edv\u00fclr\u0151l \u00fagy hat, mint egy hatalmas, bevehetetlen szikl\u00e1s sziget a ny\u00fczsg\u0151 v\u00e1ros k\u00f6zep\u00e9n. R\u00e9gi t\u00e9glafalai, amelyek a nyugodt v\u00edzfelsz\u00ednen t\u00fckr\u00f6z\u0151dnek, r\u00e1ad\u00e1sul nagyon kedvelt mot\u00edvumai a helyi fest\u0151knek \u00e9s a lelkes fot\u00f3soknak is.<\/p>\n\n\n\n<p class=\"wp-block-paragraph\">A leg\u00e9rdekesebb ebben az \u00e9p\u00edtm\u00e9nyben az a t\u00e9ny, hogy t\u00e1gas belsej\u00e9t id\u0151vel egy <strong>gy\u00f6ny\u00f6r\u0171, nagy k\u00f6zparkk\u00e1 alak\u00edtott\u00e1k<\/strong>. A szigor\u00faan \u0151rz\u00f6tt katonai objektumb\u00f3l \u00edgy az \u00e9vek sor\u00e1n a nyugalom kedvelt z\u00f6ld o\u00e1zisa lett, ahov\u00e1 szinte egy\u00e1ltal\u00e1n nem sz\u0171r\u0151dik be a k\u00f6rnyez\u0151 forgalom zaja, \u00e9s ahol \u00e9rz\u00e9sre meg\u00e1llt az id\u0151. A durva katonai \u00e9p\u00edt\u00e9szet \u00e9s a rendezett z\u00f6ld kontrasztja itt nagyon hat\u00e1sos.<\/p>\n\n\n\n<p class=\"wp-block-paragraph\">A helyiek <strong>piknikezni j\u00e1rnak ide<\/strong>, olvasni vagy csak lust\u00e1lkodni az \u00e1rny\u00e9kban, \u00e9s <strong>ha gyerekekkel j\u00f6ssz<\/strong>, van itt el\u00e9g hely, hogy rendesen kifuss\u00e1k magukat.<\/p>\n\n\n\n<figure data-wp-context=\"{&quot;imageId&quot;:&quot;6a95408d8160d&quot;}\" data-wp-interactive=\"core\/image\" data-wp-key=\"6a95408d8160d\" class=\"wp-block-image size-full wp-lightbox-container\"><img decoding=\"async\" width=\"2528\" height=\"1696\" data-wp-class--hide=\"state.isContentHidden\" data-wp-class--show=\"state.isContentVisible\" data-wp-init=\"callbacks.setButtonStyles\" data-wp-on--click=\"actions.showLightbox\" data-wp-on--load=\"callbacks.setButtonStyles\" data-wp-on--pointerdown=\"actions.preloadImage\" data-wp-on--pointerenter=\"actions.preloadImageWithDelay\" data-wp-on--pointerleave=\"actions.cancelPreload\" data-wp-on-window--resize=\"callbacks.setButtonStyles\" src=\"https:\/\/loudavymkrokem.cz\/wp-content\/uploads\/2026\/08\/12-3.jpg\" alt=\"A Fortezza Nuova er\u0151d vizes\u00e1rokkal Livorn\u00f3ban\" class=\"wp-image-393912\" title=\"\" srcset=\"https:\/\/loudavymkrokem.cz\/wp-content\/uploads\/2026\/08\/12-3.jpg 2528w, https:\/\/loudavymkrokem.cz\/wp-content\/uploads\/2026\/08\/12-3-300x201.jpg 300w, https:\/\/loudavymkrokem.cz\/wp-content\/uploads\/2026\/08\/12-3-700x470.jpg 700w, https:\/\/loudavymkrokem.cz\/wp-content\/uploads\/2026\/08\/12-3-768x515.jpg 768w, https:\/\/loudavymkrokem.cz\/wp-content\/uploads\/2026\/08\/12-3-1536x1030.jpg 1536w, https:\/\/loudavymkrokem.cz\/wp-content\/uploads\/2026\/08\/12-3-2048x1374.jpg 2048w, https:\/\/loudavymkrokem.cz\/wp-content\/uploads\/2026\/08\/12-3-696x467.jpg 696w, https:\/\/loudavymkrokem.cz\/wp-content\/uploads\/2026\/08\/12-3-1392x934.jpg 1392w, https:\/\/loudavymkrokem.cz\/wp-content\/uploads\/2026\/08\/12-3-1920x1288.jpg 1920w\" sizes=\"(max-width: 2528px) 100vw, 2528px\" \/><button\n\t\t\tclass=\"lightbox-trigger\"\n\t\t\ttype=\"button\"\n\t\t\taria-haspopup=\"dialog\"\n\t\t\tdata-wp-bind--aria-label=\"state.thisImage.triggerButtonAriaLabel\"\n\t\t\tdata-wp-init=\"callbacks.initTriggerButton\"\n\t\t\tdata-wp-on--click=\"actions.showLightbox\"\n\t\t\tdata-wp-style--right=\"state.thisImage.buttonRight\"\n\t\t\tdata-wp-style--top=\"state.thisImage.buttonTop\"\n\t\t>\n\t\t\t<svg xmlns=\"http:\/\/www.w3.org\/2000\/svg\" width=\"12\" height=\"12\" fill=\"none\" viewBox=\"0 0 12 12\">\n\t\t\t\t<path fill=\"#fff\" d=\"M2 0a2 2 0 0 0-2 2v2h1.5V2a.5.5 0 0 1 .5-.5h2V0H2Zm2 10.5H2a.5.5 0 0 1-.5-.5V8H0v2a2 2 0 0 0 2 2h2v-1.5ZM8 12v-1.5h2a.5.5 0 0 0 .5-.5V8H12v2a2 2 0 0 1-2 2H8Zm2-12a2 2 0 0 1 2 2v2h-1.5V2a.5.5 0 0 0-.5-.5H8V0h2Z\" \/>\n\t\t\t<\/svg>\n\t\t<\/button><figcaption class=\"wp-element-caption\">livorno-rr-12.jpg<\/figcaption><\/figure>\n\n\n\n<h3 class=\"wp-block-heading\"><span class=\"ez-toc-section\" id=\"8_Mercato_Centrale\"><\/span>8. Mercato Centrale<span class=\"ez-toc-section-end\"><\/span><\/h3>\n\n\n\n<p class=\"wp-block-paragraph\">Minden lelkes \u00e9telszerelmes \u00e9s az autentikus helyi hangulat kedvel\u0151je sz\u00e1m\u00e1ra a Mercato Centrale piac megl\u00e1togat\u00e1sa abszol\u00fat k\u00f6telez\u0151, amit nem hagyhatsz ki. Ez <strong>eg\u00e9sz It\u00e1lia egyik legnagyobb fedett piaca<\/strong>, \u00e9s maga az \u00e9p\u00fclet architekt\u00far\u00e1ja a hatalmas bolt\u00edves ablakokkal \u00e9s az eleg\u00e1ns ac\u00e9lszerkezettel \u00f6nmag\u00e1ban is gy\u00f6ny\u00f6r\u0171 l\u00e1tv\u00e1ny, amely a 19. sz\u00e1zadi p\u00e1rizsi piacokra eml\u00e9keztet.<\/p>\n\n\n\n<p class=\"wp-block-paragraph\">Az alkudoz\u00f3 kof\u00e1k zaja, a f\u0171szerek \u00e9s a friss p\u00e9k\u00e1ru illata&#8230; <strong>a piacr\u00f3l<\/strong> neh\u00e9z elj\u00f6nni, \u00e9s t\u00f6bbnyire <strong>teli t\u00e1sk\u00e1val<\/strong> az ember.<\/p>\n\n\n\n<p class=\"wp-block-paragraph\"><strong>Az \u00e9p\u00fcletbe val\u00f3 bel\u00e9p\u00e9s term\u00e9szetesen teljesen ingyenes<\/strong>, \u00e9s mindenk\u00e9pp aj\u00e1nlom, hogy m\u00e1r kora d\u00e9lel\u0151tt gyere ide. Ilyenkor ugyanis a piac teljes \u00fczemben van, \u00e9s a lehet\u0151 legnagyobb ny\u00fczsg\u00e9s uralkodik itt. A helyi szak\u00e1csok \u00e9s tapasztalt h\u00e1ziasszonyok itt gondosan v\u00e1s\u00e1rolj\u00e1k a legjobb alapanyagokat a vas\u00e1rnapi eb\u00e9dhez, \u00e9s m\u00e1r csak csendben figyelni is \u00f6nmag\u00e1ban \u00e9lm\u00e9ny.<\/p>\n\n\n\n<figure data-wp-context=\"{&quot;imageId&quot;:&quot;6a95408d81d69&quot;}\" data-wp-interactive=\"core\/image\" data-wp-key=\"6a95408d81d69\" class=\"wp-block-image size-full wp-lightbox-container\"><img decoding=\"async\" width=\"2528\" height=\"1696\" data-wp-class--hide=\"state.isContentHidden\" data-wp-class--show=\"state.isContentVisible\" data-wp-init=\"callbacks.setButtonStyles\" data-wp-on--click=\"actions.showLightbox\" data-wp-on--load=\"callbacks.setButtonStyles\" data-wp-on--pointerdown=\"actions.preloadImage\" data-wp-on--pointerenter=\"actions.preloadImageWithDelay\" data-wp-on--pointerleave=\"actions.cancelPreload\" data-wp-on-window--resize=\"callbacks.setButtonStyles\" src=\"https:\/\/loudavymkrokem.cz\/wp-content\/uploads\/2026\/08\/13-3.jpg\" alt=\"A Mercato Centrale fedett piac Livorn\u00f3ban\" class=\"wp-image-393913\" title=\"\" srcset=\"https:\/\/loudavymkrokem.cz\/wp-content\/uploads\/2026\/08\/13-3.jpg 2528w, https:\/\/loudavymkrokem.cz\/wp-content\/uploads\/2026\/08\/13-3-300x201.jpg 300w, https:\/\/loudavymkrokem.cz\/wp-content\/uploads\/2026\/08\/13-3-700x470.jpg 700w, https:\/\/loudavymkrokem.cz\/wp-content\/uploads\/2026\/08\/13-3-768x515.jpg 768w, https:\/\/loudavymkrokem.cz\/wp-content\/uploads\/2026\/08\/13-3-1536x1030.jpg 1536w, https:\/\/loudavymkrokem.cz\/wp-content\/uploads\/2026\/08\/13-3-2048x1374.jpg 2048w, https:\/\/loudavymkrokem.cz\/wp-content\/uploads\/2026\/08\/13-3-696x467.jpg 696w, https:\/\/loudavymkrokem.cz\/wp-content\/uploads\/2026\/08\/13-3-1392x934.jpg 1392w, https:\/\/loudavymkrokem.cz\/wp-content\/uploads\/2026\/08\/13-3-1920x1288.jpg 1920w\" sizes=\"(max-width: 2528px) 100vw, 2528px\" \/><button\n\t\t\tclass=\"lightbox-trigger\"\n\t\t\ttype=\"button\"\n\t\t\taria-haspopup=\"dialog\"\n\t\t\tdata-wp-bind--aria-label=\"state.thisImage.triggerButtonAriaLabel\"\n\t\t\tdata-wp-init=\"callbacks.initTriggerButton\"\n\t\t\tdata-wp-on--click=\"actions.showLightbox\"\n\t\t\tdata-wp-style--right=\"state.thisImage.buttonRight\"\n\t\t\tdata-wp-style--top=\"state.thisImage.buttonTop\"\n\t\t>\n\t\t\t<svg xmlns=\"http:\/\/www.w3.org\/2000\/svg\" width=\"12\" height=\"12\" fill=\"none\" viewBox=\"0 0 12 12\">\n\t\t\t\t<path fill=\"#fff\" d=\"M2 0a2 2 0 0 0-2 2v2h1.5V2a.5.5 0 0 1 .5-.5h2V0H2Zm2 10.5H2a.5.5 0 0 1-.5-.5V8H0v2a2 2 0 0 0 2 2h2v-1.5ZM8 12v-1.5h2a.5.5 0 0 0 .5-.5V8H12v2a2 2 0 0 1-2 2H8Zm2-12a2 2 0 0 1 2 2v2h-1.5V2a.5.5 0 0 0-.5-.5H8V0h2Z\" \/>\n\t\t\t<\/svg>\n\t\t<\/button><figcaption class=\"wp-element-caption\">livorno-rr-13.jpg<\/figcaption><\/figure>\n\n\n\n<h3 class=\"wp-block-heading\"><span class=\"ez-toc-section\" id=\"9_A_hamis_Modigliani-fejek_csalasa\"><\/span>9. A hamis Modigliani-fejek csal\u00e1sa<span class=\"ez-toc-section-end\"><\/span><\/h3>\n\n\n\n<p class=\"wp-block-paragraph\">Ez egy teljesen leny\u0171g\u00f6z\u0151 t\u00f6rt\u00e9net, amely valaha az eg\u00e9sz m\u0171v\u00e9szvil\u00e1gban h\u00edress\u00e9 tette Livorn\u00f3t, \u00e9s a v\u00e1ros m\u00e1ig b\u00fcszk\u00e9n, egy adag fel\u00fcd\u00edt\u0151 \u00f6nir\u00f3ni\u00e1val v\u00e1llalja. A h\u00edres fest\u0151 \u00e9s szobr\u00e1sz, <strong>Amedeo Modigliani \u00e9pp Livorn\u00f3ban sz\u00fcletett<\/strong> 1884-ben, \u00e9s 1984 nyar\u00e1n nagy ki\u00e1ll\u00edt\u00e1st rendeztek itt a sz\u00e1zadik \u00e9vfordul\u00f3j\u00e1ra. A ki\u00e1ll\u00edt\u00e1s azonban eleinte nem nagyon \u00e9rdekelt senkit, \u00edgy a szervez\u0151, Vera Durb\u00e9 egy \u0151r\u00fclt \u00f6tlettel \u00e1llt el\u0151. <strong>Kikotortatta a Fosso Reale v\u00e1rosi csatorn\u00e1t<\/strong>, ahov\u00e1 a r\u00e9gi helyi legenda szerint Modigliani a korai szobrait dob\u00e1lta a les\u00fajt\u00f3 kritik\u00e1k ut\u00e1n.<\/p>\n\n\n\n<p class=\"wp-block-paragraph\">Csod\u00e1k csod\u00e1ja, a v\u00edzb\u0151l j\u00faliusban val\u00f3ban kihal\u00e1sztak h\u00e1rom k\u0151fejet a jellegzetesen megny\u00fajtott nyakakkal, \u00e9s a <strong>lelkes m\u0171v\u00e9szeti szak\u00e9rt\u0151k nagy h\u00edrver\u00e9ssel azonnal eredetinek nyilv\u00e1n\u00edtott\u00e1k \u0151ket<\/strong>. Az \u00fajs\u00e1gok akkor vastag bet\u0171s c\u00edmekkel \u00edrtak, \u00e9s Livorn\u00f3ba eg\u00e9sz Eur\u00f3p\u00e1b\u00f3l \u00f6z\u00f6nl\u00f6ttek az \u00fajs\u00e1g\u00edr\u00f3k.<\/p>\n\n\n\n<p class=\"wp-block-paragraph\">A szenz\u00e1ci\u00f3 azonban csak p\u00e1r h\u00e9tig tartott. Hamarosan ugyanis nyilv\u00e1nosan bevallotta <strong>h\u00e1rom helyi di\u00e1k, nevezetesen Michele Ghelarducci, Pietro Luridiana \u00e9s Pier Francesco Ferrucci<\/strong>, hogy az egyik fejet egy gar\u00e1zsban k\u00e9sz\u00edtett\u00e9k egy h\u00e9tk\u00f6znapi Black &#038; Decker f\u00far\u00f3val \u00e9s v\u00e9s\u0151vel, tiszta di\u00e1kcs\u00ednyk\u00e9nt. A marad\u00e9k k\u00e9t fejet pedig \u00e1rtatlanul mag\u00e1ra v\u00e1llalta egy helyi kik\u00f6t\u0151i munk\u00e1s, Angelo Froglia. Ma Livorno b\u00fcszk\u00e9n \u00e1ll\u00edtja ki ezeket a hamis fejeket, mint vicces eml\u00e9keztet\u0151t arra, hogy n\u00e9ha meg\u00e9ri nem venni magunkat hal\u00e1losan komolyan.<\/p>\n\n\n\n<figure data-wp-context=\"{&quot;imageId&quot;:&quot;6a95408d824c5&quot;}\" data-wp-interactive=\"core\/image\" data-wp-key=\"6a95408d824c5\" class=\"wp-block-image size-full wp-lightbox-container\"><img decoding=\"async\" width=\"2528\" height=\"1696\" data-wp-class--hide=\"state.isContentHidden\" data-wp-class--show=\"state.isContentVisible\" data-wp-init=\"callbacks.setButtonStyles\" data-wp-on--click=\"actions.showLightbox\" data-wp-on--load=\"callbacks.setButtonStyles\" data-wp-on--pointerdown=\"actions.preloadImage\" data-wp-on--pointerenter=\"actions.preloadImageWithDelay\" data-wp-on--pointerleave=\"actions.cancelPreload\" data-wp-on-window--resize=\"callbacks.setButtonStyles\" src=\"https:\/\/loudavymkrokem.cz\/wp-content\/uploads\/2026\/08\/14-3.jpg\" alt=\"A hamis Modigliani-fejek Livorn\u00f3ban\" class=\"wp-image-393914\" title=\"\" srcset=\"https:\/\/loudavymkrokem.cz\/wp-content\/uploads\/2026\/08\/14-3.jpg 2528w, https:\/\/loudavymkrokem.cz\/wp-content\/uploads\/2026\/08\/14-3-300x201.jpg 300w, https:\/\/loudavymkrokem.cz\/wp-content\/uploads\/2026\/08\/14-3-700x470.jpg 700w, https:\/\/loudavymkrokem.cz\/wp-content\/uploads\/2026\/08\/14-3-768x515.jpg 768w, https:\/\/loudavymkrokem.cz\/wp-content\/uploads\/2026\/08\/14-3-1536x1030.jpg 1536w, https:\/\/loudavymkrokem.cz\/wp-content\/uploads\/2026\/08\/14-3-2048x1374.jpg 2048w, https:\/\/loudavymkrokem.cz\/wp-content\/uploads\/2026\/08\/14-3-696x467.jpg 696w, https:\/\/loudavymkrokem.cz\/wp-content\/uploads\/2026\/08\/14-3-1392x934.jpg 1392w, https:\/\/loudavymkrokem.cz\/wp-content\/uploads\/2026\/08\/14-3-1920x1288.jpg 1920w\" sizes=\"(max-width: 2528px) 100vw, 2528px\" \/><button\n\t\t\tclass=\"lightbox-trigger\"\n\t\t\ttype=\"button\"\n\t\t\taria-haspopup=\"dialog\"\n\t\t\tdata-wp-bind--aria-label=\"state.thisImage.triggerButtonAriaLabel\"\n\t\t\tdata-wp-init=\"callbacks.initTriggerButton\"\n\t\t\tdata-wp-on--click=\"actions.showLightbox\"\n\t\t\tdata-wp-style--right=\"state.thisImage.buttonRight\"\n\t\t\tdata-wp-style--top=\"state.thisImage.buttonTop\"\n\t\t>\n\t\t\t<svg xmlns=\"http:\/\/www.w3.org\/2000\/svg\" width=\"12\" height=\"12\" fill=\"none\" viewBox=\"0 0 12 12\">\n\t\t\t\t<path fill=\"#fff\" d=\"M2 0a2 2 0 0 0-2 2v2h1.5V2a.5.5 0 0 1 .5-.5h2V0H2Zm2 10.5H2a.5.5 0 0 1-.5-.5V8H0v2a2 2 0 0 0 2 2h2v-1.5ZM8 12v-1.5h2a.5.5 0 0 0 .5-.5V8H12v2a2 2 0 0 1-2 2H8Zm2-12a2 2 0 0 1 2 2v2h-1.5V2a.5.5 0 0 0-.5-.5H8V0h2Z\" \/>\n\t\t\t<\/svg>\n\t\t<\/button><figcaption class=\"wp-element-caption\">livorno-rr-14.jpg<\/figcaption><\/figure>\n\n\n\n<!-- LKM_GYG_CARD start q=\"livorno\" lang=\"hu\" rendered=\"2026-08-31T06:26:28+00:00\" v=\"1\" -->\n<style id=\"lk-gyg-styles\">\n@import url(\"https:\/\/fonts.googleapis.com\/css2?family=Playfair+Display:wght@700&family=DM+Sans:wght@300;400;500;600&display=swap\");\n\/* === LK GYG karty \u2014 CRO redesign 2026-05 (namespace .lkx-) ===\n   C\u00edl: vy\u0161\u0161\u00ed CTR (hero + v\u00fdrazn\u00fd social proof + ak\u010dn\u00ed CTA, m\u00e9n\u011b \"reklamn\u00ed\").\n   Injektuje se inline do prvn\u00edho markeru postu (refresh_cards.py --inline-css). *\/\n.lkx-module, .lkx-module *{box-sizing:border-box;margin:0;padding:0}\n.lkx-module{\n  font-family:'DM Sans',-apple-system,Segoe UI,Roboto,Georgia,sans-serif;\n  max-width:860px;margin:2.5rem auto;color:#1f2328;\n}\n\n\/* HEADER \u2014 lehk\u00fd editorsk\u00fd, \u017e\u00e1dn\u00fd bannerov\u00fd blok; nadpis + popisek pod n\u00edm *\/\n.lkx-head{margin-bottom:16px}\n.lkx-head-main{display:flex;align-items:center;gap:10px}\n.lkx-head-accent{width:26px;height:3px;border-radius:2px;background:#c39f76;flex-shrink:0}\n.lkx-head-title{font-family:'Playfair Display',Georgia,serif;font-size:21px;font-weight:700;color:#1a1a1a;line-height:1.25}\n.lkx-head-meta{display:block;font-size:11px;letter-spacing:.3px;color:#9aa0a6;margin-top:4px;margin-left:36px}\n\n\/* HERO *\/\n.lkx-hero{display:grid;grid-template-columns:300px 1fr;background:#fff;border:1px solid #ece7df;border-radius:14px;overflow:hidden;text-decoration:none!important;color:inherit;box-shadow:0 6px 20px rgba(0,0,0,.06);transition:box-shadow .2s,transform .2s;margin-bottom:14px}\n.lkx-hero:hover{box-shadow:0 12px 30px rgba(0,0,0,.12);transform:translateY(-2px)}\n.lkx-hero-img{position:relative;min-height:230px;background-size:cover;background-position:center;background-color:#eee}\n.lkx-hero-body{padding:22px 24px;display:flex;flex-direction:column}\n.lkx-pick{position:absolute;top:12px;left:12px;background:#1a1a1a;color:#fff;font-size:11px;font-weight:700;letter-spacing:.5px;padding:5px 11px;border-radius:20px}\n\n\/* TITLE *\/\n.lkx-title{font-size:19px;font-weight:700;color:#161616;line-height:1.3}\n.lkx-title-sm{font-size:14.5px;line-height:1.35;display:-webkit-box;-webkit-line-clamp:2;-webkit-box-orient:vertical;overflow:hidden}\n\n\/* SOCIAL PROOF \u2014 v\u00fdrazn\u011b, naho\u0159e *\/\n.lkx-proof{display:flex;align-items:center;gap:7px;margin-top:12px;font-size:15px;color:#3a3a3a}\n.lkx-proof b{font-size:16px;color:#161616}\n.lkx-stars{color:#f5a623;letter-spacing:1px}\n.lkx-proof-sm{font-size:12.5px;margin-top:8px;gap:5px}\n.lkx-proof-sm b{font-size:13px}\n.lkx-proof-new{color:#3685fc;font-weight:600}\n\n\/* PRICE \u2014 n\u00edzk\u00e1 kotva *\/\n.lkx-price{font-size:14px;color:#6b7280}\n.lkx-price b{font-size:20px;color:#161616;font-weight:700}\n.lkx-price-sm b{font-size:15px}\n\n\/* CTA \u2014 tepl\u00e9 ak\u010dn\u00ed tla\u010d\u00edtko *\/\n.lkx-cta{display:inline-flex;align-items:center;justify-content:center;text-decoration:none!important;font-weight:700;color:#fff!important;background:linear-gradient(135deg,#f6743f,#e8552a);border-radius:10px;box-shadow:0 6px 16px rgba(232,85,42,.32);transition:box-shadow .2s}\n.lkx-cta-hero{font-size:15px;padding:13px 22px}\n.lkx-hero:hover .lkx-cta-hero{box-shadow:0 8px 22px rgba(232,85,42,.45)}\n.lkx-cta-sm{font-size:12.5px;padding:9px 14px;width:100%;margin-top:2px}\n.lkx-hero-bottom{margin-top:auto;padding-top:18px;display:flex;align-items:center;justify-content:space-between;gap:14px;flex-wrap:wrap}\n\n\/* BADGE \u2014 jeden v\u00fdrazn\u00fd na fotce *\/\n.lkx-badge{position:absolute;top:12px;right:12px;font-size:10.5px;font-weight:700;letter-spacing:.3px;padding:5px 10px;border-radius:16px;color:#fff}\n.lkx-badge.badge-urgency{background:rgba(214,40,40,.92)}\n.lkx-badge.badge-new{background:rgba(54,133,252,.92)}\n.lkx-badge.badge-top{background:rgba(195,159,118,.95)}\n.lkx-badge.badge-info{background:rgba(40,40,40,.78)}\n\n\/* SECONDARY GRID *\/\n.lkx-grid{display:grid;grid-template-columns:1fr 1fr;gap:14px}\n.lkx-card{background:#fff;border:1px solid #ece7df;border-radius:14px;overflow:hidden;text-decoration:none!important;color:inherit;box-shadow:0 4px 14px rgba(0,0,0,.05);display:flex;flex-direction:column;transition:box-shadow .2s,transform .2s}\n.lkx-card:hover{box-shadow:0 10px 24px rgba(0,0,0,.1);transform:translateY(-2px)}\n.lkx-card-img{position:relative;aspect-ratio:16\/10;background-size:cover;background-position:center;background-color:#eee}\n.lkx-card-body{padding:14px 16px 16px;display:flex;flex-direction:column;gap:7px;flex:1}\n.lkx-card-bottom{margin-top:auto;padding-top:10px;display:flex;align-items:center;justify-content:space-between;gap:8px}\n\n\/* DISCLOSURE \u2014 drobn\u00e1, kv\u016fli d\u016fv\u011b\u0159e\/z\u00e1konu *\/\n.lkx-disclosure{font-size:11px;color:#a7adb3;text-align:center;margin-top:14px;line-height:1.6}\n.lkx-disclosure a{color:#c39f76;text-decoration:none}\n\n@media(max-width:680px){\n  .lkx-hero{grid-template-columns:1fr}\n  .lkx-hero-img{min-height:180px}\n  .lkx-grid{grid-template-columns:1fr}\n  .lkx-head-meta{margin-left:0;width:100%}\n  .lkx-head-title{font-size:19px}\n}\n\n<\/style>\n<div class=\"lkx-module\" data-query=\"livorno\">\n  <div class=\"lkx-head\">\n    <div class=\"lkx-head-main\">\n      <span class=\"lkx-head-accent\"><\/span>\n      <span class=\"lkx-head-title\">\u00c9lm\u00e9nyek \u00e9s bel\u00e9p\u0151jegyek<\/span>\n    <\/div>\n    <span class=\"lkx-head-meta\">utaz\u00f3k \u00e1ltal \u00e9rt\u00e9kelve \u00b7 GetYourGuide<\/span>\n  <\/div><a class=\"lkx-hero\" href=\"https:\/\/www.getyourguide.com\/hu-hu\/livorno-l427\/livorno-part-menti-kirandulas-firenze-pisa-tornya-es-accademia-t80967\/?partner_id=MKZ64IS&amp;utm_medium=online_publisher&amp;cmp=livorno-olaszorszag-tippek\" target=\"_blank\" rel=\"sponsored noopener nofollow\">\n    <div class=\"lkx-hero-img\" style=\"background-image:url('https:\/\/cdn.getyourguide.com\/img\/tour\/3e05075a498bab2d.jpeg\/132.jpg')\" role=\"img\" aria-label=\"Livorn\u00f3i partmenti kir\u00e1ndul\u00e1s: Firenze \u00e9s Pisa, Accademia \u00e9s a torony\">\n      <span class=\"lkx-pick\">\u2605 A mi tipp\u00fcnk<\/span><\/div>\n    <div class=\"lkx-hero-body\">\n      <div class=\"lkx-title\">Livorn\u00f3i partmenti kir\u00e1ndul\u00e1s: Firenze \u00e9s Pisa, Accademia \u00e9s a torony<\/div>\n      <div class=\"lkx-proof\">\n      <span class=\"lkx-stars\">\u2605\u2605\u2605\u2605\u2605<\/span>\n      <b>4.4<\/b> \u00b7 1 878 \u00e9rt\u00e9kel\u00e9s\n    <\/div>\n      <div class=\"lkx-hero-bottom\"><div class=\"lkx-price\">m\u00e1r <b>35\u00a0EUR<\/b><\/div><span class=\"lkx-cta lkx-cta-hero\">Ezt az \u00e9lm\u00e9nyt akarom \u2192<\/span>\n      <\/div>\n    <\/div>\n  <\/a><div class=\"lkx-grid\"><a class=\"lkx-card\" href=\"https:\/\/www.getyourguide.com\/hu-hu\/livorno-l427\/autobusz-transzfer-livorno-port-exit-es-pisa-tower-lucca-kozott-t81801\/?partner_id=MKZ64IS&amp;utm_medium=online_publisher&amp;cmp=livorno-olaszorszag-tippek\" target=\"_blank\" rel=\"sponsored noopener nofollow\">\n      <div class=\"lkx-card-img\" style=\"background-image:url('https:\/\/cdn.getyourguide.com\/img\/tour\/43f35b32fd7a059e85edc79bbc09df91373a1b06ac259e853b6c7dd7c6686a07.jpeg\/132.jpg')\" role=\"img\" aria-label=\"A livorn\u00f3i haj\u00f3kik\u00f6t\u0151b\u0151l: buszos transzfer Piz\u00e1ba \u00e9s Lucc\u00e1ba\"><\/div>\n      <div class=\"lkx-card-body\">\n        <div class=\"lkx-title lkx-title-sm\">A livorn\u00f3i haj\u00f3kik\u00f6t\u0151b\u0151l: buszos transzfer Piz\u00e1ba \u00e9s Lucc\u00e1ba<\/div>\n        <div class=\"lkx-proof lkx-proof-sm\">\n      <span class=\"lkx-stars\">\u2605<\/span>\n      <b>4.5<\/b> \u00b7 678\n    <\/div>\n        <div class=\"lkx-card-bottom\"><span class=\"lkx-price lkx-price-sm\">m\u00e1r <b>34\u00a0EUR<\/b><\/span><span class=\"lkx-cta lkx-cta-sm\">Id\u0151pontok megtekint\u00e9se \u2192<\/span>\n        <\/div>\n      <\/div>\n    <\/a><a class=\"lkx-card\" href=\"https:\/\/www.getyourguide.com\/hu-hu\/livorno-l427\/livorno-busszal-a-pisai-toronyhoz-t79485\/?partner_id=MKZ64IS&amp;utm_medium=online_publisher&amp;cmp=livorno-olaszorszag-tippek\" target=\"_blank\" rel=\"sponsored noopener nofollow\">\n      <div class=\"lkx-card-img\" style=\"background-image:url('https:\/\/cdn.getyourguide.com\/img\/tour\/5bed5a8ba5314.jpeg\/132.jpg')\" role=\"img\" aria-label=\"Livorn\u00f3b\u00f3l: Pisa parti kir\u00e1ndul\u00e1s \u00e9s fakultat\u00edv ferde torony\"><\/div>\n      <div class=\"lkx-card-body\">\n        <div class=\"lkx-title lkx-title-sm\">Livorn\u00f3b\u00f3l: Pisa parti kir\u00e1ndul\u00e1s \u00e9s fakultat\u00edv ferde torony<\/div>\n        <div class=\"lkx-proof lkx-proof-sm\">\n      <span class=\"lkx-stars\">\u2605<\/span>\n      <b>4.2<\/b> \u00b7 891\n    <\/div>\n        <div class=\"lkx-card-bottom\"><span class=\"lkx-price lkx-price-sm\">m\u00e1r <b>21\u00a0EUR<\/b><\/span><span class=\"lkx-cta lkx-cta-sm\">Id\u0151pontok megtekint\u00e9se \u2192<\/span>\n        <\/div>\n      <\/div>\n    <\/a><\/div><div class=\"lkx-disclosure\">\ud83d\udd17 A linkek partnerlinkek \u2014 az \u00e1rat nem v\u00e1ltoztatj\u00e1k, nek\u00fcnk viszont seg\u00edtenek a tartalomk\u00e9sz\u00edt\u00e9sben. \u00b7 <a href=\"https:\/\/www.getyourguide.com\/hu-hu\/s\/?q=livorno&amp;partner_id=MKZ64IS&amp;utm_medium=online_publisher\" target=\"_blank\" rel=\"sponsored noopener nofollow\">\u00d6sszes \u00e9lm\u00e9ny \u2192<\/a><\/div>\n<\/div>\n<!-- LKM_GYG_CARD end -->\n\n\n\n\n<div class=\"lk-stays-module\">\n<style>\n\/* \u2500\u2500\u2500 RESET PRO GUTENBERG \u2500\u2500\u2500 *\/\n.lk-stays-module * { box-sizing: border-box; margin: 0; padding: 0; }\n\n\/* \u2500\u2500\u2500 WRAPPER \u2500\u2500\u2500 *\/\n.lk-stays-module {\n  font-family: 'DM Sans', Georgia, sans-serif;\n  max-width: 100%;\n  margin: 2.5rem auto;\n  background: linear-gradient(135deg, #fdfaf5 0%, #fcf8f0 100%);\n  border: 1px solid #e8dfd4;\n  border-radius: 16px;\n  overflow: hidden;\n  box-shadow: 0 16px 48px rgba(195, 159, 118, 0.25), 0 4px 12px rgba(0,0,0,0.08);\n}\n\n\/* \u2500\u2500\u2500 HEADER \u2500\u2500\u2500 *\/\n.lk-stays-header {\n  position: relative;\n  padding: 24px 36px 24px;\n  background: linear-gradient(135deg, #c39f76 0%, #d4b188 60%, #c39f76 100%);\n  border-bottom: 1px solid rgba(255,255,255,.15);\n  display: flex;\n  align-items: center;\n  gap: 18px;\n}\n.lk-stays-header::before {\n  content: '';\n  position: absolute;\n  inset: 0;\n  background: url(\"data:image\/svg+xml,%3Csvg width='60' height='60' viewBox='0 0 60 60' xmlns='http:\/\/www.w3.org\/2000\/svg'%3E%3Cg fill='none' fill-rule='evenodd'%3E%3Cg fill='%23ffffff' fill-opacity='0.05'%3E%3Cpath d='M36 34v-4h-2v4h-4v2h4v4h2v-4h4v-2h-4zm0-30V0h-2v4h-4v2h4v4h2V6h4V4h-4zM6 34v-4H4v4H0v2h4v4h2v-4h4v-2H6zM6 4V0H4v4H0v2h4v4h2V6h4V4H6z'\/%3E%3C\/g%3E%3C\/g%3E%3C\/svg%3E\") repeat;\n  pointer-events: none;\n}\n.lk-stays-icon {\n  flex-shrink: 0;\n  width: 68px;\n  height: 68px;\n  border-radius: 14px;\n  background: linear-gradient(135deg, #fff 0%, #f9f6f0 100%);\n  display: flex;\n  align-items: center;\n  justify-content: center;\n  font-size: 26px;\n  box-shadow: 0 4px 12px rgba(0,0,0,0.15);\n}\n.lk-stays-eyebrow {\n  font-size: 10px;\n  font-weight: 500;\n  letter-spacing: 2.5px;\n  text-transform: uppercase;\n  color: rgba(255,255,255,.85);\n  margin: 0 0 5px 0;\n}\n.lk-stays-title {\n  font-family: 'Playfair Display', Georgia, serif;\n  font-size: 24px;\n  font-weight: 700;\n  color: #fff;\n  line-height: 1.2;\n  text-shadow: 0 1px 2px rgba(0,0,0,0.1);\n  margin: 0;\n}\n.lk-stays-subtitle {\n  font-size: 13px;\n  color: rgba(255,255,255,.75);\n  margin: 4px 0 0 0;\n  font-weight: 300;\n}\n\n\/* \u2500\u2500\u2500 CARDS GRID \u2500\u2500\u2500 *\/\n.lk-stays-grid {\n  display: grid;\n  grid-template-columns: 1fr 1fr;\n  gap: 1px;\n  background: rgba(195, 159, 118, 0.12);\n}\n\n\/* \u2500\u2500\u2500 SINGLE CARD \u2500\u2500\u2500 *\/\n.lk-stay-card {\n  background: #ffffff;\n  padding: 26px;\n  display: flex;\n  flex-direction: column;\n  gap: 11px;\n  transition: all 0.3s ease;\n  text-decoration: none;\n  color: inherit;\n  position: relative;\n}\n.lk-stay-card:hover {\n  background: #fffbf5;\n  transform: translateY(-2px);\n  box-shadow: 0 8px 24px rgba(195, 159, 118, 0.18);\n  z-index: 1;\n}\n.lk-stay-card.featured {\n  background: linear-gradient(135deg, #fffdf9 0%, #fff9f0 100%);\n  box-shadow: 0 4px 16px rgba(195, 159, 118, 0.15), inset 0 1px 0 rgba(195, 159, 118, 0.1);\n}\n.lk-stay-card.featured:hover {\n  background: linear-gradient(135deg, #fffbf5 0%, #fff8ed 100%);\n  box-shadow: 0 8px 24px rgba(195, 159, 118, 0.25), inset 0 1px 0 rgba(195, 159, 118, 0.15);\n}\n\n.lk-stay-badge {\n  display: inline-flex;\n  align-items: center;\n  gap: 5px;\n  font-size: 10px;\n  font-weight: 500;\n  letter-spacing: 1.5px;\n  text-transform: uppercase;\n  padding: 5px 11px;\n  border-radius: 20px;\n  width: fit-content;\n}\n.badge-top     { background: linear-gradient(135deg, #c39f76 0%, #d4b188 100%); color: #fff; border: 1px solid #c39f76; font-weight: 600; box-shadow: 0 2px 8px rgba(195,159,118,0.3); }\n.badge-luxury  { background: rgba(195,159,118,.12); color: #c39f76; border: 1px solid rgba(195,159,118,.25); }\n.badge-boutique{ background: rgba(54,133,252,.08); color: #3685fc; border: 1px solid rgba(54,133,252,.2); }\n.badge-nature  { background: rgba(130,190,100,.1); color: #6b9c4a; border: 1px solid rgba(130,190,100,.2); }\n.badge-remote  { background: rgba(195,159,118,.12); color: #a67e50; border: 1px solid rgba(195,159,118,.25); }\n\n.lk-stay-name {\n  font-family: 'Playfair Display', Georgia, serif;\n  font-size: 18px;\n  font-weight: 700;\n  color: #111827;\n  line-height: 1.3;\n}\n.lk-stay-desc {\n  font-size: 13.5px;\n  color: #525252;\n  line-height: 1.65;\n  font-weight: 300;\n  flex: 1;\n}\n\n.lk-stay-meta {\n  display: flex;\n  align-items: center;\n  gap: 12px;\n  flex-wrap: wrap;\n  margin-top: 4px;\n}\n.lk-stay-price {\n  font-size: 13px;\n  color: #6b7280;\n}\n.lk-stay-price strong {\n  color: #c39f76;\n  font-weight: 500;\n}\n.lk-stay-stars {\n  color: #c39f76;\n  font-size: 11px;\n  letter-spacing: 1px;\n}\n\n\/* \u2500\u2500\u2500 CTA BUTTON \u2500\u2500\u2500 *\/\n.lk-stay-cta {\n  display: inline-flex;\n  align-items: center;\n  justify-content: center;\n  gap: 7px;\n  margin-top: 8px;\n  padding: 11px 20px;\n  border-radius: 8px;\n  background: linear-gradient(135deg, #3685fc 0%, #2a6fd9 100%);\n  color: #fff;\n  font-size: 13px;\n  font-weight: 500;\n  text-decoration: none;\n  letter-spacing: .3px;\n  transition: all .2s ease;\n  cursor: pointer;\n  border: none;\n  text-align: center;\n  box-shadow: 0 4px 12px rgba(54, 133, 252, 0.25);\n}\n.lk-stay-cta:hover {\n  background: linear-gradient(135deg, #2a6fd9 0%, #1e5bc4 100%);\n  transform: translateY(-1px);\n  box-shadow: 0 6px 16px rgba(54, 133, 252, 0.35);\n}\n.lk-stay-cta svg { flex-shrink: 0; }\n\n\/* \u2500\u2500\u2500 FOOTER \u2500\u2500\u2500 *\/\n.lk-stays-footer {\n  padding: 18px 36px;\n  background: linear-gradient(to bottom, #fdfaf5 0%, #f9f4ed 100%);\n  border-top: 1px solid rgba(195, 159, 118, 0.15);\n  display: flex;\n  align-items: center;\n  justify-content: space-between;\n  flex-wrap: wrap;\n  gap: 12px;\n}\n.lk-stays-footer-note {\n  font-size: 11.5px;\n  color: #6b7280;\n  font-weight: 300;\n  line-height: 1.5;\n}\n.lk-stays-footer-note a {\n  color: #c39f76;\n  text-decoration: none;\n  font-weight: 400;\n}\n.lk-stays-footer-note a:hover {\n  text-decoration: underline;\n}\n.lk-stays-all-btn {\n  display: inline-flex;\n  align-items: center;\n  gap: 6px;\n  font-size: 12.5px;\n  font-weight: 500;\n  color: #c39f76;\n  text-decoration: none;\n  border: 1px solid rgba(195, 159, 118, 0.35);\n  padding: 8px 18px;\n  border-radius: 8px;\n  transition: all .2s ease;\n}\n.lk-stays-all-btn:hover {\n  background: rgba(195, 159, 118, 0.08);\n  border-color: rgba(195, 159, 118, 0.5);\n}\n\n\/* \u2500\u2500\u2500 RESPONSIVE \u2500\u2500\u2500 *\/\n@media (max-width: 600px) {\n  .lk-stays-grid { grid-template-columns: 1fr; }\n  .lk-stays-header { padding: 24px 20px; }\n  .lk-stays-footer { padding: 16px 20px; }\n  .lk-stay-card { padding: 22px; }\n  .lk-stays-title { font-size: 20px; }\n}\n<\/style>\n\n  <!-- HEADER -->\n  <div class=\"lk-stays-header\">\n    <img decoding=\"async\" src=\"https:\/\/loudavymkrokem.cz\/wp-content\/uploads\/2026\/02\/lukas-a-lucka.jpg\" alt=\"\" style=\"width: 75px; height: 75px; border-radius: 8px; flex-shrink: 0; object-fit: cover; display: block; margin: 4px 0;\" title=\"\">\n    <div class=\"lk-stays-header-text\">\n      <div class=\"lk-stays-eyebrow\">Luk\u00e1\u0161 \u00e9s Lucie aj\u00e1nlj\u00e1k<\/div>\n      <div class=\"lk-stays-title\">Hol sz\u00e1lljon meg Livorn\u00f3ban<\/div>\n      <div class=\"lk-stays-subtitle\">6 sz\u00e1ll\u00e1shely \u2014 hotelek, wellness hotelek \u00e9s egy\u00e9b sz\u00e1ll\u00e1slehet\u0151s\u00e9gek<\/div>\n    <\/div>\n  <\/div>\n\n  <!-- CARDS -->\n  <div class=\"lk-stays-grid\">\n\n    <a class=\"lk-stay-card featured\" href=\"https:\/\/www.stay22.com\/allez\/roam?aid=lukaskonecny&#038;campaign=loudavymkrokemcz&#038;campaign=hu&#038;campaign=livorno&#038;hotelname=Hotel%20Universal&#038;address=Livorno%2C%20It%C3%A1lie\" target=\"_blank\" rel=\"nofollow noopener\">\n      <span class=\"lk-stay-badge badge-top\">\u2b50 TOP V\u00c1LASZT\u00c1S<\/span>\n      <span class=\"lk-stay-badge badge-nature\">\ud83c\udfd6\ufe0f Beach<\/span>\n      <div class=\"lk-stay-name\">Hotel Universal<\/div>\n      <div class=\"lk-stay-desc\">A k\u00f6zpontt\u00f3l t\u00e1volabb, gy\u00f6ny\u00f6r\u0171 kil\u00e1t\u00e1s a tengerre, k\u00fclt\u00e9ri medence. A v\u00e1ros egyik legjobban \u00e9rt\u00e9kelt sz\u00e1llod\u00e1ja.<\/div>\n      <div class=\"lk-stay-meta\">\n        <span class=\"lk-stay-stars\">\u2605\u2605\u2605\u2605<\/span>\n        <span class=\"lk-stay-price\">\u00c1rak ellen\u0151rz\u00e9se<\/span>\n      <\/div>\n      <span class=\"lk-stay-cta\">\n        <svg width=\"14\" height=\"14\" viewBox=\"0 0 24 24\" fill=\"none\" stroke=\"currentColor\" stroke-width=\"2\"><path d=\"M18 13v6a2 2 0 0 1-2 2H5a2 2 0 0 1-2-2V8a2 2 0 0 1 2-2h6\"\/><polyline points=\"15 3 21 3 21 9\"\/><line x1=\"10\" y1=\"14\" x2=\"21\" y2=\"3\"\/><\/svg>\n        Ellen\u0151rizd az el\u00e9rhet\u0151s\u00e9get\n      <\/span>\n    <\/a>\n\n    <a class=\"lk-stay-card\" href=\"https:\/\/www.stay22.com\/allez\/roam?aid=lukaskonecny&#038;campaign=loudavymkrokemcz&#038;campaign=hu&#038;campaign=livorno&#038;hotelname=Hotel%20Rex&#038;address=Livorno%2C%20It%C3%A1lie\" target=\"_blank\" rel=\"nofollow noopener\">\n      <span class=\"lk-stay-badge badge-nature\">\ud83c\udfd6\ufe0f Beach<\/span>\n      <div class=\"lk-stay-name\">Hotel Rex<\/div>\n      <div class=\"lk-stay-desc\">K\u00f6zvetlen\u00fcl a strandon, erk\u00e9lyekkel a ny\u00edlt tenger fel\u00e9. Kiv\u00e1l\u00f3 v\u00e1laszt\u00e1s a f\u00fcrd\u0151z\u00e9s szerelmeseinek.<\/div>\n      <div class=\"lk-stay-meta\">\n        <span class=\"lk-stay-stars\">\u2605\u2605\u2605\u2605<\/span>\n        <span class=\"lk-stay-price\">\u00c1rak ellen\u0151rz\u00e9se<\/span>\n      <\/div>\n      <span class=\"lk-stay-cta\">\n        <svg width=\"14\" height=\"14\" viewBox=\"0 0 24 24\" fill=\"none\" stroke=\"currentColor\" stroke-width=\"2\"><path d=\"M18 13v6a2 2 0 0 1-2 2H5a2 2 0 0 1-2-2V8a2 2 0 0 1 2-2h6\"\/><polyline points=\"15 3 21 3 21 9\"\/><line x1=\"10\" y1=\"14\" x2=\"21\" y2=\"3\"\/><\/svg>\n        Ellen\u0151rizd az el\u00e9rhet\u0151s\u00e9get\n      <\/span>\n    <\/a>\n\n    <a class=\"lk-stay-card\" href=\"https:\/\/www.stay22.com\/allez\/roam?aid=lukaskonecny&#038;campaign=loudavymkrokemcz&#038;campaign=hu&#038;campaign=livorno&#038;hotelname=MAX%20Hotel%20Livorno&#038;address=Livorno%2C%20It%C3%A1lie\" target=\"_blank\" rel=\"nofollow noopener\">\n      <span class=\"lk-stay-badge badge-nature\">\ud83c\udfe8 Hotel<\/span>\n      <div class=\"lk-stay-name\">MAX Hotel Livorno<\/div>\n      <div class=\"lk-stay-desc\">Ingyenes parkol\u00e1s a vend\u00e9gek sz\u00e1m\u00e1ra, kisebb fitness k\u00f6zpont. Tisztess\u00e9ges sz\u00ednvonal \u00e9sszer\u0171 \u00e1ron.<\/div>\n      <div class=\"lk-stay-meta\">\n        <span class=\"lk-stay-stars\">\u2605\u2605\u2605\u2605<\/span>\n        <span class=\"lk-stay-price\">\u00c1rak ellen\u0151rz\u00e9se<\/span>\n      <\/div>\n      <span class=\"lk-stay-cta\">\n        <svg width=\"14\" height=\"14\" viewBox=\"0 0 24 24\" fill=\"none\" stroke=\"currentColor\" stroke-width=\"2\"><path d=\"M18 13v6a2 2 0 0 1-2 2H5a2 2 0 0 1-2-2V8a2 2 0 0 1 2-2h6\"\/><polyline points=\"15 3 21 3 21 9\"\/><line x1=\"10\" y1=\"14\" x2=\"21\" y2=\"3\"\/><\/svg>\n        Ellen\u0151rizd az el\u00e9rhet\u0151s\u00e9get\n      <\/span>\n    <\/a>\n\n    <a class=\"lk-stay-card\" href=\"https:\/\/www.stay22.com\/allez\/roam?aid=lukaskonecny&#038;campaign=loudavymkrokemcz&#038;campaign=hu&#038;campaign=livorno&#038;hotelname=Hotel%20Europa%20Parking&#038;address=Livorno%2C%20It%C3%A1lie\" target=\"_blank\" rel=\"nofollow noopener\">\n      <span class=\"lk-stay-badge badge-nature\">\ud83c\udfe8 Hotel<\/span>\n      <div class=\"lk-stay-name\">Hotel Europa Parking<\/div>\n      <div class=\"lk-stay-desc\">Egyszer\u0171 \u00e9jszakai sz\u00e1ll\u00e1s k\u00f6zvetlen\u00fcl a v\u00e1ros k\u00f6zpontj\u00e1ban. Megfelel az alapvet\u0151 sz\u00e1ll\u00e1s c\u00e9lj\u00e1ra.<\/div>\n      <div class=\"lk-stay-meta\">\n        <span class=\"lk-stay-stars\">\u2605\u2605\u2605\u2605<\/span>\n        <span class=\"lk-stay-price\">\u00c1rak ellen\u0151rz\u00e9se<\/span>\n      <\/div>\n      <span class=\"lk-stay-cta\">\n        <svg width=\"14\" height=\"14\" viewBox=\"0 0 24 24\" fill=\"none\" stroke=\"currentColor\" stroke-width=\"2\"><path d=\"M18 13v6a2 2 0 0 1-2 2H5a2 2 0 0 1-2-2V8a2 2 0 0 1 2-2h6\"\/><polyline points=\"15 3 21 3 21 9\"\/><line x1=\"10\" y1=\"14\" x2=\"21\" y2=\"3\"\/><\/svg>\n        Ellen\u0151rizd az el\u00e9rhet\u0151s\u00e9get\n      <\/span>\n    <\/a>\n\n    <a class=\"lk-stay-card\" href=\"https:\/\/www.stay22.com\/allez\/roam?aid=lukaskonecny&#038;campaign=loudavymkrokemcz&#038;campaign=hu&#038;campaign=livorno&#038;hotelname=Grand%20Hotel%20Palazzo&#038;address=Livorno%2C%20It%C3%A1lie\" target=\"_blank\" rel=\"nofollow noopener\">\n      <span class=\"lk-stay-badge badge-nature\">\u2b50 Luxury<\/span>\n      <div class=\"lk-stay-name\">Grand Hotel Palazzo<\/div>\n      <div class=\"lk-stay-desc\">Tet\u0151terasz b\u00e1r, kis spa, kil\u00e1t\u00e1s a kik\u00f6t\u0151re. Parkol\u00e1s kb. 18 EUR\/nap.<\/div>\n      <div class=\"lk-stay-meta\">\n        <span class=\"lk-stay-stars\">\u2605\u2605\u2605\u2605\u2605<\/span>\n        <span class=\"lk-stay-price\">\u00c1rak ellen\u0151rz\u00e9se<\/span>\n      <\/div>\n      <span class=\"lk-stay-cta\">\n        <svg width=\"14\" height=\"14\" viewBox=\"0 0 24 24\" fill=\"none\" stroke=\"currentColor\" stroke-width=\"2\"><path d=\"M18 13v6a2 2 0 0 1-2 2H5a2 2 0 0 1-2-2V8a2 2 0 0 1 2-2h6\"\/><polyline points=\"15 3 21 3 21 9\"\/><line x1=\"10\" y1=\"14\" x2=\"21\" y2=\"3\"\/><\/svg>\n        Ellen\u0151rizd az el\u00e9rhet\u0151s\u00e9get\n      <\/span>\n    <\/a>\n\n    <a class=\"lk-stay-card\" href=\"https:\/\/www.stay22.com\/allez\/roam?aid=lukaskonecny&#038;campaign=loudavymkrokemcz&#038;campaign=hu&#038;campaign=livorno&#038;address=livorno\" target=\"_blank\" rel=\"nofollow noopener\">\n      <span class=\"lk-stay-badge badge-nature\">\ud83d\udd0d Keres\u00e9s<\/span>\n      <div class=\"lk-stay-name\">\u00d6sszes sz\u00e1ll\u00e1shely megtekint\u00e9se Livorn\u00f3ban<\/div>\n      <div class=\"lk-stay-desc\">Fedezze fel az \u00f6sszes el\u00e9rhet\u0151 sz\u00e1ll\u00e1slehet\u0151s\u00e9get Livorn\u00f3ban, \u00e9s tal\u00e1lja meg a legjobbat preferenci\u00e1i \u00e9s k\u00f6lts\u00e9gvet\u00e9se alapj\u00e1n.<\/div>\n      <div class=\"lk-stay-meta\">\n        <span class=\"lk-stay-stars\">\u2605\u2605\u2605\u2605<\/span>\n        <span class=\"lk-stay-price\">\u00c1rak \u00f6sszehasonl\u00edt\u00e1sa<\/span>\n      <\/div>\n      <span class=\"lk-stay-cta\">\n        <svg width=\"14\" height=\"14\" viewBox=\"0 0 24 24\" fill=\"none\" stroke=\"currentColor\" stroke-width=\"2\"><path d=\"M18 13v6a2 2 0 0 1-2 2H5a2 2 0 0 1-2-2V8a2 2 0 0 1 2-2h6\"\/><polyline points=\"15 3 21 3 21 9\"\/><line x1=\"10\" y1=\"14\" x2=\"21\" y2=\"3\"\/><\/svg>\n        Ellen\u0151rizd az el\u00e9rhet\u0151s\u00e9get\n      <\/span>\n    <\/a>\n\n  <\/div>\n\n  \n<\/div>\n\n\n\n\n<h3 class=\"wp-block-heading\"><span class=\"ez-toc-section\" id=\"10_Santuario_di_Montenero\"><\/span>10. Santuario di Montenero<span class=\"ez-toc-section-end\"><\/span><\/h3>\n\n\n\n<p class=\"wp-block-paragraph\">Magasan egy erd\u0151s dombon a ny\u00fczsg\u0151 v\u00e1ros felett m\u00e9lt\u00f3s\u00e1gteljesen magasodik a Santuario di Montenero zar\u00e1ndoktemplom, amely mag\u00e1nak eg\u00e9sz Toszk\u00e1na v\u00e9d\u0151szentj\u00e9nek van szentelve. Ez <strong>a r\u00e9gi\u00f3 egyik legfontosabb \u00e9s legl\u00e1togatottabb spiritu\u00e1lis helye<\/strong>. R\u00e1ad\u00e1sul a templom el\u0151tti t\u00e1gas teraszr\u00f3l teljesen gy\u00f6ny\u00f6r\u0171 panor\u00e1ma ny\u00edlik az eg\u00e9sz v\u00e9gtelen partvid\u00e9kre \u00e9s a m\u00e9lyen alattad fekv\u0151 kik\u00f6t\u0151re.<\/p>\n\n\n\n<p class=\"wp-block-paragraph\">E gy\u00f6ny\u00f6r\u0171en d\u00edsz\u00edtett szent\u00e9ly belsej\u00e9ben teljesen leny\u0171g\u00f6z\u0151 \u00e9s hatalmas gy\u0171jtem\u00e9nyt tal\u00e1lsz az \u00fagynevezett ex vot\u00f3kb\u00f3l. Ezek <strong>apr\u00f3 h\u00e1laad\u00f3 k\u00e9pek, fat\u00e1bl\u00e1kra festett k\u00e9pek \u00e9s szem\u00e9lyes t\u00e1rgyak<\/strong>, amelyeket \u00e9vsz\u00e1zadokon \u00e1t al\u00e1zatosan hoztak ide a h\u00e1l\u00e1s tenger\u00e9szek, akik csod\u00e1val hat\u00e1ros m\u00f3don \u00e9lt\u00e9k t\u00fal a viharos tengeren t\u00f6rt\u00e9nt rettenetes haj\u00f3t\u00f6r\u00e9st, vagy egyszer\u0171 emberek, akik felgy\u00f3gyultak valamilyen s\u00falyos betegs\u00e9gb\u0151l.<\/p>\n\n\n\n<p class=\"wp-block-paragraph\">Minden k\u00e9p egy t\u00f6rt\u00e9net: haj\u00f3t\u00f6r\u00e9s, betegs\u00e9g, <strong>csod\u00e1latos gy\u00f3gyul\u00e1s<\/strong>. J\u00e1rk\u00e1lni itt \u00e9s olvasgatni \u0151ket <strong>v\u00e1ratlanul er\u0151s \u00e9lm\u00e9ny<\/strong>.<\/p>\n\n\n\n<figure data-wp-context=\"{&quot;imageId&quot;:&quot;6a95408d82d43&quot;}\" data-wp-interactive=\"core\/image\" data-wp-key=\"6a95408d82d43\" class=\"wp-block-image size-full wp-lightbox-container\"><img decoding=\"async\" width=\"2528\" height=\"1696\" data-wp-class--hide=\"state.isContentHidden\" data-wp-class--show=\"state.isContentVisible\" data-wp-init=\"callbacks.setButtonStyles\" data-wp-on--click=\"actions.showLightbox\" data-wp-on--load=\"callbacks.setButtonStyles\" data-wp-on--pointerdown=\"actions.preloadImage\" data-wp-on--pointerenter=\"actions.preloadImageWithDelay\" data-wp-on--pointerleave=\"actions.cancelPreload\" data-wp-on-window--resize=\"callbacks.setButtonStyles\" src=\"https:\/\/loudavymkrokem.cz\/wp-content\/uploads\/2026\/08\/15-3.jpg\" alt=\"A Santuario di Montenero zar\u00e1ndoktemplom Livorno felett\" class=\"wp-image-393915\" title=\"\" srcset=\"https:\/\/loudavymkrokem.cz\/wp-content\/uploads\/2026\/08\/15-3.jpg 2528w, https:\/\/loudavymkrokem.cz\/wp-content\/uploads\/2026\/08\/15-3-300x201.jpg 300w, https:\/\/loudavymkrokem.cz\/wp-content\/uploads\/2026\/08\/15-3-700x470.jpg 700w, https:\/\/loudavymkrokem.cz\/wp-content\/uploads\/2026\/08\/15-3-768x515.jpg 768w, https:\/\/loudavymkrokem.cz\/wp-content\/uploads\/2026\/08\/15-3-1536x1030.jpg 1536w, https:\/\/loudavymkrokem.cz\/wp-content\/uploads\/2026\/08\/15-3-2048x1374.jpg 2048w, https:\/\/loudavymkrokem.cz\/wp-content\/uploads\/2026\/08\/15-3-696x467.jpg 696w, https:\/\/loudavymkrokem.cz\/wp-content\/uploads\/2026\/08\/15-3-1392x934.jpg 1392w, https:\/\/loudavymkrokem.cz\/wp-content\/uploads\/2026\/08\/15-3-1920x1288.jpg 1920w\" sizes=\"(max-width: 2528px) 100vw, 2528px\" \/><button\n\t\t\tclass=\"lightbox-trigger\"\n\t\t\ttype=\"button\"\n\t\t\taria-haspopup=\"dialog\"\n\t\t\tdata-wp-bind--aria-label=\"state.thisImage.triggerButtonAriaLabel\"\n\t\t\tdata-wp-init=\"callbacks.initTriggerButton\"\n\t\t\tdata-wp-on--click=\"actions.showLightbox\"\n\t\t\tdata-wp-style--right=\"state.thisImage.buttonRight\"\n\t\t\tdata-wp-style--top=\"state.thisImage.buttonTop\"\n\t\t>\n\t\t\t<svg xmlns=\"http:\/\/www.w3.org\/2000\/svg\" width=\"12\" height=\"12\" fill=\"none\" viewBox=\"0 0 12 12\">\n\t\t\t\t<path fill=\"#fff\" d=\"M2 0a2 2 0 0 0-2 2v2h1.5V2a.5.5 0 0 1 .5-.5h2V0H2Zm2 10.5H2a.5.5 0 0 1-.5-.5V8H0v2a2 2 0 0 0 2 2h2v-1.5ZM8 12v-1.5h2a.5.5 0 0 0 .5-.5V8H12v2a2 2 0 0 1-2 2H8Zm2-12a2 2 0 0 1 2 2v2h-1.5V2a.5.5 0 0 0-.5-.5H8V0h2Z\" \/>\n\t\t\t<\/svg>\n\t\t<\/button><figcaption class=\"wp-element-caption\">livorno-rr-15.jpg<\/figcaption><\/figure>\n\n\n\n<h3 class=\"wp-block-heading\"><span class=\"ez-toc-section\" id=\"11_Olaszorszag_elso_elektromos_siklovasutja\"><\/span>11. Olaszorsz\u00e1g els\u0151 elektromos sikl\u00f3vas\u00fatja<span class=\"ez-toc-section-end\"><\/span><\/h3>\n\n\n\n<p class=\"wp-block-paragraph\">Maga a Santuario di Montenero zar\u00e1ndokhelyhez vezet\u0151 \u00fat is remek \u00e9lm\u00e9ny \u00f6nmag\u00e1ban, amit biztosan ne hagyj ki. Nagyon k\u00e9nyelmesen \u00e9s st\u00edlusosan feljuthatsz ugyanis egy gy\u00f6ny\u00f6r\u0171 t\u00f6rt\u00e9nelmi sikl\u00f3val, a Funicolare di Montener\u00f3val. Ez <strong>m\u00e1r 1906-ban meg\u00e9p\u00fclt<\/strong>, \u00e9s alig k\u00e9t \u00e9vvel k\u00e9s\u0151bb egyenesen eg\u00e9sz Olaszorsz\u00e1g legels\u0151, teljesen elektromos meghajt\u00e1s\u00fa sikl\u00f3-hegyivas\u00fatja lett, ami akkoriban \u00f3ri\u00e1si technol\u00f3giai el\u0151rel\u00e9p\u00e9s volt.<\/p>\n\n\n\n<p class=\"wp-block-paragraph\">Eredeti \u00e9s nagyon nemes c\u00e9lja az volt, hogy a <strong>tisztelt szent\u00e9lyhez<\/strong> a meredek dombon val\u00f3ban minden h\u00edv\u0151 eljusson, kort\u00f3l, eg\u00e9szs\u00e9gt\u0151l vagy aktu\u00e1lis fizikai \u00e1llapott\u00f3l f\u00fcggetlen\u00fcl. A sikl\u00f3 m\u00e1ig meg\u0151rizte a r\u00e9gi id\u0151k f\u00e9lreismerhetetlen b\u00e1j\u00e1t, \u00e9s az utaz\u00e1s a kis piros kocsiban meredeken felfel\u00e9 megb\u00edzhat\u00f3an <strong>sz\u00f3rakoztat feln\u0151ttet \u00e9s gyereket egyar\u00e1nt<\/strong>.<\/p>\n\n\n\n<p class=\"wp-block-paragraph\">\ud83d\udca1 Tipp: <strong>az aktu\u00e1lis menetjegyet \u00e9s a pontos \u00fczemid\u0151t mindenk\u00e9pp ellen\u0151rizd a helysz\u00ednen<\/strong>, mert el\u00e9g gyakran v\u00e1ltozhatnak az \u00e9vszakt\u00f3l \u00e9s a karbantart\u00e1st\u00f3l f\u00fcgg\u0151en. Maga a felfel\u00e9 vezet\u0151 \u00fat ugyan csak p\u00e1r r\u00f6vid percig tart, de \u00f3ri\u00e1si t\u00f6rt\u00e9nelmi b\u00e1ja van, r\u00e1ad\u00e1sul sok dr\u00e1ga er\u0151t megsp\u00f3rolsz vele egy forr\u00f3 ny\u00e1ri napon.<\/p>\n\n\n\n<figure data-wp-context=\"{&quot;imageId&quot;:&quot;6a95408d83493&quot;}\" data-wp-interactive=\"core\/image\" data-wp-key=\"6a95408d83493\" class=\"wp-block-image size-full wp-lightbox-container\"><img decoding=\"async\" width=\"2528\" height=\"1696\" data-wp-class--hide=\"state.isContentHidden\" data-wp-class--show=\"state.isContentVisible\" data-wp-init=\"callbacks.setButtonStyles\" data-wp-on--click=\"actions.showLightbox\" data-wp-on--load=\"callbacks.setButtonStyles\" data-wp-on--pointerdown=\"actions.preloadImage\" data-wp-on--pointerenter=\"actions.preloadImageWithDelay\" data-wp-on--pointerleave=\"actions.cancelPreload\" data-wp-on-window--resize=\"callbacks.setButtonStyles\" src=\"https:\/\/loudavymkrokem.cz\/wp-content\/uploads\/2026\/08\/16-4.jpg\" alt=\"A Funicolare di Montenero t\u00f6rt\u00e9nelmi sikl\u00f3vas\u00fat Livorn\u00f3ban\" class=\"wp-image-393916\" title=\"\" srcset=\"https:\/\/loudavymkrokem.cz\/wp-content\/uploads\/2026\/08\/16-4.jpg 2528w, https:\/\/loudavymkrokem.cz\/wp-content\/uploads\/2026\/08\/16-4-300x201.jpg 300w, https:\/\/loudavymkrokem.cz\/wp-content\/uploads\/2026\/08\/16-4-700x470.jpg 700w, https:\/\/loudavymkrokem.cz\/wp-content\/uploads\/2026\/08\/16-4-768x515.jpg 768w, https:\/\/loudavymkrokem.cz\/wp-content\/uploads\/2026\/08\/16-4-1536x1030.jpg 1536w, https:\/\/loudavymkrokem.cz\/wp-content\/uploads\/2026\/08\/16-4-2048x1374.jpg 2048w, https:\/\/loudavymkrokem.cz\/wp-content\/uploads\/2026\/08\/16-4-696x467.jpg 696w, https:\/\/loudavymkrokem.cz\/wp-content\/uploads\/2026\/08\/16-4-1392x934.jpg 1392w, https:\/\/loudavymkrokem.cz\/wp-content\/uploads\/2026\/08\/16-4-1920x1288.jpg 1920w\" sizes=\"(max-width: 2528px) 100vw, 2528px\" \/><button\n\t\t\tclass=\"lightbox-trigger\"\n\t\t\ttype=\"button\"\n\t\t\taria-haspopup=\"dialog\"\n\t\t\tdata-wp-bind--aria-label=\"state.thisImage.triggerButtonAriaLabel\"\n\t\t\tdata-wp-init=\"callbacks.initTriggerButton\"\n\t\t\tdata-wp-on--click=\"actions.showLightbox\"\n\t\t\tdata-wp-style--right=\"state.thisImage.buttonRight\"\n\t\t\tdata-wp-style--top=\"state.thisImage.buttonTop\"\n\t\t>\n\t\t\t<svg xmlns=\"http:\/\/www.w3.org\/2000\/svg\" width=\"12\" height=\"12\" fill=\"none\" viewBox=\"0 0 12 12\">\n\t\t\t\t<path fill=\"#fff\" d=\"M2 0a2 2 0 0 0-2 2v2h1.5V2a.5.5 0 0 1 .5-.5h2V0H2Zm2 10.5H2a.5.5 0 0 1-.5-.5V8H0v2a2 2 0 0 0 2 2h2v-1.5ZM8 12v-1.5h2a.5.5 0 0 0 .5-.5V8H12v2a2 2 0 0 1-2 2H8Zm2-12a2 2 0 0 1 2 2v2h-1.5V2a.5.5 0 0 0-.5-.5H8V0h2Z\" \/>\n\t\t\t<\/svg>\n\t\t<\/button><figcaption class=\"wp-element-caption\">livorno-rr-16.jpg<\/figcaption><\/figure>\n\n\n\n<h3 class=\"wp-block-heading\"><span class=\"ez-toc-section\" id=\"12_Hol_egyel_vegan_street_food_torta_di_ceci_es_5_e_5\"><\/span>12. Hol egy\u00e9l: veg\u00e1n street food, torta di ceci \u00e9s 5 e 5<span class=\"ez-toc-section-end\"><\/span><\/h3>\n\n\n\n<p class=\"wp-block-paragraph\">Ez Livorno teljes kulin\u00e1ris kincse, egyben <strong>fantasztikus h\u00edr minden veget\u00e1ri\u00e1nusnak \u00e9s veg\u00e1nnak<\/strong>, aki Toszk\u00e1n\u00e1ba indul. A f\u0151 livorn\u00f3i street food ugyanis tiszt\u00e1n n\u00f6v\u00e9nyi alap\u00fa. Az alap a zseni\u00e1lis torta di ceci (gyakran cecin\u00e1nak is h\u00edvj\u00e1k), ami egy csod\u00e1san egyszer\u0171 lep\u00e9ny csicseribors\u00f3-lisztb\u0151l, v\u00edzb\u0151l, s\u00f3b\u00f3l \u00e9s egy rendes adag min\u0151s\u00e9gi ol\u00edvaolajb\u00f3l, amit forr\u00f3 kemenc\u00e9ben ropog\u00f3sra s\u00fctnek. Term\u00e9szetesen glut\u00e9nmentes \u00e9s hihetetlen\u00fcl finom.<\/p>\n\n\n\n<p class=\"wp-block-paragraph\">Amikor ezt az illatos lep\u00e9nyt egy friss, puha focacci\u00e1ba vagy kerek zseml\u00e9be teszik, megsz\u00fcletik a legend\u00e1s livorn\u00f3i szendvics, az <strong>\u201e5 e 5&#8243;<\/strong>. Ez a vicces n\u00e9v a r\u00e9g let\u0171nt id\u0151kb\u0151l sz\u00e1rmazik, amikor a szeg\u00e9ny kik\u00f6t\u0151i munk\u00e1sok 5 centesimi\u00e9rt vettek egy darab mag\u00e1t a tort\u00e1t, \u00e9s hozz\u00e1 tov\u00e1bbi 5 centesimi\u00e9rt egy darab kenyeret, hogy a neh\u00e9z m\u0171szak ut\u00e1n rendesen \u00e9s olcs\u00f3n j\u00f3llakjanak.<\/p>\n\n\n\n<p class=\"wp-block-paragraph\">Ha ezt az \u00e9telt a lehet\u0151 legjobb form\u00e1j\u00e1ban szeretn\u00e9d megk\u00f3stolni, melegen aj\u00e1nlom, hogy n\u00e9zz be valamelyik hagyom\u00e1nyos torteri\u00e1ba k\u00f6zvetlen\u00fcl a f\u0151piac mellett. A legismertebb \u00e9s a helyiek \u00e1ltal legjobban szeretett kis hely az <strong>Antica Torteria al Mercato (amit viszont mindenki ink\u00e1bb Da Gagarink\u00e9nt ismer)<\/strong>. K\u00e9sz\u00fclj fel arra, hogy itt ugyan id\u0151nk\u00e9nt el\u00e9g hossz\u00fa a sor, de a friss csicseribors\u00f3-lep\u00e9nyre val\u00f3 v\u00e1rakoz\u00e1s mindenk\u00e9pp meg\u00e9ri! \ud83d\ude05<\/p>\n\n\n\n<figure data-wp-context=\"{&quot;imageId&quot;:&quot;6a95408d83c4b&quot;}\" data-wp-interactive=\"core\/image\" data-wp-key=\"6a95408d83c4b\" class=\"wp-block-image size-full wp-lightbox-container\"><img decoding=\"async\" width=\"2528\" height=\"1696\" data-wp-class--hide=\"state.isContentHidden\" data-wp-class--show=\"state.isContentVisible\" data-wp-init=\"callbacks.setButtonStyles\" data-wp-on--click=\"actions.showLightbox\" data-wp-on--load=\"callbacks.setButtonStyles\" data-wp-on--pointerdown=\"actions.preloadImage\" data-wp-on--pointerenter=\"actions.preloadImageWithDelay\" data-wp-on--pointerleave=\"actions.cancelPreload\" data-wp-on-window--resize=\"callbacks.setButtonStyles\" src=\"https:\/\/loudavymkrokem.cz\/wp-content\/uploads\/2026\/08\/17-3.jpg\" alt=\"Torta di ceci, a livorn\u00f3i street food specialit\u00e1s\" class=\"wp-image-393917\" title=\"\" srcset=\"https:\/\/loudavymkrokem.cz\/wp-content\/uploads\/2026\/08\/17-3.jpg 2528w, https:\/\/loudavymkrokem.cz\/wp-content\/uploads\/2026\/08\/17-3-300x201.jpg 300w, https:\/\/loudavymkrokem.cz\/wp-content\/uploads\/2026\/08\/17-3-700x470.jpg 700w, https:\/\/loudavymkrokem.cz\/wp-content\/uploads\/2026\/08\/17-3-768x515.jpg 768w, https:\/\/loudavymkrokem.cz\/wp-content\/uploads\/2026\/08\/17-3-1536x1030.jpg 1536w, https:\/\/loudavymkrokem.cz\/wp-content\/uploads\/2026\/08\/17-3-2048x1374.jpg 2048w, https:\/\/loudavymkrokem.cz\/wp-content\/uploads\/2026\/08\/17-3-696x467.jpg 696w, https:\/\/loudavymkrokem.cz\/wp-content\/uploads\/2026\/08\/17-3-1392x934.jpg 1392w, https:\/\/loudavymkrokem.cz\/wp-content\/uploads\/2026\/08\/17-3-1920x1288.jpg 1920w\" sizes=\"(max-width: 2528px) 100vw, 2528px\" \/><button\n\t\t\tclass=\"lightbox-trigger\"\n\t\t\ttype=\"button\"\n\t\t\taria-haspopup=\"dialog\"\n\t\t\tdata-wp-bind--aria-label=\"state.thisImage.triggerButtonAriaLabel\"\n\t\t\tdata-wp-init=\"callbacks.initTriggerButton\"\n\t\t\tdata-wp-on--click=\"actions.showLightbox\"\n\t\t\tdata-wp-style--right=\"state.thisImage.buttonRight\"\n\t\t\tdata-wp-style--top=\"state.thisImage.buttonTop\"\n\t\t>\n\t\t\t<svg xmlns=\"http:\/\/www.w3.org\/2000\/svg\" width=\"12\" height=\"12\" fill=\"none\" viewBox=\"0 0 12 12\">\n\t\t\t\t<path fill=\"#fff\" d=\"M2 0a2 2 0 0 0-2 2v2h1.5V2a.5.5 0 0 1 .5-.5h2V0H2Zm2 10.5H2a.5.5 0 0 1-.5-.5V8H0v2a2 2 0 0 0 2 2h2v-1.5ZM8 12v-1.5h2a.5.5 0 0 0 .5-.5V8H12v2a2 2 0 0 1-2 2H8Zm2-12a2 2 0 0 1 2 2v2h-1.5V2a.5.5 0 0 0-.5-.5H8V0h2Z\" \/>\n\t\t\t<\/svg>\n\t\t<\/button><figcaption class=\"wp-element-caption\">livorno-rr-17.jpg<\/figcaption><\/figure>\n\n\n\n<h3 class=\"wp-block-heading\"><span class=\"ez-toc-section\" id=\"13_Cacciucco_es_a_helyi_trattoriak\"><\/span>13. Cacciucco \u00e9s a helyi trattori\u00e1k<span class=\"ez-toc-section-end\"><\/span><\/h3>\n\n\n\n<p class=\"wp-block-paragraph\">Ezzel szemben a megr\u00f6gz\u00f6tt hal- \u00e9s tengeri herkenty\u0171-szerelmeseknek van itt egy eg\u00e9szen m\u00e1s helyi specialit\u00e1s, amellyel ez a v\u00e1ros messze f\u00f6ld\u00f6n h\u00edress\u00e9 v\u00e1lt, Toszk\u00e1na hat\u00e1rain t\u00fal is. A <strong>cacciucco egy rendk\u00edv\u00fcl s\u0171r\u0171 halas ragu<\/strong>, amelyet hagyom\u00e1nyosan \u00e9s gondosan \u00f6t k\u00fcl\u00f6nb\u00f6z\u0151 fajta friss halb\u00f3l, polipb\u00f3l \u00e9s kagyl\u00f3b\u00f3l k\u00e9sz\u00edtenek. Mindezt egy nagyon gazdag paradicsomos sz\u00f3szban t\u00e1lalj\u00e1k egy rendes darab pir\u00edtott fokhagym\u00e1s keny\u00e9rrel.<\/p>\n\n\n\n<p class=\"wp-block-paragraph\">A helyi hal\u00e1szok \u00e9s b\u00fcszke szak\u00e1csok sz\u00edvesen \u00e1ll\u00edtj\u00e1k, hogy az\u00e9rt, mert a <strong>cacciucco sz\u00f3ban<\/strong> pontosan \u00f6t \u201ec&#8221; bet\u0171 van, ami mosolyt csal az ember arc\u00e1ra ezzel a helyi kontextussal. Val\u00f3j\u00e1ban r\u00e9gen egyszer\u0171en abb\u00f3l f\u0151zt\u00e9k, ami \u00e9pp maradt a h\u00e1l\u00f3kban, \u00e9s amit a hal\u00e1szok azon a napon nem tudtak j\u00f3 \u00e1ron eladni a helyi piacon. Ma azonban ez egy <strong>megbecs\u00fclt csemege<\/strong>.<\/p>\n\n\n\n<p class=\"wp-block-paragraph\">Ha eszel halat, \u00e9s meg akarod k\u00f3stolni ezt a s\u0171r\u0171 specialit\u00e1st, tarts a bev\u00e1lt, hossz\u00fa hagyom\u00e1ny\u00fa helyekre. Nagyon ismert a <strong>Ristorante Il Molo<\/strong>, amely k\u00f6zvetlen\u00fcl a v\u00edz mellett fekszik, vagy a hihetetlen\u00fcl kedvelt <strong>Trattoria il Deserto<\/strong>. Ennek ugyan kiss\u00e9 t\u00e1volabb van a helye a ny\u00fczsg\u0151 belv\u00e1rost\u00f3l, a Via Provinciale Pisan\u00e1n, de a v\u00e1rosban toronymagasan a legt\u00f6bb remek \u00e9rt\u00e9kel\u00e9ssel b\u00fcszk\u00e9lkedhet. A t\u00f6rzsvend\u00e9gek k\u00f6r\u00e9ben kiv\u00e1l\u00f3 h\u00edre van az Osteria Rednek vagy az Osteria della Venezi\u00e1nak is k\u00f6zvetlen\u00fcl a fest\u0151i csatorn\u00e1kn\u00e1l, illetve a t\u00f6rt\u00e9nelmi Melafumo halas \u00e9tteremnek.<\/p>\n\n\n\n<figure data-wp-context=\"{&quot;imageId&quot;:&quot;6a95408d842dc&quot;}\" data-wp-interactive=\"core\/image\" data-wp-key=\"6a95408d842dc\" class=\"wp-block-image size-full wp-lightbox-container\"><img decoding=\"async\" width=\"1800\" height=\"1014\" data-wp-class--hide=\"state.isContentHidden\" data-wp-class--show=\"state.isContentVisible\" data-wp-init=\"callbacks.setButtonStyles\" data-wp-on--click=\"actions.showLightbox\" data-wp-on--load=\"callbacks.setButtonStyles\" data-wp-on--pointerdown=\"actions.preloadImage\" data-wp-on--pointerenter=\"actions.preloadImageWithDelay\" data-wp-on--pointerleave=\"actions.cancelPreload\" data-wp-on-window--resize=\"callbacks.setButtonStyles\" src=\"https:\/\/loudavymkrokem.cz\/wp-content\/uploads\/2026\/08\/toskansko-clanky-livorno-18.jpg\" alt=\"A livorn\u00f3i zsinag\u00f3ga t\u00f6rt\u00e9nete\" class=\"wp-image-382856\" title=\"\" srcset=\"https:\/\/loudavymkrokem.cz\/wp-content\/uploads\/2026\/08\/toskansko-clanky-livorno-18.jpg 1800w, https:\/\/loudavymkrokem.cz\/wp-content\/uploads\/2026\/08\/toskansko-clanky-livorno-18-300x169.jpg 300w, https:\/\/loudavymkrokem.cz\/wp-content\/uploads\/2026\/08\/toskansko-clanky-livorno-18-700x394.jpg 700w, https:\/\/loudavymkrokem.cz\/wp-content\/uploads\/2026\/08\/toskansko-clanky-livorno-18-768x433.jpg 768w, https:\/\/loudavymkrokem.cz\/wp-content\/uploads\/2026\/08\/toskansko-clanky-livorno-18-1536x865.jpg 1536w, https:\/\/loudavymkrokem.cz\/wp-content\/uploads\/2026\/08\/toskansko-clanky-livorno-18-696x392.jpg 696w, https:\/\/loudavymkrokem.cz\/wp-content\/uploads\/2026\/08\/toskansko-clanky-livorno-18-1392x784.jpg 1392w\" sizes=\"(max-width: 1800px) 100vw, 1800px\" \/><button\n\t\t\tclass=\"lightbox-trigger\"\n\t\t\ttype=\"button\"\n\t\t\taria-haspopup=\"dialog\"\n\t\t\tdata-wp-bind--aria-label=\"state.thisImage.triggerButtonAriaLabel\"\n\t\t\tdata-wp-init=\"callbacks.initTriggerButton\"\n\t\t\tdata-wp-on--click=\"actions.showLightbox\"\n\t\t\tdata-wp-style--right=\"state.thisImage.buttonRight\"\n\t\t\tdata-wp-style--top=\"state.thisImage.buttonTop\"\n\t\t>\n\t\t\t<svg xmlns=\"http:\/\/www.w3.org\/2000\/svg\" width=\"12\" height=\"12\" fill=\"none\" viewBox=\"0 0 12 12\">\n\t\t\t\t<path fill=\"#fff\" d=\"M2 0a2 2 0 0 0-2 2v2h1.5V2a.5.5 0 0 1 .5-.5h2V0H2Zm2 10.5H2a.5.5 0 0 1-.5-.5V8H0v2a2 2 0 0 0 2 2h2v-1.5ZM8 12v-1.5h2a.5.5 0 0 0 .5-.5V8H12v2a2 2 0 0 1-2 2H8Zm2-12a2 2 0 0 1 2 2v2h-1.5V2a.5.5 0 0 0-.5-.5H8V0h2Z\" \/>\n\t\t\t<\/svg>\n\t\t<\/button><figcaption class=\"wp-element-caption\">Unknown authorUnknown author \/ Wikimedia Commons, Public domain<\/figcaption><\/figure>\n\n\n\n<h3 class=\"wp-block-heading\"><span class=\"ez-toc-section\" id=\"14_A_varos_multikulturalis_tortenete\"><\/span>14. A v\u00e1ros multikultur\u00e1lis t\u00f6rt\u00e9nete<span class=\"ez-toc-section-end\"><\/span><\/h3>\n\n\n\n<p class=\"wp-block-paragraph\">Livorno m\u00e1r els\u0151 pillant\u00e1sra kiss\u00e9 m\u00e1s, mint a klasszikus Toszk\u00e1na t\u00f6bbi r\u00e9sze, \u00e9s ennek nagyon m\u00e9ly \u00e9s \u00e9rdekes t\u00f6rt\u00e9nelmi oka van. A 16. \u00e9s 17. sz\u00e1zad fordul\u00f3j\u00e1n a hatalmas Medici csal\u00e1d <strong>t\u00f6rv\u00e9nyek sor\u00e1t adta ki, amelyeket Leggi Livornine n\u00e9ven ismernek<\/strong>, \u00e9s amelyek c\u00e9lja az volt, hogy gyorsan ben\u00e9pes\u00edts\u00e9k \u00e9s gazdas\u00e1gilag beind\u00edts\u00e1k ezt a sz\u00e1mukra strat\u00e9giailag rendk\u00edv\u00fcl fontos kik\u00f6t\u0151t.<\/p>\n\n\n\n<p class=\"wp-block-paragraph\">Ezek az egyed\u00fcl\u00e1ll\u00f3 t\u00f6rv\u00e9nyek minden \u00faj bev\u00e1ndorl\u00f3nak teljes vall\u00e1sszabads\u00e1got, kereskedelmi szabads\u00e1got, s\u0151t teljes amneszti\u00e1t garant\u00e1ltak esetleges kor\u00e1bbi b\u0171neik\u00e9rt. Ennek az akkoriban p\u00e9ld\u00e1tlanul liber\u00e1lis hozz\u00e1\u00e1ll\u00e1snak k\u00f6sz\u00f6nhet\u0151en <strong>v\u00e1llalkoz\u00f3 szellem\u0171 emberek \u00f6z\u00f6nl\u00f6ttek ide a vil\u00e1g minden t\u00e1j\u00e1r\u00f3l<\/strong>, k\u00f6zt\u00fck zsid\u00f3k, g\u00f6r\u00f6g\u00f6k, \u00f6rm\u00e9nyek, hollandok vagy britek, akik \u00faj kezdetet kerestek.<\/p>\n\n\n\n<p class=\"wp-block-paragraph\">\u00c9s pontosan ez magyar\u00e1zza, mi\u00e9rt olyan m\u00e1s Livorno: <strong>eleven, kiss\u00e9 rendezetlen, bar\u00e1ts\u00e1gos<\/strong>. Firenze vagy Siena <strong>egyszer\u0171en m\u00e1s vil\u00e1g<\/strong>.<\/p>\n\n\n\n<figure data-wp-context=\"{&quot;imageId&quot;:&quot;6a95408d84a98&quot;}\" data-wp-interactive=\"core\/image\" data-wp-key=\"6a95408d84a98\" class=\"wp-block-image size-full wp-lightbox-container\"><img decoding=\"async\" width=\"2528\" height=\"1696\" data-wp-class--hide=\"state.isContentHidden\" data-wp-class--show=\"state.isContentVisible\" data-wp-init=\"callbacks.setButtonStyles\" data-wp-on--click=\"actions.showLightbox\" data-wp-on--load=\"callbacks.setButtonStyles\" data-wp-on--pointerdown=\"actions.preloadImage\" data-wp-on--pointerenter=\"actions.preloadImageWithDelay\" data-wp-on--pointerleave=\"actions.cancelPreload\" data-wp-on-window--resize=\"callbacks.setButtonStyles\" src=\"https:\/\/loudavymkrokem.cz\/wp-content\/uploads\/2026\/08\/19-4.jpg\" alt=\"Livorno multikultur\u00e1lis \u00e9p\u00fcletei\" class=\"wp-image-393920\" title=\"\" srcset=\"https:\/\/loudavymkrokem.cz\/wp-content\/uploads\/2026\/08\/19-4.jpg 2528w, https:\/\/loudavymkrokem.cz\/wp-content\/uploads\/2026\/08\/19-4-300x201.jpg 300w, https:\/\/loudavymkrokem.cz\/wp-content\/uploads\/2026\/08\/19-4-700x470.jpg 700w, https:\/\/loudavymkrokem.cz\/wp-content\/uploads\/2026\/08\/19-4-768x515.jpg 768w, https:\/\/loudavymkrokem.cz\/wp-content\/uploads\/2026\/08\/19-4-1536x1030.jpg 1536w, https:\/\/loudavymkrokem.cz\/wp-content\/uploads\/2026\/08\/19-4-2048x1374.jpg 2048w, https:\/\/loudavymkrokem.cz\/wp-content\/uploads\/2026\/08\/19-4-696x467.jpg 696w, https:\/\/loudavymkrokem.cz\/wp-content\/uploads\/2026\/08\/19-4-1392x934.jpg 1392w, https:\/\/loudavymkrokem.cz\/wp-content\/uploads\/2026\/08\/19-4-1920x1288.jpg 1920w\" sizes=\"(max-width: 2528px) 100vw, 2528px\" \/><button\n\t\t\tclass=\"lightbox-trigger\"\n\t\t\ttype=\"button\"\n\t\t\taria-haspopup=\"dialog\"\n\t\t\tdata-wp-bind--aria-label=\"state.thisImage.triggerButtonAriaLabel\"\n\t\t\tdata-wp-init=\"callbacks.initTriggerButton\"\n\t\t\tdata-wp-on--click=\"actions.showLightbox\"\n\t\t\tdata-wp-style--right=\"state.thisImage.buttonRight\"\n\t\t\tdata-wp-style--top=\"state.thisImage.buttonTop\"\n\t\t>\n\t\t\t<svg xmlns=\"http:\/\/www.w3.org\/2000\/svg\" width=\"12\" height=\"12\" fill=\"none\" viewBox=\"0 0 12 12\">\n\t\t\t\t<path fill=\"#fff\" d=\"M2 0a2 2 0 0 0-2 2v2h1.5V2a.5.5 0 0 1 .5-.5h2V0H2Zm2 10.5H2a.5.5 0 0 1-.5-.5V8H0v2a2 2 0 0 0 2 2h2v-1.5ZM8 12v-1.5h2a.5.5 0 0 0 .5-.5V8H12v2a2 2 0 0 1-2 2H8Zm2-12a2 2 0 0 1 2 2v2h-1.5V2a.5.5 0 0 0-.5-.5H8V0h2Z\" \/>\n\t\t\t<\/svg>\n\t\t<\/button><figcaption class=\"wp-element-caption\">livorno-rr-19.jpg<\/figcaption><\/figure>\n\n\n\n<h3 class=\"wp-block-heading\"><span class=\"ez-toc-section\" id=\"15_Zsinagoga_es_az_angol_temeto\"><\/span>15. Zsinag\u00f3ga \u00e9s az angol temet\u0151<span class=\"ez-toc-section-end\"><\/span><\/h3>\n\n\n\n<p class=\"wp-block-paragraph\">Ennek a leny\u0171g\u00f6z\u0151 multikultur\u00e1lis m\u00faltnak a nyomait m\u00e1ig sz\u00e9tsz\u00f3rva megtal\u00e1lod az eg\u00e9sz v\u00e1rosban, ha tudod, hova figyelj. A <strong>livorn\u00f3i zsinag\u00f3ga<\/strong> valaha eg\u00e9sz Eur\u00f3pa egyik legnagyobb \u00e9s legszebb zsinag\u00f3g\u00e1i k\u00f6z\u00e9 tartozott. \u00c9s b\u00e1r az eredeti gy\u00f6ny\u00f6r\u0171 \u00e9p\u00fclet sajnos elpusztult a m\u00e1sodik vil\u00e1gh\u00e1bor\u00fas neh\u00e9z bomb\u00e1z\u00e1sok alatt, ma a hely\u00e9n egy nagyon \u00e9rdekes modern \u00e9p\u00fclet \u00e1ll, amely b\u00fcszk\u00e9n eml\u00e9keztet erre a t\u00f6rt\u00e9nelmileg jelent\u0151s \u00e9s befoly\u00e1sos zsid\u00f3 k\u00f6z\u00f6ss\u00e9gre.<\/p>\n\n\n\n<p class=\"wp-block-paragraph\">Egy m\u00e1sik rendk\u00edv\u00fcl \u00e9rdekes \u00e9s a turist\u00e1k \u00e1ltal kiss\u00e9 m\u00e9ltatlanul elhanyagolt meg\u00e1ll\u00f3 a r\u00e9gi <strong>angol temet\u0151<\/strong>, amely egyenesen eg\u00e9sz It\u00e1lia legr\u00e9gebbi protest\u00e1ns temet\u0151je. Ennek a helynek hihetetlen t\u00f6rt\u00e9nelmi b\u00e1ja van, \u00e9s \u00f3ri\u00e1si nyugalom \u00e1rad bel\u0151le a v\u00e1rosi ny\u00fczsg\u00e9s k\u00f6zepette.<\/p>\n\n\n\n<p class=\"wp-block-paragraph\">Itt nyugszanak gazdag keresked\u0151k, befoly\u00e1sos diplomat\u00e1k \u00e9s egyszer\u0171 tenger\u00e9szek Eur\u00f3pa sz\u00e1mos szeglet\u00e9b\u0151l, akik Livorn\u00f3ban tal\u00e1lt\u00e1k meg \u00faj otthonukat, vagy v\u00e1ratlanul haltak meg hossz\u00fa \u00fatjaik sor\u00e1n. A s\u00e9ta az \u00e9vsz\u00e1zados, <strong>s\u0171r\u0171 borosty\u00e1nnal befutott s\u00edrk\u00f6vek<\/strong> k\u00f6z\u00f6tt megism\u00e9telhetetlen \u00e9s <strong>enyh\u00e9n melankolikus hangulat\u00fa<\/strong>, amit egy ilyen ny\u00fczsg\u0151 olasz v\u00e1rosban tal\u00e1n egy\u00e1ltal\u00e1n nem is v\u00e1rn\u00e1l.<\/p>\n\n\n\n<figure data-wp-context=\"{&quot;imageId&quot;:&quot;6a95408d8513e&quot;}\" data-wp-interactive=\"core\/image\" data-wp-key=\"6a95408d8513e\" class=\"wp-block-image size-full wp-lightbox-container\"><img decoding=\"async\" width=\"2528\" height=\"1696\" data-wp-class--hide=\"state.isContentHidden\" data-wp-class--show=\"state.isContentVisible\" data-wp-init=\"callbacks.setButtonStyles\" data-wp-on--click=\"actions.showLightbox\" data-wp-on--load=\"callbacks.setButtonStyles\" data-wp-on--pointerdown=\"actions.preloadImage\" data-wp-on--pointerenter=\"actions.preloadImageWithDelay\" data-wp-on--pointerleave=\"actions.cancelPreload\" data-wp-on-window--resize=\"callbacks.setButtonStyles\" src=\"https:\/\/loudavymkrokem.cz\/wp-content\/uploads\/2026\/08\/20-4.jpg\" alt=\"A r\u00e9gi angol temet\u0151 Livorn\u00f3ban\" class=\"wp-image-393921\" title=\"\" srcset=\"https:\/\/loudavymkrokem.cz\/wp-content\/uploads\/2026\/08\/20-4.jpg 2528w, https:\/\/loudavymkrokem.cz\/wp-content\/uploads\/2026\/08\/20-4-300x201.jpg 300w, https:\/\/loudavymkrokem.cz\/wp-content\/uploads\/2026\/08\/20-4-700x470.jpg 700w, https:\/\/loudavymkrokem.cz\/wp-content\/uploads\/2026\/08\/20-4-768x515.jpg 768w, https:\/\/loudavymkrokem.cz\/wp-content\/uploads\/2026\/08\/20-4-1536x1030.jpg 1536w, https:\/\/loudavymkrokem.cz\/wp-content\/uploads\/2026\/08\/20-4-2048x1374.jpg 2048w, https:\/\/loudavymkrokem.cz\/wp-content\/uploads\/2026\/08\/20-4-696x467.jpg 696w, https:\/\/loudavymkrokem.cz\/wp-content\/uploads\/2026\/08\/20-4-1392x934.jpg 1392w, https:\/\/loudavymkrokem.cz\/wp-content\/uploads\/2026\/08\/20-4-1920x1288.jpg 1920w\" sizes=\"(max-width: 2528px) 100vw, 2528px\" \/><button\n\t\t\tclass=\"lightbox-trigger\"\n\t\t\ttype=\"button\"\n\t\t\taria-haspopup=\"dialog\"\n\t\t\tdata-wp-bind--aria-label=\"state.thisImage.triggerButtonAriaLabel\"\n\t\t\tdata-wp-init=\"callbacks.initTriggerButton\"\n\t\t\tdata-wp-on--click=\"actions.showLightbox\"\n\t\t\tdata-wp-style--right=\"state.thisImage.buttonRight\"\n\t\t\tdata-wp-style--top=\"state.thisImage.buttonTop\"\n\t\t>\n\t\t\t<svg xmlns=\"http:\/\/www.w3.org\/2000\/svg\" width=\"12\" height=\"12\" fill=\"none\" viewBox=\"0 0 12 12\">\n\t\t\t\t<path fill=\"#fff\" d=\"M2 0a2 2 0 0 0-2 2v2h1.5V2a.5.5 0 0 1 .5-.5h2V0H2Zm2 10.5H2a.5.5 0 0 1-.5-.5V8H0v2a2 2 0 0 0 2 2h2v-1.5ZM8 12v-1.5h2a.5.5 0 0 0 .5-.5V8H12v2a2 2 0 0 1-2 2H8Zm2-12a2 2 0 0 1 2 2v2h-1.5V2a.5.5 0 0 0-.5-.5H8V0h2Z\" \/>\n\t\t\t<\/svg>\n\t\t<\/button><figcaption class=\"wp-element-caption\">livorno-rr-20.jpg<\/figcaption><\/figure>\n\n\n\n<h3 class=\"wp-block-heading\"><span class=\"ez-toc-section\" id=\"16_A_calafuriai_sziklak\"><\/span>16. A calafuriai szikl\u00e1k<span class=\"ez-toc-section-end\"><\/span><\/h3>\n\n\n\n<p class=\"wp-block-paragraph\">Ha Livorn\u00f3ba f\u0151leg a tenger \u00e9s a ny\u00e1ri f\u00fcrd\u0151z\u00e9s miatt k\u00e9sz\u00fclsz, el\u0151re tudnod kell egy el\u00e9g l\u00e9nyeges dolgot. K\u00f6zvetlen\u00fcl a belv\u00e1rosban ne keress nagy, finom homokos strandokat, Livorno k\u00f6zvetlen k\u00f6rny\u00e9k\u00e9t ugyanis dr\u00e1mai szikl\u00e1k veszik k\u00f6r\u00fcl. A <strong>Calafuria egy t\u00f6bb kilom\u00e9ter hossz\u00fa, leny\u0171g\u00f6z\u0151 szikl\u00e1s lejt\u0151<\/strong>, amely a belv\u00e1rost\u00f3l d\u00e9lre fekszik, \u00e9s amelyet folyamatosan er\u0151s sz\u00e9l \u00e9s tengeri hull\u00e1mok ostoroznak.<\/p>\n\n\n\n<p class=\"wp-block-paragraph\">Az eg\u00e9sz szikla \u00e1tf\u00fart \u00fcregekkel teli, \u00e9s t\u00e1volr\u00f3l kiss\u00e9 egy \u00f3ri\u00e1si homokk\u0151 szivacsra eml\u00e9keztet. Ez egy <strong>teljesen ikonikus hely a b\u00e1tor ugr\u00e1sokhoz a krist\u00e1lytiszta v\u00edzbe<\/strong>, \u00e9s fantasztikus k\u00f6r\u00fclm\u00e9nyeket k\u00edn\u00e1l a snorkelez\u00e9shez a meredek szikl\u00e1k ment\u00e9n, ahol egy csom\u00f3 hal rejt\u0151zik.<\/p>\n\n\n\n<p class=\"wp-block-paragraph\">Ezt a helyet f\u0151leg a helyi fiatalok, bar\u00e1ti t\u00e1rsas\u00e1gok \u00e9s a kalandv\u00e1gy\u00f3bb term\u00e9szet\u0171ek szeretik, akik pokr\u00f3cot, \u00e9telt hoznak ide, \u00e9s hossz\u00fa, lusta ny\u00e1ri d\u00e9lut\u00e1nokat t\u00f6ltenek itt. Objekt\u00edven n\u00e9zve nem teljesen ide\u00e1lis hely a kisgyerekes csal\u00e1doknak a <strong>rosszabb v\u00edzbe jut\u00e1s<\/strong> miatt, de ha tiszta tengert \u00e9s egy kis adrenalint keresel az ugr\u00e1sok k\u00f6zben, teljesen el leszel ragadtatva a <strong>calafuriai szikl\u00e1kt\u00f3l<\/strong>.<\/p>\n\n\n\n<figure data-wp-context=\"{&quot;imageId&quot;:&quot;6a95408d85805&quot;}\" data-wp-interactive=\"core\/image\" data-wp-key=\"6a95408d85805\" class=\"wp-block-image size-full wp-lightbox-container\"><img decoding=\"async\" width=\"2528\" height=\"1696\" data-wp-class--hide=\"state.isContentHidden\" data-wp-class--show=\"state.isContentVisible\" data-wp-init=\"callbacks.setButtonStyles\" data-wp-on--click=\"actions.showLightbox\" data-wp-on--load=\"callbacks.setButtonStyles\" data-wp-on--pointerdown=\"actions.preloadImage\" data-wp-on--pointerenter=\"actions.preloadImageWithDelay\" data-wp-on--pointerleave=\"actions.cancelPreload\" data-wp-on-window--resize=\"callbacks.setButtonStyles\" src=\"https:\/\/loudavymkrokem.cz\/wp-content\/uploads\/2026\/08\/21.jpg\" alt=\"A calafuriai szikl\u00e1k Livorno k\u00f6zel\u00e9ben\" class=\"wp-image-393164\" title=\"\" srcset=\"https:\/\/loudavymkrokem.cz\/wp-content\/uploads\/2026\/08\/21.jpg 2528w, https:\/\/loudavymkrokem.cz\/wp-content\/uploads\/2026\/08\/21-300x201.jpg 300w, https:\/\/loudavymkrokem.cz\/wp-content\/uploads\/2026\/08\/21-700x470.jpg 700w, https:\/\/loudavymkrokem.cz\/wp-content\/uploads\/2026\/08\/21-768x515.jpg 768w, https:\/\/loudavymkrokem.cz\/wp-content\/uploads\/2026\/08\/21-1536x1030.jpg 1536w, https:\/\/loudavymkrokem.cz\/wp-content\/uploads\/2026\/08\/21-2048x1374.jpg 2048w, https:\/\/loudavymkrokem.cz\/wp-content\/uploads\/2026\/08\/21-696x467.jpg 696w, https:\/\/loudavymkrokem.cz\/wp-content\/uploads\/2026\/08\/21-1392x934.jpg 1392w, https:\/\/loudavymkrokem.cz\/wp-content\/uploads\/2026\/08\/21-1920x1288.jpg 1920w\" sizes=\"(max-width: 2528px) 100vw, 2528px\" \/><button\n\t\t\tclass=\"lightbox-trigger\"\n\t\t\ttype=\"button\"\n\t\t\taria-haspopup=\"dialog\"\n\t\t\tdata-wp-bind--aria-label=\"state.thisImage.triggerButtonAriaLabel\"\n\t\t\tdata-wp-init=\"callbacks.initTriggerButton\"\n\t\t\tdata-wp-on--click=\"actions.showLightbox\"\n\t\t\tdata-wp-style--right=\"state.thisImage.buttonRight\"\n\t\t\tdata-wp-style--top=\"state.thisImage.buttonTop\"\n\t\t>\n\t\t\t<svg xmlns=\"http:\/\/www.w3.org\/2000\/svg\" width=\"12\" height=\"12\" fill=\"none\" viewBox=\"0 0 12 12\">\n\t\t\t\t<path fill=\"#fff\" d=\"M2 0a2 2 0 0 0-2 2v2h1.5V2a.5.5 0 0 1 .5-.5h2V0H2Zm2 10.5H2a.5.5 0 0 1-.5-.5V8H0v2a2 2 0 0 0 2 2h2v-1.5ZM8 12v-1.5h2a.5.5 0 0 0 .5-.5V8H12v2a2 2 0 0 1-2 2H8Zm2-12a2 2 0 0 1 2 2v2h-1.5V2a.5.5 0 0 0-.5-.5H8V0h2Z\" \/>\n\t\t\t<\/svg>\n\t\t<\/button><figcaption class=\"wp-element-caption\">livorno-rr-21.jpg<\/figcaption><\/figure>\n\n\n\n<h3 class=\"wp-block-heading\"><span class=\"ez-toc-section\" id=\"17_Kek_Zaszlos_strandok_Quercianella_es_Calambrone\"><\/span>17. K\u00e9k Z\u00e1szl\u00f3s strandok: Quercianella \u00e9s Calambrone<span class=\"ez-toc-section-end\"><\/span><\/h3>\n\n\n\n<p class=\"wp-block-paragraph\">Aki valamivel nyugodtabb f\u00fcrd\u0151z\u00e9st keres jobb turisztikai infrastrukt\u00far\u00e1val \u00e9s f\u0151leg k\u00f6nnyebb v\u00edzbe jut\u00e1ssal, annak \u00e9rdemes Livorn\u00f3b\u00f3l <strong>kb. 10 kilom\u00e9tert d\u00e9lre menni a fest\u0151i Quercianella faluba<\/strong>. Itt gy\u00f6ny\u00f6r\u0171, elrejtett \u00f6bl\u00f6ket \u00e9s nagyon tiszta kavicsos strandokat tal\u00e1lsz, amelyek r\u00e1ad\u00e1sul m\u00e1r 2007 \u00f3ta b\u00fcszk\u00e9n viselik a nemzetk\u00f6zi K\u00e9k Z\u00e1szl\u00f3 elismer\u00e9st a v\u00edz kiv\u00e1l\u00f3 tisztas\u00e1g\u00e1\u00e9rt \u00e9s a l\u00e1togat\u00f3knak ny\u00fajtott remek szolg\u00e1ltat\u00e1sok\u00e9rt.<\/p>\n\n\n\n<p class=\"wp-block-paragraph\">Tov\u00e1bbi nagyon sz\u00e9p partszakaszokat romantikus szikl\u00e1kkal \u00e9s apr\u00f3, csendes \u00f6bl\u00f6kkel k\u00edn\u00e1l a k\u00f6zeli <strong>Antignano v\u00e1roska<\/strong> vagy a Boccale k\u00f6rzet is, amelyek mindketten nagyon n\u00e9pszer\u0171ek a helyi csal\u00e1dok k\u00f6r\u00e9ben. A v\u00edz itt gy\u00f6ny\u00f6r\u0171en tiszta, \u00e9s a <strong>strandok kor\u00e1ntsem olyan zs\u00fafoltak<\/strong>, mint az \u00e9szakibb ismert \u00fcd\u00fcl\u0151helyeken.<\/p>\n\n\n\n<p class=\"wp-block-paragraph\">Ha viszont igaz\u00e1n kicsi gyerekekkel utazol, \u00e9s <strong>a boldogs\u00e1godhoz felt\u00e9tlen\u00fcl finom homok kell<\/strong>, indulj ink\u00e1bb Livorn\u00f3t\u00f3l \u00e9szakra, Pisa ir\u00e1ny\u00e1ba, a meglehet\u0151sen ismert Calambrone \u00fcd\u00fcl\u0151helyre. Ott a part ment\u00e9n egy hossz\u00fa \u00e9s nagyon sek\u00e9ly homokos strand h\u00faz\u00f3dik, ahol a gyerekek teljes nyugalomban \u00e9p\u00edthetnek homokv\u00e1rakat, te pedig maxim\u00e1lis k\u00e9nyelmet \u00e9lvezel egy b\u00e9relt nyug\u00e1gyon, egyenesen a naperny\u0151 alatt.<\/p>\n\n\n\n<figure data-wp-context=\"{&quot;imageId&quot;:&quot;6a95408d85e58&quot;}\" data-wp-interactive=\"core\/image\" data-wp-key=\"6a95408d85e58\" class=\"wp-block-image size-full wp-lightbox-container\"><img decoding=\"async\" width=\"2528\" height=\"1696\" data-wp-class--hide=\"state.isContentHidden\" data-wp-class--show=\"state.isContentVisible\" data-wp-init=\"callbacks.setButtonStyles\" data-wp-on--click=\"actions.showLightbox\" data-wp-on--load=\"callbacks.setButtonStyles\" data-wp-on--pointerdown=\"actions.preloadImage\" data-wp-on--pointerenter=\"actions.preloadImageWithDelay\" data-wp-on--pointerleave=\"actions.cancelPreload\" data-wp-on-window--resize=\"callbacks.setButtonStyles\" src=\"https:\/\/loudavymkrokem.cz\/wp-content\/uploads\/2026\/08\/22-4.jpg\" alt=\"K\u00e9k Z\u00e1szl\u00f3s strand Quercianell\u00e1ban Livorno k\u00f6zel\u00e9ben\" class=\"wp-image-393922\" title=\"\" srcset=\"https:\/\/loudavymkrokem.cz\/wp-content\/uploads\/2026\/08\/22-4.jpg 2528w, https:\/\/loudavymkrokem.cz\/wp-content\/uploads\/2026\/08\/22-4-300x201.jpg 300w, https:\/\/loudavymkrokem.cz\/wp-content\/uploads\/2026\/08\/22-4-700x470.jpg 700w, https:\/\/loudavymkrokem.cz\/wp-content\/uploads\/2026\/08\/22-4-768x515.jpg 768w, https:\/\/loudavymkrokem.cz\/wp-content\/uploads\/2026\/08\/22-4-1536x1030.jpg 1536w, https:\/\/loudavymkrokem.cz\/wp-content\/uploads\/2026\/08\/22-4-2048x1374.jpg 2048w, https:\/\/loudavymkrokem.cz\/wp-content\/uploads\/2026\/08\/22-4-696x467.jpg 696w, https:\/\/loudavymkrokem.cz\/wp-content\/uploads\/2026\/08\/22-4-1392x934.jpg 1392w, https:\/\/loudavymkrokem.cz\/wp-content\/uploads\/2026\/08\/22-4-1920x1288.jpg 1920w\" sizes=\"(max-width: 2528px) 100vw, 2528px\" \/><button\n\t\t\tclass=\"lightbox-trigger\"\n\t\t\ttype=\"button\"\n\t\t\taria-haspopup=\"dialog\"\n\t\t\tdata-wp-bind--aria-label=\"state.thisImage.triggerButtonAriaLabel\"\n\t\t\tdata-wp-init=\"callbacks.initTriggerButton\"\n\t\t\tdata-wp-on--click=\"actions.showLightbox\"\n\t\t\tdata-wp-style--right=\"state.thisImage.buttonRight\"\n\t\t\tdata-wp-style--top=\"state.thisImage.buttonTop\"\n\t\t>\n\t\t\t<svg xmlns=\"http:\/\/www.w3.org\/2000\/svg\" width=\"12\" height=\"12\" fill=\"none\" viewBox=\"0 0 12 12\">\n\t\t\t\t<path fill=\"#fff\" d=\"M2 0a2 2 0 0 0-2 2v2h1.5V2a.5.5 0 0 1 .5-.5h2V0H2Zm2 10.5H2a.5.5 0 0 1-.5-.5V8H0v2a2 2 0 0 0 2 2h2v-1.5ZM8 12v-1.5h2a.5.5 0 0 0 .5-.5V8H12v2a2 2 0 0 1-2 2H8Zm2-12a2 2 0 0 1 2 2v2h-1.5V2a.5.5 0 0 0-.5-.5H8V0h2Z\" \/>\n\t\t\t<\/svg>\n\t\t<\/button><figcaption class=\"wp-element-caption\">livorno-rr-22.jpg<\/figcaption><\/figure>\n\n\n\n<h3 class=\"wp-block-heading\"><span class=\"ez-toc-section\" id=\"18_Tengerjaro_hajok_megalloja_es_kompok\"><\/span>18. Tengerj\u00e1r\u00f3 haj\u00f3k meg\u00e1ll\u00f3ja \u00e9s kompok<span class=\"ez-toc-section-end\"><\/span><\/h3>\n\n\n\n<p class=\"wp-block-paragraph\">Livorno az orsz\u00e1g egyik abszol\u00fat legnagyobb \u00e9s legforgalmasabb kompkik\u00f6t\u0151je, \u00e9s minden nap emberek \u00f3ri\u00e1si t\u00f6mege indul innen \u00fatnak a nyaral\u00e1sra. Innen indulnak kompok <strong>Korzik\u00e1ra, Basti\u00e1ba, Szard\u00edni\u00e1ra, Olbia \u00e9s Golfo Aranci v\u00e1rosaiba, vagy a gy\u00f6ny\u00f6r\u0171 toszk\u00e1n szigetekre, Caprai\u00e1ra \u00e9s Gorgon\u00e1ra<\/strong>. A haj\u00f3k menetrendje, a konkr\u00e9t szolg\u00e1ltat\u00f3k \u00e9s a jegy\u00e1rak folyamatosan v\u00e1ltoznak a szezont\u00f3l f\u00fcgg\u0151en, ez\u00e9rt mindig kell\u0151 el\u0151rel\u00e1t\u00e1ssal keresd \u0151ket egyenesen a kik\u00f6t\u0151 hivatalos oldalain.<\/p>\n\n\n\n<p class=\"wp-block-paragraph\">Ugyanakkor a helyi kik\u00f6t\u0151 egy hatalmas termin\u00e1l a F\u00f6ldk\u00f6zi-tengert j\u00e1r\u00f3 gigantikus tengerj\u00e1r\u00f3 haj\u00f3knak is, amelyek itt rendszeresen tesznek partra ezer \u00e9s ezer turist\u00e1t. Ha egy ilyen \u00f3ri\u00e1si haj\u00f3n \u00e9rkezel ide, \u00e9s a sz\u00e1razf\u00f6ld felfedez\u00e9s\u00e9re csak p\u00e1r kiszabott \u00f3r\u00e1d van, j\u00f3 tan\u00e1csom: <strong>ne rohanj minden\u00e1ron a zs\u00fafolt Firenz\u00e9be<\/strong>.<\/p>\n\n\n\n<p class=\"wp-block-paragraph\">Az oda-vissza busz\u00fat megb\u00edzhat\u00f3an elvesz h\u00e1rom \u00f3r\u00e1t, \u00e9s Firenz\u00e9b\u0151l siet\u0151sen nem sokat \u00e9lsz \u00e1t. <strong>Maradj ink\u00e1bb egyenesen Livorn\u00f3ban<\/strong>, j\u00e1rd be nyugodtan a reggeli piacot, egy\u00e9l kiv\u00e1l\u00f3 street foodot a csatorn\u00e1kn\u00e1l, fot\u00f3zkodj a Terrazza Mascagnin, \u00e9s sokkal autentikusabb \u00e9s laz\u00e1bb \u00e9lm\u00e9nyed lesz It\u00e1li\u00e1b\u00f3l <strong>felesleges stressz n\u00e9lk\u00fcl<\/strong>.<\/p>\n\n\n\n<figure data-wp-context=\"{&quot;imageId&quot;:&quot;6a95408d86421&quot;}\" data-wp-interactive=\"core\/image\" data-wp-key=\"6a95408d86421\" class=\"wp-block-image size-full wp-lightbox-container\"><img decoding=\"async\" width=\"1920\" height=\"1280\" data-wp-class--hide=\"state.isContentHidden\" data-wp-class--show=\"state.isContentVisible\" data-wp-init=\"callbacks.setButtonStyles\" data-wp-on--click=\"actions.showLightbox\" data-wp-on--load=\"callbacks.setButtonStyles\" data-wp-on--pointerdown=\"actions.preloadImage\" data-wp-on--pointerenter=\"actions.preloadImageWithDelay\" data-wp-on--pointerleave=\"actions.cancelPreload\" data-wp-on-window--resize=\"callbacks.setButtonStyles\" src=\"https:\/\/loudavymkrokem.cz\/wp-content\/uploads\/2026\/08\/livorno-trajekt.jpg\" alt=\"A livorn\u00f3i kompkik\u00f6t\u0151, ahonnan Korzik\u00e1ra \u00e9s Szard\u00edni\u00e1ra indulnak a haj\u00f3k\" class=\"wp-image-382865\" title=\"\" srcset=\"https:\/\/loudavymkrokem.cz\/wp-content\/uploads\/2026\/08\/livorno-trajekt.jpg 1920w, https:\/\/loudavymkrokem.cz\/wp-content\/uploads\/2026\/08\/livorno-trajekt-300x200.jpg 300w, https:\/\/loudavymkrokem.cz\/wp-content\/uploads\/2026\/08\/livorno-trajekt-700x467.jpg 700w, https:\/\/loudavymkrokem.cz\/wp-content\/uploads\/2026\/08\/livorno-trajekt-768x512.jpg 768w, https:\/\/loudavymkrokem.cz\/wp-content\/uploads\/2026\/08\/livorno-trajekt-1536x1024.jpg 1536w, https:\/\/loudavymkrokem.cz\/wp-content\/uploads\/2026\/08\/livorno-trajekt-696x464.jpg 696w, https:\/\/loudavymkrokem.cz\/wp-content\/uploads\/2026\/08\/livorno-trajekt-1392x928.jpg 1392w\" sizes=\"(max-width: 1920px) 100vw, 1920px\" \/><button\n\t\t\tclass=\"lightbox-trigger\"\n\t\t\ttype=\"button\"\n\t\t\taria-haspopup=\"dialog\"\n\t\t\tdata-wp-bind--aria-label=\"state.thisImage.triggerButtonAriaLabel\"\n\t\t\tdata-wp-init=\"callbacks.initTriggerButton\"\n\t\t\tdata-wp-on--click=\"actions.showLightbox\"\n\t\t\tdata-wp-style--right=\"state.thisImage.buttonRight\"\n\t\t\tdata-wp-style--top=\"state.thisImage.buttonTop\"\n\t\t>\n\t\t\t<svg xmlns=\"http:\/\/www.w3.org\/2000\/svg\" width=\"12\" height=\"12\" fill=\"none\" viewBox=\"0 0 12 12\">\n\t\t\t\t<path fill=\"#fff\" d=\"M2 0a2 2 0 0 0-2 2v2h1.5V2a.5.5 0 0 1 .5-.5h2V0H2Zm2 10.5H2a.5.5 0 0 1-.5-.5V8H0v2a2 2 0 0 0 2 2h2v-1.5ZM8 12v-1.5h2a.5.5 0 0 0 .5-.5V8H12v2a2 2 0 0 1-2 2H8Zm2-12a2 2 0 0 1 2 2v2h-1.5V2a.5.5 0 0 0-.5-.5H8V0h2Z\" \/>\n\t\t\t<\/svg>\n\t\t<\/button><figcaption class=\"wp-element-caption\">Foto: Piergiuliano Chesi \/ Wikimedia Commons, CC BY 3.0<\/figcaption><\/figure>\n\n\n\n<h2 class=\"wp-block-heading\"><span class=\"ez-toc-section\" id=\"Hova_tovabb_Livornobol\"><\/span>Hova tov\u00e1bb Livorn\u00f3b\u00f3l<span class=\"ez-toc-section-end\"><\/span><\/h2>\n\n\n\n<p class=\"wp-block-paragraph\">Ha Livorn\u00f3ban van a b\u00e1zisod, \u00e9s <strong>kir\u00e1ndul\u00e1sokra szeretn\u00e9l indulni a k\u00f6rny\u00e9kre<\/strong>, a vas\u00fati \u00f6sszek\u00f6ttet\u00e9s itt teljesen fantasztikus. A szomsz\u00e9dos Pis\u00e1ba <strong>p\u00e1r perc alatt<\/strong> eljutsz, \u00e9s kipip\u00e1lhatod a vil\u00e1gh\u00edr\u0171 tornyot az \u00fatmutat\u00f3nkkal: <a href=\"https:\/\/loudavymkrokem.cz\/hu\/pisa-olaszorszag-latnivalok\/\">Pisa: 37 tipp, mit l\u00e1ss \u00e9s mit csin\u00e1lj<\/a>. Onnan m\u00e1r csak egy ugr\u00e1s a k\u00f6vetkez\u0151 gy\u00f6ngyszemekhez, inspir\u00e1ci\u00f3t a <a href=\"https:\/\/loudavymkrokem.cz\/hu\/firenze-olaszorszag-latnivalok\/\">Firenze: 30 tipp, mit l\u00e1ss a renesz\u00e1nsz b\u00f6lcs\u0151j\u00e9ben<\/a> cikkben tal\u00e1lsz.<\/p>\n\n\n\n<p class=\"wp-block-paragraph\">Azoknak, akik m\u00e9lyebben szeretn\u00e9k felfedezni az eg\u00e9sz r\u00e9gi\u00f3t, \u00e9s a <strong>legkisebb dombtet\u0151i falvakat<\/strong> sem akarj\u00e1k kihagyni, aj\u00e1nlom, hogy tanulm\u00e1nyozz\u00e1tok \u00e1t a teljes <a href=\"https:\/\/loudavymkrokem.cz\/hu\/toszkana-olaszorszag-legszebb-helyek\/\">Toszk\u00e1na: a 30 legszebb hely \u00e9s 7 napos \u00fatiterv<\/a> cikk\u00fcnket. \u00c9s ha elvar\u00e1zsolt a <strong>k\u00f6z\u00e9pkori \u00e9p\u00edt\u00e9szet<\/strong>, mindenk\u00e9pp ne hagyd ki a <a href=\"https:\/\/loudavymkrokem.cz\/hu\/toszkana-latnivalok-siena\/\">Siena \u00e9s San Gimignano: 8 tipp, mit l\u00e1ss<\/a> cikket.<\/p>\n\n\n\n<p class=\"wp-block-paragraph\">Mivel Livorn\u00f3b\u00f3l <strong>kompok indulnak<\/strong> Eur\u00f3pa egyik legszebb sziget\u00e9re, tal\u00e1n j\u00f3l j\u00f6n a <a href=\"https:\/\/loudavymkrokem.cz\/hu\/hogyan-juss-szardiniara\/\">Hogyan juss el Szard\u00edni\u00e1ra: komp, rep\u00fcl\u0151 \u00e9s k\u00f6zleked\u00e9s<\/a> cikk, \u00e9s hozz\u00e1 r\u00f6gt\u00f6n a <a href=\"https:\/\/loudavymkrokem.cz\/hu\/szardinia-latnivaloi-tippek\/\">Szard\u00ednia nyaral\u00e1s: 25 tipp, mit l\u00e1ss \u00e9s mit csin\u00e1lj<\/a>. <strong>Az \u00e9telszerelmeseknek<\/strong> pedig ott az \u00e1ltal\u00e1nosabb \u00e1ttekint\u00e9s\u00fcnk, az <a href=\"https:\/\/loudavymkrokem.cz\/hu\/olasz-konyha-regiok\/\">Olasz konyha: mit k\u00f3stolj r\u00e9gi\u00f3r\u00f3l r\u00e9gi\u00f3ra<\/a>, vagy a tippek: <a href=\"https:\/\/loudavymkrokem.cz\/hu\/olaszorszag-nyaralas-legszebb-helyek\/\">Hova menj nyaralni Olaszorsz\u00e1gban: a 20 legjobb hely<\/a>.<\/p>\n\n\n\n<h2 class=\"wp-block-heading\"><span class=\"ez-toc-section\" id=\"Gyakran_ismetelt_kerdesek\"><\/span>Gyakran ism\u00e9telt k\u00e9rd\u00e9sek<span class=\"ez-toc-section-end\"><\/span><\/h2>\n\n\n<div id=\"rank-math-faq\" class=\"rank-math-block\">\n<div class=\"rank-math-list \">\n<div id=\"faq-question-1786374844000\" class=\"rank-math-list-item\">\n<h3 class=\"rank-math-question \"><span class=\"ez-toc-section\" id=\"Megeri_egyaltalan_ellatogatni_Livornoba\"><\/span>Meg\u00e9ri egy\u00e1ltal\u00e1n ell\u00e1togatni Livorn\u00f3ba?<span class=\"ez-toc-section-end\"><\/span><\/h3>\n<div class=\"rank-math-answer \">\n\n<p>Hat\u00e1rozottan igen, de tudni kell, mire sz\u00e1m\u00edthatunk el\u0151re. Nem egy csiszolt renesz\u00e1nsz skanzen, mint m\u00e1s toszk\u00e1n v\u00e1rosok, hanem egy nagyon \u00e9l\u00e9nk, kiss\u00e9 nyers kik\u00f6t\u0151 leny\u0171g\u00f6z\u0151 veg\u00e1n street food-dal, gy\u00f6ny\u00f6r\u0171 tengerparttal \u00e9s egyedi hangulattal. Aki autentikus Olaszorsz\u00e1got keres csillog\u00e1s \u00e9s turistat\u00f6megek n\u00e9lk\u00fcl, az teljesen el lesz ragadtatva Livorn\u00f3t\u00f3l, \u00e9s vissza fog akarni t\u00e9rni ide.<\/p>\n\n<\/div>\n<\/div>\n<div id=\"faq-question-1786374844001\" class=\"rank-math-list-item\">\n<h3 class=\"rank-math-question \"><span class=\"ez-toc-section\" id=\"Hogyan_lehet_eljutni_Livornobol_Firenzebe_es_Pisaba\"><\/span>Hogyan lehet eljutni Livorn\u00f3b\u00f3l Firenz\u00e9be \u00e9s Pis\u00e1ba?<span class=\"ez-toc-section-end\"><\/span><\/h3>\n<div class=\"rank-math-answer \">\n\n<p>A leggyorsabb \u00e9s messze legk\u00e9nyelmesebb \u00fat egy\u00e9rtelm\u0171en a vonattal val\u00f3 utaz\u00e1s. A Livorno Centrale f\u0151p\u00e1lyaudvar nagyon gyakori \u00e9s k\u00f6zvetlen j\u00e1ratokat k\u00edn\u00e1l eg\u00e9sz nap. Pis\u00e1ba k\u00f6r\u00fclbel\u00fcl 15-20 perc alatt \u00e9rhet oda, Firenze k\u00f6zpontj\u00e1ba val\u00f3 utaz\u00e1s pedig nagyj\u00e1b\u00f3l m\u00e1sf\u00e9l \u00f3r\u00e1t vesz ig\u00e9nybe, att\u00f3l f\u00fcgg\u0151en, hogy milyen t\u00edpus\u00fa vonatot v\u00e1laszt az \u00fatj\u00e1hoz.<\/p>\n\n<\/div>\n<\/div>\n<div id=\"faq-question-1786374844002\" class=\"rank-math-list-item\">\n<h3 class=\"rank-math-question \"><span class=\"ez-toc-section\" id=\"Hol_lehet_Livornoban_furdeni\"><\/span>Hol lehet Livorn\u00f3ban f\u00fcrdeni?<span class=\"ez-toc-section-end\"><\/span><\/h3>\n<div class=\"rank-math-answer \">\n\n<p>K\u00f6zvetlen\u00fcl a v\u00e1rosk\u00f6zpontban ne sz\u00e1m\u00edtson nagy homokos strandokra, a part ink\u00e1bb nagyon szikl\u00e1s. Ha magasb\u00f3l szeretne v\u00edzbe ugrani, l\u00e1togasson el a n\u00e9pszer\u0171 Calafuria szikl\u00e1khoz. Nyugodtabb \u00f6bl\u00f6k\u00e9rt \u00e9s tiszta kavicsok\u00e9rt utazzon k\u00f6r\u00fclbel\u00fcl 10 kilom\u00e9terre d\u00e9lre a fest\u0151i Quercianell\u00e1ba, homok\u00e9rt pedig \u00e9szak fel\u00e9 a Calambrone strandra, amely kiv\u00e1l\u00f3 kisgyermekek sz\u00e1m\u00e1ra.<\/p>\n\n<\/div>\n<\/div>\n<div id=\"faq-question-1786374844003\" class=\"rank-math-list-item\">\n<h3 class=\"rank-math-question \"><span class=\"ez-toc-section\" id=\"A_tengerjaro_hajorol_kimenjek_a_varosba_vagy_utazzak_Firenzebe\"><\/span>A tengerj\u00e1r\u00f3 haj\u00f3r\u00f3l kimenjek a v\u00e1rosba, vagy utazzak Firenz\u00e9be?<span class=\"ez-toc-section-end\"><\/span><\/h3>\n<div class=\"rank-math-answer \">\n\n<p>Att\u00f3l f\u00fcgg, val\u00f3j\u00e1ban mennyi ideje van. Ha a haj\u00f3 csak f\u00e9l napra horgonyoz, a firenzei utaz\u00e1s (m\u00e1sf\u00e9l \u00f3ra oda \u00e9s ugyanannyi vissza) borzaszt\u00f3an kimer\u00edt\u0151 lesz, \u00e9s csak hihetetlen t\u00f6megeket \u00e9s stresszt fog l\u00e1tni bel\u0151le. Ebben az esetben jobb, ha Livorn\u00f3ban marad, s\u00e9t\u00e1ljon a piacon, a t\u00f6rt\u00e9nelmi csatorn\u00e1kon, \u00e9s egyen egy kiv\u00e1l\u00f3 eb\u00e9det k\u00f6zvetlen\u00fcl a v\u00edz mellett.<\/p>\n\n<\/div>\n<\/div>\n<div id=\"faq-question-1786374844004\" class=\"rank-math-list-item\">\n<h3 class=\"rank-math-question \"><span class=\"ez-toc-section\" id=\"Mit_kell_megkostolni_Livornoban\"><\/span>Mit kell megk\u00f3stolni Livorn\u00f3ban?<span class=\"ez-toc-section-end\"><\/span><\/h3>\n<div class=\"rank-math-answer \">\n\n<p>Mindenk\u00e9ppen ki kell pr\u00f3b\u00e1lnia a helyi h\u00edres veg\u00e1n street food-ot, amely a csicseribors\u00f3lisztb\u0151l k\u00e9sz\u00fclt csod\u00e1latos torta di ceci lep\u00e9ny \u00e9s az ebb\u0151l k\u00e9sz\u00edtett 5 e 5 nev\u0171 szendvics. Ha eszik halat, a tipikus helyi k\u00fcl\u00f6nlegess\u00e9g az er\u0151teljes halguly\u00e1s, a cacciucco, amelyet hagyom\u00e1nyosan \u00f6t fajta tengeri halb\u00f3l f\u0151znek er\u0151s paradicsomsz\u00f3szban fokhagym\u00e1s keny\u00e9rrel.<\/p>\n\n<\/div>\n<\/div>\n<div id=\"faq-question-1786374844005\" class=\"rank-math-list-item\">\n<h3 class=\"rank-math-question \"><span class=\"ez-toc-section\" id=\"Hany_nap_eleg_Livornora\"><\/span>H\u00e1ny nap el\u00e9g Livorn\u00f3ra?<span class=\"ez-toc-section-end\"><\/span><\/h3>\n<div class=\"rank-math-answer \">\n\n<p>Mag\u00e1nak a t\u00f6rt\u00e9nelmi k\u00f6zpontnak a megtekint\u00e9s\u00e9hez, a reggeli piachoz, a Venezia Nuova csatorn\u00e1kon val\u00f3 haj\u00f3k\u00e1z\u00e1shoz \u00e9s egy fot\u00f3hoz a Terrazze Masagnin\u00e1l k\u00e9nyelmesen el\u00e9g f\u00e9l nap vagy egy nap. Ha azonban ehhez hozz\u00e1 szeretn\u00e9 adni a szikl\u00e1kon val\u00f3 f\u00fcrd\u00e9st \u00e9s a Costa degli Etruschi part menti kir\u00e1ndul\u00e1sokat, nyugodtan elt\u00f6lthet itt probl\u00e9mamentesen k\u00e9t-h\u00e1rom napot tele nyugalommal.<\/p>\n\n<\/div>\n<\/div>\n<div id=\"faq-question-1786374844006\" class=\"rank-math-list-item\">\n<h3 class=\"rank-math-question \"><span class=\"ez-toc-section\" id=\"Hol_a_legjobb_aludni_Livornoban\"><\/span>Hol a legjobb aludni Livorn\u00f3ban?<span class=\"ez-toc-section-end\"><\/span><\/h3>\n<div class=\"rank-math-answer \">\n\n<p>A sz\u00e1ll\u00e1st \u00f3vatosan v\u00e1lassza, \u00e9s olvassa el az aktu\u00e1lis \u00e9rt\u00e9kel\u00e9seket, a hotelk\u00edn\u00e1lat nem \u00e9ri el azt a min\u0151s\u00e9get, mint Toszk\u00e1na turisztikai k\u00f6zpontjaiban. Sok utaz\u00f3 ez\u00e9rt Pis\u00e1ban vagy Lucc\u00e1ban v\u00e1laszt sz\u00e1ll\u00e1st, \u00e9s Livorn\u00f3ba csak kir\u00e1ndulni j\u00f6nnek. Ha a tenger mellett szeretne aludni, pr\u00f3b\u00e1lja meg a jobban \u00e9rt\u00e9kelt Hotel Universalt medenc\u00e9vel vagy a n\u00e9pszer\u0171 Hotel Rexet.<\/p>\n\n<\/div>\n<\/div>\n<div id=\"faq-question-1786374844007\" class=\"rank-math-list-item\">\n<h3 class=\"rank-math-question \"><span class=\"ez-toc-section\" id=\"Meg_lehet_valahol_nezni_azokat_a_hamis_Modigliani-fejeket\"><\/span>Meg lehet valahol n\u00e9zni azokat a hamis Modigliani-fejeket?<span class=\"ez-toc-section-end\"><\/span><\/h3>\n<div class=\"rank-math-answer \">\n\n<p>Igen, a v\u00e1ros ebb\u0151l az 1984-es hatalmas sz\u00e9gyenb\u0151l v\u00e9g\u00fcl okosan csin\u00e1lt egyfajta sz\u00f3rakoztat\u00f3 turisztikai l\u00e1tv\u00e1nyoss\u00e1got. A h\u00e1rom hamis k\u0151fejet, amelyeket akkoriban helyi di\u00e1kok k\u00e9sz\u00edtettek egy k\u00f6z\u00f6ns\u00e9ges f\u00far\u00f3val, \u00e9s becsapt\u00e1k vel\u00fck a m\u0171v\u00e9szeti kritikusokat az eg\u00e9sz vil\u00e1gb\u00f3l, Livorn\u00f3ban a mai napig b\u00fcszk\u00e9n ki\u00e1ll\u00edtj\u00e1k ennek a teljesen bizarr t\u00f6rt\u00e9nelmi esem\u00e9nynek az eml\u00e9kek\u00e9nt.<\/p>\n\n<\/div>\n<\/div>\n<\/div>\n<\/div>","protected":false},"excerpt":{"rendered":"<p>Fedezd fel Livorn\u00f3t, Olaszorsz\u00e1got m\u00e1sk\u00e9pp, mint egy kompmeg\u00e1ll\u00f3t, k\u00f3stold meg a t\u00f6k\u00e9letes street foodot, \u00e9s j\u00e1rd be a legszebb szikl\u00e1s strandokat.<\/p>\n","protected":false},"author":3,"featured_media":382864,"comment_status":"open","ping_status":"open","sticky":false,"template":"","format":"standard","meta":{"_acf_changed":false,"footnotes":"","rank_math_title":"Livorno, Olaszorsz\u00e1g: 18 tipp, strandok \u00e9s street food","rank_math_description":"Livorno, Olaszorsz\u00e1g 18 tippje: mit l\u00e1ss, a legjobb szikl\u00e1s strandok \u00e9s a veg\u00e1n street food. Fedezd fel a kompmeg\u00e1ll\u00f3n t\u00fal a val\u00f3di v\u00e1rost \u2013 olvass tov\u00e1bb!","rank_math_focus_keyword":"livorno olaszorsz\u00e1g","rank_math_seo_score":""},"categories":[1804,1827,1788],"tags":[],"class_list":["post-409190","post","type-post","status-publish","format-standard","has-post-thumbnail","category-europa","category-olaszorszag","category-utazas"],"acf":[],"featured_image_src":"https:\/\/loudavymkrokem.cz\/wp-content\/uploads\/2026\/08\/livorno-featured.jpg","author_info":{"display_name":"Lucie Kone\u010dn\u00e1","author_link":"https:\/\/loudavymkrokem.cz\/hu\/author\/lucie-konecna\/"},"_links":{"self":[{"href":"https:\/\/loudavymkrokem.cz\/hu\/wp-json\/wp\/v2\/posts\/409190","targetHints":{"allow":["GET"]}}],"collection":[{"href":"https:\/\/loudavymkrokem.cz\/hu\/wp-json\/wp\/v2\/posts"}],"about":[{"href":"https:\/\/loudavymkrokem.cz\/hu\/wp-json\/wp\/v2\/types\/post"}],"author":[{"embeddable":true,"href":"https:\/\/loudavymkrokem.cz\/hu\/wp-json\/wp\/v2\/users\/3"}],"replies":[{"embeddable":true,"href":"https:\/\/loudavymkrokem.cz\/hu\/wp-json\/wp\/v2\/comments?post=409190"}],"version-history":[{"count":2,"href":"https:\/\/loudavymkrokem.cz\/hu\/wp-json\/wp\/v2\/posts\/409190\/revisions"}],"predecessor-version":[{"id":409192,"href":"https:\/\/loudavymkrokem.cz\/hu\/wp-json\/wp\/v2\/posts\/409190\/revisions\/409192"}],"wp:featuredmedia":[{"embeddable":true,"href":"https:\/\/loudavymkrokem.cz\/hu\/wp-json\/wp\/v2\/media\/382864"}],"wp:attachment":[{"href":"https:\/\/loudavymkrokem.cz\/hu\/wp-json\/wp\/v2\/media?parent=409190"}],"wp:term":[{"taxonomy":"category","embeddable":true,"href":"https:\/\/loudavymkrokem.cz\/hu\/wp-json\/wp\/v2\/categories?post=409190"},{"taxonomy":"post_tag","embeddable":true,"href":"https:\/\/loudavymkrokem.cz\/hu\/wp-json\/wp\/v2\/tags?post=409190"}],"curies":[{"name":"wp","href":"https:\/\/api.w.org\/{rel}","templated":true}]}}