{"id":409180,"date":"2026-08-29T20:24:18","date_gmt":"2026-08-29T18:24:18","guid":{"rendered":"https:\/\/loudavymkrokem.cz\/tartu-esztorszag-latnivalok\/"},"modified":"2026-08-31T08:21:41","modified_gmt":"2026-08-31T06:21:41","slug":"tartu-esztorszag-latnivalok","status":"publish","type":"post","link":"https:\/\/loudavymkrokem.cz\/hu\/tartu-esztorszag-latnivalok\/","title":{"rendered":"Tartu, \u00c9sztorsz\u00e1g: 12 tipp, mit n\u00e9zz meg a di\u00e1kv\u00e1rosban 2026-ban"},"content":{"rendered":"\n<p class=\"wp-block-paragraph\">M\u00edg Tallinnt napk\u00f6zben gyakran ellepik a tengerj\u00e1r\u00f3kr\u00f3l \u00e9rkez\u0151 turist\u00e1k t\u00f6megei, Tartu eg\u00e9szen m\u00e1s ritmusban \u00e9l. Ez a <strong>Tartu, \u00c9sztorsz\u00e1g m\u00e1sodik legnagyobb v\u00e1rosa<\/strong>, nagyj\u00e1b\u00f3l k\u00e9t \u00f3ra \u00fatra d\u00e9lre fekszik, \u00e9s els\u0151sorban a di\u00e1kok\u00e9. Sokkal laz\u00e1bb hangulat fogad itt, amely azonnal mag\u00e1val ragad a maga nyugodt temp\u00f3j\u00e1val.<\/p>\n\n\n\n<p class=\"wp-block-paragraph\">A j\u00f3 gondolatok v\u00e1ros\u00e1nak h\u00edvj\u00e1k, \u00e9s a helyi egyetem, amelyet <strong>m\u00e1r 1632-ben alap\u00edtottak<\/strong>, val\u00f3ban az orsz\u00e1g szellemi sz\u00edv\u00e9v\u00e9 teszi. Turist\u00e1k nem nagyon zar\u00e1ndokolnak ide, de sok utaz\u00f3 szerint \u00e9pp ez\u00e9rt ann\u00e1l autentikusabb \u00e9lm\u00e9ny v\u00e1r r\u00e1d. Nincs ugyanis hi\u00e1ny remek k\u00e1v\u00e9z\u00f3kban, gy\u00f6ny\u00f6r\u0171 parkokban \u00e9s \u00fcde \u00e9p\u00edt\u00e9szetben.<\/p>\n\n\n\n<p class=\"wp-block-paragraph\">Adok neked <strong>12 tippet<\/strong>, hogy mit ne hagyj ki a v\u00e1rosban \u2014 a kreat\u00edv bels\u0151 udvarok k\u00e1v\u00e9z\u00f3it\u00f3l eg\u00e9szen egy m\u00fazeumig, amely garant\u00e1ltan le\u00fcltet. \u00c9s azt is el\u00e1rulom, hogyan juss el ide a legjobban, <strong>mennyi id\u0151t sz\u00e1nj a v\u00e1rosn\u00e9z\u00e9sre<\/strong>, \u00e9s hol sz\u00e1llj meg strat\u00e9giailag, hogy minden sz\u00e9pen k\u00e9zn\u00e9l legyen.<\/p>\n\n\n\n<figure data-wp-context=\"{&quot;imageId&quot;:&quot;6a953aa8dabc6&quot;}\" data-wp-interactive=\"core\/image\" data-wp-key=\"6a953aa8dabc6\" class=\"wp-block-image size-full wp-lightbox-container\"><img decoding=\"async\" width=\"1800\" height=\"872\" data-wp-class--hide=\"state.isContentHidden\" data-wp-class--show=\"state.isContentVisible\" data-wp-init=\"callbacks.setButtonStyles\" data-wp-on--click=\"actions.showLightbox\" data-wp-on--load=\"callbacks.setButtonStyles\" data-wp-on--pointerdown=\"actions.preloadImage\" data-wp-on--pointerenter=\"actions.preloadImageWithDelay\" data-wp-on--pointerleave=\"actions.cancelPreload\" data-wp-on-window--resize=\"callbacks.setButtonStyles\" src=\"https:\/\/loudavymkrokem.cz\/wp-content\/uploads\/2026\/07\/estonsko-clanky-tartu-co-videt-01.jpg\" alt=\"A tartui v\u00e1rosh\u00e1za t\u00e9r\" class=\"wp-image-350586\" title=\"\" srcset=\"https:\/\/loudavymkrokem.cz\/wp-content\/uploads\/2026\/07\/estonsko-clanky-tartu-co-videt-01.jpg 1800w, https:\/\/loudavymkrokem.cz\/wp-content\/uploads\/2026\/07\/estonsko-clanky-tartu-co-videt-01-300x145.jpg 300w, https:\/\/loudavymkrokem.cz\/wp-content\/uploads\/2026\/07\/estonsko-clanky-tartu-co-videt-01-700x339.jpg 700w, https:\/\/loudavymkrokem.cz\/wp-content\/uploads\/2026\/07\/estonsko-clanky-tartu-co-videt-01-768x372.jpg 768w, https:\/\/loudavymkrokem.cz\/wp-content\/uploads\/2026\/07\/estonsko-clanky-tartu-co-videt-01-1536x744.jpg 1536w, https:\/\/loudavymkrokem.cz\/wp-content\/uploads\/2026\/07\/estonsko-clanky-tartu-co-videt-01-696x337.jpg 696w, https:\/\/loudavymkrokem.cz\/wp-content\/uploads\/2026\/07\/estonsko-clanky-tartu-co-videt-01-1392x674.jpg 1392w\" sizes=\"(max-width: 1800px) 100vw, 1800px\" \/><button\n\t\t\tclass=\"lightbox-trigger\"\n\t\t\ttype=\"button\"\n\t\t\taria-haspopup=\"dialog\"\n\t\t\tdata-wp-bind--aria-label=\"state.thisImage.triggerButtonAriaLabel\"\n\t\t\tdata-wp-init=\"callbacks.initTriggerButton\"\n\t\t\tdata-wp-on--click=\"actions.showLightbox\"\n\t\t\tdata-wp-style--right=\"state.thisImage.buttonRight\"\n\t\t\tdata-wp-style--top=\"state.thisImage.buttonTop\"\n\t\t>\n\t\t\t<svg xmlns=\"http:\/\/www.w3.org\/2000\/svg\" width=\"12\" height=\"12\" fill=\"none\" viewBox=\"0 0 12 12\">\n\t\t\t\t<path fill=\"#fff\" d=\"M2 0a2 2 0 0 0-2 2v2h1.5V2a.5.5 0 0 1 .5-.5h2V0H2Zm2 10.5H2a.5.5 0 0 1-.5-.5V8H0v2a2 2 0 0 0 2 2h2v-1.5ZM8 12v-1.5h2a.5.5 0 0 0 .5-.5V8H12v2a2 2 0 0 1-2 2H8Zm2-12a2 2 0 0 1 2 2v2h-1.5V2a.5.5 0 0 0-.5-.5H8V0h2Z\" \/>\n\t\t\t<\/svg>\n\t\t<\/button><figcaption class=\"wp-element-caption\">Foto: Cayambe \/ Wikimedia Commons, CC BY-SA 4.0<\/figcaption><\/figure>\n\n\n\n<div id=\"ez-toc-container\" class=\"ez-toc-v2_0_86 ez-toc-wrap-left counter-hierarchy ez-toc-counter ez-toc-grey ez-toc-container-direction\">\n<div class=\"ez-toc-title-container\">\n<p class=\"ez-toc-title\" style=\"cursor:inherit\">A cikk tartalma<\/p>\n<span class=\"ez-toc-title-toggle\"><a href=\"#\" class=\"ez-toc-pull-right ez-toc-btn ez-toc-btn-xs ez-toc-btn-default ez-toc-toggle\" aria-label=\"Toggle Table of Content\"><span class=\"ez-toc-js-icon-con\"><span class=\"\"><span class=\"eztoc-hide\" style=\"display:none;\">Toggle<\/span><span class=\"ez-toc-icon-toggle-span\"><svg style=\"fill: #999;color:#999\" xmlns=\"http:\/\/www.w3.org\/2000\/svg\" class=\"list-377408\" width=\"20px\" height=\"20px\" viewBox=\"0 0 24 24\" fill=\"none\"><path d=\"M6 6H4v2h2V6zm14 0H8v2h12V6zM4 11h2v2H4v-2zm16 0H8v2h12v-2zM4 16h2v2H4v-2zm16 0H8v2h12v-2z\" fill=\"currentColor\"><\/path><\/svg><svg style=\"fill: #999;color:#999\" class=\"arrow-unsorted-368013\" xmlns=\"http:\/\/www.w3.org\/2000\/svg\" width=\"10px\" height=\"10px\" viewBox=\"0 0 24 24\" version=\"1.2\" baseProfile=\"tiny\"><path d=\"M18.2 9.3l-6.2-6.3-6.2 6.3c-.2.2-.3.4-.3.7s.1.5.3.7c.2.2.4.3.7.3h11c.3 0 .5-.1.7-.3.2-.2.3-.5.3-.7s-.1-.5-.3-.7zM5.8 14.7l6.2 6.3 6.2-6.3c.2-.2.3-.5.3-.7s-.1-.5-.3-.7c-.2-.2-.4-.3-.7-.3h-11c-.3 0-.5.1-.7.3-.2.2-.3.5-.3.7s.1.5.3.7z\"\/><\/svg><\/span><\/span><\/span><\/a><\/span><\/div>\n<nav><ul class='ez-toc-list ez-toc-list-level-1 ' ><ul class='ez-toc-list-level-3' ><li class='ez-toc-heading-level-3'><a class=\"ez-toc-link ez-toc-heading-1\" href=\"https:\/\/loudavymkrokem.cz\/hu\/tartu-esztorszag-latnivalok\/#Osszefoglalas\" >\u00d6sszefoglal\u00e1s<\/a><\/li><\/ul><\/li><li class='ez-toc-page-1 ez-toc-heading-level-2'><a class=\"ez-toc-link ez-toc-heading-2\" href=\"https:\/\/loudavymkrokem.cz\/hu\/tartu-esztorszag-latnivalok\/#Mikor_erdemes_Tartuba_menni\" >Mikor \u00e9rdemes Tartuba menni<\/a><\/li><li class='ez-toc-page-1 ez-toc-heading-level-2'><a class=\"ez-toc-link ez-toc-heading-3\" href=\"https:\/\/loudavymkrokem.cz\/hu\/tartu-esztorszag-latnivalok\/#Hogyan_juss_el_Tartuba\" >Hogyan juss el Tartuba<\/a><\/li><li class='ez-toc-page-1 ez-toc-heading-level-2'><a class=\"ez-toc-link ez-toc-heading-4\" href=\"https:\/\/loudavymkrokem.cz\/hu\/tartu-esztorszag-latnivalok\/#Hol_szallj_meg_Tartuban\" >Hol sz\u00e1llj meg Tartuban<\/a><\/li><li class='ez-toc-page-1 ez-toc-heading-level-2'><a class=\"ez-toc-link ez-toc-heading-5\" href=\"https:\/\/loudavymkrokem.cz\/hu\/tartu-esztorszag-latnivalok\/#12_tipp_mit_nezz_meg_es_elj_at_Tartuban\" >12 tipp, mit n\u00e9zz meg \u00e9s \u00e9lj \u00e1t Tartuban<\/a><ul class='ez-toc-list-level-3' ><li class='ez-toc-heading-level-3'><a class=\"ez-toc-link ez-toc-heading-6\" href=\"https:\/\/loudavymkrokem.cz\/hu\/tartu-esztorszag-latnivalok\/#1_A_varoshaza_ter_es_a_csokolozo_diakok_szokokutja\" >1. A v\u00e1rosh\u00e1za t\u00e9r \u00e9s a cs\u00f3kol\u00f3z\u00f3 di\u00e1kok sz\u00f6k\u0151k\u00fatja<\/a><\/li><li class='ez-toc-page-1 ez-toc-heading-level-3'><a class=\"ez-toc-link ez-toc-heading-7\" href=\"https:\/\/loudavymkrokem.cz\/hu\/tartu-esztorszag-latnivalok\/#2_Az_egyetem_foepulete_es_a_tortenelmi_karcer\" >2. Az egyetem f\u0151\u00e9p\u00fclete \u00e9s a t\u00f6rt\u00e9nelmi karcer<\/a><\/li><li class='ez-toc-page-1 ez-toc-heading-level-3'><a class=\"ez-toc-link ez-toc-heading-8\" href=\"https:\/\/loudavymkrokem.cz\/hu\/tartu-esztorszag-latnivalok\/#3_A_Toomemagi_domb_es_a_gotikus_katedralis_romjai\" >3. A Toomem\u00e4gi domb \u00e9s a g\u00f3tikus katedr\u00e1lis romjai<\/a><\/li><li class='ez-toc-page-1 ez-toc-heading-level-3'><a class=\"ez-toc-link ez-toc-heading-9\" href=\"https:\/\/loudavymkrokem.cz\/hu\/tartu-esztorszag-latnivalok\/#4_Az_Angyalhid_es_az_Ordoghid_tele_babonaval\" >4. Az Angyalh\u00edd \u00e9s az \u00d6rd\u00f6gh\u00edd tele babon\u00e1val<\/a><\/li><li class='ez-toc-page-1 ez-toc-heading-level-3'><a class=\"ez-toc-link ez-toc-heading-10\" href=\"https:\/\/loudavymkrokem.cz\/hu\/tartu-esztorszag-latnivalok\/#5_Az_AHHAA_tudomanyos_kozpont\" >5. Az AHHAA tudom\u00e1nyos k\u00f6zpont<\/a><\/li><li class='ez-toc-page-1 ez-toc-heading-level-3'><a class=\"ez-toc-link ez-toc-heading-11\" href=\"https:\/\/loudavymkrokem.cz\/hu\/tartu-esztorszag-latnivalok\/#6_Az_Eszt_Nemzeti_Muzeum_ERM\" >6. Az \u00c9szt Nemzeti M\u00fazeum (ERM)<\/a><\/li><li class='ez-toc-page-1 ez-toc-heading-level-3'><a class=\"ez-toc-link ez-toc-heading-12\" href=\"https:\/\/loudavymkrokem.cz\/hu\/tartu-esztorszag-latnivalok\/#7_A_fabol_epult_Supilinn_negyed_Levesvaros\" >7. A f\u00e1b\u00f3l \u00e9p\u00fclt Supilinn negyed (Levesv\u00e1ros)<\/a><\/li><li class='ez-toc-page-1 ez-toc-heading-level-3'><a class=\"ez-toc-link ez-toc-heading-13\" href=\"https:\/\/loudavymkrokem.cz\/hu\/tartu-esztorszag-latnivalok\/#8_Az_Aparaaditehas_kreativ_kozpont\" >8. Az Aparaaditehas kreat\u00edv k\u00f6zpont<\/a><\/li><li class='ez-toc-page-1 ez-toc-heading-level-3'><a class=\"ez-toc-link ez-toc-heading-14\" href=\"https:\/\/loudavymkrokem.cz\/hu\/tartu-esztorszag-latnivalok\/#9_Az_Emajogi_folyo_es_a_Kaarsild_ives_hid\" >9. Az Emaj\u00f5gi foly\u00f3 \u00e9s a Kaarsild \u00edves h\u00edd<\/a><\/li><li class='ez-toc-page-1 ez-toc-heading-level-3'><a class=\"ez-toc-link ez-toc-heading-15\" href=\"https:\/\/loudavymkrokem.cz\/hu\/tartu-esztorszag-latnivalok\/#10_Az_egyetem_botanikus_kertje\" >10. Az egyetem botanikus kertje<\/a><\/li><li class='ez-toc-page-1 ez-toc-heading-level-3'><a class=\"ez-toc-link ez-toc-heading-16\" href=\"https:\/\/loudavymkrokem.cz\/hu\/tartu-esztorszag-latnivalok\/#11_A_tartui_csillagvizsgalo_az_UNESCO_listajan\" >11. A tartui csillagvizsg\u00e1l\u00f3 az UNESCO list\u00e1j\u00e1n<\/a><\/li><li class='ez-toc-page-1 ez-toc-heading-level-3'><a class=\"ez-toc-link ez-toc-heading-17\" href=\"https:\/\/loudavymkrokem.cz\/hu\/tartu-esztorszag-latnivalok\/#12_Pussirohukelder_Loporraktar_rekordmagassagu_mennyezettel\" >12. P\u00fcssirohukelder (L\u0151porrakt\u00e1r) rekordmagass\u00e1g\u00fa mennyezettel<\/a><\/li><\/ul><\/li><li class='ez-toc-page-1 ez-toc-heading-level-2'><a class=\"ez-toc-link ez-toc-heading-18\" href=\"https:\/\/loudavymkrokem.cz\/hu\/tartu-esztorszag-latnivalok\/#Mi_maradt_Tartuban_Europa_kulturalis_fovarosabol\" >Mi maradt Tartuban Eur\u00f3pa kultur\u00e1lis f\u0151v\u00e1ros\u00e1b\u00f3l<\/a><\/li><li class='ez-toc-page-1 ez-toc-heading-level-2'><a class=\"ez-toc-link ez-toc-heading-19\" href=\"https:\/\/loudavymkrokem.cz\/hu\/tartu-esztorszag-latnivalok\/#Kirandulasok_Tartubol\" >Kir\u00e1ndul\u00e1sok Tartub\u00f3l<\/a><\/li><li class='ez-toc-page-1 ez-toc-heading-level-2'><a class=\"ez-toc-link ez-toc-heading-20\" href=\"https:\/\/loudavymkrokem.cz\/hu\/tartu-esztorszag-latnivalok\/#Hol_egyel\" >Hol egy\u00e9l<\/a><\/li><li class='ez-toc-page-1 ez-toc-heading-level-2'><a class=\"ez-toc-link ez-toc-heading-21\" href=\"https:\/\/loudavymkrokem.cz\/hu\/tartu-esztorszag-latnivalok\/#Merre_tovabb\" >Merre tov\u00e1bb<\/a><\/li><li class='ez-toc-page-1 ez-toc-heading-level-2'><a class=\"ez-toc-link ez-toc-heading-22\" href=\"https:\/\/loudavymkrokem.cz\/hu\/tartu-esztorszag-latnivalok\/#Gyakran_ismetelt_kerdesek\" >Gyakran ism\u00e9telt k\u00e9rd\u00e9sek<\/a><ul class='ez-toc-list-level-3' ><li class='ez-toc-heading-level-3'><a class=\"ez-toc-link ez-toc-heading-23\" href=\"https:\/\/loudavymkrokem.cz\/hu\/tartu-esztorszag-latnivalok\/#Megeri_egyaltalan_kirandulni_Tartuban\" >Meg\u00e9ri egy\u00e1ltal\u00e1n kir\u00e1ndulni Tartuban?<\/a><\/li><li class='ez-toc-page-1 ez-toc-heading-level-3'><a class=\"ez-toc-link ez-toc-heading-24\" href=\"https:\/\/loudavymkrokem.cz\/hu\/tartu-esztorszag-latnivalok\/#Hogyan_jutok_el_a_legjobban_Tallinnbol_Tartuba\" >Hogyan jutok el a legjobban Tallinnb\u00f3l Tartuba?<\/a><\/li><li class='ez-toc-page-1 ez-toc-heading-level-3'><a class=\"ez-toc-link ez-toc-heading-25\" href=\"https:\/\/loudavymkrokem.cz\/hu\/tartu-esztorszag-latnivalok\/#Hany_nap_eleg_a_megtekinteshez\" >H\u00e1ny nap el\u00e9g a megtekint\u00e9shez?<\/a><\/li><li class='ez-toc-page-1 ez-toc-heading-level-3'><a class=\"ez-toc-link ez-toc-heading-26\" href=\"https:\/\/loudavymkrokem.cz\/hu\/tartu-esztorszag-latnivalok\/#Mit_kell_feltetlenul_megneznem_Tartuban\" >Mit kell felt\u00e9tlen\u00fcl megn\u00e9znem Tartuban?<\/a><\/li><li class='ez-toc-page-1 ez-toc-heading-level-3'><a class=\"ez-toc-link ez-toc-heading-27\" href=\"https:\/\/loudavymkrokem.cz\/hu\/tartu-esztorszag-latnivalok\/#Az_AHHAA_tudomanyos_kozpont_alkalmas_gyerekeknek\" >Az AHHAA tudom\u00e1nyos k\u00f6zpont alkalmas gyerekeknek?<\/a><\/li><li class='ez-toc-page-1 ez-toc-heading-level-3'><a class=\"ez-toc-link ez-toc-heading-28\" href=\"https:\/\/loudavymkrokem.cz\/hu\/tartu-esztorszag-latnivalok\/#Mennyibe_kerul_korulbelul_a_belepo_a_fobb_muzeumokba\" >Mennyibe ker\u00fcl k\u00f6r\u00fclbel\u00fcl a bel\u00e9p\u0151 a f\u0151bb m\u00fazeumokba?<\/a><\/li><li class='ez-toc-page-1 ez-toc-heading-level-3'><a class=\"ez-toc-link ez-toc-heading-29\" href=\"https:\/\/loudavymkrokem.cz\/hu\/tartu-esztorszag-latnivalok\/#Mikor_a_legjobb_idoszak_a_latogatasra\" >Mikor a legjobb id\u0151szak a l\u00e1togat\u00e1sra?<\/a><\/li><li class='ez-toc-page-1 ez-toc-heading-level-3'><a class=\"ez-toc-link ez-toc-heading-30\" href=\"https:\/\/loudavymkrokem.cz\/hu\/tartu-esztorszag-latnivalok\/#Mi_maradt_a_varosban_az_Europa_Kulturalis_Fovarosa_cimbol\" >Mi maradt a v\u00e1rosban az Eur\u00f3pa Kultur\u00e1lis F\u0151v\u00e1rosa c\u00edmb\u0151l?<\/a><\/li><li class='ez-toc-page-1 ez-toc-heading-level-3'><a class=\"ez-toc-link ez-toc-heading-31\" href=\"https:\/\/loudavymkrokem.cz\/hu\/tartu-esztorszag-latnivalok\/#Hol_lehet_jol_es_olcson_enni\" >Hol lehet j\u00f3l \u00e9s olcs\u00f3n enni?<\/a><\/li><\/ul><\/li><\/ul><\/nav><\/div>\n<h3 class=\"wp-block-heading\"><span class=\"ez-toc-section\" id=\"Osszefoglalas\"><\/span>\u00d6sszefoglal\u00e1s<span class=\"ez-toc-section-end\"><\/span><\/h3>\n\n\n\n<ul class=\"wp-block-list\">\n\n<li>  <strong>Mi\u00e9rt \u00e9rdemes Tartuba menni:<\/strong> Egyetemi v\u00e1ros hihetetlen\u00fcl laza hangulattal, amely nincs t\u00falzs\u00fafolva turist\u00e1kkal.<\/li>\n\n\n\n<li>  <strong>H\u00e1ny napot sz\u00e1nj r\u00e1:<\/strong> Magukra a v\u00e1rosi l\u00e1tnival\u00f3kra b\u0151ven el\u00e9g egy-k\u00e9t nap, de a k\u00f6rny\u00e9kbeli kir\u00e1ndul\u00e1sokkal nyugodtan elt\u00f6lthetsz itt h\u00e1rom napot is.<\/li>\n\n\n\n<li>  <strong>Hogyan juss el ide:<\/strong> Tallinnb\u00f3l nagyon k\u00e9nyelmes Elron vonatok \u00e9s Lux Express buszok j\u00e1rnak, az \u00fat nagyj\u00e1b\u00f3l k\u00e9t \u00f3ra.<\/li>\n\n\n\n<li>  <strong>Amit semmik\u00e9pp ne hagyj ki:<\/strong> Az AHHAA tudom\u00e1nyos k\u00f6zpont, az \u00c9szt Nemzeti M\u00fazeum (ERM) \u00e9s a romantikus Toomem\u00e4gi domb.<\/li>\n\n\n\n<li>  <strong>Mennyibe ker\u00fcl:<\/strong> Az \u00e1rak valamivel bar\u00e1ts\u00e1gosabbak, mint a f\u0151v\u00e1rosban, egy napi men\u00fc\u00e9rt \u00e1ltal\u00e1ban 5\u20138 eur\u00f3t adsz.<\/li>\n\n\n\n<li>  <strong>Mikor indulj:<\/strong> A legjobb hangulatot a tan\u00e9v alatt tavasszal vagy \u0151sszel \u00e9led \u00e1t, amikor a v\u00e1ros pezseg a di\u00e1k\u00e9lett\u0151l.<\/li>\n\n\n<\/ul>\n\n\n\n<figure data-wp-context=\"{&quot;imageId&quot;:&quot;6a953aa8de83b&quot;}\" data-wp-interactive=\"core\/image\" data-wp-key=\"6a953aa8de83b\" class=\"wp-block-image size-full wp-lightbox-container\"><img decoding=\"async\" width=\"1800\" height=\"1200\" data-wp-class--hide=\"state.isContentHidden\" data-wp-class--show=\"state.isContentVisible\" data-wp-init=\"callbacks.setButtonStyles\" data-wp-on--click=\"actions.showLightbox\" data-wp-on--load=\"callbacks.setButtonStyles\" data-wp-on--pointerdown=\"actions.preloadImage\" data-wp-on--pointerenter=\"actions.preloadImageWithDelay\" data-wp-on--pointerleave=\"actions.cancelPreload\" data-wp-on-window--resize=\"callbacks.setButtonStyles\" src=\"https:\/\/loudavymkrokem.cz\/wp-content\/uploads\/2026\/07\/estonsko-clanky-tartu-co-videt-02.jpg\" alt=\"\u0150szi Tartu\" class=\"wp-image-350592\" title=\"\" srcset=\"https:\/\/loudavymkrokem.cz\/wp-content\/uploads\/2026\/07\/estonsko-clanky-tartu-co-videt-02.jpg 1800w, https:\/\/loudavymkrokem.cz\/wp-content\/uploads\/2026\/07\/estonsko-clanky-tartu-co-videt-02-300x200.jpg 300w, https:\/\/loudavymkrokem.cz\/wp-content\/uploads\/2026\/07\/estonsko-clanky-tartu-co-videt-02-700x467.jpg 700w, https:\/\/loudavymkrokem.cz\/wp-content\/uploads\/2026\/07\/estonsko-clanky-tartu-co-videt-02-768x512.jpg 768w, https:\/\/loudavymkrokem.cz\/wp-content\/uploads\/2026\/07\/estonsko-clanky-tartu-co-videt-02-1536x1024.jpg 1536w, https:\/\/loudavymkrokem.cz\/wp-content\/uploads\/2026\/07\/estonsko-clanky-tartu-co-videt-02-696x464.jpg 696w, https:\/\/loudavymkrokem.cz\/wp-content\/uploads\/2026\/07\/estonsko-clanky-tartu-co-videt-02-1392x928.jpg 1392w\" sizes=\"(max-width: 1800px) 100vw, 1800px\" \/><button\n\t\t\tclass=\"lightbox-trigger\"\n\t\t\ttype=\"button\"\n\t\t\taria-haspopup=\"dialog\"\n\t\t\tdata-wp-bind--aria-label=\"state.thisImage.triggerButtonAriaLabel\"\n\t\t\tdata-wp-init=\"callbacks.initTriggerButton\"\n\t\t\tdata-wp-on--click=\"actions.showLightbox\"\n\t\t\tdata-wp-style--right=\"state.thisImage.buttonRight\"\n\t\t\tdata-wp-style--top=\"state.thisImage.buttonTop\"\n\t\t>\n\t\t\t<svg xmlns=\"http:\/\/www.w3.org\/2000\/svg\" width=\"12\" height=\"12\" fill=\"none\" viewBox=\"0 0 12 12\">\n\t\t\t\t<path fill=\"#fff\" d=\"M2 0a2 2 0 0 0-2 2v2h1.5V2a.5.5 0 0 1 .5-.5h2V0H2Zm2 10.5H2a.5.5 0 0 1-.5-.5V8H0v2a2 2 0 0 0 2 2h2v-1.5ZM8 12v-1.5h2a.5.5 0 0 0 .5-.5V8H12v2a2 2 0 0 1-2 2H8Zm2-12a2 2 0 0 1 2 2v2h-1.5V2a.5.5 0 0 0-.5-.5H8V0h2Z\" \/>\n\t\t\t<\/svg>\n\t\t<\/button><figcaption class=\"wp-element-caption\">Foto: Aira Evard \/ Pexels<\/figcaption><\/figure>\n\n\n\n<h2 class=\"wp-block-heading\"><span class=\"ez-toc-section\" id=\"Mikor_erdemes_Tartuba_menni\"><\/span>Mikor \u00e9rdemes Tartuba menni<span class=\"ez-toc-section-end\"><\/span><\/h2>\n\n\n\n<p class=\"wp-block-paragraph\">Az utaz\u00e1s tervez\u00e9sekor j\u00f3 tudni, hogy Tartu <strong>els\u0151sorban di\u00e1kv\u00e1ros<\/strong>. A hangulata ez\u00e9rt gy\u00f6keresen megv\u00e1ltozik az akad\u00e9miai napt\u00e1r f\u00fcggv\u00e9ny\u00e9ben.<\/p>\n\n\n\n<p class=\"wp-block-paragraph\">Ha a ny\u00e1ri sz\u00fcnet idej\u00e9n, augusztusban \u00e9rkezel, a v\u00e1ros ugyan <strong>sz\u00e9pen \u00fcres \u00e9s csendes<\/strong> lesz, de hi\u00e1nyozni fog bel\u0151le az igazi energia. A legjobb id\u0151szak a l\u00e1togat\u00e1sra ez\u00e9rt a k\u00e9s\u0151 tavasz vagy a kora \u0151sz, amikor az utc\u00e1k megtelnek fiatalokkal, \u00e9s minden\u00fctt pezseg az \u00e9let.<\/p>\n\n\n\n<p class=\"wp-block-paragraph\">Tavasszal r\u00e1ad\u00e1sul \u00e1t\u00e9lheted a h\u00edres <strong>di\u00e1kfesztiv\u00e1lokat<\/strong>, amelyek az eg\u00e9sz belv\u00e1rost egyetlen nagy \u00fcnnepp\u00e9 var\u00e1zsolj\u00e1k. Az id\u0151j\u00e1r\u00e1s \u00c9sztorsz\u00e1gban el\u00e9g kisz\u00e1m\u00edthatatlan tud lenni, \u00fagyhogy mindenk\u00e9pp csomagolj r\u00e9tegesen felvehet\u0151 ruh\u00e1t a ny\u00e1ri h\u00f3napokra is. A telek itt ezzel szemben fagyosak \u00e9s h\u00f3val bor\u00edtottak, aminek megvan a maga \u00f6sszet\u00e9veszthetetlen b\u00e1ja, k\u00fcl\u00f6n\u00f6sen amikor havas parkokban s\u00e9t\u00e1lgatsz, majd felmelegszel valamelyik hangulatos helyi k\u00e1v\u00e9z\u00f3ban.<\/p>\n\n\n\n<p class=\"wp-block-paragraph\">H\u00e1ny napot sz\u00e1nj a l\u00e1togat\u00e1sra? Mag\u00e1ra a belv\u00e1rosra \u00e9s a f\u0151 m\u00fazeumokra <strong>el\u00e9g egy-k\u00e9t nap<\/strong>. Ha viszont a k\u00f6rnyez\u0151 term\u00e9szetet \u00e9s tavakat is fel akarod fedezni, azt aj\u00e1nlom, tervezz be r\u00f6gt\u00f6n h\u00e1rom napot.<\/p>\n\n\n\n<figure data-wp-context=\"{&quot;imageId&quot;:&quot;6a953aa8df1f5&quot;}\" data-wp-interactive=\"core\/image\" data-wp-key=\"6a953aa8df1f5\" class=\"wp-block-image size-full wp-lightbox-container\"><img decoding=\"async\" width=\"1800\" height=\"1350\" data-wp-class--hide=\"state.isContentHidden\" data-wp-class--show=\"state.isContentVisible\" data-wp-init=\"callbacks.setButtonStyles\" data-wp-on--click=\"actions.showLightbox\" data-wp-on--load=\"callbacks.setButtonStyles\" data-wp-on--pointerdown=\"actions.preloadImage\" data-wp-on--pointerenter=\"actions.preloadImageWithDelay\" data-wp-on--pointerleave=\"actions.cancelPreload\" data-wp-on-window--resize=\"callbacks.setButtonStyles\" src=\"https:\/\/loudavymkrokem.cz\/wp-content\/uploads\/2026\/07\/estonsko-clanky-tartu-co-videt-03.jpg\" alt=\"Elron vonat, amellyel Tallinnb\u00f3l Tartuba lehet utazni\" class=\"wp-image-350602\" title=\"\" srcset=\"https:\/\/loudavymkrokem.cz\/wp-content\/uploads\/2026\/07\/estonsko-clanky-tartu-co-videt-03.jpg 1800w, https:\/\/loudavymkrokem.cz\/wp-content\/uploads\/2026\/07\/estonsko-clanky-tartu-co-videt-03-300x225.jpg 300w, https:\/\/loudavymkrokem.cz\/wp-content\/uploads\/2026\/07\/estonsko-clanky-tartu-co-videt-03-700x525.jpg 700w, https:\/\/loudavymkrokem.cz\/wp-content\/uploads\/2026\/07\/estonsko-clanky-tartu-co-videt-03-768x576.jpg 768w, https:\/\/loudavymkrokem.cz\/wp-content\/uploads\/2026\/07\/estonsko-clanky-tartu-co-videt-03-1536x1152.jpg 1536w, https:\/\/loudavymkrokem.cz\/wp-content\/uploads\/2026\/07\/estonsko-clanky-tartu-co-videt-03-80x60.jpg 80w, https:\/\/loudavymkrokem.cz\/wp-content\/uploads\/2026\/07\/estonsko-clanky-tartu-co-videt-03-160x120.jpg 160w, https:\/\/loudavymkrokem.cz\/wp-content\/uploads\/2026\/07\/estonsko-clanky-tartu-co-videt-03-696x522.jpg 696w, https:\/\/loudavymkrokem.cz\/wp-content\/uploads\/2026\/07\/estonsko-clanky-tartu-co-videt-03-1392x1044.jpg 1392w\" sizes=\"(max-width: 1800px) 100vw, 1800px\" \/><button\n\t\t\tclass=\"lightbox-trigger\"\n\t\t\ttype=\"button\"\n\t\t\taria-haspopup=\"dialog\"\n\t\t\tdata-wp-bind--aria-label=\"state.thisImage.triggerButtonAriaLabel\"\n\t\t\tdata-wp-init=\"callbacks.initTriggerButton\"\n\t\t\tdata-wp-on--click=\"actions.showLightbox\"\n\t\t\tdata-wp-style--right=\"state.thisImage.buttonRight\"\n\t\t\tdata-wp-style--top=\"state.thisImage.buttonTop\"\n\t\t>\n\t\t\t<svg xmlns=\"http:\/\/www.w3.org\/2000\/svg\" width=\"12\" height=\"12\" fill=\"none\" viewBox=\"0 0 12 12\">\n\t\t\t\t<path fill=\"#fff\" d=\"M2 0a2 2 0 0 0-2 2v2h1.5V2a.5.5 0 0 1 .5-.5h2V0H2Zm2 10.5H2a.5.5 0 0 1-.5-.5V8H0v2a2 2 0 0 0 2 2h2v-1.5ZM8 12v-1.5h2a.5.5 0 0 0 .5-.5V8H12v2a2 2 0 0 1-2 2H8Zm2-12a2 2 0 0 1 2 2v2h-1.5V2a.5.5 0 0 0-.5-.5H8V0h2Z\" \/>\n\t\t\t<\/svg>\n\t\t<\/button><figcaption class=\"wp-element-caption\">Foto: Leonid Malikov \/ Wikimedia Commons, CC BY-SA 4.0<\/figcaption><\/figure>\n\n\n\n<h2 class=\"wp-block-heading\"><span class=\"ez-toc-section\" id=\"Hogyan_juss_el_Tartuba\"><\/span>Hogyan juss el Tartuba<span class=\"ez-toc-section-end\"><\/span><\/h2>\n\n\n\n<p class=\"wp-block-paragraph\">Az \u00e9szakr\u00f3l d\u00e9lre vezet\u0151 \u00fat \u00c9sztorsz\u00e1gban hihetetlen\u00fcl egyszer\u0171 \u00e9s k\u00e9nyelmes. Tallinnb\u00f3l Tartuba a legjobban az <a href=\"https:\/\/elron.ee\/\" rel=\"nofollow noopener\" target=\"_blank\"><strong>Elron t\u00e1rsas\u00e1g narancss\u00e1rga vonatai<\/strong><\/a> visznek el, amelyek nagyon gyakran \u00e9s megb\u00edzhat\u00f3an j\u00e1rnak.<\/p>\n\n\n\n<p class=\"wp-block-paragraph\">Az \u00fat vonattal nagyj\u00e1b\u00f3l k\u00e9t\u2013k\u00e9t \u00e9s f\u00e9l \u00f3ra, a jegyet pedig <strong>hozz\u00e1vet\u0151leg 10 eur\u00f3<\/strong> k\u00f6r\u00fcl veszed meg (kb. 3800 Ft). A vonatok tiszt\u00e1k, t\u00e1gasak \u00e9s ingyenes Wi-Fi-t k\u00edn\u00e1lnak, \u00fagyhogy \u00fatk\u00f6zben nyugodtan megtervezheted az \u00fatitervedet. Ha a jegyet el\u0151re online veszed meg a honlapjukon, r\u00e1ad\u00e1sul kellemes kedvezm\u00e9nyt kapsz, b\u00e1r fizetni gond n\u00e9lk\u00fcl k\u00e1rty\u00e1val, k\u00f6zvetlen\u00fcl a kalauzn\u00e1l is tudsz.<\/p>\n\n\n\n<p class=\"wp-block-paragraph\">Egy m\u00e1sik remek lehet\u0151s\u00e9g a <a href=\"https:\/\/luxexpress.eu\/\" rel=\"nofollow noopener\" target=\"_blank\"><strong>Lux Express buszok<\/strong><\/a>, amelyek \u00f3ri\u00e1si k\u00e9nyelmet k\u00edn\u00e1lnak, bele\u00e9rtve az \u00fcl\u00e9sekbe \u00e9p\u00edtett k\u00e9perny\u0151ket \u00e9s az ingyenes k\u00e1v\u00e9f\u0151z\u0151t. Egyenesen Tartu belv\u00e1ros\u00e1ba visznek, \u00e9s \u00e1rban nagyon hasonl\u00f3an alakulnak, mint a vonatok.<\/p>\n\n\n\n<p class=\"wp-block-paragraph\">Ha sz\u00e9lesebb baltikumi roadtripet tervezel, van \u00e9rtelme <strong>aut\u00f3t b\u00e9relni<\/strong>. Az utak \u00c9sztorsz\u00e1gban kiv\u00e1l\u00f3 \u00e1llapotban vannak, \u00e9s mag\u00e1nak Tartunak is van egy kis rep\u00fcl\u0151tere, b\u00e1r a legt\u00f6bb nemzetk\u00f6zi j\u00e1rat \u00e9pp Tallinnba tart.<\/p>\n\n\n\n<figure data-wp-context=\"{&quot;imageId&quot;:&quot;6a953aa8e0de5&quot;}\" data-wp-interactive=\"core\/image\" data-wp-key=\"6a953aa8e0de5\" class=\"wp-block-image size-full wp-lightbox-container\"><img decoding=\"async\" width=\"1800\" height=\"1201\" data-wp-class--hide=\"state.isContentHidden\" data-wp-class--show=\"state.isContentVisible\" data-wp-init=\"callbacks.setButtonStyles\" data-wp-on--click=\"actions.showLightbox\" data-wp-on--load=\"callbacks.setButtonStyles\" data-wp-on--pointerdown=\"actions.preloadImage\" data-wp-on--pointerenter=\"actions.preloadImageWithDelay\" data-wp-on--pointerleave=\"actions.cancelPreload\" data-wp-on-window--resize=\"callbacks.setButtonStyles\" src=\"https:\/\/loudavymkrokem.cz\/wp-content\/uploads\/2026\/07\/estonsko-clanky-tartu-co-videt-04.jpg\" alt=\"Sz\u00e1llodai szoba Tartuban\" class=\"wp-image-350609\" title=\"\" srcset=\"https:\/\/loudavymkrokem.cz\/wp-content\/uploads\/2026\/07\/estonsko-clanky-tartu-co-videt-04.jpg 1800w, https:\/\/loudavymkrokem.cz\/wp-content\/uploads\/2026\/07\/estonsko-clanky-tartu-co-videt-04-300x200.jpg 300w, https:\/\/loudavymkrokem.cz\/wp-content\/uploads\/2026\/07\/estonsko-clanky-tartu-co-videt-04-700x467.jpg 700w, https:\/\/loudavymkrokem.cz\/wp-content\/uploads\/2026\/07\/estonsko-clanky-tartu-co-videt-04-768x512.jpg 768w, https:\/\/loudavymkrokem.cz\/wp-content\/uploads\/2026\/07\/estonsko-clanky-tartu-co-videt-04-1536x1025.jpg 1536w, https:\/\/loudavymkrokem.cz\/wp-content\/uploads\/2026\/07\/estonsko-clanky-tartu-co-videt-04-696x464.jpg 696w, https:\/\/loudavymkrokem.cz\/wp-content\/uploads\/2026\/07\/estonsko-clanky-tartu-co-videt-04-1392x929.jpg 1392w\" sizes=\"(max-width: 1800px) 100vw, 1800px\" \/><button\n\t\t\tclass=\"lightbox-trigger\"\n\t\t\ttype=\"button\"\n\t\t\taria-haspopup=\"dialog\"\n\t\t\tdata-wp-bind--aria-label=\"state.thisImage.triggerButtonAriaLabel\"\n\t\t\tdata-wp-init=\"callbacks.initTriggerButton\"\n\t\t\tdata-wp-on--click=\"actions.showLightbox\"\n\t\t\tdata-wp-style--right=\"state.thisImage.buttonRight\"\n\t\t\tdata-wp-style--top=\"state.thisImage.buttonTop\"\n\t\t>\n\t\t\t<svg xmlns=\"http:\/\/www.w3.org\/2000\/svg\" width=\"12\" height=\"12\" fill=\"none\" viewBox=\"0 0 12 12\">\n\t\t\t\t<path fill=\"#fff\" d=\"M2 0a2 2 0 0 0-2 2v2h1.5V2a.5.5 0 0 1 .5-.5h2V0H2Zm2 10.5H2a.5.5 0 0 1-.5-.5V8H0v2a2 2 0 0 0 2 2h2v-1.5ZM8 12v-1.5h2a.5.5 0 0 0 .5-.5V8H12v2a2 2 0 0 1-2 2H8Zm2-12a2 2 0 0 1 2 2v2h-1.5V2a.5.5 0 0 0-.5-.5H8V0h2Z\" \/>\n\t\t\t<\/svg>\n\t\t<\/button><figcaption class=\"wp-element-caption\">Foto: Max Vakhtbovych \/ Pexels<\/figcaption><\/figure>\n\n\n\n<h2 class=\"wp-block-heading\"><span class=\"ez-toc-section\" id=\"Hol_szallj_meg_Tartuban\"><\/span>Hol sz\u00e1llj meg Tartuban<span class=\"ez-toc-section-end\"><\/span><\/h2>\n\n\n\n<p class=\"wp-block-paragraph\"><em>\ud83d\udca1 Tipp sz\u00e1ll\u00e1shoz \u00e9s \u00e9lm\u00e9nyekhez: A sz\u00e1ll\u00e1st a legsz\u00edvesebben a <a class=\"thirstylink\" rel=\"nofollow\" target=\"_blank\" title=\"Booking.com\" href=\"https:\/\/loudavymkrokem.cz\/doporucujeme\/booking-com\/\" data-shortcode=\"true\">Booking.com<\/a> oldalon keress\u00fck, ahol \u00e1ltal\u00e1ban a <strong>legjobb lemond\u00e1si felt\u00e9telek<\/strong> vannak. A <strong>bel\u00e9p\u0151jegyeket, kir\u00e1ndul\u00e1sokat \u00e9s programokat<\/strong> pedig \u00e9rdemes \u00f6sszehasonl\u00edtani \u00e9s a <a class=\"thirstylink\" rel=\"nofollow\" target=\"_blank\" title=\"GetYourGuide\" href=\"https:\/\/loudavymkrokem.cz\/doporucujeme\/getyourguide\/\" data-shortcode=\"true\">GetYourGuide<\/a> oldalon megvenni.<\/em><\/p>\n\n\n\n<p class=\"wp-block-paragraph\">A sz\u00e1ll\u00e1sk\u00edn\u00e1lat az egyetemi v\u00e1rosban nagyon v\u00e1ltozatos, \u00e9s kiel\u00e9g\u00edti a h\u00e1tizs\u00e1kos utaz\u00f3kat \u00e9pp\u00fagy, mint a luxus szerelmeseit. A legt\u00f6bb \u00e9rdekes hely s\u00e9tat\u00e1vols\u00e1gra van a belv\u00e1rost\u00f3l, \u00fagyhogy az <strong>\u00f3v\u00e1ros k\u00f6rny\u00e9ki lok\u00e1ci\u00f3<\/strong> teljesen ide\u00e1lis.<\/p>\n\n\n\n<p class=\"wp-block-paragraph\">A <a href=\"https:\/\/www.stay22.com\/allez\/roam?aid=lukaskonecny&#038;campaign=loudavymkrokemcz&#038;campaign=tartu-co-videt&#038;hotelname=Lydia%20Hotel&#038;address=Tartu%2C%20Estonsko\" rel=\"nofollow noopener\" target=\"_blank\"><strong>Lydia Hotel<\/strong><\/a> az \u00dclikooli 14. sz\u00e1m alatt az egyik legjobbra \u00e9rt\u00e9kelt c\u00edm k\u00f6zvetlen\u00fcl a v\u00e1ros sz\u00edv\u00e9ben, r\u00e1ad\u00e1sul medenc\u00e9vel \u00e9s szaun\u00e1val, \u00fagyhogy egy eg\u00e9sz napos utc\u00e1z\u00e1s ut\u00e1n igazi mened\u00e9k.<\/p>\n\n\n\n<p class=\"wp-block-paragraph\">Ha ink\u00e1bb wellness-\u00e9lm\u00e9nyt keresel, mint alapt\u00e1bort, az utaz\u00f3k dics\u00e9rik a <a href=\"https:\/\/www.stay22.com\/allez\/roam?aid=lukaskonecny&#038;campaign=loudavymkrokemcz&#038;campaign=tartu-co-videt&#038;hotelname=V%20Spa%20Hotel%20and%20Conference%20centre&#038;address=Tartu%2C%20Estonsko\" rel=\"nofollow noopener\" target=\"_blank\"><strong>V Spa &#038; Conference Hotelt<\/strong><\/a>, ahol a szob\u00e1hoz egy rendes f\u00fcrd\u0151komplexumot is kapsz. A t\u00f6rt\u00e9nelmi hangulat szerelmeseinek pedig remek v\u00e1laszt\u00e1s a butik <strong><a href=\"https:\/\/www.stay22.com\/allez\/roam?aid=lukaskonecny&#038;campaign=loudavymkrokemcz&#038;campaign=tartu-co-videt&#038;hotelname=Hotel%20Antonius&#038;address=Tartu%2C%20Estonsko\" target=\"_blank\" rel=\"noopener nofollow sponsored\">Hotel Antonius<\/a><\/strong> leny\u0171g\u00f6z\u0151 antik bels\u0151 terekkel.<\/p>\n\n\n\n<p class=\"wp-block-paragraph\">A sz\u0171kebb k\u00f6lts\u00e9gvet\u00e9ssel utaz\u00f3knak k\u00edn\u00e1lja mag\u00e1t a st\u00edlusos <strong><a href=\"https:\/\/www.stay22.com\/allez\/roam?aid=lukaskonecny&#038;campaign=loudavymkrokemcz&#038;campaign=tartu-co-videt&#038;hotelname=Hektor%20Design%20Hostel&#038;address=Tartu%2C%20Estonsko\" target=\"_blank\" rel=\"noopener nofollow sponsored\">Hektor Design Hostel<\/a><\/strong>, amely \u00f6tv\u00f6zi a megfizethet\u0151s\u00e9get a remek skandin\u00e1v designnal. Egy m\u00e1sik megb\u00edzhat\u00f3 k\u00f6z\u00e9pkateg\u00f3ri\u00e1s v\u00e1laszt\u00e1s a <strong><a href=\"https:\/\/www.stay22.com\/allez\/roam?aid=lukaskonecny&#038;campaign=loudavymkrokemcz&#038;campaign=tartu-co-videt&#038;hotelname=Dorpat%20Hotel&#038;address=Tartu%2C%20Estonsko\" target=\"_blank\" rel=\"noopener nofollow sponsored\">Dorpat Hotel<\/a><\/strong>, amely k\u00f6zvetlen\u00fcl az Emaj\u00f5gi foly\u00f3 partj\u00e1n fekszik.<\/p>\n\n\n\n<p class=\"wp-block-paragraph\">\ud83d\udca1 Tipp: B\u00e1rmilyen t\u00edpus\u00fa sz\u00e1ll\u00e1st is v\u00e1lasztasz, a foglal\u00e1st egyszer\u0171en elint\u00e9zed a klasszikus Bookingon, ahol <strong>rengeteg tov\u00e1bbi apartmant<\/strong> is tal\u00e1lsz, amelyek megfelelnek egy di\u00e1kk\u00f6lts\u00e9gvet\u00e9snek.<\/p>\n\n\n\n<figure data-wp-context=\"{&quot;imageId&quot;:&quot;6a953aa8e14b7&quot;}\" data-wp-interactive=\"core\/image\" data-wp-key=\"6a953aa8e14b7\" class=\"wp-block-image size-full wp-lightbox-container\"><img decoding=\"async\" width=\"1800\" height=\"1348\" data-wp-class--hide=\"state.isContentHidden\" data-wp-class--show=\"state.isContentVisible\" data-wp-init=\"callbacks.setButtonStyles\" data-wp-on--click=\"actions.showLightbox\" data-wp-on--load=\"callbacks.setButtonStyles\" data-wp-on--pointerdown=\"actions.preloadImage\" data-wp-on--pointerenter=\"actions.preloadImageWithDelay\" data-wp-on--pointerleave=\"actions.cancelPreload\" data-wp-on-window--resize=\"callbacks.setButtonStyles\" src=\"https:\/\/loudavymkrokem.cz\/wp-content\/uploads\/2026\/07\/estonsko-clanky-tartu-co-videt-05.jpg\" alt=\"Tartu \u00e9s az Emaj\u00f5gi foly\u00f3\" class=\"wp-image-350616\" title=\"\" srcset=\"https:\/\/loudavymkrokem.cz\/wp-content\/uploads\/2026\/07\/estonsko-clanky-tartu-co-videt-05.jpg 1800w, https:\/\/loudavymkrokem.cz\/wp-content\/uploads\/2026\/07\/estonsko-clanky-tartu-co-videt-05-300x225.jpg 300w, https:\/\/loudavymkrokem.cz\/wp-content\/uploads\/2026\/07\/estonsko-clanky-tartu-co-videt-05-700x524.jpg 700w, https:\/\/loudavymkrokem.cz\/wp-content\/uploads\/2026\/07\/estonsko-clanky-tartu-co-videt-05-768x575.jpg 768w, https:\/\/loudavymkrokem.cz\/wp-content\/uploads\/2026\/07\/estonsko-clanky-tartu-co-videt-05-1536x1150.jpg 1536w, https:\/\/loudavymkrokem.cz\/wp-content\/uploads\/2026\/07\/estonsko-clanky-tartu-co-videt-05-80x60.jpg 80w, https:\/\/loudavymkrokem.cz\/wp-content\/uploads\/2026\/07\/estonsko-clanky-tartu-co-videt-05-160x120.jpg 160w, https:\/\/loudavymkrokem.cz\/wp-content\/uploads\/2026\/07\/estonsko-clanky-tartu-co-videt-05-696x521.jpg 696w, https:\/\/loudavymkrokem.cz\/wp-content\/uploads\/2026\/07\/estonsko-clanky-tartu-co-videt-05-1392x1042.jpg 1392w\" sizes=\"(max-width: 1800px) 100vw, 1800px\" \/><button\n\t\t\tclass=\"lightbox-trigger\"\n\t\t\ttype=\"button\"\n\t\t\taria-haspopup=\"dialog\"\n\t\t\tdata-wp-bind--aria-label=\"state.thisImage.triggerButtonAriaLabel\"\n\t\t\tdata-wp-init=\"callbacks.initTriggerButton\"\n\t\t\tdata-wp-on--click=\"actions.showLightbox\"\n\t\t\tdata-wp-style--right=\"state.thisImage.buttonRight\"\n\t\t\tdata-wp-style--top=\"state.thisImage.buttonTop\"\n\t\t>\n\t\t\t<svg xmlns=\"http:\/\/www.w3.org\/2000\/svg\" width=\"12\" height=\"12\" fill=\"none\" viewBox=\"0 0 12 12\">\n\t\t\t\t<path fill=\"#fff\" d=\"M2 0a2 2 0 0 0-2 2v2h1.5V2a.5.5 0 0 1 .5-.5h2V0H2Zm2 10.5H2a.5.5 0 0 1-.5-.5V8H0v2a2 2 0 0 0 2 2h2v-1.5ZM8 12v-1.5h2a.5.5 0 0 0 .5-.5V8H12v2a2 2 0 0 1-2 2H8Zm2-12a2 2 0 0 1 2 2v2h-1.5V2a.5.5 0 0 0-.5-.5H8V0h2Z\" \/>\n\t\t\t<\/svg>\n\t\t<\/button><figcaption class=\"wp-element-caption\">Foto: Sergei Gussev \/ Wikimedia Commons, CC BY 4.0<\/figcaption><\/figure>\n\n\n\n<h2 class=\"wp-block-heading\"><span class=\"ez-toc-section\" id=\"12_tipp_mit_nezz_meg_es_elj_at_Tartuban\"><\/span>12 tipp, mit n\u00e9zz meg \u00e9s \u00e9lj \u00e1t Tartuban<span class=\"ez-toc-section-end\"><\/span><\/h2>\n\n\n\n<p class=\"wp-block-paragraph\">N\u00e9zz\u00fck meg egy\u00fctt a leg\u00e9rdekesebbet, amit ez a szimpatikus v\u00e1ros k\u00edn\u00e1lhat neked. A t\u00f6rt\u00e9nelmi utc\u00e1csk\u00e1kt\u00f3l a modern m\u00fazeumokon \u00e1t a <strong>j\u00f3 k\u00e1v\u00e9val teli kreat\u00edv k\u00f6zpontokig<\/strong> \u2014 r\u00f6viden, mindenkinek van itt valami.<\/p>\n\n\n\n<figure data-wp-context=\"{&quot;imageId&quot;:&quot;6a953aa8e187e&quot;}\" data-wp-interactive=\"core\/image\" data-wp-key=\"6a953aa8e187e\" class=\"wp-block-image size-full wp-lightbox-container\"><img decoding=\"async\" width=\"1800\" height=\"1350\" data-wp-class--hide=\"state.isContentHidden\" data-wp-class--show=\"state.isContentVisible\" data-wp-init=\"callbacks.setButtonStyles\" data-wp-on--click=\"actions.showLightbox\" data-wp-on--load=\"callbacks.setButtonStyles\" data-wp-on--pointerdown=\"actions.preloadImage\" data-wp-on--pointerenter=\"actions.preloadImageWithDelay\" data-wp-on--pointerleave=\"actions.cancelPreload\" data-wp-on-window--resize=\"callbacks.setButtonStyles\" src=\"https:\/\/loudavymkrokem.cz\/wp-content\/uploads\/2026\/07\/estonsko-clanky-tartu-co-videt-06.jpg\" alt=\"Cs\u00f3kol\u00f3z\u00f3 di\u00e1kok sz\u00f6k\u0151k\u00fatja\" class=\"wp-image-350623\" title=\"\" srcset=\"https:\/\/loudavymkrokem.cz\/wp-content\/uploads\/2026\/07\/estonsko-clanky-tartu-co-videt-06.jpg 1800w, https:\/\/loudavymkrokem.cz\/wp-content\/uploads\/2026\/07\/estonsko-clanky-tartu-co-videt-06-300x225.jpg 300w, https:\/\/loudavymkrokem.cz\/wp-content\/uploads\/2026\/07\/estonsko-clanky-tartu-co-videt-06-700x525.jpg 700w, https:\/\/loudavymkrokem.cz\/wp-content\/uploads\/2026\/07\/estonsko-clanky-tartu-co-videt-06-768x576.jpg 768w, https:\/\/loudavymkrokem.cz\/wp-content\/uploads\/2026\/07\/estonsko-clanky-tartu-co-videt-06-1536x1152.jpg 1536w, https:\/\/loudavymkrokem.cz\/wp-content\/uploads\/2026\/07\/estonsko-clanky-tartu-co-videt-06-80x60.jpg 80w, https:\/\/loudavymkrokem.cz\/wp-content\/uploads\/2026\/07\/estonsko-clanky-tartu-co-videt-06-160x120.jpg 160w, https:\/\/loudavymkrokem.cz\/wp-content\/uploads\/2026\/07\/estonsko-clanky-tartu-co-videt-06-696x522.jpg 696w, https:\/\/loudavymkrokem.cz\/wp-content\/uploads\/2026\/07\/estonsko-clanky-tartu-co-videt-06-1392x1044.jpg 1392w\" sizes=\"(max-width: 1800px) 100vw, 1800px\" \/><button\n\t\t\tclass=\"lightbox-trigger\"\n\t\t\ttype=\"button\"\n\t\t\taria-haspopup=\"dialog\"\n\t\t\tdata-wp-bind--aria-label=\"state.thisImage.triggerButtonAriaLabel\"\n\t\t\tdata-wp-init=\"callbacks.initTriggerButton\"\n\t\t\tdata-wp-on--click=\"actions.showLightbox\"\n\t\t\tdata-wp-style--right=\"state.thisImage.buttonRight\"\n\t\t\tdata-wp-style--top=\"state.thisImage.buttonTop\"\n\t\t>\n\t\t\t<svg xmlns=\"http:\/\/www.w3.org\/2000\/svg\" width=\"12\" height=\"12\" fill=\"none\" viewBox=\"0 0 12 12\">\n\t\t\t\t<path fill=\"#fff\" d=\"M2 0a2 2 0 0 0-2 2v2h1.5V2a.5.5 0 0 1 .5-.5h2V0H2Zm2 10.5H2a.5.5 0 0 1-.5-.5V8H0v2a2 2 0 0 0 2 2h2v-1.5ZM8 12v-1.5h2a.5.5 0 0 0 .5-.5V8H12v2a2 2 0 0 1-2 2H8Zm2-12a2 2 0 0 1 2 2v2h-1.5V2a.5.5 0 0 0-.5-.5H8V0h2Z\" \/>\n\t\t\t<\/svg>\n\t\t<\/button><figcaption class=\"wp-element-caption\">Foto: HendrixEesti \/ Wikimedia Commons, Public domain<\/figcaption><\/figure>\n\n\n\n<h3 class=\"wp-block-heading\"><span class=\"ez-toc-section\" id=\"1_A_varoshaza_ter_es_a_csokolozo_diakok_szokokutja\"><\/span>1. A v\u00e1rosh\u00e1za t\u00e9r \u00e9s a cs\u00f3kol\u00f3z\u00f3 di\u00e1kok sz\u00f6k\u0151k\u00fatja<span class=\"ez-toc-section-end\"><\/span><\/h3>\n\n\n\n<p class=\"wp-block-paragraph\">A v\u00e1rosn\u00e9z\u00e9st a v\u00e1ros sz\u00edv\u00e9ben, a <strong>V\u00e1rosh\u00e1za t\u00e9ren<\/strong> (Raekoja plats) aj\u00e1nlom kezdeni. Ez a hossz\u00fak\u00e1s t\u00e9r enyh\u00e9n lejt a foly\u00f3 fel\u00e9, \u00e9s pasztellsz\u00edn\u0171, gy\u00f6ny\u00f6r\u0171 klasszicista \u00e9p\u00fcletek veszik k\u00f6r\u00fcl.<\/p>\n\n\n\n<p class=\"wp-block-paragraph\">Az eg\u00e9sz t\u00e9r domin\u00e1nsa a <strong>fens\u00e9ges v\u00e1rosh\u00e1za \u00e9p\u00fclete<\/strong>, k\u00f6zvetlen\u00fcl el\u0151tte pedig ott \u00e1ll a <strong>cs\u00f3kol\u00f3z\u00f3 di\u00e1kok szobra<\/strong>. Ez a v\u00e1ros legt\u00f6bbet fot\u00f3zott jelk\u00e9pe, \u00e9s \u0151szint\u00e9n sz\u00f3lva ez a kis szobor egyszer\u0171en \u00f6sszet\u00f6ri a sz\u00edved \u2014 k\u00e9t di\u00e1k, egy eserny\u0151, k\u00f6r\u00fcl\u00f6tt\u00fck az eg\u00e9sz vil\u00e1g csuromv\u00edz.<\/p>\n\n\n\n<p class=\"wp-block-paragraph\">A t\u00e9r k\u00f6rny\u00e9k\u00e9n sok teraszt tal\u00e1lsz, ahol megihatsz egy k\u00e1v\u00e9t, \u00e9s magadba sz\u00edvhatod a helyi nyugalmat. Ennek a helynek a bej\u00e1r\u00e1sa <strong>nagyj\u00e1b\u00f3l 30 percet vesz ig\u00e9nybe<\/strong>, a bel\u00e9p\u00e9s pedig term\u00e9szetesen teljesen ingyenes.<\/p>\n\n\n\n<p class=\"wp-block-paragraph\">\ud83d\udca1 Tipp: A t\u00e9li h\u00f3napokban \u00e9pp ezen a t\u00e9ren tartj\u00e1k a <strong>var\u00e1zslatos kar\u00e1csonyi v\u00e1s\u00e1rt<\/strong>, amelyet az utaz\u00f3k a Baltikum egyik legszebbjek\u00e9nt \u00e9rt\u00e9kelnek.<\/p>\n\n\n\n<figure data-wp-context=\"{&quot;imageId&quot;:&quot;6a953aa8e1dd9&quot;}\" data-wp-interactive=\"core\/image\" data-wp-key=\"6a953aa8e1dd9\" class=\"wp-block-image size-full wp-lightbox-container\"><img decoding=\"async\" width=\"1800\" height=\"1125\" data-wp-class--hide=\"state.isContentHidden\" data-wp-class--show=\"state.isContentVisible\" data-wp-init=\"callbacks.setButtonStyles\" data-wp-on--click=\"actions.showLightbox\" data-wp-on--load=\"callbacks.setButtonStyles\" data-wp-on--pointerdown=\"actions.preloadImage\" data-wp-on--pointerenter=\"actions.preloadImageWithDelay\" data-wp-on--pointerleave=\"actions.cancelPreload\" data-wp-on-window--resize=\"callbacks.setButtonStyles\" src=\"https:\/\/loudavymkrokem.cz\/wp-content\/uploads\/2026\/07\/estonsko-clanky-tartu-co-videt-07.jpg\" alt=\"A tartui egyetem f\u0151\u00e9p\u00fclete\" class=\"wp-image-350629\" title=\"\" srcset=\"https:\/\/loudavymkrokem.cz\/wp-content\/uploads\/2026\/07\/estonsko-clanky-tartu-co-videt-07.jpg 1800w, https:\/\/loudavymkrokem.cz\/wp-content\/uploads\/2026\/07\/estonsko-clanky-tartu-co-videt-07-300x188.jpg 300w, https:\/\/loudavymkrokem.cz\/wp-content\/uploads\/2026\/07\/estonsko-clanky-tartu-co-videt-07-700x438.jpg 700w, https:\/\/loudavymkrokem.cz\/wp-content\/uploads\/2026\/07\/estonsko-clanky-tartu-co-videt-07-768x480.jpg 768w, https:\/\/loudavymkrokem.cz\/wp-content\/uploads\/2026\/07\/estonsko-clanky-tartu-co-videt-07-1536x960.jpg 1536w, https:\/\/loudavymkrokem.cz\/wp-content\/uploads\/2026\/07\/estonsko-clanky-tartu-co-videt-07-696x435.jpg 696w, https:\/\/loudavymkrokem.cz\/wp-content\/uploads\/2026\/07\/estonsko-clanky-tartu-co-videt-07-1392x870.jpg 1392w\" sizes=\"(max-width: 1800px) 100vw, 1800px\" \/><button\n\t\t\tclass=\"lightbox-trigger\"\n\t\t\ttype=\"button\"\n\t\t\taria-haspopup=\"dialog\"\n\t\t\tdata-wp-bind--aria-label=\"state.thisImage.triggerButtonAriaLabel\"\n\t\t\tdata-wp-init=\"callbacks.initTriggerButton\"\n\t\t\tdata-wp-on--click=\"actions.showLightbox\"\n\t\t\tdata-wp-style--right=\"state.thisImage.buttonRight\"\n\t\t\tdata-wp-style--top=\"state.thisImage.buttonTop\"\n\t\t>\n\t\t\t<svg xmlns=\"http:\/\/www.w3.org\/2000\/svg\" width=\"12\" height=\"12\" fill=\"none\" viewBox=\"0 0 12 12\">\n\t\t\t\t<path fill=\"#fff\" d=\"M2 0a2 2 0 0 0-2 2v2h1.5V2a.5.5 0 0 1 .5-.5h2V0H2Zm2 10.5H2a.5.5 0 0 1-.5-.5V8H0v2a2 2 0 0 0 2 2h2v-1.5ZM8 12v-1.5h2a.5.5 0 0 0 .5-.5V8H12v2a2 2 0 0 1-2 2H8Zm2-12a2 2 0 0 1 2 2v2h-1.5V2a.5.5 0 0 0-.5-.5H8V0h2Z\" \/>\n\t\t\t<\/svg>\n\t\t<\/button><figcaption class=\"wp-element-caption\">Foto: A.Savin \/ Wikimedia Commons, FAL<\/figcaption><\/figure>\n\n\n\n<h3 class=\"wp-block-heading\"><span class=\"ez-toc-section\" id=\"2_Az_egyetem_foepulete_es_a_tortenelmi_karcer\"><\/span>2. Az egyetem f\u0151\u00e9p\u00fclete \u00e9s a t\u00f6rt\u00e9nelmi karcer<span class=\"ez-toc-section-end\"><\/span><\/h3>\n\n\n\n<p class=\"wp-block-paragraph\">Csak p\u00e1r l\u00e9p\u00e9sre a v\u00e1rosh\u00e1z\u00e1t\u00f3l a helyi egyetem f\u0151\u00e9p\u00fclet\u00e9re bukkansz, amely <strong>impoz\u00e1ns klasszicista homlokzat\u00e1val<\/strong> b\u00fcszk\u00e9lkedik, hat hatalmas oszloppal. Ez az int\u00e9zm\u00e9ny teljesen kulcsfontoss\u00e1g\u00fa a v\u00e1ros sz\u00e1m\u00e1ra, mert II. Guszt\u00e1v Adolf sv\u00e9d kir\u00e1ly alap\u00edtotta m\u00e9g 1632-ben.<\/p>\n\n\n\n<p class=\"wp-block-paragraph\">\u00c9rdekess\u00e9g, hogy az \u00e9p\u00fclet padl\u00e1s\u00e1n rejt\u0151zik az \u00fagynevezett <strong>di\u00e1kkarcer<\/strong>, amely t\u00f6rt\u00e9nelmi cella volt az engedetlen di\u00e1kok sz\u00e1m\u00e1ra. Ide olyan v\u00e9ts\u00e9gek\u00e9rt z\u00e1rt\u00e1k be \u0151ket, mint vereked\u00e9s, h\u00f6lgyek megs\u00e9rt\u00e9se vagy a k\u00f6nyvek vissza nem vitele a k\u00f6nyvt\u00e1rba.<\/p>\n\n\n\n<p class=\"wp-block-paragraph\">A karcer falai a mai napig <strong>korabeli feliratokkal \u00e9s rajzokkal vannak bor\u00edtva<\/strong>, amelyeket a megb\u00fcntetett di\u00e1kok az unalomt\u00f3l hagytak itt. Tal\u00e1lsz ott versik\u00e9ket, professzorok karikat\u00far\u00e1it \u00e9s k\u00e9ts\u00e9gbeesett s\u00f3hajokat is. Leny\u0171g\u00f6z\u0151 kir\u00e1ndul\u00e1s ez a di\u00e1k\u00e9let t\u00f6rt\u00e9nelm\u00e9be.<\/p>\n\n\n\n<p class=\"wp-block-paragraph\">\ud83d\udca1 Tipp: A f\u0151\u00e9p\u00fclet \u00e9s a karcer megtekint\u00e9se <strong>k\u00f6r\u00fclbel\u00fcl egy \u00f3r\u00e1t<\/strong> vesz ig\u00e9nybe. A t\u00e1j\u00e9koztat\u00f3 bel\u00e9p\u0151 2 eur\u00f3 (kb. 760 Ft) k\u00f6r\u00fcl mozog.<\/p>\n\n\n\n<figure data-wp-context=\"{&quot;imageId&quot;:&quot;6a953aa8e243e&quot;}\" data-wp-interactive=\"core\/image\" data-wp-key=\"6a953aa8e243e\" class=\"wp-block-image size-full wp-lightbox-container\"><img decoding=\"async\" width=\"1800\" height=\"1350\" data-wp-class--hide=\"state.isContentHidden\" data-wp-class--show=\"state.isContentVisible\" data-wp-init=\"callbacks.setButtonStyles\" data-wp-on--click=\"actions.showLightbox\" data-wp-on--load=\"callbacks.setButtonStyles\" data-wp-on--pointerdown=\"actions.preloadImage\" data-wp-on--pointerenter=\"actions.preloadImageWithDelay\" data-wp-on--pointerleave=\"actions.cancelPreload\" data-wp-on-window--resize=\"callbacks.setButtonStyles\" src=\"https:\/\/loudavymkrokem.cz\/wp-content\/uploads\/2026\/07\/estonsko-clanky-tartu-co-videt-08.jpg\" alt=\"A g\u00f3tikus katedr\u00e1lis romjai a Toomem\u00e4gin\" class=\"wp-image-350635\" title=\"\" srcset=\"https:\/\/loudavymkrokem.cz\/wp-content\/uploads\/2026\/07\/estonsko-clanky-tartu-co-videt-08.jpg 1800w, https:\/\/loudavymkrokem.cz\/wp-content\/uploads\/2026\/07\/estonsko-clanky-tartu-co-videt-08-300x225.jpg 300w, https:\/\/loudavymkrokem.cz\/wp-content\/uploads\/2026\/07\/estonsko-clanky-tartu-co-videt-08-700x525.jpg 700w, https:\/\/loudavymkrokem.cz\/wp-content\/uploads\/2026\/07\/estonsko-clanky-tartu-co-videt-08-768x576.jpg 768w, https:\/\/loudavymkrokem.cz\/wp-content\/uploads\/2026\/07\/estonsko-clanky-tartu-co-videt-08-1536x1152.jpg 1536w, https:\/\/loudavymkrokem.cz\/wp-content\/uploads\/2026\/07\/estonsko-clanky-tartu-co-videt-08-80x60.jpg 80w, https:\/\/loudavymkrokem.cz\/wp-content\/uploads\/2026\/07\/estonsko-clanky-tartu-co-videt-08-160x120.jpg 160w, https:\/\/loudavymkrokem.cz\/wp-content\/uploads\/2026\/07\/estonsko-clanky-tartu-co-videt-08-696x522.jpg 696w, https:\/\/loudavymkrokem.cz\/wp-content\/uploads\/2026\/07\/estonsko-clanky-tartu-co-videt-08-1392x1044.jpg 1392w\" sizes=\"(max-width: 1800px) 100vw, 1800px\" \/><button\n\t\t\tclass=\"lightbox-trigger\"\n\t\t\ttype=\"button\"\n\t\t\taria-haspopup=\"dialog\"\n\t\t\tdata-wp-bind--aria-label=\"state.thisImage.triggerButtonAriaLabel\"\n\t\t\tdata-wp-init=\"callbacks.initTriggerButton\"\n\t\t\tdata-wp-on--click=\"actions.showLightbox\"\n\t\t\tdata-wp-style--right=\"state.thisImage.buttonRight\"\n\t\t\tdata-wp-style--top=\"state.thisImage.buttonTop\"\n\t\t>\n\t\t\t<svg xmlns=\"http:\/\/www.w3.org\/2000\/svg\" width=\"12\" height=\"12\" fill=\"none\" viewBox=\"0 0 12 12\">\n\t\t\t\t<path fill=\"#fff\" d=\"M2 0a2 2 0 0 0-2 2v2h1.5V2a.5.5 0 0 1 .5-.5h2V0H2Zm2 10.5H2a.5.5 0 0 1-.5-.5V8H0v2a2 2 0 0 0 2 2h2v-1.5ZM8 12v-1.5h2a.5.5 0 0 0 .5-.5V8H12v2a2 2 0 0 1-2 2H8Zm2-12a2 2 0 0 1 2 2v2h-1.5V2a.5.5 0 0 0-.5-.5H8V0h2Z\" \/>\n\t\t\t<\/svg>\n\t\t<\/button><figcaption class=\"wp-element-caption\">Foto: Adam Jones \/ Wikimedia Commons, CC BY-SA 2.0<\/figcaption><\/figure>\n\n\n\n<h3 class=\"wp-block-heading\"><span class=\"ez-toc-section\" id=\"3_A_Toomemagi_domb_es_a_gotikus_katedralis_romjai\"><\/span>3. A Toomem\u00e4gi domb \u00e9s a g\u00f3tikus katedr\u00e1lis romjai<span class=\"ez-toc-section-end\"><\/span><\/h3>\n\n\n\n<p class=\"wp-block-paragraph\">K\u00f6zvetlen\u00fcl a v\u00e1rosh\u00e1za m\u00f6g\u00f6tt emelkedik a kiterjedt, erd\u0151s Toomem\u00e4gi domb, amely az eg\u00e9sz v\u00e1ros z\u00f6ld t\u00fcdejek\u00e9nt m\u0171k\u00f6dik. Ez az \u00f3ri\u00e1si park tele van \u00f6reg f\u00e1kkal \u00e9s padokkal, \u00fagyhogy a di\u00e1kok <strong>sz\u00edvesen haszn\u00e1lj\u00e1k k\u00fclt\u00e9ri olvas\u00f3teremk\u00e9nt<\/strong> a vizsg\u00e1k el\u0151tt.<\/p>\n\n\n\n<p class=\"wp-block-paragraph\">Mag\u00e1n a domb tetej\u00e9n <strong>monument\u00e1lis t\u00e9glaromok<\/strong> tornyosulnak, egy 13. sz\u00e1zadi g\u00f3tikus katedr\u00e1lis maradv\u00e1nyai. Az \u00e9g fel\u00e9 mered\u0151, csupasz bolt\u00edvek hihetetlen\u00fcl titokzatos hangulatot \u00e1rasztanak, \u00e9s Tartu legszebb helyei k\u00f6z\u00e9 tartoznak.<\/p>\n\n\n\n<p class=\"wp-block-paragraph\">A katedr\u00e1lis egy r\u00e9sz\u00e9t a 19. sz\u00e1zadban \u00e1t\u00e9p\u00edtett\u00e9k, \u00e9s ma az <strong>egyetemi m\u00fazeum<\/strong> m\u0171k\u00f6dik benne, ahonnan a fennmaradt tornyokra felm\u00e1szva <strong>gy\u00f6ny\u00f6r\u0171 kil\u00e1t\u00e1s ny\u00edlik az eg\u00e9sz v\u00e1rosra<\/strong>.<\/p>\n\n\n\n<p class=\"wp-block-paragraph\">\ud83d\udca1 Tipp: A parki s\u00e9ta ingyenes, \u00e9s <strong>sz\u00e1nj r\u00e1 nyugodtan k\u00e9t \u00f3r\u00e1t<\/strong>. A tornyokba \u00e9s a m\u00fazeumba val\u00f3 bel\u00e9p\u00e9s t\u00e1j\u00e9koztat\u00f3 jelleggel 7 eur\u00f3 (kb. 2600 Ft).<\/p>\n\n\n\n<figure data-wp-context=\"{&quot;imageId&quot;:&quot;6a953aa8e2d48&quot;}\" data-wp-interactive=\"core\/image\" data-wp-key=\"6a953aa8e2d48\" class=\"wp-block-image size-full wp-lightbox-container\"><img decoding=\"async\" width=\"1800\" height=\"1350\" data-wp-class--hide=\"state.isContentHidden\" data-wp-class--show=\"state.isContentVisible\" data-wp-init=\"callbacks.setButtonStyles\" data-wp-on--click=\"actions.showLightbox\" data-wp-on--load=\"callbacks.setButtonStyles\" data-wp-on--pointerdown=\"actions.preloadImage\" data-wp-on--pointerenter=\"actions.preloadImageWithDelay\" data-wp-on--pointerleave=\"actions.cancelPreload\" data-wp-on-window--resize=\"callbacks.setButtonStyles\" src=\"https:\/\/loudavymkrokem.cz\/wp-content\/uploads\/2026\/07\/estonsko-clanky-tartu-co-videt-09.jpg\" alt=\"Angyalh\u00edd a Toomem\u00e4gin\" class=\"wp-image-350644\" title=\"\" srcset=\"https:\/\/loudavymkrokem.cz\/wp-content\/uploads\/2026\/07\/estonsko-clanky-tartu-co-videt-09.jpg 1800w, https:\/\/loudavymkrokem.cz\/wp-content\/uploads\/2026\/07\/estonsko-clanky-tartu-co-videt-09-300x225.jpg 300w, https:\/\/loudavymkrokem.cz\/wp-content\/uploads\/2026\/07\/estonsko-clanky-tartu-co-videt-09-700x525.jpg 700w, https:\/\/loudavymkrokem.cz\/wp-content\/uploads\/2026\/07\/estonsko-clanky-tartu-co-videt-09-768x576.jpg 768w, https:\/\/loudavymkrokem.cz\/wp-content\/uploads\/2026\/07\/estonsko-clanky-tartu-co-videt-09-1536x1152.jpg 1536w, https:\/\/loudavymkrokem.cz\/wp-content\/uploads\/2026\/07\/estonsko-clanky-tartu-co-videt-09-80x60.jpg 80w, https:\/\/loudavymkrokem.cz\/wp-content\/uploads\/2026\/07\/estonsko-clanky-tartu-co-videt-09-160x120.jpg 160w, https:\/\/loudavymkrokem.cz\/wp-content\/uploads\/2026\/07\/estonsko-clanky-tartu-co-videt-09-696x522.jpg 696w, https:\/\/loudavymkrokem.cz\/wp-content\/uploads\/2026\/07\/estonsko-clanky-tartu-co-videt-09-1392x1044.jpg 1392w\" sizes=\"(max-width: 1800px) 100vw, 1800px\" \/><button\n\t\t\tclass=\"lightbox-trigger\"\n\t\t\ttype=\"button\"\n\t\t\taria-haspopup=\"dialog\"\n\t\t\tdata-wp-bind--aria-label=\"state.thisImage.triggerButtonAriaLabel\"\n\t\t\tdata-wp-init=\"callbacks.initTriggerButton\"\n\t\t\tdata-wp-on--click=\"actions.showLightbox\"\n\t\t\tdata-wp-style--right=\"state.thisImage.buttonRight\"\n\t\t\tdata-wp-style--top=\"state.thisImage.buttonTop\"\n\t\t>\n\t\t\t<svg xmlns=\"http:\/\/www.w3.org\/2000\/svg\" width=\"12\" height=\"12\" fill=\"none\" viewBox=\"0 0 12 12\">\n\t\t\t\t<path fill=\"#fff\" d=\"M2 0a2 2 0 0 0-2 2v2h1.5V2a.5.5 0 0 1 .5-.5h2V0H2Zm2 10.5H2a.5.5 0 0 1-.5-.5V8H0v2a2 2 0 0 0 2 2h2v-1.5ZM8 12v-1.5h2a.5.5 0 0 0 .5-.5V8H12v2a2 2 0 0 1-2 2H8Zm2-12a2 2 0 0 1 2 2v2h-1.5V2a.5.5 0 0 0-.5-.5H8V0h2Z\" \/>\n\t\t\t<\/svg>\n\t\t<\/button><figcaption class=\"wp-element-caption\">Foto: Tusklikupreili \/ Wikimedia Commons, CC BY-SA 4.0<\/figcaption><\/figure>\n\n\n\n<h3 class=\"wp-block-heading\"><span class=\"ez-toc-section\" id=\"4_Az_Angyalhid_es_az_Ordoghid_tele_babonaval\"><\/span>4. Az Angyalh\u00edd \u00e9s az \u00d6rd\u00f6gh\u00edd tele babon\u00e1val<span class=\"ez-toc-section-end\"><\/span><\/h3>\n\n\n\n<p class=\"wp-block-paragraph\">Amikor a Toomem\u00e4gi dombon s\u00e9t\u00e1lsz, biztosan r\u00e1bukkansz k\u00e9t h\u00edres h\u00eddra. A vil\u00e1gosabbat <strong>Angyalh\u00eddnak<\/strong> (Inglisild) h\u00edvj\u00e1k, \u00e9s az \u00fajj\u00e1alap\u00edtott egyetem els\u0151 rektor\u00e1nak tisztelet\u00e9re \u00e9p\u00edtett\u00e9k.<\/p>\n\n\n\n<p class=\"wp-block-paragraph\">Ehhez a h\u00eddhoz egy sz\u00e9p di\u00e1kbabona kapcsol\u00f3dik. Azt mondj\u00e1k, amikor el\u0151sz\u00f6r m\u00e9sz \u00e1t rajta, <strong>vissza kell tartanod a l\u00e9legzeted<\/strong>, \u00e9s k\u00edv\u00e1nnod kell valamit. Ha eljutsz a m\u00e1sik oldalig, a k\u00edv\u00e1ns\u00e1god garant\u00e1ltan teljes\u00fcl. Pr\u00f3b\u00e1lj azonban olyat k\u00edv\u00e1nni, amire kitart a leveg\u0151d, mert a h\u00edd nem \u00e9ppen a legr\u00f6videbb.<\/p>\n\n\n\n<p class=\"wp-block-paragraph\">Egy kicsivel arr\u00e9bb \u00e1ll a s\u00f6t\u00e9tebb <strong>\u00d6rd\u00f6gh\u00edd<\/strong> (Kuradisild), amelyet a Romanov-dinasztia \u00e9vfordul\u00f3j\u00e1ra \u00e9p\u00edtettek. A k\u00e9t \u00e9p\u00edtm\u00e9ny kontrasztja sz\u00e9pen kirajzolja az eg\u00e9sz domb t\u00f6rt\u00e9nelmi soksz\u00edn\u0171s\u00e9g\u00e9t.<\/p>\n\n\n\n<p class=\"wp-block-paragraph\">\ud83d\udca1 Tipp: A k\u00e9t h\u00edd megtekint\u00e9se \u00e9s a szerencse pr\u00f3b\u00e1lgat\u00e1sa visszatartott l\u00e9legzettel <strong>nagyj\u00e1b\u00f3l 30 percet<\/strong> vesz ig\u00e9nybe, \u00e9s term\u00e9szetesen ingyenes.<\/p>\n\n\n\n<figure data-wp-context=\"{&quot;imageId&quot;:&quot;6a953aa8e326b&quot;}\" data-wp-interactive=\"core\/image\" data-wp-key=\"6a953aa8e326b\" class=\"wp-block-image size-full wp-lightbox-container\"><img decoding=\"async\" width=\"1800\" height=\"1200\" data-wp-class--hide=\"state.isContentHidden\" data-wp-class--show=\"state.isContentVisible\" data-wp-init=\"callbacks.setButtonStyles\" data-wp-on--click=\"actions.showLightbox\" data-wp-on--load=\"callbacks.setButtonStyles\" data-wp-on--pointerdown=\"actions.preloadImage\" data-wp-on--pointerenter=\"actions.preloadImageWithDelay\" data-wp-on--pointerleave=\"actions.cancelPreload\" data-wp-on-window--resize=\"callbacks.setButtonStyles\" src=\"https:\/\/loudavymkrokem.cz\/wp-content\/uploads\/2026\/07\/estonsko-clanky-tartu-co-videt-10.jpg\" alt=\"Az AHHAA tudom\u00e1nyos k\u00f6zpont\" class=\"wp-image-350651\" title=\"\" srcset=\"https:\/\/loudavymkrokem.cz\/wp-content\/uploads\/2026\/07\/estonsko-clanky-tartu-co-videt-10.jpg 1800w, https:\/\/loudavymkrokem.cz\/wp-content\/uploads\/2026\/07\/estonsko-clanky-tartu-co-videt-10-300x200.jpg 300w, https:\/\/loudavymkrokem.cz\/wp-content\/uploads\/2026\/07\/estonsko-clanky-tartu-co-videt-10-700x467.jpg 700w, https:\/\/loudavymkrokem.cz\/wp-content\/uploads\/2026\/07\/estonsko-clanky-tartu-co-videt-10-768x512.jpg 768w, https:\/\/loudavymkrokem.cz\/wp-content\/uploads\/2026\/07\/estonsko-clanky-tartu-co-videt-10-1536x1024.jpg 1536w, https:\/\/loudavymkrokem.cz\/wp-content\/uploads\/2026\/07\/estonsko-clanky-tartu-co-videt-10-696x464.jpg 696w, https:\/\/loudavymkrokem.cz\/wp-content\/uploads\/2026\/07\/estonsko-clanky-tartu-co-videt-10-1392x928.jpg 1392w\" sizes=\"(max-width: 1800px) 100vw, 1800px\" \/><button\n\t\t\tclass=\"lightbox-trigger\"\n\t\t\ttype=\"button\"\n\t\t\taria-haspopup=\"dialog\"\n\t\t\tdata-wp-bind--aria-label=\"state.thisImage.triggerButtonAriaLabel\"\n\t\t\tdata-wp-init=\"callbacks.initTriggerButton\"\n\t\t\tdata-wp-on--click=\"actions.showLightbox\"\n\t\t\tdata-wp-style--right=\"state.thisImage.buttonRight\"\n\t\t\tdata-wp-style--top=\"state.thisImage.buttonTop\"\n\t\t>\n\t\t\t<svg xmlns=\"http:\/\/www.w3.org\/2000\/svg\" width=\"12\" height=\"12\" fill=\"none\" viewBox=\"0 0 12 12\">\n\t\t\t\t<path fill=\"#fff\" d=\"M2 0a2 2 0 0 0-2 2v2h1.5V2a.5.5 0 0 1 .5-.5h2V0H2Zm2 10.5H2a.5.5 0 0 1-.5-.5V8H0v2a2 2 0 0 0 2 2h2v-1.5ZM8 12v-1.5h2a.5.5 0 0 0 .5-.5V8H12v2a2 2 0 0 1-2 2H8Zm2-12a2 2 0 0 1 2 2v2h-1.5V2a.5.5 0 0 0-.5-.5H8V0h2Z\" \/>\n\t\t\t<\/svg>\n\t\t<\/button><figcaption class=\"wp-element-caption\">Foto: M\u00e4rt Kose \/ Wikimedia Commons, CC BY 4.0<\/figcaption><\/figure>\n\n\n\n<h3 class=\"wp-block-heading\"><span class=\"ez-toc-section\" id=\"5_Az_AHHAA_tudomanyos_kozpont\"><\/span>5. Az AHHAA tudom\u00e1nyos k\u00f6zpont<span class=\"ez-toc-section-end\"><\/span><\/h3>\n\n\n\n<p class=\"wp-block-paragraph\">Ha \u00e9rdekel a tudom\u00e1ny, vagy gyerekekkel utazol, ezt a helyet nem szabad kihagynod. Az AHHAA a <a href=\"https:\/\/ahhaa.ee\/\" rel=\"nofollow noopener\" target=\"_blank\"><strong>Baltikum legnagyobb tudom\u00e1nyos k\u00f6zpontja<\/strong><\/a>, \u00e9s igazi paradicsom a k\u00edv\u00e1ncsi term\u00e9szetek sz\u00e1m\u00e1ra.<\/p>\n\n\n\n<p class=\"wp-block-paragraph\">Ne sz\u00e1m\u00edts semmilyen unalmas vitrinre, itt <strong>mindent meg kell fognod \u00e9s ki kell pr\u00f3b\u00e1lnod<\/strong>. Ker\u00e9kp\u00e1rozhatsz egy magasan a mennyezet alatt kifesz\u00edtett k\u00f6t\u00e9len, elt\u00e9vedhetsz a t\u00fck\u00f6rlabirintusban, vagy felfedezheted a v\u00edzi vil\u00e1got.<\/p>\n\n\n\n<p class=\"wp-block-paragraph\">Ez egyben t\u00f6k\u00e9letes mened\u00e9k is arra az esetre, ha \u00c9sztorsz\u00e1gban nem lenne kegyes hozz\u00e1d az id\u0151j\u00e1r\u00e1s, \u00e9s eleredne az es\u0151. A bel\u00e9p\u0151jegyeket a hasonl\u00f3 attrakci\u00f3kba id\u0151nk\u00e9nt <strong>online is beszerezheted olyan port\u00e1lokon, mint a GetYourGuide<\/strong>.<\/p>\n\n\n\n<p class=\"wp-block-paragraph\">\ud83d\udca1 Tipp: A l\u00e1togat\u00e1s gond n\u00e9lk\u00fcl lek\u00f6t <strong>h\u00e1rom-n\u00e9gy \u00f3r\u00e1ra<\/strong>. A t\u00e1j\u00e9koztat\u00f3 bel\u00e9p\u0151 egy csal\u00e1dnak 45 eur\u00f3 (kb. 17 000 Ft) k\u00f6r\u00fcl van, egy feln\u0151tt 20 eur\u00f3t (kb. 7500 Ft) fizet.<\/p>\n\n\n\n<figure data-wp-context=\"{&quot;imageId&quot;:&quot;6a953aa8e3950&quot;}\" data-wp-interactive=\"core\/image\" data-wp-key=\"6a953aa8e3950\" class=\"wp-block-image size-full wp-lightbox-container\"><img decoding=\"async\" width=\"1800\" height=\"1200\" data-wp-class--hide=\"state.isContentHidden\" data-wp-class--show=\"state.isContentVisible\" data-wp-init=\"callbacks.setButtonStyles\" data-wp-on--click=\"actions.showLightbox\" data-wp-on--load=\"callbacks.setButtonStyles\" data-wp-on--pointerdown=\"actions.preloadImage\" data-wp-on--pointerenter=\"actions.preloadImageWithDelay\" data-wp-on--pointerleave=\"actions.cancelPreload\" data-wp-on-window--resize=\"callbacks.setButtonStyles\" src=\"https:\/\/loudavymkrokem.cz\/wp-content\/uploads\/2026\/07\/estonsko-clanky-tartu-co-videt-11.jpg\" alt=\"Az \u00c9szt Nemzeti M\u00fazeum egy egykori rep\u00fcl\u0151t\u00e9ren\" class=\"wp-image-350661\" title=\"\" srcset=\"https:\/\/loudavymkrokem.cz\/wp-content\/uploads\/2026\/07\/estonsko-clanky-tartu-co-videt-11.jpg 1800w, https:\/\/loudavymkrokem.cz\/wp-content\/uploads\/2026\/07\/estonsko-clanky-tartu-co-videt-11-300x200.jpg 300w, https:\/\/loudavymkrokem.cz\/wp-content\/uploads\/2026\/07\/estonsko-clanky-tartu-co-videt-11-700x467.jpg 700w, https:\/\/loudavymkrokem.cz\/wp-content\/uploads\/2026\/07\/estonsko-clanky-tartu-co-videt-11-768x512.jpg 768w, https:\/\/loudavymkrokem.cz\/wp-content\/uploads\/2026\/07\/estonsko-clanky-tartu-co-videt-11-1536x1024.jpg 1536w, https:\/\/loudavymkrokem.cz\/wp-content\/uploads\/2026\/07\/estonsko-clanky-tartu-co-videt-11-696x464.jpg 696w, https:\/\/loudavymkrokem.cz\/wp-content\/uploads\/2026\/07\/estonsko-clanky-tartu-co-videt-11-1392x928.jpg 1392w\" sizes=\"(max-width: 1800px) 100vw, 1800px\" \/><button\n\t\t\tclass=\"lightbox-trigger\"\n\t\t\ttype=\"button\"\n\t\t\taria-haspopup=\"dialog\"\n\t\t\tdata-wp-bind--aria-label=\"state.thisImage.triggerButtonAriaLabel\"\n\t\t\tdata-wp-init=\"callbacks.initTriggerButton\"\n\t\t\tdata-wp-on--click=\"actions.showLightbox\"\n\t\t\tdata-wp-style--right=\"state.thisImage.buttonRight\"\n\t\t\tdata-wp-style--top=\"state.thisImage.buttonTop\"\n\t\t>\n\t\t\t<svg xmlns=\"http:\/\/www.w3.org\/2000\/svg\" width=\"12\" height=\"12\" fill=\"none\" viewBox=\"0 0 12 12\">\n\t\t\t\t<path fill=\"#fff\" d=\"M2 0a2 2 0 0 0-2 2v2h1.5V2a.5.5 0 0 1 .5-.5h2V0H2Zm2 10.5H2a.5.5 0 0 1-.5-.5V8H0v2a2 2 0 0 0 2 2h2v-1.5ZM8 12v-1.5h2a.5.5 0 0 0 .5-.5V8H12v2a2 2 0 0 1-2 2H8Zm2-12a2 2 0 0 1 2 2v2h-1.5V2a.5.5 0 0 0-.5-.5H8V0h2Z\" \/>\n\t\t\t<\/svg>\n\t\t<\/button><figcaption class=\"wp-element-caption\">Foto: WanderingTrad \/ Wikimedia Commons, CC BY-SA 4.0<\/figcaption><\/figure>\n\n\n\n<h3 class=\"wp-block-heading\"><span class=\"ez-toc-section\" id=\"6_Az_Eszt_Nemzeti_Muzeum_ERM\"><\/span>6. Az \u00c9szt Nemzeti M\u00fazeum (ERM)<span class=\"ez-toc-section-end\"><\/span><\/h3>\n\n\n\n<p class=\"wp-block-paragraph\">M\u00e9g ha egy\u00e9bk\u00e9nt nem is keresed fel a m\u00fazeumokat, ez val\u00f3sz\u00edn\u0171leg le\u00fcltet a sz\u00e9kbe. Az <a href=\"https:\/\/www.erm.ee\/\" rel=\"nofollow noopener\" target=\"_blank\"><strong>\u00c9szt Nemzeti M\u00fazeum (ERM)<\/strong><\/a> a v\u00e1ros sz\u00e9l\u00e9n, a Raadi negyedben tal\u00e1lhat\u00f3, \u00e9s egy egykori szovjet katonai rep\u00fcl\u0151t\u00e9r hely\u00e9n \u00e1ll.<\/p>\n\n\n\n<p class=\"wp-block-paragraph\">Maga az \u00e9p\u00fclet <strong>hatalmas \u00e9p\u00edt\u00e9szeti diadal<\/strong>, egy \u00f3ri\u00e1si, <strong>350 m\u00e9ter hossz\u00fa \u00fcveg\u00e9k<\/strong>, amely folyamatosan csatlakozik a r\u00e9gi kifut\u00f3p\u00e1ly\u00e1hoz.<\/p>\n\n\n\n<p class=\"wp-block-paragraph\">Bel\u00fcl cs\u00facsmin\u0151s\u00e9gben kidolgozott, interakt\u00edv ki\u00e1ll\u00edt\u00e1sokat tal\u00e1lsz, amelyek \u00c9sztorsz\u00e1g \u00e9s a finnugor n\u00e9pek t\u00f6rt\u00e9nelm\u00e9t t\u00e9rk\u00e9pezik fel. Az \u00f6sszes sz\u00f6veg r\u00e1ad\u00e1sul speci\u00e1lis okosk\u00e1rty\u00e1kon van, amelyeket bel\u00e9p\u00e9skor a saj\u00e1t nyelvedre \u00e1ll\u00edtasz be, ami hihetetlen\u00fcl praktikus. K\u00fcl\u00f6n\u00f6sen er\u0151s a <strong>szovjet megsz\u00e1ll\u00e1s alatti mindennapi \u00e9letnek<\/strong> szentelt r\u00e9sz, amely sokat elmagyar\u00e1z a helyi mentalit\u00e1sr\u00f3l.<\/p>\n\n\n\n<p class=\"wp-block-paragraph\">\ud83d\udca1 Tipp: Erre a leny\u0171g\u00f6z\u0151 helyre sz\u00e1nj <strong>legal\u00e1bb h\u00e1rom \u00f3r\u00e1t<\/strong>. A t\u00e1j\u00e9koztat\u00f3 bel\u00e9p\u0151 nagyj\u00e1b\u00f3l 15 eur\u00f3 (kb. 5700 Ft).<\/p>\n\n\n\n<figure data-wp-context=\"{&quot;imageId&quot;:&quot;6a953aa8e409f&quot;}\" data-wp-interactive=\"core\/image\" data-wp-key=\"6a953aa8e409f\" class=\"wp-block-image size-full wp-lightbox-container\"><img decoding=\"async\" width=\"1800\" height=\"1224\" data-wp-class--hide=\"state.isContentHidden\" data-wp-class--show=\"state.isContentVisible\" data-wp-init=\"callbacks.setButtonStyles\" data-wp-on--click=\"actions.showLightbox\" data-wp-on--load=\"callbacks.setButtonStyles\" data-wp-on--pointerdown=\"actions.preloadImage\" data-wp-on--pointerenter=\"actions.preloadImageWithDelay\" data-wp-on--pointerleave=\"actions.cancelPreload\" data-wp-on-window--resize=\"callbacks.setButtonStyles\" src=\"https:\/\/loudavymkrokem.cz\/wp-content\/uploads\/2026\/07\/estonsko-clanky-tartu-co-videt-12.jpg\" alt=\"F\u00e1b\u00f3l \u00e9p\u00fclt h\u00e1zak a Supilinn negyedben\" class=\"wp-image-350671\" title=\"\" srcset=\"https:\/\/loudavymkrokem.cz\/wp-content\/uploads\/2026\/07\/estonsko-clanky-tartu-co-videt-12.jpg 1800w, https:\/\/loudavymkrokem.cz\/wp-content\/uploads\/2026\/07\/estonsko-clanky-tartu-co-videt-12-300x204.jpg 300w, https:\/\/loudavymkrokem.cz\/wp-content\/uploads\/2026\/07\/estonsko-clanky-tartu-co-videt-12-700x476.jpg 700w, https:\/\/loudavymkrokem.cz\/wp-content\/uploads\/2026\/07\/estonsko-clanky-tartu-co-videt-12-768x522.jpg 768w, https:\/\/loudavymkrokem.cz\/wp-content\/uploads\/2026\/07\/estonsko-clanky-tartu-co-videt-12-1536x1044.jpg 1536w, https:\/\/loudavymkrokem.cz\/wp-content\/uploads\/2026\/07\/estonsko-clanky-tartu-co-videt-12-696x473.jpg 696w, https:\/\/loudavymkrokem.cz\/wp-content\/uploads\/2026\/07\/estonsko-clanky-tartu-co-videt-12-1392x947.jpg 1392w\" sizes=\"(max-width: 1800px) 100vw, 1800px\" \/><button\n\t\t\tclass=\"lightbox-trigger\"\n\t\t\ttype=\"button\"\n\t\t\taria-haspopup=\"dialog\"\n\t\t\tdata-wp-bind--aria-label=\"state.thisImage.triggerButtonAriaLabel\"\n\t\t\tdata-wp-init=\"callbacks.initTriggerButton\"\n\t\t\tdata-wp-on--click=\"actions.showLightbox\"\n\t\t\tdata-wp-style--right=\"state.thisImage.buttonRight\"\n\t\t\tdata-wp-style--top=\"state.thisImage.buttonTop\"\n\t\t>\n\t\t\t<svg xmlns=\"http:\/\/www.w3.org\/2000\/svg\" width=\"12\" height=\"12\" fill=\"none\" viewBox=\"0 0 12 12\">\n\t\t\t\t<path fill=\"#fff\" d=\"M2 0a2 2 0 0 0-2 2v2h1.5V2a.5.5 0 0 1 .5-.5h2V0H2Zm2 10.5H2a.5.5 0 0 1-.5-.5V8H0v2a2 2 0 0 0 2 2h2v-1.5ZM8 12v-1.5h2a.5.5 0 0 0 .5-.5V8H12v2a2 2 0 0 1-2 2H8Zm2-12a2 2 0 0 1 2 2v2h-1.5V2a.5.5 0 0 0-.5-.5H8V0h2Z\" \/>\n\t\t\t<\/svg>\n\t\t<\/button><figcaption class=\"wp-element-caption\">Foto: Kurt Smith \/ Pexels<\/figcaption><\/figure>\n\n\n\n<!-- LKM_GYG_CARD start q=\"tartu\" lang=\"hu\" rendered=\"2026-08-31T06:21:19+00:00\" v=\"1\" -->\n<style id=\"lk-gyg-styles\">\n@import url(\"https:\/\/fonts.googleapis.com\/css2?family=Playfair+Display:wght@700&family=DM+Sans:wght@300;400;500;600&display=swap\");\n\/* === LK GYG karty \u2014 CRO redesign 2026-05 (namespace .lkx-) ===\n   C\u00edl: vy\u0161\u0161\u00ed CTR (hero + v\u00fdrazn\u00fd social proof + ak\u010dn\u00ed CTA, m\u00e9n\u011b \"reklamn\u00ed\").\n   Injektuje se inline do prvn\u00edho markeru postu (refresh_cards.py --inline-css). *\/\n.lkx-module, .lkx-module *{box-sizing:border-box;margin:0;padding:0}\n.lkx-module{\n  font-family:'DM Sans',-apple-system,Segoe UI,Roboto,Georgia,sans-serif;\n  max-width:860px;margin:2.5rem auto;color:#1f2328;\n}\n\n\/* HEADER \u2014 lehk\u00fd editorsk\u00fd, \u017e\u00e1dn\u00fd bannerov\u00fd blok; nadpis + popisek pod n\u00edm *\/\n.lkx-head{margin-bottom:16px}\n.lkx-head-main{display:flex;align-items:center;gap:10px}\n.lkx-head-accent{width:26px;height:3px;border-radius:2px;background:#c39f76;flex-shrink:0}\n.lkx-head-title{font-family:'Playfair Display',Georgia,serif;font-size:21px;font-weight:700;color:#1a1a1a;line-height:1.25}\n.lkx-head-meta{display:block;font-size:11px;letter-spacing:.3px;color:#9aa0a6;margin-top:4px;margin-left:36px}\n\n\/* HERO *\/\n.lkx-hero{display:grid;grid-template-columns:300px 1fr;background:#fff;border:1px solid #ece7df;border-radius:14px;overflow:hidden;text-decoration:none!important;color:inherit;box-shadow:0 6px 20px rgba(0,0,0,.06);transition:box-shadow .2s,transform .2s;margin-bottom:14px}\n.lkx-hero:hover{box-shadow:0 12px 30px rgba(0,0,0,.12);transform:translateY(-2px)}\n.lkx-hero-img{position:relative;min-height:230px;background-size:cover;background-position:center;background-color:#eee}\n.lkx-hero-body{padding:22px 24px;display:flex;flex-direction:column}\n.lkx-pick{position:absolute;top:12px;left:12px;background:#1a1a1a;color:#fff;font-size:11px;font-weight:700;letter-spacing:.5px;padding:5px 11px;border-radius:20px}\n\n\/* TITLE *\/\n.lkx-title{font-size:19px;font-weight:700;color:#161616;line-height:1.3}\n.lkx-title-sm{font-size:14.5px;line-height:1.35;display:-webkit-box;-webkit-line-clamp:2;-webkit-box-orient:vertical;overflow:hidden}\n\n\/* SOCIAL PROOF \u2014 v\u00fdrazn\u011b, naho\u0159e *\/\n.lkx-proof{display:flex;align-items:center;gap:7px;margin-top:12px;font-size:15px;color:#3a3a3a}\n.lkx-proof b{font-size:16px;color:#161616}\n.lkx-stars{color:#f5a623;letter-spacing:1px}\n.lkx-proof-sm{font-size:12.5px;margin-top:8px;gap:5px}\n.lkx-proof-sm b{font-size:13px}\n.lkx-proof-new{color:#3685fc;font-weight:600}\n\n\/* PRICE \u2014 n\u00edzk\u00e1 kotva *\/\n.lkx-price{font-size:14px;color:#6b7280}\n.lkx-price b{font-size:20px;color:#161616;font-weight:700}\n.lkx-price-sm b{font-size:15px}\n\n\/* CTA \u2014 tepl\u00e9 ak\u010dn\u00ed tla\u010d\u00edtko *\/\n.lkx-cta{display:inline-flex;align-items:center;justify-content:center;text-decoration:none!important;font-weight:700;color:#fff!important;background:linear-gradient(135deg,#f6743f,#e8552a);border-radius:10px;box-shadow:0 6px 16px rgba(232,85,42,.32);transition:box-shadow .2s}\n.lkx-cta-hero{font-size:15px;padding:13px 22px}\n.lkx-hero:hover .lkx-cta-hero{box-shadow:0 8px 22px rgba(232,85,42,.45)}\n.lkx-cta-sm{font-size:12.5px;padding:9px 14px;width:100%;margin-top:2px}\n.lkx-hero-bottom{margin-top:auto;padding-top:18px;display:flex;align-items:center;justify-content:space-between;gap:14px;flex-wrap:wrap}\n\n\/* BADGE \u2014 jeden v\u00fdrazn\u00fd na fotce *\/\n.lkx-badge{position:absolute;top:12px;right:12px;font-size:10.5px;font-weight:700;letter-spacing:.3px;padding:5px 10px;border-radius:16px;color:#fff}\n.lkx-badge.badge-urgency{background:rgba(214,40,40,.92)}\n.lkx-badge.badge-new{background:rgba(54,133,252,.92)}\n.lkx-badge.badge-top{background:rgba(195,159,118,.95)}\n.lkx-badge.badge-info{background:rgba(40,40,40,.78)}\n\n\/* SECONDARY GRID *\/\n.lkx-grid{display:grid;grid-template-columns:1fr 1fr;gap:14px}\n.lkx-card{background:#fff;border:1px solid #ece7df;border-radius:14px;overflow:hidden;text-decoration:none!important;color:inherit;box-shadow:0 4px 14px rgba(0,0,0,.05);display:flex;flex-direction:column;transition:box-shadow .2s,transform .2s}\n.lkx-card:hover{box-shadow:0 10px 24px rgba(0,0,0,.1);transform:translateY(-2px)}\n.lkx-card-img{position:relative;aspect-ratio:16\/10;background-size:cover;background-position:center;background-color:#eee}\n.lkx-card-body{padding:14px 16px 16px;display:flex;flex-direction:column;gap:7px;flex:1}\n.lkx-card-bottom{margin-top:auto;padding-top:10px;display:flex;align-items:center;justify-content:space-between;gap:8px}\n\n\/* DISCLOSURE \u2014 drobn\u00e1, kv\u016fli d\u016fv\u011b\u0159e\/z\u00e1konu *\/\n.lkx-disclosure{font-size:11px;color:#a7adb3;text-align:center;margin-top:14px;line-height:1.6}\n.lkx-disclosure a{color:#c39f76;text-decoration:none}\n\n@media(max-width:680px){\n  .lkx-hero{grid-template-columns:1fr}\n  .lkx-hero-img{min-height:180px}\n  .lkx-grid{grid-template-columns:1fr}\n  .lkx-head-meta{margin-left:0;width:100%}\n  .lkx-head-title{font-size:19px}\n}\n\n<\/style>\n<div class=\"lkx-module\" data-query=\"tartu\">\n  <div class=\"lkx-head\">\n    <div class=\"lkx-head-main\">\n      <span class=\"lkx-head-accent\"><\/span>\n      <span class=\"lkx-head-title\">\u00c9lm\u00e9nyek \u00e9s bel\u00e9p\u0151jegyek<\/span>\n    <\/div>\n    <span class=\"lkx-head-meta\">utaz\u00f3k \u00e1ltal \u00e9rt\u00e9kelve \u00b7 GetYourGuide<\/span>\n  <\/div><a class=\"lkx-hero\" href=\"https:\/\/www.getyourguide.com\/hu-hu\/tartu-l1996\/vana-lugu-tartui-torteneti-pillanatok-es-tortenetek-t1309634\/?partner_id=MKZ64IS&amp;utm_medium=online_publisher&amp;cmp=tartu-esztorszag-latnivalok\" target=\"_blank\" rel=\"sponsored noopener nofollow\">\n    <div class=\"lkx-hero-img\" style=\"background-image:url('https:\/\/cdn.getyourguide.com\/img\/tour\/2ebc002e7a10bd7e957508b61175b85938e9f3adfe617a00b910a2f0763ae5f2.png\/132.jpg')\" role=\"img\" aria-label=\"Vana Lugu: Tartui t\u00f6rt\u00e9neti pillanatok \u00e9s t\u00f6rt\u00e9netek\">\n      <span class=\"lkx-pick\">\u2605 A mi tipp\u00fcnk<\/span><\/div>\n    <div class=\"lkx-hero-body\">\n      <div class=\"lkx-title\">Vana Lugu: Tartui t\u00f6rt\u00e9neti pillanatok \u00e9s t\u00f6rt\u00e9netek<\/div>\n      <div class=\"lkx-proof\">\n      <span class=\"lkx-stars\">\u2605\u2605\u2605\u2605\u2605<\/span>\n      <b>5.0<\/b> \u00b7 15 \u00e9rt\u00e9kel\u00e9s\n    <\/div>\n      <div class=\"lkx-hero-bottom\"><div class=\"lkx-price\">m\u00e1r <b>30\u00a0EUR<\/b><\/div><span class=\"lkx-cta lkx-cta-hero\">Ezt az \u00e9lm\u00e9nyt akarom \u2192<\/span>\n      <\/div>\n    <\/div>\n  <\/a><div class=\"lkx-grid\"><a class=\"lkx-card\" href=\"https:\/\/www.getyourguide.com\/hu-hu\/tartu-l1996\/szanhuzo-kutya-kennel-latogatas-tartu-orszag-esztorszagban-t642891\/?partner_id=MKZ64IS&amp;utm_medium=online_publisher&amp;cmp=tartu-esztorszag-latnivalok\" target=\"_blank\" rel=\"sponsored noopener nofollow\">\n      <div class=\"lkx-card-img\" style=\"background-image:url('https:\/\/cdn.getyourguide.com\/img\/tour\/205606d20c428a654c402720ec10beee113896ed9a7845a0b1cf67adc1edf4e8.jpg\/132.jpg')\" role=\"img\" aria-label=\"SZ\u00c1NK\u00d3KUTYAKENNEL L\u00c1TOGAT\u00c1S TARTU VID\u00c9K\u00c9N, \u00c9SZTORSZ\u00c1GON\"><\/div>\n      <div class=\"lkx-card-body\">\n        <div class=\"lkx-title lkx-title-sm\">SZ\u00c1NK\u00d3KUTYAKENNEL L\u00c1TOGAT\u00c1S TARTU VID\u00c9K\u00c9N, \u00c9SZTORSZ\u00c1GON<\/div>\n        <div class=\"lkx-proof lkx-proof-sm\">\n      <span class=\"lkx-stars\">\u2605<\/span>\n      <b>5.0<\/b> \u00b7 10\n    <\/div>\n        <div class=\"lkx-card-bottom\"><span class=\"lkx-price lkx-price-sm\">m\u00e1r <b>70\u00a0EUR<\/b><\/span><span class=\"lkx-cta lkx-cta-sm\">Id\u0151pontok megtekint\u00e9se \u2192<\/span>\n        <\/div>\n      <\/div>\n    <\/a><a class=\"lkx-card\" href=\"https:\/\/www.getyourguide.com\/hu-hu\/tartu-l1996\/tartu-videke-szanhuzo-kutya-tura-es-kennel-latogatas-t667264\/?partner_id=MKZ64IS&amp;utm_medium=online_publisher&amp;cmp=tartu-esztorszag-latnivalok\" target=\"_blank\" rel=\"sponsored noopener nofollow\">\n      <div class=\"lkx-card-img\" style=\"background-image:url('https:\/\/cdn.getyourguide.com\/img\/tour\/84341f23c38b25b999389767bddecd2fca18d44dbbea960dee6da109ceea21d3.jpg\/132.jpg')\" role=\"img\" aria-label=\"TARTU VID\u00c9KE: KUTYASZ\u00c1N-T\u00daRA \u00c9S KENNELL\u00c1TOGAT\u00c1S\"><\/div>\n      <div class=\"lkx-card-body\">\n        <div class=\"lkx-title lkx-title-sm\">TARTU VID\u00c9KE: KUTYASZ\u00c1N-T\u00daRA \u00c9S KENNELL\u00c1TOGAT\u00c1S<\/div>\n        <div class=\"lkx-proof lkx-proof-sm\">\n      <span class=\"lkx-stars\">\u2605<\/span>\n      <b>4.9<\/b> \u00b7 12\n    <\/div>\n        <div class=\"lkx-card-bottom\"><span class=\"lkx-price lkx-price-sm\">m\u00e1r <b>180\u00a0EUR<\/b><\/span><span class=\"lkx-cta lkx-cta-sm\">Id\u0151pontok megtekint\u00e9se \u2192<\/span>\n        <\/div>\n      <\/div>\n    <\/a><\/div><div class=\"lkx-disclosure\">\ud83d\udd17 A linkek partnerlinkek \u2014 az \u00e1rat nem v\u00e1ltoztatj\u00e1k, nek\u00fcnk viszont seg\u00edtenek a tartalomk\u00e9sz\u00edt\u00e9sben. \u00b7 <a href=\"https:\/\/www.getyourguide.com\/hu-hu\/s\/?q=tartu&amp;partner_id=MKZ64IS&amp;utm_medium=online_publisher\" target=\"_blank\" rel=\"sponsored noopener nofollow\">\u00d6sszes \u00e9lm\u00e9ny \u2192<\/a><\/div>\n<\/div>\n<!-- LKM_GYG_CARD end -->\n\n\n\n\n<div class=\"lk-stays-module\">\n<style>\n\/* \u2500\u2500\u2500 RESET PRO GUTENBERG \u2500\u2500\u2500 *\/\n.lk-stays-module * { box-sizing: border-box; margin: 0; padding: 0; }\n\n\/* \u2500\u2500\u2500 WRAPPER \u2500\u2500\u2500 *\/\n.lk-stays-module {\n  font-family: 'DM Sans', Georgia, sans-serif;\n  max-width: 100%;\n  margin: 2.5rem auto;\n  background: linear-gradient(135deg, #fdfaf5 0%, #fcf8f0 100%);\n  border: 1px solid #e8dfd4;\n  border-radius: 16px;\n  overflow: hidden;\n  box-shadow: 0 16px 48px rgba(195, 159, 118, 0.25), 0 4px 12px rgba(0,0,0,0.08);\n}\n\n\/* \u2500\u2500\u2500 HEADER \u2500\u2500\u2500 *\/\n.lk-stays-header {\n  position: relative;\n  padding: 24px 36px 24px;\n  background: linear-gradient(135deg, #c39f76 0%, #d4b188 60%, #c39f76 100%);\n  border-bottom: 1px solid rgba(255,255,255,.15);\n  display: flex;\n  align-items: center;\n  gap: 18px;\n}\n.lk-stays-header::before {\n  content: '';\n  position: absolute;\n  inset: 0;\n  background: url(\"data:image\/svg+xml,%3Csvg width='60' height='60' viewBox='0 0 60 60' xmlns='http:\/\/www.w3.org\/2000\/svg'%3E%3Cg fill='none' fill-rule='evenodd'%3E%3Cg fill='%23ffffff' fill-opacity='0.05'%3E%3Cpath d='M36 34v-4h-2v4h-4v2h4v4h2v-4h4v-2h-4zm0-30V0h-2v4h-4v2h4v4h2V6h4V4h-4zM6 34v-4H4v4H0v2h4v4h2v-4h4v-2H6zM6 4V0H4v4H0v2h4v4h2V6h4V4H6z'\/%3E%3C\/g%3E%3C\/g%3E%3C\/svg%3E\") repeat;\n  pointer-events: none;\n}\n.lk-stays-icon {\n  flex-shrink: 0;\n  width: 68px;\n  height: 68px;\n  border-radius: 14px;\n  background: linear-gradient(135deg, #fff 0%, #f9f6f0 100%);\n  display: flex;\n  align-items: center;\n  justify-content: center;\n  font-size: 26px;\n  box-shadow: 0 4px 12px rgba(0,0,0,0.15);\n}\n.lk-stays-eyebrow {\n  font-size: 10px;\n  font-weight: 500;\n  letter-spacing: 2.5px;\n  text-transform: uppercase;\n  color: rgba(255,255,255,.85);\n  margin: 0 0 5px 0;\n}\n.lk-stays-title {\n  font-family: 'Playfair Display', Georgia, serif;\n  font-size: 24px;\n  font-weight: 700;\n  color: #fff;\n  line-height: 1.2;\n  text-shadow: 0 1px 2px rgba(0,0,0,0.1);\n  margin: 0;\n}\n.lk-stays-subtitle {\n  font-size: 13px;\n  color: rgba(255,255,255,.75);\n  margin: 4px 0 0 0;\n  font-weight: 300;\n}\n\n\/* \u2500\u2500\u2500 CARDS GRID \u2500\u2500\u2500 *\/\n.lk-stays-grid {\n  display: grid;\n  grid-template-columns: 1fr 1fr;\n  gap: 1px;\n  background: rgba(195, 159, 118, 0.12);\n}\n\n\/* \u2500\u2500\u2500 SINGLE CARD \u2500\u2500\u2500 *\/\n.lk-stay-card {\n  background: #ffffff;\n  padding: 26px;\n  display: flex;\n  flex-direction: column;\n  gap: 11px;\n  transition: all 0.3s ease;\n  text-decoration: none;\n  color: inherit;\n  position: relative;\n}\n.lk-stay-card:hover {\n  background: #fffbf5;\n  transform: translateY(-2px);\n  box-shadow: 0 8px 24px rgba(195, 159, 118, 0.18);\n  z-index: 1;\n}\n.lk-stay-card.featured {\n  background: linear-gradient(135deg, #fffdf9 0%, #fff9f0 100%);\n  box-shadow: 0 4px 16px rgba(195, 159, 118, 0.15), inset 0 1px 0 rgba(195, 159, 118, 0.1);\n}\n.lk-stay-card.featured:hover {\n  background: linear-gradient(135deg, #fffbf5 0%, #fff8ed 100%);\n  box-shadow: 0 8px 24px rgba(195, 159, 118, 0.25), inset 0 1px 0 rgba(195, 159, 118, 0.15);\n}\n\n.lk-stay-badge {\n  display: inline-flex;\n  align-items: center;\n  gap: 5px;\n  font-size: 10px;\n  font-weight: 500;\n  letter-spacing: 1.5px;\n  text-transform: uppercase;\n  padding: 5px 11px;\n  border-radius: 20px;\n  width: fit-content;\n}\n.badge-top     { background: linear-gradient(135deg, #c39f76 0%, #d4b188 100%); color: #fff; border: 1px solid #c39f76; font-weight: 600; box-shadow: 0 2px 8px rgba(195,159,118,0.3); }\n.badge-luxury  { background: rgba(195,159,118,.12); color: #c39f76; border: 1px solid rgba(195,159,118,.25); }\n.badge-boutique{ background: rgba(54,133,252,.08); color: #3685fc; border: 1px solid rgba(54,133,252,.2); }\n.badge-nature  { background: rgba(130,190,100,.1); color: #6b9c4a; border: 1px solid rgba(130,190,100,.2); }\n.badge-remote  { background: rgba(195,159,118,.12); color: #a67e50; border: 1px solid rgba(195,159,118,.25); }\n\n.lk-stay-name {\n  font-family: 'Playfair Display', Georgia, serif;\n  font-size: 18px;\n  font-weight: 700;\n  color: #111827;\n  line-height: 1.3;\n}\n.lk-stay-desc {\n  font-size: 13.5px;\n  color: #525252;\n  line-height: 1.65;\n  font-weight: 300;\n  flex: 1;\n}\n\n.lk-stay-meta {\n  display: flex;\n  align-items: center;\n  gap: 12px;\n  flex-wrap: wrap;\n  margin-top: 4px;\n}\n.lk-stay-price {\n  font-size: 13px;\n  color: #6b7280;\n}\n.lk-stay-price strong {\n  color: #c39f76;\n  font-weight: 500;\n}\n.lk-stay-stars {\n  color: #c39f76;\n  font-size: 11px;\n  letter-spacing: 1px;\n}\n\n\/* \u2500\u2500\u2500 CTA BUTTON \u2500\u2500\u2500 *\/\n.lk-stay-cta {\n  display: inline-flex;\n  align-items: center;\n  justify-content: center;\n  gap: 7px;\n  margin-top: 8px;\n  padding: 11px 20px;\n  border-radius: 8px;\n  background: linear-gradient(135deg, #3685fc 0%, #2a6fd9 100%);\n  color: #fff;\n  font-size: 13px;\n  font-weight: 500;\n  text-decoration: none;\n  letter-spacing: .3px;\n  transition: all .2s ease;\n  cursor: pointer;\n  border: none;\n  text-align: center;\n  box-shadow: 0 4px 12px rgba(54, 133, 252, 0.25);\n}\n.lk-stay-cta:hover {\n  background: linear-gradient(135deg, #2a6fd9 0%, #1e5bc4 100%);\n  transform: translateY(-1px);\n  box-shadow: 0 6px 16px rgba(54, 133, 252, 0.35);\n}\n.lk-stay-cta svg { flex-shrink: 0; }\n\n\/* \u2500\u2500\u2500 FOOTER \u2500\u2500\u2500 *\/\n.lk-stays-footer {\n  padding: 18px 36px;\n  background: linear-gradient(to bottom, #fdfaf5 0%, #f9f4ed 100%);\n  border-top: 1px solid rgba(195, 159, 118, 0.15);\n  display: flex;\n  align-items: center;\n  justify-content: space-between;\n  flex-wrap: wrap;\n  gap: 12px;\n}\n.lk-stays-footer-note {\n  font-size: 11.5px;\n  color: #6b7280;\n  font-weight: 300;\n  line-height: 1.5;\n}\n.lk-stays-footer-note a {\n  color: #c39f76;\n  text-decoration: none;\n  font-weight: 400;\n}\n.lk-stays-footer-note a:hover {\n  text-decoration: underline;\n}\n.lk-stays-all-btn {\n  display: inline-flex;\n  align-items: center;\n  gap: 6px;\n  font-size: 12.5px;\n  font-weight: 500;\n  color: #c39f76;\n  text-decoration: none;\n  border: 1px solid rgba(195, 159, 118, 0.35);\n  padding: 8px 18px;\n  border-radius: 8px;\n  transition: all .2s ease;\n}\n.lk-stays-all-btn:hover {\n  background: rgba(195, 159, 118, 0.08);\n  border-color: rgba(195, 159, 118, 0.5);\n}\n\n\/* \u2500\u2500\u2500 RESPONSIVE \u2500\u2500\u2500 *\/\n@media (max-width: 600px) {\n  .lk-stays-grid { grid-template-columns: 1fr; }\n  .lk-stays-header { padding: 24px 20px; }\n  .lk-stays-footer { padding: 16px 20px; }\n  .lk-stay-card { padding: 22px; }\n  .lk-stays-title { font-size: 20px; }\n}\n<\/style>\n\n  <!-- HEADER -->\n  <div class=\"lk-stays-header\">\n    <img decoding=\"async\" src=\"https:\/\/loudavymkrokem.cz\/wp-content\/uploads\/2026\/02\/lukas-a-lucka.jpg\" alt=\"\" style=\"width: 75px; height: 75px; border-radius: 8px; flex-shrink: 0; object-fit: cover; display: block; margin: 4px 0;\" title=\"\">\n    <div class=\"lk-stays-header-text\">\n      <div class=\"lk-stays-eyebrow\">Luk\u00e1\u0161 \u00e9s Lucie aj\u00e1nlj\u00e1k<\/div>\n      <div class=\"lk-stays-title\">Hol sz\u00e1lljon meg Tartuban<\/div>\n      <div class=\"lk-stays-subtitle\">6 sz\u00e1ll\u00e1shely \u2014 hotelek, wellness hotelek \u00e9s egy\u00e9b sz\u00e1ll\u00e1slehet\u0151s\u00e9gek<\/div>\n    <\/div>\n  <\/div>\n\n  <!-- CARDS -->\n  <div class=\"lk-stays-grid\">\n\n    <a class=\"lk-stay-card featured\" href=\"https:\/\/www.stay22.com\/allez\/roam?aid=lukaskonecny&#038;campaign=loudavymkrokemcz&#038;campaign=hu&#038;campaign=tartu-co-videt&#038;hotelname=Lydia%20Hotel&#038;address=Tartu%2C%20Estonsko\" target=\"_blank\" rel=\"nofollow noopener\">\n      <span class=\"lk-stay-badge badge-top\">\u2b50 TOP V\u00c1LASZT\u00c1S<\/span>\n      <span class=\"lk-stay-badge badge-nature\">\ud83c\udfe8 Hotel<\/span>\n      <div class=\"lk-stay-name\">Lydia Hotel<\/div>\n      <div class=\"lk-stay-desc\">Az egyik legjobban \u00e9rt\u00e9kelt sz\u00e1ll\u00e1s a v\u00e1ros sz\u00edv\u00e9ben, medenc\u00e9vel \u00e9s szaun\u00e1val.<\/div>\n      <div class=\"lk-stay-meta\">\n        <span class=\"lk-stay-stars\">\u2605\u2605\u2605\u2605<\/span>\n        <span class=\"lk-stay-price\">\u00c1rak ellen\u0151rz\u00e9se<\/span>\n      <\/div>\n      <span class=\"lk-stay-cta\">\n        <svg width=\"14\" height=\"14\" viewBox=\"0 0 24 24\" fill=\"none\" stroke=\"currentColor\" stroke-width=\"2\"><path d=\"M18 13v6a2 2 0 0 1-2 2H5a2 2 0 0 1-2-2V8a2 2 0 0 1 2-2h6\"\/><polyline points=\"15 3 21 3 21 9\"\/><line x1=\"10\" y1=\"14\" x2=\"21\" y2=\"3\"\/><\/svg>\n        Ellen\u0151rizd az el\u00e9rhet\u0151s\u00e9get\n      <\/span>\n    <\/a>\n\n    <a class=\"lk-stay-card\" href=\"https:\/\/www.stay22.com\/allez\/roam?aid=lukaskonecny&#038;campaign=loudavymkrokemcz&#038;campaign=hu&#038;campaign=tartu-co-videt&#038;hotelname=V%20Spa%20Hotel%20and%20Conference%20centre&#038;address=Tartu%2C%20Estonsko\" target=\"_blank\" rel=\"nofollow noopener\">\n      <span class=\"lk-stay-badge badge-nature\">\u2b50 Luxury<\/span>\n      <div class=\"lk-stay-name\">V Spa Hotel and Conference centre<\/div>\n      <div class=\"lk-stay-desc\">Wellness \u00e9lm\u00e9ny igazi gy\u00f3gyf\u00fcrd\u0151 komplexummal k\u00f6zvetlen\u00fcl a hotelben.<\/div>\n      <div class=\"lk-stay-meta\">\n        <span class=\"lk-stay-stars\">\u2605\u2605\u2605\u2605<\/span>\n        <span class=\"lk-stay-price\">\u00c1rak ellen\u0151rz\u00e9se<\/span>\n      <\/div>\n      <span class=\"lk-stay-cta\">\n        <svg width=\"14\" height=\"14\" viewBox=\"0 0 24 24\" fill=\"none\" stroke=\"currentColor\" stroke-width=\"2\"><path d=\"M18 13v6a2 2 0 0 1-2 2H5a2 2 0 0 1-2-2V8a2 2 0 0 1 2-2h6\"\/><polyline points=\"15 3 21 3 21 9\"\/><line x1=\"10\" y1=\"14\" x2=\"21\" y2=\"3\"\/><\/svg>\n        Ellen\u0151rizd az el\u00e9rhet\u0151s\u00e9get\n      <\/span>\n    <\/a>\n\n    <a class=\"lk-stay-card\" href=\"https:\/\/www.stay22.com\/allez\/roam?aid=lukaskonecny&#038;campaign=loudavymkrokemcz&#038;campaign=hu&#038;campaign=tartu-co-videt&#038;hotelname=Hotel%20Antonius&#038;address=Tartu%2C%20Estonsko\" target=\"_blank\" rel=\"nofollow noopener\">\n      <span class=\"lk-stay-badge badge-nature\">\ud83c\udfe8 Hotel<\/span>\n      <div class=\"lk-stay-name\">Hotel Antonius<\/div>\n      <div class=\"lk-stay-desc\">Butikhotel t\u00f6rt\u00e9nelmi l\u00e9gk\u00f6rrel \u00e9s csod\u00e1latos antik bels\u0151 terekkel.<\/div>\n      <div class=\"lk-stay-meta\">\n        <span class=\"lk-stay-stars\">\u2605\u2605\u2605\u2605<\/span>\n        <span class=\"lk-stay-price\">\u00c1rak ellen\u0151rz\u00e9se<\/span>\n      <\/div>\n      <span class=\"lk-stay-cta\">\n        <svg width=\"14\" height=\"14\" viewBox=\"0 0 24 24\" fill=\"none\" stroke=\"currentColor\" stroke-width=\"2\"><path d=\"M18 13v6a2 2 0 0 1-2 2H5a2 2 0 0 1-2-2V8a2 2 0 0 1 2-2h6\"\/><polyline points=\"15 3 21 3 21 9\"\/><line x1=\"10\" y1=\"14\" x2=\"21\" y2=\"3\"\/><\/svg>\n        Ellen\u0151rizd az el\u00e9rhet\u0151s\u00e9get\n      <\/span>\n    <\/a>\n\n    <a class=\"lk-stay-card\" href=\"https:\/\/www.stay22.com\/allez\/roam?aid=lukaskonecny&#038;campaign=loudavymkrokemcz&#038;campaign=hu&#038;campaign=tartu-co-videt&#038;hotelname=Hektor%20Design%20Hostel&#038;address=Tartu%2C%20Estonsko\" target=\"_blank\" rel=\"nofollow noopener\">\n      <span class=\"lk-stay-badge badge-nature\">\ud83c\udfe1 Pension\/B&#038;B<\/span>\n      <div class=\"lk-stay-name\">Hektor Design Hostel<\/div>\n      <div class=\"lk-stay-desc\">St\u00edlusos hostel, amely a megfizethet\u0151s\u00e9get \u00f6tv\u00f6zi a kiv\u00e1l\u00f3 skandin\u00e1v diz\u00e1jnnal a korl\u00e1tozott k\u00f6lts\u00e9gvet\u00e9s\u0171 utaz\u00f3k sz\u00e1m\u00e1ra.<\/div>\n      <div class=\"lk-stay-meta\">\n        <span class=\"lk-stay-stars\">\u2605\u2605\u2605\u2605<\/span>\n        <span class=\"lk-stay-price\">\u00c1rak ellen\u0151rz\u00e9se<\/span>\n      <\/div>\n      <span class=\"lk-stay-cta\">\n        <svg width=\"14\" height=\"14\" viewBox=\"0 0 24 24\" fill=\"none\" stroke=\"currentColor\" stroke-width=\"2\"><path d=\"M18 13v6a2 2 0 0 1-2 2H5a2 2 0 0 1-2-2V8a2 2 0 0 1 2-2h6\"\/><polyline points=\"15 3 21 3 21 9\"\/><line x1=\"10\" y1=\"14\" x2=\"21\" y2=\"3\"\/><\/svg>\n        Ellen\u0151rizd az el\u00e9rhet\u0151s\u00e9get\n      <\/span>\n    <\/a>\n\n    <a class=\"lk-stay-card\" href=\"https:\/\/www.stay22.com\/allez\/roam?aid=lukaskonecny&#038;campaign=loudavymkrokemcz&#038;campaign=hu&#038;campaign=tartu-co-videt&#038;hotelname=Dorpat%20Hotel&#038;address=Tartu%2C%20Estonsko\" target=\"_blank\" rel=\"nofollow noopener\">\n      <span class=\"lk-stay-badge badge-nature\">\ud83c\udfe8 Hotel<\/span>\n      <div class=\"lk-stay-name\">Dorpat Hotel<\/div>\n      <div class=\"lk-stay-desc\">Megb\u00edzhat\u00f3 k\u00f6z\u00e9pkateg\u00f3ri\u00e1s v\u00e1laszt\u00e1s k\u00f6zvetlen\u00fcl az Emaj\u00f5gi foly\u00f3 partj\u00e1n.<\/div>\n      <div class=\"lk-stay-meta\">\n        <span class=\"lk-stay-stars\">\u2605\u2605\u2605\u2605<\/span>\n        <span class=\"lk-stay-price\">\u00c1rak ellen\u0151rz\u00e9se<\/span>\n      <\/div>\n      <span class=\"lk-stay-cta\">\n        <svg width=\"14\" height=\"14\" viewBox=\"0 0 24 24\" fill=\"none\" stroke=\"currentColor\" stroke-width=\"2\"><path d=\"M18 13v6a2 2 0 0 1-2 2H5a2 2 0 0 1-2-2V8a2 2 0 0 1 2-2h6\"\/><polyline points=\"15 3 21 3 21 9\"\/><line x1=\"10\" y1=\"14\" x2=\"21\" y2=\"3\"\/><\/svg>\n        Ellen\u0151rizd az el\u00e9rhet\u0151s\u00e9get\n      <\/span>\n    <\/a>\n\n    <a class=\"lk-stay-card\" href=\"https:\/\/www.stay22.com\/allez\/roam?aid=lukaskonecny&#038;campaign=loudavymkrokemcz&#038;campaign=hu&#038;campaign=tartucovidet&#038;address=tartu\" target=\"_blank\" rel=\"nofollow noopener\">\n      <span class=\"lk-stay-badge badge-nature\">\ud83d\udd0d Keres\u00e9s<\/span>\n      <div class=\"lk-stay-name\">\u00d6sszes sz\u00e1ll\u00e1shely megtekint\u00e9se Tartuban<\/div>\n      <div class=\"lk-stay-desc\">Fedezze fel az \u00f6sszes el\u00e9rhet\u0151 sz\u00e1ll\u00e1slehet\u0151s\u00e9get Tartuban, \u00e9s tal\u00e1lja meg a legjobbat az \u00d6n preferenci\u00e1i \u00e9s k\u00f6lts\u00e9gvet\u00e9se szerint.<\/div>\n      <div class=\"lk-stay-meta\">\n        <span class=\"lk-stay-stars\">\u2605\u2605\u2605\u2605<\/span>\n        <span class=\"lk-stay-price\">\u00c1rak \u00f6sszehasonl\u00edt\u00e1sa<\/span>\n      <\/div>\n      <span class=\"lk-stay-cta\">\n        <svg width=\"14\" height=\"14\" viewBox=\"0 0 24 24\" fill=\"none\" stroke=\"currentColor\" stroke-width=\"2\"><path d=\"M18 13v6a2 2 0 0 1-2 2H5a2 2 0 0 1-2-2V8a2 2 0 0 1 2-2h6\"\/><polyline points=\"15 3 21 3 21 9\"\/><line x1=\"10\" y1=\"14\" x2=\"21\" y2=\"3\"\/><\/svg>\n        Ellen\u0151rizd az el\u00e9rhet\u0151s\u00e9get\n      <\/span>\n    <\/a>\n\n  <\/div>\n\n  \n<\/div>\n\n\n\n\n<h3 class=\"wp-block-heading\"><span class=\"ez-toc-section\" id=\"7_A_fabol_epult_Supilinn_negyed_Levesvaros\"><\/span>7. A f\u00e1b\u00f3l \u00e9p\u00fclt Supilinn negyed (Levesv\u00e1ros)<span class=\"ez-toc-section-end\"><\/span><\/h3>\n\n\n\n<p class=\"wp-block-paragraph\">A belv\u00e1rost\u00f3l nem messze, a foly\u00f3 fel\u00e9 fekszik egy negyed, amely mintha az el\u0151z\u0151 sz\u00e1zadb\u00f3l pottyant volna ide. A Supilinnt <strong>r\u00e9gi, sz\u00ednes f\u00e1b\u00f3l \u00e9p\u00fclt h\u00e1zak labirintusa<\/strong> alkotja, amelyeknek hihetetlen b\u00e1juk van.<\/p>\n\n\n\n<p class=\"wp-block-paragraph\">A neve ford\u00edt\u00e1sban Levesv\u00e1rost jelent, \u00e9s abb\u00f3l ered, hogy a helyi utc\u00e1k <strong>k\u00fcl\u00f6nb\u00f6z\u0151 z\u00f6lds\u00e9gfajt\u00e1kr\u00f3l vannak elnevezve<\/strong>. R\u00e1bukkansz itt a Bors\u00f3, a Krumpli, a Bab vagy a Dinnye utc\u00e1ra.<\/p>\n\n\n\n<p class=\"wp-block-paragraph\">Kor\u00e1bban elhanyagolt munk\u00e1skol\u00f3nia volt, de ma <strong>keresett boh\u00e9m c\u00edm<\/strong>, tele k\u00f6z\u00f6ss\u00e9gi kertekkel \u00e9s utcai m\u0171v\u00e9szettel, ahol nyugodtan elveszel egy \u00f3r\u00e1ra a f\u00e9nyk\u00e9pez\u0151g\u00e9ppel.<\/p>\n\n\n\n<p class=\"wp-block-paragraph\">\ud83d\udca1 Tipp: Veszd el magad az utc\u00e1csk\u00e1kban a f\u00e9nyk\u00e9pez\u0151g\u00e9ppel a kezedben, a s\u00e9ta <strong>nagyj\u00e1b\u00f3l egy \u00f3r\u00e1t<\/strong> vesz ig\u00e9nybe, \u00e9s egy fill\u00e9rbe sem ker\u00fcl.<\/p>\n\n\n\n<figure data-wp-context=\"{&quot;imageId&quot;:&quot;6a953aa8e48b0&quot;}\" data-wp-interactive=\"core\/image\" data-wp-key=\"6a953aa8e48b0\" class=\"wp-block-image size-full wp-lightbox-container\"><img decoding=\"async\" width=\"1800\" height=\"1200\" data-wp-class--hide=\"state.isContentHidden\" data-wp-class--show=\"state.isContentVisible\" data-wp-init=\"callbacks.setButtonStyles\" data-wp-on--click=\"actions.showLightbox\" data-wp-on--load=\"callbacks.setButtonStyles\" data-wp-on--pointerdown=\"actions.preloadImage\" data-wp-on--pointerenter=\"actions.preloadImageWithDelay\" data-wp-on--pointerleave=\"actions.cancelPreload\" data-wp-on-window--resize=\"callbacks.setButtonStyles\" src=\"https:\/\/loudavymkrokem.cz\/wp-content\/uploads\/2026\/07\/estonsko-clanky-tartu-co-videt-13.jpg\" alt=\"Az Aparaaditehas kreat\u00edv k\u00f6zpont\" class=\"wp-image-350682\" title=\"\" srcset=\"https:\/\/loudavymkrokem.cz\/wp-content\/uploads\/2026\/07\/estonsko-clanky-tartu-co-videt-13.jpg 1800w, https:\/\/loudavymkrokem.cz\/wp-content\/uploads\/2026\/07\/estonsko-clanky-tartu-co-videt-13-300x200.jpg 300w, https:\/\/loudavymkrokem.cz\/wp-content\/uploads\/2026\/07\/estonsko-clanky-tartu-co-videt-13-700x467.jpg 700w, https:\/\/loudavymkrokem.cz\/wp-content\/uploads\/2026\/07\/estonsko-clanky-tartu-co-videt-13-768x512.jpg 768w, https:\/\/loudavymkrokem.cz\/wp-content\/uploads\/2026\/07\/estonsko-clanky-tartu-co-videt-13-1536x1024.jpg 1536w, https:\/\/loudavymkrokem.cz\/wp-content\/uploads\/2026\/07\/estonsko-clanky-tartu-co-videt-13-696x464.jpg 696w, https:\/\/loudavymkrokem.cz\/wp-content\/uploads\/2026\/07\/estonsko-clanky-tartu-co-videt-13-1392x928.jpg 1392w\" sizes=\"(max-width: 1800px) 100vw, 1800px\" \/><button\n\t\t\tclass=\"lightbox-trigger\"\n\t\t\ttype=\"button\"\n\t\t\taria-haspopup=\"dialog\"\n\t\t\tdata-wp-bind--aria-label=\"state.thisImage.triggerButtonAriaLabel\"\n\t\t\tdata-wp-init=\"callbacks.initTriggerButton\"\n\t\t\tdata-wp-on--click=\"actions.showLightbox\"\n\t\t\tdata-wp-style--right=\"state.thisImage.buttonRight\"\n\t\t\tdata-wp-style--top=\"state.thisImage.buttonTop\"\n\t\t>\n\t\t\t<svg xmlns=\"http:\/\/www.w3.org\/2000\/svg\" width=\"12\" height=\"12\" fill=\"none\" viewBox=\"0 0 12 12\">\n\t\t\t\t<path fill=\"#fff\" d=\"M2 0a2 2 0 0 0-2 2v2h1.5V2a.5.5 0 0 1 .5-.5h2V0H2Zm2 10.5H2a.5.5 0 0 1-.5-.5V8H0v2a2 2 0 0 0 2 2h2v-1.5ZM8 12v-1.5h2a.5.5 0 0 0 .5-.5V8H12v2a2 2 0 0 1-2 2H8Zm2-12a2 2 0 0 1 2 2v2h-1.5V2a.5.5 0 0 0-.5-.5H8V0h2Z\" \/>\n\t\t\t<\/svg>\n\t\t<\/button><figcaption class=\"wp-element-caption\">Foto: Ivo Kruusam\u00e4gi \/ Wikimedia Commons, CC BY-SA 4.0<\/figcaption><\/figure>\n\n\n\n<h3 class=\"wp-block-heading\"><span class=\"ez-toc-section\" id=\"8_Az_Aparaaditehas_kreativ_kozpont\"><\/span>8. Az Aparaaditehas kreat\u00edv k\u00f6zpont<span class=\"ez-toc-section-end\"><\/span><\/h3>\n\n\n\n<p class=\"wp-block-paragraph\">Hasonl\u00f3 hipszter \u00e1talakul\u00e1son ment \u00e1t az egykori szovjet Aparaaditehas gy\u00e1r is. Kor\u00e1bban h\u0171t\u0151berendez\u00e9seket \u00e9s titkos tengeralattj\u00e1r\u00f3-alkatr\u00e9szeket gy\u00e1rtottak itt, ma pedig ez <strong>Tartu v\u00e1lasza a tallinni Telliskivire<\/strong>.<\/p>\n\n\n\n<p class=\"wp-block-paragraph\">Ez az \u00f3ri\u00e1si ipari komplexum kreat\u00edv k\u00f6zpontt\u00e1 alakult. Az udvar tele van nyug\u00e1gyakkal, tal\u00e1lsz itt <strong>f\u00fcggetlen butikokat, m\u0171v\u00e9szeti m\u0171termeket<\/strong> \u00e9s teljesen remek k\u00e1v\u00e9z\u00f3kat k\u00fcl\u00f6nleges k\u00e1v\u00e9kkal. Felfedezel ott m\u00e9g antikv\u00e1riumokat \u00e9s helyi, fenntarthat\u00f3 designnal foglalkoz\u00f3 boltokat is.<\/p>\n\n\n\n<p class=\"wp-block-paragraph\">Pontosan az a hely, ahov\u00e1 a di\u00e1kok szombat d\u00e9lel\u0151tt <strong>brunchra \u00fclnek le<\/strong>, vagy laptoppal a kez\u00fckben dolgoznak.<\/p>\n\n\n\n<p class=\"wp-block-paragraph\">\ud83d\udca1 Tipp: A ter\u00fcletre a bel\u00e9p\u00e9s ingyenes, de mindenk\u00e9pp sz\u00e1nj <strong>egy-k\u00e9t \u00f3r\u00e1t<\/strong> a boltok felfedez\u00e9s\u00e9re \u00e9s a j\u00f3 \u00e9tel melletti \u00fcld\u00f6g\u00e9l\u00e9sre.<\/p>\n\n\n\n<figure data-wp-context=\"{&quot;imageId&quot;:&quot;6a953aa8e6371&quot;}\" data-wp-interactive=\"core\/image\" data-wp-key=\"6a953aa8e6371\" class=\"wp-block-image size-full wp-lightbox-container\"><img decoding=\"async\" width=\"1800\" height=\"970\" data-wp-class--hide=\"state.isContentHidden\" data-wp-class--show=\"state.isContentVisible\" data-wp-init=\"callbacks.setButtonStyles\" data-wp-on--click=\"actions.showLightbox\" data-wp-on--load=\"callbacks.setButtonStyles\" data-wp-on--pointerdown=\"actions.preloadImage\" data-wp-on--pointerenter=\"actions.preloadImageWithDelay\" data-wp-on--pointerleave=\"actions.cancelPreload\" data-wp-on-window--resize=\"callbacks.setButtonStyles\" src=\"https:\/\/loudavymkrokem.cz\/wp-content\/uploads\/2026\/07\/estonsko-clanky-tartu-co-videt-14.jpg\" alt=\"A Kaarsild \u00edves h\u00edd az Emaj\u00f5gi felett\" class=\"wp-image-350689\" title=\"\" srcset=\"https:\/\/loudavymkrokem.cz\/wp-content\/uploads\/2026\/07\/estonsko-clanky-tartu-co-videt-14.jpg 1800w, https:\/\/loudavymkrokem.cz\/wp-content\/uploads\/2026\/07\/estonsko-clanky-tartu-co-videt-14-300x162.jpg 300w, https:\/\/loudavymkrokem.cz\/wp-content\/uploads\/2026\/07\/estonsko-clanky-tartu-co-videt-14-700x377.jpg 700w, https:\/\/loudavymkrokem.cz\/wp-content\/uploads\/2026\/07\/estonsko-clanky-tartu-co-videt-14-768x414.jpg 768w, https:\/\/loudavymkrokem.cz\/wp-content\/uploads\/2026\/07\/estonsko-clanky-tartu-co-videt-14-1536x828.jpg 1536w, https:\/\/loudavymkrokem.cz\/wp-content\/uploads\/2026\/07\/estonsko-clanky-tartu-co-videt-14-696x375.jpg 696w, https:\/\/loudavymkrokem.cz\/wp-content\/uploads\/2026\/07\/estonsko-clanky-tartu-co-videt-14-1392x750.jpg 1392w\" sizes=\"(max-width: 1800px) 100vw, 1800px\" \/><button\n\t\t\tclass=\"lightbox-trigger\"\n\t\t\ttype=\"button\"\n\t\t\taria-haspopup=\"dialog\"\n\t\t\tdata-wp-bind--aria-label=\"state.thisImage.triggerButtonAriaLabel\"\n\t\t\tdata-wp-init=\"callbacks.initTriggerButton\"\n\t\t\tdata-wp-on--click=\"actions.showLightbox\"\n\t\t\tdata-wp-style--right=\"state.thisImage.buttonRight\"\n\t\t\tdata-wp-style--top=\"state.thisImage.buttonTop\"\n\t\t>\n\t\t\t<svg xmlns=\"http:\/\/www.w3.org\/2000\/svg\" width=\"12\" height=\"12\" fill=\"none\" viewBox=\"0 0 12 12\">\n\t\t\t\t<path fill=\"#fff\" d=\"M2 0a2 2 0 0 0-2 2v2h1.5V2a.5.5 0 0 1 .5-.5h2V0H2Zm2 10.5H2a.5.5 0 0 1-.5-.5V8H0v2a2 2 0 0 0 2 2h2v-1.5ZM8 12v-1.5h2a.5.5 0 0 0 .5-.5V8H12v2a2 2 0 0 1-2 2H8Zm2-12a2 2 0 0 1 2 2v2h-1.5V2a.5.5 0 0 0-.5-.5H8V0h2Z\" \/>\n\t\t\t<\/svg>\n\t\t<\/button><figcaption class=\"wp-element-caption\">Foto: Cayambe \/ Wikimedia Commons, CC BY-SA 4.0<\/figcaption><\/figure>\n\n\n\n<h3 class=\"wp-block-heading\"><span class=\"ez-toc-section\" id=\"9_Az_Emajogi_folyo_es_a_Kaarsild_ives_hid\"><\/span>9. Az Emaj\u00f5gi foly\u00f3 \u00e9s a Kaarsild \u00edves h\u00edd<span class=\"ez-toc-section-end\"><\/span><\/h3>\n\n\n\n<p class=\"wp-block-paragraph\">Tartut \u00e1tszeli a sz\u00e9les Emaj\u00f5gi foly\u00f3, amelynek partja szint\u00e9n kedvelt pihen\u0151z\u00f3na. Ny\u00e1ron <strong>k\u00fclt\u00e9ri k\u00e1v\u00e9z\u00f3k \u00e9s b\u00e1rok<\/strong> m\u0171k\u00f6dnek itt, ahol k\u00e9s\u0151 \u00e9jszak\u00e1ig pezseg az \u00e9let.<\/p>\n\n\n\n<p class=\"wp-block-paragraph\">A k\u00e9t partot a j\u00f3l l\u00e1that\u00f3 <strong>Kaarsild \u00edves h\u00edd<\/strong> k\u00f6ti \u00f6ssze, amely a h\u00e1bor\u00faban lerombolt eredeti k\u0151h\u00edd hely\u00e9n \u00e9p\u00fclt. A h\u00eddon csak gyalogos z\u00f3na vezet \u00e1t, \u00fagyhogy nyugodtan v\u00e9gigs\u00e9t\u00e1lhatsz rajta.<\/p>\n\n\n\n<p class=\"wp-block-paragraph\">A helyi hagyom\u00e1nyok szerint n\u00e9h\u00e1ny b\u00e1tor di\u00e1k id\u0151nk\u00e9nt <strong>egyenesen a magas \u00edv\u00e9n pr\u00f3b\u00e1l \u00e1tmenni a h\u00eddon<\/strong>, ami ugyan szigor\u00faan tilos, de legend\u00e1ss\u00e1 teszi a helyet.<\/p>\n\n\n\n<p class=\"wp-block-paragraph\">\ud83d\udca1 Tipp: Egy lass\u00fa s\u00e9ta a parton a h\u00eddra val\u00f3 kil\u00e1t\u00e1ssal <strong>k\u00f6r\u00fclbel\u00fcl 45 percet<\/strong> vesz ig\u00e9nybe. \u00c9jszaka a h\u00edd r\u00e1ad\u00e1sul gy\u00f6ny\u00f6r\u0171en ki van vil\u00e1g\u00edtva.<\/p>\n\n\n\n<figure data-wp-context=\"{&quot;imageId&quot;:&quot;6a953aa8e70e5&quot;}\" data-wp-interactive=\"core\/image\" data-wp-key=\"6a953aa8e70e5\" class=\"wp-block-image size-full wp-lightbox-container\"><img decoding=\"async\" width=\"1800\" height=\"1012\" data-wp-class--hide=\"state.isContentHidden\" data-wp-class--show=\"state.isContentVisible\" data-wp-init=\"callbacks.setButtonStyles\" data-wp-on--click=\"actions.showLightbox\" data-wp-on--load=\"callbacks.setButtonStyles\" data-wp-on--pointerdown=\"actions.preloadImage\" data-wp-on--pointerenter=\"actions.preloadImageWithDelay\" data-wp-on--pointerleave=\"actions.cancelPreload\" data-wp-on-window--resize=\"callbacks.setButtonStyles\" src=\"https:\/\/loudavymkrokem.cz\/wp-content\/uploads\/2026\/07\/estonsko-clanky-tartu-co-videt-15.jpg\" alt=\"Az egyetem botanikus kertje\" class=\"wp-image-350695\" title=\"\" srcset=\"https:\/\/loudavymkrokem.cz\/wp-content\/uploads\/2026\/07\/estonsko-clanky-tartu-co-videt-15.jpg 1800w, https:\/\/loudavymkrokem.cz\/wp-content\/uploads\/2026\/07\/estonsko-clanky-tartu-co-videt-15-300x169.jpg 300w, https:\/\/loudavymkrokem.cz\/wp-content\/uploads\/2026\/07\/estonsko-clanky-tartu-co-videt-15-700x394.jpg 700w, https:\/\/loudavymkrokem.cz\/wp-content\/uploads\/2026\/07\/estonsko-clanky-tartu-co-videt-15-768x432.jpg 768w, https:\/\/loudavymkrokem.cz\/wp-content\/uploads\/2026\/07\/estonsko-clanky-tartu-co-videt-15-1536x864.jpg 1536w, https:\/\/loudavymkrokem.cz\/wp-content\/uploads\/2026\/07\/estonsko-clanky-tartu-co-videt-15-696x391.jpg 696w, https:\/\/loudavymkrokem.cz\/wp-content\/uploads\/2026\/07\/estonsko-clanky-tartu-co-videt-15-1392x783.jpg 1392w\" sizes=\"(max-width: 1800px) 100vw, 1800px\" \/><button\n\t\t\tclass=\"lightbox-trigger\"\n\t\t\ttype=\"button\"\n\t\t\taria-haspopup=\"dialog\"\n\t\t\tdata-wp-bind--aria-label=\"state.thisImage.triggerButtonAriaLabel\"\n\t\t\tdata-wp-init=\"callbacks.initTriggerButton\"\n\t\t\tdata-wp-on--click=\"actions.showLightbox\"\n\t\t\tdata-wp-style--right=\"state.thisImage.buttonRight\"\n\t\t\tdata-wp-style--top=\"state.thisImage.buttonTop\"\n\t\t>\n\t\t\t<svg xmlns=\"http:\/\/www.w3.org\/2000\/svg\" width=\"12\" height=\"12\" fill=\"none\" viewBox=\"0 0 12 12\">\n\t\t\t\t<path fill=\"#fff\" d=\"M2 0a2 2 0 0 0-2 2v2h1.5V2a.5.5 0 0 1 .5-.5h2V0H2Zm2 10.5H2a.5.5 0 0 1-.5-.5V8H0v2a2 2 0 0 0 2 2h2v-1.5ZM8 12v-1.5h2a.5.5 0 0 0 .5-.5V8H12v2a2 2 0 0 1-2 2H8Zm2-12a2 2 0 0 1 2 2v2h-1.5V2a.5.5 0 0 0-.5-.5H8V0h2Z\" \/>\n\t\t\t<\/svg>\n\t\t<\/button><figcaption class=\"wp-element-caption\">Foto: Sillerkiil \/ Wikimedia Commons, CC BY-SA 4.0<\/figcaption><\/figure>\n\n\n\n<h3 class=\"wp-block-heading\"><span class=\"ez-toc-section\" id=\"10_Az_egyetem_botanikus_kertje\"><\/span>10. Az egyetem botanikus kertje<span class=\"ez-toc-section-end\"><\/span><\/h3>\n\n\n\n<p class=\"wp-block-paragraph\">A term\u00e9szet szerelmesei semmik\u00e9pp se hagyj\u00e1k ki az egyetemi botanikus kertet, amely <strong>csak egy karny\u00fajt\u00e1snyira fekszik a r\u00e9gi v\u00e1rosfalakt\u00f3l<\/strong>. Ez a Baltikum egyik legr\u00e9gebbi botanikus kertje, \u00e9s gy\u00f6ny\u00f6r\u0171 o\u00e1zisa a nyugalomnak.<\/p>\n\n\n\n<p class=\"wp-block-paragraph\">Prec\u00edzen karbantartott k\u00fclt\u00e9ri ki\u00e1ll\u00edt\u00e1sokat, tavacsk\u00e1kat \u00e9s n\u00f6v\u00e9nyek sz\u00e1zait tal\u00e1lod itt. <strong>Ide\u00e1lis hely egy d\u00e9lut\u00e1ni piknikhez<\/strong>, vagy csak egy csendes k\u00f6nyvolvas\u00e1shoz a padon.<\/p>\n\n\n\n<p class=\"wp-block-paragraph\">Enyhe d\u00edj\u00e9rt azt\u00e1n ben\u00e9zhetsz a <strong>nagy p\u00e1lma\u00fcvegh\u00e1zakba<\/strong> is, amelyek azonnal a tr\u00f3pusi \u00e9ghajlatra rep\u00edtenek.<\/p>\n\n\n\n<p class=\"wp-block-paragraph\">\ud83d\udca1 Tipp: A k\u00fclt\u00e9ri ter\u00fclet ingyenesen l\u00e1togathat\u00f3, az \u00fcvegh\u00e1zakba a bel\u00e9p\u00e9s <strong>t\u00e1j\u00e9koztat\u00f3 jelleggel 3 eur\u00f3<\/strong> (kb. 1100 Ft). A l\u00e1togat\u00e1s nagyj\u00e1b\u00f3l egy\u2013m\u00e1sf\u00e9l \u00f3r\u00e1t vesz ig\u00e9nybe.<\/p>\n\n\n\n<figure data-wp-context=\"{&quot;imageId&quot;:&quot;6a953aa8e9868&quot;}\" data-wp-interactive=\"core\/image\" data-wp-key=\"6a953aa8e9868\" class=\"wp-block-image size-full wp-lightbox-container\"><img decoding=\"async\" width=\"1800\" height=\"1350\" data-wp-class--hide=\"state.isContentHidden\" data-wp-class--show=\"state.isContentVisible\" data-wp-init=\"callbacks.setButtonStyles\" data-wp-on--click=\"actions.showLightbox\" data-wp-on--load=\"callbacks.setButtonStyles\" data-wp-on--pointerdown=\"actions.preloadImage\" data-wp-on--pointerenter=\"actions.preloadImageWithDelay\" data-wp-on--pointerleave=\"actions.cancelPreload\" data-wp-on-window--resize=\"callbacks.setButtonStyles\" src=\"https:\/\/loudavymkrokem.cz\/wp-content\/uploads\/2026\/07\/estonsko-clanky-tartu-co-videt-16.jpg\" alt=\"A tartui csillagvizsg\u00e1l\u00f3, amely az UNESCO list\u00e1j\u00e1n szerepel\" class=\"wp-image-350703\" title=\"\" srcset=\"https:\/\/loudavymkrokem.cz\/wp-content\/uploads\/2026\/07\/estonsko-clanky-tartu-co-videt-16.jpg 1800w, https:\/\/loudavymkrokem.cz\/wp-content\/uploads\/2026\/07\/estonsko-clanky-tartu-co-videt-16-300x225.jpg 300w, https:\/\/loudavymkrokem.cz\/wp-content\/uploads\/2026\/07\/estonsko-clanky-tartu-co-videt-16-700x525.jpg 700w, https:\/\/loudavymkrokem.cz\/wp-content\/uploads\/2026\/07\/estonsko-clanky-tartu-co-videt-16-768x576.jpg 768w, https:\/\/loudavymkrokem.cz\/wp-content\/uploads\/2026\/07\/estonsko-clanky-tartu-co-videt-16-1536x1152.jpg 1536w, https:\/\/loudavymkrokem.cz\/wp-content\/uploads\/2026\/07\/estonsko-clanky-tartu-co-videt-16-80x60.jpg 80w, https:\/\/loudavymkrokem.cz\/wp-content\/uploads\/2026\/07\/estonsko-clanky-tartu-co-videt-16-160x120.jpg 160w, https:\/\/loudavymkrokem.cz\/wp-content\/uploads\/2026\/07\/estonsko-clanky-tartu-co-videt-16-696x522.jpg 696w, https:\/\/loudavymkrokem.cz\/wp-content\/uploads\/2026\/07\/estonsko-clanky-tartu-co-videt-16-1392x1044.jpg 1392w\" sizes=\"(max-width: 1800px) 100vw, 1800px\" \/><button\n\t\t\tclass=\"lightbox-trigger\"\n\t\t\ttype=\"button\"\n\t\t\taria-haspopup=\"dialog\"\n\t\t\tdata-wp-bind--aria-label=\"state.thisImage.triggerButtonAriaLabel\"\n\t\t\tdata-wp-init=\"callbacks.initTriggerButton\"\n\t\t\tdata-wp-on--click=\"actions.showLightbox\"\n\t\t\tdata-wp-style--right=\"state.thisImage.buttonRight\"\n\t\t\tdata-wp-style--top=\"state.thisImage.buttonTop\"\n\t\t>\n\t\t\t<svg xmlns=\"http:\/\/www.w3.org\/2000\/svg\" width=\"12\" height=\"12\" fill=\"none\" viewBox=\"0 0 12 12\">\n\t\t\t\t<path fill=\"#fff\" d=\"M2 0a2 2 0 0 0-2 2v2h1.5V2a.5.5 0 0 1 .5-.5h2V0H2Zm2 10.5H2a.5.5 0 0 1-.5-.5V8H0v2a2 2 0 0 0 2 2h2v-1.5ZM8 12v-1.5h2a.5.5 0 0 0 .5-.5V8H12v2a2 2 0 0 1-2 2H8Zm2-12a2 2 0 0 1 2 2v2h-1.5V2a.5.5 0 0 0-.5-.5H8V0h2Z\" \/>\n\t\t\t<\/svg>\n\t\t<\/button><figcaption class=\"wp-element-caption\">Foto: Oth \/ Wikimedia Commons, CC BY-SA 3.0<\/figcaption><\/figure>\n\n\n\n<h3 class=\"wp-block-heading\"><span class=\"ez-toc-section\" id=\"11_A_tartui_csillagvizsgalo_az_UNESCO_listajan\"><\/span>11. A tartui csillagvizsg\u00e1l\u00f3 az UNESCO list\u00e1j\u00e1n<span class=\"ez-toc-section-end\"><\/span><\/h3>\n\n\n\n<p class=\"wp-block-paragraph\">K\u00f6zvetlen\u00fcl a Toomem\u00e4gi dombon tal\u00e1lsz m\u00e9g egy k\u00fcl\u00f6nlegess\u00e9get, a t\u00f6rt\u00e9nelmi egyetemi csillagvizsg\u00e1l\u00f3t. Ez a jellegtelen \u00e9p\u00fclet <strong>\u00f3ri\u00e1si szerepet j\u00e1tszott a vil\u00e1g csillag\u00e1szat\u00e1nak t\u00f6rt\u00e9net\u00e9ben<\/strong>.<\/p>\n\n\n\n<p class=\"wp-block-paragraph\">\u00c9pp innen vezette ugyanis a 19. sz\u00e1zadban Friedrich Georg Wilhelm von Struve csillag\u00e1sz a F\u00f6ld alakj\u00e1r\u00f3l \u00e9s m\u00e9ret\u00e9r\u0151l sz\u00f3l\u00f3 h\u00edres m\u00e9r\u00e9seit. Az \u00fagynevezett Struve-geod\u00e9ziai vonalnak k\u00f6sz\u00f6nhet\u0151en a csillagvizsg\u00e1l\u00f3 <strong>eg\u00e9szen az UNESCO vil\u00e1g\u00f6r\u00f6ks\u00e9gi list\u00e1j\u00e1ra ker\u00fclt<\/strong>.<\/p>\n\n\n\n<p class=\"wp-block-paragraph\">Bel\u00fcl megtekintheted a <strong>t\u00f6rt\u00e9nelmi t\u00e1vcs\u00f6veket \u00e9s a csillagos \u00e9g r\u00e9gi t\u00e9rk\u00e9peit<\/strong>, ami nemcsak a tudom\u00e1ny rajong\u00f3it ejti \u00e1mulatba, hanem mindenkit, aki szereti a r\u00e9gi m\u0171szereket.<\/p>\n\n\n\n<p class=\"wp-block-paragraph\">\ud83d\udca1 Tipp: A csillagvizsg\u00e1l\u00f3 belsej\u00e9ben l\u00e9v\u0151 m\u00fazeum megtekint\u00e9se <strong>k\u00f6r\u00fclbel\u00fcl egy \u00f3r\u00e1t<\/strong> vesz ig\u00e9nybe. A t\u00e1j\u00e9koztat\u00f3 bel\u00e9p\u0151 5 eur\u00f3 (kb. 1900 Ft) k\u00f6r\u00fcl mozog.<\/p>\n\n\n\n<figure data-wp-context=\"{&quot;imageId&quot;:&quot;6a953aa8eb067&quot;}\" data-wp-interactive=\"core\/image\" data-wp-key=\"6a953aa8eb067\" class=\"wp-block-image size-full wp-lightbox-container\"><img decoding=\"async\" width=\"1800\" height=\"1036\" data-wp-class--hide=\"state.isContentHidden\" data-wp-class--show=\"state.isContentVisible\" data-wp-init=\"callbacks.setButtonStyles\" data-wp-on--click=\"actions.showLightbox\" data-wp-on--load=\"callbacks.setButtonStyles\" data-wp-on--pointerdown=\"actions.preloadImage\" data-wp-on--pointerenter=\"actions.preloadImageWithDelay\" data-wp-on--pointerleave=\"actions.cancelPreload\" data-wp-on-window--resize=\"callbacks.setButtonStyles\" src=\"https:\/\/loudavymkrokem.cz\/wp-content\/uploads\/2026\/07\/estonsko-clanky-tartu-co-videt-17.jpg\" alt=\"A P\u00fcssirohukelder l\u0151porrakt\u00e1r\" class=\"wp-image-350709\" title=\"\" srcset=\"https:\/\/loudavymkrokem.cz\/wp-content\/uploads\/2026\/07\/estonsko-clanky-tartu-co-videt-17.jpg 1800w, https:\/\/loudavymkrokem.cz\/wp-content\/uploads\/2026\/07\/estonsko-clanky-tartu-co-videt-17-300x173.jpg 300w, https:\/\/loudavymkrokem.cz\/wp-content\/uploads\/2026\/07\/estonsko-clanky-tartu-co-videt-17-700x403.jpg 700w, https:\/\/loudavymkrokem.cz\/wp-content\/uploads\/2026\/07\/estonsko-clanky-tartu-co-videt-17-768x442.jpg 768w, https:\/\/loudavymkrokem.cz\/wp-content\/uploads\/2026\/07\/estonsko-clanky-tartu-co-videt-17-1536x884.jpg 1536w, https:\/\/loudavymkrokem.cz\/wp-content\/uploads\/2026\/07\/estonsko-clanky-tartu-co-videt-17-696x401.jpg 696w, https:\/\/loudavymkrokem.cz\/wp-content\/uploads\/2026\/07\/estonsko-clanky-tartu-co-videt-17-1392x801.jpg 1392w\" sizes=\"(max-width: 1800px) 100vw, 1800px\" \/><button\n\t\t\tclass=\"lightbox-trigger\"\n\t\t\ttype=\"button\"\n\t\t\taria-haspopup=\"dialog\"\n\t\t\tdata-wp-bind--aria-label=\"state.thisImage.triggerButtonAriaLabel\"\n\t\t\tdata-wp-init=\"callbacks.initTriggerButton\"\n\t\t\tdata-wp-on--click=\"actions.showLightbox\"\n\t\t\tdata-wp-style--right=\"state.thisImage.buttonRight\"\n\t\t\tdata-wp-style--top=\"state.thisImage.buttonTop\"\n\t\t>\n\t\t\t<svg xmlns=\"http:\/\/www.w3.org\/2000\/svg\" width=\"12\" height=\"12\" fill=\"none\" viewBox=\"0 0 12 12\">\n\t\t\t\t<path fill=\"#fff\" d=\"M2 0a2 2 0 0 0-2 2v2h1.5V2a.5.5 0 0 1 .5-.5h2V0H2Zm2 10.5H2a.5.5 0 0 1-.5-.5V8H0v2a2 2 0 0 0 2 2h2v-1.5ZM8 12v-1.5h2a.5.5 0 0 0 .5-.5V8H12v2a2 2 0 0 1-2 2H8Zm2-12a2 2 0 0 1 2 2v2h-1.5V2a.5.5 0 0 0-.5-.5H8V0h2Z\" \/>\n\t\t\t<\/svg>\n\t\t<\/button><figcaption class=\"wp-element-caption\">Foto: Lauri Veerde \/ Wikimedia Commons, CC BY-SA 4.0<\/figcaption><\/figure>\n\n\n\n<h3 class=\"wp-block-heading\"><span class=\"ez-toc-section\" id=\"12_Pussirohukelder_Loporraktar_rekordmagassagu_mennyezettel\"><\/span>12. P\u00fcssirohukelder (L\u0151porrakt\u00e1r) rekordmagass\u00e1g\u00fa mennyezettel<span class=\"ez-toc-section-end\"><\/span><\/h3>\n\n\n\n<p class=\"wp-block-paragraph\">Amikor lefel\u00e9 j\u00f6ssz a Toomem\u00e4gi dombr\u00f3l, nem hagyhatod ki a legend\u00e1s P\u00fcssirohukelder kocsm\u00e1t. Ez a hely ugyanis egy <strong>egykori l\u0151porrakt\u00e1rban<\/strong> m\u0171k\u00f6dik, amelyet k\u00f6zvetlen\u00fcl a domb meredek lejt\u0151j\u00e9be v\u00e1jtak.<\/p>\n\n\n\n<p class=\"wp-block-paragraph\">A kocsma r\u00e1ad\u00e1sul egy teljesen egyed\u00fcl\u00e1ll\u00f3 rekorddal b\u00fcszk\u00e9lkedik, \u00e1ll\u00edt\u00f3lag ugyanis <strong>Eur\u00f3pa legmagasabb kocsmamennyezete<\/strong> van itt. A helyiek szerint t\u00f6bb mint 10 m\u00e9tert m\u00e9r, \u00e9s az eg\u00e9sz t\u00e9rnek egy hatalmas barlang hangulat\u00e1t adja.<\/p>\n\n\n\n<p class=\"wp-block-paragraph\">B\u00e1r ide \u00e1ltal\u00e1ban este \u00fclnek be az emberek, azt aj\u00e1nlom, kukkants be napk\u00f6zben is, mert <strong>maga a v\u00f6r\u00f6s t\u00e9gl\u00e1s bels\u0151 t\u00e9r<\/strong> t\u00e9nyleg meg\u00e9ri a l\u00e1tv\u00e1nyt.<\/p>\n\n\n\n<p class=\"wp-block-paragraph\">\ud83d\udca1 Tipp: A l\u00e1togat\u00e1st \u00f6sszek\u00f6theted egy eb\u00e9ddel, az \u00fcld\u00f6g\u00e9l\u00e9s itt <strong>k\u00f6r\u00fclbel\u00fcl egy \u00f3r\u00e1t<\/strong> vesz ig\u00e9nybe. A bel\u00e9p\u00e9s term\u00e9szetesen ingyenes, csak a fogyaszt\u00e1sodat fizeted.<\/p>\n\n\n\n<figure data-wp-context=\"{&quot;imageId&quot;:&quot;6a953aa8ec1e4&quot;}\" data-wp-interactive=\"core\/image\" data-wp-key=\"6a953aa8ec1e4\" class=\"wp-block-image size-full wp-lightbox-container\"><img decoding=\"async\" width=\"1800\" height=\"1350\" data-wp-class--hide=\"state.isContentHidden\" data-wp-class--show=\"state.isContentVisible\" data-wp-init=\"callbacks.setButtonStyles\" data-wp-on--click=\"actions.showLightbox\" data-wp-on--load=\"callbacks.setButtonStyles\" data-wp-on--pointerdown=\"actions.preloadImage\" data-wp-on--pointerenter=\"actions.preloadImageWithDelay\" data-wp-on--pointerleave=\"actions.cancelPreload\" data-wp-on-window--resize=\"callbacks.setButtonStyles\" src=\"https:\/\/loudavymkrokem.cz\/wp-content\/uploads\/2026\/07\/estonsko-clanky-tartu-co-videt-18.jpg\" alt=\"Tartu mint Eur\u00f3pa kultur\u00e1lis f\u0151v\u00e1rosa\" class=\"wp-image-350715\" title=\"\" srcset=\"https:\/\/loudavymkrokem.cz\/wp-content\/uploads\/2026\/07\/estonsko-clanky-tartu-co-videt-18.jpg 1800w, https:\/\/loudavymkrokem.cz\/wp-content\/uploads\/2026\/07\/estonsko-clanky-tartu-co-videt-18-300x225.jpg 300w, https:\/\/loudavymkrokem.cz\/wp-content\/uploads\/2026\/07\/estonsko-clanky-tartu-co-videt-18-700x525.jpg 700w, https:\/\/loudavymkrokem.cz\/wp-content\/uploads\/2026\/07\/estonsko-clanky-tartu-co-videt-18-768x576.jpg 768w, https:\/\/loudavymkrokem.cz\/wp-content\/uploads\/2026\/07\/estonsko-clanky-tartu-co-videt-18-1536x1152.jpg 1536w, https:\/\/loudavymkrokem.cz\/wp-content\/uploads\/2026\/07\/estonsko-clanky-tartu-co-videt-18-80x60.jpg 80w, https:\/\/loudavymkrokem.cz\/wp-content\/uploads\/2026\/07\/estonsko-clanky-tartu-co-videt-18-160x120.jpg 160w, https:\/\/loudavymkrokem.cz\/wp-content\/uploads\/2026\/07\/estonsko-clanky-tartu-co-videt-18-696x522.jpg 696w, https:\/\/loudavymkrokem.cz\/wp-content\/uploads\/2026\/07\/estonsko-clanky-tartu-co-videt-18-1392x1044.jpg 1392w\" sizes=\"(max-width: 1800px) 100vw, 1800px\" \/><button\n\t\t\tclass=\"lightbox-trigger\"\n\t\t\ttype=\"button\"\n\t\t\taria-haspopup=\"dialog\"\n\t\t\tdata-wp-bind--aria-label=\"state.thisImage.triggerButtonAriaLabel\"\n\t\t\tdata-wp-init=\"callbacks.initTriggerButton\"\n\t\t\tdata-wp-on--click=\"actions.showLightbox\"\n\t\t\tdata-wp-style--right=\"state.thisImage.buttonRight\"\n\t\t\tdata-wp-style--top=\"state.thisImage.buttonTop\"\n\t\t>\n\t\t\t<svg xmlns=\"http:\/\/www.w3.org\/2000\/svg\" width=\"12\" height=\"12\" fill=\"none\" viewBox=\"0 0 12 12\">\n\t\t\t\t<path fill=\"#fff\" d=\"M2 0a2 2 0 0 0-2 2v2h1.5V2a.5.5 0 0 1 .5-.5h2V0H2Zm2 10.5H2a.5.5 0 0 1-.5-.5V8H0v2a2 2 0 0 0 2 2h2v-1.5ZM8 12v-1.5h2a.5.5 0 0 0 .5-.5V8H12v2a2 2 0 0 1-2 2H8Zm2-12a2 2 0 0 1 2 2v2h-1.5V2a.5.5 0 0 0-.5-.5H8V0h2Z\" \/>\n\t\t\t<\/svg>\n\t\t<\/button><figcaption class=\"wp-element-caption\">Foto: Loode-Boreaallane \/ Wikimedia Commons, CC BY-SA 4.0<\/figcaption><\/figure>\n\n\n\n<h2 class=\"wp-block-heading\"><span class=\"ez-toc-section\" id=\"Mi_maradt_Tartuban_Europa_kulturalis_fovarosabol\"><\/span>Mi maradt Tartuban Eur\u00f3pa kultur\u00e1lis f\u0151v\u00e1ros\u00e1b\u00f3l<span class=\"ez-toc-section-end\"><\/span><\/h2>\n\n\n\n<p class=\"wp-block-paragraph\">A 2024-es \u00e9v teljesen fordul\u00f3pont volt a v\u00e1ros sz\u00e1m\u00e1ra, mert b\u00fcszk\u00e9n viselte <strong>Eur\u00f3pa kultur\u00e1lis f\u0151v\u00e1rosa<\/strong> c\u00edmet. M\u00e1s v\u00e1rosokkal ellent\u00e9tben, ahol a t\u0171zij\u00e1t\u00e9kok ut\u00e1n csak ad\u00f3ss\u00e1g marad, itt kit\u0171n\u0151re siker\u00fclt, \u00e9s a pozit\u00edv hat\u00e1sok a mai napig tartanak.<\/p>\n\n\n\n<p class=\"wp-block-paragraph\">A hivatalos sz\u00e1mok szerint a program t\u00f6bb mint <strong>1,34 milli\u00f3 l\u00e1togat\u00f3t<\/strong> vonzott, ami minden v\u00e1rakoz\u00e1st teljesen fel\u00fclm\u00falt. A v\u00e1ros megszokta, hogy remek esem\u00e9nyeket rendez, a turist\u00e1k pedig megszokt\u00e1k, hogy j\u00f6nnek, \u00fagyhogy m\u00e9g 2025-ben is 15%-kal n\u0151tt a vend\u00e9g\u00e9jszak\u00e1k sz\u00e1ma, \u00e9s ez nem kev\u00e9s.<\/p>\n\n\n\n<p class=\"wp-block-paragraph\">Ebb\u0151l a kultur\u00e1lis dopping b\u00f3l Tartu tov\u00e1bb profit\u00e1l. Itt maradtak a <strong>sz\u00e9pen fel\u00faj\u00edtott parkok, az \u00faj k\u00f6z\u00f6ss\u00e9gi kertek<\/strong> \u00e9s rengeteg apr\u00f3 m\u0171v\u00e9szeti install\u00e1ci\u00f3 a k\u00f6zter\u00fcleten. A r\u00e9gi gy\u00e1rakban m\u0171k\u00f6d\u0151 kreat\u00edv k\u00f6zpontok teljes g\u0151zzel p\u00f6r\u00f6gnek, \u00e9s a v\u00e1ros fenntartja fantasztikus kultur\u00e1lis hangulat\u00e1t.<\/p>\n\n\n\n<figure data-wp-context=\"{&quot;imageId&quot;:&quot;6a953aa8ece5c&quot;}\" data-wp-interactive=\"core\/image\" data-wp-key=\"6a953aa8ece5c\" class=\"wp-block-image size-full wp-lightbox-container\"><img decoding=\"async\" width=\"1800\" height=\"1350\" data-wp-class--hide=\"state.isContentHidden\" data-wp-class--show=\"state.isContentVisible\" data-wp-init=\"callbacks.setButtonStyles\" data-wp-on--click=\"actions.showLightbox\" data-wp-on--load=\"callbacks.setButtonStyles\" data-wp-on--pointerdown=\"actions.preloadImage\" data-wp-on--pointerenter=\"actions.preloadImageWithDelay\" data-wp-on--pointerleave=\"actions.cancelPreload\" data-wp-on-window--resize=\"callbacks.setButtonStyles\" src=\"https:\/\/loudavymkrokem.cz\/wp-content\/uploads\/2026\/07\/estonsko-clanky-tartu-co-videt-19.jpg\" alt=\"A Peipus-t\u00f3 Tartu k\u00f6zel\u00e9ben\" class=\"wp-image-350720\" title=\"\" srcset=\"https:\/\/loudavymkrokem.cz\/wp-content\/uploads\/2026\/07\/estonsko-clanky-tartu-co-videt-19.jpg 1800w, https:\/\/loudavymkrokem.cz\/wp-content\/uploads\/2026\/07\/estonsko-clanky-tartu-co-videt-19-300x225.jpg 300w, https:\/\/loudavymkrokem.cz\/wp-content\/uploads\/2026\/07\/estonsko-clanky-tartu-co-videt-19-700x525.jpg 700w, https:\/\/loudavymkrokem.cz\/wp-content\/uploads\/2026\/07\/estonsko-clanky-tartu-co-videt-19-768x576.jpg 768w, https:\/\/loudavymkrokem.cz\/wp-content\/uploads\/2026\/07\/estonsko-clanky-tartu-co-videt-19-1536x1152.jpg 1536w, https:\/\/loudavymkrokem.cz\/wp-content\/uploads\/2026\/07\/estonsko-clanky-tartu-co-videt-19-80x60.jpg 80w, https:\/\/loudavymkrokem.cz\/wp-content\/uploads\/2026\/07\/estonsko-clanky-tartu-co-videt-19-160x120.jpg 160w, https:\/\/loudavymkrokem.cz\/wp-content\/uploads\/2026\/07\/estonsko-clanky-tartu-co-videt-19-696x522.jpg 696w, https:\/\/loudavymkrokem.cz\/wp-content\/uploads\/2026\/07\/estonsko-clanky-tartu-co-videt-19-1392x1044.jpg 1392w\" sizes=\"(max-width: 1800px) 100vw, 1800px\" \/><button\n\t\t\tclass=\"lightbox-trigger\"\n\t\t\ttype=\"button\"\n\t\t\taria-haspopup=\"dialog\"\n\t\t\tdata-wp-bind--aria-label=\"state.thisImage.triggerButtonAriaLabel\"\n\t\t\tdata-wp-init=\"callbacks.initTriggerButton\"\n\t\t\tdata-wp-on--click=\"actions.showLightbox\"\n\t\t\tdata-wp-style--right=\"state.thisImage.buttonRight\"\n\t\t\tdata-wp-style--top=\"state.thisImage.buttonTop\"\n\t\t>\n\t\t\t<svg xmlns=\"http:\/\/www.w3.org\/2000\/svg\" width=\"12\" height=\"12\" fill=\"none\" viewBox=\"0 0 12 12\">\n\t\t\t\t<path fill=\"#fff\" d=\"M2 0a2 2 0 0 0-2 2v2h1.5V2a.5.5 0 0 1 .5-.5h2V0H2Zm2 10.5H2a.5.5 0 0 1-.5-.5V8H0v2a2 2 0 0 0 2 2h2v-1.5ZM8 12v-1.5h2a.5.5 0 0 0 .5-.5V8H12v2a2 2 0 0 1-2 2H8Zm2-12a2 2 0 0 1 2 2v2h-1.5V2a.5.5 0 0 0-.5-.5H8V0h2Z\" \/>\n\t\t\t<\/svg>\n\t\t<\/button><figcaption class=\"wp-element-caption\">Foto: Shi Annan \/ Wikimedia Commons, CC BY-SA 4.0<\/figcaption><\/figure>\n\n\n\n<h2 class=\"wp-block-heading\"><span class=\"ez-toc-section\" id=\"Kirandulasok_Tartubol\"><\/span>Kir\u00e1ndul\u00e1sok Tartub\u00f3l<span class=\"ez-toc-section-end\"><\/span><\/h2>\n\n\n\n<p class=\"wp-block-paragraph\">Ha m\u00e1r D\u00e9l-\u00c9sztorsz\u00e1gban j\u00e1rsz, k\u00e1r lenne nem elmer\u00e9szkedni a v\u00e1roson t\u00falra. Nagyj\u00e1b\u00f3l egy \u00f3ra \u00fatra \u00e9szakkeletre fekszik az <strong>\u00f3ri\u00e1si Peipus-t\u00f3<\/strong> (Peipsi j\u00e4rv), amely term\u00e9szetes hat\u00e1rt alkot Oroszorsz\u00e1ggal.<\/p>\n\n\n\n<p class=\"wp-block-paragraph\">A partjai ment\u00e9n h\u00faz\u00f3dik az \u00fagynevezett <strong>Hagyma\u00fat<\/strong>, ahol az orosz \u00f3hit\u0171ek k\u00f6z\u00f6ss\u00e9ge \u00e9l. A helyiek a f\u00e1b\u00f3l \u00e9p\u00fclt h\u00e1zaik el\u0151tt saj\u00e1t termeszt\u00e9s\u0171 hagyma \u00f3ri\u00e1si fonatait \u00e1rulj\u00e1k, \u00e9s mindenk\u00e9pp meg\u00e9ri meg\u00e1llni valamelyik teah\u00e1zban, ahol a le\u00fcl\u00e9shez te\u00e1t f\u0151znek neked egy t\u00f6rt\u00e9nelmi szamov\u00e1rban (a hangulat olyan, mintha egy m\u00e1sik vil\u00e1gb\u00f3l lenne).<\/p>\n\n\n\n<p class=\"wp-block-paragraph\">Tartut\u00f3l d\u00e9li ir\u00e1nyban a t\u00e1j v\u00e1ratlanul hull\u00e1moss\u00e1 v\u00e1lik. Az Otep\u00e4\u00e4 r\u00e9gi\u00f3ban, amely <strong>h\u00edres t\u00e9li \u00fcd\u00fcl\u0151helyk\u00e9nt<\/strong> m\u0171k\u00f6dik, m\u00e9ly v\u00f6lgyeket \u00e9s tavak sz\u00e1zait tal\u00e1lod. M\u00e9g m\u00e9lyebben d\u00e9lkeleten fekszik a V\u00f5romaa r\u00e9gi\u00f3, amely a h\u00edres, UNESCO list\u00e1j\u00e1n szerepl\u0151 f\u00fcstszaun\u00e1k otthona. Ezekhez a kir\u00e1ndul\u00e1sokhoz azonban ide\u00e1lis, ha van egy b\u00e9relt aut\u00f3, mert a vid\u00e9ki buszok el\u00e9g ritk\u00e1n j\u00e1rnak.<\/p>\n\n\n\n<figure data-wp-context=\"{&quot;imageId&quot;:&quot;6a953aa8ed63d&quot;}\" data-wp-interactive=\"core\/image\" data-wp-key=\"6a953aa8ed63d\" class=\"wp-block-image size-full wp-lightbox-container\"><img decoding=\"async\" width=\"1800\" height=\"1013\" data-wp-class--hide=\"state.isContentHidden\" data-wp-class--show=\"state.isContentVisible\" data-wp-init=\"callbacks.setButtonStyles\" data-wp-on--click=\"actions.showLightbox\" data-wp-on--load=\"callbacks.setButtonStyles\" data-wp-on--pointerdown=\"actions.preloadImage\" data-wp-on--pointerenter=\"actions.preloadImageWithDelay\" data-wp-on--pointerleave=\"actions.cancelPreload\" data-wp-on-window--resize=\"callbacks.setButtonStyles\" src=\"https:\/\/loudavymkrokem.cz\/wp-content\/uploads\/2026\/07\/estonsko-clanky-tartu-co-videt-20.jpg\" alt=\"H\u00fastalan eb\u00e9d egy di\u00e1kk\u00e1v\u00e9z\u00f3ban\" class=\"wp-image-350725\" title=\"\" srcset=\"https:\/\/loudavymkrokem.cz\/wp-content\/uploads\/2026\/07\/estonsko-clanky-tartu-co-videt-20.jpg 1800w, https:\/\/loudavymkrokem.cz\/wp-content\/uploads\/2026\/07\/estonsko-clanky-tartu-co-videt-20-300x169.jpg 300w, https:\/\/loudavymkrokem.cz\/wp-content\/uploads\/2026\/07\/estonsko-clanky-tartu-co-videt-20-700x394.jpg 700w, https:\/\/loudavymkrokem.cz\/wp-content\/uploads\/2026\/07\/estonsko-clanky-tartu-co-videt-20-768x432.jpg 768w, https:\/\/loudavymkrokem.cz\/wp-content\/uploads\/2026\/07\/estonsko-clanky-tartu-co-videt-20-1536x864.jpg 1536w, https:\/\/loudavymkrokem.cz\/wp-content\/uploads\/2026\/07\/estonsko-clanky-tartu-co-videt-20-696x392.jpg 696w, https:\/\/loudavymkrokem.cz\/wp-content\/uploads\/2026\/07\/estonsko-clanky-tartu-co-videt-20-1392x783.jpg 1392w\" sizes=\"(max-width: 1800px) 100vw, 1800px\" \/><button\n\t\t\tclass=\"lightbox-trigger\"\n\t\t\ttype=\"button\"\n\t\t\taria-haspopup=\"dialog\"\n\t\t\tdata-wp-bind--aria-label=\"state.thisImage.triggerButtonAriaLabel\"\n\t\t\tdata-wp-init=\"callbacks.initTriggerButton\"\n\t\t\tdata-wp-on--click=\"actions.showLightbox\"\n\t\t\tdata-wp-style--right=\"state.thisImage.buttonRight\"\n\t\t\tdata-wp-style--top=\"state.thisImage.buttonTop\"\n\t\t>\n\t\t\t<svg xmlns=\"http:\/\/www.w3.org\/2000\/svg\" width=\"12\" height=\"12\" fill=\"none\" viewBox=\"0 0 12 12\">\n\t\t\t\t<path fill=\"#fff\" d=\"M2 0a2 2 0 0 0-2 2v2h1.5V2a.5.5 0 0 1 .5-.5h2V0H2Zm2 10.5H2a.5.5 0 0 1-.5-.5V8H0v2a2 2 0 0 0 2 2h2v-1.5ZM8 12v-1.5h2a.5.5 0 0 0 .5-.5V8H12v2a2 2 0 0 1-2 2H8Zm2-12a2 2 0 0 1 2 2v2h-1.5V2a.5.5 0 0 0-.5-.5H8V0h2Z\" \/>\n\t\t\t<\/svg>\n\t\t<\/button><figcaption class=\"wp-element-caption\">Foto: thecactusena \u200e \/ Pexels<\/figcaption><\/figure>\n\n\n\n<h2 class=\"wp-block-heading\"><span class=\"ez-toc-section\" id=\"Hol_egyel\"><\/span>Hol egy\u00e9l<span class=\"ez-toc-section-end\"><\/span><\/h2>\n\n\n\n<p class=\"wp-block-paragraph\">Az \u00e9szt gasztron\u00f3mia nagyon kellemesen meglep majd, de k\u00e9sz\u00fclj fel arra, hogy az \u00e1rak m\u00e1r r\u00e9g nem olyan alacsonyak, mint kor\u00e1bban. Az olcs\u00f3 \u00e9tel titkos kulcsa a <strong>var\u00e1zssz\u00f3 p\u00e4evapraad<\/strong> (napi eb\u00e9dmen\u00fc).<\/p>\n\n\n\n<p class=\"wp-block-paragraph\">Minden h\u00e9tk\u00f6znap eb\u00e9d k\u00f6r\u00fcl a helyi bisztr\u00f3k \u00e9s k\u00e1v\u00e9z\u00f3k komplett men\u00fct k\u00edn\u00e1lnak, amely <strong>nagyj\u00e1b\u00f3l 5\u20138 eur\u00f3b\u00f3l<\/strong> (kb. 1900\u20133000 Ft) j\u00f6n ki. \u00cdgy a helyi di\u00e1kok mellett ehetsz nagyon korrekt \u00e1ron. Sok ilyen helyet \u00e9ppen az egyetem k\u00f6rny\u00e9k\u00e9n vagy az Aparaaditehas kreat\u00edv negyedben tal\u00e1lsz. Remek v\u00e1laszt\u00e1s a napi men\u00fcre p\u00e9ld\u00e1ul a <strong>Kolm Tilli<\/strong> k\u00f6zvetlen\u00fcl az Aparaaditehasban, vagy a h\u00edres <strong>Werner Caf\u00e9<\/strong> az egyetemt\u0151l nem messze, ahol egy\u00e9bk\u00e9nt a v\u00e1ros legjobb tort\u00e1i vannak.<\/p>\n\n\n\n<p class=\"wp-block-paragraph\">A parti helyi \u00e9ttermek ugyan halk\u00fcl\u00f6nlegess\u00e9gekkel \u00e9s <strong>a f\u00fcstszaun\u00e1b\u00f3l sz\u00e1rmaz\u00f3 f\u00fcst\u00f6lt h\u00fassal<\/strong> cs\u00e1b\u00edtanak (\u00e9s igen, az a szaunakonyha itt t\u00e9nyleg nagy dolog), de nyugodtan menj el <strong>veget\u00e1ri\u00e1nus pelmenyi\u00e9rt<\/strong> vagy egy kr\u00e9mes z\u00f6lds\u00e9gleves\u00e9rt is, nem \u00e9ri meg len\u00e9zni \u0151ket.<\/p>\n\n\n\n<h2 class=\"wp-block-heading\"><span class=\"ez-toc-section\" id=\"Merre_tovabb\"><\/span>Merre tov\u00e1bb<span class=\"ez-toc-section-end\"><\/span><\/h2>\n\n\n\n<p class=\"wp-block-paragraph\">Ha vonz a Baltikum, \u00e9s hosszabb utat tervezel, <strong>rengeteg tov\u00e1bbi hasznos cikket<\/strong> k\u00e9sz\u00edtett\u00fcnk neked.<\/p>\n\n\n\n<ul class=\"wp-block-list\">\n\n<li>  K\u00edv\u00e1ncsi vagy, mit k\u00edn\u00e1l m\u00e9g az orsz\u00e1g t\u00f6bbi r\u00e9sze? Olvasd el az <a href=\"https:\/\/loudavymkrokem.cz\/hu\/esztorszag-latnivalok\/\">\u00c9sztorsz\u00e1g: 25 tipp, mit n\u00e9zz meg \u00e9s \u00e9lj \u00e1t<\/a> cikket.<\/li>\n\n\n\n<li>  Vagy indulj r\u00f6gt\u00f6n a f\u0151v\u00e1rosba a <a href=\"https:\/\/loudavymkrokem.cz\/hu\/tallinn-latnivalok-esztorszag\/\">Tallinn: 20 tipp, mit n\u00e9zz meg \u00e9s csin\u00e1lj az \u00e9szt f\u0151v\u00e1rosban<\/a> \u00fatikalauzzal.<\/li>\n\n\n\n<li>  Hogy ne \u00e9rjen meglepet\u00e9s az id\u0151j\u00e1r\u00e1s miatt, n\u00e9zd meg a <a href=\"https:\/\/loudavymkrokem.cz\/hu\/mikor-utazz-esztorszagba\/\">Mikor menj \u00c9sztorsz\u00e1gba: id\u0151j\u00e1r\u00e1s h\u00f3napr\u00f3l h\u00f3napra<\/a> cikket.<\/li>\n\n\n\n<li>  Vonz egy rendes roadtrip? N\u00e9zd \u00e1t a <a href=\"https:\/\/loudavymkrokem.cz\/hu\/baltikum-korutazas-utiterv\/\">Baltikum 10 napra: \u00fatiterv \u00c9sztorsz\u00e1gon, Lettorsz\u00e1gon \u00e9s Litv\u00e1ni\u00e1n \u00e1t<\/a> cikk\u00fcnket.<\/li>\n\n\n\n<li>  \u00c9s ha im\u00e1dod a wellnesst, nem hagyhatod ki az <a href=\"https:\/\/loudavymkrokem.cz\/hu\/esztorszagi-furdok-szaunak\/\">\u00c9szt f\u00fcrd\u0151k \u00e9s szaun\u00e1k: 200 \u00e9v hagyom\u00e1ny<\/a> sz\u00f6veget.<\/li>\n\n\n\n<li>  Praktikus tan\u00e1csokat az \u00fathoz a <a href=\"https:\/\/loudavymkrokem.cz\/hu\/hogyan-juss-el-esztorszag\/\">Hogyan juss el \u00c9sztorsz\u00e1gba: rep\u00fcl\u0151jegy, komp \u00e9s aut\u00f3<\/a> cikkben tal\u00e1lsz.<\/li>\n\n\n<\/ul>\n\n\n\n<h2 class=\"wp-block-heading\"><span class=\"ez-toc-section\" id=\"Gyakran_ismetelt_kerdesek\"><\/span>Gyakran ism\u00e9telt k\u00e9rd\u00e9sek<span class=\"ez-toc-section-end\"><\/span><\/h2>\n\n\n<div id=\"rank-math-faq\" class=\"rank-math-block\">\n<div class=\"rank-math-list \">\n<div id=\"faq-question-1785261104000\" class=\"rank-math-list-item\">\n<h3 class=\"rank-math-question \"><span class=\"ez-toc-section\" id=\"Megeri_egyaltalan_kirandulni_Tartuban\"><\/span>Meg\u00e9ri egy\u00e1ltal\u00e1n kir\u00e1ndulni Tartuban?<span class=\"ez-toc-section-end\"><\/span><\/h3>\n<div class=\"rank-math-answer \">\n\n<p>Mindenk\u00e9ppen igen. M\u00edg a f\u0151v\u00e1ros napk\u00f6zben tele van turist\u00e1kkal, Tartu sokkal <strong>autentikusabb \u00e9s nyugodtabb k\u00e9pet<\/strong> k\u00edn\u00e1l az \u00e9szt \u00e9letr\u0151l egy hihetetlen laza di\u00e1khangulattal.<\/p>\n\n<\/div>\n<\/div>\n<div id=\"faq-question-1785261104001\" class=\"rank-math-list-item\">\n<h3 class=\"rank-math-question \"><span class=\"ez-toc-section\" id=\"Hogyan_jutok_el_a_legjobban_Tallinnbol_Tartuba\"><\/span>Hogyan jutok el a legjobban Tallinnb\u00f3l Tartuba?<span class=\"ez-toc-section-end\"><\/span><\/h3>\n<div class=\"rank-math-answer \">\n\n<p>A legk\u00e9nyelmesebb \u00e9s leggyorsabb \u00fat a <strong>narancss\u00e1rga Elron vonatok<\/strong>, amelyek nagyon gyakran j\u00e1rnak. Az utaz\u00e1s valamivel t\u00f6bb mint k\u00e9t \u00f3r\u00e1t vesz ig\u00e9nybe, \u00e9s a jegy k\u00f6r\u00fclbel\u00fcl 10 eur\u00f3ba (kb. 4000 Ft) ker\u00fcl. Egy m\u00e1sik remek lehet\u0151s\u00e9g a luxus Lux Express buszok.<\/p>\n\n<\/div>\n<\/div>\n<div id=\"faq-question-1785261104002\" class=\"rank-math-list-item\">\n<h3 class=\"rank-math-question \"><span class=\"ez-toc-section\" id=\"Hany_nap_eleg_a_megtekinteshez\"><\/span>H\u00e1ny nap el\u00e9g a megtekint\u00e9shez?<span class=\"ez-toc-section-end\"><\/span><\/h3>\n<div class=\"rank-math-answer \">\n\n<p>Ha csak a legfontosabbakat szeretn\u00e9d l\u00e1tni a k\u00f6zpontban \u00e9s ell\u00e1togatni egy m\u00fazeumba, <strong>meg lehet csin\u00e1lni egy zs\u00fafolt nap alatt<\/strong>. Ide\u00e1lis azonban k\u00e9t napot sz\u00e1nni r\u00e1, \u00e9s ha ki szeretn\u00e9l menni a Peipus-t\u00f3hoz is, tervezz ink\u00e1bb h\u00e1rom napot.<\/p>\n\n<\/div>\n<\/div>\n<div id=\"faq-question-1785261104003\" class=\"rank-math-list-item\">\n<h3 class=\"rank-math-question \"><span class=\"ez-toc-section\" id=\"Mit_kell_feltetlenul_megneznem_Tartuban\"><\/span>Mit kell felt\u00e9tlen\u00fcl megn\u00e9znem Tartuban?<span class=\"ez-toc-section-end\"><\/span><\/h3>\n<div class=\"rank-math-answer \">\n\n<p>Mindenk\u00e9ppen ne hagyd ki a romantikus Toomem\u00e4gi dombot a g\u00f3tikus katedr\u00e1lis romjaival, a V\u00e1rosh\u00e1za teret a cs\u00f3kol\u00f3z\u00f3 di\u00e1kok szobr\u00e1val \u00e9s a <strong>kreat\u00edv Aparaaditehas negyedet<\/strong>. Meg\u00e9ri ell\u00e1togatni az \u00c9szt Nemzeti M\u00fazeumba (ERM) is.<\/p>\n\n<\/div>\n<\/div>\n<div id=\"faq-question-1785261104004\" class=\"rank-math-list-item\">\n<h3 class=\"rank-math-question \"><span class=\"ez-toc-section\" id=\"Az_AHHAA_tudomanyos_kozpont_alkalmas_gyerekeknek\"><\/span>Az AHHAA tudom\u00e1nyos k\u00f6zpont alkalmas gyerekeknek?<span class=\"ez-toc-section-end\"><\/span><\/h3>\n<div class=\"rank-math-answer \">\n\n<p>Ez egy igazi paradicsom sz\u00e1mukra. Ez a <strong>legnagyobb interakt\u00edv m\u00fazeum a Baltikumban<\/strong>, ahol a gyerekek (\u00e9s feln\u0151ttek is) mindent megtapinthatnak, kipr\u00f3b\u00e1lhatnak \u00e9s felfedezhetnek. Ak\u00e1r f\u00e9l napot is elt\u00f6lthetsz itt.<\/p>\n\n<\/div>\n<\/div>\n<div id=\"faq-question-1785261104005\" class=\"rank-math-list-item\">\n<h3 class=\"rank-math-question \"><span class=\"ez-toc-section\" id=\"Mennyibe_kerul_korulbelul_a_belepo_a_fobb_muzeumokba\"><\/span>Mennyibe ker\u00fcl k\u00f6r\u00fclbel\u00fcl a bel\u00e9p\u0151 a f\u0151bb m\u00fazeumokba?<span class=\"ez-toc-section-end\"><\/span><\/h3>\n<div class=\"rank-math-answer \">\n\n<p>Az \u00e1rak nagyon elt\u00e9r\u0151ek. A legt\u00f6bb park \u00e9s szabadt\u00e9ri m\u0171eml\u00e9k ingyenes. Az \u00c9szt Nemzeti M\u00fazeumba (ERM) a bel\u00e9p\u0151 <strong>k\u00f6r\u00fclbel\u00fcl 15 eur\u00f3ba (kb. 6000 Ft)<\/strong> ker\u00fcl, az AHHAA k\u00f6zpontba a csal\u00e1di jegy pedig nagyj\u00e1b\u00f3l 45 eur\u00f3ba (kb. 18 000 Ft) ker\u00fcl.<\/p>\n\n<\/div>\n<\/div>\n<div id=\"faq-question-1785261104006\" class=\"rank-math-list-item\">\n<h3 class=\"rank-math-question \"><span class=\"ez-toc-section\" id=\"Mikor_a_legjobb_idoszak_a_latogatasra\"><\/span>Mikor a legjobb id\u0151szak a l\u00e1togat\u00e1sra?<span class=\"ez-toc-section-end\"><\/span><\/h3>\n<div class=\"rank-math-answer \">\n\n<p>A legjobban a v\u00e1rost <strong>tavasszal vagy kora \u0151sszel<\/strong> \u00e9lvezheted, amikor igazi akad\u00e9miai hangulat uralkodik \u00e9s az utc\u00e1k tele vannak di\u00e1kokkal. Augusztusban a v\u00e1ros ugyan gy\u00f6ny\u00f6r\u0171, de \u00e9szrevehet\u0151en \u00fcresebb.<\/p>\n\n<\/div>\n<\/div>\n<div id=\"faq-question-1785261104007\" class=\"rank-math-list-item\">\n<h3 class=\"rank-math-question \"><span class=\"ez-toc-section\" id=\"Mi_maradt_a_varosban_az_Europa_Kulturalis_Fovarosa_cimbol\"><\/span>Mi maradt a v\u00e1rosban az Eur\u00f3pa Kultur\u00e1lis F\u0151v\u00e1rosa c\u00edmb\u0151l?<span class=\"ez-toc-section-end\"><\/span><\/h3>\n<div class=\"rank-math-answer \">\n\n<p>A v\u00e1ros a mai napig profit\u00e1l ebb\u0151l a 2024-es c\u00edmb\u0151l. Megmaradtak a <strong>fel\u00faj\u00edtott k\u00f6z\u00f6ss\u00e9gi parkok, \u00fajonnan megny\u00edlt k\u00e1v\u00e9z\u00f3k<\/strong> \u00e9s rengeteg apr\u00f3 m\u0171v\u00e9szeti install\u00e1ci\u00f3, amelyek modern hangulatot adnak az utc\u00e1knak.<\/p>\n\n<\/div>\n<\/div>\n<div id=\"faq-question-1785261104008\" class=\"rank-math-list-item\">\n<h3 class=\"rank-math-question \"><span class=\"ez-toc-section\" id=\"Hol_lehet_jol_es_olcson_enni\"><\/span>Hol lehet j\u00f3l \u00e9s olcs\u00f3n enni?<span class=\"ez-toc-section-end\"><\/span><\/h3>\n<div class=\"rank-math-answer \">\n\n<p>Keresd a <strong>p\u00e4evapraad<\/strong> feliratot, ami napi eb\u00e9dmen\u00fct jelent. Ezekben a bisztr\u00f3kban \u00e9s k\u00e1v\u00e9z\u00f3kban h\u00e9tk\u00f6znapokon nagyon j\u00f3 min\u0151s\u00e9gben eb\u00e9delhetsz k\u00f6r\u00fclbel\u00fcl 5-8 eur\u00f3 (kb. 2000-3200 Ft) k\u00f6z\u00f6tt.<\/p>\n\n<\/div>\n<\/div>\n<\/div>\n<\/div>","protected":false},"excerpt":{"rendered":"<p>Fedezd fel \u00c9sztorsz\u00e1g egyetemi sz\u00edv\u00e9t, tele k\u00e1v\u00e9z\u00f3kkal, romantikus parkokkal \u00e9s interakt\u00edv m\u00fazeumokkal, ahov\u00e1 m\u00e9g nem j\u00e1rnak a turistat\u00f6megek. Tallinnb\u00f3l r\u00e1ad\u00e1sul mind\u00f6ssze k\u00e9t \u00f3ra alatt ide\u00e9rsz.<\/p>\n","protected":false},"author":3,"featured_media":351025,"comment_status":"open","ping_status":"open","sticky":false,"template":"","format":"standard","meta":{"_acf_changed":false,"footnotes":"","rank_math_title":"Tartu, \u00c9sztorsz\u00e1g: 12 tipp, mit n\u00e9zz meg 2026-ban","rank_math_description":"Tartu, \u00c9sztorsz\u00e1g di\u00e1kv\u00e1rosa v\u00e1r r\u00e1d: 12 tipp l\u00e1tnival\u00f3kkal, m\u00fazeumokkal \u00e9s k\u00e1v\u00e9z\u00f3kkal. Tudd meg, hogyan juss el \u00e9s hol sz\u00e1llj meg \u2014 tervezd meg az utad most!","rank_math_focus_keyword":"tartu \u00e9sztorsz\u00e1g","rank_math_seo_score":""},"categories":[1804,1788],"tags":[],"class_list":["post-409180","post","type-post","status-publish","format-standard","has-post-thumbnail","category-europa","category-utazas"],"acf":[],"featured_image_src":"https:\/\/loudavymkrokem.cz\/wp-content\/uploads\/2026\/07\/tartu-co-videt-hero.jpg","author_info":{"display_name":"Lucie Kone\u010dn\u00e1","author_link":"https:\/\/loudavymkrokem.cz\/hu\/author\/lucie-konecna\/"},"_links":{"self":[{"href":"https:\/\/loudavymkrokem.cz\/hu\/wp-json\/wp\/v2\/posts\/409180","targetHints":{"allow":["GET"]}}],"collection":[{"href":"https:\/\/loudavymkrokem.cz\/hu\/wp-json\/wp\/v2\/posts"}],"about":[{"href":"https:\/\/loudavymkrokem.cz\/hu\/wp-json\/wp\/v2\/types\/post"}],"author":[{"embeddable":true,"href":"https:\/\/loudavymkrokem.cz\/hu\/wp-json\/wp\/v2\/users\/3"}],"replies":[{"embeddable":true,"href":"https:\/\/loudavymkrokem.cz\/hu\/wp-json\/wp\/v2\/comments?post=409180"}],"version-history":[{"count":2,"href":"https:\/\/loudavymkrokem.cz\/hu\/wp-json\/wp\/v2\/posts\/409180\/revisions"}],"predecessor-version":[{"id":409182,"href":"https:\/\/loudavymkrokem.cz\/hu\/wp-json\/wp\/v2\/posts\/409180\/revisions\/409182"}],"wp:featuredmedia":[{"embeddable":true,"href":"https:\/\/loudavymkrokem.cz\/hu\/wp-json\/wp\/v2\/media\/351025"}],"wp:attachment":[{"href":"https:\/\/loudavymkrokem.cz\/hu\/wp-json\/wp\/v2\/media?parent=409180"}],"wp:term":[{"taxonomy":"category","embeddable":true,"href":"https:\/\/loudavymkrokem.cz\/hu\/wp-json\/wp\/v2\/categories?post=409180"},{"taxonomy":"post_tag","embeddable":true,"href":"https:\/\/loudavymkrokem.cz\/hu\/wp-json\/wp\/v2\/tags?post=409180"}],"curies":[{"name":"wp","href":"https:\/\/api.w.org\/{rel}","templated":true}]}}