{"id":409177,"date":"2026-08-29T07:41:58","date_gmt":"2026-08-29T05:41:58","guid":{"rendered":"https:\/\/loudavymkrokem.cz\/vilag-legluxusabb-hotelei\/"},"modified":"2026-08-31T08:20:05","modified_gmt":"2026-08-31T06:20:05","slug":"vilag-legluxusabb-hotelei","status":"publish","type":"post","link":"https:\/\/loudavymkrokem.cz\/hu\/vilag-legluxusabb-hotelei\/","title":{"rendered":"A vil\u00e1g legluxusabb \u00e9s legdr\u00e1g\u00e1bb sz\u00e1llod\u00e1i: 29 c\u00edm, amely 2026-ban meglep"},"content":{"rendered":"\n<p class=\"wp-block-paragraph\">Amikor a vil\u00e1g legluxusabb sz\u00e1llod\u00e1j\u00e1r\u00f3l esik sz\u00f3, a legt\u00f6bben <strong>el\u00e9rhetetlen palot\u00e1kra gondolunk a szt\u00e1rok sz\u00e1m\u00e1ra<\/strong>, ahol egy \u00e9jszaka annyiba ker\u00fcl, mint egy \u00faj aut\u00f3. Az igazs\u00e1g azonban az, hogy a bolyg\u00f3 legjobb c\u00edmeinek list\u00e1ja hatalmas meglepet\u00e9seket rejt. Kider\u00fcl ugyanis, hogy <strong>a vil\u00e1g 48. legjobb sz\u00e1llod\u00e1ja mind\u00f6ssze nyolc \u00f3r\u00e1nyi aut\u00f3\u00fatra van Budapestt\u0151l<\/strong>, \u00e9s egy ottani \u00e9jszaka a szezonon k\u00edv\u00fcl annyiba ker\u00fcl, amennyit ny\u00e1ron egy jobb magyarorsz\u00e1gi panzi\u00f3\u00e9rt fizetn\u00e9l.<\/p>\n\n\n\n<p class=\"wp-block-paragraph\">\u00d6sszegy\u0171jt\u00f6ttem neked <strong>a vil\u00e1g 50 legjobb sz\u00e1llod\u00e1j\u00e1nak 2025-\u00f6s hivatalos rangsor\u00e1t<\/strong>. Ezek k\u00f6z\u00fcl pontosan 29-et n\u00e9z\u00fcnk meg r\u00e9szletesen, ahol nemcsak a k\u00fcl\u00f6nlegess\u00e9g\u00fckr\u0151l kapsz inform\u00e1ci\u00f3t, hanem els\u0151sorban a <strong>val\u00f3s kiindul\u00f3 \u00e1rakat a legolcs\u00f3bb szob\u00e1\u00e9rt<\/strong>. Kider\u00fcl, hogy a vil\u00e1gelit k\u00f6z\u00fcl r\u00f6gt\u00f6n \u00f6t sz\u00e1lloda \u00e1rai 500 doll\u00e1r alatt kezd\u0151dnek, \u00e9s p\u00e9ld\u00e1ul <strong>egy legend\u00e1s indiai sz\u00e1llod\u00e1t m\u00e1r 250 doll\u00e1rt\u00f3l elcs\u00edphetsz<\/strong>.<\/p>\n\n\n\n<p class=\"wp-block-paragraph\">Ugyanakkor r\u00e1vil\u00e1g\u00edtunk <strong>a sz\u00e1llodaipar legnagyobb m\u00edtoszaira<\/strong>, bekukkantunk a Guinness-rekordot tart\u00f3 legdr\u00e1g\u00e1bb lakoszt\u00e1ly bugyraiba, \u00e9s megmutatom, <strong>hogyan \u00e9lvezheted ki ennek a luxusnak egy szelet\u00e9t<\/strong> akkor is, ha \u00e9ppen nincs p\u00e9nzed egy egyhetes eln\u00f6ki lakoszt\u00e1lybeli tart\u00f3zkod\u00e1sra. K\u00e9sz\u00fclj fel az utaz\u00e1sra a p\u00e1rizsi palot\u00e1kt\u00f3l eg\u00e9szen a mald\u00edv-szigeteki szigetekig, ahol a szab\u00e1ly az, hogy semmi h\u00edr \u00e9s semmi cip\u0151.<\/p>\n\n\n\n<figure data-wp-context=\"{&quot;imageId&quot;:&quot;6a953a9d91950&quot;}\" data-wp-interactive=\"core\/image\" data-wp-key=\"6a953a9d91950\" class=\"wp-block-image size-full wp-lightbox-container\"><img decoding=\"async\" width=\"1800\" height=\"1202\" data-wp-class--hide=\"state.isContentHidden\" data-wp-class--show=\"state.isContentVisible\" data-wp-init=\"callbacks.setButtonStyles\" data-wp-on--click=\"actions.showLightbox\" data-wp-on--load=\"callbacks.setButtonStyles\" data-wp-on--pointerdown=\"actions.preloadImage\" data-wp-on--pointerenter=\"actions.preloadImageWithDelay\" data-wp-on--pointerleave=\"actions.cancelPreload\" data-wp-on-window--resize=\"callbacks.setButtonStyles\" src=\"https:\/\/loudavymkrokem.cz\/wp-content\/uploads\/2026\/08\/hotel-il-pellicano-2.jpg\" alt=\"A Hotel Il Pellicano medenc\u00e9je a legend\u00e1s piros-k\u00e9k nyug\u00e1gyakkal a Tirr\u00e9n-tenger felett\" class=\"wp-image-404905\" title=\"\" srcset=\"https:\/\/loudavymkrokem.cz\/wp-content\/uploads\/2026\/08\/hotel-il-pellicano-2.jpg 1800w, https:\/\/loudavymkrokem.cz\/wp-content\/uploads\/2026\/08\/hotel-il-pellicano-2-300x200.jpg 300w, https:\/\/loudavymkrokem.cz\/wp-content\/uploads\/2026\/08\/hotel-il-pellicano-2-700x467.jpg 700w, https:\/\/loudavymkrokem.cz\/wp-content\/uploads\/2026\/08\/hotel-il-pellicano-2-768x513.jpg 768w, https:\/\/loudavymkrokem.cz\/wp-content\/uploads\/2026\/08\/hotel-il-pellicano-2-1536x1026.jpg 1536w, https:\/\/loudavymkrokem.cz\/wp-content\/uploads\/2026\/08\/hotel-il-pellicano-2-696x465.jpg 696w, https:\/\/loudavymkrokem.cz\/wp-content\/uploads\/2026\/08\/hotel-il-pellicano-2-1392x930.jpg 1392w\" sizes=\"(max-width: 1800px) 100vw, 1800px\" \/><button\n\t\t\tclass=\"lightbox-trigger\"\n\t\t\ttype=\"button\"\n\t\t\taria-haspopup=\"dialog\"\n\t\t\tdata-wp-bind--aria-label=\"state.thisImage.triggerButtonAriaLabel\"\n\t\t\tdata-wp-init=\"callbacks.initTriggerButton\"\n\t\t\tdata-wp-on--click=\"actions.showLightbox\"\n\t\t\tdata-wp-style--right=\"state.thisImage.buttonRight\"\n\t\t\tdata-wp-style--top=\"state.thisImage.buttonTop\"\n\t\t>\n\t\t\t<svg xmlns=\"http:\/\/www.w3.org\/2000\/svg\" width=\"12\" height=\"12\" fill=\"none\" viewBox=\"0 0 12 12\">\n\t\t\t\t<path fill=\"#fff\" d=\"M2 0a2 2 0 0 0-2 2v2h1.5V2a.5.5 0 0 1 .5-.5h2V0H2Zm2 10.5H2a.5.5 0 0 1-.5-.5V8H0v2a2 2 0 0 0 2 2h2v-1.5ZM8 12v-1.5h2a.5.5 0 0 0 .5-.5V8H12v2a2 2 0 0 1-2 2H8Zm2-12a2 2 0 0 1 2 2v2h-1.5V2a.5.5 0 0 0-.5-.5H8V0h2Z\" \/>\n\t\t\t<\/svg>\n\t\t<\/button><figcaption class=\"wp-element-caption\">Fot\u00f3: Pellicano Hotels \/ hivatalos weboldal<\/figcaption><\/figure>\n\n\n\n<div id=\"ez-toc-container\" class=\"ez-toc-v2_0_86 ez-toc-wrap-left counter-hierarchy ez-toc-counter ez-toc-grey ez-toc-container-direction\">\n<div class=\"ez-toc-title-container\">\n<p class=\"ez-toc-title\" style=\"cursor:inherit\">A cikk tartalma<\/p>\n<span class=\"ez-toc-title-toggle\"><a href=\"#\" class=\"ez-toc-pull-right ez-toc-btn ez-toc-btn-xs ez-toc-btn-default ez-toc-toggle\" aria-label=\"Toggle Table of Content\"><span class=\"ez-toc-js-icon-con\"><span class=\"\"><span class=\"eztoc-hide\" style=\"display:none;\">Toggle<\/span><span class=\"ez-toc-icon-toggle-span\"><svg style=\"fill: #999;color:#999\" xmlns=\"http:\/\/www.w3.org\/2000\/svg\" class=\"list-377408\" width=\"20px\" height=\"20px\" viewBox=\"0 0 24 24\" fill=\"none\"><path d=\"M6 6H4v2h2V6zm14 0H8v2h12V6zM4 11h2v2H4v-2zm16 0H8v2h12v-2zM4 16h2v2H4v-2zm16 0H8v2h12v-2z\" fill=\"currentColor\"><\/path><\/svg><svg style=\"fill: #999;color:#999\" class=\"arrow-unsorted-368013\" xmlns=\"http:\/\/www.w3.org\/2000\/svg\" width=\"10px\" height=\"10px\" viewBox=\"0 0 24 24\" version=\"1.2\" baseProfile=\"tiny\"><path d=\"M18.2 9.3l-6.2-6.3-6.2 6.3c-.2.2-.3.4-.3.7s.1.5.3.7c.2.2.4.3.7.3h11c.3 0 .5-.1.7-.3.2-.2.3-.5.3-.7s-.1-.5-.3-.7zM5.8 14.7l6.2 6.3 6.2-6.3c.2-.2.3-.5.3-.7s-.1-.5-.3-.7c-.2-.2-.4-.3-.7-.3h-11c-.3 0-.5.1-.7.3-.2.2-.3.5-.3.7s.1.5.3.7z\"\/><\/svg><\/span><\/span><\/span><\/a><\/span><\/div>\n<nav><ul class='ez-toc-list ez-toc-list-level-1 ' ><ul class='ez-toc-list-level-3' ><li class='ez-toc-heading-level-3'><a class=\"ez-toc-link ez-toc-heading-1\" href=\"https:\/\/loudavymkrokem.cz\/hu\/vilag-legluxusabb-hotelei\/#Osszefoglalas_azoknak_akiknek_nincs_idejuk_vegigolvasni_a_cikket\" >\u00d6sszefoglal\u00e1s azoknak, akiknek nincs idej\u00fck v\u00e9gigolvasni a cikket<\/a><\/li><\/ul><\/li><li class='ez-toc-page-1 ez-toc-heading-level-2'><a class=\"ez-toc-link ez-toc-heading-2\" href=\"https:\/\/loudavymkrokem.cz\/hu\/vilag-legluxusabb-hotelei\/#Ki_donti_el_melyik_szalloda_a_legluxusabb\" >Ki d\u00f6nti el, melyik sz\u00e1lloda a legluxusabb<\/a><\/li><li class='ez-toc-page-1 ez-toc-heading-level-2'><a class=\"ez-toc-link ez-toc-heading-3\" href=\"https:\/\/loudavymkrokem.cz\/hu\/vilag-legluxusabb-hotelei\/#A_rangsor_szamokban\" >A rangsor sz\u00e1mokban<\/a><\/li><li class='ez-toc-page-1 ez-toc-heading-level-2'><a class=\"ez-toc-link ez-toc-heading-4\" href=\"https:\/\/loudavymkrokem.cz\/hu\/vilag-legluxusabb-hotelei\/#A_vilag_29_legluxusabb_szallodaja_es_rezortja\" >A vil\u00e1g 29 legluxusabb sz\u00e1llod\u00e1ja \u00e9s rezortja<\/a><ul class='ez-toc-list-level-3' ><li class='ez-toc-heading-level-3'><a class=\"ez-toc-link ez-toc-heading-5\" href=\"https:\/\/loudavymkrokem.cz\/hu\/vilag-legluxusabb-hotelei\/#1_Rosewood_Hong_Kong\" >1. Rosewood Hong Kong<\/a><\/li><li class='ez-toc-page-1 ez-toc-heading-level-3'><a class=\"ez-toc-link ez-toc-heading-6\" href=\"https:\/\/loudavymkrokem.cz\/hu\/vilag-legluxusabb-hotelei\/#2_Four_Seasons_Bangkok_at_Chao_Phraya_River\" >2. Four Seasons Bangkok at Chao Phraya River<\/a><\/li><li class='ez-toc-page-1 ez-toc-heading-level-3'><a class=\"ez-toc-link ez-toc-heading-7\" href=\"https:\/\/loudavymkrokem.cz\/hu\/vilag-legluxusabb-hotelei\/#3_Capella_Bangkok\" >3. Capella Bangkok<\/a><\/li><li class='ez-toc-page-1 ez-toc-heading-level-3'><a class=\"ez-toc-link ez-toc-heading-8\" href=\"https:\/\/loudavymkrokem.cz\/hu\/vilag-legluxusabb-hotelei\/#4_Passalacqua\" >4. Passalacqua<\/a><\/li><li class='ez-toc-page-1 ez-toc-heading-level-3'><a class=\"ez-toc-link ez-toc-heading-9\" href=\"https:\/\/loudavymkrokem.cz\/hu\/vilag-legluxusabb-hotelei\/#5_Raffles_Singapore\" >5. Raffles Singapore<\/a><\/li><li class='ez-toc-page-1 ez-toc-heading-level-3'><a class=\"ez-toc-link ez-toc-heading-10\" href=\"https:\/\/loudavymkrokem.cz\/hu\/vilag-legluxusabb-hotelei\/#6_Atlantis_The_Royal\" >6. Atlantis The Royal<\/a><\/li><li class='ez-toc-page-1 ez-toc-heading-level-3'><a class=\"ez-toc-link ez-toc-heading-11\" href=\"https:\/\/loudavymkrokem.cz\/hu\/vilag-legluxusabb-hotelei\/#7_Mandarin_Oriental_Bangkok\" >7. Mandarin Oriental, Bangkok<\/a><\/li><li class='ez-toc-page-1 ez-toc-heading-level-3'><a class=\"ez-toc-link ez-toc-heading-12\" href=\"https:\/\/loudavymkrokem.cz\/hu\/vilag-legluxusabb-hotelei\/#8_Chable_Yucatan\" >8. Chabl\u00e9 Yucat\u00e1n<\/a><\/li><li class='ez-toc-page-1 ez-toc-heading-level-3'><a class=\"ez-toc-link ez-toc-heading-13\" href=\"https:\/\/loudavymkrokem.cz\/hu\/vilag-legluxusabb-hotelei\/#9_Four_Seasons_Firenze\" >9. Four Seasons Firenze<\/a><\/li><li class='ez-toc-page-1 ez-toc-heading-level-3'><a class=\"ez-toc-link ez-toc-heading-14\" href=\"https:\/\/loudavymkrokem.cz\/hu\/vilag-legluxusabb-hotelei\/#10_Upper_House\" >10. Upper House<\/a><\/li><li class='ez-toc-page-1 ez-toc-heading-level-3'><a class=\"ez-toc-link ez-toc-heading-15\" href=\"https:\/\/loudavymkrokem.cz\/hu\/vilag-legluxusabb-hotelei\/#11_Copacabana_Palace\" >11. Copacabana Palace<\/a><\/li><li class='ez-toc-page-1 ez-toc-heading-level-3'><a class=\"ez-toc-link ez-toc-heading-16\" href=\"https:\/\/loudavymkrokem.cz\/hu\/vilag-legluxusabb-hotelei\/#13_Royal_Mansour\" >13. Royal Mansour<\/a><\/li><li class='ez-toc-page-1 ez-toc-heading-level-3'><a class=\"ez-toc-link ez-toc-heading-17\" href=\"https:\/\/loudavymkrokem.cz\/hu\/vilag-legluxusabb-hotelei\/#16_Claridges\" >16. Claridge&#8217;s<\/a><\/li><li class='ez-toc-page-1 ez-toc-heading-level-3'><a class=\"ez-toc-link ez-toc-heading-18\" href=\"https:\/\/loudavymkrokem.cz\/hu\/vilag-legluxusabb-hotelei\/#17_Four_Seasons_Astir_Palace\" >17. Four Seasons Astir Palace<\/a><\/li><li class='ez-toc-page-1 ez-toc-heading-level-3'><a class=\"ez-toc-link ez-toc-heading-19\" href=\"https:\/\/loudavymkrokem.cz\/hu\/vilag-legluxusabb-hotelei\/#19_Le_Bristol_Paris\" >19. Le Bristol Paris<\/a><\/li><li class='ez-toc-page-1 ez-toc-heading-level-3'><a class=\"ez-toc-link ez-toc-heading-20\" href=\"https:\/\/loudavymkrokem.cz\/hu\/vilag-legluxusabb-hotelei\/#21_Cheval_Blanc_Paris\" >21. Cheval Blanc Paris<\/a><\/li><li class='ez-toc-page-1 ez-toc-heading-level-3'><a class=\"ez-toc-link ez-toc-heading-21\" href=\"https:\/\/loudavymkrokem.cz\/hu\/vilag-legluxusabb-hotelei\/#22_Bulgari_Hotel_Roma\" >22. Bulgari Hotel Roma<\/a><\/li><li class='ez-toc-page-1 ez-toc-heading-level-3'><a class=\"ez-toc-link ez-toc-heading-22\" href=\"https:\/\/loudavymkrokem.cz\/hu\/vilag-legluxusabb-hotelei\/#23_Hotel_de_Crillon\" >23. H\u00f4tel de Crillon<\/a><\/li><li class='ez-toc-page-1 ez-toc-heading-level-3'><a class=\"ez-toc-link ez-toc-heading-23\" href=\"https:\/\/loudavymkrokem.cz\/hu\/vilag-legluxusabb-hotelei\/#25_Aman_Tokyo\" >25. Aman Tokyo<\/a><\/li><li class='ez-toc-page-1 ez-toc-heading-level-3'><a class=\"ez-toc-link ez-toc-heading-24\" href=\"https:\/\/loudavymkrokem.cz\/hu\/vilag-legluxusabb-hotelei\/#26_Hotel_Il_Pellicano\" >26. Hotel Il Pellicano<\/a><\/li><li class='ez-toc-page-1 ez-toc-heading-level-3'><a class=\"ez-toc-link ez-toc-heading-25\" href=\"https:\/\/loudavymkrokem.cz\/hu\/vilag-legluxusabb-hotelei\/#28_Soneva_Fushi\" >28. Soneva Fushi<\/a><\/li><li class='ez-toc-page-1 ez-toc-heading-level-3'><a class=\"ez-toc-link ez-toc-heading-26\" href=\"https:\/\/loudavymkrokem.cz\/hu\/vilag-legluxusabb-hotelei\/#29_The_Connaught\" >29. The Connaught<\/a><\/li><li class='ez-toc-page-1 ez-toc-heading-level-3'><a class=\"ez-toc-link ez-toc-heading-27\" href=\"https:\/\/loudavymkrokem.cz\/hu\/vilag-legluxusabb-hotelei\/#30_La_Mamounia\" >30. La Mamounia<\/a><\/li><li class='ez-toc-page-1 ez-toc-heading-level-3'><a class=\"ez-toc-link ez-toc-heading-28\" href=\"https:\/\/loudavymkrokem.cz\/hu\/vilag-legluxusabb-hotelei\/#36_Hotel_de_Paris_Monte-Carlo\" >36. H\u00f4tel de Paris Monte-Carlo<\/a><\/li><li class='ez-toc-page-1 ez-toc-heading-level-3'><a class=\"ez-toc-link ez-toc-heading-29\" href=\"https:\/\/loudavymkrokem.cz\/hu\/vilag-legluxusabb-hotelei\/#38_The_Taj_Mahal_Palace\" >38. The Taj Mahal Palace<\/a><\/li><li class='ez-toc-page-1 ez-toc-heading-level-3'><a class=\"ez-toc-link ez-toc-heading-30\" href=\"https:\/\/loudavymkrokem.cz\/hu\/vilag-legluxusabb-hotelei\/#40_Singita_%E2%80%94_Kruger_Nemzeti_Park\" >40. Singita \u2014 Kruger Nemzeti Park<\/a><\/li><li class='ez-toc-page-1 ez-toc-heading-level-3'><a class=\"ez-toc-link ez-toc-heading-31\" href=\"https:\/\/loudavymkrokem.cz\/hu\/vilag-legluxusabb-hotelei\/#43_The_Mark\" >43. The Mark<\/a><\/li><li class='ez-toc-page-1 ez-toc-heading-level-3'><a class=\"ez-toc-link ez-toc-heading-32\" href=\"https:\/\/loudavymkrokem.cz\/hu\/vilag-legluxusabb-hotelei\/#48_Grand_Park_Hotel_Rovinj\" >48. Grand Park Hotel Rovinj<\/a><\/li><li class='ez-toc-page-1 ez-toc-heading-level-3'><a class=\"ez-toc-link ez-toc-heading-33\" href=\"https:\/\/loudavymkrokem.cz\/hu\/vilag-legluxusabb-hotelei\/#49_Hotel_Sacher_Wien\" >49. Hotel Sacher Wien<\/a><\/li><\/ul><\/li><li class='ez-toc-page-1 ez-toc-heading-level-2'><a class=\"ez-toc-link ez-toc-heading-34\" href=\"https:\/\/loudavymkrokem.cz\/hu\/vilag-legluxusabb-hotelei\/#A_vilag_legdragabb_lakosztalyai\" >A vil\u00e1g legdr\u00e1g\u00e1bb lakoszt\u00e1lyai<\/a><\/li><li class='ez-toc-page-1 ez-toc-heading-level-2'><a class=\"ez-toc-link ez-toc-heading-35\" href=\"https:\/\/loudavymkrokem.cz\/hu\/vilag-legluxusabb-hotelei\/#Mennyibe_kerul_valojaban_a_luxus_es_hol_lehet_sporolni\" >Mennyibe ker\u00fcl val\u00f3j\u00e1ban a luxus, \u00e9s hol lehet sp\u00f3rolni<\/a><\/li><li class='ez-toc-page-1 ez-toc-heading-level-2'><a class=\"ez-toc-link ez-toc-heading-36\" href=\"https:\/\/loudavymkrokem.cz\/hu\/vilag-legluxusabb-hotelei\/#Hova_tovabb\" >Hov\u00e1 tov\u00e1bb<\/a><\/li><li class='ez-toc-page-1 ez-toc-heading-level-2'><a class=\"ez-toc-link ez-toc-heading-37\" href=\"https:\/\/loudavymkrokem.cz\/hu\/vilag-legluxusabb-hotelei\/#Gyakran_ismetelt_kerdesek\" >Gyakran ism\u00e9telt k\u00e9rd\u00e9sek<\/a><ul class='ez-toc-list-level-3' ><li class='ez-toc-heading-level-3'><a class=\"ez-toc-link ez-toc-heading-38\" href=\"https:\/\/loudavymkrokem.cz\/hu\/vilag-legluxusabb-hotelei\/#Melyik_a_jelenleg_legjobb_szalloda_a_vilagon\" >Melyik a jelenleg legjobb sz\u00e1lloda a vil\u00e1gon?<\/a><\/li><li class='ez-toc-page-1 ez-toc-heading-level-3'><a class=\"ez-toc-link ez-toc-heading-39\" href=\"https:\/\/loudavymkrokem.cz\/hu\/vilag-legluxusabb-hotelei\/#Letezik_hivatalosan_hetvizsllagos_szalloda\" >L\u00e9tezik hivatalosan h\u00e9tvizsllagos sz\u00e1lloda?<\/a><\/li><li class='ez-toc-page-1 ez-toc-heading-level-3'><a class=\"ez-toc-link ez-toc-heading-40\" href=\"https:\/\/loudavymkrokem.cz\/hu\/vilag-legluxusabb-hotelei\/#Mennyibe_kerul_a_legdragabb_szallodai_szoba\" >Mennyibe ker\u00fcl a legdr\u00e1g\u00e1bb sz\u00e1llodai szoba?<\/a><\/li><li class='ez-toc-page-1 ez-toc-heading-level-3'><a class=\"ez-toc-link ez-toc-heading-41\" href=\"https:\/\/loudavymkrokem.cz\/hu\/vilag-legluxusabb-hotelei\/#Melyik_a_legjobb_szalloda_legkozelebb_Magyarorszaghoz\" >Melyik a legjobb sz\u00e1lloda legk\u00f6zelebb Magyarorsz\u00e1ghoz?<\/a><\/li><li class='ez-toc-page-1 ez-toc-heading-level-3'><a class=\"ez-toc-link ez-toc-heading-42\" href=\"https:\/\/loudavymkrokem.cz\/hu\/vilag-legluxusabb-hotelei\/#Hogyan_kerul_be_egy_szalloda_a_legjobb_szallodak_rangsoraba\" >Hogyan ker\u00fcl be egy sz\u00e1lloda a legjobb sz\u00e1llod\u00e1k rangsor\u00e1ba?<\/a><\/li><li class='ez-toc-page-1 ez-toc-heading-level-3'><a class=\"ez-toc-link ez-toc-heading-43\" href=\"https:\/\/loudavymkrokem.cz\/hu\/vilag-legluxusabb-hotelei\/#Mit_jelentenek_pontosan_a_Michelin_kulcsok\" >Mit jelentenek pontosan a Michelin kulcsok?<\/a><\/li><li class='ez-toc-page-1 ez-toc-heading-level-3'><a class=\"ez-toc-link ez-toc-heading-44\" href=\"https:\/\/loudavymkrokem.cz\/hu\/vilag-legluxusabb-hotelei\/#Lehet_ilyen_szallodaban_esszeru_aron_megszallni\" >Lehet ilyen sz\u00e1llod\u00e1ban \u00e9sszer\u0171 \u00e1ron megsz\u00e1llni?<\/a><\/li><li class='ez-toc-page-1 ez-toc-heading-level-3'><a class=\"ez-toc-link ez-toc-heading-45\" href=\"https:\/\/loudavymkrokem.cz\/hu\/vilag-legluxusabb-hotelei\/#Melyik_a_legluxusabb_udulohely\" >Melyik a legluxusabb \u00fcd\u00fcl\u0151hely?<\/a><\/li><\/ul><\/li><\/ul><\/nav><\/div>\n<h3 class=\"wp-block-heading\"><span class=\"ez-toc-section\" id=\"Osszefoglalas_azoknak_akiknek_nincs_idejuk_vegigolvasni_a_cikket\"><\/span>\u00d6sszefoglal\u00e1s azoknak, akiknek nincs idej\u00fck v\u00e9gigolvasni a cikket<span class=\"ez-toc-section-end\"><\/span><\/h3>\n\n\n\n<ul class=\"wp-block-list\">\n<li><strong>A 2025-\u00f6s gy\u0151ztes:<\/strong> Az els\u0151 helyet id\u00e9n a <strong>Rosewood Hong Kong<\/strong> szerezte meg, egy f\u00fcgg\u0151leges luxusbirodalom, amely a Victoria Harbour kik\u00f6t\u0151je f\u00f6l\u00e9 magasodik.<\/li>\n\n\n\n<li><strong>A legolcs\u00f3bb az elitb\u0151l:<\/strong> Meglep\u0151en megfizethet\u0151 <strong>a The Taj Mahal Palace Mumbaiban<\/strong>, ahol egy \u00e9jszaka m\u00e1r 250 doll\u00e1rn\u00e1l (kb. 81 000 Ft) kezd\u0151dik.<\/li>\n\n\n\n<li><strong>A legdr\u00e1g\u00e1bb a rangsorban:<\/strong> Ezzel szemben a legdr\u00e1g\u00e1bb alapszob\u00e1i a p\u00e1rizsi <strong>Le Bristol Paris<\/strong>-nak vannak, ahol egyetlen \u00e9jszak\u00e1ra legal\u00e1bb 3200 doll\u00e1rral kell sz\u00e1molnod.<\/li>\n\n\n\n<li><strong>A legk\u00f6zelebb Magyarorsz\u00e1ghoz:<\/strong> A leny\u0171g\u00f6z\u0151 <strong>Grand Park Hotel Rovinj<\/strong> (48. hely) a horv\u00e1t Isztri\u00e1n tal\u00e1lhat\u00f3, m\u00edg a <strong>Hotel Sacher Wien<\/strong> (49. hely) mind\u00f6ssze egy ugr\u00e1sra a hat\u00e1rainkt\u00f3l.<\/li>\n\n\n\n<li><strong>A legkisebb butik\u00e9kszer:<\/strong> A d\u00e9l-afrikai <strong>Singita lodge a Kruger Nemzeti Parkban<\/strong> teljes mag\u00e1nyt k\u00edn\u00e1l mind\u00f6ssze 22 szob\u00e1val.<\/li>\n\n\n\n<li><strong>Rekorder lakoszt\u00e1ly:<\/strong> A bolyg\u00f3 legdr\u00e1g\u00e1bb szob\u00e1j\u00e1nak Guinness-rekordj\u00e1t a New York-i <strong>The Mark Penthouse<\/strong> tartja, \u00e9jszak\u00e1nk\u00e9nt 114 767 doll\u00e1ros \u00e1rral.<\/li>\n\n\n\n<li><strong>A h\u00e9t csillag m\u00edtosza:<\/strong> A h\u00edres dubaji <strong>Burj Al Arabnak hivatalosan csak \u00f6t csillaga van<\/strong>, a h\u00e9t csillagos megjel\u00f6l\u00e9st egy lelkes \u00fajs\u00e1g\u00edr\u00f3n\u0151 tal\u00e1lta ki 1999-ben.<\/li>\n<\/ul>\n\n\n\n<h2 class=\"wp-block-heading\"><span class=\"ez-toc-section\" id=\"Ki_donti_el_melyik_szalloda_a_legluxusabb\"><\/span>Ki d\u00f6nti el, melyik sz\u00e1lloda a legluxusabb<span class=\"ez-toc-section-end\"><\/span><\/h2>\n\n\n\n<p class=\"wp-block-paragraph\">Meg\u00e1llap\u00edtani, hogy melyik sz\u00e1lloda objekt\u00edven a legjobb, <strong>teljesen lehetetlen feladat<\/strong>, mivel nincs egys\u00e9ges glob\u00e1lis m\u00e9rce. Ehelyett <strong>t\u00f6bb tekint\u00e9lyes \u00e9rt\u00e9kel\u00e9si rendszer<\/strong> l\u00e9tezik, amelyek eredm\u00e9nyei gyakran egy\u00e1ltal\u00e1n nem esnek egybe.<\/p>\n\n\n\n<figure class=\"wp-block-table\"><table><thead><tr><th>Rendszer<\/th><th>Ki \u00e9rt\u00e9kel<\/th><th>Terjedelem 2025<\/th><\/tr><\/thead><tbody><tr><td><strong>The World&#8217;s 50 Best Hotels<\/strong><\/td><td>T\u00f6bb mint 800 sz\u00e1llodai szak\u00e9rt\u0151, \u00fajs\u00e1g\u00edr\u00f3 \u00e9s utaz\u00f3, mindenki 7 sz\u00e1llod\u00e1ra szavaz.<\/td><td>1-t\u0151l 50-ig terjed\u0151 rangsor, nagy cerem\u00f3ni\u00e1n hirdetik ki (id\u00e9n Londonban).<\/td><\/tr><tr><td><strong>MICHELIN Keys (kulcsok)<\/strong><\/td><td>A Michelin n\u00e9vtelen fel\u00fcgyel\u0151i, ugyanazon az elven m\u0171k\u00f6dik, mint az \u00e9ttermek csillagai.<\/td><td><strong>143 sz\u00e1lloda 3 kulccsal<\/strong>, 572 k\u00e9t kulccsal, 1742 egy kulccsal a t\u00f6bb mint 7000 \u00e9rt\u00e9keltb\u0151l.<\/td><\/tr><tr><td><strong>Forbes Travel Guide<\/strong><\/td><td>Speci\u00e1lisan k\u00e9pzett n\u00e9vtelen fel\u00fcgyel\u0151k, akik ak\u00e1r 900 szigor\u00fa szempontot vizsg\u00e1lnak.<\/td><td>Five Star, Four Star \u00e9s Recommended kateg\u00f3ri\u00e1k.<\/td><\/tr><tr><td><strong>Cond\u00e9 Nast Traveler<\/strong><\/td><td>K\u00f6zvetlen\u00fcl az olvas\u00f3k szavaznak a Readers&#8217; Choice \u00e9s a Gold List keret\u00e9ben.<\/td><td>A rangsorokat r\u00e9gi\u00f3nk\u00e9nt osztj\u00e1k fel.<\/td><\/tr><\/tbody><\/table><\/figure>\n\n\n\n<p class=\"wp-block-paragraph\">Ha valaha is hallott\u00e1l egy <strong>h\u00e9tcsillagos sz\u00e1llod\u00e1r\u00f3l<\/strong>, r\u00f6gt\u00f6n ki kell \u00e1br\u00e1nd\u00edtanolak, mert ilyen hivatalos besorol\u00e1s nem l\u00e9tezik. Ez a modern legenda 1999-ben sz\u00fcletett, amikor egy bizonyos brit \u00fajs\u00e1g\u00edr\u00f3n\u0151 megl\u00e1togatta a dubaji <strong>Burj Al Arab<\/strong> megnyit\u00e1s el\u0151tti bej\u00e1r\u00e1s\u00e1t, \u00e9s a cikk\u00e9be azt \u00edrta, hogy a sz\u00e1lloda annyira luxus, hogy ak\u00e1r h\u00e9t csillagot is \u00e9rdemelne. Ez a kifejez\u00e9s azonnal elterjedt, \u00e9s a mai napig \u00f6n\u00e1ll\u00f3 \u00e9letet \u00e9l, pedig a <strong>Burj Al Arabnak hivatalosan \u00f6t csillaga van<\/strong> a dubaji turisztikai hivatalt\u00f3l, \u00e9s \u00f6t csillaga a Forbes Travel Guide-t\u00f3l.<\/p>\n\n\n\n<h2 class=\"wp-block-heading\"><span class=\"ez-toc-section\" id=\"A_rangsor_szamokban\"><\/span>A rangsor sz\u00e1mokban<span class=\"ez-toc-section-end\"><\/span><\/h2>\n\n\n\n<p class=\"wp-block-paragraph\">A <strong>The World&#8217;s 50 Best Hotels 2025-\u00f6s rangsora<\/strong> t\u00f6bb \u00e9rdekes fordulatot hozott, az abszol\u00fat gy\u0151ztes pedig a <strong>Rosewood Hong Kong<\/strong> lett, amely tavaly a bronzot vitte. A tavalyi c\u00edmv\u00e9d\u0151, a thaif\u00f6ldi <a href=\"https:\/\/www.stay22.com\/allez\/roam?aid=lukaskonecny&amp;campaign=loudavymkrokemcz&amp;campaign=nejluxusnejsi-hotely-sveta&amp;hotelname=Capella%20Bangkok&amp;address=Bangkok%2C%20Thajsko\" target=\"_blank\" rel=\"nofollow noopener sponsored\">Capella Bangkok<\/a> id\u00e9n a sz\u00e9p harmadik helyre cs\u00faszott vissza. Az \u00e1zsiai kontinens id\u00e9n \u00f6sszess\u00e9g\u00e9ben domin\u00e1l, mivel <strong>az els\u0151 \u00f6tvenben r\u00f6gt\u00f6n 20 k\u00e9pvisel\u0151je van<\/strong>, m\u00edg Eur\u00f3pa 17 poz\u00edci\u00f3t tart.<\/p>\n\n\n\n<p class=\"wp-block-paragraph\">Az al\u00e1bbi t\u00e1bl\u00e1zatban szerepl\u0151 \u00e1rak a <strong>hivatalos kiindul\u00f3 \u00e1rat (Starting Rate)<\/strong> jelentik, vagyis a legolcs\u00f3bb szoba \u00e1r\u00e1t a f\u0151szezonon k\u00edv\u00fcl. A jobb elk\u00e9pzel\u00e9s kedv\u00e9\u00e9rt az \u00f6sszegeket <strong>21,5 K\u010d-s doll\u00e1r\u00e1nfolyammal \u00e1tsz\u00e1moltuk<\/strong>, de k\u00e9rlek, mindig csak t\u00e1j\u00e9koztat\u00f3 kiindul\u00f3pontk\u00e9nt kezeld \u0151ket.<\/p>\n\n\n\n<figure class=\"wp-block-table\"><table><thead><tr><th>Helyez\u00e9s<\/th><th>Sz\u00e1lloda<\/th><th>Hol<\/th><th>Szoba<\/th><th>-t\u00f3l (USD\/\u00e9j)<\/th><th>\u2248 Ft<\/th><\/tr><\/thead><tbody><tr><td>1.<\/td><td><strong>Rosewood Hong Kong<\/strong><\/td><td>Hongkong<\/td><td>413<\/td><td>$650<\/td><td>~211 000 Ft<\/td><\/tr><tr><td>2.<\/td><td><strong>Four Seasons Bangkok at Chao Phraya River<\/strong><\/td><td>Bangkok, Thaif\u00f6ld<\/td><td>299<\/td><td>$450<\/td><td>~146 000 Ft<\/td><\/tr><tr><td>3.<\/td><td><strong>Capella Bangkok<\/strong><\/td><td>Bangkok, Thaif\u00f6ld<\/td><td>101<\/td><td>$600<\/td><td>~195 000 Ft<\/td><\/tr><tr><td>4.<\/td><td><strong>Passalacqua<\/strong><\/td><td>Moltrasio, Com\u00f3i-t\u00f3, Olaszorsz\u00e1g<\/td><td>24<\/td><td>$1300<\/td><td>~422 000 Ft<\/td><\/tr><tr><td>5.<\/td><td><strong>Raffles Singapore<\/strong><\/td><td>Szingap\u00far<\/td><td>115<\/td><td>$2000<\/td><td>~650 000 Ft<\/td><\/tr><tr><td>6.<\/td><td><strong>Atlantis The Royal<\/strong><\/td><td>Dubaj, EAE<\/td><td>795<\/td><td>$460<\/td><td>~149 000 Ft<\/td><\/tr><tr><td>7.<\/td><td><strong>Mandarin Oriental, Bangkok<\/strong><\/td><td>Bangkok, Thaif\u00f6ld<\/td><td>331<\/td><td>$757<\/td><td>~246 000 Ft<\/td><\/tr><tr><td>8.<\/td><td><strong>Chabl\u00e9 Yucat\u00e1n<\/strong><\/td><td>Chochol\u00e1, Yucat\u00e1n, Mexik\u00f3<\/td><td>40<\/td><td>$770<\/td><td>~250 000 Ft<\/td><\/tr><tr><td>9.<\/td><td><strong>Four Seasons Firenze<\/strong><\/td><td>Firenze, Olaszorsz\u00e1g<\/td><td>115<\/td><td>$1000<\/td><td>~325 000 Ft<\/td><\/tr><tr><td>10.<\/td><td><strong>Upper House<\/strong><\/td><td>Hongkong<\/td><td>117<\/td><td>$650<\/td><td>~211 000 Ft<\/td><\/tr><tr><td>11.<\/td><td><strong>Copacabana Palace<\/strong><\/td><td>Rio de Janeiro, Braz\u00edlia<\/td><td>239<\/td><td>$300<\/td><td>~97 000 Ft<\/td><\/tr><tr><td>13.<\/td><td><strong>Royal Mansour<\/strong><\/td><td>Marr\u00e1kes, Marokk\u00f3<\/td><td>53<\/td><td>$1900<\/td><td>~617 000 Ft<\/td><\/tr><tr><td>16.<\/td><td><strong>Claridge&#8217;s<\/strong><\/td><td>London, Anglia<\/td><td>269<\/td><td>$1200<\/td><td>~390 000 Ft<\/td><\/tr><tr><td>17.<\/td><td><strong>Four Seasons Astir Palace<\/strong><\/td><td>Vouliagmeni, Ath\u00e9n mellett, G\u00f6r\u00f6gorsz\u00e1g<\/td><td>303<\/td><td>$550<\/td><td>~179 000 Ft<\/td><\/tr><tr><td>19.<\/td><td><strong>Le Bristol Paris<\/strong><\/td><td>P\u00e1rizs, Franciaorsz\u00e1g<\/td><td>190<\/td><td>$3200<\/td><td>~1 040 000 Ft<\/td><\/tr><tr><td>21.<\/td><td><strong>Cheval Blanc Paris<\/strong><\/td><td>P\u00e1rizs, Franciaorsz\u00e1g<\/td><td>72<\/td><td>$3000<\/td><td>~975 000 Ft<\/td><\/tr><tr><td>22.<\/td><td><strong>Bulgari Hotel Roma<\/strong><\/td><td>R\u00f3ma, Olaszorsz\u00e1g<\/td><td>106<\/td><td>$1600<\/td><td>~520 000 Ft<\/td><\/tr><tr><td>23.<\/td><td><strong>H\u00f4tel de Crillon<\/strong><\/td><td>P\u00e1rizs, Franciaorsz\u00e1g<\/td><td>124<\/td><td>$3000<\/td><td>~975 000 Ft<\/td><\/tr><tr><td>25.<\/td><td><strong>Aman Tokyo<\/strong><\/td><td>Toki\u00f3, Jap\u00e1n<\/td><td>84<\/td><td>$1800<\/td><td>~585 000 Ft<\/td><\/tr><tr><td>26.<\/td><td><strong>Hotel Il Pellicano<\/strong><\/td><td>Porto Ercole, Toszk\u00e1na, Olaszorsz\u00e1g<\/td><td>47<\/td><td>$1000<\/td><td>~325 000 Ft<\/td><\/tr><tr><td>28.<\/td><td><strong>Soneva Fushi<\/strong><\/td><td>Mald\u00edv-szigetek<\/td><td>72<\/td><td>$2800<\/td><td>~910 000 Ft<\/td><\/tr><tr><td>29.<\/td><td><strong>The Connaught<\/strong><\/td><td>London, Anglia<\/td><td>115<\/td><td>$1250<\/td><td>~406 000 Ft<\/td><\/tr><tr><td>30.<\/td><td><strong>La Mamounia<\/strong><\/td><td>Marr\u00e1kes, Marokk\u00f3<\/td><td>209<\/td><td>$900<\/td><td>~292 000 Ft<\/td><\/tr><tr><td>36.<\/td><td><strong>H\u00f4tel de Paris Monte-Carlo<\/strong><\/td><td>Monaco<\/td><td>208<\/td><td>$800<\/td><td>~260 000 Ft<\/td><\/tr><tr><td>38.<\/td><td><strong>The Taj Mahal Palace<\/strong><\/td><td>Mumbai, India<\/td><td>285<\/td><td>$250<\/td><td>~81 000 Ft<\/td><\/tr><tr><td>40.<\/td><td><strong>Singita \u2014 Kruger Nemzeti Park<\/strong><\/td><td>D\u00e9l-afrikai K\u00f6zt\u00e1rsas\u00e1g<\/td><td>22<\/td><td>$1900<\/td><td>~617 000 Ft<\/td><\/tr><tr><td>43.<\/td><td><strong>The Mark<\/strong><\/td><td>New York, USA<\/td><td>153<\/td><td>$800<\/td><td>~260 000 Ft<\/td><\/tr><tr><td>48.<\/td><td><strong>Grand Park Hotel Rovinj<\/strong><\/td><td>Rovinj, Isztria, Horv\u00e1torsz\u00e1g<\/td><td>209<\/td><td>$300<\/td><td>~97 000 Ft<\/td><\/tr><tr><td>49.<\/td><td><strong>Hotel Sacher Wien<\/strong><\/td><td>B\u00e9cs, Ausztria<\/td><td>152<\/td><td>$750<\/td><td>~244 000 Ft<\/td><\/tr><\/tbody><\/table><\/figure>\n\n\n\n<p class=\"wp-block-paragraph\">A kem\u00e9ny adatokat n\u00e9zve leny\u0171g\u00f6z\u0151 l\u00e1tni, <strong>milyen hatalmas az \u00e1rsz\u00f3r\u00f3d\u00e1s<\/strong> m\u00e9g a legsz\u0171kebb kr\u00e9mben is. Mik\u00f6zben a v\u00e1logat\u00e1sb\u00f3l a legolcs\u00f3bb sz\u00e1lloda 250 doll\u00e1rn\u00e1l kezd\u0151dik, a legdr\u00e1g\u00e1bb 3200 doll\u00e1rn\u00e1l indul, ami hihetetlen, 1 : 13 ar\u00e1ny\u00fa ar\u00e1nytalans\u00e1got ad.<\/p>\n\n\n\n<p class=\"wp-block-paragraph\">Kiv\u00e1l\u00f3 h\u00edr a k\u00fcl\u00f6nleges \u00e9lm\u00e9nyek szerelmeseinek, hogy <strong>r\u00f6gt\u00f6n \u00f6t sz\u00e1lloda az \u00f6tvenb\u0151l 500 doll\u00e1r alatti \u00e1rral kezd\u0151dik<\/strong>. Ide tartozik az indiai Taj Mahal Palace (250 doll\u00e1r), a brazil <a href=\"https:\/\/www.stay22.com\/allez\/roam?aid=lukaskonecny&amp;campaign=loudavymkrokemcz&amp;campaign=nejluxusnejsi-hotely-sveta&amp;hotelname=Copacabana%20Palace&amp;address=Rio%20de%20Janeiro%2C%20Braz%C3%ADlie\" target=\"_blank\" rel=\"nofollow noopener sponsored\">Copacabana Palace<\/a> (300 doll\u00e1r), a horv\u00e1t <a href=\"https:\/\/www.stay22.com\/allez\/roam?aid=lukaskonecny&amp;campaign=loudavymkrokemcz&amp;campaign=nejluxusnejsi-hotely-sveta&amp;hotelname=Grand%20Park%20Hotel%20Rovinj&amp;address=Rovinj%2C%20Chorvatsko\" target=\"_blank\" rel=\"nofollow noopener sponsored\">Grand Park Hotel Rovinj<\/a> (300 doll\u00e1r), a thaif\u00f6ldi Four Seasons Bangkok (450 doll\u00e1r) \u00e9s a dubaji f\u00e9ny\u0171z\u0151 <a href=\"https:\/\/www.stay22.com\/allez\/roam?aid=lukaskonecny&amp;campaign=loudavymkrokemcz&amp;campaign=nejluxusnejsi-hotely-sveta&amp;hotelname=Atlantis%20The%20Royal&amp;address=Dubaj%2C%20SAE\" target=\"_blank\" rel=\"nofollow noopener sponsored\">Atlantis The Royal<\/a> (460 doll\u00e1r).<\/p>\n\n\n\n<p class=\"wp-block-paragraph\">Egy m\u00e1sik m\u00edtosz az az elk\u00e9pzel\u00e9s, hogy a legjobbnak felt\u00e9tlen\u00fcl a legdr\u00e1g\u00e1bbnak kell lennie. <strong>A legdr\u00e1g\u00e1bb sz\u00e1llod\u00e1k nem v\u00e9geztek a rangsor \u00e9l\u00e9n<\/strong>, mert a p\u00e1rizsi Le Bristol a maga 3200 doll\u00e1ros \u00e1r\u00e1val a 19. helyre ker\u00fclt, m\u00edg a Cheval Blanc \u00e9s a Crillon 3000 doll\u00e1r\u00e9rt a 21. \u00e9s 23. helyet foglalta el. Ezek a p\u00e1rizsi palot\u00e1k teh\u00e1t \u00e9rezhet\u0151en dr\u00e1g\u00e1bbak, mint maga a teljes rangsor els\u0151 helyezettje.<\/p>\n\n\n\n<p class=\"wp-block-paragraph\">Az is kider\u00fcl, hogy <strong>a sz\u00e1lloda m\u00e9rete semmilyen szerepet nem j\u00e1tszik az \u00e9rt\u00e9kel\u00e9sben<\/strong>. A gy\u0151ztes Rosewoodnak massz\u00edv 413 szob\u00e1ja van, m\u00edg a negyedik <a href=\"https:\/\/www.stay22.com\/allez\/roam?aid=lukaskonecny&amp;campaign=loudavymkrokemcz&amp;campaign=nejluxusnejsi-hotely-sveta&amp;hotelname=Passalacqua&amp;address=Moltrasio%2C%20It%C3%A1lie\" target=\"_blank\" rel=\"nofollow noopener sponsored\">Passalacqua<\/a> az olaszorsz\u00e1gi Com\u00f3i-t\u00f3n\u00e1l mind\u00f6ssze 24 szob\u00e1val is be\u00e9ri. A legkisebb pedig az afrikai Singita a Kruger Nemzeti Parkban, 22 szob\u00e1val.<\/p>\n\n\n\n<p class=\"wp-block-paragraph\">Ha a lehet\u0151 legjobb <strong>\u00e1r-\u00e9rt\u00e9k ar\u00e1nyt keresed, az \u00e1zsiai v\u00e1rosok egy\u00e9rtelm\u0171en vezetnek<\/strong>. A gy\u0151ztes <a href=\"https:\/\/www.stay22.com\/allez\/roam?aid=lukaskonecny&amp;campaign=loudavymkrokemcz&amp;campaign=nejluxusnejsi-hotely-sveta&amp;hotelname=Rosewood%20Hong%20Kong&amp;address=Hongkong\" target=\"_blank\" rel=\"nofollow noopener sponsored\">Rosewood Hong Kong<\/a>, ak\u00e1rcsak a tizedik <a href=\"https:\/\/www.stay22.com\/allez\/roam?aid=lukaskonecny&amp;campaign=loudavymkrokemcz&amp;campaign=nejluxusnejsi-hotely-sveta&amp;hotelname=Upper%20House&amp;address=Hongkong\" target=\"_blank\" rel=\"nofollow noopener sponsored\">Upper House<\/a>, 650 doll\u00e1rn\u00e1l kezd\u0151dik, m\u00edg a vil\u00e1g harmadik legjobb sz\u00e1llod\u00e1j\u00e1t, a Capella Bangkokot 600 doll\u00e1rt\u00f3l megkaphatod. \u00cdgy vil\u00e1gsz\u00ednvonalat kapsz olyan \u00f6sszeg\u00e9rt, amennyi\u00e9rt P\u00e1rizsban val\u00f3sz\u00edn\u0171leg m\u00e9g az el\u0151csarnokba sem engedn\u00e9nek be.<\/p>\n\n\n\n<h2 class=\"wp-block-heading\"><span class=\"ez-toc-section\" id=\"A_vilag_29_legluxusabb_szallodaja_es_rezortja\"><\/span>A vil\u00e1g 29 legluxusabb sz\u00e1llod\u00e1ja \u00e9s rezortja<span class=\"ez-toc-section-end\"><\/span><\/h2>\n\n\n\n<p class=\"wp-block-paragraph\">N\u00e9zz\u00fck most meg k\u00f6zelr\u0151l pontosan azt a <strong>29 c\u00edmet a hivatalos rangsorb\u00f3l<\/strong>, amelyek \u00fajradefini\u00e1lj\u00e1k a modern vend\u00e9gl\u00e1t\u00e1s hat\u00e1rait. Kider\u00fcl, mivel nyert\u00e9k meg ezek az int\u00e9zm\u00e9nyek a szigor\u00fa \u00e9rt\u00e9kel\u0151k sz\u00edv\u00e9t, \u00e9s mennyibe ker\u00fcl benn\u00fck a legolcs\u00f3bb szoba.<\/p>\n\n\n\n<figure data-wp-context=\"{&quot;imageId&quot;:&quot;6a953a9d922c6&quot;}\" data-wp-interactive=\"core\/image\" data-wp-key=\"6a953a9d922c6\" class=\"wp-block-image size-full wp-lightbox-container\"><img decoding=\"async\" width=\"1600\" height=\"1068\" data-wp-class--hide=\"state.isContentHidden\" data-wp-class--show=\"state.isContentVisible\" data-wp-init=\"callbacks.setButtonStyles\" data-wp-on--click=\"actions.showLightbox\" data-wp-on--load=\"callbacks.setButtonStyles\" data-wp-on--pointerdown=\"actions.preloadImage\" data-wp-on--pointerenter=\"actions.preloadImageWithDelay\" data-wp-on--pointerleave=\"actions.cancelPreload\" data-wp-on-window--resize=\"callbacks.setButtonStyles\" src=\"https:\/\/loudavymkrokem.cz\/wp-content\/uploads\/2026\/08\/rosewood-hong-kong-nad-p-stavem-victoria.jpg\" alt=\"Rosewood Hong Kong a Victoria kik\u00f6t\u0151 felett\" class=\"wp-image-404483\" title=\"\" srcset=\"https:\/\/loudavymkrokem.cz\/wp-content\/uploads\/2026\/08\/rosewood-hong-kong-nad-p-stavem-victoria.jpg 1600w, https:\/\/loudavymkrokem.cz\/wp-content\/uploads\/2026\/08\/rosewood-hong-kong-nad-p-stavem-victoria-300x200.jpg 300w, https:\/\/loudavymkrokem.cz\/wp-content\/uploads\/2026\/08\/rosewood-hong-kong-nad-p-stavem-victoria-700x467.jpg 700w, https:\/\/loudavymkrokem.cz\/wp-content\/uploads\/2026\/08\/rosewood-hong-kong-nad-p-stavem-victoria-768x513.jpg 768w, https:\/\/loudavymkrokem.cz\/wp-content\/uploads\/2026\/08\/rosewood-hong-kong-nad-p-stavem-victoria-1536x1025.jpg 1536w, https:\/\/loudavymkrokem.cz\/wp-content\/uploads\/2026\/08\/rosewood-hong-kong-nad-p-stavem-victoria-696x465.jpg 696w, https:\/\/loudavymkrokem.cz\/wp-content\/uploads\/2026\/08\/rosewood-hong-kong-nad-p-stavem-victoria-1392x929.jpg 1392w\" sizes=\"(max-width: 1600px) 100vw, 1600px\" \/><button\n\t\t\tclass=\"lightbox-trigger\"\n\t\t\ttype=\"button\"\n\t\t\taria-haspopup=\"dialog\"\n\t\t\tdata-wp-bind--aria-label=\"state.thisImage.triggerButtonAriaLabel\"\n\t\t\tdata-wp-init=\"callbacks.initTriggerButton\"\n\t\t\tdata-wp-on--click=\"actions.showLightbox\"\n\t\t\tdata-wp-style--right=\"state.thisImage.buttonRight\"\n\t\t\tdata-wp-style--top=\"state.thisImage.buttonTop\"\n\t\t>\n\t\t\t<svg xmlns=\"http:\/\/www.w3.org\/2000\/svg\" width=\"12\" height=\"12\" fill=\"none\" viewBox=\"0 0 12 12\">\n\t\t\t\t<path fill=\"#fff\" d=\"M2 0a2 2 0 0 0-2 2v2h1.5V2a.5.5 0 0 1 .5-.5h2V0H2Zm2 10.5H2a.5.5 0 0 1-.5-.5V8H0v2a2 2 0 0 0 2 2h2v-1.5ZM8 12v-1.5h2a.5.5 0 0 0 .5-.5V8H12v2a2 2 0 0 1-2 2H8Zm2-12a2 2 0 0 1 2 2v2h-1.5V2a.5.5 0 0 0-.5-.5H8V0h2Z\" \/>\n\t\t\t<\/svg>\n\t\t<\/button><figcaption class=\"wp-element-caption\">Fot\u00f3: Rosewood Hong Kong \/ Google Maps<\/figcaption><\/figure>\n\n\n\n<h3 class=\"wp-block-heading\"><span class=\"ez-toc-section\" id=\"1_Rosewood_Hong_Kong\"><\/span>1. Rosewood Hong Kong<span class=\"ez-toc-section-end\"><\/span><\/h3>\n\n\n\n<p class=\"wp-block-paragraph\"><strong>A vil\u00e1g legjobb sz\u00e1llod\u00e1ja 2025-re<\/strong> \u00e9s az \u00e1zsiai piac kir\u00e1lya leny\u0171g\u00f6z\u0151, 270 m\u00e9teres magass\u00e1gba tornyosul k\u00f6zvetlen\u00fcl a hongkongi ikonikus Victoria Harbour kik\u00f6t\u0151 f\u00f6l\u00e9. A 413 szoba ter\u00fclet\u00e9n a New York-i Tony Chi tervez\u0151nek siker\u00fclt <strong>\u00e9l\u0151 f\u00fazi\u00f3t teremtenie a keleti \u00e9s nyugati hat\u00e1sokb\u00f3l<\/strong>, ahol m\u00e1r a bej\u00e1ratn\u00e1l olyan nevek m\u0171veibe botlasz, mint Damien Hirst. K\u00fcl\u00f6nlegess\u00e9g, hogy a lifthallok minden emeleten nem a szok\u00e1sos sz\u00e1llod\u00e1ra, hanem ink\u00e1bb k\u00f6nyvekkel \u00e9s m\u0171t\u00e1rgyakkal teli, otthonos nappalikra eml\u00e9keztetnek.<\/p>\n\n\n\n<p class=\"wp-block-paragraph\">Az alapszob\u00e1k <strong>nagyvonal\u00fa 53 n\u00e9gyzetm\u00e9teren<\/strong> kezd\u0151dnek, ami a zs\u00fafolt Hongkongban p\u00e9ld\u00e1tlan luxus, \u00e9s kock\u00e1s gyapj\u00fatap\u00e9t\u00e1k, illetve k\u00e9t mosd\u00f3val \u00e9s szabadon \u00e1ll\u00f3 k\u00e1ddal ell\u00e1tott m\u00e1rv\u00e1nyf\u00fcrd\u0151szob\u00e1k uralj\u00e1k \u0151ket. Hihetetlen, 11 \u00e9tterem \u00e9s b\u00e1r \u00e1ll rendelkez\u00e9sre, k\u00f6zt\u00fck a Michelin-csillagos The Legacy House vagy az indiai Chaat, m\u00edg a kokt\u00e9lokat a hom\u00e1lyos Darkside b\u00e1rban keverik. <strong>\ud83d\udca1 Tipp:<\/strong> Ha igazi \u00fajraind\u00edt\u00e1sra v\u00e1gysz, sz\u00e1nj id\u0151t a <strong>sz\u00e1lloda Asaya Sp\u00e1j\u00e1ra<\/strong>, amely a francia Guerlain m\u00e1rk\u00e1val m\u0171k\u00f6dik egy\u00fctt, \u00e9s speci\u00e1lis j\u00f3gakurzusokat vagy hanggy\u00f3gy\u00edt\u00e1st is k\u00edn\u00e1l. <em>(Hongkong \u2022 413 szoba \u2022 650 USD-t\u00f3l \/ kb. 211 000 Ft)<\/em> <a href=\"https:\/\/www.stay22.com\/allez\/roam?aid=lukaskonecny&amp;campaign=loudavymkrokemcz&amp;campaign=nejluxusnejsi-hotely-sveta&amp;hotelname=Rosewood%20Hong%20Kong&amp;address=Hongkong\" target=\"_blank\" rel=\"nofollow noopener sponsored\">\u00e1rak \u00e9s el\u00e9rhet\u0151s\u00e9g ellen\u0151rz\u00e9se<\/a><\/p>\n\n\n\n<figure data-wp-context=\"{&quot;imageId&quot;:&quot;6a953a9d926b2&quot;}\" data-wp-interactive=\"core\/image\" data-wp-key=\"6a953a9d926b2\" class=\"wp-block-image size-full wp-lightbox-container\"><img decoding=\"async\" width=\"1600\" height=\"900\" data-wp-class--hide=\"state.isContentHidden\" data-wp-class--show=\"state.isContentVisible\" data-wp-init=\"callbacks.setButtonStyles\" data-wp-on--click=\"actions.showLightbox\" data-wp-on--load=\"callbacks.setButtonStyles\" data-wp-on--pointerdown=\"actions.preloadImage\" data-wp-on--pointerenter=\"actions.preloadImageWithDelay\" data-wp-on--pointerleave=\"actions.cancelPreload\" data-wp-on-window--resize=\"callbacks.setButtonStyles\" src=\"https:\/\/loudavymkrokem.cz\/wp-content\/uploads\/2026\/08\/four-seasons-bangkok-na-b-ehu-eky-chao-phraya.jpg\" alt=\"Four Seasons Bangkok a Chao Phraya foly\u00f3 partj\u00e1n\" class=\"wp-image-404488\" title=\"\" srcset=\"https:\/\/loudavymkrokem.cz\/wp-content\/uploads\/2026\/08\/four-seasons-bangkok-na-b-ehu-eky-chao-phraya.jpg 1600w, https:\/\/loudavymkrokem.cz\/wp-content\/uploads\/2026\/08\/four-seasons-bangkok-na-b-ehu-eky-chao-phraya-300x169.jpg 300w, https:\/\/loudavymkrokem.cz\/wp-content\/uploads\/2026\/08\/four-seasons-bangkok-na-b-ehu-eky-chao-phraya-700x394.jpg 700w, https:\/\/loudavymkrokem.cz\/wp-content\/uploads\/2026\/08\/four-seasons-bangkok-na-b-ehu-eky-chao-phraya-768x432.jpg 768w, https:\/\/loudavymkrokem.cz\/wp-content\/uploads\/2026\/08\/four-seasons-bangkok-na-b-ehu-eky-chao-phraya-1536x864.jpg 1536w, https:\/\/loudavymkrokem.cz\/wp-content\/uploads\/2026\/08\/four-seasons-bangkok-na-b-ehu-eky-chao-phraya-696x392.jpg 696w, https:\/\/loudavymkrokem.cz\/wp-content\/uploads\/2026\/08\/four-seasons-bangkok-na-b-ehu-eky-chao-phraya-1392x783.jpg 1392w\" sizes=\"(max-width: 1600px) 100vw, 1600px\" \/><button\n\t\t\tclass=\"lightbox-trigger\"\n\t\t\ttype=\"button\"\n\t\t\taria-haspopup=\"dialog\"\n\t\t\tdata-wp-bind--aria-label=\"state.thisImage.triggerButtonAriaLabel\"\n\t\t\tdata-wp-init=\"callbacks.initTriggerButton\"\n\t\t\tdata-wp-on--click=\"actions.showLightbox\"\n\t\t\tdata-wp-style--right=\"state.thisImage.buttonRight\"\n\t\t\tdata-wp-style--top=\"state.thisImage.buttonTop\"\n\t\t>\n\t\t\t<svg xmlns=\"http:\/\/www.w3.org\/2000\/svg\" width=\"12\" height=\"12\" fill=\"none\" viewBox=\"0 0 12 12\">\n\t\t\t\t<path fill=\"#fff\" d=\"M2 0a2 2 0 0 0-2 2v2h1.5V2a.5.5 0 0 1 .5-.5h2V0H2Zm2 10.5H2a.5.5 0 0 1-.5-.5V8H0v2a2 2 0 0 0 2 2h2v-1.5ZM8 12v-1.5h2a.5.5 0 0 0 .5-.5V8H12v2a2 2 0 0 1-2 2H8Zm2-12a2 2 0 0 1 2 2v2h-1.5V2a.5.5 0 0 0-.5-.5H8V0h2Z\" \/>\n\t\t\t<\/svg>\n\t\t<\/button><figcaption class=\"wp-element-caption\">Fot\u00f3: Four Seasons Hotel Bangkok at Chao Phraya River \/ Google Maps<\/figcaption><\/figure>\n\n\n\n<h3 class=\"wp-block-heading\"><span class=\"ez-toc-section\" id=\"2_Four_Seasons_Bangkok_at_Chao_Phraya_River\"><\/span>2. Four Seasons Bangkok at Chao Phraya River<span class=\"ez-toc-section-end\"><\/span><\/h3>\n\n\n\n<p class=\"wp-block-paragraph\">Ez a hatalmas v\u00e1rosi mened\u00e9k <strong>k\u00f6zvetlen\u00fcl a h\u00edres Kir\u00e1lyok foly\u00f3j\u00e1nak partj\u00e1n<\/strong> fekszik, \u00e9s mestermunka a kaszk\u00e1dszer\u0171 \u00e9p\u00edt\u00e9szetb\u0151l, amely Jean-Michel Gathy tervez\u0151 nev\u00e9hez f\u0171z\u0151dik. 299 szob\u00e1j\u00e1val ink\u00e1bb tr\u00f3pusi rezortnak hat egy \u00e1zsiai metropolisz k\u00f6zep\u00e9n, ahol az udvarok folytonosan a foly\u00f3val olvadnak \u00f6ssze, \u00e9s <strong>a magas mennyezeteket modern m\u0171alkot\u00e1sok eg\u00e9sz\u00edtik ki<\/strong>.<\/p>\n\n\n\n<p class=\"wp-block-paragraph\">A gasztroszc\u00e9na itt teljesen fenomen\u00e1lis, \u00e9l\u00e9n a kantoni Yu Ting Yuan \u00e9tteremmel \u00e9s a <strong>h\u00edrneves BKK Social Clubbal<\/strong>, amely rendszeresen j\u00f3l szerepel a legjobb \u00e1zsiai b\u00e1rok rangsoraiban. A k\u00f6rnyezet tele van tomp\u00edtott eleganci\u00e1val, \u00fcvegfel\u00fcletekkel \u00e9s finom m\u00e1rv\u00e1nnyal, amelyek ezt a helyet a nyugalom o\u00e1zis\u00e1v\u00e1 teszik az egy\u00e9bk\u00e9nt ny\u00fczsg\u0151 v\u00e1rosban. <strong>\ud83d\udca1 Tipp:<\/strong> Pr\u00f3b\u00e1ld ki a <strong>sz\u00e1lloda hagyom\u00e1nyos hossz\u00fa haj\u00f3val val\u00f3 sz\u00e1ll\u00edt\u00e1s\u00e1t<\/strong>, \u00e9s fedezd fel a r\u00e9gis\u00e9gekkel, gal\u00e9ri\u00e1kkal \u00e9s bisztr\u00f3kkal teli Charoenkrung negyedet an\u00e9lk\u00fcl, hogy a bangkoki dug\u00f3kban kellene id\u0151t t\u00f6ltened. <em>(Bangkok, Thaif\u00f6ld \u2022 299 szoba \u2022 450 USD-t\u00f3l \/ kb. 146 000 Ft)<\/em> <a href=\"https:\/\/www.stay22.com\/allez\/roam?aid=lukaskonecny&amp;campaign=loudavymkrokemcz&amp;campaign=nejluxusnejsi-hotely-sveta&amp;hotelname=Four%20Seasons%20Bangkok%20at%20Chao%20Phraya%20River&amp;address=Bangkok%2C%20Thajsko\" target=\"_blank\" rel=\"nofollow noopener sponsored\">\u00e1rak \u00e9s el\u00e9rhet\u0151s\u00e9g ellen\u0151rz\u00e9se<\/a><\/p>\n\n\n\n<figure data-wp-context=\"{&quot;imageId&quot;:&quot;6a953a9d92a91&quot;}\" data-wp-interactive=\"core\/image\" data-wp-key=\"6a953a9d92a91\" class=\"wp-block-image size-full wp-lightbox-container\"><img decoding=\"async\" width=\"1600\" height=\"1067\" data-wp-class--hide=\"state.isContentHidden\" data-wp-class--show=\"state.isContentVisible\" data-wp-init=\"callbacks.setButtonStyles\" data-wp-on--click=\"actions.showLightbox\" data-wp-on--load=\"callbacks.setButtonStyles\" data-wp-on--pointerdown=\"actions.preloadImage\" data-wp-on--pointerenter=\"actions.preloadImageWithDelay\" data-wp-on--pointerleave=\"actions.cancelPreload\" data-wp-on-window--resize=\"callbacks.setButtonStyles\" src=\"https:\/\/loudavymkrokem.cz\/wp-content\/uploads\/2026\/08\/capella-bangkok-ve-tvrti-charoenkrung.jpg\" alt=\"Capella Bangkok a Charoenkrung negyedben\" class=\"wp-image-404492\" title=\"\" srcset=\"https:\/\/loudavymkrokem.cz\/wp-content\/uploads\/2026\/08\/capella-bangkok-ve-tvrti-charoenkrung.jpg 1600w, https:\/\/loudavymkrokem.cz\/wp-content\/uploads\/2026\/08\/capella-bangkok-ve-tvrti-charoenkrung-300x200.jpg 300w, https:\/\/loudavymkrokem.cz\/wp-content\/uploads\/2026\/08\/capella-bangkok-ve-tvrti-charoenkrung-700x467.jpg 700w, https:\/\/loudavymkrokem.cz\/wp-content\/uploads\/2026\/08\/capella-bangkok-ve-tvrti-charoenkrung-768x512.jpg 768w, https:\/\/loudavymkrokem.cz\/wp-content\/uploads\/2026\/08\/capella-bangkok-ve-tvrti-charoenkrung-1536x1024.jpg 1536w, https:\/\/loudavymkrokem.cz\/wp-content\/uploads\/2026\/08\/capella-bangkok-ve-tvrti-charoenkrung-696x464.jpg 696w, https:\/\/loudavymkrokem.cz\/wp-content\/uploads\/2026\/08\/capella-bangkok-ve-tvrti-charoenkrung-1392x928.jpg 1392w\" sizes=\"(max-width: 1600px) 100vw, 1600px\" \/><button\n\t\t\tclass=\"lightbox-trigger\"\n\t\t\ttype=\"button\"\n\t\t\taria-haspopup=\"dialog\"\n\t\t\tdata-wp-bind--aria-label=\"state.thisImage.triggerButtonAriaLabel\"\n\t\t\tdata-wp-init=\"callbacks.initTriggerButton\"\n\t\t\tdata-wp-on--click=\"actions.showLightbox\"\n\t\t\tdata-wp-style--right=\"state.thisImage.buttonRight\"\n\t\t\tdata-wp-style--top=\"state.thisImage.buttonTop\"\n\t\t>\n\t\t\t<svg xmlns=\"http:\/\/www.w3.org\/2000\/svg\" width=\"12\" height=\"12\" fill=\"none\" viewBox=\"0 0 12 12\">\n\t\t\t\t<path fill=\"#fff\" d=\"M2 0a2 2 0 0 0-2 2v2h1.5V2a.5.5 0 0 1 .5-.5h2V0H2Zm2 10.5H2a.5.5 0 0 1-.5-.5V8H0v2a2 2 0 0 0 2 2h2v-1.5ZM8 12v-1.5h2a.5.5 0 0 0 .5-.5V8H12v2a2 2 0 0 1-2 2H8Zm2-12a2 2 0 0 1 2 2v2h-1.5V2a.5.5 0 0 0-.5-.5H8V0h2Z\" \/>\n\t\t\t<\/svg>\n\t\t<\/button><figcaption class=\"wp-element-caption\">Fot\u00f3: Capella Bangkok \/ Google Maps<\/figcaption><\/figure>\n\n\n\n<h3 class=\"wp-block-heading\"><span class=\"ez-toc-section\" id=\"3_Capella_Bangkok\"><\/span>3. Capella Bangkok<span class=\"ez-toc-section-end\"><\/span><\/h3>\n\n\n\n<p class=\"wp-block-paragraph\">Bangkok csod\u00e1latos, de a zaja \u00e9s a forgalma gyorsan kimer\u00edti az embert, \u00e9s \u00e9pp ez\u00e9rt a Capella Bangkok a maga 101 szob\u00e1j\u00e1val <strong>a csend \u00e9s a nyugalom t\u00f6k\u00e9letes szent\u00e9lye<\/strong>. A diz\u00e1jn a Jap\u00e1n ihlette semleges t\u00f3nusokra \u00e9s tiszta vonalakra \u00e9p\u00edt, m\u00edg a bel\u00e9p\u0151 szob\u00e1k hatalmas f\u00fcrd\u0151szob\u00e1kkal, gardr\u00f3bszob\u00e1kkal \u00e9s k\u00e9nyelmes nyug\u00e1gyakkal ell\u00e1tott teraszokkal rendelkeznek.<\/p>\n\n\n\n<p class=\"wp-block-paragraph\">A sz\u00e1lloda b\u00fcszk\u00e9lkedhet a <strong>zseni\u00e1lis C\u00f4te \u00e9tteremmel<\/strong>, amelyet a h\u00edres Mauro Colagreco s\u00e9f vezet, valamint a csod\u00e1latos, k\u00f6zvetlen\u00fcl a foly\u00f3 mellett fekv\u0151 thai Phra Nakhon \u00e9tteremmel. Az igazi \u00fct\u0151k\u00e1rtya azonban a szem\u00e9lyzet, amelynek szolg\u00e1ltat\u00e1sai szinte telepatikusan hatnak, mert k\u00e9pesek minden v\u00e1gyadat kital\u00e1lni, m\u00e9g miel\u0151tt egy\u00e1ltal\u00e1n kimondan\u00e1d. <strong>\ud83d\udca1 Tipp:<\/strong> Vedd ig\u00e9nybe a <strong>Capella Culturists nev\u0171 szem\u00e9lyes idegenvezet\u0151k<\/strong> szolg\u00e1ltat\u00e1sait, akik ak\u00e1r egy priv\u00e1t medit\u00e1ci\u00f3t is elint\u00e9znek neked a f\u0151szerzetessel egy 250 \u00e9ves templomban. <em>(Bangkok, Thaif\u00f6ld \u2022 101 szoba \u2022 600 USD-t\u00f3l \/ kb. 195 000 Ft)<\/em> <a href=\"https:\/\/www.stay22.com\/allez\/roam?aid=lukaskonecny&amp;campaign=loudavymkrokemcz&amp;campaign=nejluxusnejsi-hotely-sveta&amp;hotelname=Capella%20Bangkok&amp;address=Bangkok%2C%20Thajsko\" target=\"_blank\" rel=\"nofollow noopener sponsored\">\u00e1rak \u00e9s el\u00e9rhet\u0151s\u00e9g ellen\u0151rz\u00e9se<\/a><\/p>\n\n\n\n<figure data-wp-context=\"{&quot;imageId&quot;:&quot;6a953a9d92fa5&quot;}\" data-wp-interactive=\"core\/image\" data-wp-key=\"6a953a9d92fa5\" class=\"wp-block-image size-full wp-lightbox-container\"><img decoding=\"async\" width=\"1600\" height=\"1067\" data-wp-class--hide=\"state.isContentHidden\" data-wp-class--show=\"state.isContentVisible\" data-wp-init=\"callbacks.setButtonStyles\" data-wp-on--click=\"actions.showLightbox\" data-wp-on--load=\"callbacks.setButtonStyles\" data-wp-on--pointerdown=\"actions.preloadImage\" data-wp-on--pointerenter=\"actions.preloadImageWithDelay\" data-wp-on--pointerleave=\"actions.cancelPreload\" data-wp-on-window--resize=\"callbacks.setButtonStyles\" src=\"https:\/\/loudavymkrokem.cz\/wp-content\/uploads\/2026\/08\/vila-passalacqua-nad-jezerem-como.jpg\" alt=\"A Passalacqua villa a Com\u00f3i-t\u00f3 felett\" class=\"wp-image-404494\" title=\"\" srcset=\"https:\/\/loudavymkrokem.cz\/wp-content\/uploads\/2026\/08\/vila-passalacqua-nad-jezerem-como.jpg 1600w, https:\/\/loudavymkrokem.cz\/wp-content\/uploads\/2026\/08\/vila-passalacqua-nad-jezerem-como-300x200.jpg 300w, https:\/\/loudavymkrokem.cz\/wp-content\/uploads\/2026\/08\/vila-passalacqua-nad-jezerem-como-700x467.jpg 700w, https:\/\/loudavymkrokem.cz\/wp-content\/uploads\/2026\/08\/vila-passalacqua-nad-jezerem-como-768x512.jpg 768w, https:\/\/loudavymkrokem.cz\/wp-content\/uploads\/2026\/08\/vila-passalacqua-nad-jezerem-como-1536x1024.jpg 1536w, https:\/\/loudavymkrokem.cz\/wp-content\/uploads\/2026\/08\/vila-passalacqua-nad-jezerem-como-696x464.jpg 696w, https:\/\/loudavymkrokem.cz\/wp-content\/uploads\/2026\/08\/vila-passalacqua-nad-jezerem-como-1392x928.jpg 1392w\" sizes=\"(max-width: 1600px) 100vw, 1600px\" \/><button\n\t\t\tclass=\"lightbox-trigger\"\n\t\t\ttype=\"button\"\n\t\t\taria-haspopup=\"dialog\"\n\t\t\tdata-wp-bind--aria-label=\"state.thisImage.triggerButtonAriaLabel\"\n\t\t\tdata-wp-init=\"callbacks.initTriggerButton\"\n\t\t\tdata-wp-on--click=\"actions.showLightbox\"\n\t\t\tdata-wp-style--right=\"state.thisImage.buttonRight\"\n\t\t\tdata-wp-style--top=\"state.thisImage.buttonTop\"\n\t\t>\n\t\t\t<svg xmlns=\"http:\/\/www.w3.org\/2000\/svg\" width=\"12\" height=\"12\" fill=\"none\" viewBox=\"0 0 12 12\">\n\t\t\t\t<path fill=\"#fff\" d=\"M2 0a2 2 0 0 0-2 2v2h1.5V2a.5.5 0 0 1 .5-.5h2V0H2Zm2 10.5H2a.5.5 0 0 1-.5-.5V8H0v2a2 2 0 0 0 2 2h2v-1.5ZM8 12v-1.5h2a.5.5 0 0 0 .5-.5V8H12v2a2 2 0 0 1-2 2H8Zm2-12a2 2 0 0 1 2 2v2h-1.5V2a.5.5 0 0 0-.5-.5H8V0h2Z\" \/>\n\t\t\t<\/svg>\n\t\t<\/button><figcaption class=\"wp-element-caption\">Fot\u00f3: Passalacqua \/ Google Maps<\/figcaption><\/figure>\n\n\n\n<h3 class=\"wp-block-heading\"><span class=\"ez-toc-section\" id=\"4_Passalacqua\"><\/span>4. Passalacqua<span class=\"ez-toc-section-end\"><\/span><\/h3>\n\n\n\n<p class=\"wp-block-paragraph\">Ez az \u00e9kszer az olasz Com\u00f3i-t\u00f3 partj\u00e1n <strong>egy 18. sz\u00e1zadi vill\u00e1ba \u00e1gyaz\u00f3dik<\/strong>, amelynek falai eml\u00e9keznek XI. Ince p\u00e1p\u00e1ra \u00e9s Vincenzo Bellini zeneszerz\u0151re is. A De Santis csal\u00e1d itt butik-paradicsomot hozott l\u00e9tre mind\u00f6ssze 24 szob\u00e1val, ahol <strong>az olasz k\u00e9zm\u0171vess\u00e9g minden r\u00e9szletb\u0151l ki\u00e1lt<\/strong>, az eredeti fresk\u00f3kt\u00f3l \u00e9s velencei t\u00fckr\u00f6kt\u0151l kezdve eg\u00e9szen a muran\u00f3i f\u00fajt\u00fcvegb\u0151l k\u00e9sz\u00fclt csill\u00e1rokig.<\/p>\n\n\n\n<p class=\"wp-block-paragraph\">A birtok h\u00e9t holdnyi t\u00f6k\u00e9letesen \u00e1polt teraszos kertet k\u00edn\u00e1l olajf\u00e1kkal \u00e9s r\u00f3zs\u00e1kkal, amelyek folytonosan \u00e1tvezetnek a JJ Martin \u00e1ltal tervezett, felt\u0171n\u0151 naperny\u0151kkel v\u00e9dett medenc\u00e9hez. A Viviana Varese s\u00e9fn\u0151 vezette nyitott konyha \u00e9telei v\u00e1ratlanul <strong>egyszer\u0171ek, \u00e9s a helyi alapanyagokat \u00fcnneplik<\/strong>, amelyeket gyakorlatilag b\u00e1rhol \u00e9lvezhetsz a t\u00e1gas kertben. <strong>\ud83d\udca1 Tipp:<\/strong> A villa birtok\u00e1nak felfedez\u00e9s\u00e9re a legjobb m\u00f3dszer, ha <strong>k\u00f6lcs\u00f6nveszel egy narancss\u00e1rga Spiaggin\u00e1t<\/strong> (tet\u0151 n\u00e9lk\u00fcli vintage Fiat 500), esetleg egy t\u00f3parti nap ut\u00e1n a bolt\u00edves mennyezet\u0171 f\u00f6ldalatti f\u00fcrd\u0151ben h\u00fazod meg magad. <em>(Moltrasio, Com\u00f3i-t\u00f3, Olaszorsz\u00e1g \u2022 24 szoba \u2022 1300 USD-t\u00f3l \/ kb. 422 000 Ft)<\/em> <a href=\"https:\/\/www.stay22.com\/allez\/roam?aid=lukaskonecny&amp;campaign=loudavymkrokemcz&amp;campaign=nejluxusnejsi-hotely-sveta&amp;hotelname=Passalacqua&amp;address=Moltrasio%2C%20It%C3%A1lie\" target=\"_blank\" rel=\"nofollow noopener sponsored\">\u00e1rak \u00e9s el\u00e9rhet\u0151s\u00e9g ellen\u0151rz\u00e9se<\/a><\/p>\n\n\n\n<figure data-wp-context=\"{&quot;imageId&quot;:&quot;6a953a9d93597&quot;}\" data-wp-interactive=\"core\/image\" data-wp-key=\"6a953a9d93597\" class=\"wp-block-image size-full wp-lightbox-container\"><img decoding=\"async\" width=\"1800\" height=\"1202\" data-wp-class--hide=\"state.isContentHidden\" data-wp-class--show=\"state.isContentVisible\" data-wp-init=\"callbacks.setButtonStyles\" data-wp-on--click=\"actions.showLightbox\" data-wp-on--load=\"callbacks.setButtonStyles\" data-wp-on--pointerdown=\"actions.preloadImage\" data-wp-on--pointerenter=\"actions.preloadImageWithDelay\" data-wp-on--pointerleave=\"actions.cancelPreload\" data-wp-on-window--resize=\"callbacks.setButtonStyles\" src=\"https:\/\/loudavymkrokem.cz\/wp-content\/uploads\/2026\/08\/raffles-singapore-1.jpg\" alt=\"A Raffles Singapore feh\u00e9r homlokzata\" class=\"wp-image-404889\" title=\"\" srcset=\"https:\/\/loudavymkrokem.cz\/wp-content\/uploads\/2026\/08\/raffles-singapore-1.jpg 1800w, https:\/\/loudavymkrokem.cz\/wp-content\/uploads\/2026\/08\/raffles-singapore-1-300x200.jpg 300w, https:\/\/loudavymkrokem.cz\/wp-content\/uploads\/2026\/08\/raffles-singapore-1-700x467.jpg 700w, https:\/\/loudavymkrokem.cz\/wp-content\/uploads\/2026\/08\/raffles-singapore-1-768x513.jpg 768w, https:\/\/loudavymkrokem.cz\/wp-content\/uploads\/2026\/08\/raffles-singapore-1-1536x1026.jpg 1536w, https:\/\/loudavymkrokem.cz\/wp-content\/uploads\/2026\/08\/raffles-singapore-1-696x465.jpg 696w, https:\/\/loudavymkrokem.cz\/wp-content\/uploads\/2026\/08\/raffles-singapore-1-1392x930.jpg 1392w\" sizes=\"(max-width: 1800px) 100vw, 1800px\" \/><button\n\t\t\tclass=\"lightbox-trigger\"\n\t\t\ttype=\"button\"\n\t\t\taria-haspopup=\"dialog\"\n\t\t\tdata-wp-bind--aria-label=\"state.thisImage.triggerButtonAriaLabel\"\n\t\t\tdata-wp-init=\"callbacks.initTriggerButton\"\n\t\t\tdata-wp-on--click=\"actions.showLightbox\"\n\t\t\tdata-wp-style--right=\"state.thisImage.buttonRight\"\n\t\t\tdata-wp-style--top=\"state.thisImage.buttonTop\"\n\t\t>\n\t\t\t<svg xmlns=\"http:\/\/www.w3.org\/2000\/svg\" width=\"12\" height=\"12\" fill=\"none\" viewBox=\"0 0 12 12\">\n\t\t\t\t<path fill=\"#fff\" d=\"M2 0a2 2 0 0 0-2 2v2h1.5V2a.5.5 0 0 1 .5-.5h2V0H2Zm2 10.5H2a.5.5 0 0 1-.5-.5V8H0v2a2 2 0 0 0 2 2h2v-1.5ZM8 12v-1.5h2a.5.5 0 0 0 .5-.5V8H12v2a2 2 0 0 1-2 2H8Zm2-12a2 2 0 0 1 2 2v2h-1.5V2a.5.5 0 0 0-.5-.5H8V0h2Z\" \/>\n\t\t\t<\/svg>\n\t\t<\/button><figcaption class=\"wp-element-caption\">Fot\u00f3: Raffles Hotels \/ hivatalos weboldal<\/figcaption><\/figure>\n\n\n\n<h3 class=\"wp-block-heading\"><span class=\"ez-toc-section\" id=\"5_Raffles_Singapore\"><\/span>5. Raffles Singapore<span class=\"ez-toc-section-end\"><\/span><\/h3>\n\n\n\n<p class=\"wp-block-paragraph\">Ez a legend\u00e1s sz\u00e1lloda sz\u00f3 szerint <strong>az utaz\u00e1s aranykor\u00e1nak megtestes\u00edt\u0151je<\/strong>, \u00e9s m\u00e1r 1887 \u00f3ta m\u0171k\u00f6dik, m\u00edg a jelenlegi neorenesz\u00e1nsz \u00e9p\u00fclet 1899-ben l\u00e1tta meg a napvil\u00e1got. Ma hagyom\u00e1nyos szikh egyenruh\u00e1s port\u00e1sok fogadnak, \u00e9s s\u00e9t\u00e1lhatsz a f\u00e9nyezett t\u00edkfa verand\u00e1kon, amelyek a 115 t\u00f6rt\u00e9nelmi lakoszt\u00e1lyt k\u00f6tik \u00f6ssze.<\/p>\n\n\n\n<figure data-wp-context=\"{&quot;galleryId&quot;:&quot;6a953a9d93852&quot;}\" data-wp-interactive=\"core\/gallery\" class=\"wp-block-gallery has-nested-images columns-2 is-cropped wp-block-gallery-is-layout-flex wp-block-gallery-1 is-layout-flex\">\n<figure data-wp-context=\"{&quot;imageId&quot;:&quot;6a953a9d93b4a&quot;}\" data-wp-interactive=\"core\/image\" data-wp-key=\"6a953a9d93b4a\" class=\"wp-block-image size-large wp-lightbox-container\"><img decoding=\"async\" width=\"1800\" height=\"1005\" data-wp-class--hide=\"state.isContentHidden\" data-wp-class--show=\"state.isContentVisible\" data-wp-init=\"callbacks.setButtonStyles\" data-wp-on--click=\"actions.showLightbox\" data-wp-on--load=\"callbacks.setButtonStyles\" data-wp-on--pointerdown=\"actions.preloadImage\" data-wp-on--pointerenter=\"actions.preloadImageWithDelay\" data-wp-on--pointerleave=\"actions.cancelPreload\" data-wp-on-window--resize=\"callbacks.setButtonStyles\" data-id=\"404891\" src=\"https:\/\/loudavymkrokem.cz\/wp-content\/uploads\/2026\/08\/raffles-singapore-2.jpg\" alt=\"A Raffles sz\u00e1lloda oszlopcsarnoka \u00e9s verand\u00e1i\" class=\"wp-image-404891\" title=\"\" srcset=\"https:\/\/loudavymkrokem.cz\/wp-content\/uploads\/2026\/08\/raffles-singapore-2.jpg 1800w, https:\/\/loudavymkrokem.cz\/wp-content\/uploads\/2026\/08\/raffles-singapore-2-300x168.jpg 300w, https:\/\/loudavymkrokem.cz\/wp-content\/uploads\/2026\/08\/raffles-singapore-2-700x391.jpg 700w, https:\/\/loudavymkrokem.cz\/wp-content\/uploads\/2026\/08\/raffles-singapore-2-768x429.jpg 768w, https:\/\/loudavymkrokem.cz\/wp-content\/uploads\/2026\/08\/raffles-singapore-2-1536x858.jpg 1536w, https:\/\/loudavymkrokem.cz\/wp-content\/uploads\/2026\/08\/raffles-singapore-2-696x389.jpg 696w, https:\/\/loudavymkrokem.cz\/wp-content\/uploads\/2026\/08\/raffles-singapore-2-1392x777.jpg 1392w\" sizes=\"(max-width: 1800px) 100vw, 1800px\" \/><button\n\t\t\tclass=\"lightbox-trigger\"\n\t\t\ttype=\"button\"\n\t\t\taria-haspopup=\"dialog\"\n\t\t\tdata-wp-bind--aria-label=\"state.thisImage.triggerButtonAriaLabel\"\n\t\t\tdata-wp-init=\"callbacks.initTriggerButton\"\n\t\t\tdata-wp-on--click=\"actions.showLightbox\"\n\t\t\tdata-wp-style--right=\"state.thisImage.buttonRight\"\n\t\t\tdata-wp-style--top=\"state.thisImage.buttonTop\"\n\t\t>\n\t\t\t<svg xmlns=\"http:\/\/www.w3.org\/2000\/svg\" width=\"12\" height=\"12\" fill=\"none\" viewBox=\"0 0 12 12\">\n\t\t\t\t<path fill=\"#fff\" d=\"M2 0a2 2 0 0 0-2 2v2h1.5V2a.5.5 0 0 1 .5-.5h2V0H2Zm2 10.5H2a.5.5 0 0 1-.5-.5V8H0v2a2 2 0 0 0 2 2h2v-1.5ZM8 12v-1.5h2a.5.5 0 0 0 .5-.5V8H12v2a2 2 0 0 1-2 2H8Zm2-12a2 2 0 0 1 2 2v2h-1.5V2a.5.5 0 0 0-.5-.5H8V0h2Z\" \/>\n\t\t\t<\/svg>\n\t\t<\/button><figcaption class=\"wp-element-caption\">Fot\u00f3: Raffles Hotels \/ hivatalos weboldal<\/figcaption><\/figure>\n\n\n\n<figure data-wp-context=\"{&quot;imageId&quot;:&quot;6a953a9d93ff5&quot;}\" data-wp-interactive=\"core\/image\" data-wp-key=\"6a953a9d93ff5\" class=\"wp-block-image size-large wp-lightbox-container\"><img decoding=\"async\" width=\"1800\" height=\"1202\" data-wp-class--hide=\"state.isContentHidden\" data-wp-class--show=\"state.isContentVisible\" data-wp-init=\"callbacks.setButtonStyles\" data-wp-on--click=\"actions.showLightbox\" data-wp-on--load=\"callbacks.setButtonStyles\" data-wp-on--pointerdown=\"actions.preloadImage\" data-wp-on--pointerenter=\"actions.preloadImageWithDelay\" data-wp-on--pointerleave=\"actions.cancelPreload\" data-wp-on-window--resize=\"callbacks.setButtonStyles\" data-id=\"404894\" src=\"https:\/\/loudavymkrokem.cz\/wp-content\/uploads\/2026\/08\/raffles-singapore-3.jpg\" alt=\"Lakoszt\u00e1ly a Raffles Singapore-ban\" class=\"wp-image-404894\" title=\"\" srcset=\"https:\/\/loudavymkrokem.cz\/wp-content\/uploads\/2026\/08\/raffles-singapore-3.jpg 1800w, https:\/\/loudavymkrokem.cz\/wp-content\/uploads\/2026\/08\/raffles-singapore-3-300x200.jpg 300w, https:\/\/loudavymkrokem.cz\/wp-content\/uploads\/2026\/08\/raffles-singapore-3-700x467.jpg 700w, https:\/\/loudavymkrokem.cz\/wp-content\/uploads\/2026\/08\/raffles-singapore-3-768x513.jpg 768w, https:\/\/loudavymkrokem.cz\/wp-content\/uploads\/2026\/08\/raffles-singapore-3-1536x1026.jpg 1536w, https:\/\/loudavymkrokem.cz\/wp-content\/uploads\/2026\/08\/raffles-singapore-3-696x465.jpg 696w, https:\/\/loudavymkrokem.cz\/wp-content\/uploads\/2026\/08\/raffles-singapore-3-1392x930.jpg 1392w\" sizes=\"(max-width: 1800px) 100vw, 1800px\" \/><button\n\t\t\tclass=\"lightbox-trigger\"\n\t\t\ttype=\"button\"\n\t\t\taria-haspopup=\"dialog\"\n\t\t\tdata-wp-bind--aria-label=\"state.thisImage.triggerButtonAriaLabel\"\n\t\t\tdata-wp-init=\"callbacks.initTriggerButton\"\n\t\t\tdata-wp-on--click=\"actions.showLightbox\"\n\t\t\tdata-wp-style--right=\"state.thisImage.buttonRight\"\n\t\t\tdata-wp-style--top=\"state.thisImage.buttonTop\"\n\t\t>\n\t\t\t<svg xmlns=\"http:\/\/www.w3.org\/2000\/svg\" width=\"12\" height=\"12\" fill=\"none\" viewBox=\"0 0 12 12\">\n\t\t\t\t<path fill=\"#fff\" d=\"M2 0a2 2 0 0 0-2 2v2h1.5V2a.5.5 0 0 1 .5-.5h2V0H2Zm2 10.5H2a.5.5 0 0 1-.5-.5V8H0v2a2 2 0 0 0 2 2h2v-1.5ZM8 12v-1.5h2a.5.5 0 0 0 .5-.5V8H12v2a2 2 0 0 1-2 2H8Zm2-12a2 2 0 0 1 2 2v2h-1.5V2a.5.5 0 0 0-.5-.5H8V0h2Z\" \/>\n\t\t\t<\/svg>\n\t\t<\/button><figcaption class=\"wp-element-caption\">Fot\u00f3: Raffles Hotels \/ hivatalos weboldal<\/figcaption><\/figure>\n\n\n\n<figure data-wp-context=\"{&quot;imageId&quot;:&quot;6a953a9d94435&quot;}\" data-wp-interactive=\"core\/image\" data-wp-key=\"6a953a9d94435\" class=\"wp-block-image size-large wp-lightbox-container\"><img decoding=\"async\" width=\"1800\" height=\"888\" data-wp-class--hide=\"state.isContentHidden\" data-wp-class--show=\"state.isContentVisible\" data-wp-init=\"callbacks.setButtonStyles\" data-wp-on--click=\"actions.showLightbox\" data-wp-on--load=\"callbacks.setButtonStyles\" data-wp-on--pointerdown=\"actions.preloadImage\" data-wp-on--pointerenter=\"actions.preloadImageWithDelay\" data-wp-on--pointerleave=\"actions.cancelPreload\" data-wp-on-window--resize=\"callbacks.setButtonStyles\" data-id=\"404896\" src=\"https:\/\/loudavymkrokem.cz\/wp-content\/uploads\/2026\/08\/raffles-singapore-4.jpg\" alt=\"A Raffles Singapore feh\u00e9r homlokzata\" class=\"wp-image-404896\" title=\"\" srcset=\"https:\/\/loudavymkrokem.cz\/wp-content\/uploads\/2026\/08\/raffles-singapore-4.jpg 1800w, https:\/\/loudavymkrokem.cz\/wp-content\/uploads\/2026\/08\/raffles-singapore-4-300x148.jpg 300w, https:\/\/loudavymkrokem.cz\/wp-content\/uploads\/2026\/08\/raffles-singapore-4-700x345.jpg 700w, https:\/\/loudavymkrokem.cz\/wp-content\/uploads\/2026\/08\/raffles-singapore-4-768x379.jpg 768w, https:\/\/loudavymkrokem.cz\/wp-content\/uploads\/2026\/08\/raffles-singapore-4-1536x758.jpg 1536w, https:\/\/loudavymkrokem.cz\/wp-content\/uploads\/2026\/08\/raffles-singapore-4-696x343.jpg 696w, https:\/\/loudavymkrokem.cz\/wp-content\/uploads\/2026\/08\/raffles-singapore-4-1392x687.jpg 1392w\" sizes=\"(max-width: 1800px) 100vw, 1800px\" \/><button\n\t\t\tclass=\"lightbox-trigger\"\n\t\t\ttype=\"button\"\n\t\t\taria-haspopup=\"dialog\"\n\t\t\tdata-wp-bind--aria-label=\"state.thisImage.triggerButtonAriaLabel\"\n\t\t\tdata-wp-init=\"callbacks.initTriggerButton\"\n\t\t\tdata-wp-on--click=\"actions.showLightbox\"\n\t\t\tdata-wp-style--right=\"state.thisImage.buttonRight\"\n\t\t\tdata-wp-style--top=\"state.thisImage.buttonTop\"\n\t\t>\n\t\t\t<svg xmlns=\"http:\/\/www.w3.org\/2000\/svg\" width=\"12\" height=\"12\" fill=\"none\" viewBox=\"0 0 12 12\">\n\t\t\t\t<path fill=\"#fff\" d=\"M2 0a2 2 0 0 0-2 2v2h1.5V2a.5.5 0 0 1 .5-.5h2V0H2Zm2 10.5H2a.5.5 0 0 1-.5-.5V8H0v2a2 2 0 0 0 2 2h2v-1.5ZM8 12v-1.5h2a.5.5 0 0 0 .5-.5V8H12v2a2 2 0 0 1-2 2H8Zm2-12a2 2 0 0 1 2 2v2h-1.5V2a.5.5 0 0 0-.5-.5H8V0h2Z\" \/>\n\t\t\t<\/svg>\n\t\t<\/button><figcaption class=\"wp-element-caption\">Fot\u00f3: Raffles Hotels \/ hivatalos weboldal<\/figcaption><\/figure>\n<\/figure>\n\n\n\n<p class=\"wp-block-paragraph\">\u00c9rdekess\u00e9g, hogy <strong>a kertek a teljes telek majdnem fel\u00e9t foglalj\u00e1k el<\/strong>, ami a sz\u00e1llod\u00e1t a modern Szingap\u00far k\u00f6zep\u00e9n t\u00f6k\u00e9letes o\u00e1ziss\u00e1 teszi. A gasztron\u00f3miai k\u00edn\u00e1lat v\u00e9gtelen, az avantg\u00e1rd Butcher&#8217;s Blockt\u00f3l a modern k\u00ednai Y\u00ecig, a k\u00e9nyelmedr\u0151l pedig a h\u00edres Raffles komornyikok gondoskodnak teljesen intuit\u00edv hozz\u00e1\u00e1ll\u00e1ssal. <strong>\ud83d\udca1 Tipp:<\/strong> A l\u00e1togat\u00e1s nem lenne teljes egy <strong>meg\u00e1ll\u00f3 n\u00e9lk\u00fcl a h\u00edres Long Barban<\/strong>, ahol \u00e1ll\u00edt\u00f3lag a vil\u00e1gh\u00edr\u0171 Singapore Sling kokt\u00e9l sz\u00fcletett. <em>(Szingap\u00far \u2022 115 szoba \u2022 2000 USD-t\u00f3l \/ kb. 650 000 Ft)<\/em> <a href=\"https:\/\/www.stay22.com\/allez\/roam?aid=lukaskonecny&amp;campaign=loudavymkrokemcz&amp;campaign=nejluxusnejsi-hotely-sveta&amp;hotelname=Raffles%20Singapore&amp;address=Singapur\" target=\"_blank\" rel=\"nofollow noopener sponsored\">\u00e1rak \u00e9s el\u00e9rhet\u0151s\u00e9g ellen\u0151rz\u00e9se<\/a><\/p>\n\n\n\n<figure data-wp-context=\"{&quot;imageId&quot;:&quot;6a953a9d94cc2&quot;}\" data-wp-interactive=\"core\/image\" data-wp-key=\"6a953a9d94cc2\" class=\"wp-block-image size-full wp-lightbox-container\"><img decoding=\"async\" width=\"1600\" height=\"1067\" data-wp-class--hide=\"state.isContentHidden\" data-wp-class--show=\"state.isContentVisible\" data-wp-init=\"callbacks.setButtonStyles\" data-wp-on--click=\"actions.showLightbox\" data-wp-on--load=\"callbacks.setButtonStyles\" data-wp-on--pointerdown=\"actions.preloadImage\" data-wp-on--pointerenter=\"actions.preloadImageWithDelay\" data-wp-on--pointerleave=\"actions.cancelPreload\" data-wp-on-window--resize=\"callbacks.setButtonStyles\" src=\"https:\/\/loudavymkrokem.cz\/wp-content\/uploads\/2026\/08\/atlantis-the-royal-na-palm-jumeirah-v-dubaji.jpg\" alt=\"Atlantis The Royal a Palm Jumeirah-n Dubajban\" class=\"wp-image-404499\" title=\"\" srcset=\"https:\/\/loudavymkrokem.cz\/wp-content\/uploads\/2026\/08\/atlantis-the-royal-na-palm-jumeirah-v-dubaji.jpg 1600w, https:\/\/loudavymkrokem.cz\/wp-content\/uploads\/2026\/08\/atlantis-the-royal-na-palm-jumeirah-v-dubaji-300x200.jpg 300w, https:\/\/loudavymkrokem.cz\/wp-content\/uploads\/2026\/08\/atlantis-the-royal-na-palm-jumeirah-v-dubaji-700x467.jpg 700w, https:\/\/loudavymkrokem.cz\/wp-content\/uploads\/2026\/08\/atlantis-the-royal-na-palm-jumeirah-v-dubaji-768x512.jpg 768w, https:\/\/loudavymkrokem.cz\/wp-content\/uploads\/2026\/08\/atlantis-the-royal-na-palm-jumeirah-v-dubaji-1536x1024.jpg 1536w, https:\/\/loudavymkrokem.cz\/wp-content\/uploads\/2026\/08\/atlantis-the-royal-na-palm-jumeirah-v-dubaji-696x464.jpg 696w, https:\/\/loudavymkrokem.cz\/wp-content\/uploads\/2026\/08\/atlantis-the-royal-na-palm-jumeirah-v-dubaji-1392x928.jpg 1392w\" sizes=\"(max-width: 1600px) 100vw, 1600px\" \/><button\n\t\t\tclass=\"lightbox-trigger\"\n\t\t\ttype=\"button\"\n\t\t\taria-haspopup=\"dialog\"\n\t\t\tdata-wp-bind--aria-label=\"state.thisImage.triggerButtonAriaLabel\"\n\t\t\tdata-wp-init=\"callbacks.initTriggerButton\"\n\t\t\tdata-wp-on--click=\"actions.showLightbox\"\n\t\t\tdata-wp-style--right=\"state.thisImage.buttonRight\"\n\t\t\tdata-wp-style--top=\"state.thisImage.buttonTop\"\n\t\t>\n\t\t\t<svg xmlns=\"http:\/\/www.w3.org\/2000\/svg\" width=\"12\" height=\"12\" fill=\"none\" viewBox=\"0 0 12 12\">\n\t\t\t\t<path fill=\"#fff\" d=\"M2 0a2 2 0 0 0-2 2v2h1.5V2a.5.5 0 0 1 .5-.5h2V0H2Zm2 10.5H2a.5.5 0 0 1-.5-.5V8H0v2a2 2 0 0 0 2 2h2v-1.5ZM8 12v-1.5h2a.5.5 0 0 0 .5-.5V8H12v2a2 2 0 0 1-2 2H8Zm2-12a2 2 0 0 1 2 2v2h-1.5V2a.5.5 0 0 0-.5-.5H8V0h2Z\" \/>\n\t\t\t<\/svg>\n\t\t<\/button><figcaption class=\"wp-element-caption\">Fot\u00f3: Atlantis The Royal \/ Google Maps<\/figcaption><\/figure>\n\n\n\n<h3 class=\"wp-block-heading\"><span class=\"ez-toc-section\" id=\"6_Atlantis_The_Royal\"><\/span>6. Atlantis The Royal<span class=\"ez-toc-section-end\"><\/span><\/h3>\n\n\n\n<p class=\"wp-block-paragraph\">Ha visszafogott luxusra v\u00e1gysz, itt teljesen rossz helyen j\u00e1rsz, mert a dubaji Atlantis The Royal <strong>a teljes extravagancia monument\u00e1lis \u00fcnnepe<\/strong>. Ez az \u00f3ri\u00e1si komplexum 795 szob\u00e1j\u00e1val 16 \u00e9ttermet, luxusbutikokat \u00e9s <strong>hihetetlen 90 \u00fasz\u00f3medenc\u00e9t<\/strong> k\u00edn\u00e1l, amelyek k\u00f6z\u00fcl sok az \u00fcvegfal\u00fa priv\u00e1t penthouse-ok r\u00e9sze, magasan a felh\u0151kben.<\/p>\n\n\n\n<p class=\"wp-block-paragraph\">A szob\u00e1k a sz\u00e1lloda t\u00f6bbi r\u00e9sz\u00e9vel ellent\u00e9tben meglep\u0151en visszafogottak, vil\u00e1gos t\u00f3nusokat \u00e9s minimalista b\u00fatorokat haszn\u00e1lnak, hogy ne versengjenek a l\u00e9legzetel\u00e1ll\u00edt\u00f3 tengerre n\u00e9z\u0151 kil\u00e1t\u00e1ssal. Az \u00e9tkeztet\u00e9st itt <strong>s\u00e9flegend\u00e1k fel\u00fcgyelik, mint Heston Blumenthal<\/strong> vagy Jos\u00e9 Andr\u00e9s, \u00edgy gasztron\u00f3miailag bej\u00e1rhatod a vil\u00e1got an\u00e9lk\u00fcl, hogy elhagyn\u00e1d a ter\u00fclet kapuit. <strong>\ud83d\udca1 Tipp:<\/strong> Fizess be a <strong>tet\u0151teraszi Cloud 22 medenc\u00e9be<\/strong>, amely a k\u00e9t f\u0151tornyot \u00f6sszek\u00f6t\u0151 h\u00eddon egyens\u00falyoz, \u00e9s \u00e9lvezz egy italt eg\u00e9sz Dubajra n\u00e9z\u0151 kil\u00e1t\u00e1ssal. <em>(Dubaj, EAE \u2022 795 szoba \u2022 460 USD-t\u00f3l \/ kb. 149 000 Ft)<\/em> <a href=\"https:\/\/www.stay22.com\/allez\/roam?aid=lukaskonecny&amp;campaign=loudavymkrokemcz&amp;campaign=nejluxusnejsi-hotely-sveta&amp;hotelname=Atlantis%20The%20Royal&amp;address=Dubaj%2C%20SAE\" target=\"_blank\" rel=\"nofollow noopener sponsored\">\u00e1rak \u00e9s el\u00e9rhet\u0151s\u00e9g ellen\u0151rz\u00e9se<\/a><\/p>\n\n\n\n<figure data-wp-context=\"{&quot;imageId&quot;:&quot;6a953a9d952c4&quot;}\" data-wp-interactive=\"core\/image\" data-wp-key=\"6a953a9d952c4\" class=\"wp-block-image size-full wp-lightbox-container\"><img decoding=\"async\" width=\"1600\" height=\"1067\" data-wp-class--hide=\"state.isContentHidden\" data-wp-class--show=\"state.isContentVisible\" data-wp-init=\"callbacks.setButtonStyles\" data-wp-on--click=\"actions.showLightbox\" data-wp-on--load=\"callbacks.setButtonStyles\" data-wp-on--pointerdown=\"actions.preloadImage\" data-wp-on--pointerenter=\"actions.preloadImageWithDelay\" data-wp-on--pointerleave=\"actions.cancelPreload\" data-wp-on-window--resize=\"callbacks.setButtonStyles\" src=\"https:\/\/loudavymkrokem.cz\/wp-content\/uploads\/2026\/08\/mandarin-oriental-na-b-ehu-chao-phraya.jpg\" alt=\"Mandarin Oriental a Chao Phraya partj\u00e1n\" class=\"wp-image-404501\" title=\"\" srcset=\"https:\/\/loudavymkrokem.cz\/wp-content\/uploads\/2026\/08\/mandarin-oriental-na-b-ehu-chao-phraya.jpg 1600w, https:\/\/loudavymkrokem.cz\/wp-content\/uploads\/2026\/08\/mandarin-oriental-na-b-ehu-chao-phraya-300x200.jpg 300w, https:\/\/loudavymkrokem.cz\/wp-content\/uploads\/2026\/08\/mandarin-oriental-na-b-ehu-chao-phraya-700x467.jpg 700w, https:\/\/loudavymkrokem.cz\/wp-content\/uploads\/2026\/08\/mandarin-oriental-na-b-ehu-chao-phraya-768x512.jpg 768w, https:\/\/loudavymkrokem.cz\/wp-content\/uploads\/2026\/08\/mandarin-oriental-na-b-ehu-chao-phraya-1536x1024.jpg 1536w, https:\/\/loudavymkrokem.cz\/wp-content\/uploads\/2026\/08\/mandarin-oriental-na-b-ehu-chao-phraya-696x464.jpg 696w, https:\/\/loudavymkrokem.cz\/wp-content\/uploads\/2026\/08\/mandarin-oriental-na-b-ehu-chao-phraya-1392x928.jpg 1392w\" sizes=\"(max-width: 1600px) 100vw, 1600px\" \/><button\n\t\t\tclass=\"lightbox-trigger\"\n\t\t\ttype=\"button\"\n\t\t\taria-haspopup=\"dialog\"\n\t\t\tdata-wp-bind--aria-label=\"state.thisImage.triggerButtonAriaLabel\"\n\t\t\tdata-wp-init=\"callbacks.initTriggerButton\"\n\t\t\tdata-wp-on--click=\"actions.showLightbox\"\n\t\t\tdata-wp-style--right=\"state.thisImage.buttonRight\"\n\t\t\tdata-wp-style--top=\"state.thisImage.buttonTop\"\n\t\t>\n\t\t\t<svg xmlns=\"http:\/\/www.w3.org\/2000\/svg\" width=\"12\" height=\"12\" fill=\"none\" viewBox=\"0 0 12 12\">\n\t\t\t\t<path fill=\"#fff\" d=\"M2 0a2 2 0 0 0-2 2v2h1.5V2a.5.5 0 0 1 .5-.5h2V0H2Zm2 10.5H2a.5.5 0 0 1-.5-.5V8H0v2a2 2 0 0 0 2 2h2v-1.5ZM8 12v-1.5h2a.5.5 0 0 0 .5-.5V8H12v2a2 2 0 0 1-2 2H8Zm2-12a2 2 0 0 1 2 2v2h-1.5V2a.5.5 0 0 0-.5-.5H8V0h2Z\" \/>\n\t\t\t<\/svg>\n\t\t<\/button><figcaption class=\"wp-element-caption\">Fot\u00f3: Mandarin Oriental, Bangkok \/ Google Maps<\/figcaption><\/figure>\n\n\n\n<h3 class=\"wp-block-heading\"><span class=\"ez-toc-section\" id=\"7_Mandarin_Oriental_Bangkok\"><\/span>7. Mandarin Oriental, Bangkok<span class=\"ez-toc-section-end\"><\/span><\/h3>\n\n\n\n<p class=\"wp-block-paragraph\">A Chao Phraya foly\u00f3 partj\u00e1n ez a sz\u00e1llodai \u00e9kszer <strong>m\u00e1r majdnem 150 \u00e9ve<\/strong> fogadja vend\u00e9geit, vend\u00e9gk\u00f6nyv\u00e9n pedig olyan nevek mentek kereszt\u00fcl, mint Graham Greene, Elizabeth Taylor vagy Marlon Brando. Az eredeti, tizenk\u00e9t szob\u00e1s fogad\u00f3b\u00f3l egy 331 szob\u00e1s \u00f3ri\u00e1s n\u0151tt ki, amely azonban m\u00e1ig meg\u0151rzi hihetetlen odafigyel\u00e9s\u00e9t a r\u00e9szletekre, a selyemkimon\u00f3kt\u00f3l eg\u00e9szen az <strong>alum\u00edniumba csomagolt tiszt\u00e1lkod\u00e1si szerekig<\/strong>.<\/p>\n\n\n\n<p class=\"wp-block-paragraph\">A gasztron\u00f3miai k\u00edn\u00e1lat 12 helyet foglal mag\u00e1ban, \u00e9l\u00e9n a <strong>h\u00edrneves Le Normandie \u00e9tteremmel<\/strong>, amely f\u00f6l\u00f6tt nemr\u00e9g a h\u00edres Annie-Sophie Pic s\u00e9fn\u0151 vette \u00e1t a v\u00e9dn\u00f6ks\u00e9get. Mag\u00e1t\u00f3l \u00e9rtet\u0151d\u0151 a huszonn\u00e9gy \u00f3r\u00e1s komornyik minden szob\u00e1hoz, valamint a fejlett vil\u00e1g\u00edt\u00e1svez\u00e9rl\u00e9s, amely egyetlen gombnyom\u00e1ssal megv\u00e1ltoztatja az eg\u00e9sz t\u00e9r hangulat\u00e1t. <strong>\ud83d\udca1 Tipp:<\/strong> Semmik\u00e9pp ne hagyd ki a <strong>d\u00e9lut\u00e1ni te\u00e1t az ikonikus The Authors&#8217; Lounge-ban<\/strong>, egy fonott b\u00fatorokkal \u00e9s zsalukkal berendezett szob\u00e1ban, amely viktori\u00e1nus hangulatot \u00e1raszt. <em>(Bangkok, Thaif\u00f6ld \u2022 331 szoba \u2022 757 USD-t\u00f3l \/ kb. 246 000 Ft)<\/em> <a href=\"https:\/\/www.stay22.com\/allez\/roam?aid=lukaskonecny&amp;campaign=loudavymkrokemcz&amp;campaign=nejluxusnejsi-hotely-sveta&amp;hotelname=Mandarin%20Oriental%2C%20Bangkok&amp;address=Bangkok%2C%20Thajsko\" target=\"_blank\" rel=\"nofollow noopener sponsored\">\u00e1rak \u00e9s el\u00e9rhet\u0151s\u00e9g ellen\u0151rz\u00e9se<\/a><\/p>\n\n\n\n<figure data-wp-context=\"{&quot;imageId&quot;:&quot;6a953a9d9594d&quot;}\" data-wp-interactive=\"core\/image\" data-wp-key=\"6a953a9d9594d\" class=\"wp-block-image size-full wp-lightbox-container\"><img decoding=\"async\" width=\"1200\" height=\"800\" data-wp-class--hide=\"state.isContentHidden\" data-wp-class--show=\"state.isContentVisible\" data-wp-init=\"callbacks.setButtonStyles\" data-wp-on--click=\"actions.showLightbox\" data-wp-on--load=\"callbacks.setButtonStyles\" data-wp-on--pointerdown=\"actions.preloadImage\" data-wp-on--pointerenter=\"actions.preloadImageWithDelay\" data-wp-on--pointerleave=\"actions.cancelPreload\" data-wp-on-window--resize=\"callbacks.setButtonStyles\" src=\"https:\/\/loudavymkrokem.cz\/wp-content\/uploads\/2026\/08\/chabl-yucat-n-1.jpg\" alt=\"A Chabl\u00e9 Yucat\u00e1n rezort a mexik\u00f3i dzsungelben\" class=\"wp-image-404883\" title=\"\" srcset=\"https:\/\/loudavymkrokem.cz\/wp-content\/uploads\/2026\/08\/chabl-yucat-n-1.jpg 1200w, https:\/\/loudavymkrokem.cz\/wp-content\/uploads\/2026\/08\/chabl-yucat-n-1-300x200.jpg 300w, https:\/\/loudavymkrokem.cz\/wp-content\/uploads\/2026\/08\/chabl-yucat-n-1-700x467.jpg 700w, https:\/\/loudavymkrokem.cz\/wp-content\/uploads\/2026\/08\/chabl-yucat-n-1-768x512.jpg 768w, https:\/\/loudavymkrokem.cz\/wp-content\/uploads\/2026\/08\/chabl-yucat-n-1-696x464.jpg 696w\" sizes=\"(max-width: 1200px) 100vw, 1200px\" \/><button\n\t\t\tclass=\"lightbox-trigger\"\n\t\t\ttype=\"button\"\n\t\t\taria-haspopup=\"dialog\"\n\t\t\tdata-wp-bind--aria-label=\"state.thisImage.triggerButtonAriaLabel\"\n\t\t\tdata-wp-init=\"callbacks.initTriggerButton\"\n\t\t\tdata-wp-on--click=\"actions.showLightbox\"\n\t\t\tdata-wp-style--right=\"state.thisImage.buttonRight\"\n\t\t\tdata-wp-style--top=\"state.thisImage.buttonTop\"\n\t\t>\n\t\t\t<svg xmlns=\"http:\/\/www.w3.org\/2000\/svg\" width=\"12\" height=\"12\" fill=\"none\" viewBox=\"0 0 12 12\">\n\t\t\t\t<path fill=\"#fff\" d=\"M2 0a2 2 0 0 0-2 2v2h1.5V2a.5.5 0 0 1 .5-.5h2V0H2Zm2 10.5H2a.5.5 0 0 1-.5-.5V8H0v2a2 2 0 0 0 2 2h2v-1.5ZM8 12v-1.5h2a.5.5 0 0 0 .5-.5V8H12v2a2 2 0 0 1-2 2H8Zm2-12a2 2 0 0 1 2 2v2h-1.5V2a.5.5 0 0 0-.5-.5H8V0h2Z\" \/>\n\t\t\t<\/svg>\n\t\t<\/button><figcaption class=\"wp-element-caption\">Fot\u00f3: Chabl\u00e9 Hotels \/ hivatalos weboldal<\/figcaption><\/figure>\n\n\n\n<h3 class=\"wp-block-heading\"><span class=\"ez-toc-section\" id=\"8_Chable_Yucatan\"><\/span>8. Chabl\u00e9 Yucat\u00e1n<span class=\"ez-toc-section-end\"><\/span><\/h3>\n\n\n\n<p class=\"wp-block-paragraph\">Ez a cs\u00facskateg\u00f3ri\u00e1s wellness-szent\u00e9ly m\u00e9lyen <strong>a yucat\u00e1ni dzsungel sz\u00edv\u00e9ben<\/strong> fekszik, mind\u00f6ssze 25 percre a ny\u00fczsg\u0151 M\u00e9rida v\u00e1ros\u00e1t\u00f3l, m\u00e9gis egy teljesen m\u00e1s vil\u00e1gb\u00f3l hat. A negyven gy\u00f6ny\u00f6r\u0171en berendezett villa \u00e9s casita hatalmas tereket k\u00edn\u00e1l, \u00e9s m\u00e9g a legkisebbeknek is saj\u00e1t medenc\u00e9je \u00e9s <strong>szabadt\u00e9ri zuhanyz\u00f3ja<\/strong> van a csillagos \u00e9g alatt.<\/p>\n\n\n\n<figure data-wp-context=\"{&quot;galleryId&quot;:&quot;6a953a9d95d8c&quot;}\" data-wp-interactive=\"core\/gallery\" class=\"wp-block-gallery has-nested-images columns-2 is-cropped wp-block-gallery-is-layout-flex wp-block-gallery-2 is-layout-flex\">\n<figure data-wp-context=\"{&quot;imageId&quot;:&quot;6a953a9d960e6&quot;}\" data-wp-interactive=\"core\/image\" data-wp-key=\"6a953a9d960e6\" class=\"wp-block-image size-large wp-lightbox-container\"><img decoding=\"async\" width=\"1280\" height=\"700\" data-wp-class--hide=\"state.isContentHidden\" data-wp-class--show=\"state.isContentVisible\" data-wp-init=\"callbacks.setButtonStyles\" data-wp-on--click=\"actions.showLightbox\" data-wp-on--load=\"callbacks.setButtonStyles\" data-wp-on--pointerdown=\"actions.preloadImage\" data-wp-on--pointerenter=\"actions.preloadImageWithDelay\" data-wp-on--pointerleave=\"actions.cancelPreload\" data-wp-on-window--resize=\"callbacks.setButtonStyles\" data-id=\"404885\" src=\"https:\/\/loudavymkrokem.cz\/wp-content\/uploads\/2026\/08\/chabl-yucat-n-2.jpg\" alt=\"Spa egy cenote k\u00f6r\u00fcl a Chabl\u00e9 Yucat\u00e1nban\" class=\"wp-image-404885\" title=\"\" srcset=\"https:\/\/loudavymkrokem.cz\/wp-content\/uploads\/2026\/08\/chabl-yucat-n-2.jpg 1280w, https:\/\/loudavymkrokem.cz\/wp-content\/uploads\/2026\/08\/chabl-yucat-n-2-300x164.jpg 300w, https:\/\/loudavymkrokem.cz\/wp-content\/uploads\/2026\/08\/chabl-yucat-n-2-700x383.jpg 700w, https:\/\/loudavymkrokem.cz\/wp-content\/uploads\/2026\/08\/chabl-yucat-n-2-768x420.jpg 768w, https:\/\/loudavymkrokem.cz\/wp-content\/uploads\/2026\/08\/chabl-yucat-n-2-696x381.jpg 696w\" sizes=\"(max-width: 1280px) 100vw, 1280px\" \/><button\n\t\t\tclass=\"lightbox-trigger\"\n\t\t\ttype=\"button\"\n\t\t\taria-haspopup=\"dialog\"\n\t\t\tdata-wp-bind--aria-label=\"state.thisImage.triggerButtonAriaLabel\"\n\t\t\tdata-wp-init=\"callbacks.initTriggerButton\"\n\t\t\tdata-wp-on--click=\"actions.showLightbox\"\n\t\t\tdata-wp-style--right=\"state.thisImage.buttonRight\"\n\t\t\tdata-wp-style--top=\"state.thisImage.buttonTop\"\n\t\t>\n\t\t\t<svg xmlns=\"http:\/\/www.w3.org\/2000\/svg\" width=\"12\" height=\"12\" fill=\"none\" viewBox=\"0 0 12 12\">\n\t\t\t\t<path fill=\"#fff\" d=\"M2 0a2 2 0 0 0-2 2v2h1.5V2a.5.5 0 0 1 .5-.5h2V0H2Zm2 10.5H2a.5.5 0 0 1-.5-.5V8H0v2a2 2 0 0 0 2 2h2v-1.5ZM8 12v-1.5h2a.5.5 0 0 0 .5-.5V8H12v2a2 2 0 0 1-2 2H8Zm2-12a2 2 0 0 1 2 2v2h-1.5V2a.5.5 0 0 0-.5-.5H8V0h2Z\" \/>\n\t\t\t<\/svg>\n\t\t<\/button><figcaption class=\"wp-element-caption\">Fot\u00f3: Chabl\u00e9 Hotels \/ hivatalos weboldal<\/figcaption><\/figure>\n\n\n\n<figure data-wp-context=\"{&quot;imageId&quot;:&quot;6a953a9d96547&quot;}\" data-wp-interactive=\"core\/image\" data-wp-key=\"6a953a9d96547\" class=\"wp-block-image size-large wp-lightbox-container\"><img decoding=\"async\" width=\"1403\" height=\"1920\" data-wp-class--hide=\"state.isContentHidden\" data-wp-class--show=\"state.isContentVisible\" data-wp-init=\"callbacks.setButtonStyles\" data-wp-on--click=\"actions.showLightbox\" data-wp-on--load=\"callbacks.setButtonStyles\" data-wp-on--pointerdown=\"actions.preloadImage\" data-wp-on--pointerenter=\"actions.preloadImageWithDelay\" data-wp-on--pointerleave=\"actions.cancelPreload\" data-wp-on-window--resize=\"callbacks.setButtonStyles\" data-id=\"404887\" src=\"https:\/\/loudavymkrokem.cz\/wp-content\/uploads\/2026\/08\/chabl-yucat-nd2-1.jpg\" alt=\"Villa medenc\u00e9vel a Chabl\u00e9 Yucat\u00e1nban\" class=\"wp-image-404887\" title=\"\" srcset=\"https:\/\/loudavymkrokem.cz\/wp-content\/uploads\/2026\/08\/chabl-yucat-nd2-1.jpg 1403w, https:\/\/loudavymkrokem.cz\/wp-content\/uploads\/2026\/08\/chabl-yucat-nd2-1-219x300.jpg 219w, https:\/\/loudavymkrokem.cz\/wp-content\/uploads\/2026\/08\/chabl-yucat-nd2-1-700x958.jpg 700w, https:\/\/loudavymkrokem.cz\/wp-content\/uploads\/2026\/08\/chabl-yucat-nd2-1-768x1051.jpg 768w, https:\/\/loudavymkrokem.cz\/wp-content\/uploads\/2026\/08\/chabl-yucat-nd2-1-1122x1536.jpg 1122w, https:\/\/loudavymkrokem.cz\/wp-content\/uploads\/2026\/08\/chabl-yucat-nd2-1-696x952.jpg 696w, https:\/\/loudavymkrokem.cz\/wp-content\/uploads\/2026\/08\/chabl-yucat-nd2-1-1392x1905.jpg 1392w\" sizes=\"(max-width: 1403px) 100vw, 1403px\" \/><button\n\t\t\tclass=\"lightbox-trigger\"\n\t\t\ttype=\"button\"\n\t\t\taria-haspopup=\"dialog\"\n\t\t\tdata-wp-bind--aria-label=\"state.thisImage.triggerButtonAriaLabel\"\n\t\t\tdata-wp-init=\"callbacks.initTriggerButton\"\n\t\t\tdata-wp-on--click=\"actions.showLightbox\"\n\t\t\tdata-wp-style--right=\"state.thisImage.buttonRight\"\n\t\t\tdata-wp-style--top=\"state.thisImage.buttonTop\"\n\t\t>\n\t\t\t<svg xmlns=\"http:\/\/www.w3.org\/2000\/svg\" width=\"12\" height=\"12\" fill=\"none\" viewBox=\"0 0 12 12\">\n\t\t\t\t<path fill=\"#fff\" d=\"M2 0a2 2 0 0 0-2 2v2h1.5V2a.5.5 0 0 1 .5-.5h2V0H2Zm2 10.5H2a.5.5 0 0 1-.5-.5V8H0v2a2 2 0 0 0 2 2h2v-1.5ZM8 12v-1.5h2a.5.5 0 0 0 .5-.5V8H12v2a2 2 0 0 1-2 2H8Zm2-12a2 2 0 0 1 2 2v2h-1.5V2a.5.5 0 0 0-.5-.5H8V0h2Z\" \/>\n\t\t\t<\/svg>\n\t\t<\/button><figcaption class=\"wp-element-caption\">Fot\u00f3: Chabl\u00e9 Hotels \/ hivatalos weboldal<\/figcaption><\/figure>\n<\/figure>\n\n\n\n<p class=\"wp-block-paragraph\">Az eg\u00e9sz koncepci\u00f3 a maja gy\u00f3gy\u00edt\u00f3 hagyom\u00e1nyok k\u00f6r\u00e9 \u00e9p\u00fcl, maga a f\u00fcrd\u0151 pedig a vil\u00e1gon els\u0151k\u00e9nt <strong>egy szent cenote (term\u00e9szetes v\u00edznyel\u0151) k\u00f6r\u00e9 \u00e9p\u00fclt<\/strong>. A Jorge Vallejo s\u00e9f (a mexik\u00f3i Quintonil) vezette konyha b\u0151s\u00e9gesen haszn\u00e1lja a saj\u00e1t maja kertek term\u00e9s\u00e9t, a Ki&#8217;ol \u00e9tterem pedig tiszt\u00e1n az eg\u00e9szs\u00e9ges \u00e9s kiegyens\u00falyozott \u00e9telekre specializ\u00e1l\u00f3dott. <strong>\ud83d\udca1 Tipp:<\/strong> A hagyom\u00e1nyos temazcal g\u0151zh\u00e1zban tartott wellness-kezel\u00e9sek ut\u00e1n <strong>felfedezheted a vil\u00e1g egyik legnagyobb tequilagy\u0171jtem\u00e9ny\u00e9t<\/strong>, amellyel a sz\u00e1lloda rendelkezik. <em>(Chochol\u00e1, Yucat\u00e1n, Mexik\u00f3 \u2022 40 szoba \u2022 770 USD-t\u00f3l \/ kb. 250 000 Ft)<\/em> <a href=\"https:\/\/www.stay22.com\/allez\/roam?aid=lukaskonecny&amp;campaign=loudavymkrokemcz&amp;campaign=nejluxusnejsi-hotely-sveta&amp;hotelname=Chabl%C3%A9%20Yucat%C3%A1n&amp;address=Chochol%C3%A1%2C%20Mexiko\" target=\"_blank\" rel=\"nofollow noopener sponsored\">\u00e1rak \u00e9s el\u00e9rhet\u0151s\u00e9g ellen\u0151rz\u00e9se<\/a><\/p>\n\n\n\n<figure data-wp-context=\"{&quot;imageId&quot;:&quot;6a953a9d96b95&quot;}\" data-wp-interactive=\"core\/image\" data-wp-key=\"6a953a9d96b95\" class=\"wp-block-image size-full wp-lightbox-container\"><img decoding=\"async\" width=\"1600\" height=\"900\" data-wp-class--hide=\"state.isContentHidden\" data-wp-class--show=\"state.isContentVisible\" data-wp-init=\"callbacks.setButtonStyles\" data-wp-on--click=\"actions.showLightbox\" data-wp-on--load=\"callbacks.setButtonStyles\" data-wp-on--pointerdown=\"actions.preloadImage\" data-wp-on--pointerenter=\"actions.preloadImageWithDelay\" data-wp-on--pointerleave=\"actions.cancelPreload\" data-wp-on-window--resize=\"callbacks.setButtonStyles\" src=\"https:\/\/loudavymkrokem.cz\/wp-content\/uploads\/2026\/08\/four-seasons-firenze-v-renesan-n-m-pal-ci.jpg\" alt=\"Four Seasons Firenze egy renesz\u00e1nsz palot\u00e1ban\" class=\"wp-image-404506\" title=\"\" srcset=\"https:\/\/loudavymkrokem.cz\/wp-content\/uploads\/2026\/08\/four-seasons-firenze-v-renesan-n-m-pal-ci.jpg 1600w, https:\/\/loudavymkrokem.cz\/wp-content\/uploads\/2026\/08\/four-seasons-firenze-v-renesan-n-m-pal-ci-300x169.jpg 300w, https:\/\/loudavymkrokem.cz\/wp-content\/uploads\/2026\/08\/four-seasons-firenze-v-renesan-n-m-pal-ci-700x394.jpg 700w, https:\/\/loudavymkrokem.cz\/wp-content\/uploads\/2026\/08\/four-seasons-firenze-v-renesan-n-m-pal-ci-768x432.jpg 768w, https:\/\/loudavymkrokem.cz\/wp-content\/uploads\/2026\/08\/four-seasons-firenze-v-renesan-n-m-pal-ci-1536x864.jpg 1536w, https:\/\/loudavymkrokem.cz\/wp-content\/uploads\/2026\/08\/four-seasons-firenze-v-renesan-n-m-pal-ci-696x392.jpg 696w, https:\/\/loudavymkrokem.cz\/wp-content\/uploads\/2026\/08\/four-seasons-firenze-v-renesan-n-m-pal-ci-1392x783.jpg 1392w\" sizes=\"(max-width: 1600px) 100vw, 1600px\" \/><button\n\t\t\tclass=\"lightbox-trigger\"\n\t\t\ttype=\"button\"\n\t\t\taria-haspopup=\"dialog\"\n\t\t\tdata-wp-bind--aria-label=\"state.thisImage.triggerButtonAriaLabel\"\n\t\t\tdata-wp-init=\"callbacks.initTriggerButton\"\n\t\t\tdata-wp-on--click=\"actions.showLightbox\"\n\t\t\tdata-wp-style--right=\"state.thisImage.buttonRight\"\n\t\t\tdata-wp-style--top=\"state.thisImage.buttonTop\"\n\t\t>\n\t\t\t<svg xmlns=\"http:\/\/www.w3.org\/2000\/svg\" width=\"12\" height=\"12\" fill=\"none\" viewBox=\"0 0 12 12\">\n\t\t\t\t<path fill=\"#fff\" d=\"M2 0a2 2 0 0 0-2 2v2h1.5V2a.5.5 0 0 1 .5-.5h2V0H2Zm2 10.5H2a.5.5 0 0 1-.5-.5V8H0v2a2 2 0 0 0 2 2h2v-1.5ZM8 12v-1.5h2a.5.5 0 0 0 .5-.5V8H12v2a2 2 0 0 1-2 2H8Zm2-12a2 2 0 0 1 2 2v2h-1.5V2a.5.5 0 0 0-.5-.5H8V0h2Z\" \/>\n\t\t\t<\/svg>\n\t\t<\/button><figcaption class=\"wp-element-caption\">Fot\u00f3: Four Seasons Hotel Firenze \/ Google Maps<\/figcaption><\/figure>\n\n\n\n<h3 class=\"wp-block-heading\"><span class=\"ez-toc-section\" id=\"9_Four_Seasons_Firenze\"><\/span>9. Four Seasons Firenze<span class=\"ez-toc-section-end\"><\/span><\/h3>\n\n\n\n<p class=\"wp-block-paragraph\">Ez a jellegzetes sz\u00e1lloda <strong>a Medici csal\u00e1d gy\u00f6ny\u00f6r\u0171en restaur\u00e1lt, 15. sz\u00e1zadi palot\u00e1j\u00e1ban<\/strong> m\u0171k\u00f6dik, \u00e9s Firenze legnagyobb mag\u00e1nkertj\u00e9t rejti. Mind a 115 szoba a f\u0151 Palazzo della Gherardesca \u00e9s egy egykori 16. sz\u00e1zadi kolostor k\u00f6z\u00f6tt oszlik meg, ahol a vend\u00e9geket <strong>k\u00fcl\u00f6n recepci\u00f3 v\u00e1rja szem\u00e9lyes komornyikkal<\/strong>.<\/p>\n\n\n\n<p class=\"wp-block-paragraph\">Az el\u0151csarnok a term\u00e9szetes f\u00e9ny \u00e9s az \u00f3ri\u00e1si vir\u00e1gd\u00edszek vak\u00edt\u00f3 seregszeml\u00e9je, amelynek falaib\u00f3l mitol\u00f3giai l\u00e9nyek domborm\u0171vei emelkednek ki. Eml\u00edt\u00e9st \u00e9rdemel a <strong>Michelin-csillagos olasz Il Palagio \u00e9tterem<\/strong> is, amely a region\u00e1lis toszk\u00e1n recepteknek izgalmas, modern k\u00f6nt\u00f6st ad, valamint a gy\u00f6ny\u00f6r\u0171, eg\u00e9sz ny\u00e1ron nyitva tart\u00f3 k\u00fclt\u00e9ri medence. <strong>\ud83d\udca1 Tipp:<\/strong> A sz\u00e1lloda f\u00e9lrees\u0151bb elhelyezked\u00e9se miatt <strong>vedd ig\u00e9nybe az ingyenes ingaj\u00e1ratot<\/strong>, amely stresszmentesen elvisz egyenesen Firenze belv\u00e1ros\u00e1nak eml\u00e9km\u0171veihez. <em>(Firenze, Olaszorsz\u00e1g \u2022 115 szoba \u2022 1000 USD-t\u00f3l \/ kb. 325 000 Ft)<\/em> <a href=\"https:\/\/www.stay22.com\/allez\/roam?aid=lukaskonecny&amp;campaign=loudavymkrokemcz&amp;campaign=nejluxusnejsi-hotely-sveta&amp;hotelname=Four%20Seasons%20Firenze&amp;address=Florencie%2C%20It%C3%A1lie\" target=\"_blank\" rel=\"nofollow noopener sponsored\">\u00e1rak \u00e9s el\u00e9rhet\u0151s\u00e9g ellen\u0151rz\u00e9se<\/a><\/p>\n\n\n\n<figure data-wp-context=\"{&quot;imageId&quot;:&quot;6a953a9d97220&quot;}\" data-wp-interactive=\"core\/image\" data-wp-key=\"6a953a9d97220\" class=\"wp-block-image size-full wp-lightbox-container\"><img decoding=\"async\" width=\"1800\" height=\"1200\" data-wp-class--hide=\"state.isContentHidden\" data-wp-class--show=\"state.isContentVisible\" data-wp-init=\"callbacks.setButtonStyles\" data-wp-on--click=\"actions.showLightbox\" data-wp-on--load=\"callbacks.setButtonStyles\" data-wp-on--pointerdown=\"actions.preloadImage\" data-wp-on--pointerenter=\"actions.preloadImageWithDelay\" data-wp-on--pointerleave=\"actions.cancelPreload\" data-wp-on-window--resize=\"callbacks.setButtonStyles\" src=\"https:\/\/loudavymkrokem.cz\/wp-content\/uploads\/2026\/08\/upper-house-hong-kong-1.jpg\" alt=\"Upper House a hongkongi Admiralty felett\" class=\"wp-image-404875\" title=\"\" srcset=\"https:\/\/loudavymkrokem.cz\/wp-content\/uploads\/2026\/08\/upper-house-hong-kong-1.jpg 1800w, https:\/\/loudavymkrokem.cz\/wp-content\/uploads\/2026\/08\/upper-house-hong-kong-1-300x200.jpg 300w, https:\/\/loudavymkrokem.cz\/wp-content\/uploads\/2026\/08\/upper-house-hong-kong-1-700x467.jpg 700w, https:\/\/loudavymkrokem.cz\/wp-content\/uploads\/2026\/08\/upper-house-hong-kong-1-768x512.jpg 768w, https:\/\/loudavymkrokem.cz\/wp-content\/uploads\/2026\/08\/upper-house-hong-kong-1-1536x1024.jpg 1536w, https:\/\/loudavymkrokem.cz\/wp-content\/uploads\/2026\/08\/upper-house-hong-kong-1-696x464.jpg 696w, https:\/\/loudavymkrokem.cz\/wp-content\/uploads\/2026\/08\/upper-house-hong-kong-1-1392x928.jpg 1392w\" sizes=\"(max-width: 1800px) 100vw, 1800px\" \/><button\n\t\t\tclass=\"lightbox-trigger\"\n\t\t\ttype=\"button\"\n\t\t\taria-haspopup=\"dialog\"\n\t\t\tdata-wp-bind--aria-label=\"state.thisImage.triggerButtonAriaLabel\"\n\t\t\tdata-wp-init=\"callbacks.initTriggerButton\"\n\t\t\tdata-wp-on--click=\"actions.showLightbox\"\n\t\t\tdata-wp-style--right=\"state.thisImage.buttonRight\"\n\t\t\tdata-wp-style--top=\"state.thisImage.buttonTop\"\n\t\t>\n\t\t\t<svg xmlns=\"http:\/\/www.w3.org\/2000\/svg\" width=\"12\" height=\"12\" fill=\"none\" viewBox=\"0 0 12 12\">\n\t\t\t\t<path fill=\"#fff\" d=\"M2 0a2 2 0 0 0-2 2v2h1.5V2a.5.5 0 0 1 .5-.5h2V0H2Zm2 10.5H2a.5.5 0 0 1-.5-.5V8H0v2a2 2 0 0 0 2 2h2v-1.5ZM8 12v-1.5h2a.5.5 0 0 0 .5-.5V8H12v2a2 2 0 0 1-2 2H8Zm2-12a2 2 0 0 1 2 2v2h-1.5V2a.5.5 0 0 0-.5-.5H8V0h2Z\" \/>\n\t\t\t<\/svg>\n\t\t<\/button><figcaption class=\"wp-element-caption\">Fot\u00f3: Upper House \/ hivatalos weboldal<\/figcaption><\/figure>\n\n\n\n<h3 class=\"wp-block-heading\"><span class=\"ez-toc-section\" id=\"10_Upper_House\"><\/span>10. Upper House<span class=\"ez-toc-section-end\"><\/span><\/h3>\n\n\n\n<p class=\"wp-block-paragraph\">Ez az \u00e9p\u00edt\u00e9szeti diadal <strong>magasan a Pacific Place bev\u00e1s\u00e1rl\u00f3k\u00f6zpont f\u00f6l\u00f6tt<\/strong> lebeg, \u00e9s az elismert \u00e1zsiai tervez\u0151, Andr\u00e9 Fu legels\u0151 sz\u00e1llodai projektj\u00e9t k\u00e9pviseli. M\u00e1r a bej\u00e1ratn\u00e1l leny\u0171g\u00f6z Thomas Heatherwick brutalista homlokzata \u00e9s a <strong>recepci\u00f3 minimalista koncepci\u00f3ja<\/strong>, ahol a bejelentkez\u00e9s kiz\u00e1r\u00f3lag pap\u00edrmentesen zajlik.<\/p>\n\n\n\n<figure data-wp-context=\"{&quot;galleryId&quot;:&quot;6a953a9d974bf&quot;}\" data-wp-interactive=\"core\/gallery\" class=\"wp-block-gallery has-nested-images columns-2 is-cropped wp-block-gallery-is-layout-flex wp-block-gallery-3 is-layout-flex\">\n<figure data-wp-context=\"{&quot;imageId&quot;:&quot;6a953a9d977dc&quot;}\" data-wp-interactive=\"core\/image\" data-wp-key=\"6a953a9d977dc\" class=\"wp-block-image size-large wp-lightbox-container\"><img decoding=\"async\" width=\"1800\" height=\"1200\" data-wp-class--hide=\"state.isContentHidden\" data-wp-class--show=\"state.isContentVisible\" data-wp-init=\"callbacks.setButtonStyles\" data-wp-on--click=\"actions.showLightbox\" data-wp-on--load=\"callbacks.setButtonStyles\" data-wp-on--pointerdown=\"actions.preloadImage\" data-wp-on--pointerenter=\"actions.preloadImageWithDelay\" data-wp-on--pointerleave=\"actions.cancelPreload\" data-wp-on-window--resize=\"callbacks.setButtonStyles\" data-id=\"404878\" src=\"https:\/\/loudavymkrokem.cz\/wp-content\/uploads\/2026\/08\/upper-house-hong-kong-2.jpg\" alt=\"Az Upper House minimalista bels\u0151 tere Andr\u00e9 Fut\u00f3l\" class=\"wp-image-404878\" title=\"\" srcset=\"https:\/\/loudavymkrokem.cz\/wp-content\/uploads\/2026\/08\/upper-house-hong-kong-2.jpg 1800w, https:\/\/loudavymkrokem.cz\/wp-content\/uploads\/2026\/08\/upper-house-hong-kong-2-300x200.jpg 300w, https:\/\/loudavymkrokem.cz\/wp-content\/uploads\/2026\/08\/upper-house-hong-kong-2-700x467.jpg 700w, https:\/\/loudavymkrokem.cz\/wp-content\/uploads\/2026\/08\/upper-house-hong-kong-2-768x512.jpg 768w, https:\/\/loudavymkrokem.cz\/wp-content\/uploads\/2026\/08\/upper-house-hong-kong-2-1536x1024.jpg 1536w, https:\/\/loudavymkrokem.cz\/wp-content\/uploads\/2026\/08\/upper-house-hong-kong-2-696x464.jpg 696w, https:\/\/loudavymkrokem.cz\/wp-content\/uploads\/2026\/08\/upper-house-hong-kong-2-1392x928.jpg 1392w\" sizes=\"(max-width: 1800px) 100vw, 1800px\" \/><button\n\t\t\tclass=\"lightbox-trigger\"\n\t\t\ttype=\"button\"\n\t\t\taria-haspopup=\"dialog\"\n\t\t\tdata-wp-bind--aria-label=\"state.thisImage.triggerButtonAriaLabel\"\n\t\t\tdata-wp-init=\"callbacks.initTriggerButton\"\n\t\t\tdata-wp-on--click=\"actions.showLightbox\"\n\t\t\tdata-wp-style--right=\"state.thisImage.buttonRight\"\n\t\t\tdata-wp-style--top=\"state.thisImage.buttonTop\"\n\t\t>\n\t\t\t<svg xmlns=\"http:\/\/www.w3.org\/2000\/svg\" width=\"12\" height=\"12\" fill=\"none\" viewBox=\"0 0 12 12\">\n\t\t\t\t<path fill=\"#fff\" d=\"M2 0a2 2 0 0 0-2 2v2h1.5V2a.5.5 0 0 1 .5-.5h2V0H2Zm2 10.5H2a.5.5 0 0 1-.5-.5V8H0v2a2 2 0 0 0 2 2h2v-1.5ZM8 12v-1.5h2a.5.5 0 0 0 .5-.5V8H12v2a2 2 0 0 1-2 2H8Zm2-12a2 2 0 0 1 2 2v2h-1.5V2a.5.5 0 0 0-.5-.5H8V0h2Z\" \/>\n\t\t\t<\/svg>\n\t\t<\/button><figcaption class=\"wp-element-caption\">Fot\u00f3: Upper House \/ hivatalos weboldal<\/figcaption><\/figure>\n\n\n\n<figure data-wp-context=\"{&quot;imageId&quot;:&quot;6a953a9d97c8e&quot;}\" data-wp-interactive=\"core\/image\" data-wp-key=\"6a953a9d97c8e\" class=\"wp-block-image size-large wp-lightbox-container\"><img decoding=\"async\" width=\"1800\" height=\"1200\" data-wp-class--hide=\"state.isContentHidden\" data-wp-class--show=\"state.isContentVisible\" data-wp-init=\"callbacks.setButtonStyles\" data-wp-on--click=\"actions.showLightbox\" data-wp-on--load=\"callbacks.setButtonStyles\" data-wp-on--pointerdown=\"actions.preloadImage\" data-wp-on--pointerenter=\"actions.preloadImageWithDelay\" data-wp-on--pointerleave=\"actions.cancelPreload\" data-wp-on-window--resize=\"callbacks.setButtonStyles\" data-id=\"404879\" src=\"https:\/\/loudavymkrokem.cz\/wp-content\/uploads\/2026\/08\/upper-house-hong-kong-3.jpg\" alt=\"Upper House szoba v\u00e1rosra n\u00e9z\u0151 kil\u00e1t\u00e1ssal\" class=\"wp-image-404879\" title=\"\" srcset=\"https:\/\/loudavymkrokem.cz\/wp-content\/uploads\/2026\/08\/upper-house-hong-kong-3.jpg 1800w, https:\/\/loudavymkrokem.cz\/wp-content\/uploads\/2026\/08\/upper-house-hong-kong-3-300x200.jpg 300w, https:\/\/loudavymkrokem.cz\/wp-content\/uploads\/2026\/08\/upper-house-hong-kong-3-700x467.jpg 700w, https:\/\/loudavymkrokem.cz\/wp-content\/uploads\/2026\/08\/upper-house-hong-kong-3-768x512.jpg 768w, https:\/\/loudavymkrokem.cz\/wp-content\/uploads\/2026\/08\/upper-house-hong-kong-3-1536x1024.jpg 1536w, https:\/\/loudavymkrokem.cz\/wp-content\/uploads\/2026\/08\/upper-house-hong-kong-3-696x464.jpg 696w, https:\/\/loudavymkrokem.cz\/wp-content\/uploads\/2026\/08\/upper-house-hong-kong-3-1392x928.jpg 1392w\" sizes=\"(max-width: 1800px) 100vw, 1800px\" \/><button\n\t\t\tclass=\"lightbox-trigger\"\n\t\t\ttype=\"button\"\n\t\t\taria-haspopup=\"dialog\"\n\t\t\tdata-wp-bind--aria-label=\"state.thisImage.triggerButtonAriaLabel\"\n\t\t\tdata-wp-init=\"callbacks.initTriggerButton\"\n\t\t\tdata-wp-on--click=\"actions.showLightbox\"\n\t\t\tdata-wp-style--right=\"state.thisImage.buttonRight\"\n\t\t\tdata-wp-style--top=\"state.thisImage.buttonTop\"\n\t\t>\n\t\t\t<svg xmlns=\"http:\/\/www.w3.org\/2000\/svg\" width=\"12\" height=\"12\" fill=\"none\" viewBox=\"0 0 12 12\">\n\t\t\t\t<path fill=\"#fff\" d=\"M2 0a2 2 0 0 0-2 2v2h1.5V2a.5.5 0 0 1 .5-.5h2V0H2Zm2 10.5H2a.5.5 0 0 1-.5-.5V8H0v2a2 2 0 0 0 2 2h2v-1.5ZM8 12v-1.5h2a.5.5 0 0 0 .5-.5V8H12v2a2 2 0 0 1-2 2H8Zm2-12a2 2 0 0 1 2 2v2h-1.5V2a.5.5 0 0 0-.5-.5H8V0h2Z\" \/>\n\t\t\t<\/svg>\n\t\t<\/button><figcaption class=\"wp-element-caption\">Fot\u00f3: Upper House \/ hivatalos weboldal<\/figcaption><\/figure>\n\n\n\n<figure data-wp-context=\"{&quot;imageId&quot;:&quot;6a953a9d980ff&quot;}\" data-wp-interactive=\"core\/image\" data-wp-key=\"6a953a9d980ff\" class=\"wp-block-image size-large wp-lightbox-container\"><img decoding=\"async\" width=\"1800\" height=\"1200\" data-wp-class--hide=\"state.isContentHidden\" data-wp-class--show=\"state.isContentVisible\" data-wp-init=\"callbacks.setButtonStyles\" data-wp-on--click=\"actions.showLightbox\" data-wp-on--load=\"callbacks.setButtonStyles\" data-wp-on--pointerdown=\"actions.preloadImage\" data-wp-on--pointerenter=\"actions.preloadImageWithDelay\" data-wp-on--pointerleave=\"actions.cancelPreload\" data-wp-on-window--resize=\"callbacks.setButtonStyles\" data-id=\"404881\" src=\"https:\/\/loudavymkrokem.cz\/wp-content\/uploads\/2026\/08\/upper-house-hong-kong-4.jpg\" alt=\"Upper House a hongkongi Admiralty felett\" class=\"wp-image-404881\" title=\"\" srcset=\"https:\/\/loudavymkrokem.cz\/wp-content\/uploads\/2026\/08\/upper-house-hong-kong-4.jpg 1800w, https:\/\/loudavymkrokem.cz\/wp-content\/uploads\/2026\/08\/upper-house-hong-kong-4-300x200.jpg 300w, https:\/\/loudavymkrokem.cz\/wp-content\/uploads\/2026\/08\/upper-house-hong-kong-4-700x467.jpg 700w, https:\/\/loudavymkrokem.cz\/wp-content\/uploads\/2026\/08\/upper-house-hong-kong-4-768x512.jpg 768w, https:\/\/loudavymkrokem.cz\/wp-content\/uploads\/2026\/08\/upper-house-hong-kong-4-1536x1024.jpg 1536w, https:\/\/loudavymkrokem.cz\/wp-content\/uploads\/2026\/08\/upper-house-hong-kong-4-696x464.jpg 696w, https:\/\/loudavymkrokem.cz\/wp-content\/uploads\/2026\/08\/upper-house-hong-kong-4-1392x928.jpg 1392w\" sizes=\"(max-width: 1800px) 100vw, 1800px\" \/><button\n\t\t\tclass=\"lightbox-trigger\"\n\t\t\ttype=\"button\"\n\t\t\taria-haspopup=\"dialog\"\n\t\t\tdata-wp-bind--aria-label=\"state.thisImage.triggerButtonAriaLabel\"\n\t\t\tdata-wp-init=\"callbacks.initTriggerButton\"\n\t\t\tdata-wp-on--click=\"actions.showLightbox\"\n\t\t\tdata-wp-style--right=\"state.thisImage.buttonRight\"\n\t\t\tdata-wp-style--top=\"state.thisImage.buttonTop\"\n\t\t>\n\t\t\t<svg xmlns=\"http:\/\/www.w3.org\/2000\/svg\" width=\"12\" height=\"12\" fill=\"none\" viewBox=\"0 0 12 12\">\n\t\t\t\t<path fill=\"#fff\" d=\"M2 0a2 2 0 0 0-2 2v2h1.5V2a.5.5 0 0 1 .5-.5h2V0H2Zm2 10.5H2a.5.5 0 0 1-.5-.5V8H0v2a2 2 0 0 0 2 2h2v-1.5ZM8 12v-1.5h2a.5.5 0 0 0 .5-.5V8H12v2a2 2 0 0 1-2 2H8Zm2-12a2 2 0 0 1 2 2v2h-1.5V2a.5.5 0 0 0-.5-.5H8V0h2Z\" \/>\n\t\t\t<\/svg>\n\t\t<\/button><figcaption class=\"wp-element-caption\">Fot\u00f3: Upper House \/ hivatalos weboldal<\/figcaption><\/figure>\n<\/figure>\n\n\n\n<p class=\"wp-block-paragraph\">Mind\u00f6ssze 117 szob\u00e1val \u00e9s st\u00fadi\u00f3val a ny\u00fczsg\u0151 Hongkong nyugalm\u00e1nak o\u00e1zis\u00e1r\u00f3l van sz\u00f3, ahol a szob\u00e1k m\u00e9rete j\u00e1tszi k\u00f6nnyeds\u00e9ggel fel\u00fclm\u00falja a legt\u00f6bb helyi lak\u00e1st. A bels\u0151 terek a <strong>kr\u00e9msz\u00edn \u00e9s a k\u0151sz\u00edn tomp\u00edtott \u00e1rnyalataira<\/strong>, a szabadon \u00e1ll\u00f3 m\u00e9szk\u0151k\u00e1dakra \u00e9s a hatalmas ablakokra \u00e9p\u00edtenek, amelyek \u00fagy keretezik alattad a v\u00e1rost, mint egy \u00e9l\u0151 festm\u00e9nyt. <strong>\ud83d\udca1 Tipp:<\/strong> Menj el a <strong>tet\u0151teraszi Salisterra \u00e9tterembe<\/strong>, amely kifinomult mediterr\u00e1n konyh\u00e1t \u00e9s val\u00f3sz\u00edn\u0171leg a legjobb kil\u00e1t\u00e1st k\u00edn\u00e1lja a hongkongi felh\u0151karcol\u00f3kra. <em>(Hongkong \u2022 117 szoba \u2022 650 USD-t\u00f3l \/ kb. 211 000 Ft)<\/em> <a href=\"https:\/\/www.stay22.com\/allez\/roam?aid=lukaskonecny&amp;campaign=loudavymkrokemcz&amp;campaign=nejluxusnejsi-hotely-sveta&amp;hotelname=Upper%20House&amp;address=Hongkong\" target=\"_blank\" rel=\"nofollow noopener sponsored\">\u00e1rak \u00e9s el\u00e9rhet\u0151s\u00e9g ellen\u0151rz\u00e9se<\/a><\/p>\n\n\n\n<figure data-wp-context=\"{&quot;imageId&quot;:&quot;6a953a9d9877e&quot;}\" data-wp-interactive=\"core\/image\" data-wp-key=\"6a953a9d9877e\" class=\"wp-block-image size-full wp-lightbox-container\"><img decoding=\"async\" width=\"1440\" height=\"1800\" data-wp-class--hide=\"state.isContentHidden\" data-wp-class--show=\"state.isContentVisible\" data-wp-init=\"callbacks.setButtonStyles\" data-wp-on--click=\"actions.showLightbox\" data-wp-on--load=\"callbacks.setButtonStyles\" data-wp-on--pointerdown=\"actions.preloadImage\" data-wp-on--pointerenter=\"actions.preloadImageWithDelay\" data-wp-on--pointerleave=\"actions.cancelPreload\" data-wp-on-window--resize=\"callbacks.setButtonStyles\" src=\"https:\/\/loudavymkrokem.cz\/wp-content\/uploads\/2026\/08\/copacabana-palace-a-belmond-hotel-rio-de-jan-3.jpg\" alt=\"A Copacabana Palace feh\u00e9r homlokzata a strand felett\" class=\"wp-image-404872\" title=\"\" srcset=\"https:\/\/loudavymkrokem.cz\/wp-content\/uploads\/2026\/08\/copacabana-palace-a-belmond-hotel-rio-de-jan-3.jpg 1440w, https:\/\/loudavymkrokem.cz\/wp-content\/uploads\/2026\/08\/copacabana-palace-a-belmond-hotel-rio-de-jan-3-240x300.jpg 240w, https:\/\/loudavymkrokem.cz\/wp-content\/uploads\/2026\/08\/copacabana-palace-a-belmond-hotel-rio-de-jan-3-700x875.jpg 700w, https:\/\/loudavymkrokem.cz\/wp-content\/uploads\/2026\/08\/copacabana-palace-a-belmond-hotel-rio-de-jan-3-768x960.jpg 768w, https:\/\/loudavymkrokem.cz\/wp-content\/uploads\/2026\/08\/copacabana-palace-a-belmond-hotel-rio-de-jan-3-1229x1536.jpg 1229w, https:\/\/loudavymkrokem.cz\/wp-content\/uploads\/2026\/08\/copacabana-palace-a-belmond-hotel-rio-de-jan-3-696x870.jpg 696w, https:\/\/loudavymkrokem.cz\/wp-content\/uploads\/2026\/08\/copacabana-palace-a-belmond-hotel-rio-de-jan-3-1392x1740.jpg 1392w\" sizes=\"(max-width: 1440px) 100vw, 1440px\" \/><button\n\t\t\tclass=\"lightbox-trigger\"\n\t\t\ttype=\"button\"\n\t\t\taria-haspopup=\"dialog\"\n\t\t\tdata-wp-bind--aria-label=\"state.thisImage.triggerButtonAriaLabel\"\n\t\t\tdata-wp-init=\"callbacks.initTriggerButton\"\n\t\t\tdata-wp-on--click=\"actions.showLightbox\"\n\t\t\tdata-wp-style--right=\"state.thisImage.buttonRight\"\n\t\t\tdata-wp-style--top=\"state.thisImage.buttonTop\"\n\t\t>\n\t\t\t<svg xmlns=\"http:\/\/www.w3.org\/2000\/svg\" width=\"12\" height=\"12\" fill=\"none\" viewBox=\"0 0 12 12\">\n\t\t\t\t<path fill=\"#fff\" d=\"M2 0a2 2 0 0 0-2 2v2h1.5V2a.5.5 0 0 1 .5-.5h2V0H2Zm2 10.5H2a.5.5 0 0 1-.5-.5V8H0v2a2 2 0 0 0 2 2h2v-1.5ZM8 12v-1.5h2a.5.5 0 0 0 .5-.5V8H12v2a2 2 0 0 1-2 2H8Zm2-12a2 2 0 0 1 2 2v2h-1.5V2a.5.5 0 0 0-.5-.5H8V0h2Z\" \/>\n\t\t\t<\/svg>\n\t\t<\/button><figcaption class=\"wp-element-caption\">Fot\u00f3: Belmond \/ hivatalos weboldal<\/figcaption><\/figure>\n\n\n\n<h3 class=\"wp-block-heading\"><span class=\"ez-toc-section\" id=\"11_Copacabana_Palace\"><\/span>11. Copacabana Palace<span class=\"ez-toc-section-end\"><\/span><\/h3>\n\n\n\n<p class=\"wp-block-paragraph\">Ennek az 1923-as legend\u00e1s sz\u00e1llod\u00e1nak a ragyog\u00f3 feh\u00e9r homlokzata m\u00e9lt\u00f3s\u00e1gteljesen <strong>tekint le Rio de Janeiro legh\u00edresebb strandj\u00e1ra<\/strong>, mik\u00f6zben a magasb\u00f3l a Megv\u00e1lt\u00f3 Krisztus szobra vigy\u00e1z r\u00e1. A 239 szob\u00e1s sz\u00e1lloda eur\u00f3pai glam\u00fart hozott Braz\u00edli\u00e1ba, \u00e9s a t\u00e1rsas\u00e1gi \u00e9let k\u00f6zpontj\u00e1v\u00e1 v\u00e1lt, ahol az \u00f3ri\u00e1si medence mellett <strong>a h\u00edress\u00e9gek gazdag utaz\u00f3kkal keverednek<\/strong>.<\/p>\n\n\n\n<figure data-wp-context=\"{&quot;galleryId&quot;:&quot;6a953a9d98a47&quot;}\" data-wp-interactive=\"core\/gallery\" class=\"wp-block-gallery has-nested-images columns-2 is-cropped wp-block-gallery-is-layout-flex wp-block-gallery-4 is-layout-flex\">\n<figure data-wp-context=\"{&quot;imageId&quot;:&quot;6a953a9d98d64&quot;}\" data-wp-interactive=\"core\/image\" data-wp-key=\"6a953a9d98d64\" class=\"wp-block-image size-large wp-lightbox-container\"><img decoding=\"async\" width=\"1440\" height=\"1800\" data-wp-class--hide=\"state.isContentHidden\" data-wp-class--show=\"state.isContentVisible\" data-wp-init=\"callbacks.setButtonStyles\" data-wp-on--click=\"actions.showLightbox\" data-wp-on--load=\"callbacks.setButtonStyles\" data-wp-on--pointerdown=\"actions.preloadImage\" data-wp-on--pointerenter=\"actions.preloadImageWithDelay\" data-wp-on--pointerleave=\"actions.cancelPreload\" data-wp-on-window--resize=\"callbacks.setButtonStyles\" data-id=\"404873\" src=\"https:\/\/loudavymkrokem.cz\/wp-content\/uploads\/2026\/08\/copacabana-palace-a-belmond-hotel-rio-de-jan-4.jpg\" alt=\"A Copacabana Palace h\u00edres medenc\u00e9je\" class=\"wp-image-404873\" title=\"\" srcset=\"https:\/\/loudavymkrokem.cz\/wp-content\/uploads\/2026\/08\/copacabana-palace-a-belmond-hotel-rio-de-jan-4.jpg 1440w, https:\/\/loudavymkrokem.cz\/wp-content\/uploads\/2026\/08\/copacabana-palace-a-belmond-hotel-rio-de-jan-4-240x300.jpg 240w, https:\/\/loudavymkrokem.cz\/wp-content\/uploads\/2026\/08\/copacabana-palace-a-belmond-hotel-rio-de-jan-4-700x875.jpg 700w, https:\/\/loudavymkrokem.cz\/wp-content\/uploads\/2026\/08\/copacabana-palace-a-belmond-hotel-rio-de-jan-4-768x960.jpg 768w, https:\/\/loudavymkrokem.cz\/wp-content\/uploads\/2026\/08\/copacabana-palace-a-belmond-hotel-rio-de-jan-4-1229x1536.jpg 1229w, https:\/\/loudavymkrokem.cz\/wp-content\/uploads\/2026\/08\/copacabana-palace-a-belmond-hotel-rio-de-jan-4-696x870.jpg 696w, https:\/\/loudavymkrokem.cz\/wp-content\/uploads\/2026\/08\/copacabana-palace-a-belmond-hotel-rio-de-jan-4-1392x1740.jpg 1392w\" sizes=\"(max-width: 1440px) 100vw, 1440px\" \/><button\n\t\t\tclass=\"lightbox-trigger\"\n\t\t\ttype=\"button\"\n\t\t\taria-haspopup=\"dialog\"\n\t\t\tdata-wp-bind--aria-label=\"state.thisImage.triggerButtonAriaLabel\"\n\t\t\tdata-wp-init=\"callbacks.initTriggerButton\"\n\t\t\tdata-wp-on--click=\"actions.showLightbox\"\n\t\t\tdata-wp-style--right=\"state.thisImage.buttonRight\"\n\t\t\tdata-wp-style--top=\"state.thisImage.buttonTop\"\n\t\t>\n\t\t\t<svg xmlns=\"http:\/\/www.w3.org\/2000\/svg\" width=\"12\" height=\"12\" fill=\"none\" viewBox=\"0 0 12 12\">\n\t\t\t\t<path fill=\"#fff\" d=\"M2 0a2 2 0 0 0-2 2v2h1.5V2a.5.5 0 0 1 .5-.5h2V0H2Zm2 10.5H2a.5.5 0 0 1-.5-.5V8H0v2a2 2 0 0 0 2 2h2v-1.5ZM8 12v-1.5h2a.5.5 0 0 0 .5-.5V8H12v2a2 2 0 0 1-2 2H8Zm2-12a2 2 0 0 1 2 2v2h-1.5V2a.5.5 0 0 0-.5-.5H8V0h2Z\" \/>\n\t\t\t<\/svg>\n\t\t<\/button><figcaption class=\"wp-element-caption\">Fot\u00f3: Belmond \/ hivatalos weboldal<\/figcaption><\/figure>\n<\/figure>\n\n\n\n<p class=\"wp-block-paragraph\">A bels\u0151 terek meg\u0151rzik a hagyom\u00e1nyos pomp\u00e1t a t\u00e1gas nappalikkal, de a gondos fel\u00faj\u00edt\u00e1soknak k\u00f6sz\u00f6nhet\u0151en frissen \u00e9s modernen hatnak. A birtok <strong>h\u00e1rom cs\u00facs\u00e9ttermet<\/strong> is rejt, k\u00f6zt\u00fck az \u00e1zsiai ihlet\u00e9s\u0171 Mee-t, a sz\u00e1lloda vezet\u0151s\u00e9g\u00e9t pedig r\u00e9g\u00f3ta dics\u00e9rik, ami\u00e9rt fenntarthat\u00f3 k\u00f6rnyezetbar\u00e1t gyakorlatokat vezetett be a luxusszegmensbe. <strong>\ud83d\udca1 Tipp:<\/strong> Ha sp\u00f3rolni szeretn\u00e9l, <strong>v\u00e1laszd a v\u00e1rosra n\u00e9z\u0151 standard szob\u00e1kat<\/strong>, amelyek jelent\u0151sen olcs\u00f3bbak, mint a h\u00edres, a Copacabana strandra n\u00e9z\u0151 lakoszt\u00e1lyok. <em>(Rio de Janeiro, Braz\u00edlia \u2022 239 szoba \u2022 300 USD-t\u00f3l \/ kb. 97 000 Ft)<\/em> <a href=\"https:\/\/www.stay22.com\/allez\/roam?aid=lukaskonecny&amp;campaign=loudavymkrokemcz&amp;campaign=nejluxusnejsi-hotely-sveta&amp;hotelname=Copacabana%20Palace&amp;address=Rio%20de%20Janeiro%2C%20Braz%C3%ADlie\" target=\"_blank\" rel=\"nofollow noopener sponsored\">\u00e1rak \u00e9s el\u00e9rhet\u0151s\u00e9g ellen\u0151rz\u00e9se<\/a><\/p>\n\n\n\n<figure data-wp-context=\"{&quot;imageId&quot;:&quot;6a953a9d991df&quot;}\" data-wp-interactive=\"core\/image\" data-wp-key=\"6a953a9d991df\" class=\"wp-block-image size-full wp-lightbox-container\"><img decoding=\"async\" width=\"1600\" height=\"1066\" data-wp-class--hide=\"state.isContentHidden\" data-wp-class--show=\"state.isContentVisible\" data-wp-init=\"callbacks.setButtonStyles\" data-wp-on--click=\"actions.showLightbox\" data-wp-on--load=\"callbacks.setButtonStyles\" data-wp-on--pointerdown=\"actions.preloadImage\" data-wp-on--pointerenter=\"actions.preloadImageWithDelay\" data-wp-on--pointerleave=\"actions.cancelPreload\" data-wp-on-window--resize=\"callbacks.setButtonStyles\" src=\"https:\/\/loudavymkrokem.cz\/wp-content\/uploads\/2026\/08\/riady-hotelu-royal-mansour-v-marr-ke-i.jpg\" alt=\"A Royal Mansour riadjai Marr\u00e1kesben\" class=\"wp-image-404510\" title=\"\" srcset=\"https:\/\/loudavymkrokem.cz\/wp-content\/uploads\/2026\/08\/riady-hotelu-royal-mansour-v-marr-ke-i.jpg 1600w, https:\/\/loudavymkrokem.cz\/wp-content\/uploads\/2026\/08\/riady-hotelu-royal-mansour-v-marr-ke-i-300x200.jpg 300w, https:\/\/loudavymkrokem.cz\/wp-content\/uploads\/2026\/08\/riady-hotelu-royal-mansour-v-marr-ke-i-700x466.jpg 700w, https:\/\/loudavymkrokem.cz\/wp-content\/uploads\/2026\/08\/riady-hotelu-royal-mansour-v-marr-ke-i-768x512.jpg 768w, https:\/\/loudavymkrokem.cz\/wp-content\/uploads\/2026\/08\/riady-hotelu-royal-mansour-v-marr-ke-i-1536x1023.jpg 1536w, https:\/\/loudavymkrokem.cz\/wp-content\/uploads\/2026\/08\/riady-hotelu-royal-mansour-v-marr-ke-i-696x464.jpg 696w, https:\/\/loudavymkrokem.cz\/wp-content\/uploads\/2026\/08\/riady-hotelu-royal-mansour-v-marr-ke-i-1392x927.jpg 1392w\" sizes=\"(max-width: 1600px) 100vw, 1600px\" \/><button\n\t\t\tclass=\"lightbox-trigger\"\n\t\t\ttype=\"button\"\n\t\t\taria-haspopup=\"dialog\"\n\t\t\tdata-wp-bind--aria-label=\"state.thisImage.triggerButtonAriaLabel\"\n\t\t\tdata-wp-init=\"callbacks.initTriggerButton\"\n\t\t\tdata-wp-on--click=\"actions.showLightbox\"\n\t\t\tdata-wp-style--right=\"state.thisImage.buttonRight\"\n\t\t\tdata-wp-style--top=\"state.thisImage.buttonTop\"\n\t\t>\n\t\t\t<svg xmlns=\"http:\/\/www.w3.org\/2000\/svg\" width=\"12\" height=\"12\" fill=\"none\" viewBox=\"0 0 12 12\">\n\t\t\t\t<path fill=\"#fff\" d=\"M2 0a2 2 0 0 0-2 2v2h1.5V2a.5.5 0 0 1 .5-.5h2V0H2Zm2 10.5H2a.5.5 0 0 1-.5-.5V8H0v2a2 2 0 0 0 2 2h2v-1.5ZM8 12v-1.5h2a.5.5 0 0 0 .5-.5V8H12v2a2 2 0 0 1-2 2H8Zm2-12a2 2 0 0 1 2 2v2h-1.5V2a.5.5 0 0 0-.5-.5H8V0h2Z\" \/>\n\t\t\t<\/svg>\n\t\t<\/button><figcaption class=\"wp-element-caption\">Fot\u00f3: Royal Mansour Marrakech Hotel \/ Google Maps<\/figcaption><\/figure>\n\n\n\n<h3 class=\"wp-block-heading\"><span class=\"ez-toc-section\" id=\"13_Royal_Mansour\"><\/span>13. Royal Mansour<span class=\"ez-toc-section-end\"><\/span><\/h3>\n\n\n\n<p class=\"wp-block-paragraph\">VI. Mohammed kir\u00e1ly e projektje nem h\u00e9tk\u00f6znapi sz\u00e1lloda, hanem <strong>a marokk\u00f3i \u00f6r\u00f6ks\u00e9g fizikai megtestes\u00edt\u0151je<\/strong>, ahol nem tal\u00e1lsz klasszikus szob\u00e1kat. Helyett\u00fck a birtok 53 h\u00e1romszintes priv\u00e1t riadb\u00f3l \u00e1ll, amelyek gy\u00f6ny\u00f6r\u0171 kertekben sz\u00f3rtan helyezkednek el, \u00e9s mindegyiknek <strong>saj\u00e1t tet\u0151teraszi medenc\u00e9je \u00e9s szem\u00e9lyes komornyikja<\/strong> van.<\/p>\n\n\n\n<figure data-wp-context=\"{&quot;galleryId&quot;:&quot;6a953a9d99390&quot;}\" data-wp-interactive=\"core\/gallery\" class=\"wp-block-gallery has-nested-images columns-2 is-cropped wp-block-gallery-is-layout-flex wp-block-gallery-5 is-layout-flex\">\n<figure data-wp-context=\"{&quot;imageId&quot;:&quot;6a953a9d995e4&quot;}\" data-wp-interactive=\"core\/image\" data-wp-key=\"6a953a9d995e4\" class=\"wp-block-image size-large wp-lightbox-container\"><img decoding=\"async\" width=\"1800\" height=\"1218\" data-wp-class--hide=\"state.isContentHidden\" data-wp-class--show=\"state.isContentVisible\" data-wp-init=\"callbacks.setButtonStyles\" data-wp-on--click=\"actions.showLightbox\" data-wp-on--load=\"callbacks.setButtonStyles\" data-wp-on--pointerdown=\"actions.preloadImage\" data-wp-on--pointerenter=\"actions.preloadImageWithDelay\" data-wp-on--pointerleave=\"actions.cancelPreload\" data-wp-on-window--resize=\"callbacks.setButtonStyles\" data-id=\"404870\" src=\"https:\/\/loudavymkrokem.cz\/wp-content\/uploads\/2026\/08\/royal-mansour-marrakech-4.jpg\" alt=\"A Royal Mansour riadjai Marr\u00e1kesben\" class=\"wp-image-404870\" title=\"\" srcset=\"https:\/\/loudavymkrokem.cz\/wp-content\/uploads\/2026\/08\/royal-mansour-marrakech-4.jpg 1800w, https:\/\/loudavymkrokem.cz\/wp-content\/uploads\/2026\/08\/royal-mansour-marrakech-4-300x203.jpg 300w, https:\/\/loudavymkrokem.cz\/wp-content\/uploads\/2026\/08\/royal-mansour-marrakech-4-700x474.jpg 700w, https:\/\/loudavymkrokem.cz\/wp-content\/uploads\/2026\/08\/royal-mansour-marrakech-4-768x520.jpg 768w, https:\/\/loudavymkrokem.cz\/wp-content\/uploads\/2026\/08\/royal-mansour-marrakech-4-1536x1039.jpg 1536w, https:\/\/loudavymkrokem.cz\/wp-content\/uploads\/2026\/08\/royal-mansour-marrakech-4-696x471.jpg 696w, https:\/\/loudavymkrokem.cz\/wp-content\/uploads\/2026\/08\/royal-mansour-marrakech-4-1392x942.jpg 1392w\" sizes=\"(max-width: 1800px) 100vw, 1800px\" \/><button\n\t\t\tclass=\"lightbox-trigger\"\n\t\t\ttype=\"button\"\n\t\t\taria-haspopup=\"dialog\"\n\t\t\tdata-wp-bind--aria-label=\"state.thisImage.triggerButtonAriaLabel\"\n\t\t\tdata-wp-init=\"callbacks.initTriggerButton\"\n\t\t\tdata-wp-on--click=\"actions.showLightbox\"\n\t\t\tdata-wp-style--right=\"state.thisImage.buttonRight\"\n\t\t\tdata-wp-style--top=\"state.thisImage.buttonTop\"\n\t\t>\n\t\t\t<svg xmlns=\"http:\/\/www.w3.org\/2000\/svg\" width=\"12\" height=\"12\" fill=\"none\" viewBox=\"0 0 12 12\">\n\t\t\t\t<path fill=\"#fff\" d=\"M2 0a2 2 0 0 0-2 2v2h1.5V2a.5.5 0 0 1 .5-.5h2V0H2Zm2 10.5H2a.5.5 0 0 1-.5-.5V8H0v2a2 2 0 0 0 2 2h2v-1.5ZM8 12v-1.5h2a.5.5 0 0 0 .5-.5V8H12v2a2 2 0 0 1-2 2H8Zm2-12a2 2 0 0 1 2 2v2h-1.5V2a.5.5 0 0 0-.5-.5H8V0h2Z\" \/>\n\t\t\t<\/svg>\n\t\t<\/button><figcaption class=\"wp-element-caption\">Fot\u00f3: Royal Mansour \/ hivatalos weboldal<\/figcaption><\/figure>\n<\/figure>\n\n\n\n<p class=\"wp-block-paragraph\">Itt els\u0151sorban a szolg\u00e1ltat\u00e1sok rendszere egyed\u00fcl\u00e1ll\u00f3, mert az \u00f6sszes szem\u00e9lyzet <strong>f\u00f6ldalatti alagutak h\u00e1l\u00f3zat\u00e1ban<\/strong> k\u00f6zlekedik, \u00e9s rejtett ajt\u00f3kon l\u00e9p be a riadokba, \u00edgy a kiszolg\u00e1l\u00e1s sz\u00e1z sz\u00e1zal\u00e9kig l\u00e1thatatlan. A konyh\u00e1kban abszol\u00fat elit uralkodik: az olasz Sesamo \u00e9tteremmel Massimiliano Alajmo foglalkozik, a hagyom\u00e1nyos marokk\u00f3i men\u00fct pedig a h\u00edres H\u00e9l\u00e8ne Darroze dirig\u00e1lja. <strong>\ud83d\udca1 Tipp:<\/strong> Tapasztald meg a v\u00e1rost m\u00e1s n\u00e9z\u0151pontb\u00f3l, \u00e9s <strong>rendelj egy szem\u00e9lyre szabott medinat\u00far\u00e1t<\/strong>, amely a helyi finoms\u00e1gok k\u00f3stol\u00e1s\u00e1val p\u00e1rosul, k\u00f6zvetlen\u00fcl a helyi \u00e1rusokt\u00f3l. <em>(Marr\u00e1kes, Marokk\u00f3 \u2022 53 szoba \u2022 1900 USD-t\u00f3l \/ kb. 617 000 Ft)<\/em> <a href=\"https:\/\/www.stay22.com\/allez\/roam?aid=lukaskonecny&amp;campaign=loudavymkrokemcz&amp;campaign=nejluxusnejsi-hotely-sveta&amp;hotelname=Royal%20Mansour&amp;address=Marr%C3%A1ke%C5%A1%2C%20Maroko\" target=\"_blank\" rel=\"nofollow noopener sponsored\">\u00e1rak \u00e9s el\u00e9rhet\u0151s\u00e9g ellen\u0151rz\u00e9se<\/a><\/p>\n\n\n\n<figure data-wp-context=\"{&quot;imageId&quot;:&quot;6a953a9d99ac6&quot;}\" data-wp-interactive=\"core\/image\" data-wp-key=\"6a953a9d99ac6\" class=\"wp-block-image size-full wp-lightbox-container\"><img decoding=\"async\" width=\"1600\" height=\"1115\" data-wp-class--hide=\"state.isContentHidden\" data-wp-class--show=\"state.isContentVisible\" data-wp-init=\"callbacks.setButtonStyles\" data-wp-on--click=\"actions.showLightbox\" data-wp-on--load=\"callbacks.setButtonStyles\" data-wp-on--pointerdown=\"actions.preloadImage\" data-wp-on--pointerenter=\"actions.preloadImageWithDelay\" data-wp-on--pointerleave=\"actions.cancelPreload\" data-wp-on-window--resize=\"callbacks.setButtonStyles\" src=\"https:\/\/loudavymkrokem.cz\/wp-content\/uploads\/2026\/08\/art-deco-vstup-do-lond-nsk-ho-claridge-s.jpg\" alt=\"A londoni Claridge&#039;s art deco bej\u00e1rata\" class=\"wp-image-404515\" title=\"\" srcset=\"https:\/\/loudavymkrokem.cz\/wp-content\/uploads\/2026\/08\/art-deco-vstup-do-lond-nsk-ho-claridge-s.jpg 1600w, https:\/\/loudavymkrokem.cz\/wp-content\/uploads\/2026\/08\/art-deco-vstup-do-lond-nsk-ho-claridge-s-300x209.jpg 300w, https:\/\/loudavymkrokem.cz\/wp-content\/uploads\/2026\/08\/art-deco-vstup-do-lond-nsk-ho-claridge-s-700x488.jpg 700w, https:\/\/loudavymkrokem.cz\/wp-content\/uploads\/2026\/08\/art-deco-vstup-do-lond-nsk-ho-claridge-s-768x535.jpg 768w, https:\/\/loudavymkrokem.cz\/wp-content\/uploads\/2026\/08\/art-deco-vstup-do-lond-nsk-ho-claridge-s-1536x1070.jpg 1536w, https:\/\/loudavymkrokem.cz\/wp-content\/uploads\/2026\/08\/art-deco-vstup-do-lond-nsk-ho-claridge-s-696x485.jpg 696w, https:\/\/loudavymkrokem.cz\/wp-content\/uploads\/2026\/08\/art-deco-vstup-do-lond-nsk-ho-claridge-s-1392x970.jpg 1392w\" sizes=\"(max-width: 1600px) 100vw, 1600px\" \/><button\n\t\t\tclass=\"lightbox-trigger\"\n\t\t\ttype=\"button\"\n\t\t\taria-haspopup=\"dialog\"\n\t\t\tdata-wp-bind--aria-label=\"state.thisImage.triggerButtonAriaLabel\"\n\t\t\tdata-wp-init=\"callbacks.initTriggerButton\"\n\t\t\tdata-wp-on--click=\"actions.showLightbox\"\n\t\t\tdata-wp-style--right=\"state.thisImage.buttonRight\"\n\t\t\tdata-wp-style--top=\"state.thisImage.buttonTop\"\n\t\t>\n\t\t\t<svg xmlns=\"http:\/\/www.w3.org\/2000\/svg\" width=\"12\" height=\"12\" fill=\"none\" viewBox=\"0 0 12 12\">\n\t\t\t\t<path fill=\"#fff\" d=\"M2 0a2 2 0 0 0-2 2v2h1.5V2a.5.5 0 0 1 .5-.5h2V0H2Zm2 10.5H2a.5.5 0 0 1-.5-.5V8H0v2a2 2 0 0 0 2 2h2v-1.5ZM8 12v-1.5h2a.5.5 0 0 0 .5-.5V8H12v2a2 2 0 0 1-2 2H8Zm2-12a2 2 0 0 1 2 2v2h-1.5V2a.5.5 0 0 0-.5-.5H8V0h2Z\" \/>\n\t\t\t<\/svg>\n\t\t<\/button><figcaption class=\"wp-element-caption\">Fot\u00f3: Claridge&#8217;s \/ Google Maps<\/figcaption><\/figure>\n\n\n\n<h3 class=\"wp-block-heading\"><span class=\"ez-toc-section\" id=\"16_Claridges\"><\/span>16. Claridge&#8217;s<span class=\"ez-toc-section-end\"><\/span><\/h3>\n\n\n\n<p class=\"wp-block-paragraph\">Ez a londoni \u00e9kszer a Mayfair negyedben <strong>m\u00e1r 1856-os megnyit\u00e1sa \u00f3ta<\/strong> vend\u00e9g\u00fcl l\u00e1tja a brit kr\u00e9met, \u00e9s a kir\u00e1lyi csal\u00e1d egyik kedvenc sz\u00e1llod\u00e1ja. 269 szob\u00e1ja nemr\u00e9g \u00e1tesett egy fel\u00faj\u00edt\u00e1son, amely m\u00e9g jobban kiemelte a jellegzetes art deco st\u00edlust nyugodt f\u00f6ldsz\u00ednek \u00e9s kir\u00e1lyi halv\u00e1nyk\u00e9k kombin\u00e1ci\u00f3j\u00e1ban.<\/p>\n\n\n\n<figure class=\"wp-block-gallery has-nested-images columns-2 is-cropped wp-block-gallery-is-layout-flex wp-block-gallery-6 is-layout-flex\"><\/figure>\n\n\n\n<p class=\"wp-block-paragraph\">2015 \u00e9s 2022 k\u00f6z\u00f6tt a sz\u00e1lloda alatt <strong>hatalmas, h\u00e9t\u00e9ves ki\u00e1s\u00e1si projekt<\/strong> zajlott, amelynek k\u00f6sz\u00f6nhet\u0151en \u00f6t \u00faj f\u00f6ldalatti szint j\u00f6tt l\u00e9tre, jap\u00e1n f\u00fcrd\u0151t, huszon\u00f6t m\u00e9teres medenc\u00e9t \u00e9s saj\u00e1t p\u00e9ks\u00e9get rejtve. A <a href=\"https:\/\/www.stay22.com\/allez\/roam?aid=lukaskonecny&amp;campaign=loudavymkrokemcz&amp;campaign=nejluxusnejsi-hotely-sveta&amp;hotelname=Claridge%27s&amp;address=Lond%C3%BDn%2C%20Velk%C3%A1%20Brit%C3%A1nie\" target=\"_blank\" rel=\"nofollow noopener sponsored\">Claridge&#8217;s<\/a> Restaurantban cs\u00facskateg\u00f3ri\u00e1s brit gasztron\u00f3mi\u00e1t szolg\u00e1lnak fel, h\u00edres m\u00e9g a legend\u00e1s New York-i Dante b\u00e1r ideiglenes kokt\u00e9l pop-upja is. <strong>\ud83d\udca1 Tipp:<\/strong> Az el\u0151csarnokban tartsd nyitva a szemed, mert a sz\u00e1lloda <strong>abszol\u00fat diszkr\u00e9ci\u00f3j\u00e1r\u00f3l ismert<\/strong>, \u00e9s rendszeresen bet\u00e9r ide eb\u00e9delni p\u00e9ld\u00e1ul Mick Jagger. <em>(London, Anglia \u2022 269 szoba \u2022 1200 USD-t\u00f3l \/ kb. 390 000 Ft)<\/em><\/p>\n\n\n\n<figure data-wp-context=\"{&quot;imageId&quot;:&quot;6a953a9d9a268&quot;}\" data-wp-interactive=\"core\/image\" data-wp-key=\"6a953a9d9a268\" class=\"wp-block-image size-full wp-lightbox-container\"><img decoding=\"async\" width=\"1600\" height=\"1067\" data-wp-class--hide=\"state.isContentHidden\" data-wp-class--show=\"state.isContentVisible\" data-wp-init=\"callbacks.setButtonStyles\" data-wp-on--click=\"actions.showLightbox\" data-wp-on--load=\"callbacks.setButtonStyles\" data-wp-on--pointerdown=\"actions.preloadImage\" data-wp-on--pointerenter=\"actions.preloadImageWithDelay\" data-wp-on--pointerleave=\"actions.cancelPreload\" data-wp-on-window--resize=\"callbacks.setButtonStyles\" src=\"https:\/\/loudavymkrokem.cz\/wp-content\/uploads\/2026\/08\/four-seasons-astir-palace-u-ath-n.jpg\" alt=\"Four Seasons Astir Palace Ath\u00e9n mellett\" class=\"wp-image-404517\" title=\"\" srcset=\"https:\/\/loudavymkrokem.cz\/wp-content\/uploads\/2026\/08\/four-seasons-astir-palace-u-ath-n.jpg 1600w, https:\/\/loudavymkrokem.cz\/wp-content\/uploads\/2026\/08\/four-seasons-astir-palace-u-ath-n-300x200.jpg 300w, https:\/\/loudavymkrokem.cz\/wp-content\/uploads\/2026\/08\/four-seasons-astir-palace-u-ath-n-700x467.jpg 700w, https:\/\/loudavymkrokem.cz\/wp-content\/uploads\/2026\/08\/four-seasons-astir-palace-u-ath-n-768x512.jpg 768w, https:\/\/loudavymkrokem.cz\/wp-content\/uploads\/2026\/08\/four-seasons-astir-palace-u-ath-n-1536x1024.jpg 1536w, https:\/\/loudavymkrokem.cz\/wp-content\/uploads\/2026\/08\/four-seasons-astir-palace-u-ath-n-696x464.jpg 696w, https:\/\/loudavymkrokem.cz\/wp-content\/uploads\/2026\/08\/four-seasons-astir-palace-u-ath-n-1392x928.jpg 1392w\" sizes=\"(max-width: 1600px) 100vw, 1600px\" \/><button\n\t\t\tclass=\"lightbox-trigger\"\n\t\t\ttype=\"button\"\n\t\t\taria-haspopup=\"dialog\"\n\t\t\tdata-wp-bind--aria-label=\"state.thisImage.triggerButtonAriaLabel\"\n\t\t\tdata-wp-init=\"callbacks.initTriggerButton\"\n\t\t\tdata-wp-on--click=\"actions.showLightbox\"\n\t\t\tdata-wp-style--right=\"state.thisImage.buttonRight\"\n\t\t\tdata-wp-style--top=\"state.thisImage.buttonTop\"\n\t\t>\n\t\t\t<svg xmlns=\"http:\/\/www.w3.org\/2000\/svg\" width=\"12\" height=\"12\" fill=\"none\" viewBox=\"0 0 12 12\">\n\t\t\t\t<path fill=\"#fff\" d=\"M2 0a2 2 0 0 0-2 2v2h1.5V2a.5.5 0 0 1 .5-.5h2V0H2Zm2 10.5H2a.5.5 0 0 1-.5-.5V8H0v2a2 2 0 0 0 2 2h2v-1.5ZM8 12v-1.5h2a.5.5 0 0 0 .5-.5V8H12v2a2 2 0 0 1-2 2H8Zm2-12a2 2 0 0 1 2 2v2h-1.5V2a.5.5 0 0 0-.5-.5H8V0h2Z\" \/>\n\t\t\t<\/svg>\n\t\t<\/button><figcaption class=\"wp-element-caption\">Fot\u00f3: Four Seasons Astir Palace Hotel Athens \/ Google Maps<\/figcaption><\/figure>\n\n\n\n<h3 class=\"wp-block-heading\"><span class=\"ez-toc-section\" id=\"17_Four_Seasons_Astir_Palace\"><\/span>17. Four Seasons Astir Palace<span class=\"ez-toc-section-end\"><\/span><\/h3>\n\n\n\n<p class=\"wp-block-paragraph\">Az Ath\u00e9n k\u00f6zeli fest\u0151i Vouliagmeni-f\u00e9lszigeten ter\u00fcl el ez az \u00f3ri\u00e1si, 303 szob\u00e1s rezort, amely <strong>meghat\u00e1rozza a luxust az \u00fagynevezett Ath\u00e9ni Rivi\u00e9r\u00e1n<\/strong>. A vend\u00e9gek gy\u00f6ny\u00f6r\u0171 priv\u00e1t strandokkal, hatalmas medenc\u00e9kkel \u00e9s megnyugtat\u00f3 vil\u00e1gos t\u00f3nusokban tartott bels\u0151 terekkel rendelkeznek, amelyek engedik \u00e9rv\u00e9nyes\u00fclni a t\u00fcrkiz tengert.<\/p>\n\n\n\n<p class=\"wp-block-paragraph\">A birtok mindent k\u00edn\u00e1l a cs\u00facskateg\u00f3ri\u00e1s teniszh\u00e1tt\u00e9rt\u0151l a kiterjedt f\u00fcrd\u0151ig, az \u00e9tkez\u00e9si lehet\u0151s\u00e9geket pedig a <strong>Michelin-csillagos Pelagos \u00e9tterem koron\u00e1zza meg<\/strong>. Az eg\u00e9sz komplexumot \u00fagy tervezt\u00e9k, hogy a nyaral\u00e1s alatt egy\u00e1ltal\u00e1n ne kelljen elhagynod, mert t\u00f6k\u00e9letes egyens\u00falyt k\u00edn\u00e1l a relax\u00e1ci\u00f3 \u00e9s az akt\u00edv pihen\u00e9s k\u00f6z\u00f6tt, els\u0151rang\u00fa kiszolg\u00e1l\u00e1ssal. <strong>\ud83d\udca1 Tipp:<\/strong> A legmagasabb \u00e1rak itt m\u00e1just\u00f3l szeptemberig vannak, <strong>ez\u00e9rt \u00e9rkezz ink\u00e1bb a peremh\u00f3napokban<\/strong> tavasszal vagy \u0151sszel, amikor a d\u00edjak j\u00f3val bar\u00e1ts\u00e1gosabbak. <em>(Vouliagmeni, Ath\u00e9n mellett, G\u00f6r\u00f6gorsz\u00e1g \u2022 303 szoba \u2022 550 USD-t\u00f3l \/ kb. 179 000 Ft)<\/em> <a href=\"https:\/\/www.stay22.com\/allez\/roam?aid=lukaskonecny&amp;campaign=loudavymkrokemcz&amp;campaign=nejluxusnejsi-hotely-sveta&amp;hotelname=Four%20Seasons%20Astir%20Palace&amp;address=Vouliagmeni%2C%20%C5%98ecko\" target=\"_blank\" rel=\"nofollow noopener sponsored\">\u00e1rak \u00e9s el\u00e9rhet\u0151s\u00e9g ellen\u0151rz\u00e9se<\/a><\/p>\n\n\n\n<figure data-wp-context=\"{&quot;imageId&quot;:&quot;6a953a9d9a8ad&quot;}\" data-wp-interactive=\"core\/image\" data-wp-key=\"6a953a9d9a8ad\" class=\"wp-block-image size-full wp-lightbox-container\"><img decoding=\"async\" width=\"1378\" height=\"919\" data-wp-class--hide=\"state.isContentHidden\" data-wp-class--show=\"state.isContentVisible\" data-wp-init=\"callbacks.setButtonStyles\" data-wp-on--click=\"actions.showLightbox\" data-wp-on--load=\"callbacks.setButtonStyles\" data-wp-on--pointerdown=\"actions.preloadImage\" data-wp-on--pointerenter=\"actions.preloadImageWithDelay\" data-wp-on--pointerleave=\"actions.cancelPreload\" data-wp-on-window--resize=\"callbacks.setButtonStyles\" src=\"https:\/\/loudavymkrokem.cz\/wp-content\/uploads\/2026\/08\/le-bristol-v-pa-sk-rue-du-faubourg-saint-honor.jpg\" alt=\"Le Bristol a p\u00e1rizsi Rue du Faubourg Saint-Honor\u00e9-n\" class=\"wp-image-404520\" title=\"\" srcset=\"https:\/\/loudavymkrokem.cz\/wp-content\/uploads\/2026\/08\/le-bristol-v-pa-sk-rue-du-faubourg-saint-honor.jpg 1378w, https:\/\/loudavymkrokem.cz\/wp-content\/uploads\/2026\/08\/le-bristol-v-pa-sk-rue-du-faubourg-saint-honor-300x200.jpg 300w, https:\/\/loudavymkrokem.cz\/wp-content\/uploads\/2026\/08\/le-bristol-v-pa-sk-rue-du-faubourg-saint-honor-700x467.jpg 700w, https:\/\/loudavymkrokem.cz\/wp-content\/uploads\/2026\/08\/le-bristol-v-pa-sk-rue-du-faubourg-saint-honor-768x512.jpg 768w, https:\/\/loudavymkrokem.cz\/wp-content\/uploads\/2026\/08\/le-bristol-v-pa-sk-rue-du-faubourg-saint-honor-696x464.jpg 696w\" sizes=\"(max-width: 1378px) 100vw, 1378px\" \/><button\n\t\t\tclass=\"lightbox-trigger\"\n\t\t\ttype=\"button\"\n\t\t\taria-haspopup=\"dialog\"\n\t\t\tdata-wp-bind--aria-label=\"state.thisImage.triggerButtonAriaLabel\"\n\t\t\tdata-wp-init=\"callbacks.initTriggerButton\"\n\t\t\tdata-wp-on--click=\"actions.showLightbox\"\n\t\t\tdata-wp-style--right=\"state.thisImage.buttonRight\"\n\t\t\tdata-wp-style--top=\"state.thisImage.buttonTop\"\n\t\t>\n\t\t\t<svg xmlns=\"http:\/\/www.w3.org\/2000\/svg\" width=\"12\" height=\"12\" fill=\"none\" viewBox=\"0 0 12 12\">\n\t\t\t\t<path fill=\"#fff\" d=\"M2 0a2 2 0 0 0-2 2v2h1.5V2a.5.5 0 0 1 .5-.5h2V0H2Zm2 10.5H2a.5.5 0 0 1-.5-.5V8H0v2a2 2 0 0 0 2 2h2v-1.5ZM8 12v-1.5h2a.5.5 0 0 0 .5-.5V8H12v2a2 2 0 0 1-2 2H8Zm2-12a2 2 0 0 1 2 2v2h-1.5V2a.5.5 0 0 0-.5-.5H8V0h2Z\" \/>\n\t\t\t<\/svg>\n\t\t<\/button><figcaption class=\"wp-element-caption\">Fot\u00f3: Le Bristol Paris \/ Google Maps<\/figcaption><\/figure>\n\n\n\n<h3 class=\"wp-block-heading\"><span class=\"ez-toc-section\" id=\"19_Le_Bristol_Paris\"><\/span>19. Le Bristol Paris<span class=\"ez-toc-section-end\"><\/span><\/h3>\n\n\n\n<p class=\"wp-block-paragraph\">Ez a p\u00e1rizsi palota, amely most \u00fcnnepli 1925-\u00f6s megnyit\u00e1s\u00e1nak kerek sz\u00e1zadik \u00e9vfordul\u00f3j\u00e1t, <strong>Coco Chanel \u00e9s Pablo Picasso kedvenc mened\u00e9ke<\/strong> volt. A Champs-\u00c9lys\u00e9es k\u00f6zel\u00e9ben tal\u00e1lhat\u00f3, \u00e9s 190 szob\u00e1j\u00e1t XV. Lajos st\u00edlus\u00fa korabeli b\u00fatorok, selyemf\u00fcgg\u00f6ny\u00f6k \u00e9s <strong>luxuskozmetikumokkal ell\u00e1tott m\u00e1rv\u00e1nyf\u00fcrd\u0151szob\u00e1k<\/strong> d\u00edsz\u00edtik.<\/p>\n\n\n\n<p class=\"wp-block-paragraph\">A f\u0151 vonzer\u0151 azonban itt a gasztron\u00f3mia, mert a sz\u00e1lloda b\u00fcszk\u00e9lkedhet a <strong>h\u00e1romcsillagos Michelin Epicure \u00e9tteremmel<\/strong> Arnaud Faye vezet\u00e9se alatt, amely mesterm\u0171veket szolg\u00e1l fel a vir\u00e1gos udvarra n\u00e9z\u0151 kil\u00e1t\u00e1ssal. Egy P\u00e1rizs felfedez\u00e9s\u00e9vel t\u00f6lt\u00f6tt nap ut\u00e1n a vend\u00e9gek pihenhetnek a haj\u00f3 form\u00e1j\u00fara tervezett tet\u0151teraszi medence mellett. <strong>\ud83d\udca1 Tipp:<\/strong> Nem kell r\u00f6gt\u00f6n szob\u00e1\u00e9rt ezer doll\u00e1rokat fizetned, el\u00e9g <strong>bet\u00e9rned a Caf\u00e9 Antonia k\u00e1v\u00e9z\u00f3ba<\/strong>, amelynek d\u00e9lut\u00e1ni te\u00e1ja \u00e9s fantasztikus p\u00e9ks\u00fctem\u00e9nyei eg\u00e9sz P\u00e1rizsban h\u00edresek. <em>(P\u00e1rizs, Franciaorsz\u00e1g \u2022 190 szoba \u2022 3200 USD-t\u00f3l \/ kb. 1 040 000 Ft)<\/em> <a href=\"https:\/\/www.stay22.com\/allez\/roam?aid=lukaskonecny&amp;campaign=loudavymkrokemcz&amp;campaign=nejluxusnejsi-hotely-sveta&amp;hotelname=Le%20Bristol%20Paris&amp;address=Pa%C5%99%C3%AD%C5%BE%2C%20Francie\" target=\"_blank\" rel=\"nofollow noopener sponsored\">\u00e1rak \u00e9s el\u00e9rhet\u0151s\u00e9g ellen\u0151rz\u00e9se<\/a><\/p>\n\n\n\n<figure data-wp-context=\"{&quot;imageId&quot;:&quot;6a953a9d9af67&quot;}\" data-wp-interactive=\"core\/image\" data-wp-key=\"6a953a9d9af67\" class=\"wp-block-image size-full wp-lightbox-container\"><img decoding=\"async\" width=\"1600\" height=\"1067\" data-wp-class--hide=\"state.isContentHidden\" data-wp-class--show=\"state.isContentVisible\" data-wp-init=\"callbacks.setButtonStyles\" data-wp-on--click=\"actions.showLightbox\" data-wp-on--load=\"callbacks.setButtonStyles\" data-wp-on--pointerdown=\"actions.preloadImage\" data-wp-on--pointerenter=\"actions.preloadImageWithDelay\" data-wp-on--pointerleave=\"actions.cancelPreload\" data-wp-on-window--resize=\"callbacks.setButtonStyles\" src=\"https:\/\/loudavymkrokem.cz\/wp-content\/uploads\/2026\/08\/cheval-blanc-paris-u-seiny.jpg\" alt=\"Cheval Blanc Paris a Szajn\u00e1n\u00e1l\" class=\"wp-image-404523\" title=\"\" srcset=\"https:\/\/loudavymkrokem.cz\/wp-content\/uploads\/2026\/08\/cheval-blanc-paris-u-seiny.jpg 1600w, https:\/\/loudavymkrokem.cz\/wp-content\/uploads\/2026\/08\/cheval-blanc-paris-u-seiny-300x200.jpg 300w, https:\/\/loudavymkrokem.cz\/wp-content\/uploads\/2026\/08\/cheval-blanc-paris-u-seiny-700x467.jpg 700w, https:\/\/loudavymkrokem.cz\/wp-content\/uploads\/2026\/08\/cheval-blanc-paris-u-seiny-768x512.jpg 768w, https:\/\/loudavymkrokem.cz\/wp-content\/uploads\/2026\/08\/cheval-blanc-paris-u-seiny-1536x1024.jpg 1536w, https:\/\/loudavymkrokem.cz\/wp-content\/uploads\/2026\/08\/cheval-blanc-paris-u-seiny-696x464.jpg 696w, https:\/\/loudavymkrokem.cz\/wp-content\/uploads\/2026\/08\/cheval-blanc-paris-u-seiny-1392x928.jpg 1392w\" sizes=\"(max-width: 1600px) 100vw, 1600px\" \/><button\n\t\t\tclass=\"lightbox-trigger\"\n\t\t\ttype=\"button\"\n\t\t\taria-haspopup=\"dialog\"\n\t\t\tdata-wp-bind--aria-label=\"state.thisImage.triggerButtonAriaLabel\"\n\t\t\tdata-wp-init=\"callbacks.initTriggerButton\"\n\t\t\tdata-wp-on--click=\"actions.showLightbox\"\n\t\t\tdata-wp-style--right=\"state.thisImage.buttonRight\"\n\t\t\tdata-wp-style--top=\"state.thisImage.buttonTop\"\n\t\t>\n\t\t\t<svg xmlns=\"http:\/\/www.w3.org\/2000\/svg\" width=\"12\" height=\"12\" fill=\"none\" viewBox=\"0 0 12 12\">\n\t\t\t\t<path fill=\"#fff\" d=\"M2 0a2 2 0 0 0-2 2v2h1.5V2a.5.5 0 0 1 .5-.5h2V0H2Zm2 10.5H2a.5.5 0 0 1-.5-.5V8H0v2a2 2 0 0 0 2 2h2v-1.5ZM8 12v-1.5h2a.5.5 0 0 0 .5-.5V8H12v2a2 2 0 0 1-2 2H8Zm2-12a2 2 0 0 1 2 2v2h-1.5V2a.5.5 0 0 0-.5-.5H8V0h2Z\" \/>\n\t\t\t<\/svg>\n\t\t<\/button><figcaption class=\"wp-element-caption\">Fot\u00f3: Cheval Blanc Paris \/ Google Maps<\/figcaption><\/figure>\n\n\n\n<!-- LKM_GYG_CARD start q=\"hotely sveta\" lang=\"hu\" rendered=\"2026-08-31T06:19:43+00:00\" v=\"1\" -->\n\n<!-- LKM_GYG_CARD end -->\n\n\n\n\n<div class=\"lk-stays-module\">\n<style>\n\/* \u2500\u2500\u2500 RESET PRO GUTENBERG \u2500\u2500\u2500 *\/\n.lk-stays-module * { box-sizing: border-box; margin: 0; padding: 0; }\n\n\/* \u2500\u2500\u2500 WRAPPER \u2500\u2500\u2500 *\/\n.lk-stays-module {\n  font-family: 'DM Sans', Georgia, sans-serif;\n  max-width: 100%;\n  margin: 2.5rem auto;\n  background: linear-gradient(135deg, #fdfaf5 0%, #fcf8f0 100%);\n  border: 1px solid #e8dfd4;\n  border-radius: 16px;\n  overflow: hidden;\n  box-shadow: 0 16px 48px rgba(195, 159, 118, 0.25), 0 4px 12px rgba(0,0,0,0.08);\n}\n\n\/* \u2500\u2500\u2500 HEADER \u2500\u2500\u2500 *\/\n.lk-stays-header {\n  position: relative;\n  padding: 24px 36px 24px;\n  background: linear-gradient(135deg, #c39f76 0%, #d4b188 60%, #c39f76 100%);\n  border-bottom: 1px solid rgba(255,255,255,.15);\n  display: flex;\n  align-items: center;\n  gap: 18px;\n}\n.lk-stays-header::before {\n  content: '';\n  position: absolute;\n  inset: 0;\n  background: url(\"data:image\/svg+xml,%3Csvg width='60' height='60' viewBox='0 0 60 60' xmlns='http:\/\/www.w3.org\/2000\/svg'%3E%3Cg fill='none' fill-rule='evenodd'%3E%3Cg fill='%23ffffff' fill-opacity='0.05'%3E%3Cpath d='M36 34v-4h-2v4h-4v2h4v4h2v-4h4v-2h-4zm0-30V0h-2v4h-4v2h4v4h2V6h4V4h-4zM6 34v-4H4v4H0v2h4v4h2v-4h4v-2H6zM6 4V0H4v4H0v2h4v4h2V6h4V4H6z'\/%3E%3C\/g%3E%3C\/g%3E%3C\/svg%3E\") repeat;\n  pointer-events: none;\n}\n.lk-stays-icon {\n  flex-shrink: 0;\n  width: 68px;\n  height: 68px;\n  border-radius: 14px;\n  background: linear-gradient(135deg, #fff 0%, #f9f6f0 100%);\n  display: flex;\n  align-items: center;\n  justify-content: center;\n  font-size: 26px;\n  box-shadow: 0 4px 12px rgba(0,0,0,0.15);\n}\n.lk-stays-eyebrow {\n  font-size: 10px;\n  font-weight: 500;\n  letter-spacing: 2.5px;\n  text-transform: uppercase;\n  color: rgba(255,255,255,.85);\n  margin: 0 0 5px 0;\n}\n.lk-stays-title {\n  font-family: 'Playfair Display', Georgia, serif;\n  font-size: 24px;\n  font-weight: 700;\n  color: #fff;\n  line-height: 1.2;\n  text-shadow: 0 1px 2px rgba(0,0,0,0.1);\n  margin: 0;\n}\n.lk-stays-subtitle {\n  font-size: 13px;\n  color: rgba(255,255,255,.75);\n  margin: 4px 0 0 0;\n  font-weight: 300;\n}\n\n\/* \u2500\u2500\u2500 CARDS GRID \u2500\u2500\u2500 *\/\n.lk-stays-grid {\n  display: grid;\n  grid-template-columns: 1fr 1fr;\n  gap: 1px;\n  background: rgba(195, 159, 118, 0.12);\n}\n\n\/* \u2500\u2500\u2500 SINGLE CARD \u2500\u2500\u2500 *\/\n.lk-stay-card {\n  background: #ffffff;\n  padding: 26px;\n  display: flex;\n  flex-direction: column;\n  gap: 11px;\n  transition: all 0.3s ease;\n  text-decoration: none;\n  color: inherit;\n  position: relative;\n}\n.lk-stay-card:hover {\n  background: #fffbf5;\n  transform: translateY(-2px);\n  box-shadow: 0 8px 24px rgba(195, 159, 118, 0.18);\n  z-index: 1;\n}\n.lk-stay-card.featured {\n  background: linear-gradient(135deg, #fffdf9 0%, #fff9f0 100%);\n  box-shadow: 0 4px 16px rgba(195, 159, 118, 0.15), inset 0 1px 0 rgba(195, 159, 118, 0.1);\n}\n.lk-stay-card.featured:hover {\n  background: linear-gradient(135deg, #fffbf5 0%, #fff8ed 100%);\n  box-shadow: 0 8px 24px rgba(195, 159, 118, 0.25), inset 0 1px 0 rgba(195, 159, 118, 0.15);\n}\n\n.lk-stay-badge {\n  display: inline-flex;\n  align-items: center;\n  gap: 5px;\n  font-size: 10px;\n  font-weight: 500;\n  letter-spacing: 1.5px;\n  text-transform: uppercase;\n  padding: 5px 11px;\n  border-radius: 20px;\n  width: fit-content;\n}\n.badge-top     { background: linear-gradient(135deg, #c39f76 0%, #d4b188 100%); color: #fff; border: 1px solid #c39f76; font-weight: 600; box-shadow: 0 2px 8px rgba(195,159,118,0.3); }\n.badge-luxury  { background: rgba(195,159,118,.12); color: #c39f76; border: 1px solid rgba(195,159,118,.25); }\n.badge-boutique{ background: rgba(54,133,252,.08); color: #3685fc; border: 1px solid rgba(54,133,252,.2); }\n.badge-nature  { background: rgba(130,190,100,.1); color: #6b9c4a; border: 1px solid rgba(130,190,100,.2); }\n.badge-remote  { background: rgba(195,159,118,.12); color: #a67e50; border: 1px solid rgba(195,159,118,.25); }\n\n.lk-stay-name {\n  font-family: 'Playfair Display', Georgia, serif;\n  font-size: 18px;\n  font-weight: 700;\n  color: #111827;\n  line-height: 1.3;\n}\n.lk-stay-desc {\n  font-size: 13.5px;\n  color: #525252;\n  line-height: 1.65;\n  font-weight: 300;\n  flex: 1;\n}\n\n.lk-stay-meta {\n  display: flex;\n  align-items: center;\n  gap: 12px;\n  flex-wrap: wrap;\n  margin-top: 4px;\n}\n.lk-stay-price {\n  font-size: 13px;\n  color: #6b7280;\n}\n.lk-stay-price strong {\n  color: #c39f76;\n  font-weight: 500;\n}\n.lk-stay-stars {\n  color: #c39f76;\n  font-size: 11px;\n  letter-spacing: 1px;\n}\n\n\/* \u2500\u2500\u2500 CTA BUTTON \u2500\u2500\u2500 *\/\n.lk-stay-cta {\n  display: inline-flex;\n  align-items: center;\n  justify-content: center;\n  gap: 7px;\n  margin-top: 8px;\n  padding: 11px 20px;\n  border-radius: 8px;\n  background: linear-gradient(135deg, #3685fc 0%, #2a6fd9 100%);\n  color: #fff;\n  font-size: 13px;\n  font-weight: 500;\n  text-decoration: none;\n  letter-spacing: .3px;\n  transition: all .2s ease;\n  cursor: pointer;\n  border: none;\n  text-align: center;\n  box-shadow: 0 4px 12px rgba(54, 133, 252, 0.25);\n}\n.lk-stay-cta:hover {\n  background: linear-gradient(135deg, #2a6fd9 0%, #1e5bc4 100%);\n  transform: translateY(-1px);\n  box-shadow: 0 6px 16px rgba(54, 133, 252, 0.35);\n}\n.lk-stay-cta svg { flex-shrink: 0; }\n\n\/* \u2500\u2500\u2500 FOOTER \u2500\u2500\u2500 *\/\n.lk-stays-footer {\n  padding: 18px 36px;\n  background: linear-gradient(to bottom, #fdfaf5 0%, #f9f4ed 100%);\n  border-top: 1px solid rgba(195, 159, 118, 0.15);\n  display: flex;\n  align-items: center;\n  justify-content: space-between;\n  flex-wrap: wrap;\n  gap: 12px;\n}\n.lk-stays-footer-note {\n  font-size: 11.5px;\n  color: #6b7280;\n  font-weight: 300;\n  line-height: 1.5;\n}\n.lk-stays-footer-note a {\n  color: #c39f76;\n  text-decoration: none;\n  font-weight: 400;\n}\n.lk-stays-footer-note a:hover {\n  text-decoration: underline;\n}\n.lk-stays-all-btn {\n  display: inline-flex;\n  align-items: center;\n  gap: 6px;\n  font-size: 12.5px;\n  font-weight: 500;\n  color: #c39f76;\n  text-decoration: none;\n  border: 1px solid rgba(195, 159, 118, 0.35);\n  padding: 8px 18px;\n  border-radius: 8px;\n  transition: all .2s ease;\n}\n.lk-stays-all-btn:hover {\n  background: rgba(195, 159, 118, 0.08);\n  border-color: rgba(195, 159, 118, 0.5);\n}\n\n\/* \u2500\u2500\u2500 RESPONSIVE \u2500\u2500\u2500 *\/\n@media (max-width: 600px) {\n  .lk-stays-grid { grid-template-columns: 1fr; }\n  .lk-stays-header { padding: 24px 20px; }\n  .lk-stays-footer { padding: 16px 20px; }\n  .lk-stay-card { padding: 22px; }\n  .lk-stays-title { font-size: 20px; }\n}\n<\/style>\n\n  <!-- HEADER -->\n  <div class=\"lk-stays-header\">\n    <img decoding=\"async\" src=\"https:\/\/loudavymkrokem.cz\/wp-content\/uploads\/2026\/02\/lukas-a-lucka.jpg\" alt=\"\" style=\"width: 75px; height: 75px; border-radius: 8px; flex-shrink: 0; object-fit: cover; display: block; margin: 4px 0;\" title=\"\">\n    <div class=\"lk-stays-header-text\">\n      <div class=\"lk-stays-eyebrow\">Luk\u00e1\u0161 \u00e9s Lucie aj\u00e1nlj\u00e1k<\/div>\n      <div class=\"lk-stays-title\">Hol sz\u00e1lljon meg a vil\u00e1g luxussz\u00e1llod\u00e1iban<\/div>\n      <div class=\"lk-stays-subtitle\">6 sz\u00e1ll\u00e1shely \u2014 sz\u00e1llod\u00e1k, wellness sz\u00e1llod\u00e1k \u00e9s egy\u00e9b sz\u00e1ll\u00e1slehet\u0151s\u00e9gek<\/div>\n    <\/div>\n  <\/div>\n\n  <!-- CARDS -->\n  <div class=\"lk-stays-grid\">\n\n    <a class=\"lk-stay-card featured\" href=\"https:\/\/www.stay22.com\/allez\/roam?aid=lukaskonecny&#038;campaign=loudavymkrokemcz&#038;campaign=hu&#038;campaign=nejluxusnejsi-hotely-sveta&#038;hotelname=Rosewood%20Hong%20Kong&#038;address=Hongkong\" target=\"_blank\" rel=\"nofollow noopener\">\n      <span class=\"lk-stay-badge badge-top\">\u2b50 TOP V\u00c1LASZT\u00c1S<\/span>\n      <span class=\"lk-stay-badge badge-nature\">\ud83c\udfe8 Hotel<\/span>\n      <div class=\"lk-stay-name\">Rosewood Hong Kong<\/div>\n      <div class=\"lk-stay-desc\">Legjobb sz\u00e1lloda 2025, 270 m magas, 413 szoba Victoria Harbour kil\u00e1t\u00e1ssal, 11 \u00e9tteremmel \u00e9s Asaya Spa-val.<\/div>\n      <div class=\"lk-stay-meta\">\n        <span class=\"lk-stay-stars\">\u2605\u2605\u2605\u2605<\/span>\n        <span class=\"lk-stay-price\">650 USD\/\u00e9jt\u0151l (~600 EUR)<\/span>\n      <\/div>\n      <span class=\"lk-stay-cta\">\n        <svg width=\"14\" height=\"14\" viewBox=\"0 0 24 24\" fill=\"none\" stroke=\"currentColor\" stroke-width=\"2\"><path d=\"M18 13v6a2 2 0 0 1-2 2H5a2 2 0 0 1-2-2V8a2 2 0 0 1 2-2h6\"\/><polyline points=\"15 3 21 3 21 9\"\/><line x1=\"10\" y1=\"14\" x2=\"21\" y2=\"3\"\/><\/svg>\n        Ellen\u0151rizd az el\u00e9rhet\u0151s\u00e9get\n      <\/span>\n    <\/a>\n\n    <a class=\"lk-stay-card\" href=\"https:\/\/www.stay22.com\/allez\/roam?aid=lukaskonecny&#038;campaign=loudavymkrokemcz&#038;campaign=hu&#038;campaign=nejluxusnejsi-hotely-sveta&#038;hotelname=Four%20Seasons%20Bangkok%20at%20Chao%20Phraya%20River&#038;address=Bangkok%2C%20Thajsko\" target=\"_blank\" rel=\"nofollow noopener\">\n      <span class=\"lk-stay-badge badge-nature\">\ud83c\udfe8 Hotel<\/span>\n      <div class=\"lk-stay-name\">Four Seasons Bangkok at Chao Phraya River<\/div>\n      <div class=\"lk-stay-desc\">299 szoba a Chao Phraya foly\u00f3n, BKK Social Club-bal \u00e9s hagyom\u00e1nyos haj\u00f3s k\u00f6zleked\u00e9ssel.<\/div>\n      <div class=\"lk-stay-meta\">\n        <span class=\"lk-stay-stars\">\u2605\u2605\u2605\u2605<\/span>\n        <span class=\"lk-stay-price\">450 USD\/\u00e9jt\u0151l (~420 EUR)<\/span>\n      <\/div>\n      <span class=\"lk-stay-cta\">\n        <svg width=\"14\" height=\"14\" viewBox=\"0 0 24 24\" fill=\"none\" stroke=\"currentColor\" stroke-width=\"2\"><path d=\"M18 13v6a2 2 0 0 1-2 2H5a2 2 0 0 1-2-2V8a2 2 0 0 1 2-2h6\"\/><polyline points=\"15 3 21 3 21 9\"\/><line x1=\"10\" y1=\"14\" x2=\"21\" y2=\"3\"\/><\/svg>\n        Ellen\u0151rizd az el\u00e9rhet\u0151s\u00e9get\n      <\/span>\n    <\/a>\n\n    <a class=\"lk-stay-card\" href=\"https:\/\/www.stay22.com\/allez\/roam?aid=lukaskonecny&#038;campaign=loudavymkrokemcz&#038;campaign=hu&#038;campaign=nejluxusnejsi-hotely-sveta&#038;hotelname=Capella%20Bangkok&#038;address=Bangkok%2C%20Thajsko\" target=\"_blank\" rel=\"nofollow noopener\">\n      <span class=\"lk-stay-badge badge-nature\">\ud83c\udfe8 Hotel<\/span>\n      <div class=\"lk-stay-name\">Capella Bangkok<\/div>\n      <div class=\"lk-stay-desc\">101 szoba, a nyugalom szent\u00e9lye Michelin-csillagos C\u00f4te \u00e9tteremmel \u00e9s szem\u00e9lyes Culturists idegenvezet\u0151kkel.<\/div>\n      <div class=\"lk-stay-meta\">\n        <span class=\"lk-stay-stars\">\u2605\u2605\u2605\u2605<\/span>\n        <span class=\"lk-stay-price\">600 USD\/\u00e9jt\u0151l (~560 EUR)<\/span>\n      <\/div>\n      <span class=\"lk-stay-cta\">\n        <svg width=\"14\" height=\"14\" viewBox=\"0 0 24 24\" fill=\"none\" stroke=\"currentColor\" stroke-width=\"2\"><path d=\"M18 13v6a2 2 0 0 1-2 2H5a2 2 0 0 1-2-2V8a2 2 0 0 1 2-2h6\"\/><polyline points=\"15 3 21 3 21 9\"\/><line x1=\"10\" y1=\"14\" x2=\"21\" y2=\"3\"\/><\/svg>\n        Ellen\u0151rizd az el\u00e9rhet\u0151s\u00e9get\n      <\/span>\n    <\/a>\n\n    <a class=\"lk-stay-card\" href=\"https:\/\/www.stay22.com\/allez\/roam?aid=lukaskonecny&#038;campaign=loudavymkrokemcz&#038;campaign=hu&#038;campaign=nejluxusnejsi-hotely-sveta&#038;hotelname=Passalacqua&#038;address=Moltrasio%2C%20It%C3%A1lie\" target=\"_blank\" rel=\"nofollow noopener\">\n      <span class=\"lk-stay-badge badge-nature\">\ud83c\udfe8 Hotel<\/span>\n      <div class=\"lk-stay-name\">Passalacqua<\/div>\n      <div class=\"lk-stay-desc\">24 szoba 18. sz\u00e1zadi vill\u00e1ban a Como-t\u00f3 partj\u00e1n, teraszos kertekkel \u00e9s mur\u00e1n\u00f3i \u00fcveggel.<\/div>\n      <div class=\"lk-stay-meta\">\n        <span class=\"lk-stay-stars\">\u2605\u2605\u2605\u2605<\/span>\n        <span class=\"lk-stay-price\">1 300 USD\/\u00e9jt\u0151l (~1 200 EUR)<\/span>\n      <\/div>\n      <span class=\"lk-stay-cta\">\n        <svg width=\"14\" height=\"14\" viewBox=\"0 0 24 24\" fill=\"none\" stroke=\"currentColor\" stroke-width=\"2\"><path d=\"M18 13v6a2 2 0 0 1-2 2H5a2 2 0 0 1-2-2V8a2 2 0 0 1 2-2h6\"\/><polyline points=\"15 3 21 3 21 9\"\/><line x1=\"10\" y1=\"14\" x2=\"21\" y2=\"3\"\/><\/svg>\n        Ellen\u0151rizd az el\u00e9rhet\u0151s\u00e9get\n      <\/span>\n    <\/a>\n\n    <a class=\"lk-stay-card\" href=\"https:\/\/www.stay22.com\/allez\/roam?aid=lukaskonecny&#038;campaign=loudavymkrokemcz&#038;campaign=hu&#038;campaign=nejluxusnejsi-hotely-sveta&#038;hotelname=Raffles%20Singapore&#038;address=Singapur\" target=\"_blank\" rel=\"nofollow noopener\">\n      <span class=\"lk-stay-badge badge-nature\">\u2b50 Luxus<\/span>\n      <div class=\"lk-stay-name\">Raffles Singapore<\/div>\n      <div class=\"lk-stay-desc\">T\u00f6rt\u00e9nelmi 115 lakoszt\u00e1ly 1887 \u00f3ta, a Singapore Sling sz\u00fcl\u0151helye, az ingatlan fele kertek.<\/div>\n      <div class=\"lk-stay-meta\">\n        <span class=\"lk-stay-stars\">\u2605\u2605\u2605\u2605<\/span>\n        <span class=\"lk-stay-price\">2 000 USD\/\u00e9jt\u0151l (~1 850 EUR)<\/span>\n      <\/div>\n      <span class=\"lk-stay-cta\">\n        <svg width=\"14\" height=\"14\" viewBox=\"0 0 24 24\" fill=\"none\" stroke=\"currentColor\" stroke-width=\"2\"><path d=\"M18 13v6a2 2 0 0 1-2 2H5a2 2 0 0 1-2-2V8a2 2 0 0 1 2-2h6\"\/><polyline points=\"15 3 21 3 21 9\"\/><line x1=\"10\" y1=\"14\" x2=\"21\" y2=\"3\"\/><\/svg>\n        Ellen\u0151rizd az el\u00e9rhet\u0151s\u00e9get\n      <\/span>\n    <\/a>\n\n    <a class=\"lk-stay-card\" href=\"https:\/\/www.stay22.com\/allez\/roam?aid=lukaskonecny&#038;campaign=loudavymkrokemcz&#038;campaign=hu&#038;campaign=nejluxusnejsi-hotely-sveta&#038;hotelname=Atlantis%20The%20Royal&#038;address=Dubaj%2C%20SAE\" target=\"_blank\" rel=\"nofollow noopener\">\n      <span class=\"lk-stay-badge badge-nature\">\u2b50 Luxus<\/span>\n      <div class=\"lk-stay-name\">Atlantis The Royal<\/div>\n      <div class=\"lk-stay-desc\">795 szoba, 90 medence, 16 \u00e9tterem h\u00edress\u00e9gs\u00e9fekkel, mint Heston Blumenthal.<\/div>\n      <div class=\"lk-stay-meta\">\n        <span class=\"lk-stay-stars\">\u2605\u2605\u2605\u2605<\/span>\n        <span class=\"lk-stay-price\">460 USD\/\u00e9jt\u0151l (~430 EUR)<\/span>\n      <\/div>\n      <span class=\"lk-stay-cta\">\n        <svg width=\"14\" height=\"14\" viewBox=\"0 0 24 24\" fill=\"none\" stroke=\"currentColor\" stroke-width=\"2\"><path d=\"M18 13v6a2 2 0 0 1-2 2H5a2 2 0 0 1-2-2V8a2 2 0 0 1 2-2h6\"\/><polyline points=\"15 3 21 3 21 9\"\/><line x1=\"10\" y1=\"14\" x2=\"21\" y2=\"3\"\/><\/svg>\n        Ellen\u0151rizd az el\u00e9rhet\u0151s\u00e9get\n      <\/span>\n    <\/a>\n\n  <\/div>\n\n  \n<\/div>\n\n\n\n\n<h3 class=\"wp-block-heading\"><span class=\"ez-toc-section\" id=\"21_Cheval_Blanc_Paris\"><\/span>21. Cheval Blanc Paris<span class=\"ez-toc-section-end\"><\/span><\/h3>\n\n\n\n<p class=\"wp-block-paragraph\">Ez a p\u00e1rizsi luxusszc\u00e9na viszonylag \u00faj szerepl\u0151je, amely az LVMH csoport tulajdon\u00e1ban van, <strong>az ikonikus La Samaritaine \u00e9p\u00fclet\u00e9t foglalta el<\/strong> k\u00f6zvetlen\u00fcl a Pont Neuf h\u00eddn\u00e1l. Peter Marino \u00e9p\u00edt\u00e9sz itt 72 szoba ter\u00fclet\u00e9n az art deco \u00e9s a kort\u00e1rs m\u0171v\u00e9szet mer\u00e9sz kever\u00e9k\u00e9t alkotta meg, amelynek a hallban egy \u00f3ri\u00e1si, az Eiffel-tornyot \u00e1br\u00e1zol\u00f3 fot\u00f3install\u00e1ci\u00f3 ad dominanci\u00e1t.<\/p>\n\n\n\n<figure data-wp-context=\"{&quot;galleryId&quot;:&quot;6a953a9d9b315&quot;}\" data-wp-interactive=\"core\/gallery\" class=\"wp-block-gallery has-nested-images columns-2 is-cropped wp-block-gallery-is-layout-flex wp-block-gallery-7 is-layout-flex\">\n<figure data-wp-context=\"{&quot;imageId&quot;:&quot;6a953a9d9b655&quot;}\" data-wp-interactive=\"core\/image\" data-wp-key=\"6a953a9d9b655\" class=\"wp-block-image size-large wp-lightbox-container\"><img decoding=\"async\" width=\"1350\" height=\"1800\" data-wp-class--hide=\"state.isContentHidden\" data-wp-class--show=\"state.isContentVisible\" data-wp-init=\"callbacks.setButtonStyles\" data-wp-on--click=\"actions.showLightbox\" data-wp-on--load=\"callbacks.setButtonStyles\" data-wp-on--pointerdown=\"actions.preloadImage\" data-wp-on--pointerenter=\"actions.preloadImageWithDelay\" data-wp-on--pointerleave=\"actions.cancelPreload\" data-wp-on-window--resize=\"callbacks.setButtonStyles\" data-id=\"404865\" src=\"https:\/\/loudavymkrokem.cz\/wp-content\/uploads\/2026\/08\/cheval-blanc-parisd0-2.jpg\" alt=\"Cheval Blanc Paris a Szajna felett\" class=\"wp-image-404865\" title=\"\" srcset=\"https:\/\/loudavymkrokem.cz\/wp-content\/uploads\/2026\/08\/cheval-blanc-parisd0-2.jpg 1350w, https:\/\/loudavymkrokem.cz\/wp-content\/uploads\/2026\/08\/cheval-blanc-parisd0-2-225x300.jpg 225w, https:\/\/loudavymkrokem.cz\/wp-content\/uploads\/2026\/08\/cheval-blanc-parisd0-2-700x933.jpg 700w, https:\/\/loudavymkrokem.cz\/wp-content\/uploads\/2026\/08\/cheval-blanc-parisd0-2-768x1024.jpg 768w, https:\/\/loudavymkrokem.cz\/wp-content\/uploads\/2026\/08\/cheval-blanc-parisd0-2-1152x1536.jpg 1152w, https:\/\/loudavymkrokem.cz\/wp-content\/uploads\/2026\/08\/cheval-blanc-parisd0-2-696x928.jpg 696w\" sizes=\"(max-width: 1350px) 100vw, 1350px\" \/><button\n\t\t\tclass=\"lightbox-trigger\"\n\t\t\ttype=\"button\"\n\t\t\taria-haspopup=\"dialog\"\n\t\t\tdata-wp-bind--aria-label=\"state.thisImage.triggerButtonAriaLabel\"\n\t\t\tdata-wp-init=\"callbacks.initTriggerButton\"\n\t\t\tdata-wp-on--click=\"actions.showLightbox\"\n\t\t\tdata-wp-style--right=\"state.thisImage.buttonRight\"\n\t\t\tdata-wp-style--top=\"state.thisImage.buttonTop\"\n\t\t>\n\t\t\t<svg xmlns=\"http:\/\/www.w3.org\/2000\/svg\" width=\"12\" height=\"12\" fill=\"none\" viewBox=\"0 0 12 12\">\n\t\t\t\t<path fill=\"#fff\" d=\"M2 0a2 2 0 0 0-2 2v2h1.5V2a.5.5 0 0 1 .5-.5h2V0H2Zm2 10.5H2a.5.5 0 0 1-.5-.5V8H0v2a2 2 0 0 0 2 2h2v-1.5ZM8 12v-1.5h2a.5.5 0 0 0 .5-.5V8H12v2a2 2 0 0 1-2 2H8Zm2-12a2 2 0 0 1 2 2v2h-1.5V2a.5.5 0 0 0-.5-.5H8V0h2Z\" \/>\n\t\t\t<\/svg>\n\t\t<\/button><figcaption class=\"wp-element-caption\">Fot\u00f3: Cheval Blanc \/ hivatalos weboldal<\/figcaption><\/figure>\n<\/figure>\n\n\n\n<p class=\"wp-block-paragraph\">A vil\u00e1gos szob\u00e1k t\u00f6bbs\u00e9ge k\u00f6zvetlen\u00fcl a Szajna foly\u00f3ra n\u00e9z, de <strong>a f\u0151 attrakci\u00f3k a nagyobb lakoszt\u00e1lyok t\u00e9li kertjei<\/strong>. Az \u00e9tel itt teljesen fenomen\u00e1lis, ak\u00e1r a h\u00edres mil\u00e1n\u00f3i tengeri Langosteria \u00e9ttermet v\u00e1lasztod, ak\u00e1r <strong>Arnaud Donckele s\u00e9f Pl\u00e9nitude \u00e9tterm\u00e9t<\/strong>, amely r\u00e1ad\u00e1sul h\u00e1rom Michelin-csillaggal b\u00fcszk\u00e9lkedhet. <strong>\ud83d\udca1 Tipp:<\/strong> \u00c9lvezd a teljes szabads\u00e1got a <strong>\u201ecarte blanche\u201d szolg\u00e1ltat\u00e1snak<\/strong> k\u00f6sz\u00f6nhet\u0151en, amely lehet\u0151v\u00e9 teszi, hogy a szob\u00e1dba abszol\u00fat b\u00e1rmit rendelj, a nap vagy az \u00e9jszaka b\u00e1rmely \u00f3r\u00e1j\u00e1ban. <em>(P\u00e1rizs, Franciaorsz\u00e1g \u2022 72 szoba \u2022 3000 USD-t\u00f3l \/ kb. 975 000 Ft)<\/em> <a href=\"https:\/\/www.stay22.com\/allez\/roam?aid=lukaskonecny&amp;campaign=loudavymkrokemcz&amp;campaign=nejluxusnejsi-hotely-sveta&amp;hotelname=Cheval%20Blanc%20Paris&amp;address=Pa%C5%99%C3%AD%C5%BE%2C%20Francie\" target=\"_blank\" rel=\"nofollow noopener sponsored\">\u00e1rak \u00e9s el\u00e9rhet\u0151s\u00e9g ellen\u0151rz\u00e9se<\/a><\/p>\n\n\n\n<figure data-wp-context=\"{&quot;imageId&quot;:&quot;6a953a9d9bad6&quot;}\" data-wp-interactive=\"core\/image\" data-wp-key=\"6a953a9d9bad6\" class=\"wp-block-image size-full wp-lightbox-container\"><img decoding=\"async\" width=\"480\" height=\"320\" data-wp-class--hide=\"state.isContentHidden\" data-wp-class--show=\"state.isContentVisible\" data-wp-init=\"callbacks.setButtonStyles\" data-wp-on--click=\"actions.showLightbox\" data-wp-on--load=\"callbacks.setButtonStyles\" data-wp-on--pointerdown=\"actions.preloadImage\" data-wp-on--pointerenter=\"actions.preloadImageWithDelay\" data-wp-on--pointerleave=\"actions.cancelPreload\" data-wp-on-window--resize=\"callbacks.setButtonStyles\" src=\"https:\/\/loudavymkrokem.cz\/wp-content\/uploads\/2026\/08\/bulgari-hotel-roma-na-piazza-augusto-imperator.jpg\" alt=\"Bulgari Hotel Roma a Piazza Augusto Imperator\u00e9n\" class=\"wp-image-404526\" title=\"\" srcset=\"https:\/\/loudavymkrokem.cz\/wp-content\/uploads\/2026\/08\/bulgari-hotel-roma-na-piazza-augusto-imperator.jpg 480w, https:\/\/loudavymkrokem.cz\/wp-content\/uploads\/2026\/08\/bulgari-hotel-roma-na-piazza-augusto-imperator-300x200.jpg 300w\" sizes=\"(max-width: 480px) 100vw, 480px\" \/><button\n\t\t\tclass=\"lightbox-trigger\"\n\t\t\ttype=\"button\"\n\t\t\taria-haspopup=\"dialog\"\n\t\t\tdata-wp-bind--aria-label=\"state.thisImage.triggerButtonAriaLabel\"\n\t\t\tdata-wp-init=\"callbacks.initTriggerButton\"\n\t\t\tdata-wp-on--click=\"actions.showLightbox\"\n\t\t\tdata-wp-style--right=\"state.thisImage.buttonRight\"\n\t\t\tdata-wp-style--top=\"state.thisImage.buttonTop\"\n\t\t>\n\t\t\t<svg xmlns=\"http:\/\/www.w3.org\/2000\/svg\" width=\"12\" height=\"12\" fill=\"none\" viewBox=\"0 0 12 12\">\n\t\t\t\t<path fill=\"#fff\" d=\"M2 0a2 2 0 0 0-2 2v2h1.5V2a.5.5 0 0 1 .5-.5h2V0H2Zm2 10.5H2a.5.5 0 0 1-.5-.5V8H0v2a2 2 0 0 0 2 2h2v-1.5ZM8 12v-1.5h2a.5.5 0 0 0 .5-.5V8H12v2a2 2 0 0 1-2 2H8Zm2-12a2 2 0 0 1 2 2v2h-1.5V2a.5.5 0 0 0-.5-.5H8V0h2Z\" \/>\n\t\t\t<\/svg>\n\t\t<\/button><figcaption class=\"wp-element-caption\">Fot\u00f3: Bvlgari Hotel Roma \/ Google Maps<\/figcaption><\/figure>\n\n\n\n<h3 class=\"wp-block-heading\"><span class=\"ez-toc-section\" id=\"22_Bulgari_Hotel_Roma\"><\/span>22. Bulgari Hotel Roma<span class=\"ez-toc-section-end\"><\/span><\/h3>\n\n\n\n<p class=\"wp-block-paragraph\">R\u00f3ma sz\u00edv\u00e9ben, k\u00f6zvetlen\u00fcl az Augustus-mauz\u00f3leummal szemben az \u00e9p\u00edt\u00e9szek \u00e9letet leheltek egy <strong>m\u00falt sz\u00e1zad harmincas \u00e9veib\u0151l sz\u00e1rmaz\u00f3 racionalista palot\u00e1ba<\/strong>. Mind a 106 szoba bels\u0151 tere k\u00e9zzel faragott m\u00e1rv\u00e1nymozaikokkal \u00e9s eredeti muran\u00f3i \u00fcveggel dolgozik, m\u00edg az el\u0151csarnokban Augustus cs\u00e1sz\u00e1r val\u00f3di m\u00e1rv\u00e1nyszobra tr\u00f3nol.<\/p>\n\n\n\n<p class=\"wp-block-paragraph\">A szob\u00e1k <strong>n\u00e9gy sz\u00ednes hangulatra<\/strong> oszlanak, a f\u00fcrd\u0151szob\u00e1kat pedig ritka m\u00e1rv\u00e1ny d\u00edsz\u00edti, amely a Bulgari m\u00e1rka \u00e9kszerk\u00e9sz\u00edt\u0151 t\u00f6rt\u00e9nelm\u00e9re utal. A kulin\u00e1ris \u00e9lm\u00e9nyr\u0151l az Il Ristorante \u00e9tterem gondoskodik Niko Romito vezet\u00e9s\u00e9vel, aki a klasszikus olasz recepteknek, mint a vitello tonnato, teljesen modern \u00e9s letisztult jelleget ad. <strong>\ud83d\udca1 Tipp:<\/strong> Hagyd ki a klasszikus reggelit, \u00e9s <strong>\u00e1llj meg a sz\u00e1lloda Il Caff\u00e8 hely\u00e9n<\/strong> egy hagyom\u00e1nyos maritozzira (k\u00f6nny\u0171, foszl\u00f3s, kr\u00e9mmel t\u00f6lt\u00f6tt zsemle). <em>(R\u00f3ma, Olaszorsz\u00e1g \u2022 106 szoba \u2022 1600 USD-t\u00f3l \/ kb. 520 000 Ft)<\/em> <a href=\"https:\/\/www.stay22.com\/allez\/roam?aid=lukaskonecny&amp;campaign=loudavymkrokemcz&amp;campaign=nejluxusnejsi-hotely-sveta&amp;hotelname=Bulgari%20Hotel%20Roma&amp;address=%C5%98%C3%ADm%2C%20It%C3%A1lie\" target=\"_blank\" rel=\"nofollow noopener sponsored\">\u00e1rak \u00e9s el\u00e9rhet\u0151s\u00e9g ellen\u0151rz\u00e9se<\/a><\/p>\n\n\n\n<figure data-wp-context=\"{&quot;imageId&quot;:&quot;6a953a9d9bfd6&quot;}\" data-wp-interactive=\"core\/image\" data-wp-key=\"6a953a9d9bfd6\" class=\"wp-block-image size-full wp-lightbox-container\"><img decoding=\"async\" width=\"1600\" height=\"902\" data-wp-class--hide=\"state.isContentHidden\" data-wp-class--show=\"state.isContentVisible\" data-wp-init=\"callbacks.setButtonStyles\" data-wp-on--click=\"actions.showLightbox\" data-wp-on--load=\"callbacks.setButtonStyles\" data-wp-on--pointerdown=\"actions.preloadImage\" data-wp-on--pointerenter=\"actions.preloadImageWithDelay\" data-wp-on--pointerleave=\"actions.cancelPreload\" data-wp-on-window--resize=\"callbacks.setButtonStyles\" src=\"https:\/\/loudavymkrokem.cz\/wp-content\/uploads\/2026\/08\/h-tel-de-crillon-na-place-de-la-concorde.png\" alt=\"H\u00f4tel de Crillon a Place de la Concorde-on\" class=\"wp-image-404531\" title=\"\" srcset=\"https:\/\/loudavymkrokem.cz\/wp-content\/uploads\/2026\/08\/h-tel-de-crillon-na-place-de-la-concorde.png 1600w, https:\/\/loudavymkrokem.cz\/wp-content\/uploads\/2026\/08\/h-tel-de-crillon-na-place-de-la-concorde-300x169.png 300w, https:\/\/loudavymkrokem.cz\/wp-content\/uploads\/2026\/08\/h-tel-de-crillon-na-place-de-la-concorde-700x395.png 700w, https:\/\/loudavymkrokem.cz\/wp-content\/uploads\/2026\/08\/h-tel-de-crillon-na-place-de-la-concorde-768x433.png 768w, https:\/\/loudavymkrokem.cz\/wp-content\/uploads\/2026\/08\/h-tel-de-crillon-na-place-de-la-concorde-1536x866.png 1536w, https:\/\/loudavymkrokem.cz\/wp-content\/uploads\/2026\/08\/h-tel-de-crillon-na-place-de-la-concorde-696x392.png 696w, https:\/\/loudavymkrokem.cz\/wp-content\/uploads\/2026\/08\/h-tel-de-crillon-na-place-de-la-concorde-1392x785.png 1392w\" sizes=\"(max-width: 1600px) 100vw, 1600px\" \/><button\n\t\t\tclass=\"lightbox-trigger\"\n\t\t\ttype=\"button\"\n\t\t\taria-haspopup=\"dialog\"\n\t\t\tdata-wp-bind--aria-label=\"state.thisImage.triggerButtonAriaLabel\"\n\t\t\tdata-wp-init=\"callbacks.initTriggerButton\"\n\t\t\tdata-wp-on--click=\"actions.showLightbox\"\n\t\t\tdata-wp-style--right=\"state.thisImage.buttonRight\"\n\t\t\tdata-wp-style--top=\"state.thisImage.buttonTop\"\n\t\t>\n\t\t\t<svg xmlns=\"http:\/\/www.w3.org\/2000\/svg\" width=\"12\" height=\"12\" fill=\"none\" viewBox=\"0 0 12 12\">\n\t\t\t\t<path fill=\"#fff\" d=\"M2 0a2 2 0 0 0-2 2v2h1.5V2a.5.5 0 0 1 .5-.5h2V0H2Zm2 10.5H2a.5.5 0 0 1-.5-.5V8H0v2a2 2 0 0 0 2 2h2v-1.5ZM8 12v-1.5h2a.5.5 0 0 0 .5-.5V8H12v2a2 2 0 0 1-2 2H8Zm2-12a2 2 0 0 1 2 2v2h-1.5V2a.5.5 0 0 0-.5-.5H8V0h2Z\" \/>\n\t\t\t<\/svg>\n\t\t<\/button><figcaption class=\"wp-element-caption\">Fot\u00f3: H\u00f4tel de Crillon, A Rosewood Hotel \/ Google Maps<\/figcaption><\/figure>\n\n\n\n<h3 class=\"wp-block-heading\"><span class=\"ez-toc-section\" id=\"23_Hotel_de_Crillon\"><\/span>23. H\u00f4tel de Crillon<span class=\"ez-toc-section-end\"><\/span><\/h3>\n\n\n\n<p class=\"wp-block-paragraph\">K\u00f6zvetlen\u00fcl a h\u00edres Place de la Concorde t\u00e9ren \u00e1ll egy 1758-as \u00e9p\u00fclet, amely <strong>eredetileg de Crillon gr\u00f3f mag\u00e1nrezidenci\u00e1ja<\/strong> volt, \u00e9s n\u00e9gy\u00e9ves fel\u00faj\u00edt\u00e1s ut\u00e1n a vil\u00e1g egyik legszebb sz\u00e1llod\u00e1j\u00e1v\u00e1 alakult. 124 szob\u00e1t rejt, amelyek mesterien k\u00f6tik \u00f6ssze a r\u00e9gis\u00e9geket a kort\u00e1rs m\u0171v\u00e9szettel \u00e9s a semleges f\u00f6ldsz\u00ednekkel.<\/p>\n\n\n\n<figure data-wp-context=\"{&quot;galleryId&quot;:&quot;6a953a9d9c279&quot;}\" data-wp-interactive=\"core\/gallery\" class=\"wp-block-gallery has-nested-images columns-2 is-cropped wp-block-gallery-is-layout-flex wp-block-gallery-8 is-layout-flex\">\n<figure data-wp-context=\"{&quot;imageId&quot;:&quot;6a953a9d9c5e4&quot;}\" data-wp-interactive=\"core\/image\" data-wp-key=\"6a953a9d9c5e4\" class=\"wp-block-image size-large wp-lightbox-container\"><img decoding=\"async\" width=\"1772\" height=\"1181\" data-wp-class--hide=\"state.isContentHidden\" data-wp-class--show=\"state.isContentVisible\" data-wp-init=\"callbacks.setButtonStyles\" data-wp-on--click=\"actions.showLightbox\" data-wp-on--load=\"callbacks.setButtonStyles\" data-wp-on--pointerdown=\"actions.preloadImage\" data-wp-on--pointerenter=\"actions.preloadImageWithDelay\" data-wp-on--pointerleave=\"actions.cancelPreload\" data-wp-on-window--resize=\"callbacks.setButtonStyles\" data-id=\"404863\" src=\"https:\/\/loudavymkrokem.cz\/wp-content\/uploads\/2026\/08\/h-tel-de-crillon-a-rosewood-hotel-1.jpg\" alt=\"H\u00f4tel de Crillon a Place de la Concorde-on\" class=\"wp-image-404863\" title=\"\" srcset=\"https:\/\/loudavymkrokem.cz\/wp-content\/uploads\/2026\/08\/h-tel-de-crillon-a-rosewood-hotel-1.jpg 1772w, https:\/\/loudavymkrokem.cz\/wp-content\/uploads\/2026\/08\/h-tel-de-crillon-a-rosewood-hotel-1-300x200.jpg 300w, https:\/\/loudavymkrokem.cz\/wp-content\/uploads\/2026\/08\/h-tel-de-crillon-a-rosewood-hotel-1-700x467.jpg 700w, https:\/\/loudavymkrokem.cz\/wp-content\/uploads\/2026\/08\/h-tel-de-crillon-a-rosewood-hotel-1-768x512.jpg 768w, https:\/\/loudavymkrokem.cz\/wp-content\/uploads\/2026\/08\/h-tel-de-crillon-a-rosewood-hotel-1-1536x1024.jpg 1536w, https:\/\/loudavymkrokem.cz\/wp-content\/uploads\/2026\/08\/h-tel-de-crillon-a-rosewood-hotel-1-696x464.jpg 696w, https:\/\/loudavymkrokem.cz\/wp-content\/uploads\/2026\/08\/h-tel-de-crillon-a-rosewood-hotel-1-1392x928.jpg 1392w\" sizes=\"(max-width: 1772px) 100vw, 1772px\" \/><button\n\t\t\tclass=\"lightbox-trigger\"\n\t\t\ttype=\"button\"\n\t\t\taria-haspopup=\"dialog\"\n\t\t\tdata-wp-bind--aria-label=\"state.thisImage.triggerButtonAriaLabel\"\n\t\t\tdata-wp-init=\"callbacks.initTriggerButton\"\n\t\t\tdata-wp-on--click=\"actions.showLightbox\"\n\t\t\tdata-wp-style--right=\"state.thisImage.buttonRight\"\n\t\t\tdata-wp-style--top=\"state.thisImage.buttonTop\"\n\t\t>\n\t\t\t<svg xmlns=\"http:\/\/www.w3.org\/2000\/svg\" width=\"12\" height=\"12\" fill=\"none\" viewBox=\"0 0 12 12\">\n\t\t\t\t<path fill=\"#fff\" d=\"M2 0a2 2 0 0 0-2 2v2h1.5V2a.5.5 0 0 1 .5-.5h2V0H2Zm2 10.5H2a.5.5 0 0 1-.5-.5V8H0v2a2 2 0 0 0 2 2h2v-1.5ZM8 12v-1.5h2a.5.5 0 0 0 .5-.5V8H12v2a2 2 0 0 1-2 2H8Zm2-12a2 2 0 0 1 2 2v2h-1.5V2a.5.5 0 0 0-.5-.5H8V0h2Z\" \/>\n\t\t\t<\/svg>\n\t\t<\/button><figcaption class=\"wp-element-caption\">Fot\u00f3: Rosewood Hotels \/ hivatalos weboldal<\/figcaption><\/figure>\n<\/figure>\n\n\n\n<p class=\"wp-block-paragraph\">Teljesen egyed\u00fcl\u00e1ll\u00f3 itt a <strong>tet\u0151teraszi Les Grands Appartements lakoszt\u00e1ly<\/strong>, amelyet a divatisten Karl Lagerfeld tervezett szem\u00e9lyesen, \u00e9s f\u00e9ny\u0171z\u0151 csill\u00e1rokkal, faragott ajt\u00f3kkal rendezett be. A pinc\u00e9ben pedig egy fotog\u00e9n, arany bord\u00e1zott csemp\u00e9vel burkolt medence b\u00fajik meg, az L&#8217;\u00c9crin \u00e9tterem pedig innovat\u00edv k\u00f3stol\u00f3kat k\u00edn\u00e1l cs\u00facskateg\u00f3ri\u00e1s borokkal p\u00e1ros\u00edtva. <strong>\ud83d\udca1 Tipp:<\/strong> Este mindenk\u00e9pp <strong>t\u00e9rj be a Les Ambassadeurs b\u00e1rba<\/strong>, ahol egy t\u00f6rt\u00e9nelmi festett mennyezet alatt \u00e9lvezheted P\u00e1rizs legmodernebb kokt\u00e9lkre\u00e1ci\u00f3it. <em>(P\u00e1rizs, Franciaorsz\u00e1g \u2022 124 szoba \u2022 3000 USD-t\u00f3l \/ kb. 975 000 Ft)<\/em> <a href=\"https:\/\/www.stay22.com\/allez\/roam?aid=lukaskonecny&amp;campaign=loudavymkrokemcz&amp;campaign=nejluxusnejsi-hotely-sveta&amp;hotelname=H%C3%B4tel%20de%20Crillon&amp;address=Pa%C5%99%C3%AD%C5%BE%2C%20Francie\" target=\"_blank\" rel=\"nofollow noopener sponsored\">\u00e1rak \u00e9s el\u00e9rhet\u0151s\u00e9g ellen\u0151rz\u00e9se<\/a><\/p>\n\n\n\n<figure data-wp-context=\"{&quot;imageId&quot;:&quot;6a953a9d9cc4f&quot;}\" data-wp-interactive=\"core\/image\" data-wp-key=\"6a953a9d9cc4f\" class=\"wp-block-image size-full wp-lightbox-container\"><img decoding=\"async\" width=\"1800\" height=\"1111\" data-wp-class--hide=\"state.isContentHidden\" data-wp-class--show=\"state.isContentVisible\" data-wp-init=\"callbacks.setButtonStyles\" data-wp-on--click=\"actions.showLightbox\" data-wp-on--load=\"callbacks.setButtonStyles\" data-wp-on--pointerdown=\"actions.preloadImage\" data-wp-on--pointerenter=\"actions.preloadImageWithDelay\" data-wp-on--pointerleave=\"actions.cancelPreload\" data-wp-on-window--resize=\"callbacks.setButtonStyles\" src=\"https:\/\/loudavymkrokem.cz\/wp-content\/uploads\/2026\/08\/aman-tokyo-1.jpg\" alt=\"Az Aman Tokyo lobbija jap\u00e1n mennyezettel\" class=\"wp-image-404855\" title=\"\" srcset=\"https:\/\/loudavymkrokem.cz\/wp-content\/uploads\/2026\/08\/aman-tokyo-1.jpg 1800w, https:\/\/loudavymkrokem.cz\/wp-content\/uploads\/2026\/08\/aman-tokyo-1-300x185.jpg 300w, https:\/\/loudavymkrokem.cz\/wp-content\/uploads\/2026\/08\/aman-tokyo-1-700x432.jpg 700w, https:\/\/loudavymkrokem.cz\/wp-content\/uploads\/2026\/08\/aman-tokyo-1-768x474.jpg 768w, https:\/\/loudavymkrokem.cz\/wp-content\/uploads\/2026\/08\/aman-tokyo-1-1536x948.jpg 1536w, https:\/\/loudavymkrokem.cz\/wp-content\/uploads\/2026\/08\/aman-tokyo-1-696x430.jpg 696w, https:\/\/loudavymkrokem.cz\/wp-content\/uploads\/2026\/08\/aman-tokyo-1-1392x859.jpg 1392w\" sizes=\"(max-width: 1800px) 100vw, 1800px\" \/><button\n\t\t\tclass=\"lightbox-trigger\"\n\t\t\ttype=\"button\"\n\t\t\taria-haspopup=\"dialog\"\n\t\t\tdata-wp-bind--aria-label=\"state.thisImage.triggerButtonAriaLabel\"\n\t\t\tdata-wp-init=\"callbacks.initTriggerButton\"\n\t\t\tdata-wp-on--click=\"actions.showLightbox\"\n\t\t\tdata-wp-style--right=\"state.thisImage.buttonRight\"\n\t\t\tdata-wp-style--top=\"state.thisImage.buttonTop\"\n\t\t>\n\t\t\t<svg xmlns=\"http:\/\/www.w3.org\/2000\/svg\" width=\"12\" height=\"12\" fill=\"none\" viewBox=\"0 0 12 12\">\n\t\t\t\t<path fill=\"#fff\" d=\"M2 0a2 2 0 0 0-2 2v2h1.5V2a.5.5 0 0 1 .5-.5h2V0H2Zm2 10.5H2a.5.5 0 0 1-.5-.5V8H0v2a2 2 0 0 0 2 2h2v-1.5ZM8 12v-1.5h2a.5.5 0 0 0 .5-.5V8H12v2a2 2 0 0 1-2 2H8Zm2-12a2 2 0 0 1 2 2v2h-1.5V2a.5.5 0 0 0-.5-.5H8V0h2Z\" \/>\n\t\t\t<\/svg>\n\t\t<\/button><figcaption class=\"wp-element-caption\">Fot\u00f3: Aman \/ hivatalos weboldal<\/figcaption><\/figure>\n\n\n\n<h3 class=\"wp-block-heading\"><span class=\"ez-toc-section\" id=\"25_Aman_Tokyo\"><\/span>25. Aman Tokyo<span class=\"ez-toc-section-end\"><\/span><\/h3>\n\n\n\n<p class=\"wp-block-paragraph\">Ez az \u00e9gi mened\u00e9k <strong>egy harmincnyolc emeletes felh\u0151karcol\u00f3 hat legfels\u0151 emelet\u00e9t<\/strong> foglalja el a toki\u00f3i Otemachi p\u00e9nz\u00fcgyi negyedben, \u00e9s t\u00f6k\u00e9letes kontrasztot k\u00e9pez az alatta zajl\u00f3 zajos metropolisszal. A 33. emeleten l\u00e9v\u0151 l\u00e9gies el\u0151csarnok a feh\u00e9r washi pap\u00edrb\u00f3l k\u00e9sz\u00fclt mennyezetnek \u00e9s a vir\u00e1gokkal d\u00edsz\u00edtett v\u00edzelemeknek k\u00f6sz\u00f6nhet\u0151en nyugodt zen-szent\u00e9lyre eml\u00e9keztet.<\/p>\n\n\n\n<figure data-wp-context=\"{&quot;galleryId&quot;:&quot;6a953a9d9cef1&quot;}\" data-wp-interactive=\"core\/gallery\" class=\"wp-block-gallery has-nested-images columns-2 is-cropped wp-block-gallery-is-layout-flex wp-block-gallery-9 is-layout-flex\">\n<figure data-wp-context=\"{&quot;imageId&quot;:&quot;6a953a9d9d296&quot;}\" data-wp-interactive=\"core\/image\" data-wp-key=\"6a953a9d9d296\" class=\"wp-block-image size-large wp-lightbox-container\"><img decoding=\"async\" width=\"1216\" height=\"1600\" data-wp-class--hide=\"state.isContentHidden\" data-wp-class--show=\"state.isContentVisible\" data-wp-init=\"callbacks.setButtonStyles\" data-wp-on--click=\"actions.showLightbox\" data-wp-on--load=\"callbacks.setButtonStyles\" data-wp-on--pointerdown=\"actions.preloadImage\" data-wp-on--pointerenter=\"actions.preloadImageWithDelay\" data-wp-on--pointerleave=\"actions.cancelPreload\" data-wp-on-window--resize=\"callbacks.setButtonStyles\" data-id=\"404857\" src=\"https:\/\/loudavymkrokem.cz\/wp-content\/uploads\/2026\/08\/aman-tokyo-2.jpg\" alt=\"Aman Tokyo szoba v\u00e1rosra n\u00e9z\u0151 kil\u00e1t\u00e1ssal\" class=\"wp-image-404857\" title=\"\" srcset=\"https:\/\/loudavymkrokem.cz\/wp-content\/uploads\/2026\/08\/aman-tokyo-2.jpg 1216w, https:\/\/loudavymkrokem.cz\/wp-content\/uploads\/2026\/08\/aman-tokyo-2-228x300.jpg 228w, https:\/\/loudavymkrokem.cz\/wp-content\/uploads\/2026\/08\/aman-tokyo-2-700x921.jpg 700w, https:\/\/loudavymkrokem.cz\/wp-content\/uploads\/2026\/08\/aman-tokyo-2-768x1011.jpg 768w, https:\/\/loudavymkrokem.cz\/wp-content\/uploads\/2026\/08\/aman-tokyo-2-1167x1536.jpg 1167w, https:\/\/loudavymkrokem.cz\/wp-content\/uploads\/2026\/08\/aman-tokyo-2-696x916.jpg 696w\" sizes=\"(max-width: 1216px) 100vw, 1216px\" \/><button\n\t\t\tclass=\"lightbox-trigger\"\n\t\t\ttype=\"button\"\n\t\t\taria-haspopup=\"dialog\"\n\t\t\tdata-wp-bind--aria-label=\"state.thisImage.triggerButtonAriaLabel\"\n\t\t\tdata-wp-init=\"callbacks.initTriggerButton\"\n\t\t\tdata-wp-on--click=\"actions.showLightbox\"\n\t\t\tdata-wp-style--right=\"state.thisImage.buttonRight\"\n\t\t\tdata-wp-style--top=\"state.thisImage.buttonTop\"\n\t\t>\n\t\t\t<svg xmlns=\"http:\/\/www.w3.org\/2000\/svg\" width=\"12\" height=\"12\" fill=\"none\" viewBox=\"0 0 12 12\">\n\t\t\t\t<path fill=\"#fff\" d=\"M2 0a2 2 0 0 0-2 2v2h1.5V2a.5.5 0 0 1 .5-.5h2V0H2Zm2 10.5H2a.5.5 0 0 1-.5-.5V8H0v2a2 2 0 0 0 2 2h2v-1.5ZM8 12v-1.5h2a.5.5 0 0 0 .5-.5V8H12v2a2 2 0 0 1-2 2H8Zm2-12a2 2 0 0 1 2 2v2h-1.5V2a.5.5 0 0 0-.5-.5H8V0h2Z\" \/>\n\t\t\t<\/svg>\n\t\t<\/button><figcaption class=\"wp-element-caption\">Fot\u00f3: Aman \/ hivatalos weboldal<\/figcaption><\/figure>\n\n\n\n<figure data-wp-context=\"{&quot;imageId&quot;:&quot;6a953a9d9d74a&quot;}\" data-wp-interactive=\"core\/image\" data-wp-key=\"6a953a9d9d74a\" class=\"wp-block-image size-large wp-lightbox-container\"><img decoding=\"async\" width=\"1800\" height=\"1111\" data-wp-class--hide=\"state.isContentHidden\" data-wp-class--show=\"state.isContentVisible\" data-wp-init=\"callbacks.setButtonStyles\" data-wp-on--click=\"actions.showLightbox\" data-wp-on--load=\"callbacks.setButtonStyles\" data-wp-on--pointerdown=\"actions.preloadImage\" data-wp-on--pointerenter=\"actions.preloadImageWithDelay\" data-wp-on--pointerleave=\"actions.cancelPreload\" data-wp-on-window--resize=\"callbacks.setButtonStyles\" data-id=\"404859\" src=\"https:\/\/loudavymkrokem.cz\/wp-content\/uploads\/2026\/08\/aman-tokyo-3.jpg\" alt=\"Spa az Aman Toky\u00f3ban\" class=\"wp-image-404859\" title=\"\" srcset=\"https:\/\/loudavymkrokem.cz\/wp-content\/uploads\/2026\/08\/aman-tokyo-3.jpg 1800w, https:\/\/loudavymkrokem.cz\/wp-content\/uploads\/2026\/08\/aman-tokyo-3-300x185.jpg 300w, https:\/\/loudavymkrokem.cz\/wp-content\/uploads\/2026\/08\/aman-tokyo-3-700x432.jpg 700w, https:\/\/loudavymkrokem.cz\/wp-content\/uploads\/2026\/08\/aman-tokyo-3-768x474.jpg 768w, https:\/\/loudavymkrokem.cz\/wp-content\/uploads\/2026\/08\/aman-tokyo-3-1536x948.jpg 1536w, https:\/\/loudavymkrokem.cz\/wp-content\/uploads\/2026\/08\/aman-tokyo-3-696x430.jpg 696w, https:\/\/loudavymkrokem.cz\/wp-content\/uploads\/2026\/08\/aman-tokyo-3-1392x859.jpg 1392w\" sizes=\"(max-width: 1800px) 100vw, 1800px\" \/><button\n\t\t\tclass=\"lightbox-trigger\"\n\t\t\ttype=\"button\"\n\t\t\taria-haspopup=\"dialog\"\n\t\t\tdata-wp-bind--aria-label=\"state.thisImage.triggerButtonAriaLabel\"\n\t\t\tdata-wp-init=\"callbacks.initTriggerButton\"\n\t\t\tdata-wp-on--click=\"actions.showLightbox\"\n\t\t\tdata-wp-style--right=\"state.thisImage.buttonRight\"\n\t\t\tdata-wp-style--top=\"state.thisImage.buttonTop\"\n\t\t>\n\t\t\t<svg xmlns=\"http:\/\/www.w3.org\/2000\/svg\" width=\"12\" height=\"12\" fill=\"none\" viewBox=\"0 0 12 12\">\n\t\t\t\t<path fill=\"#fff\" d=\"M2 0a2 2 0 0 0-2 2v2h1.5V2a.5.5 0 0 1 .5-.5h2V0H2Zm2 10.5H2a.5.5 0 0 1-.5-.5V8H0v2a2 2 0 0 0 2 2h2v-1.5ZM8 12v-1.5h2a.5.5 0 0 0 .5-.5V8H12v2a2 2 0 0 1-2 2H8Zm2-12a2 2 0 0 1 2 2v2h-1.5V2a.5.5 0 0 0-.5-.5H8V0h2Z\" \/>\n\t\t\t<\/svg>\n\t\t<\/button><figcaption class=\"wp-element-caption\">Fot\u00f3: Aman \/ hivatalos weboldal<\/figcaption><\/figure>\n\n\n\n<figure data-wp-context=\"{&quot;imageId&quot;:&quot;6a953a9d9dc4f&quot;}\" data-wp-interactive=\"core\/image\" data-wp-key=\"6a953a9d9dc4f\" class=\"wp-block-image size-large wp-lightbox-container\"><img decoding=\"async\" width=\"1368\" height=\"1800\" data-wp-class--hide=\"state.isContentHidden\" data-wp-class--show=\"state.isContentVisible\" data-wp-init=\"callbacks.setButtonStyles\" data-wp-on--click=\"actions.showLightbox\" data-wp-on--load=\"callbacks.setButtonStyles\" data-wp-on--pointerdown=\"actions.preloadImage\" data-wp-on--pointerenter=\"actions.preloadImageWithDelay\" data-wp-on--pointerleave=\"actions.cancelPreload\" data-wp-on-window--resize=\"callbacks.setButtonStyles\" data-id=\"404862\" src=\"https:\/\/loudavymkrokem.cz\/wp-content\/uploads\/2026\/08\/aman-tokyo-4.jpg\" alt=\"Az Aman Tokyo lobbija jap\u00e1n mennyezettel\" class=\"wp-image-404862\" title=\"\" srcset=\"https:\/\/loudavymkrokem.cz\/wp-content\/uploads\/2026\/08\/aman-tokyo-4.jpg 1368w, https:\/\/loudavymkrokem.cz\/wp-content\/uploads\/2026\/08\/aman-tokyo-4-228x300.jpg 228w, https:\/\/loudavymkrokem.cz\/wp-content\/uploads\/2026\/08\/aman-tokyo-4-700x921.jpg 700w, https:\/\/loudavymkrokem.cz\/wp-content\/uploads\/2026\/08\/aman-tokyo-4-768x1011.jpg 768w, https:\/\/loudavymkrokem.cz\/wp-content\/uploads\/2026\/08\/aman-tokyo-4-1167x1536.jpg 1167w, https:\/\/loudavymkrokem.cz\/wp-content\/uploads\/2026\/08\/aman-tokyo-4-696x916.jpg 696w\" sizes=\"(max-width: 1368px) 100vw, 1368px\" \/><button\n\t\t\tclass=\"lightbox-trigger\"\n\t\t\ttype=\"button\"\n\t\t\taria-haspopup=\"dialog\"\n\t\t\tdata-wp-bind--aria-label=\"state.thisImage.triggerButtonAriaLabel\"\n\t\t\tdata-wp-init=\"callbacks.initTriggerButton\"\n\t\t\tdata-wp-on--click=\"actions.showLightbox\"\n\t\t\tdata-wp-style--right=\"state.thisImage.buttonRight\"\n\t\t\tdata-wp-style--top=\"state.thisImage.buttonTop\"\n\t\t>\n\t\t\t<svg xmlns=\"http:\/\/www.w3.org\/2000\/svg\" width=\"12\" height=\"12\" fill=\"none\" viewBox=\"0 0 12 12\">\n\t\t\t\t<path fill=\"#fff\" d=\"M2 0a2 2 0 0 0-2 2v2h1.5V2a.5.5 0 0 1 .5-.5h2V0H2Zm2 10.5H2a.5.5 0 0 1-.5-.5V8H0v2a2 2 0 0 0 2 2h2v-1.5ZM8 12v-1.5h2a.5.5 0 0 0 .5-.5V8H12v2a2 2 0 0 1-2 2H8Zm2-12a2 2 0 0 1 2 2v2h-1.5V2a.5.5 0 0 0-.5-.5H8V0h2Z\" \/>\n\t\t\t<\/svg>\n\t\t<\/button><figcaption class=\"wp-element-caption\">Fot\u00f3: Aman \/ hivatalos weboldal<\/figcaption><\/figure>\n<\/figure>\n\n\n\n<p class=\"wp-block-paragraph\">A 84 szoba mindegyike az \u00f3ri\u00e1si ablakoknak \u00e9s az \u00e1tgondolt elrendez\u00e9snek k\u00f6sz\u00f6nhet\u0151en ink\u00e1bb hat <strong>luxus mag\u00e1nrezidenci\u00e1nak<\/strong>, mint klasszikus sz\u00e1llod\u00e1nak. A k\u00e9t emeleten elter\u00fcl\u0151 f\u00fcrd\u0151 a jap\u00e1n gy\u00f3gy\u00edt\u00f3 hagyom\u00e1nyokra \u00e9p\u00edt, bele\u00e9rtve a sintoizmus tiszt\u00edt\u00f3 ritu\u00e1l\u00e9it, \u00e9s egy leny\u0171g\u00f6z\u0151 harmincm\u00e9teres medence is rendelkez\u00e9sre \u00e1ll. <strong>\ud83d\udca1 Tipp:<\/strong> Mindenk\u00e9pp sz\u00e1nj id\u0151t egy <strong>f\u00fcrd\u0151z\u00e9sre a m\u00e9ly k\u0151k\u00e1dban<\/strong>, amely k\u00f6zvetlen\u00fcl az ablakn\u00e1l helyezkedik el, \u00e9s megism\u00e9telhetetlen kil\u00e1t\u00e1st k\u00edn\u00e1l az \u00e9jszakai Toki\u00f3ra. <em>(Toki\u00f3, Jap\u00e1n \u2022 84 szoba \u2022 1800 USD-t\u00f3l \/ kb. 585 000 Ft)<\/em> <a href=\"https:\/\/www.stay22.com\/allez\/roam?aid=lukaskonecny&amp;campaign=loudavymkrokemcz&amp;campaign=nejluxusnejsi-hotely-sveta&amp;hotelname=Aman%20Tokyo&amp;address=Tokio%2C%20Japonsko\" target=\"_blank\" rel=\"nofollow noopener sponsored\">\u00e1rak \u00e9s el\u00e9rhet\u0151s\u00e9g ellen\u0151rz\u00e9se<\/a><\/p>\n\n\n\n<figure data-wp-context=\"{&quot;imageId&quot;:&quot;6a953a9d9e336&quot;}\" data-wp-interactive=\"core\/image\" data-wp-key=\"6a953a9d9e336\" class=\"wp-block-image size-full wp-lightbox-container\"><img decoding=\"async\" width=\"1200\" height=\"630\" data-wp-class--hide=\"state.isContentHidden\" data-wp-class--show=\"state.isContentVisible\" data-wp-init=\"callbacks.setButtonStyles\" data-wp-on--click=\"actions.showLightbox\" data-wp-on--load=\"callbacks.setButtonStyles\" data-wp-on--pointerdown=\"actions.preloadImage\" data-wp-on--pointerenter=\"actions.preloadImageWithDelay\" data-wp-on--pointerleave=\"actions.cancelPreload\" data-wp-on-window--resize=\"callbacks.setButtonStyles\" src=\"https:\/\/loudavymkrokem.cz\/wp-content\/uploads\/2026\/08\/hotel-il-pellicano-1.jpg\" alt=\"Hotel Il Pellicano a toszk\u00e1n tengerpart felett\" class=\"wp-image-404851\" title=\"\" srcset=\"https:\/\/loudavymkrokem.cz\/wp-content\/uploads\/2026\/08\/hotel-il-pellicano-1.jpg 1200w, https:\/\/loudavymkrokem.cz\/wp-content\/uploads\/2026\/08\/hotel-il-pellicano-1-300x158.jpg 300w, https:\/\/loudavymkrokem.cz\/wp-content\/uploads\/2026\/08\/hotel-il-pellicano-1-700x368.jpg 700w, https:\/\/loudavymkrokem.cz\/wp-content\/uploads\/2026\/08\/hotel-il-pellicano-1-768x403.jpg 768w, https:\/\/loudavymkrokem.cz\/wp-content\/uploads\/2026\/08\/hotel-il-pellicano-1-696x365.jpg 696w\" sizes=\"(max-width: 1200px) 100vw, 1200px\" \/><button\n\t\t\tclass=\"lightbox-trigger\"\n\t\t\ttype=\"button\"\n\t\t\taria-haspopup=\"dialog\"\n\t\t\tdata-wp-bind--aria-label=\"state.thisImage.triggerButtonAriaLabel\"\n\t\t\tdata-wp-init=\"callbacks.initTriggerButton\"\n\t\t\tdata-wp-on--click=\"actions.showLightbox\"\n\t\t\tdata-wp-style--right=\"state.thisImage.buttonRight\"\n\t\t\tdata-wp-style--top=\"state.thisImage.buttonTop\"\n\t\t>\n\t\t\t<svg xmlns=\"http:\/\/www.w3.org\/2000\/svg\" width=\"12\" height=\"12\" fill=\"none\" viewBox=\"0 0 12 12\">\n\t\t\t\t<path fill=\"#fff\" d=\"M2 0a2 2 0 0 0-2 2v2h1.5V2a.5.5 0 0 1 .5-.5h2V0H2Zm2 10.5H2a.5.5 0 0 1-.5-.5V8H0v2a2 2 0 0 0 2 2h2v-1.5ZM8 12v-1.5h2a.5.5 0 0 0 .5-.5V8H12v2a2 2 0 0 1-2 2H8Zm2-12a2 2 0 0 1 2 2v2h-1.5V2a.5.5 0 0 0-.5-.5H8V0h2Z\" \/>\n\t\t\t<\/svg>\n\t\t<\/button><figcaption class=\"wp-element-caption\">Fot\u00f3: Pellicano Hotels \/ hivatalos weboldal<\/figcaption><\/figure>\n\n\n\n<h3 class=\"wp-block-heading\"><span class=\"ez-toc-section\" id=\"26_Hotel_Il_Pellicano\"><\/span>26. Hotel Il Pellicano<span class=\"ez-toc-section-end\"><\/span><\/h3>\n\n\n\n<p class=\"wp-block-paragraph\">Ez a toszk\u00e1n \u00e9kszer a Monte Argentario szikl\u00e1in 1965-ben sz\u00fcletett <strong>egy brit pil\u00f3ta \u00e9s egy amerikai el\u0151kel\u0151s\u00e9g szerelm\u00e9b\u0151l<\/strong>, eredetileg mag\u00e1nklubk\u00e9nt. Ma, a l\u00e1tnok Marie-Louise Sci\u00f2 vezet\u00e9se alatt 47 gy\u00f6ny\u00f6r\u0171 szoba v\u00e1rja a vend\u00e9geket, amelyek terrakotta vill\u00e1kban sz\u00f3rtan helyezkednek el olajf\u00e1k \u00e9s vir\u00e1gz\u00f3 bougainville\u00e1k k\u00f6z\u00f6tt.<\/p>\n\n\n\n<figure data-wp-context=\"{&quot;galleryId&quot;:&quot;6a953a9d9e5e2&quot;}\" data-wp-interactive=\"core\/gallery\" class=\"wp-block-gallery has-nested-images columns-2 is-cropped wp-block-gallery-is-layout-flex wp-block-gallery-10 is-layout-flex\">\n<figure data-wp-context=\"{&quot;imageId&quot;:&quot;6a953a9d9e961&quot;}\" data-wp-interactive=\"core\/image\" data-wp-key=\"6a953a9d9e961\" class=\"wp-block-image size-large wp-lightbox-container\"><img decoding=\"async\" width=\"1534\" height=\"802\" data-wp-class--hide=\"state.isContentHidden\" data-wp-class--show=\"state.isContentVisible\" data-wp-init=\"callbacks.setButtonStyles\" data-wp-on--click=\"actions.showLightbox\" data-wp-on--load=\"callbacks.setButtonStyles\" data-wp-on--pointerdown=\"actions.preloadImage\" data-wp-on--pointerenter=\"actions.preloadImageWithDelay\" data-wp-on--pointerleave=\"actions.cancelPreload\" data-wp-on-window--resize=\"callbacks.setButtonStyles\" data-id=\"404853\" src=\"https:\/\/loudavymkrokem.cz\/wp-content\/uploads\/2026\/08\/hotel-il-pellicano-3.jpg\" alt=\"Az Il Pellicano medenc\u00e9je a tenger felett\" class=\"wp-image-404853\" title=\"\" srcset=\"https:\/\/loudavymkrokem.cz\/wp-content\/uploads\/2026\/08\/hotel-il-pellicano-3.jpg 1534w, https:\/\/loudavymkrokem.cz\/wp-content\/uploads\/2026\/08\/hotel-il-pellicano-3-300x157.jpg 300w, https:\/\/loudavymkrokem.cz\/wp-content\/uploads\/2026\/08\/hotel-il-pellicano-3-700x366.jpg 700w, https:\/\/loudavymkrokem.cz\/wp-content\/uploads\/2026\/08\/hotel-il-pellicano-3-768x402.jpg 768w, https:\/\/loudavymkrokem.cz\/wp-content\/uploads\/2026\/08\/hotel-il-pellicano-3-696x364.jpg 696w, https:\/\/loudavymkrokem.cz\/wp-content\/uploads\/2026\/08\/hotel-il-pellicano-3-1392x728.jpg 1392w\" sizes=\"(max-width: 1534px) 100vw, 1534px\" \/><button\n\t\t\tclass=\"lightbox-trigger\"\n\t\t\ttype=\"button\"\n\t\t\taria-haspopup=\"dialog\"\n\t\t\tdata-wp-bind--aria-label=\"state.thisImage.triggerButtonAriaLabel\"\n\t\t\tdata-wp-init=\"callbacks.initTriggerButton\"\n\t\t\tdata-wp-on--click=\"actions.showLightbox\"\n\t\t\tdata-wp-style--right=\"state.thisImage.buttonRight\"\n\t\t\tdata-wp-style--top=\"state.thisImage.buttonTop\"\n\t\t>\n\t\t\t<svg xmlns=\"http:\/\/www.w3.org\/2000\/svg\" width=\"12\" height=\"12\" fill=\"none\" viewBox=\"0 0 12 12\">\n\t\t\t\t<path fill=\"#fff\" d=\"M2 0a2 2 0 0 0-2 2v2h1.5V2a.5.5 0 0 1 .5-.5h2V0H2Zm2 10.5H2a.5.5 0 0 1-.5-.5V8H0v2a2 2 0 0 0 2 2h2v-1.5ZM8 12v-1.5h2a.5.5 0 0 0 .5-.5V8H12v2a2 2 0 0 1-2 2H8Zm2-12a2 2 0 0 1 2 2v2h-1.5V2a.5.5 0 0 0-.5-.5H8V0h2Z\" \/>\n\t\t\t<\/svg>\n\t\t<\/button><figcaption class=\"wp-element-caption\">Fot\u00f3: Pellicano Hotels \/ hivatalos weboldal<\/figcaption><\/figure>\n<\/figure>\n\n\n\n<p class=\"wp-block-paragraph\">A hely var\u00e1zsa az olasz \u201edolce vita\u201d t\u00f6k\u00e9letes meg\u0151rz\u00e9s\u00e9ben rejlik, amikor a f\u0171t\u00f6tt tengervizes medence mellett <strong>t\u00f6rt\u00e9nelmileg olyan szem\u00e9lyis\u00e9gek v\u00e1ltott\u00e1k egym\u00e1st, mint Charlie Chaplin<\/strong> vagy az Agnelli csal\u00e1d. A helyi alapanyagokb\u00f3l k\u00e9sz\u00fclt \u00e9teleket a Ristorante Il Pellicano szolg\u00e1lja fel, m\u00edg a jellegzetes s\u00e1rga-feh\u00e9r cs\u00edkos strandklub ide\u00e1lis hely egy d\u00e9lut\u00e1ni aperitifhez. <strong>\ud83d\udca1 Tipp:<\/strong> Ha az eg\u00e9sz \u00e9jszak\u00e1s tart\u00f3zkod\u00e1s t\u00fal dr\u00e1ga sz\u00e1modra, <strong>a birtokra a legolcs\u00f3bb bel\u00e9p\u0151 egy eb\u00e9dfoglal\u00e1s<\/strong>, amely alatt ugyanazt a hangulatot sz\u00edvhatod magadba. <em>(Porto Ercole, Toszk\u00e1na, Olaszorsz\u00e1g \u2022 47 szoba \u2022 1000 USD-t\u00f3l \/ kb. 325 000 Ft)<\/em> <a href=\"https:\/\/www.stay22.com\/allez\/roam?aid=lukaskonecny&amp;campaign=loudavymkrokemcz&amp;campaign=nejluxusnejsi-hotely-sveta&amp;hotelname=Hotel%20Il%20Pellicano&amp;address=Porto%20Ercole%2C%20It%C3%A1lie\" target=\"_blank\" rel=\"nofollow noopener sponsored\">\u00e1rak \u00e9s el\u00e9rhet\u0151s\u00e9g ellen\u0151rz\u00e9se<\/a><\/p>\n\n\n\n<figure data-wp-context=\"{&quot;imageId&quot;:&quot;6a953a9d9f0ca&quot;}\" data-wp-interactive=\"core\/image\" data-wp-key=\"6a953a9d9f0ca\" class=\"wp-block-image size-full wp-lightbox-container\"><img decoding=\"async\" width=\"1600\" height=\"900\" data-wp-class--hide=\"state.isContentHidden\" data-wp-class--show=\"state.isContentVisible\" data-wp-init=\"callbacks.setButtonStyles\" data-wp-on--click=\"actions.showLightbox\" data-wp-on--load=\"callbacks.setButtonStyles\" data-wp-on--pointerdown=\"actions.preloadImage\" data-wp-on--pointerenter=\"actions.preloadImageWithDelay\" data-wp-on--pointerleave=\"actions.cancelPreload\" data-wp-on-window--resize=\"callbacks.setButtonStyles\" src=\"https:\/\/loudavymkrokem.cz\/wp-content\/uploads\/2026\/08\/the-soneva-fushi-1.jpg\" alt=\"A Soneva Fushi rezort vill\u00e1i a Mald\u00edv-szigeteken\" class=\"wp-image-404847\" title=\"\" srcset=\"https:\/\/loudavymkrokem.cz\/wp-content\/uploads\/2026\/08\/the-soneva-fushi-1.jpg 1600w, https:\/\/loudavymkrokem.cz\/wp-content\/uploads\/2026\/08\/the-soneva-fushi-1-300x169.jpg 300w, https:\/\/loudavymkrokem.cz\/wp-content\/uploads\/2026\/08\/the-soneva-fushi-1-700x394.jpg 700w, https:\/\/loudavymkrokem.cz\/wp-content\/uploads\/2026\/08\/the-soneva-fushi-1-768x432.jpg 768w, https:\/\/loudavymkrokem.cz\/wp-content\/uploads\/2026\/08\/the-soneva-fushi-1-1536x864.jpg 1536w, https:\/\/loudavymkrokem.cz\/wp-content\/uploads\/2026\/08\/the-soneva-fushi-1-696x392.jpg 696w, https:\/\/loudavymkrokem.cz\/wp-content\/uploads\/2026\/08\/the-soneva-fushi-1-1392x783.jpg 1392w\" sizes=\"(max-width: 1600px) 100vw, 1600px\" \/><button\n\t\t\tclass=\"lightbox-trigger\"\n\t\t\ttype=\"button\"\n\t\t\taria-haspopup=\"dialog\"\n\t\t\tdata-wp-bind--aria-label=\"state.thisImage.triggerButtonAriaLabel\"\n\t\t\tdata-wp-init=\"callbacks.initTriggerButton\"\n\t\t\tdata-wp-on--click=\"actions.showLightbox\"\n\t\t\tdata-wp-style--right=\"state.thisImage.buttonRight\"\n\t\t\tdata-wp-style--top=\"state.thisImage.buttonTop\"\n\t\t>\n\t\t\t<svg xmlns=\"http:\/\/www.w3.org\/2000\/svg\" width=\"12\" height=\"12\" fill=\"none\" viewBox=\"0 0 12 12\">\n\t\t\t\t<path fill=\"#fff\" d=\"M2 0a2 2 0 0 0-2 2v2h1.5V2a.5.5 0 0 1 .5-.5h2V0H2Zm2 10.5H2a.5.5 0 0 1-.5-.5V8H0v2a2 2 0 0 0 2 2h2v-1.5ZM8 12v-1.5h2a.5.5 0 0 0 .5-.5V8H12v2a2 2 0 0 1-2 2H8Zm2-12a2 2 0 0 1 2 2v2h-1.5V2a.5.5 0 0 0-.5-.5H8V0h2Z\" \/>\n\t\t\t<\/svg>\n\t\t<\/button><figcaption class=\"wp-element-caption\">Fot\u00f3: Soneva \/ hivatalos weboldal<\/figcaption><\/figure>\n\n\n\n<h3 class=\"wp-block-heading\"><span class=\"ez-toc-section\" id=\"28_Soneva_Fushi\"><\/span>28. Soneva Fushi<span class=\"ez-toc-section-end\"><\/span><\/h3>\n\n\n\n<p class=\"wp-block-paragraph\">Egy f\u00e9lrees\u0151 mald\u00edv-szigeteki atollon egyetlen szab\u00e1ly \u00e9rv\u00e9nyes: <strong>semmi h\u00edr, semmi cip\u0151<\/strong>. Amint kisz\u00e1llsz a hidropl\u00e1nb\u00f3l, a szem\u00e9lyzet elveszi a l\u00e1bbelidet, te pedig mind a 72 s\u0171r\u0171 dzsungelben sz\u00e9tsz\u00f3rt vill\u00e1hoz csak mez\u00edtl\u00e1b vagy a kiosztott biciklin k\u00f6zlekedsz. Minden vill\u00e1hoz tartozik egy szem\u00e9lyi asszisztens, az \u00fagynevezett Barefoot Guardian, aki napi 24 \u00f3r\u00e1ban rendelkez\u00e9sre \u00e1ll.<\/p>\n\n\n\n<figure data-wp-context=\"{&quot;galleryId&quot;:&quot;6a953a9d9f377&quot;}\" data-wp-interactive=\"core\/gallery\" class=\"wp-block-gallery has-nested-images columns-2 is-cropped wp-block-gallery-is-layout-flex wp-block-gallery-11 is-layout-flex\">\n<figure data-wp-context=\"{&quot;imageId&quot;:&quot;6a953a9d9f696&quot;}\" data-wp-interactive=\"core\/image\" data-wp-key=\"6a953a9d9f696\" class=\"wp-block-image size-large wp-lightbox-container\"><img decoding=\"async\" width=\"1600\" height=\"900\" data-wp-class--hide=\"state.isContentHidden\" data-wp-class--show=\"state.isContentVisible\" data-wp-init=\"callbacks.setButtonStyles\" data-wp-on--click=\"actions.showLightbox\" data-wp-on--load=\"callbacks.setButtonStyles\" data-wp-on--pointerdown=\"actions.preloadImage\" data-wp-on--pointerenter=\"actions.preloadImageWithDelay\" data-wp-on--pointerleave=\"actions.cancelPreload\" data-wp-on-window--resize=\"callbacks.setButtonStyles\" data-id=\"404850\" src=\"https:\/\/loudavymkrokem.cz\/wp-content\/uploads\/2026\/08\/the-soneva-fushi-4.jpg\" alt=\"Szabadt\u00e9ri f\u00fcrd\u0151szoba a Soneva Fushiban\" class=\"wp-image-404850\" title=\"\" srcset=\"https:\/\/loudavymkrokem.cz\/wp-content\/uploads\/2026\/08\/the-soneva-fushi-4.jpg 1600w, https:\/\/loudavymkrokem.cz\/wp-content\/uploads\/2026\/08\/the-soneva-fushi-4-300x169.jpg 300w, https:\/\/loudavymkrokem.cz\/wp-content\/uploads\/2026\/08\/the-soneva-fushi-4-700x394.jpg 700w, https:\/\/loudavymkrokem.cz\/wp-content\/uploads\/2026\/08\/the-soneva-fushi-4-768x432.jpg 768w, https:\/\/loudavymkrokem.cz\/wp-content\/uploads\/2026\/08\/the-soneva-fushi-4-1536x864.jpg 1536w, https:\/\/loudavymkrokem.cz\/wp-content\/uploads\/2026\/08\/the-soneva-fushi-4-696x392.jpg 696w, https:\/\/loudavymkrokem.cz\/wp-content\/uploads\/2026\/08\/the-soneva-fushi-4-1392x783.jpg 1392w\" sizes=\"(max-width: 1600px) 100vw, 1600px\" \/><button\n\t\t\tclass=\"lightbox-trigger\"\n\t\t\ttype=\"button\"\n\t\t\taria-haspopup=\"dialog\"\n\t\t\tdata-wp-bind--aria-label=\"state.thisImage.triggerButtonAriaLabel\"\n\t\t\tdata-wp-init=\"callbacks.initTriggerButton\"\n\t\t\tdata-wp-on--click=\"actions.showLightbox\"\n\t\t\tdata-wp-style--right=\"state.thisImage.buttonRight\"\n\t\t\tdata-wp-style--top=\"state.thisImage.buttonTop\"\n\t\t>\n\t\t\t<svg xmlns=\"http:\/\/www.w3.org\/2000\/svg\" width=\"12\" height=\"12\" fill=\"none\" viewBox=\"0 0 12 12\">\n\t\t\t\t<path fill=\"#fff\" d=\"M2 0a2 2 0 0 0-2 2v2h1.5V2a.5.5 0 0 1 .5-.5h2V0H2Zm2 10.5H2a.5.5 0 0 1-.5-.5V8H0v2a2 2 0 0 0 2 2h2v-1.5ZM8 12v-1.5h2a.5.5 0 0 0 .5-.5V8H12v2a2 2 0 0 1-2 2H8Zm2-12a2 2 0 0 1 2 2v2h-1.5V2a.5.5 0 0 0-.5-.5H8V0h2Z\" \/>\n\t\t\t<\/svg>\n\t\t<\/button><figcaption class=\"wp-element-caption\">Fot\u00f3: Soneva \/ hivatalos weboldal<\/figcaption><\/figure>\n<\/figure>\n\n\n\n<p class=\"wp-block-paragraph\">Ez a rezort <strong>tette n\u00e9pszer\u0171v\u00e9 a szabad \u00e9g alatti f\u00fcrd\u0151szob\u00e1k koncepci\u00f3j\u00e1t<\/strong>, ahol k\u00f6vek \u00e9s f\u00e1k k\u00f6z\u00f6tt zuhanyzol, a vill\u00e1k pedig tolhat\u00f3 tet\u0151t k\u00edn\u00e1lnak a csillagok alatti alv\u00e1shoz. A rezort r\u00e1ad\u00e1sul saj\u00e1t gy\u00fcm\u00f6lcs\u00f6t, f\u0171szern\u00f6v\u00e9nyeket \u00e9s z\u00f6lds\u00e9get termeszt \u00f3ri\u00e1si biokertekben, \u00edgy az itteni \u00e9ttermek teljesen friss, gyakran h\u00fasmentes \u00e9teleket szolg\u00e1lnak fel. <strong>\ud83d\udca1 Tipp:<\/strong> Ha szereted az \u00e1zsiai gasztron\u00f3mi\u00e1t, <strong>foglalj helyet a So Hands Onn\u00e1l<\/strong>, amely egy exkluz\u00edv sushipult mind\u00f6ssze hat vend\u00e9g sz\u00e1m\u00e1ra. <em>(Mald\u00edv-szigetek \u2022 72 szoba \u2022 2800 USD-t\u00f3l \/ kb. 910 000 Ft)<\/em> <a href=\"https:\/\/www.stay22.com\/allez\/roam?aid=lukaskonecny&amp;campaign=loudavymkrokemcz&amp;campaign=nejluxusnejsi-hotely-sveta&amp;hotelname=Soneva%20Fushi&amp;address=Maledivy\" target=\"_blank\" rel=\"nofollow noopener sponsored\">\u00e1rak \u00e9s el\u00e9rhet\u0151s\u00e9g ellen\u0151rz\u00e9se<\/a><\/p>\n\n\n\n<figure data-wp-context=\"{&quot;imageId&quot;:&quot;6a953a9d9fcfd&quot;}\" data-wp-interactive=\"core\/image\" data-wp-key=\"6a953a9d9fcfd\" class=\"wp-block-image size-full wp-lightbox-container\"><img decoding=\"async\" width=\"1500\" height=\"2000\" data-wp-class--hide=\"state.isContentHidden\" data-wp-class--show=\"state.isContentVisible\" data-wp-init=\"callbacks.setButtonStyles\" data-wp-on--click=\"actions.showLightbox\" data-wp-on--load=\"callbacks.setButtonStyles\" data-wp-on--pointerdown=\"actions.preloadImage\" data-wp-on--pointerenter=\"actions.preloadImageWithDelay\" data-wp-on--pointerleave=\"actions.cancelPreload\" data-wp-on-window--resize=\"callbacks.setButtonStyles\" src=\"https:\/\/loudavymkrokem.cz\/wp-content\/uploads\/2026\/08\/the-connaught-1.jpg\" alt=\"The Connaught a londoni Mayfairben\" class=\"wp-image-404844\" title=\"\" srcset=\"https:\/\/loudavymkrokem.cz\/wp-content\/uploads\/2026\/08\/the-connaught-1.jpg 1500w, https:\/\/loudavymkrokem.cz\/wp-content\/uploads\/2026\/08\/the-connaught-1-225x300.jpg 225w, https:\/\/loudavymkrokem.cz\/wp-content\/uploads\/2026\/08\/the-connaught-1-700x933.jpg 700w, https:\/\/loudavymkrokem.cz\/wp-content\/uploads\/2026\/08\/the-connaught-1-768x1024.jpg 768w, https:\/\/loudavymkrokem.cz\/wp-content\/uploads\/2026\/08\/the-connaught-1-1152x1536.jpg 1152w, https:\/\/loudavymkrokem.cz\/wp-content\/uploads\/2026\/08\/the-connaught-1-696x928.jpg 696w, https:\/\/loudavymkrokem.cz\/wp-content\/uploads\/2026\/08\/the-connaught-1-1392x1856.jpg 1392w\" sizes=\"(max-width: 1500px) 100vw, 1500px\" \/><button\n\t\t\tclass=\"lightbox-trigger\"\n\t\t\ttype=\"button\"\n\t\t\taria-haspopup=\"dialog\"\n\t\t\tdata-wp-bind--aria-label=\"state.thisImage.triggerButtonAriaLabel\"\n\t\t\tdata-wp-init=\"callbacks.initTriggerButton\"\n\t\t\tdata-wp-on--click=\"actions.showLightbox\"\n\t\t\tdata-wp-style--right=\"state.thisImage.buttonRight\"\n\t\t\tdata-wp-style--top=\"state.thisImage.buttonTop\"\n\t\t>\n\t\t\t<svg xmlns=\"http:\/\/www.w3.org\/2000\/svg\" width=\"12\" height=\"12\" fill=\"none\" viewBox=\"0 0 12 12\">\n\t\t\t\t<path fill=\"#fff\" d=\"M2 0a2 2 0 0 0-2 2v2h1.5V2a.5.5 0 0 1 .5-.5h2V0H2Zm2 10.5H2a.5.5 0 0 1-.5-.5V8H0v2a2 2 0 0 0 2 2h2v-1.5ZM8 12v-1.5h2a.5.5 0 0 0 .5-.5V8H12v2a2 2 0 0 1-2 2H8Zm2-12a2 2 0 0 1 2 2v2h-1.5V2a.5.5 0 0 0-.5-.5H8V0h2Z\" \/>\n\t\t\t<\/svg>\n\t\t<\/button><figcaption class=\"wp-element-caption\">Fot\u00f3: Maybourne \/ hivatalos weboldal<\/figcaption><\/figure>\n\n\n\n<h3 class=\"wp-block-heading\"><span class=\"ez-toc-section\" id=\"29_The_Connaught\"><\/span>29. The Connaught<span class=\"ez-toc-section-end\"><\/span><\/h3>\n\n\n\n<p class=\"wp-block-paragraph\">Ez a tekint\u00e9lyes sz\u00e1lloda a londoni Mayfair negyedben m\u00e1r 1897-ben \u00e9p\u00fclt, \u00e9s a mai napig meg\u0151rzi <strong>a r\u00e9gi brit klub hangulat\u00e1t<\/strong>, viszont teljesen modern kiszolg\u00e1l\u00e1ssal. A 115 szoba bels\u0151 terei, amelyeket Guy Oliver tervezett, hagyom\u00e1nyos elemeket kombin\u00e1lnak olyan \u00f3ri\u00e1sok m\u0171v\u00e9szet\u00e9vel, mint Damien Hirst vagy Barbara Hepworth.<\/p>\n\n\n\n<figure data-wp-context=\"{&quot;galleryId&quot;:&quot;6a953a9d9ff9d&quot;}\" data-wp-interactive=\"core\/gallery\" class=\"wp-block-gallery has-nested-images columns-2 is-cropped wp-block-gallery-is-layout-flex wp-block-gallery-12 is-layout-flex\">\n<figure data-wp-context=\"{&quot;imageId&quot;:&quot;6a953a9da029f&quot;}\" data-wp-interactive=\"core\/image\" data-wp-key=\"6a953a9da029f\" class=\"wp-block-image size-large wp-lightbox-container\"><img decoding=\"async\" width=\"1800\" height=\"1800\" data-wp-class--hide=\"state.isContentHidden\" data-wp-class--show=\"state.isContentVisible\" data-wp-init=\"callbacks.setButtonStyles\" data-wp-on--click=\"actions.showLightbox\" data-wp-on--load=\"callbacks.setButtonStyles\" data-wp-on--pointerdown=\"actions.preloadImage\" data-wp-on--pointerenter=\"actions.preloadImageWithDelay\" data-wp-on--pointerleave=\"actions.cancelPreload\" data-wp-on-window--resize=\"callbacks.setButtonStyles\" data-id=\"404846\" src=\"https:\/\/loudavymkrokem.cz\/wp-content\/uploads\/2026\/08\/the-connaught-2.jpg\" alt=\"A The Connaught sz\u00e1lloda bels\u0151 tere\" class=\"wp-image-404846\" title=\"\" srcset=\"https:\/\/loudavymkrokem.cz\/wp-content\/uploads\/2026\/08\/the-connaught-2.jpg 1800w, https:\/\/loudavymkrokem.cz\/wp-content\/uploads\/2026\/08\/the-connaught-2-300x300.jpg 300w, https:\/\/loudavymkrokem.cz\/wp-content\/uploads\/2026\/08\/the-connaught-2-700x700.jpg 700w, https:\/\/loudavymkrokem.cz\/wp-content\/uploads\/2026\/08\/the-connaught-2-150x150.jpg 150w, https:\/\/loudavymkrokem.cz\/wp-content\/uploads\/2026\/08\/the-connaught-2-768x768.jpg 768w, https:\/\/loudavymkrokem.cz\/wp-content\/uploads\/2026\/08\/the-connaught-2-1536x1536.jpg 1536w, https:\/\/loudavymkrokem.cz\/wp-content\/uploads\/2026\/08\/the-connaught-2-696x696.jpg 696w, https:\/\/loudavymkrokem.cz\/wp-content\/uploads\/2026\/08\/the-connaught-2-1392x1392.jpg 1392w\" sizes=\"(max-width: 1800px) 100vw, 1800px\" \/><button\n\t\t\tclass=\"lightbox-trigger\"\n\t\t\ttype=\"button\"\n\t\t\taria-haspopup=\"dialog\"\n\t\t\tdata-wp-bind--aria-label=\"state.thisImage.triggerButtonAriaLabel\"\n\t\t\tdata-wp-init=\"callbacks.initTriggerButton\"\n\t\t\tdata-wp-on--click=\"actions.showLightbox\"\n\t\t\tdata-wp-style--right=\"state.thisImage.buttonRight\"\n\t\t\tdata-wp-style--top=\"state.thisImage.buttonTop\"\n\t\t>\n\t\t\t<svg xmlns=\"http:\/\/www.w3.org\/2000\/svg\" width=\"12\" height=\"12\" fill=\"none\" viewBox=\"0 0 12 12\">\n\t\t\t\t<path fill=\"#fff\" d=\"M2 0a2 2 0 0 0-2 2v2h1.5V2a.5.5 0 0 1 .5-.5h2V0H2Zm2 10.5H2a.5.5 0 0 1-.5-.5V8H0v2a2 2 0 0 0 2 2h2v-1.5ZM8 12v-1.5h2a.5.5 0 0 0 .5-.5V8H12v2a2 2 0 0 1-2 2H8Zm2-12a2 2 0 0 1 2 2v2h-1.5V2a.5.5 0 0 0-.5-.5H8V0h2Z\" \/>\n\t\t\t<\/svg>\n\t\t<\/button><figcaption class=\"wp-element-caption\">Fot\u00f3: Maybourne \/ hivatalos weboldal<\/figcaption><\/figure>\n<\/figure>\n\n\n\n<p class=\"wp-block-paragraph\">A kulin\u00e1ris \u00e9lm\u00e9nyr\u0151l itt val\u00f3di szuperszt\u00e1rok gondoskodnak, mert a h\u00e1romcsillagos Michelin \u00e9ttermet <strong>a fenomen\u00e1lis H\u00e9l\u00e8ne Darroze vezeti<\/strong>, m\u00edg tov\u00e1bbi k\u00e9t helyet Jean-Georges Vongerichten kezel. A sz\u00e1lloda h\u00edres t\u00f6k\u00e9letes szolg\u00e1ltat\u00e1sair\u00f3l, amelyeknek k\u00f6sz\u00f6nhet\u0151en rendszeresen visszat\u00e9rnek ide a hollywoodi sz\u00edn\u00e9szek \u00e9s divattervez\u0151k. <strong>\ud83d\udca1 Tipp:<\/strong> K\u00f6telez\u0151 meg\u00e1ll\u00f3d legyen a <strong>h\u00edres Connaught Bar<\/strong>, ahol az ikonikus martini kokt\u00e9lt k\u00f6zvetlen\u00fcl az asztalodn\u00e1l keverik ki egy legend\u00e1s g\u00f6rd\u00edthet\u0151 kocsir\u00f3l. <em>(London, Anglia \u2022 115 szoba \u2022 1250 USD-t\u00f3l \/ kb. 406 000 Ft)<\/em> <a href=\"https:\/\/www.stay22.com\/allez\/roam?aid=lukaskonecny&amp;campaign=loudavymkrokemcz&amp;campaign=nejluxusnejsi-hotely-sveta&amp;hotelname=The%20Connaught&amp;address=Lond%C3%BDn%2C%20Velk%C3%A1%20Brit%C3%A1nie\" target=\"_blank\" rel=\"nofollow noopener sponsored\">\u00e1rak \u00e9s el\u00e9rhet\u0151s\u00e9g ellen\u0151rz\u00e9se<\/a><\/p>\n\n\n\n<figure data-wp-context=\"{&quot;imageId&quot;:&quot;6a953a9da08b7&quot;}\" data-wp-interactive=\"core\/image\" data-wp-key=\"6a953a9da08b7\" class=\"wp-block-image size-full wp-lightbox-container\"><img decoding=\"async\" width=\"1700\" height=\"1134\" data-wp-class--hide=\"state.isContentHidden\" data-wp-class--show=\"state.isContentVisible\" data-wp-init=\"callbacks.setButtonStyles\" data-wp-on--click=\"actions.showLightbox\" data-wp-on--load=\"callbacks.setButtonStyles\" data-wp-on--pointerdown=\"actions.preloadImage\" data-wp-on--pointerenter=\"actions.preloadImageWithDelay\" data-wp-on--pointerleave=\"actions.cancelPreload\" data-wp-on-window--resize=\"callbacks.setButtonStyles\" src=\"https:\/\/loudavymkrokem.cz\/wp-content\/uploads\/2026\/08\/la-mamounia-1.jpg\" alt=\"A La Mamounia sz\u00e1lloda kertjei Marr\u00e1kesben\" class=\"wp-image-404839\" title=\"\" srcset=\"https:\/\/loudavymkrokem.cz\/wp-content\/uploads\/2026\/08\/la-mamounia-1.jpg 1700w, https:\/\/loudavymkrokem.cz\/wp-content\/uploads\/2026\/08\/la-mamounia-1-300x200.jpg 300w, https:\/\/loudavymkrokem.cz\/wp-content\/uploads\/2026\/08\/la-mamounia-1-700x467.jpg 700w, https:\/\/loudavymkrokem.cz\/wp-content\/uploads\/2026\/08\/la-mamounia-1-768x512.jpg 768w, https:\/\/loudavymkrokem.cz\/wp-content\/uploads\/2026\/08\/la-mamounia-1-1536x1025.jpg 1536w, https:\/\/loudavymkrokem.cz\/wp-content\/uploads\/2026\/08\/la-mamounia-1-696x464.jpg 696w, https:\/\/loudavymkrokem.cz\/wp-content\/uploads\/2026\/08\/la-mamounia-1-1392x929.jpg 1392w\" sizes=\"(max-width: 1700px) 100vw, 1700px\" \/><button\n\t\t\tclass=\"lightbox-trigger\"\n\t\t\ttype=\"button\"\n\t\t\taria-haspopup=\"dialog\"\n\t\t\tdata-wp-bind--aria-label=\"state.thisImage.triggerButtonAriaLabel\"\n\t\t\tdata-wp-init=\"callbacks.initTriggerButton\"\n\t\t\tdata-wp-on--click=\"actions.showLightbox\"\n\t\t\tdata-wp-style--right=\"state.thisImage.buttonRight\"\n\t\t\tdata-wp-style--top=\"state.thisImage.buttonTop\"\n\t\t>\n\t\t\t<svg xmlns=\"http:\/\/www.w3.org\/2000\/svg\" width=\"12\" height=\"12\" fill=\"none\" viewBox=\"0 0 12 12\">\n\t\t\t\t<path fill=\"#fff\" d=\"M2 0a2 2 0 0 0-2 2v2h1.5V2a.5.5 0 0 1 .5-.5h2V0H2Zm2 10.5H2a.5.5 0 0 1-.5-.5V8H0v2a2 2 0 0 0 2 2h2v-1.5ZM8 12v-1.5h2a.5.5 0 0 0 .5-.5V8H12v2a2 2 0 0 1-2 2H8Zm2-12a2 2 0 0 1 2 2v2h-1.5V2a.5.5 0 0 0-.5-.5H8V0h2Z\" \/>\n\t\t\t<\/svg>\n\t\t<\/button><figcaption class=\"wp-element-caption\">Fot\u00f3: La Mamounia \/ hivatalos weboldal<\/figcaption><\/figure>\n\n\n\n<h3 class=\"wp-block-heading\"><span class=\"ez-toc-section\" id=\"30_La_Mamounia\"><\/span>30. La Mamounia<span class=\"ez-toc-section-end\"><\/span><\/h3>\n\n\n\n<p class=\"wp-block-paragraph\">Ez az 1923-as marokk\u00f3i palota \u00f3ri\u00e1si fel\u00faj\u00edt\u00e1son esett \u00e1t, amely m\u00e9g jobban kiemelte <strong>a sok \u00e9l\u00e9nk sz\u00ednnel \u00e9s mozaikkal teli, m\u00e9lt\u00f3s\u00e1gteljes m\u00f3r \u00e9p\u00edt\u00e9szet\u00e9t<\/strong>. A 209 szob\u00e1ra \u00e9s vill\u00e1ra a kertekben elhelyezked\u0151 szem\u00e9lyzet vigy\u00e1z, olajf\u00e1k \u00e9s p\u00e1lm\u00e1k k\u00f6z\u00f6tt, amelyek eredetileg egy 18. sz\u00e1zadi szult\u00e1n fi\u00e1hoz tartoztak.<\/p>\n\n\n\n<figure data-wp-context=\"{&quot;galleryId&quot;:&quot;6a953a9da0b92&quot;}\" data-wp-interactive=\"core\/gallery\" class=\"wp-block-gallery has-nested-images columns-2 is-cropped wp-block-gallery-is-layout-flex wp-block-gallery-13 is-layout-flex\">\n<figure data-wp-context=\"{&quot;imageId&quot;:&quot;6a953a9da0ec9&quot;}\" data-wp-interactive=\"core\/image\" data-wp-key=\"6a953a9da0ec9\" class=\"wp-block-image size-large wp-lightbox-container\"><img decoding=\"async\" width=\"1700\" height=\"1138\" data-wp-class--hide=\"state.isContentHidden\" data-wp-class--show=\"state.isContentVisible\" data-wp-init=\"callbacks.setButtonStyles\" data-wp-on--click=\"actions.showLightbox\" data-wp-on--load=\"callbacks.setButtonStyles\" data-wp-on--pointerdown=\"actions.preloadImage\" data-wp-on--pointerenter=\"actions.preloadImageWithDelay\" data-wp-on--pointerleave=\"actions.cancelPreload\" data-wp-on-window--resize=\"callbacks.setButtonStyles\" data-id=\"404840\" src=\"https:\/\/loudavymkrokem.cz\/wp-content\/uploads\/2026\/08\/la-mamounia-2.jpg\" alt=\"A La Mamounia bels\u0151 tere\" class=\"wp-image-404840\" title=\"\" srcset=\"https:\/\/loudavymkrokem.cz\/wp-content\/uploads\/2026\/08\/la-mamounia-2.jpg 1700w, https:\/\/loudavymkrokem.cz\/wp-content\/uploads\/2026\/08\/la-mamounia-2-300x201.jpg 300w, https:\/\/loudavymkrokem.cz\/wp-content\/uploads\/2026\/08\/la-mamounia-2-700x469.jpg 700w, https:\/\/loudavymkrokem.cz\/wp-content\/uploads\/2026\/08\/la-mamounia-2-768x514.jpg 768w, https:\/\/loudavymkrokem.cz\/wp-content\/uploads\/2026\/08\/la-mamounia-2-1536x1028.jpg 1536w, https:\/\/loudavymkrokem.cz\/wp-content\/uploads\/2026\/08\/la-mamounia-2-696x466.jpg 696w, https:\/\/loudavymkrokem.cz\/wp-content\/uploads\/2026\/08\/la-mamounia-2-1392x932.jpg 1392w\" sizes=\"(max-width: 1700px) 100vw, 1700px\" \/><button\n\t\t\tclass=\"lightbox-trigger\"\n\t\t\ttype=\"button\"\n\t\t\taria-haspopup=\"dialog\"\n\t\t\tdata-wp-bind--aria-label=\"state.thisImage.triggerButtonAriaLabel\"\n\t\t\tdata-wp-init=\"callbacks.initTriggerButton\"\n\t\t\tdata-wp-on--click=\"actions.showLightbox\"\n\t\t\tdata-wp-style--right=\"state.thisImage.buttonRight\"\n\t\t\tdata-wp-style--top=\"state.thisImage.buttonTop\"\n\t\t>\n\t\t\t<svg xmlns=\"http:\/\/www.w3.org\/2000\/svg\" width=\"12\" height=\"12\" fill=\"none\" viewBox=\"0 0 12 12\">\n\t\t\t\t<path fill=\"#fff\" d=\"M2 0a2 2 0 0 0-2 2v2h1.5V2a.5.5 0 0 1 .5-.5h2V0H2Zm2 10.5H2a.5.5 0 0 1-.5-.5V8H0v2a2 2 0 0 0 2 2h2v-1.5ZM8 12v-1.5h2a.5.5 0 0 0 .5-.5V8H12v2a2 2 0 0 1-2 2H8Zm2-12a2 2 0 0 1 2 2v2h-1.5V2a.5.5 0 0 0-.5-.5H8V0h2Z\" \/>\n\t\t\t<\/svg>\n\t\t<\/button><figcaption class=\"wp-element-caption\">Fot\u00f3: La Mamounia \/ hivatalos weboldal<\/figcaption><\/figure>\n\n\n\n<figure data-wp-context=\"{&quot;imageId&quot;:&quot;6a953a9da12fa&quot;}\" data-wp-interactive=\"core\/image\" data-wp-key=\"6a953a9da12fa\" class=\"wp-block-image size-large wp-lightbox-container\"><img decoding=\"async\" width=\"1600\" height=\"1068\" data-wp-class--hide=\"state.isContentHidden\" data-wp-class--show=\"state.isContentVisible\" data-wp-init=\"callbacks.setButtonStyles\" data-wp-on--click=\"actions.showLightbox\" data-wp-on--load=\"callbacks.setButtonStyles\" data-wp-on--pointerdown=\"actions.preloadImage\" data-wp-on--pointerenter=\"actions.preloadImageWithDelay\" data-wp-on--pointerleave=\"actions.cancelPreload\" data-wp-on-window--resize=\"callbacks.setButtonStyles\" data-id=\"404841\" src=\"https:\/\/loudavymkrokem.cz\/wp-content\/uploads\/2026\/08\/la-mamounia-3.jpg\" alt=\"A La Mamounia medenc\u00e9je\" class=\"wp-image-404841\" title=\"\" srcset=\"https:\/\/loudavymkrokem.cz\/wp-content\/uploads\/2026\/08\/la-mamounia-3.jpg 1600w, https:\/\/loudavymkrokem.cz\/wp-content\/uploads\/2026\/08\/la-mamounia-3-300x200.jpg 300w, https:\/\/loudavymkrokem.cz\/wp-content\/uploads\/2026\/08\/la-mamounia-3-700x467.jpg 700w, https:\/\/loudavymkrokem.cz\/wp-content\/uploads\/2026\/08\/la-mamounia-3-768x513.jpg 768w, https:\/\/loudavymkrokem.cz\/wp-content\/uploads\/2026\/08\/la-mamounia-3-1536x1025.jpg 1536w, https:\/\/loudavymkrokem.cz\/wp-content\/uploads\/2026\/08\/la-mamounia-3-696x465.jpg 696w, https:\/\/loudavymkrokem.cz\/wp-content\/uploads\/2026\/08\/la-mamounia-3-1392x929.jpg 1392w\" sizes=\"(max-width: 1600px) 100vw, 1600px\" \/><button\n\t\t\tclass=\"lightbox-trigger\"\n\t\t\ttype=\"button\"\n\t\t\taria-haspopup=\"dialog\"\n\t\t\tdata-wp-bind--aria-label=\"state.thisImage.triggerButtonAriaLabel\"\n\t\t\tdata-wp-init=\"callbacks.initTriggerButton\"\n\t\t\tdata-wp-on--click=\"actions.showLightbox\"\n\t\t\tdata-wp-style--right=\"state.thisImage.buttonRight\"\n\t\t\tdata-wp-style--top=\"state.thisImage.buttonTop\"\n\t\t>\n\t\t\t<svg xmlns=\"http:\/\/www.w3.org\/2000\/svg\" width=\"12\" height=\"12\" fill=\"none\" viewBox=\"0 0 12 12\">\n\t\t\t\t<path fill=\"#fff\" d=\"M2 0a2 2 0 0 0-2 2v2h1.5V2a.5.5 0 0 1 .5-.5h2V0H2Zm2 10.5H2a.5.5 0 0 1-.5-.5V8H0v2a2 2 0 0 0 2 2h2v-1.5ZM8 12v-1.5h2a.5.5 0 0 0 .5-.5V8H12v2a2 2 0 0 1-2 2H8Zm2-12a2 2 0 0 1 2 2v2h-1.5V2a.5.5 0 0 0-.5-.5H8V0h2Z\" \/>\n\t\t\t<\/svg>\n\t\t<\/button><figcaption class=\"wp-element-caption\">Fot\u00f3: La Mamounia \/ hivatalos weboldal<\/figcaption><\/figure>\n\n\n\n<figure data-wp-context=\"{&quot;imageId&quot;:&quot;6a953a9da1760&quot;}\" data-wp-interactive=\"core\/image\" data-wp-key=\"6a953a9da1760\" class=\"wp-block-image size-large wp-lightbox-container\"><img decoding=\"async\" width=\"1700\" height=\"1276\" data-wp-class--hide=\"state.isContentHidden\" data-wp-class--show=\"state.isContentVisible\" data-wp-init=\"callbacks.setButtonStyles\" data-wp-on--click=\"actions.showLightbox\" data-wp-on--load=\"callbacks.setButtonStyles\" data-wp-on--pointerdown=\"actions.preloadImage\" data-wp-on--pointerenter=\"actions.preloadImageWithDelay\" data-wp-on--pointerleave=\"actions.cancelPreload\" data-wp-on-window--resize=\"callbacks.setButtonStyles\" data-id=\"404842\" src=\"https:\/\/loudavymkrokem.cz\/wp-content\/uploads\/2026\/08\/la-mamounia-4.jpg\" alt=\"A La Mamounia sz\u00e1lloda kertjei Marr\u00e1kesben\" class=\"wp-image-404842\" title=\"\" srcset=\"https:\/\/loudavymkrokem.cz\/wp-content\/uploads\/2026\/08\/la-mamounia-4.jpg 1700w, https:\/\/loudavymkrokem.cz\/wp-content\/uploads\/2026\/08\/la-mamounia-4-300x225.jpg 300w, https:\/\/loudavymkrokem.cz\/wp-content\/uploads\/2026\/08\/la-mamounia-4-700x525.jpg 700w, https:\/\/loudavymkrokem.cz\/wp-content\/uploads\/2026\/08\/la-mamounia-4-768x576.jpg 768w, https:\/\/loudavymkrokem.cz\/wp-content\/uploads\/2026\/08\/la-mamounia-4-1536x1153.jpg 1536w, https:\/\/loudavymkrokem.cz\/wp-content\/uploads\/2026\/08\/la-mamounia-4-80x60.jpg 80w, https:\/\/loudavymkrokem.cz\/wp-content\/uploads\/2026\/08\/la-mamounia-4-160x120.jpg 160w, https:\/\/loudavymkrokem.cz\/wp-content\/uploads\/2026\/08\/la-mamounia-4-696x522.jpg 696w, https:\/\/loudavymkrokem.cz\/wp-content\/uploads\/2026\/08\/la-mamounia-4-1392x1045.jpg 1392w\" sizes=\"(max-width: 1700px) 100vw, 1700px\" \/><button\n\t\t\tclass=\"lightbox-trigger\"\n\t\t\ttype=\"button\"\n\t\t\taria-haspopup=\"dialog\"\n\t\t\tdata-wp-bind--aria-label=\"state.thisImage.triggerButtonAriaLabel\"\n\t\t\tdata-wp-init=\"callbacks.initTriggerButton\"\n\t\t\tdata-wp-on--click=\"actions.showLightbox\"\n\t\t\tdata-wp-style--right=\"state.thisImage.buttonRight\"\n\t\t\tdata-wp-style--top=\"state.thisImage.buttonTop\"\n\t\t>\n\t\t\t<svg xmlns=\"http:\/\/www.w3.org\/2000\/svg\" width=\"12\" height=\"12\" fill=\"none\" viewBox=\"0 0 12 12\">\n\t\t\t\t<path fill=\"#fff\" d=\"M2 0a2 2 0 0 0-2 2v2h1.5V2a.5.5 0 0 1 .5-.5h2V0H2Zm2 10.5H2a.5.5 0 0 1-.5-.5V8H0v2a2 2 0 0 0 2 2h2v-1.5ZM8 12v-1.5h2a.5.5 0 0 0 .5-.5V8H12v2a2 2 0 0 1-2 2H8Zm2-12a2 2 0 0 1 2 2v2h-1.5V2a.5.5 0 0 0-.5-.5H8V0h2Z\" \/>\n\t\t\t<\/svg>\n\t\t<\/button><figcaption class=\"wp-element-caption\">Fot\u00f3: La Mamounia \/ hivatalos weboldal<\/figcaption><\/figure>\n<\/figure>\n\n\n\n<p class=\"wp-block-paragraph\">A sz\u00e1lloda hatalmas nyomot hagyott a t\u00f6rt\u00e9nelemben, mert <strong>itt t\u00f6lt\u00f6tte a teleit Winston Churchill<\/strong>, itt forgatott Alfred Hitchcock, \u00e9s Paul McCartney is itt szerezte a Mamunia c\u00edm\u0171 dalt. Ma egy \u00e1zsiai \u00e9ttermet \u00e9s egy Jean-Georges Vongerichten-f\u00e9le olasz trattori\u00e1t is tal\u00e1lsz, valamint h\u00edres desszerteket a p\u00e1rizsi cukr\u00e1sz, Pierre Herm\u00e9 j\u00f3volt\u00e1b\u00f3l. <strong>\ud83d\udca1 Tipp:<\/strong> Este <strong>fedezd fel az \u00faj f\u00f6ldalatti borb\u00e1rt<\/strong>, vagy vesz\u00edts el magad a leny\u0171g\u00f6z\u0151 s\u00f6t\u00e9t f\u00fcrd\u0151ben, amelynek fot\u00f3i bej\u00e1rt\u00e1k az eg\u00e9sz Instagramot. <em>(Marr\u00e1kes, Marokk\u00f3 \u2022 209 szoba \u2022 900 USD-t\u00f3l \/ kb. 292 000 Ft)<\/em> <a href=\"https:\/\/www.stay22.com\/allez\/roam?aid=lukaskonecny&amp;campaign=loudavymkrokemcz&amp;campaign=nejluxusnejsi-hotely-sveta&amp;hotelname=La%20Mamounia&amp;address=Marr%C3%A1ke%C5%A1%2C%20Maroko\" target=\"_blank\" rel=\"nofollow noopener sponsored\">\u00e1rak \u00e9s el\u00e9rhet\u0151s\u00e9g ellen\u0151rz\u00e9se<\/a><\/p>\n\n\n\n<figure data-wp-context=\"{&quot;imageId&quot;:&quot;6a953a9da1e72&quot;}\" data-wp-interactive=\"core\/image\" data-wp-key=\"6a953a9da1e72\" class=\"wp-block-image size-full wp-lightbox-container\"><img decoding=\"async\" width=\"1440\" height=\"750\" data-wp-class--hide=\"state.isContentHidden\" data-wp-class--show=\"state.isContentVisible\" data-wp-init=\"callbacks.setButtonStyles\" data-wp-on--click=\"actions.showLightbox\" data-wp-on--load=\"callbacks.setButtonStyles\" data-wp-on--pointerdown=\"actions.preloadImage\" data-wp-on--pointerenter=\"actions.preloadImageWithDelay\" data-wp-on--pointerleave=\"actions.cancelPreload\" data-wp-on-window--resize=\"callbacks.setButtonStyles\" src=\"https:\/\/loudavymkrokem.cz\/wp-content\/uploads\/2026\/08\/hotel-de-paris-monte-carlo-1.jpg\" alt=\"H\u00f4tel de Paris a monac\u00f3i Place du Casin\u00f3n\" class=\"wp-image-404835\" title=\"\" srcset=\"https:\/\/loudavymkrokem.cz\/wp-content\/uploads\/2026\/08\/hotel-de-paris-monte-carlo-1.jpg 1440w, https:\/\/loudavymkrokem.cz\/wp-content\/uploads\/2026\/08\/hotel-de-paris-monte-carlo-1-300x156.jpg 300w, https:\/\/loudavymkrokem.cz\/wp-content\/uploads\/2026\/08\/hotel-de-paris-monte-carlo-1-700x365.jpg 700w, https:\/\/loudavymkrokem.cz\/wp-content\/uploads\/2026\/08\/hotel-de-paris-monte-carlo-1-768x400.jpg 768w, https:\/\/loudavymkrokem.cz\/wp-content\/uploads\/2026\/08\/hotel-de-paris-monte-carlo-1-696x363.jpg 696w, https:\/\/loudavymkrokem.cz\/wp-content\/uploads\/2026\/08\/hotel-de-paris-monte-carlo-1-1392x725.jpg 1392w\" sizes=\"(max-width: 1440px) 100vw, 1440px\" \/><button\n\t\t\tclass=\"lightbox-trigger\"\n\t\t\ttype=\"button\"\n\t\t\taria-haspopup=\"dialog\"\n\t\t\tdata-wp-bind--aria-label=\"state.thisImage.triggerButtonAriaLabel\"\n\t\t\tdata-wp-init=\"callbacks.initTriggerButton\"\n\t\t\tdata-wp-on--click=\"actions.showLightbox\"\n\t\t\tdata-wp-style--right=\"state.thisImage.buttonRight\"\n\t\t\tdata-wp-style--top=\"state.thisImage.buttonTop\"\n\t\t>\n\t\t\t<svg xmlns=\"http:\/\/www.w3.org\/2000\/svg\" width=\"12\" height=\"12\" fill=\"none\" viewBox=\"0 0 12 12\">\n\t\t\t\t<path fill=\"#fff\" d=\"M2 0a2 2 0 0 0-2 2v2h1.5V2a.5.5 0 0 1 .5-.5h2V0H2Zm2 10.5H2a.5.5 0 0 1-.5-.5V8H0v2a2 2 0 0 0 2 2h2v-1.5ZM8 12v-1.5h2a.5.5 0 0 0 .5-.5V8H12v2a2 2 0 0 1-2 2H8Zm2-12a2 2 0 0 1 2 2v2h-1.5V2a.5.5 0 0 0-.5-.5H8V0h2Z\" \/>\n\t\t\t<\/svg>\n\t\t<\/button><figcaption class=\"wp-element-caption\">Fot\u00f3: Monte-Carlo SBM \/ hivatalos weboldal<\/figcaption><\/figure>\n\n\n\n<h3 class=\"wp-block-heading\"><span class=\"ez-toc-section\" id=\"36_Hotel_de_Paris_Monte-Carlo\"><\/span>36. H\u00f4tel de Paris Monte-Carlo<span class=\"ez-toc-section-end\"><\/span><\/h3>\n\n\n\n<p class=\"wp-block-paragraph\">1864 \u00f3ta ez az \u00e9p\u00edt\u00e9szeti \u00e9kszer a monac\u00f3i <strong>kaszin\u00f3t\u00e9r abszol\u00fat ura<\/strong>, l\u00e9pcs\u0151in pedig h\u00edress\u00e9gek j\u00e1rtak Nelson Mandel\u00e1t\u00f3l Lady Gag\u00e1ig. A nemr\u00e9giben v\u00e9gzett fel\u00faj\u00edt\u00e1s ut\u00e1n 208 vil\u00e1gos f\u00e1val \u00e9s m\u00e1rv\u00e1nnyal berendezett szob\u00e1t k\u00edn\u00e1l, \u00e9s m\u00e9g a legkisebbnek is saj\u00e1t, a F\u00f6ldk\u00f6zi-tengerre n\u00e9z\u0151 erk\u00e9lye van.<\/p>\n\n\n\n<figure data-wp-context=\"{&quot;galleryId&quot;:&quot;6a953a9da2136&quot;}\" data-wp-interactive=\"core\/gallery\" class=\"wp-block-gallery has-nested-images columns-2 is-cropped wp-block-gallery-is-layout-flex wp-block-gallery-14 is-layout-flex\">\n<figure data-wp-context=\"{&quot;imageId&quot;:&quot;6a953a9da245d&quot;}\" data-wp-interactive=\"core\/image\" data-wp-key=\"6a953a9da245d\" class=\"wp-block-image size-large wp-lightbox-container\"><img decoding=\"async\" width=\"1534\" height=\"960\" data-wp-class--hide=\"state.isContentHidden\" data-wp-class--show=\"state.isContentVisible\" data-wp-init=\"callbacks.setButtonStyles\" data-wp-on--click=\"actions.showLightbox\" data-wp-on--load=\"callbacks.setButtonStyles\" data-wp-on--pointerdown=\"actions.preloadImage\" data-wp-on--pointerenter=\"actions.preloadImageWithDelay\" data-wp-on--pointerleave=\"actions.cancelPreload\" data-wp-on-window--resize=\"callbacks.setButtonStyles\" data-id=\"404836\" src=\"https:\/\/loudavymkrokem.cz\/wp-content\/uploads\/2026\/08\/hotel-de-paris-monte-carlo-2.jpg\" alt=\"A H\u00f4tel de Paris Monte-Carlo bels\u0151 tere\" class=\"wp-image-404836\" title=\"\" srcset=\"https:\/\/loudavymkrokem.cz\/wp-content\/uploads\/2026\/08\/hotel-de-paris-monte-carlo-2.jpg 1534w, https:\/\/loudavymkrokem.cz\/wp-content\/uploads\/2026\/08\/hotel-de-paris-monte-carlo-2-300x188.jpg 300w, https:\/\/loudavymkrokem.cz\/wp-content\/uploads\/2026\/08\/hotel-de-paris-monte-carlo-2-700x438.jpg 700w, https:\/\/loudavymkrokem.cz\/wp-content\/uploads\/2026\/08\/hotel-de-paris-monte-carlo-2-768x481.jpg 768w, https:\/\/loudavymkrokem.cz\/wp-content\/uploads\/2026\/08\/hotel-de-paris-monte-carlo-2-696x436.jpg 696w, https:\/\/loudavymkrokem.cz\/wp-content\/uploads\/2026\/08\/hotel-de-paris-monte-carlo-2-1392x871.jpg 1392w\" sizes=\"(max-width: 1534px) 100vw, 1534px\" \/><button\n\t\t\tclass=\"lightbox-trigger\"\n\t\t\ttype=\"button\"\n\t\t\taria-haspopup=\"dialog\"\n\t\t\tdata-wp-bind--aria-label=\"state.thisImage.triggerButtonAriaLabel\"\n\t\t\tdata-wp-init=\"callbacks.initTriggerButton\"\n\t\t\tdata-wp-on--click=\"actions.showLightbox\"\n\t\t\tdata-wp-style--right=\"state.thisImage.buttonRight\"\n\t\t\tdata-wp-style--top=\"state.thisImage.buttonTop\"\n\t\t>\n\t\t\t<svg xmlns=\"http:\/\/www.w3.org\/2000\/svg\" width=\"12\" height=\"12\" fill=\"none\" viewBox=\"0 0 12 12\">\n\t\t\t\t<path fill=\"#fff\" d=\"M2 0a2 2 0 0 0-2 2v2h1.5V2a.5.5 0 0 1 .5-.5h2V0H2Zm2 10.5H2a.5.5 0 0 1-.5-.5V8H0v2a2 2 0 0 0 2 2h2v-1.5ZM8 12v-1.5h2a.5.5 0 0 0 .5-.5V8H12v2a2 2 0 0 1-2 2H8Zm2-12a2 2 0 0 1 2 2v2h-1.5V2a.5.5 0 0 0-.5-.5H8V0h2Z\" \/>\n\t\t\t<\/svg>\n\t\t<\/button><figcaption class=\"wp-element-caption\">Fot\u00f3: Monte-Carlo SBM \/ hivatalos weboldal<\/figcaption><\/figure>\n\n\n\n<figure data-wp-context=\"{&quot;imageId&quot;:&quot;6a953a9da28f0&quot;}\" data-wp-interactive=\"core\/image\" data-wp-key=\"6a953a9da28f0\" class=\"wp-block-image size-large wp-lightbox-container\"><img decoding=\"async\" width=\"1536\" height=\"660\" data-wp-class--hide=\"state.isContentHidden\" data-wp-class--show=\"state.isContentVisible\" data-wp-init=\"callbacks.setButtonStyles\" data-wp-on--click=\"actions.showLightbox\" data-wp-on--load=\"callbacks.setButtonStyles\" data-wp-on--pointerdown=\"actions.preloadImage\" data-wp-on--pointerenter=\"actions.preloadImageWithDelay\" data-wp-on--pointerleave=\"actions.cancelPreload\" data-wp-on-window--resize=\"callbacks.setButtonStyles\" data-id=\"404837\" src=\"https:\/\/loudavymkrokem.cz\/wp-content\/uploads\/2026\/08\/hotel-de-paris-monte-carlo-3.jpg\" alt=\"Lakoszt\u00e1ly a F\u00f6ldk\u00f6zi-tengerre n\u00e9z\u0151 kil\u00e1t\u00e1ssal\" class=\"wp-image-404837\" title=\"\" srcset=\"https:\/\/loudavymkrokem.cz\/wp-content\/uploads\/2026\/08\/hotel-de-paris-monte-carlo-3.jpg 1536w, https:\/\/loudavymkrokem.cz\/wp-content\/uploads\/2026\/08\/hotel-de-paris-monte-carlo-3-300x129.jpg 300w, https:\/\/loudavymkrokem.cz\/wp-content\/uploads\/2026\/08\/hotel-de-paris-monte-carlo-3-700x301.jpg 700w, https:\/\/loudavymkrokem.cz\/wp-content\/uploads\/2026\/08\/hotel-de-paris-monte-carlo-3-768x330.jpg 768w, https:\/\/loudavymkrokem.cz\/wp-content\/uploads\/2026\/08\/hotel-de-paris-monte-carlo-3-696x299.jpg 696w, https:\/\/loudavymkrokem.cz\/wp-content\/uploads\/2026\/08\/hotel-de-paris-monte-carlo-3-1392x598.jpg 1392w\" sizes=\"(max-width: 1536px) 100vw, 1536px\" \/><button\n\t\t\tclass=\"lightbox-trigger\"\n\t\t\ttype=\"button\"\n\t\t\taria-haspopup=\"dialog\"\n\t\t\tdata-wp-bind--aria-label=\"state.thisImage.triggerButtonAriaLabel\"\n\t\t\tdata-wp-init=\"callbacks.initTriggerButton\"\n\t\t\tdata-wp-on--click=\"actions.showLightbox\"\n\t\t\tdata-wp-style--right=\"state.thisImage.buttonRight\"\n\t\t\tdata-wp-style--top=\"state.thisImage.buttonTop\"\n\t\t>\n\t\t\t<svg xmlns=\"http:\/\/www.w3.org\/2000\/svg\" width=\"12\" height=\"12\" fill=\"none\" viewBox=\"0 0 12 12\">\n\t\t\t\t<path fill=\"#fff\" d=\"M2 0a2 2 0 0 0-2 2v2h1.5V2a.5.5 0 0 1 .5-.5h2V0H2Zm2 10.5H2a.5.5 0 0 1-.5-.5V8H0v2a2 2 0 0 0 2 2h2v-1.5ZM8 12v-1.5h2a.5.5 0 0 0 .5-.5V8H12v2a2 2 0 0 1-2 2H8Zm2-12a2 2 0 0 1 2 2v2h-1.5V2a.5.5 0 0 0-.5-.5H8V0h2Z\" \/>\n\t\t\t<\/svg>\n\t\t<\/button><figcaption class=\"wp-element-caption\">Fot\u00f3: Monte-Carlo SBM \/ hivatalos weboldal<\/figcaption><\/figure>\n\n\n\n<figure data-wp-context=\"{&quot;imageId&quot;:&quot;6a953a9da2d80&quot;}\" data-wp-interactive=\"core\/image\" data-wp-key=\"6a953a9da2d80\" class=\"wp-block-image size-large wp-lightbox-container\"><img decoding=\"async\" width=\"1800\" height=\"580\" data-wp-class--hide=\"state.isContentHidden\" data-wp-class--show=\"state.isContentVisible\" data-wp-init=\"callbacks.setButtonStyles\" data-wp-on--click=\"actions.showLightbox\" data-wp-on--load=\"callbacks.setButtonStyles\" data-wp-on--pointerdown=\"actions.preloadImage\" data-wp-on--pointerenter=\"actions.preloadImageWithDelay\" data-wp-on--pointerleave=\"actions.cancelPreload\" data-wp-on-window--resize=\"callbacks.setButtonStyles\" data-id=\"404838\" src=\"https:\/\/loudavymkrokem.cz\/wp-content\/uploads\/2026\/08\/hotel-de-paris-monte-carlo-4.jpg\" alt=\"H\u00f4tel de Paris a monac\u00f3i Place du Casin\u00f3n\" class=\"wp-image-404838\" title=\"\" srcset=\"https:\/\/loudavymkrokem.cz\/wp-content\/uploads\/2026\/08\/hotel-de-paris-monte-carlo-4.jpg 1800w, https:\/\/loudavymkrokem.cz\/wp-content\/uploads\/2026\/08\/hotel-de-paris-monte-carlo-4-300x97.jpg 300w, https:\/\/loudavymkrokem.cz\/wp-content\/uploads\/2026\/08\/hotel-de-paris-monte-carlo-4-700x226.jpg 700w, https:\/\/loudavymkrokem.cz\/wp-content\/uploads\/2026\/08\/hotel-de-paris-monte-carlo-4-768x247.jpg 768w, https:\/\/loudavymkrokem.cz\/wp-content\/uploads\/2026\/08\/hotel-de-paris-monte-carlo-4-1536x495.jpg 1536w, https:\/\/loudavymkrokem.cz\/wp-content\/uploads\/2026\/08\/hotel-de-paris-monte-carlo-4-696x224.jpg 696w, https:\/\/loudavymkrokem.cz\/wp-content\/uploads\/2026\/08\/hotel-de-paris-monte-carlo-4-1392x449.jpg 1392w\" sizes=\"(max-width: 1800px) 100vw, 1800px\" \/><button\n\t\t\tclass=\"lightbox-trigger\"\n\t\t\ttype=\"button\"\n\t\t\taria-haspopup=\"dialog\"\n\t\t\tdata-wp-bind--aria-label=\"state.thisImage.triggerButtonAriaLabel\"\n\t\t\tdata-wp-init=\"callbacks.initTriggerButton\"\n\t\t\tdata-wp-on--click=\"actions.showLightbox\"\n\t\t\tdata-wp-style--right=\"state.thisImage.buttonRight\"\n\t\t\tdata-wp-style--top=\"state.thisImage.buttonTop\"\n\t\t>\n\t\t\t<svg xmlns=\"http:\/\/www.w3.org\/2000\/svg\" width=\"12\" height=\"12\" fill=\"none\" viewBox=\"0 0 12 12\">\n\t\t\t\t<path fill=\"#fff\" d=\"M2 0a2 2 0 0 0-2 2v2h1.5V2a.5.5 0 0 1 .5-.5h2V0H2Zm2 10.5H2a.5.5 0 0 1-.5-.5V8H0v2a2 2 0 0 0 2 2h2v-1.5ZM8 12v-1.5h2a.5.5 0 0 0 .5-.5V8H12v2a2 2 0 0 1-2 2H8Zm2-12a2 2 0 0 1 2 2v2h-1.5V2a.5.5 0 0 0-.5-.5H8V0h2Z\" \/>\n\t\t\t<\/svg>\n\t\t<\/button><figcaption class=\"wp-element-caption\">Fot\u00f3: Monte-Carlo SBM \/ hivatalos weboldal<\/figcaption><\/figure>\n<\/figure>\n\n\n\n<p class=\"wp-block-paragraph\">A gasztron\u00f3miai b\u00fcszkes\u00e9g a <strong>Le Louis XV \u00e9tterem Alain Ducasse vezet\u00e9se alatt<\/strong>, amely a vil\u00e1gon els\u0151k\u00e9nt szerzett meg egy sz\u00e1llodai helyk\u00e9nt h\u00e1rom Michelin-csillagot. Kedvelt m\u00e9g a tolhat\u00f3 tetej\u0171 Le Grill tet\u0151teraszi \u00e9tterem is, ahonnan l\u00e9legzetel\u00e1ll\u00edt\u00f3 a kil\u00e1t\u00e1s egyenesen h\u00e1rom k\u00fcl\u00f6nb\u00f6z\u0151 orsz\u00e1gra. <strong>\ud83d\udca1 Tipp:<\/strong> A sz\u00e1lloda b\u00fcszk\u00e9lkedhet <strong>a vil\u00e1g legnagyobb sz\u00e1llodai borospinc\u00e9j\u00e9vel<\/strong>, ahol a vend\u00e9geket mintegy 6000 borfajta v\u00e1rja, k\u00f6zt\u00fck rendk\u00edv\u00fcl ritka darabok, \u00edgy a k\u00f3stol\u00e1s itt k\u00f6telez\u0151. <em>(Monaco \u2022 208 szoba \u2022 800 USD-t\u00f3l \/ kb. 260 000 Ft)<\/em> <a href=\"https:\/\/www.stay22.com\/allez\/roam?aid=lukaskonecny&amp;campaign=loudavymkrokemcz&amp;campaign=nejluxusnejsi-hotely-sveta&amp;hotelname=H%C3%B4tel%20de%20Paris%20Monte-Carlo&amp;address=Monako\" target=\"_blank\" rel=\"nofollow noopener sponsored\">\u00e1rak \u00e9s el\u00e9rhet\u0151s\u00e9g ellen\u0151rz\u00e9se<\/a><\/p>\n\n\n\n<figure data-wp-context=\"{&quot;imageId&quot;:&quot;6a953a9da343d&quot;}\" data-wp-interactive=\"core\/image\" data-wp-key=\"6a953a9da343d\" class=\"wp-block-image size-full wp-lightbox-container\"><img decoding=\"async\" width=\"1600\" height=\"1067\" data-wp-class--hide=\"state.isContentHidden\" data-wp-class--show=\"state.isContentVisible\" data-wp-init=\"callbacks.setButtonStyles\" data-wp-on--click=\"actions.showLightbox\" data-wp-on--load=\"callbacks.setButtonStyles\" data-wp-on--pointerdown=\"actions.preloadImage\" data-wp-on--pointerenter=\"actions.preloadImageWithDelay\" data-wp-on--pointerleave=\"actions.cancelPreload\" data-wp-on-window--resize=\"callbacks.setButtonStyles\" src=\"https:\/\/loudavymkrokem.cz\/wp-content\/uploads\/2026\/08\/the-taj-mahal-palace-u-br-ny-indie-v-bombaji.jpg\" alt=\"The Taj Mahal Palace az India Kapun\u00e1l Mumbaiban\" class=\"wp-image-404551\" title=\"\" srcset=\"https:\/\/loudavymkrokem.cz\/wp-content\/uploads\/2026\/08\/the-taj-mahal-palace-u-br-ny-indie-v-bombaji.jpg 1600w, https:\/\/loudavymkrokem.cz\/wp-content\/uploads\/2026\/08\/the-taj-mahal-palace-u-br-ny-indie-v-bombaji-300x200.jpg 300w, https:\/\/loudavymkrokem.cz\/wp-content\/uploads\/2026\/08\/the-taj-mahal-palace-u-br-ny-indie-v-bombaji-700x467.jpg 700w, https:\/\/loudavymkrokem.cz\/wp-content\/uploads\/2026\/08\/the-taj-mahal-palace-u-br-ny-indie-v-bombaji-768x512.jpg 768w, https:\/\/loudavymkrokem.cz\/wp-content\/uploads\/2026\/08\/the-taj-mahal-palace-u-br-ny-indie-v-bombaji-1536x1024.jpg 1536w, https:\/\/loudavymkrokem.cz\/wp-content\/uploads\/2026\/08\/the-taj-mahal-palace-u-br-ny-indie-v-bombaji-696x464.jpg 696w, https:\/\/loudavymkrokem.cz\/wp-content\/uploads\/2026\/08\/the-taj-mahal-palace-u-br-ny-indie-v-bombaji-1392x928.jpg 1392w\" sizes=\"(max-width: 1600px) 100vw, 1600px\" \/><button\n\t\t\tclass=\"lightbox-trigger\"\n\t\t\ttype=\"button\"\n\t\t\taria-haspopup=\"dialog\"\n\t\t\tdata-wp-bind--aria-label=\"state.thisImage.triggerButtonAriaLabel\"\n\t\t\tdata-wp-init=\"callbacks.initTriggerButton\"\n\t\t\tdata-wp-on--click=\"actions.showLightbox\"\n\t\t\tdata-wp-style--right=\"state.thisImage.buttonRight\"\n\t\t\tdata-wp-style--top=\"state.thisImage.buttonTop\"\n\t\t>\n\t\t\t<svg xmlns=\"http:\/\/www.w3.org\/2000\/svg\" width=\"12\" height=\"12\" fill=\"none\" viewBox=\"0 0 12 12\">\n\t\t\t\t<path fill=\"#fff\" d=\"M2 0a2 2 0 0 0-2 2v2h1.5V2a.5.5 0 0 1 .5-.5h2V0H2Zm2 10.5H2a.5.5 0 0 1-.5-.5V8H0v2a2 2 0 0 0 2 2h2v-1.5ZM8 12v-1.5h2a.5.5 0 0 0 .5-.5V8H12v2a2 2 0 0 1-2 2H8Zm2-12a2 2 0 0 1 2 2v2h-1.5V2a.5.5 0 0 0-.5-.5H8V0h2Z\" \/>\n\t\t\t<\/svg>\n\t\t<\/button><figcaption class=\"wp-element-caption\">Fot\u00f3: The Taj Mahal Palace, Mumbai \/ Google Maps<\/figcaption><\/figure>\n\n\n\n<h3 class=\"wp-block-heading\"><span class=\"ez-toc-section\" id=\"38_The_Taj_Mahal_Palace\"><\/span>38. The Taj Mahal Palace<span class=\"ez-toc-section-end\"><\/span><\/h3>\n\n\n\n<p class=\"wp-block-paragraph\">Ez a palota 1903-ban ny\u00edlt meg mint a legels\u0151 <strong>indiai tulajdon\u00fa luxussz\u00e1lloda<\/strong>, ikonikus v\u00f6r\u00f6s kupol\u00e1ja pedig a mai napig uralja a mumbai kik\u00f6t\u0151t. A t\u00f6rt\u00e9nelmi Heritage sz\u00e1rny 285 szob\u00e1j\u00e1val f\u00e9ny\u0171z\u0151 seregszeml\u00e9t k\u00edn\u00e1l a k\u00e9zzel csom\u00f3zott sz\u0151nyegekb\u0151l, selyemf\u00fcgg\u00f6ny\u00f6kb\u0151l \u00e9s a r\u00e1dzsput uralkod\u00f3k \u00e1ltal ihletett faragott b\u00fatorokb\u00f3l.<\/p>\n\n\n\n<p class=\"wp-block-paragraph\">Egyes\u00edti mag\u00e1ban az indiai, a m\u00f3r \u00e9s a renesz\u00e1nsz hat\u00e1sokat, \u00edgy <strong>\u00f3nixoszlopok \u00e9s m\u00e1rv\u00e1nyfolyos\u00f3k<\/strong> k\u00f6z\u00f6tt s\u00e9t\u00e1lsz, amelyek r\u00e9szben m\u00fazeumk\u00e9nt szolg\u00e1lnak. A modernebb Tower sz\u00e1rny tetej\u00e9n mediterr\u00e1n konyh\u00e1t szolg\u00e1lnak fel, a rattanb\u00fatorokkal k\u00f6r\u00fclvett medence mellett pedig nyugodt szit\u00e1rzene sz\u00f3l. <strong>\ud83d\udca1 Tipp:<\/strong> Este mindenk\u00e9pp <strong>t\u00e9rj be a legend\u00e1s The Harbour Barba<\/strong>, amely Mumbai legels\u0151 enged\u00e9llyel rendelkez\u0151 kocsm\u00e1ja volt, ahol a sz\u00e1lloda alap\u00edt\u00f3ja, Jamsetji Tata is t\u00f6lt\u00f6tte az est\u00e9it. <em>(Mumbai, India \u2022 285 szoba \u2022 250 USD-t\u00f3l \/ kb. 81 000 Ft)<\/em> <a href=\"https:\/\/www.stay22.com\/allez\/roam?aid=lukaskonecny&amp;campaign=loudavymkrokemcz&amp;campaign=nejluxusnejsi-hotely-sveta&amp;hotelname=The%20Taj%20Mahal%20Palace&amp;address=Bombaj%2C%20Indie\" target=\"_blank\" rel=\"nofollow noopener sponsored\">\u00e1rak \u00e9s el\u00e9rhet\u0151s\u00e9g ellen\u0151rz\u00e9se<\/a><\/p>\n\n\n\n<figure data-wp-context=\"{&quot;imageId&quot;:&quot;6a953a9da3ab4&quot;}\" data-wp-interactive=\"core\/image\" data-wp-key=\"6a953a9da3ab4\" class=\"wp-block-image size-full wp-lightbox-container\"><img decoding=\"async\" width=\"1800\" height=\"1012\" data-wp-class--hide=\"state.isContentHidden\" data-wp-class--show=\"state.isContentVisible\" data-wp-init=\"callbacks.setButtonStyles\" data-wp-on--click=\"actions.showLightbox\" data-wp-on--load=\"callbacks.setButtonStyles\" data-wp-on--pointerdown=\"actions.preloadImage\" data-wp-on--pointerenter=\"actions.preloadImageWithDelay\" data-wp-on--pointerleave=\"actions.cancelPreload\" data-wp-on-window--resize=\"callbacks.setButtonStyles\" src=\"https:\/\/loudavymkrokem.cz\/wp-content\/uploads\/2026\/08\/singita-sweni-1.jpg\" alt=\"Singita Sweni egy foly\u00f3 felett a Kruger parkban\" class=\"wp-image-404833\" title=\"\" srcset=\"https:\/\/loudavymkrokem.cz\/wp-content\/uploads\/2026\/08\/singita-sweni-1.jpg 1800w, https:\/\/loudavymkrokem.cz\/wp-content\/uploads\/2026\/08\/singita-sweni-1-300x169.jpg 300w, https:\/\/loudavymkrokem.cz\/wp-content\/uploads\/2026\/08\/singita-sweni-1-700x394.jpg 700w, https:\/\/loudavymkrokem.cz\/wp-content\/uploads\/2026\/08\/singita-sweni-1-768x432.jpg 768w, https:\/\/loudavymkrokem.cz\/wp-content\/uploads\/2026\/08\/singita-sweni-1-1536x864.jpg 1536w, https:\/\/loudavymkrokem.cz\/wp-content\/uploads\/2026\/08\/singita-sweni-1-696x391.jpg 696w, https:\/\/loudavymkrokem.cz\/wp-content\/uploads\/2026\/08\/singita-sweni-1-1392x783.jpg 1392w\" sizes=\"(max-width: 1800px) 100vw, 1800px\" \/><button\n\t\t\tclass=\"lightbox-trigger\"\n\t\t\ttype=\"button\"\n\t\t\taria-haspopup=\"dialog\"\n\t\t\tdata-wp-bind--aria-label=\"state.thisImage.triggerButtonAriaLabel\"\n\t\t\tdata-wp-init=\"callbacks.initTriggerButton\"\n\t\t\tdata-wp-on--click=\"actions.showLightbox\"\n\t\t\tdata-wp-style--right=\"state.thisImage.buttonRight\"\n\t\t\tdata-wp-style--top=\"state.thisImage.buttonTop\"\n\t\t>\n\t\t\t<svg xmlns=\"http:\/\/www.w3.org\/2000\/svg\" width=\"12\" height=\"12\" fill=\"none\" viewBox=\"0 0 12 12\">\n\t\t\t\t<path fill=\"#fff\" d=\"M2 0a2 2 0 0 0-2 2v2h1.5V2a.5.5 0 0 1 .5-.5h2V0H2Zm2 10.5H2a.5.5 0 0 1-.5-.5V8H0v2a2 2 0 0 0 2 2h2v-1.5ZM8 12v-1.5h2a.5.5 0 0 0 .5-.5V8H12v2a2 2 0 0 1-2 2H8Zm2-12a2 2 0 0 1 2 2v2h-1.5V2a.5.5 0 0 0-.5-.5H8V0h2Z\" \/>\n\t\t\t<\/svg>\n\t\t<\/button><figcaption class=\"wp-element-caption\">Fot\u00f3: Singita \/ hivatalos weboldal<\/figcaption><\/figure>\n\n\n\n<h3 class=\"wp-block-heading\"><span class=\"ez-toc-section\" id=\"40_Singita_%E2%80%94_Kruger_Nemzeti_Park\"><\/span>40. Singita \u2014 Kruger Nemzeti Park<span class=\"ez-toc-section-end\"><\/span><\/h3>\n\n\n\n<p class=\"wp-block-paragraph\">A Singita m\u00e1rka a \u201ek\u00f6nnyed\u00e9n \u00e9rinteni a f\u00f6ldet\u201d filoz\u00f3fi\u00e1t vallja, k\u00e9t lodge-a, a Lebombo \u00e9s a Sweni pedig <strong>az afrikai \u00f6koturizmus abszol\u00fat cs\u00facs\u00e1t<\/strong> jelenti. Mind\u00f6ssze 22 lakoszt\u00e1llyal, amelyek magasan a Sweni foly\u00f3 f\u00f6l\u00e9, a Kruger Nemzeti Park belsej\u00e9ben l\u00e9v\u0151 \u00f3ri\u00e1si priv\u00e1t koncesszi\u00f3ra \u00e9p\u00fcltek, a vend\u00e9gek itt teljes mag\u00e1nyban, turistat\u00f6megek n\u00e9lk\u00fcl tapasztalj\u00e1k meg a szafarit.<\/p>\n\n\n\n<figure data-wp-context=\"{&quot;galleryId&quot;:&quot;6a953a9da3d4d&quot;}\" data-wp-interactive=\"core\/gallery\" class=\"wp-block-gallery has-nested-images columns-2 is-cropped wp-block-gallery-is-layout-flex wp-block-gallery-15 is-layout-flex\">\n<figure data-wp-context=\"{&quot;imageId&quot;:&quot;6a953a9da403d&quot;}\" data-wp-interactive=\"core\/image\" data-wp-key=\"6a953a9da403d\" class=\"wp-block-image size-large wp-lightbox-container\"><img decoding=\"async\" width=\"1800\" height=\"1192\" data-wp-class--hide=\"state.isContentHidden\" data-wp-class--show=\"state.isContentVisible\" data-wp-init=\"callbacks.setButtonStyles\" data-wp-on--click=\"actions.showLightbox\" data-wp-on--load=\"callbacks.setButtonStyles\" data-wp-on--pointerdown=\"actions.preloadImage\" data-wp-on--pointerenter=\"actions.preloadImageWithDelay\" data-wp-on--pointerleave=\"actions.cancelPreload\" data-wp-on-window--resize=\"callbacks.setButtonStyles\" data-id=\"404834\" src=\"https:\/\/loudavymkrokem.cz\/wp-content\/uploads\/2026\/08\/singita-sweni-3.jpg\" alt=\"A Singita Sweni lodge terasza\" class=\"wp-image-404834\" title=\"\" srcset=\"https:\/\/loudavymkrokem.cz\/wp-content\/uploads\/2026\/08\/singita-sweni-3.jpg 1800w, https:\/\/loudavymkrokem.cz\/wp-content\/uploads\/2026\/08\/singita-sweni-3-300x199.jpg 300w, https:\/\/loudavymkrokem.cz\/wp-content\/uploads\/2026\/08\/singita-sweni-3-700x464.jpg 700w, https:\/\/loudavymkrokem.cz\/wp-content\/uploads\/2026\/08\/singita-sweni-3-768x509.jpg 768w, https:\/\/loudavymkrokem.cz\/wp-content\/uploads\/2026\/08\/singita-sweni-3-1536x1017.jpg 1536w, https:\/\/loudavymkrokem.cz\/wp-content\/uploads\/2026\/08\/singita-sweni-3-696x461.jpg 696w, https:\/\/loudavymkrokem.cz\/wp-content\/uploads\/2026\/08\/singita-sweni-3-1392x922.jpg 1392w\" sizes=\"(max-width: 1800px) 100vw, 1800px\" \/><button\n\t\t\tclass=\"lightbox-trigger\"\n\t\t\ttype=\"button\"\n\t\t\taria-haspopup=\"dialog\"\n\t\t\tdata-wp-bind--aria-label=\"state.thisImage.triggerButtonAriaLabel\"\n\t\t\tdata-wp-init=\"callbacks.initTriggerButton\"\n\t\t\tdata-wp-on--click=\"actions.showLightbox\"\n\t\t\tdata-wp-style--right=\"state.thisImage.buttonRight\"\n\t\t\tdata-wp-style--top=\"state.thisImage.buttonTop\"\n\t\t>\n\t\t\t<svg xmlns=\"http:\/\/www.w3.org\/2000\/svg\" width=\"12\" height=\"12\" fill=\"none\" viewBox=\"0 0 12 12\">\n\t\t\t\t<path fill=\"#fff\" d=\"M2 0a2 2 0 0 0-2 2v2h1.5V2a.5.5 0 0 1 .5-.5h2V0H2Zm2 10.5H2a.5.5 0 0 1-.5-.5V8H0v2a2 2 0 0 0 2 2h2v-1.5ZM8 12v-1.5h2a.5.5 0 0 0 .5-.5V8H12v2a2 2 0 0 1-2 2H8Zm2-12a2 2 0 0 1 2 2v2h-1.5V2a.5.5 0 0 0-.5-.5H8V0h2Z\" \/>\n\t\t\t<\/svg>\n\t\t<\/button><figcaption class=\"wp-element-caption\">Fot\u00f3: Singita \/ hivatalos weboldal<\/figcaption><\/figure>\n<\/figure>\n\n\n\n<p class=\"wp-block-paragraph\">Minden lakoszt\u00e1ly padl\u00f3t\u00f3l a mennyezetig \u00fcvegezett, \u00e9s <strong>belt\u00e9ri \u00e9s k\u00fclt\u00e9ri zuhannyal<\/strong> vagy priv\u00e1t faterasszal, valamint pihen\u0151\u00e1gyakkal rendelkezik a vad\u00e1llatok megfigyel\u00e9s\u00e9hez. A tart\u00f3zkod\u00e1s \u00e1r\u00e1ban nemcsak a luxusreggelik \u00e9s -eb\u00e9dek szerepelnek, hanem els\u0151sorban a reggeli \u00e9s esti kir\u00e1ndul\u00e1sok speci\u00e1lis Land Rover aut\u00f3kkal, az orsz\u00e1g legtapasztaltabb idegenvezet\u0151ivel. <strong>\ud83d\udca1 Tipp:<\/strong> Ne hagyd ki a <strong>hagyom\u00e1nyos afrikai boma vacsor\u00e1kat<\/strong>, amelyeket a szabad \u00e9g alatt szolg\u00e1lnak fel, amelyet csak a csillagok \u00e9s az \u00f3ri\u00e1si f\u00e1k koron\u00e1iban l\u00e9v\u0151 l\u00e1mp\u00e1sok vil\u00e1g\u00edtanak meg. <em>(D\u00e9l-afrikai K\u00f6zt\u00e1rsas\u00e1g \u2022 22 szoba \u2022 1900 USD-t\u00f3l \/ kb. 617 000 Ft)<\/em> <a href=\"https:\/\/www.stay22.com\/allez\/roam?aid=lukaskonecny&amp;campaign=loudavymkrokemcz&amp;campaign=nejluxusnejsi-hotely-sveta&amp;hotelname=Singita%20Sweni%20Lodge&amp;address=Kruger%20National%20Park%2C%20JAR\" target=\"_blank\" rel=\"nofollow noopener sponsored\">\u00e1rak \u00e9s el\u00e9rhet\u0151s\u00e9g ellen\u0151rz\u00e9se<\/a><\/p>\n\n\n\n<figure data-wp-context=\"{&quot;imageId&quot;:&quot;6a953a9da44f5&quot;}\" data-wp-interactive=\"core\/image\" data-wp-key=\"6a953a9da44f5\" class=\"wp-block-image size-full wp-lightbox-container\"><img decoding=\"async\" width=\"1800\" height=\"1199\" data-wp-class--hide=\"state.isContentHidden\" data-wp-class--show=\"state.isContentVisible\" data-wp-init=\"callbacks.setButtonStyles\" data-wp-on--click=\"actions.showLightbox\" data-wp-on--load=\"callbacks.setButtonStyles\" data-wp-on--pointerdown=\"actions.preloadImage\" data-wp-on--pointerenter=\"actions.preloadImageWithDelay\" data-wp-on--pointerleave=\"actions.cancelPreload\" data-wp-on-window--resize=\"callbacks.setButtonStyles\" src=\"https:\/\/loudavymkrokem.cz\/wp-content\/uploads\/2026\/08\/the-mark-hoteld1-1.jpg\" alt=\"The Mark a New York-i Upper East Side-on\" class=\"wp-image-404831\" title=\"\" srcset=\"https:\/\/loudavymkrokem.cz\/wp-content\/uploads\/2026\/08\/the-mark-hoteld1-1.jpg 1800w, https:\/\/loudavymkrokem.cz\/wp-content\/uploads\/2026\/08\/the-mark-hoteld1-1-300x200.jpg 300w, https:\/\/loudavymkrokem.cz\/wp-content\/uploads\/2026\/08\/the-mark-hoteld1-1-700x466.jpg 700w, https:\/\/loudavymkrokem.cz\/wp-content\/uploads\/2026\/08\/the-mark-hoteld1-1-768x512.jpg 768w, https:\/\/loudavymkrokem.cz\/wp-content\/uploads\/2026\/08\/the-mark-hoteld1-1-1536x1023.jpg 1536w, https:\/\/loudavymkrokem.cz\/wp-content\/uploads\/2026\/08\/the-mark-hoteld1-1-696x464.jpg 696w, https:\/\/loudavymkrokem.cz\/wp-content\/uploads\/2026\/08\/the-mark-hoteld1-1-1392x927.jpg 1392w\" sizes=\"(max-width: 1800px) 100vw, 1800px\" \/><button\n\t\t\tclass=\"lightbox-trigger\"\n\t\t\ttype=\"button\"\n\t\t\taria-haspopup=\"dialog\"\n\t\t\tdata-wp-bind--aria-label=\"state.thisImage.triggerButtonAriaLabel\"\n\t\t\tdata-wp-init=\"callbacks.initTriggerButton\"\n\t\t\tdata-wp-on--click=\"actions.showLightbox\"\n\t\t\tdata-wp-style--right=\"state.thisImage.buttonRight\"\n\t\t\tdata-wp-style--top=\"state.thisImage.buttonTop\"\n\t\t>\n\t\t\t<svg xmlns=\"http:\/\/www.w3.org\/2000\/svg\" width=\"12\" height=\"12\" fill=\"none\" viewBox=\"0 0 12 12\">\n\t\t\t\t<path fill=\"#fff\" d=\"M2 0a2 2 0 0 0-2 2v2h1.5V2a.5.5 0 0 1 .5-.5h2V0H2Zm2 10.5H2a.5.5 0 0 1-.5-.5V8H0v2a2 2 0 0 0 2 2h2v-1.5ZM8 12v-1.5h2a.5.5 0 0 0 .5-.5V8H12v2a2 2 0 0 1-2 2H8Zm2-12a2 2 0 0 1 2 2v2h-1.5V2a.5.5 0 0 0-.5-.5H8V0h2Z\" \/>\n\t\t\t<\/svg>\n\t\t<\/button><figcaption class=\"wp-element-caption\">Fot\u00f3: The Mark Hotel \/ hivatalos weboldal<\/figcaption><\/figure>\n\n\n\n<h3 class=\"wp-block-heading\"><span class=\"ez-toc-section\" id=\"43_The_Mark\"><\/span>43. The Mark<span class=\"ez-toc-section-end\"><\/span><\/h3>\n\n\n\n<p class=\"wp-block-paragraph\">Ez a butiksz\u00e1lloda egy h\u00faszas \u00e9vekbeli t\u00f6rt\u00e9nelmi \u00e9p\u00fcletben m\u0171k\u00f6dik a tekint\u00e9lyes Madison Avenue-n, \u00e9s <strong>a New York-i Upper East Side egyik legst\u00edlusosabb mened\u00e9k\u00e9nek<\/strong> sz\u00e1m\u00edt. Jacques Grange tervez\u0151 a 153 szob\u00e1t a monokr\u00f3m cs\u00edkok, a f\u00f6ldsz\u00ednek \u00e9s a felt\u0171n\u0151 modern m\u0171v\u00e9szet kombin\u00e1ci\u00f3j\u00e1val rendezte be, amely a sz\u00e1llod\u00e1nak \u00f6sszet\u00e9veszthetetlen avantg\u00e1rd jelleget k\u00f6lcs\u00f6n\u00f6z.<\/p>\n\n\n\n<figure data-wp-context=\"{&quot;galleryId&quot;:&quot;6a953a9da47da&quot;}\" data-wp-interactive=\"core\/gallery\" class=\"wp-block-gallery has-nested-images columns-2 is-cropped wp-block-gallery-is-layout-flex wp-block-gallery-16 is-layout-flex\">\n<figure data-wp-context=\"{&quot;imageId&quot;:&quot;6a953a9da4b7e&quot;}\" data-wp-interactive=\"core\/image\" data-wp-key=\"6a953a9da4b7e\" class=\"wp-block-image size-large wp-lightbox-container\"><img decoding=\"async\" width=\"1105\" height=\"607\" data-wp-class--hide=\"state.isContentHidden\" data-wp-class--show=\"state.isContentVisible\" data-wp-init=\"callbacks.setButtonStyles\" data-wp-on--click=\"actions.showLightbox\" data-wp-on--load=\"callbacks.setButtonStyles\" data-wp-on--pointerdown=\"actions.preloadImage\" data-wp-on--pointerenter=\"actions.preloadImageWithDelay\" data-wp-on--pointerleave=\"actions.cancelPreload\" data-wp-on-window--resize=\"callbacks.setButtonStyles\" data-id=\"404832\" src=\"https:\/\/loudavymkrokem.cz\/wp-content\/uploads\/2026\/08\/the-mark-hoteld1-2.jpg\" alt=\"A The Mark bels\u0151 tere Jacques Grange-t\u00f3l\" class=\"wp-image-404832\" title=\"\" srcset=\"https:\/\/loudavymkrokem.cz\/wp-content\/uploads\/2026\/08\/the-mark-hoteld1-2.jpg 1105w, https:\/\/loudavymkrokem.cz\/wp-content\/uploads\/2026\/08\/the-mark-hoteld1-2-300x165.jpg 300w, https:\/\/loudavymkrokem.cz\/wp-content\/uploads\/2026\/08\/the-mark-hoteld1-2-700x385.jpg 700w, https:\/\/loudavymkrokem.cz\/wp-content\/uploads\/2026\/08\/the-mark-hoteld1-2-768x422.jpg 768w, https:\/\/loudavymkrokem.cz\/wp-content\/uploads\/2026\/08\/the-mark-hoteld1-2-696x382.jpg 696w\" sizes=\"(max-width: 1105px) 100vw, 1105px\" \/><button\n\t\t\tclass=\"lightbox-trigger\"\n\t\t\ttype=\"button\"\n\t\t\taria-haspopup=\"dialog\"\n\t\t\tdata-wp-bind--aria-label=\"state.thisImage.triggerButtonAriaLabel\"\n\t\t\tdata-wp-init=\"callbacks.initTriggerButton\"\n\t\t\tdata-wp-on--click=\"actions.showLightbox\"\n\t\t\tdata-wp-style--right=\"state.thisImage.buttonRight\"\n\t\t\tdata-wp-style--top=\"state.thisImage.buttonTop\"\n\t\t>\n\t\t\t<svg xmlns=\"http:\/\/www.w3.org\/2000\/svg\" width=\"12\" height=\"12\" fill=\"none\" viewBox=\"0 0 12 12\">\n\t\t\t\t<path fill=\"#fff\" d=\"M2 0a2 2 0 0 0-2 2v2h1.5V2a.5.5 0 0 1 .5-.5h2V0H2Zm2 10.5H2a.5.5 0 0 1-.5-.5V8H0v2a2 2 0 0 0 2 2h2v-1.5ZM8 12v-1.5h2a.5.5 0 0 0 .5-.5V8H12v2a2 2 0 0 1-2 2H8Zm2-12a2 2 0 0 1 2 2v2h-1.5V2a.5.5 0 0 0-.5-.5H8V0h2Z\" \/>\n\t\t\t<\/svg>\n\t\t<\/button><figcaption class=\"wp-element-caption\">Fot\u00f3: The Mark Hotel \/ hivatalos weboldal<\/figcaption><\/figure>\n<\/figure>\n\n\n\n<p class=\"wp-block-paragraph\">A divatelit kedvelt mened\u00e9ke, \u00e9s \u00e9pp itt <strong>k\u00e9sz\u00fclnek fel a h\u00edress\u00e9gek, k\u00f6zt\u00fck a h\u00edres Anna Wintour<\/strong> az \u00e9venk\u00e9nti m\u00e1rciusi Met Gala el\u0151tt. A gasztron\u00f3mi\u00e1t a szt\u00e1rs\u00e9f Jean-Georges Vongerichten ir\u00e1ny\u00edtja, \u00e9s a p\u00e1rizsi Caviar Kaspia egyik fi\u00f3kja sem hi\u00e1nyzik a h\u00edres k\u00e9tszer s\u00fclt krumplijukkal. <strong>\ud83d\udca1 Tipp:<\/strong> A ny\u00e1ri h\u00f3napokban <strong>k\u00f3stold meg a luxus utcai \u00e9telt<\/strong>, amelyet Jean-Georges k\u00f6zvetlen\u00fcl a sz\u00e1lloda el\u0151tt \u00e1rul egy speci\u00e1lisan \u00e1talak\u00edtott hotdogos kocsir\u00f3l. <em>(New York, USA \u2022 153 szoba \u2022 800 USD-t\u00f3l \/ kb. 260 000 Ft)<\/em> <a href=\"https:\/\/www.stay22.com\/allez\/roam?aid=lukaskonecny&amp;campaign=loudavymkrokemcz&amp;campaign=nejluxusnejsi-hotely-sveta&amp;hotelname=The%20Mark&amp;address=New%20York%2C%20USA\" target=\"_blank\" rel=\"nofollow noopener sponsored\">\u00e1rak \u00e9s el\u00e9rhet\u0151s\u00e9g ellen\u0151rz\u00e9se<\/a><\/p>\n\n\n\n<figure data-wp-context=\"{&quot;imageId&quot;:&quot;6a953a9da5197&quot;}\" data-wp-interactive=\"core\/image\" data-wp-key=\"6a953a9da5197\" class=\"wp-block-image size-full wp-lightbox-container\"><img decoding=\"async\" width=\"1600\" height=\"1067\" data-wp-class--hide=\"state.isContentHidden\" data-wp-class--show=\"state.isContentVisible\" data-wp-init=\"callbacks.setButtonStyles\" data-wp-on--click=\"actions.showLightbox\" data-wp-on--load=\"callbacks.setButtonStyles\" data-wp-on--pointerdown=\"actions.preloadImage\" data-wp-on--pointerenter=\"actions.preloadImageWithDelay\" data-wp-on--pointerleave=\"actions.cancelPreload\" data-wp-on-window--resize=\"callbacks.setButtonStyles\" src=\"https:\/\/loudavymkrokem.cz\/wp-content\/uploads\/2026\/08\/grand-park-hotel-rovinj-nad-istrijsk-m-pob-e-m.jpg\" alt=\"Grand Park Hotel Rovinj az isztriai tengerpart felett\" class=\"wp-image-404558\" title=\"\" srcset=\"https:\/\/loudavymkrokem.cz\/wp-content\/uploads\/2026\/08\/grand-park-hotel-rovinj-nad-istrijsk-m-pob-e-m.jpg 1600w, https:\/\/loudavymkrokem.cz\/wp-content\/uploads\/2026\/08\/grand-park-hotel-rovinj-nad-istrijsk-m-pob-e-m-300x200.jpg 300w, https:\/\/loudavymkrokem.cz\/wp-content\/uploads\/2026\/08\/grand-park-hotel-rovinj-nad-istrijsk-m-pob-e-m-700x467.jpg 700w, https:\/\/loudavymkrokem.cz\/wp-content\/uploads\/2026\/08\/grand-park-hotel-rovinj-nad-istrijsk-m-pob-e-m-768x512.jpg 768w, https:\/\/loudavymkrokem.cz\/wp-content\/uploads\/2026\/08\/grand-park-hotel-rovinj-nad-istrijsk-m-pob-e-m-1536x1024.jpg 1536w, https:\/\/loudavymkrokem.cz\/wp-content\/uploads\/2026\/08\/grand-park-hotel-rovinj-nad-istrijsk-m-pob-e-m-696x464.jpg 696w, https:\/\/loudavymkrokem.cz\/wp-content\/uploads\/2026\/08\/grand-park-hotel-rovinj-nad-istrijsk-m-pob-e-m-1392x928.jpg 1392w\" sizes=\"(max-width: 1600px) 100vw, 1600px\" \/><button\n\t\t\tclass=\"lightbox-trigger\"\n\t\t\ttype=\"button\"\n\t\t\taria-haspopup=\"dialog\"\n\t\t\tdata-wp-bind--aria-label=\"state.thisImage.triggerButtonAriaLabel\"\n\t\t\tdata-wp-init=\"callbacks.initTriggerButton\"\n\t\t\tdata-wp-on--click=\"actions.showLightbox\"\n\t\t\tdata-wp-style--right=\"state.thisImage.buttonRight\"\n\t\t\tdata-wp-style--top=\"state.thisImage.buttonTop\"\n\t\t>\n\t\t\t<svg xmlns=\"http:\/\/www.w3.org\/2000\/svg\" width=\"12\" height=\"12\" fill=\"none\" viewBox=\"0 0 12 12\">\n\t\t\t\t<path fill=\"#fff\" d=\"M2 0a2 2 0 0 0-2 2v2h1.5V2a.5.5 0 0 1 .5-.5h2V0H2Zm2 10.5H2a.5.5 0 0 1-.5-.5V8H0v2a2 2 0 0 0 2 2h2v-1.5ZM8 12v-1.5h2a.5.5 0 0 0 .5-.5V8H12v2a2 2 0 0 1-2 2H8Zm2-12a2 2 0 0 1 2 2v2h-1.5V2a.5.5 0 0 0-.5-.5H8V0h2Z\" \/>\n\t\t\t<\/svg>\n\t\t<\/button><figcaption class=\"wp-element-caption\">Fot\u00f3: Grand Park Hotel Rovinj by Maistra Collection \/ Google Maps<\/figcaption><\/figure>\n\n\n\n<h3 class=\"wp-block-heading\"><span class=\"ez-toc-section\" id=\"48_Grand_Park_Hotel_Rovinj\"><\/span>48. Grand Park Hotel Rovinj<span class=\"ez-toc-section-end\"><\/span><\/h3>\n\n\n\n<p class=\"wp-block-paragraph\">Ez a 209 szob\u00e1s \u00e9p\u00edt\u00e9szeti \u00e9kszer <strong>a gy\u00f6ny\u00f6r\u0171 horv\u00e1t Isztri\u00e1n<\/strong> fekszik, \u00e9s kaszk\u00e1dszer\u0171en \u00e1gyaz\u00f3dik egy erd\u0151s lejt\u0151be, k\u00f6zvetlen\u00fcl a t\u00f6rt\u00e9nelmi Rovinj v\u00e1ros\u00e1val szemben. A horv\u00e1t 3LHD st\u00fadi\u00f3 \u00e9s a mil\u00e1n\u00f3i Piero Lissoni tervez\u0151 projektje mesterien k\u00f6ti \u00f6ssze a fa \u00e9s a k\u0151 meleg t\u00f3nusait a k\u00f6rnyez\u0151 sz\u00e1z\u00e9ves feny\u0151f\u00e1kkal \u00e9s a z\u00f6ldtet\u0151kkel.<\/p>\n\n\n\n<figure data-wp-context=\"{&quot;galleryId&quot;:&quot;6a953a9da546c&quot;}\" data-wp-interactive=\"core\/gallery\" class=\"wp-block-gallery has-nested-images columns-2 is-cropped wp-block-gallery-is-layout-flex wp-block-gallery-17 is-layout-flex\">\n<figure data-wp-context=\"{&quot;imageId&quot;:&quot;6a953a9da580e&quot;}\" data-wp-interactive=\"core\/image\" data-wp-key=\"6a953a9da580e\" class=\"wp-block-image size-large wp-lightbox-container\"><img decoding=\"async\" width=\"1200\" height=\"675\" data-wp-class--hide=\"state.isContentHidden\" data-wp-class--show=\"state.isContentVisible\" data-wp-init=\"callbacks.setButtonStyles\" data-wp-on--click=\"actions.showLightbox\" data-wp-on--load=\"callbacks.setButtonStyles\" data-wp-on--pointerdown=\"actions.preloadImage\" data-wp-on--pointerenter=\"actions.preloadImageWithDelay\" data-wp-on--pointerleave=\"actions.cancelPreload\" data-wp-on-window--resize=\"callbacks.setButtonStyles\" data-id=\"404830\" src=\"https:\/\/loudavymkrokem.cz\/wp-content\/uploads\/2026\/08\/grand-park-hotel-rovinj-by-maistra-collectio-1.jpg\" alt=\"Grand Park Hotel Rovinj az isztriai tengerpart felett\" class=\"wp-image-404830\" title=\"\" srcset=\"https:\/\/loudavymkrokem.cz\/wp-content\/uploads\/2026\/08\/grand-park-hotel-rovinj-by-maistra-collectio-1.jpg 1200w, https:\/\/loudavymkrokem.cz\/wp-content\/uploads\/2026\/08\/grand-park-hotel-rovinj-by-maistra-collectio-1-300x169.jpg 300w, https:\/\/loudavymkrokem.cz\/wp-content\/uploads\/2026\/08\/grand-park-hotel-rovinj-by-maistra-collectio-1-700x394.jpg 700w, https:\/\/loudavymkrokem.cz\/wp-content\/uploads\/2026\/08\/grand-park-hotel-rovinj-by-maistra-collectio-1-768x432.jpg 768w, https:\/\/loudavymkrokem.cz\/wp-content\/uploads\/2026\/08\/grand-park-hotel-rovinj-by-maistra-collectio-1-696x392.jpg 696w\" sizes=\"(max-width: 1200px) 100vw, 1200px\" \/><button\n\t\t\tclass=\"lightbox-trigger\"\n\t\t\ttype=\"button\"\n\t\t\taria-haspopup=\"dialog\"\n\t\t\tdata-wp-bind--aria-label=\"state.thisImage.triggerButtonAriaLabel\"\n\t\t\tdata-wp-init=\"callbacks.initTriggerButton\"\n\t\t\tdata-wp-on--click=\"actions.showLightbox\"\n\t\t\tdata-wp-style--right=\"state.thisImage.buttonRight\"\n\t\t\tdata-wp-style--top=\"state.thisImage.buttonTop\"\n\t\t>\n\t\t\t<svg xmlns=\"http:\/\/www.w3.org\/2000\/svg\" width=\"12\" height=\"12\" fill=\"none\" viewBox=\"0 0 12 12\">\n\t\t\t\t<path fill=\"#fff\" d=\"M2 0a2 2 0 0 0-2 2v2h1.5V2a.5.5 0 0 1 .5-.5h2V0H2Zm2 10.5H2a.5.5 0 0 1-.5-.5V8H0v2a2 2 0 0 0 2 2h2v-1.5ZM8 12v-1.5h2a.5.5 0 0 0 .5-.5V8H12v2a2 2 0 0 1-2 2H8Zm2-12a2 2 0 0 1 2 2v2h-1.5V2a.5.5 0 0 0-.5-.5H8V0h2Z\" \/>\n\t\t\t<\/svg>\n\t\t<\/button><figcaption class=\"wp-element-caption\">Fot\u00f3: Maistra \/ hivatalos weboldal<\/figcaption><\/figure>\n<\/figure>\n\n\n\n<p class=\"wp-block-paragraph\">A legnagyobb b\u00fcszkes\u00e9g egy \u00f3ri\u00e1si wellnessk\u00f6zpont t\u00f6bb szaun\u00e1val \u00e9s egy <strong>\u00f6tvenm\u00e9teres k\u00fclt\u00e9ri v\u00e9gtelenmedenc\u00e9vel<\/strong>, ahonnan egyenesen Szent Katalin sziget\u00e9re ny\u00edlik kil\u00e1t\u00e1s. A sz\u00e1lloda a horv\u00e1t gasztron\u00f3mia hat\u00e1rait is feszegeti az Agli Amici Rovinj \u00e9tterem j\u00f3volt\u00e1b\u00f3l, amely az orsz\u00e1gban els\u0151k\u00e9nt \u00e9rdemelt ki r\u00f6gt\u00f6n k\u00e9t Michelin-csillagot. <strong>\ud83d\udca1 Tipp:<\/strong> A luxus\u00e9tkez\u00e9sen k\u00edv\u00fcl <strong>remek, laza b\u00e1rokat is tal\u00e1lsz k\u00f6zvetlen\u00fcl a medence mellett<\/strong>, ahol fantasztikus isztriai finoms\u00e1gokat szolg\u00e1lnak fel, form\u00e1lis \u00f6lt\u00f6z\u00e9k n\u00e9lk\u00fcl. <em>(Rovinj, Isztria, Horv\u00e1torsz\u00e1g \u2022 209 szoba \u2022 300 USD-t\u00f3l \/ kb. 97 000 Ft)<\/em> <a href=\"https:\/\/www.stay22.com\/allez\/roam?aid=lukaskonecny&amp;campaign=loudavymkrokemcz&amp;campaign=nejluxusnejsi-hotely-sveta&amp;hotelname=Grand%20Park%20Hotel%20Rovinj&amp;address=Rovinj%2C%20Chorvatsko\" target=\"_blank\" rel=\"nofollow noopener sponsored\">\u00e1rak \u00e9s el\u00e9rhet\u0151s\u00e9g ellen\u0151rz\u00e9se<\/a><\/p>\n\n\n\n<figure data-wp-context=\"{&quot;imageId&quot;:&quot;6a953a9da5ec3&quot;}\" data-wp-interactive=\"core\/image\" data-wp-key=\"6a953a9da5ec3\" class=\"wp-block-image size-full wp-lightbox-container\"><img decoding=\"async\" width=\"1800\" height=\"1200\" data-wp-class--hide=\"state.isContentHidden\" data-wp-class--show=\"state.isContentVisible\" data-wp-init=\"callbacks.setButtonStyles\" data-wp-on--click=\"actions.showLightbox\" data-wp-on--load=\"callbacks.setButtonStyles\" data-wp-on--pointerdown=\"actions.preloadImage\" data-wp-on--pointerenter=\"actions.preloadImageWithDelay\" data-wp-on--pointerleave=\"actions.cancelPreload\" data-wp-on-window--resize=\"callbacks.setButtonStyles\" src=\"https:\/\/loudavymkrokem.cz\/wp-content\/uploads\/2026\/08\/hotel-sacher-vienna-1.jpg\" alt=\"A Hotel Sacher a b\u00e9csi oper\u00e1val szemben\" class=\"wp-image-404826\" title=\"\" srcset=\"https:\/\/loudavymkrokem.cz\/wp-content\/uploads\/2026\/08\/hotel-sacher-vienna-1.jpg 1800w, https:\/\/loudavymkrokem.cz\/wp-content\/uploads\/2026\/08\/hotel-sacher-vienna-1-300x200.jpg 300w, https:\/\/loudavymkrokem.cz\/wp-content\/uploads\/2026\/08\/hotel-sacher-vienna-1-700x467.jpg 700w, https:\/\/loudavymkrokem.cz\/wp-content\/uploads\/2026\/08\/hotel-sacher-vienna-1-768x512.jpg 768w, https:\/\/loudavymkrokem.cz\/wp-content\/uploads\/2026\/08\/hotel-sacher-vienna-1-1536x1024.jpg 1536w, https:\/\/loudavymkrokem.cz\/wp-content\/uploads\/2026\/08\/hotel-sacher-vienna-1-696x464.jpg 696w, https:\/\/loudavymkrokem.cz\/wp-content\/uploads\/2026\/08\/hotel-sacher-vienna-1-1392x928.jpg 1392w\" sizes=\"(max-width: 1800px) 100vw, 1800px\" \/><button\n\t\t\tclass=\"lightbox-trigger\"\n\t\t\ttype=\"button\"\n\t\t\taria-haspopup=\"dialog\"\n\t\t\tdata-wp-bind--aria-label=\"state.thisImage.triggerButtonAriaLabel\"\n\t\t\tdata-wp-init=\"callbacks.initTriggerButton\"\n\t\t\tdata-wp-on--click=\"actions.showLightbox\"\n\t\t\tdata-wp-style--right=\"state.thisImage.buttonRight\"\n\t\t\tdata-wp-style--top=\"state.thisImage.buttonTop\"\n\t\t>\n\t\t\t<svg xmlns=\"http:\/\/www.w3.org\/2000\/svg\" width=\"12\" height=\"12\" fill=\"none\" viewBox=\"0 0 12 12\">\n\t\t\t\t<path fill=\"#fff\" d=\"M2 0a2 2 0 0 0-2 2v2h1.5V2a.5.5 0 0 1 .5-.5h2V0H2Zm2 10.5H2a.5.5 0 0 1-.5-.5V8H0v2a2 2 0 0 0 2 2h2v-1.5ZM8 12v-1.5h2a.5.5 0 0 0 .5-.5V8H12v2a2 2 0 0 1-2 2H8Zm2-12a2 2 0 0 1 2 2v2h-1.5V2a.5.5 0 0 0-.5-.5H8V0h2Z\" \/>\n\t\t\t<\/svg>\n\t\t<\/button><figcaption class=\"wp-element-caption\">Fot\u00f3: Hotel Sacher \/ hivatalos weboldal<\/figcaption><\/figure>\n\n\n\n<h3 class=\"wp-block-heading\"><span class=\"ez-toc-section\" id=\"49_Hotel_Sacher_Wien\"><\/span>49. Hotel Sacher Wien<span class=\"ez-toc-section-end\"><\/span><\/h3>\n\n\n\n<p class=\"wp-block-paragraph\">Ez a b\u00e9csi \u00e9kszer mind\u00f6ssze egy ugr\u00e1sra van a hat\u00e1rainkt\u00f3l, t\u00f6rt\u00e9nelm\u00e9t pedig <strong>m\u00e1r 1876 \u00f3ta<\/strong> \u00edrja, amikor a h\u00edres Sacher-torta megalkot\u00f3j\u00e1nak fia alap\u00edtotta. Ma 152 eleg\u00e1ns szob\u00e1t tal\u00e1lsz itt, amelyek bels\u0151 tereit Pierre-Yves Rochon tervez\u0151 alkotta meg, \u00e9s b\u00e1rsonnyal, parkett\u00e1val, valamint k\u00e1pr\u00e1zatos krist\u00e1lycsill\u00e1rokkal rendezte be.<\/p>\n\n\n\n<figure data-wp-context=\"{&quot;galleryId&quot;:&quot;6a953a9da6161&quot;}\" data-wp-interactive=\"core\/gallery\" class=\"wp-block-gallery has-nested-images columns-2 is-cropped wp-block-gallery-is-layout-flex wp-block-gallery-18 is-layout-flex\">\n<figure data-wp-context=\"{&quot;imageId&quot;:&quot;6a953a9da644d&quot;}\" data-wp-interactive=\"core\/image\" data-wp-key=\"6a953a9da644d\" class=\"wp-block-image size-large wp-lightbox-container\"><img decoding=\"async\" width=\"1800\" height=\"1201\" data-wp-class--hide=\"state.isContentHidden\" data-wp-class--show=\"state.isContentVisible\" data-wp-init=\"callbacks.setButtonStyles\" data-wp-on--click=\"actions.showLightbox\" data-wp-on--load=\"callbacks.setButtonStyles\" data-wp-on--pointerdown=\"actions.preloadImage\" data-wp-on--pointerenter=\"actions.preloadImageWithDelay\" data-wp-on--pointerleave=\"actions.cancelPreload\" data-wp-on-window--resize=\"callbacks.setButtonStyles\" data-id=\"404827\" src=\"https:\/\/loudavymkrokem.cz\/wp-content\/uploads\/2026\/08\/hotel-sacher-vienna-2.jpg\" alt=\"A Hotel Sacher bels\u0151 tere\" class=\"wp-image-404827\" title=\"\" srcset=\"https:\/\/loudavymkrokem.cz\/wp-content\/uploads\/2026\/08\/hotel-sacher-vienna-2.jpg 1800w, https:\/\/loudavymkrokem.cz\/wp-content\/uploads\/2026\/08\/hotel-sacher-vienna-2-300x200.jpg 300w, https:\/\/loudavymkrokem.cz\/wp-content\/uploads\/2026\/08\/hotel-sacher-vienna-2-700x467.jpg 700w, https:\/\/loudavymkrokem.cz\/wp-content\/uploads\/2026\/08\/hotel-sacher-vienna-2-768x512.jpg 768w, https:\/\/loudavymkrokem.cz\/wp-content\/uploads\/2026\/08\/hotel-sacher-vienna-2-1536x1025.jpg 1536w, https:\/\/loudavymkrokem.cz\/wp-content\/uploads\/2026\/08\/hotel-sacher-vienna-2-696x464.jpg 696w, https:\/\/loudavymkrokem.cz\/wp-content\/uploads\/2026\/08\/hotel-sacher-vienna-2-1392x929.jpg 1392w\" sizes=\"(max-width: 1800px) 100vw, 1800px\" \/><button\n\t\t\tclass=\"lightbox-trigger\"\n\t\t\ttype=\"button\"\n\t\t\taria-haspopup=\"dialog\"\n\t\t\tdata-wp-bind--aria-label=\"state.thisImage.triggerButtonAriaLabel\"\n\t\t\tdata-wp-init=\"callbacks.initTriggerButton\"\n\t\t\tdata-wp-on--click=\"actions.showLightbox\"\n\t\t\tdata-wp-style--right=\"state.thisImage.buttonRight\"\n\t\t\tdata-wp-style--top=\"state.thisImage.buttonTop\"\n\t\t>\n\t\t\t<svg xmlns=\"http:\/\/www.w3.org\/2000\/svg\" width=\"12\" height=\"12\" fill=\"none\" viewBox=\"0 0 12 12\">\n\t\t\t\t<path fill=\"#fff\" d=\"M2 0a2 2 0 0 0-2 2v2h1.5V2a.5.5 0 0 1 .5-.5h2V0H2Zm2 10.5H2a.5.5 0 0 1-.5-.5V8H0v2a2 2 0 0 0 2 2h2v-1.5ZM8 12v-1.5h2a.5.5 0 0 0 .5-.5V8H12v2a2 2 0 0 1-2 2H8Zm2-12a2 2 0 0 1 2 2v2h-1.5V2a.5.5 0 0 0-.5-.5H8V0h2Z\" \/>\n\t\t\t<\/svg>\n\t\t<\/button><figcaption class=\"wp-element-caption\">Fot\u00f3: Hotel Sacher \/ hivatalos weboldal<\/figcaption><\/figure>\n\n\n\n<figure data-wp-context=\"{&quot;imageId&quot;:&quot;6a953a9da67da&quot;}\" data-wp-interactive=\"core\/image\" data-wp-key=\"6a953a9da67da\" class=\"wp-block-image size-large wp-lightbox-container\"><img decoding=\"async\" width=\"1800\" height=\"1201\" data-wp-class--hide=\"state.isContentHidden\" data-wp-class--show=\"state.isContentVisible\" data-wp-init=\"callbacks.setButtonStyles\" data-wp-on--click=\"actions.showLightbox\" data-wp-on--load=\"callbacks.setButtonStyles\" data-wp-on--pointerdown=\"actions.preloadImage\" data-wp-on--pointerenter=\"actions.preloadImageWithDelay\" data-wp-on--pointerleave=\"actions.cancelPreload\" data-wp-on-window--resize=\"callbacks.setButtonStyles\" data-id=\"404828\" src=\"https:\/\/loudavymkrokem.cz\/wp-content\/uploads\/2026\/08\/hotel-sacher-vienna-3.jpg\" alt=\"Lakoszt\u00e1ly a Hotel Sacherban\" class=\"wp-image-404828\" title=\"\" srcset=\"https:\/\/loudavymkrokem.cz\/wp-content\/uploads\/2026\/08\/hotel-sacher-vienna-3.jpg 1800w, https:\/\/loudavymkrokem.cz\/wp-content\/uploads\/2026\/08\/hotel-sacher-vienna-3-300x200.jpg 300w, https:\/\/loudavymkrokem.cz\/wp-content\/uploads\/2026\/08\/hotel-sacher-vienna-3-700x467.jpg 700w, https:\/\/loudavymkrokem.cz\/wp-content\/uploads\/2026\/08\/hotel-sacher-vienna-3-768x512.jpg 768w, https:\/\/loudavymkrokem.cz\/wp-content\/uploads\/2026\/08\/hotel-sacher-vienna-3-1536x1025.jpg 1536w, https:\/\/loudavymkrokem.cz\/wp-content\/uploads\/2026\/08\/hotel-sacher-vienna-3-696x464.jpg 696w, https:\/\/loudavymkrokem.cz\/wp-content\/uploads\/2026\/08\/hotel-sacher-vienna-3-1392x929.jpg 1392w\" sizes=\"(max-width: 1800px) 100vw, 1800px\" \/><button\n\t\t\tclass=\"lightbox-trigger\"\n\t\t\ttype=\"button\"\n\t\t\taria-haspopup=\"dialog\"\n\t\t\tdata-wp-bind--aria-label=\"state.thisImage.triggerButtonAriaLabel\"\n\t\t\tdata-wp-init=\"callbacks.initTriggerButton\"\n\t\t\tdata-wp-on--click=\"actions.showLightbox\"\n\t\t\tdata-wp-style--right=\"state.thisImage.buttonRight\"\n\t\t\tdata-wp-style--top=\"state.thisImage.buttonTop\"\n\t\t>\n\t\t\t<svg xmlns=\"http:\/\/www.w3.org\/2000\/svg\" width=\"12\" height=\"12\" fill=\"none\" viewBox=\"0 0 12 12\">\n\t\t\t\t<path fill=\"#fff\" d=\"M2 0a2 2 0 0 0-2 2v2h1.5V2a.5.5 0 0 1 .5-.5h2V0H2Zm2 10.5H2a.5.5 0 0 1-.5-.5V8H0v2a2 2 0 0 0 2 2h2v-1.5ZM8 12v-1.5h2a.5.5 0 0 0 .5-.5V8H12v2a2 2 0 0 1-2 2H8Zm2-12a2 2 0 0 1 2 2v2h-1.5V2a.5.5 0 0 0-.5-.5H8V0h2Z\" \/>\n\t\t\t<\/svg>\n\t\t<\/button><figcaption class=\"wp-element-caption\">Fot\u00f3: Hotel Sacher \/ hivatalos weboldal<\/figcaption><\/figure>\n\n\n\n<figure data-wp-context=\"{&quot;imageId&quot;:&quot;6a953a9da6c3b&quot;}\" data-wp-interactive=\"core\/image\" data-wp-key=\"6a953a9da6c3b\" class=\"wp-block-image size-large wp-lightbox-container\"><img decoding=\"async\" width=\"1800\" height=\"1201\" data-wp-class--hide=\"state.isContentHidden\" data-wp-class--show=\"state.isContentVisible\" data-wp-init=\"callbacks.setButtonStyles\" data-wp-on--click=\"actions.showLightbox\" data-wp-on--load=\"callbacks.setButtonStyles\" data-wp-on--pointerdown=\"actions.preloadImage\" data-wp-on--pointerenter=\"actions.preloadImageWithDelay\" data-wp-on--pointerleave=\"actions.cancelPreload\" data-wp-on-window--resize=\"callbacks.setButtonStyles\" data-id=\"404829\" src=\"https:\/\/loudavymkrokem.cz\/wp-content\/uploads\/2026\/08\/hotel-sacher-vienna-4.jpg\" alt=\"A Hotel Sacher a b\u00e9csi oper\u00e1val szemben\" class=\"wp-image-404829\" title=\"\" srcset=\"https:\/\/loudavymkrokem.cz\/wp-content\/uploads\/2026\/08\/hotel-sacher-vienna-4.jpg 1800w, https:\/\/loudavymkrokem.cz\/wp-content\/uploads\/2026\/08\/hotel-sacher-vienna-4-300x200.jpg 300w, https:\/\/loudavymkrokem.cz\/wp-content\/uploads\/2026\/08\/hotel-sacher-vienna-4-700x467.jpg 700w, https:\/\/loudavymkrokem.cz\/wp-content\/uploads\/2026\/08\/hotel-sacher-vienna-4-768x512.jpg 768w, https:\/\/loudavymkrokem.cz\/wp-content\/uploads\/2026\/08\/hotel-sacher-vienna-4-1536x1025.jpg 1536w, https:\/\/loudavymkrokem.cz\/wp-content\/uploads\/2026\/08\/hotel-sacher-vienna-4-696x464.jpg 696w, https:\/\/loudavymkrokem.cz\/wp-content\/uploads\/2026\/08\/hotel-sacher-vienna-4-1392x929.jpg 1392w\" sizes=\"(max-width: 1800px) 100vw, 1800px\" \/><button\n\t\t\tclass=\"lightbox-trigger\"\n\t\t\ttype=\"button\"\n\t\t\taria-haspopup=\"dialog\"\n\t\t\tdata-wp-bind--aria-label=\"state.thisImage.triggerButtonAriaLabel\"\n\t\t\tdata-wp-init=\"callbacks.initTriggerButton\"\n\t\t\tdata-wp-on--click=\"actions.showLightbox\"\n\t\t\tdata-wp-style--right=\"state.thisImage.buttonRight\"\n\t\t\tdata-wp-style--top=\"state.thisImage.buttonTop\"\n\t\t>\n\t\t\t<svg xmlns=\"http:\/\/www.w3.org\/2000\/svg\" width=\"12\" height=\"12\" fill=\"none\" viewBox=\"0 0 12 12\">\n\t\t\t\t<path fill=\"#fff\" d=\"M2 0a2 2 0 0 0-2 2v2h1.5V2a.5.5 0 0 1 .5-.5h2V0H2Zm2 10.5H2a.5.5 0 0 1-.5-.5V8H0v2a2 2 0 0 0 2 2h2v-1.5ZM8 12v-1.5h2a.5.5 0 0 0 .5-.5V8H12v2a2 2 0 0 1-2 2H8Zm2-12a2 2 0 0 1 2 2v2h-1.5V2a.5.5 0 0 0-.5-.5H8V0h2Z\" \/>\n\t\t\t<\/svg>\n\t\t<\/button><figcaption class=\"wp-element-caption\">Fot\u00f3: Hotel Sacher \/ hivatalos weboldal<\/figcaption><\/figure>\n<\/figure>\n\n\n\n<p class=\"wp-block-paragraph\">A k\u00f6zvetlen\u00fcl az \u00c1llami Oper\u00e1val szemben fekv\u0151 sz\u00e1lloda <strong>olyan neveket fogadott, mint II. Erzs\u00e9bet kir\u00e1lyn\u0151 \u00e9s J. F. Kennedy<\/strong>, \u00e9s h\u00edres az a pillanat is, amikor itt tartotta John Lennon \u00e9s Yoko Ono az \u00e1gyban rendezett b\u00e9k\u00e9s sajt\u00f3konferenci\u00e1j\u00e1t. A gasztron\u00f3mia sz\u00ednek szerint oszlik meg a Piros, a Z\u00f6ld \u00e9s a K\u00e9k b\u00e1rba, a kiszolg\u00e1l\u00e1s pedig m\u00e1ig \u0151rzi a teljes b\u00e9csi t\u00f6k\u00e9letess\u00e9g \u00e9s udvariass\u00e1g h\u00edrnev\u00e9t. <strong>\ud83d\udca1 Tipp:<\/strong> Ha nem szeretn\u00e9l megsz\u00e1llni, <strong>t\u00e9rj be legal\u00e1bb a h\u00edres Sacher Caf\u00e9be<\/strong>, ahol a b\u00e1rsony\u00fcl\u00e9sekkel k\u00f6r\u00fclvett asztaln\u00e1l, zongorasz\u00f3 mellett \u00e9lvezheted az eredeti torta egy szelet\u00e9t. <em>(B\u00e9cs, Ausztria \u2022 152 szoba \u2022 750 USD-t\u00f3l \/ kb. 244 000 Ft)<\/em><\/p>\n\n\n\n<h2 class=\"wp-block-heading\"><span class=\"ez-toc-section\" id=\"A_vilag_legdragabb_lakosztalyai\"><\/span>A vil\u00e1g legdr\u00e1g\u00e1bb lakoszt\u00e1lyai<span class=\"ez-toc-section-end\"><\/span><\/h2>\n\n\n\n<p class=\"wp-block-paragraph\">Amikor a legluxusabb c\u00edmeket vizsg\u00e1ljuk, meg kell eml\u00edten\u00fcnk a bolyg\u00f3 abszol\u00fat legdr\u00e1g\u00e1bb lakoszt\u00e1lyait is. Az abszol\u00fat <strong>Guinness-rekordot a legdr\u00e1g\u00e1bb sz\u00e1llodai szob\u00e1\u00e9rt<\/strong> a New York-i The Mark sz\u00e1lloda luxus <a href=\"https:\/\/www.stay22.com\/allez\/roam?aid=lukaskonecny&amp;campaign=loudavymkrokemcz&amp;campaign=nejluxusnejsi-hotely-sveta&amp;hotelname=The%20Mark&amp;address=New%20York%2C%20USA\" target=\"_blank\" rel=\"nofollow noopener sponsored\">The Mark<\/a> Penthouse tartja. Egyetlen \u00e9jszak\u00e1\u00e9rt itt <strong>csillag\u00e1szati 114 767 doll\u00e1rt<\/strong> fizetsz, az \u00e1rban pedig benne vannak az ad\u00f3k \u00e9s a reggeli is. Ez\u00e9rt cser\u00e9be r\u00f6gt\u00f6n \u00f6t h\u00e1l\u00f3szob\u00e1t, hat f\u00fcrd\u0151szob\u00e1t, egy majdnem nyolcm\u00e9teres mennyezet\u0171 nappalit, egy priv\u00e1t edz\u0151termet, egy k\u00f6nyvt\u00e1rat \u00e9s egy l\u00e9legzetel\u00e1ll\u00edt\u00f3 tet\u0151teraszt kapsz.<\/p>\n\n\n\n<p class=\"wp-block-paragraph\">A legsz\u0171kebb cs\u00facshoz tartozik a The Empathy Suite a Las Vegas-i Palms Casino Resortban is, amelynek \u00e1ra <strong>\u00e9jszak\u00e1nk\u00e9nt 100 000 doll\u00e1r k\u00f6r\u00fcl alakul<\/strong>, \u00e9s a diz\u00e1jnj\u00e1r\u00f3l itt a h\u00edres m\u0171v\u00e9sz, Damien Hirst gondoskodott. Ugyanez az \u00e1rc\u00e9dula szerepel <strong>\u00e1ll\u00edt\u00f3lag a monstr\u00f3zus Royal Mansion Penthouse-on<\/strong> is a dubaji Atlantis The Royal komplexumban. A rekord sok\u00e9ves tart\u00f3ja pedig a genfi Hotel President Wilson Royal Penthouse Suite-je volt, ahol egy \u00e9jszaka 80 000 doll\u00e1r k\u00f6r\u00fcli \u00f6sszegbe ker\u00fcl.<\/p>\n\n\n\n<h2 class=\"wp-block-heading\"><span class=\"ez-toc-section\" id=\"Mennyibe_kerul_valojaban_a_luxus_es_hol_lehet_sporolni\"><\/span>Mennyibe ker\u00fcl val\u00f3j\u00e1ban a luxus, \u00e9s hol lehet sp\u00f3rolni<span class=\"ez-toc-section-end\"><\/span><\/h2>\n\n\n\n<p class=\"wp-block-paragraph\"><em>\ud83d\udca1 Ha az eg\u00e9sz rangsorb\u00f3l legink\u00e1bb a <strong>Grand Park Hotel Rovinj<\/strong> cs\u00e1b\u00edt, mert Magyarorsz\u00e1gr\u00f3l re\u00e1lisan el\u00e9rhet\u0151 aut\u00f3val, <a href=\"https:\/\/www.stay22.com\/allez\/roam?aid=lukaskonecny&amp;campaign=loudavymkrokemcz&amp;campaign=nejluxusnejsi-hotely-sveta&amp;address=Rovinj%2C%20Chorvatsko\" target=\"_blank\" rel=\"nofollow noopener sponsored\">hasonl\u00edtsd \u00f6ssze itt a rovinji sz\u00e1ll\u00e1sok teljes k\u00edn\u00e1lat\u00e1t<\/a> \u2014 a f\u0151szezonon k\u00edv\u00fcl az \u00f6tvenes list\u00e1n szerepl\u0151 sz\u00e1lloda \u00e9s egy \u00e1tlagos n\u00e9gycsillagos k\u00f6z\u00f6tti \u00e1rk\u00fcl\u00f6nbs\u00e9g meglep\u0151en kicsi.<\/em><\/p>\n\n\n\n<p class=\"wp-block-paragraph\">Ez az exkluz\u00edv vil\u00e1g el\u00e9rhetetlennek t\u0171nhet, de itt is vil\u00e1gos szab\u00e1lyok \u00e9rv\u00e9nyesek arra, <strong>hogyan \u00e9lvezheted a legjobb kiszolg\u00e1l\u00e1st \u00e9sszer\u0171bb p\u00e9nz\u00e9rt<\/strong>. A rangsorban felt\u00fcntetett kiindul\u00f3 \u00e1r ugyanis nem azt az \u00f6sszeget jelenti, amelyet felt\u00e9tlen\u00fcl fizetsz, mert a legalacsonyabb szobat\u00edpusra \u00e9s kiz\u00e1r\u00f3lag a f\u0151szezonon k\u00edv\u00fclre \u00e9rv\u00e9nyes. Cs\u00facsid\u0151ben <strong>a d\u00edjak ak\u00e1r t\u00f6bbsz\u00f6r\u00f6sek is lehetnek<\/strong>.<\/p>\n\n\n\n<p class=\"wp-block-paragraph\">A szezonalit\u00e1s sokkal nagyobb szerepet j\u00e1tszik, mint maguk a csillagok sz\u00e1ma. P\u00e9ld\u00e1ul a horv\u00e1t Grand Park Rovinj f\u0151 rohama j\u00faniust\u00f3l szeptemberig tart, m\u00edg a g\u00f6r\u00f6g <a href=\"https:\/\/www.stay22.com\/allez\/roam?aid=lukaskonecny&amp;campaign=loudavymkrokemcz&amp;campaign=nejluxusnejsi-hotely-sveta&amp;hotelname=Four%20Seasons%20Astir%20Palace&amp;address=Vouliagmeni%2C%20%C5%98ecko\" target=\"_blank\" rel=\"nofollow noopener sponsored\">Four Seasons Astir Palace<\/a> m\u00e1just\u00f3l szeptemberig. <strong>Ezeken a frekvent\u00e1lt id\u0151szakokon k\u00edv\u00fcl az \u00e1rak rohamosan cs\u00f6kkennek<\/strong>, \u00edgy tavasszal vagy \u0151sszel ugyanazt a luxust az eredeti \u00f6sszeg t\u00f6red\u00e9k\u00e9\u00e9rt kapod meg.<\/p>\n\n\n\n<p class=\"wp-block-paragraph\">Ne feledd azt sem, hogy a legolcs\u00f3bb szoba <strong>\u00e1ltal\u00e1ban preszt\u00edzses kil\u00e1t\u00e1s n\u00e9lk\u00fcli<\/strong>. Kiv\u00e1l\u00f3 p\u00e9lda erre a Rio-i ikonikus Copacabana Palace, ahol a standard szob\u00e1k egyenesen a v\u00e1rosra n\u00e9znek. \u00cdgy <strong>\u00e9rezhet\u0151en olcs\u00f3bbak, mint a h\u00edres lakoszt\u00e1lyok<\/strong>, amelyek k\u00f6zvetlen\u00fcl a strandra \u00e9s az \u00f3ce\u00e1nra n\u00e9znek.<\/p>\n\n\n\n<p class=\"wp-block-paragraph\">Ha t\u00f6rt\u00e9nelmi pomp\u00e1t szeretn\u00e9l megtapasztalni, <strong>remek strat\u00e9gia egyetlen \u00e9jszaka lefoglal\u00e1sa<\/strong>. Az olyan palot\u00e1kn\u00e1l, mint a b\u00e9csi Hotel Sacher, a monac\u00f3i H\u00f4tel de Paris vagy \u00e9pp a Grand Park Rovinj, \u00f3ri\u00e1si \u00e9rtelme van egyetlen \u00e9jszak\u00e1t tiszta \u00e9lm\u00e9nyk\u00e9nt lefoglalni. A nyaral\u00e1sod t\u00f6bbi r\u00e9sz\u00e9t pedig <strong>sokkal megfizethet\u0151bb sz\u00e1ll\u00e1son<\/strong> t\u00f6ltheted a k\u00f6rny\u00e9ken.<\/p>\n\n\n\n<p class=\"wp-block-paragraph\">A legink\u00e1bb megfizethet\u0151 m\u00f3dja ezeknek az int\u00e9zm\u00e9nyeknek a megl\u00e1togat\u00e1s\u00e1ra a <strong>helyi \u00e9ttermek \u00e9s ikonikus b\u00e1rok<\/strong>. Elmehetsz a h\u00edres Singapore Sling italra a Raffles sz\u00e1lloda Long Barj\u00e1ba, \u00e9lvezheted az eredeti tort\u00e1t a Sacher Caf\u00e9ban, vagy <strong>gy\u00f6ny\u00f6rk\u00f6dhetsz a kil\u00e1t\u00e1sban a Cloud 22 b\u00e1rb\u00f3l<\/strong> a dubaji Atlantis The Royalban an\u00e9lk\u00fcl, hogy ott kellene laknod.<\/p>\n\n\n\n<p class=\"wp-block-paragraph\">N\u00e9ha m\u00e9g egy egyszer\u0171 eb\u00e9d is a <strong>legolcs\u00f3bb bel\u00e9p\u0151 a luxus z\u00e1rt vil\u00e1g\u00e1ba<\/strong>. Pontosan ez \u00e9rv\u00e9nyes az olyan olasz \u00e9kszerekn\u00e9l, mint a Com\u00f3i-tavi Passalacqua vagy a toszk\u00e1n <a href=\"https:\/\/www.stay22.com\/allez\/roam?aid=lukaskonecny&amp;campaign=loudavymkrokemcz&amp;campaign=nejluxusnejsi-hotely-sveta&amp;hotelname=Hotel%20Il%20Pellicano&amp;address=Porto%20Ercole%2C%20It%C3%A1lie\" target=\"_blank\" rel=\"nofollow noopener sponsored\">Hotel Il Pellicano<\/a>. Egyetlen \u00e9tkez\u00e9s \u00e1r\u00e1\u00e9rt \u00edgy <strong>teljesen ugyanazt az \u00e9lm\u00e9nyt kapod a helyr\u0151l<\/strong> \u00e9s a t\u00f6k\u00e9letes kiszolg\u00e1l\u00e1sb\u00f3l, mint a vend\u00e9gek, akik itt ezer doll\u00e1rokat fizetnek egy \u00e9jszak\u00e1\u00e9rt.<\/p>\n\n\n\n<h2 class=\"wp-block-heading\"><span class=\"ez-toc-section\" id=\"Hova_tovabb\"><\/span>Hov\u00e1 tov\u00e1bb<span class=\"ez-toc-section-end\"><\/span><\/h2>\n\n\n\n<p class=\"wp-block-paragraph\">Vonz, hogy ell\u00e1togass azokba a v\u00e1rosokba, ahol ezek az ikonikus sz\u00e1llod\u00e1k \u00e1llnak? \u00d6ssze\u00edrtam neked <strong>gyakorlati \u00fatikalauzokat tele tippekkel<\/strong> arr\u00f3l, mit \u00e9rdemes l\u00e1tni, csin\u00e1lni, \u00e9s hogyan tervezd meg t\u00f6k\u00e9letesen az utadat.<\/p>\n\n\n\n<p class=\"wp-block-paragraph\">Ha Eur\u00f3pa b\u0171v\u00f6lt el, mindenk\u00e9pp olvasd el, <a href=\"https:\/\/loudavymkrokem.cz\/hu\/parizs-latnivalok-utikalauz\/\">mit \u00e9rdemes l\u00e1tni P\u00e1rizsban<\/a>, vagy inspir\u00e1l\u00f3dj a helyek v\u00e1logat\u00e1sunkb\u00f3l, <a href=\"https:\/\/loudavymkrokem.cz\/hu\/becs-latnivalok-tippek\/\">mit \u00e9rdemes l\u00e1tni B\u00e9csben<\/a>. Az Olaszorsz\u00e1g szerelmeseinek r\u00e9szletes cikk\u00fcnk van arr\u00f3l, <a href=\"https:\/\/loudavymkrokem.cz\/hu\/roma-latnivalok-legjobb-helyek\/\">mit \u00e9rdemes l\u00e1tni R\u00f3m\u00e1ban<\/a>, \u00e9s a sz\u00e1ll\u00e1stippek sem hi\u00e1nyoznak a <a href=\"https:\/\/loudavymkrokem.cz\/hu\/roma-szallas-legjobb-keruletek\/\">hol sz\u00e1llj meg R\u00f3m\u00e1ban<\/a> cikkb\u0151l. Eml\u00edt\u00e9st \u00e9rdemel a fest\u0151i <a href=\"https:\/\/loudavymkrokem.cz\/hu\/firenze-olaszorszag-latnivalok\/\">Firenze<\/a> \u00e9s a gy\u00f6ny\u00f6r\u0171 horv\u00e1t <a href=\"https:\/\/loudavymkrokem.cz\/hu\/rovinj-horvatorszag-latnivalok\/\">Rovinj<\/a> is.<\/p>\n\n\n\n<p class=\"wp-block-paragraph\">Ha ink\u00e1bb az \u00e1zsiai kontinens \u00e9s az egzotikum vonz, n\u00e9zz r\u00e1 a ny\u00fczsg\u0151 <a href=\"https:\/\/loudavymkrokem.cz\/hu\/tokio-japan-latnivalok\/\">Toki\u00f3<\/a>, a modern <a href=\"https:\/\/loudavymkrokem.cz\/hu\/szingapur-latnivalok-tippek\/\">Szingap\u00far<\/a> \u00fatikalauz\u00e1ra, vagy tervezd meg, hogyan n\u00e9zhetne ki a <a href=\"https:\/\/loudavymkrokem.cz\/hu\/bangkok-thaifold-latnivalok\/\">bangkoki nyaral\u00e1sod<\/a>. Elolvashatod azt is, hogyan lehet bej\u00e1rni <a href=\"https:\/\/loudavymkrokem.cz\/hu\/dubaj-latnivalok-tippek\/\">Dubajt nyaral\u00e1skor<\/a>, vagy a luxus <a href=\"https:\/\/loudavymkrokem.cz\/hu\/maldiv-szigetek-nyaralas-tippek\/\">Mald\u00edv-szigeteket<\/a>.<\/p>\n\n\n\n<p class=\"wp-block-paragraph\">Azoknak pedig, akiket az afrikai kontinens vagy az amerikai ny\u00fczsg\u00e9s ragadott meg, itt van \u00f3ri\u00e1si list\u00e1nk <a href=\"https:\/\/loudavymkrokem.cz\/hu\/mit-nezz-meg-new-yorkban\/\">50 tippel, mit \u00e9rdemes l\u00e1tni New Yorkban<\/a>. Csod\u00e1latos inspir\u00e1ci\u00f3t Marokk\u00f3hoz pedig az \u00fatikalauzunkban tal\u00e1lsz, <a href=\"https:\/\/loudavymkrokem.cz\/hu\/mit-erdemes-megnezni-marrakesben\/\">mit \u00e9rdemes l\u00e1tni Marr\u00e1kesben<\/a>, \u00e9s a r\u00e9szletes cikkben, <a href=\"https:\/\/loudavymkrokem.cz\/hu\/marokko-marrakesh-szallas\/\">hol sz\u00e1llj meg Marr\u00e1kesben<\/a>.<\/p>\n\n\n\n<h2 class=\"wp-block-heading\"><span class=\"ez-toc-section\" id=\"Gyakran_ismetelt_kerdesek\"><\/span>Gyakran ism\u00e9telt k\u00e9rd\u00e9sek<span class=\"ez-toc-section-end\"><\/span><\/h2>\n\n\n<div id=\"rank-math-faq\" class=\"rank-math-block\">\n<div class=\"rank-math-list \">\n<div id=\"faq-question-1787935223000\" class=\"rank-math-list-item\">\n<h3 class=\"rank-math-question \"><span class=\"ez-toc-section\" id=\"Melyik_a_jelenleg_legjobb_szalloda_a_vilagon\"><\/span>Melyik a jelenleg legjobb sz\u00e1lloda a vil\u00e1gon?<span class=\"ez-toc-section-end\"><\/span><\/h3>\n<div class=\"rank-math-answer \">\n\n<p>2025-re a The World&#8217;s 50 Best Hotels rangsor hivatalos gy\u0151ztese az <strong>\u00e1zsiai \u00e9kszerdoboz, a Rosewood Hong Kong<\/strong> lett. Ez a vertik\u00e1lis palota 413 t\u00e1gas szob\u00e1t k\u00edn\u00e1l, \u00e9s <strong>teljesen verhetetlen kil\u00e1t\u00e1st ny\u00fajt a Victoria Harbour kik\u00f6t\u0151re<\/strong>, ezzel lev\u00e1ltva a tavalyi thai gy\u0151ztest, a Capella Bangkokot.<\/p>\n\n<\/div>\n<\/div>\n<div id=\"faq-question-1787935223001\" class=\"rank-math-list-item\">\n<h3 class=\"rank-math-question \"><span class=\"ez-toc-section\" id=\"Letezik_hivatalosan_hetvizsllagos_szalloda\"><\/span>L\u00e9tezik hivatalosan h\u00e9tvizsllagos sz\u00e1lloda?<span class=\"ez-toc-section-end\"><\/span><\/h3>\n<div class=\"rank-math-answer \">\n\n<p>Nem, <strong>ilyen hivatalos besorol\u00e1s nem l\u00e9tezik<\/strong>, mivel minden elismert sz\u00e1llodai rangsor \u00f6t csillagban v\u00e9gz\u0151dik. Ez a m\u00edtosz 1999-ben sz\u00fcletett meg egy \u00fajs\u00e1g\u00edr\u00f3i l\u00e1togat\u00e1s ut\u00e1n a dubaji Burj Al Arab komplexumban, amely <strong>val\u00f3j\u00e1ban hivatalosan csak \u00f6t csillagos<\/strong>.<\/p>\n\n<\/div>\n<\/div>\n<div id=\"faq-question-1787935223002\" class=\"rank-math-list-item\">\n<h3 class=\"rank-math-question \"><span class=\"ez-toc-section\" id=\"Mennyibe_kerul_a_legdragabb_szallodai_szoba\"><\/span>Mennyibe ker\u00fcl a legdr\u00e1g\u00e1bb sz\u00e1llodai szoba?<span class=\"ez-toc-section-end\"><\/span><\/h3>\n<div class=\"rank-math-answer \">\n\n<p>A Guinness-rekordot jelenleg a hatalmas <strong>The Mark Penthouse tartja az amerikai New Yorkban<\/strong>. Egyetlen \u00e9jszak\u00e1\u00e9rt ebben az \u00f6t h\u00e1l\u00f3szob\u00e1s apartmanban saj\u00e1t tet\u0151terasz\u00e1val <strong>csillag\u00e1szati 114 767 doll\u00e1rt<\/strong> fizetsz, ami m\u00e1r tartalmazza az ad\u00f3kat is.<\/p>\n\n<\/div>\n<\/div>\n<div id=\"faq-question-1787935223003\" class=\"rank-math-list-item\">\n<h3 class=\"rank-math-question \"><span class=\"ez-toc-section\" id=\"Melyik_a_legjobb_szalloda_legkozelebb_Magyarorszaghoz\"><\/span>Melyik a legjobb sz\u00e1lloda legk\u00f6zelebb Magyarorsz\u00e1ghoz?<span class=\"ez-toc-section-end\"><\/span><\/h3>\n<div class=\"rank-math-answer \">\n\n<p>Az els\u0151 \u00f6tvenb\u0151l hozz\u00e1nk legk\u00f6zelebb az <strong>osztr\u00e1k Hotel Sacher Wien<\/strong> tal\u00e1lhat\u00f3, amely a 49. helyet foglalta el, \u00e9s szomsz\u00e9dos hat\u00e1rainkon t\u00fal fekszik. Hatalmas vonzer\u0151 azonban a <strong>leny\u0171g\u00f6z\u0151 Grand Park Hotel Rovinj<\/strong> (48. hely) is a horv\u00e1t Isztri\u00e1n, ahov\u00e1 Budapestr\u0151l aut\u00f3val nyolc \u00f3ra alatt eljutsz.<\/p>\n\n<\/div>\n<\/div>\n<div id=\"faq-question-1787935223004\" class=\"rank-math-list-item\">\n<h3 class=\"rank-math-question \"><span class=\"ez-toc-section\" id=\"Hogyan_kerul_be_egy_szalloda_a_legjobb_szallodak_rangsoraba\"><\/span>Hogyan ker\u00fcl be egy sz\u00e1lloda a legjobb sz\u00e1llod\u00e1k rangsor\u00e1ba?<span class=\"ez-toc-section-end\"><\/span><\/h3>\n<div class=\"rank-math-answer \">\n\n<p>A The World&#8217;s 50 Best Hotels rangsorba val\u00f3 beker\u00fcl\u00e9sr\u0151l <strong>t\u00f6bb mint 800 f\u00fcggetlen szak\u00e9rt\u0151<\/strong>, \u00fajs\u00e1g\u00edr\u00f3 \u00e9s tapasztalt szakember d\u00f6nt a vil\u00e1g minden t\u00e1j\u00e1r\u00f3l. Minden zs\u0171ritag h\u00e9t szavazattal rendelkezik, amelyeket <strong>saj\u00e1t val\u00f3s tapasztalatai alapj\u00e1n oszt ki<\/strong> az elm\u00falt \u00e9vekb\u0151l.<\/p>\n\n<\/div>\n<\/div>\n<div id=\"faq-question-1787935223005\" class=\"rank-math-list-item\">\n<h3 class=\"rank-math-question \"><span class=\"ez-toc-section\" id=\"Mit_jelentenek_pontosan_a_Michelin_kulcsok\"><\/span>Mit jelentenek pontosan a Michelin kulcsok?<span class=\"ez-toc-section-end\"><\/span><\/h3>\n<div class=\"rank-math-answer \">\n\n<p>Pontosan ugyanazon az elven m\u0171k\u00f6dnek, mint a h\u00edres \u00e9ttermi csillagok, de <strong>kiz\u00e1r\u00f3lag luxussz\u00e1llod\u00e1kat \u00e9rt\u00e9kelnek vel\u00fck<\/strong>. A Michelin n\u00e9vtelen ellen\u0151rei id\u00e9n a legjobb v\u00e1llalkoz\u00e1soknak \u00edt\u00e9lt\u00e9k oda, mik\u00f6zben <strong>az abszol\u00fat cs\u00facsot az a 143 sz\u00e1lloda alkotja<\/strong>, amelyek megkapt\u00e1k a maxim\u00e1lis h\u00e1rom kulcsot.<\/p>\n\n<\/div>\n<\/div>\n<div id=\"faq-question-1787935223006\" class=\"rank-math-list-item\">\n<h3 class=\"rank-math-question \"><span class=\"ez-toc-section\" id=\"Lehet_ilyen_szallodaban_esszeru_aron_megszallni\"><\/span>Lehet ilyen sz\u00e1llod\u00e1ban \u00e9sszer\u0171 \u00e1ron megsz\u00e1llni?<span class=\"ez-toc-section-end\"><\/span><\/h3>\n<div class=\"rank-math-answer \">\n\n<p>Igen, meglep\u0151 m\u00f3don egyenesen \u00f6t elitsz\u00e1lloda <strong>\u00e9jszak\u00e1nk\u00e9nt 500 doll\u00e1r alatti \u00e1rral indul<\/strong>. Az abszol\u00fat legolcs\u00f3bb az els\u0151 \u00f6tvenb\u0151l az ikonikus The Taj Mahal Palace az indiai Mumbaiban, ahol <strong>m\u00e1r 250 doll\u00e1ros<\/strong> (k\u00f6r\u00fclbel\u00fcl 100 000 Ft-os) \u00e1ron meg\u00e1llap\u00edthatsz.<\/p>\n\n<\/div>\n<\/div>\n<div id=\"faq-question-1787935223007\" class=\"rank-math-list-item\">\n<h3 class=\"rank-math-question \"><span class=\"ez-toc-section\" id=\"Melyik_a_legluxusabb_udulohely\"><\/span>Melyik a legluxusabb \u00fcd\u00fcl\u0151hely?<span class=\"ez-toc-section-end\"><\/span><\/h3>\n<div class=\"rank-math-answer \">\n\n<p>Ha t\u00f6k\u00e9letes pihen\u00e9st keresel a term\u00e9szetben, kiemelkedik a <strong>mald\u00edv-szigeteki Soneva Fushi<\/strong> a mez\u00edtl\u00e1bas luxus egyed\u00fcl\u00e1ll\u00f3 koncepci\u00f3j\u00e1val \u00e9s hatalmas k\u00fclt\u00e9ri f\u00fcrd\u0151szob\u00e1kkal. Figyelmet \u00e9rdemel azonban az <strong>exkluz\u00edv \u00f6kol\u00f3giai Singita is a Kruger Nemzeti Parkban<\/strong>, amely csak 22 szob\u00e1t k\u00edn\u00e1l a legjobb afrikai szafarihoz.<\/p>\n\n<\/div>\n<\/div>\n<\/div>\n<\/div>","protected":false},"excerpt":{"rendered":"<p>Fedezd fel a vil\u00e1g 29 legjobb sz\u00e1llod\u00e1j\u00e1t 2026-ra. Hol fekszik a mes\u00e9s h\u00e9tcsillagos palota, \u00e9s milyen luxusban aludhatsz egy magyar panzi\u00f3 \u00e1r\u00e1\u00e9rt?<\/p>\n","protected":false},"author":3,"featured_media":404883,"comment_status":"open","ping_status":"open","sticky":false,"template":"","format":"standard","meta":{"_acf_changed":false,"footnotes":"","rank_math_title":"A vil\u00e1g legluxusabb sz\u00e1llod\u00e1i: 29 c\u00edm 2026-ra","rank_math_description":"Fedezd fel a vil\u00e1g legluxusabb sz\u00e1llod\u00e1it val\u00f3s \u00e1rakkal \u2014 29 c\u00edm a p\u00e1rizsi palot\u00e1kt\u00f3l a Mald\u00edv-szigetekig. N\u00e9zd meg, hol aludhatsz luxusban olcs\u00f3bban!","rank_math_focus_keyword":"vil\u00e1g legluxusabb sz\u00e1llod\u00e1i","rank_math_seo_score":""},"categories":[1788,1787],"tags":[],"class_list":["post-409177","post","type-post","status-publish","format-standard","has-post-thumbnail","category-utazas","category-utazasi-tippek"],"acf":[],"featured_image_src":"https:\/\/loudavymkrokem.cz\/wp-content\/uploads\/2026\/08\/chabl-yucat-n-1.jpg","author_info":{"display_name":"Lucie Kone\u010dn\u00e1","author_link":"https:\/\/loudavymkrokem.cz\/hu\/author\/lucie-konecna\/"},"_links":{"self":[{"href":"https:\/\/loudavymkrokem.cz\/hu\/wp-json\/wp\/v2\/posts\/409177","targetHints":{"allow":["GET"]}}],"collection":[{"href":"https:\/\/loudavymkrokem.cz\/hu\/wp-json\/wp\/v2\/posts"}],"about":[{"href":"https:\/\/loudavymkrokem.cz\/hu\/wp-json\/wp\/v2\/types\/post"}],"author":[{"embeddable":true,"href":"https:\/\/loudavymkrokem.cz\/hu\/wp-json\/wp\/v2\/users\/3"}],"replies":[{"embeddable":true,"href":"https:\/\/loudavymkrokem.cz\/hu\/wp-json\/wp\/v2\/comments?post=409177"}],"version-history":[{"count":2,"href":"https:\/\/loudavymkrokem.cz\/hu\/wp-json\/wp\/v2\/posts\/409177\/revisions"}],"predecessor-version":[{"id":409179,"href":"https:\/\/loudavymkrokem.cz\/hu\/wp-json\/wp\/v2\/posts\/409177\/revisions\/409179"}],"wp:featuredmedia":[{"embeddable":true,"href":"https:\/\/loudavymkrokem.cz\/hu\/wp-json\/wp\/v2\/media\/404883"}],"wp:attachment":[{"href":"https:\/\/loudavymkrokem.cz\/hu\/wp-json\/wp\/v2\/media?parent=409177"}],"wp:term":[{"taxonomy":"category","embeddable":true,"href":"https:\/\/loudavymkrokem.cz\/hu\/wp-json\/wp\/v2\/categories?post=409177"},{"taxonomy":"post_tag","embeddable":true,"href":"https:\/\/loudavymkrokem.cz\/hu\/wp-json\/wp\/v2\/tags?post=409177"}],"curies":[{"name":"wp","href":"https:\/\/api.w.org\/{rel}","templated":true}]}}