{"id":409168,"date":"2026-08-26T17:25:52","date_gmt":"2026-08-26T15:25:52","guid":{"rendered":"https:\/\/loudavymkrokem.cz\/pisek-gyerekekkel-tippek\/"},"modified":"2026-08-31T08:15:28","modified_gmt":"2026-08-31T06:15:28","slug":"pisek-gyerekekkel-tippek","status":"publish","type":"post","link":"https:\/\/loudavymkrokem.cz\/hu\/pisek-gyerekekkel-tippek\/","title":{"rendered":"P\u00edsek gyerekekkel: 44 helyi tipp j\u00e1tsz\u00f3h\u00e1zakra, j\u00e1tsz\u00f3terekre \u00e9s kir\u00e1ndul\u00e1sokra 2026-ban"},"content":{"rendered":"\n<p class=\"wp-block-paragraph\">P\u00edsek gyerekekkel? Ez n\u00e1lam sz\u00edv\u00fcgy, hiszen ebben a gy\u00f6ny\u00f6r\u0171 d\u00e9l-csehorsz\u00e1gi v\u00e1rosban sz\u00fclettem, \u00e9s itt t\u00f6lt\u00f6ttem a gyerekkoromat. B\u00e1r ut\u00e1na hossz\u00fa \u00e9vekig Pr\u00e1g\u00e1ban \u00e9ltem, nemr\u00e9g a f\u00e9rjemmel, Luk\u00e1\u0161sal \u00fagy d\u00f6nt\u00f6tt\u00fcnk, hogy <strong>visszak\u00f6lt\u00f6z\u00fcnk d\u00e9lre<\/strong>, \u00edgy most k\u00e9t\u00e9ves kisfiunkkal, Jon\u00e1\u0161k\u00e1val egy\u00fctt itt \u00e9l\u00fcnk. Helyi anyukak\u00e9nt tiszta lelkiismerettel mondhatom, hogy <strong>P\u00edsek a gyerekes csal\u00e1dok sz\u00e1m\u00e1ra t\u00f6k\u00e9letes \u00fati c\u00e9l<\/strong>, ahol minden sz\u00e9pen k\u00e9zn\u00e9l van.<\/p>\n\n\n\n<p class=\"wp-block-paragraph\">Mivel nap mint nap babakocsival \u00e9s egy energikus totyog\u00f3val j\u00e1rom a v\u00e1rost, nagyon j\u00f3l tudom, milyen neh\u00e9z n\u00e9ha olyan programot kital\u00e1lni, ami az eg\u00e9sz csal\u00e1dot lek\u00f6ti. Ez\u00e9rt d\u00f6nt\u00f6ttem \u00fagy, hogy meg\u00edrom ezt a r\u00e9szletes \u00fatmutat\u00f3t, amelyben megtal\u00e1lod <strong>a legjobb j\u00e1tsz\u00f3h\u00e1zakat, k\u00fclt\u00e9ri j\u00e1tsz\u00f3tereket \u00e9s kir\u00e1ndul\u00e1si tippeket<\/strong>, hogy a csal\u00e1di nyaral\u00e1sotok a lehet\u0151 legnyugodtabban teljen. P\u00edsek ugyanis k\u00f6zel sem csak a legr\u00e9gebbi K\u0151h\u00eddr\u00f3l sz\u00f3l, hanem minden kor\u00fa gyereknek remek h\u00e1tteret k\u00edn\u00e1l.<\/p>\n\n\n\n<p class=\"wp-block-paragraph\">\u00d6ssze\u00e1ll\u00edtottam neked 44 tippet, amelyeket mi, helyi anyuk\u00e1k folyamatosan k\u00fcld\u00f6zget\u00fcnk egym\u00e1snak k\u00fcl\u00f6nb\u00f6z\u0151 csoportokban, \u00e9s tov\u00e1bb\u00edtunk az ide\u00e9rkez\u0151 bar\u00e1tn\u0151knek. Hozz\u00e1juk tettem gyakorlati inform\u00e1ci\u00f3kat az \u00e1rakr\u00f3l \u00e9s a nyitvatart\u00e1sr\u00f3l is a 2026-os \u00e9vre. Ak\u00e1r egy hossz\u00fa h\u00e9tv\u00e9g\u00e9re, ak\u00e1r az eg\u00e9sz ny\u00e1ri sz\u00fcnetre j\u00f6tt\u00f6k hozz\u00e1nk, <strong>hiszem, hogy ebb\u0151l a list\u00e1b\u00f3l j\u00e1tszva \u00f6ssze\u00e1ll\u00edtasz egy \u00fatitervet<\/strong>, amire m\u00e9g sok\u00e1ig fogtok eml\u00e9kezni.<\/p>\n\n\n\n<figure data-wp-context=\"{&quot;imageId&quot;:&quot;6a9530c2d38d4&quot;}\" data-wp-interactive=\"core\/image\" data-wp-key=\"6a9530c2d38d4\" class=\"wp-block-image size-full wp-lightbox-container\"><img decoding=\"async\" width=\"2200\" height=\"1467\" data-wp-class--hide=\"state.isContentHidden\" data-wp-class--show=\"state.isContentVisible\" data-wp-init=\"callbacks.setButtonStyles\" data-wp-on--click=\"actions.showLightbox\" data-wp-on--load=\"callbacks.setButtonStyles\" data-wp-on--pointerdown=\"actions.preloadImage\" data-wp-on--pointerenter=\"actions.preloadImageWithDelay\" data-wp-on--pointerleave=\"actions.cancelPreload\" data-wp-on-window--resize=\"callbacks.setButtonStyles\" src=\"https:\/\/loudavymkrokem.cz\/wp-content\/uploads\/2026\/08\/pisek-kamenny-most-den.jpg\" alt=\"A p\u00edseki K\u0151h\u00edd egy ny\u00e1ri napon\" class=\"wp-image-399336\" title=\"\" srcset=\"https:\/\/loudavymkrokem.cz\/wp-content\/uploads\/2026\/08\/pisek-kamenny-most-den.jpg 2200w, https:\/\/loudavymkrokem.cz\/wp-content\/uploads\/2026\/08\/pisek-kamenny-most-den-300x200.jpg 300w, https:\/\/loudavymkrokem.cz\/wp-content\/uploads\/2026\/08\/pisek-kamenny-most-den-700x467.jpg 700w, https:\/\/loudavymkrokem.cz\/wp-content\/uploads\/2026\/08\/pisek-kamenny-most-den-768x512.jpg 768w, https:\/\/loudavymkrokem.cz\/wp-content\/uploads\/2026\/08\/pisek-kamenny-most-den-1536x1024.jpg 1536w, https:\/\/loudavymkrokem.cz\/wp-content\/uploads\/2026\/08\/pisek-kamenny-most-den-2048x1366.jpg 2048w, https:\/\/loudavymkrokem.cz\/wp-content\/uploads\/2026\/08\/pisek-kamenny-most-den-696x464.jpg 696w, https:\/\/loudavymkrokem.cz\/wp-content\/uploads\/2026\/08\/pisek-kamenny-most-den-1392x928.jpg 1392w, https:\/\/loudavymkrokem.cz\/wp-content\/uploads\/2026\/08\/pisek-kamenny-most-den-1920x1280.jpg 1920w\" sizes=\"(max-width: 2200px) 100vw, 2200px\" \/><button\n\t\t\tclass=\"lightbox-trigger\"\n\t\t\ttype=\"button\"\n\t\t\taria-haspopup=\"dialog\"\n\t\t\tdata-wp-bind--aria-label=\"state.thisImage.triggerButtonAriaLabel\"\n\t\t\tdata-wp-init=\"callbacks.initTriggerButton\"\n\t\t\tdata-wp-on--click=\"actions.showLightbox\"\n\t\t\tdata-wp-style--right=\"state.thisImage.buttonRight\"\n\t\t\tdata-wp-style--top=\"state.thisImage.buttonTop\"\n\t\t>\n\t\t\t<svg xmlns=\"http:\/\/www.w3.org\/2000\/svg\" width=\"12\" height=\"12\" fill=\"none\" viewBox=\"0 0 12 12\">\n\t\t\t\t<path fill=\"#fff\" d=\"M2 0a2 2 0 0 0-2 2v2h1.5V2a.5.5 0 0 1 .5-.5h2V0H2Zm2 10.5H2a.5.5 0 0 1-.5-.5V8H0v2a2 2 0 0 0 2 2h2v-1.5ZM8 12v-1.5h2a.5.5 0 0 0 .5-.5V8H12v2a2 2 0 0 1-2 2H8Zm2-12a2 2 0 0 1 2 2v2h-1.5V2a.5.5 0 0 0-.5-.5H8V0h2Z\" \/>\n\t\t\t<\/svg>\n\t\t<\/button><\/figure>\n\n\n\n<div id=\"ez-toc-container\" class=\"ez-toc-v2_0_86 ez-toc-wrap-left counter-hierarchy ez-toc-counter ez-toc-grey ez-toc-container-direction\">\n<div class=\"ez-toc-title-container\">\n<p class=\"ez-toc-title\" style=\"cursor:inherit\">A cikk tartalma<\/p>\n<span class=\"ez-toc-title-toggle\"><a href=\"#\" class=\"ez-toc-pull-right ez-toc-btn ez-toc-btn-xs ez-toc-btn-default ez-toc-toggle\" aria-label=\"Toggle Table of Content\"><span class=\"ez-toc-js-icon-con\"><span class=\"\"><span class=\"eztoc-hide\" style=\"display:none;\">Toggle<\/span><span class=\"ez-toc-icon-toggle-span\"><svg style=\"fill: #999;color:#999\" xmlns=\"http:\/\/www.w3.org\/2000\/svg\" class=\"list-377408\" width=\"20px\" height=\"20px\" viewBox=\"0 0 24 24\" fill=\"none\"><path d=\"M6 6H4v2h2V6zm14 0H8v2h12V6zM4 11h2v2H4v-2zm16 0H8v2h12v-2zM4 16h2v2H4v-2zm16 0H8v2h12v-2z\" fill=\"currentColor\"><\/path><\/svg><svg style=\"fill: #999;color:#999\" class=\"arrow-unsorted-368013\" xmlns=\"http:\/\/www.w3.org\/2000\/svg\" width=\"10px\" height=\"10px\" viewBox=\"0 0 24 24\" version=\"1.2\" baseProfile=\"tiny\"><path d=\"M18.2 9.3l-6.2-6.3-6.2 6.3c-.2.2-.3.4-.3.7s.1.5.3.7c.2.2.4.3.7.3h11c.3 0 .5-.1.7-.3.2-.2.3-.5.3-.7s-.1-.5-.3-.7zM5.8 14.7l6.2 6.3 6.2-6.3c.2-.2.3-.5.3-.7s-.1-.5-.3-.7c-.2-.2-.4-.3-.7-.3h-11c-.3 0-.5.1-.7.3-.2.2-.3.5-.3.7s.1.5.3.7z\"\/><\/svg><\/span><\/span><\/span><\/a><\/span><\/div>\n<nav><ul class='ez-toc-list ez-toc-list-level-1 ' ><ul class='ez-toc-list-level-3' ><li class='ez-toc-heading-level-3'><a class=\"ez-toc-link ez-toc-heading-1\" href=\"https:\/\/loudavymkrokem.cz\/hu\/pisek-gyerekekkel-tippek\/#Osszefoglalas_azoknak_akiknek_nincs_idejuk_vegigolvasni_a_cikket\" >\u00d6sszefoglal\u00e1s azoknak, akiknek nincs idej\u00fck v\u00e9gigolvasni a cikket<\/a><\/li><\/ul><\/li><li class='ez-toc-page-1 ez-toc-heading-level-2'><a class=\"ez-toc-link ez-toc-heading-2\" href=\"https:\/\/loudavymkrokem.cz\/hu\/pisek-gyerekekkel-tippek\/#Mikor_erdemes_Pisekbe_indulni_gyerekekkel\" >Mikor \u00e9rdemes P\u00edsekbe indulni gyerekekkel<\/a><\/li><li class='ez-toc-page-1 ez-toc-heading-level-2'><a class=\"ez-toc-link ez-toc-heading-3\" href=\"https:\/\/loudavymkrokem.cz\/hu\/pisek-gyerekekkel-tippek\/#Hol_szallj_meg_Piseken_gyerekekkel\" >Hol sz\u00e1llj meg P\u00edseken gyerekekkel<\/a><\/li><li class='ez-toc-page-1 ez-toc-heading-level-2'><a class=\"ez-toc-link ez-toc-heading-4\" href=\"https:\/\/loudavymkrokem.cz\/hu\/pisek-gyerekekkel-tippek\/#Jatszohazak_es_fedett_szorakozas_Piseken\" >J\u00e1tsz\u00f3h\u00e1zak \u00e9s fedett sz\u00f3rakoz\u00e1s P\u00edseken<\/a><ul class='ez-toc-list-level-3' ><li class='ez-toc-heading-level-3'><a class=\"ez-toc-link ez-toc-heading-5\" href=\"https:\/\/loudavymkrokem.cz\/hu\/pisek-gyerekekkel-tippek\/#1_Myska_jatszohaz\" >1. My\u0161ka j\u00e1tsz\u00f3h\u00e1z<\/a><\/li><li class='ez-toc-page-1 ez-toc-heading-level-3'><a class=\"ez-toc-link ez-toc-heading-6\" href=\"https:\/\/loudavymkrokem.cz\/hu\/pisek-gyerekekkel-tippek\/#2_Sladovna_%E2%80%93_Pilariste_kiallitas\" >2. Sladovna \u2013 Pila\u0159i\u0161t\u011b ki\u00e1ll\u00edt\u00e1s<\/a><\/li><li class='ez-toc-page-1 ez-toc-heading-level-3'><a class=\"ez-toc-link ez-toc-heading-7\" href=\"https:\/\/loudavymkrokem.cz\/hu\/pisek-gyerekekkel-tippek\/#3_Sladovna_%E2%80%93_Mraveniste_Hangyaboly_kiallitas\" >3. Sladovna \u2013 Mraveni\u0161t\u011b (Hangyaboly) ki\u00e1ll\u00edt\u00e1s<\/a><\/li><li class='ez-toc-page-1 ez-toc-heading-level-3'><a class=\"ez-toc-link ez-toc-heading-8\" href=\"https:\/\/loudavymkrokem.cz\/hu\/pisek-gyerekekkel-tippek\/#4_Fazole_%E2%80%93_Montessori_foglalkozasok\" >4. Fazole \u2013 Montessori foglalkoz\u00e1sok<\/a><\/li><li class='ez-toc-page-1 ez-toc-heading-level-3'><a class=\"ez-toc-link ez-toc-heading-9\" href=\"https:\/\/loudavymkrokem.cz\/hu\/pisek-gyerekekkel-tippek\/#5_Hernajs\" >5. Hernajs<\/a><\/li><li class='ez-toc-page-1 ez-toc-heading-level-3'><a class=\"ez-toc-link ez-toc-heading-10\" href=\"https:\/\/loudavymkrokem.cz\/hu\/pisek-gyerekekkel-tippek\/#6_Mini_Academy_Pisek\" >6. Mini Academy P\u00edsek<\/a><\/li><li class='ez-toc-page-1 ez-toc-heading-level-3'><a class=\"ez-toc-link ez-toc-heading-11\" href=\"https:\/\/loudavymkrokem.cz\/hu\/pisek-gyerekekkel-tippek\/#7_Laser_Arena_Pisek_Game_Cafe_Bar\" >7. Laser Ar\u00e9na P\u00edsek &amp; Game Caf\u00e9 Bar<\/a><\/li><li class='ez-toc-page-1 ez-toc-heading-level-3'><a class=\"ez-toc-link ez-toc-heading-12\" href=\"https:\/\/loudavymkrokem.cz\/hu\/pisek-gyerekekkel-tippek\/#8_LezeTop_%E2%80%93_Pisek_maszokozpont\" >8. LezeTop \u2013 P\u00edsek m\u00e1sz\u00f3k\u00f6zpont<\/a><\/li><li class='ez-toc-page-1 ez-toc-heading-level-3'><a class=\"ez-toc-link ez-toc-heading-13\" href=\"https:\/\/loudavymkrokem.cz\/hu\/pisek-gyerekekkel-tippek\/#9_Uszostadion\" >9. \u00dasz\u00f3stadion<\/a><\/li><li class='ez-toc-page-1 ez-toc-heading-level-3'><a class=\"ez-toc-link ez-toc-heading-14\" href=\"https:\/\/loudavymkrokem.cz\/hu\/pisek-gyerekekkel-tippek\/#10_Anya-_es_gyermekgondozo_kozpont\" >10. Anya- \u00e9s gyermekgondoz\u00f3 k\u00f6zpont<\/a><\/li><li class='ez-toc-page-1 ez-toc-heading-level-3'><a class=\"ez-toc-link ez-toc-heading-15\" href=\"https:\/\/loudavymkrokem.cz\/hu\/pisek-gyerekekkel-tippek\/#11_Varosi_konyvtar_es_Upekla_kavezo\" >11. V\u00e1rosi k\u00f6nyvt\u00e1r \u00e9s Upekla k\u00e1v\u00e9z\u00f3<\/a><\/li><\/ul><\/li><li class='ez-toc-page-1 ez-toc-heading-level-2'><a class=\"ez-toc-link ez-toc-heading-16\" href=\"https:\/\/loudavymkrokem.cz\/hu\/pisek-gyerekekkel-tippek\/#Jatszoterek_park_es_folyo_Pisek_gyerekekkel_a_szabadban\" >J\u00e1tsz\u00f3terek, park \u00e9s foly\u00f3: P\u00edsek gyerekekkel a szabadban<\/a><ul class='ez-toc-list-level-3' ><li class='ez-toc-heading-level-3'><a class=\"ez-toc-link ez-toc-heading-17\" href=\"https:\/\/loudavymkrokem.cz\/hu\/pisek-gyerekekkel-tippek\/#12_Homokszobrok_a_rakparton\" >12. Homokszobrok a rakparton<\/a><\/li><li class='ez-toc-page-1 ez-toc-heading-level-3'><a class=\"ez-toc-link ez-toc-heading-18\" href=\"https:\/\/loudavymkrokem.cz\/hu\/pisek-gyerekekkel-tippek\/#13_Kohid_es_a_rakpart\" >13. K\u0151h\u00edd \u00e9s a rakpart<\/a><\/li><li class='ez-toc-page-1 ez-toc-heading-level-3'><a class=\"ez-toc-link ez-toc-heading-19\" href=\"https:\/\/loudavymkrokem.cz\/hu\/pisek-gyerekekkel-tippek\/#14_Varosi_sziget\" >14. V\u00e1rosi sziget<\/a><\/li><li class='ez-toc-page-1 ez-toc-heading-level-3'><a class=\"ez-toc-link ez-toc-heading-20\" href=\"https:\/\/loudavymkrokem.cz\/hu\/pisek-gyerekekkel-tippek\/#15_Kozlekedesi_jatszoter_Szent_Vencelnel\" >15. K\u00f6zleked\u00e9si j\u00e1tsz\u00f3t\u00e9r Szent Venceln\u00e9l<\/a><\/li><li class='ez-toc-page-1 ez-toc-heading-level-3'><a class=\"ez-toc-link ez-toc-heading-21\" href=\"https:\/\/loudavymkrokem.cz\/hu\/pisek-gyerekekkel-tippek\/#16_Jirasek-rakpart_es_golyojatszoter\" >16. Jir\u00e1sek-rakpart \u00e9s goly\u00f3j\u00e1tsz\u00f3t\u00e9r<\/a><\/li><li class='ez-toc-page-1 ez-toc-heading-level-3'><a class=\"ez-toc-link ez-toc-heading-22\" href=\"https:\/\/loudavymkrokem.cz\/hu\/pisek-gyerekekkel-tippek\/#17_Jatszoter_a_szarvassal_a_Na_Trubach_negyedben\" >17. J\u00e1tsz\u00f3t\u00e9r a szarvassal a Na Trub\u00e1ch negyedben<\/a><\/li><li class='ez-toc-page-1 ez-toc-heading-level-3'><a class=\"ez-toc-link ez-toc-heading-23\" href=\"https:\/\/loudavymkrokem.cz\/hu\/pisek-gyerekekkel-tippek\/#18_Palacky-liget\" >18. Palack\u00fd-liget<\/a><\/li><li class='ez-toc-page-1 ez-toc-heading-level-3'><a class=\"ez-toc-link ez-toc-heading-24\" href=\"https:\/\/loudavymkrokem.cz\/hu\/pisek-gyerekekkel-tippek\/#19_Strand_Szent_Vencelnel\" >19. Strand Szent Venceln\u00e9l<\/a><\/li><li class='ez-toc-page-1 ez-toc-heading-level-3'><a class=\"ez-toc-link ez-toc-heading-25\" href=\"https:\/\/loudavymkrokem.cz\/hu\/pisek-gyerekekkel-tippek\/#20_Csonakazas_es_vizitura_az_Otavan\" >20. Cs\u00f3nak\u00e1z\u00e1s \u00e9s v\u00edzit\u00fara az Otav\u00e1n<\/a><\/li><li class='ez-toc-page-1 ez-toc-heading-level-3'><a class=\"ez-toc-link ez-toc-heading-26\" href=\"https:\/\/loudavymkrokem.cz\/hu\/pisek-gyerekekkel-tippek\/#21_Vadaskert_az_U_Vodakanal\" >21. Vadaskert az U Vod\u00e1k\u00e1n\u00e1l<\/a><\/li><li class='ez-toc-page-1 ez-toc-heading-level-3'><a class=\"ez-toc-link ez-toc-heading-27\" href=\"https:\/\/loudavymkrokem.cz\/hu\/pisek-gyerekekkel-tippek\/#22_3D_utveszto_a_Zivecnel\" >22. 3D \u00fatveszt\u0151 a \u017divecn\u00e9l<\/a><\/li><li class='ez-toc-page-1 ez-toc-heading-level-3'><a class=\"ez-toc-link ez-toc-heading-28\" href=\"https:\/\/loudavymkrokem.cz\/hu\/pisek-gyerekekkel-tippek\/#23_Jarnik_kilato\" >23. Jarn\u00edk kil\u00e1t\u00f3<\/a><\/li><li class='ez-toc-page-1 ez-toc-heading-level-3'><a class=\"ez-toc-link ez-toc-heading-29\" href=\"https:\/\/loudavymkrokem.cz\/hu\/pisek-gyerekekkel-tippek\/#24_Golyopalya_a_Hradiste_negyedben\" >24. Goly\u00f3p\u00e1lya a Hradi\u0161t\u011b negyedben<\/a><\/li><li class='ez-toc-page-1 ez-toc-heading-level-3'><a class=\"ez-toc-link ez-toc-heading-30\" href=\"https:\/\/loudavymkrokem.cz\/hu\/pisek-gyerekekkel-tippek\/#25_Oriasi_homokozo_a_Vasarteren\" >25. \u00d3ri\u00e1si homokoz\u00f3 a V\u00e1s\u00e1rt\u00e9ren<\/a><\/li><\/ul><\/li><li class='ez-toc-page-1 ez-toc-heading-level-2'><a class=\"ez-toc-link ez-toc-heading-31\" href=\"https:\/\/loudavymkrokem.cz\/hu\/pisek-gyerekekkel-tippek\/#Kirandulasok_gyerekekkel_Pisek_kornyeken\" >Kir\u00e1ndul\u00e1sok gyerekekkel P\u00edsek k\u00f6rny\u00e9k\u00e9n<\/a><ul class='ez-toc-list-level-3' ><li class='ez-toc-heading-level-3'><a class=\"ez-toc-link ez-toc-heading-32\" href=\"https:\/\/loudavymkrokem.cz\/hu\/pisek-gyerekekkel-tippek\/#26_Maletice_Farmapark\" >26. Maletice Farmapark<\/a><\/li><li class='ez-toc-page-1 ez-toc-heading-level-3'><a class=\"ez-toc-link ez-toc-heading-33\" href=\"https:\/\/loudavymkrokem.cz\/hu\/pisek-gyerekekkel-tippek\/#27_Nase_zviratka_Putim\" >27. Na\u0161e zv\u00ed\u0159\u00e1tka Putim<\/a><\/li><li class='ez-toc-page-1 ez-toc-heading-level-3'><a class=\"ez-toc-link ez-toc-heading-34\" href=\"https:\/\/loudavymkrokem.cz\/hu\/pisek-gyerekekkel-tippek\/#28_Kozel-tanya_Predoticeben\" >28. Kozel-tanya P\u0159edotic\u00e9ben<\/a><\/li><li class='ez-toc-page-1 ez-toc-heading-level-3'><a class=\"ez-toc-link ez-toc-heading-35\" href=\"https:\/\/loudavymkrokem.cz\/hu\/pisek-gyerekekkel-tippek\/#29_Stary_Bor_farm_Sedlice_mellett\" >29. Star\u00fd Bor farm Sedlice mellett<\/a><\/li><li class='ez-toc-page-1 ez-toc-heading-level-3'><a class=\"ez-toc-link ez-toc-heading-36\" href=\"https:\/\/loudavymkrokem.cz\/hu\/pisek-gyerekekkel-tippek\/#30_Stetice_lovarda\" >30. \u0160t\u011btice lovarda<\/a><\/li><li class='ez-toc-page-1 ez-toc-heading-level-3'><a class=\"ez-toc-link ez-toc-heading-37\" href=\"https:\/\/loudavymkrokem.cz\/hu\/pisek-gyerekekkel-tippek\/#31_Calamity_Jane_Ranch_Probulovban\" >31. Calamity Jane Ranch Probulovban<\/a><\/li><li class='ez-toc-page-1 ez-toc-heading-level-3'><a class=\"ez-toc-link ez-toc-heading-38\" href=\"https:\/\/loudavymkrokem.cz\/hu\/pisek-gyerekekkel-tippek\/#32_Fiziland_Protivin\" >32. Fiziland Protiv\u00edn<\/a><\/li><li class='ez-toc-page-1 ez-toc-heading-level-3'><a class=\"ez-toc-link ez-toc-heading-39\" href=\"https:\/\/loudavymkrokem.cz\/hu\/pisek-gyerekekkel-tippek\/#33_Ido_Kiralysaga_Protivin\" >33. Id\u0151 Kir\u00e1lys\u00e1ga Protiv\u00edn<\/a><\/li><li class='ez-toc-page-1 ez-toc-heading-level-3'><a class=\"ez-toc-link ez-toc-heading-40\" href=\"https:\/\/loudavymkrokem.cz\/hu\/pisek-gyerekekkel-tippek\/#34_Krokodil_ZOO_Protivin\" >34. Krokodil ZOO Protiv\u00edn<\/a><\/li><li class='ez-toc-page-1 ez-toc-heading-level-3'><a class=\"ez-toc-link ez-toc-heading-41\" href=\"https:\/\/loudavymkrokem.cz\/hu\/pisek-gyerekekkel-tippek\/#35_Mesekovacs_Selibov\" >35. Mesekov\u00e1cs Selibov<\/a><\/li><li class='ez-toc-page-1 ez-toc-heading-level-3'><a class=\"ez-toc-link ez-toc-heading-42\" href=\"https:\/\/loudavymkrokem.cz\/hu\/pisek-gyerekekkel-tippek\/#36_Zemeraj_Kovarov\" >36. Zem\u011br\u00e1j Kov\u00e1\u0159ov<\/a><\/li><li class='ez-toc-page-1 ez-toc-heading-level-3'><a class=\"ez-toc-link ez-toc-heading-43\" href=\"https:\/\/loudavymkrokem.cz\/hu\/pisek-gyerekekkel-tippek\/#37_Bagrarium_Strakonice\" >37. Bagr\u00e1rium Strakonice<\/a><\/li><li class='ez-toc-page-1 ez-toc-heading-level-3'><a class=\"ez-toc-link ez-toc-heading-44\" href=\"https:\/\/loudavymkrokem.cz\/hu\/pisek-gyerekekkel-tippek\/#38_Zvikov_es_hajo_Orlikhoz\" >38. Zv\u00edkov \u00e9s haj\u00f3 Orl\u00edkhoz<\/a><\/li><li class='ez-toc-page-1 ez-toc-heading-level-3'><a class=\"ez-toc-link ez-toc-heading-45\" href=\"https:\/\/loudavymkrokem.cz\/hu\/pisek-gyerekekkel-tippek\/#39_Blatna_kastelya_es_a_damszarvasok\" >39. Blatn\u00e1 kast\u00e9lya \u00e9s a d\u00e1mszarvasok<\/a><\/li><li class='ez-toc-page-1 ez-toc-heading-level-3'><a class=\"ez-toc-link ez-toc-heading-46\" href=\"https:\/\/loudavymkrokem.cz\/hu\/pisek-gyerekekkel-tippek\/#40_ZOO_Hluboka\" >40. ZOO Hlubok\u00e1<\/a><\/li><li class='ez-toc-page-1 ez-toc-heading-level-3'><a class=\"ez-toc-link ez-toc-heading-47\" href=\"https:\/\/loudavymkrokem.cz\/hu\/pisek-gyerekekkel-tippek\/#41_Tabor_es_muzeumai\" >41. T\u00e1bor \u00e9s m\u00fazeumai<\/a><\/li><li class='ez-toc-page-1 ez-toc-heading-level-3'><a class=\"ez-toc-link ez-toc-heading-48\" href=\"https:\/\/loudavymkrokem.cz\/hu\/pisek-gyerekekkel-tippek\/#42_Milevskoi_Maskarak_Muzeuma\" >42. Milevsk\u00f3i Maskar\u00e1k M\u00fazeuma<\/a><\/li><li class='ez-toc-page-1 ez-toc-heading-level-3'><a class=\"ez-toc-link ez-toc-heading-49\" href=\"https:\/\/loudavymkrokem.cz\/hu\/pisek-gyerekekkel-tippek\/#43_Aquapark_Horazdovice\" >43. Aquapark Hora\u017e\u010fovice<\/a><\/li><li class='ez-toc-page-1 ez-toc-heading-level-3'><a class=\"ez-toc-link ez-toc-heading-50\" href=\"https:\/\/loudavymkrokem.cz\/hu\/pisek-gyerekekkel-tippek\/#44_Vodnany_es_a_halaszati_muzeum\" >44. Vod\u0148any \u00e9s a hal\u00e1szati m\u00fazeum<\/a><\/li><\/ul><\/li><li class='ez-toc-page-1 ez-toc-heading-level-2'><a class=\"ez-toc-link ez-toc-heading-51\" href=\"https:\/\/loudavymkrokem.cz\/hu\/pisek-gyerekekkel-tippek\/#Hol_egyel_Piseken_gyerekekkel\" >Hol egy\u00e9l P\u00edseken gyerekekkel<\/a><\/li><li class='ez-toc-page-1 ez-toc-heading-level-2'><a class=\"ez-toc-link ez-toc-heading-52\" href=\"https:\/\/loudavymkrokem.cz\/hu\/pisek-gyerekekkel-tippek\/#Mit_csinalj_Piseken_gyerekekkel_ha_esik\" >Mit csin\u00e1lj P\u00edseken gyerekekkel, ha esik<\/a><\/li><li class='ez-toc-page-1 ez-toc-heading-level-2'><a class=\"ez-toc-link ez-toc-heading-53\" href=\"https:\/\/loudavymkrokem.cz\/hu\/pisek-gyerekekkel-tippek\/#Gyakorlati_tippek_csaladoknak_parkolas_babakocsi_pelenkazas\" >Gyakorlati tippek csal\u00e1doknak: parkol\u00e1s, babakocsi, pelenk\u00e1z\u00e1s<\/a><\/li><li class='ez-toc-page-1 ez-toc-heading-level-2'><a class=\"ez-toc-link ez-toc-heading-54\" href=\"https:\/\/loudavymkrokem.cz\/hu\/pisek-gyerekekkel-tippek\/#Hova_tovabb\" >Hova tov\u00e1bb<\/a><\/li><li class='ez-toc-page-1 ez-toc-heading-level-2'><a class=\"ez-toc-link ez-toc-heading-55\" href=\"https:\/\/loudavymkrokem.cz\/hu\/pisek-gyerekekkel-tippek\/#Gyakran_ismetelt_kerdesek\" >Gyakran ism\u00e9telt k\u00e9rd\u00e9sek<\/a><ul class='ez-toc-list-level-3' ><li class='ez-toc-heading-level-3'><a class=\"ez-toc-link ez-toc-heading-56\" href=\"https:\/\/loudavymkrokem.cz\/hu\/pisek-gyerekekkel-tippek\/#Mit_lehet_csinalni_Pisekben_gyerekekkel_ha_esik_az_eso\" >Mit lehet csin\u00e1lni P\u00edsekben gyerekekkel, ha esik az es\u0151?<\/a><\/li><li class='ez-toc-page-1 ez-toc-heading-level-3'><a class=\"ez-toc-link ez-toc-heading-57\" href=\"https:\/\/loudavymkrokem.cz\/hu\/pisek-gyerekekkel-tippek\/#Mennyibe_kerul_a_Sladovna\" >Mennyibe ker\u00fcl a Sladovna?<\/a><\/li><li class='ez-toc-page-1 ez-toc-heading-level-3'><a class=\"ez-toc-link ez-toc-heading-58\" href=\"https:\/\/loudavymkrokem.cz\/hu\/pisek-gyerekekkel-tippek\/#Hova_menjunk_Pisekben_kisgyerekkel\" >Hova menj\u00fcnk P\u00edsekben kisgyerekkel?<\/a><\/li><li class='ez-toc-page-1 ez-toc-heading-level-3'><a class=\"ez-toc-link ez-toc-heading-59\" href=\"https:\/\/loudavymkrokem.cz\/hu\/pisek-gyerekekkel-tippek\/#Melyik_a_legjobb_jatszohaz_Pisekben\" >Melyik a legjobb j\u00e1tsz\u00f3h\u00e1z P\u00edsekben?<\/a><\/li><li class='ez-toc-page-1 ez-toc-heading-level-3'><a class=\"ez-toc-link ez-toc-heading-60\" href=\"https:\/\/loudavymkrokem.cz\/hu\/pisek-gyerekekkel-tippek\/#Melyek_a_legjobb_kirandulasok_20_percen_belul\" >Melyek a legjobb kir\u00e1ndul\u00e1sok 20 percen bel\u00fcl?<\/a><\/li><li class='ez-toc-page-1 ez-toc-heading-level-3'><a class=\"ez-toc-link ez-toc-heading-61\" href=\"https:\/\/loudavymkrokem.cz\/hu\/pisek-gyerekekkel-tippek\/#Alkalmas_Pisek_babakocsival\" >Alkalmas P\u00edsek babakocsival?<\/a><\/li><li class='ez-toc-page-1 ez-toc-heading-level-3'><a class=\"ez-toc-link ez-toc-heading-62\" href=\"https:\/\/loudavymkrokem.cz\/hu\/pisek-gyerekekkel-tippek\/#Hol_lehet_furodni_Pisekben_gyerekekkel\" >Hol lehet f\u00fcr\u00f6dni P\u00edsekben gyerekekkel?<\/a><\/li><li class='ez-toc-page-1 ez-toc-heading-level-3'><a class=\"ez-toc-link ez-toc-heading-63\" href=\"https:\/\/loudavymkrokem.cz\/hu\/pisek-gyerekekkel-tippek\/#Hova_mehetunk_gyerekekkel_ingyen\" >Hova mehet\u00fcnk gyerekekkel ingyen?<\/a><\/li><\/ul><\/li><\/ul><\/nav><\/div>\n<h3 class=\"wp-block-heading\"><span class=\"ez-toc-section\" id=\"Osszefoglalas_azoknak_akiknek_nincs_idejuk_vegigolvasni_a_cikket\"><\/span>\u00d6sszefoglal\u00e1s azoknak, akiknek nincs idej\u00fck v\u00e9gigolvasni a cikket<span class=\"ez-toc-section-end\"><\/span><\/h3>\n\n\n\n<ul class=\"wp-block-list\">\n<li><strong>A legnagyobb belt\u00e9ri j\u00e1tsz\u00f3h\u00e1z:<\/strong> a My\u0161ka j\u00e1tsz\u00f3h\u00e1z a Porty\u010d negyedben ugyan m\u00e1r el\u00e9g elavult felszerelts\u00e9g\u0171, de m\u00e9g mindig ez a legnagyobb j\u00e1tsz\u00f3h\u00e1z P\u00edseken, ez\u00e9rt j\u00e1runk oda.<\/li>\n\n\n\n<li><strong>Kult\u00fara gyerekeknek:<\/strong> a Sladovna a Pila\u0159i\u0161t\u011b \u00e9s Mraveni\u0161t\u011b ki\u00e1ll\u00edt\u00e1sokkal abszol\u00fat k\u00f6telez\u0151, csak ne felejtsd el el\u0151re online megvenni a jegyeket.<\/li>\n\n\n\n<li><strong>A legkedveltebb j\u00e1tsz\u00f3t\u00e9r:<\/strong> az \u00faj j\u00e1tsz\u00f3t\u00e9r az \u00f3ri\u00e1si fa szarvassal a Na Trub\u00e1ch negyedben, valamint a goly\u00f3p\u00e1ly\u00e1k a Jir\u00e1sek-rakparton eg\u00e9sz d\u00e9lut\u00e1nra lek\u00f6ti a gyerekeket.<\/li>\n\n\n\n<li><strong>K\u00e1v\u00e9z\u00f3 gyereksarokkal:<\/strong> a kedvenc Travel Caf\u00e9nk bels\u0151 udvar\u00e1n van egy kert remek homokoz\u00f3val \u00e9s h\u00e1zik\u00f3val.<\/li>\n\n\n\n<li><strong>Top 3 kir\u00e1ndul\u00e1s a k\u00f6rny\u00e9ken:<\/strong> a Maletice Farmapark, a Protiv\u00edni Id\u0151 Kir\u00e1lys\u00e1ga \u00e9s a Selibovi Mesekov\u00e1cs biztos befut\u00f3k.<\/li>\n\n\n\n<li><strong>Mi legyen, ha esik:<\/strong> megment a Sladovna, a My\u0161ka j\u00e1tsz\u00f3h\u00e1z, az uszoda az \u00fasz\u00f3stadionban, a kis Hernajs j\u00e1tsz\u00f3h\u00e1z vagy a Porty\u010d mozi.<\/li>\n<\/ul>\n\n\n\n<h2 class=\"wp-block-heading\"><span class=\"ez-toc-section\" id=\"Mikor_erdemes_Pisekbe_indulni_gyerekekkel\"><\/span>Mikor \u00e9rdemes P\u00edsekbe indulni gyerekekkel<span class=\"ez-toc-section-end\"><\/span><\/h2>\n\n\n\n<figure data-wp-context=\"{&quot;imageId&quot;:&quot;6a9530c2d4421&quot;}\" data-wp-interactive=\"core\/image\" data-wp-key=\"6a9530c2d4421\" class=\"wp-block-image size-full wp-lightbox-container\"><img decoding=\"async\" width=\"2200\" height=\"1467\" data-wp-class--hide=\"state.isContentHidden\" data-wp-class--show=\"state.isContentVisible\" data-wp-init=\"callbacks.setButtonStyles\" data-wp-on--click=\"actions.showLightbox\" data-wp-on--load=\"callbacks.setButtonStyles\" data-wp-on--pointerdown=\"actions.preloadImage\" data-wp-on--pointerenter=\"actions.preloadImageWithDelay\" data-wp-on--pointerleave=\"actions.cancelPreload\" data-wp-on-window--resize=\"callbacks.setButtonStyles\" src=\"https:\/\/loudavymkrokem.cz\/wp-content\/uploads\/2026\/08\/pisek-mestanske-domy-velke-namesti.jpg\" alt=\"Sz\u00ednes polg\u00e1rh\u00e1zak a p\u00edseki Nagyt\u00e9ren\" class=\"wp-image-399373\" title=\"\" srcset=\"https:\/\/loudavymkrokem.cz\/wp-content\/uploads\/2026\/08\/pisek-mestanske-domy-velke-namesti.jpg 2200w, https:\/\/loudavymkrokem.cz\/wp-content\/uploads\/2026\/08\/pisek-mestanske-domy-velke-namesti-300x200.jpg 300w, https:\/\/loudavymkrokem.cz\/wp-content\/uploads\/2026\/08\/pisek-mestanske-domy-velke-namesti-700x467.jpg 700w, https:\/\/loudavymkrokem.cz\/wp-content\/uploads\/2026\/08\/pisek-mestanske-domy-velke-namesti-768x512.jpg 768w, https:\/\/loudavymkrokem.cz\/wp-content\/uploads\/2026\/08\/pisek-mestanske-domy-velke-namesti-1536x1024.jpg 1536w, https:\/\/loudavymkrokem.cz\/wp-content\/uploads\/2026\/08\/pisek-mestanske-domy-velke-namesti-2048x1366.jpg 2048w, https:\/\/loudavymkrokem.cz\/wp-content\/uploads\/2026\/08\/pisek-mestanske-domy-velke-namesti-696x464.jpg 696w, https:\/\/loudavymkrokem.cz\/wp-content\/uploads\/2026\/08\/pisek-mestanske-domy-velke-namesti-1392x928.jpg 1392w, https:\/\/loudavymkrokem.cz\/wp-content\/uploads\/2026\/08\/pisek-mestanske-domy-velke-namesti-1920x1280.jpg 1920w\" sizes=\"(max-width: 2200px) 100vw, 2200px\" \/><button\n\t\t\tclass=\"lightbox-trigger\"\n\t\t\ttype=\"button\"\n\t\t\taria-haspopup=\"dialog\"\n\t\t\tdata-wp-bind--aria-label=\"state.thisImage.triggerButtonAriaLabel\"\n\t\t\tdata-wp-init=\"callbacks.initTriggerButton\"\n\t\t\tdata-wp-on--click=\"actions.showLightbox\"\n\t\t\tdata-wp-style--right=\"state.thisImage.buttonRight\"\n\t\t\tdata-wp-style--top=\"state.thisImage.buttonTop\"\n\t\t>\n\t\t\t<svg xmlns=\"http:\/\/www.w3.org\/2000\/svg\" width=\"12\" height=\"12\" fill=\"none\" viewBox=\"0 0 12 12\">\n\t\t\t\t<path fill=\"#fff\" d=\"M2 0a2 2 0 0 0-2 2v2h1.5V2a.5.5 0 0 1 .5-.5h2V0H2Zm2 10.5H2a.5.5 0 0 1-.5-.5V8H0v2a2 2 0 0 0 2 2h2v-1.5ZM8 12v-1.5h2a.5.5 0 0 0 .5-.5V8H12v2a2 2 0 0 1-2 2H8Zm2-12a2 2 0 0 1 2 2v2h-1.5V2a.5.5 0 0 0-.5-.5H8V0h2Z\" \/>\n\t\t\t<\/svg>\n\t\t<\/button><\/figure>\n\n\n\n<p class=\"wp-block-paragraph\">P\u00edsek eg\u00e9sz \u00e9vben gy\u00f6ny\u00f6r\u0171, de ha a v\u00e1rost a k\u00fclt\u00e9ri programokkal egy\u00fctt szeretn\u00e9d igaz\u00e1n ki\u00e9lvezni, <strong>a l\u00e1togat\u00e1sra ide\u00e1lis id\u0151 m\u00e1jus v\u00e9g\u00e9t\u0151l szeptemberig tart<\/strong>. M\u00e1jus v\u00e9g\u00e9t\u0151l ugyanis a K\u0151h\u00edd melletti rakparton rendszeresen feln\u0151nek az \u00f3ri\u00e1si homokszobrok, amelyek nagy vonzer\u0151t jelentenek, a ny\u00e1ri h\u00f3napok pedig egyenesen a Szent Vencel melletti gy\u00f6ny\u00f6r\u0171 foly\u00f3parti strand megl\u00e1togat\u00e1s\u00e1ra cs\u00e1b\u00edtanak.<\/p>\n\n\n\n<p class=\"wp-block-paragraph\">Ha t\u00e9len vagy \u0151sszel k\u00e9sz\u00fclt\u00f6k hozz\u00e1nk, <strong>eg\u00e9szen biztosan nem fogtok unatkozni<\/strong>, mert a v\u00e1rosnak remek belt\u00e9ri k\u00edn\u00e1lata van a Sladovn\u00e1val \u00e9s t\u00f6bb j\u00e1tsz\u00f3h\u00e1zzal az \u00e9len, \u00edgy a programr\u00f3l gondoskodva lesz, akkor is, ha szakad az es\u0151. A gyerekekkel val\u00f3 l\u00e1togat\u00e1sra <strong>legal\u00e1bb egy hossz\u00fa h\u00e9tv\u00e9g\u00e9t<\/strong> aj\u00e1nlok, de ha a k\u00f6rny\u00e9ki kir\u00e1ndul\u00e1sokat is szeretn\u00e9d beiktatni, nyugodtan elt\u00f6lthettek itt egy eg\u00e9sz, \u00e9lm\u00e9nyekkel teli hetet.<\/p>\n\n\n\n<h2 class=\"wp-block-heading\"><span class=\"ez-toc-section\" id=\"Hol_szallj_meg_Piseken_gyerekekkel\"><\/span>Hol sz\u00e1llj meg P\u00edseken gyerekekkel<span class=\"ez-toc-section-end\"><\/span><\/h2>\n\n\n\n<figure data-wp-context=\"{&quot;imageId&quot;:&quot;6a9530c2d4e23&quot;}\" data-wp-interactive=\"core\/image\" data-wp-key=\"6a9530c2d4e23\" class=\"wp-block-image size-full wp-lightbox-container\"><img decoding=\"async\" width=\"2200\" height=\"1467\" data-wp-class--hide=\"state.isContentHidden\" data-wp-class--show=\"state.isContentVisible\" data-wp-init=\"callbacks.setButtonStyles\" data-wp-on--click=\"actions.showLightbox\" data-wp-on--load=\"callbacks.setButtonStyles\" data-wp-on--pointerdown=\"actions.preloadImage\" data-wp-on--pointerenter=\"actions.preloadImageWithDelay\" data-wp-on--pointerleave=\"actions.cancelPreload\" data-wp-on-window--resize=\"callbacks.setButtonStyles\" src=\"https:\/\/loudavymkrokem.cz\/wp-content\/uploads\/2026\/08\/pisek-fontana-hotel-otava.jpg\" alt=\"Sz\u00f6k\u0151k\u00fat P\u00edsek belv\u00e1ros\u00e1ban, a h\u00e1tt\u00e9rben az Otava Hotellel\" class=\"wp-image-399365\" title=\"\" srcset=\"https:\/\/loudavymkrokem.cz\/wp-content\/uploads\/2026\/08\/pisek-fontana-hotel-otava.jpg 2200w, https:\/\/loudavymkrokem.cz\/wp-content\/uploads\/2026\/08\/pisek-fontana-hotel-otava-300x200.jpg 300w, https:\/\/loudavymkrokem.cz\/wp-content\/uploads\/2026\/08\/pisek-fontana-hotel-otava-700x467.jpg 700w, https:\/\/loudavymkrokem.cz\/wp-content\/uploads\/2026\/08\/pisek-fontana-hotel-otava-768x512.jpg 768w, https:\/\/loudavymkrokem.cz\/wp-content\/uploads\/2026\/08\/pisek-fontana-hotel-otava-1536x1024.jpg 1536w, https:\/\/loudavymkrokem.cz\/wp-content\/uploads\/2026\/08\/pisek-fontana-hotel-otava-2048x1366.jpg 2048w, https:\/\/loudavymkrokem.cz\/wp-content\/uploads\/2026\/08\/pisek-fontana-hotel-otava-696x464.jpg 696w, https:\/\/loudavymkrokem.cz\/wp-content\/uploads\/2026\/08\/pisek-fontana-hotel-otava-1392x928.jpg 1392w, https:\/\/loudavymkrokem.cz\/wp-content\/uploads\/2026\/08\/pisek-fontana-hotel-otava-1920x1280.jpg 1920w\" sizes=\"(max-width: 2200px) 100vw, 2200px\" \/><button\n\t\t\tclass=\"lightbox-trigger\"\n\t\t\ttype=\"button\"\n\t\t\taria-haspopup=\"dialog\"\n\t\t\tdata-wp-bind--aria-label=\"state.thisImage.triggerButtonAriaLabel\"\n\t\t\tdata-wp-init=\"callbacks.initTriggerButton\"\n\t\t\tdata-wp-on--click=\"actions.showLightbox\"\n\t\t\tdata-wp-style--right=\"state.thisImage.buttonRight\"\n\t\t\tdata-wp-style--top=\"state.thisImage.buttonTop\"\n\t\t>\n\t\t\t<svg xmlns=\"http:\/\/www.w3.org\/2000\/svg\" width=\"12\" height=\"12\" fill=\"none\" viewBox=\"0 0 12 12\">\n\t\t\t\t<path fill=\"#fff\" d=\"M2 0a2 2 0 0 0-2 2v2h1.5V2a.5.5 0 0 1 .5-.5h2V0H2Zm2 10.5H2a.5.5 0 0 1-.5-.5V8H0v2a2 2 0 0 0 2 2h2v-1.5ZM8 12v-1.5h2a.5.5 0 0 0 .5-.5V8H12v2a2 2 0 0 1-2 2H8Zm2-12a2 2 0 0 1 2 2v2h-1.5V2a.5.5 0 0 0-.5-.5H8V0h2Z\" \/>\n\t\t\t<\/svg>\n\t\t<\/button><\/figure>\n\n\n\n<p class=\"wp-block-paragraph\">A sz\u00e1ll\u00e1s kiv\u00e1laszt\u00e1sa gyerekes csal\u00e1dok sz\u00e1m\u00e1ra kulcsfontoss\u00e1g\u00fa, P\u00edseken pedig egyb\u0151l t\u00f6bb remek lehet\u0151s\u00e9get tal\u00e1lsz k\u00f6zvetlen\u00fcl a belv\u00e1rosban. A <strong><a href=\"https:\/\/www.stay22.com\/allez\/roam?aid=lukaskonecny&amp;campaign=loudavymkrokemcz&amp;campaign=pisek-s-detmi&amp;hotelname=Hotel%20Biograf&amp;address=P%C3%ADsek%2C%20%C4%8Cesko\" target=\"_blank\" rel=\"noopener nofollow sponsored\">Hotel Biograf<\/a><\/strong> egy gy\u00f6ny\u00f6r\u0171 n\u00e9gycsillagos hotel a belv\u00e1roshoz k\u00f6zel, amely a Bookingon remek, 8,6-os \u00e9rt\u00e9kel\u00e9st kapott, \u00e9s a sz\u00fcl\u0151k biztosan \u00e9rt\u00e9kelni fogj\u00e1k az esti pihen\u00e9s lehet\u0151s\u00e9g\u00e9t a szaun\u00e1ban.<\/p>\n\n\n\n<p class=\"wp-block-paragraph\">A t\u00f6rt\u00e9nelmi <strong>Hotel Otava<\/strong>, homlokzat\u00e1n Ale\u0161 festm\u00e9nyeivel, a fel\u00faj\u00edt\u00e1s ut\u00e1n a f\u00f6ldszintj\u00e9n \u00faj <strong>Caf\u00e9 Otav\u00e1t<\/strong> kapott (reggeli 7:30-t\u00f3l, napi men\u00fc, h\u00e1zi desszertek), gyerekekkel reggelizni remek c\u00edm. Szob\u00e1kat viszont a Bookingon jelenleg nem tal\u00e1lsz, a sz\u00e1ll\u00e1st ink\u00e1bb a Biografban vagy az U Kapli\u010dkyben int\u00e9zd. Ha ink\u00e1bb modern gasztron\u00f3miai \u00e9lm\u00e9nyt keresel sz\u00e1ll\u00e1ssal egybek\u00f6tve, n\u00e9zd meg a <strong><a href=\"https:\/\/www.stay22.com\/allez\/roam?aid=lukaskonecny&amp;campaign=loudavymkrokemcz&amp;campaign=pisek-s-detmi&amp;hotelname=Hotel%20U%20Kapli%C4%8Dky&amp;address=P%C3%ADsek%2C%20%C4%8Cesko\" target=\"_blank\" rel=\"noopener nofollow sponsored\">Hotel U Kapli\u010dkyt<\/a><\/strong>, amelynek Chapelle \u00e9tterm\u00e9t a Michelin Guide is bev\u00e1logatta.<\/p>\n\n\n\n<p class=\"wp-block-paragraph\">Azoknak a csal\u00e1doknak, akik f\u0151leg ny\u00e1ron a f\u00fcrd\u0151z\u00e9s\u00e9rt \u00e9s a sport\u00e9rt j\u00f6nnek ide, t\u00f6k\u00e9letes a <strong><a href=\"https:\/\/www.stay22.com\/allez\/roam?aid=lukaskonecny&amp;campaign=loudavymkrokemcz&amp;campaign=pisek-s-detmi&amp;hotelname=Penzion%20Sport&amp;address=P%C3%ADsek%2C%20%C4%8Cesko\" target=\"_blank\" rel=\"noopener nofollow sponsored\">Penzion Sport<\/a><\/strong>, amely k\u00f6zvetlen\u00fcl a foly\u00f3n\u00e1l, a v\u00e1rosi strand ter\u00fclet\u00e9n fekszik. Az el\u0151ny, hogy a teraszos \u00e9tterem egyenesen a strand ter\u00fclet\u00e9n van, \u00edgy a medenc\u00e9kig \u00e9s a pancsol\u00f3ig p\u00e1r l\u00e9p\u00e9s az \u00fat. Mindezeket a sz\u00e1ll\u00e1sokat k\u00f6nnyen lefoglalod a Bookingon, ahol n\u00e9ha \u00e9rdekes kedvezm\u00e9nyekbe is belefuthatsz.<\/p>\n\n\n\n<h2 class=\"wp-block-heading\"><span class=\"ez-toc-section\" id=\"Jatszohazak_es_fedett_szorakozas_Piseken\"><\/span>J\u00e1tsz\u00f3h\u00e1zak \u00e9s fedett sz\u00f3rakoz\u00e1s P\u00edseken<span class=\"ez-toc-section-end\"><\/span><\/h2>\n\n\n\n<p class=\"wp-block-paragraph\">Ha az id\u0151j\u00e1r\u00e1s nem kedvez, vagy egyszer\u0171en csak p\u00e1r \u00f3r\u00e1ra el kell b\u00fajnotok a ny\u00e1ri nap el\u0151l, P\u00edsek rengeteg belt\u00e9ri lehet\u0151s\u00e9get k\u00edn\u00e1l. A j\u00e1tsz\u00f3h\u00e1zak, gyereksarokkal rendelkez\u0151 k\u00e1v\u00e9z\u00f3k \u00e9s j\u00e1tsz\u00f3terek folyamatosan friss\u00fcl\u0151 list\u00e1j\u00e1t ellen\u0151rz\u00f6tt nyitvatart\u00e1ssal a <a href=\"https:\/\/pisek.info\/deti\/hernicky\" target=\"_blank\" rel=\"noopener\">pisek.info\/deti\/hernicky<\/a> oldalon tal\u00e1lod. Ezeket a helyeket minden p\u00edseki anyuka a telefonj\u00e1ban \u0151rzi.<\/p>\n\n\n\n<h3 class=\"wp-block-heading\"><span class=\"ez-toc-section\" id=\"1_Myska_jatszohaz\"><\/span>1. My\u0161ka j\u00e1tsz\u00f3h\u00e1z<span class=\"ez-toc-section-end\"><\/span><\/h3>\n\n\n\n<figure data-wp-context=\"{&quot;imageId&quot;:&quot;6a9530c2d5832&quot;}\" data-wp-interactive=\"core\/image\" data-wp-key=\"6a9530c2d5832\" class=\"wp-block-image size-full wp-lightbox-container\"><img decoding=\"async\" width=\"2200\" height=\"1467\" data-wp-class--hide=\"state.isContentHidden\" data-wp-class--show=\"state.isContentVisible\" data-wp-init=\"callbacks.setButtonStyles\" data-wp-on--click=\"actions.showLightbox\" data-wp-on--load=\"callbacks.setButtonStyles\" data-wp-on--pointerdown=\"actions.preloadImage\" data-wp-on--pointerenter=\"actions.preloadImageWithDelay\" data-wp-on--pointerleave=\"actions.cancelPreload\" data-wp-on-window--resize=\"callbacks.setButtonStyles\" src=\"https:\/\/loudavymkrokem.cz\/wp-content\/uploads\/2026\/08\/pisek-myska-herna-bazenek-s-micky.jpg\" alt=\"Labdamedence a p\u00edseki My\u0161ka j\u00e1tsz\u00f3h\u00e1zban\" class=\"wp-image-399531\" title=\"\" srcset=\"https:\/\/loudavymkrokem.cz\/wp-content\/uploads\/2026\/08\/pisek-myska-herna-bazenek-s-micky.jpg 2200w, https:\/\/loudavymkrokem.cz\/wp-content\/uploads\/2026\/08\/pisek-myska-herna-bazenek-s-micky-300x200.jpg 300w, https:\/\/loudavymkrokem.cz\/wp-content\/uploads\/2026\/08\/pisek-myska-herna-bazenek-s-micky-700x467.jpg 700w, https:\/\/loudavymkrokem.cz\/wp-content\/uploads\/2026\/08\/pisek-myska-herna-bazenek-s-micky-768x512.jpg 768w, https:\/\/loudavymkrokem.cz\/wp-content\/uploads\/2026\/08\/pisek-myska-herna-bazenek-s-micky-1536x1024.jpg 1536w, https:\/\/loudavymkrokem.cz\/wp-content\/uploads\/2026\/08\/pisek-myska-herna-bazenek-s-micky-2048x1366.jpg 2048w, https:\/\/loudavymkrokem.cz\/wp-content\/uploads\/2026\/08\/pisek-myska-herna-bazenek-s-micky-696x464.jpg 696w, https:\/\/loudavymkrokem.cz\/wp-content\/uploads\/2026\/08\/pisek-myska-herna-bazenek-s-micky-1392x928.jpg 1392w, https:\/\/loudavymkrokem.cz\/wp-content\/uploads\/2026\/08\/pisek-myska-herna-bazenek-s-micky-1920x1280.jpg 1920w\" sizes=\"(max-width: 2200px) 100vw, 2200px\" \/><button\n\t\t\tclass=\"lightbox-trigger\"\n\t\t\ttype=\"button\"\n\t\t\taria-haspopup=\"dialog\"\n\t\t\tdata-wp-bind--aria-label=\"state.thisImage.triggerButtonAriaLabel\"\n\t\t\tdata-wp-init=\"callbacks.initTriggerButton\"\n\t\t\tdata-wp-on--click=\"actions.showLightbox\"\n\t\t\tdata-wp-style--right=\"state.thisImage.buttonRight\"\n\t\t\tdata-wp-style--top=\"state.thisImage.buttonTop\"\n\t\t>\n\t\t\t<svg xmlns=\"http:\/\/www.w3.org\/2000\/svg\" width=\"12\" height=\"12\" fill=\"none\" viewBox=\"0 0 12 12\">\n\t\t\t\t<path fill=\"#fff\" d=\"M2 0a2 2 0 0 0-2 2v2h1.5V2a.5.5 0 0 1 .5-.5h2V0H2Zm2 10.5H2a.5.5 0 0 1-.5-.5V8H0v2a2 2 0 0 0 2 2h2v-1.5ZM8 12v-1.5h2a.5.5 0 0 0 .5-.5V8H12v2a2 2 0 0 1-2 2H8Zm2-12a2 2 0 0 1 2 2v2h-1.5V2a.5.5 0 0 0-.5-.5H8V0h2Z\" \/>\n\t\t\t<\/svg>\n\t\t<\/button><\/figure>\n\n\n\n<p class=\"wp-block-paragraph\">Ez messze <strong>a legnagyobb belt\u00e9ri j\u00e1tsz\u00f3t\u00e9r P\u00edseken<\/strong>, amelyet a V Porty\u010di utc\u00e1ban (450. sz\u00e1m) tal\u00e1lsz, \u00e9s mi, helyi csal\u00e1dok t\u00e9nyleg gyakran ide tartunk, f\u0151leg amikor odakint zuhog az es\u0151. Odabent hatalmas m\u00e1sz\u00f3k\u00e1kat, cs\u00faszd\u00e1kat, egy nagy trambulint \u00e9s rengeteg szivacs\u00e9p\u00edt\u0151t tal\u00e1lsz, amikb\u0151l a gyerekek bunkert \u00e9p\u00edtenek.<\/p>\n\n\n\n<p class=\"wp-block-paragraph\">A j\u00e1tsz\u00f3h\u00e1z els\u0151sorban <strong>a 10 \u00e9v alatti gyerekeknek sz\u00f3l<\/strong>, de a speci\u00e1lis j\u00e1t\u00e9kelemeknek k\u00f6sz\u00f6nhet\u0151en a legkisebb totyog\u00f3k is remek\u00fcl elsz\u00f3rakoznak, akiknek biztons\u00e1gos k\u00f6rnyezet van kialak\u00edtva. A sz\u00fcl\u0151k k\u00f6zben le\u00fclhetnek a k\u00e1v\u00e9z\u00f3r\u00e9szbe, megihatnak egy k\u00e1v\u00e9t, mik\u00f6zben a gyerekek v\u00e9gig szem el\u0151tt vannak.<\/p>\n\n\n\n<p class=\"wp-block-paragraph\">A bel\u00e9p\u0151 a j\u00e1tsz\u00f3h\u00e1zban t\u00f6lt\u00f6tt id\u0151t\u0151l f\u00fcgg \u2013 egy \u00f3ra egy gyereknek 1270 Ft-ba (84 K\u010d) ker\u00fcl, de 1950 Ft-\u00e9rt (129 K\u010d) nyugodtan itt lehetsz eg\u00e9sz nap. Az egy \u00e9v alatti bab\u00e1k csak 740 Ft-ot (49 K\u010d), a feln\u0151tt k\u00eds\u00e9r\u0151 pedig jelk\u00e9pes 760 Ft-ot (50 K\u010d) fizet, ami a My\u0161k\u00e1t nagyon megfizethet\u0151 sz\u00f3rakoz\u00e1ss\u00e1 teszi.<\/p>\n\n\n\n<p class=\"wp-block-paragraph\">Legy\u00fcnk \u0151szint\u00e9k: <strong>a felszerelts\u00e9g m\u00e1r j\u00f3csk\u00e1n elavult<\/strong>, \u00e9s semmi sem \u00e1rasztja itt az \u00fajdons\u00e1g illat\u00e1t. M\u00e9gis ez m\u00e1ig a legnagyobb j\u00e1tsz\u00f3h\u00e1z P\u00edseken, \u00e9s pontosan ez\u00e9rt j\u00e1runk ide tov\u00e1bbra is. Sehol m\u00e1shol a v\u00e1rosban nincs a gyerekeknek ekkora tere a kifutk\u00e1roz\u00e1shoz.<\/p>\n\n\n\n<h3 class=\"wp-block-heading\"><span class=\"ez-toc-section\" id=\"2_Sladovna_%E2%80%93_Pilariste_kiallitas\"><\/span>2. Sladovna \u2013 Pila\u0159i\u0161t\u011b ki\u00e1ll\u00edt\u00e1s<span class=\"ez-toc-section-end\"><\/span><\/h3>\n\n\n\n<figure data-wp-context=\"{&quot;imageId&quot;:&quot;6a9530c2d6271&quot;}\" data-wp-interactive=\"core\/image\" data-wp-key=\"6a9530c2d6271\" class=\"wp-block-image size-full wp-lightbox-container\"><img decoding=\"async\" width=\"2200\" height=\"1457\" data-wp-class--hide=\"state.isContentHidden\" data-wp-class--show=\"state.isContentVisible\" data-wp-init=\"callbacks.setButtonStyles\" data-wp-on--click=\"actions.showLightbox\" data-wp-on--load=\"callbacks.setButtonStyles\" data-wp-on--pointerdown=\"actions.preloadImage\" data-wp-on--pointerenter=\"actions.preloadImageWithDelay\" data-wp-on--pointerleave=\"actions.cancelPreload\" data-wp-on-window--resize=\"callbacks.setButtonStyles\" src=\"https:\/\/loudavymkrokem.cz\/wp-content\/uploads\/2026\/08\/sladovna-pisek-pilariste-expozice.jpg\" alt=\"A Pila\u0159i\u0161t\u011b ki\u00e1ll\u00edt\u00e1s a p\u00edseki Sladovn\u00e1ban\" class=\"wp-image-399622\" title=\"\" srcset=\"https:\/\/loudavymkrokem.cz\/wp-content\/uploads\/2026\/08\/sladovna-pisek-pilariste-expozice.jpg 2200w, https:\/\/loudavymkrokem.cz\/wp-content\/uploads\/2026\/08\/sladovna-pisek-pilariste-expozice-300x199.jpg 300w, https:\/\/loudavymkrokem.cz\/wp-content\/uploads\/2026\/08\/sladovna-pisek-pilariste-expozice-700x464.jpg 700w, https:\/\/loudavymkrokem.cz\/wp-content\/uploads\/2026\/08\/sladovna-pisek-pilariste-expozice-768x509.jpg 768w, https:\/\/loudavymkrokem.cz\/wp-content\/uploads\/2026\/08\/sladovna-pisek-pilariste-expozice-1536x1017.jpg 1536w, https:\/\/loudavymkrokem.cz\/wp-content\/uploads\/2026\/08\/sladovna-pisek-pilariste-expozice-2048x1356.jpg 2048w, https:\/\/loudavymkrokem.cz\/wp-content\/uploads\/2026\/08\/sladovna-pisek-pilariste-expozice-696x461.jpg 696w, https:\/\/loudavymkrokem.cz\/wp-content\/uploads\/2026\/08\/sladovna-pisek-pilariste-expozice-1392x922.jpg 1392w, https:\/\/loudavymkrokem.cz\/wp-content\/uploads\/2026\/08\/sladovna-pisek-pilariste-expozice-1920x1272.jpg 1920w\" sizes=\"(max-width: 2200px) 100vw, 2200px\" \/><button\n\t\t\tclass=\"lightbox-trigger\"\n\t\t\ttype=\"button\"\n\t\t\taria-haspopup=\"dialog\"\n\t\t\tdata-wp-bind--aria-label=\"state.thisImage.triggerButtonAriaLabel\"\n\t\t\tdata-wp-init=\"callbacks.initTriggerButton\"\n\t\t\tdata-wp-on--click=\"actions.showLightbox\"\n\t\t\tdata-wp-style--right=\"state.thisImage.buttonRight\"\n\t\t\tdata-wp-style--top=\"state.thisImage.buttonTop\"\n\t\t>\n\t\t\t<svg xmlns=\"http:\/\/www.w3.org\/2000\/svg\" width=\"12\" height=\"12\" fill=\"none\" viewBox=\"0 0 12 12\">\n\t\t\t\t<path fill=\"#fff\" d=\"M2 0a2 2 0 0 0-2 2v2h1.5V2a.5.5 0 0 1 .5-.5h2V0H2Zm2 10.5H2a.5.5 0 0 1-.5-.5V8H0v2a2 2 0 0 0 2 2h2v-1.5ZM8 12v-1.5h2a.5.5 0 0 0 .5-.5V8H12v2a2 2 0 0 1-2 2H8Zm2-12a2 2 0 0 1 2 2v2h-1.5V2a.5.5 0 0 0-.5-.5H8V0h2Z\" \/>\n\t\t\t<\/svg>\n\t\t<\/button><\/figure>\n\n\n\n<figure data-wp-context=\"{&quot;imageId&quot;:&quot;6a9530c2d6678&quot;}\" data-wp-interactive=\"core\/image\" data-wp-key=\"6a9530c2d6678\" class=\"wp-block-image size-full wp-lightbox-container\"><img decoding=\"async\" width=\"2200\" height=\"1467\" data-wp-class--hide=\"state.isContentHidden\" data-wp-class--show=\"state.isContentVisible\" data-wp-init=\"callbacks.setButtonStyles\" data-wp-on--click=\"actions.showLightbox\" data-wp-on--load=\"callbacks.setButtonStyles\" data-wp-on--pointerdown=\"actions.preloadImage\" data-wp-on--pointerenter=\"actions.preloadImageWithDelay\" data-wp-on--pointerleave=\"actions.cancelPreload\" data-wp-on-window--resize=\"callbacks.setButtonStyles\" src=\"https:\/\/loudavymkrokem.cz\/wp-content\/uploads\/2026\/08\/pisek-sladovna.jpg\" alt=\"Sladovna P\u00edsek, j\u00e1t\u00e9kos gal\u00e9ria gyerekeknek\" class=\"wp-image-399379\" title=\"\" srcset=\"https:\/\/loudavymkrokem.cz\/wp-content\/uploads\/2026\/08\/pisek-sladovna.jpg 2200w, https:\/\/loudavymkrokem.cz\/wp-content\/uploads\/2026\/08\/pisek-sladovna-300x200.jpg 300w, https:\/\/loudavymkrokem.cz\/wp-content\/uploads\/2026\/08\/pisek-sladovna-700x467.jpg 700w, https:\/\/loudavymkrokem.cz\/wp-content\/uploads\/2026\/08\/pisek-sladovna-768x512.jpg 768w, https:\/\/loudavymkrokem.cz\/wp-content\/uploads\/2026\/08\/pisek-sladovna-1536x1024.jpg 1536w, https:\/\/loudavymkrokem.cz\/wp-content\/uploads\/2026\/08\/pisek-sladovna-2048x1366.jpg 2048w, https:\/\/loudavymkrokem.cz\/wp-content\/uploads\/2026\/08\/pisek-sladovna-696x464.jpg 696w, https:\/\/loudavymkrokem.cz\/wp-content\/uploads\/2026\/08\/pisek-sladovna-1392x928.jpg 1392w, https:\/\/loudavymkrokem.cz\/wp-content\/uploads\/2026\/08\/pisek-sladovna-1920x1280.jpg 1920w\" sizes=\"(max-width: 2200px) 100vw, 2200px\" \/><button\n\t\t\tclass=\"lightbox-trigger\"\n\t\t\ttype=\"button\"\n\t\t\taria-haspopup=\"dialog\"\n\t\t\tdata-wp-bind--aria-label=\"state.thisImage.triggerButtonAriaLabel\"\n\t\t\tdata-wp-init=\"callbacks.initTriggerButton\"\n\t\t\tdata-wp-on--click=\"actions.showLightbox\"\n\t\t\tdata-wp-style--right=\"state.thisImage.buttonRight\"\n\t\t\tdata-wp-style--top=\"state.thisImage.buttonTop\"\n\t\t>\n\t\t\t<svg xmlns=\"http:\/\/www.w3.org\/2000\/svg\" width=\"12\" height=\"12\" fill=\"none\" viewBox=\"0 0 12 12\">\n\t\t\t\t<path fill=\"#fff\" d=\"M2 0a2 2 0 0 0-2 2v2h1.5V2a.5.5 0 0 1 .5-.5h2V0H2Zm2 10.5H2a.5.5 0 0 1-.5-.5V8H0v2a2 2 0 0 0 2 2h2v-1.5ZM8 12v-1.5h2a.5.5 0 0 0 .5-.5V8H12v2a2 2 0 0 1-2 2H8Zm2-12a2 2 0 0 1 2 2v2h-1.5V2a.5.5 0 0 0-.5-.5H8V0h2Z\" \/>\n\t\t\t<\/svg>\n\t\t<\/button><\/figure>\n\n\n\n<p class=\"wp-block-paragraph\">A <a href=\"https:\/\/www.sladovna.cz\" target=\"_blank\" rel=\"nofollow noopener\">Sladovna<\/a>, amely egy hatalmas, j\u00e1t\u00e9kon kereszt\u00fcl m\u0171k\u00f6d\u0151 gal\u00e9riak\u00e9nt funkcion\u00e1l, <strong>P\u00edsek abszol\u00fat unikuma \u00e9s b\u00fcszkes\u00e9ge<\/strong>, amit nem hagyhatsz ki. A Pila\u0159i\u0161t\u011b nev\u0171 r\u00e9sze kifejezetten a legkisebbeknek, a sz\u00fclet\u00e9st\u0151l hat\u00e9ves korig k\u00e9sz\u00fclt, akik itt biztons\u00e1gosan fedezhetik fel a vil\u00e1got sz\u00edneken, hangokon \u00e9s tapint\u00e1s\u00e9lm\u00e9nyeken kereszt\u00fcl.<\/p>\n\n\n\n<p class=\"wp-block-paragraph\">A t\u00e9r Radek Pila\u0159 illusztr\u00e1tor munk\u00e1ss\u00e1ga ihlette, \u00e9s <strong>a gyerekek itt m\u00e1szhatnak, beb\u00fajhatnak a puha b\u00fav\u00f3helyekre<\/strong> \u00e9s j\u00e1tszhatnak az interakt\u00edv elemekkel. A Sladovna \u00f3ri\u00e1si n\u00e9pszer\u0171s\u00e9ge miatt a vid\u00e9kr\u0151l \u00e9rkez\u0151 turist\u00e1k k\u00f6r\u00e9ben aj\u00e1nlom, hogy n\u00e9zd meg a szabad id\u0151pontokat, \u00e9s vedd meg a jegyeket el\u0151re online.<\/p>\n\n\n\n<p class=\"wp-block-paragraph\">A Pila\u0159i\u0161t\u011bbe val\u00f3 bel\u00e9p\u00e9s <strong>90 perces, el\u0151re kijel\u00f6lt id\u0151blokkokban<\/strong> t\u00f6rt\u00e9nik, hogy odabent ne legyen t\u00falzs\u00fafolts\u00e1g, az alap bel\u00e9p\u0151 pedig 2026-ban 1810 Ft (120 K\u010d) fejenk\u00e9nt. Az egy \u00e9v alatti gyerekeknek ingyenes a bel\u00e9p\u00e9s, a babakocsikat pedig gond n\u00e9lk\u00fcl leparkolod a f\u00f6ldszinti nagy ruhat\u00e1rban.<\/p>\n\n\n\n<h3 class=\"wp-block-heading\"><span class=\"ez-toc-section\" id=\"3_Sladovna_%E2%80%93_Mraveniste_Hangyaboly_kiallitas\"><\/span>3. Sladovna \u2013 Mraveni\u0161t\u011b (Hangyaboly) ki\u00e1ll\u00edt\u00e1s<span class=\"ez-toc-section-end\"><\/span><\/h3>\n\n\n\n<p class=\"wp-block-paragraph\">M\u00edg a Pila\u0159i\u0161t\u011b a legkisebbeknek sz\u00f3l, a h\u00e1rom \u00e9vn\u00e9l id\u0151sebb gyerekek <strong>teljesen odalesznek az \u00f3ri\u00e1si Hangyabolyt\u00f3l<\/strong>, amely a Sladovna fels\u0151bb emelet\u00e9n tal\u00e1lhat\u00f3. Ez egy hatalmas fa labirintus, tele alagutakkal, hidakkal \u00e9s m\u00e1sz\u00f3k\u00e1kkal, ahol a gyerekek egy id\u0151re apr\u00f3 hangy\u00e1kk\u00e1 v\u00e1lnak, \u00e9s felfedezik a folyos\u00f3csk\u00e1k bonyolult rendszer\u00e9t.<\/p>\n\n\n\n<p class=\"wp-block-paragraph\">A Hangyabolyba a l\u00e1togat\u00f3k <strong>f\u00e9l\u00f3r\u00e1s id\u0151k\u00f6z\u00f6nk\u00e9nt<\/strong> l\u00e9phetnek be, hogy a sz\u0171k alagutakban ne alakuljon ki torl\u00f3d\u00e1s, a bel\u00e9p\u00e9s pedig a f\u0151 ki\u00e1ll\u00edt\u00e1sokra sz\u00f3l\u00f3 jegy r\u00e9sze (2270 Ft \/ 150 K\u010d, 3 \u00e9v alatt ingyenes). Ezek rendszeresen cser\u00e9l\u0151dnek, \u00edgy akkor is tal\u00e1lsz mindig valami \u00fajat, ha nem el\u0151sz\u00f6r j\u00e1rsz P\u00edseken.<\/p>\n\n\n\n<p class=\"wp-block-paragraph\">Ha a l\u00e1togat\u00e1s k\u00f6zben szeretn\u00e9tek megpihenni, <strong>az el\u0151csarnokban tal\u00e1lsz egy k\u00e1v\u00e9automat\u00e1t<\/strong>, vagy egyb\u0151l be\u00fclhettek a szomsz\u00e9dos Balz\u00e1m Caf\u00e9ba. A f\u0151 ki\u00e1ll\u00edt\u00e1sokra sz\u00f3l\u00f3 csal\u00e1di bel\u00e9p\u0151 nagyj\u00e1b\u00f3l 7500\u20139100 Ft (500\u2013600 K\u010d), ami az\u00e9rt a rengeteg min\u0151s\u00e9gi sz\u00f3rakoz\u00e1s\u00e9rt igaz\u00e1n meg\u00e9ri.<\/p>\n\n\n\n<h3 class=\"wp-block-heading\"><span class=\"ez-toc-section\" id=\"4_Fazole_%E2%80%93_Montessori_foglalkozasok\"><\/span>4. Fazole \u2013 Montessori foglalkoz\u00e1sok<span class=\"ez-toc-section-end\"><\/span><\/h3>\n\n\n\n<figure data-wp-context=\"{&quot;imageId&quot;:&quot;6a9530c2d6cc9&quot;}\" data-wp-interactive=\"core\/image\" data-wp-key=\"6a9530c2d6cc9\" class=\"wp-block-image size-full wp-lightbox-container\"><img decoding=\"async\" width=\"1600\" height=\"1067\" data-wp-class--hide=\"state.isContentHidden\" data-wp-class--show=\"state.isContentVisible\" data-wp-init=\"callbacks.setButtonStyles\" data-wp-on--click=\"actions.showLightbox\" data-wp-on--load=\"callbacks.setButtonStyles\" data-wp-on--pointerdown=\"actions.preloadImage\" data-wp-on--pointerenter=\"actions.preloadImageWithDelay\" data-wp-on--pointerleave=\"actions.cancelPreload\" data-wp-on-window--resize=\"callbacks.setButtonStyles\" src=\"https:\/\/loudavymkrokem.cz\/wp-content\/uploads\/2026\/08\/fazole-montessori-pomucky-pisek.jpg\" alt=\"Montessori eszk\u00f6z\u00f6k a p\u00edseki Fazole foglalkoz\u00e1sokon\" class=\"wp-image-399691\" title=\"\" srcset=\"https:\/\/loudavymkrokem.cz\/wp-content\/uploads\/2026\/08\/fazole-montessori-pomucky-pisek.jpg 1600w, https:\/\/loudavymkrokem.cz\/wp-content\/uploads\/2026\/08\/fazole-montessori-pomucky-pisek-300x200.jpg 300w, https:\/\/loudavymkrokem.cz\/wp-content\/uploads\/2026\/08\/fazole-montessori-pomucky-pisek-700x467.jpg 700w, https:\/\/loudavymkrokem.cz\/wp-content\/uploads\/2026\/08\/fazole-montessori-pomucky-pisek-768x512.jpg 768w, https:\/\/loudavymkrokem.cz\/wp-content\/uploads\/2026\/08\/fazole-montessori-pomucky-pisek-1536x1024.jpg 1536w, https:\/\/loudavymkrokem.cz\/wp-content\/uploads\/2026\/08\/fazole-montessori-pomucky-pisek-696x464.jpg 696w, https:\/\/loudavymkrokem.cz\/wp-content\/uploads\/2026\/08\/fazole-montessori-pomucky-pisek-1392x928.jpg 1392w\" sizes=\"(max-width: 1600px) 100vw, 1600px\" \/><button\n\t\t\tclass=\"lightbox-trigger\"\n\t\t\ttype=\"button\"\n\t\t\taria-haspopup=\"dialog\"\n\t\t\tdata-wp-bind--aria-label=\"state.thisImage.triggerButtonAriaLabel\"\n\t\t\tdata-wp-init=\"callbacks.initTriggerButton\"\n\t\t\tdata-wp-on--click=\"actions.showLightbox\"\n\t\t\tdata-wp-style--right=\"state.thisImage.buttonRight\"\n\t\t\tdata-wp-style--top=\"state.thisImage.buttonTop\"\n\t\t>\n\t\t\t<svg xmlns=\"http:\/\/www.w3.org\/2000\/svg\" width=\"12\" height=\"12\" fill=\"none\" viewBox=\"0 0 12 12\">\n\t\t\t\t<path fill=\"#fff\" d=\"M2 0a2 2 0 0 0-2 2v2h1.5V2a.5.5 0 0 1 .5-.5h2V0H2Zm2 10.5H2a.5.5 0 0 1-.5-.5V8H0v2a2 2 0 0 0 2 2h2v-1.5ZM8 12v-1.5h2a.5.5 0 0 0 .5-.5V8H12v2a2 2 0 0 1-2 2H8Zm2-12a2 2 0 0 1 2 2v2h-1.5V2a.5.5 0 0 0-.5-.5H8V0h2Z\" \/>\n\t\t\t<\/svg>\n\t\t<\/button><\/figure>\n\n\n\n<p class=\"wp-block-paragraph\">Az egy-h\u00e1rom \u00e9ves totyog\u00f3k sz\u00fcleinek P\u00edseken ott vannak a <strong>gy\u00f6ny\u00f6r\u0171 Fazole Montessori foglalkoz\u00e1sok<\/strong>, amelyeket a tiszteletteljes megk\u00f6zel\u00edt\u00e9sre szakosodott oktat\u00f3k vezetnek. A gyerekek itt egy speci\u00e1lisan kialak\u00edtott k\u00f6rnyezetben pr\u00f3b\u00e1lhatj\u00e1k ki a Montessori eszk\u00f6z\u00f6k haszn\u00e1lat\u00e1t, gyakorolhatj\u00e1k a finommotorik\u00e1t \u00e9s tanulhatj\u00e1k a \u00f6n\u00e1ll\u00f3s\u00e1got.<\/p>\n\n\n\n<p class=\"wp-block-paragraph\">A nyilv\u00e1nos foglalkoz\u00e1sokat <strong>\u00e1ltal\u00e1ban cs\u00fct\u00f6rt\u00f6k d\u00e9lel\u0151tt\u00f6nk\u00e9nt<\/strong> tartj\u00e1k, de mivel a kapacit\u00e1s legfeljebb hat gyerekre van korl\u00e1tozva, a helyet mindig el\u0151re le kell foglalnod. A bel\u00e9p\u0151 3020 Ft (200 K\u010d) egy d\u00e9lel\u0151ttre, \u00e9s az \u00e1rban egy eg\u00e9szs\u00e9ges gyerekuzsonna is benne van.<\/p>\n\n\n\n<p class=\"wp-block-paragraph\">Csak figyelj a helyes c\u00edmre, mert <strong>n\u00e9h\u00e1ny r\u00e9gebbi weboldal a Sedl\u00e1\u010dkova utc\u00e1t t\u00fcnteti fel<\/strong>, de jelenleg a nyilv\u00e1nos foglalkoz\u00e1soknak a Karlova utc\u00e1ban kellene zajlaniuk. Ink\u00e1bb ellen\u0151rizd le a l\u00e1togat\u00e1s el\u0151tt a weboldalukon.<\/p>\n\n\n\n<h3 class=\"wp-block-heading\"><span class=\"ez-toc-section\" id=\"5_Hernajs\"><\/span>5. Hernajs<span class=\"ez-toc-section-end\"><\/span><\/h3>\n\n\n\n<figure data-wp-context=\"{&quot;imageId&quot;:&quot;6a9530c2d74d2&quot;}\" data-wp-interactive=\"core\/image\" data-wp-key=\"6a9530c2d74d2\" class=\"wp-block-image size-full wp-lightbox-container\"><img decoding=\"async\" width=\"2200\" height=\"1455\" data-wp-class--hide=\"state.isContentHidden\" data-wp-class--show=\"state.isContentVisible\" data-wp-init=\"callbacks.setButtonStyles\" data-wp-on--click=\"actions.showLightbox\" data-wp-on--load=\"callbacks.setButtonStyles\" data-wp-on--pointerdown=\"actions.preloadImage\" data-wp-on--pointerenter=\"actions.preloadImageWithDelay\" data-wp-on--pointerleave=\"actions.cancelPreload\" data-wp-on-window--resize=\"callbacks.setButtonStyles\" src=\"https:\/\/loudavymkrokem.cz\/wp-content\/uploads\/2026\/08\/pisek-hernajs-hernicka-az-na-pudu.jpg\" alt=\"A Hernajs j\u00e1tsz\u00f3h\u00e1z P\u00edseken\" class=\"wp-image-399527\" title=\"\" srcset=\"https:\/\/loudavymkrokem.cz\/wp-content\/uploads\/2026\/08\/pisek-hernajs-hernicka-az-na-pudu.jpg 2200w, https:\/\/loudavymkrokem.cz\/wp-content\/uploads\/2026\/08\/pisek-hernajs-hernicka-az-na-pudu-300x198.jpg 300w, https:\/\/loudavymkrokem.cz\/wp-content\/uploads\/2026\/08\/pisek-hernajs-hernicka-az-na-pudu-700x463.jpg 700w, https:\/\/loudavymkrokem.cz\/wp-content\/uploads\/2026\/08\/pisek-hernajs-hernicka-az-na-pudu-768x508.jpg 768w, https:\/\/loudavymkrokem.cz\/wp-content\/uploads\/2026\/08\/pisek-hernajs-hernicka-az-na-pudu-1536x1016.jpg 1536w, https:\/\/loudavymkrokem.cz\/wp-content\/uploads\/2026\/08\/pisek-hernajs-hernicka-az-na-pudu-2048x1354.jpg 2048w, https:\/\/loudavymkrokem.cz\/wp-content\/uploads\/2026\/08\/pisek-hernajs-hernicka-az-na-pudu-696x460.jpg 696w, https:\/\/loudavymkrokem.cz\/wp-content\/uploads\/2026\/08\/pisek-hernajs-hernicka-az-na-pudu-1392x921.jpg 1392w, https:\/\/loudavymkrokem.cz\/wp-content\/uploads\/2026\/08\/pisek-hernajs-hernicka-az-na-pudu-1920x1270.jpg 1920w\" sizes=\"(max-width: 2200px) 100vw, 2200px\" \/><button\n\t\t\tclass=\"lightbox-trigger\"\n\t\t\ttype=\"button\"\n\t\t\taria-haspopup=\"dialog\"\n\t\t\tdata-wp-bind--aria-label=\"state.thisImage.triggerButtonAriaLabel\"\n\t\t\tdata-wp-init=\"callbacks.initTriggerButton\"\n\t\t\tdata-wp-on--click=\"actions.showLightbox\"\n\t\t\tdata-wp-style--right=\"state.thisImage.buttonRight\"\n\t\t\tdata-wp-style--top=\"state.thisImage.buttonTop\"\n\t\t>\n\t\t\t<svg xmlns=\"http:\/\/www.w3.org\/2000\/svg\" width=\"12\" height=\"12\" fill=\"none\" viewBox=\"0 0 12 12\">\n\t\t\t\t<path fill=\"#fff\" d=\"M2 0a2 2 0 0 0-2 2v2h1.5V2a.5.5 0 0 1 .5-.5h2V0H2Zm2 10.5H2a.5.5 0 0 1-.5-.5V8H0v2a2 2 0 0 0 2 2h2v-1.5ZM8 12v-1.5h2a.5.5 0 0 0 .5-.5V8H12v2a2 2 0 0 1-2 2H8Zm2-12a2 2 0 0 1 2 2v2h-1.5V2a.5.5 0 0 0-.5-.5H8V0h2Z\" \/>\n\t\t\t<\/svg>\n\t\t<\/button><\/figure>\n\n\n\n<p class=\"wp-block-paragraph\">A Hernajst a Jungmannova utc\u00e1ban tal\u00e1lod, ugyanabban a h\u00e1zban, mint az A\u017e na p\u016fdu k\u00e1v\u00e9z\u00f3t. <strong>A j\u00e1tsz\u00f3h\u00e1z azonban nem tartozik a k\u00e1v\u00e9z\u00f3hoz<\/strong>, ez egy \u00f6n\u00e1ll\u00f3 hely \u2013 csak a bej\u00e1ratuk k\u00f6z\u00f6s, \u00e9s a k\u00e1v\u00e9z\u00f3b\u00f3l felviheted a k\u00e1v\u00e9dat a gyerekekhez.<\/p>\n\n\n\n<p class=\"wp-block-paragraph\">Ez egy <strong>kis emeleti j\u00e1tsz\u00f3h\u00e1z<\/strong> faj\u00e1t\u00e9kokkal \u2013 konyh\u00e1cska, babah\u00e1z, hangszerek a legkisebbeknek. Mi Jon\u00e1\u0161k\u00e1val f\u0151leg az els\u0151 \u00e9s a m\u00e1sodik \u00e9ve k\u00f6z\u00f6tt j\u00e1rtunk ide. Amint mozg\u00e9konyabb lett, egyre ritk\u00e1bban j\u00e1runk, mert itt egyszer\u0171en nincs hely a szaladg\u00e1l\u00e1shoz.<\/p>\n\n\n\n<p class=\"wp-block-paragraph\">Az <a href=\"https:\/\/www.instagram.com\/her.najs\/\" target=\"_blank\" rel=\"nofollow noopener\">Instagramon @her.najs<\/a> inform\u00e1ci\u00f3t tal\u00e1lsz a szakk\u00f6r\u00f6kr\u0151l, k\u00e9zm\u0171ves foglalkoz\u00e1sokr\u00f3l \u00e9s \u00e9rz\u00e9kszervi j\u00e1t\u00e9kokr\u00f3l is. A program viszont borzaszt\u00f3an v\u00e1ltozik, \u00e9s sokszor \u00e9pp nem tartj\u00e1k meg, ez\u00e9rt az id\u0151pontot mindig ellen\u0151rizd le el\u0151re. Nyilv\u00e1nos \u00e1rlist\u00e1juk nincs.<\/p>\n\n\n\n<h3 class=\"wp-block-heading\"><span class=\"ez-toc-section\" id=\"6_Mini_Academy_Pisek\"><\/span>6. Mini Academy P\u00edsek<span class=\"ez-toc-section-end\"><\/span><\/h3>\n\n\n\n<p class=\"wp-block-paragraph\">Egy m\u00e1sik \u00e9rdekes hely a csal\u00e1doknak a Mini Academy a Pra\u017esk\u00e1 utc\u00e1ban, amely <strong>els\u0151sorban a gyerekszakk\u00f6r\u00f6kre<\/strong> \u00e9s szervezett tev\u00e9kenys\u00e9gekre \u00f6sszpontos\u00edt. Nagyon sokf\u00e9l\u00e9t k\u00edn\u00e1l (a p\u00edseki szakk\u00f6r\u00f6k teljes, kor szerinti list\u00e1j\u00e1t a <a href=\"https:\/\/pisek.info\/deti\/krouzky\" target=\"_blank\" rel=\"noopener\">pisek.info<\/a> tartalmazza), a n\u00e9pszer\u0171 Mimihr\u00e1tkyt\u00f3l a k\u00e9t \u00e9v alattiaknak, a kedvelt \u00e9rz\u00e9kszervi j\u00e1t\u00e9kokon \u00e1t eg\u00e9szen a modern szakk\u00f6r\u00f6kig, mint a Hobby Horse vagy a torna.<\/p>\n\n\n\n<p class=\"wp-block-paragraph\">Els\u0151sorban rendszeres szakk\u00f6r\u00f6kr\u0151l van sz\u00f3, nem szabad j\u00e1tsz\u00f3h\u00e1zr\u00f3l, ez\u00e9rt a konkr\u00e9t id\u0151pontokat \u00e9s \u00e1rakat k\u00f6zvetlen\u00fcl n\u00e1luk ellen\u0151rizd telefonon vagy a weboldalon \u2013 \u00e9s mellesleg a helyis\u00e9get sz\u00fclinapi bulira is kib\u00e9relheted.<\/p>\n\n\n\n<p class=\"wp-block-paragraph\">\ud83d\udca1 <strong>Tipp:<\/strong> A vak\u00e1ci\u00f3s napk\u00f6zis t\u00e1borokat a Laser Ar\u00e9na szervezi (l\u00e1sd a k\u00f6vetkez\u0151 tippet), a Mini Academyn\u00e9l k\u00e9rdezz r\u00e1 az aktu\u00e1lis k\u00edn\u00e1latra.<\/p>\n\n\n\n<h3 class=\"wp-block-heading\"><span class=\"ez-toc-section\" id=\"7_Laser_Arena_Pisek_Game_Cafe_Bar\"><\/span>7. Laser Ar\u00e9na P\u00edsek &amp; Game Caf\u00e9 Bar<span class=\"ez-toc-section-end\"><\/span><\/h3>\n\n\n\n<figure data-wp-context=\"{&quot;imageId&quot;:&quot;6a9530c2d7d04&quot;}\" data-wp-interactive=\"core\/image\" data-wp-key=\"6a9530c2d7d04\" class=\"wp-block-image size-full wp-lightbox-container\"><img decoding=\"async\" width=\"2000\" height=\"1333\" data-wp-class--hide=\"state.isContentHidden\" data-wp-class--show=\"state.isContentVisible\" data-wp-init=\"callbacks.setButtonStyles\" data-wp-on--click=\"actions.showLightbox\" data-wp-on--load=\"callbacks.setButtonStyles\" data-wp-on--pointerdown=\"actions.preloadImage\" data-wp-on--pointerenter=\"actions.preloadImageWithDelay\" data-wp-on--pointerleave=\"actions.cancelPreload\" data-wp-on-window--resize=\"callbacks.setButtonStyles\" src=\"https:\/\/loudavymkrokem.cz\/wp-content\/uploads\/2026\/08\/laser-arena-pisek.jpg\" alt=\"L\u00e9zerharc a p\u00edseki Laser Ar\u00e9n\u00e1ban\" class=\"wp-image-399679\" title=\"\" srcset=\"https:\/\/loudavymkrokem.cz\/wp-content\/uploads\/2026\/08\/laser-arena-pisek.jpg 2000w, https:\/\/loudavymkrokem.cz\/wp-content\/uploads\/2026\/08\/laser-arena-pisek-300x200.jpg 300w, https:\/\/loudavymkrokem.cz\/wp-content\/uploads\/2026\/08\/laser-arena-pisek-700x467.jpg 700w, https:\/\/loudavymkrokem.cz\/wp-content\/uploads\/2026\/08\/laser-arena-pisek-768x512.jpg 768w, https:\/\/loudavymkrokem.cz\/wp-content\/uploads\/2026\/08\/laser-arena-pisek-1536x1024.jpg 1536w, https:\/\/loudavymkrokem.cz\/wp-content\/uploads\/2026\/08\/laser-arena-pisek-696x464.jpg 696w, https:\/\/loudavymkrokem.cz\/wp-content\/uploads\/2026\/08\/laser-arena-pisek-1392x928.jpg 1392w, https:\/\/loudavymkrokem.cz\/wp-content\/uploads\/2026\/08\/laser-arena-pisek-1920x1280.jpg 1920w\" sizes=\"(max-width: 2000px) 100vw, 2000px\" \/><button\n\t\t\tclass=\"lightbox-trigger\"\n\t\t\ttype=\"button\"\n\t\t\taria-haspopup=\"dialog\"\n\t\t\tdata-wp-bind--aria-label=\"state.thisImage.triggerButtonAriaLabel\"\n\t\t\tdata-wp-init=\"callbacks.initTriggerButton\"\n\t\t\tdata-wp-on--click=\"actions.showLightbox\"\n\t\t\tdata-wp-style--right=\"state.thisImage.buttonRight\"\n\t\t\tdata-wp-style--top=\"state.thisImage.buttonTop\"\n\t\t>\n\t\t\t<svg xmlns=\"http:\/\/www.w3.org\/2000\/svg\" width=\"12\" height=\"12\" fill=\"none\" viewBox=\"0 0 12 12\">\n\t\t\t\t<path fill=\"#fff\" d=\"M2 0a2 2 0 0 0-2 2v2h1.5V2a.5.5 0 0 1 .5-.5h2V0H2Zm2 10.5H2a.5.5 0 0 1-.5-.5V8H0v2a2 2 0 0 0 2 2h2v-1.5ZM8 12v-1.5h2a.5.5 0 0 0 .5-.5V8H12v2a2 2 0 0 1-2 2H8Zm2-12a2 2 0 0 1 2 2v2h-1.5V2a.5.5 0 0 0-.5-.5H8V0h2Z\" \/>\n\t\t\t<\/svg>\n\t\t<\/button><\/figure>\n\n\n\n<p class=\"wp-block-paragraph\">Ha nagyobb gyerekeitek vagy kamaszaitok is vannak, mindenk\u00e9pp vidd \u0151ket a Nagyt\u00e9ren \u00e1ll\u00f3 Luna \u00e1ruh\u00e1zba, ahol a harmadik emeleten megb\u00fajik egy <strong>remek Laser Ar\u00e9na<\/strong>. A kicsiknek, nagyj\u00e1b\u00f3l hat\u00e9ves kort\u00f3l az a szab\u00e1ly, hogy j\u00e1tszhat mindenki, aki elb\u00edrja mag\u00e1n a vil\u00e1g\u00edt\u00f3 j\u00e1t\u00e9kmell\u00e9nyt.<\/p>\n\n\n\n<p class=\"wp-block-paragraph\">M\u00edg a nagyobb gyerekek a s\u00f6t\u00e9t\u00edtett ar\u00e9n\u00e1ban futkosnak, te be\u00fclhetsz a szomsz\u00e9dos Game Caf\u00e9 Barba, ahol r\u00e1ad\u00e1sul <strong>a bab\u00e1kra is gondoltak, \u00e9s gyereksarokkal<\/strong> \u00e9s pelenk\u00e1z\u00f3val szerelt\u00e9k fel. A l\u00e9zerharc mellett bili\u00e1rdot, csocs\u00f3t, versenyszimul\u00e1tort vagy virtu\u00e1lisval\u00f3s\u00e1g-szem\u00fcvegeket is tal\u00e1lsz itt.<\/p>\n\n\n\n<p class=\"wp-block-paragraph\">Az alap <strong>bel\u00e9p\u0151 egy l\u00e9zerharc-menetre 1660 Ft (110 K\u010d)<\/strong>, de h\u00e9tv\u00e9g\u00e9n \u00e9s a sz\u00fcnetekben nagyon tele szokott lenni, ez\u00e9rt aj\u00e1nlom, hogy foglalj el\u0151re. P\u00e9ntekt\u0151l vas\u00e1rnapig szoktak nyitva tartani, h\u00e9tk\u00f6znap pedig egyeztet\u00e9s k\u00e9rd\u00e9se.<\/p>\n\n\n\n<h3 class=\"wp-block-heading\"><span class=\"ez-toc-section\" id=\"8_LezeTop_%E2%80%93_Pisek_maszokozpont\"><\/span>8. LezeTop \u2013 P\u00edsek m\u00e1sz\u00f3k\u00f6zpont<span class=\"ez-toc-section-end\"><\/span><\/h3>\n\n\n\n<figure data-wp-context=\"{&quot;imageId&quot;:&quot;6a9530c2d8495&quot;}\" data-wp-interactive=\"core\/image\" data-wp-key=\"6a9530c2d8495\" class=\"wp-block-image size-full wp-lightbox-container\"><img decoding=\"async\" width=\"1280\" height=\"721\" data-wp-class--hide=\"state.isContentHidden\" data-wp-class--show=\"state.isContentVisible\" data-wp-init=\"callbacks.setButtonStyles\" data-wp-on--click=\"actions.showLightbox\" data-wp-on--load=\"callbacks.setButtonStyles\" data-wp-on--pointerdown=\"actions.preloadImage\" data-wp-on--pointerenter=\"actions.preloadImageWithDelay\" data-wp-on--pointerleave=\"actions.cancelPreload\" data-wp-on-window--resize=\"callbacks.setButtonStyles\" src=\"https:\/\/loudavymkrokem.cz\/wp-content\/uploads\/2026\/08\/lezetop-lezecke-centrum-pisek.jpg\" alt=\"M\u00e1sz\u00f3fal a p\u00edseki LezeTop k\u00f6zpontban\" class=\"wp-image-399686\" title=\"\" srcset=\"https:\/\/loudavymkrokem.cz\/wp-content\/uploads\/2026\/08\/lezetop-lezecke-centrum-pisek.jpg 1280w, https:\/\/loudavymkrokem.cz\/wp-content\/uploads\/2026\/08\/lezetop-lezecke-centrum-pisek-300x169.jpg 300w, https:\/\/loudavymkrokem.cz\/wp-content\/uploads\/2026\/08\/lezetop-lezecke-centrum-pisek-700x394.jpg 700w, https:\/\/loudavymkrokem.cz\/wp-content\/uploads\/2026\/08\/lezetop-lezecke-centrum-pisek-768x433.jpg 768w, https:\/\/loudavymkrokem.cz\/wp-content\/uploads\/2026\/08\/lezetop-lezecke-centrum-pisek-696x392.jpg 696w\" sizes=\"(max-width: 1280px) 100vw, 1280px\" \/><button\n\t\t\tclass=\"lightbox-trigger\"\n\t\t\ttype=\"button\"\n\t\t\taria-haspopup=\"dialog\"\n\t\t\tdata-wp-bind--aria-label=\"state.thisImage.triggerButtonAriaLabel\"\n\t\t\tdata-wp-init=\"callbacks.initTriggerButton\"\n\t\t\tdata-wp-on--click=\"actions.showLightbox\"\n\t\t\tdata-wp-style--right=\"state.thisImage.buttonRight\"\n\t\t\tdata-wp-style--top=\"state.thisImage.buttonTop\"\n\t\t>\n\t\t\t<svg xmlns=\"http:\/\/www.w3.org\/2000\/svg\" width=\"12\" height=\"12\" fill=\"none\" viewBox=\"0 0 12 12\">\n\t\t\t\t<path fill=\"#fff\" d=\"M2 0a2 2 0 0 0-2 2v2h1.5V2a.5.5 0 0 1 .5-.5h2V0H2Zm2 10.5H2a.5.5 0 0 1-.5-.5V8H0v2a2 2 0 0 0 2 2h2v-1.5ZM8 12v-1.5h2a.5.5 0 0 0 .5-.5V8H12v2a2 2 0 0 1-2 2H8Zm2-12a2 2 0 0 1 2 2v2h-1.5V2a.5.5 0 0 0-.5-.5H8V0h2Z\" \/>\n\t\t\t<\/svg>\n\t\t<\/button><\/figure>\n\n\n\n<p class=\"wp-block-paragraph\">Minden kis majomnak, aki otthon a b\u00fatorokon m\u00e1szik, teljesen <strong>ide\u00e1lis a <a href=\"https:\/\/lezetop.cz\" target=\"_blank\" rel=\"nofollow noopener\">LezeTop m\u00e1sz\u00f3k\u00f6zpont<\/a> megl\u00e1togat\u00e1sa<\/strong> az U Vod\u00e1rny utc\u00e1ban. T\u00f6bb mint 1500 n\u00e9gyzetm\u00e9ternyi hatalmas fel\u00fclet \u00e9s 150-n\u00e9l is t\u00f6bb, k\u00fcl\u00f6nb\u00f6z\u0151 neh\u00e9zs\u00e9g\u0171 m\u00e1sz\u00f3\u00fat \u00e1ll rendelkez\u00e9sre.<\/p>\n\n\n\n<p class=\"wp-block-paragraph\">Teljesen kezd\u0151kkel sem kell f\u00e9lned idej\u00f6nni, mert <strong>van egy speci\u00e1lis gyerekfaluk \u00e9s boulder\u00fck<\/strong>, ahol a legkisebbek is biztons\u00e1gosan kipr\u00f3b\u00e1lhatj\u00e1k a m\u00e1sz\u00e1st bonyolult biztos\u00edt\u00e1s n\u00e9lk\u00fcl. Az \u00f6sszes felszerel\u00e9st, bele\u00e9rtve a kicsi m\u00e1sz\u00f3cip\u0151ket is, sz\u00edvesen k\u00f6lcs\u00f6nadj\u00e1k egyenesen a recepci\u00f3n.<\/p>\n\n\n\n<p class=\"wp-block-paragraph\">Az eg\u00e9sz t\u00e9r teljesen akad\u00e1lymentes, \u00edgy babakocsival is bejutsz, \u00e9s ha kell\u0151k\u00e9ppen elf\u00e1radtok a m\u00e1sz\u00e1sban, le\u00fclhettek a b\u00e1rjukhoz, ahol egy kis gyereksarok sem hi\u00e1nyzik. Minden nap nyitva vannak reggel t\u00edzt\u0151l k\u00e9s\u0151 estig.<\/p>\n\n\n\n<h3 class=\"wp-block-heading\"><span class=\"ez-toc-section\" id=\"9_Uszostadion\"><\/span>9. \u00dasz\u00f3stadion<span class=\"ez-toc-section-end\"><\/span><\/h3>\n\n\n\n<p class=\"wp-block-paragraph\">Amikor odakint h\u0171v\u00f6s \u00e9s nyirkos az id\u0151, megb\u00edzhat\u00f3an megment a p\u00edseki \u00fasz\u00f3stadion az Ostrovn\u00ed utc\u00e1ban, ahov\u00e1 <strong>a helyi csal\u00e1dok h\u00e9tv\u00e9gi f\u00fcrd\u0151z\u00e9sre j\u00e1rnak<\/strong>. A gyerekeknek egy kilenc-hat m\u00e9teres, legfeljebb kilencven centis m\u00e9lys\u00e9g\u0171 gyerekmedence \u00e1ll k\u00e9szen, ahol j\u00e1tszva le\u00e9rnek.<\/p>\n\n\n\n<p class=\"wp-block-paragraph\">M\u00edg a gyerekek a meleg v\u00edzben pancsolnak, <strong>a feln\u0151ttek felv\u00e1ltva \u00e9lvezhetik a g\u0151zkamr\u00e1kat<\/strong>, amelyek egyenesen a medence mellett vannak. A ny\u00e1ri h\u00f3napokban r\u00e1ad\u00e1sul ki lehet menni a k\u00fclt\u00e9ri teraszra \u00e9s napozni a nyug\u00e1gyakon.<\/p>\n\n\n\n<p class=\"wp-block-paragraph\">A bel\u00e9p\u0151 \u00e1rai gyakran v\u00e1ltoznak, \u00e9s <strong>a weboldalukon egy r\u00e9gebbi, 2022-es \u00e1rlista szerepel<\/strong>, amely szerint a feln\u0151ttek 1510 Ft-ot (100 K\u010d), a 140 cm alatti gyerekek pedig 910 Ft-ot (60 K\u010d) fizetnek k\u00e9t \u00f3r\u00e1ra, ez\u00e9rt ink\u00e1bb sz\u00e1m\u00edts arra, hogy a p\u00e9nzt\u00e1rn\u00e1l valamivel magasabbak lehetnek az \u00f6sszegek. Minden nap nyitva van, de h\u00e9tv\u00e9g\u00e9n csak d\u00e9lut\u00e1ni \u00f3r\u00e1kt\u00f3l.<\/p>\n\n\n\n<h3 class=\"wp-block-heading\"><span class=\"ez-toc-section\" id=\"10_Anya-_es_gyermekgondozo_kozpont\"><\/span>10. Anya- \u00e9s gyermekgondoz\u00f3 k\u00f6zpont<span class=\"ez-toc-section-end\"><\/span><\/h3>\n\n\n\n<p class=\"wp-block-paragraph\">Ha eg\u00e9szen apr\u00f3 bab\u00e1d van, \u00e9s bens\u0151s\u00e9gesebb k\u00f6rnyezetben szeretn\u00e9tek egy\u00fctt \u00e9lvezni a vizet, n\u00e9zd meg az Anya- \u00e9s gyermekgondoz\u00f3 k\u00f6zpont k\u00edn\u00e1lat\u00e1t az Erbenova utc\u00e1ban. Van itt egy <strong>speci\u00e1lis, f\u0171t\u00f6tt gyerekmedence<\/strong>, amelyben csecsem\u0151knek \u00e9s totyog\u00f3knak, eg\u00e9szen hat\u00e9ves korig tartanak \u00fasz\u00f3tanfolyamokat.<\/p>\n\n\n\n<p class=\"wp-block-paragraph\">A medence mellett a k\u00f6zpontban egy <strong>kellemes gyereksarok<\/strong> is m\u0171k\u00f6dik, ahol a gyerekek \u00fasz\u00e1s ut\u00e1n j\u00e1tszhatnak \u00e9s megszokhatj\u00e1k a h\u0151m\u00e9rs\u00e9kletet, miel\u0151tt kimenn\u00e9nek a szabadba. A k\u00f6zpont els\u0151sorban a rendszeres tanfolyamokra \u00e9s fizioter\u00e1pi\u00e1ra \u00f6sszpontos\u00edt, \u00edgy az egyszeri bel\u00e9p\u00e9st mindig telefonon kell egyeztetni.<\/p>\n\n\n\n<p class=\"wp-block-paragraph\">A nyitvatart\u00e1s <strong>h\u00e9tf\u0151t\u0151l p\u00e9ntekig<\/strong> tart (H\u2013Cs 8\u201318, P 8\u201316), de a szabad kapacit\u00e1sr\u00f3l \u00e9s az aktu\u00e1lis \u00e1rakr\u00f3l pontos inform\u00e1ci\u00f3\u00e9rt \u00e9rdemes telefon\u00e1lni, mert ezek az inform\u00e1ci\u00f3k a weboldalr\u00f3l sajnos hi\u00e1nyoznak.<\/p>\n\n\n\n<h3 class=\"wp-block-heading\"><span class=\"ez-toc-section\" id=\"11_Varosi_konyvtar_es_Upekla_kavezo\"><\/span>11. V\u00e1rosi k\u00f6nyvt\u00e1r \u00e9s Upekla k\u00e1v\u00e9z\u00f3<span class=\"ez-toc-section-end\"><\/span><\/h3>\n\n\n\n<figure data-wp-context=\"{&quot;imageId&quot;:&quot;6a9530c2d8c60&quot;}\" data-wp-interactive=\"core\/image\" data-wp-key=\"6a9530c2d8c60\" class=\"wp-block-image size-full wp-lightbox-container\"><img decoding=\"async\" width=\"2200\" height=\"1650\" data-wp-class--hide=\"state.isContentHidden\" data-wp-class--show=\"state.isContentVisible\" data-wp-init=\"callbacks.setButtonStyles\" data-wp-on--click=\"actions.showLightbox\" data-wp-on--load=\"callbacks.setButtonStyles\" data-wp-on--pointerdown=\"actions.preloadImage\" data-wp-on--pointerenter=\"actions.preloadImageWithDelay\" data-wp-on--pointerleave=\"actions.cancelPreload\" data-wp-on-window--resize=\"callbacks.setButtonStyles\" src=\"https:\/\/loudavymkrokem.cz\/wp-content\/uploads\/2026\/08\/pisek-knihovna-vnitroblok-piskoviste-upekla.jpg\" alt=\"A p\u00edseki V\u00e1rosi k\u00f6nyvt\u00e1r bels\u0151 udvara homokoz\u00f3val az Upekla k\u00e1v\u00e9z\u00f3n\u00e1l\" class=\"wp-image-399544\" title=\"\" srcset=\"https:\/\/loudavymkrokem.cz\/wp-content\/uploads\/2026\/08\/pisek-knihovna-vnitroblok-piskoviste-upekla.jpg 2200w, https:\/\/loudavymkrokem.cz\/wp-content\/uploads\/2026\/08\/pisek-knihovna-vnitroblok-piskoviste-upekla-300x225.jpg 300w, https:\/\/loudavymkrokem.cz\/wp-content\/uploads\/2026\/08\/pisek-knihovna-vnitroblok-piskoviste-upekla-700x525.jpg 700w, https:\/\/loudavymkrokem.cz\/wp-content\/uploads\/2026\/08\/pisek-knihovna-vnitroblok-piskoviste-upekla-768x576.jpg 768w, https:\/\/loudavymkrokem.cz\/wp-content\/uploads\/2026\/08\/pisek-knihovna-vnitroblok-piskoviste-upekla-1536x1152.jpg 1536w, https:\/\/loudavymkrokem.cz\/wp-content\/uploads\/2026\/08\/pisek-knihovna-vnitroblok-piskoviste-upekla-2048x1536.jpg 2048w, https:\/\/loudavymkrokem.cz\/wp-content\/uploads\/2026\/08\/pisek-knihovna-vnitroblok-piskoviste-upekla-80x60.jpg 80w, https:\/\/loudavymkrokem.cz\/wp-content\/uploads\/2026\/08\/pisek-knihovna-vnitroblok-piskoviste-upekla-160x120.jpg 160w, https:\/\/loudavymkrokem.cz\/wp-content\/uploads\/2026\/08\/pisek-knihovna-vnitroblok-piskoviste-upekla-696x522.jpg 696w, https:\/\/loudavymkrokem.cz\/wp-content\/uploads\/2026\/08\/pisek-knihovna-vnitroblok-piskoviste-upekla-1392x1044.jpg 1392w, https:\/\/loudavymkrokem.cz\/wp-content\/uploads\/2026\/08\/pisek-knihovna-vnitroblok-piskoviste-upekla-1920x1440.jpg 1920w\" sizes=\"(max-width: 2200px) 100vw, 2200px\" \/><button\n\t\t\tclass=\"lightbox-trigger\"\n\t\t\ttype=\"button\"\n\t\t\taria-haspopup=\"dialog\"\n\t\t\tdata-wp-bind--aria-label=\"state.thisImage.triggerButtonAriaLabel\"\n\t\t\tdata-wp-init=\"callbacks.initTriggerButton\"\n\t\t\tdata-wp-on--click=\"actions.showLightbox\"\n\t\t\tdata-wp-style--right=\"state.thisImage.buttonRight\"\n\t\t\tdata-wp-style--top=\"state.thisImage.buttonTop\"\n\t\t>\n\t\t\t<svg xmlns=\"http:\/\/www.w3.org\/2000\/svg\" width=\"12\" height=\"12\" fill=\"none\" viewBox=\"0 0 12 12\">\n\t\t\t\t<path fill=\"#fff\" d=\"M2 0a2 2 0 0 0-2 2v2h1.5V2a.5.5 0 0 1 .5-.5h2V0H2Zm2 10.5H2a.5.5 0 0 1-.5-.5V8H0v2a2 2 0 0 0 2 2h2v-1.5ZM8 12v-1.5h2a.5.5 0 0 0 .5-.5V8H12v2a2 2 0 0 1-2 2H8Zm2-12a2 2 0 0 1 2 2v2h-1.5V2a.5.5 0 0 0-.5-.5H8V0h2Z\" \/>\n\t\t\t<\/svg>\n\t\t<\/button><\/figure>\n\n\n\n<figure data-wp-context=\"{&quot;imageId&quot;:&quot;6a9530c2d914e&quot;}\" data-wp-interactive=\"core\/image\" data-wp-key=\"6a9530c2d914e\" class=\"wp-block-image size-full wp-lightbox-container\"><img decoding=\"async\" width=\"2200\" height=\"1467\" data-wp-class--hide=\"state.isContentHidden\" data-wp-class--show=\"state.isContentVisible\" data-wp-init=\"callbacks.setButtonStyles\" data-wp-on--click=\"actions.showLightbox\" data-wp-on--load=\"callbacks.setButtonStyles\" data-wp-on--pointerdown=\"actions.preloadImage\" data-wp-on--pointerenter=\"actions.preloadImageWithDelay\" data-wp-on--pointerleave=\"actions.cancelPreload\" data-wp-on-window--resize=\"callbacks.setButtonStyles\" src=\"https:\/\/loudavymkrokem.cz\/wp-content\/uploads\/2026\/08\/pisek-mestska-knihovna.jpg\" alt=\"A p\u00edseki V\u00e1rosi k\u00f6nyvt\u00e1r \u00e9p\u00fclete az Ale\u0161 t\u00e9ren\" class=\"wp-image-399360\" title=\"\" srcset=\"https:\/\/loudavymkrokem.cz\/wp-content\/uploads\/2026\/08\/pisek-mestska-knihovna.jpg 2200w, https:\/\/loudavymkrokem.cz\/wp-content\/uploads\/2026\/08\/pisek-mestska-knihovna-300x200.jpg 300w, https:\/\/loudavymkrokem.cz\/wp-content\/uploads\/2026\/08\/pisek-mestska-knihovna-700x467.jpg 700w, https:\/\/loudavymkrokem.cz\/wp-content\/uploads\/2026\/08\/pisek-mestska-knihovna-768x512.jpg 768w, https:\/\/loudavymkrokem.cz\/wp-content\/uploads\/2026\/08\/pisek-mestska-knihovna-1536x1024.jpg 1536w, https:\/\/loudavymkrokem.cz\/wp-content\/uploads\/2026\/08\/pisek-mestska-knihovna-2048x1366.jpg 2048w, https:\/\/loudavymkrokem.cz\/wp-content\/uploads\/2026\/08\/pisek-mestska-knihovna-696x464.jpg 696w, https:\/\/loudavymkrokem.cz\/wp-content\/uploads\/2026\/08\/pisek-mestska-knihovna-1392x928.jpg 1392w, https:\/\/loudavymkrokem.cz\/wp-content\/uploads\/2026\/08\/pisek-mestska-knihovna-1920x1280.jpg 1920w\" sizes=\"(max-width: 2200px) 100vw, 2200px\" \/><button\n\t\t\tclass=\"lightbox-trigger\"\n\t\t\ttype=\"button\"\n\t\t\taria-haspopup=\"dialog\"\n\t\t\tdata-wp-bind--aria-label=\"state.thisImage.triggerButtonAriaLabel\"\n\t\t\tdata-wp-init=\"callbacks.initTriggerButton\"\n\t\t\tdata-wp-on--click=\"actions.showLightbox\"\n\t\t\tdata-wp-style--right=\"state.thisImage.buttonRight\"\n\t\t\tdata-wp-style--top=\"state.thisImage.buttonTop\"\n\t\t>\n\t\t\t<svg xmlns=\"http:\/\/www.w3.org\/2000\/svg\" width=\"12\" height=\"12\" fill=\"none\" viewBox=\"0 0 12 12\">\n\t\t\t\t<path fill=\"#fff\" d=\"M2 0a2 2 0 0 0-2 2v2h1.5V2a.5.5 0 0 1 .5-.5h2V0H2Zm2 10.5H2a.5.5 0 0 1-.5-.5V8H0v2a2 2 0 0 0 2 2h2v-1.5ZM8 12v-1.5h2a.5.5 0 0 0 .5-.5V8H12v2a2 2 0 0 1-2 2H8Zm2-12a2 2 0 0 1 2 2v2h-1.5V2a.5.5 0 0 0-.5-.5H8V0h2Z\" \/>\n\t\t\t<\/svg>\n\t\t<\/button><\/figure>\n\n\n\n<p class=\"wp-block-paragraph\">Az Ale\u0161 t\u00e9ri V\u00e1rosi k\u00f6nyvt\u00e1r nem csak egy unalmas k\u00f6nyvk\u00f6lcs\u00f6nz\u0151, hanem <strong>a p\u00edseki gyerekr\u00e9szleg egyszer\u0171en gy\u00f6ny\u00f6r\u0171s\u00e9g a szemnek<\/strong>. A teret csod\u00e1san festett\u00e9k ki tenger alatti st\u00edlusban, a falakba k\u00e9t nagy, \u00e9l\u0151 halas akv\u00e1riumot \u00e9p\u00edtettek, \u00e9s egy igazi gyerekcs\u00faszda sem hi\u00e1nyzik.<\/p>\n\n\n\n<p class=\"wp-block-paragraph\">Ugyanabban az \u00e9p\u00fcletben tal\u00e1lhat\u00f3 a cukr\u00e1szda \u00e9s k\u00e1v\u00e9z\u00f3, az <strong>Upekla<\/strong>, amelyhez a bels\u0151 udvaron egy udvar is tartozik. \u00c9s pontosan ott b\u00fajik meg egy <strong>homokoz\u00f3 \u00e9s egy el\u00e9g nagy t\u00e9r<\/strong>, ahol a gyerekek nyugodtan kitombolhatj\u00e1k magukat, m\u00edg te megiszod a k\u00e1v\u00e9dat. A gyerekr\u00e9szlegt\u0151l az udvaron \u00e1t k\u00f6zel\u00edted meg, \u00edgy az olvas\u00e1s \u00e9s a tombol\u00e1s egyetlen d\u00e9lel\u0151ttbe \u00f6sszek\u00f6thet\u0151.<\/p>\n\n\n\n<p class=\"wp-block-paragraph\">\ud83d\udca1 <strong>Tipp:<\/strong> Az Upekl\u00e1ban a glut\u00e9nmentes \u00e9trendre is gondolnak, \u00edgy egy s\u00fctit itt a liszt\u00e9rz\u00e9keny gyerek is megeszik.<\/p>\n\n\n\n<h2 class=\"wp-block-heading\"><span class=\"ez-toc-section\" id=\"Jatszoterek_park_es_folyo_Pisek_gyerekekkel_a_szabadban\"><\/span>J\u00e1tsz\u00f3terek, park \u00e9s foly\u00f3: P\u00edsek gyerekekkel a szabadban<span class=\"ez-toc-section-end\"><\/span><\/h2>\n\n\n\n<p class=\"wp-block-paragraph\">Amint kis\u00fct a nap, P\u00edsek \u00e9letre kel, \u00e9s minden csal\u00e1d a foly\u00f3hoz \u00e9s a parkokba vonul. \u00cdme azoknak a helyeknek a list\u00e1ja, ahol a gyerekek garant\u00e1ltan elsz\u00f3rakoznak a friss leveg\u0151n.<\/p>\n\n\n\n<h3 class=\"wp-block-heading\"><span class=\"ez-toc-section\" id=\"12_Homokszobrok_a_rakparton\"><\/span>12. Homokszobrok a rakparton<span class=\"ez-toc-section-end\"><\/span><\/h3>\n\n\n\n<figure data-wp-context=\"{&quot;imageId&quot;:&quot;6a9530c2d974e&quot;}\" data-wp-interactive=\"core\/image\" data-wp-key=\"6a9530c2d974e\" class=\"wp-block-image size-full wp-lightbox-container\"><img decoding=\"async\" width=\"2000\" height=\"1333\" data-wp-class--hide=\"state.isContentHidden\" data-wp-class--show=\"state.isContentVisible\" data-wp-init=\"callbacks.setButtonStyles\" data-wp-on--click=\"actions.showLightbox\" data-wp-on--load=\"callbacks.setButtonStyles\" data-wp-on--pointerdown=\"actions.preloadImage\" data-wp-on--pointerenter=\"actions.preloadImageWithDelay\" data-wp-on--pointerleave=\"actions.cancelPreload\" data-wp-on-window--resize=\"callbacks.setButtonStyles\" src=\"https:\/\/loudavymkrokem.cz\/wp-content\/uploads\/2026\/08\/sochy-z-pisku-naplavka-kamenny-most.jpg\" alt=\"Homokszobrok az Otava rakpartj\u00e1n a p\u00edseki K\u0151h\u00eddn\u00e1l\" class=\"wp-image-399607\" title=\"\" srcset=\"https:\/\/loudavymkrokem.cz\/wp-content\/uploads\/2026\/08\/sochy-z-pisku-naplavka-kamenny-most.jpg 2000w, https:\/\/loudavymkrokem.cz\/wp-content\/uploads\/2026\/08\/sochy-z-pisku-naplavka-kamenny-most-300x200.jpg 300w, https:\/\/loudavymkrokem.cz\/wp-content\/uploads\/2026\/08\/sochy-z-pisku-naplavka-kamenny-most-700x467.jpg 700w, https:\/\/loudavymkrokem.cz\/wp-content\/uploads\/2026\/08\/sochy-z-pisku-naplavka-kamenny-most-768x512.jpg 768w, https:\/\/loudavymkrokem.cz\/wp-content\/uploads\/2026\/08\/sochy-z-pisku-naplavka-kamenny-most-1536x1024.jpg 1536w, https:\/\/loudavymkrokem.cz\/wp-content\/uploads\/2026\/08\/sochy-z-pisku-naplavka-kamenny-most-696x464.jpg 696w, https:\/\/loudavymkrokem.cz\/wp-content\/uploads\/2026\/08\/sochy-z-pisku-naplavka-kamenny-most-1392x928.jpg 1392w, https:\/\/loudavymkrokem.cz\/wp-content\/uploads\/2026\/08\/sochy-z-pisku-naplavka-kamenny-most-1920x1280.jpg 1920w\" sizes=\"(max-width: 2000px) 100vw, 2000px\" \/><button\n\t\t\tclass=\"lightbox-trigger\"\n\t\t\ttype=\"button\"\n\t\t\taria-haspopup=\"dialog\"\n\t\t\tdata-wp-bind--aria-label=\"state.thisImage.triggerButtonAriaLabel\"\n\t\t\tdata-wp-init=\"callbacks.initTriggerButton\"\n\t\t\tdata-wp-on--click=\"actions.showLightbox\"\n\t\t\tdata-wp-style--right=\"state.thisImage.buttonRight\"\n\t\t\tdata-wp-style--top=\"state.thisImage.buttonTop\"\n\t\t>\n\t\t\t<svg xmlns=\"http:\/\/www.w3.org\/2000\/svg\" width=\"12\" height=\"12\" fill=\"none\" viewBox=\"0 0 12 12\">\n\t\t\t\t<path fill=\"#fff\" d=\"M2 0a2 2 0 0 0-2 2v2h1.5V2a.5.5 0 0 1 .5-.5h2V0H2Zm2 10.5H2a.5.5 0 0 1-.5-.5V8H0v2a2 2 0 0 0 2 2h2v-1.5ZM8 12v-1.5h2a.5.5 0 0 0 .5-.5V8H12v2a2 2 0 0 1-2 2H8Zm2-12a2 2 0 0 1 2 2v2h-1.5V2a.5.5 0 0 0-.5-.5H8V0h2Z\" \/>\n\t\t\t<\/svg>\n\t\t<\/button><\/figure>\n\n\n\n<figure data-wp-context=\"{&quot;imageId&quot;:&quot;6a9530c2d9ba4&quot;}\" data-wp-interactive=\"core\/image\" data-wp-key=\"6a9530c2d9ba4\" class=\"wp-block-image size-full wp-lightbox-container\"><img decoding=\"async\" width=\"2200\" height=\"1467\" data-wp-class--hide=\"state.isContentHidden\" data-wp-class--show=\"state.isContentVisible\" data-wp-init=\"callbacks.setButtonStyles\" data-wp-on--click=\"actions.showLightbox\" data-wp-on--load=\"callbacks.setButtonStyles\" data-wp-on--pointerdown=\"actions.preloadImage\" data-wp-on--pointerenter=\"actions.preloadImageWithDelay\" data-wp-on--pointerleave=\"actions.cancelPreload\" data-wp-on-window--resize=\"callbacks.setButtonStyles\" src=\"https:\/\/loudavymkrokem.cz\/wp-content\/uploads\/2026\/08\/pisek-otava-naplavka-most.jpg\" alt=\"Az Otava rakpartja a p\u00edseki K\u0151h\u00eddn\u00e1l\" class=\"wp-image-399329\" title=\"\" srcset=\"https:\/\/loudavymkrokem.cz\/wp-content\/uploads\/2026\/08\/pisek-otava-naplavka-most.jpg 2200w, https:\/\/loudavymkrokem.cz\/wp-content\/uploads\/2026\/08\/pisek-otava-naplavka-most-300x200.jpg 300w, https:\/\/loudavymkrokem.cz\/wp-content\/uploads\/2026\/08\/pisek-otava-naplavka-most-700x467.jpg 700w, https:\/\/loudavymkrokem.cz\/wp-content\/uploads\/2026\/08\/pisek-otava-naplavka-most-768x512.jpg 768w, https:\/\/loudavymkrokem.cz\/wp-content\/uploads\/2026\/08\/pisek-otava-naplavka-most-1536x1024.jpg 1536w, https:\/\/loudavymkrokem.cz\/wp-content\/uploads\/2026\/08\/pisek-otava-naplavka-most-2048x1366.jpg 2048w, https:\/\/loudavymkrokem.cz\/wp-content\/uploads\/2026\/08\/pisek-otava-naplavka-most-696x464.jpg 696w, https:\/\/loudavymkrokem.cz\/wp-content\/uploads\/2026\/08\/pisek-otava-naplavka-most-1392x928.jpg 1392w, https:\/\/loudavymkrokem.cz\/wp-content\/uploads\/2026\/08\/pisek-otava-naplavka-most-1920x1280.jpg 1920w\" sizes=\"(max-width: 2200px) 100vw, 2200px\" \/><button\n\t\t\tclass=\"lightbox-trigger\"\n\t\t\ttype=\"button\"\n\t\t\taria-haspopup=\"dialog\"\n\t\t\tdata-wp-bind--aria-label=\"state.thisImage.triggerButtonAriaLabel\"\n\t\t\tdata-wp-init=\"callbacks.initTriggerButton\"\n\t\t\tdata-wp-on--click=\"actions.showLightbox\"\n\t\t\tdata-wp-style--right=\"state.thisImage.buttonRight\"\n\t\t\tdata-wp-style--top=\"state.thisImage.buttonTop\"\n\t\t>\n\t\t\t<svg xmlns=\"http:\/\/www.w3.org\/2000\/svg\" width=\"12\" height=\"12\" fill=\"none\" viewBox=\"0 0 12 12\">\n\t\t\t\t<path fill=\"#fff\" d=\"M2 0a2 2 0 0 0-2 2v2h1.5V2a.5.5 0 0 1 .5-.5h2V0H2Zm2 10.5H2a.5.5 0 0 1-.5-.5V8H0v2a2 2 0 0 0 2 2h2v-1.5ZM8 12v-1.5h2a.5.5 0 0 0 .5-.5V8H12v2a2 2 0 0 1-2 2H8Zm2-12a2 2 0 0 1 2 2v2h-1.5V2a.5.5 0 0 0-.5-.5H8V0h2Z\" \/>\n\t\t\t<\/svg>\n\t\t<\/button><\/figure>\n\n\n\n<p class=\"wp-block-paragraph\">Ez a <strong>ny\u00e1ri P\u00edsek abszol\u00fat szimb\u00f3luma<\/strong>, amely az eg\u00e9sz orsz\u00e1gb\u00f3l vonzza a l\u00e1togat\u00f3kat. Minden \u00e9vben m\u00e1jus v\u00e9g\u00e9t\u0151l a K\u0151h\u00edd melletti rakparton hatalmas homokszobrok kezdenek feln\u0151ni, amelyeket tapasztalt szobr\u00e1szok alkotnak, \u00e9s minden \u00e9vben teljesen m\u00e1s t\u00e9m\u00e1juk van.<\/p>\n\n\n\n<p class=\"wp-block-paragraph\">R\u00e9gebben ezt az esem\u00e9nyt Cip\u00edskovi\u0161t\u011bnek h\u00edvt\u00e1k, ma Sochy z p\u00edsku v P\u00edsku (Homokszobrok P\u00edseken) n\u00e9ven tal\u00e1lod, \u00e9s <strong>az eg\u00e9sz ki\u00e1ll\u00edt\u00e1s teljesen ingyenesen l\u00e1togathat\u00f3<\/strong> eg\u00e9sz ny\u00e1ron, am\u00edg a szobrokat az \u0151szi es\u0151k t\u00f6nkre nem teszik. Mindig egy k\u00eds\u00e9r\u0151fesztiv\u00e1l is j\u00e1r hozz\u00e1, a P\u00edskovi\u0161t\u011b, csal\u00e1di programokkal.<\/p>\n\n\n\n<p class=\"wp-block-paragraph\">A totyog\u00f3knak leny\u0171g\u00f6z\u0151 <strong>megfigyelni azokat az \u00f3ri\u00e1si homokv\u00e1rakat<\/strong>, r\u00e1ad\u00e1sul k\u00f6zben s\u00e9t\u00e1lhatsz egyet a foly\u00f3 ment\u00e9n, \u00e9s be\u00fclhetsz fagyizni a Pomodor\u00f3hoz a templomn\u00e1l, vagy a h\u00edd melletti k\u00e1v\u00e9z\u00f3k valamelyik\u00e9be.<\/p>\n\n\n\n<h3 class=\"wp-block-heading\"><span class=\"ez-toc-section\" id=\"13_Kohid_es_a_rakpart\"><\/span>13. K\u0151h\u00edd \u00e9s a rakpart<span class=\"ez-toc-section-end\"><\/span><\/h3>\n\n\n\n<figure data-wp-context=\"{&quot;imageId&quot;:&quot;6a9530c2da571&quot;}\" data-wp-interactive=\"core\/image\" data-wp-key=\"6a9530c2da571\" class=\"wp-block-image size-full wp-lightbox-container\"><img decoding=\"async\" width=\"2200\" height=\"1467\" data-wp-class--hide=\"state.isContentHidden\" data-wp-class--show=\"state.isContentVisible\" data-wp-init=\"callbacks.setButtonStyles\" data-wp-on--click=\"actions.showLightbox\" data-wp-on--load=\"callbacks.setButtonStyles\" data-wp-on--pointerdown=\"actions.preloadImage\" data-wp-on--pointerenter=\"actions.preloadImageWithDelay\" data-wp-on--pointerleave=\"actions.cancelPreload\" data-wp-on-window--resize=\"callbacks.setButtonStyles\" src=\"https:\/\/loudavymkrokem.cz\/wp-content\/uploads\/2026\/08\/pisek-kamenny-most-sochy.jpg\" alt=\"A p\u00edseki K\u0151h\u00edd barokk szentszobrokkal\" class=\"wp-image-399324\" title=\"\" srcset=\"https:\/\/loudavymkrokem.cz\/wp-content\/uploads\/2026\/08\/pisek-kamenny-most-sochy.jpg 2200w, https:\/\/loudavymkrokem.cz\/wp-content\/uploads\/2026\/08\/pisek-kamenny-most-sochy-300x200.jpg 300w, https:\/\/loudavymkrokem.cz\/wp-content\/uploads\/2026\/08\/pisek-kamenny-most-sochy-700x467.jpg 700w, https:\/\/loudavymkrokem.cz\/wp-content\/uploads\/2026\/08\/pisek-kamenny-most-sochy-768x512.jpg 768w, https:\/\/loudavymkrokem.cz\/wp-content\/uploads\/2026\/08\/pisek-kamenny-most-sochy-1536x1024.jpg 1536w, https:\/\/loudavymkrokem.cz\/wp-content\/uploads\/2026\/08\/pisek-kamenny-most-sochy-2048x1366.jpg 2048w, https:\/\/loudavymkrokem.cz\/wp-content\/uploads\/2026\/08\/pisek-kamenny-most-sochy-696x464.jpg 696w, https:\/\/loudavymkrokem.cz\/wp-content\/uploads\/2026\/08\/pisek-kamenny-most-sochy-1392x928.jpg 1392w, https:\/\/loudavymkrokem.cz\/wp-content\/uploads\/2026\/08\/pisek-kamenny-most-sochy-1920x1280.jpg 1920w\" sizes=\"(max-width: 2200px) 100vw, 2200px\" \/><button\n\t\t\tclass=\"lightbox-trigger\"\n\t\t\ttype=\"button\"\n\t\t\taria-haspopup=\"dialog\"\n\t\t\tdata-wp-bind--aria-label=\"state.thisImage.triggerButtonAriaLabel\"\n\t\t\tdata-wp-init=\"callbacks.initTriggerButton\"\n\t\t\tdata-wp-on--click=\"actions.showLightbox\"\n\t\t\tdata-wp-style--right=\"state.thisImage.buttonRight\"\n\t\t\tdata-wp-style--top=\"state.thisImage.buttonTop\"\n\t\t>\n\t\t\t<svg xmlns=\"http:\/\/www.w3.org\/2000\/svg\" width=\"12\" height=\"12\" fill=\"none\" viewBox=\"0 0 12 12\">\n\t\t\t\t<path fill=\"#fff\" d=\"M2 0a2 2 0 0 0-2 2v2h1.5V2a.5.5 0 0 1 .5-.5h2V0H2Zm2 10.5H2a.5.5 0 0 1-.5-.5V8H0v2a2 2 0 0 0 2 2h2v-1.5ZM8 12v-1.5h2a.5.5 0 0 0 .5-.5V8H12v2a2 2 0 0 1-2 2H8Zm2-12a2 2 0 0 1 2 2v2h-1.5V2a.5.5 0 0 0-.5-.5H8V0h2Z\" \/>\n\t\t\t<\/svg>\n\t\t<\/button><\/figure>\n\n\n\n<p class=\"wp-block-paragraph\">Ha m\u00e1r a szobrokn\u00e1l j\u00e1rsz, nem hagyhatod ki a s\u00e9t\u00e1t mag\u00e1n a K\u0151h\u00eddon, amely <strong>Csehorsz\u00e1g legr\u00e9gebbi fennmaradt h\u00eddja<\/strong>, \u00e9s m\u00e1r a 13. sz\u00e1zadb\u00f3l sz\u00e1rmazik. A gyerekeknek a h\u00edd az \u00fcregeivel \u00e9s szobraival \u00e9rdekes, amelyek k\u00f6z\u00f6tt szabadon szaladg\u00e1lhatnak, hiszen itt tilos az aut\u00f3val val\u00f3 behajt\u00e1s.<\/p>\n\n\n\n<p class=\"wp-block-paragraph\">A h\u00edd alatt egy sz\u00e9pen rendezett rakpart h\u00faz\u00f3dik, ahov\u00e1 <strong>a helyi csal\u00e1dok rendszeresen j\u00e1rnak kacs\u00e1kat \u00e9s hatty\u00fakat etetni<\/strong>. Csak k\u00e9rlek, ne feledd, hogy a p\u00e9k\u00e1ru \u00e1rt a madaraknak, ez\u00e9rt ink\u00e1bb hozz nekik egy kis kukoric\u00e1t, bors\u00f3t vagy speci\u00e1lis granul\u00e1tumot a v\u00edzimadaraknak.<\/p>\n\n\n\n<p class=\"wp-block-paragraph\">A rakpartr\u00f3l r\u00e1ad\u00e1sul <strong>gy\u00f6ny\u00f6r\u0171 kil\u00e1t\u00e1s ny\u00edlik a p\u00edseki v\u00e1rra<\/strong>, \u00e9s az eg\u00e9sz l\u00e1tk\u00e9pet lefot\u00f3zhatod a csal\u00e1di albumba. A v\u00edzparti s\u00e9ta r\u00e1ad\u00e1sul teljesen akad\u00e1lymentes, \u00edgy a babakocsik \u00e9s a gyerekfut\u00f3biciklik is a legkisebb probl\u00e9ma n\u00e9lk\u00fcl v\u00e9gigmennek rajta.<\/p>\n\n\n\n<h3 class=\"wp-block-heading\"><span class=\"ez-toc-section\" id=\"14_Varosi_sziget\"><\/span>14. V\u00e1rosi sziget<span class=\"ez-toc-section-end\"><\/span><\/h3>\n\n\n\n<figure data-wp-context=\"{&quot;imageId&quot;:&quot;6a9530c2dad39&quot;}\" data-wp-interactive=\"core\/image\" data-wp-key=\"6a9530c2dad39\" class=\"wp-block-image size-full wp-lightbox-container\"><img decoding=\"async\" width=\"1200\" height=\"800\" data-wp-class--hide=\"state.isContentHidden\" data-wp-class--show=\"state.isContentVisible\" data-wp-init=\"callbacks.setButtonStyles\" data-wp-on--click=\"actions.showLightbox\" data-wp-on--load=\"callbacks.setButtonStyles\" data-wp-on--pointerdown=\"actions.preloadImage\" data-wp-on--pointerenter=\"actions.preloadImageWithDelay\" data-wp-on--pointerleave=\"actions.cancelPreload\" data-wp-on-window--resize=\"callbacks.setButtonStyles\" src=\"https:\/\/loudavymkrokem.cz\/wp-content\/uploads\/2026\/08\/mestsky-ostrov-pisek-zahradka.jpg\" alt=\"Ny\u00e1ri kertvend\u00e9gl\u0151 a p\u00edseki V\u00e1rosi szigeten\" class=\"wp-image-399671\" title=\"\" srcset=\"https:\/\/loudavymkrokem.cz\/wp-content\/uploads\/2026\/08\/mestsky-ostrov-pisek-zahradka.jpg 1200w, https:\/\/loudavymkrokem.cz\/wp-content\/uploads\/2026\/08\/mestsky-ostrov-pisek-zahradka-300x200.jpg 300w, https:\/\/loudavymkrokem.cz\/wp-content\/uploads\/2026\/08\/mestsky-ostrov-pisek-zahradka-700x467.jpg 700w, https:\/\/loudavymkrokem.cz\/wp-content\/uploads\/2026\/08\/mestsky-ostrov-pisek-zahradka-768x512.jpg 768w, https:\/\/loudavymkrokem.cz\/wp-content\/uploads\/2026\/08\/mestsky-ostrov-pisek-zahradka-696x464.jpg 696w\" sizes=\"(max-width: 1200px) 100vw, 1200px\" \/><button\n\t\t\tclass=\"lightbox-trigger\"\n\t\t\ttype=\"button\"\n\t\t\taria-haspopup=\"dialog\"\n\t\t\tdata-wp-bind--aria-label=\"state.thisImage.triggerButtonAriaLabel\"\n\t\t\tdata-wp-init=\"callbacks.initTriggerButton\"\n\t\t\tdata-wp-on--click=\"actions.showLightbox\"\n\t\t\tdata-wp-style--right=\"state.thisImage.buttonRight\"\n\t\t\tdata-wp-style--top=\"state.thisImage.buttonTop\"\n\t\t>\n\t\t\t<svg xmlns=\"http:\/\/www.w3.org\/2000\/svg\" width=\"12\" height=\"12\" fill=\"none\" viewBox=\"0 0 12 12\">\n\t\t\t\t<path fill=\"#fff\" d=\"M2 0a2 2 0 0 0-2 2v2h1.5V2a.5.5 0 0 1 .5-.5h2V0H2Zm2 10.5H2a.5.5 0 0 1-.5-.5V8H0v2a2 2 0 0 0 2 2h2v-1.5ZM8 12v-1.5h2a.5.5 0 0 0 .5-.5V8H12v2a2 2 0 0 1-2 2H8Zm2-12a2 2 0 0 1 2 2v2h-1.5V2a.5.5 0 0 0-.5-.5H8V0h2Z\" \/>\n\t\t\t<\/svg>\n\t\t<\/button><\/figure>\n\n\n\n<p class=\"wp-block-paragraph\">Az Otava foly\u00f3 \u00e1ltal k\u00f6r\u00fcl\u00f6lelt V\u00e1rosi sziget egy <strong>nyugodt, z\u00f6ld o\u00e1zis k\u00f6zvetlen\u00fcl a v\u00e1rosk\u00f6zpontban<\/strong>, ahov\u00e1 egy gyalogh\u00eddon jutsz el. Egy nagy parkot tal\u00e1lsz itt gy\u00f6ny\u00f6r\u0171, \u00f6reg f\u00e1kkal, amelyek a rekken\u0151 ny\u00e1rban a nagyon is sz\u00fcks\u00e9ges \u00e1rny\u00e9kot ny\u00fajtj\u00e1k.<\/p>\n\n\n\n<p class=\"wp-block-paragraph\">A gyerekeknek egy <strong>nagy, beker\u00edtett j\u00e1tsz\u00f3t\u00e9r \u00e1ll k\u00e9szen modern j\u00e1t\u00e9kelemekkel<\/strong>, ahol nem kell att\u00f3l f\u00e9lned, hogy a totyog\u00f3d elszalad valamerre. A j\u00e1tsz\u00f3t\u00e9r mellett r\u00e1ad\u00e1sul a nagyobb gyerekek \u00e9s a feln\u0151ttek is minigolfozhatnak a helyi, j\u00f3l karbantartott p\u00e1ly\u00e1n.<\/p>\n\n\n\n<p class=\"wp-block-paragraph\">Amikor a gyerekek meg\u00e9heznek, <strong>a szigeten m\u0171k\u00f6dik a hagyom\u00e1nyos Ostrov \u00e9tterem<\/strong>, amelynek a ny\u00e1ri kertj\u00e9n\u00e9l saj\u00e1t kisebb j\u00e1tsz\u00f3tere van, \u00edgy nyugodtan befejezheted az eb\u00e9dedet, m\u00edg a gyerekek nem messze j\u00e1tszanak.<\/p>\n\n\n\n<h3 class=\"wp-block-heading\"><span class=\"ez-toc-section\" id=\"15_Kozlekedesi_jatszoter_Szent_Vencelnel\"><\/span>15. K\u00f6zleked\u00e9si j\u00e1tsz\u00f3t\u00e9r Szent Venceln\u00e9l<span class=\"ez-toc-section-end\"><\/span><\/h3>\n\n\n\n<figure data-wp-context=\"{&quot;imageId&quot;:&quot;6a9530c2db3fd&quot;}\" data-wp-interactive=\"core\/image\" data-wp-key=\"6a9530c2db3fd\" class=\"wp-block-image size-full wp-lightbox-container\"><img decoding=\"async\" width=\"1024\" height=\"461\" data-wp-class--hide=\"state.isContentHidden\" data-wp-class--show=\"state.isContentVisible\" data-wp-init=\"callbacks.setButtonStyles\" data-wp-on--click=\"actions.showLightbox\" data-wp-on--load=\"callbacks.setButtonStyles\" data-wp-on--pointerdown=\"actions.preloadImage\" data-wp-on--pointerenter=\"actions.preloadImageWithDelay\" data-wp-on--pointerleave=\"actions.cancelPreload\" data-wp-on-window--resize=\"callbacks.setButtonStyles\" src=\"https:\/\/loudavymkrokem.cz\/wp-content\/uploads\/2026\/08\/dopravni-hriste-u-sv-vaclava-pisek.jpg\" alt=\"Gyermek k\u00f6zleked\u00e9si j\u00e1tsz\u00f3t\u00e9r a fel\u00faj\u00edt\u00e1s ut\u00e1n a p\u00edseki Szent Venceln\u00e9l\" class=\"wp-image-399632\" title=\"\" srcset=\"https:\/\/loudavymkrokem.cz\/wp-content\/uploads\/2026\/08\/dopravni-hriste-u-sv-vaclava-pisek.jpg 1024w, https:\/\/loudavymkrokem.cz\/wp-content\/uploads\/2026\/08\/dopravni-hriste-u-sv-vaclava-pisek-300x135.jpg 300w, https:\/\/loudavymkrokem.cz\/wp-content\/uploads\/2026\/08\/dopravni-hriste-u-sv-vaclava-pisek-700x315.jpg 700w, https:\/\/loudavymkrokem.cz\/wp-content\/uploads\/2026\/08\/dopravni-hriste-u-sv-vaclava-pisek-768x346.jpg 768w, https:\/\/loudavymkrokem.cz\/wp-content\/uploads\/2026\/08\/dopravni-hriste-u-sv-vaclava-pisek-696x313.jpg 696w\" sizes=\"(max-width: 1024px) 100vw, 1024px\" \/><button\n\t\t\tclass=\"lightbox-trigger\"\n\t\t\ttype=\"button\"\n\t\t\taria-haspopup=\"dialog\"\n\t\t\tdata-wp-bind--aria-label=\"state.thisImage.triggerButtonAriaLabel\"\n\t\t\tdata-wp-init=\"callbacks.initTriggerButton\"\n\t\t\tdata-wp-on--click=\"actions.showLightbox\"\n\t\t\tdata-wp-style--right=\"state.thisImage.buttonRight\"\n\t\t\tdata-wp-style--top=\"state.thisImage.buttonTop\"\n\t\t>\n\t\t\t<svg xmlns=\"http:\/\/www.w3.org\/2000\/svg\" width=\"12\" height=\"12\" fill=\"none\" viewBox=\"0 0 12 12\">\n\t\t\t\t<path fill=\"#fff\" d=\"M2 0a2 2 0 0 0-2 2v2h1.5V2a.5.5 0 0 1 .5-.5h2V0H2Zm2 10.5H2a.5.5 0 0 1-.5-.5V8H0v2a2 2 0 0 0 2 2h2v-1.5ZM8 12v-1.5h2a.5.5 0 0 0 .5-.5V8H12v2a2 2 0 0 1-2 2H8Zm2-12a2 2 0 0 1 2 2v2h-1.5V2a.5.5 0 0 0-.5-.5H8V0h2Z\" \/>\n\t\t\t<\/svg>\n\t\t<\/button><\/figure>\n\n\n\n<p class=\"wp-block-paragraph\">A Z\u00e1tava-rakparton l\u00e9v\u0151 k\u00f6zleked\u00e9si j\u00e1tsz\u00f3t\u00e9r nemr\u00e9g nagy fel\u00faj\u00edt\u00e1son esett \u00e1t, \u00e9s 2025 m\u00e1jus\u00e1t\u00f3l <strong>ism\u00e9t teljes pomp\u00e1j\u00e1ban nyitva \u00e1ll<\/strong>. Igazi paradicsom minden kis aut\u00f3-, fut\u00f3bicikli- \u00e9s rollerrajong\u00f3nak, akik itt gyakorolhatj\u00e1k a szab\u00e1lyos vezet\u00e9st.<\/p>\n\n\n\n<p class=\"wp-block-paragraph\">A j\u00e1tsz\u00f3t\u00e9ren nem hi\u00e1nyoznak az <strong>igazi, m\u0171k\u00f6d\u0151 jelz\u0151l\u00e1mp\u00e1k, k\u00f6rforgalom, gyalog\u00e1tkel\u0151k<\/strong> \u00e9s k\u00fcl\u00f6nf\u00e9le k\u00f6zleked\u00e9si t\u00e1bl\u00e1k. Ha nincs veled saj\u00e1t j\u00e1rm\u0171, itt 760 Ft-\u00e9rt (50 K\u010d) f\u00e9l \u00f3r\u00e1ra k\u00f6lcs\u00f6n\u00f6zhetsz remek ped\u00e1los aut\u00f3kat, amelyek f\u0151leg az \u00f3vod\u00e1sokat \u00e9s a kisiskol\u00e1sokat sz\u00f3rakoztatj\u00e1k.<\/p>\n\n\n\n<p class=\"wp-block-paragraph\">A ny\u00e1ri h\u00f3napokban, a sz\u00fcnetben <strong>minden nap nyitva vannak d\u00e9lel\u0151tt \u00e9s d\u00e9lut\u00e1n is<\/strong>, tavasszal \u00e9s \u0151sszel pedig ink\u00e1bb d\u00e9lut\u00e1ni \u00f3r\u00e1kban \u00e9s h\u00e9tv\u00e9genk\u00e9nt m\u0171k\u00f6dnek. Saj\u00e1t biciklivel vagy fut\u00f3biciklivel a bel\u00e9p\u00e9s a ter\u00fcletre teljesen ingyenes.<\/p>\n\n\n\n<p class=\"wp-block-paragraph\">K\u00f6zvetlen\u00fcl a j\u00e1tsz\u00f3t\u00e9rn\u00e9l r\u00e1ad\u00e1sul m\u0171k\u00f6dik a <strong>YEZ Caf\u00e9<\/strong>, \u00edgy van hol le\u00fcln\u00f6t\u00f6k egy k\u00e1v\u00e9ra \u00e9s valami harapnival\u00f3ra. \u00c9s mivel itt egy <strong>homokoz\u00f3 is van a legkisebbeknek<\/strong>, azok a testv\u00e9rek is elsz\u00f3rakoznak, akik a ped\u00e1los aut\u00f3kat m\u00e9g nem \u00e9rik el.<\/p>\n\n\n\n<h3 class=\"wp-block-heading\"><span class=\"ez-toc-section\" id=\"16_Jirasek-rakpart_es_golyojatszoter\"><\/span>16. Jir\u00e1sek-rakpart \u00e9s goly\u00f3j\u00e1tsz\u00f3t\u00e9r<span class=\"ez-toc-section-end\"><\/span><\/h3>\n\n\n\n<p class=\"wp-block-paragraph\">A Jir\u00e1sek-rakpart egy m\u00e1sik remek\u00fcl rendezett ter\u00fclet a foly\u00f3n\u00e1l, ahol egy <strong>egyed\u00fcl\u00e1ll\u00f3, 186 n\u00e9gyzetm\u00e9teres goly\u00f3j\u00e1tsz\u00f3t\u00e9r<\/strong> tal\u00e1lhat\u00f3. Kilenc k\u00fcl\u00f6nb\u00f6z\u0151 p\u00e1ly\u00e1t \u00e9s m\u00e9g egy speci\u00e1lis goly\u00f3cs\u00faszd\u00e1t is tal\u00e1lsz itt, ami hihetetlen\u00fcl hossz\u00fa id\u0151re le tudja k\u00f6tni a gyerekeket.<\/p>\n\n\n\n<p class=\"wp-block-paragraph\">Ha nincs saj\u00e1t \u00fcveggoly\u00f3d, ne cs\u00fcggedj, a <strong>goly\u00f3kat megveheted 300 Ft-\u00e9rt (20 K\u010d)<\/strong> a k\u00f6zeli inform\u00e1ci\u00f3s pontban vagy egyenesen a p\u00e1lya melletti automat\u00e1ban. Az eg\u00e9sz t\u00e9r hihetetlen\u00fcl interakt\u00edv \u00e9s j\u00e1t\u00e9kos, m\u00e9g ha a kedvelt pumptrack p\u00e1ly\u00e1t 2026 m\u00e1jus\u00e1ban sajnos el is t\u00e1vol\u00edtott\u00e1k.<\/p>\n\n\n\n<p class=\"wp-block-paragraph\">A goly\u00f3k mellett egy <strong>\u00e9l\u0151 f\u0171zvessz\u0151b\u0151l k\u00e9sz\u00fclt j\u00e1tsz\u00f3teret<\/strong>, egy mez\u00edtl\u00e1bas \u00f6sv\u00e9nyt, ahol a gyerekek k\u00fcl\u00f6nf\u00e9le fel\u00fcleteket pr\u00f3b\u00e1lhatnak ki, \u00e9s a Flux parkour-p\u00e1ly\u00e1t is megtal\u00e1lod az id\u0151sebb sportol\u00f3knak, \u00edgy itt minden koroszt\u00e1lynak val\u00f3 tev\u00e9kenys\u00e9g keveredik.<\/p>\n\n\n\n<h3 class=\"wp-block-heading\"><span class=\"ez-toc-section\" id=\"17_Jatszoter_a_szarvassal_a_Na_Trubach_negyedben\"><\/span>17. J\u00e1tsz\u00f3t\u00e9r a szarvassal a Na Trub\u00e1ch negyedben<span class=\"ez-toc-section-end\"><\/span><\/h3>\n\n\n\n<figure data-wp-context=\"{&quot;imageId&quot;:&quot;6a9530c2dbe95&quot;}\" data-wp-interactive=\"core\/image\" data-wp-key=\"6a9530c2dbe95\" class=\"wp-block-image size-full wp-lightbox-container\"><img decoding=\"async\" width=\"1920\" height=\"1440\" data-wp-class--hide=\"state.isContentHidden\" data-wp-class--show=\"state.isContentVisible\" data-wp-init=\"callbacks.setButtonStyles\" data-wp-on--click=\"actions.showLightbox\" data-wp-on--load=\"callbacks.setButtonStyles\" data-wp-on--pointerdown=\"actions.preloadImage\" data-wp-on--pointerenter=\"actions.preloadImageWithDelay\" data-wp-on--pointerleave=\"actions.cancelPreload\" data-wp-on-window--resize=\"callbacks.setButtonStyles\" src=\"https:\/\/loudavymkrokem.cz\/wp-content\/uploads\/2026\/08\/hriste-jelen-na-trubach-pisek.jpg\" alt=\"Fa szarvas tobog\u00e1nnal a p\u00edseki Na Trub\u00e1ch j\u00e1tsz\u00f3t\u00e9ren\" class=\"wp-image-399616\" title=\"\" srcset=\"https:\/\/loudavymkrokem.cz\/wp-content\/uploads\/2026\/08\/hriste-jelen-na-trubach-pisek.jpg 1920w, https:\/\/loudavymkrokem.cz\/wp-content\/uploads\/2026\/08\/hriste-jelen-na-trubach-pisek-300x225.jpg 300w, https:\/\/loudavymkrokem.cz\/wp-content\/uploads\/2026\/08\/hriste-jelen-na-trubach-pisek-700x525.jpg 700w, https:\/\/loudavymkrokem.cz\/wp-content\/uploads\/2026\/08\/hriste-jelen-na-trubach-pisek-768x576.jpg 768w, https:\/\/loudavymkrokem.cz\/wp-content\/uploads\/2026\/08\/hriste-jelen-na-trubach-pisek-1536x1152.jpg 1536w, https:\/\/loudavymkrokem.cz\/wp-content\/uploads\/2026\/08\/hriste-jelen-na-trubach-pisek-80x60.jpg 80w, https:\/\/loudavymkrokem.cz\/wp-content\/uploads\/2026\/08\/hriste-jelen-na-trubach-pisek-160x120.jpg 160w, https:\/\/loudavymkrokem.cz\/wp-content\/uploads\/2026\/08\/hriste-jelen-na-trubach-pisek-696x522.jpg 696w, https:\/\/loudavymkrokem.cz\/wp-content\/uploads\/2026\/08\/hriste-jelen-na-trubach-pisek-1392x1044.jpg 1392w\" sizes=\"(max-width: 1920px) 100vw, 1920px\" \/><button\n\t\t\tclass=\"lightbox-trigger\"\n\t\t\ttype=\"button\"\n\t\t\taria-haspopup=\"dialog\"\n\t\t\tdata-wp-bind--aria-label=\"state.thisImage.triggerButtonAriaLabel\"\n\t\t\tdata-wp-init=\"callbacks.initTriggerButton\"\n\t\t\tdata-wp-on--click=\"actions.showLightbox\"\n\t\t\tdata-wp-style--right=\"state.thisImage.buttonRight\"\n\t\t\tdata-wp-style--top=\"state.thisImage.buttonTop\"\n\t\t>\n\t\t\t<svg xmlns=\"http:\/\/www.w3.org\/2000\/svg\" width=\"12\" height=\"12\" fill=\"none\" viewBox=\"0 0 12 12\">\n\t\t\t\t<path fill=\"#fff\" d=\"M2 0a2 2 0 0 0-2 2v2h1.5V2a.5.5 0 0 1 .5-.5h2V0H2Zm2 10.5H2a.5.5 0 0 1-.5-.5V8H0v2a2 2 0 0 0 2 2h2v-1.5ZM8 12v-1.5h2a.5.5 0 0 0 .5-.5V8H12v2a2 2 0 0 1-2 2H8Zm2-12a2 2 0 0 1 2 2v2h-1.5V2a.5.5 0 0 0-.5-.5H8V0h2Z\" \/>\n\t\t\t<\/svg>\n\t\t<\/button><\/figure>\n\n\n\n<p class=\"wp-block-paragraph\">Ez a <strong>2026-os \u00e9v vadonat\u00faj sl\u00e1gere<\/strong>, amely\u00e9rt minden p\u00edseki gyerek teljesen odavan. Az \u00faj erdei j\u00e1tsz\u00f3t\u00e9r, a Na Trub\u00e1ch domin\u00e1nsa egy hatalmas, nyolc m\u00e9ter magas fa szarvas, amely egyr\u00e9szt kil\u00e1t\u00f3k\u00e9nt, de f\u0151leg egy bonyolult m\u00e1sz\u00f3kak\u00e9nt m\u0171k\u00f6dik cs\u00faszd\u00e1val.<\/p>\n\n\n\n<p class=\"wp-block-paragraph\">A szarvas k\u00f6r\u00fcl egy <strong>gy\u00f6ny\u00f6r\u0171 t\u00e9r ter\u00fcl el hint\u00e1kkal, egyens\u00falyoz\u00e1sra val\u00f3 far\u00f6nk\u00f6kkel<\/strong> \u00e9s egy nagy homokoz\u00f3val a totyog\u00f3knak. A j\u00e1tsz\u00f3t\u00e9r term\u00e9szetes st\u00edlusban k\u00e9sz\u00fclt, hogy beleolvadjon a k\u00f6rnyez\u0151 k\u00f6rnyezetbe, \u00e9s tervben van, hogy fokozatosan hozz\u00e1adnak m\u00e9g egy hangya-, egy bagoly- \u00e9s egy m\u00f3kusszobrot is.<\/p>\n\n\n\n<p class=\"wp-block-paragraph\">Mivel a j\u00e1tsz\u00f3t\u00e9r teljesen \u00faj, <strong>h\u00e9tv\u00e9g\u00e9n sz\u00e1m\u00edts nagy t\u00f6megre<\/strong>, \u00edgy a kisebb gyerekekkel ink\u00e1bb h\u00e9tk\u00f6znap d\u00e9lel\u0151tt aj\u00e1nlok kir\u00e1ndulni.<\/p>\n\n\n\n<h3 class=\"wp-block-heading\"><span class=\"ez-toc-section\" id=\"18_Palacky-liget\"><\/span>18. Palack\u00fd-liget<span class=\"ez-toc-section-end\"><\/span><\/h3>\n\n\n\n<figure data-wp-context=\"{&quot;imageId&quot;:&quot;6a9530c2dc450&quot;}\" data-wp-interactive=\"core\/image\" data-wp-key=\"6a9530c2dc450\" class=\"wp-block-image size-full wp-lightbox-container\"><img decoding=\"async\" width=\"1200\" height=\"800\" data-wp-class--hide=\"state.isContentHidden\" data-wp-class--show=\"state.isContentVisible\" data-wp-init=\"callbacks.setButtonStyles\" data-wp-on--click=\"actions.showLightbox\" data-wp-on--load=\"callbacks.setButtonStyles\" data-wp-on--pointerdown=\"actions.preloadImage\" data-wp-on--pointerenter=\"actions.preloadImageWithDelay\" data-wp-on--pointerleave=\"actions.cancelPreload\" data-wp-on-window--resize=\"callbacks.setButtonStyles\" src=\"https:\/\/loudavymkrokem.cz\/wp-content\/uploads\/2026\/08\/palackeho-sady-pisek-jaro.jpg\" alt=\"A p\u00edseki Palack\u00fd-liget tavasszal Franti\u0161ek Palack\u00fd eml\u00e9km\u0171v\u00e9vel\" class=\"wp-image-399648\" title=\"\" srcset=\"https:\/\/loudavymkrokem.cz\/wp-content\/uploads\/2026\/08\/palackeho-sady-pisek-jaro.jpg 1200w, https:\/\/loudavymkrokem.cz\/wp-content\/uploads\/2026\/08\/palackeho-sady-pisek-jaro-300x200.jpg 300w, https:\/\/loudavymkrokem.cz\/wp-content\/uploads\/2026\/08\/palackeho-sady-pisek-jaro-700x467.jpg 700w, https:\/\/loudavymkrokem.cz\/wp-content\/uploads\/2026\/08\/palackeho-sady-pisek-jaro-768x512.jpg 768w, https:\/\/loudavymkrokem.cz\/wp-content\/uploads\/2026\/08\/palackeho-sady-pisek-jaro-696x464.jpg 696w\" sizes=\"(max-width: 1200px) 100vw, 1200px\" \/><button\n\t\t\tclass=\"lightbox-trigger\"\n\t\t\ttype=\"button\"\n\t\t\taria-haspopup=\"dialog\"\n\t\t\tdata-wp-bind--aria-label=\"state.thisImage.triggerButtonAriaLabel\"\n\t\t\tdata-wp-init=\"callbacks.initTriggerButton\"\n\t\t\tdata-wp-on--click=\"actions.showLightbox\"\n\t\t\tdata-wp-style--right=\"state.thisImage.buttonRight\"\n\t\t\tdata-wp-style--top=\"state.thisImage.buttonTop\"\n\t\t>\n\t\t\t<svg xmlns=\"http:\/\/www.w3.org\/2000\/svg\" width=\"12\" height=\"12\" fill=\"none\" viewBox=\"0 0 12 12\">\n\t\t\t\t<path fill=\"#fff\" d=\"M2 0a2 2 0 0 0-2 2v2h1.5V2a.5.5 0 0 1 .5-.5h2V0H2Zm2 10.5H2a.5.5 0 0 1-.5-.5V8H0v2a2 2 0 0 0 2 2h2v-1.5ZM8 12v-1.5h2a.5.5 0 0 0 .5-.5V8H12v2a2 2 0 0 1-2 2H8Zm2-12a2 2 0 0 1 2 2v2h-1.5V2a.5.5 0 0 0-.5-.5H8V0h2Z\" \/>\n\t\t\t<\/svg>\n\t\t<\/button><\/figure>\n\n\n\n<figure data-wp-context=\"{&quot;imageId&quot;:&quot;6a9530c2dc9dd&quot;}\" data-wp-interactive=\"core\/image\" data-wp-key=\"6a9530c2dc9dd\" class=\"wp-block-image size-full wp-lightbox-container\"><img decoding=\"async\" width=\"2200\" height=\"1467\" data-wp-class--hide=\"state.isContentHidden\" data-wp-class--show=\"state.isContentVisible\" data-wp-init=\"callbacks.setButtonStyles\" data-wp-on--click=\"actions.showLightbox\" data-wp-on--load=\"callbacks.setButtonStyles\" data-wp-on--pointerdown=\"actions.preloadImage\" data-wp-on--pointerenter=\"actions.preloadImageWithDelay\" data-wp-on--pointerleave=\"actions.cancelPreload\" data-wp-on-window--resize=\"callbacks.setButtonStyles\" src=\"https:\/\/loudavymkrokem.cz\/wp-content\/uploads\/2026\/08\/pisek-fontana-centrum.jpg\" alt=\"Sz\u00f6k\u0151k\u00fat P\u00edsek t\u00f6rt\u00e9nelmi belv\u00e1ros\u00e1ban\" class=\"wp-image-399366\" title=\"\" srcset=\"https:\/\/loudavymkrokem.cz\/wp-content\/uploads\/2026\/08\/pisek-fontana-centrum.jpg 2200w, https:\/\/loudavymkrokem.cz\/wp-content\/uploads\/2026\/08\/pisek-fontana-centrum-300x200.jpg 300w, https:\/\/loudavymkrokem.cz\/wp-content\/uploads\/2026\/08\/pisek-fontana-centrum-700x467.jpg 700w, https:\/\/loudavymkrokem.cz\/wp-content\/uploads\/2026\/08\/pisek-fontana-centrum-768x512.jpg 768w, https:\/\/loudavymkrokem.cz\/wp-content\/uploads\/2026\/08\/pisek-fontana-centrum-1536x1024.jpg 1536w, https:\/\/loudavymkrokem.cz\/wp-content\/uploads\/2026\/08\/pisek-fontana-centrum-2048x1366.jpg 2048w, https:\/\/loudavymkrokem.cz\/wp-content\/uploads\/2026\/08\/pisek-fontana-centrum-696x464.jpg 696w, https:\/\/loudavymkrokem.cz\/wp-content\/uploads\/2026\/08\/pisek-fontana-centrum-1392x928.jpg 1392w, https:\/\/loudavymkrokem.cz\/wp-content\/uploads\/2026\/08\/pisek-fontana-centrum-1920x1280.jpg 1920w\" sizes=\"(max-width: 2200px) 100vw, 2200px\" \/><button\n\t\t\tclass=\"lightbox-trigger\"\n\t\t\ttype=\"button\"\n\t\t\taria-haspopup=\"dialog\"\n\t\t\tdata-wp-bind--aria-label=\"state.thisImage.triggerButtonAriaLabel\"\n\t\t\tdata-wp-init=\"callbacks.initTriggerButton\"\n\t\t\tdata-wp-on--click=\"actions.showLightbox\"\n\t\t\tdata-wp-style--right=\"state.thisImage.buttonRight\"\n\t\t\tdata-wp-style--top=\"state.thisImage.buttonTop\"\n\t\t>\n\t\t\t<svg xmlns=\"http:\/\/www.w3.org\/2000\/svg\" width=\"12\" height=\"12\" fill=\"none\" viewBox=\"0 0 12 12\">\n\t\t\t\t<path fill=\"#fff\" d=\"M2 0a2 2 0 0 0-2 2v2h1.5V2a.5.5 0 0 1 .5-.5h2V0H2Zm2 10.5H2a.5.5 0 0 1-.5-.5V8H0v2a2 2 0 0 0 2 2h2v-1.5ZM8 12v-1.5h2a.5.5 0 0 0 .5-.5V8H12v2a2 2 0 0 1-2 2H8Zm2-12a2 2 0 0 1 2 2v2h-1.5V2a.5.5 0 0 0-.5-.5H8V0h2Z\" \/>\n\t\t\t<\/svg>\n\t\t<\/button><\/figure>\n\n\n\n<p class=\"wp-block-paragraph\">A Palack\u00fd-liget <strong>P\u00edsek belv\u00e1ros\u00e1nak legnagyobb parkja<\/strong>, amely az egykori v\u00e1r\u00e1rkok hely\u00e9n keletkezett. Ide\u00e1lis hely egy nyugodt babakocsis s\u00e9t\u00e1hoz az \u00f6reg f\u00e1k koron\u00e1i alatt, ny\u00e1ron pedig gyakran tartanak itt k\u00fcl\u00f6nf\u00e9le s\u00e9tahangversenyeket.<\/p>\n\n\n\n<p class=\"wp-block-paragraph\">A park nyugati sz\u00e9l\u00e9n egy <strong>kisebb, kavicsos fel\u00fclet\u0171 gyerekj\u00e1tsz\u00f3t\u00e9r<\/strong> tal\u00e1lhat\u00f3, amelynek domin\u00e1nsa egy gy\u00f6ny\u00f6r\u0171, hal alak\u00fa fa m\u00e1sz\u00f3ka. Rug\u00f3s hint\u00e1kat is tal\u00e1lsz itt a totyog\u00f3knak \u00e9s egy kedvelt f\u00fcgg\u0151hint\u00e1t.<\/p>\n\n\n\n<p class=\"wp-block-paragraph\">Ennek a j\u00e1tsz\u00f3t\u00e9rnek az egyetlen h\u00e1tr\u00e1nya, hogy <strong>k\u00f6zvetlen\u00fcl a j\u00e1t\u00e9kelemekn\u00e9l hi\u00e1nyoznak a padok<\/strong> a sz\u00fcl\u0151knek, \u00edgy \u00e1ltal\u00e1ban nem messze kell \u00e1llnod vagy a fa szeg\u00e9lyek sz\u00e9l\u00e9re kell le\u00fcln\u00f6d. \u00cdgy is remek meg\u00e1ll\u00f3 azonban a v\u00e1rosban val\u00f3 csatangol\u00e1s k\u00f6zben.<\/p>\n\n\n\n<h3 class=\"wp-block-heading\"><span class=\"ez-toc-section\" id=\"19_Strand_Szent_Vencelnel\"><\/span>19. Strand Szent Venceln\u00e9l<span class=\"ez-toc-section-end\"><\/span><\/h3>\n\n\n\n<p class=\"wp-block-paragraph\">Amikor bek\u00f6sz\u00f6nt a ny\u00e1ri k\u00e1nikula, az eg\u00e9sz v\u00e1ros a Vencel melletti strandra k\u00f6lt\u00f6zik, amely a Z\u00e1tava-rakparton tal\u00e1lhat\u00f3. Ez a ter\u00fclet <strong>a klasszikus foly\u00f3ban val\u00f3 f\u00fcrd\u0151z\u00e9st az Otav\u00e1ban modern medenc\u00e9kkel<\/strong> k\u00f6ti \u00f6ssze, \u00edgy itt t\u00e9nyleg mindenki tal\u00e1l kedv\u00e9re val\u00f3t.<\/p>\n\n\n\n<p class=\"wp-block-paragraph\">A gyerekes csal\u00e1doknak egy <strong>sek\u00e9ly gyerekmedence van itt cs\u00faszd\u00e1val \u00e9s egy k\u00fcl\u00f6n pancsol\u00f3<\/strong> a legapr\u00f3bb totyog\u00f3knak. A medenc\u00e9k k\u00f6r\u00fcl f\u00fcves r\u00e9szek vannak a pl\u00e9deknek, \u00e9s nem hi\u00e1nyoznak a nagy f\u00e1k sem, amelyek al\u00e1 babakocsival beh\u00faz\u00f3dhattok az \u00e1rny\u00e9kba.<\/p>\n\n\n\n<p class=\"wp-block-paragraph\">A strand <strong>m\u00e1just\u00f3l szeptemberig minden nap f\u00e9l nyolcig van nyitva<\/strong>, a feln\u0151ttek 1360 Ft-ot (90 K\u010d), a 140 cm alatti gyerekek 910 Ft-ot (60 K\u010d) fizetnek a bel\u00e9p\u0151\u00e9rt. El\u0151ny, hogy k\u00f6zvetlen\u00fcl a ter\u00fcleten m\u0171k\u00f6dik a szomsz\u00e9dos Sport panzi\u00f3 \u00e9tterme, \u00edgy az eb\u00e9dr\u0151l gondoskodva van.<\/p>\n\n\n\n<h3 class=\"wp-block-heading\"><span class=\"ez-toc-section\" id=\"20_Csonakazas_es_vizitura_az_Otavan\"><\/span>20. Cs\u00f3nak\u00e1z\u00e1s \u00e9s v\u00edzit\u00fara az Otav\u00e1n<span class=\"ez-toc-section-end\"><\/span><\/h3>\n\n\n\n<p class=\"wp-block-paragraph\">Az Otava foly\u00f3 nemcsak \u00e1tfolyik P\u00edseken, hanem egyenesen k\u00fcl\u00f6nf\u00e9le v\u00edzi m\u00f3k\u00e1kra cs\u00e1b\u00edt, amelyeket a kisebb gyerekekkel is bev\u00e1llalhatsz. <strong>K\u00f6zvetlen\u00fcl a V\u00e1rosi szigetn\u00e9l m\u0171k\u00f6dik egy k\u00f6lcs\u00f6nz\u0151<\/strong>, ahol a szezonban klasszikus evez\u0151s cs\u00f3nakot vagy v\u00edzibiciklit b\u00e9relhetsz.<\/p>\n\n\n\n<p class=\"wp-block-paragraph\">A gyerekek im\u00e1dj\u00e1k, amikor a cs\u00f3nakb\u00f3l <strong>eg\u00e9szen m\u00e1s perspekt\u00edv\u00e1b\u00f3l figyelhetik a v\u00e1rost<\/strong>, \u00e9s k\u00f6zelr\u0151l n\u00e9zhetik a v\u00edz felsz\u00edn\u00e9n \u00fasz\u00f3 kacs\u00e1kat. A Vencel melletti strandon pedig 1510 Ft-\u00e9rt (100 K\u010d) \u00f3r\u00e1nk\u00e9nt b\u00e9relsz egy cs\u00f3nakot, \u00e9s evezhetsz egy kicsit az Otav\u00e1n.<\/p>\n\n\n\n<p class=\"wp-block-paragraph\">Ha szeretitek a hosszabb kir\u00e1ndul\u00e1sokat, <strong>az Otava h\u00edres v\u00edzit\u00far\u00e1z\u00f3s foly\u00f3<\/strong>, \u00edgy a csal\u00e1ddal megtervezhettek egy cs\u00f3nak\u00e1z\u00e1st a nyugodtabb szakaszok valamelyik\u00e9n, cs\u00f3nak- \u00e9s raftk\u00f6lcs\u00f6nz\u0151b\u0151l ugyanis t\u00f6bb is van P\u00edsek k\u00f6rny\u00e9k\u00e9n.<\/p>\n\n\n\n<h3 class=\"wp-block-heading\"><span class=\"ez-toc-section\" id=\"21_Vadaskert_az_U_Vodakanal\"><\/span>21. Vadaskert az U Vod\u00e1k\u00e1n\u00e1l<span class=\"ez-toc-section-end\"><\/span><\/h3>\n\n\n\n<figure data-wp-context=\"{&quot;imageId&quot;:&quot;6a9530c2dd539&quot;}\" data-wp-interactive=\"core\/image\" data-wp-key=\"6a9530c2dd539\" class=\"wp-block-image size-full wp-lightbox-container\"><img decoding=\"async\" width=\"960\" height=\"640\" data-wp-class--hide=\"state.isContentHidden\" data-wp-class--show=\"state.isContentVisible\" data-wp-init=\"callbacks.setButtonStyles\" data-wp-on--click=\"actions.showLightbox\" data-wp-on--load=\"callbacks.setButtonStyles\" data-wp-on--pointerdown=\"actions.preloadImage\" data-wp-on--pointerenter=\"actions.preloadImageWithDelay\" data-wp-on--pointerleave=\"actions.cancelPreload\" data-wp-on-window--resize=\"callbacks.setButtonStyles\" src=\"https:\/\/loudavymkrokem.cz\/wp-content\/uploads\/2026\/08\/oburka-u-vodaka-danci.jpg\" alt=\"D\u00e1mszarvasok az U Vod\u00e1ka vadaskertj\u00e9ben a P\u00edseki hegyekben\" class=\"wp-image-399639\" title=\"\" srcset=\"https:\/\/loudavymkrokem.cz\/wp-content\/uploads\/2026\/08\/oburka-u-vodaka-danci.jpg 960w, https:\/\/loudavymkrokem.cz\/wp-content\/uploads\/2026\/08\/oburka-u-vodaka-danci-300x200.jpg 300w, https:\/\/loudavymkrokem.cz\/wp-content\/uploads\/2026\/08\/oburka-u-vodaka-danci-700x467.jpg 700w, https:\/\/loudavymkrokem.cz\/wp-content\/uploads\/2026\/08\/oburka-u-vodaka-danci-768x512.jpg 768w, https:\/\/loudavymkrokem.cz\/wp-content\/uploads\/2026\/08\/oburka-u-vodaka-danci-696x464.jpg 696w\" sizes=\"(max-width: 960px) 100vw, 960px\" \/><button\n\t\t\tclass=\"lightbox-trigger\"\n\t\t\ttype=\"button\"\n\t\t\taria-haspopup=\"dialog\"\n\t\t\tdata-wp-bind--aria-label=\"state.thisImage.triggerButtonAriaLabel\"\n\t\t\tdata-wp-init=\"callbacks.initTriggerButton\"\n\t\t\tdata-wp-on--click=\"actions.showLightbox\"\n\t\t\tdata-wp-style--right=\"state.thisImage.buttonRight\"\n\t\t\tdata-wp-style--top=\"state.thisImage.buttonTop\"\n\t\t>\n\t\t\t<svg xmlns=\"http:\/\/www.w3.org\/2000\/svg\" width=\"12\" height=\"12\" fill=\"none\" viewBox=\"0 0 12 12\">\n\t\t\t\t<path fill=\"#fff\" d=\"M2 0a2 2 0 0 0-2 2v2h1.5V2a.5.5 0 0 1 .5-.5h2V0H2Zm2 10.5H2a.5.5 0 0 1-.5-.5V8H0v2a2 2 0 0 0 2 2h2v-1.5ZM8 12v-1.5h2a.5.5 0 0 0 .5-.5V8H12v2a2 2 0 0 1-2 2H8Zm2-12a2 2 0 0 1 2 2v2h-1.5V2a.5.5 0 0 0-.5-.5H8V0h2Z\" \/>\n\t\t\t<\/svg>\n\t\t<\/button><\/figure>\n\n\n\n<p class=\"wp-block-paragraph\">Azoknak a csal\u00e1doknak, akik szeretik az \u00e1llatokat \u00e9s a term\u00e9szetet, <strong>gy\u00f6ny\u00f6r\u0171 s\u00e9tac\u00e9l az U Vod\u00e1ka erdei vadaskertje<\/strong>, amely a P\u00edseki hegyek sz\u00e9l\u00e9n tal\u00e1lhat\u00f3. Csak egy kicsit van a v\u00e1rost\u00f3l, m\u00e9gis az erd\u0151 teljes nyugalm\u00e1ban tal\u00e1lod magad.<\/p>\n\n\n\n<p class=\"wp-block-paragraph\">A kil\u00e1t\u00f3pontr\u00f3l \u00e9s a ker\u00edt\u00e9s ment\u00e9n <strong>d\u00e1mszarvasokat \u00e9s muflonokat figyelhetsz meg<\/strong>, akik hozz\u00e1szoktak az emberekhez, ami megb\u00edzhat\u00f3an lek\u00f6ti a gyerekeket hossz\u00fa id\u0151re. A vadaskerthez egy k\u00f6nnyed erdei \u00fat vezet, amit a kis l\u00e1bak is legy\u0151znek, babakocsival sz\u00e1m\u00edts terepre.<\/p>\n\n\n\n<p class=\"wp-block-paragraph\">A legjobb ebben a kir\u00e1ndul\u00e1sban, hogy <strong>eg\u00e9sz \u00e9vben l\u00e1togathat\u00f3 \u00e9s teljesen ingyenes<\/strong>, \u00edgy a helyi csal\u00e1dok ak\u00e1r t\u00e9len is idej\u00f6nnek egy termosz te\u00e1val, amikor h\u00f3 esik, \u00e9s az \u00e1llatok sz\u00e9pen l\u00e1tszanak a havas erd\u0151ben.<\/p>\n\n\n\n<h3 class=\"wp-block-heading\"><span class=\"ez-toc-section\" id=\"22_3D_utveszto_a_Zivecnel\"><\/span>22. 3D \u00fatveszt\u0151 a \u017divecn\u00e9l<span class=\"ez-toc-section-end\"><\/span><\/h3>\n\n\n\n<figure data-wp-context=\"{&quot;imageId&quot;:&quot;6a9530c2ddcc8&quot;}\" data-wp-interactive=\"core\/image\" data-wp-key=\"6a9530c2ddcc8\" class=\"wp-block-image size-full wp-lightbox-container\"><img decoding=\"async\" width=\"1200\" height=\"600\" data-wp-class--hide=\"state.isContentHidden\" data-wp-class--show=\"state.isContentVisible\" data-wp-init=\"callbacks.setButtonStyles\" data-wp-on--click=\"actions.showLightbox\" data-wp-on--load=\"callbacks.setButtonStyles\" data-wp-on--pointerdown=\"actions.preloadImage\" data-wp-on--pointerenter=\"actions.preloadImageWithDelay\" data-wp-on--pointerleave=\"actions.cancelPreload\" data-wp-on-window--resize=\"callbacks.setButtonStyles\" src=\"https:\/\/loudavymkrokem.cz\/wp-content\/uploads\/2026\/08\/chata-zivec-3d-bludiste-pisecke-hory.jpg\" alt=\"K\u00f6t\u00e9lp\u00e1lya \u00e9s 3D \u00fatveszt\u0151 a \u017divec mened\u00e9kh\u00e1zn\u00e1l a P\u00edseki hegyekben\" class=\"wp-image-399626\" title=\"\" srcset=\"https:\/\/loudavymkrokem.cz\/wp-content\/uploads\/2026\/08\/chata-zivec-3d-bludiste-pisecke-hory.jpg 1200w, https:\/\/loudavymkrokem.cz\/wp-content\/uploads\/2026\/08\/chata-zivec-3d-bludiste-pisecke-hory-300x150.jpg 300w, https:\/\/loudavymkrokem.cz\/wp-content\/uploads\/2026\/08\/chata-zivec-3d-bludiste-pisecke-hory-700x350.jpg 700w, https:\/\/loudavymkrokem.cz\/wp-content\/uploads\/2026\/08\/chata-zivec-3d-bludiste-pisecke-hory-768x384.jpg 768w, https:\/\/loudavymkrokem.cz\/wp-content\/uploads\/2026\/08\/chata-zivec-3d-bludiste-pisecke-hory-696x348.jpg 696w\" sizes=\"(max-width: 1200px) 100vw, 1200px\" \/><button\n\t\t\tclass=\"lightbox-trigger\"\n\t\t\ttype=\"button\"\n\t\t\taria-haspopup=\"dialog\"\n\t\t\tdata-wp-bind--aria-label=\"state.thisImage.triggerButtonAriaLabel\"\n\t\t\tdata-wp-init=\"callbacks.initTriggerButton\"\n\t\t\tdata-wp-on--click=\"actions.showLightbox\"\n\t\t\tdata-wp-style--right=\"state.thisImage.buttonRight\"\n\t\t\tdata-wp-style--top=\"state.thisImage.buttonTop\"\n\t\t>\n\t\t\t<svg xmlns=\"http:\/\/www.w3.org\/2000\/svg\" width=\"12\" height=\"12\" fill=\"none\" viewBox=\"0 0 12 12\">\n\t\t\t\t<path fill=\"#fff\" d=\"M2 0a2 2 0 0 0-2 2v2h1.5V2a.5.5 0 0 1 .5-.5h2V0H2Zm2 10.5H2a.5.5 0 0 1-.5-.5V8H0v2a2 2 0 0 0 2 2h2v-1.5ZM8 12v-1.5h2a.5.5 0 0 0 .5-.5V8H12v2a2 2 0 0 1-2 2H8Zm2-12a2 2 0 0 1 2 2v2h-1.5V2a.5.5 0 0 0-.5-.5H8V0h2Z\" \/>\n\t\t\t<\/svg>\n\t\t<\/button><\/figure>\n\n\n\n<p class=\"wp-block-paragraph\">A P\u00edsek feletti erd\u0151kben, k\u00f6zvetlen\u00fcl az ismert \u017divec mened\u00e9kh\u00e1z mellett egy <strong>egyed\u00fcl\u00e1ll\u00f3, f\u00e1k k\u00f6z\u00e9 f\u00fcggesztett 3D \u00fatveszt\u0151 n\u0151tt ki<\/strong>. Ez f\u00fcgg\u0151hidak \u00e9s h\u00e1zik\u00f3k rendszere, amelyeket teljesen bebiztos\u00edtottak v\u00e9d\u0151h\u00e1l\u00f3kkal, \u00edgy nincs sz\u00fcks\u00e9g semmif\u00e9le hegym\u00e1sz\u00f3-biztos\u00edt\u00e1sra vagy sisakra.<\/p>\n\n\n\n<p class=\"wp-block-paragraph\">Az attrakci\u00f3 <strong>h\u00e1rom \u00e9s f\u00e9l \u00e9s hat m\u00e9ter magasan a f\u00f6ld felett<\/strong> tal\u00e1lhat\u00f3, ami rendes adag adrenalint garant\u00e1l. A h\u00e1rom-h\u00e9t \u00e9ves gyerekek csak feln\u0151tt k\u00eds\u00e9ret\u00e9ben mehetnek ide, a legkisebbeknek pedig lent a f\u00f6ld\u00f6n egy kisebb erdei k\u00f6t\u00e9lp\u00e1lya van k\u00e9szen egy krist\u00e1lyos h\u00e1zik\u00f3val.<\/p>\n\n\n\n<p class=\"wp-block-paragraph\">Az \u00fatveszt\u0151 <strong>a Dr\u00e1gak\u00f6vek \u00fatja tan\u00f6sv\u00e9ny r\u00e9sze, \u00e9s szabadon l\u00e1togathat\u00f3<\/strong>, \u00edgy nem fizetsz bel\u00e9p\u0151t. Az aut\u00f3t az U T\u0159\u00ed rybn\u00edk\u016f vagy az U Honz\u00ed\u010dka parkol\u00f3ban hagyhatod, \u00e9s egy kellemes erdei s\u00e9t\u00e1val idej\u00f6hetsz.<\/p>\n\n\n\n<h3 class=\"wp-block-heading\"><span class=\"ez-toc-section\" id=\"23_Jarnik_kilato\"><\/span>23. Jarn\u00edk kil\u00e1t\u00f3<span class=\"ez-toc-section-end\"><\/span><\/h3>\n\n\n\n<figure data-wp-context=\"{&quot;imageId&quot;:&quot;6a9530c2de4bd&quot;}\" data-wp-interactive=\"core\/image\" data-wp-key=\"6a9530c2de4bd\" class=\"wp-block-image size-full wp-lightbox-container\"><img decoding=\"async\" width=\"1000\" height=\"562\" data-wp-class--hide=\"state.isContentHidden\" data-wp-class--show=\"state.isContentVisible\" data-wp-init=\"callbacks.setButtonStyles\" data-wp-on--click=\"actions.showLightbox\" data-wp-on--load=\"callbacks.setButtonStyles\" data-wp-on--pointerdown=\"actions.preloadImage\" data-wp-on--pointerenter=\"actions.preloadImageWithDelay\" data-wp-on--pointerleave=\"actions.cancelPreload\" data-wp-on-window--resize=\"callbacks.setButtonStyles\" src=\"https:\/\/loudavymkrokem.cz\/wp-content\/uploads\/2026\/08\/rozhledna-jarnik-pisecke-hory.jpg\" alt=\"A Jarn\u00edk kil\u00e1t\u00f3 a P\u00edseki hegyekben mad\u00e1rt\u00e1vlatb\u00f3l\" class=\"wp-image-399674\" title=\"\" srcset=\"https:\/\/loudavymkrokem.cz\/wp-content\/uploads\/2026\/08\/rozhledna-jarnik-pisecke-hory.jpg 1000w, https:\/\/loudavymkrokem.cz\/wp-content\/uploads\/2026\/08\/rozhledna-jarnik-pisecke-hory-300x169.jpg 300w, https:\/\/loudavymkrokem.cz\/wp-content\/uploads\/2026\/08\/rozhledna-jarnik-pisecke-hory-700x393.jpg 700w, https:\/\/loudavymkrokem.cz\/wp-content\/uploads\/2026\/08\/rozhledna-jarnik-pisecke-hory-768x432.jpg 768w, https:\/\/loudavymkrokem.cz\/wp-content\/uploads\/2026\/08\/rozhledna-jarnik-pisecke-hory-696x391.jpg 696w\" sizes=\"(max-width: 1000px) 100vw, 1000px\" \/><button\n\t\t\tclass=\"lightbox-trigger\"\n\t\t\ttype=\"button\"\n\t\t\taria-haspopup=\"dialog\"\n\t\t\tdata-wp-bind--aria-label=\"state.thisImage.triggerButtonAriaLabel\"\n\t\t\tdata-wp-init=\"callbacks.initTriggerButton\"\n\t\t\tdata-wp-on--click=\"actions.showLightbox\"\n\t\t\tdata-wp-style--right=\"state.thisImage.buttonRight\"\n\t\t\tdata-wp-style--top=\"state.thisImage.buttonTop\"\n\t\t>\n\t\t\t<svg xmlns=\"http:\/\/www.w3.org\/2000\/svg\" width=\"12\" height=\"12\" fill=\"none\" viewBox=\"0 0 12 12\">\n\t\t\t\t<path fill=\"#fff\" d=\"M2 0a2 2 0 0 0-2 2v2h1.5V2a.5.5 0 0 1 .5-.5h2V0H2Zm2 10.5H2a.5.5 0 0 1-.5-.5V8H0v2a2 2 0 0 0 2 2h2v-1.5ZM8 12v-1.5h2a.5.5 0 0 0 .5-.5V8H12v2a2 2 0 0 1-2 2H8Zm2-12a2 2 0 0 1 2 2v2h-1.5V2a.5.5 0 0 0-.5-.5H8V0h2Z\" \/>\n\t\t\t<\/svg>\n\t\t<\/button><\/figure>\n\n\n\n<p class=\"wp-block-paragraph\">Ha m\u00e1r a \u017divec mened\u00e9kh\u00e1zn\u00e1l vagy, mindenk\u00e9pp tegy\u00e9l egy nagyj\u00e1b\u00f3l h\u00e9tsz\u00e1z m\u00e9teres s\u00e9t\u00e1t a k\u00e9k turistajelz\u00e9sen <strong>a vas Jarn\u00edk kil\u00e1t\u00f3hoz<\/strong>, amely 606 m\u00e9ter magasan a tengerszint felett magasodik. A feljut\u00e1st az akt\u00edvabb \u00f3vod\u00e1sok is legy\u0151zik, csak vigy\u00e1zz, mert felfel\u00e9 182, el\u00e9g \u00e1tl\u00e1tsz\u00f3 l\u00e9pcs\u0151 vezet.<\/p>\n\n\n\n<p class=\"wp-block-paragraph\">A kil\u00e1t\u00f3pontr\u00f3l <strong>gy\u00f6ny\u00f6r\u0171 kil\u00e1t\u00e1s ny\u00edlik az eg\u00e9sz P\u00edsek k\u00f6rny\u00e9k\u00e9re \u00e9s a \u0160umav\u00e1ra<\/strong>, ami a f\u00e1radoz\u00e1s\u00e9rt igaz\u00e1n meg\u00e9ri. A kil\u00e1t\u00f3ra a bel\u00e9p\u00e9s ingyenes, de a t\u00e9li h\u00f3napokban \u00e9s a f\u0151szezonon k\u00edv\u00fcl z\u00e1rva szokott lenni, \u00e9s a kulcsot \u00e9pp a \u017divec mened\u00e9kh\u00e1zban kell kik\u00e9rned.<\/p>\n\n\n\n<p class=\"wp-block-paragraph\">\ud83d\udca1 <strong>Tipp:<\/strong> Ha a kir\u00e1ndul\u00e1st eb\u00e9ddel szeretn\u00e9d \u00f6sszek\u00f6tni, ellen\u0151rizd le el\u0151re a \u017divec mened\u00e9kh\u00e1z \u00e9tterm\u00e9nek nyitvatart\u00e1s\u00e1t, mert t\u00e9li \u00fczemm\u00f3dban csak p\u00e9ntekt\u0151l vas\u00e1rnapig szoktak nyitva tartani.<\/p>\n\n\n\n<h3 class=\"wp-block-heading\"><span class=\"ez-toc-section\" id=\"24_Golyopalya_a_Hradiste_negyedben\"><\/span>24. Goly\u00f3p\u00e1lya a Hradi\u0161t\u011b negyedben<span class=\"ez-toc-section-end\"><\/span><\/h3>\n\n\n\n<p class=\"wp-block-paragraph\">A Hradi\u0161t\u011b melletti v\u00e1rossz\u00e9li erd\u0151kben, ahol egykor \u0151skori f\u00f6ldv\u00e1r \u00e1llt, 2025 augusztus\u00e1ban egy <strong>fantasztikus, negyvenm\u00e9teres erdei goly\u00f3p\u00e1lya<\/strong> keletkezett. Csod\u00e1san illeszkedik a term\u00e9szetes terepbe, tusk\u00f3k \u00e9s egyenetlens\u00e9gek k\u00f6z\u00f6tt kanyarog, a gyerekek pedig \u00f3r\u00e1kig futkoshatnak k\u00f6r\u00fcl\u00f6tte fel-le.<\/p>\n\n\n\n<p class=\"wp-block-paragraph\">A rakparti goly\u00f3j\u00e1tsz\u00f3t\u00e9rrel ellent\u00e9tben itt <strong>nincs automata, \u00edgy saj\u00e1t goly\u00f3kat kell hoznod<\/strong> otthonr\u00f3l, ide\u00e1lisan a nagyobb f\u00e1b\u00f3l vagy \u00fcvegb\u0151l k\u00e9sz\u00fclteket. A p\u00e1lya a sz\u00e9lesebb erdei sport\u00f6sv\u00e9nyek r\u00e9sze, \u00edgy k\u00fcl\u00f6nf\u00e9le edz\u0151elemekbe is belefutsz.<\/p>\n\n\n\n<p class=\"wp-block-paragraph\">A Hradi\u0161t\u00e9n az erdei s\u00e9ta <strong>nagyon megnyugtat\u00f3, \u00e9s terepes babakocsival is legy\u0151z\u00f6d<\/strong>, csak sz\u00e1m\u00edts enyhe emelked\u0151re, mert a p\u00e1lya lejt\u0151n \u00e9p\u00fclt, hogy a goly\u00f3knak meglegyen a megfelel\u0151 sebess\u00e9ge.<\/p>\n\n\n\n<!-- LKM_GYG_CARD start q=\"pisek detmi\" lang=\"hu\" rendered=\"2026-08-31T06:15:06+00:00\" v=\"1\" -->\n\n<!-- LKM_GYG_CARD end -->\n\n\n\n\n<div class=\"lk-stays-module\">\n<style>\n\/* \u2500\u2500\u2500 RESET PRO GUTENBERG \u2500\u2500\u2500 *\/\n.lk-stays-module * { box-sizing: border-box; margin: 0; padding: 0; }\n\n\/* \u2500\u2500\u2500 WRAPPER \u2500\u2500\u2500 *\/\n.lk-stays-module {\n  font-family: 'DM Sans', Georgia, sans-serif;\n  max-width: 100%;\n  margin: 2.5rem auto;\n  background: linear-gradient(135deg, #fdfaf5 0%, #fcf8f0 100%);\n  border: 1px solid #e8dfd4;\n  border-radius: 16px;\n  overflow: hidden;\n  box-shadow: 0 16px 48px rgba(195, 159, 118, 0.25), 0 4px 12px rgba(0,0,0,0.08);\n}\n\n\/* \u2500\u2500\u2500 HEADER \u2500\u2500\u2500 *\/\n.lk-stays-header {\n  position: relative;\n  padding: 24px 36px 24px;\n  background: linear-gradient(135deg, #c39f76 0%, #d4b188 60%, #c39f76 100%);\n  border-bottom: 1px solid rgba(255,255,255,.15);\n  display: flex;\n  align-items: center;\n  gap: 18px;\n}\n.lk-stays-header::before {\n  content: '';\n  position: absolute;\n  inset: 0;\n  background: url(\"data:image\/svg+xml,%3Csvg width='60' height='60' viewBox='0 0 60 60' xmlns='http:\/\/www.w3.org\/2000\/svg'%3E%3Cg fill='none' fill-rule='evenodd'%3E%3Cg fill='%23ffffff' fill-opacity='0.05'%3E%3Cpath d='M36 34v-4h-2v4h-4v2h4v4h2v-4h4v-2h-4zm0-30V0h-2v4h-4v2h4v4h2V6h4V4h-4zM6 34v-4H4v4H0v2h4v4h2v-4h4v-2H6zM6 4V0H4v4H0v2h4v4h2V6h4V4H6z'\/%3E%3C\/g%3E%3C\/g%3E%3C\/svg%3E\") repeat;\n  pointer-events: none;\n}\n.lk-stays-icon {\n  flex-shrink: 0;\n  width: 68px;\n  height: 68px;\n  border-radius: 14px;\n  background: linear-gradient(135deg, #fff 0%, #f9f6f0 100%);\n  display: flex;\n  align-items: center;\n  justify-content: center;\n  font-size: 26px;\n  box-shadow: 0 4px 12px rgba(0,0,0,0.15);\n}\n.lk-stays-eyebrow {\n  font-size: 10px;\n  font-weight: 500;\n  letter-spacing: 2.5px;\n  text-transform: uppercase;\n  color: rgba(255,255,255,.85);\n  margin: 0 0 5px 0;\n}\n.lk-stays-title {\n  font-family: 'Playfair Display', Georgia, serif;\n  font-size: 24px;\n  font-weight: 700;\n  color: #fff;\n  line-height: 1.2;\n  text-shadow: 0 1px 2px rgba(0,0,0,0.1);\n  margin: 0;\n}\n.lk-stays-subtitle {\n  font-size: 13px;\n  color: rgba(255,255,255,.75);\n  margin: 4px 0 0 0;\n  font-weight: 300;\n}\n\n\/* \u2500\u2500\u2500 CARDS GRID \u2500\u2500\u2500 *\/\n.lk-stays-grid {\n  display: grid;\n  grid-template-columns: 1fr 1fr;\n  gap: 1px;\n  background: rgba(195, 159, 118, 0.12);\n}\n\n\/* \u2500\u2500\u2500 SINGLE CARD \u2500\u2500\u2500 *\/\n.lk-stay-card {\n  background: #ffffff;\n  padding: 26px;\n  display: flex;\n  flex-direction: column;\n  gap: 11px;\n  transition: all 0.3s ease;\n  text-decoration: none;\n  color: inherit;\n  position: relative;\n}\n.lk-stay-card:hover {\n  background: #fffbf5;\n  transform: translateY(-2px);\n  box-shadow: 0 8px 24px rgba(195, 159, 118, 0.18);\n  z-index: 1;\n}\n.lk-stay-card.featured {\n  background: linear-gradient(135deg, #fffdf9 0%, #fff9f0 100%);\n  box-shadow: 0 4px 16px rgba(195, 159, 118, 0.15), inset 0 1px 0 rgba(195, 159, 118, 0.1);\n}\n.lk-stay-card.featured:hover {\n  background: linear-gradient(135deg, #fffbf5 0%, #fff8ed 100%);\n  box-shadow: 0 8px 24px rgba(195, 159, 118, 0.25), inset 0 1px 0 rgba(195, 159, 118, 0.15);\n}\n\n.lk-stay-badge {\n  display: inline-flex;\n  align-items: center;\n  gap: 5px;\n  font-size: 10px;\n  font-weight: 500;\n  letter-spacing: 1.5px;\n  text-transform: uppercase;\n  padding: 5px 11px;\n  border-radius: 20px;\n  width: fit-content;\n}\n.badge-top     { background: linear-gradient(135deg, #c39f76 0%, #d4b188 100%); color: #fff; border: 1px solid #c39f76; font-weight: 600; box-shadow: 0 2px 8px rgba(195,159,118,0.3); }\n.badge-luxury  { background: rgba(195,159,118,.12); color: #c39f76; border: 1px solid rgba(195,159,118,.25); }\n.badge-boutique{ background: rgba(54,133,252,.08); color: #3685fc; border: 1px solid rgba(54,133,252,.2); }\n.badge-nature  { background: rgba(130,190,100,.1); color: #6b9c4a; border: 1px solid rgba(130,190,100,.2); }\n.badge-remote  { background: rgba(195,159,118,.12); color: #a67e50; border: 1px solid rgba(195,159,118,.25); }\n\n.lk-stay-name {\n  font-family: 'Playfair Display', Georgia, serif;\n  font-size: 18px;\n  font-weight: 700;\n  color: #111827;\n  line-height: 1.3;\n}\n.lk-stay-desc {\n  font-size: 13.5px;\n  color: #525252;\n  line-height: 1.65;\n  font-weight: 300;\n  flex: 1;\n}\n\n.lk-stay-meta {\n  display: flex;\n  align-items: center;\n  gap: 12px;\n  flex-wrap: wrap;\n  margin-top: 4px;\n}\n.lk-stay-price {\n  font-size: 13px;\n  color: #6b7280;\n}\n.lk-stay-price strong {\n  color: #c39f76;\n  font-weight: 500;\n}\n.lk-stay-stars {\n  color: #c39f76;\n  font-size: 11px;\n  letter-spacing: 1px;\n}\n\n\/* \u2500\u2500\u2500 CTA BUTTON \u2500\u2500\u2500 *\/\n.lk-stay-cta {\n  display: inline-flex;\n  align-items: center;\n  justify-content: center;\n  gap: 7px;\n  margin-top: 8px;\n  padding: 11px 20px;\n  border-radius: 8px;\n  background: linear-gradient(135deg, #3685fc 0%, #2a6fd9 100%);\n  color: #fff;\n  font-size: 13px;\n  font-weight: 500;\n  text-decoration: none;\n  letter-spacing: .3px;\n  transition: all .2s ease;\n  cursor: pointer;\n  border: none;\n  text-align: center;\n  box-shadow: 0 4px 12px rgba(54, 133, 252, 0.25);\n}\n.lk-stay-cta:hover {\n  background: linear-gradient(135deg, #2a6fd9 0%, #1e5bc4 100%);\n  transform: translateY(-1px);\n  box-shadow: 0 6px 16px rgba(54, 133, 252, 0.35);\n}\n.lk-stay-cta svg { flex-shrink: 0; }\n\n\/* \u2500\u2500\u2500 FOOTER \u2500\u2500\u2500 *\/\n.lk-stays-footer {\n  padding: 18px 36px;\n  background: linear-gradient(to bottom, #fdfaf5 0%, #f9f4ed 100%);\n  border-top: 1px solid rgba(195, 159, 118, 0.15);\n  display: flex;\n  align-items: center;\n  justify-content: space-between;\n  flex-wrap: wrap;\n  gap: 12px;\n}\n.lk-stays-footer-note {\n  font-size: 11.5px;\n  color: #6b7280;\n  font-weight: 300;\n  line-height: 1.5;\n}\n.lk-stays-footer-note a {\n  color: #c39f76;\n  text-decoration: none;\n  font-weight: 400;\n}\n.lk-stays-footer-note a:hover {\n  text-decoration: underline;\n}\n.lk-stays-all-btn {\n  display: inline-flex;\n  align-items: center;\n  gap: 6px;\n  font-size: 12.5px;\n  font-weight: 500;\n  color: #c39f76;\n  text-decoration: none;\n  border: 1px solid rgba(195, 159, 118, 0.35);\n  padding: 8px 18px;\n  border-radius: 8px;\n  transition: all .2s ease;\n}\n.lk-stays-all-btn:hover {\n  background: rgba(195, 159, 118, 0.08);\n  border-color: rgba(195, 159, 118, 0.5);\n}\n\n\/* \u2500\u2500\u2500 RESPONSIVE \u2500\u2500\u2500 *\/\n@media (max-width: 600px) {\n  .lk-stays-grid { grid-template-columns: 1fr; }\n  .lk-stays-header { padding: 24px 20px; }\n  .lk-stays-footer { padding: 16px 20px; }\n  .lk-stay-card { padding: 22px; }\n  .lk-stays-title { font-size: 20px; }\n}\n<\/style>\n\n  <!-- HEADER -->\n  <div class=\"lk-stays-header\">\n    <img decoding=\"async\" src=\"https:\/\/loudavymkrokem.cz\/wp-content\/uploads\/2026\/02\/lukas-a-lucka.jpg\" alt=\"\" style=\"width: 75px; height: 75px; border-radius: 8px; flex-shrink: 0; object-fit: cover; display: block; margin: 4px 0;\" title=\"\">\n    <div class=\"lk-stays-header-text\">\n      <div class=\"lk-stays-eyebrow\">Luk\u00e1\u0161 \u00e9s Lucie aj\u00e1nlj\u00e1k<\/div>\n      <div class=\"lk-stays-title\">Hol sz\u00e1lljon meg P\u00edsekben<\/div>\n      <div class=\"lk-stays-subtitle\">5 sz\u00e1ll\u00e1shely \u2014 sz\u00e1llod\u00e1k \u00e9s egy\u00e9b sz\u00e1ll\u00e1slehet\u0151s\u00e9gek<\/div>\n    <\/div>\n  <\/div>\n\n  <!-- CARDS -->\n  <div class=\"lk-stays-grid\">\n\n    <a class=\"lk-stay-card featured\" href=\"https:\/\/www.stay22.com\/allez\/roam?aid=lukaskonecny&#038;campaign=loudavymkrokemcz&#038;campaign=hu&#038;campaign=pisek-s-detmi&#038;hotelname=Hotel%20Biograf&#038;address=P%C3%ADsek%2C%20%C4%8Cesko\" target=\"_blank\" rel=\"nofollow noopener\">\n      <span class=\"lk-stay-badge badge-top\">\u2b50 TOP V\u00c1LASZT\u00c1S<\/span>\n      <span class=\"lk-stay-badge badge-nature\">\ud83c\udfe8 Hotel<\/span>\n      <div class=\"lk-stay-name\">Hotel Biograf<\/div>\n      <div class=\"lk-stay-desc\">N\u00e9gycsillagos sz\u00e1lloda a k\u00f6zpont k\u00f6zel\u00e9ben, 8,6-os Booking \u00e9rt\u00e9kel\u00e9ssel \u00e9s szaun\u00e1val az esti pihen\u00e9shez.<\/div>\n      <div class=\"lk-stay-meta\">\n        <span class=\"lk-stay-stars\">\u2605\u2605\u2605\u2605<\/span>\n        <span class=\"lk-stay-price\">\u00c1rak ellen\u0151rz\u00e9se<\/span>\n      <\/div>\n      <span class=\"lk-stay-cta\">\n        <svg width=\"14\" height=\"14\" viewBox=\"0 0 24 24\" fill=\"none\" stroke=\"currentColor\" stroke-width=\"2\"><path d=\"M18 13v6a2 2 0 0 1-2 2H5a2 2 0 0 1-2-2V8a2 2 0 0 1 2-2h6\"\/><polyline points=\"15 3 21 3 21 9\"\/><line x1=\"10\" y1=\"14\" x2=\"21\" y2=\"3\"\/><\/svg>\n        Ellen\u0151rizd az el\u00e9rhet\u0151s\u00e9get\n      <\/span>\n    <\/a>\n\n    <a class=\"lk-stay-card\" href=\"https:\/\/www.stay22.com\/allez\/roam?aid=lukaskonecny&#038;campaign=loudavymkrokemcz&#038;campaign=hu&#038;campaign=piseksdetmi&#038;address=P%C3%ADsek&#038;hotelname=Hotel+Otava&#038;search=Hotel+Otava&#038;category=accommodation\" target=\"_blank\" rel=\"nofollow noopener\">\n      <span class=\"lk-stay-badge badge-nature\">\ud83c\udfe8 Hotel<\/span>\n      <div class=\"lk-stay-name\">Hotel Otava<\/div>\n      <div class=\"lk-stay-desc\">T\u00f6rt\u00e9nelmi sz\u00e1lloda Ale\u0161-festm\u00e9nyekkel a homlokzaton fel\u00faj\u00edt\u00e1s ut\u00e1n, a f\u00f6ldszinten Caf\u00e9 Otava k\u00e1v\u00e9z\u00f3val.<\/div>\n      <div class=\"lk-stay-meta\">\n        <span class=\"lk-stay-stars\">\u2605\u2605\u2605\u2605<\/span>\n        <span class=\"lk-stay-price\">\u00c1rak ellen\u0151rz\u00e9se<\/span>\n      <\/div>\n      <span class=\"lk-stay-cta\">\n        <svg width=\"14\" height=\"14\" viewBox=\"0 0 24 24\" fill=\"none\" stroke=\"currentColor\" stroke-width=\"2\"><path d=\"M18 13v6a2 2 0 0 1-2 2H5a2 2 0 0 1-2-2V8a2 2 0 0 1 2-2h6\"\/><polyline points=\"15 3 21 3 21 9\"\/><line x1=\"10\" y1=\"14\" x2=\"21\" y2=\"3\"\/><\/svg>\n        Ellen\u0151rizd az el\u00e9rhet\u0151s\u00e9get\n      <\/span>\n    <\/a>\n\n    <a class=\"lk-stay-card\" href=\"https:\/\/www.stay22.com\/allez\/roam?aid=lukaskonecny&#038;campaign=loudavymkrokemcz&#038;campaign=hu&#038;campaign=pisek-s-detmi&#038;hotelname=Hotel%20U%20Kapli%C4%8Dky&#038;address=P%C3%ADsek%2C%20%C4%8Cesko\" target=\"_blank\" rel=\"nofollow noopener\">\n      <span class=\"lk-stay-badge badge-nature\">\ud83c\udfe8 Hotel<\/span>\n      <div class=\"lk-stay-name\">Hotel U Kapli\u010dky<\/div>\n      <div class=\"lk-stay-desc\">Modern sz\u00e1lloda gasztron\u00f3miai \u00e9lm\u00e9nnyel, a Chapelle \u00e9tterem a Michelin Guide-ban szerepel.<\/div>\n      <div class=\"lk-stay-meta\">\n        <span class=\"lk-stay-stars\">\u2605\u2605\u2605\u2605<\/span>\n        <span class=\"lk-stay-price\">\u00c1rak ellen\u0151rz\u00e9se<\/span>\n      <\/div>\n      <span class=\"lk-stay-cta\">\n        <svg width=\"14\" height=\"14\" viewBox=\"0 0 24 24\" fill=\"none\" stroke=\"currentColor\" stroke-width=\"2\"><path d=\"M18 13v6a2 2 0 0 1-2 2H5a2 2 0 0 1-2-2V8a2 2 0 0 1 2-2h6\"\/><polyline points=\"15 3 21 3 21 9\"\/><line x1=\"10\" y1=\"14\" x2=\"21\" y2=\"3\"\/><\/svg>\n        Ellen\u0151rizd az el\u00e9rhet\u0151s\u00e9get\n      <\/span>\n    <\/a>\n\n    <a class=\"lk-stay-card\" href=\"https:\/\/www.stay22.com\/allez\/roam?aid=lukaskonecny&#038;campaign=loudavymkrokemcz&#038;campaign=hu&#038;campaign=pisek-s-detmi&#038;hotelname=Penzion%20Sport&#038;address=P%C3%ADsek%2C%20%C4%8Cesko\" target=\"_blank\" rel=\"nofollow noopener\">\n      <span class=\"lk-stay-badge badge-nature\">\ud83c\udfe1 Panzi\u00f3\/B&#038;B<\/span>\n      <div class=\"lk-stay-name\">Penzion Sport<\/div>\n      <div class=\"lk-stay-desc\">Panzi\u00f3 a foly\u00f3 mellett az uszoda ter\u00fclet\u00e9n, ide\u00e1lis f\u00fcrd\u0151z\u00e9shez. \u00c9tterem terasszal n\u00e9h\u00e1ny l\u00e9p\u00e9sre a medenc\u00e9kt\u0151l.<\/div>\n      <div class=\"lk-stay-meta\">\n        <span class=\"lk-stay-stars\">\u2605\u2605\u2605\u2605<\/span>\n        <span class=\"lk-stay-price\">\u00c1rak ellen\u0151rz\u00e9se<\/span>\n      <\/div>\n      <span class=\"lk-stay-cta\">\n        <svg width=\"14\" height=\"14\" viewBox=\"0 0 24 24\" fill=\"none\" stroke=\"currentColor\" stroke-width=\"2\"><path d=\"M18 13v6a2 2 0 0 1-2 2H5a2 2 0 0 1-2-2V8a2 2 0 0 1 2-2h6\"\/><polyline points=\"15 3 21 3 21 9\"\/><line x1=\"10\" y1=\"14\" x2=\"21\" y2=\"3\"\/><\/svg>\n        Ellen\u0151rizd az el\u00e9rhet\u0151s\u00e9get\n      <\/span>\n    <\/a>\n\n    <a class=\"lk-stay-card\" href=\"https:\/\/www.stay22.com\/allez\/roam?aid=lukaskonecny&#038;campaign=loudavymkrokemcz&#038;campaign=hu&#038;campaign=piseksdetmi&#038;address=p\u00edsek\" target=\"_blank\" rel=\"nofollow noopener\">\n      <span class=\"lk-stay-badge badge-nature\">\ud83d\udd0d Keres\u00e9s<\/span>\n      <div class=\"lk-stay-name\">\u00d6sszes sz\u00e1ll\u00e1shely megtekint\u00e9se P\u00edsekben<\/div>\n      <div class=\"lk-stay-desc\">Fedezze fel az \u00f6sszes el\u00e9rhet\u0151 sz\u00e1ll\u00e1slehet\u0151s\u00e9get P\u00edsekben, \u00e9s tal\u00e1lja meg a legjobbat preferenci\u00e1i \u00e9s k\u00f6lts\u00e9gvet\u00e9se szerint.<\/div>\n      <div class=\"lk-stay-meta\">\n        <span class=\"lk-stay-stars\">\u2605\u2605\u2605\u2605<\/span>\n        <span class=\"lk-stay-price\">\u00c1rak \u00f6sszehasonl\u00edt\u00e1sa<\/span>\n      <\/div>\n      <span class=\"lk-stay-cta\">\n        <svg width=\"14\" height=\"14\" viewBox=\"0 0 24 24\" fill=\"none\" stroke=\"currentColor\" stroke-width=\"2\"><path d=\"M18 13v6a2 2 0 0 1-2 2H5a2 2 0 0 1-2-2V8a2 2 0 0 1 2-2h6\"\/><polyline points=\"15 3 21 3 21 9\"\/><line x1=\"10\" y1=\"14\" x2=\"21\" y2=\"3\"\/><\/svg>\n        Ellen\u0151rizd az el\u00e9rhet\u0151s\u00e9get\n      <\/span>\n    <\/a>\n\n  <\/div>\n\n  \n<\/div>\n\n\n\n\n<h3 class=\"wp-block-heading\"><span class=\"ez-toc-section\" id=\"25_Oriasi_homokozo_a_Vasarteren\"><\/span>25. \u00d3ri\u00e1si homokoz\u00f3 a V\u00e1s\u00e1rt\u00e9ren<span class=\"ez-toc-section-end\"><\/span><\/h3>\n\n\n\n<p class=\"wp-block-paragraph\">Ha otthon egy megr\u00f6gz\u00f6tt homokv\u00e1r\u00e9p\u00edt\u0151d van, vidd el a p\u00edseki V\u00e1s\u00e1rt\u00e9r (V\u00fdstavi\u0161t\u011b) ter\u00fclet\u00e9hez, ahol egy <strong>teljesen \u00f3ri\u00e1si k\u00f6z\u00f6ss\u00e9gi homokoz\u00f3<\/strong> tal\u00e1lhat\u00f3. Akkora homokfel\u00fclet, hogy egyszerre tucatnyi gyerek j\u00e1tszik itt, \u00e9s egy\u00e1ltal\u00e1n nem zavarj\u00e1k egym\u00e1st.<\/p>\n\n\n\n<p class=\"wp-block-paragraph\">Ennek a helynek az el\u0151nye a <strong>hatalmas \u00e9s nagyon olcs\u00f3 parkol\u00f3 k\u00f6zvetlen\u00fcl mellette<\/strong>, \u00edgy nem kell a j\u00e1t\u00e9kokkal, homokform\u00e1kkal \u00e9s fut\u00f3biciklikkel sehov\u00e1 messzire cipekedned. A homokoz\u00f3t r\u00e1ad\u00e1sul r\u00e9szben \u00e1rny\u00e9kolj\u00e1k a f\u00e1k, \u00edgy ny\u00e1ri h\u0151s\u00e9gben is kib\u00edrhat\u00f3 itt.<\/p>\n\n\n\n<p class=\"wp-block-paragraph\">R\u00e1ad\u00e1sul <strong>csak p\u00e1r perc s\u00e9ta a foly\u00f3t\u00f3l \u00e9s a belv\u00e1rost\u00f3l<\/strong>, \u00edgy k\u00f6nnyen \u00f6sszek\u00f6theted a P\u00edsekben l\u00e9v\u0151 m\u00e1s tev\u00e9kenys\u00e9gekkel.<\/p>\n\n\n\n<h2 class=\"wp-block-heading\"><span class=\"ez-toc-section\" id=\"Kirandulasok_gyerekekkel_Pisek_kornyeken\"><\/span>Kir\u00e1ndul\u00e1sok gyerekekkel P\u00edsek k\u00f6rny\u00e9k\u00e9n<span class=\"ez-toc-section-end\"><\/span><\/h2>\n\n\n\n<p class=\"wp-block-paragraph\">Ezek a helyek mind legfeljebb 45 perces aut\u00f3\u00fatra vannak, \u00edgy egynapos kir\u00e1ndul\u00e1sk\u00e9nt megtehet\u0151k.<\/p>\n\n\n\n<h3 class=\"wp-block-heading\"><span class=\"ez-toc-section\" id=\"26_Maletice_Farmapark\"><\/span>26. Maletice Farmapark<span class=\"ez-toc-section-end\"><\/span><\/h3>\n\n\n\n<figure data-wp-context=\"{&quot;imageId&quot;:&quot;6a9530c2dedeb&quot;}\" data-wp-interactive=\"core\/image\" data-wp-key=\"6a9530c2dedeb\" class=\"wp-block-image size-full wp-lightbox-container\"><img decoding=\"async\" width=\"2048\" height=\"1365\" data-wp-class--hide=\"state.isContentHidden\" data-wp-class--show=\"state.isContentVisible\" data-wp-init=\"callbacks.setButtonStyles\" data-wp-on--click=\"actions.showLightbox\" data-wp-on--load=\"callbacks.setButtonStyles\" data-wp-on--pointerdown=\"actions.preloadImage\" data-wp-on--pointerenter=\"actions.preloadImageWithDelay\" data-wp-on--pointerleave=\"actions.cancelPreload\" data-wp-on-window--resize=\"callbacks.setButtonStyles\" src=\"https:\/\/loudavymkrokem.cz\/wp-content\/uploads\/2026\/08\/farmapark-maletice-alpaka.jpg\" alt=\"Alpaka a Maletice Farmapark kifut\u00f3j\u00e1ban P\u00edsek mellett\" class=\"wp-image-399568\" title=\"\" srcset=\"https:\/\/loudavymkrokem.cz\/wp-content\/uploads\/2026\/08\/farmapark-maletice-alpaka.jpg 2048w, https:\/\/loudavymkrokem.cz\/wp-content\/uploads\/2026\/08\/farmapark-maletice-alpaka-300x200.jpg 300w, https:\/\/loudavymkrokem.cz\/wp-content\/uploads\/2026\/08\/farmapark-maletice-alpaka-700x467.jpg 700w, https:\/\/loudavymkrokem.cz\/wp-content\/uploads\/2026\/08\/farmapark-maletice-alpaka-768x512.jpg 768w, https:\/\/loudavymkrokem.cz\/wp-content\/uploads\/2026\/08\/farmapark-maletice-alpaka-1536x1024.jpg 1536w, https:\/\/loudavymkrokem.cz\/wp-content\/uploads\/2026\/08\/farmapark-maletice-alpaka-696x464.jpg 696w, https:\/\/loudavymkrokem.cz\/wp-content\/uploads\/2026\/08\/farmapark-maletice-alpaka-1392x928.jpg 1392w, https:\/\/loudavymkrokem.cz\/wp-content\/uploads\/2026\/08\/farmapark-maletice-alpaka-1920x1280.jpg 1920w\" sizes=\"(max-width: 2048px) 100vw, 2048px\" \/><button\n\t\t\tclass=\"lightbox-trigger\"\n\t\t\ttype=\"button\"\n\t\t\taria-haspopup=\"dialog\"\n\t\t\tdata-wp-bind--aria-label=\"state.thisImage.triggerButtonAriaLabel\"\n\t\t\tdata-wp-init=\"callbacks.initTriggerButton\"\n\t\t\tdata-wp-on--click=\"actions.showLightbox\"\n\t\t\tdata-wp-style--right=\"state.thisImage.buttonRight\"\n\t\t\tdata-wp-style--top=\"state.thisImage.buttonTop\"\n\t\t>\n\t\t\t<svg xmlns=\"http:\/\/www.w3.org\/2000\/svg\" width=\"12\" height=\"12\" fill=\"none\" viewBox=\"0 0 12 12\">\n\t\t\t\t<path fill=\"#fff\" d=\"M2 0a2 2 0 0 0-2 2v2h1.5V2a.5.5 0 0 1 .5-.5h2V0H2Zm2 10.5H2a.5.5 0 0 1-.5-.5V8H0v2a2 2 0 0 0 2 2h2v-1.5ZM8 12v-1.5h2a.5.5 0 0 0 .5-.5V8H12v2a2 2 0 0 1-2 2H8Zm2-12a2 2 0 0 1 2 2v2h-1.5V2a.5.5 0 0 0-.5-.5H8V0h2Z\" \/>\n\t\t\t<\/svg>\n\t\t<\/button><\/figure>\n\n\n\n<p class=\"wp-block-paragraph\"><a href=\"https:\/\/www.farmaparkmaletice.cz\" target=\"_blank\" rel=\"nofollow noopener\">Ez a vadonat\u00faj farmapark<\/a> csak 2025 nyar\u00e1n ny\u00edlt meg, \u00e9s id\u00e9n \u00e9li a m\u00e1sodik szezonj\u00e1t, r\u00e1ad\u00e1sul <strong>csak tizenk\u00e9t percre van aut\u00f3val Protiv\u00edn ir\u00e1ny\u00e1ban<\/strong>. A gyerekek itt k\u00f6zelr\u0151l l\u00e1thatnak kecsk\u00e9ket, b\u00e1r\u00e1nyokat, alpak\u00e1kat, aranyos malack\u00e1kat vagy papag\u00e1jokat, s\u0151t fel\u00e1r\u00e9rt kipr\u00f3b\u00e1lhatj\u00e1k a l\u00f3csutakol\u00e1st \u00e9s a p\u00f3nilovagl\u00e1st is.<\/p>\n\n\n\n<p class=\"wp-block-paragraph\">A legnagyobb sl\u00e1ger azonban az <strong>\u00f3ri\u00e1si l\u00e9gtrambulinok, amelyeket a tulajdonosok Csehorsz\u00e1g legnagyobbj\u00e1nak neveznek<\/strong>, ahol a gyerekek kid\u0151l\u00e9sig kitombolhatj\u00e1k magukat. Ezenk\u00edv\u00fcl sz\u00e9napajt\u00e1s \u00fatveszt\u0151t, v\u00edzip\u00e1rn\u00e1kat a homokos strandon, k\u00f6t\u00e9lp\u00e1ly\u00e1kat \u00e9s fedett homokoz\u00f3t is tal\u00e1lsz itt, \u00edgy legal\u00e1bb f\u00e9l napra van itt program.<\/p>\n\n\n\n<p class=\"wp-block-paragraph\">A bel\u00e9p\u0151 a helysz\u00ednen <strong>3780 Ft (250 K\u010d) a gyerekeknek \u00e9s 3170 Ft (210 K\u010d) a feln\u0151tteknek<\/strong>, de ha el\u0151re online veszed meg a jegyeket, a csal\u00e1di bel\u00e9p\u0151n ak\u00e1r 1500 Ft-ot is sp\u00f3rolhatsz. A k\u00e9t \u00e9v alatti gyerekeknek ingyenes a bel\u00e9p\u00e9s, \u00e9s odabent egy bisztr\u00f3 m\u0171k\u00f6dik, ahol kiz\u00e1r\u00f3lag bankk\u00e1rty\u00e1val lehet fizetni.<\/p>\n\n\n\n<h3 class=\"wp-block-heading\"><span class=\"ez-toc-section\" id=\"27_Nase_zviratka_Putim\"><\/span>27. Na\u0161e zv\u00ed\u0159\u00e1tka Putim<span class=\"ez-toc-section-end\"><\/span><\/h3>\n\n\n\n<figure data-wp-context=\"{&quot;imageId&quot;:&quot;6a9530c2df54c&quot;}\" data-wp-interactive=\"core\/image\" data-wp-key=\"6a9530c2df54c\" class=\"wp-block-image size-full wp-lightbox-container\"><img decoding=\"async\" width=\"1000\" height=\"563\" data-wp-class--hide=\"state.isContentHidden\" data-wp-class--show=\"state.isContentVisible\" data-wp-init=\"callbacks.setButtonStyles\" data-wp-on--click=\"actions.showLightbox\" data-wp-on--load=\"callbacks.setButtonStyles\" data-wp-on--pointerdown=\"actions.preloadImage\" data-wp-on--pointerenter=\"actions.preloadImageWithDelay\" data-wp-on--pointerleave=\"actions.cancelPreload\" data-wp-on-window--resize=\"callbacks.setButtonStyles\" src=\"https:\/\/loudavymkrokem.cz\/wp-content\/uploads\/2026\/08\/nase-zviratka-putim-klokan.jpg\" alt=\"Kenguru a putimi Na\u0161e zv\u00ed\u0159\u00e1tka minizoo-ban\" class=\"wp-image-399583\" title=\"\" srcset=\"https:\/\/loudavymkrokem.cz\/wp-content\/uploads\/2026\/08\/nase-zviratka-putim-klokan.jpg 1000w, https:\/\/loudavymkrokem.cz\/wp-content\/uploads\/2026\/08\/nase-zviratka-putim-klokan-300x169.jpg 300w, https:\/\/loudavymkrokem.cz\/wp-content\/uploads\/2026\/08\/nase-zviratka-putim-klokan-700x394.jpg 700w, https:\/\/loudavymkrokem.cz\/wp-content\/uploads\/2026\/08\/nase-zviratka-putim-klokan-768x432.jpg 768w, https:\/\/loudavymkrokem.cz\/wp-content\/uploads\/2026\/08\/nase-zviratka-putim-klokan-696x392.jpg 696w\" sizes=\"(max-width: 1000px) 100vw, 1000px\" \/><button\n\t\t\tclass=\"lightbox-trigger\"\n\t\t\ttype=\"button\"\n\t\t\taria-haspopup=\"dialog\"\n\t\t\tdata-wp-bind--aria-label=\"state.thisImage.triggerButtonAriaLabel\"\n\t\t\tdata-wp-init=\"callbacks.initTriggerButton\"\n\t\t\tdata-wp-on--click=\"actions.showLightbox\"\n\t\t\tdata-wp-style--right=\"state.thisImage.buttonRight\"\n\t\t\tdata-wp-style--top=\"state.thisImage.buttonTop\"\n\t\t>\n\t\t\t<svg xmlns=\"http:\/\/www.w3.org\/2000\/svg\" width=\"12\" height=\"12\" fill=\"none\" viewBox=\"0 0 12 12\">\n\t\t\t\t<path fill=\"#fff\" d=\"M2 0a2 2 0 0 0-2 2v2h1.5V2a.5.5 0 0 1 .5-.5h2V0H2Zm2 10.5H2a.5.5 0 0 1-.5-.5V8H0v2a2 2 0 0 0 2 2h2v-1.5ZM8 12v-1.5h2a.5.5 0 0 0 .5-.5V8H12v2a2 2 0 0 1-2 2H8Zm2-12a2 2 0 0 1 2 2v2h-1.5V2a.5.5 0 0 0-.5-.5H8V0h2Z\" \/>\n\t\t\t<\/svg>\n\t\t<\/button><\/figure>\n\n\n\n<p class=\"wp-block-paragraph\">A k\u00f6zeli Putimba, amelyet a der\u00e9k \u0160vejk katona tett h\u00edress\u00e9, P\u00edsekb\u0151l csak hat kilom\u00e9ter az \u00fat. Egy <strong>gy\u00f6ny\u00f6r\u0171 \u00e9s szeretettel \u00e9p\u00edtett \u00e1llatsarok, a Na\u0161e zv\u00ed\u0159\u00e1tka<\/strong> tal\u00e1lhat\u00f3 itt, amelyet Koz\u00e1kov\u00e1 asszony gondoz, \u00e9s l\u00e1thatsz itt Bennett-kengurukat, szurik\u00e1t\u00e1kat, ragadoz\u00f3kat \u00e9s egy besz\u00e9l\u0151 holl\u00f3t is.<\/p>\n\n\n\n<p class=\"wp-block-paragraph\">Az eg\u00e9sz ter\u00fclet nagyon csal\u00e1dias, \u00e9s az \u00e1llatok mellett a gyerekek egy <strong>kellemes retro j\u00e1tsz\u00f3teret is tal\u00e1lnak<\/strong> k\u00e9t-tizenk\u00e9t \u00e9veseknek val\u00f3 elemekkel. A totyog\u00f3k biztosan a kecsk\u00e9k, b\u00e1r\u00e1nyok \u00e9s nyulak kifut\u00f3it \u00e9rt\u00e9kelik majd a legjobban, amelyeket eg\u00e9szen k\u00f6zelr\u0151l n\u00e9zhetnek.<\/p>\n\n\n\n<p class=\"wp-block-paragraph\">A legjobb ebben a helyben, hogy <strong>a bel\u00e9p\u00e9s teljesen ingyenes vagy \u00f6nk\u00e9ntes hozz\u00e1j\u00e1rul\u00e1s<\/strong> a perselybe, \u00e9s minden nap nyitva vannak reggel kilenct\u0151l este h\u00e9tig. Az aut\u00f3t ingyen leparkolod nagyj\u00e1b\u00f3l f\u00e9l kilom\u00e9terre a ter\u00fclett\u0151l, odabent pedig apr\u00f3bb harapnival\u00f3t vehetsz.<\/p>\n\n\n\n<h3 class=\"wp-block-heading\"><span class=\"ez-toc-section\" id=\"28_Kozel-tanya_Predoticeben\"><\/span>28. Kozel-tanya P\u0159edotic\u00e9ben<span class=\"ez-toc-section-end\"><\/span><\/h3>\n\n\n\n<p class=\"wp-block-paragraph\">P\u0159edotic\u00e9be P\u00edsekb\u0151l <strong>alig 13 kilom\u00e9ter \u00e9s tizenk\u00e9t perc az \u00fat<\/strong>, \u00edgy ez az egyik legk\u00f6zelebbi farmaparkunk. Az \u00e1llatok itt hozz\u00e1szoktak a gyerekekhez, meg lehet \u0151ket simogatni \u00e9s etetni is, \u00e9s az eg\u00e9sz ter\u00fclet ink\u00e1bb egy csal\u00e1di tany\u00e1nak hat, mint egy fizet\u0151s attrakci\u00f3nak.<\/p>\n\n\n\n<p class=\"wp-block-paragraph\">Az \u00e1llatok mellett a gyerekeket <strong>k\u00f6rhinta, j\u00e1t\u00e9kok \u00e9s felfedez\u0151 j\u00e1t\u00e9kok<\/strong> v\u00e1rj\u00e1k a ter\u00fcleten, \u00edgy azok is elsz\u00f3rakoznak, akiknek a kecskesimogat\u00e1s m\u00e1r hamar unalmas. A bej\u00e1ratn\u00e1l egy b\u00fcf\u00e9 m\u0171k\u00f6dik, ahol nyugodtan lehet \u00fcld\u00f6g\u00e9lni.<\/p>\n\n\n\n<p class=\"wp-block-paragraph\">\ud83d\udca1 <strong>Tipp:<\/strong> <strong>Szerd\u00e1n z\u00e1rva vannak<\/strong>, egy\u00e9bk\u00e9nt t\u00edzt\u0151l hatig van nyitva. Az aktu\u00e1lis bel\u00e9p\u0151t a kozluvstatek.cz oldalon tal\u00e1lod, vagy k\u00e9rdezd a 775 172 474-es telefonsz\u00e1mon.<\/p>\n\n\n\n<h3 class=\"wp-block-heading\"><span class=\"ez-toc-section\" id=\"29_Stary_Bor_farm_Sedlice_mellett\"><\/span>29. Star\u00fd Bor farm Sedlice mellett<span class=\"ez-toc-section-end\"><\/span><\/h3>\n\n\n\n<p class=\"wp-block-paragraph\">A Star\u00fd Bor farm Sedlice mellett fekszik, <strong>16 kilom\u00e9terre \u00e9s negyed \u00f3ra aut\u00f3\u00fatra P\u00edsekt\u0151l<\/strong>, \u00e9s ez az egyik olyan hely, amely a sz\u00fcl\u0151ket is megnyeri. A legt\u00f6bb \u00e1llat ugyanis olyan gazd\u00e1kt\u00f3l ker\u00fclt ide, akik nem tudtak vagy nem akartak r\u00f3luk gondoskodni, \u00edgy ez f\u00e9lig farm, f\u00e9lig menhely.<\/p>\n\n\n\n<p class=\"wp-block-paragraph\">L\u00e1thatsz itt <strong>struccokat, emukat, l\u00e1m\u00e1kat, kecsk\u00e9ket, birk\u00e1kat, valamint egzotikus papag\u00e1jokat \u00e9s p\u00e1v\u00e1kat<\/strong>, az \u00e1llatok etethet\u0151k, a ter\u00fcleten pedig rejtv\u00e9nyek vannak elhelyezve, amelyeket a gyerekek a k\u00f6rbej\u00e1r\u00e1s k\u00f6zben fejtenek meg. Van itt egy j\u00e1tsz\u00f3t\u00e9r \u00e9s egy b\u00fcf\u00e9 is, ahol t\u00f6bbek k\u00f6z\u00f6tt fagylalt is kaphat\u00f3, bele\u00e9rtve a glut\u00e9nmenteset.<\/p>\n\n\n\n<p class=\"wp-block-paragraph\">A farm <strong>szezon\u00e1lisan, nagyj\u00e1b\u00f3l m\u00e1just\u00f3l szeptemberig m\u0171k\u00f6dik, naponta tizenegyt\u0151l hatig<\/strong>. A bel\u00e9p\u0151 a l\u00e1togat\u00f3k szerint \u00f6nk\u00e9ntes szokott lenni, de ink\u00e1bb ellen\u0151rizd le el\u0151re a farmastarybor.cz oldalon vagy a 606 560 993-as telefonsz\u00e1mon. A terepesebb babakocsi is legy\u0151zi a ter\u00fcletet, a l\u00e1togat\u00e1st pedig egy t\u00f3 k\u00f6r\u00fcli s\u00e9t\u00e1val ny\u00fajthatod meg.<\/p>\n\n\n\n<h3 class=\"wp-block-heading\"><span class=\"ez-toc-section\" id=\"30_Stetice_lovarda\"><\/span>30. \u0160t\u011btice lovarda<span class=\"ez-toc-section-end\"><\/span><\/h3>\n\n\n\n<p class=\"wp-block-paragraph\">A Ra\u017eice melletti \u0160t\u011btice P\u00edsekb\u0151l <strong>alig 12 kilom\u00e9ter, azaz negyed \u00f3ra aut\u00f3val<\/strong>, \u00e9s ez a legjobb \u00e9rt\u00e9kel\u00e9s\u0171 helyi lovarda. Innen kir\u00e1ndul\u00e1sokra indulnak a k\u00f6rny\u00e9kre, \u00e9s teljesen kezd\u0151ket is fogadnak, \u00edgy ide olyan gyerekkel is kiruccanhatsz, aki m\u00e9g sosem \u00fclt lovon.<\/p>\n\n\n\n<p class=\"wp-block-paragraph\">A sz\u00fcnetben a <strong>p\u00edseki csal\u00e1dok rendszeresen j\u00e1rnak ide lovagolni<\/strong>, a v\u00e9lem\u00e9nyekben pedig ism\u00e9telten kiemelik a lovakat gondoz\u00f3 emberek hozz\u00e1\u00e1ll\u00e1s\u00e1t. Az id\u0151pontokat \u00e9s a gyerekekre vonatkoz\u00f3 felt\u00e9teleket egyeztesd el\u0151re a stajestetice.cz oldalon vagy a 724 759 880-as telefonsz\u00e1mon.<\/p>\n\n\n\n<h3 class=\"wp-block-heading\"><span class=\"ez-toc-section\" id=\"31_Calamity_Jane_Ranch_Probulovban\"><\/span>31. Calamity Jane Ranch Probulovban<span class=\"ez-toc-section-end\"><\/span><\/h3>\n\n\n\n<p class=\"wp-block-paragraph\">A Probulov melletti ranch kicsit messzebb van, <strong>32 kilom\u00e9ter \u00e9s f\u00e9l \u00f3ra aut\u00f3\u00fat<\/strong>, cser\u00e9be k\u00f6zel esik az Orl\u00edk-v\u00edzt\u00e1roz\u00f3hoz, \u00edgy egy v\u00edzparti kir\u00e1ndul\u00e1ssal \u00f6sszek\u00f6thet\u0151. A ter\u00fclet t\u00e9nyleg t\u00e1gas: lovak, farm\u00e1llatok, legel\u0151k \u00e9s western hangulat.<\/p>\n\n\n\n<p class=\"wp-block-paragraph\">A lovagl\u00e1s mellett egy <strong>t\u00e1bor is m\u0171k\u00f6dik itt tipikkel, ahol meg lehet aludni<\/strong>, amit f\u0151leg a nagyobb gyerekek \u00e9rt\u00e9kelnek. Naponta t\u00edzt\u0151l hatig szoktak nyitva tartani, a programot \u00e9s az \u00e1rakat a calamity.cz oldalon vagy a 775 646 461-es telefonsz\u00e1mon ellen\u0151rizd.<\/p>\n\n\n\n<h3 class=\"wp-block-heading\"><span class=\"ez-toc-section\" id=\"32_Fiziland_Protivin\"><\/span>32. Fiziland Protiv\u00edn<span class=\"ez-toc-section-end\"><\/span><\/h3>\n\n\n\n<figure data-wp-context=\"{&quot;imageId&quot;:&quot;6a9530c2e035d&quot;}\" data-wp-interactive=\"core\/image\" data-wp-key=\"6a9530c2e035d\" class=\"wp-block-image size-full wp-lightbox-container\"><img decoding=\"async\" width=\"2200\" height=\"1467\" data-wp-class--hide=\"state.isContentHidden\" data-wp-class--show=\"state.isContentVisible\" data-wp-init=\"callbacks.setButtonStyles\" data-wp-on--click=\"actions.showLightbox\" data-wp-on--load=\"callbacks.setButtonStyles\" data-wp-on--pointerdown=\"actions.preloadImage\" data-wp-on--pointerenter=\"actions.preloadImageWithDelay\" data-wp-on--pointerleave=\"actions.cancelPreload\" data-wp-on-window--resize=\"callbacks.setButtonStyles\" src=\"https:\/\/loudavymkrokem.cz\/wp-content\/uploads\/2026\/08\/fiziland-protivin-herna.jpg\" alt=\"A Fiziland belt\u00e9ri j\u00e1tsz\u00f3h\u00e1za Protiv\u00ednben szivacsg\u00f6d\u00f6rrel \u00e9s m\u00e1sz\u00f3k\u00e1kkal\" class=\"wp-image-399563\" title=\"\" srcset=\"https:\/\/loudavymkrokem.cz\/wp-content\/uploads\/2026\/08\/fiziland-protivin-herna.jpg 2200w, https:\/\/loudavymkrokem.cz\/wp-content\/uploads\/2026\/08\/fiziland-protivin-herna-300x200.jpg 300w, https:\/\/loudavymkrokem.cz\/wp-content\/uploads\/2026\/08\/fiziland-protivin-herna-700x467.jpg 700w, https:\/\/loudavymkrokem.cz\/wp-content\/uploads\/2026\/08\/fiziland-protivin-herna-768x512.jpg 768w, https:\/\/loudavymkrokem.cz\/wp-content\/uploads\/2026\/08\/fiziland-protivin-herna-1536x1024.jpg 1536w, https:\/\/loudavymkrokem.cz\/wp-content\/uploads\/2026\/08\/fiziland-protivin-herna-2048x1366.jpg 2048w, https:\/\/loudavymkrokem.cz\/wp-content\/uploads\/2026\/08\/fiziland-protivin-herna-696x464.jpg 696w, https:\/\/loudavymkrokem.cz\/wp-content\/uploads\/2026\/08\/fiziland-protivin-herna-1392x928.jpg 1392w, https:\/\/loudavymkrokem.cz\/wp-content\/uploads\/2026\/08\/fiziland-protivin-herna-1920x1280.jpg 1920w\" sizes=\"(max-width: 2200px) 100vw, 2200px\" \/><button\n\t\t\tclass=\"lightbox-trigger\"\n\t\t\ttype=\"button\"\n\t\t\taria-haspopup=\"dialog\"\n\t\t\tdata-wp-bind--aria-label=\"state.thisImage.triggerButtonAriaLabel\"\n\t\t\tdata-wp-init=\"callbacks.initTriggerButton\"\n\t\t\tdata-wp-on--click=\"actions.showLightbox\"\n\t\t\tdata-wp-style--right=\"state.thisImage.buttonRight\"\n\t\t\tdata-wp-style--top=\"state.thisImage.buttonTop\"\n\t\t>\n\t\t\t<svg xmlns=\"http:\/\/www.w3.org\/2000\/svg\" width=\"12\" height=\"12\" fill=\"none\" viewBox=\"0 0 12 12\">\n\t\t\t\t<path fill=\"#fff\" d=\"M2 0a2 2 0 0 0-2 2v2h1.5V2a.5.5 0 0 1 .5-.5h2V0H2Zm2 10.5H2a.5.5 0 0 1-.5-.5V8H0v2a2 2 0 0 0 2 2h2v-1.5ZM8 12v-1.5h2a.5.5 0 0 0 .5-.5V8H12v2a2 2 0 0 1-2 2H8Zm2-12a2 2 0 0 1 2 2v2h-1.5V2a.5.5 0 0 0-.5-.5H8V0h2Z\" \/>\n\t\t\t<\/svg>\n\t\t<\/button><\/figure>\n\n\n\n<p class=\"wp-block-paragraph\">Ha vannak otthon iskol\u00e1said, vagy k\u00f6vetsz gyerek-youtubereket, biztosan ismered Fizi nev\u00e9t, aki Protiv\u00ednben (kb. 15 percre P\u00edsekb\u0151l) megnyitotta a <strong>saj\u00e1t, hatalmas sz\u00f3rakoztat\u00f3parkj\u00e1t, a <a href=\"https:\/\/fiziland.cz\" target=\"_blank\" rel=\"nofollow noopener\">Fizilandot<\/a><\/strong>. A hatalmas csarnokban mindenki csak zokniban k\u00f6zlekedhet, \u00e9s a biztons\u00e1g kedv\u00e9\u00e9rt az attrakci\u00f3kon hossz\u00fa nadr\u00e1g \u00e9s hossz\u00fa ujj\u00fa aj\u00e1nlott.<\/p>\n\n\n\n<p class=\"wp-block-paragraph\">A gyerekek itt <strong>\u00f3ri\u00e1si cs\u00faszd\u00e1kat, versenyp\u00e1ly\u00e1kat, szivacsg\u00f6dr\u00f6ket \u00e9s rengeteg \u00f3ri\u00e1s trambulint<\/strong> tal\u00e1lnak, nem hi\u00e1nyzik a k\u00fclt\u00e9ri j\u00e1tsz\u00f3t\u00e9r \u00e9s a sok j\u00e1t\u00e9kautomata sem. A legkisebb totyog\u00f3knak egy csendes z\u00f3na van elk\u00fcl\u00f6n\u00edtve, hogy a nagyobb gyerekek a vad j\u00e1t\u00e9kok k\u00f6zben ne bor\u00edts\u00e1k fel \u0151ket.<\/p>\n\n\n\n<p class=\"wp-block-paragraph\">Sz\u00e1m\u00edts arra, hogy <strong>a Fiziland l\u00e1togat\u00e1sa nem \u00e9ppen olcs\u00f3 mulats\u00e1g<\/strong>, egy gyerekjegy 5880 Ft (389 K\u010d), a feln\u0151tt k\u00eds\u00e9r\u0151 2400 Ft (159 K\u010d), a legkedvez\u0151bb, k\u00e9t feln\u0151ttnek \u00e9s k\u00e9t gyereknek sz\u00f3l\u00f3 csal\u00e1di csomag pedig 13 400 Ft-ba (889 K\u010d) ker\u00fcl. Az \u00e9rdekl\u0151d\u00e9s azonban akkora, hogy a jegyek helysz\u00edni elad\u00e1sa egy\u00e1ltal\u00e1n nem garant\u00e1lt, ez\u00e9rt legal\u00e1bb egy-k\u00e9t nappal el\u0151re foglalj a webshopban. Az \u00f6sszes attrakci\u00f3t, \u00e1rat \u00e9s tippet, hogy hol sz\u00e1llj meg a park k\u00f6rny\u00e9k\u00e9n, egy k\u00fcl\u00f6n cikkben \u00edrtam meg <a href=\"https:\/\/loudavymkrokem.cz\/hu\/fiziland-protivin-belepo-attrakciok\/\">a protiv\u00edni Fizilandr\u00f3l<\/a>.<\/p>\n\n\n\n<h3 class=\"wp-block-heading\"><span class=\"ez-toc-section\" id=\"33_Ido_Kiralysaga_Protivin\"><\/span>33. Id\u0151 Kir\u00e1lys\u00e1ga Protiv\u00edn<span class=\"ez-toc-section-end\"><\/span><\/h3>\n\n\n\n<figure data-wp-context=\"{&quot;imageId&quot;:&quot;6a9530c2e0b0a&quot;}\" data-wp-interactive=\"core\/image\" data-wp-key=\"6a9530c2e0b0a\" class=\"wp-block-image size-full wp-lightbox-container\"><img decoding=\"async\" width=\"1440\" height=\"960\" data-wp-class--hide=\"state.isContentHidden\" data-wp-class--show=\"state.isContentVisible\" data-wp-init=\"callbacks.setButtonStyles\" data-wp-on--click=\"actions.showLightbox\" data-wp-on--load=\"callbacks.setButtonStyles\" data-wp-on--pointerdown=\"actions.preloadImage\" data-wp-on--pointerenter=\"actions.preloadImageWithDelay\" data-wp-on--pointerleave=\"actions.cancelPreload\" data-wp-on-window--resize=\"callbacks.setButtonStyles\" src=\"https:\/\/loudavymkrokem.cz\/wp-content\/uploads\/2026\/08\/kralovstvi-casu-protivin-vila.jpg\" alt=\"Szecesszi\u00f3s villa, az Id\u0151 Kir\u00e1lys\u00e1ga Protiv\u00ednben\" class=\"wp-image-399570\" title=\"\" srcset=\"https:\/\/loudavymkrokem.cz\/wp-content\/uploads\/2026\/08\/kralovstvi-casu-protivin-vila.jpg 1440w, https:\/\/loudavymkrokem.cz\/wp-content\/uploads\/2026\/08\/kralovstvi-casu-protivin-vila-300x200.jpg 300w, https:\/\/loudavymkrokem.cz\/wp-content\/uploads\/2026\/08\/kralovstvi-casu-protivin-vila-700x467.jpg 700w, https:\/\/loudavymkrokem.cz\/wp-content\/uploads\/2026\/08\/kralovstvi-casu-protivin-vila-768x512.jpg 768w, https:\/\/loudavymkrokem.cz\/wp-content\/uploads\/2026\/08\/kralovstvi-casu-protivin-vila-696x464.jpg 696w, https:\/\/loudavymkrokem.cz\/wp-content\/uploads\/2026\/08\/kralovstvi-casu-protivin-vila-1392x928.jpg 1392w\" sizes=\"(max-width: 1440px) 100vw, 1440px\" \/><button\n\t\t\tclass=\"lightbox-trigger\"\n\t\t\ttype=\"button\"\n\t\t\taria-haspopup=\"dialog\"\n\t\t\tdata-wp-bind--aria-label=\"state.thisImage.triggerButtonAriaLabel\"\n\t\t\tdata-wp-init=\"callbacks.initTriggerButton\"\n\t\t\tdata-wp-on--click=\"actions.showLightbox\"\n\t\t\tdata-wp-style--right=\"state.thisImage.buttonRight\"\n\t\t\tdata-wp-style--top=\"state.thisImage.buttonTop\"\n\t\t>\n\t\t\t<svg xmlns=\"http:\/\/www.w3.org\/2000\/svg\" width=\"12\" height=\"12\" fill=\"none\" viewBox=\"0 0 12 12\">\n\t\t\t\t<path fill=\"#fff\" d=\"M2 0a2 2 0 0 0-2 2v2h1.5V2a.5.5 0 0 1 .5-.5h2V0H2Zm2 10.5H2a.5.5 0 0 1-.5-.5V8H0v2a2 2 0 0 0 2 2h2v-1.5ZM8 12v-1.5h2a.5.5 0 0 0 .5-.5V8H12v2a2 2 0 0 1-2 2H8Zm2-12a2 2 0 0 1 2 2v2h-1.5V2a.5.5 0 0 0-.5-.5H8V0h2Z\" \/>\n\t\t\t<\/svg>\n\t\t<\/button><\/figure>\n\n\n\n<p class=\"wp-block-paragraph\">Ha m\u00e1r Protiv\u00ednben vagy, mindenk\u00e9pp n\u00e9zd meg az Id\u0151 Kir\u00e1lys\u00e1g\u00e1t (Kr\u00e1lovstv\u00ed \u010dasu), ami egy <strong>csod\u00e1san fel\u00faj\u00edtott szecesszi\u00f3s villa<\/strong>, amely \u00f3ram\u00fazeumk\u00e9nt m\u0171k\u00f6dik, de f\u0151leg val\u00f3s\u00e1gos paradicsom a gyerekes csal\u00e1doknak. A t\u00f6rt\u00e9nelmi \u00f3r\u00e1kat \u00e9s a toronyszerkezetet bemutat\u00f3 ki\u00e1ll\u00edt\u00e1s ugyan az emeleten van, de a gyerekeknek sz\u00e1nt l\u00e9nyeg a f\u00f6ldszinten \u00e9s a kertben zajlik.<\/p>\n\n\n\n<p class=\"wp-block-paragraph\">Van itt egy <strong>gy\u00f6ny\u00f6r\u0171 kreat\u00edv m\u0171hely, ahol a gyerekek \u00e9breszt\u0151\u00f3r\u00e1kat vagy b\u00e1bokat k\u00e9sz\u00edtenek<\/strong>, \u00e9s egy csod\u00e1s j\u00e1tsz\u00f3h\u00e1z konyh\u00e1csk\u00e1val \u00e9s fut\u00f3biciklikkel. M\u00e9g jobb pedig a beker\u00edtett kert tobog\u00e1nnal, k\u00f6t\u00e9lp\u00e1ly\u00e1val \u00e9s rengeteg m\u00e1sz\u00f3k\u00e1val, ahol a gyerekek kitombolhatj\u00e1k magukat, m\u00edg te k\u00e1v\u00e9zol.<\/p>\n\n\n\n<p class=\"wp-block-paragraph\">A legjobbat a v\u00e9g\u00e9re \u2013 <strong>a j\u00e1tsz\u00f3h\u00e1z \u00e9s a kert a k\u00e1v\u00e9z\u00f3 vend\u00e9geinek teljesen ingyenes<\/strong>, csak mag\u00e1ba az \u00f3ram\u00fazeumba kell bel\u00e9p\u0151t fizetni (feln\u0151tt 1360 Ft \/ 90 K\u010d, gyerek 910 Ft \/ 60 K\u010d). A k\u00e9t\u00e9ves totyog\u00f3s csal\u00e1doknak ez egy ide\u00e1lis hely, amely es\u0151 eset\u00e9n is biztosan megment.<\/p>\n\n\n\n<h3 class=\"wp-block-heading\"><span class=\"ez-toc-section\" id=\"34_Krokodil_ZOO_Protivin\"><\/span>34. Krokodil ZOO Protiv\u00edn<span class=\"ez-toc-section-end\"><\/span><\/h3>\n\n\n\n<figure data-wp-context=\"{&quot;imageId&quot;:&quot;6a9530c2e147e&quot;}\" data-wp-interactive=\"core\/image\" data-wp-key=\"6a9530c2e147e\" class=\"wp-block-image size-full wp-lightbox-container\"><img decoding=\"async\" width=\"1120\" height=\"800\" data-wp-class--hide=\"state.isContentHidden\" data-wp-class--show=\"state.isContentVisible\" data-wp-init=\"callbacks.setButtonStyles\" data-wp-on--click=\"actions.showLightbox\" data-wp-on--load=\"callbacks.setButtonStyles\" data-wp-on--pointerdown=\"actions.preloadImage\" data-wp-on--pointerenter=\"actions.preloadImageWithDelay\" data-wp-on--pointerleave=\"actions.cancelPreload\" data-wp-on-window--resize=\"callbacks.setButtonStyles\" src=\"https:\/\/loudavymkrokem.cz\/wp-content\/uploads\/2026\/08\/krokodyli-zoo-protivin-aligator.jpg\" alt=\"Alig\u00e1tor a protiv\u00edni Krokodil ZOO-ban\" class=\"wp-image-399574\" title=\"\" srcset=\"https:\/\/loudavymkrokem.cz\/wp-content\/uploads\/2026\/08\/krokodyli-zoo-protivin-aligator.jpg 1120w, https:\/\/loudavymkrokem.cz\/wp-content\/uploads\/2026\/08\/krokodyli-zoo-protivin-aligator-300x214.jpg 300w, https:\/\/loudavymkrokem.cz\/wp-content\/uploads\/2026\/08\/krokodyli-zoo-protivin-aligator-700x500.jpg 700w, https:\/\/loudavymkrokem.cz\/wp-content\/uploads\/2026\/08\/krokodyli-zoo-protivin-aligator-768x549.jpg 768w, https:\/\/loudavymkrokem.cz\/wp-content\/uploads\/2026\/08\/krokodyli-zoo-protivin-aligator-696x497.jpg 696w\" sizes=\"(max-width: 1120px) 100vw, 1120px\" \/><button\n\t\t\tclass=\"lightbox-trigger\"\n\t\t\ttype=\"button\"\n\t\t\taria-haspopup=\"dialog\"\n\t\t\tdata-wp-bind--aria-label=\"state.thisImage.triggerButtonAriaLabel\"\n\t\t\tdata-wp-init=\"callbacks.initTriggerButton\"\n\t\t\tdata-wp-on--click=\"actions.showLightbox\"\n\t\t\tdata-wp-style--right=\"state.thisImage.buttonRight\"\n\t\t\tdata-wp-style--top=\"state.thisImage.buttonTop\"\n\t\t>\n\t\t\t<svg xmlns=\"http:\/\/www.w3.org\/2000\/svg\" width=\"12\" height=\"12\" fill=\"none\" viewBox=\"0 0 12 12\">\n\t\t\t\t<path fill=\"#fff\" d=\"M2 0a2 2 0 0 0-2 2v2h1.5V2a.5.5 0 0 1 .5-.5h2V0H2Zm2 10.5H2a.5.5 0 0 1-.5-.5V8H0v2a2 2 0 0 0 2 2h2v-1.5ZM8 12v-1.5h2a.5.5 0 0 0 .5-.5V8H12v2a2 2 0 0 1-2 2H8Zm2-12a2 2 0 0 1 2 2v2h-1.5V2a.5.5 0 0 0-.5-.5H8V0h2Z\" \/>\n\t\t\t<\/svg>\n\t\t<\/button><\/figure>\n\n\n\n<p class=\"wp-block-paragraph\">Harmadszorra is Protiv\u00edn, ez\u00fattal a h\u00fcll\u0151k szerelmeseinek, mert itt egyenesen a f\u0151t\u00e9ren tal\u00e1lhat\u00f3 a <strong><a href=\"https:\/\/www.krokodylizoo.cz\" target=\"_blank\" rel=\"nofollow noopener\">Krokodil ZOO<\/a>, ahol t\u00f6bb mint sz\u00e1z ilyen \u0151skori \u00e1llatot tartanak<\/strong>. Az eg\u00e9sz ki\u00e1ll\u00edt\u00e1s r\u00e1ad\u00e1sul teljesen akad\u00e1lymentes, \u00edgy babakocsival is k\u00f6nnyen bejutsz.<\/p>\n\n\n\n<p class=\"wp-block-paragraph\">A krokodilok \u00f3ri\u00e1si terr\u00e1riumokban l\u00e1that\u00f3k, \u00e9s a <strong>csal\u00e1di bel\u00e9p\u0151 k\u00e9t feln\u0151ttnek \u00e9s k\u00e9t gyereknek 15 100 Ft-ba (1000 K\u010d) ker\u00fcl<\/strong>, a k\u00e9t \u00e9v alatti gyerekeknek pedig hagyom\u00e1nyosan ingyenes a bel\u00e9p\u00e9s. Szeptembert\u0151l j\u00faniusig d\u00e9lut\u00e1n n\u00e9gyig szoktak nyitva tartani, ny\u00e1ron pedig egy \u00f3r\u00e1val tov\u00e1bb.<\/p>\n\n\n\n<p class=\"wp-block-paragraph\">Csak arra figyelj, hogy <strong>a kedvelt komment\u00e1lt krokodiletet\u00e9s jelenleg csak a fizet\u0151s exkluz\u00edv t\u00fara r\u00e9sze<\/strong>, \u00edgy ha akci\u00f3 k\u00f6zben szeretn\u00e9d l\u00e1tni az \u00e1llatokat, ez\u00e9rt az \u00e9lm\u00e9ny\u00e9rt fel\u00e1rat kell fizetned. Az aut\u00f3t k\u00f6nnyen leparkolod ingyen a k\u00f6rnyez\u0151 utc\u00e1kban vagy a k\u00f6zeli Norm\u00e1n\u00e1l.<\/p>\n\n\n\n<h3 class=\"wp-block-heading\"><span class=\"ez-toc-section\" id=\"35_Mesekovacs_Selibov\"><\/span>35. Mesekov\u00e1cs Selibov<span class=\"ez-toc-section-end\"><\/span><\/h3>\n\n\n\n<figure data-wp-context=\"{&quot;imageId&quot;:&quot;6a9530c2e1c78&quot;}\" data-wp-interactive=\"core\/image\" data-wp-key=\"6a9530c2e1c78\" class=\"wp-block-image size-full wp-lightbox-container\"><img decoding=\"async\" width=\"2000\" height=\"1333\" data-wp-class--hide=\"state.isContentHidden\" data-wp-class--show=\"state.isContentVisible\" data-wp-init=\"callbacks.setButtonStyles\" data-wp-on--click=\"actions.showLightbox\" data-wp-on--load=\"callbacks.setButtonStyles\" data-wp-on--pointerdown=\"actions.preloadImage\" data-wp-on--pointerenter=\"actions.preloadImageWithDelay\" data-wp-on--pointerleave=\"actions.cancelPreload\" data-wp-on-window--resize=\"callbacks.setButtonStyles\" src=\"https:\/\/loudavymkrokem.cz\/wp-content\/uploads\/2026\/08\/pohadkova-kovarna-selibov.jpg\" alt=\"A selibovi Mesekov\u00e1cs zs\u00faptet\u0151vel\" class=\"wp-image-399577\" title=\"\" srcset=\"https:\/\/loudavymkrokem.cz\/wp-content\/uploads\/2026\/08\/pohadkova-kovarna-selibov.jpg 2000w, https:\/\/loudavymkrokem.cz\/wp-content\/uploads\/2026\/08\/pohadkova-kovarna-selibov-300x200.jpg 300w, https:\/\/loudavymkrokem.cz\/wp-content\/uploads\/2026\/08\/pohadkova-kovarna-selibov-700x467.jpg 700w, https:\/\/loudavymkrokem.cz\/wp-content\/uploads\/2026\/08\/pohadkova-kovarna-selibov-768x512.jpg 768w, https:\/\/loudavymkrokem.cz\/wp-content\/uploads\/2026\/08\/pohadkova-kovarna-selibov-1536x1024.jpg 1536w, https:\/\/loudavymkrokem.cz\/wp-content\/uploads\/2026\/08\/pohadkova-kovarna-selibov-696x464.jpg 696w, https:\/\/loudavymkrokem.cz\/wp-content\/uploads\/2026\/08\/pohadkova-kovarna-selibov-1392x928.jpg 1392w, https:\/\/loudavymkrokem.cz\/wp-content\/uploads\/2026\/08\/pohadkova-kovarna-selibov-1920x1280.jpg 1920w\" sizes=\"(max-width: 2000px) 100vw, 2000px\" \/><button\n\t\t\tclass=\"lightbox-trigger\"\n\t\t\ttype=\"button\"\n\t\t\taria-haspopup=\"dialog\"\n\t\t\tdata-wp-bind--aria-label=\"state.thisImage.triggerButtonAriaLabel\"\n\t\t\tdata-wp-init=\"callbacks.initTriggerButton\"\n\t\t\tdata-wp-on--click=\"actions.showLightbox\"\n\t\t\tdata-wp-style--right=\"state.thisImage.buttonRight\"\n\t\t\tdata-wp-style--top=\"state.thisImage.buttonTop\"\n\t\t>\n\t\t\t<svg xmlns=\"http:\/\/www.w3.org\/2000\/svg\" width=\"12\" height=\"12\" fill=\"none\" viewBox=\"0 0 12 12\">\n\t\t\t\t<path fill=\"#fff\" d=\"M2 0a2 2 0 0 0-2 2v2h1.5V2a.5.5 0 0 1 .5-.5h2V0H2Zm2 10.5H2a.5.5 0 0 1-.5-.5V8H0v2a2 2 0 0 0 2 2h2v-1.5ZM8 12v-1.5h2a.5.5 0 0 0 .5-.5V8H12v2a2 2 0 0 1-2 2H8Zm2-12a2 2 0 0 1 2 2v2h-1.5V2a.5.5 0 0 0-.5-.5H8V0h2Z\" \/>\n\t\t\t<\/svg>\n\t\t<\/button><\/figure>\n\n\n\n<p class=\"wp-block-paragraph\">Protiv\u00edn fel\u00e9 menet mindenk\u00e9pp \u00e1llj meg a kis Selibov faluban, ahol egy <strong>var\u00e1zslatos Mesekov\u00e1cs (Poh\u00e1dkov\u00e1 kov\u00e1rna) tal\u00e1lhat\u00f3, amely f\u0151leg az \u00f3vod\u00e1sokat ny\u0171g\u00f6zi le<\/strong>. Mindj\u00e1rt a bej\u00e1ratn\u00e1l \u00fcdv\u00f6z\u00f6l az \u00e9l\u0151 Aladin \u00e9s J\u00e1zmin szam\u00e1r, odabent pedig a gyerekek be\u00f6lt\u00f6zhetnek a legk\u00fcl\u00f6nf\u00e9l\u00e9bb mesealakoknak.<\/p>\n\n\n\n<p class=\"wp-block-paragraph\">Az eg\u00e9sz l\u00e1togat\u00e1s nagyj\u00e1b\u00f3l k\u00e9t \u00f3r\u00e1t vesz ig\u00e9nybe, ez alatt <strong>bej\u00e1rod a meseist\u00e1ll\u00f3t, kipr\u00f3b\u00e1lod a kreat\u00edv m\u0171helyt \u00e9s elt\u00e9vedsz a labirintusban<\/strong> a figur\u00e1kkal. A kov\u00e1cs k\u00f6r\u00fcl r\u00e1ad\u00e1sul egy Ferdin\u00e1nd g\u00f3lya \u00f6sv\u00e9nye vezet tizenk\u00e9t sz\u00f3rakoztat\u00f3 meg\u00e1ll\u00f3val.<\/p>\n\n\n\n<p class=\"wp-block-paragraph\">A bel\u00e9p\u0151 id\u00e9n <strong>mindenkinek egys\u00e9ges, \u00e9s 1440 Ft (95 K\u010d)<\/strong>, a k\u00e9t \u00e9v alatti apr\u00f3n\u00e9p nem fizet semmit. A ny\u00e1ri sz\u00fcnetben minden nap nyitva vannak, szezonon k\u00edv\u00fcl pedig f\u0151leg h\u00e9tv\u00e9g\u00e9n m\u0171k\u00f6dnek, \u00e9s sz\u00e9p rendezv\u00e9nyeket tartanak advent idej\u00e9n is, amikor illatozik az U \u010cerven\u00e9 karkulky (A Pirosk\u00e1n\u00e1l) b\u00fcf\u00e9.<\/p>\n\n\n\n<h3 class=\"wp-block-heading\"><span class=\"ez-toc-section\" id=\"36_Zemeraj_Kovarov\"><\/span>36. Zem\u011br\u00e1j Kov\u00e1\u0159ov<span class=\"ez-toc-section-end\"><\/span><\/h3>\n\n\n\n<figure data-wp-context=\"{&quot;imageId&quot;:&quot;6a9530c2e2143&quot;}\" data-wp-interactive=\"core\/image\" data-wp-key=\"6a9530c2e2143\" class=\"wp-block-image size-full wp-lightbox-container\"><img decoding=\"async\" width=\"1400\" height=\"550\" data-wp-class--hide=\"state.isContentHidden\" data-wp-class--show=\"state.isContentVisible\" data-wp-init=\"callbacks.setButtonStyles\" data-wp-on--click=\"actions.showLightbox\" data-wp-on--load=\"callbacks.setButtonStyles\" data-wp-on--pointerdown=\"actions.preloadImage\" data-wp-on--pointerenter=\"actions.preloadImageWithDelay\" data-wp-on--pointerleave=\"actions.cancelPreload\" data-wp-on-window--resize=\"callbacks.setButtonStyles\" src=\"https:\/\/loudavymkrokem.cz\/wp-content\/uploads\/2026\/08\/zemeraj-kovarov-lidova-staveni.jpg\" alt=\"N\u00e9pi \u00e9p\u00fcletek a Kov\u00e1\u0159ov melletti Zem\u011br\u00e1j \u00e9lm\u00e9nnyparkban\" class=\"wp-image-399579\" title=\"\" srcset=\"https:\/\/loudavymkrokem.cz\/wp-content\/uploads\/2026\/08\/zemeraj-kovarov-lidova-staveni.jpg 1400w, https:\/\/loudavymkrokem.cz\/wp-content\/uploads\/2026\/08\/zemeraj-kovarov-lidova-staveni-300x118.jpg 300w, https:\/\/loudavymkrokem.cz\/wp-content\/uploads\/2026\/08\/zemeraj-kovarov-lidova-staveni-700x275.jpg 700w, https:\/\/loudavymkrokem.cz\/wp-content\/uploads\/2026\/08\/zemeraj-kovarov-lidova-staveni-768x302.jpg 768w, https:\/\/loudavymkrokem.cz\/wp-content\/uploads\/2026\/08\/zemeraj-kovarov-lidova-staveni-696x273.jpg 696w, https:\/\/loudavymkrokem.cz\/wp-content\/uploads\/2026\/08\/zemeraj-kovarov-lidova-staveni-1392x547.jpg 1392w\" sizes=\"(max-width: 1400px) 100vw, 1400px\" \/><button\n\t\t\tclass=\"lightbox-trigger\"\n\t\t\ttype=\"button\"\n\t\t\taria-haspopup=\"dialog\"\n\t\t\tdata-wp-bind--aria-label=\"state.thisImage.triggerButtonAriaLabel\"\n\t\t\tdata-wp-init=\"callbacks.initTriggerButton\"\n\t\t\tdata-wp-on--click=\"actions.showLightbox\"\n\t\t\tdata-wp-style--right=\"state.thisImage.buttonRight\"\n\t\t\tdata-wp-style--top=\"state.thisImage.buttonTop\"\n\t\t>\n\t\t\t<svg xmlns=\"http:\/\/www.w3.org\/2000\/svg\" width=\"12\" height=\"12\" fill=\"none\" viewBox=\"0 0 12 12\">\n\t\t\t\t<path fill=\"#fff\" d=\"M2 0a2 2 0 0 0-2 2v2h1.5V2a.5.5 0 0 1 .5-.5h2V0H2Zm2 10.5H2a.5.5 0 0 1-.5-.5V8H0v2a2 2 0 0 0 2 2h2v-1.5ZM8 12v-1.5h2a.5.5 0 0 0 .5-.5V8H12v2a2 2 0 0 1-2 2H8Zm2-12a2 2 0 0 1 2 2v2h-1.5V2a.5.5 0 0 0-.5-.5H8V0h2Z\" \/>\n\t\t\t<\/svg>\n\t\t<\/button><\/figure>\n\n\n\n<p class=\"wp-block-paragraph\">Nagyj\u00e1b\u00f3l 35 perc aut\u00f3\u00fatra P\u00edsekt\u0151l fekszik a <strong><a href=\"https:\/\/www.zemeraj.cz\" target=\"_blank\" rel=\"nofollow noopener\">Zem\u011br\u00e1j<\/a>, ami egy hatalmas term\u00e9szetes ter\u00fclet, a cseh t\u00f6rt\u00e9nelemre \u00e9s hagyom\u00e1nyokra \u00f6sszpontos\u00edtva<\/strong>. A legkisebbeknek egy gy\u00f6ny\u00f6r\u0171 gyerekfalu, Hrejkov van k\u00e9szen, ahol kipr\u00f3b\u00e1lhatj\u00e1k a r\u00e9gi mesters\u00e9geket \u00e9s elj\u00e1tszhatnak a st\u00edlusos fa h\u00e1zik\u00f3kban.<\/p>\n\n\n\n<p class=\"wp-block-paragraph\">Itt minden gyerek megtal\u00e1lja a sz\u00e1m\u00edt\u00e1s\u00e1t, aki szereti a mozg\u00e1st a term\u00e9szetben \u2013 van egy <strong>kilom\u00e9teres mez\u00edtl\u00e1bas \u00f6sv\u00e9ny, v\u00edzi j\u00e1t\u00e9kok \u00e9s egy r\u00e9g\u00e9szeti lel\u0151hely<\/strong>, s\u0151t k\u00f6z\u00f6sen lep\u00e9nyt is s\u00fcthettek t\u00e9szt\u00e1b\u00f3l. A term\u00e9szetes terep miatt a feh\u00e9r tornacip\u0151t mindenk\u00e9pp hagyd otthon, \u00e9s vegy\u00e9l z\u00e1rt cip\u0151t.<\/p>\n\n\n\n<p class=\"wp-block-paragraph\">A Zem\u011br\u00e1jba a bel\u00e9p\u0151 <strong>2870 Ft (190 K\u010d) a feln\u0151tteknek \u00e9s 2570 Ft (170 K\u010d) a k\u00e9t \u00e9vn\u00e9l id\u0151sebb gyerekeknek<\/strong>, a parkol\u00e1s a ter\u00fclet mellett ingyenes. M\u00e1just\u00f3l szeptember v\u00e9g\u00e9ig van nyitva, ny\u00e1ron pedig minden nap f\u00e9l t\u00edzt\u0151l estig m\u0171k\u00f6dnek.<\/p>\n\n\n\n<h3 class=\"wp-block-heading\"><span class=\"ez-toc-section\" id=\"37_Bagrarium_Strakonice\"><\/span>37. Bagr\u00e1rium Strakonice<span class=\"ez-toc-section-end\"><\/span><\/h3>\n\n\n\n<p class=\"wp-block-paragraph\">Strakonic\u00e9be P\u00edsekb\u0151l nagyj\u00e1b\u00f3l f\u00e9l \u00f3ra az \u00fat, \u00e9s 2026 febru\u00e1rj\u00e1t\u00f3l itt tal\u00e1lhat\u00f3 <strong>Csehorsz\u00e1g els\u0151 fedett Bagr\u00e1riuma<\/strong>, ami egy teljes unikum. Ez egy hatalmas fedett j\u00e1tsz\u00f3h\u00e1z homokoz\u00f3val, ahol a gyerekek realisztikus \u00e9s nagy m\u00e9ret\u0171 RC markol\u00f3-, rakod\u00f3- \u00e9s billen\u0151teheraut\u00f3-modelleket ir\u00e1ny\u00edtanak.<\/p>\n\n\n\n<p class=\"wp-block-paragraph\">Enn\u00e9l a tippn\u00e9l nyomat\u00e9kosan fel kell h\u00edvnom a figyelmet arra, hogy <strong>az attrakci\u00f3 csak hat\u00e9ves kort\u00f3l aj\u00e1nlott<\/strong>, mert a g\u00e9pek ir\u00e1ny\u00edt\u00e1sa j\u00f3 finommotorik\u00e1t \u00e9s mindk\u00e9t k\u00e9z koordin\u00e1ci\u00f3j\u00e1t ig\u00e9nyli, \u00edgy a totyog\u00f3knak egy\u00e1ltal\u00e1n nem val\u00f3. Ha viszont van egy id\u0151sebb testv\u00e9red, aki im\u00e1dja az \u00e9p\u00edtkez\u00e9seket, ez lesz neki az \u00e9v \u00e9lm\u00e9nye.<\/p>\n\n\n\n<p class=\"wp-block-paragraph\">A menetek f\u00e9l\u00f3r\u00e1s id\u0151blokkokban zajlanak, \u00e9s <strong>egy g\u00e9p\u00e9rt harminc percre 4220 Ft-ot (279 K\u010d) fizetsz<\/strong>, az \u00e1rban egy ital is benne van. A nagy \u00e9rdekl\u0151d\u00e9s miatt legal\u00e1bb egy nappal el\u0151re online kell foglalni, t\u00edzt\u0151l este hatig szoktak nyitva tartani.<\/p>\n\n\n\n<h3 class=\"wp-block-heading\"><span class=\"ez-toc-section\" id=\"38_Zvikov_es_hajo_Orlikhoz\"><\/span>38. Zv\u00edkov \u00e9s haj\u00f3 Orl\u00edkhoz<span class=\"ez-toc-section-end\"><\/span><\/h3>\n\n\n\n<figure data-wp-context=\"{&quot;imageId&quot;:&quot;6a9530c2e2792&quot;}\" data-wp-interactive=\"core\/image\" data-wp-key=\"6a9530c2e2792\" class=\"wp-block-image size-full wp-lightbox-container\"><img decoding=\"async\" width=\"1600\" height=\"856\" data-wp-class--hide=\"state.isContentHidden\" data-wp-class--show=\"state.isContentVisible\" data-wp-init=\"callbacks.setButtonStyles\" data-wp-on--click=\"actions.showLightbox\" data-wp-on--load=\"callbacks.setButtonStyles\" data-wp-on--pointerdown=\"actions.preloadImage\" data-wp-on--pointerenter=\"actions.preloadImageWithDelay\" data-wp-on--pointerleave=\"actions.cancelPreload\" data-wp-on-window--resize=\"callbacks.setButtonStyles\" src=\"https:\/\/loudavymkrokem.cz\/wp-content\/uploads\/2026\/08\/hrad-zvikov-soutok-otavy-a-vltavy.jpg\" alt=\"Zv\u00edkov v\u00e1ra az Otava \u00e9s a Vltava \u00f6sszefoly\u00e1s\u00e1n\u00e1l\" class=\"wp-image-399401\" title=\"\" srcset=\"https:\/\/loudavymkrokem.cz\/wp-content\/uploads\/2026\/08\/hrad-zvikov-soutok-otavy-a-vltavy.jpg 1600w, https:\/\/loudavymkrokem.cz\/wp-content\/uploads\/2026\/08\/hrad-zvikov-soutok-otavy-a-vltavy-300x161.jpg 300w, https:\/\/loudavymkrokem.cz\/wp-content\/uploads\/2026\/08\/hrad-zvikov-soutok-otavy-a-vltavy-700x375.jpg 700w, https:\/\/loudavymkrokem.cz\/wp-content\/uploads\/2026\/08\/hrad-zvikov-soutok-otavy-a-vltavy-768x411.jpg 768w, https:\/\/loudavymkrokem.cz\/wp-content\/uploads\/2026\/08\/hrad-zvikov-soutok-otavy-a-vltavy-1536x822.jpg 1536w, https:\/\/loudavymkrokem.cz\/wp-content\/uploads\/2026\/08\/hrad-zvikov-soutok-otavy-a-vltavy-696x372.jpg 696w, https:\/\/loudavymkrokem.cz\/wp-content\/uploads\/2026\/08\/hrad-zvikov-soutok-otavy-a-vltavy-1392x745.jpg 1392w\" sizes=\"(max-width: 1600px) 100vw, 1600px\" \/><button\n\t\t\tclass=\"lightbox-trigger\"\n\t\t\ttype=\"button\"\n\t\t\taria-haspopup=\"dialog\"\n\t\t\tdata-wp-bind--aria-label=\"state.thisImage.triggerButtonAriaLabel\"\n\t\t\tdata-wp-init=\"callbacks.initTriggerButton\"\n\t\t\tdata-wp-on--click=\"actions.showLightbox\"\n\t\t\tdata-wp-style--right=\"state.thisImage.buttonRight\"\n\t\t\tdata-wp-style--top=\"state.thisImage.buttonTop\"\n\t\t>\n\t\t\t<svg xmlns=\"http:\/\/www.w3.org\/2000\/svg\" width=\"12\" height=\"12\" fill=\"none\" viewBox=\"0 0 12 12\">\n\t\t\t\t<path fill=\"#fff\" d=\"M2 0a2 2 0 0 0-2 2v2h1.5V2a.5.5 0 0 1 .5-.5h2V0H2Zm2 10.5H2a.5.5 0 0 1-.5-.5V8H0v2a2 2 0 0 0 2 2h2v-1.5ZM8 12v-1.5h2a.5.5 0 0 0 .5-.5V8H12v2a2 2 0 0 1-2 2H8Zm2-12a2 2 0 0 1 2 2v2h-1.5V2a.5.5 0 0 0-.5-.5H8V0h2Z\" \/>\n\t\t\t<\/svg>\n\t\t<\/button><\/figure>\n\n\n\n<p class=\"wp-block-paragraph\">Egy v\u00e1r \u00e9s egy haj\u00f3\u00fat p\u00e1ros\u00edt\u00e1sa t\u00f6k\u00e9letes ny\u00e1ri kir\u00e1ndul\u00e1snak hangzik, \u00e9s pontosan ezt k\u00edn\u00e1lja Zv\u00edkov v\u00e1ra, amely k\u00f6r\u00fclbel\u00fcl 25 percre van P\u00edsekt\u0151l. Ennek a <strong>fens\u00e9ges v\u00e1rnak a Vltava \u00e9s az Otava \u00f6sszefoly\u00e1s\u00e1n\u00e1l<\/strong> gy\u00f6ny\u00f6r\u0171 a k\u00fclseje, a kir\u00e1lyi palota megtekint\u00e9se pedig idegenvezet\u0151 n\u00e9lk\u00fcl zajlik, \u00edgy saj\u00e1t temp\u00f3dban j\u00e1rhatod be, amit a f\u00e9szkel\u0151d\u0151 gyerekekkel maxim\u00e1lisan \u00e9rt\u00e9kelni fogsz.<\/p>\n\n\n\n<p class=\"wp-block-paragraph\">K\u00f6zvetlen\u00fcl a v\u00e1r alatt tal\u00e1lhat\u00f3 egy kik\u00f6t\u0151, ahonnan <strong>a ny\u00e1ri szezonban haj\u00f3k indulnak az orl\u00edki kast\u00e9ly fel\u00e9<\/strong>. Maga a haj\u00f3\u00fat alig egy \u00f3r\u00e1t tart, ami \u00e9pp el\u00e9g ahhoz, hogy a gyerekeknek \u00e9lm\u00e9ny legyen, \u00e9s ne kezdjenek unatkozni, egy feln\u0151tt\u00e9rt pedig 4530 Ft-ot (300 K\u010d) fizetsz, m\u00edg a h\u00e1rom \u00e9v alatti gyerekek ingyen utaznak.<\/p>\n\n\n\n<p class=\"wp-block-paragraph\">Ha \u00fagy d\u00f6ntesz, hogy mag\u00e1t az orl\u00edki kast\u00e9lyt is megl\u00e1togatod, sz\u00e1m\u00edts arra, hogy <strong>a kast\u00e9lyt\u00fara csaknem egy \u00f3r\u00e1t tart<\/strong>, ami egy k\u00e9t\u00e9ves totyog\u00f3nak m\u00e1r t\u00fal hossz\u00fa lehet, \u00edgy a kisebb gyerekekkel ink\u00e1bb csak a haj\u00f3utat \u00e9s a v\u00e1r alatti piknikez\u00e9st aj\u00e1nlom.<\/p>\n\n\n\n<h3 class=\"wp-block-heading\"><span class=\"ez-toc-section\" id=\"39_Blatna_kastelya_es_a_damszarvasok\"><\/span>39. Blatn\u00e1 kast\u00e9lya \u00e9s a d\u00e1mszarvasok<span class=\"ez-toc-section-end\"><\/span><\/h3>\n\n\n\n<figure data-wp-context=\"{&quot;imageId&quot;:&quot;6a9530c2e2fe1&quot;}\" data-wp-interactive=\"core\/image\" data-wp-key=\"6a9530c2e2fe1\" class=\"wp-block-image size-full wp-lightbox-container\"><img decoding=\"async\" width=\"1920\" height=\"1280\" data-wp-class--hide=\"state.isContentHidden\" data-wp-class--show=\"state.isContentVisible\" data-wp-init=\"callbacks.setButtonStyles\" data-wp-on--click=\"actions.showLightbox\" data-wp-on--load=\"callbacks.setButtonStyles\" data-wp-on--pointerdown=\"actions.preloadImage\" data-wp-on--pointerenter=\"actions.preloadImageWithDelay\" data-wp-on--pointerleave=\"actions.cancelPreload\" data-wp-on-window--resize=\"callbacks.setButtonStyles\" src=\"https:\/\/loudavymkrokem.cz\/wp-content\/uploads\/2026\/08\/zamek-blatna-vodni-zamek-park.jpg\" alt=\"Blatn\u00e1 v\u00edzi kast\u00e9lya d\u00e1mszarvasokkal teli parkkal\" class=\"wp-image-399409\" title=\"\" srcset=\"https:\/\/loudavymkrokem.cz\/wp-content\/uploads\/2026\/08\/zamek-blatna-vodni-zamek-park.jpg 1920w, https:\/\/loudavymkrokem.cz\/wp-content\/uploads\/2026\/08\/zamek-blatna-vodni-zamek-park-300x200.jpg 300w, https:\/\/loudavymkrokem.cz\/wp-content\/uploads\/2026\/08\/zamek-blatna-vodni-zamek-park-700x467.jpg 700w, https:\/\/loudavymkrokem.cz\/wp-content\/uploads\/2026\/08\/zamek-blatna-vodni-zamek-park-768x512.jpg 768w, https:\/\/loudavymkrokem.cz\/wp-content\/uploads\/2026\/08\/zamek-blatna-vodni-zamek-park-1536x1024.jpg 1536w, https:\/\/loudavymkrokem.cz\/wp-content\/uploads\/2026\/08\/zamek-blatna-vodni-zamek-park-696x464.jpg 696w, https:\/\/loudavymkrokem.cz\/wp-content\/uploads\/2026\/08\/zamek-blatna-vodni-zamek-park-1392x928.jpg 1392w\" sizes=\"(max-width: 1920px) 100vw, 1920px\" \/><button\n\t\t\tclass=\"lightbox-trigger\"\n\t\t\ttype=\"button\"\n\t\t\taria-haspopup=\"dialog\"\n\t\t\tdata-wp-bind--aria-label=\"state.thisImage.triggerButtonAriaLabel\"\n\t\t\tdata-wp-init=\"callbacks.initTriggerButton\"\n\t\t\tdata-wp-on--click=\"actions.showLightbox\"\n\t\t\tdata-wp-style--right=\"state.thisImage.buttonRight\"\n\t\t\tdata-wp-style--top=\"state.thisImage.buttonTop\"\n\t\t>\n\t\t\t<svg xmlns=\"http:\/\/www.w3.org\/2000\/svg\" width=\"12\" height=\"12\" fill=\"none\" viewBox=\"0 0 12 12\">\n\t\t\t\t<path fill=\"#fff\" d=\"M2 0a2 2 0 0 0-2 2v2h1.5V2a.5.5 0 0 1 .5-.5h2V0H2Zm2 10.5H2a.5.5 0 0 1-.5-.5V8H0v2a2 2 0 0 0 2 2h2v-1.5ZM8 12v-1.5h2a.5.5 0 0 0 .5-.5V8H12v2a2 2 0 0 1-2 2H8Zm2-12a2 2 0 0 1 2 2v2h-1.5V2a.5.5 0 0 0-.5-.5H8V0h2Z\" \/>\n\t\t\t<\/svg>\n\t\t<\/button><\/figure>\n\n\n\n<p class=\"wp-block-paragraph\">Blatn\u00e1 v\u00edzi kast\u00e9lya nagyj\u00e1b\u00f3l f\u00e9l \u00f3ra aut\u00f3\u00fatra van, \u00e9s ez <strong>a helyi csal\u00e1dok egyik legkedveltebb helye<\/strong>, m\u00e9gpedig a csod\u00e1latos kast\u00e9lyparknak k\u00f6sz\u00f6nhet\u0151en. Ebben ugyanis egy d\u00e1mszarvascsorda k\u00f3sz\u00e1l szabadon, amelyek hozz\u00e1szoktak a l\u00e1togat\u00f3khoz, \u00e9s p\u00e1r m\u00e9terr\u0151l is megfigyelhet\u0151k.<\/p>\n\n\n\n<p class=\"wp-block-paragraph\">A parkba a bel\u00e9p\u0151 <strong>mind\u00f6ssze 760 Ft (50 K\u010d), a hat \u00e9v alatti gyerekeknek pedig teljesen ingyenes<\/strong>, minden nap kora reggelt\u0151l estig van nyitva. Csak nagyon figyelj az \u0151szi b\u0151g\u00e9s idej\u00e9n, amikor szigor\u00faan tilos az etet\u00e9s \u00e9s az \u00e1llatok megk\u00f6zel\u00edt\u00e9se.<\/p>\n\n\n\n<p class=\"wp-block-paragraph\">A kast\u00e9ly ny\u00e1ron <strong>speci\u00e1lis gyerekt\u00far\u00e1kat is tart h\u00e1rom\u00e9ves kort\u00f3l<\/strong>, amelyek nagyj\u00e1b\u00f3l 40 percig tartanak, \u00e9s el\u0151re kell foglalni \u0151ket. A s\u00e9ta ut\u00e1n mindenk\u00e9pp n\u00e9zz be az Oh My Deer kast\u00e9lyk\u00e1v\u00e9z\u00f3ba, ahol n\u00e9ha aranyos alpak\u00e1kat is l\u00e1thatsz a kar\u00e1mban.<\/p>\n\n\n\n<h3 class=\"wp-block-heading\"><span class=\"ez-toc-section\" id=\"40_ZOO_Hluboka\"><\/span>40. ZOO Hlubok\u00e1<span class=\"ez-toc-section-end\"><\/span><\/h3>\n\n\n\n<figure data-wp-context=\"{&quot;imageId&quot;:&quot;6a9530c2e36c9&quot;}\" data-wp-interactive=\"core\/image\" data-wp-key=\"6a9530c2e36c9\" class=\"wp-block-image size-full wp-lightbox-container\"><img decoding=\"async\" width=\"1600\" height=\"1244\" data-wp-class--hide=\"state.isContentHidden\" data-wp-class--show=\"state.isContentVisible\" data-wp-init=\"callbacks.setButtonStyles\" data-wp-on--click=\"actions.showLightbox\" data-wp-on--load=\"callbacks.setButtonStyles\" data-wp-on--pointerdown=\"actions.preloadImage\" data-wp-on--pointerenter=\"actions.preloadImageWithDelay\" data-wp-on--pointerleave=\"actions.cancelPreload\" data-wp-on-window--resize=\"callbacks.setButtonStyles\" src=\"https:\/\/loudavymkrokem.cz\/wp-content\/uploads\/2026\/08\/zamek-hluboka-nad-vltavou-zapad-slunce.jpg\" alt=\"Hlubok\u00e1 nad Vltavou kast\u00e9lya naplementekor\" class=\"wp-image-399405\" title=\"\" srcset=\"https:\/\/loudavymkrokem.cz\/wp-content\/uploads\/2026\/08\/zamek-hluboka-nad-vltavou-zapad-slunce.jpg 1600w, https:\/\/loudavymkrokem.cz\/wp-content\/uploads\/2026\/08\/zamek-hluboka-nad-vltavou-zapad-slunce-300x233.jpg 300w, https:\/\/loudavymkrokem.cz\/wp-content\/uploads\/2026\/08\/zamek-hluboka-nad-vltavou-zapad-slunce-700x544.jpg 700w, https:\/\/loudavymkrokem.cz\/wp-content\/uploads\/2026\/08\/zamek-hluboka-nad-vltavou-zapad-slunce-768x597.jpg 768w, https:\/\/loudavymkrokem.cz\/wp-content\/uploads\/2026\/08\/zamek-hluboka-nad-vltavou-zapad-slunce-1536x1194.jpg 1536w, https:\/\/loudavymkrokem.cz\/wp-content\/uploads\/2026\/08\/zamek-hluboka-nad-vltavou-zapad-slunce-696x541.jpg 696w, https:\/\/loudavymkrokem.cz\/wp-content\/uploads\/2026\/08\/zamek-hluboka-nad-vltavou-zapad-slunce-1392x1082.jpg 1392w\" sizes=\"(max-width: 1600px) 100vw, 1600px\" \/><button\n\t\t\tclass=\"lightbox-trigger\"\n\t\t\ttype=\"button\"\n\t\t\taria-haspopup=\"dialog\"\n\t\t\tdata-wp-bind--aria-label=\"state.thisImage.triggerButtonAriaLabel\"\n\t\t\tdata-wp-init=\"callbacks.initTriggerButton\"\n\t\t\tdata-wp-on--click=\"actions.showLightbox\"\n\t\t\tdata-wp-style--right=\"state.thisImage.buttonRight\"\n\t\t\tdata-wp-style--top=\"state.thisImage.buttonTop\"\n\t\t>\n\t\t\t<svg xmlns=\"http:\/\/www.w3.org\/2000\/svg\" width=\"12\" height=\"12\" fill=\"none\" viewBox=\"0 0 12 12\">\n\t\t\t\t<path fill=\"#fff\" d=\"M2 0a2 2 0 0 0-2 2v2h1.5V2a.5.5 0 0 1 .5-.5h2V0H2Zm2 10.5H2a.5.5 0 0 1-.5-.5V8H0v2a2 2 0 0 0 2 2h2v-1.5ZM8 12v-1.5h2a.5.5 0 0 0 .5-.5V8H12v2a2 2 0 0 1-2 2H8Zm2-12a2 2 0 0 1 2 2v2h-1.5V2a.5.5 0 0 0-.5-.5H8V0h2Z\" \/>\n\t\t\t<\/svg>\n\t\t<\/button><\/figure>\n\n\n\n<p class=\"wp-block-paragraph\">A d\u00e9l-csehorsz\u00e1gi \u00e1llatkert Hlubok\u00e1n <strong>gy\u00f6ny\u00f6r\u0171, kompakt, \u00e9s nagyj\u00e1b\u00f3l 40 percre fekszik P\u00edsekt\u0151l<\/strong>, \u00edgy ide\u00e1lis c\u00e9l egy f\u00e9lnapos kir\u00e1ndul\u00e1sra. Els\u0151sorban Eur\u00f3pa \u00e9s \u00c1zsia m\u00e9rs\u00e9kelt \u00f6vi \u00e1llatait tartj\u00e1k itt, a s\u00edk terepnek k\u00f6sz\u00f6nhet\u0151en pedig az eg\u00e9sz \u00e1llatkert remek\u00fcl bej\u00e1rhat\u00f3 babakocsival.<\/p>\n\n\n\n<p class=\"wp-block-paragraph\">Az alap bel\u00e9p\u0151 egy feln\u0151ttnek 2720 Ft (180 K\u010d), \u00e9s a <strong>90 centin\u00e9l alacsonyabb gyerekeknek teljesen ingyenes a bel\u00e9p\u00e9s<\/strong>. Az \u00e1llatkert eg\u00e9sz \u00e9vben nyitva van, a ny\u00e1ri szezonban f\u00e9l kilenct\u0151l este h\u00e9tig, a bej\u00e1ratn\u00e1l pedig napi kb. 1210 Ft (80 K\u010d) parkol\u00e1st kell fizetni.<\/p>\n\n\n\n<p class=\"wp-block-paragraph\">Az \u00e1llatkert mellett tal\u00e1lhat\u00f3 a kedvelt <strong>Park Hlubok\u00e1<\/strong>, ahol a hat\u00e9vesn\u00e9l id\u0151sebb gyerekek kipr\u00f3b\u00e1lhatj\u00e1k az adrenalind\u00fas k\u00f6t\u00e9lp\u00e1ly\u00e1t, vagy az eg\u00e9sz csal\u00e1d minigolfozhat \u00e9s ugr\u00e1lhat a bungee trambulinokon.<\/p>\n\n\n\n<h3 class=\"wp-block-heading\"><span class=\"ez-toc-section\" id=\"41_Tabor_es_muzeumai\"><\/span>41. T\u00e1bor \u00e9s m\u00fazeumai<span class=\"ez-toc-section-end\"><\/span><\/h3>\n\n\n\n<figure data-wp-context=\"{&quot;imageId&quot;:&quot;6a9530c2e3f11&quot;}\" data-wp-interactive=\"core\/image\" data-wp-key=\"6a9530c2e3f11\" class=\"wp-block-image size-full wp-lightbox-container\"><img decoding=\"async\" width=\"1200\" height=\"800\" data-wp-class--hide=\"state.isContentHidden\" data-wp-class--show=\"state.isContentVisible\" data-wp-init=\"callbacks.setButtonStyles\" data-wp-on--click=\"actions.showLightbox\" data-wp-on--load=\"callbacks.setButtonStyles\" data-wp-on--pointerdown=\"actions.preloadImage\" data-wp-on--pointerenter=\"actions.preloadImageWithDelay\" data-wp-on--pointerleave=\"actions.cancelPreload\" data-wp-on-window--resize=\"callbacks.setButtonStyles\" src=\"https:\/\/loudavymkrokem.cz\/wp-content\/uploads\/2026\/03\/tabor-co-videt-3.jpg\" alt=\"T\u00e1bor\" class=\"wp-image-132729\" title=\"\" srcset=\"https:\/\/loudavymkrokem.cz\/wp-content\/uploads\/2026\/03\/tabor-co-videt-3.jpg 1200w, https:\/\/loudavymkrokem.cz\/wp-content\/uploads\/2026\/03\/tabor-co-videt-3-300x200.jpg 300w, https:\/\/loudavymkrokem.cz\/wp-content\/uploads\/2026\/03\/tabor-co-videt-3-700x467.jpg 700w, https:\/\/loudavymkrokem.cz\/wp-content\/uploads\/2026\/03\/tabor-co-videt-3-768x512.jpg 768w, https:\/\/loudavymkrokem.cz\/wp-content\/uploads\/2026\/03\/tabor-co-videt-3-696x464.jpg 696w\" sizes=\"(max-width: 1200px) 100vw, 1200px\" \/><button\n\t\t\tclass=\"lightbox-trigger\"\n\t\t\ttype=\"button\"\n\t\t\taria-haspopup=\"dialog\"\n\t\t\tdata-wp-bind--aria-label=\"state.thisImage.triggerButtonAriaLabel\"\n\t\t\tdata-wp-init=\"callbacks.initTriggerButton\"\n\t\t\tdata-wp-on--click=\"actions.showLightbox\"\n\t\t\tdata-wp-style--right=\"state.thisImage.buttonRight\"\n\t\t\tdata-wp-style--top=\"state.thisImage.buttonTop\"\n\t\t>\n\t\t\t<svg xmlns=\"http:\/\/www.w3.org\/2000\/svg\" width=\"12\" height=\"12\" fill=\"none\" viewBox=\"0 0 12 12\">\n\t\t\t\t<path fill=\"#fff\" d=\"M2 0a2 2 0 0 0-2 2v2h1.5V2a.5.5 0 0 1 .5-.5h2V0H2Zm2 10.5H2a.5.5 0 0 1-.5-.5V8H0v2a2 2 0 0 0 2 2h2v-1.5ZM8 12v-1.5h2a.5.5 0 0 0 .5-.5V8H12v2a2 2 0 0 1-2 2H8Zm2-12a2 2 0 0 1 2 2v2h-1.5V2a.5.5 0 0 0-.5-.5H8V0h2Z\" \/>\n\t\t\t<\/svg>\n\t\t<\/button><\/figure>\n\n\n\n<p class=\"wp-block-paragraph\">A t\u00f6rt\u00e9nelmi T\u00e1bor v\u00e1rosa, amely alig egy \u00f3ra aut\u00f3\u00fatra van, <strong>remek ment\u0151\u00f6v, ha esik a nyaral\u00e1s alatt<\/strong>, mert egyb\u0151l k\u00e9t csod\u00e1latos m\u00fazeumot tal\u00e1lsz itt. Az els\u0151 a h\u00edres Csokol\u00e1d\u00e9- \u00e9s Marcip\u00e1nm\u00fazeum, ahol hihetetlen szobrokat l\u00e1thatsz ezekb\u0151l az \u00e9des anyagokb\u00f3l (bel\u00e9p\u0151 4380 Ft \/ 290 K\u010d, gyerek 3020 Ft \/ 200 K\u010d, 100 cm alatt ingyenes, csal\u00e1di 12 500 Ft \/ 830 K\u010d).<\/p>\n\n\n\n<p class=\"wp-block-paragraph\">Nem messze tal\u00e1lhat\u00f3 a <strong>Lego M\u00fazeum, amely egy hatalmas kock\u00e1s j\u00e1tsz\u00f3h\u00e1zat k\u00edn\u00e1l<\/strong>, ahol a gyerekek hossz\u00fa \u00f3r\u00e1kon \u00e1t b\u00edrj\u00e1k az \u00e9p\u00edt\u00e9st, a h\u00e1rom \u00e9v alatti totyog\u00f3knak pedig ingyenes a bel\u00e9p\u00e9s. A ki\u00e1ll\u00edt\u00e1s tele van \u00f3ri\u00e1si modellekkel \u00e9s interakt\u00edv gombokkal.<\/p>\n\n\n\n<p class=\"wp-block-paragraph\">Ha viszont s\u00fct a nap, <strong>elindulhattok a helyi ZOO T\u00e1borba V\u011btrovyben<\/strong>, amely kisebb, de nagyon kellemes. A bel\u00e9p\u0151 egy feln\u0151ttnek mind\u00f6ssze 1660 Ft (110 K\u010d), a h\u00e1rom \u00e9v alatti gyerekek pedig megint nem fizetnek semmit.<\/p>\n\n\n\n<h3 class=\"wp-block-heading\"><span class=\"ez-toc-section\" id=\"42_Milevskoi_Maskarak_Muzeuma\"><\/span>42. Milevsk\u00f3i Maskar\u00e1k M\u00fazeuma<span class=\"ez-toc-section-end\"><\/span><\/h3>\n\n\n\n<figure data-wp-context=\"{&quot;imageId&quot;:&quot;6a9530c2e4713&quot;}\" data-wp-interactive=\"core\/image\" data-wp-key=\"6a9530c2e4713\" class=\"wp-block-image size-full wp-lightbox-container\"><img decoding=\"async\" width=\"1200\" height=\"800\" data-wp-class--hide=\"state.isContentHidden\" data-wp-class--show=\"state.isContentVisible\" data-wp-init=\"callbacks.setButtonStyles\" data-wp-on--click=\"actions.showLightbox\" data-wp-on--load=\"callbacks.setButtonStyles\" data-wp-on--pointerdown=\"actions.preloadImage\" data-wp-on--pointerenter=\"actions.preloadImageWithDelay\" data-wp-on--pointerleave=\"actions.cancelPreload\" data-wp-on-window--resize=\"callbacks.setButtonStyles\" src=\"https:\/\/loudavymkrokem.cz\/wp-content\/uploads\/2026\/08\/muzeum-milevskych-maskar-expozice.jpg\" alt=\"Farsangi maszkok a Milevsk\u00f3i Maskar\u00e1k M\u00fazeum\u00e1ban\" class=\"wp-image-399585\" title=\"\" srcset=\"https:\/\/loudavymkrokem.cz\/wp-content\/uploads\/2026\/08\/muzeum-milevskych-maskar-expozice.jpg 1200w, https:\/\/loudavymkrokem.cz\/wp-content\/uploads\/2026\/08\/muzeum-milevskych-maskar-expozice-300x200.jpg 300w, https:\/\/loudavymkrokem.cz\/wp-content\/uploads\/2026\/08\/muzeum-milevskych-maskar-expozice-700x467.jpg 700w, https:\/\/loudavymkrokem.cz\/wp-content\/uploads\/2026\/08\/muzeum-milevskych-maskar-expozice-768x512.jpg 768w, https:\/\/loudavymkrokem.cz\/wp-content\/uploads\/2026\/08\/muzeum-milevskych-maskar-expozice-696x464.jpg 696w\" sizes=\"(max-width: 1200px) 100vw, 1200px\" \/><button\n\t\t\tclass=\"lightbox-trigger\"\n\t\t\ttype=\"button\"\n\t\t\taria-haspopup=\"dialog\"\n\t\t\tdata-wp-bind--aria-label=\"state.thisImage.triggerButtonAriaLabel\"\n\t\t\tdata-wp-init=\"callbacks.initTriggerButton\"\n\t\t\tdata-wp-on--click=\"actions.showLightbox\"\n\t\t\tdata-wp-style--right=\"state.thisImage.buttonRight\"\n\t\t\tdata-wp-style--top=\"state.thisImage.buttonTop\"\n\t\t>\n\t\t\t<svg xmlns=\"http:\/\/www.w3.org\/2000\/svg\" width=\"12\" height=\"12\" fill=\"none\" viewBox=\"0 0 12 12\">\n\t\t\t\t<path fill=\"#fff\" d=\"M2 0a2 2 0 0 0-2 2v2h1.5V2a.5.5 0 0 1 .5-.5h2V0H2Zm2 10.5H2a.5.5 0 0 1-.5-.5V8H0v2a2 2 0 0 0 2 2h2v-1.5ZM8 12v-1.5h2a.5.5 0 0 0 .5-.5V8H12v2a2 2 0 0 1-2 2H8Zm2-12a2 2 0 0 1 2 2v2h-1.5V2a.5.5 0 0 0-.5-.5H8V0h2Z\" \/>\n\t\t\t<\/svg>\n\t\t<\/button><\/figure>\n\n\n\n<p class=\"wp-block-paragraph\">Milevsko v\u00e1ros\u00e1r\u00f3l k\u00f6ztudott, hogy az orsz\u00e1gban a legr\u00e9gebbi farsangi felvonul\u00e1sa van, ez\u00e9rt itt, nagyj\u00e1b\u00f3l 25 percre P\u00edsekt\u0151l j\u00f6tt l\u00e9tre a <strong>p\u00e1ratlan Milevsk\u00f3i Maskar\u00e1k M\u00fazeuma<\/strong>. Ez egy kisebb, de nagyon l\u00e1tv\u00e1nyos m\u00fazeum, tele \u00f3ri\u00e1si, sz\u00ednes maszkokkal, amelyek garant\u00e1ltan lek\u00f6tik a gyerekeket.<\/p>\n\n\n\n<p class=\"wp-block-paragraph\">A l\u00e1togat\u00e1s nem tart feleslegesen sok\u00e1ig, \u00edgy <strong>a t\u00fcrelmetlen totyog\u00f3k is j\u00e1tszva legy\u0151zik<\/strong>, a csal\u00e1di bel\u00e9p\u0151 pedig mind\u00f6ssze 2120 Ft-ba (140 K\u010d) ker\u00fcl. A ny\u00e1ri h\u00f3napokban h\u00e9tf\u0151t\u0151l szombatig vannak nyitva, vas\u00e1rnap pedig csak d\u00e9lut\u00e1ni \u00f3r\u00e1kban.<\/p>\n\n\n\n<p class=\"wp-block-paragraph\">A m\u00fazeum megl\u00e1togat\u00e1sa ut\u00e1n <strong>s\u00e9t\u00e1lhattok egyet a k\u00f6zeli milevsk\u00f3i kolostor gy\u00f6ny\u00f6r\u0171 ter\u00fclet\u00e9n<\/strong>, amelyet term\u00e9szet vesz k\u00f6r\u00fcl, \u00e9s ahol a gyerekek szabadon futkoshatnak a f\u00fcves fel\u00fcleteken, messze az \u00fatt\u00f3l.<\/p>\n\n\n\n<h3 class=\"wp-block-heading\"><span class=\"ez-toc-section\" id=\"43_Aquapark_Horazdovice\"><\/span>43. Aquapark Hora\u017e\u010fovice<span class=\"ez-toc-section-end\"><\/span><\/h3>\n\n\n\n<figure data-wp-context=\"{&quot;imageId&quot;:&quot;6a9530c2e4f3d&quot;}\" data-wp-interactive=\"core\/image\" data-wp-key=\"6a9530c2e4f3d\" class=\"wp-block-image size-full wp-lightbox-container\"><img decoding=\"async\" width=\"1919\" height=\"1281\" data-wp-class--hide=\"state.isContentHidden\" data-wp-class--show=\"state.isContentVisible\" data-wp-init=\"callbacks.setButtonStyles\" data-wp-on--click=\"actions.showLightbox\" data-wp-on--load=\"callbacks.setButtonStyles\" data-wp-on--pointerdown=\"actions.preloadImage\" data-wp-on--pointerenter=\"actions.preloadImageWithDelay\" data-wp-on--pointerleave=\"actions.cancelPreload\" data-wp-on-window--resize=\"callbacks.setButtonStyles\" src=\"https:\/\/loudavymkrokem.cz\/wp-content\/uploads\/2026\/08\/aquapark-horazdovice-bazen-tobogan.jpg\" alt=\"A hora\u017e\u010fovicei Aquapark medencecsarnoka tobog\u00e1nnal\" class=\"wp-image-399591\" title=\"\" srcset=\"https:\/\/loudavymkrokem.cz\/wp-content\/uploads\/2026\/08\/aquapark-horazdovice-bazen-tobogan.jpg 1919w, https:\/\/loudavymkrokem.cz\/wp-content\/uploads\/2026\/08\/aquapark-horazdovice-bazen-tobogan-300x200.jpg 300w, https:\/\/loudavymkrokem.cz\/wp-content\/uploads\/2026\/08\/aquapark-horazdovice-bazen-tobogan-700x467.jpg 700w, https:\/\/loudavymkrokem.cz\/wp-content\/uploads\/2026\/08\/aquapark-horazdovice-bazen-tobogan-768x513.jpg 768w, https:\/\/loudavymkrokem.cz\/wp-content\/uploads\/2026\/08\/aquapark-horazdovice-bazen-tobogan-1536x1025.jpg 1536w, https:\/\/loudavymkrokem.cz\/wp-content\/uploads\/2026\/08\/aquapark-horazdovice-bazen-tobogan-696x465.jpg 696w, https:\/\/loudavymkrokem.cz\/wp-content\/uploads\/2026\/08\/aquapark-horazdovice-bazen-tobogan-1392x929.jpg 1392w\" sizes=\"(max-width: 1919px) 100vw, 1919px\" \/><button\n\t\t\tclass=\"lightbox-trigger\"\n\t\t\ttype=\"button\"\n\t\t\taria-haspopup=\"dialog\"\n\t\t\tdata-wp-bind--aria-label=\"state.thisImage.triggerButtonAriaLabel\"\n\t\t\tdata-wp-init=\"callbacks.initTriggerButton\"\n\t\t\tdata-wp-on--click=\"actions.showLightbox\"\n\t\t\tdata-wp-style--right=\"state.thisImage.buttonRight\"\n\t\t\tdata-wp-style--top=\"state.thisImage.buttonTop\"\n\t\t>\n\t\t\t<svg xmlns=\"http:\/\/www.w3.org\/2000\/svg\" width=\"12\" height=\"12\" fill=\"none\" viewBox=\"0 0 12 12\">\n\t\t\t\t<path fill=\"#fff\" d=\"M2 0a2 2 0 0 0-2 2v2h1.5V2a.5.5 0 0 1 .5-.5h2V0H2Zm2 10.5H2a.5.5 0 0 1-.5-.5V8H0v2a2 2 0 0 0 2 2h2v-1.5ZM8 12v-1.5h2a.5.5 0 0 0 .5-.5V8H12v2a2 2 0 0 1-2 2H8Zm2-12a2 2 0 0 1 2 2v2h-1.5V2a.5.5 0 0 0-.5-.5H8V0h2Z\" \/>\n\t\t\t<\/svg>\n\t\t<\/button><\/figure>\n\n\n\n<p class=\"wp-block-paragraph\">Amikor rendesen meg akartok f\u00fcrdeni, \u00e9s a p\u00edseki uszoda nem el\u00e9g, <strong>indulj a nagyj\u00e1b\u00f3l 45 percre l\u00e9v\u0151 Hora\u017e\u010fovic\u00e9be a helyi aquaparkba<\/strong>. A klasszikus \u00fasz\u00f3stadionokkal ellent\u00e9tben itt a vizet gy\u00f6ny\u00f6r\u0171 28,4 \u00b0C-ra f\u0171tik, amit f\u0151leg a kis f\u00e1z\u00f3s gyerekekkel \u00e9rt\u00e9kelsz majd.<\/p>\n\n\n\n<p class=\"wp-block-paragraph\">A csal\u00e1doknak egy t\u00f6k\u00e9letesen felszerelt <strong>gyerekmedence \u00e1ll rendelkez\u00e9sre k\u00e9t cs\u00faszd\u00e1val \u00e9s egy l\u00e9gy\u00f6l\u0151 gal\u00f3ca alak\u00fa v\u00edzi gomb\u00e1val<\/strong>. A bel\u00e9p\u0151 nagyon bar\u00e1ts\u00e1gos, egy feln\u0151tt k\u00e9t \u00f3r\u00e1ra 2420 Ft-ot (160 K\u010d) fizet, a csal\u00e1di bel\u00e9p\u0151 pedig gy\u00f6ny\u00f6r\u0171 7400 Ft-ba (490 K\u010d) ker\u00fcl.<\/p>\n\n\n\n<p class=\"wp-block-paragraph\">Az egyetlen dolog, amire figyelned kell, a <strong>rendszeres \u0151szi technol\u00f3giai le\u00e1ll\u00e1s<\/strong>, amely 2026-ban augusztus 31. \u00e9s szeptember 13. k\u00f6z\u00f6tti id\u0151pontra esik, \u00edgy ekkor semmik\u00e9pp ne gyertek ide, \u00e9s ink\u00e1bb v\u00e1lasszatok m\u00e1s programot.<\/p>\n\n\n\n<h3 class=\"wp-block-heading\"><span class=\"ez-toc-section\" id=\"44_Vodnany_es_a_halaszati_muzeum\"><\/span>44. Vod\u0148any \u00e9s a hal\u00e1szati m\u00fazeum<span class=\"ez-toc-section-end\"><\/span><\/h3>\n\n\n\n<p class=\"wp-block-paragraph\">Alig valamivel t\u00f6bb mint h\u00fasz kilom\u00e9terre P\u00edsekt\u0151l fekszik a <strong>halastavas v\u00e1ros, Vod\u0148any<\/strong>, amely nagyon kellemes \u00e9s nyugodt alternat\u00edv\u00e1t k\u00edn\u00e1l a forgalmasabb turistac\u00e9lokhoz k\u00e9pest. A gyerekeket biztosan leny\u0171g\u00f6zi a helyi Z\u00e1ti\u0161\u00ed erd\u0151park, amelyen kereszt\u00fcl a sz\u00f3rakoztat\u00f3 Vod\u0148an g\u00f3lya \u00f6sv\u00e9nye vezet, amely r\u00e1ad\u00e1sul szabadon l\u00e1togathat\u00f3 \u00e9s teljesen ingyenes.<\/p>\n\n\n\n<p class=\"wp-block-paragraph\">A term\u00e9szetben tett s\u00e9ta ut\u00e1n <strong>\u00e1tmehettek a Hal\u00e1szati M\u00fazeumba<\/strong>, ahol nagy akv\u00e1riumok l\u00e1that\u00f3k \u00e9l\u0151 \u00e9desv\u00edzi halakkal, ami a totyog\u00f3knak mindig nagy \u00e9lm\u00e9ny. Ha marad energi\u00e1tok, induljatok el egy kicsit a v\u00e1roson k\u00edv\u00fclre a szabadon l\u00e1togathat\u00f3 Haniperk kil\u00e1t\u00f3hoz, ahonnan gy\u00f6ny\u00f6r\u0171 kil\u00e1t\u00e1s ny\u00edlik a t\u00e1jra.<\/p>\n\n\n\n<h2 class=\"wp-block-heading\"><span class=\"ez-toc-section\" id=\"Hol_egyel_Piseken_gyerekekkel\"><\/span>Hol egy\u00e9l P\u00edseken gyerekekkel<span class=\"ez-toc-section-end\"><\/span><\/h2>\n\n\n\n<figure data-wp-context=\"{&quot;imageId&quot;:&quot;6a9530c2e590c&quot;}\" data-wp-interactive=\"core\/image\" data-wp-key=\"6a9530c2e590c\" class=\"wp-block-image size-full wp-lightbox-container\"><img decoding=\"async\" width=\"2200\" height=\"1650\" data-wp-class--hide=\"state.isContentHidden\" data-wp-class--show=\"state.isContentVisible\" data-wp-init=\"callbacks.setButtonStyles\" data-wp-on--click=\"actions.showLightbox\" data-wp-on--load=\"callbacks.setButtonStyles\" data-wp-on--pointerdown=\"actions.preloadImage\" data-wp-on--pointerenter=\"actions.preloadImageWithDelay\" data-wp-on--pointerleave=\"actions.cancelPreload\" data-wp-on-window--resize=\"callbacks.setButtonStyles\" src=\"https:\/\/loudavymkrokem.cz\/wp-content\/uploads\/2026\/08\/pisek-travel-cafe-piskoviste-domecek.jpg\" alt=\"Homokoz\u00f3 h\u00e1zik\u00f3val a p\u00edseki Travel Cafe kertj\u00e9ben\" class=\"wp-image-399550\" title=\"\" srcset=\"https:\/\/loudavymkrokem.cz\/wp-content\/uploads\/2026\/08\/pisek-travel-cafe-piskoviste-domecek.jpg 2200w, https:\/\/loudavymkrokem.cz\/wp-content\/uploads\/2026\/08\/pisek-travel-cafe-piskoviste-domecek-300x225.jpg 300w, https:\/\/loudavymkrokem.cz\/wp-content\/uploads\/2026\/08\/pisek-travel-cafe-piskoviste-domecek-700x525.jpg 700w, https:\/\/loudavymkrokem.cz\/wp-content\/uploads\/2026\/08\/pisek-travel-cafe-piskoviste-domecek-768x576.jpg 768w, https:\/\/loudavymkrokem.cz\/wp-content\/uploads\/2026\/08\/pisek-travel-cafe-piskoviste-domecek-1536x1152.jpg 1536w, https:\/\/loudavymkrokem.cz\/wp-content\/uploads\/2026\/08\/pisek-travel-cafe-piskoviste-domecek-2048x1536.jpg 2048w, https:\/\/loudavymkrokem.cz\/wp-content\/uploads\/2026\/08\/pisek-travel-cafe-piskoviste-domecek-80x60.jpg 80w, https:\/\/loudavymkrokem.cz\/wp-content\/uploads\/2026\/08\/pisek-travel-cafe-piskoviste-domecek-160x120.jpg 160w, https:\/\/loudavymkrokem.cz\/wp-content\/uploads\/2026\/08\/pisek-travel-cafe-piskoviste-domecek-696x522.jpg 696w, https:\/\/loudavymkrokem.cz\/wp-content\/uploads\/2026\/08\/pisek-travel-cafe-piskoviste-domecek-1392x1044.jpg 1392w, https:\/\/loudavymkrokem.cz\/wp-content\/uploads\/2026\/08\/pisek-travel-cafe-piskoviste-domecek-1920x1440.jpg 1920w\" sizes=\"(max-width: 2200px) 100vw, 2200px\" \/><button\n\t\t\tclass=\"lightbox-trigger\"\n\t\t\ttype=\"button\"\n\t\t\taria-haspopup=\"dialog\"\n\t\t\tdata-wp-bind--aria-label=\"state.thisImage.triggerButtonAriaLabel\"\n\t\t\tdata-wp-init=\"callbacks.initTriggerButton\"\n\t\t\tdata-wp-on--click=\"actions.showLightbox\"\n\t\t\tdata-wp-style--right=\"state.thisImage.buttonRight\"\n\t\t\tdata-wp-style--top=\"state.thisImage.buttonTop\"\n\t\t>\n\t\t\t<svg xmlns=\"http:\/\/www.w3.org\/2000\/svg\" width=\"12\" height=\"12\" fill=\"none\" viewBox=\"0 0 12 12\">\n\t\t\t\t<path fill=\"#fff\" d=\"M2 0a2 2 0 0 0-2 2v2h1.5V2a.5.5 0 0 1 .5-.5h2V0H2Zm2 10.5H2a.5.5 0 0 1-.5-.5V8H0v2a2 2 0 0 0 2 2h2v-1.5ZM8 12v-1.5h2a.5.5 0 0 0 .5-.5V8H12v2a2 2 0 0 1-2 2H8Zm2-12a2 2 0 0 1 2 2v2h-1.5V2a.5.5 0 0 0-.5-.5H8V0h2Z\" \/>\n\t\t\t<\/svg>\n\t\t<\/button><\/figure>\n\n\n\n<figure data-wp-context=\"{&quot;imageId&quot;:&quot;6a9530c2e5e94&quot;}\" data-wp-interactive=\"core\/image\" data-wp-key=\"6a9530c2e5e94\" class=\"wp-block-image size-full wp-lightbox-container\"><img decoding=\"async\" width=\"2200\" height=\"1467\" data-wp-class--hide=\"state.isContentHidden\" data-wp-class--show=\"state.isContentVisible\" data-wp-init=\"callbacks.setButtonStyles\" data-wp-on--click=\"actions.showLightbox\" data-wp-on--load=\"callbacks.setButtonStyles\" data-wp-on--pointerdown=\"actions.preloadImage\" data-wp-on--pointerenter=\"actions.preloadImageWithDelay\" data-wp-on--pointerleave=\"actions.cancelPreload\" data-wp-on-window--resize=\"callbacks.setButtonStyles\" src=\"https:\/\/loudavymkrokem.cz\/wp-content\/uploads\/2026\/08\/pisek-namesticko-zahradky.jpg\" alt=\"Kis t\u00e9r P\u00edsek belv\u00e1ros\u00e1ban ny\u00e1ri kertvend\u00e9gl\u0151kkel\" class=\"wp-image-399382\" title=\"\" srcset=\"https:\/\/loudavymkrokem.cz\/wp-content\/uploads\/2026\/08\/pisek-namesticko-zahradky.jpg 2200w, https:\/\/loudavymkrokem.cz\/wp-content\/uploads\/2026\/08\/pisek-namesticko-zahradky-300x200.jpg 300w, https:\/\/loudavymkrokem.cz\/wp-content\/uploads\/2026\/08\/pisek-namesticko-zahradky-700x467.jpg 700w, https:\/\/loudavymkrokem.cz\/wp-content\/uploads\/2026\/08\/pisek-namesticko-zahradky-768x512.jpg 768w, https:\/\/loudavymkrokem.cz\/wp-content\/uploads\/2026\/08\/pisek-namesticko-zahradky-1536x1024.jpg 1536w, https:\/\/loudavymkrokem.cz\/wp-content\/uploads\/2026\/08\/pisek-namesticko-zahradky-2048x1366.jpg 2048w, https:\/\/loudavymkrokem.cz\/wp-content\/uploads\/2026\/08\/pisek-namesticko-zahradky-696x464.jpg 696w, https:\/\/loudavymkrokem.cz\/wp-content\/uploads\/2026\/08\/pisek-namesticko-zahradky-1392x928.jpg 1392w, https:\/\/loudavymkrokem.cz\/wp-content\/uploads\/2026\/08\/pisek-namesticko-zahradky-1920x1280.jpg 1920w\" sizes=\"(max-width: 2200px) 100vw, 2200px\" \/><button\n\t\t\tclass=\"lightbox-trigger\"\n\t\t\ttype=\"button\"\n\t\t\taria-haspopup=\"dialog\"\n\t\t\tdata-wp-bind--aria-label=\"state.thisImage.triggerButtonAriaLabel\"\n\t\t\tdata-wp-init=\"callbacks.initTriggerButton\"\n\t\t\tdata-wp-on--click=\"actions.showLightbox\"\n\t\t\tdata-wp-style--right=\"state.thisImage.buttonRight\"\n\t\t\tdata-wp-style--top=\"state.thisImage.buttonTop\"\n\t\t>\n\t\t\t<svg xmlns=\"http:\/\/www.w3.org\/2000\/svg\" width=\"12\" height=\"12\" fill=\"none\" viewBox=\"0 0 12 12\">\n\t\t\t\t<path fill=\"#fff\" d=\"M2 0a2 2 0 0 0-2 2v2h1.5V2a.5.5 0 0 1 .5-.5h2V0H2Zm2 10.5H2a.5.5 0 0 1-.5-.5V8H0v2a2 2 0 0 0 2 2h2v-1.5ZM8 12v-1.5h2a.5.5 0 0 0 .5-.5V8H12v2a2 2 0 0 1-2 2H8Zm2-12a2 2 0 0 1 2 2v2h-1.5V2a.5.5 0 0 0-.5-.5H8V0h2Z\" \/>\n\t\t\t<\/svg>\n\t\t<\/button><\/figure>\n\n\n\n<p class=\"wp-block-paragraph\">Amikor k\u00e1v\u00e9ra \u00e9s \u00e9telre ker\u00fcl a sor, esk\u00fcsz\u00f6m a <strong>Travel Caf\u00e9ra a Komensk\u00fd utc\u00e1ban<\/strong>, ahov\u00e1 Jon\u00e1\u0161k\u00e1val \u00e9s Luk\u00e1\u0161sal a leggyakrabban j\u00e1runk, \u00e9s szinte mindig kint \u00fcl\u00fcnk. Van ugyanis egy csod\u00e1s kertj\u00fck a bels\u0151 udvaron remek homokoz\u00f3val \u00e9s egy kis h\u00e1zik\u00f3val, \u00edgy nyugodtan megiszom a v\u00e1logatott k\u00e1v\u00e9mat, m\u00edg a kicsi a homokform\u00e1kkal j\u00e1tszik.<\/p>\n\n\n\n<p class=\"wp-block-paragraph\">Itt nem csak a k\u00e1v\u00e9r\u00f3l van sz\u00f3: <strong>t\u00f6k\u00e9letes reggelij\u00fck \u00e9s k\u00f6nny\u0171 eb\u00e9djeik is vannak<\/strong>, \u00edgy itt mindannyian j\u00f3llakunk, bele\u00e9rtve a kicsit is, aki palacsint\u00e1t eszik. Nek\u00fcnk ez egy\u00e9rtelm\u0171en a kedvenc c\u00edm\u00fcnk a v\u00e1rosban.<\/p>\n\n\n\n<p class=\"wp-block-paragraph\">Ha tov\u00e1bbi gyerekbar\u00e1t k\u00e1v\u00e9z\u00f3kat keresel, mindenk\u00e9pp pr\u00f3b\u00e1ld ki a <strong>SOHO Caf\u00e9t egy elker\u00edtett sarokkal \u00e9s kiv\u00e1l\u00f3 palacsint\u00e1kkal<\/strong>, vagy a Sova na V\u011btvi k\u00e1v\u00e9z\u00f3t, ahol saj\u00e1t p\u00f6rk\u00f6l\u0151j\u00fck \u00e9s j\u00e1tsz\u00f3sarkuk van. Remek v\u00e1laszt\u00e1s a <strong>YEZ Caf\u00e9 is k\u00f6zvetlen\u00fcl a k\u00f6zleked\u00e9si j\u00e1tsz\u00f3t\u00e9rn\u00e9l<\/strong>, ahol homokoz\u00f3 van a legkisebbeknek, vagy az Upekla cukr\u00e1szda (glut\u00e9nmentes desszertjeik is vannak), amely az udvar\u00e1n egy m\u00e1sik homokoz\u00f3t rejt.<\/p>\n\n\n\n<p class=\"wp-block-paragraph\">Ha az eb\u00e9det szeretn\u00e9tek a szabadban t\u00f6lt\u00e9ssel \u00f6sszek\u00f6tni, <strong>az Ostrov \u00e9tterem k\u00f6zvetlen\u00fcl a foly\u00f3 melletti parkban fekszik<\/strong>, \u00e9s a ny\u00e1ri kertje mellett egy beker\u00edtett gyerekj\u00e1tsz\u00f3teret tal\u00e1lsz. A sz\u00fcl\u0151k \u00edgy f\u00e9l\u00e1rny\u00e9kban \u00e9lvezhetik az \u00e9telt, m\u00edg a nagyobb gyerekek nem messze j\u00e1tszanak vagy a helyi minigolfon gyakorolnak.<\/p>\n\n\n\n<p class=\"wp-block-paragraph\">B\u0151s\u00e9ges eb\u00e9dre vagy vacsor\u00e1ra melegen aj\u00e1nlom a <strong>Tandoor indiai \u00e9ttermet<\/strong>, ahol remek nep\u00e1li szak\u00e1csok f\u0151znek, \u00e9s a legjobb veget\u00e1ri\u00e1nus Palak Paneert k\u00e9sz\u00edtik, amire a f\u00e9rjemmel mindig el\u0151re \u00f6r\u00fcl\u00fcnk. Vagy n\u00e9zz be a Do Nebe \u00e9tterembe a Palack\u00fd-ligetben. Ez ugyan els\u0151sorban steakhouse, \u00e9s <strong>a men\u00fc folyamatosan v\u00e1ltozik<\/strong>, \u00edgy el\u0151re sosem tudom, hogy veget\u00e1ri\u00e1nusk\u00e9nt j\u00f3llakunk-e. N\u00e9ha van valami h\u00fasmentes, ez\u00e9rt j\u00e1runk ide.<\/p>\n\n\n\n<p class=\"wp-block-paragraph\">Ha megk\u00edv\u00e1nod a klasszikus olasz konyh\u00e1t, a <strong>San Marco Pizzeria a Nagyt\u00e9ren<\/strong> remek fat\u00fczel\u00e9s\u0171 pizz\u00e1t \u00e9s kiv\u00e1l\u00f3 h\u00e1zi t\u00e9szt\u00e1t k\u00edn\u00e1l. Hasonl\u00f3an remek a Pomodoro olasz \u00e9tterem is k\u00f6zvetlen\u00fcl a templom mellett, ahol ny\u00e1ron a teraszon r\u00e1ad\u00e1sul megk\u00f3stolhatod a kiv\u00e1l\u00f3 h\u00e1zi fagylaltjukat.<\/p>\n\n\n\n<p class=\"wp-block-paragraph\">Ami a tov\u00e1bbi v\u00e1logatott k\u00e1v\u00e9t illeti, ink\u00e1bb menj a <strong>Coffee Dealer nev\u0171 helyre a Drl\u00ed\u010dovon<\/strong>, ahol remek filteres k\u00e1v\u00e9t k\u00e9sz\u00edtenek. A gyakran aj\u00e1nlott Kaf\u00e9rna ugyan j\u00f3 k\u00e1v\u00e9t ad, de a kiszolg\u00e1l\u00e1s ismeretlen okokb\u00f3l \u00e1t tud kiab\u00e1lni az eg\u00e9sz utc\u00e1n. Ez a k\u00e1v\u00e9b\u00e1r a helyiek k\u00f6r\u00e9ben a kellemetlen kiszolg\u00e1l\u00e1s\u00e1r\u00f3l h\u00edres, \u00e9s k\u00e1r ezzel elrontani a l\u00e1togat\u00e1st, \u00edgy a p\u00e9nzt ink\u00e1bb p\u00e1r l\u00e9p\u00e9ssel arr\u00e9bb, a Coffee Dealerben k\u00f6ltsd el.<\/p>\n\n\n\n<h2 class=\"wp-block-heading\"><span class=\"ez-toc-section\" id=\"Mit_csinalj_Piseken_gyerekekkel_ha_esik\"><\/span>Mit csin\u00e1lj P\u00edseken gyerekekkel, ha esik<span class=\"ez-toc-section-end\"><\/span><\/h2>\n\n\n\n<figure data-wp-context=\"{&quot;imageId&quot;:&quot;6a9530c2e67b7&quot;}\" data-wp-interactive=\"core\/image\" data-wp-key=\"6a9530c2e67b7\" class=\"wp-block-image size-full wp-lightbox-container\"><img decoding=\"async\" width=\"2200\" height=\"1467\" data-wp-class--hide=\"state.isContentHidden\" data-wp-class--show=\"state.isContentVisible\" data-wp-init=\"callbacks.setButtonStyles\" data-wp-on--click=\"actions.showLightbox\" data-wp-on--load=\"callbacks.setButtonStyles\" data-wp-on--pointerdown=\"actions.preloadImage\" data-wp-on--pointerenter=\"actions.preloadImageWithDelay\" data-wp-on--pointerleave=\"actions.cancelPreload\" data-wp-on-window--resize=\"callbacks.setButtonStyles\" src=\"https:\/\/loudavymkrokem.cz\/wp-content\/uploads\/2026\/08\/pisek-prachenske-muzeum-vstup.jpg\" alt=\"\u00c1tj\u00e1r\u00f3 a p\u00edseki Pr\u00e1che\u0148 M\u00fazeum udvar\u00e1ra\" class=\"wp-image-399345\" title=\"\" srcset=\"https:\/\/loudavymkrokem.cz\/wp-content\/uploads\/2026\/08\/pisek-prachenske-muzeum-vstup.jpg 2200w, https:\/\/loudavymkrokem.cz\/wp-content\/uploads\/2026\/08\/pisek-prachenske-muzeum-vstup-300x200.jpg 300w, https:\/\/loudavymkrokem.cz\/wp-content\/uploads\/2026\/08\/pisek-prachenske-muzeum-vstup-700x467.jpg 700w, https:\/\/loudavymkrokem.cz\/wp-content\/uploads\/2026\/08\/pisek-prachenske-muzeum-vstup-768x512.jpg 768w, https:\/\/loudavymkrokem.cz\/wp-content\/uploads\/2026\/08\/pisek-prachenske-muzeum-vstup-1536x1024.jpg 1536w, https:\/\/loudavymkrokem.cz\/wp-content\/uploads\/2026\/08\/pisek-prachenske-muzeum-vstup-2048x1366.jpg 2048w, https:\/\/loudavymkrokem.cz\/wp-content\/uploads\/2026\/08\/pisek-prachenske-muzeum-vstup-696x464.jpg 696w, https:\/\/loudavymkrokem.cz\/wp-content\/uploads\/2026\/08\/pisek-prachenske-muzeum-vstup-1392x928.jpg 1392w, https:\/\/loudavymkrokem.cz\/wp-content\/uploads\/2026\/08\/pisek-prachenske-muzeum-vstup-1920x1280.jpg 1920w\" sizes=\"(max-width: 2200px) 100vw, 2200px\" \/><button\n\t\t\tclass=\"lightbox-trigger\"\n\t\t\ttype=\"button\"\n\t\t\taria-haspopup=\"dialog\"\n\t\t\tdata-wp-bind--aria-label=\"state.thisImage.triggerButtonAriaLabel\"\n\t\t\tdata-wp-init=\"callbacks.initTriggerButton\"\n\t\t\tdata-wp-on--click=\"actions.showLightbox\"\n\t\t\tdata-wp-style--right=\"state.thisImage.buttonRight\"\n\t\t\tdata-wp-style--top=\"state.thisImage.buttonTop\"\n\t\t>\n\t\t\t<svg xmlns=\"http:\/\/www.w3.org\/2000\/svg\" width=\"12\" height=\"12\" fill=\"none\" viewBox=\"0 0 12 12\">\n\t\t\t\t<path fill=\"#fff\" d=\"M2 0a2 2 0 0 0-2 2v2h1.5V2a.5.5 0 0 1 .5-.5h2V0H2Zm2 10.5H2a.5.5 0 0 1-.5-.5V8H0v2a2 2 0 0 0 2 2h2v-1.5ZM8 12v-1.5h2a.5.5 0 0 0 .5-.5V8H12v2a2 2 0 0 1-2 2H8Zm2-12a2 2 0 0 1 2 2v2h-1.5V2a.5.5 0 0 0-.5-.5H8V0h2Z\" \/>\n\t\t\t<\/svg>\n\t\t<\/button><\/figure>\n\n\n\n<p class=\"wp-block-paragraph\">M\u00e9g ha a nyaral\u00e1son meg is lep a rossz id\u0151, P\u00edseken ez egy\u00e1ltal\u00e1n nem baj. \u00cdme egy <strong>r\u00f6vid lista a legjobb lehet\u0151s\u00e9gekr\u0151l<\/strong>, hov\u00e1 b\u00fajhatsz be a gyerekekkel a sz\u00e1razba:<\/p>\n\n\n\n<ul class=\"wp-block-list\">\n<li><strong>Sladovna P\u00edsek:<\/strong> H\u00faz\u00f3djatok be p\u00e1r \u00f3r\u00e1ra a Pila\u0159i\u0161t\u011bbe vagy a Hangyabolyba, a jegyeket viszont online vedd meg.<\/li>\n\n\n\n<li><strong>My\u0161ka j\u00e1tsz\u00f3h\u00e1z:<\/strong> Az \u00f3ri\u00e1si m\u00e1sz\u00f3k\u00e1k \u00e9s trambulinok a Porty\u010d negyedben megb\u00edzhat\u00f3an elf\u00e1rasztj\u00e1k a gyerekeket t\u00edz\u00e9ves korig.<\/li>\n\n\n\n<li><strong>\u00dasz\u00f3stadion:<\/strong> A meleg v\u00edz a gyerekmedenc\u00e9ben felmeleg\u00edt \u00e9s megr\u00f6vid\u00edti az es\u0151s d\u00e9lut\u00e1nt.<\/li>\n\n\n\n<li><strong>Hernajs:<\/strong> Kis emeleti j\u00e1tsz\u00f3h\u00e1z faj\u00e1t\u00e9kokkal, ide\u00e1lis a nagyj\u00e1b\u00f3l k\u00e9t \u00e9v alatti totyog\u00f3knak.<\/li>\n\n\n\n<li><strong>Porty\u010d mozi:<\/strong> Modern digit\u00e1lis mozi a \u010cechova utc\u00e1ban, amely d\u00e9lut\u00e1ni gyerekel\u0151ad\u00e1sokat is m\u0171sorra t\u0171z.<\/li>\n\n\n\n<li><strong>Laser Ar\u00e9na P\u00edsek:<\/strong> Remek akci\u00f3d\u00fas v\u00e1laszt\u00e1s a nagyobb gyerekeknek \u00e9s iskol\u00e1soknak egyenesen a f\u0151t\u00e9ren.<\/li>\n\n\n\n<li><strong>LezeTop:<\/strong> Belt\u00e9ri m\u00e1sz\u00f3fal biztons\u00e1gos gyerekboulderrel \u00e9s kellemes b\u00e1rral.<\/li>\n<\/ul>\n\n\n\n<h2 class=\"wp-block-heading\"><span class=\"ez-toc-section\" id=\"Gyakorlati_tippek_csaladoknak_parkolas_babakocsi_pelenkazas\"><\/span>Gyakorlati tippek csal\u00e1doknak: parkol\u00e1s, babakocsi, pelenk\u00e1z\u00e1s<span class=\"ez-toc-section-end\"><\/span><\/h2>\n\n\n\n<figure data-wp-context=\"{&quot;imageId&quot;:&quot;6a9530c2e70de&quot;}\" data-wp-interactive=\"core\/image\" data-wp-key=\"6a9530c2e70de\" class=\"wp-block-image size-full wp-lightbox-container\"><img decoding=\"async\" width=\"2200\" height=\"1467\" data-wp-class--hide=\"state.isContentHidden\" data-wp-class--show=\"state.isContentVisible\" data-wp-init=\"callbacks.setButtonStyles\" data-wp-on--click=\"actions.showLightbox\" data-wp-on--load=\"callbacks.setButtonStyles\" data-wp-on--pointerdown=\"actions.preloadImage\" data-wp-on--pointerenter=\"actions.preloadImageWithDelay\" data-wp-on--pointerleave=\"actions.cancelPreload\" data-wp-on-window--resize=\"callbacks.setButtonStyles\" src=\"https:\/\/loudavymkrokem.cz\/wp-content\/uploads\/2026\/08\/pisek-ulicka-vez-radnice.jpg\" alt=\"Utc\u00e1cska P\u00edsek t\u00f6rt\u00e9nelmi belv\u00e1ros\u00e1ban a v\u00e1rosh\u00e1za torny\u00e1val\" class=\"wp-image-399384\" title=\"\" srcset=\"https:\/\/loudavymkrokem.cz\/wp-content\/uploads\/2026\/08\/pisek-ulicka-vez-radnice.jpg 2200w, https:\/\/loudavymkrokem.cz\/wp-content\/uploads\/2026\/08\/pisek-ulicka-vez-radnice-300x200.jpg 300w, https:\/\/loudavymkrokem.cz\/wp-content\/uploads\/2026\/08\/pisek-ulicka-vez-radnice-700x467.jpg 700w, https:\/\/loudavymkrokem.cz\/wp-content\/uploads\/2026\/08\/pisek-ulicka-vez-radnice-768x512.jpg 768w, https:\/\/loudavymkrokem.cz\/wp-content\/uploads\/2026\/08\/pisek-ulicka-vez-radnice-1536x1024.jpg 1536w, https:\/\/loudavymkrokem.cz\/wp-content\/uploads\/2026\/08\/pisek-ulicka-vez-radnice-2048x1366.jpg 2048w, https:\/\/loudavymkrokem.cz\/wp-content\/uploads\/2026\/08\/pisek-ulicka-vez-radnice-696x464.jpg 696w, https:\/\/loudavymkrokem.cz\/wp-content\/uploads\/2026\/08\/pisek-ulicka-vez-radnice-1392x928.jpg 1392w, https:\/\/loudavymkrokem.cz\/wp-content\/uploads\/2026\/08\/pisek-ulicka-vez-radnice-1920x1280.jpg 1920w\" sizes=\"(max-width: 2200px) 100vw, 2200px\" \/><button\n\t\t\tclass=\"lightbox-trigger\"\n\t\t\ttype=\"button\"\n\t\t\taria-haspopup=\"dialog\"\n\t\t\tdata-wp-bind--aria-label=\"state.thisImage.triggerButtonAriaLabel\"\n\t\t\tdata-wp-init=\"callbacks.initTriggerButton\"\n\t\t\tdata-wp-on--click=\"actions.showLightbox\"\n\t\t\tdata-wp-style--right=\"state.thisImage.buttonRight\"\n\t\t\tdata-wp-style--top=\"state.thisImage.buttonTop\"\n\t\t>\n\t\t\t<svg xmlns=\"http:\/\/www.w3.org\/2000\/svg\" width=\"12\" height=\"12\" fill=\"none\" viewBox=\"0 0 12 12\">\n\t\t\t\t<path fill=\"#fff\" d=\"M2 0a2 2 0 0 0-2 2v2h1.5V2a.5.5 0 0 1 .5-.5h2V0H2Zm2 10.5H2a.5.5 0 0 1-.5-.5V8H0v2a2 2 0 0 0 2 2h2v-1.5ZM8 12v-1.5h2a.5.5 0 0 0 .5-.5V8H12v2a2 2 0 0 1-2 2H8Zm2-12a2 2 0 0 1 2 2v2h-1.5V2a.5.5 0 0 0-.5-.5H8V0h2Z\" \/>\n\t\t\t<\/svg>\n\t\t<\/button><\/figure>\n\n\n\n<p class=\"wp-block-paragraph\">A k\u00f6zleked\u00e9s P\u00edseken el\u00e9g egyszer\u0171, de a belv\u00e1rosi parkol\u00e1shoz mindenk\u00e9pp <strong>t\u00f6ltsd le az MPLA alkalmaz\u00e1st<\/strong>, amelyen kereszt\u00fcl egyszer\u0171en kifizeted a parkol\u00e1st apr\u00f3p\u00e9nz keresg\u00e9l\u00e9se n\u00e9lk\u00fcl. Ha teljesen ingyen szeretn\u00e9l parkolni, hagyd az aut\u00f3t az Elim sportcsarnokn\u00e1l, vagy nagyon olcs\u00f3n leparkolsz a V\u00e1s\u00e1rt\u00e9r melletti nagy parkol\u00f3ban.<\/p>\n\n\n\n<p class=\"wp-block-paragraph\">Babakocsival szinte mindenhov\u00e1 eljutsz, de ne feledd, hogy <strong>a t\u00f6rt\u00e9nelmi belv\u00e1rosban macskak\u0151 \u00e9s burkolat van<\/strong>, \u00edgy ink\u00e1bb a nagyobb, felf\u00fajhat\u00f3 kerekek j\u00f6nnek j\u00f3l. Ezzel szemben a foly\u00f3 ment\u00e9n \u00e9s a parkokban az utak sz\u00e9pen sim\u00e1k \u00e9s aszfaltozottak.<\/p>\n\n\n\n<p class=\"wp-block-paragraph\">A h\u00edres Sladovna l\u00e1togat\u00e1sakor nem kell bonyolult logisztik\u00e1t\u00f3l tartanod, mert <strong>a babakocsit k\u00e9nyelmesen leparkolod a f\u00f6ldszinti t\u00e1gas ruhat\u00e1rban<\/strong>, ahol k\u00fcl\u00f6n hely van kijel\u00f6lve nekik. Ugyan\u00edgy a list\u00e1mon szerepl\u0151 legt\u00f6bb k\u00e1v\u00e9z\u00f3 \u00e9s \u00e9tterem rendelkezik gyereksz\u00e9kekkel \u00e9s h\u00e1tt\u00e9rrel a k\u00e9nyelmes pelenk\u00e1z\u00e1shoz.<\/p>\n\n\n\n<h2 class=\"wp-block-heading\"><span class=\"ez-toc-section\" id=\"Hova_tovabb\"><\/span>Hova tov\u00e1bb<span class=\"ez-toc-section-end\"><\/span><\/h2>\n\n\n\n<p class=\"wp-block-paragraph\">Hogy \u00e9ppen mi t\u00f6rt\u00e9nik P\u00edseken, azt a <a href=\"https:\/\/pisek.info\/akce\" target=\"_blank\" rel=\"noopener\">pisek.info\/akce<\/a> oldalon k\u00f6vesd, a helyek \u00e9s nevezetess\u00e9gek list\u00e1j\u00e1t a <a href=\"https:\/\/pisek.info\/mista\" target=\"_blank\" rel=\"noopener\">pisek.info\/mista<\/a> tartalmazza, a sz\u00fcl\u0151k pedig \u00e9rt\u00e9kelni fogj\u00e1k a teljes <a href=\"https:\/\/pisek.info\/deti\" target=\"_blank\" rel=\"noopener\">Gyerekek<\/a> rovatot \u00f3vod\u00e1kkal, gyerekcsoportokkal \u00e9s szakk\u00f6r\u00f6kkel.<\/p>\n\n\n\n<p class=\"wp-block-paragraph\">Ha P\u00edsek felkeltette az \u00e9rdekl\u0151d\u00e9sed, \u00e9s m\u00e9g jobban fel szeretn\u00e9d fedezni, olvasd el a <a href=\"https:\/\/loudavymkrokem.cz\/hu\/mit-latni-pisek-csehorszag\/\">Mit l\u00e1ss P\u00edseken: 39 tipp egy helyi lakost\u00f3l<\/a> cikk\u00fcnket, ahol rengeteg t\u00f6rt\u00e9nelmi \u00e9rdekess\u00e9get tal\u00e1lsz. Egy hosszabb nyaral\u00e1s megtervez\u00e9s\u00e9hez j\u00f3l j\u00f6n a <a href=\"https:\/\/loudavymkrokem.cz\/hu\/del-csehorszag-latnivalok-2\/\">Hova nyaralni D\u00e9l-Csehorsz\u00e1gban<\/a> \u00fatmutat\u00f3 vagy az inspir\u00e1ci\u00f3 a <a href=\"https:\/\/loudavymkrokem.cz\/hu\/del-csehorszag-legszebb-varosok\/\">8 kir\u00e1ndul\u00e1s D\u00e9l-Csehorsz\u00e1gban<\/a> cikkb\u0151l.<\/p>\n\n\n\n<p class=\"wp-block-paragraph\">Ha szeretsz tov\u00e1bbi gy\u00f6ny\u00f6r\u0171 v\u00e1rosokat felfedezni, n\u00e9zd meg a <a href=\"https:\/\/loudavymkrokem.cz\/hu\/tabor-csehorszag-latnivalok\/\">Mit l\u00e1ss T\u00e1borban<\/a> cikk\u00fcnket, \u00e9s ne feledkezz meg <a href=\"https:\/\/loudavymkrokem.cz\/hu\/ceske-budejovice-csehorszag\/\">\u010cesk\u00e9 Bud\u011bjovic\u00e9r\u0151l<\/a> sem. A term\u00e9szetkedvel\u0151k pedig biztosan \u00e9rt\u00e9kelik a <a href=\"https:\/\/loudavymkrokem.cz\/hu\/sumava-csehorszag-babakocsi\/\">\u0160umava babakocsival<\/a> tippjeit, a sz\u00e9lesebb \u00e1ttekint\u00e9shez pedig kukkants a <a href=\"https:\/\/loudavymkrokem.cz\/hu\/csehorszag-nyaralas-tippek\/\">Hova nyaralni Csehorsz\u00e1gban<\/a> cikkbe.<\/p>\n\n\n\n<p class=\"wp-block-paragraph\">\u00c9s ha a csal\u00e1di c\u00e9lpontokon k\u00edv\u00fcl is terveztek kir\u00e1ndul\u00e1sokat, n\u00e9zd meg a <a href=\"https:\/\/loudavymkrokem.cz\/vylety-v-okoli-pisku\/\">Kir\u00e1ndul\u00e1sok P\u00edsek k\u00f6rny\u00e9k\u00e9n: 30 tipp egy helyi lakost\u00f3l<\/a> cikket, ahol v\u00e1rakat, kast\u00e9lyokat, kil\u00e1t\u00f3kat \u00e9s vizeket tal\u00e1lsz P\u00edsekt\u0151l val\u00f3 t\u00e1vols\u00e1g szerint rendezve.<\/p>\n\n\n\n<h2 class=\"wp-block-heading\"><span class=\"ez-toc-section\" id=\"Gyakran_ismetelt_kerdesek\"><\/span>Gyakran ism\u00e9telt k\u00e9rd\u00e9sek<span class=\"ez-toc-section-end\"><\/span><\/h2>\n\n\n<div id=\"rank-math-faq\" class=\"rank-math-block\">\n<div class=\"rank-math-list \">\n<div id=\"faq-question-1787751907000\" class=\"rank-math-list-item\">\n<h3 class=\"rank-math-question \"><span class=\"ez-toc-section\" id=\"Mit_lehet_csinalni_Pisekben_gyerekekkel_ha_esik_az_eso\"><\/span>Mit lehet csin\u00e1lni P\u00edsekben gyerekekkel, ha esik az es\u0151?<span class=\"ez-toc-section-end\"><\/span><\/h3>\n<div class=\"rank-math-answer \">\n\n<p>A legjobb mened\u00e9k az es\u0151 el\u0151l a Sladovna j\u00e1t\u00e9kos gal\u00e9ri\u00e1ja a Pila\u0159i\u0161t\u011b \u00e9s Mraveni\u0161t\u011b ki\u00e1ll\u00edt\u00e1sokkal. Remek alternat\u00edva az \u00f3ri\u00e1si My\u0161ka j\u00e1tsz\u00f3h\u00e1z a Porty\u010dban, az uszoda a plaveck\u00fd stadionban vagy a kis Hernajs j\u00e1tsz\u00f3h\u00e1z a Jungmannova utc\u00e1ban. Es\u0151s d\u00e9lut\u00e1nra kiv\u00e1l\u00f3 a Porty\u010d mozi is gyerekeknek sz\u00f3l\u00f3 el\u0151ad\u00e1sokkal.<\/p>\n\n<\/div>\n<\/div>\n<div id=\"faq-question-1787751907001\" class=\"rank-math-list-item\">\n<h3 class=\"rank-math-question \"><span class=\"ez-toc-section\" id=\"Mennyibe_kerul_a_Sladovna\"><\/span>Mennyibe ker\u00fcl a Sladovna?<span class=\"ez-toc-section-end\"><\/span><\/h3>\n<div class=\"rank-math-answer \">\n\n<p>A Pila\u0159i\u0161t\u011b alapbel\u00e9p\u0151je szem\u00e9lyenk\u00e9nt 1200 Ft, az egy \u00e9v alatti bab\u00e1k ingyenesen l\u00e1togathatnak. A f\u0151 ki\u00e1ll\u00edt\u00e1sokra sz\u00f3l\u00f3 csal\u00e1di bel\u00e9p\u0151 5000 \u00e9s 6000 Ft k\u00f6z\u00f6tt mozog. A jegyeket mindenk\u00e9ppen foglald le el\u0151re online, a kapacit\u00e1s gyorsan betelik.<\/p>\n\n<\/div>\n<\/div>\n<div id=\"faq-question-1787751907002\" class=\"rank-math-list-item\">\n<h3 class=\"rank-math-question \"><span class=\"ez-toc-section\" id=\"Hova_menjunk_Pisekben_kisgyerekkel\"><\/span>Hova menj\u00fcnk P\u00edsekben kisgyerekkel?<span class=\"ez-toc-section-end\"><\/span><\/h3>\n<div class=\"rank-math-answer \">\n\n<p>K\u00e9t\u00e9ves gyerekeknek ide\u00e1lis a Pila\u0159i\u0161t\u011b a Sladovn\u00e1ban, a homokoz\u00f3 a Travel Cafe-ban vagy a vadonat\u00faj j\u00e1tsz\u00f3t\u00e9r a Na Trub\u00e1chban. A k\u00f6rny\u00e9kbeli kir\u00e1ndul\u00e1sok k\u00f6z\u00fcl a kisgyerekek legink\u00e1bb a putimi Na\u0161e zv\u00ed\u0159\u00e1tka mini \u00e1llatkertet szeretik, amely r\u00e1ad\u00e1sul teljesen ingyenes.<\/p>\n\n<\/div>\n<\/div>\n<div id=\"faq-question-1787751907003\" class=\"rank-math-list-item\">\n<h3 class=\"rank-math-question \"><span class=\"ez-toc-section\" id=\"Melyik_a_legjobb_jatszohaz_Pisekben\"><\/span>Melyik a legjobb j\u00e1tsz\u00f3h\u00e1z P\u00edsekben?<span class=\"ez-toc-section-end\"><\/span><\/h3>\n<div class=\"rank-math-answer \">\n\n<p>A legnagyobb \u00e9s legl\u00e1togatottabb a My\u0161ka herna a V Porty\u010di utc\u00e1ban. A berendez\u00e9s m\u00e1r elavult, de m\u00e9g mindig ez a legnagyobb t\u00e9r a v\u00e1rosban: hatalmas m\u00e1sz\u00f3k\u00e1k, trambulin \u00e9s biztons\u00e1gos sarok a bab\u00e1knak. Egy \u00f3r\u00e1ra 850 Ft-ot fizetsz, de a gyerekek sim\u00e1n elt\u00f6ltenek itt ak\u00e1r egy eg\u00e9sz d\u00e9lel\u0151tt\u00f6t.<\/p>\n\n<\/div>\n<\/div>\n<div id=\"faq-question-1787751907004\" class=\"rank-math-list-item\">\n<h3 class=\"rank-math-question \"><span class=\"ez-toc-section\" id=\"Melyek_a_legjobb_kirandulasok_20_percen_belul\"><\/span>Melyek a legjobb kir\u00e1ndul\u00e1sok 20 percen bel\u00fcl?<span class=\"ez-toc-section-end\"><\/span><\/h3>\n<div class=\"rank-math-answer \">\n\n<p>Semmik\u00e9pp ne hagyd ki az \u00faj Farmapark Maletice-t \u00f3ri\u00e1si trambulinokkal \u00e9s \u00e1llatokkal. Kiv\u00e1l\u00f3 v\u00e1laszt\u00e1s a Kr\u00e1lovstv\u00ed \u010dasu Protiv\u00ednban is, ahol gy\u00f6ny\u00f6r\u0171 j\u00e1tsz\u00f3h\u00e1z van k\u00e1v\u00e9z\u00f3val, vagy a var\u00e1zslatos Poh\u00e1dkov\u00e1 kov\u00e1rna Selibovban \u00e9l\u0151 szamarakkal \u00e9s kreat\u00edv m\u0171helyekkel.<\/p>\n\n<\/div>\n<\/div>\n<div id=\"faq-question-1787751907005\" class=\"rank-math-list-item\">\n<h3 class=\"rank-math-question \"><span class=\"ez-toc-section\" id=\"Alkalmas_Pisek_babakocsival\"><\/span>Alkalmas P\u00edsek babakocsival?<span class=\"ez-toc-section-end\"><\/span><\/h3>\n<div class=\"rank-math-answer \">\n\n<p>Igen, P\u00edsek nagyon babakocsival bar\u00e1t. Az Otava foly\u00f3 parti s\u00e9t\u00e1ny, a M\u011bstsk\u00fd ostrov \u00e9s a k\u00f6rnyez\u0151 erd\u0151k a P\u00edseck\u00e9 hor\u00e1kban gy\u00f6ny\u00f6r\u0171 aszfaltozott vagy ki\u00e9p\u00edtett utakkal rendelkeznek. Csak a t\u00f6rt\u00e9nelmi k\u00f6zpontban a tereken sz\u00e1m\u00edts klasszikus k\u00f6vezetre \u00e9s macskak\u00f6vekre.<\/p>\n\n<\/div>\n<\/div>\n<div id=\"faq-question-1787751907006\" class=\"rank-math-list-item\">\n<h3 class=\"rank-math-question \"><span class=\"ez-toc-section\" id=\"Hol_lehet_furodni_Pisekben_gyerekekkel\"><\/span>Hol lehet f\u00fcr\u00f6dni P\u00edsekben gyerekekkel?<span class=\"ez-toc-section-end\"><\/span><\/h3>\n<div class=\"rank-math-answer \">\n\n<p>Ny\u00e1ron verhetetlen a V\u00e1clav strandf\u00fcrd\u0151 k\u00f6zvetlen\u00fcl a foly\u00f3n, ahol gyerekmedence is van cs\u00faszd\u00e1val \u00e9s pancsol\u00f3val. A ny\u00e1ri szez\u00f3non k\u00edv\u00fcl pedig menj gyerekekkel a v\u00e1rosi uszod\u00e1ba, amely f\u0171t\u00f6tt gyerekmedenc\u00e9t \u00e9s g\u0151zkamr\u00e1kat k\u00edn\u00e1l.<\/p>\n\n<\/div>\n<\/div>\n<div id=\"faq-question-1787751907007\" class=\"rank-math-list-item\">\n<h3 class=\"rank-math-question \"><span class=\"ez-toc-section\" id=\"Hova_mehetunk_gyerekekkel_ingyen\"><\/span>Hova mehet\u00fcnk gyerekekkel ingyen?<span class=\"ez-toc-section-end\"><\/span><\/h3>\n<div class=\"rank-math-answer \">\n\n<p>Teljesen ingyenes az \u00f3ri\u00e1si homokszobrok megtekint\u00e9se a rakparton \u00e9s az \u0151zek etet\u00e9se az U Vod\u00e1ka erdei kifut\u00f3n\u00e1l. Ingyenes a bel\u00e9p\u00e9s a fantasztikus goly\u00f3p\u00e1ly\u00e1s j\u00e1tsz\u00f3t\u00e9rre is a Jir\u00e1skovo n\u00e1b\u0159e\u017e\u00edn vagy a gy\u00f6ny\u00f6r\u0171 mini \u00e1llatkertbe kengurukkal \u00e9s szurik\u00e1t\u00e1kkal a k\u00f6zeli Putimban.<\/p>\n\n<\/div>\n<\/div>\n<\/div>\n<\/div>","protected":false},"excerpt":{"rendered":"<p>Csal\u00e1di nyaral\u00e1st terveztek D\u00e9l-Csehorsz\u00e1gban? Egy helyi anyuka el\u00e1rulja a legjobb j\u00e1tsz\u00f3h\u00e1zakat, j\u00e1tsz\u00f3tereket \u00e9s kir\u00e1ndul\u00e1sokat P\u00edseken, amikbe a gyerekekkel is beleszerettek.<\/p>\n","protected":false},"author":3,"featured_media":399352,"comment_status":"open","ping_status":"open","sticky":false,"template":"","format":"standard","meta":{"_acf_changed":false,"footnotes":"","rank_math_title":"P\u00edsek gyerekekkel: 44 helyi tipp 2026-ra","rank_math_description":"P\u00edsek gyerekekkel: helyi anyuka 44 tippje j\u00e1tsz\u00f3h\u00e1zakr\u00f3l, j\u00e1tsz\u00f3terekr\u0151l \u00e9s kir\u00e1ndul\u00e1sokr\u00f3l 2026-ra \u00e1rakkal \u00e9s nyitvatart\u00e1ssal. Tervezd meg a csal\u00e1di nyaral\u00e1st!","rank_math_focus_keyword":"P\u00edsek gyerekekkel","rank_math_seo_score":""},"categories":[1857,1804,1788],"tags":[],"class_list":["post-409168","post","type-post","status-publish","format-standard","has-post-thumbnail","category-csehorszag","category-europa","category-utazas"],"acf":[],"featured_image_src":"https:\/\/loudavymkrokem.cz\/wp-content\/uploads\/2026\/08\/pisek-velke-namesti-vez-kostela.jpg","author_info":{"display_name":"Lucie Kone\u010dn\u00e1","author_link":"https:\/\/loudavymkrokem.cz\/hu\/author\/lucie-konecna\/"},"_links":{"self":[{"href":"https:\/\/loudavymkrokem.cz\/hu\/wp-json\/wp\/v2\/posts\/409168","targetHints":{"allow":["GET"]}}],"collection":[{"href":"https:\/\/loudavymkrokem.cz\/hu\/wp-json\/wp\/v2\/posts"}],"about":[{"href":"https:\/\/loudavymkrokem.cz\/hu\/wp-json\/wp\/v2\/types\/post"}],"author":[{"embeddable":true,"href":"https:\/\/loudavymkrokem.cz\/hu\/wp-json\/wp\/v2\/users\/3"}],"replies":[{"embeddable":true,"href":"https:\/\/loudavymkrokem.cz\/hu\/wp-json\/wp\/v2\/comments?post=409168"}],"version-history":[{"count":2,"href":"https:\/\/loudavymkrokem.cz\/hu\/wp-json\/wp\/v2\/posts\/409168\/revisions"}],"predecessor-version":[{"id":409170,"href":"https:\/\/loudavymkrokem.cz\/hu\/wp-json\/wp\/v2\/posts\/409168\/revisions\/409170"}],"wp:featuredmedia":[{"embeddable":true,"href":"https:\/\/loudavymkrokem.cz\/hu\/wp-json\/wp\/v2\/media\/399352"}],"wp:attachment":[{"href":"https:\/\/loudavymkrokem.cz\/hu\/wp-json\/wp\/v2\/media?parent=409168"}],"wp:term":[{"taxonomy":"category","embeddable":true,"href":"https:\/\/loudavymkrokem.cz\/hu\/wp-json\/wp\/v2\/categories?post=409168"},{"taxonomy":"post_tag","embeddable":true,"href":"https:\/\/loudavymkrokem.cz\/hu\/wp-json\/wp\/v2\/tags?post=409168"}],"curies":[{"name":"wp","href":"https:\/\/api.w.org\/{rel}","templated":true}]}}