{"id":409165,"date":"2026-08-27T11:46:50","date_gmt":"2026-08-27T09:46:50","guid":{"rendered":"https:\/\/loudavymkrokem.cz\/orea-hotel-arigone-olomouc\/"},"modified":"2026-08-31T08:13:46","modified_gmt":"2026-08-31T06:13:46","slug":"orea-hotel-arigone-olomouc","status":"publish","type":"post","link":"https:\/\/loudavymkrokem.cz\/hu\/orea-hotel-arigone-olomouc\/","title":{"rendered":"OREA Hotel Arigone Olomouc: szob\u00e1ban pezsg\u0151f\u00fcrd\u0151 \u00e9s szauna \u2013 sz\u00e1lloda\u00e9rt\u00e9kel\u00e9s"},"content":{"rendered":"\n<p class=\"wp-block-paragraph\">Az <strong>OREA Hotel Arigone<\/strong> Olomoucban egyetlen dolog miatt esett a v\u00e1laszt\u00e1sunk: a szob\u00e1ban l\u00e9v\u0151 pezsg\u0151f\u00fcrd\u0151 \u00e9s szauna miatt. Amikor ugyanis a gyerek el\u0151tti id\u0151kre gondolok, hossz\u00fa h\u00e9tv\u00e9g\u00e9k jutnak eszembe, amikor Luk\u00e1\u0161 \u00e9s \u00e9n eg\u00e9sz d\u00e9lut\u00e1nokat \u00e1ztunk a pezsg\u0151f\u00fcrd\u0151ben, olvasgattunk a pihen\u0151ben, \u00e9s sehov\u00e1 sem siett\u00fcnk. <strong>A kisgyerek meg\u00e9rkez\u00e9s\u00e9vel azonban a relax\u00e1ci\u00f3r\u00f3l alkotott elk\u00e9pzel\u00e9st kicsit \u00e1t kellett alak\u00edtani, mert egy kisgyerekkel egy klasszikus, nyilv\u00e1nos wellnessben nem b\u00edrod sok\u00e1ig.<\/strong> R\u00e1ad\u00e1sul ha nincs a k\u00f6zeledben senki, aki \u00e9jszak\u00e1ra vigy\u00e1zna r\u00e1, egy romantikus h\u00e9tv\u00e9ge teljes sci-finek t\u0171nik. Szerencs\u00e9re felfedezt\u00fcnk egy remek utaz\u00f3i tr\u00fckk\u00f6t, ami megmentette a sz\u00fcl\u0151i idegeinket.<\/p>\n\n\n\n<p class=\"wp-block-paragraph\"><strong>A titok egy olyan sz\u00e1ll\u00e1s, ahol a pezsg\u0151f\u00fcrd\u0151 vagy a szauna k\u00f6zvetlen\u00fcl a saj\u00e1t szob\u00e1d ajtaja m\u00f6g\u00f6tt van.<\/strong> Pontosan ez cs\u00e1b\u00edtott minket a t\u00f6rt\u00e9nelmi Olomouc belv\u00e1ros\u00e1ba, ahol a nagyon n\u00e9pszer\u0171 OREA Hotel Arigone tal\u00e1lhat\u00f3. Este egyszer\u0171en csak lefekteted a gyereket az \u00e1gyba, bekapcsolod a b\u00e9bi\u0151rt, \u00e9s halkan \u00e1tosonhatsz a szomsz\u00e9dos, forr\u00f3 bubor\u00e9kokkal teli helyis\u00e9gbe. <strong>Nagy v\u00e1rakoz\u00e1sokkal indultunk el ide, \u00e9s be kell vallanom, hogy egy apr\u00f3 sz\u00fcl\u0151i mal\u0151r ellen\u00e9re \u2013 ami mindj\u00e1rt az els\u0151 este t\u00f6rt\u00e9nt \u2013 hihetetlen\u00fcl j\u00f3l \u00e9rezt\u00fck magunkat.<\/strong><\/p>\n\n\n\n<p class=\"wp-block-paragraph\">\u00dagy \u00edrtam meg, ahogy egy bar\u00e1tn\u0151mnek mes\u00e9ln\u00e9m el: mi ny\u0171g\u00f6z\u00f6tt le, mit n\u00e9zn\u00e9k meg foglal\u00e1skor, \u00e9s milyen itt kisgyerekkel megsz\u00e1llni. <strong>Sz\u00f3 lesz a reggelikr\u0151l is, amik\u00e9rt nyugodtan visszat\u00e9rn\u00e9k Olomoucba.<\/strong> Egy j\u00f3 b\u00e1zis a belv\u00e1ros sz\u00edv\u00e9ben ugyanis egy v\u00e1rosi h\u00e9tv\u00e9g\u00e9n\u00e9l a siker fele.<\/p>\n\n\n\n<figure data-wp-context=\"{&quot;imageId&quot;:&quot;6a95356836143&quot;}\" data-wp-interactive=\"core\/image\" data-wp-key=\"6a95356836143\" class=\"wp-block-image size-full wp-lightbox-container\"><img decoding=\"async\" width=\"2200\" height=\"1467\" data-wp-class--hide=\"state.isContentHidden\" data-wp-class--show=\"state.isContentVisible\" data-wp-init=\"callbacks.setButtonStyles\" data-wp-on--click=\"actions.showLightbox\" data-wp-on--load=\"callbacks.setButtonStyles\" data-wp-on--pointerdown=\"actions.preloadImage\" data-wp-on--pointerenter=\"actions.preloadImageWithDelay\" data-wp-on--pointerleave=\"actions.cancelPreload\" data-wp-on-window--resize=\"callbacks.setButtonStyles\" src=\"https:\/\/loudavymkrokem.cz\/wp-content\/uploads\/2026\/08\/orea-hotel-arigone-virivka-na-pokoji.jpg\" alt=\"Padl\u00f3ba s\u00fcllyesztett pezsg\u0151f\u00fcrd\u0151 az OREA Hotel Arigone wellnessszob\u00e1j\u00e1ban\" class=\"wp-image-400963\" title=\"\" srcset=\"https:\/\/loudavymkrokem.cz\/wp-content\/uploads\/2026\/08\/orea-hotel-arigone-virivka-na-pokoji.jpg 2200w, https:\/\/loudavymkrokem.cz\/wp-content\/uploads\/2026\/08\/orea-hotel-arigone-virivka-na-pokoji-300x200.jpg 300w, https:\/\/loudavymkrokem.cz\/wp-content\/uploads\/2026\/08\/orea-hotel-arigone-virivka-na-pokoji-700x467.jpg 700w, https:\/\/loudavymkrokem.cz\/wp-content\/uploads\/2026\/08\/orea-hotel-arigone-virivka-na-pokoji-768x512.jpg 768w, https:\/\/loudavymkrokem.cz\/wp-content\/uploads\/2026\/08\/orea-hotel-arigone-virivka-na-pokoji-1536x1024.jpg 1536w, https:\/\/loudavymkrokem.cz\/wp-content\/uploads\/2026\/08\/orea-hotel-arigone-virivka-na-pokoji-2048x1366.jpg 2048w, https:\/\/loudavymkrokem.cz\/wp-content\/uploads\/2026\/08\/orea-hotel-arigone-virivka-na-pokoji-696x464.jpg 696w, https:\/\/loudavymkrokem.cz\/wp-content\/uploads\/2026\/08\/orea-hotel-arigone-virivka-na-pokoji-1392x928.jpg 1392w, https:\/\/loudavymkrokem.cz\/wp-content\/uploads\/2026\/08\/orea-hotel-arigone-virivka-na-pokoji-1920x1280.jpg 1920w\" sizes=\"(max-width: 2200px) 100vw, 2200px\" \/><button\n\t\t\tclass=\"lightbox-trigger\"\n\t\t\ttype=\"button\"\n\t\t\taria-haspopup=\"dialog\"\n\t\t\tdata-wp-bind--aria-label=\"state.thisImage.triggerButtonAriaLabel\"\n\t\t\tdata-wp-init=\"callbacks.initTriggerButton\"\n\t\t\tdata-wp-on--click=\"actions.showLightbox\"\n\t\t\tdata-wp-style--right=\"state.thisImage.buttonRight\"\n\t\t\tdata-wp-style--top=\"state.thisImage.buttonTop\"\n\t\t>\n\t\t\t<svg xmlns=\"http:\/\/www.w3.org\/2000\/svg\" width=\"12\" height=\"12\" fill=\"none\" viewBox=\"0 0 12 12\">\n\t\t\t\t<path fill=\"#fff\" d=\"M2 0a2 2 0 0 0-2 2v2h1.5V2a.5.5 0 0 1 .5-.5h2V0H2Zm2 10.5H2a.5.5 0 0 1-.5-.5V8H0v2a2 2 0 0 0 2 2h2v-1.5ZM8 12v-1.5h2a.5.5 0 0 0 .5-.5V8H12v2a2 2 0 0 1-2 2H8Zm2-12a2 2 0 0 1 2 2v2h-1.5V2a.5.5 0 0 0-.5-.5H8V0h2Z\" \/>\n\t\t\t<\/svg>\n\t\t<\/button><figcaption class=\"wp-element-caption\">Pezsg\u0151f\u00fcrd\u0151 k\u00f6zvetlen\u00fcl a szob\u00e1ban, p\u00e1r l\u00e9p\u00e9sre az \u00e1gyt\u00f3l. Pontosan ez\u00e9rt utaztunk Olomoucba.<\/figcaption><\/figure>\n\n\n\n<div id=\"ez-toc-container\" class=\"ez-toc-v2_0_86 ez-toc-wrap-left counter-hierarchy ez-toc-counter ez-toc-grey ez-toc-container-direction\">\n<div class=\"ez-toc-title-container\">\n<p class=\"ez-toc-title\" style=\"cursor:inherit\">A cikk tartalma<\/p>\n<span class=\"ez-toc-title-toggle\"><a href=\"#\" class=\"ez-toc-pull-right ez-toc-btn ez-toc-btn-xs ez-toc-btn-default ez-toc-toggle\" aria-label=\"Toggle Table of Content\"><span class=\"ez-toc-js-icon-con\"><span class=\"\"><span class=\"eztoc-hide\" style=\"display:none;\">Toggle<\/span><span class=\"ez-toc-icon-toggle-span\"><svg style=\"fill: #999;color:#999\" xmlns=\"http:\/\/www.w3.org\/2000\/svg\" class=\"list-377408\" width=\"20px\" height=\"20px\" viewBox=\"0 0 24 24\" fill=\"none\"><path d=\"M6 6H4v2h2V6zm14 0H8v2h12V6zM4 11h2v2H4v-2zm16 0H8v2h12v-2zM4 16h2v2H4v-2zm16 0H8v2h12v-2z\" fill=\"currentColor\"><\/path><\/svg><svg style=\"fill: #999;color:#999\" class=\"arrow-unsorted-368013\" xmlns=\"http:\/\/www.w3.org\/2000\/svg\" width=\"10px\" height=\"10px\" viewBox=\"0 0 24 24\" version=\"1.2\" baseProfile=\"tiny\"><path d=\"M18.2 9.3l-6.2-6.3-6.2 6.3c-.2.2-.3.4-.3.7s.1.5.3.7c.2.2.4.3.7.3h11c.3 0 .5-.1.7-.3.2-.2.3-.5.3-.7s-.1-.5-.3-.7zM5.8 14.7l6.2 6.3 6.2-6.3c.2-.2.3-.5.3-.7s-.1-.5-.3-.7c-.2-.2-.4-.3-.7-.3h-11c-.3 0-.5.1-.7.3-.2.2-.3.5-.3.7s.1.5.3.7z\"\/><\/svg><\/span><\/span><\/span><\/a><\/span><\/div>\n<nav><ul class='ez-toc-list ez-toc-list-level-1 ' ><ul class='ez-toc-list-level-3' ><li class='ez-toc-heading-level-3'><a class=\"ez-toc-link ez-toc-heading-1\" href=\"https:\/\/loudavymkrokem.cz\/hu\/orea-hotel-arigone-olomouc\/#Osszefoglalas_az_OREA_Hotel_Arigone_diohejban\" >\u00d6sszefoglal\u00e1s: az OREA Hotel Arigone di\u00f3h\u00e9jban<\/a><\/li><\/ul><\/li><li class='ez-toc-page-1 ez-toc-heading-level-2'><a class=\"ez-toc-link ez-toc-heading-2\" href=\"https:\/\/loudavymkrokem.cz\/hu\/orea-hotel-arigone-olomouc\/#Miert_eppen_az_Arigone-t_valasztottuk\" >Mi\u00e9rt \u00e9ppen az Arigone-t v\u00e1lasztottuk<\/a><\/li><li class='ez-toc-page-1 ez-toc-heading-level-2'><a class=\"ez-toc-link ez-toc-heading-3\" href=\"https:\/\/loudavymkrokem.cz\/hu\/orea-hotel-arigone-olomouc\/#Wellnessszoba_pezsgofurdo_es_szauna_zart_ajtok_mogott\" >Wellnessszoba: pezsg\u0151f\u00fcrd\u0151 \u00e9s szauna z\u00e1rt ajt\u00f3k m\u00f6g\u00f6tt<\/a><\/li><li class='ez-toc-page-1 ez-toc-heading-level-2'><a class=\"ez-toc-link ez-toc-heading-4\" href=\"https:\/\/loudavymkrokem.cz\/hu\/orea-hotel-arigone-olomouc\/#Privat_wellnesskozpont_6_szoba_ha_a_galerias_foglalt\" >Priv\u00e1t wellnessk\u00f6zpont: 6 szoba, ha a gal\u00e9ri\u00e1s foglalt<\/a><\/li><li class='ez-toc-page-1 ez-toc-heading-level-2'><a class=\"ez-toc-link ez-toc-heading-5\" href=\"https:\/\/loudavymkrokem.cz\/hu\/orea-hotel-arigone-olomouc\/#Szobak_mire_keszulj_fel\" >Szob\u00e1k: mire k\u00e9sz\u00fclj fel<\/a><\/li><li class='ez-toc-page-1 ez-toc-heading-level-2'><a class=\"ez-toc-link ez-toc-heading-6\" href=\"https:\/\/loudavymkrokem.cz\/hu\/orea-hotel-arigone-olomouc\/#A_reggeli_amirol_ma_is_almodom\" >A reggeli, amir\u0151l ma is \u00e1lmodom<\/a><\/li><li class='ez-toc-page-1 ez-toc-heading-level-2'><a class=\"ez-toc-link ez-toc-heading-7\" href=\"https:\/\/loudavymkrokem.cz\/hu\/orea-hotel-arigone-olomouc\/#Az_Arigone_gyerekkel_mi_mukodik_es_mi_nem\" >Az Arigone gyerekkel: mi m\u0171k\u00f6dik \u00e9s mi nem<\/a><\/li><li class='ez-toc-page-1 ez-toc-heading-level-2'><a class=\"ez-toc-link ez-toc-heading-8\" href=\"https:\/\/loudavymkrokem.cz\/hu\/orea-hotel-arigone-olomouc\/#Parkolas_erkezes_es_gyakorlati_infok\" >Parkol\u00e1s, \u00e9rkez\u00e9s \u00e9s gyakorlati inf\u00f3k<\/a><\/li><li class='ez-toc-page-1 ez-toc-heading-level-2'><a class=\"ez-toc-link ez-toc-heading-9\" href=\"https:\/\/loudavymkrokem.cz\/hu\/orea-hotel-arigone-olomouc\/#Mit_kifogasolnak_a_tobbi_vendegek\" >Mit kifog\u00e1solnak a t\u00f6bbi vend\u00e9gek<\/a><\/li><li class='ez-toc-page-1 ez-toc-heading-level-2'><a class=\"ez-toc-link ez-toc-heading-10\" href=\"https:\/\/loudavymkrokem.cz\/hu\/orea-hotel-arigone-olomouc\/#Mennyibe_kerul_es_hol_foglalj\" >Mennyibe ker\u00fcl \u00e9s hol foglalj<\/a><\/li><li class='ez-toc-page-1 ez-toc-heading-level-2'><a class=\"ez-toc-link ez-toc-heading-11\" href=\"https:\/\/loudavymkrokem.cz\/hu\/orea-hotel-arigone-olomouc\/#Hol_egyel_a_szalloda_kornyeken\" >Hol egy\u00e9l a sz\u00e1lloda k\u00f6rny\u00e9k\u00e9n<\/a><\/li><li class='ez-toc-page-1 ez-toc-heading-level-2'><a class=\"ez-toc-link ez-toc-heading-12\" href=\"https:\/\/loudavymkrokem.cz\/hu\/orea-hotel-arigone-olomouc\/#Mit_jarsz_be_az_Arigone-bol\" >Mit j\u00e1rsz be az Arigone-b\u00f3l<\/a><\/li><li class='ez-toc-page-1 ez-toc-heading-level-2'><a class=\"ez-toc-link ez-toc-heading-13\" href=\"https:\/\/loudavymkrokem.cz\/hu\/orea-hotel-arigone-olomouc\/#Merre_tovabb\" >Merre tov\u00e1bb<\/a><\/li><li class='ez-toc-page-1 ez-toc-heading-level-2'><a class=\"ez-toc-link ez-toc-heading-14\" href=\"https:\/\/loudavymkrokem.cz\/hu\/orea-hotel-arigone-olomouc\/#Gyakran_ismetelt_kerdesek\" >Gyakran ism\u00e9telt k\u00e9rd\u00e9sek<\/a><ul class='ez-toc-list-level-3' ><li class='ez-toc-heading-level-3'><a class=\"ez-toc-link ez-toc-heading-15\" href=\"https:\/\/loudavymkrokem.cz\/hu\/orea-hotel-arigone-olomouc\/#Van_pezsgofurdo_kozvetlenul_a_szoban_az_OREA_Hotel_Arigone-ban\" >Van pezsg\u0151f\u00fcrd\u0151 k\u00f6zvetlen\u00fcl a szob\u00e1n az OREA Hotel Arigone-ban?<\/a><\/li><li class='ez-toc-page-1 ez-toc-heading-level-3'><a class=\"ez-toc-link ez-toc-heading-16\" href=\"https:\/\/loudavymkrokem.cz\/hu\/orea-hotel-arigone-olomouc\/#Mennyibe_kerul_a_privat_wellness_berlese\" >Mennyibe ker\u00fcl a priv\u00e1t wellness b\u00e9rl\u00e9se?<\/a><\/li><li class='ez-toc-page-1 ez-toc-heading-level-3'><a class=\"ez-toc-link ez-toc-heading-17\" href=\"https:\/\/loudavymkrokem.cz\/hu\/orea-hotel-arigone-olomouc\/#Alkalmas_az_Arigone_csaladoknak_gyerekekkel\" >Alkalmas az Arigone csal\u00e1doknak gyerekekkel?<\/a><\/li><li class='ez-toc-page-1 ez-toc-heading-level-3'><a class=\"ez-toc-link ez-toc-heading-18\" href=\"https:\/\/loudavymkrokem.cz\/hu\/orea-hotel-arigone-olomouc\/#Van_a_szallodanak_sajat_parkoloja\" >Van a sz\u00e1llod\u00e1nak saj\u00e1t parkol\u00f3ja?<\/a><\/li><li class='ez-toc-page-1 ez-toc-heading-level-3'><a class=\"ez-toc-link ez-toc-heading-19\" href=\"https:\/\/loudavymkrokem.cz\/hu\/orea-hotel-arigone-olomouc\/#Milyen_messze_van_a_szallodatol_a_Horni_namesti\" >Milyen messze van a sz\u00e1llod\u00e1t\u00f3l a Horn\u00ed n\u00e1m\u011bst\u00ed?<\/a><\/li><li class='ez-toc-page-1 ez-toc-heading-level-3'><a class=\"ez-toc-link ez-toc-heading-20\" href=\"https:\/\/loudavymkrokem.cz\/hu\/orea-hotel-arigone-olomouc\/#Legkondicionaloval_vannak_felszerelve_a_szobak\" >L\u00e9gkondicion\u00e1l\u00f3val vannak felszerelve a szob\u00e1k?<\/a><\/li><li class='ez-toc-page-1 ez-toc-heading-level-3'><a class=\"ez-toc-link ez-toc-heading-21\" href=\"https:\/\/loudavymkrokem.cz\/hu\/orea-hotel-arigone-olomouc\/#Hol_lehet_szorakoztatni_a_gyerekeket_Olomoucban_amikor_eppen_esik_az_eso\" >Hol lehet sz\u00f3rakoztatni a gyerekeket Olomoucban, amikor \u00e9ppen esik az es\u0151?<\/a><\/li><\/ul><\/li><\/ul><\/nav><\/div>\n<h3 class=\"wp-block-heading\"><span class=\"ez-toc-section\" id=\"Osszefoglalas_az_OREA_Hotel_Arigone_diohejban\"><\/span>\u00d6sszefoglal\u00e1s: az OREA Hotel Arigone di\u00f3h\u00e9jban<span class=\"ez-toc-section-end\"><\/span><\/h3>\n\n\n\n<p class=\"wp-block-paragraph\">Ha \u00e9ppen sietsz valahov\u00e1, \u00e9s nincs id\u0151d v\u00e9gigolvasni a teljes, r\u00e9szletes \u00e9rt\u00e9kel\u00e9s\u00fcnket, <strong>\u00f6ssze\u00e1ll\u00edtottam neked egy gyors \u00e1ttekint\u00e9st a legfontosabb inform\u00e1ci\u00f3kr\u00f3l.<\/strong> Az Arigone-ban akad p\u00e1r dolog, amit m\u00e1shol nem l\u00e1tni, \u00e9s p\u00e1r olyan is, amir\u0151l jobb el\u0151re tudni:<\/p>\n\n\n\n<ul class=\"wp-block-list\">\n\n<li><strong>Remek elhelyezked\u00e9s:<\/strong> A sz\u00e1lloda k\u00f6zvetlen\u00fcl Olomouc t\u00f6rt\u00e9nelmi belv\u00e1ros\u00e1ban fekszik (Univerzitn\u00ed 20), p\u00e1r perc lass\u00fa s\u00e9t\u00e1ra a Fels\u0151 t\u00e9rt\u0151l \u00e9s a h\u00edres Szenth\u00e1roms\u00e1g-oszlopt\u00f3l.<\/li>\n\n\n\n<li><strong>Priv\u00e1t wellness:<\/strong> 6 diz\u00e1jnos wellnessszob\u00e1t k\u00edn\u00e1l pezsg\u0151f\u00fcrd\u0151vel \u00e9s szaun\u00e1val, amelyeket 2 vagy 4,5 \u00f3r\u00e1ra b\u00e9relhetsz ki.<\/li>\n\n\n\n<li><strong>\u00c1lomsz\u00e9p gal\u00e9ria:<\/strong> A hab a tort\u00e1n a 6-os sz\u00e1m\u00fa wellnessszoba, egy hatalmas tet\u0151t\u00e9ri gal\u00e9ri\u00e1s lakoszt\u00e1ly terasszal, saj\u00e1t szaun\u00e1val \u00e9s csillagos \u00e9gboltos pezsg\u0151f\u00fcrd\u0151vel.<\/li>\n\n\n\n<li><strong>Felejthetetlen reggeli:<\/strong> B\u0151s\u00e9ges b\u00fcf\u00e9, ahol saj\u00e1t kez\u0171leg t\u00f6ltheted meg a friss croissant-t luxus piszt\u00e1ciakr\u00e9mmel.<\/li>\n\n\n\n<li><strong>A gyerekek sz\u00edvesen l\u00e1tottak:<\/strong> B\u00e1r ez nem tipikus, anim\u00e1toros csal\u00e1di sz\u00e1lloda, az 5,99 \u00e9vesn\u00e9l fiatalabb gyerekek ingyen sz\u00e1llnak meg, a k\u00f6zvetlen k\u00f6zelben pedig t\u00f6bb remek gyerekfoglalkoztat\u00f3t is tal\u00e1lsz.<\/li>\n\n\n\n<li><strong>Parkol\u00e1s:<\/strong> A sz\u00e1llod\u00e1nak van saj\u00e1t parkol\u00f3udvara, de a kapacit\u00e1s korl\u00e1tozott, \u00e9s a helyet el\u0151re le kell foglalni.<\/li>\n\n\n\n<li><strong>Magas \u00e9rt\u00e9kel\u00e9sek:<\/strong> A Google-\u00f6n a sz\u00e1lloda sz\u00e9p 4,4 csillagot kapott k\u00f6zel 800 \u00e9rt\u00e9kel\u00e9sb\u0151l, a Bookingon pedig egyenesen 8,8 pontot k\u00f6zel 4000 \u00e9rt\u00e9kel\u00e9sb\u0151l.<\/li>\n\n\n<\/ul>\n\n\n\n<h2 class=\"wp-block-heading\"><span class=\"ez-toc-section\" id=\"Miert_eppen_az_Arigone-t_valasztottuk\"><\/span>Mi\u00e9rt \u00e9ppen az Arigone-t v\u00e1lasztottuk<span class=\"ez-toc-section-end\"><\/span><\/h2>\n\n\n\n<figure data-wp-context=\"{&quot;imageId&quot;:&quot;6a953568367f8&quot;}\" data-wp-interactive=\"core\/image\" data-wp-key=\"6a953568367f8\" class=\"wp-block-image size-full wp-lightbox-container\"><img decoding=\"async\" width=\"2200\" height=\"1467\" data-wp-class--hide=\"state.isContentHidden\" data-wp-class--show=\"state.isContentVisible\" data-wp-init=\"callbacks.setButtonStyles\" data-wp-on--click=\"actions.showLightbox\" data-wp-on--load=\"callbacks.setButtonStyles\" data-wp-on--pointerdown=\"actions.preloadImage\" data-wp-on--pointerenter=\"actions.preloadImageWithDelay\" data-wp-on--pointerleave=\"actions.cancelPreload\" data-wp-on-window--resize=\"callbacks.setButtonStyles\" src=\"https:\/\/loudavymkrokem.cz\/wp-content\/uploads\/2026\/08\/orea-hotel-arigone-vstup-recepce.jpg\" alt=\"Az Arigone sz\u00e1lloda \u00fcvegezett bej\u00e1rata Olomouc t\u00f6rt\u00e9nelmi belv\u00e1ros\u00e1ban\" class=\"wp-image-400959\" title=\"\" srcset=\"https:\/\/loudavymkrokem.cz\/wp-content\/uploads\/2026\/08\/orea-hotel-arigone-vstup-recepce.jpg 2200w, https:\/\/loudavymkrokem.cz\/wp-content\/uploads\/2026\/08\/orea-hotel-arigone-vstup-recepce-300x200.jpg 300w, https:\/\/loudavymkrokem.cz\/wp-content\/uploads\/2026\/08\/orea-hotel-arigone-vstup-recepce-700x467.jpg 700w, https:\/\/loudavymkrokem.cz\/wp-content\/uploads\/2026\/08\/orea-hotel-arigone-vstup-recepce-768x512.jpg 768w, https:\/\/loudavymkrokem.cz\/wp-content\/uploads\/2026\/08\/orea-hotel-arigone-vstup-recepce-1536x1024.jpg 1536w, https:\/\/loudavymkrokem.cz\/wp-content\/uploads\/2026\/08\/orea-hotel-arigone-vstup-recepce-2048x1366.jpg 2048w, https:\/\/loudavymkrokem.cz\/wp-content\/uploads\/2026\/08\/orea-hotel-arigone-vstup-recepce-696x464.jpg 696w, https:\/\/loudavymkrokem.cz\/wp-content\/uploads\/2026\/08\/orea-hotel-arigone-vstup-recepce-1392x928.jpg 1392w, https:\/\/loudavymkrokem.cz\/wp-content\/uploads\/2026\/08\/orea-hotel-arigone-vstup-recepce-1920x1280.jpg 1920w\" sizes=\"(max-width: 2200px) 100vw, 2200px\" \/><button\n\t\t\tclass=\"lightbox-trigger\"\n\t\t\ttype=\"button\"\n\t\t\taria-haspopup=\"dialog\"\n\t\t\tdata-wp-bind--aria-label=\"state.thisImage.triggerButtonAriaLabel\"\n\t\t\tdata-wp-init=\"callbacks.initTriggerButton\"\n\t\t\tdata-wp-on--click=\"actions.showLightbox\"\n\t\t\tdata-wp-style--right=\"state.thisImage.buttonRight\"\n\t\t\tdata-wp-style--top=\"state.thisImage.buttonTop\"\n\t\t>\n\t\t\t<svg xmlns=\"http:\/\/www.w3.org\/2000\/svg\" width=\"12\" height=\"12\" fill=\"none\" viewBox=\"0 0 12 12\">\n\t\t\t\t<path fill=\"#fff\" d=\"M2 0a2 2 0 0 0-2 2v2h1.5V2a.5.5 0 0 1 .5-.5h2V0H2Zm2 10.5H2a.5.5 0 0 1-.5-.5V8H0v2a2 2 0 0 0 2 2h2v-1.5ZM8 12v-1.5h2a.5.5 0 0 0 .5-.5V8H12v2a2 2 0 0 1-2 2H8Zm2-12a2 2 0 0 1 2 2v2h-1.5V2a.5.5 0 0 0-.5-.5H8V0h2Z\" \/>\n\t\t\t<\/svg>\n\t\t<\/button><figcaption class=\"wp-element-caption\">A sz\u00e1lloda bej\u00e1rata az Univerzitn\u00ed utc\u00e1ban, p\u00e1r percre a Fels\u0151 t\u00e9rt\u0151l<\/figcaption><\/figure>\n\n\n\n<p class=\"wp-block-paragraph\">Olomoucnak teljesen var\u00e1zslatos hangulata van, amely fel\u00e9r Pr\u00e1g\u00e1\u00e9val, de itt sokkal nagyobb a nyugalom. <strong>Amikor az utols\u00f3 kir\u00e1ndul\u00e1sunkat tervezt\u00fck, olyan strat\u00e9giai b\u00e1zist kerest\u00fcnk, ahonnan az \u00f6sszes f\u0151 l\u00e1tnival\u00f3 sz\u00f3 szerint karny\u00fajt\u00e1snyira lesz.<\/strong> Az OREA Hotel Arigone els\u0151 pillant\u00e1sra megtetszett, mert a v\u00e1ros sz\u00edv\u00e9ben t\u00f6bb t\u00f6rt\u00e9nelmi h\u00e1z \u00e9rz\u00e9keny \u00f6sszekapcsol\u00e1s\u00e1val j\u00f6tt l\u00e9tre. <strong>Nagyon szeretem azokat a sz\u00e1ll\u00e1sokat, amelyek \u00e1rasztj\u00e1k magukb\u00f3l a t\u00f6rt\u00e9nelmet, \u00e9s nem csak a modern \u00faj\u00e9p\u00edt\u00e9sek steril, n\u00e9gyzetes alaprajz\u00e1val rendelkeznek.<\/strong><\/p>\n\n\n\n<p class=\"wp-block-paragraph\">A m\u00e1sik hatalmas cs\u00e1b\u00edt\u00e1s sz\u00e1munkra term\u00e9szetesen az \u00edg\u00e9rt priv\u00e1t wellness volt. <strong>B\u00e1r a sz\u00e1llod\u00e1nak \u00f6sszesen 54 k\u00fcl\u00f6nb\u00f6z\u0151 kateg\u00f3ri\u00e1j\u00fa szob\u00e1ja van, a saj\u00e1t pezsg\u0151f\u00fcrd\u0151vel \u00e9s szaun\u00e1val rendelkez\u0151k igazi \u00e9kk\u00f6vek.<\/strong> Tudtuk, hogy napk\u00f6zben Jon\u00e1ssal a v\u00e1rosban fogunk rohang\u00e1lni \u00e9s felfedezni Olomouc utc\u00e1csk\u00e1it, \u00edgy az esti forr\u00f3 v\u00edzbe mer\u00fcl\u00e9s kil\u00e1t\u00e1sa \u00f3ri\u00e1si motiv\u00e1ci\u00f3 volt. <strong>Egyszer\u0171en szerett\u00fck volna \u00f6sszek\u00f6tni a v\u00e1ros akt\u00edv felfedez\u00e9s\u00e9t a t\u00f6k\u00e9letes pihen\u00e9ssel, ami az Arigone-ban v\u00e9g\u00fcl t\u00e9nyleg siker\u00fclt is.<\/strong><\/p>\n\n\n\n<h2 class=\"wp-block-heading\"><span class=\"ez-toc-section\" id=\"Wellnessszoba_pezsgofurdo_es_szauna_zart_ajtok_mogott\"><\/span>Wellnessszoba: pezsg\u0151f\u00fcrd\u0151 \u00e9s szauna z\u00e1rt ajt\u00f3k m\u00f6g\u00f6tt<span class=\"ez-toc-section-end\"><\/span><\/h2>\n\n\n\n<figure data-wp-context=\"{&quot;imageId&quot;:&quot;6a95356836d45&quot;}\" data-wp-interactive=\"core\/image\" data-wp-key=\"6a95356836d45\" class=\"wp-block-image size-full wp-lightbox-container\"><img decoding=\"async\" width=\"2200\" height=\"1467\" data-wp-class--hide=\"state.isContentHidden\" data-wp-class--show=\"state.isContentVisible\" data-wp-init=\"callbacks.setButtonStyles\" data-wp-on--click=\"actions.showLightbox\" data-wp-on--load=\"callbacks.setButtonStyles\" data-wp-on--pointerdown=\"actions.preloadImage\" data-wp-on--pointerenter=\"actions.preloadImageWithDelay\" data-wp-on--pointerleave=\"actions.cancelPreload\" data-wp-on-window--resize=\"callbacks.setButtonStyles\" src=\"https:\/\/loudavymkrokem.cz\/wp-content\/uploads\/2026\/08\/orea-hotel-arigone-odpocivarna-lehatka.jpg\" alt=\"Pihen\u0151\u00e1gyak a pezsg\u0151f\u00fcrd\u0151 mellett az Arigone sz\u00e1lloda wellnessszob\u00e1j\u00e1ban\" class=\"wp-image-400968\" title=\"\" srcset=\"https:\/\/loudavymkrokem.cz\/wp-content\/uploads\/2026\/08\/orea-hotel-arigone-odpocivarna-lehatka.jpg 2200w, https:\/\/loudavymkrokem.cz\/wp-content\/uploads\/2026\/08\/orea-hotel-arigone-odpocivarna-lehatka-300x200.jpg 300w, https:\/\/loudavymkrokem.cz\/wp-content\/uploads\/2026\/08\/orea-hotel-arigone-odpocivarna-lehatka-700x467.jpg 700w, https:\/\/loudavymkrokem.cz\/wp-content\/uploads\/2026\/08\/orea-hotel-arigone-odpocivarna-lehatka-768x512.jpg 768w, https:\/\/loudavymkrokem.cz\/wp-content\/uploads\/2026\/08\/orea-hotel-arigone-odpocivarna-lehatka-1536x1024.jpg 1536w, https:\/\/loudavymkrokem.cz\/wp-content\/uploads\/2026\/08\/orea-hotel-arigone-odpocivarna-lehatka-2048x1366.jpg 2048w, https:\/\/loudavymkrokem.cz\/wp-content\/uploads\/2026\/08\/orea-hotel-arigone-odpocivarna-lehatka-696x464.jpg 696w, https:\/\/loudavymkrokem.cz\/wp-content\/uploads\/2026\/08\/orea-hotel-arigone-odpocivarna-lehatka-1392x928.jpg 1392w, https:\/\/loudavymkrokem.cz\/wp-content\/uploads\/2026\/08\/orea-hotel-arigone-odpocivarna-lehatka-1920x1280.jpg 1920w\" sizes=\"(max-width: 2200px) 100vw, 2200px\" \/><button\n\t\t\tclass=\"lightbox-trigger\"\n\t\t\ttype=\"button\"\n\t\t\taria-haspopup=\"dialog\"\n\t\t\tdata-wp-bind--aria-label=\"state.thisImage.triggerButtonAriaLabel\"\n\t\t\tdata-wp-init=\"callbacks.initTriggerButton\"\n\t\t\tdata-wp-on--click=\"actions.showLightbox\"\n\t\t\tdata-wp-style--right=\"state.thisImage.buttonRight\"\n\t\t\tdata-wp-style--top=\"state.thisImage.buttonTop\"\n\t\t>\n\t\t\t<svg xmlns=\"http:\/\/www.w3.org\/2000\/svg\" width=\"12\" height=\"12\" fill=\"none\" viewBox=\"0 0 12 12\">\n\t\t\t\t<path fill=\"#fff\" d=\"M2 0a2 2 0 0 0-2 2v2h1.5V2a.5.5 0 0 1 .5-.5h2V0H2Zm2 10.5H2a.5.5 0 0 1-.5-.5V8H0v2a2 2 0 0 0 2 2h2v-1.5ZM8 12v-1.5h2a.5.5 0 0 0 .5-.5V8H12v2a2 2 0 0 1-2 2H8Zm2-12a2 2 0 0 1 2 2v2h-1.5V2a.5.5 0 0 0-.5-.5H8V0h2Z\" \/>\n\t\t\t<\/svg>\n\t\t<\/button><figcaption class=\"wp-element-caption\">Pihen\u0151\u00e1gyak a pezsg\u0151f\u00fcrd\u0151 mellett, ahol eg\u00e9sz est\u00e9t el lehet t\u00f6lteni<\/figcaption><\/figure>\n\n\n\n<figure data-wp-context=\"{&quot;imageId&quot;:&quot;6a953568370c3&quot;}\" data-wp-interactive=\"core\/image\" data-wp-key=\"6a953568370c3\" class=\"wp-block-image size-full wp-lightbox-container\"><img decoding=\"async\" width=\"2200\" height=\"1467\" data-wp-class--hide=\"state.isContentHidden\" data-wp-class--show=\"state.isContentVisible\" data-wp-init=\"callbacks.setButtonStyles\" data-wp-on--click=\"actions.showLightbox\" data-wp-on--load=\"callbacks.setButtonStyles\" data-wp-on--pointerdown=\"actions.preloadImage\" data-wp-on--pointerenter=\"actions.preloadImageWithDelay\" data-wp-on--pointerleave=\"actions.cancelPreload\" data-wp-on-window--resize=\"callbacks.setButtonStyles\" src=\"https:\/\/loudavymkrokem.cz\/wp-content\/uploads\/2026\/08\/orea-hotel-arigone-sauna-na-pokoji.jpg\" alt=\"Szauna k\u00f6zvetlen\u00fcl a szob\u00e1ban az olomouci Arigone sz\u00e1llod\u00e1ban\" class=\"wp-image-400965\" title=\"\" srcset=\"https:\/\/loudavymkrokem.cz\/wp-content\/uploads\/2026\/08\/orea-hotel-arigone-sauna-na-pokoji.jpg 2200w, https:\/\/loudavymkrokem.cz\/wp-content\/uploads\/2026\/08\/orea-hotel-arigone-sauna-na-pokoji-300x200.jpg 300w, https:\/\/loudavymkrokem.cz\/wp-content\/uploads\/2026\/08\/orea-hotel-arigone-sauna-na-pokoji-700x467.jpg 700w, https:\/\/loudavymkrokem.cz\/wp-content\/uploads\/2026\/08\/orea-hotel-arigone-sauna-na-pokoji-768x512.jpg 768w, https:\/\/loudavymkrokem.cz\/wp-content\/uploads\/2026\/08\/orea-hotel-arigone-sauna-na-pokoji-1536x1024.jpg 1536w, https:\/\/loudavymkrokem.cz\/wp-content\/uploads\/2026\/08\/orea-hotel-arigone-sauna-na-pokoji-2048x1366.jpg 2048w, https:\/\/loudavymkrokem.cz\/wp-content\/uploads\/2026\/08\/orea-hotel-arigone-sauna-na-pokoji-696x464.jpg 696w, https:\/\/loudavymkrokem.cz\/wp-content\/uploads\/2026\/08\/orea-hotel-arigone-sauna-na-pokoji-1392x928.jpg 1392w, https:\/\/loudavymkrokem.cz\/wp-content\/uploads\/2026\/08\/orea-hotel-arigone-sauna-na-pokoji-1920x1280.jpg 1920w\" sizes=\"(max-width: 2200px) 100vw, 2200px\" \/><button\n\t\t\tclass=\"lightbox-trigger\"\n\t\t\ttype=\"button\"\n\t\t\taria-haspopup=\"dialog\"\n\t\t\tdata-wp-bind--aria-label=\"state.thisImage.triggerButtonAriaLabel\"\n\t\t\tdata-wp-init=\"callbacks.initTriggerButton\"\n\t\t\tdata-wp-on--click=\"actions.showLightbox\"\n\t\t\tdata-wp-style--right=\"state.thisImage.buttonRight\"\n\t\t\tdata-wp-style--top=\"state.thisImage.buttonTop\"\n\t\t>\n\t\t\t<svg xmlns=\"http:\/\/www.w3.org\/2000\/svg\" width=\"12\" height=\"12\" fill=\"none\" viewBox=\"0 0 12 12\">\n\t\t\t\t<path fill=\"#fff\" d=\"M2 0a2 2 0 0 0-2 2v2h1.5V2a.5.5 0 0 1 .5-.5h2V0H2Zm2 10.5H2a.5.5 0 0 1-.5-.5V8H0v2a2 2 0 0 0 2 2h2v-1.5ZM8 12v-1.5h2a.5.5 0 0 0 .5-.5V8H12v2a2 2 0 0 1-2 2H8Zm2-12a2 2 0 0 1 2 2v2h-1.5V2a.5.5 0 0 0-.5-.5H8V0h2Z\" \/>\n\t\t\t<\/svg>\n\t\t<\/button><figcaption class=\"wp-element-caption\">A szauna k\u00f6zvetlen\u00fcl a szob\u00e1ban van, \u00edgy ut\u00e1na m\u00e1r csak p\u00e1r l\u00e9p\u00e9s az \u00e1gy<\/figcaption><\/figure>\n\n\n\n<p class=\"wp-block-paragraph\">Egy gal\u00e9ri\u00e1s wellnessszob\u00e1ban laktunk, vagyis egy 85 n\u00e9gyzetm\u00e9teres tet\u0151t\u00e9ri t\u00e9rben. <strong>M\u00e1r a bel\u00e9p\u00e9skor leesett az \u00e1llam, mert a t\u00e9r gy\u00f6ny\u00f6r\u0171en l\u00e9gies, \u00e9s saj\u00e1t teraszt rejt, ahonnan Olomouc tet\u0151ire l\u00e1tni.<\/strong> A legnagyobb attrakci\u00f3 persze a LED-es \u00e9jszakai \u00e9gbolt effekttel felszerelt pezsg\u0151f\u00fcrd\u0151 \u00e9s a finn szauna, mindkett\u0151 p\u00e1r l\u00e9p\u00e9sre az \u00e1gyt\u00f3l. <strong>Elk\u00e9pzelt\u00fck, ahogy mindj\u00e1rt az els\u0151 este elaltatjuk Jon\u00e1st, azt\u00e1n Luk\u00e1\u0161 \u00e9s \u00e9n kinyitunk egy \u00fcveg bort a bubor\u00e9kokban.<\/strong><\/p>\n\n\n\n<p class=\"wp-block-paragraph\">Csakhogy a sz\u00fcl\u0151s\u00e9g val\u00f3s\u00e1ga gyorsan utol\u00e9rt minket, \u00e9s az els\u0151 est\u00e9nk teljesen m\u00e1shogy s\u00fclt el, mint tervezt\u00fck. <strong>Amikor lefektettem a kicsit aludni, az eg\u00e9sz napos utaz\u00e1st\u00f3l annyira f\u00e1radt voltam, hogy t\u00edz perc m\u00falva kem\u00e9nyebben aludtam el, mint \u0151.<\/strong> Csak az \u00e9jszaka k\u00f6zep\u00e9n \u00e9bredtem fel, \u00e9s vil\u00e1gos volt, hogy a szauna \u00e9s a pezsg\u0151f\u00fcrd\u0151 aznap este \u00e9rintetlen marad. <strong>A m\u00e1sodik \u00e9s harmadik napon viszont kamatostul bep\u00f3toltuk, \u00e9s be kell vallanom, hogy az a lehet\u0151s\u00e9g, hogy a forr\u00f3 szaun\u00e1b\u00f3l egyenesen a saj\u00e1t \u00e1gyadba mehetsz, felbecs\u00fclhetetlen.<\/strong> Egyszer\u0171en hihetetlen luxus, amihez az ember vesz\u00e9lyesen gyorsan hozz\u00e1szokik \ud83d\ude05.<\/p>\n\n\n\n<h2 class=\"wp-block-heading\"><span class=\"ez-toc-section\" id=\"Privat_wellnesskozpont_6_szoba_ha_a_galerias_foglalt\"><\/span>Priv\u00e1t wellnessk\u00f6zpont: 6 szoba, ha a gal\u00e9ri\u00e1s foglalt<span class=\"ez-toc-section-end\"><\/span><\/h2>\n\n\n\n<figure data-wp-context=\"{&quot;imageId&quot;:&quot;6a95356837510&quot;}\" data-wp-interactive=\"core\/image\" data-wp-key=\"6a95356837510\" class=\"wp-block-image size-full wp-lightbox-container\"><img decoding=\"async\" width=\"2200\" height=\"1467\" data-wp-class--hide=\"state.isContentHidden\" data-wp-class--show=\"state.isContentVisible\" data-wp-init=\"callbacks.setButtonStyles\" data-wp-on--click=\"actions.showLightbox\" data-wp-on--load=\"callbacks.setButtonStyles\" data-wp-on--pointerdown=\"actions.preloadImage\" data-wp-on--pointerenter=\"actions.preloadImageWithDelay\" data-wp-on--pointerleave=\"actions.cancelPreload\" data-wp-on-window--resize=\"callbacks.setButtonStyles\" src=\"https:\/\/loudavymkrokem.cz\/wp-content\/uploads\/2026\/08\/orea-hotel-arigone-sauna-prosklena.jpg\" alt=\"\u00dcvegezett szauna az OREA Hotel Arigone Olomouc wellnessszob\u00e1j\u00e1ban\" class=\"wp-image-400994\" title=\"\" srcset=\"https:\/\/loudavymkrokem.cz\/wp-content\/uploads\/2026\/08\/orea-hotel-arigone-sauna-prosklena.jpg 2200w, https:\/\/loudavymkrokem.cz\/wp-content\/uploads\/2026\/08\/orea-hotel-arigone-sauna-prosklena-300x200.jpg 300w, https:\/\/loudavymkrokem.cz\/wp-content\/uploads\/2026\/08\/orea-hotel-arigone-sauna-prosklena-700x467.jpg 700w, https:\/\/loudavymkrokem.cz\/wp-content\/uploads\/2026\/08\/orea-hotel-arigone-sauna-prosklena-768x512.jpg 768w, https:\/\/loudavymkrokem.cz\/wp-content\/uploads\/2026\/08\/orea-hotel-arigone-sauna-prosklena-1536x1024.jpg 1536w, https:\/\/loudavymkrokem.cz\/wp-content\/uploads\/2026\/08\/orea-hotel-arigone-sauna-prosklena-2048x1366.jpg 2048w, https:\/\/loudavymkrokem.cz\/wp-content\/uploads\/2026\/08\/orea-hotel-arigone-sauna-prosklena-696x464.jpg 696w, https:\/\/loudavymkrokem.cz\/wp-content\/uploads\/2026\/08\/orea-hotel-arigone-sauna-prosklena-1392x928.jpg 1392w, https:\/\/loudavymkrokem.cz\/wp-content\/uploads\/2026\/08\/orea-hotel-arigone-sauna-prosklena-1920x1280.jpg 1920w\" sizes=\"(max-width: 2200px) 100vw, 2200px\" \/><button\n\t\t\tclass=\"lightbox-trigger\"\n\t\t\ttype=\"button\"\n\t\t\taria-haspopup=\"dialog\"\n\t\t\tdata-wp-bind--aria-label=\"state.thisImage.triggerButtonAriaLabel\"\n\t\t\tdata-wp-init=\"callbacks.initTriggerButton\"\n\t\t\tdata-wp-on--click=\"actions.showLightbox\"\n\t\t\tdata-wp-style--right=\"state.thisImage.buttonRight\"\n\t\t\tdata-wp-style--top=\"state.thisImage.buttonTop\"\n\t\t>\n\t\t\t<svg xmlns=\"http:\/\/www.w3.org\/2000\/svg\" width=\"12\" height=\"12\" fill=\"none\" viewBox=\"0 0 12 12\">\n\t\t\t\t<path fill=\"#fff\" d=\"M2 0a2 2 0 0 0-2 2v2h1.5V2a.5.5 0 0 1 .5-.5h2V0H2Zm2 10.5H2a.5.5 0 0 1-.5-.5V8H0v2a2 2 0 0 0 2 2h2v-1.5ZM8 12v-1.5h2a.5.5 0 0 0 .5-.5V8H12v2a2 2 0 0 1-2 2H8Zm2-12a2 2 0 0 1 2 2v2h-1.5V2a.5.5 0 0 0-.5-.5H8V0h2Z\" \/>\n\t\t\t<\/svg>\n\t\t<\/button><figcaption class=\"wp-element-caption\">\u00dcvegezett szauna az Arigone sz\u00e1lloda wellnessszob\u00e1j\u00e1ban<\/figcaption><\/figure>\n\n\n\n<p class=\"wp-block-paragraph\">Ha nem siker\u00fclne eg\u00e9sz \u00e9jszak\u00e1ra megszerezni egy pezsg\u0151f\u00fcrd\u0151s szob\u00e1t, a sz\u00e1lloda fantasztikus alternat\u00edv\u00e1t k\u00edn\u00e1l a priv\u00e1t wellnessszob\u00e1k b\u00e9rl\u00e9s\u00e9vel. <strong>Ilyen szob\u00e1b\u00f3l \u00f6sszesen hat van a sz\u00e1llod\u00e1ban, \u00e9s vagy 2 \u00f3r\u00e1ra, vagy nagyvonal\u00fa 4,5 \u00f3r\u00e1ra foglalhatod le \u0151ket.<\/strong> Ez remek kompromisszumnak t\u0171nik, ha egy sima szob\u00e1ban laksz, de m\u00e9gis szeretn\u00e9d megengedni magadnak egy kis k\u00e9nyeztet\u00e9st. <strong>A hat t\u00e9r mindegyike kicsit m\u00e1s, \u00e9s elt\u00e9r\u0151 t\u00edpus\u00fa l\u00e1togat\u00f3knak val\u00f3:<\/strong><\/p>\n\n\n\n<ul class=\"wp-block-list\">\n\n<li><strong>1-es wellnessszoba:<\/strong> Hatalmas, 90 m\u00b2-es t\u00e9r, ahov\u00e1 ak\u00e1r 10 f\u0151 is bef\u00e9r, \u00edgy ide\u00e1lis bar\u00e1ti t\u00e1rsas\u00e1gnak. \u00d3ri\u00e1si, 8 f\u0151s finn szauna, pezsg\u0151f\u00fcrd\u0151 \u00e9s \u00e9lm\u00e9nyzuhany van benne.<\/li>\n\n\n\n<li><strong>2-es wellnessszoba:<\/strong> Hangulatos, 36 m\u00b2, egyenesen p\u00e1roknak teremtve. Nagy \u00e1gy \u00e9s pezsg\u0151f\u00fcrd\u0151 \u00e1ll rendelkez\u00e9sre (ez a szoba szauna n\u00e9lk\u00fcli).<\/li>\n\n\n\n<li><strong>3-as wellnessszoba:<\/strong> 58 m\u00b2-es t\u00e9r ak\u00e1r 4 f\u0151nek, amely finn szaun\u00e1val, \u00e9lm\u00e9nyzuhannyal \u00e9s luxus, LED-es \u00e9jszakai \u00e9gboltos pezsg\u0151f\u00fcrd\u0151vel cs\u00e1b\u00edt.<\/li>\n\n\n\n<li><strong>4-es wellnessszoba:<\/strong> Kisebb, intim szoba k\u00e9t f\u0151nek, ahol a f\u0151szerepet a k\u00e9nyelmes pezsg\u0151f\u00fcrd\u0151 j\u00e1tssza.<\/li>\n\n\n\n<li><strong>5-\u00f6s wellnessszoba:<\/strong> A h\u00e1rmashoz hasonl\u00f3an 58 m\u00b2-t k\u00edn\u00e1l 4 f\u0151nek, min\u0151s\u00e9gi finn szaun\u00e1val, t\u00e1gas pezsg\u0151f\u00fcrd\u0151vel \u00e9s \u00e9lm\u00e9nyzuhannyal.<\/li>\n\n\n\n<li><strong>6-os wellnessszoba:<\/strong> A m\u00e1r eml\u00edtett gal\u00e9ri\u00e1s lakoszt\u00e1ly (85 m\u00b2), amely a szaun\u00e1n \u00e9s az \u00e9jszakai \u00e9gboltos pezsg\u0151f\u00fcrd\u0151n t\u00fal gy\u00f6ny\u00f6r\u0171 teraszt is k\u00edn\u00e1l eg\u00e9sz Olomoucra n\u00e9z\u0151 kil\u00e1t\u00e1ssal.<\/li>\n\n\n<\/ul>\n\n\n\n<p class=\"wp-block-paragraph\">\ud83d\udca1 <strong>Tipp:<\/strong> Mivel a priv\u00e1t wellness ir\u00e1nt Olomoucban val\u00f3ban nagy az \u00e9rdekl\u0151d\u00e9s, azt javaslom, hogy a konkr\u00e9t id\u0151blokkot m\u00e1r n\u00e9h\u00e1ny h\u00e9ttel az \u00e9rkez\u00e9s el\u0151tt foglald le.<\/p>\n\n\n\n<h2 class=\"wp-block-heading\"><span class=\"ez-toc-section\" id=\"Szobak_mire_keszulj_fel\"><\/span>Szob\u00e1k: mire k\u00e9sz\u00fclj fel<span class=\"ez-toc-section-end\"><\/span><\/h2>\n\n\n\n<figure data-wp-context=\"{&quot;imageId&quot;:&quot;6a95356837a29&quot;}\" data-wp-interactive=\"core\/image\" data-wp-key=\"6a95356837a29\" class=\"wp-block-image size-full wp-lightbox-container\"><img decoding=\"async\" width=\"2200\" height=\"1467\" data-wp-class--hide=\"state.isContentHidden\" data-wp-class--show=\"state.isContentVisible\" data-wp-init=\"callbacks.setButtonStyles\" data-wp-on--click=\"actions.showLightbox\" data-wp-on--load=\"callbacks.setButtonStyles\" data-wp-on--pointerdown=\"actions.preloadImage\" data-wp-on--pointerenter=\"actions.preloadImageWithDelay\" data-wp-on--pointerleave=\"actions.cancelPreload\" data-wp-on-window--resize=\"callbacks.setButtonStyles\" src=\"https:\/\/loudavymkrokem.cz\/wp-content\/uploads\/2026\/08\/orea-hotel-arigone-loznice-tramovy-strop.jpg\" alt=\"H\u00e1l\u00f3szoba fa gerend\u00e1s mennyezettel az olomouci Arigone sz\u00e1llod\u00e1ban\" class=\"wp-image-400982\" title=\"\" srcset=\"https:\/\/loudavymkrokem.cz\/wp-content\/uploads\/2026\/08\/orea-hotel-arigone-loznice-tramovy-strop.jpg 2200w, https:\/\/loudavymkrokem.cz\/wp-content\/uploads\/2026\/08\/orea-hotel-arigone-loznice-tramovy-strop-300x200.jpg 300w, https:\/\/loudavymkrokem.cz\/wp-content\/uploads\/2026\/08\/orea-hotel-arigone-loznice-tramovy-strop-700x467.jpg 700w, https:\/\/loudavymkrokem.cz\/wp-content\/uploads\/2026\/08\/orea-hotel-arigone-loznice-tramovy-strop-768x512.jpg 768w, https:\/\/loudavymkrokem.cz\/wp-content\/uploads\/2026\/08\/orea-hotel-arigone-loznice-tramovy-strop-1536x1024.jpg 1536w, https:\/\/loudavymkrokem.cz\/wp-content\/uploads\/2026\/08\/orea-hotel-arigone-loznice-tramovy-strop-2048x1366.jpg 2048w, https:\/\/loudavymkrokem.cz\/wp-content\/uploads\/2026\/08\/orea-hotel-arigone-loznice-tramovy-strop-696x464.jpg 696w, https:\/\/loudavymkrokem.cz\/wp-content\/uploads\/2026\/08\/orea-hotel-arigone-loznice-tramovy-strop-1392x928.jpg 1392w, https:\/\/loudavymkrokem.cz\/wp-content\/uploads\/2026\/08\/orea-hotel-arigone-loznice-tramovy-strop-1920x1280.jpg 1920w\" sizes=\"(max-width: 2200px) 100vw, 2200px\" \/><button\n\t\t\tclass=\"lightbox-trigger\"\n\t\t\ttype=\"button\"\n\t\t\taria-haspopup=\"dialog\"\n\t\t\tdata-wp-bind--aria-label=\"state.thisImage.triggerButtonAriaLabel\"\n\t\t\tdata-wp-init=\"callbacks.initTriggerButton\"\n\t\t\tdata-wp-on--click=\"actions.showLightbox\"\n\t\t\tdata-wp-style--right=\"state.thisImage.buttonRight\"\n\t\t\tdata-wp-style--top=\"state.thisImage.buttonTop\"\n\t\t>\n\t\t\t<svg xmlns=\"http:\/\/www.w3.org\/2000\/svg\" width=\"12\" height=\"12\" fill=\"none\" viewBox=\"0 0 12 12\">\n\t\t\t\t<path fill=\"#fff\" d=\"M2 0a2 2 0 0 0-2 2v2h1.5V2a.5.5 0 0 1 .5-.5h2V0H2Zm2 10.5H2a.5.5 0 0 1-.5-.5V8H0v2a2 2 0 0 0 2 2h2v-1.5ZM8 12v-1.5h2a.5.5 0 0 0 .5-.5V8H12v2a2 2 0 0 1-2 2H8Zm2-12a2 2 0 0 1 2 2v2h-1.5V2a.5.5 0 0 0-.5-.5H8V0h2Z\" \/>\n\t\t\t<\/svg>\n\t\t<\/button><figcaption class=\"wp-element-caption\">H\u00e1l\u00f3szoba fa gerend\u00e1s mennyezettel a tet\u0151t\u00e9rben<\/figcaption><\/figure>\n\n\n\n<figure data-wp-context=\"{&quot;imageId&quot;:&quot;6a95356837da9&quot;}\" data-wp-interactive=\"core\/image\" data-wp-key=\"6a95356837da9\" class=\"wp-block-image size-full wp-lightbox-container\"><img decoding=\"async\" width=\"2200\" height=\"1467\" data-wp-class--hide=\"state.isContentHidden\" data-wp-class--show=\"state.isContentVisible\" data-wp-init=\"callbacks.setButtonStyles\" data-wp-on--click=\"actions.showLightbox\" data-wp-on--load=\"callbacks.setButtonStyles\" data-wp-on--pointerdown=\"actions.preloadImage\" data-wp-on--pointerenter=\"actions.preloadImageWithDelay\" data-wp-on--pointerleave=\"actions.cancelPreload\" data-wp-on-window--resize=\"callbacks.setButtonStyles\" src=\"https:\/\/loudavymkrokem.cz\/wp-content\/uploads\/2026\/08\/orea-hotel-arigone-obyvaci-cast-pokoje.jpg\" alt=\"A szoba nappali r\u00e9sze kanap\u00e9val az OREA Hotel Arigone Olomoucban\" class=\"wp-image-400974\" title=\"\" srcset=\"https:\/\/loudavymkrokem.cz\/wp-content\/uploads\/2026\/08\/orea-hotel-arigone-obyvaci-cast-pokoje.jpg 2200w, https:\/\/loudavymkrokem.cz\/wp-content\/uploads\/2026\/08\/orea-hotel-arigone-obyvaci-cast-pokoje-300x200.jpg 300w, https:\/\/loudavymkrokem.cz\/wp-content\/uploads\/2026\/08\/orea-hotel-arigone-obyvaci-cast-pokoje-700x467.jpg 700w, https:\/\/loudavymkrokem.cz\/wp-content\/uploads\/2026\/08\/orea-hotel-arigone-obyvaci-cast-pokoje-768x512.jpg 768w, https:\/\/loudavymkrokem.cz\/wp-content\/uploads\/2026\/08\/orea-hotel-arigone-obyvaci-cast-pokoje-1536x1024.jpg 1536w, https:\/\/loudavymkrokem.cz\/wp-content\/uploads\/2026\/08\/orea-hotel-arigone-obyvaci-cast-pokoje-2048x1366.jpg 2048w, https:\/\/loudavymkrokem.cz\/wp-content\/uploads\/2026\/08\/orea-hotel-arigone-obyvaci-cast-pokoje-696x464.jpg 696w, https:\/\/loudavymkrokem.cz\/wp-content\/uploads\/2026\/08\/orea-hotel-arigone-obyvaci-cast-pokoje-1392x928.jpg 1392w, https:\/\/loudavymkrokem.cz\/wp-content\/uploads\/2026\/08\/orea-hotel-arigone-obyvaci-cast-pokoje-1920x1280.jpg 1920w\" sizes=\"(max-width: 2200px) 100vw, 2200px\" \/><button\n\t\t\tclass=\"lightbox-trigger\"\n\t\t\ttype=\"button\"\n\t\t\taria-haspopup=\"dialog\"\n\t\t\tdata-wp-bind--aria-label=\"state.thisImage.triggerButtonAriaLabel\"\n\t\t\tdata-wp-init=\"callbacks.initTriggerButton\"\n\t\t\tdata-wp-on--click=\"actions.showLightbox\"\n\t\t\tdata-wp-style--right=\"state.thisImage.buttonRight\"\n\t\t\tdata-wp-style--top=\"state.thisImage.buttonTop\"\n\t\t>\n\t\t\t<svg xmlns=\"http:\/\/www.w3.org\/2000\/svg\" width=\"12\" height=\"12\" fill=\"none\" viewBox=\"0 0 12 12\">\n\t\t\t\t<path fill=\"#fff\" d=\"M2 0a2 2 0 0 0-2 2v2h1.5V2a.5.5 0 0 1 .5-.5h2V0H2Zm2 10.5H2a.5.5 0 0 1-.5-.5V8H0v2a2 2 0 0 0 2 2h2v-1.5ZM8 12v-1.5h2a.5.5 0 0 0 .5-.5V8H12v2a2 2 0 0 1-2 2H8Zm2-12a2 2 0 0 1 2 2v2h-1.5V2a.5.5 0 0 0-.5-.5H8V0h2Z\" \/>\n\t\t\t<\/svg>\n\t\t<\/button><figcaption class=\"wp-element-caption\">A szoba nappali r\u00e9sze, ahol nyugodtan meg lehet \u00fclni, am\u00edg a gyerek alszik<\/figcaption><\/figure>\n\n\n\n<p class=\"wp-block-paragraph\">Mivel az Arigone sz\u00e1lloda t\u00f6bb t\u00f6rt\u00e9nelmi \u00e9p\u00fclet \u00f6sszekapcsol\u00e1s\u00e1val j\u00f6tt l\u00e9tre, mind az 54 szob\u00e1ja kicsit egyedi. <strong>Tal\u00e1lsz itt szob\u00e1kat az \u00fajabb, fel\u00faj\u00edtott r\u00e9szben, de olyanokat is, amelyek r\u00e9gebbi t\u00f6rt\u00e9nelmi hangulatot \u00e1rasztanak, \u00edgy a felszerelts\u00e9g sem mindenhol teljesen egys\u00e9ges.<\/strong> Ez hatalmas var\u00e1zst k\u00f6lcs\u00f6n\u00f6z a sz\u00e1llod\u00e1nak, de \u00e9rdemes tudni n\u00e9h\u00e1ny gyakorlati r\u00e9szletr\u0151l, amelyek a helysz\u00ednen meglephetnek. <strong>A szoba kiv\u00e1laszt\u00e1s\u00e1n\u00e1l nyugodtan mondd el az ig\u00e9nyeidet, a szem\u00e9lyzet seg\u00edt\u0151k\u00e9szs\u00e9ge \u00fajra \u00e9s \u00fajra felbukkan az \u00e9rt\u00e9kel\u00e9sekben.<\/strong><\/p>\n\n\n\n<p class=\"wp-block-paragraph\">Az els\u0151 dolog, amire ny\u00e1ri l\u00e1togat\u00e1sn\u00e1l \u00e9rdemes gondolni, a l\u00e9gkondicion\u00e1l\u00e1s. <strong>A sz\u00e1llod\u00e1ban sajnos nincs minden szob\u00e1ban l\u00e9gkondi, \u00e9s k\u00fcl\u00f6n\u00f6sen a tet\u0151t\u00e9rben tud a forr\u00f3 ny\u00e1ri h\u00f3napokban nagyon meleg lenni.<\/strong> Ha a ny\u00e1r k\u00f6zep\u00e9n indulsz ide, foglal\u00e1skor mindenk\u00e9pp k\u00e9rdezz r\u00e1 egy alacsonyabb emeleti szob\u00e1ra. <strong>Ugyan\u00edgy gondolj arra, hogy a lift csak a m\u00e1sodik emeletig megy fel, teh\u00e1t ha babakocsid \u00e9s neh\u00e9z b\u0151r\u00f6ndjeid vannak, mint nek\u00fcnk, a tet\u0151t\u00e9ri szob\u00e1khoz egy kis kondiedz\u00e9s v\u00e1r r\u00e1d a l\u00e9pcs\u0151n.<\/strong> Nek\u00fcnk v\u00e9g\u00fcl ez k\u00fcl\u00f6n\u00f6sebben nem zavart, de j\u00f3 el\u0151re sz\u00e1molni vele.<\/p>\n\n\n\n<p class=\"wp-block-paragraph\">Egy m\u00e1sik fontos saj\u00e1toss\u00e1g maga a belv\u00e1rosi elhelyezked\u00e9s. <strong>K\u00f6zvetlen\u00fcl a sz\u00e1lloda alatti utc\u00e1ban van Olomouc egyik nagyon n\u00e9pszer\u0171 b\u00e1rja, ami azt jelenti, hogy h\u00e9tv\u00e9gi \u00e9jszak\u00e1kon a nyitott ablakon \u00e1t el\u00e9g vid\u00e1m lehet a hangulat.<\/strong> Ha nagyon \u00e9ber alv\u00f3 vagy, vagy kisgyerekkel utazol, akit minden neszre fel\u00e9bred, ink\u00e1bb r\u00f6gt\u00f6n k\u00e9rj egy szob\u00e1t, amelynek ablakai a csendes udvar fel\u00e9 n\u00e9znek. <strong>\u00cdgy teljes nyugalmat kapsz az alv\u00e1shoz, \u00e9s m\u00e9gis csak p\u00e1r l\u00e9p\u00e9sre laksz a t\u00f6rt\u00e9nelmi belv\u00e1rost\u00f3l.<\/strong><\/p>\n\n\n\n<h2 class=\"wp-block-heading\"><span class=\"ez-toc-section\" id=\"A_reggeli_amirol_ma_is_almodom\"><\/span>A reggeli, amir\u0151l ma is \u00e1lmodom<span class=\"ez-toc-section-end\"><\/span><\/h2>\n\n\n\n<p class=\"wp-block-paragraph\">A reggeli sz\u00e1momra minden sz\u00e1llodai tart\u00f3zkod\u00e1s alf\u00e1ja \u00e9s \u00f3meg\u00e1ja, \u00e9s be kell vallanom, hogy az OREA Hotel Arigone ezen a t\u00e9ren teljesen berobban. <strong>Minden reggel gy\u00f6ny\u00f6r\u0171en elrendezett b\u00fcf\u00e9 v\u00e1r r\u00e1d, amely val\u00f3ban b\u0151s\u00e9ges v\u00e1laszt\u00e9kot k\u00edn\u00e1l friss \u00e9s min\u0151s\u00e9gi alapanyagokb\u00f3l.<\/strong> Veget\u00e1ri\u00e1nusk\u00e9nt Luk\u00e1\u0161 \u00e9s \u00e9n f\u0151leg a sajtokat, a friss p\u00e9ks\u00fctem\u00e9nyt, a toj\u00e1st \u00e9s a gy\u00fcm\u00f6lcs\u00f6t dics\u00e9rt\u00fck, \u00edgy reggel mindig tele lett a t\u00e1ny\u00e9runk. <strong>Reggel sehov\u00e1 sem siett\u00fcnk, \u00e9s a reggeli nyugodtan elh\u00faz\u00f3dott egy \u00f3r\u00e1ra is, amit kisgyerekkel kis csod\u00e1nak tartok.<\/strong><\/p>\n\n\n\n<p class=\"wp-block-paragraph\">Ami viszont teljesen lefegyverzett, \u00e9s amire ma is szeretettel gondolok, az az \u00e9des sarok volt. <strong>Volt ugyanis friss croissant, mellette pedig piszt\u00e1ciakr\u00e9m, amivel b\u0151s\u00e9gesen megt\u00f6lthetted \u0151ket.<\/strong> Esk\u00fcsz\u00f6m, az\u00f3ta is arr\u00f3l a t\u00f6k\u00e9letes piszt\u00e1ci\u00e1s croissant-r\u00f3l \u00e1lmodom, \u00e9s nyugodtan visszat\u00e9rn\u00e9k Olomoucba csak miatta \u263a\ufe0f. <strong>Ha ehhez hozz\u00e1adod a kiv\u00e1l\u00f3 reggeli k\u00e1v\u00e9t \u00e9s a sz\u00e1llodai \u00e9tterem nyugodt hangulat\u00e1t, garant\u00e1lt a lehet\u0151 legjobb ind\u00edt\u00e1s egy \u00faj naphoz.<\/strong><\/p>\n\n\n\n<!-- LKM_GYG_CARD start q=\"hotel arigone\" lang=\"hu\" rendered=\"2026-08-31T06:13:24+00:00\" v=\"1\" -->\n\n<!-- LKM_GYG_CARD end -->\n\n\n\n\n<div class=\"lk-stays-module\">\n<style>\n\/* \u2500\u2500\u2500 RESET PRO GUTENBERG \u2500\u2500\u2500 *\/\n.lk-stays-module * { box-sizing: border-box; margin: 0; padding: 0; }\n\n\/* \u2500\u2500\u2500 WRAPPER \u2500\u2500\u2500 *\/\n.lk-stays-module {\n  font-family: 'DM Sans', Georgia, sans-serif;\n  max-width: 100%;\n  margin: 2.5rem auto;\n  background: linear-gradient(135deg, #fdfaf5 0%, #fcf8f0 100%);\n  border: 1px solid #e8dfd4;\n  border-radius: 16px;\n  overflow: hidden;\n  box-shadow: 0 16px 48px rgba(195, 159, 118, 0.25), 0 4px 12px rgba(0,0,0,0.08);\n}\n\n\/* \u2500\u2500\u2500 HEADER \u2500\u2500\u2500 *\/\n.lk-stays-header {\n  position: relative;\n  padding: 24px 36px 24px;\n  background: linear-gradient(135deg, #c39f76 0%, #d4b188 60%, #c39f76 100%);\n  border-bottom: 1px solid rgba(255,255,255,.15);\n  display: flex;\n  align-items: center;\n  gap: 18px;\n}\n.lk-stays-header::before {\n  content: '';\n  position: absolute;\n  inset: 0;\n  background: url(\"data:image\/svg+xml,%3Csvg width='60' height='60' viewBox='0 0 60 60' xmlns='http:\/\/www.w3.org\/2000\/svg'%3E%3Cg fill='none' fill-rule='evenodd'%3E%3Cg fill='%23ffffff' fill-opacity='0.05'%3E%3Cpath d='M36 34v-4h-2v4h-4v2h4v4h2v-4h4v-2h-4zm0-30V0h-2v4h-4v2h4v4h2V6h4V4h-4zM6 34v-4H4v4H0v2h4v4h2v-4h4v-2H6zM6 4V0H4v4H0v2h4v4h2V6h4V4H6z'\/%3E%3C\/g%3E%3C\/g%3E%3C\/svg%3E\") repeat;\n  pointer-events: none;\n}\n.lk-stays-icon {\n  flex-shrink: 0;\n  width: 68px;\n  height: 68px;\n  border-radius: 14px;\n  background: linear-gradient(135deg, #fff 0%, #f9f6f0 100%);\n  display: flex;\n  align-items: center;\n  justify-content: center;\n  font-size: 26px;\n  box-shadow: 0 4px 12px rgba(0,0,0,0.15);\n}\n.lk-stays-eyebrow {\n  font-size: 10px;\n  font-weight: 500;\n  letter-spacing: 2.5px;\n  text-transform: uppercase;\n  color: rgba(255,255,255,.85);\n  margin: 0 0 5px 0;\n}\n.lk-stays-title {\n  font-family: 'Playfair Display', Georgia, serif;\n  font-size: 24px;\n  font-weight: 700;\n  color: #fff;\n  line-height: 1.2;\n  text-shadow: 0 1px 2px rgba(0,0,0,0.1);\n  margin: 0;\n}\n.lk-stays-subtitle {\n  font-size: 13px;\n  color: rgba(255,255,255,.75);\n  margin: 4px 0 0 0;\n  font-weight: 300;\n}\n\n\/* \u2500\u2500\u2500 CARDS GRID \u2500\u2500\u2500 *\/\n.lk-stays-grid {\n  display: grid;\n  grid-template-columns: 1fr 1fr;\n  gap: 1px;\n  background: rgba(195, 159, 118, 0.12);\n}\n\n\/* \u2500\u2500\u2500 SINGLE CARD \u2500\u2500\u2500 *\/\n.lk-stay-card {\n  background: #ffffff;\n  padding: 26px;\n  display: flex;\n  flex-direction: column;\n  gap: 11px;\n  transition: all 0.3s ease;\n  text-decoration: none;\n  color: inherit;\n  position: relative;\n}\n.lk-stay-card:hover {\n  background: #fffbf5;\n  transform: translateY(-2px);\n  box-shadow: 0 8px 24px rgba(195, 159, 118, 0.18);\n  z-index: 1;\n}\n.lk-stay-card.featured {\n  background: linear-gradient(135deg, #fffdf9 0%, #fff9f0 100%);\n  box-shadow: 0 4px 16px rgba(195, 159, 118, 0.15), inset 0 1px 0 rgba(195, 159, 118, 0.1);\n}\n.lk-stay-card.featured:hover {\n  background: linear-gradient(135deg, #fffbf5 0%, #fff8ed 100%);\n  box-shadow: 0 8px 24px rgba(195, 159, 118, 0.25), inset 0 1px 0 rgba(195, 159, 118, 0.15);\n}\n\n.lk-stay-badge {\n  display: inline-flex;\n  align-items: center;\n  gap: 5px;\n  font-size: 10px;\n  font-weight: 500;\n  letter-spacing: 1.5px;\n  text-transform: uppercase;\n  padding: 5px 11px;\n  border-radius: 20px;\n  width: fit-content;\n}\n.badge-top     { background: linear-gradient(135deg, #c39f76 0%, #d4b188 100%); color: #fff; border: 1px solid #c39f76; font-weight: 600; box-shadow: 0 2px 8px rgba(195,159,118,0.3); }\n.badge-luxury  { background: rgba(195,159,118,.12); color: #c39f76; border: 1px solid rgba(195,159,118,.25); }\n.badge-boutique{ background: rgba(54,133,252,.08); color: #3685fc; border: 1px solid rgba(54,133,252,.2); }\n.badge-nature  { background: rgba(130,190,100,.1); color: #6b9c4a; border: 1px solid rgba(130,190,100,.2); }\n.badge-remote  { background: rgba(195,159,118,.12); color: #a67e50; border: 1px solid rgba(195,159,118,.25); }\n\n.lk-stay-name {\n  font-family: 'Playfair Display', Georgia, serif;\n  font-size: 18px;\n  font-weight: 700;\n  color: #111827;\n  line-height: 1.3;\n}\n.lk-stay-desc {\n  font-size: 13.5px;\n  color: #525252;\n  line-height: 1.65;\n  font-weight: 300;\n  flex: 1;\n}\n\n.lk-stay-meta {\n  display: flex;\n  align-items: center;\n  gap: 12px;\n  flex-wrap: wrap;\n  margin-top: 4px;\n}\n.lk-stay-price {\n  font-size: 13px;\n  color: #6b7280;\n}\n.lk-stay-price strong {\n  color: #c39f76;\n  font-weight: 500;\n}\n.lk-stay-stars {\n  color: #c39f76;\n  font-size: 11px;\n  letter-spacing: 1px;\n}\n\n\/* \u2500\u2500\u2500 CTA BUTTON \u2500\u2500\u2500 *\/\n.lk-stay-cta {\n  display: inline-flex;\n  align-items: center;\n  justify-content: center;\n  gap: 7px;\n  margin-top: 8px;\n  padding: 11px 20px;\n  border-radius: 8px;\n  background: linear-gradient(135deg, #3685fc 0%, #2a6fd9 100%);\n  color: #fff;\n  font-size: 13px;\n  font-weight: 500;\n  text-decoration: none;\n  letter-spacing: .3px;\n  transition: all .2s ease;\n  cursor: pointer;\n  border: none;\n  text-align: center;\n  box-shadow: 0 4px 12px rgba(54, 133, 252, 0.25);\n}\n.lk-stay-cta:hover {\n  background: linear-gradient(135deg, #2a6fd9 0%, #1e5bc4 100%);\n  transform: translateY(-1px);\n  box-shadow: 0 6px 16px rgba(54, 133, 252, 0.35);\n}\n.lk-stay-cta svg { flex-shrink: 0; }\n\n\/* \u2500\u2500\u2500 FOOTER \u2500\u2500\u2500 *\/\n.lk-stays-footer {\n  padding: 18px 36px;\n  background: linear-gradient(to bottom, #fdfaf5 0%, #f9f4ed 100%);\n  border-top: 1px solid rgba(195, 159, 118, 0.15);\n  display: flex;\n  align-items: center;\n  justify-content: space-between;\n  flex-wrap: wrap;\n  gap: 12px;\n}\n.lk-stays-footer-note {\n  font-size: 11.5px;\n  color: #6b7280;\n  font-weight: 300;\n  line-height: 1.5;\n}\n.lk-stays-footer-note a {\n  color: #c39f76;\n  text-decoration: none;\n  font-weight: 400;\n}\n.lk-stays-footer-note a:hover {\n  text-decoration: underline;\n}\n.lk-stays-all-btn {\n  display: inline-flex;\n  align-items: center;\n  gap: 6px;\n  font-size: 12.5px;\n  font-weight: 500;\n  color: #c39f76;\n  text-decoration: none;\n  border: 1px solid rgba(195, 159, 118, 0.35);\n  padding: 8px 18px;\n  border-radius: 8px;\n  transition: all .2s ease;\n}\n.lk-stays-all-btn:hover {\n  background: rgba(195, 159, 118, 0.08);\n  border-color: rgba(195, 159, 118, 0.5);\n}\n\n\/* \u2500\u2500\u2500 RESPONSIVE \u2500\u2500\u2500 *\/\n@media (max-width: 600px) {\n  .lk-stays-grid { grid-template-columns: 1fr; }\n  .lk-stays-header { padding: 24px 20px; }\n  .lk-stays-footer { padding: 16px 20px; }\n  .lk-stay-card { padding: 22px; }\n  .lk-stays-title { font-size: 20px; }\n}\n<\/style>\n\n  <!-- HEADER -->\n  <div class=\"lk-stays-header\">\n    <img decoding=\"async\" src=\"https:\/\/loudavymkrokem.cz\/wp-content\/uploads\/2026\/02\/lukas-a-lucka.jpg\" alt=\"\" style=\"width: 75px; height: 75px; border-radius: 8px; flex-shrink: 0; object-fit: cover; display: block; margin: 4px 0;\" title=\"\">\n    <div class=\"lk-stays-header-text\">\n      <div class=\"lk-stays-eyebrow\">Luk\u00e1\u0161 \u00e9s Lucie aj\u00e1nlj\u00e1k<\/div>\n      <div class=\"lk-stays-title\">Hol sz\u00e1lljon meg Olomoucban<\/div>\n      <div class=\"lk-stays-subtitle\">2 sz\u00e1ll\u00e1s \u2014 wellness sz\u00e1llod\u00e1k \u00e9s egy\u00e9b sz\u00e1ll\u00e1slehet\u0151s\u00e9gek<\/div>\n    <\/div>\n  <\/div>\n\n  <!-- CARDS -->\n  <div class=\"lk-stays-grid\">\n\n    <a class=\"lk-stay-card featured\" href=\"https:\/\/www.stay22.com\/allez\/roam?aid=lukaskonecny&#038;campaign=loudavymkrokemcz&#038;campaign=hu&#038;campaign=oreahotelarigone&#038;hotelname=OREA%20Hotel%20Arigone%20Olomouc&#038;address=Olomouc%2C%20Cesko&#038;category=accommodation\" target=\"_blank\" rel=\"nofollow noopener\">\n      <span class=\"lk-stay-badge badge-top\">\u2b50 TOP V\u00c1LASZT\u00c1S<\/span>\n      <span class=\"lk-stay-badge badge-nature\">\u2b50 Luxury<\/span>\n      <div class=\"lk-stay-name\">OREA Hotel Arigone Olomouc<\/div>\n      <div class=\"lk-stay-desc\">T\u00f6rt\u00e9nelmi sz\u00e1lloda Olomouc k\u00f6zpontj\u00e1ban 6 wellness szob\u00e1val, pezsg\u0151f\u00fcrd\u0151vel \u00e9s szaun\u00e1val. Mezonett szoba 6 terasszal \u00e9s csillagos \u00e9ggel.<\/div>\n      <div class=\"lk-stay-meta\">\n        <span class=\"lk-stay-stars\">\u2605\u2605\u2605\u2605<\/span>\n        <span class=\"lk-stay-price\">\u00c1rak ellen\u0151rz\u00e9se<\/span>\n      <\/div>\n      <span class=\"lk-stay-cta\">\n        <svg width=\"14\" height=\"14\" viewBox=\"0 0 24 24\" fill=\"none\" stroke=\"currentColor\" stroke-width=\"2\"><path d=\"M18 13v6a2 2 0 0 1-2 2H5a2 2 0 0 1-2-2V8a2 2 0 0 1 2-2h6\"\/><polyline points=\"15 3 21 3 21 9\"\/><line x1=\"10\" y1=\"14\" x2=\"21\" y2=\"3\"\/><\/svg>\n        Ellen\u0151rizd az el\u00e9rhet\u0151s\u00e9get\n      <\/span>\n    <\/a>\n\n    <a class=\"lk-stay-card\" href=\"https:\/\/www.stay22.com\/allez\/roam?aid=lukaskonecny&#038;campaign=loudavymkrokemcz&#038;campaign=hu&#038;campaign=oreahotelarigone&#038;address=olomouc\" target=\"_blank\" rel=\"nofollow noopener\">\n      <span class=\"lk-stay-badge badge-nature\">\ud83d\udd0d Keres\u00e9s<\/span>\n      <div class=\"lk-stay-name\">\u00d6sszes sz\u00e1ll\u00e1s megtekint\u00e9se Olomoucban<\/div>\n      <div class=\"lk-stay-desc\">Fedezze fel az \u00f6sszes el\u00e9rhet\u0151 sz\u00e1ll\u00e1slehet\u0151s\u00e9get Olomoucban, \u00e9s tal\u00e1lja meg a legjobbat preferenci\u00e1i \u00e9s k\u00f6lts\u00e9gvet\u00e9se szerint.<\/div>\n      <div class=\"lk-stay-meta\">\n        <span class=\"lk-stay-stars\">\u2605\u2605\u2605\u2605<\/span>\n        <span class=\"lk-stay-price\">\u00c1rak \u00f6sszehasonl\u00edt\u00e1sa<\/span>\n      <\/div>\n      <span class=\"lk-stay-cta\">\n        <svg width=\"14\" height=\"14\" viewBox=\"0 0 24 24\" fill=\"none\" stroke=\"currentColor\" stroke-width=\"2\"><path d=\"M18 13v6a2 2 0 0 1-2 2H5a2 2 0 0 1-2-2V8a2 2 0 0 1 2-2h6\"\/><polyline points=\"15 3 21 3 21 9\"\/><line x1=\"10\" y1=\"14\" x2=\"21\" y2=\"3\"\/><\/svg>\n        Ellen\u0151rizd az el\u00e9rhet\u0151s\u00e9get\n      <\/span>\n    <\/a>\n\n  <\/div>\n\n  \n<\/div>\n\n\n\n\n<h2 class=\"wp-block-heading\"><span class=\"ez-toc-section\" id=\"Az_Arigone_gyerekkel_mi_mukodik_es_mi_nem\"><\/span>Az Arigone gyerekkel: mi m\u0171k\u00f6dik \u00e9s mi nem<span class=\"ez-toc-section-end\"><\/span><\/h2>\n\n\n\n<figure data-wp-context=\"{&quot;imageId&quot;:&quot;6a953568383ba&quot;}\" data-wp-interactive=\"core\/image\" data-wp-key=\"6a953568383ba\" class=\"wp-block-image size-full wp-lightbox-container\"><img decoding=\"async\" width=\"2200\" height=\"1467\" data-wp-class--hide=\"state.isContentHidden\" data-wp-class--show=\"state.isContentVisible\" data-wp-init=\"callbacks.setButtonStyles\" data-wp-on--click=\"actions.showLightbox\" data-wp-on--load=\"callbacks.setButtonStyles\" data-wp-on--pointerdown=\"actions.preloadImage\" data-wp-on--pointerenter=\"actions.preloadImageWithDelay\" data-wp-on--pointerleave=\"actions.cancelPreload\" data-wp-on-window--resize=\"callbacks.setButtonStyles\" src=\"https:\/\/loudavymkrokem.cz\/wp-content\/uploads\/2026\/08\/orea-hotel-arigone-rodina-ve-wellness.jpg\" alt=\"Csal\u00e1d pihen a pihen\u0151\u00e1gyakon az Arigone sz\u00e1lloda wellnessszob\u00e1j\u00e1ban\" class=\"wp-image-400991\" title=\"\" srcset=\"https:\/\/loudavymkrokem.cz\/wp-content\/uploads\/2026\/08\/orea-hotel-arigone-rodina-ve-wellness.jpg 2200w, https:\/\/loudavymkrokem.cz\/wp-content\/uploads\/2026\/08\/orea-hotel-arigone-rodina-ve-wellness-300x200.jpg 300w, https:\/\/loudavymkrokem.cz\/wp-content\/uploads\/2026\/08\/orea-hotel-arigone-rodina-ve-wellness-700x467.jpg 700w, https:\/\/loudavymkrokem.cz\/wp-content\/uploads\/2026\/08\/orea-hotel-arigone-rodina-ve-wellness-768x512.jpg 768w, https:\/\/loudavymkrokem.cz\/wp-content\/uploads\/2026\/08\/orea-hotel-arigone-rodina-ve-wellness-1536x1024.jpg 1536w, https:\/\/loudavymkrokem.cz\/wp-content\/uploads\/2026\/08\/orea-hotel-arigone-rodina-ve-wellness-2048x1366.jpg 2048w, https:\/\/loudavymkrokem.cz\/wp-content\/uploads\/2026\/08\/orea-hotel-arigone-rodina-ve-wellness-696x464.jpg 696w, https:\/\/loudavymkrokem.cz\/wp-content\/uploads\/2026\/08\/orea-hotel-arigone-rodina-ve-wellness-1392x928.jpg 1392w, https:\/\/loudavymkrokem.cz\/wp-content\/uploads\/2026\/08\/orea-hotel-arigone-rodina-ve-wellness-1920x1280.jpg 1920w\" sizes=\"(max-width: 2200px) 100vw, 2200px\" \/><button\n\t\t\tclass=\"lightbox-trigger\"\n\t\t\ttype=\"button\"\n\t\t\taria-haspopup=\"dialog\"\n\t\t\tdata-wp-bind--aria-label=\"state.thisImage.triggerButtonAriaLabel\"\n\t\t\tdata-wp-init=\"callbacks.initTriggerButton\"\n\t\t\tdata-wp-on--click=\"actions.showLightbox\"\n\t\t\tdata-wp-style--right=\"state.thisImage.buttonRight\"\n\t\t\tdata-wp-style--top=\"state.thisImage.buttonTop\"\n\t\t>\n\t\t\t<svg xmlns=\"http:\/\/www.w3.org\/2000\/svg\" width=\"12\" height=\"12\" fill=\"none\" viewBox=\"0 0 12 12\">\n\t\t\t\t<path fill=\"#fff\" d=\"M2 0a2 2 0 0 0-2 2v2h1.5V2a.5.5 0 0 1 .5-.5h2V0H2Zm2 10.5H2a.5.5 0 0 1-.5-.5V8H0v2a2 2 0 0 0 2 2h2v-1.5ZM8 12v-1.5h2a.5.5 0 0 0 .5-.5V8H12v2a2 2 0 0 1-2 2H8Zm2-12a2 2 0 0 1 2 2v2h-1.5V2a.5.5 0 0 0-.5-.5H8V0h2Z\" \/>\n\t\t\t<\/svg>\n\t\t<\/button><figcaption class=\"wp-element-caption\">A szobai wellness azt jelenti, hogy akkor is kipihened magad, ha a gyerek a k\u00f6zeledben van<\/figcaption><\/figure>\n\n\n\n<figure data-wp-context=\"{&quot;imageId&quot;:&quot;6a9535683872c&quot;}\" data-wp-interactive=\"core\/image\" data-wp-key=\"6a9535683872c\" class=\"wp-block-image size-full wp-lightbox-container\"><img decoding=\"async\" width=\"2200\" height=\"1467\" data-wp-class--hide=\"state.isContentHidden\" data-wp-class--show=\"state.isContentVisible\" data-wp-init=\"callbacks.setButtonStyles\" data-wp-on--click=\"actions.showLightbox\" data-wp-on--load=\"callbacks.setButtonStyles\" data-wp-on--pointerdown=\"actions.preloadImage\" data-wp-on--pointerenter=\"actions.preloadImageWithDelay\" data-wp-on--pointerleave=\"actions.cancelPreload\" data-wp-on-window--resize=\"callbacks.setButtonStyles\" src=\"https:\/\/loudavymkrokem.cz\/wp-content\/uploads\/2026\/08\/orea-hotel-arigone-wellness-s-ditetem.jpg\" alt=\"Kisgyerek a pihen\u0151\u00e1gyon az Arigone sz\u00e1lloda wellnessszob\u00e1j\u00e1ban\" class=\"wp-image-400972\" title=\"\" srcset=\"https:\/\/loudavymkrokem.cz\/wp-content\/uploads\/2026\/08\/orea-hotel-arigone-wellness-s-ditetem.jpg 2200w, https:\/\/loudavymkrokem.cz\/wp-content\/uploads\/2026\/08\/orea-hotel-arigone-wellness-s-ditetem-300x200.jpg 300w, https:\/\/loudavymkrokem.cz\/wp-content\/uploads\/2026\/08\/orea-hotel-arigone-wellness-s-ditetem-700x467.jpg 700w, https:\/\/loudavymkrokem.cz\/wp-content\/uploads\/2026\/08\/orea-hotel-arigone-wellness-s-ditetem-768x512.jpg 768w, https:\/\/loudavymkrokem.cz\/wp-content\/uploads\/2026\/08\/orea-hotel-arigone-wellness-s-ditetem-1536x1024.jpg 1536w, https:\/\/loudavymkrokem.cz\/wp-content\/uploads\/2026\/08\/orea-hotel-arigone-wellness-s-ditetem-2048x1366.jpg 2048w, https:\/\/loudavymkrokem.cz\/wp-content\/uploads\/2026\/08\/orea-hotel-arigone-wellness-s-ditetem-696x464.jpg 696w, https:\/\/loudavymkrokem.cz\/wp-content\/uploads\/2026\/08\/orea-hotel-arigone-wellness-s-ditetem-1392x928.jpg 1392w, https:\/\/loudavymkrokem.cz\/wp-content\/uploads\/2026\/08\/orea-hotel-arigone-wellness-s-ditetem-1920x1280.jpg 1920w\" sizes=\"(max-width: 2200px) 100vw, 2200px\" \/><button\n\t\t\tclass=\"lightbox-trigger\"\n\t\t\ttype=\"button\"\n\t\t\taria-haspopup=\"dialog\"\n\t\t\tdata-wp-bind--aria-label=\"state.thisImage.triggerButtonAriaLabel\"\n\t\t\tdata-wp-init=\"callbacks.initTriggerButton\"\n\t\t\tdata-wp-on--click=\"actions.showLightbox\"\n\t\t\tdata-wp-style--right=\"state.thisImage.buttonRight\"\n\t\t\tdata-wp-style--top=\"state.thisImage.buttonTop\"\n\t\t>\n\t\t\t<svg xmlns=\"http:\/\/www.w3.org\/2000\/svg\" width=\"12\" height=\"12\" fill=\"none\" viewBox=\"0 0 12 12\">\n\t\t\t\t<path fill=\"#fff\" d=\"M2 0a2 2 0 0 0-2 2v2h1.5V2a.5.5 0 0 1 .5-.5h2V0H2Zm2 10.5H2a.5.5 0 0 1-.5-.5V8H0v2a2 2 0 0 0 2 2h2v-1.5ZM8 12v-1.5h2a.5.5 0 0 0 .5-.5V8H12v2a2 2 0 0 1-2 2H8Zm2-12a2 2 0 0 1 2 2v2h-1.5V2a.5.5 0 0 0-.5-.5H8V0h2Z\" \/>\n\t\t\t<\/svg>\n\t\t<\/button><figcaption class=\"wp-element-caption\">Jon\u00e1sk\u00e1nak a pezsg\u0151f\u00fcrd\u0151 melletti pihen\u0151\u00e1gyak tal\u00e1n m\u00e9g n\u00e1lunk is jobban tetszettek \ud83d\ude01<\/figcaption><\/figure>\n\n\n\n<p class=\"wp-block-paragraph\">Ha gyerekekkel utazol, fontos \u0151szint\u00e9n kimondani, hogy az Arigone nem tartozik az OREA m\u00e1rka tipikus csal\u00e1di rezortjai k\u00f6z\u00e9. <strong>Nem tal\u00e1lsz itt hangos anim\u00e1ci\u00f3s programokat, kabalafigur\u00e1kat, sem \u00f3ri\u00e1si, m\u0171anyag j\u00e1t\u00e9kokkal teli sz\u00e1llodai gyereksarkot.<\/strong> Valakinek ez h\u00e1tr\u00e1ny lehet, de mi \u00e9ppen ezt a nyugalmat \u00e9rt\u00e9kelt\u00fck nagyon. <strong>Hatalmas plusz a bar\u00e1ts\u00e1gos \u00e1rpolitika, ugyanis az 5,99 \u00e9vesn\u00e9l fiatalabb gyerekek teljesen ingyen sz\u00e1llnak meg a sz\u00e1llod\u00e1ban, a 12 \u00e9vesn\u00e9l id\u0151sebbek pedig f\u00e9l \u00e1ron laknak.<\/strong><\/p>\n\n\n\n<p class=\"wp-block-paragraph\">A sz\u00e1llodai gyereksarok hi\u00e1nya r\u00e1ad\u00e1sul Olomouc belv\u00e1ros\u00e1ban egy\u00e1ltal\u00e1n nem baj, mert a k\u00f6rny\u00e9k sz\u00f3 szerint tele van remek lehet\u0151s\u00e9gekkel a csal\u00e1dok sz\u00e1m\u00e1ra. <strong>Csup\u00e1n p\u00e1r perc s\u00e9t\u00e1ra a sz\u00e1llod\u00e1t\u00f3l tal\u00e1lod a J\u00e1S\u00e1m nev\u0171 k\u00e1v\u00e9z\u00f3s gyerekfoglalkoztat\u00f3t (Horn\u00ed n\u00e1m\u011bst\u00ed 7), amely k\u00f6zvetlen\u00fcl az \u00f3ratoronnyal szemben van,<\/strong> \u00e9s ahol gy\u00f6ny\u00f6r\u0171 faj\u00e1t\u00e9kok, gyerekkonyha \u00e9s biztons\u00e1gos m\u00e1sz\u00f3k\u00e1k v\u00e1rnak, m\u00edg a sz\u00fcl\u0151k egy k\u00fcl\u00f6nleges k\u00e1v\u00e9t \u00e9s h\u00e1zi s\u00fctem\u00e9nyt fogyaszthatnak (minden nap 19:00-ig nyitva). <strong>Pontosan egy ilyen helyet \u00e9rt\u00e9kelsz, amikor kint nyirkos az id\u0151, \u00e9s a gyereket a d\u00e9lut\u00e1ni alv\u00e1s el\u0151tt j\u00f3l el kell f\u00e1rasztanod.<\/strong><\/p>\n\n\n\n<p class=\"wp-block-paragraph\">Ezenk\u00edv\u00fcl melegen aj\u00e1nljuk a V lese k\u00e1v\u00e9z\u00f3t is (\u017derot\u00ednovo n\u00e1m\u011bst\u00ed 3), amely gy\u00f6ny\u00f6r\u0171 Montessori-foglalkoztat\u00f3t rejt hangf\u00e1val \u00e9s aktivit\u00e1st\u00e1bl\u00e1kkal. <strong>Az eg\u00e9sz napos bel\u00e9p\u0151 itt mind\u00f6ssze 60 korona (kb. 900 Ft), h\u00e9tv\u00e9g\u00e9n pedig 10:00-t\u00f3l 19:00-ig tartanak nyitva, ami gyerekes csal\u00e1doknak teljesen ide\u00e1lis.<\/strong> Egy m\u00e1sik gyalog is el\u00e9rhet\u0151 lehet\u0151s\u00e9g a n\u00e9pszer\u0171 \u010clov\u00ed\u010dkov foglalkoztat\u00f3 (8. kv\u011btna 24), ahov\u00e1 59 koron\u00e1\u00e9rt (kb. 890 Ft) korl\u00e1tlan id\u0151re bejuthatsz. <strong>Ha ehhez hozz\u00e1adom, hogy este a baba elaltat\u00e1sa ut\u00e1n bem\u00e1szhatsz a szobai priv\u00e1t pezsg\u0151f\u00fcrd\u0151be, sz\u00e1momra az Arigone az egyik legjobb v\u00e1rosi sz\u00e1lloda gyerekes sz\u00fcl\u0151knek.<\/strong><\/p>\n\n\n\n<h2 class=\"wp-block-heading\"><span class=\"ez-toc-section\" id=\"Parkolas_erkezes_es_gyakorlati_infok\"><\/span>Parkol\u00e1s, \u00e9rkez\u00e9s \u00e9s gyakorlati inf\u00f3k<span class=\"ez-toc-section-end\"><\/span><\/h2>\n\n\n\n<p class=\"wp-block-paragraph\">Aut\u00f3val bejutni Olomouc t\u00f6rt\u00e9nelmi magj\u00e1ba n\u00e9ha kicsit logisztikai kih\u00edv\u00e1s, de a sz\u00e1lloda ezt szerencs\u00e9re nagyon j\u00f3l megoldotta. <strong>A megk\u00f6zel\u00edt\u0151 \u00fat ugyan a s\u00e9t\u00e1l\u00f3\u00f6vezeten \u00e1t vezet, de a sz\u00e1lloda el\u0151re nagyon r\u00e9szletes \u00fatmutat\u00f3t k\u00fcld, \u00edgy nem kell att\u00f3l tartanod, hogy elt\u00e9vedsz vagy b\u00fcntet\u00e9st kapsz.<\/strong> Rendelkez\u00e9sre \u00e1ll a sz\u00e1llodai parkol\u00f3udvar, amely k\u00f6zvetlen\u00fcl az \u00e9p\u00fclet m\u00f6g\u00f6tt tal\u00e1lhat\u00f3, ami a b\u0151r\u00f6nd\u00f6k \u00e9s a babakocsi kirakod\u00e1sakor \u00f3ri\u00e1si megk\u00f6nnyebb\u00fcl\u00e9s. <strong>A parkol\u00e1s d\u00edjk\u00f6teles, \u00e9s az udvar korl\u00e1tozott kapacit\u00e1sa miatt a helyedet mindig el\u0151re le kell foglalnod.<\/strong><\/p>\n\n\n\n<p class=\"wp-block-paragraph\">Ami a tov\u00e1bbi gyakorlati felszerelts\u00e9get illeti, a sz\u00e1llod\u00e1ban mindenhol t\u00f6k\u00e9letesen m\u0171k\u00f6dik az ingyenes Wi-Fi, \u00edgy ha este egy kicsit dolgoznod kell, semmi gondod nem lesz. <strong>A seg\u00edt\u0151k\u00e9sz szem\u00e9lyzet az \u00e9rt\u00e9kel\u00e9sek szerint az egyik legt\u00f6bbet dics\u00e9rt dolog az Arigone-ban, \u00edgy nyugodtan k\u00e9rdezz b\u00e1rmir\u0151l a wellness foglal\u00e1s\u00e1t\u00f3l kezdve egy vacsoratippig.<\/strong> A sz\u00e1llod\u00e1hoz tartozik egy hangulatos boroz\u00f3 is, amely kifejezetten kisebb csal\u00e1di \u00fcnnepl\u00e9sekhez vagy nyugodt esti \u00fcld\u00f6g\u00e9l\u00e9shez val\u00f3, ha \u00e9ppen nincs kedved kimenni a v\u00e1ros forgatag\u00e1ba.<\/p>\n\n\n\n<h2 class=\"wp-block-heading\"><span class=\"ez-toc-section\" id=\"Mit_kifogasolnak_a_tobbi_vendegek\"><\/span>Mit kifog\u00e1solnak a t\u00f6bbi vend\u00e9gek<span class=\"ez-toc-section-end\"><\/span><\/h2>\n\n\n\n<p class=\"wp-block-paragraph\">A saj\u00e1t benyom\u00e1saink mellett \u00e1tn\u00e9ztem azt is, mit \u00edrnak a sz\u00e1llod\u00e1r\u00f3l a t\u00f6bbi vend\u00e9gek. <strong>Az OREA Hotel Arigone nagyon magas \u00e9rt\u00e9kel\u00e9seket tart, a Google-\u00f6n 4,4 csillagot k\u00f6zel 800 \u00e9rt\u00e9kel\u00e9sb\u0151l, a Bookingon pedig leny\u0171g\u00f6z\u0151 8,8 pontot k\u00f6zel 4000 \u00e9rt\u00e9kel\u00e9sb\u0151l (a Slevomaton egyenesen 4,7-et az 5-b\u0151l).<\/strong> Az emberek az \u00e9rt\u00e9kel\u00e9sekben leggyakrabban a t\u00f6rt\u00e9nelmi belv\u00e1ros verhetetlen elhelyezked\u00e9s\u00e9t, a hihetetlen\u00fcl k\u00e9nyelmes \u00e9s sz\u00e9les \u00e1gyakat, valamint a fantasztikus b\u00fcf\u00e9reggelit dics\u00e9rik, amit saj\u00e1t tapasztalatb\u00f3l csak meger\u0151s\u00edteni tudunk. <strong>Sok dics\u00e9ret jut a szem\u00e9lyzetnek is, amely \u00e1ll\u00edt\u00f3lag mindig mosolyg\u00f3s \u00e9s seg\u00edt\u0151k\u00e9sz.<\/strong><\/p>\n\n\n\n<p class=\"wp-block-paragraph\">Amikor m\u00e9gis megjelenik valami kifog\u00e1s, az \u00e1ltal\u00e1ban a t\u00f6rt\u00e9nelmi \u00e9p\u00fclettel j\u00e1r\u00f3 gyakorlati korl\u00e1tokra vonatkozik. <strong>N\u00e9h\u00e1ny vend\u00e9g panaszkodik a l\u00e9gkondi n\u00e9lk\u00fcli tet\u0151t\u00e9ri szob\u00e1k ny\u00e1ri meleg\u00e9re \u00e9s az alkalmi zajra a sz\u00e1lloda alatti utca n\u00e9pszer\u0171 b\u00e1rj\u00e1b\u00f3l.<\/strong> Gyakran emlegetett t\u00e9ma az is, hogy a lift csak a m\u00e1sodik emeletig megy, a tet\u0151t\u00e9r fel\u00e9 vezet\u0151 \u00fat t\u00f6bbi r\u00e9sz\u00e9t pedig gyalog kell megtenned, ami meglepheti az id\u0151sebbeket vagy a terjedelmes csomaggal \u00e9rkez\u0151 vend\u00e9geket. <strong>N\u00e9ha felbukkan egy-egy s\u00f3haj arr\u00f3l is, hogy a parkol\u00f3udvar tele szokott lenni, \u00e9s a s\u00e9t\u00e1l\u00f3\u00f6vezeten \u00e1t val\u00f3 \u00e9rkez\u00e9s kicsit \u00f3vatoss\u00e1got ig\u00e9nyel a vol\u00e1n m\u00f6g\u00f6tt.<\/strong> Ezek egyike sem legy\u0151zhetetlen probl\u00e9ma, ha el\u0151re tudsz r\u00f3luk, \u00e9s ehhez igaz\u00edtod a konkr\u00e9t szoba kiv\u00e1laszt\u00e1s\u00e1t.<\/p>\n\n\n\n<h2 class=\"wp-block-heading\"><span class=\"ez-toc-section\" id=\"Mennyibe_kerul_es_hol_foglalj\"><\/span>Mennyibe ker\u00fcl \u00e9s hol foglalj<span class=\"ez-toc-section-end\"><\/span><\/h2>\n\n\n\n<p class=\"wp-block-paragraph\">Az OREA Hotel Arigone sz\u00e1ll\u00e1s\u00e1rai el\u00e9g sokat v\u00e1ltoznak az \u00e9vszakt\u00f3l, a h\u00e9t napjait\u00f3l \u00e9s term\u00e9szetesen a kiv\u00e1lasztott szobat\u00edpust\u00f3l f\u00fcgg\u0151en. <strong>A standard szob\u00e1k \u00e1rban nagyon bar\u00e1ts\u00e1gosak, m\u00edg a pezsg\u0151f\u00fcrd\u0151s \u00e9s szaun\u00e1s luxus gal\u00e9ri\u00e1s lakoszt\u00e1lyok\u00e9rt \u00e9rthet\u0151 m\u00f3don egy kicsit t\u00f6bbet fizetsz.<\/strong> Mivel azonban a wellnessszob\u00e1kb\u00f3l csak korl\u00e1tozott mennyis\u00e9g van, \u00e9s rendk\u00edv\u00fcl n\u00e9pszer\u0171ek, melegen aj\u00e1nlom, hogy a foglal\u00e1st ne hagyd az utols\u00f3 pillanatra. <strong>Ha romantikus h\u00e9tv\u00e9g\u00e9t vagy \u00e9vfordul\u00f3s \u00fcnnepl\u00e9st tervezel, ink\u00e1bb ak\u00e1r t\u00f6bb h\u00f3nappal el\u0151re biztos\u00edtsd be a szob\u00e1t.<\/strong><\/p>\n\n\n\n<p class=\"wp-block-paragraph\">\ud83d\udc49 <strong><a href=\"https:\/\/www.stay22.com\/allez\/roam?aid=lukaskonecny&#038;campaign=loudavymkrokemcz&#038;campaign=oreahotelarigone&#038;hotelname=OREA%20Hotel%20Arigone%20Olomouc&#038;address=Olomouc%2C%20Cesko&#038;category=accommodation\" target=\"_blank\" rel=\"nofollow sponsored noopener\">Aktu\u00e1lis \u00e1rak \u00e9s el\u00e9rhet\u0151s\u00e9g megtekint\u00e9se<\/a><\/strong> \u00b7 <a href=\"https:\/\/www.orea.cz\/hotel-arigone\" target=\"_blank\" rel=\"nofollow noopener\">k\u00f6zvetlen foglal\u00e1s az OREA weboldal\u00e1n<\/a><\/p>\n\n\n\n<h2 class=\"wp-block-heading\"><span class=\"ez-toc-section\" id=\"Hol_egyel_a_szalloda_kornyeken\"><\/span>Hol egy\u00e9l a sz\u00e1lloda k\u00f6rny\u00e9k\u00e9n<span class=\"ez-toc-section-end\"><\/span><\/h2>\n\n\n\n<p class=\"wp-block-paragraph\">A sz\u00e1llodai \u00e9tterem f\u0151leg reggelikn\u00e9l m\u0171k\u00f6dik, \u00edgy eb\u00e9dre \u00e9s vacsor\u00e1ra ki kell menni. <strong>Ez azonban Olomoucban egy\u00e1ltal\u00e1n nem baj, mert az Arigone-t\u00f3l gyalog is el\u00e9rhet\u0151 t\u00e1vols\u00e1gban rendes v\u00e1laszt\u00e9k van vend\u00e9gl\u00e1t\u00f3helyekb\u0151l,<\/strong> \u00e9s mi veget\u00e1ri\u00e1nusk\u00e9nt gond n\u00e9lk\u00fcl v\u00e1lasztottunk itt.<\/p>\n\n\n\n<ul class=\"wp-block-list\">\n<li><strong>Koza z\u016fstala cel\u00e1<\/strong> (Ml\u00fdnsk\u00e1 952) egy h\u00edres veget\u00e1ri\u00e1nus \u00e9tterem 4,8-as \u00e9rt\u00e9kel\u00e9ssel \u00e9s kellemes terasszal.<\/li>\n\n\n\n<li><strong>GREEN BAR<\/strong> (Ztracen\u00e1 3) gyors, h\u00fasmentes v\u00e1laszt\u00e1s, ha a v\u00e1rosn\u00e9z\u00e9sek k\u00f6z\u00f6tt kell enned. M\u00e1r t\u00edzt\u0151l nyitva vannak.<\/li>\n\n\n\n<li><strong>Kathmandu<\/strong> (Doln\u00ed n\u00e1m\u011bst\u00ed 25) nep\u00e1li konyh\u00e1t visz, \u00e9s a vend\u00e9gek dics\u00e9rik, milyen k\u00e9szs\u00e9gesen seg\u00edtenek itt a veget\u00e1ri\u00e1nus v\u00e1ltozatokban.<\/li>\n\n\n\n<li><strong>Az olomouci t\u00far\u00f3sajtot<\/strong> (olomouck\u00e9 tvar\u016f\u017eky) pr\u00f3b\u00e1ld ki h\u0151kezelve, p\u00e9ld\u00e1ul r\u00e1ntva vagy fokhagymalevesben. Hidegen el\u00e9g nagy kih\u00edv\u00e1s a szokatlan orroknak. \ud83d\ude05<\/li>\n<\/ul>\n\n\n\n<p class=\"wp-block-paragraph\">\ud83d\udca1 <strong>Tipp:<\/strong> A tov\u00e1bbi vend\u00e9gl\u00e1t\u00f3helyek, esem\u00e9nyek \u00e9s nyitvatart\u00e1si id\u0151k \u00e1ttekint\u00e9s\u00e9t az <a href=\"https:\/\/tourism.olomouc.eu\/\" target=\"_blank\" rel=\"nofollow noopener\">Olomouc hivatalos turisztikai oldal\u00e1n<\/a> tal\u00e1lod.<\/p>\n\n\n\n<h2 class=\"wp-block-heading\"><span class=\"ez-toc-section\" id=\"Mit_jarsz_be_az_Arigone-bol\"><\/span>Mit j\u00e1rsz be az Arigone-b\u00f3l<span class=\"ez-toc-section-end\"><\/span><\/h2>\n\n\n\n<p class=\"wp-block-paragraph\">Az Univerzitn\u00ed utcai sz\u00e1ll\u00e1s egyik legnagyobb el\u0151nye, hogy Olomouc eg\u00e9sz t\u00f6rt\u00e9nelmi belv\u00e1ros\u00e1t k\u00e9nyelmesen bej\u00e1rod gyalog. <strong>R\u00f6gt\u00f6n a sarok m\u00f6g\u00f6tt v\u00e1r r\u00e1d a t\u00e1gas Fels\u0151 t\u00e9r, ahol nem csak a h\u00edres \u00f3ratornyos v\u00e1rosh\u00e1z\u00e1t tal\u00e1lod, hanem mindenekel\u0151tt a monument\u00e1lis Szenth\u00e1roms\u00e1g-oszlopot, amely joggal szerepel az UNESCO list\u00e1j\u00e1n.<\/strong> \u00c9rdemes meg\u00e1llni mellette, \u00e9s egy kicsit szem\u00fcgyre venni azokat a hihetetlen barokk r\u00e9szleteket. <strong>A v\u00e1rosban s\u00e9t\u00e1lva semmik\u00e9pp ne hagyd ki a h\u00edres olomouci kutakat sem, amelyek sz\u00e9tsz\u00f3rtan \u00e1llnak az eg\u00e9sz belv\u00e1rosban, \u00e9s ny\u00e1ron kellemesen felfriss\u00edtik a leveg\u0151t.<\/strong><\/p>\n\n\n\n<p class=\"wp-block-paragraph\">Ha az ellenkez\u0151 ir\u00e1nyba indulsz, pillanatok alatt eljutsz a Szent Vencel-sz\u00e9kesegyh\u00e1zhoz, amelynek magas tornyai a v\u00e1ros \u00f6sszet\u00e9veszthetetlen jelk\u00e9p\u00e9t alkotj\u00e1k. <strong>L\u00e1togat\u00e1sra \u00e9rdemes a fens\u00e9ges Szent M\u00f3ric-templom is, ahonnan gy\u00f6ny\u00f6r\u0171 kil\u00e1t\u00e1s ny\u00edlik a k\u00f6rny\u00e9kre.<\/strong> Gyerekes csal\u00e1doknak, akiknek a k\u00f6rnyez\u0151 foglalkoztat\u00f3k nem elegek, remek tipp az interakt\u00edv science center, a <a href=\"https:\/\/www.pevnostpoznani.cz\/\" target=\"_blank\" rel=\"nofollow noopener\">Pevnost pozn\u00e1n\u00ed<\/a>, ahol nyugodtan elt\u00f6lthetsz egy eg\u00e9sz d\u00e9lut\u00e1nt. <strong>Ha pedig nem b\u00e1nsz egy r\u00f6vid aut\u00f3s vagy buszos kir\u00e1ndul\u00e1st, mindenk\u00e9pp l\u00e1togass el a n\u00e9pszer\u0171 <a href=\"https:\/\/www.zoo-olomouc.cz\/\" target=\"_blank\" rel=\"nofollow noopener\">Svat\u00fd Kope\u010dek-i \u00e1llatkertbe<\/a>, amely az egyik legszebb Csehorsz\u00e1gban.<\/strong><\/p>\n\n\n\n<h2 class=\"wp-block-heading\"><span class=\"ez-toc-section\" id=\"Merre_tovabb\"><\/span>Merre tov\u00e1bb<span class=\"ez-toc-section-end\"><\/span><\/h2>\n\n\n\n<p class=\"wp-block-paragraph\">Ha Olomouc t\u00e9ged is \u00fagy megfogott, mint minket, n\u00e9zd meg a tov\u00e1bbi cikkeinket is:<\/p>\n\n\n\n<ul class=\"wp-block-list\">\n\n<li><a href=\"https:\/\/loudavymkrokem.cz\/hu\/mit-latni-olomoucban\/\">Mit l\u00e1ss Olomoucban<\/a>: 14 tipp, amit a v\u00e1rosban nem szabad kihagyni, az \u00f3ratoronyt\u00f3l a sz\u00e9kesegyh\u00e1zig.<\/li>\n\n\n\n<li><a href=\"https:\/\/loudavymkrokem.cz\/hu\/olomouc-gyerekekkel-tippek\/\">Olomouc gyerekekkel<\/a>: 34 tipp foglalkoztat\u00f3kra, \u00e1llatkertre, aquaparkra \u00e9s k\u00f6rny\u00e9kbeli kir\u00e1ndul\u00e1sokra.<\/li>\n\n\n\n<li><a href=\"https:\/\/loudavymkrokem.cz\/hu\/jacuzzis-szalloda-szobaban\/\">A legjobb sz\u00e1llod\u00e1k szobai pezsg\u0151f\u00fcrd\u0151vel<\/a>: hol tal\u00e1lsz Csehorsz\u00e1gban \u00e9s Szlov\u00e1ki\u00e1ban priv\u00e1t bubor\u00e9kokat.<\/li>\n\n\n\n<li><a href=\"https:\/\/loudavymkrokem.cz\/hu\/wellness-csehorszag-hotelek\/\">A legjobb wellnesssz\u00e1llod\u00e1k Csehorsz\u00e1gban<\/a>: 29 tipp wellness-tart\u00f3zkod\u00e1sra kettesben.<\/li>\n\n\n\n<li><a href=\"https:\/\/loudavymkrokem.cz\/hu\/csehorszag-morvaorszag-nyaralas-tippek\/\">Hov\u00e1 menj nyaralni K\u00f6z\u00e9p-Morvaorsz\u00e1gba<\/a>: 15 tipp Han\u00e1ra \u00e9s Vala\u0161sk\u00f3ra.<\/li>\n\n\n<\/ul>\n\n\n\n<h2 class=\"wp-block-heading\"><span class=\"ez-toc-section\" id=\"Gyakran_ismetelt_kerdesek\"><\/span>Gyakran ism\u00e9telt k\u00e9rd\u00e9sek<span class=\"ez-toc-section-end\"><\/span><\/h2>\n\n\n\n<p class=\"wp-block-paragraph\">Mit k\u00e9rdeznek az emberek leggyakrabban, amikor az Arigone-ba k\u00e9sz\u00fclnek? <strong>Kiemeltem azokat a k\u00e9rd\u00e9seket, amelyek a foglal\u00e1s el\u0151tt nek\u00fcnk is a fej\u00fcnkben motoszk\u00e1ltak.<\/strong><\/p>\n\n\n<div id=\"rank-math-faq\" class=\"rank-math-block\">\n<div class=\"rank-math-list \">\n<div id=\"faq-question-1787773774000\" class=\"rank-math-list-item\">\n<h3 class=\"rank-math-question \"><span class=\"ez-toc-section\" id=\"Van_pezsgofurdo_kozvetlenul_a_szoban_az_OREA_Hotel_Arigone-ban\"><\/span>Van pezsg\u0151f\u00fcrd\u0151 k\u00f6zvetlen\u00fcl a szob\u00e1n az OREA Hotel Arigone-ban?<span class=\"ez-toc-section-end\"><\/span><\/h3>\n<div class=\"rank-math-answer \">\n\n<p>Igen, a sz\u00e1lloda hat k\u00fcl\u00f6nleges wellness szob\u00e1val rendelkezik. A 6-os sz\u00e1m\u00fa k\u00e9tszintes szoba k\u00f6zvetlen\u00fcl a szob\u00e1n finn szaun\u00e1val \u00e9s \u00e9jszakai \u00e9gbolt-effekttel ell\u00e1tott pezsg\u0151f\u00fcrd\u0151vel rendelkezik. A t\u00f6bbi pezsg\u0151f\u00fcrd\u0151s szoba a priv\u00e1t wellness k\u00f6zpontban b\u00e9relhet\u0151.<\/p>\n\n<\/div>\n<\/div>\n<div id=\"faq-question-1787773774001\" class=\"rank-math-list-item\">\n<h3 class=\"rank-math-question \"><span class=\"ez-toc-section\" id=\"Mennyibe_kerul_a_privat_wellness_berlese\"><\/span>Mennyibe ker\u00fcl a priv\u00e1t wellness b\u00e9rl\u00e9se?<span class=\"ez-toc-section-end\"><\/span><\/h3>\n<div class=\"rank-math-answer \">\n\n<p>Az \u00e1r a konkr\u00e9t wellness szob\u00e1t\u00f3l \u00e9s a b\u00e9rl\u00e9s id\u0151tartam\u00e1t\u00f3l f\u00fcgg. A sz\u00e1lloda 2 \u00f3r\u00e1s vagy 4,5 \u00f3r\u00e1s id\u0151blokkokat k\u00edn\u00e1l. Kell\u0151 id\u0151ben aj\u00e1nlott el\u0151re foglalni, mivel a kapacit\u00e1s gyorsan elfogy.<\/p>\n\n<\/div>\n<\/div>\n<div id=\"faq-question-1787773774002\" class=\"rank-math-list-item\">\n<h3 class=\"rank-math-question \"><span class=\"ez-toc-section\" id=\"Alkalmas_az_Arigone_csaladoknak_gyerekekkel\"><\/span>Alkalmas az Arigone csal\u00e1doknak gyerekekkel?<span class=\"ez-toc-section-end\"><\/span><\/h3>\n<div class=\"rank-math-answer \">\n\n<p>B\u00e1r ez nem egy tipikus csal\u00e1di \u00fcd\u00fcl\u0151hely anim\u00e1torokkal \u00e9s sz\u00e1llodai gyerekkuck\u00f3val, a csal\u00e1dok sz\u00e1m\u00e1ra kiv\u00e1l\u00f3 v\u00e1laszt\u00e1s. A 5,99 \u00e9ves korig ingyenesen sz\u00e1llnak meg a gyerekek, \u00e9s gyalogos t\u00e1vols\u00e1gon bel\u00fcl a sz\u00e1llod\u00e1t\u00f3l t\u00f6bb kiv\u00e1l\u00f3 gyermekj\u00e1tsz\u00f3teret tal\u00e1lsz (pl. J\u00e1S\u00e1m vagy V lese).<\/p>\n\n<\/div>\n<\/div>\n<div id=\"faq-question-1787773774003\" class=\"rank-math-list-item\">\n<h3 class=\"rank-math-question \"><span class=\"ez-toc-section\" id=\"Van_a_szallodanak_sajat_parkoloja\"><\/span>Van a sz\u00e1llod\u00e1nak saj\u00e1t parkol\u00f3ja?<span class=\"ez-toc-section-end\"><\/span><\/h3>\n<div class=\"rank-math-answer \">\n\n<p>Igen, a sz\u00e1lloda saj\u00e1t udvar\u00e1n fizet\u0151s parkol\u00e1st k\u00edn\u00e1l. A korl\u00e1tozott kapacit\u00e1s miatt azonban el\u0151zetesen foglalni kell a parkol\u00f3helyet. A sz\u00e1llod\u00e1hoz gyalogos z\u00f3n\u00e1n kereszt\u00fcl lehet megk\u00f6zel\u00edteni.<\/p>\n\n<\/div>\n<\/div>\n<div id=\"faq-question-1787773774004\" class=\"rank-math-list-item\">\n<h3 class=\"rank-math-question \"><span class=\"ez-toc-section\" id=\"Milyen_messze_van_a_szallodatol_a_Horni_namesti\"><\/span>Milyen messze van a sz\u00e1llod\u00e1t\u00f3l a Horn\u00ed n\u00e1m\u011bst\u00ed?<span class=\"ez-toc-section-end\"><\/span><\/h3>\n<div class=\"rank-math-answer \">\n\n<p>A sz\u00e1lloda a t\u00f6rt\u00e9nelmi k\u00f6zpontban tal\u00e1lhat\u00f3 az Univerzitn\u00ed utc\u00e1ban. A Horn\u00ed n\u00e1m\u011bst\u00edre az orlokj\u00e1hoz \u00e9s a Szenth\u00e1roms\u00e1g-oszlophoz lass\u00fa s\u00e9t\u00e1val mind\u00f6ssze p\u00e1r perc alatt el\u00e9rhet\u0151.<\/p>\n\n<\/div>\n<\/div>\n<div id=\"faq-question-1787773774005\" class=\"rank-math-list-item\">\n<h3 class=\"rank-math-question \"><span class=\"ez-toc-section\" id=\"Legkondicionaloval_vannak_felszerelve_a_szobak\"><\/span>L\u00e9gkondicion\u00e1l\u00f3val vannak felszerelve a szob\u00e1k?<span class=\"ez-toc-section-end\"><\/span><\/h3>\n<div class=\"rank-math-answer \">\n\n<p>Sajnos nem minden szob\u00e1ban van l\u00e9gkondicion\u00e1l\u00f3. K\u00fcl\u00f6n\u00f6sen a t\u00f6rt\u00e9nelmi \u00e9p\u00fclet tet\u0151t\u00e9ri r\u00e9szeiben meleg lehet a ny\u00e1ri h\u00f3napokban, ez\u00e9rt ny\u00e1ron \u00e9rdemes alacsonyabb emeleti szob\u00e1t k\u00e9rni.<\/p>\n\n<\/div>\n<\/div>\n<div id=\"faq-question-1787773774006\" class=\"rank-math-list-item\">\n<h3 class=\"rank-math-question \"><span class=\"ez-toc-section\" id=\"Hol_lehet_szorakoztatni_a_gyerekeket_Olomoucban_amikor_eppen_esik_az_eso\"><\/span>Hol lehet sz\u00f3rakoztatni a gyerekeket Olomoucban, amikor \u00e9ppen esik az es\u0151?<span class=\"ez-toc-section-end\"><\/span><\/h3>\n<div class=\"rank-math-answer \">\n\n<p>K\u00f6zvetlen\u00fcl a sz\u00e1lloda mellett egy gy\u00f6ny\u00f6r\u0171 j\u00e1tsz\u00f3teret tal\u00e1lsz k\u00e1v\u00e9z\u00f3val a J\u00e1S\u00e1m-n\u00e1l (az orlokkal szemben), a V lese k\u00e1v\u00e9z\u00f3t montessori j\u00e1tsz\u00f3t\u00e9rrel vagy a klasszikus \u010clov\u00ed\u010dkov j\u00e1tsz\u00f3teret. Nagyobb gyerekek sz\u00e1m\u00e1ra remek alternat\u00edva a k\u00f6zeli Pevnost pozn\u00e1n\u00ed.<\/p>\n\n<\/div>\n<\/div>\n<\/div>\n<\/div>","protected":false},"excerpt":{"rendered":"<p>Pezsg\u0151f\u00fcrd\u0151 \u00e9s szauna k\u00f6zvetlen\u00fcl a szob\u00e1ban, piszt\u00e1ciakr\u00e9mes reggeli, \u00e9s mindez p\u00e1r percre az \u00f3ratoronyt\u00f3l. Az OREA Hotel Arigone \u00e9rt\u00e9kel\u00e9se Olomoucban, azzal egy\u00fctt, hogy mire k\u00e9sz\u00fclj fel.<\/p>\n","protected":false},"author":3,"featured_media":400957,"comment_status":"open","ping_status":"open","sticky":false,"template":"","format":"standard","meta":{"_acf_changed":false,"footnotes":"","rank_math_title":"OREA Hotel Arigone Olomouc: \u0151szinte sz\u00e1lloda\u00e9rt\u00e9kel\u00e9s","rank_math_description":"Az OREA Hotel Arigone Olomouc \u00e9rt\u00e9kel\u00e9se: szobai pezsg\u0151f\u00fcrd\u0151, szauna, piszt\u00e1ci\u00e1s reggeli \u00e9s belv\u00e1rosi elhelyezked\u00e9s. N\u00e9zd meg, mire sz\u00e1m\u00edts a foglal\u00e1s el\u0151tt!","rank_math_focus_keyword":"OREA Hotel Arigone Olomouc","rank_math_seo_score":""},"categories":[1857,1804,1788],"tags":[],"class_list":["post-409165","post","type-post","status-publish","format-standard","has-post-thumbnail","category-csehorszag","category-europa","category-utazas"],"acf":[],"featured_image_src":"https:\/\/loudavymkrokem.cz\/wp-content\/uploads\/2026\/08\/orea-hotel-arigone-vchod-olomouc.jpg","author_info":{"display_name":"Lucie Kone\u010dn\u00e1","author_link":"https:\/\/loudavymkrokem.cz\/hu\/author\/lucie-konecna\/"},"_links":{"self":[{"href":"https:\/\/loudavymkrokem.cz\/hu\/wp-json\/wp\/v2\/posts\/409165","targetHints":{"allow":["GET"]}}],"collection":[{"href":"https:\/\/loudavymkrokem.cz\/hu\/wp-json\/wp\/v2\/posts"}],"about":[{"href":"https:\/\/loudavymkrokem.cz\/hu\/wp-json\/wp\/v2\/types\/post"}],"author":[{"embeddable":true,"href":"https:\/\/loudavymkrokem.cz\/hu\/wp-json\/wp\/v2\/users\/3"}],"replies":[{"embeddable":true,"href":"https:\/\/loudavymkrokem.cz\/hu\/wp-json\/wp\/v2\/comments?post=409165"}],"version-history":[{"count":2,"href":"https:\/\/loudavymkrokem.cz\/hu\/wp-json\/wp\/v2\/posts\/409165\/revisions"}],"predecessor-version":[{"id":409167,"href":"https:\/\/loudavymkrokem.cz\/hu\/wp-json\/wp\/v2\/posts\/409165\/revisions\/409167"}],"wp:featuredmedia":[{"embeddable":true,"href":"https:\/\/loudavymkrokem.cz\/hu\/wp-json\/wp\/v2\/media\/400957"}],"wp:attachment":[{"href":"https:\/\/loudavymkrokem.cz\/hu\/wp-json\/wp\/v2\/media?parent=409165"}],"wp:term":[{"taxonomy":"category","embeddable":true,"href":"https:\/\/loudavymkrokem.cz\/hu\/wp-json\/wp\/v2\/categories?post=409165"},{"taxonomy":"post_tag","embeddable":true,"href":"https:\/\/loudavymkrokem.cz\/hu\/wp-json\/wp\/v2\/tags?post=409165"}],"curies":[{"name":"wp","href":"https:\/\/api.w.org\/{rel}","templated":true}]}}