{"id":409162,"date":"2026-08-29T02:00:00","date_gmt":"2026-08-29T00:00:00","guid":{"rendered":"https:\/\/loudavymkrokem.cz\/barcelona-spanyolorszag-utazas\/"},"modified":"2026-08-31T08:12:26","modified_gmt":"2026-08-31T06:12:26","slug":"barcelona-spanyolorszag-utazas","status":"publish","type":"post","link":"https:\/\/loudavymkrokem.cz\/hu\/barcelona-spanyolorszag-utazas\/","title":{"rendered":"Hogyan juss el Barcelon\u00e1ba (Spanyolorsz\u00e1g): rep\u00fcl\u0151, \u00e1r \u00e9s vonat 2026"},"content":{"rendered":"\n<p class=\"wp-block-paragraph\">Amikor Luk\u00e1\u0161 \u00e9s \u00e9n m\u00e1rcius elej\u00e9n elindultunk Barcelon\u00e1ba, egy\u00e9rtelm\u0171 terv\u00fcnk volt: a v\u00e1ros f\u0151bb l\u00e1tnival\u00f3it sz\u00e9pen gyalog j\u00e1rjuk be. A remek <strong>Hotel Gaud\u00edban sz\u00e1lltunk meg, k\u00f6zvetlen\u00fcl a h\u00edres Palau G\u00fcell mellett<\/strong>, ami t\u00f6k\u00e9letes strat\u00e9giai d\u00f6nt\u00e9snek bizonyult a belv\u00e1ros gyalogos felfedez\u00e9s\u00e9hez. Eredetileg fel akartunk menni a h\u00edres Tibidabo dombra is, de a meglehet\u0151sen rossz id\u0151j\u00e1r\u00e1s \u00e9s az \u00e1lland\u00f3an felt\u00f6rt aut\u00f3kr\u00f3l sz\u00f3l\u00f3 ijeszt\u0151 \u00e9rt\u00e9kel\u00e9sek miatt ezt v\u00e9g\u00fcl nyugodt sz\u00edvvel kihagytuk. De ak\u00e1r a titokzatos g\u00f3tikus sik\u00e1torokat tervezed bej\u00e1rni, ak\u00e1r csak a parton szeretn\u00e9l napozni, az els\u0151 dolog, amit meg kell oldanod, maga a <strong>Barcelon\u00e1ba, Spanyolorsz\u00e1gba vezet\u0151 \u00fat<\/strong> Magyarorsz\u00e1gr\u00f3l a katal\u00e1n tengerpartig. Az utaz\u00e1s m\u00f3dja ugyanis alapvet\u0151en meghat\u00e1rozza, milyen hangulatban \u00e9s milyen b\u00fcdzs\u00e9vel indul a nyaral\u00e1sod.<\/p>\n\n\n\n<figure data-wp-context=\"{&quot;imageId&quot;:&quot;6a9530b4589c9&quot;}\" data-wp-interactive=\"core\/image\" data-wp-key=\"6a9530b4589c9\" class=\"wp-block-image size-full wp-lightbox-container\"><img decoding=\"async\" width=\"1920\" height=\"1440\" data-wp-class--hide=\"state.isContentHidden\" data-wp-class--show=\"state.isContentVisible\" data-wp-init=\"callbacks.setButtonStyles\" data-wp-on--click=\"actions.showLightbox\" data-wp-on--load=\"callbacks.setButtonStyles\" data-wp-on--pointerdown=\"actions.preloadImage\" data-wp-on--pointerenter=\"actions.preloadImageWithDelay\" data-wp-on--pointerleave=\"actions.cancelPreload\" data-wp-on-window--resize=\"callbacks.setButtonStyles\" src=\"https:\/\/loudavymkrokem.cz\/wp-content\/uploads\/2026\/08\/barcelona-tri-ruzne-systemy-metra-te-zmatou.jpg\" alt=\"Sagal\u00e9s t\u00e1vols\u00e1gi busz a meg\u00e1ll\u00f3ban\" class=\"wp-image-376460\" title=\"\" srcset=\"https:\/\/loudavymkrokem.cz\/wp-content\/uploads\/2026\/08\/barcelona-tri-ruzne-systemy-metra-te-zmatou.jpg 1920w, https:\/\/loudavymkrokem.cz\/wp-content\/uploads\/2026\/08\/barcelona-tri-ruzne-systemy-metra-te-zmatou-300x225.jpg 300w, https:\/\/loudavymkrokem.cz\/wp-content\/uploads\/2026\/08\/barcelona-tri-ruzne-systemy-metra-te-zmatou-700x525.jpg 700w, https:\/\/loudavymkrokem.cz\/wp-content\/uploads\/2026\/08\/barcelona-tri-ruzne-systemy-metra-te-zmatou-768x576.jpg 768w, https:\/\/loudavymkrokem.cz\/wp-content\/uploads\/2026\/08\/barcelona-tri-ruzne-systemy-metra-te-zmatou-1536x1152.jpg 1536w, https:\/\/loudavymkrokem.cz\/wp-content\/uploads\/2026\/08\/barcelona-tri-ruzne-systemy-metra-te-zmatou-80x60.jpg 80w, https:\/\/loudavymkrokem.cz\/wp-content\/uploads\/2026\/08\/barcelona-tri-ruzne-systemy-metra-te-zmatou-160x120.jpg 160w, https:\/\/loudavymkrokem.cz\/wp-content\/uploads\/2026\/08\/barcelona-tri-ruzne-systemy-metra-te-zmatou-696x522.jpg 696w, https:\/\/loudavymkrokem.cz\/wp-content\/uploads\/2026\/08\/barcelona-tri-ruzne-systemy-metra-te-zmatou-1392x1044.jpg 1392w\" sizes=\"(max-width: 1920px) 100vw, 1920px\" \/><button\n\t\t\tclass=\"lightbox-trigger\"\n\t\t\ttype=\"button\"\n\t\t\taria-haspopup=\"dialog\"\n\t\t\tdata-wp-bind--aria-label=\"state.thisImage.triggerButtonAriaLabel\"\n\t\t\tdata-wp-init=\"callbacks.initTriggerButton\"\n\t\t\tdata-wp-on--click=\"actions.showLightbox\"\n\t\t\tdata-wp-style--right=\"state.thisImage.buttonRight\"\n\t\t\tdata-wp-style--top=\"state.thisImage.buttonTop\"\n\t\t>\n\t\t\t<svg xmlns=\"http:\/\/www.w3.org\/2000\/svg\" width=\"12\" height=\"12\" fill=\"none\" viewBox=\"0 0 12 12\">\n\t\t\t\t<path fill=\"#fff\" d=\"M2 0a2 2 0 0 0-2 2v2h1.5V2a.5.5 0 0 1 .5-.5h2V0H2Zm2 10.5H2a.5.5 0 0 1-.5-.5V8H0v2a2 2 0 0 0 2 2h2v-1.5ZM8 12v-1.5h2a.5.5 0 0 0 .5-.5V8H12v2a2 2 0 0 1-2 2H8Zm2-12a2 2 0 0 1 2 2v2h-1.5V2a.5.5 0 0 0-.5-.5H8V0h2Z\" \/>\n\t\t\t<\/svg>\n\t\t<\/button><\/figure>\n\n\n\n<div id=\"ez-toc-container\" class=\"ez-toc-v2_0_86 ez-toc-wrap-left counter-hierarchy ez-toc-counter ez-toc-grey ez-toc-container-direction\">\n<div class=\"ez-toc-title-container\">\n<p class=\"ez-toc-title\" style=\"cursor:inherit\">A cikk tartalma<\/p>\n<span class=\"ez-toc-title-toggle\"><a href=\"#\" class=\"ez-toc-pull-right ez-toc-btn ez-toc-btn-xs ez-toc-btn-default ez-toc-toggle\" aria-label=\"Toggle Table of Content\"><span class=\"ez-toc-js-icon-con\"><span class=\"\"><span class=\"eztoc-hide\" style=\"display:none;\">Toggle<\/span><span class=\"ez-toc-icon-toggle-span\"><svg style=\"fill: #999;color:#999\" xmlns=\"http:\/\/www.w3.org\/2000\/svg\" class=\"list-377408\" width=\"20px\" height=\"20px\" viewBox=\"0 0 24 24\" fill=\"none\"><path d=\"M6 6H4v2h2V6zm14 0H8v2h12V6zM4 11h2v2H4v-2zm16 0H8v2h12v-2zM4 16h2v2H4v-2zm16 0H8v2h12v-2z\" fill=\"currentColor\"><\/path><\/svg><svg style=\"fill: #999;color:#999\" class=\"arrow-unsorted-368013\" xmlns=\"http:\/\/www.w3.org\/2000\/svg\" width=\"10px\" height=\"10px\" viewBox=\"0 0 24 24\" version=\"1.2\" baseProfile=\"tiny\"><path d=\"M18.2 9.3l-6.2-6.3-6.2 6.3c-.2.2-.3.4-.3.7s.1.5.3.7c.2.2.4.3.7.3h11c.3 0 .5-.1.7-.3.2-.2.3-.5.3-.7s-.1-.5-.3-.7zM5.8 14.7l6.2 6.3 6.2-6.3c.2-.2.3-.5.3-.7s-.1-.5-.3-.7c-.2-.2-.4-.3-.7-.3h-11c-.3 0-.5.1-.7.3-.2.2-.3.5-.3.7s.1.5.3.7z\"\/><\/svg><\/span><\/span><\/span><\/a><\/span><\/div>\n<nav><ul class='ez-toc-list ez-toc-list-level-1 ' ><ul class='ez-toc-list-level-3' ><li class='ez-toc-heading-level-3'><a class=\"ez-toc-link ez-toc-heading-1\" href=\"https:\/\/loudavymkrokem.cz\/hu\/barcelona-spanyolorszag-utazas\/#Osszefoglalas_azoknak_akiknek_nincs_idejuk_vegigolvasni\" >\u00d6sszefoglal\u00e1s azoknak, akiknek nincs idej\u00fck v\u00e9gigolvasni<\/a><\/li><\/ul><\/li><li class='ez-toc-page-1 ez-toc-heading-level-2'><a class=\"ez-toc-link ez-toc-heading-2\" href=\"https:\/\/loudavymkrokem.cz\/hu\/barcelona-spanyolorszag-utazas\/#Hol_szallj_meg_Barcelonaban_es_mennyibe_kerul_a_turistaado\" >Hol sz\u00e1llj meg Barcelon\u00e1ban, \u00e9s mennyibe ker\u00fcl a turistaad\u00f3<\/a><\/li><li class='ez-toc-page-1 ez-toc-heading-level-2'><a class=\"ez-toc-link ez-toc-heading-3\" href=\"https:\/\/loudavymkrokem.cz\/hu\/barcelona-spanyolorszag-utazas\/#11_dolog_amit_a_barcelonai_utazasrol_tudnod_kell\" >11 dolog, amit a barcelonai utaz\u00e1sr\u00f3l tudnod kell<\/a><ul class='ez-toc-list-level-3' ><li class='ez-toc-heading-level-3'><a class=\"ez-toc-link ez-toc-heading-4\" href=\"https:\/\/loudavymkrokem.cz\/hu\/barcelona-spanyolorszag-utazas\/#1_Kozvetlen_jaratok_Budapest%E2%80%93Barcelona_es_ki_uzemelteti_oket\" >1. K\u00f6zvetlen j\u00e1ratok Budapest\u2013Barcelona \u00e9s ki \u00fczemelteti \u0151ket<\/a><\/li><li class='ez-toc-page-1 ez-toc-heading-level-3'><a class=\"ez-toc-link ez-toc-heading-5\" href=\"https:\/\/loudavymkrokem.cz\/hu\/barcelona-spanyolorszag-utazas\/#2_Tajekoztato_repulojegyarak_es_mikor_erdemes_venni\" >2. T\u00e1j\u00e9koztat\u00f3 rep\u00fcl\u0151jegy\u00e1rak \u00e9s mikor \u00e9rdemes venni<\/a><\/li><li class='ez-toc-page-1 ez-toc-heading-level-3'><a class=\"ez-toc-link ez-toc-heading-6\" href=\"https:\/\/loudavymkrokem.cz\/hu\/barcelona-spanyolorszag-utazas\/#3_Ryanair_es_a_fapados_csomagcsapdak\" >3. Ryanair \u00e9s a fapados csomagcsapd\u00e1k<\/a><\/li><li class='ez-toc-page-1 ez-toc-heading-level-3'><a class=\"ez-toc-link ez-toc-heading-7\" href=\"https:\/\/loudavymkrokem.cz\/hu\/barcelona-spanyolorszag-utazas\/#4_Vueling_es_a_lepcsozetes_kiloik\" >4. Vueling \u00e9s a l\u00e9pcs\u0151zetes kil\u00f3ik<\/a><\/li><li class='ez-toc-page-1 ez-toc-heading-level-3'><a class=\"ez-toc-link ez-toc-heading-8\" href=\"https:\/\/loudavymkrokem.cz\/hu\/barcelona-spanyolorszag-utazas\/#5_Vigyazz_a_nyari_jaratritkitasokra\" >5. Vigy\u00e1zz a ny\u00e1ri j\u00e1ratritk\u00edt\u00e1sokra<\/a><\/li><li class='ez-toc-page-1 ez-toc-heading-level-3'><a class=\"ez-toc-link ez-toc-heading-9\" href=\"https:\/\/loudavymkrokem.cz\/hu\/barcelona-spanyolorszag-utazas\/#6_Az_alrepter_Girona_es_Reus\" >6. Az \u00e1lrept\u00e9r: Girona \u00e9s Reus<\/a><\/li><li class='ez-toc-page-1 ez-toc-heading-level-3'><a class=\"ez-toc-link ez-toc-heading-10\" href=\"https:\/\/loudavymkrokem.cz\/hu\/barcelona-spanyolorszag-utazas\/#7_Vonattal_Magyarorszagrol_varandosoknak_es_azoknak_akik_nem_repulnek\" >7. Vonattal Magyarorsz\u00e1gr\u00f3l: v\u00e1rand\u00f3soknak \u00e9s azoknak, akik nem rep\u00fclnek<\/a><\/li><li class='ez-toc-page-1 ez-toc-heading-level-3'><a class=\"ez-toc-link ez-toc-heading-11\" href=\"https:\/\/loudavymkrokem.cz\/hu\/barcelona-spanyolorszag-utazas\/#8_Alternativ_vonatutvonal_Parizson_at\" >8. Alternat\u00edv vonat\u00fatvonal P\u00e1rizson \u00e1t<\/a><\/li><li class='ez-toc-page-1 ez-toc-heading-level-3'><a class=\"ez-toc-link ez-toc-heading-12\" href=\"https:\/\/loudavymkrokem.cz\/hu\/barcelona-spanyolorszag-utazas\/#9_Autoval_Barcelonaba_Keszulj_a_ZBE_zonara\" >9. Aut\u00f3val Barcelon\u00e1ba? K\u00e9sz\u00fclj a ZBE z\u00f3n\u00e1ra<\/a><\/li><li class='ez-toc-page-1 ez-toc-heading-level-3'><a class=\"ez-toc-link ez-toc-heading-13\" href=\"https:\/\/loudavymkrokem.cz\/hu\/barcelona-spanyolorszag-utazas\/#10_Hogyan_juss_el_az_El_Prat_repuloterrol_a_belvarosba\" >10. Hogyan juss el az El Prat rep\u00fcl\u0151t\u00e9rr\u0151l a belv\u00e1rosba<\/a><\/li><li class='ez-toc-page-1 ez-toc-heading-level-3'><a class=\"ez-toc-link ez-toc-heading-14\" href=\"https:\/\/loudavymkrokem.cz\/hu\/barcelona-spanyolorszag-utazas\/#11_Szervezett_ut_utazasi_irodaval_vs_egyeni_utazas\" >11. Szervezett \u00fat utaz\u00e1si irod\u00e1val vs. egy\u00e9ni utaz\u00e1s<\/a><\/li><\/ul><\/li><li class='ez-toc-page-1 ez-toc-heading-level-2'><a class=\"ez-toc-link ez-toc-heading-15\" href=\"https:\/\/loudavymkrokem.cz\/hu\/barcelona-spanyolorszag-utazas\/#Gyakorlati_osszefoglalo_es_tajekoztato_arak\" >Gyakorlati \u00f6sszefoglal\u00f3 \u00e9s t\u00e1j\u00e9koztat\u00f3 \u00e1rak<\/a><\/li><li class='ez-toc-page-1 ez-toc-heading-level-2'><a class=\"ez-toc-link ez-toc-heading-16\" href=\"https:\/\/loudavymkrokem.cz\/hu\/barcelona-spanyolorszag-utazas\/#Hova_tovabb\" >Hov\u00e1 tov\u00e1bb<\/a><\/li><li class='ez-toc-page-1 ez-toc-heading-level-2'><a class=\"ez-toc-link ez-toc-heading-17\" href=\"https:\/\/loudavymkrokem.cz\/hu\/barcelona-spanyolorszag-utazas\/#Gyakran_ismetelt_kerdesek\" >Gyakran ism\u00e9telt k\u00e9rd\u00e9sek<\/a><ul class='ez-toc-list-level-3' ><li class='ez-toc-heading-level-3'><a class=\"ez-toc-link ez-toc-heading-18\" href=\"https:\/\/loudavymkrokem.cz\/hu\/barcelona-spanyolorszag-utazas\/#Mennyi_ideig_tart_a_repulout_Barcelonaba_Budapestrol\" >Mennyi ideig tart a rep\u00fcl\u0151\u00fat Barcelon\u00e1ba Budapestr\u0151l?<\/a><\/li><li class='ez-toc-page-1 ez-toc-heading-level-3'><a class=\"ez-toc-link ez-toc-heading-19\" href=\"https:\/\/loudavymkrokem.cz\/hu\/barcelona-spanyolorszag-utazas\/#Mennyibe_kerul_korulbelul_egy_repulojegy\" >Mennyibe ker\u00fcl k\u00f6r\u00fclbel\u00fcl egy rep\u00fcl\u0151jegy?<\/a><\/li><li class='ez-toc-page-1 ez-toc-heading-level-3'><a class=\"ez-toc-link ez-toc-heading-20\" href=\"https:\/\/loudavymkrokem.cz\/hu\/barcelona-spanyolorszag-utazas\/#Ervenyes_a_normal_metroberlet_a_repuloterrol\" >\u00c9rv\u00e9nyes a norm\u00e1l metr\u00f3b\u00e9rlet a rep\u00fcl\u0151t\u00e9rr\u0151l?<\/a><\/li><li class='ez-toc-page-1 ez-toc-heading-level-3'><a class=\"ez-toc-link ez-toc-heading-21\" href=\"https:\/\/loudavymkrokem.cz\/hu\/barcelona-spanyolorszag-utazas\/#Mehetek_autoval_Barcelona_kozpontjaba\" >Mehetek aut\u00f3val Barcelona k\u00f6zpontj\u00e1ba?<\/a><\/li><li class='ez-toc-page-1 ez-toc-heading-level-3'><a class=\"ez-toc-link ez-toc-heading-22\" href=\"https:\/\/loudavymkrokem.cz\/hu\/barcelona-spanyolorszag-utazas\/#Lehet_Barcelonaba_kenyelmesen_vonattal_utazni\" >Lehet Barcelon\u00e1ba k\u00e9nyelmesen vonattal utazni?<\/a><\/li><li class='ez-toc-page-1 ez-toc-heading-level-3'><a class=\"ez-toc-link ez-toc-heading-23\" href=\"https:\/\/loudavymkrokem.cz\/hu\/barcelona-spanyolorszag-utazas\/#Mire_kell_figyelni_az_olyan_fapados_legitarsasagoknal_mint_a_Ryanair\" >Mire kell figyelni az olyan fapados l\u00e9git\u00e1rsas\u00e1gokn\u00e1l, mint a Ryanair?<\/a><\/li><li class='ez-toc-page-1 ez-toc-heading-level-3'><a class=\"ez-toc-link ez-toc-heading-24\" href=\"https:\/\/loudavymkrokem.cz\/hu\/barcelona-spanyolorszag-utazas\/#Megeri_a_tavolabbi_Girona_vagy_Reus_repuloterre_repulni\" >Meg\u00e9ri a t\u00e1volabbi Girona vagy Reus rep\u00fcl\u0151t\u00e9rre rep\u00fclni?<\/a><\/li><\/ul><\/li><\/ul><\/nav><\/div>\n<h3 class=\"wp-block-heading\"><span class=\"ez-toc-section\" id=\"Osszefoglalas_azoknak_akiknek_nincs_idejuk_vegigolvasni\"><\/span>\u00d6sszefoglal\u00e1s azoknak, akiknek nincs idej\u00fck v\u00e9gigolvasni<span class=\"ez-toc-section-end\"><\/span><\/h3>\n\n\n\n<ul class=\"wp-block-list\">\n\n<li>  <strong>Budapestr\u0151l k\u00f6zvetlen j\u00e1rat indul Barcelon\u00e1ba<\/strong>, \u00e9s a 2026-os ny\u00e1ri szezonban \u00e1tlagosan napi 4 j\u00e1rat k\u00f6z\u00fcl v\u00e1laszthatsz.<\/li>\n\n\n\n<li>  <strong>Maga a rep\u00fcl\u0151\u00fat 2 \u00f3ra 25 percig tart<\/strong>, a j\u00e1raton pedig a Vueling, a Ryanair \u00e9s a Wizz Air verseng.<\/li>\n\n\n\n<li>  <strong>A rep\u00fcl\u0151jegyek t\u00e1j\u00e9koztat\u00f3 jelleggel kb. 20 000 Ft-t\u00f3l indulnak<\/strong>, de ny\u00e1ron csomaggal ink\u00e1bb 38 000 Ft feletti \u00f6sszeggel sz\u00e1molj egy ir\u00e1nyba.<\/li>\n\n\n\n<li>  <strong>Az El Prat rep\u00fcl\u0151t\u00e9rr\u0151l az Aerob\u00fas 7,45 \u20ac-\u00e9rt (kb. 2800 Ft) visz a belv\u00e1rosba<\/strong>, m\u00edg a szok\u00e1sos T-casual jegy a rept\u00e9ri metr\u00f3ra nem \u00e9rv\u00e9nyes.<\/li>\n\n\n\n<li>  <strong>A vonatos utaz\u00e1s Magyarorsz\u00e1gr\u00f3l \u00f3ri\u00e1si \u00e9rtelmet nyer<\/strong>, ha eg\u00e9szs\u00e9g\u00fcgyi okokb\u00f3l nem rep\u00fclhetsz, vagy bab\u00e1t v\u00e1rtok.<\/li>\n\n\n\n<li>  <strong>Aut\u00f3val ink\u00e1bb ne menj be Barcelona belv\u00e1ros\u00e1ba<\/strong>, mert a v\u00e1rost szigor\u00fa alacsony kibocs\u00e1t\u00e1s\u00fa ZBE z\u00f3na v\u00e9di, 200 \u20ac (kb. 76 000 Ft) b\u00edrs\u00e1g terhe mellett.<\/li>\n\n\n\n<li>  <strong>Ker\u00fcld el a gironai \u00e9s reusi reptereket<\/strong>, ahonnan hossz\u00fa \u00e9s dr\u00e1ga busz\u00fat v\u00e1r r\u00e1d, ha nem k\u00f6zvetlen\u00fcl a k\u00f6rnyez\u0151 tengerpartra tartasz.<\/li>\n\n\n<\/ul>\n\n\n\n<figure data-wp-context=\"{&quot;imageId&quot;:&quot;6a9530b45903b&quot;}\" data-wp-interactive=\"core\/image\" data-wp-key=\"6a9530b45903b\" class=\"wp-block-image size-full wp-lightbox-container\"><img decoding=\"async\" width=\"1034\" height=\"2560\" data-wp-class--hide=\"state.isContentHidden\" data-wp-class--show=\"state.isContentVisible\" data-wp-init=\"callbacks.setButtonStyles\" data-wp-on--click=\"actions.showLightbox\" data-wp-on--load=\"callbacks.setButtonStyles\" data-wp-on--pointerdown=\"actions.preloadImage\" data-wp-on--pointerenter=\"actions.preloadImageWithDelay\" data-wp-on--pointerleave=\"actions.cancelPreload\" data-wp-on-window--resize=\"callbacks.setButtonStyles\" src=\"https:\/\/loudavymkrokem.cz\/wp-content\/uploads\/2026\/08\/barcelona-kde-se-ubytovat-v-barcelone-a-kolik--scaled.jpg\" alt=\"A Torre Gl\u00f2ries torony Barcelon\u00e1ban\" class=\"wp-image-376472\" title=\"\" srcset=\"https:\/\/loudavymkrokem.cz\/wp-content\/uploads\/2026\/08\/barcelona-kde-se-ubytovat-v-barcelone-a-kolik--scaled.jpg 1034w, https:\/\/loudavymkrokem.cz\/wp-content\/uploads\/2026\/08\/barcelona-kde-se-ubytovat-v-barcelone-a-kolik--121x300.jpg 121w, https:\/\/loudavymkrokem.cz\/wp-content\/uploads\/2026\/08\/barcelona-kde-se-ubytovat-v-barcelone-a-kolik--700x1733.jpg 700w, https:\/\/loudavymkrokem.cz\/wp-content\/uploads\/2026\/08\/barcelona-kde-se-ubytovat-v-barcelone-a-kolik--768x1902.jpg 768w, https:\/\/loudavymkrokem.cz\/wp-content\/uploads\/2026\/08\/barcelona-kde-se-ubytovat-v-barcelone-a-kolik--620x1536.jpg 620w, https:\/\/loudavymkrokem.cz\/wp-content\/uploads\/2026\/08\/barcelona-kde-se-ubytovat-v-barcelone-a-kolik--827x2048.jpg 827w, https:\/\/loudavymkrokem.cz\/wp-content\/uploads\/2026\/08\/barcelona-kde-se-ubytovat-v-barcelone-a-kolik--696x1723.jpg 696w, https:\/\/loudavymkrokem.cz\/wp-content\/uploads\/2026\/08\/barcelona-kde-se-ubytovat-v-barcelone-a-kolik--1392x3447.jpg 1392w\" sizes=\"(max-width: 1034px) 100vw, 1034px\" \/><button\n\t\t\tclass=\"lightbox-trigger\"\n\t\t\ttype=\"button\"\n\t\t\taria-haspopup=\"dialog\"\n\t\t\tdata-wp-bind--aria-label=\"state.thisImage.triggerButtonAriaLabel\"\n\t\t\tdata-wp-init=\"callbacks.initTriggerButton\"\n\t\t\tdata-wp-on--click=\"actions.showLightbox\"\n\t\t\tdata-wp-style--right=\"state.thisImage.buttonRight\"\n\t\t\tdata-wp-style--top=\"state.thisImage.buttonTop\"\n\t\t>\n\t\t\t<svg xmlns=\"http:\/\/www.w3.org\/2000\/svg\" width=\"12\" height=\"12\" fill=\"none\" viewBox=\"0 0 12 12\">\n\t\t\t\t<path fill=\"#fff\" d=\"M2 0a2 2 0 0 0-2 2v2h1.5V2a.5.5 0 0 1 .5-.5h2V0H2Zm2 10.5H2a.5.5 0 0 1-.5-.5V8H0v2a2 2 0 0 0 2 2h2v-1.5ZM8 12v-1.5h2a.5.5 0 0 0 .5-.5V8H12v2a2 2 0 0 1-2 2H8Zm2-12a2 2 0 0 1 2 2v2h-1.5V2a.5.5 0 0 0-.5-.5H8V0h2Z\" \/>\n\t\t\t<\/svg>\n\t\t<\/button><figcaption class=\"wp-element-caption\">Fot\u00f3: Diliff \/ Wikimedia Commons, CC BY 2.5<\/figcaption><\/figure>\n\n\n\n<h2 class=\"wp-block-heading\"><span class=\"ez-toc-section\" id=\"Hol_szallj_meg_Barcelonaban_es_mennyibe_kerul_a_turistaado\"><\/span>Hol sz\u00e1llj meg Barcelon\u00e1ban, \u00e9s mennyibe ker\u00fcl a turistaad\u00f3<span class=\"ez-toc-section-end\"><\/span><\/h2>\n\n\n\n<p class=\"wp-block-paragraph\"><em>\ud83d\udca1 <strong>Tipp sz\u00e1ll\u00e1sra \u00e9s \u00e9lm\u00e9nyekre<\/strong>: A sz\u00e1ll\u00e1st legsz\u00edvesebben a <a class=\"thirstylink\" rel=\"nofollow\" target=\"_blank\" title=\"Booking.com\" href=\"https:\/\/loudavymkrokem.cz\/doporucujeme\/booking-com\/\" data-shortcode=\"true\">Booking.comon<\/a> keress\u00fck, ahol \u00e1ltal\u00e1ban a <strong>legjobbak a lemond\u00e1si felt\u00e9telek<\/strong>. A bel\u00e9p\u0151ket, kir\u00e1ndul\u00e1sokat \u00e9s programokat pedig \u00e9rdemes a <a class=\"thirstylink\" rel=\"nofollow\" target=\"_blank\" title=\"GetYourGuide\" href=\"https:\/\/loudavymkrokem.cz\/doporucujeme\/getyourguide\/\" data-shortcode=\"true\">GetYourGuide<\/a> oldal\u00e1n \u00f6sszehasonl\u00edtani \u00e9s megvenni.<\/em><\/p>\n\n\n\n<p class=\"wp-block-paragraph\">A sz\u00e1ll\u00e1sv\u00e1laszt\u00e1s a katal\u00e1n f\u0151v\u00e1rosban mostan\u00e1ban el\u00e9g neh\u00e9z di\u00f3, mert a v\u00e1ros 2028-ra <strong>teljesen meg akarja sz\u00fcntetni az \u00f6sszes turistaapartman-enged\u00e9lyt<\/strong>. A klasszikus hotelek \u00e1rai ez\u00e9rt logikusan az egekbe sz\u00f6knek, a megfizethet\u0151 sz\u00e1ll\u00e1sok k\u00edn\u00e1lata pedig kellemetlen\u00fcl sz\u0171k\u00fcl. A b\u00fcdzs\u00e9dhez r\u00e1ad\u00e1sul hozz\u00e1 kell sz\u00e1molnod az \u00faj turistaad\u00f3t, amely 2026 \u00e1prilis\u00e1t\u00f3l \u00e9rv\u00e9nyes, \u00e9s j\u00f3csk\u00e1n megdr\u00e1g\u00edthatja a tart\u00f3zkod\u00e1sod. Az \u00f6tcsillagos luxusban 12 \u20ac-t (kb. 4600 Ft) fizetsz fejenk\u00e9nt \u00e9jszak\u00e1nk\u00e9nt, egy standard n\u00e9gycsillagos hotelben ez 8,40 \u20ac, a <strong>n\u00e9pszer\u0171 turistaapartmanokban pedig 9,50 \u20ac-t sz\u00e1molnak fel \u00e9jszak\u00e1nk\u00e9nt<\/strong>. Legfeljebb az els\u0151 h\u00e9t \u00e9jszak\u00e1ra fizeted, de egy hosszabb nyaral\u00e1sn\u00e1l m\u00e9g \u00edgy is sz\u00e9pen \u00f6sszej\u00f6n.<\/p>\n\n\n\n<p class=\"wp-block-paragraph\">Mi a l\u00e1togat\u00e1sunkkor a <strong>Hotel Gaud\u00edra<\/strong> tett\u00fcnk, amely csak p\u00e1r l\u00e9p\u00e9sre van a h\u00edres Palau G\u00fcellt\u0151l \u00e9s a ny\u00fczsg\u0151 La Rambla sug\u00e1r\u00fatt\u00f3l. T\u00f6k\u00e9letes strat\u00e9giai d\u00f6nt\u00e9s volt a v\u00e1ros gyalogos felfedez\u00e9s\u00e9hez, r\u00e1ad\u00e1sul a tet\u0151n gy\u00f6ny\u00f6r\u0171 terasz van medenc\u00e9vel, ahonnan sz\u00e9p kil\u00e1t\u00e1s ny\u00edlik Gaud\u00ed palot\u00e1j\u00e1nak k\u00e9m\u00e9nyeire.<\/p>\n\n\n\n<p class=\"wp-block-paragraph\">Ha valami vizu\u00e1lisan leny\u0171g\u00f6z\u0151t keresel, mindenk\u00e9pp n\u00e9zd meg a <strong>Hotel Ayre Rosell\u00f3nt<\/strong>, amely l\u00e9legzetel\u00e1ll\u00edt\u00f3 kil\u00e1t\u00e1ssal b\u00fcszk\u00e9lkedik egyenesen az \u00e9p\u00fcl\u0151 Sagrada Fam\u00edli\u00e1ra a tet\u0151teraszos b\u00e1rjukb\u00f3l. A kisebb b\u00fcdzs\u00e9j\u0171 utaz\u00f3knak remek\u00fcl megfelel a <strong>Motel One Barcelona-Ciutadella<\/strong>, ahol sz\u00e9p, modern szob\u00e1t kapsz egy hatalmas park mellett, gyalogt\u00e1vols\u00e1gra a tengerpartt\u00f3l. Ha abszol\u00fat luxust szeretn\u00e9l, \u00e9s a hull\u00e1mok morajl\u00e1s\u00e1ra \u00e9bredn\u00e9l, n\u00e9zd meg az ikonikus <strong>W Barcelon\u00e1t<\/strong>, azt a h\u00edres vitorla alak\u00fa \u00e9p\u00fcletet, amely az eg\u00e9sz partot uralja. A h\u00e1tizs\u00e1kos \u00e9s egyed\u00fcl utaz\u00f3knak az \u00e9rt\u00e9kel\u00e9sek szerint remek\u00fcl m\u0171k\u00f6dik a <strong>Hostel One Paralelo<\/strong>, ahol csod\u00e1latosan bar\u00e1ts\u00e1gos a hangulat, \u00e9s k\u00f6z\u00f6s est\u00e9ket is szerveznek.<\/p>\n\n\n\n<figure data-wp-context=\"{&quot;imageId&quot;:&quot;6a9530b4595e9&quot;}\" data-wp-interactive=\"core\/image\" data-wp-key=\"6a9530b4595e9\" class=\"wp-block-image size-full wp-lightbox-container\"><img decoding=\"async\" width=\"1600\" height=\"1067\" data-wp-class--hide=\"state.isContentHidden\" data-wp-class--show=\"state.isContentVisible\" data-wp-init=\"callbacks.setButtonStyles\" data-wp-on--click=\"actions.showLightbox\" data-wp-on--load=\"callbacks.setButtonStyles\" data-wp-on--pointerdown=\"actions.preloadImage\" data-wp-on--pointerenter=\"actions.preloadImageWithDelay\" data-wp-on--pointerleave=\"actions.cancelPreload\" data-wp-on-window--resize=\"callbacks.setButtonStyles\" src=\"https:\/\/loudavymkrokem.cz\/wp-content\/uploads\/2026\/08\/barcelona-uber-a-bolt-tady-radeji-ani-nezapine-px.jpg\" alt=\"S\u00e1rga-fekete barcelonai taxi\" class=\"wp-image-376459\" title=\"\" srcset=\"https:\/\/loudavymkrokem.cz\/wp-content\/uploads\/2026\/08\/barcelona-uber-a-bolt-tady-radeji-ani-nezapine-px.jpg 1600w, https:\/\/loudavymkrokem.cz\/wp-content\/uploads\/2026\/08\/barcelona-uber-a-bolt-tady-radeji-ani-nezapine-px-300x200.jpg 300w, https:\/\/loudavymkrokem.cz\/wp-content\/uploads\/2026\/08\/barcelona-uber-a-bolt-tady-radeji-ani-nezapine-px-700x467.jpg 700w, https:\/\/loudavymkrokem.cz\/wp-content\/uploads\/2026\/08\/barcelona-uber-a-bolt-tady-radeji-ani-nezapine-px-768x512.jpg 768w, https:\/\/loudavymkrokem.cz\/wp-content\/uploads\/2026\/08\/barcelona-uber-a-bolt-tady-radeji-ani-nezapine-px-1536x1024.jpg 1536w, https:\/\/loudavymkrokem.cz\/wp-content\/uploads\/2026\/08\/barcelona-uber-a-bolt-tady-radeji-ani-nezapine-px-696x464.jpg 696w, https:\/\/loudavymkrokem.cz\/wp-content\/uploads\/2026\/08\/barcelona-uber-a-bolt-tady-radeji-ani-nezapine-px-1392x928.jpg 1392w\" sizes=\"(max-width: 1600px) 100vw, 1600px\" \/><button\n\t\t\tclass=\"lightbox-trigger\"\n\t\t\ttype=\"button\"\n\t\t\taria-haspopup=\"dialog\"\n\t\t\tdata-wp-bind--aria-label=\"state.thisImage.triggerButtonAriaLabel\"\n\t\t\tdata-wp-init=\"callbacks.initTriggerButton\"\n\t\t\tdata-wp-on--click=\"actions.showLightbox\"\n\t\t\tdata-wp-style--right=\"state.thisImage.buttonRight\"\n\t\t\tdata-wp-style--top=\"state.thisImage.buttonTop\"\n\t\t>\n\t\t\t<svg xmlns=\"http:\/\/www.w3.org\/2000\/svg\" width=\"12\" height=\"12\" fill=\"none\" viewBox=\"0 0 12 12\">\n\t\t\t\t<path fill=\"#fff\" d=\"M2 0a2 2 0 0 0-2 2v2h1.5V2a.5.5 0 0 1 .5-.5h2V0H2Zm2 10.5H2a.5.5 0 0 1-.5-.5V8H0v2a2 2 0 0 0 2 2h2v-1.5ZM8 12v-1.5h2a.5.5 0 0 0 .5-.5V8H12v2a2 2 0 0 1-2 2H8Zm2-12a2 2 0 0 1 2 2v2h-1.5V2a.5.5 0 0 0-.5-.5H8V0h2Z\" \/>\n\t\t\t<\/svg>\n\t\t<\/button><\/figure>\n\n\n\n<h2 class=\"wp-block-heading\"><span class=\"ez-toc-section\" id=\"11_dolog_amit_a_barcelonai_utazasrol_tudnod_kell\"><\/span>11 dolog, amit a barcelonai utaz\u00e1sr\u00f3l tudnod kell<span class=\"ez-toc-section-end\"><\/span><\/h2>\n\n\n\n<figure data-wp-context=\"{&quot;imageId&quot;:&quot;6a9530b4599a0&quot;}\" data-wp-interactive=\"core\/image\" data-wp-key=\"6a9530b4599a0\" class=\"wp-block-image size-full wp-lightbox-container\"><img decoding=\"async\" width=\"1920\" height=\"1252\" data-wp-class--hide=\"state.isContentHidden\" data-wp-class--show=\"state.isContentVisible\" data-wp-init=\"callbacks.setButtonStyles\" data-wp-on--click=\"actions.showLightbox\" data-wp-on--load=\"callbacks.setButtonStyles\" data-wp-on--pointerdown=\"actions.preloadImage\" data-wp-on--pointerenter=\"actions.preloadImageWithDelay\" data-wp-on--pointerleave=\"actions.cancelPreload\" data-wp-on-window--resize=\"callbacks.setButtonStyles\" src=\"https:\/\/loudavymkrokem.cz\/wp-content\/uploads\/2026\/08\/barcelona-aerobus-je-sice-drazsi-ale-usetri-ne.jpg\" alt=\"Aerob\u00fas buszok a barcelonai meg\u00e1ll\u00f3ban\" class=\"wp-image-376457\" title=\"\" srcset=\"https:\/\/loudavymkrokem.cz\/wp-content\/uploads\/2026\/08\/barcelona-aerobus-je-sice-drazsi-ale-usetri-ne.jpg 1920w, https:\/\/loudavymkrokem.cz\/wp-content\/uploads\/2026\/08\/barcelona-aerobus-je-sice-drazsi-ale-usetri-ne-300x196.jpg 300w, https:\/\/loudavymkrokem.cz\/wp-content\/uploads\/2026\/08\/barcelona-aerobus-je-sice-drazsi-ale-usetri-ne-700x456.jpg 700w, https:\/\/loudavymkrokem.cz\/wp-content\/uploads\/2026\/08\/barcelona-aerobus-je-sice-drazsi-ale-usetri-ne-768x501.jpg 768w, https:\/\/loudavymkrokem.cz\/wp-content\/uploads\/2026\/08\/barcelona-aerobus-je-sice-drazsi-ale-usetri-ne-1536x1002.jpg 1536w, https:\/\/loudavymkrokem.cz\/wp-content\/uploads\/2026\/08\/barcelona-aerobus-je-sice-drazsi-ale-usetri-ne-696x454.jpg 696w, https:\/\/loudavymkrokem.cz\/wp-content\/uploads\/2026\/08\/barcelona-aerobus-je-sice-drazsi-ale-usetri-ne-1392x908.jpg 1392w\" sizes=\"(max-width: 1920px) 100vw, 1920px\" \/><button\n\t\t\tclass=\"lightbox-trigger\"\n\t\t\ttype=\"button\"\n\t\t\taria-haspopup=\"dialog\"\n\t\t\tdata-wp-bind--aria-label=\"state.thisImage.triggerButtonAriaLabel\"\n\t\t\tdata-wp-init=\"callbacks.initTriggerButton\"\n\t\t\tdata-wp-on--click=\"actions.showLightbox\"\n\t\t\tdata-wp-style--right=\"state.thisImage.buttonRight\"\n\t\t\tdata-wp-style--top=\"state.thisImage.buttonTop\"\n\t\t>\n\t\t\t<svg xmlns=\"http:\/\/www.w3.org\/2000\/svg\" width=\"12\" height=\"12\" fill=\"none\" viewBox=\"0 0 12 12\">\n\t\t\t\t<path fill=\"#fff\" d=\"M2 0a2 2 0 0 0-2 2v2h1.5V2a.5.5 0 0 1 .5-.5h2V0H2Zm2 10.5H2a.5.5 0 0 1-.5-.5V8H0v2a2 2 0 0 0 2 2h2v-1.5ZM8 12v-1.5h2a.5.5 0 0 0 .5-.5V8H12v2a2 2 0 0 1-2 2H8Zm2-12a2 2 0 0 1 2 2v2h-1.5V2a.5.5 0 0 0-.5-.5H8V0h2Z\" \/>\n\t\t\t<\/svg>\n\t\t<\/button><\/figure>\n\n\n\n<h3 class=\"wp-block-heading\"><span class=\"ez-toc-section\" id=\"1_Kozvetlen_jaratok_Budapest%E2%80%93Barcelona_es_ki_uzemelteti_oket\"><\/span>1. K\u00f6zvetlen j\u00e1ratok Budapest\u2013Barcelona \u00e9s ki \u00fczemelteti \u0151ket<span class=\"ez-toc-section-end\"><\/span><\/h3>\n\n\n\n<p class=\"wp-block-paragraph\">Eljutni Magyarorsz\u00e1gr\u00f3l a katal\u00e1n f\u0151v\u00e1rosba m\u00e9g sosem volt ennyire egyszer\u0171, mert a l\u00e9gi k\u00f6zleked\u00e9s ezen a vonalon 2026-ban teljes g\u0151zzel m\u0171k\u00f6dik. A k\u00e9t v\u00e1rost <strong>l\u00e9gvonalban nagyj\u00e1b\u00f3l 1500 kilom\u00e9ter v\u00e1lasztja el<\/strong>, amit a modern rep\u00fcl\u0151k nagyon k\u00e9nyelmes, kevesebb mint k\u00e9t \u00e9s f\u00e9l \u00f3ra alatt legy\u0171rnek. A ny\u00e1ri szezonban a Wizz Air \u00e9s a Ryanair \u00f6sszekapcsolja Budapestet a barcelonai El Prat rep\u00fcl\u0151t\u00e9rrel, \u00edgy \u00e1tlagosan naponta t\u00f6bb j\u00e1rat k\u00f6z\u00fcl is v\u00e1laszthatsz.<\/p>\n\n\n\n<p class=\"wp-block-paragraph\">A piacot jelenleg f\u0151k\u00e9nt a fapados l\u00e9git\u00e1rsas\u00e1gok osztj\u00e1k fel egym\u00e1s k\u00f6zt, amelyek \u00e9lesen k\u00fczdenek minden egyes utas\u00e9rt. A Wizz Air \u00e9s a Ryanair mellett a spanyol Vueling is akt\u00edv a r\u00e9gi\u00f3ban. Az els\u0151 reggeli g\u00e9pek m\u00e1r kora reggel elemelkednek a kifut\u00f3p\u00e1ly\u00e1r\u00f3l, ami t\u00f6k\u00e9letes azoknak, akik szeretn\u00e9k elcs\u00edpni a d\u00e9lut\u00e1ni k\u00e1v\u00e9t egyenesen a tengerparton. Ha viszont ink\u00e1bb munka ut\u00e1n utazn\u00e1l, a k\u00e9s\u0151i esti j\u00e1ratok is el\u00e9rhet\u0151k, \u00e9s nem sokkal \u00e9jf\u00e9l ut\u00e1n m\u00e1r \u00e1gyban lehetsz.<\/p>\n\n\n\n<p class=\"wp-block-paragraph\">A verseny szerencs\u00e9re lefel\u00e9 nyomja az \u00e1rakat, \u00e9s \u00f3ri\u00e1si szabads\u00e1got ad a tervez\u00e9sben, de egyben nagy k\u00f6r\u00fcltekint\u00e9st ig\u00e9nyel a konkr\u00e9t fuvaroz\u00f3 kiv\u00e1laszt\u00e1sakor. Minden l\u00e9git\u00e1rsas\u00e1gnak ugyanis <strong>teljesen m\u00e1s a csomagszab\u00e1lyzata \u00e9s rejtett d\u00edjai vannak<\/strong>, amelyek kellemetlen\u00fcl megdr\u00e1g\u00edthatj\u00e1k a rep\u00fcl\u0151jegyet.<\/p>\n\n\n\n<p class=\"wp-block-paragraph\">\ud83d\udca1 Tipp: Mindig gondosan n\u00e9zd meg, melyik termin\u00e1lr\u00f3l indulsz Budapesten, mert a <strong>fapadosok gyakran k\u00fcl\u00f6nb\u00f6z\u0151 helyekr\u0151l ind\u00edtanak<\/strong>, \u00e9s a rept\u00e9ri kavarod\u00e1s sok idegess\u00e9gbe \u00e9s taxira k\u00f6lt\u00f6tt p\u00e9nzbe ker\u00fclhet.<\/p>\n\n\n\n<figure data-wp-context=\"{&quot;imageId&quot;:&quot;6a9530b459e1b&quot;}\" data-wp-interactive=\"core\/image\" data-wp-key=\"6a9530b459e1b\" class=\"wp-block-image size-full wp-lightbox-container\"><img decoding=\"async\" width=\"1600\" height=\"1067\" data-wp-class--hide=\"state.isContentHidden\" data-wp-class--show=\"state.isContentVisible\" data-wp-init=\"callbacks.setButtonStyles\" data-wp-on--click=\"actions.showLightbox\" data-wp-on--load=\"callbacks.setButtonStyles\" data-wp-on--pointerdown=\"actions.preloadImage\" data-wp-on--pointerenter=\"actions.preloadImageWithDelay\" data-wp-on--pointerleave=\"actions.cancelPreload\" data-wp-on-window--resize=\"callbacks.setButtonStyles\" src=\"https:\/\/loudavymkrokem.cz\/wp-content\/uploads\/2026\/08\/barcelona-vlak-r2-nord-je-nejlevnejsi-zachrana-px.jpg\" alt=\"T\u00f6rt\u00e9nelmi vas\u00fat\u00e1llom\u00e1s \u00e9p\u00fclete Spanyolorsz\u00e1gban\" class=\"wp-image-376455\" title=\"\" srcset=\"https:\/\/loudavymkrokem.cz\/wp-content\/uploads\/2026\/08\/barcelona-vlak-r2-nord-je-nejlevnejsi-zachrana-px.jpg 1600w, https:\/\/loudavymkrokem.cz\/wp-content\/uploads\/2026\/08\/barcelona-vlak-r2-nord-je-nejlevnejsi-zachrana-px-300x200.jpg 300w, https:\/\/loudavymkrokem.cz\/wp-content\/uploads\/2026\/08\/barcelona-vlak-r2-nord-je-nejlevnejsi-zachrana-px-700x467.jpg 700w, https:\/\/loudavymkrokem.cz\/wp-content\/uploads\/2026\/08\/barcelona-vlak-r2-nord-je-nejlevnejsi-zachrana-px-768x512.jpg 768w, https:\/\/loudavymkrokem.cz\/wp-content\/uploads\/2026\/08\/barcelona-vlak-r2-nord-je-nejlevnejsi-zachrana-px-1536x1024.jpg 1536w, https:\/\/loudavymkrokem.cz\/wp-content\/uploads\/2026\/08\/barcelona-vlak-r2-nord-je-nejlevnejsi-zachrana-px-696x464.jpg 696w, https:\/\/loudavymkrokem.cz\/wp-content\/uploads\/2026\/08\/barcelona-vlak-r2-nord-je-nejlevnejsi-zachrana-px-1392x928.jpg 1392w\" sizes=\"(max-width: 1600px) 100vw, 1600px\" \/><button\n\t\t\tclass=\"lightbox-trigger\"\n\t\t\ttype=\"button\"\n\t\t\taria-haspopup=\"dialog\"\n\t\t\tdata-wp-bind--aria-label=\"state.thisImage.triggerButtonAriaLabel\"\n\t\t\tdata-wp-init=\"callbacks.initTriggerButton\"\n\t\t\tdata-wp-on--click=\"actions.showLightbox\"\n\t\t\tdata-wp-style--right=\"state.thisImage.buttonRight\"\n\t\t\tdata-wp-style--top=\"state.thisImage.buttonTop\"\n\t\t>\n\t\t\t<svg xmlns=\"http:\/\/www.w3.org\/2000\/svg\" width=\"12\" height=\"12\" fill=\"none\" viewBox=\"0 0 12 12\">\n\t\t\t\t<path fill=\"#fff\" d=\"M2 0a2 2 0 0 0-2 2v2h1.5V2a.5.5 0 0 1 .5-.5h2V0H2Zm2 10.5H2a.5.5 0 0 1-.5-.5V8H0v2a2 2 0 0 0 2 2h2v-1.5ZM8 12v-1.5h2a.5.5 0 0 0 .5-.5V8H12v2a2 2 0 0 1-2 2H8Zm2-12a2 2 0 0 1 2 2v2h-1.5V2a.5.5 0 0 0-.5-.5H8V0h2Z\" \/>\n\t\t\t<\/svg>\n\t\t<\/button><\/figure>\n\n\n\n<h3 class=\"wp-block-heading\"><span class=\"ez-toc-section\" id=\"2_Tajekoztato_repulojegyarak_es_mikor_erdemes_venni\"><\/span>2. T\u00e1j\u00e9koztat\u00f3 rep\u00fcl\u0151jegy\u00e1rak \u00e9s mikor \u00e9rdemes venni<span class=\"ez-toc-section-end\"><\/span><\/h3>\n\n\n\n<p class=\"wp-block-paragraph\">Amikor elkezded keresni a Barcelon\u00e1ba sz\u00f3l\u00f3 rep\u00fcl\u0151jegyeket, a keres\u0151k val\u00f3sz\u00edn\u0171leg hihetetlen\u00fcl cs\u00e1b\u00edt\u00f3 sz\u00e1mokat z\u00fad\u00edtanak r\u00e1d, amikn\u00e9l nagyon \u00f3vatosnak kell lenned. Az ismert Kayak aggreg\u00e1tor m\u00e1sodlagos forr\u00e1sok szerint k\u00e9pes <strong>a legolcs\u00f3bb jegyeket m\u00e1r kb. 20 000 Ft-t\u00f3l<\/strong> megmutatni, m\u00edg m\u00e1s fuvaroz\u00f3k a weboldalukon rendszeres j\u00e1ratot hirdetnek kb. 37 000 Ft-t\u00f3l. \u00c1lomnak hangzik az olcs\u00f3 nyaral\u00e1sr\u00f3l, de a ny\u00e1ri szezon val\u00f3s\u00e1ga sajnos eg\u00e9szen m\u00e1shol van.<\/p>\n\n\n\n<p class=\"wp-block-paragraph\">Ne hagyd, hogy a marketingsz\u00f3r\u00f3lapok bepalizzanak, mert ezek a var\u00e1zslatos \u00f6sszegek t\u00f6bbnyire csak a legkev\u00e9sb\u00e9 vonz\u00f3 id\u0151pontokra \u00e9rv\u00e9nyesek a nyirkos november k\u00f6zep\u00e9n. Az Omio port\u00e1l <strong>a Budapestr\u0151l Barcelon\u00e1ba sz\u00f3l\u00f3 jegy \u00e1tlag\u00e1r\u00e1t kb. 35 000 Ft-ban<\/strong> adja meg, mik\u00f6zben m\u00e9g mindig csak egy ir\u00e1nyr\u00f3l besz\u00e9l\u00fcnk, mindenf\u00e9le csomag n\u00e9lk\u00fcl. Amint j\u00faliusban vagy augusztusban felveszel egy klasszikus k\u00e9zipoggy\u00e1sz-b\u0151r\u00f6nd\u00f6t, \u00e9s a partnered mellett szeretn\u00e9l \u00fclni, ink\u00e1bb 53 000 Ft feletti \u00f6sszeggel sz\u00e1molj egy \u00fatra.<\/p>\n\n\n\n<p class=\"wp-block-paragraph\">A legrosszabb hiba az utols\u00f3 pillanatban venni a jegyet, amikor a fapadosok \u00e1rai nyugodtan a h\u00e1romszorosukra ugranak. <strong>Az ide\u00e1lis v\u00e1s\u00e1rl\u00e1si id\u0151 nagyj\u00e1b\u00f3l k\u00e9t-h\u00e1rom h\u00f3nappal az indul\u00e1s el\u0151tt van<\/strong>, amikor a l\u00e9git\u00e1rsas\u00e1goknak m\u00e9g nincs tele a kapacit\u00e1sa, \u00e9s \u00e9rtelmes tarif\u00e1kat k\u00edn\u00e1lnak a h\u00e9tk\u00f6znapi haland\u00f3knak.<\/p>\n\n\n\n<p class=\"wp-block-paragraph\">\ud83d\udca1 Tipp: Ha rugalmas vagy a nyaral\u00e1s id\u0151pontj\u00e1val, pr\u00f3b\u00e1lj a h\u00e9t k\u00f6zep\u00e9n rep\u00fclni p\u00e9ntek este helyett, mert a <strong>keddi \u00e9s szerdai j\u00e1ratok statisztikailag a legolcs\u00f3bbak<\/strong> az eg\u00e9sz h\u00e9ten, \u00e9s a sz\u00e1ll\u00e1son is sp\u00f3rolsz.<\/p>\n\n\n\n<figure data-wp-context=\"{&quot;imageId&quot;:&quot;6a9530b45a310&quot;}\" data-wp-interactive=\"core\/image\" data-wp-key=\"6a9530b45a310\" class=\"wp-block-image size-full wp-lightbox-container\"><img decoding=\"async\" width=\"1600\" height=\"900\" data-wp-class--hide=\"state.isContentHidden\" data-wp-class--show=\"state.isContentVisible\" data-wp-init=\"callbacks.setButtonStyles\" data-wp-on--click=\"actions.showLightbox\" data-wp-on--load=\"callbacks.setButtonStyles\" data-wp-on--pointerdown=\"actions.preloadImage\" data-wp-on--pointerenter=\"actions.preloadImageWithDelay\" data-wp-on--pointerleave=\"actions.cancelPreload\" data-wp-on-window--resize=\"callbacks.setButtonStyles\" src=\"https:\/\/loudavymkrokem.cz\/wp-content\/uploads\/2026\/08\/barcelona-ryanair-a-nizkonakladove-pasti-se-za-px.jpg\" alt=\"Felsz\u00e1ll\u00f3 Ryanair rep\u00fcl\u0151g\u00e9p\" class=\"wp-image-376473\" title=\"\" srcset=\"https:\/\/loudavymkrokem.cz\/wp-content\/uploads\/2026\/08\/barcelona-ryanair-a-nizkonakladove-pasti-se-za-px.jpg 1600w, https:\/\/loudavymkrokem.cz\/wp-content\/uploads\/2026\/08\/barcelona-ryanair-a-nizkonakladove-pasti-se-za-px-300x169.jpg 300w, https:\/\/loudavymkrokem.cz\/wp-content\/uploads\/2026\/08\/barcelona-ryanair-a-nizkonakladove-pasti-se-za-px-700x394.jpg 700w, https:\/\/loudavymkrokem.cz\/wp-content\/uploads\/2026\/08\/barcelona-ryanair-a-nizkonakladove-pasti-se-za-px-768x432.jpg 768w, https:\/\/loudavymkrokem.cz\/wp-content\/uploads\/2026\/08\/barcelona-ryanair-a-nizkonakladove-pasti-se-za-px-1536x864.jpg 1536w, https:\/\/loudavymkrokem.cz\/wp-content\/uploads\/2026\/08\/barcelona-ryanair-a-nizkonakladove-pasti-se-za-px-696x392.jpg 696w, https:\/\/loudavymkrokem.cz\/wp-content\/uploads\/2026\/08\/barcelona-ryanair-a-nizkonakladove-pasti-se-za-px-1392x783.jpg 1392w\" sizes=\"(max-width: 1600px) 100vw, 1600px\" \/><button\n\t\t\tclass=\"lightbox-trigger\"\n\t\t\ttype=\"button\"\n\t\t\taria-haspopup=\"dialog\"\n\t\t\tdata-wp-bind--aria-label=\"state.thisImage.triggerButtonAriaLabel\"\n\t\t\tdata-wp-init=\"callbacks.initTriggerButton\"\n\t\t\tdata-wp-on--click=\"actions.showLightbox\"\n\t\t\tdata-wp-style--right=\"state.thisImage.buttonRight\"\n\t\t\tdata-wp-style--top=\"state.thisImage.buttonTop\"\n\t\t>\n\t\t\t<svg xmlns=\"http:\/\/www.w3.org\/2000\/svg\" width=\"12\" height=\"12\" fill=\"none\" viewBox=\"0 0 12 12\">\n\t\t\t\t<path fill=\"#fff\" d=\"M2 0a2 2 0 0 0-2 2v2h1.5V2a.5.5 0 0 1 .5-.5h2V0H2Zm2 10.5H2a.5.5 0 0 1-.5-.5V8H0v2a2 2 0 0 0 2 2h2v-1.5ZM8 12v-1.5h2a.5.5 0 0 0 .5-.5V8H12v2a2 2 0 0 1-2 2H8Zm2-12a2 2 0 0 1 2 2v2h-1.5V2a.5.5 0 0 0-.5-.5H8V0h2Z\" \/>\n\t\t\t<\/svg>\n\t\t<\/button><figcaption class=\"wp-element-caption\">Fot\u00f3: Grzegorz Lewandowski \/ Pexels<\/figcaption><\/figure>\n\n\n\n<h3 class=\"wp-block-heading\"><span class=\"ez-toc-section\" id=\"3_Ryanair_es_a_fapados_csomagcsapdak\"><\/span>3. Ryanair \u00e9s a fapados csomagcsapd\u00e1k<span class=\"ez-toc-section-end\"><\/span><\/h3>\n\n\n\n<p class=\"wp-block-paragraph\">Veszel egy rep\u00fcl\u0151jegyet p\u00e1r ezer forint\u00e9rt, \u00e9s csod\u00e1s \u00e9rz\u00e9sed van, hogy v\u00e9gre kifogt\u00e1l az eg\u00e9sz l\u00e9gi k\u00f6zleked\u00e9s rendszer\u00e9n. Azt\u00e1n oda\u00e9rsz a kapuhoz, \u00e9s az \u00edr l\u00e9git\u00e1rsas\u00e1g olyan sz\u00e1ml\u00e1t \u00e1ll\u00edt ki, hogy a szemed is kikerekedik. K\u00fcl\u00f6n\u00f6sen a Ryanairn\u00e9l <strong>a csomagpolitika kem\u00e9ny j\u00e1t\u00e9k<\/strong>, amely c\u00e9lzottan a figyelmetlen utasok legkisebb hib\u00e1ira \u00e9p\u00fcl.<\/p>\n\n\n\n<p class=\"wp-block-paragraph\">A jegy alap\u00e1r\u00e1ban ugyanis csak egy kis szem\u00e9lyes t\u00e1ska enged\u00e9lyezett, amelynek <strong>m\u00e9retei szigor\u00faan 40 \u00d7 20 \u00d7 25 centim\u00e9terre korl\u00e1tozottak<\/strong>. Ennek a kis h\u00e1tizs\u00e1knak felt\u00e9tlen\u00fcl be kell f\u00e9rnie az el\u0151tted l\u00e9v\u0151 \u00fcl\u00e9s al\u00e1, \u00e9s a rept\u00e9ri szem\u00e9lyzet a kapun\u00e1l gyakran teljesen kcompromisszumok n\u00e9lk\u00fcl \u00e1tm\u00e9ri. Ha klasszikus, t\u00edz kil\u00f3ig terjed\u0151, 55 \u00d7 40 \u00d7 20 centim\u00e9teres k\u00e9zipoggy\u00e1sz-b\u0151r\u00f6nd\u00f6t szeretn\u00e9l vinni, m\u00e1r a jegyv\u00e1s\u00e1rl\u00e1skor fizetned kell a Priority szolg\u00e1ltat\u00e1s\u00e9rt.<\/p>\n\n\n\n<p class=\"wp-block-paragraph\">Itt csap\u00f3dik le \u00e1ltal\u00e1ban a csapda mindenkire, aki nem olvassa v\u00e9gig a szab\u00e1lyokat. Aki nem veszi meg id\u0151ben a Priorityt, \u00e9s nagyobb b\u0151r\u00f6nddel j\u00f6n a kapuhoz, az <strong>a helysz\u00ednen kem\u00e9ny 35 \u20ac-s (kb. 13 000 Ft) b\u00edrs\u00e1got fizet<\/strong> a nem megfelel\u0151 csomag\u00e9rt. Ha a b\u0151r\u00f6nd\u00f6d m\u00e9g nagyobb is a megengedett m\u00e9retekn\u00e9l, ez a b\u00fcntet\u00e9s azonnal 69,99 \u20ac-ra (kb. 26 000 Ft) ugrik.<\/p>\n\n\n\n<p class=\"wp-block-paragraph\">\ud83d\udca1 Tipp: Mindig m\u00e9rd \u00e1t a h\u00e1tizs\u00e1kot m\u00e9g otthon m\u00e9r\u0151szalaggal, \u00e9s ne b\u00edzz abban, hogy <strong>a kapun\u00e1l valahogy \u00e9szrev\u00e9tlen\u00fcl \u00e1tcsemp\u00e9szed<\/strong>, mert a m\u00e9retek sz\u00far\u00f3pr\u00f3baszer\u0171 ellen\u0151rz\u00e9se a Spanyolorsz\u00e1gba tart\u00f3 j\u00e1ratokn\u00e1l k\u00fcl\u00f6n\u00f6sen gyakori.<\/p>\n\n\n\n<figure data-wp-context=\"{&quot;imageId&quot;:&quot;6a9530b45a8b4&quot;}\" data-wp-interactive=\"core\/image\" data-wp-key=\"6a9530b45a8b4\" class=\"wp-block-image size-full wp-lightbox-container\"><img decoding=\"async\" width=\"1600\" height=\"1067\" data-wp-class--hide=\"state.isContentHidden\" data-wp-class--show=\"state.isContentVisible\" data-wp-init=\"callbacks.setButtonStyles\" data-wp-on--click=\"actions.showLightbox\" data-wp-on--load=\"callbacks.setButtonStyles\" data-wp-on--pointerdown=\"actions.preloadImage\" data-wp-on--pointerenter=\"actions.preloadImageWithDelay\" data-wp-on--pointerleave=\"actions.cancelPreload\" data-wp-on-window--resize=\"callbacks.setButtonStyles\" src=\"https:\/\/loudavymkrokem.cz\/wp-content\/uploads\/2026\/08\/barcelona-vueling-a-jejich-odstupnovana-kila-px.jpg\" alt=\"Rep\u00fcl\u0151g\u00e9pek a barcelonai El Prat rep\u00fcl\u0151t\u00e9r el\u0151ter\u00e9ben\" class=\"wp-image-376474\" title=\"\" srcset=\"https:\/\/loudavymkrokem.cz\/wp-content\/uploads\/2026\/08\/barcelona-vueling-a-jejich-odstupnovana-kila-px.jpg 1600w, https:\/\/loudavymkrokem.cz\/wp-content\/uploads\/2026\/08\/barcelona-vueling-a-jejich-odstupnovana-kila-px-300x200.jpg 300w, https:\/\/loudavymkrokem.cz\/wp-content\/uploads\/2026\/08\/barcelona-vueling-a-jejich-odstupnovana-kila-px-700x467.jpg 700w, https:\/\/loudavymkrokem.cz\/wp-content\/uploads\/2026\/08\/barcelona-vueling-a-jejich-odstupnovana-kila-px-768x512.jpg 768w, https:\/\/loudavymkrokem.cz\/wp-content\/uploads\/2026\/08\/barcelona-vueling-a-jejich-odstupnovana-kila-px-1536x1024.jpg 1536w, https:\/\/loudavymkrokem.cz\/wp-content\/uploads\/2026\/08\/barcelona-vueling-a-jejich-odstupnovana-kila-px-696x464.jpg 696w, https:\/\/loudavymkrokem.cz\/wp-content\/uploads\/2026\/08\/barcelona-vueling-a-jejich-odstupnovana-kila-px-1392x928.jpg 1392w\" sizes=\"(max-width: 1600px) 100vw, 1600px\" \/><button\n\t\t\tclass=\"lightbox-trigger\"\n\t\t\ttype=\"button\"\n\t\t\taria-haspopup=\"dialog\"\n\t\t\tdata-wp-bind--aria-label=\"state.thisImage.triggerButtonAriaLabel\"\n\t\t\tdata-wp-init=\"callbacks.initTriggerButton\"\n\t\t\tdata-wp-on--click=\"actions.showLightbox\"\n\t\t\tdata-wp-style--right=\"state.thisImage.buttonRight\"\n\t\t\tdata-wp-style--top=\"state.thisImage.buttonTop\"\n\t\t>\n\t\t\t<svg xmlns=\"http:\/\/www.w3.org\/2000\/svg\" width=\"12\" height=\"12\" fill=\"none\" viewBox=\"0 0 12 12\">\n\t\t\t\t<path fill=\"#fff\" d=\"M2 0a2 2 0 0 0-2 2v2h1.5V2a.5.5 0 0 1 .5-.5h2V0H2Zm2 10.5H2a.5.5 0 0 1-.5-.5V8H0v2a2 2 0 0 0 2 2h2v-1.5ZM8 12v-1.5h2a.5.5 0 0 0 .5-.5V8H12v2a2 2 0 0 1-2 2H8Zm2-12a2 2 0 0 1 2 2v2h-1.5V2a.5.5 0 0 0-.5-.5H8V0h2Z\" \/>\n\t\t\t<\/svg>\n\t\t<\/button><figcaption class=\"wp-element-caption\">Fot\u00f3: Noland Live \/ Pexels<\/figcaption><\/figure>\n\n\n\n<h3 class=\"wp-block-heading\"><span class=\"ez-toc-section\" id=\"4_Vueling_es_a_lepcsozetes_kiloik\"><\/span>4. Vueling \u00e9s a l\u00e9pcs\u0151zetes kil\u00f3ik<span class=\"ez-toc-section-end\"><\/span><\/h3>\n\n\n\n<p class=\"wp-block-paragraph\">A spanyol fapados Vueling, amelynek \u00e9ppen Barcelon\u00e1ban van a legnagyobb b\u00e1zisa, kicsit m\u00e1sik \u00e9s els\u0151 pillant\u00e1sra bar\u00e1ts\u00e1gosabb j\u00e1t\u00e9kot j\u00e1tszik az utasokkal. A <strong>feladott csomagok s\u00faly\u00e1nak nagyon r\u00e9szletes l\u00e9pcs\u0151z\u00e9s\u00e9re<\/strong> \u00f6sszpontos\u00edt, ami elm\u00e9letileg remek lehet\u0151s\u00e9get ad, hogy pontosan az\u00e9rt fizess, amire val\u00f3ban sz\u00fcks\u00e9ged van.<\/p>\n\n\n\n<p class=\"wp-block-paragraph\">Ha k\u00f6nnyed\u00e9n utazol, \u00e9s nem kell felesleget cipelned, <strong>egy tizen\u00f6t kil\u00f3s b\u0151r\u00f6nd\u00f6t el\u0151re foglalva m\u00e1r kb. 2900 Ft-t\u00f3l<\/strong> megkapsz. Egy nagyobb, h\u00faszkil\u00f3s csomag nagyj\u00e1b\u00f3l 3600 Ft-ba ker\u00fcl, egy huszon\u00f6t kil\u00f3s b\u0151r\u00f6nd\u00e9rt pedig kb. 5400 Ft-t\u00f3l fizetsz. Teljesen fair\u00fcl \u00e9s \u00e1tl\u00e1that\u00f3an hangzik eg\u00e9szen addig, am\u00edg a rept\u00e9ren ak\u00e1r csak egyetlen kil\u00f3val is t\u00fall\u00e9ped a megv\u00e1s\u00e1rolt limitet.<\/p>\n\n\n\n<p class=\"wp-block-paragraph\">Amint ugyanis a m\u00e9rleg a check-in pultn\u00e1l t\u00f6bbet mutat, mint amennyit hivatalosan fizett\u00e9l, a rept\u00e9ri szem\u00e9lyzet mosolya gyorsan elt\u0171nik, \u00e9s <strong>s\u00falyos t\u00fals\u00falyd\u00edjak k\u00f6vetkeznek, minden egyes kilogrammra kisz\u00e1molva<\/strong>. Ez\u00e9rt mindenk\u00e9pp meg\u00e9ri a teli b\u0151r\u00f6nd\u00f6t m\u00e9g otthon lem\u00e9rni a szem\u00e9lym\u00e9rlegen, \u00e9s ink\u00e1bb r\u00f6gt\u00f6n \u00f6t kil\u00f3val nagyobb tartal\u00e9kot venni p\u00e1r sz\u00e1z forint fel\u00e1r\u00e9rt.<\/p>\n\n\n\n<p class=\"wp-block-paragraph\">\ud83d\udca1 Tipp: A Vueling a dr\u00e1g\u00e1bb tarif\u00e1kn\u00e1l ingyenes j\u00e1ratm\u00f3dos\u00edt\u00e1si lehet\u0151s\u00e9get k\u00edn\u00e1l, ami <strong>j\u00f3l j\u00f6het a kisz\u00e1m\u00edthatatlan ny\u00e1ri nyaral\u00e1stervez\u00e9sn\u00e9l<\/strong>, amikor a csal\u00e1di tervek sz\u00f3 szerint napr\u00f3l napra v\u00e1ltoznak.<\/p>\n\n\n\n<figure data-wp-context=\"{&quot;imageId&quot;:&quot;6a9530b45b096&quot;}\" data-wp-interactive=\"core\/image\" data-wp-key=\"6a9530b45b096\" class=\"wp-block-image size-full wp-lightbox-container\"><img decoding=\"async\" width=\"1600\" height=\"900\" data-wp-class--hide=\"state.isContentHidden\" data-wp-class--show=\"state.isContentVisible\" data-wp-init=\"callbacks.setButtonStyles\" data-wp-on--click=\"actions.showLightbox\" data-wp-on--load=\"callbacks.setButtonStyles\" data-wp-on--pointerdown=\"actions.preloadImage\" data-wp-on--pointerenter=\"actions.preloadImageWithDelay\" data-wp-on--pointerleave=\"actions.cancelPreload\" data-wp-on-window--resize=\"callbacks.setButtonStyles\" src=\"https:\/\/loudavymkrokem.cz\/wp-content\/uploads\/2026\/08\/barcelona-pozor-na-letni-skrty-u-smartwings-px.jpg\" alt=\"Rep\u00fcl\u0151g\u00e9p a rep\u00fcl\u0151t\u00e9r el\u0151ter\u00e9ben\" class=\"wp-image-376475\" title=\"\" srcset=\"https:\/\/loudavymkrokem.cz\/wp-content\/uploads\/2026\/08\/barcelona-pozor-na-letni-skrty-u-smartwings-px.jpg 1600w, https:\/\/loudavymkrokem.cz\/wp-content\/uploads\/2026\/08\/barcelona-pozor-na-letni-skrty-u-smartwings-px-300x169.jpg 300w, https:\/\/loudavymkrokem.cz\/wp-content\/uploads\/2026\/08\/barcelona-pozor-na-letni-skrty-u-smartwings-px-700x394.jpg 700w, https:\/\/loudavymkrokem.cz\/wp-content\/uploads\/2026\/08\/barcelona-pozor-na-letni-skrty-u-smartwings-px-768x432.jpg 768w, https:\/\/loudavymkrokem.cz\/wp-content\/uploads\/2026\/08\/barcelona-pozor-na-letni-skrty-u-smartwings-px-1536x864.jpg 1536w, https:\/\/loudavymkrokem.cz\/wp-content\/uploads\/2026\/08\/barcelona-pozor-na-letni-skrty-u-smartwings-px-696x392.jpg 696w, https:\/\/loudavymkrokem.cz\/wp-content\/uploads\/2026\/08\/barcelona-pozor-na-letni-skrty-u-smartwings-px-1392x783.jpg 1392w\" sizes=\"(max-width: 1600px) 100vw, 1600px\" \/><button\n\t\t\tclass=\"lightbox-trigger\"\n\t\t\ttype=\"button\"\n\t\t\taria-haspopup=\"dialog\"\n\t\t\tdata-wp-bind--aria-label=\"state.thisImage.triggerButtonAriaLabel\"\n\t\t\tdata-wp-init=\"callbacks.initTriggerButton\"\n\t\t\tdata-wp-on--click=\"actions.showLightbox\"\n\t\t\tdata-wp-style--right=\"state.thisImage.buttonRight\"\n\t\t\tdata-wp-style--top=\"state.thisImage.buttonTop\"\n\t\t>\n\t\t\t<svg xmlns=\"http:\/\/www.w3.org\/2000\/svg\" width=\"12\" height=\"12\" fill=\"none\" viewBox=\"0 0 12 12\">\n\t\t\t\t<path fill=\"#fff\" d=\"M2 0a2 2 0 0 0-2 2v2h1.5V2a.5.5 0 0 1 .5-.5h2V0H2Zm2 10.5H2a.5.5 0 0 1-.5-.5V8H0v2a2 2 0 0 0 2 2h2v-1.5ZM8 12v-1.5h2a.5.5 0 0 0 .5-.5V8H12v2a2 2 0 0 1-2 2H8Zm2-12a2 2 0 0 1 2 2v2h-1.5V2a.5.5 0 0 0-.5-.5H8V0h2Z\" \/>\n\t\t\t<\/svg>\n\t\t<\/button><figcaption class=\"wp-element-caption\">Fot\u00f3: Dan Wright \/ Pexels<\/figcaption><\/figure>\n\n\n\n<h3 class=\"wp-block-heading\"><span class=\"ez-toc-section\" id=\"5_Vigyazz_a_nyari_jaratritkitasokra\"><\/span>5. Vigy\u00e1zz a ny\u00e1ri j\u00e1ratritk\u00edt\u00e1sokra<span class=\"ez-toc-section-end\"><\/span><\/h3>\n\n\n\n<p class=\"wp-block-paragraph\">A fapados l\u00e9git\u00e1rsas\u00e1gok sokak sz\u00e1m\u00e1ra biztos tippnek t\u0171nnek, de 2026-ban a nyaral\u00e1sfoglal\u00e1sn\u00e1l k\u00fcl\u00f6n\u00f6sen k\u00f6r\u00fcltekint\u0151nek kell lenned. A hivatalos inform\u00e1ci\u00f3k szerint ugyanis a l\u00e9git\u00e1rsas\u00e1gok a ny\u00e1ri szezonban <strong>jelent\u0151sen cs\u00f6kkentett\u00e9k a j\u00e1ratgyakoris\u00e1got n\u00e9h\u00e1ny n\u00e9pszer\u0171 vonalon<\/strong>, s\u0151t egyes c\u00e9l\u00e1llom\u00e1sokra a j\u00e1ratokat teljesen t\u00f6r\u00f6lt\u00e9k.<\/p>\n\n\n\n<p class=\"wp-block-paragraph\">B\u00e1r Barcelona szerencs\u00e9re nem szerepelt a hivatalosan t\u00f6r\u00f6lt j\u00e1ratok k\u00f6zt, \u00e9s a l\u00e9git\u00e1rsas\u00e1gok tov\u00e1bbra is ide rep\u00fclnek, ez egy\u00e9rtelm\u0171 jel, hogy <strong>a ny\u00e1ri menetrendek nagyon dinamikusan v\u00e1ltozhatnak<\/strong> az aktu\u00e1lis kihaszn\u00e1lts\u00e1gt\u00f3l f\u00fcgg\u0151en. Nincs rosszabb, mint lefoglalni egy dr\u00e1ga tengerparti hotelt, majd p\u00e1r h\u00e9ttel az indul\u00e1s el\u0151tt kider\u00edteni, hogy a keddi j\u00e1ratod hirtelen cs\u00fct\u00f6rt\u00f6k reggelre ker\u00fclt.<\/p>\n\n\n\n<p class=\"wp-block-paragraph\">Az \u00f6sszes t\u00e1j\u00e9koztat\u00f3 id\u0151pontot \u00e9s konkr\u00e9t indul\u00e1si napot ez\u00e9rt <strong>mindig gondosan ellen\u0151rizd k\u00f6zvetlen\u00fcl a fuvaroz\u00f3 hivatalos oldal\u00e1n<\/strong>, k\u00f6zvetlen\u00fcl a v\u00e9gleges jegyv\u00e1s\u00e1rl\u00e1s el\u0151tt. Sose b\u00edzz csak a nagy rep\u00fcl\u0151jegy-keres\u0151k r\u00e9gebbi adataiban, amelyek kis k\u00e9s\u00e9ssel friss\u00edthetik a rendszereiket, \u00e9s nem l\u00e9tez\u0151 j\u00e1ratokat k\u00edn\u00e1lhatnak.<\/p>\n\n\n\n<p class=\"wp-block-paragraph\">\ud83d\udca1 Tipp: Ha a l\u00e9git\u00e1rsas\u00e1g kevesebb mint tizenn\u00e9gy nappal az indul\u00e1s el\u0151tt t\u00f6rli a j\u00e1ratot, <strong>az eur\u00f3pai szab\u00e1lyok szerint jogod van b\u0151kez\u0171 p\u00e9nz\u00fcgyi k\u00e1rt\u00e9r\u00edt\u00e9sre<\/strong>, ez\u00e9rt mindenk\u00e9pp figyelj a jogaidra.<\/p>\n\n\n\n<figure data-wp-context=\"{&quot;imageId&quot;:&quot;6a9530b45b8fb&quot;}\" data-wp-interactive=\"core\/image\" data-wp-key=\"6a9530b45b8fb\" class=\"wp-block-image size-full wp-lightbox-container\"><img decoding=\"async\" width=\"2000\" height=\"1333\" data-wp-class--hide=\"state.isContentHidden\" data-wp-class--show=\"state.isContentVisible\" data-wp-init=\"callbacks.setButtonStyles\" data-wp-on--click=\"actions.showLightbox\" data-wp-on--load=\"callbacks.setButtonStyles\" data-wp-on--pointerdown=\"actions.preloadImage\" data-wp-on--pointerenter=\"actions.preloadImageWithDelay\" data-wp-on--pointerleave=\"actions.cancelPreload\" data-wp-on-window--resize=\"callbacks.setButtonStyles\" src=\"https:\/\/loudavymkrokem.cz\/wp-content\/uploads\/2026\/08\/barcelona-strecha-vyhled.jpg\" alt=\"Kil\u00e1t\u00e1s Barcelona \u00f3v\u00e1ros\u00e1nak tet\u0151ire a tet\u0151teraszr\u00f3l\" class=\"wp-image-376351\" title=\"\" srcset=\"https:\/\/loudavymkrokem.cz\/wp-content\/uploads\/2026\/08\/barcelona-strecha-vyhled.jpg 2000w, https:\/\/loudavymkrokem.cz\/wp-content\/uploads\/2026\/08\/barcelona-strecha-vyhled-300x200.jpg 300w, https:\/\/loudavymkrokem.cz\/wp-content\/uploads\/2026\/08\/barcelona-strecha-vyhled-700x467.jpg 700w, https:\/\/loudavymkrokem.cz\/wp-content\/uploads\/2026\/08\/barcelona-strecha-vyhled-768x512.jpg 768w, https:\/\/loudavymkrokem.cz\/wp-content\/uploads\/2026\/08\/barcelona-strecha-vyhled-1536x1024.jpg 1536w, https:\/\/loudavymkrokem.cz\/wp-content\/uploads\/2026\/08\/barcelona-strecha-vyhled-696x464.jpg 696w, https:\/\/loudavymkrokem.cz\/wp-content\/uploads\/2026\/08\/barcelona-strecha-vyhled-1392x928.jpg 1392w, https:\/\/loudavymkrokem.cz\/wp-content\/uploads\/2026\/08\/barcelona-strecha-vyhled-1920x1280.jpg 1920w\" sizes=\"(max-width: 2000px) 100vw, 2000px\" \/><button\n\t\t\tclass=\"lightbox-trigger\"\n\t\t\ttype=\"button\"\n\t\t\taria-haspopup=\"dialog\"\n\t\t\tdata-wp-bind--aria-label=\"state.thisImage.triggerButtonAriaLabel\"\n\t\t\tdata-wp-init=\"callbacks.initTriggerButton\"\n\t\t\tdata-wp-on--click=\"actions.showLightbox\"\n\t\t\tdata-wp-style--right=\"state.thisImage.buttonRight\"\n\t\t\tdata-wp-style--top=\"state.thisImage.buttonTop\"\n\t\t>\n\t\t\t<svg xmlns=\"http:\/\/www.w3.org\/2000\/svg\" width=\"12\" height=\"12\" fill=\"none\" viewBox=\"0 0 12 12\">\n\t\t\t\t<path fill=\"#fff\" d=\"M2 0a2 2 0 0 0-2 2v2h1.5V2a.5.5 0 0 1 .5-.5h2V0H2Zm2 10.5H2a.5.5 0 0 1-.5-.5V8H0v2a2 2 0 0 0 2 2h2v-1.5ZM8 12v-1.5h2a.5.5 0 0 0 .5-.5V8H12v2a2 2 0 0 1-2 2H8Zm2-12a2 2 0 0 1 2 2v2h-1.5V2a.5.5 0 0 0-.5-.5H8V0h2Z\" \/>\n\t\t\t<\/svg>\n\t\t<\/button><\/figure>\n\n\n\n<h3 class=\"wp-block-heading\"><span class=\"ez-toc-section\" id=\"6_Az_alrepter_Girona_es_Reus\"><\/span>6. Az \u00e1lrept\u00e9r: Girona \u00e9s Reus<span class=\"ez-toc-section-end\"><\/span><\/h3>\n\n\n\n<p class=\"wp-block-paragraph\">Hossz\u00fa \u00e9veken \u00e1t \u00e9rv\u00e9nyes volt egy nagyon alattomos szab\u00e1ly, hogy a \u201eBarcelona&#8221; felirattal ell\u00e1tott legolcs\u00f3bb rep\u00fcl\u0151jegyek val\u00f3j\u00e1ban egy\u00e1ltal\u00e1n nem Barcelon\u00e1ba vittek. A fapadosok ugyanis nagyon szeretik haszn\u00e1lni <strong>a gironai\u2013Costa Brava rep\u00fcl\u0151teret \u00e9szakon \u00e9s a reusi rep\u00fcl\u0151teret d\u00e9len<\/strong>, mindkett\u0151 nagyj\u00e1b\u00f3l sz\u00e1z kilom\u00e9terre fekszik mag\u00e1t\u00f3l a katal\u00e1n f\u0151v\u00e1rost\u00f3l, \u00e9s tov\u00e1bbi k\u00f6zleked\u00e9st ig\u00e9nyel.<\/p>\n\n\n\n<p class=\"wp-block-paragraph\">A 2026-os alapvet\u0151 figyelmeztet\u00e9s abban \u00e1ll, hogy <strong>a k\u00f6zvetlen j\u00e1ratok Budapestr\u0151l Giron\u00e1ba vagy Reusba a ny\u00e1ri menetrendekben egy\u00e1ltal\u00e1n nem jelennek meg<\/strong>. A keres\u0151k, mint a Kiwi, mutathatnak ugyan j\u00e1ratokat 90\u2013135 doll\u00e1ros \u00e1rakt\u00f3l, de ha r\u00e1kattintasz, kider\u00fcl, hogy mindig nagyon hosszadalmas, \u00e1tsz\u00e1ll\u00e1sos j\u00e1ratokr\u00f3l van sz\u00f3, amelyeknek egy r\u00f6vid nyaral\u00e1sn\u00e1l semmi \u00e9rtelme.<\/p>\n\n\n\n<p class=\"wp-block-paragraph\">\u00c9s ha tal\u00e1lsz is egy ilyen j\u00e1ratot egy m\u00e1sik v\u00e1roson kereszt\u00fcl, j\u00f3l sz\u00e1mold ki el\u0151re a brut\u00e1lis transzfercsapd\u00e1t. A Sagal\u00e9s t\u00e1rsas\u00e1g 604-es busza Giron\u00e1b\u00f3l az Estaci\u00f3 del Nord p\u00e1lyaudvarra <strong>22 \u20ac-ba (kb. 8300 Ft) ker\u00fcl egy ir\u00e1nyba<\/strong>, \u00e9s az \u00fat t\u00f6bb mint m\u00e1sf\u00e9l \u00f3ra. Reusb\u00f3l pedig a Hispano Igualadina j\u00e1r t\u00e1j\u00e9koztat\u00f3 15 \u20ac-\u00e9rt egy ir\u00e1nyba, az \u00fat pedig egy \u00f3ra h\u00fasz percre h\u00faz\u00f3dik. Ezek a buszok ugyan megv\u00e1rj\u00e1k az \u00e9rkez\u00e9seket, de a visszafel\u00e9 \u00faton magadnak kell gondosan figyelned a j\u00e1ratot.<\/p>\n\n\n\n<p class=\"wp-block-paragraph\">\ud83d\udca1 Tipp: Ezek a t\u00e1voli repterek csak akkor nyernek logikus \u00e9rtelmet, ha <strong>a nyaral\u00e1sod els\u0151sorban a Costa Brava strandjaira vagy a PortAventura vid\u00e1mparkba tart<\/strong>, egy\u00e9bk\u00e9nt nagy \u00edvben ker\u00fcld el \u0151ket.<\/p>\n\n\n\n<figure data-wp-context=\"{&quot;imageId&quot;:&quot;6a9530b45c0b2&quot;}\" data-wp-interactive=\"core\/image\" data-wp-key=\"6a9530b45c0b2\" class=\"wp-block-image size-full wp-lightbox-container\"><img decoding=\"async\" width=\"1600\" height=\"1065\" data-wp-class--hide=\"state.isContentHidden\" data-wp-class--show=\"state.isContentVisible\" data-wp-init=\"callbacks.setButtonStyles\" data-wp-on--click=\"actions.showLightbox\" data-wp-on--load=\"callbacks.setButtonStyles\" data-wp-on--pointerdown=\"actions.preloadImage\" data-wp-on--pointerenter=\"actions.preloadImageWithDelay\" data-wp-on--pointerleave=\"actions.cancelPreload\" data-wp-on-window--resize=\"callbacks.setButtonStyles\" src=\"https:\/\/loudavymkrokem.cz\/wp-content\/uploads\/2026\/08\/barcelona-den-1-a-2-to-nejdulezitejsi-z-metrop-px.jpg\" alt=\"A barcelonai metr\u00f3 peronja\" class=\"wp-image-376542\" title=\"\" srcset=\"https:\/\/loudavymkrokem.cz\/wp-content\/uploads\/2026\/08\/barcelona-den-1-a-2-to-nejdulezitejsi-z-metrop-px.jpg 1600w, https:\/\/loudavymkrokem.cz\/wp-content\/uploads\/2026\/08\/barcelona-den-1-a-2-to-nejdulezitejsi-z-metrop-px-300x200.jpg 300w, https:\/\/loudavymkrokem.cz\/wp-content\/uploads\/2026\/08\/barcelona-den-1-a-2-to-nejdulezitejsi-z-metrop-px-700x466.jpg 700w, https:\/\/loudavymkrokem.cz\/wp-content\/uploads\/2026\/08\/barcelona-den-1-a-2-to-nejdulezitejsi-z-metrop-px-768x511.jpg 768w, https:\/\/loudavymkrokem.cz\/wp-content\/uploads\/2026\/08\/barcelona-den-1-a-2-to-nejdulezitejsi-z-metrop-px-1536x1022.jpg 1536w, https:\/\/loudavymkrokem.cz\/wp-content\/uploads\/2026\/08\/barcelona-den-1-a-2-to-nejdulezitejsi-z-metrop-px-696x463.jpg 696w, https:\/\/loudavymkrokem.cz\/wp-content\/uploads\/2026\/08\/barcelona-den-1-a-2-to-nejdulezitejsi-z-metrop-px-1392x927.jpg 1392w\" sizes=\"(max-width: 1600px) 100vw, 1600px\" \/><button\n\t\t\tclass=\"lightbox-trigger\"\n\t\t\ttype=\"button\"\n\t\t\taria-haspopup=\"dialog\"\n\t\t\tdata-wp-bind--aria-label=\"state.thisImage.triggerButtonAriaLabel\"\n\t\t\tdata-wp-init=\"callbacks.initTriggerButton\"\n\t\t\tdata-wp-on--click=\"actions.showLightbox\"\n\t\t\tdata-wp-style--right=\"state.thisImage.buttonRight\"\n\t\t\tdata-wp-style--top=\"state.thisImage.buttonTop\"\n\t\t>\n\t\t\t<svg xmlns=\"http:\/\/www.w3.org\/2000\/svg\" width=\"12\" height=\"12\" fill=\"none\" viewBox=\"0 0 12 12\">\n\t\t\t\t<path fill=\"#fff\" d=\"M2 0a2 2 0 0 0-2 2v2h1.5V2a.5.5 0 0 1 .5-.5h2V0H2Zm2 10.5H2a.5.5 0 0 1-.5-.5V8H0v2a2 2 0 0 0 2 2h2v-1.5ZM8 12v-1.5h2a.5.5 0 0 0 .5-.5V8H12v2a2 2 0 0 1-2 2H8Zm2-12a2 2 0 0 1 2 2v2h-1.5V2a.5.5 0 0 0-.5-.5H8V0h2Z\" \/>\n\t\t\t<\/svg>\n\t\t<\/button><\/figure>\n\n\n\n<!-- LKM_GYG_CARD start q=\"letenky barcelona\" lang=\"hu\" rendered=\"2026-08-31T06:12:03+00:00\" v=\"1\" -->\n<style id=\"lk-gyg-styles\">\n@import url(\"https:\/\/fonts.googleapis.com\/css2?family=Playfair+Display:wght@700&family=DM+Sans:wght@300;400;500;600&display=swap\");\n\/* === LK GYG karty \u2014 CRO redesign 2026-05 (namespace .lkx-) ===\n   C\u00edl: vy\u0161\u0161\u00ed CTR (hero + v\u00fdrazn\u00fd social proof + ak\u010dn\u00ed CTA, m\u00e9n\u011b \"reklamn\u00ed\").\n   Injektuje se inline do prvn\u00edho markeru postu (refresh_cards.py --inline-css). *\/\n.lkx-module, .lkx-module *{box-sizing:border-box;margin:0;padding:0}\n.lkx-module{\n  font-family:'DM Sans',-apple-system,Segoe UI,Roboto,Georgia,sans-serif;\n  max-width:860px;margin:2.5rem auto;color:#1f2328;\n}\n\n\/* HEADER \u2014 lehk\u00fd editorsk\u00fd, \u017e\u00e1dn\u00fd bannerov\u00fd blok; nadpis + popisek pod n\u00edm *\/\n.lkx-head{margin-bottom:16px}\n.lkx-head-main{display:flex;align-items:center;gap:10px}\n.lkx-head-accent{width:26px;height:3px;border-radius:2px;background:#c39f76;flex-shrink:0}\n.lkx-head-title{font-family:'Playfair Display',Georgia,serif;font-size:21px;font-weight:700;color:#1a1a1a;line-height:1.25}\n.lkx-head-meta{display:block;font-size:11px;letter-spacing:.3px;color:#9aa0a6;margin-top:4px;margin-left:36px}\n\n\/* HERO *\/\n.lkx-hero{display:grid;grid-template-columns:300px 1fr;background:#fff;border:1px solid #ece7df;border-radius:14px;overflow:hidden;text-decoration:none!important;color:inherit;box-shadow:0 6px 20px rgba(0,0,0,.06);transition:box-shadow .2s,transform .2s;margin-bottom:14px}\n.lkx-hero:hover{box-shadow:0 12px 30px rgba(0,0,0,.12);transform:translateY(-2px)}\n.lkx-hero-img{position:relative;min-height:230px;background-size:cover;background-position:center;background-color:#eee}\n.lkx-hero-body{padding:22px 24px;display:flex;flex-direction:column}\n.lkx-pick{position:absolute;top:12px;left:12px;background:#1a1a1a;color:#fff;font-size:11px;font-weight:700;letter-spacing:.5px;padding:5px 11px;border-radius:20px}\n\n\/* TITLE *\/\n.lkx-title{font-size:19px;font-weight:700;color:#161616;line-height:1.3}\n.lkx-title-sm{font-size:14.5px;line-height:1.35;display:-webkit-box;-webkit-line-clamp:2;-webkit-box-orient:vertical;overflow:hidden}\n\n\/* SOCIAL PROOF \u2014 v\u00fdrazn\u011b, naho\u0159e *\/\n.lkx-proof{display:flex;align-items:center;gap:7px;margin-top:12px;font-size:15px;color:#3a3a3a}\n.lkx-proof b{font-size:16px;color:#161616}\n.lkx-stars{color:#f5a623;letter-spacing:1px}\n.lkx-proof-sm{font-size:12.5px;margin-top:8px;gap:5px}\n.lkx-proof-sm b{font-size:13px}\n.lkx-proof-new{color:#3685fc;font-weight:600}\n\n\/* PRICE \u2014 n\u00edzk\u00e1 kotva *\/\n.lkx-price{font-size:14px;color:#6b7280}\n.lkx-price b{font-size:20px;color:#161616;font-weight:700}\n.lkx-price-sm b{font-size:15px}\n\n\/* CTA \u2014 tepl\u00e9 ak\u010dn\u00ed tla\u010d\u00edtko *\/\n.lkx-cta{display:inline-flex;align-items:center;justify-content:center;text-decoration:none!important;font-weight:700;color:#fff!important;background:linear-gradient(135deg,#f6743f,#e8552a);border-radius:10px;box-shadow:0 6px 16px rgba(232,85,42,.32);transition:box-shadow .2s}\n.lkx-cta-hero{font-size:15px;padding:13px 22px}\n.lkx-hero:hover .lkx-cta-hero{box-shadow:0 8px 22px rgba(232,85,42,.45)}\n.lkx-cta-sm{font-size:12.5px;padding:9px 14px;width:100%;margin-top:2px}\n.lkx-hero-bottom{margin-top:auto;padding-top:18px;display:flex;align-items:center;justify-content:space-between;gap:14px;flex-wrap:wrap}\n\n\/* BADGE \u2014 jeden v\u00fdrazn\u00fd na fotce *\/\n.lkx-badge{position:absolute;top:12px;right:12px;font-size:10.5px;font-weight:700;letter-spacing:.3px;padding:5px 10px;border-radius:16px;color:#fff}\n.lkx-badge.badge-urgency{background:rgba(214,40,40,.92)}\n.lkx-badge.badge-new{background:rgba(54,133,252,.92)}\n.lkx-badge.badge-top{background:rgba(195,159,118,.95)}\n.lkx-badge.badge-info{background:rgba(40,40,40,.78)}\n\n\/* SECONDARY GRID *\/\n.lkx-grid{display:grid;grid-template-columns:1fr 1fr;gap:14px}\n.lkx-card{background:#fff;border:1px solid #ece7df;border-radius:14px;overflow:hidden;text-decoration:none!important;color:inherit;box-shadow:0 4px 14px rgba(0,0,0,.05);display:flex;flex-direction:column;transition:box-shadow .2s,transform .2s}\n.lkx-card:hover{box-shadow:0 10px 24px rgba(0,0,0,.1);transform:translateY(-2px)}\n.lkx-card-img{position:relative;aspect-ratio:16\/10;background-size:cover;background-position:center;background-color:#eee}\n.lkx-card-body{padding:14px 16px 16px;display:flex;flex-direction:column;gap:7px;flex:1}\n.lkx-card-bottom{margin-top:auto;padding-top:10px;display:flex;align-items:center;justify-content:space-between;gap:8px}\n\n\/* DISCLOSURE \u2014 drobn\u00e1, kv\u016fli d\u016fv\u011b\u0159e\/z\u00e1konu *\/\n.lkx-disclosure{font-size:11px;color:#a7adb3;text-align:center;margin-top:14px;line-height:1.6}\n.lkx-disclosure a{color:#c39f76;text-decoration:none}\n\n@media(max-width:680px){\n  .lkx-hero{grid-template-columns:1fr}\n  .lkx-hero-img{min-height:180px}\n  .lkx-grid{grid-template-columns:1fr}\n  .lkx-head-meta{margin-left:0;width:100%}\n  .lkx-head-title{font-size:19px}\n}\n\n<\/style>\n<div class=\"lkx-module\" data-query=\"letenky barcelona\">\n  <div class=\"lkx-head\">\n    <div class=\"lkx-head-main\">\n      <span class=\"lkx-head-accent\"><\/span>\n      <span class=\"lkx-head-title\">\u00c9lm\u00e9nyek \u00e9s bel\u00e9p\u0151jegyek<\/span>\n    <\/div>\n    <span class=\"lkx-head-meta\">utaz\u00f3k \u00e1ltal \u00e9rt\u00e9kelve \u00b7 GetYourGuide<\/span>\n  <\/div><a class=\"lkx-hero\" href=\"https:\/\/www.getyourguide.com\/hu-hu\/barcelona-l45\/hola-bcn-barcelona-utazasi-kartya-t50000\/?partner_id=MKZ64IS&amp;utm_medium=online_publisher&amp;cmp=barcelona-spanyolorszag-utazas\" target=\"_blank\" rel=\"sponsored noopener nofollow\">\n    <div class=\"lkx-hero-img\" style=\"background-image:url('https:\/\/cdn.getyourguide.com\/img\/tour\/88b8b216ab478b32.jpeg\/132.jpg')\" role=\"img\" aria-label=\"Barcelona: Hola Barcelona t\u00f6megk\u00f6zleked\u00e9si utaz\u00e1si k\u00e1rtya\">\n      <span class=\"lkx-pick\">\u2605 A mi tipp\u00fcnk<\/span><\/div>\n    <div class=\"lkx-hero-body\">\n      <div class=\"lkx-title\">Barcelona: Hola Barcelona t\u00f6megk\u00f6zleked\u00e9si utaz\u00e1si k\u00e1rtya<\/div>\n      <div class=\"lkx-proof\">\n      <span class=\"lkx-stars\">\u2605\u2605\u2605\u2605\u2605<\/span>\n      <b>4.5<\/b> \u00b7 22 187 \u00e9rt\u00e9kel\u00e9s\n    <\/div>\n      <div class=\"lkx-hero-bottom\"><div class=\"lkx-price\">m\u00e1r <b>19\u00a0EUR<\/b><\/div><span class=\"lkx-cta lkx-cta-hero\">Ezt az \u00e9lm\u00e9nyt akarom \u2192<\/span>\n      <\/div>\n    <\/div>\n  <\/a><div class=\"lkx-grid\"><a class=\"lkx-card\" href=\"https:\/\/www.getyourguide.com\/hu-hu\/barcelona-l45\/sagrada-familia-elsobbsegi-jegy-t50027\/?partner_id=MKZ64IS&amp;utm_medium=online_publisher&amp;cmp=barcelona-spanyolorszag-utazas\" target=\"_blank\" rel=\"sponsored noopener nofollow\">\n      <div class=\"lkx-card-img\" style=\"background-image:url('https:\/\/cdn.getyourguide.com\/img\/tour\/62bacf6a87bba.jpeg\/132.jpg')\" role=\"img\" aria-label=\"Barcelona: Sagrada Familia bel\u00e9p\u0151jegy hangos idegenvezet\u00e9ssel\"><\/div>\n      <div class=\"lkx-card-body\">\n        <div class=\"lkx-title lkx-title-sm\">Barcelona: Sagrada Familia bel\u00e9p\u0151jegy hangos idegenvezet\u00e9ssel<\/div>\n        <div class=\"lkx-proof lkx-proof-sm\">\n      <span class=\"lkx-stars\">\u2605<\/span>\n      <b>4.6<\/b> \u00b7 117 939\n    <\/div>\n        <div class=\"lkx-card-bottom\"><span class=\"lkx-price lkx-price-sm\">m\u00e1r <b>34\u00a0EUR<\/b><\/span><span class=\"lkx-cta lkx-cta-sm\">Id\u0151pontok megtekint\u00e9se \u2192<\/span>\n        <\/div>\n      <\/div>\n    <\/a><a class=\"lkx-card\" href=\"https:\/\/www.getyourguide.com\/hu-hu\/barcelona-l45\/barcelona-privat-tura-a-spanyol-polgarhaboru-tortenelmerol-barcelonaban-t1456670\/?partner_id=MKZ64IS&amp;utm_medium=online_publisher&amp;cmp=barcelona-spanyolorszag-utazas\" target=\"_blank\" rel=\"sponsored noopener nofollow\">\n      <div class=\"lkx-card-img\" style=\"background-image:url('https:\/\/cdn.getyourguide.com\/img\/tour\/84bf4bf323d86bfa6d1f5bccf7ca15397beea40fd7650c7ff820b776b8746b57.png\/132.jpg')\" role=\"img\" aria-label=\"Barcelona: priv\u00e1t t\u00fara a spanyol polg\u00e1rh\u00e1bor\u00fa t\u00f6rt\u00e9nelm\u00e9r\u0151l Barcelon\u00e1ban\"><\/div>\n      <div class=\"lkx-card-body\">\n        <div class=\"lkx-title lkx-title-sm\">Barcelona: priv\u00e1t t\u00fara a spanyol polg\u00e1rh\u00e1bor\u00fa t\u00f6rt\u00e9nelm\u00e9r\u0151l Barcelon\u00e1ban<\/div>\n        <div class=\"lkx-proof lkx-proof-sm\">\n      <span class=\"lkx-stars\">\u2605<\/span>\n      <b>0.0<\/b> \u00b7 0\n    <\/div>\n        <div class=\"lkx-card-bottom\"><span class=\"lkx-price lkx-price-sm\">m\u00e1r <b>311\u00a0EUR<\/b><\/span><span class=\"lkx-cta lkx-cta-sm\">Id\u0151pontok megtekint\u00e9se \u2192<\/span>\n        <\/div>\n      <\/div>\n    <\/a><\/div><div class=\"lkx-disclosure\">\ud83d\udd17 A linkek partnerlinkek \u2014 az \u00e1rat nem v\u00e1ltoztatj\u00e1k, nek\u00fcnk viszont seg\u00edtenek a tartalomk\u00e9sz\u00edt\u00e9sben. \u00b7 <a href=\"https:\/\/www.getyourguide.com\/hu-hu\/s\/?q=letenky+barcelona&amp;partner_id=MKZ64IS&amp;utm_medium=online_publisher\" target=\"_blank\" rel=\"sponsored noopener nofollow\">\u00d6sszes \u00e9lm\u00e9ny \u2192<\/a><\/div>\n<\/div>\n<!-- LKM_GYG_CARD end -->\n\n\n\n\n<div class=\"lk-stays-module\">\n<style>\n\/* \u2500\u2500\u2500 RESET PRO GUTENBERG \u2500\u2500\u2500 *\/\n.lk-stays-module * { box-sizing: border-box; margin: 0; padding: 0; }\n\n\/* \u2500\u2500\u2500 WRAPPER \u2500\u2500\u2500 *\/\n.lk-stays-module {\n  font-family: 'DM Sans', Georgia, sans-serif;\n  max-width: 100%;\n  margin: 2.5rem auto;\n  background: linear-gradient(135deg, #fdfaf5 0%, #fcf8f0 100%);\n  border: 1px solid #e8dfd4;\n  border-radius: 16px;\n  overflow: hidden;\n  box-shadow: 0 16px 48px rgba(195, 159, 118, 0.25), 0 4px 12px rgba(0,0,0,0.08);\n}\n\n\/* \u2500\u2500\u2500 HEADER \u2500\u2500\u2500 *\/\n.lk-stays-header {\n  position: relative;\n  padding: 24px 36px 24px;\n  background: linear-gradient(135deg, #c39f76 0%, #d4b188 60%, #c39f76 100%);\n  border-bottom: 1px solid rgba(255,255,255,.15);\n  display: flex;\n  align-items: center;\n  gap: 18px;\n}\n.lk-stays-header::before {\n  content: '';\n  position: absolute;\n  inset: 0;\n  background: url(\"data:image\/svg+xml,%3Csvg width='60' height='60' viewBox='0 0 60 60' xmlns='http:\/\/www.w3.org\/2000\/svg'%3E%3Cg fill='none' fill-rule='evenodd'%3E%3Cg fill='%23ffffff' fill-opacity='0.05'%3E%3Cpath d='M36 34v-4h-2v4h-4v2h4v4h2v-4h4v-2h-4zm0-30V0h-2v4h-4v2h4v4h2V6h4V4h-4zM6 34v-4H4v4H0v2h4v4h2v-4h4v-2H6zM6 4V0H4v4H0v2h4v4h2V6h4V4H6z'\/%3E%3C\/g%3E%3C\/g%3E%3C\/svg%3E\") repeat;\n  pointer-events: none;\n}\n.lk-stays-icon {\n  flex-shrink: 0;\n  width: 68px;\n  height: 68px;\n  border-radius: 14px;\n  background: linear-gradient(135deg, #fff 0%, #f9f6f0 100%);\n  display: flex;\n  align-items: center;\n  justify-content: center;\n  font-size: 26px;\n  box-shadow: 0 4px 12px rgba(0,0,0,0.15);\n}\n.lk-stays-eyebrow {\n  font-size: 10px;\n  font-weight: 500;\n  letter-spacing: 2.5px;\n  text-transform: uppercase;\n  color: rgba(255,255,255,.85);\n  margin: 0 0 5px 0;\n}\n.lk-stays-title {\n  font-family: 'Playfair Display', Georgia, serif;\n  font-size: 24px;\n  font-weight: 700;\n  color: #fff;\n  line-height: 1.2;\n  text-shadow: 0 1px 2px rgba(0,0,0,0.1);\n  margin: 0;\n}\n.lk-stays-subtitle {\n  font-size: 13px;\n  color: rgba(255,255,255,.75);\n  margin: 4px 0 0 0;\n  font-weight: 300;\n}\n\n\/* \u2500\u2500\u2500 CARDS GRID \u2500\u2500\u2500 *\/\n.lk-stays-grid {\n  display: grid;\n  grid-template-columns: 1fr 1fr;\n  gap: 1px;\n  background: rgba(195, 159, 118, 0.12);\n}\n\n\/* \u2500\u2500\u2500 SINGLE CARD \u2500\u2500\u2500 *\/\n.lk-stay-card {\n  background: #ffffff;\n  padding: 26px;\n  display: flex;\n  flex-direction: column;\n  gap: 11px;\n  transition: all 0.3s ease;\n  text-decoration: none;\n  color: inherit;\n  position: relative;\n}\n.lk-stay-card:hover {\n  background: #fffbf5;\n  transform: translateY(-2px);\n  box-shadow: 0 8px 24px rgba(195, 159, 118, 0.18);\n  z-index: 1;\n}\n.lk-stay-card.featured {\n  background: linear-gradient(135deg, #fffdf9 0%, #fff9f0 100%);\n  box-shadow: 0 4px 16px rgba(195, 159, 118, 0.15), inset 0 1px 0 rgba(195, 159, 118, 0.1);\n}\n.lk-stay-card.featured:hover {\n  background: linear-gradient(135deg, #fffbf5 0%, #fff8ed 100%);\n  box-shadow: 0 8px 24px rgba(195, 159, 118, 0.25), inset 0 1px 0 rgba(195, 159, 118, 0.15);\n}\n\n.lk-stay-badge {\n  display: inline-flex;\n  align-items: center;\n  gap: 5px;\n  font-size: 10px;\n  font-weight: 500;\n  letter-spacing: 1.5px;\n  text-transform: uppercase;\n  padding: 5px 11px;\n  border-radius: 20px;\n  width: fit-content;\n}\n.badge-top     { background: linear-gradient(135deg, #c39f76 0%, #d4b188 100%); color: #fff; border: 1px solid #c39f76; font-weight: 600; box-shadow: 0 2px 8px rgba(195,159,118,0.3); }\n.badge-luxury  { background: rgba(195,159,118,.12); color: #c39f76; border: 1px solid rgba(195,159,118,.25); }\n.badge-boutique{ background: rgba(54,133,252,.08); color: #3685fc; border: 1px solid rgba(54,133,252,.2); }\n.badge-nature  { background: rgba(130,190,100,.1); color: #6b9c4a; border: 1px solid rgba(130,190,100,.2); }\n.badge-remote  { background: rgba(195,159,118,.12); color: #a67e50; border: 1px solid rgba(195,159,118,.25); }\n\n.lk-stay-name {\n  font-family: 'Playfair Display', Georgia, serif;\n  font-size: 18px;\n  font-weight: 700;\n  color: #111827;\n  line-height: 1.3;\n}\n.lk-stay-desc {\n  font-size: 13.5px;\n  color: #525252;\n  line-height: 1.65;\n  font-weight: 300;\n  flex: 1;\n}\n\n.lk-stay-meta {\n  display: flex;\n  align-items: center;\n  gap: 12px;\n  flex-wrap: wrap;\n  margin-top: 4px;\n}\n.lk-stay-price {\n  font-size: 13px;\n  color: #6b7280;\n}\n.lk-stay-price strong {\n  color: #c39f76;\n  font-weight: 500;\n}\n.lk-stay-stars {\n  color: #c39f76;\n  font-size: 11px;\n  letter-spacing: 1px;\n}\n\n\/* \u2500\u2500\u2500 CTA BUTTON \u2500\u2500\u2500 *\/\n.lk-stay-cta {\n  display: inline-flex;\n  align-items: center;\n  justify-content: center;\n  gap: 7px;\n  margin-top: 8px;\n  padding: 11px 20px;\n  border-radius: 8px;\n  background: linear-gradient(135deg, #3685fc 0%, #2a6fd9 100%);\n  color: #fff;\n  font-size: 13px;\n  font-weight: 500;\n  text-decoration: none;\n  letter-spacing: .3px;\n  transition: all .2s ease;\n  cursor: pointer;\n  border: none;\n  text-align: center;\n  box-shadow: 0 4px 12px rgba(54, 133, 252, 0.25);\n}\n.lk-stay-cta:hover {\n  background: linear-gradient(135deg, #2a6fd9 0%, #1e5bc4 100%);\n  transform: translateY(-1px);\n  box-shadow: 0 6px 16px rgba(54, 133, 252, 0.35);\n}\n.lk-stay-cta svg { flex-shrink: 0; }\n\n\/* \u2500\u2500\u2500 FOOTER \u2500\u2500\u2500 *\/\n.lk-stays-footer {\n  padding: 18px 36px;\n  background: linear-gradient(to bottom, #fdfaf5 0%, #f9f4ed 100%);\n  border-top: 1px solid rgba(195, 159, 118, 0.15);\n  display: flex;\n  align-items: center;\n  justify-content: space-between;\n  flex-wrap: wrap;\n  gap: 12px;\n}\n.lk-stays-footer-note {\n  font-size: 11.5px;\n  color: #6b7280;\n  font-weight: 300;\n  line-height: 1.5;\n}\n.lk-stays-footer-note a {\n  color: #c39f76;\n  text-decoration: none;\n  font-weight: 400;\n}\n.lk-stays-footer-note a:hover {\n  text-decoration: underline;\n}\n.lk-stays-all-btn {\n  display: inline-flex;\n  align-items: center;\n  gap: 6px;\n  font-size: 12.5px;\n  font-weight: 500;\n  color: #c39f76;\n  text-decoration: none;\n  border: 1px solid rgba(195, 159, 118, 0.35);\n  padding: 8px 18px;\n  border-radius: 8px;\n  transition: all .2s ease;\n}\n.lk-stays-all-btn:hover {\n  background: rgba(195, 159, 118, 0.08);\n  border-color: rgba(195, 159, 118, 0.5);\n}\n\n\/* \u2500\u2500\u2500 RESPONSIVE \u2500\u2500\u2500 *\/\n@media (max-width: 600px) {\n  .lk-stays-grid { grid-template-columns: 1fr; }\n  .lk-stays-header { padding: 24px 20px; }\n  .lk-stays-footer { padding: 16px 20px; }\n  .lk-stay-card { padding: 22px; }\n  .lk-stays-title { font-size: 20px; }\n}\n<\/style>\n\n  <!-- HEADER -->\n  <div class=\"lk-stays-header\">\n    <img decoding=\"async\" src=\"https:\/\/loudavymkrokem.cz\/wp-content\/uploads\/2026\/02\/lukas-a-lucka.jpg\" alt=\"\" style=\"width: 75px; height: 75px; border-radius: 8px; flex-shrink: 0; object-fit: cover; display: block; margin: 4px 0;\" title=\"\">\n    <div class=\"lk-stays-header-text\">\n      <div class=\"lk-stays-eyebrow\">Luk\u00e1\u0161 \u00e9s Lucie aj\u00e1nlj\u00e1k<\/div>\n      <div class=\"lk-stays-title\">Hol sz\u00e1lljon meg Barcelon\u00e1ban<\/div>\n      <div class=\"lk-stays-subtitle\">6 sz\u00e1ll\u00e1shely \u2014 sz\u00e1llod\u00e1k, wellness sz\u00e1llod\u00e1k \u00e9s egy\u00e9b sz\u00e1ll\u00e1slehet\u0151s\u00e9gek<\/div>\n    <\/div>\n  <\/div>\n\n  <!-- CARDS -->\n  <div class=\"lk-stays-grid\">\n\n    <a class=\"lk-stay-card featured\" href=\"https:\/\/www.stay22.com\/allez\/roam?aid=lukaskonecny&#038;campaign=loudavymkrokemcz&#038;campaign=hu&#038;campaign=letenkydobarcelony&#038;address=Barcelona&#038;hotelname=Hotel+Gaud%C3%AD&#038;search=Hotel+Gaud%C3%AD&#038;category=accommodation\" target=\"_blank\" rel=\"nofollow noopener\">\n      <span class=\"lk-stay-badge badge-top\">\u2b50 TOP V\u00c1LASZT\u00c1S<\/span>\n      <span class=\"lk-stay-badge badge-nature\">\ud83c\udfe8 Hotel<\/span>\n      <div class=\"lk-stay-name\">Hotel Gaud\u00ed<\/div>\n      <div class=\"lk-stay-desc\">Strat\u00e9giai v\u00e1laszt\u00e1s, csak p\u00e1r l\u00e9p\u00e9sre a Palau G\u00fcell-t\u0151l \u00e9s a La Rambl\u00e1t\u00f3l. Tet\u0151terasz medenc\u00e9vel \u00e9s kil\u00e1t\u00e1ssal Gaud\u00ed k\u00e9m\u00e9nyeire.<\/div>\n      <div class=\"lk-stay-meta\">\n        <span class=\"lk-stay-stars\">\u2605\u2605\u2605\u2605<\/span>\n        <span class=\"lk-stay-price\">\u00c1rak ellen\u0151rz\u00e9se<\/span>\n      <\/div>\n      <span class=\"lk-stay-cta\">\n        <svg width=\"14\" height=\"14\" viewBox=\"0 0 24 24\" fill=\"none\" stroke=\"currentColor\" stroke-width=\"2\"><path d=\"M18 13v6a2 2 0 0 1-2 2H5a2 2 0 0 1-2-2V8a2 2 0 0 1 2-2h6\"\/><polyline points=\"15 3 21 3 21 9\"\/><line x1=\"10\" y1=\"14\" x2=\"21\" y2=\"3\"\/><\/svg>\n        Ellen\u0151rizd az el\u00e9rhet\u0151s\u00e9get\n      <\/span>\n    <\/a>\n\n    <a class=\"lk-stay-card\" href=\"https:\/\/www.stay22.com\/allez\/roam?aid=lukaskonecny&#038;campaign=loudavymkrokemcz&#038;campaign=hu&#038;campaign=letenkydobarcelony&#038;address=Barcelona&#038;hotelname=Hotel+Ayre+Rosell%C3%B3n&#038;search=Hotel+Ayre+Rosell%C3%B3n&#038;category=accommodation\" target=\"_blank\" rel=\"nofollow noopener\">\n      <span class=\"lk-stay-badge badge-nature\">\ud83c\udfe8 Hotel<\/span>\n      <div class=\"lk-stay-name\">Hotel Ayre Rosell\u00f3n<\/div>\n      <div class=\"lk-stay-desc\">L\u00e9legzetel\u00e1ll\u00edt\u00f3 kil\u00e1t\u00e1s k\u00f6zvetlen\u00fcl az \u00e9p\u00fcl\u0151 Sagrada Fam\u00edli\u00e1ra a tet\u0151b\u00e1rb\u00f3l. Vizu\u00e1lisan leny\u0171g\u00f6z\u0151 v\u00e1laszt\u00e1s.<\/div>\n      <div class=\"lk-stay-meta\">\n        <span class=\"lk-stay-stars\">\u2605\u2605\u2605\u2605<\/span>\n        <span class=\"lk-stay-price\">\u00c1rak ellen\u0151rz\u00e9se<\/span>\n      <\/div>\n      <span class=\"lk-stay-cta\">\n        <svg width=\"14\" height=\"14\" viewBox=\"0 0 24 24\" fill=\"none\" stroke=\"currentColor\" stroke-width=\"2\"><path d=\"M18 13v6a2 2 0 0 1-2 2H5a2 2 0 0 1-2-2V8a2 2 0 0 1 2-2h6\"\/><polyline points=\"15 3 21 3 21 9\"\/><line x1=\"10\" y1=\"14\" x2=\"21\" y2=\"3\"\/><\/svg>\n        Ellen\u0151rizd az el\u00e9rhet\u0151s\u00e9get\n      <\/span>\n    <\/a>\n\n    <a class=\"lk-stay-card\" href=\"https:\/\/www.stay22.com\/allez\/roam?aid=lukaskonecny&#038;campaign=loudavymkrokemcz&#038;campaign=hu&#038;campaign=letenkydobarcelony&#038;address=Barcelona&#038;hotelname=Motel+One+Barcelona-Ciutadella&#038;search=Motel+One+Barcelona-Ciutadella&#038;category=accommodation\" target=\"_blank\" rel=\"nofollow noopener\">\n      <span class=\"lk-stay-badge badge-nature\">\ud83c\udfe8 Hotel<\/span>\n      <div class=\"lk-stay-name\">Motel One Barcelona-Ciutadella<\/div>\n      <div class=\"lk-stay-desc\">Modern szob\u00e1k egy hatalmas park mellett, s\u00e9t\u00e1l\u00f3t\u00e1vols\u00e1gra a strandt\u00f3l. Nagyszer\u0171 v\u00e1laszt\u00e1s kisebb k\u00f6lts\u00e9gvet\u00e9sre.<\/div>\n      <div class=\"lk-stay-meta\">\n        <span class=\"lk-stay-stars\">\u2605\u2605\u2605\u2605<\/span>\n        <span class=\"lk-stay-price\">\u00c1rak ellen\u0151rz\u00e9se<\/span>\n      <\/div>\n      <span class=\"lk-stay-cta\">\n        <svg width=\"14\" height=\"14\" viewBox=\"0 0 24 24\" fill=\"none\" stroke=\"currentColor\" stroke-width=\"2\"><path d=\"M18 13v6a2 2 0 0 1-2 2H5a2 2 0 0 1-2-2V8a2 2 0 0 1 2-2h6\"\/><polyline points=\"15 3 21 3 21 9\"\/><line x1=\"10\" y1=\"14\" x2=\"21\" y2=\"3\"\/><\/svg>\n        Ellen\u0151rizd az el\u00e9rhet\u0151s\u00e9get\n      <\/span>\n    <\/a>\n\n    <a class=\"lk-stay-card\" href=\"https:\/\/www.stay22.com\/allez\/roam?aid=lukaskonecny&#038;campaign=loudavymkrokemcz&#038;campaign=hu&#038;campaign=letenkydobarcelony&#038;address=Barcelona&#038;hotelname=W+Barcelona&#038;search=W+Barcelona&#038;category=accommodation\" target=\"_blank\" rel=\"nofollow noopener\">\n      <span class=\"lk-stay-badge badge-nature\">\u2b50 Luxury<\/span>\n      <div class=\"lk-stay-name\">W Barcelona<\/div>\n      <div class=\"lk-stay-desc\">Ikonikus vitorla alak\u00fa \u00e9p\u00fclet, amely uralja a tengerpartot. Abszol\u00fat luxus, ahol a hull\u00e1mok z\u00fag\u00e1s\u00e1ra \u00e9bredhet.<\/div>\n      <div class=\"lk-stay-meta\">\n        <span class=\"lk-stay-stars\">\u2605\u2605\u2605\u2605<\/span>\n        <span class=\"lk-stay-price\">\u00c1rak ellen\u0151rz\u00e9se<\/span>\n      <\/div>\n      <span class=\"lk-stay-cta\">\n        <svg width=\"14\" height=\"14\" viewBox=\"0 0 24 24\" fill=\"none\" stroke=\"currentColor\" stroke-width=\"2\"><path d=\"M18 13v6a2 2 0 0 1-2 2H5a2 2 0 0 1-2-2V8a2 2 0 0 1 2-2h6\"\/><polyline points=\"15 3 21 3 21 9\"\/><line x1=\"10\" y1=\"14\" x2=\"21\" y2=\"3\"\/><\/svg>\n        Ellen\u0151rizd az el\u00e9rhet\u0151s\u00e9get\n      <\/span>\n    <\/a>\n\n    <a class=\"lk-stay-card\" href=\"https:\/\/www.stay22.com\/allez\/roam?aid=lukaskonecny&#038;campaign=loudavymkrokemcz&#038;campaign=hu&#038;campaign=letenkydobarcelony&#038;address=Barcelona&#038;hotelname=Hostel+One+Paralelo&#038;search=Hostel+One+Paralelo&#038;category=accommodation\" target=\"_blank\" rel=\"nofollow noopener\">\n      <span class=\"lk-stay-badge badge-nature\">\ud83c\udfe1 Hostel<\/span>\n      <div class=\"lk-stay-name\">Hostel One Paralelo<\/div>\n      <div class=\"lk-stay-desc\">Csod\u00e1latos bar\u00e1ti l\u00e9gk\u00f6r \u00e9s k\u00f6z\u00f6s est\u00e9k. Ide\u00e1lis h\u00e1tizs\u00e1kos turist\u00e1k \u00e9s egyed\u00fcl utaz\u00f3k sz\u00e1m\u00e1ra az \u00e9rt\u00e9kel\u00e9sek szerint.<\/div>\n      <div class=\"lk-stay-meta\">\n        <span class=\"lk-stay-stars\">\u2605\u2605\u2605\u2605<\/span>\n        <span class=\"lk-stay-price\">\u00c1rak ellen\u0151rz\u00e9se<\/span>\n      <\/div>\n      <span class=\"lk-stay-cta\">\n        <svg width=\"14\" height=\"14\" viewBox=\"0 0 24 24\" fill=\"none\" stroke=\"currentColor\" stroke-width=\"2\"><path d=\"M18 13v6a2 2 0 0 1-2 2H5a2 2 0 0 1-2-2V8a2 2 0 0 1 2-2h6\"\/><polyline points=\"15 3 21 3 21 9\"\/><line x1=\"10\" y1=\"14\" x2=\"21\" y2=\"3\"\/><\/svg>\n        Ellen\u0151rizd az el\u00e9rhet\u0151s\u00e9get\n      <\/span>\n    <\/a>\n\n    <a class=\"lk-stay-card\" href=\"https:\/\/www.stay22.com\/allez\/roam?aid=lukaskonecny&#038;campaign=loudavymkrokemcz&#038;campaign=hu&#038;campaign=letenkydobarcelony&#038;address=barcelona\" target=\"_blank\" rel=\"nofollow noopener\">\n      <span class=\"lk-stay-badge badge-nature\">\ud83d\udd0d Keres\u00e9s<\/span>\n      <div class=\"lk-stay-name\">Az \u00f6sszes barcelonai sz\u00e1ll\u00e1shely megtekint\u00e9se<\/div>\n      <div class=\"lk-stay-desc\">Fedezze fel az \u00f6sszes el\u00e9rhet\u0151 sz\u00e1ll\u00e1slehet\u0151s\u00e9get Barcelon\u00e1ban, \u00e9s tal\u00e1lja meg a legjobbat preferenci\u00e1i \u00e9s k\u00f6lts\u00e9gvet\u00e9se szerint.<\/div>\n      <div class=\"lk-stay-meta\">\n        <span class=\"lk-stay-stars\">\u2605\u2605\u2605\u2605<\/span>\n        <span class=\"lk-stay-price\">\u00c1rak \u00f6sszehasonl\u00edt\u00e1sa<\/span>\n      <\/div>\n      <span class=\"lk-stay-cta\">\n        <svg width=\"14\" height=\"14\" viewBox=\"0 0 24 24\" fill=\"none\" stroke=\"currentColor\" stroke-width=\"2\"><path d=\"M18 13v6a2 2 0 0 1-2 2H5a2 2 0 0 1-2-2V8a2 2 0 0 1 2-2h6\"\/><polyline points=\"15 3 21 3 21 9\"\/><line x1=\"10\" y1=\"14\" x2=\"21\" y2=\"3\"\/><\/svg>\n        Ellen\u0151rizd az el\u00e9rhet\u0151s\u00e9get\n      <\/span>\n    <\/a>\n\n  <\/div>\n\n  \n<\/div>\n\n\n\n\n<h3 class=\"wp-block-heading\"><span class=\"ez-toc-section\" id=\"7_Vonattal_Magyarorszagrol_varandosoknak_es_azoknak_akik_nem_repulnek\"><\/span>7. Vonattal Magyarorsz\u00e1gr\u00f3l: v\u00e1rand\u00f3soknak \u00e9s azoknak, akik nem rep\u00fclnek<span class=\"ez-toc-section-end\"><\/span><\/h3>\n\n\n\n<p class=\"wp-block-paragraph\">Ezt a leny\u0171g\u00f6z\u0151 t\u00e9m\u00e1t a szok\u00e1sos \u00fatik\u00f6nyvek teljesen figyelmen k\u00edv\u00fcl hagyj\u00e1k, pedig van egy hatalmas csoport utaz\u00f3, aki egyszer\u0171en nem tud vagy nem akar felh\u0151kbe emelkedni. Ennek oka nagyon gyakran a <strong>el\u0151rehaladott terhess\u00e9g, a rep\u00fcl\u00e9st\u0151l val\u00f3 p\u00e1nikszer\u0171 f\u00e9lelem vagy \u00e9ppen a nagyobb h\u00e1zi\u00e1llatokkal val\u00f3 utaz\u00e1s<\/strong>. Sz\u00e1mukra az eg\u00e9sz nyaral\u00e1s gyakran egy nagy \u00e9s kimer\u00edt\u0151 logisztikai fejt\u00f6r\u0151v\u00e9 v\u00e1lik.<\/p>\n\n\n\n<p class=\"wp-block-paragraph\">Az online utaz\u00f3i f\u00f3rumok remek betekint\u00e9st ny\u00fajtanak ebbe a probl\u00e9mak\u00f6rbe, ahol rendszeresen sz\u00f3 esik a gyakorlati tapasztalatokr\u00f3l. Egy felhaszn\u00e1l\u00f3, aki v\u00e1rand\u00f3san kellett megoldania az utat, \u00e9s szembes\u00fclt m\u00e1sok szkepszis\u00e9vel, v\u00e9g\u00fcl teljesen m\u0171k\u00f6d\u0151 megold\u00e1st tal\u00e1lt. A tapasztalata bizony\u00edtja, hogy <strong>k\u00e9nyelmesen eljutni a tengerhez s\u00edneken t\u00e9nyleg lehet<\/strong>, csak helyes tervez\u00e9s kell hozz\u00e1.<\/p>\n\n\n\n<p class=\"wp-block-paragraph\">Hogy n\u00e9z ki egy ilyen hosszadalmas \u00fat a val\u00f3s\u00e1gban? Nem egyhuzamban megoldhat\u00f3 dolog, ha nem akarod magad teljesen kif\u00e1rasztani. <strong>A leggyakoribb \u00fatvonal Budapestr\u0151l a n\u00e9metorsz\u00e1gi Frankfurt am Mainon \u00e1t vezet<\/strong>, ahonnan k\u00e9nyelmesen \u00e1tjutsz a franciaorsz\u00e1gi Strasbourgba. \u00c9ppen Strasbourg t\u00f6k\u00e9letes pont a nyugodt \u00e9jszak\u00e1z\u00e1shoz egy hotelben \u00e9s az er\u0151gy\u0171jt\u00e9shez.<\/p>\n\n\n\n<p class=\"wp-block-paragraph\">M\u00e1snap reggel egyszer\u0171en felsz\u00e1llsz a gyors francia vonatokra, amelyek <strong>Lyonon kereszt\u00fcl folyamatosan elvisznek eg\u00e9szen a barcelonai Sants f\u0151p\u00e1lyaudvarig<\/strong>. Ez a lass\u00fa utaz\u00e1s legtiszt\u00e1bb form\u00e1ja, amely ugyan t\u00f6bb id\u0151t ig\u00e9nyel, de gy\u00f6ny\u00f6r\u0171 t\u00e1jakra ny\u00edl\u00f3 kil\u00e1t\u00e1st \u00e9s minim\u00e1lis stresszt k\u00edn\u00e1l.<\/p>\n\n\n\n<p class=\"wp-block-paragraph\">\ud83d\udca1 Tipp: Az \u00f6sszes eur\u00f3pai vonatjegyet <strong>ide\u00e1lis esetben a n\u00e9met vagy francia vasutak hivatalos oldalain vedd meg<\/strong>, ahol a legkedvez\u0151bb korai jegyeket tal\u00e1lod a k\u00f6zvet\u00edt\u0151k \u00f3ri\u00e1si fel\u00e1rai n\u00e9lk\u00fcl.<\/p>\n\n\n\n<figure data-wp-context=\"{&quot;imageId&quot;:&quot;6a9530b45c997&quot;}\" data-wp-interactive=\"core\/image\" data-wp-key=\"6a9530b45c997\" class=\"wp-block-image size-full wp-lightbox-container\"><img decoding=\"async\" width=\"1600\" height=\"1067\" data-wp-class--hide=\"state.isContentHidden\" data-wp-class--show=\"state.isContentVisible\" data-wp-init=\"callbacks.setButtonStyles\" data-wp-on--click=\"actions.showLightbox\" data-wp-on--load=\"callbacks.setButtonStyles\" data-wp-on--pointerdown=\"actions.preloadImage\" data-wp-on--pointerenter=\"actions.preloadImageWithDelay\" data-wp-on--pointerleave=\"actions.cancelPreload\" data-wp-on-window--resize=\"callbacks.setButtonStyles\" src=\"https:\/\/loudavymkrokem.cz\/wp-content\/uploads\/2026\/08\/barcelona-sant-andreu-px.jpg\" alt=\"Barcelona panor\u00e1m\u00e1ja a Torre Gl\u00f2ries toronnyal\" class=\"wp-image-376450\" title=\"\" srcset=\"https:\/\/loudavymkrokem.cz\/wp-content\/uploads\/2026\/08\/barcelona-sant-andreu-px.jpg 1600w, https:\/\/loudavymkrokem.cz\/wp-content\/uploads\/2026\/08\/barcelona-sant-andreu-px-300x200.jpg 300w, https:\/\/loudavymkrokem.cz\/wp-content\/uploads\/2026\/08\/barcelona-sant-andreu-px-700x467.jpg 700w, https:\/\/loudavymkrokem.cz\/wp-content\/uploads\/2026\/08\/barcelona-sant-andreu-px-768x512.jpg 768w, https:\/\/loudavymkrokem.cz\/wp-content\/uploads\/2026\/08\/barcelona-sant-andreu-px-1536x1024.jpg 1536w, https:\/\/loudavymkrokem.cz\/wp-content\/uploads\/2026\/08\/barcelona-sant-andreu-px-696x464.jpg 696w, https:\/\/loudavymkrokem.cz\/wp-content\/uploads\/2026\/08\/barcelona-sant-andreu-px-1392x928.jpg 1392w\" sizes=\"(max-width: 1600px) 100vw, 1600px\" \/><button\n\t\t\tclass=\"lightbox-trigger\"\n\t\t\ttype=\"button\"\n\t\t\taria-haspopup=\"dialog\"\n\t\t\tdata-wp-bind--aria-label=\"state.thisImage.triggerButtonAriaLabel\"\n\t\t\tdata-wp-init=\"callbacks.initTriggerButton\"\n\t\t\tdata-wp-on--click=\"actions.showLightbox\"\n\t\t\tdata-wp-style--right=\"state.thisImage.buttonRight\"\n\t\t\tdata-wp-style--top=\"state.thisImage.buttonTop\"\n\t\t>\n\t\t\t<svg xmlns=\"http:\/\/www.w3.org\/2000\/svg\" width=\"12\" height=\"12\" fill=\"none\" viewBox=\"0 0 12 12\">\n\t\t\t\t<path fill=\"#fff\" d=\"M2 0a2 2 0 0 0-2 2v2h1.5V2a.5.5 0 0 1 .5-.5h2V0H2Zm2 10.5H2a.5.5 0 0 1-.5-.5V8H0v2a2 2 0 0 0 2 2h2v-1.5ZM8 12v-1.5h2a.5.5 0 0 0 .5-.5V8H12v2a2 2 0 0 1-2 2H8Zm2-12a2 2 0 0 1 2 2v2h-1.5V2a.5.5 0 0 0-.5-.5H8V0h2Z\" \/>\n\t\t\t<\/svg>\n\t\t<\/button><\/figure>\n\n\n\n<h3 class=\"wp-block-heading\"><span class=\"ez-toc-section\" id=\"8_Alternativ_vonatutvonal_Parizson_at\"><\/span>8. Alternat\u00edv vonat\u00fatvonal P\u00e1rizson \u00e1t<span class=\"ez-toc-section-end\"><\/span><\/h3>\n\n\n\n<p class=\"wp-block-paragraph\">Ha nem tetszik a hosszadalmas, eg\u00e9sz N\u00e9metorsz\u00e1gon \u00e1t vezet\u0151 \u00fat gondolata, l\u00e9tezik m\u00e9g egy nagyon eleg\u00e1ns vas\u00fati alternat\u00edva francia s\u00e1rmmal. Magyarorsz\u00e1gr\u00f3l eljuthatsz \u00e9jszakai vonattal vagy nappali gyorsvonatokkal a francia f\u0151v\u00e1rosba, ahonnan <strong>k\u00f6zvetlen nagysebess\u00e9g\u0171 \u00f6sszek\u00f6ttet\u00e9s indul eg\u00e9szen a naps\u00fct\u00f6tte spanyol partig<\/strong>.<\/p>\n\n\n\n<p class=\"wp-block-paragraph\">A ny\u00fczsg\u0151 p\u00e1rizsi Gare de Lyon p\u00e1lyaudvarr\u00f3l ugyanis rendszeresen indul k\u00f6zvetlen TGV, amelyet a spanyol Renfe \u00e9s a francia SNCF sikeres egy\u00fcttm\u0171k\u00f6d\u00e9se \u00fczemeltet. Ez a csod\u00e1latos, aerodinamikus gyorsvonat <strong>a P\u00e1rizs\u2013Barcelona utat hihetetlen 6 \u00f3ra 15 perc alatt teszi meg<\/strong>, ami ekkora t\u00e1vols\u00e1gra teljesen fantasztikus id\u0151.<\/p>\n\n\n\n<p class=\"wp-block-paragraph\">Ez a k\u00f6zvetlen j\u00e1rat jelenleg naponta k\u00e9tszer k\u00f6zlekedik, \u00e1ltal\u00e1ban kora reggel \u00e9s kora d\u00e9lut\u00e1n, de ne feledd, hogy klasszikus \u00e9jszakai h\u00e1l\u00f3kocsis vonat ezen a vonalon jelenleg nem l\u00e9tezik. Ez a v\u00e1ltozat t\u00f6k\u00e9letes, ha hosszabb, k\u00e9thetes nyaral\u00e1st tervezel, \u00e9s <strong>\u00fatk\u00f6zben romantikus meg\u00e1ll\u00f3t akarsz egy k\u00e1v\u00e9ra az Eiffel-torony alatt<\/strong>.<\/p>\n\n\n\n<p class=\"wp-block-paragraph\">\ud83d\udca1 Tipp: A francia TGV gyorsvonatokra a helyjegyek a ny\u00e1ri h\u00f3napokban vill\u00e1mgyorsan elfogynak, ez\u00e9rt <strong>a foglal\u00e1st azonnal int\u00e9zd el, amint a fuvaroz\u00f3 megnyitja az el\u0151\u00e9rt\u00e9kes\u00edt\u00e9st<\/strong>, ami \u00e1ltal\u00e1ban h\u00e1rom h\u00f3nappal kor\u00e1bban van.<\/p>\n\n\n\n<figure data-wp-context=\"{&quot;imageId&quot;:&quot;6a9530b45d10f&quot;}\" data-wp-interactive=\"core\/image\" data-wp-key=\"6a9530b45d10f\" class=\"wp-block-image size-full wp-lightbox-container\"><img decoding=\"async\" width=\"1600\" height=\"2060\" data-wp-class--hide=\"state.isContentHidden\" data-wp-class--show=\"state.isContentVisible\" data-wp-init=\"callbacks.setButtonStyles\" data-wp-on--click=\"actions.showLightbox\" data-wp-on--load=\"callbacks.setButtonStyles\" data-wp-on--pointerdown=\"actions.preloadImage\" data-wp-on--pointerenter=\"actions.preloadImageWithDelay\" data-wp-on--pointerleave=\"actions.cancelPreload\" data-wp-on-window--resize=\"callbacks.setButtonStyles\" src=\"https:\/\/loudavymkrokem.cz\/wp-content\/uploads\/2026\/08\/barcelona-kdy-jet-do-barcelony-podle-typu-dovo.jpg\" alt=\"A barcelonai sz\u00e9kesegyh\u00e1z a Pla de la Seu t\u00e9ren\" class=\"wp-image-376378\" title=\"\" srcset=\"https:\/\/loudavymkrokem.cz\/wp-content\/uploads\/2026\/08\/barcelona-kdy-jet-do-barcelony-podle-typu-dovo.jpg 1600w, https:\/\/loudavymkrokem.cz\/wp-content\/uploads\/2026\/08\/barcelona-kdy-jet-do-barcelony-podle-typu-dovo-233x300.jpg 233w, https:\/\/loudavymkrokem.cz\/wp-content\/uploads\/2026\/08\/barcelona-kdy-jet-do-barcelony-podle-typu-dovo-700x901.jpg 700w, https:\/\/loudavymkrokem.cz\/wp-content\/uploads\/2026\/08\/barcelona-kdy-jet-do-barcelony-podle-typu-dovo-768x989.jpg 768w, https:\/\/loudavymkrokem.cz\/wp-content\/uploads\/2026\/08\/barcelona-kdy-jet-do-barcelony-podle-typu-dovo-1193x1536.jpg 1193w, https:\/\/loudavymkrokem.cz\/wp-content\/uploads\/2026\/08\/barcelona-kdy-jet-do-barcelony-podle-typu-dovo-1591x2048.jpg 1591w, https:\/\/loudavymkrokem.cz\/wp-content\/uploads\/2026\/08\/barcelona-kdy-jet-do-barcelony-podle-typu-dovo-696x896.jpg 696w, https:\/\/loudavymkrokem.cz\/wp-content\/uploads\/2026\/08\/barcelona-kdy-jet-do-barcelony-podle-typu-dovo-1392x1792.jpg 1392w\" sizes=\"(max-width: 1600px) 100vw, 1600px\" \/><button\n\t\t\tclass=\"lightbox-trigger\"\n\t\t\ttype=\"button\"\n\t\t\taria-haspopup=\"dialog\"\n\t\t\tdata-wp-bind--aria-label=\"state.thisImage.triggerButtonAriaLabel\"\n\t\t\tdata-wp-init=\"callbacks.initTriggerButton\"\n\t\t\tdata-wp-on--click=\"actions.showLightbox\"\n\t\t\tdata-wp-style--right=\"state.thisImage.buttonRight\"\n\t\t\tdata-wp-style--top=\"state.thisImage.buttonTop\"\n\t\t>\n\t\t\t<svg xmlns=\"http:\/\/www.w3.org\/2000\/svg\" width=\"12\" height=\"12\" fill=\"none\" viewBox=\"0 0 12 12\">\n\t\t\t\t<path fill=\"#fff\" d=\"M2 0a2 2 0 0 0-2 2v2h1.5V2a.5.5 0 0 1 .5-.5h2V0H2Zm2 10.5H2a.5.5 0 0 1-.5-.5V8H0v2a2 2 0 0 0 2 2h2v-1.5ZM8 12v-1.5h2a.5.5 0 0 0 .5-.5V8H12v2a2 2 0 0 1-2 2H8Zm2-12a2 2 0 0 1 2 2v2h-1.5V2a.5.5 0 0 0-.5-.5H8V0h2Z\" \/>\n\t\t\t<\/svg>\n\t\t<\/button><\/figure>\n\n\n\n<h3 class=\"wp-block-heading\"><span class=\"ez-toc-section\" id=\"9_Autoval_Barcelonaba_Keszulj_a_ZBE_zonara\"><\/span>9. Aut\u00f3val Barcelon\u00e1ba? K\u00e9sz\u00fclj a ZBE z\u00f3n\u00e1ra<span class=\"ez-toc-section-end\"><\/span><\/h3>\n\n\n\n<p class=\"wp-block-paragraph\">Az a gondolat, hogy telerakod az aut\u00f3t, \u00e9s a saj\u00e1t tengelyeden hajtasz le a tengerhez, rendk\u00edv\u00fcl cs\u00e1b\u00edt\u00f3an hangzik, f\u0151leg ha \u00fatk\u00f6zben a Costa Brava szikl\u00e1in szeretn\u00e9l kempingezni. Ha viszont egyenesen a v\u00e1ros belv\u00e1ros\u00e1ba tartasz, \u00e9s ott van egy dr\u00e1ga, lefoglalt hoteled, <strong>az aut\u00f3t ink\u00e1bb hagyd otthon, vagy parkolj le vele messze a k\u00fclv\u00e1rosban<\/strong>.<\/p>\n\n\n\n<p class=\"wp-block-paragraph\">Barcelona ugyanis teljesen brut\u00e1lis korl\u00e1toz\u00e1sokat vezetett be az emisszi\u00f3 ellen, \u00e9s a belv\u00e1ros egy \u00e1tlagos sof\u0151r sz\u00e1m\u00e1ra sz\u00f3 szerint aknamez\u0151v\u00e9 v\u00e1lt. Az eg\u00e9sz v\u00e1ros a hatalmas Ronda de Dalt \u00e9s Ronda Litoral k\u00f6rgy\u0171r\u0171k\u00f6n bel\u00fcl <strong>az \u00fagynevezett ZBE Rondes Barcelona alacsony kibocs\u00e1t\u00e1s\u00fa z\u00f3n\u00e1ba tartozik<\/strong>, ahov\u00e1 csak akkor engednek be, ha az aut\u00f3d legal\u00e1bb Euro 3 benzin vagy Euro 4 d\u00edzel norm\u00e1t teljes\u00edt.<\/p>\n\n\n\n<p class=\"wp-block-paragraph\">Itt j\u00f6n viszont a legnagyobb b\u00fcrokratikus b\u00f6kken\u0151 minden magyar sz\u00e1m\u00e1ra. Ne b\u00edzz abban, hogy az ablakodra ragasztott valamilyen z\u00f6ld matrica mag\u00e1t\u00f3l garant\u00e1lja a behajt\u00e1st. A k\u00fclf\u00f6ldi rendsz\u00e1m\u00fa j\u00e1rm\u0171veknek <strong>el\u0151re online \u00e9s ingyen regisztr\u00e1lniuk kell az AMB nyilv\u00e1ntart\u00e1sban<\/strong>, amelyet k\u00f6zvetlen\u00fcl a katal\u00e1n f\u0151v\u00e1ros kezel.<\/p>\n\n\n\n<p class=\"wp-block-paragraph\">Az utak f\u00f6l\u00f6tt ugyanis okoskamer\u00e1k l\u00f3gnak, amelyek automatikusan beszkennelik az \u00f6sszes \u00e1thalad\u00f3 aut\u00f3 rendsz\u00e1m\u00e1t. Ha behajtasz a z\u00f3n\u00e1ba, \u00e9s nem szerepelsz a nyilv\u00e1ntart\u00e1sban, <strong>a rendszer teljesen kompromisszumok n\u00e9lk\u00fcl 200 \u20ac-s (kb. 76 000 Ft) b\u00edrs\u00e1got s\u00f3z r\u00e1d<\/strong>. Ha h\u00fasz napon bel\u00fcl befizeted, ugyan a fel\u00e9re cs\u00f6kken, de m\u00e9g \u00edgy is feleslegesen f\u00e1j.<\/p>\n\n\n\n<p class=\"wp-block-paragraph\">\ud83d\udca1 Tipp: A parkol\u00e1s a belv\u00e1rosban r\u00e1ad\u00e1sul rendk\u00edv\u00fcl dr\u00e1ga, \u00e9s az utc\u00e1n minim\u00e1lis helyet tal\u00e1lsz, ez\u00e9rt <strong>a legjobb az aut\u00f3t a P+R parkol\u00f3kban letenni<\/strong>, \u00e9s tov\u00e1bb a remek\u00fcl m\u0171k\u00f6d\u0151 metr\u00f3val folytatni.<\/p>\n\n\n\n<figure data-wp-context=\"{&quot;imageId&quot;:&quot;6a9530b45da06&quot;}\" data-wp-interactive=\"core\/image\" data-wp-key=\"6a9530b45da06\" class=\"wp-block-image size-full wp-lightbox-container\"><img decoding=\"async\" width=\"1920\" height=\"1717\" data-wp-class--hide=\"state.isContentHidden\" data-wp-class--show=\"state.isContentVisible\" data-wp-init=\"callbacks.setButtonStyles\" data-wp-on--click=\"actions.showLightbox\" data-wp-on--load=\"callbacks.setButtonStyles\" data-wp-on--pointerdown=\"actions.preloadImage\" data-wp-on--pointerenter=\"actions.preloadImageWithDelay\" data-wp-on--pointerleave=\"actions.cancelPreload\" data-wp-on-window--resize=\"callbacks.setButtonStyles\" src=\"https:\/\/loudavymkrokem.cz\/wp-content\/uploads\/2026\/08\/barcelona-jak-se-dostat-z-letiste-el-prat-do-c.jpg\" alt=\"Hogyan juss el az El Prat rep\u00fcl\u0151t\u00e9rr\u0151l a belv\u00e1rosba\" class=\"wp-image-376476\" title=\"\" srcset=\"https:\/\/loudavymkrokem.cz\/wp-content\/uploads\/2026\/08\/barcelona-jak-se-dostat-z-letiste-el-prat-do-c.jpg 1920w, https:\/\/loudavymkrokem.cz\/wp-content\/uploads\/2026\/08\/barcelona-jak-se-dostat-z-letiste-el-prat-do-c-300x268.jpg 300w, https:\/\/loudavymkrokem.cz\/wp-content\/uploads\/2026\/08\/barcelona-jak-se-dostat-z-letiste-el-prat-do-c-700x626.jpg 700w, https:\/\/loudavymkrokem.cz\/wp-content\/uploads\/2026\/08\/barcelona-jak-se-dostat-z-letiste-el-prat-do-c-768x687.jpg 768w, https:\/\/loudavymkrokem.cz\/wp-content\/uploads\/2026\/08\/barcelona-jak-se-dostat-z-letiste-el-prat-do-c-1536x1374.jpg 1536w, https:\/\/loudavymkrokem.cz\/wp-content\/uploads\/2026\/08\/barcelona-jak-se-dostat-z-letiste-el-prat-do-c-696x622.jpg 696w, https:\/\/loudavymkrokem.cz\/wp-content\/uploads\/2026\/08\/barcelona-jak-se-dostat-z-letiste-el-prat-do-c-1392x1245.jpg 1392w\" sizes=\"(max-width: 1920px) 100vw, 1920px\" \/><button\n\t\t\tclass=\"lightbox-trigger\"\n\t\t\ttype=\"button\"\n\t\t\taria-haspopup=\"dialog\"\n\t\t\tdata-wp-bind--aria-label=\"state.thisImage.triggerButtonAriaLabel\"\n\t\t\tdata-wp-init=\"callbacks.initTriggerButton\"\n\t\t\tdata-wp-on--click=\"actions.showLightbox\"\n\t\t\tdata-wp-style--right=\"state.thisImage.buttonRight\"\n\t\t\tdata-wp-style--top=\"state.thisImage.buttonTop\"\n\t\t>\n\t\t\t<svg xmlns=\"http:\/\/www.w3.org\/2000\/svg\" width=\"12\" height=\"12\" fill=\"none\" viewBox=\"0 0 12 12\">\n\t\t\t\t<path fill=\"#fff\" d=\"M2 0a2 2 0 0 0-2 2v2h1.5V2a.5.5 0 0 1 .5-.5h2V0H2Zm2 10.5H2a.5.5 0 0 1-.5-.5V8H0v2a2 2 0 0 0 2 2h2v-1.5ZM8 12v-1.5h2a.5.5 0 0 0 .5-.5V8H12v2a2 2 0 0 1-2 2H8Zm2-12a2 2 0 0 1 2 2v2h-1.5V2a.5.5 0 0 0-.5-.5H8V0h2Z\" \/>\n\t\t\t<\/svg>\n\t\t<\/button><figcaption class=\"wp-element-caption\">Fot\u00f3: Didier Descouens \/ Wikimedia Commons, Public domain<\/figcaption><\/figure>\n\n\n\n<h3 class=\"wp-block-heading\"><span class=\"ez-toc-section\" id=\"10_Hogyan_juss_el_az_El_Prat_repuloterrol_a_belvarosba\"><\/span>10. Hogyan juss el az El Prat rep\u00fcl\u0151t\u00e9rr\u0151l a belv\u00e1rosba<span class=\"ez-toc-section-end\"><\/span><\/h3>\n\n\n\n<p class=\"wp-block-paragraph\">Amikor v\u00e9gre lesz\u00e1llsz a forr\u00f3 barcelonai El Prat rep\u00fcl\u0151t\u00e9ren, m\u00e9g egy utols\u00f3 logisztikai di\u00f3 v\u00e1r r\u00e1d, amely elv\u00e1laszt a v\u00e1gyott s\u00e9t\u00e1kt\u00f3l a r\u00e9gi g\u00f3tikus negyedben. A leggyorsabb \u00e9s legk\u00e9nyelmesebb v\u00e1ltozat k\u00e9ts\u00e9gtelen\u00fcl a <strong>k\u00e9k rept\u00e9ri busz, az Aerob\u00fas<\/strong>, amely egyenesen a k\u00f6zponti Pla\u00e7a de Catalunya t\u00e9rre visz felesleges meg\u00e1ll\u00f3k n\u00e9lk\u00fcl.<\/p>\n\n\n\n<p class=\"wp-block-paragraph\">Ez a jegy a legut\u00f3bbi dr\u00e1gul\u00e1s ut\u00e1n <strong>7,45 \u20ac-ba (kb. 2800 Ft) ker\u00fcl egy ir\u00e1nyba<\/strong>, a buszok pedig vasfegyelemmel indulnak mindk\u00e9t termin\u00e1lb\u00f3l, a T1-b\u0151l \u00e9s a T2-b\u0151l is. Ez ugyan valamivel dr\u00e1g\u00e1bb a szok\u00e1sos v\u00e1rosi k\u00f6zleked\u00e9sn\u00e9l, cser\u00e9be nem kell a neh\u00e9z b\u0151r\u00f6nd\u00f6kkel a v\u00e9gtelen l\u00e9pcs\u0151k\u00f6n cipekedned a s\u00f6t\u00e9t m\u00e9lyben.<\/p>\n\n\n\n<p class=\"wp-block-paragraph\">Ha a f\u00f6ld alatti utat prefer\u00e1lod, haszn\u00e1lhatod a modern L9 Sud metr\u00f3vonalat. Itt viszont nagyon vigy\u00e1zz, mert <strong>a n\u00e9pszer\u0171 T-casual jegy a rept\u00e9ri metr\u00f3n egy\u00e1ltal\u00e1n nem \u00e9rv\u00e9nyes<\/strong>, \u00e9s a modern forg\u00f3kapuk egyszer\u0171en nem engednek be vele. A rept\u00e9rr\u0151l az utaz\u00e1shoz az automat\u00e1ban speci\u00e1lis Bitllet Aeroport jegyet kell venned, amely jelenleg 5,90 \u20ac-ba (kb. 2200 Ft) ker\u00fcl. P\u00e1roknak sokkal jobban meg\u00e9ri a T-familiar jegyet venni, amely a T-casuallal ellent\u00e9tben \u00e1truh\u00e1zhat\u00f3 t\u00f6bb szem\u00e9lyre.<\/p>\n\n\n\n<p class=\"wp-block-paragraph\">\ud83d\udca1 Tipp: A T2 termin\u00e1lb\u00f3l a belv\u00e1rosba klasszikus RENFE el\u0151v\u00e1rosi vonat is j\u00e1r, amelyre <strong>viszont a szok\u00e1sos jegyet gond n\u00e9lk\u00fcl haszn\u00e1lhatod<\/strong>, ami messze a legolcs\u00f3bb k\u00f6zleked\u00e9si m\u00f3dd\u00e1 teszi.<\/p>\n\n\n\n<figure data-wp-context=\"{&quot;imageId&quot;:&quot;6a9530b45e1da&quot;}\" data-wp-interactive=\"core\/image\" data-wp-key=\"6a9530b45e1da\" class=\"wp-block-image size-full wp-lightbox-container\"><img decoding=\"async\" width=\"1600\" height=\"900\" data-wp-class--hide=\"state.isContentHidden\" data-wp-class--show=\"state.isContentVisible\" data-wp-init=\"callbacks.setButtonStyles\" data-wp-on--click=\"actions.showLightbox\" data-wp-on--load=\"callbacks.setButtonStyles\" data-wp-on--pointerdown=\"actions.preloadImage\" data-wp-on--pointerenter=\"actions.preloadImageWithDelay\" data-wp-on--pointerleave=\"actions.cancelPreload\" data-wp-on-window--resize=\"callbacks.setButtonStyles\" src=\"https:\/\/loudavymkrokem.cz\/wp-content\/uploads\/2026\/08\/barcelona-sarria-sant-gervasi-px.jpg\" alt=\"Barcelonai utca v\u00e1rosi bringamegoszt\u00f3 \u00e1llom\u00e1ssal\" class=\"wp-image-376449\" title=\"\" srcset=\"https:\/\/loudavymkrokem.cz\/wp-content\/uploads\/2026\/08\/barcelona-sarria-sant-gervasi-px.jpg 1600w, https:\/\/loudavymkrokem.cz\/wp-content\/uploads\/2026\/08\/barcelona-sarria-sant-gervasi-px-300x169.jpg 300w, https:\/\/loudavymkrokem.cz\/wp-content\/uploads\/2026\/08\/barcelona-sarria-sant-gervasi-px-700x394.jpg 700w, https:\/\/loudavymkrokem.cz\/wp-content\/uploads\/2026\/08\/barcelona-sarria-sant-gervasi-px-768x432.jpg 768w, https:\/\/loudavymkrokem.cz\/wp-content\/uploads\/2026\/08\/barcelona-sarria-sant-gervasi-px-1536x864.jpg 1536w, https:\/\/loudavymkrokem.cz\/wp-content\/uploads\/2026\/08\/barcelona-sarria-sant-gervasi-px-696x392.jpg 696w, https:\/\/loudavymkrokem.cz\/wp-content\/uploads\/2026\/08\/barcelona-sarria-sant-gervasi-px-1392x783.jpg 1392w\" sizes=\"(max-width: 1600px) 100vw, 1600px\" \/><button\n\t\t\tclass=\"lightbox-trigger\"\n\t\t\ttype=\"button\"\n\t\t\taria-haspopup=\"dialog\"\n\t\t\tdata-wp-bind--aria-label=\"state.thisImage.triggerButtonAriaLabel\"\n\t\t\tdata-wp-init=\"callbacks.initTriggerButton\"\n\t\t\tdata-wp-on--click=\"actions.showLightbox\"\n\t\t\tdata-wp-style--right=\"state.thisImage.buttonRight\"\n\t\t\tdata-wp-style--top=\"state.thisImage.buttonTop\"\n\t\t>\n\t\t\t<svg xmlns=\"http:\/\/www.w3.org\/2000\/svg\" width=\"12\" height=\"12\" fill=\"none\" viewBox=\"0 0 12 12\">\n\t\t\t\t<path fill=\"#fff\" d=\"M2 0a2 2 0 0 0-2 2v2h1.5V2a.5.5 0 0 1 .5-.5h2V0H2Zm2 10.5H2a.5.5 0 0 1-.5-.5V8H0v2a2 2 0 0 0 2 2h2v-1.5ZM8 12v-1.5h2a.5.5 0 0 0 .5-.5V8H12v2a2 2 0 0 1-2 2H8Zm2-12a2 2 0 0 1 2 2v2h-1.5V2a.5.5 0 0 0-.5-.5H8V0h2Z\" \/>\n\t\t\t<\/svg>\n\t\t<\/button><\/figure>\n\n\n\n<h3 class=\"wp-block-heading\"><span class=\"ez-toc-section\" id=\"11_Szervezett_ut_utazasi_irodaval_vs_egyeni_utazas\"><\/span>11. Szervezett \u00fat utaz\u00e1si irod\u00e1val vs. egy\u00e9ni utaz\u00e1s<span class=\"ez-toc-section-end\"><\/span><\/h3>\n\n\n\n<p class=\"wp-block-paragraph\">A d\u00e9l-eur\u00f3pai utaz\u00e1sn\u00e1l sokan m\u00e1r r\u00e9g megszoktuk, hogy az egy\u00e9ni turizmus mindig legy\u0151zi az utaz\u00e1si irod\u00e1t a v\u00e9g\u00f6sszegben. Egy tapasztalt low-cost utaz\u00f3 h\u00e1rom napot Barcelon\u00e1ban nyugodtan megold kb. 98 000 Ft-b\u00f3l, az \u00e1tlagos turista belef\u00e9r k\u00e9tsz\u00e1zezerbe, m\u00edg <strong>egy utaz\u00e1si iroda a hossz\u00fa h\u00e9tv\u00e9g\u00e9t nagyj\u00e1b\u00f3l 285 000 Ft-t\u00f3l<\/strong> \u00e1rulja fejenk\u00e9nt. Egy teljes nyaral\u00e1s kett\u0151nek \u00edgy az irod\u00e1val nyugodtan hatsz\u00e1zezerbe ker\u00fclhet.<\/p>\n\n\n\n<p class=\"wp-block-paragraph\">Ez tal\u00e1n azt jelenti, hogy az emberek nem tudnak olcs\u00f3 jegyet keresni az interneten? Egy\u00e1ltal\u00e1n nem. Az utaz\u00e1si iroda f\u0151 \u00e9rt\u00e9kes\u00edt\u00e9si \u00e9rve Barcelon\u00e1n\u00e1l ugyanis nemcsak maga az \u00e1r, hanem ink\u00e1bb a <strong>d\u00f6nt\u00e9si teher teljes lev\u00e9tele a v\u00e1lladr\u00f3l<\/strong>. A v\u00e1ros ugyanis a tervez\u00e9sn\u00e9l Eur\u00f3pa egyik legf\u00e1raszt\u00f3bb helye, ahol folyamatosan rengeteg r\u00e9szletet \u00e9s foglal\u00e1si rendszert kell figyelned.<\/p>\n\n\n\n<p class=\"wp-block-paragraph\">El\u0151re kell megoldanod, hogy a Sagrada Fam\u00edlia templomba a jegyek k\u00e9t h\u00e9ttel kor\u00e1bbra elfogynak, a n\u00e9pszer\u0171 Park G\u00fcellnek szigor\u00faan id\u0151z\u00edtett s\u00e1vjai vannak nulla tolerancia mellett a k\u00e9s\u00e9sre, \u00e9s <strong>a hoteln\u00e9l fizet\u00e9skor meglep a turistaad\u00f3, nyugodtan 12 \u20ac (kb. 4600 Ft) fejenk\u00e9nt \u00e9jszak\u00e1nk\u00e9nt<\/strong>, amit a Bookingon kor\u00e1bban egy\u00e1ltal\u00e1n nem l\u00e1tt\u00e1l.<\/p>\n\n\n\n<p class=\"wp-block-paragraph\">Az az \u00e9rz\u00e9s, hogy semmivel sem kell t\u00f6r\u0151dn\u00f6d, \u00e9s az idegenvezet\u0151d az \u00f6sszes dr\u00e1ga jegyet m\u00e1r r\u00e9g biztons\u00e1gosan a zseb\u00e9ben tartja, egy f\u00e1radt, dolgoz\u00f3 ember sz\u00e1m\u00e1ra egyszer\u0171en megfizethetetlen. <strong>Ha abszol\u00fat szabads\u00e1got keresel, tervezd meg magad<\/strong>, de ha csak kikapcsolni \u00e9s tapast enni szeretn\u00e9l, a szervezett \u00fat \u00f3ri\u00e1si \u00e9rtelmet nyer.<\/p>\n\n\n\n<p class=\"wp-block-paragraph\">\ud83d\udca1 Tipp: Der\u00edtsd ki el\u0151re a turistaad\u00f3 pontos \u00f6sszeg\u00e9t a sz\u00e1ll\u00e1sod t\u00edpus\u00e1ra, mert az \u00f6tcsillagos hotelek az eml\u00edtett 12 \u20ac-t fizetik, m\u00edg <strong>egy szok\u00e1sos turistaapartmanban 9,50 \u20ac-t fizetsz \u00e9jszak\u00e1nk\u00e9nt<\/strong>.<\/p>\n\n\n\n<figure data-wp-context=\"{&quot;imageId&quot;:&quot;6a9530b45e95c&quot;}\" data-wp-interactive=\"core\/image\" data-wp-key=\"6a9530b45e95c\" class=\"wp-block-image size-full wp-lightbox-container\"><img decoding=\"async\" width=\"1333\" height=\"2000\" data-wp-class--hide=\"state.isContentHidden\" data-wp-class--show=\"state.isContentVisible\" data-wp-init=\"callbacks.setButtonStyles\" data-wp-on--click=\"actions.showLightbox\" data-wp-on--load=\"callbacks.setButtonStyles\" data-wp-on--pointerdown=\"actions.preloadImage\" data-wp-on--pointerenter=\"actions.preloadImageWithDelay\" data-wp-on--pointerleave=\"actions.cancelPreload\" data-wp-on-window--resize=\"callbacks.setButtonStyles\" src=\"https:\/\/loudavymkrokem.cz\/wp-content\/uploads\/2026\/08\/barcelona-rooftop-panorama.jpg\" alt=\"Barcelona panor\u00e1m\u00e1ja egy hotel tet\u0151terasz\u00e1r\u00f3l\" class=\"wp-image-376354\" title=\"\" srcset=\"https:\/\/loudavymkrokem.cz\/wp-content\/uploads\/2026\/08\/barcelona-rooftop-panorama.jpg 1333w, https:\/\/loudavymkrokem.cz\/wp-content\/uploads\/2026\/08\/barcelona-rooftop-panorama-200x300.jpg 200w, https:\/\/loudavymkrokem.cz\/wp-content\/uploads\/2026\/08\/barcelona-rooftop-panorama-700x1050.jpg 700w, https:\/\/loudavymkrokem.cz\/wp-content\/uploads\/2026\/08\/barcelona-rooftop-panorama-768x1152.jpg 768w, https:\/\/loudavymkrokem.cz\/wp-content\/uploads\/2026\/08\/barcelona-rooftop-panorama-1024x1536.jpg 1024w, https:\/\/loudavymkrokem.cz\/wp-content\/uploads\/2026\/08\/barcelona-rooftop-panorama-696x1044.jpg 696w\" sizes=\"(max-width: 1333px) 100vw, 1333px\" \/><button\n\t\t\tclass=\"lightbox-trigger\"\n\t\t\ttype=\"button\"\n\t\t\taria-haspopup=\"dialog\"\n\t\t\tdata-wp-bind--aria-label=\"state.thisImage.triggerButtonAriaLabel\"\n\t\t\tdata-wp-init=\"callbacks.initTriggerButton\"\n\t\t\tdata-wp-on--click=\"actions.showLightbox\"\n\t\t\tdata-wp-style--right=\"state.thisImage.buttonRight\"\n\t\t\tdata-wp-style--top=\"state.thisImage.buttonTop\"\n\t\t>\n\t\t\t<svg xmlns=\"http:\/\/www.w3.org\/2000\/svg\" width=\"12\" height=\"12\" fill=\"none\" viewBox=\"0 0 12 12\">\n\t\t\t\t<path fill=\"#fff\" d=\"M2 0a2 2 0 0 0-2 2v2h1.5V2a.5.5 0 0 1 .5-.5h2V0H2Zm2 10.5H2a.5.5 0 0 1-.5-.5V8H0v2a2 2 0 0 0 2 2h2v-1.5ZM8 12v-1.5h2a.5.5 0 0 0 .5-.5V8H12v2a2 2 0 0 1-2 2H8Zm2-12a2 2 0 0 1 2 2v2h-1.5V2a.5.5 0 0 0-.5-.5H8V0h2Z\" \/>\n\t\t\t<\/svg>\n\t\t<\/button><\/figure>\n\n\n\n<h2 class=\"wp-block-heading\"><span class=\"ez-toc-section\" id=\"Gyakorlati_osszefoglalo_es_tajekoztato_arak\"><\/span>Gyakorlati \u00f6sszefoglal\u00f3 \u00e9s t\u00e1j\u00e9koztat\u00f3 \u00e1rak<span class=\"ez-toc-section-end\"><\/span><\/h2>\n\n\n\n<p class=\"wp-block-paragraph\">A <strong>b\u00fcdzs\u00e9 tervez\u00e9se<\/strong> a siker alapja, ez\u00e9rt \u00f6ssze\u00edrtuk neked a <strong>legfontosabb \u00f6sszegeket<\/strong>, amelyekkel 2026-ban re\u00e1lisan sz\u00e1molnod kell.<\/p>\n\n\n\n<ul class=\"wp-block-list\">\n\n<li>  <strong>\u00c1tlagos egyir\u00e1ny\u00fa rep\u00fcl\u0151jegy (ny\u00e1ron):<\/strong> kb. 35 000 Ft (t\u00e1j\u00e9koztat\u00f3an az Omio port\u00e1l szerint)<\/li>\n\n\n\n<li>  <strong>Ryanair b\u00edrs\u00e1g nagy b\u0151r\u00f6nd\u00e9rt:<\/strong> 35 \u20ac \u2013 69,99 \u20ac (kb. 13 000 \u2013 26 000 Ft)<\/li>\n\n\n\n<li>  <strong>Busz a gironai rept\u00e9rr\u0151l a belv\u00e1rosba:<\/strong> 22 \u20ac (kb. 8300 Ft)<\/li>\n\n\n\n<li>  <strong>Aerob\u00fas jegy (El Prat rep\u00fcl\u0151t\u00e9r):<\/strong> 7,45 \u20ac (kb. 2800 Ft)<\/li>\n\n\n\n<li>  <strong>Speci\u00e1lis jegy a rept\u00e9ri L9 Sud metr\u00f3ra:<\/strong> 5,90 \u20ac (kb. 2200 Ft)<\/li>\n\n\n\n<li>  <strong>B\u00edrs\u00e1g aut\u00f3val a ZBE z\u00f3n\u00e1ba regisztr\u00e1ci\u00f3 n\u00e9lk\u00fcl:<\/strong> 200 \u20ac (kb. 76 000 Ft)<\/li>\n\n\n\n<li>  <strong>Turistaad\u00f3 5* hotelben:<\/strong> 12 \u20ac \/ f\u0151 \/ \u00e9jszaka (kb. 4600 Ft)<\/li>\n\n\n\n<li>  <strong>Turistaad\u00f3 apartmanban:<\/strong> 9,50 \u20ac \/ f\u0151 \/ \u00e9jszaka (kb. 3600 Ft)<\/li>\n\n\n<\/ul>\n\n\n\n<figure data-wp-context=\"{&quot;imageId&quot;:&quot;6a9530b45f1b9&quot;}\" data-wp-interactive=\"core\/image\" data-wp-key=\"6a9530b45f1b9\" class=\"wp-block-image size-full wp-lightbox-container\"><img decoding=\"async\" width=\"1333\" height=\"2000\" data-wp-class--hide=\"state.isContentHidden\" data-wp-class--show=\"state.isContentVisible\" data-wp-init=\"callbacks.setButtonStyles\" data-wp-on--click=\"actions.showLightbox\" data-wp-on--load=\"callbacks.setButtonStyles\" data-wp-on--pointerdown=\"actions.preloadImage\" data-wp-on--pointerenter=\"actions.preloadImageWithDelay\" data-wp-on--pointerleave=\"actions.cancelPreload\" data-wp-on-window--resize=\"callbacks.setButtonStyles\" src=\"https:\/\/loudavymkrokem.cz\/wp-content\/uploads\/2026\/08\/park-guell-panorama-domky.jpg\" alt=\"Park G\u00fcell, h\u00e1zik\u00f3k \u00e9s Barcelona panor\u00e1m\u00e1ja\" class=\"wp-image-376305\" title=\"\" srcset=\"https:\/\/loudavymkrokem.cz\/wp-content\/uploads\/2026\/08\/park-guell-panorama-domky.jpg 1333w, https:\/\/loudavymkrokem.cz\/wp-content\/uploads\/2026\/08\/park-guell-panorama-domky-200x300.jpg 200w, https:\/\/loudavymkrokem.cz\/wp-content\/uploads\/2026\/08\/park-guell-panorama-domky-700x1050.jpg 700w, https:\/\/loudavymkrokem.cz\/wp-content\/uploads\/2026\/08\/park-guell-panorama-domky-768x1152.jpg 768w, https:\/\/loudavymkrokem.cz\/wp-content\/uploads\/2026\/08\/park-guell-panorama-domky-1024x1536.jpg 1024w, https:\/\/loudavymkrokem.cz\/wp-content\/uploads\/2026\/08\/park-guell-panorama-domky-696x1044.jpg 696w\" sizes=\"(max-width: 1333px) 100vw, 1333px\" \/><button\n\t\t\tclass=\"lightbox-trigger\"\n\t\t\ttype=\"button\"\n\t\t\taria-haspopup=\"dialog\"\n\t\t\tdata-wp-bind--aria-label=\"state.thisImage.triggerButtonAriaLabel\"\n\t\t\tdata-wp-init=\"callbacks.initTriggerButton\"\n\t\t\tdata-wp-on--click=\"actions.showLightbox\"\n\t\t\tdata-wp-style--right=\"state.thisImage.buttonRight\"\n\t\t\tdata-wp-style--top=\"state.thisImage.buttonTop\"\n\t\t>\n\t\t\t<svg xmlns=\"http:\/\/www.w3.org\/2000\/svg\" width=\"12\" height=\"12\" fill=\"none\" viewBox=\"0 0 12 12\">\n\t\t\t\t<path fill=\"#fff\" d=\"M2 0a2 2 0 0 0-2 2v2h1.5V2a.5.5 0 0 1 .5-.5h2V0H2Zm2 10.5H2a.5.5 0 0 1-.5-.5V8H0v2a2 2 0 0 0 2 2h2v-1.5ZM8 12v-1.5h2a.5.5 0 0 0 .5-.5V8H12v2a2 2 0 0 1-2 2H8Zm2-12a2 2 0 0 1 2 2v2h-1.5V2a.5.5 0 0 0-.5-.5H8V0h2Z\" \/>\n\t\t\t<\/svg>\n\t\t<\/button><\/figure>\n\n\n\n<h2 class=\"wp-block-heading\"><span class=\"ez-toc-section\" id=\"Hova_tovabb\"><\/span>Hov\u00e1 tov\u00e1bb<span class=\"ez-toc-section-end\"><\/span><\/h2>\n\n\n\n<p class=\"wp-block-paragraph\">Barcelon\u00e1hoz ezek a r\u00e9szletes \u00fatikalauzaink is vannak:<\/p>\n\n\n\n<ul class=\"wp-block-list\">\n\n<li><a href=\"https:\/\/loudavymkrokem.cz\/hu\/?p=376361\">\u00c1rak Barcelon\u00e1ban: b\u00fcdzs\u00e9 \u00e9s turistaad\u00f3<\/a><\/li>\n\n\n<\/ul>\n\n\n\n<p class=\"wp-block-paragraph\">Ha a t\u00f6k\u00e9letes spanyolorsz\u00e1gi nyaral\u00e1shoz tov\u00e1bbi r\u00e9szletek \u00e9rdekelnek, mindenk\u00e9pp n\u00e9zd meg a t\u00f6bbi cikk\u00fcnket, ahol mindent kives\u00e9z\u00fcnk a sz\u00e1ll\u00e1st\u00f3l a legjobb l\u00e1tnival\u00f3kig.<\/p>\n\n\n\n<ul class=\"wp-block-list\">\n\n<li>  <a href=\"https:\/\/loudavymkrokem.cz\/hu\/barcelona-latnivalok\/\">Mit \u00e9rdemes megn\u00e9zni Barcelon\u00e1ban: 25+ tipp<\/a><\/li>\n\n\n\n<li>  <a href=\"https:\/\/loudavymkrokem.cz\/hu\/?p=376277\">Id\u0151j\u00e1r\u00e1s Barcelon\u00e1ban: h\u0151m\u00e9rs\u00e9klet havonta \u00e9s mikor menj<\/a><\/li>\n\n\n\n<li>  <a href=\"https:\/\/loudavymkrokem.cz\/hu\/?p=376352\">K\u00f6zleked\u00e9s Barcelon\u00e1ban: metr\u00f3, jegyek \u00e9s rep\u00fcl\u0151t\u00e9r<\/a><\/li>\n\n\n\n<li>  <a href=\"https:\/\/loudavymkrokem.cz\/hu\/hol-lakj-barcelona-spanyolorszag\/\">Hol lakj Barcelon\u00e1ban: 10 v\u00e1rosnegyed<\/a><\/li>\n\n\n\n<li>  <a href=\"https:\/\/loudavymkrokem.cz\/hu\/girona-spanyolorszag-latnivalok\/\">Girona, Spanyolorsz\u00e1g: 16 tipp, mit n\u00e9zz meg<\/a><\/li>\n\n\n\n<li>  <a href=\"https:\/\/loudavymkrokem.cz\/hu\/spanyolorszag-nyaralas-tippek\/\">Nyaral\u00e1s Spanyolorsz\u00e1gban: 17 tipp, hov\u00e1 menj<\/a><\/li>\n\n\n<\/ul>\n\n\n\n<figure data-wp-context=\"{&quot;imageId&quot;:&quot;6a9530b45fbb2&quot;}\" data-wp-interactive=\"core\/image\" data-wp-key=\"6a9530b45fbb2\" class=\"wp-block-image size-full wp-lightbox-container\"><img decoding=\"async\" width=\"2000\" height=\"1333\" data-wp-class--hide=\"state.isContentHidden\" data-wp-class--show=\"state.isContentVisible\" data-wp-init=\"callbacks.setButtonStyles\" data-wp-on--click=\"actions.showLightbox\" data-wp-on--load=\"callbacks.setButtonStyles\" data-wp-on--pointerdown=\"actions.preloadImage\" data-wp-on--pointerenter=\"actions.preloadImageWithDelay\" data-wp-on--pointerleave=\"actions.cancelPreload\" data-wp-on-window--resize=\"callbacks.setButtonStyles\" src=\"https:\/\/loudavymkrokem.cz\/wp-content\/uploads\/2026\/08\/arc-de-triomf-palmy.jpg\" alt=\"Arc de Triomf Barcelon\u00e1ban, p\u00e1lmaf\u00e1k k\u00f6zt\" class=\"wp-image-376340\" title=\"\" srcset=\"https:\/\/loudavymkrokem.cz\/wp-content\/uploads\/2026\/08\/arc-de-triomf-palmy.jpg 2000w, https:\/\/loudavymkrokem.cz\/wp-content\/uploads\/2026\/08\/arc-de-triomf-palmy-300x200.jpg 300w, https:\/\/loudavymkrokem.cz\/wp-content\/uploads\/2026\/08\/arc-de-triomf-palmy-700x467.jpg 700w, https:\/\/loudavymkrokem.cz\/wp-content\/uploads\/2026\/08\/arc-de-triomf-palmy-768x512.jpg 768w, https:\/\/loudavymkrokem.cz\/wp-content\/uploads\/2026\/08\/arc-de-triomf-palmy-1536x1024.jpg 1536w, https:\/\/loudavymkrokem.cz\/wp-content\/uploads\/2026\/08\/arc-de-triomf-palmy-696x464.jpg 696w, https:\/\/loudavymkrokem.cz\/wp-content\/uploads\/2026\/08\/arc-de-triomf-palmy-1392x928.jpg 1392w, https:\/\/loudavymkrokem.cz\/wp-content\/uploads\/2026\/08\/arc-de-triomf-palmy-1920x1280.jpg 1920w\" sizes=\"(max-width: 2000px) 100vw, 2000px\" \/><button\n\t\t\tclass=\"lightbox-trigger\"\n\t\t\ttype=\"button\"\n\t\t\taria-haspopup=\"dialog\"\n\t\t\tdata-wp-bind--aria-label=\"state.thisImage.triggerButtonAriaLabel\"\n\t\t\tdata-wp-init=\"callbacks.initTriggerButton\"\n\t\t\tdata-wp-on--click=\"actions.showLightbox\"\n\t\t\tdata-wp-style--right=\"state.thisImage.buttonRight\"\n\t\t\tdata-wp-style--top=\"state.thisImage.buttonTop\"\n\t\t>\n\t\t\t<svg xmlns=\"http:\/\/www.w3.org\/2000\/svg\" width=\"12\" height=\"12\" fill=\"none\" viewBox=\"0 0 12 12\">\n\t\t\t\t<path fill=\"#fff\" d=\"M2 0a2 2 0 0 0-2 2v2h1.5V2a.5.5 0 0 1 .5-.5h2V0H2Zm2 10.5H2a.5.5 0 0 1-.5-.5V8H0v2a2 2 0 0 0 2 2h2v-1.5ZM8 12v-1.5h2a.5.5 0 0 0 .5-.5V8H12v2a2 2 0 0 1-2 2H8Zm2-12a2 2 0 0 1 2 2v2h-1.5V2a.5.5 0 0 0-.5-.5H8V0h2Z\" \/>\n\t\t\t<\/svg>\n\t\t<\/button><\/figure>\n\n\n\n<h2 class=\"wp-block-heading\"><span class=\"ez-toc-section\" id=\"Gyakran_ismetelt_kerdesek\"><\/span>Gyakran ism\u00e9telt k\u00e9rd\u00e9sek<span class=\"ez-toc-section-end\"><\/span><\/h2>\n\n\n<div id=\"rank-math-faq\" class=\"rank-math-block\">\n<div class=\"rank-math-list \">\n<div id=\"faq-question-1785837102000\" class=\"rank-math-list-item\">\n<h3 class=\"rank-math-question \"><span class=\"ez-toc-section\" id=\"Mennyi_ideig_tart_a_repulout_Barcelonaba_Budapestrol\"><\/span>Mennyi ideig tart a rep\u00fcl\u0151\u00fat Barcelon\u00e1ba Budapestr\u0151l?<span class=\"ez-toc-section-end\"><\/span><\/h3>\n<div class=\"rank-math-answer \">\n\n<p>A Budapest Ferenc Liszt Nemzetk\u00f6zi Rep\u00fcl\u0151t\u00e9rr\u0151l a barcelonai El Prat rep\u00fcl\u0151t\u00e9rre tart\u00f3 k\u00f6zvetlen j\u00e1rat kellemes 2 \u00f3ra 25 percet vesz ig\u00e9nybe, amely alatt 1 357 kilom\u00e9teres t\u00e1vols\u00e1got teszel meg. A ny\u00e1ri szezonban r\u00e1ad\u00e1sul naponta k\u00f6r\u00fclbel\u00fcl 4 k\u00fcl\u00f6nb\u00f6z\u0151 j\u00e1rat k\u00f6z\u00fcl v\u00e1laszthatsz, ami hatalmas rugalmass\u00e1got ad az utaz\u00e1s tervez\u00e9sekor.<\/p>\n\n<\/div>\n<\/div>\n<div id=\"faq-question-1785837102001\" class=\"rank-math-list-item\">\n<h3 class=\"rank-math-question \"><span class=\"ez-toc-section\" id=\"Mennyibe_kerul_korulbelul_egy_repulojegy\"><\/span>Mennyibe ker\u00fcl k\u00f6r\u00fclbel\u00fcl egy rep\u00fcl\u0151jegy?<span class=\"ez-toc-section-end\"><\/span><\/h3>\n<div class=\"rank-math-answer \">\n\n<p>Az \u00e1rak nagyon elt\u00e9r\u0151ek az el\u0151foglal\u00e1s \u00e9s a szezon f\u00fcggv\u00e9ny\u00e9ben, de ny\u00e1ron sz\u00e1m\u00edts arra, hogy egy ir\u00e1ny \u00e1tlagosan k\u00f6r\u00fclbel\u00fcl 27 000 Ft-ba ker\u00fcl teljesen poggy\u00e1sz n\u00e9lk\u00fcl. B\u00e1r a keres\u0151motorok mutathatnak 15 000 Ft-os jegyeket is, ezek a tarif\u00e1k \u00e1ltal\u00e1ban ink\u00e1bb a f\u0151 ny\u00e1ri szezonon k\u00edv\u00fcl \u00e9s kev\u00e9sb\u00e9 n\u00e9pszer\u0171 napokon \u00e9rhet\u0151k el.<\/p>\n\n<\/div>\n<\/div>\n<div id=\"faq-question-1785837102002\" class=\"rank-math-list-item\">\n<h3 class=\"rank-math-question \"><span class=\"ez-toc-section\" id=\"Ervenyes_a_normal_metroberlet_a_repuloterrol\"><\/span>\u00c9rv\u00e9nyes a norm\u00e1l metr\u00f3b\u00e9rlet a rep\u00fcl\u0151t\u00e9rr\u0151l?<span class=\"ez-toc-section-end\"><\/span><\/h3>\n<div class=\"rank-math-answer \">\n\n<p>Sajnos nem \u00e9rv\u00e9nyes, a klasszikus T-casual jegy egy\u00e1ltal\u00e1n nem enged \u00e1t a modern rep\u00fcl\u0151t\u00e9ri L9 Sud vonal soromp\u00f3in. K\u00fcl\u00f6n Bitllet Aeroport-ot kell venned, ami jelenleg 5,90 \u20ac-ba ker\u00fcl. Ha sp\u00f3rolni szeretn\u00e9l, haszn\u00e1ld a T2 termin\u00e1lr\u00f3l indul\u00f3 RENFE el\u0151v\u00e1rosi vonatot, ahol a norm\u00e1l jegy rendesen \u00e9rv\u00e9nyes.<\/p>\n\n<\/div>\n<\/div>\n<div id=\"faq-question-1785837102003\" class=\"rank-math-list-item\">\n<h3 class=\"rank-math-question \"><span class=\"ez-toc-section\" id=\"Mehetek_autoval_Barcelona_kozpontjaba\"><\/span>Mehetek aut\u00f3val Barcelona k\u00f6zpontj\u00e1ba?<span class=\"ez-toc-section-end\"><\/span><\/h3>\n<div class=\"rank-math-answer \">\n\n<p>Elm\u00e9letben igen, de a gyakorlatban hat\u00e1rozottan nem aj\u00e1nljuk a szigor\u00fa alacsony kibocs\u00e1t\u00e1s\u00fa z\u00f3na, a ZBE miatt, amely az eg\u00e9sz k\u00f6zpontot lefedi. A k\u00fclf\u00f6ldi aut\u00f3kat el\u0151re, ingyen regisztr\u00e1lni kell online az AMB rendszer\u00e9ben, \u00e9s meg kell felelni\u00fck a kibocs\u00e1t\u00e1si norm\u00e1knak, k\u00fcl\u00f6nben 200 \u20ac-s automatikus b\u00edrs\u00e1got kock\u00e1ztatnak az intelligens kamerarendszerb\u0151l.<\/p>\n\n<\/div>\n<\/div>\n<div id=\"faq-question-1785837102004\" class=\"rank-math-list-item\">\n<h3 class=\"rank-math-question \"><span class=\"ez-toc-section\" id=\"Lehet_Barcelonaba_kenyelmesen_vonattal_utazni\"><\/span>Lehet Barcelon\u00e1ba k\u00e9nyelmesen vonattal utazni?<span class=\"ez-toc-section-end\"><\/span><\/h3>\n<div class=\"rank-math-answer \">\n\n<p>Hat\u00e1rozottan igen, \u00e9s nagyon is \u00e9rtelme van, ha eg\u00e9szs\u00e9g\u00fcgyi okokb\u00f3l nem tudsz rep\u00fclni. A leggyakoribb \u00fatvonal Drezd\u00e1n, Frankfurton \u00e9s Strasburgon kereszt\u00fcl vezet, ahol \u00e9rdemes megsz\u00e1llni, majd Lyonon \u00e1t eg\u00e9szen Spanyolorsz\u00e1gig. A m\u00e1sik lehet\u0151s\u00e9g a k\u00f6zvetlen TGV P\u00e1rizsb\u00f3l, amely 6 \u00f3ra 15 perc alatt megteszi az utat a tengerig.<\/p>\n\n<\/div>\n<\/div>\n<div id=\"faq-question-1785837102005\" class=\"rank-math-list-item\">\n<h3 class=\"rank-math-question \"><span class=\"ez-toc-section\" id=\"Mire_kell_figyelni_az_olyan_fapados_legitarsasagoknal_mint_a_Ryanair\"><\/span>Mire kell figyelni az olyan fapados l\u00e9git\u00e1rsas\u00e1gokn\u00e1l, mint a Ryanair?<span class=\"ez-toc-section-end\"><\/span><\/h3>\n<div class=\"rank-math-answer \">\n\n<p>A legnagyobb probl\u00e9ma a rejtett poggy\u00e1szd\u00edjak k\u00f6zvetlen\u00fcl az indul\u00e1si kapun\u00e1l. Ha nem v\u00e1s\u00e1rolsz Priority szolg\u00e1ltat\u00e1st \u00e9s nagy k\u00e9zipoggy\u00e1sszal \u00e9rkezel, ami nem f\u00e9r bele a 40 \u00d7 20 \u00d7 25 centim\u00e9teres korl\u00e1tba, kem\u00e9ny 35 \u20ac-s b\u00edrs\u00e1got fizetsz, ami m\u00e9g nagyobb poggy\u00e1sz eset\u00e9n ak\u00e1r 70 \u20ac-ra is felsz\u00f6khet.<\/p>\n\n<\/div>\n<\/div>\n<div id=\"faq-question-1785837102006\" class=\"rank-math-list-item\">\n<h3 class=\"rank-math-question \"><span class=\"ez-toc-section\" id=\"Megeri_a_tavolabbi_Girona_vagy_Reus_repuloterre_repulni\"><\/span>Meg\u00e9ri a t\u00e1volabbi Girona vagy Reus rep\u00fcl\u0151t\u00e9rre rep\u00fclni?<span class=\"ez-toc-section-end\"><\/span><\/h3>\n<div class=\"rank-math-answer \">\n\n<p>Ha k\u00f6zvetlen\u00fcl Barcelon\u00e1ba tartasz, akkor \u00e1ltal\u00e1ban egy\u00e1ltal\u00e1n nem \u00e9ri meg. A transzfer buszjegy ezekr\u0151l a rep\u00fcl\u0151terekr\u0151l tov\u00e1bbi 15-22 \u20ac-ba ker\u00fcl egy ir\u00e1nyba, \u00e9s az \u00fat t\u00f6bb mint egy \u00f3ra negyed, sz\u00f3val a v\u00e9g\u00e9n amit a olcs\u00f3bb rep\u00fcl\u0151jegyen megsp\u00f3rolt\u00e1l, azt elk\u00f6lt\u00f6d a hosszadalmas belv\u00e1rosi transzferre, \u00e9s rengeteg id\u0151t vesz\u00edtesz.<\/p>\n\n<\/div>\n<\/div>\n<\/div>\n<\/div>","protected":false},"excerpt":{"rendered":"<p>Barcelon\u00e1ba, Spanyolorsz\u00e1gba tervezel utazni? Seg\u00edt\u00fcnk, milyen rep\u00fcl\u0151jegyet v\u00e1lassz, mire figyelj a csomagokn\u00e1l, \u00e9s hogyan juss el vonattal, ha nem rep\u00fclsz.<\/p>\n","protected":false},"author":3,"featured_media":376474,"comment_status":"open","ping_status":"open","sticky":false,"template":"","format":"standard","meta":{"_acf_changed":false,"footnotes":"","rank_math_title":"Barcelona, Spanyolorsz\u00e1g: utaz\u00e1s rep\u00fcl\u0151vel \u00e9s vonattal","rank_math_description":"Barcelon\u00e1ba, Spanyolorsz\u00e1gba k\u00e9sz\u00fclsz? Rep\u00fcl\u0151jegyek, csomagcsapd\u00e1k, vonatos alternat\u00edva \u00e9s rept\u00e9ri transzfer 2026-ra. Tervezd meg okosan az utad most!","rank_math_focus_keyword":"barcelona spanyolorsz\u00e1g","rank_math_seo_score":""},"categories":[1804,1871,1859,1788],"tags":[],"class_list":["post-409162","post","type-post","status-publish","format-standard","has-post-thumbnail","category-europa","category-spanyolorszag","category-utazas"],"acf":[],"featured_image_src":"https:\/\/loudavymkrokem.cz\/wp-content\/uploads\/2026\/08\/barcelona-vueling-a-jejich-odstupnovana-kila-px.jpg","author_info":{"display_name":"Lucie Kone\u010dn\u00e1","author_link":"https:\/\/loudavymkrokem.cz\/hu\/author\/lucie-konecna\/"},"_links":{"self":[{"href":"https:\/\/loudavymkrokem.cz\/hu\/wp-json\/wp\/v2\/posts\/409162","targetHints":{"allow":["GET"]}}],"collection":[{"href":"https:\/\/loudavymkrokem.cz\/hu\/wp-json\/wp\/v2\/posts"}],"about":[{"href":"https:\/\/loudavymkrokem.cz\/hu\/wp-json\/wp\/v2\/types\/post"}],"author":[{"embeddable":true,"href":"https:\/\/loudavymkrokem.cz\/hu\/wp-json\/wp\/v2\/users\/3"}],"replies":[{"embeddable":true,"href":"https:\/\/loudavymkrokem.cz\/hu\/wp-json\/wp\/v2\/comments?post=409162"}],"version-history":[{"count":2,"href":"https:\/\/loudavymkrokem.cz\/hu\/wp-json\/wp\/v2\/posts\/409162\/revisions"}],"predecessor-version":[{"id":409164,"href":"https:\/\/loudavymkrokem.cz\/hu\/wp-json\/wp\/v2\/posts\/409162\/revisions\/409164"}],"wp:featuredmedia":[{"embeddable":true,"href":"https:\/\/loudavymkrokem.cz\/hu\/wp-json\/wp\/v2\/media\/376474"}],"wp:attachment":[{"href":"https:\/\/loudavymkrokem.cz\/hu\/wp-json\/wp\/v2\/media?parent=409162"}],"wp:term":[{"taxonomy":"category","embeddable":true,"href":"https:\/\/loudavymkrokem.cz\/hu\/wp-json\/wp\/v2\/categories?post=409162"},{"taxonomy":"post_tag","embeddable":true,"href":"https:\/\/loudavymkrokem.cz\/hu\/wp-json\/wp\/v2\/tags?post=409162"}],"curies":[{"name":"wp","href":"https:\/\/api.w.org\/{rel}","templated":true}]}}