{"id":409159,"date":"2026-08-26T14:17:28","date_gmt":"2026-08-26T12:17:28","guid":{"rendered":"https:\/\/loudavymkrokem.cz\/nemetorszag-hamburg-latnivalok\/"},"modified":"2026-08-31T08:10:50","modified_gmt":"2026-08-31T06:10:50","slug":"nemetorszag-hamburg-latnivalok","status":"publish","type":"post","link":"https:\/\/loudavymkrokem.cz\/hu\/nemetorszag-hamburg-latnivalok\/","title":{"rendered":"Mit \u00e9rdemes megn\u00e9zni Hamburgban: 22 tipp N\u00e9metorsz\u00e1g Hamburg v\u00e1ros\u00e1hoz"},"content":{"rendered":"\n<p class=\"wp-block-paragraph\">V\u00f6r\u00f6s t\u00e9gl\u00e1s kik\u00f6t\u0151v\u00e1ros, v\u00e9gtelen csatorn\u00e1kkal \u00e9s modern \u00e9p\u00edt\u00e9szettel, amely fens\u00e9gesen t\u00fckr\u00f6z\u0151dik az Elba viz\u00e9n. Ha N\u00e9metorsz\u00e1g Hamburg v\u00e1ros\u00e1ra v\u00e1gysz, pontosan azt a c\u00e9lpontot tal\u00e1lod meg, amely garant\u00e1ltan meglep laza hangulat\u00e1val \u00e9s hihetetlen soksz\u00edn\u0171s\u00e9g\u00e9vel \u2013 ak\u00e1r a leny\u0171g\u00f6z\u0151 t\u00f6rt\u00e9nelmet szereted, ak\u00e1r a legjobb k\u00e1v\u00e9z\u00f3kat keresed. <strong>Az \u00e9szaki Velence ugyanis t\u00f6bb hidat rejt, mint London \u00e9s Amszterdam egy\u00fcttv\u00e9ve<\/strong>, ami m\u00e1r \u00f6nmag\u00e1ban felejthetetlen v\u00edz menti s\u00e9t\u00e1kat \u00edg\u00e9r.<\/p>\n\n\n\n<p class=\"wp-block-paragraph\">\u00d6sszegy\u0171jt\u00f6ttem neked <strong>22 tippet, hogy mit l\u00e1ss \u00e9s mit csin\u00e1lj Hamburgban<\/strong>, hogy a lehet\u0151 legt\u00f6bbet hozd ki a l\u00e1togat\u00e1sodb\u00f3l. Egy\u00fctt bej\u00e1rjuk az ikonikus t\u00e9gl\u00e1s Speicherstadt komplexumot, seg\u00edtek az Elbphilharmonie kil\u00e1t\u00f3j\u00e1nak foglal\u00e1s\u00e1ban, \u00e9s a n\u00e9lk\u00fcl\u00f6zhetetlen gyakorlati inf\u00f3kat sem hagyjuk ki. <strong>Azt is megtudod, hol \u00e9rdemes strat\u00e9giailag megsz\u00e1llni<\/strong>, \u00e9s hogyan haszn\u00e1ld hat\u00e9konyan a helyi t\u00f6megk\u00f6zleked\u00e9st, hogy a v\u00e1roson bel\u00fcli utaz\u00e1sok ne ker\u00fcljenek egy vagyonba.<\/p>\n\n\n\n<p class=\"wp-block-paragraph\">Ak\u00e1r egy gyors h\u00e9tv\u00e9gi kiruccan\u00e1st tervezel a mindennapi rutinb\u00f3l, ak\u00e1r egy hosszabb, \u00c9szak-N\u00e9metorsz\u00e1got felfedez\u0151 nyaral\u00e1st, ez a v\u00e1ros garant\u00e1ltan sz\u00edven tal\u00e1l. <strong>Hamburg t\u00f6k\u00e9letes kever\u00e9ke a nyers kik\u00f6t\u0151i romantik\u00e1nak \u00e9s a modern diz\u00e1jnnak<\/strong>, amit egy j\u00f3 k\u00e1v\u00e9val a kezedben \u00e9lvezel a legjobban, mik\u00f6zben az \u00f3ri\u00e1si kont\u00e9nerhaj\u00f3kat figyeled, ahogy \u00e1thaladnak a kik\u00f6t\u0151n.<\/p>\n\n\n\n<figure data-wp-context=\"{&quot;imageId&quot;:&quot;6a953566996bf&quot;}\" data-wp-interactive=\"core\/image\" data-wp-key=\"6a953566996bf\" class=\"wp-block-image size-full wp-lightbox-container\"><img decoding=\"async\" width=\"1800\" height=\"1200\" data-wp-class--hide=\"state.isContentHidden\" data-wp-class--show=\"state.isContentVisible\" data-wp-init=\"callbacks.setButtonStyles\" data-wp-on--click=\"actions.showLightbox\" data-wp-on--load=\"callbacks.setButtonStyles\" data-wp-on--pointerdown=\"actions.preloadImage\" data-wp-on--pointerenter=\"actions.preloadImageWithDelay\" data-wp-on--pointerleave=\"actions.cancelPreload\" data-wp-on-window--resize=\"callbacks.setButtonStyles\" src=\"https:\/\/loudavymkrokem.cz\/wp-content\/uploads\/2026\/08\/nemecko-clanky-co-videt-v-hamburku-01.jpg\" alt=\"A Speicherstadt csatorn\u00e1i alkonyatkor\" class=\"wp-image-396933\" title=\"\" srcset=\"https:\/\/loudavymkrokem.cz\/wp-content\/uploads\/2026\/08\/nemecko-clanky-co-videt-v-hamburku-01.jpg 1800w, https:\/\/loudavymkrokem.cz\/wp-content\/uploads\/2026\/08\/nemecko-clanky-co-videt-v-hamburku-01-300x200.jpg 300w, https:\/\/loudavymkrokem.cz\/wp-content\/uploads\/2026\/08\/nemecko-clanky-co-videt-v-hamburku-01-700x467.jpg 700w, https:\/\/loudavymkrokem.cz\/wp-content\/uploads\/2026\/08\/nemecko-clanky-co-videt-v-hamburku-01-768x512.jpg 768w, https:\/\/loudavymkrokem.cz\/wp-content\/uploads\/2026\/08\/nemecko-clanky-co-videt-v-hamburku-01-1536x1024.jpg 1536w, https:\/\/loudavymkrokem.cz\/wp-content\/uploads\/2026\/08\/nemecko-clanky-co-videt-v-hamburku-01-696x464.jpg 696w, https:\/\/loudavymkrokem.cz\/wp-content\/uploads\/2026\/08\/nemecko-clanky-co-videt-v-hamburku-01-1392x928.jpg 1392w\" sizes=\"(max-width: 1800px) 100vw, 1800px\" \/><button\n\t\t\tclass=\"lightbox-trigger\"\n\t\t\ttype=\"button\"\n\t\t\taria-haspopup=\"dialog\"\n\t\t\tdata-wp-bind--aria-label=\"state.thisImage.triggerButtonAriaLabel\"\n\t\t\tdata-wp-init=\"callbacks.initTriggerButton\"\n\t\t\tdata-wp-on--click=\"actions.showLightbox\"\n\t\t\tdata-wp-style--right=\"state.thisImage.buttonRight\"\n\t\t\tdata-wp-style--top=\"state.thisImage.buttonTop\"\n\t\t>\n\t\t\t<svg xmlns=\"http:\/\/www.w3.org\/2000\/svg\" width=\"12\" height=\"12\" fill=\"none\" viewBox=\"0 0 12 12\">\n\t\t\t\t<path fill=\"#fff\" d=\"M2 0a2 2 0 0 0-2 2v2h1.5V2a.5.5 0 0 1 .5-.5h2V0H2Zm2 10.5H2a.5.5 0 0 1-.5-.5V8H0v2a2 2 0 0 0 2 2h2v-1.5ZM8 12v-1.5h2a.5.5 0 0 0 .5-.5V8H12v2a2 2 0 0 1-2 2H8Zm2-12a2 2 0 0 1 2 2v2h-1.5V2a.5.5 0 0 0-.5-.5H8V0h2Z\" \/>\n\t\t\t<\/svg>\n\t\t<\/button><figcaption class=\"wp-element-caption\">Foto: Dietmar Rabich \/ Wikimedia Commons, CC BY-SA 4.0<\/figcaption><\/figure>\n\n\n\n<div id=\"ez-toc-container\" class=\"ez-toc-v2_0_86 ez-toc-wrap-left counter-hierarchy ez-toc-counter ez-toc-grey ez-toc-container-direction\">\n<div class=\"ez-toc-title-container\">\n<p class=\"ez-toc-title\" style=\"cursor:inherit\">A cikk tartalma<\/p>\n<span class=\"ez-toc-title-toggle\"><a href=\"#\" class=\"ez-toc-pull-right ez-toc-btn ez-toc-btn-xs ez-toc-btn-default ez-toc-toggle\" aria-label=\"Toggle Table of Content\"><span class=\"ez-toc-js-icon-con\"><span class=\"\"><span class=\"eztoc-hide\" style=\"display:none;\">Toggle<\/span><span class=\"ez-toc-icon-toggle-span\"><svg style=\"fill: #999;color:#999\" xmlns=\"http:\/\/www.w3.org\/2000\/svg\" class=\"list-377408\" width=\"20px\" height=\"20px\" viewBox=\"0 0 24 24\" fill=\"none\"><path d=\"M6 6H4v2h2V6zm14 0H8v2h12V6zM4 11h2v2H4v-2zm16 0H8v2h12v-2zM4 16h2v2H4v-2zm16 0H8v2h12v-2z\" fill=\"currentColor\"><\/path><\/svg><svg style=\"fill: #999;color:#999\" class=\"arrow-unsorted-368013\" xmlns=\"http:\/\/www.w3.org\/2000\/svg\" width=\"10px\" height=\"10px\" viewBox=\"0 0 24 24\" version=\"1.2\" baseProfile=\"tiny\"><path d=\"M18.2 9.3l-6.2-6.3-6.2 6.3c-.2.2-.3.4-.3.7s.1.5.3.7c.2.2.4.3.7.3h11c.3 0 .5-.1.7-.3.2-.2.3-.5.3-.7s-.1-.5-.3-.7zM5.8 14.7l6.2 6.3 6.2-6.3c.2-.2.3-.5.3-.7s-.1-.5-.3-.7c-.2-.2-.4-.3-.7-.3h-11c-.3 0-.5.1-.7.3-.2.2-.3.5-.3.7s.1.5.3.7z\"\/><\/svg><\/span><\/span><\/span><\/a><\/span><\/div>\n<nav><ul class='ez-toc-list ez-toc-list-level-1 ' ><ul class='ez-toc-list-level-3' ><li class='ez-toc-heading-level-3'><a class=\"ez-toc-link ez-toc-heading-1\" href=\"https:\/\/loudavymkrokem.cz\/hu\/nemetorszag-hamburg-latnivalok\/#Osszefoglalas_azoknak_akiknek_nincs_idejuk_vegigolvasni_a_cikket\" >\u00d6sszefoglal\u00e1s azoknak, akiknek nincs idej\u00fck v\u00e9gigolvasni a cikket<\/a><\/li><\/ul><\/li><li class='ez-toc-page-1 ez-toc-heading-level-2'><a class=\"ez-toc-link ez-toc-heading-2\" href=\"https:\/\/loudavymkrokem.cz\/hu\/nemetorszag-hamburg-latnivalok\/#Mikor_erdemes_Hamburgba_utazni\" >Mikor \u00e9rdemes Hamburgba utazni<\/a><\/li><li class='ez-toc-page-1 ez-toc-heading-level-2'><a class=\"ez-toc-link ez-toc-heading-3\" href=\"https:\/\/loudavymkrokem.cz\/hu\/nemetorszag-hamburg-latnivalok\/#Hol_szallj_meg_Hamburgban\" >Hol sz\u00e1llj meg Hamburgban<\/a><\/li><li class='ez-toc-page-1 ez-toc-heading-level-2'><a class=\"ez-toc-link ez-toc-heading-4\" href=\"https:\/\/loudavymkrokem.cz\/hu\/nemetorszag-hamburg-latnivalok\/#22_tipp_mit_lass_es_mit_csinalj_Hamburgban\" >22 tipp, mit l\u00e1ss \u00e9s mit csin\u00e1lj Hamburgban<\/a><ul class='ez-toc-list-level-3' ><li class='ez-toc-heading-level-3'><a class=\"ez-toc-link ez-toc-heading-5\" href=\"https:\/\/loudavymkrokem.cz\/hu\/nemetorszag-hamburg-latnivalok\/#1_Speicherstadt\" >1. Speicherstadt<\/a><\/li><li class='ez-toc-page-1 ez-toc-heading-level-3'><a class=\"ez-toc-link ez-toc-heading-6\" href=\"https:\/\/loudavymkrokem.cz\/hu\/nemetorszag-hamburg-latnivalok\/#2_Miniatur_Wunderland\" >2. Miniatur Wunderland<\/a><\/li><li class='ez-toc-page-1 ez-toc-heading-level-3'><a class=\"ez-toc-link ez-toc-heading-7\" href=\"https:\/\/loudavymkrokem.cz\/hu\/nemetorszag-hamburg-latnivalok\/#3_Elbphilharmonie\" >3. Elbphilharmonie<\/a><\/li><li class='ez-toc-page-1 ez-toc-heading-level-3'><a class=\"ez-toc-link ez-toc-heading-8\" href=\"https:\/\/loudavymkrokem.cz\/hu\/nemetorszag-hamburg-latnivalok\/#4_A_modern_HafenCity_varosresz\" >4. A modern HafenCity v\u00e1rosr\u00e9sz<\/a><\/li><li class='ez-toc-page-1 ez-toc-heading-level-3'><a class=\"ez-toc-link ez-toc-heading-9\" href=\"https:\/\/loudavymkrokem.cz\/hu\/nemetorszag-hamburg-latnivalok\/#5_International_Maritime_Museum\" >5. International Maritime Museum<\/a><\/li><li class='ez-toc-page-1 ez-toc-heading-level-3'><a class=\"ez-toc-link ez-toc-heading-10\" href=\"https:\/\/loudavymkrokem.cz\/hu\/nemetorszag-hamburg-latnivalok\/#6_A_62-es_komp_mint_panoramahajozas\" >6. A 62-es komp mint panor\u00e1mahaj\u00f3z\u00e1s<\/a><\/li><li class='ez-toc-page-1 ez-toc-heading-level-3'><a class=\"ez-toc-link ez-toc-heading-11\" href=\"https:\/\/loudavymkrokem.cz\/hu\/nemetorszag-hamburg-latnivalok\/#7_A_vasarnapi_Fischmarkt\" >7. A vas\u00e1rnapi Fischmarkt<\/a><\/li><li class='ez-toc-page-1 ez-toc-heading-level-3'><a class=\"ez-toc-link ez-toc-heading-12\" href=\"https:\/\/loudavymkrokem.cz\/hu\/nemetorszag-hamburg-latnivalok\/#8_Reeperbahn_es_St_Pauli\" >8. Reeperbahn \u00e9s St. Pauli<\/a><\/li><li class='ez-toc-page-1 ez-toc-heading-level-3'><a class=\"ez-toc-link ez-toc-heading-13\" href=\"https:\/\/loudavymkrokem.cz\/hu\/nemetorszag-hamburg-latnivalok\/#9_A_Planten_un_Blomen_park\" >9. A Planten un Blomen park<\/a><\/li><li class='ez-toc-page-1 ez-toc-heading-level-3'><a class=\"ez-toc-link ez-toc-heading-14\" href=\"https:\/\/loudavymkrokem.cz\/hu\/nemetorszag-hamburg-latnivalok\/#10_A_Rathaus_varoshaza\" >10. A Rathaus v\u00e1rosh\u00e1za<\/a><\/li><li class='ez-toc-page-1 ez-toc-heading-level-3'><a class=\"ez-toc-link ez-toc-heading-15\" href=\"https:\/\/loudavymkrokem.cz\/hu\/nemetorszag-hamburg-latnivalok\/#11_Az_Alster-tavak\" >11. Az Alster-tavak<\/a><\/li><li class='ez-toc-page-1 ez-toc-heading-level-3'><a class=\"ez-toc-link ez-toc-heading-16\" href=\"https:\/\/loudavymkrokem.cz\/hu\/nemetorszag-hamburg-latnivalok\/#12_Szent_Miklos-emlekmu_St_Nikolai_Mahnmal\" >12. Szent Mikl\u00f3s-eml\u00e9km\u0171 (St. Nikolai Mahnmal)<\/a><\/li><li class='ez-toc-page-1 ez-toc-heading-level-3'><a class=\"ez-toc-link ez-toc-heading-17\" href=\"https:\/\/loudavymkrokem.cz\/hu\/nemetorszag-hamburg-latnivalok\/#13_A_regi_Elba-alagut_Alter_Elbtunnel\" >13. A r\u00e9gi Elba-alag\u00fat (Alter Elbtunnel)<\/a><\/li><li class='ez-toc-page-1 ez-toc-heading-level-3'><a class=\"ez-toc-link ez-toc-heading-18\" href=\"https:\/\/loudavymkrokem.cz\/hu\/nemetorszag-hamburg-latnivalok\/#14_A_Kontorhausviertel_negyed_es_a_Chilehaus\" >14. A Kontorhausviertel negyed \u00e9s a Chilehaus<\/a><\/li><li class='ez-toc-page-1 ez-toc-heading-level-3'><a class=\"ez-toc-link ez-toc-heading-19\" href=\"https:\/\/loudavymkrokem.cz\/hu\/nemetorszag-hamburg-latnivalok\/#15_Hamburger_Kunsthalle\" >15. Hamburger Kunsthalle<\/a><\/li><li class='ez-toc-page-1 ez-toc-heading-level-3'><a class=\"ez-toc-link ez-toc-heading-20\" href=\"https:\/\/loudavymkrokem.cz\/hu\/nemetorszag-hamburg-latnivalok\/#16_Dialog_im_Dunkeln\" >16. Dialog im Dunkeln<\/a><\/li><li class='ez-toc-page-1 ez-toc-heading-level-3'><a class=\"ez-toc-link ez-toc-heading-21\" href=\"https:\/\/loudavymkrokem.cz\/hu\/nemetorszag-hamburg-latnivalok\/#17_A_lepcsokkel_teli_Treppenviertel_Blankenese\" >17. A l\u00e9pcs\u0151kkel teli Treppenviertel Blankenese<\/a><\/li><li class='ez-toc-page-1 ez-toc-heading-level-3'><a class=\"ez-toc-link ez-toc-heading-22\" href=\"https:\/\/loudavymkrokem.cz\/hu\/nemetorszag-hamburg-latnivalok\/#18_Szent_Mihaly-templom_Michel\" >18. Szent Mih\u00e1ly-templom (Michel)<\/a><\/li><li class='ez-toc-page-1 ez-toc-heading-level-3'><a class=\"ez-toc-link ez-toc-heading-23\" href=\"https:\/\/loudavymkrokem.cz\/hu\/nemetorszag-hamburg-latnivalok\/#19_Chocoversum_csokolademuzeum\" >19. Chocoversum csokol\u00e1d\u00e9m\u00fazeum<\/a><\/li><li class='ez-toc-page-1 ez-toc-heading-level-3'><a class=\"ez-toc-link ez-toc-heading-24\" href=\"https:\/\/loudavymkrokem.cz\/hu\/nemetorszag-hamburg-latnivalok\/#20_A_hipster_Schanzenviertel_negyed\" >20. A hipster Schanzenviertel negyed<\/a><\/li><li class='ez-toc-page-1 ez-toc-heading-level-3'><a class=\"ez-toc-link ez-toc-heading-25\" href=\"https:\/\/loudavymkrokem.cz\/hu\/nemetorszag-hamburg-latnivalok\/#21_A_Cap_San_Diego_es_a_Rickmer_Rickmers_muzeumhajok\" >21. A Cap San Diego \u00e9s a Rickmer Rickmers m\u00fazeumhaj\u00f3k<\/a><\/li><li class='ez-toc-page-1 ez-toc-heading-level-3'><a class=\"ez-toc-link ez-toc-heading-26\" href=\"https:\/\/loudavymkrokem.cz\/hu\/nemetorszag-hamburg-latnivalok\/#22_Zold_es_fenntarthato_gasztronomia\" >22. Z\u00f6ld \u00e9s fenntarthat\u00f3 gasztron\u00f3mia<\/a><\/li><\/ul><\/li><li class='ez-toc-page-1 ez-toc-heading-level-2'><a class=\"ez-toc-link ez-toc-heading-27\" href=\"https:\/\/loudavymkrokem.cz\/hu\/nemetorszag-hamburg-latnivalok\/#Hova_tovabb_Hamburgbol\" >Hova tov\u00e1bb Hamburgb\u00f3l<\/a><\/li><li class='ez-toc-page-1 ez-toc-heading-level-2'><a class=\"ez-toc-link ez-toc-heading-28\" href=\"https:\/\/loudavymkrokem.cz\/hu\/nemetorszag-hamburg-latnivalok\/#Gyakran_ismetelt_kerdesek\" >Gyakran ism\u00e9telt k\u00e9rd\u00e9sek<\/a><ul class='ez-toc-list-level-3' ><li class='ez-toc-heading-level-3'><a class=\"ez-toc-link ez-toc-heading-29\" href=\"https:\/\/loudavymkrokem.cz\/hu\/nemetorszag-hamburg-latnivalok\/#Hany_napra_van_szuksegem_Hamburg_meglatogatasahoz\" >H\u00e1ny napra van sz\u00fcks\u00e9gem Hamburg megl\u00e1togat\u00e1s\u00e1hoz?<\/a><\/li><li class='ez-toc-page-1 ez-toc-heading-level-3'><a class=\"ez-toc-link ez-toc-heading-30\" href=\"https:\/\/loudavymkrokem.cz\/hu\/nemetorszag-hamburg-latnivalok\/#Hogyan_jutok_el_a_legegyszerubben_a_repuloterrol_a_belvarosba\" >Hogyan jutok el a legegyszer\u0171bben a rep\u00fcl\u0151t\u00e9rr\u0151l a belv\u00e1rosba?<\/a><\/li><li class='ez-toc-page-1 ez-toc-heading-level-3'><a class=\"ez-toc-link ez-toc-heading-31\" href=\"https:\/\/loudavymkrokem.cz\/hu\/nemetorszag-hamburg-latnivalok\/#Gyermekes_csaladok_szamara_is_alkalmas_a_varos\" >Gyermekes csal\u00e1dok sz\u00e1m\u00e1ra is alkalmas a v\u00e1ros?<\/a><\/li><li class='ez-toc-page-1 ez-toc-heading-level-3'><a class=\"ez-toc-link ez-toc-heading-32\" href=\"https:\/\/loudavymkrokem.cz\/hu\/nemetorszag-hamburg-latnivalok\/#Hogy_all_a_kozlekedes_es_megeri_a_Hamburg_Card\" >Hogy \u00e1ll a k\u00f6zleked\u00e9s, \u00e9s meg\u00e9ri a Hamburg Card?<\/a><\/li><li class='ez-toc-page-1 ez-toc-heading-level-3'><a class=\"ez-toc-link ez-toc-heading-33\" href=\"https:\/\/loudavymkrokem.cz\/hu\/nemetorszag-hamburg-latnivalok\/#Mekkora_koltsegvetesre_szamitsak_a_belepoknel\" >Mekkora k\u00f6lts\u00e9gvet\u00e9sre sz\u00e1m\u00edtsak a bel\u00e9p\u0151kn\u00e9l?<\/a><\/li><li class='ez-toc-page-1 ez-toc-heading-level-3'><a class=\"ez-toc-link ez-toc-heading-34\" href=\"https:\/\/loudavymkrokem.cz\/hu\/nemetorszag-hamburg-latnivalok\/#Elore_meg_kell_vasarolnom_a_jegyeket_a_fo_latnivalokhoz\" >El\u0151re meg kell v\u00e1s\u00e1rolnom a jegyeket a f\u0151 l\u00e1tnival\u00f3khoz?<\/a><\/li><li class='ez-toc-page-1 ez-toc-heading-level-3'><a class=\"ez-toc-link ez-toc-heading-35\" href=\"https:\/\/loudavymkrokem.cz\/hu\/nemetorszag-hamburg-latnivalok\/#Mit_lehet_csinalni_a_varosban_amikor_eppen_esik_az_eso\" >Mit lehet csin\u00e1lni a v\u00e1rosban, amikor \u00e9ppen esik az es\u0151?<\/a><\/li><\/ul><\/li><\/ul><\/nav><\/div>\n<h3 class=\"wp-block-heading\"><span class=\"ez-toc-section\" id=\"Osszefoglalas_azoknak_akiknek_nincs_idejuk_vegigolvasni_a_cikket\"><\/span>\u00d6sszefoglal\u00e1s azoknak, akiknek nincs idej\u00fck v\u00e9gigolvasni a cikket<span class=\"ez-toc-section-end\"><\/span><\/h3>\n\n\n\n<ul class=\"wp-block-list\">\n\n<li><strong>Miniatur Wunderland:<\/strong> A vil\u00e1g legnagyobb makettvas\u00fatja 25 eur\u00f3\u00e9rt, ahol <strong>t\u00f6bb h\u00e9ttel el\u0151re foglalnod kell id\u0151pontos bel\u00e9p\u0151t<\/strong>.<\/li>\n\n\n\n<li><strong>Speicherstadt:<\/strong> Az UNESCO \u00e1ltal v\u00e9dett, leny\u0171g\u00f6z\u0151 t\u00f6rt\u00e9nelmi rakt\u00e1rkomplexum, amit <strong>s\u00f6t\u00e9ted\u00e9s ut\u00e1n fot\u00f3zhatsz a legszebben<\/strong>.<\/li>\n\n\n\n<li><strong>Elbphilharmonie:<\/strong> Ikonikus koncert\u00e9p\u00fclet a Plaza kil\u00e1t\u00f3terasz\u00e1val, <strong>ahov\u00e1 el\u0151zetes online foglal\u00e1s ut\u00e1n ingyen bejutsz<\/strong>.<\/li>\n\n\n\n<li><strong>62-es komphaj\u00f3:<\/strong> A legjobb m\u00f3dja annak, hogy panor\u00e1m\u00e1s Elba-haj\u00f3z\u00e1st \u00e9lj \u00e1t <strong>teljesen ingyen, egy sima t\u00f6megk\u00f6zleked\u00e9si jeggyel<\/strong>.<\/li>\n\n\n\n<li><strong>HafenCity:<\/strong> Modern v\u00e1rosr\u00e9sz leny\u0171g\u00f6z\u0151 \u00e9p\u00edt\u00e9szettel, amely a f\u0151 m\u00fazeumokkal egy\u00fctt <strong>biztosan lefoglal egy eg\u00e9sz napot<\/strong>.<\/li>\n\n\n\n<li><strong>St. Pauli \u00e9s a Reeperbahn:<\/strong> Legend\u00e1s v\u00e1rosr\u00e9sz pezsg\u0151 \u00e9jszakai \u00e9let\u00e9r\u0151l h\u00edres, ahol <strong>egykor a Beatles is elkezdte a karrierj\u00e9t<\/strong>.<\/li>\n\n\n<\/ul>\n\n\n\n<figure data-wp-context=\"{&quot;imageId&quot;:&quot;6a95356699eff&quot;}\" data-wp-interactive=\"core\/image\" data-wp-key=\"6a95356699eff\" class=\"wp-block-image size-full wp-lightbox-container\"><img decoding=\"async\" width=\"1800\" height=\"1200\" data-wp-class--hide=\"state.isContentHidden\" data-wp-class--show=\"state.isContentVisible\" data-wp-init=\"callbacks.setButtonStyles\" data-wp-on--click=\"actions.showLightbox\" data-wp-on--load=\"callbacks.setButtonStyles\" data-wp-on--pointerdown=\"actions.preloadImage\" data-wp-on--pointerenter=\"actions.preloadImageWithDelay\" data-wp-on--pointerleave=\"actions.cancelPreload\" data-wp-on-window--resize=\"callbacks.setButtonStyles\" src=\"https:\/\/loudavymkrokem.cz\/wp-content\/uploads\/2026\/08\/nemecko-clanky-co-videt-v-hamburku-02.jpg\" alt=\"Hamburg \u00e9s az Alster-t\u00f3\" class=\"wp-image-396942\" title=\"\" srcset=\"https:\/\/loudavymkrokem.cz\/wp-content\/uploads\/2026\/08\/nemecko-clanky-co-videt-v-hamburku-02.jpg 1800w, https:\/\/loudavymkrokem.cz\/wp-content\/uploads\/2026\/08\/nemecko-clanky-co-videt-v-hamburku-02-300x200.jpg 300w, https:\/\/loudavymkrokem.cz\/wp-content\/uploads\/2026\/08\/nemecko-clanky-co-videt-v-hamburku-02-700x467.jpg 700w, https:\/\/loudavymkrokem.cz\/wp-content\/uploads\/2026\/08\/nemecko-clanky-co-videt-v-hamburku-02-768x512.jpg 768w, https:\/\/loudavymkrokem.cz\/wp-content\/uploads\/2026\/08\/nemecko-clanky-co-videt-v-hamburku-02-1536x1024.jpg 1536w, https:\/\/loudavymkrokem.cz\/wp-content\/uploads\/2026\/08\/nemecko-clanky-co-videt-v-hamburku-02-696x464.jpg 696w, https:\/\/loudavymkrokem.cz\/wp-content\/uploads\/2026\/08\/nemecko-clanky-co-videt-v-hamburku-02-1392x928.jpg 1392w\" sizes=\"(max-width: 1800px) 100vw, 1800px\" \/><button\n\t\t\tclass=\"lightbox-trigger\"\n\t\t\ttype=\"button\"\n\t\t\taria-haspopup=\"dialog\"\n\t\t\tdata-wp-bind--aria-label=\"state.thisImage.triggerButtonAriaLabel\"\n\t\t\tdata-wp-init=\"callbacks.initTriggerButton\"\n\t\t\tdata-wp-on--click=\"actions.showLightbox\"\n\t\t\tdata-wp-style--right=\"state.thisImage.buttonRight\"\n\t\t\tdata-wp-style--top=\"state.thisImage.buttonTop\"\n\t\t>\n\t\t\t<svg xmlns=\"http:\/\/www.w3.org\/2000\/svg\" width=\"12\" height=\"12\" fill=\"none\" viewBox=\"0 0 12 12\">\n\t\t\t\t<path fill=\"#fff\" d=\"M2 0a2 2 0 0 0-2 2v2h1.5V2a.5.5 0 0 1 .5-.5h2V0H2Zm2 10.5H2a.5.5 0 0 1-.5-.5V8H0v2a2 2 0 0 0 2 2h2v-1.5ZM8 12v-1.5h2a.5.5 0 0 0 .5-.5V8H12v2a2 2 0 0 1-2 2H8Zm2-12a2 2 0 0 1 2 2v2h-1.5V2a.5.5 0 0 0-.5-.5H8V0h2Z\" \/>\n\t\t\t<\/svg>\n\t\t<\/button><figcaption class=\"wp-element-caption\">Foto: Frank Rietsch \/ Pexels<\/figcaption><\/figure>\n\n\n\n<h2 class=\"wp-block-heading\"><span class=\"ez-toc-section\" id=\"Mikor_erdemes_Hamburgba_utazni\"><\/span>Mikor \u00e9rdemes Hamburgba utazni<span class=\"ez-toc-section-end\"><\/span><\/h2>\n\n\n\n<p class=\"wp-block-paragraph\">\u00c9szak-N\u00e9metorsz\u00e1g igazi specialit\u00e1sa a v\u00e1ltoz\u00e9kony tengerparti id\u0151j\u00e1r\u00e1s, amire a helyieknek k\u00fcl\u00f6n szavuk is van: Schietwetter. \u00c9ppen ez\u00e9rt \u00e9rdemes komolyan venni a felk\u00e9sz\u00fcl\u00e9st, \u00e9s r\u00e9tegesen \u00f6lt\u00f6zni. <strong>A l\u00e1togat\u00e1sra egy\u00e9rtelm\u0171en a ny\u00e1ri h\u00f3napok, j\u00faniust\u00f3l augusztusig a legjobbak<\/strong>, amikor a h\u0151m\u00e9rs\u00e9klet \u00e1ltal\u00e1ban felk\u00faszik a kellemes huszon\u00f6t fok k\u00f6rny\u00e9k\u00e9re, \u00e9s a nappalok gy\u00f6ny\u00f6r\u0171en hossz\u00faak. A lenyugv\u00f3 nap r\u00e1ad\u00e1sul csod\u00e1latos aranysz\u00edn\u0171 \u00e1rnyalatot k\u00f6lcs\u00f6n\u00f6z a kik\u00f6t\u0151 t\u00e9gl\u00e1s \u00e9p\u00fcleteinek, amit r\u00f6gt\u00f6n megszeretsz. Azzal viszont sz\u00e1molnod kell, hogy ez a f\u0151 turistaszezon, \u00edgy a kulcsfontoss\u00e1g\u00fa l\u00e1tnival\u00f3kn\u00e1l lesz a legt\u00f6bb ember, \u00e9s a sz\u00e1ll\u00e1s is ilyenkor a legdr\u00e1g\u00e1bb.<\/p>\n\n\n\n<p class=\"wp-block-paragraph\">Ha nyugodtabb temp\u00f3t \u00e9s kevesebb turist\u00e1t szeretn\u00e9l, <strong>remek v\u00e1laszt\u00e1s a k\u00e9s\u0151 tavasz vagy a kora \u0151sz<\/strong>, amikor a v\u00e1ros csod\u00e1latos sz\u00ednekbe \u00f6lt\u00f6zik, \u00e9s a sz\u00e1llod\u00e1k \u00e1ra is elviselhet\u0151bb szintre s\u00fcllyed. B\u00e1r m\u00e1jusban vagy szeptemberben id\u0151nk\u00e9nt meglephet egy fut\u00f3 z\u00e1por \u00e9s a jellegzetes er\u0151s tengeri sz\u00e9l, a v\u00e1rosnak ilyenkor csod\u00e1latosan melankolikus hangulata van. Mindig \u00e9rdemes viszont egy j\u00f3 min\u0151s\u00e9g\u0171 es\u0151kab\u00e1tot k\u00e9zn\u00e9l tartani, mert a klasszikus eserny\u0151k a helyi er\u0151s sz\u00e9lben gyakran nem sokat \u00e9rnek \u2013 ink\u00e1bb csak k\u00fczden\u00e9l vel\u00fck.<\/p>\n\n\n\n<p class=\"wp-block-paragraph\">A t\u00e9li h\u00f3napok ugyan hidegebb id\u0151t \u00e9s korai s\u00f6t\u00e9ted\u00e9st hoznak, de a v\u00e1ros ilyenkor eg\u00e9szen m\u00e1s var\u00e1zst kap, amit \u00e9rdemes \u00e1t\u00e9lni. <strong>A kar\u00e1csony el\u0151tti id\u0151szak teljesen m\u00e1gikus a v\u00e1rosban sz\u00e9tsz\u00f3rt sok v\u00e1s\u00e1rnak k\u00f6sz\u00f6nhet\u0151en<\/strong>, amelyeket a s\u00fclt gesztenye, a forralt bor \u00e9s a hagyom\u00e1nyos m\u00e9zeskal\u00e1cs illata leng be. T\u00e9len sokkal jobban \u00e9lvezed a belt\u00e9ri ki\u00e1ll\u00edt\u00e1sokat, a f\u0171t\u00f6tt k\u00e1v\u00e9z\u00f3kat \u00e9s a rengeteg m\u00fazeumot, \u00fagyhogy egy esetleges es\u0151 egy\u00e1ltal\u00e1n nem kell, hogy elrontsa a hangulatod. \u263a\ufe0f<\/p>\n\n\n\n<figure data-wp-context=\"{&quot;imageId&quot;:&quot;6a9535669a591&quot;}\" data-wp-interactive=\"core\/image\" data-wp-key=\"6a9535669a591\" class=\"wp-block-image size-full wp-lightbox-container\"><img decoding=\"async\" width=\"1800\" height=\"1200\" data-wp-class--hide=\"state.isContentHidden\" data-wp-class--show=\"state.isContentVisible\" data-wp-init=\"callbacks.setButtonStyles\" data-wp-on--click=\"actions.showLightbox\" data-wp-on--load=\"callbacks.setButtonStyles\" data-wp-on--pointerdown=\"actions.preloadImage\" data-wp-on--pointerenter=\"actions.preloadImageWithDelay\" data-wp-on--pointerleave=\"actions.cancelPreload\" data-wp-on-window--resize=\"callbacks.setButtonStyles\" src=\"https:\/\/loudavymkrokem.cz\/wp-content\/uploads\/2026\/08\/nemecko-clanky-co-videt-v-hamburku-03.jpg\" alt=\"A HafenCity v\u00e1rosr\u00e9sz modern \u00e9p\u00edt\u00e9szete\" class=\"wp-image-396944\" title=\"\" srcset=\"https:\/\/loudavymkrokem.cz\/wp-content\/uploads\/2026\/08\/nemecko-clanky-co-videt-v-hamburku-03.jpg 1800w, https:\/\/loudavymkrokem.cz\/wp-content\/uploads\/2026\/08\/nemecko-clanky-co-videt-v-hamburku-03-300x200.jpg 300w, https:\/\/loudavymkrokem.cz\/wp-content\/uploads\/2026\/08\/nemecko-clanky-co-videt-v-hamburku-03-700x467.jpg 700w, https:\/\/loudavymkrokem.cz\/wp-content\/uploads\/2026\/08\/nemecko-clanky-co-videt-v-hamburku-03-768x512.jpg 768w, https:\/\/loudavymkrokem.cz\/wp-content\/uploads\/2026\/08\/nemecko-clanky-co-videt-v-hamburku-03-1536x1024.jpg 1536w, https:\/\/loudavymkrokem.cz\/wp-content\/uploads\/2026\/08\/nemecko-clanky-co-videt-v-hamburku-03-696x464.jpg 696w, https:\/\/loudavymkrokem.cz\/wp-content\/uploads\/2026\/08\/nemecko-clanky-co-videt-v-hamburku-03-1392x928.jpg 1392w\" sizes=\"(max-width: 1800px) 100vw, 1800px\" \/><button\n\t\t\tclass=\"lightbox-trigger\"\n\t\t\ttype=\"button\"\n\t\t\taria-haspopup=\"dialog\"\n\t\t\tdata-wp-bind--aria-label=\"state.thisImage.triggerButtonAriaLabel\"\n\t\t\tdata-wp-init=\"callbacks.initTriggerButton\"\n\t\t\tdata-wp-on--click=\"actions.showLightbox\"\n\t\t\tdata-wp-style--right=\"state.thisImage.buttonRight\"\n\t\t\tdata-wp-style--top=\"state.thisImage.buttonTop\"\n\t\t>\n\t\t\t<svg xmlns=\"http:\/\/www.w3.org\/2000\/svg\" width=\"12\" height=\"12\" fill=\"none\" viewBox=\"0 0 12 12\">\n\t\t\t\t<path fill=\"#fff\" d=\"M2 0a2 2 0 0 0-2 2v2h1.5V2a.5.5 0 0 1 .5-.5h2V0H2Zm2 10.5H2a.5.5 0 0 1-.5-.5V8H0v2a2 2 0 0 0 2 2h2v-1.5ZM8 12v-1.5h2a.5.5 0 0 0 .5-.5V8H12v2a2 2 0 0 1-2 2H8Zm2-12a2 2 0 0 1 2 2v2h-1.5V2a.5.5 0 0 0-.5-.5H8V0h2Z\" \/>\n\t\t\t<\/svg>\n\t\t<\/button><figcaption class=\"wp-element-caption\">Foto: Dietmar Rabich \/ Wikimedia Commons, CC BY-SA 4.0<\/figcaption><\/figure>\n\n\n\n<h2 class=\"wp-block-heading\"><span class=\"ez-toc-section\" id=\"Hol_szallj_meg_Hamburgban\"><\/span>Hol sz\u00e1llj meg Hamburgban<span class=\"ez-toc-section-end\"><\/span><\/h2>\n\n\n\n<p class=\"wp-block-paragraph\">\ud83d\udca1 <strong>Tipp:<\/strong> A hamburgi sz\u00e1ll\u00e1sk\u00edn\u00e1latot egy helyen \u00f6sszehasonl\u00edthatod \u2014 <a href=\"https:\/\/www.stay22.com\/allez\/roam?aid=lukaskonecny&#038;campaign=loudavymkrokemcz&#038;campaign=co-videt-v-hamburku&#038;address=Hamburk%2C%20N%C4%9Bmecko\" target=\"_blank\" rel=\"noopener nofollow sponsored\">n\u00e9zd meg az el\u00e9rhet\u0151s\u00e9get \u00e9s az \u00e1rakat Hamburgban<\/a>. \u00c9rdemes el\u0151re foglalni, mert a legjobb \u00e1r-fekv\u00e9s ar\u00e1ny megy el els\u0151k\u00e9nt.<\/p>\n\n\n<p class=\"wp-block-paragraph\"><em>\ud83d\udca1 Tipp sz\u00e1ll\u00e1sra \u00e9s \u00e9lm\u00e9nyekre: A sz\u00e1ll\u00e1st a legsz\u00edvesebben a <a href=\"https:\/\/www.booking.com\/searchresults.html?ss=Hamburk%2C%20N%C4%9Bmecko&#038;aid=2397601\" target=\"_blank\" rel=\"nofollow noopener sponsored\">Booking.com<\/a>-on keress\u00fck, ahol \u00e1ltal\u00e1ban a <strong>legjobbak a lemond\u00e1si felt\u00e9telek<\/strong>. A <strong>bel\u00e9p\u0151jegyeket, kir\u00e1ndul\u00e1sokat \u00e9s programokat<\/strong> pedig \u00e9rdemes \u00f6sszehasonl\u00edtani \u00e9s megvenni a <a href=\"https:\/\/www.getyourguide.com\/s\/?q=Hamburk%2C%20N%C4%9Bmecko&#038;partner_id=MKZ64IS\" target=\"_blank\" rel=\"nofollow noopener sponsored\">GetYourGuide<\/a>-on.<\/em><\/p>\n\n\n\n<p class=\"wp-block-paragraph\">A megfelel\u0151 v\u00e1rosr\u00e9sz kiv\u00e1laszt\u00e1sa alapvet\u0151en befoly\u00e1solhatja a v\u00e1rossal kapcsolatos \u00e9lm\u00e9nyedet, ez\u00e9rt el\u0151re alaposan gondold \u00e1t, hogy pontosan mit v\u00e1rsz az utaz\u00e1st\u00f3l. <strong>Ha el\u0151sz\u00f6r j\u00e1rsz a v\u00e1rosban, \u00e9s a f\u0151 l\u00e1tnival\u00f3kat karny\u00fajt\u00e1snyira szeretn\u00e9d, v\u00e1laszd a modern HafenCity v\u00e1rosr\u00e9szt vagy a k\u00f6zponti Neustadtot \u00e9s Altstadtot<\/strong>. A t\u00f6rt\u00e9nelmi belv\u00e1rosban az \u00e9jszak\u00e1nk\u00e9nti \u00e1rak jellemz\u0151en 100 \u00e9s 190 eur\u00f3 k\u00f6z\u00f6tt mozognak, de \u00f3ri\u00e1si el\u0151ny, hogy mindenhov\u00e1 gyalog eljutsz, \u00e9s rengeteg id\u0151t sp\u00f3rolsz. Remek \u00e9lm\u00e9ny p\u00e9ld\u00e1ul a st\u00edlusos <strong>25hours Hotel HafenCity<\/strong>, amely j\u00e1t\u00e9kos tenger\u00e9sz diz\u00e1jnt k\u00edn\u00e1l a legmodernebb v\u00e1rosr\u00e9sz sz\u00edv\u00e9ben, dokkokra n\u00e9z\u0151 kil\u00e1t\u00e1ssal.<\/p>\n\n\n\n<p class=\"wp-block-paragraph\">Olcs\u00f3bb \u00e9s nagyon trendi alternat\u00edva az Altona v\u00e1rosr\u00e9sz, amely rengeteg remek f\u00fcggetlen k\u00e1v\u00e9z\u00f3t \u00e9s gy\u00f6ny\u00f6r\u0171 kil\u00e1t\u00e1sokat k\u00edn\u00e1l az Elba f\u00f6l\u00f6tti szikl\u00e1kr\u00f3l. A fiatalabb utaz\u00f3k \u00e9s a pezsg\u0151 \u00e9jszakai \u00e9let szerelmesei gyakran <strong>a Reeperbahn k\u00f6rny\u00e9k\u00e9n, a St. Pauli v\u00e1rosr\u00e9szben keresnek sz\u00e1ll\u00e1st<\/strong>, ahol a legjobb b\u00e1rokat \u00e9s megfizethet\u0151 hosteleket tal\u00e1lsz ak\u00e1r m\u00e1r 40 eur\u00f3\/\u00e9jszaka \u00e1ron. Itt viszont sz\u00e1molnod kell azzal, hogy az utc\u00e1k a kora hajnali \u00f3r\u00e1kig \u00e9lnek, teh\u00e1t nem \u00e9ppen ide\u00e1lis hely a nyugodt csal\u00e1di alv\u00e1shoz.<\/p>\n\n\n\n<p class=\"wp-block-paragraph\">Nyugodtabb tart\u00f3zkod\u00e1shoz, kiv\u00e1l\u00f3 t\u00f6megk\u00f6zleked\u00e9si el\u00e9rhet\u0151s\u00e9ggel viszont remek\u00fcl illik a St. Georg k\u00f6rny\u00e9ke, amely csak egy karny\u00fajt\u00e1snyira fekszik a f\u0151p\u00e1lyaudvart\u00f3l, \u00e9s valamivel kedvez\u0151bb \u00e1rakat k\u00edn\u00e1l, mint maga a t\u00f6rt\u00e9nelmi belv\u00e1ros. <strong>Aj\u00e1nlom a nagyon n\u00e9pszer\u0171 Hotel Volksschule-t<\/strong>, amely egy r\u00e9gi iskola\u00e9p\u00fclet \u00e9rz\u00e9keny fel\u00faj\u00edt\u00e1s\u00e1b\u00f3l sz\u00fcletett, \u00e9s fantasztikus reggelij\u00e9vel nyer\u0151. B\u00e1rmelyik helysz\u00ednt is v\u00e1lasztod, a sz\u00e1ll\u00e1st mindig kell\u0151 el\u0151rel\u00e1t\u00e1ssal foglald, mert Hamburg eg\u00e9sz \u00e9vben nagyon keresett c\u00e9lpont, \u00e9s a legjobb kapacit\u00e1sok hihetetlen gyorsan elfogynak.<\/p>\n\n\n\n<p class=\"wp-block-paragraph\">A v\u00e1rosr\u00e9szek \u00e9s konkr\u00e9t sz\u00e1llod\u00e1k r\u00e9szletes \u00e1ttekint\u00e9s\u00e9t k\u00fcl\u00f6n cikkben tal\u00e1lod: <a href=\"https:\/\/loudavymkrokem.cz\/hu\/hol-szallj-meg-hamburg\/\">Hol lakj Hamburgban<\/a>, ahol \u00f6sszehasonl\u00edtjuk a HafenCityt, az Alton\u00e1t \u00e9s a St. Paulit, \u00e9s 12 sz\u00e1llod\u00e1t aj\u00e1nlunk a hostelt\u0151l a luxusig. <a href=\"https:\/\/www.stay22.com\/allez\/roam?aid=lukaskonecny&#038;campaign=loudavymkrokemcz&#038;campaign=co-videt-v-hamburku&#038;hotelname=Hotel%20Volksschule&#038;address=Hamburk%2C%20N%C4%9Bmecko\" target=\"_blank\" rel=\"noopener nofollow sponsored\">A sz\u00e1ll\u00e1s el\u00e9rhet\u0151s\u00e9g\u00e9t<\/a> \u00e9rdemes min\u00e9l el\u0151bb ellen\u0151rizni.<\/p>\n\n\n\n<figure data-wp-context=\"{&quot;imageId&quot;:&quot;6a9535669adae&quot;}\" data-wp-interactive=\"core\/image\" data-wp-key=\"6a9535669adae\" class=\"wp-block-image size-full wp-lightbox-container\"><img decoding=\"async\" width=\"1800\" height=\"621\" data-wp-class--hide=\"state.isContentHidden\" data-wp-class--show=\"state.isContentVisible\" data-wp-init=\"callbacks.setButtonStyles\" data-wp-on--click=\"actions.showLightbox\" data-wp-on--load=\"callbacks.setButtonStyles\" data-wp-on--pointerdown=\"actions.preloadImage\" data-wp-on--pointerenter=\"actions.preloadImageWithDelay\" data-wp-on--pointerleave=\"actions.cancelPreload\" data-wp-on-window--resize=\"callbacks.setButtonStyles\" src=\"https:\/\/loudavymkrokem.cz\/wp-content\/uploads\/2026\/08\/nemecko-clanky-co-videt-v-hamburku-04.jpg\" alt=\"A hamburgi kik\u00f6t\u0151 mad\u00e1rt\u00e1vlatb\u00f3l\" class=\"wp-image-396962\" title=\"\" srcset=\"https:\/\/loudavymkrokem.cz\/wp-content\/uploads\/2026\/08\/nemecko-clanky-co-videt-v-hamburku-04.jpg 1800w, https:\/\/loudavymkrokem.cz\/wp-content\/uploads\/2026\/08\/nemecko-clanky-co-videt-v-hamburku-04-300x104.jpg 300w, https:\/\/loudavymkrokem.cz\/wp-content\/uploads\/2026\/08\/nemecko-clanky-co-videt-v-hamburku-04-700x242.jpg 700w, https:\/\/loudavymkrokem.cz\/wp-content\/uploads\/2026\/08\/nemecko-clanky-co-videt-v-hamburku-04-768x265.jpg 768w, https:\/\/loudavymkrokem.cz\/wp-content\/uploads\/2026\/08\/nemecko-clanky-co-videt-v-hamburku-04-1536x530.jpg 1536w, https:\/\/loudavymkrokem.cz\/wp-content\/uploads\/2026\/08\/nemecko-clanky-co-videt-v-hamburku-04-696x240.jpg 696w, https:\/\/loudavymkrokem.cz\/wp-content\/uploads\/2026\/08\/nemecko-clanky-co-videt-v-hamburku-04-1392x480.jpg 1392w\" sizes=\"(max-width: 1800px) 100vw, 1800px\" \/><button\n\t\t\tclass=\"lightbox-trigger\"\n\t\t\ttype=\"button\"\n\t\t\taria-haspopup=\"dialog\"\n\t\t\tdata-wp-bind--aria-label=\"state.thisImage.triggerButtonAriaLabel\"\n\t\t\tdata-wp-init=\"callbacks.initTriggerButton\"\n\t\t\tdata-wp-on--click=\"actions.showLightbox\"\n\t\t\tdata-wp-style--right=\"state.thisImage.buttonRight\"\n\t\t\tdata-wp-style--top=\"state.thisImage.buttonTop\"\n\t\t>\n\t\t\t<svg xmlns=\"http:\/\/www.w3.org\/2000\/svg\" width=\"12\" height=\"12\" fill=\"none\" viewBox=\"0 0 12 12\">\n\t\t\t\t<path fill=\"#fff\" d=\"M2 0a2 2 0 0 0-2 2v2h1.5V2a.5.5 0 0 1 .5-.5h2V0H2Zm2 10.5H2a.5.5 0 0 1-.5-.5V8H0v2a2 2 0 0 0 2 2h2v-1.5ZM8 12v-1.5h2a.5.5 0 0 0 .5-.5V8H12v2a2 2 0 0 1-2 2H8Zm2-12a2 2 0 0 1 2 2v2h-1.5V2a.5.5 0 0 0-.5-.5H8V0h2Z\" \/>\n\t\t\t<\/svg>\n\t\t<\/button><figcaption class=\"wp-element-caption\">Foto: Dietmar Rabich \/ Wikimedia Commons, CC BY-SA 4.0<\/figcaption><\/figure>\n\n\n\n<h2 class=\"wp-block-heading\"><span class=\"ez-toc-section\" id=\"22_tipp_mit_lass_es_mit_csinalj_Hamburgban\"><\/span>22 tipp, mit l\u00e1ss \u00e9s mit csin\u00e1lj Hamburgban<span class=\"ez-toc-section-end\"><\/span><\/h2>\n\n\n\n<p class=\"wp-block-paragraph\">N\u00e9zz\u00fck meg r\u00e9szletesen a legszebb helyek \u00e9s programok teljes list\u00e1j\u00e1t, amelyeket a l\u00e1togat\u00e1sod sor\u00e1n semmik\u00e9pp se hagyj ki. <strong>K\u00e9sz\u00fclj fel a l\u00e9legzetel\u00e1ll\u00edt\u00f3 \u00e9p\u00edt\u00e9szet, az \u00f3ri\u00e1si haj\u00f3k \u00e9s a rejtett z\u00f6ld o\u00e1zisok felfedez\u00e9s\u00e9re<\/strong>, amelyek ennek a leny\u0171g\u00f6z\u0151 v\u00e1rosnak az \u00f6sszet\u00e9veszthetetlen jelleg\u00e9t adj\u00e1k.<\/p>\n\n\n\n<figure data-wp-context=\"{&quot;imageId&quot;:&quot;6a9535669b12d&quot;}\" data-wp-interactive=\"core\/image\" data-wp-key=\"6a9535669b12d\" class=\"wp-block-image size-full wp-lightbox-container\"><img decoding=\"async\" width=\"1800\" height=\"1200\" data-wp-class--hide=\"state.isContentHidden\" data-wp-class--show=\"state.isContentVisible\" data-wp-init=\"callbacks.setButtonStyles\" data-wp-on--click=\"actions.showLightbox\" data-wp-on--load=\"callbacks.setButtonStyles\" data-wp-on--pointerdown=\"actions.preloadImage\" data-wp-on--pointerenter=\"actions.preloadImageWithDelay\" data-wp-on--pointerleave=\"actions.cancelPreload\" data-wp-on-window--resize=\"callbacks.setButtonStyles\" src=\"https:\/\/loudavymkrokem.cz\/wp-content\/uploads\/2026\/08\/nemecko-clanky-co-videt-v-hamburku-05.jpg\" alt=\"A Speicherstadt t\u00e9gl\u00e1s rakt\u00e1rai\" class=\"wp-image-397158\" title=\"\" srcset=\"https:\/\/loudavymkrokem.cz\/wp-content\/uploads\/2026\/08\/nemecko-clanky-co-videt-v-hamburku-05.jpg 1800w, https:\/\/loudavymkrokem.cz\/wp-content\/uploads\/2026\/08\/nemecko-clanky-co-videt-v-hamburku-05-300x200.jpg 300w, https:\/\/loudavymkrokem.cz\/wp-content\/uploads\/2026\/08\/nemecko-clanky-co-videt-v-hamburku-05-700x467.jpg 700w, https:\/\/loudavymkrokem.cz\/wp-content\/uploads\/2026\/08\/nemecko-clanky-co-videt-v-hamburku-05-768x512.jpg 768w, https:\/\/loudavymkrokem.cz\/wp-content\/uploads\/2026\/08\/nemecko-clanky-co-videt-v-hamburku-05-1536x1024.jpg 1536w, https:\/\/loudavymkrokem.cz\/wp-content\/uploads\/2026\/08\/nemecko-clanky-co-videt-v-hamburku-05-696x464.jpg 696w, https:\/\/loudavymkrokem.cz\/wp-content\/uploads\/2026\/08\/nemecko-clanky-co-videt-v-hamburku-05-1392x928.jpg 1392w\" sizes=\"(max-width: 1800px) 100vw, 1800px\" \/><button\n\t\t\tclass=\"lightbox-trigger\"\n\t\t\ttype=\"button\"\n\t\t\taria-haspopup=\"dialog\"\n\t\t\tdata-wp-bind--aria-label=\"state.thisImage.triggerButtonAriaLabel\"\n\t\t\tdata-wp-init=\"callbacks.initTriggerButton\"\n\t\t\tdata-wp-on--click=\"actions.showLightbox\"\n\t\t\tdata-wp-style--right=\"state.thisImage.buttonRight\"\n\t\t\tdata-wp-style--top=\"state.thisImage.buttonTop\"\n\t\t>\n\t\t\t<svg xmlns=\"http:\/\/www.w3.org\/2000\/svg\" width=\"12\" height=\"12\" fill=\"none\" viewBox=\"0 0 12 12\">\n\t\t\t\t<path fill=\"#fff\" d=\"M2 0a2 2 0 0 0-2 2v2h1.5V2a.5.5 0 0 1 .5-.5h2V0H2Zm2 10.5H2a.5.5 0 0 1-.5-.5V8H0v2a2 2 0 0 0 2 2h2v-1.5ZM8 12v-1.5h2a.5.5 0 0 0 .5-.5V8H12v2a2 2 0 0 1-2 2H8Zm2-12a2 2 0 0 1 2 2v2h-1.5V2a.5.5 0 0 0-.5-.5H8V0h2Z\" \/>\n\t\t\t<\/svg>\n\t\t<\/button><figcaption class=\"wp-element-caption\">Foto: Dietmar Rabich \/ Wikimedia Commons, CC BY-SA 4.0<\/figcaption><\/figure>\n\n\n\n<h3 class=\"wp-block-heading\"><span class=\"ez-toc-section\" id=\"1_Speicherstadt\"><\/span>1. Speicherstadt<span class=\"ez-toc-section-end\"><\/span><\/h3>\n\n\n\n<p class=\"wp-block-paragraph\">A vil\u00e1g legnagyobb \u00f6sszef\u00fcgg\u0151 t\u00f6rt\u00e9nelmi rakt\u00e1rkomplexuma a v\u00e1ros abszol\u00fat meghat\u00e1roz\u00f3 l\u00e1tv\u00e1nyoss\u00e1ga, \u00e9s <strong>joggal b\u00fcszk\u00e9lkedhet az UNESCO vil\u00e1g\u00f6r\u00f6ks\u00e9gi list\u00e1j\u00e1n val\u00f3 szerepl\u00e9ssel<\/strong>. Az eg\u00e9sz v\u00e1rosr\u00e9szt v\u00edzi csatorn\u00e1k h\u00e1l\u00f3zata sz\u00f6vi \u00e1t, amelyek f\u00f6l\u00f6tt v\u00f6r\u00f6s t\u00e9gl\u00e1s massz\u00edv \u00e9p\u00fcletek magasodnak, jellegzetes r\u00e9zbor\u00edt\u00e1s\u00fa tet\u0151kkel \u00e9s d\u00edszes neog\u00f3tikus oromzatokkal. Ezekben az utc\u00e1kban a s\u00e9ta teljesen ingyenes, \u00e9s megcsap az az igazi hangulat, amikor m\u00e9g nagy t\u00e9telben t\u00e1rolt\u00e1k itt a k\u00e1v\u00e9t, a kaka\u00f3t, a keleti sz\u0151nyegeket \u00e9s a dr\u00e1ga f\u0171szereket a vil\u00e1g minden t\u00e1j\u00e1r\u00f3l.<\/p>\n\n\n\n<p class=\"wp-block-paragraph\">A komplexum a tizenkilencedik sz\u00e1zad v\u00e9g\u00e9n \u00e9p\u00fclt, \u00e9s \u00e9p\u00fcletei ezernyi t\u00f6lgyfac\u00f6l\u00f6p\u00f6n \u00e1llnak, amelyeket m\u00e9lyen a foly\u00f3 iszapj\u00e1ba vertek. <strong>Mindenk\u00e9pp n\u00e9zd meg az \u00fagynevezett Wasserschlosst, azaz a V\u00edzi kast\u00e9lyt<\/strong>, ez egy rendk\u00edv\u00fcl fotog\u00e9n \u00e9p\u00fclet, amely pont k\u00e9t csatorna tal\u00e1lkoz\u00e1s\u00e1n\u00e1l \u00e1ll, ma pedig egy hangulatos te\u00e1z\u00f3 m\u0171k\u00f6dik benne. A s\u00e9ta e fens\u00e9ges \u00e9p\u00fcletek k\u00f6z\u00f6tt sz\u00f3 szerint visszarep\u00edt a hanza-keresked\u0151k legnagyobb dics\u0151s\u00e9g\u00e9nek kor\u00e1ba.<\/p>\n\n\n\n<p class=\"wp-block-paragraph\">\ud83d\udca1 Tipp: <strong>Az eg\u00e9sz ter\u00fclet k\u00f6zvetlen\u00fcl napnyugta ut\u00e1n a legfotog\u00e9nebb<\/strong>, amikor felgyullad a romantikus esti vil\u00e1g\u00edt\u00e1s. A t\u00e9glafalak \u00e9s a hidak gy\u00f6ny\u00f6r\u0171en t\u00fckr\u00f6z\u0151dni kezdenek a csatorn\u00e1k s\u00f6t\u00e9t viz\u00e9n, ami teljesen m\u00e1gikus l\u00e1tv\u00e1nyt teremt.<\/p>\n\n\n\n<figure data-wp-context=\"{&quot;imageId&quot;:&quot;6a9535669b51f&quot;}\" data-wp-interactive=\"core\/image\" data-wp-key=\"6a9535669b51f\" class=\"wp-block-image size-full wp-lightbox-container\"><img decoding=\"async\" width=\"1800\" height=\"1192\" data-wp-class--hide=\"state.isContentHidden\" data-wp-class--show=\"state.isContentVisible\" data-wp-init=\"callbacks.setButtonStyles\" data-wp-on--click=\"actions.showLightbox\" data-wp-on--load=\"callbacks.setButtonStyles\" data-wp-on--pointerdown=\"actions.preloadImage\" data-wp-on--pointerenter=\"actions.preloadImageWithDelay\" data-wp-on--pointerleave=\"actions.cancelPreload\" data-wp-on-window--resize=\"callbacks.setButtonStyles\" src=\"https:\/\/loudavymkrokem.cz\/wp-content\/uploads\/2026\/08\/nemecko-clanky-co-videt-v-hamburku-06.jpg\" alt=\"Makettvas\u00fat a Miniatur Wunderlandban\" class=\"wp-image-398123\" title=\"\" srcset=\"https:\/\/loudavymkrokem.cz\/wp-content\/uploads\/2026\/08\/nemecko-clanky-co-videt-v-hamburku-06.jpg 1800w, https:\/\/loudavymkrokem.cz\/wp-content\/uploads\/2026\/08\/nemecko-clanky-co-videt-v-hamburku-06-300x199.jpg 300w, https:\/\/loudavymkrokem.cz\/wp-content\/uploads\/2026\/08\/nemecko-clanky-co-videt-v-hamburku-06-700x464.jpg 700w, https:\/\/loudavymkrokem.cz\/wp-content\/uploads\/2026\/08\/nemecko-clanky-co-videt-v-hamburku-06-768x509.jpg 768w, https:\/\/loudavymkrokem.cz\/wp-content\/uploads\/2026\/08\/nemecko-clanky-co-videt-v-hamburku-06-1536x1017.jpg 1536w, https:\/\/loudavymkrokem.cz\/wp-content\/uploads\/2026\/08\/nemecko-clanky-co-videt-v-hamburku-06-696x461.jpg 696w, https:\/\/loudavymkrokem.cz\/wp-content\/uploads\/2026\/08\/nemecko-clanky-co-videt-v-hamburku-06-1392x922.jpg 1392w\" sizes=\"(max-width: 1800px) 100vw, 1800px\" \/><button\n\t\t\tclass=\"lightbox-trigger\"\n\t\t\ttype=\"button\"\n\t\t\taria-haspopup=\"dialog\"\n\t\t\tdata-wp-bind--aria-label=\"state.thisImage.triggerButtonAriaLabel\"\n\t\t\tdata-wp-init=\"callbacks.initTriggerButton\"\n\t\t\tdata-wp-on--click=\"actions.showLightbox\"\n\t\t\tdata-wp-style--right=\"state.thisImage.buttonRight\"\n\t\t\tdata-wp-style--top=\"state.thisImage.buttonTop\"\n\t\t>\n\t\t\t<svg xmlns=\"http:\/\/www.w3.org\/2000\/svg\" width=\"12\" height=\"12\" fill=\"none\" viewBox=\"0 0 12 12\">\n\t\t\t\t<path fill=\"#fff\" d=\"M2 0a2 2 0 0 0-2 2v2h1.5V2a.5.5 0 0 1 .5-.5h2V0H2Zm2 10.5H2a.5.5 0 0 1-.5-.5V8H0v2a2 2 0 0 0 2 2h2v-1.5ZM8 12v-1.5h2a.5.5 0 0 0 .5-.5V8H12v2a2 2 0 0 1-2 2H8Zm2-12a2 2 0 0 1 2 2v2h-1.5V2a.5.5 0 0 0-.5-.5H8V0h2Z\" \/>\n\t\t\t<\/svg>\n\t\t<\/button><figcaption class=\"wp-element-caption\">Foto: Steven Lek \/ Wikimedia Commons, CC BY-SA 4.0<\/figcaption><\/figure>\n\n\n\n<h3 class=\"wp-block-heading\"><span class=\"ez-toc-section\" id=\"2_Miniatur_Wunderland\"><\/span>2. Miniatur Wunderland<span class=\"ez-toc-section-end\"><\/span><\/h3>\n\n\n\n<p class=\"wp-block-paragraph\">A vil\u00e1g legnagyobb makettvas\u00fatja pont a Speicherstadt sz\u00edv\u00e9ben tal\u00e1lhat\u00f3, \u00e9s korra val\u00f3 tekintet n\u00e9lk\u00fcl biztosan elvar\u00e1zsolja a feln\u0151tteket \u00e9s a gyerekeket egyar\u00e1nt. <strong>Ez a leny\u0171g\u00f6z\u0151 attrakci\u00f3 folyamatosan b\u0151v\u00fcl, \u00e9s 2026-ra teljesen \u00faj szekci\u00f3kra sz\u00e1m\u00edthatsz<\/strong>, amelyek r\u00e9szletes es\u0151erd\u0151-modelleket, egy darabka Andokat vagy \u00e9ppen a sz\u00e1raz Atacama-sivatagot foglalnak magukban. Itt minden apr\u00f3 r\u00e9szlet a t\u00f6k\u00e9letess\u00e9gig kidolgozott, r\u00e1ad\u00e1sul rendszeres, tizen\u00f6t perces id\u0151k\u00f6z\u00f6nk\u00e9nt v\u00e1ltakozik a nappal \u00e9s az \u00e9jszaka, \u00edgy minden v\u00e1rosk\u00e1t gy\u00f6ny\u00f6r\u0171en kivil\u00e1g\u00edtva is l\u00e1thatsz.<\/p>\n\n\n\n<p class=\"wp-block-paragraph\">A feln\u0151tt bel\u00e9p\u0151 <strong>nagyj\u00e1b\u00f3l 25 eur\u00f3ba ker\u00fcl, \u00e9s a megtekint\u00e9s nyugodtan ig\u00e9nybe vehet f\u00e9l napot<\/strong>, ha mindent alaposan \u00e9s k\u00e9nyelmesen szeretn\u00e9l megn\u00e9zni. Megcsod\u00e1lhatod a val\u00f3s\u00e1gosan fel- \u00e9s lesz\u00e1ll\u00f3 rep\u00fcl\u0151g\u00e9pekkel teli miniat\u0171r reptere, a r\u00e9szletes alpesi falvakat, a havas Skandin\u00e1vi\u00e1t \u00e9s a pici, saj\u00e1t vicces t\u00f6rt\u00e9nettel rendelkez\u0151 figur\u00e1kkal teli ny\u00fczsg\u0151 v\u00e1rosokat. A helyi alkot\u00f3knak \u00f3ri\u00e1si humor\u00e9rz\u00e9k\u00fck van, \u00fagyhogy ha j\u00f3l szem\u00fcgyre veszed, rengeteg vicces \u00e9letk\u00e9pet fedezel fel.<\/p>\n\n\n\n<p class=\"wp-block-paragraph\">\ud83d\udca1 Tipp: <strong>Az id\u0151pontos bel\u00e9p\u0151 online foglal\u00e1sa abszol\u00fat k\u00f6telez\u0151<\/strong>, mert a f\u0151szezonban ak\u00e1r t\u00f6bb h\u00e9ttel el\u0151re is elkelnek a jegyek. A helysz\u00ednen egyszer\u0171en nem kapsz jegyet, \u00e9s \u00f3ri\u00e1si k\u00e1r lenne lemaradni err\u0151l az \u00e9lm\u00e9nyr\u0151l.<\/p>\n\n\n\n<figure data-wp-context=\"{&quot;imageId&quot;:&quot;6a9535669b920&quot;}\" data-wp-interactive=\"core\/image\" data-wp-key=\"6a9535669b920\" class=\"wp-block-image size-full wp-lightbox-container\"><img decoding=\"async\" width=\"1800\" height=\"1800\" data-wp-class--hide=\"state.isContentHidden\" data-wp-class--show=\"state.isContentVisible\" data-wp-init=\"callbacks.setButtonStyles\" data-wp-on--click=\"actions.showLightbox\" data-wp-on--load=\"callbacks.setButtonStyles\" data-wp-on--pointerdown=\"actions.preloadImage\" data-wp-on--pointerenter=\"actions.preloadImageWithDelay\" data-wp-on--pointerleave=\"actions.cancelPreload\" data-wp-on-window--resize=\"callbacks.setButtonStyles\" src=\"https:\/\/loudavymkrokem.cz\/wp-content\/uploads\/2026\/08\/nemecko-clanky-co-videt-v-hamburku-07.jpg\" alt=\"Az Elbphilharmonie \u00e9p\u00fclete a kik\u00f6t\u0151 felett\" class=\"wp-image-398583\" title=\"\" srcset=\"https:\/\/loudavymkrokem.cz\/wp-content\/uploads\/2026\/08\/nemecko-clanky-co-videt-v-hamburku-07.jpg 1800w, https:\/\/loudavymkrokem.cz\/wp-content\/uploads\/2026\/08\/nemecko-clanky-co-videt-v-hamburku-07-300x300.jpg 300w, https:\/\/loudavymkrokem.cz\/wp-content\/uploads\/2026\/08\/nemecko-clanky-co-videt-v-hamburku-07-700x700.jpg 700w, https:\/\/loudavymkrokem.cz\/wp-content\/uploads\/2026\/08\/nemecko-clanky-co-videt-v-hamburku-07-150x150.jpg 150w, https:\/\/loudavymkrokem.cz\/wp-content\/uploads\/2026\/08\/nemecko-clanky-co-videt-v-hamburku-07-768x768.jpg 768w, https:\/\/loudavymkrokem.cz\/wp-content\/uploads\/2026\/08\/nemecko-clanky-co-videt-v-hamburku-07-1536x1536.jpg 1536w, https:\/\/loudavymkrokem.cz\/wp-content\/uploads\/2026\/08\/nemecko-clanky-co-videt-v-hamburku-07-696x696.jpg 696w, https:\/\/loudavymkrokem.cz\/wp-content\/uploads\/2026\/08\/nemecko-clanky-co-videt-v-hamburku-07-1392x1392.jpg 1392w\" sizes=\"(max-width: 1800px) 100vw, 1800px\" \/><button\n\t\t\tclass=\"lightbox-trigger\"\n\t\t\ttype=\"button\"\n\t\t\taria-haspopup=\"dialog\"\n\t\t\tdata-wp-bind--aria-label=\"state.thisImage.triggerButtonAriaLabel\"\n\t\t\tdata-wp-init=\"callbacks.initTriggerButton\"\n\t\t\tdata-wp-on--click=\"actions.showLightbox\"\n\t\t\tdata-wp-style--right=\"state.thisImage.buttonRight\"\n\t\t\tdata-wp-style--top=\"state.thisImage.buttonTop\"\n\t\t>\n\t\t\t<svg xmlns=\"http:\/\/www.w3.org\/2000\/svg\" width=\"12\" height=\"12\" fill=\"none\" viewBox=\"0 0 12 12\">\n\t\t\t\t<path fill=\"#fff\" d=\"M2 0a2 2 0 0 0-2 2v2h1.5V2a.5.5 0 0 1 .5-.5h2V0H2Zm2 10.5H2a.5.5 0 0 1-.5-.5V8H0v2a2 2 0 0 0 2 2h2v-1.5ZM8 12v-1.5h2a.5.5 0 0 0 .5-.5V8H12v2a2 2 0 0 1-2 2H8Zm2-12a2 2 0 0 1 2 2v2h-1.5V2a.5.5 0 0 0-.5-.5H8V0h2Z\" \/>\n\t\t\t<\/svg>\n\t\t<\/button><figcaption class=\"wp-element-caption\">Foto: Dietmar Rabich \/ Wikimedia Commons, CC BY-SA 4.0<\/figcaption><\/figure>\n\n\n\n<h3 class=\"wp-block-heading\"><span class=\"ez-toc-section\" id=\"3_Elbphilharmonie\"><\/span>3. Elbphilharmonie<span class=\"ez-toc-section-end\"><\/span><\/h3>\n\n\n\n<p class=\"wp-block-paragraph\">A koncertterem ikonikus \u00e9p\u00fclete, amely form\u00e1j\u00e1val fesz\u00fcl\u0151 haj\u00f3vitorl\u00e1kra vagy h\u00e1borg\u00f3 hull\u00e1mokra eml\u00e9keztet, megnyit\u00e1sa \u00f3ta a v\u00e1ros modern szimb\u00f3lum\u00e1v\u00e1 v\u00e1lt. <strong>Az als\u00f3 r\u00e9sz\u00e9t egy r\u00e9gi t\u00e9gl\u00e1s rakt\u00e1r alkotja, amelyre egy leny\u0171g\u00f6z\u0151 \u00fcveg\u00e9p\u00edtm\u00e9ny \u00fclt r\u00e1<\/strong>, ami gy\u00f6ny\u00f6r\u0171en t\u00fckr\u00f6zi az eget \u00e9s a k\u00f6rnyez\u0151 vizet, \u00e9s az aktu\u00e1lis id\u0151j\u00e1r\u00e1s szerint v\u00e1ltoztatja a sz\u00edn\u00e9t. \u00c9p\u00edt\u00e9szeti szempontb\u00f3l ez igazi remekm\u0171, amely az eg\u00e9sz kik\u00f6t\u0151 felett uralkodik, \u00e9s m\u00e1r messzir\u0151l mag\u00e1ra vonja minden l\u00e1togat\u00f3 tekintet\u00e9t.<\/p>\n\n\n\n<p class=\"wp-block-paragraph\">Pontosan a t\u00e9gl\u00e1s \u00e9s \u00fcveges r\u00e9sz k\u00f6z\u00f6tt tal\u00e1lhat\u00f3 <strong>az \u00fagynevezett Plaza, egy nyilv\u00e1nosan l\u00e1togathat\u00f3 kil\u00e1t\u00f3terasz, fantasztikus kil\u00e1t\u00e1ssal a v\u00e1rosra \u00e9s a t\u00e1voli \u00f3ri\u00e1si darukra<\/strong>. Az \u00e9p\u00fclet k\u00f6r\u00fcl k\u00f6rbes\u00e9t\u00e1lhatsz, \u00e9s figyelheted a foly\u00f3 ny\u00fczsg\u00e9s\u00e9t, valamint a t\u00f6rt\u00e9nelmi templomok tornyait. Fel egy egyedi, t\u00f6bb mint nyolcvan m\u00e9ter hossz\u00fa \u00edvelt mozg\u00f3l\u00e9pcs\u0151 visz, amely \u00f6nmag\u00e1ban is \u00f3ri\u00e1si \u00e9p\u00edt\u00e9szeti \u00e9lm\u00e9ny, hiszen az \u00edvel\u00e9se miatt egy\u00e1ltal\u00e1n nem l\u00e1tod a v\u00e9g\u00e9t.<\/p>\n\n\n\n<p class=\"wp-block-paragraph\">\ud83d\udca1 Tipp: <strong>A kil\u00e1t\u00f3teraszra a bel\u00e9p\u00e9s ugyan ingyenes, de el\u0151re le kell foglalnod egy id\u0151pontot<\/strong> a hivatalos weboldalon. \u00c9rv\u00e9nyes foglal\u00e1s n\u00e9lk\u00fcl sajnos nem engednek fel az \u00edvelt mozg\u00f3l\u00e9pcs\u0151h\u00f6z, \u00e9s csak rem\u00e9nykedhetn\u00e9l, hogy lesz szabad hely a p\u00e9nzt\u00e1rn\u00e1l.<\/p>\n\n\n\n<figure data-wp-context=\"{&quot;imageId&quot;:&quot;6a9535669bd68&quot;}\" data-wp-interactive=\"core\/image\" data-wp-key=\"6a9535669bd68\" class=\"wp-block-image size-full wp-lightbox-container\"><img decoding=\"async\" width=\"1800\" height=\"1350\" data-wp-class--hide=\"state.isContentHidden\" data-wp-class--show=\"state.isContentVisible\" data-wp-init=\"callbacks.setButtonStyles\" data-wp-on--click=\"actions.showLightbox\" data-wp-on--load=\"callbacks.setButtonStyles\" data-wp-on--pointerdown=\"actions.preloadImage\" data-wp-on--pointerenter=\"actions.preloadImageWithDelay\" data-wp-on--pointerleave=\"actions.cancelPreload\" data-wp-on-window--resize=\"callbacks.setButtonStyles\" src=\"https:\/\/loudavymkrokem.cz\/wp-content\/uploads\/2026\/08\/nemecko-clanky-co-videt-v-hamburku-08.jpg\" alt=\"A HafenCity rakpartja\" class=\"wp-image-398815\" title=\"\" srcset=\"https:\/\/loudavymkrokem.cz\/wp-content\/uploads\/2026\/08\/nemecko-clanky-co-videt-v-hamburku-08.jpg 1800w, https:\/\/loudavymkrokem.cz\/wp-content\/uploads\/2026\/08\/nemecko-clanky-co-videt-v-hamburku-08-300x225.jpg 300w, https:\/\/loudavymkrokem.cz\/wp-content\/uploads\/2026\/08\/nemecko-clanky-co-videt-v-hamburku-08-700x525.jpg 700w, https:\/\/loudavymkrokem.cz\/wp-content\/uploads\/2026\/08\/nemecko-clanky-co-videt-v-hamburku-08-768x576.jpg 768w, https:\/\/loudavymkrokem.cz\/wp-content\/uploads\/2026\/08\/nemecko-clanky-co-videt-v-hamburku-08-1536x1152.jpg 1536w, https:\/\/loudavymkrokem.cz\/wp-content\/uploads\/2026\/08\/nemecko-clanky-co-videt-v-hamburku-08-80x60.jpg 80w, https:\/\/loudavymkrokem.cz\/wp-content\/uploads\/2026\/08\/nemecko-clanky-co-videt-v-hamburku-08-160x120.jpg 160w, https:\/\/loudavymkrokem.cz\/wp-content\/uploads\/2026\/08\/nemecko-clanky-co-videt-v-hamburku-08-696x522.jpg 696w, https:\/\/loudavymkrokem.cz\/wp-content\/uploads\/2026\/08\/nemecko-clanky-co-videt-v-hamburku-08-1392x1044.jpg 1392w\" sizes=\"(max-width: 1800px) 100vw, 1800px\" \/><button\n\t\t\tclass=\"lightbox-trigger\"\n\t\t\ttype=\"button\"\n\t\t\taria-haspopup=\"dialog\"\n\t\t\tdata-wp-bind--aria-label=\"state.thisImage.triggerButtonAriaLabel\"\n\t\t\tdata-wp-init=\"callbacks.initTriggerButton\"\n\t\t\tdata-wp-on--click=\"actions.showLightbox\"\n\t\t\tdata-wp-style--right=\"state.thisImage.buttonRight\"\n\t\t\tdata-wp-style--top=\"state.thisImage.buttonTop\"\n\t\t>\n\t\t\t<svg xmlns=\"http:\/\/www.w3.org\/2000\/svg\" width=\"12\" height=\"12\" fill=\"none\" viewBox=\"0 0 12 12\">\n\t\t\t\t<path fill=\"#fff\" d=\"M2 0a2 2 0 0 0-2 2v2h1.5V2a.5.5 0 0 1 .5-.5h2V0H2Zm2 10.5H2a.5.5 0 0 1-.5-.5V8H0v2a2 2 0 0 0 2 2h2v-1.5ZM8 12v-1.5h2a.5.5 0 0 0 .5-.5V8H12v2a2 2 0 0 1-2 2H8Zm2-12a2 2 0 0 1 2 2v2h-1.5V2a.5.5 0 0 0-.5-.5H8V0h2Z\" \/>\n\t\t\t<\/svg>\n\t\t<\/button><figcaption class=\"wp-element-caption\">Foto: Miwa \/ Pexels<\/figcaption><\/figure>\n\n\n\n<h3 class=\"wp-block-heading\"><span class=\"ez-toc-section\" id=\"4_A_modern_HafenCity_varosresz\"><\/span>4. A modern HafenCity v\u00e1rosr\u00e9sz<span class=\"ez-toc-section-end\"><\/span><\/h3>\n\n\n\n<p class=\"wp-block-paragraph\">K\u00f6zvetlen\u00fcl a t\u00f6rt\u00e9nelmi Speicherstadt szomsz\u00e9ds\u00e1g\u00e1ban n\u0151 ki Eur\u00f3pa legnagyobb v\u00e1rosfejleszt\u00e9si projektje, amely teljesen \u00e1tform\u00e1lja a r\u00e9gi kik\u00f6t\u0151 arculat\u00e1t. <strong>A HafenCity a cs\u00facsmin\u0151s\u00e9g\u0171 modern \u00e9p\u00edt\u00e9szet felvonul\u00e1sa, ahol minden \u00e9p\u00fclet elismert vil\u00e1gh\u00edr\u0171 \u00e9p\u00edt\u00e9szek keze alatt sz\u00fcletett<\/strong>, \u00e9s hihetetlen kontrasztot alkot a nem messze l\u00e9v\u0151 t\u00e9gl\u00e1s rakt\u00e1rakkal. Sz\u00e9les v\u00edz menti s\u00e9t\u00e1nyokat, modern lak\u00f3t\u00f6mb\u00f6ket, luxus \u00fcvegirod\u00e1kat, st\u00edlusos k\u00e1v\u00e9z\u00f3kat \u00e9s az egyes szigetecsk\u00e9ket \u00f6sszek\u00f6t\u0151 futurisztikus hidakat tal\u00e1lsz itt.<\/p>\n\n\n\n<p class=\"wp-block-paragraph\">Ez az eg\u00e9sz hatalmas ter\u00fclet <strong>az Elbphilharmonie, a Speicherstadt \u00e9s a Miniatur Wunderland l\u00e1togat\u00e1s\u00e1val egy\u00fctt biztosan lefoglal egy eg\u00e9sz napot<\/strong>. Mindenk\u00e9pp \u00e9rdemes k\u00e9nyelmes cip\u0151ben idej\u00f6nni, \u00e9s ugyanarra a napra nem tervezni semmilyen nagy \u00e1thelyez\u0151d\u00e9st a v\u00e1ros t\u00e1volabbi r\u00e9szeire. Leny\u0171g\u00f6z\u0151 figyelni, hogyan birk\u00f3zott meg a v\u00e1ros az \u00e1rv\u00edz fenyeget\u00e9s\u00e9vel, hiszen az \u00f6sszes \u00faj \u00e9p\u00fcletet \u00e9s s\u00e9t\u00e1nyt speci\u00e1lis emelv\u00e9nyekre emelt\u00e9k.<\/p>\n\n\n\n<p class=\"wp-block-paragraph\">\ud83d\udca1 Tipp: <strong>\u00c1llj meg az \u00fagynevezett Magellan-teraszokn\u00e1l<\/strong>, ez egy kaszk\u00e1dosan a v\u00edzhez ereszked\u0151 t\u00e9r. Ide\u00e1lis hely a pihen\u00e9shez egy poh\u00e1r j\u00f3 k\u00e1v\u00e9val, mik\u00f6zben az elhalad\u00f3 kis haj\u00f3kat figyeled.<\/p>\n\n\n\n<figure data-wp-context=\"{&quot;imageId&quot;:&quot;6a9535669c167&quot;}\" data-wp-interactive=\"core\/image\" data-wp-key=\"6a9535669c167\" class=\"wp-block-image size-full wp-lightbox-container\"><img decoding=\"async\" width=\"1800\" height=\"1195\" data-wp-class--hide=\"state.isContentHidden\" data-wp-class--show=\"state.isContentVisible\" data-wp-init=\"callbacks.setButtonStyles\" data-wp-on--click=\"actions.showLightbox\" data-wp-on--load=\"callbacks.setButtonStyles\" data-wp-on--pointerdown=\"actions.preloadImage\" data-wp-on--pointerenter=\"actions.preloadImageWithDelay\" data-wp-on--pointerleave=\"actions.cancelPreload\" data-wp-on-window--resize=\"callbacks.setButtonStyles\" src=\"https:\/\/loudavymkrokem.cz\/wp-content\/uploads\/2026\/08\/nemecko-clanky-co-videt-v-hamburku-09.jpg\" alt=\"Nemzetk\u00f6zi Tenger\u00e9szeti M\u00fazeum Hamburgban\" class=\"wp-image-398820\" title=\"\" srcset=\"https:\/\/loudavymkrokem.cz\/wp-content\/uploads\/2026\/08\/nemecko-clanky-co-videt-v-hamburku-09.jpg 1800w, https:\/\/loudavymkrokem.cz\/wp-content\/uploads\/2026\/08\/nemecko-clanky-co-videt-v-hamburku-09-300x199.jpg 300w, https:\/\/loudavymkrokem.cz\/wp-content\/uploads\/2026\/08\/nemecko-clanky-co-videt-v-hamburku-09-700x465.jpg 700w, https:\/\/loudavymkrokem.cz\/wp-content\/uploads\/2026\/08\/nemecko-clanky-co-videt-v-hamburku-09-768x510.jpg 768w, https:\/\/loudavymkrokem.cz\/wp-content\/uploads\/2026\/08\/nemecko-clanky-co-videt-v-hamburku-09-1536x1020.jpg 1536w, https:\/\/loudavymkrokem.cz\/wp-content\/uploads\/2026\/08\/nemecko-clanky-co-videt-v-hamburku-09-696x462.jpg 696w, https:\/\/loudavymkrokem.cz\/wp-content\/uploads\/2026\/08\/nemecko-clanky-co-videt-v-hamburku-09-1392x924.jpg 1392w\" sizes=\"(max-width: 1800px) 100vw, 1800px\" \/><button\n\t\t\tclass=\"lightbox-trigger\"\n\t\t\ttype=\"button\"\n\t\t\taria-haspopup=\"dialog\"\n\t\t\tdata-wp-bind--aria-label=\"state.thisImage.triggerButtonAriaLabel\"\n\t\t\tdata-wp-init=\"callbacks.initTriggerButton\"\n\t\t\tdata-wp-on--click=\"actions.showLightbox\"\n\t\t\tdata-wp-style--right=\"state.thisImage.buttonRight\"\n\t\t\tdata-wp-style--top=\"state.thisImage.buttonTop\"\n\t\t>\n\t\t\t<svg xmlns=\"http:\/\/www.w3.org\/2000\/svg\" width=\"12\" height=\"12\" fill=\"none\" viewBox=\"0 0 12 12\">\n\t\t\t\t<path fill=\"#fff\" d=\"M2 0a2 2 0 0 0-2 2v2h1.5V2a.5.5 0 0 1 .5-.5h2V0H2Zm2 10.5H2a.5.5 0 0 1-.5-.5V8H0v2a2 2 0 0 0 2 2h2v-1.5ZM8 12v-1.5h2a.5.5 0 0 0 .5-.5V8H12v2a2 2 0 0 1-2 2H8Zm2-12a2 2 0 0 1 2 2v2h-1.5V2a.5.5 0 0 0-.5-.5H8V0h2Z\" \/>\n\t\t\t<\/svg>\n\t\t<\/button><figcaption class=\"wp-element-caption\">Foto: Frank Schulenburg \/ Wikimedia Commons, CC BY-SA 4.0<\/figcaption><\/figure>\n\n\n\n<h3 class=\"wp-block-heading\"><span class=\"ez-toc-section\" id=\"5_International_Maritime_Museum\"><\/span>5. International Maritime Museum<span class=\"ez-toc-section-end\"><\/span><\/h3>\n\n\n\n<p class=\"wp-block-paragraph\">Ha leny\u0171g\u00f6z a haj\u00f3z\u00e1s \u00e9s a tengeri felfedez\u00e9sek t\u00f6rt\u00e9nete, ez az \u00f3ri\u00e1si t\u00f6rt\u00e9nelmi rakt\u00e1rban, a Kaispeicher B-ben tal\u00e1lhat\u00f3 m\u00fazeum teljesen mag\u00e1val ragad. <strong>A ki\u00e1ll\u00edt\u00e1s hihetetlen kilenc emeleten ter\u00fcl el, \u00e9s a haj\u00f3modellek ezreit mutatja be<\/strong>, tengeri t\u00e9rk\u00e9peket, egyenruh\u00e1kat, haj\u00f3csavarokat \u00e9s t\u00f6rt\u00e9nelmi navig\u00e1ci\u00f3s eszk\u00f6z\u00f6ket a vil\u00e1g minden t\u00e1j\u00e1r\u00f3l. A gy\u0171jtem\u00e9ny olyan hatalmas, hogy az \u00f3ce\u00e1nok emberi megh\u00f3d\u00edt\u00e1s\u00e1nak teljes t\u00f6rt\u00e9net\u00e9t felt\u00e9rk\u00e9pezi az \u00f3kort\u00f3l a h\u00edres csat\u00e1kon \u00e1t eg\u00e9szen a mai \u00f3ri\u00e1si kont\u00e9nerhaj\u00f3kig.<\/p>\n\n\n\n<p class=\"wp-block-paragraph\">A l\u00e1togat\u00e1s nagyon interakt\u00edvan van kialak\u00edtva, \u00edgy <strong>kipr\u00f3b\u00e1lhatsz egy modern haj\u00f3vezet\u0151 szimul\u00e1tort, vagy r\u00e9szletesen megn\u00e9zheted az \u00f3ce\u00e1nj\u00e1r\u00f3 g\u0151z\u00f6s\u00f6k rekonstru\u00e1lt kabinjait<\/strong>. A m\u00fazeum remek v\u00e1laszt\u00e1s es\u0151s napokra is, amib\u0151l \u00c9szak-N\u00e9metorsz\u00e1gban van b\u0151ven, \u00e9s garant\u00e1ltan hossz\u00fa \u00f3r\u00e1kra lek\u00f6ti az eg\u00e9sz csal\u00e1dot.<\/p>\n\n\n\n<p class=\"wp-block-paragraph\">\ud83d\udca1 Tipp: <strong>Mind a kilenc fed\u00e9lzet alapos megtekint\u00e9s\u00e9re sz\u00e1nj legal\u00e1bb h\u00e1rom-n\u00e9gy \u00f3r\u00e1t<\/strong>. Ha sietsz, els\u0151sorban a modern haj\u00f3z\u00e1snak \u00e9s a nagy vitorl\u00e1soknak szentelt emeletekre koncentr\u00e1lj, ezek szoktak vizu\u00e1lisan a legvonz\u00f3bbak lenni.<\/p>\n\n\n\n<figure data-wp-context=\"{&quot;imageId&quot;:&quot;6a9535669c54e&quot;}\" data-wp-interactive=\"core\/image\" data-wp-key=\"6a9535669c54e\" class=\"wp-block-image size-full wp-lightbox-container\"><img decoding=\"async\" width=\"1800\" height=\"1200\" data-wp-class--hide=\"state.isContentHidden\" data-wp-class--show=\"state.isContentVisible\" data-wp-init=\"callbacks.setButtonStyles\" data-wp-on--click=\"actions.showLightbox\" data-wp-on--load=\"callbacks.setButtonStyles\" data-wp-on--pointerdown=\"actions.preloadImage\" data-wp-on--pointerenter=\"actions.preloadImageWithDelay\" data-wp-on--pointerleave=\"actions.cancelPreload\" data-wp-on-window--resize=\"callbacks.setButtonStyles\" src=\"https:\/\/loudavymkrokem.cz\/wp-content\/uploads\/2026\/08\/nemecko-clanky-co-videt-v-hamburku-10.jpg\" alt=\"Komphaj\u00f3 az Elb\u00e1n Hamburgban\" class=\"wp-image-398961\" title=\"\" srcset=\"https:\/\/loudavymkrokem.cz\/wp-content\/uploads\/2026\/08\/nemecko-clanky-co-videt-v-hamburku-10.jpg 1800w, https:\/\/loudavymkrokem.cz\/wp-content\/uploads\/2026\/08\/nemecko-clanky-co-videt-v-hamburku-10-300x200.jpg 300w, https:\/\/loudavymkrokem.cz\/wp-content\/uploads\/2026\/08\/nemecko-clanky-co-videt-v-hamburku-10-700x467.jpg 700w, https:\/\/loudavymkrokem.cz\/wp-content\/uploads\/2026\/08\/nemecko-clanky-co-videt-v-hamburku-10-768x512.jpg 768w, https:\/\/loudavymkrokem.cz\/wp-content\/uploads\/2026\/08\/nemecko-clanky-co-videt-v-hamburku-10-1536x1024.jpg 1536w, https:\/\/loudavymkrokem.cz\/wp-content\/uploads\/2026\/08\/nemecko-clanky-co-videt-v-hamburku-10-696x464.jpg 696w, https:\/\/loudavymkrokem.cz\/wp-content\/uploads\/2026\/08\/nemecko-clanky-co-videt-v-hamburku-10-1392x928.jpg 1392w\" sizes=\"(max-width: 1800px) 100vw, 1800px\" \/><button\n\t\t\tclass=\"lightbox-trigger\"\n\t\t\ttype=\"button\"\n\t\t\taria-haspopup=\"dialog\"\n\t\t\tdata-wp-bind--aria-label=\"state.thisImage.triggerButtonAriaLabel\"\n\t\t\tdata-wp-init=\"callbacks.initTriggerButton\"\n\t\t\tdata-wp-on--click=\"actions.showLightbox\"\n\t\t\tdata-wp-style--right=\"state.thisImage.buttonRight\"\n\t\t\tdata-wp-style--top=\"state.thisImage.buttonTop\"\n\t\t>\n\t\t\t<svg xmlns=\"http:\/\/www.w3.org\/2000\/svg\" width=\"12\" height=\"12\" fill=\"none\" viewBox=\"0 0 12 12\">\n\t\t\t\t<path fill=\"#fff\" d=\"M2 0a2 2 0 0 0-2 2v2h1.5V2a.5.5 0 0 1 .5-.5h2V0H2Zm2 10.5H2a.5.5 0 0 1-.5-.5V8H0v2a2 2 0 0 0 2 2h2v-1.5ZM8 12v-1.5h2a.5.5 0 0 0 .5-.5V8H12v2a2 2 0 0 1-2 2H8Zm2-12a2 2 0 0 1 2 2v2h-1.5V2a.5.5 0 0 0-.5-.5H8V0h2Z\" \/>\n\t\t\t<\/svg>\n\t\t<\/button><figcaption class=\"wp-element-caption\">Foto: Dietmar Rabich \/ Wikimedia Commons, CC BY-SA 4.0<\/figcaption><\/figure>\n\n\n\n<h3 class=\"wp-block-heading\"><span class=\"ez-toc-section\" id=\"6_A_62-es_komp_mint_panoramahajozas\"><\/span>6. A 62-es komp mint panor\u00e1mahaj\u00f3z\u00e1s<span class=\"ez-toc-section-end\"><\/span><\/h3>\n\n\n\n<p class=\"wp-block-paragraph\">A v\u00e1rost a v\u00edz fel\u0151l megtapasztalni abszol\u00fat k\u00f6telez\u0151, de nem kell r\u00f6gt\u00f6n dr\u00e1ga jegyeket venned a kereskedelmi s\u00e9tahaj\u00f3kra. <strong>A legjobb titkos tipp a sima s\u00e1rga, 62-es sz\u00e1m\u00fa komp haszn\u00e1lata<\/strong>, amely a v\u00e1rosi t\u00f6megk\u00f6zleked\u00e9s r\u00e9sze, \u00e9s \u00e9rv\u00e9nyes r\u00e1 a szok\u00e1sos napijegy. A komp a Landungsbr\u00fccken f\u0151 kik\u00f6t\u0151j\u00e9b\u0151l indul, \u00e9s a Finkenwerder-sziget fel\u00e9 tart, az egyik ir\u00e1nyba tart\u00f3 \u00fat k\u00f6r\u00fclbel\u00fcl harminc percig tart.<\/p>\n\n\n\n<p class=\"wp-block-paragraph\">Ez az \u00fatvonal <strong>elvisz a legnagyobb kik\u00f6t\u0151i l\u00e1tv\u00e1nyoss\u00e1gok, a h\u00edres halpiac \u00e9s az \u00f3ri\u00e1si haj\u00f3gy\u00e1rak mellett<\/strong>, \u00edgy fantasztikus k\u00e9pet kapsz az eg\u00e9sz kik\u00f6t\u0151 massz\u00edv m\u00e9reteir\u0151l. Ez a lehet\u0151 legjobb \u00e1r-\u00e9lm\u00e9ny ar\u00e1ny, amit a v\u00e1rosban kaphatsz, \u00e9s \u00fatk\u00f6zben azokat a hatalmas dokkokat is l\u00e1tod, ahol a vil\u00e1g legnagyobb haj\u00f3it jav\u00edtj\u00e1k.<\/p>\n\n\n\n<p class=\"wp-block-paragraph\">\ud83d\udca1 Tipp: <strong>Pr\u00f3b\u00e1lj a haj\u00f3n helyet foglalni a nyitott fels\u0151 fed\u00e9lzeten, r\u00f6gt\u00f6n a korl\u00e1tn\u00e1l<\/strong>, onnan lehet a legjobban fot\u00f3zni. A visszautat megteheted ugyanazzal a haj\u00f3val, vagy tehetsz egy s\u00e9t\u00e1t az Elbstrand homokos partj\u00e1n a Neum\u00fchlen meg\u00e1ll\u00f3n\u00e1l.<\/p>\n\n\n\n<figure data-wp-context=\"{&quot;imageId&quot;:&quot;6a9535669c943&quot;}\" data-wp-interactive=\"core\/image\" data-wp-key=\"6a9535669c943\" class=\"wp-block-image size-full wp-lightbox-container\"><img decoding=\"async\" width=\"1800\" height=\"1193\" data-wp-class--hide=\"state.isContentHidden\" data-wp-class--show=\"state.isContentVisible\" data-wp-init=\"callbacks.setButtonStyles\" data-wp-on--click=\"actions.showLightbox\" data-wp-on--load=\"callbacks.setButtonStyles\" data-wp-on--pointerdown=\"actions.preloadImage\" data-wp-on--pointerenter=\"actions.preloadImageWithDelay\" data-wp-on--pointerleave=\"actions.cancelPreload\" data-wp-on-window--resize=\"callbacks.setButtonStyles\" src=\"https:\/\/loudavymkrokem.cz\/wp-content\/uploads\/2026\/08\/nemecko-clanky-co-videt-v-hamburku-11.jpg\" alt=\"Vas\u00e1rnapi Fischmarkt Hamburgban\" class=\"wp-image-398967\" title=\"\" srcset=\"https:\/\/loudavymkrokem.cz\/wp-content\/uploads\/2026\/08\/nemecko-clanky-co-videt-v-hamburku-11.jpg 1800w, https:\/\/loudavymkrokem.cz\/wp-content\/uploads\/2026\/08\/nemecko-clanky-co-videt-v-hamburku-11-300x199.jpg 300w, https:\/\/loudavymkrokem.cz\/wp-content\/uploads\/2026\/08\/nemecko-clanky-co-videt-v-hamburku-11-700x464.jpg 700w, https:\/\/loudavymkrokem.cz\/wp-content\/uploads\/2026\/08\/nemecko-clanky-co-videt-v-hamburku-11-768x509.jpg 768w, https:\/\/loudavymkrokem.cz\/wp-content\/uploads\/2026\/08\/nemecko-clanky-co-videt-v-hamburku-11-1536x1018.jpg 1536w, https:\/\/loudavymkrokem.cz\/wp-content\/uploads\/2026\/08\/nemecko-clanky-co-videt-v-hamburku-11-696x461.jpg 696w, https:\/\/loudavymkrokem.cz\/wp-content\/uploads\/2026\/08\/nemecko-clanky-co-videt-v-hamburku-11-1392x923.jpg 1392w\" sizes=\"(max-width: 1800px) 100vw, 1800px\" \/><button\n\t\t\tclass=\"lightbox-trigger\"\n\t\t\ttype=\"button\"\n\t\t\taria-haspopup=\"dialog\"\n\t\t\tdata-wp-bind--aria-label=\"state.thisImage.triggerButtonAriaLabel\"\n\t\t\tdata-wp-init=\"callbacks.initTriggerButton\"\n\t\t\tdata-wp-on--click=\"actions.showLightbox\"\n\t\t\tdata-wp-style--right=\"state.thisImage.buttonRight\"\n\t\t\tdata-wp-style--top=\"state.thisImage.buttonTop\"\n\t\t>\n\t\t\t<svg xmlns=\"http:\/\/www.w3.org\/2000\/svg\" width=\"12\" height=\"12\" fill=\"none\" viewBox=\"0 0 12 12\">\n\t\t\t\t<path fill=\"#fff\" d=\"M2 0a2 2 0 0 0-2 2v2h1.5V2a.5.5 0 0 1 .5-.5h2V0H2Zm2 10.5H2a.5.5 0 0 1-.5-.5V8H0v2a2 2 0 0 0 2 2h2v-1.5ZM8 12v-1.5h2a.5.5 0 0 0 .5-.5V8H12v2a2 2 0 0 1-2 2H8Zm2-12a2 2 0 0 1 2 2v2h-1.5V2a.5.5 0 0 0-.5-.5H8V0h2Z\" \/>\n\t\t\t<\/svg>\n\t\t<\/button><figcaption class=\"wp-element-caption\">Foto: Darya Sannikova \/ Pexels<\/figcaption><\/figure>\n\n\n\n<h3 class=\"wp-block-heading\"><span class=\"ez-toc-section\" id=\"7_A_vasarnapi_Fischmarkt\"><\/span>7. A vas\u00e1rnapi Fischmarkt<span class=\"ez-toc-section-end\"><\/span><\/h3>\n\n\n\n<p class=\"wp-block-paragraph\">Ha h\u00e9tv\u00e9g\u00e9n szeretsz kor\u00e1n kelni, nem hagyhatod ki a legend\u00e1s vas\u00e1rnapi piacot az Altona v\u00e1rosr\u00e9szben, amely r\u00f6gt\u00f6n a foly\u00f3 mellett zajlik, \u00e9s a tizennyolcadik sz\u00e1zadig visszany\u00fal\u00f3 hagyom\u00e1nya van. <strong>Az Altonaer Fischmarkt m\u00e1r kora hajnalban \u00e9letre kel, \u00e9s hihetetlen, hangos l\u00e1tv\u00e1nyoss\u00e1got k\u00edn\u00e1l<\/strong>, amikor az \u00e1rusok jellegzetes \u00e9szak-n\u00e9met humorral hangosan k\u00edn\u00e1lgatj\u00e1k port\u00e9k\u00e1jukat, \u00e9s a teheraut\u00f3k plat\u00f3j\u00e1r\u00f3l alkudoznak a l\u00e1togat\u00f3kkal. Itt messze nem csak halat tal\u00e1lsz, a piac tele van friss gy\u00fcm\u00f6lcs\u00f6t, \u00f3ri\u00e1si csokrokat, ruh\u00e1t \u00e9s mindenf\u00e9le helyi finoms\u00e1got \u00e1rul\u00f3 standdal.<\/p>\n\n\n\n<p class=\"wp-block-paragraph\">A helyiek egy \u00e1tmulatott reeperbahni \u00e9jszaka ut\u00e1n <strong>rendszerint elj\u00e1rnak ide a hagyom\u00e1nyos halas zseml\u00e9\u00e9rt, a Fischbr\u00f6tchen\u00e9rt<\/strong>, ez a jellegzetes hamburgi klasszikus, amit forr\u00f3 k\u00e1v\u00e9val eg\u00e9sz\u00edtenek ki. Ha nem is szereted a halat, \u00e9s ink\u00e1bb a n\u00f6v\u00e9nyi \u00e9teleket r\u00e9szes\u00edted el\u0151nyben, a t\u00f6rt\u00e9nelmi \u00e1rver\u00e9si csarnok hangulata a reggeli \u00e9l\u0151 zen\u00e9vel \u00e9s a t\u00e1ncol\u00f3 emberekkel \u00f6nmag\u00e1ban meg\u00e9ri a korai kel\u00e9st.<\/p>\n\n\n\n<p class=\"wp-block-paragraph\">\ud83d\udca1 Tipp: <strong>A piac el\u00e9g kor\u00e1n, \u00e1ltal\u00e1ban m\u00e1r f\u00e9l t\u00edz k\u00f6r\u00fcl elkezd \u00f6sszepakolni<\/strong>, \u00fagyhogy ne felejtsd el be\u00e1ll\u00edtani az \u00e9breszt\u0151t. A legjobb a piaci l\u00e1togat\u00e1st egy hossz\u00fa reggeli rakparti s\u00e9t\u00e1val \u00f6sszek\u00f6tni.<\/p>\n\n\n\n<figure data-wp-context=\"{&quot;imageId&quot;:&quot;6a9535669cd1d&quot;}\" data-wp-interactive=\"core\/image\" data-wp-key=\"6a9535669cd1d\" class=\"wp-block-image size-full wp-lightbox-container\"><img decoding=\"async\" width=\"1800\" height=\"1350\" data-wp-class--hide=\"state.isContentHidden\" data-wp-class--show=\"state.isContentVisible\" data-wp-init=\"callbacks.setButtonStyles\" data-wp-on--click=\"actions.showLightbox\" data-wp-on--load=\"callbacks.setButtonStyles\" data-wp-on--pointerdown=\"actions.preloadImage\" data-wp-on--pointerenter=\"actions.preloadImageWithDelay\" data-wp-on--pointerleave=\"actions.cancelPreload\" data-wp-on-window--resize=\"callbacks.setButtonStyles\" src=\"https:\/\/loudavymkrokem.cz\/wp-content\/uploads\/2026\/08\/nemecko-clanky-co-videt-v-hamburku-12.jpg\" alt=\"A Reeperbahn a St. Pauli v\u00e1rosr\u00e9szben\" class=\"wp-image-398969\" title=\"\" srcset=\"https:\/\/loudavymkrokem.cz\/wp-content\/uploads\/2026\/08\/nemecko-clanky-co-videt-v-hamburku-12.jpg 1800w, https:\/\/loudavymkrokem.cz\/wp-content\/uploads\/2026\/08\/nemecko-clanky-co-videt-v-hamburku-12-300x225.jpg 300w, https:\/\/loudavymkrokem.cz\/wp-content\/uploads\/2026\/08\/nemecko-clanky-co-videt-v-hamburku-12-700x525.jpg 700w, https:\/\/loudavymkrokem.cz\/wp-content\/uploads\/2026\/08\/nemecko-clanky-co-videt-v-hamburku-12-768x576.jpg 768w, https:\/\/loudavymkrokem.cz\/wp-content\/uploads\/2026\/08\/nemecko-clanky-co-videt-v-hamburku-12-1536x1152.jpg 1536w, https:\/\/loudavymkrokem.cz\/wp-content\/uploads\/2026\/08\/nemecko-clanky-co-videt-v-hamburku-12-80x60.jpg 80w, https:\/\/loudavymkrokem.cz\/wp-content\/uploads\/2026\/08\/nemecko-clanky-co-videt-v-hamburku-12-160x120.jpg 160w, https:\/\/loudavymkrokem.cz\/wp-content\/uploads\/2026\/08\/nemecko-clanky-co-videt-v-hamburku-12-696x522.jpg 696w, https:\/\/loudavymkrokem.cz\/wp-content\/uploads\/2026\/08\/nemecko-clanky-co-videt-v-hamburku-12-1392x1044.jpg 1392w\" sizes=\"(max-width: 1800px) 100vw, 1800px\" \/><button\n\t\t\tclass=\"lightbox-trigger\"\n\t\t\ttype=\"button\"\n\t\t\taria-haspopup=\"dialog\"\n\t\t\tdata-wp-bind--aria-label=\"state.thisImage.triggerButtonAriaLabel\"\n\t\t\tdata-wp-init=\"callbacks.initTriggerButton\"\n\t\t\tdata-wp-on--click=\"actions.showLightbox\"\n\t\t\tdata-wp-style--right=\"state.thisImage.buttonRight\"\n\t\t\tdata-wp-style--top=\"state.thisImage.buttonTop\"\n\t\t>\n\t\t\t<svg xmlns=\"http:\/\/www.w3.org\/2000\/svg\" width=\"12\" height=\"12\" fill=\"none\" viewBox=\"0 0 12 12\">\n\t\t\t\t<path fill=\"#fff\" d=\"M2 0a2 2 0 0 0-2 2v2h1.5V2a.5.5 0 0 1 .5-.5h2V0H2Zm2 10.5H2a.5.5 0 0 1-.5-.5V8H0v2a2 2 0 0 0 2 2h2v-1.5ZM8 12v-1.5h2a.5.5 0 0 0 .5-.5V8H12v2a2 2 0 0 1-2 2H8Zm2-12a2 2 0 0 1 2 2v2h-1.5V2a.5.5 0 0 0-.5-.5H8V0h2Z\" \/>\n\t\t\t<\/svg>\n\t\t<\/button><figcaption class=\"wp-element-caption\">Foto: Wusel007 \/ Wikimedia Commons, CC BY-SA 3.0<\/figcaption><\/figure>\n\n\n\n<h3 class=\"wp-block-heading\"><span class=\"ez-toc-section\" id=\"8_Reeperbahn_es_St_Pauli\"><\/span>8. Reeperbahn \u00e9s St. Pauli<span class=\"ez-toc-section-end\"><\/span><\/h3>\n\n\n\n<p class=\"wp-block-paragraph\">Eg\u00e9sz N\u00e9metorsz\u00e1g legh\u00edresebb sz\u00f3rakoz\u00f3negyede csak napnyugtakor \u00e9bred \u00e9letre, \u00e9s sz\u00ednes neonfeliratai messzire ragyognak. <strong>A f\u0151 \u00fct\u0151\u00e9r, a Reeperbahn \u00e9s a St. Pauli v\u00e1rosr\u00e9sz k\u00f6rnyez\u0151 utc\u00e1i alkotj\u00e1k az \u00e9jszakai \u00e9let l\u00fcktet\u0151 k\u00f6zpontj\u00e1t<\/strong>, ahol b\u00e1rok, zenei klubok, sz\u00ednh\u00e1zak \u00e9s ikonikus kabar\u00e9k sz\u00e1zait tal\u00e1lod. Ez egy nyersebb, de nagyon autentikus hangulat\u00fa hely, amely a kik\u00f6t\u0151v\u00e1roshoz \u00e9vtizedek \u00f3ta elv\u00e1laszthatatlanul hozz\u00e1tartozik.<\/p>\n\n\n\n<p class=\"wp-block-paragraph\">\u00c9ppen a helyi kis klubokban <strong>ind\u00edtotta el csillog\u00f3 karrierj\u00e9t a hatvanas \u00e9vek elej\u00e9n a legend\u00e1s Beatles<\/strong>, amire ma egy \u00f3ri\u00e1si bakelitlemez alak\u00fa, k\u00fcl\u00f6nleges t\u00e9r, a Beatles-Platz eml\u00e9keztet. B\u00e1r a v\u00e1rosr\u00e9sznek meglehet\u0151sen vad h\u00edre van, viszonylag biztons\u00e1gos, csak fel kell k\u00e9sz\u00fcln\u00f6d az emberek \u00f3ri\u00e1si s\u0171r\u0171s\u00e9g\u00e9re \u00e9s a hangosabb k\u00f6rnyezetre.<\/p>\n\n\n\n<p class=\"wp-block-paragraph\">\ud83d\udca1 Tipp: <strong>Gyere ide estefel\u00e9 egy remek vacsor\u00e1ra a sok trendi \u00e9tterem valamelyik\u00e9be<\/strong>, azt\u00e1n csak s\u00e9t\u00e1lj a kivil\u00e1g\u00edtott utc\u00e1kban. B\u0151ven el\u00e9g besz\u00edvni a hely saj\u00e1tos hangulat\u00e1t, \u00e9s meginni egy italt valamelyik nyugodtabb, kicsit od\u00e9bb l\u00e9v\u0151 b\u00e1rban.<\/p>\n\n\n\n<figure data-wp-context=\"{&quot;imageId&quot;:&quot;6a9535669d113&quot;}\" data-wp-interactive=\"core\/image\" data-wp-key=\"6a9535669d113\" class=\"wp-block-image size-full wp-lightbox-container\"><img decoding=\"async\" width=\"1800\" height=\"1200\" data-wp-class--hide=\"state.isContentHidden\" data-wp-class--show=\"state.isContentVisible\" data-wp-init=\"callbacks.setButtonStyles\" data-wp-on--click=\"actions.showLightbox\" data-wp-on--load=\"callbacks.setButtonStyles\" data-wp-on--pointerdown=\"actions.preloadImage\" data-wp-on--pointerenter=\"actions.preloadImageWithDelay\" data-wp-on--pointerleave=\"actions.cancelPreload\" data-wp-on-window--resize=\"callbacks.setButtonStyles\" src=\"https:\/\/loudavymkrokem.cz\/wp-content\/uploads\/2026\/08\/nemecko-clanky-co-videt-v-hamburku-13.jpg\" alt=\"A Planten un Blomen park\" class=\"wp-image-398973\" title=\"\" srcset=\"https:\/\/loudavymkrokem.cz\/wp-content\/uploads\/2026\/08\/nemecko-clanky-co-videt-v-hamburku-13.jpg 1800w, https:\/\/loudavymkrokem.cz\/wp-content\/uploads\/2026\/08\/nemecko-clanky-co-videt-v-hamburku-13-300x200.jpg 300w, https:\/\/loudavymkrokem.cz\/wp-content\/uploads\/2026\/08\/nemecko-clanky-co-videt-v-hamburku-13-700x467.jpg 700w, https:\/\/loudavymkrokem.cz\/wp-content\/uploads\/2026\/08\/nemecko-clanky-co-videt-v-hamburku-13-768x512.jpg 768w, https:\/\/loudavymkrokem.cz\/wp-content\/uploads\/2026\/08\/nemecko-clanky-co-videt-v-hamburku-13-1536x1024.jpg 1536w, https:\/\/loudavymkrokem.cz\/wp-content\/uploads\/2026\/08\/nemecko-clanky-co-videt-v-hamburku-13-696x464.jpg 696w, https:\/\/loudavymkrokem.cz\/wp-content\/uploads\/2026\/08\/nemecko-clanky-co-videt-v-hamburku-13-1392x928.jpg 1392w\" sizes=\"(max-width: 1800px) 100vw, 1800px\" \/><button\n\t\t\tclass=\"lightbox-trigger\"\n\t\t\ttype=\"button\"\n\t\t\taria-haspopup=\"dialog\"\n\t\t\tdata-wp-bind--aria-label=\"state.thisImage.triggerButtonAriaLabel\"\n\t\t\tdata-wp-init=\"callbacks.initTriggerButton\"\n\t\t\tdata-wp-on--click=\"actions.showLightbox\"\n\t\t\tdata-wp-style--right=\"state.thisImage.buttonRight\"\n\t\t\tdata-wp-style--top=\"state.thisImage.buttonTop\"\n\t\t>\n\t\t\t<svg xmlns=\"http:\/\/www.w3.org\/2000\/svg\" width=\"12\" height=\"12\" fill=\"none\" viewBox=\"0 0 12 12\">\n\t\t\t\t<path fill=\"#fff\" d=\"M2 0a2 2 0 0 0-2 2v2h1.5V2a.5.5 0 0 1 .5-.5h2V0H2Zm2 10.5H2a.5.5 0 0 1-.5-.5V8H0v2a2 2 0 0 0 2 2h2v-1.5ZM8 12v-1.5h2a.5.5 0 0 0 .5-.5V8H12v2a2 2 0 0 1-2 2H8Zm2-12a2 2 0 0 1 2 2v2h-1.5V2a.5.5 0 0 0-.5-.5H8V0h2Z\" \/>\n\t\t\t<\/svg>\n\t\t<\/button><figcaption class=\"wp-element-caption\">Foto: Dirtsc \/ Wikimedia Commons, CC BY-SA 4.0<\/figcaption><\/figure>\n\n\n\n<h3 class=\"wp-block-heading\"><span class=\"ez-toc-section\" id=\"9_A_Planten_un_Blomen_park\"><\/span>9. A Planten un Blomen park<span class=\"ez-toc-section-end\"><\/span><\/h3>\n\n\n\n<p class=\"wp-block-paragraph\">Pont a ny\u00fczsg\u0151 v\u00e1ros sz\u00edv\u00e9ben ter\u00fcl el egy hatalmas z\u00f6ld o\u00e1zis, amely t\u00f6k\u00e9letes mened\u00e9ket k\u00edn\u00e1l a forgalom zaja \u00e9s a turistat\u00f6megek el\u0151l. <strong>A Planten un Blomen park gondosan \u00e1polt, gy\u00f6ny\u00f6r\u0171 tematikus kertek komplexuma<\/strong>, ahol Eur\u00f3pa legnagyobb jap\u00e1nkertj\u00e9t, t\u00fcnd\u00e9rr\u00f3zs\u00e1kkal teli romantikus tavacsk\u00e1kat, r\u00f3zsakertet, s\u0151t egy tr\u00f3pusi \u00fcvegh\u00e1zat is tal\u00e1lsz. A v\u00e9gtelen s\u00e9t\u00e1k mellett minigolfozhatsz, \u00f3ri\u00e1si sakkozhatsz, vagy ny\u00e1ron kipr\u00f3b\u00e1lhatod a hatalmas g\u00f6rkorcsolyap\u00e1ly\u00e1t.<\/p>\n\n\n\n<p class=\"wp-block-paragraph\">M\u00edg t\u00e9len a park egy r\u00e9sze m\u00e1gikus \u00e9s nagyon n\u00e9pszer\u0171 j\u00e9gp\u00e1ly\u00e1v\u00e1 alakul, ny\u00e1ron a t\u00f6megeket <strong>az esti vizes f\u00e9nyshow-k vonzz\u00e1k ide, amelyek minden l\u00e1togat\u00f3 sz\u00e1m\u00e1ra teljesen ingyenesek<\/strong>. A sz\u00f6k\u0151kutak a klasszikus \u00e9s a modern zene ritmus\u00e1ra t\u00e1ncolnak, mik\u00f6zben a sz\u00ednes f\u00e9nyek gy\u00f6ny\u00f6r\u0171 koreogr\u00e1fi\u00e1t vet\u00edtenek egyenesen a v\u00edzfalra.<\/p>\n\n\n\n<p class=\"wp-block-paragraph\">\ud83d\udca1 Tipp: <strong>Az esti sz\u00f6k\u0151k\u00fatshow el\u0151tt ne felejts saj\u00e1t takar\u00f3t \u00e9s valami finom innival\u00f3t hozni<\/strong>, mert a padok nagyon gyorsan megtelnek. A napnyugtakor a f\u00fcv\u00f6n elk\u00f6lt\u00f6tt ny\u00e1ri piknik hangulata itt teljesen var\u00e1zslatos.<\/p>\n\n\n\n<figure data-wp-context=\"{&quot;imageId&quot;:&quot;6a9535669d4f2&quot;}\" data-wp-interactive=\"core\/image\" data-wp-key=\"6a9535669d4f2\" class=\"wp-block-image size-full wp-lightbox-container\"><img decoding=\"async\" width=\"1800\" height=\"1350\" data-wp-class--hide=\"state.isContentHidden\" data-wp-class--show=\"state.isContentVisible\" data-wp-init=\"callbacks.setButtonStyles\" data-wp-on--click=\"actions.showLightbox\" data-wp-on--load=\"callbacks.setButtonStyles\" data-wp-on--pointerdown=\"actions.preloadImage\" data-wp-on--pointerenter=\"actions.preloadImageWithDelay\" data-wp-on--pointerleave=\"actions.cancelPreload\" data-wp-on-window--resize=\"callbacks.setButtonStyles\" src=\"https:\/\/loudavymkrokem.cz\/wp-content\/uploads\/2026\/08\/nemecko-clanky-co-videt-v-hamburku-14.jpg\" alt=\"A hamburgi v\u00e1rosh\u00e1za, a Rathaus\" class=\"wp-image-398978\" title=\"\" srcset=\"https:\/\/loudavymkrokem.cz\/wp-content\/uploads\/2026\/08\/nemecko-clanky-co-videt-v-hamburku-14.jpg 1800w, https:\/\/loudavymkrokem.cz\/wp-content\/uploads\/2026\/08\/nemecko-clanky-co-videt-v-hamburku-14-300x225.jpg 300w, https:\/\/loudavymkrokem.cz\/wp-content\/uploads\/2026\/08\/nemecko-clanky-co-videt-v-hamburku-14-700x525.jpg 700w, https:\/\/loudavymkrokem.cz\/wp-content\/uploads\/2026\/08\/nemecko-clanky-co-videt-v-hamburku-14-768x576.jpg 768w, https:\/\/loudavymkrokem.cz\/wp-content\/uploads\/2026\/08\/nemecko-clanky-co-videt-v-hamburku-14-1536x1152.jpg 1536w, https:\/\/loudavymkrokem.cz\/wp-content\/uploads\/2026\/08\/nemecko-clanky-co-videt-v-hamburku-14-80x60.jpg 80w, https:\/\/loudavymkrokem.cz\/wp-content\/uploads\/2026\/08\/nemecko-clanky-co-videt-v-hamburku-14-160x120.jpg 160w, https:\/\/loudavymkrokem.cz\/wp-content\/uploads\/2026\/08\/nemecko-clanky-co-videt-v-hamburku-14-696x522.jpg 696w, https:\/\/loudavymkrokem.cz\/wp-content\/uploads\/2026\/08\/nemecko-clanky-co-videt-v-hamburku-14-1392x1044.jpg 1392w\" sizes=\"(max-width: 1800px) 100vw, 1800px\" \/><button\n\t\t\tclass=\"lightbox-trigger\"\n\t\t\ttype=\"button\"\n\t\t\taria-haspopup=\"dialog\"\n\t\t\tdata-wp-bind--aria-label=\"state.thisImage.triggerButtonAriaLabel\"\n\t\t\tdata-wp-init=\"callbacks.initTriggerButton\"\n\t\t\tdata-wp-on--click=\"actions.showLightbox\"\n\t\t\tdata-wp-style--right=\"state.thisImage.buttonRight\"\n\t\t\tdata-wp-style--top=\"state.thisImage.buttonTop\"\n\t\t>\n\t\t\t<svg xmlns=\"http:\/\/www.w3.org\/2000\/svg\" width=\"12\" height=\"12\" fill=\"none\" viewBox=\"0 0 12 12\">\n\t\t\t\t<path fill=\"#fff\" d=\"M2 0a2 2 0 0 0-2 2v2h1.5V2a.5.5 0 0 1 .5-.5h2V0H2Zm2 10.5H2a.5.5 0 0 1-.5-.5V8H0v2a2 2 0 0 0 2 2h2v-1.5ZM8 12v-1.5h2a.5.5 0 0 0 .5-.5V8H12v2a2 2 0 0 1-2 2H8Zm2-12a2 2 0 0 1 2 2v2h-1.5V2a.5.5 0 0 0-.5-.5H8V0h2Z\" \/>\n\t\t\t<\/svg>\n\t\t<\/button><figcaption class=\"wp-element-caption\">Foto: Dietmar Rabich \/ Wikimedia Commons, CC BY-SA 4.0<\/figcaption><\/figure>\n\n\n\n<h3 class=\"wp-block-heading\"><span class=\"ez-toc-section\" id=\"10_A_Rathaus_varoshaza\"><\/span>10. A Rathaus v\u00e1rosh\u00e1za<span class=\"ez-toc-section-end\"><\/span><\/h3>\n\n\n\n<p class=\"wp-block-paragraph\">A f\u0151t\u00e9ren a magasba t\u00f6r a v\u00e1rosh\u00e1za leny\u0171g\u00f6z\u0151 neorenesz\u00e1nsz \u00e9p\u00fclete, amely azonnal az utaz\u00e1sod legt\u00f6bbet fot\u00f3zott l\u00e1tnival\u00f3i k\u00f6z\u00e9 ker\u00fcl. <strong>A Rathaus hihetetlen 647 helyis\u00e9ggel b\u00fcszk\u00e9lkedhet, ami mellesleg t\u00f6bb, mint a londoni Buckingham-palot\u00e1ban van<\/strong>, gazdagon d\u00edsz\u00edtett homokk\u0151 homlokzata pedig egyszer\u0171en elakasztja a l\u00e9legzetet. Az \u00e9p\u00fclet ezernyi, a mocsaras altalajba m\u00e9lyen levert t\u00f6lgyfac\u00f6l\u00f6p\u00f6n \u00e1ll, hogy a puha talajban ne s\u00fcllyedjen el \u2013 ami a t\u00f6rt\u00e9nelmi Hamburgra nagyon jellemz\u0151.<\/p>\n\n\n\n<p class=\"wp-block-paragraph\">Ha szereted a t\u00f6rt\u00e9nelmet \u00e9s a pomp\u00e1s \u00e9p\u00edt\u00e9szetet, <strong>mindenk\u00e9pp aj\u00e1nlom, hogy vegy\u00e9l r\u00e9szt a leny\u0171g\u00f6z\u0151 bels\u0151 termek vezetett t\u00far\u00e1j\u00e1n<\/strong>, amelyek tele vannak aranysz\u00edn csill\u00e1rokkal, bonyolult b\u0151rtap\u00e9t\u00e1kkal \u00e9s \u00e9rt\u00e9kes festm\u00e9nyekkel. Bel\u00e9p\u0151jegy n\u00e9lk\u00fcl is szabadon s\u00e9t\u00e1lhatsz azonban a Hygieia istenn\u0151 k\u00fatj\u00e1val d\u00edsz\u00edtett gy\u00f6ny\u00f6r\u0171 bels\u0151 udvaron, amely d\u00edsz\u00edt\u00e9s\u00e9nek k\u00f6sz\u00f6nhet\u0151en ink\u00e1bb hat olasz kast\u00e9lyparknak.<\/p>\n\n\n\n<p class=\"wp-block-paragraph\">\ud83d\udca1 Tipp: <strong>Pont a v\u00e1rosh\u00e1za el\u0151tt fut \u00f6ssze a f\u0151 bev\u00e1s\u00e1rl\u00f3utca \u00e9s az eleg\u00e1ns s\u00e9t\u00e1nyok<\/strong>, \u00edgy t\u00f6k\u00e9letes kiindul\u00f3pont a t\u00f6rt\u00e9nelmi belv\u00e1ros gyalogos felfedez\u00e9s\u00e9hez \u00e9s apr\u00f3 szuven\u00edrek v\u00e1s\u00e1rl\u00e1s\u00e1hoz.<\/p>\n\n\n\n<figure data-wp-context=\"{&quot;imageId&quot;:&quot;6a9535669d8db&quot;}\" data-wp-interactive=\"core\/image\" data-wp-key=\"6a9535669d8db\" class=\"wp-block-image size-full wp-lightbox-container\"><img decoding=\"async\" width=\"1800\" height=\"1012\" data-wp-class--hide=\"state.isContentHidden\" data-wp-class--show=\"state.isContentVisible\" data-wp-init=\"callbacks.setButtonStyles\" data-wp-on--click=\"actions.showLightbox\" data-wp-on--load=\"callbacks.setButtonStyles\" data-wp-on--pointerdown=\"actions.preloadImage\" data-wp-on--pointerenter=\"actions.preloadImageWithDelay\" data-wp-on--pointerleave=\"actions.cancelPreload\" data-wp-on-window--resize=\"callbacks.setButtonStyles\" src=\"https:\/\/loudavymkrokem.cz\/wp-content\/uploads\/2026\/08\/nemecko-clanky-co-videt-v-hamburku-15.jpg\" alt=\"Kis haj\u00f3k az Alster-tavon\" class=\"wp-image-398983\" title=\"\" srcset=\"https:\/\/loudavymkrokem.cz\/wp-content\/uploads\/2026\/08\/nemecko-clanky-co-videt-v-hamburku-15.jpg 1800w, https:\/\/loudavymkrokem.cz\/wp-content\/uploads\/2026\/08\/nemecko-clanky-co-videt-v-hamburku-15-300x169.jpg 300w, https:\/\/loudavymkrokem.cz\/wp-content\/uploads\/2026\/08\/nemecko-clanky-co-videt-v-hamburku-15-700x394.jpg 700w, https:\/\/loudavymkrokem.cz\/wp-content\/uploads\/2026\/08\/nemecko-clanky-co-videt-v-hamburku-15-768x432.jpg 768w, https:\/\/loudavymkrokem.cz\/wp-content\/uploads\/2026\/08\/nemecko-clanky-co-videt-v-hamburku-15-1536x864.jpg 1536w, https:\/\/loudavymkrokem.cz\/wp-content\/uploads\/2026\/08\/nemecko-clanky-co-videt-v-hamburku-15-696x391.jpg 696w, https:\/\/loudavymkrokem.cz\/wp-content\/uploads\/2026\/08\/nemecko-clanky-co-videt-v-hamburku-15-1392x783.jpg 1392w\" sizes=\"(max-width: 1800px) 100vw, 1800px\" \/><button\n\t\t\tclass=\"lightbox-trigger\"\n\t\t\ttype=\"button\"\n\t\t\taria-haspopup=\"dialog\"\n\t\t\tdata-wp-bind--aria-label=\"state.thisImage.triggerButtonAriaLabel\"\n\t\t\tdata-wp-init=\"callbacks.initTriggerButton\"\n\t\t\tdata-wp-on--click=\"actions.showLightbox\"\n\t\t\tdata-wp-style--right=\"state.thisImage.buttonRight\"\n\t\t\tdata-wp-style--top=\"state.thisImage.buttonTop\"\n\t\t>\n\t\t\t<svg xmlns=\"http:\/\/www.w3.org\/2000\/svg\" width=\"12\" height=\"12\" fill=\"none\" viewBox=\"0 0 12 12\">\n\t\t\t\t<path fill=\"#fff\" d=\"M2 0a2 2 0 0 0-2 2v2h1.5V2a.5.5 0 0 1 .5-.5h2V0H2Zm2 10.5H2a.5.5 0 0 1-.5-.5V8H0v2a2 2 0 0 0 2 2h2v-1.5ZM8 12v-1.5h2a.5.5 0 0 0 .5-.5V8H12v2a2 2 0 0 1-2 2H8Zm2-12a2 2 0 0 1 2 2v2h-1.5V2a.5.5 0 0 0-.5-.5H8V0h2Z\" \/>\n\t\t\t<\/svg>\n\t\t<\/button><figcaption class=\"wp-element-caption\">Foto: Wolfgang Weiser \/ Pexels<\/figcaption><\/figure>\n\n\n\n<!-- LKM_GYG_CARD start q=\"hamburku\" lang=\"hu\" rendered=\"2026-08-31T06:10:27+00:00\" v=\"1\" -->\n\n<!-- LKM_GYG_CARD end -->\n\n\n\n\n<div class=\"lk-stays-module\">\n<style>\n\/* \u2500\u2500\u2500 RESET PRO GUTENBERG \u2500\u2500\u2500 *\/\n.lk-stays-module * { box-sizing: border-box; margin: 0; padding: 0; }\n\n\/* \u2500\u2500\u2500 WRAPPER \u2500\u2500\u2500 *\/\n.lk-stays-module {\n  font-family: 'DM Sans', Georgia, sans-serif;\n  max-width: 100%;\n  margin: 2.5rem auto;\n  background: linear-gradient(135deg, #fdfaf5 0%, #fcf8f0 100%);\n  border: 1px solid #e8dfd4;\n  border-radius: 16px;\n  overflow: hidden;\n  box-shadow: 0 16px 48px rgba(195, 159, 118, 0.25), 0 4px 12px rgba(0,0,0,0.08);\n}\n\n\/* \u2500\u2500\u2500 HEADER \u2500\u2500\u2500 *\/\n.lk-stays-header {\n  position: relative;\n  padding: 24px 36px 24px;\n  background: linear-gradient(135deg, #c39f76 0%, #d4b188 60%, #c39f76 100%);\n  border-bottom: 1px solid rgba(255,255,255,.15);\n  display: flex;\n  align-items: center;\n  gap: 18px;\n}\n.lk-stays-header::before {\n  content: '';\n  position: absolute;\n  inset: 0;\n  background: url(\"data:image\/svg+xml,%3Csvg width='60' height='60' viewBox='0 0 60 60' xmlns='http:\/\/www.w3.org\/2000\/svg'%3E%3Cg fill='none' fill-rule='evenodd'%3E%3Cg fill='%23ffffff' fill-opacity='0.05'%3E%3Cpath d='M36 34v-4h-2v4h-4v2h4v4h2v-4h4v-2h-4zm0-30V0h-2v4h-4v2h4v4h2V6h4V4h-4zM6 34v-4H4v4H0v2h4v4h2v-4h4v-2H6zM6 4V0H4v4H0v2h4v4h2V6h4V4H6z'\/%3E%3C\/g%3E%3C\/g%3E%3C\/svg%3E\") repeat;\n  pointer-events: none;\n}\n.lk-stays-icon {\n  flex-shrink: 0;\n  width: 68px;\n  height: 68px;\n  border-radius: 14px;\n  background: linear-gradient(135deg, #fff 0%, #f9f6f0 100%);\n  display: flex;\n  align-items: center;\n  justify-content: center;\n  font-size: 26px;\n  box-shadow: 0 4px 12px rgba(0,0,0,0.15);\n}\n.lk-stays-eyebrow {\n  font-size: 10px;\n  font-weight: 500;\n  letter-spacing: 2.5px;\n  text-transform: uppercase;\n  color: rgba(255,255,255,.85);\n  margin: 0 0 5px 0;\n}\n.lk-stays-title {\n  font-family: 'Playfair Display', Georgia, serif;\n  font-size: 24px;\n  font-weight: 700;\n  color: #fff;\n  line-height: 1.2;\n  text-shadow: 0 1px 2px rgba(0,0,0,0.1);\n  margin: 0;\n}\n.lk-stays-subtitle {\n  font-size: 13px;\n  color: rgba(255,255,255,.75);\n  margin: 4px 0 0 0;\n  font-weight: 300;\n}\n\n\/* \u2500\u2500\u2500 CARDS GRID \u2500\u2500\u2500 *\/\n.lk-stays-grid {\n  display: grid;\n  grid-template-columns: 1fr 1fr;\n  gap: 1px;\n  background: rgba(195, 159, 118, 0.12);\n}\n\n\/* \u2500\u2500\u2500 SINGLE CARD \u2500\u2500\u2500 *\/\n.lk-stay-card {\n  background: #ffffff;\n  padding: 26px;\n  display: flex;\n  flex-direction: column;\n  gap: 11px;\n  transition: all 0.3s ease;\n  text-decoration: none;\n  color: inherit;\n  position: relative;\n}\n.lk-stay-card:hover {\n  background: #fffbf5;\n  transform: translateY(-2px);\n  box-shadow: 0 8px 24px rgba(195, 159, 118, 0.18);\n  z-index: 1;\n}\n.lk-stay-card.featured {\n  background: linear-gradient(135deg, #fffdf9 0%, #fff9f0 100%);\n  box-shadow: 0 4px 16px rgba(195, 159, 118, 0.15), inset 0 1px 0 rgba(195, 159, 118, 0.1);\n}\n.lk-stay-card.featured:hover {\n  background: linear-gradient(135deg, #fffbf5 0%, #fff8ed 100%);\n  box-shadow: 0 8px 24px rgba(195, 159, 118, 0.25), inset 0 1px 0 rgba(195, 159, 118, 0.15);\n}\n\n.lk-stay-badge {\n  display: inline-flex;\n  align-items: center;\n  gap: 5px;\n  font-size: 10px;\n  font-weight: 500;\n  letter-spacing: 1.5px;\n  text-transform: uppercase;\n  padding: 5px 11px;\n  border-radius: 20px;\n  width: fit-content;\n}\n.badge-top     { background: linear-gradient(135deg, #c39f76 0%, #d4b188 100%); color: #fff; border: 1px solid #c39f76; font-weight: 600; box-shadow: 0 2px 8px rgba(195,159,118,0.3); }\n.badge-luxury  { background: rgba(195,159,118,.12); color: #c39f76; border: 1px solid rgba(195,159,118,.25); }\n.badge-boutique{ background: rgba(54,133,252,.08); color: #3685fc; border: 1px solid rgba(54,133,252,.2); }\n.badge-nature  { background: rgba(130,190,100,.1); color: #6b9c4a; border: 1px solid rgba(130,190,100,.2); }\n.badge-remote  { background: rgba(195,159,118,.12); color: #a67e50; border: 1px solid rgba(195,159,118,.25); }\n\n.lk-stay-name {\n  font-family: 'Playfair Display', Georgia, serif;\n  font-size: 18px;\n  font-weight: 700;\n  color: #111827;\n  line-height: 1.3;\n}\n.lk-stay-desc {\n  font-size: 13.5px;\n  color: #525252;\n  line-height: 1.65;\n  font-weight: 300;\n  flex: 1;\n}\n\n.lk-stay-meta {\n  display: flex;\n  align-items: center;\n  gap: 12px;\n  flex-wrap: wrap;\n  margin-top: 4px;\n}\n.lk-stay-price {\n  font-size: 13px;\n  color: #6b7280;\n}\n.lk-stay-price strong {\n  color: #c39f76;\n  font-weight: 500;\n}\n.lk-stay-stars {\n  color: #c39f76;\n  font-size: 11px;\n  letter-spacing: 1px;\n}\n\n\/* \u2500\u2500\u2500 CTA BUTTON \u2500\u2500\u2500 *\/\n.lk-stay-cta {\n  display: inline-flex;\n  align-items: center;\n  justify-content: center;\n  gap: 7px;\n  margin-top: 8px;\n  padding: 11px 20px;\n  border-radius: 8px;\n  background: linear-gradient(135deg, #3685fc 0%, #2a6fd9 100%);\n  color: #fff;\n  font-size: 13px;\n  font-weight: 500;\n  text-decoration: none;\n  letter-spacing: .3px;\n  transition: all .2s ease;\n  cursor: pointer;\n  border: none;\n  text-align: center;\n  box-shadow: 0 4px 12px rgba(54, 133, 252, 0.25);\n}\n.lk-stay-cta:hover {\n  background: linear-gradient(135deg, #2a6fd9 0%, #1e5bc4 100%);\n  transform: translateY(-1px);\n  box-shadow: 0 6px 16px rgba(54, 133, 252, 0.35);\n}\n.lk-stay-cta svg { flex-shrink: 0; }\n\n\/* \u2500\u2500\u2500 FOOTER \u2500\u2500\u2500 *\/\n.lk-stays-footer {\n  padding: 18px 36px;\n  background: linear-gradient(to bottom, #fdfaf5 0%, #f9f4ed 100%);\n  border-top: 1px solid rgba(195, 159, 118, 0.15);\n  display: flex;\n  align-items: center;\n  justify-content: space-between;\n  flex-wrap: wrap;\n  gap: 12px;\n}\n.lk-stays-footer-note {\n  font-size: 11.5px;\n  color: #6b7280;\n  font-weight: 300;\n  line-height: 1.5;\n}\n.lk-stays-footer-note a {\n  color: #c39f76;\n  text-decoration: none;\n  font-weight: 400;\n}\n.lk-stays-footer-note a:hover {\n  text-decoration: underline;\n}\n.lk-stays-all-btn {\n  display: inline-flex;\n  align-items: center;\n  gap: 6px;\n  font-size: 12.5px;\n  font-weight: 500;\n  color: #c39f76;\n  text-decoration: none;\n  border: 1px solid rgba(195, 159, 118, 0.35);\n  padding: 8px 18px;\n  border-radius: 8px;\n  transition: all .2s ease;\n}\n.lk-stays-all-btn:hover {\n  background: rgba(195, 159, 118, 0.08);\n  border-color: rgba(195, 159, 118, 0.5);\n}\n\n\/* \u2500\u2500\u2500 RESPONSIVE \u2500\u2500\u2500 *\/\n@media (max-width: 600px) {\n  .lk-stays-grid { grid-template-columns: 1fr; }\n  .lk-stays-header { padding: 24px 20px; }\n  .lk-stays-footer { padding: 16px 20px; }\n  .lk-stay-card { padding: 22px; }\n  .lk-stays-title { font-size: 20px; }\n}\n<\/style>\n\n  <!-- HEADER -->\n  <div class=\"lk-stays-header\">\n    <img decoding=\"async\" src=\"https:\/\/loudavymkrokem.cz\/wp-content\/uploads\/2026\/02\/lukas-a-lucka.jpg\" alt=\"\" style=\"width: 75px; height: 75px; border-radius: 8px; flex-shrink: 0; object-fit: cover; display: block; margin: 4px 0;\" title=\"\">\n    <div class=\"lk-stays-header-text\">\n      <div class=\"lk-stays-eyebrow\">Luk\u00e1\u0161 \u00e9s Lucie aj\u00e1nlj\u00e1k<\/div>\n      <div class=\"lk-stays-title\">Hol sz\u00e1lljon meg Hamburgban<\/div>\n      <div class=\"lk-stays-subtitle\">3 sz\u00e1ll\u00e1s \u2014 hotelek \u00e9s egy\u00e9b sz\u00e1ll\u00e1slehet\u0151s\u00e9gek<\/div>\n    <\/div>\n  <\/div>\n\n  <!-- CARDS -->\n  <div class=\"lk-stays-grid\">\n\n    <a class=\"lk-stay-card featured\" href=\"https:\/\/www.stay22.com\/allez\/roam?aid=lukaskonecny&#038;campaign=loudavymkrokemcz&#038;campaign=hu&#038;campaign=covidetvhamburku&#038;address=Hamburk&#038;hotelname=25hours+Hotel+HafenCity&#038;search=25hours+Hotel+HafenCity&#038;category=accommodation\" target=\"_blank\" rel=\"nofollow noopener\">\n      <span class=\"lk-stay-badge badge-top\">\u2b50 TOP V\u00c1LASZT\u00c1S<\/span>\n      <span class=\"lk-stay-badge badge-nature\">\ud83c\udfe8 Hotel<\/span>\n      <div class=\"lk-stay-name\">25hours Hotel HafenCity<\/div>\n      <div class=\"lk-stay-desc\">St\u00edlusos sz\u00e1lloda j\u00e1t\u00e9kos tenger\u00e9sz diz\u00e1jnnal a legmodernebb negyedben, kil\u00e1t\u00e1ssal a dokkokra.<\/div>\n      <div class=\"lk-stay-meta\">\n        <span class=\"lk-stay-stars\">\u2605\u2605\u2605\u2605<\/span>\n        <span class=\"lk-stay-price\"><\/span>\n      <\/div>\n      <span class=\"lk-stay-cta\">\n        <svg width=\"14\" height=\"14\" viewBox=\"0 0 24 24\" fill=\"none\" stroke=\"currentColor\" stroke-width=\"2\"><path d=\"M18 13v6a2 2 0 0 1-2 2H5a2 2 0 0 1-2-2V8a2 2 0 0 1 2-2h6\"\/><polyline points=\"15 3 21 3 21 9\"\/><line x1=\"10\" y1=\"14\" x2=\"21\" y2=\"3\"\/><\/svg>\n        Ellen\u0151rizd az el\u00e9rhet\u0151s\u00e9get\n      <\/span>\n    <\/a>\n\n    <a class=\"lk-stay-card\" href=\"https:\/\/www.stay22.com\/allez\/roam?aid=lukaskonecny&#038;campaign=loudavymkrokemcz&#038;campaign=hu&#038;campaign=co-videt-v-hamburku&#038;hotelname=Hotel%20Volksschule&#038;address=Hamburk%2C%20N%C4%9Bmecko\" target=\"_blank\" rel=\"nofollow noopener\">\n      <span class=\"lk-stay-badge badge-nature\">\ud83c\udfe8 Hotel<\/span>\n      <div class=\"lk-stay-name\">Hotel Volksschule<\/div>\n      <div class=\"lk-stay-desc\">N\u00e9pszer\u0171 sz\u00e1lloda egy fel\u00faj\u00edtott iskola\u00e9p\u00fcletben St. Georgban, k\u00f6zel a p\u00e1lyaudvarhoz, fantasztikus reggelikkel.<\/div>\n      <div class=\"lk-stay-meta\">\n        <span class=\"lk-stay-stars\">\u2605\u2605\u2605\u2605<\/span>\n        <span class=\"lk-stay-price\"><\/span>\n      <\/div>\n      <span class=\"lk-stay-cta\">\n        <svg width=\"14\" height=\"14\" viewBox=\"0 0 24 24\" fill=\"none\" stroke=\"currentColor\" stroke-width=\"2\"><path d=\"M18 13v6a2 2 0 0 1-2 2H5a2 2 0 0 1-2-2V8a2 2 0 0 1 2-2h6\"\/><polyline points=\"15 3 21 3 21 9\"\/><line x1=\"10\" y1=\"14\" x2=\"21\" y2=\"3\"\/><\/svg>\n        Ellen\u0151rizd az el\u00e9rhet\u0151s\u00e9get\n      <\/span>\n    <\/a>\n\n    <a class=\"lk-stay-card\" href=\"https:\/\/www.stay22.com\/allez\/roam?aid=lukaskonecny&#038;campaign=loudavymkrokemcz&#038;campaign=hu&#038;campaign=covidetvhamburku&#038;address=hamburk\" target=\"_blank\" rel=\"nofollow noopener\">\n      <span class=\"lk-stay-badge badge-nature\">\ud83d\udd0d Keres\u00e9s<\/span>\n      <div class=\"lk-stay-name\">\u00d6sszes sz\u00e1ll\u00e1s megtekint\u00e9se Hamburgban<\/div>\n      <div class=\"lk-stay-desc\">Fedezze fel az \u00f6sszes el\u00e9rhet\u0151 sz\u00e1ll\u00e1slehet\u0151s\u00e9get Hamburgban, \u00e9s tal\u00e1lja meg a legjobbat preferenci\u00e1i \u00e9s k\u00f6lts\u00e9gvet\u00e9se szerint.<\/div>\n      <div class=\"lk-stay-meta\">\n        <span class=\"lk-stay-stars\">\u2605\u2605\u2605\u2605<\/span>\n        <span class=\"lk-stay-price\">\u00c1rak \u00f6sszehasonl\u00edt\u00e1sa<\/span>\n      <\/div>\n      <span class=\"lk-stay-cta\">\n        <svg width=\"14\" height=\"14\" viewBox=\"0 0 24 24\" fill=\"none\" stroke=\"currentColor\" stroke-width=\"2\"><path d=\"M18 13v6a2 2 0 0 1-2 2H5a2 2 0 0 1-2-2V8a2 2 0 0 1 2-2h6\"\/><polyline points=\"15 3 21 3 21 9\"\/><line x1=\"10\" y1=\"14\" x2=\"21\" y2=\"3\"\/><\/svg>\n        Ellen\u0151rizd az el\u00e9rhet\u0151s\u00e9get\n      <\/span>\n    <\/a>\n\n  <\/div>\n\n  \n<\/div>\n\n\n\n\n<h3 class=\"wp-block-heading\"><span class=\"ez-toc-section\" id=\"11_Az_Alster-tavak\"><\/span>11. Az Alster-tavak<span class=\"ez-toc-section-end\"><\/span><\/h3>\n\n\n\n<p class=\"wp-block-paragraph\">Pont a v\u00e1ros k\u00f6zpontj\u00e1ban, csak p\u00e1r l\u00e9p\u00e9sre a t\u00f6rt\u00e9nelmi v\u00e1rosh\u00e1z\u00e1t\u00f3l ter\u00fcl el k\u00e9t nagy mesters\u00e9ges t\u00f3, a Binnenalster \u00e9s az Aussenalster, amelyek a metropolisz jelk\u00e9pes k\u00e9k sz\u00edv\u00e9t alkotj\u00e1k. <strong>A tavakat sz\u00e9les s\u00e9t\u00e1nyok, gondosan \u00e1polt z\u00f6ld parkok \u00e9s eleg\u00e1ns vill\u00e1k veszik k\u00f6r\u00fcl<\/strong>, amit\u0151l a helyiek legkedveltebb pihen\u0151z\u00f3n\u00e1j\u00e1v\u00e1 v\u00e1lnak. A v\u00edz k\u00f6r\u00fcl folyamatosan fut\u00f3kkal, biciklist\u00e1kkal \u00e9s olyan emberekkel tal\u00e1lkozol, akik munka ut\u00e1n egy j\u00f3 k\u00f6nyvvel j\u00f6ttek ide kikapcsol\u00f3dni egy padra.<\/p>\n\n\n\n<p class=\"wp-block-paragraph\">A melegebb h\u00f3napokban a <strong>legjobb program egy v\u00edzibicikli, kenu vagy SUP k\u00f6lcs\u00f6nz\u00e9se<\/strong>, amelyekkel a saj\u00e1t temp\u00f3dban bej\u00e1rhatod a hatalmas tavakat \u00e9s a hozz\u00e1juk tartoz\u00f3 csendes csatorn\u00e1kat. A v\u00edz fel\u0151l ugyanis eg\u00e9szen m\u00e1s perspekt\u00edv\u00e1t kapsz a luxus lak\u00f3negyedekre \u00e9s a mag\u00e1nkertekre, amelyeket a sz\u00e1razf\u00f6ldr\u0151l a f\u00e1k miatt gyakran egy\u00e1ltal\u00e1n nem is l\u00e1tni.<\/p>\n\n\n\n<p class=\"wp-block-paragraph\">\ud83d\udca1 Tipp: <strong>A bels\u0151 t\u00f3 k\u00f6zep\u00e9n magasra t\u00f6r az Alsterfont\u00e4ne sz\u00f6k\u0151k\u00fat<\/strong>, amely a v\u00e1ros egyik f\u0151 t\u00e1j\u00e9koz\u00f3d\u00e1si pontja. \u00dclj le a h\u00edres Jungfernstieg rakpart l\u00e9pcs\u0151ire, vegy\u00e9l egy k\u00e1v\u00e9t, \u00e9s \u00e9lvezd a laza hangulatot a v\u00edzre n\u00e9z\u0151 kil\u00e1t\u00e1ssal.<\/p>\n\n\n\n<figure data-wp-context=\"{&quot;imageId&quot;:&quot;6a9535669dd4e&quot;}\" data-wp-interactive=\"core\/image\" data-wp-key=\"6a9535669dd4e\" class=\"wp-block-image size-full wp-lightbox-container\"><img decoding=\"async\" width=\"1800\" height=\"1200\" data-wp-class--hide=\"state.isContentHidden\" data-wp-class--show=\"state.isContentVisible\" data-wp-init=\"callbacks.setButtonStyles\" data-wp-on--click=\"actions.showLightbox\" data-wp-on--load=\"callbacks.setButtonStyles\" data-wp-on--pointerdown=\"actions.preloadImage\" data-wp-on--pointerenter=\"actions.preloadImageWithDelay\" data-wp-on--pointerleave=\"actions.cancelPreload\" data-wp-on-window--resize=\"callbacks.setButtonStyles\" src=\"https:\/\/loudavymkrokem.cz\/wp-content\/uploads\/2026\/08\/nemecko-clanky-co-videt-v-hamburku-16.jpg\" alt=\"A Szent Mikl\u00f3s-eml\u00e9km\u0171\" class=\"wp-image-398989\" title=\"\" srcset=\"https:\/\/loudavymkrokem.cz\/wp-content\/uploads\/2026\/08\/nemecko-clanky-co-videt-v-hamburku-16.jpg 1800w, https:\/\/loudavymkrokem.cz\/wp-content\/uploads\/2026\/08\/nemecko-clanky-co-videt-v-hamburku-16-300x200.jpg 300w, https:\/\/loudavymkrokem.cz\/wp-content\/uploads\/2026\/08\/nemecko-clanky-co-videt-v-hamburku-16-700x467.jpg 700w, https:\/\/loudavymkrokem.cz\/wp-content\/uploads\/2026\/08\/nemecko-clanky-co-videt-v-hamburku-16-768x512.jpg 768w, https:\/\/loudavymkrokem.cz\/wp-content\/uploads\/2026\/08\/nemecko-clanky-co-videt-v-hamburku-16-1536x1024.jpg 1536w, https:\/\/loudavymkrokem.cz\/wp-content\/uploads\/2026\/08\/nemecko-clanky-co-videt-v-hamburku-16-696x464.jpg 696w, https:\/\/loudavymkrokem.cz\/wp-content\/uploads\/2026\/08\/nemecko-clanky-co-videt-v-hamburku-16-1392x928.jpg 1392w\" sizes=\"(max-width: 1800px) 100vw, 1800px\" \/><button\n\t\t\tclass=\"lightbox-trigger\"\n\t\t\ttype=\"button\"\n\t\t\taria-haspopup=\"dialog\"\n\t\t\tdata-wp-bind--aria-label=\"state.thisImage.triggerButtonAriaLabel\"\n\t\t\tdata-wp-init=\"callbacks.initTriggerButton\"\n\t\t\tdata-wp-on--click=\"actions.showLightbox\"\n\t\t\tdata-wp-style--right=\"state.thisImage.buttonRight\"\n\t\t\tdata-wp-style--top=\"state.thisImage.buttonTop\"\n\t\t>\n\t\t\t<svg xmlns=\"http:\/\/www.w3.org\/2000\/svg\" width=\"12\" height=\"12\" fill=\"none\" viewBox=\"0 0 12 12\">\n\t\t\t\t<path fill=\"#fff\" d=\"M2 0a2 2 0 0 0-2 2v2h1.5V2a.5.5 0 0 1 .5-.5h2V0H2Zm2 10.5H2a.5.5 0 0 1-.5-.5V8H0v2a2 2 0 0 0 2 2h2v-1.5ZM8 12v-1.5h2a.5.5 0 0 0 .5-.5V8H12v2a2 2 0 0 1-2 2H8Zm2-12a2 2 0 0 1 2 2v2h-1.5V2a.5.5 0 0 0-.5-.5H8V0h2Z\" \/>\n\t\t\t<\/svg>\n\t\t<\/button><figcaption class=\"wp-element-caption\">Foto: Santiago Morales \/ Pexels<\/figcaption><\/figure>\n\n\n\n<h3 class=\"wp-block-heading\"><span class=\"ez-toc-section\" id=\"12_Szent_Miklos-emlekmu_St_Nikolai_Mahnmal\"><\/span>12. Szent Mikl\u00f3s-eml\u00e9km\u0171 (St. Nikolai Mahnmal)<span class=\"ez-toc-section-end\"><\/span><\/h3>\n\n\n\n<p class=\"wp-block-paragraph\">M\u00e1r messzir\u0151l megl\u00e1tod a magas fekete tornyot, amely kicsit jelen\u00e9snek hat a modern \u00fcveg\u00e9p\u00fcletek k\u00f6z\u00f6tt. <strong>A Szent Mikl\u00f3s-templomot a m\u00e1sodik vil\u00e1gh\u00e1bor\u00fa alatt a massz\u00edv sz\u00f6vets\u00e9ges bomb\u00e1z\u00e1s sor\u00e1n majdnem a f\u00f6lddel tett\u00e9k egyenl\u0151v\u00e9<\/strong>, ki\u00e9gett romjait pedig sz\u00e1nd\u00e9kosan hagyt\u00e1k ebben az \u00e1llapotban, rendk\u00edv\u00fcl megr\u00e1z\u00f3 h\u00e1bor\u00faellenes eml\u00e9km\u0171k\u00e9nt. A helynek nagyon er\u0151s \u00e9s komor hangulata van, amely garant\u00e1ltan a v\u00e1ros viharos t\u00f6rt\u00e9nelm\u00e9n val\u00f3 elm\u00e9lked\u00e9sre k\u00e9sztet.<\/p>\n\n\n\n<p class=\"wp-block-paragraph\">A templom alatti t\u00e1gas f\u00f6ldalatti terekben <strong>egy nagyon \u00e9rdekes ki\u00e1ll\u00edt\u00e1s dokument\u00e1lja a v\u00e1ros pusztul\u00e1s\u00e1t, m\u00edg egy \u00fcveglift felvisz a 76 m\u00e9ter magas torony tetej\u00e9re<\/strong>. Onnan fantasztikus panor\u00e1m\u00e1s kil\u00e1t\u00e1s ny\u00edlik az eg\u00e9sz t\u00f6rt\u00e9nelmi belv\u00e1rosra, a modern kik\u00f6t\u0151re \u00e9s a k\u00f6zeli v\u00e1rosh\u00e1z\u00e1ra.<\/p>\n\n\n\n<p class=\"wp-block-paragraph\">\ud83d\udca1 Tipp: <strong>Ha korl\u00e1tozott a k\u00f6lts\u00e9gvet\u00e9sed, \u00e9s azon gondolkodsz, melyik kil\u00e1t\u00f3\u00e9rt fizess a v\u00e1rosban<\/strong>, a Szent Mikl\u00f3s tornya a k\u00f6zponti fekv\u00e9s\u00e9nek \u00e9s m\u00e9ly t\u00f6rt\u00e9nelmi jelent\u0151s\u00e9g\u00e9nek k\u00f6sz\u00f6nhet\u0151en kiv\u00e1l\u00f3 v\u00e1laszt\u00e1s.<\/p>\n\n\n\n<figure data-wp-context=\"{&quot;imageId&quot;:&quot;6a9535669e12c&quot;}\" data-wp-interactive=\"core\/image\" data-wp-key=\"6a9535669e12c\" class=\"wp-block-image size-full wp-lightbox-container\"><img decoding=\"async\" width=\"1800\" height=\"1183\" data-wp-class--hide=\"state.isContentHidden\" data-wp-class--show=\"state.isContentVisible\" data-wp-init=\"callbacks.setButtonStyles\" data-wp-on--click=\"actions.showLightbox\" data-wp-on--load=\"callbacks.setButtonStyles\" data-wp-on--pointerdown=\"actions.preloadImage\" data-wp-on--pointerenter=\"actions.preloadImageWithDelay\" data-wp-on--pointerleave=\"actions.cancelPreload\" data-wp-on-window--resize=\"callbacks.setButtonStyles\" src=\"https:\/\/loudavymkrokem.cz\/wp-content\/uploads\/2026\/08\/nemecko-clanky-co-videt-v-hamburku-17.jpg\" alt=\"A r\u00e9gi Elba-alag\u00fat\" class=\"wp-image-398993\" title=\"\" srcset=\"https:\/\/loudavymkrokem.cz\/wp-content\/uploads\/2026\/08\/nemecko-clanky-co-videt-v-hamburku-17.jpg 1800w, https:\/\/loudavymkrokem.cz\/wp-content\/uploads\/2026\/08\/nemecko-clanky-co-videt-v-hamburku-17-300x197.jpg 300w, https:\/\/loudavymkrokem.cz\/wp-content\/uploads\/2026\/08\/nemecko-clanky-co-videt-v-hamburku-17-700x460.jpg 700w, https:\/\/loudavymkrokem.cz\/wp-content\/uploads\/2026\/08\/nemecko-clanky-co-videt-v-hamburku-17-768x505.jpg 768w, https:\/\/loudavymkrokem.cz\/wp-content\/uploads\/2026\/08\/nemecko-clanky-co-videt-v-hamburku-17-1536x1009.jpg 1536w, https:\/\/loudavymkrokem.cz\/wp-content\/uploads\/2026\/08\/nemecko-clanky-co-videt-v-hamburku-17-696x457.jpg 696w, https:\/\/loudavymkrokem.cz\/wp-content\/uploads\/2026\/08\/nemecko-clanky-co-videt-v-hamburku-17-1392x915.jpg 1392w\" sizes=\"(max-width: 1800px) 100vw, 1800px\" \/><button\n\t\t\tclass=\"lightbox-trigger\"\n\t\t\ttype=\"button\"\n\t\t\taria-haspopup=\"dialog\"\n\t\t\tdata-wp-bind--aria-label=\"state.thisImage.triggerButtonAriaLabel\"\n\t\t\tdata-wp-init=\"callbacks.initTriggerButton\"\n\t\t\tdata-wp-on--click=\"actions.showLightbox\"\n\t\t\tdata-wp-style--right=\"state.thisImage.buttonRight\"\n\t\t\tdata-wp-style--top=\"state.thisImage.buttonTop\"\n\t\t>\n\t\t\t<svg xmlns=\"http:\/\/www.w3.org\/2000\/svg\" width=\"12\" height=\"12\" fill=\"none\" viewBox=\"0 0 12 12\">\n\t\t\t\t<path fill=\"#fff\" d=\"M2 0a2 2 0 0 0-2 2v2h1.5V2a.5.5 0 0 1 .5-.5h2V0H2Zm2 10.5H2a.5.5 0 0 1-.5-.5V8H0v2a2 2 0 0 0 2 2h2v-1.5ZM8 12v-1.5h2a.5.5 0 0 0 .5-.5V8H12v2a2 2 0 0 1-2 2H8Zm2-12a2 2 0 0 1 2 2v2h-1.5V2a.5.5 0 0 0-.5-.5H8V0h2Z\" \/>\n\t\t\t<\/svg>\n\t\t<\/button><figcaption class=\"wp-element-caption\">Foto: Thomas Wolf, www.foto-tw.de \/ Wikimedia Commons, CC BY-SA 3.0<\/figcaption><\/figure>\n\n\n\n<h3 class=\"wp-block-heading\"><span class=\"ez-toc-section\" id=\"13_A_regi_Elba-alagut_Alter_Elbtunnel\"><\/span>13. A r\u00e9gi Elba-alag\u00fat (Alter Elbtunnel)<span class=\"ez-toc-section-end\"><\/span><\/h3>\n\n\n\n<p class=\"wp-block-paragraph\">Ez az 1911-es t\u00f6rt\u00e9nelmi m\u0171szaki unikum lehet\u0151v\u00e9 teszi, hogy gyalog vagy biciklivel \u00e1tkelj k\u00f6zvetlen\u00fcl a hatalmas Elba foly\u00f3 medre alatt. <strong>Az alag\u00fatba \u00f3ri\u00e1si, f\u00e1val burkolt t\u00f6rt\u00e9nelmi liftekkel ereszkedsz le, amelyek kor\u00e1bban lovaskocsikat sz\u00e1ll\u00edtottak<\/strong>, \u00e9s a mai napig korh\u0171 egyenruh\u00e1s szem\u00e9lyzet kezeli \u0151ket. Maga az alag\u00fat gy\u00f6ny\u00f6r\u0171en f\u00e9nyl\u0151, tengeri \u00e9l\u0151l\u00e9nyek domborm\u0171veivel d\u00edsz\u00edtett csemp\u00e9vel van burkolva, \u00e9s a vil\u00e1g\u00edt\u00e1snak k\u00f6sz\u00f6nhet\u0151en hihetetlen\u00fcl fotog\u00e9n.<\/p>\n\n\n\n<p class=\"wp-block-paragraph\">A foly\u00f3 t\u00faloldal\u00e1ra vezet\u0151 f\u00f6ld alatti cs\u00f6v\u00f6n \u00e1t tett s\u00e9ta <strong>nagyj\u00e1b\u00f3l 400 m\u00e9ter, \u00e9s a gyalogos l\u00e1togat\u00f3k sz\u00e1m\u00e1ra eg\u00e9sz nap teljesen ingyenes<\/strong>. Amint az egyik lifttel felm\u00e9sz a t\u00falparton, a Steinwerder v\u00e1rosr\u00e9szben, a v\u00e1ros panor\u00e1m\u00e1j\u00e1nak egyik legszebb \u00e9s legnyitottabb kil\u00e1t\u00e1sa t\u00e1rul el\u00e9d.<\/p>\n\n\n\n<p class=\"wp-block-paragraph\">\ud83d\udca1 Tipp: <strong>Az Elbphilharmonie \u00e9p\u00fclet\u00e9vel \u00e9s a templomtornyokkal a legjobb panor\u00e1mak\u00e9peket a d\u00e9li part kil\u00e1t\u00f3platformj\u00e1r\u00f3l k\u00e9sz\u00edtheted<\/strong> r\u00f6gt\u00f6n az alag\u00fat kij\u00e1rat\u00e1n\u00e1l. K\u00fcl\u00f6n\u00f6sen napnyugtakor vagy k\u00f6zvetlen\u00fcl ut\u00e1na teljesen gy\u00f6ny\u00f6r\u0171 a l\u00e1tv\u00e1ny.<\/p>\n\n\n\n<figure data-wp-context=\"{&quot;imageId&quot;:&quot;6a9535669e52f&quot;}\" data-wp-interactive=\"core\/image\" data-wp-key=\"6a9535669e52f\" class=\"wp-block-image size-full wp-lightbox-container\"><img decoding=\"async\" width=\"1800\" height=\"1215\" data-wp-class--hide=\"state.isContentHidden\" data-wp-class--show=\"state.isContentVisible\" data-wp-init=\"callbacks.setButtonStyles\" data-wp-on--click=\"actions.showLightbox\" data-wp-on--load=\"callbacks.setButtonStyles\" data-wp-on--pointerdown=\"actions.preloadImage\" data-wp-on--pointerenter=\"actions.preloadImageWithDelay\" data-wp-on--pointerleave=\"actions.cancelPreload\" data-wp-on-window--resize=\"callbacks.setButtonStyles\" src=\"https:\/\/loudavymkrokem.cz\/wp-content\/uploads\/2026\/08\/nemecko-clanky-co-videt-v-hamburku-18.jpg\" alt=\"A Chilehaus a Kontorhausviertel negyedben\" class=\"wp-image-399000\" title=\"\" srcset=\"https:\/\/loudavymkrokem.cz\/wp-content\/uploads\/2026\/08\/nemecko-clanky-co-videt-v-hamburku-18.jpg 1800w, https:\/\/loudavymkrokem.cz\/wp-content\/uploads\/2026\/08\/nemecko-clanky-co-videt-v-hamburku-18-300x203.jpg 300w, https:\/\/loudavymkrokem.cz\/wp-content\/uploads\/2026\/08\/nemecko-clanky-co-videt-v-hamburku-18-700x473.jpg 700w, https:\/\/loudavymkrokem.cz\/wp-content\/uploads\/2026\/08\/nemecko-clanky-co-videt-v-hamburku-18-768x518.jpg 768w, https:\/\/loudavymkrokem.cz\/wp-content\/uploads\/2026\/08\/nemecko-clanky-co-videt-v-hamburku-18-1536x1037.jpg 1536w, https:\/\/loudavymkrokem.cz\/wp-content\/uploads\/2026\/08\/nemecko-clanky-co-videt-v-hamburku-18-696x470.jpg 696w, https:\/\/loudavymkrokem.cz\/wp-content\/uploads\/2026\/08\/nemecko-clanky-co-videt-v-hamburku-18-1392x940.jpg 1392w\" sizes=\"(max-width: 1800px) 100vw, 1800px\" \/><button\n\t\t\tclass=\"lightbox-trigger\"\n\t\t\ttype=\"button\"\n\t\t\taria-haspopup=\"dialog\"\n\t\t\tdata-wp-bind--aria-label=\"state.thisImage.triggerButtonAriaLabel\"\n\t\t\tdata-wp-init=\"callbacks.initTriggerButton\"\n\t\t\tdata-wp-on--click=\"actions.showLightbox\"\n\t\t\tdata-wp-style--right=\"state.thisImage.buttonRight\"\n\t\t\tdata-wp-style--top=\"state.thisImage.buttonTop\"\n\t\t>\n\t\t\t<svg xmlns=\"http:\/\/www.w3.org\/2000\/svg\" width=\"12\" height=\"12\" fill=\"none\" viewBox=\"0 0 12 12\">\n\t\t\t\t<path fill=\"#fff\" d=\"M2 0a2 2 0 0 0-2 2v2h1.5V2a.5.5 0 0 1 .5-.5h2V0H2Zm2 10.5H2a.5.5 0 0 1-.5-.5V8H0v2a2 2 0 0 0 2 2h2v-1.5ZM8 12v-1.5h2a.5.5 0 0 0 .5-.5V8H12v2a2 2 0 0 1-2 2H8Zm2-12a2 2 0 0 1 2 2v2h-1.5V2a.5.5 0 0 0-.5-.5H8V0h2Z\" \/>\n\t\t\t<\/svg>\n\t\t<\/button><figcaption class=\"wp-element-caption\">Foto: Dietmar Rabich \/ Wikimedia Commons, CC BY-SA 4.0<\/figcaption><\/figure>\n\n\n\n<h3 class=\"wp-block-heading\"><span class=\"ez-toc-section\" id=\"14_A_Kontorhausviertel_negyed_es_a_Chilehaus\"><\/span>14. A Kontorhausviertel negyed \u00e9s a Chilehaus<span class=\"ez-toc-section-end\"><\/span><\/h3>\n\n\n\n<p class=\"wp-block-paragraph\">A m\u00falt sz\u00e1zad h\u00faszas \u00e9veinek egyedi expresszionista \u00e9p\u00edt\u00e9szet\u00e9nek szerelmesei ebben a t\u00f6rt\u00e9nelmi irodanegyedben garant\u00e1ltan megtal\u00e1lj\u00e1k a sz\u00e1m\u00edt\u00e1sukat. <strong>A legismertebb \u00e9p\u00fclet az ikonikus Chilehaus, amely hihetetlen\u00fcl \u00e9les sark\u00e1val egy \u00f3ri\u00e1si \u00f3ce\u00e1nj\u00e1r\u00f3 haj\u00f3ra eml\u00e9keztet<\/strong>, \u00e9s a Speicherstadttal egy\u00fctt joggal ker\u00fclt fel a rangos UNESCO-list\u00e1ra. Az eg\u00e9sz ter\u00fclet s\u00f6t\u00e9t \u00e9getett t\u00e9gl\u00e1b\u00f3l \u00e9p\u00fclt, \u00e9s hihetetlen hangs\u00falyt fektet a geometriai r\u00e9szletekre \u00e9s a kidolgozott homlokzati ornamentik\u00e1ra.<\/p>\n\n\n\n<p class=\"wp-block-paragraph\">Az \u00e9p\u00fcletek eredetileg <strong>nagy kereskedelmi t\u00e1rsas\u00e1gok, az \u00fagynevezett kontorok sz\u00e9khelyek\u00e9nt szolg\u00e1ltak, amelyek innen ir\u00e1ny\u00edtott\u00e1k a tengerent\u00fali kereskedelmet<\/strong>. Ma ugyan modern irod\u00e1k m\u0171k\u00f6dnek benn\u00fck, de a sok gy\u00f6ny\u00f6r\u0171en d\u00edsz\u00edtett bej\u00e1rati csarnokba, foyer-ba \u00e9s fens\u00e9ges l\u00e9pcs\u0151h\u00e1zba munkaid\u0151ben probl\u00e9mamentesen \u00e9s ingyen be tudsz n\u00e9zni.<\/p>\n\n\n\n<p class=\"wp-block-paragraph\">\ud83d\udca1 Tipp: <strong>\u00c1llj pontosan a Burchardstra\u00dfe \u00e9s a Pumpen utc\u00e1k sark\u00e1ra<\/strong>, onnan a Chilehaus cs\u00facsa a legdr\u00e1maibb \u00e9s leg\u00e9lesebb sz\u00f6gb\u0151l l\u00e1tszik. Az innen k\u00e9sz\u00edtett fot\u00f3 a v\u00e1ros egyik legikonikusabb \u00e9p\u00edt\u00e9szeti felv\u00e9tele.<\/p>\n\n\n\n<figure data-wp-context=\"{&quot;imageId&quot;:&quot;6a9535669e96f&quot;}\" data-wp-interactive=\"core\/image\" data-wp-key=\"6a9535669e96f\" class=\"wp-block-image size-full wp-lightbox-container\"><img decoding=\"async\" width=\"1800\" height=\"1200\" data-wp-class--hide=\"state.isContentHidden\" data-wp-class--show=\"state.isContentVisible\" data-wp-init=\"callbacks.setButtonStyles\" data-wp-on--click=\"actions.showLightbox\" data-wp-on--load=\"callbacks.setButtonStyles\" data-wp-on--pointerdown=\"actions.preloadImage\" data-wp-on--pointerenter=\"actions.preloadImageWithDelay\" data-wp-on--pointerleave=\"actions.cancelPreload\" data-wp-on-window--resize=\"callbacks.setButtonStyles\" src=\"https:\/\/loudavymkrokem.cz\/wp-content\/uploads\/2026\/08\/nemecko-clanky-co-videt-v-hamburku-19.jpg\" alt=\"A Hamburger Kunsthalle gal\u00e9ria \u00e9p\u00fclete\" class=\"wp-image-399002\" title=\"\" srcset=\"https:\/\/loudavymkrokem.cz\/wp-content\/uploads\/2026\/08\/nemecko-clanky-co-videt-v-hamburku-19.jpg 1800w, https:\/\/loudavymkrokem.cz\/wp-content\/uploads\/2026\/08\/nemecko-clanky-co-videt-v-hamburku-19-300x200.jpg 300w, https:\/\/loudavymkrokem.cz\/wp-content\/uploads\/2026\/08\/nemecko-clanky-co-videt-v-hamburku-19-700x467.jpg 700w, https:\/\/loudavymkrokem.cz\/wp-content\/uploads\/2026\/08\/nemecko-clanky-co-videt-v-hamburku-19-768x512.jpg 768w, https:\/\/loudavymkrokem.cz\/wp-content\/uploads\/2026\/08\/nemecko-clanky-co-videt-v-hamburku-19-1536x1024.jpg 1536w, https:\/\/loudavymkrokem.cz\/wp-content\/uploads\/2026\/08\/nemecko-clanky-co-videt-v-hamburku-19-696x464.jpg 696w, https:\/\/loudavymkrokem.cz\/wp-content\/uploads\/2026\/08\/nemecko-clanky-co-videt-v-hamburku-19-1392x928.jpg 1392w\" sizes=\"(max-width: 1800px) 100vw, 1800px\" \/><button\n\t\t\tclass=\"lightbox-trigger\"\n\t\t\ttype=\"button\"\n\t\t\taria-haspopup=\"dialog\"\n\t\t\tdata-wp-bind--aria-label=\"state.thisImage.triggerButtonAriaLabel\"\n\t\t\tdata-wp-init=\"callbacks.initTriggerButton\"\n\t\t\tdata-wp-on--click=\"actions.showLightbox\"\n\t\t\tdata-wp-style--right=\"state.thisImage.buttonRight\"\n\t\t\tdata-wp-style--top=\"state.thisImage.buttonTop\"\n\t\t>\n\t\t\t<svg xmlns=\"http:\/\/www.w3.org\/2000\/svg\" width=\"12\" height=\"12\" fill=\"none\" viewBox=\"0 0 12 12\">\n\t\t\t\t<path fill=\"#fff\" d=\"M2 0a2 2 0 0 0-2 2v2h1.5V2a.5.5 0 0 1 .5-.5h2V0H2Zm2 10.5H2a.5.5 0 0 1-.5-.5V8H0v2a2 2 0 0 0 2 2h2v-1.5ZM8 12v-1.5h2a.5.5 0 0 0 .5-.5V8H12v2a2 2 0 0 1-2 2H8Zm2-12a2 2 0 0 1 2 2v2h-1.5V2a.5.5 0 0 0-.5-.5H8V0h2Z\" \/>\n\t\t\t<\/svg>\n\t\t<\/button><figcaption class=\"wp-element-caption\">Foto: Laura Paredis \/ Pexels<\/figcaption><\/figure>\n\n\n\n<h3 class=\"wp-block-heading\"><span class=\"ez-toc-section\" id=\"15_Hamburger_Kunsthalle\"><\/span>15. Hamburger Kunsthalle<span class=\"ez-toc-section-end\"><\/span><\/h3>\n\n\n\n<p class=\"wp-block-paragraph\">Ha az utaz\u00e1s sor\u00e1n m\u0171v\u00e9szetet szeretn\u00e9l csod\u00e1lni, nem hagyhatod ki eg\u00e9sz N\u00e9metorsz\u00e1g egyik legnagyobb \u00e9s legjelent\u0151sebb m\u0171v\u00e9szeti m\u00fazeum\u00e1t, amely r\u00f6gt\u00f6n a f\u0151p\u00e1lyaudvar k\u00f6zel\u00e9ben tal\u00e1lhat\u00f3. <strong>A Hamburger Kunsthalle h\u00e1rom, k\u00fcl\u00f6nb\u00f6z\u0151 kor\u00fa, \u00f6sszek\u00f6t\u00f6tt \u00e9p\u00fcletb\u0151l \u00e1ll, \u00e9s nyolc \u00e9vsz\u00e1zad m\u0171v\u00e9szeti alkot\u00e1sait fel\u00f6lel\u0151 leny\u0171g\u00f6z\u0151 gy\u0171jtem\u00e9nyeket rejt<\/strong>, a leny\u0171g\u00f6z\u0151 k\u00f6z\u00e9pkori olt\u00e1rokt\u00f3l a provokat\u00edv kort\u00e1rs install\u00e1ci\u00f3kig. A komplexum hatalmas, \u00e9s a m\u0171v\u00e9szet szerelmesei minden gond n\u00e9lk\u00fcl eg\u00e9sz napot elt\u00f6ltenek itt.<\/p>\n\n\n\n<p class=\"wp-block-paragraph\">Az eg\u00e9sz gal\u00e9ria legnagyobb attrakci\u00f3ja k\u00e9ts\u00e9gtelen\u00fcl <strong>Caspar David Friedrich romantikus fest\u0151 h\u00edres k\u00e9pe, a V\u00e1ndor a k\u00f6dtenger felett<\/strong>, amely a n\u00e9met romantika vil\u00e1gszerte ismert ikonj\u00e1v\u00e1 v\u00e1lt. Rajta k\u00edv\u00fcl term\u00e9szetesen m\u00e1s nagy mesterek leny\u0171g\u00f6z\u0151 alkot\u00e1sait is megtal\u00e1lod itt, mint Rembrandt, Manet vagy Edvard Munch.<\/p>\n\n\n\n<p class=\"wp-block-paragraph\">\ud83d\udca1 Tipp: <strong>Ha els\u0151sorban a modern m\u0171v\u00e9szet \u00e9rdekel, egyenesen a leg\u00fajabb, vil\u00e1gos \u00e9p\u00fcletbe, a Galerie der Gegenwartba mehetsz<\/strong>, amely az 1960-t\u00f3l napjainkig tart\u00f3 alkot\u00e1sokra f\u00f3kusz\u00e1l, \u00e9s \u00f6nmag\u00e1ban is nagyon \u00e9rdekes \u00e9p\u00edt\u00e9szetileg.<\/p>\n\n\n\n<figure data-wp-context=\"{&quot;imageId&quot;:&quot;6a9535669eda3&quot;}\" data-wp-interactive=\"core\/image\" data-wp-key=\"6a9535669eda3\" class=\"wp-block-image size-full wp-lightbox-container\"><img decoding=\"async\" width=\"1800\" height=\"1231\" data-wp-class--hide=\"state.isContentHidden\" data-wp-class--show=\"state.isContentVisible\" data-wp-init=\"callbacks.setButtonStyles\" data-wp-on--click=\"actions.showLightbox\" data-wp-on--load=\"callbacks.setButtonStyles\" data-wp-on--pointerdown=\"actions.preloadImage\" data-wp-on--pointerenter=\"actions.preloadImageWithDelay\" data-wp-on--pointerleave=\"actions.cancelPreload\" data-wp-on-window--resize=\"callbacks.setButtonStyles\" src=\"https:\/\/loudavymkrokem.cz\/wp-content\/uploads\/2026\/08\/nemecko-clanky-co-videt-v-hamburku-20.jpg\" alt=\"Egy hamburgi m\u00fazeum bels\u0151 tere\" class=\"wp-image-399008\" title=\"\" srcset=\"https:\/\/loudavymkrokem.cz\/wp-content\/uploads\/2026\/08\/nemecko-clanky-co-videt-v-hamburku-20.jpg 1800w, https:\/\/loudavymkrokem.cz\/wp-content\/uploads\/2026\/08\/nemecko-clanky-co-videt-v-hamburku-20-300x205.jpg 300w, https:\/\/loudavymkrokem.cz\/wp-content\/uploads\/2026\/08\/nemecko-clanky-co-videt-v-hamburku-20-700x479.jpg 700w, https:\/\/loudavymkrokem.cz\/wp-content\/uploads\/2026\/08\/nemecko-clanky-co-videt-v-hamburku-20-768x525.jpg 768w, https:\/\/loudavymkrokem.cz\/wp-content\/uploads\/2026\/08\/nemecko-clanky-co-videt-v-hamburku-20-1536x1050.jpg 1536w, https:\/\/loudavymkrokem.cz\/wp-content\/uploads\/2026\/08\/nemecko-clanky-co-videt-v-hamburku-20-696x476.jpg 696w, https:\/\/loudavymkrokem.cz\/wp-content\/uploads\/2026\/08\/nemecko-clanky-co-videt-v-hamburku-20-1392x952.jpg 1392w\" sizes=\"(max-width: 1800px) 100vw, 1800px\" \/><button\n\t\t\tclass=\"lightbox-trigger\"\n\t\t\ttype=\"button\"\n\t\t\taria-haspopup=\"dialog\"\n\t\t\tdata-wp-bind--aria-label=\"state.thisImage.triggerButtonAriaLabel\"\n\t\t\tdata-wp-init=\"callbacks.initTriggerButton\"\n\t\t\tdata-wp-on--click=\"actions.showLightbox\"\n\t\t\tdata-wp-style--right=\"state.thisImage.buttonRight\"\n\t\t\tdata-wp-style--top=\"state.thisImage.buttonTop\"\n\t\t>\n\t\t\t<svg xmlns=\"http:\/\/www.w3.org\/2000\/svg\" width=\"12\" height=\"12\" fill=\"none\" viewBox=\"0 0 12 12\">\n\t\t\t\t<path fill=\"#fff\" d=\"M2 0a2 2 0 0 0-2 2v2h1.5V2a.5.5 0 0 1 .5-.5h2V0H2Zm2 10.5H2a.5.5 0 0 1-.5-.5V8H0v2a2 2 0 0 0 2 2h2v-1.5ZM8 12v-1.5h2a.5.5 0 0 0 .5-.5V8H12v2a2 2 0 0 1-2 2H8Zm2-12a2 2 0 0 1 2 2v2h-1.5V2a.5.5 0 0 0-.5-.5H8V0h2Z\" \/>\n\t\t\t<\/svg>\n\t\t<\/button><figcaption class=\"wp-element-caption\">Foto: G\u00fcl I\u015f\u0131k \/ Pexels<\/figcaption><\/figure>\n\n\n\n<h3 class=\"wp-block-heading\"><span class=\"ez-toc-section\" id=\"16_Dialog_im_Dunkeln\"><\/span>16. Dialog im Dunkeln<span class=\"ez-toc-section-end\"><\/span><\/h3>\n\n\n\n<p class=\"wp-block-paragraph\">Ez az egyed\u00fcl\u00e1ll\u00f3 \u00e9lm\u00e9ny teljesen megv\u00e1ltoztatja a h\u00e9tk\u00f6znapi \u00e9letr\u0151l alkotott perspekt\u00edv\u00e1dat, \u00e9s arra k\u00e9sztet, hogy a vil\u00e1got eg\u00e9szen m\u00e1s \u00e9rz\u00e9kszervekkel \u00e9rz\u00e9keld, mint a domin\u00e1ns l\u00e1t\u00e1ssal. <strong>A P\u00e1rbesz\u00e9d a s\u00f6t\u00e9tben egy m\u00e9lyen interakt\u00edv ki\u00e1ll\u00edt\u00e1s, ahol vak vezet\u0151k vezetnek v\u00e9gig teljes s\u00f6t\u00e9ts\u00e9gben a h\u00e9tk\u00f6znapi \u00e9let szimul\u00e1lt helyzetein<\/strong>, mint egy s\u00e9ta a ny\u00fczsg\u0151 parkban, egy piaci l\u00e1togat\u00e1s vagy egy \u00fccs\u00f6rg\u00e9s a b\u00e1rban. M\u00e1sf\u00e9l \u00f3r\u00e1ra \u00edgy egy olyan vil\u00e1gba ker\u00fclsz, ahol sz\u00e1z sz\u00e1zal\u00e9kig csak a tapint\u00e1sodra, a hall\u00e1sodra \u00e9s a szagl\u00e1sodra kell hagyatkoznod.<\/p>\n\n\n\n<p class=\"wp-block-paragraph\">Ez egy <strong>hihetetlen\u00fcl er\u0151s \u00e9s meghat\u00f3 \u00e9lm\u00e9ny, amely term\u00e9szetesen lebontja a l\u00e1t\u00f3k \u00e9s a vakok k\u00f6z\u00f6tti korl\u00e1tokat<\/strong>, \u00e9s sokkal nagyobb emp\u00e1ti\u00e1ra tan\u00edt. A t\u00far\u00e1k kisebb csoportokban zajlanak, \u00edgy nem kell agg\u00f3dnod, hogy elt\u00e9vedsz, az angolul besz\u00e9l\u0151 l\u00e1togat\u00f3k sz\u00e1m\u00e1ra pedig k\u00fcl\u00f6n kijel\u00f6lt id\u0151pontok \u00e1llnak rendelkez\u00e9sre.<\/p>\n\n\n\n<p class=\"wp-block-paragraph\">\ud83d\udca1 Tipp: <strong>Az angol nyelv\u0171 t\u00far\u00e1ra sz\u00f3l\u00f3 jegyeket mindenk\u00e9pp kell\u0151 el\u0151rel\u00e1t\u00e1ssal szerezd be online<\/strong>, mert a csoportok kapacit\u00e1sa szigor\u00faan korl\u00e1tozott, \u00e9s a helysz\u00ednen gyakran eg\u00e9sz napra elkel minden jegy.<\/p>\n\n\n\n<figure data-wp-context=\"{&quot;imageId&quot;:&quot;6a9535669f1b3&quot;}\" data-wp-interactive=\"core\/image\" data-wp-key=\"6a9535669f1b3\" class=\"wp-block-image size-full wp-lightbox-container\"><img decoding=\"async\" width=\"1800\" height=\"1350\" data-wp-class--hide=\"state.isContentHidden\" data-wp-class--show=\"state.isContentVisible\" data-wp-init=\"callbacks.setButtonStyles\" data-wp-on--click=\"actions.showLightbox\" data-wp-on--load=\"callbacks.setButtonStyles\" data-wp-on--pointerdown=\"actions.preloadImage\" data-wp-on--pointerenter=\"actions.preloadImageWithDelay\" data-wp-on--pointerleave=\"actions.cancelPreload\" data-wp-on-window--resize=\"callbacks.setButtonStyles\" src=\"https:\/\/loudavymkrokem.cz\/wp-content\/uploads\/2026\/08\/nemecko-clanky-co-videt-v-hamburku-21.jpg\" alt=\"A l\u00e9pcs\u0151s Blankenese v\u00e1rosr\u00e9sz\" class=\"wp-image-399012\" title=\"\" srcset=\"https:\/\/loudavymkrokem.cz\/wp-content\/uploads\/2026\/08\/nemecko-clanky-co-videt-v-hamburku-21.jpg 1800w, https:\/\/loudavymkrokem.cz\/wp-content\/uploads\/2026\/08\/nemecko-clanky-co-videt-v-hamburku-21-300x225.jpg 300w, https:\/\/loudavymkrokem.cz\/wp-content\/uploads\/2026\/08\/nemecko-clanky-co-videt-v-hamburku-21-700x525.jpg 700w, https:\/\/loudavymkrokem.cz\/wp-content\/uploads\/2026\/08\/nemecko-clanky-co-videt-v-hamburku-21-768x576.jpg 768w, https:\/\/loudavymkrokem.cz\/wp-content\/uploads\/2026\/08\/nemecko-clanky-co-videt-v-hamburku-21-1536x1152.jpg 1536w, https:\/\/loudavymkrokem.cz\/wp-content\/uploads\/2026\/08\/nemecko-clanky-co-videt-v-hamburku-21-80x60.jpg 80w, https:\/\/loudavymkrokem.cz\/wp-content\/uploads\/2026\/08\/nemecko-clanky-co-videt-v-hamburku-21-160x120.jpg 160w, https:\/\/loudavymkrokem.cz\/wp-content\/uploads\/2026\/08\/nemecko-clanky-co-videt-v-hamburku-21-696x522.jpg 696w, https:\/\/loudavymkrokem.cz\/wp-content\/uploads\/2026\/08\/nemecko-clanky-co-videt-v-hamburku-21-1392x1044.jpg 1392w\" sizes=\"(max-width: 1800px) 100vw, 1800px\" \/><button\n\t\t\tclass=\"lightbox-trigger\"\n\t\t\ttype=\"button\"\n\t\t\taria-haspopup=\"dialog\"\n\t\t\tdata-wp-bind--aria-label=\"state.thisImage.triggerButtonAriaLabel\"\n\t\t\tdata-wp-init=\"callbacks.initTriggerButton\"\n\t\t\tdata-wp-on--click=\"actions.showLightbox\"\n\t\t\tdata-wp-style--right=\"state.thisImage.buttonRight\"\n\t\t\tdata-wp-style--top=\"state.thisImage.buttonTop\"\n\t\t>\n\t\t\t<svg xmlns=\"http:\/\/www.w3.org\/2000\/svg\" width=\"12\" height=\"12\" fill=\"none\" viewBox=\"0 0 12 12\">\n\t\t\t\t<path fill=\"#fff\" d=\"M2 0a2 2 0 0 0-2 2v2h1.5V2a.5.5 0 0 1 .5-.5h2V0H2Zm2 10.5H2a.5.5 0 0 1-.5-.5V8H0v2a2 2 0 0 0 2 2h2v-1.5ZM8 12v-1.5h2a.5.5 0 0 0 .5-.5V8H12v2a2 2 0 0 1-2 2H8Zm2-12a2 2 0 0 1 2 2v2h-1.5V2a.5.5 0 0 0-.5-.5H8V0h2Z\" \/>\n\t\t\t<\/svg>\n\t\t<\/button><figcaption class=\"wp-element-caption\">Foto: Pauli-Pirat \/ Wikimedia Commons, CC BY-SA 4.0<\/figcaption><\/figure>\n\n\n\n<h3 class=\"wp-block-heading\"><span class=\"ez-toc-section\" id=\"17_A_lepcsokkel_teli_Treppenviertel_Blankenese\"><\/span>17. A l\u00e9pcs\u0151kkel teli Treppenviertel Blankenese<span class=\"ez-toc-section-end\"><\/span><\/h3>\n\n\n\n<p class=\"wp-block-paragraph\">A ny\u00fczsg\u0151 k\u00f6zpontb\u00f3l val\u00f3 t\u00f6k\u00e9letes menek\u00fcl\u00e9shez ugorj fel az S-Bahn el\u0151v\u00e1rosi vonatra, \u00e9s menj a fest\u0151i Blankenese v\u00e1rosr\u00e9szbe, amely azonnal meglep szinte mediterr\u00e1n hangulat\u00e1val. <strong>Ez az egykori hal\u00e1szfalu a foly\u00f3 f\u00f6l\u00f6tti meredek lejt\u0151n \u00e9p\u00fclt, \u00e9s szinte \u00f6tezer l\u00e9pcs\u0151b\u0151l \u00e1ll\u00f3 hihetetlen labirintus sz\u00f6vi \u00e1t<\/strong>, keskeny, kacskaring\u00f3s utc\u00e1csk\u00e1kkal \u00e9s apr\u00f3 terekkel. Egy\u00e1ltal\u00e1n nem tal\u00e1lsz itt aut\u00f3t, csak gy\u00f6ny\u00f6r\u0171 r\u00e9gi vill\u00e1kat gondosan \u00e1polt kertekkel \u00e9s l\u00e9legzetel\u00e1ll\u00edt\u00f3 kil\u00e1t\u00e1ssal az elhalad\u00f3 kont\u00e9nerhaj\u00f3kra.<\/p>\n\n\n\n<p class=\"wp-block-paragraph\">A l\u00e9pcs\u0151k sz\u00f6vev\u00e9ny\u00e9n lefel\u00e9 a foly\u00f3hoz, majd vissza tett s\u00e9ta <strong>el\u00e9g komoly sportteljes\u00edtm\u00e9ny, de a jutalmad a legvar\u00e1zslatosabb l\u00e1tv\u00e1ny lesz<\/strong>, amely ink\u00e1bb a naps\u00fct\u00f6tte olasz rivi\u00e9r\u00e1ra eml\u00e9keztet, mint a h\u0171v\u00f6s \u00c9szak-N\u00e9metorsz\u00e1gra. Lent a v\u00edzn\u00e9l r\u00e1ad\u00e1sul egy gy\u00f6ny\u00f6r\u0171 homokos strand \u00e9s n\u00e9h\u00e1ny kiv\u00e1l\u00f3 k\u00e1v\u00e9z\u00f3 tal\u00e1lhat\u00f3, ahol er\u0151t gy\u0171jthetsz.<\/p>\n\n\n\n<p class=\"wp-block-paragraph\">\ud83d\udca1 Tipp: <strong>A legjobb elveszni az utc\u00e1csk\u00e1kban, \u00e9s egy\u00e1ltal\u00e1n nem n\u00e9zni a telefon t\u00e9rk\u00e9p\u00e9t<\/strong>, el\u0151bb-ut\u00f3bb \u00fagyis mindig kilyukadsz vagy lent a foly\u00f3n\u00e1l, vagy fent a f\u0151\u00fatn\u00e1l, ahonnan k\u00e9nyelmesen j\u00e1rnak vissza a buszok az \u00e1llom\u00e1shoz.<\/p>\n\n\n\n<figure data-wp-context=\"{&quot;imageId&quot;:&quot;6a9535669f59b&quot;}\" data-wp-interactive=\"core\/image\" data-wp-key=\"6a9535669f59b\" class=\"wp-block-image size-full wp-lightbox-container\"><img decoding=\"async\" width=\"1800\" height=\"1200\" data-wp-class--hide=\"state.isContentHidden\" data-wp-class--show=\"state.isContentVisible\" data-wp-init=\"callbacks.setButtonStyles\" data-wp-on--click=\"actions.showLightbox\" data-wp-on--load=\"callbacks.setButtonStyles\" data-wp-on--pointerdown=\"actions.preloadImage\" data-wp-on--pointerenter=\"actions.preloadImageWithDelay\" data-wp-on--pointerleave=\"actions.cancelPreload\" data-wp-on-window--resize=\"callbacks.setButtonStyles\" src=\"https:\/\/loudavymkrokem.cz\/wp-content\/uploads\/2026\/08\/nemecko-clanky-co-videt-v-hamburku-22.jpg\" alt=\"A Szent Mih\u00e1ly-templom\" class=\"wp-image-399016\" title=\"\" srcset=\"https:\/\/loudavymkrokem.cz\/wp-content\/uploads\/2026\/08\/nemecko-clanky-co-videt-v-hamburku-22.jpg 1800w, https:\/\/loudavymkrokem.cz\/wp-content\/uploads\/2026\/08\/nemecko-clanky-co-videt-v-hamburku-22-300x200.jpg 300w, https:\/\/loudavymkrokem.cz\/wp-content\/uploads\/2026\/08\/nemecko-clanky-co-videt-v-hamburku-22-700x467.jpg 700w, https:\/\/loudavymkrokem.cz\/wp-content\/uploads\/2026\/08\/nemecko-clanky-co-videt-v-hamburku-22-768x512.jpg 768w, https:\/\/loudavymkrokem.cz\/wp-content\/uploads\/2026\/08\/nemecko-clanky-co-videt-v-hamburku-22-1536x1024.jpg 1536w, https:\/\/loudavymkrokem.cz\/wp-content\/uploads\/2026\/08\/nemecko-clanky-co-videt-v-hamburku-22-696x464.jpg 696w, https:\/\/loudavymkrokem.cz\/wp-content\/uploads\/2026\/08\/nemecko-clanky-co-videt-v-hamburku-22-1392x928.jpg 1392w\" sizes=\"(max-width: 1800px) 100vw, 1800px\" \/><button\n\t\t\tclass=\"lightbox-trigger\"\n\t\t\ttype=\"button\"\n\t\t\taria-haspopup=\"dialog\"\n\t\t\tdata-wp-bind--aria-label=\"state.thisImage.triggerButtonAriaLabel\"\n\t\t\tdata-wp-init=\"callbacks.initTriggerButton\"\n\t\t\tdata-wp-on--click=\"actions.showLightbox\"\n\t\t\tdata-wp-style--right=\"state.thisImage.buttonRight\"\n\t\t\tdata-wp-style--top=\"state.thisImage.buttonTop\"\n\t\t>\n\t\t\t<svg xmlns=\"http:\/\/www.w3.org\/2000\/svg\" width=\"12\" height=\"12\" fill=\"none\" viewBox=\"0 0 12 12\">\n\t\t\t\t<path fill=\"#fff\" d=\"M2 0a2 2 0 0 0-2 2v2h1.5V2a.5.5 0 0 1 .5-.5h2V0H2Zm2 10.5H2a.5.5 0 0 1-.5-.5V8H0v2a2 2 0 0 0 2 2h2v-1.5ZM8 12v-1.5h2a.5.5 0 0 0 .5-.5V8H12v2a2 2 0 0 1-2 2H8Zm2-12a2 2 0 0 1 2 2v2h-1.5V2a.5.5 0 0 0-.5-.5H8V0h2Z\" \/>\n\t\t\t<\/svg>\n\t\t<\/button><figcaption class=\"wp-element-caption\">Foto: Dietmar Rabich \/ Wikimedia Commons, CC BY-SA 4.0<\/figcaption><\/figure>\n\n\n\n<h3 class=\"wp-block-heading\"><span class=\"ez-toc-section\" id=\"18_Szent_Mihaly-templom_Michel\"><\/span>18. Szent Mih\u00e1ly-templom (Michel)<span class=\"ez-toc-section-end\"><\/span><\/h3>\n\n\n\n<p class=\"wp-block-paragraph\">A v\u00e1ros legjelent\u0151sebb barokk temploma, amelyet a helyiek gener\u00e1ci\u00f3k \u00f3ta szeretettel Michelnek bec\u00e9znek, \u00e9vsz\u00e1zadokon \u00e1t a legfontosabb t\u00e1j\u00e9koz\u00f3d\u00e1si pontk\u00e9nt szolg\u00e1lt a hossz\u00fa utakr\u00f3l hazat\u00e9r\u0151 tenger\u00e9szek sz\u00e1m\u00e1ra. <strong>Fens\u00e9ges, \u00f3ri\u00e1si \u00f3r\u00e1kkal ell\u00e1tott tornya 132 m\u00e9ter magasba emelkedik, \u00e9s a legszebb kil\u00e1t\u00f3platformot rejti<\/strong>, ahonnan a v\u00e1ros k\u00f6zpontja \u00e9s a hatalmas kik\u00f6t\u0151 is a tenyeredben van. Fel szerencs\u00e9re nem kell gyalog menned, mert az \u00fat nagy r\u00e9sz\u00e9t k\u00e9nyelmesen megteheted egy modern lifttel.<\/p>\n\n\n\n<p class=\"wp-block-paragraph\">\u00c9rdekess\u00e9g, hogy <strong>a templomot viharos t\u00f6rt\u00e9nete sor\u00e1n k\u00e9tszer teljesen elpuszt\u00edtotta egy \u00f3ri\u00e1si t\u0171zv\u00e9sz, majd ut\u00e1na r\u00e9szletesen \u00fajj\u00e1\u00e9p\u00edtett\u00e9k<\/strong> eredeti sz\u00e9ps\u00e9g\u00e9ben. A toronyb\u00f3l ny\u00edl\u00f3 kil\u00e1t\u00e1son k\u00edv\u00fcl mindenk\u00e9pp meg\u00e9ri megn\u00e9zni a f\u00f6ld alatti t\u00e1gas kript\u00e1t \u00e9s a leny\u0171g\u00f6z\u0151 vil\u00e1gos bels\u0151 teret, amely t\u00f6bb gy\u00f6ny\u00f6r\u0171 orgon\u00e1val b\u00fcszk\u00e9lkedhet.<\/p>\n\n\n\n<p class=\"wp-block-paragraph\">\ud83d\udca1 Tipp: <strong>Pr\u00f3b\u00e1ld a l\u00e1togat\u00e1st az esti \u00f3r\u00e1kra tervezni, amikor a templom k\u00fcl\u00f6nleges \u00e9jszakai toronyt\u00far\u00e1kat k\u00edn\u00e1l<\/strong>. A l\u00fcktet\u0151 kik\u00f6t\u0151 f\u00e9nyeinek v\u00e9gtelen tenger\u00e9re \u00e9s a kivil\u00e1g\u00edtott \u00e9jszakai v\u00e1rosra ny\u00edl\u00f3 l\u00e1tv\u00e1ny teljesen felejthetetlen.<\/p>\n\n\n\n<figure data-wp-context=\"{&quot;imageId&quot;:&quot;6a9535669fa74&quot;}\" data-wp-interactive=\"core\/image\" data-wp-key=\"6a9535669fa74\" class=\"wp-block-image size-full wp-lightbox-container\"><img decoding=\"async\" width=\"1800\" height=\"1350\" data-wp-class--hide=\"state.isContentHidden\" data-wp-class--show=\"state.isContentVisible\" data-wp-init=\"callbacks.setButtonStyles\" data-wp-on--click=\"actions.showLightbox\" data-wp-on--load=\"callbacks.setButtonStyles\" data-wp-on--pointerdown=\"actions.preloadImage\" data-wp-on--pointerenter=\"actions.preloadImageWithDelay\" data-wp-on--pointerleave=\"actions.cancelPreload\" data-wp-on-window--resize=\"callbacks.setButtonStyles\" src=\"https:\/\/loudavymkrokem.cz\/wp-content\/uploads\/2026\/08\/nemecko-clanky-co-videt-v-hamburku-23.jpg\" alt=\"Csokol\u00e1d\u00e9k\u00e9sz\u00edt\u00e9s\" class=\"wp-image-399022\" title=\"\" srcset=\"https:\/\/loudavymkrokem.cz\/wp-content\/uploads\/2026\/08\/nemecko-clanky-co-videt-v-hamburku-23.jpg 1800w, https:\/\/loudavymkrokem.cz\/wp-content\/uploads\/2026\/08\/nemecko-clanky-co-videt-v-hamburku-23-300x225.jpg 300w, https:\/\/loudavymkrokem.cz\/wp-content\/uploads\/2026\/08\/nemecko-clanky-co-videt-v-hamburku-23-700x525.jpg 700w, https:\/\/loudavymkrokem.cz\/wp-content\/uploads\/2026\/08\/nemecko-clanky-co-videt-v-hamburku-23-768x576.jpg 768w, https:\/\/loudavymkrokem.cz\/wp-content\/uploads\/2026\/08\/nemecko-clanky-co-videt-v-hamburku-23-1536x1152.jpg 1536w, https:\/\/loudavymkrokem.cz\/wp-content\/uploads\/2026\/08\/nemecko-clanky-co-videt-v-hamburku-23-80x60.jpg 80w, https:\/\/loudavymkrokem.cz\/wp-content\/uploads\/2026\/08\/nemecko-clanky-co-videt-v-hamburku-23-160x120.jpg 160w, https:\/\/loudavymkrokem.cz\/wp-content\/uploads\/2026\/08\/nemecko-clanky-co-videt-v-hamburku-23-696x522.jpg 696w, https:\/\/loudavymkrokem.cz\/wp-content\/uploads\/2026\/08\/nemecko-clanky-co-videt-v-hamburku-23-1392x1044.jpg 1392w\" sizes=\"(max-width: 1800px) 100vw, 1800px\" \/><button\n\t\t\tclass=\"lightbox-trigger\"\n\t\t\ttype=\"button\"\n\t\t\taria-haspopup=\"dialog\"\n\t\t\tdata-wp-bind--aria-label=\"state.thisImage.triggerButtonAriaLabel\"\n\t\t\tdata-wp-init=\"callbacks.initTriggerButton\"\n\t\t\tdata-wp-on--click=\"actions.showLightbox\"\n\t\t\tdata-wp-style--right=\"state.thisImage.buttonRight\"\n\t\t\tdata-wp-style--top=\"state.thisImage.buttonTop\"\n\t\t>\n\t\t\t<svg xmlns=\"http:\/\/www.w3.org\/2000\/svg\" width=\"12\" height=\"12\" fill=\"none\" viewBox=\"0 0 12 12\">\n\t\t\t\t<path fill=\"#fff\" d=\"M2 0a2 2 0 0 0-2 2v2h1.5V2a.5.5 0 0 1 .5-.5h2V0H2Zm2 10.5H2a.5.5 0 0 1-.5-.5V8H0v2a2 2 0 0 0 2 2h2v-1.5ZM8 12v-1.5h2a.5.5 0 0 0 .5-.5V8H12v2a2 2 0 0 1-2 2H8Zm2-12a2 2 0 0 1 2 2v2h-1.5V2a.5.5 0 0 0-.5-.5H8V0h2Z\" \/>\n\t\t\t<\/svg>\n\t\t<\/button><figcaption class=\"wp-element-caption\">Foto: MadayawDavao \/ Wikimedia Commons, CC BY-SA 4.0<\/figcaption><\/figure>\n\n\n\n<h3 class=\"wp-block-heading\"><span class=\"ez-toc-section\" id=\"19_Chocoversum_csokolademuzeum\"><\/span>19. Chocoversum csokol\u00e1d\u00e9m\u00fazeum<span class=\"ez-toc-section-end\"><\/span><\/h3>\n\n\n\n<p class=\"wp-block-paragraph\">Ha te vagy a gyerekeid az \u00e9dessz\u00e1j\u00faak k\u00f6z\u00e9 tartoztok, ezt a csod\u00e1latosan interakt\u00edv m\u00fazeumot a v\u00e1rosban val\u00f3 bolyong\u00e1s sor\u00e1n semmik\u00e9pp se hagyd ki. <strong>A Chocoversum v\u00e9gigvezet a csokol\u00e1d\u00e9k\u00e9sz\u00edt\u00e9s teljes bonyolult folyamat\u00e1n, a kaka\u00f3babok es\u0151erd\u0151ben val\u00f3 termeszt\u00e9s\u00e9t\u0151l a v\u00e9gleges t\u00e1bl\u00e1ig<\/strong>, mindezt egy nagyon sz\u00f3rakoztat\u00f3 vezet\u0151 ir\u00e1ny\u00edt\u00e1s\u00e1val. Ez nem valami unalmas, \u00fcveg m\u00f6g\u00f6tti ki\u00e1ll\u00edt\u00e1s, a t\u00fara sor\u00e1n l\u00e9pten-nyomon megk\u00f3stolod a kaka\u00f3feldolgoz\u00e1s k\u00fcl\u00f6nb\u00f6z\u0151 f\u00e1zisait, bele\u00e9rtve a g\u00e9pb\u0151l foly\u00f3 foly\u00e9kony csokol\u00e1d\u00e9t is.<\/p>\n\n\n\n<p class=\"wp-block-paragraph\">Az eg\u00e9sz program legjobb pontja, hogy <strong>elk\u00e9sz\u00edtheted \u00e9s pontosan az elk\u00e9pzel\u00e9seid szerint d\u00edsz\u00edtheted a saj\u00e1t csokol\u00e1d\u00e9t\u00e1bl\u00e1dat<\/strong>, amelyet azt\u00e1n a lehet\u0151 legjobb \u00e9s leg\u00edzletesebb szuven\u00edrk\u00e9nt vihetsz haza. Mik\u00f6zben a csokol\u00e1d\u00e9 megszil\u00e1rdul\u00e1s\u00e1ra v\u00e1rsz, rengeteg leny\u0171g\u00f6z\u0151 t\u00e9nyt tudsz meg e dr\u00e1ga nyersanyag t\u00f6rt\u00e9nelmi tengeri kereskedelm\u00e9r\u0151l.<\/p>\n\n\n\n<p class=\"wp-block-paragraph\">\ud83d\udca1 Tipp: <strong>A l\u00e1togat\u00e1s csak szervezett vezetett t\u00fara keret\u00e9ben lehets\u00e9ges<\/strong>, \u00fagyhogy a jegyeket \u00e9s a prefer\u00e1lt nyelvet (n\u00e9met vagy angol \u00e1ll rendelkez\u00e9sre) ink\u00e1bb egy konkr\u00e9t id\u0151pontra foglald el\u0151re az interneten.<\/p>\n\n\n\n<figure data-wp-context=\"{&quot;imageId&quot;:&quot;6a953566a0103&quot;}\" data-wp-interactive=\"core\/image\" data-wp-key=\"6a953566a0103\" class=\"wp-block-image size-full wp-lightbox-container\"><img decoding=\"async\" width=\"1800\" height=\"1350\" data-wp-class--hide=\"state.isContentHidden\" data-wp-class--show=\"state.isContentVisible\" data-wp-init=\"callbacks.setButtonStyles\" data-wp-on--click=\"actions.showLightbox\" data-wp-on--load=\"callbacks.setButtonStyles\" data-wp-on--pointerdown=\"actions.preloadImage\" data-wp-on--pointerenter=\"actions.preloadImageWithDelay\" data-wp-on--pointerleave=\"actions.cancelPreload\" data-wp-on-window--resize=\"callbacks.setButtonStyles\" src=\"https:\/\/loudavymkrokem.cz\/wp-content\/uploads\/2026\/08\/nemecko-clanky-co-videt-v-hamburku-24.jpg\" alt=\"Utca a Schanzenviertel negyedben\" class=\"wp-image-399026\" title=\"\" srcset=\"https:\/\/loudavymkrokem.cz\/wp-content\/uploads\/2026\/08\/nemecko-clanky-co-videt-v-hamburku-24.jpg 1800w, https:\/\/loudavymkrokem.cz\/wp-content\/uploads\/2026\/08\/nemecko-clanky-co-videt-v-hamburku-24-300x225.jpg 300w, https:\/\/loudavymkrokem.cz\/wp-content\/uploads\/2026\/08\/nemecko-clanky-co-videt-v-hamburku-24-700x525.jpg 700w, https:\/\/loudavymkrokem.cz\/wp-content\/uploads\/2026\/08\/nemecko-clanky-co-videt-v-hamburku-24-768x576.jpg 768w, https:\/\/loudavymkrokem.cz\/wp-content\/uploads\/2026\/08\/nemecko-clanky-co-videt-v-hamburku-24-1536x1152.jpg 1536w, https:\/\/loudavymkrokem.cz\/wp-content\/uploads\/2026\/08\/nemecko-clanky-co-videt-v-hamburku-24-80x60.jpg 80w, https:\/\/loudavymkrokem.cz\/wp-content\/uploads\/2026\/08\/nemecko-clanky-co-videt-v-hamburku-24-160x120.jpg 160w, https:\/\/loudavymkrokem.cz\/wp-content\/uploads\/2026\/08\/nemecko-clanky-co-videt-v-hamburku-24-696x522.jpg 696w, https:\/\/loudavymkrokem.cz\/wp-content\/uploads\/2026\/08\/nemecko-clanky-co-videt-v-hamburku-24-1392x1044.jpg 1392w\" sizes=\"(max-width: 1800px) 100vw, 1800px\" \/><button\n\t\t\tclass=\"lightbox-trigger\"\n\t\t\ttype=\"button\"\n\t\t\taria-haspopup=\"dialog\"\n\t\t\tdata-wp-bind--aria-label=\"state.thisImage.triggerButtonAriaLabel\"\n\t\t\tdata-wp-init=\"callbacks.initTriggerButton\"\n\t\t\tdata-wp-on--click=\"actions.showLightbox\"\n\t\t\tdata-wp-style--right=\"state.thisImage.buttonRight\"\n\t\t\tdata-wp-style--top=\"state.thisImage.buttonTop\"\n\t\t>\n\t\t\t<svg xmlns=\"http:\/\/www.w3.org\/2000\/svg\" width=\"12\" height=\"12\" fill=\"none\" viewBox=\"0 0 12 12\">\n\t\t\t\t<path fill=\"#fff\" d=\"M2 0a2 2 0 0 0-2 2v2h1.5V2a.5.5 0 0 1 .5-.5h2V0H2Zm2 10.5H2a.5.5 0 0 1-.5-.5V8H0v2a2 2 0 0 0 2 2h2v-1.5ZM8 12v-1.5h2a.5.5 0 0 0 .5-.5V8H12v2a2 2 0 0 1-2 2H8Zm2-12a2 2 0 0 1 2 2v2h-1.5V2a.5.5 0 0 0-.5-.5H8V0h2Z\" \/>\n\t\t\t<\/svg>\n\t\t<\/button><figcaption class=\"wp-element-caption\">Foto: Peter Jochim \/ Pexels<\/figcaption><\/figure>\n\n\n\n<h3 class=\"wp-block-heading\"><span class=\"ez-toc-section\" id=\"20_A_hipster_Schanzenviertel_negyed\"><\/span>20. A hipster Schanzenviertel negyed<span class=\"ez-toc-section-end\"><\/span><\/h3>\n\n\n\n<p class=\"wp-block-paragraph\">A legjobb alternat\u00edv kult\u00far\u00e1\u00e9rt, a sz\u00ednes street art\u00e9rt \u00e9s a f\u00fcggetlen butikok\u00e9rt a Sternschanze v\u00e1rosr\u00e9szbe kell menned, amit r\u00f6viden csak Schanz\u00e9nak h\u00edvnak. <strong>Ez a ter\u00fclet r\u00e9g\u00f3ta a helyi boh\u00e9mek, di\u00e1kok \u00e9s f\u00fcggetlen m\u0171v\u00e9szek k\u00f6zpontja, ami a rengeteg hangulatos k\u00e1v\u00e9z\u00f3ban is t\u00fckr\u00f6z\u0151dik<\/strong>, valamint a remek veg\u00e1n bisztr\u00f3kban \u00e9s a fenntarthat\u00f3 divatot \u00e1rul\u00f3 kis boltokban. Az eg\u00e9sz v\u00e1rosr\u00e9sz nagyon laza \u00e9s sz\u00e1nd\u00e9kosan kicsit kopottas benyom\u00e1st kelt, ami megadja neki a megfelel\u0151 karaktert.<\/p>\n\n\n\n<p class=\"wp-block-paragraph\">Az eg\u00e9sz negyed sz\u00edve \u00e9s szimb\u00f3luma <strong>az egykori Rote Flora sz\u00ednh\u00e1z, amely a nyolcvanas \u00e9vek v\u00e9ge \u00f3ta auton\u00f3m kultur\u00e1lis k\u00f6zpontk\u00e9nt m\u0171k\u00f6dik<\/strong>, homlokzata pedig tet\u0151t\u0151l talpig politikai feliratokkal \u00e9s graffitikkel van bor\u00edtva. H\u00e9tv\u00e9genk\u00e9nt remek bolhapiacok zajlanak itt, \u00e9s az est k\u00f6zeledt\u00e9vel t\u00f6bb tucat nagyon n\u00e9pszer\u0171 b\u00e1r kel \u00e9letre.<\/p>\n\n\n\n<p class=\"wp-block-paragraph\">\ud83d\udca1 Tipp: <strong>Sz\u00e1nj id\u0151t a Susannenstra\u00dfe \u00e9s a Schulterblatt utc\u00e1k lass\u00fa barangol\u00e1s\u00e1ra<\/strong>, ahol a legjobb f\u00fcggetlen k\u00e1v\u00e9z\u00f3kat \u00e9s p\u00e9ks\u00e9geket tal\u00e1lod. T\u00f6k\u00e9letes hely egy k\u00e9s\u0151i h\u00e9tv\u00e9gi brunchhoz \u00e9s az \u00e9rdekes emberek megfigyel\u00e9s\u00e9hez.<\/p>\n\n\n\n<figure data-wp-context=\"{&quot;imageId&quot;:&quot;6a953566a0ad7&quot;}\" data-wp-interactive=\"core\/image\" data-wp-key=\"6a953566a0ad7\" class=\"wp-block-image size-full wp-lightbox-container\"><img decoding=\"async\" width=\"1800\" height=\"1271\" data-wp-class--hide=\"state.isContentHidden\" data-wp-class--show=\"state.isContentVisible\" data-wp-init=\"callbacks.setButtonStyles\" data-wp-on--click=\"actions.showLightbox\" data-wp-on--load=\"callbacks.setButtonStyles\" data-wp-on--pointerdown=\"actions.preloadImage\" data-wp-on--pointerenter=\"actions.preloadImageWithDelay\" data-wp-on--pointerleave=\"actions.cancelPreload\" data-wp-on-window--resize=\"callbacks.setButtonStyles\" src=\"https:\/\/loudavymkrokem.cz\/wp-content\/uploads\/2026\/08\/nemecko-clanky-co-videt-v-hamburku-25.jpg\" alt=\"A Cap San Diego m\u00fazeumhaj\u00f3\" class=\"wp-image-399030\" title=\"\" srcset=\"https:\/\/loudavymkrokem.cz\/wp-content\/uploads\/2026\/08\/nemecko-clanky-co-videt-v-hamburku-25.jpg 1800w, https:\/\/loudavymkrokem.cz\/wp-content\/uploads\/2026\/08\/nemecko-clanky-co-videt-v-hamburku-25-300x212.jpg 300w, https:\/\/loudavymkrokem.cz\/wp-content\/uploads\/2026\/08\/nemecko-clanky-co-videt-v-hamburku-25-700x494.jpg 700w, https:\/\/loudavymkrokem.cz\/wp-content\/uploads\/2026\/08\/nemecko-clanky-co-videt-v-hamburku-25-768x542.jpg 768w, https:\/\/loudavymkrokem.cz\/wp-content\/uploads\/2026\/08\/nemecko-clanky-co-videt-v-hamburku-25-1536x1085.jpg 1536w, https:\/\/loudavymkrokem.cz\/wp-content\/uploads\/2026\/08\/nemecko-clanky-co-videt-v-hamburku-25-696x491.jpg 696w, https:\/\/loudavymkrokem.cz\/wp-content\/uploads\/2026\/08\/nemecko-clanky-co-videt-v-hamburku-25-1392x983.jpg 1392w\" sizes=\"(max-width: 1800px) 100vw, 1800px\" \/><button\n\t\t\tclass=\"lightbox-trigger\"\n\t\t\ttype=\"button\"\n\t\t\taria-haspopup=\"dialog\"\n\t\t\tdata-wp-bind--aria-label=\"state.thisImage.triggerButtonAriaLabel\"\n\t\t\tdata-wp-init=\"callbacks.initTriggerButton\"\n\t\t\tdata-wp-on--click=\"actions.showLightbox\"\n\t\t\tdata-wp-style--right=\"state.thisImage.buttonRight\"\n\t\t\tdata-wp-style--top=\"state.thisImage.buttonTop\"\n\t\t>\n\t\t\t<svg xmlns=\"http:\/\/www.w3.org\/2000\/svg\" width=\"12\" height=\"12\" fill=\"none\" viewBox=\"0 0 12 12\">\n\t\t\t\t<path fill=\"#fff\" d=\"M2 0a2 2 0 0 0-2 2v2h1.5V2a.5.5 0 0 1 .5-.5h2V0H2Zm2 10.5H2a.5.5 0 0 1-.5-.5V8H0v2a2 2 0 0 0 2 2h2v-1.5ZM8 12v-1.5h2a.5.5 0 0 0 .5-.5V8H12v2a2 2 0 0 1-2 2H8Zm2-12a2 2 0 0 1 2 2v2h-1.5V2a.5.5 0 0 0-.5-.5H8V0h2Z\" \/>\n\t\t\t<\/svg>\n\t\t<\/button><figcaption class=\"wp-element-caption\">Foto: Peter Haas \/ Wikimedia Commons, CC BY-SA 3.0<\/figcaption><\/figure>\n\n\n\n<h3 class=\"wp-block-heading\"><span class=\"ez-toc-section\" id=\"21_A_Cap_San_Diego_es_a_Rickmer_Rickmers_muzeumhajok\"><\/span>21. A Cap San Diego \u00e9s a Rickmer Rickmers m\u00fazeumhaj\u00f3k<span class=\"ez-toc-section-end\"><\/span><\/h3>\n\n\n\n<p class=\"wp-block-paragraph\">A f\u0151 kik\u00f6t\u0151i s\u00e9t\u00e1nyon, a Landungsbr\u00fcckenen s\u00e9t\u00e1lva egyszer\u0171en nem lehet nem \u00e9szrevenni k\u00e9t \u00f3ri\u00e1si t\u00f6rt\u00e9nelmi haj\u00f3t, amelyek ma leny\u0171g\u00f6z\u0151 \u00fasz\u00f3 m\u00fazeumk\u00e9nt m\u0171k\u00f6dnek. <strong>A Cap San Diego egy hatalmas \u00e9s nagyon eleg\u00e1ns teherhaj\u00f3 a hatvanas \u00e9vekb\u0151l, amelyet a D\u00e9li-Atlanti-\u00f3ce\u00e1n feh\u00e9r hatty\u00faj\u00e1nak bec\u00e9znek<\/strong>, \u00e9s a zajos g\u00e9pteremt\u0151l a parancsnoki h\u00eddig felfedezheted. A Rickmer Rickmers ezzel szemben egy gy\u00f6ny\u00f6r\u0171 h\u00e1rom\u00e1rb\u00f3cos vitorl\u00e1s a tizenkilencedik sz\u00e1zadb\u00f3l, amely az igazi t\u00f6rt\u00e9nelmi tengeri romantik\u00e1t \u00e1rasztja.<\/p>\n\n\n\n<p class=\"wp-block-paragraph\">Mindk\u00e9t j\u00e1rm\u0171 megtekint\u00e9se rendk\u00edv\u00fcl \u00e9rdekes, mert <strong>lehet\u0151v\u00e9 teszi, hogy k\u00f6zelr\u0151l n\u00e9zz be a leg\u00e9nys\u00e9g sz\u0171k kabinjaiba, a hatalmas rakterekbe \u00e9s az eleg\u00e1ns tiszti \u00e9tkezd\u00e9kbe<\/strong>. \u00cdgy nagyon \u00e9l\u00e9nken elk\u00e9pzelheted, milyen rendk\u00edv\u00fcl neh\u00e9z, ugyanakkor kalandos volt a mindennapi \u00e9let a ny\u00edlt \u00f3ce\u00e1non.<\/p>\n\n\n\n<p class=\"wp-block-paragraph\">\ud83d\udca1 Tipp: <strong>Ha gyerekekkel utazol, a haj\u00f3n l\u00e9v\u0151 sz\u0171k folyos\u00f3kon \u00e9s meredek l\u00e9pcs\u0151k\u00f6n val\u00f3 m\u00e1szk\u00e1l\u00e1s garant\u00e1ltan sokkal jobban lek\u00f6ti \u0151ket<\/strong>, mint a klasszikus, csendes m\u00fazeumok. Csak vigy\u00e1zz nagyon a fejedre, a haj\u00f3 belsej\u00e9ben a mennyezet helyenk\u00e9nt alattomosan alacsony.<\/p>\n\n\n\n<figure data-wp-context=\"{&quot;imageId&quot;:&quot;6a953566a114a&quot;}\" data-wp-interactive=\"core\/image\" data-wp-key=\"6a953566a114a\" class=\"wp-block-image size-full wp-lightbox-container\"><img decoding=\"async\" width=\"1800\" height=\"1797\" data-wp-class--hide=\"state.isContentHidden\" data-wp-class--show=\"state.isContentVisible\" data-wp-init=\"callbacks.setButtonStyles\" data-wp-on--click=\"actions.showLightbox\" data-wp-on--load=\"callbacks.setButtonStyles\" data-wp-on--pointerdown=\"actions.preloadImage\" data-wp-on--pointerenter=\"actions.preloadImageWithDelay\" data-wp-on--pointerleave=\"actions.cancelPreload\" data-wp-on-window--resize=\"callbacks.setButtonStyles\" src=\"https:\/\/loudavymkrokem.cz\/wp-content\/uploads\/2026\/08\/nemecko-clanky-co-videt-v-hamburku-26.jpg\" alt=\"Veget\u00e1ri\u00e1nus \u00e9tel egy \u00e9tteremben\" class=\"wp-image-399036\" title=\"\" srcset=\"https:\/\/loudavymkrokem.cz\/wp-content\/uploads\/2026\/08\/nemecko-clanky-co-videt-v-hamburku-26.jpg 1800w, https:\/\/loudavymkrokem.cz\/wp-content\/uploads\/2026\/08\/nemecko-clanky-co-videt-v-hamburku-26-300x300.jpg 300w, https:\/\/loudavymkrokem.cz\/wp-content\/uploads\/2026\/08\/nemecko-clanky-co-videt-v-hamburku-26-700x699.jpg 700w, https:\/\/loudavymkrokem.cz\/wp-content\/uploads\/2026\/08\/nemecko-clanky-co-videt-v-hamburku-26-150x150.jpg 150w, https:\/\/loudavymkrokem.cz\/wp-content\/uploads\/2026\/08\/nemecko-clanky-co-videt-v-hamburku-26-768x767.jpg 768w, https:\/\/loudavymkrokem.cz\/wp-content\/uploads\/2026\/08\/nemecko-clanky-co-videt-v-hamburku-26-1536x1533.jpg 1536w, https:\/\/loudavymkrokem.cz\/wp-content\/uploads\/2026\/08\/nemecko-clanky-co-videt-v-hamburku-26-696x695.jpg 696w, https:\/\/loudavymkrokem.cz\/wp-content\/uploads\/2026\/08\/nemecko-clanky-co-videt-v-hamburku-26-1392x1390.jpg 1392w\" sizes=\"(max-width: 1800px) 100vw, 1800px\" \/><button\n\t\t\tclass=\"lightbox-trigger\"\n\t\t\ttype=\"button\"\n\t\t\taria-haspopup=\"dialog\"\n\t\t\tdata-wp-bind--aria-label=\"state.thisImage.triggerButtonAriaLabel\"\n\t\t\tdata-wp-init=\"callbacks.initTriggerButton\"\n\t\t\tdata-wp-on--click=\"actions.showLightbox\"\n\t\t\tdata-wp-style--right=\"state.thisImage.buttonRight\"\n\t\t\tdata-wp-style--top=\"state.thisImage.buttonTop\"\n\t\t>\n\t\t\t<svg xmlns=\"http:\/\/www.w3.org\/2000\/svg\" width=\"12\" height=\"12\" fill=\"none\" viewBox=\"0 0 12 12\">\n\t\t\t\t<path fill=\"#fff\" d=\"M2 0a2 2 0 0 0-2 2v2h1.5V2a.5.5 0 0 1 .5-.5h2V0H2Zm2 10.5H2a.5.5 0 0 1-.5-.5V8H0v2a2 2 0 0 0 2 2h2v-1.5ZM8 12v-1.5h2a.5.5 0 0 0 .5-.5V8H12v2a2 2 0 0 1-2 2H8Zm2-12a2 2 0 0 1 2 2v2h-1.5V2a.5.5 0 0 0-.5-.5H8V0h2Z\" \/>\n\t\t\t<\/svg>\n\t\t<\/button><figcaption class=\"wp-element-caption\">Foto: Johor Haki, owner of the &#8220;joHoRkAki siNGApoRE TRAvEL FooD Li \/ Wikimedia Commons, CC BY-SA 4.0<\/figcaption><\/figure>\n\n\n\n<h3 class=\"wp-block-heading\"><span class=\"ez-toc-section\" id=\"22_Zold_es_fenntarthato_gasztronomia\"><\/span>22. Z\u00f6ld \u00e9s fenntarthat\u00f3 gasztron\u00f3mia<span class=\"ez-toc-section-end\"><\/span><\/h3>\n\n\n\n<p class=\"wp-block-paragraph\">Hamburg hihetetlen\u00fcl bar\u00e1ts\u00e1gos a n\u00f6v\u00e9nyi \u00e9trenddel, \u00e9s rengeteg fantasztikus helyet tal\u00e1lsz itt, amelyek az etikus \u00e9s fenntarthat\u00f3 \u00e9tkez\u00e9sre koncentr\u00e1lnak. <strong>Ha hangulatos, otthonos l\u00e9gk\u00f6rt keresel, mindenk\u00e9pp menj a Kapitel 3 k\u00f6nyves k\u00e1v\u00e9z\u00f3ba<\/strong> az Altona v\u00e1rosr\u00e9szben, ahol a remek k\u00e1v\u00e9 mell\u00e9 teljesen veg\u00e1n men\u00fct \u00e9lvezhetsz, \u00e9s belemer\u00fclhetsz a falakat d\u00edsz\u00edt\u0151 sok ki\u00e1ll\u00edtott k\u00f6nyv valamelyik\u00e9be.<\/p>\n\n\n\n<p class=\"wp-block-paragraph\">Egy m\u00e1sik remek meg\u00e1ll\u00f3 eb\u00e9dre vagy k\u00e1v\u00e9ra a nagyon n\u00e9pszer\u0171 <strong>Caf\u00e9 geen, amely teljesen veg\u00e1n, kiv\u00e1l\u00f3 k\u00edn\u00e1lattal cs\u00e1b\u00edt \u2013 bolyhos desszertekkel \u00e9s f\u0151\u00e9telekkel<\/strong>, naps\u00fct\u00e9ses napokon pedig nagyon kellemes k\u00fclt\u00e9ri \u00fcl\u0151helyet k\u00edn\u00e1l a teraszon. A min\u0151s\u00e9gi \u00e1zsiai konyha szerelmeseinek pedig itt van a rendk\u00edv\u00fcl n\u00e9pszer\u0171 Citta Vegan House, ahol mesterien kombin\u00e1lj\u00e1k a veg\u00e1n \u00e1zsiai f\u00fazi\u00f3s \u00e9teleket egy gy\u00f6ny\u00f6r\u0171, fotog\u00e9n k\u00f6rnyezetben.<\/p>\n\n\n\n<p class=\"wp-block-paragraph\">\ud83d\udca1 Tipp: <strong>A legt\u00f6bb n\u00e9pszer\u0171 veg\u00e1n hely az eb\u00e9d \u00e9s a vacsora idej\u00e9n meglehet\u0151sen tele van<\/strong>, ez\u00e9rt \u00e9rdemes vagy r\u00f6gt\u00f6n nyit\u00e1s ut\u00e1n j\u00f6nni, vagy el\u0151re asztalt foglalni. K\u00fcl\u00f6n\u00f6sen h\u00e9tv\u00e9g\u00e9n \u00f3ri\u00e1si az \u00e9rdekl\u0151d\u00e9s az ilyen helyeken.<\/p>\n\n\n\n<h2 class=\"wp-block-heading\"><span class=\"ez-toc-section\" id=\"Hova_tovabb_Hamburgbol\"><\/span>Hova tov\u00e1bb Hamburgb\u00f3l<span class=\"ez-toc-section-end\"><\/span><\/h2>\n\n\n\n<p class=\"wp-block-paragraph\">\u00c9szak-N\u00e9metorsz\u00e1g remek kiindul\u00f3pont a tov\u00e1bbi felfedez\u00e9sekhez, \u00e9s a kiv\u00e1l\u00f3 gyorsvas\u00fath\u00e1l\u00f3zatnak k\u00f6sz\u00f6nhet\u0151en k\u00f6nnyen eljutsz a t\u00e1volabbi metropoliszokba is. <strong>Ha m\u00e1s nagyv\u00e1rosok is vonzanak, olvasd el a cikk\u00fcnket arr\u00f3l, <a href=\"https:\/\/loudavymkrokem.cz\/hu\/mit-latni-berlinben-tippek\/\">mit \u00e9rdemes megn\u00e9zni Berlinben<\/a><\/strong>, ahov\u00e1 vonattal nem eg\u00e9szen k\u00e9t \u00f3ra alatt eljutsz. A d\u00e9lebbi vid\u00e9kek \u00e9s a bajor kult\u00fara szerelmeseinek pedig aj\u00e1nlom, hogy fedezz\u00e9k fel a tippeket arr\u00f3l, <strong><a href=\"https:\/\/loudavymkrokem.cz\/hu\/munchen-nemetorszag-latnivalok\/\">mit csin\u00e1lj M\u00fcnchenben<\/a><\/strong>.<\/p>\n\n\n\n<p class=\"wp-block-paragraph\">Ha t\u00e9li id\u0151szakra tervezed az utaz\u00e1st, \u00e9s szeretn\u00e9d besz\u00edvni az igazi \u00fcnnepi hangulatot, <strong>mindenk\u00e9pp n\u00e9zd meg a nagy \u00f6sszefoglal\u00f3nkat a <a href=\"https:\/\/loudavymkrokem.cz\/hu\/nemetorszag-karacsonyi-vasarok\/\">n\u00e9metorsz\u00e1gi kar\u00e1csonyi v\u00e1s\u00e1rokr\u00f3l<\/a><\/strong>, ahol inspir\u00e1ci\u00f3t tal\u00e1lsz a legszebb adventi c\u00e9lpontokhoz. \u00c9s ha a hossz\u00fa v\u00e1rosi s\u00e9t\u00e1k ut\u00e1n rendesen ki kell pihenned magad, <strong>v\u00e1laszd ki valamelyik csod\u00e1latos relax\u00e1ci\u00f3s csomagot a <a href=\"https:\/\/loudavymkrokem.cz\/hu\/wellness-nemetorszag-hotelek\/\">n\u00e9metorsz\u00e1gi wellness sz\u00e1llod\u00e1kr\u00f3l<\/a> sz\u00f3l\u00f3 cikkb\u0151l<\/strong>.<\/p>\n\n\n\n<h2 class=\"wp-block-heading\"><span class=\"ez-toc-section\" id=\"Gyakran_ismetelt_kerdesek\"><\/span>Gyakran ism\u00e9telt k\u00e9rd\u00e9sek<span class=\"ez-toc-section-end\"><\/span><\/h2>\n\n\n<div id=\"rank-math-faq\" class=\"rank-math-block\">\n<div class=\"rank-math-list \">\n<div id=\"faq-question-1787731481000\" class=\"rank-math-list-item\">\n<h3 class=\"rank-math-question \"><span class=\"ez-toc-section\" id=\"Hany_napra_van_szuksegem_Hamburg_meglatogatasahoz\"><\/span>H\u00e1ny napra van sz\u00fcks\u00e9gem Hamburg megl\u00e1togat\u00e1s\u00e1hoz?<span class=\"ez-toc-section-end\"><\/span><\/h3>\n<div class=\"rank-math-answer \">\n\n<p>A f\u0151bb l\u00e1tnival\u00f3k k\u00e9nyelmes megtekint\u00e9s\u00e9hez \u00e9s a helyi hangulat \u00e1t\u00e9l\u00e9s\u00e9hez legal\u00e1bb k\u00e9t-h\u00e1rom teljes napot javaslok. <strong>M\u00e1r csak a HafenCity negyed a Miniatur Wunderlanddel, a Speicherstadttal \u00e9s az Elbphilharmonie-val majdnem egy teljes napot ig\u00e9nybe vesz<\/strong>, egy m\u00e1sik napot pedig szentelhetsz a belv\u00e1ros, a v\u00e1rosh\u00e1za, a tavak felfedez\u00e9s\u00e9nek \u00e9s egy kil\u00e1t\u00f3haj\u00f3-t\u00far\u00e1nak.<\/p>\n\n<\/div>\n<\/div>\n<div id=\"faq-question-1787731481001\" class=\"rank-math-list-item\">\n<h3 class=\"rank-math-question \"><span class=\"ez-toc-section\" id=\"Hogyan_jutok_el_a_legegyszerubben_a_repuloterrol_a_belvarosba\"><\/span>Hogyan jutok el a legegyszer\u0171bben a rep\u00fcl\u0151t\u00e9rr\u0151l a belv\u00e1rosba?<span class=\"ez-toc-section-end\"><\/span><\/h3>\n<div class=\"rank-math-answer \">\n\n<p>A kapcsolat hihetetlen\u00fcl egyszer\u0171 \u00e9s gyors, mivel <strong>k\u00f6zvetlen\u00fcl a termin\u00e1l alatt tal\u00e1lhat\u00f3 az S-Bahn S1-es el\u0151v\u00e1rosi vas\u00fatvonal meg\u00e1ll\u00f3ja<\/strong>, amely t\u00edzpercenk\u00e9nt k\u00f6zlekedik. Az \u00fat a f\u0151p\u00e1lyaudvarig (Hauptbahnhof) mind\u00f6ssze 25 percet vesz ig\u00e9nybe, \u00e9s egy norm\u00e1l helyi t\u00f6megk\u00f6zleked\u00e9si jegy \u00e9rv\u00e9nyes r\u00e1, \u00edgy nem kell semmilyen speci\u00e1lis rept\u00e9ri jegyet v\u00e1s\u00e1rolnod.<\/p>\n\n<\/div>\n<\/div>\n<div id=\"faq-question-1787731481002\" class=\"rank-math-list-item\">\n<h3 class=\"rank-math-question \"><span class=\"ez-toc-section\" id=\"Gyermekes_csaladok_szamara_is_alkalmas_a_varos\"><\/span>Gyermekes csal\u00e1dok sz\u00e1m\u00e1ra is alkalmas a v\u00e1ros?<span class=\"ez-toc-section-end\"><\/span><\/h3>\n<div class=\"rank-math-answer \">\n\n<p>Hat\u00e1rozottan igen, a gyerekek sz\u00e1m\u00e1ra rengeteg l\u00e1tnival\u00f3 k\u00e9sz\u00fclt, \u00e9l\u00fck\u00f6n a nagyszer\u0171 Miniatur Wunderlanddel, amely minden gener\u00e1ci\u00f3 sz\u00e1m\u00e1ra abszol\u00fat kedvenc. <strong>A legt\u00f6bb m\u00fazeum remek interakt\u00edv elemekkel rendelkezik, a parkokban rengeteg m\u00e1sz\u00f3ka \u00e9s j\u00e1tsz\u00f3t\u00e9r tal\u00e1lhat\u00f3<\/strong>, \u00e9s a t\u00f6rt\u00e9nelmi m\u00fazeumhaj\u00f3k felfedez\u00e9se vagy az utaz\u00e1s a s\u00e1rga kompon minden koroszt\u00e1ly gyerekei sz\u00e1m\u00e1ra sz\u00f3rakoztat\u00f3.<\/p>\n\n<\/div>\n<\/div>\n<div id=\"faq-question-1787731481003\" class=\"rank-math-list-item\">\n<h3 class=\"rank-math-question \"><span class=\"ez-toc-section\" id=\"Hogy_all_a_kozlekedes_es_megeri_a_Hamburg_Card\"><\/span>Hogy \u00e1ll a k\u00f6zleked\u00e9s, \u00e9s meg\u00e9ri a Hamburg Card?<span class=\"ez-toc-section-end\"><\/span><\/h3>\n<div class=\"rank-math-answer \">\n\n<p>A v\u00e1rosk\u00f6zpont meglehet\u0151sen kiterjedt, \u00e9s a l\u00e1tnival\u00f3k n\u00e9ha t\u00e1volabb vannak egym\u00e1st\u00f3l, \u00edgy biztosan nem ker\u00fcl\u00f6d el a metr\u00f3val (U-Bahn) vagy az S-Bahn vonatokkal val\u00f3 utaz\u00e1st. <strong>A Hamburg Card turista k\u00e1rtya korl\u00e1tlan utaz\u00e1st \u00e9s kedvezm\u00e9nyeket k\u00edn\u00e1l sz\u00e1mos m\u00fazeum bel\u00e9p\u0151j\u00e9re<\/strong>, \u00edgy ha t\u00f6bb fizet\u0151s l\u00e1tnival\u00f3t tervezel megl\u00e1togatni, \u00e9s nem akarsz csak gyalog j\u00e1rni, az \u00e1ra nagyon meg\u00e9ri.<\/p>\n\n<\/div>\n<\/div>\n<div id=\"faq-question-1787731481004\" class=\"rank-math-list-item\">\n<h3 class=\"rank-math-question \"><span class=\"ez-toc-section\" id=\"Mekkora_koltsegvetesre_szamitsak_a_belepoknel\"><\/span>Mekkora k\u00f6lts\u00e9gvet\u00e9sre sz\u00e1m\u00edtsak a bel\u00e9p\u0151kn\u00e9l?<span class=\"ez-toc-section-end\"><\/span><\/h3>\n<div class=\"rank-math-answer \">\n\n<p>A f\u0151 kereskedelmi attrakci\u00f3k bel\u00e9p\u0151i nem a legolcs\u00f3bbak, <strong>feln\u0151tt szem\u00e9lyenk\u00e9nt sz\u00e1m\u00edts nagyj\u00e1b\u00f3l 70-95 eur\u00f3s k\u00f6lts\u00e9gvet\u00e9sre<\/strong>, ha a legfontosabbakat szeretn\u00e9d l\u00e1tni. Csak a Miniatur Wunderland jegye 25 eur\u00f3ba ker\u00fcl, a haj\u00f3k vagy m\u00fazeumok megtekint\u00e9se pedig k\u00f6r\u00fclbel\u00fcl 10-15 eur\u00f3 szem\u00e9lyenk\u00e9nt, szerencs\u00e9re azonban rengeteg hely, mint a Speicherstadt vagy az Elbphilharmonie kil\u00e1t\u00f3 teljesen ingyenes.<\/p>\n\n<\/div>\n<\/div>\n<div id=\"faq-question-1787731481005\" class=\"rank-math-list-item\">\n<h3 class=\"rank-math-question \"><span class=\"ez-toc-section\" id=\"Elore_meg_kell_vasarolnom_a_jegyeket_a_fo_latnivalokhoz\"><\/span>El\u0151re meg kell v\u00e1s\u00e1rolnom a jegyeket a f\u0151 l\u00e1tnival\u00f3khoz?<span class=\"ez-toc-section-end\"><\/span><\/h3>\n<div class=\"rank-math-answer \">\n\n<p>A legn\u00e9pszer\u0171bb attrakci\u00f3k eset\u00e9ben ez abszol\u00fat sz\u00fcks\u00e9ges, <strong>k\u00fcl\u00f6n\u00f6sen a Miniatur Wunderlandn\u00e9l, ahol a szezonban ak\u00e1r hetekkel el\u0151re is telt h\u00e1z szokott lenni<\/strong>, \u00e9s a helysz\u00ednen nem tudsz jegyet venni. Ugyan\u00edgy el\u0151re ingyenesen le kell foglalnod egy id\u0151pontot az Elbphilharmonie \u00e9p\u00fclet Plaza kil\u00e1t\u00f3terasz\u00e1ra val\u00f3 bel\u00e9p\u00e9shez, k\u00fcl\u00f6nben egyszer\u0171en nem engednek fel a mozg\u00f3l\u00e9pcs\u0151kh\u00f6z.<\/p>\n\n<\/div>\n<\/div>\n<div id=\"faq-question-1787731481006\" class=\"rank-math-list-item\">\n<h3 class=\"rank-math-question \"><span class=\"ez-toc-section\" id=\"Mit_lehet_csinalni_a_varosban_amikor_eppen_esik_az_eso\"><\/span>Mit lehet csin\u00e1lni a v\u00e1rosban, amikor \u00e9ppen esik az es\u0151?<span class=\"ez-toc-section-end\"><\/span><\/h3>\n<div class=\"rank-math-answer \">\n\n<p>\u00c9szak-N\u00e9metorsz\u00e1g a tipikus es\u0151s id\u0151j\u00e1r\u00e1s\u00e1r\u00f3l ismert, amit a helyiek Schietwetternek h\u00edvnak, de a v\u00e1ros erre remek\u00fcl fel van k\u00e9sz\u00fclve. <strong>A Miniatur Wunderlanden k\u00edv\u00fcl beb\u00fajhatsz a hatalmas kilencemeletes Teng\u00e9szeti M\u00fazeumba<\/strong>, megl\u00e1togathatod az interakt\u00edv csokim\u00fazeumot, a Chocoversumt, vagy ak\u00e1r f\u00e9l napot is elt\u00f6lthetsz a m\u0171v\u00e9szet csod\u00e1lat\u00e1val a gy\u00f6ny\u00f6r\u0171 Hamburger Kunsthalle gal\u00e9ri\u00e1ban.<\/p>\n\n<\/div>\n<\/div>\n<\/div>\n<\/div>","protected":false},"excerpt":{"rendered":"<p>Fedezd fel N\u00e9metorsz\u00e1g Hamburg v\u00e1ros\u00e1nak 22 legjobb hely\u00e9t, a t\u00e9gl\u00e1s Speicherstadtt\u00f3l az Elbphilharmonie kil\u00e1t\u00f3j\u00e1ig, \u00e9s tervezd meg a t\u00f6k\u00e9letes utat az \u00e9szaki Velenc\u00e9be.<\/p>\n","protected":false},"author":3,"featured_media":396962,"comment_status":"open","ping_status":"open","sticky":false,"template":"","format":"standard","meta":{"_acf_changed":false,"footnotes":"","rank_math_title":"N\u00e9metorsz\u00e1g Hamburg: 22 tipp, mit n\u00e9zz meg","rank_math_description":"N\u00e9metorsz\u00e1g Hamburg legjobb 22 l\u00e1tnival\u00f3ja a Speicherstadtt\u00f3l az Elbphilharmonie kil\u00e1t\u00f3j\u00e1ig. Tervezd meg a t\u00f6k\u00e9letes utat, \u00e9s fedezd fel az \u00e9szaki Velenc\u00e9t!","rank_math_focus_keyword":"n\u00e9metorsz\u00e1g hamburg","rank_math_seo_score":""},"categories":[1804,1839,1788],"tags":[],"class_list":["post-409159","post","type-post","status-publish","format-standard","has-post-thumbnail","category-europa","category-nemetorszag","category-utazas"],"acf":[],"featured_image_src":"https:\/\/loudavymkrokem.cz\/wp-content\/uploads\/2026\/08\/nemecko-clanky-co-videt-v-hamburku-04.jpg","author_info":{"display_name":"Lucie Kone\u010dn\u00e1","author_link":"https:\/\/loudavymkrokem.cz\/hu\/author\/lucie-konecna\/"},"_links":{"self":[{"href":"https:\/\/loudavymkrokem.cz\/hu\/wp-json\/wp\/v2\/posts\/409159","targetHints":{"allow":["GET"]}}],"collection":[{"href":"https:\/\/loudavymkrokem.cz\/hu\/wp-json\/wp\/v2\/posts"}],"about":[{"href":"https:\/\/loudavymkrokem.cz\/hu\/wp-json\/wp\/v2\/types\/post"}],"author":[{"embeddable":true,"href":"https:\/\/loudavymkrokem.cz\/hu\/wp-json\/wp\/v2\/users\/3"}],"replies":[{"embeddable":true,"href":"https:\/\/loudavymkrokem.cz\/hu\/wp-json\/wp\/v2\/comments?post=409159"}],"version-history":[{"count":2,"href":"https:\/\/loudavymkrokem.cz\/hu\/wp-json\/wp\/v2\/posts\/409159\/revisions"}],"predecessor-version":[{"id":409161,"href":"https:\/\/loudavymkrokem.cz\/hu\/wp-json\/wp\/v2\/posts\/409159\/revisions\/409161"}],"wp:featuredmedia":[{"embeddable":true,"href":"https:\/\/loudavymkrokem.cz\/hu\/wp-json\/wp\/v2\/media\/396962"}],"wp:attachment":[{"href":"https:\/\/loudavymkrokem.cz\/hu\/wp-json\/wp\/v2\/media?parent=409159"}],"wp:term":[{"taxonomy":"category","embeddable":true,"href":"https:\/\/loudavymkrokem.cz\/hu\/wp-json\/wp\/v2\/categories?post=409159"},{"taxonomy":"post_tag","embeddable":true,"href":"https:\/\/loudavymkrokem.cz\/hu\/wp-json\/wp\/v2\/tags?post=409159"}],"curies":[{"name":"wp","href":"https:\/\/api.w.org\/{rel}","templated":true}]}}