{"id":409153,"date":"2026-08-26T17:30:05","date_gmt":"2026-08-26T15:30:05","guid":{"rendered":"https:\/\/loudavymkrokem.cz\/mit-latni-pisek-csehorszag\/"},"modified":"2026-08-31T08:07:44","modified_gmt":"2026-08-31T06:07:44","slug":"mit-latni-pisek-csehorszag","status":"publish","type":"post","link":"https:\/\/loudavymkrokem.cz\/hu\/mit-latni-pisek-csehorszag\/","title":{"rendered":"Mit \u00e9rdemes megn\u00e9zni P\u00edseken: 39 tipp egy helyi lakost\u00f3l"},"content":{"rendered":"\n<p class=\"wp-block-paragraph\"><strong>P\u00edseken sz\u00fclettem.<\/strong> Azt\u00e1n hossz\u00fa \u00e9veken \u00e1t Pr\u00e1g\u00e1ban \u00e9ltem, bej\u00e1rtam <strong><a href=\"https:\/\/loudavymkrokem.cz\/hu\/utazas\/europa\/\" data-type=\"link\" data-id=\"https:\/\/loudavymkrokem.cz\/cestovani\/evropa\/\" target=\"_blank\" rel=\"noreferrer noopener\">Eur\u00f3pa<\/a><\/strong> egy j\u00f3 darabj\u00e1t, l\u00e1ttam rengeteg gy\u00f6ny\u00f6r\u0171 v\u00e1rost, \u00e9s v\u00e9g\u00fcl a f\u00e9rjemmel visszat\u00e9rt\u00fcnk ide, az Otava partj\u00e1ra. Ma a fiunkkal, Jon\u00e1\u0161k\u00e1val \u00e9l\u00fcnk itt, \u00e9s \u00e9n mindig azt mondom, hogy P\u00edsek D\u00e9l-Csehorsz\u00e1g egyik legszebb v\u00e1rosa. \ud83d\ude0a<\/p>\n\n\n\n<p class=\"wp-block-paragraph\"><strong>P\u00edsek az a v\u00e1ros, ahol sz\u00fclettem, \u00e9s ahol ma a csal\u00e1dommal \u00fajra \u00e9lek.<\/strong> Ismerek itt minden kis utc\u00e1t, tudom, hov\u00e1 \u00e9rdemes a legjobb k\u00e1v\u00e9\u00e9rt bet\u00e9rni (\u00e9s hov\u00e1 ink\u00e1bb nem), hol lehet ny\u00e1ron lejutni a foly\u00f3hoz \u00fagy, hogy egyetlen turista se l\u00e1sson, \u00e9s azt is tudom, mi az, ami egy\u00e1ltal\u00e1n nem \u00e9ri meg a l\u00e1togat\u00e1st (igen, \u0151szinte leszek). Olyan kisv\u00e1ros ez, amely els\u0151 pillant\u00e1sra tal\u00e1n nem ny\u0171g\u00f6z le monument\u00e1lis \u00e9p\u00edt\u00e9szettel, mint \u010cesk\u00fd Krumlov, de lassan a sz\u00edvedbe lopja mag\u00e1t \u2013 a hangulat\u00e1val, a foly\u00f3parti nyugalommal, a minden sarkon jelen l\u00e9v\u0151 t\u00f6rt\u00e9nelemmel \u00e9s azzal a k\u00fcl\u00f6n\u00f6s d\u00e9l-csehorsz\u00e1gi \u00e9let\u00e9rz\u00e9ssel, amelyet nem lehet igaz\u00e1n le\u00edrni, de r\u00f6gt\u00f6n felismersz.<\/p>\n\n\n\n<p class=\"wp-block-paragraph\">Ha azt keresed, <strong>mit \u00e9rdemes megn\u00e9zni P\u00edseken<\/strong>, \u00e9s sz\u00e1raz eml\u00e9klist\u00e1kra sz\u00e1m\u00edtasz, akkor tal\u00e1n meglep\u0151dsz. Ez a cikk ink\u00e1bb olyan, mint egy s\u00e9ta a v\u00e1rosban egy bar\u00e1tn\u0151vel, aki megmutatja azokat a helyeket is, amelyeket egyetlen \u00fatik\u00f6nyvben sem tal\u00e1lsz. \u00d6sszegy\u0171jt\u00f6ttem neked <strong>39 tippet nevezetess\u00e9gekre, \u00e9rdekes helyekre \u00e9s k\u00e1v\u00e9z\u00f3kra<\/strong>, \u00e9s mivel otthon egy k\u00e9t\u00e9ves kisfiam van, azt is el\u00e1rulom, <strong>mit lehet csin\u00e1lni P\u00edseken \u00e9s k\u00f6rny\u00e9k\u00e9n gyerekekkel<\/strong>. Akkor v\u00e1gjunk is bele.<\/p>\n\n\n\n<figure data-wp-context=\"{&quot;imageId&quot;:&quot;6a952ed60c76a&quot;}\" data-wp-interactive=\"core\/image\" data-wp-key=\"6a952ed60c76a\" class=\"wp-block-image size-full wp-lightbox-container\"><img decoding=\"async\" width=\"2200\" height=\"1467\" data-wp-class--hide=\"state.isContentHidden\" data-wp-class--show=\"state.isContentVisible\" data-wp-init=\"callbacks.setButtonStyles\" data-wp-on--click=\"actions.showLightbox\" data-wp-on--load=\"callbacks.setButtonStyles\" data-wp-on--pointerdown=\"actions.preloadImage\" data-wp-on--pointerenter=\"actions.preloadImageWithDelay\" data-wp-on--pointerleave=\"actions.cancelPreload\" data-wp-on-window--resize=\"callbacks.setButtonStyles\" src=\"https:\/\/loudavymkrokem.cz\/wp-content\/uploads\/2026\/08\/pisek-kamenny-most-zapad-slunce.jpg\" alt=\"A p\u00edseki k\u0151h\u00edd naplementekor\" class=\"wp-image-399321\" title=\"\" srcset=\"https:\/\/loudavymkrokem.cz\/wp-content\/uploads\/2026\/08\/pisek-kamenny-most-zapad-slunce.jpg 2200w, https:\/\/loudavymkrokem.cz\/wp-content\/uploads\/2026\/08\/pisek-kamenny-most-zapad-slunce-300x200.jpg 300w, https:\/\/loudavymkrokem.cz\/wp-content\/uploads\/2026\/08\/pisek-kamenny-most-zapad-slunce-700x467.jpg 700w, https:\/\/loudavymkrokem.cz\/wp-content\/uploads\/2026\/08\/pisek-kamenny-most-zapad-slunce-768x512.jpg 768w, https:\/\/loudavymkrokem.cz\/wp-content\/uploads\/2026\/08\/pisek-kamenny-most-zapad-slunce-1536x1024.jpg 1536w, https:\/\/loudavymkrokem.cz\/wp-content\/uploads\/2026\/08\/pisek-kamenny-most-zapad-slunce-2048x1366.jpg 2048w, https:\/\/loudavymkrokem.cz\/wp-content\/uploads\/2026\/08\/pisek-kamenny-most-zapad-slunce-696x464.jpg 696w, https:\/\/loudavymkrokem.cz\/wp-content\/uploads\/2026\/08\/pisek-kamenny-most-zapad-slunce-1392x928.jpg 1392w, https:\/\/loudavymkrokem.cz\/wp-content\/uploads\/2026\/08\/pisek-kamenny-most-zapad-slunce-1920x1280.jpg 1920w\" sizes=\"(max-width: 2200px) 100vw, 2200px\" \/><button\n\t\t\tclass=\"lightbox-trigger\"\n\t\t\ttype=\"button\"\n\t\t\taria-haspopup=\"dialog\"\n\t\t\tdata-wp-bind--aria-label=\"state.thisImage.triggerButtonAriaLabel\"\n\t\t\tdata-wp-init=\"callbacks.initTriggerButton\"\n\t\t\tdata-wp-on--click=\"actions.showLightbox\"\n\t\t\tdata-wp-style--right=\"state.thisImage.buttonRight\"\n\t\t\tdata-wp-style--top=\"state.thisImage.buttonTop\"\n\t\t>\n\t\t\t<svg xmlns=\"http:\/\/www.w3.org\/2000\/svg\" width=\"12\" height=\"12\" fill=\"none\" viewBox=\"0 0 12 12\">\n\t\t\t\t<path fill=\"#fff\" d=\"M2 0a2 2 0 0 0-2 2v2h1.5V2a.5.5 0 0 1 .5-.5h2V0H2Zm2 10.5H2a.5.5 0 0 1-.5-.5V8H0v2a2 2 0 0 0 2 2h2v-1.5ZM8 12v-1.5h2a.5.5 0 0 0 .5-.5V8H12v2a2 2 0 0 1-2 2H8Zm2-12a2 2 0 0 1 2 2v2h-1.5V2a.5.5 0 0 0-.5-.5H8V0h2Z\" \/>\n\t\t\t<\/svg>\n\t\t<\/button><\/figure>\n\n\n\n<div id=\"ez-toc-container\" class=\"ez-toc-v2_0_86 ez-toc-wrap-left counter-hierarchy ez-toc-counter ez-toc-grey ez-toc-container-direction\">\n<div class=\"ez-toc-title-container\">\n<p class=\"ez-toc-title\" style=\"cursor:inherit\">A cikk tartalma<\/p>\n<span class=\"ez-toc-title-toggle\"><a href=\"#\" class=\"ez-toc-pull-right ez-toc-btn ez-toc-btn-xs ez-toc-btn-default ez-toc-toggle\" aria-label=\"Toggle Table of Content\"><span class=\"ez-toc-js-icon-con\"><span class=\"\"><span class=\"eztoc-hide\" style=\"display:none;\">Toggle<\/span><span class=\"ez-toc-icon-toggle-span\"><svg style=\"fill: #999;color:#999\" xmlns=\"http:\/\/www.w3.org\/2000\/svg\" class=\"list-377408\" width=\"20px\" height=\"20px\" viewBox=\"0 0 24 24\" fill=\"none\"><path d=\"M6 6H4v2h2V6zm14 0H8v2h12V6zM4 11h2v2H4v-2zm16 0H8v2h12v-2zM4 16h2v2H4v-2zm16 0H8v2h12v-2z\" fill=\"currentColor\"><\/path><\/svg><svg style=\"fill: #999;color:#999\" class=\"arrow-unsorted-368013\" xmlns=\"http:\/\/www.w3.org\/2000\/svg\" width=\"10px\" height=\"10px\" viewBox=\"0 0 24 24\" version=\"1.2\" baseProfile=\"tiny\"><path d=\"M18.2 9.3l-6.2-6.3-6.2 6.3c-.2.2-.3.4-.3.7s.1.5.3.7c.2.2.4.3.7.3h11c.3 0 .5-.1.7-.3.2-.2.3-.5.3-.7s-.1-.5-.3-.7zM5.8 14.7l6.2 6.3 6.2-6.3c.2-.2.3-.5.3-.7s-.1-.5-.3-.7c-.2-.2-.4-.3-.7-.3h-11c-.3 0-.5.1-.7.3-.2.2-.3.5-.3.7s.1.5.3.7z\"\/><\/svg><\/span><\/span><\/span><\/a><\/span><\/div>\n<nav><ul class='ez-toc-list ez-toc-list-level-1 ' ><li class='ez-toc-page-1 ez-toc-heading-level-2'><a class=\"ez-toc-link ez-toc-heading-1\" href=\"https:\/\/loudavymkrokem.cz\/hu\/mit-latni-pisek-csehorszag\/#Osszefoglalas_azoknak_akiknek_nincs_idejuk_vegigolvasni_a_cikket\" >\u00d6sszefoglal\u00e1s azoknak, akiknek nincs idej\u00fck v\u00e9gigolvasni a cikket<\/a><\/li><li class='ez-toc-page-1 ez-toc-heading-level-2'><a class=\"ez-toc-link ez-toc-heading-2\" href=\"https:\/\/loudavymkrokem.cz\/hu\/mit-latni-pisek-csehorszag\/#Miben_kulonleges_Pisek_es_miert_erdemes_meglatogatni\" >Miben k\u00fcl\u00f6nleges P\u00edsek, \u00e9s mi\u00e9rt \u00e9rdemes megl\u00e1togatni<\/a><\/li><li class='ez-toc-page-1 ez-toc-heading-level-2'><a class=\"ez-toc-link ez-toc-heading-3\" href=\"https:\/\/loudavymkrokem.cz\/hu\/mit-latni-pisek-csehorszag\/#Mikor_induljunk_Pisekre_es_hogyan_jutunk_el_ide\" >Mikor induljunk P\u00edsekre, \u00e9s hogyan jutunk el ide<\/a><ul class='ez-toc-list-level-3' ><li class='ez-toc-heading-level-3'><a class=\"ez-toc-link ez-toc-heading-4\" href=\"https:\/\/loudavymkrokem.cz\/hu\/mit-latni-pisek-csehorszag\/#Hogyan_jutsz_el_Pisekre\" >Hogyan jutsz el P\u00edsekre<\/a><\/li><\/ul><\/li><li class='ez-toc-page-1 ez-toc-heading-level-2'><a class=\"ez-toc-link ez-toc-heading-5\" href=\"https:\/\/loudavymkrokem.cz\/hu\/mit-latni-pisek-csehorszag\/#Hol_szallj_meg_Piseken_es_mennyibe_kerul\" >Hol sz\u00e1llj meg P\u00edseken, \u00e9s mennyibe ker\u00fcl<\/a><\/li><li class='ez-toc-page-1 ez-toc-heading-level-2'><a class=\"ez-toc-link ez-toc-heading-6\" href=\"https:\/\/loudavymkrokem.cz\/hu\/mit-latni-pisek-csehorszag\/#Mit_erdemes_megnezni_Piseken_39_tipp_nevezetessegekre_es_erdekes_helyekre\" >Mit \u00e9rdemes megn\u00e9zni P\u00edseken: 39 tipp nevezetess\u00e9gekre \u00e9s \u00e9rdekes helyekre<\/a><ul class='ez-toc-list-level-3' ><li class='ez-toc-heading-level-3'><a class=\"ez-toc-link ez-toc-heading-7\" href=\"https:\/\/loudavymkrokem.cz\/hu\/mit-latni-pisek-csehorszag\/#1_Kohid_Szarvas-hid_%E2%80%93_Csehorszag_legregibb_kohidja\" >1. K\u0151h\u00edd (Szarvas-h\u00edd) \u2013 Csehorsz\u00e1g legr\u00e9gibb k\u0151h\u00eddja<\/a><\/li><li class='ez-toc-page-1 ez-toc-heading-level-3'><a class=\"ez-toc-link ez-toc-heading-8\" href=\"https:\/\/loudavymkrokem.cz\/hu\/mit-latni-pisek-csehorszag\/#2_A_Putim-kapu_es_a_Frana_Sramek-utcacska\" >2. A Putim-kapu \u00e9s a Fr\u00e1\u0148a \u0160r\u00e1mek-utc\u00e1cska<\/a><\/li><li class='ez-toc-page-1 ez-toc-heading-level-3'><a class=\"ez-toc-link ez-toc-heading-9\" href=\"https:\/\/loudavymkrokem.cz\/hu\/mit-latni-pisek-csehorszag\/#3_A_var_a_varosfal_es_a_Prachen_Muzeum\" >3. A v\u00e1r, a v\u00e1rosfal \u00e9s a Pr\u00e1che\u0148 M\u00fazeum<\/a><\/li><li class='ez-toc-page-1 ez-toc-heading-level-3'><a class=\"ez-toc-link ez-toc-heading-10\" href=\"https:\/\/loudavymkrokem.cz\/hu\/mit-latni-pisek-csehorszag\/#4_Krizik_varosi_eromuve\" >4. K\u0159i\u017e\u00edk v\u00e1rosi er\u0151m\u0171ve<\/a><\/li><li class='ez-toc-page-1 ez-toc-heading-level-3'><a class=\"ez-toc-link ez-toc-heading-11\" href=\"https:\/\/loudavymkrokem.cz\/hu\/mit-latni-pisek-csehorszag\/#5_Allami_menes\" >5. \u00c1llami m\u00e9nes<\/a><\/li><li class='ez-toc-page-1 ez-toc-heading-level-3'><a class=\"ez-toc-link ez-toc-heading-12\" href=\"https:\/\/loudavymkrokem.cz\/hu\/mit-latni-pisek-csehorszag\/#6_Szuz_Maria_szuletese_templom\" >6. Sz\u0171z M\u00e1ria sz\u00fclet\u00e9se templom<\/a><\/li><li class='ez-toc-page-1 ez-toc-heading-level-3'><a class=\"ez-toc-link ez-toc-heading-13\" href=\"https:\/\/loudavymkrokem.cz\/hu\/mit-latni-pisek-csehorszag\/#7_A_Nagy_ter_es_az_Ales_ter_a_Botlatokovekkel\" >7. A Nagy t\u00e9r \u00e9s az Ale\u0161 t\u00e9r a Botlat\u00f3k\u00f6vekkel<\/a><\/li><li class='ez-toc-page-1 ez-toc-heading-level-3'><a class=\"ez-toc-link ez-toc-heading-14\" href=\"https:\/\/loudavymkrokem.cz\/hu\/mit-latni-pisek-csehorszag\/#8_Maria-pestisoszlop_az_Ales_teren\" >8. M\u00e1ria-pestisoszlop az Ale\u0161 t\u00e9ren<\/a><\/li><li class='ez-toc-page-1 ez-toc-heading-level-3'><a class=\"ez-toc-link ez-toc-heading-15\" href=\"https:\/\/loudavymkrokem.cz\/hu\/mit-latni-pisek-csehorszag\/#9_A_laktanya\" >9. A laktanya<\/a><\/li><li class='ez-toc-page-1 ez-toc-heading-level-3'><a class=\"ez-toc-link ez-toc-heading-16\" href=\"https:\/\/loudavymkrokem.cz\/hu\/mit-latni-pisek-csehorszag\/#10_Varoshaza\" >10. V\u00e1rosh\u00e1za<\/a><\/li><li class='ez-toc-page-1 ez-toc-heading-level-3'><a class=\"ez-toc-link ez-toc-heading-17\" href=\"https:\/\/loudavymkrokem.cz\/hu\/mit-latni-pisek-csehorszag\/#11_Szent_Kereszt_felmagasztalasa_templom\" >11. Szent Kereszt felmagasztal\u00e1sa templom<\/a><\/li><li class='ez-toc-page-1 ez-toc-heading-level-3'><a class=\"ez-toc-link ez-toc-heading-18\" href=\"https:\/\/loudavymkrokem.cz\/hu\/mit-latni-pisek-csehorszag\/#12_Husboltok\" >12. H\u00fasboltok<\/a><\/li><li class='ez-toc-page-1 ez-toc-heading-level-3'><a class=\"ez-toc-link ez-toc-heading-19\" href=\"https:\/\/loudavymkrokem.cz\/hu\/mit-latni-pisek-csehorszag\/#13_A_varosi_konyvtar_es_az_Upekla_kavezo\" >13. A v\u00e1rosi k\u00f6nyvt\u00e1r \u00e9s az Upekla k\u00e1v\u00e9z\u00f3<\/a><\/li><li class='ez-toc-page-1 ez-toc-heading-level-3'><a class=\"ez-toc-link ez-toc-heading-20\" href=\"https:\/\/loudavymkrokem.cz\/hu\/mit-latni-pisek-csehorszag\/#14_A_rendorseg_epulete_egykori_konyvtar\" >14. A rend\u0151rs\u00e9g \u00e9p\u00fclete (egykori k\u00f6nyvt\u00e1r)<\/a><\/li><li class='ez-toc-page-1 ez-toc-heading-level-3'><a class=\"ez-toc-link ez-toc-heading-21\" href=\"https:\/\/loudavymkrokem.cz\/hu\/mit-latni-pisek-csehorszag\/#15_Szent_Florian_szobra\" >15. Szent Fl\u00f3ri\u00e1n szobra<\/a><\/li><li class='ez-toc-page-1 ez-toc-heading-level-3'><a class=\"ez-toc-link ez-toc-heading-22\" href=\"https:\/\/loudavymkrokem.cz\/hu\/mit-latni-pisek-csehorszag\/#16_Palacky-kertek\" >16. Palack\u00fd-kertek<\/a><\/li><li class='ez-toc-page-1 ez-toc-heading-level-3'><a class=\"ez-toc-link ez-toc-heading-23\" href=\"https:\/\/loudavymkrokem.cz\/hu\/mit-latni-pisek-csehorszag\/#17_Schrenk-pavilon\" >17. Schrenk-pavilon<\/a><\/li><li class='ez-toc-page-1 ez-toc-heading-level-3'><a class=\"ez-toc-link ez-toc-heading-24\" href=\"https:\/\/loudavymkrokem.cz\/hu\/mit-latni-pisek-csehorszag\/#18_Neptun-kut\" >18. Neptun-k\u00fat<\/a><\/li><li class='ez-toc-page-1 ez-toc-heading-level-3'><a class=\"ez-toc-link ez-toc-heading-25\" href=\"https:\/\/loudavymkrokem.cz\/hu\/mit-latni-pisek-csehorszag\/#19_Adolf_Heyduk_es_Frantisek_Palacky_emlekmuve\" >19. Adolf Heyduk \u00e9s Franti\u0161ek Palack\u00fd eml\u00e9km\u0171ve<\/a><\/li><li class='ez-toc-page-1 ez-toc-heading-level-3'><a class=\"ez-toc-link ez-toc-heading-26\" href=\"https:\/\/loudavymkrokem.cz\/hu\/mit-latni-pisek-csehorszag\/#20_Adolf_Heyduk_haza\" >20. Adolf Heyduk h\u00e1za<\/a><\/li><li class='ez-toc-page-1 ez-toc-heading-level-3'><a class=\"ez-toc-link ez-toc-heading-27\" href=\"https:\/\/loudavymkrokem.cz\/hu\/mit-latni-pisek-csehorszag\/#21_Kronberger-lugas\" >21. Kronberger-lugas<\/a><\/li><li class='ez-toc-page-1 ez-toc-heading-level-3'><a class=\"ez-toc-link ez-toc-heading-28\" href=\"https:\/\/loudavymkrokem.cz\/hu\/mit-latni-pisek-csehorszag\/#22_Hotel_Otava\" >22. Hotel Otava<\/a><\/li><li class='ez-toc-page-1 ez-toc-heading-level-3'><a class=\"ez-toc-link ez-toc-heading-29\" href=\"https:\/\/loudavymkrokem.cz\/hu\/mit-latni-pisek-csehorszag\/#23_A_zsinagoga\" >23. A zsinag\u00f3ga<\/a><\/li><li class='ez-toc-page-1 ez-toc-heading-level-3'><a class=\"ez-toc-link ez-toc-heading-30\" href=\"https:\/\/loudavymkrokem.cz\/hu\/mit-latni-pisek-csehorszag\/#24_A_poliklinika_epulete\" >24. A poliklinika \u00e9p\u00fclete<\/a><\/li><li class='ez-toc-page-1 ez-toc-heading-level-3'><a class=\"ez-toc-link ez-toc-heading-31\" href=\"https:\/\/loudavymkrokem.cz\/hu\/mit-latni-pisek-csehorszag\/#25_A_Golyos-haz_es_a_polgarhazak\" >25. A Goly\u00f3s-h\u00e1z \u00e9s a polg\u00e1rh\u00e1zak<\/a><\/li><li class='ez-toc-page-1 ez-toc-heading-level-3'><a class=\"ez-toc-link ez-toc-heading-32\" href=\"https:\/\/loudavymkrokem.cz\/hu\/mit-latni-pisek-csehorszag\/#26_Uj_hid\" >26. \u00daj h\u00edd<\/a><\/li><li class='ez-toc-page-1 ez-toc-heading-level-3'><a class=\"ez-toc-link ez-toc-heading-33\" href=\"https:\/\/loudavymkrokem.cz\/hu\/mit-latni-pisek-csehorszag\/#27_Sokolovna\" >27. Sokolovna<\/a><\/li><li class='ez-toc-page-1 ez-toc-heading-level-3'><a class=\"ez-toc-link ez-toc-heading-34\" href=\"https:\/\/loudavymkrokem.cz\/hu\/mit-latni-pisek-csehorszag\/#28_Regi_posta\" >28. R\u00e9gi posta<\/a><\/li><li class='ez-toc-page-1 ez-toc-heading-level-3'><a class=\"ez-toc-link ez-toc-heading-35\" href=\"https:\/\/loudavymkrokem.cz\/hu\/mit-latni-pisek-csehorszag\/#29_Raab-villa\" >29. Raab-villa<\/a><\/li><li class='ez-toc-page-1 ez-toc-heading-level-3'><a class=\"ez-toc-link ez-toc-heading-36\" href=\"https:\/\/loudavymkrokem.cz\/hu\/mit-latni-pisek-csehorszag\/#30_A_Melegnanonal_es_Solferinonal_elesettek_emlekmuve\" >30. A Melegnan\u00f3n\u00e1l \u00e9s Solferin\u00f3n\u00e1l elesettek eml\u00e9km\u0171ve<\/a><\/li><li class='ez-toc-page-1 ez-toc-heading-level-3'><a class=\"ez-toc-link ez-toc-heading-37\" href=\"https:\/\/loudavymkrokem.cz\/hu\/mit-latni-pisek-csehorszag\/#31_Maria-kapolna\" >31. M\u00e1ria-k\u00e1polna<\/a><\/li><li class='ez-toc-page-1 ez-toc-heading-level-3'><a class=\"ez-toc-link ez-toc-heading-38\" href=\"https:\/\/loudavymkrokem.cz\/hu\/mit-latni-pisek-csehorszag\/#32_Szentharomsag_templom\" >32. Szenth\u00e1roms\u00e1g templom<\/a><\/li><li class='ez-toc-page-1 ez-toc-heading-level-3'><a class=\"ez-toc-link ez-toc-heading-39\" href=\"https:\/\/loudavymkrokem.cz\/hu\/mit-latni-pisek-csehorszag\/#33_Szent_Vencel_templom\" >33. Szent Vencel templom<\/a><\/li><li class='ez-toc-page-1 ez-toc-heading-level-3'><a class=\"ez-toc-link ez-toc-heading-40\" href=\"https:\/\/loudavymkrokem.cz\/hu\/mit-latni-pisek-csehorszag\/#34_Foldvar_Hradiste\" >34. F\u00f6ldv\u00e1r (Hradi\u0161t\u011b)<\/a><\/li><li class='ez-toc-page-1 ez-toc-heading-level-3'><a class=\"ez-toc-link ez-toc-heading-41\" href=\"https:\/\/loudavymkrokem.cz\/hu\/mit-latni-pisek-csehorszag\/#35_A_fajdalmas_kovek_utja\" >35. A f\u00e1jdalmas k\u00f6vek \u00fatja<\/a><\/li><li class='ez-toc-page-1 ez-toc-heading-level-3'><a class=\"ez-toc-link ez-toc-heading-42\" href=\"https:\/\/loudavymkrokem.cz\/hu\/mit-latni-pisek-csehorszag\/#36_Marta-villa_es_a_Dagmar_Simkova-gyaloghid\" >36. Marta-villa \u00e9s a Dagmar \u0160imkov\u00e1-gyalogh\u00edd<\/a><\/li><li class='ez-toc-page-1 ez-toc-heading-level-3'><a class=\"ez-toc-link ez-toc-heading-43\" href=\"https:\/\/loudavymkrokem.cz\/hu\/mit-latni-pisek-csehorszag\/#37_Frana_Sramek_Szinhaz\" >37. Fr\u00e1\u0148a \u0160r\u00e1mek Sz\u00ednh\u00e1z<\/a><\/li><li class='ez-toc-page-1 ez-toc-heading-level-3'><a class=\"ez-toc-link ez-toc-heading-44\" href=\"https:\/\/loudavymkrokem.cz\/hu\/mit-latni-pisek-csehorszag\/#38_Dekani_hivatal\" >38. D\u00e9k\u00e1ni hivatal<\/a><\/li><li class='ez-toc-page-1 ez-toc-heading-level-3'><a class=\"ez-toc-link ez-toc-heading-45\" href=\"https:\/\/loudavymkrokem.cz\/hu\/mit-latni-pisek-csehorszag\/#39_Parkanok_a_Putim-kapunal\" >39. Park\u00e1nok a Putim-kapun\u00e1l<\/a><\/li><\/ul><\/li><li class='ez-toc-page-1 ez-toc-heading-level-2'><a class=\"ez-toc-link ez-toc-heading-46\" href=\"https:\/\/loudavymkrokem.cz\/hu\/mit-latni-pisek-csehorszag\/#Mit_csinalj_Piseken_gyerekekkel_tippek_csaladoknak_a_varosban_es_kornyeken\" >Mit csin\u00e1lj P\u00edseken gyerekekkel: tippek csal\u00e1doknak a v\u00e1rosban \u00e9s k\u00f6rny\u00e9k\u00e9n<\/a><ul class='ez-toc-list-level-3' ><li class='ez-toc-heading-level-3'><a class=\"ez-toc-link ez-toc-heading-47\" href=\"https:\/\/loudavymkrokem.cz\/hu\/mit-latni-pisek-csehorszag\/#Sladovna_Pisek_Oriasi_jatszogaleria\" >Sladovna P\u00edsek: \u00d3ri\u00e1si j\u00e1tsz\u00f3gal\u00e9ria<\/a><\/li><li class='ez-toc-page-1 ez-toc-heading-level-3'><a class=\"ez-toc-link ez-toc-heading-48\" href=\"https:\/\/loudavymkrokem.cz\/hu\/mit-latni-pisek-csehorszag\/#Homokszobrok_a_rakparton_egykori_Cipiskoviste\" >Homokszobrok a rakparton (egykori Cip\u00edskovi\u0161t\u011b)<\/a><\/li><li class='ez-toc-page-1 ez-toc-heading-level-3'><a class=\"ez-toc-link ez-toc-heading-49\" href=\"https:\/\/loudavymkrokem.cz\/hu\/mit-latni-pisek-csehorszag\/#Travel_Cafe_kavezo_homokozoval\" >Travel Cafe: k\u00e1v\u00e9z\u00f3 homokoz\u00f3val<\/a><\/li><li class='ez-toc-page-1 ez-toc-heading-level-3'><a class=\"ez-toc-link ez-toc-heading-50\" href=\"https:\/\/loudavymkrokem.cz\/hu\/mit-latni-pisek-csehorszag\/#Jatszohazak_Piseken_Myska_herna_es_tarsai\" >J\u00e1tsz\u00f3h\u00e1zak P\u00edseken: My\u0161ka herna \u00e9s t\u00e1rsai<\/a><\/li><li class='ez-toc-page-1 ez-toc-heading-level-3'><a class=\"ez-toc-link ez-toc-heading-51\" href=\"https:\/\/loudavymkrokem.cz\/hu\/mit-latni-pisek-csehorszag\/#U_Vodaka_vadaskert\" >U Vod\u00e1ka vadaskert<\/a><\/li><li class='ez-toc-page-1 ez-toc-heading-level-3'><a class=\"ez-toc-link ez-toc-heading-52\" href=\"https:\/\/loudavymkrokem.cz\/hu\/mit-latni-pisek-csehorszag\/#Zivec_fahaz_es_3D_labirintus\" >\u017divec fah\u00e1z \u00e9s 3D labirintus<\/a><\/li><li class='ez-toc-page-1 ez-toc-heading-level-3'><a class=\"ez-toc-link ez-toc-heading-53\" href=\"https:\/\/loudavymkrokem.cz\/hu\/mit-latni-pisek-csehorszag\/#Varosi_sziget\" >V\u00e1rosi sziget<\/a><\/li><li class='ez-toc-page-1 ez-toc-heading-level-3'><a class=\"ez-toc-link ez-toc-heading-54\" href=\"https:\/\/loudavymkrokem.cz\/hu\/mit-latni-pisek-csehorszag\/#Hernajs\" >Hernajs<\/a><\/li><li class='ez-toc-page-1 ez-toc-heading-level-3'><a class=\"ez-toc-link ez-toc-heading-55\" href=\"https:\/\/loudavymkrokem.cz\/hu\/mit-latni-pisek-csehorszag\/#Mini_Academy\" >Mini Academy<\/a><\/li><li class='ez-toc-page-1 ez-toc-heading-level-3'><a class=\"ez-toc-link ez-toc-heading-56\" href=\"https:\/\/loudavymkrokem.cz\/hu\/mit-latni-pisek-csehorszag\/#Kozlekedesi_jatszoter_a_Vencelnel\" >K\u00f6zleked\u00e9si j\u00e1tsz\u00f3t\u00e9r a Venceln\u00e9l<\/a><\/li><li class='ez-toc-page-1 ez-toc-heading-level-3'><a class=\"ez-toc-link ez-toc-heading-57\" href=\"https:\/\/loudavymkrokem.cz\/hu\/mit-latni-pisek-csehorszag\/#Nase_zviratka_Putim_ingyenes_miniallatkert\" >Na\u0161e zv\u00ed\u0159\u00e1tka Putim: ingyenes mini\u00e1llatkert<\/a><\/li><li class='ez-toc-page-1 ez-toc-heading-level-3'><a class=\"ez-toc-link ez-toc-heading-58\" href=\"https:\/\/loudavymkrokem.cz\/hu\/mit-latni-pisek-csehorszag\/#Strand_a_Vencelnel_furdes_Otavara_nezo_kilatassal\" >Strand a Venceln\u00e9l: f\u00fcrd\u00e9s Otav\u00e1ra n\u00e9z\u0151 kil\u00e1t\u00e1ssal<\/a><\/li><li class='ez-toc-page-1 ez-toc-heading-level-3'><a class=\"ez-toc-link ez-toc-heading-59\" href=\"https:\/\/loudavymkrokem.cz\/hu\/mit-latni-pisek-csehorszag\/#Csonakkal_az_Otavan_vizi_tura_csaladoknak_is\" >Cs\u00f3nakkal az Otav\u00e1n: v\u00edzi t\u00fara csal\u00e1doknak is<\/a><\/li><li class='ez-toc-page-1 ez-toc-heading-level-3'><a class=\"ez-toc-link ez-toc-heading-60\" href=\"https:\/\/loudavymkrokem.cz\/hu\/mit-latni-pisek-csehorszag\/#Zemeraj_Kovarov_mellett_egy_nap_a_kora_kozepkorban\" >Zem\u011br\u00e1j Kov\u00e1\u0159ov mellett: egy nap a kora k\u00f6z\u00e9pkorban<\/a><\/li><li class='ez-toc-page-1 ez-toc-heading-level-3'><a class=\"ez-toc-link ez-toc-heading-61\" href=\"https:\/\/loudavymkrokem.cz\/hu\/mit-latni-pisek-csehorszag\/#Az_Elinka_kisvonattal_a_Szivarvany-hidon_at\" >Az Elinka kisvonattal a Sziv\u00e1rv\u00e1ny-h\u00eddon \u00e1t<\/a><\/li><\/ul><\/li><li class='ez-toc-page-1 ez-toc-heading-level-2'><a class=\"ez-toc-link ez-toc-heading-62\" href=\"https:\/\/loudavymkrokem.cz\/hu\/mit-latni-pisek-csehorszag\/#Mit_csinalj_Piseken_ha_esik\" >Mit csin\u00e1lj P\u00edseken, ha esik<\/a><\/li><li class='ez-toc-page-1 ez-toc-heading-level-2'><a class=\"ez-toc-link ez-toc-heading-63\" href=\"https:\/\/loudavymkrokem.cz\/hu\/mit-latni-pisek-csehorszag\/#Hol_parkolj_Piseken\" >Hol parkolj P\u00edseken<\/a><\/li><li class='ez-toc-page-1 ez-toc-heading-level-2'><a class=\"ez-toc-link ez-toc-heading-64\" href=\"https:\/\/loudavymkrokem.cz\/hu\/mit-latni-pisek-csehorszag\/#Hol_egyel_es_igyal_jot_Piseken\" >Hol egy\u00e9l \u00e9s igy\u00e1l j\u00f3t P\u00edseken<\/a><\/li><li class='ez-toc-page-1 ez-toc-heading-level-2'><a class=\"ez-toc-link ez-toc-heading-65\" href=\"https:\/\/loudavymkrokem.cz\/hu\/mit-latni-pisek-csehorszag\/#Kirandulotippek_Pisek_kornyeken_13_hely_egynapos_kirandulasra\" >Kir\u00e1ndul\u00f3tippek P\u00edsek k\u00f6rny\u00e9k\u00e9n: 13 hely egynapos kir\u00e1ndul\u00e1sra<\/a><ul class='ez-toc-list-level-3' ><li class='ez-toc-heading-level-3'><a class=\"ez-toc-link ez-toc-heading-66\" href=\"https:\/\/loudavymkrokem.cz\/hu\/mit-latni-pisek-csehorszag\/#Zvikov_vara_es_Orlik_kastelya\" >Zv\u00edkov v\u00e1ra \u00e9s Orl\u00edk kast\u00e9lya<\/a><\/li><li class='ez-toc-page-1 ez-toc-heading-level-3'><a class=\"ez-toc-link ez-toc-heading-67\" href=\"https:\/\/loudavymkrokem.cz\/hu\/mit-latni-pisek-csehorszag\/#Krokodil_ZOO_Protivin\" >Krokodil ZOO Protiv\u00edn<\/a><\/li><li class='ez-toc-page-1 ez-toc-heading-level-3'><a class=\"ez-toc-link ez-toc-heading-68\" href=\"https:\/\/loudavymkrokem.cz\/hu\/mit-latni-pisek-csehorszag\/#A_sudomeri_csata_emlekmuve\" >A sudom\u011b\u0159i csata eml\u00e9km\u0171ve<\/a><\/li><li class='ez-toc-page-1 ez-toc-heading-level-3'><a class=\"ez-toc-link ez-toc-heading-69\" href=\"https:\/\/loudavymkrokem.cz\/hu\/mit-latni-pisek-csehorszag\/#Mesebeli_kovacsmuhely_Selibovban\" >Mesebeli kov\u00e1csm\u0171hely Selibovban<\/a><\/li><li class='ez-toc-page-1 ez-toc-heading-level-3'><a class=\"ez-toc-link ez-toc-heading-70\" href=\"https:\/\/loudavymkrokem.cz\/hu\/mit-latni-pisek-csehorszag\/#Farmapark_Maletice\" >Farmapark Maletice<\/a><\/li><li class='ez-toc-page-1 ez-toc-heading-level-3'><a class=\"ez-toc-link ez-toc-heading-71\" href=\"https:\/\/loudavymkrokem.cz\/hu\/mit-latni-pisek-csehorszag\/#Fiziland_es_az_Ido_Kiralysaga_Protivinben\" >Fiziland \u00e9s az Id\u0151 Kir\u00e1lys\u00e1ga Protiv\u00ednben<\/a><\/li><li class='ez-toc-page-1 ez-toc-heading-level-3'><a class=\"ez-toc-link ez-toc-heading-72\" href=\"https:\/\/loudavymkrokem.cz\/hu\/mit-latni-pisek-csehorszag\/#Bagrarium_Strakoniceben\" >Bagr\u00e1rium Strakonic\u00e9ben<\/a><\/li><li class='ez-toc-page-1 ez-toc-heading-level-3'><a class=\"ez-toc-link ez-toc-heading-73\" href=\"https:\/\/loudavymkrokem.cz\/hu\/mit-latni-pisek-csehorszag\/#Tabor\" >T\u00e1bor<\/a><\/li><li class='ez-toc-page-1 ez-toc-heading-level-3'><a class=\"ez-toc-link ez-toc-heading-74\" href=\"https:\/\/loudavymkrokem.cz\/hu\/mit-latni-pisek-csehorszag\/#Ceske_Budejovice\" >\u010cesk\u00e9 Bud\u011bjovice<\/a><\/li><li class='ez-toc-page-1 ez-toc-heading-level-3'><a class=\"ez-toc-link ez-toc-heading-75\" href=\"https:\/\/loudavymkrokem.cz\/hu\/mit-latni-pisek-csehorszag\/#Hluboka_nad_Vltavou\" >Hlubok\u00e1 nad Vltavou<\/a><\/li><li class='ez-toc-page-1 ez-toc-heading-level-3'><a class=\"ez-toc-link ez-toc-heading-76\" href=\"https:\/\/loudavymkrokem.cz\/hu\/mit-latni-pisek-csehorszag\/#Cesky_Krumlov\" >\u010cesk\u00fd Krumlov<\/a><\/li><li class='ez-toc-page-1 ez-toc-heading-level-3'><a class=\"ez-toc-link ez-toc-heading-77\" href=\"https:\/\/loudavymkrokem.cz\/hu\/mit-latni-pisek-csehorszag\/#Sumava\" >\u0160umava<\/a><\/li><li class='ez-toc-page-1 ez-toc-heading-level-3'><a class=\"ez-toc-link ez-toc-heading-78\" href=\"https:\/\/loudavymkrokem.cz\/hu\/mit-latni-pisek-csehorszag\/#Praga\" >Pr\u00e1ga<\/a><\/li><\/ul><\/li><li class='ez-toc-page-1 ez-toc-heading-level-2'><a class=\"ez-toc-link ez-toc-heading-79\" href=\"https:\/\/loudavymkrokem.cz\/hu\/mit-latni-pisek-csehorszag\/#Mit_erdemes_megnezni_Piseken_Osszegzes\" >Mit \u00e9rdemes megn\u00e9zni P\u00edseken: \u00d6sszegz\u00e9s<\/a><\/li><li class='ez-toc-page-1 ez-toc-heading-level-2'><a class=\"ez-toc-link ez-toc-heading-80\" href=\"https:\/\/loudavymkrokem.cz\/hu\/mit-latni-pisek-csehorszag\/#Hova_tovabb\" >Hov\u00e1 tov\u00e1bb<\/a><\/li><li class='ez-toc-page-1 ez-toc-heading-level-2'><a class=\"ez-toc-link ez-toc-heading-81\" href=\"https:\/\/loudavymkrokem.cz\/hu\/mit-latni-pisek-csehorszag\/#Gyakran_ismetelt_kerdesek\" >Gyakran ism\u00e9telt k\u00e9rd\u00e9sek<\/a><ul class='ez-toc-list-level-3' ><li class='ez-toc-heading-level-3'><a class=\"ez-toc-link ez-toc-heading-82\" href=\"https:\/\/loudavymkrokem.cz\/hu\/mit-latni-pisek-csehorszag\/#Valoban_regebbi_a_piseki_Kohid_a_Karoly_hidnal\" >Val\u00f3ban r\u00e9gebbi a p\u00edseki K\u0151h\u00edd a K\u00e1roly h\u00eddn\u00e1l?<\/a><\/li><li class='ez-toc-page-1 ez-toc-heading-level-3'><a class=\"ez-toc-link ez-toc-heading-83\" href=\"https:\/\/loudavymkrokem.cz\/hu\/mit-latni-pisek-csehorszag\/#A_Sladovna_erdekes_nagyobb_gyerekeknek_is\" >A Sladovna \u00e9rdekes nagyobb gyerekeknek is?<\/a><\/li><li class='ez-toc-page-1 ez-toc-heading-level-3'><a class=\"ez-toc-link ez-toc-heading-84\" href=\"https:\/\/loudavymkrokem.cz\/hu\/mit-latni-pisek-csehorszag\/#Pontosan_hol_talalhatok_a_homokok_szobrok\" >Pontosan hol tal\u00e1lhat\u00f3k a homokok szobrok?<\/a><\/li><li class='ez-toc-page-1 ez-toc-heading-level-3'><a class=\"ez-toc-link ez-toc-heading-85\" href=\"https:\/\/loudavymkrokem.cz\/hu\/mit-latni-pisek-csehorszag\/#Hogyan_jutok_el_a_Jarnik_kilatohoz\" >Hogyan jutok el a Jarn\u00edk kil\u00e1t\u00f3hoz?<\/a><\/li><li class='ez-toc-page-1 ez-toc-heading-level-3'><a class=\"ez-toc-link ez-toc-heading-86\" href=\"https:\/\/loudavymkrokem.cz\/hu\/mit-latni-pisek-csehorszag\/#Mikor_a_legjobb_ido_a_Zemsky_hrebcinec_Allami_Menesbirtok_meglatogatasara\" >Mikor a legjobb id\u0151 a Zemsk\u00fd h\u0159eb\u010dinec (\u00c1llami M\u00e9nesbirtok) megl\u00e1togat\u00e1s\u00e1ra?<\/a><\/li><li class='ez-toc-page-1 ez-toc-heading-level-3'><a class=\"ez-toc-link ez-toc-heading-87\" href=\"https:\/\/loudavymkrokem.cz\/hu\/mit-latni-pisek-csehorszag\/#Mennyibe_kerul_a_belepo_a_Prachenske_muzeumba\" >Mennyibe ker\u00fcl a bel\u00e9p\u0151 a Pr\u00e1che\u0148sk\u00e9 m\u00fazeumba?<\/a><\/li><li class='ez-toc-page-1 ez-toc-heading-level-3'><a class=\"ez-toc-link ez-toc-heading-88\" href=\"https:\/\/loudavymkrokem.cz\/hu\/mit-latni-pisek-csehorszag\/#Hogyan_jutok_el_a_legkonnyebben_Pisekbe_Budapestrol\" >Hogyan jutok el a legk\u00f6nnyebben P\u00edsekbe Budapestr\u0151l?<\/a><\/li><li class='ez-toc-page-1 ez-toc-heading-level-3'><a class=\"ez-toc-link ez-toc-heading-89\" href=\"https:\/\/loudavymkrokem.cz\/hu\/mit-latni-pisek-csehorszag\/#Hova_menjek_Pisekben_gyerekekkel\" >Hova menjek P\u00edsekben gyerekekkel?<\/a><\/li><\/ul><\/li><\/ul><\/nav><\/div>\n<h2 class=\"wp-block-heading\"><span class=\"ez-toc-section\" id=\"Osszefoglalas_azoknak_akiknek_nincs_idejuk_vegigolvasni_a_cikket\"><\/span>\u00d6sszefoglal\u00e1s azoknak, akiknek nincs idej\u00fck v\u00e9gigolvasni a cikket<span class=\"ez-toc-section-end\"><\/span><\/h2>\n\n\n\n<ul class=\"wp-block-list\">\n<li><strong>K\u0151h\u00edd<\/strong> \u2013 Csehorsz\u00e1g legr\u00e9gibb k\u0151h\u00eddja, a v\u00e1ros ikonikus jelk\u00e9pe, a bel\u00e9p\u00e9s ingyenes, a legszebb hajnalban, k\u00f6dben.<\/li>\n\n\n\n<li><strong>Sladovna P\u00edsek<\/strong> \u2013 interakt\u00edv gyerekk\u00f6zpont (\u00e9s valljuk be, a feln\u0151tteknek is), ide\u00e1lis tipp, hov\u00e1 menj P\u00edseken gyerekekkel, ha esik.<\/li>\n\n\n\n<li><strong>\u00c1llami m\u00e9nes<\/strong> \u2013 Tudor-st\u00edlus\u00fa nemzeti kultur\u00e1lis m\u0171eml\u00e9k, vezetett t\u00far\u00e1k 2270 Ft-\u00e9rt (150 K\u010d), vigy\u00e9l k\u00e9szp\u00e9nzt.<\/li>\n\n\n\n<li><strong>A Palack\u00fd-kertek vend\u00e9gl\u00e1t\u00f3helyei<\/strong> \u2013 a glut\u00e9nmentes Do Nebe \u00e9s a Park Caf\u00e9, mindkett\u0151 parkra n\u00e9z\u0151 kil\u00e1t\u00e1ssal.<\/li>\n\n\n\n<li><strong>Travel Cafe<\/strong> \u2013 szerintem a v\u00e1ros legjobb k\u00e1v\u00e9z\u00f3ja, bels\u0151 udvari kerthelyis\u00e9ggel \u00e9s homokoz\u00f3val a gyerekeknek.<\/li>\n\n\n\n<li><strong>P\u00edseki hegyek<\/strong> \u2013 erd\u0151s vid\u00e9k k\u00f6zvetlen\u00fcl a v\u00e1ros m\u00f6g\u00f6tt, remek s\u00e9t\u00e1k, fut\u00e1s \u00e9s ker\u00e9kp\u00e1ros kir\u00e1ndul\u00e1sok helysz\u00edne.<\/li>\n\n\n\n<li><strong>P\u00edsek k\u00f6rny\u00e9ke<\/strong> \u2013 Zv\u00edkov, Orl\u00edk, Hlubok\u00e1, T\u00e1bor \u2013 mind 40 percen bel\u00fcl aut\u00f3val.<\/li>\n<\/ul>\n\n\n\n<p class=\"wp-block-paragraph\"><strong><a href=\"https:\/\/loudavymkrokem.cz\/hu\/del-csehorszag-legszebb-varosok\/\" target=\"_blank\" rel=\"noreferrer noopener\">Olvasd el ezt is: 8 kir\u00e1ndul\u00e1s D\u00e9l-Csehorsz\u00e1gban<\/a><\/strong><\/p>\n\n\n\n<h2 class=\"wp-block-heading\"><span class=\"ez-toc-section\" id=\"Miben_kulonleges_Pisek_es_miert_erdemes_meglatogatni\"><\/span>Miben k\u00fcl\u00f6nleges P\u00edsek, \u00e9s mi\u00e9rt \u00e9rdemes megl\u00e1togatni<span class=\"ez-toc-section-end\"><\/span><\/h2>\n\n\n\n<figure data-wp-context=\"{&quot;imageId&quot;:&quot;6a952ed60d200&quot;}\" data-wp-interactive=\"core\/image\" data-wp-key=\"6a952ed60d200\" class=\"wp-block-image size-full wp-lightbox-container\"><img decoding=\"async\" width=\"2200\" height=\"1467\" data-wp-class--hide=\"state.isContentHidden\" data-wp-class--show=\"state.isContentVisible\" data-wp-init=\"callbacks.setButtonStyles\" data-wp-on--click=\"actions.showLightbox\" data-wp-on--load=\"callbacks.setButtonStyles\" data-wp-on--pointerdown=\"actions.preloadImage\" data-wp-on--pointerenter=\"actions.preloadImageWithDelay\" data-wp-on--pointerleave=\"actions.cancelPreload\" data-wp-on-window--resize=\"callbacks.setButtonStyles\" src=\"https:\/\/loudavymkrokem.cz\/wp-content\/uploads\/2026\/08\/pisek-alsovo-namesti-vecer.jpg\" alt=\"Az Ale\u0161 t\u00e9r P\u00edseken az esti f\u00e9nyben\" class=\"wp-image-399356\" title=\"\" srcset=\"https:\/\/loudavymkrokem.cz\/wp-content\/uploads\/2026\/08\/pisek-alsovo-namesti-vecer.jpg 2200w, https:\/\/loudavymkrokem.cz\/wp-content\/uploads\/2026\/08\/pisek-alsovo-namesti-vecer-300x200.jpg 300w, https:\/\/loudavymkrokem.cz\/wp-content\/uploads\/2026\/08\/pisek-alsovo-namesti-vecer-700x467.jpg 700w, https:\/\/loudavymkrokem.cz\/wp-content\/uploads\/2026\/08\/pisek-alsovo-namesti-vecer-768x512.jpg 768w, https:\/\/loudavymkrokem.cz\/wp-content\/uploads\/2026\/08\/pisek-alsovo-namesti-vecer-1536x1024.jpg 1536w, https:\/\/loudavymkrokem.cz\/wp-content\/uploads\/2026\/08\/pisek-alsovo-namesti-vecer-2048x1366.jpg 2048w, https:\/\/loudavymkrokem.cz\/wp-content\/uploads\/2026\/08\/pisek-alsovo-namesti-vecer-696x464.jpg 696w, https:\/\/loudavymkrokem.cz\/wp-content\/uploads\/2026\/08\/pisek-alsovo-namesti-vecer-1392x928.jpg 1392w, https:\/\/loudavymkrokem.cz\/wp-content\/uploads\/2026\/08\/pisek-alsovo-namesti-vecer-1920x1280.jpg 1920w\" sizes=\"(max-width: 2200px) 100vw, 2200px\" \/><button\n\t\t\tclass=\"lightbox-trigger\"\n\t\t\ttype=\"button\"\n\t\t\taria-haspopup=\"dialog\"\n\t\t\tdata-wp-bind--aria-label=\"state.thisImage.triggerButtonAriaLabel\"\n\t\t\tdata-wp-init=\"callbacks.initTriggerButton\"\n\t\t\tdata-wp-on--click=\"actions.showLightbox\"\n\t\t\tdata-wp-style--right=\"state.thisImage.buttonRight\"\n\t\t\tdata-wp-style--top=\"state.thisImage.buttonTop\"\n\t\t>\n\t\t\t<svg xmlns=\"http:\/\/www.w3.org\/2000\/svg\" width=\"12\" height=\"12\" fill=\"none\" viewBox=\"0 0 12 12\">\n\t\t\t\t<path fill=\"#fff\" d=\"M2 0a2 2 0 0 0-2 2v2h1.5V2a.5.5 0 0 1 .5-.5h2V0H2Zm2 10.5H2a.5.5 0 0 1-.5-.5V8H0v2a2 2 0 0 0 2 2h2v-1.5ZM8 12v-1.5h2a.5.5 0 0 0 .5-.5V8H12v2a2 2 0 0 1-2 2H8Zm2-12a2 2 0 0 1 2 2v2h-1.5V2a.5.5 0 0 0-.5-.5H8V0h2Z\" \/>\n\t\t\t<\/svg>\n\t\t<\/button><\/figure>\n\n\n\n<p class=\"wp-block-paragraph\"><strong>P\u00edseket n\u00e9ha<\/strong> <strong>d\u00e9l-csehorsz\u00e1gi Ath\u00e9nnak<\/strong> nevezik, \u00e9s b\u00e1r egy harmincezres v\u00e1roshoz ez kiss\u00e9 nagyk\u00e9p\u0171en hangzik, van benne valami. Az oktat\u00e1s hagyom\u00e1nya \u00e9vsz\u00e1zadokra ny\u00falik itt vissza, a kult\u00fara ma is \u00e9l\u00e9nk, \u00e9s a lakoss\u00e1g sz\u00e1m\u00e1hoz k\u00e9pest szokatlanul sok a gal\u00e9ria, a sz\u00ednh\u00e1z \u00e9s a fesztiv\u00e1l. De legf\u0151k\u00e9pp \u2013 P\u00edseknek olyan t\u00f6rt\u00e9nelme van, amelyb\u0151l m\u00e1s v\u00e1rosok gener\u00e1ci\u00f3kig meg\u00e9ln\u00e9nek.<\/p>\n\n\n\n<p class=\"wp-block-paragraph\">Kezdj\u00fck a legismertebbel. Az <strong>Otava f\u00f6l\u00f6tt \u00e1t\u00edvel\u0151 k\u0151h\u00edd a 13. sz\u00e1zadb\u00f3l sz\u00e1rmazik<\/strong>, \u00e9s ez Csehorsz\u00e1g legr\u00e9gibb fennmaradt h\u00eddja. Igen, r\u00e9gebbi, mint a pr\u00e1gai K\u00e1roly-h\u00edd, m\u00e9g ha a pr\u00e1gaiak nem is szeretik hallani, amikor ezt mondom. \ud83d\ude05 De nem csak a h\u00eddr\u00f3l van sz\u00f3. <strong>1887-ben P\u00edsek lett Csehorsz\u00e1g els\u0151 v\u00e1rosa nyilv\u00e1nos elektromos k\u00f6zvil\u00e1g\u00edt\u00e1ssal<\/strong> \u2013 K\u0159i\u017e\u00edk v\u00e1rosi er\u0151m\u0171ve el\u0151bb vil\u00e1g\u00edtotta ki az itteni teret, mint Pr\u00e1g\u00e1t! Franti\u0161ek K\u0159i\u017e\u00edk \u00e9ppen itt, enn\u00e9l a kis d\u00e9l-csehorsz\u00e1gi v\u00e1rosk\u00e1n\u00e1l, az aranyat rejt\u0151 Otava mellett tesztelte a technol\u00f3gi\u00e1j\u00e1t.<\/p>\n\n\n\n<p class=\"wp-block-paragraph\">\u00c9s az az Otava, ez az a foly\u00f3, amely k\u00f6r\u00fcl az eg\u00e9sz P\u00edsek forog. Aranyat rejt\u0151, gy\u00f6ny\u00f6r\u0171, ny\u00e1ron tele v\u00edzi t\u00far\u00e1z\u00f3kkal \u00e9s f\u00fcrd\u0151z\u0151kkel. A k\u00f6lt\u0151 <strong>Fr\u00e1\u0148a \u0160r\u00e1mek<\/strong>, aki itt \u00e9lt \u00e9s alkotott, \u00fagy \u00edrt r\u00f3la, hogy azonnal le akarn\u00e1l \u00fclni a partra, \u00e9s hagyni, hogy a sz\u00e9l a hajadba f\u00fajjon. Ha egy\u00e9bk\u00e9nt gyerekekkel j\u00f6ssz, semmik\u00e9pp ne hagyd ki a <strong>homokszobrokat<\/strong>, azt a szobr\u00e1szati ki\u00e1ll\u00edt\u00e1st k\u00f6zvetlen\u00fcl az Otava partj\u00e1n, ahol minden \u00e9vben l\u00e9legzetel\u00e1ll\u00edt\u00f3, hatalmas homokszobrok sz\u00fcletnek. Ez tal\u00e1n a legfotog\u00e9nebb dolog, amit P\u00edseken tavasszal \u00e9s ny\u00e1ron l\u00e1tni fogsz.<\/p>\n\n\n\n<h2 class=\"wp-block-heading\"><span class=\"ez-toc-section\" id=\"Mikor_induljunk_Pisekre_es_hogyan_jutunk_el_ide\"><\/span>Mikor induljunk P\u00edsekre, \u00e9s hogyan jutunk el ide<span class=\"ez-toc-section-end\"><\/span><\/h2>\n\n\n\n<figure data-wp-context=\"{&quot;imageId&quot;:&quot;6a952ed60db7d&quot;}\" data-wp-interactive=\"core\/image\" data-wp-key=\"6a952ed60db7d\" class=\"wp-block-image size-full wp-lightbox-container\"><img decoding=\"async\" width=\"2200\" height=\"1467\" data-wp-class--hide=\"state.isContentHidden\" data-wp-class--show=\"state.isContentVisible\" data-wp-init=\"callbacks.setButtonStyles\" data-wp-on--click=\"actions.showLightbox\" data-wp-on--load=\"callbacks.setButtonStyles\" data-wp-on--pointerdown=\"actions.preloadImage\" data-wp-on--pointerenter=\"actions.preloadImageWithDelay\" data-wp-on--pointerleave=\"actions.cancelPreload\" data-wp-on-window--resize=\"callbacks.setButtonStyles\" src=\"https:\/\/loudavymkrokem.cz\/wp-content\/uploads\/2026\/08\/pisek-kamenny-most-soumrak.jpg\" alt=\"Az Otava f\u00f6l\u00f6tti k\u0151h\u00edd alkonyatkor\" class=\"wp-image-399327\" title=\"\" srcset=\"https:\/\/loudavymkrokem.cz\/wp-content\/uploads\/2026\/08\/pisek-kamenny-most-soumrak.jpg 2200w, https:\/\/loudavymkrokem.cz\/wp-content\/uploads\/2026\/08\/pisek-kamenny-most-soumrak-300x200.jpg 300w, https:\/\/loudavymkrokem.cz\/wp-content\/uploads\/2026\/08\/pisek-kamenny-most-soumrak-700x467.jpg 700w, https:\/\/loudavymkrokem.cz\/wp-content\/uploads\/2026\/08\/pisek-kamenny-most-soumrak-768x512.jpg 768w, https:\/\/loudavymkrokem.cz\/wp-content\/uploads\/2026\/08\/pisek-kamenny-most-soumrak-1536x1024.jpg 1536w, https:\/\/loudavymkrokem.cz\/wp-content\/uploads\/2026\/08\/pisek-kamenny-most-soumrak-2048x1366.jpg 2048w, https:\/\/loudavymkrokem.cz\/wp-content\/uploads\/2026\/08\/pisek-kamenny-most-soumrak-696x464.jpg 696w, https:\/\/loudavymkrokem.cz\/wp-content\/uploads\/2026\/08\/pisek-kamenny-most-soumrak-1392x928.jpg 1392w, https:\/\/loudavymkrokem.cz\/wp-content\/uploads\/2026\/08\/pisek-kamenny-most-soumrak-1920x1280.jpg 1920w\" sizes=\"(max-width: 2200px) 100vw, 2200px\" \/><button\n\t\t\tclass=\"lightbox-trigger\"\n\t\t\ttype=\"button\"\n\t\t\taria-haspopup=\"dialog\"\n\t\t\tdata-wp-bind--aria-label=\"state.thisImage.triggerButtonAriaLabel\"\n\t\t\tdata-wp-init=\"callbacks.initTriggerButton\"\n\t\t\tdata-wp-on--click=\"actions.showLightbox\"\n\t\t\tdata-wp-style--right=\"state.thisImage.buttonRight\"\n\t\t\tdata-wp-style--top=\"state.thisImage.buttonTop\"\n\t\t>\n\t\t\t<svg xmlns=\"http:\/\/www.w3.org\/2000\/svg\" width=\"12\" height=\"12\" fill=\"none\" viewBox=\"0 0 12 12\">\n\t\t\t\t<path fill=\"#fff\" d=\"M2 0a2 2 0 0 0-2 2v2h1.5V2a.5.5 0 0 1 .5-.5h2V0H2Zm2 10.5H2a.5.5 0 0 1-.5-.5V8H0v2a2 2 0 0 0 2 2h2v-1.5ZM8 12v-1.5h2a.5.5 0 0 0 .5-.5V8H12v2a2 2 0 0 1-2 2H8Zm2-12a2 2 0 0 1 2 2v2h-1.5V2a.5.5 0 0 0-.5-.5H8V0h2Z\" \/>\n\t\t\t<\/svg>\n\t\t<\/button><\/figure>\n\n\n\n<p class=\"wp-block-paragraph\">P\u00edsek minden \u00e9vszakban gy\u00f6ny\u00f6r\u0171, \u00e9s ezt egy olyan ember teljes felel\u0151ss\u00e9g\u00e9vel mondom, aki \u00e1t\u00e9lte itt a lehangol\u00f3, sz\u00fcrke novembereket is. De minden \u00e9vszaknak megvan a maga var\u00e1zsa, \u00e9s att\u00f3l f\u00fcgg, mit keresel.<\/p>\n\n\n\n<ul class=\"wp-block-list\">\n<li><strong>A tavasz (\u00e1prilis\u2013m\u00e1jus)<\/strong> tal\u00e1n a legkedvesebb id\u0151szakom. A Palack\u00fd-kertek kivirulnak, az Otava ment\u00e9n minden z\u00f6ldell, \u00e9s a v\u00e1ros a t\u00e9l ut\u00e1n fel\u00e9bred \u2013 kiny\u00edlnak a k\u00e1v\u00e9z\u00f3k teraszai, kij\u00f6nnek az emberek, \u00e9s a leveg\u0151ben ott van az a friss energia. \u00c9s f\u0151leg m\u00e1jus v\u00e9g\u00e9n a rakparton leleplezik az \u00faj \u00f3ri\u00e1si <strong>homokszobrokat<\/strong>, id\u00e9n m\u00e1r huszadszor, amelyeket a P\u00edskovi\u0161t\u011b csal\u00e1di fesztiv\u00e1l k\u00eds\u00e9r. Utcasz\u00ednh\u00e1z, koncertek, gyerekworkshopok, az eg\u00e9sz v\u00e1ros \u00e9l. Az \u00e9v egyik legszebb h\u00e9tv\u00e9g\u00e9je.<\/li>\n\n\n\n<li><strong>A ny\u00e1r (j\u00fanius\u2013augusztus)<\/strong> az Otav\u00e1ban val\u00f3 f\u00fcrd\u00e9s\u00e9, a v\u00edzi t\u00far\u00e1k\u00e9, a v\u00e1rosi \u00fcnnepek\u00e9 \u00e9s a foly\u00f3parti kerthelyis\u00e9gekben t\u00f6lt\u00f6tt hossz\u00fa est\u00e9k\u00e9. J\u00faniusban zajlik az <strong>Dotkni se P\u00edsku<\/strong> \u2013 t\u00f6rt\u00e9nelmi \u00fcnneps\u00e9g a belv\u00e1rosban, lovagok, k\u00e9zm\u0171vesek, korh\u0171 v\u00e1s\u00e1rok. Augusztusban pedig a <strong>Folkl\u00f3rfesztiv\u00e1l<\/strong>, ahov\u00e1 a vil\u00e1g minden t\u00e1j\u00e1r\u00f3l \u00e9rkeznek egy\u00fcttesek. Sz\u00e1molj azzal, hogy f\u0151szezonban t\u00f6bb turista van a v\u00e1rosban (b\u00e1r m\u00e9g mindig \u00f6sszehasonl\u00edthatatlanul kevesebb, mint Krumlovban, az biztos).<\/li>\n\n\n\n<li><strong>Az \u0151sz (szeptember\u2013okt\u00f3ber)<\/strong> \u2013 az arany P\u00edsek. Sz\u00f3 szerint. A kertekben \u00e9s a foly\u00f3 ment\u00e9n a f\u00e1k elsz\u00ednez\u0151dnek, a hajnali k\u00f6d\u00f6k az Otava f\u00f6l\u00f6tt olyanok, mint egy filmben, a turist\u00e1k sz\u00e1ma cs\u00f6kken. Ide\u00e1lis gyalogos s\u00e9t\u00e1kra \u00e9s a nevezetess\u00e9gek nyugodt megtekint\u00e9s\u00e9re. Szeptember k\u00f6zep\u00e9n pedig a Cool v plot\u011b zenei fesztiv\u00e1l kavarja fel a belv\u00e1rost.<\/li>\n\n\n\n<li><strong>A t\u00e9l (november\u2013m\u00e1rcius)<\/strong> \u2013 \u0151szinte leszek, P\u00edsek t\u00e9len nem egy kar\u00e1csonyi Salzburg. De az adventi v\u00e1s\u00e1roknak a Nagy t\u00e9ren is megvan a maguk var\u00e1zsa, az ut\u00f3bbi \u00e9vekben a t\u00e9ren egy j\u00e9gp\u00e1ly\u00e1t is szoktunk kapni, a Sladovn\u00e1ban meleg van \u00e9s rengeteg program a gyerekeknek, \u00e9s amikor leesik a h\u00f3, \u00e9s s\u00e9t\u00e1lsz egyet a h\u00eddon&#8230; az egyszer\u0171en mes\u00e9be ill\u0151.<\/li>\n<\/ul>\n\n\n\n<p class=\"wp-block-paragraph\"><strong>Olvasd el ezt is: <a href=\"https:\/\/loudavymkrokem.cz\/hu\/csehorszag-nyaralas-tippek\/\" target=\"_blank\" data-type=\"link\" data-id=\"https:\/\/loudavymkrokem.cz\/kam-na-dovolenou-v-cesku\/\" rel=\"noreferrer noopener\">20 tipp, hov\u00e1 menj nyaralni Csehorsz\u00e1gban<\/a><\/strong><\/p>\n\n\n\n<h3 class=\"wp-block-heading\"><span class=\"ez-toc-section\" id=\"Hogyan_jutsz_el_Pisekre\"><\/span>Hogyan jutsz el P\u00edsekre<span class=\"ez-toc-section-end\"><\/span><\/h3>\n\n\n\n<figure data-wp-context=\"{&quot;imageId&quot;:&quot;6a952ed60e52c&quot;}\" data-wp-interactive=\"core\/image\" data-wp-key=\"6a952ed60e52c\" class=\"wp-block-image size-full wp-lightbox-container\"><img decoding=\"async\" width=\"2200\" height=\"1467\" data-wp-class--hide=\"state.isContentHidden\" data-wp-class--show=\"state.isContentVisible\" data-wp-init=\"callbacks.setButtonStyles\" data-wp-on--click=\"actions.showLightbox\" data-wp-on--load=\"callbacks.setButtonStyles\" data-wp-on--pointerdown=\"actions.preloadImage\" data-wp-on--pointerenter=\"actions.preloadImageWithDelay\" data-wp-on--pointerleave=\"actions.cancelPreload\" data-wp-on-window--resize=\"callbacks.setButtonStyles\" src=\"https:\/\/loudavymkrokem.cz\/wp-content\/uploads\/2026\/08\/pisek-ulicka-vez-radnice.jpg\" alt=\"Utc\u00e1cska P\u00edsek t\u00f6rt\u00e9nelmi belv\u00e1ros\u00e1ban a v\u00e1rosh\u00e1za torny\u00e1val\" class=\"wp-image-399384\" title=\"\" srcset=\"https:\/\/loudavymkrokem.cz\/wp-content\/uploads\/2026\/08\/pisek-ulicka-vez-radnice.jpg 2200w, https:\/\/loudavymkrokem.cz\/wp-content\/uploads\/2026\/08\/pisek-ulicka-vez-radnice-300x200.jpg 300w, https:\/\/loudavymkrokem.cz\/wp-content\/uploads\/2026\/08\/pisek-ulicka-vez-radnice-700x467.jpg 700w, https:\/\/loudavymkrokem.cz\/wp-content\/uploads\/2026\/08\/pisek-ulicka-vez-radnice-768x512.jpg 768w, https:\/\/loudavymkrokem.cz\/wp-content\/uploads\/2026\/08\/pisek-ulicka-vez-radnice-1536x1024.jpg 1536w, https:\/\/loudavymkrokem.cz\/wp-content\/uploads\/2026\/08\/pisek-ulicka-vez-radnice-2048x1366.jpg 2048w, https:\/\/loudavymkrokem.cz\/wp-content\/uploads\/2026\/08\/pisek-ulicka-vez-radnice-696x464.jpg 696w, https:\/\/loudavymkrokem.cz\/wp-content\/uploads\/2026\/08\/pisek-ulicka-vez-radnice-1392x928.jpg 1392w, https:\/\/loudavymkrokem.cz\/wp-content\/uploads\/2026\/08\/pisek-ulicka-vez-radnice-1920x1280.jpg 1920w\" sizes=\"(max-width: 2200px) 100vw, 2200px\" \/><button\n\t\t\tclass=\"lightbox-trigger\"\n\t\t\ttype=\"button\"\n\t\t\taria-haspopup=\"dialog\"\n\t\t\tdata-wp-bind--aria-label=\"state.thisImage.triggerButtonAriaLabel\"\n\t\t\tdata-wp-init=\"callbacks.initTriggerButton\"\n\t\t\tdata-wp-on--click=\"actions.showLightbox\"\n\t\t\tdata-wp-style--right=\"state.thisImage.buttonRight\"\n\t\t\tdata-wp-style--top=\"state.thisImage.buttonTop\"\n\t\t>\n\t\t\t<svg xmlns=\"http:\/\/www.w3.org\/2000\/svg\" width=\"12\" height=\"12\" fill=\"none\" viewBox=\"0 0 12 12\">\n\t\t\t\t<path fill=\"#fff\" d=\"M2 0a2 2 0 0 0-2 2v2h1.5V2a.5.5 0 0 1 .5-.5h2V0H2Zm2 10.5H2a.5.5 0 0 1-.5-.5V8H0v2a2 2 0 0 0 2 2h2v-1.5ZM8 12v-1.5h2a.5.5 0 0 0 .5-.5V8H12v2a2 2 0 0 1-2 2H8Zm2-12a2 2 0 0 1 2 2v2h-1.5V2a.5.5 0 0 0-.5-.5H8V0h2Z\" \/>\n\t\t\t<\/svg>\n\t\t<\/button><\/figure>\n\n\n\n<p class=\"wp-block-paragraph\">Magyarorsz\u00e1gr\u00f3l legk\u00e9nyelmesebben Pr\u00e1g\u00e1ig rep\u00fcl\u0151vel jutsz el \u2013 <strong>Wizz Air<\/strong> \u00e9s <strong>Ryanair<\/strong> is rep\u00fcl <strong>Budapestr\u0151l Pr\u00e1g\u00e1ba<\/strong>, onnan pedig k\u00f6nnyen tov\u00e1bbjutsz P\u00edsekre. A pr\u00e1gai rept\u00e9rr\u0151l vagy b\u00e9relt aut\u00f3val, vagy busszal \u00e9red el a v\u00e1rost.<\/p>\n\n\n\n<p class=\"wp-block-paragraph\"><strong>Pr\u00e1g\u00e1b\u00f3l busszal<\/strong> tal\u00e1n a legk\u00e9nyelmesebb megold\u00e1s. A <strong>RegioJet<\/strong> a Na Kn\u00ed\u017eec\u00ed meg\u00e1ll\u00f3b\u00f3l indul, az \u00fat nagyj\u00e1b\u00f3l <strong>70 percig<\/strong> tart. A jegy <strong>1810\u20133300 Ft-ba<\/strong> (120\u2013220 K\u010d) ker\u00fcl, att\u00f3l f\u00fcgg\u0151en, mennyivel el\u0151re veszed. El\u00e9g gyakran j\u00e1rnak a j\u00e1ratok, \u00edgy egynapos kir\u00e1ndul\u00e1s is \u00f6sszehozhat\u00f3.<\/p>\n\n\n\n<p class=\"wp-block-paragraph\"><strong>Vonattal<\/strong> ez sajnos nem olyan remek \u2013 k\u00f6zvetlen \u00f6sszek\u00f6ttet\u00e9s nincs, \u00e1t kell sz\u00e1llnod (\u00e1ltal\u00e1ban T\u00e1borban vagy Protiv\u00ednben), \u00e9s az \u00fat \u00e1tsz\u00e1ll\u00e1ssal egy\u00fctt is nagyj\u00e1b\u00f3l 2,5\u20133 \u00f3ra. Ha nem vagy rajong\u00f3ja az \u00e1tsz\u00e1ll\u00e1sos helyi vonatoknak, v\u00e1laszd a buszt.<\/p>\n\n\n\n<p class=\"wp-block-paragraph\"><strong>Aut\u00f3val Pr\u00e1g\u00e1b\u00f3l<\/strong> <strong>104 km<\/strong>, nagyj\u00e1b\u00f3l egy \u00f3ra a D4-es aut\u00f3p\u00e1ly\u00e1n (amely v\u00e9gre teljesen elk\u00e9sz\u00fclt, h\u00e1la az \u00e9gnek). Csehorsz\u00e1gban ne feledd az <strong>aut\u00f3p\u00e1lya-matric\u00e1t<\/strong>. A belv\u00e1rosi parkol\u00e1s kicsit k\u00fczdelem lehet, de haszn\u00e1lhat\u00f3 a ki\u00e1ll\u00edt\u00e1s melletti parkol\u00f3.<\/p>\n\n\n\n<h2 class=\"wp-block-heading\"><span class=\"ez-toc-section\" id=\"Hol_szallj_meg_Piseken_es_mennyibe_kerul\"><\/span>Hol sz\u00e1llj meg P\u00edseken, \u00e9s mennyibe ker\u00fcl<span class=\"ez-toc-section-end\"><\/span><\/h2>\n\n\n\n<figure data-wp-context=\"{&quot;imageId&quot;:&quot;6a952ed60ecb6&quot;}\" data-wp-interactive=\"core\/image\" data-wp-key=\"6a952ed60ecb6\" class=\"wp-block-image size-full wp-lightbox-container\"><img decoding=\"async\" width=\"2200\" height=\"1467\" data-wp-class--hide=\"state.isContentHidden\" data-wp-class--show=\"state.isContentVisible\" data-wp-init=\"callbacks.setButtonStyles\" data-wp-on--click=\"actions.showLightbox\" data-wp-on--load=\"callbacks.setButtonStyles\" data-wp-on--pointerdown=\"actions.preloadImage\" data-wp-on--pointerenter=\"actions.preloadImageWithDelay\" data-wp-on--pointerleave=\"actions.cancelPreload\" data-wp-on-window--resize=\"callbacks.setButtonStyles\" src=\"https:\/\/loudavymkrokem.cz\/wp-content\/uploads\/2026\/08\/pisek-fontana-hotel-otava.jpg\" alt=\"Sz\u00f6k\u0151k\u00fat P\u00edsek belv\u00e1ros\u00e1ban a h\u00e1tt\u00e9rben a Hotel Otav\u00e1val\" class=\"wp-image-399365\" title=\"\" srcset=\"https:\/\/loudavymkrokem.cz\/wp-content\/uploads\/2026\/08\/pisek-fontana-hotel-otava.jpg 2200w, https:\/\/loudavymkrokem.cz\/wp-content\/uploads\/2026\/08\/pisek-fontana-hotel-otava-300x200.jpg 300w, https:\/\/loudavymkrokem.cz\/wp-content\/uploads\/2026\/08\/pisek-fontana-hotel-otava-700x467.jpg 700w, https:\/\/loudavymkrokem.cz\/wp-content\/uploads\/2026\/08\/pisek-fontana-hotel-otava-768x512.jpg 768w, https:\/\/loudavymkrokem.cz\/wp-content\/uploads\/2026\/08\/pisek-fontana-hotel-otava-1536x1024.jpg 1536w, https:\/\/loudavymkrokem.cz\/wp-content\/uploads\/2026\/08\/pisek-fontana-hotel-otava-2048x1366.jpg 2048w, https:\/\/loudavymkrokem.cz\/wp-content\/uploads\/2026\/08\/pisek-fontana-hotel-otava-696x464.jpg 696w, https:\/\/loudavymkrokem.cz\/wp-content\/uploads\/2026\/08\/pisek-fontana-hotel-otava-1392x928.jpg 1392w, https:\/\/loudavymkrokem.cz\/wp-content\/uploads\/2026\/08\/pisek-fontana-hotel-otava-1920x1280.jpg 1920w\" sizes=\"(max-width: 2200px) 100vw, 2200px\" \/><button\n\t\t\tclass=\"lightbox-trigger\"\n\t\t\ttype=\"button\"\n\t\t\taria-haspopup=\"dialog\"\n\t\t\tdata-wp-bind--aria-label=\"state.thisImage.triggerButtonAriaLabel\"\n\t\t\tdata-wp-init=\"callbacks.initTriggerButton\"\n\t\t\tdata-wp-on--click=\"actions.showLightbox\"\n\t\t\tdata-wp-style--right=\"state.thisImage.buttonRight\"\n\t\t\tdata-wp-style--top=\"state.thisImage.buttonTop\"\n\t\t>\n\t\t\t<svg xmlns=\"http:\/\/www.w3.org\/2000\/svg\" width=\"12\" height=\"12\" fill=\"none\" viewBox=\"0 0 12 12\">\n\t\t\t\t<path fill=\"#fff\" d=\"M2 0a2 2 0 0 0-2 2v2h1.5V2a.5.5 0 0 1 .5-.5h2V0H2Zm2 10.5H2a.5.5 0 0 1-.5-.5V8H0v2a2 2 0 0 0 2 2h2v-1.5ZM8 12v-1.5h2a.5.5 0 0 0 .5-.5V8H12v2a2 2 0 0 1-2 2H8Zm2-12a2 2 0 0 1 2 2v2h-1.5V2a.5.5 0 0 0-.5-.5H8V0h2Z\" \/>\n\t\t\t<\/svg>\n\t\t<\/button><\/figure>\n\n\n\n<p class=\"wp-block-paragraph\">P\u00edsek nem Pr\u00e1ga, \u00edgy a sz\u00e1ll\u00e1s\u00e1rak nem visznek a sz\u00edvinfarktus sz\u00e9l\u00e9re, viszont h\u00fasz \u00f6tcsillagos hotelt sem tal\u00e1lsz itt. A k\u00edn\u00e1lat kisebb, de tisztess\u00e9ges \u2013 az apartmanokt\u00f3l az \u00e9ttermes hotelekig. A sz\u00e1ll\u00e1sokat mi is legsz\u00edvesebben a <strong><a class=\"thirstylink\" rel=\"nofollow\" target=\"_blank\" title=\"Booking.com\" href=\"https:\/\/loudavymkrokem.cz\/doporucujeme\/booking-com\/\" data-shortcode=\"true\">Booking.com<\/a><\/strong> oldalon keress\u00fck.<\/p>\n\n\n\n<p class=\"wp-block-paragraph\"><strong><a class=\"thirstylink\" rel=\"nofollow\" target=\"_blank\" title=\"Hotel Biograf P\u00edsek\" href=\"https:\/\/loudavymkrokem.cz\/doporucujeme\/hotel-biograf-pisek\/\" data-shortcode=\"true\"><a href=\"https:\/\/www.stay22.com\/allez\/roam?aid=lukaskonecny&amp;campaign=loudavymkrokemcz&amp;campaign=co-videt-v-pisku&amp;hotelname=Hotel%20Biograf&amp;address=P%C3%ADsek%2C%20%C4%8Cesko\" target=\"_blank\" rel=\"noopener nofollow sponsored\">Hotel Biograf<\/a><\/a><\/strong> tal\u00e1n a legismertebb c\u00edm a v\u00e1rosban \u2013 <strong>4 csillagos<\/strong>, modernen fel\u00faj\u00edtott, egyenesen egy egykori mozi \u00e9p\u00fclet\u00e9ben tal\u00e1lhat\u00f3 (innen a n\u00e9v). A Bookingon <strong>8,6\/10<\/strong> az \u00e9rt\u00e9kel\u00e9se, a szob\u00e1k tiszt\u00e1k \u00e9s k\u00e9nyelmesek, a reggeli tisztess\u00e9ges. J\u00f3 pont a finn szauna \u00e9s a massz\u00e1zs.<\/p>\n\n\n\n<p class=\"wp-block-paragraph\"><strong><a class=\"thirstylink\" rel=\"nofollow\" target=\"_blank\" title=\"Hotel U Kapli\u010dky\" href=\"https:\/\/loudavymkrokem.cz\/doporucujeme\/hotel-u-kaplicky\/\" data-shortcode=\"true\"><a href=\"https:\/\/www.stay22.com\/allez\/roam?aid=lukaskonecny&amp;campaign=loudavymkrokemcz&amp;campaign=co-videt-v-pisku&amp;hotelname=Hotel%20U%20Kapli%C4%8Dky&amp;address=P%C3%ADsek%2C%20%C4%8Cesko\" target=\"_blank\" rel=\"noopener nofollow sponsored\">Hotel U Kapli\u010dky<\/a><\/a><\/strong> egy klasszikusabb v\u00e1laszt\u00e1s kellemes hangulattal, \u00e9s f\u0151leg \u2013 hozz\u00e1 tartozik a <strong>Chapelle<\/strong> \u00e9tterem, amely a v\u00e1ros egyik legjobbja, \u00e9s \u201eMichelin Selected&#8221; min\u0151s\u00edt\u00e9s\u0171 (de az \u00e9telr\u0151l majd k\u00e9s\u0151bb).<\/p>\n\n\n\n<p class=\"wp-block-paragraph\">Ha sp\u00f3rolni szeretn\u00e9l, vagy nagyobb csapattal j\u00f6ssz, az <strong>apartmanokat<\/strong> P\u00edseken <strong>\u00e9jszak\u00e1nk\u00e9nt 8300 Ft-t\u00f3l<\/strong> (550 K\u010d) megtal\u00e1lod, ami t\u00e9nyleg tisztess\u00e9ges \u00e1r. A panzi\u00f3k pedig egy k\u00e9t\u00e1gyas szob\u00e1\u00e9rt <strong>\u00e9jszak\u00e1nk\u00e9nt 17 500 Ft-t\u00f3l<\/strong> (1160 K\u010d) indulnak. N\u00e9zd meg p\u00e9ld\u00e1ul a <strong><a class=\"thirstylink\" rel=\"nofollow\" target=\"_blank\" title=\"Rezidence u Kamenn\u00e9ho mostu\" href=\"https:\/\/loudavymkrokem.cz\/doporucujeme\/rezidence-u-kamenneho-mostu\/\" data-shortcode=\"true\">Rezidence U Kamenn\u00e9ho mostu<\/a>, <a class=\"thirstylink\" rel=\"nofollow\" target=\"_blank\" title=\"Soho Apartment\" href=\"https:\/\/loudavymkrokem.cz\/doporucujeme\/soho-apartment\/\" data-shortcode=\"true\"><a href=\"https:\/\/www.stay22.com\/allez\/roam?aid=lukaskonecny&amp;campaign=loudavymkrokemcz&amp;campaign=co-videt-v-pisku&amp;hotelname=Soho%20apartment&amp;address=P%C3%ADsek%2C%20%C4%8Cesko\" target=\"_blank\" rel=\"noopener nofollow sponsored\">Soho apartment<\/a><\/a>.<\/strong><\/p>\n\n\n\n<p class=\"wp-block-paragraph\">Javaslom, hogy el\u0151re foglalj, f\u0151leg ny\u00e1ron \u00e9s a fesztiv\u00e1lok idej\u00e9n, amikor a kapacit\u00e1sok gyorsan megtelnek.<\/p>\n\n\n\n<h2 class=\"wp-block-heading\"><span class=\"ez-toc-section\" id=\"Mit_erdemes_megnezni_Piseken_39_tipp_nevezetessegekre_es_erdekes_helyekre\"><\/span>Mit \u00e9rdemes megn\u00e9zni P\u00edseken: 39 tipp nevezetess\u00e9gekre \u00e9s \u00e9rdekes helyekre<span class=\"ez-toc-section-end\"><\/span><\/h2>\n\n\n\n<figure data-wp-context=\"{&quot;imageId&quot;:&quot;6a952ed610fe0&quot;}\" data-wp-interactive=\"core\/image\" data-wp-key=\"6a952ed610fe0\" class=\"wp-block-image size-full wp-lightbox-container\"><img decoding=\"async\" width=\"2200\" height=\"1467\" data-wp-class--hide=\"state.isContentHidden\" data-wp-class--show=\"state.isContentVisible\" data-wp-init=\"callbacks.setButtonStyles\" data-wp-on--click=\"actions.showLightbox\" data-wp-on--load=\"callbacks.setButtonStyles\" data-wp-on--pointerdown=\"actions.preloadImage\" data-wp-on--pointerenter=\"actions.preloadImageWithDelay\" data-wp-on--pointerleave=\"actions.cancelPreload\" data-wp-on-window--resize=\"callbacks.setButtonStyles\" src=\"https:\/\/loudavymkrokem.cz\/wp-content\/uploads\/2026\/08\/pisek-vyhled-z-veze-velke-namesti.jpg\" alt=\"Kil\u00e1t\u00e1s a templomtoronyb\u00f3l a tet\u0151kre \u00e9s a Nagy t\u00e9rre P\u00edseken\" class=\"wp-image-399535\" title=\"\" srcset=\"https:\/\/loudavymkrokem.cz\/wp-content\/uploads\/2026\/08\/pisek-vyhled-z-veze-velke-namesti.jpg 2200w, https:\/\/loudavymkrokem.cz\/wp-content\/uploads\/2026\/08\/pisek-vyhled-z-veze-velke-namesti-300x200.jpg 300w, https:\/\/loudavymkrokem.cz\/wp-content\/uploads\/2026\/08\/pisek-vyhled-z-veze-velke-namesti-700x467.jpg 700w, https:\/\/loudavymkrokem.cz\/wp-content\/uploads\/2026\/08\/pisek-vyhled-z-veze-velke-namesti-768x512.jpg 768w, https:\/\/loudavymkrokem.cz\/wp-content\/uploads\/2026\/08\/pisek-vyhled-z-veze-velke-namesti-1536x1024.jpg 1536w, https:\/\/loudavymkrokem.cz\/wp-content\/uploads\/2026\/08\/pisek-vyhled-z-veze-velke-namesti-2048x1366.jpg 2048w, https:\/\/loudavymkrokem.cz\/wp-content\/uploads\/2026\/08\/pisek-vyhled-z-veze-velke-namesti-696x464.jpg 696w, https:\/\/loudavymkrokem.cz\/wp-content\/uploads\/2026\/08\/pisek-vyhled-z-veze-velke-namesti-1392x928.jpg 1392w, https:\/\/loudavymkrokem.cz\/wp-content\/uploads\/2026\/08\/pisek-vyhled-z-veze-velke-namesti-1920x1280.jpg 1920w\" sizes=\"(max-width: 2200px) 100vw, 2200px\" \/><button\n\t\t\tclass=\"lightbox-trigger\"\n\t\t\ttype=\"button\"\n\t\t\taria-haspopup=\"dialog\"\n\t\t\tdata-wp-bind--aria-label=\"state.thisImage.triggerButtonAriaLabel\"\n\t\t\tdata-wp-init=\"callbacks.initTriggerButton\"\n\t\t\tdata-wp-on--click=\"actions.showLightbox\"\n\t\t\tdata-wp-style--right=\"state.thisImage.buttonRight\"\n\t\t\tdata-wp-style--top=\"state.thisImage.buttonTop\"\n\t\t>\n\t\t\t<svg xmlns=\"http:\/\/www.w3.org\/2000\/svg\" width=\"12\" height=\"12\" fill=\"none\" viewBox=\"0 0 12 12\">\n\t\t\t\t<path fill=\"#fff\" d=\"M2 0a2 2 0 0 0-2 2v2h1.5V2a.5.5 0 0 1 .5-.5h2V0H2Zm2 10.5H2a.5.5 0 0 1-.5-.5V8H0v2a2 2 0 0 0 2 2h2v-1.5ZM8 12v-1.5h2a.5.5 0 0 0 .5-.5V8H12v2a2 2 0 0 1-2 2H8Zm2-12a2 2 0 0 1 2 2v2h-1.5V2a.5.5 0 0 0-.5-.5H8V0h2Z\" \/>\n\t\t\t<\/svg>\n\t\t<\/button><\/figure>\n\n\n\n<p class=\"wp-block-paragraph\">\u00c9s most a l\u00e9nyeg \u2013 ami\u00e9rt ezt a cikket egy\u00e1ltal\u00e1n megnyitottad. \ud83d\ude01 \u00d6ssze\u00e1ll\u00edtottam egy list\u00e1t <strong>39 helyr\u0151l, nevezetess\u00e9gr\u0151l \u00e9s \u00e9rdekess\u00e9gr\u0151l<\/strong>, amelyeket P\u00edseken \u00e9rdemes megn\u00e9zni. N\u00e9h\u00e1nyat k\u00e9peslapr\u00f3l ismersz, m\u00e1sok tal\u00e1n meglepnek. Igyekeztem nem csak a \u201enagy&#8221; turistac\u00e9lpontokra gondolni, hanem hozz\u00e1adni azokat a felt\u0171n\u00e9smentes helyeket is, amelyek mellett a turist\u00e1k \u00e9szrev\u00e9tlen\u00fcl mennek el, pedig van t\u00f6rt\u00e9net\u00fck.<\/p>\n\n\n\n<p class=\"wp-block-paragraph\">P\u00edsek v\u00e1rosa meglep\u0151en gazdag nevezetess\u00e9gekben \u00e9s \u00e9rdekess\u00e9gekben, \u00e9s ez az \u00e9n szem\u00e9lyes \u00fatikalauzom, amely m\u00f6g\u00e9 b\u00e1tran oda\u00e1llok. <strong>Akkor gyere, kezdj\u00fck a h\u00edddal.<\/strong><\/p>\n\n\n\n<h3 class=\"wp-block-heading\"><span class=\"ez-toc-section\" id=\"1_Kohid_Szarvas-hid_%E2%80%93_Csehorszag_legregibb_kohidja\"><\/span>1. K\u0151h\u00edd (Szarvas-h\u00edd) \u2013 Csehorsz\u00e1g legr\u00e9gibb k\u0151h\u00eddja<span class=\"ez-toc-section-end\"><\/span><\/h3>\n\n\n\n<figure data-wp-context=\"{&quot;imageId&quot;:&quot;6a952ed611487&quot;}\" data-wp-interactive=\"core\/image\" data-wp-key=\"6a952ed611487\" class=\"wp-block-image size-full wp-lightbox-container\"><img decoding=\"async\" width=\"2200\" height=\"1467\" data-wp-class--hide=\"state.isContentHidden\" data-wp-class--show=\"state.isContentVisible\" data-wp-init=\"callbacks.setButtonStyles\" data-wp-on--click=\"actions.showLightbox\" data-wp-on--load=\"callbacks.setButtonStyles\" data-wp-on--pointerdown=\"actions.preloadImage\" data-wp-on--pointerenter=\"actions.preloadImageWithDelay\" data-wp-on--pointerleave=\"actions.cancelPreload\" data-wp-on-window--resize=\"callbacks.setButtonStyles\" src=\"https:\/\/loudavymkrokem.cz\/wp-content\/uploads\/2026\/08\/pisek-kamenny-most-sochy.jpg\" alt=\"A p\u00edseki k\u0151h\u00edd barokk szentszobrokkal\" class=\"wp-image-399324\" title=\"\" srcset=\"https:\/\/loudavymkrokem.cz\/wp-content\/uploads\/2026\/08\/pisek-kamenny-most-sochy.jpg 2200w, https:\/\/loudavymkrokem.cz\/wp-content\/uploads\/2026\/08\/pisek-kamenny-most-sochy-300x200.jpg 300w, https:\/\/loudavymkrokem.cz\/wp-content\/uploads\/2026\/08\/pisek-kamenny-most-sochy-700x467.jpg 700w, https:\/\/loudavymkrokem.cz\/wp-content\/uploads\/2026\/08\/pisek-kamenny-most-sochy-768x512.jpg 768w, https:\/\/loudavymkrokem.cz\/wp-content\/uploads\/2026\/08\/pisek-kamenny-most-sochy-1536x1024.jpg 1536w, https:\/\/loudavymkrokem.cz\/wp-content\/uploads\/2026\/08\/pisek-kamenny-most-sochy-2048x1366.jpg 2048w, https:\/\/loudavymkrokem.cz\/wp-content\/uploads\/2026\/08\/pisek-kamenny-most-sochy-696x464.jpg 696w, https:\/\/loudavymkrokem.cz\/wp-content\/uploads\/2026\/08\/pisek-kamenny-most-sochy-1392x928.jpg 1392w, https:\/\/loudavymkrokem.cz\/wp-content\/uploads\/2026\/08\/pisek-kamenny-most-sochy-1920x1280.jpg 1920w\" sizes=\"(max-width: 2200px) 100vw, 2200px\" \/><button\n\t\t\tclass=\"lightbox-trigger\"\n\t\t\ttype=\"button\"\n\t\t\taria-haspopup=\"dialog\"\n\t\t\tdata-wp-bind--aria-label=\"state.thisImage.triggerButtonAriaLabel\"\n\t\t\tdata-wp-init=\"callbacks.initTriggerButton\"\n\t\t\tdata-wp-on--click=\"actions.showLightbox\"\n\t\t\tdata-wp-style--right=\"state.thisImage.buttonRight\"\n\t\t\tdata-wp-style--top=\"state.thisImage.buttonTop\"\n\t\t>\n\t\t\t<svg xmlns=\"http:\/\/www.w3.org\/2000\/svg\" width=\"12\" height=\"12\" fill=\"none\" viewBox=\"0 0 12 12\">\n\t\t\t\t<path fill=\"#fff\" d=\"M2 0a2 2 0 0 0-2 2v2h1.5V2a.5.5 0 0 1 .5-.5h2V0H2Zm2 10.5H2a.5.5 0 0 1-.5-.5V8H0v2a2 2 0 0 0 2 2h2v-1.5ZM8 12v-1.5h2a.5.5 0 0 0 .5-.5V8H12v2a2 2 0 0 1-2 2H8Zm2-12a2 2 0 0 1 2 2v2h-1.5V2a.5.5 0 0 0-.5-.5H8V0h2Z\" \/>\n\t\t\t<\/svg>\n\t\t<\/button><\/figure>\n\n\n\n<p class=\"wp-block-paragraph\">Ez az a hely, ami\u00e9rt a legt\u00f6bb ember egy\u00e1ltal\u00e1n P\u00edsekre j\u00f6n, \u00e9s egy\u00e1ltal\u00e1n nem veszem t\u0151l\u00fck rossz n\u00e9ven. Az <strong>Otava f\u00f6l\u00f6tti k\u0151h\u00edd a 13. sz\u00e1zadb\u00f3l<\/strong> sz\u00e1rmazik, majdnem <strong>110 m\u00e9ter hossz\u00fa<\/strong>, <strong>7 \u00edve<\/strong> van, \u00e9s egyszer\u0171en ez a legr\u00e9gibb fennmaradt k\u0151h\u00edd eg\u00e9sz Csehorsz\u00e1gban. A pr\u00e1gai K\u00e1roly-h\u00edd fiatalabb, \u00e9s igen, ezt minden alkalommal elism\u00e9tlem, mert \u00f6r\u00f6met okoz. \ud83d\ude0a<\/p>\n\n\n\n<p class=\"wp-block-paragraph\">A hidat <strong>barokk szentszobrok m\u00e1solatai<\/strong> d\u00edsz\u00edtik (az eredetiek m\u00e1r biztons\u00e1gban vannak elrejtve), amelyek csak k\u00e9s\u0151bb ker\u00fcltek r\u00e1, \u00e9s az eg\u00e9sz l\u00e1tv\u00e1ny \u2013 a k\u0151\u00edvek, alattuk az Otava, a v\u00e1ros mindk\u00e9t parton \u2013 D\u00e9l-Csehorsz\u00e1g egyik legszebb l\u00e1tk\u00e9pe. \u00c9s tudod, mikor a legszebb itt? <strong>Kora reggel, amikor a foly\u00f3 f\u00f6l\u00f6tt k\u00f6d gomolyog.<\/strong> A h\u00edd \u00fagy bukkan el\u0151 a p\u00e1r\u00e1b\u00f3l, mint egy t\u00f6rt\u00e9nelmi reg\u00e9nyb\u0151l, te pedig ott \u00e1llsz teljesen egyed\u00fcl, mert reggel hatkor egyszer\u0171en senki m\u00e1s nincs itt. A m\u00e1sodik legjobb id\u0151pont a <strong>naplemente<\/strong>, amikor az Otava vize narancssz\u00ednbe fordul. Vidd a f\u00e9nyk\u00e9pez\u0151g\u00e9ped.<\/p>\n\n\n\n<p class=\"wp-block-paragraph\">A bel\u00e9p\u00e9s term\u00e9szetesen <strong>ingyenes, napi 24 \u00f3r\u00e1ban, a h\u00e9t minden napj\u00e1n<\/strong>. Ez egy h\u00edd, egyszer\u0171en csak \u00e1tm\u00e9sz rajta. Csak te, a r\u00e9gi k\u00f6vek \u00e9s alattad a foly\u00f3. N\u00e9ha azt gondolom, hogy ez az a hely, ahol P\u00edsek a legink\u00e1bb \u00f6nmaga.<\/p>\n\n\n\n<h3 class=\"wp-block-heading\"><span class=\"ez-toc-section\" id=\"2_A_Putim-kapu_es_a_Frana_Sramek-utcacska\"><\/span>2. A Putim-kapu \u00e9s a Fr\u00e1\u0148a \u0160r\u00e1mek-utc\u00e1cska<span class=\"ez-toc-section-end\"><\/span><\/h3>\n\n\n\n<figure data-wp-context=\"{&quot;imageId&quot;:&quot;6a952ed611927&quot;}\" data-wp-interactive=\"core\/image\" data-wp-key=\"6a952ed611927\" class=\"wp-block-image size-full wp-lightbox-container\"><img decoding=\"async\" width=\"2200\" height=\"1467\" data-wp-class--hide=\"state.isContentHidden\" data-wp-class--show=\"state.isContentVisible\" data-wp-init=\"callbacks.setButtonStyles\" data-wp-on--click=\"actions.showLightbox\" data-wp-on--load=\"callbacks.setButtonStyles\" data-wp-on--pointerdown=\"actions.preloadImage\" data-wp-on--pointerenter=\"actions.preloadImageWithDelay\" data-wp-on--pointerleave=\"actions.cancelPreload\" data-wp-on-window--resize=\"callbacks.setButtonStyles\" src=\"https:\/\/loudavymkrokem.cz\/wp-content\/uploads\/2026\/08\/pisek-basta-putimska-brana.jpg\" alt=\"A v\u00e1rosi er\u0151d\u00edtm\u00e9ny b\u00e1sty\u00e1ja az egykori Putim-kapun\u00e1l P\u00edseken\" class=\"wp-image-399337\" title=\"\" srcset=\"https:\/\/loudavymkrokem.cz\/wp-content\/uploads\/2026\/08\/pisek-basta-putimska-brana.jpg 2200w, https:\/\/loudavymkrokem.cz\/wp-content\/uploads\/2026\/08\/pisek-basta-putimska-brana-300x200.jpg 300w, https:\/\/loudavymkrokem.cz\/wp-content\/uploads\/2026\/08\/pisek-basta-putimska-brana-700x467.jpg 700w, https:\/\/loudavymkrokem.cz\/wp-content\/uploads\/2026\/08\/pisek-basta-putimska-brana-768x512.jpg 768w, https:\/\/loudavymkrokem.cz\/wp-content\/uploads\/2026\/08\/pisek-basta-putimska-brana-1536x1024.jpg 1536w, https:\/\/loudavymkrokem.cz\/wp-content\/uploads\/2026\/08\/pisek-basta-putimska-brana-2048x1366.jpg 2048w, https:\/\/loudavymkrokem.cz\/wp-content\/uploads\/2026\/08\/pisek-basta-putimska-brana-696x464.jpg 696w, https:\/\/loudavymkrokem.cz\/wp-content\/uploads\/2026\/08\/pisek-basta-putimska-brana-1392x928.jpg 1392w, https:\/\/loudavymkrokem.cz\/wp-content\/uploads\/2026\/08\/pisek-basta-putimska-brana-1920x1280.jpg 1920w\" sizes=\"(max-width: 2200px) 100vw, 2200px\" \/><button\n\t\t\tclass=\"lightbox-trigger\"\n\t\t\ttype=\"button\"\n\t\t\taria-haspopup=\"dialog\"\n\t\t\tdata-wp-bind--aria-label=\"state.thisImage.triggerButtonAriaLabel\"\n\t\t\tdata-wp-init=\"callbacks.initTriggerButton\"\n\t\t\tdata-wp-on--click=\"actions.showLightbox\"\n\t\t\tdata-wp-style--right=\"state.thisImage.buttonRight\"\n\t\t\tdata-wp-style--top=\"state.thisImage.buttonTop\"\n\t\t>\n\t\t\t<svg xmlns=\"http:\/\/www.w3.org\/2000\/svg\" width=\"12\" height=\"12\" fill=\"none\" viewBox=\"0 0 12 12\">\n\t\t\t\t<path fill=\"#fff\" d=\"M2 0a2 2 0 0 0-2 2v2h1.5V2a.5.5 0 0 1 .5-.5h2V0H2Zm2 10.5H2a.5.5 0 0 1-.5-.5V8H0v2a2 2 0 0 0 2 2h2v-1.5ZM8 12v-1.5h2a.5.5 0 0 0 .5-.5V8H12v2a2 2 0 0 1-2 2H8Zm2-12a2 2 0 0 1 2 2v2h-1.5V2a.5.5 0 0 0-.5-.5H8V0h2Z\" \/>\n\t\t\t<\/svg>\n\t\t<\/button><\/figure>\n\n\n\n<p class=\"wp-block-paragraph\">\u201e<em>Amikor \u00e9n azon a Putim-kapun mentem\u2026<\/em>&#8221; \u2013 ezt a dalt szinte minden cseh ismeri. \u00c9s most tal\u00e1n meglep: <strong>maga a kapu m\u00e1r r\u00e9g nem \u00e1ll<\/strong>. A tornyot 1812-ben lebontott\u00e1k, a t\u00f6bbi pedig 1836-ra t\u0171nt el. Megmaradt viszont a hely, ahol a kapu \u00e1llt, \u00e9s f\u0151leg a <strong>k\u00f6z\u00e9pkori v\u00e1rosfal<\/strong> egy darabja park\u00e1nnyal \u00e9s f\u00e9lk\u00f6r alak\u00fa b\u00e1sty\u00e1val, amely el\u00e9g impoz\u00e1ns terjedelemben fennmaradt.<\/p>\n\n\n\n<p class=\"wp-block-paragraph\">Innen egy kicsit od\u00e9bb, a Putim utca 154-es sz\u00e1m\u00fa h\u00e1z\u00e1nak homlokzat\u00e1n tal\u00e1lod a <strong>\u201ek\u00e9t kisl\u00e1ny&#8221;<\/strong> n\u00e9ven ismert domborm\u0171vet, kifaragott alakokat, amelyek \u00e1ll\u00edt\u00f3lag \u00e9pp arra a h\u00edres dalra utalnak. Az eg\u00e9sz helynek olyan nyugodt, kiss\u00e9 nosztalgikus hangulata van, amely lass\u00edt\u00e1sra k\u00e9sztet, m\u00e9g akkor is, ha gyakran j\u00e1rsz erre.<\/p>\n\n\n\n<h3 class=\"wp-block-heading\"><span class=\"ez-toc-section\" id=\"3_A_var_a_varosfal_es_a_Prachen_Muzeum\"><\/span>3. A v\u00e1r, a v\u00e1rosfal \u00e9s a Pr\u00e1che\u0148 M\u00fazeum<span class=\"ez-toc-section-end\"><\/span><\/h3>\n\n\n\n<figure data-wp-context=\"{&quot;imageId&quot;:&quot;6a952ed611d4a&quot;}\" data-wp-interactive=\"core\/image\" data-wp-key=\"6a952ed611d4a\" class=\"wp-block-image size-full wp-lightbox-container\"><img decoding=\"async\" width=\"2200\" height=\"1467\" data-wp-class--hide=\"state.isContentHidden\" data-wp-class--show=\"state.isContentVisible\" data-wp-init=\"callbacks.setButtonStyles\" data-wp-on--click=\"actions.showLightbox\" data-wp-on--load=\"callbacks.setButtonStyles\" data-wp-on--pointerdown=\"actions.preloadImage\" data-wp-on--pointerenter=\"actions.preloadImageWithDelay\" data-wp-on--pointerleave=\"actions.cancelPreload\" data-wp-on-window--resize=\"callbacks.setButtonStyles\" src=\"https:\/\/loudavymkrokem.cz\/wp-content\/uploads\/2026\/08\/pisek-hrad-hradby.jpg\" alt=\"A p\u00edseki v\u00e1r falai az Otava f\u00f6l\u00f6tt\" class=\"wp-image-399339\" title=\"\" srcset=\"https:\/\/loudavymkrokem.cz\/wp-content\/uploads\/2026\/08\/pisek-hrad-hradby.jpg 2200w, https:\/\/loudavymkrokem.cz\/wp-content\/uploads\/2026\/08\/pisek-hrad-hradby-300x200.jpg 300w, https:\/\/loudavymkrokem.cz\/wp-content\/uploads\/2026\/08\/pisek-hrad-hradby-700x467.jpg 700w, https:\/\/loudavymkrokem.cz\/wp-content\/uploads\/2026\/08\/pisek-hrad-hradby-768x512.jpg 768w, https:\/\/loudavymkrokem.cz\/wp-content\/uploads\/2026\/08\/pisek-hrad-hradby-1536x1024.jpg 1536w, https:\/\/loudavymkrokem.cz\/wp-content\/uploads\/2026\/08\/pisek-hrad-hradby-2048x1366.jpg 2048w, https:\/\/loudavymkrokem.cz\/wp-content\/uploads\/2026\/08\/pisek-hrad-hradby-696x464.jpg 696w, https:\/\/loudavymkrokem.cz\/wp-content\/uploads\/2026\/08\/pisek-hrad-hradby-1392x928.jpg 1392w, https:\/\/loudavymkrokem.cz\/wp-content\/uploads\/2026\/08\/pisek-hrad-hradby-1920x1280.jpg 1920w\" sizes=\"(max-width: 2200px) 100vw, 2200px\" \/><button\n\t\t\tclass=\"lightbox-trigger\"\n\t\t\ttype=\"button\"\n\t\t\taria-haspopup=\"dialog\"\n\t\t\tdata-wp-bind--aria-label=\"state.thisImage.triggerButtonAriaLabel\"\n\t\t\tdata-wp-init=\"callbacks.initTriggerButton\"\n\t\t\tdata-wp-on--click=\"actions.showLightbox\"\n\t\t\tdata-wp-style--right=\"state.thisImage.buttonRight\"\n\t\t\tdata-wp-style--top=\"state.thisImage.buttonTop\"\n\t\t>\n\t\t\t<svg xmlns=\"http:\/\/www.w3.org\/2000\/svg\" width=\"12\" height=\"12\" fill=\"none\" viewBox=\"0 0 12 12\">\n\t\t\t\t<path fill=\"#fff\" d=\"M2 0a2 2 0 0 0-2 2v2h1.5V2a.5.5 0 0 1 .5-.5h2V0H2Zm2 10.5H2a.5.5 0 0 1-.5-.5V8H0v2a2 2 0 0 0 2 2h2v-1.5ZM8 12v-1.5h2a.5.5 0 0 0 .5-.5V8H12v2a2 2 0 0 1-2 2H8Zm2-12a2 2 0 0 1 2 2v2h-1.5V2a.5.5 0 0 0-.5-.5H8V0h2Z\" \/>\n\t\t\t<\/svg>\n\t\t<\/button><\/figure>\n\n\n\n<p class=\"wp-block-paragraph\">A p\u00edseki v\u00e1r egyike azoknak a dolgoknak, amelyekr\u0151l a helyiek azt mondj\u00e1k, \u201eja, egy v\u00e1r&#8221;, a turist\u00e1k pedig t\u00e1tott sz\u00e1jjal \u00e1llnak meg. <strong>Kora g\u00f3tikus<\/strong>, <strong>II. P\u0159emysl Ottok\u00e1r<\/strong> \u00e9p\u00edttette, \u00e9s \u00fagy \u00e1ll egy sziklaormon az Otava f\u00f6l\u00f6tt, hogy bizonyos sz\u00f6gekb\u0151l \u00fagy t\u0171nik, egyenesen a szikl\u00e1b\u00f3l n\u0151tt ki. A termeiben ma a <strong>Pr\u00e1che\u0148 M\u00fazeum<\/strong> m\u0171k\u00f6dik, amely \u2013 \u00e9s most kapaszkodj meg \u2013 k\u00fcl\u00f6nd\u00edjat kapott a rangos European Museum of the Year versenyen. P\u00edseken! N\u00e9ha azon t\u0171n\u0151d\u00f6m, hogy az emberek egy\u00e1ltal\u00e1n \u00e9szrevett\u00e9k-e.<\/p>\n\n\n\n<p class=\"wp-block-paragraph\">A ki\u00e1ll\u00edt\u00e1sok meglep\u0151en v\u00e1ltozatosak. A r\u00e9g\u00e9szett\u0151l a k\u00f6z\u00e9pkori m\u0171v\u00e9szeten \u00e1t a n\u00e9prajzig. Engem szem\u00e9ly szerint mindig leny\u0171g\u00f6z a g\u00f3tikus lapid\u00e1rium, de ha gyerekekkel j\u00f6ssz, \u0151k ink\u00e1bb az interakt\u00edv r\u00e9szeket \u00e9lvezik. \u00c9s maga a v\u00e1r tere is \u00e9lm\u00e9ny \u2013 k\u0151termek, bolt\u00edves mennyezetek, folyos\u00f3k az er\u0151d\u00edtm\u00e9nyben.<\/p>\n\n\n\n<p class=\"wp-block-paragraph\"><strong>Gyakorlati inf\u00f3:<\/strong> Nyitvatart\u00e1s <strong>m\u00e1rcius\u2013szeptember 9:00\u201318:00<\/strong>, <strong>okt\u00f3ber\u2013december 9:00\u201317:00<\/strong>. Bel\u00e9p\u0151 <strong>feln\u0151tteknek 910 Ft (60 K\u010d)<\/strong>, <strong>gyerekeknek 450 Ft (30 K\u010d)<\/strong>, <strong>csal\u00e1di bel\u00e9p\u0151 2270 Ft (150 K\u010d)<\/strong>. Ennyi p\u00e9nz\u00e9rt ez a v\u00e1ros egyik legjobb \u00e1r-\u00e9lm\u00e9ny ar\u00e1nya.<\/p>\n\n\n\n<h3 class=\"wp-block-heading\"><span class=\"ez-toc-section\" id=\"4_Krizik_varosi_eromuve\"><\/span>4. K\u0159i\u017e\u00edk v\u00e1rosi er\u0151m\u0171ve<span class=\"ez-toc-section-end\"><\/span><\/h3>\n\n\n\n<figure data-wp-context=\"{&quot;imageId&quot;:&quot;6a952ed6122fc&quot;}\" data-wp-interactive=\"core\/image\" data-wp-key=\"6a952ed6122fc\" class=\"wp-block-image size-full wp-lightbox-container\"><img decoding=\"async\" width=\"2200\" height=\"1467\" data-wp-class--hide=\"state.isContentHidden\" data-wp-class--show=\"state.isContentVisible\" data-wp-init=\"callbacks.setButtonStyles\" data-wp-on--click=\"actions.showLightbox\" data-wp-on--load=\"callbacks.setButtonStyles\" data-wp-on--pointerdown=\"actions.preloadImage\" data-wp-on--pointerenter=\"actions.preloadImageWithDelay\" data-wp-on--pointerleave=\"actions.cancelPreload\" data-wp-on-window--resize=\"callbacks.setButtonStyles\" src=\"https:\/\/loudavymkrokem.cz\/wp-content\/uploads\/2026\/08\/pisek-krizikova-elektrarna.jpg\" alt=\"K\u0159i\u017e\u00edk v\u00e1rosi er\u0151m\u0171ve P\u00edseken\" class=\"wp-image-399347\" title=\"\" srcset=\"https:\/\/loudavymkrokem.cz\/wp-content\/uploads\/2026\/08\/pisek-krizikova-elektrarna.jpg 2200w, https:\/\/loudavymkrokem.cz\/wp-content\/uploads\/2026\/08\/pisek-krizikova-elektrarna-300x200.jpg 300w, https:\/\/loudavymkrokem.cz\/wp-content\/uploads\/2026\/08\/pisek-krizikova-elektrarna-700x467.jpg 700w, https:\/\/loudavymkrokem.cz\/wp-content\/uploads\/2026\/08\/pisek-krizikova-elektrarna-768x512.jpg 768w, https:\/\/loudavymkrokem.cz\/wp-content\/uploads\/2026\/08\/pisek-krizikova-elektrarna-1536x1024.jpg 1536w, https:\/\/loudavymkrokem.cz\/wp-content\/uploads\/2026\/08\/pisek-krizikova-elektrarna-2048x1366.jpg 2048w, https:\/\/loudavymkrokem.cz\/wp-content\/uploads\/2026\/08\/pisek-krizikova-elektrarna-696x464.jpg 696w, https:\/\/loudavymkrokem.cz\/wp-content\/uploads\/2026\/08\/pisek-krizikova-elektrarna-1392x928.jpg 1392w, https:\/\/loudavymkrokem.cz\/wp-content\/uploads\/2026\/08\/pisek-krizikova-elektrarna-1920x1280.jpg 1920w\" sizes=\"(max-width: 2200px) 100vw, 2200px\" \/><button\n\t\t\tclass=\"lightbox-trigger\"\n\t\t\ttype=\"button\"\n\t\t\taria-haspopup=\"dialog\"\n\t\t\tdata-wp-bind--aria-label=\"state.thisImage.triggerButtonAriaLabel\"\n\t\t\tdata-wp-init=\"callbacks.initTriggerButton\"\n\t\t\tdata-wp-on--click=\"actions.showLightbox\"\n\t\t\tdata-wp-style--right=\"state.thisImage.buttonRight\"\n\t\t\tdata-wp-style--top=\"state.thisImage.buttonTop\"\n\t\t>\n\t\t\t<svg xmlns=\"http:\/\/www.w3.org\/2000\/svg\" width=\"12\" height=\"12\" fill=\"none\" viewBox=\"0 0 12 12\">\n\t\t\t\t<path fill=\"#fff\" d=\"M2 0a2 2 0 0 0-2 2v2h1.5V2a.5.5 0 0 1 .5-.5h2V0H2Zm2 10.5H2a.5.5 0 0 1-.5-.5V8H0v2a2 2 0 0 0 2 2h2v-1.5ZM8 12v-1.5h2a.5.5 0 0 0 .5-.5V8H12v2a2 2 0 0 1-2 2H8Zm2-12a2 2 0 0 1 2 2v2h-1.5V2a.5.5 0 0 0-.5-.5H8V0h2Z\" \/>\n\t\t\t<\/svg>\n\t\t<\/button><\/figure>\n\n\n\n<p class=\"wp-block-paragraph\">Itt csal\u00f3d\u00e1st okozok: <strong>az er\u0151m\u0171 jelenleg z\u00e1rva van<\/strong>, \u00e9s \u00faj ki\u00e1ll\u00edt\u00e1s k\u00e9sz\u00fcl. Sz\u00f3val ha a program f\u0151 pontj\u00e1nak sz\u00e1ntad, v\u00e1rnod kell. De eml\u00edtenem kell, mert a t\u00f6rt\u00e9nete teljesen alapvet\u0151 ahhoz, hogy meg\u00e9rtsd, mi\u00e9rt olyan k\u00fcl\u00f6nleges v\u00e1ros P\u00edsek.<\/p>\n\n\n\n<p class=\"wp-block-paragraph\"><strong>1887-ben<\/strong> \u2013 teh\u00e1t egy \u00e9vvel a pr\u00e1gai \u017di\u017ekov er\u0151m\u0171 el\u0151tt \u2013 P\u00edseken felgyulladt <strong>Csehorsz\u00e1g els\u0151 \u00e1lland\u00f3 nyilv\u00e1nos elektromos k\u00f6zvil\u00e1g\u00edt\u00e1sa<\/strong>. Franti\u0161ek K\u0159i\u017e\u00edk, a cseh Edison, \u00e9ppen ezt a kis d\u00e9l-csehorsz\u00e1gi v\u00e1rosk\u00e1t v\u00e1lasztotta \u00fatt\u00f6r\u0151 k\u00eds\u00e9rlet\u00e9hez. K\u00e9pzeld el azt a kort: emberek a t\u00e9ren, akik eg\u00e9sz \u00e9let\u00fckben csak gyerty\u00e1t \u00e9s g\u00e1zl\u00e1mp\u00e1t ismertek, \u00e9s hirtelen felgyullad az elektromos f\u00e9ny. P\u00edsek megel\u0151zte Pr\u00e1g\u00e1t. Ez egy olyan t\u00e9ny, amit sosem unok meg.<\/p>\n\n\n\n<p class=\"wp-block-paragraph\">J\u00f3 h\u00edr a v\u00e9g\u00e9re: 2026 tavasz\u00e1n az er\u0151m\u0171be visszat\u00e9rtek a fel\u00faj\u00edtott Francis-turbin\u00e1k, \u00e9s a m\u0171eml\u00e9k m\u00e1just\u00f3l \u00fajra \u00e1ramot termel. Az \u00faj ki\u00e1ll\u00edt\u00e1s megnyit\u00e1sa m\u00e9g v\u00e1rat mag\u00e1ra, k\u00f6vesd a v\u00e1ros weboldal\u00e1t a friss inform\u00e1ci\u00f3k\u00e9rt.<\/p>\n\n\n\n<h3 class=\"wp-block-heading\"><span class=\"ez-toc-section\" id=\"5_Allami_menes\"><\/span>5. \u00c1llami m\u00e9nes<span class=\"ez-toc-section-end\"><\/span><\/h3>\n\n\n\n<figure data-wp-context=\"{&quot;imageId&quot;:&quot;6a952ed612803&quot;}\" data-wp-interactive=\"core\/image\" data-wp-key=\"6a952ed612803\" class=\"wp-block-image size-full wp-lightbox-container\"><img decoding=\"async\" width=\"1600\" height=\"1018\" data-wp-class--hide=\"state.isContentHidden\" data-wp-class--show=\"state.isContentVisible\" data-wp-init=\"callbacks.setButtonStyles\" data-wp-on--click=\"actions.showLightbox\" data-wp-on--load=\"callbacks.setButtonStyles\" data-wp-on--pointerdown=\"actions.preloadImage\" data-wp-on--pointerenter=\"actions.preloadImageWithDelay\" data-wp-on--pointerleave=\"actions.cancelPreload\" data-wp-on-window--resize=\"callbacks.setButtonStyles\" src=\"https:\/\/loudavymkrokem.cz\/wp-content\/uploads\/2026\/08\/zemsky-hrebcinec-pisek-letecky.jpg\" alt=\"L\u00e9gi felv\u00e9tel a p\u00edseki \u00e1llami m\u00e9nes ter\u00fclet\u00e9r\u0151l\" class=\"wp-image-399598\" title=\"\" srcset=\"https:\/\/loudavymkrokem.cz\/wp-content\/uploads\/2026\/08\/zemsky-hrebcinec-pisek-letecky.jpg 1600w, https:\/\/loudavymkrokem.cz\/wp-content\/uploads\/2026\/08\/zemsky-hrebcinec-pisek-letecky-300x191.jpg 300w, https:\/\/loudavymkrokem.cz\/wp-content\/uploads\/2026\/08\/zemsky-hrebcinec-pisek-letecky-700x445.jpg 700w, https:\/\/loudavymkrokem.cz\/wp-content\/uploads\/2026\/08\/zemsky-hrebcinec-pisek-letecky-768x489.jpg 768w, https:\/\/loudavymkrokem.cz\/wp-content\/uploads\/2026\/08\/zemsky-hrebcinec-pisek-letecky-1536x977.jpg 1536w, https:\/\/loudavymkrokem.cz\/wp-content\/uploads\/2026\/08\/zemsky-hrebcinec-pisek-letecky-696x443.jpg 696w, https:\/\/loudavymkrokem.cz\/wp-content\/uploads\/2026\/08\/zemsky-hrebcinec-pisek-letecky-1392x886.jpg 1392w\" sizes=\"(max-width: 1600px) 100vw, 1600px\" \/><button\n\t\t\tclass=\"lightbox-trigger\"\n\t\t\ttype=\"button\"\n\t\t\taria-haspopup=\"dialog\"\n\t\t\tdata-wp-bind--aria-label=\"state.thisImage.triggerButtonAriaLabel\"\n\t\t\tdata-wp-init=\"callbacks.initTriggerButton\"\n\t\t\tdata-wp-on--click=\"actions.showLightbox\"\n\t\t\tdata-wp-style--right=\"state.thisImage.buttonRight\"\n\t\t\tdata-wp-style--top=\"state.thisImage.buttonTop\"\n\t\t>\n\t\t\t<svg xmlns=\"http:\/\/www.w3.org\/2000\/svg\" width=\"12\" height=\"12\" fill=\"none\" viewBox=\"0 0 12 12\">\n\t\t\t\t<path fill=\"#fff\" d=\"M2 0a2 2 0 0 0-2 2v2h1.5V2a.5.5 0 0 1 .5-.5h2V0H2Zm2 10.5H2a.5.5 0 0 1-.5-.5V8H0v2a2 2 0 0 0 2 2h2v-1.5ZM8 12v-1.5h2a.5.5 0 0 0 .5-.5V8H12v2a2 2 0 0 1-2 2H8Zm2-12a2 2 0 0 1 2 2v2h-1.5V2a.5.5 0 0 0-.5-.5H8V0h2Z\" \/>\n\t\t\t<\/svg>\n\t\t<\/button><\/figure>\n\n\n\n<p class=\"wp-block-paragraph\">Ha van egy hely P\u00edseken, ahov\u00e1 minden vend\u00e9gemet elk\u00fclden\u00e9m, az a <strong>m\u00e9nes<\/strong>. Nem csak a lovak miatt (b\u00e1r azok gy\u00f6ny\u00f6r\u0171ek), hanem maga a ter\u00fclet miatt. A <strong>Tudor-st\u00edlus\u00fa<\/strong> \u00e9p\u00edtm\u00e9ny, igen, P\u00edseken, D\u00e9l-Csehorsz\u00e1gban, \u00fagy n\u00e9z ki, mintha valahov\u00e1 az angol vid\u00e9kre ker\u00fclt\u00e9l volna. <strong>Nemzeti kultur\u00e1lis m\u0171eml\u00e9k<\/strong>, \u00e9s eg\u00e9sz Eur\u00f3pa egyik legszebb m\u00e9nese.<\/p>\n\n\n\n<p class=\"wp-block-paragraph\">\u00c9s most egy csemege a t\u00f6rt\u00e9nelemkedvel\u0151knek: egy <strong>Ardo<\/strong> nev\u0171 m\u00e9n, amely itt \u00e9lt, a hagyom\u00e1ny szerint <strong>modell\u00fcl szolg\u00e1lt Szent Vencel szobr\u00e1hoz<\/strong> a pr\u00e1gai Vencel t\u00e9ren. Sz\u00f3val valah\u00e1nyszor elm\u00e9sz a szobor mellett, <strong>tudd, hogy az a l\u00f3 val\u00f3j\u00e1ban p\u00edseki.<\/strong> \ud83d\ude04<\/p>\n\n\n\n<p class=\"wp-block-paragraph\">A <strong>vezetett t\u00far\u00e1k 1\u20131,5 \u00f3r\u00e1n \u00e1t tartanak<\/strong>, egy idegenvezet\u0151 v\u00e9gigvezet az ist\u00e1ll\u00f3kon, a lovard\u00e1n \u00e9s a t\u00f6rt\u00e9nelmi termeken. Bel\u00e9p\u0151 <strong>feln\u0151tteknek 2270 Ft (150 K\u010d)<\/strong>, <strong>gyerekeknek 1510 Ft (100 K\u010d)<\/strong>. \u00c9s most egy fontos figyelmeztet\u00e9s, amely megk\u00edm\u00e9l a p\u00e9nzt\u00e1rn\u00e1l a bossz\u00fas\u00e1gt\u00f3l: <strong>KIZ\u00c1R\u00d3LAG K\u00c9SZP\u00c9NZT fogadnak el!<\/strong> Semmi k\u00e1rtya, semmi mobil. Vigy\u00e9l magaddal apr\u00f3t.<\/p>\n\n\n\n<h3 class=\"wp-block-heading\"><span class=\"ez-toc-section\" id=\"6_Szuz_Maria_szuletese_templom\"><\/span>6. Sz\u0171z M\u00e1ria sz\u00fclet\u00e9se templom<span class=\"ez-toc-section-end\"><\/span><\/h3>\n\n\n\n<figure data-wp-context=\"{&quot;imageId&quot;:&quot;6a952ed612e0d&quot;}\" data-wp-interactive=\"core\/image\" data-wp-key=\"6a952ed612e0d\" class=\"wp-block-image size-full wp-lightbox-container\"><img decoding=\"async\" width=\"2200\" height=\"1467\" data-wp-class--hide=\"state.isContentHidden\" data-wp-class--show=\"state.isContentVisible\" data-wp-init=\"callbacks.setButtonStyles\" data-wp-on--click=\"actions.showLightbox\" data-wp-on--load=\"callbacks.setButtonStyles\" data-wp-on--pointerdown=\"actions.preloadImage\" data-wp-on--pointerenter=\"actions.preloadImageWithDelay\" data-wp-on--pointerleave=\"actions.cancelPreload\" data-wp-on-window--resize=\"callbacks.setButtonStyles\" src=\"https:\/\/loudavymkrokem.cz\/wp-content\/uploads\/2026\/08\/pisek-kostel-narozeni-panny-marie.jpg\" alt=\"A g\u00f3tikus Sz\u0171z M\u00e1ria sz\u00fclet\u00e9se templom P\u00edseken\" class=\"wp-image-399350\" title=\"\" srcset=\"https:\/\/loudavymkrokem.cz\/wp-content\/uploads\/2026\/08\/pisek-kostel-narozeni-panny-marie.jpg 2200w, https:\/\/loudavymkrokem.cz\/wp-content\/uploads\/2026\/08\/pisek-kostel-narozeni-panny-marie-300x200.jpg 300w, https:\/\/loudavymkrokem.cz\/wp-content\/uploads\/2026\/08\/pisek-kostel-narozeni-panny-marie-700x467.jpg 700w, https:\/\/loudavymkrokem.cz\/wp-content\/uploads\/2026\/08\/pisek-kostel-narozeni-panny-marie-768x512.jpg 768w, https:\/\/loudavymkrokem.cz\/wp-content\/uploads\/2026\/08\/pisek-kostel-narozeni-panny-marie-1536x1024.jpg 1536w, https:\/\/loudavymkrokem.cz\/wp-content\/uploads\/2026\/08\/pisek-kostel-narozeni-panny-marie-2048x1366.jpg 2048w, https:\/\/loudavymkrokem.cz\/wp-content\/uploads\/2026\/08\/pisek-kostel-narozeni-panny-marie-696x464.jpg 696w, https:\/\/loudavymkrokem.cz\/wp-content\/uploads\/2026\/08\/pisek-kostel-narozeni-panny-marie-1392x928.jpg 1392w, https:\/\/loudavymkrokem.cz\/wp-content\/uploads\/2026\/08\/pisek-kostel-narozeni-panny-marie-1920x1280.jpg 1920w\" sizes=\"(max-width: 2200px) 100vw, 2200px\" \/><button\n\t\t\tclass=\"lightbox-trigger\"\n\t\t\ttype=\"button\"\n\t\t\taria-haspopup=\"dialog\"\n\t\t\tdata-wp-bind--aria-label=\"state.thisImage.triggerButtonAriaLabel\"\n\t\t\tdata-wp-init=\"callbacks.initTriggerButton\"\n\t\t\tdata-wp-on--click=\"actions.showLightbox\"\n\t\t\tdata-wp-style--right=\"state.thisImage.buttonRight\"\n\t\t\tdata-wp-style--top=\"state.thisImage.buttonTop\"\n\t\t>\n\t\t\t<svg xmlns=\"http:\/\/www.w3.org\/2000\/svg\" width=\"12\" height=\"12\" fill=\"none\" viewBox=\"0 0 12 12\">\n\t\t\t\t<path fill=\"#fff\" d=\"M2 0a2 2 0 0 0-2 2v2h1.5V2a.5.5 0 0 1 .5-.5h2V0H2Zm2 10.5H2a.5.5 0 0 1-.5-.5V8H0v2a2 2 0 0 0 2 2h2v-1.5ZM8 12v-1.5h2a.5.5 0 0 0 .5-.5V8H12v2a2 2 0 0 1-2 2H8Zm2-12a2 2 0 0 1 2 2v2h-1.5V2a.5.5 0 0 0-.5-.5H8V0h2Z\" \/>\n\t\t\t<\/svg>\n\t\t<\/button><\/figure>\n\n\n\n<p class=\"wp-block-paragraph\">Ennek a templomnak a tornya olyan jelk\u00e9p, amelyet P\u00edseken szinte mindenhonnan l\u00e1tsz \u2013 a torony t\u00f6bb mint 70 m\u00e9ter magas, a kil\u00e1t\u00f3erk\u00e9ly <strong>42 m\u00e9teren<\/strong> van, aki nem f\u00e9l, felm\u00e1szik <strong>210 l\u00e9pcs\u0151fokon<\/strong>. A v\u00e1rosra \u00e9s a k\u00f6rny\u00e9kre ny\u00edl\u00f3 kil\u00e1t\u00e1s meg\u00e9ri a kifullad\u00e1st, ezt garant\u00e1lom. De a leg\u00e9rdekesebb dolog ezen a templomon a <strong>torony\u00f3ra<\/strong>. N\u00e9zd meg j\u00f3l, valami nem lesz rendj\u00e9n.<\/p>\n\n\n\n<p class=\"wp-block-paragraph\">R\u00e1j\u00f6ssz? <strong>A kismutat\u00f3 a perceket, a nagymutat\u00f3 az \u00f3r\u00e1kat mutatja.<\/strong> Pontosan ford\u00edtva, mint ahogy megszoktad. Senki sem tudja pontosan, mi\u00e9rt, t\u00f6bb elm\u00e9let is van, de az eredm\u00e9ny az, hogy szinte minden turista \u00e9rtetlen\u00fcl n\u00e9zi az \u00f3r\u00e1t, a helyiek meg csendben mosolyognak rajta. A helyiek gener\u00e1ci\u00f3k \u00f3ta sz\u00f3rakoznak ezen. \u00c9s m\u00e9g egy apr\u00f3 \u00e9rdekess\u00e9g? Ha a megfelel\u0151 sz\u00f6gb\u0151l n\u00e9zed az \u00f3r\u00e1t, felismersz benne egy baglyot.<\/p>\n\n\n\n<p class=\"wp-block-paragraph\"><strong>Fontos:<\/strong> A toronyba <strong>csak el\u0151zetes foglal\u00e1ssal<\/strong> juthatsz fel, sz\u00f3val tervezd el\u0151re. Az inform\u00e1ci\u00f3t a v\u00e1rosi inform\u00e1ci\u00f3s k\u00f6zpontban kapod meg.<\/p>\n\n\n\n<h3 class=\"wp-block-heading\"><span class=\"ez-toc-section\" id=\"7_A_Nagy_ter_es_az_Ales_ter_a_Botlatokovekkel\"><\/span>7. A Nagy t\u00e9r \u00e9s az Ale\u0161 t\u00e9r a Botlat\u00f3k\u00f6vekkel<span class=\"ez-toc-section-end\"><\/span><\/h3>\n\n\n\n<figure data-wp-context=\"{&quot;imageId&quot;:&quot;6a952ed613602&quot;}\" data-wp-interactive=\"core\/image\" data-wp-key=\"6a952ed613602\" class=\"wp-block-image size-full wp-lightbox-container\"><img decoding=\"async\" width=\"2200\" height=\"1467\" data-wp-class--hide=\"state.isContentHidden\" data-wp-class--show=\"state.isContentVisible\" data-wp-init=\"callbacks.setButtonStyles\" data-wp-on--click=\"actions.showLightbox\" data-wp-on--load=\"callbacks.setButtonStyles\" data-wp-on--pointerdown=\"actions.preloadImage\" data-wp-on--pointerenter=\"actions.preloadImageWithDelay\" data-wp-on--pointerleave=\"actions.cancelPreload\" data-wp-on-window--resize=\"callbacks.setButtonStyles\" src=\"https:\/\/loudavymkrokem.cz\/wp-content\/uploads\/2026\/08\/pisek-velke-namesti-vez-kostela.jpg\" alt=\"A Nagy t\u00e9r P\u00edseken a Sz\u0171z M\u00e1ria sz\u00fclet\u00e9se templom torny\u00e1val\" class=\"wp-image-399352\" title=\"\" srcset=\"https:\/\/loudavymkrokem.cz\/wp-content\/uploads\/2026\/08\/pisek-velke-namesti-vez-kostela.jpg 2200w, https:\/\/loudavymkrokem.cz\/wp-content\/uploads\/2026\/08\/pisek-velke-namesti-vez-kostela-300x200.jpg 300w, https:\/\/loudavymkrokem.cz\/wp-content\/uploads\/2026\/08\/pisek-velke-namesti-vez-kostela-700x467.jpg 700w, https:\/\/loudavymkrokem.cz\/wp-content\/uploads\/2026\/08\/pisek-velke-namesti-vez-kostela-768x512.jpg 768w, https:\/\/loudavymkrokem.cz\/wp-content\/uploads\/2026\/08\/pisek-velke-namesti-vez-kostela-1536x1024.jpg 1536w, https:\/\/loudavymkrokem.cz\/wp-content\/uploads\/2026\/08\/pisek-velke-namesti-vez-kostela-2048x1366.jpg 2048w, https:\/\/loudavymkrokem.cz\/wp-content\/uploads\/2026\/08\/pisek-velke-namesti-vez-kostela-696x464.jpg 696w, https:\/\/loudavymkrokem.cz\/wp-content\/uploads\/2026\/08\/pisek-velke-namesti-vez-kostela-1392x928.jpg 1392w, https:\/\/loudavymkrokem.cz\/wp-content\/uploads\/2026\/08\/pisek-velke-namesti-vez-kostela-1920x1280.jpg 1920w\" sizes=\"(max-width: 2200px) 100vw, 2200px\" \/><button\n\t\t\tclass=\"lightbox-trigger\"\n\t\t\ttype=\"button\"\n\t\t\taria-haspopup=\"dialog\"\n\t\t\tdata-wp-bind--aria-label=\"state.thisImage.triggerButtonAriaLabel\"\n\t\t\tdata-wp-init=\"callbacks.initTriggerButton\"\n\t\t\tdata-wp-on--click=\"actions.showLightbox\"\n\t\t\tdata-wp-style--right=\"state.thisImage.buttonRight\"\n\t\t\tdata-wp-style--top=\"state.thisImage.buttonTop\"\n\t\t>\n\t\t\t<svg xmlns=\"http:\/\/www.w3.org\/2000\/svg\" width=\"12\" height=\"12\" fill=\"none\" viewBox=\"0 0 12 12\">\n\t\t\t\t<path fill=\"#fff\" d=\"M2 0a2 2 0 0 0-2 2v2h1.5V2a.5.5 0 0 1 .5-.5h2V0H2Zm2 10.5H2a.5.5 0 0 1-.5-.5V8H0v2a2 2 0 0 0 2 2h2v-1.5ZM8 12v-1.5h2a.5.5 0 0 0 .5-.5V8H12v2a2 2 0 0 1-2 2H8Zm2-12a2 2 0 0 1 2 2v2h-1.5V2a.5.5 0 0 0-.5-.5H8V0h2Z\" \/>\n\t\t\t<\/svg>\n\t\t<\/button><\/figure>\n\n\n\n<p class=\"wp-block-paragraph\">P\u00edsek k\u00e9t f\u0151 tere \u00f6ssze van k\u00f6tve, \u00e9s a v\u00e1ros sz\u00edv\u00e9t alkotja: a Nagy t\u00e9r a reprezentat\u00edv, v\u00e1rosh\u00e1z\u00e1val \u00e9s sz\u00f6k\u0151k\u00fattal, az Ale\u0161 t\u00e9r nyugodtabb, k\u00f6nyvt\u00e1rral \u00e9s f\u00e1kkal. S\u00e9t\u00e1lgatni b\u00e1rmikor kellemes rajtuk, de szeretn\u00e9m felh\u00edvni a figyelmed egy dologra, amelyet k\u00f6nnyen eln\u00e9zel, ha nem tudsz r\u00f3la.<\/p>\n\n\n\n<p class=\"wp-block-paragraph\">P\u00edsek belv\u00e1ros\u00e1nak j\u00e1rd\u00e1in megtal\u00e1lod a <strong>Botlat\u00f3k\u00f6veket<\/strong>, az \u00fagynevezett <strong>Stolperstein\u00e9ket<\/strong>. Ezek kis <strong>s\u00e1rgar\u00e9z t\u00e1bl\u00e1csk\u00e1k<\/strong> a k\u00f6vezetbe illesztve, mindegyiken egy-egy ember neve, sz\u00fclet\u00e9si d\u00e1tuma \u00e9s sorsa, aki azon a helyen \u00e9lt, \u00e9s a holokauszt \u00e1ldozata lett. Megtal\u00e1lod \u0151ket a <strong>Heyduk utc\u00e1ban, a \u017di\u017eka sug\u00e1r\u00faton \u00e9s a Nagy t\u00e9ren is<\/strong>.<\/p>\n\n\n\n<p class=\"wp-block-paragraph\">Valah\u00e1nyszor elmegyek mellett\u00fck, egy pillanatra meg\u00e1llok. R\u00e1k\u00e9nyszer\u00edtenek, hogy tudatos\u00edtsd: ezek nem csak nevek egy tank\u00f6nyvb\u0151l. Szomsz\u00e9dok, keresked\u0151k, emberek voltak, akik ugyanazokon az utc\u00e1kon j\u00e1rtak, mint mi ma. Csendes, m\u00e9lt\u00f3s\u00e1gteljes eml\u00e9keztet\u0151, \u00e9s szerintem senki sem hagyhatja el a szem\u00e9t, aki P\u00edseket megl\u00e1togatja.<\/p>\n\n\n\n<h3 class=\"wp-block-heading\"><span class=\"ez-toc-section\" id=\"8_Maria-pestisoszlop_az_Ales_teren\"><\/span>8. M\u00e1ria-pestisoszlop az Ale\u0161 t\u00e9ren<span class=\"ez-toc-section-end\"><\/span><\/h3>\n\n\n\n<figure data-wp-context=\"{&quot;imageId&quot;:&quot;6a952ed613d04&quot;}\" data-wp-interactive=\"core\/image\" data-wp-key=\"6a952ed613d04\" class=\"wp-block-image size-full wp-lightbox-container\"><img decoding=\"async\" width=\"2200\" height=\"1467\" data-wp-class--hide=\"state.isContentHidden\" data-wp-class--show=\"state.isContentVisible\" data-wp-init=\"callbacks.setButtonStyles\" data-wp-on--click=\"actions.showLightbox\" data-wp-on--load=\"callbacks.setButtonStyles\" data-wp-on--pointerdown=\"actions.preloadImage\" data-wp-on--pointerenter=\"actions.preloadImageWithDelay\" data-wp-on--pointerleave=\"actions.cancelPreload\" data-wp-on-window--resize=\"callbacks.setButtonStyles\" src=\"https:\/\/loudavymkrokem.cz\/wp-content\/uploads\/2026\/08\/pisek-marianske-sousosi-alsovo-namesti.jpg\" alt=\"M\u00e1ria-pestisoszlop az Ale\u0161 t\u00e9ren P\u00edseken\" class=\"wp-image-399355\" title=\"\" srcset=\"https:\/\/loudavymkrokem.cz\/wp-content\/uploads\/2026\/08\/pisek-marianske-sousosi-alsovo-namesti.jpg 2200w, https:\/\/loudavymkrokem.cz\/wp-content\/uploads\/2026\/08\/pisek-marianske-sousosi-alsovo-namesti-300x200.jpg 300w, https:\/\/loudavymkrokem.cz\/wp-content\/uploads\/2026\/08\/pisek-marianske-sousosi-alsovo-namesti-700x467.jpg 700w, https:\/\/loudavymkrokem.cz\/wp-content\/uploads\/2026\/08\/pisek-marianske-sousosi-alsovo-namesti-768x512.jpg 768w, https:\/\/loudavymkrokem.cz\/wp-content\/uploads\/2026\/08\/pisek-marianske-sousosi-alsovo-namesti-1536x1024.jpg 1536w, https:\/\/loudavymkrokem.cz\/wp-content\/uploads\/2026\/08\/pisek-marianske-sousosi-alsovo-namesti-2048x1366.jpg 2048w, https:\/\/loudavymkrokem.cz\/wp-content\/uploads\/2026\/08\/pisek-marianske-sousosi-alsovo-namesti-696x464.jpg 696w, https:\/\/loudavymkrokem.cz\/wp-content\/uploads\/2026\/08\/pisek-marianske-sousosi-alsovo-namesti-1392x928.jpg 1392w, https:\/\/loudavymkrokem.cz\/wp-content\/uploads\/2026\/08\/pisek-marianske-sousosi-alsovo-namesti-1920x1280.jpg 1920w\" sizes=\"(max-width: 2200px) 100vw, 2200px\" \/><button\n\t\t\tclass=\"lightbox-trigger\"\n\t\t\ttype=\"button\"\n\t\t\taria-haspopup=\"dialog\"\n\t\t\tdata-wp-bind--aria-label=\"state.thisImage.triggerButtonAriaLabel\"\n\t\t\tdata-wp-init=\"callbacks.initTriggerButton\"\n\t\t\tdata-wp-on--click=\"actions.showLightbox\"\n\t\t\tdata-wp-style--right=\"state.thisImage.buttonRight\"\n\t\t\tdata-wp-style--top=\"state.thisImage.buttonTop\"\n\t\t>\n\t\t\t<svg xmlns=\"http:\/\/www.w3.org\/2000\/svg\" width=\"12\" height=\"12\" fill=\"none\" viewBox=\"0 0 12 12\">\n\t\t\t\t<path fill=\"#fff\" d=\"M2 0a2 2 0 0 0-2 2v2h1.5V2a.5.5 0 0 1 .5-.5h2V0H2Zm2 10.5H2a.5.5 0 0 1-.5-.5V8H0v2a2 2 0 0 0 2 2h2v-1.5ZM8 12v-1.5h2a.5.5 0 0 0 .5-.5V8H12v2a2 2 0 0 1-2 2H8Zm2-12a2 2 0 0 1 2 2v2h-1.5V2a.5.5 0 0 0-.5-.5H8V0h2Z\" \/>\n\t\t\t<\/svg>\n\t\t<\/button><\/figure>\n\n\n\n<p class=\"wp-block-paragraph\">Az Ale\u0161 t\u00e9ren \u00e1ll egy <strong>barokk pestisoszlop az 1713\u20131714-es \u00e9vekb\u0151l<\/strong>, amelyet a v\u00e1ros a pestisj\u00e1rv\u00e1ny elh\u00e1r\u00edt\u00e1s\u00e1\u00e9rt val\u00f3 h\u00e1l\u00e1b\u00f3l \u00e1ll\u00edttatott. A tetej\u00e9n <strong>Sz\u0171z M\u00e1ria<\/strong>, alatta <strong>10 szent<\/strong>: a pestis elleni v\u00e9d\u0151szentek, a v\u00e1ros oltalmaz\u00f3i. Alkot\u00f3ja <strong>Christian Widemann<\/strong> szobr\u00e1sz, \u00e9s az eg\u00e9sz kompoz\u00edci\u00f3 meglep\u0151en dinamikus \u00e9s r\u00e9szletgazdag ahhoz k\u00e9pest, milyen kicsi ez a t\u00e9r val\u00f3j\u00e1ban.<\/p>\n\n\n\n<p class=\"wp-block-paragraph\">Ha szereted a barokkot, ez D\u00e9l-Csehorsz\u00e1g egyik szebb pestisoszlopa. \u00c9s ha a barokk nem is a te m\u0171fajod, legal\u00e1bb \u00e1llj meg n\u00e1la \u2013 a r\u00e9gi szoborcsoport \u00e9s a k\u00f6r\u00fcl\u00f6tte l\u00e9v\u0151 k\u00e1v\u00e9z\u00f3k kontrasztj\u00e1nak megvan a maga var\u00e1zsa.<\/p>\n\n\n\n<h3 class=\"wp-block-heading\"><span class=\"ez-toc-section\" id=\"9_A_laktanya\"><\/span>9. A laktanya<span class=\"ez-toc-section-end\"><\/span><\/h3>\n\n\n\n<p class=\"wp-block-paragraph\">Az egykori <strong>\u017di\u017eka-laktanya<\/strong> a \u017di\u017eka sug\u00e1r\u00faton <strong>m\u0171eml\u00e9kv\u00e9delem alatt \u00e1ll<\/strong>, \u00e9s fokozatosan \u00e1talakul. Nem hazudok neked \u2013 nem az a hely, ahov\u00e1 c\u00e9lzottan k\u00e9t \u00f3r\u00e1ra menn\u00e9l, de ha v\u00e9gigm\u00e9sz a \u017di\u017eka sug\u00e1r\u00faton, vedd \u00e9szre azokat a hatalmas \u00e9p\u00fcleteket, \u00e9s k\u00e9pzeld el, h\u00e1ny katona ment \u00e1t itt az \u00e9vsz\u00e1zadok sor\u00e1n. P\u00edseknek mindig is er\u0151s katonai hagyom\u00e1nya volt, \u00e9s ez a laktanya ennek k\u00e9zzelfoghat\u00f3 eml\u00e9ke.<\/p>\n\n\n\n<h3 class=\"wp-block-heading\"><span class=\"ez-toc-section\" id=\"10_Varoshaza\"><\/span>10. V\u00e1rosh\u00e1za<span class=\"ez-toc-section-end\"><\/span><\/h3>\n\n\n\n<figure data-wp-context=\"{&quot;imageId&quot;:&quot;6a952ed6145d7&quot;}\" data-wp-interactive=\"core\/image\" data-wp-key=\"6a952ed6145d7\" class=\"wp-block-image size-full wp-lightbox-container\"><img decoding=\"async\" width=\"2200\" height=\"1467\" data-wp-class--hide=\"state.isContentHidden\" data-wp-class--show=\"state.isContentVisible\" data-wp-init=\"callbacks.setButtonStyles\" data-wp-on--click=\"actions.showLightbox\" data-wp-on--load=\"callbacks.setButtonStyles\" data-wp-on--pointerdown=\"actions.preloadImage\" data-wp-on--pointerenter=\"actions.preloadImageWithDelay\" data-wp-on--pointerleave=\"actions.cancelPreload\" data-wp-on-window--resize=\"callbacks.setButtonStyles\" src=\"https:\/\/loudavymkrokem.cz\/wp-content\/uploads\/2026\/08\/pisek-radnice-veze.jpg\" alt=\"A k\u00e9ttorny\u00fa barokk v\u00e1rosh\u00e1za a Nagy t\u00e9ren P\u00edseken\" class=\"wp-image-399357\" title=\"\" srcset=\"https:\/\/loudavymkrokem.cz\/wp-content\/uploads\/2026\/08\/pisek-radnice-veze.jpg 2200w, https:\/\/loudavymkrokem.cz\/wp-content\/uploads\/2026\/08\/pisek-radnice-veze-300x200.jpg 300w, https:\/\/loudavymkrokem.cz\/wp-content\/uploads\/2026\/08\/pisek-radnice-veze-700x467.jpg 700w, https:\/\/loudavymkrokem.cz\/wp-content\/uploads\/2026\/08\/pisek-radnice-veze-768x512.jpg 768w, https:\/\/loudavymkrokem.cz\/wp-content\/uploads\/2026\/08\/pisek-radnice-veze-1536x1024.jpg 1536w, https:\/\/loudavymkrokem.cz\/wp-content\/uploads\/2026\/08\/pisek-radnice-veze-2048x1366.jpg 2048w, https:\/\/loudavymkrokem.cz\/wp-content\/uploads\/2026\/08\/pisek-radnice-veze-696x464.jpg 696w, https:\/\/loudavymkrokem.cz\/wp-content\/uploads\/2026\/08\/pisek-radnice-veze-1392x928.jpg 1392w, https:\/\/loudavymkrokem.cz\/wp-content\/uploads\/2026\/08\/pisek-radnice-veze-1920x1280.jpg 1920w\" sizes=\"(max-width: 2200px) 100vw, 2200px\" \/><button\n\t\t\tclass=\"lightbox-trigger\"\n\t\t\ttype=\"button\"\n\t\t\taria-haspopup=\"dialog\"\n\t\t\tdata-wp-bind--aria-label=\"state.thisImage.triggerButtonAriaLabel\"\n\t\t\tdata-wp-init=\"callbacks.initTriggerButton\"\n\t\t\tdata-wp-on--click=\"actions.showLightbox\"\n\t\t\tdata-wp-style--right=\"state.thisImage.buttonRight\"\n\t\t\tdata-wp-style--top=\"state.thisImage.buttonTop\"\n\t\t>\n\t\t\t<svg xmlns=\"http:\/\/www.w3.org\/2000\/svg\" width=\"12\" height=\"12\" fill=\"none\" viewBox=\"0 0 12 12\">\n\t\t\t\t<path fill=\"#fff\" d=\"M2 0a2 2 0 0 0-2 2v2h1.5V2a.5.5 0 0 1 .5-.5h2V0H2Zm2 10.5H2a.5.5 0 0 1-.5-.5V8H0v2a2 2 0 0 0 2 2h2v-1.5ZM8 12v-1.5h2a.5.5 0 0 0 .5-.5V8H12v2a2 2 0 0 1-2 2H8Zm2-12a2 2 0 0 1 2 2v2h-1.5V2a.5.5 0 0 0-.5-.5H8V0h2Z\" \/>\n\t\t\t<\/svg>\n\t\t<\/button><\/figure>\n\n\n\n<p class=\"wp-block-paragraph\">A Nagy t\u00e9ren \u00e1ll\u00f3 <strong>barokk v\u00e1rosh\u00e1za<\/strong> az <strong>1740\u20131767-es \u00e9vekben<\/strong> \u00e9p\u00fclt, \u00e9s a <strong>hagymakupol\u00e1s tornya<\/strong> a v\u00e1ros egyik legfotog\u00e9nebb sziluettje. A toronyb\u00f3l id\u0151nk\u00e9nt megny\u00edlik a <strong>kil\u00e1t\u00f3<\/strong>, ahonnan sz\u00e9p kil\u00e1t\u00e1s ny\u00edlik a t\u00e9rre, a v\u00e1ros tet\u0151ire, tiszta id\u0151ben pedig a \u0160umava t\u00e1voli dombjaira is.<\/p>\n\n\n\n<p class=\"wp-block-paragraph\">Maga a v\u00e1rosh\u00e1za m\u00e9g mindig m\u0171k\u00f6dik, itt van a v\u00e1rosi hivatal sz\u00e9khelye, \u00edgy csak \u00fagy nem n\u00e9zhetsz be, de a k\u00fclseje gy\u00f6ny\u00f6r\u0171. Az a meleg s\u00e1rga homlokzat\u00e1rnyalat, a barokk oromzatok, a torony\u00f3ra&#8230; Valah\u00e1nyszor \u00e1tmegyek a t\u00e9ren, automatikusan r\u00e1n\u00e9zek.<\/p>\n\n\n\n<h3 class=\"wp-block-heading\"><span class=\"ez-toc-section\" id=\"11_Szent_Kereszt_felmagasztalasa_templom\"><\/span>11. Szent Kereszt felmagasztal\u00e1sa templom<span class=\"ez-toc-section-end\"><\/span><\/h3>\n\n\n\n<figure data-wp-context=\"{&quot;imageId&quot;:&quot;6a952ed614a61&quot;}\" data-wp-interactive=\"core\/image\" data-wp-key=\"6a952ed614a61\" class=\"wp-block-image size-full wp-lightbox-container\"><img decoding=\"async\" width=\"2200\" height=\"1467\" data-wp-class--hide=\"state.isContentHidden\" data-wp-class--show=\"state.isContentVisible\" data-wp-init=\"callbacks.setButtonStyles\" data-wp-on--click=\"actions.showLightbox\" data-wp-on--load=\"callbacks.setButtonStyles\" data-wp-on--pointerdown=\"actions.preloadImage\" data-wp-on--pointerenter=\"actions.preloadImageWithDelay\" data-wp-on--pointerleave=\"actions.cancelPreload\" data-wp-on-window--resize=\"callbacks.setButtonStyles\" src=\"https:\/\/loudavymkrokem.cz\/wp-content\/uploads\/2026\/08\/pisek-kostel-povyseni-sv-krize.jpg\" alt=\"A Szent Kereszt felmagasztal\u00e1sa templom P\u00edseken sgraffit\u00f3s homlokzattal\" class=\"wp-image-399359\" title=\"\" srcset=\"https:\/\/loudavymkrokem.cz\/wp-content\/uploads\/2026\/08\/pisek-kostel-povyseni-sv-krize.jpg 2200w, https:\/\/loudavymkrokem.cz\/wp-content\/uploads\/2026\/08\/pisek-kostel-povyseni-sv-krize-300x200.jpg 300w, https:\/\/loudavymkrokem.cz\/wp-content\/uploads\/2026\/08\/pisek-kostel-povyseni-sv-krize-700x467.jpg 700w, https:\/\/loudavymkrokem.cz\/wp-content\/uploads\/2026\/08\/pisek-kostel-povyseni-sv-krize-768x512.jpg 768w, https:\/\/loudavymkrokem.cz\/wp-content\/uploads\/2026\/08\/pisek-kostel-povyseni-sv-krize-1536x1024.jpg 1536w, https:\/\/loudavymkrokem.cz\/wp-content\/uploads\/2026\/08\/pisek-kostel-povyseni-sv-krize-2048x1366.jpg 2048w, https:\/\/loudavymkrokem.cz\/wp-content\/uploads\/2026\/08\/pisek-kostel-povyseni-sv-krize-696x464.jpg 696w, https:\/\/loudavymkrokem.cz\/wp-content\/uploads\/2026\/08\/pisek-kostel-povyseni-sv-krize-1392x928.jpg 1392w, https:\/\/loudavymkrokem.cz\/wp-content\/uploads\/2026\/08\/pisek-kostel-povyseni-sv-krize-1920x1280.jpg 1920w\" sizes=\"(max-width: 2200px) 100vw, 2200px\" \/><button\n\t\t\tclass=\"lightbox-trigger\"\n\t\t\ttype=\"button\"\n\t\t\taria-haspopup=\"dialog\"\n\t\t\tdata-wp-bind--aria-label=\"state.thisImage.triggerButtonAriaLabel\"\n\t\t\tdata-wp-init=\"callbacks.initTriggerButton\"\n\t\t\tdata-wp-on--click=\"actions.showLightbox\"\n\t\t\tdata-wp-style--right=\"state.thisImage.buttonRight\"\n\t\t\tdata-wp-style--top=\"state.thisImage.buttonTop\"\n\t\t>\n\t\t\t<svg xmlns=\"http:\/\/www.w3.org\/2000\/svg\" width=\"12\" height=\"12\" fill=\"none\" viewBox=\"0 0 12 12\">\n\t\t\t\t<path fill=\"#fff\" d=\"M2 0a2 2 0 0 0-2 2v2h1.5V2a.5.5 0 0 1 .5-.5h2V0H2Zm2 10.5H2a.5.5 0 0 1-.5-.5V8H0v2a2 2 0 0 0 2 2h2v-1.5ZM8 12v-1.5h2a.5.5 0 0 0 .5-.5V8H12v2a2 2 0 0 1-2 2H8Zm2-12a2 2 0 0 1 2 2v2h-1.5V2a.5.5 0 0 0-.5-.5H8V0h2Z\" \/>\n\t\t\t<\/svg>\n\t\t<\/button><\/figure>\n\n\n\n<p class=\"wp-block-paragraph\">Egy m\u00e1sik templom, amelyet P\u00edseken <strong>II. P\u0159emysl Ottok\u00e1r<\/strong> alap\u00edtott a <strong>13. sz\u00e1zadban<\/strong> \u2013 ennek a kir\u00e1lynak l\u00e1that\u00f3an \u00e9p\u00edtkez\u00e9si l\u00e1za volt itt. A templom k\u00e9t okb\u00f3l is leny\u0171g\u00f6z. Egyr\u00e9szt gy\u00f6ny\u00f6r\u0171 <strong>renesz\u00e1nsz sgraffit\u00f3<\/strong> van a homlokzat\u00e1n, amely egy d\u00e9l-csehorsz\u00e1gi templomhoz k\u00e9pest szokatlanul gazdag \u00e9s kidolgozott. M\u00e1sr\u00e9szt, \u00e9s ezt f\u0151leg azok \u00e9rt\u00e9kelik, akik a szakr\u00e1lis \u00e9p\u00edt\u00e9szet ir\u00e1nt \u00e9rdekl\u0151dnek \u2013 <strong>ford\u00edtott t\u00e1jol\u00e1sa<\/strong> van, az olt\u00e1r nyugatra n\u00e9z. A domonkosok kolostori templom\u00e1b\u00f3l j\u00f6tt l\u00e9tre, \u00e9s mai form\u00e1j\u00e1t a 17. sz\u00e1zadi \u00e1t\u00e9p\u00edt\u00e9skor kapta, ami a szakr\u00e1lis \u00e9p\u00edt\u00e9szet szerelmeseit megb\u00edzhat\u00f3an \u00f6sszezavarja.<\/p>\n\n\n\n<p class=\"wp-block-paragraph\">K\u00edv\u00fclr\u0151l kicsit felt\u0171n\u00e9smentesnek t\u0171nik, \u00edgy sokan elmennek mellette. Ne k\u00f6vesd el ugyanezt a hib\u00e1t.<\/p>\n\n\n\n<h3 class=\"wp-block-heading\"><span class=\"ez-toc-section\" id=\"12_Husboltok\"><\/span>12. H\u00fasboltok<span class=\"ez-toc-section-end\"><\/span><\/h3>\n\n\n\n<p class=\"wp-block-paragraph\">A h\u00fasboltok P\u00edseken <strong>m\u00e1r a k\u00f6z\u00e9pkor \u00f3ta<\/strong> m\u0171k\u00f6dnek. Ez egy <strong>fedett utc\u00e1cska<\/strong> a Nagy t\u00e9r d\u00e9li frontj\u00e1n, k\u00e9toldalt kis <strong>\u00fczletekkel<\/strong> (ma t\u00f6bb mint 20 van bel\u0151l\u00fck), ahol a ker\u00e1mi\u00e1t\u00f3l a \u00e9kszereken \u00e1t a helyi \u00e9lelmiszerekig mindent \u00e1rulnak.<\/p>\n\n\n\n<p class=\"wp-block-paragraph\">A kisebb gyerekekre az utc\u00e1cska kicsit s\u00f6t\u00e9ten \u00e9s titokzatosan hathat, de \u00e9ppen ebben rejlik a var\u00e1zsa. Ennek a sz\u0171k utc\u00e1csk\u00e1nak olyan hangulata van, amelyet a vil\u00e1g minden t\u00e1j\u00e1n mesters\u00e9gesen m\u00e1solnak a bev\u00e1s\u00e1rl\u00f3k\u00f6zpontok, itt viszont az eredeti \u00e1ll, k\u00f6z\u00e9pkori gy\u00f6kerekkel. R\u00e1ad\u00e1sul remek r\u00f6vid\u00edt\u00e9s a t\u00e9rr\u0151l a Ningrova utc\u00e1ba.<\/p>\n\n\n\n<h3 class=\"wp-block-heading\"><span class=\"ez-toc-section\" id=\"13_A_varosi_konyvtar_es_az_Upekla_kavezo\"><\/span>13. A v\u00e1rosi k\u00f6nyvt\u00e1r \u00e9s az Upekla k\u00e1v\u00e9z\u00f3<span class=\"ez-toc-section-end\"><\/span><\/h3>\n\n\n\n<figure data-wp-context=\"{&quot;imageId&quot;:&quot;6a952ed61508d&quot;}\" data-wp-interactive=\"core\/image\" data-wp-key=\"6a952ed61508d\" class=\"wp-block-image size-full wp-lightbox-container\"><img decoding=\"async\" width=\"2200\" height=\"1650\" data-wp-class--hide=\"state.isContentHidden\" data-wp-class--show=\"state.isContentVisible\" data-wp-init=\"callbacks.setButtonStyles\" data-wp-on--click=\"actions.showLightbox\" data-wp-on--load=\"callbacks.setButtonStyles\" data-wp-on--pointerdown=\"actions.preloadImage\" data-wp-on--pointerenter=\"actions.preloadImageWithDelay\" data-wp-on--pointerleave=\"actions.cancelPreload\" data-wp-on-window--resize=\"callbacks.setButtonStyles\" src=\"https:\/\/loudavymkrokem.cz\/wp-content\/uploads\/2026\/08\/pisek-knihovna-vnitroblok-piskoviste-upekla.jpg\" alt=\"A p\u00edseki v\u00e1rosi k\u00f6nyvt\u00e1r bels\u0151 udvara homokoz\u00f3val az Upekla k\u00e1v\u00e9z\u00f3n\u00e1l\" class=\"wp-image-399544\" title=\"\" srcset=\"https:\/\/loudavymkrokem.cz\/wp-content\/uploads\/2026\/08\/pisek-knihovna-vnitroblok-piskoviste-upekla.jpg 2200w, https:\/\/loudavymkrokem.cz\/wp-content\/uploads\/2026\/08\/pisek-knihovna-vnitroblok-piskoviste-upekla-300x225.jpg 300w, https:\/\/loudavymkrokem.cz\/wp-content\/uploads\/2026\/08\/pisek-knihovna-vnitroblok-piskoviste-upekla-700x525.jpg 700w, https:\/\/loudavymkrokem.cz\/wp-content\/uploads\/2026\/08\/pisek-knihovna-vnitroblok-piskoviste-upekla-768x576.jpg 768w, https:\/\/loudavymkrokem.cz\/wp-content\/uploads\/2026\/08\/pisek-knihovna-vnitroblok-piskoviste-upekla-1536x1152.jpg 1536w, https:\/\/loudavymkrokem.cz\/wp-content\/uploads\/2026\/08\/pisek-knihovna-vnitroblok-piskoviste-upekla-2048x1536.jpg 2048w, https:\/\/loudavymkrokem.cz\/wp-content\/uploads\/2026\/08\/pisek-knihovna-vnitroblok-piskoviste-upekla-80x60.jpg 80w, https:\/\/loudavymkrokem.cz\/wp-content\/uploads\/2026\/08\/pisek-knihovna-vnitroblok-piskoviste-upekla-160x120.jpg 160w, https:\/\/loudavymkrokem.cz\/wp-content\/uploads\/2026\/08\/pisek-knihovna-vnitroblok-piskoviste-upekla-696x522.jpg 696w, https:\/\/loudavymkrokem.cz\/wp-content\/uploads\/2026\/08\/pisek-knihovna-vnitroblok-piskoviste-upekla-1392x1044.jpg 1392w, https:\/\/loudavymkrokem.cz\/wp-content\/uploads\/2026\/08\/pisek-knihovna-vnitroblok-piskoviste-upekla-1920x1440.jpg 1920w\" sizes=\"(max-width: 2200px) 100vw, 2200px\" \/><button\n\t\t\tclass=\"lightbox-trigger\"\n\t\t\ttype=\"button\"\n\t\t\taria-haspopup=\"dialog\"\n\t\t\tdata-wp-bind--aria-label=\"state.thisImage.triggerButtonAriaLabel\"\n\t\t\tdata-wp-init=\"callbacks.initTriggerButton\"\n\t\t\tdata-wp-on--click=\"actions.showLightbox\"\n\t\t\tdata-wp-style--right=\"state.thisImage.buttonRight\"\n\t\t\tdata-wp-style--top=\"state.thisImage.buttonTop\"\n\t\t>\n\t\t\t<svg xmlns=\"http:\/\/www.w3.org\/2000\/svg\" width=\"12\" height=\"12\" fill=\"none\" viewBox=\"0 0 12 12\">\n\t\t\t\t<path fill=\"#fff\" d=\"M2 0a2 2 0 0 0-2 2v2h1.5V2a.5.5 0 0 1 .5-.5h2V0H2Zm2 10.5H2a.5.5 0 0 1-.5-.5V8H0v2a2 2 0 0 0 2 2h2v-1.5ZM8 12v-1.5h2a.5.5 0 0 0 .5-.5V8H12v2a2 2 0 0 1-2 2H8Zm2-12a2 2 0 0 1 2 2v2h-1.5V2a.5.5 0 0 0-.5-.5H8V0h2Z\" \/>\n\t\t\t<\/svg>\n\t\t<\/button><\/figure>\n\n\n\n<figure data-wp-context=\"{&quot;imageId&quot;:&quot;6a952ed6155a0&quot;}\" data-wp-interactive=\"core\/image\" data-wp-key=\"6a952ed6155a0\" class=\"wp-block-image size-full wp-lightbox-container\"><img decoding=\"async\" width=\"2200\" height=\"1467\" data-wp-class--hide=\"state.isContentHidden\" data-wp-class--show=\"state.isContentVisible\" data-wp-init=\"callbacks.setButtonStyles\" data-wp-on--click=\"actions.showLightbox\" data-wp-on--load=\"callbacks.setButtonStyles\" data-wp-on--pointerdown=\"actions.preloadImage\" data-wp-on--pointerenter=\"actions.preloadImageWithDelay\" data-wp-on--pointerleave=\"actions.cancelPreload\" data-wp-on-window--resize=\"callbacks.setButtonStyles\" src=\"https:\/\/loudavymkrokem.cz\/wp-content\/uploads\/2026\/08\/pisek-mestska-knihovna.jpg\" alt=\"A p\u00edseki v\u00e1rosi k\u00f6nyvt\u00e1r \u00e9p\u00fclete az Ale\u0161 t\u00e9ren\" class=\"wp-image-399360\" title=\"\" srcset=\"https:\/\/loudavymkrokem.cz\/wp-content\/uploads\/2026\/08\/pisek-mestska-knihovna.jpg 2200w, https:\/\/loudavymkrokem.cz\/wp-content\/uploads\/2026\/08\/pisek-mestska-knihovna-300x200.jpg 300w, https:\/\/loudavymkrokem.cz\/wp-content\/uploads\/2026\/08\/pisek-mestska-knihovna-700x467.jpg 700w, https:\/\/loudavymkrokem.cz\/wp-content\/uploads\/2026\/08\/pisek-mestska-knihovna-768x512.jpg 768w, https:\/\/loudavymkrokem.cz\/wp-content\/uploads\/2026\/08\/pisek-mestska-knihovna-1536x1024.jpg 1536w, https:\/\/loudavymkrokem.cz\/wp-content\/uploads\/2026\/08\/pisek-mestska-knihovna-2048x1366.jpg 2048w, https:\/\/loudavymkrokem.cz\/wp-content\/uploads\/2026\/08\/pisek-mestska-knihovna-696x464.jpg 696w, https:\/\/loudavymkrokem.cz\/wp-content\/uploads\/2026\/08\/pisek-mestska-knihovna-1392x928.jpg 1392w, https:\/\/loudavymkrokem.cz\/wp-content\/uploads\/2026\/08\/pisek-mestska-knihovna-1920x1280.jpg 1920w\" sizes=\"(max-width: 2200px) 100vw, 2200px\" \/><button\n\t\t\tclass=\"lightbox-trigger\"\n\t\t\ttype=\"button\"\n\t\t\taria-haspopup=\"dialog\"\n\t\t\tdata-wp-bind--aria-label=\"state.thisImage.triggerButtonAriaLabel\"\n\t\t\tdata-wp-init=\"callbacks.initTriggerButton\"\n\t\t\tdata-wp-on--click=\"actions.showLightbox\"\n\t\t\tdata-wp-style--right=\"state.thisImage.buttonRight\"\n\t\t\tdata-wp-style--top=\"state.thisImage.buttonTop\"\n\t\t>\n\t\t\t<svg xmlns=\"http:\/\/www.w3.org\/2000\/svg\" width=\"12\" height=\"12\" fill=\"none\" viewBox=\"0 0 12 12\">\n\t\t\t\t<path fill=\"#fff\" d=\"M2 0a2 2 0 0 0-2 2v2h1.5V2a.5.5 0 0 1 .5-.5h2V0H2Zm2 10.5H2a.5.5 0 0 1-.5-.5V8H0v2a2 2 0 0 0 2 2h2v-1.5ZM8 12v-1.5h2a.5.5 0 0 0 .5-.5V8H12v2a2 2 0 0 1-2 2H8Zm2-12a2 2 0 0 1 2 2v2h-1.5V2a.5.5 0 0 0-.5-.5H8V0h2Z\" \/>\n\t\t\t<\/svg>\n\t\t<\/button><\/figure>\n\n\n\n<p class=\"wp-block-paragraph\">Az Ale\u0161 t\u00e9ren \u00e1ll\u00f3 <strong>empire \u00e9p\u00fclet<\/strong>, amelyben a v\u00e1rosi k\u00f6nyvt\u00e1r m\u0171k\u00f6dik, \u00f6nmag\u00e1ban is \u00e9p\u00edt\u00e9szeti gy\u00f6ngyszem. R\u00e9gen J. A. Comenius iskol\u00e1ja volt. A m\u0171eml\u00e9kesek a fel\u00faj\u00edt\u00e1s sor\u00e1n m\u00e9g \u00e9rt\u00e9kes 19. sz\u00e1zadi festm\u00e9nyeket is felfedeztek \u00e9s megmentettek. Ma \u00e9p\u00edt\u00e9szetileg sikeres, vil\u00e1gos \u00e9s modern k\u00f6z\u00f6ss\u00e9gi t\u00e9r, pihentet\u0151 k\u00f6z\u00f6ss\u00e9gi kerttel.<\/p>\n\n\n\n<p class=\"wp-block-paragraph\">De f\u0151leg a k\u00f6nyvt\u00e1r f\u00f6ldszintj\u00e9n m\u0171k\u00f6dik az <strong>Upekla k\u00e1v\u00e9z\u00f3<\/strong> h\u00e1zi p\u00e9ks\u00fctem\u00e9nnyel, kal\u00e1ccsal \u00e9s tort\u00e1kkal (van glut\u00e9nmentes desszertj\u00fck is), terasz\u00e1val a sz\u00f6k\u0151k\u00fatn\u00e1l. Az Upekla-hoz tartozik a bels\u0151 udvar is, benne <strong>homokoz\u00f3val \u00e9s egy el\u00e9g nagy t\u00e9rrel<\/strong>, ahol a gyerekek kitombolj\u00e1k magukat, mik\u00f6zben te befejezed a k\u00e1v\u00e9dat. Ez a kombin\u00e1ci\u00f3, k\u00e1v\u00e9z\u00f3 egy t\u00f6rt\u00e9nelmi k\u00f6nyvt\u00e1r\u00e9p\u00fcletben a t\u00e9ren, egyszer\u0171en j\u00f3. Ide\u00e1lis hely egy sz\u00fcnetre a v\u00e1rosn\u00e9z\u00e9s k\u00f6zben.<\/p>\n\n\n\n<h3 class=\"wp-block-heading\"><span class=\"ez-toc-section\" id=\"14_A_rendorseg_epulete_egykori_konyvtar\"><\/span>14. A rend\u0151rs\u00e9g \u00e9p\u00fclete (egykori k\u00f6nyvt\u00e1r)<span class=\"ez-toc-section-end\"><\/span><\/h3>\n\n\n\n<p class=\"wp-block-paragraph\">P\u00edsek t\u00f6rt\u00e9nelmi magj\u00e1nak \u00e9p\u00fcletei saj\u00e1t \u00e9letet \u00e9lnek, \u00e9s megv\u00e1ltoztatj\u00e1k rendeltet\u00e9s\u00fcket, \u00e9s ez a <strong>hatalmas h\u00e1z az Ale\u0161 t\u00e9r 85-\u00f6s sz\u00e1m\u00e1n<\/strong> ennek \u00e9kes p\u00e9ld\u00e1ja. R\u00e9gebben csend\u00e9rt \u00e9s k\u00f6nyvk\u00f6lcs\u00f6nz\u00e9s\u00e9rt j\u00f6tt\u00e9l volna ide, mert \u00e9vtizedeken \u00e1t itt volt a n\u00e9pszer\u0171 V\u00e1rosi (kor\u00e1bban J\u00e1r\u00e1si) k\u00f6nyvt\u00e1r. Miut\u00e1n a k\u00f6nyvt\u00e1r \u00e1tk\u00f6lt\u00f6z\u00f6tt J. A. Comenius fel\u00faj\u00edtott iskol\u00e1j\u00e1nak \u00faj, modernebb tereibe, az \u00e9p\u00fclet nem maradt \u00fcresen. Jelenleg fokozatosan alakul \u00e1t P\u00edsek V\u00e1rosi Rend\u0151rs\u00e9g\u00e9nek \u00faj k\u00f6zpontj\u00e1v\u00e1 \u00e9s modern szolg\u00e1lati hely\u00e9v\u00e9.<\/p>\n\n\n\n<h3 class=\"wp-block-heading\"><span class=\"ez-toc-section\" id=\"15_Szent_Florian_szobra\"><\/span>15. Szent Fl\u00f3ri\u00e1n szobra<span class=\"ez-toc-section-end\"><\/span><\/h3>\n\n\n\n<p class=\"wp-block-paragraph\">A <strong>Havl\u00ed\u010dek t\u00e9ren<\/strong>, amelyet a helyiek egyszer\u0171en csak <strong>\u201ea Fl\u00f3ri\u00e1nnak&#8221;<\/strong> h\u00edvnak, \u00e1ll <strong>Szent Fl\u00f3ri\u00e1n<\/strong>, a t\u0171zolt\u00f3k v\u00e9d\u0151szentj\u00e9nek szobra. Ez a kis t\u00e9r kisebb, nyugodtabb \u00e9s kiss\u00e9 f\u00e9lrees\u0151. R\u00e1ad\u00e1sul remek turk\u00e1l\u00f3kat tal\u00e1lsz itt.<\/p>\n\n\n\n<h3 class=\"wp-block-heading\"><span class=\"ez-toc-section\" id=\"16_Palacky-kertek\"><\/span>16. Palack\u00fd-kertek<span class=\"ez-toc-section-end\"><\/span><\/h3>\n\n\n\n<figure data-wp-context=\"{&quot;imageId&quot;:&quot;6a952ed615d9a&quot;}\" data-wp-interactive=\"core\/image\" data-wp-key=\"6a952ed615d9a\" class=\"wp-block-image size-full wp-lightbox-container\"><img decoding=\"async\" width=\"1200\" height=\"800\" data-wp-class--hide=\"state.isContentHidden\" data-wp-class--show=\"state.isContentVisible\" data-wp-init=\"callbacks.setButtonStyles\" data-wp-on--click=\"actions.showLightbox\" data-wp-on--load=\"callbacks.setButtonStyles\" data-wp-on--pointerdown=\"actions.preloadImage\" data-wp-on--pointerenter=\"actions.preloadImageWithDelay\" data-wp-on--pointerleave=\"actions.cancelPreload\" data-wp-on-window--resize=\"callbacks.setButtonStyles\" src=\"https:\/\/loudavymkrokem.cz\/wp-content\/uploads\/2026\/08\/palackeho-sady-pisek-jaro.jpg\" alt=\"A Palack\u00fd-kertek P\u00edseken tavasszal, Franti\u0161ek Palack\u00fd eml\u00e9km\u0171v\u00e9vel\" class=\"wp-image-399648\" title=\"\" srcset=\"https:\/\/loudavymkrokem.cz\/wp-content\/uploads\/2026\/08\/palackeho-sady-pisek-jaro.jpg 1200w, https:\/\/loudavymkrokem.cz\/wp-content\/uploads\/2026\/08\/palackeho-sady-pisek-jaro-300x200.jpg 300w, https:\/\/loudavymkrokem.cz\/wp-content\/uploads\/2026\/08\/palackeho-sady-pisek-jaro-700x467.jpg 700w, https:\/\/loudavymkrokem.cz\/wp-content\/uploads\/2026\/08\/palackeho-sady-pisek-jaro-768x512.jpg 768w, https:\/\/loudavymkrokem.cz\/wp-content\/uploads\/2026\/08\/palackeho-sady-pisek-jaro-696x464.jpg 696w\" sizes=\"(max-width: 1200px) 100vw, 1200px\" \/><button\n\t\t\tclass=\"lightbox-trigger\"\n\t\t\ttype=\"button\"\n\t\t\taria-haspopup=\"dialog\"\n\t\t\tdata-wp-bind--aria-label=\"state.thisImage.triggerButtonAriaLabel\"\n\t\t\tdata-wp-init=\"callbacks.initTriggerButton\"\n\t\t\tdata-wp-on--click=\"actions.showLightbox\"\n\t\t\tdata-wp-style--right=\"state.thisImage.buttonRight\"\n\t\t\tdata-wp-style--top=\"state.thisImage.buttonTop\"\n\t\t>\n\t\t\t<svg xmlns=\"http:\/\/www.w3.org\/2000\/svg\" width=\"12\" height=\"12\" fill=\"none\" viewBox=\"0 0 12 12\">\n\t\t\t\t<path fill=\"#fff\" d=\"M2 0a2 2 0 0 0-2 2v2h1.5V2a.5.5 0 0 1 .5-.5h2V0H2Zm2 10.5H2a.5.5 0 0 1-.5-.5V8H0v2a2 2 0 0 0 2 2h2v-1.5ZM8 12v-1.5h2a.5.5 0 0 0 .5-.5V8H12v2a2 2 0 0 1-2 2H8Zm2-12a2 2 0 0 1 2 2v2h-1.5V2a.5.5 0 0 0-.5-.5H8V0h2Z\" \/>\n\t\t\t<\/svg>\n\t\t<\/button><\/figure>\n\n\n\n<p class=\"wp-block-paragraph\">A Palack\u00fd-kertek az <strong>egykori v\u00e1r\u00e1rkok hely\u00e9n<\/strong> j\u00f6ttek l\u00e9tre, \u00e9s ma az egyik legkellemesebb hely eg\u00e9sz P\u00edseken. \u00c1rny\u00e9kos f\u00e1k, gondozott \u00f6sv\u00e9nyek, kil\u00e1t\u00e1sos padok, \u00e9s f\u0151leg \u2013 itt m\u0171k\u00f6dik k\u00e9t fantasztikus k\u00e1v\u00e9z\u00f3.<\/p>\n\n\n\n<p class=\"wp-block-paragraph\">A <strong>Do Nebe<\/strong> (\u201eAz \u00e9gig&#8221;) pontosan olyan sz\u00e9p, amilyennek a neve sejteti, m\u00e9g ha a k\u00e1v\u00e9z\u00f3b\u00f3l id\u0151vel steakhouse is lett. M\u00e9g mindig teljesen glut\u00e9nmentes viszont, amit minden liszt\u00e9rz\u00e9keny \u00e9rt\u00e9kel. St\u00edlusos bels\u0151 t\u00e9r, kiv\u00e1l\u00f3 k\u00e1v\u00e9, ny\u00e1ron kerthelyis\u00e9g a f\u00e1k alatt. \u00c9s egy kicsit od\u00e9bb a <strong>Park Caf\u00e9<\/strong>, amely kicsit modernebb, \u00e9s remek gofrija van. Azt\u00e1n ott van m\u00e9g a h\u00edres <strong>U Reiner\u016f \u00e9tterem<\/strong> 1844-b\u0151l. Hogy igaz\u00e1n \u0151szinte legyek, a dics\u0151s\u00e9ge cs\u00facs\u00e1n tal\u00e1n m\u00e1r t\u00fal van, de t\u00e9rj be ide legal\u00e1bb egy csapolt Plze\u0148re (az \u00e9telt ink\u00e1bb hagyd) \u00e9s egy j\u00f3 adag t\u00f6rt\u00e9nelemre.<\/p>\n\n\n\n<p class=\"wp-block-paragraph\">A Palack\u00fd-kertek olyan hely is, ahol ny\u00e1ron koncerteket \u00e9s kultur\u00e1lis esem\u00e9nyeket rendeznek, ahol futnak, kuty\u00e1t s\u00e9t\u00e1ltatnak, \u00e9s ahol egyszer\u0171en P\u00edsek \u00e9l. Ha csak f\u00e9l \u00f3r\u00e1d van pluszban a programban, s\u00e9t\u00e1lj \u00e1t rajta. Meg\u00e9ri.<\/p>\n\n\n\n<h3 class=\"wp-block-heading\"><span class=\"ez-toc-section\" id=\"17_Schrenk-pavilon\"><\/span>17. Schrenk-pavilon<span class=\"ez-toc-section-end\"><\/span><\/h3>\n\n\n\n<p class=\"wp-block-paragraph\">Els\u0151 pillant\u00e1sra romantikus klasszicista lugas, amely k\u00f6zvetlen\u00fcl a Palack\u00fd-kertekben helyezkedik el, 1841-b\u0151l. Nev\u00e9t az akkori j\u00e1r\u00e1si f\u0151isp\u00e1nr\u00f3l kapta. \u00c9rdekes, hogy b\u00e1r el\u0151kel\u0151nek t\u0171nik, r\u00e9gebben sz\u00ednh\u00e1zi \u00e9s zenei programokat is tartottak benne.<\/p>\n\n\n\n<h3 class=\"wp-block-heading\"><span class=\"ez-toc-section\" id=\"18_Neptun-kut\"><\/span>18. Neptun-k\u00fat<span class=\"ez-toc-section-end\"><\/span><\/h3>\n\n\n\n<p class=\"wp-block-paragraph\">Neptun szobra egy <strong>1771-es barokk k\u00fatb\u00f3l<\/strong> sz\u00e1rmazik, amely eredetileg <strong>a Nagy t\u00e9ren<\/strong> \u00e1llt. A kutat a 20. sz\u00e1zad elej\u00e9n felsz\u00e1molt\u00e1k, \u00e9s Neptun \u00e9vekkel k\u00e9s\u0151bb kapott \u00faj helyet itt, a <strong>Palack\u00fd-kertekben.<\/strong> Neptun szigony\u00e1val itt p\u00f3zol a f\u00e1k k\u00f6z\u00f6tt, \u00e9s n\u00e9ha az j\u00e1r a fejemben, vajon jobban tetszik-e neki itt, mint a ny\u00fczsg\u0151 t\u00e9ren. Val\u00f3sz\u00edn\u0171leg igen, a parkban csend van, \u00e9s a k\u00fat vize kellemesen csobog.<\/p>\n\n\n\n<h3 class=\"wp-block-heading\"><span class=\"ez-toc-section\" id=\"19_Adolf_Heyduk_es_Frantisek_Palacky_emlekmuve\"><\/span>19. Adolf Heyduk \u00e9s Franti\u0161ek Palack\u00fd eml\u00e9km\u0171ve<span class=\"ez-toc-section-end\"><\/span><\/h3>\n\n\n\n<p class=\"wp-block-paragraph\">A Palack\u00fd-kertekben k\u00e9t jelent\u0151s szem\u00e9lyis\u00e9g eml\u00e9km\u0171v\u00e9t tal\u00e1lod, \u00e9s \u00e9n f\u0151leg az els\u0151n\u00e9l szeretn\u00e9k meg\u00e1llni. <strong>Adolf Heyduk<\/strong> k\u00f6lt\u0151 volt, aki t\u00f6bb mint <strong>60 \u00e9vig<\/strong> \u00e9lt P\u00edseken, itt n\u0151s\u00fclt (a feles\u00e9ge a Reiner csal\u00e1d l\u00e1nya volt \u2013 igen, azok\u00e9, akiknek az U Reiner\u016f \u00e9tterme van), \u00e9s itt \u00edrta m\u0171veinek nagy r\u00e9sz\u00e9t. Csendes patri\u00f3ta volt, szerette P\u00edseket \u00e9s D\u00e9l-Csehorsz\u00e1got, \u00e9s mindezt \u00e1tsz\u0151tte a k\u00f6lt\u00e9szet\u00e9vel.<\/p>\n\n\n\n<p class=\"wp-block-paragraph\"><strong>Franti\u0161ek Palack\u00fd<\/strong>, a nemzet atyja \u00e9s t\u00f6rt\u00e9n\u00e9sz eml\u00e9km\u0171ve pedig arra eml\u00e9keztet, hogy P\u00edseknek is szerepe volt a cseh nemzeti \u00fajj\u00e1sz\u00fclet\u00e9sben. Mindk\u00e9t eml\u00e9km\u0171 gy\u00f6ny\u00f6r\u0171 parki k\u00f6rnyezetben \u00e1ll, ide\u00e1lis meg\u00e1ll\u00f3 a s\u00e9t\u00e1d k\u00f6zben.<\/p>\n\n\n\n<h3 class=\"wp-block-heading\"><span class=\"ez-toc-section\" id=\"20_Adolf_Heyduk_haza\"><\/span>20. Adolf Heyduk h\u00e1za<span class=\"ez-toc-section-end\"><\/span><\/h3>\n\n\n\n<figure data-wp-context=\"{&quot;imageId&quot;:&quot;6a952ed6167bc&quot;}\" data-wp-interactive=\"core\/image\" data-wp-key=\"6a952ed6167bc\" class=\"wp-block-image size-full wp-lightbox-container\"><img decoding=\"async\" width=\"1200\" height=\"800\" data-wp-class--hide=\"state.isContentHidden\" data-wp-class--show=\"state.isContentVisible\" data-wp-init=\"callbacks.setButtonStyles\" data-wp-on--click=\"actions.showLightbox\" data-wp-on--load=\"callbacks.setButtonStyles\" data-wp-on--pointerdown=\"actions.preloadImage\" data-wp-on--pointerenter=\"actions.preloadImageWithDelay\" data-wp-on--pointerleave=\"actions.cancelPreload\" data-wp-on-window--resize=\"callbacks.setButtonStyles\" src=\"https:\/\/loudavymkrokem.cz\/wp-content\/uploads\/2026\/08\/pamatnik-adolfa-heyduka-interier.jpg\" alt=\"Korabeli szalon az Adolf Heyduk Eml\u00e9kh\u00e1zban P\u00edseken\" class=\"wp-image-399662\" title=\"\" srcset=\"https:\/\/loudavymkrokem.cz\/wp-content\/uploads\/2026\/08\/pamatnik-adolfa-heyduka-interier.jpg 1200w, https:\/\/loudavymkrokem.cz\/wp-content\/uploads\/2026\/08\/pamatnik-adolfa-heyduka-interier-300x200.jpg 300w, https:\/\/loudavymkrokem.cz\/wp-content\/uploads\/2026\/08\/pamatnik-adolfa-heyduka-interier-700x467.jpg 700w, https:\/\/loudavymkrokem.cz\/wp-content\/uploads\/2026\/08\/pamatnik-adolfa-heyduka-interier-768x512.jpg 768w, https:\/\/loudavymkrokem.cz\/wp-content\/uploads\/2026\/08\/pamatnik-adolfa-heyduka-interier-696x464.jpg 696w\" sizes=\"(max-width: 1200px) 100vw, 1200px\" \/><button\n\t\t\tclass=\"lightbox-trigger\"\n\t\t\ttype=\"button\"\n\t\t\taria-haspopup=\"dialog\"\n\t\t\tdata-wp-bind--aria-label=\"state.thisImage.triggerButtonAriaLabel\"\n\t\t\tdata-wp-init=\"callbacks.initTriggerButton\"\n\t\t\tdata-wp-on--click=\"actions.showLightbox\"\n\t\t\tdata-wp-style--right=\"state.thisImage.buttonRight\"\n\t\t\tdata-wp-style--top=\"state.thisImage.buttonTop\"\n\t\t>\n\t\t\t<svg xmlns=\"http:\/\/www.w3.org\/2000\/svg\" width=\"12\" height=\"12\" fill=\"none\" viewBox=\"0 0 12 12\">\n\t\t\t\t<path fill=\"#fff\" d=\"M2 0a2 2 0 0 0-2 2v2h1.5V2a.5.5 0 0 1 .5-.5h2V0H2Zm2 10.5H2a.5.5 0 0 1-.5-.5V8H0v2a2 2 0 0 0 2 2h2v-1.5ZM8 12v-1.5h2a.5.5 0 0 0 .5-.5V8H12v2a2 2 0 0 1-2 2H8Zm2-12a2 2 0 0 1 2 2v2h-1.5V2a.5.5 0 0 0-.5-.5H8V0h2Z\" \/>\n\t\t\t<\/svg>\n\t\t<\/button><\/figure>\n\n\n\n<p class=\"wp-block-paragraph\">Az eml\u00e9km\u0171t\u0151l pedig egyenesen a h\u00e1zhoz. A <strong>Tyr\u0161 utc\u00e1ban<\/strong> \u00e1ll a villa, ahol Adolf Heyduk lakott, \u00e9s ez egy \u00fajabb \u00e9p\u00edt\u00e9szeti gy\u00f6ngyszem. <strong>Jan Koula<\/strong> \u00e9p\u00edt\u00e9sz tervezte <strong>1900-ban<\/strong> a <strong>cseh neorenesz\u00e1nsz<\/strong> st\u00edlus\u00e1ban, \u00e9s ami egyediv\u00e9 teszi: nagyr\u00e9szt <strong>meg\u0151rizte az eredeti bels\u0151 ter\u00e9t<\/strong>. Ez Csehorsz\u00e1gban ritkas\u00e1g, a hasonl\u00f3 h\u00e1zak t\u00f6bbs\u00e9ge annyi \u00e1t\u00e9p\u00edt\u00e9sen ment \u00e1t, hogy az eredetib\u0151l semmi sem maradt.<\/p>\n\n\n\n<p class=\"wp-block-paragraph\">K\u00edv\u00fclr\u0151l megfognak a sgraffit\u00f3k, a d\u00edszes oromzatok \u00e9s az az \u00e1ltal\u00e1nos \u00e9rz\u00e9s, hogy a h\u00e1zat valaki \u00e9p\u00edtette, akinek minden r\u00e9szlet fontos volt. Ha \u00e9rdekel a 19. \u00e9s 20. sz\u00e1zad fordul\u00f3j\u00e1nak \u00e9p\u00edt\u00e9szete, ez k\u00f6telez\u0151 meg\u00e1ll\u00f3. Csak vigy\u00e1zz, az eml\u00e9kh\u00e1z a 2026-os \u00e9v eg\u00e9sz\u00e9ben fel\u00faj\u00edt\u00e1s miatt z\u00e1rva van, a bels\u0151 t\u00e9r megtekint\u00e9s\u00e9t teh\u00e1t halaszd a k\u00f6vetkez\u0151 szezonra.<\/p>\n\n\n\n<h3 class=\"wp-block-heading\"><span class=\"ez-toc-section\" id=\"21_Kronberger-lugas\"><\/span>21. Kronberger-lugas<span class=\"ez-toc-section-end\"><\/span><\/h3>\n\n\n\n<p class=\"wp-block-paragraph\">Ez egy rejtett gy\u00f6ngyszem, amelyr\u0151l sokan nem is tudnak. Empire kis \u00e9p\u00edtm\u00e9ny 1840-b\u0151l, egyenesen a park\u00e1nfalba illesztve. Kronberger k\u00e1pl\u00e1n \u00e9p\u00edttette, val\u00f3sz\u00edn\u0171leg egyszer\u0171en sz\u00e9p helyet akart az olvas\u00e1shoz \u00e9s az elm\u00e9lked\u00e9shez, \u00e9s ki hib\u00e1ztatn\u00e1 ez\u00e9rt. Ma a filatelist\u00e1k klubja m\u0171k\u00f6dik itt, ami m\u00e1r \u00f6nmag\u00e1ban is kiss\u00e9 k\u00f6lt\u0151i. Egy pici lugas, tele apr\u00f3 b\u00e9lyegekkel.<\/p>\n\n\n\n<h3 class=\"wp-block-heading\"><span class=\"ez-toc-section\" id=\"22_Hotel_Otava\"><\/span>22. Hotel Otava<span class=\"ez-toc-section-end\"><\/span><\/h3>\n\n\n\n<figure data-wp-context=\"{&quot;imageId&quot;:&quot;6a952ed6170d9&quot;}\" data-wp-interactive=\"core\/image\" data-wp-key=\"6a952ed6170d9\" class=\"wp-block-image size-full wp-lightbox-container\"><img decoding=\"async\" width=\"2200\" height=\"1467\" data-wp-class--hide=\"state.isContentHidden\" data-wp-class--show=\"state.isContentVisible\" data-wp-init=\"callbacks.setButtonStyles\" data-wp-on--click=\"actions.showLightbox\" data-wp-on--load=\"callbacks.setButtonStyles\" data-wp-on--pointerdown=\"actions.preloadImage\" data-wp-on--pointerenter=\"actions.preloadImageWithDelay\" data-wp-on--pointerleave=\"actions.cancelPreload\" data-wp-on-window--resize=\"callbacks.setButtonStyles\" src=\"https:\/\/loudavymkrokem.cz\/wp-content\/uploads\/2026\/08\/pisek-hotel-otava-alsovy-malby.jpg\" alt=\"A Hotel Otava P\u00edseken Mikol\u00e1\u0161 Ale\u0161 tervei alapj\u00e1n k\u00e9sz\u00fclt festm\u00e9nyekkel\" class=\"wp-image-399363\" title=\"\" srcset=\"https:\/\/loudavymkrokem.cz\/wp-content\/uploads\/2026\/08\/pisek-hotel-otava-alsovy-malby.jpg 2200w, https:\/\/loudavymkrokem.cz\/wp-content\/uploads\/2026\/08\/pisek-hotel-otava-alsovy-malby-300x200.jpg 300w, https:\/\/loudavymkrokem.cz\/wp-content\/uploads\/2026\/08\/pisek-hotel-otava-alsovy-malby-700x467.jpg 700w, https:\/\/loudavymkrokem.cz\/wp-content\/uploads\/2026\/08\/pisek-hotel-otava-alsovy-malby-768x512.jpg 768w, https:\/\/loudavymkrokem.cz\/wp-content\/uploads\/2026\/08\/pisek-hotel-otava-alsovy-malby-1536x1024.jpg 1536w, https:\/\/loudavymkrokem.cz\/wp-content\/uploads\/2026\/08\/pisek-hotel-otava-alsovy-malby-2048x1366.jpg 2048w, https:\/\/loudavymkrokem.cz\/wp-content\/uploads\/2026\/08\/pisek-hotel-otava-alsovy-malby-696x464.jpg 696w, https:\/\/loudavymkrokem.cz\/wp-content\/uploads\/2026\/08\/pisek-hotel-otava-alsovy-malby-1392x928.jpg 1392w, https:\/\/loudavymkrokem.cz\/wp-content\/uploads\/2026\/08\/pisek-hotel-otava-alsovy-malby-1920x1280.jpg 1920w\" sizes=\"(max-width: 2200px) 100vw, 2200px\" \/><button\n\t\t\tclass=\"lightbox-trigger\"\n\t\t\ttype=\"button\"\n\t\t\taria-haspopup=\"dialog\"\n\t\t\tdata-wp-bind--aria-label=\"state.thisImage.triggerButtonAriaLabel\"\n\t\t\tdata-wp-init=\"callbacks.initTriggerButton\"\n\t\t\tdata-wp-on--click=\"actions.showLightbox\"\n\t\t\tdata-wp-style--right=\"state.thisImage.buttonRight\"\n\t\t\tdata-wp-style--top=\"state.thisImage.buttonTop\"\n\t\t>\n\t\t\t<svg xmlns=\"http:\/\/www.w3.org\/2000\/svg\" width=\"12\" height=\"12\" fill=\"none\" viewBox=\"0 0 12 12\">\n\t\t\t\t<path fill=\"#fff\" d=\"M2 0a2 2 0 0 0-2 2v2h1.5V2a.5.5 0 0 1 .5-.5h2V0H2Zm2 10.5H2a.5.5 0 0 1-.5-.5V8H0v2a2 2 0 0 0 2 2h2v-1.5ZM8 12v-1.5h2a.5.5 0 0 0 .5-.5V8H12v2a2 2 0 0 1-2 2H8Zm2-12a2 2 0 0 1 2 2v2h-1.5V2a.5.5 0 0 0-.5-.5H8V0h2Z\" \/>\n\t\t\t<\/svg>\n\t\t<\/button><\/figure>\n\n\n\n<p class=\"wp-block-paragraph\">A 19. sz\u00e1zad v\u00e9gi neorenesz\u00e1nsz gy\u00f6ngyszem szecesszi\u00f3s elemekkel, amelyet Dvo\u0159\u00e1\u010dek gy\u00f3gyszer\u00e9sz \u00e9p\u00edttetett. De vigy\u00e1zz, n\u00e9zd meg j\u00f3l a homlokzatokat! A festm\u00e9nyeket Josef Bos\u00e1\u010dek k\u00e9sz\u00edtette Mikol\u00e1\u0161 Ale\u0161 tervei alapj\u00e1n, m\u00e9g a hotel \u00e9p\u00edt\u00e9sekor. Ale\u0161 nyom\u00e1t P\u00edseken mindenhol megtal\u00e1lod, de itt k\u00fcl\u00f6n\u00f6sen j\u00f3l l\u00e1that\u00f3. A hotel k\u00fcl\u00f6nf\u00e9le viszontags\u00e1gokon ment \u00e1t, de a homlokzata m\u00e9g mindig b\u00fcszk\u00e9n ragyog.<\/p>\n\n\n\n<p class=\"wp-block-paragraph\">\u00c9s most az \u00fajdons\u00e1g, ami miatt \u00e9rdemes ide bemenni is. A fel\u00faj\u00edt\u00e1s ut\u00e1n a f\u00f6ldszinten megny\u00edlt a <strong>Caf\u00e9 Otava<\/strong> (Komensk\u00e9ho 56\/1), \u00e9tterem k\u00e1v\u00e9z\u00f3val \u00e9s boroz\u00f3val <strong>els\u0151 k\u00f6zt\u00e1rsas\u00e1gi st\u00edlusban<\/strong>, amely a t\u00f6rt\u00e9nelmi \u00e9p\u00fclethez a legjobban illik. Naponta nyitva vannak, h\u00e9tk\u00f6znap m\u00e1r 7:30-t\u00f3l reggelire, az eb\u00e9dmen\u00fct 11 \u00e9s 15 \u00f3ra k\u00f6z\u00f6tt szolg\u00e1lj\u00e1k fel, este pedig boroz\u00f3v\u00e1 alakul saj\u00e1t vinot\u00e9k\u00e1val.<\/p>\n\n\n\n<p class=\"wp-block-paragraph\">A veget\u00e1ri\u00e1nusok itt nem maradnak \u00e9hen: az \u00e9tlapon szokott lenni p\u00e9ld\u00e1ul <strong>gomb\u00e1s rizott\u00f3 parmez\u00e1nnal vagy r\u00e1ntott karfiol 3010 Ft-\u00e9rt (199 K\u010d)<\/strong>, sal\u00e1ta grillezett kecskesajttal 3610 Ft-\u00e9rt (239 K\u010d) \u00e9s s\u00fct\u0151t\u00f6kkr\u00e9mleves 890 Ft-\u00e9rt (59 K\u010d), hozz\u00e1 saj\u00e1t cukr\u00e1sz \u00e1ltal k\u00e9sz\u00edtett h\u00e1zi desszertek. \ud83d\udca1 <strong>Tipp:<\/strong> \u00dclj az ablakhoz, azt\u00e1n menj ki, \u00e9s n\u00e9zd meg Ale\u0161 festm\u00e9nyeit m\u00e9g egyszer, k\u00e1v\u00e9val a k\u00e9zben m\u00e1s \u00e9lm\u00e9ny.<\/p>\n\n\n\n<h3 class=\"wp-block-heading\"><span class=\"ez-toc-section\" id=\"23_A_zsinagoga\"><\/span>23. A zsinag\u00f3ga<span class=\"ez-toc-section-end\"><\/span><\/h3>\n\n\n\n<figure data-wp-context=\"{&quot;imageId&quot;:&quot;6a952ed6177d0&quot;}\" data-wp-interactive=\"core\/image\" data-wp-key=\"6a952ed6177d0\" class=\"wp-block-image size-full wp-lightbox-container\"><img decoding=\"async\" width=\"1200\" height=\"800\" data-wp-class--hide=\"state.isContentHidden\" data-wp-class--show=\"state.isContentVisible\" data-wp-init=\"callbacks.setButtonStyles\" data-wp-on--click=\"actions.showLightbox\" data-wp-on--load=\"callbacks.setButtonStyles\" data-wp-on--pointerdown=\"actions.preloadImage\" data-wp-on--pointerenter=\"actions.preloadImageWithDelay\" data-wp-on--pointerleave=\"actions.cancelPreload\" data-wp-on-window--resize=\"callbacks.setButtonStyles\" src=\"https:\/\/loudavymkrokem.cz\/wp-content\/uploads\/2026\/08\/synagoga-pisek-soukenicka.jpg\" alt=\"A zsinag\u00f3ga a Soukenick\u00e1 utc\u00e1ban P\u00edseken\" class=\"wp-image-399654\" title=\"\" srcset=\"https:\/\/loudavymkrokem.cz\/wp-content\/uploads\/2026\/08\/synagoga-pisek-soukenicka.jpg 1200w, https:\/\/loudavymkrokem.cz\/wp-content\/uploads\/2026\/08\/synagoga-pisek-soukenicka-300x200.jpg 300w, https:\/\/loudavymkrokem.cz\/wp-content\/uploads\/2026\/08\/synagoga-pisek-soukenicka-700x467.jpg 700w, https:\/\/loudavymkrokem.cz\/wp-content\/uploads\/2026\/08\/synagoga-pisek-soukenicka-768x512.jpg 768w, https:\/\/loudavymkrokem.cz\/wp-content\/uploads\/2026\/08\/synagoga-pisek-soukenicka-696x464.jpg 696w\" sizes=\"(max-width: 1200px) 100vw, 1200px\" \/><button\n\t\t\tclass=\"lightbox-trigger\"\n\t\t\ttype=\"button\"\n\t\t\taria-haspopup=\"dialog\"\n\t\t\tdata-wp-bind--aria-label=\"state.thisImage.triggerButtonAriaLabel\"\n\t\t\tdata-wp-init=\"callbacks.initTriggerButton\"\n\t\t\tdata-wp-on--click=\"actions.showLightbox\"\n\t\t\tdata-wp-style--right=\"state.thisImage.buttonRight\"\n\t\t\tdata-wp-style--top=\"state.thisImage.buttonTop\"\n\t\t>\n\t\t\t<svg xmlns=\"http:\/\/www.w3.org\/2000\/svg\" width=\"12\" height=\"12\" fill=\"none\" viewBox=\"0 0 12 12\">\n\t\t\t\t<path fill=\"#fff\" d=\"M2 0a2 2 0 0 0-2 2v2h1.5V2a.5.5 0 0 1 .5-.5h2V0H2Zm2 10.5H2a.5.5 0 0 1-.5-.5V8H0v2a2 2 0 0 0 2 2h2v-1.5ZM8 12v-1.5h2a.5.5 0 0 0 .5-.5V8H12v2a2 2 0 0 1-2 2H8Zm2-12a2 2 0 0 1 2 2v2h-1.5V2a.5.5 0 0 0-.5-.5H8V0h2Z\" \/>\n\t\t\t<\/svg>\n\t\t<\/button><\/figure>\n\n\n\n<p class=\"wp-block-paragraph\">A Soukenick\u00e1 utc\u00e1ban \u00e1ll egy 1871-es zsinag\u00f3ga. Szomor\u00fa t\u00f6rt\u00e9nete van itt. Az istentiszteletek 1938-ban megsz\u0171ntek, a megsz\u00e1ll\u00e1s alatt a zsinag\u00f3g\u00e1t bez\u00e1rt\u00e1k, a h\u00e1bor\u00fa ut\u00e1n pedig hossz\u00fa \u00e9vekig csak rakt\u00e1rk\u00e9nt szolg\u00e1lt. Ma egy csendes, kiss\u00e9 elhanyagolt hely, amely azonban fontos t\u00f6rt\u00e9nelmet hordoz. Ha elm\u00e9sz mellette, \u00e1llj meg legal\u00e1bb egy pillanatra.<\/p>\n\n\n\n<h3 class=\"wp-block-heading\"><span class=\"ez-toc-section\" id=\"24_A_poliklinika_epulete\"><\/span>24. A poliklinika \u00e9p\u00fclete<span class=\"ez-toc-section-end\"><\/span><\/h3>\n\n\n\n<p class=\"wp-block-paragraph\">Neorenesz\u00e1nsz palota az Ale\u0161 t\u00e9ren, amely \u00fagy n\u00e9z ki, mintha b\u00e1lokat \u00e9s \u00fcnnepi fogad\u00e1sokat kellene benne tartani. \u00c9s mi van benne? Poliklinika. \ud83d\ude05 R\u00e9gen a Fekete Sas fogad\u00f3 volt itt, \u00edgy az \u00e9p\u00fclet \u00e9rdekes utat j\u00e1rt be \u2013 a t\u00e1ncmulats\u00e1gt\u00f3l a s\u00f6r\u00f6riv\u00e1nyokon \u00e1t a fogorvosig. A sors ir\u00f3ni\u00e1ja, de legal\u00e1bb n\u00e9zheted azt a sz\u00e9ps\u00e9get, mik\u00f6zben a v\u00e9rv\u00e9telre v\u00e1rsz.<\/p>\n\n\n\n<h3 class=\"wp-block-heading\"><span class=\"ez-toc-section\" id=\"25_A_Golyos-haz_es_a_polgarhazak\"><\/span>25. A Goly\u00f3s-h\u00e1z \u00e9s a polg\u00e1rh\u00e1zak<span class=\"ez-toc-section-end\"><\/span><\/h3>\n\n\n\n<figure data-wp-context=\"{&quot;imageId&quot;:&quot;6a952ed617eb6&quot;}\" data-wp-interactive=\"core\/image\" data-wp-key=\"6a952ed617eb6\" class=\"wp-block-image size-full wp-lightbox-container\"><img decoding=\"async\" width=\"2200\" height=\"1467\" data-wp-class--hide=\"state.isContentHidden\" data-wp-class--show=\"state.isContentVisible\" data-wp-init=\"callbacks.setButtonStyles\" data-wp-on--click=\"actions.showLightbox\" data-wp-on--load=\"callbacks.setButtonStyles\" data-wp-on--pointerdown=\"actions.preloadImage\" data-wp-on--pointerenter=\"actions.preloadImageWithDelay\" data-wp-on--pointerleave=\"actions.cancelPreload\" data-wp-on-window--resize=\"callbacks.setButtonStyles\" src=\"https:\/\/loudavymkrokem.cz\/wp-content\/uploads\/2026\/08\/pisek-dum-u-slona.jpg\" alt=\"Az Elef\u00e1nt-h\u00e1z P\u00edseken elef\u00e1ntplasztik\u00e1val a homlokzaton\" class=\"wp-image-399368\" title=\"\" srcset=\"https:\/\/loudavymkrokem.cz\/wp-content\/uploads\/2026\/08\/pisek-dum-u-slona.jpg 2200w, https:\/\/loudavymkrokem.cz\/wp-content\/uploads\/2026\/08\/pisek-dum-u-slona-300x200.jpg 300w, https:\/\/loudavymkrokem.cz\/wp-content\/uploads\/2026\/08\/pisek-dum-u-slona-700x467.jpg 700w, https:\/\/loudavymkrokem.cz\/wp-content\/uploads\/2026\/08\/pisek-dum-u-slona-768x512.jpg 768w, https:\/\/loudavymkrokem.cz\/wp-content\/uploads\/2026\/08\/pisek-dum-u-slona-1536x1024.jpg 1536w, https:\/\/loudavymkrokem.cz\/wp-content\/uploads\/2026\/08\/pisek-dum-u-slona-2048x1366.jpg 2048w, https:\/\/loudavymkrokem.cz\/wp-content\/uploads\/2026\/08\/pisek-dum-u-slona-696x464.jpg 696w, https:\/\/loudavymkrokem.cz\/wp-content\/uploads\/2026\/08\/pisek-dum-u-slona-1392x928.jpg 1392w, https:\/\/loudavymkrokem.cz\/wp-content\/uploads\/2026\/08\/pisek-dum-u-slona-1920x1280.jpg 1920w\" sizes=\"(max-width: 2200px) 100vw, 2200px\" \/><button\n\t\t\tclass=\"lightbox-trigger\"\n\t\t\ttype=\"button\"\n\t\t\taria-haspopup=\"dialog\"\n\t\t\tdata-wp-bind--aria-label=\"state.thisImage.triggerButtonAriaLabel\"\n\t\t\tdata-wp-init=\"callbacks.initTriggerButton\"\n\t\t\tdata-wp-on--click=\"actions.showLightbox\"\n\t\t\tdata-wp-style--right=\"state.thisImage.buttonRight\"\n\t\t\tdata-wp-style--top=\"state.thisImage.buttonTop\"\n\t\t>\n\t\t\t<svg xmlns=\"http:\/\/www.w3.org\/2000\/svg\" width=\"12\" height=\"12\" fill=\"none\" viewBox=\"0 0 12 12\">\n\t\t\t\t<path fill=\"#fff\" d=\"M2 0a2 2 0 0 0-2 2v2h1.5V2a.5.5 0 0 1 .5-.5h2V0H2Zm2 10.5H2a.5.5 0 0 1-.5-.5V8H0v2a2 2 0 0 0 2 2h2v-1.5ZM8 12v-1.5h2a.5.5 0 0 0 .5-.5V8H12v2a2 2 0 0 1-2 2H8Zm2-12a2 2 0 0 1 2 2v2h-1.5V2a.5.5 0 0 0-.5-.5H8V0h2Z\" \/>\n\t\t\t<\/svg>\n\t\t<\/button><\/figure>\n\n\n\n<p class=\"wp-block-paragraph\">Ezt a h\u00e1zat k\u00f6nnyen felismered. A homlokzat\u00e1ba befalazott \u00e1gy\u00fagoly\u00f3k vannak. Nem d\u00edsz, hanem a h\u00e1bor\u00fas id\u0151k hiteles eml\u00e9ke. A renesz\u00e1nsz sgraffit\u00f3k a homlokzaton gy\u00f6ny\u00f6r\u0171ek, \u00e9s b\u00f3nuszk\u00e9nt \u2013 itt lakott Fr\u00e1\u0148a \u0160r\u00e1mek k\u00f6lt\u0151.<\/p>\n\n\n\n<p class=\"wp-block-paragraph\">De P\u00edsek egy\u00e9bk\u00e9nt tele van gy\u00f6ny\u00f6r\u0171 polg\u00e1rh\u00e1zakkal, amelyek meg\u00e9rdemlik a figyelmet. Az <strong>Elef\u00e1nt-h\u00e1z<\/strong>, az <strong>U Ber\u00e1nka<\/strong>, a <strong>Drl\u00ed\u010dov<\/strong>, a <strong>Chel\u010dick\u00e9ho 4<\/strong>, az <strong>U Matky Bo\u017e\u00ed<\/strong> \u2013 mindegyiknek megvan a maga t\u00f6rt\u00e9nete, d\u00edsz\u00edt\u00e9se, karaktere. Egyszer\u0171en azt javaslom, emeld fel a szemed a j\u00e1rd\u00e1r\u00f3l, \u00e9s n\u00e9zz felfel\u00e9. P\u00edsek megjutalmazza azokat, akik figyelmesen n\u00e9znek.<\/p>\n\n\n\n<h3 class=\"wp-block-heading\"><span class=\"ez-toc-section\" id=\"26_Uj_hid\"><\/span>26. \u00daj h\u00edd<span class=\"ez-toc-section-end\"><\/span><\/h3>\n\n\n\n<p class=\"wp-block-paragraph\">A m\u00e1sodik vil\u00e1gh\u00e1bor\u00fa alatt \u00e9p\u00fclt h\u00edd, ami \u00e9rdektelennek hangozhat, de val\u00f3j\u00e1ban \u00e9p\u00edt\u00e9szeti m\u0171eml\u00e9k. Tiszta, funkcion\u00e1lis diz\u00e1jn, eleg\u00e1ns \u00edv az Otava f\u00f6l\u00f6tt. Kiss\u00e9 h\u00edresebb k\u0151szomsz\u00e9dja \u00e1rny\u00e9k\u00e1ban \u00e1ll, de m\u00e9gis megeml\u00edtem.<\/p>\n\n\n\n<h3 class=\"wp-block-heading\"><span class=\"ez-toc-section\" id=\"27_Sokolovna\"><\/span>27. Sokolovna<span class=\"ez-toc-section-end\"><\/span><\/h3>\n\n\n\n<p class=\"wp-block-paragraph\">A Tyr\u0161 utc\u00e1ban 1895 \u00f3ta \u00e1ll a Sokolovna gazdag stukk\u00f3d\u00edsz\u00edt\u00e9ssel. A hazafis\u00e1g \u00e9s az egyes\u00fcleti \u00e9let k\u00f6zpontja volt: itt torn\u00e1ztak, \u00e9nekeltek, vitatkoztak \u00e9s \u00e9p\u00edtett\u00e9k a nemzeti identit\u00e1st. A sokol-torn\u00e1t m\u00e1ig folytatj\u00e1k benne.<\/p>\n\n\n\n<h3 class=\"wp-block-heading\"><span class=\"ez-toc-section\" id=\"28_Regi_posta\"><\/span>28. R\u00e9gi posta<span class=\"ez-toc-section-end\"><\/span><\/h3>\n\n\n\n<p class=\"wp-block-paragraph\">Gregorova utca, 125-\u00f6s h\u00e1zsz\u00e1m. A r\u00e9gi posta m\u00e9g a delizs\u00e1nszok kor\u00e1ra eml\u00e9kszik. K\u00e9pzeld el, ahogy ide \u00e9rkeztek a lovasfogatok levelekkel, csomagokkal \u00e9s n\u00e9ha porlepte utasokkal is. Egy olyan korban, amikor az e-mail azt jelentette, hogy egy galamb a szok\u00e1sosn\u00e1l gyorsabban hozta neked a h\u00edrt.<\/p>\n\n\n\n<h3 class=\"wp-block-heading\"><span class=\"ez-toc-section\" id=\"29_Raab-villa\"><\/span>29. Raab-villa<span class=\"ez-toc-section-end\"><\/span><\/h3>\n\n\n\n<p class=\"wp-block-paragraph\">\u00c9s most valami, ami nem sz\u0171nik meg leny\u0171g\u00f6zni. <strong>A Raab-villa az els\u0151 \u00f6n\u00e1ll\u00f3 \u00e9p\u00fclet, amelyet Du\u0161an Jurkovi\u010d \u00e9p\u00edt\u00e9sz tervezett.<\/strong> 1901. Adolf Raab gy\u00e1ros \u00e9p\u00edttette, \u00e9s a szlov\u00e1k \u00e9s sv\u00e1jci n\u00e9pi \u00e9p\u00edt\u00e9szet gy\u00f6ny\u00f6r\u0171 kever\u00e9ke. Fa elemek, romantikus r\u00e9szletek, minden t\u00f6k\u00e9letesen \u00e1tgondolva.<\/p>\n\n\n\n<p class=\"wp-block-paragraph\">A T\u00e1borsk\u00e1 \u00e9s a Sedl\u00e1\u010dkova utca keresztez\u0151d\u00e9s\u00e9n\u00e9l tal\u00e1lod. Hihetetlen, hogy ez a gy\u00f6ngyszem \u00e9ppen itt, P\u00edseken \u00e1ll. Jurkovi\u010d k\u00e9s\u0151bb eg\u00e9sz Csehorsz\u00e1gban \u00e9s Szlov\u00e1ki\u00e1ban \u00e9p\u00edtett, de n\u00e1lunk kezdte. P\u00edseki lakosk\u00e9nt nem lehetek r\u00e1 b\u00fcszke. \u263a\ufe0f<\/p>\n\n\n\n<h3 class=\"wp-block-heading\"><span class=\"ez-toc-section\" id=\"30_A_Melegnanonal_es_Solferinonal_elesettek_emlekmuve\"><\/span>30. A Melegnan\u00f3n\u00e1l \u00e9s Solferin\u00f3n\u00e1l elesettek eml\u00e9km\u0171ve<span class=\"ez-toc-section-end\"><\/span><\/h3>\n\n\n\n<figure data-wp-context=\"{&quot;imageId&quot;:&quot;6a952ed618c58&quot;}\" data-wp-interactive=\"core\/image\" data-wp-key=\"6a952ed618c58\" class=\"wp-block-image size-full wp-lightbox-container\"><img decoding=\"async\" width=\"2200\" height=\"1467\" data-wp-class--hide=\"state.isContentHidden\" data-wp-class--show=\"state.isContentVisible\" data-wp-init=\"callbacks.setButtonStyles\" data-wp-on--click=\"actions.showLightbox\" data-wp-on--load=\"callbacks.setButtonStyles\" data-wp-on--pointerdown=\"actions.preloadImage\" data-wp-on--pointerenter=\"actions.preloadImageWithDelay\" data-wp-on--pointerleave=\"actions.cancelPreload\" data-wp-on-window--resize=\"callbacks.setButtonStyles\" src=\"https:\/\/loudavymkrokem.cz\/wp-content\/uploads\/2026\/08\/pisek-pomnik-melegnano-solferino.jpg\" alt=\"A Melegnan\u00f3n\u00e1l \u00e9s Solferin\u00f3n\u00e1l elesettek eml\u00e9km\u0171ve P\u00edseken\" class=\"wp-image-399375\" title=\"\" srcset=\"https:\/\/loudavymkrokem.cz\/wp-content\/uploads\/2026\/08\/pisek-pomnik-melegnano-solferino.jpg 2200w, https:\/\/loudavymkrokem.cz\/wp-content\/uploads\/2026\/08\/pisek-pomnik-melegnano-solferino-300x200.jpg 300w, https:\/\/loudavymkrokem.cz\/wp-content\/uploads\/2026\/08\/pisek-pomnik-melegnano-solferino-700x467.jpg 700w, https:\/\/loudavymkrokem.cz\/wp-content\/uploads\/2026\/08\/pisek-pomnik-melegnano-solferino-768x512.jpg 768w, https:\/\/loudavymkrokem.cz\/wp-content\/uploads\/2026\/08\/pisek-pomnik-melegnano-solferino-1536x1024.jpg 1536w, https:\/\/loudavymkrokem.cz\/wp-content\/uploads\/2026\/08\/pisek-pomnik-melegnano-solferino-2048x1366.jpg 2048w, https:\/\/loudavymkrokem.cz\/wp-content\/uploads\/2026\/08\/pisek-pomnik-melegnano-solferino-696x464.jpg 696w, https:\/\/loudavymkrokem.cz\/wp-content\/uploads\/2026\/08\/pisek-pomnik-melegnano-solferino-1392x928.jpg 1392w, https:\/\/loudavymkrokem.cz\/wp-content\/uploads\/2026\/08\/pisek-pomnik-melegnano-solferino-1920x1280.jpg 1920w\" sizes=\"(max-width: 2200px) 100vw, 2200px\" \/><button\n\t\t\tclass=\"lightbox-trigger\"\n\t\t\ttype=\"button\"\n\t\t\taria-haspopup=\"dialog\"\n\t\t\tdata-wp-bind--aria-label=\"state.thisImage.triggerButtonAriaLabel\"\n\t\t\tdata-wp-init=\"callbacks.initTriggerButton\"\n\t\t\tdata-wp-on--click=\"actions.showLightbox\"\n\t\t\tdata-wp-style--right=\"state.thisImage.buttonRight\"\n\t\t\tdata-wp-style--top=\"state.thisImage.buttonTop\"\n\t\t>\n\t\t\t<svg xmlns=\"http:\/\/www.w3.org\/2000\/svg\" width=\"12\" height=\"12\" fill=\"none\" viewBox=\"0 0 12 12\">\n\t\t\t\t<path fill=\"#fff\" d=\"M2 0a2 2 0 0 0-2 2v2h1.5V2a.5.5 0 0 1 .5-.5h2V0H2Zm2 10.5H2a.5.5 0 0 1-.5-.5V8H0v2a2 2 0 0 0 2 2h2v-1.5ZM8 12v-1.5h2a.5.5 0 0 0 .5-.5V8H12v2a2 2 0 0 1-2 2H8Zm2-12a2 2 0 0 1 2 2v2h-1.5V2a.5.5 0 0 0-.5-.5H8V0h2Z\" \/>\n\t\t\t<\/svg>\n\t\t<\/button><\/figure>\n\n\n\n<p class=\"wp-block-paragraph\">Egy sz\u00e9tter\u00edtett z\u00e1szl\u00f3n \u00e1ll\u00f3 oroszl\u00e1n plasztik\u00e1ja, a csata ut\u00e1ni nyugalom szimb\u00f3luma. Az eml\u00e9km\u0171 a 11. p\u00edseki ezred katon\u00e1ira eml\u00e9keztet, akik az olaszorsz\u00e1gi Melegnan\u00f3n\u00e1l \u00e9s Solferin\u00f3n\u00e1l estek el 1859-ben. Nagyon messze az otthont\u00f3l, nagyon messze az Otav\u00e1t\u00f3l. Csendes, m\u00e9lt\u00f3s\u00e1gteljes eml\u00e9km\u0171, amelyn\u00e9l \u00e9rdemes egy pillanatra meg\u00e1llni.<\/p>\n\n\n\n<h3 class=\"wp-block-heading\"><span class=\"ez-toc-section\" id=\"31_Maria-kapolna\"><\/span>31. M\u00e1ria-k\u00e1polna<span class=\"ez-toc-section-end\"><\/span><\/h3>\n\n\n\n<p class=\"wp-block-paragraph\">Apr\u00f3 barokk m\u0171eml\u00e9k a belv\u00e1ros sz\u00e9l\u00e9n. Semmi nagyszab\u00e1s\u00fa templom, ink\u00e1bb egy nyugodt pont a v\u00e1ros t\u00e9rk\u00e9p\u00e9n. Pontosan az a fajta hely, amely mellett h\u00fasszor elm\u00e9sz, miel\u0151tt el\u0151sz\u00f6r \u00e9szreveszed, azt\u00e1n csod\u00e1lkozol, hogy tudtad \u00e1tn\u00e9zni.<\/p>\n\n\n\n<h3 class=\"wp-block-heading\"><span class=\"ez-toc-section\" id=\"32_Szentharomsag_templom\"><\/span>32. Szenth\u00e1roms\u00e1g templom<span class=\"ez-toc-section-end\"><\/span><\/h3>\n\n\n\n<figure data-wp-context=\"{&quot;imageId&quot;:&quot;6a952ed619413&quot;}\" data-wp-interactive=\"core\/image\" data-wp-key=\"6a952ed619413\" class=\"wp-block-image size-full wp-lightbox-container\"><img decoding=\"async\" width=\"1600\" height=\"1200\" data-wp-class--hide=\"state.isContentHidden\" data-wp-class--show=\"state.isContentVisible\" data-wp-init=\"callbacks.setButtonStyles\" data-wp-on--click=\"actions.showLightbox\" data-wp-on--load=\"callbacks.setButtonStyles\" data-wp-on--pointerdown=\"actions.preloadImage\" data-wp-on--pointerenter=\"actions.preloadImageWithDelay\" data-wp-on--pointerleave=\"actions.cancelPreload\" data-wp-on-window--resize=\"callbacks.setButtonStyles\" src=\"https:\/\/loudavymkrokem.cz\/wp-content\/uploads\/2026\/08\/kostel-nejsvetejsi-trojice-pisek.jpg\" alt=\"A Szenth\u00e1roms\u00e1g templom P\u00edseken\" class=\"wp-image-399710\" title=\"\" srcset=\"https:\/\/loudavymkrokem.cz\/wp-content\/uploads\/2026\/08\/kostel-nejsvetejsi-trojice-pisek.jpg 1600w, https:\/\/loudavymkrokem.cz\/wp-content\/uploads\/2026\/08\/kostel-nejsvetejsi-trojice-pisek-300x225.jpg 300w, https:\/\/loudavymkrokem.cz\/wp-content\/uploads\/2026\/08\/kostel-nejsvetejsi-trojice-pisek-700x525.jpg 700w, https:\/\/loudavymkrokem.cz\/wp-content\/uploads\/2026\/08\/kostel-nejsvetejsi-trojice-pisek-768x576.jpg 768w, https:\/\/loudavymkrokem.cz\/wp-content\/uploads\/2026\/08\/kostel-nejsvetejsi-trojice-pisek-1536x1152.jpg 1536w, https:\/\/loudavymkrokem.cz\/wp-content\/uploads\/2026\/08\/kostel-nejsvetejsi-trojice-pisek-80x60.jpg 80w, https:\/\/loudavymkrokem.cz\/wp-content\/uploads\/2026\/08\/kostel-nejsvetejsi-trojice-pisek-160x120.jpg 160w, https:\/\/loudavymkrokem.cz\/wp-content\/uploads\/2026\/08\/kostel-nejsvetejsi-trojice-pisek-696x522.jpg 696w, https:\/\/loudavymkrokem.cz\/wp-content\/uploads\/2026\/08\/kostel-nejsvetejsi-trojice-pisek-1392x1044.jpg 1392w\" sizes=\"(max-width: 1600px) 100vw, 1600px\" \/><button\n\t\t\tclass=\"lightbox-trigger\"\n\t\t\ttype=\"button\"\n\t\t\taria-haspopup=\"dialog\"\n\t\t\tdata-wp-bind--aria-label=\"state.thisImage.triggerButtonAriaLabel\"\n\t\t\tdata-wp-init=\"callbacks.initTriggerButton\"\n\t\t\tdata-wp-on--click=\"actions.showLightbox\"\n\t\t\tdata-wp-style--right=\"state.thisImage.buttonRight\"\n\t\t\tdata-wp-style--top=\"state.thisImage.buttonTop\"\n\t\t>\n\t\t\t<svg xmlns=\"http:\/\/www.w3.org\/2000\/svg\" width=\"12\" height=\"12\" fill=\"none\" viewBox=\"0 0 12 12\">\n\t\t\t\t<path fill=\"#fff\" d=\"M2 0a2 2 0 0 0-2 2v2h1.5V2a.5.5 0 0 1 .5-.5h2V0H2Zm2 10.5H2a.5.5 0 0 1-.5-.5V8H0v2a2 2 0 0 0 2 2h2v-1.5ZM8 12v-1.5h2a.5.5 0 0 0 .5-.5V8H12v2a2 2 0 0 1-2 2H8Zm2-12a2 2 0 0 1 2 2v2h-1.5V2a.5.5 0 0 0-.5-.5H8V0h2Z\" \/>\n\t\t\t<\/svg>\n\t\t<\/button><\/figure>\n\n\n\n<p class=\"wp-block-paragraph\">K\u00e9s\u0151 g\u00f3tikus templom 1576-b\u00f3l, mellette r\u00e9gi temet\u0151vel. \u00c9s most a l\u00e9nyeg, teljesen <strong>leny\u0171g\u00f6z\u0151 az akusztik\u00e1ja<\/strong>. Ez\u00e9rt ma koncertteremk\u00e9nt szolg\u00e1l, \u00e9s \u00e9l\u0151 zen\u00e9t hallgatni itt olyan \u00e9lm\u00e9ny, amelyet nem felejtesz el. G\u00f3tikus boltozatok, r\u00e9gi s\u00edrk\u00f6vek az ablakokon t\u00fal, \u00e9s egy hang, amely minden oldalr\u00f3l \u00e1t\u00f6lel. Ha \u00e9pp lesz itt koncert, menj el. Gondolkod\u00e1s n\u00e9lk\u00fcl.<\/p>\n\n\n\n<h3 class=\"wp-block-heading\"><span class=\"ez-toc-section\" id=\"33_Szent_Vencel_templom\"><\/span>33. Szent Vencel templom<span class=\"ez-toc-section-end\"><\/span><\/h3>\n\n\n\n<figure data-wp-context=\"{&quot;imageId&quot;:&quot;6a952ed6199c6&quot;}\" data-wp-interactive=\"core\/image\" data-wp-key=\"6a952ed6199c6\" class=\"wp-block-image size-full wp-lightbox-container\"><img decoding=\"async\" width=\"1600\" height=\"1071\" data-wp-class--hide=\"state.isContentHidden\" data-wp-class--show=\"state.isContentVisible\" data-wp-init=\"callbacks.setButtonStyles\" data-wp-on--click=\"actions.showLightbox\" data-wp-on--load=\"callbacks.setButtonStyles\" data-wp-on--pointerdown=\"actions.preloadImage\" data-wp-on--pointerenter=\"actions.preloadImageWithDelay\" data-wp-on--pointerleave=\"actions.cancelPreload\" data-wp-on-window--resize=\"callbacks.setButtonStyles\" src=\"https:\/\/loudavymkrokem.cz\/wp-content\/uploads\/2026\/08\/kostel-sv-vaclava-pisek-vaclavske-predmesti.jpg\" alt=\"A Szent Vencel templom a Vencel-k\u00fclv\u00e1rosban P\u00edseken\" class=\"wp-image-399713\" title=\"\" srcset=\"https:\/\/loudavymkrokem.cz\/wp-content\/uploads\/2026\/08\/kostel-sv-vaclava-pisek-vaclavske-predmesti.jpg 1600w, https:\/\/loudavymkrokem.cz\/wp-content\/uploads\/2026\/08\/kostel-sv-vaclava-pisek-vaclavske-predmesti-300x201.jpg 300w, https:\/\/loudavymkrokem.cz\/wp-content\/uploads\/2026\/08\/kostel-sv-vaclava-pisek-vaclavske-predmesti-700x469.jpg 700w, https:\/\/loudavymkrokem.cz\/wp-content\/uploads\/2026\/08\/kostel-sv-vaclava-pisek-vaclavske-predmesti-768x514.jpg 768w, https:\/\/loudavymkrokem.cz\/wp-content\/uploads\/2026\/08\/kostel-sv-vaclava-pisek-vaclavske-predmesti-1536x1028.jpg 1536w, https:\/\/loudavymkrokem.cz\/wp-content\/uploads\/2026\/08\/kostel-sv-vaclava-pisek-vaclavske-predmesti-696x466.jpg 696w, https:\/\/loudavymkrokem.cz\/wp-content\/uploads\/2026\/08\/kostel-sv-vaclava-pisek-vaclavske-predmesti-1392x932.jpg 1392w\" sizes=\"(max-width: 1600px) 100vw, 1600px\" \/><button\n\t\t\tclass=\"lightbox-trigger\"\n\t\t\ttype=\"button\"\n\t\t\taria-haspopup=\"dialog\"\n\t\t\tdata-wp-bind--aria-label=\"state.thisImage.triggerButtonAriaLabel\"\n\t\t\tdata-wp-init=\"callbacks.initTriggerButton\"\n\t\t\tdata-wp-on--click=\"actions.showLightbox\"\n\t\t\tdata-wp-style--right=\"state.thisImage.buttonRight\"\n\t\t\tdata-wp-style--top=\"state.thisImage.buttonTop\"\n\t\t>\n\t\t\t<svg xmlns=\"http:\/\/www.w3.org\/2000\/svg\" width=\"12\" height=\"12\" fill=\"none\" viewBox=\"0 0 12 12\">\n\t\t\t\t<path fill=\"#fff\" d=\"M2 0a2 2 0 0 0-2 2v2h1.5V2a.5.5 0 0 1 .5-.5h2V0H2Zm2 10.5H2a.5.5 0 0 1-.5-.5V8H0v2a2 2 0 0 0 2 2h2v-1.5ZM8 12v-1.5h2a.5.5 0 0 0 .5-.5V8H12v2a2 2 0 0 1-2 2H8Zm2-12a2 2 0 0 1 2 2v2h-1.5V2a.5.5 0 0 0-.5-.5H8V0h2Z\" \/>\n\t\t\t<\/svg>\n\t\t<\/button><\/figure>\n\n\n\n<p class=\"wp-block-paragraph\"><strong>P\u00edsek legr\u00e9gibb szakr\u00e1lis helye<\/strong>, amely m\u00e1r 1200 k\u00f6r\u00fcl dokument\u00e1lt, a mai g\u00f3tikus-renesz\u00e1nsz \u00e9p\u00fclet a 16. sz\u00e1zadb\u00f3l val\u00f3, \u00e9s a Vencel-k\u00fclv\u00e1rosban \u00e1ll. Itt tal\u00e1lod a <strong>val\u00f3sz\u00edn\u0171leg legr\u00e9gibb fresk\u00f3\u00e1br\u00e1zol\u00e1st Husz J\u00e1nos meg\u00e9get\u00e9s\u00e9r\u0151l eg\u00e9sz Eur\u00f3p\u00e1ban<\/strong>. P\u00edseken! Csak sz\u00e1molj azzal, hogy a belsej\u00e9be t\u00f6bbnyire csak a mis\u00e9k alkalm\u00e1val juthatsz be.<\/p>\n\n\n\n<p class=\"wp-block-paragraph\">Ez sokkal t\u00f6bb figyelmet \u00e9rdemelne, mint amennyit kap. Ha \u00e9rdekel a t\u00f6rt\u00e9nelem, itt valami igaz\u00e1n k\u00fcl\u00f6nleges dolog mellett \u00e1llsz.<\/p>\n\n\n\n<h3 class=\"wp-block-heading\"><span class=\"ez-toc-section\" id=\"34_Foldvar_Hradiste\"><\/span>34. F\u00f6ldv\u00e1r (Hradi\u0161t\u011b)<span class=\"ez-toc-section-end\"><\/span><\/h3>\n\n\n\n<p class=\"wp-block-paragraph\">\u0150si telep\u00fcl\u00e9s maradv\u00e1nyai abb\u00f3l az id\u0151b\u0151l, amikor P\u00edsek v\u00e1rosa m\u00e9g nem l\u00e9tezett. Emberek \u00e9ltek itt m\u00e1r j\u00f3val azel\u0151tt, hogy valaki lerakta a K\u0151h\u00edd els\u0151 k\u00f6v\u00e9t. Elgondolkodtat\u00f3 \u2013 egy olyan helyen \u00e1llsz, ahol tal\u00e1n \u00e9vezredekkel ezel\u0151tt telepedtek le emberek, mert j\u00f3 volt nekik itt. \u00c9s j\u00f3 itt lenni ma is.<\/p>\n\n\n\n<h3 class=\"wp-block-heading\"><span class=\"ez-toc-section\" id=\"35_A_fajdalmas_kovek_utja\"><\/span>35. A f\u00e1jdalmas k\u00f6vek \u00fatja<span class=\"ez-toc-section-end\"><\/span><\/h3>\n\n\n\n<p class=\"wp-block-paragraph\">A U Vod\u00e1ka vadaskertt\u0151l nagyj\u00e1b\u00f3l 1,5 km-re tal\u00e1lsz egy utat, amely meglephet. <strong>14 k\u0151t\u00f6mb<\/strong> szeg\u00e9lyezi az \u00f6sv\u00e9nyt, \u00e9s mindegyik egy-egy modern szenved\u00e9st szimboliz\u00e1l \u2013 depresszi\u00f3, mag\u00e1ny, ki\u00e9g\u00e9s, szeretett szem\u00e9ly elveszt\u00e9se, f\u00fcgg\u0151s\u00e9g&#8230;<\/p>\n\n\n\n<p class=\"wp-block-paragraph\">Nem egy lehangol\u00f3 s\u00e9ta, m\u00e9g ha \u00edgy is hangozhat. Ink\u00e1bb annak megnevez\u00e9se, amir\u0151l norm\u00e1l esetben nem besz\u00e9l\u00fcnk. \u00c9s az \u00fat rem\u00e9nnyel v\u00e9gz\u0151dik \u2013 egy kil\u00e1t\u00f3val, ahonnan messzire l\u00e1tsz. Metaforak\u00e9nt gy\u00f6ny\u00f6r\u0171en m\u0171k\u00f6dik. S\u00e9tak\u00e9nt is.<\/p>\n\n\n\n<h3 class=\"wp-block-heading\"><span class=\"ez-toc-section\" id=\"36_Marta-villa_es_a_Dagmar_Simkova-gyaloghid\"><\/span>36. Marta-villa \u00e9s a Dagmar \u0160imkov\u00e1-gyalogh\u00edd<span class=\"ez-toc-section-end\"><\/span><\/h3>\n\n\n\n<figure data-wp-context=\"{&quot;imageId&quot;:&quot;6a952ed61a053&quot;}\" data-wp-interactive=\"core\/image\" data-wp-key=\"6a952ed61a053\" class=\"wp-block-image size-full wp-lightbox-container\"><img decoding=\"async\" width=\"1200\" height=\"800\" data-wp-class--hide=\"state.isContentHidden\" data-wp-class--show=\"state.isContentVisible\" data-wp-init=\"callbacks.setButtonStyles\" data-wp-on--click=\"actions.showLightbox\" data-wp-on--load=\"callbacks.setButtonStyles\" data-wp-on--pointerdown=\"actions.preloadImage\" data-wp-on--pointerenter=\"actions.preloadImageWithDelay\" data-wp-on--pointerleave=\"actions.cancelPreload\" data-wp-on-window--resize=\"callbacks.setButtonStyles\" src=\"https:\/\/loudavymkrokem.cz\/wp-content\/uploads\/2026\/08\/lavka-dagmar-simkove-pisek.jpg\" alt=\"A Dagmar \u0160imkov\u00e1-gyalogh\u00edd az Otava f\u00f6l\u00f6tt P\u00edseken\" class=\"wp-image-399611\" title=\"\" srcset=\"https:\/\/loudavymkrokem.cz\/wp-content\/uploads\/2026\/08\/lavka-dagmar-simkove-pisek.jpg 1200w, https:\/\/loudavymkrokem.cz\/wp-content\/uploads\/2026\/08\/lavka-dagmar-simkove-pisek-300x200.jpg 300w, https:\/\/loudavymkrokem.cz\/wp-content\/uploads\/2026\/08\/lavka-dagmar-simkove-pisek-700x467.jpg 700w, https:\/\/loudavymkrokem.cz\/wp-content\/uploads\/2026\/08\/lavka-dagmar-simkove-pisek-768x512.jpg 768w, https:\/\/loudavymkrokem.cz\/wp-content\/uploads\/2026\/08\/lavka-dagmar-simkove-pisek-696x464.jpg 696w\" sizes=\"(max-width: 1200px) 100vw, 1200px\" \/><button\n\t\t\tclass=\"lightbox-trigger\"\n\t\t\ttype=\"button\"\n\t\t\taria-haspopup=\"dialog\"\n\t\t\tdata-wp-bind--aria-label=\"state.thisImage.triggerButtonAriaLabel\"\n\t\t\tdata-wp-init=\"callbacks.initTriggerButton\"\n\t\t\tdata-wp-on--click=\"actions.showLightbox\"\n\t\t\tdata-wp-style--right=\"state.thisImage.buttonRight\"\n\t\t\tdata-wp-style--top=\"state.thisImage.buttonTop\"\n\t\t>\n\t\t\t<svg xmlns=\"http:\/\/www.w3.org\/2000\/svg\" width=\"12\" height=\"12\" fill=\"none\" viewBox=\"0 0 12 12\">\n\t\t\t\t<path fill=\"#fff\" d=\"M2 0a2 2 0 0 0-2 2v2h1.5V2a.5.5 0 0 1 .5-.5h2V0H2Zm2 10.5H2a.5.5 0 0 1-.5-.5V8H0v2a2 2 0 0 0 2 2h2v-1.5ZM8 12v-1.5h2a.5.5 0 0 0 .5-.5V8H12v2a2 2 0 0 1-2 2H8Zm2-12a2 2 0 0 1 2 2v2h-1.5V2a.5.5 0 0 0-.5-.5H8V0h2Z\" \/>\n\t\t\t<\/svg>\n\t\t<\/button><\/figure>\n\n\n\n<p class=\"wp-block-paragraph\">Egy t\u00f6rt\u00e9net, amelyb\u0151l eg\u00e9sz film kikerekedne. <strong>Dagmar \u0160imkov\u00e1<\/strong> politikai fogoly volt, akit az \u00e1llamrend\u0151rs\u00e9g \u00e9ppen itt, a gy\u00f6ny\u00f6r\u0171 Marta-vill\u00e1ban tart\u00f3ztatott le P\u00edseken. \u00c9veket t\u00f6lt\u00f6tt kommunista b\u00f6rt\u00f6n\u00f6kben, \u00e9s \u00edrt err\u0151l egy k\u00f6nyvet, <strong>My is ott voltunk<\/strong> (Byly jsme tam taky) c\u00edmmel \u2013 ha nem ismered, olvasd el.<\/p>\n\n\n\n<p class=\"wp-block-paragraph\">2018-ban a tisztelet\u00e9re megny\u00edlt egy eleg\u00e1ns <strong>gyalogh\u00edd az Otava f\u00f6l\u00f6tt<\/strong> \u2013 140 m\u00e9ter hossz\u00fa, <strong>Josef Pleskot<\/strong> \u00e9p\u00edt\u00e9sz tervezte, aki egy\u00e9bk\u00e9nt p\u00edseki sz\u00fclet\u00e9s\u0171. A gyalogh\u00edd gy\u00f6ny\u00f6r\u0171, l\u00e9gies, modern, \u00e9s m\u00e9gis neh\u00e9z \u00e9s fontos t\u00f6rt\u00e9netet hordoz. A v\u00e1ros egyik legszebb helye babakocsis s\u00e9t\u00e1hoz \u00e9s fut\u00e1shoz is.<\/p>\n\n\n\n<h3 class=\"wp-block-heading\"><span class=\"ez-toc-section\" id=\"37_Frana_Sramek_Szinhaz\"><\/span>37. Fr\u00e1\u0148a \u0160r\u00e1mek Sz\u00ednh\u00e1z<span class=\"ez-toc-section-end\"><\/span><\/h3>\n\n\n\n<figure data-wp-context=\"{&quot;imageId&quot;:&quot;6a952ed61a4b0&quot;}\" data-wp-interactive=\"core\/image\" data-wp-key=\"6a952ed61a4b0\" class=\"wp-block-image size-full wp-lightbox-container\"><img decoding=\"async\" width=\"1600\" height=\"1066\" data-wp-class--hide=\"state.isContentHidden\" data-wp-class--show=\"state.isContentVisible\" data-wp-init=\"callbacks.setButtonStyles\" data-wp-on--click=\"actions.showLightbox\" data-wp-on--load=\"callbacks.setButtonStyles\" data-wp-on--pointerdown=\"actions.preloadImage\" data-wp-on--pointerenter=\"actions.preloadImageWithDelay\" data-wp-on--pointerleave=\"actions.cancelPreload\" data-wp-on-window--resize=\"callbacks.setButtonStyles\" src=\"https:\/\/loudavymkrokem.cz\/wp-content\/uploads\/2026\/08\/divadlo-frani-sramka-pisek.jpg\" alt=\"A Fr\u00e1\u0148a \u0160r\u00e1mek Sz\u00ednh\u00e1z P\u00edseken\" class=\"wp-image-399705\" title=\"\" srcset=\"https:\/\/loudavymkrokem.cz\/wp-content\/uploads\/2026\/08\/divadlo-frani-sramka-pisek.jpg 1600w, https:\/\/loudavymkrokem.cz\/wp-content\/uploads\/2026\/08\/divadlo-frani-sramka-pisek-300x200.jpg 300w, https:\/\/loudavymkrokem.cz\/wp-content\/uploads\/2026\/08\/divadlo-frani-sramka-pisek-700x466.jpg 700w, https:\/\/loudavymkrokem.cz\/wp-content\/uploads\/2026\/08\/divadlo-frani-sramka-pisek-768x512.jpg 768w, https:\/\/loudavymkrokem.cz\/wp-content\/uploads\/2026\/08\/divadlo-frani-sramka-pisek-1536x1023.jpg 1536w, https:\/\/loudavymkrokem.cz\/wp-content\/uploads\/2026\/08\/divadlo-frani-sramka-pisek-696x464.jpg 696w, https:\/\/loudavymkrokem.cz\/wp-content\/uploads\/2026\/08\/divadlo-frani-sramka-pisek-1392x927.jpg 1392w\" sizes=\"(max-width: 1600px) 100vw, 1600px\" \/><button\n\t\t\tclass=\"lightbox-trigger\"\n\t\t\ttype=\"button\"\n\t\t\taria-haspopup=\"dialog\"\n\t\t\tdata-wp-bind--aria-label=\"state.thisImage.triggerButtonAriaLabel\"\n\t\t\tdata-wp-init=\"callbacks.initTriggerButton\"\n\t\t\tdata-wp-on--click=\"actions.showLightbox\"\n\t\t\tdata-wp-style--right=\"state.thisImage.buttonRight\"\n\t\t\tdata-wp-style--top=\"state.thisImage.buttonTop\"\n\t\t>\n\t\t\t<svg xmlns=\"http:\/\/www.w3.org\/2000\/svg\" width=\"12\" height=\"12\" fill=\"none\" viewBox=\"0 0 12 12\">\n\t\t\t\t<path fill=\"#fff\" d=\"M2 0a2 2 0 0 0-2 2v2h1.5V2a.5.5 0 0 1 .5-.5h2V0H2Zm2 10.5H2a.5.5 0 0 1-.5-.5V8H0v2a2 2 0 0 0 2 2h2v-1.5ZM8 12v-1.5h2a.5.5 0 0 0 .5-.5V8H12v2a2 2 0 0 1-2 2H8Zm2-12a2 2 0 0 1 2 2v2h-1.5V2a.5.5 0 0 0-.5-.5H8V0h2Z\" \/>\n\t\t\t<\/svg>\n\t\t<\/button><\/figure>\n\n\n\n<p class=\"wp-block-paragraph\">Ki gondolta volna, hogy egy egykori katonai l\u0151t\u00e9rb\u0151l egyszer sz\u00ednh\u00e1z lesz? 1940-ben ny\u00edlt meg, m\u00e9gpedig r\u00f6gt\u00f6n az Eladott menyasszonnyal \u2014 Smetana biztosan \u00f6r\u00fclne. A Fr\u00e1\u0148a \u0160r\u00e1mek nevet csak 1991-ben kapta.<\/p>\n\n\n\n<p class=\"wp-block-paragraph\">Bent gy\u00f6ny\u00f6r\u0171 t\u00f6rt\u00e9nelmi f\u00fcgg\u00f6nyt \u00e9s Libor Hurda szobr\u00e1sz \u00fcl\u0151helyeit tal\u00e1lod. A sz\u00ednh\u00e1znak megvan a maga lelke \u00e9s hangulata, amely a nagyobb sz\u00ednpadokb\u00f3l n\u00e9ha hi\u00e1nyzik. A m\u0171sort \u00e9rdemes k\u00f6vetni, rendszeresen \u00e9s sz\u00ednvonalasan j\u00e1tszanak itt.<\/p>\n\n\n\n<!-- LKM_GYG_CARD start q=\"pisku\" lang=\"hu\" rendered=\"2026-08-31T06:07:21+00:00\" v=\"1\" -->\n\n<!-- LKM_GYG_CARD end -->\n\n\n\n\n<div class=\"lk-stays-module\">\n<style>\n\/* \u2500\u2500\u2500 RESET PRO GUTENBERG \u2500\u2500\u2500 *\/\n.lk-stays-module * { box-sizing: border-box; margin: 0; padding: 0; }\n\n\/* \u2500\u2500\u2500 WRAPPER \u2500\u2500\u2500 *\/\n.lk-stays-module {\n  font-family: 'DM Sans', Georgia, sans-serif;\n  max-width: 100%;\n  margin: 2.5rem auto;\n  background: linear-gradient(135deg, #fdfaf5 0%, #fcf8f0 100%);\n  border: 1px solid #e8dfd4;\n  border-radius: 16px;\n  overflow: hidden;\n  box-shadow: 0 16px 48px rgba(195, 159, 118, 0.25), 0 4px 12px rgba(0,0,0,0.08);\n}\n\n\/* \u2500\u2500\u2500 HEADER \u2500\u2500\u2500 *\/\n.lk-stays-header {\n  position: relative;\n  padding: 24px 36px 24px;\n  background: linear-gradient(135deg, #c39f76 0%, #d4b188 60%, #c39f76 100%);\n  border-bottom: 1px solid rgba(255,255,255,.15);\n  display: flex;\n  align-items: center;\n  gap: 18px;\n}\n.lk-stays-header::before {\n  content: '';\n  position: absolute;\n  inset: 0;\n  background: url(\"data:image\/svg+xml,%3Csvg width='60' height='60' viewBox='0 0 60 60' xmlns='http:\/\/www.w3.org\/2000\/svg'%3E%3Cg fill='none' fill-rule='evenodd'%3E%3Cg fill='%23ffffff' fill-opacity='0.05'%3E%3Cpath d='M36 34v-4h-2v4h-4v2h4v4h2v-4h4v-2h-4zm0-30V0h-2v4h-4v2h4v4h2V6h4V4h-4zM6 34v-4H4v4H0v2h4v4h2v-4h4v-2H6zM6 4V0H4v4H0v2h4v4h2V6h4V4H6z'\/%3E%3C\/g%3E%3C\/g%3E%3C\/svg%3E\") repeat;\n  pointer-events: none;\n}\n.lk-stays-icon {\n  flex-shrink: 0;\n  width: 68px;\n  height: 68px;\n  border-radius: 14px;\n  background: linear-gradient(135deg, #fff 0%, #f9f6f0 100%);\n  display: flex;\n  align-items: center;\n  justify-content: center;\n  font-size: 26px;\n  box-shadow: 0 4px 12px rgba(0,0,0,0.15);\n}\n.lk-stays-eyebrow {\n  font-size: 10px;\n  font-weight: 500;\n  letter-spacing: 2.5px;\n  text-transform: uppercase;\n  color: rgba(255,255,255,.85);\n  margin: 0 0 5px 0;\n}\n.lk-stays-title {\n  font-family: 'Playfair Display', Georgia, serif;\n  font-size: 24px;\n  font-weight: 700;\n  color: #fff;\n  line-height: 1.2;\n  text-shadow: 0 1px 2px rgba(0,0,0,0.1);\n  margin: 0;\n}\n.lk-stays-subtitle {\n  font-size: 13px;\n  color: rgba(255,255,255,.75);\n  margin: 4px 0 0 0;\n  font-weight: 300;\n}\n\n\/* \u2500\u2500\u2500 CARDS GRID \u2500\u2500\u2500 *\/\n.lk-stays-grid {\n  display: grid;\n  grid-template-columns: 1fr 1fr;\n  gap: 1px;\n  background: rgba(195, 159, 118, 0.12);\n}\n\n\/* \u2500\u2500\u2500 SINGLE CARD \u2500\u2500\u2500 *\/\n.lk-stay-card {\n  background: #ffffff;\n  padding: 26px;\n  display: flex;\n  flex-direction: column;\n  gap: 11px;\n  transition: all 0.3s ease;\n  text-decoration: none;\n  color: inherit;\n  position: relative;\n}\n.lk-stay-card:hover {\n  background: #fffbf5;\n  transform: translateY(-2px);\n  box-shadow: 0 8px 24px rgba(195, 159, 118, 0.18);\n  z-index: 1;\n}\n.lk-stay-card.featured {\n  background: linear-gradient(135deg, #fffdf9 0%, #fff9f0 100%);\n  box-shadow: 0 4px 16px rgba(195, 159, 118, 0.15), inset 0 1px 0 rgba(195, 159, 118, 0.1);\n}\n.lk-stay-card.featured:hover {\n  background: linear-gradient(135deg, #fffbf5 0%, #fff8ed 100%);\n  box-shadow: 0 8px 24px rgba(195, 159, 118, 0.25), inset 0 1px 0 rgba(195, 159, 118, 0.15);\n}\n\n.lk-stay-badge {\n  display: inline-flex;\n  align-items: center;\n  gap: 5px;\n  font-size: 10px;\n  font-weight: 500;\n  letter-spacing: 1.5px;\n  text-transform: uppercase;\n  padding: 5px 11px;\n  border-radius: 20px;\n  width: fit-content;\n}\n.badge-top     { background: linear-gradient(135deg, #c39f76 0%, #d4b188 100%); color: #fff; border: 1px solid #c39f76; font-weight: 600; box-shadow: 0 2px 8px rgba(195,159,118,0.3); }\n.badge-luxury  { background: rgba(195,159,118,.12); color: #c39f76; border: 1px solid rgba(195,159,118,.25); }\n.badge-boutique{ background: rgba(54,133,252,.08); color: #3685fc; border: 1px solid rgba(54,133,252,.2); }\n.badge-nature  { background: rgba(130,190,100,.1); color: #6b9c4a; border: 1px solid rgba(130,190,100,.2); }\n.badge-remote  { background: rgba(195,159,118,.12); color: #a67e50; border: 1px solid rgba(195,159,118,.25); }\n\n.lk-stay-name {\n  font-family: 'Playfair Display', Georgia, serif;\n  font-size: 18px;\n  font-weight: 700;\n  color: #111827;\n  line-height: 1.3;\n}\n.lk-stay-desc {\n  font-size: 13.5px;\n  color: #525252;\n  line-height: 1.65;\n  font-weight: 300;\n  flex: 1;\n}\n\n.lk-stay-meta {\n  display: flex;\n  align-items: center;\n  gap: 12px;\n  flex-wrap: wrap;\n  margin-top: 4px;\n}\n.lk-stay-price {\n  font-size: 13px;\n  color: #6b7280;\n}\n.lk-stay-price strong {\n  color: #c39f76;\n  font-weight: 500;\n}\n.lk-stay-stars {\n  color: #c39f76;\n  font-size: 11px;\n  letter-spacing: 1px;\n}\n\n\/* \u2500\u2500\u2500 CTA BUTTON \u2500\u2500\u2500 *\/\n.lk-stay-cta {\n  display: inline-flex;\n  align-items: center;\n  justify-content: center;\n  gap: 7px;\n  margin-top: 8px;\n  padding: 11px 20px;\n  border-radius: 8px;\n  background: linear-gradient(135deg, #3685fc 0%, #2a6fd9 100%);\n  color: #fff;\n  font-size: 13px;\n  font-weight: 500;\n  text-decoration: none;\n  letter-spacing: .3px;\n  transition: all .2s ease;\n  cursor: pointer;\n  border: none;\n  text-align: center;\n  box-shadow: 0 4px 12px rgba(54, 133, 252, 0.25);\n}\n.lk-stay-cta:hover {\n  background: linear-gradient(135deg, #2a6fd9 0%, #1e5bc4 100%);\n  transform: translateY(-1px);\n  box-shadow: 0 6px 16px rgba(54, 133, 252, 0.35);\n}\n.lk-stay-cta svg { flex-shrink: 0; }\n\n\/* \u2500\u2500\u2500 FOOTER \u2500\u2500\u2500 *\/\n.lk-stays-footer {\n  padding: 18px 36px;\n  background: linear-gradient(to bottom, #fdfaf5 0%, #f9f4ed 100%);\n  border-top: 1px solid rgba(195, 159, 118, 0.15);\n  display: flex;\n  align-items: center;\n  justify-content: space-between;\n  flex-wrap: wrap;\n  gap: 12px;\n}\n.lk-stays-footer-note {\n  font-size: 11.5px;\n  color: #6b7280;\n  font-weight: 300;\n  line-height: 1.5;\n}\n.lk-stays-footer-note a {\n  color: #c39f76;\n  text-decoration: none;\n  font-weight: 400;\n}\n.lk-stays-footer-note a:hover {\n  text-decoration: underline;\n}\n.lk-stays-all-btn {\n  display: inline-flex;\n  align-items: center;\n  gap: 6px;\n  font-size: 12.5px;\n  font-weight: 500;\n  color: #c39f76;\n  text-decoration: none;\n  border: 1px solid rgba(195, 159, 118, 0.35);\n  padding: 8px 18px;\n  border-radius: 8px;\n  transition: all .2s ease;\n}\n.lk-stays-all-btn:hover {\n  background: rgba(195, 159, 118, 0.08);\n  border-color: rgba(195, 159, 118, 0.5);\n}\n\n\/* \u2500\u2500\u2500 RESPONSIVE \u2500\u2500\u2500 *\/\n@media (max-width: 600px) {\n  .lk-stays-grid { grid-template-columns: 1fr; }\n  .lk-stays-header { padding: 24px 20px; }\n  .lk-stays-footer { padding: 16px 20px; }\n  .lk-stay-card { padding: 22px; }\n  .lk-stays-title { font-size: 20px; }\n}\n<\/style>\n\n  <!-- HEADER -->\n  <div class=\"lk-stays-header\">\n    <img decoding=\"async\" src=\"https:\/\/loudavymkrokem.cz\/wp-content\/uploads\/2026\/02\/lukas-a-lucka.jpg\" alt=\"\" style=\"width: 75px; height: 75px; border-radius: 8px; flex-shrink: 0; object-fit: cover; display: block; margin: 4px 0;\" title=\"\">\n    <div class=\"lk-stays-header-text\">\n      <div class=\"lk-stays-eyebrow\">Luk\u00e1\u0161 \u00e9s Lucie aj\u00e1nlj\u00e1k<\/div>\n      <div class=\"lk-stays-title\">Hol sz\u00e1lljon meg P\u00edskban<\/div>\n      <div class=\"lk-stays-subtitle\">5 sz\u00e1ll\u00e1s \u2014 hotelek \u00e9s egy\u00e9b sz\u00e1ll\u00e1slehet\u0151s\u00e9gek<\/div>\n    <\/div>\n  <\/div>\n\n  <!-- CARDS -->\n  <div class=\"lk-stays-grid\">\n\n    <a class=\"lk-stay-card featured\" href=\"https:\/\/www.stay22.com\/allez\/roam?aid=lukaskonecny&#038;campaign=loudavymkrokemcz&#038;campaign=hu&#038;campaign=co-videt-v-pisku&#038;hotelname=Hotel%20Biograf&#038;address=P%C3%ADsek%2C%20%C4%8Cesko\" target=\"_blank\" rel=\"nofollow noopener\">\n      <span class=\"lk-stay-badge badge-top\">\u2b50 TOP V\u00c1LASZT\u00c1S<\/span>\n      <span class=\"lk-stay-badge badge-nature\">\ud83c\udfe8 Hotel<\/span>\n      <div class=\"lk-stay-name\">Hotel Biograf<\/div>\n      <div class=\"lk-stay-desc\">4 csillagos hotel egy egykori moziban. \u00c9rt\u00e9kel\u00e9s 8.6\/10, modern szob\u00e1k, finn szauna, massz\u00e1zs.<\/div>\n      <div class=\"lk-stay-meta\">\n        <span class=\"lk-stay-stars\">\u2605\u2605\u2605\u2605<\/span>\n        <span class=\"lk-stay-price\">\u00c1rak ellen\u0151rz\u00e9se<\/span>\n      <\/div>\n      <span class=\"lk-stay-cta\">\n        <svg width=\"14\" height=\"14\" viewBox=\"0 0 24 24\" fill=\"none\" stroke=\"currentColor\" stroke-width=\"2\"><path d=\"M18 13v6a2 2 0 0 1-2 2H5a2 2 0 0 1-2-2V8a2 2 0 0 1 2-2h6\"\/><polyline points=\"15 3 21 3 21 9\"\/><line x1=\"10\" y1=\"14\" x2=\"21\" y2=\"3\"\/><\/svg>\n        Ellen\u0151rizd az el\u00e9rhet\u0151s\u00e9get\n      <\/span>\n    <\/a>\n\n    <a class=\"lk-stay-card\" href=\"https:\/\/www.stay22.com\/allez\/roam?aid=lukaskonecny&#038;campaign=loudavymkrokemcz&#038;campaign=hu&#038;campaign=co-videt-v-pisku&#038;hotelname=Hotel%20U%20Kapli%C4%8Dky&#038;address=P%C3%ADsek%2C%20%C4%8Cesko\" target=\"_blank\" rel=\"nofollow noopener\">\n      <span class=\"lk-stay-badge badge-nature\">\ud83c\udfe8 Hotel<\/span>\n      <div class=\"lk-stay-name\">Hotel U Kapli\u010dky<\/div>\n      <div class=\"lk-stay-desc\">Klasszikus hotel kellemes l\u00e9gk\u00f6rrel \u00e9s Chapelle \u00e9tteremmel (Michelin Selected).<\/div>\n      <div class=\"lk-stay-meta\">\n        <span class=\"lk-stay-stars\">\u2605\u2605\u2605\u2605<\/span>\n        <span class=\"lk-stay-price\">\u00c1rak ellen\u0151rz\u00e9se<\/span>\n      <\/div>\n      <span class=\"lk-stay-cta\">\n        <svg width=\"14\" height=\"14\" viewBox=\"0 0 24 24\" fill=\"none\" stroke=\"currentColor\" stroke-width=\"2\"><path d=\"M18 13v6a2 2 0 0 1-2 2H5a2 2 0 0 1-2-2V8a2 2 0 0 1 2-2h6\"\/><polyline points=\"15 3 21 3 21 9\"\/><line x1=\"10\" y1=\"14\" x2=\"21\" y2=\"3\"\/><\/svg>\n        Ellen\u0151rizd az el\u00e9rhet\u0151s\u00e9get\n      <\/span>\n    <\/a>\n\n    <a class=\"lk-stay-card\" href=\"https:\/\/www.stay22.com\/allez\/roam?aid=lukaskonecny&#038;campaign=loudavymkrokemcz&#038;campaign=hu&#038;campaign=covidetvpisku&#038;address=P%C3%ADsek&#038;hotelname=Rezidence+U+Kamenn%C3%A9ho+mostu&#038;search=Rezidence+U+Kamenn%C3%A9ho+mostu&#038;category=accommodation\" target=\"_blank\" rel=\"nofollow noopener\">\n      <span class=\"lk-stay-badge badge-nature\">\ud83c\udfe1 Panzi\u00f3\/B&#038;B<\/span>\n      <div class=\"lk-stay-name\">Rezidence U Kamenn\u00e9ho mostu<\/div>\n      <div class=\"lk-stay-desc\">Apartmanok a v\u00e1rosk\u00f6zpontban a K\u0151h\u00edd mellett.<\/div>\n      <div class=\"lk-stay-meta\">\n        <span class=\"lk-stay-stars\">\u2605\u2605\u2605\u2605<\/span>\n        <span class=\"lk-stay-price\">22 EUR\/\u00e9jszak\u00e1t\u00f3l<\/span>\n      <\/div>\n      <span class=\"lk-stay-cta\">\n        <svg width=\"14\" height=\"14\" viewBox=\"0 0 24 24\" fill=\"none\" stroke=\"currentColor\" stroke-width=\"2\"><path d=\"M18 13v6a2 2 0 0 1-2 2H5a2 2 0 0 1-2-2V8a2 2 0 0 1 2-2h6\"\/><polyline points=\"15 3 21 3 21 9\"\/><line x1=\"10\" y1=\"14\" x2=\"21\" y2=\"3\"\/><\/svg>\n        Ellen\u0151rizd az el\u00e9rhet\u0151s\u00e9get\n      <\/span>\n    <\/a>\n\n    <a class=\"lk-stay-card\" href=\"https:\/\/www.stay22.com\/allez\/roam?aid=lukaskonecny&#038;campaign=loudavymkrokemcz&#038;campaign=hu&#038;campaign=co-videt-v-pisku&#038;hotelname=Soho%20apartment&#038;address=P%C3%ADsek%2C%20%C4%8Cesko\" target=\"_blank\" rel=\"nofollow noopener\">\n      <span class=\"lk-stay-badge badge-nature\">\ud83c\udfe1 Panzi\u00f3\/B&#038;B<\/span>\n      <div class=\"lk-stay-name\">Soho apartment<\/div>\n      <div class=\"lk-stay-desc\">Apartman P\u00edsk k\u00f6zpontj\u00e1ban.<\/div>\n      <div class=\"lk-stay-meta\">\n        <span class=\"lk-stay-stars\">\u2605\u2605\u2605\u2605<\/span>\n        <span class=\"lk-stay-price\">\u00c1rak ellen\u0151rz\u00e9se<\/span>\n      <\/div>\n      <span class=\"lk-stay-cta\">\n        <svg width=\"14\" height=\"14\" viewBox=\"0 0 24 24\" fill=\"none\" stroke=\"currentColor\" stroke-width=\"2\"><path d=\"M18 13v6a2 2 0 0 1-2 2H5a2 2 0 0 1-2-2V8a2 2 0 0 1 2-2h6\"\/><polyline points=\"15 3 21 3 21 9\"\/><line x1=\"10\" y1=\"14\" x2=\"21\" y2=\"3\"\/><\/svg>\n        Ellen\u0151rizd az el\u00e9rhet\u0151s\u00e9get\n      <\/span>\n    <\/a>\n\n    <a class=\"lk-stay-card\" href=\"https:\/\/www.stay22.com\/allez\/roam?aid=lukaskonecny&#038;campaign=loudavymkrokemcz&#038;campaign=hu&#038;campaign=covidetvpisku&#038;address=p\u00edsek\" target=\"_blank\" rel=\"nofollow noopener\">\n      <span class=\"lk-stay-badge badge-nature\">\ud83d\udd0d Keres\u00e9s<\/span>\n      <div class=\"lk-stay-name\">\u00d6sszes sz\u00e1ll\u00e1s megtekint\u00e9se P\u00edskban<\/div>\n      <div class=\"lk-stay-desc\">Fedezze fel az \u00f6sszes el\u00e9rhet\u0151 sz\u00e1ll\u00e1slehet\u0151s\u00e9get P\u00edskban, \u00e9s tal\u00e1lja meg a legjobbat preferenci\u00e1i \u00e9s k\u00f6lts\u00e9gvet\u00e9se alapj\u00e1n.<\/div>\n      <div class=\"lk-stay-meta\">\n        <span class=\"lk-stay-stars\">\u2605\u2605\u2605\u2605<\/span>\n        <span class=\"lk-stay-price\">\u00c1rak \u00f6sszehasonl\u00edt\u00e1sa<\/span>\n      <\/div>\n      <span class=\"lk-stay-cta\">\n        <svg width=\"14\" height=\"14\" viewBox=\"0 0 24 24\" fill=\"none\" stroke=\"currentColor\" stroke-width=\"2\"><path d=\"M18 13v6a2 2 0 0 1-2 2H5a2 2 0 0 1-2-2V8a2 2 0 0 1 2-2h6\"\/><polyline points=\"15 3 21 3 21 9\"\/><line x1=\"10\" y1=\"14\" x2=\"21\" y2=\"3\"\/><\/svg>\n        Ellen\u0151rizd az el\u00e9rhet\u0151s\u00e9get\n      <\/span>\n    <\/a>\n\n  <\/div>\n\n  \n<\/div>\n\n\n\n\n<h3 class=\"wp-block-heading\"><span class=\"ez-toc-section\" id=\"38_Dekani_hivatal\"><\/span>38. D\u00e9k\u00e1ni hivatal<span class=\"ez-toc-section-end\"><\/span><\/h3>\n\n\n\n<figure data-wp-context=\"{&quot;imageId&quot;:&quot;6a952ed61a9c1&quot;}\" data-wp-interactive=\"core\/image\" data-wp-key=\"6a952ed61a9c1\" class=\"wp-block-image size-full wp-lightbox-container\"><img decoding=\"async\" width=\"2200\" height=\"1467\" data-wp-class--hide=\"state.isContentHidden\" data-wp-class--show=\"state.isContentVisible\" data-wp-init=\"callbacks.setButtonStyles\" data-wp-on--click=\"actions.showLightbox\" data-wp-on--load=\"callbacks.setButtonStyles\" data-wp-on--pointerdown=\"actions.preloadImage\" data-wp-on--pointerenter=\"actions.preloadImageWithDelay\" data-wp-on--pointerleave=\"actions.cancelPreload\" data-wp-on-window--resize=\"callbacks.setButtonStyles\" src=\"https:\/\/loudavymkrokem.cz\/wp-content\/uploads\/2026\/08\/pisek-dekanstvi-bakalare.jpg\" alt=\"A d\u00e9k\u00e1ni hivatal \u00e9p\u00fclete a Bakal\u00e1\u0159e utc\u00e1ban P\u00edseken\" class=\"wp-image-399376\" title=\"\" srcset=\"https:\/\/loudavymkrokem.cz\/wp-content\/uploads\/2026\/08\/pisek-dekanstvi-bakalare.jpg 2200w, https:\/\/loudavymkrokem.cz\/wp-content\/uploads\/2026\/08\/pisek-dekanstvi-bakalare-300x200.jpg 300w, https:\/\/loudavymkrokem.cz\/wp-content\/uploads\/2026\/08\/pisek-dekanstvi-bakalare-700x467.jpg 700w, https:\/\/loudavymkrokem.cz\/wp-content\/uploads\/2026\/08\/pisek-dekanstvi-bakalare-768x512.jpg 768w, https:\/\/loudavymkrokem.cz\/wp-content\/uploads\/2026\/08\/pisek-dekanstvi-bakalare-1536x1024.jpg 1536w, https:\/\/loudavymkrokem.cz\/wp-content\/uploads\/2026\/08\/pisek-dekanstvi-bakalare-2048x1366.jpg 2048w, https:\/\/loudavymkrokem.cz\/wp-content\/uploads\/2026\/08\/pisek-dekanstvi-bakalare-696x464.jpg 696w, https:\/\/loudavymkrokem.cz\/wp-content\/uploads\/2026\/08\/pisek-dekanstvi-bakalare-1392x928.jpg 1392w, https:\/\/loudavymkrokem.cz\/wp-content\/uploads\/2026\/08\/pisek-dekanstvi-bakalare-1920x1280.jpg 1920w\" sizes=\"(max-width: 2200px) 100vw, 2200px\" \/><button\n\t\t\tclass=\"lightbox-trigger\"\n\t\t\ttype=\"button\"\n\t\t\taria-haspopup=\"dialog\"\n\t\t\tdata-wp-bind--aria-label=\"state.thisImage.triggerButtonAriaLabel\"\n\t\t\tdata-wp-init=\"callbacks.initTriggerButton\"\n\t\t\tdata-wp-on--click=\"actions.showLightbox\"\n\t\t\tdata-wp-style--right=\"state.thisImage.buttonRight\"\n\t\t\tdata-wp-style--top=\"state.thisImage.buttonTop\"\n\t\t>\n\t\t\t<svg xmlns=\"http:\/\/www.w3.org\/2000\/svg\" width=\"12\" height=\"12\" fill=\"none\" viewBox=\"0 0 12 12\">\n\t\t\t\t<path fill=\"#fff\" d=\"M2 0a2 2 0 0 0-2 2v2h1.5V2a.5.5 0 0 1 .5-.5h2V0H2Zm2 10.5H2a.5.5 0 0 1-.5-.5V8H0v2a2 2 0 0 0 2 2h2v-1.5ZM8 12v-1.5h2a.5.5 0 0 0 .5-.5V8H12v2a2 2 0 0 1-2 2H8Zm2-12a2 2 0 0 1 2 2v2h-1.5V2a.5.5 0 0 0-.5-.5H8V0h2Z\" \/>\n\t\t\t<\/svg>\n\t\t<\/button><\/figure>\n\n\n\n<p class=\"wp-block-paragraph\">C\u00edm: Bakal\u00e1\u0159e 43\/6, k\u00f6zvetlen\u00fcl a Sz\u0171z M\u00e1ria sz\u00fclet\u00e9se templom mellett. K\u00e9s\u0151 barokk \u00e9p\u00fclet klasszicista elemekkel, amelynek t\u00f6rt\u00e9nete eg\u00e9szen a 14. sz\u00e1zadig ny\u00falik vissza. \u00c9s a leg\u00e9rdekesebb, hogy sz\u00f3 szerint \u00f6sszen\u0151tt a v\u00e1rosfallal, \u00e9s r\u00e9sz\u00e9t k\u00e9pezi egy g\u00f3tikus b\u00e1stya. Sz\u00f3val amikor bel\u00e9psz, val\u00f3j\u00e1ban a falakba l\u00e9psz. Ilyen az \u00e9p\u00edt\u00e9szeti r\u00e9g\u00e9szet a val\u00f3s\u00e1gban.<\/p>\n\n\n\n<h3 class=\"wp-block-heading\"><span class=\"ez-toc-section\" id=\"39_Parkanok_a_Putim-kapunal\"><\/span>39. Park\u00e1nok a Putim-kapun\u00e1l<span class=\"ez-toc-section-end\"><\/span><\/h3>\n\n\n\n<figure data-wp-context=\"{&quot;imageId&quot;:&quot;6a952ed61ae77&quot;}\" data-wp-interactive=\"core\/image\" data-wp-key=\"6a952ed61ae77\" class=\"wp-block-image size-full wp-lightbox-container\"><img decoding=\"async\" width=\"2200\" height=\"1467\" data-wp-class--hide=\"state.isContentHidden\" data-wp-class--show=\"state.isContentVisible\" data-wp-init=\"callbacks.setButtonStyles\" data-wp-on--click=\"actions.showLightbox\" data-wp-on--load=\"callbacks.setButtonStyles\" data-wp-on--pointerdown=\"actions.preloadImage\" data-wp-on--pointerenter=\"actions.preloadImageWithDelay\" data-wp-on--pointerleave=\"actions.cancelPreload\" data-wp-on-window--resize=\"callbacks.setButtonStyles\" src=\"https:\/\/loudavymkrokem.cz\/wp-content\/uploads\/2026\/08\/pisek-parkany-hradby.jpg\" alt=\"Park\u00e1nok a v\u00e1rosfalak k\u00f6z\u00f6tt P\u00edseken\" class=\"wp-image-399377\" title=\"\" srcset=\"https:\/\/loudavymkrokem.cz\/wp-content\/uploads\/2026\/08\/pisek-parkany-hradby.jpg 2200w, https:\/\/loudavymkrokem.cz\/wp-content\/uploads\/2026\/08\/pisek-parkany-hradby-300x200.jpg 300w, https:\/\/loudavymkrokem.cz\/wp-content\/uploads\/2026\/08\/pisek-parkany-hradby-700x467.jpg 700w, https:\/\/loudavymkrokem.cz\/wp-content\/uploads\/2026\/08\/pisek-parkany-hradby-768x512.jpg 768w, https:\/\/loudavymkrokem.cz\/wp-content\/uploads\/2026\/08\/pisek-parkany-hradby-1536x1024.jpg 1536w, https:\/\/loudavymkrokem.cz\/wp-content\/uploads\/2026\/08\/pisek-parkany-hradby-2048x1366.jpg 2048w, https:\/\/loudavymkrokem.cz\/wp-content\/uploads\/2026\/08\/pisek-parkany-hradby-696x464.jpg 696w, https:\/\/loudavymkrokem.cz\/wp-content\/uploads\/2026\/08\/pisek-parkany-hradby-1392x928.jpg 1392w, https:\/\/loudavymkrokem.cz\/wp-content\/uploads\/2026\/08\/pisek-parkany-hradby-1920x1280.jpg 1920w\" sizes=\"(max-width: 2200px) 100vw, 2200px\" \/><button\n\t\t\tclass=\"lightbox-trigger\"\n\t\t\ttype=\"button\"\n\t\t\taria-haspopup=\"dialog\"\n\t\t\tdata-wp-bind--aria-label=\"state.thisImage.triggerButtonAriaLabel\"\n\t\t\tdata-wp-init=\"callbacks.initTriggerButton\"\n\t\t\tdata-wp-on--click=\"actions.showLightbox\"\n\t\t\tdata-wp-style--right=\"state.thisImage.buttonRight\"\n\t\t\tdata-wp-style--top=\"state.thisImage.buttonTop\"\n\t\t>\n\t\t\t<svg xmlns=\"http:\/\/www.w3.org\/2000\/svg\" width=\"12\" height=\"12\" fill=\"none\" viewBox=\"0 0 12 12\">\n\t\t\t\t<path fill=\"#fff\" d=\"M2 0a2 2 0 0 0-2 2v2h1.5V2a.5.5 0 0 1 .5-.5h2V0H2Zm2 10.5H2a.5.5 0 0 1-.5-.5V8H0v2a2 2 0 0 0 2 2h2v-1.5ZM8 12v-1.5h2a.5.5 0 0 0 .5-.5V8H12v2a2 2 0 0 1-2 2H8Zm2-12a2 2 0 0 1 2 2v2h-1.5V2a.5.5 0 0 0-.5-.5H8V0h2Z\" \/>\n\t\t\t<\/svg>\n\t\t<\/button><\/figure>\n\n\n\n<p class=\"wp-block-paragraph\">A v\u00e1rosfalak k\u00f6z\u00f6tti t\u00e9r, amely fel\u00faj\u00edt\u00e1son esett \u00e1t, \u00e9s gy\u00f6ny\u00f6r\u0171 pihen\u0151z\u00f3n\u00e1v\u00e1 alakult. R\u00e1l\u00e1t\u00e1s a r\u00e9gi b\u00e1sty\u00e1kra, padok, nyugalom. Ide\u00e1lis hely, amikor egy id\u0151re el kell t\u0171nn\u00f6d a belv\u00e1ros ny\u00fczsg\u00e9s\u00e9b\u0151l, de nem akarsz messzire menni.<\/p>\n\n\n\n<h2 class=\"wp-block-heading\"><span class=\"ez-toc-section\" id=\"Mit_csinalj_Piseken_gyerekekkel_tippek_csaladoknak_a_varosban_es_kornyeken\"><\/span>Mit csin\u00e1lj P\u00edseken gyerekekkel: tippek csal\u00e1doknak a v\u00e1rosban \u00e9s k\u00f6rny\u00e9k\u00e9n<span class=\"ez-toc-section-end\"><\/span><\/h2>\n\n\n\n<p class=\"wp-block-paragraph\">P\u00edsek olyan v\u00e1ros, ahol a gyerekekkel nem fogsz unatkozni. \u00c9s ezt egy <strong>k\u00e9t\u00e9ves Jon\u00e1\u0161ek anyuk\u00e1jak\u00e9nt<\/strong> mondom, akivel itt t\u00f6lt\u00f6m a napjaim nagy r\u00e9sz\u00e9t. Ak\u00e1r az \u00f3ri\u00e1si install\u00e1ci\u00f3kon ugr\u00e1lnak a gyerekek a Sladovn\u00e1ban, ak\u00e1r d\u00e1mszarvasokat etetnek a vadaskertben, ak\u00e1r a park j\u00e1tsz\u00f3terein j\u00e1tszanak. Itt vannak a tippjeim, hov\u00e1 menj a csal\u00e1ddal k\u00f6zvetlen\u00fcl a v\u00e1rosban, \u00e9s hozz\u00e1 p\u00e1r kir\u00e1ndul\u00e1s a k\u00f6rny\u00e9kre, amely a k\u00fcsz\u00f6b\u00fcnk\u00f6n van.<\/p>\n\n\n\n<p class=\"wp-block-paragraph\"><strong>Olvasd el ezt is: <a href=\"https:\/\/loudavymkrokem.cz\/pisek-s-detmi\/\">P\u00edsek gyerekekkel: 40 tipp egy helyi anyuk\u00e1t\u00f3l j\u00e1tsz\u00f3h\u00e1zakra, j\u00e1tsz\u00f3terekre \u00e9s kir\u00e1ndul\u00e1sokra<\/a><\/strong>, ahol megtal\u00e1lod a teljes csal\u00e1di \u00fatikalauzt, minden j\u00e1tsz\u00f3h\u00e1zzal, j\u00e1tsz\u00f3t\u00e9rrel \u00e9s \u00e1rlist\u00e1val egy\u00fctt.<\/p>\n\n\n\n<h3 class=\"wp-block-heading\"><span class=\"ez-toc-section\" id=\"Sladovna_Pisek_Oriasi_jatszogaleria\"><\/span>Sladovna P\u00edsek: \u00d3ri\u00e1si j\u00e1tsz\u00f3gal\u00e9ria<span class=\"ez-toc-section-end\"><\/span><\/h3>\n\n\n\n<figure data-wp-context=\"{&quot;imageId&quot;:&quot;6a952ed61b5f2&quot;}\" data-wp-interactive=\"core\/image\" data-wp-key=\"6a952ed61b5f2\" class=\"wp-block-image size-full wp-lightbox-container\"><img decoding=\"async\" width=\"2200\" height=\"1467\" data-wp-class--hide=\"state.isContentHidden\" data-wp-class--show=\"state.isContentVisible\" data-wp-init=\"callbacks.setButtonStyles\" data-wp-on--click=\"actions.showLightbox\" data-wp-on--load=\"callbacks.setButtonStyles\" data-wp-on--pointerdown=\"actions.preloadImage\" data-wp-on--pointerenter=\"actions.preloadImageWithDelay\" data-wp-on--pointerleave=\"actions.cancelPreload\" data-wp-on-window--resize=\"callbacks.setButtonStyles\" src=\"https:\/\/loudavymkrokem.cz\/wp-content\/uploads\/2026\/08\/pisek-sladovna.jpg\" alt=\"Sladovna P\u00edsek, j\u00e1tsz\u00f3gal\u00e9ria gyerekeknek\" class=\"wp-image-399379\" title=\"\" srcset=\"https:\/\/loudavymkrokem.cz\/wp-content\/uploads\/2026\/08\/pisek-sladovna.jpg 2200w, https:\/\/loudavymkrokem.cz\/wp-content\/uploads\/2026\/08\/pisek-sladovna-300x200.jpg 300w, https:\/\/loudavymkrokem.cz\/wp-content\/uploads\/2026\/08\/pisek-sladovna-700x467.jpg 700w, https:\/\/loudavymkrokem.cz\/wp-content\/uploads\/2026\/08\/pisek-sladovna-768x512.jpg 768w, https:\/\/loudavymkrokem.cz\/wp-content\/uploads\/2026\/08\/pisek-sladovna-1536x1024.jpg 1536w, https:\/\/loudavymkrokem.cz\/wp-content\/uploads\/2026\/08\/pisek-sladovna-2048x1366.jpg 2048w, https:\/\/loudavymkrokem.cz\/wp-content\/uploads\/2026\/08\/pisek-sladovna-696x464.jpg 696w, https:\/\/loudavymkrokem.cz\/wp-content\/uploads\/2026\/08\/pisek-sladovna-1392x928.jpg 1392w, https:\/\/loudavymkrokem.cz\/wp-content\/uploads\/2026\/08\/pisek-sladovna-1920x1280.jpg 1920w\" sizes=\"(max-width: 2200px) 100vw, 2200px\" \/><button\n\t\t\tclass=\"lightbox-trigger\"\n\t\t\ttype=\"button\"\n\t\t\taria-haspopup=\"dialog\"\n\t\t\tdata-wp-bind--aria-label=\"state.thisImage.triggerButtonAriaLabel\"\n\t\t\tdata-wp-init=\"callbacks.initTriggerButton\"\n\t\t\tdata-wp-on--click=\"actions.showLightbox\"\n\t\t\tdata-wp-style--right=\"state.thisImage.buttonRight\"\n\t\t\tdata-wp-style--top=\"state.thisImage.buttonTop\"\n\t\t>\n\t\t\t<svg xmlns=\"http:\/\/www.w3.org\/2000\/svg\" width=\"12\" height=\"12\" fill=\"none\" viewBox=\"0 0 12 12\">\n\t\t\t\t<path fill=\"#fff\" d=\"M2 0a2 2 0 0 0-2 2v2h1.5V2a.5.5 0 0 1 .5-.5h2V0H2Zm2 10.5H2a.5.5 0 0 1-.5-.5V8H0v2a2 2 0 0 0 2 2h2v-1.5ZM8 12v-1.5h2a.5.5 0 0 0 .5-.5V8H12v2a2 2 0 0 1-2 2H8Zm2-12a2 2 0 0 1 2 2v2h-1.5V2a.5.5 0 0 0-.5-.5H8V0h2Z\" \/>\n\t\t\t<\/svg>\n\t\t<\/button><\/figure>\n\n\n\n<p class=\"wp-block-paragraph\">Ez egyszer\u0171en a legjobb. N\u00e9gy emeletnyi interakt\u00edv ki\u00e1ll\u00edt\u00e1s, ahol a gyerekek (\u00e9s valljuk be, a sz\u00fcl\u0151k is) j\u00e1tszanak, kutatnak, \u00e9p\u00edtenek \u00e9s felfedeznek. A legkisebbeknek 0-t\u00f3l 6 \u00e9ves korig itt van a <strong>Pila\u0159i\u0161t\u011b<\/strong>, egy biztons\u00e1gos t\u00e9r, tele ingerekkel. A nagyobb gyerekeket elnyeli a <strong>Mraveni\u0161t\u011b<\/strong> (Hangyaboly) \u00e9s a v\u00e1ltoz\u00f3 tematikus ki\u00e1ll\u00edt\u00e1sok.<\/p>\n\n\n\n<p class=\"wp-block-paragraph\">Nyitva keddt\u0151l vas\u00e1rnapig 9\u201317 \u00f3r\u00e1ig, ny\u00e1ron naponta, h\u00e9tf\u0151vel egy\u00fctt, 18 \u00f3r\u00e1ig. Bel\u00e9p\u0151 <strong>2270 Ft (150 K\u010d) fejenk\u00e9nt<\/strong>, a Pila\u0159i\u0161t\u011b <strong>1810 Ft (120 K\u010d)<\/strong>, a 2+2 csal\u00e1di bel\u00e9p\u0151 7550 Ft-ba (500 K\u010d) ker\u00fcl, \u00e9s a 3 \u00e9v alatti gyerekek ingyen. \u00c9s egy fontos tan\u00e1cs \u2013 <strong>foglalj online<\/strong>, f\u0151leg h\u00e9tv\u00e9g\u00e9n \u00e9s a sz\u00fcnid\u0151ben, mert szokott telt h\u00e1z lenni.<\/p>\n\n\n\n<h3 class=\"wp-block-heading\"><span class=\"ez-toc-section\" id=\"Homokszobrok_a_rakparton_egykori_Cipiskoviste\"><\/span>Homokszobrok a rakparton (egykori Cip\u00edskovi\u0161t\u011b)<span class=\"ez-toc-section-end\"><\/span><\/h3>\n\n\n\n<figure data-wp-context=\"{&quot;imageId&quot;:&quot;6a952ed61bd71&quot;}\" data-wp-interactive=\"core\/image\" data-wp-key=\"6a952ed61bd71\" class=\"wp-block-image size-full wp-lightbox-container\"><img decoding=\"async\" width=\"2000\" height=\"1333\" data-wp-class--hide=\"state.isContentHidden\" data-wp-class--show=\"state.isContentVisible\" data-wp-init=\"callbacks.setButtonStyles\" data-wp-on--click=\"actions.showLightbox\" data-wp-on--load=\"callbacks.setButtonStyles\" data-wp-on--pointerdown=\"actions.preloadImage\" data-wp-on--pointerenter=\"actions.preloadImageWithDelay\" data-wp-on--pointerleave=\"actions.cancelPreload\" data-wp-on-window--resize=\"callbacks.setButtonStyles\" src=\"https:\/\/loudavymkrokem.cz\/wp-content\/uploads\/2026\/08\/sochy-z-pisku-naplavka-kamenny-most.jpg\" alt=\"Homokszobrok az Otava rakpartj\u00e1n a K\u0151h\u00eddn\u00e1l P\u00edseken\" class=\"wp-image-399607\" title=\"\" srcset=\"https:\/\/loudavymkrokem.cz\/wp-content\/uploads\/2026\/08\/sochy-z-pisku-naplavka-kamenny-most.jpg 2000w, https:\/\/loudavymkrokem.cz\/wp-content\/uploads\/2026\/08\/sochy-z-pisku-naplavka-kamenny-most-300x200.jpg 300w, https:\/\/loudavymkrokem.cz\/wp-content\/uploads\/2026\/08\/sochy-z-pisku-naplavka-kamenny-most-700x467.jpg 700w, https:\/\/loudavymkrokem.cz\/wp-content\/uploads\/2026\/08\/sochy-z-pisku-naplavka-kamenny-most-768x512.jpg 768w, https:\/\/loudavymkrokem.cz\/wp-content\/uploads\/2026\/08\/sochy-z-pisku-naplavka-kamenny-most-1536x1024.jpg 1536w, https:\/\/loudavymkrokem.cz\/wp-content\/uploads\/2026\/08\/sochy-z-pisku-naplavka-kamenny-most-696x464.jpg 696w, https:\/\/loudavymkrokem.cz\/wp-content\/uploads\/2026\/08\/sochy-z-pisku-naplavka-kamenny-most-1392x928.jpg 1392w, https:\/\/loudavymkrokem.cz\/wp-content\/uploads\/2026\/08\/sochy-z-pisku-naplavka-kamenny-most-1920x1280.jpg 1920w\" sizes=\"(max-width: 2000px) 100vw, 2000px\" \/><button\n\t\t\tclass=\"lightbox-trigger\"\n\t\t\ttype=\"button\"\n\t\t\taria-haspopup=\"dialog\"\n\t\t\tdata-wp-bind--aria-label=\"state.thisImage.triggerButtonAriaLabel\"\n\t\t\tdata-wp-init=\"callbacks.initTriggerButton\"\n\t\t\tdata-wp-on--click=\"actions.showLightbox\"\n\t\t\tdata-wp-style--right=\"state.thisImage.buttonRight\"\n\t\t\tdata-wp-style--top=\"state.thisImage.buttonTop\"\n\t\t>\n\t\t\t<svg xmlns=\"http:\/\/www.w3.org\/2000\/svg\" width=\"12\" height=\"12\" fill=\"none\" viewBox=\"0 0 12 12\">\n\t\t\t\t<path fill=\"#fff\" d=\"M2 0a2 2 0 0 0-2 2v2h1.5V2a.5.5 0 0 1 .5-.5h2V0H2Zm2 10.5H2a.5.5 0 0 1-.5-.5V8H0v2a2 2 0 0 0 2 2h2v-1.5ZM8 12v-1.5h2a.5.5 0 0 0 .5-.5V8H12v2a2 2 0 0 1-2 2H8Zm2-12a2 2 0 0 1 2 2v2h-1.5V2a.5.5 0 0 0-.5-.5H8V0h2Z\" \/>\n\t\t\t<\/svg>\n\t\t<\/button><\/figure>\n\n\n\n<p class=\"wp-block-paragraph\">\u00d3ri\u00e1si homokszobrok k\u00f6zvetlen\u00fcl a K\u0151h\u00eddn\u00e1l, az Otava rakpartj\u00e1n. Minden \u00e9vben \u00faj t\u00e9ma, \u00faj \u00e1mulat. Az esem\u00e9nyt r\u00e9gen Cip\u00edskovi\u0161t\u011b-nek h\u00edvt\u00e1k, ma hivatalosan Sochy z p\u00edsku v P\u00edsku (Homokszobrok P\u00edseken), \u00e9s tavasszal a P\u00edskovi\u0161t\u011b csal\u00e1di fesztiv\u00e1l k\u00eds\u00e9ri. Tavaszt\u00f3l ny\u00e1rig m\u0171k\u00f6dik, \u00e9s ingyenes, egyszer\u0171en odaj\u00f6ssz \u00e9s n\u00e9zed. A gyerekek el vannak \u00e1julva t\u0151le.<\/p>\n\n\n\n<h3 class=\"wp-block-heading\"><span class=\"ez-toc-section\" id=\"Travel_Cafe_kavezo_homokozoval\"><\/span>Travel Cafe: k\u00e1v\u00e9z\u00f3 homokoz\u00f3val<span class=\"ez-toc-section-end\"><\/span><\/h3>\n\n\n\n<figure data-wp-context=\"{&quot;imageId&quot;:&quot;6a952ed61c457&quot;}\" data-wp-interactive=\"core\/image\" data-wp-key=\"6a952ed61c457\" class=\"wp-block-image size-full wp-lightbox-container\"><img decoding=\"async\" width=\"2200\" height=\"1650\" data-wp-class--hide=\"state.isContentHidden\" data-wp-class--show=\"state.isContentVisible\" data-wp-init=\"callbacks.setButtonStyles\" data-wp-on--click=\"actions.showLightbox\" data-wp-on--load=\"callbacks.setButtonStyles\" data-wp-on--pointerdown=\"actions.preloadImage\" data-wp-on--pointerenter=\"actions.preloadImageWithDelay\" data-wp-on--pointerleave=\"actions.cancelPreload\" data-wp-on-window--resize=\"callbacks.setButtonStyles\" src=\"https:\/\/loudavymkrokem.cz\/wp-content\/uploads\/2026\/08\/pisek-travel-cafe-piskoviste-domecek.jpg\" alt=\"Homokoz\u00f3 h\u00e1zik\u00f3val a Travel Cafe kerthelyis\u00e9g\u00e9ben P\u00edseken\" class=\"wp-image-399550\" title=\"\" srcset=\"https:\/\/loudavymkrokem.cz\/wp-content\/uploads\/2026\/08\/pisek-travel-cafe-piskoviste-domecek.jpg 2200w, https:\/\/loudavymkrokem.cz\/wp-content\/uploads\/2026\/08\/pisek-travel-cafe-piskoviste-domecek-300x225.jpg 300w, https:\/\/loudavymkrokem.cz\/wp-content\/uploads\/2026\/08\/pisek-travel-cafe-piskoviste-domecek-700x525.jpg 700w, https:\/\/loudavymkrokem.cz\/wp-content\/uploads\/2026\/08\/pisek-travel-cafe-piskoviste-domecek-768x576.jpg 768w, https:\/\/loudavymkrokem.cz\/wp-content\/uploads\/2026\/08\/pisek-travel-cafe-piskoviste-domecek-1536x1152.jpg 1536w, https:\/\/loudavymkrokem.cz\/wp-content\/uploads\/2026\/08\/pisek-travel-cafe-piskoviste-domecek-2048x1536.jpg 2048w, https:\/\/loudavymkrokem.cz\/wp-content\/uploads\/2026\/08\/pisek-travel-cafe-piskoviste-domecek-80x60.jpg 80w, https:\/\/loudavymkrokem.cz\/wp-content\/uploads\/2026\/08\/pisek-travel-cafe-piskoviste-domecek-160x120.jpg 160w, https:\/\/loudavymkrokem.cz\/wp-content\/uploads\/2026\/08\/pisek-travel-cafe-piskoviste-domecek-696x522.jpg 696w, https:\/\/loudavymkrokem.cz\/wp-content\/uploads\/2026\/08\/pisek-travel-cafe-piskoviste-domecek-1392x1044.jpg 1392w, https:\/\/loudavymkrokem.cz\/wp-content\/uploads\/2026\/08\/pisek-travel-cafe-piskoviste-domecek-1920x1440.jpg 1920w\" sizes=\"(max-width: 2200px) 100vw, 2200px\" \/><button\n\t\t\tclass=\"lightbox-trigger\"\n\t\t\ttype=\"button\"\n\t\t\taria-haspopup=\"dialog\"\n\t\t\tdata-wp-bind--aria-label=\"state.thisImage.triggerButtonAriaLabel\"\n\t\t\tdata-wp-init=\"callbacks.initTriggerButton\"\n\t\t\tdata-wp-on--click=\"actions.showLightbox\"\n\t\t\tdata-wp-style--right=\"state.thisImage.buttonRight\"\n\t\t\tdata-wp-style--top=\"state.thisImage.buttonTop\"\n\t\t>\n\t\t\t<svg xmlns=\"http:\/\/www.w3.org\/2000\/svg\" width=\"12\" height=\"12\" fill=\"none\" viewBox=\"0 0 12 12\">\n\t\t\t\t<path fill=\"#fff\" d=\"M2 0a2 2 0 0 0-2 2v2h1.5V2a.5.5 0 0 1 .5-.5h2V0H2Zm2 10.5H2a.5.5 0 0 1-.5-.5V8H0v2a2 2 0 0 0 2 2h2v-1.5ZM8 12v-1.5h2a.5.5 0 0 0 .5-.5V8H12v2a2 2 0 0 1-2 2H8Zm2-12a2 2 0 0 1 2 2v2h-1.5V2a.5.5 0 0 0-.5-.5H8V0h2Z\" \/>\n\t\t\t<\/svg>\n\t\t<\/button><\/figure>\n\n\n\n<p class=\"wp-block-paragraph\">Ez a <strong>csal\u00e1di kedvenc\u00fcnk<\/strong>, \u00e9s szerintem P\u00edsek legjobb k\u00e1v\u00e9z\u00f3ja. A <strong>Travel Cafe<\/strong>-t a Komensk\u00e9ho utc\u00e1ban tal\u00e1lod a gimn\u00e1zium alatt, k\u00e9t percre a Nagy t\u00e9rt\u0151l. Reggel reggeli \u00e9s brunch, napk\u00f6zben bisztr\u00f3 v\u00e1logatott k\u00e1v\u00e9val, este egy poh\u00e1r bor, \u00e9s f\u0151leg <strong>bels\u0151 udvari kerthelyis\u00e9g homokoz\u00f3val \u00e9s h\u00e1zik\u00f3val<\/strong>, aminek k\u00f6sz\u00f6nhet\u0151en t\u00e9nyleg nyugodtan befejezed a k\u00e1v\u00e9dat. Szinte mindig kint \u00fcl\u00fcnk, \u00e9s mind esz\u00fcnk: t\u00f6k\u00e9letes reggelij\u00fck \u00e9s k\u00f6nny\u0171 eb\u00e9dj\u00fck van, a kicsink pedig palacsint\u00e1t kap. Ny\u00e1ron gyerekel\u0151ad\u00e1sokat is tartanak.<\/p>\n\n\n\n<p class=\"wp-block-paragraph\">\ud83d\udca1 <strong>Tipp:<\/strong> Gyereksarok van a <strong>SOHO Cafe<\/strong>-ban a Nagy t\u00e9ren, a <strong>Sova na V\u011btvi<\/strong>-ban a K\u0151h\u00eddn\u00e1l \u00e9s az <strong>Upekla<\/strong>-ban a k\u00f6nyvt\u00e1rban is (homokoz\u00f3 a bels\u0151 udvarban).<\/p>\n\n\n\n<h3 class=\"wp-block-heading\"><span class=\"ez-toc-section\" id=\"Jatszohazak_Piseken_Myska_herna_es_tarsai\"><\/span>J\u00e1tsz\u00f3h\u00e1zak P\u00edseken: My\u0161ka herna \u00e9s t\u00e1rsai<span class=\"ez-toc-section-end\"><\/span><\/h3>\n\n\n\n<figure data-wp-context=\"{&quot;imageId&quot;:&quot;6a952ed61cb4b&quot;}\" data-wp-interactive=\"core\/image\" data-wp-key=\"6a952ed61cb4b\" class=\"wp-block-image size-full wp-lightbox-container\"><img decoding=\"async\" width=\"2200\" height=\"1467\" data-wp-class--hide=\"state.isContentHidden\" data-wp-class--show=\"state.isContentVisible\" data-wp-init=\"callbacks.setButtonStyles\" data-wp-on--click=\"actions.showLightbox\" data-wp-on--load=\"callbacks.setButtonStyles\" data-wp-on--pointerdown=\"actions.preloadImage\" data-wp-on--pointerenter=\"actions.preloadImageWithDelay\" data-wp-on--pointerleave=\"actions.cancelPreload\" data-wp-on-window--resize=\"callbacks.setButtonStyles\" src=\"https:\/\/loudavymkrokem.cz\/wp-content\/uploads\/2026\/08\/pisek-myska-herna-bazenek-s-micky.jpg\" alt=\"Labdamedence a My\u0161ka j\u00e1tsz\u00f3h\u00e1zban P\u00edseken\" class=\"wp-image-399531\" title=\"\" srcset=\"https:\/\/loudavymkrokem.cz\/wp-content\/uploads\/2026\/08\/pisek-myska-herna-bazenek-s-micky.jpg 2200w, https:\/\/loudavymkrokem.cz\/wp-content\/uploads\/2026\/08\/pisek-myska-herna-bazenek-s-micky-300x200.jpg 300w, https:\/\/loudavymkrokem.cz\/wp-content\/uploads\/2026\/08\/pisek-myska-herna-bazenek-s-micky-700x467.jpg 700w, https:\/\/loudavymkrokem.cz\/wp-content\/uploads\/2026\/08\/pisek-myska-herna-bazenek-s-micky-768x512.jpg 768w, https:\/\/loudavymkrokem.cz\/wp-content\/uploads\/2026\/08\/pisek-myska-herna-bazenek-s-micky-1536x1024.jpg 1536w, https:\/\/loudavymkrokem.cz\/wp-content\/uploads\/2026\/08\/pisek-myska-herna-bazenek-s-micky-2048x1366.jpg 2048w, https:\/\/loudavymkrokem.cz\/wp-content\/uploads\/2026\/08\/pisek-myska-herna-bazenek-s-micky-696x464.jpg 696w, https:\/\/loudavymkrokem.cz\/wp-content\/uploads\/2026\/08\/pisek-myska-herna-bazenek-s-micky-1392x928.jpg 1392w, https:\/\/loudavymkrokem.cz\/wp-content\/uploads\/2026\/08\/pisek-myska-herna-bazenek-s-micky-1920x1280.jpg 1920w\" sizes=\"(max-width: 2200px) 100vw, 2200px\" \/><button\n\t\t\tclass=\"lightbox-trigger\"\n\t\t\ttype=\"button\"\n\t\t\taria-haspopup=\"dialog\"\n\t\t\tdata-wp-bind--aria-label=\"state.thisImage.triggerButtonAriaLabel\"\n\t\t\tdata-wp-init=\"callbacks.initTriggerButton\"\n\t\t\tdata-wp-on--click=\"actions.showLightbox\"\n\t\t\tdata-wp-style--right=\"state.thisImage.buttonRight\"\n\t\t\tdata-wp-style--top=\"state.thisImage.buttonTop\"\n\t\t>\n\t\t\t<svg xmlns=\"http:\/\/www.w3.org\/2000\/svg\" width=\"12\" height=\"12\" fill=\"none\" viewBox=\"0 0 12 12\">\n\t\t\t\t<path fill=\"#fff\" d=\"M2 0a2 2 0 0 0-2 2v2h1.5V2a.5.5 0 0 1 .5-.5h2V0H2Zm2 10.5H2a.5.5 0 0 1-.5-.5V8H0v2a2 2 0 0 0 2 2h2v-1.5ZM8 12v-1.5h2a.5.5 0 0 0 .5-.5V8H12v2a2 2 0 0 1-2 2H8Zm2-12a2 2 0 0 1 2 2v2h-1.5V2a.5.5 0 0 0-.5-.5H8V0h2Z\" \/>\n\t\t\t<\/svg>\n\t\t<\/button><\/figure>\n\n\n\n<p class=\"wp-block-paragraph\">Amikor rossz az id\u0151, a j\u00e1tsz\u00f3h\u00e1zak mentenek meg minket. A v\u00e1ros legnagyobb belt\u00e9ri j\u00e1tsz\u00f3tere a <strong>My\u0161ka herna<\/strong> (V Porty\u010di 450): m\u00e1sz\u00f3k\u00e1k, cs\u00faszd\u00e1k, trampolin, szivacs\u00e9p\u00edt\u0151k\u00e9szletek \u00e9s k\u00e1v\u00e9z\u00f3 a sz\u00fcl\u0151knek. A felszerel\u00e9s m\u00e1r el\u00e9g elavult, de m\u00e1ig ez a legnagyobb j\u00e1tsz\u00f3h\u00e1z P\u00edseken, \u00edgy odaj\u00e1runk. Eg\u00e9sz napos bel\u00e9p\u0151 egy 1\u201310 \u00e9ves gyereknek <strong>1950 Ft (129 K\u010d)<\/strong>, egy \u00f3ra 1270 Ft (84 K\u010d), feln\u0151tteknek 760 Ft (50 K\u010d), p\u00e9nteken z\u00e1rva. Az 1\u20133 \u00e9ves totyog\u00f3sok a cs\u00fct\u00f6rt\u00f6ki <strong>Fazole montessori foglalkoz\u00e1sokat<\/strong> (3020 Ft \/ 200 K\u010d, max. 6 gyerek) \u00e9rt\u00e9kelik, az iskol\u00e1sok pedig a <strong>LezeTop m\u00e1sz\u00f3k\u00f6zpontot<\/strong> gyerekfallal vagy a <strong>Laser Ar\u00e9n\u00e1t<\/strong> a Luna \u00e1ruh\u00e1zban.<\/p>\n\n\n\n<p class=\"wp-block-paragraph\">A j\u00e1tsz\u00f3h\u00e1zak teljes \u00e1ttekint\u00e9s\u00e9t nyitvatart\u00e1ssal \u00e9s \u00e1rakkal egy\u00fctt a <a href=\"https:\/\/loudavymkrokem.cz\/pisek-s-detmi\/\">P\u00edsek gyerekekkel<\/a> cikkben tal\u00e1lod, a folyamatosan friss\u00edtett j\u00e1tsz\u00f3h\u00e1z-, gyereksarkos k\u00e1v\u00e9z\u00f3- \u00e9s j\u00e1tsz\u00f3t\u00e9rlist\u00e1t pedig a <a href=\"https:\/\/pisek.info\/deti\/hernicky\" target=\"_blank\" rel=\"noopener\">pisek.info\/deti\/hernicky<\/a> oldalon.<\/p>\n\n\n\n<h3 class=\"wp-block-heading\"><span class=\"ez-toc-section\" id=\"U_Vodaka_vadaskert\"><\/span>U Vod\u00e1ka vadaskert<span class=\"ez-toc-section-end\"><\/span><\/h3>\n\n\n\n<figure data-wp-context=\"{&quot;imageId&quot;:&quot;6a952ed61d2fe&quot;}\" data-wp-interactive=\"core\/image\" data-wp-key=\"6a952ed61d2fe\" class=\"wp-block-image size-full wp-lightbox-container\"><img decoding=\"async\" width=\"960\" height=\"640\" data-wp-class--hide=\"state.isContentHidden\" data-wp-class--show=\"state.isContentVisible\" data-wp-init=\"callbacks.setButtonStyles\" data-wp-on--click=\"actions.showLightbox\" data-wp-on--load=\"callbacks.setButtonStyles\" data-wp-on--pointerdown=\"actions.preloadImage\" data-wp-on--pointerenter=\"actions.preloadImageWithDelay\" data-wp-on--pointerleave=\"actions.cancelPreload\" data-wp-on-window--resize=\"callbacks.setButtonStyles\" src=\"https:\/\/loudavymkrokem.cz\/wp-content\/uploads\/2026\/08\/oburka-u-vodaka-danci.jpg\" alt=\"D\u00e1mszarvasok a U Vod\u00e1ka vadaskertben a P\u00edseki hegyekben\" class=\"wp-image-399639\" title=\"\" srcset=\"https:\/\/loudavymkrokem.cz\/wp-content\/uploads\/2026\/08\/oburka-u-vodaka-danci.jpg 960w, https:\/\/loudavymkrokem.cz\/wp-content\/uploads\/2026\/08\/oburka-u-vodaka-danci-300x200.jpg 300w, https:\/\/loudavymkrokem.cz\/wp-content\/uploads\/2026\/08\/oburka-u-vodaka-danci-700x467.jpg 700w, https:\/\/loudavymkrokem.cz\/wp-content\/uploads\/2026\/08\/oburka-u-vodaka-danci-768x512.jpg 768w, https:\/\/loudavymkrokem.cz\/wp-content\/uploads\/2026\/08\/oburka-u-vodaka-danci-696x464.jpg 696w\" sizes=\"(max-width: 960px) 100vw, 960px\" \/><button\n\t\t\tclass=\"lightbox-trigger\"\n\t\t\ttype=\"button\"\n\t\t\taria-haspopup=\"dialog\"\n\t\t\tdata-wp-bind--aria-label=\"state.thisImage.triggerButtonAriaLabel\"\n\t\t\tdata-wp-init=\"callbacks.initTriggerButton\"\n\t\t\tdata-wp-on--click=\"actions.showLightbox\"\n\t\t\tdata-wp-style--right=\"state.thisImage.buttonRight\"\n\t\t\tdata-wp-style--top=\"state.thisImage.buttonTop\"\n\t\t>\n\t\t\t<svg xmlns=\"http:\/\/www.w3.org\/2000\/svg\" width=\"12\" height=\"12\" fill=\"none\" viewBox=\"0 0 12 12\">\n\t\t\t\t<path fill=\"#fff\" d=\"M2 0a2 2 0 0 0-2 2v2h1.5V2a.5.5 0 0 1 .5-.5h2V0H2Zm2 10.5H2a.5.5 0 0 1-.5-.5V8H0v2a2 2 0 0 0 2 2h2v-1.5ZM8 12v-1.5h2a.5.5 0 0 0 .5-.5V8H12v2a2 2 0 0 1-2 2H8Zm2-12a2 2 0 0 1 2 2v2h-1.5V2a.5.5 0 0 0-.5-.5H8V0h2Z\" \/>\n\t\t\t<\/svg>\n\t\t<\/button><\/figure>\n\n\n\n<p class=\"wp-block-paragraph\">Erdei vadaskert, ahol <strong>muflonokat \u00e9s d\u00e1mszarvasokat<\/strong> figyelhetsz meg egy kil\u00e1t\u00f3teraszr\u00f3l \u00e9s a ker\u00edt\u00e9s ment\u00e9n. Az \u00e1llatok hozz\u00e1szoktak az emberekhez, \u00edgy szinte mindig l\u00e1tni fogod \u0151ket, \u00e9s k\u00fcl\u00f6n\u00f6sen a d\u00e1mszarvasok szeretik, ha megcsod\u00e1lj\u00e1k \u0151ket. A s\u00e9ta nem meger\u0151ltet\u0151, kis l\u00e1bak is v\u00e9gigb\u00edrj\u00e1k, \u00e9s a k\u00f6r\u00fcl\u00f6tte l\u00e9v\u0151 erd\u0151 minden \u00e9vszakban gy\u00f6ny\u00f6r\u0171.<\/p>\n\n\n\n<h3 class=\"wp-block-heading\"><span class=\"ez-toc-section\" id=\"Zivec_fahaz_es_3D_labirintus\"><\/span>\u017divec fah\u00e1z \u00e9s 3D labirintus<span class=\"ez-toc-section-end\"><\/span><\/h3>\n\n\n\n<figure data-wp-context=\"{&quot;imageId&quot;:&quot;6a952ed61d9fd&quot;}\" data-wp-interactive=\"core\/image\" data-wp-key=\"6a952ed61d9fd\" class=\"wp-block-image size-full wp-lightbox-container\"><img decoding=\"async\" width=\"1200\" height=\"600\" data-wp-class--hide=\"state.isContentHidden\" data-wp-class--show=\"state.isContentVisible\" data-wp-init=\"callbacks.setButtonStyles\" data-wp-on--click=\"actions.showLightbox\" data-wp-on--load=\"callbacks.setButtonStyles\" data-wp-on--pointerdown=\"actions.preloadImage\" data-wp-on--pointerenter=\"actions.preloadImageWithDelay\" data-wp-on--pointerleave=\"actions.cancelPreload\" data-wp-on-window--resize=\"callbacks.setButtonStyles\" src=\"https:\/\/loudavymkrokem.cz\/wp-content\/uploads\/2026\/08\/chata-zivec-3d-bludiste-pisecke-hory.jpg\" alt=\"K\u00f6t\u00e9lp\u00e1lya \u00e9s 3D labirintus a \u017divec fah\u00e1zn\u00e1l a P\u00edseki hegyekben\" class=\"wp-image-399626\" title=\"\" srcset=\"https:\/\/loudavymkrokem.cz\/wp-content\/uploads\/2026\/08\/chata-zivec-3d-bludiste-pisecke-hory.jpg 1200w, https:\/\/loudavymkrokem.cz\/wp-content\/uploads\/2026\/08\/chata-zivec-3d-bludiste-pisecke-hory-300x150.jpg 300w, https:\/\/loudavymkrokem.cz\/wp-content\/uploads\/2026\/08\/chata-zivec-3d-bludiste-pisecke-hory-700x350.jpg 700w, https:\/\/loudavymkrokem.cz\/wp-content\/uploads\/2026\/08\/chata-zivec-3d-bludiste-pisecke-hory-768x384.jpg 768w, https:\/\/loudavymkrokem.cz\/wp-content\/uploads\/2026\/08\/chata-zivec-3d-bludiste-pisecke-hory-696x348.jpg 696w\" sizes=\"(max-width: 1200px) 100vw, 1200px\" \/><button\n\t\t\tclass=\"lightbox-trigger\"\n\t\t\ttype=\"button\"\n\t\t\taria-haspopup=\"dialog\"\n\t\t\tdata-wp-bind--aria-label=\"state.thisImage.triggerButtonAriaLabel\"\n\t\t\tdata-wp-init=\"callbacks.initTriggerButton\"\n\t\t\tdata-wp-on--click=\"actions.showLightbox\"\n\t\t\tdata-wp-style--right=\"state.thisImage.buttonRight\"\n\t\t\tdata-wp-style--top=\"state.thisImage.buttonTop\"\n\t\t>\n\t\t\t<svg xmlns=\"http:\/\/www.w3.org\/2000\/svg\" width=\"12\" height=\"12\" fill=\"none\" viewBox=\"0 0 12 12\">\n\t\t\t\t<path fill=\"#fff\" d=\"M2 0a2 2 0 0 0-2 2v2h1.5V2a.5.5 0 0 1 .5-.5h2V0H2Zm2 10.5H2a.5.5 0 0 1-.5-.5V8H0v2a2 2 0 0 0 2 2h2v-1.5ZM8 12v-1.5h2a.5.5 0 0 0 .5-.5V8H12v2a2 2 0 0 1-2 2H8Zm2-12a2 2 0 0 1 2 2v2h-1.5V2a.5.5 0 0 0-.5-.5H8V0h2Z\" \/>\n\t\t\t<\/svg>\n\t\t<\/button><\/figure>\n\n\n\n<p class=\"wp-block-paragraph\">A P\u00edseki hegyekben tal\u00e1lod a \u017divec fah\u00e1zat erdei j\u00e1tsz\u00f3t\u00e9rrel \u00e9s f\u0151leg egy <strong>h\u00e1l\u00f3s labirintussal a f\u00e1k koron\u00e1j\u00e1ban<\/strong>. A gyerekek ott m\u00e1sznak, k\u00fasznak, l\u00f3gnak a leveg\u0151ben, \u00e9s teljesen a mennyben vannak. A sz\u00fcl\u0151knek: lent b\u00fcf\u00e9 \u00e9s padok. Sz\u00f3val nyugi. \ud83d\ude01<\/p>\n\n\n\n<h3 class=\"wp-block-heading\"><span class=\"ez-toc-section\" id=\"Varosi_sziget\"><\/span>V\u00e1rosi sziget<span class=\"ez-toc-section-end\"><\/span><\/h3>\n\n\n\n<figure data-wp-context=\"{&quot;imageId&quot;:&quot;6a952ed61e24f&quot;}\" data-wp-interactive=\"core\/image\" data-wp-key=\"6a952ed61e24f\" class=\"wp-block-image size-full wp-lightbox-container\"><img decoding=\"async\" width=\"1200\" height=\"800\" data-wp-class--hide=\"state.isContentHidden\" data-wp-class--show=\"state.isContentVisible\" data-wp-init=\"callbacks.setButtonStyles\" data-wp-on--click=\"actions.showLightbox\" data-wp-on--load=\"callbacks.setButtonStyles\" data-wp-on--pointerdown=\"actions.preloadImage\" data-wp-on--pointerenter=\"actions.preloadImageWithDelay\" data-wp-on--pointerleave=\"actions.cancelPreload\" data-wp-on-window--resize=\"callbacks.setButtonStyles\" src=\"https:\/\/loudavymkrokem.cz\/wp-content\/uploads\/2026\/08\/mestsky-ostrov-pisek-zahradka.jpg\" alt=\"Ny\u00e1ri kerthelyis\u00e9g a V\u00e1rosi szigeten P\u00edseken\" class=\"wp-image-399671\" title=\"\" srcset=\"https:\/\/loudavymkrokem.cz\/wp-content\/uploads\/2026\/08\/mestsky-ostrov-pisek-zahradka.jpg 1200w, https:\/\/loudavymkrokem.cz\/wp-content\/uploads\/2026\/08\/mestsky-ostrov-pisek-zahradka-300x200.jpg 300w, https:\/\/loudavymkrokem.cz\/wp-content\/uploads\/2026\/08\/mestsky-ostrov-pisek-zahradka-700x467.jpg 700w, https:\/\/loudavymkrokem.cz\/wp-content\/uploads\/2026\/08\/mestsky-ostrov-pisek-zahradka-768x512.jpg 768w, https:\/\/loudavymkrokem.cz\/wp-content\/uploads\/2026\/08\/mestsky-ostrov-pisek-zahradka-696x464.jpg 696w\" sizes=\"(max-width: 1200px) 100vw, 1200px\" \/><button\n\t\t\tclass=\"lightbox-trigger\"\n\t\t\ttype=\"button\"\n\t\t\taria-haspopup=\"dialog\"\n\t\t\tdata-wp-bind--aria-label=\"state.thisImage.triggerButtonAriaLabel\"\n\t\t\tdata-wp-init=\"callbacks.initTriggerButton\"\n\t\t\tdata-wp-on--click=\"actions.showLightbox\"\n\t\t\tdata-wp-style--right=\"state.thisImage.buttonRight\"\n\t\t\tdata-wp-style--top=\"state.thisImage.buttonTop\"\n\t\t>\n\t\t\t<svg xmlns=\"http:\/\/www.w3.org\/2000\/svg\" width=\"12\" height=\"12\" fill=\"none\" viewBox=\"0 0 12 12\">\n\t\t\t\t<path fill=\"#fff\" d=\"M2 0a2 2 0 0 0-2 2v2h1.5V2a.5.5 0 0 1 .5-.5h2V0H2Zm2 10.5H2a.5.5 0 0 1-.5-.5V8H0v2a2 2 0 0 0 2 2h2v-1.5ZM8 12v-1.5h2a.5.5 0 0 0 .5-.5V8H12v2a2 2 0 0 1-2 2H8Zm2-12a2 2 0 0 1 2 2v2h-1.5V2a.5.5 0 0 0-.5-.5H8V0h2Z\" \/>\n\t\t\t<\/svg>\n\t\t<\/button><\/figure>\n\n\n\n<p class=\"wp-block-paragraph\">Sziget az Otava k\u00f6zep\u00e9n \u2013 mes\u00e9sen hangzik, \u00e9s kicsit \u00fagy is n\u00e9z ki. J\u00e1tsz\u00f3t\u00e9r a gyerekeknek, minigolf, cs\u00f3nakk\u00f6lcs\u00f6nz\u0151 \u00e9s \u00e9tterem foly\u00f3ra n\u00e9z\u0151 kil\u00e1t\u00e1ssal. Ny\u00e1ron ide\u00e1lis hely egy eg\u00e9sz d\u00e9lut\u00e1nra. A gyerekek j\u00e1tszanak, te s\u00f6rrel vagy limon\u00e1d\u00e9val \u00fclsz, \u00e9s a vizet n\u00e9zed. Mit k\u00edv\u00e1nhatn\u00e1l m\u00e9g.<\/p>\n\n\n\n<h3 class=\"wp-block-heading\"><span class=\"ez-toc-section\" id=\"Hernajs\"><\/span>Hernajs<span class=\"ez-toc-section-end\"><\/span><\/h3>\n\n\n\n<figure data-wp-context=\"{&quot;imageId&quot;:&quot;6a952ed61e97b&quot;}\" data-wp-interactive=\"core\/image\" data-wp-key=\"6a952ed61e97b\" class=\"wp-block-image size-full wp-lightbox-container\"><img decoding=\"async\" width=\"2200\" height=\"1455\" data-wp-class--hide=\"state.isContentHidden\" data-wp-class--show=\"state.isContentVisible\" data-wp-init=\"callbacks.setButtonStyles\" data-wp-on--click=\"actions.showLightbox\" data-wp-on--load=\"callbacks.setButtonStyles\" data-wp-on--pointerdown=\"actions.preloadImage\" data-wp-on--pointerenter=\"actions.preloadImageWithDelay\" data-wp-on--pointerleave=\"actions.cancelPreload\" data-wp-on-window--resize=\"callbacks.setButtonStyles\" src=\"https:\/\/loudavymkrokem.cz\/wp-content\/uploads\/2026\/08\/pisek-hernajs-hernicka-az-na-pudu.jpg\" alt=\"A Hernajs j\u00e1tsz\u00f3h\u00e1z P\u00edseken\" class=\"wp-image-399527\" title=\"\" srcset=\"https:\/\/loudavymkrokem.cz\/wp-content\/uploads\/2026\/08\/pisek-hernajs-hernicka-az-na-pudu.jpg 2200w, https:\/\/loudavymkrokem.cz\/wp-content\/uploads\/2026\/08\/pisek-hernajs-hernicka-az-na-pudu-300x198.jpg 300w, https:\/\/loudavymkrokem.cz\/wp-content\/uploads\/2026\/08\/pisek-hernajs-hernicka-az-na-pudu-700x463.jpg 700w, https:\/\/loudavymkrokem.cz\/wp-content\/uploads\/2026\/08\/pisek-hernajs-hernicka-az-na-pudu-768x508.jpg 768w, https:\/\/loudavymkrokem.cz\/wp-content\/uploads\/2026\/08\/pisek-hernajs-hernicka-az-na-pudu-1536x1016.jpg 1536w, https:\/\/loudavymkrokem.cz\/wp-content\/uploads\/2026\/08\/pisek-hernajs-hernicka-az-na-pudu-2048x1354.jpg 2048w, https:\/\/loudavymkrokem.cz\/wp-content\/uploads\/2026\/08\/pisek-hernajs-hernicka-az-na-pudu-696x460.jpg 696w, https:\/\/loudavymkrokem.cz\/wp-content\/uploads\/2026\/08\/pisek-hernajs-hernicka-az-na-pudu-1392x921.jpg 1392w, https:\/\/loudavymkrokem.cz\/wp-content\/uploads\/2026\/08\/pisek-hernajs-hernicka-az-na-pudu-1920x1270.jpg 1920w\" sizes=\"(max-width: 2200px) 100vw, 2200px\" \/><button\n\t\t\tclass=\"lightbox-trigger\"\n\t\t\ttype=\"button\"\n\t\t\taria-haspopup=\"dialog\"\n\t\t\tdata-wp-bind--aria-label=\"state.thisImage.triggerButtonAriaLabel\"\n\t\t\tdata-wp-init=\"callbacks.initTriggerButton\"\n\t\t\tdata-wp-on--click=\"actions.showLightbox\"\n\t\t\tdata-wp-style--right=\"state.thisImage.buttonRight\"\n\t\t\tdata-wp-style--top=\"state.thisImage.buttonTop\"\n\t\t>\n\t\t\t<svg xmlns=\"http:\/\/www.w3.org\/2000\/svg\" width=\"12\" height=\"12\" fill=\"none\" viewBox=\"0 0 12 12\">\n\t\t\t\t<path fill=\"#fff\" d=\"M2 0a2 2 0 0 0-2 2v2h1.5V2a.5.5 0 0 1 .5-.5h2V0H2Zm2 10.5H2a.5.5 0 0 1-.5-.5V8H0v2a2 2 0 0 0 2 2h2v-1.5ZM8 12v-1.5h2a.5.5 0 0 0 .5-.5V8H12v2a2 2 0 0 1-2 2H8Zm2-12a2 2 0 0 1 2 2v2h-1.5V2a.5.5 0 0 0-.5-.5H8V0h2Z\" \/>\n\t\t\t<\/svg>\n\t\t<\/button><\/figure>\n\n\n\n<p class=\"wp-block-paragraph\"><strong><a href=\"https:\/\/www.instagram.com\/her.najs\/\" target=\"_blank\" data-type=\"link\" data-id=\"https:\/\/www.instagram.com\/her.najs\/\" rel=\"noreferrer noopener\">Hernajs<\/a><\/strong> a Jungmann utc\u00e1ban van, ugyanabban a h\u00e1zban, mint az <strong>A\u017e na p\u016fdu<\/strong> k\u00e1v\u00e9z\u00f3. K\u00f6z\u00f6s a bej\u00e1ratuk, de <strong>a j\u00e1tsz\u00f3h\u00e1z nem tartozik a k\u00e1v\u00e9z\u00f3hoz<\/strong> \u2014 \u00f6n\u00e1ll\u00f3 v\u00e1llalkoz\u00e1s az emeleten, \u00e9s a k\u00e1v\u00e9t csak magaddal viheted a gyerekekhez. Kicsi, \u00e9s nincs itt t\u00e9r a rohang\u00e1l\u00e1shoz, \u00edgy f\u0151leg a kb. k\u00e9t\u00e9ves korig terjed\u0151 totyog\u00f3knak val\u00f3. A m\u0171helyfoglalkoz\u00e1sokr\u00f3l \u00e9s \u00e9rz\u00e9kfejleszt\u0151 j\u00e1t\u00e9kokr\u00f3l az Instagramjukon t\u00e1j\u00e9koztatnak, de a program borzaszt\u00f3an v\u00e1ltozik, \u00e9s gyakran \u00e9pp nincs.<\/p>\n\n\n\n<h3 class=\"wp-block-heading\"><span class=\"ez-toc-section\" id=\"Mini_Academy\"><\/span>Mini Academy<span class=\"ez-toc-section-end\"><\/span><\/h3>\n\n\n\n<p class=\"wp-block-paragraph\"><strong><a href=\"https:\/\/miniacademy.cz\/?gad_source=1&amp;gad_campaignid=22872992318&amp;gbraid=0AAAABAVHf7aeYOGgZ9GHDcgoWE_YHNW6K&amp;gclid=Cj0KCQjw1ZjOBhCmARIsADDuFTAF61N7iieFbWaKkfCkX_axM0q7-K4YjE_rgSqdVOEvNxjLs5s5jeMaAh7MEALw_wcB\" target=\"_blank\" data-type=\"link\" data-id=\"https:\/\/miniacademy.cz\/?gad_source=1&amp;gad_campaignid=22872992318&amp;gbraid=0AAAABAVHf7aeYOGgZ9GHDcgoWE_YHNW6K&amp;gclid=Cj0KCQjw1ZjOBhCmARIsADDuFTAF61N7iieFbWaKkfCkX_axM0q7-K4YjE_rgSqdVOEvNxjLs5s5jeMaAh7MEALw_wcB\" rel=\"noreferrer noopener\">Gyerekk\u00f6zpont<\/a><\/strong>, ahol \u00e9rz\u00e9kfejleszt\u0151 j\u00e1t\u00e9kot, angolt a legkisebbeknek, totyog\u00f3s torn\u00e1t \u00e9s m\u00e9g mini diszk\u00f3t is k\u00edn\u00e1lnak. A programok v\u00e1ltoznak, ez\u00e9rt \u00e9rdemes k\u00f6vetni az oldalukat. A kisgyerekes sz\u00fcl\u0151knek ez maga a megv\u00e1lt\u00e1s, itt m\u00e1s p\u00edseki csal\u00e1dokkal is tal\u00e1lkozol.<\/p>\n\n\n\n<h3 class=\"wp-block-heading\"><span class=\"ez-toc-section\" id=\"Kozlekedesi_jatszoter_a_Vencelnel\"><\/span>K\u00f6zleked\u00e9si j\u00e1tsz\u00f3t\u00e9r a Venceln\u00e9l<span class=\"ez-toc-section-end\"><\/span><\/h3>\n\n\n\n<figure data-wp-context=\"{&quot;imageId&quot;:&quot;6a952ed61f157&quot;}\" data-wp-interactive=\"core\/image\" data-wp-key=\"6a952ed61f157\" class=\"wp-block-image size-full wp-lightbox-container\"><img decoding=\"async\" width=\"1024\" height=\"461\" data-wp-class--hide=\"state.isContentHidden\" data-wp-class--show=\"state.isContentVisible\" data-wp-init=\"callbacks.setButtonStyles\" data-wp-on--click=\"actions.showLightbox\" data-wp-on--load=\"callbacks.setButtonStyles\" data-wp-on--pointerdown=\"actions.preloadImage\" data-wp-on--pointerenter=\"actions.preloadImageWithDelay\" data-wp-on--pointerleave=\"actions.cancelPreload\" data-wp-on-window--resize=\"callbacks.setButtonStyles\" src=\"https:\/\/loudavymkrokem.cz\/wp-content\/uploads\/2026\/08\/dopravni-hriste-u-sv-vaclava-pisek.jpg\" alt=\"Fel\u00faj\u00edtott k\u00f6zleked\u00e9si j\u00e1tsz\u00f3t\u00e9r a Szent Venceln\u00e9l P\u00edseken\" class=\"wp-image-399632\" title=\"\" srcset=\"https:\/\/loudavymkrokem.cz\/wp-content\/uploads\/2026\/08\/dopravni-hriste-u-sv-vaclava-pisek.jpg 1024w, https:\/\/loudavymkrokem.cz\/wp-content\/uploads\/2026\/08\/dopravni-hriste-u-sv-vaclava-pisek-300x135.jpg 300w, https:\/\/loudavymkrokem.cz\/wp-content\/uploads\/2026\/08\/dopravni-hriste-u-sv-vaclava-pisek-700x315.jpg 700w, https:\/\/loudavymkrokem.cz\/wp-content\/uploads\/2026\/08\/dopravni-hriste-u-sv-vaclava-pisek-768x346.jpg 768w, https:\/\/loudavymkrokem.cz\/wp-content\/uploads\/2026\/08\/dopravni-hriste-u-sv-vaclava-pisek-696x313.jpg 696w\" sizes=\"(max-width: 1024px) 100vw, 1024px\" \/><button\n\t\t\tclass=\"lightbox-trigger\"\n\t\t\ttype=\"button\"\n\t\t\taria-haspopup=\"dialog\"\n\t\t\tdata-wp-bind--aria-label=\"state.thisImage.triggerButtonAriaLabel\"\n\t\t\tdata-wp-init=\"callbacks.initTriggerButton\"\n\t\t\tdata-wp-on--click=\"actions.showLightbox\"\n\t\t\tdata-wp-style--right=\"state.thisImage.buttonRight\"\n\t\t\tdata-wp-style--top=\"state.thisImage.buttonTop\"\n\t\t>\n\t\t\t<svg xmlns=\"http:\/\/www.w3.org\/2000\/svg\" width=\"12\" height=\"12\" fill=\"none\" viewBox=\"0 0 12 12\">\n\t\t\t\t<path fill=\"#fff\" d=\"M2 0a2 2 0 0 0-2 2v2h1.5V2a.5.5 0 0 1 .5-.5h2V0H2Zm2 10.5H2a.5.5 0 0 1-.5-.5V8H0v2a2 2 0 0 0 2 2h2v-1.5ZM8 12v-1.5h2a.5.5 0 0 0 .5-.5V8H12v2a2 2 0 0 1-2 2H8Zm2-12a2 2 0 0 1 2 2v2h-1.5V2a.5.5 0 0 0-.5-.5H8V0h2Z\" \/>\n\t\t\t<\/svg>\n\t\t<\/button><\/figure>\n\n\n\n<p class=\"wp-block-paragraph\">A strandn\u00e1l egy fel\u00faj\u00edtott k\u00f6zleked\u00e9si j\u00e1tsz\u00f3teret tal\u00e1lsz jelz\u0151l\u00e1mp\u00e1kkal, k\u00f6rforgalommal \u00e9s mindennel, amire a kis sof\u0151r\u00f6knek sz\u00fcks\u00e9g\u00fck van. A gyerekek itt tanulj\u00e1k a k\u00f6zleked\u00e9si szab\u00e1lyokat, k\u00f6zben pedig sz\u00f3rakoznak. \u00c9s mivel itt van a <strong>YEZ Caf\u00e9<\/strong> is homokoz\u00f3val a legkisebbeknek, k\u00f6zben nyugodtan eszel, a kisebb testv\u00e9rek pedig szint\u00e9n elfoglalj\u00e1k magukat. Praktikus, sz\u00f3rakoztat\u00f3, m\u0171k\u00f6dik.<\/p>\n\n\n\n<h3 class=\"wp-block-heading\"><span class=\"ez-toc-section\" id=\"Nase_zviratka_Putim_ingyenes_miniallatkert\"><\/span>Na\u0161e zv\u00ed\u0159\u00e1tka Putim: ingyenes mini\u00e1llatkert<span class=\"ez-toc-section-end\"><\/span><\/h3>\n\n\n\n<figure data-wp-context=\"{&quot;imageId&quot;:&quot;6a952ed61f774&quot;}\" data-wp-interactive=\"core\/image\" data-wp-key=\"6a952ed61f774\" class=\"wp-block-image size-full wp-lightbox-container\"><img decoding=\"async\" width=\"1000\" height=\"563\" data-wp-class--hide=\"state.isContentHidden\" data-wp-class--show=\"state.isContentVisible\" data-wp-init=\"callbacks.setButtonStyles\" data-wp-on--click=\"actions.showLightbox\" data-wp-on--load=\"callbacks.setButtonStyles\" data-wp-on--pointerdown=\"actions.preloadImage\" data-wp-on--pointerenter=\"actions.preloadImageWithDelay\" data-wp-on--pointerleave=\"actions.cancelPreload\" data-wp-on-window--resize=\"callbacks.setButtonStyles\" src=\"https:\/\/loudavymkrokem.cz\/wp-content\/uploads\/2026\/08\/nase-zviratka-putim-klokan.jpg\" alt=\"Kenguru a Na\u0161e zv\u00ed\u0159\u00e1tka mini\u00e1llatkertben Putimben\" class=\"wp-image-399583\" title=\"\" srcset=\"https:\/\/loudavymkrokem.cz\/wp-content\/uploads\/2026\/08\/nase-zviratka-putim-klokan.jpg 1000w, https:\/\/loudavymkrokem.cz\/wp-content\/uploads\/2026\/08\/nase-zviratka-putim-klokan-300x169.jpg 300w, https:\/\/loudavymkrokem.cz\/wp-content\/uploads\/2026\/08\/nase-zviratka-putim-klokan-700x394.jpg 700w, https:\/\/loudavymkrokem.cz\/wp-content\/uploads\/2026\/08\/nase-zviratka-putim-klokan-768x432.jpg 768w, https:\/\/loudavymkrokem.cz\/wp-content\/uploads\/2026\/08\/nase-zviratka-putim-klokan-696x392.jpg 696w\" sizes=\"(max-width: 1000px) 100vw, 1000px\" \/><button\n\t\t\tclass=\"lightbox-trigger\"\n\t\t\ttype=\"button\"\n\t\t\taria-haspopup=\"dialog\"\n\t\t\tdata-wp-bind--aria-label=\"state.thisImage.triggerButtonAriaLabel\"\n\t\t\tdata-wp-init=\"callbacks.initTriggerButton\"\n\t\t\tdata-wp-on--click=\"actions.showLightbox\"\n\t\t\tdata-wp-style--right=\"state.thisImage.buttonRight\"\n\t\t\tdata-wp-style--top=\"state.thisImage.buttonTop\"\n\t\t>\n\t\t\t<svg xmlns=\"http:\/\/www.w3.org\/2000\/svg\" width=\"12\" height=\"12\" fill=\"none\" viewBox=\"0 0 12 12\">\n\t\t\t\t<path fill=\"#fff\" d=\"M2 0a2 2 0 0 0-2 2v2h1.5V2a.5.5 0 0 1 .5-.5h2V0H2Zm2 10.5H2a.5.5 0 0 1-.5-.5V8H0v2a2 2 0 0 0 2 2h2v-1.5ZM8 12v-1.5h2a.5.5 0 0 0 .5-.5V8H12v2a2 2 0 0 1-2 2H8Zm2-12a2 2 0 0 1 2 2v2h-1.5V2a.5.5 0 0 0-.5-.5H8V0h2Z\" \/>\n\t\t\t<\/svg>\n\t\t<\/button><\/figure>\n\n\n\n<p class=\"wp-block-paragraph\">Ez a kedvenc tippem a legkisebb gyerekeknek. Putimben, <strong>t\u00edz percre aut\u00f3val P\u00edsekt\u0151l<\/strong>, m\u0171k\u00f6dik a Na\u0161e zv\u00ed\u0159\u00e1tka csal\u00e1di mini\u00e1llatkert, ahol kengurukkal, szurik\u00e1t\u00e1kkal, kecsk\u00e9kkel, ragadoz\u00f3kkal \u00e9s egy besz\u00e9l\u0151 holl\u00f3val tal\u00e1lkozol, hozz\u00e1 retr\u00f3 j\u00e1tsz\u00f3t\u00e9r hint\u00e1kkal \u00e9s homokoz\u00f3val. \u00c9s a legjobb: <strong>a bel\u00e9p\u00e9s ingyenes<\/strong>, csak \u00f6nk\u00e9ntes adom\u00e1nyt k\u00e9rnek a perselybe (760\u20131510 Ft-ot, azaz 50\u2013100 K\u010d-t aj\u00e1nlanak), naponta 9 \u00e9s 19 \u00f3ra k\u00f6z\u00f6tt tartanak nyitva.<\/p>\n\n\n\n<p class=\"wp-block-paragraph\">\ud83d\udca1 <strong>Tipp:<\/strong> K\u00f6sd \u00f6ssze egy putimi s\u00e9t\u00e1val, ez a falu \u0160vejkr\u0151l h\u00edres. \u00c9s ha a gyerekeid lovakr\u00f3l \u00e1lmodoznak, P\u00edsek mellett Smrkovic\u00e9ben ott a <strong>Merlin ist\u00e1ll\u00f3<\/strong>, ahol lehet p\u00f3ni-lovagl\u00e1sra vagy l\u00e1m\u00e1val, alpak\u00e1val val\u00f3 s\u00e9t\u00e1ra megbesz\u00e9lni id\u0151pontot. Csak telefon\u00e1lj el\u0151re, itt minden el\u0151jegyz\u00e9sre m\u0171k\u00f6dik, \u00e9s az \u00e1rakat k\u00e9r\u00e9sre mondj\u00e1k meg.<\/p>\n\n\n\n<h3 class=\"wp-block-heading\"><span class=\"ez-toc-section\" id=\"Strand_a_Vencelnel_furdes_Otavara_nezo_kilatassal\"><\/span>Strand a Venceln\u00e9l: f\u00fcrd\u00e9s Otav\u00e1ra n\u00e9z\u0151 kil\u00e1t\u00e1ssal<span class=\"ez-toc-section-end\"><\/span><\/h3>\n\n\n\n<p class=\"wp-block-paragraph\">Amikor k\u00e1nikula van, a p\u00edseki csal\u00e1dok a Venceln\u00e9l l\u00e9v\u0151 strandra tartanak, amely m\u00e1r t\u00f6bb mint 75 \u00e9ve m\u0171k\u00f6dik. Ilyen klasszikus foly\u00f3parti hely: <strong>gyermekmedence cs\u00faszd\u00e1val, pancsol\u00f3<\/strong>, \u00e9s aki akar, egyenesen az Otav\u00e1ban \u00faszik. A feln\u0151ttek <strong>1360 Ft-ot (90 K\u010d) fizetnek naponta<\/strong>, a 140 cm alatti gyerekek 910 Ft-ot (60 K\u010d), a csal\u00e1di bel\u00e9p\u0151 pedig 3400 Ft-ba (225 K\u010d) ker\u00fcl, ami szerintem t\u00f6bb mint korrekt. A ter\u00fcleten r\u00e1ad\u00e1sul cs\u00f3nakot is k\u00f6lcs\u00f6n\u00f6zhetsz \u00f3r\u00e1nk\u00e9nt \u00fagy 1500 Ft-\u00e9rt, a b\u00fcf\u00e9 pedig egyb\u0151l a v\u00edzparton van.<\/p>\n\n\n\n<h3 class=\"wp-block-heading\"><span class=\"ez-toc-section\" id=\"Csonakkal_az_Otavan_vizi_tura_csaladoknak_is\"><\/span>Cs\u00f3nakkal az Otav\u00e1n: v\u00edzi t\u00fara csal\u00e1doknak is<span class=\"ez-toc-section-end\"><\/span><\/h3>\n\n\n\n<p class=\"wp-block-paragraph\">Az Otava P\u00edsek k\u00f6r\u00fcl nyugodt \u00e9s lass\u00fa foly\u00f3, ide\u00e1lis az els\u0151 v\u00edzi t\u00far\u00e1s pr\u00f3b\u00e1lkoz\u00e1sokhoz gyerekekkel. A k\u00f6lcs\u00f6nz\u0151k a cs\u00f3nakokat ingyen sz\u00e1ll\u00edtj\u00e1k egyenesen P\u00edsekre, egy <strong>csal\u00e1di kenu k\u00e9t feln\u0151ttnek \u00e9s k\u00e9t gyereknek napi 11 300 Ft (750 K\u010d) k\u00f6r\u00fcl van<\/strong>, egy nagy raft hat embernek kb. 23 400 Ft (1550 K\u010d), \u00e9s az \u00e1rban benne vannak a ment\u0151mell\u00e9nyek, a hord\u00f3k \u00e9s a lap\u00e1tok is. Nem kell r\u00f6gt\u00f6n eg\u00e9sz napos t\u00far\u00e1t tervezned, a k\u00f6lcs\u00f6nz\u0151k <strong>r\u00f6vid, m\u00e1sf\u00e9l\u2013h\u00e1rom \u00f3r\u00e1s d\u00e9lut\u00e1ni t\u00far\u00e1kat<\/strong> is tudnak, a konkr\u00e9t szakaszt az aktu\u00e1lis v\u00edz\u00e1ll\u00e1s szerint tan\u00e1csolj\u00e1k.<\/p>\n\n\n\n<h3 class=\"wp-block-heading\"><span class=\"ez-toc-section\" id=\"Zemeraj_Kovarov_mellett_egy_nap_a_kora_kozepkorban\"><\/span>Zem\u011br\u00e1j Kov\u00e1\u0159ov mellett: egy nap a kora k\u00f6z\u00e9pkorban<span class=\"ez-toc-section-end\"><\/span><\/h3>\n\n\n\n<figure data-wp-context=\"{&quot;imageId&quot;:&quot;6a952ed62006b&quot;}\" data-wp-interactive=\"core\/image\" data-wp-key=\"6a952ed62006b\" class=\"wp-block-image size-full wp-lightbox-container\"><img decoding=\"async\" width=\"1400\" height=\"550\" data-wp-class--hide=\"state.isContentHidden\" data-wp-class--show=\"state.isContentVisible\" data-wp-init=\"callbacks.setButtonStyles\" data-wp-on--click=\"actions.showLightbox\" data-wp-on--load=\"callbacks.setButtonStyles\" data-wp-on--pointerdown=\"actions.preloadImage\" data-wp-on--pointerenter=\"actions.preloadImageWithDelay\" data-wp-on--pointerleave=\"actions.cancelPreload\" data-wp-on-window--resize=\"callbacks.setButtonStyles\" src=\"https:\/\/loudavymkrokem.cz\/wp-content\/uploads\/2026\/08\/zemeraj-kovarov-lidova-staveni.jpg\" alt=\"N\u00e9pi \u00e9p\u00fcletek a Zem\u011br\u00e1j \u00e9lm\u00e9nyp\u00e1rkban Kov\u00e1\u0159ov mellett\" class=\"wp-image-399579\" title=\"\" srcset=\"https:\/\/loudavymkrokem.cz\/wp-content\/uploads\/2026\/08\/zemeraj-kovarov-lidova-staveni.jpg 1400w, https:\/\/loudavymkrokem.cz\/wp-content\/uploads\/2026\/08\/zemeraj-kovarov-lidova-staveni-300x118.jpg 300w, https:\/\/loudavymkrokem.cz\/wp-content\/uploads\/2026\/08\/zemeraj-kovarov-lidova-staveni-700x275.jpg 700w, https:\/\/loudavymkrokem.cz\/wp-content\/uploads\/2026\/08\/zemeraj-kovarov-lidova-staveni-768x302.jpg 768w, https:\/\/loudavymkrokem.cz\/wp-content\/uploads\/2026\/08\/zemeraj-kovarov-lidova-staveni-696x273.jpg 696w, https:\/\/loudavymkrokem.cz\/wp-content\/uploads\/2026\/08\/zemeraj-kovarov-lidova-staveni-1392x547.jpg 1392w\" sizes=\"(max-width: 1400px) 100vw, 1400px\" \/><button\n\t\t\tclass=\"lightbox-trigger\"\n\t\t\ttype=\"button\"\n\t\t\taria-haspopup=\"dialog\"\n\t\t\tdata-wp-bind--aria-label=\"state.thisImage.triggerButtonAriaLabel\"\n\t\t\tdata-wp-init=\"callbacks.initTriggerButton\"\n\t\t\tdata-wp-on--click=\"actions.showLightbox\"\n\t\t\tdata-wp-style--right=\"state.thisImage.buttonRight\"\n\t\t\tdata-wp-style--top=\"state.thisImage.buttonTop\"\n\t\t>\n\t\t\t<svg xmlns=\"http:\/\/www.w3.org\/2000\/svg\" width=\"12\" height=\"12\" fill=\"none\" viewBox=\"0 0 12 12\">\n\t\t\t\t<path fill=\"#fff\" d=\"M2 0a2 2 0 0 0-2 2v2h1.5V2a.5.5 0 0 1 .5-.5h2V0H2Zm2 10.5H2a.5.5 0 0 1-.5-.5V8H0v2a2 2 0 0 0 2 2h2v-1.5ZM8 12v-1.5h2a.5.5 0 0 0 .5-.5V8H12v2a2 2 0 0 1-2 2H8Zm2-12a2 2 0 0 1 2 2v2h-1.5V2a.5.5 0 0 0-.5-.5H8V0h2Z\" \/>\n\t\t\t<\/svg>\n\t\t<\/button><\/figure>\n\n\n\n<p class=\"wp-block-paragraph\">Erre a kir\u00e1ndul\u00e1sra sz\u00e1nj egy eg\u00e9sz napot. A <strong>Zem\u011br\u00e1j<\/strong> \u00e9lm\u00e9nypark Kov\u00e1\u0159ov mellett (kb. 35 perc aut\u00f3val Milevsko ir\u00e1ny\u00e1ban) egy megeleven\u00edtett kora k\u00f6z\u00e9pkori falu r\u00e9g\u00e9szeti skanzenje, ahol a gyerekek mindent kipr\u00f3b\u00e1lhatnak: gabon\u00e1t \u0151r\u00f6lnek, korabeli mesters\u00e9geket pr\u00f3b\u00e1lgatnak, hozz\u00e1 pedig egy <strong>kilom\u00e9teres mez\u00edtl\u00e1bas \u00f6sv\u00e9ny<\/strong>, vizes j\u00e1tsz\u00f3t\u00e9r, labirintus \u00e9s t\u00f6bb mint sz\u00e1z j\u00e1t\u00e9k \u00e9s fejt\u00f6r\u0151 sz\u00f3rva a ter\u00fcleten.<\/p>\n\n\n\n<p class=\"wp-block-paragraph\">A bel\u00e9p\u0151 <strong>2870 Ft (190 K\u010d) feln\u0151tteknek \u00e9s 2570 Ft (170 K\u010d) a 2 \u00e9vesn\u00e9l id\u0151sebb gyerekeknek<\/strong>, a kisebb gyerekek \u00e9s a parkol\u00e1s ingyenes. M\u00e1just\u00f3l szeptember v\u00e9g\u00e9ig van nyitva, a sz\u00fcnid\u0151ben naponta 9:30-t\u00f3l 18:30-ig, azon k\u00edv\u00fcl f\u0151leg h\u00e9tv\u00e9g\u00e9n. \ud83d\udca1 <strong>Tipp:<\/strong> A mez\u00edtl\u00e1bas \u00f6sv\u00e9nyhez csomagolj be egy t\u00f6r\u00f6lk\u00f6z\u0151t a l\u00e1b le\u00f6bl\u00edt\u00e9s\u00e9hez, kelleni fog.<\/p>\n\n\n\n<h3 class=\"wp-block-heading\"><span class=\"ez-toc-section\" id=\"Az_Elinka_kisvonattal_a_Szivarvany-hidon_at\"><\/span>Az Elinka kisvonattal a Sziv\u00e1rv\u00e1ny-h\u00eddon \u00e1t<span class=\"ez-toc-section-end\"><\/span><\/h3>\n\n\n\n<p class=\"wp-block-paragraph\">Ez a sz\u00edv\u00fcgy a kis \u00e9s nagy mozdonyrajong\u00f3knak. A sz\u00fcnidei szombatokon a T\u00e1borb\u00f3l Bechyn\u011bbe vezet\u0151 vonalon k\u00f6zlekedik a <strong>historikus Elinka villamoskocsi 1903-b\u00f3l<\/strong>, a maga nem\u00e9ben a legr\u00e9gibb Csehorsz\u00e1gban, vele pedig a remek Bobinka mozdony. A vonal egy\u00e9bk\u00e9nt eml\u00e9kezetes, ez volt n\u00e1lunk az els\u0151 villamos\u00edtott vas\u00fat, \u00e9s a vonat \u00fatk\u00f6zben \u00e1tkel a h\u00edres <strong>Bechyn\u011bi Sziv\u00e1rv\u00e1ny-h\u00eddon<\/strong> is.<\/p>\n\n\n\n<p class=\"wp-block-paragraph\">P\u00edsekr\u0151l a legk\u00e9nyelmesebb Bechyn\u011bbe elj\u00f6nni (f\u00e9l \u00f3ra aut\u00f3val), \u00e9s felsz\u00e1llni a kb. 11:25-\u00f6s \u00e9s 15:25-\u00f6s vissza\u00fatra. A jegy <strong>3020 Ft (200 K\u010d) feln\u0151tteknek \u00e9s 1510 Ft (100 K\u010d) a 6\u201315 \u00e9ves gyerekeknek<\/strong>. Az aktu\u00e1lis id\u0151pontokat \u00e9s menetrendet indul\u00e1s el\u0151tt ellen\u0151rizd a Cseh Vasutakn\u00e1l, \u00e9vente kicsit elt\u00e9rhetnek.<\/p>\n\n\n\n<h2 class=\"wp-block-heading\"><span class=\"ez-toc-section\" id=\"Mit_csinalj_Piseken_ha_esik\"><\/span>Mit csin\u00e1lj P\u00edseken, ha esik<span class=\"ez-toc-section-end\"><\/span><\/h2>\n\n\n\n<figure data-wp-context=\"{&quot;imageId&quot;:&quot;6a952ed6208ff&quot;}\" data-wp-interactive=\"core\/image\" data-wp-key=\"6a952ed6208ff\" class=\"wp-block-image size-full wp-lightbox-container\"><img decoding=\"async\" width=\"2200\" height=\"1467\" data-wp-class--hide=\"state.isContentHidden\" data-wp-class--show=\"state.isContentVisible\" data-wp-init=\"callbacks.setButtonStyles\" data-wp-on--click=\"actions.showLightbox\" data-wp-on--load=\"callbacks.setButtonStyles\" data-wp-on--pointerdown=\"actions.preloadImage\" data-wp-on--pointerenter=\"actions.preloadImageWithDelay\" data-wp-on--pointerleave=\"actions.cancelPreload\" data-wp-on-window--resize=\"callbacks.setButtonStyles\" src=\"https:\/\/loudavymkrokem.cz\/wp-content\/uploads\/2026\/08\/pisek-prachenske-muzeum-nadvori.jpg\" alt=\"A p\u00edseki v\u00e1r udvara a Pr\u00e1che\u0148 M\u00fazeummal\" class=\"wp-image-399341\" title=\"\" srcset=\"https:\/\/loudavymkrokem.cz\/wp-content\/uploads\/2026\/08\/pisek-prachenske-muzeum-nadvori.jpg 2200w, https:\/\/loudavymkrokem.cz\/wp-content\/uploads\/2026\/08\/pisek-prachenske-muzeum-nadvori-300x200.jpg 300w, https:\/\/loudavymkrokem.cz\/wp-content\/uploads\/2026\/08\/pisek-prachenske-muzeum-nadvori-700x467.jpg 700w, https:\/\/loudavymkrokem.cz\/wp-content\/uploads\/2026\/08\/pisek-prachenske-muzeum-nadvori-768x512.jpg 768w, https:\/\/loudavymkrokem.cz\/wp-content\/uploads\/2026\/08\/pisek-prachenske-muzeum-nadvori-1536x1024.jpg 1536w, https:\/\/loudavymkrokem.cz\/wp-content\/uploads\/2026\/08\/pisek-prachenske-muzeum-nadvori-2048x1366.jpg 2048w, https:\/\/loudavymkrokem.cz\/wp-content\/uploads\/2026\/08\/pisek-prachenske-muzeum-nadvori-696x464.jpg 696w, https:\/\/loudavymkrokem.cz\/wp-content\/uploads\/2026\/08\/pisek-prachenske-muzeum-nadvori-1392x928.jpg 1392w, https:\/\/loudavymkrokem.cz\/wp-content\/uploads\/2026\/08\/pisek-prachenske-muzeum-nadvori-1920x1280.jpg 1920w\" sizes=\"(max-width: 2200px) 100vw, 2200px\" \/><button\n\t\t\tclass=\"lightbox-trigger\"\n\t\t\ttype=\"button\"\n\t\t\taria-haspopup=\"dialog\"\n\t\t\tdata-wp-bind--aria-label=\"state.thisImage.triggerButtonAriaLabel\"\n\t\t\tdata-wp-init=\"callbacks.initTriggerButton\"\n\t\t\tdata-wp-on--click=\"actions.showLightbox\"\n\t\t\tdata-wp-style--right=\"state.thisImage.buttonRight\"\n\t\t\tdata-wp-style--top=\"state.thisImage.buttonTop\"\n\t\t>\n\t\t\t<svg xmlns=\"http:\/\/www.w3.org\/2000\/svg\" width=\"12\" height=\"12\" fill=\"none\" viewBox=\"0 0 12 12\">\n\t\t\t\t<path fill=\"#fff\" d=\"M2 0a2 2 0 0 0-2 2v2h1.5V2a.5.5 0 0 1 .5-.5h2V0H2Zm2 10.5H2a.5.5 0 0 1-.5-.5V8H0v2a2 2 0 0 0 2 2h2v-1.5ZM8 12v-1.5h2a.5.5 0 0 0 .5-.5V8H12v2a2 2 0 0 1-2 2H8Zm2-12a2 2 0 0 1 2 2v2h-1.5V2a.5.5 0 0 0-.5-.5H8V0h2Z\" \/>\n\t\t\t<\/svg>\n\t\t<\/button><\/figure>\n\n\n\n<p class=\"wp-block-paragraph\">Egy es\u0151s nap P\u00edseken nem ok a b\u0151r\u00f6ndbe pakol\u00e1sra. S\u0151t, \u00e9s ezt \u0151szint\u00e9n mondom, n\u00e9h\u00e1ny itteni legjobb \u00e9lm\u00e9ny \u00e9ppen fedett helyen van. <strong>Itt egy lista helyekr\u0151l, ahov\u00e1 beh\u00faz\u00f3dhatsz an\u00e9lk\u00fcl, hogy csak az id\u0151t \u00e9rezn\u00e9d \u00f6lni.<\/strong><\/p>\n\n\n\n<ul class=\"wp-block-list\">\n<li><strong>Sladovna<\/strong> \u2013 egy\u00e9rtelm\u0171 egyes sz\u00e1m\u00fa v\u00e1laszt\u00e1s. N\u00e9gy emeletnyi sz\u00f3rakoz\u00e1s az eg\u00e9sz csal\u00e1dnak, nyugodtan elt\u00f6lthetsz itt egy eg\u00e9sz d\u00e9lel\u0151tt\u00f6t vagy d\u00e9lut\u00e1nt.<\/li>\n\n\n\n<li><strong>Pr\u00e1che\u0148 M\u00fazeum<\/strong> \u2013 g\u00f3tikus v\u00e1r, gy\u0171jtem\u00e9nyek az \u0151skort\u00f3l napjainkig. Es\u0151ben a hangulat m\u00e9g nagyobb er\u0151vel hat.<\/li>\n\n\n\n<li><strong>K\u0159i\u017e\u00edk er\u0151m\u0171ve<\/strong> \u2013 vigy\u00e1zz, jelenleg <strong>z\u00e1rva<\/strong> van fel\u00faj\u00edt\u00e1s miatt. De figyeld, mikor nyit ki, mert meg\u00e9ri.<\/li>\n\n\n\n<li><strong>K\u00e1v\u00e9z\u00f3k<\/strong> \u2013 P\u00edseken a k\u00e1v\u00e9z\u00f3s \u00e9let meglep\u0151en gazdag. V\u00e1laszd a <strong>Balz\u00e1m caf\u00e9<\/strong>-t a nyugodt megpihen\u00e9sre, a <strong>Sova na V\u011btvi<\/strong>-t a kiv\u00e1l\u00f3 k\u00e1v\u00e9ra, az <strong>A\u017e na p\u016fdu<\/strong>-t a reggelire \u00e9s az udvarbeli \u00fcld\u00f6g\u00e9l\u00e9sre, a <strong>Frame<\/strong>-et a modern designra \u00e9s egy cs\u00e9sze k\u00e1v\u00e9ra vagy match\u00e1ra, a <strong>Travel Cafe<\/strong>-t (a mi kedvenc\u00fcnk, homokoz\u00f3s kerthelyis\u00e9ggel), amikor legal\u00e1bb gondolatban utazni szeretn\u00e9l, \u00e9s j\u00f3 brunchot fogyasztani hozz\u00e1. K\u00fcl\u00f6n kateg\u00f3ria a j\u00e1tsz\u00f3h\u00e1zak, f\u0151leg a <strong>My\u0161ka herna<\/strong>.<\/li>\n\n\n\n<li><strong>\u00c9ttermek<\/strong> \u2013 az es\u0151s nap remek kifog\u00e1s egy rendes eb\u00e9dre. Err\u0151l b\u0151vebben az \u00e9telekr\u0151l sz\u00f3l\u00f3 szekci\u00f3ban lentebb.<\/li>\n\n\n\n<li><strong>Porty\u010d mozi<\/strong> \u2013 ne v\u00e1rj modern multiplexet nagy b\u00fcf\u00e9k\u00edn\u00e1lattal, de egy \u00faj filmet megn\u00e9zhetsz n\u00e9pi \u00e1ron.<\/li>\n\n\n\n<li><strong>A milevsk\u00f3i maszkosok m\u00fazeuma<\/strong> \u2013 f\u00e9l \u00f3ra aut\u00f3val, \u00e9s Csehorsz\u00e1g legr\u00e9gibb farsangi felvonul\u00e1s\u00e1nak m\u00fazeum\u00e1ban vagy. A gyerekek maszkm\u00e1solatokat pr\u00f3b\u00e1lgatnak, tabletekkel j\u00e1tszanak, a m\u0171helyben pedig kisz\u00ednezik saj\u00e1t maszkjukat. Bel\u00e9p\u0151 910\/450 Ft (60\/30 K\u010d), csal\u00e1di 2120 Ft (140 K\u010d).<\/li>\n\n\n\n<li><strong>Hora\u017e\u010fovice aquapark<\/strong> \u2013 negyven perc aut\u00f3val, cser\u00e9be cs\u00faszda, vadv\u00edz, hull\u00e1mver\u00e9s \u00e9s pir\u00e1tos haj\u00f3s gyermekmedence. A k\u00e9t\u00f3r\u00e1s csal\u00e1di bel\u00e9p\u0151 7400 Ft-ba (490 K\u010d) ker\u00fcl. Fedett medenc\u00e9t 86 m\u00e9teres cs\u00faszd\u00e1val k\u00f6zelebb is tal\u00e1lsz, Strakonic\u00e9ben.<\/li>\n\n\n\n<li><strong>Uszoda + g\u0151z<\/strong> \u2013 a belt\u00e9ri medence \u00e9s a g\u0151z m\u0171k\u00f6dik, csak a k\u00fclt\u00e9ri r\u00e9sz van most z\u00e1rva (a v\u00e1ros ugyanis teljesen \u00faj medenc\u00e9t \u00e9p\u00edt). Ha m\u00e1r kint v\u00edz van, legal\u00e1bb te legy\u00e9l a melegben.<\/li>\n\n\n\n<li><strong>Harmony<\/strong> \u2013 j\u00f3ga, pilates, konditerem, szauna, massz\u00e1zs. Egy es\u0151s napb\u00f3l csin\u00e1lhatsz wellness napot, nem?<\/li>\n\n\n\n<li><strong>Kutyusos j\u00f3ga a Mini Academyben<\/strong> \u2013 j\u00f3ga kiskuty\u00e1kkal. Igen, j\u00f3l olvasod. J\u00f3ga. Kis. Kuty\u00e1kkal. Kell m\u00e9g mondanom valamit? \ud83d\ude05<\/li>\n<\/ul>\n\n\n\n<h2 class=\"wp-block-heading\"><span class=\"ez-toc-section\" id=\"Hol_parkolj_Piseken\"><\/span>Hol parkolj P\u00edseken<span class=\"ez-toc-section-end\"><\/span><\/h2>\n\n\n\n<p class=\"wp-block-paragraph\">A parkol\u00e1s P\u00edseken n\u00e9ha di\u00f3nak bizonyulhat, \u00e9s p\u00e1r dolgot j\u00f3 el\u0151re tudni, hogy ne k\u00f6r\u00f6zz feleslegesen a belv\u00e1rosban. A v\u00e1rosnak h\u00e1rom d\u00edjz\u00f3n\u00e1ja van, \u00e9s a rendszer \u00e1tl\u00e1that\u00f3.<\/p>\n\n\n\n<p class=\"wp-block-paragraph\"><strong>I. z\u00f3na (belv\u00e1ros):<\/strong><\/p>\n\n\n\n<ul class=\"wp-block-list\">\n<li>1. \u00f3ra: 300 Ft (20 K\u010d)<\/li>\n\n\n\n<li>2. \u00f3ra: 450 Ft (30 K\u010d)<\/li>\n\n\n\n<li>Minden tov\u00e1bbi \u00f3ra: 910 Ft (60 K\u010d)<\/li>\n<\/ul>\n\n\n\n<p class=\"wp-block-paragraph\"><strong>II. z\u00f3na (t\u00e1gabb belv\u00e1ros):<\/strong><\/p>\n\n\n\n<ul class=\"wp-block-list\">\n<li>1.\u20132. \u00f3ra: 150 Ft (10 K\u010d)<\/li>\n\n\n\n<li>Minden tov\u00e1bbi \u00f3ra: 450 Ft (30 K\u010d)<\/li>\n<\/ul>\n\n\n\n<p class=\"wp-block-paragraph\"><strong>III. z\u00f3na (peremvid\u00e9k):<\/strong><\/p>\n\n\n\n<ul class=\"wp-block-list\">\n<li>150 Ft (10 K\u010d)\/\u00f3ra<\/li>\n<\/ul>\n\n\n\n<p class=\"wp-block-paragraph\"><strong>\u00c1llami \u00fcnnepeken a parkol\u00e1s mindenhol ingyenes, vas\u00e1rnap pedig szinte mindenhol<\/strong>, kiv\u00e9tel a Nagy t\u00e9r, ahol minden nap fizetni kell.<\/p>\n\n\n\n<p class=\"wp-block-paragraph\">Fizethetsz az <strong>MPLA<\/strong> alkalmaz\u00e1son kereszt\u00fcl, ami tal\u00e1n a legk\u00e9nyelmesebb megold\u00e1s. Semmi \u00e9rmekeres\u00e9s, semmi automat\u00e1hoz rohang\u00e1l\u00e1s.<\/p>\n\n\n\n<p class=\"wp-block-paragraph\"><strong>A tippem:<\/strong> Ha hosszabb id\u0151re j\u00f6ssz, parkolj a <strong>ki\u00e1ll\u00edt\u00e1s ter\u00fclet\u00e9n<\/strong> vagy <strong>a m\u0171vel\u0151d\u00e9si h\u00e1zn\u00e1l<\/strong> \u2013 egy ugr\u00e1sra van a belv\u00e1rost\u00f3l, a z\u00f3na olcs\u00f3bb, \u00e9s \u00e1ltal\u00e1ban van hely. P\u00e1r perc s\u00e9ta nem \u00e1rt, a p\u00e9nzt\u00e1rc\u00e1d pedig megk\u00f6sz\u00f6ni. Ha a <strong>Elim sportcsarnokn\u00e1l parkolsz<\/strong>, teljesen ingyen lesz.<\/p>\n\n\n\n<h2 class=\"wp-block-heading\"><span class=\"ez-toc-section\" id=\"Hol_egyel_es_igyal_jot_Piseken\"><\/span>Hol egy\u00e9l \u00e9s igy\u00e1l j\u00f3t P\u00edseken<span class=\"ez-toc-section-end\"><\/span><\/h2>\n\n\n\n<figure data-wp-context=\"{&quot;imageId&quot;:&quot;6a952ed6212a0&quot;}\" data-wp-interactive=\"core\/image\" data-wp-key=\"6a952ed6212a0\" class=\"wp-block-image size-full wp-lightbox-container\"><img decoding=\"async\" width=\"2200\" height=\"1467\" data-wp-class--hide=\"state.isContentHidden\" data-wp-class--show=\"state.isContentVisible\" data-wp-init=\"callbacks.setButtonStyles\" data-wp-on--click=\"actions.showLightbox\" data-wp-on--load=\"callbacks.setButtonStyles\" data-wp-on--pointerdown=\"actions.preloadImage\" data-wp-on--pointerenter=\"actions.preloadImageWithDelay\" data-wp-on--pointerleave=\"actions.cancelPreload\" data-wp-on-window--resize=\"callbacks.setButtonStyles\" src=\"https:\/\/loudavymkrokem.cz\/wp-content\/uploads\/2026\/08\/pisek-namesticko-zahradky.jpg\" alt=\"Kis t\u00e9r P\u00edsek belv\u00e1ros\u00e1ban ny\u00e1ri kerthelyis\u00e9gekkel\" class=\"wp-image-399382\" title=\"\" srcset=\"https:\/\/loudavymkrokem.cz\/wp-content\/uploads\/2026\/08\/pisek-namesticko-zahradky.jpg 2200w, https:\/\/loudavymkrokem.cz\/wp-content\/uploads\/2026\/08\/pisek-namesticko-zahradky-300x200.jpg 300w, https:\/\/loudavymkrokem.cz\/wp-content\/uploads\/2026\/08\/pisek-namesticko-zahradky-700x467.jpg 700w, https:\/\/loudavymkrokem.cz\/wp-content\/uploads\/2026\/08\/pisek-namesticko-zahradky-768x512.jpg 768w, https:\/\/loudavymkrokem.cz\/wp-content\/uploads\/2026\/08\/pisek-namesticko-zahradky-1536x1024.jpg 1536w, https:\/\/loudavymkrokem.cz\/wp-content\/uploads\/2026\/08\/pisek-namesticko-zahradky-2048x1366.jpg 2048w, https:\/\/loudavymkrokem.cz\/wp-content\/uploads\/2026\/08\/pisek-namesticko-zahradky-696x464.jpg 696w, https:\/\/loudavymkrokem.cz\/wp-content\/uploads\/2026\/08\/pisek-namesticko-zahradky-1392x928.jpg 1392w, https:\/\/loudavymkrokem.cz\/wp-content\/uploads\/2026\/08\/pisek-namesticko-zahradky-1920x1280.jpg 1920w\" sizes=\"(max-width: 2200px) 100vw, 2200px\" \/><button\n\t\t\tclass=\"lightbox-trigger\"\n\t\t\ttype=\"button\"\n\t\t\taria-haspopup=\"dialog\"\n\t\t\tdata-wp-bind--aria-label=\"state.thisImage.triggerButtonAriaLabel\"\n\t\t\tdata-wp-init=\"callbacks.initTriggerButton\"\n\t\t\tdata-wp-on--click=\"actions.showLightbox\"\n\t\t\tdata-wp-style--right=\"state.thisImage.buttonRight\"\n\t\t\tdata-wp-style--top=\"state.thisImage.buttonTop\"\n\t\t>\n\t\t\t<svg xmlns=\"http:\/\/www.w3.org\/2000\/svg\" width=\"12\" height=\"12\" fill=\"none\" viewBox=\"0 0 12 12\">\n\t\t\t\t<path fill=\"#fff\" d=\"M2 0a2 2 0 0 0-2 2v2h1.5V2a.5.5 0 0 1 .5-.5h2V0H2Zm2 10.5H2a.5.5 0 0 1-.5-.5V8H0v2a2 2 0 0 0 2 2h2v-1.5ZM8 12v-1.5h2a.5.5 0 0 0 .5-.5V8H12v2a2 2 0 0 1-2 2H8Zm2-12a2 2 0 0 1 2 2v2h-1.5V2a.5.5 0 0 0-.5-.5H8V0h2Z\" \/>\n\t\t\t<\/svg>\n\t\t<\/button><\/figure>\n\n\n\n<p class=\"wp-block-paragraph\">P\u00edsek olyan v\u00e1ros, ahol meglep\u0151en j\u00f3l lehet enni \u00e9s inni. Semmi gasztron\u00f3miai sivatag, amire valaki egy ekkora v\u00e1rost\u00f3l sz\u00e1m\u00edtana. Itt vannak <strong>a helyek, ahov\u00e1 P\u00edseken sz\u00edvesen j\u00e1runk<\/strong>, \u00e9s mivel a f\u00e9rjemmel mindketten veget\u00e1ri\u00e1nusok vagyunk, f\u0151leg arr\u00f3l \u00edrok, amit mi esz\u00fcnk.<\/p>\n\n\n\n<p class=\"wp-block-paragraph\"><strong>N\u00e9gy \u00e1lland\u00f3 kedvenc\u00fcnk \u00e9tkez\u00e9sre:<\/strong><\/p>\n\n\n\n<ul class=\"wp-block-list\">\n<li><strong>Tandoor<\/strong> (Heydukova 172\/10) \u2013 indiai \u00e9tterem elrejtve a Heyduk utc\u00e1b\u00f3l a Palack\u00fd-kertekbe vezet\u0151 \u00e1tj\u00e1r\u00f3ban, l\u00e9pcs\u0151n kereszt\u00fcl. Nep\u00e1li szak\u00e1csok, igazi tand\u00far kemence \u00e9s remek veget\u00e1ri\u00e1nus k\u00edn\u00e1lat: <strong>palak paneer, daal makhani vagy channa masala 2640 Ft (175 K\u010d) k\u00f6r\u00fcl<\/strong>, hozz\u00e1 friss naan 830 Ft-\u00e9rt (55 K\u010d). Vas\u00e1rnap z\u00e1rva.<\/li>\n\n\n\n<li><strong>Do Nebe<\/strong> (Palack\u00e9ho sady 68\/9) \u2013 <strong>glut\u00e9nmentes \u00e9tterem<\/strong>, amely ma steakhouse-k\u00e9nt profilozza mag\u00e1t, de az \u00e9tlap nagy r\u00e9sze term\u00e9szetesen glut\u00e9nmentes, \u00e9s a liszt\u00e9rz\u00e9kenyeknek ez P\u00edseken az egyes sz\u00e1m\u00fa c\u00edm. A men\u00fc viszont folyton v\u00e1ltozik, \u00edgy el\u0151re nem tudom, veget\u00e1ri\u00e1nusk\u00e9nt j\u00f3llakunk-e \u2014 id\u0151nk\u00e9nt van itt valami h\u00fastalan, \u00e9s akkor sz\u00edvesen j\u00e1runk ide. A napi men\u00fc 810\u20133760 Ft-ba (54\u2013249 K\u010d) ker\u00fcl. Kerthelyis\u00e9g a parkban, egy kicsit od\u00e9bb egy kis j\u00e1tsz\u00f3t\u00e9r, vas\u00e1rnap z\u00e1rva.<\/li>\n\n\n\n<li><strong>Pizzeria San Marco<\/strong> (Velk\u00e9 n\u00e1m\u011bst\u00ed 118\/11) \u2013 olasz \u00e9tterem egyenesen a t\u00e9ren, olasz tulajdonossal, fat\u00fczel\u00e9s\u0171 kemenc\u00e9vel \u00e9s h\u00e1zi t\u00e9szt\u00e1kkal. Margherita, quattro formaggi, lasagne \u00e9s tiramisu, sz\u00e1molj <strong>3000\u20134500 Ft-tal (200\u2013300 K\u010d) fejenk\u00e9nt<\/strong>.<\/li>\n\n\n\n<li><strong>Pomodoro Ristorante Italiano<\/strong> (Bakal\u00e1\u0159e 147\/3) \u2013 a m\u00e1sodik olasz, ez\u00fattal egyb\u0151l a Sz\u0171z M\u00e1ria sz\u00fclet\u00e9se templomn\u00e1l. Saj\u00e1t t\u00e9szta, gnocchi, pesto \u00e9s fagylalt, ny\u00e1ron terasz fagylaltoz\u00f3val. Amikor a San Marc\u00f3n telt h\u00e1z van, itt nyugodtabb szokott lenni.<\/li>\n<\/ul>\n\n\n\n<p class=\"wp-block-paragraph\"><strong>Tov\u00e1bbi helyek, amelyek meg\u00e9rdemlik az eml\u00edt\u00e9st:<\/strong><\/p>\n\n\n\n<ul class=\"wp-block-list\">\n<li><strong>Kozlovna u Plechandy<\/strong> (Svatotrojick\u00e1 164\/5) \u2013 cseh klasszikus, terasszal, a K\u0151h\u00eddra n\u00e9z\u0151 kil\u00e1t\u00e1ssal, az \u00e9tlapon p\u00e1r veget\u00e1ri\u00e1nus \u00e9tel is szerepel, \u00e9s van gyereksz\u00e9k\u00fck. A helyi specialit\u00e1s a sv\u00ed\u010dkov\u00e1 (tejsz\u00ednes m\u00e1rt\u00e1sos marhah\u00fas) \u00e9s a cs\u00fcl\u00f6k, szezonban foglal\u00e1s n\u00e9lk\u00fcl nehezen jutsz be.<\/li>\n\n\n\n<li><strong>Chapelle<\/strong> a Hotel U Kapli\u010dkyben \u2013 modern konyha, a Michelin 2026 kalauzban d\u00edjazva, eleg\u00e1nsabb k\u00f6rnyezet, ide\u00e1lis romantikus vacsor\u00e1hoz vagy \u00fcnnepl\u00e9shez.<\/li>\n\n\n\n<li><strong>U Reiner\u016f<\/strong> (Palack\u00e9ho sady 98) \u2013 1844-es \u00e9tterem, kerthelyis\u00e9ggel a parkban. A dics\u0151s\u00e9ge cs\u00facs\u00e1n tal\u00e1n t\u00fal van, de egy csapolt Plze\u0148re \u00e9s egy j\u00f3 adag t\u00f6rt\u00e9nelemre meg\u00e9ri a meg\u00e1ll\u00e1st.<\/li>\n\n\n\n<li><strong>Aura<\/strong> (Velk\u00e9 n\u00e1m\u011bst\u00ed 104) \u2013 \u00e1zsiai konyha azoknak, akik valami m\u00e1st szeretn\u00e9nek.<\/li>\n\n\n\n<li><strong>Restaurace Ostrov<\/strong> a V\u00e1rosi szigeten \u2013 f\u00e9l\u00e1rny\u00e9kos kerthelyis\u00e9g beker\u00edtett gyerekj\u00e1tsz\u00f3t\u00e9rrel, minigolffal \u00e9s cs\u00f3nakokkal. R\u00e1ntott sajt 3160 Ft-\u00e9rt (209 K\u010d), gyerekekkel ide\u00e1lis.<\/li>\n<\/ul>\n\n\n\n<p class=\"wp-block-paragraph\"><strong>K\u00e1v\u00e9z\u00f3k<\/strong> (mert a k\u00e1v\u00e9 k\u00fcl\u00f6n kateg\u00f3ri\u00e1t \u00e9rdemel):<\/p>\n\n\n\n<ul class=\"wp-block-list\">\n<li><strong>Travel Cafe<\/strong> (Komensk\u00e9ho 87\/16) \u2013 a kedvenc k\u00e1v\u00e9z\u00f3m P\u00edseken. V\u00e1logatott k\u00e1v\u00e9, reggeli \u00e9s brunch, este bor, \u00e9s f\u0151leg bels\u0151 udvari kerthelyis\u00e9g homokoz\u00f3val. K\u00e9t percre a t\u00e9rt\u0151l.<\/li>\n\n\n\n<li><strong>Coffee Dealer<\/strong> (Drl\u00ed\u010dov 145\/17) \u2013 espresso \u00e9s brew bar azoknak, akik komolyan veszik a k\u00e1v\u00e9t, f\u0151leg a filtert. H\u2013Szo 9\u201317, V 10:30\u201317.<\/li>\n\n\n\n<li><strong>Kaf\u00e9rna<\/strong> (Heydukova) \u2013 \u00e9s itt \u0151szint\u00e9nek kell lennem. A k\u00e1v\u00e9 j\u00f3, ehhez k\u00e9ts\u00e9g sem f\u00e9r, de a kiszolg\u00e1l\u00e1s k\u00e9pes ismeretlen okokb\u00f3l az utca t\u00faloldal\u00e1r\u00f3l r\u00e1d kiab\u00e1lni. Ez a k\u00e1v\u00e9b\u00e1r a helyiek k\u00f6r\u00e9ben a kellemetlen kiszolg\u00e1l\u00e1s\u00e1r\u00f3l h\u00edres, \u00e9s k\u00e1r lenne emiatt elrontani a p\u00edseki l\u00e1togat\u00e1sod. Ink\u00e1bb menj a templomhoz, a Coffee Dealerbe.<\/li>\n\n\n\n<li><strong>Sova na V\u011btvi<\/strong> \u2013 saj\u00e1t p\u00f6rk\u00f6l\u0151 \u00e9s gyereksarok, egy ugr\u00e1sra a h\u00eddt\u00f3l<\/li>\n\n\n\n<li><strong>Balz\u00e1m Caf\u00e9<\/strong> \u2013 zenei k\u00e1v\u00e9z\u00f3 a Sladovn\u00e1ban, ny\u00e1ron szerdai koncertek<\/li>\n\n\n\n<li><strong>Frame Kaf\u00e9<\/strong> \u2013 modern, diz\u00e1jnos, brunch a K\u0151h\u00eddn\u00e1l<\/li>\n\n\n\n<li><strong>A\u017e na p\u016fdu<\/strong> \u2013 reggeli \u00e9s \u00fcld\u00f6g\u00e9l\u00e9s az udvarban; ugyanabban a h\u00e1zban van a Hernajs j\u00e1tsz\u00f3h\u00e1z is (\u00f6n\u00e1ll\u00f3 v\u00e1llalkoz\u00e1s)<\/li>\n\n\n\n<li><strong>Upekla<\/strong> \u2013 h\u00e1zi p\u00e9ks\u00fctem\u00e9ny, kal\u00e1cs \u00e9s tort\u00e1k a k\u00f6nyvt\u00e1rban, homokoz\u00f3 a bels\u0151 udvarban<\/li>\n\n\n\n<li><strong>SOHO Cafe<\/strong> \u2013 beker\u00edtett gyereksarok \u00e9s palacsinta a Nagy t\u00e9ren<\/li>\n\n\n\n<li><strong>Park Caf\u00e9 67<\/strong> \u2013 a legjobb gofri az eg\u00e9sz v\u00e1rosban<\/li>\n<\/ul>\n\n\n\n<p class=\"wp-block-paragraph\"><strong>Bor \u00e9s drinkek:<\/strong><\/p>\n\n\n\n<ul class=\"wp-block-list\">\n<li><strong>Degust\u00e1rna<\/strong> (Bakal\u00e1\u0159e 44\/4) \u2013 a borszerelmeseknek<\/li>\n\n\n\n<li><strong>V\u00edno Hru\u0161ka<\/strong> \u2013 \u00fajabb bortipp<\/li>\n\n\n\n<li><strong>Kav\u00e1rni\u010dka Hella<\/strong> \u2013 k\u00e1v\u00e9 \u00e9s kokt\u00e9lok, kellemes esti hangulat<\/li>\n\n\n\n<li><strong>Revolution bar<\/strong> \u2013 drinkek, zene, egy kicsit t\u00f6bb energia, remek b\u00e1rtenderek<\/li>\n<\/ul>\n\n\n\n<h2 class=\"wp-block-heading\"><span class=\"ez-toc-section\" id=\"Kirandulotippek_Pisek_kornyeken_13_hely_egynapos_kirandulasra\"><\/span>Kir\u00e1ndul\u00f3tippek P\u00edsek k\u00f6rny\u00e9k\u00e9n: 13 hely egynapos kir\u00e1ndul\u00e1sra<span class=\"ez-toc-section-end\"><\/span><\/h2>\n\n\n\n<p class=\"wp-block-paragraph\">P\u00edsek remek b\u00e1zis a d\u00e9l-csehorsz\u00e1gi kir\u00e1ndul\u00e1sokhoz. Aut\u00f3val, busszal, biciklivel \u2013 innen b\u00e1rhov\u00e1 eljutsz. \u00c9s az a \u201eb\u00e1rhov\u00e1&#8221; mag\u00e1ba foglal v\u00e1rakat, v\u00edzt\u00e1roz\u00f3kat, krokodilokat \u00e9s a \u0160umav\u00e1t is. <strong>Itt van tizenh\u00e1rom hely, ahov\u00e1 \u00e9rdemes elindulni.<\/strong><\/p>\n\n\n\n<p class=\"wp-block-paragraph\"><strong>Olvasd el ezt is: <a href=\"https:\/\/loudavymkrokem.cz\/hu\/del-csehorszag-latnivalok-2\/\">Hov\u00e1 menj nyaralni D\u00e9l-Csehorsz\u00e1gban: 15 legszebb hely (gyerekekkel is)<\/a><\/strong><\/p>\n\n\n\n<h3 class=\"wp-block-heading\"><span class=\"ez-toc-section\" id=\"Zvikov_vara_es_Orlik_kastelya\"><\/span>Zv\u00edkov v\u00e1ra \u00e9s Orl\u00edk kast\u00e9lya<span class=\"ez-toc-section-end\"><\/span><\/h3>\n\n\n\n<figure data-wp-context=\"{&quot;imageId&quot;:&quot;6a952ed62234b&quot;}\" data-wp-interactive=\"core\/image\" data-wp-key=\"6a952ed62234b\" class=\"wp-block-image size-full wp-lightbox-container\"><img decoding=\"async\" width=\"1600\" height=\"856\" data-wp-class--hide=\"state.isContentHidden\" data-wp-class--show=\"state.isContentVisible\" data-wp-init=\"callbacks.setButtonStyles\" data-wp-on--click=\"actions.showLightbox\" data-wp-on--load=\"callbacks.setButtonStyles\" data-wp-on--pointerdown=\"actions.preloadImage\" data-wp-on--pointerenter=\"actions.preloadImageWithDelay\" data-wp-on--pointerleave=\"actions.cancelPreload\" data-wp-on-window--resize=\"callbacks.setButtonStyles\" src=\"https:\/\/loudavymkrokem.cz\/wp-content\/uploads\/2026\/08\/hrad-zvikov-soutok-otavy-a-vltavy.jpg\" alt=\"Zv\u00edkov v\u00e1ra az Otava \u00e9s a Moldva \u00f6sszefoly\u00e1s\u00e1n\u00e1l\" class=\"wp-image-399401\" title=\"\" srcset=\"https:\/\/loudavymkrokem.cz\/wp-content\/uploads\/2026\/08\/hrad-zvikov-soutok-otavy-a-vltavy.jpg 1600w, https:\/\/loudavymkrokem.cz\/wp-content\/uploads\/2026\/08\/hrad-zvikov-soutok-otavy-a-vltavy-300x161.jpg 300w, https:\/\/loudavymkrokem.cz\/wp-content\/uploads\/2026\/08\/hrad-zvikov-soutok-otavy-a-vltavy-700x375.jpg 700w, https:\/\/loudavymkrokem.cz\/wp-content\/uploads\/2026\/08\/hrad-zvikov-soutok-otavy-a-vltavy-768x411.jpg 768w, https:\/\/loudavymkrokem.cz\/wp-content\/uploads\/2026\/08\/hrad-zvikov-soutok-otavy-a-vltavy-1536x822.jpg 1536w, https:\/\/loudavymkrokem.cz\/wp-content\/uploads\/2026\/08\/hrad-zvikov-soutok-otavy-a-vltavy-696x372.jpg 696w, https:\/\/loudavymkrokem.cz\/wp-content\/uploads\/2026\/08\/hrad-zvikov-soutok-otavy-a-vltavy-1392x745.jpg 1392w\" sizes=\"(max-width: 1600px) 100vw, 1600px\" \/><button\n\t\t\tclass=\"lightbox-trigger\"\n\t\t\ttype=\"button\"\n\t\t\taria-haspopup=\"dialog\"\n\t\t\tdata-wp-bind--aria-label=\"state.thisImage.triggerButtonAriaLabel\"\n\t\t\tdata-wp-init=\"callbacks.initTriggerButton\"\n\t\t\tdata-wp-on--click=\"actions.showLightbox\"\n\t\t\tdata-wp-style--right=\"state.thisImage.buttonRight\"\n\t\t\tdata-wp-style--top=\"state.thisImage.buttonTop\"\n\t\t>\n\t\t\t<svg xmlns=\"http:\/\/www.w3.org\/2000\/svg\" width=\"12\" height=\"12\" fill=\"none\" viewBox=\"0 0 12 12\">\n\t\t\t\t<path fill=\"#fff\" d=\"M2 0a2 2 0 0 0-2 2v2h1.5V2a.5.5 0 0 1 .5-.5h2V0H2Zm2 10.5H2a.5.5 0 0 1-.5-.5V8H0v2a2 2 0 0 0 2 2h2v-1.5ZM8 12v-1.5h2a.5.5 0 0 0 .5-.5V8H12v2a2 2 0 0 1-2 2H8Zm2-12a2 2 0 0 1 2 2v2h-1.5V2a.5.5 0 0 0-.5-.5H8V0h2Z\" \/>\n\t\t\t<\/svg>\n\t\t<\/button><\/figure>\n\n\n\n<p class=\"wp-block-paragraph\">Zv\u00edkov az Otava \u00e9s a Moldva \u00f6sszefoly\u00e1s\u00e1n\u00e1l \u00e1ll, \u00e9s tal\u00e1n ez a <strong>legszebb v\u00e1r a k\u00f6rny\u00e9ken<\/strong>. A bel\u00e9p\u0151 2720 Ft (180 K\u010d) k\u00f6r\u00fcl van, \u00e9s amikor meg\u00e9hezel, a Pivovarsk\u00fd dv\u016fr Zv\u00edkov ment meg. Egy kicsit od\u00e9bb van Orl\u00edk kast\u00e9lya a v\u00edzt\u00e1roz\u00f3 f\u00f6l\u00f6tt, \u00e9s a sz\u00fcnid\u0151ben Zv\u00edkov \u00e9s Orl\u00edk k\u00f6z\u00f6tt kir\u00e1ndul\u00f3haj\u00f3 is k\u00f6zlekedik, a haj\u00f3\u00fat kb. 50 percig tart, \u00e9s 4530 Ft-ba (300 K\u010d) ker\u00fcl. Mes\u00e9be ill\u0151 kir\u00e1ndul\u00e1s.<\/p>\n\n\n\n<h3 class=\"wp-block-heading\"><span class=\"ez-toc-section\" id=\"Krokodil_ZOO_Protivin\"><\/span>Krokodil ZOO Protiv\u00edn<span class=\"ez-toc-section-end\"><\/span><\/h3>\n\n\n\n<figure data-wp-context=\"{&quot;imageId&quot;:&quot;6a952ed622a49&quot;}\" data-wp-interactive=\"core\/image\" data-wp-key=\"6a952ed622a49\" class=\"wp-block-image size-full wp-lightbox-container\"><img decoding=\"async\" width=\"1120\" height=\"800\" data-wp-class--hide=\"state.isContentHidden\" data-wp-class--show=\"state.isContentVisible\" data-wp-init=\"callbacks.setButtonStyles\" data-wp-on--click=\"actions.showLightbox\" data-wp-on--load=\"callbacks.setButtonStyles\" data-wp-on--pointerdown=\"actions.preloadImage\" data-wp-on--pointerenter=\"actions.preloadImageWithDelay\" data-wp-on--pointerleave=\"actions.cancelPreload\" data-wp-on-window--resize=\"callbacks.setButtonStyles\" src=\"https:\/\/loudavymkrokem.cz\/wp-content\/uploads\/2026\/08\/krokodyli-zoo-protivin-aligator.jpg\" alt=\"Alig\u00e1tor a Krokodil ZOO Protiv\u00ednban\" class=\"wp-image-399574\" title=\"\" srcset=\"https:\/\/loudavymkrokem.cz\/wp-content\/uploads\/2026\/08\/krokodyli-zoo-protivin-aligator.jpg 1120w, https:\/\/loudavymkrokem.cz\/wp-content\/uploads\/2026\/08\/krokodyli-zoo-protivin-aligator-300x214.jpg 300w, https:\/\/loudavymkrokem.cz\/wp-content\/uploads\/2026\/08\/krokodyli-zoo-protivin-aligator-700x500.jpg 700w, https:\/\/loudavymkrokem.cz\/wp-content\/uploads\/2026\/08\/krokodyli-zoo-protivin-aligator-768x549.jpg 768w, https:\/\/loudavymkrokem.cz\/wp-content\/uploads\/2026\/08\/krokodyli-zoo-protivin-aligator-696x497.jpg 696w\" sizes=\"(max-width: 1120px) 100vw, 1120px\" \/><button\n\t\t\tclass=\"lightbox-trigger\"\n\t\t\ttype=\"button\"\n\t\t\taria-haspopup=\"dialog\"\n\t\t\tdata-wp-bind--aria-label=\"state.thisImage.triggerButtonAriaLabel\"\n\t\t\tdata-wp-init=\"callbacks.initTriggerButton\"\n\t\t\tdata-wp-on--click=\"actions.showLightbox\"\n\t\t\tdata-wp-style--right=\"state.thisImage.buttonRight\"\n\t\t\tdata-wp-style--top=\"state.thisImage.buttonTop\"\n\t\t>\n\t\t\t<svg xmlns=\"http:\/\/www.w3.org\/2000\/svg\" width=\"12\" height=\"12\" fill=\"none\" viewBox=\"0 0 12 12\">\n\t\t\t\t<path fill=\"#fff\" d=\"M2 0a2 2 0 0 0-2 2v2h1.5V2a.5.5 0 0 1 .5-.5h2V0H2Zm2 10.5H2a.5.5 0 0 1-.5-.5V8H0v2a2 2 0 0 0 2 2h2v-1.5ZM8 12v-1.5h2a.5.5 0 0 0 .5-.5V8H12v2a2 2 0 0 1-2 2H8Zm2-12a2 2 0 0 1 2 2v2h-1.5V2a.5.5 0 0 0-.5-.5H8V0h2Z\" \/>\n\t\t\t<\/svg>\n\t\t<\/button><\/figure>\n\n\n\n<p class=\"wp-block-paragraph\">Tizen\u00f6t perc aut\u00f3val P\u00edsekt\u0151l, \u00e9s m\u00e1ris krokodilok k\u00f6z\u00f6tt vagy. Minden faj, amit el tudsz k\u00e9pzelni, s\u0151t m\u00e9g <strong>feh\u00e9r krokodilok<\/strong> is. A gyerekek el vannak ragadtatva, a feln\u0151ttek is, \u00e9s \u00e9n valah\u00e1nyszor ott vagyok, \u00e1mulok, hogy ez a krokodilfarm ilyen k\u00f6zel van.<\/p>\n\n\n\n<h3 class=\"wp-block-heading\"><span class=\"ez-toc-section\" id=\"A_sudomeri_csata_emlekmuve\"><\/span>A sudom\u011b\u0159i csata eml\u00e9km\u0171ve<span class=\"ez-toc-section-end\"><\/span><\/h3>\n\n\n\n<figure data-wp-context=\"{&quot;imageId&quot;:&quot;6a952ed623097&quot;}\" data-wp-interactive=\"core\/image\" data-wp-key=\"6a952ed623097\" class=\"wp-block-image size-full wp-lightbox-container\"><img decoding=\"async\" width=\"1200\" height=\"900\" data-wp-class--hide=\"state.isContentHidden\" data-wp-class--show=\"state.isContentVisible\" data-wp-init=\"callbacks.setButtonStyles\" data-wp-on--click=\"actions.showLightbox\" data-wp-on--load=\"callbacks.setButtonStyles\" data-wp-on--pointerdown=\"actions.preloadImage\" data-wp-on--pointerenter=\"actions.preloadImageWithDelay\" data-wp-on--pointerleave=\"actions.cancelPreload\" data-wp-on-window--resize=\"callbacks.setButtonStyles\" src=\"https:\/\/loudavymkrokem.cz\/wp-content\/uploads\/2026\/08\/pamatnik-bitvy-u-sudomere.jpg\" alt=\"Jan \u017di\u017eka eml\u00e9km\u0171ve Sudom\u011b\u0159n\u00e9l\" class=\"wp-image-399697\" title=\"\" srcset=\"https:\/\/loudavymkrokem.cz\/wp-content\/uploads\/2026\/08\/pamatnik-bitvy-u-sudomere.jpg 1200w, https:\/\/loudavymkrokem.cz\/wp-content\/uploads\/2026\/08\/pamatnik-bitvy-u-sudomere-300x225.jpg 300w, https:\/\/loudavymkrokem.cz\/wp-content\/uploads\/2026\/08\/pamatnik-bitvy-u-sudomere-700x525.jpg 700w, https:\/\/loudavymkrokem.cz\/wp-content\/uploads\/2026\/08\/pamatnik-bitvy-u-sudomere-768x576.jpg 768w, https:\/\/loudavymkrokem.cz\/wp-content\/uploads\/2026\/08\/pamatnik-bitvy-u-sudomere-80x60.jpg 80w, https:\/\/loudavymkrokem.cz\/wp-content\/uploads\/2026\/08\/pamatnik-bitvy-u-sudomere-160x120.jpg 160w, https:\/\/loudavymkrokem.cz\/wp-content\/uploads\/2026\/08\/pamatnik-bitvy-u-sudomere-696x522.jpg 696w\" sizes=\"(max-width: 1200px) 100vw, 1200px\" \/><button\n\t\t\tclass=\"lightbox-trigger\"\n\t\t\ttype=\"button\"\n\t\t\taria-haspopup=\"dialog\"\n\t\t\tdata-wp-bind--aria-label=\"state.thisImage.triggerButtonAriaLabel\"\n\t\t\tdata-wp-init=\"callbacks.initTriggerButton\"\n\t\t\tdata-wp-on--click=\"actions.showLightbox\"\n\t\t\tdata-wp-style--right=\"state.thisImage.buttonRight\"\n\t\t\tdata-wp-style--top=\"state.thisImage.buttonTop\"\n\t\t>\n\t\t\t<svg xmlns=\"http:\/\/www.w3.org\/2000\/svg\" width=\"12\" height=\"12\" fill=\"none\" viewBox=\"0 0 12 12\">\n\t\t\t\t<path fill=\"#fff\" d=\"M2 0a2 2 0 0 0-2 2v2h1.5V2a.5.5 0 0 1 .5-.5h2V0H2Zm2 10.5H2a.5.5 0 0 1-.5-.5V8H0v2a2 2 0 0 0 2 2h2v-1.5ZM8 12v-1.5h2a.5.5 0 0 0 .5-.5V8H12v2a2 2 0 0 1-2 2H8Zm2-12a2 2 0 0 1 2 2v2h-1.5V2a.5.5 0 0 0-.5-.5H8V0h2Z\" \/>\n\t\t\t<\/svg>\n\t\t<\/button><\/figure>\n\n\n\n<p class=\"wp-block-paragraph\">Jan \u017di\u017eka itt v\u00edvta huszit\u00e1ival 1420-ban az egyik els\u0151 csat\u00e1t. Egy 16 m\u00e9teres szobor \u00e1ll itt, k\u00f6r\u00fcl\u00f6tte a Markovec \u00e9s a \u0160kared\u00fd halast\u00f3. Ha szereted a cseh t\u00f6rt\u00e9nelmet, ennek a helynek er\u0151s a hangulata. \u00c9s a k\u00f6r\u00fcl\u00f6tte l\u00e9v\u0151 t\u00e1j gy\u00f6ny\u00f6r\u0171, olyan b\u00e9k\u00e9s d\u00e9l-csehorsz\u00e1gi k\u00e9p.<\/p>\n\n\n\n<h3 class=\"wp-block-heading\"><span class=\"ez-toc-section\" id=\"Mesebeli_kovacsmuhely_Selibovban\"><\/span>Mesebeli kov\u00e1csm\u0171hely Selibovban<span class=\"ez-toc-section-end\"><\/span><\/h3>\n\n\n\n<figure data-wp-context=\"{&quot;imageId&quot;:&quot;6a952ed6236ce&quot;}\" data-wp-interactive=\"core\/image\" data-wp-key=\"6a952ed6236ce\" class=\"wp-block-image size-full wp-lightbox-container\"><img decoding=\"async\" width=\"2000\" height=\"1333\" data-wp-class--hide=\"state.isContentHidden\" data-wp-class--show=\"state.isContentVisible\" data-wp-init=\"callbacks.setButtonStyles\" data-wp-on--click=\"actions.showLightbox\" data-wp-on--load=\"callbacks.setButtonStyles\" data-wp-on--pointerdown=\"actions.preloadImage\" data-wp-on--pointerenter=\"actions.preloadImageWithDelay\" data-wp-on--pointerleave=\"actions.cancelPreload\" data-wp-on-window--resize=\"callbacks.setButtonStyles\" src=\"https:\/\/loudavymkrokem.cz\/wp-content\/uploads\/2026\/08\/pohadkova-kovarna-selibov.jpg\" alt=\"Mesebeli kov\u00e1csm\u0171hely Selibovban zs\u00faptet\u0151vel\" class=\"wp-image-399577\" title=\"\" srcset=\"https:\/\/loudavymkrokem.cz\/wp-content\/uploads\/2026\/08\/pohadkova-kovarna-selibov.jpg 2000w, https:\/\/loudavymkrokem.cz\/wp-content\/uploads\/2026\/08\/pohadkova-kovarna-selibov-300x200.jpg 300w, https:\/\/loudavymkrokem.cz\/wp-content\/uploads\/2026\/08\/pohadkova-kovarna-selibov-700x467.jpg 700w, https:\/\/loudavymkrokem.cz\/wp-content\/uploads\/2026\/08\/pohadkova-kovarna-selibov-768x512.jpg 768w, https:\/\/loudavymkrokem.cz\/wp-content\/uploads\/2026\/08\/pohadkova-kovarna-selibov-1536x1024.jpg 1536w, https:\/\/loudavymkrokem.cz\/wp-content\/uploads\/2026\/08\/pohadkova-kovarna-selibov-696x464.jpg 696w, https:\/\/loudavymkrokem.cz\/wp-content\/uploads\/2026\/08\/pohadkova-kovarna-selibov-1392x928.jpg 1392w, https:\/\/loudavymkrokem.cz\/wp-content\/uploads\/2026\/08\/pohadkova-kovarna-selibov-1920x1280.jpg 1920w\" sizes=\"(max-width: 2000px) 100vw, 2000px\" \/><button\n\t\t\tclass=\"lightbox-trigger\"\n\t\t\ttype=\"button\"\n\t\t\taria-haspopup=\"dialog\"\n\t\t\tdata-wp-bind--aria-label=\"state.thisImage.triggerButtonAriaLabel\"\n\t\t\tdata-wp-init=\"callbacks.initTriggerButton\"\n\t\t\tdata-wp-on--click=\"actions.showLightbox\"\n\t\t\tdata-wp-style--right=\"state.thisImage.buttonRight\"\n\t\t\tdata-wp-style--top=\"state.thisImage.buttonTop\"\n\t\t>\n\t\t\t<svg xmlns=\"http:\/\/www.w3.org\/2000\/svg\" width=\"12\" height=\"12\" fill=\"none\" viewBox=\"0 0 12 12\">\n\t\t\t\t<path fill=\"#fff\" d=\"M2 0a2 2 0 0 0-2 2v2h1.5V2a.5.5 0 0 1 .5-.5h2V0H2Zm2 10.5H2a.5.5 0 0 1-.5-.5V8H0v2a2 2 0 0 0 2 2h2v-1.5ZM8 12v-1.5h2a.5.5 0 0 0 .5-.5V8H12v2a2 2 0 0 1-2 2H8Zm2-12a2 2 0 0 1 2 2v2h-1.5V2a.5.5 0 0 0-.5-.5H8V0h2Z\" \/>\n\t\t\t<\/svg>\n\t\t<\/button><\/figure>\n\n\n\n<p class=\"wp-block-paragraph\">\u00d6rd\u00f6g\u00f6k, v\u00edziman\u00f3k, t\u00fcnd\u00e9rek, hozz\u00e1 alkot\u00f3m\u0171hely. Ide\u00e1lis kir\u00e1ndul\u00e1s kisebb gyerekekkel, akik m\u00e9g hisznek a mes\u00e9kben (\u00e9s a nagyobbakkal, akik \u00fagy tesznek, mintha nem, de az\u00e9rt j\u00f3l sz\u00f3rakoznak).<\/p>\n\n\n\n<h3 class=\"wp-block-heading\"><span class=\"ez-toc-section\" id=\"Farmapark_Maletice\"><\/span>Farmapark Maletice<span class=\"ez-toc-section-end\"><\/span><\/h3>\n\n\n\n<figure data-wp-context=\"{&quot;imageId&quot;:&quot;6a952ed623d91&quot;}\" data-wp-interactive=\"core\/image\" data-wp-key=\"6a952ed623d91\" class=\"wp-block-image size-full wp-lightbox-container\"><img decoding=\"async\" width=\"2048\" height=\"1365\" data-wp-class--hide=\"state.isContentHidden\" data-wp-class--show=\"state.isContentVisible\" data-wp-init=\"callbacks.setButtonStyles\" data-wp-on--click=\"actions.showLightbox\" data-wp-on--load=\"callbacks.setButtonStyles\" data-wp-on--pointerdown=\"actions.preloadImage\" data-wp-on--pointerenter=\"actions.preloadImageWithDelay\" data-wp-on--pointerleave=\"actions.cancelPreload\" data-wp-on-window--resize=\"callbacks.setButtonStyles\" src=\"https:\/\/loudavymkrokem.cz\/wp-content\/uploads\/2026\/08\/farmapark-maletice-alpaka.jpg\" alt=\"Alpaka a Farmapark Maletice kifut\u00f3j\u00e1ban P\u00edsek mellett\" class=\"wp-image-399568\" title=\"\" srcset=\"https:\/\/loudavymkrokem.cz\/wp-content\/uploads\/2026\/08\/farmapark-maletice-alpaka.jpg 2048w, https:\/\/loudavymkrokem.cz\/wp-content\/uploads\/2026\/08\/farmapark-maletice-alpaka-300x200.jpg 300w, https:\/\/loudavymkrokem.cz\/wp-content\/uploads\/2026\/08\/farmapark-maletice-alpaka-700x467.jpg 700w, https:\/\/loudavymkrokem.cz\/wp-content\/uploads\/2026\/08\/farmapark-maletice-alpaka-768x512.jpg 768w, https:\/\/loudavymkrokem.cz\/wp-content\/uploads\/2026\/08\/farmapark-maletice-alpaka-1536x1024.jpg 1536w, https:\/\/loudavymkrokem.cz\/wp-content\/uploads\/2026\/08\/farmapark-maletice-alpaka-696x464.jpg 696w, https:\/\/loudavymkrokem.cz\/wp-content\/uploads\/2026\/08\/farmapark-maletice-alpaka-1392x928.jpg 1392w, https:\/\/loudavymkrokem.cz\/wp-content\/uploads\/2026\/08\/farmapark-maletice-alpaka-1920x1280.jpg 1920w\" sizes=\"(max-width: 2048px) 100vw, 2048px\" \/><button\n\t\t\tclass=\"lightbox-trigger\"\n\t\t\ttype=\"button\"\n\t\t\taria-haspopup=\"dialog\"\n\t\t\tdata-wp-bind--aria-label=\"state.thisImage.triggerButtonAriaLabel\"\n\t\t\tdata-wp-init=\"callbacks.initTriggerButton\"\n\t\t\tdata-wp-on--click=\"actions.showLightbox\"\n\t\t\tdata-wp-style--right=\"state.thisImage.buttonRight\"\n\t\t\tdata-wp-style--top=\"state.thisImage.buttonTop\"\n\t\t>\n\t\t\t<svg xmlns=\"http:\/\/www.w3.org\/2000\/svg\" width=\"12\" height=\"12\" fill=\"none\" viewBox=\"0 0 12 12\">\n\t\t\t\t<path fill=\"#fff\" d=\"M2 0a2 2 0 0 0-2 2v2h1.5V2a.5.5 0 0 1 .5-.5h2V0H2Zm2 10.5H2a.5.5 0 0 1-.5-.5V8H0v2a2 2 0 0 0 2 2h2v-1.5ZM8 12v-1.5h2a.5.5 0 0 0 .5-.5V8H12v2a2 2 0 0 1-2 2H8Zm2-12a2 2 0 0 1 2 2v2h-1.5V2a.5.5 0 0 0-.5-.5H8V0h2Z\" \/>\n\t\t\t<\/svg>\n\t\t<\/button><\/figure>\n\n\n\n<p class=\"wp-block-paragraph\"><a href=\"https:\/\/www.farmaparkmaletice.cz\/\" data-type=\"link\" data-id=\"https:\/\/www.farmaparkmaletice.cz\/\" target=\"_blank\" rel=\"noopener\"><strong>Simogat\u00f3\u00e1llatkert<\/strong><\/a> plusz vid\u00e1mpark a Protiv\u00edn fel\u00e9 vezet\u0151 \u00fat mellett, <strong>kb. 12 percre P\u00edsekt\u0151l<\/strong>. Kecsk\u00e9k, alpak\u00e1k, p\u00f3nik, nyulak, hozz\u00e1 \u00f3ri\u00e1si l\u00e9gtrambulinok, sz\u00e9nalabirintus, k\u00f6t\u00e9lp\u00e1ly\u00e1k \u00e9s fedett homokoz\u00f3 cs\u00faszd\u00e1val. Naponta 10\u201318 \u00f3r\u00e1ig nyitva, <strong>bel\u00e9p\u0151 3780 Ft (250 K\u010d) gyereknek, 3170 Ft (210 K\u010d) feln\u0151ttnek, csal\u00e1di 13 290 Ft (879 K\u010d)<\/strong> (online olcs\u00f3bb), a 2 \u00e9v alatti gyerekek ingyen, a parkol\u00e1s ingyenes. A Farmapark 2025 nyar\u00e1n ny\u00edlt, \u00e9s jelenleg ez tal\u00e1n a legn\u00e9pszer\u0171bb csal\u00e1di kir\u00e1ndul\u00e1s P\u00edsekr\u0151l.<\/p>\n\n\n\n<h3 class=\"wp-block-heading\"><span class=\"ez-toc-section\" id=\"Fiziland_es_az_Ido_Kiralysaga_Protivinben\"><\/span>Fiziland \u00e9s az Id\u0151 Kir\u00e1lys\u00e1ga Protiv\u00ednben<span class=\"ez-toc-section-end\"><\/span><\/h3>\n\n\n\n<figure data-wp-context=\"{&quot;imageId&quot;:&quot;6a952ed6243e8&quot;}\" data-wp-interactive=\"core\/image\" data-wp-key=\"6a952ed6243e8\" class=\"wp-block-image size-full wp-lightbox-container\"><img decoding=\"async\" width=\"2200\" height=\"1467\" data-wp-class--hide=\"state.isContentHidden\" data-wp-class--show=\"state.isContentVisible\" data-wp-init=\"callbacks.setButtonStyles\" data-wp-on--click=\"actions.showLightbox\" data-wp-on--load=\"callbacks.setButtonStyles\" data-wp-on--pointerdown=\"actions.preloadImage\" data-wp-on--pointerenter=\"actions.preloadImageWithDelay\" data-wp-on--pointerleave=\"actions.cancelPreload\" data-wp-on-window--resize=\"callbacks.setButtonStyles\" src=\"https:\/\/loudavymkrokem.cz\/wp-content\/uploads\/2026\/08\/fiziland-protivin-herna.jpg\" alt=\"A Fiziland belt\u00e9ri j\u00e1tsz\u00f3h\u00e1z Protiv\u00ednben szivacsg\u00f6d\u00f6rrel \u00e9s m\u00e1sz\u00f3k\u00e1kkal\" class=\"wp-image-399563\" title=\"\" srcset=\"https:\/\/loudavymkrokem.cz\/wp-content\/uploads\/2026\/08\/fiziland-protivin-herna.jpg 2200w, https:\/\/loudavymkrokem.cz\/wp-content\/uploads\/2026\/08\/fiziland-protivin-herna-300x200.jpg 300w, https:\/\/loudavymkrokem.cz\/wp-content\/uploads\/2026\/08\/fiziland-protivin-herna-700x467.jpg 700w, https:\/\/loudavymkrokem.cz\/wp-content\/uploads\/2026\/08\/fiziland-protivin-herna-768x512.jpg 768w, https:\/\/loudavymkrokem.cz\/wp-content\/uploads\/2026\/08\/fiziland-protivin-herna-1536x1024.jpg 1536w, https:\/\/loudavymkrokem.cz\/wp-content\/uploads\/2026\/08\/fiziland-protivin-herna-2048x1366.jpg 2048w, https:\/\/loudavymkrokem.cz\/wp-content\/uploads\/2026\/08\/fiziland-protivin-herna-696x464.jpg 696w, https:\/\/loudavymkrokem.cz\/wp-content\/uploads\/2026\/08\/fiziland-protivin-herna-1392x928.jpg 1392w, https:\/\/loudavymkrokem.cz\/wp-content\/uploads\/2026\/08\/fiziland-protivin-herna-1920x1280.jpg 1920w\" sizes=\"(max-width: 2200px) 100vw, 2200px\" \/><button\n\t\t\tclass=\"lightbox-trigger\"\n\t\t\ttype=\"button\"\n\t\t\taria-haspopup=\"dialog\"\n\t\t\tdata-wp-bind--aria-label=\"state.thisImage.triggerButtonAriaLabel\"\n\t\t\tdata-wp-init=\"callbacks.initTriggerButton\"\n\t\t\tdata-wp-on--click=\"actions.showLightbox\"\n\t\t\tdata-wp-style--right=\"state.thisImage.buttonRight\"\n\t\t\tdata-wp-style--top=\"state.thisImage.buttonTop\"\n\t\t>\n\t\t\t<svg xmlns=\"http:\/\/www.w3.org\/2000\/svg\" width=\"12\" height=\"12\" fill=\"none\" viewBox=\"0 0 12 12\">\n\t\t\t\t<path fill=\"#fff\" d=\"M2 0a2 2 0 0 0-2 2v2h1.5V2a.5.5 0 0 1 .5-.5h2V0H2Zm2 10.5H2a.5.5 0 0 1-.5-.5V8H0v2a2 2 0 0 0 2 2h2v-1.5ZM8 12v-1.5h2a.5.5 0 0 0 .5-.5V8H12v2a2 2 0 0 1-2 2H8Zm2-12a2 2 0 0 1 2 2v2h-1.5V2a.5.5 0 0 0-.5-.5H8V0h2Z\" \/>\n\t\t\t<\/svg>\n\t\t<\/button><\/figure>\n\n\n\n<p class=\"wp-block-paragraph\">Protiv\u00ednnek, 15 percre P\u00edsekt\u0151l, mindj\u00e1rt k\u00e9t fedett csal\u00e1di c\u00e9lpontja van. A <strong>Fiziland<\/strong> (Zelenohorsk\u00e1 986) Fizi youtuber vid\u00e1mparkja: \u00f3ri\u00e1si cs\u00faszda, trambulinok, szivacsg\u00f6d\u00f6r, ugr\u00e1l\u00f3v\u00e1r \u00e9s nyugalmi z\u00f3na a legkisebbeknek, hozz\u00e1 k\u00fclt\u00e9ri j\u00e1tsz\u00f3t\u00e9r. Naponta 10\u201318 nyitva, <strong>a gyerek 5880 Ft-ot (389 K\u010d), a feln\u0151tt k\u00eds\u00e9r\u0151 2400 Ft-ot (159 K\u010d) fizet<\/strong> (a csal\u00e1di csomag k\u00e9t feln\u0151ttnek \u00e9s k\u00e9t gyereknek 13 430 Ft-ba \/ 889 K\u010d ker\u00fcl), a 3 \u00e9v alatti gyerekek ingyen. A jegyeket el\u0151re online kell megvenni, a helysz\u00edni elad\u00e1s nem garant\u00e1lt. A parkot r\u00e9szletesen elemeztem <a href=\"https:\/\/loudavymkrokem.cz\/hu\/fiziland-protivin-belepo-attrakciok\/\">a Fizilandr\u00f3l sz\u00f3l\u00f3 cikkben<\/a>.<\/p>\n\n\n\n<p class=\"wp-block-paragraph\">Teljesen m\u00e1s liga az <strong>Id\u0151 Kir\u00e1lys\u00e1ga<\/strong> (Purky\u0148ova 255): fel\u00faj\u00edtott szecesszi\u00f3s villa \u00f3ram\u00fazeummal, ahol egy 19. sz\u00e1zadi toronyszerkezet minden eg\u00e9sz \u00f3rakor \u00fct, a f\u00f6ldszinten pedig j\u00e1tsz\u00f3h\u00e1z, alkot\u00f3m\u0171hely \u00e9s beker\u00edtett kert cs\u00faszd\u00e1val \u00e9s k\u00f6t\u00e9lp\u00e1ly\u00e1val. Naponta 9\u201317 nyitva, a m\u00fazeum 1360\/910 Ft-ba (90\/60 K\u010d) ker\u00fcl, de <strong>a j\u00e1tsz\u00f3h\u00e1z \u00e9s a kert ingyenes, ha k\u00e1v\u00e9t fogyasztasz<\/strong>. Totyog\u00f3knak ide\u00e1lis.<\/p>\n\n\n\n<h3 class=\"wp-block-heading\"><span class=\"ez-toc-section\" id=\"Bagrarium_Strakoniceben\"><\/span>Bagr\u00e1rium Strakonic\u00e9ben<span class=\"ez-toc-section-end\"><\/span><\/h3>\n\n\n\n<p class=\"wp-block-paragraph\">A 2026-os \u00e9v \u00fajdons\u00e1ga \u00e9s Csehorsz\u00e1gban az els\u0151 a maga nem\u00e9ben: a <strong>Bagr\u00e1rium<\/strong> (Pov\u00e1\u017esk\u00e1 358, Strakonice, 30 perc aut\u00f3val) egy fedett j\u00e1tsz\u00f3h\u00e1z, ahol a gyerekek realisztikus markol\u00f3-, rakod\u00f3- \u00e9s billen\u0151modelleket ir\u00e1ny\u00edtanak egy nagy homokoz\u00f3 f\u00f6l\u00f6tt, \u00e9s kincset keresnek benne. Online lehet foglalni f\u00e9l\u00f3r\u00e1s id\u0151pontokra 10 \u00e9s 18 \u00f3ra k\u00f6z\u00f6tt, <strong>4210 Ft (279 K\u010d) 30 perc\u00e9rt egy g\u00e9pre<\/strong>. Vigy\u00e1zat, az aj\u00e1nlott korhat\u00e1r <strong>6 \u00e9vt\u0151l van<\/strong> (az ir\u00e1ny\u00edt\u00e1shoz kell a k\u00e9t k\u00e9z koordin\u00e1ci\u00f3ja), \u00edgy ez ink\u00e1bb a nagyobb testv\u00e9reknek sz\u00f3l\u00f3 tipp.<\/p>\n\n\n\n<h3 class=\"wp-block-heading\"><span class=\"ez-toc-section\" id=\"Tabor\"><\/span>T\u00e1bor<span class=\"ez-toc-section-end\"><\/span><\/h3>\n\n\n\n<p class=\"wp-block-paragraph\"><strong><a href=\"https:\/\/loudavymkrokem.cz\/hu\/tabor-csehorszag-latnivalok\/\" target=\"_blank\" data-type=\"link\" data-id=\"https:\/\/loudavymkrokem.cz\/co-videt-v-tabore\/\" rel=\"noreferrer noopener\">Huszita v\u00e1ros<\/a><\/strong>, 45 perc \u00fat. K\u00f6z\u00e9pkori pincerendszer (kiss\u00e9 klausztrof\u00f3bi\u00e1s, de meg\u00e9ri), <strong>Csokol\u00e1d\u00e9m\u00fazeum<\/strong> (gyerek + csoki = gy\u0151zelem), \u00e1llatkert \u00e9s a Jord\u00e1n v\u00edzt\u00e1roz\u00f3 ny\u00e1ri f\u00fcrd\u00e9shez. T\u00e1bor karakteres v\u00e1ros, hangulata m\u00e1s, mint P\u00edsek\u00e9, \u00e9s mindenk\u00e9pp meg\u00e9ri a l\u00e1togat\u00e1st.<\/p>\n\n\n\n<figure data-wp-context=\"{&quot;imageId&quot;:&quot;6a952ed624c8d&quot;}\" data-wp-interactive=\"core\/image\" data-wp-key=\"6a952ed624c8d\" class=\"wp-block-image size-full wp-lightbox-container\"><img decoding=\"async\" width=\"1200\" height=\"800\" data-wp-class--hide=\"state.isContentHidden\" data-wp-class--show=\"state.isContentVisible\" data-wp-init=\"callbacks.setButtonStyles\" data-wp-on--click=\"actions.showLightbox\" data-wp-on--load=\"callbacks.setButtonStyles\" data-wp-on--pointerdown=\"actions.preloadImage\" data-wp-on--pointerenter=\"actions.preloadImageWithDelay\" data-wp-on--pointerleave=\"actions.cancelPreload\" data-wp-on-window--resize=\"callbacks.setButtonStyles\" src=\"https:\/\/loudavymkrokem.cz\/wp-content\/uploads\/2026\/03\/tabor-co-videt-3.jpg\" alt=\"T\u00e1bor\" class=\"wp-image-132729\" title=\"\" srcset=\"https:\/\/loudavymkrokem.cz\/wp-content\/uploads\/2026\/03\/tabor-co-videt-3.jpg 1200w, https:\/\/loudavymkrokem.cz\/wp-content\/uploads\/2026\/03\/tabor-co-videt-3-300x200.jpg 300w, https:\/\/loudavymkrokem.cz\/wp-content\/uploads\/2026\/03\/tabor-co-videt-3-700x467.jpg 700w, https:\/\/loudavymkrokem.cz\/wp-content\/uploads\/2026\/03\/tabor-co-videt-3-768x512.jpg 768w, https:\/\/loudavymkrokem.cz\/wp-content\/uploads\/2026\/03\/tabor-co-videt-3-696x464.jpg 696w\" sizes=\"(max-width: 1200px) 100vw, 1200px\" \/><button\n\t\t\tclass=\"lightbox-trigger\"\n\t\t\ttype=\"button\"\n\t\t\taria-haspopup=\"dialog\"\n\t\t\tdata-wp-bind--aria-label=\"state.thisImage.triggerButtonAriaLabel\"\n\t\t\tdata-wp-init=\"callbacks.initTriggerButton\"\n\t\t\tdata-wp-on--click=\"actions.showLightbox\"\n\t\t\tdata-wp-style--right=\"state.thisImage.buttonRight\"\n\t\t\tdata-wp-style--top=\"state.thisImage.buttonTop\"\n\t\t>\n\t\t\t<svg xmlns=\"http:\/\/www.w3.org\/2000\/svg\" width=\"12\" height=\"12\" fill=\"none\" viewBox=\"0 0 12 12\">\n\t\t\t\t<path fill=\"#fff\" d=\"M2 0a2 2 0 0 0-2 2v2h1.5V2a.5.5 0 0 1 .5-.5h2V0H2Zm2 10.5H2a.5.5 0 0 1-.5-.5V8H0v2a2 2 0 0 0 2 2h2v-1.5ZM8 12v-1.5h2a.5.5 0 0 0 .5-.5V8H12v2a2 2 0 0 1-2 2H8Zm2-12a2 2 0 0 1 2 2v2h-1.5V2a.5.5 0 0 0-.5-.5H8V0h2Z\" \/>\n\t\t\t<\/svg>\n\t\t<\/button><figcaption class=\"wp-element-caption\">T\u00e1bor<\/figcaption><\/figure>\n\n\n\n<h3 class=\"wp-block-heading\"><span class=\"ez-toc-section\" id=\"Ceske_Budejovice\"><\/span>\u010cesk\u00e9 Bud\u011bjovice<span class=\"ez-toc-section-end\"><\/span><\/h3>\n\n\n\n<p class=\"wp-block-paragraph\"><strong><a href=\"https:\/\/loudavymkrokem.cz\/hu\/ceske-budejovice-csehorszag\/\" target=\"_blank\" data-type=\"link\" data-id=\"https:\/\/loudavymkrokem.cz\/ceske-budejovice\/\" rel=\"noreferrer noopener\">\u010cesk\u00e9 Bud\u011bjovice<\/a><\/strong> P\u00edsekt\u0151l kb. negyven perc aut\u00f3val. A hatalmas <strong>II. P\u0159emysl Ottok\u00e1r t\u00e9r<\/strong>, feljut\u00e1s a <strong>Fekete toronyba<\/strong> (225 l\u00e9pcs\u0151fok, de az a kil\u00e1t\u00e1s!) \u00e9s term\u00e9szetesen a Budvar s\u00f6rgy\u00e1r t\u00far\u00e1val. A d\u00e9l-csehorsz\u00e1gi metropolisz, ahol elt\u00f6lthetsz egy eg\u00e9sz napot, \u00e9s m\u00e9g mindig nem l\u00e1tsz mindent.<\/p>\n\n\n\n<figure data-wp-context=\"{&quot;imageId&quot;:&quot;6a952ed625472&quot;}\" data-wp-interactive=\"core\/image\" data-wp-key=\"6a952ed625472\" class=\"wp-block-image size-full wp-lightbox-container\"><img decoding=\"async\" width=\"1500\" height=\"1000\" data-wp-class--hide=\"state.isContentHidden\" data-wp-class--show=\"state.isContentVisible\" data-wp-init=\"callbacks.setButtonStyles\" data-wp-on--click=\"actions.showLightbox\" data-wp-on--load=\"callbacks.setButtonStyles\" data-wp-on--pointerdown=\"actions.preloadImage\" data-wp-on--pointerenter=\"actions.preloadImageWithDelay\" data-wp-on--pointerleave=\"actions.cancelPreload\" data-wp-on-window--resize=\"callbacks.setButtonStyles\" src=\"https:\/\/loudavymkrokem.cz\/wp-content\/uploads\/2024\/03\/namesti-ceske-budejovice.jpg\" alt=\"Mit \u00e9rdemes l\u00e1tni \u00e9s csin\u00e1lni \u010cesk\u00fdch Bud\u011bjovic\u00e9ben\" class=\"wp-image-83546\" title=\"\" srcset=\"https:\/\/loudavymkrokem.cz\/wp-content\/uploads\/2024\/03\/namesti-ceske-budejovice.jpg 1500w, https:\/\/loudavymkrokem.cz\/wp-content\/uploads\/2024\/03\/namesti-ceske-budejovice-300x200.jpg 300w, https:\/\/loudavymkrokem.cz\/wp-content\/uploads\/2024\/03\/namesti-ceske-budejovice-700x467.jpg 700w, https:\/\/loudavymkrokem.cz\/wp-content\/uploads\/2024\/03\/namesti-ceske-budejovice-768x512.jpg 768w, https:\/\/loudavymkrokem.cz\/wp-content\/uploads\/2024\/03\/namesti-ceske-budejovice-696x464.jpg 696w, https:\/\/loudavymkrokem.cz\/wp-content\/uploads\/2024\/03\/namesti-ceske-budejovice-1392x928.jpg 1392w\" sizes=\"(max-width: 1500px) 100vw, 1500px\" \/><button\n\t\t\tclass=\"lightbox-trigger\"\n\t\t\ttype=\"button\"\n\t\t\taria-haspopup=\"dialog\"\n\t\t\tdata-wp-bind--aria-label=\"state.thisImage.triggerButtonAriaLabel\"\n\t\t\tdata-wp-init=\"callbacks.initTriggerButton\"\n\t\t\tdata-wp-on--click=\"actions.showLightbox\"\n\t\t\tdata-wp-style--right=\"state.thisImage.buttonRight\"\n\t\t\tdata-wp-style--top=\"state.thisImage.buttonTop\"\n\t\t>\n\t\t\t<svg xmlns=\"http:\/\/www.w3.org\/2000\/svg\" width=\"12\" height=\"12\" fill=\"none\" viewBox=\"0 0 12 12\">\n\t\t\t\t<path fill=\"#fff\" d=\"M2 0a2 2 0 0 0-2 2v2h1.5V2a.5.5 0 0 1 .5-.5h2V0H2Zm2 10.5H2a.5.5 0 0 1-.5-.5V8H0v2a2 2 0 0 0 2 2h2v-1.5ZM8 12v-1.5h2a.5.5 0 0 0 .5-.5V8H12v2a2 2 0 0 1-2 2H8Zm2-12a2 2 0 0 1 2 2v2h-1.5V2a.5.5 0 0 0-.5-.5H8V0h2Z\" \/>\n\t\t\t<\/svg>\n\t\t<\/button><figcaption class=\"wp-element-caption\">Mit \u00e9rdemes l\u00e1tni \u00e9s csin\u00e1lni \u010cesk\u00fdch Bud\u011bjovic\u00e9ben<\/figcaption><\/figure>\n\n\n\n<h3 class=\"wp-block-heading\"><span class=\"ez-toc-section\" id=\"Hluboka_nad_Vltavou\"><\/span>Hlubok\u00e1 nad Vltavou<span class=\"ez-toc-section-end\"><\/span><\/h3>\n\n\n\n<figure data-wp-context=\"{&quot;imageId&quot;:&quot;6a952ed625b14&quot;}\" data-wp-interactive=\"core\/image\" data-wp-key=\"6a952ed625b14\" class=\"wp-block-image size-full wp-lightbox-container\"><img decoding=\"async\" width=\"1600\" height=\"1244\" data-wp-class--hide=\"state.isContentHidden\" data-wp-class--show=\"state.isContentVisible\" data-wp-init=\"callbacks.setButtonStyles\" data-wp-on--click=\"actions.showLightbox\" data-wp-on--load=\"callbacks.setButtonStyles\" data-wp-on--pointerdown=\"actions.preloadImage\" data-wp-on--pointerenter=\"actions.preloadImageWithDelay\" data-wp-on--pointerleave=\"actions.cancelPreload\" data-wp-on-window--resize=\"callbacks.setButtonStyles\" src=\"https:\/\/loudavymkrokem.cz\/wp-content\/uploads\/2026\/08\/zamek-hluboka-nad-vltavou-zapad-slunce.jpg\" alt=\"A hlubok\u00e1i kast\u00e9ly naplementekor\" class=\"wp-image-399405\" title=\"\" srcset=\"https:\/\/loudavymkrokem.cz\/wp-content\/uploads\/2026\/08\/zamek-hluboka-nad-vltavou-zapad-slunce.jpg 1600w, https:\/\/loudavymkrokem.cz\/wp-content\/uploads\/2026\/08\/zamek-hluboka-nad-vltavou-zapad-slunce-300x233.jpg 300w, https:\/\/loudavymkrokem.cz\/wp-content\/uploads\/2026\/08\/zamek-hluboka-nad-vltavou-zapad-slunce-700x544.jpg 700w, https:\/\/loudavymkrokem.cz\/wp-content\/uploads\/2026\/08\/zamek-hluboka-nad-vltavou-zapad-slunce-768x597.jpg 768w, https:\/\/loudavymkrokem.cz\/wp-content\/uploads\/2026\/08\/zamek-hluboka-nad-vltavou-zapad-slunce-1536x1194.jpg 1536w, https:\/\/loudavymkrokem.cz\/wp-content\/uploads\/2026\/08\/zamek-hluboka-nad-vltavou-zapad-slunce-696x541.jpg 696w, https:\/\/loudavymkrokem.cz\/wp-content\/uploads\/2026\/08\/zamek-hluboka-nad-vltavou-zapad-slunce-1392x1082.jpg 1392w\" sizes=\"(max-width: 1600px) 100vw, 1600px\" \/><button\n\t\t\tclass=\"lightbox-trigger\"\n\t\t\ttype=\"button\"\n\t\t\taria-haspopup=\"dialog\"\n\t\t\tdata-wp-bind--aria-label=\"state.thisImage.triggerButtonAriaLabel\"\n\t\t\tdata-wp-init=\"callbacks.initTriggerButton\"\n\t\t\tdata-wp-on--click=\"actions.showLightbox\"\n\t\t\tdata-wp-style--right=\"state.thisImage.buttonRight\"\n\t\t\tdata-wp-style--top=\"state.thisImage.buttonTop\"\n\t\t>\n\t\t\t<svg xmlns=\"http:\/\/www.w3.org\/2000\/svg\" width=\"12\" height=\"12\" fill=\"none\" viewBox=\"0 0 12 12\">\n\t\t\t\t<path fill=\"#fff\" d=\"M2 0a2 2 0 0 0-2 2v2h1.5V2a.5.5 0 0 1 .5-.5h2V0H2Zm2 10.5H2a.5.5 0 0 1-.5-.5V8H0v2a2 2 0 0 0 2 2h2v-1.5ZM8 12v-1.5h2a.5.5 0 0 0 .5-.5V8H12v2a2 2 0 0 1-2 2H8Zm2-12a2 2 0 0 1 2 2v2h-1.5V2a.5.5 0 0 0-.5-.5H8V0h2Z\" \/>\n\t\t\t<\/svg>\n\t\t<\/button><\/figure>\n\n\n\n<p class=\"wp-block-paragraph\">A legh\u00edresebb mesebeli kast\u00e9lyunk P\u00edsekt\u0151l nem eg\u00e9szen 40 percre van. Ny\u00e1ron az 5\u201310 \u00e9ves gyerekeknek <strong>a hercegn\u0151vel val\u00f3 t\u00far\u00e1kat<\/strong> tartanak, a jelmezes Eleonora hercegn\u0151 naponta 12:15-kor, 13:30-kor \u00e9s 14:45-kor vezet, de a csoport csak h\u00faszf\u0151s, \u00edgy foglalj online el\u0151re. \u00c9s egyb\u0151l a kast\u00e9ly alatt, a Munick\u00fd halast\u00f3n\u00e1l, ott a <strong>Hlubok\u00e1 \u00e1llatkert<\/strong> (2720 Ft \/ 180 K\u010d feln\u0151ttek, 2120 Ft \/ 140 K\u010d gyerekek, a 90 cm alatti apr\u00f3s\u00e1gok ingyen), pont akkora, hogy kis l\u00e1bak is v\u00e9gigb\u00edrj\u00e1k.<\/p>\n\n\n\n<h3 class=\"wp-block-heading\"><span class=\"ez-toc-section\" id=\"Cesky_Krumlov\"><\/span>\u010cesk\u00fd Krumlov<span class=\"ez-toc-section-end\"><\/span><\/h3>\n\n\n\n<p class=\"wp-block-paragraph\">Egy \u00f3ra \u00fat, \u00e9s egy <a href=\"https:\/\/loudavymkrokem.cz\/hu\/cesky-krumlov-latnivalok\/\" target=\"_blank\" data-type=\"link\" data-id=\"https:\/\/loudavymkrokem.cz\/cesky-krumlov\/\" rel=\"noreferrer noopener\"><strong>UNESCO-v\u00e1rosban<\/strong><\/a> vagy, amely \u00fagy n\u00e9z ki, mint egy k\u00f6z\u00e9pkori filmb\u0151l. Kast\u00e9ly medv\u00e9kkel a v\u00e1r\u00e1rokban (t\u00e9nyleg, \u00e9l\u0151 medv\u00e9k), a belv\u00e1ros tele utc\u00e1csk\u00e1kkal, \u00e9s Egon Schiele gal\u00e9ri\u00e1ja a m\u0171v\u00e9szet szerelmeseinek. Sz\u00e1molj turistat\u00f6megekkel, de m\u00e9gis meg\u00e9ri. Legjobb f\u0151szezonon k\u00edv\u00fcl.<\/p>\n\n\n\n<figure data-wp-context=\"{&quot;imageId&quot;:&quot;6a952ed626310&quot;}\" data-wp-interactive=\"core\/image\" data-wp-key=\"6a952ed626310\" class=\"wp-block-image size-full wp-lightbox-container\"><img decoding=\"async\" data-wp-class--hide=\"state.isContentHidden\" data-wp-class--show=\"state.isContentVisible\" data-wp-init=\"callbacks.setButtonStyles\" data-wp-on--click=\"actions.showLightbox\" data-wp-on--load=\"callbacks.setButtonStyles\" data-wp-on--pointerdown=\"actions.preloadImage\" data-wp-on--pointerenter=\"actions.preloadImageWithDelay\" data-wp-on--pointerleave=\"actions.cancelPreload\" data-wp-on-window--resize=\"callbacks.setButtonStyles\" src=\"https:\/\/loudavymkrokem.cz\/wp-content\/uploads\/2024\/01\/cesky-krumlov-2.jpg\" alt=\"\u010cesk\u00fd Krumlov\" class=\"wp-image-122246\" title=\"\"><button\n\t\t\tclass=\"lightbox-trigger\"\n\t\t\ttype=\"button\"\n\t\t\taria-haspopup=\"dialog\"\n\t\t\tdata-wp-bind--aria-label=\"state.thisImage.triggerButtonAriaLabel\"\n\t\t\tdata-wp-init=\"callbacks.initTriggerButton\"\n\t\t\tdata-wp-on--click=\"actions.showLightbox\"\n\t\t\tdata-wp-style--right=\"state.thisImage.buttonRight\"\n\t\t\tdata-wp-style--top=\"state.thisImage.buttonTop\"\n\t\t>\n\t\t\t<svg xmlns=\"http:\/\/www.w3.org\/2000\/svg\" width=\"12\" height=\"12\" fill=\"none\" viewBox=\"0 0 12 12\">\n\t\t\t\t<path fill=\"#fff\" d=\"M2 0a2 2 0 0 0-2 2v2h1.5V2a.5.5 0 0 1 .5-.5h2V0H2Zm2 10.5H2a.5.5 0 0 1-.5-.5V8H0v2a2 2 0 0 0 2 2h2v-1.5ZM8 12v-1.5h2a.5.5 0 0 0 .5-.5V8H12v2a2 2 0 0 1-2 2H8Zm2-12a2 2 0 0 1 2 2v2h-1.5V2a.5.5 0 0 0-.5-.5H8V0h2Z\" \/>\n\t\t\t<\/svg>\n\t\t<\/button><figcaption class=\"wp-element-caption\">\u010cesk\u00fd Krumlov<\/figcaption><\/figure>\n\n\n\n<h3 class=\"wp-block-heading\"><span class=\"ez-toc-section\" id=\"Sumava\"><\/span>\u0160umava<span class=\"ez-toc-section-end\"><\/span><\/h3>\n\n\n\n<p class=\"wp-block-paragraph\"><strong>El\u00e9g egy \u00f3ra, \u00e9s a<\/strong> <strong><a href=\"https:\/\/loudavymkrokem.cz\/hu\/sumava-csehorszag-babakocsi\/\" target=\"_blank\" data-type=\"link\" data-id=\"https:\/\/loudavymkrokem.cz\/sumava-s-kocarkem\/\" rel=\"noreferrer noopener\">\u0160umava Nemzeti Parkban<\/a><\/strong> vagy. A Boub\u00edn \u0151serd\u0151, a Vydra vadv\u00edzi foly\u00f3, Modrava a nyugalom szerelmeseinek, ker\u00e9kp\u00e1rutak eg\u00e9sz napra. A \u0160umava egy m\u00e1sik vil\u00e1g \u2013 lassabb, z\u00f6ldebb, csendesebb. Ide\u00e1lis reset mindent\u0151l.<\/p>\n\n\n\n<figure data-wp-context=\"{&quot;imageId&quot;:&quot;6a952ed6273e4&quot;}\" data-wp-interactive=\"core\/image\" data-wp-key=\"6a952ed6273e4\" class=\"wp-block-image size-full wp-lightbox-container\"><img decoding=\"async\" width=\"1200\" height=\"800\" data-wp-class--hide=\"state.isContentHidden\" data-wp-class--show=\"state.isContentVisible\" data-wp-init=\"callbacks.setButtonStyles\" data-wp-on--click=\"actions.showLightbox\" data-wp-on--load=\"callbacks.setButtonStyles\" data-wp-on--pointerdown=\"actions.preloadImage\" data-wp-on--pointerenter=\"actions.preloadImageWithDelay\" data-wp-on--pointerleave=\"actions.cancelPreload\" data-wp-on-window--resize=\"callbacks.setButtonStyles\" src=\"https:\/\/loudavymkrokem.cz\/wp-content\/uploads\/2024\/05\/sumava-s-kocarkem-3.jpg\" alt=\"\u0160umava\" class=\"wp-image-84399\" title=\"\" srcset=\"https:\/\/loudavymkrokem.cz\/wp-content\/uploads\/2024\/05\/sumava-s-kocarkem-3.jpg 1200w, https:\/\/loudavymkrokem.cz\/wp-content\/uploads\/2024\/05\/sumava-s-kocarkem-3-300x200.jpg 300w, https:\/\/loudavymkrokem.cz\/wp-content\/uploads\/2024\/05\/sumava-s-kocarkem-3-700x467.jpg 700w, https:\/\/loudavymkrokem.cz\/wp-content\/uploads\/2024\/05\/sumava-s-kocarkem-3-768x512.jpg 768w, https:\/\/loudavymkrokem.cz\/wp-content\/uploads\/2024\/05\/sumava-s-kocarkem-3-696x464.jpg 696w\" sizes=\"(max-width: 1200px) 100vw, 1200px\" \/><button\n\t\t\tclass=\"lightbox-trigger\"\n\t\t\ttype=\"button\"\n\t\t\taria-haspopup=\"dialog\"\n\t\t\tdata-wp-bind--aria-label=\"state.thisImage.triggerButtonAriaLabel\"\n\t\t\tdata-wp-init=\"callbacks.initTriggerButton\"\n\t\t\tdata-wp-on--click=\"actions.showLightbox\"\n\t\t\tdata-wp-style--right=\"state.thisImage.buttonRight\"\n\t\t\tdata-wp-style--top=\"state.thisImage.buttonTop\"\n\t\t>\n\t\t\t<svg xmlns=\"http:\/\/www.w3.org\/2000\/svg\" width=\"12\" height=\"12\" fill=\"none\" viewBox=\"0 0 12 12\">\n\t\t\t\t<path fill=\"#fff\" d=\"M2 0a2 2 0 0 0-2 2v2h1.5V2a.5.5 0 0 1 .5-.5h2V0H2Zm2 10.5H2a.5.5 0 0 1-.5-.5V8H0v2a2 2 0 0 0 2 2h2v-1.5ZM8 12v-1.5h2a.5.5 0 0 0 .5-.5V8H12v2a2 2 0 0 1-2 2H8Zm2-12a2 2 0 0 1 2 2v2h-1.5V2a.5.5 0 0 0-.5-.5H8V0h2Z\" \/>\n\t\t\t<\/svg>\n\t\t<\/button><figcaption class=\"wp-element-caption\">\u0160umava<\/figcaption><\/figure>\n\n\n\n<h3 class=\"wp-block-heading\"><span class=\"ez-toc-section\" id=\"Praga\"><\/span>Pr\u00e1ga<span class=\"ez-toc-section-end\"><\/span><\/h3>\n\n\n\n<p class=\"wp-block-paragraph\"><strong><a href=\"https:\/\/loudavymkrokem.cz\/hu\/csehorszag-praga-latnivalok\/\" target=\"_blank\" data-type=\"link\" data-id=\"https:\/\/loudavymkrokem.cz\/co-videt-v-praze\/\" rel=\"noreferrer noopener\">Pr\u00e1ga<\/a><\/strong> P\u00edsekt\u0151l kb. egy \u00f3ra aut\u00f3val a D4-esen, vagy <strong>70 perc RegioJet busszal<\/strong>. K\u00e9nyelmesen, parkol\u00e1si stressz n\u00e9lk\u00fcl, 1810\u20133300 Ft-\u00e9rt (120\u2013220 K\u010d). Pr\u00e1ga az Pr\u00e1ga, de j\u00f3 tudni, hogy P\u00edsekr\u0151l val\u00f3j\u00e1ban egy ugr\u00e1s. Kir\u00e1ndul\u00e1sra, koncertre, m\u00fazeumba, este pedig vissza haza az Otav\u00e1hoz.<\/p>\n\n\n\n<figure data-wp-context=\"{&quot;imageId&quot;:&quot;6a952ed627bf6&quot;}\" data-wp-interactive=\"core\/image\" data-wp-key=\"6a952ed627bf6\" class=\"wp-block-image size-full wp-lightbox-container\"><img decoding=\"async\" width=\"1200\" height=\"800\" data-wp-class--hide=\"state.isContentHidden\" data-wp-class--show=\"state.isContentVisible\" data-wp-init=\"callbacks.setButtonStyles\" data-wp-on--click=\"actions.showLightbox\" data-wp-on--load=\"callbacks.setButtonStyles\" data-wp-on--pointerdown=\"actions.preloadImage\" data-wp-on--pointerenter=\"actions.preloadImageWithDelay\" data-wp-on--pointerleave=\"actions.cancelPreload\" data-wp-on-window--resize=\"callbacks.setButtonStyles\" src=\"https:\/\/loudavymkrokem.cz\/wp-content\/uploads\/2025\/03\/recenze-domus-balthasar-praha-s-batoletem-3.jpg\" alt=\"A K\u00e1roly-h\u00edd egy percre van\" class=\"wp-image-94712\" title=\"\" srcset=\"https:\/\/loudavymkrokem.cz\/wp-content\/uploads\/2025\/03\/recenze-domus-balthasar-praha-s-batoletem-3.jpg 1200w, https:\/\/loudavymkrokem.cz\/wp-content\/uploads\/2025\/03\/recenze-domus-balthasar-praha-s-batoletem-3-300x200.jpg 300w, https:\/\/loudavymkrokem.cz\/wp-content\/uploads\/2025\/03\/recenze-domus-balthasar-praha-s-batoletem-3-700x467.jpg 700w, https:\/\/loudavymkrokem.cz\/wp-content\/uploads\/2025\/03\/recenze-domus-balthasar-praha-s-batoletem-3-768x512.jpg 768w, https:\/\/loudavymkrokem.cz\/wp-content\/uploads\/2025\/03\/recenze-domus-balthasar-praha-s-batoletem-3-696x464.jpg 696w\" sizes=\"(max-width: 1200px) 100vw, 1200px\" \/><button\n\t\t\tclass=\"lightbox-trigger\"\n\t\t\ttype=\"button\"\n\t\t\taria-haspopup=\"dialog\"\n\t\t\tdata-wp-bind--aria-label=\"state.thisImage.triggerButtonAriaLabel\"\n\t\t\tdata-wp-init=\"callbacks.initTriggerButton\"\n\t\t\tdata-wp-on--click=\"actions.showLightbox\"\n\t\t\tdata-wp-style--right=\"state.thisImage.buttonRight\"\n\t\t\tdata-wp-style--top=\"state.thisImage.buttonTop\"\n\t\t>\n\t\t\t<svg xmlns=\"http:\/\/www.w3.org\/2000\/svg\" width=\"12\" height=\"12\" fill=\"none\" viewBox=\"0 0 12 12\">\n\t\t\t\t<path fill=\"#fff\" d=\"M2 0a2 2 0 0 0-2 2v2h1.5V2a.5.5 0 0 1 .5-.5h2V0H2Zm2 10.5H2a.5.5 0 0 1-.5-.5V8H0v2a2 2 0 0 0 2 2h2v-1.5ZM8 12v-1.5h2a.5.5 0 0 0 .5-.5V8H12v2a2 2 0 0 1-2 2H8Zm2-12a2 2 0 0 1 2 2v2h-1.5V2a.5.5 0 0 0-.5-.5H8V0h2Z\" \/>\n\t\t\t<\/svg>\n\t\t<\/button><figcaption class=\"wp-element-caption\">Pr\u00e1ga<\/figcaption><\/figure>\n\n\n\n<h2 class=\"wp-block-heading\"><span class=\"ez-toc-section\" id=\"Mit_erdemes_megnezni_Piseken_Osszegzes\"><\/span>Mit \u00e9rdemes megn\u00e9zni P\u00edseken: \u00d6sszegz\u00e9s<span class=\"ez-toc-section-end\"><\/span><\/h2>\n\n\n\n<figure data-wp-context=\"{&quot;imageId&quot;:&quot;6a952ed628259&quot;}\" data-wp-interactive=\"core\/image\" data-wp-key=\"6a952ed628259\" class=\"wp-block-image size-full wp-lightbox-container\"><img decoding=\"async\" width=\"2200\" height=\"1467\" data-wp-class--hide=\"state.isContentHidden\" data-wp-class--show=\"state.isContentVisible\" data-wp-init=\"callbacks.setButtonStyles\" data-wp-on--click=\"actions.showLightbox\" data-wp-on--load=\"callbacks.setButtonStyles\" data-wp-on--pointerdown=\"actions.preloadImage\" data-wp-on--pointerenter=\"actions.preloadImageWithDelay\" data-wp-on--pointerleave=\"actions.cancelPreload\" data-wp-on-window--resize=\"callbacks.setButtonStyles\" src=\"https:\/\/loudavymkrokem.cz\/wp-content\/uploads\/2026\/08\/pisek-otava-naplavka-most.jpg\" alt=\"Az Otava rakpartja a K\u0151h\u00eddn\u00e1l P\u00edseken\" class=\"wp-image-399329\" title=\"\" srcset=\"https:\/\/loudavymkrokem.cz\/wp-content\/uploads\/2026\/08\/pisek-otava-naplavka-most.jpg 2200w, https:\/\/loudavymkrokem.cz\/wp-content\/uploads\/2026\/08\/pisek-otava-naplavka-most-300x200.jpg 300w, https:\/\/loudavymkrokem.cz\/wp-content\/uploads\/2026\/08\/pisek-otava-naplavka-most-700x467.jpg 700w, https:\/\/loudavymkrokem.cz\/wp-content\/uploads\/2026\/08\/pisek-otava-naplavka-most-768x512.jpg 768w, https:\/\/loudavymkrokem.cz\/wp-content\/uploads\/2026\/08\/pisek-otava-naplavka-most-1536x1024.jpg 1536w, https:\/\/loudavymkrokem.cz\/wp-content\/uploads\/2026\/08\/pisek-otava-naplavka-most-2048x1366.jpg 2048w, https:\/\/loudavymkrokem.cz\/wp-content\/uploads\/2026\/08\/pisek-otava-naplavka-most-696x464.jpg 696w, https:\/\/loudavymkrokem.cz\/wp-content\/uploads\/2026\/08\/pisek-otava-naplavka-most-1392x928.jpg 1392w, https:\/\/loudavymkrokem.cz\/wp-content\/uploads\/2026\/08\/pisek-otava-naplavka-most-1920x1280.jpg 1920w\" sizes=\"(max-width: 2200px) 100vw, 2200px\" \/><button\n\t\t\tclass=\"lightbox-trigger\"\n\t\t\ttype=\"button\"\n\t\t\taria-haspopup=\"dialog\"\n\t\t\tdata-wp-bind--aria-label=\"state.thisImage.triggerButtonAriaLabel\"\n\t\t\tdata-wp-init=\"callbacks.initTriggerButton\"\n\t\t\tdata-wp-on--click=\"actions.showLightbox\"\n\t\t\tdata-wp-style--right=\"state.thisImage.buttonRight\"\n\t\t\tdata-wp-style--top=\"state.thisImage.buttonTop\"\n\t\t>\n\t\t\t<svg xmlns=\"http:\/\/www.w3.org\/2000\/svg\" width=\"12\" height=\"12\" fill=\"none\" viewBox=\"0 0 12 12\">\n\t\t\t\t<path fill=\"#fff\" d=\"M2 0a2 2 0 0 0-2 2v2h1.5V2a.5.5 0 0 1 .5-.5h2V0H2Zm2 10.5H2a.5.5 0 0 1-.5-.5V8H0v2a2 2 0 0 0 2 2h2v-1.5ZM8 12v-1.5h2a.5.5 0 0 0 .5-.5V8H12v2a2 2 0 0 1-2 2H8Zm2-12a2 2 0 0 1 2 2v2h-1.5V2a.5.5 0 0 0-.5-.5H8V0h2Z\" \/>\n\t\t\t<\/svg>\n\t\t<\/button><\/figure>\n\n\n\n<p class=\"wp-block-paragraph\">Nos. Itt van \u2013 P\u00edsek \u00fagy, ahogy \u00e9n ismerem \u00e9s szeretem. Egy v\u00e1ros, amely nem v\u00e1r turistat\u00f6megekre, hanem csendben \u00e9li a maga gy\u00f6ny\u00f6r\u0171 \u00e9let\u00e9t a foly\u00f3 mellett. A legr\u00e9gibb h\u00edddal, egy gal\u00e9ri\u00e1val, ahol a gyerekek j\u00e1tszanak, k\u00e1v\u00e9z\u00f3kkal, ahol nem \u00e9getik oda a k\u00e1v\u00e9dat, \u00e9s t\u00f6rt\u00e9netekkel, amelyeket itt \u00e9vsz\u00e1zadokon \u00e1t \u00edrtak.<\/p>\n\n\n\n<p class=\"wp-block-paragraph\">Itt sz\u00fclettem, ide t\u00e9rtem vissza, \u00e9s h\u00e1l\u00e1s vagyok \u00e9rte. De P\u00edsek nem f\u00e9lt\u00e9keny \u2013 sz\u00edvesen osztozik. Sz\u00f3val gyere el, s\u00e9t\u00e1lj v\u00e9gig a h\u00eddon, igy\u00e1l egy k\u00e1v\u00e9t a t\u00e9ren, menj be a Sladovn\u00e1ba, n\u00e9zd meg az Otav\u00e1t a Dagmar \u0160imkov\u00e1-gyalogh\u00eddr\u00f3l, \u00e9s hagyd, hogy meglepjen, mennyi sz\u00e9ps\u00e9g f\u00e9r el egyetlen d\u00e9l-csehorsz\u00e1gi v\u00e1rosban.<\/p>\n\n\n\n<h2 class=\"wp-block-heading\"><span class=\"ez-toc-section\" id=\"Hova_tovabb\"><\/span>Hov\u00e1 tov\u00e1bb<span class=\"ez-toc-section-end\"><\/span><\/h2>\n\n\n\n<p class=\"wp-block-paragraph\">Az aktu\u00e1lis esem\u00e9nyeket, fesztiv\u00e1lokat \u00e9s a p\u00edseki helyek \u00e1ttekint\u00e9s\u00e9t a <a href=\"https:\/\/pisek.info\" target=\"_blank\" rel=\"noopener\">pisek.info<\/a> oldalon tal\u00e1lod (az <a href=\"https:\/\/pisek.info\/akce\" target=\"_blank\" rel=\"noopener\">Esem\u00e9nyek<\/a> \u00e9s <a href=\"https:\/\/pisek.info\/mista\" target=\"_blank\" rel=\"noopener\">Helyek<\/a> szekci\u00f3ban). Gyerekekkel j\u00f6ssz? Akkor olvasd el a k\u00fcl\u00f6n \u00fatikalauzomat, a <a href=\"https:\/\/loudavymkrokem.cz\/pisek-s-detmi\/\">P\u00edsek gyerekekkel: 40 tipp egy helyi anyuk\u00e1t\u00f3l<\/a> cikket, ahol megtal\u00e1lod az \u00f6sszes j\u00e1tsz\u00f3h\u00e1zat, j\u00e1tsz\u00f3teret \u00e9s csal\u00e1di kir\u00e1ndul\u00e1st \u00e1rakkal egy\u00fctt. Ha D\u00e9l-Csehorsz\u00e1gban t\u00f6bb napot tervezel elt\u00f6lteni, n\u00e9zd meg a nagy \u00e1ttekint\u00e9st: <a href=\"https:\/\/loudavymkrokem.cz\/hu\/del-csehorszag-latnivalok-2\/\">Hov\u00e1 menj nyaralni D\u00e9l-Csehorsz\u00e1gban: 15 legszebb hely (gyerekekkel is)<\/a>, ahol P\u00edseket tizenn\u00e9gy m\u00e1sik gy\u00f6ny\u00f6r\u0171 vid\u00e9k eg\u00e9sz\u00edti ki. P\u00edsekt\u0151l egy ugr\u00e1sra fekszik a huszita <a href=\"https:\/\/loudavymkrokem.cz\/hu\/tabor-csehorszag-latnivalok\/\">T\u00e1bor, amelyr\u0151l r\u00e9szletes \u00fatikalauzunk van<\/a>, negyven perc alatt pedig <a href=\"https:\/\/loudavymkrokem.cz\/hu\/ceske-budejovice-csehorszag\/\">\u010cesk\u00fdch Bud\u011bjovic\u00e9ben<\/a> vagy. \u00c9s ha eg\u00e9sz Csehorsz\u00e1g vonz, n\u00e9zd \u00e1t a <a href=\"https:\/\/loudavymkrokem.cz\/hu\/csehorszag-nyaralas-tippek\/\">20 tippet, hov\u00e1 menj nyaralni Csehorsz\u00e1gban<\/a>.<\/p>\n\n\n\n<p class=\"wp-block-paragraph\">Szeretn\u00e9l P\u00edsekr\u0151l a k\u00f6rny\u00e9kre kir\u00e1ndulni? \u00cdrtam egy k\u00fcl\u00f6n \u00fatikalauzt, a <a href=\"https:\/\/loudavymkrokem.cz\/vylety-v-okoli-pisku\/\">Kir\u00e1ndul\u00e1sok P\u00edsek k\u00f6rny\u00e9k\u00e9n: 30 tipp egy helyi lakost\u00f3l<\/a> cikket \u2014 Zv\u00edkov \u00e9s Orl\u00edk v\u00e1ra, haj\u00f3z\u00e1s a v\u00edzt\u00e1roz\u00f3n, Blatn\u00e1 \u00e9s Hlubok\u00e1, mind pontos t\u00e1vols\u00e1ggal \u00e9s P\u00edsekr\u0151l val\u00f3 menetid\u0151vel.<\/p>\n\n\n\n<h2 class=\"wp-block-heading\"><span class=\"ez-toc-section\" id=\"Gyakran_ismetelt_kerdesek\"><\/span>Gyakran ism\u00e9telt k\u00e9rd\u00e9sek<span class=\"ez-toc-section-end\"><\/span><\/h2>\n\n\n<div id=\"rank-math-faq\" class=\"rank-math-block\">\n<div class=\"rank-math-list \">\n<div id=\"faq-question-1774379600001\" class=\"rank-math-list-item\">\n<h3 class=\"rank-math-question \"><span class=\"ez-toc-section\" id=\"Valoban_regebbi_a_piseki_Kohid_a_Karoly_hidnal\"><\/span>Val\u00f3ban r\u00e9gebbi a p\u00edseki K\u0151h\u00edd a K\u00e1roly h\u00eddn\u00e1l?<span class=\"ez-toc-section-end\"><\/span><\/h3>\n<div class=\"rank-math-answer \">\n\n<p>Igen, \u00e9s ez nem csak legenda. A p\u00edseki K\u0151h\u00edd a 13. sz\u00e1zad m\u00e1sodik fel\u00e9b\u0151l sz\u00e1rmazik, m\u00edg a pr\u00e1gai K\u00e1roly hidat csak 1357-ben alap\u00edtott\u00e1k. A p\u00edseki h\u00edd t\u00f6bb \u00e9vtizeddel r\u00e9gebbi \u2014 ez a legr\u00e9gebbi fennmaradt k\u0151h\u00edd Csehorsz\u00e1gban.<\/p>\n\n<\/div>\n<\/div>\n<div id=\"faq-question-1774379600002\" class=\"rank-math-list-item\">\n<h3 class=\"rank-math-question \"><span class=\"ez-toc-section\" id=\"A_Sladovna_erdekes_nagyobb_gyerekeknek_is\"><\/span>A Sladovna \u00e9rdekes nagyobb gyerekeknek is?<span class=\"ez-toc-section-end\"><\/span><\/h3>\n<div class=\"rank-math-answer \">\n\n<p>Hat\u00e1rozottan igen. A hangyaboly \u00e9s a v\u00e1ltoz\u00f3 interakt\u00edv ki\u00e1ll\u00edt\u00e1sok \u00fagy vannak megtervezve, hogy iskol\u00e1sokat \u00e9s tin\u00e9dzsereket is lek\u00f6sse. Ez nem csak egy m\u00e1sz\u00f3ka kisgyerekeknek \u2014 a nagyobb gyerekek logikai feladatokat oldanak meg, k\u00eds\u00e9rleteznek \u00e9s felfedeznek. \u0150szint\u00e9n sz\u00f3lva a feln\u0151tteket is sz\u00f3rakoztatja.<\/p>\n\n<\/div>\n<\/div>\n<div id=\"faq-question-1774379600003\" class=\"rank-math-list-item\">\n<h3 class=\"rank-math-question \"><span class=\"ez-toc-section\" id=\"Pontosan_hol_talalhatok_a_homokok_szobrok\"><\/span>Pontosan hol tal\u00e1lhat\u00f3k a homokok szobrok?<span class=\"ez-toc-section-end\"><\/span><\/h3>\n<div class=\"rank-math-answer \">\n\n<p>A rakparton a K\u0151h\u00eddn\u00e1l, k\u00f6zvetlen\u00fcl az Otava foly\u00f3 mellett. A szobrok tavaszt\u00f3l ny\u00e1rig szoktak itt lenni, \u00e9s a megtekint\u00e9s ingyenes. Csak gyere \u00e9s gy\u00f6ny\u00f6rk\u00f6dj \u2014 nincs bel\u00e9p\u0151, nincs foglal\u00e1s.<\/p>\n\n<\/div>\n<\/div>\n<div id=\"faq-question-1774379600004\" class=\"rank-math-list-item\">\n<h3 class=\"rank-math-question \"><span class=\"ez-toc-section\" id=\"Hogyan_jutok_el_a_Jarnik_kilatohoz\"><\/span>Hogyan jutok el a Jarn\u00edk kil\u00e1t\u00f3hoz?<span class=\"ez-toc-section-end\"><\/span><\/h3>\n<div class=\"rank-math-answer \">\n\n<p>P\u00edsek k\u00f6zpontj\u00e1b\u00f3l k\u00f6r\u00fclbel\u00fcl 4 km, a legegyszer\u0171bb \u00fat az erd\u0151n kereszt\u00fcl vezet a U Vod\u00e1ka parkol\u00f3t\u00f3l (aut\u00f3val nem tudsz felmenni eg\u00e9szen a kil\u00e1t\u00f3ig). Az \u00fat enyh\u00e9n emelked\u0151 \u00e9s gyerekek is b\u00edrj\u00e1k, felfel\u00e9 pedig 182 l\u00e9pcs\u0151 vezet, a bel\u00e9p\u00e9s ingyenes. A helysz\u00ednen panor\u00e1m\u00e1s kil\u00e1t\u00e1s v\u00e1r r\u00e1d a v\u00e1rosra \u00e9s a k\u00f6rnyez\u0151 t\u00e1jra.<\/p>\n\n<\/div>\n<\/div>\n<div id=\"faq-question-1774379600005\" class=\"rank-math-list-item\">\n<h3 class=\"rank-math-question \"><span class=\"ez-toc-section\" id=\"Mikor_a_legjobb_ido_a_Zemsky_hrebcinec_Allami_Menesbirtok_meglatogatasara\"><\/span>Mikor a legjobb id\u0151 a Zemsk\u00fd h\u0159eb\u010dinec (\u00c1llami M\u00e9nesbirtok) megl\u00e1togat\u00e1s\u00e1ra?<span class=\"ez-toc-section-end\"><\/span><\/h3>\n<div class=\"rank-math-answer \">\n\n<p>Ide\u00e1lis ny\u00e1ron, j\u00faniust\u00f3l okt\u00f3berig, amikor rendszeres vezetett t\u00far\u00e1k zajlanak \u2014 szerd\u00e1n, p\u00e9nteken \u00e9s vas\u00e1rnap 14:00-kor. Szezonon k\u00edv\u00fcl a ter\u00fclet korl\u00e1tozottan hozz\u00e1f\u00e9rhet\u0151, \u00fagyhogy a ny\u00e1r biztos fog\u00e1s.<\/p>\n\n<\/div>\n<\/div>\n<div id=\"faq-question-1774379600006\" class=\"rank-math-list-item\">\n<h3 class=\"rank-math-question \"><span class=\"ez-toc-section\" id=\"Mennyibe_kerul_a_belepo_a_Prachenske_muzeumba\"><\/span>Mennyibe ker\u00fcl a bel\u00e9p\u0151 a Pr\u00e1che\u0148sk\u00e9 m\u00fazeumba?<span class=\"ez-toc-section-end\"><\/span><\/h3>\n<div class=\"rank-math-answer \">\n\n<p>Feln\u0151ttek 900 Ft-ot (60 K\u010d) fizetnek, gyerekek 450 Ft-ot (30 K\u010d), \u00e9s a csal\u00e1di bel\u00e9p\u0151 2 200 Ft (150 K\u010d). Ahhoz k\u00e9pest, amit bent l\u00e1thatsz \u2014 a g\u00f3tikus v\u00e1rt\u00f3l a teljes r\u00e9gi\u00f3 gy\u0171jtem\u00e9ny\u00e9ig \u2014 ez val\u00f3sz\u00edn\u0171leg az egyik legjobb \u00e1r\/\u00e9lm\u00e9ny ar\u00e1ny P\u00edsekben.<\/p>\n\n<\/div>\n<\/div>\n<div id=\"faq-question-1774379600007\" class=\"rank-math-list-item\">\n<h3 class=\"rank-math-question \"><span class=\"ez-toc-section\" id=\"Hogyan_jutok_el_a_legkonnyebben_Pisekbe_Budapestrol\"><\/span>Hogyan jutok el a legk\u00f6nnyebben P\u00edsekbe Budapestr\u0151l?<span class=\"ez-toc-section-end\"><\/span><\/h3>\n<div class=\"rank-math-answer \">\n\n<p>A legk\u00e9nyelmesebb lehet\u0151s\u00e9g az aut\u00f3busz \u2014 a RegioJet j\u00e1ratok Pr\u00e1g\u00e1b\u00f3l indulnak, de Budapestr\u0151l aut\u00f3val az M1-es aut\u00f3p\u00e1ly\u00e1n \u00e9s azt\u00e1n a cseh D4-es aut\u00f3p\u00e1ly\u00e1n (aut\u00f3p\u00e1lya-matrica sz\u00fcks\u00e9ges) k\u00f6r\u00fclbel\u00fcl 5\u20136 \u00f3ra alatt \u00e9rheted el. Alternat\u00edvak\u00e9nt vonattal vagy busszal Pr\u00e1g\u00e1n kereszt\u00fcl utazhatsz, az \u00e1tsz\u00e1ll\u00e1ssal egy\u00fctt.<\/p>\n\n<\/div>\n<\/div>\n<div id=\"faq-question-1774379600008\" class=\"rank-math-list-item\">\n<h3 class=\"rank-math-question \"><span class=\"ez-toc-section\" id=\"Hova_menjek_Pisekben_gyerekekkel\"><\/span>Hova menjek P\u00edsekben gyerekekkel?<span class=\"ez-toc-section-end\"><\/span><\/h3>\n<div class=\"rank-math-answer \">\n\n<p>Az els\u0151 a Sladovna (j\u00e1t\u00e9kkal tan\u00edt\u00f3 gal\u00e9ria, 2 200 Ft \/ 150 K\u010d, 3 \u00e9v alattiak ingyenesen), ny\u00e1ron a Homokok szobrok a rakparton \u00e9s a V\u00e1clav strandja, es\u0151 eset\u00e9n a My\u0161ka j\u00e1tsz\u00f3h\u00e1z. A 20 percen bel\u00fcl el\u00e9rhet\u0151 kir\u00e1ndul\u00e1sok k\u00f6z\u00fcl aj\u00e1nlom a Farmapark Maletic-et, a Na\u0161e zv\u00ed\u0159\u00e1tka-t Putimban (ingyenes) \u00e9s a Kr\u00e1lovstv\u00ed \u010dasu-t (Id\u0151 Birodalma) Protiv\u00ednban. A teljes csal\u00e1di \u00fatmutat\u00f3nk megtal\u00e1lhat\u00f3 a P\u00edsek gyerekekkel cikkben.<\/p>\n\n<\/div>\n<\/div>\n<\/div>\n<\/div>","protected":false},"excerpt":{"rendered":"<p>Mit \u00e9rdemes megn\u00e9zni P\u00edseken? 39 tipp egy helyi lakost\u00f3l, aki \u00e9vek pr\u00e1gai \u00e9let ut\u00e1n k\u00f6lt\u00f6z\u00f6tt vissza a csal\u00e1dj\u00e1val: a legr\u00e9gibb k\u0151h\u00edd, homokszobrok, k\u00e1v\u00e9z\u00f3k \u00e9s tippek gyerekekkel.<\/p>\n","protected":false},"author":3,"featured_media":399318,"comment_status":"open","ping_status":"open","sticky":false,"template":"","format":"standard","meta":{"_acf_changed":false,"footnotes":"","rank_math_title":"Mit \u00e9rdemes megn\u00e9zni P\u00edseken: 39 tipp \u00e9s l\u00e1tnival\u00f3","rank_math_description":"Mit \u00e9rdemes megn\u00e9zni P\u00edseken? 39 tipp egy helyi lakost\u00f3l: a legr\u00e9gibb k\u0151h\u00edd, homokszobrok, k\u00e1v\u00e9z\u00f3k \u00e9s tippek gyerekekkel. Fedezd fel a d\u00e9l-csehorsz\u00e1gi \u00e9kszert!","rank_math_focus_keyword":"mit \u00e9rdemes megn\u00e9zni P\u00edseken","rank_math_seo_score":""},"categories":[1857,1804,1788],"tags":[],"class_list":["post-409153","post","type-post","status-publish","format-standard","has-post-thumbnail","category-csehorszag","category-europa","category-utazas"],"acf":[],"featured_image_src":"https:\/\/loudavymkrokem.cz\/wp-content\/uploads\/2026\/08\/pisek-velke-namesti-radnice.jpg","author_info":{"display_name":"Lucie Kone\u010dn\u00e1","author_link":"https:\/\/loudavymkrokem.cz\/hu\/author\/lucie-konecna\/"},"_links":{"self":[{"href":"https:\/\/loudavymkrokem.cz\/hu\/wp-json\/wp\/v2\/posts\/409153","targetHints":{"allow":["GET"]}}],"collection":[{"href":"https:\/\/loudavymkrokem.cz\/hu\/wp-json\/wp\/v2\/posts"}],"about":[{"href":"https:\/\/loudavymkrokem.cz\/hu\/wp-json\/wp\/v2\/types\/post"}],"author":[{"embeddable":true,"href":"https:\/\/loudavymkrokem.cz\/hu\/wp-json\/wp\/v2\/users\/3"}],"replies":[{"embeddable":true,"href":"https:\/\/loudavymkrokem.cz\/hu\/wp-json\/wp\/v2\/comments?post=409153"}],"version-history":[{"count":2,"href":"https:\/\/loudavymkrokem.cz\/hu\/wp-json\/wp\/v2\/posts\/409153\/revisions"}],"predecessor-version":[{"id":409155,"href":"https:\/\/loudavymkrokem.cz\/hu\/wp-json\/wp\/v2\/posts\/409153\/revisions\/409155"}],"wp:featuredmedia":[{"embeddable":true,"href":"https:\/\/loudavymkrokem.cz\/hu\/wp-json\/wp\/v2\/media\/399318"}],"wp:attachment":[{"href":"https:\/\/loudavymkrokem.cz\/hu\/wp-json\/wp\/v2\/media?parent=409153"}],"wp:term":[{"taxonomy":"category","embeddable":true,"href":"https:\/\/loudavymkrokem.cz\/hu\/wp-json\/wp\/v2\/categories?post=409153"},{"taxonomy":"post_tag","embeddable":true,"href":"https:\/\/loudavymkrokem.cz\/hu\/wp-json\/wp\/v2\/tags?post=409153"}],"curies":[{"name":"wp","href":"https:\/\/api.w.org\/{rel}","templated":true}]}}