{"id":409150,"date":"2026-08-25T09:57:48","date_gmt":"2026-08-25T07:57:48","guid":{"rendered":"https:\/\/loudavymkrokem.cz\/marokko-marrakesh-szallas\/"},"modified":"2026-08-31T08:05:59","modified_gmt":"2026-08-31T06:05:59","slug":"marokko-marrakesh-szallas","status":"publish","type":"post","link":"https:\/\/loudavymkrokem.cz\/hu\/marokko-marrakesh-szallas\/","title":{"rendered":"Hol sz\u00e1llj meg Marrakeshben: 14 riad \u00e9s biztons\u00e1gos negyedek 2026-ban"},"content":{"rendered":"\n<p class=\"wp-block-paragraph\">Marrakesh olyan v\u00e1ros, amely vagy teljesen mag\u00e1ba szippant, vagy p\u00e1r \u00f3ra ut\u00e1n menek\u00fcln\u00e9l bel\u0151le. Amikor Luk\u00e1\u0161 \u00e9s \u00e9n decemberben nekiv\u00e1gtunk a nagy marokk\u00f3i roadtrip\u00fcnknek, <strong>Marokk\u00f3 Marrakesh azonnal beledobott minket egy hihetetlen k\u00e1oszba<\/strong>. Minden\u00fctt egzotikus f\u0171szerek illata terjeng, az \u00e1rusok minden sarokr\u00f3l kiab\u00e1lnak fel\u00e9d, a robog\u00f3k pedig olyan szorosan cik\u00e1znak a sz\u0171k sik\u00e1torokban, hogy folyamatosan ugranod kell f\u00e9lre.<\/p>\n\n\n\n<p class=\"wp-block-paragraph\">A megfelel\u0151 sz\u00e1ll\u00e1s kiv\u00e1laszt\u00e1sa itt teljesen kulcsfontoss\u00e1g\u00fa, mert <strong>egy \u00e9lm\u00e9nyekkel teli nap ut\u00e1n nyugodt mened\u00e9kre van sz\u00fcks\u00e9ged<\/strong>. Mi akkoriban h\u00e1tizs\u00e1kosokk\u00e9nt az olcs\u00f3 <a href=\"https:\/\/www.stay22.com\/allez\/roam?aid=lukaskonecny&amp;campaign=loudavymkrokemcz&amp;campaign=kde-bydlet-v-marrakesi&amp;hotelname=Riad%20Sijane&amp;address=Marr%C3%A1ke%C5%A1%2C%20Maroko\" target=\"_blank\" rel=\"noopener nofollow sponsored\">Riad Sijane<\/a>-t v\u00e1lasztottuk. Ma viszont a riadok k\u00edn\u00e1lata sokkal sz\u00e9lesebb, \u00e9s \u00e9rtelmes p\u00e9nz\u00e9rt is tal\u00e1lsz nyugodtabb helyet kis medenc\u00e9vel. Ebben a cikkben r\u00e9szletesen megmutatom, <strong>mely negyedek melyik utaz\u00f3t\u00edpusnak val\u00f3k<\/strong>, \u00e9s egy\u00fctt kiv\u00e1lasztjuk a legszebb riadokat az olcs\u00f3akt\u00f3l eg\u00e9szen a val\u00f3ban luxusokig.<\/p>\n\n\n\n<p class=\"wp-block-paragraph\">Ha r\u00f6gt\u00f6n a rep\u00fcl\u0151t\u00e9ren szeretn\u00e9l aut\u00f3t b\u00e9relni, \u0151szint\u00e9n figyelmeztetlek, hogy <strong>a v\u00e1rosk\u00f6zpontban vezetni igazi idegpr\u00f3ba<\/strong>. Ugand\u00e1ban vagy Thaif\u00f6ld\u00f6n s\u00e9rtetlen\u00fcl meg\u00fasztuk a k\u00f6zleked\u00e9st, de itt alaposan megizzasztott minket. Ez\u00e9rt ink\u00e1bb fontold meg a v\u00e1ros sz\u00e9l\u00e9n l\u00e9v\u0151 sz\u00e1ll\u00e1st, mert a t\u00f6rt\u00e9nelmi k\u00f6zpontb\u00f3l kikeveredni ak\u00e1r egy \u00f3r\u00e1t is ig\u00e9nybe vehet.<\/p>\n\n\n\n<figure data-wp-context=\"{&quot;imageId&quot;:&quot;6a95408e980aa&quot;}\" data-wp-interactive=\"core\/image\" data-wp-key=\"6a95408e980aa\" class=\"wp-block-image size-full wp-lightbox-container\"><img decoding=\"async\" width=\"1200\" height=\"800\" data-wp-class--hide=\"state.isContentHidden\" data-wp-class--show=\"state.isContentVisible\" data-wp-init=\"callbacks.setButtonStyles\" data-wp-on--click=\"actions.showLightbox\" data-wp-on--load=\"callbacks.setButtonStyles\" data-wp-on--pointerdown=\"actions.preloadImage\" data-wp-on--pointerenter=\"actions.preloadImageWithDelay\" data-wp-on--pointerleave=\"actions.cancelPreload\" data-wp-on-window--resize=\"callbacks.setButtonStyles\" src=\"https:\/\/loudavymkrokem.cz\/wp-content\/uploads\/2019\/01\/zeny-by-nemely-cestovat-samy-v-Maroku.jpg\" alt=\"Marrakesh, d\u00edszes ajt\u00f3 a medin\u00e1ban\" class=\"wp-image-53792\" title=\"\" srcset=\"https:\/\/loudavymkrokem.cz\/wp-content\/uploads\/2019\/01\/zeny-by-nemely-cestovat-samy-v-Maroku.jpg 1200w, https:\/\/loudavymkrokem.cz\/wp-content\/uploads\/2019\/01\/zeny-by-nemely-cestovat-samy-v-Maroku-300x200.jpg 300w, https:\/\/loudavymkrokem.cz\/wp-content\/uploads\/2019\/01\/zeny-by-nemely-cestovat-samy-v-Maroku-1024x683.jpg 1024w, https:\/\/loudavymkrokem.cz\/wp-content\/uploads\/2019\/01\/zeny-by-nemely-cestovat-samy-v-Maroku-768x512.jpg 768w\" sizes=\"(max-width: 1200px) 100vw, 1200px\" \/><button\n\t\t\tclass=\"lightbox-trigger\"\n\t\t\ttype=\"button\"\n\t\t\taria-haspopup=\"dialog\"\n\t\t\tdata-wp-bind--aria-label=\"state.thisImage.triggerButtonAriaLabel\"\n\t\t\tdata-wp-init=\"callbacks.initTriggerButton\"\n\t\t\tdata-wp-on--click=\"actions.showLightbox\"\n\t\t\tdata-wp-style--right=\"state.thisImage.buttonRight\"\n\t\t\tdata-wp-style--top=\"state.thisImage.buttonTop\"\n\t\t>\n\t\t\t<svg xmlns=\"http:\/\/www.w3.org\/2000\/svg\" width=\"12\" height=\"12\" fill=\"none\" viewBox=\"0 0 12 12\">\n\t\t\t\t<path fill=\"#fff\" d=\"M2 0a2 2 0 0 0-2 2v2h1.5V2a.5.5 0 0 1 .5-.5h2V0H2Zm2 10.5H2a.5.5 0 0 1-.5-.5V8H0v2a2 2 0 0 0 2 2h2v-1.5ZM8 12v-1.5h2a.5.5 0 0 0 .5-.5V8H12v2a2 2 0 0 1-2 2H8Zm2-12a2 2 0 0 1 2 2v2h-1.5V2a.5.5 0 0 0-.5-.5H8V0h2Z\" \/>\n\t\t\t<\/svg>\n\t\t<\/button><\/figure>\n\n\n\n<div id=\"ez-toc-container\" class=\"ez-toc-v2_0_86 ez-toc-wrap-left counter-hierarchy ez-toc-counter ez-toc-grey ez-toc-container-direction\">\n<div class=\"ez-toc-title-container\">\n<p class=\"ez-toc-title\" style=\"cursor:inherit\">A cikk tartalma<\/p>\n<span class=\"ez-toc-title-toggle\"><a href=\"#\" class=\"ez-toc-pull-right ez-toc-btn ez-toc-btn-xs ez-toc-btn-default ez-toc-toggle\" aria-label=\"Toggle Table of Content\"><span class=\"ez-toc-js-icon-con\"><span class=\"\"><span class=\"eztoc-hide\" style=\"display:none;\">Toggle<\/span><span class=\"ez-toc-icon-toggle-span\"><svg style=\"fill: #999;color:#999\" xmlns=\"http:\/\/www.w3.org\/2000\/svg\" class=\"list-377408\" width=\"20px\" height=\"20px\" viewBox=\"0 0 24 24\" fill=\"none\"><path d=\"M6 6H4v2h2V6zm14 0H8v2h12V6zM4 11h2v2H4v-2zm16 0H8v2h12v-2zM4 16h2v2H4v-2zm16 0H8v2h12v-2z\" fill=\"currentColor\"><\/path><\/svg><svg style=\"fill: #999;color:#999\" class=\"arrow-unsorted-368013\" xmlns=\"http:\/\/www.w3.org\/2000\/svg\" width=\"10px\" height=\"10px\" viewBox=\"0 0 24 24\" version=\"1.2\" baseProfile=\"tiny\"><path d=\"M18.2 9.3l-6.2-6.3-6.2 6.3c-.2.2-.3.4-.3.7s.1.5.3.7c.2.2.4.3.7.3h11c.3 0 .5-.1.7-.3.2-.2.3-.5.3-.7s-.1-.5-.3-.7zM5.8 14.7l6.2 6.3 6.2-6.3c.2-.2.3-.5.3-.7s-.1-.5-.3-.7c-.2-.2-.4-.3-.7-.3h-11c-.3 0-.5.1-.7.3-.2.2-.3.5-.3.7s.1.5.3.7z\"\/><\/svg><\/span><\/span><\/span><\/a><\/span><\/div>\n<nav><ul class='ez-toc-list ez-toc-list-level-1 ' ><ul class='ez-toc-list-level-3' ><li class='ez-toc-heading-level-3'><a class=\"ez-toc-link ez-toc-heading-1\" href=\"https:\/\/loudavymkrokem.cz\/hu\/marokko-marrakesh-szallas\/#Osszefoglalas_azoknak_akiknek_nincs_idejuk_vegigolvasni_a_cikket\" >\u00d6sszefoglal\u00e1s azoknak, akiknek nincs idej\u00fck v\u00e9gigolvasni a cikket<\/a><\/li><\/ul><\/li><li class='ez-toc-page-1 ez-toc-heading-level-2'><a class=\"ez-toc-link ez-toc-heading-2\" href=\"https:\/\/loudavymkrokem.cz\/hu\/marokko-marrakesh-szallas\/#Melyik_kornyeket_valaszd\" >Melyik k\u00f6rny\u00e9ket v\u00e1laszd<\/a><\/li><li class='ez-toc-page-1 ez-toc-heading-level-2'><a class=\"ez-toc-link ez-toc-heading-3\" href=\"https:\/\/loudavymkrokem.cz\/hu\/marokko-marrakesh-szallas\/#Mikor_menj_es_mikor_foglalj\" >Mikor menj \u00e9s mikor foglalj<\/a><\/li><li class='ez-toc-page-1 ez-toc-heading-level-2'><a class=\"ez-toc-link ez-toc-heading-4\" href=\"https:\/\/loudavymkrokem.cz\/hu\/marokko-marrakesh-szallas\/#Marokko_Marrakesh_14_legjobb_szallodaja_es_riadja\" >Marokk\u00f3 Marrakesh 14 legjobb sz\u00e1llod\u00e1ja \u00e9s riadja<\/a><ul class='ez-toc-list-level-3' ><li class='ez-toc-heading-level-3'><a class=\"ez-toc-link ez-toc-heading-5\" href=\"https:\/\/loudavymkrokem.cz\/hu\/marokko-marrakesh-szallas\/#1_El_Fenn\" >1. El Fenn<\/a><\/li><li class='ez-toc-page-1 ez-toc-heading-level-3'><a class=\"ez-toc-link ez-toc-heading-6\" href=\"https:\/\/loudavymkrokem.cz\/hu\/marokko-marrakesh-szallas\/#2_La_Sultana_Marrakech\" >2. La Sultana Marrakech<\/a><\/li><li class='ez-toc-page-1 ez-toc-heading-level-3'><a class=\"ez-toc-link ez-toc-heading-7\" href=\"https:\/\/loudavymkrokem.cz\/hu\/marokko-marrakesh-szallas\/#3_Angsana_Heritage_Collection\" >3. Angsana Heritage Collection<\/a><\/li><li class='ez-toc-page-1 ez-toc-heading-level-3'><a class=\"ez-toc-link ez-toc-heading-8\" href=\"https:\/\/loudavymkrokem.cz\/hu\/marokko-marrakesh-szallas\/#4_LHotel\" >4. L&#8217;Hotel<\/a><\/li><li class='ez-toc-page-1 ez-toc-heading-level-3'><a class=\"ez-toc-link ez-toc-heading-9\" href=\"https:\/\/loudavymkrokem.cz\/hu\/marokko-marrakesh-szallas\/#5_Riad_BE_Marrakech\" >5. Riad BE Marrakech<\/a><\/li><li class='ez-toc-page-1 ez-toc-heading-level-3'><a class=\"ez-toc-link ez-toc-heading-10\" href=\"https:\/\/loudavymkrokem.cz\/hu\/marokko-marrakesh-szallas\/#6_Riad_Yasmine\" >6. Riad Yasmine<\/a><\/li><li class='ez-toc-page-1 ez-toc-heading-level-3'><a class=\"ez-toc-link ez-toc-heading-11\" href=\"https:\/\/loudavymkrokem.cz\/hu\/marokko-marrakesh-szallas\/#7_Riad_Shama_Suites\" >7. Riad Shama Suites<\/a><\/li><li class='ez-toc-page-1 ez-toc-heading-level-3'><a class=\"ez-toc-link ez-toc-heading-12\" href=\"https:\/\/loudavymkrokem.cz\/hu\/marokko-marrakesh-szallas\/#8_Riad_Dar_El_Bahja_Spa\" >8. Riad Dar El Bahja &amp; Spa<\/a><\/li><li class='ez-toc-page-1 ez-toc-heading-level-3'><a class=\"ez-toc-link ez-toc-heading-13\" href=\"https:\/\/loudavymkrokem.cz\/hu\/marokko-marrakesh-szallas\/#9_Riad_Alia\" >9. Riad Alia<\/a><\/li><li class='ez-toc-page-1 ez-toc-heading-level-3'><a class=\"ez-toc-link ez-toc-heading-14\" href=\"https:\/\/loudavymkrokem.cz\/hu\/marokko-marrakesh-szallas\/#10_Maison_Dar_Saada\" >10. Maison Dar Saada<\/a><\/li><li class='ez-toc-page-1 ez-toc-heading-level-3'><a class=\"ez-toc-link ez-toc-heading-15\" href=\"https:\/\/loudavymkrokem.cz\/hu\/marokko-marrakesh-szallas\/#11_Riad_Bibazia\" >11. Riad Bibazia<\/a><\/li><li class='ez-toc-page-1 ez-toc-heading-level-3'><a class=\"ez-toc-link ez-toc-heading-16\" href=\"https:\/\/loudavymkrokem.cz\/hu\/marokko-marrakesh-szallas\/#12_Riad_Dada_Massouda_Spa\" >12. Riad Dada Massouda Spa<\/a><\/li><li class='ez-toc-page-1 ez-toc-heading-level-3'><a class=\"ez-toc-link ez-toc-heading-17\" href=\"https:\/\/loudavymkrokem.cz\/hu\/marokko-marrakesh-szallas\/#13_Hotel_Toulousain\" >13. H\u00f4tel Toulousain<\/a><\/li><li class='ez-toc-page-1 ez-toc-heading-level-3'><a class=\"ez-toc-link ez-toc-heading-18\" href=\"https:\/\/loudavymkrokem.cz\/hu\/marokko-marrakesh-szallas\/#14_Riad_Sijane\" >14. Riad Sijane<\/a><\/li><\/ul><\/li><li class='ez-toc-page-1 ez-toc-heading-level-2'><a class=\"ez-toc-link ez-toc-heading-19\" href=\"https:\/\/loudavymkrokem.cz\/hu\/marokko-marrakesh-szallas\/#Hogyan_valaszd_ki_a_megfelelo_szallodat\" >Hogyan v\u00e1laszd ki a megfelel\u0151 sz\u00e1llod\u00e1t<\/a><\/li><li class='ez-toc-page-1 ez-toc-heading-level-2'><a class=\"ez-toc-link ez-toc-heading-20\" href=\"https:\/\/loudavymkrokem.cz\/hu\/marokko-marrakesh-szallas\/#Hova_tovabb\" >Hova tov\u00e1bb<\/a><\/li><li class='ez-toc-page-1 ez-toc-heading-level-2'><a class=\"ez-toc-link ez-toc-heading-21\" href=\"https:\/\/loudavymkrokem.cz\/hu\/marokko-marrakesh-szallas\/#Gyakran_ismetelt_kerdesek\" >Gyakran ism\u00e9telt k\u00e9rd\u00e9sek<\/a><ul class='ez-toc-list-level-3' ><li class='ez-toc-heading-level-3'><a class=\"ez-toc-link ez-toc-heading-22\" href=\"https:\/\/loudavymkrokem.cz\/hu\/marokko-marrakesh-szallas\/#Biztonsagos-e_Marrakes_medinaja_ejszaka\" >Biztons\u00e1gos-e Marr\u00e1kes medin\u00e1ja \u00e9jszaka?<\/a><\/li><li class='ez-toc-page-1 ez-toc-heading-level-3'><a class=\"ez-toc-link ez-toc-heading-23\" href=\"https:\/\/loudavymkrokem.cz\/hu\/marokko-marrakesh-szallas\/#Mi_is_az_pontosan_hogy_riad\" >Mi is az pontosan, hogy riad?<\/a><\/li><li class='ez-toc-page-1 ez-toc-heading-level-3'><a class=\"ez-toc-link ez-toc-heading-24\" href=\"https:\/\/loudavymkrokem.cz\/hu\/marokko-marrakesh-szallas\/#Hatizsakot_vagy_borondot_vigyek_Marrakesbe\" >H\u00e1tizs\u00e1kot vagy b\u0151r\u00f6nd\u00f6t vigyek Marr\u00e1kesbe?<\/a><\/li><li class='ez-toc-page-1 ez-toc-heading-level-3'><a class=\"ez-toc-link ez-toc-heading-25\" href=\"https:\/\/loudavymkrokem.cz\/hu\/marokko-marrakesh-szallas\/#Hol_parkoljak_ha_a_medinaban_szallok_meg\" >Hol parkoljak, ha a medin\u00e1ban sz\u00e1llok meg?<\/a><\/li><li class='ez-toc-page-1 ez-toc-heading-level-3'><a class=\"ez-toc-link ez-toc-heading-26\" href=\"https:\/\/loudavymkrokem.cz\/hu\/marokko-marrakesh-szallas\/#Megbirkozom_a_vezetessel_Marrakes_kozpontjaban\" >Megbirk\u00f3zom a vezet\u00e9ssel Marr\u00e1kes k\u00f6zpontj\u00e1ban?<\/a><\/li><li class='ez-toc-page-1 ez-toc-heading-level-3'><a class=\"ez-toc-link ez-toc-heading-27\" href=\"https:\/\/loudavymkrokem.cz\/hu\/marokko-marrakesh-szallas\/#Fizetni_kell_idegenforgalmi_adot_a_szallodakban\" >Fizetni kell idegenforgalmi ad\u00f3t a sz\u00e1llod\u00e1kban?<\/a><\/li><li class='ez-toc-page-1 ez-toc-heading-level-3'><a class=\"ez-toc-link ez-toc-heading-28\" href=\"https:\/\/loudavymkrokem.cz\/hu\/marokko-marrakesh-szallas\/#Jol_tudok_etkezni_egy_riadban_ha_nem_eszem_hust\" >J\u00f3l tudok \u00e9tkezni egy riadban, ha nem eszem h\u00fast?<\/a><\/li><li class='ez-toc-page-1 ez-toc-heading-level-3'><a class=\"ez-toc-link ez-toc-heading-29\" href=\"https:\/\/loudavymkrokem.cz\/hu\/marokko-marrakesh-szallas\/#Hogyan_van_az_alkohollal_a_riadokban\" >Hogyan van az alkohollal a riadokban?<\/a><\/li><li class='ez-toc-page-1 ez-toc-heading-level-3'><a class=\"ez-toc-link ez-toc-heading-30\" href=\"https:\/\/loudavymkrokem.cz\/hu\/marokko-marrakesh-szallas\/#Kell_adapterre_Marokkoba\" >Kell adapterre Marokk\u00f3ba?<\/a><\/li><\/ul><\/li><\/ul><\/nav><\/div>\n<h3 class=\"wp-block-heading\"><span class=\"ez-toc-section\" id=\"Osszefoglalas_azoknak_akiknek_nincs_idejuk_vegigolvasni_a_cikket\"><\/span>\u00d6sszefoglal\u00e1s azoknak, akiknek nincs idej\u00fck v\u00e9gigolvasni a cikket<span class=\"ez-toc-section-end\"><\/span><\/h3>\n\n\n\n<p class=\"wp-block-paragraph\">\ud83d\udca1 <strong>Tipp:<\/strong> A marrakeshi sz\u00e1ll\u00e1sk\u00edn\u00e1latot egy helyen \u00f6sszehasonl\u00edthatod \u2014 <a href=\"https:\/\/www.stay22.com\/allez\/roam?aid=lukaskonecny&#038;campaign=loudavymkrokemcz&#038;campaign=kde-bydlet-v-marrakesi&#038;address=Marr%C3%A1ke%C5%A1%2C%20Maroko\" target=\"_blank\" rel=\"noopener nofollow sponsored\">n\u00e9zd meg az el\u00e9rhet\u0151s\u00e9get \u00e9s az \u00e1rakat Marrakeshben<\/a>. \u00c9rdemes el\u0151re foglalni, mert a legjobb \u00e1r-elhelyezked\u00e9s ar\u00e1ny\u00fa helyek fogynak el el\u0151sz\u00f6r.<\/p>\n\n\n<ul class=\"wp-block-list\">\n<li>  A legjobb luxus\u00e9lm\u00e9ny az ig\u00e9nyeseknek: <strong><a href=\"https:\/\/www.stay22.com\/allez\/roam?aid=lukaskonecny&amp;campaign=loudavymkrokemcz&amp;campaign=kde-bydlet-v-marrakesi&amp;hotelname=El%20Fenn&amp;address=Marr%C3%A1ke%C5%A1%2C%20Maroko\" target=\"_blank\" rel=\"noopener nofollow sponsored\">El Fenn<\/a><\/strong><\/li>\n\n\n\n<li>  A legjobb v\u00e1laszt\u00e1s a romantik\u00e1ra kettesben: <strong><a href=\"https:\/\/www.stay22.com\/allez\/roam?aid=lukaskonecny&amp;campaign=loudavymkrokemcz&amp;campaign=kde-bydlet-v-marrakesi&amp;hotelname=Riad%20Yasmine&amp;address=Marr%C3%A1ke%C5%A1%2C%20Maroko\" target=\"_blank\" rel=\"noopener nofollow sponsored\">Riad Yasmine<\/a><\/strong><\/li>\n\n\n\n<li>  A legjobb \u00e1r-l\u00e9legzetel\u00e1ll\u00edt\u00f3 bels\u0151 ar\u00e1ny: <strong><a href=\"https:\/\/www.stay22.com\/allez\/roam?aid=lukaskonecny&amp;campaign=loudavymkrokemcz&amp;campaign=kde-bydlet-v-marrakesi&amp;hotelname=Riad%20BE%20Marrakech&amp;address=Marr%C3%A1ke%C5%A1%2C%20Maroko\" target=\"_blank\" rel=\"noopener nofollow sponsored\">Riad BE Marrakech<\/a><\/strong><\/li>\n\n\n\n<li>  Nagyszer\u0171 \u00e9s t\u00e1gas v\u00e1laszt\u00e1s gyerekes csal\u00e1doknak: <strong><a href=\"https:\/\/www.stay22.com\/allez\/roam?aid=lukaskonecny&amp;campaign=loudavymkrokemcz&amp;campaign=kde-bydlet-v-marrakesi&amp;hotelname=Riad%20Shama%20Suites&amp;address=Marr%C3%A1ke%C5%A1%2C%20Maroko\" target=\"_blank\" rel=\"noopener nofollow sponsored\">Riad Shama Suites<\/a><\/strong><\/li>\n\n\n\n<li>  A legjobb olcs\u00f3 sz\u00e1ll\u00e1s a ny\u00fczsg\u00e9s kell\u0151s k\u00f6zep\u00e9n: <strong><a href=\"https:\/\/www.stay22.com\/allez\/roam?aid=lukaskonecny&amp;campaign=loudavymkrokemcz&amp;campaign=kde-bydlet-v-marrakesi&amp;hotelname=Riad%20Bibazia&amp;address=Marr%C3%A1ke%C5%A1%2C%20Maroko\" target=\"_blank\" rel=\"noopener nofollow sponsored\">Riad Bibazia<\/a><\/strong><\/li>\n\n\n\n<li>  Ide\u00e1lis az aut\u00f3val \u00e9rkez\u0151knek az \u0151r\u00fclt forgalmon k\u00edv\u00fcl: <strong><a href=\"https:\/\/www.stay22.com\/allez\/roam?aid=lukaskonecny&amp;campaign=loudavymkrokemcz&amp;campaign=kde-bydlet-v-marrakesi&amp;hotelname=H%C3%B4tel%20Toulousain&amp;address=Marr%C3%A1ke%C5%A1%2C%20Maroko\" target=\"_blank\" rel=\"noopener nofollow sponsored\">H\u00f4tel Toulousain<\/a><\/strong><\/li>\n\n\n\n<li>  Ig\u00e9nytelen h\u00e1tizs\u00e1kosoknak \u00e9s sz\u00f3l\u00f3utaz\u00f3knak: <strong>Riad Sijane<\/strong><\/li>\n<\/ul>\n\n\n\n<h2 class=\"wp-block-heading\"><span class=\"ez-toc-section\" id=\"Melyik_kornyeket_valaszd\"><\/span>Melyik k\u00f6rny\u00e9ket v\u00e1laszd<span class=\"ez-toc-section-end\"><\/span><\/h2>\n\n\n\n<p class=\"wp-block-paragraph\">Marrakesh t\u00f6bb, egym\u00e1st\u00f3l nagyon elt\u00e9r\u0151 r\u00e9szre oszlik, \u00e9s <strong>mindegyik teljesen m\u00e1s \u00e9lm\u00e9nyt k\u00edn\u00e1l<\/strong>. M\u00edg a r\u00e9gi v\u00e1rosfalakon bel\u00fcl t\u00f6bb \u00e9vsz\u00e1zadot utazol vissza az id\u0151ben, kicsit od\u00e9bb modern k\u00e1v\u00e9z\u00f3kat \u00e9s sz\u00e9les sug\u00e1rutakat tal\u00e1lsz. A negyed kiv\u00e1laszt\u00e1sa az eg\u00e9sz nyaral\u00e1sodat befoly\u00e1solja, \u00fagyhogy \u00e9rdemes alaposan \u00e1tgondolni.<\/p>\n\n\n\n<p class=\"wp-block-paragraph\">A <strong>medina (\u00f3v\u00e1ros)<\/strong> a legklasszikusabb v\u00e1laszt\u00e1s az els\u0151 l\u00e1togat\u00e1shoz, mert \u00e9ppen itt tal\u00e1lod a h\u00edres Jemaa el-Fnaa teret, a Koutoubia mecsetet \u00e9s a v\u00e9gtelen sz\u00fakokat, tele sz\u00ednes port\u00e9k\u00e1kkal. Az \u00e9let itt ink\u00e1bb a tet\u0151teraszokon zajlik \u00e9des mentate\u00e1n\u00e1l, mint a zajos b\u00e1rokban, aminek hihetetlen var\u00e1zsa van. Nyomat\u00e9kosan figyelmeztetnem kell viszont, hogy <strong>a medina \u00e9jszaka vesz\u00e9lyes a turist\u00e1knak<\/strong>. S\u00f6t\u00e9ted\u00e9s ut\u00e1n \u00e9rdemes a f\u0151 \u00fatvonalakon maradni, \u00e9s n\u0151knek \u00e9jszaka semmik\u00e9pp sem szabadna egyed\u00fcl j\u00e1rniuk.<\/p>\n\n\n\n<p class=\"wp-block-paragraph\">A <strong>Gu\u00e9liz (\u00fajv\u00e1ros)<\/strong> a francia gyarmati korszakban \u00e9p\u00fclt, \u00e9s els\u0151 r\u00e1n\u00e9z\u00e9sre ink\u00e1bb d\u00e9li Eur\u00f3p\u00e1nak hat. Sz\u00e9les fasorokat, modern \u00fczleteket \u00e9s nyugati sz\u00ednvonal\u00fa luxus\u00e9ttermeket tal\u00e1lsz itt. Nagyszer\u0171 v\u00e1laszt\u00e1s <strong>azoknak, akik nem akarnak kil\u00e9pni a komfortz\u00f3n\u00e1jukb\u00f3l<\/strong>, vagy egyszer\u0171en f\u00e9lnek elt\u00e9vedni a sz\u00f6vev\u00e9nyes \u00f3v\u00e1rosban. H\u00e1tr\u00e1nya viszont, hogy ez a negyed a medin\u00e1hoz k\u00e9pest kicsit n\u00e9lk\u00fcl\u00f6zi az igazi keleti lelket, \u00e9s nem \u00e9led \u00e1t azt a jellegzetes marokk\u00f3i k\u00e1oszt.<\/p>\n\n\n\n<p class=\"wp-block-paragraph\">A <strong>Hivernage<\/strong> a luxusresortok \u00e9s az eleg\u00e1ns \u00e9jszakai \u00e9let abszol\u00fat szinonim\u00e1ja. Nappal teljes a nyugalom a medence mellett, este viszont <strong>az eg\u00e9sz negyed \u00e9letre kel a h\u00edres helyek zen\u00e9j\u00e9t\u0151l \u00e9s f\u00e9nyeit\u0151l<\/strong>. Ide\u00e1lis kompromisszum, mert m\u00e9g mindig nagyon k\u00f6zel vagy az \u00f3v\u00e1roshoz, ugyanakkor \u00e9lvezheted minden elk\u00e9pzelhet\u0151 k\u00e9nyelmet.<\/p>\n\n\n\n<p class=\"wp-block-paragraph\">A <strong>Palmeraie<\/strong> kicsit a v\u00e1roson k\u00edv\u00fcl fekszik, \u00e9s egy hatalmas o\u00e1zisk\u00e9nt m\u0171k\u00f6dik, tele feln\u0151tt p\u00e1lm\u00e1kkal. Itt tal\u00e1lhat\u00f3k a legluxusabb palotaresortok, mik\u00f6zben <strong>az \u00e1rak jelent\u0151sen meghaladj\u00e1k egy sz\u00e9p k\u00f6zponti riad szintj\u00e9t<\/strong>. Ha teljes mag\u00e1nyra, golfp\u00e1ly\u00e1kra v\u00e1gysz, \u00e9s nem zavar, hogy taxival kell a k\u00f6zpontba bej\u00e1rni, itt teljesen el leszel ragadtatva.<\/p>\n\n\n\n<h2 class=\"wp-block-heading\"><span class=\"ez-toc-section\" id=\"Mikor_menj_es_mikor_foglalj\"><\/span>Mikor menj \u00e9s mikor foglalj<span class=\"ez-toc-section-end\"><\/span><\/h2>\n\n\n\n<p class=\"wp-block-paragraph\">Marrakesh k\u00e9ts\u00e9gtelen\u00fcl eg\u00e9sz \u00e9vben l\u00e1togathat\u00f3 \u00fati c\u00e9l, de <strong>a tavasz \u00e9s az \u0151sz jelenti a turistaszezon abszol\u00fat cs\u00facs\u00e1t<\/strong>. M\u00e1rciusban, \u00e1prilisban, okt\u00f3berben \u00e9s novemberben a legkellemesebb, 25 fok k\u00f6r\u00fcli h\u0151m\u00e9rs\u00e9klet uralkodik, \u00fagyhogy remek\u00fcl s\u00e9t\u00e1lhatsz a l\u00e1tnival\u00f3k k\u00f6z\u00f6tt, \u00e9s nem izzadod le magad \u00f6t perc gyalogl\u00e1s ut\u00e1n. Ezekben a h\u00f3napokban viszont legal\u00e1bb h\u00e1rom h\u00f3nappal el\u0151re le kell foglalnod a sz\u00e1ll\u00e1st, mert a legjobb \u00e9s legfotog\u00e9nebb riadok hihetetlen gyorsan elfogynak.<\/p>\n\n\n\n<p class=\"wp-block-paragraph\">Luk\u00e1\u0161 \u00e9s \u00e9n decemberben v\u00e1gtunk neki Marokk\u00f3nak, \u00e9s <strong>el\u00e9g nagy h\u0151m\u00e9rs\u00e9klet-ingadoz\u00e1sra kell sz\u00e1m\u00edtanod<\/strong>. Nappal gy\u00f6ny\u00f6r\u0171 18 fok volt, ami a kir\u00e1ndul\u00e1sokhoz teljesen ide\u00e1lis, \u00e9jszaka viszont a h\u0151m\u00e9rs\u00e9klet ak\u00e1r 5 fokig is leesett. Ha t\u00e9len m\u00e9sz, mint mi, mindenk\u00e9pp ellen\u0151rizd el\u0151re, hogy a riadod szob\u00e1j\u00e1ban van-e m\u0171k\u00f6d\u0151 f\u0171t\u00e9s vagy f\u0171t\u00e9sre is alkalmas kl\u00edma. A r\u00e9gi marokk\u00f3i h\u00e1zak ugyanis \u00fagy m\u0171k\u00f6dnek, mint egy h\u0171t\u0151szekr\u00e9ny.<\/p>\n\n\n\n<p class=\"wp-block-paragraph\">Ami a 2026-os t\u00e1j\u00e9koztat\u00f3 jelleg\u0171 k\u00f6lts\u00e9gvet\u00e9st illeti, <strong>az \u00e1rk\u00fcl\u00f6nbs\u00e9gek itt \u00f3ri\u00e1siak<\/strong>, \u00e9s t\u00e9nyleg mindenki tal\u00e1l mag\u00e1nak val\u00f3t. Egy egyszer\u0171 medinai hostelben egy \u00e1gy\u00e9rt \u00e9jszak\u00e1nk\u00e9nt nagyj\u00e1b\u00f3l 12\u201318 eur\u00f3t adsz. Egy kicsi, egyszer\u0171 riad 40\u201370 eur\u00f3ba ker\u00fcl, \u00e9s sz\u00e9p priv\u00e1t szob\u00e1t kapsz. Egy igaz\u00e1n sz\u00e9p, medenc\u00e9s riad\u00e9rt 50\u2013120 eur\u00f3t fizetsz, m\u00edg a pr\u00e9mium k\u00f6z\u00e9pkateg\u00f3ria 80 \u00e9s 220 eur\u00f3 k\u00f6z\u00f6tt mozog. A legluxusabb, Atlasz-hegys\u00e9gre n\u00e9z\u0151 riadok pedig 300 eur\u00f3t\u00f3l indulnak, \u00e9s ak\u00e1r 700 eur\u00f3ig is felk\u00fasznak \u00e9jszak\u00e1nk\u00e9nt.<\/p>\n\n\n\n<p class=\"wp-block-paragraph\">A nyolcnapos marokk\u00f3i roadtrip\u00fcnk kett\u0151nknek <strong>\u00f6sszesen 351 400 Ft-ba (23 260 K\u010d) ker\u00fclt<\/strong>, de igaz, hogy ink\u00e1bb az <strong>olcs\u00f3bb sz\u00e1ll\u00e1sv\u00e1ltozatokhoz<\/strong> tartottuk magunkat.<\/p>\n\n\n\n<figure class=\"wp-block-table is-style-stripes\"><table><thead><tr><th>Sz\u00e1ll\u00e1s<\/th><th>Negyed<\/th><th>Kateg\u00f3ria<\/th><th>\u00c1r\/\u00e9j<\/th><th>Mi\u00e9rt k\u00fcl\u00f6nleges<\/th><\/tr><\/thead><tbody><tr><td><a href=\"https:\/\/www.stay22.com\/allez\/roam?aid=lukaskonecny&amp;campaign=loudavymkrokemcz&amp;campaign=kde-bydlet-v-marrakesi&amp;hotelname=El%20Fenn&amp;address=Marr%C3%A1ke%C5%A1%2C%20Maroko\" target=\"_blank\" rel=\"noopener nofollow sponsored\">El Fenn<\/a><\/td><td>medina<\/td><td>Luxus<\/td><td>400\u2013700 \u20ac<\/td><td>\u00d6sszek\u00f6t\u00f6tt riadok, medenc\u00e9k, m\u0171v\u00e9szet, tet\u0151teraszos reggeli az Atlaszra n\u00e9z\u0151 kil\u00e1t\u00e1ssal<\/td><\/tr><tr><td><a href=\"https:\/\/www.stay22.com\/allez\/roam?aid=lukaskonecny&amp;campaign=loudavymkrokemcz&amp;campaign=kde-bydlet-v-marrakesi&amp;hotelname=La%20Sultana%20Marrakech&amp;address=Marr%C3%A1ke%C5%A1%2C%20Maroko\" target=\"_blank\" rel=\"noopener nofollow sponsored\">La Sultana Marrakech<\/a><\/td><td>medina<\/td><td>Luxus<\/td><td>300\u2013600 \u20ac<\/td><td>A Saadi-s\u00edreml\u00e9kek mellett, 28 szoba, spa, tet\u0151terasz-\u00e9tterem<\/td><\/tr><tr><td><a href=\"https:\/\/www.stay22.com\/allez\/roam?aid=lukaskonecny&amp;campaign=loudavymkrokemcz&amp;campaign=kde-bydlet-v-marrakesi&amp;hotelname=Angsana%20Heritage%20Collection&amp;address=Marr%C3%A1ke%C5%A1%2C%20Maroko\" target=\"_blank\" rel=\"noopener nofollow sponsored\">Angsana Heritage Collection<\/a><\/td><td>medina<\/td><td>Luxus<\/td><td>~250 \u20ac-t\u00f3l<\/td><td>Restaur\u00e1lt t\u00f6rt\u00e9nelmi \u00e9p\u00fcletek, cs\u00facsszolg\u00e1ltat\u00e1s \u00e9s spa<\/td><\/tr><tr><td><a href=\"https:\/\/www.stay22.com\/allez\/roam?aid=lukaskonecny&amp;campaign=loudavymkrokemcz&amp;campaign=kde-bydlet-v-marrakesi&amp;hotelname=L%27Hotel%20Marrakech&amp;address=Marr%C3%A1ke%C5%A1%2C%20Maroko\" target=\"_blank\" rel=\"noopener nofollow sponsored\">L&#8217;Hotel Marrakech<\/a><\/td><td>medina<\/td><td>Luxus<\/td><td>~300 \u20ac-t\u00f3l<\/td><td>19. sz\u00e1zadi h\u00e1z, Jasper Conran diz\u00e1jn, 6 lakoszt\u00e1ly a medence k\u00f6r\u00fcl<\/td><\/tr><tr><td><a href=\"https:\/\/www.stay22.com\/allez\/roam?aid=lukaskonecny&amp;campaign=loudavymkrokemcz&amp;campaign=kde-bydlet-v-marrakesi&amp;hotelname=Riad%20BE%20Marrakech&amp;address=Marr%C3%A1ke%C5%A1%2C%20Maroko\" target=\"_blank\" rel=\"noopener nofollow sponsored\">Riad BE Marrakech<\/a><\/td><td>d\u00e9li medina<\/td><td>K\u00f6z\u00e9p<\/td><td>120\u2013220 \u20ac<\/td><td>\u00c9rz\u00e9keny fel\u00faj\u00edt\u00e1s, nyugodt elhelyezked\u00e9s<\/td><\/tr><tr><td><a href=\"https:\/\/www.stay22.com\/allez\/roam?aid=lukaskonecny&amp;campaign=loudavymkrokemcz&amp;campaign=kde-bydlet-v-marrakesi&amp;hotelname=Riad%20Yasmine&amp;address=Marr%C3%A1ke%C5%A1%2C%20Maroko\" target=\"_blank\" rel=\"noopener nofollow sponsored\">Riad Yasmine<\/a><\/td><td>medina<\/td><td>K\u00f6z\u00e9p<\/td><td>80\u2013150 \u20ac<\/td><td>Z\u00f6ld medence narancsf\u00e1val, mind\u00f6ssze 10 szoba<\/td><\/tr><tr><td><a href=\"https:\/\/www.stay22.com\/allez\/roam?aid=lukaskonecny&amp;campaign=loudavymkrokemcz&amp;campaign=kde-bydlet-v-marrakesi&amp;hotelname=Riad%20Shama%20Suites&amp;address=Marr%C3%A1ke%C5%A1%2C%20Maroko\" target=\"_blank\" rel=\"noopener nofollow sponsored\">Riad Shama Suites<\/a><\/td><td>medina<\/td><td>K\u00f6z\u00e9p<\/td><td>80\u2013160 \u20ac<\/td><td>T\u00e1gas szob\u00e1k, nyugalom \u00e9s medence<\/td><\/tr><tr><td><a href=\"https:\/\/www.stay22.com\/allez\/roam?aid=lukaskonecny&amp;campaign=loudavymkrokemcz&amp;campaign=kde-bydlet-v-marrakesi&amp;hotelname=Riad%20Dar%20El%20Bahja%20%26%20Spa&amp;address=Marr%C3%A1ke%C5%A1%2C%20Maroko\" target=\"_blank\" rel=\"noopener nofollow sponsored\">Riad Dar El Bahja &amp; Spa<\/a><\/td><td>medina<\/td><td>K\u00f6z\u00e9p<\/td><td>60\u2013120 \u20ac<\/td><td>A f\u0151 ny\u00fczsg\u00e9s k\u00f6zel\u00e9ben, j\u00f3 \u00e1r-\u00e9rt\u00e9k ar\u00e1ny<\/td><\/tr><tr><td><a href=\"https:\/\/www.stay22.com\/allez\/roam?aid=lukaskonecny&amp;campaign=loudavymkrokemcz&amp;campaign=kde-bydlet-v-marrakesi&amp;hotelname=Riad%20Alia&amp;address=Marr%C3%A1ke%C5%A1%2C%20Maroko\" target=\"_blank\" rel=\"noopener nofollow sponsored\">Riad Alia<\/a><\/td><td>medina<\/td><td>K\u00f6z\u00e9p<\/td><td>60\u2013120 \u20ac<\/td><td>Hagyom\u00e1nyos riad a Jemaa el-Fnaa k\u00f6zel\u00e9ben<\/td><\/tr><tr><td><a href=\"https:\/\/www.stay22.com\/allez\/roam?aid=lukaskonecny&amp;campaign=loudavymkrokemcz&amp;campaign=kde-bydlet-v-marrakesi&amp;hotelname=Maison%20Dar%20Saada&amp;address=Marr%C3%A1ke%C5%A1%2C%20Maroko\" target=\"_blank\" rel=\"noopener nofollow sponsored\">Maison Dar Saada<\/a><\/td><td>medina<\/td><td>Olcs\u00f3<\/td><td>40\u201370 \u20ac<\/td><td>Autentikus \u00e9s otthonos, a ny\u00fczsg\u00e9s kell\u0151s k\u00f6zep\u00e9n<\/td><\/tr><tr><td><a href=\"https:\/\/www.stay22.com\/allez\/roam?aid=lukaskonecny&amp;campaign=loudavymkrokemcz&amp;campaign=kde-bydlet-v-marrakesi&amp;hotelname=Riad%20Bibazia&amp;address=Marr%C3%A1ke%C5%A1%2C%20Maroko\" target=\"_blank\" rel=\"noopener nofollow sponsored\">Riad Bibazia<\/a><\/td><td>medina<\/td><td>Olcs\u00f3<\/td><td>40\u201370 \u20ac<\/td><td>Biztons\u00e1gos sik\u00e1tor, seg\u00edt\u0151k\u00e9sz szem\u00e9lyzet<\/td><\/tr><tr><td><a href=\"https:\/\/www.stay22.com\/allez\/roam?aid=lukaskonecny&amp;campaign=loudavymkrokemcz&amp;campaign=kde-bydlet-v-marrakesi&amp;hotelname=Riad%20Dada%20Massouda%20Spa&amp;address=Marr%C3%A1ke%C5%A1%2C%20Maroko\" target=\"_blank\" rel=\"noopener nofollow sponsored\">Riad Dada Massouda Spa<\/a><\/td><td>medina<\/td><td>Olcs\u00f3<\/td><td>40\u201380 \u20ac<\/td><td>\u00c1tlag feletti min\u0151s\u00e9g \u00e9rtelmes p\u00e9nz\u00e9rt<\/td><\/tr><tr><td><a href=\"https:\/\/www.stay22.com\/allez\/roam?aid=lukaskonecny&amp;campaign=loudavymkrokemcz&amp;campaign=kde-bydlet-v-marrakesi&amp;hotelname=H%C3%B4tel%20Toulousain&amp;address=Marr%C3%A1ke%C5%A1%2C%20Maroko\" target=\"_blank\" rel=\"noopener nofollow sponsored\">H\u00f4tel Toulousain<\/a><\/td><td>Gu\u00e9liz<\/td><td>Olcs\u00f3<\/td><td>40\u201370 \u20ac<\/td><td>Nyugodt v\u00e1laszt\u00e1s az \u00fajv\u00e1rosban, j\u00f3 az aut\u00f3s utakhoz<\/td><\/tr><tr><td><a href=\"https:\/\/www.stay22.com\/allez\/roam?aid=lukaskonecny&amp;campaign=loudavymkrokemcz&amp;campaign=kde-bydlet-v-marrakesi&amp;hotelname=Riad%20Sijane&amp;address=Marr%C3%A1ke%C5%A1%2C%20Maroko\" target=\"_blank\" rel=\"noopener nofollow sponsored\">Riad Sijane<\/a><\/td><td>medina<\/td><td>Legolcs\u00f3bb<\/td><td>~18 \u20ac-t\u00f3l<\/td><td>Hostel-v\u00e1ltozat, saj\u00e1t t\u00f6r\u00f6lk\u00f6z\u0151 sz\u00fcks\u00e9ges<\/td><\/tr><\/tbody><\/table><figcaption class=\"wp-element-caption\">Marrakeshi sz\u00e1ll\u00e1sok \u00e1ttekint\u00e9se. Az \u00e1rak t\u00e1j\u00e9koztat\u00f3 jelleg\u0171ek, \u00e9s szezont\u00f3l f\u00fcgg\u0151en v\u00e1ltoznak.<\/figcaption><\/figure>\n\n\n\n<h2 class=\"wp-block-heading\"><span class=\"ez-toc-section\" id=\"Marokko_Marrakesh_14_legjobb_szallodaja_es_riadja\"><\/span>Marokk\u00f3 Marrakesh 14 legjobb sz\u00e1llod\u00e1ja \u00e9s riadja<span class=\"ez-toc-section-end\"><\/span><\/h2>\n\n\n\n<p class=\"wp-block-paragraph\">N\u00e9zz\u00fck meg a <strong>konkr\u00e9t tippeket, hol hajtsd le a fejed<\/strong>. Alaposan felt\u00e9rk\u00e9pezt\u00fck neked a piacot, \u00e9s kiv\u00e1lasztottuk a leg\u00e9rdekesebb lehet\u0151s\u00e9geket <strong>minden elk\u00e9pzelhet\u0151 k\u00f6lts\u00e9gvet\u00e9shez<\/strong>.<\/p>\n\n\n\n<figure data-wp-context=\"{&quot;imageId&quot;:&quot;6a95408e989e8&quot;}\" data-wp-interactive=\"core\/image\" data-wp-key=\"6a95408e989e8\" class=\"wp-block-image size-full wp-lightbox-container\"><img decoding=\"async\" width=\"1600\" height=\"1067\" data-wp-class--hide=\"state.isContentHidden\" data-wp-class--show=\"state.isContentVisible\" data-wp-init=\"callbacks.setButtonStyles\" data-wp-on--click=\"actions.showLightbox\" data-wp-on--load=\"callbacks.setButtonStyles\" data-wp-on--pointerdown=\"actions.preloadImage\" data-wp-on--pointerenter=\"actions.preloadImageWithDelay\" data-wp-on--pointerleave=\"actions.cancelPreload\" data-wp-on-window--resize=\"callbacks.setButtonStyles\" src=\"https:\/\/loudavymkrokem.cz\/wp-content\/uploads\/2026\/08\/el-fenn.jpg\" alt=\"El Fenn sz\u00e1lloda\" class=\"wp-image-395740\" title=\"\" srcset=\"https:\/\/loudavymkrokem.cz\/wp-content\/uploads\/2026\/08\/el-fenn.jpg 1600w, https:\/\/loudavymkrokem.cz\/wp-content\/uploads\/2026\/08\/el-fenn-300x200.jpg 300w, https:\/\/loudavymkrokem.cz\/wp-content\/uploads\/2026\/08\/el-fenn-700x467.jpg 700w, https:\/\/loudavymkrokem.cz\/wp-content\/uploads\/2026\/08\/el-fenn-768x512.jpg 768w, https:\/\/loudavymkrokem.cz\/wp-content\/uploads\/2026\/08\/el-fenn-1536x1024.jpg 1536w, https:\/\/loudavymkrokem.cz\/wp-content\/uploads\/2026\/08\/el-fenn-696x464.jpg 696w, https:\/\/loudavymkrokem.cz\/wp-content\/uploads\/2026\/08\/el-fenn-1392x928.jpg 1392w\" sizes=\"(max-width: 1600px) 100vw, 1600px\" \/><button\n\t\t\tclass=\"lightbox-trigger\"\n\t\t\ttype=\"button\"\n\t\t\taria-haspopup=\"dialog\"\n\t\t\tdata-wp-bind--aria-label=\"state.thisImage.triggerButtonAriaLabel\"\n\t\t\tdata-wp-init=\"callbacks.initTriggerButton\"\n\t\t\tdata-wp-on--click=\"actions.showLightbox\"\n\t\t\tdata-wp-style--right=\"state.thisImage.buttonRight\"\n\t\t\tdata-wp-style--top=\"state.thisImage.buttonTop\"\n\t\t>\n\t\t\t<svg xmlns=\"http:\/\/www.w3.org\/2000\/svg\" width=\"12\" height=\"12\" fill=\"none\" viewBox=\"0 0 12 12\">\n\t\t\t\t<path fill=\"#fff\" d=\"M2 0a2 2 0 0 0-2 2v2h1.5V2a.5.5 0 0 1 .5-.5h2V0H2Zm2 10.5H2a.5.5 0 0 1-.5-.5V8H0v2a2 2 0 0 0 2 2h2v-1.5ZM8 12v-1.5h2a.5.5 0 0 0 .5-.5V8H12v2a2 2 0 0 1-2 2H8Zm2-12a2 2 0 0 1 2 2v2h-1.5V2a.5.5 0 0 0-.5-.5H8V0h2Z\" \/>\n\t\t\t<\/svg>\n\t\t<\/button><figcaption class=\"wp-element-caption\">Fot\u00f3: El Fenn Hotel, Restaurant and Rooftop Bar \/ Google Maps<\/figcaption><\/figure>\n\n\n\n<h3 class=\"wp-block-heading\"><span class=\"ez-toc-section\" id=\"1_El_Fenn\"><\/span>1. El Fenn<span class=\"ez-toc-section-end\"><\/span><\/h3>\n\n\n\n<p class=\"wp-block-paragraph\">Ez a butik riad az abszol\u00fat cs\u00facshoz tartozik abb\u00f3l, amit Marrakeshben \u00e1t\u00e9lhetsz, \u00e9s ha korl\u00e1tlan a k\u00f6lts\u00e9gvet\u00e9sed, biztosan nem fog csal\u00f3d\u00e1st okozni. <strong>T\u00f6bb \u00f6sszek\u00f6t\u00f6tt t\u00f6rt\u00e9nelmi h\u00e1z komplexuma ez<\/strong>, amelyek egy\u00fctt egy hatalmas labirintust alkotnak, tele leny\u0171g\u00f6z\u0151 m\u0171v\u00e9szettel \u00e9s gy\u00f6ny\u00f6r\u0171, tel\u00edtett sz\u00ednekkel. Nem hi\u00e1nyzik innen t\u00f6bb medence sem, amelyek egzotikus n\u00f6v\u00e9nyek \u00e1rny\u00e9k\u00e1ban b\u00fajnak meg, ahol a vend\u00e9gek teljes nyugalmat \u00e9lveznek t\u00e1vol a zajos piacokt\u00f3l. Minden szoba abszol\u00fat egyedi, \u00e9s odabent \u00fagy \u00e9rzed magad, mint egy luxusgal\u00e9ri\u00e1ban.<\/p>\n\n\n\n<p class=\"wp-block-paragraph\">A vend\u00e9gek a v\u00e9lem\u00e9nyekben legink\u00e1bb a csod\u00e1latos tet\u0151teraszokat dics\u00e9rik, ahol fantasztikus, b\u0151s\u00e9ges reggeliket szolg\u00e1lnak fel. <strong>A teraszr\u00f3l az Atlasz-hegys\u00e9g h\u00f3f\u00f6dte cs\u00facsaira ny\u00edl\u00f3 kil\u00e1t\u00e1s<\/strong> \u00e1ll\u00edt\u00f3lag l\u00e9legzetel\u00e1ll\u00edt\u00f3, estefel\u00e9 pedig t\u00f6k\u00e9letes romantik\u00e1ba v\u00e1lt \u00e1t. \u00c1raiban a legmagasabb luxuskateg\u00f3ri\u00e1ban mozogsz, \u00fagyhogy sz\u00e1molj nagyj\u00e1b\u00f3l 400\u2013700 eur\u00f3val \u00e9jszak\u00e1nk\u00e9nt, \u00e9s gyakran h\u00f3napokkal el\u0151re telt h\u00e1zas.<\/p>\n\n\n\n<p class=\"wp-block-paragraph\">\ud83d\udca1 Tipp: Ha nem itt sz\u00e1llsz meg, legal\u00e1bb pr\u00f3b\u00e1lj <strong>foglalni a tet\u0151teraszos b\u00e1rba<\/strong>, ahol <strong>remek kokt\u00e9lokat<\/strong> szolg\u00e1lnak fel naplementekor.<\/p>\n\n\n\n<figure data-wp-context=\"{&quot;imageId&quot;:&quot;6a95408e98dee&quot;}\" data-wp-interactive=\"core\/image\" data-wp-key=\"6a95408e98dee\" class=\"wp-block-image size-full wp-lightbox-container\"><img decoding=\"async\" width=\"1600\" height=\"1068\" data-wp-class--hide=\"state.isContentHidden\" data-wp-class--show=\"state.isContentVisible\" data-wp-init=\"callbacks.setButtonStyles\" data-wp-on--click=\"actions.showLightbox\" data-wp-on--load=\"callbacks.setButtonStyles\" data-wp-on--pointerdown=\"actions.preloadImage\" data-wp-on--pointerenter=\"actions.preloadImageWithDelay\" data-wp-on--pointerleave=\"actions.cancelPreload\" data-wp-on-window--resize=\"callbacks.setButtonStyles\" src=\"https:\/\/loudavymkrokem.cz\/wp-content\/uploads\/2026\/08\/la-sultana-marrakech.jpg\" alt=\"La Sultana Marrakech sz\u00e1lloda\" class=\"wp-image-395741\" title=\"\" srcset=\"https:\/\/loudavymkrokem.cz\/wp-content\/uploads\/2026\/08\/la-sultana-marrakech.jpg 1600w, https:\/\/loudavymkrokem.cz\/wp-content\/uploads\/2026\/08\/la-sultana-marrakech-300x200.jpg 300w, https:\/\/loudavymkrokem.cz\/wp-content\/uploads\/2026\/08\/la-sultana-marrakech-700x467.jpg 700w, https:\/\/loudavymkrokem.cz\/wp-content\/uploads\/2026\/08\/la-sultana-marrakech-768x513.jpg 768w, https:\/\/loudavymkrokem.cz\/wp-content\/uploads\/2026\/08\/la-sultana-marrakech-1536x1025.jpg 1536w, https:\/\/loudavymkrokem.cz\/wp-content\/uploads\/2026\/08\/la-sultana-marrakech-696x465.jpg 696w, https:\/\/loudavymkrokem.cz\/wp-content\/uploads\/2026\/08\/la-sultana-marrakech-1392x929.jpg 1392w\" sizes=\"(max-width: 1600px) 100vw, 1600px\" \/><button\n\t\t\tclass=\"lightbox-trigger\"\n\t\t\ttype=\"button\"\n\t\t\taria-haspopup=\"dialog\"\n\t\t\tdata-wp-bind--aria-label=\"state.thisImage.triggerButtonAriaLabel\"\n\t\t\tdata-wp-init=\"callbacks.initTriggerButton\"\n\t\t\tdata-wp-on--click=\"actions.showLightbox\"\n\t\t\tdata-wp-style--right=\"state.thisImage.buttonRight\"\n\t\t\tdata-wp-style--top=\"state.thisImage.buttonTop\"\n\t\t>\n\t\t\t<svg xmlns=\"http:\/\/www.w3.org\/2000\/svg\" width=\"12\" height=\"12\" fill=\"none\" viewBox=\"0 0 12 12\">\n\t\t\t\t<path fill=\"#fff\" d=\"M2 0a2 2 0 0 0-2 2v2h1.5V2a.5.5 0 0 1 .5-.5h2V0H2Zm2 10.5H2a.5.5 0 0 1-.5-.5V8H0v2a2 2 0 0 0 2 2h2v-1.5ZM8 12v-1.5h2a.5.5 0 0 0 .5-.5V8H12v2a2 2 0 0 1-2 2H8Zm2-12a2 2 0 0 1 2 2v2h-1.5V2a.5.5 0 0 0-.5-.5H8V0h2Z\" \/>\n\t\t\t<\/svg>\n\t\t<\/button><figcaption class=\"wp-element-caption\">Fot\u00f3: La Sultana Marrakech \/ Google Maps<\/figcaption><\/figure>\n\n\n\n<h3 class=\"wp-block-heading\"><span class=\"ez-toc-section\" id=\"2_La_Sultana_Marrakech\"><\/span>2. La Sultana Marrakech<span class=\"ez-toc-section-end\"><\/span><\/h3>\n\n\n\n<p class=\"wp-block-paragraph\">R\u00f6gt\u00f6n a h\u00edres Saadi-s\u00edreml\u00e9kek mellett rejt\u0151zik ez a hihetetlen\u00fcl luxus palota 28 egyedien berendezett szob\u00e1val. <strong>A La Sultana leny\u0171g\u00f6z\u0151, faragott f\u00e1val teli \u00e9p\u00edt\u00e9szetet k\u00edn\u00e1l<\/strong> \u00e9s r\u00e9szletgazdag, tarka mozaikokat, amelyek azonnal az Ezeregy\u00e9jszaka mes\u00e9ibe rep\u00edtenek. Az eg\u00e9sz komplexumot \u00fagy tervezt\u00e9k, hogy maxim\u00e1lis mag\u00e1nyt biztos\u00edtson, ami nagyon keresett helly\u00e9 teszi a nyugodt nyaral\u00e1shoz. A szob\u00e1k hatalmasak \u00e9s tele vannak helyi m\u0171helyekb\u0151l sz\u00e1rmaz\u00f3 antik b\u00fatorokkal.<\/p>\n\n\n\n<p class=\"wp-block-paragraph\">A palot\u00e1n bel\u00fcl els\u0151rang\u00fa spa-k\u00f6zpontot tal\u00e1lsz, ahol a legmagasabb szinten k\u00e9nyeztetheted magad hagyom\u00e1nyos marokk\u00f3i hammammal. <strong>A tet\u0151terasz-\u00e9tterem gy\u00f6ny\u00f6r\u0171 panor\u00e1m\u00e1s kil\u00e1t\u00e1st k\u00edn\u00e1l az eg\u00e9sz v\u00e1rosra<\/strong>, amit f\u0151leg a csillagok alatti romantikus vacsor\u00e1kn\u00e1l \u00e9rt\u00e9kelsz. Az \u00e1rszint ez\u00e9rt az \u00f6tcsillagos \u00e9lm\u00e9ny\u00e9rt 300 \u00e9s 600 eur\u00f3 k\u00f6z\u00f6tt mozog \u00e9jszak\u00e1nk\u00e9nt.<\/p>\n\n\n\n<p class=\"wp-block-paragraph\">\ud83d\udca1 Tipp: Ez a sz\u00e1lloda \u00e1ll\u00edt\u00f3lag <strong>ide\u00e1lis n\u00e1szutas p\u00e1roknak<\/strong>, mert a szem\u00e9lyzet hihetetlen\u00fcl <strong>romantikus meglepet\u00e9seket tud szervezni r\u00f3zsaszirmokkal<\/strong> egyenesen a szob\u00e1ban.<\/p>\n\n\n\n<figure data-wp-context=\"{&quot;imageId&quot;:&quot;6a95408e991db&quot;}\" data-wp-interactive=\"core\/image\" data-wp-key=\"6a95408e991db\" class=\"wp-block-image size-full wp-lightbox-container\"><img decoding=\"async\" width=\"1600\" height=\"1067\" data-wp-class--hide=\"state.isContentHidden\" data-wp-class--show=\"state.isContentVisible\" data-wp-init=\"callbacks.setButtonStyles\" data-wp-on--click=\"actions.showLightbox\" data-wp-on--load=\"callbacks.setButtonStyles\" data-wp-on--pointerdown=\"actions.preloadImage\" data-wp-on--pointerenter=\"actions.preloadImageWithDelay\" data-wp-on--pointerleave=\"actions.cancelPreload\" data-wp-on-window--resize=\"callbacks.setButtonStyles\" src=\"https:\/\/loudavymkrokem.cz\/wp-content\/uploads\/2026\/08\/angsana-heritage-collection.jpg\" alt=\"Angsana Heritage Collection sz\u00e1lloda\" class=\"wp-image-395745\" title=\"\" srcset=\"https:\/\/loudavymkrokem.cz\/wp-content\/uploads\/2026\/08\/angsana-heritage-collection.jpg 1600w, https:\/\/loudavymkrokem.cz\/wp-content\/uploads\/2026\/08\/angsana-heritage-collection-300x200.jpg 300w, https:\/\/loudavymkrokem.cz\/wp-content\/uploads\/2026\/08\/angsana-heritage-collection-700x467.jpg 700w, https:\/\/loudavymkrokem.cz\/wp-content\/uploads\/2026\/08\/angsana-heritage-collection-768x512.jpg 768w, https:\/\/loudavymkrokem.cz\/wp-content\/uploads\/2026\/08\/angsana-heritage-collection-1536x1024.jpg 1536w, https:\/\/loudavymkrokem.cz\/wp-content\/uploads\/2026\/08\/angsana-heritage-collection-696x464.jpg 696w, https:\/\/loudavymkrokem.cz\/wp-content\/uploads\/2026\/08\/angsana-heritage-collection-1392x928.jpg 1392w\" sizes=\"(max-width: 1600px) 100vw, 1600px\" \/><button\n\t\t\tclass=\"lightbox-trigger\"\n\t\t\ttype=\"button\"\n\t\t\taria-haspopup=\"dialog\"\n\t\t\tdata-wp-bind--aria-label=\"state.thisImage.triggerButtonAriaLabel\"\n\t\t\tdata-wp-init=\"callbacks.initTriggerButton\"\n\t\t\tdata-wp-on--click=\"actions.showLightbox\"\n\t\t\tdata-wp-style--right=\"state.thisImage.buttonRight\"\n\t\t\tdata-wp-style--top=\"state.thisImage.buttonTop\"\n\t\t>\n\t\t\t<svg xmlns=\"http:\/\/www.w3.org\/2000\/svg\" width=\"12\" height=\"12\" fill=\"none\" viewBox=\"0 0 12 12\">\n\t\t\t\t<path fill=\"#fff\" d=\"M2 0a2 2 0 0 0-2 2v2h1.5V2a.5.5 0 0 1 .5-.5h2V0H2Zm2 10.5H2a.5.5 0 0 1-.5-.5V8H0v2a2 2 0 0 0 2 2h2v-1.5ZM8 12v-1.5h2a.5.5 0 0 0 .5-.5V8H12v2a2 2 0 0 1-2 2H8Zm2-12a2 2 0 0 1 2 2v2h-1.5V2a.5.5 0 0 0-.5-.5H8V0h2Z\" \/>\n\t\t\t<\/svg>\n\t\t<\/button><figcaption class=\"wp-element-caption\">Fot\u00f3: Angsana Riads Collection Morocco \/ Google Maps<\/figcaption><\/figure>\n\n\n\n<h3 class=\"wp-block-heading\"><span class=\"ez-toc-section\" id=\"3_Angsana_Heritage_Collection\"><\/span>3. Angsana Heritage Collection<span class=\"ez-toc-section-end\"><\/span><\/h3>\n\n\n\n<p class=\"wp-block-paragraph\">Ha szereted a m\u00e9ly t\u00f6rt\u00e9nelmet a cs\u00facssz\u00ednvonal\u00fa \u00e1zsiai szolg\u00e1ltat\u00e1ssal p\u00e1ros\u00edtva, a Banyan Tree h\u00e1l\u00f3zat restaur\u00e1lt t\u00f6rt\u00e9nelmi \u00e9p\u00fcleteinek gy\u0171jtem\u00e9nye teljesen el fog var\u00e1zsolni. <strong>A gy\u0171jtem\u00e9ny minden h\u00e1z\u00e1nak megvan a maga egyedi t\u00f6rt\u00e9nete<\/strong>, \u00e9s helyi k\u00e9zm\u0171vesek nagyon \u00e9rz\u00e9kenyen \u00faj\u00edtott\u00e1k fel, hogy meg\u0151rizze autentikus lelk\u00e9t. Az \u00e9p\u00fcletek sz\u00e9t vannak sz\u00f3rva a medin\u00e1ban, \u00fagyhogy pont abban az \u00f3v\u00e1rosi r\u00e9szben lakhatsz, amelyik neked a legjobban megfelel.<\/p>\n\n\n\n<p class=\"wp-block-paragraph\">A szob\u00e1k s\u00f6t\u00e9tebb \u00e9s nagyon eleg\u00e1ns hagyom\u00e1nyos st\u00edlusban vannak berendezve, neh\u00e9z f\u00fcgg\u00f6ny\u00f6kkel \u00e9s kov\u00e1csoltvas l\u00e1mp\u00e1kkal. <strong>A vend\u00e9gek f\u0151leg a hihetetlen nyugalmat \u00e9rt\u00e9kelik<\/strong>, ami itt uralkodik annak ellen\u00e9re, hogy csak egy karny\u00fajt\u00e1snyira vagy a ny\u00fczsg\u0151 piacokt\u00f3l \u00e9s a dud\u00e1l\u00f3 robog\u00f3kt\u00f3l. Egy \u00e9jszak\u00e1\u00e9rt ebben a nyugodt luxusban 300 eur\u00f3t\u00f3l felfel\u00e9 fizetsz, \u00e9s az \u00e1rban teljesen kifog\u00e1stalan szem\u00e9lyes hozz\u00e1\u00e1ll\u00e1s j\u00e1r.<\/p>\n\n\n\n<p class=\"wp-block-paragraph\">\ud83d\udca1 Tipp: Mindenk\u00e9pp <strong>pr\u00f3b\u00e1ld ki a h\u00edres massz\u00e1zsaikat<\/strong>, mert a terapeut\u00e1k egyenesen a thaif\u00f6ldi Banyan Tree akad\u00e9mi\u00e1kon tanultak, \u00e9s a <strong>marokk\u00f3i hagyom\u00e1nyokat \u00f6tv\u00f6zik az \u00e1zsiai technik\u00e1kkal<\/strong>.<\/p>\n\n\n\n<figure data-wp-context=\"{&quot;imageId&quot;:&quot;6a95408e995aa&quot;}\" data-wp-interactive=\"core\/image\" data-wp-key=\"6a95408e995aa\" class=\"wp-block-image size-full wp-lightbox-container\"><img decoding=\"async\" width=\"1600\" height=\"1200\" data-wp-class--hide=\"state.isContentHidden\" data-wp-class--show=\"state.isContentVisible\" data-wp-init=\"callbacks.setButtonStyles\" data-wp-on--click=\"actions.showLightbox\" data-wp-on--load=\"callbacks.setButtonStyles\" data-wp-on--pointerdown=\"actions.preloadImage\" data-wp-on--pointerenter=\"actions.preloadImageWithDelay\" data-wp-on--pointerleave=\"actions.cancelPreload\" data-wp-on-window--resize=\"callbacks.setButtonStyles\" src=\"https:\/\/loudavymkrokem.cz\/wp-content\/uploads\/2026\/08\/l-hotel.jpg\" alt=\"L&#039;Hotel sz\u00e1lloda\" class=\"wp-image-395747\" title=\"\" srcset=\"https:\/\/loudavymkrokem.cz\/wp-content\/uploads\/2026\/08\/l-hotel.jpg 1600w, https:\/\/loudavymkrokem.cz\/wp-content\/uploads\/2026\/08\/l-hotel-300x225.jpg 300w, https:\/\/loudavymkrokem.cz\/wp-content\/uploads\/2026\/08\/l-hotel-700x525.jpg 700w, https:\/\/loudavymkrokem.cz\/wp-content\/uploads\/2026\/08\/l-hotel-768x576.jpg 768w, https:\/\/loudavymkrokem.cz\/wp-content\/uploads\/2026\/08\/l-hotel-1536x1152.jpg 1536w, https:\/\/loudavymkrokem.cz\/wp-content\/uploads\/2026\/08\/l-hotel-80x60.jpg 80w, https:\/\/loudavymkrokem.cz\/wp-content\/uploads\/2026\/08\/l-hotel-160x120.jpg 160w, https:\/\/loudavymkrokem.cz\/wp-content\/uploads\/2026\/08\/l-hotel-696x522.jpg 696w, https:\/\/loudavymkrokem.cz\/wp-content\/uploads\/2026\/08\/l-hotel-1392x1044.jpg 1392w\" sizes=\"(max-width: 1600px) 100vw, 1600px\" \/><button\n\t\t\tclass=\"lightbox-trigger\"\n\t\t\ttype=\"button\"\n\t\t\taria-haspopup=\"dialog\"\n\t\t\tdata-wp-bind--aria-label=\"state.thisImage.triggerButtonAriaLabel\"\n\t\t\tdata-wp-init=\"callbacks.initTriggerButton\"\n\t\t\tdata-wp-on--click=\"actions.showLightbox\"\n\t\t\tdata-wp-style--right=\"state.thisImage.buttonRight\"\n\t\t\tdata-wp-style--top=\"state.thisImage.buttonTop\"\n\t\t>\n\t\t\t<svg xmlns=\"http:\/\/www.w3.org\/2000\/svg\" width=\"12\" height=\"12\" fill=\"none\" viewBox=\"0 0 12 12\">\n\t\t\t\t<path fill=\"#fff\" d=\"M2 0a2 2 0 0 0-2 2v2h1.5V2a.5.5 0 0 1 .5-.5h2V0H2Zm2 10.5H2a.5.5 0 0 1-.5-.5V8H0v2a2 2 0 0 0 2 2h2v-1.5ZM8 12v-1.5h2a.5.5 0 0 0 .5-.5V8H12v2a2 2 0 0 1-2 2H8Zm2-12a2 2 0 0 1 2 2v2h-1.5V2a.5.5 0 0 0-.5-.5H8V0h2Z\" \/>\n\t\t\t<\/svg>\n\t\t<\/button><figcaption class=\"wp-element-caption\">Fot\u00f3: L&#8217;H\u00f4tel Marrakech \/ Google Maps<\/figcaption><\/figure>\n\n\n\n<h3 class=\"wp-block-heading\"><span class=\"ez-toc-section\" id=\"4_LHotel\"><\/span>4. L&#8217;Hotel<span class=\"ez-toc-section-end\"><\/span><\/h3>\n\n\n\n<p class=\"wp-block-paragraph\">E m\u00f6g\u00f6tt a hihetetlen\u00fcl st\u00edlusos, tizenkilencedik sz\u00e1zadi projekt m\u00f6g\u00f6tt a brit diz\u00e1jner, Jasper Conran \u00e1ll, aki itt az \u00edzl\u00e9s val\u00f3di o\u00e1zis\u00e1t teremtette meg. <strong>Az <a href=\"https:\/\/www.stay22.com\/allez\/roam?aid=lukaskonecny&amp;campaign=loudavymkrokemcz&amp;campaign=kde-bydlet-v-marrakesi&amp;hotelname=L%27Hotel&amp;address=Marr%C3%A1ke%C5%A1%2C%20Maroko\" target=\"_blank\" rel=\"noopener nofollow sponsored\">L&#8217;Hotel<\/a> mind\u00f6ssze hat exkluz\u00edv lakoszt\u00e1lyt k\u00edn\u00e1l<\/strong>, amelyek egy gy\u00f6ny\u00f6r\u0171, k\u00f6zponti bels\u0151 udvar k\u00f6r\u00e9 rendez\u0151dnek, nagy f\u0171t\u00f6tt medenc\u00e9vel. Az ilyen kev\u00e9s szoba miatt teljesen intim hangulat uralkodik itt, \u00e9s gyakran az eg\u00e9sz medence csak a ti\u00e9d, ami Marrakeshben \u00f3ri\u00e1si luxus.<\/p>\n\n\n\n<p class=\"wp-block-paragraph\">A bels\u0151 terek mesterien \u00f6tv\u00f6zik a becs\u00fcletes marokk\u00f3i k\u00e9zm\u0171vess\u00e9get az eg\u00e9sz Eur\u00f3p\u00e1b\u00f3l import\u00e1lt antik b\u00fatorokkal, ami nagyon kifinomult hangulatot teremt. <strong>T\u00f6k\u00e9letes v\u00e1laszt\u00e1s a v\u00e1laszt\u00e9kos diz\u00e1jn szerelmeseinek<\/strong>, akik nyugodt k\u00f6rnyezetet keresnek a turistat\u00f6megek n\u00e9lk\u00fcl. Az \u00e1rak megfelelnek ennek a magas exkluzivit\u00e1snak, \u00e9s nagyj\u00e1b\u00f3l 400 eur\u00f3 k\u00f6r\u00fcl indulnak \u00e9jszak\u00e1nk\u00e9nt.<\/p>\n\n\n\n<p class=\"wp-block-paragraph\">\ud83d\udca1 Tipp: A h\u0171v\u00f6sebb \u0151szi \u00e9s tavaszi est\u00e9ken <strong>begy\u00fajtathatsz a klasszikus kandall\u00f3ba<\/strong>, amely n\u00e9h\u00e1ny <strong>luxusabb apartman r\u00e9sze<\/strong>.<\/p>\n\n\n\n<figure data-wp-context=\"{&quot;imageId&quot;:&quot;6a95408e999f9&quot;}\" data-wp-interactive=\"core\/image\" data-wp-key=\"6a95408e999f9\" class=\"wp-block-image size-full wp-lightbox-container\"><img decoding=\"async\" width=\"1600\" height=\"1067\" data-wp-class--hide=\"state.isContentHidden\" data-wp-class--show=\"state.isContentVisible\" data-wp-init=\"callbacks.setButtonStyles\" data-wp-on--click=\"actions.showLightbox\" data-wp-on--load=\"callbacks.setButtonStyles\" data-wp-on--pointerdown=\"actions.preloadImage\" data-wp-on--pointerenter=\"actions.preloadImageWithDelay\" data-wp-on--pointerleave=\"actions.cancelPreload\" data-wp-on-window--resize=\"callbacks.setButtonStyles\" src=\"https:\/\/loudavymkrokem.cz\/wp-content\/uploads\/2026\/08\/riad-be-marrakech.jpg\" alt=\"Riad BE Marrakech sz\u00e1lloda\" class=\"wp-image-395751\" title=\"\" srcset=\"https:\/\/loudavymkrokem.cz\/wp-content\/uploads\/2026\/08\/riad-be-marrakech.jpg 1600w, https:\/\/loudavymkrokem.cz\/wp-content\/uploads\/2026\/08\/riad-be-marrakech-300x200.jpg 300w, https:\/\/loudavymkrokem.cz\/wp-content\/uploads\/2026\/08\/riad-be-marrakech-700x467.jpg 700w, https:\/\/loudavymkrokem.cz\/wp-content\/uploads\/2026\/08\/riad-be-marrakech-768x512.jpg 768w, https:\/\/loudavymkrokem.cz\/wp-content\/uploads\/2026\/08\/riad-be-marrakech-1536x1024.jpg 1536w, https:\/\/loudavymkrokem.cz\/wp-content\/uploads\/2026\/08\/riad-be-marrakech-696x464.jpg 696w, https:\/\/loudavymkrokem.cz\/wp-content\/uploads\/2026\/08\/riad-be-marrakech-1392x928.jpg 1392w\" sizes=\"(max-width: 1600px) 100vw, 1600px\" \/><button\n\t\t\tclass=\"lightbox-trigger\"\n\t\t\ttype=\"button\"\n\t\t\taria-haspopup=\"dialog\"\n\t\t\tdata-wp-bind--aria-label=\"state.thisImage.triggerButtonAriaLabel\"\n\t\t\tdata-wp-init=\"callbacks.initTriggerButton\"\n\t\t\tdata-wp-on--click=\"actions.showLightbox\"\n\t\t\tdata-wp-style--right=\"state.thisImage.buttonRight\"\n\t\t\tdata-wp-style--top=\"state.thisImage.buttonTop\"\n\t\t>\n\t\t\t<svg xmlns=\"http:\/\/www.w3.org\/2000\/svg\" width=\"12\" height=\"12\" fill=\"none\" viewBox=\"0 0 12 12\">\n\t\t\t\t<path fill=\"#fff\" d=\"M2 0a2 2 0 0 0-2 2v2h1.5V2a.5.5 0 0 1 .5-.5h2V0H2Zm2 10.5H2a.5.5 0 0 1-.5-.5V8H0v2a2 2 0 0 0 2 2h2v-1.5ZM8 12v-1.5h2a.5.5 0 0 0 .5-.5V8H12v2a2 2 0 0 1-2 2H8Zm2-12a2 2 0 0 1 2 2v2h-1.5V2a.5.5 0 0 0-.5-.5H8V0h2Z\" \/>\n\t\t\t<\/svg>\n\t\t<\/button><figcaption class=\"wp-element-caption\">Fot\u00f3: Riad BE Marrakech \/ Google Maps<\/figcaption><\/figure>\n\n\n\n<h3 class=\"wp-block-heading\"><span class=\"ez-toc-section\" id=\"5_Riad_BE_Marrakech\"><\/span>5. Riad BE Marrakech<span class=\"ez-toc-section-end\"><\/span><\/h3>\n\n\n\n<p class=\"wp-block-paragraph\">Ez a medina d\u00e9li r\u00e9sz\u00e9n l\u00e9v\u0151 riad az eg\u00e9sz internet egyik legt\u00f6bbet fot\u00f3zott helye k\u00f6z\u00e9 tartozik, \u00e9s biztosan l\u00e1ttad m\u00e1r valahol. <strong>Nagyon \u00e9rz\u00e9keny \u00e9s hihetetlen\u00fcl sz\u00ednes fel\u00faj\u00edt\u00e1son esett \u00e1t<\/strong>, amit\u0151l hihetetlen\u00fcl \u00fcd\u00e9nek, tiszt\u00e1nak \u00e9s fiatalosnak hat. A f\u0151 h\u0171s\u00edt\u0151 medence k\u00f6r\u00fcli z\u00f6ld t\u00fcrkiz csemp\u00e9k egyszer\u0171en ikonikusak, \u00e9s gy\u00f6ny\u00f6r\u0171en kontraszt\u00e1lnak a k\u00f6rnyez\u0151 n\u00f6v\u00e9nyekkel \u00e9s agyagfalakkal.<\/p>\n\n\n\n<p class=\"wp-block-paragraph\">Kiv\u00e1l\u00f3 v\u00e1laszt\u00e1s azoknak az utaz\u00f3knak, akik el\u00e9rhet\u0151bb luxust \u00e9s gy\u00f6ny\u00f6r\u0171 eszt\u00e9tikus k\u00f6rnyezetet keresnek a fot\u00f3ikhoz. <strong>A reggelit itt a csod\u00e1latos tet\u0151teraszon szolg\u00e1lj\u00e1k fel<\/strong>, \u00e9s sok v\u00e9lem\u00e9ny szerint \u00f3ri\u00e1si, v\u00e1ltozatos \u00e9s \u00edzben teljesen kiv\u00e1l\u00f3. \u00c1raiban sim\u00e1n belef\u00e9r a nagyon elfogadhat\u00f3 120\u2013220 eur\u00f3ba \u00e9jszak\u00e1nk\u00e9nt.<\/p>\n\n\n\n<p class=\"wp-block-paragraph\">\ud83d\udca1 Tipp: A riad saj\u00e1t <strong>j\u00f3gast\u00fadi\u00f3t<\/strong> is \u00fczemeltet, \u00fagyhogy a gyalogl\u00e1ssal teli napodat kezdheted <strong>reggeli ny\u00fajt\u00e1ssal, l\u00e9legzetel\u00e1ll\u00edt\u00f3 kil\u00e1t\u00e1ssal<\/strong> az \u00e9bredez\u0151 v\u00e1rosra.<\/p>\n\n\n\n<figure data-wp-context=\"{&quot;imageId&quot;:&quot;6a95408e99e04&quot;}\" data-wp-interactive=\"core\/image\" data-wp-key=\"6a95408e99e04\" class=\"wp-block-image size-full wp-lightbox-container\"><img decoding=\"async\" width=\"1600\" height=\"2000\" data-wp-class--hide=\"state.isContentHidden\" data-wp-class--show=\"state.isContentVisible\" data-wp-init=\"callbacks.setButtonStyles\" data-wp-on--click=\"actions.showLightbox\" data-wp-on--load=\"callbacks.setButtonStyles\" data-wp-on--pointerdown=\"actions.preloadImage\" data-wp-on--pointerenter=\"actions.preloadImageWithDelay\" data-wp-on--pointerleave=\"actions.cancelPreload\" data-wp-on-window--resize=\"callbacks.setButtonStyles\" src=\"https:\/\/loudavymkrokem.cz\/wp-content\/uploads\/2026\/08\/riad-yasmine.jpg\" alt=\"Riad Yasmine sz\u00e1lloda\" class=\"wp-image-395752\" title=\"\" srcset=\"https:\/\/loudavymkrokem.cz\/wp-content\/uploads\/2026\/08\/riad-yasmine.jpg 1600w, https:\/\/loudavymkrokem.cz\/wp-content\/uploads\/2026\/08\/riad-yasmine-240x300.jpg 240w, https:\/\/loudavymkrokem.cz\/wp-content\/uploads\/2026\/08\/riad-yasmine-700x875.jpg 700w, https:\/\/loudavymkrokem.cz\/wp-content\/uploads\/2026\/08\/riad-yasmine-768x960.jpg 768w, https:\/\/loudavymkrokem.cz\/wp-content\/uploads\/2026\/08\/riad-yasmine-1229x1536.jpg 1229w, https:\/\/loudavymkrokem.cz\/wp-content\/uploads\/2026\/08\/riad-yasmine-696x870.jpg 696w, https:\/\/loudavymkrokem.cz\/wp-content\/uploads\/2026\/08\/riad-yasmine-1392x1740.jpg 1392w\" sizes=\"(max-width: 1600px) 100vw, 1600px\" \/><button\n\t\t\tclass=\"lightbox-trigger\"\n\t\t\ttype=\"button\"\n\t\t\taria-haspopup=\"dialog\"\n\t\t\tdata-wp-bind--aria-label=\"state.thisImage.triggerButtonAriaLabel\"\n\t\t\tdata-wp-init=\"callbacks.initTriggerButton\"\n\t\t\tdata-wp-on--click=\"actions.showLightbox\"\n\t\t\tdata-wp-style--right=\"state.thisImage.buttonRight\"\n\t\t\tdata-wp-style--top=\"state.thisImage.buttonTop\"\n\t\t>\n\t\t\t<svg xmlns=\"http:\/\/www.w3.org\/2000\/svg\" width=\"12\" height=\"12\" fill=\"none\" viewBox=\"0 0 12 12\">\n\t\t\t\t<path fill=\"#fff\" d=\"M2 0a2 2 0 0 0-2 2v2h1.5V2a.5.5 0 0 1 .5-.5h2V0H2Zm2 10.5H2a.5.5 0 0 1-.5-.5V8H0v2a2 2 0 0 0 2 2h2v-1.5ZM8 12v-1.5h2a.5.5 0 0 0 .5-.5V8H12v2a2 2 0 0 1-2 2H8Zm2-12a2 2 0 0 1 2 2v2h-1.5V2a.5.5 0 0 0-.5-.5H8V0h2Z\" \/>\n\t\t\t<\/svg>\n\t\t<\/button><figcaption class=\"wp-element-caption\">Fot\u00f3: Riad Yasmine \/ Google Maps<\/figcaption><\/figure>\n\n\n\n<!-- LKM_GYG_CARD start q=\"bydlet marrakesi\" lang=\"hu\" rendered=\"2026-08-31T06:05:36+00:00\" v=\"1\" -->\n<style id=\"lk-gyg-styles\">\n@import url(\"https:\/\/fonts.googleapis.com\/css2?family=Playfair+Display:wght@700&family=DM+Sans:wght@300;400;500;600&display=swap\");\n\/* === LK GYG karty \u2014 CRO redesign 2026-05 (namespace .lkx-) ===\n   C\u00edl: vy\u0161\u0161\u00ed CTR (hero + v\u00fdrazn\u00fd social proof + ak\u010dn\u00ed CTA, m\u00e9n\u011b \"reklamn\u00ed\").\n   Injektuje se inline do prvn\u00edho markeru postu (refresh_cards.py --inline-css). *\/\n.lkx-module, .lkx-module *{box-sizing:border-box;margin:0;padding:0}\n.lkx-module{\n  font-family:'DM Sans',-apple-system,Segoe UI,Roboto,Georgia,sans-serif;\n  max-width:860px;margin:2.5rem auto;color:#1f2328;\n}\n\n\/* HEADER \u2014 lehk\u00fd editorsk\u00fd, \u017e\u00e1dn\u00fd bannerov\u00fd blok; nadpis + popisek pod n\u00edm *\/\n.lkx-head{margin-bottom:16px}\n.lkx-head-main{display:flex;align-items:center;gap:10px}\n.lkx-head-accent{width:26px;height:3px;border-radius:2px;background:#c39f76;flex-shrink:0}\n.lkx-head-title{font-family:'Playfair Display',Georgia,serif;font-size:21px;font-weight:700;color:#1a1a1a;line-height:1.25}\n.lkx-head-meta{display:block;font-size:11px;letter-spacing:.3px;color:#9aa0a6;margin-top:4px;margin-left:36px}\n\n\/* HERO *\/\n.lkx-hero{display:grid;grid-template-columns:300px 1fr;background:#fff;border:1px solid #ece7df;border-radius:14px;overflow:hidden;text-decoration:none!important;color:inherit;box-shadow:0 6px 20px rgba(0,0,0,.06);transition:box-shadow .2s,transform .2s;margin-bottom:14px}\n.lkx-hero:hover{box-shadow:0 12px 30px rgba(0,0,0,.12);transform:translateY(-2px)}\n.lkx-hero-img{position:relative;min-height:230px;background-size:cover;background-position:center;background-color:#eee}\n.lkx-hero-body{padding:22px 24px;display:flex;flex-direction:column}\n.lkx-pick{position:absolute;top:12px;left:12px;background:#1a1a1a;color:#fff;font-size:11px;font-weight:700;letter-spacing:.5px;padding:5px 11px;border-radius:20px}\n\n\/* TITLE *\/\n.lkx-title{font-size:19px;font-weight:700;color:#161616;line-height:1.3}\n.lkx-title-sm{font-size:14.5px;line-height:1.35;display:-webkit-box;-webkit-line-clamp:2;-webkit-box-orient:vertical;overflow:hidden}\n\n\/* SOCIAL PROOF \u2014 v\u00fdrazn\u011b, naho\u0159e *\/\n.lkx-proof{display:flex;align-items:center;gap:7px;margin-top:12px;font-size:15px;color:#3a3a3a}\n.lkx-proof b{font-size:16px;color:#161616}\n.lkx-stars{color:#f5a623;letter-spacing:1px}\n.lkx-proof-sm{font-size:12.5px;margin-top:8px;gap:5px}\n.lkx-proof-sm b{font-size:13px}\n.lkx-proof-new{color:#3685fc;font-weight:600}\n\n\/* PRICE \u2014 n\u00edzk\u00e1 kotva *\/\n.lkx-price{font-size:14px;color:#6b7280}\n.lkx-price b{font-size:20px;color:#161616;font-weight:700}\n.lkx-price-sm b{font-size:15px}\n\n\/* CTA \u2014 tepl\u00e9 ak\u010dn\u00ed tla\u010d\u00edtko *\/\n.lkx-cta{display:inline-flex;align-items:center;justify-content:center;text-decoration:none!important;font-weight:700;color:#fff!important;background:linear-gradient(135deg,#f6743f,#e8552a);border-radius:10px;box-shadow:0 6px 16px rgba(232,85,42,.32);transition:box-shadow .2s}\n.lkx-cta-hero{font-size:15px;padding:13px 22px}\n.lkx-hero:hover .lkx-cta-hero{box-shadow:0 8px 22px rgba(232,85,42,.45)}\n.lkx-cta-sm{font-size:12.5px;padding:9px 14px;width:100%;margin-top:2px}\n.lkx-hero-bottom{margin-top:auto;padding-top:18px;display:flex;align-items:center;justify-content:space-between;gap:14px;flex-wrap:wrap}\n\n\/* BADGE \u2014 jeden v\u00fdrazn\u00fd na fotce *\/\n.lkx-badge{position:absolute;top:12px;right:12px;font-size:10.5px;font-weight:700;letter-spacing:.3px;padding:5px 10px;border-radius:16px;color:#fff}\n.lkx-badge.badge-urgency{background:rgba(214,40,40,.92)}\n.lkx-badge.badge-new{background:rgba(54,133,252,.92)}\n.lkx-badge.badge-top{background:rgba(195,159,118,.95)}\n.lkx-badge.badge-info{background:rgba(40,40,40,.78)}\n\n\/* SECONDARY GRID *\/\n.lkx-grid{display:grid;grid-template-columns:1fr 1fr;gap:14px}\n.lkx-card{background:#fff;border:1px solid #ece7df;border-radius:14px;overflow:hidden;text-decoration:none!important;color:inherit;box-shadow:0 4px 14px rgba(0,0,0,.05);display:flex;flex-direction:column;transition:box-shadow .2s,transform .2s}\n.lkx-card:hover{box-shadow:0 10px 24px rgba(0,0,0,.1);transform:translateY(-2px)}\n.lkx-card-img{position:relative;aspect-ratio:16\/10;background-size:cover;background-position:center;background-color:#eee}\n.lkx-card-body{padding:14px 16px 16px;display:flex;flex-direction:column;gap:7px;flex:1}\n.lkx-card-bottom{margin-top:auto;padding-top:10px;display:flex;align-items:center;justify-content:space-between;gap:8px}\n\n\/* DISCLOSURE \u2014 drobn\u00e1, kv\u016fli d\u016fv\u011b\u0159e\/z\u00e1konu *\/\n.lkx-disclosure{font-size:11px;color:#a7adb3;text-align:center;margin-top:14px;line-height:1.6}\n.lkx-disclosure a{color:#c39f76;text-decoration:none}\n\n@media(max-width:680px){\n  .lkx-hero{grid-template-columns:1fr}\n  .lkx-hero-img{min-height:180px}\n  .lkx-grid{grid-template-columns:1fr}\n  .lkx-head-meta{margin-left:0;width:100%}\n  .lkx-head-title{font-size:19px}\n}\n\n<\/style>\n<div class=\"lkx-module\" data-query=\"bydlet marrakesi\">\n  <div class=\"lkx-head\">\n    <div class=\"lkx-head-main\">\n      <span class=\"lkx-head-accent\"><\/span>\n      <span class=\"lkx-head-title\">\u00c9lm\u00e9nyek \u00e9s bel\u00e9p\u0151jegyek<\/span>\n    <\/div>\n    <span class=\"lkx-head-meta\">utaz\u00f3k \u00e1ltal \u00e9rt\u00e9kelve \u00b7 GetYourGuide<\/span>\n  <\/div><a class=\"lkx-hero\" href=\"https:\/\/www.getyourguide.com\/hu-hu\/marrakesh-l208\/marrakeshbol-ouarzazate-ait-ben-haddou-atlas-studios-t858610\/?partner_id=MKZ64IS&amp;utm_medium=online_publisher&amp;cmp=marokko-marrakesh-szallas\" target=\"_blank\" rel=\"sponsored noopener nofollow\">\n    <div class=\"lkx-hero-img\" style=\"background-image:url('https:\/\/cdn.getyourguide.com\/img\/tour\/31a854ec785ee6aa317d9e7a23b30a404bb85d342c03e772cdda2a27023c51d3.png\/132.jpg')\" role=\"img\" aria-label=\"Marrakeshb\u0151l: Ouarzazate, Ait Ben Haddou &amp; Atlas Studios\">\n      <span class=\"lkx-pick\">\u2605 A mi tipp\u00fcnk<\/span><\/div>\n    <div class=\"lkx-hero-body\">\n      <div class=\"lkx-title\">Marrakeshb\u0151l: Ouarzazate, Ait Ben Haddou &amp; Atlas Studios<\/div>\n      <div class=\"lkx-proof\">\n      <span class=\"lkx-stars\">\u2605\u2605\u2605\u2605\u2605<\/span>\n      <b>4.8<\/b> \u00b7 1 369 \u00e9rt\u00e9kel\u00e9s\n    <\/div>\n      <div class=\"lkx-hero-bottom\"><div class=\"lkx-price\">m\u00e1r <b>22\u00a0EUR<\/b><\/div><span class=\"lkx-cta lkx-cta-hero\">Ezt az \u00e9lm\u00e9nyt akarom \u2192<\/span>\n      <\/div>\n    <\/div>\n  <\/a><div class=\"lkx-grid\"><a class=\"lkx-card\" href=\"https:\/\/www.getyourguide.com\/hu-hu\/marrakesh-l208\/privat-egynapos-kirandulas-ouarzazate-ba-es-ait-benhaddou-ba-t59397\/?partner_id=MKZ64IS&amp;utm_medium=online_publisher&amp;cmp=marokko-marrakesh-szallas\" target=\"_blank\" rel=\"sponsored noopener nofollow\">\n      <div class=\"lkx-card-img\" style=\"background-image:url('https:\/\/cdn.getyourguide.com\/img\/tour\/0ff10f8b9278aa9d1fa2d9eed394749f9b9c3140d2058cb1eb7b7306e9089c5d.png\/132.jpg')\" role=\"img\" aria-label=\"Marr\u00e1kesb\u0151l: Egynapos kir\u00e1ndul\u00e1s Ouarzazate-be \u00e9s A\u00eft Ben Hadd\u00faba\"><\/div>\n      <div class=\"lkx-card-body\">\n        <div class=\"lkx-title lkx-title-sm\">Marr\u00e1kesb\u0151l: Egynapos kir\u00e1ndul\u00e1s Ouarzazate-be \u00e9s A\u00eft Ben Hadd\u00faba<\/div>\n        <div class=\"lkx-proof lkx-proof-sm\">\n      <span class=\"lkx-stars\">\u2605<\/span>\n      <b>4.7<\/b> \u00b7 10 824\n    <\/div>\n        <div class=\"lkx-card-bottom\"><span class=\"lkx-price lkx-price-sm\">m\u00e1r <b>21\u00a0EUR<\/b><\/span><span class=\"lkx-cta lkx-cta-sm\">Id\u0151pontok megtekint\u00e9se \u2192<\/span>\n        <\/div>\n      <\/div>\n    <\/a><a class=\"lkx-card\" href=\"https:\/\/www.getyourguide.com\/hu-hu\/marrakesh-l208\/marrakes-madrassa-ben-youssef-titkos-kert-es-medina-tura-t556996\/?partner_id=MKZ64IS&amp;utm_medium=online_publisher&amp;cmp=marokko-marrakesh-szallas\" target=\"_blank\" rel=\"sponsored noopener nofollow\">\n      <div class=\"lkx-card-img\" style=\"background-image:url('https:\/\/cdn.getyourguide.com\/img\/tour\/fd7a4cba763064b5ead5d5ccf639949cf540ebdc3213b7b061dfb43a4714e58a.jpg\/132.jpg')\" role=\"img\" aria-label=\"Marr\u00e1kes: Madrassa Ben Youssef, titkos kert \u00e9s medina t\u00fara\"><\/div>\n      <div class=\"lkx-card-body\">\n        <div class=\"lkx-title lkx-title-sm\">Marr\u00e1kes: Madrassa Ben Youssef, titkos kert \u00e9s medina t\u00fara<\/div>\n        <div class=\"lkx-proof lkx-proof-sm\">\n      <span class=\"lkx-stars\">\u2605<\/span>\n      <b>4.8<\/b> \u00b7 2 012\n    <\/div>\n        <div class=\"lkx-card-bottom\"><span class=\"lkx-price lkx-price-sm\">m\u00e1r <b>15\u00a0EUR<\/b><\/span><span class=\"lkx-cta lkx-cta-sm\">Id\u0151pontok megtekint\u00e9se \u2192<\/span>\n        <\/div>\n      <\/div>\n    <\/a><\/div><div class=\"lkx-disclosure\">\ud83d\udd17 A linkek partnerlinkek \u2014 az \u00e1rat nem v\u00e1ltoztatj\u00e1k, nek\u00fcnk viszont seg\u00edtenek a tartalomk\u00e9sz\u00edt\u00e9sben. \u00b7 <a href=\"https:\/\/www.getyourguide.com\/hu-hu\/s\/?q=bydlet+marrakesi&amp;partner_id=MKZ64IS&amp;utm_medium=online_publisher\" target=\"_blank\" rel=\"sponsored noopener nofollow\">\u00d6sszes \u00e9lm\u00e9ny \u2192<\/a><\/div>\n<\/div>\n<!-- LKM_GYG_CARD end -->\n\n\n\n\n<div class=\"lk-stays-module\">\n<style>\n\/* \u2500\u2500\u2500 RESET PRO GUTENBERG \u2500\u2500\u2500 *\/\n.lk-stays-module * { box-sizing: border-box; margin: 0; padding: 0; }\n\n\/* \u2500\u2500\u2500 WRAPPER \u2500\u2500\u2500 *\/\n.lk-stays-module {\n  font-family: 'DM Sans', Georgia, sans-serif;\n  max-width: 100%;\n  margin: 2.5rem auto;\n  background: linear-gradient(135deg, #fdfaf5 0%, #fcf8f0 100%);\n  border: 1px solid #e8dfd4;\n  border-radius: 16px;\n  overflow: hidden;\n  box-shadow: 0 16px 48px rgba(195, 159, 118, 0.25), 0 4px 12px rgba(0,0,0,0.08);\n}\n\n\/* \u2500\u2500\u2500 HEADER \u2500\u2500\u2500 *\/\n.lk-stays-header {\n  position: relative;\n  padding: 24px 36px 24px;\n  background: linear-gradient(135deg, #c39f76 0%, #d4b188 60%, #c39f76 100%);\n  border-bottom: 1px solid rgba(255,255,255,.15);\n  display: flex;\n  align-items: center;\n  gap: 18px;\n}\n.lk-stays-header::before {\n  content: '';\n  position: absolute;\n  inset: 0;\n  background: url(\"data:image\/svg+xml,%3Csvg width='60' height='60' viewBox='0 0 60 60' xmlns='http:\/\/www.w3.org\/2000\/svg'%3E%3Cg fill='none' fill-rule='evenodd'%3E%3Cg fill='%23ffffff' fill-opacity='0.05'%3E%3Cpath d='M36 34v-4h-2v4h-4v2h4v4h2v-4h4v-2h-4zm0-30V0h-2v4h-4v2h4v4h2V6h4V4h-4zM6 34v-4H4v4H0v2h4v4h2v-4h4v-2H6zM6 4V0H4v4H0v2h4v4h2V6h4V4H6z'\/%3E%3C\/g%3E%3C\/g%3E%3C\/svg%3E\") repeat;\n  pointer-events: none;\n}\n.lk-stays-icon {\n  flex-shrink: 0;\n  width: 68px;\n  height: 68px;\n  border-radius: 14px;\n  background: linear-gradient(135deg, #fff 0%, #f9f6f0 100%);\n  display: flex;\n  align-items: center;\n  justify-content: center;\n  font-size: 26px;\n  box-shadow: 0 4px 12px rgba(0,0,0,0.15);\n}\n.lk-stays-eyebrow {\n  font-size: 10px;\n  font-weight: 500;\n  letter-spacing: 2.5px;\n  text-transform: uppercase;\n  color: rgba(255,255,255,.85);\n  margin: 0 0 5px 0;\n}\n.lk-stays-title {\n  font-family: 'Playfair Display', Georgia, serif;\n  font-size: 24px;\n  font-weight: 700;\n  color: #fff;\n  line-height: 1.2;\n  text-shadow: 0 1px 2px rgba(0,0,0,0.1);\n  margin: 0;\n}\n.lk-stays-subtitle {\n  font-size: 13px;\n  color: rgba(255,255,255,.75);\n  margin: 4px 0 0 0;\n  font-weight: 300;\n}\n\n\/* \u2500\u2500\u2500 CARDS GRID \u2500\u2500\u2500 *\/\n.lk-stays-grid {\n  display: grid;\n  grid-template-columns: 1fr 1fr;\n  gap: 1px;\n  background: rgba(195, 159, 118, 0.12);\n}\n\n\/* \u2500\u2500\u2500 SINGLE CARD \u2500\u2500\u2500 *\/\n.lk-stay-card {\n  background: #ffffff;\n  padding: 26px;\n  display: flex;\n  flex-direction: column;\n  gap: 11px;\n  transition: all 0.3s ease;\n  text-decoration: none;\n  color: inherit;\n  position: relative;\n}\n.lk-stay-card:hover {\n  background: #fffbf5;\n  transform: translateY(-2px);\n  box-shadow: 0 8px 24px rgba(195, 159, 118, 0.18);\n  z-index: 1;\n}\n.lk-stay-card.featured {\n  background: linear-gradient(135deg, #fffdf9 0%, #fff9f0 100%);\n  box-shadow: 0 4px 16px rgba(195, 159, 118, 0.15), inset 0 1px 0 rgba(195, 159, 118, 0.1);\n}\n.lk-stay-card.featured:hover {\n  background: linear-gradient(135deg, #fffbf5 0%, #fff8ed 100%);\n  box-shadow: 0 8px 24px rgba(195, 159, 118, 0.25), inset 0 1px 0 rgba(195, 159, 118, 0.15);\n}\n\n.lk-stay-badge {\n  display: inline-flex;\n  align-items: center;\n  gap: 5px;\n  font-size: 10px;\n  font-weight: 500;\n  letter-spacing: 1.5px;\n  text-transform: uppercase;\n  padding: 5px 11px;\n  border-radius: 20px;\n  width: fit-content;\n}\n.badge-top     { background: linear-gradient(135deg, #c39f76 0%, #d4b188 100%); color: #fff; border: 1px solid #c39f76; font-weight: 600; box-shadow: 0 2px 8px rgba(195,159,118,0.3); }\n.badge-luxury  { background: rgba(195,159,118,.12); color: #c39f76; border: 1px solid rgba(195,159,118,.25); }\n.badge-boutique{ background: rgba(54,133,252,.08); color: #3685fc; border: 1px solid rgba(54,133,252,.2); }\n.badge-nature  { background: rgba(130,190,100,.1); color: #6b9c4a; border: 1px solid rgba(130,190,100,.2); }\n.badge-remote  { background: rgba(195,159,118,.12); color: #a67e50; border: 1px solid rgba(195,159,118,.25); }\n\n.lk-stay-name {\n  font-family: 'Playfair Display', Georgia, serif;\n  font-size: 18px;\n  font-weight: 700;\n  color: #111827;\n  line-height: 1.3;\n}\n.lk-stay-desc {\n  font-size: 13.5px;\n  color: #525252;\n  line-height: 1.65;\n  font-weight: 300;\n  flex: 1;\n}\n\n.lk-stay-meta {\n  display: flex;\n  align-items: center;\n  gap: 12px;\n  flex-wrap: wrap;\n  margin-top: 4px;\n}\n.lk-stay-price {\n  font-size: 13px;\n  color: #6b7280;\n}\n.lk-stay-price strong {\n  color: #c39f76;\n  font-weight: 500;\n}\n.lk-stay-stars {\n  color: #c39f76;\n  font-size: 11px;\n  letter-spacing: 1px;\n}\n\n\/* \u2500\u2500\u2500 CTA BUTTON \u2500\u2500\u2500 *\/\n.lk-stay-cta {\n  display: inline-flex;\n  align-items: center;\n  justify-content: center;\n  gap: 7px;\n  margin-top: 8px;\n  padding: 11px 20px;\n  border-radius: 8px;\n  background: linear-gradient(135deg, #3685fc 0%, #2a6fd9 100%);\n  color: #fff;\n  font-size: 13px;\n  font-weight: 500;\n  text-decoration: none;\n  letter-spacing: .3px;\n  transition: all .2s ease;\n  cursor: pointer;\n  border: none;\n  text-align: center;\n  box-shadow: 0 4px 12px rgba(54, 133, 252, 0.25);\n}\n.lk-stay-cta:hover {\n  background: linear-gradient(135deg, #2a6fd9 0%, #1e5bc4 100%);\n  transform: translateY(-1px);\n  box-shadow: 0 6px 16px rgba(54, 133, 252, 0.35);\n}\n.lk-stay-cta svg { flex-shrink: 0; }\n\n\/* \u2500\u2500\u2500 FOOTER \u2500\u2500\u2500 *\/\n.lk-stays-footer {\n  padding: 18px 36px;\n  background: linear-gradient(to bottom, #fdfaf5 0%, #f9f4ed 100%);\n  border-top: 1px solid rgba(195, 159, 118, 0.15);\n  display: flex;\n  align-items: center;\n  justify-content: space-between;\n  flex-wrap: wrap;\n  gap: 12px;\n}\n.lk-stays-footer-note {\n  font-size: 11.5px;\n  color: #6b7280;\n  font-weight: 300;\n  line-height: 1.5;\n}\n.lk-stays-footer-note a {\n  color: #c39f76;\n  text-decoration: none;\n  font-weight: 400;\n}\n.lk-stays-footer-note a:hover {\n  text-decoration: underline;\n}\n.lk-stays-all-btn {\n  display: inline-flex;\n  align-items: center;\n  gap: 6px;\n  font-size: 12.5px;\n  font-weight: 500;\n  color: #c39f76;\n  text-decoration: none;\n  border: 1px solid rgba(195, 159, 118, 0.35);\n  padding: 8px 18px;\n  border-radius: 8px;\n  transition: all .2s ease;\n}\n.lk-stays-all-btn:hover {\n  background: rgba(195, 159, 118, 0.08);\n  border-color: rgba(195, 159, 118, 0.5);\n}\n\n\/* \u2500\u2500\u2500 RESPONSIVE \u2500\u2500\u2500 *\/\n@media (max-width: 600px) {\n  .lk-stays-grid { grid-template-columns: 1fr; }\n  .lk-stays-header { padding: 24px 20px; }\n  .lk-stays-footer { padding: 16px 20px; }\n  .lk-stay-card { padding: 22px; }\n  .lk-stays-title { font-size: 20px; }\n}\n<\/style>\n\n  <!-- HEADER -->\n  <div class=\"lk-stays-header\">\n    <img decoding=\"async\" src=\"https:\/\/loudavymkrokem.cz\/wp-content\/uploads\/2026\/02\/lukas-a-lucka.jpg\" alt=\"\" style=\"width: 75px; height: 75px; border-radius: 8px; flex-shrink: 0; object-fit: cover; display: block; margin: 4px 0;\" title=\"\">\n    <div class=\"lk-stays-header-text\">\n      <div class=\"lk-stays-eyebrow\">Luk\u00e1\u0161 \u00e9s Lucie aj\u00e1nlj\u00e1k<\/div>\n      <div class=\"lk-stays-title\">Hol sz\u00e1lljon meg Marrakeshben<\/div>\n      <div class=\"lk-stays-subtitle\">6 sz\u00e1ll\u00e1shely \u2014 hotelek, wellness hotelek \u00e9s egy\u00e9b sz\u00e1ll\u00e1slehet\u0151s\u00e9gek<\/div>\n    <\/div>\n  <\/div>\n\n  <!-- CARDS -->\n  <div class=\"lk-stays-grid\">\n\n    <a class=\"lk-stay-card featured\" href=\"https:\/\/www.stay22.com\/allez\/roam?aid=lukaskonecny&#038;campaign=loudavymkrokemcz&#038;campaign=hu&#038;campaign=kde-bydlet-v-marrakesi&#038;hotelname=Riad%20Sijane&#038;address=Marr%C3%A1ke%C5%A1%2C%20Maroko\" target=\"_blank\" rel=\"nofollow noopener\">\n      <span class=\"lk-stay-badge badge-top\">\u2b50 TOP V\u00c1LASZT\u00c1S<\/span>\n      <span class=\"lk-stay-badge badge-nature\">\ud83c\udfe8 Hotel<\/span>\n      <div class=\"lk-stay-name\">Riad Sijane<\/div>\n      <div class=\"lk-stay-desc\">Hostel jelleg\u0171 sz\u00e1ll\u00e1shely a ny\u00fczsg\u0151 medin\u00e1ban emeletes \u00e1gyakkal, nagyon alacsony \u00e1rak 12-18 EUR, saj\u00e1t t\u00f6r\u00f6lk\u00f6z\u0151 sz\u00fcks\u00e9ges.<\/div>\n      <div class=\"lk-stay-meta\">\n        <span class=\"lk-stay-stars\">\u2605\u2605\u2605\u2605<\/span>\n        <span class=\"lk-stay-price\">~18 \u20ac-t\u00f3l<\/span>\n      <\/div>\n      <span class=\"lk-stay-cta\">\n        <svg width=\"14\" height=\"14\" viewBox=\"0 0 24 24\" fill=\"none\" stroke=\"currentColor\" stroke-width=\"2\"><path d=\"M18 13v6a2 2 0 0 1-2 2H5a2 2 0 0 1-2-2V8a2 2 0 0 1 2-2h6\"\/><polyline points=\"15 3 21 3 21 9\"\/><line x1=\"10\" y1=\"14\" x2=\"21\" y2=\"3\"\/><\/svg>\n        Ellen\u0151rizd az el\u00e9rhet\u0151s\u00e9get\n      <\/span>\n    <\/a>\n\n    <a class=\"lk-stay-card\" href=\"https:\/\/www.stay22.com\/allez\/roam?aid=lukaskonecny&#038;campaign=loudavymkrokemcz&#038;campaign=hu&#038;campaign=kde-bydlet-v-marrakesi&#038;hotelname=El%20Fenn&#038;address=Marr%C3%A1ke%C5%A1%2C%20Maroko\" target=\"_blank\" rel=\"nofollow noopener\">\n      <span class=\"lk-stay-badge badge-nature\">\u2b50 Luxury<\/span>\n      <div class=\"lk-stay-name\">El Fenn<\/div>\n      <div class=\"lk-stay-desc\">\u00d6sszek\u00f6t\u00f6tt riadok komplexuma, medenc\u00e9k, m\u0171v\u00e9szet, reggeli a tet\u0151teraszon Atlasz-hegys\u00e9gre n\u00e9z\u0151 kil\u00e1t\u00e1ssal.<\/div>\n      <div class=\"lk-stay-meta\">\n        <span class=\"lk-stay-stars\">\u2605\u2605\u2605\u2605<\/span>\n        <span class=\"lk-stay-price\">400\u2013700 \u20ac<\/span>\n      <\/div>\n      <span class=\"lk-stay-cta\">\n        <svg width=\"14\" height=\"14\" viewBox=\"0 0 24 24\" fill=\"none\" stroke=\"currentColor\" stroke-width=\"2\"><path d=\"M18 13v6a2 2 0 0 1-2 2H5a2 2 0 0 1-2-2V8a2 2 0 0 1 2-2h6\"\/><polyline points=\"15 3 21 3 21 9\"\/><line x1=\"10\" y1=\"14\" x2=\"21\" y2=\"3\"\/><\/svg>\n        Ellen\u0151rizd az el\u00e9rhet\u0151s\u00e9get\n      <\/span>\n    <\/a>\n\n    <a class=\"lk-stay-card\" href=\"https:\/\/www.stay22.com\/allez\/roam?aid=lukaskonecny&#038;campaign=loudavymkrokemcz&#038;campaign=hu&#038;campaign=kde-bydlet-v-marrakesi&#038;hotelname=Riad%20Yasmine&#038;address=Marr%C3%A1ke%C5%A1%2C%20Maroko\" target=\"_blank\" rel=\"nofollow noopener\">\n      <span class=\"lk-stay-badge badge-nature\">\ud83c\udfe8 Hotel<\/span>\n      <div class=\"lk-stay-name\">Riad Yasmine<\/div>\n      <div class=\"lk-stay-desc\">Mind\u00f6ssze 10 szoba, smaragdz\u00f6ld medence narancsfa mellett, ide\u00e1lis romantik\u00e1hoz \u00e9s p\u00e1roknak.<\/div>\n      <div class=\"lk-stay-meta\">\n        <span class=\"lk-stay-stars\">\u2605\u2605\u2605\u2605<\/span>\n        <span class=\"lk-stay-price\">80\u2013150 \u20ac<\/span>\n      <\/div>\n      <span class=\"lk-stay-cta\">\n        <svg width=\"14\" height=\"14\" viewBox=\"0 0 24 24\" fill=\"none\" stroke=\"currentColor\" stroke-width=\"2\"><path d=\"M18 13v6a2 2 0 0 1-2 2H5a2 2 0 0 1-2-2V8a2 2 0 0 1 2-2h6\"\/><polyline points=\"15 3 21 3 21 9\"\/><line x1=\"10\" y1=\"14\" x2=\"21\" y2=\"3\"\/><\/svg>\n        Ellen\u0151rizd az el\u00e9rhet\u0151s\u00e9get\n      <\/span>\n    <\/a>\n\n    <a class=\"lk-stay-card\" href=\"https:\/\/www.stay22.com\/allez\/roam?aid=lukaskonecny&#038;campaign=loudavymkrokemcz&#038;campaign=hu&#038;campaign=kde-bydlet-v-marrakesi&#038;hotelname=Riad%20BE%20Marrakech&#038;address=Marr%C3%A1ke%C5%A1%2C%20Maroko\" target=\"_blank\" rel=\"nofollow noopener\">\n      <span class=\"lk-stay-badge badge-nature\">\ud83c\udfe8 Hotel<\/span>\n      <div class=\"lk-stay-name\">Riad BE Marrakech<\/div>\n      <div class=\"lk-stay-desc\">\u00c9rz\u00e9keny fel\u00faj\u00edt\u00e1s, sz\u00ednes bels\u0151 terek, t\u00fcrkiz medence, csendes d\u00e9li elhelyezked\u00e9s, reggeli a tet\u0151teraszon.<\/div>\n      <div class=\"lk-stay-meta\">\n        <span class=\"lk-stay-stars\">\u2605\u2605\u2605\u2605<\/span>\n        <span class=\"lk-stay-price\">120\u2013220 \u20ac<\/span>\n      <\/div>\n      <span class=\"lk-stay-cta\">\n        <svg width=\"14\" height=\"14\" viewBox=\"0 0 24 24\" fill=\"none\" stroke=\"currentColor\" stroke-width=\"2\"><path d=\"M18 13v6a2 2 0 0 1-2 2H5a2 2 0 0 1-2-2V8a2 2 0 0 1 2-2h6\"\/><polyline points=\"15 3 21 3 21 9\"\/><line x1=\"10\" y1=\"14\" x2=\"21\" y2=\"3\"\/><\/svg>\n        Ellen\u0151rizd az el\u00e9rhet\u0151s\u00e9get\n      <\/span>\n    <\/a>\n\n    <a class=\"lk-stay-card\" href=\"https:\/\/www.stay22.com\/allez\/roam?aid=lukaskonecny&#038;campaign=loudavymkrokemcz&#038;campaign=hu&#038;campaign=kde-bydlet-v-marrakesi&#038;hotelname=Riad%20Shama%20Suites&#038;address=Marr%C3%A1ke%C5%A1%2C%20Maroko\" target=\"_blank\" rel=\"nofollow noopener\">\n      <span class=\"lk-stay-badge badge-nature\">\ud83c\udfe8 Hotel<\/span>\n      <div class=\"lk-stay-name\">Riad Shama Suites<\/div>\n      <div class=\"lk-stay-desc\">T\u00e1gas szob\u00e1k, ide\u00e1lisak gyermekes csal\u00e1doknak, medence, nyugalom.<\/div>\n      <div class=\"lk-stay-meta\">\n        <span class=\"lk-stay-stars\">\u2605\u2605\u2605\u2605<\/span>\n        <span class=\"lk-stay-price\">80\u2013160 \u20ac<\/span>\n      <\/div>\n      <span class=\"lk-stay-cta\">\n        <svg width=\"14\" height=\"14\" viewBox=\"0 0 24 24\" fill=\"none\" stroke=\"currentColor\" stroke-width=\"2\"><path d=\"M18 13v6a2 2 0 0 1-2 2H5a2 2 0 0 1-2-2V8a2 2 0 0 1 2-2h6\"\/><polyline points=\"15 3 21 3 21 9\"\/><line x1=\"10\" y1=\"14\" x2=\"21\" y2=\"3\"\/><\/svg>\n        Ellen\u0151rizd az el\u00e9rhet\u0151s\u00e9get\n      <\/span>\n    <\/a>\n\n    <a class=\"lk-stay-card\" href=\"https:\/\/www.stay22.com\/allez\/roam?aid=lukaskonecny&#038;campaign=loudavymkrokemcz&#038;campaign=hu&#038;campaign=kde-bydlet-v-marrakesi&#038;hotelname=Riad%20Bibazia&#038;address=Marr%C3%A1ke%C5%A1%2C%20Maroko\" target=\"_blank\" rel=\"nofollow noopener\">\n      <span class=\"lk-stay-badge badge-nature\">\ud83c\udfe8 Hotel<\/span>\n      <div class=\"lk-stay-name\">Riad Bibazia<\/div>\n      <div class=\"lk-stay-desc\">Biztons\u00e1gos utc\u00e1cska, bar\u00e1ts\u00e1gos szem\u00e9lyzet, olcs\u00f3 \u00e9s k\u00f6zvetlen\u00fcl a k\u00f6zpontban.<\/div>\n      <div class=\"lk-stay-meta\">\n        <span class=\"lk-stay-stars\">\u2605\u2605\u2605\u2605<\/span>\n        <span class=\"lk-stay-price\">40\u201370 \u20ac<\/span>\n      <\/div>\n      <span class=\"lk-stay-cta\">\n        <svg width=\"14\" height=\"14\" viewBox=\"0 0 24 24\" fill=\"none\" stroke=\"currentColor\" stroke-width=\"2\"><path d=\"M18 13v6a2 2 0 0 1-2 2H5a2 2 0 0 1-2-2V8a2 2 0 0 1 2-2h6\"\/><polyline points=\"15 3 21 3 21 9\"\/><line x1=\"10\" y1=\"14\" x2=\"21\" y2=\"3\"\/><\/svg>\n        Ellen\u0151rizd az el\u00e9rhet\u0151s\u00e9get\n      <\/span>\n    <\/a>\n\n  <\/div>\n\n  \n<\/div>\n\n\n\n\n<h3 class=\"wp-block-heading\"><span class=\"ez-toc-section\" id=\"6_Riad_Yasmine\"><\/span>6. Riad Yasmine<span class=\"ez-toc-section-end\"><\/span><\/h3>\n\n\n\n<p class=\"wp-block-paragraph\">Egy m\u00e1sik internetes legenda, amelyet a gy\u00f6ny\u00f6r\u0171 smaragdz\u00f6ld medence tett h\u00edress\u00e9, egyenesen az alj\u00e1ra festett nagy szimb\u00f3lummal. <strong>Ez a butik riad mind\u00f6ssze t\u00edz hangulatos szob\u00e1t k\u00edn\u00e1l<\/strong>, ami nagyon szem\u00e9lyes \u00e9s bar\u00e1ts\u00e1gos hozz\u00e1\u00e1ll\u00e1st garant\u00e1l a seg\u00edt\u0151k\u00e9sz tulajdonosok r\u00e9sz\u00e9r\u0151l. Minden szob\u00e1t egy m\u00e1sik marokk\u00f3i r\u00e9gi\u00f3r\u00f3l neveztek el, \u00e9s megvan a saj\u00e1t, specifikus sz\u00ednpalett\u00e1ja, \u00fagyhogy visszat\u00e9rhetsz ide, \u00e9s minden alkalommal \u00e1t\u00e9lhetsz valami kicsit m\u00e1st.<\/p>\n\n\n\n<p class=\"wp-block-paragraph\">A hangulatot gy\u00f6ny\u00f6r\u0171en kieg\u00e9sz\u00edtik a feln\u0151tt narancsf\u00e1k \u00e9s a v\u00edz k\u00f6r\u00fcl elhelyezett k\u00e9nyelmes p\u00e1rn\u00e1zott hever\u0151k. <strong>Abszol\u00fat ide\u00e1lis hely a szerelmes p\u00e1roknak<\/strong>, akik romantikus mened\u00e9ket keresnek a zajos medina forgatag\u00e1t\u00f3l \u00e9s por\u00e1t\u00f3l. Egy \u00e9jszaka nagyj\u00e1b\u00f3l 80\u2013150 eur\u00f3ba ker\u00fcl, ami ekkora sz\u00e9ps\u00e9g\u00e9rt nagyon korrekt \u00e1r.<\/p>\n\n\n\n<p class=\"wp-block-paragraph\">\ud83d\udca1 Tipp: Van itt egy <strong>elb\u0171v\u00f6l\u0151 macska, Bowie a neve<\/strong>, aki \u00e1ll\u00edt\u00f3lag nagyon szereti, ha a <strong>vend\u00e9gek k\u00e9nyeztetik<\/strong> a reggeli k\u00e1v\u00e9n\u00e1l.<\/p>\n\n\n\n<figure data-wp-context=\"{&quot;imageId&quot;:&quot;6a95408e9a5fe&quot;}\" data-wp-interactive=\"core\/image\" data-wp-key=\"6a95408e9a5fe\" class=\"wp-block-image size-full wp-lightbox-container\"><img decoding=\"async\" width=\"1600\" height=\"1200\" data-wp-class--hide=\"state.isContentHidden\" data-wp-class--show=\"state.isContentVisible\" data-wp-init=\"callbacks.setButtonStyles\" data-wp-on--click=\"actions.showLightbox\" data-wp-on--load=\"callbacks.setButtonStyles\" data-wp-on--pointerdown=\"actions.preloadImage\" data-wp-on--pointerenter=\"actions.preloadImageWithDelay\" data-wp-on--pointerleave=\"actions.cancelPreload\" data-wp-on-window--resize=\"callbacks.setButtonStyles\" src=\"https:\/\/loudavymkrokem.cz\/wp-content\/uploads\/2026\/08\/riad-shama-suites.jpg\" alt=\"Riad Shama Suites sz\u00e1lloda\" class=\"wp-image-395754\" title=\"\" srcset=\"https:\/\/loudavymkrokem.cz\/wp-content\/uploads\/2026\/08\/riad-shama-suites.jpg 1600w, https:\/\/loudavymkrokem.cz\/wp-content\/uploads\/2026\/08\/riad-shama-suites-300x225.jpg 300w, https:\/\/loudavymkrokem.cz\/wp-content\/uploads\/2026\/08\/riad-shama-suites-700x525.jpg 700w, https:\/\/loudavymkrokem.cz\/wp-content\/uploads\/2026\/08\/riad-shama-suites-768x576.jpg 768w, https:\/\/loudavymkrokem.cz\/wp-content\/uploads\/2026\/08\/riad-shama-suites-1536x1152.jpg 1536w, https:\/\/loudavymkrokem.cz\/wp-content\/uploads\/2026\/08\/riad-shama-suites-80x60.jpg 80w, https:\/\/loudavymkrokem.cz\/wp-content\/uploads\/2026\/08\/riad-shama-suites-160x120.jpg 160w, https:\/\/loudavymkrokem.cz\/wp-content\/uploads\/2026\/08\/riad-shama-suites-696x522.jpg 696w, https:\/\/loudavymkrokem.cz\/wp-content\/uploads\/2026\/08\/riad-shama-suites-1392x1044.jpg 1392w\" sizes=\"(max-width: 1600px) 100vw, 1600px\" \/><button\n\t\t\tclass=\"lightbox-trigger\"\n\t\t\ttype=\"button\"\n\t\t\taria-haspopup=\"dialog\"\n\t\t\tdata-wp-bind--aria-label=\"state.thisImage.triggerButtonAriaLabel\"\n\t\t\tdata-wp-init=\"callbacks.initTriggerButton\"\n\t\t\tdata-wp-on--click=\"actions.showLightbox\"\n\t\t\tdata-wp-style--right=\"state.thisImage.buttonRight\"\n\t\t\tdata-wp-style--top=\"state.thisImage.buttonTop\"\n\t\t>\n\t\t\t<svg xmlns=\"http:\/\/www.w3.org\/2000\/svg\" width=\"12\" height=\"12\" fill=\"none\" viewBox=\"0 0 12 12\">\n\t\t\t\t<path fill=\"#fff\" d=\"M2 0a2 2 0 0 0-2 2v2h1.5V2a.5.5 0 0 1 .5-.5h2V0H2Zm2 10.5H2a.5.5 0 0 1-.5-.5V8H0v2a2 2 0 0 0 2 2h2v-1.5ZM8 12v-1.5h2a.5.5 0 0 0 .5-.5V8H12v2a2 2 0 0 1-2 2H8Zm2-12a2 2 0 0 1 2 2v2h-1.5V2a.5.5 0 0 0-.5-.5H8V0h2Z\" \/>\n\t\t\t<\/svg>\n\t\t<\/button><figcaption class=\"wp-element-caption\">Fot\u00f3: Franck Nado \/ Google Maps<\/figcaption><\/figure>\n\n\n\n<h3 class=\"wp-block-heading\"><span class=\"ez-toc-section\" id=\"7_Riad_Shama_Suites\"><\/span>7. Riad Shama Suites<span class=\"ez-toc-section-end\"><\/span><\/h3>\n\n\n\n<p class=\"wp-block-paragraph\">Ha gyerekekkel vagy nagyobb bar\u00e1ti t\u00e1rsas\u00e1ggal utazol, ez a riad sz\u00e1modra teljesen fantasztikus \u00e9s praktikus v\u00e1laszt\u00e1s. <strong>A szob\u00e1k ugyanis szokatlanul nagyvonal\u00faak \u00e9s t\u00e1gasak<\/strong>, ami a medina sz\u0171k\u00f6sen be\u00e9p\u00edtett \u00f3v\u00e1ros\u00e1ban semmik\u00e9pp sem szokott jellemz\u0151 lenni. A csal\u00e1dok \u00e9rt\u00e9kelik, hogy a szob\u00e1kba k\u00e9nyelmesen bef\u00e9r egy gyerek\u00e1gy is, \u00e9s m\u00e9g marad el\u00e9g hely az \u00f6sszes b\u0151r\u00f6ndnek \u00e9s j\u00e1t\u00e9knak.<\/p>\n\n\n\n<p class=\"wp-block-paragraph\">A nagy, vil\u00e1gos bels\u0151 udvar k\u00f6zep\u00e9n gy\u00f6ny\u00f6r\u0171 tiszta medence tal\u00e1lhat\u00f3, amelybe az eg\u00e9sz napos gyalogl\u00e1s ut\u00e1n lelkesen belemer\u00fclhetsz. <strong>Az eg\u00e9sz \u00e9p\u00fclet nagyon nyugodt \u00e9s kellemesen csendes<\/strong>, \u00fagyhogy egy megterhel\u0151 nap ut\u00e1n te \u00e9s a gyerekeid is remek\u00fcl kialussz\u00e1tok magatokat. \u00c1raiban ez a hely a k\u00f6z\u00e9pkateg\u00f3ri\u00e1ba sorolhat\u00f3, nagyon j\u00f3 \u00e1r-\u00e9rt\u00e9k ar\u00e1nnyal.<\/p>\n\n\n\n<p class=\"wp-block-paragraph\">\ud83d\udca1 Tipp: A szem\u00e9lyzet \u00e1ll\u00edt\u00f3lag nagyon k\u00e9szs\u00e9ges a <strong>speci\u00e1lis gyerek\u00e9telekkel<\/strong> kapcsolatban, \u00e9s sz\u00edvesen seg\u00edt a <strong>csal\u00e1di kir\u00e1ndul\u00e1sok szervez\u00e9s\u00e9ben<\/strong> is a k\u00f6rny\u00e9ken.<\/p>\n\n\n\n<figure data-wp-context=\"{&quot;imageId&quot;:&quot;6a95408e9ac1a&quot;}\" data-wp-interactive=\"core\/image\" data-wp-key=\"6a95408e9ac1a\" class=\"wp-block-image size-full wp-lightbox-container\"><img decoding=\"async\" width=\"1600\" height=\"1200\" data-wp-class--hide=\"state.isContentHidden\" data-wp-class--show=\"state.isContentVisible\" data-wp-init=\"callbacks.setButtonStyles\" data-wp-on--click=\"actions.showLightbox\" data-wp-on--load=\"callbacks.setButtonStyles\" data-wp-on--pointerdown=\"actions.preloadImage\" data-wp-on--pointerenter=\"actions.preloadImageWithDelay\" data-wp-on--pointerleave=\"actions.cancelPreload\" data-wp-on-window--resize=\"callbacks.setButtonStyles\" src=\"https:\/\/loudavymkrokem.cz\/wp-content\/uploads\/2026\/08\/riad-dar-el-bahja-spa.jpg\" alt=\"Riad Dar El Bahja &amp; Spa sz\u00e1lloda\" class=\"wp-image-395755\" title=\"\" srcset=\"https:\/\/loudavymkrokem.cz\/wp-content\/uploads\/2026\/08\/riad-dar-el-bahja-spa.jpg 1600w, https:\/\/loudavymkrokem.cz\/wp-content\/uploads\/2026\/08\/riad-dar-el-bahja-spa-300x225.jpg 300w, https:\/\/loudavymkrokem.cz\/wp-content\/uploads\/2026\/08\/riad-dar-el-bahja-spa-700x525.jpg 700w, https:\/\/loudavymkrokem.cz\/wp-content\/uploads\/2026\/08\/riad-dar-el-bahja-spa-768x576.jpg 768w, https:\/\/loudavymkrokem.cz\/wp-content\/uploads\/2026\/08\/riad-dar-el-bahja-spa-1536x1152.jpg 1536w, https:\/\/loudavymkrokem.cz\/wp-content\/uploads\/2026\/08\/riad-dar-el-bahja-spa-80x60.jpg 80w, https:\/\/loudavymkrokem.cz\/wp-content\/uploads\/2026\/08\/riad-dar-el-bahja-spa-160x120.jpg 160w, https:\/\/loudavymkrokem.cz\/wp-content\/uploads\/2026\/08\/riad-dar-el-bahja-spa-696x522.jpg 696w, https:\/\/loudavymkrokem.cz\/wp-content\/uploads\/2026\/08\/riad-dar-el-bahja-spa-1392x1044.jpg 1392w\" sizes=\"(max-width: 1600px) 100vw, 1600px\" \/><button\n\t\t\tclass=\"lightbox-trigger\"\n\t\t\ttype=\"button\"\n\t\t\taria-haspopup=\"dialog\"\n\t\t\tdata-wp-bind--aria-label=\"state.thisImage.triggerButtonAriaLabel\"\n\t\t\tdata-wp-init=\"callbacks.initTriggerButton\"\n\t\t\tdata-wp-on--click=\"actions.showLightbox\"\n\t\t\tdata-wp-style--right=\"state.thisImage.buttonRight\"\n\t\t\tdata-wp-style--top=\"state.thisImage.buttonTop\"\n\t\t>\n\t\t\t<svg xmlns=\"http:\/\/www.w3.org\/2000\/svg\" width=\"12\" height=\"12\" fill=\"none\" viewBox=\"0 0 12 12\">\n\t\t\t\t<path fill=\"#fff\" d=\"M2 0a2 2 0 0 0-2 2v2h1.5V2a.5.5 0 0 1 .5-.5h2V0H2Zm2 10.5H2a.5.5 0 0 1-.5-.5V8H0v2a2 2 0 0 0 2 2h2v-1.5ZM8 12v-1.5h2a.5.5 0 0 0 .5-.5V8H12v2a2 2 0 0 1-2 2H8Zm2-12a2 2 0 0 1 2 2v2h-1.5V2a.5.5 0 0 0-.5-.5H8V0h2Z\" \/>\n\t\t\t<\/svg>\n\t\t<\/button><figcaption class=\"wp-element-caption\">Fot\u00f3: Hussain Al gullan \/ Google Maps<\/figcaption><\/figure>\n\n\n\n<h3 class=\"wp-block-heading\"><span class=\"ez-toc-section\" id=\"8_Riad_Dar_El_Bahja_Spa\"><\/span>8. Riad Dar El Bahja &amp; Spa<span class=\"ez-toc-section-end\"><\/span><\/h3>\n\n\n\n<p class=\"wp-block-paragraph\">Ez a hagyom\u00e1nyos riad nagyon strat\u00e9giai helyen fekszik, ahonnan minden f\u0151 l\u00e1tnival\u00f3hoz viszonylag k\u00f6zel vagy. <strong>Nagyon autentikus \u00e9s sz\u00edvmelenget\u0151 marokk\u00f3i \u00e9lm\u00e9nyt k\u00edn\u00e1l<\/strong> gy\u00f6ny\u00f6r\u0171 faragott ajt\u00f3kkal, kov\u00e1csoltvas csill\u00e1rokkal \u00e9s sz\u00ednes mozaikokkal l\u00e9pten-nyomon. K\u00edv\u00fclr\u0151l k\u00f6z\u00f6ns\u00e9ges falnak t\u0171nik, de amint bel\u00e9psz, egy z\u00f6lddel teli nyugodt t\u00e9r t\u00e1rul el\u00e9d.<\/p>\n\n\n\n<p class=\"wp-block-paragraph\">A riad r\u00e9sze egy kicsi, de nagyon kellemes spa-k\u00f6zpont is, ahol egy hossz\u00fa, k\u00f6vezeten s\u00e9t\u00e1lgat\u00e1ssal elt\u00f6lt\u00f6tt nap ut\u00e1n megpihenhetsz. <strong>A vend\u00e9gek f\u0151leg a nagyon tiszta szob\u00e1kat dics\u00e9rik<\/strong> \u00e9s az \u00f6r\u00f6kk\u00e9 mosolyg\u00f3s szem\u00e9lyzetet, amely sz\u00edvesen \u00e9s k\u00e9szs\u00e9gesen seg\u00edt eligazodni az \u00f3v\u00e1ros kanyarg\u00f3s sik\u00e1toraiban. \u00c1raiban ez egy nagyon kellemes k\u00f6z\u00e9p\u00fat.<\/p>\n\n\n\n<p class=\"wp-block-paragraph\">\ud83d\udca1 Tipp: Mindenk\u00e9pp rendelj itt egy <strong>hagyom\u00e1nyos, t\u00fal\u00e9des\u00edtett mentate\u00e1t<\/strong> r\u00f6gt\u00f6n az \u00e9rkez\u00e9s ut\u00e1n, ez gy\u00f6ny\u00f6r\u0171en \u00e1tv\u00e1lt a <strong>lass\u00fa marokk\u00f3i \u00fczemm\u00f3dba<\/strong>.<\/p>\n\n\n\n<figure data-wp-context=\"{&quot;imageId&quot;:&quot;6a95408e9b0f2&quot;}\" data-wp-interactive=\"core\/image\" data-wp-key=\"6a95408e9b0f2\" class=\"wp-block-image size-full wp-lightbox-container\"><img decoding=\"async\" width=\"1600\" height=\"1600\" data-wp-class--hide=\"state.isContentHidden\" data-wp-class--show=\"state.isContentVisible\" data-wp-init=\"callbacks.setButtonStyles\" data-wp-on--click=\"actions.showLightbox\" data-wp-on--load=\"callbacks.setButtonStyles\" data-wp-on--pointerdown=\"actions.preloadImage\" data-wp-on--pointerenter=\"actions.preloadImageWithDelay\" data-wp-on--pointerleave=\"actions.cancelPreload\" data-wp-on-window--resize=\"callbacks.setButtonStyles\" src=\"https:\/\/loudavymkrokem.cz\/wp-content\/uploads\/2026\/08\/riad-alia.jpg\" alt=\"Riad Alia sz\u00e1lloda\" class=\"wp-image-395758\" title=\"\" srcset=\"https:\/\/loudavymkrokem.cz\/wp-content\/uploads\/2026\/08\/riad-alia.jpg 1600w, https:\/\/loudavymkrokem.cz\/wp-content\/uploads\/2026\/08\/riad-alia-300x300.jpg 300w, https:\/\/loudavymkrokem.cz\/wp-content\/uploads\/2026\/08\/riad-alia-700x700.jpg 700w, https:\/\/loudavymkrokem.cz\/wp-content\/uploads\/2026\/08\/riad-alia-150x150.jpg 150w, https:\/\/loudavymkrokem.cz\/wp-content\/uploads\/2026\/08\/riad-alia-768x768.jpg 768w, https:\/\/loudavymkrokem.cz\/wp-content\/uploads\/2026\/08\/riad-alia-1536x1536.jpg 1536w, https:\/\/loudavymkrokem.cz\/wp-content\/uploads\/2026\/08\/riad-alia-696x696.jpg 696w, https:\/\/loudavymkrokem.cz\/wp-content\/uploads\/2026\/08\/riad-alia-1392x1392.jpg 1392w\" sizes=\"(max-width: 1600px) 100vw, 1600px\" \/><button\n\t\t\tclass=\"lightbox-trigger\"\n\t\t\ttype=\"button\"\n\t\t\taria-haspopup=\"dialog\"\n\t\t\tdata-wp-bind--aria-label=\"state.thisImage.triggerButtonAriaLabel\"\n\t\t\tdata-wp-init=\"callbacks.initTriggerButton\"\n\t\t\tdata-wp-on--click=\"actions.showLightbox\"\n\t\t\tdata-wp-style--right=\"state.thisImage.buttonRight\"\n\t\t\tdata-wp-style--top=\"state.thisImage.buttonTop\"\n\t\t>\n\t\t\t<svg xmlns=\"http:\/\/www.w3.org\/2000\/svg\" width=\"12\" height=\"12\" fill=\"none\" viewBox=\"0 0 12 12\">\n\t\t\t\t<path fill=\"#fff\" d=\"M2 0a2 2 0 0 0-2 2v2h1.5V2a.5.5 0 0 1 .5-.5h2V0H2Zm2 10.5H2a.5.5 0 0 1-.5-.5V8H0v2a2 2 0 0 0 2 2h2v-1.5ZM8 12v-1.5h2a.5.5 0 0 0 .5-.5V8H12v2a2 2 0 0 1-2 2H8Zm2-12a2 2 0 0 1 2 2v2h-1.5V2a.5.5 0 0 0-.5-.5H8V0h2Z\" \/>\n\t\t\t<\/svg>\n\t\t<\/button><figcaption class=\"wp-element-caption\">Fot\u00f3: Riad Alia \/ Google Maps<\/figcaption><\/figure>\n\n\n\n<h3 class=\"wp-block-heading\"><span class=\"ez-toc-section\" id=\"9_Riad_Alia\"><\/span>9. Riad Alia<span class=\"ez-toc-section-end\"><\/span><\/h3>\n\n\n\n<p class=\"wp-block-paragraph\">Sz\u00e9p \u00e9s megb\u00edzhat\u00f3 v\u00e1laszt\u00e1s a k\u00f6z\u00e9pkateg\u00f3ri\u00e1ban, amely szolg\u00e1ltat\u00e1saival biztosan nem fog csal\u00f3d\u00e1st okozni. <strong>A <a href=\"https:\/\/www.stay22.com\/allez\/roam?aid=lukaskonecny&amp;campaign=loudavymkrokemcz&amp;campaign=kde-bydlet-v-marrakesi&amp;hotelname=Riad%20Alia&amp;address=Marr%C3%A1ke%C5%A1%2C%20Maroko\" target=\"_blank\" rel=\"noopener nofollow sponsored\">Riad Alia<\/a> okosan \u00f6tv\u00f6zi a hagyom\u00e1nyos marokk\u00f3i \u00e9p\u00edt\u00e9szetet a modern felszerelts\u00e9ggel<\/strong>, \u00fagyhogy nem fog hi\u00e1nyozni semmi a megszokott eur\u00f3pai sz\u00ednvonalb\u00f3l. A falakat hagyom\u00e1nyos stukk\u00f3 d\u00edsz\u00edti, a padl\u00f3n pedig k\u00e9zzel sz\u0151tt berber sz\u0151nyegek fekszenek, amelyek meleget adnak a helynek.<\/p>\n\n\n\n<p class=\"wp-block-paragraph\">A bels\u0151 udvar tele van \u00fcde z\u00f6lddel, \u00e9s egy kisebb h\u0171s\u00edt\u0151 medenc\u00e9t rejt, amely a ny\u00e1ri h\u00f3napokban egyenesen \u00e9leteket ment egy felhev\u00fclt d\u00e9lut\u00e1n ut\u00e1n. <strong>A reggelit itt frissen \u00e9s hihetetlen\u00fcl b\u0151s\u00e9gesen szolg\u00e1lj\u00e1k fel<\/strong>, tele h\u00e1zi meleg p\u00e9ks\u00fctem\u00e9nnyel, lekv\u00e1rokkal \u00e9s a reggeli piacon v\u00e1s\u00e1rolt friss gy\u00fcm\u00f6lccsel.<\/p>\n\n\n\n<p class=\"wp-block-paragraph\">\ud83d\udca1 Tipp: A fels\u0151bb emeleteken l\u00e9v\u0151 szob\u00e1kba kicsit <strong>t\u00f6bb term\u00e9szetes f\u00e9ny jut<\/strong>, mint a f\u00f6ldszintiekbe, \u00fagyhogy foglal\u00e1skor pr\u00f3b\u00e1lj <strong>fentebbi szob\u00e1t k\u00e9rni<\/strong>.<\/p>\n\n\n\n<figure data-wp-context=\"{&quot;imageId&quot;:&quot;6a95408e9b6e2&quot;}\" data-wp-interactive=\"core\/image\" data-wp-key=\"6a95408e9b6e2\" class=\"wp-block-image size-full wp-lightbox-container\"><img decoding=\"async\" width=\"1600\" height=\"2133\" data-wp-class--hide=\"state.isContentHidden\" data-wp-class--show=\"state.isContentVisible\" data-wp-init=\"callbacks.setButtonStyles\" data-wp-on--click=\"actions.showLightbox\" data-wp-on--load=\"callbacks.setButtonStyles\" data-wp-on--pointerdown=\"actions.preloadImage\" data-wp-on--pointerenter=\"actions.preloadImageWithDelay\" data-wp-on--pointerleave=\"actions.cancelPreload\" data-wp-on-window--resize=\"callbacks.setButtonStyles\" src=\"https:\/\/loudavymkrokem.cz\/wp-content\/uploads\/2026\/08\/maison-dar-saada.jpg\" alt=\"Maison Dar Saada sz\u00e1lloda\" class=\"wp-image-395761\" title=\"\" srcset=\"https:\/\/loudavymkrokem.cz\/wp-content\/uploads\/2026\/08\/maison-dar-saada.jpg 1600w, https:\/\/loudavymkrokem.cz\/wp-content\/uploads\/2026\/08\/maison-dar-saada-225x300.jpg 225w, https:\/\/loudavymkrokem.cz\/wp-content\/uploads\/2026\/08\/maison-dar-saada-700x933.jpg 700w, https:\/\/loudavymkrokem.cz\/wp-content\/uploads\/2026\/08\/maison-dar-saada-768x1024.jpg 768w, https:\/\/loudavymkrokem.cz\/wp-content\/uploads\/2026\/08\/maison-dar-saada-1152x1536.jpg 1152w, https:\/\/loudavymkrokem.cz\/wp-content\/uploads\/2026\/08\/maison-dar-saada-1536x2048.jpg 1536w, https:\/\/loudavymkrokem.cz\/wp-content\/uploads\/2026\/08\/maison-dar-saada-696x928.jpg 696w, https:\/\/loudavymkrokem.cz\/wp-content\/uploads\/2026\/08\/maison-dar-saada-1392x1856.jpg 1392w\" sizes=\"(max-width: 1600px) 100vw, 1600px\" \/><button\n\t\t\tclass=\"lightbox-trigger\"\n\t\t\ttype=\"button\"\n\t\t\taria-haspopup=\"dialog\"\n\t\t\tdata-wp-bind--aria-label=\"state.thisImage.triggerButtonAriaLabel\"\n\t\t\tdata-wp-init=\"callbacks.initTriggerButton\"\n\t\t\tdata-wp-on--click=\"actions.showLightbox\"\n\t\t\tdata-wp-style--right=\"state.thisImage.buttonRight\"\n\t\t\tdata-wp-style--top=\"state.thisImage.buttonTop\"\n\t\t>\n\t\t\t<svg xmlns=\"http:\/\/www.w3.org\/2000\/svg\" width=\"12\" height=\"12\" fill=\"none\" viewBox=\"0 0 12 12\">\n\t\t\t\t<path fill=\"#fff\" d=\"M2 0a2 2 0 0 0-2 2v2h1.5V2a.5.5 0 0 1 .5-.5h2V0H2Zm2 10.5H2a.5.5 0 0 1-.5-.5V8H0v2a2 2 0 0 0 2 2h2v-1.5ZM8 12v-1.5h2a.5.5 0 0 0 .5-.5V8H12v2a2 2 0 0 1-2 2H8Zm2-12a2 2 0 0 1 2 2v2h-1.5V2a.5.5 0 0 0-.5-.5H8V0h2Z\" \/>\n\t\t\t<\/svg>\n\t\t<\/button><figcaption class=\"wp-element-caption\">Fot\u00f3: Lumarie \/ Google Maps<\/figcaption><\/figure>\n\n\n\n<h3 class=\"wp-block-heading\"><span class=\"ez-toc-section\" id=\"10_Maison_Dar_Saada\"><\/span>10. Maison Dar Saada<span class=\"ez-toc-section-end\"><\/span><\/h3>\n\n\n\n<p class=\"wp-block-paragraph\">A sz\u0171k\u00f6sebb k\u00f6lts\u00e9gvet\u00e9s\u0171 utaz\u00f3knak ez a hangulatos sz\u00e1ll\u00e1s egyenesen rejtett kincs. <strong>A <a href=\"https:\/\/www.stay22.com\/allez\/roam?aid=lukaskonecny&amp;campaign=loudavymkrokemcz&amp;campaign=kde-bydlet-v-marrakesi&amp;hotelname=Maison%20Dar%20Saada&amp;address=Marr%C3%A1ke%C5%A1%2C%20Maroko\" target=\"_blank\" rel=\"noopener nofollow sponsored\">Maison Dar Saada<\/a> egyenesen a ny\u00fczsg\u00e9s kell\u0151s k\u00f6zep\u00e9n fekszik<\/strong>, \u00fagyhogy a f\u0151 Jemaa el-Fnaa t\u00e9rhez \u00e9s a legh\u00edresebb l\u00e1tnival\u00f3khoz is csak p\u00e1r perc gyalog. \u00cdgy nem kell taxikra k\u00f6ltened, \u00e9s a v\u00e1ros nagy r\u00e9sz\u00e9t k\u00e9nyelmesen bej\u00e1rhatod a saj\u00e1t l\u00e1badon.<\/p>\n\n\n\n<p class=\"wp-block-paragraph\">A jelent\u0151sen alacsonyabb \u00e1r ellen\u00e9re a h\u00e1z meg\u0151rzi csod\u00e1latos autentikus hangulat\u00e1t, \u00e9s a tulajdonosok szeretettel \u00e9s gondoss\u00e1ggal t\u00f6r\u0151dnek vele. <strong>Nincs itt ugyan felesleges luxus, sem nagy medence<\/strong>, de k\u00e9nyelmes \u00e1gyakat, tiszta, karbantartott f\u00fcrd\u0151szob\u00e1kat \u00e9s \u00f3ri\u00e1si adag \u0151szinte marokk\u00f3i vend\u00e9gszeretetet tal\u00e1lsz.<\/p>\n\n\n\n<p class=\"wp-block-paragraph\">\ud83d\udca1 Tipp: Kiv\u00e1l\u00f3 v\u00e1laszt\u00e1s azoknak, akik a nap nagy r\u00e9sz\u00e9t a <strong>v\u00e1ros felfedez\u00e9s\u00e9vel<\/strong> \u00e9s a hangulat magukba sz\u00edv\u00e1s\u00e1val akarj\u00e1k t\u00f6lteni, \u00e9s a sz\u00e1ll\u00e1sra t\u00e9nyleg csak <strong>aludni j\u00e1rnak<\/strong>.<\/p>\n\n\n\n<figure data-wp-context=\"{&quot;imageId&quot;:&quot;6a95408e9be90&quot;}\" data-wp-interactive=\"core\/image\" data-wp-key=\"6a95408e9be90\" class=\"wp-block-image size-full wp-lightbox-container\"><img decoding=\"async\" width=\"1024\" height=\"768\" data-wp-class--hide=\"state.isContentHidden\" data-wp-class--show=\"state.isContentVisible\" data-wp-init=\"callbacks.setButtonStyles\" data-wp-on--click=\"actions.showLightbox\" data-wp-on--load=\"callbacks.setButtonStyles\" data-wp-on--pointerdown=\"actions.preloadImage\" data-wp-on--pointerenter=\"actions.preloadImageWithDelay\" data-wp-on--pointerleave=\"actions.cancelPreload\" data-wp-on-window--resize=\"callbacks.setButtonStyles\" src=\"https:\/\/loudavymkrokem.cz\/wp-content\/uploads\/2026\/08\/riad-bibazia.jpg\" alt=\"Riad Bibazia sz\u00e1lloda\" class=\"wp-image-395762\" title=\"\" srcset=\"https:\/\/loudavymkrokem.cz\/wp-content\/uploads\/2026\/08\/riad-bibazia.jpg 1024w, https:\/\/loudavymkrokem.cz\/wp-content\/uploads\/2026\/08\/riad-bibazia-300x225.jpg 300w, https:\/\/loudavymkrokem.cz\/wp-content\/uploads\/2026\/08\/riad-bibazia-700x525.jpg 700w, https:\/\/loudavymkrokem.cz\/wp-content\/uploads\/2026\/08\/riad-bibazia-768x576.jpg 768w, https:\/\/loudavymkrokem.cz\/wp-content\/uploads\/2026\/08\/riad-bibazia-80x60.jpg 80w, https:\/\/loudavymkrokem.cz\/wp-content\/uploads\/2026\/08\/riad-bibazia-160x120.jpg 160w, https:\/\/loudavymkrokem.cz\/wp-content\/uploads\/2026\/08\/riad-bibazia-696x522.jpg 696w\" sizes=\"(max-width: 1024px) 100vw, 1024px\" \/><button\n\t\t\tclass=\"lightbox-trigger\"\n\t\t\ttype=\"button\"\n\t\t\taria-haspopup=\"dialog\"\n\t\t\tdata-wp-bind--aria-label=\"state.thisImage.triggerButtonAriaLabel\"\n\t\t\tdata-wp-init=\"callbacks.initTriggerButton\"\n\t\t\tdata-wp-on--click=\"actions.showLightbox\"\n\t\t\tdata-wp-style--right=\"state.thisImage.buttonRight\"\n\t\t\tdata-wp-style--top=\"state.thisImage.buttonTop\"\n\t\t>\n\t\t\t<svg xmlns=\"http:\/\/www.w3.org\/2000\/svg\" width=\"12\" height=\"12\" fill=\"none\" viewBox=\"0 0 12 12\">\n\t\t\t\t<path fill=\"#fff\" d=\"M2 0a2 2 0 0 0-2 2v2h1.5V2a.5.5 0 0 1 .5-.5h2V0H2Zm2 10.5H2a.5.5 0 0 1-.5-.5V8H0v2a2 2 0 0 0 2 2h2v-1.5ZM8 12v-1.5h2a.5.5 0 0 0 .5-.5V8H12v2a2 2 0 0 1-2 2H8Zm2-12a2 2 0 0 1 2 2v2h-1.5V2a.5.5 0 0 0-.5-.5H8V0h2Z\" \/>\n\t\t\t<\/svg>\n\t\t<\/button><figcaption class=\"wp-element-caption\">Fot\u00f3: RIAD BIBAZIA \/ Google Maps<\/figcaption><\/figure>\n\n\n\n<h3 class=\"wp-block-heading\"><span class=\"ez-toc-section\" id=\"11_Riad_Bibazia\"><\/span>11. Riad Bibazia<span class=\"ez-toc-section-end\"><\/span><\/h3>\n\n\n\n<p class=\"wp-block-paragraph\">Ez az olcs\u00f3bb riad \u00f3ri\u00e1si meglepet\u00e9s, mert kev\u00e9s p\u00e9nz\u00e9rt t\u00e9nyleg sokat kapsz, \u00e9s remek a kiszolg\u00e1l\u00e1s. <strong>Nagyon biztons\u00e1gos \u00e9s nyugodt sik\u00e1torban fekszik<\/strong>, \u00fagyhogy est\u00e9nk\u00e9nt nem kell tartanod az utcazajt\u00f3l, sem a tolakod\u00f3 \u00e1rusokt\u00f3l, akik zavarn\u00e1nak az alv\u00e1sban. A bels\u0151 t\u00e9r vil\u00e1gos, tiszta \u00e9s nagyon \u00edzl\u00e9sesen berendezett a helyi hagyom\u00e1nyokra tekintettel.<\/p>\n\n\n\n<p class=\"wp-block-paragraph\">A hely legnagyobb er\u00e9nye a hihetetlen\u00fcl seg\u00edt\u0151k\u00e9sz szem\u00e9lyzet, amely mindenben k\u00e9szs\u00e9gesen seg\u00edt, \u00e9s megszervezi a rept\u00e9ri transzfert is. <strong>A riad ugyan kisebb, de nagyon hangulatos<\/strong>, s\u0151t van itt egy nagyon sz\u00e9p kis tet\u0151terasz is a csillagok alatti esti \u00fcld\u00f6g\u00e9l\u00e9shez. Marokk\u00f3ban tartottuk magunkat az angol f\u00f3rumok szab\u00e1ly\u00e1hoz, \u00e9s ott ett\u00fcnk, ahol a helyiek, ami remek \u00e9telt garant\u00e1lt.<\/p>\n\n\n\n<p class=\"wp-block-paragraph\">\ud83d\udca1 Tipp: K\u00e9rj tan\u00e1csot a szem\u00e9lyzett\u0151l, hol lehet a k\u00f6rny\u00e9ken <strong>j\u00f3l \u00e9s olcs\u00f3n enni<\/strong>, mert remek tippjeik vannak helyi \u00e9ttermekre <strong>a dr\u00e1ga turistacsapd\u00e1kon k\u00edv\u00fcl<\/strong>.<\/p>\n\n\n\n<figure data-wp-context=\"{&quot;imageId&quot;:&quot;6a95408e9c51e&quot;}\" data-wp-interactive=\"core\/image\" data-wp-key=\"6a95408e9c51e\" class=\"wp-block-image size-full wp-lightbox-container\"><img decoding=\"async\" width=\"1600\" height=\"1068\" data-wp-class--hide=\"state.isContentHidden\" data-wp-class--show=\"state.isContentVisible\" data-wp-init=\"callbacks.setButtonStyles\" data-wp-on--click=\"actions.showLightbox\" data-wp-on--load=\"callbacks.setButtonStyles\" data-wp-on--pointerdown=\"actions.preloadImage\" data-wp-on--pointerenter=\"actions.preloadImageWithDelay\" data-wp-on--pointerleave=\"actions.cancelPreload\" data-wp-on-window--resize=\"callbacks.setButtonStyles\" src=\"https:\/\/loudavymkrokem.cz\/wp-content\/uploads\/2026\/08\/riad-dada-massouda-spa.jpg\" alt=\"Riad Dada Massouda Spa sz\u00e1lloda\" class=\"wp-image-395766\" title=\"\" srcset=\"https:\/\/loudavymkrokem.cz\/wp-content\/uploads\/2026\/08\/riad-dada-massouda-spa.jpg 1600w, https:\/\/loudavymkrokem.cz\/wp-content\/uploads\/2026\/08\/riad-dada-massouda-spa-300x200.jpg 300w, https:\/\/loudavymkrokem.cz\/wp-content\/uploads\/2026\/08\/riad-dada-massouda-spa-700x467.jpg 700w, https:\/\/loudavymkrokem.cz\/wp-content\/uploads\/2026\/08\/riad-dada-massouda-spa-768x513.jpg 768w, https:\/\/loudavymkrokem.cz\/wp-content\/uploads\/2026\/08\/riad-dada-massouda-spa-1536x1025.jpg 1536w, https:\/\/loudavymkrokem.cz\/wp-content\/uploads\/2026\/08\/riad-dada-massouda-spa-696x465.jpg 696w, https:\/\/loudavymkrokem.cz\/wp-content\/uploads\/2026\/08\/riad-dada-massouda-spa-1392x929.jpg 1392w\" sizes=\"(max-width: 1600px) 100vw, 1600px\" \/><button\n\t\t\tclass=\"lightbox-trigger\"\n\t\t\ttype=\"button\"\n\t\t\taria-haspopup=\"dialog\"\n\t\t\tdata-wp-bind--aria-label=\"state.thisImage.triggerButtonAriaLabel\"\n\t\t\tdata-wp-init=\"callbacks.initTriggerButton\"\n\t\t\tdata-wp-on--click=\"actions.showLightbox\"\n\t\t\tdata-wp-style--right=\"state.thisImage.buttonRight\"\n\t\t\tdata-wp-style--top=\"state.thisImage.buttonTop\"\n\t\t>\n\t\t\t<svg xmlns=\"http:\/\/www.w3.org\/2000\/svg\" width=\"12\" height=\"12\" fill=\"none\" viewBox=\"0 0 12 12\">\n\t\t\t\t<path fill=\"#fff\" d=\"M2 0a2 2 0 0 0-2 2v2h1.5V2a.5.5 0 0 1 .5-.5h2V0H2Zm2 10.5H2a.5.5 0 0 1-.5-.5V8H0v2a2 2 0 0 0 2 2h2v-1.5ZM8 12v-1.5h2a.5.5 0 0 0 .5-.5V8H12v2a2 2 0 0 1-2 2H8Zm2-12a2 2 0 0 1 2 2v2h-1.5V2a.5.5 0 0 0-.5-.5H8V0h2Z\" \/>\n\t\t\t<\/svg>\n\t\t<\/button><figcaption class=\"wp-element-caption\">Fot\u00f3: Riad dada messouda &amp; spa \/ Google Maps<\/figcaption><\/figure>\n\n\n\n<h3 class=\"wp-block-heading\"><span class=\"ez-toc-section\" id=\"12_Riad_Dada_Massouda_Spa\"><\/span>12. Riad Dada Massouda Spa<span class=\"ez-toc-section-end\"><\/span><\/h3>\n\n\n\n<p class=\"wp-block-paragraph\">Kiv\u00e1l\u00f3 kompromisszum azoknak, akik szeretn\u00e9nek sp\u00f3rolni a sz\u00e1ll\u00e1son, de ugyanakkor sz\u00edvesen megengednek maguknak egy kis laz\u00edt\u00e1st \u00e9s k\u00e9nyeztet\u00e9st. <strong>Ez a riad ugyanis alacsony \u00e1ra ellen\u00e9re saj\u00e1t spa-h\u00e1tteret k\u00edn\u00e1l<\/strong>, ami ebben az el\u00e9rhet\u0151 \u00e1rkateg\u00f3ri\u00e1ban \u00f3ri\u00e1si \u00e9s nagyon \u00fcdv\u00f6zlend\u0151 ritkas\u00e1g. \u00cdgy \u00e9lvezheted a hagyom\u00e1nyos kezel\u00e9seket an\u00e9lk\u00fcl, hogy el kellene hagynod a sz\u00e1ll\u00e1sod k\u00e9nyelm\u00e9t.<\/p>\n\n\n\n<p class=\"wp-block-paragraph\">A szob\u00e1k ink\u00e1bb egyszer\u0171en, de nagyon \u00edzl\u00e9sesen vannak berendezve, \u00f3ri\u00e1si hangs\u00falyt fektetve a mindennapi tisztas\u00e1gra. <strong>A hangulat itt ink\u00e1bb otthonos \u00e9s laza<\/strong>, \u00fagyhogy nagyon gyorsan \u00fagy fogod \u00e9rezni magad, mint egy t\u00e1voli rokonn\u00e1l l\u00e1togat\u00f3ban, nem pedig egy szem\u00e9lytelen sz\u00e1llodal\u00e1ncban.<\/p>\n\n\n\n<p class=\"wp-block-paragraph\">\ud83d\udca1 Tipp: Foglalj n\u00e1luk egy <strong>laz\u00edt\u00f3 hammamot<\/strong> r\u00f6gt\u00f6n az els\u0151 est\u00e9re, ez gy\u00f6ny\u00f6r\u0171en seg\u00edt <strong>lemosni az \u00fat f\u00e1radalmait<\/strong> \u00e9s a rept\u00e9ri stresszt.<\/p>\n\n\n\n<figure data-wp-context=\"{&quot;imageId&quot;:&quot;6a95408e9cb44&quot;}\" data-wp-interactive=\"core\/image\" data-wp-key=\"6a95408e9cb44\" class=\"wp-block-image size-full wp-lightbox-container\"><img decoding=\"async\" width=\"1080\" height=\"608\" data-wp-class--hide=\"state.isContentHidden\" data-wp-class--show=\"state.isContentVisible\" data-wp-init=\"callbacks.setButtonStyles\" data-wp-on--click=\"actions.showLightbox\" data-wp-on--load=\"callbacks.setButtonStyles\" data-wp-on--pointerdown=\"actions.preloadImage\" data-wp-on--pointerenter=\"actions.preloadImageWithDelay\" data-wp-on--pointerleave=\"actions.cancelPreload\" data-wp-on-window--resize=\"callbacks.setButtonStyles\" src=\"https:\/\/loudavymkrokem.cz\/wp-content\/uploads\/2026\/08\/h-tel-toulousain.jpg\" alt=\"H\u00f4tel Toulousain sz\u00e1lloda\" class=\"wp-image-395769\" title=\"\" srcset=\"https:\/\/loudavymkrokem.cz\/wp-content\/uploads\/2026\/08\/h-tel-toulousain.jpg 1080w, https:\/\/loudavymkrokem.cz\/wp-content\/uploads\/2026\/08\/h-tel-toulousain-300x169.jpg 300w, https:\/\/loudavymkrokem.cz\/wp-content\/uploads\/2026\/08\/h-tel-toulousain-700x394.jpg 700w, https:\/\/loudavymkrokem.cz\/wp-content\/uploads\/2026\/08\/h-tel-toulousain-768x432.jpg 768w, https:\/\/loudavymkrokem.cz\/wp-content\/uploads\/2026\/08\/h-tel-toulousain-696x392.jpg 696w\" sizes=\"(max-width: 1080px) 100vw, 1080px\" \/><button\n\t\t\tclass=\"lightbox-trigger\"\n\t\t\ttype=\"button\"\n\t\t\taria-haspopup=\"dialog\"\n\t\t\tdata-wp-bind--aria-label=\"state.thisImage.triggerButtonAriaLabel\"\n\t\t\tdata-wp-init=\"callbacks.initTriggerButton\"\n\t\t\tdata-wp-on--click=\"actions.showLightbox\"\n\t\t\tdata-wp-style--right=\"state.thisImage.buttonRight\"\n\t\t\tdata-wp-style--top=\"state.thisImage.buttonTop\"\n\t\t>\n\t\t\t<svg xmlns=\"http:\/\/www.w3.org\/2000\/svg\" width=\"12\" height=\"12\" fill=\"none\" viewBox=\"0 0 12 12\">\n\t\t\t\t<path fill=\"#fff\" d=\"M2 0a2 2 0 0 0-2 2v2h1.5V2a.5.5 0 0 1 .5-.5h2V0H2Zm2 10.5H2a.5.5 0 0 1-.5-.5V8H0v2a2 2 0 0 0 2 2h2v-1.5ZM8 12v-1.5h2a.5.5 0 0 0 .5-.5V8H12v2a2 2 0 0 1-2 2H8Zm2-12a2 2 0 0 1 2 2v2h-1.5V2a.5.5 0 0 0-.5-.5H8V0h2Z\" \/>\n\t\t\t<\/svg>\n\t\t<\/button><figcaption class=\"wp-element-caption\">Fot\u00f3: Hotel Toulousain \/ Google Maps<\/figcaption><\/figure>\n\n\n\n<h3 class=\"wp-block-heading\"><span class=\"ez-toc-section\" id=\"13_Hotel_Toulousain\"><\/span>13. H\u00f4tel Toulousain<span class=\"ez-toc-section-end\"><\/span><\/h3>\n\n\n\n<p class=\"wp-block-paragraph\">Ha aut\u00f3val utazol Marokk\u00f3ban, a medin\u00e1t nagy \u00edvben ker\u00fcld el, \u00e9s ink\u00e1bb itt sz\u00e1llj meg. <strong>Ez a sz\u00e1lloda a modern Gu\u00e9liz negyedben fekszik<\/strong>, ami azt jelenti, hogy nyugodtan ide\u00e9rhetsz aut\u00f3val an\u00e9lk\u00fcl, hogy meg\u0151r\u00fcln\u00e9l a szam\u00e1rfogatok k\u00f6z\u00f6tti sz\u0171k sik\u00e1torokban. Nek\u00fcnk egy kis Fiat Panda volt b\u00e9relve, \u00e9s alaposan megizzadtunk a forgalomban. \u00d6t nap alatt egy\u00e9bk\u00e9nt a rend\u0151rs\u00e9g vagy h\u00fasszor meg\u00e1ll\u00edtott minket, \u00fagyhogy k\u00e9sz\u00fclj fel gyakori ellen\u0151rz\u00e9sekre, \u00e9s v\u00e9rtezd fel magad t\u00fcrelemmel.<\/p>\n\n\n\n<p class=\"wp-block-paragraph\">A H\u00f4tel Toulousain nagyon kellemes sz\u00ednvonalat, gy\u00f6ny\u00f6r\u0171 tr\u00f3pusi kertet \u00e9s f\u0151leg a sz\u00fcks\u00e9ges nyugalmat k\u00edn\u00e1lja az utcai k\u00e1oszt\u00f3l. <strong>Csak egy karny\u00fajt\u00e1snyira lesznek a modern k\u00e1v\u00e9z\u00f3k<\/strong> \u00e9s a nagy bev\u00e1s\u00e1rl\u00f3sug\u00e1rutak, az \u00f3v\u00e1rosba pedig egy kellemes, nagyj\u00e1b\u00f3l h\u00faszperces s\u00e9t\u00e1val eljutsz.<\/p>\n\n\n\n<p class=\"wp-block-paragraph\">\ud83d\udca1 Tipp: Ide\u00e1lis b\u00e1zis, ha Marrakeshb\u0151l <strong>egynapos kir\u00e1ndul\u00e1sokra<\/strong> szeretn\u00e9l indulni az Atlasz-hegys\u00e9g vagy az Ouzoud-v\u00edzes\u00e9sek fel\u00e9. Amikor mi a v\u00edzes\u00e9sekhez indultunk, kider\u00fclt, hogy a <strong>klasszikus turista\u00fat<\/strong> val\u00f3j\u00e1ban nyugodtabb, mint a felaj\u00e1nlott \u201enem turisztikai&#8221;.<\/p>\n\n\n\n<figure data-wp-context=\"{&quot;imageId&quot;:&quot;6a95408e9d25e&quot;}\" data-wp-interactive=\"core\/image\" data-wp-key=\"6a95408e9d25e\" class=\"wp-block-image size-full wp-lightbox-container\"><img decoding=\"async\" width=\"962\" height=\"1280\" data-wp-class--hide=\"state.isContentHidden\" data-wp-class--show=\"state.isContentVisible\" data-wp-init=\"callbacks.setButtonStyles\" data-wp-on--click=\"actions.showLightbox\" data-wp-on--load=\"callbacks.setButtonStyles\" data-wp-on--pointerdown=\"actions.preloadImage\" data-wp-on--pointerenter=\"actions.preloadImageWithDelay\" data-wp-on--pointerleave=\"actions.cancelPreload\" data-wp-on-window--resize=\"callbacks.setButtonStyles\" src=\"https:\/\/loudavymkrokem.cz\/wp-content\/uploads\/2026\/08\/riad-sijane.jpg\" alt=\"Riad Sijane sz\u00e1lloda\" class=\"wp-image-395773\" title=\"\" srcset=\"https:\/\/loudavymkrokem.cz\/wp-content\/uploads\/2026\/08\/riad-sijane.jpg 962w, https:\/\/loudavymkrokem.cz\/wp-content\/uploads\/2026\/08\/riad-sijane-225x300.jpg 225w, https:\/\/loudavymkrokem.cz\/wp-content\/uploads\/2026\/08\/riad-sijane-700x931.jpg 700w, https:\/\/loudavymkrokem.cz\/wp-content\/uploads\/2026\/08\/riad-sijane-768x1022.jpg 768w, https:\/\/loudavymkrokem.cz\/wp-content\/uploads\/2026\/08\/riad-sijane-696x926.jpg 696w\" sizes=\"(max-width: 962px) 100vw, 962px\" \/><button\n\t\t\tclass=\"lightbox-trigger\"\n\t\t\ttype=\"button\"\n\t\t\taria-haspopup=\"dialog\"\n\t\t\tdata-wp-bind--aria-label=\"state.thisImage.triggerButtonAriaLabel\"\n\t\t\tdata-wp-init=\"callbacks.initTriggerButton\"\n\t\t\tdata-wp-on--click=\"actions.showLightbox\"\n\t\t\tdata-wp-style--right=\"state.thisImage.buttonRight\"\n\t\t\tdata-wp-style--top=\"state.thisImage.buttonTop\"\n\t\t>\n\t\t\t<svg xmlns=\"http:\/\/www.w3.org\/2000\/svg\" width=\"12\" height=\"12\" fill=\"none\" viewBox=\"0 0 12 12\">\n\t\t\t\t<path fill=\"#fff\" d=\"M2 0a2 2 0 0 0-2 2v2h1.5V2a.5.5 0 0 1 .5-.5h2V0H2Zm2 10.5H2a.5.5 0 0 1-.5-.5V8H0v2a2 2 0 0 0 2 2h2v-1.5ZM8 12v-1.5h2a.5.5 0 0 0 .5-.5V8H12v2a2 2 0 0 1-2 2H8Zm2-12a2 2 0 0 1 2 2v2h-1.5V2a.5.5 0 0 0-.5-.5H8V0h2Z\" \/>\n\t\t\t<\/svg>\n\t\t<\/button><figcaption class=\"wp-element-caption\">Fot\u00f3: Riad Sijane \/ Google Maps<\/figcaption><\/figure>\n\n\n\n<h3 class=\"wp-block-heading\"><span class=\"ez-toc-section\" id=\"14_Riad_Sijane\"><\/span>14. Riad Sijane<span class=\"ez-toc-section-end\"><\/span><\/h3>\n\n\n\n<p class=\"wp-block-paragraph\">A mi szem\u00e9lyes v\u00e1laszt\u00e1sunk azokb\u00f3l az id\u0151kb\u0151l, amikor j\u00f3csk\u00e1n megh\u00fazott nadr\u00e1gsz\u00edjjal j\u00e1rtuk be Marokk\u00f3t, \u00e9s minden dirhamot megsz\u00e1moltunk. <strong>Ez egy klasszikus hostel egyenesen a ny\u00fczsg\u0151 medin\u00e1ban<\/strong>, amely emeletes \u00e1gyakat k\u00edn\u00e1l k\u00f6z\u00f6s szob\u00e1kban, t\u00e9nyleg verhetetlen \u00e1rakon, 12\u201318 eur\u00f3 k\u00f6z\u00f6tt. Az elhelyezked\u00e9s teljesen fantasztikus, mert a h\u00edres Jemaa el-Fnaa t\u00e9rhez csak egy karny\u00fajt\u00e1snyira vagy, \u00e9s ott k\u00f3sz\u00e1lhatsz ak\u00e1r estig.<\/p>\n\n\n\n<p class=\"wp-block-paragraph\">A h\u00e1tt\u00e9r itt nagyon egyszer\u0171, \u00e9s fel kell k\u00e9sz\u00fcln\u00f6d a tipikus h\u00e1tizs\u00e1kos ny\u00fczsg\u00e9sre \u00e9s egy kicsit kevesebb mag\u00e1n\u00e9letre. <strong>Ne felejts el saj\u00e1t t\u00f6r\u00f6lk\u00f6z\u0151t hozni<\/strong>, mert az a legolcs\u00f3bb \u00e1gyak \u00e1r\u00e1ban semmik\u00e9pp nincs benne, \u00e9s d\u00edj ellen\u00e9ben kellene k\u00f6lcs\u00f6n\u00f6zn\u00f6d. A hangulat a tet\u0151n viszont teljesen remek, \u00e9s \u00e9rdekes utaz\u00f3kkal tal\u00e1lkozol a vil\u00e1g minden t\u00e1j\u00e1r\u00f3l.<\/p>\n\n\n\n<p class=\"wp-block-paragraph\">\ud83d\udca1 Tipp: A recepci\u00f3n remek\u00fcl tudnak <strong>tan\u00e1csot adni az olcs\u00f3 buszokr\u00f3l<\/strong> a t\u00f6bbi marokk\u00f3i v\u00e1rosba, ami rendk\u00edv\u00fcl j\u00f3l j\u00f6n, ha <strong>nem saj\u00e1t aut\u00f3val utazol<\/strong>.<\/p>\n\n\n\n<h2 class=\"wp-block-heading\"><span class=\"ez-toc-section\" id=\"Hogyan_valaszd_ki_a_megfelelo_szallodat\"><\/span>Hogyan v\u00e1laszd ki a megfelel\u0151 sz\u00e1llod\u00e1t<span class=\"ez-toc-section-end\"><\/span><\/h2>\n\n\n\n<p class=\"wp-block-paragraph\">A marrakeshi sz\u00e1ll\u00e1s kiv\u00e1laszt\u00e1s\u00e1n\u00e1l egy alapvet\u0151 k\u00fcl\u00f6nbs\u00e9gbe \u00fctk\u00f6z\u00f6l a klasszikus sz\u00e1lloda \u00e9s a hagyom\u00e1nyos riad k\u00f6z\u00f6tt. <strong>A riad egy t\u00f6rt\u00e9nelmi h\u00e1z, amelynek nincsenek utc\u00e1ra n\u00e9z\u0151 ablakai<\/strong>, hanem minden szoba a bels\u0151, nyitott udvarra n\u00e9z, ahol gyakran van sz\u00f6k\u0151k\u00fat vagy kis medence. Ez gy\u00f6ny\u00f6r\u0171en autentikus \u00e9s fotog\u00e9n, de sz\u00e1molnod kell azzal, hogy bel\u00fcl kicsit jobban hallatszik a t\u00f6bbi szoba zaja, \u00e9s a f\u00f6ldszintre kevesebb term\u00e9szetes f\u00e9ny jut.<\/p>\n\n\n\n<p class=\"wp-block-paragraph\">Ha t\u00e9li h\u00f3napokban rep\u00fclsz Marokk\u00f3ba, l\u00e9gy nagyon k\u00f6r\u00fcltekint\u0151 a foglal\u00e1sn\u00e1l. <strong>Az \u00e9jszak\u00e1k itt v\u00e1ratlanul fagyosak szoktak lenni<\/strong>, ez\u00e9rt mindig ellen\u0151rizd, van-e a kiv\u00e1lasztott riadodban f\u0171t\u00e9s vagy f\u0171t\u00e9sfunkci\u00f3s kl\u00edma. A r\u00e9gi h\u00e1zaknak vastag falai vannak, amelyek ny\u00e1ron ugyan kellemesen h\u0171s\u00edtenek, de decemberben h\u0171t\u0151szekr\u00e9nny\u00e9 v\u00e1lnak, \u00e9s kab\u00e1tban aludni az\u00e9rt nem igaz\u00e1n akarsz. \ud83d\ude05<\/p>\n\n\n\n<p class=\"wp-block-paragraph\">A kisgyerekes csal\u00e1doknak ink\u00e1bb a k\u00f6zpont sz\u00e9l\u00e9n l\u00e9v\u0151 sz\u00e1ll\u00e1st \u00e9rdemes fontol\u00f3ra venni\u00fck. <strong>Babakocsival \u00e1tmenni a medin\u00e1n maga a v\u00e9gzet<\/strong>, mert a sik\u00e1torok sz\u0171kek, tele emberrel, dud\u00e1l\u00f3 robog\u00f3kkal \u00e9s \u00e1llatokkal. Ink\u00e1bb v\u00e1lassz t\u00e1gasabb sz\u00e1llod\u00e1t a Hivernage negyedben, ahol a gyerekeknek nyugalmuk lesz \u00e9s nagy medence, a k\u00f6zpontba pedig egy v\u00e1rosn\u00e9z\u00e9sre k\u00e9nyelmesen bej\u00e1rsz taxival.<\/p>\n\n\n\n<p class=\"wp-block-paragraph\">M\u00e9g egyszer meg kell eml\u00edtenem a biztons\u00e1got \u00e9s a v\u00e1rosban val\u00f3 k\u00f6zleked\u00e9st, mert ez alapvet\u0151 dolog a nyugalmadhoz. <strong>A k\u00f6zpontban senki sem hord klasszikus h\u00e1tizs\u00e1kot a h\u00e1t\u00e1n<\/strong>, b\u00e1r a piacokon minden sarkon \u00e1rulj\u00e1k \u0151ket. Mi magunk kis lakatot haszn\u00e1ltunk a h\u00e1tizs\u00e1kon, \u00e9s az els\u0151 zsebben biztons\u00e1g kedv\u00e9\u00e9rt semmi \u00e9rt\u00e9keset nem tartottunk. Ha a rep\u00fcl\u0151t\u00e9rr\u0151l aut\u00f3val \u00e9rkezel, t\u00e9nyleg ne foglalj riadot m\u00e9lyen a medin\u00e1ban, mert oda aut\u00f3val egyszer\u0171en nem jutsz el, \u00e9s a b\u0151r\u00f6nd\u00f6kkel gyalog kell \u00e1tv\u00e1gnod egy emberk\u00edgy\u00f3n.<\/p>\n\n\n\n<h2 class=\"wp-block-heading\"><span class=\"ez-toc-section\" id=\"Hova_tovabb\"><\/span>Hova tov\u00e1bb<span class=\"ez-toc-section-end\"><\/span><\/h2>\n\n\n\n<ul class=\"wp-block-list\">\n<li>  <a href=\"https:\/\/loudavymkrokem.cz\/hu\/mit-erdemes-megnezni-marrakesben\/\">Mit \u00e9rdemes megn\u00e9zni Marrakeshben<\/a><\/li>\n\n\n\n<li>  <a href=\"https:\/\/loudavymkrokem.cz\/hu\/marokko-roadtrip-szahara\/\">Roadtrip Marokk\u00f3: 7\u20139 napos \u00fatiterv<\/a><\/li>\n\n\n\n<li>  <a href=\"https:\/\/loudavymkrokem.cz\/hu\/marokko-biztonsag-tippek\/\">Marokk\u00f3 biztons\u00e1g: 18 dolog, amire figyelj<\/a><\/li>\n<\/ul>\n\n\n\n<h2 class=\"wp-block-heading\"><span class=\"ez-toc-section\" id=\"Gyakran_ismetelt_kerdesek\"><\/span>Gyakran ism\u00e9telt k\u00e9rd\u00e9sek<span class=\"ez-toc-section-end\"><\/span><\/h2>\n\n\n<div id=\"rank-math-faq\" class=\"rank-math-block\">\n<div class=\"rank-math-list \">\n<div id=\"faq-question-1787643169000\" class=\"rank-math-list-item\">\n<h3 class=\"rank-math-question \"><span class=\"ez-toc-section\" id=\"Biztonsagos-e_Marrakes_medinaja_ejszaka\"><\/span>Biztons\u00e1gos-e Marr\u00e1kes medin\u00e1ja \u00e9jszaka?<span class=\"ez-toc-section-end\"><\/span><\/h3>\n<div class=\"rank-math-answer \">\n\n<p>Sajnos nem, a medina s\u00f6t\u00e9ted\u00e9s ut\u00e1n meglehet\u0151sen vesz\u00e9lyes a turist\u00e1k sz\u00e1m\u00e1ra. <strong>K\u00fcl\u00f6n\u00f6sen a n\u0151k semmik\u00e9ppen ne k\u00f6zlekedjenek itt egyed\u00fcl \u00e9jszaka<\/strong>, \u00e9s m\u00e9g ketten is jobb, ha csak a f\u0151, j\u00f3l megvil\u00e1g\u00edtott utc\u00e1kon maradnak a k\u00f6zponti Jemaa el-Fnaa t\u00e9r k\u00f6rny\u00e9k\u00e9n. Az elhagyatott, s\u00f6t\u00e9t sik\u00e1torokat ink\u00e1bb ker\u00fclj\u00e9k el teljesen.<\/p>\n\n<\/div>\n<\/div>\n<div id=\"faq-question-1787643169001\" class=\"rank-math-list-item\">\n<h3 class=\"rank-math-question \"><span class=\"ez-toc-section\" id=\"Mi_is_az_pontosan_hogy_riad\"><\/span>Mi is az pontosan, hogy riad?<span class=\"ez-toc-section-end\"><\/span><\/h3>\n<div class=\"rank-math-answer \">\n\n<p>A riad egy hagyom\u00e1nyos marokk\u00f3i h\u00e1z, amely befel\u00e9 n\u00e9z. <strong>K\u00edv\u00fclr\u0151l csak egy felt\u0171n\u00e9smentes falat \u00e9s egy k\u00f6z\u00f6ns\u00e9ges ajt\u00f3t l\u00e1tni<\/strong>, de bel\u00fcl egy n\u00f6v\u00e9nyekkel \u00e9s sz\u00f6k\u0151k\u00fattal d\u00edsz\u00edtett udvar rejlik, amelyre az \u00f6sszes szoba ablaka n\u00e9z. T\u00f6rt\u00e9nelmileg ez a h\u0171v\u00f6ss\u00e9g meg\u0151rz\u00e9s\u00e9t \u00e9s a csal\u00e1d mag\u00e1n\u00e9let\u00e9nek v\u00e9delm\u00e9t szolg\u00e1lta az utc\u00e1r\u00f3l \u00e9rkez\u0151 tekintetek el\u0151l.<\/p>\n\n<\/div>\n<\/div>\n<div id=\"faq-question-1787643169002\" class=\"rank-math-list-item\">\n<h3 class=\"rank-math-question \"><span class=\"ez-toc-section\" id=\"Hatizsakot_vagy_borondot_vigyek_Marrakesbe\"><\/span>H\u00e1tizs\u00e1kot vagy b\u0151r\u00f6nd\u00f6t vigyek Marr\u00e1kesbe?<span class=\"ez-toc-section-end\"><\/span><\/h3>\n<div class=\"rank-math-answer \">\n\n<p>A v\u00e1rosk\u00f6zpontba h\u00e1tizs\u00e1kot semmik\u00e9ppen nem aj\u00e1nlunk. <strong>A helyiek egy\u00e1ltal\u00e1n nem hordanak itt ilyet, \u00e9s a t\u00f6megben nagyon k\u00f6nny\u0171 c\u00e9lpontj\u00e1v\u00e1 v\u00e1lsz a zsebtolvajoknak<\/strong>, ez\u00e9rt sokkal okosabb egy praktikus mellkason \u00e1tvethet\u0151 \u00f6vt\u00e1sk\u00e1t v\u00e1lasztani. A kerekes b\u0151r\u00f6nd\u00f6k j\u00f3k, de sz\u00e1molj azzal, hogy a medina g\u00f6r\u00f6ngy\u00f6s k\u00f6vezeten el\u00e9g r\u00e1z\u00f3s lesz a vontat\u00e1s.<\/p>\n\n<\/div>\n<\/div>\n<div id=\"faq-question-1787643169003\" class=\"rank-math-list-item\">\n<h3 class=\"rank-math-question \"><span class=\"ez-toc-section\" id=\"Hol_parkoljak_ha_a_medinaban_szallok_meg\"><\/span>Hol parkoljak, ha a medin\u00e1ban sz\u00e1llok meg?<span class=\"ez-toc-section-end\"><\/span><\/h3>\n<div class=\"rank-math-answer \">\n\n<p>A legt\u00f6bb riadhoz nem tudsz aut\u00f3val oda\u00e9rni, mert a sik\u00e1torok t\u00fal sz\u0171kek hozz\u00e1. <strong>Fizet\u0151s \u0151rz\u00f6tt parkol\u00f3kban kell le\u00e1llnod az \u00f3v\u00e1ros nagy kapuin\u00e1l<\/strong>, \u00e9s a sz\u00e1ll\u00e1shelyig a marad\u00e9k utat gyalog kell megtenned, vagy felb\u00e9relni egy helyi hord\u00e1rt kocsival, aki kis d\u00edj ellen\u00e9ben elsz\u00e1ll\u00edtja a b\u0151r\u00f6nd\u00f6ket.<\/p>\n\n<\/div>\n<\/div>\n<div id=\"faq-question-1787643169004\" class=\"rank-math-list-item\">\n<h3 class=\"rank-math-question \"><span class=\"ez-toc-section\" id=\"Megbirkozom_a_vezetessel_Marrakes_kozpontjaban\"><\/span>Megbirk\u00f3zom a vezet\u00e9ssel Marr\u00e1kes k\u00f6zpontj\u00e1ban?<span class=\"ez-toc-section-end\"><\/span><\/h3>\n<div class=\"rank-math-answer \">\n\n<p>Ez igaz\u00e1n csak a legvakmer\u0151bb \u00e9s legtapasztaltabb sof\u0151r\u00f6knek val\u00f3. <strong>A forgalom itt teljesen kaotikus, a szab\u00e1lyokat ink\u00e1bb figyelmen k\u00edv\u00fcl hagyj\u00e1k<\/strong>, \u00e9s minden\u00fctt gyalogosok, szamarak \u00e9s robog\u00f3k ny\u00fczs\u00f6gnek, amelyek minden oldalr\u00f3l el\u0151zgetnek. Ha teheted, hagyd az aut\u00f3b\u00e9rl\u00e9st arra a napra, amikor Marr\u00e1kesb\u0151l elindulsz egy k\u00f6r\u00fatra.<\/p>\n\n<\/div>\n<\/div>\n<div id=\"faq-question-1787643169005\" class=\"rank-math-list-item\">\n<h3 class=\"rank-math-question \"><span class=\"ez-toc-section\" id=\"Fizetni_kell_idegenforgalmi_adot_a_szallodakban\"><\/span>Fizetni kell idegenforgalmi ad\u00f3t a sz\u00e1llod\u00e1kban?<span class=\"ez-toc-section-end\"><\/span><\/h3>\n<div class=\"rank-math-answer \">\n\n<p>Igen, a legt\u00f6bb marokk\u00f3i sz\u00e1ll\u00e1s beszed turisztikai ad\u00f3t minden \u00e9jszaka ut\u00e1n. <strong>Ez \u00e1ltal\u00e1ban szem\u00e9lyenk\u00e9nt \u00e9s \u00e9jszak\u00e1nk\u00e9nt k\u00f6r\u00fclbel\u00fcl 2-3 eur\u00f3<\/strong>, \u00e9s nagyon gyakran csak helyben, k\u00e9szp\u00e9nzben kell fizetni. Ezzel az \u00f6sszeggel ez\u00e9rt az utaz\u00e1si k\u00f6lts\u00e9gvet\u00e9s tervez\u00e9sekor sz\u00e1molj el\u0151re.<\/p>\n\n<\/div>\n<\/div>\n<div id=\"faq-question-1787643169006\" class=\"rank-math-list-item\">\n<h3 class=\"rank-math-question \"><span class=\"ez-toc-section\" id=\"Jol_tudok_etkezni_egy_riadban_ha_nem_eszem_hust\"><\/span>J\u00f3l tudok \u00e9tkezni egy riadban, ha nem eszem h\u00fast?<span class=\"ez-toc-section-end\"><\/span><\/h3>\n<div class=\"rank-math-answer \">\n\n<p>A marokk\u00f3i konyha meglep\u0151en bar\u00e1ts\u00e1gos a veget\u00e1ri\u00e1nusokkal szemben, \u00e9s egy\u00e1ltal\u00e1n nem kell agg\u00f3dnod. <strong>A riadokban \u00e1ltal\u00e1ban k\u00e9sz\u00edtenek csod\u00e1latos z\u00f6lds\u00e9ges tazint helyi f\u0171szerekkel tele, vagy finom kuszkuszt<\/strong>, \u00e9s a helyi h\u00fasmentes \u00e9teleket utaz\u00e1sunk sor\u00e1n igaz\u00e1n hihetetlen\u00fcl \u00e9lvezt\u00fck.<\/p>\n\n<\/div>\n<\/div>\n<div id=\"faq-question-1787643169007\" class=\"rank-math-list-item\">\n<h3 class=\"rank-math-question \"><span class=\"ez-toc-section\" id=\"Hogyan_van_az_alkohollal_a_riadokban\"><\/span>Hogyan van az alkohollal a riadokban?<span class=\"ez-toc-section-end\"><\/span><\/h3>\n<div class=\"rank-math-answer \">\n\n<p>Marokk\u00f3 muszlim orsz\u00e1g, ez\u00e9rt az alkohol itt nem kaphat\u00f3 mindenhol a szupermarketekben. <strong>A dr\u00e1g\u00e1bb \u00e9s luxusabb riadoknak \u00e1ltal\u00e1ban van saj\u00e1t b\u00e1rjuk<\/strong>, de az olcs\u00f3bb helyeken \u00e9s a hagyom\u00e1nyos helyi \u00e9ttermekben egy\u00e1ltal\u00e1n nem szerezhetsz be alkoholt, \u00e9s szigor\u00faan tilos ott fogyasztani.<\/p>\n\n<\/div>\n<\/div>\n<div id=\"faq-question-1787643169008\" class=\"rank-math-list-item\">\n<h3 class=\"rank-math-question \"><span class=\"ez-toc-section\" id=\"Kell_adapterre_Marokkoba\"><\/span>Kell adapterre Marokk\u00f3ba?<span class=\"ez-toc-section-end\"><\/span><\/h3>\n<div class=\"rank-math-answer \">\n\n<p>T\u00f6bbnyire nem, teh\u00e1t otthon hagyhatod az adaptert. <strong>Marokk\u00f3ban ugyanis a szabv\u00e1nyos C \u00e9s E t\u00edpus\u00fa konnektorokat haszn\u00e1lj\u00e1k 220 V fesz\u00fclts\u00e9ggel<\/strong>, ami pontosan ugyanaz a szabv\u00e1ny, mint Magyarorsz\u00e1gon. A szok\u00e1sos telefon- \u00e9s laptop-t\u00f6lt\u0151id \u00edgy teljesen probl\u00e9ma n\u00e9lk\u00fcl m\u0171k\u00f6dni fognak.<\/p>\n\n<\/div>\n<\/div>\n<\/div>\n<\/div>\n\n\n<p class=\"wp-block-paragraph\"><\/p>\n","protected":false},"excerpt":{"rendered":"<p>V\u00e1laszd ki a t\u00f6k\u00e9letes riadot Marokk\u00f3 Marrakesh v\u00e1ros\u00e1ban. Megmutatjuk, mely negyedek a legjobbak, mire figyelj, \u00e9s hol hajthatod le a fejed biztons\u00e1gosan \u00e9s k\u00e9nyelmesen.<\/p>\n","protected":false},"author":3,"featured_media":53774,"comment_status":"open","ping_status":"open","sticky":false,"template":"","format":"standard","meta":{"_acf_changed":false,"footnotes":"","rank_math_title":"Marokk\u00f3 Marrakesh: 14 riad \u00e9s biztons\u00e1gos negyed 2026","rank_math_description":"Marokk\u00f3 Marrakesh sz\u00e1ll\u00e1s: 14 riad \u00e9s tipp a legjobb, biztons\u00e1gos negyedekre 2026-ban. N\u00e9zd meg, hol sz\u00e1llj meg k\u00e9nyelmesen \u00e9s foglalj id\u0151ben!","rank_math_focus_keyword":"marokk\u00f3 marrakesh","rank_math_seo_score":""},"categories":[1800,1833,1788],"tags":[],"class_list":["post-409150","post","type-post","status-publish","format-standard","has-post-thumbnail","category-afrika","category-marokko","category-utazas"],"acf":[],"featured_image_src":"https:\/\/loudavymkrokem.cz\/wp-content\/uploads\/2019\/01\/Jemaa-el-Fnaa.jpg","author_info":{"display_name":"Lucie Kone\u010dn\u00e1","author_link":"https:\/\/loudavymkrokem.cz\/hu\/author\/lucie-konecna\/"},"_links":{"self":[{"href":"https:\/\/loudavymkrokem.cz\/hu\/wp-json\/wp\/v2\/posts\/409150","targetHints":{"allow":["GET"]}}],"collection":[{"href":"https:\/\/loudavymkrokem.cz\/hu\/wp-json\/wp\/v2\/posts"}],"about":[{"href":"https:\/\/loudavymkrokem.cz\/hu\/wp-json\/wp\/v2\/types\/post"}],"author":[{"embeddable":true,"href":"https:\/\/loudavymkrokem.cz\/hu\/wp-json\/wp\/v2\/users\/3"}],"replies":[{"embeddable":true,"href":"https:\/\/loudavymkrokem.cz\/hu\/wp-json\/wp\/v2\/comments?post=409150"}],"version-history":[{"count":2,"href":"https:\/\/loudavymkrokem.cz\/hu\/wp-json\/wp\/v2\/posts\/409150\/revisions"}],"predecessor-version":[{"id":409152,"href":"https:\/\/loudavymkrokem.cz\/hu\/wp-json\/wp\/v2\/posts\/409150\/revisions\/409152"}],"wp:featuredmedia":[{"embeddable":true,"href":"https:\/\/loudavymkrokem.cz\/hu\/wp-json\/wp\/v2\/media\/53774"}],"wp:attachment":[{"href":"https:\/\/loudavymkrokem.cz\/hu\/wp-json\/wp\/v2\/media?parent=409150"}],"wp:term":[{"taxonomy":"category","embeddable":true,"href":"https:\/\/loudavymkrokem.cz\/hu\/wp-json\/wp\/v2\/categories?post=409150"},{"taxonomy":"post_tag","embeddable":true,"href":"https:\/\/loudavymkrokem.cz\/hu\/wp-json\/wp\/v2\/tags?post=409150"}],"curies":[{"name":"wp","href":"https:\/\/api.w.org\/{rel}","templated":true}]}}