{"id":409147,"date":"2026-08-27T11:40:20","date_gmt":"2026-08-27T09:40:20","guid":{"rendered":"https:\/\/loudavymkrokem.cz\/olomouc-gyerekekkel-tippek\/"},"modified":"2026-08-31T08:04:00","modified_gmt":"2026-08-31T06:04:00","slug":"olomouc-gyerekekkel-tippek","status":"publish","type":"post","link":"https:\/\/loudavymkrokem.cz\/hu\/olomouc-gyerekekkel-tippek\/","title":{"rendered":"Olomouc gyerekekkel: 34 tipp, hov\u00e1 menj \u00e9s mit csin\u00e1lj 2026-ban"},"content":{"rendered":"\n<p class=\"wp-block-paragraph\"><strong>Olomouc gyerekekkel<\/strong> els\u0151 hall\u00e1sra el\u00e9g kock\u00e1zatos tervnek t\u0171nik. Amikor ugyanis sz\u00f3ba ker\u00fcl Csehorsz\u00e1g m\u00e1sodik legnagyobb v\u00e1rosi m\u0171eml\u00e9ki rezerv\u00e1tuma, sok sz\u00fcl\u0151 r\u00f6gt\u00f6n unatkoz\u00f3 gyerekeket k\u00e9pzel maga el\u00e9, akik bossz\u00fasan csoszognak a macskak\u00f6veken, \u00e9s \u00f6tpercenk\u00e9nt megk\u00e9rdezik, mikor mennek v\u00e9gre a j\u00e1tsz\u00f3t\u00e9rre. Olomouc azonban csal\u00f3ka. Hihetetlen\u00fcl kompakt v\u00e1ros, ahol minden l\u00e9nyeges dolog s\u00e9ta t\u00e1vols\u00e1gra van, a t\u00f6rt\u00e9nelmi belv\u00e1ros egy hatalmas s\u00e9t\u00e1l\u00f3\u00f6vezetk\u00e9nt m\u0171k\u00f6dik, \u00e9s ami a f\u0151, annyi interakt\u00edv sz\u00f3rakoz\u00e1st k\u00edn\u00e1l, hogy azt sem tudod majd, mihez kapj el\u0151bb. Ha teh\u00e1t azon gondolkodsz, <strong>hov\u00e1 menj Olomoucban gyerekekkel<\/strong>, k\u00e9sz\u00fclj fel r\u00e1, hogy egy h\u00e9tv\u00e9ge k\u00f6nnyen kev\u00e9s lehet.<\/p>\n\n\n\n<p class=\"wp-block-paragraph\">A csal\u00e1dunk teljesen beleszeretett ebbe a v\u00e1rosba, mert sz\u00fcl\u0151i szemmel egyszer\u0171en ide\u00e1lis \u00fati c\u00e9l. Nem kell folyton zs\u00fafolt t\u00f6megk\u00f6zleked\u00e9ssel ide-oda ing\u00e1zni, a babakocsival meglep\u0151en j\u00f3l lehet k\u00f6zlekedni, a helyi k\u00e1v\u00e9z\u00f3kult\u00fara pedig legend\u00e1s. Ez\u00e9rt \u00f6sszegy\u0171jt\u00f6ttem a legjobb tippeket az <strong>Olomouc gyerekekkel<\/strong> t\u00e9m\u00e1ban \u00fagy, hogy minden id\u0151ben hasznodra v\u00e1ljanak: mit csin\u00e1lj a szabadban, ha s\u00fct a nap, hov\u00e1 h\u00faz\u00f3dj be, ha esni kezd, \u00e9s hov\u00e1 indulj, ha m\u00e9g egy plusz napod marad a v\u00e1rosra.<\/p>\n\n\n\n<p class=\"wp-block-paragraph\">Ak\u00e1r egy kisgyereked van otthon, akinek f\u0151leg biztons\u00e1gos hely kell a rohang\u00e1l\u00e1shoz, ak\u00e1r egy nagyobb iskol\u00e1s, aki ink\u00e1bb az adrenalint \u00e9s a tudom\u00e1nyos k\u00eds\u00e9rleteket \u00e9rt\u00e9keli, itt mindenki megtal\u00e1lja a mag\u00e1\u00e9t. Megtal\u00e1lod a legjobb l\u00e1tv\u00e1nyoss\u00e1gokat, a kedvenc j\u00e1tsz\u00f3h\u00e1zakat, a v\u00e1ros feletti dombon fekv\u0151 \u00e1llatkertet \u00e9s a tippeket olyan helyekre, ahol a csal\u00e1ddal stresszmentesen ehettek.<\/p>\n\n\n\n<figure data-wp-context=\"{&quot;imageId&quot;:&quot;6a953564178e1&quot;}\" data-wp-interactive=\"core\/image\" data-wp-key=\"6a953564178e1\" class=\"wp-block-image size-full wp-lightbox-container\"><img decoding=\"async\" width=\"1650\" height=\"2200\" data-wp-class--hide=\"state.isContentHidden\" data-wp-class--show=\"state.isContentVisible\" data-wp-init=\"callbacks.setButtonStyles\" data-wp-on--click=\"actions.showLightbox\" data-wp-on--load=\"callbacks.setButtonStyles\" data-wp-on--pointerdown=\"actions.preloadImage\" data-wp-on--pointerenter=\"actions.preloadImageWithDelay\" data-wp-on--pointerleave=\"actions.cancelPreload\" data-wp-on-window--resize=\"callbacks.setButtonStyles\" src=\"https:\/\/loudavymkrokem.cz\/wp-content\/uploads\/2026\/08\/olomouc-s-detmi-hernicka-drevene-hracky.jpg\" alt=\"Gyerekj\u00e1tsz\u00f3h\u00e1z Olomouc belv\u00e1ros\u00e1ban faj\u00e1t\u00e9kokkal \u00e9s j\u00e1t\u00e9kh\u00e1zik\u00f3val\" class=\"wp-image-401018\" title=\"\" srcset=\"https:\/\/loudavymkrokem.cz\/wp-content\/uploads\/2026\/08\/olomouc-s-detmi-hernicka-drevene-hracky.jpg 1650w, https:\/\/loudavymkrokem.cz\/wp-content\/uploads\/2026\/08\/olomouc-s-detmi-hernicka-drevene-hracky-225x300.jpg 225w, https:\/\/loudavymkrokem.cz\/wp-content\/uploads\/2026\/08\/olomouc-s-detmi-hernicka-drevene-hracky-700x933.jpg 700w, https:\/\/loudavymkrokem.cz\/wp-content\/uploads\/2026\/08\/olomouc-s-detmi-hernicka-drevene-hracky-768x1024.jpg 768w, https:\/\/loudavymkrokem.cz\/wp-content\/uploads\/2026\/08\/olomouc-s-detmi-hernicka-drevene-hracky-1152x1536.jpg 1152w, https:\/\/loudavymkrokem.cz\/wp-content\/uploads\/2026\/08\/olomouc-s-detmi-hernicka-drevene-hracky-1536x2048.jpg 1536w, https:\/\/loudavymkrokem.cz\/wp-content\/uploads\/2026\/08\/olomouc-s-detmi-hernicka-drevene-hracky-696x928.jpg 696w, https:\/\/loudavymkrokem.cz\/wp-content\/uploads\/2026\/08\/olomouc-s-detmi-hernicka-drevene-hracky-1392x1856.jpg 1392w\" sizes=\"(max-width: 1650px) 100vw, 1650px\" \/><button\n\t\t\tclass=\"lightbox-trigger\"\n\t\t\ttype=\"button\"\n\t\t\taria-haspopup=\"dialog\"\n\t\t\tdata-wp-bind--aria-label=\"state.thisImage.triggerButtonAriaLabel\"\n\t\t\tdata-wp-init=\"callbacks.initTriggerButton\"\n\t\t\tdata-wp-on--click=\"actions.showLightbox\"\n\t\t\tdata-wp-style--right=\"state.thisImage.buttonRight\"\n\t\t\tdata-wp-style--top=\"state.thisImage.buttonTop\"\n\t\t>\n\t\t\t<svg xmlns=\"http:\/\/www.w3.org\/2000\/svg\" width=\"12\" height=\"12\" fill=\"none\" viewBox=\"0 0 12 12\">\n\t\t\t\t<path fill=\"#fff\" d=\"M2 0a2 2 0 0 0-2 2v2h1.5V2a.5.5 0 0 1 .5-.5h2V0H2Zm2 10.5H2a.5.5 0 0 1-.5-.5V8H0v2a2 2 0 0 0 2 2h2v-1.5ZM8 12v-1.5h2a.5.5 0 0 0 .5-.5V8H12v2a2 2 0 0 1-2 2H8Zm2-12a2 2 0 0 1 2 2v2h-1.5V2a.5.5 0 0 0-.5-.5H8V0h2Z\" \/>\n\t\t\t<\/svg>\n\t\t<\/button><figcaption class=\"wp-element-caption\">Az olomouci belv\u00e1rosi j\u00e1tsz\u00f3h\u00e1zak minden es\u0151s napot megmentenek<\/figcaption><\/figure>\n\n\n\n<div id=\"ez-toc-container\" class=\"ez-toc-v2_0_86 ez-toc-wrap-left counter-hierarchy ez-toc-counter ez-toc-grey ez-toc-container-direction\">\n<div class=\"ez-toc-title-container\">\n<p class=\"ez-toc-title\" style=\"cursor:inherit\">A cikk tartalma<\/p>\n<span class=\"ez-toc-title-toggle\"><a href=\"#\" class=\"ez-toc-pull-right ez-toc-btn ez-toc-btn-xs ez-toc-btn-default ez-toc-toggle\" aria-label=\"Toggle Table of Content\"><span class=\"ez-toc-js-icon-con\"><span class=\"\"><span class=\"eztoc-hide\" style=\"display:none;\">Toggle<\/span><span class=\"ez-toc-icon-toggle-span\"><svg style=\"fill: #999;color:#999\" xmlns=\"http:\/\/www.w3.org\/2000\/svg\" class=\"list-377408\" width=\"20px\" height=\"20px\" viewBox=\"0 0 24 24\" fill=\"none\"><path d=\"M6 6H4v2h2V6zm14 0H8v2h12V6zM4 11h2v2H4v-2zm16 0H8v2h12v-2zM4 16h2v2H4v-2zm16 0H8v2h12v-2z\" fill=\"currentColor\"><\/path><\/svg><svg style=\"fill: #999;color:#999\" class=\"arrow-unsorted-368013\" xmlns=\"http:\/\/www.w3.org\/2000\/svg\" width=\"10px\" height=\"10px\" viewBox=\"0 0 24 24\" version=\"1.2\" baseProfile=\"tiny\"><path d=\"M18.2 9.3l-6.2-6.3-6.2 6.3c-.2.2-.3.4-.3.7s.1.5.3.7c.2.2.4.3.7.3h11c.3 0 .5-.1.7-.3.2-.2.3-.5.3-.7s-.1-.5-.3-.7zM5.8 14.7l6.2 6.3 6.2-6.3c.2-.2.3-.5.3-.7s-.1-.5-.3-.7c-.2-.2-.4-.3-.7-.3h-11c-.3 0-.5.1-.7.3-.2.2-.3.5-.3.7s.1.5.3.7z\"\/><\/svg><\/span><\/span><\/span><\/a><\/span><\/div>\n<nav><ul class='ez-toc-list ez-toc-list-level-1 ' ><ul class='ez-toc-list-level-3' ><li class='ez-toc-heading-level-3'><a class=\"ez-toc-link ez-toc-heading-1\" href=\"https:\/\/loudavymkrokem.cz\/hu\/olomouc-gyerekekkel-tippek\/#Osszefoglalas_Olomouc_gyerekekkel_diohejban\" >\u00d6sszefoglal\u00e1s: Olomouc gyerekekkel di\u00f3h\u00e9jban<\/a><\/li><\/ul><\/li><li class='ez-toc-page-1 ez-toc-heading-level-2'><a class=\"ez-toc-link ez-toc-heading-2\" href=\"https:\/\/loudavymkrokem.cz\/hu\/olomouc-gyerekekkel-tippek\/#Mikor_indulj_Olomoucba_gyerekekkel\" >Mikor indulj Olomoucba gyerekekkel<\/a><\/li><li class='ez-toc-page-1 ez-toc-heading-level-2'><a class=\"ez-toc-link ez-toc-heading-3\" href=\"https:\/\/loudavymkrokem.cz\/hu\/olomouc-gyerekekkel-tippek\/#Hol_lakj_Olomoucban_gyerekekkel\" >Hol lakj Olomoucban gyerekekkel<\/a><\/li><li class='ez-toc-page-1 ez-toc-heading-level-2'><a class=\"ez-toc-link ez-toc-heading-4\" href=\"https:\/\/loudavymkrokem.cz\/hu\/olomouc-gyerekekkel-tippek\/#Mit_csinalj_Olomoucban_gyerekekkel_a_szabadban\" >Mit csin\u00e1lj Olomoucban gyerekekkel a szabadban<\/a><ul class='ez-toc-list-level-3' ><li class='ez-toc-heading-level-3'><a class=\"ez-toc-link ez-toc-heading-5\" href=\"https:\/\/loudavymkrokem.cz\/hu\/olomouc-gyerekekkel-tippek\/#1_Az_olomouci_varosi_ora\" >1. Az olomouci v\u00e1rosi \u00f3ra<\/a><\/li><li class='ez-toc-page-1 ez-toc-heading-level-3'><a class=\"ez-toc-link ez-toc-heading-6\" href=\"https:\/\/loudavymkrokem.cz\/hu\/olomouc-gyerekekkel-tippek\/#2_Szentharomsag-oszlop\" >2. Szenth\u00e1roms\u00e1g-oszlop<\/a><\/li><li class='ez-toc-page-1 ez-toc-heading-level-3'><a class=\"ez-toc-link ez-toc-heading-7\" href=\"https:\/\/loudavymkrokem.cz\/hu\/olomouc-gyerekekkel-tippek\/#3_Barokk_kutak_kincskeresese\" >3. Barokk kutak kincskeres\u00e9se<\/a><\/li><li class='ez-toc-page-1 ez-toc-heading-level-3'><a class=\"ez-toc-link ez-toc-heading-8\" href=\"https:\/\/loudavymkrokem.cz\/hu\/olomouc-gyerekekkel-tippek\/#4_Varoshaztorony\" >4. V\u00e1rosh\u00e1ztorony<\/a><\/li><li class='ez-toc-page-1 ez-toc-heading-level-3'><a class=\"ez-toc-link ez-toc-heading-9\" href=\"https:\/\/loudavymkrokem.cz\/hu\/olomouc-gyerekekkel-tippek\/#5_Szent_Mor-templom_es_a_torony_megmaszasa\" >5. Szent M\u00f3r-templom \u00e9s a torony megm\u00e1sz\u00e1sa<\/a><\/li><li class='ez-toc-page-1 ez-toc-heading-level-3'><a class=\"ez-toc-link ez-toc-heading-10\" href=\"https:\/\/loudavymkrokem.cz\/hu\/olomouc-gyerekekkel-tippek\/#6_Smetana-park\" >6. Smetana-park<\/a><\/li><li class='ez-toc-page-1 ez-toc-heading-level-3'><a class=\"ez-toc-link ez-toc-heading-11\" href=\"https:\/\/loudavymkrokem.cz\/hu\/olomouc-gyerekekkel-tippek\/#7_Bezruc-park_es_a_varfalak\" >7. Bezru\u010d-park \u00e9s a v\u00e1rfalak<\/a><\/li><li class='ez-toc-page-1 ez-toc-heading-level-3'><a class=\"ez-toc-link ez-toc-heading-12\" href=\"https:\/\/loudavymkrokem.cz\/hu\/olomouc-gyerekekkel-tippek\/#8_Rozarium\" >8. Roz\u00e1rium<\/a><\/li><li class='ez-toc-page-1 ez-toc-heading-level-3'><a class=\"ez-toc-link ez-toc-heading-13\" href=\"https:\/\/loudavymkrokem.cz\/hu\/olomouc-gyerekekkel-tippek\/#9_Korona-erod\" >9. Korona-er\u0151d<\/a><\/li><li class='ez-toc-page-1 ez-toc-heading-level-3'><a class=\"ez-toc-link ez-toc-heading-14\" href=\"https:\/\/loudavymkrokem.cz\/hu\/olomouc-gyerekekkel-tippek\/#10_Falfestmenyek_es_street_art_a_kapualjakban\" >10. Falfestm\u00e9nyek \u00e9s street art a kapualjakban<\/a><\/li><\/ul><\/li><li class='ez-toc-page-1 ez-toc-heading-level-2'><a class=\"ez-toc-link ez-toc-heading-15\" href=\"https:\/\/loudavymkrokem.cz\/hu\/olomouc-gyerekekkel-tippek\/#Amikor_esik_jatszohazak_muzeumok_es_elmenykozpontok\" >Amikor esik: j\u00e1tsz\u00f3h\u00e1zak, m\u00fazeumok \u00e9s \u00e9lm\u00e9nyk\u00f6zpontok<\/a><ul class='ez-toc-list-level-3' ><li class='ez-toc-heading-level-3'><a class=\"ez-toc-link ez-toc-heading-16\" href=\"https:\/\/loudavymkrokem.cz\/hu\/olomouc-gyerekekkel-tippek\/#11_Megismeres_Erodje_Pevnost_poznani\" >11. Megismer\u00e9s Er\u0151dje (Pevnost pozn\u00e1n\u00ed)<\/a><\/li><li class='ez-toc-page-1 ez-toc-heading-level-3'><a class=\"ez-toc-link ez-toc-heading-17\" href=\"https:\/\/loudavymkrokem.cz\/hu\/olomouc-gyerekekkel-tippek\/#12_JaSam\" >12. J\u00e1S\u00e1m<\/a><\/li><li class='ez-toc-page-1 ez-toc-heading-level-3'><a class=\"ez-toc-link ez-toc-heading-18\" href=\"https:\/\/loudavymkrokem.cz\/hu\/olomouc-gyerekekkel-tippek\/#13_V_lese\" >13. V lese<\/a><\/li><li class='ez-toc-page-1 ez-toc-heading-level-3'><a class=\"ez-toc-link ez-toc-heading-19\" href=\"https:\/\/loudavymkrokem.cz\/hu\/olomouc-gyerekekkel-tippek\/#14_Clovickov\" >14. \u010clov\u00ed\u010dkov<\/a><\/li><li class='ez-toc-page-1 ez-toc-heading-level-3'><a class=\"ez-toc-link ez-toc-heading-20\" href=\"https:\/\/loudavymkrokem.cz\/hu\/olomouc-gyerekekkel-tippek\/#15_Snoezelen_Olomouc\" >15. Snoezelen Olomouc<\/a><\/li><li class='ez-toc-page-1 ez-toc-heading-level-3'><a class=\"ez-toc-link ez-toc-heading-21\" href=\"https:\/\/loudavymkrokem.cz\/hu\/olomouc-gyerekekkel-tippek\/#16_Krokodylek_csaladi_vidampark\" >16. Krokod\u00fdlek csal\u00e1di vid\u00e1mpark<\/a><\/li><li class='ez-toc-page-1 ez-toc-heading-level-3'><a class=\"ez-toc-link ez-toc-heading-22\" href=\"https:\/\/loudavymkrokem.cz\/hu\/olomouc-gyerekekkel-tippek\/#17_Amazonie_Olomouc\" >17. Amazonie Olomouc<\/a><\/li><li class='ez-toc-page-1 ez-toc-heading-level-3'><a class=\"ez-toc-link ez-toc-heading-23\" href=\"https:\/\/loudavymkrokem.cz\/hu\/olomouc-gyerekekkel-tippek\/#18_PROUD_kalandpark\" >18. PROUD kalandpark<\/a><\/li><li class='ez-toc-page-1 ez-toc-heading-level-3'><a class=\"ez-toc-link ez-toc-heading-24\" href=\"https:\/\/loudavymkrokem.cz\/hu\/olomouc-gyerekekkel-tippek\/#19_Olomouci_Honismereti_Muzeum\" >19. Olomouci Honismereti M\u00fazeum<\/a><\/li><li class='ez-toc-page-1 ez-toc-heading-level-3'><a class=\"ez-toc-link ez-toc-heading-25\" href=\"https:\/\/loudavymkrokem.cz\/hu\/olomouc-gyerekekkel-tippek\/#20_Szellemhaz\" >20. Szellemh\u00e1z<\/a><\/li><\/ul><\/li><li class='ez-toc-page-1 ez-toc-heading-level-2'><a class=\"ez-toc-link ez-toc-heading-26\" href=\"https:\/\/loudavymkrokem.cz\/hu\/olomouc-gyerekekkel-tippek\/#Viz_sport_es_mozgas\" >V\u00edz, sport \u00e9s mozg\u00e1s<\/a><ul class='ez-toc-list-level-3' ><li class='ez-toc-heading-level-3'><a class=\"ez-toc-link ez-toc-heading-27\" href=\"https:\/\/loudavymkrokem.cz\/hu\/olomouc-gyerekekkel-tippek\/#21_Olomouci_elmenyfurdo\" >21. Olomouci \u00e9lm\u00e9nyf\u00fcrd\u0151<\/a><\/li><li class='ez-toc-page-1 ez-toc-heading-level-3'><a class=\"ez-toc-link ez-toc-heading-28\" href=\"https:\/\/loudavymkrokem.cz\/hu\/olomouc-gyerekekkel-tippek\/#22_Semafor_Kozpont\" >22. Semafor K\u00f6zpont<\/a><\/li><li class='ez-toc-page-1 ez-toc-heading-level-3'><a class=\"ez-toc-link ez-toc-heading-29\" href=\"https:\/\/loudavymkrokem.cz\/hu\/olomouc-gyerekekkel-tippek\/#23_Veverak_kalandpark\" >23. Vever\u00e1k kalandpark<\/a><\/li><li class='ez-toc-page-1 ez-toc-heading-level-3'><a class=\"ez-toc-link ez-toc-heading-30\" href=\"https:\/\/loudavymkrokem.cz\/hu\/olomouc-gyerekekkel-tippek\/#24_Jatszoterek_a_parkokban\" >24. J\u00e1tsz\u00f3terek a parkokban<\/a><\/li><\/ul><\/li><li class='ez-toc-page-1 ez-toc-heading-level-2'><a class=\"ez-toc-link ez-toc-heading-31\" href=\"https:\/\/loudavymkrokem.cz\/hu\/olomouc-gyerekekkel-tippek\/#Svaty_Kopecek_allatkert_es_egy_egesz_nap_a_varos_felett\" >Svat\u00fd Kope\u010dek: \u00e1llatkert \u00e9s egy eg\u00e9sz nap a v\u00e1ros felett<\/a><ul class='ez-toc-list-level-3' ><li class='ez-toc-heading-level-3'><a class=\"ez-toc-link ez-toc-heading-32\" href=\"https:\/\/loudavymkrokem.cz\/hu\/olomouc-gyerekekkel-tippek\/#25_Olomouci_Allatkert_a_Svaty_Kopecken\" >25. Olomouci \u00c1llatkert a Svat\u00fd Kope\u010dken<\/a><\/li><li class='ez-toc-page-1 ez-toc-heading-level-3'><a class=\"ez-toc-link ez-toc-heading-33\" href=\"https:\/\/loudavymkrokem.cz\/hu\/olomouc-gyerekekkel-tippek\/#26_Kilatotorony_az_allatkertben\" >26. Kil\u00e1t\u00f3torony az \u00e1llatkertben<\/a><\/li><li class='ez-toc-page-1 ez-toc-heading-level-3'><a class=\"ez-toc-link ez-toc-heading-34\" href=\"https:\/\/loudavymkrokem.cz\/hu\/olomouc-gyerekekkel-tippek\/#27_Szuz_Maria_Latogatasa_bazilika\" >27. Sz\u0171z M\u00e1ria L\u00e1togat\u00e1sa bazilika<\/a><\/li><\/ul><\/li><li class='ez-toc-page-1 ez-toc-heading-level-2'><a class=\"ez-toc-link ez-toc-heading-35\" href=\"https:\/\/loudavymkrokem.cz\/hu\/olomouc-gyerekekkel-tippek\/#Kirandulasok_Olomoucbol_gyerekekkel\" >Kir\u00e1ndul\u00e1sok Olomoucb\u00f3l gyerekekkel<\/a><ul class='ez-toc-list-level-3' ><li class='ez-toc-heading-level-3'><a class=\"ez-toc-link ez-toc-heading-36\" href=\"https:\/\/loudavymkrokem.cz\/hu\/olomouc-gyerekekkel-tippek\/#28_DinoPark_es_Vyskovi_Allatpark\" >28. DinoPark \u00e9s Vy\u0161kovi \u00c1llatpark<\/a><\/li><li class='ez-toc-page-1 ez-toc-heading-level-3'><a class=\"ez-toc-link ez-toc-heading-37\" href=\"https:\/\/loudavymkrokem.cz\/hu\/olomouc-gyerekekkel-tippek\/#29_Bouzov_vara\" >29. Bouzov v\u00e1ra<\/a><\/li><li class='ez-toc-page-1 ez-toc-heading-level-3'><a class=\"ez-toc-link ez-toc-heading-38\" href=\"https:\/\/loudavymkrokem.cz\/hu\/olomouc-gyerekekkel-tippek\/#30_Mladecske-barlangok\" >30. Mlade\u010dsk\u00e9-barlangok<\/a><\/li><li class='ez-toc-page-1 ez-toc-heading-level-3'><a class=\"ez-toc-link ez-toc-heading-39\" href=\"https:\/\/loudavymkrokem.cz\/hu\/olomouc-gyerekekkel-tippek\/#31_Javoricske-barlangok\" >31. Javo\u0159\u00ed\u010dsk\u00e9-barlangok<\/a><\/li><li class='ez-toc-page-1 ez-toc-heading-level-3'><a class=\"ez-toc-link ez-toc-heading-40\" href=\"https:\/\/loudavymkrokem.cz\/hu\/olomouc-gyerekekkel-tippek\/#32_Olomouci_Tvaruzky_Muzeum_Losticeben\" >32. Olomouci Tvar\u016f\u017eky M\u00fazeum Lo\u0161tic\u00e9ben<\/a><\/li><li class='ez-toc-page-1 ez-toc-heading-level-3'><a class=\"ez-toc-link ez-toc-heading-41\" href=\"https:\/\/loudavymkrokem.cz\/hu\/olomouc-gyerekekkel-tippek\/#33_Praded_Gyerekmuzeum_Bludovban\" >33. Prad\u011bd Gyerekm\u00fazeum Bludovban<\/a><\/li><li class='ez-toc-page-1 ez-toc-heading-level-3'><a class=\"ez-toc-link ez-toc-heading-42\" href=\"https:\/\/loudavymkrokem.cz\/hu\/olomouc-gyerekekkel-tippek\/#34_Radikov_erod\" >34. Rad\u00edkov er\u0151d<\/a><\/li><\/ul><\/li><li class='ez-toc-page-1 ez-toc-heading-level-2'><a class=\"ez-toc-link ez-toc-heading-43\" href=\"https:\/\/loudavymkrokem.cz\/hu\/olomouc-gyerekekkel-tippek\/#Hol_egyetek_a_gyerekekkel\" >Hol egyetek a gyerekekkel<\/a><\/li><li class='ez-toc-page-1 ez-toc-heading-level-2'><a class=\"ez-toc-link ez-toc-heading-44\" href=\"https:\/\/loudavymkrokem.cz\/hu\/olomouc-gyerekekkel-tippek\/#Gyakorlati_info\" >Gyakorlati inf\u00f3<\/a><\/li><li class='ez-toc-page-1 ez-toc-heading-level-2'><a class=\"ez-toc-link ez-toc-heading-45\" href=\"https:\/\/loudavymkrokem.cz\/hu\/olomouc-gyerekekkel-tippek\/#Hova_tovabb\" >Hova tov\u00e1bb<\/a><\/li><li class='ez-toc-page-1 ez-toc-heading-level-2'><a class=\"ez-toc-link ez-toc-heading-46\" href=\"https:\/\/loudavymkrokem.cz\/hu\/olomouc-gyerekekkel-tippek\/#Gyakran_ismetelt_kerdesek\" >Gyakran ism\u00e9telt k\u00e9rd\u00e9sek<\/a><ul class='ez-toc-list-level-3' ><li class='ez-toc-heading-level-3'><a class=\"ez-toc-link ez-toc-heading-47\" href=\"https:\/\/loudavymkrokem.cz\/hu\/olomouc-gyerekekkel-tippek\/#Hova_menjunk_Olomoucban_gyerekekkel_ha_esik_az_eso\" >Hov\u00e1 menj\u00fcnk Olomoucban gyerekekkel, ha esik az es\u0151?<\/a><\/li><li class='ez-toc-page-1 ez-toc-heading-level-3'><a class=\"ez-toc-link ez-toc-heading-48\" href=\"https:\/\/loudavymkrokem.cz\/hu\/olomouc-gyerekekkel-tippek\/#Mennyibe_kerul_az_olomouci_allatkert\" >Mennyibe ker\u00fcl az olomouci \u00e1llatkert?<\/a><\/li><li class='ez-toc-page-1 ez-toc-heading-level-3'><a class=\"ez-toc-link ez-toc-heading-49\" href=\"https:\/\/loudavymkrokem.cz\/hu\/olomouc-gyerekekkel-tippek\/#Hogyan_juthatunk_el_a_Svaty_Kopecek-re\" >Hogyan juthatunk el a Svat\u00fd Kope\u010dek-re?<\/a><\/li><li class='ez-toc-page-1 ez-toc-heading-level-3'><a class=\"ez-toc-link ez-toc-heading-50\" href=\"https:\/\/loudavymkrokem.cz\/hu\/olomouc-gyerekekkel-tippek\/#Olomouc_alkalmas_babakocsival\" >Olomouc alkalmas babakocsival?<\/a><\/li><li class='ez-toc-page-1 ez-toc-heading-level-3'><a class=\"ez-toc-link ez-toc-heading-51\" href=\"https:\/\/loudavymkrokem.cz\/hu\/olomouc-gyerekekkel-tippek\/#Hova_menjunk_Olomoucban_gyerekekkel_ingyen\" >Hov\u00e1 menj\u00fcnk Olomoucban gyerekekkel ingyen?<\/a><\/li><li class='ez-toc-page-1 ez-toc-heading-level-3'><a class=\"ez-toc-link ez-toc-heading-52\" href=\"https:\/\/loudavymkrokem.cz\/hu\/olomouc-gyerekekkel-tippek\/#Hany_napra_van_szuksegunk_Olomoucban_gyerekekkel\" >H\u00e1ny napra van sz\u00fcks\u00e9g\u00fcnk Olomoucban gyerekekkel?<\/a><\/li><li class='ez-toc-page-1 ez-toc-heading-level-3'><a class=\"ez-toc-link ez-toc-heading-53\" href=\"https:\/\/loudavymkrokem.cz\/hu\/olomouc-gyerekekkel-tippek\/#Hova_kirandulhatunk_Olomoucbol_gyerekekkel\" >Hov\u00e1 kir\u00e1ndulhatunk Olomoucb\u00f3l gyerekekkel?<\/a><\/li><li class='ez-toc-page-1 ez-toc-heading-level-3'><a class=\"ez-toc-link ez-toc-heading-54\" href=\"https:\/\/loudavymkrokem.cz\/hu\/olomouc-gyerekekkel-tippek\/#Milyen_messze_van_a_vyskovi_DinoPark_Olomouctol\" >Milyen messze van a vy\u0161kovi DinoPark Olomouct\u00f3l?<\/a><\/li><\/ul><\/li><\/ul><\/nav><\/div>\n<h3 class=\"wp-block-heading\"><span class=\"ez-toc-section\" id=\"Osszefoglalas_Olomouc_gyerekekkel_diohejban\"><\/span>\u00d6sszefoglal\u00e1s: Olomouc gyerekekkel di\u00f3h\u00e9jban<span class=\"ez-toc-section-end\"><\/span><\/h3>\n\n\n\n<ul class=\"wp-block-list\">\n\n<li><strong>Sz\u00e9p id\u0151ben:<\/strong> Csin\u00e1ljatok kincskeres\u00e9st a belv\u00e1ros barokk k\u00fatjai k\u00f6zt, v\u00e1rj\u00e1tok meg a rendhagy\u00f3 v\u00e1rosi \u00f3ra d\u00e9li mutatv\u00e1ny\u00e1t, induljatok el a t\u00e1gas Smetana-parkba, vagy fedezz\u00e9tek fel a Korona-er\u0151d\u00f6t.<\/li>\n\n\n\n<li><strong>Amikor esik:<\/strong> Olomouc az es\u0151s napok paradicsoma. V\u00e1r r\u00e1d a hatalmas, tudom\u00e1nnyal teli Megismer\u00e9s Er\u0151dje, az \u00f3ri\u00e1si Krokod\u00fdlek vid\u00e1mpark \u00e9s a gy\u00f6ny\u00f6r\u0171 gyerekj\u00e1tsz\u00f3h\u00e1zak eg\u00e9szen szokatlan s\u0171r\u0171s\u00e9ge a belv\u00e1rosban, a sz\u00fcl\u0151knek pedig min\u0151s\u00e9gi k\u00e1v\u00e9val.<\/li>\n\n\n\n<li><strong>Hov\u00e1 kir\u00e1ndulj:<\/strong> A Svat\u00fd Kope\u010dek az \u00e1llatkerttel abszol\u00fat k\u00f6telez\u0151, de ha van aut\u00f3d, mindenk\u00e9pp fontold meg a fantasztikus vy\u0161kovi DinoParkot vagy a mesebeli Bouzov v\u00e1rat is.<\/li>\n\n\n\n<li><strong>Hol lakj:<\/strong> Remek v\u00e1laszt\u00e1s a belv\u00e1rosban az OREA Hotel Arigone, ahol az 5,99 \u00e9ves korig a gyerekek ingyen laknak, a sz\u00fcl\u0151k pedig az elaltat\u00e1suk ut\u00e1n be\u00fclhetnek a szob\u00e1ban l\u00e9v\u0151 pezsg\u0151f\u00fcrd\u0151be.<\/li>\n\n\n\n<li><strong>H\u00e1ny nap kell:<\/strong> A t\u00f6rt\u00e9nelmi magot egy nap alatt bej\u00e1rod, de ha az \u00e1llatkertet is l\u00e1tni szeretn\u00e9d, \u00e9s kihaszn\u00e1lni a j\u00e1tsz\u00f3h\u00e1zakat vagy az \u00e9lm\u00e9nyf\u00fcrd\u0151t, ide\u00e1lisan 2-3 nap kell.<\/li>\n\n\n<\/ul>\n\n\n\n<h2 class=\"wp-block-heading\"><span class=\"ez-toc-section\" id=\"Mikor_indulj_Olomoucba_gyerekekkel\"><\/span>Mikor indulj Olomoucba gyerekekkel<span class=\"ez-toc-section-end\"><\/span><\/h2>\n\n\n\n<figure data-wp-context=\"{&quot;imageId&quot;:&quot;6a95356418270&quot;}\" data-wp-interactive=\"core\/image\" data-wp-key=\"6a95356418270\" class=\"wp-block-image size-full wp-lightbox-container\"><img decoding=\"async\" width=\"2200\" height=\"1467\" data-wp-class--hide=\"state.isContentHidden\" data-wp-class--show=\"state.isContentVisible\" data-wp-init=\"callbacks.setButtonStyles\" data-wp-on--click=\"actions.showLightbox\" data-wp-on--load=\"callbacks.setButtonStyles\" data-wp-on--pointerdown=\"actions.preloadImage\" data-wp-on--pointerenter=\"actions.preloadImageWithDelay\" data-wp-on--pointerleave=\"actions.cancelPreload\" data-wp-on-window--resize=\"callbacks.setButtonStyles\" src=\"https:\/\/loudavymkrokem.cz\/wp-content\/uploads\/2026\/08\/olomouc-s-detmi-namesti-se-stromy.jpg\" alt=\"Barokk h\u00e1z \u00e9s szobor az olomouci t\u00e9ren f\u00e1kkal\" class=\"wp-image-401042\" title=\"\" srcset=\"https:\/\/loudavymkrokem.cz\/wp-content\/uploads\/2026\/08\/olomouc-s-detmi-namesti-se-stromy.jpg 2200w, https:\/\/loudavymkrokem.cz\/wp-content\/uploads\/2026\/08\/olomouc-s-detmi-namesti-se-stromy-300x200.jpg 300w, https:\/\/loudavymkrokem.cz\/wp-content\/uploads\/2026\/08\/olomouc-s-detmi-namesti-se-stromy-700x467.jpg 700w, https:\/\/loudavymkrokem.cz\/wp-content\/uploads\/2026\/08\/olomouc-s-detmi-namesti-se-stromy-768x512.jpg 768w, https:\/\/loudavymkrokem.cz\/wp-content\/uploads\/2026\/08\/olomouc-s-detmi-namesti-se-stromy-1536x1024.jpg 1536w, https:\/\/loudavymkrokem.cz\/wp-content\/uploads\/2026\/08\/olomouc-s-detmi-namesti-se-stromy-2048x1366.jpg 2048w, https:\/\/loudavymkrokem.cz\/wp-content\/uploads\/2026\/08\/olomouc-s-detmi-namesti-se-stromy-696x464.jpg 696w, https:\/\/loudavymkrokem.cz\/wp-content\/uploads\/2026\/08\/olomouc-s-detmi-namesti-se-stromy-1392x928.jpg 1392w, https:\/\/loudavymkrokem.cz\/wp-content\/uploads\/2026\/08\/olomouc-s-detmi-namesti-se-stromy-1920x1280.jpg 1920w\" sizes=\"(max-width: 2200px) 100vw, 2200px\" \/><button\n\t\t\tclass=\"lightbox-trigger\"\n\t\t\ttype=\"button\"\n\t\t\taria-haspopup=\"dialog\"\n\t\t\tdata-wp-bind--aria-label=\"state.thisImage.triggerButtonAriaLabel\"\n\t\t\tdata-wp-init=\"callbacks.initTriggerButton\"\n\t\t\tdata-wp-on--click=\"actions.showLightbox\"\n\t\t\tdata-wp-style--right=\"state.thisImage.buttonRight\"\n\t\t\tdata-wp-style--top=\"state.thisImage.buttonTop\"\n\t\t>\n\t\t\t<svg xmlns=\"http:\/\/www.w3.org\/2000\/svg\" width=\"12\" height=\"12\" fill=\"none\" viewBox=\"0 0 12 12\">\n\t\t\t\t<path fill=\"#fff\" d=\"M2 0a2 2 0 0 0-2 2v2h1.5V2a.5.5 0 0 1 .5-.5h2V0H2Zm2 10.5H2a.5.5 0 0 1-.5-.5V8H0v2a2 2 0 0 0 2 2h2v-1.5ZM8 12v-1.5h2a.5.5 0 0 0 .5-.5V8H12v2a2 2 0 0 1-2 2H8Zm2-12a2 2 0 0 1 2 2v2h-1.5V2a.5.5 0 0 0-.5-.5H8V0h2Z\" \/>\n\t\t\t<\/svg>\n\t\t<\/button><figcaption class=\"wp-element-caption\">Nyugodt olomouci terek f\u00e1kkal, ahol a gyerekekkel fell\u00e9legezhetsz<\/figcaption><\/figure>\n\n\n\n<p class=\"wp-block-paragraph\">Olomouc hatalmas el\u0151nye, hogy eg\u00e9sz \u00e9ves \u00fati c\u00e9l, amely nem z\u00e1rja be a kapuit a ny\u00e1ri sz\u00fcnet v\u00e9g\u00e9vel. Mikor \u00e9ri meg teh\u00e1t a legjobban idej\u00f6nni? F\u0151leg att\u00f3l f\u00fcgg, mit v\u00e1rsz a kir\u00e1ndul\u00e1st\u00f3l, \u00e9s milyen kor\u00fa gyerekeket viszel magaddal. Igaz\u00e1b\u00f3l az sz\u00e1m\u00edt legjobban, milyen csal\u00e1di programokat kedveltek, \u00e9s milyen kor\u00fa csemet\u00e9kkel utaztok.<\/p>\n\n\n\n<p class=\"wp-block-paragraph\">A tavasz Olomoucban egyszer\u0171en var\u00e1zslatos, k\u00fcl\u00f6n\u00f6sen \u00e1prilis \u00e9s m\u00e1jus. Ha eltal\u00e1lod a megfelel\u0151 hetet, a Bezru\u010d-parkban a v\u00e1rfalak alatt vir\u00e1gz\u00f3 magn\u00f3li\u00e1kat l\u00e1thatsz, ami m\u00e9g a romantika megr\u00f6gz\u00f6tt ellenz\u0151it is elvar\u00e1zsolja, egy kicsit od\u00e9bb pedig lassan \u00e9bredezni kezd a gy\u00f6ny\u00f6r\u0171 Roz\u00e1rium. A ny\u00e1r lehet\u0151s\u00e9get k\u00edn\u00e1l, hogy leh\u0171lj a helyi \u00e9lm\u00e9nyf\u00fcrd\u0151ben, hossz\u00fa napokat t\u00f6lts a Svat\u00fd Kope\u010dek-i \u00e1llatkertben, \u00e9s \u00e9lvezd az esti s\u00e9t\u00e1kat a kihalt belv\u00e1rosban, kezedben egy t\u00f6lcs\u00e9r fagyival.<\/p>\n\n\n\n<p class=\"wp-block-paragraph\">Az \u0151sz aranysz\u00edn\u0171re festi a t\u00e1gas olomouci parkokat, \u00e9s ide\u00e1lis id\u0151 a m\u00fazeumok \u00e9s belt\u00e9ri j\u00e1tsz\u00f3h\u00e1zak felfedez\u00e9s\u00e9re, amelyekb\u0151l b\u0151ven akad itt. \u00c9s nem feledkezhetem meg a t\u00e9lr\u0151l sem, pontosabban az adventr\u0151l. Az olomouci kar\u00e1csonyi v\u00e1s\u00e1rok a Fels\u0151 \u00e9s Als\u00f3 t\u00e9ren rendszeresen a legszebbek k\u00f6z\u00e9 tartoznak az eg\u00e9sz orsz\u00e1gban, illatozik a forralt bor, felragyog a d\u00edsz\u00edt\u00e9s, a gyerekeknek pedig ez maga a mese. A l\u00e9nyeghez, vagyis a belv\u00e1roshoz \u00e9s az \u00e1llatkerthez el\u00e9g lesz k\u00e9t nap, de ha a k\u00f6rny\u00e9kbeli kir\u00e1ndul\u00e1sokat is hozz\u00e1csatoln\u00e1d, nyugodtan sz\u00e1nj r\u00e1 egy hossz\u00fa h\u00e9tv\u00e9g\u00e9t.<\/p>\n\n\n\n<h2 class=\"wp-block-heading\"><span class=\"ez-toc-section\" id=\"Hol_lakj_Olomoucban_gyerekekkel\"><\/span>Hol lakj Olomoucban gyerekekkel<span class=\"ez-toc-section-end\"><\/span><\/h2>\n\n\n\n<figure data-wp-context=\"{&quot;imageId&quot;:&quot;6a9535641898e&quot;}\" data-wp-interactive=\"core\/image\" data-wp-key=\"6a9535641898e\" class=\"wp-block-image size-full wp-lightbox-container\"><img decoding=\"async\" width=\"2200\" height=\"1467\" data-wp-class--hide=\"state.isContentHidden\" data-wp-class--show=\"state.isContentVisible\" data-wp-init=\"callbacks.setButtonStyles\" data-wp-on--click=\"actions.showLightbox\" data-wp-on--load=\"callbacks.setButtonStyles\" data-wp-on--pointerdown=\"actions.preloadImage\" data-wp-on--pointerenter=\"actions.preloadImageWithDelay\" data-wp-on--pointerleave=\"actions.cancelPreload\" data-wp-on-window--resize=\"callbacks.setButtonStyles\" src=\"https:\/\/loudavymkrokem.cz\/wp-content\/uploads\/2026\/08\/olomouc-s-detmi-hotel-arigone-wellness.jpg\" alt=\"Gyerek egy nyug\u00e1gyon az olomouci Arigone hotel wellnessszob\u00e1j\u00e1ban\" class=\"wp-image-401101\" title=\"\" srcset=\"https:\/\/loudavymkrokem.cz\/wp-content\/uploads\/2026\/08\/olomouc-s-detmi-hotel-arigone-wellness.jpg 2200w, https:\/\/loudavymkrokem.cz\/wp-content\/uploads\/2026\/08\/olomouc-s-detmi-hotel-arigone-wellness-300x200.jpg 300w, https:\/\/loudavymkrokem.cz\/wp-content\/uploads\/2026\/08\/olomouc-s-detmi-hotel-arigone-wellness-700x467.jpg 700w, https:\/\/loudavymkrokem.cz\/wp-content\/uploads\/2026\/08\/olomouc-s-detmi-hotel-arigone-wellness-768x512.jpg 768w, https:\/\/loudavymkrokem.cz\/wp-content\/uploads\/2026\/08\/olomouc-s-detmi-hotel-arigone-wellness-1536x1024.jpg 1536w, https:\/\/loudavymkrokem.cz\/wp-content\/uploads\/2026\/08\/olomouc-s-detmi-hotel-arigone-wellness-2048x1366.jpg 2048w, https:\/\/loudavymkrokem.cz\/wp-content\/uploads\/2026\/08\/olomouc-s-detmi-hotel-arigone-wellness-696x464.jpg 696w, https:\/\/loudavymkrokem.cz\/wp-content\/uploads\/2026\/08\/olomouc-s-detmi-hotel-arigone-wellness-1392x928.jpg 1392w, https:\/\/loudavymkrokem.cz\/wp-content\/uploads\/2026\/08\/olomouc-s-detmi-hotel-arigone-wellness-1920x1280.jpg 1920w\" sizes=\"(max-width: 2200px) 100vw, 2200px\" \/><button\n\t\t\tclass=\"lightbox-trigger\"\n\t\t\ttype=\"button\"\n\t\t\taria-haspopup=\"dialog\"\n\t\t\tdata-wp-bind--aria-label=\"state.thisImage.triggerButtonAriaLabel\"\n\t\t\tdata-wp-init=\"callbacks.initTriggerButton\"\n\t\t\tdata-wp-on--click=\"actions.showLightbox\"\n\t\t\tdata-wp-style--right=\"state.thisImage.buttonRight\"\n\t\t\tdata-wp-style--top=\"state.thisImage.buttonTop\"\n\t\t>\n\t\t\t<svg xmlns=\"http:\/\/www.w3.org\/2000\/svg\" width=\"12\" height=\"12\" fill=\"none\" viewBox=\"0 0 12 12\">\n\t\t\t\t<path fill=\"#fff\" d=\"M2 0a2 2 0 0 0-2 2v2h1.5V2a.5.5 0 0 1 .5-.5h2V0H2Zm2 10.5H2a.5.5 0 0 1-.5-.5V8H0v2a2 2 0 0 0 2 2h2v-1.5ZM8 12v-1.5h2a.5.5 0 0 0 .5-.5V8H12v2a2 2 0 0 1-2 2H8Zm2-12a2 2 0 0 1 2 2v2h-1.5V2a.5.5 0 0 0-.5-.5H8V0h2Z\" \/>\n\t\t\t<\/svg>\n\t\t<\/button><figcaption class=\"wp-element-caption\">Az Arigone hotel wellnessszob\u00e1ja: a gyerek elalszik, a sz\u00fcl\u0151k v\u00e9gre kapnak egy kis id\u0151t maguknak<\/figcaption><\/figure>\n\n\n\n<p class=\"wp-block-paragraph\">A gyerekekkel val\u00f3 sz\u00e1ll\u00e1s a t\u00f6rt\u00e9nelmi v\u00e1rosokban id\u0151nk\u00e9nt komoly fejt\u00f6r\u0151, mert \u00f6ssze kell egyeztetned a l\u00e1tnival\u00f3k k\u00f6zels\u00e9g\u00e9t a k\u00e9nyelemmel, a j\u00f3 parkol\u00e1ssal \u00e9s lehet\u0151leg egy csipetnyi sz\u00fcl\u0151i luxussal is. A l\u00e1togat\u00e1sunkkor \u00f3ri\u00e1si szerencs\u00e9nk volt a hotelv\u00e1laszt\u00e1ssal, \u00e9s be kell vallanom, ez hihetetlen\u00fcl kellemess\u00e9 tette az eg\u00e9sz tart\u00f3zkod\u00e1st.<\/p>\n\n\n\n<p class=\"wp-block-paragraph\">Az <strong>OREA Hotel Arigone<\/strong>-ban laktunk, egyenesen a t\u00f6rt\u00e9nelmi magban, \u00e9s telital\u00e1lat volt. Igaz, nem az a tipikus, hangos anim\u00e1ci\u00f3s programmal \u00e9s reggeli mellett futkos\u00f3 kabalafigur\u00e1kkal teli hotel, de nek\u00fcnk, sz\u00fcl\u0151knek t\u00f6k\u00e9letes ter\u00e1piak\u00e9nt m\u0171k\u00f6d\u00f6tt. Wellnessszob\u00e1nk volt saj\u00e1t pezsg\u0151f\u00fcrd\u0151vel \u00e9s szaun\u00e1val. El tudod k\u00e9pzelni azt a megk\u00f6nnyebb\u00fcl\u00e9st, amikor este a kis Jon\u00e1\u0161t v\u00e9gre elaltattuk, \u00e9s Luk\u00e1\u0161sal be\u00fclhett\u00fcnk a bubor\u00e9kokba an\u00e9lk\u00fcl, hogy ki kellett volna tenn\u00fcnk a l\u00e1bunkat a szob\u00e1b\u00f3l. R\u00e1ad\u00e1sul teljesen fantasztikus reggeliket k\u00e9sz\u00edtenek, az 5,99 \u00e9ves korig a gyerekek teljesen ingyen laknak, a legjobb gyerekj\u00e1tsz\u00f3h\u00e1zak \u00e9s k\u00e1v\u00e9z\u00f3k pedig lass\u00fa s\u00e9t\u00e1val is csak p\u00e1r percre vannak.<\/p>\n\n\n\n<p class=\"wp-block-paragraph\">\ud83d\udc49 <strong><a href=\"https:\/\/www.stay22.com\/allez\/roam?aid=lukaskonecny&#038;campaign=loudavymkrokemcz&#038;campaign=olomoucsdetmi&#038;hotelname=OREA%20Hotel%20Arigone%20Olomouc&#038;address=Olomouc%2C%20Cesko&#038;category=accommodation\" target=\"_blank\" rel=\"nofollow sponsored noopener\">N\u00e9zd meg az Arigone hotel \u00e1rait \u00e9s foglalhat\u00f3s\u00e1g\u00e1t<\/a><\/strong> \u00b7 r\u00e9szletesen le\u00edrtuk az <a href=\"https:\/\/loudavymkrokem.cz\/orea-hotel-arigone\/\">OREA Hotel Arigone-r\u00f3l sz\u00f3l\u00f3 \u00e9rt\u00e9kel\u00e9s\u00fcnkben<\/a>.<\/p>\n\n\n\n<p class=\"wp-block-paragraph\">Ha ez a hotel megtelt volna, <strong><a href=\"https:\/\/www.stay22.com\/allez\/roam?aid=lukaskonecny&amp;campaign=loudavymkrokemcz&amp;campaign=olomouc-s-detmi&amp;address=Olomouc%2C%20Cesko\" target=\"_blank\" rel=\"nofollow sponsored noopener\">n\u00e9zd meg a t\u00f6bbi olomouci sz\u00e1ll\u00e1st<\/a><\/strong>, rengeteg lehet\u0151s\u00e9g van. A sz\u00fcl\u0151k az \u00e9rt\u00e9kel\u00e9sekben gyakran dics\u00e9rik a belv\u00e1rosban sz\u00e9tsz\u00f3rt k\u00fcl\u00f6nf\u00e9le csal\u00e1di apartmanokat, amelyek lehet\u0151s\u00e9get adnak, hogy magatok f\u0151zzetek, ami kisebb gyerekekn\u00e9l mindig j\u00f3l j\u00f6n. Csak a sz\u00e1ll\u00e1s lefoglal\u00e1sakor a v\u00e1ros sz\u00edv\u00e9ben mindig gondosan ellen\u0151rizd, hogyan \u00e1ll a parkol\u00e1s, mert a s\u00e9t\u00e1l\u00f3\u00f6vezetnek szigor\u00fa szab\u00e1lyai vannak, a k\u00f6rny\u00e9kbeli nyilv\u00e1nos parkol\u00f3k pedig alaposan meg tudj\u00e1k terhelni a csal\u00e1di k\u00f6lts\u00e9gvet\u00e9st.<\/p>\n\n\n\n<h2 class=\"wp-block-heading\"><span class=\"ez-toc-section\" id=\"Mit_csinalj_Olomoucban_gyerekekkel_a_szabadban\"><\/span>Mit csin\u00e1lj Olomoucban gyerekekkel a szabadban<span class=\"ez-toc-section-end\"><\/span><\/h2>\n\n\n\n<p class=\"wp-block-paragraph\">Amikor kikandik\u00e1l a nap, \u00e9s kedvez az id\u0151, Olomouc t\u00f6rt\u00e9nelmi belv\u00e1rosa egyetlen nagy, meglepet\u00e9sekkel teli szabadt\u00e9ri j\u00e1tsz\u00f3t\u00e9r. Ez nem csak a r\u00e9gi homlokzatok szeml\u00e9lget\u00e9s\u00e9r\u0151l sz\u00f3l, a v\u00e1rosnak j\u00e1t\u00e9kos lelke van, \u00e9s rengeteg olyan zug, ami a legkisebb utaz\u00f3kat is lek\u00f6ti. \u00d6ssze\u00e1ll\u00edtottam neked t\u00edz tippet a szabadt\u00e9ri programokra, amelyeknek k\u00f6sz\u00f6nhet\u0151en <strong>Olomouc a gyerekeknek<\/strong> \u00e9lm\u00e9ny lesz, nem b\u00fcntet\u00e9s.<\/p>\n\n\n\n<h3 class=\"wp-block-heading\"><span class=\"ez-toc-section\" id=\"1_Az_olomouci_varosi_ora\"><\/span>1. Az olomouci v\u00e1rosi \u00f3ra<span class=\"ez-toc-section-end\"><\/span><\/h3>\n\n\n\n<figure data-wp-context=\"{&quot;imageId&quot;:&quot;6a95356419291&quot;}\" data-wp-interactive=\"core\/image\" data-wp-key=\"6a95356419291\" class=\"wp-block-image size-full wp-lightbox-container\"><img decoding=\"async\" width=\"2200\" height=\"1467\" data-wp-class--hide=\"state.isContentHidden\" data-wp-class--show=\"state.isContentVisible\" data-wp-init=\"callbacks.setButtonStyles\" data-wp-on--click=\"actions.showLightbox\" data-wp-on--load=\"callbacks.setButtonStyles\" data-wp-on--pointerdown=\"actions.preloadImage\" data-wp-on--pointerenter=\"actions.preloadImageWithDelay\" data-wp-on--pointerleave=\"actions.cancelPreload\" data-wp-on-window--resize=\"callbacks.setButtonStyles\" src=\"https:\/\/loudavymkrokem.cz\/wp-content\/uploads\/2026\/08\/olomouc-s-detmi-orloj-detail.jpg\" alt=\"Az olomouci v\u00e1rosi \u00f3ra r\u00e9szlete munk\u00e1sfigur\u00e1kkal \u00e9s sz\u00e1mlapokkal\" class=\"wp-image-401020\" title=\"\" srcset=\"https:\/\/loudavymkrokem.cz\/wp-content\/uploads\/2026\/08\/olomouc-s-detmi-orloj-detail.jpg 2200w, https:\/\/loudavymkrokem.cz\/wp-content\/uploads\/2026\/08\/olomouc-s-detmi-orloj-detail-300x200.jpg 300w, https:\/\/loudavymkrokem.cz\/wp-content\/uploads\/2026\/08\/olomouc-s-detmi-orloj-detail-700x467.jpg 700w, https:\/\/loudavymkrokem.cz\/wp-content\/uploads\/2026\/08\/olomouc-s-detmi-orloj-detail-768x512.jpg 768w, https:\/\/loudavymkrokem.cz\/wp-content\/uploads\/2026\/08\/olomouc-s-detmi-orloj-detail-1536x1024.jpg 1536w, https:\/\/loudavymkrokem.cz\/wp-content\/uploads\/2026\/08\/olomouc-s-detmi-orloj-detail-2048x1366.jpg 2048w, https:\/\/loudavymkrokem.cz\/wp-content\/uploads\/2026\/08\/olomouc-s-detmi-orloj-detail-696x464.jpg 696w, https:\/\/loudavymkrokem.cz\/wp-content\/uploads\/2026\/08\/olomouc-s-detmi-orloj-detail-1392x928.jpg 1392w, https:\/\/loudavymkrokem.cz\/wp-content\/uploads\/2026\/08\/olomouc-s-detmi-orloj-detail-1920x1280.jpg 1920w\" sizes=\"(max-width: 2200px) 100vw, 2200px\" \/><button\n\t\t\tclass=\"lightbox-trigger\"\n\t\t\ttype=\"button\"\n\t\t\taria-haspopup=\"dialog\"\n\t\t\tdata-wp-bind--aria-label=\"state.thisImage.triggerButtonAriaLabel\"\n\t\t\tdata-wp-init=\"callbacks.initTriggerButton\"\n\t\t\tdata-wp-on--click=\"actions.showLightbox\"\n\t\t\tdata-wp-style--right=\"state.thisImage.buttonRight\"\n\t\t\tdata-wp-style--top=\"state.thisImage.buttonTop\"\n\t\t>\n\t\t\t<svg xmlns=\"http:\/\/www.w3.org\/2000\/svg\" width=\"12\" height=\"12\" fill=\"none\" viewBox=\"0 0 12 12\">\n\t\t\t\t<path fill=\"#fff\" d=\"M2 0a2 2 0 0 0-2 2v2h1.5V2a.5.5 0 0 1 .5-.5h2V0H2Zm2 10.5H2a.5.5 0 0 1-.5-.5V8H0v2a2 2 0 0 0 2 2h2v-1.5ZM8 12v-1.5h2a.5.5 0 0 0 .5-.5V8H12v2a2 2 0 0 1-2 2H8Zm2-12a2 2 0 0 1 2 2v2h-1.5V2a.5.5 0 0 0-.5-.5H8V0h2Z\" \/>\n\t\t\t<\/svg>\n\t\t<\/button><figcaption class=\"wp-element-caption\">A v\u00e1rosi \u00f3r\u00e1n az apostolok helyett munk\u00e1sok vonulnak fel. A gyerekeket ez \u00e1ltal\u00e1ban sz\u00f3rakoztatja.<\/figcaption><\/figure>\n\n\n\n<p class=\"wp-block-paragraph\">M\u00edg a pr\u00e1gai \u00f3ra valahol magasan a t\u00f6meg feje f\u00f6l\u00f6tt mutatja az apostolokat, az olomouci a Fels\u0151 t\u00e9ren, egyenesen a v\u00e1rosh\u00e1za \u00e9p\u00fclet\u00e9n, k\u00e9t hatalmas el\u0151nnyel is b\u00edr a gyerekes csal\u00e1dok sz\u00e1m\u00e1ra. Egyr\u00e9szt sz\u00e9pen szemmagass\u00e1gban van, \u00edgy a kisebb gyerekek is gond n\u00e9lk\u00fcl r\u00e1l\u00e1tnak az \u00f6sszes mozg\u00f3 figur\u00e1ra, m\u00e1sr\u00e9szt egyszer\u0171en vil\u00e1g\u00adegyed\u00fcl\u00e1ll\u00f3. Ez ugyanis a vil\u00e1g egyik kev\u00e9s olyan \u00f3r\u00e1ja, amelyet a h\u00e1bor\u00fa v\u00e9gi lerombol\u00e1s ut\u00e1n 1947 \u00e9s 1955 k\u00f6z\u00f6tt a szocialista realizmus szellem\u00e9ben \u00e9p\u00edtettek \u00fajj\u00e1 Karel Svolinsk\u00fd tervei alapj\u00e1n.<\/p>\n\n\n\n<p class=\"wp-block-paragraph\">A szentek helyett itt kov\u00e1csot, p\u00e9keket, vegy\u00e9szt \u00e9s m\u00e1s becs\u00fcletes prolet\u00e1rokat l\u00e1thatsz felvonulni, ami a gyerekeknek \u00e1ltal\u00e1ban rettent\u0151en tetszik, mert ezeket a szakm\u00e1kat jobban \u00e9rtik, mint a t\u00f6rt\u00e9nelmi alakokat. Ez az eg\u00e9sz pompa minden nap <strong>pontosan d\u00e9lben<\/strong> lend\u00fcl mozg\u00e1sba, \u00fagyhogy a v\u00e1rosi s\u00e9t\u00e1t \u00fagy tervezd, hogy tizenkett\u0151 el\u0151tt m\u00e1r itt \u00e1llj k\u00e9szenl\u00e9tben.<\/p>\n\n\n\n<h3 class=\"wp-block-heading\"><span class=\"ez-toc-section\" id=\"2_Szentharomsag-oszlop\"><\/span>2. Szenth\u00e1roms\u00e1g-oszlop<span class=\"ez-toc-section-end\"><\/span><\/h3>\n\n\n\n<figure data-wp-context=\"{&quot;imageId&quot;:&quot;6a953564198fd&quot;}\" data-wp-interactive=\"core\/image\" data-wp-key=\"6a953564198fd\" class=\"wp-block-image size-full wp-lightbox-container\"><img decoding=\"async\" width=\"1800\" height=\"1208\" data-wp-class--hide=\"state.isContentHidden\" data-wp-class--show=\"state.isContentVisible\" data-wp-init=\"callbacks.setButtonStyles\" data-wp-on--click=\"actions.showLightbox\" data-wp-on--load=\"callbacks.setButtonStyles\" data-wp-on--pointerdown=\"actions.preloadImage\" data-wp-on--pointerenter=\"actions.preloadImageWithDelay\" data-wp-on--pointerleave=\"actions.cancelPreload\" data-wp-on-window--resize=\"callbacks.setButtonStyles\" src=\"https:\/\/loudavymkrokem.cz\/wp-content\/uploads\/2026\/08\/olomouc-s-detmi-sloup-horni-namesti.jpg\" alt=\"Szenth\u00e1roms\u00e1g-oszlop az olomouci Fels\u0151 t\u00e9ren\" class=\"wp-image-401195\" title=\"\" srcset=\"https:\/\/loudavymkrokem.cz\/wp-content\/uploads\/2026\/08\/olomouc-s-detmi-sloup-horni-namesti.jpg 1800w, https:\/\/loudavymkrokem.cz\/wp-content\/uploads\/2026\/08\/olomouc-s-detmi-sloup-horni-namesti-300x201.jpg 300w, https:\/\/loudavymkrokem.cz\/wp-content\/uploads\/2026\/08\/olomouc-s-detmi-sloup-horni-namesti-700x470.jpg 700w, https:\/\/loudavymkrokem.cz\/wp-content\/uploads\/2026\/08\/olomouc-s-detmi-sloup-horni-namesti-768x515.jpg 768w, https:\/\/loudavymkrokem.cz\/wp-content\/uploads\/2026\/08\/olomouc-s-detmi-sloup-horni-namesti-1536x1031.jpg 1536w, https:\/\/loudavymkrokem.cz\/wp-content\/uploads\/2026\/08\/olomouc-s-detmi-sloup-horni-namesti-696x467.jpg 696w, https:\/\/loudavymkrokem.cz\/wp-content\/uploads\/2026\/08\/olomouc-s-detmi-sloup-horni-namesti-1392x934.jpg 1392w\" sizes=\"(max-width: 1800px) 100vw, 1800px\" \/><button\n\t\t\tclass=\"lightbox-trigger\"\n\t\t\ttype=\"button\"\n\t\t\taria-haspopup=\"dialog\"\n\t\t\tdata-wp-bind--aria-label=\"state.thisImage.triggerButtonAriaLabel\"\n\t\t\tdata-wp-init=\"callbacks.initTriggerButton\"\n\t\t\tdata-wp-on--click=\"actions.showLightbox\"\n\t\t\tdata-wp-style--right=\"state.thisImage.buttonRight\"\n\t\t\tdata-wp-style--top=\"state.thisImage.buttonTop\"\n\t\t>\n\t\t\t<svg xmlns=\"http:\/\/www.w3.org\/2000\/svg\" width=\"12\" height=\"12\" fill=\"none\" viewBox=\"0 0 12 12\">\n\t\t\t\t<path fill=\"#fff\" d=\"M2 0a2 2 0 0 0-2 2v2h1.5V2a.5.5 0 0 1 .5-.5h2V0H2Zm2 10.5H2a.5.5 0 0 1-.5-.5V8H0v2a2 2 0 0 0 2 2h2v-1.5ZM8 12v-1.5h2a.5.5 0 0 0 .5-.5V8H12v2a2 2 0 0 1-2 2H8Zm2-12a2 2 0 0 1 2 2v2h-1.5V2a.5.5 0 0 0-.5-.5H8V0h2Z\" \/>\n\t\t\t<\/svg>\n\t\t<\/button><figcaption class=\"wp-element-caption\">A Szenth\u00e1roms\u00e1g-oszlop K\u00f6z\u00e9p-Eur\u00f3pa legnagyobb barokk szoborcsoportja<\/figcaption><\/figure>\n\n\n\n<p class=\"wp-block-paragraph\">R\u00f6gt\u00f6n a v\u00e1rosi \u00f3ra mellett a Fels\u0151 t\u00e9ren tr\u00f3nol egy eml\u00e9km\u0171, amelyet v\u00e9tek volna kihagyni, hiszen b\u00fcszk\u00e9lkedhet azzal, hogy <strong>2000 \u00f3ta az UNESCO list\u00e1j\u00e1n<\/strong> szerepel. Ez egy hatalmas, mintegy 32 m\u00e9ter magas pestisoszlop, amely egyben K\u00f6z\u00e9p-Eur\u00f3pa legnagyobb, egyetlen szoborkompoz\u00edci\u00f3t alkot\u00f3 barokk szoborcsoportja.<\/p>\n\n\n\n<p class=\"wp-block-paragraph\">A gyerekekre m\u00e1r maga az oszlop m\u00e9rete is leny\u0171g\u00f6z\u0151en hat, r\u00e1ad\u00e1sul a hatalmas talapzat\u00e1ban egy kis k\u00e1polna rejt\u0151zik. B\u00e1r nem lehet b\u00e1rmikor csak \u00fagy bemenni, m\u00e1r az a tudat is megb\u00edzhat\u00f3an beind\u00edtja a gyerekek fant\u00e1zi\u00e1j\u00e1t, hogy \u201ea nagy oszlopban egy h\u00e1zik\u00f3 b\u00fajik meg\u201d.<\/p>\n\n\n\n<h3 class=\"wp-block-heading\"><span class=\"ez-toc-section\" id=\"3_Barokk_kutak_kincskeresese\"><\/span>3. Barokk kutak kincskeres\u00e9se<span class=\"ez-toc-section-end\"><\/span><\/h3>\n\n\n\n<figure data-wp-context=\"{&quot;imageId&quot;:&quot;6a95356419fc6&quot;}\" data-wp-interactive=\"core\/image\" data-wp-key=\"6a95356419fc6\" class=\"wp-block-image size-full wp-lightbox-container\"><img decoding=\"async\" width=\"2200\" height=\"1467\" data-wp-class--hide=\"state.isContentHidden\" data-wp-class--show=\"state.isContentVisible\" data-wp-init=\"callbacks.setButtonStyles\" data-wp-on--click=\"actions.showLightbox\" data-wp-on--load=\"callbacks.setButtonStyles\" data-wp-on--pointerdown=\"actions.preloadImage\" data-wp-on--pointerenter=\"actions.preloadImageWithDelay\" data-wp-on--pointerleave=\"actions.cancelPreload\" data-wp-on-window--resize=\"callbacks.setButtonStyles\" src=\"https:\/\/loudavymkrokem.cz\/wp-content\/uploads\/2026\/08\/olomouc-s-detmi-caesarova-kasna.jpg\" alt=\"Caesar-k\u00fat az olomouci Fels\u0151 t\u00e9ren\" class=\"wp-image-401030\" title=\"\" srcset=\"https:\/\/loudavymkrokem.cz\/wp-content\/uploads\/2026\/08\/olomouc-s-detmi-caesarova-kasna.jpg 2200w, https:\/\/loudavymkrokem.cz\/wp-content\/uploads\/2026\/08\/olomouc-s-detmi-caesarova-kasna-300x200.jpg 300w, https:\/\/loudavymkrokem.cz\/wp-content\/uploads\/2026\/08\/olomouc-s-detmi-caesarova-kasna-700x467.jpg 700w, https:\/\/loudavymkrokem.cz\/wp-content\/uploads\/2026\/08\/olomouc-s-detmi-caesarova-kasna-768x512.jpg 768w, https:\/\/loudavymkrokem.cz\/wp-content\/uploads\/2026\/08\/olomouc-s-detmi-caesarova-kasna-1536x1024.jpg 1536w, https:\/\/loudavymkrokem.cz\/wp-content\/uploads\/2026\/08\/olomouc-s-detmi-caesarova-kasna-2048x1366.jpg 2048w, https:\/\/loudavymkrokem.cz\/wp-content\/uploads\/2026\/08\/olomouc-s-detmi-caesarova-kasna-696x464.jpg 696w, https:\/\/loudavymkrokem.cz\/wp-content\/uploads\/2026\/08\/olomouc-s-detmi-caesarova-kasna-1392x928.jpg 1392w, https:\/\/loudavymkrokem.cz\/wp-content\/uploads\/2026\/08\/olomouc-s-detmi-caesarova-kasna-1920x1280.jpg 1920w\" sizes=\"(max-width: 2200px) 100vw, 2200px\" \/><button\n\t\t\tclass=\"lightbox-trigger\"\n\t\t\ttype=\"button\"\n\t\t\taria-haspopup=\"dialog\"\n\t\t\tdata-wp-bind--aria-label=\"state.thisImage.triggerButtonAriaLabel\"\n\t\t\tdata-wp-init=\"callbacks.initTriggerButton\"\n\t\t\tdata-wp-on--click=\"actions.showLightbox\"\n\t\t\tdata-wp-style--right=\"state.thisImage.buttonRight\"\n\t\t\tdata-wp-style--top=\"state.thisImage.buttonTop\"\n\t\t>\n\t\t\t<svg xmlns=\"http:\/\/www.w3.org\/2000\/svg\" width=\"12\" height=\"12\" fill=\"none\" viewBox=\"0 0 12 12\">\n\t\t\t\t<path fill=\"#fff\" d=\"M2 0a2 2 0 0 0-2 2v2h1.5V2a.5.5 0 0 1 .5-.5h2V0H2Zm2 10.5H2a.5.5 0 0 1-.5-.5V8H0v2a2 2 0 0 0 2 2h2v-1.5ZM8 12v-1.5h2a.5.5 0 0 0 .5-.5V8H12v2a2 2 0 0 1-2 2H8Zm2-12a2 2 0 0 1 2 2v2h-1.5V2a.5.5 0 0 0-.5-.5H8V0h2Z\" \/>\n\t\t\t<\/svg>\n\t\t<\/button><figcaption class=\"wp-element-caption\">Caesar-k\u00fat a Fels\u0151 t\u00e9ren. Keress\u00e9tek a l\u00f3 alatt a kuty\u00e1t, a v\u00e1ros h\u0171s\u00e9g\u00e9nek jelk\u00e9p\u00e9t.<\/figcaption><\/figure>\n\n\n\n<p class=\"wp-block-paragraph\">Szerintem ez a legjobb m\u00f3dja annak, hogy a gyerekeket v\u00e9gigvezesd az eg\u00e9sz t\u00f6rt\u00e9nelmi belv\u00e1roson an\u00e9lk\u00fcl, hogy egy\u00e1ltal\u00e1n \u00e9szrevenn\u00e9k, hogy tulajdonk\u00e9ppen \u201em\u0171eml\u00e9kek k\u00f6zt s\u00e9t\u00e1lnak\u201d. Olomoucban ugyanis megtal\u00e1lhat\u00f3 a barokk kutak egyetlen ilyen kiterjedt, fennmaradt egy\u00fcttese Csehorsz\u00e1gban, \u00e9s ebb\u0151l remek csal\u00e1di j\u00e1t\u00e9kot csin\u00e1lhatsz.<\/p>\n\n\n\n<p class=\"wp-block-paragraph\">Osszatok sz\u00e9t a gyerekeknek egy t\u00e9rk\u00e9pet, \u00e9s hagyd, hogy keress\u00e9k meg az 1683-b\u00f3l sz\u00e1rmaz\u00f3, legr\u00e9gebbi Neptun-kutat, a Herkules-, Jupiter- \u00e9s Merk\u00far-kutat, a Trit\u00f3n-kutat \u00e9s a fens\u00e9ges <strong>Caesar-kutat<\/strong>, ahol meg kell tal\u00e1lniuk a l\u00f3 alatti kuty\u00e1t, amely a v\u00e1ros uralkod\u00f3 ir\u00e1nti h\u0171s\u00e9g\u00e9t jelk\u00e9pezi. A gyerekek abszol\u00fat kedvence azonban a szobr\u00e1sz Ivan Theimer 2002-es modern <strong>Ari\u00f3n-k\u00fatja<\/strong>. Ennek r\u00e9sze ugyanis egy nagy bronz <strong>tekn\u0151s<\/strong>, amelyn\u00e9l szinte minden arra j\u00e1r\u00f3 gyerek meg\u00e1ll.<\/p>\n\n\n\n<h3 class=\"wp-block-heading\"><span class=\"ez-toc-section\" id=\"4_Varoshaztorony\"><\/span>4. V\u00e1rosh\u00e1ztorony<span class=\"ez-toc-section-end\"><\/span><\/h3>\n\n\n\n<figure data-wp-context=\"{&quot;imageId&quot;:&quot;6a9535641a620&quot;}\" data-wp-interactive=\"core\/image\" data-wp-key=\"6a9535641a620\" class=\"wp-block-image size-full wp-lightbox-container\"><img decoding=\"async\" width=\"2200\" height=\"1467\" data-wp-class--hide=\"state.isContentHidden\" data-wp-class--show=\"state.isContentVisible\" data-wp-init=\"callbacks.setButtonStyles\" data-wp-on--click=\"actions.showLightbox\" data-wp-on--load=\"callbacks.setButtonStyles\" data-wp-on--pointerdown=\"actions.preloadImage\" data-wp-on--pointerenter=\"actions.preloadImageWithDelay\" data-wp-on--pointerleave=\"actions.cancelPreload\" data-wp-on-window--resize=\"callbacks.setButtonStyles\" src=\"https:\/\/loudavymkrokem.cz\/wp-content\/uploads\/2026\/08\/olomouc-s-detmi-radnice-orloj.jpg\" alt=\"Az olomouci v\u00e1rosh\u00e1za a v\u00e1rosi \u00f3r\u00e1val a Fels\u0151 t\u00e9ren\" class=\"wp-image-401026\" title=\"\" srcset=\"https:\/\/loudavymkrokem.cz\/wp-content\/uploads\/2026\/08\/olomouc-s-detmi-radnice-orloj.jpg 2200w, https:\/\/loudavymkrokem.cz\/wp-content\/uploads\/2026\/08\/olomouc-s-detmi-radnice-orloj-300x200.jpg 300w, https:\/\/loudavymkrokem.cz\/wp-content\/uploads\/2026\/08\/olomouc-s-detmi-radnice-orloj-700x467.jpg 700w, https:\/\/loudavymkrokem.cz\/wp-content\/uploads\/2026\/08\/olomouc-s-detmi-radnice-orloj-768x512.jpg 768w, https:\/\/loudavymkrokem.cz\/wp-content\/uploads\/2026\/08\/olomouc-s-detmi-radnice-orloj-1536x1024.jpg 1536w, https:\/\/loudavymkrokem.cz\/wp-content\/uploads\/2026\/08\/olomouc-s-detmi-radnice-orloj-2048x1366.jpg 2048w, https:\/\/loudavymkrokem.cz\/wp-content\/uploads\/2026\/08\/olomouc-s-detmi-radnice-orloj-696x464.jpg 696w, https:\/\/loudavymkrokem.cz\/wp-content\/uploads\/2026\/08\/olomouc-s-detmi-radnice-orloj-1392x928.jpg 1392w, https:\/\/loudavymkrokem.cz\/wp-content\/uploads\/2026\/08\/olomouc-s-detmi-radnice-orloj-1920x1280.jpg 1920w\" sizes=\"(max-width: 2200px) 100vw, 2200px\" \/><button\n\t\t\tclass=\"lightbox-trigger\"\n\t\t\ttype=\"button\"\n\t\t\taria-haspopup=\"dialog\"\n\t\t\tdata-wp-bind--aria-label=\"state.thisImage.triggerButtonAriaLabel\"\n\t\t\tdata-wp-init=\"callbacks.initTriggerButton\"\n\t\t\tdata-wp-on--click=\"actions.showLightbox\"\n\t\t\tdata-wp-style--right=\"state.thisImage.buttonRight\"\n\t\t\tdata-wp-style--top=\"state.thisImage.buttonTop\"\n\t\t>\n\t\t\t<svg xmlns=\"http:\/\/www.w3.org\/2000\/svg\" width=\"12\" height=\"12\" fill=\"none\" viewBox=\"0 0 12 12\">\n\t\t\t\t<path fill=\"#fff\" d=\"M2 0a2 2 0 0 0-2 2v2h1.5V2a.5.5 0 0 1 .5-.5h2V0H2Zm2 10.5H2a.5.5 0 0 1-.5-.5V8H0v2a2 2 0 0 0 2 2h2v-1.5ZM8 12v-1.5h2a.5.5 0 0 0 .5-.5V8H12v2a2 2 0 0 1-2 2H8Zm2-12a2 2 0 0 1 2 2v2h-1.5V2a.5.5 0 0 0-.5-.5H8V0h2Z\" \/>\n\t\t\t<\/svg>\n\t\t<\/button><figcaption class=\"wp-element-caption\">A v\u00e1rosh\u00e1za a v\u00e1rosi \u00f3r\u00e1val \u00e9s a toronnyal, amelyre vezet\u0151vel lehet felmenni<\/figcaption><\/figure>\n\n\n\n<p class=\"wp-block-paragraph\">Ha nagyobb gyerekekkel vagy, akik m\u00e1r meg tudnak m\u00e1szni n\u00e9h\u00e1ny l\u00e9pcs\u0151t, semmik\u00e9pp ne hagyd ki a mad\u00e1rt\u00e1vlati kil\u00e1t\u00e1st a v\u00e1rosra. A v\u00e1rosh\u00e1ztorony tekint\u00e9lyes 75 m\u00e9ter magas, \u00e9s egyenesen a Fels\u0151 t\u00e9r f\u00f6l\u00e9 magasodik, r\u00f6gt\u00f6n a h\u00edres v\u00e1rosi \u00f3ra mellett.<\/p>\n\n\n\n<p class=\"wp-block-paragraph\">A feljut\u00e1s szezon\u00e1lisan \u00e9s mindig vezet\u0151vel t\u00f6rt\u00e9nik, \u00edgy valami \u00e9rdekeset is megtudsz a t\u00f6rt\u00e9nelemb\u0151l. A k\u00f6rfolyos\u00f3r\u00f3l ny\u00edl\u00f3 kil\u00e1t\u00e1s egyszer\u0171en l\u00e9legzetel\u00e1ll\u00edt\u00f3, innen l\u00e1tod majd az \u00f6sszes v\u00f6r\u00f6s tet\u0151t, a kanyarg\u00f3s utc\u00e1csk\u00e1kat \u00e9s a k\u00f6rnyez\u0151 dombokat, ami a l\u00e1bakba f\u00e1rad\u00f3 er\u0151fesz\u00edt\u00e9st mindenk\u00e9pp meg\u00e9ri.<\/p>\n\n\n\n<h3 class=\"wp-block-heading\"><span class=\"ez-toc-section\" id=\"5_Szent_Mor-templom_es_a_torony_megmaszasa\"><\/span>5. Szent M\u00f3r-templom \u00e9s a torony megm\u00e1sz\u00e1sa<span class=\"ez-toc-section-end\"><\/span><\/h3>\n\n\n\n<figure data-wp-context=\"{&quot;imageId&quot;:&quot;6a9535641ad10&quot;}\" data-wp-interactive=\"core\/image\" data-wp-key=\"6a9535641ad10\" class=\"wp-block-image size-full wp-lightbox-container\"><img decoding=\"async\" width=\"1467\" height=\"2200\" data-wp-class--hide=\"state.isContentHidden\" data-wp-class--show=\"state.isContentVisible\" data-wp-init=\"callbacks.setButtonStyles\" data-wp-on--click=\"actions.showLightbox\" data-wp-on--load=\"callbacks.setButtonStyles\" data-wp-on--pointerdown=\"actions.preloadImage\" data-wp-on--pointerenter=\"actions.preloadImageWithDelay\" data-wp-on--pointerleave=\"actions.cancelPreload\" data-wp-on-window--resize=\"callbacks.setButtonStyles\" src=\"https:\/\/loudavymkrokem.cz\/wp-content\/uploads\/2026\/08\/olomouc-s-detmi-ulicka-s-vezi.jpg\" alt=\"Olomouci utc\u00e1cska templomtoronnyal a h\u00e1tt\u00e9rben\" class=\"wp-image-401159\" title=\"\" srcset=\"https:\/\/loudavymkrokem.cz\/wp-content\/uploads\/2026\/08\/olomouc-s-detmi-ulicka-s-vezi.jpg 1467w, https:\/\/loudavymkrokem.cz\/wp-content\/uploads\/2026\/08\/olomouc-s-detmi-ulicka-s-vezi-200x300.jpg 200w, https:\/\/loudavymkrokem.cz\/wp-content\/uploads\/2026\/08\/olomouc-s-detmi-ulicka-s-vezi-700x1050.jpg 700w, https:\/\/loudavymkrokem.cz\/wp-content\/uploads\/2026\/08\/olomouc-s-detmi-ulicka-s-vezi-768x1152.jpg 768w, https:\/\/loudavymkrokem.cz\/wp-content\/uploads\/2026\/08\/olomouc-s-detmi-ulicka-s-vezi-1024x1536.jpg 1024w, https:\/\/loudavymkrokem.cz\/wp-content\/uploads\/2026\/08\/olomouc-s-detmi-ulicka-s-vezi-1366x2048.jpg 1366w, https:\/\/loudavymkrokem.cz\/wp-content\/uploads\/2026\/08\/olomouc-s-detmi-ulicka-s-vezi-696x1044.jpg 696w, https:\/\/loudavymkrokem.cz\/wp-content\/uploads\/2026\/08\/olomouc-s-detmi-ulicka-s-vezi-1392x2088.jpg 1392w\" sizes=\"(max-width: 1467px) 100vw, 1467px\" \/><button\n\t\t\tclass=\"lightbox-trigger\"\n\t\t\ttype=\"button\"\n\t\t\taria-haspopup=\"dialog\"\n\t\t\tdata-wp-bind--aria-label=\"state.thisImage.triggerButtonAriaLabel\"\n\t\t\tdata-wp-init=\"callbacks.initTriggerButton\"\n\t\t\tdata-wp-on--click=\"actions.showLightbox\"\n\t\t\tdata-wp-style--right=\"state.thisImage.buttonRight\"\n\t\t\tdata-wp-style--top=\"state.thisImage.buttonTop\"\n\t\t>\n\t\t\t<svg xmlns=\"http:\/\/www.w3.org\/2000\/svg\" width=\"12\" height=\"12\" fill=\"none\" viewBox=\"0 0 12 12\">\n\t\t\t\t<path fill=\"#fff\" d=\"M2 0a2 2 0 0 0-2 2v2h1.5V2a.5.5 0 0 1 .5-.5h2V0H2Zm2 10.5H2a.5.5 0 0 1-.5-.5V8H0v2a2 2 0 0 0 2 2h2v-1.5ZM8 12v-1.5h2a.5.5 0 0 0 .5-.5V8H12v2a2 2 0 0 1-2 2H8Zm2-12a2 2 0 0 1 2 2v2h-1.5V2a.5.5 0 0 0-.5-.5H8V0h2Z\" \/>\n\t\t\t<\/svg>\n\t\t<\/button><figcaption class=\"wp-element-caption\">A templomtornyok szinte minden sarkon kikandik\u00e1lnak az olomouci utc\u00e1csk\u00e1k f\u00f6l\u00f6tt<\/figcaption><\/figure>\n\n\n\n<p class=\"wp-block-paragraph\">\u00c1ll\u00edt\u00f3lag m\u00e9g jobb kil\u00e1t\u00e1s ny\u00edlik a 46 m\u00e9ter magas Szent M\u00f3r-templom torny\u00e1b\u00f3l, ahov\u00e1 egy gy\u00f6ny\u00f6r\u0171 r\u00e9gi csigal\u00e9pcs\u0151 vezet fel, amely \u00f6nmag\u00e1ban is olyan, mintha egy kalandfilmb\u0151l l\u00e9pett volna el\u0151. Nagyj\u00e1b\u00f3l m\u00e1just\u00f3l szeptemberig szokott nyitva lenni, \u00e9s csak j\u00f3 id\u0151ben, hogy biztons\u00e1gos legyen.<\/p>\n\n\n\n<p class=\"wp-block-paragraph\">A remek kil\u00e1t\u00e1son t\u00fal ennek a templomnak van m\u00e9g egy nagy vonzereje. Itt rejt\u0151zik ugyanis <strong>K\u00f6z\u00e9p-Eur\u00f3pa legnagyobb orgon\u00e1ja<\/strong>. Ha szerencs\u00e9d van, \u00e9s \u00e9pp gyakorol valaki, vagy koncert van, a templom hatalmas haj\u00f3j\u00e1ban sz\u00e9t\u00e1rad\u00f3 fens\u00e9ges hang garant\u00e1ltan a helyedhez szegez.<\/p>\n\n\n\n<h3 class=\"wp-block-heading\"><span class=\"ez-toc-section\" id=\"6_Smetana-park\"><\/span>6. Smetana-park<span class=\"ez-toc-section-end\"><\/span><\/h3>\n\n\n\n<figure data-wp-context=\"{&quot;imageId&quot;:&quot;6a9535641b3f2&quot;}\" data-wp-interactive=\"core\/image\" data-wp-key=\"6a9535641b3f2\" class=\"wp-block-image size-full wp-lightbox-container\"><img decoding=\"async\" width=\"1350\" height=\"1800\" data-wp-class--hide=\"state.isContentHidden\" data-wp-class--show=\"state.isContentVisible\" data-wp-init=\"callbacks.setButtonStyles\" data-wp-on--click=\"actions.showLightbox\" data-wp-on--load=\"callbacks.setButtonStyles\" data-wp-on--pointerdown=\"actions.preloadImage\" data-wp-on--pointerenter=\"actions.preloadImageWithDelay\" data-wp-on--pointerleave=\"actions.cancelPreload\" data-wp-on-window--resize=\"callbacks.setButtonStyles\" src=\"https:\/\/loudavymkrokem.cz\/wp-content\/uploads\/2026\/08\/olomouc-s-detmi-smetanovy-sady.jpg\" alt=\"Fasor \u00e9s vir\u00e1g\u00e1gy\u00e1sok az olomouci Smetana-parkban\" class=\"wp-image-401155\" title=\"\" srcset=\"https:\/\/loudavymkrokem.cz\/wp-content\/uploads\/2026\/08\/olomouc-s-detmi-smetanovy-sady.jpg 1350w, https:\/\/loudavymkrokem.cz\/wp-content\/uploads\/2026\/08\/olomouc-s-detmi-smetanovy-sady-225x300.jpg 225w, https:\/\/loudavymkrokem.cz\/wp-content\/uploads\/2026\/08\/olomouc-s-detmi-smetanovy-sady-700x933.jpg 700w, https:\/\/loudavymkrokem.cz\/wp-content\/uploads\/2026\/08\/olomouc-s-detmi-smetanovy-sady-768x1024.jpg 768w, https:\/\/loudavymkrokem.cz\/wp-content\/uploads\/2026\/08\/olomouc-s-detmi-smetanovy-sady-1152x1536.jpg 1152w, https:\/\/loudavymkrokem.cz\/wp-content\/uploads\/2026\/08\/olomouc-s-detmi-smetanovy-sady-696x928.jpg 696w\" sizes=\"(max-width: 1350px) 100vw, 1350px\" \/><button\n\t\t\tclass=\"lightbox-trigger\"\n\t\t\ttype=\"button\"\n\t\t\taria-haspopup=\"dialog\"\n\t\t\tdata-wp-bind--aria-label=\"state.thisImage.triggerButtonAriaLabel\"\n\t\t\tdata-wp-init=\"callbacks.initTriggerButton\"\n\t\t\tdata-wp-on--click=\"actions.showLightbox\"\n\t\t\tdata-wp-style--right=\"state.thisImage.buttonRight\"\n\t\t\tdata-wp-style--top=\"state.thisImage.buttonTop\"\n\t\t>\n\t\t\t<svg xmlns=\"http:\/\/www.w3.org\/2000\/svg\" width=\"12\" height=\"12\" fill=\"none\" viewBox=\"0 0 12 12\">\n\t\t\t\t<path fill=\"#fff\" d=\"M2 0a2 2 0 0 0-2 2v2h1.5V2a.5.5 0 0 1 .5-.5h2V0H2Zm2 10.5H2a.5.5 0 0 1-.5-.5V8H0v2a2 2 0 0 0 2 2h2v-1.5ZM8 12v-1.5h2a.5.5 0 0 0 .5-.5V8H12v2a2 2 0 0 1-2 2H8Zm2-12a2 2 0 0 1 2 2v2h-1.5V2a.5.5 0 0 0-.5-.5H8V0h2Z\" \/>\n\t\t\t<\/svg>\n\t\t<\/button><figcaption class=\"wp-element-caption\">A Smetana-park sz\u00e9les fasorai ide\u00e1lisak fut\u00f3biciklihez \u00e9s babakocsihoz is<\/figcaption><\/figure>\n\n\n\n<p class=\"wp-block-paragraph\">Amikor mindenkinek elege lett a macskak\u00f6vekb\u0151l, \u00e9s a gyerekeknek egy kis mozg\u00e1sra van sz\u00fcks\u00e9g\u00fck, vegy\u00e9tek az ir\u00e1nyt a Smetana-park fel\u00e9. Ez egy t\u00e1gas \u00e9s gy\u00f6ny\u00f6r\u0171en karbantartott park, csak p\u00e1r l\u00e9p\u00e9sre mag\u00e1t\u00f3l a belv\u00e1rost\u00f3l, amely a t\u00e9rk\u00e9peken remek, 4,6 csillagos \u00e9rt\u00e9kel\u00e9ssel b\u00fcszk\u00e9lkedik. Rengeteg magas fa ny\u00fajt itt j\u00f3t\u00e9kony \u00e1rny\u00e9kot a forr\u00f3 ny\u00e1ri napokon, a v\u00e9gtelen aszfaltos \u00f6sv\u00e9nyek pedig ide\u00e1lisak a fut\u00f3bicikliz\u00e9shez.<\/p>\n\n\n\n<p class=\"wp-block-paragraph\">\u00d3ri\u00e1si nyugalom \u00e9s hely van itt a f\u00fcv\u00f6n val\u00f3 piknikhez. A sz\u00fcl\u0151k azonban az \u00e9rt\u00e9kel\u00e9sekben gyakran \u0151szint\u00e9n felh\u00edvj\u00e1k a figyelmet egy apr\u00f3 h\u00e1tr\u00e1nyra: ehhez a hatalmas parkhoz csup\u00e1n egyetlen j\u00e1tsz\u00f3t\u00e9r tartozik, \u00edgy a cs\u00facsid\u0151ben el\u00e9g nagy t\u00f6meg lehet rajta.<\/p>\n\n\n\n<h3 class=\"wp-block-heading\"><span class=\"ez-toc-section\" id=\"7_Bezruc-park_es_a_varfalak\"><\/span>7. Bezru\u010d-park \u00e9s a v\u00e1rfalak<span class=\"ez-toc-section-end\"><\/span><\/h3>\n\n\n\n<figure data-wp-context=\"{&quot;imageId&quot;:&quot;6a9535641babe&quot;}\" data-wp-interactive=\"core\/image\" data-wp-key=\"6a9535641babe\" class=\"wp-block-image size-full wp-lightbox-container\"><img decoding=\"async\" width=\"1800\" height=\"1350\" data-wp-class--hide=\"state.isContentHidden\" data-wp-class--show=\"state.isContentVisible\" data-wp-init=\"callbacks.setButtonStyles\" data-wp-on--click=\"actions.showLightbox\" data-wp-on--load=\"callbacks.setButtonStyles\" data-wp-on--pointerdown=\"actions.preloadImage\" data-wp-on--pointerenter=\"actions.preloadImageWithDelay\" data-wp-on--pointerleave=\"actions.cancelPreload\" data-wp-on-window--resize=\"callbacks.setButtonStyles\" src=\"https:\/\/loudavymkrokem.cz\/wp-content\/uploads\/2026\/08\/olomouc-s-detmi-bezrucovy-sady.jpg\" alt=\"V\u00e1rosfalak tornyocsk\u00e1val az olomouci Bezru\u010d-parkban\" class=\"wp-image-401121\" title=\"\" srcset=\"https:\/\/loudavymkrokem.cz\/wp-content\/uploads\/2026\/08\/olomouc-s-detmi-bezrucovy-sady.jpg 1800w, https:\/\/loudavymkrokem.cz\/wp-content\/uploads\/2026\/08\/olomouc-s-detmi-bezrucovy-sady-300x225.jpg 300w, https:\/\/loudavymkrokem.cz\/wp-content\/uploads\/2026\/08\/olomouc-s-detmi-bezrucovy-sady-700x525.jpg 700w, https:\/\/loudavymkrokem.cz\/wp-content\/uploads\/2026\/08\/olomouc-s-detmi-bezrucovy-sady-768x576.jpg 768w, https:\/\/loudavymkrokem.cz\/wp-content\/uploads\/2026\/08\/olomouc-s-detmi-bezrucovy-sady-1536x1152.jpg 1536w, https:\/\/loudavymkrokem.cz\/wp-content\/uploads\/2026\/08\/olomouc-s-detmi-bezrucovy-sady-80x60.jpg 80w, https:\/\/loudavymkrokem.cz\/wp-content\/uploads\/2026\/08\/olomouc-s-detmi-bezrucovy-sady-160x120.jpg 160w, https:\/\/loudavymkrokem.cz\/wp-content\/uploads\/2026\/08\/olomouc-s-detmi-bezrucovy-sady-696x522.jpg 696w, https:\/\/loudavymkrokem.cz\/wp-content\/uploads\/2026\/08\/olomouc-s-detmi-bezrucovy-sady-1392x1044.jpg 1392w\" sizes=\"(max-width: 1800px) 100vw, 1800px\" \/><button\n\t\t\tclass=\"lightbox-trigger\"\n\t\t\ttype=\"button\"\n\t\t\taria-haspopup=\"dialog\"\n\t\t\tdata-wp-bind--aria-label=\"state.thisImage.triggerButtonAriaLabel\"\n\t\t\tdata-wp-init=\"callbacks.initTriggerButton\"\n\t\t\tdata-wp-on--click=\"actions.showLightbox\"\n\t\t\tdata-wp-style--right=\"state.thisImage.buttonRight\"\n\t\t\tdata-wp-style--top=\"state.thisImage.buttonTop\"\n\t\t>\n\t\t\t<svg xmlns=\"http:\/\/www.w3.org\/2000\/svg\" width=\"12\" height=\"12\" fill=\"none\" viewBox=\"0 0 12 12\">\n\t\t\t\t<path fill=\"#fff\" d=\"M2 0a2 2 0 0 0-2 2v2h1.5V2a.5.5 0 0 1 .5-.5h2V0H2Zm2 10.5H2a.5.5 0 0 1-.5-.5V8H0v2a2 2 0 0 0 2 2h2v-1.5ZM8 12v-1.5h2a.5.5 0 0 0 .5-.5V8H12v2a2 2 0 0 1-2 2H8Zm2-12a2 2 0 0 1 2 2v2h-1.5V2a.5.5 0 0 0-.5-.5H8V0h2Z\" \/>\n\t\t\t<\/svg>\n\t\t<\/button><figcaption class=\"wp-element-caption\">V\u00e1rfalak tornyocsk\u00e1val a Bezru\u010d-parkban, ide\u00e1lis d\u00edszlet a lovagos j\u00e1t\u00e9kokhoz<\/figcaption><\/figure>\n\n\n\n<p class=\"wp-block-paragraph\">R\u00f6gt\u00f6n a Smetana-park szomsz\u00e9ds\u00e1g\u00e1ban, a r\u00e9gi v\u00e1rosfalak alatt h\u00faz\u00f3dva fekszik a Bezru\u010d-park. Ha tavasszal j\u00f6ssz ide, hihetetlen l\u00e1tv\u00e1ny t\u00e1rul el\u00e9d, mert az eg\u00e9sz parkot gy\u00f6ny\u00f6r\u0171en vir\u00e1gz\u00f3 magn\u00f3li\u00e1k ragyogj\u00e1k be, amelyek alatt szinte minden v\u00e1rosl\u00e1togat\u00f3 f\u00e9nyk\u00e9pezkedik.<\/p>\n\n\n\n<p class=\"wp-block-paragraph\">A gyerekeknek szuper l\u00e1tv\u00e1nyoss\u00e1g a r\u00e9gi barokk er\u0151d\u00edtm\u00e9nyek ment\u00e9n vezet\u0151 tan\u00f6sv\u00e9ny. Megcsap itt a r\u00e9gi, meger\u0151s\u00edtett v\u00e1ros t\u00f6rt\u00e9nelm\u00e9nek leveg\u0151je, a lovagokat \u00e9s v\u00e1rakat szeret\u0151 fi\u00faknak pedig ezek a hatalmas t\u00e9glafalak egyenesen a k\u00fcl\u00f6nf\u00e9le fant\u00e1ziad\u00fas harci j\u00e1t\u00e9kokra teremtve vannak.<\/p>\n\n\n\n<h3 class=\"wp-block-heading\"><span class=\"ez-toc-section\" id=\"8_Rozarium\"><\/span>8. Roz\u00e1rium<span class=\"ez-toc-section-end\"><\/span><\/h3>\n\n\n\n<figure data-wp-context=\"{&quot;imageId&quot;:&quot;6a9535641c180&quot;}\" data-wp-interactive=\"core\/image\" data-wp-key=\"6a9535641c180\" class=\"wp-block-image size-full wp-lightbox-container\"><img decoding=\"async\" width=\"1800\" height=\"1347\" data-wp-class--hide=\"state.isContentHidden\" data-wp-class--show=\"state.isContentVisible\" data-wp-init=\"callbacks.setButtonStyles\" data-wp-on--click=\"actions.showLightbox\" data-wp-on--load=\"callbacks.setButtonStyles\" data-wp-on--pointerdown=\"actions.preloadImage\" data-wp-on--pointerenter=\"actions.preloadImageWithDelay\" data-wp-on--pointerleave=\"actions.cancelPreload\" data-wp-on-window--resize=\"callbacks.setButtonStyles\" src=\"https:\/\/loudavymkrokem.cz\/wp-content\/uploads\/2026\/08\/olomouc-s-detmi-rozarium.jpg\" alt=\"Az olomouci Roz\u00e1rium vir\u00e1gz\u00f3 r\u00f3zsa\u00e1gy\u00e1sokkal\" class=\"wp-image-401109\" title=\"\" srcset=\"https:\/\/loudavymkrokem.cz\/wp-content\/uploads\/2026\/08\/olomouc-s-detmi-rozarium.jpg 1800w, https:\/\/loudavymkrokem.cz\/wp-content\/uploads\/2026\/08\/olomouc-s-detmi-rozarium-300x225.jpg 300w, https:\/\/loudavymkrokem.cz\/wp-content\/uploads\/2026\/08\/olomouc-s-detmi-rozarium-700x524.jpg 700w, https:\/\/loudavymkrokem.cz\/wp-content\/uploads\/2026\/08\/olomouc-s-detmi-rozarium-768x575.jpg 768w, https:\/\/loudavymkrokem.cz\/wp-content\/uploads\/2026\/08\/olomouc-s-detmi-rozarium-1536x1149.jpg 1536w, https:\/\/loudavymkrokem.cz\/wp-content\/uploads\/2026\/08\/olomouc-s-detmi-rozarium-80x60.jpg 80w, https:\/\/loudavymkrokem.cz\/wp-content\/uploads\/2026\/08\/olomouc-s-detmi-rozarium-160x120.jpg 160w, https:\/\/loudavymkrokem.cz\/wp-content\/uploads\/2026\/08\/olomouc-s-detmi-rozarium-696x521.jpg 696w, https:\/\/loudavymkrokem.cz\/wp-content\/uploads\/2026\/08\/olomouc-s-detmi-rozarium-1392x1042.jpg 1392w\" sizes=\"(max-width: 1800px) 100vw, 1800px\" \/><button\n\t\t\tclass=\"lightbox-trigger\"\n\t\t\ttype=\"button\"\n\t\t\taria-haspopup=\"dialog\"\n\t\t\tdata-wp-bind--aria-label=\"state.thisImage.triggerButtonAriaLabel\"\n\t\t\tdata-wp-init=\"callbacks.initTriggerButton\"\n\t\t\tdata-wp-on--click=\"actions.showLightbox\"\n\t\t\tdata-wp-style--right=\"state.thisImage.buttonRight\"\n\t\t\tdata-wp-style--top=\"state.thisImage.buttonTop\"\n\t\t>\n\t\t\t<svg xmlns=\"http:\/\/www.w3.org\/2000\/svg\" width=\"12\" height=\"12\" fill=\"none\" viewBox=\"0 0 12 12\">\n\t\t\t\t<path fill=\"#fff\" d=\"M2 0a2 2 0 0 0-2 2v2h1.5V2a.5.5 0 0 1 .5-.5h2V0H2Zm2 10.5H2a.5.5 0 0 1-.5-.5V8H0v2a2 2 0 0 0 2 2h2v-1.5ZM8 12v-1.5h2a.5.5 0 0 0 .5-.5V8H12v2a2 2 0 0 1-2 2H8Zm2-12a2 2 0 0 1 2 2v2h-1.5V2a.5.5 0 0 0-.5-.5H8V0h2Z\" \/>\n\t\t\t<\/svg>\n\t\t<\/button><figcaption class=\"wp-element-caption\">A Roz\u00e1riumnak sz\u00e9les, egyenes \u00fatjai vannak, \u00edgy babakocsival is j\u00f3l j\u00e1rhat\u00f3<\/figcaption><\/figure>\n\n\n\n<p class=\"wp-block-paragraph\">A 17. listopadu utc\u00e1ban tal\u00e1lsz egy m\u00e1sik z\u00f6ld o\u00e1zist, az olomouci Roz\u00e1riumot, amely botanikus- \u00e9s r\u00f3zsakertk\u00e9nt is m\u0171k\u00f6dik egyben. Rendk\u00edv\u00fcl kedvelt hely, amit a <strong>4,7-es \u00e9rt\u00e9kel\u00e9s 1877 v\u00e9lem\u00e9ny alapj\u00e1n<\/strong> is bizony\u00edt, \u00e9s a helyiek nagyon sz\u00edvesen j\u00f6nnek ide h\u00e9tv\u00e9gi s\u00e9t\u00e1kra.<\/p>\n\n\n\n<p class=\"wp-block-paragraph\">A csal\u00e1dok sz\u00e1m\u00e1ra \u00f3ri\u00e1si el\u0151ny, hogy a ter\u00fclet r\u00e9szben akad\u00e1lymentes, \u00e9s sz\u00e9les, egyenes utakkal b\u00fcszk\u00e9lkedik, \u00edgy teljesen t\u00f6k\u00e9letes, ha <strong>babakocsival<\/strong> k\u00f6zlekedsz. A r\u00f3zsavir\u00e1gz\u00e1s idej\u00e9n r\u00e1ad\u00e1sul olyan illat van itt, hogy egy\u00e1ltal\u00e1n nem lesz kedved elmenni.<\/p>\n\n\n\n<h3 class=\"wp-block-heading\"><span class=\"ez-toc-section\" id=\"9_Korona-erod\"><\/span>9. Korona-er\u0151d<span class=\"ez-toc-section-end\"><\/span><\/h3>\n\n\n\n<figure data-wp-context=\"{&quot;imageId&quot;:&quot;6a9535641c7be&quot;}\" data-wp-interactive=\"core\/image\" data-wp-key=\"6a9535641c7be\" class=\"wp-block-image size-full wp-lightbox-container\"><img decoding=\"async\" width=\"1800\" height=\"1350\" data-wp-class--hide=\"state.isContentHidden\" data-wp-class--show=\"state.isContentVisible\" data-wp-init=\"callbacks.setButtonStyles\" data-wp-on--click=\"actions.showLightbox\" data-wp-on--load=\"callbacks.setButtonStyles\" data-wp-on--pointerdown=\"actions.preloadImage\" data-wp-on--pointerenter=\"actions.preloadImageWithDelay\" data-wp-on--pointerleave=\"actions.cancelPreload\" data-wp-on-window--resize=\"callbacks.setButtonStyles\" src=\"https:\/\/loudavymkrokem.cz\/wp-content\/uploads\/2026\/08\/olomouc-s-detmi-korunni-pevnustka.jpg\" alt=\"A Korona-er\u0151d falai Olomoucban\" class=\"wp-image-401103\" title=\"\" srcset=\"https:\/\/loudavymkrokem.cz\/wp-content\/uploads\/2026\/08\/olomouc-s-detmi-korunni-pevnustka.jpg 1800w, https:\/\/loudavymkrokem.cz\/wp-content\/uploads\/2026\/08\/olomouc-s-detmi-korunni-pevnustka-300x225.jpg 300w, https:\/\/loudavymkrokem.cz\/wp-content\/uploads\/2026\/08\/olomouc-s-detmi-korunni-pevnustka-700x525.jpg 700w, https:\/\/loudavymkrokem.cz\/wp-content\/uploads\/2026\/08\/olomouc-s-detmi-korunni-pevnustka-768x576.jpg 768w, https:\/\/loudavymkrokem.cz\/wp-content\/uploads\/2026\/08\/olomouc-s-detmi-korunni-pevnustka-1536x1152.jpg 1536w, https:\/\/loudavymkrokem.cz\/wp-content\/uploads\/2026\/08\/olomouc-s-detmi-korunni-pevnustka-80x60.jpg 80w, https:\/\/loudavymkrokem.cz\/wp-content\/uploads\/2026\/08\/olomouc-s-detmi-korunni-pevnustka-160x120.jpg 160w, https:\/\/loudavymkrokem.cz\/wp-content\/uploads\/2026\/08\/olomouc-s-detmi-korunni-pevnustka-696x522.jpg 696w, https:\/\/loudavymkrokem.cz\/wp-content\/uploads\/2026\/08\/olomouc-s-detmi-korunni-pevnustka-1392x1044.jpg 1392w\" sizes=\"(max-width: 1800px) 100vw, 1800px\" \/><button\n\t\t\tclass=\"lightbox-trigger\"\n\t\t\ttype=\"button\"\n\t\t\taria-haspopup=\"dialog\"\n\t\t\tdata-wp-bind--aria-label=\"state.thisImage.triggerButtonAriaLabel\"\n\t\t\tdata-wp-init=\"callbacks.initTriggerButton\"\n\t\t\tdata-wp-on--click=\"actions.showLightbox\"\n\t\t\tdata-wp-style--right=\"state.thisImage.buttonRight\"\n\t\t\tdata-wp-style--top=\"state.thisImage.buttonTop\"\n\t\t>\n\t\t\t<svg xmlns=\"http:\/\/www.w3.org\/2000\/svg\" width=\"12\" height=\"12\" fill=\"none\" viewBox=\"0 0 12 12\">\n\t\t\t\t<path fill=\"#fff\" d=\"M2 0a2 2 0 0 0-2 2v2h1.5V2a.5.5 0 0 1 .5-.5h2V0H2Zm2 10.5H2a.5.5 0 0 1-.5-.5V8H0v2a2 2 0 0 0 2 2h2v-1.5ZM8 12v-1.5h2a.5.5 0 0 0 .5-.5V8H12v2a2 2 0 0 1-2 2H8Zm2-12a2 2 0 0 1 2 2v2h-1.5V2a.5.5 0 0 0-.5-.5H8V0h2Z\" \/>\n\t\t\t<\/svg>\n\t\t<\/button><figcaption class=\"wp-element-caption\">A Korona-er\u0151d falai, ahol a Megismer\u00e9s Er\u0151dje is helyet kapott<\/figcaption><\/figure>\n\n\n\n<p class=\"wp-block-paragraph\">Olomouc egykor hatalmas er\u0151d\u00edtm\u00e9ny volt, \u00e9s ennek a katonai t\u00f6rt\u00e9nelemnek egy darabj\u00e1t meg\u00e9rintheted a Korona-er\u0151d ter\u00fclet\u00e9n, a Michalsk\u00e1 8 alatt. Itt tal\u00e1lhat\u00f3 a barokk terezi\u00e1n er\u0151d egy j\u00f3l meg\u0151rz\u00f6tt darabja, a hajdani l\u0151porrakt\u00e1rban pedig ma m\u00fazeum m\u0171k\u00f6dik, ahol megn\u00e9zheted a v\u00e1ros eredeti er\u0151d\u00edtm\u00e9ny\u00e9nek hatalmas gipszmodellj\u00e9t. Az emberek nagyon szeretik ezt a helyet, \u00e9s sz\u00e9p, <strong>4,6-os \u00e9rt\u00e9kel\u00e9st adnak neki 733 v\u00e9lem\u00e9ny alapj\u00e1n<\/strong>.<\/p>\n\n\n\n<p class=\"wp-block-paragraph\">A ter\u00fclet \u00e1prilist\u00f3l okt\u00f3berig tart nyitva (h\u00e9tf\u0151n z\u00e1rva, egy\u00e9bk\u00e9nt kedd\u2013p\u00e9ntek 9\u201317, h\u00e9tv\u00e9g\u00e9n 10\u201317), az utols\u00f3 bel\u00e9p\u00e9s 16:30-kor. A bel\u00e9p\u0151 nagyon bar\u00e1ts\u00e1gos, a feln\u0151ttek <strong>910 Ft-ot (60 K\u010d)<\/strong> fizetnek, a 6 \u00e9s 15 \u00e9v k\u00f6z\u00f6tti gyerekek <strong>450 Ft-ot (30 K\u010d)<\/strong>, a legkisebbek 6 \u00e9ves korig pedig teljesen ingyen mennek. Vannak kedvezm\u00e9nyes csal\u00e1di jegyek is 1810 Ft-\u00e9rt (120 K\u010d, 2+1) vagy 2270 Ft-\u00e9rt (150 K\u010d) a nagyobb csal\u00e1doknak.<\/p>\n\n\n\n<h3 class=\"wp-block-heading\"><span class=\"ez-toc-section\" id=\"10_Falfestmenyek_es_street_art_a_kapualjakban\"><\/span>10. Falfestm\u00e9nyek \u00e9s street art a kapualjakban<span class=\"ez-toc-section-end\"><\/span><\/h3>\n\n\n\n<figure data-wp-context=\"{&quot;imageId&quot;:&quot;6a9535641ceca&quot;}\" data-wp-interactive=\"core\/image\" data-wp-key=\"6a9535641ceca\" class=\"wp-block-image size-full wp-lightbox-container\"><img decoding=\"async\" width=\"2200\" height=\"1467\" data-wp-class--hide=\"state.isContentHidden\" data-wp-class--show=\"state.isContentVisible\" data-wp-init=\"callbacks.setButtonStyles\" data-wp-on--click=\"actions.showLightbox\" data-wp-on--load=\"callbacks.setButtonStyles\" data-wp-on--pointerdown=\"actions.preloadImage\" data-wp-on--pointerenter=\"actions.preloadImageWithDelay\" data-wp-on--pointerleave=\"actions.cancelPreload\" data-wp-on-window--resize=\"callbacks.setButtonStyles\" src=\"https:\/\/loudavymkrokem.cz\/wp-content\/uploads\/2026\/08\/olomouc-s-detmi-mural-detail-klenba.jpg\" alt=\"K\u00e9k festm\u00e9ny egy olomouci belv\u00e1rosi \u00e1tj\u00e1r\u00f3 bolt\u00edv\u00e9n\" class=\"wp-image-401048\" title=\"\" srcset=\"https:\/\/loudavymkrokem.cz\/wp-content\/uploads\/2026\/08\/olomouc-s-detmi-mural-detail-klenba.jpg 2200w, https:\/\/loudavymkrokem.cz\/wp-content\/uploads\/2026\/08\/olomouc-s-detmi-mural-detail-klenba-300x200.jpg 300w, https:\/\/loudavymkrokem.cz\/wp-content\/uploads\/2026\/08\/olomouc-s-detmi-mural-detail-klenba-700x467.jpg 700w, https:\/\/loudavymkrokem.cz\/wp-content\/uploads\/2026\/08\/olomouc-s-detmi-mural-detail-klenba-768x512.jpg 768w, https:\/\/loudavymkrokem.cz\/wp-content\/uploads\/2026\/08\/olomouc-s-detmi-mural-detail-klenba-1536x1024.jpg 1536w, https:\/\/loudavymkrokem.cz\/wp-content\/uploads\/2026\/08\/olomouc-s-detmi-mural-detail-klenba-2048x1366.jpg 2048w, https:\/\/loudavymkrokem.cz\/wp-content\/uploads\/2026\/08\/olomouc-s-detmi-mural-detail-klenba-696x464.jpg 696w, https:\/\/loudavymkrokem.cz\/wp-content\/uploads\/2026\/08\/olomouc-s-detmi-mural-detail-klenba-1392x928.jpg 1392w, https:\/\/loudavymkrokem.cz\/wp-content\/uploads\/2026\/08\/olomouc-s-detmi-mural-detail-klenba-1920x1280.jpg 1920w\" sizes=\"(max-width: 2200px) 100vw, 2200px\" \/><button\n\t\t\tclass=\"lightbox-trigger\"\n\t\t\ttype=\"button\"\n\t\t\taria-haspopup=\"dialog\"\n\t\t\tdata-wp-bind--aria-label=\"state.thisImage.triggerButtonAriaLabel\"\n\t\t\tdata-wp-init=\"callbacks.initTriggerButton\"\n\t\t\tdata-wp-on--click=\"actions.showLightbox\"\n\t\t\tdata-wp-style--right=\"state.thisImage.buttonRight\"\n\t\t\tdata-wp-style--top=\"state.thisImage.buttonTop\"\n\t\t>\n\t\t\t<svg xmlns=\"http:\/\/www.w3.org\/2000\/svg\" width=\"12\" height=\"12\" fill=\"none\" viewBox=\"0 0 12 12\">\n\t\t\t\t<path fill=\"#fff\" d=\"M2 0a2 2 0 0 0-2 2v2h1.5V2a.5.5 0 0 1 .5-.5h2V0H2Zm2 10.5H2a.5.5 0 0 1-.5-.5V8H0v2a2 2 0 0 0 2 2h2v-1.5ZM8 12v-1.5h2a.5.5 0 0 0 .5-.5V8H12v2a2 2 0 0 1-2 2H8Zm2-12a2 2 0 0 1 2 2v2h-1.5V2a.5.5 0 0 0-.5-.5H8V0h2Z\" \/>\n\t\t\t<\/svg>\n\t\t<\/button><figcaption class=\"wp-element-caption\">A festm\u00e9nyekkel d\u00edsz\u00edtett \u00e1tj\u00e1r\u00f3k a gyerekek sz\u00e1m\u00e1ra a belv\u00e1rosi s\u00e9ta legjobb r\u00e9sze<\/figcaption><\/figure>\n\n\n\n<figure data-wp-context=\"{&quot;imageId&quot;:&quot;6a9535641d3ae&quot;}\" data-wp-interactive=\"core\/image\" data-wp-key=\"6a9535641d3ae\" class=\"wp-block-image size-full wp-lightbox-container\"><img decoding=\"async\" width=\"2200\" height=\"1467\" data-wp-class--hide=\"state.isContentHidden\" data-wp-class--show=\"state.isContentVisible\" data-wp-init=\"callbacks.setButtonStyles\" data-wp-on--click=\"actions.showLightbox\" data-wp-on--load=\"callbacks.setButtonStyles\" data-wp-on--pointerdown=\"actions.preloadImage\" data-wp-on--pointerenter=\"actions.preloadImageWithDelay\" data-wp-on--pointerleave=\"actions.cancelPreload\" data-wp-on-window--resize=\"callbacks.setButtonStyles\" src=\"https:\/\/loudavymkrokem.cz\/wp-content\/uploads\/2026\/08\/olomouc-s-detmi-mural-stit-domu.jpg\" alt=\"Nagym\u00e9ret\u0171 festm\u00e9ny egy olomouci h\u00e1z oromfal\u00e1n\" class=\"wp-image-401040\" title=\"\" srcset=\"https:\/\/loudavymkrokem.cz\/wp-content\/uploads\/2026\/08\/olomouc-s-detmi-mural-stit-domu.jpg 2200w, https:\/\/loudavymkrokem.cz\/wp-content\/uploads\/2026\/08\/olomouc-s-detmi-mural-stit-domu-300x200.jpg 300w, https:\/\/loudavymkrokem.cz\/wp-content\/uploads\/2026\/08\/olomouc-s-detmi-mural-stit-domu-700x467.jpg 700w, https:\/\/loudavymkrokem.cz\/wp-content\/uploads\/2026\/08\/olomouc-s-detmi-mural-stit-domu-768x512.jpg 768w, https:\/\/loudavymkrokem.cz\/wp-content\/uploads\/2026\/08\/olomouc-s-detmi-mural-stit-domu-1536x1024.jpg 1536w, https:\/\/loudavymkrokem.cz\/wp-content\/uploads\/2026\/08\/olomouc-s-detmi-mural-stit-domu-2048x1366.jpg 2048w, https:\/\/loudavymkrokem.cz\/wp-content\/uploads\/2026\/08\/olomouc-s-detmi-mural-stit-domu-696x464.jpg 696w, https:\/\/loudavymkrokem.cz\/wp-content\/uploads\/2026\/08\/olomouc-s-detmi-mural-stit-domu-1392x928.jpg 1392w, https:\/\/loudavymkrokem.cz\/wp-content\/uploads\/2026\/08\/olomouc-s-detmi-mural-stit-domu-1920x1280.jpg 1920w\" sizes=\"(max-width: 2200px) 100vw, 2200px\" \/><button\n\t\t\tclass=\"lightbox-trigger\"\n\t\t\ttype=\"button\"\n\t\t\taria-haspopup=\"dialog\"\n\t\t\tdata-wp-bind--aria-label=\"state.thisImage.triggerButtonAriaLabel\"\n\t\t\tdata-wp-init=\"callbacks.initTriggerButton\"\n\t\t\tdata-wp-on--click=\"actions.showLightbox\"\n\t\t\tdata-wp-style--right=\"state.thisImage.buttonRight\"\n\t\t\tdata-wp-style--top=\"state.thisImage.buttonTop\"\n\t\t>\n\t\t\t<svg xmlns=\"http:\/\/www.w3.org\/2000\/svg\" width=\"12\" height=\"12\" fill=\"none\" viewBox=\"0 0 12 12\">\n\t\t\t\t<path fill=\"#fff\" d=\"M2 0a2 2 0 0 0-2 2v2h1.5V2a.5.5 0 0 1 .5-.5h2V0H2Zm2 10.5H2a.5.5 0 0 1-.5-.5V8H0v2a2 2 0 0 0 2 2h2v-1.5ZM8 12v-1.5h2a.5.5 0 0 0 .5-.5V8H12v2a2 2 0 0 1-2 2H8Zm2-12a2 2 0 0 1 2 2v2h-1.5V2a.5.5 0 0 0-.5-.5H8V0h2Z\" \/>\n\t\t\t<\/svg>\n\t\t<\/button><figcaption class=\"wp-element-caption\">Nagym\u00e9ret\u0171 festm\u00e9nyeket egyszer\u0171 h\u00e1zak oromfalain is tal\u00e1lsz<\/figcaption><\/figure>\n\n\n\n<p class=\"wp-block-paragraph\">Az utols\u00f3 szabadt\u00e9ri programtipp egyfajta v\u00e1rosi nyomkeres\u00e9s. Olomouc ugyan a t\u00f6rt\u00e9nelmet leheli, de nem f\u00e9l a modern m\u0171v\u00e9szett\u0151l sem. Egyenesen a belv\u00e1rosban, gyakran az \u00e1tj\u00e1r\u00f3kban, \u00e1rk\u00e1dok alatt vagy a r\u00e9gi h\u00e1zak magas oromfalain n\u00e9h\u00e1ny leny\u0171g\u00f6z\u0151, nagym\u00e9ret\u0171 festm\u00e9ny, \u00fagynevezett mur\u00e1l tal\u00e1lhat\u00f3.<\/p>\n\n\n\n<p class=\"wp-block-paragraph\">Pr\u00f3b\u00e1ld meg el\u0151re megtal\u00e1lni a helysz\u00edneket, \u00e9s a v\u00e1rosi s\u00e9t\u00e1b\u00f3l csin\u00e1lj nyomkeres\u0151 j\u00e1t\u00e9kot. A gyerekek \u00e1ltal\u00e1ban \u00f3ri\u00e1si lelkesed\u00e9ssel fedezik fel ezeket az \u00f3ri\u00e1si, sz\u00ednes k\u00e9peket, \u00e9s ezt teljesen ide\u00e1lisan \u00f6sszek\u00f6theted p\u00e9ld\u00e1ul a m\u00e1r eml\u00edtett barokk kutak keres\u00e9s\u00e9vel.<\/p>\n\n\n\n<h2 class=\"wp-block-heading\"><span class=\"ez-toc-section\" id=\"Amikor_esik_jatszohazak_muzeumok_es_elmenykozpontok\"><\/span>Amikor esik: j\u00e1tsz\u00f3h\u00e1zak, m\u00fazeumok \u00e9s \u00e9lm\u00e9nyk\u00f6zpontok<span class=\"ez-toc-section-end\"><\/span><\/h2>\n\n\n\n<p class=\"wp-block-paragraph\">Ha azon t\u0171n\u0151dsz, <strong>hov\u00e1 menj Olomoucban gyerekekkel, amikor esik<\/strong>, van egy j\u00f3 h\u00edrem. Ez a v\u00e1ros tal\u00e1n az eg\u00e9sz orsz\u00e1gban a legjobban fel van szerelve az es\u0151s napokra. A min\u0151s\u00e9gi belt\u00e9ri j\u00e1tsz\u00f3h\u00e1zak \u00e9s interakt\u00edv ki\u00e1ll\u00edt\u00e1sok s\u0171r\u0171s\u00e9ge itt teljesen szokatlan, nek\u00fcnk pedig magunknak is megmentette az eg\u00e9sz d\u00e9lut\u00e1nt egy azon gy\u00f6ny\u00f6r\u0171 belv\u00e1rosi j\u00e1tsz\u00f3h\u00e1zak k\u00f6z\u00fcl. N\u00e9zz\u00fck is a legjobb lehet\u0151s\u00e9geket.<\/p>\n\n\n\n<h3 class=\"wp-block-heading\"><span class=\"ez-toc-section\" id=\"11_Megismeres_Erodje_Pevnost_poznani\"><\/span>11. Megismer\u00e9s Er\u0151dje (Pevnost pozn\u00e1n\u00ed)<span class=\"ez-toc-section-end\"><\/span><\/h3>\n\n\n\n<figure data-wp-context=\"{&quot;imageId&quot;:&quot;6a9535641db14&quot;}\" data-wp-interactive=\"core\/image\" data-wp-key=\"6a9535641db14\" class=\"wp-block-image size-full wp-lightbox-container\"><img decoding=\"async\" width=\"1800\" height=\"1347\" data-wp-class--hide=\"state.isContentHidden\" data-wp-class--show=\"state.isContentVisible\" data-wp-init=\"callbacks.setButtonStyles\" data-wp-on--click=\"actions.showLightbox\" data-wp-on--load=\"callbacks.setButtonStyles\" data-wp-on--pointerdown=\"actions.preloadImage\" data-wp-on--pointerenter=\"actions.preloadImageWithDelay\" data-wp-on--pointerleave=\"actions.cancelPreload\" data-wp-on-window--resize=\"callbacks.setButtonStyles\" src=\"https:\/\/loudavymkrokem.cz\/wp-content\/uploads\/2026\/08\/olomouc-s-detmi-pevnost-poznani.jpg\" alt=\"Interakt\u00edv ki\u00e1ll\u00edt\u00e1s az olomouci Megismer\u00e9s Er\u0151dj\u00e9ben\" class=\"wp-image-401123\" title=\"\" srcset=\"https:\/\/loudavymkrokem.cz\/wp-content\/uploads\/2026\/08\/olomouc-s-detmi-pevnost-poznani.jpg 1800w, https:\/\/loudavymkrokem.cz\/wp-content\/uploads\/2026\/08\/olomouc-s-detmi-pevnost-poznani-300x225.jpg 300w, https:\/\/loudavymkrokem.cz\/wp-content\/uploads\/2026\/08\/olomouc-s-detmi-pevnost-poznani-700x524.jpg 700w, https:\/\/loudavymkrokem.cz\/wp-content\/uploads\/2026\/08\/olomouc-s-detmi-pevnost-poznani-768x575.jpg 768w, https:\/\/loudavymkrokem.cz\/wp-content\/uploads\/2026\/08\/olomouc-s-detmi-pevnost-poznani-1536x1149.jpg 1536w, https:\/\/loudavymkrokem.cz\/wp-content\/uploads\/2026\/08\/olomouc-s-detmi-pevnost-poznani-80x60.jpg 80w, https:\/\/loudavymkrokem.cz\/wp-content\/uploads\/2026\/08\/olomouc-s-detmi-pevnost-poznani-160x120.jpg 160w, https:\/\/loudavymkrokem.cz\/wp-content\/uploads\/2026\/08\/olomouc-s-detmi-pevnost-poznani-696x521.jpg 696w, https:\/\/loudavymkrokem.cz\/wp-content\/uploads\/2026\/08\/olomouc-s-detmi-pevnost-poznani-1392x1042.jpg 1392w\" sizes=\"(max-width: 1800px) 100vw, 1800px\" \/><button\n\t\t\tclass=\"lightbox-trigger\"\n\t\t\ttype=\"button\"\n\t\t\taria-haspopup=\"dialog\"\n\t\t\tdata-wp-bind--aria-label=\"state.thisImage.triggerButtonAriaLabel\"\n\t\t\tdata-wp-init=\"callbacks.initTriggerButton\"\n\t\t\tdata-wp-on--click=\"actions.showLightbox\"\n\t\t\tdata-wp-style--right=\"state.thisImage.buttonRight\"\n\t\t\tdata-wp-style--top=\"state.thisImage.buttonTop\"\n\t\t>\n\t\t\t<svg xmlns=\"http:\/\/www.w3.org\/2000\/svg\" width=\"12\" height=\"12\" fill=\"none\" viewBox=\"0 0 12 12\">\n\t\t\t\t<path fill=\"#fff\" d=\"M2 0a2 2 0 0 0-2 2v2h1.5V2a.5.5 0 0 1 .5-.5h2V0H2Zm2 10.5H2a.5.5 0 0 1-.5-.5V8H0v2a2 2 0 0 0 2 2h2v-1.5ZM8 12v-1.5h2a.5.5 0 0 0 .5-.5V8H12v2a2 2 0 0 1-2 2H8Zm2-12a2 2 0 0 1 2 2v2h-1.5V2a.5.5 0 0 0-.5-.5H8V0h2Z\" \/>\n\t\t\t<\/svg>\n\t\t<\/button><figcaption class=\"wp-element-caption\">T\u00f6bb mint sz\u00e1z interakt\u00edv t\u00e1rgy, amelyekn\u00e9l a gyerekek mindent meg\u00e9rinthetnek<\/figcaption><\/figure>\n\n\n\n<p class=\"wp-block-paragraph\">Ha egy eg\u00e9sz es\u0151s d\u00e9lut\u00e1nra keresel programot, a Palack\u00fd Egyetem interakt\u00edv tudom\u00e1nyos k\u00f6zpontja, a <a href=\"https:\/\/www.pevnostpoznani.cz\/\" target=\"_blank\" rel=\"nofollow noopener\">Megismer\u00e9s Er\u0151dje<\/a>, amely a Korona-er\u0151d ter\u00fclet\u00e9n (17. listopadu 939) kapott helyet, abszol\u00fat az els\u0151 sz\u00e1m\u00fa v\u00e1laszt\u00e1s. A Megismer\u00e9s Er\u0151dje hihetetlen, <strong>4,7-es \u00e9rt\u00e9kel\u00e9ssel b\u00edr k\u00f6zel h\u00e1romezer v\u00e9lem\u00e9ny alapj\u00e1n<\/strong>, \u00e9s egy r\u00e9gi katonai \u00e9p\u00fclet ter\u00fclet\u00e9n n\u00e9gy f\u0151 ki\u00e1ll\u00edt\u00e1s ter\u00fcl el: A t\u00f6rt\u00e9nelembe!, \u00c9l\u0151 v\u00edz, \u00c9sz a marokban, valamint F\u00e9ny \u00e9s s\u00f6t\u00e9ts\u00e9g.<\/p>\n\n\n\n<p class=\"wp-block-paragraph\">\u00d6sszesen t\u00f6bb mint <strong>100 interakt\u00edv t\u00e1rgy<\/strong> v\u00e1r itt r\u00e1d, amelyekn\u00e9l a gyerekek mindent meg\u00e9rinthetnek, kipr\u00f3b\u00e1lhatnak \u00e9s felfedezhetnek, plusz egy csod\u00e1latos <strong>digit\u00e1lis planet\u00e1rium<\/strong>. H\u00e9tk\u00f6znap 9-t\u0151l 17 \u00f3r\u00e1ig, h\u00e9tv\u00e9g\u00e9n 10-t\u0151l 18 \u00f3r\u00e1ig van nyitva (figyelem, szeptembert\u0151l m\u00e1jusig h\u00e9tf\u0151n z\u00e1rva). A feln\u0151tt <strong>2870 Ft-ot (190 K\u010d)<\/strong> fizet, a kedvezm\u00e9nyes bel\u00e9p\u0151 gyerekeknek, di\u00e1koknak \u00e9s nyugd\u00edjasoknak <strong>2420 Ft (160 K\u010d)<\/strong>, a csal\u00e1di jegyek pedig 6950 \u00e9s 11 700 Ft k\u00f6z\u00f6tt (460\u2013775 K\u010d) mozognak a l\u00e9tsz\u00e1mt\u00f3l f\u00fcgg\u0151en. Ha csak egyetlen konkr\u00e9t ki\u00e1ll\u00edt\u00e1sra menn\u00e9l, az 1060 Ft-ba (70 K\u010d) ker\u00fcl.<\/p>\n\n\n\n<h3 class=\"wp-block-heading\"><span class=\"ez-toc-section\" id=\"12_JaSam\"><\/span>12. J\u00e1S\u00e1m<span class=\"ez-toc-section-end\"><\/span><\/h3>\n\n\n\n<p class=\"wp-block-paragraph\">Egyenesen a v\u00e1ros sz\u00edv\u00e9ben, a <strong>Fels\u0151 t\u00e9r 7<\/strong> alatt, p\u00e1r l\u00e9p\u00e9sre a v\u00e1rosi \u00f3r\u00e1val szemben, egy levendul\u00e1s bisztr\u00f3 \u00e9s egy tvar\u016f\u017eky-sajtbolt k\u00f6zt rejt\u0151zik a J\u00e1S\u00e1m gyerekj\u00e1tsz\u00f3h\u00e1z k\u00e1v\u00e9z\u00f3val. Ez a hely minden olyan sz\u00fcl\u0151 \u00e1lm\u00e1nak megtestes\u00edt\u0151je, aki nyugodtan meg akarja inni a meleg k\u00e1v\u00e9j\u00e1t, m\u00edg a gyerek biztons\u00e1gosan j\u00e1tszik. A <strong>4,7-es \u00e9rt\u00e9kel\u00e9s 219 l\u00e1togat\u00f3 alapj\u00e1n<\/strong> mag\u00e1\u00e9rt besz\u00e9l.<\/p>\n\n\n\n<p class=\"wp-block-paragraph\">Rendk\u00edv\u00fcl hangulatos itt, tele min\u0151s\u00e9gi faj\u00e1t\u00e9kkal. A gyerekek gyerekkonyh\u00e1t, kisboltot, orvosi felszerel\u00e9st, remek kis bark\u00e1csmunkapadot, valamint nagy m\u00e1sz\u00f3k\u00e1kat tal\u00e1lnak bord\u00e1sfalakkal \u00e9s cs\u00faszd\u00e1kkal. A sz\u00fcl\u0151k k\u00f6zben min\u0151s\u00e9gi k\u00e1v\u00e9t kortyolhatnak a helyi p\u00f6rk\u00f6l\u0151b\u0151l, vagy remek h\u00e1zi s\u00fctem\u00e9nyeket \u00e9s reggelimen\u00fcket k\u00f3stolhatnak. Nyitva minden h\u00e9tk\u00f6znap 8:00-t\u00f3l 19:00-ig, h\u00e9tv\u00e9g\u00e9n 9:00-t\u00f3l 19:00-ig. \u00d3ri\u00e1si plusz, hogy a bel\u00e9p\u0151t csak a j\u00e1tsz\u00f3 gyerekek ut\u00e1n kell fizetni, a feln\u0151tt k\u00eds\u00e9ret semmit nem fizet.<\/p>\n\n\n\n<h3 class=\"wp-block-heading\"><span class=\"ez-toc-section\" id=\"13_V_lese\"><\/span>13. V lese<span class=\"ez-toc-section-end\"><\/span><\/h3>\n\n\n\n<figure data-wp-context=\"{&quot;imageId&quot;:&quot;6a9535641e292&quot;}\" data-wp-interactive=\"core\/image\" data-wp-key=\"6a9535641e292\" class=\"wp-block-image size-full wp-lightbox-container\"><img decoding=\"async\" width=\"2200\" height=\"1467\" data-wp-class--hide=\"state.isContentHidden\" data-wp-class--show=\"state.isContentVisible\" data-wp-init=\"callbacks.setButtonStyles\" data-wp-on--click=\"actions.showLightbox\" data-wp-on--load=\"callbacks.setButtonStyles\" data-wp-on--pointerdown=\"actions.preloadImage\" data-wp-on--pointerenter=\"actions.preloadImageWithDelay\" data-wp-on--pointerleave=\"actions.cancelPreload\" data-wp-on-window--resize=\"callbacks.setButtonStyles\" src=\"https:\/\/loudavymkrokem.cz\/wp-content\/uploads\/2026\/08\/olomouc-s-detmi-zerotinovo-namesti.jpg\" alt=\"H\u00e1zak az olomouci \u017derot\u00edn t\u00e9ren\" class=\"wp-image-401044\" title=\"\" srcset=\"https:\/\/loudavymkrokem.cz\/wp-content\/uploads\/2026\/08\/olomouc-s-detmi-zerotinovo-namesti.jpg 2200w, https:\/\/loudavymkrokem.cz\/wp-content\/uploads\/2026\/08\/olomouc-s-detmi-zerotinovo-namesti-300x200.jpg 300w, https:\/\/loudavymkrokem.cz\/wp-content\/uploads\/2026\/08\/olomouc-s-detmi-zerotinovo-namesti-700x467.jpg 700w, https:\/\/loudavymkrokem.cz\/wp-content\/uploads\/2026\/08\/olomouc-s-detmi-zerotinovo-namesti-768x512.jpg 768w, https:\/\/loudavymkrokem.cz\/wp-content\/uploads\/2026\/08\/olomouc-s-detmi-zerotinovo-namesti-1536x1024.jpg 1536w, https:\/\/loudavymkrokem.cz\/wp-content\/uploads\/2026\/08\/olomouc-s-detmi-zerotinovo-namesti-2048x1366.jpg 2048w, https:\/\/loudavymkrokem.cz\/wp-content\/uploads\/2026\/08\/olomouc-s-detmi-zerotinovo-namesti-696x464.jpg 696w, https:\/\/loudavymkrokem.cz\/wp-content\/uploads\/2026\/08\/olomouc-s-detmi-zerotinovo-namesti-1392x928.jpg 1392w, https:\/\/loudavymkrokem.cz\/wp-content\/uploads\/2026\/08\/olomouc-s-detmi-zerotinovo-namesti-1920x1280.jpg 1920w\" sizes=\"(max-width: 2200px) 100vw, 2200px\" \/><button\n\t\t\tclass=\"lightbox-trigger\"\n\t\t\ttype=\"button\"\n\t\t\taria-haspopup=\"dialog\"\n\t\t\tdata-wp-bind--aria-label=\"state.thisImage.triggerButtonAriaLabel\"\n\t\t\tdata-wp-init=\"callbacks.initTriggerButton\"\n\t\t\tdata-wp-on--click=\"actions.showLightbox\"\n\t\t\tdata-wp-style--right=\"state.thisImage.buttonRight\"\n\t\t\tdata-wp-style--top=\"state.thisImage.buttonTop\"\n\t\t>\n\t\t\t<svg xmlns=\"http:\/\/www.w3.org\/2000\/svg\" width=\"12\" height=\"12\" fill=\"none\" viewBox=\"0 0 12 12\">\n\t\t\t\t<path fill=\"#fff\" d=\"M2 0a2 2 0 0 0-2 2v2h1.5V2a.5.5 0 0 1 .5-.5h2V0H2Zm2 10.5H2a.5.5 0 0 1-.5-.5V8H0v2a2 2 0 0 0 2 2h2v-1.5ZM8 12v-1.5h2a.5.5 0 0 0 .5-.5V8H12v2a2 2 0 0 1-2 2H8Zm2-12a2 2 0 0 1 2 2v2h-1.5V2a.5.5 0 0 0-.5-.5H8V0h2Z\" \/>\n\t\t\t<\/svg>\n\t\t<\/button><figcaption class=\"wp-element-caption\">\u017derot\u00edn t\u00e9r, ahol egy Montessori-j\u00e1tsz\u00f3h\u00e1zzal ell\u00e1tott k\u00e1v\u00e9z\u00f3t tal\u00e1lsz<\/figcaption><\/figure>\n\n\n\n<figure data-wp-context=\"{&quot;imageId&quot;:&quot;6a9535641e7f2&quot;}\" data-wp-interactive=\"core\/image\" data-wp-key=\"6a9535641e7f2\" class=\"wp-block-image size-full wp-lightbox-container\"><img decoding=\"async\" width=\"2200\" height=\"1467\" data-wp-class--hide=\"state.isContentHidden\" data-wp-class--show=\"state.isContentVisible\" data-wp-init=\"callbacks.setButtonStyles\" data-wp-on--click=\"actions.showLightbox\" data-wp-on--load=\"callbacks.setButtonStyles\" data-wp-on--pointerdown=\"actions.preloadImage\" data-wp-on--pointerenter=\"actions.preloadImageWithDelay\" data-wp-on--pointerleave=\"actions.cancelPreload\" data-wp-on-window--resize=\"callbacks.setButtonStyles\" src=\"https:\/\/loudavymkrokem.cz\/wp-content\/uploads\/2026\/08\/olomouc-s-detmi-kavarna-interier.jpg\" alt=\"Olomouci k\u00e1v\u00e9z\u00f3 bels\u0151 tere nat\u00far diz\u00e1jnnal\" class=\"wp-image-401023\" title=\"\" srcset=\"https:\/\/loudavymkrokem.cz\/wp-content\/uploads\/2026\/08\/olomouc-s-detmi-kavarna-interier.jpg 2200w, https:\/\/loudavymkrokem.cz\/wp-content\/uploads\/2026\/08\/olomouc-s-detmi-kavarna-interier-300x200.jpg 300w, https:\/\/loudavymkrokem.cz\/wp-content\/uploads\/2026\/08\/olomouc-s-detmi-kavarna-interier-700x467.jpg 700w, https:\/\/loudavymkrokem.cz\/wp-content\/uploads\/2026\/08\/olomouc-s-detmi-kavarna-interier-768x512.jpg 768w, https:\/\/loudavymkrokem.cz\/wp-content\/uploads\/2026\/08\/olomouc-s-detmi-kavarna-interier-1536x1024.jpg 1536w, https:\/\/loudavymkrokem.cz\/wp-content\/uploads\/2026\/08\/olomouc-s-detmi-kavarna-interier-2048x1366.jpg 2048w, https:\/\/loudavymkrokem.cz\/wp-content\/uploads\/2026\/08\/olomouc-s-detmi-kavarna-interier-696x464.jpg 696w, https:\/\/loudavymkrokem.cz\/wp-content\/uploads\/2026\/08\/olomouc-s-detmi-kavarna-interier-1392x928.jpg 1392w, https:\/\/loudavymkrokem.cz\/wp-content\/uploads\/2026\/08\/olomouc-s-detmi-kavarna-interier-1920x1280.jpg 1920w\" sizes=\"(max-width: 2200px) 100vw, 2200px\" \/><button\n\t\t\tclass=\"lightbox-trigger\"\n\t\t\ttype=\"button\"\n\t\t\taria-haspopup=\"dialog\"\n\t\t\tdata-wp-bind--aria-label=\"state.thisImage.triggerButtonAriaLabel\"\n\t\t\tdata-wp-init=\"callbacks.initTriggerButton\"\n\t\t\tdata-wp-on--click=\"actions.showLightbox\"\n\t\t\tdata-wp-style--right=\"state.thisImage.buttonRight\"\n\t\t\tdata-wp-style--top=\"state.thisImage.buttonTop\"\n\t\t>\n\t\t\t<svg xmlns=\"http:\/\/www.w3.org\/2000\/svg\" width=\"12\" height=\"12\" fill=\"none\" viewBox=\"0 0 12 12\">\n\t\t\t\t<path fill=\"#fff\" d=\"M2 0a2 2 0 0 0-2 2v2h1.5V2a.5.5 0 0 1 .5-.5h2V0H2Zm2 10.5H2a.5.5 0 0 1-.5-.5V8H0v2a2 2 0 0 0 2 2h2v-1.5ZM8 12v-1.5h2a.5.5 0 0 0 .5-.5V8H12v2a2 2 0 0 1-2 2H8Zm2-12a2 2 0 0 1 2 2v2h-1.5V2a.5.5 0 0 0-.5-.5H8V0h2Z\" \/>\n\t\t\t<\/svg>\n\t\t<\/button><figcaption class=\"wp-element-caption\">Olomouc belv\u00e1ros\u00e1nak k\u00e1v\u00e9z\u00f3i a gyerekekre \u00e9s a sz\u00fcl\u0151kre is gondolnak<\/figcaption><\/figure>\n\n\n\n<p class=\"wp-block-paragraph\">Egy kicsit od\u00e9bb, a \u017derot\u00edn t\u00e9r 3 alatt tal\u00e1lsz egy m\u00e1sik igazgy\u00f6ngy\u00f6t a gyerekj\u00e1tsz\u00f3h\u00e1zas k\u00e1v\u00e9z\u00f3k k\u00f6zt. A V lese nev\u0171 hely szimpatikus Montessori \u00e9s zero waste szeml\u00e9letet k\u00e9pvisel, \u00e9s a <strong>4,7-es \u00e1tlag\u00e9rt\u00e9kel\u00e9sb\u0151l t\u00f6bb mint \u00f6tsz\u00e1z ember alapj\u00e1n<\/strong> egy\u00e9rtelm\u0171, hogy remek\u00fcl csin\u00e1lj\u00e1k. A hangos m\u0171anyag j\u00e1t\u00e9kok helyett itt a nyugalom \u00e9s egy halom becs\u00fcletes <strong>cseh faj\u00e1t\u00e9k<\/strong> uralkodik.<\/p>\n\n\n\n<p class=\"wp-block-paragraph\">A gyerekek itt hint\u00e1zhatnak, felfedezhetik a hangf\u00e1t, j\u00e1tszhatnak a fa sziv\u00e1rv\u00e1nnyal, vizsg\u00e1lgathatj\u00e1k az \u00f3ri\u00e1si activity boardot vagy a tapint\u00f3s mem\u00f3riaj\u00e1t\u00e9kot. A napijegy j\u00f3 \u00e1ron, <strong>910 Ft-ba (60 K\u010d)<\/strong> ker\u00fcl (kedvezm\u00e9nyes 450 Ft \/ 30 K\u010d), \u00e9s \u00f3ri\u00e1si el\u0151ny, hogy a karszalaggal a nap folyam\u00e1n ki lehet menni \u00e9s visszat\u00e9rni. A n\u00e9pszer\u0171s\u00e9ge miatt azonban id\u0151nk\u00e9nt megtelik. Nyitva h\u00e9tf\u0151t\u0151l p\u00e9ntekig 9:00\u201319:00 \u00e9s h\u00e9tv\u00e9g\u00e9n 10:00\u201319:00.<\/p>\n\n\n\n<h3 class=\"wp-block-heading\"><span class=\"ez-toc-section\" id=\"14_Clovickov\"><\/span>14. \u010clov\u00ed\u010dkov<span class=\"ez-toc-section-end\"><\/span><\/h3>\n\n\n\n<p class=\"wp-block-paragraph\">Ha kifejezetten nagy t\u00e9rre van sz\u00fcks\u00e9ged ahhoz, hogy a gyerekek levezess\u00e9k a felgy\u00fclemlett energi\u00e1t, a 8. kv\u011btna 24 alatt megtal\u00e1lod a n\u00e9pszer\u0171 \u010clov\u00ed\u010dkov j\u00e1tsz\u00f3h\u00e1zat (4,1-es \u00e9rt\u00e9kel\u00e9s). Ez egy klasszikus, nagy j\u00e1t\u00e9kt\u00e9r m\u00e1sz\u00f3k\u00e1kkal, ahol a kisebb gyerekek megb\u00edzhat\u00f3an lek\u00f6tik magukat t\u00f6bb \u00f3r\u00e1n \u00e1t.<\/p>\n\n\n\n<p class=\"wp-block-paragraph\">A sz\u00fcl\u0151knek k\u00e1v\u00e9- \u00e9s teak\u00edn\u00e1lattal ell\u00e1tott \u00fcld\u00f6g\u00e9l\u0151 r\u00e9sz \u00e1ll rendelkez\u00e9sre, a nagy csali pedig k\u00e9ts\u00e9gtelen\u00fcl az \u00e1r. A bel\u00e9p\u0151 ugyanis sz\u00e9p <strong>890 Ft (59 K\u010d) gyerekenk\u00e9nt, korl\u00e1tlan id\u0151re<\/strong>, ami manaps\u00e1g t\u00e9nyleg nagyon kellemes \u00f6sszeg egy es\u0151s d\u00e9lut\u00e1n megment\u00e9s\u00e9\u00e9rt.<\/p>\n\n\n\n<h3 class=\"wp-block-heading\"><span class=\"ez-toc-section\" id=\"15_Snoezelen_Olomouc\"><\/span>15. Snoezelen Olomouc<span class=\"ez-toc-section-end\"><\/span><\/h3>\n\n\n\n<figure data-wp-context=\"{&quot;imageId&quot;:&quot;6a9535641efd8&quot;}\" data-wp-interactive=\"core\/image\" data-wp-key=\"6a9535641efd8\" class=\"wp-block-image size-full wp-lightbox-container\"><img decoding=\"async\" width=\"1200\" height=\"800\" data-wp-class--hide=\"state.isContentHidden\" data-wp-class--show=\"state.isContentVisible\" data-wp-init=\"callbacks.setButtonStyles\" data-wp-on--click=\"actions.showLightbox\" data-wp-on--load=\"callbacks.setButtonStyles\" data-wp-on--pointerdown=\"actions.preloadImage\" data-wp-on--pointerenter=\"actions.preloadImageWithDelay\" data-wp-on--pointerleave=\"actions.cancelPreload\" data-wp-on-window--resize=\"callbacks.setButtonStyles\" src=\"https:\/\/loudavymkrokem.cz\/wp-content\/uploads\/2026\/08\/olomouc-s-detmi-snoezelen.jpg\" alt=\"A Snoezelen Olomouc multiszenzoros j\u00e1tsz\u00f3h\u00e1z sz\u00ednes vil\u00e1g\u00edt\u00e1ssal\" class=\"wp-image-403598\" title=\"\" srcset=\"https:\/\/loudavymkrokem.cz\/wp-content\/uploads\/2026\/08\/olomouc-s-detmi-snoezelen.jpg 1200w, https:\/\/loudavymkrokem.cz\/wp-content\/uploads\/2026\/08\/olomouc-s-detmi-snoezelen-300x200.jpg 300w, https:\/\/loudavymkrokem.cz\/wp-content\/uploads\/2026\/08\/olomouc-s-detmi-snoezelen-700x467.jpg 700w, https:\/\/loudavymkrokem.cz\/wp-content\/uploads\/2026\/08\/olomouc-s-detmi-snoezelen-768x512.jpg 768w, https:\/\/loudavymkrokem.cz\/wp-content\/uploads\/2026\/08\/olomouc-s-detmi-snoezelen-696x464.jpg 696w\" sizes=\"(max-width: 1200px) 100vw, 1200px\" \/><button\n\t\t\tclass=\"lightbox-trigger\"\n\t\t\ttype=\"button\"\n\t\t\taria-haspopup=\"dialog\"\n\t\t\tdata-wp-bind--aria-label=\"state.thisImage.triggerButtonAriaLabel\"\n\t\t\tdata-wp-init=\"callbacks.initTriggerButton\"\n\t\t\tdata-wp-on--click=\"actions.showLightbox\"\n\t\t\tdata-wp-style--right=\"state.thisImage.buttonRight\"\n\t\t\tdata-wp-style--top=\"state.thisImage.buttonTop\"\n\t\t>\n\t\t\t<svg xmlns=\"http:\/\/www.w3.org\/2000\/svg\" width=\"12\" height=\"12\" fill=\"none\" viewBox=\"0 0 12 12\">\n\t\t\t\t<path fill=\"#fff\" d=\"M2 0a2 2 0 0 0-2 2v2h1.5V2a.5.5 0 0 1 .5-.5h2V0H2Zm2 10.5H2a.5.5 0 0 1-.5-.5V8H0v2a2 2 0 0 0 2 2h2v-1.5ZM8 12v-1.5h2a.5.5 0 0 0 .5-.5V8H12v2a2 2 0 0 1-2 2H8Zm2-12a2 2 0 0 1 2 2v2h-1.5V2a.5.5 0 0 0-.5-.5H8V0h2Z\" \/>\n\t\t\t<\/svg>\n\t\t<\/button><figcaption class=\"wp-element-caption\">A Snoezelen multiszenzoros j\u00e1tsz\u00f3h\u00e1z eg\u00e9szen m\u00e1s temp\u00f3ban m\u0171k\u00f6dik, mint a hagyom\u00e1nyos j\u00e1tsz\u00f3h\u00e1zak | Fot\u00f3: Snoezelen Olomouc<\/figcaption><\/figure>\n\n\n\n<p class=\"wp-block-paragraph\">A Mari\u00e1nsk\u00e1 7 alatt egy kicsit m\u00e1sfajta j\u00e1tsz\u00f3h\u00e1z rejt\u0151zik, amelyet f\u0151leg akkor \u00e9rt\u00e9kelsz, ha nagyon kicsi gyerekeid vannak, vagy speci\u00e1lis ig\u00e9ny\u0171 gyerekeid, akik nem b\u00edrj\u00e1k a nagy j\u00e1tsz\u00f3h\u00e1zak megszokott zaj\u00e1t. A Snoezelen ugyanis egy relax\u00e1ci\u00f3s, multiszenzoros j\u00e1tsz\u00f3h\u00e1z, amelyet \u00fagy terveztek, hogy megnyugtasson \u00e9s finoman stimul\u00e1lja az \u00e9rz\u00e9keket (4,5-\u00f6s \u00e9rt\u00e9kel\u00e9s).<\/p>\n\n\n\n<p class=\"wp-block-paragraph\">K\u00fcl\u00f6nf\u00e9le f\u00e9nyelemeket, bubor\u00e9koszlopokat, relax\u00e1ci\u00f3s zen\u00e9t \u00e9s kellemes tapint\u00e1s\u00fa anyagokat tal\u00e1lsz itt. Ez a nyugalom o\u00e1zisa a v\u00e1ros k\u00f6zep\u00e9n, ahov\u00e1 t\u00e9nyleg pihenni j\u00e1rnak, \u00e9s egy kicsit m\u00e1sk\u00e9pp, lassabb temp\u00f3ban \u00e9rz\u00e9kelni a vil\u00e1got.<\/p>\n\n\n\n<h3 class=\"wp-block-heading\"><span class=\"ez-toc-section\" id=\"16_Krokodylek_csaladi_vidampark\"><\/span>16. Krokod\u00fdlek csal\u00e1di vid\u00e1mpark<span class=\"ez-toc-section-end\"><\/span><\/h3>\n\n\n\n<figure data-wp-context=\"{&quot;imageId&quot;:&quot;6a9535641f665&quot;}\" data-wp-interactive=\"core\/image\" data-wp-key=\"6a9535641f665\" class=\"wp-block-image size-full wp-lightbox-container\"><img decoding=\"async\" width=\"1498\" height=\"1000\" data-wp-class--hide=\"state.isContentHidden\" data-wp-class--show=\"state.isContentVisible\" data-wp-init=\"callbacks.setButtonStyles\" data-wp-on--click=\"actions.showLightbox\" data-wp-on--load=\"callbacks.setButtonStyles\" data-wp-on--pointerdown=\"actions.preloadImage\" data-wp-on--pointerenter=\"actions.preloadImageWithDelay\" data-wp-on--pointerleave=\"actions.cancelPreload\" data-wp-on-window--resize=\"callbacks.setButtonStyles\" src=\"https:\/\/loudavymkrokem.cz\/wp-content\/uploads\/2026\/08\/olomouc-s-detmi-krokodylek.jpg\" alt=\"Gyerekek egy felf\u00fajhat\u00f3 attrakci\u00f3n az olomouci Krokod\u00fdlek vid\u00e1mparkban\" class=\"wp-image-403596\" title=\"\" srcset=\"https:\/\/loudavymkrokem.cz\/wp-content\/uploads\/2026\/08\/olomouc-s-detmi-krokodylek.jpg 1498w, https:\/\/loudavymkrokem.cz\/wp-content\/uploads\/2026\/08\/olomouc-s-detmi-krokodylek-300x200.jpg 300w, https:\/\/loudavymkrokem.cz\/wp-content\/uploads\/2026\/08\/olomouc-s-detmi-krokodylek-700x467.jpg 700w, https:\/\/loudavymkrokem.cz\/wp-content\/uploads\/2026\/08\/olomouc-s-detmi-krokodylek-768x513.jpg 768w, https:\/\/loudavymkrokem.cz\/wp-content\/uploads\/2026\/08\/olomouc-s-detmi-krokodylek-696x465.jpg 696w, https:\/\/loudavymkrokem.cz\/wp-content\/uploads\/2026\/08\/olomouc-s-detmi-krokodylek-1392x929.jpg 1392w\" sizes=\"(max-width: 1498px) 100vw, 1498px\" \/><button\n\t\t\tclass=\"lightbox-trigger\"\n\t\t\ttype=\"button\"\n\t\t\taria-haspopup=\"dialog\"\n\t\t\tdata-wp-bind--aria-label=\"state.thisImage.triggerButtonAriaLabel\"\n\t\t\tdata-wp-init=\"callbacks.initTriggerButton\"\n\t\t\tdata-wp-on--click=\"actions.showLightbox\"\n\t\t\tdata-wp-style--right=\"state.thisImage.buttonRight\"\n\t\t\tdata-wp-style--top=\"state.thisImage.buttonTop\"\n\t\t>\n\t\t\t<svg xmlns=\"http:\/\/www.w3.org\/2000\/svg\" width=\"12\" height=\"12\" fill=\"none\" viewBox=\"0 0 12 12\">\n\t\t\t\t<path fill=\"#fff\" d=\"M2 0a2 2 0 0 0-2 2v2h1.5V2a.5.5 0 0 1 .5-.5h2V0H2Zm2 10.5H2a.5.5 0 0 1-.5-.5V8H0v2a2 2 0 0 0 2 2h2v-1.5ZM8 12v-1.5h2a.5.5 0 0 0 .5-.5V8H12v2a2 2 0 0 1-2 2H8Zm2-12a2 2 0 0 1 2 2v2h-1.5V2a.5.5 0 0 0-.5-.5H8V0h2Z\" \/>\n\t\t\t<\/svg>\n\t\t<\/button><figcaption class=\"wp-element-caption\">A Krokod\u00fdleknek 25 attrakci\u00f3ja van 3000 m\u00b2-en | Fot\u00f3: Krokod\u00fdlek Olomouc<\/figcaption><\/figure>\n\n\n\n<p class=\"wp-block-paragraph\">Amikor be kell vetned a legneh\u00e9zkaliber\u0171 fegyvert a gyerekunalom ellen, a Lazce v\u00e1rosr\u00e9szbe, a Florykova 556 al\u00e1 kell menned. Itt \u00e1ll ugyanis a <a href=\"https:\/\/www.krokodylek-olomouc.cz\/\" target=\"_blank\" rel=\"nofollow noopener\">Krokod\u00fdlek<\/a>, az eg\u00e9sz Morvaorsz\u00e1g egyik legnagyobb gyerekvid\u00e1mparkja, amely tekint\u00e9lyes, <strong>4,5-\u00f6s \u00e9rt\u00e9kel\u00e9ssel b\u00fcszk\u00e9lkedik 1659 v\u00e9lem\u00e9ny alapj\u00e1n<\/strong>. T\u00f6bb mint <strong>3000 n\u00e9gyzetm\u00e9teren<\/strong> hihetetlen <strong>25 \u00f3ri\u00e1si attrakci\u00f3<\/strong> ter\u00fcl el.<\/p>\n\n\n\n<p class=\"wp-block-paragraph\">A gyerekek azt sem tudj\u00e1k majd, mihez kapjanak el\u0151bb. Van itt egy hatalmas f\u00e1b\u00f3l k\u00e9sz\u00fclt kal\u00f3zhaj\u00f3, h\u00e1romszintes m\u00e1sz\u00f3k\u00e1k cs\u00faszd\u00e1kkal, trambulinok, m\u00e1sz\u00f3fal, tavacska attrakci\u00f3kkal, \u00e1gy\u00faar\u00e9na szivacslabd\u00e1s csat\u00e1khoz, motorp\u00e1lya \u00e9s egyed\u00fcl\u00e1ll\u00f3 pin-art panel 40 000 p\u00e1lcik\u00e1val a test lenyomatoz\u00e1s\u00e1hoz. Van \u00e9tterem \u00e9s egy nyugodtabb sarok is t\u00e1rsasj\u00e1t\u00e9kokkal. A napijegy p\u00e9ntekt\u0151l vas\u00e1rnapig <strong>5120 Ft (339 K\u010d) gyerekenk\u00e9nt \u00e9s 2100 Ft (139 K\u010d) feln\u0151ttenk\u00e9nt<\/strong> (csal\u00e1di 13 300 Ft \/ 879 K\u010d), h\u00e9tf\u0151t\u0151l cs\u00fct\u00f6rt\u00f6kig olcs\u00f3bb: <strong>3910 Ft (259 K\u010d) gyerekenk\u00e9nt \u00e9s 1800 Ft (119 K\u010d) feln\u0151ttenk\u00e9nt<\/strong> (csal\u00e1di 10 600 Ft \/ 699 K\u010d). V\u00e1laszthatsz \u00f3r\u00e1s bel\u00e9p\u0151t is 1650 Ft-t\u00f3l (109 K\u010d) gyerekenk\u00e9nt.<\/p>\n\n\n\n<h3 class=\"wp-block-heading\"><span class=\"ez-toc-section\" id=\"17_Amazonie_Olomouc\"><\/span>17. Amazonie Olomouc<span class=\"ez-toc-section-end\"><\/span><\/h3>\n\n\n\n<p class=\"wp-block-paragraph\">Az es\u0151s napok t\u00e9rk\u00e9p\u00e9n egy m\u00e1sik kedvelt biztos pont az Amazonie gyerekk\u00f6zpont a Pra\u017esk\u00e1 255\/41 alatt (4,3-as \u00e9rt\u00e9kel\u00e9s). Ez egy klasszikus, de nagyon j\u00f3l felszerelt belt\u00e9ri j\u00e1tsz\u00f3h\u00e1z, amely ide\u00e1lis azokra a napokra, amikor a gyerekek egyszer\u0171en m\u00e1szni, ugr\u00e1lni \u00e9s cs\u00faszni akarnak.<\/p>\n\n\n\n<p class=\"wp-block-paragraph\">Bent egy \u00f3ri\u00e1si, t\u00f6bb szinten \u00e1tny\u00fal\u00f3 m\u00e1sz\u00f3ka v\u00e1rja \u0151ket, ugr\u00e1l\u00f3v\u00e1r a pattog\u00e1s szerelmeseinek, rengeteg biztons\u00e1gosan p\u00e1rn\u00e1zott hinta, gyors cs\u00faszd\u00e1k \u00e9s persze a nagyon kedvelt \u00f3ri\u00e1si, sz\u00ednes m\u0171anyag labd\u00e1kkal teli medence, amelyb\u0151l a gyerekeket \u00e1ltal\u00e1ban nem lehet kivenni.<\/p>\n\n\n\n<h3 class=\"wp-block-heading\"><span class=\"ez-toc-section\" id=\"18_PROUD_kalandpark\"><\/span>18. PROUD kalandpark<span class=\"ez-toc-section-end\"><\/span><\/h3>\n\n\n\n<p class=\"wp-block-paragraph\">Tal\u00e1n azt gondolod, hogy egy kalandpark kis gyerekekkel nincs \u00e9rtelme, de a Lazeck\u00e1 utca 50\/49 alatti PROUD kir\u00e1ntja a fejed a homokb\u00f3l (remek, <strong>4,6-os \u00e9rt\u00e9kel\u00e9s 347 v\u00e9lem\u00e9ny alapj\u00e1n<\/strong>). Itt ugyanis \u00fagy tal\u00e1lt\u00e1k ki a programokat, hogy teljesen minden koroszt\u00e1ly megtal\u00e1lja a mag\u00e1\u00e9t.<\/p>\n\n\n\n<p class=\"wp-block-paragraph\">A nagyobb gyerekeknek \u00e9s feln\u0151tteknek sz\u00e1nt magas akad\u00e1lyok mellett k\u00fcl\u00f6nf\u00e9le hint\u00e1kat, hatalmas, f\u00f6ldbe \u00e9p\u00edtett l\u00e9gtrambulinokat, v\u00edzp\u00e1rn\u00e1kat, \u00e9s f\u0151leg alacsony, talaj k\u00f6zeli k\u00f6t\u00e9lakad\u00e1lyokat tal\u00e1lsz, amelyek biztons\u00e1gosak \u00e9s <strong>m\u00e1r 1 \u00e9ves kort\u00f3l alkalmasak<\/strong>. Remek hely a nagymozg\u00e1s \u00e9s az egyens\u00faly gyakorl\u00e1s\u00e1ra.<\/p>\n\n\n\n<h3 class=\"wp-block-heading\"><span class=\"ez-toc-section\" id=\"19_Olomouci_Honismereti_Muzeum\"><\/span>19. Olomouci Honismereti M\u00fazeum<span class=\"ez-toc-section-end\"><\/span><\/h3>\n\n\n\n<figure data-wp-context=\"{&quot;imageId&quot;:&quot;6a95356420126&quot;}\" data-wp-interactive=\"core\/image\" data-wp-key=\"6a95356420126\" class=\"wp-block-image size-full wp-lightbox-container\"><img decoding=\"async\" width=\"2200\" height=\"1467\" data-wp-class--hide=\"state.isContentHidden\" data-wp-class--show=\"state.isContentVisible\" data-wp-init=\"callbacks.setButtonStyles\" data-wp-on--click=\"actions.showLightbox\" data-wp-on--load=\"callbacks.setButtonStyles\" data-wp-on--pointerdown=\"actions.preloadImage\" data-wp-on--pointerenter=\"actions.preloadImageWithDelay\" data-wp-on--pointerleave=\"actions.cancelPreload\" data-wp-on-window--resize=\"callbacks.setButtonStyles\" src=\"https:\/\/loudavymkrokem.cz\/wp-content\/uploads\/2026\/08\/olomouc-s-detmi-muzeum-umeni.jpg\" alt=\"Az olomouci M\u0171v\u00e9szeti M\u00fazeum \u00e9p\u00fclete\" class=\"wp-image-401036\" title=\"\" srcset=\"https:\/\/loudavymkrokem.cz\/wp-content\/uploads\/2026\/08\/olomouc-s-detmi-muzeum-umeni.jpg 2200w, https:\/\/loudavymkrokem.cz\/wp-content\/uploads\/2026\/08\/olomouc-s-detmi-muzeum-umeni-300x200.jpg 300w, https:\/\/loudavymkrokem.cz\/wp-content\/uploads\/2026\/08\/olomouc-s-detmi-muzeum-umeni-700x467.jpg 700w, https:\/\/loudavymkrokem.cz\/wp-content\/uploads\/2026\/08\/olomouc-s-detmi-muzeum-umeni-768x512.jpg 768w, https:\/\/loudavymkrokem.cz\/wp-content\/uploads\/2026\/08\/olomouc-s-detmi-muzeum-umeni-1536x1024.jpg 1536w, https:\/\/loudavymkrokem.cz\/wp-content\/uploads\/2026\/08\/olomouc-s-detmi-muzeum-umeni-2048x1366.jpg 2048w, https:\/\/loudavymkrokem.cz\/wp-content\/uploads\/2026\/08\/olomouc-s-detmi-muzeum-umeni-696x464.jpg 696w, https:\/\/loudavymkrokem.cz\/wp-content\/uploads\/2026\/08\/olomouc-s-detmi-muzeum-umeni-1392x928.jpg 1392w, https:\/\/loudavymkrokem.cz\/wp-content\/uploads\/2026\/08\/olomouc-s-detmi-muzeum-umeni-1920x1280.jpg 1920w\" sizes=\"(max-width: 2200px) 100vw, 2200px\" \/><button\n\t\t\tclass=\"lightbox-trigger\"\n\t\t\ttype=\"button\"\n\t\t\taria-haspopup=\"dialog\"\n\t\t\tdata-wp-bind--aria-label=\"state.thisImage.triggerButtonAriaLabel\"\n\t\t\tdata-wp-init=\"callbacks.initTriggerButton\"\n\t\t\tdata-wp-on--click=\"actions.showLightbox\"\n\t\t\tdata-wp-style--right=\"state.thisImage.buttonRight\"\n\t\t\tdata-wp-style--top=\"state.thisImage.buttonTop\"\n\t\t>\n\t\t\t<svg xmlns=\"http:\/\/www.w3.org\/2000\/svg\" width=\"12\" height=\"12\" fill=\"none\" viewBox=\"0 0 12 12\">\n\t\t\t\t<path fill=\"#fff\" d=\"M2 0a2 2 0 0 0-2 2v2h1.5V2a.5.5 0 0 1 .5-.5h2V0H2Zm2 10.5H2a.5.5 0 0 1-.5-.5V8H0v2a2 2 0 0 0 2 2h2v-1.5ZM8 12v-1.5h2a.5.5 0 0 0 .5-.5V8H12v2a2 2 0 0 1-2 2H8Zm2-12a2 2 0 0 1 2 2v2h-1.5V2a.5.5 0 0 0-.5-.5H8V0h2Z\" \/>\n\t\t\t<\/svg>\n\t\t<\/button><figcaption class=\"wp-element-caption\">Az olomouci m\u00fazeumok t\u00f6rt\u00e9nelmi \u00e9p\u00fcletekben, egyenesen a belv\u00e1rosban vannak<\/figcaption><\/figure>\n\n\n\n<p class=\"wp-block-paragraph\">Ha ink\u00e1bb egy kis kult\u00far\u00e1t \u00e9s tud\u00e1st szeretn\u00e9l sz\u00e1razban, a Honismereti M\u00fazeum a K\u00f6zt\u00e1rsas\u00e1g t\u00e9r 5 alatt kiv\u00e1l\u00f3 v\u00e1laszt\u00e1s, amelyet t\u00f6bb mint 900 l\u00e1togat\u00f3 dics\u00e9r 4,5-\u00f6s \u00e1tlagoszt\u00e1lyzattal. Ez nem valami poros unalom, tele a t\u00e1rl\u00f3k meg\u00e9rint\u00e9s\u00e9nek tilalm\u00e1val.<\/p>\n\n\n\n<p class=\"wp-block-paragraph\">A m\u00fazeum nagyon sz\u00e9pen \u00e9s lebilincsel\u0151en mutatja be a v\u00e1ros \u00e9s az eg\u00e9sz r\u00e9gi\u00f3 t\u00f6rt\u00e9nelm\u00e9t, \u00e9s van egy gy\u00f6ny\u00f6r\u0171 term\u00e9szeti ki\u00e1ll\u00edt\u00e1sa. A t\u00e1rlatok igyekeznek l\u00e9p\u00e9st tartani a korral, \u00edgy rengeteg interakt\u00edv elemet, \u00e9rint\u0151k\u00e9perny\u0151t \u00e9s bemutat\u00f3t tal\u00e1lsz benn\u00fck, amelyek gond n\u00e9lk\u00fcl lek\u00f6tik a gyerekek figyelm\u00e9t.<\/p>\n\n\n\n<h3 class=\"wp-block-heading\"><span class=\"ez-toc-section\" id=\"20_Szellemhaz\"><\/span>20. Szellemh\u00e1z<span class=\"ez-toc-section-end\"><\/span><\/h3>\n\n\n\n<figure data-wp-context=\"{&quot;imageId&quot;:&quot;6a953564207b6&quot;}\" data-wp-interactive=\"core\/image\" data-wp-key=\"6a953564207b6\" class=\"wp-block-image size-full wp-lightbox-container\"><img decoding=\"async\" width=\"1024\" height=\"1536\" data-wp-class--hide=\"state.isContentHidden\" data-wp-class--show=\"state.isContentVisible\" data-wp-init=\"callbacks.setButtonStyles\" data-wp-on--click=\"actions.showLightbox\" data-wp-on--load=\"callbacks.setButtonStyles\" data-wp-on--pointerdown=\"actions.preloadImage\" data-wp-on--pointerenter=\"actions.preloadImageWithDelay\" data-wp-on--pointerleave=\"actions.cancelPreload\" data-wp-on-window--resize=\"callbacks.setButtonStyles\" src=\"https:\/\/loudavymkrokem.cz\/wp-content\/uploads\/2026\/08\/olomouc-s-detmi-strasidelny-dum.jpg\" alt=\"Ijeszt\u0151 figura az olomouci Szellemh\u00e1zban\" class=\"wp-image-403603\" title=\"\" srcset=\"https:\/\/loudavymkrokem.cz\/wp-content\/uploads\/2026\/08\/olomouc-s-detmi-strasidelny-dum.jpg 1024w, https:\/\/loudavymkrokem.cz\/wp-content\/uploads\/2026\/08\/olomouc-s-detmi-strasidelny-dum-200x300.jpg 200w, https:\/\/loudavymkrokem.cz\/wp-content\/uploads\/2026\/08\/olomouc-s-detmi-strasidelny-dum-700x1050.jpg 700w, https:\/\/loudavymkrokem.cz\/wp-content\/uploads\/2026\/08\/olomouc-s-detmi-strasidelny-dum-768x1152.jpg 768w, https:\/\/loudavymkrokem.cz\/wp-content\/uploads\/2026\/08\/olomouc-s-detmi-strasidelny-dum-696x1044.jpg 696w\" sizes=\"(max-width: 1024px) 100vw, 1024px\" \/><button\n\t\t\tclass=\"lightbox-trigger\"\n\t\t\ttype=\"button\"\n\t\t\taria-haspopup=\"dialog\"\n\t\t\tdata-wp-bind--aria-label=\"state.thisImage.triggerButtonAriaLabel\"\n\t\t\tdata-wp-init=\"callbacks.initTriggerButton\"\n\t\t\tdata-wp-on--click=\"actions.showLightbox\"\n\t\t\tdata-wp-style--right=\"state.thisImage.buttonRight\"\n\t\t\tdata-wp-style--top=\"state.thisImage.buttonTop\"\n\t\t>\n\t\t\t<svg xmlns=\"http:\/\/www.w3.org\/2000\/svg\" width=\"12\" height=\"12\" fill=\"none\" viewBox=\"0 0 12 12\">\n\t\t\t\t<path fill=\"#fff\" d=\"M2 0a2 2 0 0 0-2 2v2h1.5V2a.5.5 0 0 1 .5-.5h2V0H2Zm2 10.5H2a.5.5 0 0 1-.5-.5V8H0v2a2 2 0 0 0 2 2h2v-1.5ZM8 12v-1.5h2a.5.5 0 0 0 .5-.5V8H12v2a2 2 0 0 1-2 2H8Zm2-12a2 2 0 0 1 2 2v2h-1.5V2a.5.5 0 0 0-.5-.5H8V0h2Z\" \/>\n\t\t\t<\/svg>\n\t\t<\/button><figcaption class=\"wp-element-caption\">A Szellemh\u00e1z t\u00e9nyleg csak a nagyobb gyerekeknek val\u00f3 | Fot\u00f3: Stra\u0161ideln\u00fd d\u016fm Olomouc<\/figcaption><\/figure>\n\n\n\n<p class=\"wp-block-paragraph\">Van otthon m\u00e1r egy kicsit nagyobb gyereked, akit a klasszikus j\u00e1tsz\u00f3h\u00e1zak unnak, \u00e9s ink\u00e1bb az adrenalint keresik? Akkor indulj a Komensk\u00e9ho 865 al\u00e1, ahol a Szellemh\u00e1zat tal\u00e1lod, teljesen hihetetlen, <strong>4,9-es \u00e9rt\u00e9kel\u00e9ssel t\u00f6bb mint 400 v\u00e9lem\u00e9ny alapj\u00e1n<\/strong>. De ism\u00e9t \u0151szint\u00e9n figyelmeztetlek: ez <strong>t\u00e9nyleg csak a nagyobb \u00e9s b\u00e1trabb gyerekeknek val\u00f3<\/strong>, a kicsiket garant\u00e1ltan megr\u00edkatn\u00e1.<\/p>\n\n\n\n<p class=\"wp-block-paragraph\">Ez egy s\u00f6t\u00e9t, adrenalind\u00fas t\u00fara kidolgozott horrort\u00f6rt\u00e9nettel, amelynek t\u00e9m\u00e1j\u00e1t r\u00e1ad\u00e1sul minden \u00e9vben meg\u00faj\u00edtj\u00e1k \u00e9s megv\u00e1ltoztatj\u00e1k, \u00edgy nem lehet r\u00e1unni. Ha m\u00e9g tov\u00e1bbi sz\u00f3rakoz\u00e1st keresn\u00e9l a tin\u00e9dzsereknek, egy kicsit od\u00e9bb a v\u00e1rosban m\u0171k\u00f6dik a szint\u00e9n remek\u00fcl \u00e9rt\u00e9kelt <strong>Mistr \u00faniku<\/strong> szabadul\u00f3szoba is, ahol be kell vetni\u00fck az agyukat, hogy id\u0151re kijussanak.<\/p>\n\n\n\n<!-- LKM_GYG_CARD start q=\"olomouc detmi\" lang=\"hu\" rendered=\"2026-08-31T06:03:38+00:00\" v=\"1\" -->\n\n<!-- LKM_GYG_CARD end -->\n\n\n\n\n<div class=\"lk-stays-module\">\n<style>\n\/* \u2500\u2500\u2500 RESET PRO GUTENBERG \u2500\u2500\u2500 *\/\n.lk-stays-module * { box-sizing: border-box; margin: 0; padding: 0; }\n\n\/* \u2500\u2500\u2500 WRAPPER \u2500\u2500\u2500 *\/\n.lk-stays-module {\n  font-family: 'DM Sans', Georgia, sans-serif;\n  max-width: 100%;\n  margin: 2.5rem auto;\n  background: linear-gradient(135deg, #fdfaf5 0%, #fcf8f0 100%);\n  border: 1px solid #e8dfd4;\n  border-radius: 16px;\n  overflow: hidden;\n  box-shadow: 0 16px 48px rgba(195, 159, 118, 0.25), 0 4px 12px rgba(0,0,0,0.08);\n}\n\n\/* \u2500\u2500\u2500 HEADER \u2500\u2500\u2500 *\/\n.lk-stays-header {\n  position: relative;\n  padding: 24px 36px 24px;\n  background: linear-gradient(135deg, #c39f76 0%, #d4b188 60%, #c39f76 100%);\n  border-bottom: 1px solid rgba(255,255,255,.15);\n  display: flex;\n  align-items: center;\n  gap: 18px;\n}\n.lk-stays-header::before {\n  content: '';\n  position: absolute;\n  inset: 0;\n  background: url(\"data:image\/svg+xml,%3Csvg width='60' height='60' viewBox='0 0 60 60' xmlns='http:\/\/www.w3.org\/2000\/svg'%3E%3Cg fill='none' fill-rule='evenodd'%3E%3Cg fill='%23ffffff' fill-opacity='0.05'%3E%3Cpath d='M36 34v-4h-2v4h-4v2h4v4h2v-4h4v-2h-4zm0-30V0h-2v4h-4v2h4v4h2V6h4V4h-4zM6 34v-4H4v4H0v2h4v4h2v-4h4v-2H6zM6 4V0H4v4H0v2h4v4h2V6h4V4H6z'\/%3E%3C\/g%3E%3C\/g%3E%3C\/svg%3E\") repeat;\n  pointer-events: none;\n}\n.lk-stays-icon {\n  flex-shrink: 0;\n  width: 68px;\n  height: 68px;\n  border-radius: 14px;\n  background: linear-gradient(135deg, #fff 0%, #f9f6f0 100%);\n  display: flex;\n  align-items: center;\n  justify-content: center;\n  font-size: 26px;\n  box-shadow: 0 4px 12px rgba(0,0,0,0.15);\n}\n.lk-stays-eyebrow {\n  font-size: 10px;\n  font-weight: 500;\n  letter-spacing: 2.5px;\n  text-transform: uppercase;\n  color: rgba(255,255,255,.85);\n  margin: 0 0 5px 0;\n}\n.lk-stays-title {\n  font-family: 'Playfair Display', Georgia, serif;\n  font-size: 24px;\n  font-weight: 700;\n  color: #fff;\n  line-height: 1.2;\n  text-shadow: 0 1px 2px rgba(0,0,0,0.1);\n  margin: 0;\n}\n.lk-stays-subtitle {\n  font-size: 13px;\n  color: rgba(255,255,255,.75);\n  margin: 4px 0 0 0;\n  font-weight: 300;\n}\n\n\/* \u2500\u2500\u2500 CARDS GRID \u2500\u2500\u2500 *\/\n.lk-stays-grid {\n  display: grid;\n  grid-template-columns: 1fr 1fr;\n  gap: 1px;\n  background: rgba(195, 159, 118, 0.12);\n}\n\n\/* \u2500\u2500\u2500 SINGLE CARD \u2500\u2500\u2500 *\/\n.lk-stay-card {\n  background: #ffffff;\n  padding: 26px;\n  display: flex;\n  flex-direction: column;\n  gap: 11px;\n  transition: all 0.3s ease;\n  text-decoration: none;\n  color: inherit;\n  position: relative;\n}\n.lk-stay-card:hover {\n  background: #fffbf5;\n  transform: translateY(-2px);\n  box-shadow: 0 8px 24px rgba(195, 159, 118, 0.18);\n  z-index: 1;\n}\n.lk-stay-card.featured {\n  background: linear-gradient(135deg, #fffdf9 0%, #fff9f0 100%);\n  box-shadow: 0 4px 16px rgba(195, 159, 118, 0.15), inset 0 1px 0 rgba(195, 159, 118, 0.1);\n}\n.lk-stay-card.featured:hover {\n  background: linear-gradient(135deg, #fffbf5 0%, #fff8ed 100%);\n  box-shadow: 0 8px 24px rgba(195, 159, 118, 0.25), inset 0 1px 0 rgba(195, 159, 118, 0.15);\n}\n\n.lk-stay-badge {\n  display: inline-flex;\n  align-items: center;\n  gap: 5px;\n  font-size: 10px;\n  font-weight: 500;\n  letter-spacing: 1.5px;\n  text-transform: uppercase;\n  padding: 5px 11px;\n  border-radius: 20px;\n  width: fit-content;\n}\n.badge-top     { background: linear-gradient(135deg, #c39f76 0%, #d4b188 100%); color: #fff; border: 1px solid #c39f76; font-weight: 600; box-shadow: 0 2px 8px rgba(195,159,118,0.3); }\n.badge-luxury  { background: rgba(195,159,118,.12); color: #c39f76; border: 1px solid rgba(195,159,118,.25); }\n.badge-boutique{ background: rgba(54,133,252,.08); color: #3685fc; border: 1px solid rgba(54,133,252,.2); }\n.badge-nature  { background: rgba(130,190,100,.1); color: #6b9c4a; border: 1px solid rgba(130,190,100,.2); }\n.badge-remote  { background: rgba(195,159,118,.12); color: #a67e50; border: 1px solid rgba(195,159,118,.25); }\n\n.lk-stay-name {\n  font-family: 'Playfair Display', Georgia, serif;\n  font-size: 18px;\n  font-weight: 700;\n  color: #111827;\n  line-height: 1.3;\n}\n.lk-stay-desc {\n  font-size: 13.5px;\n  color: #525252;\n  line-height: 1.65;\n  font-weight: 300;\n  flex: 1;\n}\n\n.lk-stay-meta {\n  display: flex;\n  align-items: center;\n  gap: 12px;\n  flex-wrap: wrap;\n  margin-top: 4px;\n}\n.lk-stay-price {\n  font-size: 13px;\n  color: #6b7280;\n}\n.lk-stay-price strong {\n  color: #c39f76;\n  font-weight: 500;\n}\n.lk-stay-stars {\n  color: #c39f76;\n  font-size: 11px;\n  letter-spacing: 1px;\n}\n\n\/* \u2500\u2500\u2500 CTA BUTTON \u2500\u2500\u2500 *\/\n.lk-stay-cta {\n  display: inline-flex;\n  align-items: center;\n  justify-content: center;\n  gap: 7px;\n  margin-top: 8px;\n  padding: 11px 20px;\n  border-radius: 8px;\n  background: linear-gradient(135deg, #3685fc 0%, #2a6fd9 100%);\n  color: #fff;\n  font-size: 13px;\n  font-weight: 500;\n  text-decoration: none;\n  letter-spacing: .3px;\n  transition: all .2s ease;\n  cursor: pointer;\n  border: none;\n  text-align: center;\n  box-shadow: 0 4px 12px rgba(54, 133, 252, 0.25);\n}\n.lk-stay-cta:hover {\n  background: linear-gradient(135deg, #2a6fd9 0%, #1e5bc4 100%);\n  transform: translateY(-1px);\n  box-shadow: 0 6px 16px rgba(54, 133, 252, 0.35);\n}\n.lk-stay-cta svg { flex-shrink: 0; }\n\n\/* \u2500\u2500\u2500 FOOTER \u2500\u2500\u2500 *\/\n.lk-stays-footer {\n  padding: 18px 36px;\n  background: linear-gradient(to bottom, #fdfaf5 0%, #f9f4ed 100%);\n  border-top: 1px solid rgba(195, 159, 118, 0.15);\n  display: flex;\n  align-items: center;\n  justify-content: space-between;\n  flex-wrap: wrap;\n  gap: 12px;\n}\n.lk-stays-footer-note {\n  font-size: 11.5px;\n  color: #6b7280;\n  font-weight: 300;\n  line-height: 1.5;\n}\n.lk-stays-footer-note a {\n  color: #c39f76;\n  text-decoration: none;\n  font-weight: 400;\n}\n.lk-stays-footer-note a:hover {\n  text-decoration: underline;\n}\n.lk-stays-all-btn {\n  display: inline-flex;\n  align-items: center;\n  gap: 6px;\n  font-size: 12.5px;\n  font-weight: 500;\n  color: #c39f76;\n  text-decoration: none;\n  border: 1px solid rgba(195, 159, 118, 0.35);\n  padding: 8px 18px;\n  border-radius: 8px;\n  transition: all .2s ease;\n}\n.lk-stays-all-btn:hover {\n  background: rgba(195, 159, 118, 0.08);\n  border-color: rgba(195, 159, 118, 0.5);\n}\n\n\/* \u2500\u2500\u2500 RESPONSIVE \u2500\u2500\u2500 *\/\n@media (max-width: 600px) {\n  .lk-stays-grid { grid-template-columns: 1fr; }\n  .lk-stays-header { padding: 24px 20px; }\n  .lk-stays-footer { padding: 16px 20px; }\n  .lk-stay-card { padding: 22px; }\n  .lk-stays-title { font-size: 20px; }\n}\n<\/style>\n\n  <!-- HEADER -->\n  <div class=\"lk-stays-header\">\n    <img decoding=\"async\" src=\"https:\/\/loudavymkrokem.cz\/wp-content\/uploads\/2026\/02\/lukas-a-lucka.jpg\" alt=\"\" style=\"width: 75px; height: 75px; border-radius: 8px; flex-shrink: 0; object-fit: cover; display: block; margin: 4px 0;\" title=\"\">\n    <div class=\"lk-stays-header-text\">\n      <div class=\"lk-stays-eyebrow\">Luk\u00e1\u0161 \u00e9s Lucie aj\u00e1nlj\u00e1k<\/div>\n      <div class=\"lk-stays-title\">Hol sz\u00e1lljon meg Olomoucban<\/div>\n      <div class=\"lk-stays-subtitle\">2 sz\u00e1ll\u00e1shely \u2014 wellness sz\u00e1llod\u00e1k \u00e9s egy\u00e9b sz\u00e1ll\u00e1slehet\u0151s\u00e9gek<\/div>\n    <\/div>\n  <\/div>\n\n  <!-- CARDS -->\n  <div class=\"lk-stays-grid\">\n\n    <a class=\"lk-stay-card featured\" href=\"https:\/\/www.stay22.com\/allez\/roam?aid=lukaskonecny&#038;campaign=loudavymkrokemcz&#038;campaign=hu&#038;campaign=olomoucsdetmi&#038;hotelname=OREA%20Hotel%20Arigone%20Olomouc&#038;address=Olomouc%2C%20Cesko&#038;category=accommodation\" target=\"_blank\" rel=\"nofollow noopener\">\n      <span class=\"lk-stay-badge badge-top\">\u2b50 TOP V\u00c1LASZT\u00c1S<\/span>\n      <span class=\"lk-stay-badge badge-nature\">\u2b50 Luxury<\/span>\n      <div class=\"lk-stay-name\">OREA Hotel Arigone<\/div>\n      <div class=\"lk-stay-desc\">Sz\u00e1lloda a t\u00f6rt\u00e9nelmi k\u00f6zpontban wellness szob\u00e1kkal, saj\u00e1t jakuzzival \u00e9s szaun\u00e1val. 5,99 \u00e9ves korig a gyermekek ingyenesek, fantasztikus reggelik.<\/div>\n      <div class=\"lk-stay-meta\">\n        <span class=\"lk-stay-stars\">\u2605\u2605\u2605\u2605<\/span>\n        <span class=\"lk-stay-price\">\u00c1rak ellen\u0151rz\u00e9se<\/span>\n      <\/div>\n      <span class=\"lk-stay-cta\">\n        <svg width=\"14\" height=\"14\" viewBox=\"0 0 24 24\" fill=\"none\" stroke=\"currentColor\" stroke-width=\"2\"><path d=\"M18 13v6a2 2 0 0 1-2 2H5a2 2 0 0 1-2-2V8a2 2 0 0 1 2-2h6\"\/><polyline points=\"15 3 21 3 21 9\"\/><line x1=\"10\" y1=\"14\" x2=\"21\" y2=\"3\"\/><\/svg>\n        Ellen\u0151rizd az el\u00e9rhet\u0151s\u00e9get\n      <\/span>\n    <\/a>\n\n    <a class=\"lk-stay-card\" href=\"https:\/\/www.stay22.com\/allez\/roam?aid=lukaskonecny&#038;campaign=loudavymkrokemcz&#038;campaign=hu&#038;campaign=olomouc-s-detmi&#038;address=Olomouc%2C%20Cesko\" target=\"_blank\" rel=\"nofollow noopener\">\n      <span class=\"lk-stay-badge badge-nature\">\ud83c\udfe1 Pension\/B&#038;B<\/span>\n      <div class=\"lk-stay-name\">Tov\u00e1bbi sz\u00e1ll\u00e1shelyek Olomoucban<\/div>\n      <div class=\"lk-stay-desc\">Csal\u00e1di apartmanok a k\u00f6zpontban \u00f6nell\u00e1t\u00e1si lehet\u0151s\u00e9ggel. Alkalmas kisgyermekes csal\u00e1dok sz\u00e1m\u00e1ra.<\/div>\n      <div class=\"lk-stay-meta\">\n        <span class=\"lk-stay-stars\">\u2605\u2605\u2605\u2605<\/span>\n        <span class=\"lk-stay-price\">\u00c1rak ellen\u0151rz\u00e9se<\/span>\n      <\/div>\n      <span class=\"lk-stay-cta\">\n        <svg width=\"14\" height=\"14\" viewBox=\"0 0 24 24\" fill=\"none\" stroke=\"currentColor\" stroke-width=\"2\"><path d=\"M18 13v6a2 2 0 0 1-2 2H5a2 2 0 0 1-2-2V8a2 2 0 0 1 2-2h6\"\/><polyline points=\"15 3 21 3 21 9\"\/><line x1=\"10\" y1=\"14\" x2=\"21\" y2=\"3\"\/><\/svg>\n        Ellen\u0151rizd az el\u00e9rhet\u0151s\u00e9get\n      <\/span>\n    <\/a>\n\n  <\/div>\n\n  \n<\/div>\n\n\n\n\n<h2 class=\"wp-block-heading\"><span class=\"ez-toc-section\" id=\"Viz_sport_es_mozgas\"><\/span>V\u00edz, sport \u00e9s mozg\u00e1s<span class=\"ez-toc-section-end\"><\/span><\/h2>\n\n\n\n<p class=\"wp-block-paragraph\">Amikor a h\u0151m\u00e9r\u0151 higanysz\u00e1la magasra k\u00faszik, vagy \u00e9pp ellenkez\u0151leg, akt\u00edv sporttal kell elf\u00e1rasztani a gyerekeket, Olomouc remek lehet\u0151s\u00e9geket k\u00edn\u00e1l a kimozg\u00e1sra. Ak\u00e1r a cs\u00faszd\u00e1k szerelmese vagy, ak\u00e1r ink\u00e1bb a bicikliket \u00e9s m\u00e1sz\u00f3k\u00e1kat kedveled, itt biztosan nem fogsz unatkozni.<\/p>\n\n\n\n<h3 class=\"wp-block-heading\"><span class=\"ez-toc-section\" id=\"21_Olomouci_elmenyfurdo\"><\/span>21. Olomouci \u00e9lm\u00e9nyf\u00fcrd\u0151<span class=\"ez-toc-section-end\"><\/span><\/h3>\n\n\n\n<figure data-wp-context=\"{&quot;imageId&quot;:&quot;6a95356421052&quot;}\" data-wp-interactive=\"core\/image\" data-wp-key=\"6a95356421052\" class=\"wp-block-image size-full wp-lightbox-container\"><img decoding=\"async\" width=\"1800\" height=\"1013\" data-wp-class--hide=\"state.isContentHidden\" data-wp-class--show=\"state.isContentVisible\" data-wp-init=\"callbacks.setButtonStyles\" data-wp-on--click=\"actions.showLightbox\" data-wp-on--load=\"callbacks.setButtonStyles\" data-wp-on--pointerdown=\"actions.preloadImage\" data-wp-on--pointerenter=\"actions.preloadImageWithDelay\" data-wp-on--pointerleave=\"actions.cancelPreload\" data-wp-on-window--resize=\"callbacks.setButtonStyles\" src=\"https:\/\/loudavymkrokem.cz\/wp-content\/uploads\/2026\/08\/olomouc-s-detmi-aquapark.jpg\" alt=\"Az olomouci \u00e9lm\u00e9nyf\u00fcrd\u0151 \u00e9p\u00fclete Slavon\u00ednban\" class=\"wp-image-401126\" title=\"\" srcset=\"https:\/\/loudavymkrokem.cz\/wp-content\/uploads\/2026\/08\/olomouc-s-detmi-aquapark.jpg 1800w, https:\/\/loudavymkrokem.cz\/wp-content\/uploads\/2026\/08\/olomouc-s-detmi-aquapark-300x169.jpg 300w, https:\/\/loudavymkrokem.cz\/wp-content\/uploads\/2026\/08\/olomouc-s-detmi-aquapark-700x394.jpg 700w, https:\/\/loudavymkrokem.cz\/wp-content\/uploads\/2026\/08\/olomouc-s-detmi-aquapark-768x432.jpg 768w, https:\/\/loudavymkrokem.cz\/wp-content\/uploads\/2026\/08\/olomouc-s-detmi-aquapark-1536x864.jpg 1536w, https:\/\/loudavymkrokem.cz\/wp-content\/uploads\/2026\/08\/olomouc-s-detmi-aquapark-696x392.jpg 696w, https:\/\/loudavymkrokem.cz\/wp-content\/uploads\/2026\/08\/olomouc-s-detmi-aquapark-1392x783.jpg 1392w\" sizes=\"(max-width: 1800px) 100vw, 1800px\" \/><button\n\t\t\tclass=\"lightbox-trigger\"\n\t\t\ttype=\"button\"\n\t\t\taria-haspopup=\"dialog\"\n\t\t\tdata-wp-bind--aria-label=\"state.thisImage.triggerButtonAriaLabel\"\n\t\t\tdata-wp-init=\"callbacks.initTriggerButton\"\n\t\t\tdata-wp-on--click=\"actions.showLightbox\"\n\t\t\tdata-wp-style--right=\"state.thisImage.buttonRight\"\n\t\t\tdata-wp-style--top=\"state.thisImage.buttonTop\"\n\t\t>\n\t\t\t<svg xmlns=\"http:\/\/www.w3.org\/2000\/svg\" width=\"12\" height=\"12\" fill=\"none\" viewBox=\"0 0 12 12\">\n\t\t\t\t<path fill=\"#fff\" d=\"M2 0a2 2 0 0 0-2 2v2h1.5V2a.5.5 0 0 1 .5-.5h2V0H2Zm2 10.5H2a.5.5 0 0 1-.5-.5V8H0v2a2 2 0 0 0 2 2h2v-1.5ZM8 12v-1.5h2a.5.5 0 0 0 .5-.5V8H12v2a2 2 0 0 1-2 2H8Zm2-12a2 2 0 0 1 2 2v2h-1.5V2a.5.5 0 0 0-.5-.5H8V0h2Z\" \/>\n\t\t\t<\/svg>\n\t\t<\/button><figcaption class=\"wp-element-caption\">A slavon\u00edni \u00e9lm\u00e9nyf\u00fcrd\u0151nek van fedett \u00e9s szabadt\u00e9ri r\u00e9sze is, valamint Akv\u00e1rko gyerekvil\u00e1ga<\/figcaption><\/figure>\n\n\n\n<p class=\"wp-block-paragraph\">A nagy <a href=\"https:\/\/www.aqua-olomouc.cz\/\" target=\"_blank\" rel=\"nofollow noopener\">olomouci v\u00edzi vil\u00e1got<\/a> a Kafkova 526\/21 alatt, Slavon\u00edn v\u00e1rosr\u00e9szben tal\u00e1lod. Egy hatalmas komplexum 4,2-es \u00e9rt\u00e9kel\u00e9ssel majdnem n\u00e9gyezer ember alapj\u00e1n, amely a t\u00e9lre val\u00f3 t\u00e1gas fedett r\u00e9szt egy remek ny\u00e1ri szabadt\u00e9ri r\u00e9sszel kombin\u00e1lja. Rendes cs\u00faszd\u00e1kat, rengeteg gyors cs\u00faszd\u00e1t, szaun\u00e1z\u00f3n\u00e1t a feln\u0151tteknek, aktivit\u00e1spark \u00e9s \u00e9ttermet is tal\u00e1lsz, ahol k\u00f6nnyen elverheted az \u00fasz\u00e1s ut\u00e1ni farkas\u00e9hs\u00e9get.<\/p>\n\n\n\n<p class=\"wp-block-paragraph\">A legkisebbeknek k\u00fcl\u00f6n gyerekvil\u00e1g, az <strong>Akv\u00e1rko<\/strong> \u00e1ll rendelkez\u00e9sre. Ami a v\u00edzh\u0151m\u00e9rs\u00e9kletet illeti, a <strong>gyerekmedence sz\u00e9p 32 \u00b0C-os<\/strong>, a massz\u00e1zsmedence szint\u00e9n 32 \u00b0C-os, a pezsg\u0151f\u00fcrd\u0151k pedig eg\u00e9szen 34\u201336 \u00b0C-ra meleg\u00edtenek. A sz\u00fcl\u0151k \u00e9rt\u00e9kel\u00e9seib\u0151l azonban kider\u00fcl egy fontos figyelmeztet\u00e9s: a nagy rekre\u00e1ci\u00f3s medence csak 28 \u00b0C-os, ami a kisebb gyerekeknek egy id\u0151 ut\u00e1n h\u0171v\u00f6snek \u00e9rz\u0151dhet, ez\u00e9rt a legkisebbekkel jobb az id\u0151 nagy r\u00e9sz\u00e9t ink\u00e1bb a k\u00fcl\u00f6n\u00e1ll\u00f3 Akv\u00e1rk\u00f3ban t\u00f6lteni. Az \u00e9lm\u00e9nyf\u00fcrd\u0151nek van egy praktikus el\u0151nye, amit gyerekekkel az aut\u00f3ban \u00e9rt\u00e9kelni fogsz: egyenesen az aut\u00f3p\u00e1ly\u00e1r\u00f3l lehajtasz hozz\u00e1, \u00e9s parkol\u00f3helykeres\u00e9s n\u00e9lk\u00fcl leparkolsz.<\/p>\n\n\n\n<h3 class=\"wp-block-heading\"><span class=\"ez-toc-section\" id=\"22_Semafor_Kozpont\"><\/span>22. Semafor K\u00f6zpont<span class=\"ez-toc-section-end\"><\/span><\/h3>\n\n\n\n<figure data-wp-context=\"{&quot;imageId&quot;:&quot;6a953564216bc&quot;}\" data-wp-interactive=\"core\/image\" data-wp-key=\"6a953564216bc\" class=\"wp-block-image size-full wp-lightbox-container\"><img decoding=\"async\" width=\"1216\" height=\"913\" data-wp-class--hide=\"state.isContentHidden\" data-wp-class--show=\"state.isContentVisible\" data-wp-init=\"callbacks.setButtonStyles\" data-wp-on--click=\"actions.showLightbox\" data-wp-on--load=\"callbacks.setButtonStyles\" data-wp-on--pointerdown=\"actions.preloadImage\" data-wp-on--pointerenter=\"actions.preloadImageWithDelay\" data-wp-on--pointerleave=\"actions.cancelPreload\" data-wp-on-window--resize=\"callbacks.setButtonStyles\" src=\"https:\/\/loudavymkrokem.cz\/wp-content\/uploads\/2026\/08\/olomouc-s-detmi-centrum-semafor.jpg\" alt=\"A Semafor K\u00f6zpont k\u00f6zleked\u00e9si j\u00e1tsz\u00f3tere Olomoucban jelz\u0151l\u00e1mp\u00e1kkal \u00e9s t\u00e1bl\u00e1kkal\" class=\"wp-image-403597\" title=\"\" srcset=\"https:\/\/loudavymkrokem.cz\/wp-content\/uploads\/2026\/08\/olomouc-s-detmi-centrum-semafor.jpg 1216w, https:\/\/loudavymkrokem.cz\/wp-content\/uploads\/2026\/08\/olomouc-s-detmi-centrum-semafor-300x225.jpg 300w, https:\/\/loudavymkrokem.cz\/wp-content\/uploads\/2026\/08\/olomouc-s-detmi-centrum-semafor-700x526.jpg 700w, https:\/\/loudavymkrokem.cz\/wp-content\/uploads\/2026\/08\/olomouc-s-detmi-centrum-semafor-768x577.jpg 768w, https:\/\/loudavymkrokem.cz\/wp-content\/uploads\/2026\/08\/olomouc-s-detmi-centrum-semafor-80x60.jpg 80w, https:\/\/loudavymkrokem.cz\/wp-content\/uploads\/2026\/08\/olomouc-s-detmi-centrum-semafor-160x120.jpg 160w, https:\/\/loudavymkrokem.cz\/wp-content\/uploads\/2026\/08\/olomouc-s-detmi-centrum-semafor-696x523.jpg 696w\" sizes=\"(max-width: 1216px) 100vw, 1216px\" \/><button\n\t\t\tclass=\"lightbox-trigger\"\n\t\t\ttype=\"button\"\n\t\t\taria-haspopup=\"dialog\"\n\t\t\tdata-wp-bind--aria-label=\"state.thisImage.triggerButtonAriaLabel\"\n\t\t\tdata-wp-init=\"callbacks.initTriggerButton\"\n\t\t\tdata-wp-on--click=\"actions.showLightbox\"\n\t\t\tdata-wp-style--right=\"state.thisImage.buttonRight\"\n\t\t\tdata-wp-style--top=\"state.thisImage.buttonTop\"\n\t\t>\n\t\t\t<svg xmlns=\"http:\/\/www.w3.org\/2000\/svg\" width=\"12\" height=\"12\" fill=\"none\" viewBox=\"0 0 12 12\">\n\t\t\t\t<path fill=\"#fff\" d=\"M2 0a2 2 0 0 0-2 2v2h1.5V2a.5.5 0 0 1 .5-.5h2V0H2Zm2 10.5H2a.5.5 0 0 1-.5-.5V8H0v2a2 2 0 0 0 2 2h2v-1.5ZM8 12v-1.5h2a.5.5 0 0 0 .5-.5V8H12v2a2 2 0 0 1-2 2H8Zm2-12a2 2 0 0 1 2 2v2h-1.5V2a.5.5 0 0 0-.5-.5H8V0h2Z\" \/>\n\t\t\t<\/svg>\n\t\t<\/button><figcaption class=\"wp-element-caption\">Olomouc egyetlen k\u00f6zleked\u00e9si j\u00e1tsz\u00f3ter\u00e9n m\u0171k\u00f6d\u0151 jelz\u0151l\u00e1mp\u00e1k \u00e9s vas\u00fati \u00e1tj\u00e1r\u00f3 is van | Fot\u00f3: Centrum Semafor Olomouc<\/figcaption><\/figure>\n\n\n\n<p class=\"wp-block-paragraph\">Ha a gyerekeid im\u00e1dnak b\u00e1rmin k\u00f6zlekedni, aminek kereke van, nem hagyhatod ki a Semafor K\u00f6zpontot a Legion\u00e1\u0159sk\u00e1 15 alatt (fantasztikus, <strong>4,8-as \u00e9rt\u00e9kel\u00e9s 140 v\u00e9lem\u00e9ny alapj\u00e1n<\/strong>). Ez <strong>Olomouc egyetlen, kifejezetten erre szakosodott k\u00f6zleked\u00e9si j\u00e1tsz\u00f3tere<\/strong>, \u00e9s t\u00e9nyleg sz\u00ednvonalas. Az utakat val\u00f3s t\u00e1bl\u00e1k szeg\u00e9lyezik, a keresztez\u0151d\u00e9sekn\u00e9l m\u0171k\u00f6d\u0151 jelz\u0151l\u00e1mp\u00e1k villognak, nem hi\u00e1nyoznak a gyalog\u00e1tkel\u0151k \u00e9s a hangi \u00e9s f\u00e9nyelemekkel ell\u00e1tott vas\u00fati \u00e1tj\u00e1r\u00f3 sem.<\/p>\n\n\n\n<p class=\"wp-block-paragraph\">Ha nincs veled saj\u00e1t j\u00e1rm\u0171park, semmi baj. Remek <strong>k\u00f6lcs\u00f6nz\u0151 m\u0171k\u00f6dik itt 760 Ft-\u00e9rt (50 K\u010d) \u00f3r\u00e1nk\u00e9nt vagy 3020 Ft-\u00e9rt (200 K\u010d) eg\u00e9sz napra<\/strong>. A 24 collig terjed\u0151 gyerekbiciklik k\u00f6lcs\u00f6nz\u00e9se egyenesen fele \u00e1rba ker\u00fcl, k\u00f6r\u00fclbel\u00fcl 50 bicikli \u00e1ll rendelkez\u00e9sre, valamint rollerek, kedvelt ped\u00e1los gokartok, s\u0151t k\u00e9ziker\u00e9kp\u00e1rok is. Nyitva \u00e1prilist\u00f3l j\u00faniusig \u00e9s \u0151sszel szeptemberben \u00e9s okt\u00f3berben (h\u00e9tk\u00f6znap 14\u201318, h\u00e9tv\u00e9g\u00e9n \u00e9s \u00fcnnepnapokon 10\u201312 \u00e9s 14\u201318), a ny\u00e1ri sz\u00fcnet h\u00f3napjaiban a nyitvatart\u00e1s kicsit elt\u00e9r, ez\u00e9rt ink\u00e1bb ellen\u0151rizd.<\/p>\n\n\n\n<h3 class=\"wp-block-heading\"><span class=\"ez-toc-section\" id=\"23_Veverak_kalandpark\"><\/span>23. Vever\u00e1k kalandpark<span class=\"ez-toc-section-end\"><\/span><\/h3>\n\n\n\n<figure data-wp-context=\"{&quot;imageId&quot;:&quot;6a95356421d51&quot;}\" data-wp-interactive=\"core\/image\" data-wp-key=\"6a95356421d51\" class=\"wp-block-image size-full wp-lightbox-container\"><img decoding=\"async\" width=\"1800\" height=\"1013\" data-wp-class--hide=\"state.isContentHidden\" data-wp-class--show=\"state.isContentVisible\" data-wp-init=\"callbacks.setButtonStyles\" data-wp-on--click=\"actions.showLightbox\" data-wp-on--load=\"callbacks.setButtonStyles\" data-wp-on--pointerdown=\"actions.preloadImage\" data-wp-on--pointerenter=\"actions.preloadImageWithDelay\" data-wp-on--pointerleave=\"actions.cancelPreload\" data-wp-on-window--resize=\"callbacks.setButtonStyles\" src=\"https:\/\/loudavymkrokem.cz\/wp-content\/uploads\/2026\/08\/olomouc-s-detmi-lanovy-park-veverak.jpg\" alt=\"Gyerek egy k\u00f6t\u00e9lakad\u00e1lyon a Vever\u00e1k kalandparkban a Svat\u00fd Kope\u010dken\" class=\"wp-image-403608\" title=\"\" srcset=\"https:\/\/loudavymkrokem.cz\/wp-content\/uploads\/2026\/08\/olomouc-s-detmi-lanovy-park-veverak.jpg 1800w, https:\/\/loudavymkrokem.cz\/wp-content\/uploads\/2026\/08\/olomouc-s-detmi-lanovy-park-veverak-300x169.jpg 300w, https:\/\/loudavymkrokem.cz\/wp-content\/uploads\/2026\/08\/olomouc-s-detmi-lanovy-park-veverak-700x394.jpg 700w, https:\/\/loudavymkrokem.cz\/wp-content\/uploads\/2026\/08\/olomouc-s-detmi-lanovy-park-veverak-768x432.jpg 768w, https:\/\/loudavymkrokem.cz\/wp-content\/uploads\/2026\/08\/olomouc-s-detmi-lanovy-park-veverak-1536x864.jpg 1536w, https:\/\/loudavymkrokem.cz\/wp-content\/uploads\/2026\/08\/olomouc-s-detmi-lanovy-park-veverak-696x392.jpg 696w, https:\/\/loudavymkrokem.cz\/wp-content\/uploads\/2026\/08\/olomouc-s-detmi-lanovy-park-veverak-1392x783.jpg 1392w\" sizes=\"(max-width: 1800px) 100vw, 1800px\" \/><button\n\t\t\tclass=\"lightbox-trigger\"\n\t\t\ttype=\"button\"\n\t\t\taria-haspopup=\"dialog\"\n\t\t\tdata-wp-bind--aria-label=\"state.thisImage.triggerButtonAriaLabel\"\n\t\t\tdata-wp-init=\"callbacks.initTriggerButton\"\n\t\t\tdata-wp-on--click=\"actions.showLightbox\"\n\t\t\tdata-wp-style--right=\"state.thisImage.buttonRight\"\n\t\t\tdata-wp-style--top=\"state.thisImage.buttonTop\"\n\t\t>\n\t\t\t<svg xmlns=\"http:\/\/www.w3.org\/2000\/svg\" width=\"12\" height=\"12\" fill=\"none\" viewBox=\"0 0 12 12\">\n\t\t\t\t<path fill=\"#fff\" d=\"M2 0a2 2 0 0 0-2 2v2h1.5V2a.5.5 0 0 1 .5-.5h2V0H2Zm2 10.5H2a.5.5 0 0 1-.5-.5V8H0v2a2 2 0 0 0 2 2h2v-1.5ZM8 12v-1.5h2a.5.5 0 0 0 .5-.5V8H12v2a2 2 0 0 1-2 2H8Zm2-12a2 2 0 0 1 2 2v2h-1.5V2a.5.5 0 0 0-.5-.5H8V0h2Z\" \/>\n\t\t\t<\/svg>\n\t\t<\/button><figcaption class=\"wp-element-caption\">A Vever\u00e1k kalandpark remek\u00fcl \u00f6sszek\u00f6thet\u0151 az \u00e1llatkerti l\u00e1togat\u00e1ssal | Fot\u00f3: Lanov\u00fd park Vever\u00e1k<\/figcaption><\/figure>\n\n\n\n<p class=\"wp-block-paragraph\">Egy m\u00e1sik remek adag mozg\u00e1st engedhetsz meg magadnak a Vever\u00e1k kalandparkban, amely a Darwin utc\u00e1n\u00e1l, egyenesen a Svat\u00fd Kope\u010dken tal\u00e1lhat\u00f3. A sz\u00fcl\u0151k nagyon magas, <strong>4,7-es \u00e9rt\u00e9kel\u00e9ssel<\/strong> dics\u00e9rik, mert neh\u00e9zs\u00e9g szerint felosztott p\u00e1ly\u00e1kat k\u00edn\u00e1l \u00fagy, hogy megtal\u00e1lj\u00e1k a maguk\u00e9t a kisebb gyerekek \u00e9s a feln\u0151ttek is, akik egy kis magasban val\u00f3 adrenalint keresnek.<\/p>\n\n\n\n<p class=\"wp-block-paragraph\">Mindenre profi instruktorok is fel\u00fcgyelnek, akik elmagyar\u00e1zz\u00e1k a biztos\u00edt\u00e1st, \u00e9s seg\u00edtenek, ha valaki \u00e9pp elakad egy nehezebb akad\u00e1lyn\u00e1l. Ennek a parknak \u00f3ri\u00e1si el\u0151nye a fekv\u00e9se, a l\u00e1togat\u00e1st ugyanis teljesen zseni\u00e1lisan \u00f6ssze lehet k\u00f6tni egy eg\u00e9sz napos kir\u00e1ndul\u00e1ssal a k\u00f6zeli \u00e1llatkertbe.<\/p>\n\n\n\n<h3 class=\"wp-block-heading\"><span class=\"ez-toc-section\" id=\"24_Jatszoterek_a_parkokban\"><\/span>24. J\u00e1tsz\u00f3terek a parkokban<span class=\"ez-toc-section-end\"><\/span><\/h3>\n\n\n\n<p class=\"wp-block-paragraph\">Amikor nincs sz\u00fcks\u00e9ged nagy, szervezett programokra, \u00e9s csak egy kicsit \u00fcld\u00f6g\u00e9ln\u00e9l a padon, m\u00edg a gyerekek hint\u00e1znak, Olomouc sz\u00e1mos klasszikus k\u00f6zter\u00fcleti j\u00e1tsz\u00f3teret k\u00edn\u00e1l. A legkedveltebbet \u00e9s leggondozottabbat a m\u00e1r eml\u00edtett Smetana- \u00e9s Bezru\u010d-parkban tal\u00e1lod, de kisebb m\u00e1sz\u00f3k\u00e1k \u00e9s homokoz\u00f3k a belv\u00e1ros \u00e9s a t\u00e1gabb k\u00f6rny\u00e9k t\u00f6bbi r\u00e9sz\u00e9n is elsz\u00f3rtan megtal\u00e1lhat\u00f3k, \u00edgy a v\u00e1rosi k\u00f3sz\u00e1l\u00e1s k\u00f6zben el\u0151bb-ut\u00f3bb megb\u00edzhat\u00f3an r\u00e1juk bukkansz.<\/p>\n\n\n\n<h2 class=\"wp-block-heading\"><span class=\"ez-toc-section\" id=\"Svaty_Kopecek_allatkert_es_egy_egesz_nap_a_varos_felett\"><\/span>Svat\u00fd Kope\u010dek: \u00e1llatkert \u00e9s egy eg\u00e9sz nap a v\u00e1ros felett<span class=\"ez-toc-section-end\"><\/span><\/h2>\n\n\n\n<p class=\"wp-block-paragraph\">Ha egyn\u00e9l t\u00f6bb napra k\u00e9sz\u00fclsz Olomoucba, a Svat\u00fd Kope\u010dket egyszer\u0171en be kell iktatnod a programba. Ez a v\u00e1ros f\u00f6l\u00e9 magasod\u00f3, erd\u0151s v\u00e1rosr\u00e9sz ugyanis egyet jelent egy t\u00f6k\u00e9letes csal\u00e1di nappal, amely tele van \u00e1llatokkal, gy\u00f6ny\u00f6r\u0171 kil\u00e1t\u00e1ssal \u00e9s term\u00e9szetj\u00e1r\u00e1ssal.<\/p>\n\n\n\n<h3 class=\"wp-block-heading\"><span class=\"ez-toc-section\" id=\"25_Olomouci_Allatkert_a_Svaty_Kopecken\"><\/span>25. Olomouci \u00c1llatkert a Svat\u00fd Kope\u010dken<span class=\"ez-toc-section-end\"><\/span><\/h3>\n\n\n\n<figure data-wp-context=\"{&quot;imageId&quot;:&quot;6a9535642257e&quot;}\" data-wp-interactive=\"core\/image\" data-wp-key=\"6a9535642257e\" class=\"wp-block-image size-full wp-lightbox-container\"><img decoding=\"async\" width=\"1800\" height=\"1350\" data-wp-class--hide=\"state.isContentHidden\" data-wp-class--show=\"state.isContentVisible\" data-wp-init=\"callbacks.setButtonStyles\" data-wp-on--click=\"actions.showLightbox\" data-wp-on--load=\"callbacks.setButtonStyles\" data-wp-on--pointerdown=\"actions.preloadImage\" data-wp-on--pointerenter=\"actions.preloadImageWithDelay\" data-wp-on--pointerleave=\"actions.cancelPreload\" data-wp-on-window--resize=\"callbacks.setButtonStyles\" src=\"https:\/\/loudavymkrokem.cz\/wp-content\/uploads\/2026\/08\/olomouc-s-detmi-zoo-voliera.jpg\" alt=\"Darvak a r\u00f6pd\u00e9ben az Olomouci \u00c1llatkertben a Svat\u00fd Kope\u010dken\" class=\"wp-image-401082\" title=\"\" srcset=\"https:\/\/loudavymkrokem.cz\/wp-content\/uploads\/2026\/08\/olomouc-s-detmi-zoo-voliera.jpg 1800w, https:\/\/loudavymkrokem.cz\/wp-content\/uploads\/2026\/08\/olomouc-s-detmi-zoo-voliera-300x225.jpg 300w, https:\/\/loudavymkrokem.cz\/wp-content\/uploads\/2026\/08\/olomouc-s-detmi-zoo-voliera-700x525.jpg 700w, https:\/\/loudavymkrokem.cz\/wp-content\/uploads\/2026\/08\/olomouc-s-detmi-zoo-voliera-768x576.jpg 768w, https:\/\/loudavymkrokem.cz\/wp-content\/uploads\/2026\/08\/olomouc-s-detmi-zoo-voliera-1536x1152.jpg 1536w, https:\/\/loudavymkrokem.cz\/wp-content\/uploads\/2026\/08\/olomouc-s-detmi-zoo-voliera-80x60.jpg 80w, https:\/\/loudavymkrokem.cz\/wp-content\/uploads\/2026\/08\/olomouc-s-detmi-zoo-voliera-160x120.jpg 160w, https:\/\/loudavymkrokem.cz\/wp-content\/uploads\/2026\/08\/olomouc-s-detmi-zoo-voliera-696x522.jpg 696w, https:\/\/loudavymkrokem.cz\/wp-content\/uploads\/2026\/08\/olomouc-s-detmi-zoo-voliera-1392x1044.jpg 1392w\" sizes=\"(max-width: 1800px) 100vw, 1800px\" \/><button\n\t\t\tclass=\"lightbox-trigger\"\n\t\t\ttype=\"button\"\n\t\t\taria-haspopup=\"dialog\"\n\t\t\tdata-wp-bind--aria-label=\"state.thisImage.triggerButtonAriaLabel\"\n\t\t\tdata-wp-init=\"callbacks.initTriggerButton\"\n\t\t\tdata-wp-on--click=\"actions.showLightbox\"\n\t\t\tdata-wp-style--right=\"state.thisImage.buttonRight\"\n\t\t\tdata-wp-style--top=\"state.thisImage.buttonTop\"\n\t\t>\n\t\t\t<svg xmlns=\"http:\/\/www.w3.org\/2000\/svg\" width=\"12\" height=\"12\" fill=\"none\" viewBox=\"0 0 12 12\">\n\t\t\t\t<path fill=\"#fff\" d=\"M2 0a2 2 0 0 0-2 2v2h1.5V2a.5.5 0 0 1 .5-.5h2V0H2Zm2 10.5H2a.5.5 0 0 1-.5-.5V8H0v2a2 2 0 0 0 2 2h2v-1.5ZM8 12v-1.5h2a.5.5 0 0 0 .5-.5V8H12v2a2 2 0 0 1-2 2H8Zm2-12a2 2 0 0 1 2 2v2h-1.5V2a.5.5 0 0 0-.5-.5H8V0h2Z\" \/>\n\t\t\t<\/svg>\n\t\t<\/button><figcaption class=\"wp-element-caption\">A kifut\u00f3k egyenesen az erdei terepbe illeszkednek<\/figcaption><\/figure>\n\n\n\n<figure data-wp-context=\"{&quot;imageId&quot;:&quot;6a95356422ae6&quot;}\" data-wp-interactive=\"core\/image\" data-wp-key=\"6a95356422ae6\" class=\"wp-block-image size-full wp-lightbox-container\"><img decoding=\"async\" width=\"1800\" height=\"1195\" data-wp-class--hide=\"state.isContentHidden\" data-wp-class--show=\"state.isContentVisible\" data-wp-init=\"callbacks.setButtonStyles\" data-wp-on--click=\"actions.showLightbox\" data-wp-on--load=\"callbacks.setButtonStyles\" data-wp-on--pointerdown=\"actions.preloadImage\" data-wp-on--pointerenter=\"actions.preloadImageWithDelay\" data-wp-on--pointerleave=\"actions.cancelPreload\" data-wp-on-window--resize=\"callbacks.setButtonStyles\" src=\"https:\/\/loudavymkrokem.cz\/wp-content\/uploads\/2026\/08\/olomouc-s-detmi-zoo-vstup.jpg\" alt=\"Az Olomouci \u00c1llatkert bej\u00e1rati \u00e9p\u00fclete a Svat\u00fd Kope\u010dken\" class=\"wp-image-401078\" title=\"\" srcset=\"https:\/\/loudavymkrokem.cz\/wp-content\/uploads\/2026\/08\/olomouc-s-detmi-zoo-vstup.jpg 1800w, https:\/\/loudavymkrokem.cz\/wp-content\/uploads\/2026\/08\/olomouc-s-detmi-zoo-vstup-300x199.jpg 300w, https:\/\/loudavymkrokem.cz\/wp-content\/uploads\/2026\/08\/olomouc-s-detmi-zoo-vstup-700x465.jpg 700w, https:\/\/loudavymkrokem.cz\/wp-content\/uploads\/2026\/08\/olomouc-s-detmi-zoo-vstup-768x510.jpg 768w, https:\/\/loudavymkrokem.cz\/wp-content\/uploads\/2026\/08\/olomouc-s-detmi-zoo-vstup-1536x1020.jpg 1536w, https:\/\/loudavymkrokem.cz\/wp-content\/uploads\/2026\/08\/olomouc-s-detmi-zoo-vstup-696x462.jpg 696w, https:\/\/loudavymkrokem.cz\/wp-content\/uploads\/2026\/08\/olomouc-s-detmi-zoo-vstup-1392x924.jpg 1392w\" sizes=\"(max-width: 1800px) 100vw, 1800px\" \/><button\n\t\t\tclass=\"lightbox-trigger\"\n\t\t\ttype=\"button\"\n\t\t\taria-haspopup=\"dialog\"\n\t\t\tdata-wp-bind--aria-label=\"state.thisImage.triggerButtonAriaLabel\"\n\t\t\tdata-wp-init=\"callbacks.initTriggerButton\"\n\t\t\tdata-wp-on--click=\"actions.showLightbox\"\n\t\t\tdata-wp-style--right=\"state.thisImage.buttonRight\"\n\t\t\tdata-wp-style--top=\"state.thisImage.buttonTop\"\n\t\t>\n\t\t\t<svg xmlns=\"http:\/\/www.w3.org\/2000\/svg\" width=\"12\" height=\"12\" fill=\"none\" viewBox=\"0 0 12 12\">\n\t\t\t\t<path fill=\"#fff\" d=\"M2 0a2 2 0 0 0-2 2v2h1.5V2a.5.5 0 0 1 .5-.5h2V0H2Zm2 10.5H2a.5.5 0 0 1-.5-.5V8H0v2a2 2 0 0 0 2 2h2v-1.5ZM8 12v-1.5h2a.5.5 0 0 0 .5-.5V8H12v2a2 2 0 0 1-2 2H8Zm2-12a2 2 0 0 1 2 2v2h-1.5V2a.5.5 0 0 0-.5-.5H8V0h2Z\" \/>\n\t\t\t<\/svg>\n\t\t<\/button><figcaption class=\"wp-element-caption\">Az Olomouci \u00c1llatkert bej\u00e1rata, a v\u00e1ros feletti erd\u0151ben megb\u00fajva<\/figcaption><\/figure>\n\n\n\n<p class=\"wp-block-paragraph\">Ez vitathatatlanul az eg\u00e9sz r\u00e9gi\u00f3 f\u0151 csal\u00e1di vonzereje. Az <a href=\"https:\/\/www.zoo-olomouc.cz\/\" target=\"_blank\" rel=\"nofollow noopener\">Olomouci \u00c1llatkert<\/a>, amely egy gy\u00f6ny\u00f6r\u0171 feny\u0151erd\u0151ben b\u00fajik meg, lelkes visszajelz\u00e9seket gy\u0171jt, \u00e9s a <strong>4,4-es pontsz\u00e1ma t\u00f6bb mint 16 500 v\u00e9lem\u00e9ny alapj\u00e1n<\/strong> mutatja, mennyire kedvelt. Az \u00e1llatoknak t\u00e1gas kifut\u00f3ik vannak, amelyek egyenesen a lejt\u0151s erdei terepbe illeszkednek, \u00edgy a l\u00e1togat\u00e1s egyben egy kellemes s\u00e9ta is a f\u00e1k k\u00f6zt, ahol ny\u00e1ron is kellemes az \u00e1rny\u00e9k.<\/p>\n\n\n\n<p class=\"wp-block-paragraph\">A bel\u00e9p\u0151 \u00e1ra szezont\u00f3l f\u00fcgg\u0151en v\u00e1ltozik. A f\u0151szezonban (m\u00e1rciust\u00f3l okt\u00f3berig) a feln\u0151tt <strong>2720 Ft-ot (180 K\u010d)<\/strong>, a gyerekek, di\u00e1kok vagy nyugd\u00edjasok pedig <strong>2110 Ft-ot (140 K\u010d)<\/strong> fizetnek. Szezonon k\u00edv\u00fcl, a t\u00e9li h\u00f3napokban (november\u2013febru\u00e1r) bar\u00e1ts\u00e1gosabbak az \u00e1rak: 2270 Ft (150 K\u010d) feln\u0151ttenk\u00e9nt \u00e9s 1810 Ft (120 K\u010d) kedvezm\u00e9nyesen. A legkisebb, 3 \u00e9ves korig a gyerekek teljesen ingyen l\u00e9pnek be, a csal\u00e1di jegy (2+2) pedig korrekt <strong>9070 Ft-ba (600 K\u010d)<\/strong> ker\u00fcl. A nyitvatart\u00e1s szint\u00e9n az \u00e9vszakkal v\u00e1ltozik. Janu\u00e1rban \u00e9s febru\u00e1rban 9\u201316, m\u00e1rciusban \u00e9s szeptemberben 9\u201317 \u00f3r\u00e1ig van nyitva, \u00e1prilist\u00f3l augusztusig 9\u201318-ra hosszabbodik, okt\u00f3bert\u0151l decemberig pedig a kapuk ism\u00e9t 16 \u00f3rakor z\u00e1rnak.<\/p>\n\n\n\n<p class=\"wp-block-paragraph\">\u00c9s hogyan juss ide, ha nem akarsz az \u00e1llatkertn\u00e9l fizetni a parkol\u00e1s\u00e9rt? Teljesen egyszer\u0171en. A f\u0151p\u00e1lyaudvarr\u00f3l (D peron) rendszeresen j\u00e1r a <strong>11-es busz<\/strong>. A j\u00e1ratok remek, 10-15 perces k\u00f6z\u00f6kben k\u00f6vetik egym\u00e1st, maga az \u00fat nagyj\u00e1b\u00f3l 20 percig tart, a meg\u00e1ll\u00f3t\u00f3l pedig m\u00e1r csak egy r\u00f6vid, \u00f6t-t\u00edz perces s\u00e9ta v\u00e1r r\u00e1d enyh\u00e9n felfel\u00e9, egyenesen a ter\u00fclet bej\u00e1rat\u00e1hoz.<\/p>\n\n\n\n<h3 class=\"wp-block-heading\"><span class=\"ez-toc-section\" id=\"26_Kilatotorony_az_allatkertben\"><\/span>26. Kil\u00e1t\u00f3torony az \u00e1llatkertben<span class=\"ez-toc-section-end\"><\/span><\/h3>\n\n\n\n<figure data-wp-context=\"{&quot;imageId&quot;:&quot;6a95356423409&quot;}\" data-wp-interactive=\"core\/image\" data-wp-key=\"6a95356423409\" class=\"wp-block-image size-full wp-lightbox-container\"><img decoding=\"async\" width=\"1800\" height=\"1202\" data-wp-class--hide=\"state.isContentHidden\" data-wp-class--show=\"state.isContentVisible\" data-wp-init=\"callbacks.setButtonStyles\" data-wp-on--click=\"actions.showLightbox\" data-wp-on--load=\"callbacks.setButtonStyles\" data-wp-on--pointerdown=\"actions.preloadImage\" data-wp-on--pointerenter=\"actions.preloadImageWithDelay\" data-wp-on--pointerleave=\"actions.cancelPreload\" data-wp-on-window--resize=\"callbacks.setButtonStyles\" src=\"https:\/\/loudavymkrokem.cz\/wp-content\/uploads\/2026\/08\/olomouc-s-detmi-vyhlidkova-vez-zoo.jpg\" alt=\"Kil\u00e1t\u00f3torony az Olomouci \u00c1llatkertben a Svat\u00fd Kope\u010dken\" class=\"wp-image-403612\" title=\"\" srcset=\"https:\/\/loudavymkrokem.cz\/wp-content\/uploads\/2026\/08\/olomouc-s-detmi-vyhlidkova-vez-zoo.jpg 1800w, https:\/\/loudavymkrokem.cz\/wp-content\/uploads\/2026\/08\/olomouc-s-detmi-vyhlidkova-vez-zoo-300x200.jpg 300w, https:\/\/loudavymkrokem.cz\/wp-content\/uploads\/2026\/08\/olomouc-s-detmi-vyhlidkova-vez-zoo-700x467.jpg 700w, https:\/\/loudavymkrokem.cz\/wp-content\/uploads\/2026\/08\/olomouc-s-detmi-vyhlidkova-vez-zoo-768x513.jpg 768w, https:\/\/loudavymkrokem.cz\/wp-content\/uploads\/2026\/08\/olomouc-s-detmi-vyhlidkova-vez-zoo-1536x1026.jpg 1536w, https:\/\/loudavymkrokem.cz\/wp-content\/uploads\/2026\/08\/olomouc-s-detmi-vyhlidkova-vez-zoo-696x465.jpg 696w, https:\/\/loudavymkrokem.cz\/wp-content\/uploads\/2026\/08\/olomouc-s-detmi-vyhlidkova-vez-zoo-1392x930.jpg 1392w\" sizes=\"(max-width: 1800px) 100vw, 1800px\" \/><button\n\t\t\tclass=\"lightbox-trigger\"\n\t\t\ttype=\"button\"\n\t\t\taria-haspopup=\"dialog\"\n\t\t\tdata-wp-bind--aria-label=\"state.thisImage.triggerButtonAriaLabel\"\n\t\t\tdata-wp-init=\"callbacks.initTriggerButton\"\n\t\t\tdata-wp-on--click=\"actions.showLightbox\"\n\t\t\tdata-wp-style--right=\"state.thisImage.buttonRight\"\n\t\t\tdata-wp-style--top=\"state.thisImage.buttonTop\"\n\t\t>\n\t\t\t<svg xmlns=\"http:\/\/www.w3.org\/2000\/svg\" width=\"12\" height=\"12\" fill=\"none\" viewBox=\"0 0 12 12\">\n\t\t\t\t<path fill=\"#fff\" d=\"M2 0a2 2 0 0 0-2 2v2h1.5V2a.5.5 0 0 1 .5-.5h2V0H2Zm2 10.5H2a.5.5 0 0 1-.5-.5V8H0v2a2 2 0 0 0 2 2h2v-1.5ZM8 12v-1.5h2a.5.5 0 0 0 .5-.5V8H12v2a2 2 0 0 1-2 2H8Zm2-12a2 2 0 0 1 2 2v2h-1.5V2a.5.5 0 0 0-.5-.5H8V0h2Z\" \/>\n\t\t\t<\/svg>\n\t\t<\/button><figcaption class=\"wp-element-caption\">A kil\u00e1t\u00f3toronyb\u00f3l j\u00f3 l\u00e1t\u00e1si viszonyok mellett eg\u00e9szen a Jesen\u00edkyig ell\u00e1tsz | Fot\u00f3: Zoo Olomouc<\/figcaption><\/figure>\n\n\n\n<p class=\"wp-block-paragraph\">Egyenesen az \u00e1llatkert ter\u00fclet\u00e9n \u00e1ll egy hatalmas ac\u00e9l kil\u00e1t\u00f3torony (4,6-os \u00e9rt\u00e9kel\u00e9s), amelyet mindenk\u00e9pp meg kell n\u00e9zned, ha nem f\u00e9lsz a magass\u00e1gt\u00f3l. A r\u00e1csos l\u00e9pcs\u0151n val\u00f3 felkapaszkod\u00e1s ugyan kicsit megizzaszt, de fent a jutalom egy olyan kil\u00e1t\u00e1s, amelyet sehol m\u00e1shol nem l\u00e1tsz.<\/p>\n\n\n\n<p class=\"wp-block-paragraph\">J\u00f3 l\u00e1t\u00e1si viszonyok mellett l\u00e9legzetel\u00e1ll\u00edt\u00f3 panor\u00e1ma t\u00e1rul el\u00e9d az eg\u00e9sz Olomoucra, amely lent a s\u00edks\u00e1gon ter\u00fcl el, \u00e9s ha a m\u00e1sik oldalra fordulsz, eg\u00e9szen a fens\u00e9ges Jesen\u00edky gerinc\u00e9ig ell\u00e1tsz. Azoknak pedig, akiknek a teljes\u00edtm\u00e9ny ut\u00e1n friss\u00fclni\u00fck kell, egyenesen a torony alatt egy kellemes k\u00e1v\u00e9z\u00f3 m\u0171k\u00f6dik.<\/p>\n\n\n\n<h3 class=\"wp-block-heading\"><span class=\"ez-toc-section\" id=\"27_Szuz_Maria_Latogatasa_bazilika\"><\/span>27. Sz\u0171z M\u00e1ria L\u00e1togat\u00e1sa bazilika<span class=\"ez-toc-section-end\"><\/span><\/h3>\n\n\n\n<figure data-wp-context=\"{&quot;imageId&quot;:&quot;6a95356423af0&quot;}\" data-wp-interactive=\"core\/image\" data-wp-key=\"6a95356423af0\" class=\"wp-block-image size-full wp-lightbox-container\"><img decoding=\"async\" width=\"1800\" height=\"1350\" data-wp-class--hide=\"state.isContentHidden\" data-wp-class--show=\"state.isContentVisible\" data-wp-init=\"callbacks.setButtonStyles\" data-wp-on--click=\"actions.showLightbox\" data-wp-on--load=\"callbacks.setButtonStyles\" data-wp-on--pointerdown=\"actions.preloadImage\" data-wp-on--pointerenter=\"actions.preloadImageWithDelay\" data-wp-on--pointerleave=\"actions.cancelPreload\" data-wp-on-window--resize=\"callbacks.setButtonStyles\" src=\"https:\/\/loudavymkrokem.cz\/wp-content\/uploads\/2026\/08\/olomouc-s-detmi-bazilika-svaty-kopecek.jpg\" alt=\"Sz\u0171z M\u00e1ria L\u00e1togat\u00e1sa bazilika a Svat\u00fd Kope\u010dken Olomouc mellett\" class=\"wp-image-401087\" title=\"\" srcset=\"https:\/\/loudavymkrokem.cz\/wp-content\/uploads\/2026\/08\/olomouc-s-detmi-bazilika-svaty-kopecek.jpg 1800w, https:\/\/loudavymkrokem.cz\/wp-content\/uploads\/2026\/08\/olomouc-s-detmi-bazilika-svaty-kopecek-300x225.jpg 300w, https:\/\/loudavymkrokem.cz\/wp-content\/uploads\/2026\/08\/olomouc-s-detmi-bazilika-svaty-kopecek-700x525.jpg 700w, https:\/\/loudavymkrokem.cz\/wp-content\/uploads\/2026\/08\/olomouc-s-detmi-bazilika-svaty-kopecek-768x576.jpg 768w, https:\/\/loudavymkrokem.cz\/wp-content\/uploads\/2026\/08\/olomouc-s-detmi-bazilika-svaty-kopecek-1536x1152.jpg 1536w, https:\/\/loudavymkrokem.cz\/wp-content\/uploads\/2026\/08\/olomouc-s-detmi-bazilika-svaty-kopecek-80x60.jpg 80w, https:\/\/loudavymkrokem.cz\/wp-content\/uploads\/2026\/08\/olomouc-s-detmi-bazilika-svaty-kopecek-160x120.jpg 160w, https:\/\/loudavymkrokem.cz\/wp-content\/uploads\/2026\/08\/olomouc-s-detmi-bazilika-svaty-kopecek-696x522.jpg 696w, https:\/\/loudavymkrokem.cz\/wp-content\/uploads\/2026\/08\/olomouc-s-detmi-bazilika-svaty-kopecek-1392x1044.jpg 1392w\" sizes=\"(max-width: 1800px) 100vw, 1800px\" \/><button\n\t\t\tclass=\"lightbox-trigger\"\n\t\t\ttype=\"button\"\n\t\t\taria-haspopup=\"dialog\"\n\t\t\tdata-wp-bind--aria-label=\"state.thisImage.triggerButtonAriaLabel\"\n\t\t\tdata-wp-init=\"callbacks.initTriggerButton\"\n\t\t\tdata-wp-on--click=\"actions.showLightbox\"\n\t\t\tdata-wp-style--right=\"state.thisImage.buttonRight\"\n\t\t\tdata-wp-style--top=\"state.thisImage.buttonTop\"\n\t\t>\n\t\t\t<svg xmlns=\"http:\/\/www.w3.org\/2000\/svg\" width=\"12\" height=\"12\" fill=\"none\" viewBox=\"0 0 12 12\">\n\t\t\t\t<path fill=\"#fff\" d=\"M2 0a2 2 0 0 0-2 2v2h1.5V2a.5.5 0 0 1 .5-.5h2V0H2Zm2 10.5H2a.5.5 0 0 1-.5-.5V8H0v2a2 2 0 0 0 2 2h2v-1.5ZM8 12v-1.5h2a.5.5 0 0 0 .5-.5V8H12v2a2 2 0 0 1-2 2H8Zm2-12a2 2 0 0 1 2 2v2h-1.5V2a.5.5 0 0 0-.5-.5H8V0h2Z\" \/>\n\t\t\t<\/svg>\n\t\t<\/button><figcaption class=\"wp-element-caption\">A Svat\u00fd Kope\u010dek-i zar\u00e1ndokbazilika m\u00e1r az Olomoucba \u00e9rkez\u00e9skor l\u00e1tszik<\/figcaption><\/figure>\n\n\n\n<p class=\"wp-block-paragraph\">Ha m\u00e1r a Svat\u00fd Kope\u010dken vagy, menj egy kicsit od\u00e9bb a Sadov\u00e9 t\u00e9r 1-hez, ahol a leny\u0171g\u00f6z\u0151 Sz\u0171z M\u00e1ria L\u00e1togat\u00e1sa zar\u00e1ndokbazilika tal\u00e1lhat\u00f3 (fantasztikus, <strong>4,8-as \u00e9rt\u00e9kel\u00e9s 2572 v\u00e9lem\u00e9ny alapj\u00e1n<\/strong>). Ez az a dominancia, amelyet m\u00e1r az Olomoucba \u00e9rkez\u00e9skor l\u00e1tsz ragyogni a t\u00e1jba.<\/p>\n\n\n\n<p class=\"wp-block-paragraph\">Ezt a gy\u00f6ny\u00f6r\u0171 barokk \u00e9p\u00fcletet egy\u00e9bk\u00e9nt maga II. J\u00e1nos P\u00e1l p\u00e1pa is felkereste. B\u00e1r els\u0151 pillant\u00e1sra nem hangzik tipikus gyerekattrakci\u00f3nak, az \u00e9p\u00fclet olyan hatalmas \u00e9s fens\u00e9ges, hogy a kis felfedez\u0151ket is le tudja k\u00f6tni, r\u00e1ad\u00e1sul a k\u00f6rny\u00e9k\u00e9n nagyon sz\u00e9p \u00e9s nyugodt s\u00e9t\u00e1kat lehet tenni.<\/p>\n\n\n\n<h2 class=\"wp-block-heading\"><span class=\"ez-toc-section\" id=\"Kirandulasok_Olomoucbol_gyerekekkel\"><\/span>Kir\u00e1ndul\u00e1sok Olomoucb\u00f3l gyerekekkel<span class=\"ez-toc-section-end\"><\/span><\/h2>\n\n\n\n<p class=\"wp-block-paragraph\">Olomouc strat\u00e9giailag Morvaorsz\u00e1g sz\u00edv\u00e9ben fekszik, ami azt jelenti, hogy ha van aut\u00f3d, egy \u00f3r\u00e1nyi aut\u00f3z\u00e1sra hihetetlen mennyis\u00e9g\u0171 tov\u00e1bbi vonz\u00f3 \u00fati c\u00e9l ny\u00edlik meg el\u0151tted. Ha teh\u00e1t marad id\u0151d, \u00e9s szeretn\u00e9l egy kicsit a v\u00e1roson t\u00fal indulni, itt vannak a legjobb tippek a f\u00e9l- vagy eg\u00e9sznapos kir\u00e1ndul\u00e1sokra.<\/p>\n\n\n\n<h3 class=\"wp-block-heading\"><span class=\"ez-toc-section\" id=\"28_DinoPark_es_Vyskovi_Allatpark\"><\/span>28. DinoPark \u00e9s Vy\u0161kovi \u00c1llatpark<span class=\"ez-toc-section-end\"><\/span><\/h3>\n\n\n\n<figure data-wp-context=\"{&quot;imageId&quot;:&quot;6a9535642423a&quot;}\" data-wp-interactive=\"core\/image\" data-wp-key=\"6a9535642423a\" class=\"wp-block-image size-full wp-lightbox-container\"><img decoding=\"async\" width=\"1800\" height=\"1209\" data-wp-class--hide=\"state.isContentHidden\" data-wp-class--show=\"state.isContentVisible\" data-wp-init=\"callbacks.setButtonStyles\" data-wp-on--click=\"actions.showLightbox\" data-wp-on--load=\"callbacks.setButtonStyles\" data-wp-on--pointerdown=\"actions.preloadImage\" data-wp-on--pointerenter=\"actions.preloadImageWithDelay\" data-wp-on--pointerleave=\"actions.cancelPreload\" data-wp-on-window--resize=\"callbacks.setButtonStyles\" src=\"https:\/\/loudavymkrokem.cz\/wp-content\/uploads\/2026\/08\/olomouc-s-detmi-zoopark-vyskov.jpg\" alt=\"Egyp\u00fap\u00fa teve a Vy\u0161kovi \u00c1llatparkban\" class=\"wp-image-401131\" title=\"\" srcset=\"https:\/\/loudavymkrokem.cz\/wp-content\/uploads\/2026\/08\/olomouc-s-detmi-zoopark-vyskov.jpg 1800w, https:\/\/loudavymkrokem.cz\/wp-content\/uploads\/2026\/08\/olomouc-s-detmi-zoopark-vyskov-300x202.jpg 300w, https:\/\/loudavymkrokem.cz\/wp-content\/uploads\/2026\/08\/olomouc-s-detmi-zoopark-vyskov-700x470.jpg 700w, https:\/\/loudavymkrokem.cz\/wp-content\/uploads\/2026\/08\/olomouc-s-detmi-zoopark-vyskov-768x516.jpg 768w, https:\/\/loudavymkrokem.cz\/wp-content\/uploads\/2026\/08\/olomouc-s-detmi-zoopark-vyskov-1536x1032.jpg 1536w, https:\/\/loudavymkrokem.cz\/wp-content\/uploads\/2026\/08\/olomouc-s-detmi-zoopark-vyskov-696x467.jpg 696w, https:\/\/loudavymkrokem.cz\/wp-content\/uploads\/2026\/08\/olomouc-s-detmi-zoopark-vyskov-1392x935.jpg 1392w\" sizes=\"(max-width: 1800px) 100vw, 1800px\" \/><button\n\t\t\tclass=\"lightbox-trigger\"\n\t\t\ttype=\"button\"\n\t\t\taria-haspopup=\"dialog\"\n\t\t\tdata-wp-bind--aria-label=\"state.thisImage.triggerButtonAriaLabel\"\n\t\t\tdata-wp-init=\"callbacks.initTriggerButton\"\n\t\t\tdata-wp-on--click=\"actions.showLightbox\"\n\t\t\tdata-wp-style--right=\"state.thisImage.buttonRight\"\n\t\t\tdata-wp-style--top=\"state.thisImage.buttonTop\"\n\t\t>\n\t\t\t<svg xmlns=\"http:\/\/www.w3.org\/2000\/svg\" width=\"12\" height=\"12\" fill=\"none\" viewBox=\"0 0 12 12\">\n\t\t\t\t<path fill=\"#fff\" d=\"M2 0a2 2 0 0 0-2 2v2h1.5V2a.5.5 0 0 1 .5-.5h2V0H2Zm2 10.5H2a.5.5 0 0 1-.5-.5V8H0v2a2 2 0 0 0 2 2h2v-1.5ZM8 12v-1.5h2a.5.5 0 0 0 .5-.5V8H12v2a2 2 0 0 1-2 2H8Zm2-12a2 2 0 0 1 2 2v2h-1.5V2a.5.5 0 0 0-.5-.5H8V0h2Z\" \/>\n\t\t\t<\/svg>\n\t\t<\/button><figcaption class=\"wp-element-caption\">Ugyanabban a jegyben benne van a Vy\u0161kovi \u00c1llatpark is tev\u00e9kkel \u00e9s haszon\u00e1llatokkal<\/figcaption><\/figure>\n\n\n\n<figure data-wp-context=\"{&quot;imageId&quot;:&quot;6a9535642478f&quot;}\" data-wp-interactive=\"core\/image\" data-wp-key=\"6a9535642478f\" class=\"wp-block-image size-full wp-lightbox-container\"><img decoding=\"async\" width=\"1800\" height=\"1350\" data-wp-class--hide=\"state.isContentHidden\" data-wp-class--show=\"state.isContentVisible\" data-wp-init=\"callbacks.setButtonStyles\" data-wp-on--click=\"actions.showLightbox\" data-wp-on--load=\"callbacks.setButtonStyles\" data-wp-on--pointerdown=\"actions.preloadImage\" data-wp-on--pointerenter=\"actions.preloadImageWithDelay\" data-wp-on--pointerleave=\"actions.cancelPreload\" data-wp-on-window--resize=\"callbacks.setButtonStyles\" src=\"https:\/\/loudavymkrokem.cz\/wp-content\/uploads\/2026\/08\/olomouc-s-detmi-dinopark-vyskov.jpg\" alt=\"Dinoszaurusz modellje a vy\u0161kovi DinoParkban\" class=\"wp-image-401129\" title=\"\" srcset=\"https:\/\/loudavymkrokem.cz\/wp-content\/uploads\/2026\/08\/olomouc-s-detmi-dinopark-vyskov.jpg 1800w, https:\/\/loudavymkrokem.cz\/wp-content\/uploads\/2026\/08\/olomouc-s-detmi-dinopark-vyskov-300x225.jpg 300w, https:\/\/loudavymkrokem.cz\/wp-content\/uploads\/2026\/08\/olomouc-s-detmi-dinopark-vyskov-700x525.jpg 700w, https:\/\/loudavymkrokem.cz\/wp-content\/uploads\/2026\/08\/olomouc-s-detmi-dinopark-vyskov-768x576.jpg 768w, https:\/\/loudavymkrokem.cz\/wp-content\/uploads\/2026\/08\/olomouc-s-detmi-dinopark-vyskov-1536x1152.jpg 1536w, https:\/\/loudavymkrokem.cz\/wp-content\/uploads\/2026\/08\/olomouc-s-detmi-dinopark-vyskov-80x60.jpg 80w, https:\/\/loudavymkrokem.cz\/wp-content\/uploads\/2026\/08\/olomouc-s-detmi-dinopark-vyskov-160x120.jpg 160w, https:\/\/loudavymkrokem.cz\/wp-content\/uploads\/2026\/08\/olomouc-s-detmi-dinopark-vyskov-696x522.jpg 696w, https:\/\/loudavymkrokem.cz\/wp-content\/uploads\/2026\/08\/olomouc-s-detmi-dinopark-vyskov-1392x1044.jpg 1392w\" sizes=\"(max-width: 1800px) 100vw, 1800px\" \/><button\n\t\t\tclass=\"lightbox-trigger\"\n\t\t\ttype=\"button\"\n\t\t\taria-haspopup=\"dialog\"\n\t\t\tdata-wp-bind--aria-label=\"state.thisImage.triggerButtonAriaLabel\"\n\t\t\tdata-wp-init=\"callbacks.initTriggerButton\"\n\t\t\tdata-wp-on--click=\"actions.showLightbox\"\n\t\t\tdata-wp-style--right=\"state.thisImage.buttonRight\"\n\t\t\tdata-wp-style--top=\"state.thisImage.buttonTop\"\n\t\t>\n\t\t\t<svg xmlns=\"http:\/\/www.w3.org\/2000\/svg\" width=\"12\" height=\"12\" fill=\"none\" viewBox=\"0 0 12 12\">\n\t\t\t\t<path fill=\"#fff\" d=\"M2 0a2 2 0 0 0-2 2v2h1.5V2a.5.5 0 0 1 .5-.5h2V0H2Zm2 10.5H2a.5.5 0 0 1-.5-.5V8H0v2a2 2 0 0 0 2 2h2v-1.5ZM8 12v-1.5h2a.5.5 0 0 0 .5-.5V8H12v2a2 2 0 0 1-2 2H8Zm2-12a2 2 0 0 1 2 2v2h-1.5V2a.5.5 0 0 0-.5-.5H8V0h2Z\" \/>\n\t\t\t<\/svg>\n\t\t<\/button><figcaption class=\"wp-element-caption\">A vy\u0161kovi DinoParkban t\u00f6bb mint sz\u00e1z dinoszaurusz van, egy r\u00e9sz\u00fck mozog \u00e9s b\u00f6mb\u00f6l<\/figcaption><\/figure>\n\n\n\n<p class=\"wp-block-paragraph\">Ezt a kir\u00e1ndul\u00e1st a <a href=\"https:\/\/www.dinopark.cz\/vyskov\" target=\"_blank\" rel=\"nofollow noopener\">Vy\u0161kovi DinoParkba<\/a>, Olomouct\u00f3l nagyj\u00e1b\u00f3l 45 kilom\u00e9terre (Cukrovarsk\u00e1 9, Vy\u0161kov) egyszer\u0171en mind a t\u00edz ujjammal aj\u00e1nlanom kell, mert Luk\u00e1\u0161sal \u00e9s Jon\u00e1\u0161sal szem\u00e9lyesen j\u00e1rtunk itt, \u00e9s abszol\u00fat telital\u00e1lat volt. Ismered azokat a pillanatokat, amikor a gyerek szeme felragyog a csod\u00e1lkoz\u00e1st\u00f3l? Pontosan ez t\u00f6rt\u00e9nt, amikor felfedezt\u00fcnk egy hatalmas, s\u00e9t\u00e1l\u00f3 robotstegosaurust. Az eg\u00e9sz ter\u00fcleten ugyanis t\u00f6bb mint <strong>100 dinoszaurusz<\/strong> van, egy r\u00e9sz\u00fck statikus, de rengeteg csod\u00e1latosan hangos\u00edtott \u00e9s mozg\u00f3. Van itt <strong>4D mozi<\/strong>, DinoHurik\u00e1n sz\u00e9lattrakci\u00f3, remek \u0151sl\u00e9nykutat\u00f3 j\u00e1tsz\u00f3t\u00e9r a kis felfedez\u0151knek, kidolgozott jelenet egy lezuhant rep\u00fcl\u0151vel \u00e9s k\u00f6df\u00e1k, amelyek ny\u00e1ron remek\u00fcl felfriss\u00edtenek.<\/p>\n\n\n\n<p class=\"wp-block-paragraph\">\u00c9rdekess\u00e9g, hogy a jegy k\u00f6z\u00f6sen \u00e9rv\u00e9nyes a szomsz\u00e9dos <strong>Vy\u0161kovi \u00c1llatparkra<\/strong> is, amely ugyan kisebb, \u00e9s f\u0151leg a parasztudvarok \u00e1llataira \u00e9s haszon\u00e1llatokra koncentr\u00e1l, de tev\u00e9kbe, k\u00edv\u00e1ncsi majmokba vagy struccokba is belebotlasz. A dinoszauruszok \u00e9s az \u00e1llatkert k\u00f6zt egy speci\u00e1lis vonatocska, a <strong>DinoExpres<\/strong> ing\u00e1zik, amely a gyerekeknek \u00f6nmag\u00e1ban is attrakci\u00f3. Az emberek im\u00e1dj\u00e1k a helyeket, a DinoPark <strong>4,5-\u00f6s \u00e9rt\u00e9kel\u00e9ssel<\/strong> b\u00edr k\u00f6zel 7 ezer v\u00e9lem\u00e9ny alapj\u00e1n, az \u00c1llatpark pedig egyenesen <strong>4,5-\u00f6ssel t\u00f6bb mint 7700 \u00e9rt\u00e9kel\u00e9s alapj\u00e1n<\/strong>. \ud83d\udca1 Gyakorlati szempontb\u00f3l viszont meg kell er\u0151s\u00edtenem egy dolgot, amire az \u00e9rt\u00e9kel\u00e9sek gyakran felh\u00edvj\u00e1k a figyelmet: a helysz\u00edni b\u00fcf\u00e9v\u00e1laszt\u00e9k el\u00e9g gyenge, \u00e9s az \u00c1llatpark n\u00e9h\u00e1ny pontj\u00e1n nem lehet k\u00e1rty\u00e1val fizetni. Mindenk\u00e9pp csomagolj a h\u00e1tizs\u00e1kba egy rendes saj\u00e1t uzsonn\u00e1t, \u00e9s ne feledd a k\u00e9szp\u00e9nzt sem, nehogy meglepjen a fagyi ut\u00e1ni v\u00e1gy.<\/p>\n\n\n\n<h3 class=\"wp-block-heading\"><span class=\"ez-toc-section\" id=\"29_Bouzov_vara\"><\/span>29. Bouzov v\u00e1ra<span class=\"ez-toc-section-end\"><\/span><\/h3>\n\n\n\n<figure data-wp-context=\"{&quot;imageId&quot;:&quot;6a95356424e33&quot;}\" data-wp-interactive=\"core\/image\" data-wp-key=\"6a95356424e33\" class=\"wp-block-image size-full wp-lightbox-container\"><img decoding=\"async\" width=\"1800\" height=\"1056\" data-wp-class--hide=\"state.isContentHidden\" data-wp-class--show=\"state.isContentVisible\" data-wp-init=\"callbacks.setButtonStyles\" data-wp-on--click=\"actions.showLightbox\" data-wp-on--load=\"callbacks.setButtonStyles\" data-wp-on--pointerdown=\"actions.preloadImage\" data-wp-on--pointerenter=\"actions.preloadImageWithDelay\" data-wp-on--pointerleave=\"actions.cancelPreload\" data-wp-on-window--resize=\"callbacks.setButtonStyles\" src=\"https:\/\/loudavymkrokem.cz\/wp-content\/uploads\/2026\/08\/olomouc-s-detmi-hrad-bouzov.jpg\" alt=\"A mesebeli Bouzov v\u00e1ra a t\u00e1j f\u00f6l\u00f6tt Olomouc k\u00f6zel\u00e9ben\" class=\"wp-image-401093\" title=\"\" srcset=\"https:\/\/loudavymkrokem.cz\/wp-content\/uploads\/2026\/08\/olomouc-s-detmi-hrad-bouzov.jpg 1800w, https:\/\/loudavymkrokem.cz\/wp-content\/uploads\/2026\/08\/olomouc-s-detmi-hrad-bouzov-300x176.jpg 300w, https:\/\/loudavymkrokem.cz\/wp-content\/uploads\/2026\/08\/olomouc-s-detmi-hrad-bouzov-700x411.jpg 700w, https:\/\/loudavymkrokem.cz\/wp-content\/uploads\/2026\/08\/olomouc-s-detmi-hrad-bouzov-768x451.jpg 768w, https:\/\/loudavymkrokem.cz\/wp-content\/uploads\/2026\/08\/olomouc-s-detmi-hrad-bouzov-1536x901.jpg 1536w, https:\/\/loudavymkrokem.cz\/wp-content\/uploads\/2026\/08\/olomouc-s-detmi-hrad-bouzov-696x408.jpg 696w, https:\/\/loudavymkrokem.cz\/wp-content\/uploads\/2026\/08\/olomouc-s-detmi-hrad-bouzov-1392x817.jpg 1392w\" sizes=\"(max-width: 1800px) 100vw, 1800px\" \/><button\n\t\t\tclass=\"lightbox-trigger\"\n\t\t\ttype=\"button\"\n\t\t\taria-haspopup=\"dialog\"\n\t\t\tdata-wp-bind--aria-label=\"state.thisImage.triggerButtonAriaLabel\"\n\t\t\tdata-wp-init=\"callbacks.initTriggerButton\"\n\t\t\tdata-wp-on--click=\"actions.showLightbox\"\n\t\t\tdata-wp-style--right=\"state.thisImage.buttonRight\"\n\t\t\tdata-wp-style--top=\"state.thisImage.buttonTop\"\n\t\t>\n\t\t\t<svg xmlns=\"http:\/\/www.w3.org\/2000\/svg\" width=\"12\" height=\"12\" fill=\"none\" viewBox=\"0 0 12 12\">\n\t\t\t\t<path fill=\"#fff\" d=\"M2 0a2 2 0 0 0-2 2v2h1.5V2a.5.5 0 0 1 .5-.5h2V0H2Zm2 10.5H2a.5.5 0 0 1-.5-.5V8H0v2a2 2 0 0 0 2 2h2v-1.5ZM8 12v-1.5h2a.5.5 0 0 0 .5-.5V8H12v2a2 2 0 0 1-2 2H8Zm2-12a2 2 0 0 1 2 2v2h-1.5V2a.5.5 0 0 0-.5-.5H8V0h2Z\" \/>\n\t\t\t<\/svg>\n\t\t<\/button><figcaption class=\"wp-element-caption\">Bouzov olyan, mintha mes\u00e9b\u0151l l\u00e9pett volna el\u0151. Nem v\u00e9letlen, hogy rengeteget forgattak itt.<\/figcaption><\/figure>\n\n\n\n<p class=\"wp-block-paragraph\">Olomouct\u00f3l nagyj\u00e1b\u00f3l 30 kilom\u00e9terre \u00e1ll egy v\u00e1r, amely \u00fagy n\u00e9z ki, mintha egyenesen egy leporell\u00f3b\u00f3l v\u00e1gt\u00e1k volna ki. Nem csoda, hogy a mesebeli Bouzovon rengeteg cseh mes\u00e9t forgattak. A l\u00e1togat\u00f3k im\u00e1dj\u00e1k, \u00e9s hihetetlen, <strong>4,8-as pontsz\u00e1mot adtak neki k\u00f6zel 12 000 v\u00e9lem\u00e9ny alapj\u00e1n<\/strong>.<\/p>\n\n\n\n<p class=\"wp-block-paragraph\">Kis gyerekekkel, akiket a vezet\u0151 hossz\u00fa magyar\u00e1zata nem sz\u00f3rakoztatna, remek h\u00edr, hogy az els\u0151 v\u00e1rudvarba teljesen szabadon, jegyv\u00e1s\u00e1rl\u00e1s n\u00e9lk\u00fcl is bejuthatsz. \u00cdgy megn\u00e9zheted a v\u00e1rat, magadba sz\u00edvhatod a var\u00e1zslatos lovagi hangulatot, lefot\u00f3zkodhatsz a felvon\u00f3h\u00eddn\u00e1l, \u00e9s nyugodtan folytathatod tov\u00e1bb az utat.<\/p>\n\n\n\n<h3 class=\"wp-block-heading\"><span class=\"ez-toc-section\" id=\"30_Mladecske-barlangok\"><\/span>30. Mlade\u010dsk\u00e9-barlangok<span class=\"ez-toc-section-end\"><\/span><\/h3>\n\n\n\n<figure data-wp-context=\"{&quot;imageId&quot;:&quot;6a953564254d4&quot;}\" data-wp-interactive=\"core\/image\" data-wp-key=\"6a953564254d4\" class=\"wp-block-image size-full wp-lightbox-container\"><img decoding=\"async\" width=\"1350\" height=\"1800\" data-wp-class--hide=\"state.isContentHidden\" data-wp-class--show=\"state.isContentVisible\" data-wp-init=\"callbacks.setButtonStyles\" data-wp-on--click=\"actions.showLightbox\" data-wp-on--load=\"callbacks.setButtonStyles\" data-wp-on--pointerdown=\"actions.preloadImage\" data-wp-on--pointerenter=\"actions.preloadImageWithDelay\" data-wp-on--pointerleave=\"actions.cancelPreload\" data-wp-on-window--resize=\"callbacks.setButtonStyles\" src=\"https:\/\/loudavymkrokem.cz\/wp-content\/uploads\/2026\/08\/olomouc-s-detmi-mladecske-jeskyne.jpg\" alt=\"Megvil\u00e1g\u00edtott cseppk\u0151 a Mlade\u010dsk\u00e9-barlangokban\" class=\"wp-image-401100\" title=\"\" srcset=\"https:\/\/loudavymkrokem.cz\/wp-content\/uploads\/2026\/08\/olomouc-s-detmi-mladecske-jeskyne.jpg 1350w, https:\/\/loudavymkrokem.cz\/wp-content\/uploads\/2026\/08\/olomouc-s-detmi-mladecske-jeskyne-225x300.jpg 225w, https:\/\/loudavymkrokem.cz\/wp-content\/uploads\/2026\/08\/olomouc-s-detmi-mladecske-jeskyne-700x933.jpg 700w, https:\/\/loudavymkrokem.cz\/wp-content\/uploads\/2026\/08\/olomouc-s-detmi-mladecske-jeskyne-768x1024.jpg 768w, https:\/\/loudavymkrokem.cz\/wp-content\/uploads\/2026\/08\/olomouc-s-detmi-mladecske-jeskyne-1152x1536.jpg 1152w, https:\/\/loudavymkrokem.cz\/wp-content\/uploads\/2026\/08\/olomouc-s-detmi-mladecske-jeskyne-696x928.jpg 696w\" sizes=\"(max-width: 1350px) 100vw, 1350px\" \/><button\n\t\t\tclass=\"lightbox-trigger\"\n\t\t\ttype=\"button\"\n\t\t\taria-haspopup=\"dialog\"\n\t\t\tdata-wp-bind--aria-label=\"state.thisImage.triggerButtonAriaLabel\"\n\t\t\tdata-wp-init=\"callbacks.initTriggerButton\"\n\t\t\tdata-wp-on--click=\"actions.showLightbox\"\n\t\t\tdata-wp-style--right=\"state.thisImage.buttonRight\"\n\t\t\tdata-wp-style--top=\"state.thisImage.buttonTop\"\n\t\t>\n\t\t\t<svg xmlns=\"http:\/\/www.w3.org\/2000\/svg\" width=\"12\" height=\"12\" fill=\"none\" viewBox=\"0 0 12 12\">\n\t\t\t\t<path fill=\"#fff\" d=\"M2 0a2 2 0 0 0-2 2v2h1.5V2a.5.5 0 0 1 .5-.5h2V0H2Zm2 10.5H2a.5.5 0 0 1-.5-.5V8H0v2a2 2 0 0 0 2 2h2v-1.5ZM8 12v-1.5h2a.5.5 0 0 0 .5-.5V8H12v2a2 2 0 0 1-2 2H8Zm2-12a2 2 0 0 1 2 2v2h-1.5V2a.5.5 0 0 0-.5-.5H8V0h2Z\" \/>\n\t\t\t<\/svg>\n\t\t<\/button><figcaption class=\"wp-element-caption\">A Mlade\u010dsk\u00e9-barlangok bej\u00e1r\u00e1sa egy \u00f3r\u00e1n\u00e1l kevesebb, \u00e9s a kisebb gyerekek is b\u00edrj\u00e1k<\/figcaption><\/figure>\n\n\n\n<p class=\"wp-block-paragraph\">Ha r\u00f6videbb f\u00f6ldalatti kalandot keresel, nagyj\u00e1b\u00f3l 25 kilom\u00e9terre a Mlade\u010d nev\u0171 faluban gy\u00f6ny\u00f6r\u0171 karsztbarlangok tal\u00e1lhat\u00f3k, <strong>4,7-es \u00e9rt\u00e9kel\u00e9ssel<\/strong>. T\u00f6bbek k\u00f6zt \u0151skori emberek csontjainak r\u00e9g\u00e9szeti leleteir\u0151l ismertek.<\/p>\n\n\n\n<p class=\"wp-block-paragraph\">De mi\u00e9rt remekek a csal\u00e1doknak? Maga a l\u00e1togat\u00e1si \u00fatvonal ugyanis egy \u00f3r\u00e1n\u00e1l kevesebb ideig tart, fizikailag nem k\u00fcl\u00f6n\u00f6sebben megterhel\u0151, \u00e9s sok l\u00e1togat\u00f3 tapasztalata szerint <strong>kis gyerekeknek is nagyon alkalmas<\/strong>, akik a hideg m\u00e9lyben val\u00f3 hosszabb tart\u00f3zkod\u00e1st nem biztos, hogy j\u00f3l viseln\u00e9k.<\/p>\n\n\n\n<h3 class=\"wp-block-heading\"><span class=\"ez-toc-section\" id=\"31_Javoricske-barlangok\"><\/span>31. Javo\u0159\u00ed\u010dsk\u00e9-barlangok<span class=\"ez-toc-section-end\"><\/span><\/h3>\n\n\n\n<figure data-wp-context=\"{&quot;imageId&quot;:&quot;6a95356425cbd&quot;}\" data-wp-interactive=\"core\/image\" data-wp-key=\"6a95356425cbd\" class=\"wp-block-image size-full wp-lightbox-container\"><img decoding=\"async\" width=\"1350\" height=\"1800\" data-wp-class--hide=\"state.isContentHidden\" data-wp-class--show=\"state.isContentVisible\" data-wp-init=\"callbacks.setButtonStyles\" data-wp-on--click=\"actions.showLightbox\" data-wp-on--load=\"callbacks.setButtonStyles\" data-wp-on--pointerdown=\"actions.preloadImage\" data-wp-on--pointerenter=\"actions.preloadImageWithDelay\" data-wp-on--pointerleave=\"actions.cancelPreload\" data-wp-on-window--resize=\"callbacks.setButtonStyles\" src=\"https:\/\/loudavymkrokem.cz\/wp-content\/uploads\/2026\/08\/olomouc-s-detmi-javoricske-jeskyne.jpg\" alt=\"Cseppk\u0151d\u00edszek a Javo\u0159\u00ed\u010dsk\u00e9-barlangokban\" class=\"wp-image-401096\" title=\"\" srcset=\"https:\/\/loudavymkrokem.cz\/wp-content\/uploads\/2026\/08\/olomouc-s-detmi-javoricske-jeskyne.jpg 1350w, https:\/\/loudavymkrokem.cz\/wp-content\/uploads\/2026\/08\/olomouc-s-detmi-javoricske-jeskyne-225x300.jpg 225w, https:\/\/loudavymkrokem.cz\/wp-content\/uploads\/2026\/08\/olomouc-s-detmi-javoricske-jeskyne-700x933.jpg 700w, https:\/\/loudavymkrokem.cz\/wp-content\/uploads\/2026\/08\/olomouc-s-detmi-javoricske-jeskyne-768x1024.jpg 768w, https:\/\/loudavymkrokem.cz\/wp-content\/uploads\/2026\/08\/olomouc-s-detmi-javoricske-jeskyne-1152x1536.jpg 1152w, https:\/\/loudavymkrokem.cz\/wp-content\/uploads\/2026\/08\/olomouc-s-detmi-javoricske-jeskyne-696x928.jpg 696w\" sizes=\"(max-width: 1350px) 100vw, 1350px\" \/><button\n\t\t\tclass=\"lightbox-trigger\"\n\t\t\ttype=\"button\"\n\t\t\taria-haspopup=\"dialog\"\n\t\t\tdata-wp-bind--aria-label=\"state.thisImage.triggerButtonAriaLabel\"\n\t\t\tdata-wp-init=\"callbacks.initTriggerButton\"\n\t\t\tdata-wp-on--click=\"actions.showLightbox\"\n\t\t\tdata-wp-style--right=\"state.thisImage.buttonRight\"\n\t\t\tdata-wp-style--top=\"state.thisImage.buttonTop\"\n\t\t>\n\t\t\t<svg xmlns=\"http:\/\/www.w3.org\/2000\/svg\" width=\"12\" height=\"12\" fill=\"none\" viewBox=\"0 0 12 12\">\n\t\t\t\t<path fill=\"#fff\" d=\"M2 0a2 2 0 0 0-2 2v2h1.5V2a.5.5 0 0 1 .5-.5h2V0H2Zm2 10.5H2a.5.5 0 0 1-.5-.5V8H0v2a2 2 0 0 0 2 2h2v-1.5ZM8 12v-1.5h2a.5.5 0 0 0 .5-.5V8H12v2a2 2 0 0 1-2 2H8Zm2-12a2 2 0 0 1 2 2v2h-1.5V2a.5.5 0 0 0-.5-.5H8V0h2Z\" \/>\n\t\t\t<\/svg>\n\t\t<\/button><figcaption class=\"wp-element-caption\">A Javo\u0159\u00ed\u010dsk\u00e9-barlangoknak gy\u00f6ny\u00f6r\u0171 cseppk\u0151d\u00edszei vannak, de 250 l\u00e9pcs\u0151j\u00fck is<\/figcaption><\/figure>\n\n\n\n<p class=\"wp-block-paragraph\">Egy kicsit od\u00e9bb, k\u00f6r\u00fclbel\u00fcl 35 kilom\u00e9terre a v\u00e1rost\u00f3l, egy m\u00e1sik \u00e9s m\u00e9g nagyobb f\u00f6ldalatti kincs rejt\u0151zik, a Javo\u0159\u00ed\u010dsk\u00e9-barlangok l\u00e9legzetel\u00e1ll\u00edt\u00f3 cseppk\u0151d\u00edszekkel (remek, <strong>4,8-as \u00e9rt\u00e9kel\u00e9s k\u00f6zel 3 ezer v\u00e9lem\u00e9ny alapj\u00e1n<\/strong>). Ennek a helynek a l\u00e1togat\u00e1sa \u00f3ri\u00e1si \u00e9lm\u00e9ny, de \u0151szint\u00e9n figyelmeztetlek, hogy ez a kir\u00e1ndul\u00e1s ink\u00e1bb a nagyobb \u00e9s fizikailag edzettebb gyerekeknek val\u00f3.<\/p>\n\n\n\n<p class=\"wp-block-paragraph\">Ha ugyanis a k\u00f6zel 800 m\u00e9ter hossz\u00fa, teljes \u00fatvonalra v\u00e1gsz bele, egy \u00f3r\u00e1n\u00e1l is t\u00f6bbet t\u00f6ltesz a barlangban, helyenk\u00e9nt el\u00e9g sz\u0171k folyos\u00f3kon kell \u00e1tpr\u00e9sel\u0151dn\u00f6d, \u00e9s f\u0151leg a bej\u00e1r\u00e1s sor\u00e1n nagyj\u00e1b\u00f3l <strong>250 l\u00e9pcs\u0151t<\/strong> kell lek\u00fczdened. Egy kisgyerekkel a karodban ez t\u00e9nyleg maga a pokol lenne.<\/p>\n\n\n\n<h3 class=\"wp-block-heading\"><span class=\"ez-toc-section\" id=\"32_Olomouci_Tvaruzky_Muzeum_Losticeben\"><\/span>32. Olomouci Tvar\u016f\u017eky M\u00fazeum Lo\u0161tic\u00e9ben<span class=\"ez-toc-section-end\"><\/span><\/h3>\n\n\n\n<figure data-wp-context=\"{&quot;imageId&quot;:&quot;6a95356426378&quot;}\" data-wp-interactive=\"core\/image\" data-wp-key=\"6a95356426378\" class=\"wp-block-image size-full wp-lightbox-container\"><img decoding=\"async\" width=\"1800\" height=\"1246\" data-wp-class--hide=\"state.isContentHidden\" data-wp-class--show=\"state.isContentVisible\" data-wp-init=\"callbacks.setButtonStyles\" data-wp-on--click=\"actions.showLightbox\" data-wp-on--load=\"callbacks.setButtonStyles\" data-wp-on--pointerdown=\"actions.preloadImage\" data-wp-on--pointerenter=\"actions.preloadImageWithDelay\" data-wp-on--pointerleave=\"actions.cancelPreload\" data-wp-on-window--resize=\"callbacks.setButtonStyles\" src=\"https:\/\/loudavymkrokem.cz\/wp-content\/uploads\/2026\/08\/olomouc-s-detmi-muzeum-tvaruzku.jpg\" alt=\"Ki\u00e1ll\u00edt\u00e1s az Olomouci Tvar\u016f\u017eky M\u00fazeumban Lo\u0161tic\u00e9ben\" class=\"wp-image-401116\" title=\"\" srcset=\"https:\/\/loudavymkrokem.cz\/wp-content\/uploads\/2026\/08\/olomouc-s-detmi-muzeum-tvaruzku.jpg 1800w, https:\/\/loudavymkrokem.cz\/wp-content\/uploads\/2026\/08\/olomouc-s-detmi-muzeum-tvaruzku-300x208.jpg 300w, https:\/\/loudavymkrokem.cz\/wp-content\/uploads\/2026\/08\/olomouc-s-detmi-muzeum-tvaruzku-700x485.jpg 700w, https:\/\/loudavymkrokem.cz\/wp-content\/uploads\/2026\/08\/olomouc-s-detmi-muzeum-tvaruzku-768x532.jpg 768w, https:\/\/loudavymkrokem.cz\/wp-content\/uploads\/2026\/08\/olomouc-s-detmi-muzeum-tvaruzku-1536x1063.jpg 1536w, https:\/\/loudavymkrokem.cz\/wp-content\/uploads\/2026\/08\/olomouc-s-detmi-muzeum-tvaruzku-696x482.jpg 696w, https:\/\/loudavymkrokem.cz\/wp-content\/uploads\/2026\/08\/olomouc-s-detmi-muzeum-tvaruzku-1392x964.jpg 1392w\" sizes=\"(max-width: 1800px) 100vw, 1800px\" \/><button\n\t\t\tclass=\"lightbox-trigger\"\n\t\t\ttype=\"button\"\n\t\t\taria-haspopup=\"dialog\"\n\t\t\tdata-wp-bind--aria-label=\"state.thisImage.triggerButtonAriaLabel\"\n\t\t\tdata-wp-init=\"callbacks.initTriggerButton\"\n\t\t\tdata-wp-on--click=\"actions.showLightbox\"\n\t\t\tdata-wp-style--right=\"state.thisImage.buttonRight\"\n\t\t\tdata-wp-style--top=\"state.thisImage.buttonTop\"\n\t\t>\n\t\t\t<svg xmlns=\"http:\/\/www.w3.org\/2000\/svg\" width=\"12\" height=\"12\" fill=\"none\" viewBox=\"0 0 12 12\">\n\t\t\t\t<path fill=\"#fff\" d=\"M2 0a2 2 0 0 0-2 2v2h1.5V2a.5.5 0 0 1 .5-.5h2V0H2Zm2 10.5H2a.5.5 0 0 1-.5-.5V8H0v2a2 2 0 0 0 2 2h2v-1.5ZM8 12v-1.5h2a.5.5 0 0 0 .5-.5V8H12v2a2 2 0 0 1-2 2H8Zm2-12a2 2 0 0 1 2 2v2h-1.5V2a.5.5 0 0 0-.5-.5H8V0h2Z\" \/>\n\t\t\t<\/svg>\n\t\t<\/button><figcaption class=\"wp-element-caption\">Lo\u0161tic\u00e9ben l\u00e1thatod, hogyan k\u00e9sz\u00fcl a tvar\u016f\u017eky sajt m\u00e1r t\u00f6bb mint 400 \u00e9ve<\/figcaption><\/figure>\n\n\n\n<p class=\"wp-block-paragraph\">A tvar\u016f\u017eky (\u00e9rlelt k\u00e9zm\u0171ves sajt) egyszer\u0171en hozz\u00e1tartozik ehhez a r\u00e9gi\u00f3hoz, \u00e9s ha l\u00e1tni szeretn\u00e9d, hogyan k\u00e9sz\u00fcl ez az illatos (vagy egyeseknek ink\u00e1bb b\u00fcd\u00f6s) kincs, menj el nagyj\u00e1b\u00f3l 35 kilom\u00e9terre Lo\u0161tic\u00e9be, a Palack\u00e9ho utca 56-hoz. A helyi m\u00fazeum (<strong>4,8-as \u00e9rt\u00e9kel\u00e9s<\/strong>) az egyetlen eredeti cseh sajtnak van szentelve, amelyet itt tekint\u00e9lyes 400 \u00e9ve folyamatosan k\u00e9sz\u00edtenek.<\/p>\n\n\n\n<p class=\"wp-block-paragraph\">B\u00e1r ez feln\u0151ttes unalomnak hangzik, a gyerekeket ez a kiruccan\u00e1s \u00e1ltal\u00e1ban rettent\u0151en sz\u00f3rakoztatja, f\u0151leg annak a jellegzetes \u00e9s mindent \u00e1that\u00f3 \u00e9rlel\u00e9si illatnak k\u00f6sz\u00f6nhet\u0151en, amin l\u00f6kd\u00f6s\u0151dhetnek \u00e9s nevethetnek. \ud83d\ude05 A sajt persze alapanyagait tekintve veget\u00e1ri\u00e1nusan teljesen rendben van, \u00edgy a l\u00e1togat\u00e1s ut\u00e1n lelkiismeret-furdal\u00e1s n\u00e9lk\u00fcl v\u00e1s\u00e1rolhatsz bel\u0151le haza.<\/p>\n\n\n\n<h3 class=\"wp-block-heading\"><span class=\"ez-toc-section\" id=\"33_Praded_Gyerekmuzeum_Bludovban\"><\/span>33. Prad\u011bd Gyerekm\u00fazeum Bludovban<span class=\"ez-toc-section-end\"><\/span><\/h3>\n\n\n\n<figure data-wp-context=\"{&quot;imageId&quot;:&quot;6a95356426b67&quot;}\" data-wp-interactive=\"core\/image\" data-wp-key=\"6a95356426b67\" class=\"wp-block-image size-full wp-lightbox-container\"><img decoding=\"async\" width=\"800\" height=\"533\" data-wp-class--hide=\"state.isContentHidden\" data-wp-class--show=\"state.isContentVisible\" data-wp-init=\"callbacks.setButtonStyles\" data-wp-on--click=\"actions.showLightbox\" data-wp-on--load=\"callbacks.setButtonStyles\" data-wp-on--pointerdown=\"actions.preloadImage\" data-wp-on--pointerenter=\"actions.preloadImageWithDelay\" data-wp-on--pointerleave=\"actions.cancelPreload\" data-wp-on-window--resize=\"callbacks.setButtonStyles\" src=\"https:\/\/loudavymkrokem.cz\/wp-content\/uploads\/2026\/08\/olomouc-s-detmi-pradedovo-muzeum.jpg\" alt=\"F\u00e1b\u00f3l k\u00e9sz\u00fclt h\u00e1zik\u00f3 a Prad\u011bd Gyerekm\u00fazeumban Bludovban\" class=\"wp-image-403605\" title=\"\" srcset=\"https:\/\/loudavymkrokem.cz\/wp-content\/uploads\/2026\/08\/olomouc-s-detmi-pradedovo-muzeum.jpg 800w, https:\/\/loudavymkrokem.cz\/wp-content\/uploads\/2026\/08\/olomouc-s-detmi-pradedovo-muzeum-300x200.jpg 300w, https:\/\/loudavymkrokem.cz\/wp-content\/uploads\/2026\/08\/olomouc-s-detmi-pradedovo-muzeum-700x466.jpg 700w, https:\/\/loudavymkrokem.cz\/wp-content\/uploads\/2026\/08\/olomouc-s-detmi-pradedovo-muzeum-768x512.jpg 768w, https:\/\/loudavymkrokem.cz\/wp-content\/uploads\/2026\/08\/olomouc-s-detmi-pradedovo-muzeum-696x464.jpg 696w\" sizes=\"(max-width: 800px) 100vw, 800px\" \/><button\n\t\t\tclass=\"lightbox-trigger\"\n\t\t\ttype=\"button\"\n\t\t\taria-haspopup=\"dialog\"\n\t\t\tdata-wp-bind--aria-label=\"state.thisImage.triggerButtonAriaLabel\"\n\t\t\tdata-wp-init=\"callbacks.initTriggerButton\"\n\t\t\tdata-wp-on--click=\"actions.showLightbox\"\n\t\t\tdata-wp-style--right=\"state.thisImage.buttonRight\"\n\t\t\tdata-wp-style--top=\"state.thisImage.buttonTop\"\n\t\t>\n\t\t\t<svg xmlns=\"http:\/\/www.w3.org\/2000\/svg\" width=\"12\" height=\"12\" fill=\"none\" viewBox=\"0 0 12 12\">\n\t\t\t\t<path fill=\"#fff\" d=\"M2 0a2 2 0 0 0-2 2v2h1.5V2a.5.5 0 0 1 .5-.5h2V0H2Zm2 10.5H2a.5.5 0 0 1-.5-.5V8H0v2a2 2 0 0 0 2 2h2v-1.5ZM8 12v-1.5h2a.5.5 0 0 0 .5-.5V8H12v2a2 2 0 0 1-2 2H8Zm2-12a2 2 0 0 1 2 2v2h-1.5V2a.5.5 0 0 0-.5-.5H8V0h2Z\" \/>\n\t\t\t<\/svg>\n\t\t<\/button><figcaption class=\"wp-element-caption\">A Prad\u011bd M\u00fazeum \u00fagy \u00e9p\u00fclt, hogy a gyerekek mindennel j\u00e1tszhassanak | Fot\u00f3: Prad\u011bdovo d\u011btsk\u00e9 muzeum<\/figcaption><\/figure>\n\n\n\n<p class=\"wp-block-paragraph\">Ha egy kicsit hosszabb, k\u00f6r\u00fclbel\u00fcl 45 kilom\u00e9teres kir\u00e1ndul\u00e1st teszel \u00e9szakra, Bludovba, egy tiszt\u00e1n a legkisebbeknek teremtett paradicsomra bukkansz. A Prad\u011bd Gyerekm\u00fazeum remek, <strong>4,7-es \u00e9rt\u00e9kel\u00e9st<\/strong> tart k\u00f6zel ezer v\u00e9lem\u00e9ny alapj\u00e1n, \u00e9s ez egy olyan hely, ahol t\u00e9nyleg minden gyerekszesz\u00e9lyre gondoltak.<\/p>\n\n\n\n<p class=\"wp-block-paragraph\">Az eg\u00e9sz ki\u00e1ll\u00edt\u00e1s \u00e9s a hozz\u00e1tartoz\u00f3 szabadt\u00e9ri ter\u00fclet \u00fagy \u00e9p\u00fclt, hogy a gyerekek mindennel j\u00e1tszhassanak, j\u00e1t\u00e9kos form\u00e1ban felfedezhess\u00e9k a Jesen\u00edky term\u00e9szet\u00e9t, futkoshassanak \u00e9s \u00e9lvezhess\u00e9k a szabads\u00e1got an\u00e9lk\u00fcl, hogy folyton r\u00e1juk sz\u00f3ln\u00e1nak, hogy a m\u00fazeumban l\u00e9v\u0151 dolgokhoz nem szabad hozz\u00e1ny\u00falni.<\/p>\n\n\n\n<h3 class=\"wp-block-heading\"><span class=\"ez-toc-section\" id=\"34_Radikov_erod\"><\/span>34. Rad\u00edkov er\u0151d<span class=\"ez-toc-section-end\"><\/span><\/h3>\n\n\n\n<figure data-wp-context=\"{&quot;imageId&quot;:&quot;6a95356427342&quot;}\" data-wp-interactive=\"core\/image\" data-wp-key=\"6a95356427342\" class=\"wp-block-image size-full wp-lightbox-container\"><img decoding=\"async\" width=\"1800\" height=\"1350\" data-wp-class--hide=\"state.isContentHidden\" data-wp-class--show=\"state.isContentVisible\" data-wp-init=\"callbacks.setButtonStyles\" data-wp-on--click=\"actions.showLightbox\" data-wp-on--load=\"callbacks.setButtonStyles\" data-wp-on--pointerdown=\"actions.preloadImage\" data-wp-on--pointerenter=\"actions.preloadImageWithDelay\" data-wp-on--pointerleave=\"actions.cancelPreload\" data-wp-on-window--resize=\"callbacks.setButtonStyles\" src=\"https:\/\/loudavymkrokem.cz\/wp-content\/uploads\/2026\/08\/olomouc-s-detmi-fort-radikov.jpg\" alt=\"Bej\u00e1rat a Rad\u00edkov er\u0151dh\u00f6z Olomouc sz\u00e9l\u00e9n\" class=\"wp-image-401112\" title=\"\" srcset=\"https:\/\/loudavymkrokem.cz\/wp-content\/uploads\/2026\/08\/olomouc-s-detmi-fort-radikov.jpg 1800w, https:\/\/loudavymkrokem.cz\/wp-content\/uploads\/2026\/08\/olomouc-s-detmi-fort-radikov-300x225.jpg 300w, https:\/\/loudavymkrokem.cz\/wp-content\/uploads\/2026\/08\/olomouc-s-detmi-fort-radikov-700x525.jpg 700w, https:\/\/loudavymkrokem.cz\/wp-content\/uploads\/2026\/08\/olomouc-s-detmi-fort-radikov-768x576.jpg 768w, https:\/\/loudavymkrokem.cz\/wp-content\/uploads\/2026\/08\/olomouc-s-detmi-fort-radikov-1536x1152.jpg 1536w, https:\/\/loudavymkrokem.cz\/wp-content\/uploads\/2026\/08\/olomouc-s-detmi-fort-radikov-80x60.jpg 80w, https:\/\/loudavymkrokem.cz\/wp-content\/uploads\/2026\/08\/olomouc-s-detmi-fort-radikov-160x120.jpg 160w, https:\/\/loudavymkrokem.cz\/wp-content\/uploads\/2026\/08\/olomouc-s-detmi-fort-radikov-696x522.jpg 696w, https:\/\/loudavymkrokem.cz\/wp-content\/uploads\/2026\/08\/olomouc-s-detmi-fort-radikov-1392x1044.jpg 1392w\" sizes=\"(max-width: 1800px) 100vw, 1800px\" \/><button\n\t\t\tclass=\"lightbox-trigger\"\n\t\t\ttype=\"button\"\n\t\t\taria-haspopup=\"dialog\"\n\t\t\tdata-wp-bind--aria-label=\"state.thisImage.triggerButtonAriaLabel\"\n\t\t\tdata-wp-init=\"callbacks.initTriggerButton\"\n\t\t\tdata-wp-on--click=\"actions.showLightbox\"\n\t\t\tdata-wp-style--right=\"state.thisImage.buttonRight\"\n\t\t\tdata-wp-style--top=\"state.thisImage.buttonTop\"\n\t\t>\n\t\t\t<svg xmlns=\"http:\/\/www.w3.org\/2000\/svg\" width=\"12\" height=\"12\" fill=\"none\" viewBox=\"0 0 12 12\">\n\t\t\t\t<path fill=\"#fff\" d=\"M2 0a2 2 0 0 0-2 2v2h1.5V2a.5.5 0 0 1 .5-.5h2V0H2Zm2 10.5H2a.5.5 0 0 1-.5-.5V8H0v2a2 2 0 0 0 2 2h2v-1.5ZM8 12v-1.5h2a.5.5 0 0 0 .5-.5V8H12v2a2 2 0 0 1-2 2H8Zm2-12a2 2 0 0 1 2 2v2h-1.5V2a.5.5 0 0 0-.5-.5H8V0h2Z\" \/>\n\t\t\t<\/svg>\n\t\t<\/button><figcaption class=\"wp-element-caption\">A Rad\u00edkov er\u0151d a v\u00e1ros sz\u00e9l\u00e9n, amely k\u00f6r\u00fcl sz\u00e9p erdei s\u00e9ta vezet<\/figcaption><\/figure>\n\n\n\n<p class=\"wp-block-paragraph\">Az utols\u00f3 tipp visszavisz Olomouc sz\u00e9l\u00e9re. Ha felkeltette az \u00e9rdekl\u0151d\u00e9sedet a belv\u00e1rosi Korona-er\u0151d, mindenk\u00e9pp n\u00e9zd meg a Rad\u00edkov er\u0151d\u00f6t is (4,3-as \u00e9rt\u00e9kel\u00e9s), amely egy m\u00e1sik fennmaradt er\u0151d, amelyek egykor a v\u00e1ros k\u00f6r\u00fcli \u00f6tletes v\u00e9d\u0151gy\u0171r\u0171t alkott\u00e1k.<\/p>\n\n\n\n<p class=\"wp-block-paragraph\">Maga az \u00e9rdekes katonai \u00e9p\u00fclet mellett a f\u0151 vonzer\u0151 itt a gy\u00f6ny\u00f6r\u0171 term\u00e9szet. Az er\u0151d\u00edtm\u00e9ny k\u00f6r\u00fcl nagyon sz\u00e9p, nem megterhel\u0151 erdei s\u00e9ta vezet, ahol tobozt gy\u0171jthettek, man\u00f3h\u00e1zik\u00f3t \u00e9p\u00edthettek, \u00e9s \u00e9lvezhettek egy kis nyugalmat, t\u00e1vol a v\u00e1rosi ny\u00fczsg\u00e9st\u0151l.<\/p>\n\n\n\n<h2 class=\"wp-block-heading\"><span class=\"ez-toc-section\" id=\"Hol_egyetek_a_gyerekekkel\"><\/span>Hol egyetek a gyerekekkel<span class=\"ez-toc-section-end\"><\/span><\/h2>\n\n\n\n<p class=\"wp-block-paragraph\">Veget\u00e1ri\u00e1nusk\u00e9nt egy kisgyerekkel viszonylag speci\u00e1lis elv\u00e1r\u00e1saink vannak az \u00e9ttermekkel szemben, \u00e9s Olomoucban ezekkel a legkisebb gondunk sem volt. H\u00fast nem ev\u0151 csal\u00e1dk\u00e9nt olyan helyekre adok neked tippeket, amelyeket a helyi vend\u00e9gek, kiv\u00e1ltk\u00e9pp a veget\u00e1ri\u00e1nusak, az egekig magasztalnak az \u00e9rt\u00e9kel\u00e9sekben. A pizz\u00e1val pedig a gyerekekn\u00e9l egyszer\u0171en sosem ny\u00falsz mell\u00e9.<\/p>\n\n\n\n<ul class=\"wp-block-list\">\n\n<li><strong>Koza z\u016fstala cel\u00e1<\/strong> (Ml\u00fdnsk\u00e1 952): Teljesen fantasztikus \u00e9s h\u00edres veget\u00e1ri\u00e1nus \u00e9tterem, amely cs\u00facs, <strong>4,8-as \u00e9rt\u00e9kel\u00e9st tart 517 v\u00e9lem\u00e9ny alapj\u00e1n<\/strong>. A vend\u00e9gek itt a t\u00e1ny\u00e9ron l\u00e9v\u0151 \u00f3ri\u00e1si kreativit\u00e1st dics\u00e9rik, ny\u00e1ron pedig r\u00e1ad\u00e1sul \u00fcld\u00f6g\u00e9lhetsz egy sz\u00e9p \u00e9s nyugodt teraszon, ahol a gyerekek senkinek nem lesznek \u00fatban.<\/li>\n\n\n\n<li><strong>Bistro ROZMAR\u00ddNY<\/strong> (Masarykova t\u0159. 61): Egy m\u00e1sik tiszt\u00e1n veget\u00e1ri\u00e1nus hely (<strong>4,8-as \u00e9rt\u00e9kel\u00e9s 184 alapj\u00e1n<\/strong>), amely bisztr\u00f3k\u00e9nt m\u0171k\u00f6dik. Ide\u00e1lis v\u00e1laszt\u00e1s, amikor egy gyors, de t\u00e1pl\u00e1l\u00f3 \u00e9s eg\u00e9szs\u00e9ges, z\u00f6lds\u00e9gekkel \u00e9s h\u00fcvelyesekkel teli eb\u00e9det kell a gyerekekbe juttatnod.<\/li>\n\n\n\n<li><strong>GREEN BAR<\/strong> (Ztracen\u00e1 3): Ha a d\u00e9lel\u0151tti belv\u00e1rosi k\u00f3sz\u00e1l\u00e1s k\u00f6zep\u00e9n megrohan az \u00e9hs\u00e9g, ez a hely megment (4,6-os \u00e9rt\u00e9kel\u00e9s 379 alapj\u00e1n). M\u00e1r 10 \u00f3r\u00e1t\u00f3l nyitva van, \u00e9s kiv\u00e1l\u00f3 \u00e9s f\u0151leg gyors veget\u00e1ri\u00e1nus \u00e9telt k\u00edn\u00e1lnak b\u00fcf\u00e9st\u00edlusban, \u00edgy pontosan l\u00e1tod, mit teszel a t\u00e1ny\u00e9rodra.<\/li>\n\n\n\n<li><strong>Kathmandu<\/strong> (Doln\u00ed n\u00e1m. 25): Szereted egy kicsit az egzotikumot? Ez a nep\u00e1li \u00e9tterem \u00f3ri\u00e1si sl\u00e1ger Olomoucban (fantasztikus <strong>4,7-es \u00e9rt\u00e9kel\u00e9s 1789 alapj\u00e1n<\/strong>). A sz\u00fcl\u0151k nagyon gyakran emlegetik a rendk\u00edv\u00fcl k\u00e9szs\u00e9ges szem\u00e9lyzetet, amely sz\u00edvesen \u00e9s t\u00fcrelmesen seg\u00edt kiv\u00e1lasztani a legjobb veget\u00e1ri\u00e1nus verzi\u00f3kat \u00fagy, hogy ne legyenek cs\u00edp\u0151sek, \u00e9s a kis vend\u00e9geknek is \u00edzlenek.<\/li>\n\n\n\n<li><strong>Pizza Hradlo<\/strong> (Mr\u0161t\u00edkovo n\u00e1m. 6): A 4,7-es \u00e9rt\u00e9kel\u00e9s t\u00f6bb mint ezer v\u00e9lem\u00e9ny alapj\u00e1n egy\u00e9rtelm\u0171en besz\u00e9l. A gyerekekkel a pizza egyszer\u0171en mindig \u00f3ri\u00e1si biztos befut\u00f3, \u00e9s ha egy klasszikus Margherit\u00e1t rendelsz, mindenki j\u00f3llakik.<\/li>\n\n\n\n<li><strong>Buon Gusto<\/strong> (Velkomoravsk\u00e1 8) \u00e9s <strong>La Scala<\/strong> (Masarykova t\u0159. 15): K\u00e9t m\u00e1sik csod\u00e1latos pizz\u00e9ria kiv\u00e1l\u00f3 \u00e9rt\u00e9kel\u00e9sekkel (4,9 \u00e9s 4,7). Rengeteg remek t\u00e9szt\u00e1t \u00e9s h\u00fasmentes pizz\u00e1t k\u00edn\u00e1lnak, amelyek az igazi It\u00e1li\u00e1t id\u00e9zik.<\/li>\n\n\n\n<li><strong>Zmrzlin\u00e1rium Caf\u00e9 Centro<\/strong> (Na St\u0159elnici 37): Egy csal\u00e1di kir\u00e1ndul\u00e1s sem lehet teljes \u00e9des pont n\u00e9lk\u00fcl. Ennek a helynek 4,7-es \u00e9rt\u00e9kel\u00e9se van k\u00f6zel 1700 v\u00e9lem\u00e9ny alapj\u00e1n, \u00e9s a helyiek szerint itt k\u00e9sz\u00edtik a legjobb desszerteket \u00e9s fagylaltokat messze f\u00f6ld\u00f6n.<\/li>\n\n\n\n<li><strong>Olomouci tvar\u016f\u017eky<\/strong>: V\u00e9gezet\u00fcl nem feledkezhetem meg a helyi b\u00fcszkes\u00e9gr\u0151l. Az egyetlen eredeti, uni\u00f3s v\u00e9dett eredetmegjel\u00f6l\u00e9ssel b\u00edr\u00f3 cseh sajt term\u00e9szetesen h\u00fasmentes, \u00edgy nyugodtan megk\u00f3stolhatod. Egyenesen a belv\u00e1rosban tal\u00e1lsz egy szak\u00fczletet. Ha hidegen t\u00fal arom\u00e1sak lenn\u00e9nek, pr\u00f3b\u00e1ld ki valamelyik kocsm\u00e1ban r\u00e1ntva vagy forr\u00f3 fokhagymalevesben feloldva, \u00e1ll\u00edt\u00f3lag j\u00f3val finomabbak.<\/li>\n\n\n<\/ul>\n\n\n\n<h2 class=\"wp-block-heading\"><span class=\"ez-toc-section\" id=\"Gyakorlati_info\"><\/span>Gyakorlati inf\u00f3<span class=\"ez-toc-section-end\"><\/span><\/h2>\n\n\n\n<figure data-wp-context=\"{&quot;imageId&quot;:&quot;6a9535642815c&quot;}\" data-wp-interactive=\"core\/image\" data-wp-key=\"6a9535642815c\" class=\"wp-block-image size-full wp-lightbox-container\"><img decoding=\"async\" width=\"2200\" height=\"1467\" data-wp-class--hide=\"state.isContentHidden\" data-wp-class--show=\"state.isContentVisible\" data-wp-init=\"callbacks.setButtonStyles\" data-wp-on--click=\"actions.showLightbox\" data-wp-on--load=\"callbacks.setButtonStyles\" data-wp-on--pointerdown=\"actions.preloadImage\" data-wp-on--pointerenter=\"actions.preloadImageWithDelay\" data-wp-on--pointerleave=\"actions.cancelPreload\" data-wp-on-window--resize=\"callbacks.setButtonStyles\" src=\"https:\/\/loudavymkrokem.cz\/wp-content\/uploads\/2026\/08\/olomouc-s-detmi-ulice-tramvaj.jpg\" alt=\"Olomouci utca villamoss\u00ednekkel a belv\u00e1rosban\" class=\"wp-image-401032\" title=\"\" srcset=\"https:\/\/loudavymkrokem.cz\/wp-content\/uploads\/2026\/08\/olomouc-s-detmi-ulice-tramvaj.jpg 2200w, https:\/\/loudavymkrokem.cz\/wp-content\/uploads\/2026\/08\/olomouc-s-detmi-ulice-tramvaj-300x200.jpg 300w, https:\/\/loudavymkrokem.cz\/wp-content\/uploads\/2026\/08\/olomouc-s-detmi-ulice-tramvaj-700x467.jpg 700w, https:\/\/loudavymkrokem.cz\/wp-content\/uploads\/2026\/08\/olomouc-s-detmi-ulice-tramvaj-768x512.jpg 768w, https:\/\/loudavymkrokem.cz\/wp-content\/uploads\/2026\/08\/olomouc-s-detmi-ulice-tramvaj-1536x1024.jpg 1536w, https:\/\/loudavymkrokem.cz\/wp-content\/uploads\/2026\/08\/olomouc-s-detmi-ulice-tramvaj-2048x1366.jpg 2048w, https:\/\/loudavymkrokem.cz\/wp-content\/uploads\/2026\/08\/olomouc-s-detmi-ulice-tramvaj-696x464.jpg 696w, https:\/\/loudavymkrokem.cz\/wp-content\/uploads\/2026\/08\/olomouc-s-detmi-ulice-tramvaj-1392x928.jpg 1392w, https:\/\/loudavymkrokem.cz\/wp-content\/uploads\/2026\/08\/olomouc-s-detmi-ulice-tramvaj-1920x1280.jpg 1920w\" sizes=\"(max-width: 2200px) 100vw, 2200px\" \/><button\n\t\t\tclass=\"lightbox-trigger\"\n\t\t\ttype=\"button\"\n\t\t\taria-haspopup=\"dialog\"\n\t\t\tdata-wp-bind--aria-label=\"state.thisImage.triggerButtonAriaLabel\"\n\t\t\tdata-wp-init=\"callbacks.initTriggerButton\"\n\t\t\tdata-wp-on--click=\"actions.showLightbox\"\n\t\t\tdata-wp-style--right=\"state.thisImage.buttonRight\"\n\t\t\tdata-wp-style--top=\"state.thisImage.buttonTop\"\n\t\t>\n\t\t\t<svg xmlns=\"http:\/\/www.w3.org\/2000\/svg\" width=\"12\" height=\"12\" fill=\"none\" viewBox=\"0 0 12 12\">\n\t\t\t\t<path fill=\"#fff\" d=\"M2 0a2 2 0 0 0-2 2v2h1.5V2a.5.5 0 0 1 .5-.5h2V0H2Zm2 10.5H2a.5.5 0 0 1-.5-.5V8H0v2a2 2 0 0 0 2 2h2v-1.5ZM8 12v-1.5h2a.5.5 0 0 0 .5-.5V8H12v2a2 2 0 0 1-2 2H8Zm2-12a2 2 0 0 1 2 2v2h-1.5V2a.5.5 0 0 0-.5-.5H8V0h2Z\" \/>\n\t\t\t<\/svg>\n\t\t<\/button><figcaption class=\"wp-element-caption\">A belv\u00e1ros s\u00e9t\u00e1l\u00f3\u00f6vezet, \u00edgy babakocsival j\u00f3l lehet k\u00f6zlekedni<\/figcaption><\/figure>\n\n\n\n<p class=\"wp-block-paragraph\">Miel\u0151tt elindulsz, j\u00f3 ismerni n\u00e9h\u00e1ny gyakorlati r\u00e9szletet, amely m\u00e1r az \u00e9rkez\u00e9s ut\u00e1n rengeteg idegt\u0151l \u00e9s p\u00e9nzt\u0151l megk\u00edm\u00e9l. Olomouc remek\u00fcl el\u00e9rhet\u0151, k\u00fcl\u00f6n\u00f6sen ha \u00fagy d\u00f6ntesz, hogy az aut\u00f3t otthon hagyod, \u00e9s a vonatot v\u00e1lasztod. Budapestr\u0151l nagyj\u00e1b\u00f3l <strong>5 \u00f3ra alatt<\/strong> ide\u00e9rsz \u00e1tsz\u00e1ll\u00e1ssal (Ostrav\u00e1n vagy Br\u00fcnn\u00f6n kereszt\u00fcl), Br\u00fcnnb\u0151l pedig az \u00fat mind\u00f6ssze <strong>m\u00e1sf\u00e9l \u00f3r\u00e1t<\/strong> vesz ig\u00e9nybe. A vonatoz\u00e1s a gyerekekkel r\u00e1ad\u00e1sul \u00f6nmag\u00e1ban sokkal nyugodtabb, mint az aut\u00f3p\u00e1ly\u00e1n a dug\u00f3kban idegeskedni.<\/p>\n\n\n\n<p class=\"wp-block-paragraph\">Ami a v\u00e1roson bel\u00fcli k\u00f6zleked\u00e9st illeti, a t\u00f6rt\u00e9nelmi belv\u00e1ros egy nagy s\u00e9t\u00e1l\u00f3\u00f6vezetk\u00e9nt m\u0171k\u00f6dik, \u00e9s ter\u00fcletileg nagyon kompakt, \u00edgy itt mindent gond n\u00e9lk\u00fcl bej\u00e1rsz gyalog. Babakocsival el\u00e9g j\u00f3l \u00e9s k\u00e9nyelmesen lehet k\u00f6zlekedni, csak egy kicsit vigy\u00e1zni kell a f\u0151 teret bor\u00edt\u00f3 z\u00f6ty\u00f6g\u0151s macskak\u00f6vekre, ami viszont a kisebb bab\u00e1kn\u00e1l remek altat\u00f3eszk\u00f6zk\u00e9nt szolg\u00e1lhat. \u263a\ufe0f<\/p>\n\n\n\n<p class=\"wp-block-paragraph\">Ha m\u00e9gis aut\u00f3val utazol, k\u00e9sz\u00fclj fel r\u00e1, hogy a parkol\u00e1s egyenesen a t\u00f6rt\u00e9nelmi magban nagyon dr\u00e1ga, \u00e9s parkol\u00f3helyb\u0151l is k\u00e9ts\u00e9gbeejt\u0151 a hi\u00e1ny. Mindenk\u00e9pp meg\u00e9ri ink\u00e1bb a belv\u00e1ros sz\u00e9l\u00e9n l\u00e9v\u0151 fedett parkol\u00f3h\u00e1zak valamelyik\u00e9t megkeresni, vagy m\u00e9g jobb, ha olyan hotelt foglalsz, amely saj\u00e1t parkol\u00f3t k\u00edn\u00e1l a vend\u00e9geknek. A t\u00e1volabbi helyekre remek\u00fcl m\u0171k\u00f6dik a helyi megb\u00edzhat\u00f3 t\u00f6megk\u00f6zleked\u00e9s, amely villamos- \u00e9s buszh\u00e1l\u00f3zatb\u00f3l \u00e1ll, a kedvelt Svat\u00fd Kope\u010dkre pedig a m\u00e1r eml\u00edtett <strong>11-es busz<\/strong> visz el megb\u00edzhat\u00f3an a f\u0151p\u00e1lyaudvarr\u00f3l.<\/p>\n\n\n\n<h2 class=\"wp-block-heading\"><span class=\"ez-toc-section\" id=\"Hova_tovabb\"><\/span>Hova tov\u00e1bb<span class=\"ez-toc-section-end\"><\/span><\/h2>\n\n\n\n<p class=\"wp-block-paragraph\">Morvaorsz\u00e1gba k\u00e9sz\u00fclsz, vagy tov\u00e1bbi tippeket keresel a gyerekes kir\u00e1ndul\u00e1sokhoz? N\u00e9zd meg a t\u00f6bbi cikk\u00fcnket is:<\/p>\n\n\n\n<ul class=\"wp-block-list\">\n\n<li><a href=\"https:\/\/loudavymkrokem.cz\/hu\/mit-latni-olomoucban\/\">Mit l\u00e1ss Olomoucban<\/a>: 14 tipp l\u00e1tnival\u00f3kra, amelyeket gyerekek n\u00e9lk\u00fcl is \u00e9rdemes megn\u00e9zni.<\/li>\n\n\n\n<li><a href=\"https:\/\/loudavymkrokem.cz\/orea-hotel-arigone\/\">OREA Hotel Arigone \u00e9rt\u00e9kel\u00e9s<\/a>: hotel a belv\u00e1rosban pezsg\u0151f\u00fcrd\u0151vel \u00e9s szaun\u00e1val egyenesen a szob\u00e1ban.<\/li>\n\n\n\n<li><a href=\"https:\/\/loudavymkrokem.cz\/hu\/legjobb-aquaparkok-csehorszag\/\">A legjobb csehorsz\u00e1gi \u00e9lm\u00e9nyf\u00fcrd\u0151k<\/a>: 13 tipp, hov\u00e1 menj a gyerekekkel a v\u00edzhez.<\/li>\n\n\n\n<li><a href=\"https:\/\/loudavymkrokem.cz\/hu\/csehorszag-morvaorszag-nyaralas-tippek\/\">Hov\u00e1 nyaralj K\u00f6z\u00e9p-Morvaorsz\u00e1gban<\/a>: 15 tipp Han\u00e1 \u00e9s Vala\u0161sko vid\u00e9k\u00e9re.<\/li>\n\n\n\n<li><a href=\"https:\/\/loudavymkrokem.cz\/pisek-s-detmi\/\">P\u00edsek gyerekekkel<\/a>: egy m\u00e1sik kompakt cseh v\u00e1ros, ahol a gyerekek nem unatkoznak.<\/li>\n\n\n<\/ul>\n\n\n\n<h2 class=\"wp-block-heading\"><span class=\"ez-toc-section\" id=\"Gyakran_ismetelt_kerdesek\"><\/span>Gyakran ism\u00e9telt k\u00e9rd\u00e9sek<span class=\"ez-toc-section-end\"><\/span><\/h2>\n\n\n\n<p class=\"wp-block-paragraph\">V\u00e9gezet\u00fcl \u00f6sszegy\u0171jt\u00f6ttem azokat a k\u00e9rd\u00e9seket, amelyeket a sz\u00fcl\u0151k az Olomoucba indul\u00f3 utaz\u00e1s el\u0151tt a leggyakrabban feszegetnek. <strong>Az \u00e1rak \u00e9s a nyitvatart\u00e1sok azonban v\u00e1ltoznak, ez\u00e9rt a kir\u00e1ndul\u00e1s el\u0151tt ink\u00e1bb ellen\u0151rizd \u0151ket m\u00e9g egyszer.<\/strong><\/p>\n\n\n<div id=\"rank-math-faq\" class=\"rank-math-block\">\n<div class=\"rank-math-list \">\n<div id=\"faq-question-1787773774000\" class=\"rank-math-list-item\">\n<h3 class=\"rank-math-question \"><span class=\"ez-toc-section\" id=\"Hova_menjunk_Olomoucban_gyerekekkel_ha_esik_az_eso\"><\/span>Hov\u00e1 menj\u00fcnk Olomoucban gyerekekkel, ha esik az es\u0151?<span class=\"ez-toc-section-end\"><\/span><\/h3>\n<div class=\"rank-math-answer \">\n\n<p>Olomouc t\u00f6k\u00e9letesen fel van k\u00e9sz\u00fclve az es\u0151s napokra. A legnagyobb sl\u00e1gere az interakt\u00edv tudom\u00e1nyos k\u00f6zpont, a Pevnost pozn\u00e1n\u00ed (Tud\u00e1s Er\u0151dje) a Korunn\u00ed pevn\u016fstka-ban. Kisebb gyerekeknek a gy\u00f6ny\u00f6r\u0171 k\u00e1v\u00e9z\u00f3kat aj\u00e1nlom j\u00e1tsz\u00f3terekkel a k\u00f6zpontban (J\u00e1S\u00e1m vagy a montessori j\u00e1tsz\u00f3t\u00e9r V lese). A nagyobb gyerekek \u00f3r\u00e1kig sz\u00f3rakozhatnak az \u00f3ri\u00e1si Krokod\u00fdlek \u00e9lm\u00e9nyk\u00f6zpontban vagy az Amazonia-ban.<\/p>\n\n<\/div>\n<\/div>\n<div id=\"faq-question-1787773774001\" class=\"rank-math-list-item\">\n<h3 class=\"rank-math-question \"><span class=\"ez-toc-section\" id=\"Mennyibe_kerul_az_olomouci_allatkert\"><\/span>Mennyibe ker\u00fcl az olomouci \u00e1llatkert?<span class=\"ez-toc-section-end\"><\/span><\/h3>\n<div class=\"rank-math-answer \">\n\n<p>Az \u00e1rak a Svat\u00fd Kope\u010dek-i \u00e1llatkertben az aktu\u00e1lis szezon szerint v\u00e1ltoznak. A f\u0151szezonban (m\u00e1rciust\u00f3l okt\u00f3berig) a feln\u0151tt bel\u00e9p\u0151 2 600 Ft, a kedvezm\u00e9nyes jegy gyerekeknek \u00e9s di\u00e1koknak 2 000 Ft. A szezonon k\u00edv\u00fcl (novembert\u0151l febru\u00e1rig) az \u00e1rak 2 200 Ft, illetve 1 750 Ft. A 3 \u00e9v alatti gyerekek bel\u00e9p\u00e9se mindig teljesen ingyenes, \u00e9s a csal\u00e1di jegy k\u00e9t feln\u0151tt \u00e9s k\u00e9t gyerek r\u00e9sz\u00e9re kedvez\u0151 \u00e1ron, 8 700 Ft-\u00e9rt \u00e9rhet\u0151 el.<\/p>\n\n<\/div>\n<\/div>\n<div id=\"faq-question-1787773774002\" class=\"rank-math-list-item\">\n<h3 class=\"rank-math-question \"><span class=\"ez-toc-section\" id=\"Hogyan_juthatunk_el_a_Svaty_Kopecek-re\"><\/span>Hogyan juthatunk el a Svat\u00fd Kope\u010dek-re?<span class=\"ez-toc-section-end\"><\/span><\/h3>\n<div class=\"rank-math-answer \">\n\n<p>A legegyszer\u0171bb \u00e9s legk\u00e9nyelmesebb \u00fat a t\u00f6megk\u00f6zleked\u00e9s haszn\u00e1lata. Az olomouci f\u0151p\u00e1lyaudvarr\u00f3l (konkr\u00e9tan a D peronr\u00f3l) rendszeresen k\u00f6zlekedik a 11-es aut\u00f3busz. A j\u00e1ratok t\u00f6k\u00e9letes, 10-15 perces id\u0151k\u00f6z\u00f6kben k\u00f6zlekednek, maga az \u00fat k\u00f6r\u00fclbel\u00fcl 20 percig tart, \u00e9s a dombtet\u0151i meg\u00e1ll\u00f3t\u00f3l az \u00e1llatkerthez gyalog alig t\u00edz perc alatt el lehet \u00e9rni.<\/p>\n\n<\/div>\n<\/div>\n<div id=\"faq-question-1787773774003\" class=\"rank-math-list-item\">\n<h3 class=\"rank-math-question \"><span class=\"ez-toc-section\" id=\"Olomouc_alkalmas_babakocsival\"><\/span>Olomouc alkalmas babakocsival?<span class=\"ez-toc-section-end\"><\/span><\/h3>\n<div class=\"rank-math-answer \">\n\n<p>Igen, nagyon is. Az eg\u00e9sz t\u00f6rt\u00e9nelmi k\u00f6zpont gyakorlatilag egy nagy, kompakt s\u00e9t\u00e1l\u00f3\u00f6vezet, \u00edgy nem kell folyamatosan az aut\u00f3k el\u0151l kit\u00e9rni. Az egyetlen akad\u00e1lyt a kis kerekek sz\u00e1m\u00e1ra a macskak\u00f6vek \u00e9s a kockak\u00f6vek jelenthetik a f\u0151tereken. A babakocsival val\u00f3 s\u00e9t\u00e1k azt\u00e1n t\u00f6k\u00e9letesek a kiterjedt \u00e9s s\u00edk v\u00e1rosi parkokban, mint p\u00e9ld\u00e1ul a Smetanovy sady vagy a gy\u00f6ny\u00f6r\u0171 Roz\u00e1rium.<\/p>\n\n<\/div>\n<\/div>\n<div id=\"faq-question-1787773774004\" class=\"rank-math-list-item\">\n<h3 class=\"rank-math-question \"><span class=\"ez-toc-section\" id=\"Hova_menjunk_Olomoucban_gyerekekkel_ingyen\"><\/span>Hov\u00e1 menj\u00fcnk Olomoucban gyerekekkel ingyen?<span class=\"ez-toc-section-end\"><\/span><\/h3>\n<div class=\"rank-math-answer \">\n\n<p>Teljesen fizet\u00e9s n\u00e9lk\u00fcl \u00e9lvezhetitek a v\u00e1rosk\u00f6zpont \u00f6sszes barokk sz\u00f6k\u0151k\u00fatj\u00e1nak felfedez\u00e9s\u00e9t, megv\u00e1rhatj\u00e1tok a h\u00edres v\u00e1rosh\u00e1zi orloj d\u00e9li harangsz\u00f3j\u00e1t, vagy kereshettek \u00f3ri\u00e1si sz\u00ednes mur\u00e1lokat \u00e9s street art alkot\u00e1sokat a h\u00e1zak homlokzatain. Szabadon l\u00e1togathat\u00f3k az \u00f6sszes kiterjedt v\u00e1rosi park is, bele\u00e9rtve a gy\u00f6ny\u00f6r\u0171 Roz\u00e1rium-ot \u00e9s a Bezru\u010dovy sady-t a v\u00e1rosfalak alatt.<\/p>\n\n<\/div>\n<\/div>\n<div id=\"faq-question-1787773774005\" class=\"rank-math-list-item\">\n<h3 class=\"rank-math-question \"><span class=\"ez-toc-section\" id=\"Hany_napra_van_szuksegunk_Olomoucban_gyerekekkel\"><\/span>H\u00e1ny napra van sz\u00fcks\u00e9g\u00fcnk Olomoucban gyerekekkel?<span class=\"ez-toc-section-end\"><\/span><\/h3>\n<div class=\"rank-math-answer \">\n\n<p>A t\u00f6rt\u00e9nelmi v\u00e1rosk\u00f6zpontot az \u00f6sszes sz\u00f6k\u0151k\u00fattal \u00e9s az orloj-jal nyugodtan bej\u00e1rhatj\u00e1tok egy nap alatt. Ha azonban a l\u00e1togat\u00e1st \u00f6ssze akarj\u00e1tok k\u00f6tni egy f\u00e9lnapos kir\u00e1ndul\u00e1ssal a Svat\u00fd Kope\u010dek-re az \u00e1llatkertbe, a Pevnost pozn\u00e1n\u00ed megl\u00e1togat\u00e1s\u00e1val vagy f\u00fcrd\u0151z\u00e9ssel az aquaparkban, az ide\u00e1lis tart\u00f3zkod\u00e1si id\u0151 2-3 nap, teh\u00e1t egy t\u00f6k\u00e9letes hossz\u00fa h\u00e9tv\u00e9ge.<\/p>\n\n<\/div>\n<\/div>\n<div id=\"faq-question-1787773774006\" class=\"rank-math-list-item\">\n<h3 class=\"rank-math-question \"><span class=\"ez-toc-section\" id=\"Hova_kirandulhatunk_Olomoucbol_gyerekekkel\"><\/span>Hov\u00e1 kir\u00e1ndulhatunk Olomoucb\u00f3l gyerekekkel?<span class=\"ez-toc-section-end\"><\/span><\/h3>\n<div class=\"rank-math-answer \">\n\n<p>Ha van aut\u00f3tok, k\u00f6r\u00fclbel\u00fcl 45 percnyi aut\u00f3\u00fatra Olomouct\u00f3l rengeteg gy\u00f6ny\u00f6r\u0171 hely tal\u00e1lhat\u00f3. \u00d3ri\u00e1si sl\u00e1ger a DinoPark \u00e9s a Vy\u0161kovi \u00c1llatkert, a t\u00f6rt\u00e9nelem szerelmesei ell\u00e1togathatnak a mesebeli Bouzov v\u00e1r\u00e1ba, a f\u00f6ldalatti vil\u00e1g felfedez\u00e9s\u00e9hez pedig a r\u00f6videbb \u00e9s kev\u00e9sb\u00e9 meger\u0151ltet\u0151 Mlade\u010dsk\u00e9 barlangokat aj\u00e1nljuk. A kisebb gyerekek sz\u00e1m\u00e1ra fantasztikus \u00e9lm\u00e9ny a bludovi Prad\u011bd Gyermekm\u00fazeum is.<\/p>\n\n<\/div>\n<\/div>\n<div id=\"faq-question-1787773774007\" class=\"rank-math-list-item\">\n<h3 class=\"rank-math-question \"><span class=\"ez-toc-section\" id=\"Milyen_messze_van_a_vyskovi_DinoPark_Olomouctol\"><\/span>Milyen messze van a vy\u0161kovi DinoPark Olomouct\u00f3l?<span class=\"ez-toc-section-end\"><\/span><\/h3>\n<div class=\"rank-math-answer \">\n\n<p>A vy\u0161kovi DinoPark \u00e9s ZOO Park k\u00f6r\u00fclbel\u00fcl 45 kilom\u00e9terre tal\u00e1lhat\u00f3 Olomouct\u00f3l. Az aut\u00f3p\u00e1ly\u00e1n aut\u00f3val k\u00f6r\u00fclbel\u00fcl f\u00e9l \u00f3r\u00e1t vesz ig\u00e9nybe az \u00fat, \u00edgy ez egy t\u00f6k\u00e9letesen ide\u00e1lis \u00e9s nem t\u00fal megterhel\u0151 c\u00e9lpont egy nagyszer\u0171 f\u00e9lnapos csal\u00e1di kir\u00e1ndul\u00e1shoz.<\/p>\n\n<\/div>\n<\/div>\n<\/div>\n<\/div>","protected":false},"excerpt":{"rendered":"<p>J\u00e1tsz\u00f3h\u00e1zak egyenesen a Fels\u0151 t\u00e9ren, Megismer\u00e9s Er\u0151dje, \u00e1llatkert a Svat\u00fd Kope\u010dken \u00e9s DinoPark Vy\u0161kovban. 34 tipp, hov\u00e1 menj Olomoucban gyerekekkel sz\u00e9p id\u0151ben \u00e9s es\u0151ben is, \u00e1rakkal \u00e9s nyitvatart\u00e1ssal.<\/p>\n","protected":false},"author":3,"featured_media":401014,"comment_status":"open","ping_status":"open","sticky":false,"template":"","format":"standard","meta":{"_acf_changed":false,"footnotes":"","rank_math_title":"Olomouc gyerekekkel: 34 tipp 2026-ra","rank_math_description":"Olomouc gyerekekkel: 34 tipp, hov\u00e1 menj sz\u00e9p id\u0151ben \u00e9s es\u0151ben. J\u00e1tsz\u00f3h\u00e1zak, \u00e1llatkert, \u00e9lm\u00e9nyf\u00fcrd\u0151 \u00e9s kir\u00e1ndul\u00e1sok \u00e1rakkal. Tervezd meg a csal\u00e1di utat!","rank_math_focus_keyword":"Olomouc gyerekekkel","rank_math_seo_score":""},"categories":[1857,1804,1788],"tags":[],"class_list":["post-409147","post","type-post","status-publish","format-standard","has-post-thumbnail","category-csehorszag","category-europa","category-utazas"],"acf":[],"featured_image_src":"https:\/\/loudavymkrokem.cz\/wp-content\/uploads\/2026\/08\/olomouc-s-detmi-mural-prujezd.jpg","author_info":{"display_name":"Lucie Kone\u010dn\u00e1","author_link":"https:\/\/loudavymkrokem.cz\/hu\/author\/lucie-konecna\/"},"_links":{"self":[{"href":"https:\/\/loudavymkrokem.cz\/hu\/wp-json\/wp\/v2\/posts\/409147","targetHints":{"allow":["GET"]}}],"collection":[{"href":"https:\/\/loudavymkrokem.cz\/hu\/wp-json\/wp\/v2\/posts"}],"about":[{"href":"https:\/\/loudavymkrokem.cz\/hu\/wp-json\/wp\/v2\/types\/post"}],"author":[{"embeddable":true,"href":"https:\/\/loudavymkrokem.cz\/hu\/wp-json\/wp\/v2\/users\/3"}],"replies":[{"embeddable":true,"href":"https:\/\/loudavymkrokem.cz\/hu\/wp-json\/wp\/v2\/comments?post=409147"}],"version-history":[{"count":2,"href":"https:\/\/loudavymkrokem.cz\/hu\/wp-json\/wp\/v2\/posts\/409147\/revisions"}],"predecessor-version":[{"id":409149,"href":"https:\/\/loudavymkrokem.cz\/hu\/wp-json\/wp\/v2\/posts\/409147\/revisions\/409149"}],"wp:featuredmedia":[{"embeddable":true,"href":"https:\/\/loudavymkrokem.cz\/hu\/wp-json\/wp\/v2\/media\/401014"}],"wp:attachment":[{"href":"https:\/\/loudavymkrokem.cz\/hu\/wp-json\/wp\/v2\/media?parent=409147"}],"wp:term":[{"taxonomy":"category","embeddable":true,"href":"https:\/\/loudavymkrokem.cz\/hu\/wp-json\/wp\/v2\/categories?post=409147"},{"taxonomy":"post_tag","embeddable":true,"href":"https:\/\/loudavymkrokem.cz\/hu\/wp-json\/wp\/v2\/tags?post=409147"}],"curies":[{"name":"wp","href":"https:\/\/api.w.org\/{rel}","templated":true}]}}