{"id":409143,"date":"2026-08-29T07:35:52","date_gmt":"2026-08-29T05:35:52","guid":{"rendered":"https:\/\/loudavymkrokem.cz\/szokatlan-szallasok-vilag\/"},"modified":"2026-08-31T08:02:18","modified_gmt":"2026-08-31T06:02:18","slug":"szokatlan-szallasok-vilag","status":"publish","type":"post","link":"https:\/\/loudavymkrokem.cz\/hu\/szokatlan-szallasok-vilag\/","title":{"rendered":"Szokatlan sz\u00e1ll\u00e1sok a vil\u00e1g minden t\u00e1j\u00e1r\u00f3l: 35 hely a bakancslist\u00e1dra 2026-ban"},"content":{"rendered":"\n<p class=\"wp-block-paragraph\">A vil\u00e1g leg\u0151r\u00fcltebb hoteljeir\u0151l sz\u00f3l\u00f3 list\u00e1k t\u00f6bbs\u00e9ge csak egy sz\u00e9p Pinterest-fot\u00f3gy\u0171jtem\u00e9nyk\u00e9nt m\u0171k\u00f6dik, amelyek f\u00f6l\u00f6tt egy pillanatra el\u00e1br\u00e1ndozol. Ez a cikk viszont sokkal m\u00e9lyebbre megy, egyenesen a val\u00f3di vend\u00e9g\u00e9rt\u00e9kel\u00e9sekbe, \u00e9s megmutatja, <strong>mi bosszantotta fel igaz\u00e1n a vend\u00e9geket, \u00e9s mennyibe ker\u00fcl mindez a val\u00f3s\u00e1gban<\/strong>. Ezek a szokatlan sz\u00e1ll\u00e1sok ugyanis a fot\u00f3kon t\u00f6k\u00e9letesnek t\u0171nnek, de a gy\u00f6ny\u00f6r\u0171 j\u00e9gszob\u00e1ban val\u00f3j\u00e1ban m\u00ednusz \u00f6t fok van, a luxus v\u00edz alatti apartman pedig rossz id\u0151ben ak\u00e1r be sem nyit.<\/p>\n\n\n\n<p class=\"wp-block-paragraph\">Olyan sz\u00e1ll\u00e1sokat szeretn\u00e9k bemutatni neked, amelyeket \u00e9leted v\u00e9g\u00e9ig nem felejtesz el, ugyanakkor <strong>tiszta vizet szeretn\u00e9k \u00f6nteni a poh\u00e1rba a hi\u00e1nyoss\u00e1gaikkal kapcsolatban is<\/strong>. Nem minden csillagok alatti \u00e9jszaka jelent ugyanis sz\u00e1zsz\u00e1zal\u00e9kos es\u00e9lyt a sarki f\u00e9nyre, \u00e9s nem minden diz\u00e1jngy\u00f6ngyszem ragyog az \u00fajdons\u00e1gt\u00f3l, m\u00e9g ha nem is kev\u00e9s p\u00e9nzt fizetsz \u00e9rte.<\/p>\n\n\n\n<p class=\"wp-block-paragraph\">\u00c9s mi a f\u0151 ok, ami\u00e9rt \u00e9rdemes v\u00e9gigolvasnod? Az utols\u00f3 szekci\u00f3 ugyanis <strong>a glampingnek van fenntartva, amit ak\u00e1r m\u00e1r a j\u00f6v\u0151 h\u00e9tv\u00e9g\u00e9n val\u00f3ra v\u00e1lthatsz<\/strong>. Megmutatok n\u00e9h\u00e1ny elk\u00e9peszt\u0151 helyet Csehorsz\u00e1gban \u00e9s Szlov\u00e9ni\u00e1ban, ahov\u00e1 k\u00e9nyelmesen eljuthatsz aut\u00f3val, \u00edgy a v\u00e1gyott utaz\u00f3i bakancslist\u00e1dnak nem felt\u00e9tlen\u00fcl kell egy dr\u00e1ga rep\u00fcl\u0151jeggyel kezd\u0151dnie a vil\u00e1g m\u00e1sik v\u00e9g\u00e9re.<\/p>\n\n\n\n<figure data-wp-context=\"{&quot;imageId&quot;:&quot;6a9530c46615c&quot;}\" data-wp-interactive=\"core\/image\" data-wp-key=\"6a9530c46615c\" class=\"wp-block-image size-full wp-lightbox-container\"><img decoding=\"async\" width=\"1800\" height=\"1012\" data-wp-class--hide=\"state.isContentHidden\" data-wp-class--show=\"state.isContentVisible\" data-wp-init=\"callbacks.setButtonStyles\" data-wp-on--click=\"actions.showLightbox\" data-wp-on--load=\"callbacks.setButtonStyles\" data-wp-on--pointerdown=\"actions.preloadImage\" data-wp-on--pointerenter=\"actions.preloadImageWithDelay\" data-wp-on--pointerleave=\"actions.cancelPreload\" data-wp-on-window--resize=\"callbacks.setButtonStyles\" src=\"https:\/\/loudavymkrokem.cz\/wp-content\/uploads\/2026\/08\/tree-hotel-4.jpg\" alt=\"A Treehotel The Cabin nev\u0171 fah\u00e1za az \u00e9szaki feny\u0151k t\u00f6rzsei k\u00f6z\u00e9 f\u00fcggesztve\" class=\"wp-image-404821\" title=\"\" srcset=\"https:\/\/loudavymkrokem.cz\/wp-content\/uploads\/2026\/08\/tree-hotel-4.jpg 1800w, https:\/\/loudavymkrokem.cz\/wp-content\/uploads\/2026\/08\/tree-hotel-4-300x169.jpg 300w, https:\/\/loudavymkrokem.cz\/wp-content\/uploads\/2026\/08\/tree-hotel-4-700x394.jpg 700w, https:\/\/loudavymkrokem.cz\/wp-content\/uploads\/2026\/08\/tree-hotel-4-768x432.jpg 768w, https:\/\/loudavymkrokem.cz\/wp-content\/uploads\/2026\/08\/tree-hotel-4-1536x864.jpg 1536w, https:\/\/loudavymkrokem.cz\/wp-content\/uploads\/2026\/08\/tree-hotel-4-696x391.jpg 696w, https:\/\/loudavymkrokem.cz\/wp-content\/uploads\/2026\/08\/tree-hotel-4-1392x783.jpg 1392w\" sizes=\"(max-width: 1800px) 100vw, 1800px\" \/><button\n\t\t\tclass=\"lightbox-trigger\"\n\t\t\ttype=\"button\"\n\t\t\taria-haspopup=\"dialog\"\n\t\t\tdata-wp-bind--aria-label=\"state.thisImage.triggerButtonAriaLabel\"\n\t\t\tdata-wp-init=\"callbacks.initTriggerButton\"\n\t\t\tdata-wp-on--click=\"actions.showLightbox\"\n\t\t\tdata-wp-style--right=\"state.thisImage.buttonRight\"\n\t\t\tdata-wp-style--top=\"state.thisImage.buttonTop\"\n\t\t>\n\t\t\t<svg xmlns=\"http:\/\/www.w3.org\/2000\/svg\" width=\"12\" height=\"12\" fill=\"none\" viewBox=\"0 0 12 12\">\n\t\t\t\t<path fill=\"#fff\" d=\"M2 0a2 2 0 0 0-2 2v2h1.5V2a.5.5 0 0 1 .5-.5h2V0H2Zm2 10.5H2a.5.5 0 0 1-.5-.5V8H0v2a2 2 0 0 0 2 2h2v-1.5ZM8 12v-1.5h2a.5.5 0 0 0 .5-.5V8H12v2a2 2 0 0 1-2 2H8Zm2-12a2 2 0 0 1 2 2v2h-1.5V2a.5.5 0 0 0-.5-.5H8V0h2Z\" \/>\n\t\t\t<\/svg>\n\t\t<\/button><figcaption class=\"wp-element-caption\">Fot\u00f3: Treehotel \/ hivatalos weboldal<\/figcaption><\/figure>\n\n\n\n<div id=\"ez-toc-container\" class=\"ez-toc-v2_0_86 ez-toc-wrap-left counter-hierarchy ez-toc-counter ez-toc-grey ez-toc-container-direction\">\n<div class=\"ez-toc-title-container\">\n<p class=\"ez-toc-title\" style=\"cursor:inherit\">A cikk tartalma<\/p>\n<span class=\"ez-toc-title-toggle\"><a href=\"#\" class=\"ez-toc-pull-right ez-toc-btn ez-toc-btn-xs ez-toc-btn-default ez-toc-toggle\" aria-label=\"Toggle Table of Content\"><span class=\"ez-toc-js-icon-con\"><span class=\"\"><span class=\"eztoc-hide\" style=\"display:none;\">Toggle<\/span><span class=\"ez-toc-icon-toggle-span\"><svg style=\"fill: #999;color:#999\" xmlns=\"http:\/\/www.w3.org\/2000\/svg\" class=\"list-377408\" width=\"20px\" height=\"20px\" viewBox=\"0 0 24 24\" fill=\"none\"><path d=\"M6 6H4v2h2V6zm14 0H8v2h12V6zM4 11h2v2H4v-2zm16 0H8v2h12v-2zM4 16h2v2H4v-2zm16 0H8v2h12v-2z\" fill=\"currentColor\"><\/path><\/svg><svg style=\"fill: #999;color:#999\" class=\"arrow-unsorted-368013\" xmlns=\"http:\/\/www.w3.org\/2000\/svg\" width=\"10px\" height=\"10px\" viewBox=\"0 0 24 24\" version=\"1.2\" baseProfile=\"tiny\"><path d=\"M18.2 9.3l-6.2-6.3-6.2 6.3c-.2.2-.3.4-.3.7s.1.5.3.7c.2.2.4.3.7.3h11c.3 0 .5-.1.7-.3.2-.2.3-.5.3-.7s-.1-.5-.3-.7zM5.8 14.7l6.2 6.3 6.2-6.3c.2-.2.3-.5.3-.7s-.1-.5-.3-.7c-.2-.2-.4-.3-.7-.3h-11c-.3 0-.5.1-.7.3-.2.2-.3.5-.3.7s.1.5.3.7z\"\/><\/svg><\/span><\/span><\/span><\/a><\/span><\/div>\n<nav><ul class='ez-toc-list ez-toc-list-level-1 ' ><ul class='ez-toc-list-level-3' ><li class='ez-toc-heading-level-3'><a class=\"ez-toc-link ez-toc-heading-1\" href=\"https:\/\/loudavymkrokem.cz\/hu\/szokatlan-szallasok-vilag\/#Osszefoglalas_azoknak_akiknek_nincs_idejuk_az_egesz_cikket_elolvasni\" >\u00d6sszefoglal\u00e1s azoknak, akiknek nincs idej\u00fck az eg\u00e9sz cikket elolvasni<\/a><\/li><\/ul><\/li><li class='ez-toc-page-1 ez-toc-heading-level-2'><a class=\"ez-toc-link ez-toc-heading-2\" href=\"https:\/\/loudavymkrokem.cz\/hu\/szokatlan-szallasok-vilag\/#1_Jeghotelek_es_hobol_epult_szobak\" >1) J\u00e9ghotelek \u00e9s h\u00f3b\u00f3l \u00e9p\u00fclt szob\u00e1k<\/a><ul class='ez-toc-list-level-3' ><li class='ez-toc-heading-level-3'><a class=\"ez-toc-link ez-toc-heading-3\" href=\"https:\/\/loudavymkrokem.cz\/hu\/szokatlan-szallasok-vilag\/#1_ICEHOTEL_Jukkasjarvi_Svedorszag\" >1. ICEHOTEL, Jukkasj\u00e4rvi, Sv\u00e9dorsz\u00e1g<\/a><\/li><li class='ez-toc-page-1 ez-toc-heading-level-3'><a class=\"ez-toc-link ez-toc-heading-4\" href=\"https:\/\/loudavymkrokem.cz\/hu\/szokatlan-szallasok-vilag\/#2_Hotel_de_Glace_Valcartier_Quebec_mellett_Kanada\" >2. H\u00f4tel de Glace, Valcartier Qu\u00e9bec mellett, Kanada<\/a><\/li><li class='ez-toc-page-1 ez-toc-heading-level-3'><a class=\"ez-toc-link ez-toc-heading-5\" href=\"https:\/\/loudavymkrokem.cz\/hu\/szokatlan-szallasok-vilag\/#3_Sorrisniva_Igloo_Hotel_Alta_Norvegia\" >3. Sorrisniva Igloo Hotel, Alta, Norv\u00e9gia<\/a><\/li><li class='ez-toc-page-1 ez-toc-heading-level-3'><a class=\"ez-toc-link ez-toc-heading-6\" href=\"https:\/\/loudavymkrokem.cz\/hu\/szokatlan-szallasok-vilag\/#4_Snow_Resort_Kirkenes_Kirkenes_Norvegia\" >4. Snow Resort Kirkenes, Kirkenes, Norv\u00e9gia<\/a><\/li><\/ul><\/li><li class='ez-toc-page-1 ez-toc-heading-level-2'><a class=\"ez-toc-link ez-toc-heading-7\" href=\"https:\/\/loudavymkrokem.cz\/hu\/szokatlan-szallasok-vilag\/#2_Uvegiglyk_es_alvas_a_csillagok_alatt\" >2) \u00dcvegiglyk \u00e9s alv\u00e1s a csillagok alatt<\/a><ul class='ez-toc-list-level-3' ><li class='ez-toc-heading-level-3'><a class=\"ez-toc-link ez-toc-heading-8\" href=\"https:\/\/loudavymkrokem.cz\/hu\/szokatlan-szallasok-vilag\/#5_Kakslauttanen_Arctic_Resort_Saariselka_Finnorszag\" >5. Kakslauttanen Arctic Resort, Saariselk\u00e4, Finnorsz\u00e1g<\/a><\/li><li class='ez-toc-page-1 ez-toc-heading-level-3'><a class=\"ez-toc-link ez-toc-heading-9\" href=\"https:\/\/loudavymkrokem.cz\/hu\/szokatlan-szallasok-vilag\/#6_Levin_Iglut_Levi_Finnorszag\" >6. Levin Iglut, Levi, Finnorsz\u00e1g<\/a><\/li><li class='ez-toc-page-1 ez-toc-heading-level-3'><a class=\"ez-toc-link ez-toc-heading-10\" href=\"https:\/\/loudavymkrokem.cz\/hu\/szokatlan-szallasok-vilag\/#7_Arctic_TreeHouse_Hotel_Rovaniemi_Finnorszag\" >7. Arctic TreeHouse Hotel, Rovaniemi, Finnorsz\u00e1g<\/a><\/li><li class='ez-toc-page-1 ez-toc-heading-level-3'><a class=\"ez-toc-link ez-toc-heading-11\" href=\"https:\/\/loudavymkrokem.cz\/hu\/szokatlan-szallasok-vilag\/#8_Panorama_Glass_Lodge_Hella_Izland\" >8. Panorama Glass Lodge, Hella, Izland<\/a><\/li><li class='ez-toc-page-1 ez-toc-heading-level-3'><a class=\"ez-toc-link ez-toc-heading-12\" href=\"https:\/\/loudavymkrokem.cz\/hu\/szokatlan-szallasok-vilag\/#9_AttrapReves_Allauch_Marseille_mellett_Franciaorszag\" >9. Attrap&#8217;R\u00eaves, Allauch Marseille mellett, Franciaorsz\u00e1g<\/a><\/li><\/ul><\/li><li class='ez-toc-page-1 ez-toc-heading-level-2'><a class=\"ez-toc-link ez-toc-heading-13\" href=\"https:\/\/loudavymkrokem.cz\/hu\/szokatlan-szallasok-vilag\/#3_Alvas_az_allatok_kozott\" >3) Alv\u00e1s az \u00e1llatok k\u00f6z\u00f6tt<\/a><ul class='ez-toc-list-level-3' ><li class='ez-toc-heading-level-3'><a class=\"ez-toc-link ez-toc-heading-14\" href=\"https:\/\/loudavymkrokem.cz\/hu\/szokatlan-szallasok-vilag\/#10_Giraffe_Manor_Nairobi_Kenya\" >10. Giraffe Manor, Nairobi, Kenya<\/a><\/li><li class='ez-toc-page-1 ez-toc-heading-level-3'><a class=\"ez-toc-link ez-toc-heading-15\" href=\"https:\/\/loudavymkrokem.cz\/hu\/szokatlan-szallasok-vilag\/#11_Chalkley_Treehouse_Lion_Sands_Sabi_Sand_Del-Afrika\" >11. Chalkley Treehouse, Lion Sands, Sabi Sand, D\u00e9l-Afrika<\/a><\/li><\/ul><\/li><li class='ez-toc-page-1 ez-toc-heading-level-2'><a class=\"ez-toc-link ez-toc-heading-16\" href=\"https:\/\/loudavymkrokem.cz\/hu\/szokatlan-szallasok-vilag\/#4_A_vizfelszin_alatt\" >4) A v\u00edzfelsz\u00edn alatt<\/a><ul class='ez-toc-list-level-3' ><li class='ez-toc-heading-level-3'><a class=\"ez-toc-link ez-toc-heading-17\" href=\"https:\/\/loudavymkrokem.cz\/hu\/szokatlan-szallasok-vilag\/#12_The_Muraka_Conrad_Maldives_Rangali_Island_Maldiv-szigetek\" >12. The Muraka, Conrad Maldives Rangali Island, Mald\u00edv-szigetek<\/a><\/li><li class='ez-toc-page-1 ez-toc-heading-level-3'><a class=\"ez-toc-link ez-toc-heading-18\" href=\"https:\/\/loudavymkrokem.cz\/hu\/szokatlan-szallasok-vilag\/#13_The_Manta_Resort_Pemba_Zanzibar_Tanzania\" >13. The Manta Resort, Pemba, Zanzib\u00e1r, Tanz\u00e1nia<\/a><\/li><\/ul><\/li><li class='ez-toc-page-1 ez-toc-heading-level-2'><a class=\"ez-toc-link ez-toc-heading-19\" href=\"https:\/\/loudavymkrokem.cz\/hu\/szokatlan-szallasok-vilag\/#5_A_fak_koronajaban\" >5) A f\u00e1k koron\u00e1j\u00e1ban<\/a><ul class='ez-toc-list-level-3' ><li class='ez-toc-heading-level-3'><a class=\"ez-toc-link ez-toc-heading-20\" href=\"https:\/\/loudavymkrokem.cz\/hu\/szokatlan-szallasok-vilag\/#14_Treehotel_Harads_Svedorszag\" >14. Treehotel, Harads, Sv\u00e9dorsz\u00e1g<\/a><\/li><li class='ez-toc-page-1 ez-toc-heading-level-3'><a class=\"ez-toc-link ez-toc-heading-21\" href=\"https:\/\/loudavymkrokem.cz\/hu\/szokatlan-szallasok-vilag\/#15_Free_Spirit_Spheres_Qualicum_Beach_Vancouver-sziget_Kanada\" >15. Free Spirit Spheres, Qualicum Beach, Vancouver-sziget, Kanada<\/a><\/li><li class='ez-toc-page-1 ez-toc-heading-level-3'><a class=\"ez-toc-link ez-toc-heading-22\" href=\"https:\/\/loudavymkrokem.cz\/hu\/szokatlan-szallasok-vilag\/#16_Montana_Magica_Lodge_Neltume_Chile\" >16. Monta\u00f1a M\u00e1gica Lodge, Neltume, Chile<\/a><\/li><\/ul><\/li><li class='ez-toc-page-1 ez-toc-heading-level-2'><a class=\"ez-toc-link ez-toc-heading-23\" href=\"https:\/\/loudavymkrokem.cz\/hu\/szokatlan-szallasok-vilag\/#6_Kilatasok_amelyeket_mashol_nem_lehet_megvasarolni\" >6) Kil\u00e1t\u00e1sok, amelyeket m\u00e1shol nem lehet megv\u00e1s\u00e1rolni<\/a><ul class='ez-toc-list-level-3' ><li class='ez-toc-heading-level-3'><a class=\"ez-toc-link ez-toc-heading-24\" href=\"https:\/\/loudavymkrokem.cz\/hu\/szokatlan-szallasok-vilag\/#17_Shangri-La_Paris_Parizs_Franciaorszag\" >17. Shangri-La Paris, P\u00e1rizs, Franciaorsz\u00e1g<\/a><\/li><li class='ez-toc-page-1 ez-toc-heading-level-3'><a class=\"ez-toc-link ez-toc-heading-25\" href=\"https:\/\/loudavymkrokem.cz\/hu\/szokatlan-szallasok-vilag\/#18_Armani_Hotel_Dubai_Burdzs_Kalifa_Egyesult_Arab_Emirsegek\" >18. Armani Hotel Dubai, Burdzs Kalifa, Egyes\u00fclt Arab Em\u00edrs\u00e9gek<\/a><\/li><li class='ez-toc-page-1 ez-toc-heading-level-3'><a class=\"ez-toc-link ez-toc-heading-26\" href=\"https:\/\/loudavymkrokem.cz\/hu\/szokatlan-szallasok-vilag\/#19_Hotel_Everest_View_Khumjung_Nepal\" >19. Hotel Everest View, Khumjung, Nep\u00e1l<\/a><\/li><li class='ez-toc-page-1 ez-toc-heading-level-3'><a class=\"ez-toc-link ez-toc-heading-27\" href=\"https:\/\/loudavymkrokem.cz\/hu\/szokatlan-szallasok-vilag\/#20_Museum_Hotel_Uchisar_Kappadokia_Torokorszag\" >20. Museum Hotel, U\u00e7hisar, Kappad\u00f3kia, T\u00f6r\u00f6korsz\u00e1g<\/a><\/li><li class='ez-toc-page-1 ez-toc-heading-level-3'><a class=\"ez-toc-link ez-toc-heading-28\" href=\"https:\/\/loudavymkrokem.cz\/hu\/szokatlan-szallasok-vilag\/#21_Longitude_131%C2%B0_Yulara_Uluru_Ausztralia\" >21. Longitude 131\u00b0, Yulara, Uluru, Ausztr\u00e1lia<\/a><\/li><\/ul><\/li><li class='ez-toc-page-1 ez-toc-heading-level-2'><a class=\"ez-toc-link ez-toc-heading-29\" href=\"https:\/\/loudavymkrokem.cz\/hu\/szokatlan-szallasok-vilag\/#7_%E2%80%9EEz_most_komoly%E2%80%9D\" >7) \u201eEz most komoly?&#8221;<\/a><ul class='ez-toc-list-level-3' ><li class='ez-toc-heading-level-3'><a class=\"ez-toc-link ez-toc-heading-30\" href=\"https:\/\/loudavymkrokem.cz\/hu\/szokatlan-szallasok-vilag\/#22_Skylodge_Adventure_Suites_Szent-volgy_Peru\" >22. Skylodge Adventure Suites, Szent-v\u00f6lgy, Peru<\/a><\/li><li class='ez-toc-page-1 ez-toc-heading-level-3'><a class=\"ez-toc-link ez-toc-heading-31\" href=\"https:\/\/loudavymkrokem.cz\/hu\/szokatlan-szallasok-vilag\/#23_Null_Stern_Hotel_Svajc_valtoztatja_a_helyszint\" >23. Null Stern Hotel, Sv\u00e1jc (v\u00e1ltoztatja a helysz\u00ednt)<\/a><\/li><li class='ez-toc-page-1 ez-toc-heading-level-3'><a class=\"ez-toc-link ez-toc-heading-32\" href=\"https:\/\/loudavymkrokem.cz\/hu\/szokatlan-szallasok-vilag\/#24_Sala_Silvermine_Sala_Svedorszag\" >24. Sala Silvermine, Sala, Sv\u00e9dorsz\u00e1g<\/a><\/li><li class='ez-toc-page-1 ez-toc-heading-level-3'><a class=\"ez-toc-link ez-toc-heading-33\" href=\"https:\/\/loudavymkrokem.cz\/hu\/szokatlan-szallasok-vilag\/#25_Kolarbyn_Eco_Lodge_Skinnskatteberg_Svedorszag\" >25. Kolarbyn Eco Lodge, Skinnskatteberg, Sv\u00e9dorsz\u00e1g<\/a><\/li><li class='ez-toc-page-1 ez-toc-heading-level-3'><a class=\"ez-toc-link ez-toc-heading-34\" href=\"https:\/\/loudavymkrokem.cz\/hu\/szokatlan-szallasok-vilag\/#26_Faralda_Crane_Hotel_Amszterdam_Hollandia\" >26. Faralda Crane Hotel, Amszterdam, Hollandia<\/a><\/li><li class='ez-toc-page-1 ez-toc-heading-level-3'><a class=\"ez-toc-link ez-toc-heading-35\" href=\"https:\/\/loudavymkrokem.cz\/hu\/szokatlan-szallasok-vilag\/#27_Hotel_Costa_Verde_Manuel_Antonio_Costa_Rica\" >27. Hotel Costa Verde, Manuel Antonio, Costa Rica<\/a><\/li><li class='ez-toc-page-1 ez-toc-heading-level-3'><a class=\"ez-toc-link ez-toc-heading-36\" href=\"https:\/\/loudavymkrokem.cz\/hu\/szokatlan-szallasok-vilag\/#28_Hotel_Palacio_de_Sal_Uyuni_Bolivia\" >28. Hotel Palacio de Sal, Uyuni, Bol\u00edvia<\/a><\/li><\/ul><\/li><li class='ez-toc-page-1 ez-toc-heading-level-2'><a class=\"ez-toc-link ez-toc-heading-37\" href=\"https:\/\/loudavymkrokem.cz\/hu\/szokatlan-szallasok-vilag\/#8_Glamping_%E2%80%94_bakancslista_amit_egy_hetvege_alatt_teljesithetsz\" >8) Glamping \u2014 bakancslista, amit egy h\u00e9tv\u00e9ge alatt teljes\u00edthetsz<\/a><ul class='ez-toc-list-level-3' ><li class='ez-toc-heading-level-3'><a class=\"ez-toc-link ez-toc-heading-38\" href=\"https:\/\/loudavymkrokem.cz\/hu\/szokatlan-szallasok-vilag\/#29_Whitepod_Les_Cerniers_Svajc\" >29. Whitepod, Les Cerniers, Sv\u00e1jc<\/a><\/li><li class='ez-toc-page-1 ez-toc-heading-level-3'><a class=\"ez-toc-link ez-toc-heading-39\" href=\"https:\/\/loudavymkrokem.cz\/hu\/szokatlan-szallasok-vilag\/#30_Garden_Village_Bled_Bled_Szlovenia\" >30. Garden Village Bled, Bled, Szlov\u00e9nia<\/a><\/li><li class='ez-toc-page-1 ez-toc-heading-level-3'><a class=\"ez-toc-link ez-toc-heading-40\" href=\"https:\/\/loudavymkrokem.cz\/hu\/szokatlan-szallasok-vilag\/#31_Colony_Glamping_Hute_pod_Tremsinem_Brdy\" >31. Colony Glamping, Hut\u011b pod T\u0159em\u0161\u00ednem, Brdy<\/a><\/li><li class='ez-toc-page-1 ez-toc-heading-level-3'><a class=\"ez-toc-link ez-toc-heading-41\" href=\"https:\/\/loudavymkrokem.cz\/hu\/szokatlan-szallasok-vilag\/#32_Jurty_Beskydy_Ropice_Trinec_mellett\" >32. Jurty Beskydy, Ropice T\u0159inec mellett<\/a><\/li><li class='ez-toc-page-1 ez-toc-heading-level-3'><a class=\"ez-toc-link ez-toc-heading-42\" href=\"https:\/\/loudavymkrokem.cz\/hu\/szokatlan-szallasok-vilag\/#33_Tiche_misto_Glamping_Slapy\" >33. Tich\u00e9 m\u00edsto Glamping, Slapy<\/a><\/li><li class='ez-toc-page-1 ez-toc-heading-level-3'><a class=\"ez-toc-link ez-toc-heading-43\" href=\"https:\/\/loudavymkrokem.cz\/hu\/szokatlan-szallasok-vilag\/#34_GLAMPINO_Cesky_Krumlov\" >34. GLAMPINO, \u010cesk\u00fd Krumlov<\/a><\/li><li class='ez-toc-page-1 ez-toc-heading-level-3'><a class=\"ez-toc-link ez-toc-heading-44\" href=\"https:\/\/loudavymkrokem.cz\/hu\/szokatlan-szallasok-vilag\/#35_Hidden_Retreat_Lipnice_nad_Sazavou_Vysocina\" >35. Hidden Retreat, Lipnice nad S\u00e1zavou, Vyso\u010dina<\/a><\/li><\/ul><\/li><li class='ez-toc-page-1 ez-toc-heading-level-2'><a class=\"ez-toc-link ez-toc-heading-45\" href=\"https:\/\/loudavymkrokem.cz\/hu\/szokatlan-szallasok-vilag\/#Hogyan_valaszd_ki_a_megfelelo_szallast\" >Hogyan v\u00e1laszd ki a megfelel\u0151 sz\u00e1ll\u00e1st<\/a><\/li><li class='ez-toc-page-1 ez-toc-heading-level-2'><a class=\"ez-toc-link ez-toc-heading-46\" href=\"https:\/\/loudavymkrokem.cz\/hu\/szokatlan-szallasok-vilag\/#Mennyibe_kerul_mindez_a_valosagban\" >Mennyibe ker\u00fcl mindez a val\u00f3s\u00e1gban<\/a><\/li><li class='ez-toc-page-1 ez-toc-heading-level-2'><a class=\"ez-toc-link ez-toc-heading-47\" href=\"https:\/\/loudavymkrokem.cz\/hu\/szokatlan-szallasok-vilag\/#Hova_tovabb\" >Hova tov\u00e1bb<\/a><\/li><li class='ez-toc-page-1 ez-toc-heading-level-2'><a class=\"ez-toc-link ez-toc-heading-48\" href=\"https:\/\/loudavymkrokem.cz\/hu\/szokatlan-szallasok-vilag\/#Gyakran_ismetelt_kerdesek\" >Gyakran ism\u00e9telt k\u00e9rd\u00e9sek<\/a><ul class='ez-toc-list-level-3' ><li class='ez-toc-heading-level-3'><a class=\"ez-toc-link ez-toc-heading-49\" href=\"https:\/\/loudavymkrokem.cz\/hu\/szokatlan-szallasok-vilag\/#Mi_az_a_glamping_es_kinek_ajanlott\" >Mi az a glamping \u00e9s kinek aj\u00e1nlott?<\/a><\/li><li class='ez-toc-page-1 ez-toc-heading-level-3'><a class=\"ez-toc-link ez-toc-heading-50\" href=\"https:\/\/loudavymkrokem.cz\/hu\/szokatlan-szallasok-vilag\/#Mikor_a_legjobb_idoszak_az_uveg_igluk_latogatasara\" >Mikor a legjobb id\u0151szak az \u00fcveg igluk l\u00e1togat\u00e1s\u00e1ra?<\/a><\/li><li class='ez-toc-page-1 ez-toc-heading-level-3'><a class=\"ez-toc-link ez-toc-heading-51\" href=\"https:\/\/loudavymkrokem.cz\/hu\/szokatlan-szallasok-vilag\/#Mennyi_a_tenyleges_homerseklet_a_jeghotelben\" >Mennyi a t\u00e9nyleges h\u0151m\u00e9rs\u00e9klet a j\u00e9ghotelben?<\/a><\/li><li class='ez-toc-page-1 ez-toc-heading-level-3'><a class=\"ez-toc-link ez-toc-heading-52\" href=\"https:\/\/loudavymkrokem.cz\/hu\/szokatlan-szallasok-vilag\/#Kepes_vagyok_tobb_egymast_koveto_ejszakat_aludni_a_jegszobaban\" >K\u00e9pes vagyok t\u00f6bb egym\u00e1st k\u00f6vet\u0151 \u00e9jszak\u00e1t aludni a j\u00e9gszob\u00e1ban?<\/a><\/li><li class='ez-toc-page-1 ez-toc-heading-level-3'><a class=\"ez-toc-link ez-toc-heading-53\" href=\"https:\/\/loudavymkrokem.cz\/hu\/szokatlan-szallasok-vilag\/#A_fakoronaban_levo_szallodak_alkalmasak_kisgyerekek_szamara_is\" >A fakoron\u00e1ban l\u00e9v\u0151 sz\u00e1llod\u00e1k alkalmasak kisgyerekek sz\u00e1m\u00e1ra is?<\/a><\/li><li class='ez-toc-page-1 ez-toc-heading-level-3'><a class=\"ez-toc-link ez-toc-heading-54\" href=\"https:\/\/loudavymkrokem.cz\/hu\/szokatlan-szallasok-vilag\/#Lefoglalhatom_a_maldiv-szigeteki_viz_alatti_apartmant_csak_hetvegere\" >Lefoglalhatom a mald\u00edv-szigeteki v\u00edz alatti apartmant csak h\u00e9tv\u00e9g\u00e9re?<\/a><\/li><li class='ez-toc-page-1 ez-toc-heading-level-3'><a class=\"ez-toc-link ez-toc-heading-55\" href=\"https:\/\/loudavymkrokem.cz\/hu\/szokatlan-szallasok-vilag\/#Mennyivel_elore_kell_lefoglalnom_a_zsirafos_hotelt_Kenyaban\" >Mennyivel el\u0151re kell lefoglalnom a zsir\u00e1fos hotelt Keny\u00e1ban?<\/a><\/li><li class='ez-toc-page-1 ez-toc-heading-level-3'><a class=\"ez-toc-link ez-toc-heading-56\" href=\"https:\/\/loudavymkrokem.cz\/hu\/szokatlan-szallasok-vilag\/#Mi_tortenik_a_jeghotelekkel_tavasszal\" >Mi t\u00f6rt\u00e9nik a j\u00e9ghotelekkel tavasszal?<\/a><\/li><\/ul><\/li><\/ul><\/nav><\/div>\n<h3 class=\"wp-block-heading\"><span class=\"ez-toc-section\" id=\"Osszefoglalas_azoknak_akiknek_nincs_idejuk_az_egesz_cikket_elolvasni\"><\/span>\u00d6sszefoglal\u00e1s azoknak, akiknek nincs idej\u00fck az eg\u00e9sz cikket elolvasni<span class=\"ez-toc-section-end\"><\/span><\/h3>\n\n\n\n<ul class=\"wp-block-list\">\n<li><strong>Legjobbra \u00e9rt\u00e9kelt:<\/strong> a Panorama Glass Lodge Izlandon \u00e9s a Jurty Beskydy Csehorsz\u00e1gban, szinte t\u00f6k\u00e9letes pontsz\u00e1mmal.<\/li>\n\n\n\n<li><strong>Legdr\u00e1g\u00e1bb:<\/strong> a The Muraka a Mald\u00edv-szigeteken, ahol a hivatalos \u00e1rlista \u00f6sszege csillag\u00e1szati magass\u00e1gokba sz\u00f6kik.<\/li>\n\n\n\n<li><strong>Legk\u00f6zelebb hozz\u00e1nk:<\/strong> a Tich\u00e9 m\u00edsto Glamping a Slapy-v\u00edzt\u00e1roz\u00f3n\u00e1l, amely sz\u00f3 szerint egy karny\u00fajt\u00e1snyira van.<\/li>\n\n\n\n<li><strong>Legnehezebben foglalhat\u00f3:<\/strong> a Giraffe Manor Keny\u00e1ban, ahol a legkeresettebb id\u0151pontok ak\u00e1r egy \u00e9vvel el\u0151re elfogynak.<\/li>\n\n\n\n<li><strong>Legfurcs\u00e1bb:<\/strong> a Null Stern Hotel Sv\u00e1jcban, amely falak \u00e9s tet\u0151 n\u00e9lk\u00fcli \u00e1gyat k\u00edn\u00e1l az Alpokban.<\/li>\n\n\n\n<li><strong>Leghidegebb:<\/strong> az ICEHOTEL Sv\u00e9dorsz\u00e1gban \u00e9s a f\u00f6ld alatti Sala Silvermine, ahol a h\u0151m\u00e9rs\u00e9klet j\u00f3val fagypont alatt marad.<\/li>\n\n\n\n<li><strong>Legel\u00e9rhet\u0151bb kipr\u00f3b\u00e1l\u00e1sra:<\/strong> a GLAMPINO \u010cesk\u00fd Krumlov mellett, ide\u00e1lis az els\u0151 glamping\u00e9lm\u00e9nyedhez.<\/li>\n<\/ul>\n\n\n\n<h2 class=\"wp-block-heading\"><span class=\"ez-toc-section\" id=\"1_Jeghotelek_es_hobol_epult_szobak\"><\/span>1) J\u00e9ghotelek \u00e9s h\u00f3b\u00f3l \u00e9p\u00fclt szob\u00e1k<span class=\"ez-toc-section-end\"><\/span><\/h2>\n\n\n\n<p class=\"wp-block-paragraph\">Ha fagyos kalandra v\u00e1gysz, k\u00e9sz\u00fclj fel arra, hogy a <strong>j\u00e9gszob\u00e1kban rendszerint m\u00ednusz \u00f6t \u00e9s m\u00ednusz nyolc Celsius-fok van<\/strong>. Egy speci\u00e1lis termosz h\u00e1l\u00f3zs\u00e1kban alszol r\u00e9nszarvasb\u0151r\u00f6k r\u00e9teg\u00e9n, a f\u00fcrd\u0151szoba \u00e9s a mosd\u00f3k pedig mindig a szomsz\u00e9dos, f\u0171t\u00f6tt \u00e9p\u00fcletben tal\u00e1lhat\u00f3k. Itt szinte senki sem alszik k\u00e9t \u00e9jszak\u00e1t egym\u00e1s ut\u00e1n, mert <strong>a bevett szok\u00e1s egy \u00e9jszak\u00e1t t\u00f6lteni a j\u00e9gben, a m\u00e1sikat pedig sz\u00e9pen melegben<\/strong>.<\/p>\n\n\n\n<p class=\"wp-block-paragraph\">Ezeket a hoteleket r\u00e1ad\u00e1sul <strong>minden t\u00e9len \u00fajra\u00e9p\u00edtik<\/strong> a legalapokt\u00f3l kezdve, tavasszal pedig egyszer\u0171en elolvadnak, \u00edgy minden szezon teljesen egyedi. Ez hatalmas odaad\u00e1st \u00e9s t\u00f6bb sz\u00e1z munka\u00f3r\u00e1t ig\u00e9nyel azokt\u00f3l a m\u0171v\u00e9szekt\u0151l, akik <strong>j\u00e9gt\u00f6mb\u00f6kb\u0151l<\/strong> alkotnak muland\u00f3 \u00e9p\u00edt\u00e9szeti remekm\u0171veket.<\/p>\n\n\n\n<figure data-wp-context=\"{&quot;imageId&quot;:&quot;6a9530c4669ff&quot;}\" data-wp-interactive=\"core\/image\" data-wp-key=\"6a9530c4669ff\" class=\"wp-block-image size-full wp-lightbox-container\"><img decoding=\"async\" width=\"1600\" height=\"1067\" data-wp-class--hide=\"state.isContentHidden\" data-wp-class--show=\"state.isContentVisible\" data-wp-init=\"callbacks.setButtonStyles\" data-wp-on--click=\"actions.showLightbox\" data-wp-on--load=\"callbacks.setButtonStyles\" data-wp-on--pointerdown=\"actions.preloadImage\" data-wp-on--pointerenter=\"actions.preloadImageWithDelay\" data-wp-on--pointerleave=\"actions.cancelPreload\" data-wp-on-window--resize=\"callbacks.setButtonStyles\" src=\"https:\/\/loudavymkrokem.cz\/wp-content\/uploads\/2026\/08\/icehotel-1.jpg\" alt=\"Az ICEHOTEL j\u00e9ghotel Jukkasj\u00e4rviben alkonyatkor\" class=\"wp-image-404809\" title=\"\" srcset=\"https:\/\/loudavymkrokem.cz\/wp-content\/uploads\/2026\/08\/icehotel-1.jpg 1600w, https:\/\/loudavymkrokem.cz\/wp-content\/uploads\/2026\/08\/icehotel-1-300x200.jpg 300w, https:\/\/loudavymkrokem.cz\/wp-content\/uploads\/2026\/08\/icehotel-1-700x467.jpg 700w, https:\/\/loudavymkrokem.cz\/wp-content\/uploads\/2026\/08\/icehotel-1-768x512.jpg 768w, https:\/\/loudavymkrokem.cz\/wp-content\/uploads\/2026\/08\/icehotel-1-1536x1024.jpg 1536w, https:\/\/loudavymkrokem.cz\/wp-content\/uploads\/2026\/08\/icehotel-1-696x464.jpg 696w, https:\/\/loudavymkrokem.cz\/wp-content\/uploads\/2026\/08\/icehotel-1-1392x928.jpg 1392w\" sizes=\"(max-width: 1600px) 100vw, 1600px\" \/><button\n\t\t\tclass=\"lightbox-trigger\"\n\t\t\ttype=\"button\"\n\t\t\taria-haspopup=\"dialog\"\n\t\t\tdata-wp-bind--aria-label=\"state.thisImage.triggerButtonAriaLabel\"\n\t\t\tdata-wp-init=\"callbacks.initTriggerButton\"\n\t\t\tdata-wp-on--click=\"actions.showLightbox\"\n\t\t\tdata-wp-style--right=\"state.thisImage.buttonRight\"\n\t\t\tdata-wp-style--top=\"state.thisImage.buttonTop\"\n\t\t>\n\t\t\t<svg xmlns=\"http:\/\/www.w3.org\/2000\/svg\" width=\"12\" height=\"12\" fill=\"none\" viewBox=\"0 0 12 12\">\n\t\t\t\t<path fill=\"#fff\" d=\"M2 0a2 2 0 0 0-2 2v2h1.5V2a.5.5 0 0 1 .5-.5h2V0H2Zm2 10.5H2a.5.5 0 0 1-.5-.5V8H0v2a2 2 0 0 0 2 2h2v-1.5ZM8 12v-1.5h2a.5.5 0 0 0 .5-.5V8H12v2a2 2 0 0 1-2 2H8Zm2-12a2 2 0 0 1 2 2v2h-1.5V2a.5.5 0 0 0-.5-.5H8V0h2Z\" \/>\n\t\t\t<\/svg>\n\t\t<\/button><figcaption class=\"wp-element-caption\">Fot\u00f3: ICEHOTEL \/ hivatalos weboldal<\/figcaption><\/figure>\n\n\n\n<h3 class=\"wp-block-heading\"><span class=\"ez-toc-section\" id=\"1_ICEHOTEL_Jukkasjarvi_Svedorszag\"><\/span>1. ICEHOTEL, Jukkasj\u00e4rvi, Sv\u00e9dorsz\u00e1g<span class=\"ez-toc-section-end\"><\/span><\/h3>\n\n\n\n<p class=\"wp-block-paragraph\">Ez a h\u00edres komplexum 4,6-os \u00e9rt\u00e9kel\u00e9ssel b\u00fcszk\u00e9lkedhet t\u00f6bb mint \u00f6tezer v\u00e9lem\u00e9ny alapj\u00e1n, \u00e9s az eg\u00e9sz \u00e9szak abszol\u00fat legend\u00e1ja. Ez a <strong>vil\u00e1g legr\u00e9gebbi j\u00e9ghotele<\/strong>, \u00e9s egyed\u00fclik\u00e9nt van eg\u00e9sz \u00e9vben nyitva tart\u00f3 r\u00e9sze is, az Icehotel 365, amelyet a r\u00f6vid \u00e9szaki ny\u00e1ron \u00e1t \u00f6tletesen napenergi\u00e1val h\u0171tenek. A t\u00e9li szob\u00e1kat minden szezonban a vil\u00e1g minden t\u00e1j\u00e1r\u00f3l \u00e9rkez\u0151 szobr\u00e1szok \u00e9s m\u0171v\u00e9szek faragj\u00e1k, \u00edgy a diz\u00e1jn sohasem ism\u00e9tl\u0151dik, \u00e9s mindig vadonat\u00faj m\u0171alkot\u00e1s v\u00e1r r\u00e1d. A sz\u00e1ll\u00e1son k\u00edv\u00fcl a hotel h\u00edres j\u00e9gb\u00e1rt is k\u00edn\u00e1l, s\u0151t itt ak\u00e1r sz\u00f3rakoztat\u00f3 j\u00e9gfarag\u00f3 kurzusokat is kipr\u00f3b\u00e1lhatsz.<\/p>\n\n\n\n<figure data-wp-context=\"{&quot;galleryId&quot;:&quot;6a9530c466bdc&quot;}\" data-wp-interactive=\"core\/gallery\" class=\"wp-block-gallery has-nested-images columns-2 is-cropped wp-block-gallery-is-layout-flex wp-block-gallery-1 is-layout-flex\">\n<figure data-wp-context=\"{&quot;imageId&quot;:&quot;6a9530c466f48&quot;}\" data-wp-interactive=\"core\/image\" data-wp-key=\"6a9530c466f48\" class=\"wp-block-image size-large wp-lightbox-container\"><img decoding=\"async\" width=\"1280\" height=\"845\" data-wp-class--hide=\"state.isContentHidden\" data-wp-class--show=\"state.isContentVisible\" data-wp-init=\"callbacks.setButtonStyles\" data-wp-on--click=\"actions.showLightbox\" data-wp-on--load=\"callbacks.setButtonStyles\" data-wp-on--pointerdown=\"actions.preloadImage\" data-wp-on--pointerenter=\"actions.preloadImageWithDelay\" data-wp-on--pointerleave=\"actions.cancelPreload\" data-wp-on-window--resize=\"callbacks.setButtonStyles\" data-id=\"404811\" src=\"https:\/\/loudavymkrokem.cz\/wp-content\/uploads\/2026\/08\/icehotel-2.jpg\" alt=\"Sarki f\u00e9ny Jukkasj\u00e4rvi felett\" class=\"wp-image-404811\" title=\"\" srcset=\"https:\/\/loudavymkrokem.cz\/wp-content\/uploads\/2026\/08\/icehotel-2.jpg 1280w, https:\/\/loudavymkrokem.cz\/wp-content\/uploads\/2026\/08\/icehotel-2-300x198.jpg 300w, https:\/\/loudavymkrokem.cz\/wp-content\/uploads\/2026\/08\/icehotel-2-700x462.jpg 700w, https:\/\/loudavymkrokem.cz\/wp-content\/uploads\/2026\/08\/icehotel-2-768x507.jpg 768w, https:\/\/loudavymkrokem.cz\/wp-content\/uploads\/2026\/08\/icehotel-2-696x459.jpg 696w\" sizes=\"(max-width: 1280px) 100vw, 1280px\" \/><button\n\t\t\tclass=\"lightbox-trigger\"\n\t\t\ttype=\"button\"\n\t\t\taria-haspopup=\"dialog\"\n\t\t\tdata-wp-bind--aria-label=\"state.thisImage.triggerButtonAriaLabel\"\n\t\t\tdata-wp-init=\"callbacks.initTriggerButton\"\n\t\t\tdata-wp-on--click=\"actions.showLightbox\"\n\t\t\tdata-wp-style--right=\"state.thisImage.buttonRight\"\n\t\t\tdata-wp-style--top=\"state.thisImage.buttonTop\"\n\t\t>\n\t\t\t<svg xmlns=\"http:\/\/www.w3.org\/2000\/svg\" width=\"12\" height=\"12\" fill=\"none\" viewBox=\"0 0 12 12\">\n\t\t\t\t<path fill=\"#fff\" d=\"M2 0a2 2 0 0 0-2 2v2h1.5V2a.5.5 0 0 1 .5-.5h2V0H2Zm2 10.5H2a.5.5 0 0 1-.5-.5V8H0v2a2 2 0 0 0 2 2h2v-1.5ZM8 12v-1.5h2a.5.5 0 0 0 .5-.5V8H12v2a2 2 0 0 1-2 2H8Zm2-12a2 2 0 0 1 2 2v2h-1.5V2a.5.5 0 0 0-.5-.5H8V0h2Z\" \/>\n\t\t\t<\/svg>\n\t\t<\/button><figcaption class=\"wp-element-caption\">Fot\u00f3: ICEHOTEL \/ hivatalos weboldal<\/figcaption><\/figure>\n\n\n\n<figure data-wp-context=\"{&quot;imageId&quot;:&quot;6a9530c46733d&quot;}\" data-wp-interactive=\"core\/image\" data-wp-key=\"6a9530c46733d\" class=\"wp-block-image size-large wp-lightbox-container\"><img decoding=\"async\" width=\"1800\" height=\"1200\" data-wp-class--hide=\"state.isContentHidden\" data-wp-class--show=\"state.isContentVisible\" data-wp-init=\"callbacks.setButtonStyles\" data-wp-on--click=\"actions.showLightbox\" data-wp-on--load=\"callbacks.setButtonStyles\" data-wp-on--pointerdown=\"actions.preloadImage\" data-wp-on--pointerenter=\"actions.preloadImageWithDelay\" data-wp-on--pointerleave=\"actions.cancelPreload\" data-wp-on-window--resize=\"callbacks.setButtonStyles\" data-id=\"404812\" src=\"https:\/\/loudavymkrokem.cz\/wp-content\/uploads\/2026\/08\/icehotel-4.jpg\" alt=\"Az ICEHOTEL j\u00e9gbelseje\" class=\"wp-image-404812\" title=\"\" srcset=\"https:\/\/loudavymkrokem.cz\/wp-content\/uploads\/2026\/08\/icehotel-4.jpg 1800w, https:\/\/loudavymkrokem.cz\/wp-content\/uploads\/2026\/08\/icehotel-4-300x200.jpg 300w, https:\/\/loudavymkrokem.cz\/wp-content\/uploads\/2026\/08\/icehotel-4-700x467.jpg 700w, https:\/\/loudavymkrokem.cz\/wp-content\/uploads\/2026\/08\/icehotel-4-768x512.jpg 768w, https:\/\/loudavymkrokem.cz\/wp-content\/uploads\/2026\/08\/icehotel-4-1536x1024.jpg 1536w, https:\/\/loudavymkrokem.cz\/wp-content\/uploads\/2026\/08\/icehotel-4-696x464.jpg 696w, https:\/\/loudavymkrokem.cz\/wp-content\/uploads\/2026\/08\/icehotel-4-1392x928.jpg 1392w\" sizes=\"(max-width: 1800px) 100vw, 1800px\" \/><button\n\t\t\tclass=\"lightbox-trigger\"\n\t\t\ttype=\"button\"\n\t\t\taria-haspopup=\"dialog\"\n\t\t\tdata-wp-bind--aria-label=\"state.thisImage.triggerButtonAriaLabel\"\n\t\t\tdata-wp-init=\"callbacks.initTriggerButton\"\n\t\t\tdata-wp-on--click=\"actions.showLightbox\"\n\t\t\tdata-wp-style--right=\"state.thisImage.buttonRight\"\n\t\t\tdata-wp-style--top=\"state.thisImage.buttonTop\"\n\t\t>\n\t\t\t<svg xmlns=\"http:\/\/www.w3.org\/2000\/svg\" width=\"12\" height=\"12\" fill=\"none\" viewBox=\"0 0 12 12\">\n\t\t\t\t<path fill=\"#fff\" d=\"M2 0a2 2 0 0 0-2 2v2h1.5V2a.5.5 0 0 1 .5-.5h2V0H2Zm2 10.5H2a.5.5 0 0 1-.5-.5V8H0v2a2 2 0 0 0 2 2h2v-1.5ZM8 12v-1.5h2a.5.5 0 0 0 .5-.5V8H12v2a2 2 0 0 1-2 2H8Zm2-12a2 2 0 0 1 2 2v2h-1.5V2a.5.5 0 0 0-.5-.5H8V0h2Z\" \/>\n\t\t\t<\/svg>\n\t\t<\/button><figcaption class=\"wp-element-caption\">Fot\u00f3: ICEHOTEL \/ hivatalos weboldal<\/figcaption><\/figure>\n<\/figure>\n\n\n\n<p class=\"wp-block-paragraph\">A rengeteg \u00e9rt\u00e9kel\u00e9sb\u0151l egy\u00e9rtelm\u0171, hogy a vend\u00e9gek roppant el\u00e9gedettek a b\u0151s\u00e9ges reggelivel \u00e9s a nagyon seg\u00edt\u0151k\u00e9sz szem\u00e9lyzettel. A leggyakoribb csal\u00f3d\u00e1st paradox m\u00f3don az <strong>id\u0151j\u00e1r\u00e1s okozza<\/strong>, amit egyszer\u0171en senki sem tud befoly\u00e1solni. A borult \u00e9g a t\u00e9li h\u00f3napokban itt eg\u00e9szen megszokott, a sarki f\u00e9nyt pedig senki sem garant\u00e1lja el\u0151re, ami sok utaz\u00f3t a magas \u00f6sszeg kifizet\u00e9se ut\u00e1n elkeser\u00edt.<\/p>\n\n\n\n<p class=\"wp-block-paragraph\">\ud83d\udca1 <strong>Tipp:<\/strong> Ha sp\u00f3rolni szeretn\u00e9l, ugyanakkor egy kis k\u00e9nyelemre is v\u00e1gysz, <strong>foglalj meleg szob\u00e1t, amely jelent\u0151sen olcs\u00f3bb<\/strong>. M\u00edg egy alap j\u00e9gszoba nagyj\u00e1b\u00f3l 300 eur\u00f3t\u00f3l indul, egy luxus m\u0171v\u00e9szi Art Suite 700 eur\u00f3t\u00f3l, a Deluxe verzi\u00f3k pedig egyetlen \u00e9jszak\u00e1ra ak\u00e1r 1000 eur\u00f3ig is felk\u00fasznak. Egy meleg szob\u00e1t ezzel szemben akci\u00f3kban m\u00e1r 100 doll\u00e1r k\u00f6r\u00fcl megkaphatsz. <em><a href=\"https:\/\/www.stay22.com\/allez\/roam?aid=lukaskonecny&amp;campaign=loudavymkrokemcz&amp;campaign=netradicni-ubytovani-na-svete&amp;hotelname=ICEHOTEL&amp;address=Jukkasj%C3%A4rvi%2C%20%C5%A0v%C3%A9dsko\" target=\"_blank\" rel=\"nofollow noopener sponsored\">\u00e1rak \u00e9s el\u00e9rhet\u0151s\u00e9g ellen\u0151rz\u00e9se<\/a><\/em><\/p>\n\n\n\n<figure data-wp-context=\"{&quot;imageId&quot;:&quot;6a9530c467c9f&quot;}\" data-wp-interactive=\"core\/image\" data-wp-key=\"6a9530c467c9f\" class=\"wp-block-image size-full wp-lightbox-container\"><img decoding=\"async\" width=\"1200\" height=\"630\" data-wp-class--hide=\"state.isContentHidden\" data-wp-class--show=\"state.isContentVisible\" data-wp-init=\"callbacks.setButtonStyles\" data-wp-on--click=\"actions.showLightbox\" data-wp-on--load=\"callbacks.setButtonStyles\" data-wp-on--pointerdown=\"actions.preloadImage\" data-wp-on--pointerenter=\"actions.preloadImageWithDelay\" data-wp-on--pointerleave=\"actions.cancelPreload\" data-wp-on-window--resize=\"callbacks.setButtonStyles\" src=\"https:\/\/loudavymkrokem.cz\/wp-content\/uploads\/2026\/08\/h-tel-de-glace-1.jpg\" alt=\"A H\u00f4tel de Glace j\u00e9ghotel Qu\u00e9bec mellett r\u00f3zsasz\u00edn f\u00e9nyben\" class=\"wp-image-404808\" title=\"\" srcset=\"https:\/\/loudavymkrokem.cz\/wp-content\/uploads\/2026\/08\/h-tel-de-glace-1.jpg 1200w, https:\/\/loudavymkrokem.cz\/wp-content\/uploads\/2026\/08\/h-tel-de-glace-1-300x158.jpg 300w, https:\/\/loudavymkrokem.cz\/wp-content\/uploads\/2026\/08\/h-tel-de-glace-1-700x368.jpg 700w, https:\/\/loudavymkrokem.cz\/wp-content\/uploads\/2026\/08\/h-tel-de-glace-1-768x403.jpg 768w, https:\/\/loudavymkrokem.cz\/wp-content\/uploads\/2026\/08\/h-tel-de-glace-1-696x365.jpg 696w\" sizes=\"(max-width: 1200px) 100vw, 1200px\" \/><button\n\t\t\tclass=\"lightbox-trigger\"\n\t\t\ttype=\"button\"\n\t\t\taria-haspopup=\"dialog\"\n\t\t\tdata-wp-bind--aria-label=\"state.thisImage.triggerButtonAriaLabel\"\n\t\t\tdata-wp-init=\"callbacks.initTriggerButton\"\n\t\t\tdata-wp-on--click=\"actions.showLightbox\"\n\t\t\tdata-wp-style--right=\"state.thisImage.buttonRight\"\n\t\t\tdata-wp-style--top=\"state.thisImage.buttonTop\"\n\t\t>\n\t\t\t<svg xmlns=\"http:\/\/www.w3.org\/2000\/svg\" width=\"12\" height=\"12\" fill=\"none\" viewBox=\"0 0 12 12\">\n\t\t\t\t<path fill=\"#fff\" d=\"M2 0a2 2 0 0 0-2 2v2h1.5V2a.5.5 0 0 1 .5-.5h2V0H2Zm2 10.5H2a.5.5 0 0 1-.5-.5V8H0v2a2 2 0 0 0 2 2h2v-1.5ZM8 12v-1.5h2a.5.5 0 0 0 .5-.5V8H12v2a2 2 0 0 1-2 2H8Zm2-12a2 2 0 0 1 2 2v2h-1.5V2a.5.5 0 0 0-.5-.5H8V0h2Z\" \/>\n\t\t\t<\/svg>\n\t\t<\/button><figcaption class=\"wp-element-caption\">Fot\u00f3: H\u00f4tel de Glace \/ hivatalos weboldal<\/figcaption><\/figure>\n\n\n\n<h3 class=\"wp-block-heading\"><span class=\"ez-toc-section\" id=\"2_Hotel_de_Glace_Valcartier_Quebec_mellett_Kanada\"><\/span>2. H\u00f4tel de Glace, Valcartier Qu\u00e9bec mellett, Kanada<span class=\"ez-toc-section-end\"><\/span><\/h3>\n\n\n\n<p class=\"wp-block-paragraph\">A kanadai \u00e9p\u00edt\u00e9szeti csoda kiv\u00e1l\u00f3, 4,6-os \u00e9rt\u00e9kel\u00e9ssel b\u00edr majdnem n\u00e9gyezer v\u00e9lem\u00e9ny alapj\u00e1n, \u00e9s ez az <strong>egyetlen j\u00e9ghotel eg\u00e9sz \u00c9szak-Amerik\u00e1ban<\/strong>. Csak\u00fagy, mint h\u00edres sv\u00e9d koll\u00e9g\u00e1j\u00e1t, ezt is nagy pomp\u00e1val \u00e9p\u00edtik \u00fajra minden t\u00e9len, \u00e9s \u00e1ltal\u00e1ban janu\u00e1rt\u00f3l m\u00e1rciusig van nyitva, amikor a fagyos Qu\u00e9becben megvannak a megfelel\u0151 \u00e9ghajlati felt\u00e9telek. Bel\u00fcl gy\u00f6ny\u00f6r\u0171 j\u00e9gk\u00e1poln\u00e1t tal\u00e1lsz, ahol rendszeresen tartanak romantikus esk\u00fcv\u0151ket, a sz\u00f3rakoz\u00e1sr\u00f3l pedig egy teljesen j\u00e9gb\u0151l faragott \u00f3ri\u00e1scs\u00faszda gondoskodik.<\/p>\n\n\n\n<p class=\"wp-block-paragraph\">Leny\u0171g\u00f6z\u0151 alkot\u00e1s, amely minden l\u00e9p\u00e9sn\u00e9l m\u00e1gikus t\u00e9li hangulatot \u00e1raszt, \u00e9s prec\u00edz r\u00e9szleteivel elb\u0171v\u00f6l. Az eg\u00e9sz komplexumot \u00fagy tervezt\u00e9k, hogy <strong>azokat is elvar\u00e1zsolja, akik egy\u00e1ltal\u00e1n nem terveznek itt aludni<\/strong>, ami hatalmas turisztikai vonzer\u0151v\u00e9 teszi az eg\u00e9sz r\u00e9gi\u00f3 sz\u00e1m\u00e1ra. S\u00e9t\u00e1lhatsz a hossz\u00fa, megvil\u00e1g\u00edtott folyos\u00f3kon, \u00e9s megcsod\u00e1lhatod a szobrokat, amelyek tavasszal visszavonhatatlanul elt\u0171nnek.<\/p>\n\n\n\n<p class=\"wp-block-paragraph\">\ud83d\udca1 <strong>Tipp:<\/strong> Ez a hely t\u00f6k\u00e9letesen alkalmas <strong>nappali l\u00e1togat\u00e1sra is, \u00e9jszak\u00e1z\u00e1s n\u00e9lk\u00fcl<\/strong>. Ez a jelent\u0151sen olcs\u00f3bb v\u00e1ltozat, amit v\u00e9g\u00fcl a h\u00e9tk\u00f6znapi l\u00e1togat\u00f3k t\u00falnyom\u00f3 t\u00f6bbs\u00e9ge v\u00e1laszt, akik sz\u00e9p fot\u00f3kat szeretn\u00e9nek, de egy fagyos \u00e9jszak\u00e1ra a h\u00e1l\u00f3zs\u00e1kban egyszer\u0171en nem mernek v\u00e1llalkozni. <em><a href=\"https:\/\/www.stay22.com\/allez\/roam?aid=lukaskonecny&amp;campaign=loudavymkrokemcz&amp;campaign=netradicni-ubytovani-na-svete&amp;hotelname=H%C3%B4tel%20de%20Glace&amp;address=Qu%C3%A9bec%2C%20Kanada\" target=\"_blank\" rel=\"nofollow noopener sponsored\">\u00e1rak \u00e9s el\u00e9rhet\u0151s\u00e9g ellen\u0151rz\u00e9se<\/a><\/em><\/p>\n\n\n\n<figure data-wp-context=\"{&quot;imageId&quot;:&quot;6a9530c46830b&quot;}\" data-wp-interactive=\"core\/image\" data-wp-key=\"6a9530c46830b\" class=\"wp-block-image size-full wp-lightbox-container\"><img decoding=\"async\" width=\"1600\" height=\"1067\" data-wp-class--hide=\"state.isContentHidden\" data-wp-class--show=\"state.isContentVisible\" data-wp-init=\"callbacks.setButtonStyles\" data-wp-on--click=\"actions.showLightbox\" data-wp-on--load=\"callbacks.setButtonStyles\" data-wp-on--pointerdown=\"actions.preloadImage\" data-wp-on--pointerenter=\"actions.preloadImageWithDelay\" data-wp-on--pointerleave=\"actions.cancelPreload\" data-wp-on-window--resize=\"callbacks.setButtonStyles\" src=\"https:\/\/loudavymkrokem.cz\/wp-content\/uploads\/2026\/08\/sorrisnivad1-1.jpg\" alt=\"Sarki f\u00e9ny a Sorrisniva komplexuma felett Alt\u00e1ban\" class=\"wp-image-404818\" title=\"\" srcset=\"https:\/\/loudavymkrokem.cz\/wp-content\/uploads\/2026\/08\/sorrisnivad1-1.jpg 1600w, https:\/\/loudavymkrokem.cz\/wp-content\/uploads\/2026\/08\/sorrisnivad1-1-300x200.jpg 300w, https:\/\/loudavymkrokem.cz\/wp-content\/uploads\/2026\/08\/sorrisnivad1-1-700x467.jpg 700w, https:\/\/loudavymkrokem.cz\/wp-content\/uploads\/2026\/08\/sorrisnivad1-1-768x512.jpg 768w, https:\/\/loudavymkrokem.cz\/wp-content\/uploads\/2026\/08\/sorrisnivad1-1-1536x1024.jpg 1536w, https:\/\/loudavymkrokem.cz\/wp-content\/uploads\/2026\/08\/sorrisnivad1-1-696x464.jpg 696w, https:\/\/loudavymkrokem.cz\/wp-content\/uploads\/2026\/08\/sorrisnivad1-1-1392x928.jpg 1392w\" sizes=\"(max-width: 1600px) 100vw, 1600px\" \/><button\n\t\t\tclass=\"lightbox-trigger\"\n\t\t\ttype=\"button\"\n\t\t\taria-haspopup=\"dialog\"\n\t\t\tdata-wp-bind--aria-label=\"state.thisImage.triggerButtonAriaLabel\"\n\t\t\tdata-wp-init=\"callbacks.initTriggerButton\"\n\t\t\tdata-wp-on--click=\"actions.showLightbox\"\n\t\t\tdata-wp-style--right=\"state.thisImage.buttonRight\"\n\t\t\tdata-wp-style--top=\"state.thisImage.buttonTop\"\n\t\t>\n\t\t\t<svg xmlns=\"http:\/\/www.w3.org\/2000\/svg\" width=\"12\" height=\"12\" fill=\"none\" viewBox=\"0 0 12 12\">\n\t\t\t\t<path fill=\"#fff\" d=\"M2 0a2 2 0 0 0-2 2v2h1.5V2a.5.5 0 0 1 .5-.5h2V0H2Zm2 10.5H2a.5.5 0 0 1-.5-.5V8H0v2a2 2 0 0 0 2 2h2v-1.5ZM8 12v-1.5h2a.5.5 0 0 0 .5-.5V8H12v2a2 2 0 0 1-2 2H8Zm2-12a2 2 0 0 1 2 2v2h-1.5V2a.5.5 0 0 0-.5-.5H8V0h2Z\" \/>\n\t\t\t<\/svg>\n\t\t<\/button><figcaption class=\"wp-element-caption\">Fot\u00f3: Sorrisniva \/ hivatalos weboldal<\/figcaption><\/figure>\n\n\n\n<h3 class=\"wp-block-heading\"><span class=\"ez-toc-section\" id=\"3_Sorrisniva_Igloo_Hotel_Alta_Norvegia\"><\/span>3. Sorrisniva Igloo Hotel, Alta, Norv\u00e9gia<span class=\"ez-toc-section-end\"><\/span><\/h3>\n\n\n\n<p class=\"wp-block-paragraph\">A norv\u00e9g j\u00e9gpalota fantasztikus, 4,7 csillagos \u00e9rt\u00e9kel\u00e9st \u00e9rt el alig ezer v\u00e9lem\u00e9ny alapj\u00e1n, ami az <strong>eg\u00e9sz v\u00e1logat\u00e1sunk legjobbra \u00e9rt\u00e9kelt j\u00e9ghotel\u00e9v\u00e9<\/strong> teszi. A fest\u0151i norv\u00e9g Finnmark r\u00e9gi\u00f3ban fekszik, k\u00f6zvetlen\u00fcl az Alta foly\u00f3 partj\u00e1n, teh\u00e1t igaz\u00e1n m\u00e9lyen a sarkk\u00f6r\u00f6n t\u00fal, a teljesen vad \u00e9s szel\u00edd\u00edtetlen term\u00e9szetben. Az eg\u00e9sz sz\u00e1ll\u00e1skoncepci\u00f3 nagyon okosan \u00f6tv\u00f6zi a gy\u00f6ny\u00f6r\u0171 j\u00e9ghotelt egy eg\u00e9sz \u00e9vben nyitva tart\u00f3, hangulatos f\u00e1b\u00f3l \u00e9p\u00fclt lodge-dzsal.<\/p>\n\n\n\n<p class=\"wp-block-paragraph\">\u00cdgy minden gond n\u00e9lk\u00fcl <strong>v\u00e1ltogathatod a fagyos j\u00e9g\u00e9jszak\u00e1t a t\u00f6k\u00e9letes melegben t\u00f6lt\u00f6tt tart\u00f3zkod\u00e1ssal<\/strong>, ami pontosan az, amire a testednek egy m\u00ednuszos \u00e9jszaka ut\u00e1n sz\u00fcks\u00e9ge lesz. Mindez r\u00e1ad\u00e1sul egyetlen \u00f6sszef\u00fcgg\u0151 ter\u00fcleten zajlik, \u00edgy elmarad a b\u0151r\u00f6nd\u00f6k bonyolult cipel\u00e9se k\u00fcl\u00f6nb\u00f6z\u0151 hotelek k\u00f6z\u00f6tt. A k\u00f6rnyez\u0151 norv\u00e9g term\u00e9szet emellett hihetetlen\u00fcl fotog\u00e9n, \u00e9s rengeteg lehet\u0151s\u00e9get k\u00edn\u00e1l a r\u00f6vid t\u00e9li napok elt\u00f6lt\u00e9s\u00e9re.<\/p>\n\n\n\n<p class=\"wp-block-paragraph\">\ud83d\udca1 <strong>Tipp:<\/strong> Sz\u00e1nj elegend\u0151 id\u0151t a k\u00f6rny\u00e9k szabadt\u00e9ri programjaira is. A hotel k\u00f6zvetlen k\u00f6zel\u00e9ben a helyi szolg\u00e1ltat\u00f3k <strong>kutyasz\u00e1noz\u00e1st \u00e9s hossz\u00fa motoros sz\u00e1nos kir\u00e1ndul\u00e1sokat<\/strong> k\u00edn\u00e1lnak, amelyek az \u00e9szaki \u00e9lm\u00e9nyedet m\u00e9g egy szinttel feljebb emelik. <em><a href=\"https:\/\/www.stay22.com\/allez\/roam?aid=lukaskonecny&amp;campaign=loudavymkrokemcz&amp;campaign=netradicni-ubytovani-na-svete&amp;hotelname=Sorrisniva%20Igloo%20Hotel&amp;address=Alta%2C%20Norsko\" target=\"_blank\" rel=\"nofollow noopener sponsored\">\u00e1rak \u00e9s el\u00e9rhet\u0151s\u00e9g ellen\u0151rz\u00e9se<\/a><\/em><\/p>\n\n\n\n<figure data-wp-context=\"{&quot;imageId&quot;:&quot;6a9530c46878e&quot;}\" data-wp-interactive=\"core\/image\" data-wp-key=\"6a9530c46878e\" class=\"wp-block-image size-full wp-lightbox-container\"><img decoding=\"async\" width=\"1800\" height=\"1200\" data-wp-class--hide=\"state.isContentHidden\" data-wp-class--show=\"state.isContentVisible\" data-wp-init=\"callbacks.setButtonStyles\" data-wp-on--click=\"actions.showLightbox\" data-wp-on--load=\"callbacks.setButtonStyles\" data-wp-on--pointerdown=\"actions.preloadImage\" data-wp-on--pointerenter=\"actions.preloadImageWithDelay\" data-wp-on--pointerleave=\"actions.cancelPreload\" data-wp-on-window--resize=\"callbacks.setButtonStyles\" src=\"https:\/\/loudavymkrokem.cz\/wp-content\/uploads\/2026\/08\/snow-resort-kirkenes-1.jpg\" alt=\"K\u00e9k f\u00e9nnyel megvil\u00e1g\u00edtott j\u00e9gfolyos\u00f3 a Snow Resort Kirkenesben\" class=\"wp-image-404804\" title=\"\" srcset=\"https:\/\/loudavymkrokem.cz\/wp-content\/uploads\/2026\/08\/snow-resort-kirkenes-1.jpg 1800w, https:\/\/loudavymkrokem.cz\/wp-content\/uploads\/2026\/08\/snow-resort-kirkenes-1-300x200.jpg 300w, https:\/\/loudavymkrokem.cz\/wp-content\/uploads\/2026\/08\/snow-resort-kirkenes-1-700x467.jpg 700w, https:\/\/loudavymkrokem.cz\/wp-content\/uploads\/2026\/08\/snow-resort-kirkenes-1-768x512.jpg 768w, https:\/\/loudavymkrokem.cz\/wp-content\/uploads\/2026\/08\/snow-resort-kirkenes-1-1536x1024.jpg 1536w, https:\/\/loudavymkrokem.cz\/wp-content\/uploads\/2026\/08\/snow-resort-kirkenes-1-696x464.jpg 696w, https:\/\/loudavymkrokem.cz\/wp-content\/uploads\/2026\/08\/snow-resort-kirkenes-1-1392x928.jpg 1392w\" sizes=\"(max-width: 1800px) 100vw, 1800px\" \/><button\n\t\t\tclass=\"lightbox-trigger\"\n\t\t\ttype=\"button\"\n\t\t\taria-haspopup=\"dialog\"\n\t\t\tdata-wp-bind--aria-label=\"state.thisImage.triggerButtonAriaLabel\"\n\t\t\tdata-wp-init=\"callbacks.initTriggerButton\"\n\t\t\tdata-wp-on--click=\"actions.showLightbox\"\n\t\t\tdata-wp-style--right=\"state.thisImage.buttonRight\"\n\t\t\tdata-wp-style--top=\"state.thisImage.buttonTop\"\n\t\t>\n\t\t\t<svg xmlns=\"http:\/\/www.w3.org\/2000\/svg\" width=\"12\" height=\"12\" fill=\"none\" viewBox=\"0 0 12 12\">\n\t\t\t\t<path fill=\"#fff\" d=\"M2 0a2 2 0 0 0-2 2v2h1.5V2a.5.5 0 0 1 .5-.5h2V0H2Zm2 10.5H2a.5.5 0 0 1-.5-.5V8H0v2a2 2 0 0 0 2 2h2v-1.5ZM8 12v-1.5h2a.5.5 0 0 0 .5-.5V8H12v2a2 2 0 0 1-2 2H8Zm2-12a2 2 0 0 1 2 2v2h-1.5V2a.5.5 0 0 0-.5-.5H8V0h2Z\" \/>\n\t\t\t<\/svg>\n\t\t<\/button><figcaption class=\"wp-element-caption\">Fot\u00f3: Snow Resort Kirkenes \/ hivatalos weboldal<\/figcaption><\/figure>\n\n\n\n<h3 class=\"wp-block-heading\"><span class=\"ez-toc-section\" id=\"4_Snow_Resort_Kirkenes_Kirkenes_Norvegia\"><\/span>4. Snow Resort Kirkenes, Kirkenes, Norv\u00e9gia<span class=\"ez-toc-section-end\"><\/span><\/h3>\n\n\n\n<p class=\"wp-block-paragraph\">Ez az \u00f6sszetett \u00e9szaki unikum r\u00e9g\u00f3ta tartja kiv\u00e1l\u00f3, 4,6-os \u00e9rt\u00e9kel\u00e9s\u00e9t t\u00f6bb mint m\u00e1sf\u00e9l ezer v\u00e9lem\u00e9ny alapj\u00e1n. Ez egyben a leg\u00e9szakibb hely ebb\u0151l a n\u00e9gyesb\u0151l, mert csak egy kicsivel fekszik az orosz hat\u00e1rt\u00f3l. A klasszikus j\u00e9gszob\u00e1k mellett a hatalmas ter\u00fclet\u00e9n <strong>gy\u00f6ny\u00f6r\u0171 \u00fcvegiglukat \u00e9s hangulatos fah\u00e1zakat<\/strong> is tal\u00e1lsz, ami hihetetlen\u00fcl sokoldal\u00fav\u00e1 teszi.<\/p>\n\n\n\n<figure data-wp-context=\"{&quot;galleryId&quot;:&quot;6a9530c468912&quot;}\" data-wp-interactive=\"core\/gallery\" class=\"wp-block-gallery has-nested-images columns-2 is-cropped wp-block-gallery-is-layout-flex wp-block-gallery-2 is-layout-flex\">\n<figure data-wp-context=\"{&quot;imageId&quot;:&quot;6a9530c468bde&quot;}\" data-wp-interactive=\"core\/image\" data-wp-key=\"6a9530c468bde\" class=\"wp-block-image size-large wp-lightbox-container\"><img decoding=\"async\" width=\"1800\" height=\"1200\" data-wp-class--hide=\"state.isContentHidden\" data-wp-class--show=\"state.isContentVisible\" data-wp-init=\"callbacks.setButtonStyles\" data-wp-on--click=\"actions.showLightbox\" data-wp-on--load=\"callbacks.setButtonStyles\" data-wp-on--pointerdown=\"actions.preloadImage\" data-wp-on--pointerenter=\"actions.preloadImageWithDelay\" data-wp-on--pointerleave=\"actions.cancelPreload\" data-wp-on-window--resize=\"callbacks.setButtonStyles\" data-id=\"404805\" src=\"https:\/\/loudavymkrokem.cz\/wp-content\/uploads\/2026\/08\/snow-resort-kirkenes-2.jpg\" alt=\"Sarki f\u00e9ny Kirkenes felett\" class=\"wp-image-404805\" title=\"\" srcset=\"https:\/\/loudavymkrokem.cz\/wp-content\/uploads\/2026\/08\/snow-resort-kirkenes-2.jpg 1800w, https:\/\/loudavymkrokem.cz\/wp-content\/uploads\/2026\/08\/snow-resort-kirkenes-2-300x200.jpg 300w, https:\/\/loudavymkrokem.cz\/wp-content\/uploads\/2026\/08\/snow-resort-kirkenes-2-700x467.jpg 700w, https:\/\/loudavymkrokem.cz\/wp-content\/uploads\/2026\/08\/snow-resort-kirkenes-2-768x512.jpg 768w, https:\/\/loudavymkrokem.cz\/wp-content\/uploads\/2026\/08\/snow-resort-kirkenes-2-1536x1024.jpg 1536w, https:\/\/loudavymkrokem.cz\/wp-content\/uploads\/2026\/08\/snow-resort-kirkenes-2-696x464.jpg 696w, https:\/\/loudavymkrokem.cz\/wp-content\/uploads\/2026\/08\/snow-resort-kirkenes-2-1392x928.jpg 1392w\" sizes=\"(max-width: 1800px) 100vw, 1800px\" \/><button\n\t\t\tclass=\"lightbox-trigger\"\n\t\t\ttype=\"button\"\n\t\t\taria-haspopup=\"dialog\"\n\t\t\tdata-wp-bind--aria-label=\"state.thisImage.triggerButtonAriaLabel\"\n\t\t\tdata-wp-init=\"callbacks.initTriggerButton\"\n\t\t\tdata-wp-on--click=\"actions.showLightbox\"\n\t\t\tdata-wp-style--right=\"state.thisImage.buttonRight\"\n\t\t\tdata-wp-style--top=\"state.thisImage.buttonTop\"\n\t\t>\n\t\t\t<svg xmlns=\"http:\/\/www.w3.org\/2000\/svg\" width=\"12\" height=\"12\" fill=\"none\" viewBox=\"0 0 12 12\">\n\t\t\t\t<path fill=\"#fff\" d=\"M2 0a2 2 0 0 0-2 2v2h1.5V2a.5.5 0 0 1 .5-.5h2V0H2Zm2 10.5H2a.5.5 0 0 1-.5-.5V8H0v2a2 2 0 0 0 2 2h2v-1.5ZM8 12v-1.5h2a.5.5 0 0 0 .5-.5V8H12v2a2 2 0 0 1-2 2H8Zm2-12a2 2 0 0 1 2 2v2h-1.5V2a.5.5 0 0 0-.5-.5H8V0h2Z\" \/>\n\t\t\t<\/svg>\n\t\t<\/button><figcaption class=\"wp-element-caption\">Fot\u00f3: Snow Resort Kirkenes \/ hivatalos weboldal<\/figcaption><\/figure>\n\n\n\n<figure data-wp-context=\"{&quot;imageId&quot;:&quot;6a9530c468f16&quot;}\" data-wp-interactive=\"core\/image\" data-wp-key=\"6a9530c468f16\" class=\"wp-block-image size-large wp-lightbox-container\"><img decoding=\"async\" width=\"1557\" height=\"900\" data-wp-class--hide=\"state.isContentHidden\" data-wp-class--show=\"state.isContentVisible\" data-wp-init=\"callbacks.setButtonStyles\" data-wp-on--click=\"actions.showLightbox\" data-wp-on--load=\"callbacks.setButtonStyles\" data-wp-on--pointerdown=\"actions.preloadImage\" data-wp-on--pointerenter=\"actions.preloadImageWithDelay\" data-wp-on--pointerleave=\"actions.cancelPreload\" data-wp-on-window--resize=\"callbacks.setButtonStyles\" data-id=\"404806\" src=\"https:\/\/loudavymkrokem.cz\/wp-content\/uploads\/2026\/08\/snow-resort-kirkenes-3.jpg\" alt=\"A Snow Resort Kirkenes fah\u00e1zai ny\u00e1ron\" class=\"wp-image-404806\" title=\"\" srcset=\"https:\/\/loudavymkrokem.cz\/wp-content\/uploads\/2026\/08\/snow-resort-kirkenes-3.jpg 1557w, https:\/\/loudavymkrokem.cz\/wp-content\/uploads\/2026\/08\/snow-resort-kirkenes-3-300x173.jpg 300w, https:\/\/loudavymkrokem.cz\/wp-content\/uploads\/2026\/08\/snow-resort-kirkenes-3-700x405.jpg 700w, https:\/\/loudavymkrokem.cz\/wp-content\/uploads\/2026\/08\/snow-resort-kirkenes-3-768x444.jpg 768w, https:\/\/loudavymkrokem.cz\/wp-content\/uploads\/2026\/08\/snow-resort-kirkenes-3-1536x888.jpg 1536w, https:\/\/loudavymkrokem.cz\/wp-content\/uploads\/2026\/08\/snow-resort-kirkenes-3-696x402.jpg 696w, https:\/\/loudavymkrokem.cz\/wp-content\/uploads\/2026\/08\/snow-resort-kirkenes-3-1392x805.jpg 1392w\" sizes=\"(max-width: 1557px) 100vw, 1557px\" \/><button\n\t\t\tclass=\"lightbox-trigger\"\n\t\t\ttype=\"button\"\n\t\t\taria-haspopup=\"dialog\"\n\t\t\tdata-wp-bind--aria-label=\"state.thisImage.triggerButtonAriaLabel\"\n\t\t\tdata-wp-init=\"callbacks.initTriggerButton\"\n\t\t\tdata-wp-on--click=\"actions.showLightbox\"\n\t\t\tdata-wp-style--right=\"state.thisImage.buttonRight\"\n\t\t\tdata-wp-style--top=\"state.thisImage.buttonTop\"\n\t\t>\n\t\t\t<svg xmlns=\"http:\/\/www.w3.org\/2000\/svg\" width=\"12\" height=\"12\" fill=\"none\" viewBox=\"0 0 12 12\">\n\t\t\t\t<path fill=\"#fff\" d=\"M2 0a2 2 0 0 0-2 2v2h1.5V2a.5.5 0 0 1 .5-.5h2V0H2Zm2 10.5H2a.5.5 0 0 1-.5-.5V8H0v2a2 2 0 0 0 2 2h2v-1.5ZM8 12v-1.5h2a.5.5 0 0 0 .5-.5V8H12v2a2 2 0 0 1-2 2H8Zm2-12a2 2 0 0 1 2 2v2h-1.5V2a.5.5 0 0 0-.5-.5H8V0h2Z\" \/>\n\t\t\t<\/svg>\n\t\t<\/button><figcaption class=\"wp-element-caption\">Fot\u00f3: Snow Resort Kirkenes \/ hivatalos weboldal<\/figcaption><\/figure>\n<\/figure>\n\n\n\n<p class=\"wp-block-paragraph\">Ennek a hatalmas sz\u00e1ll\u00e1sk\u00edn\u00e1lati sokf\u00e9les\u00e9gnek k\u00f6sz\u00f6nhet\u0151en egyetlen resorton bel\u00fcl <strong>v\u00e1ltogathatod az adrenalinnal teli j\u00e9gben alv\u00e1st \u00e9s a k\u00e9nyelmes \u00e9jszakai \u00e9gboltra val\u00f3 r\u00e1l\u00e1t\u00e1st<\/strong> a f\u0171t\u00f6tt \u00e1gyb\u00f3l. Ez \u00f3ri\u00e1si el\u0151ny azoknak az utaz\u00f3knak, akik egyetlen nyaral\u00e1s alatt szeretn\u00e9k \u00e1t\u00e9lni az \u00f6sszes tipikus \u00e9szaki lakhat\u00e1si st\u00edlust, \u00e9s nem akarnak dr\u00e1ga id\u0151t vesztegetni az utazgat\u00e1ssal. A komplexum r\u00e1ad\u00e1sul teljesen profin m\u0171k\u00f6dik, a szem\u00e9lyzet pedig hozz\u00e1szokott a legig\u00e9nyesebb k\u00edv\u00e1ns\u00e1gok teljes\u00edt\u00e9s\u00e9hez is.<\/p>\n\n\n\n<p class=\"wp-block-paragraph\">\ud83d\udca1 <strong>Tipp:<\/strong> A t\u00e9rs\u00e9g nagy \u00e9s keresett specialit\u00e1sa a <strong>helyi r\u00e1kszafari a befagyott fjordon<\/strong>, ahov\u00e1 motoros sz\u00e1nokon indulnak. Innen egy karny\u00fajt\u00e1snyira a kik\u00f6t\u0151ben r\u00e1ad\u00e1sul a h\u00edres Hurtigruten partk\u00f6zeli expressz haj\u00f3i horgonyoznak.<\/p>\n\n\n\n<h2 class=\"wp-block-heading\"><span class=\"ez-toc-section\" id=\"2_Uvegiglyk_es_alvas_a_csillagok_alatt\"><\/span>2) \u00dcvegiglyk \u00e9s alv\u00e1s a csillagok alatt<span class=\"ez-toc-section-end\"><\/span><\/h2>\n\n\n\n<p class=\"wp-block-paragraph\">Ennek a kateg\u00f3ri\u00e1nak a var\u00e1zsa teljesen egy\u00e9rtelm\u0171, hiszen <strong>a f\u0171t\u00f6tt \u00e1gyban fekszel, feletted pedig kibontakozik az eg\u00e9sz \u00e9jszakai \u00e9gbolt<\/strong>. A val\u00f3s\u00e1g azonban kicsit bonyolultabb, \u00e9s nagyon j\u00f3zan elv\u00e1r\u00e1sokkal kell hozz\u00e1\u00e1llni, nehogy csal\u00f3dj.<\/p>\n\n\n\n<p class=\"wp-block-paragraph\">Ne feledd f\u0151leg azt, hogy <strong>a sarki f\u00e9nyt sohasem garant\u00e1lja neked senki<\/strong>, decemberben vagy janu\u00e1rban pedig a sarkk\u00f6r\u00f6n t\u00fal r\u00e1ad\u00e1sul szinte eg\u00e9sz nap s\u00f6t\u00e9t van. Egy igaz\u00e1n tiszta \u00e9jszak\u00e1n a k\u00fcls\u0151 h\u0151m\u00e9rs\u00e9klet olyan m\u00e9lyre s\u00fcllyed, hogy az iglu hatalmas \u00fcvegfel\u00fcleteit folyamatosan elektromosan kell f\u0171teni, hogy egy\u00e1ltal\u00e1n \u00e1tl\u00e1tsz\u00f3ak maradjanak \u00e9s ne fagyjanak be. A legjobb es\u00e9ly a sz\u00ednes \u00e9gi sz\u00ednj\u00e1t\u00e9kra \u00e1ltal\u00e1ban szeptember v\u00e9g\u00e9t\u0151l m\u00e1rcius v\u00e9g\u00e9ig van. <em><a href=\"https:\/\/www.stay22.com\/allez\/roam?aid=lukaskonecny&amp;campaign=loudavymkrokemcz&amp;campaign=netradicni-ubytovani-na-svete&amp;hotelname=Snow%20Resort%20Kirkenes&amp;address=Kirkenes%2C%20Norsko\" target=\"_blank\" rel=\"nofollow noopener sponsored\">\u00e1rak \u00e9s el\u00e9rhet\u0151s\u00e9g ellen\u0151rz\u00e9se<\/a><\/em><\/p>\n\n\n\n<figure data-wp-context=\"{&quot;imageId&quot;:&quot;6a9530c469583&quot;}\" data-wp-interactive=\"core\/image\" data-wp-key=\"6a9530c469583\" class=\"wp-block-image size-full wp-lightbox-container\"><img decoding=\"async\" width=\"1438\" height=\"958\" data-wp-class--hide=\"state.isContentHidden\" data-wp-class--show=\"state.isContentVisible\" data-wp-init=\"callbacks.setButtonStyles\" data-wp-on--click=\"actions.showLightbox\" data-wp-on--load=\"callbacks.setButtonStyles\" data-wp-on--pointerdown=\"actions.preloadImage\" data-wp-on--pointerenter=\"actions.preloadImageWithDelay\" data-wp-on--pointerleave=\"actions.cancelPreload\" data-wp-on-window--resize=\"callbacks.setButtonStyles\" src=\"https:\/\/loudavymkrokem.cz\/wp-content\/uploads\/2026\/08\/kakslauttanen-arctic-resort-east-village-1.jpg\" alt=\"\u00dcvegigluk Kakslauttanenben a sarki \u00e9jszak\u00e1n\" class=\"wp-image-404803\" title=\"\" srcset=\"https:\/\/loudavymkrokem.cz\/wp-content\/uploads\/2026\/08\/kakslauttanen-arctic-resort-east-village-1.jpg 1438w, https:\/\/loudavymkrokem.cz\/wp-content\/uploads\/2026\/08\/kakslauttanen-arctic-resort-east-village-1-300x200.jpg 300w, https:\/\/loudavymkrokem.cz\/wp-content\/uploads\/2026\/08\/kakslauttanen-arctic-resort-east-village-1-700x466.jpg 700w, https:\/\/loudavymkrokem.cz\/wp-content\/uploads\/2026\/08\/kakslauttanen-arctic-resort-east-village-1-768x512.jpg 768w, https:\/\/loudavymkrokem.cz\/wp-content\/uploads\/2026\/08\/kakslauttanen-arctic-resort-east-village-1-696x464.jpg 696w, https:\/\/loudavymkrokem.cz\/wp-content\/uploads\/2026\/08\/kakslauttanen-arctic-resort-east-village-1-1392x927.jpg 1392w\" sizes=\"(max-width: 1438px) 100vw, 1438px\" \/><button\n\t\t\tclass=\"lightbox-trigger\"\n\t\t\ttype=\"button\"\n\t\t\taria-haspopup=\"dialog\"\n\t\t\tdata-wp-bind--aria-label=\"state.thisImage.triggerButtonAriaLabel\"\n\t\t\tdata-wp-init=\"callbacks.initTriggerButton\"\n\t\t\tdata-wp-on--click=\"actions.showLightbox\"\n\t\t\tdata-wp-style--right=\"state.thisImage.buttonRight\"\n\t\t\tdata-wp-style--top=\"state.thisImage.buttonTop\"\n\t\t>\n\t\t\t<svg xmlns=\"http:\/\/www.w3.org\/2000\/svg\" width=\"12\" height=\"12\" fill=\"none\" viewBox=\"0 0 12 12\">\n\t\t\t\t<path fill=\"#fff\" d=\"M2 0a2 2 0 0 0-2 2v2h1.5V2a.5.5 0 0 1 .5-.5h2V0H2Zm2 10.5H2a.5.5 0 0 1-.5-.5V8H0v2a2 2 0 0 0 2 2h2v-1.5ZM8 12v-1.5h2a.5.5 0 0 0 .5-.5V8H12v2a2 2 0 0 1-2 2H8Zm2-12a2 2 0 0 1 2 2v2h-1.5V2a.5.5 0 0 0-.5-.5H8V0h2Z\" \/>\n\t\t\t<\/svg>\n\t\t<\/button><figcaption class=\"wp-element-caption\">Fot\u00f3: Kakslauttanen Arctic Resort \/ hivatalos weboldal<\/figcaption><\/figure>\n\n\n\n<h3 class=\"wp-block-heading\"><span class=\"ez-toc-section\" id=\"5_Kakslauttanen_Arctic_Resort_Saariselka_Finnorszag\"><\/span>5. Kakslauttanen Arctic Resort, Saariselk\u00e4, Finnorsz\u00e1g<span class=\"ez-toc-section-end\"><\/span><\/h3>\n\n\n\n<p class=\"wp-block-paragraph\">Ez a hatalmas finn komplexum rejti a <strong>vil\u00e1g legismertebb \u00fcvegigluit<\/strong>, \u00e9s 4,1-es \u00e9rt\u00e9kel\u00e9st tart majdnem m\u00e1sf\u00e9l ezer v\u00e9lem\u00e9ny alapj\u00e1n. \u00c9pp egyetlen v\u00edrusszer\u0171en terjed\u0151 innen k\u00e9sz\u00fclt fot\u00f3 volt az, ami \u00e9vekkel ezel\u0151tt elind\u00edtotta ezt az eg\u00e9sz glob\u00e1lis utaz\u00f3i trendet. Az eg\u00e9sz ter\u00fclet keleti \u00e9s nyugati falura oszlik, \u00e9s az iglukon k\u00edv\u00fcl massz\u00edv Kelo r\u00f6nkfah\u00e1zakat, hagyom\u00e1nyos szaun\u00e1kat, valamint n\u00e9pszer\u0171 husky szafarikat \u00e9s motoros sz\u00e1nos kir\u00e1ndul\u00e1sokat is k\u00edn\u00e1l. Az \u00fajabb iglumodellek szerencs\u00e9re m\u00e1r saj\u00e1t f\u00fcrd\u0151szob\u00e1val \u00e9s priv\u00e1t szaun\u00e1val is rendelkeznek.<\/p>\n\n\n\n<p class=\"wp-block-paragraph\">Ennek ellen\u00e9re ez az ikonikus resort <strong>a legalacsonyabb \u00e9rt\u00e9kel\u00e9ssel b\u00edr eg\u00e9sz szekci\u00f3nkban<\/strong>. M\u00edg a lelkes v\u00e9lem\u00e9nyek egy igazi \u00e9letre sz\u00f3l\u00f3 \u00e9lm\u00e9nyr\u0151l besz\u00e9lnek, a kritikusak eg\u00e9szen egy\u00e9rtelm\u0171en jelzik, hogy az\u00e9rt a csillag\u00e1szati \u00e1r\u00e9rt a vend\u00e9gek egyszer\u0171en sokkal t\u00f6bbet v\u00e1rtak, \u00e9s a komplexum karbantart\u00e1sa el\u00e9gg\u00e9 s\u00e1nt\u00edt. A szob\u00e1k gyakran nem felelnek meg az \u00e1rc\u00e9dul\u00e1nak, amit fizetsz \u00e9rt\u00fck.<\/p>\n\n\n\n<p class=\"wp-block-paragraph\">\ud83d\udca1 <strong>Tipp:<\/strong> Vedd egyszer\u0171en \u00fagy, hogy <strong>egy h\u00edres legend\u00e1\u00e9rt fizetsz, nem a legjobb \u00e1r-\u00e9rt\u00e9k ar\u00e1ny\u00e9rt<\/strong>. Ha ez az \u00e9leted \u00e1lma, mindenk\u00e9pp indulj \u00fatnak, de nagyon re\u00e1lis elv\u00e1r\u00e1said legyenek a luxust \u00e9s a hib\u00e1tlan kiszolg\u00e1l\u00e1st illet\u0151en. <em><a href=\"https:\/\/www.stay22.com\/allez\/roam?aid=lukaskonecny&amp;campaign=loudavymkrokemcz&amp;campaign=netradicni-ubytovani-na-svete&amp;hotelname=Kakslauttanen%20Arctic%20Resort&amp;address=Saariselk%C3%A4%2C%20Finsko\" target=\"_blank\" rel=\"nofollow noopener sponsored\">\u00e1rak \u00e9s el\u00e9rhet\u0151s\u00e9g ellen\u0151rz\u00e9se<\/a><\/em><\/p>\n\n\n\n<figure data-wp-context=\"{&quot;imageId&quot;:&quot;6a9530c469d37&quot;}\" data-wp-interactive=\"core\/image\" data-wp-key=\"6a9530c469d37\" class=\"wp-block-image size-full wp-lightbox-container\"><img decoding=\"async\" width=\"1200\" height=\"630\" data-wp-class--hide=\"state.isContentHidden\" data-wp-class--show=\"state.isContentVisible\" data-wp-init=\"callbacks.setButtonStyles\" data-wp-on--click=\"actions.showLightbox\" data-wp-on--load=\"callbacks.setButtonStyles\" data-wp-on--pointerdown=\"actions.preloadImage\" data-wp-on--pointerenter=\"actions.preloadImageWithDelay\" data-wp-on--pointerleave=\"actions.cancelPreload\" data-wp-on-window--resize=\"callbacks.setButtonStyles\" src=\"https:\/\/loudavymkrokem.cz\/wp-content\/uploads\/2026\/08\/levin-iglut-glass-igloos-1.jpg\" alt=\"A Levin Iglut \u00fcvegiglui a havas v\u00f6lgy felett\" class=\"wp-image-404800\" title=\"\" srcset=\"https:\/\/loudavymkrokem.cz\/wp-content\/uploads\/2026\/08\/levin-iglut-glass-igloos-1.jpg 1200w, https:\/\/loudavymkrokem.cz\/wp-content\/uploads\/2026\/08\/levin-iglut-glass-igloos-1-300x158.jpg 300w, https:\/\/loudavymkrokem.cz\/wp-content\/uploads\/2026\/08\/levin-iglut-glass-igloos-1-700x368.jpg 700w, https:\/\/loudavymkrokem.cz\/wp-content\/uploads\/2026\/08\/levin-iglut-glass-igloos-1-768x403.jpg 768w, https:\/\/loudavymkrokem.cz\/wp-content\/uploads\/2026\/08\/levin-iglut-glass-igloos-1-696x365.jpg 696w\" sizes=\"(max-width: 1200px) 100vw, 1200px\" \/><button\n\t\t\tclass=\"lightbox-trigger\"\n\t\t\ttype=\"button\"\n\t\t\taria-haspopup=\"dialog\"\n\t\t\tdata-wp-bind--aria-label=\"state.thisImage.triggerButtonAriaLabel\"\n\t\t\tdata-wp-init=\"callbacks.initTriggerButton\"\n\t\t\tdata-wp-on--click=\"actions.showLightbox\"\n\t\t\tdata-wp-style--right=\"state.thisImage.buttonRight\"\n\t\t\tdata-wp-style--top=\"state.thisImage.buttonTop\"\n\t\t>\n\t\t\t<svg xmlns=\"http:\/\/www.w3.org\/2000\/svg\" width=\"12\" height=\"12\" fill=\"none\" viewBox=\"0 0 12 12\">\n\t\t\t\t<path fill=\"#fff\" d=\"M2 0a2 2 0 0 0-2 2v2h1.5V2a.5.5 0 0 1 .5-.5h2V0H2Zm2 10.5H2a.5.5 0 0 1-.5-.5V8H0v2a2 2 0 0 0 2 2h2v-1.5ZM8 12v-1.5h2a.5.5 0 0 0 .5-.5V8H12v2a2 2 0 0 1-2 2H8Zm2-12a2 2 0 0 1 2 2v2h-1.5V2a.5.5 0 0 0-.5-.5H8V0h2Z\" \/>\n\t\t\t<\/svg>\n\t\t<\/button><figcaption class=\"wp-element-caption\">Fot\u00f3: Levin Iglut \/ hivatalos weboldal<\/figcaption><\/figure>\n\n\n\n<h3 class=\"wp-block-heading\"><span class=\"ez-toc-section\" id=\"6_Levin_Iglut_Levi_Finnorszag\"><\/span>6. Levin Iglut, Levi, Finnorsz\u00e1g<span class=\"ez-toc-section-end\"><\/span><\/h3>\n\n\n\n<p class=\"wp-block-paragraph\">Egy m\u00e1sik gy\u00f6ny\u00f6r\u0171 finn gy\u00f6ngyszem, 4,3-as \u00e9rt\u00e9kel\u00e9ssel t\u00f6bb sz\u00e1z v\u00e9lem\u00e9ny alapj\u00e1n, elk\u00e9peszt\u0151 \u00fcvegiglukat k\u00edn\u00e1l, amelyek <strong>k\u00f6zvetlen\u00fcl egy meredek lejt\u0151n \u00e9p\u00fcltek, l\u00e9legzetel\u00e1ll\u00edt\u00f3 kil\u00e1t\u00e1ssal a m\u00e9ly v\u00f6lgybe<\/strong>, nem pedig valahol az erd\u0151 s\u00edk r\u00e9sz\u00e9n elrejtve. Ennek a fantasztikus, strat\u00e9giai fekv\u00e9snek k\u00f6sz\u00f6nhet\u0151en hihetetlen\u00fcl j\u00f3l fot\u00f3zhatod innen mind a dr\u00e1mai naplement\u00e9t, mind az esetleges sarki f\u00e9nyt, amelyet itt semmilyen fa nem takar el.<\/p>\n\n\n\n<figure data-wp-context=\"{&quot;galleryId&quot;:&quot;6a9530c46a036&quot;}\" data-wp-interactive=\"core\/gallery\" class=\"wp-block-gallery has-nested-images columns-2 is-cropped wp-block-gallery-is-layout-flex wp-block-gallery-3 is-layout-flex\">\n<figure data-wp-context=\"{&quot;imageId&quot;:&quot;6a9530c46a3bc&quot;}\" data-wp-interactive=\"core\/image\" data-wp-key=\"6a9530c46a3bc\" class=\"wp-block-image size-large wp-lightbox-container\"><img decoding=\"async\" width=\"1800\" height=\"1800\" data-wp-class--hide=\"state.isContentHidden\" data-wp-class--show=\"state.isContentVisible\" data-wp-init=\"callbacks.setButtonStyles\" data-wp-on--click=\"actions.showLightbox\" data-wp-on--load=\"callbacks.setButtonStyles\" data-wp-on--pointerdown=\"actions.preloadImage\" data-wp-on--pointerenter=\"actions.preloadImageWithDelay\" data-wp-on--pointerleave=\"actions.cancelPreload\" data-wp-on-window--resize=\"callbacks.setButtonStyles\" data-id=\"404801\" src=\"https:\/\/loudavymkrokem.cz\/wp-content\/uploads\/2026\/08\/levin-iglut-glass-igloos-2.jpg\" alt=\"A Levin Iglut \u00fcvegiglu belseje pezsg\u0151f\u00fcrd\u0151vel\" class=\"wp-image-404801\" title=\"\" srcset=\"https:\/\/loudavymkrokem.cz\/wp-content\/uploads\/2026\/08\/levin-iglut-glass-igloos-2.jpg 1800w, https:\/\/loudavymkrokem.cz\/wp-content\/uploads\/2026\/08\/levin-iglut-glass-igloos-2-300x300.jpg 300w, https:\/\/loudavymkrokem.cz\/wp-content\/uploads\/2026\/08\/levin-iglut-glass-igloos-2-700x700.jpg 700w, https:\/\/loudavymkrokem.cz\/wp-content\/uploads\/2026\/08\/levin-iglut-glass-igloos-2-150x150.jpg 150w, https:\/\/loudavymkrokem.cz\/wp-content\/uploads\/2026\/08\/levin-iglut-glass-igloos-2-768x768.jpg 768w, https:\/\/loudavymkrokem.cz\/wp-content\/uploads\/2026\/08\/levin-iglut-glass-igloos-2-1536x1536.jpg 1536w, https:\/\/loudavymkrokem.cz\/wp-content\/uploads\/2026\/08\/levin-iglut-glass-igloos-2-696x696.jpg 696w, https:\/\/loudavymkrokem.cz\/wp-content\/uploads\/2026\/08\/levin-iglut-glass-igloos-2-1392x1392.jpg 1392w\" sizes=\"(max-width: 1800px) 100vw, 1800px\" \/><button\n\t\t\tclass=\"lightbox-trigger\"\n\t\t\ttype=\"button\"\n\t\t\taria-haspopup=\"dialog\"\n\t\t\tdata-wp-bind--aria-label=\"state.thisImage.triggerButtonAriaLabel\"\n\t\t\tdata-wp-init=\"callbacks.initTriggerButton\"\n\t\t\tdata-wp-on--click=\"actions.showLightbox\"\n\t\t\tdata-wp-style--right=\"state.thisImage.buttonRight\"\n\t\t\tdata-wp-style--top=\"state.thisImage.buttonTop\"\n\t\t>\n\t\t\t<svg xmlns=\"http:\/\/www.w3.org\/2000\/svg\" width=\"12\" height=\"12\" fill=\"none\" viewBox=\"0 0 12 12\">\n\t\t\t\t<path fill=\"#fff\" d=\"M2 0a2 2 0 0 0-2 2v2h1.5V2a.5.5 0 0 1 .5-.5h2V0H2Zm2 10.5H2a.5.5 0 0 1-.5-.5V8H0v2a2 2 0 0 0 2 2h2v-1.5ZM8 12v-1.5h2a.5.5 0 0 0 .5-.5V8H12v2a2 2 0 0 1-2 2H8Zm2-12a2 2 0 0 1 2 2v2h-1.5V2a.5.5 0 0 0-.5-.5H8V0h2Z\" \/>\n\t\t\t<\/svg>\n\t\t<\/button><figcaption class=\"wp-element-caption\">Fot\u00f3: Levin Iglut \/ hivatalos weboldal<\/figcaption><\/figure>\n\n\n\n<figure data-wp-context=\"{&quot;imageId&quot;:&quot;6a9530c46a8fa&quot;}\" data-wp-interactive=\"core\/image\" data-wp-key=\"6a9530c46a8fa\" class=\"wp-block-image size-large wp-lightbox-container\"><img decoding=\"async\" width=\"1800\" height=\"1800\" data-wp-class--hide=\"state.isContentHidden\" data-wp-class--show=\"state.isContentVisible\" data-wp-init=\"callbacks.setButtonStyles\" data-wp-on--click=\"actions.showLightbox\" data-wp-on--load=\"callbacks.setButtonStyles\" data-wp-on--pointerdown=\"actions.preloadImage\" data-wp-on--pointerenter=\"actions.preloadImageWithDelay\" data-wp-on--pointerleave=\"actions.cancelPreload\" data-wp-on-window--resize=\"callbacks.setButtonStyles\" data-id=\"404802\" src=\"https:\/\/loudavymkrokem.cz\/wp-content\/uploads\/2026\/08\/levin-iglut-glass-igloos-3.jpg\" alt=\"A Levin Iglut ny\u00e1ri t\u00e1jban\" class=\"wp-image-404802\" title=\"\" srcset=\"https:\/\/loudavymkrokem.cz\/wp-content\/uploads\/2026\/08\/levin-iglut-glass-igloos-3.jpg 1800w, https:\/\/loudavymkrokem.cz\/wp-content\/uploads\/2026\/08\/levin-iglut-glass-igloos-3-300x300.jpg 300w, https:\/\/loudavymkrokem.cz\/wp-content\/uploads\/2026\/08\/levin-iglut-glass-igloos-3-700x700.jpg 700w, https:\/\/loudavymkrokem.cz\/wp-content\/uploads\/2026\/08\/levin-iglut-glass-igloos-3-150x150.jpg 150w, https:\/\/loudavymkrokem.cz\/wp-content\/uploads\/2026\/08\/levin-iglut-glass-igloos-3-768x768.jpg 768w, https:\/\/loudavymkrokem.cz\/wp-content\/uploads\/2026\/08\/levin-iglut-glass-igloos-3-1536x1536.jpg 1536w, https:\/\/loudavymkrokem.cz\/wp-content\/uploads\/2026\/08\/levin-iglut-glass-igloos-3-696x696.jpg 696w, https:\/\/loudavymkrokem.cz\/wp-content\/uploads\/2026\/08\/levin-iglut-glass-igloos-3-1392x1392.jpg 1392w\" sizes=\"(max-width: 1800px) 100vw, 1800px\" \/><button\n\t\t\tclass=\"lightbox-trigger\"\n\t\t\ttype=\"button\"\n\t\t\taria-haspopup=\"dialog\"\n\t\t\tdata-wp-bind--aria-label=\"state.thisImage.triggerButtonAriaLabel\"\n\t\t\tdata-wp-init=\"callbacks.initTriggerButton\"\n\t\t\tdata-wp-on--click=\"actions.showLightbox\"\n\t\t\tdata-wp-style--right=\"state.thisImage.buttonRight\"\n\t\t\tdata-wp-style--top=\"state.thisImage.buttonTop\"\n\t\t>\n\t\t\t<svg xmlns=\"http:\/\/www.w3.org\/2000\/svg\" width=\"12\" height=\"12\" fill=\"none\" viewBox=\"0 0 12 12\">\n\t\t\t\t<path fill=\"#fff\" d=\"M2 0a2 2 0 0 0-2 2v2h1.5V2a.5.5 0 0 1 .5-.5h2V0H2Zm2 10.5H2a.5.5 0 0 1-.5-.5V8H0v2a2 2 0 0 0 2 2h2v-1.5ZM8 12v-1.5h2a.5.5 0 0 0 .5-.5V8H12v2a2 2 0 0 1-2 2H8Zm2-12a2 2 0 0 1 2 2v2h-1.5V2a.5.5 0 0 0-.5-.5H8V0h2Z\" \/>\n\t\t\t<\/svg>\n\t\t<\/button><figcaption class=\"wp-element-caption\">Fot\u00f3: Levin Iglut \/ hivatalos weboldal<\/figcaption><\/figure>\n<\/figure>\n\n\n\n<p class=\"wp-block-paragraph\">Ennek a kedvelt szezon\u00e1lis resortnak a r\u00e9sze a kiv\u00e1l\u00f3 Utsu \u00e9tterem is, amely r\u00e9g\u00f3ta hatalmas dics\u00e9retet zsebel be a helyi gasztron\u00f3mi\u00e1j\u00e1\u00e9rt. \u00d6sszess\u00e9g\u00e9ben kicsivel <strong>intimebb \u00e9s nyugodtabb \u00e9lm\u00e9ny<\/strong>, mint az \u00f3ri\u00e1si kereskedelmi resortokban, ahol naponta t\u00f6bb sz\u00e1z turista rohang\u00e1l. Az \u00fczemeltet\u00e9s azonban itt szigor\u00faan szezon\u00e1lis, \u00edgy az id\u0151pontot gondosan meg kell figyelned.<\/p>\n\n\n\n<p class=\"wp-block-paragraph\">\ud83d\udca1 <strong>Tipp:<\/strong> A sarki f\u00e9ny megpillant\u00e1s\u00e1nak legjobb es\u00e9lye \u00e1ltal\u00e1ban <strong>szeptember v\u00e9g\u00e9t\u0151l m\u00e1rcius v\u00e9g\u00e9ig<\/strong> van. Ezen a f\u0151 t\u00e9li szezonon k\u00edv\u00fcl az eg\u00e9sz resort gyakran nem is \u00fczemel teljes g\u0151zzel, \u00edgy az el\u00e9rhet\u0151s\u00e9get ink\u00e1bb kell\u0151 id\u0151ben ellen\u0151rizd. <em><a href=\"https:\/\/www.stay22.com\/allez\/roam?aid=lukaskonecny&amp;campaign=loudavymkrokemcz&amp;campaign=netradicni-ubytovani-na-svete&amp;hotelname=Levin%20Iglut&amp;address=Levi%2C%20Finsko\" target=\"_blank\" rel=\"nofollow noopener sponsored\">\u00e1rak \u00e9s el\u00e9rhet\u0151s\u00e9g ellen\u0151rz\u00e9se<\/a><\/em><\/p>\n\n\n\n<figure data-wp-context=\"{&quot;imageId&quot;:&quot;6a9530c46b0d7&quot;}\" data-wp-interactive=\"core\/image\" data-wp-key=\"6a9530c46b0d7\" class=\"wp-block-image size-full wp-lightbox-container\"><img decoding=\"async\" width=\"1800\" height=\"1200\" data-wp-class--hide=\"state.isContentHidden\" data-wp-class--show=\"state.isContentVisible\" data-wp-init=\"callbacks.setButtonStyles\" data-wp-on--click=\"actions.showLightbox\" data-wp-on--load=\"callbacks.setButtonStyles\" data-wp-on--pointerdown=\"actions.preloadImage\" data-wp-on--pointerenter=\"actions.preloadImageWithDelay\" data-wp-on--pointerleave=\"actions.cancelPreload\" data-wp-on-window--resize=\"callbacks.setButtonStyles\" src=\"https:\/\/loudavymkrokem.cz\/wp-content\/uploads\/2026\/08\/arctic-treehouse-hotel-1.jpg\" alt=\"Az Arctic TreeHouse Hotel \u00fcvegezett fah\u00e1zai az erd\u0151ben\" class=\"wp-image-404797\" title=\"\" srcset=\"https:\/\/loudavymkrokem.cz\/wp-content\/uploads\/2026\/08\/arctic-treehouse-hotel-1.jpg 1800w, https:\/\/loudavymkrokem.cz\/wp-content\/uploads\/2026\/08\/arctic-treehouse-hotel-1-300x200.jpg 300w, https:\/\/loudavymkrokem.cz\/wp-content\/uploads\/2026\/08\/arctic-treehouse-hotel-1-700x467.jpg 700w, https:\/\/loudavymkrokem.cz\/wp-content\/uploads\/2026\/08\/arctic-treehouse-hotel-1-768x512.jpg 768w, https:\/\/loudavymkrokem.cz\/wp-content\/uploads\/2026\/08\/arctic-treehouse-hotel-1-1536x1024.jpg 1536w, https:\/\/loudavymkrokem.cz\/wp-content\/uploads\/2026\/08\/arctic-treehouse-hotel-1-696x464.jpg 696w, https:\/\/loudavymkrokem.cz\/wp-content\/uploads\/2026\/08\/arctic-treehouse-hotel-1-1392x928.jpg 1392w\" sizes=\"(max-width: 1800px) 100vw, 1800px\" \/><button\n\t\t\tclass=\"lightbox-trigger\"\n\t\t\ttype=\"button\"\n\t\t\taria-haspopup=\"dialog\"\n\t\t\tdata-wp-bind--aria-label=\"state.thisImage.triggerButtonAriaLabel\"\n\t\t\tdata-wp-init=\"callbacks.initTriggerButton\"\n\t\t\tdata-wp-on--click=\"actions.showLightbox\"\n\t\t\tdata-wp-style--right=\"state.thisImage.buttonRight\"\n\t\t\tdata-wp-style--top=\"state.thisImage.buttonTop\"\n\t\t>\n\t\t\t<svg xmlns=\"http:\/\/www.w3.org\/2000\/svg\" width=\"12\" height=\"12\" fill=\"none\" viewBox=\"0 0 12 12\">\n\t\t\t\t<path fill=\"#fff\" d=\"M2 0a2 2 0 0 0-2 2v2h1.5V2a.5.5 0 0 1 .5-.5h2V0H2Zm2 10.5H2a.5.5 0 0 1-.5-.5V8H0v2a2 2 0 0 0 2 2h2v-1.5ZM8 12v-1.5h2a.5.5 0 0 0 .5-.5V8H12v2a2 2 0 0 1-2 2H8Zm2-12a2 2 0 0 1 2 2v2h-1.5V2a.5.5 0 0 0-.5-.5H8V0h2Z\" \/>\n\t\t\t<\/svg>\n\t\t<\/button><figcaption class=\"wp-element-caption\">Fot\u00f3: Arctic TreeHouse Hotel \/ hivatalos weboldal<\/figcaption><\/figure>\n\n\n\n<h3 class=\"wp-block-heading\"><span class=\"ez-toc-section\" id=\"7_Arctic_TreeHouse_Hotel_Rovaniemi_Finnorszag\"><\/span>7. Arctic TreeHouse Hotel, Rovaniemi, Finnorsz\u00e1g<span class=\"ez-toc-section-end\"><\/span><\/h3>\n\n\n\n<p class=\"wp-block-paragraph\">Ez az \u00e9szaki diz\u00e1jngy\u00f6ngyszem sz\u00e9p, 4,4-es \u00e9rt\u00e9kel\u00e9ssel b\u00edr, \u00e9s luxus f\u00e1b\u00f3l \u00e9p\u00fclt, oszlopokon a f\u00e1k koron\u00e1j\u00e1ba helyezett fah\u00e1zakat k\u00edn\u00e1l <strong>hatalmas \u00fcvegezett homlokfallal<\/strong>. Nagyon strat\u00e9giai helyen, k\u00f6zvetlen\u00fcl a rovaniemi h\u00edres Santa Park mellett fekszik, \u00e9s t\u00f6k\u00e9letesen \u00f6tv\u00f6zi az \u00e9jszakai \u00e9gboltra val\u00f3 elk\u00e9peszt\u0151 kil\u00e1t\u00e1st egy cs\u00facskateg\u00f3ri\u00e1s modern hotel minden k\u00e9nyelm\u00e9vel. Az eg\u00e9sz sz\u00e1ll\u00e1skomplexumot r\u00e1ad\u00e1sul a nagyon n\u00e9pszer\u0171, helyi alapanyagokb\u00f3l dolgoz\u00f3 Rakas \u00e9tterem eg\u00e9sz\u00edti ki.<\/p>\n\n\n\n<figure data-wp-context=\"{&quot;galleryId&quot;:&quot;6a9530c46b3b5&quot;}\" data-wp-interactive=\"core\/gallery\" class=\"wp-block-gallery has-nested-images columns-2 is-cropped wp-block-gallery-is-layout-flex wp-block-gallery-4 is-layout-flex\">\n<figure data-wp-context=\"{&quot;imageId&quot;:&quot;6a9530c46b67b&quot;}\" data-wp-interactive=\"core\/image\" data-wp-key=\"6a9530c46b67b\" class=\"wp-block-image size-large wp-lightbox-container\"><img decoding=\"async\" width=\"1800\" height=\"1800\" data-wp-class--hide=\"state.isContentHidden\" data-wp-class--show=\"state.isContentVisible\" data-wp-init=\"callbacks.setButtonStyles\" data-wp-on--click=\"actions.showLightbox\" data-wp-on--load=\"callbacks.setButtonStyles\" data-wp-on--pointerdown=\"actions.preloadImage\" data-wp-on--pointerenter=\"actions.preloadImageWithDelay\" data-wp-on--pointerleave=\"actions.cancelPreload\" data-wp-on-window--resize=\"callbacks.setButtonStyles\" data-id=\"404798\" src=\"https:\/\/loudavymkrokem.cz\/wp-content\/uploads\/2026\/08\/arctic-treehouse-hotel-2.jpg\" alt=\"Az Arctic TreeHouse fah\u00e1z belseje kil\u00e1t\u00e1ssal a fakoron\u00e1kra\" class=\"wp-image-404798\" title=\"\" srcset=\"https:\/\/loudavymkrokem.cz\/wp-content\/uploads\/2026\/08\/arctic-treehouse-hotel-2.jpg 1800w, https:\/\/loudavymkrokem.cz\/wp-content\/uploads\/2026\/08\/arctic-treehouse-hotel-2-300x300.jpg 300w, https:\/\/loudavymkrokem.cz\/wp-content\/uploads\/2026\/08\/arctic-treehouse-hotel-2-700x700.jpg 700w, https:\/\/loudavymkrokem.cz\/wp-content\/uploads\/2026\/08\/arctic-treehouse-hotel-2-150x150.jpg 150w, https:\/\/loudavymkrokem.cz\/wp-content\/uploads\/2026\/08\/arctic-treehouse-hotel-2-768x768.jpg 768w, https:\/\/loudavymkrokem.cz\/wp-content\/uploads\/2026\/08\/arctic-treehouse-hotel-2-1536x1536.jpg 1536w, https:\/\/loudavymkrokem.cz\/wp-content\/uploads\/2026\/08\/arctic-treehouse-hotel-2-696x696.jpg 696w, https:\/\/loudavymkrokem.cz\/wp-content\/uploads\/2026\/08\/arctic-treehouse-hotel-2-1392x1392.jpg 1392w\" sizes=\"(max-width: 1800px) 100vw, 1800px\" \/><button\n\t\t\tclass=\"lightbox-trigger\"\n\t\t\ttype=\"button\"\n\t\t\taria-haspopup=\"dialog\"\n\t\t\tdata-wp-bind--aria-label=\"state.thisImage.triggerButtonAriaLabel\"\n\t\t\tdata-wp-init=\"callbacks.initTriggerButton\"\n\t\t\tdata-wp-on--click=\"actions.showLightbox\"\n\t\t\tdata-wp-style--right=\"state.thisImage.buttonRight\"\n\t\t\tdata-wp-style--top=\"state.thisImage.buttonTop\"\n\t\t>\n\t\t\t<svg xmlns=\"http:\/\/www.w3.org\/2000\/svg\" width=\"12\" height=\"12\" fill=\"none\" viewBox=\"0 0 12 12\">\n\t\t\t\t<path fill=\"#fff\" d=\"M2 0a2 2 0 0 0-2 2v2h1.5V2a.5.5 0 0 1 .5-.5h2V0H2Zm2 10.5H2a.5.5 0 0 1-.5-.5V8H0v2a2 2 0 0 0 2 2h2v-1.5ZM8 12v-1.5h2a.5.5 0 0 0 .5-.5V8H12v2a2 2 0 0 1-2 2H8Zm2-12a2 2 0 0 1 2 2v2h-1.5V2a.5.5 0 0 0-.5-.5H8V0h2Z\" \/>\n\t\t\t<\/svg>\n\t\t<\/button><figcaption class=\"wp-element-caption\">Fot\u00f3: Arctic TreeHouse Hotel \/ hivatalos weboldal<\/figcaption><\/figure>\n\n\n\n<figure data-wp-context=\"{&quot;imageId&quot;:&quot;6a9530c46b9f6&quot;}\" data-wp-interactive=\"core\/image\" data-wp-key=\"6a9530c46b9f6\" class=\"wp-block-image size-large wp-lightbox-container\"><img decoding=\"async\" width=\"1800\" height=\"1800\" data-wp-class--hide=\"state.isContentHidden\" data-wp-class--show=\"state.isContentVisible\" data-wp-init=\"callbacks.setButtonStyles\" data-wp-on--click=\"actions.showLightbox\" data-wp-on--load=\"callbacks.setButtonStyles\" data-wp-on--pointerdown=\"actions.preloadImage\" data-wp-on--pointerenter=\"actions.preloadImageWithDelay\" data-wp-on--pointerleave=\"actions.cancelPreload\" data-wp-on-window--resize=\"callbacks.setButtonStyles\" data-id=\"404799\" src=\"https:\/\/loudavymkrokem.cz\/wp-content\/uploads\/2026\/08\/arctic-treehouse-hotel-3.jpg\" alt=\"Az Arctic TreeHouse Hotel ny\u00e1ri z\u00f6ldben\" class=\"wp-image-404799\" title=\"\" srcset=\"https:\/\/loudavymkrokem.cz\/wp-content\/uploads\/2026\/08\/arctic-treehouse-hotel-3.jpg 1800w, https:\/\/loudavymkrokem.cz\/wp-content\/uploads\/2026\/08\/arctic-treehouse-hotel-3-300x300.jpg 300w, https:\/\/loudavymkrokem.cz\/wp-content\/uploads\/2026\/08\/arctic-treehouse-hotel-3-700x700.jpg 700w, https:\/\/loudavymkrokem.cz\/wp-content\/uploads\/2026\/08\/arctic-treehouse-hotel-3-150x150.jpg 150w, https:\/\/loudavymkrokem.cz\/wp-content\/uploads\/2026\/08\/arctic-treehouse-hotel-3-768x768.jpg 768w, https:\/\/loudavymkrokem.cz\/wp-content\/uploads\/2026\/08\/arctic-treehouse-hotel-3-1536x1536.jpg 1536w, https:\/\/loudavymkrokem.cz\/wp-content\/uploads\/2026\/08\/arctic-treehouse-hotel-3-696x696.jpg 696w, https:\/\/loudavymkrokem.cz\/wp-content\/uploads\/2026\/08\/arctic-treehouse-hotel-3-1392x1392.jpg 1392w\" sizes=\"(max-width: 1800px) 100vw, 1800px\" \/><button\n\t\t\tclass=\"lightbox-trigger\"\n\t\t\ttype=\"button\"\n\t\t\taria-haspopup=\"dialog\"\n\t\t\tdata-wp-bind--aria-label=\"state.thisImage.triggerButtonAriaLabel\"\n\t\t\tdata-wp-init=\"callbacks.initTriggerButton\"\n\t\t\tdata-wp-on--click=\"actions.showLightbox\"\n\t\t\tdata-wp-style--right=\"state.thisImage.buttonRight\"\n\t\t\tdata-wp-style--top=\"state.thisImage.buttonTop\"\n\t\t>\n\t\t\t<svg xmlns=\"http:\/\/www.w3.org\/2000\/svg\" width=\"12\" height=\"12\" fill=\"none\" viewBox=\"0 0 12 12\">\n\t\t\t\t<path fill=\"#fff\" d=\"M2 0a2 2 0 0 0-2 2v2h1.5V2a.5.5 0 0 1 .5-.5h2V0H2Zm2 10.5H2a.5.5 0 0 1-.5-.5V8H0v2a2 2 0 0 0 2 2h2v-1.5ZM8 12v-1.5h2a.5.5 0 0 0 .5-.5V8H12v2a2 2 0 0 1-2 2H8Zm2-12a2 2 0 0 1 2 2v2h-1.5V2a.5.5 0 0 0-.5-.5H8V0h2Z\" \/>\n\t\t\t<\/svg>\n\t\t<\/button><figcaption class=\"wp-element-caption\">Fot\u00f3: Arctic TreeHouse Hotel \/ hivatalos weboldal<\/figcaption><\/figure>\n<\/figure>\n\n\n\n<p class=\"wp-block-paragraph\">Ha viszont egy kicsit m\u00e9lyebben beleolvasol a Google-\u00e9rt\u00e9kel\u00e9sekbe, egy meglep\u0151 b\u00f6kken\u0151be \u00fctk\u00f6z\u00f6l. <strong>Az \u00e9rt\u00e9kel\u00e9sek k\u00f6z\u00f6tt van egy eg\u00e9szen kem\u00e9ny \u00e9s ism\u00e9tl\u0151d\u0151 kritika a higi\u00e9ni\u00e1val \u00e9s a takar\u00edt\u00e1ssal kapcsolatban<\/strong>, \u00edgy nem minden m\u0171k\u00f6dik itt olyan t\u00f6k\u00e9letesen, mint ahogy a gy\u00f6ny\u00f6r\u0171 Instagram-fot\u00f3kb\u00f3l els\u0151 pillant\u00e1sra t\u0171nhet. A pr\u00e9mium\u00e1rakn\u00e1l \u00e9rdemes ezzel a lehets\u00e9ges hi\u00e1nyoss\u00e1ggal el\u0151re sz\u00e1molni.<\/p>\n\n\n\n<p class=\"wp-block-paragraph\">\ud83d\udca1 <strong>Tipp:<\/strong> Ez a sz\u00e1ll\u00e1s teljesen <strong>ide\u00e1lis gyerekes csal\u00e1doknak<\/strong>, akik meg szeretn\u00e9k l\u00e1togatni a k\u00f6zeli h\u00edres Mikul\u00e1s-falut, ugyanakkor adnak a tiszta, modern \u00e9szaki diz\u00e1jnra, \u00e9s nem akarnak egy tucathotelben lakni. <em><a href=\"https:\/\/www.stay22.com\/allez\/roam?aid=lukaskonecny&amp;campaign=loudavymkrokemcz&amp;campaign=netradicni-ubytovani-na-svete&amp;hotelname=Arctic%20TreeHouse%20Hotel&amp;address=Rovaniemi%2C%20Finsko\" target=\"_blank\" rel=\"nofollow noopener sponsored\">\u00e1rak \u00e9s el\u00e9rhet\u0151s\u00e9g ellen\u0151rz\u00e9se<\/a><\/em><\/p>\n\n\n\n<figure data-wp-context=\"{&quot;imageId&quot;:&quot;6a9530c46c0c4&quot;}\" data-wp-interactive=\"core\/image\" data-wp-key=\"6a9530c46c0c4\" class=\"wp-block-image size-full wp-lightbox-container\"><img decoding=\"async\" width=\"1800\" height=\"1200\" data-wp-class--hide=\"state.isContentHidden\" data-wp-class--show=\"state.isContentVisible\" data-wp-init=\"callbacks.setButtonStyles\" data-wp-on--click=\"actions.showLightbox\" data-wp-on--load=\"callbacks.setButtonStyles\" data-wp-on--pointerdown=\"actions.preloadImage\" data-wp-on--pointerenter=\"actions.preloadImageWithDelay\" data-wp-on--pointerleave=\"actions.cancelPreload\" data-wp-on-window--resize=\"callbacks.setButtonStyles\" src=\"https:\/\/loudavymkrokem.cz\/wp-content\/uploads\/2026\/08\/panorama-glass-lodgeb-1.jpg\" alt=\"A Panorama Glass Lodge \u00fcvegezett fah\u00e1za a sarki f\u00e9ny alatt\" class=\"wp-image-404794\" title=\"\" srcset=\"https:\/\/loudavymkrokem.cz\/wp-content\/uploads\/2026\/08\/panorama-glass-lodgeb-1.jpg 1800w, https:\/\/loudavymkrokem.cz\/wp-content\/uploads\/2026\/08\/panorama-glass-lodgeb-1-300x200.jpg 300w, https:\/\/loudavymkrokem.cz\/wp-content\/uploads\/2026\/08\/panorama-glass-lodgeb-1-700x467.jpg 700w, https:\/\/loudavymkrokem.cz\/wp-content\/uploads\/2026\/08\/panorama-glass-lodgeb-1-768x512.jpg 768w, https:\/\/loudavymkrokem.cz\/wp-content\/uploads\/2026\/08\/panorama-glass-lodgeb-1-1536x1024.jpg 1536w, https:\/\/loudavymkrokem.cz\/wp-content\/uploads\/2026\/08\/panorama-glass-lodgeb-1-696x464.jpg 696w, https:\/\/loudavymkrokem.cz\/wp-content\/uploads\/2026\/08\/panorama-glass-lodgeb-1-1392x928.jpg 1392w\" sizes=\"(max-width: 1800px) 100vw, 1800px\" \/><button\n\t\t\tclass=\"lightbox-trigger\"\n\t\t\ttype=\"button\"\n\t\t\taria-haspopup=\"dialog\"\n\t\t\tdata-wp-bind--aria-label=\"state.thisImage.triggerButtonAriaLabel\"\n\t\t\tdata-wp-init=\"callbacks.initTriggerButton\"\n\t\t\tdata-wp-on--click=\"actions.showLightbox\"\n\t\t\tdata-wp-style--right=\"state.thisImage.buttonRight\"\n\t\t\tdata-wp-style--top=\"state.thisImage.buttonTop\"\n\t\t>\n\t\t\t<svg xmlns=\"http:\/\/www.w3.org\/2000\/svg\" width=\"12\" height=\"12\" fill=\"none\" viewBox=\"0 0 12 12\">\n\t\t\t\t<path fill=\"#fff\" d=\"M2 0a2 2 0 0 0-2 2v2h1.5V2a.5.5 0 0 1 .5-.5h2V0H2Zm2 10.5H2a.5.5 0 0 1-.5-.5V8H0v2a2 2 0 0 0 2 2h2v-1.5ZM8 12v-1.5h2a.5.5 0 0 0 .5-.5V8H12v2a2 2 0 0 1-2 2H8Zm2-12a2 2 0 0 1 2 2v2h-1.5V2a.5.5 0 0 0-.5-.5H8V0h2Z\" \/>\n\t\t\t<\/svg>\n\t\t<\/button><figcaption class=\"wp-element-caption\">Fot\u00f3: Panorama Glass Lodge \/ hivatalos weboldal<\/figcaption><\/figure>\n\n\n\n<h3 class=\"wp-block-heading\"><span class=\"ez-toc-section\" id=\"8_Panorama_Glass_Lodge_Hella_Izland\"><\/span>8. Panorama Glass Lodge, Hella, Izland<span class=\"ez-toc-section-end\"><\/span><\/h3>\n\n\n\n<p class=\"wp-block-paragraph\">Ez a fantasztikus lodge magasan a <strong>legjobbra \u00e9rt\u00e9kelt sz\u00e1ll\u00e1s az eg\u00e9sz cikk\u00fcnkben<\/strong>, hihetetlen, 4,9-es pontsz\u00e1mmal b\u00fcszk\u00e9lkedhet t\u00f6bb mint \u00f6tsz\u00e1z v\u00e9lem\u00e9ny alapj\u00e1n. K\u00fcl\u00f6n\u00e1ll\u00f3 \u00e9s nagyr\u00e9szt \u00fcvegezett fah\u00e1zakr\u00f3l van sz\u00f3, amelyek Izland d\u00e9li r\u00e9sz\u00e9nek zord t\u00e1j\u00e1ban sz\u00f3r\u00f3dnak sz\u00e9t, \u00e9s teljes, semmivel sem zavart mag\u00e1nyt k\u00edn\u00e1lnak.<\/p>\n\n\n\n<figure data-wp-context=\"{&quot;galleryId&quot;:&quot;6a9530c46c371&quot;}\" data-wp-interactive=\"core\/gallery\" class=\"wp-block-gallery has-nested-images columns-2 is-cropped wp-block-gallery-is-layout-flex wp-block-gallery-5 is-layout-flex\">\n<figure data-wp-context=\"{&quot;imageId&quot;:&quot;6a9530c46c724&quot;}\" data-wp-interactive=\"core\/image\" data-wp-key=\"6a9530c46c724\" class=\"wp-block-image size-large wp-lightbox-container\"><img decoding=\"async\" width=\"1350\" height=\"1800\" data-wp-class--hide=\"state.isContentHidden\" data-wp-class--show=\"state.isContentVisible\" data-wp-init=\"callbacks.setButtonStyles\" data-wp-on--click=\"actions.showLightbox\" data-wp-on--load=\"callbacks.setButtonStyles\" data-wp-on--pointerdown=\"actions.preloadImage\" data-wp-on--pointerenter=\"actions.preloadImageWithDelay\" data-wp-on--pointerleave=\"actions.cancelPreload\" data-wp-on-window--resize=\"callbacks.setButtonStyles\" data-id=\"404795\" src=\"https:\/\/loudavymkrokem.cz\/wp-content\/uploads\/2026\/08\/panorama-glass-lodgeb-3.jpg\" alt=\"\u00c1gy kil\u00e1t\u00e1ssal az izlandi \u00e9gboltra\" class=\"wp-image-404795\" title=\"\" srcset=\"https:\/\/loudavymkrokem.cz\/wp-content\/uploads\/2026\/08\/panorama-glass-lodgeb-3.jpg 1350w, https:\/\/loudavymkrokem.cz\/wp-content\/uploads\/2026\/08\/panorama-glass-lodgeb-3-225x300.jpg 225w, https:\/\/loudavymkrokem.cz\/wp-content\/uploads\/2026\/08\/panorama-glass-lodgeb-3-700x933.jpg 700w, https:\/\/loudavymkrokem.cz\/wp-content\/uploads\/2026\/08\/panorama-glass-lodgeb-3-768x1024.jpg 768w, https:\/\/loudavymkrokem.cz\/wp-content\/uploads\/2026\/08\/panorama-glass-lodgeb-3-1152x1536.jpg 1152w, https:\/\/loudavymkrokem.cz\/wp-content\/uploads\/2026\/08\/panorama-glass-lodgeb-3-696x928.jpg 696w\" sizes=\"(max-width: 1350px) 100vw, 1350px\" \/><button\n\t\t\tclass=\"lightbox-trigger\"\n\t\t\ttype=\"button\"\n\t\t\taria-haspopup=\"dialog\"\n\t\t\tdata-wp-bind--aria-label=\"state.thisImage.triggerButtonAriaLabel\"\n\t\t\tdata-wp-init=\"callbacks.initTriggerButton\"\n\t\t\tdata-wp-on--click=\"actions.showLightbox\"\n\t\t\tdata-wp-style--right=\"state.thisImage.buttonRight\"\n\t\t\tdata-wp-style--top=\"state.thisImage.buttonTop\"\n\t\t>\n\t\t\t<svg xmlns=\"http:\/\/www.w3.org\/2000\/svg\" width=\"12\" height=\"12\" fill=\"none\" viewBox=\"0 0 12 12\">\n\t\t\t\t<path fill=\"#fff\" d=\"M2 0a2 2 0 0 0-2 2v2h1.5V2a.5.5 0 0 1 .5-.5h2V0H2Zm2 10.5H2a.5.5 0 0 1-.5-.5V8H0v2a2 2 0 0 0 2 2h2v-1.5ZM8 12v-1.5h2a.5.5 0 0 0 .5-.5V8H12v2a2 2 0 0 1-2 2H8Zm2-12a2 2 0 0 1 2 2v2h-1.5V2a.5.5 0 0 0-.5-.5H8V0h2Z\" \/>\n\t\t\t<\/svg>\n\t\t<\/button><figcaption class=\"wp-element-caption\">Fot\u00f3: Panorama Glass Lodge \/ hivatalos weboldal<\/figcaption><\/figure>\n\n\n\n<figure data-wp-context=\"{&quot;imageId&quot;:&quot;6a9530c46ccee&quot;}\" data-wp-interactive=\"core\/image\" data-wp-key=\"6a9530c46ccee\" class=\"wp-block-image size-large wp-lightbox-container\"><img decoding=\"async\" width=\"1350\" height=\"1800\" data-wp-class--hide=\"state.isContentHidden\" data-wp-class--show=\"state.isContentVisible\" data-wp-init=\"callbacks.setButtonStyles\" data-wp-on--click=\"actions.showLightbox\" data-wp-on--load=\"callbacks.setButtonStyles\" data-wp-on--pointerdown=\"actions.preloadImage\" data-wp-on--pointerenter=\"actions.preloadImageWithDelay\" data-wp-on--pointerleave=\"actions.cancelPreload\" data-wp-on-window--resize=\"callbacks.setButtonStyles\" data-id=\"404796\" src=\"https:\/\/loudavymkrokem.cz\/wp-content\/uploads\/2026\/08\/panorama-glass-lodgeb-4.jpg\" alt=\"A Panorama Glass Lodge naplementekor\" class=\"wp-image-404796\" title=\"\" srcset=\"https:\/\/loudavymkrokem.cz\/wp-content\/uploads\/2026\/08\/panorama-glass-lodgeb-4.jpg 1350w, https:\/\/loudavymkrokem.cz\/wp-content\/uploads\/2026\/08\/panorama-glass-lodgeb-4-225x300.jpg 225w, https:\/\/loudavymkrokem.cz\/wp-content\/uploads\/2026\/08\/panorama-glass-lodgeb-4-700x933.jpg 700w, https:\/\/loudavymkrokem.cz\/wp-content\/uploads\/2026\/08\/panorama-glass-lodgeb-4-768x1024.jpg 768w, https:\/\/loudavymkrokem.cz\/wp-content\/uploads\/2026\/08\/panorama-glass-lodgeb-4-1152x1536.jpg 1152w, https:\/\/loudavymkrokem.cz\/wp-content\/uploads\/2026\/08\/panorama-glass-lodgeb-4-696x928.jpg 696w\" sizes=\"(max-width: 1350px) 100vw, 1350px\" \/><button\n\t\t\tclass=\"lightbox-trigger\"\n\t\t\ttype=\"button\"\n\t\t\taria-haspopup=\"dialog\"\n\t\t\tdata-wp-bind--aria-label=\"state.thisImage.triggerButtonAriaLabel\"\n\t\t\tdata-wp-init=\"callbacks.initTriggerButton\"\n\t\t\tdata-wp-on--click=\"actions.showLightbox\"\n\t\t\tdata-wp-style--right=\"state.thisImage.buttonRight\"\n\t\t\tdata-wp-style--top=\"state.thisImage.buttonTop\"\n\t\t>\n\t\t\t<svg xmlns=\"http:\/\/www.w3.org\/2000\/svg\" width=\"12\" height=\"12\" fill=\"none\" viewBox=\"0 0 12 12\">\n\t\t\t\t<path fill=\"#fff\" d=\"M2 0a2 2 0 0 0-2 2v2h1.5V2a.5.5 0 0 1 .5-.5h2V0H2Zm2 10.5H2a.5.5 0 0 1-.5-.5V8H0v2a2 2 0 0 0 2 2h2v-1.5ZM8 12v-1.5h2a.5.5 0 0 0 .5-.5V8H12v2a2 2 0 0 1-2 2H8Zm2-12a2 2 0 0 1 2 2v2h-1.5V2a.5.5 0 0 0-.5-.5H8V0h2Z\" \/>\n\t\t\t<\/svg>\n\t\t<\/button><figcaption class=\"wp-element-caption\">Fot\u00f3: Panorama Glass Lodge \/ hivatalos weboldal<\/figcaption><\/figure>\n<\/figure>\n\n\n\n<p class=\"wp-block-paragraph\">Minden egyes fah\u00e1z rendelkezik <strong>saj\u00e1t szabadt\u00e9ri pezsg\u0151f\u00fcrd\u0151vel a szabad \u00e9g alatt<\/strong>, ami a csillagok alatti esti pihen\u00e9s \u00e9lm\u00e9ny\u00e9t egy teljesen m\u00e1s szintre emeli. Az eg\u00e9sz sz\u00e1ll\u00e1skoncepci\u00f3t az utols\u00f3 r\u00e9szletig kidolgozt\u00e1k, \u00e9s a vil\u00e1g minden t\u00e1j\u00e1r\u00f3l \u00e9rkez\u0151 vend\u00e9gek lelkes \u00e9rt\u00e9kel\u00e9sei ezt csak folyamatosan meger\u0151s\u00edtik. Ez egy olyan hely, ahol t\u00e9nyleg kipihened magad, \u00e9s eggy\u00e9 v\u00e1lsz a leny\u0171g\u00f6z\u0151 \u00e9szaki term\u00e9szettel.<\/p>\n\n\n\n<p class=\"wp-block-paragraph\">\ud83d\udca1 <strong>Tipp:<\/strong> A fah\u00e1zak nagyon k\u00f6zel fekszenek a h\u00edres Aranyk\u00f6rh\u00f6z, \u00edgy <strong>kiv\u00e1l\u00f3an \u00f6sszek\u00f6thet\u0151k a klasszikus izlandi felfedez\u0151\u00fattal<\/strong> mindenf\u00e9le nagy ker\u00fcl\u0151 n\u00e9lk\u00fcl. Ide\u00e1lis b\u00e1zist jelentenek a sziget d\u00e9li r\u00e9sz\u00e9nek felfedez\u00e9s\u00e9hez. <em><a href=\"https:\/\/www.stay22.com\/allez\/roam?aid=lukaskonecny&amp;campaign=loudavymkrokemcz&amp;campaign=netradicni-ubytovani-na-svete&amp;hotelname=Panorama%20Glass%20Lodge&amp;address=Hella%2C%20Island\" target=\"_blank\" rel=\"nofollow noopener sponsored\">\u00e1rak \u00e9s el\u00e9rhet\u0151s\u00e9g ellen\u0151rz\u00e9se<\/a><\/em><\/p>\n\n\n\n<figure data-wp-context=\"{&quot;imageId&quot;:&quot;6a9530c46d536&quot;}\" data-wp-interactive=\"core\/image\" data-wp-key=\"6a9530c46d536\" class=\"wp-block-image size-full wp-lightbox-container\"><img decoding=\"async\" width=\"1500\" height=\"842\" data-wp-class--hide=\"state.isContentHidden\" data-wp-class--show=\"state.isContentVisible\" data-wp-init=\"callbacks.setButtonStyles\" data-wp-on--click=\"actions.showLightbox\" data-wp-on--load=\"callbacks.setButtonStyles\" data-wp-on--pointerdown=\"actions.preloadImage\" data-wp-on--pointerenter=\"actions.preloadImageWithDelay\" data-wp-on--pointerleave=\"actions.cancelPreload\" data-wp-on-window--resize=\"callbacks.setButtonStyles\" src=\"https:\/\/loudavymkrokem.cz\/wp-content\/uploads\/2026\/08\/pr-hledn-bubliny-attrap-r-ves-v-provence.jpg\" alt=\"Az Attrap&#039;R\u00eaves \u00e1tl\u00e1tsz\u00f3 bubor\u00e9kjai Provence-ban\" class=\"wp-image-404594\" title=\"\" srcset=\"https:\/\/loudavymkrokem.cz\/wp-content\/uploads\/2026\/08\/pr-hledn-bubliny-attrap-r-ves-v-provence.jpg 1500w, https:\/\/loudavymkrokem.cz\/wp-content\/uploads\/2026\/08\/pr-hledn-bubliny-attrap-r-ves-v-provence-300x168.jpg 300w, https:\/\/loudavymkrokem.cz\/wp-content\/uploads\/2026\/08\/pr-hledn-bubliny-attrap-r-ves-v-provence-700x393.jpg 700w, https:\/\/loudavymkrokem.cz\/wp-content\/uploads\/2026\/08\/pr-hledn-bubliny-attrap-r-ves-v-provence-768x431.jpg 768w, https:\/\/loudavymkrokem.cz\/wp-content\/uploads\/2026\/08\/pr-hledn-bubliny-attrap-r-ves-v-provence-696x391.jpg 696w, https:\/\/loudavymkrokem.cz\/wp-content\/uploads\/2026\/08\/pr-hledn-bubliny-attrap-r-ves-v-provence-1392x781.jpg 1392w\" sizes=\"(max-width: 1500px) 100vw, 1500px\" \/><button\n\t\t\tclass=\"lightbox-trigger\"\n\t\t\ttype=\"button\"\n\t\t\taria-haspopup=\"dialog\"\n\t\t\tdata-wp-bind--aria-label=\"state.thisImage.triggerButtonAriaLabel\"\n\t\t\tdata-wp-init=\"callbacks.initTriggerButton\"\n\t\t\tdata-wp-on--click=\"actions.showLightbox\"\n\t\t\tdata-wp-style--right=\"state.thisImage.buttonRight\"\n\t\t\tdata-wp-style--top=\"state.thisImage.buttonTop\"\n\t\t>\n\t\t\t<svg xmlns=\"http:\/\/www.w3.org\/2000\/svg\" width=\"12\" height=\"12\" fill=\"none\" viewBox=\"0 0 12 12\">\n\t\t\t\t<path fill=\"#fff\" d=\"M2 0a2 2 0 0 0-2 2v2h1.5V2a.5.5 0 0 1 .5-.5h2V0H2Zm2 10.5H2a.5.5 0 0 1-.5-.5V8H0v2a2 2 0 0 0 2 2h2v-1.5ZM8 12v-1.5h2a.5.5 0 0 0 .5-.5V8H12v2a2 2 0 0 1-2 2H8Zm2-12a2 2 0 0 1 2 2v2h-1.5V2a.5.5 0 0 0-.5-.5H8V0h2Z\" \/>\n\t\t\t<\/svg>\n\t\t<\/button><figcaption class=\"wp-element-caption\">Fot\u00f3: Attrap&#8217;R\u00eaves \/ Google Maps<\/figcaption><\/figure>\n\n\n\n<h3 class=\"wp-block-heading\"><span class=\"ez-toc-section\" id=\"9_AttrapReves_Allauch_Marseille_mellett_Franciaorszag\"><\/span>9. Attrap&#8217;R\u00eaves, Allauch Marseille mellett, Franciaorsz\u00e1g<span class=\"ez-toc-section-end\"><\/span><\/h3>\n\n\n\n<p class=\"wp-block-paragraph\">Ez a nagyon \u00e9rdekes projekt, 4,7-es \u00e9rt\u00e9kel\u00e9ssel, teljesen \u00e1tl\u00e1tsz\u00f3 <strong>felf\u00fajhat\u00f3 bubor\u00e9kokat k\u00edn\u00e1l, amelyek egy fest\u0151i provence-i erd\u0151ben rejt\u0151znek<\/strong>. Sz\u00e9pen megmutatja, hogy a csillagok alatti luxusalv\u00e1s egy\u00e1ltal\u00e1n nem csak a fagyos \u00e9szaki orsz\u00e1gok terepe, \u00e9s nem is kell f\u00e1znod hozz\u00e1. Ez \u00e9pp ellenkez\u0151leg, egy nagyon meleg, illatos \u00e9s kellemes v\u00e1ltozat, amelyet a francia term\u00e9szet \u00f6lel k\u00f6r\u00fcl.<\/p>\n\n\n\n<p class=\"wp-block-paragraph\">Nagy el\u0151ny, hogy sz\u00e1munkra ez a hely <strong>Magyarorsz\u00e1gr\u00f3l egyetlen nap alatt el\u00e9rhet\u0151 aut\u00f3val<\/strong>. Az \u00f6sszes bubor\u00e9kot r\u00e1ad\u00e1sul nagyon okosan helyezt\u00e9k el a terepen \u00fagy, hogy a vend\u00e9gek ne l\u00e1ssanak egym\u00e1s \u00e1gy\u00e1ba, \u00e9s megfelel\u0151 mag\u00e1ny jusson mindenkinek. Remek kompromisszum mindenkinek, aki szereti a term\u00e9szetet, de ig\u00e9nyli a meleget.<\/p>\n\n\n\n<p class=\"wp-block-paragraph\">\ud83d\udca1 <strong>Tipp:<\/strong> Ha kifejezetten ut\u00e1lod a hideget \u00e9s a pufidzsekik pakol\u00e1sz\u00e1s\u00e1t, de m\u00e9gis f\u00e1k k\u00f6z\u00f6tt, az \u00e9jszakai \u00e9gboltra n\u00e9zve szeretn\u00e9l aludni, <strong>ez a legjobb eur\u00f3pai v\u00e1laszt\u00e1sod<\/strong>, amelyet mindenk\u00e9pp javaslok kipr\u00f3b\u00e1lni.<\/p>\n\n\n\n<h2 class=\"wp-block-heading\"><span class=\"ez-toc-section\" id=\"3_Alvas_az_allatok_kozott\"><\/span>3) Alv\u00e1s az \u00e1llatok k\u00f6z\u00f6tt<span class=\"ez-toc-section-end\"><\/span><\/h2>\n\n\n\n<p class=\"wp-block-paragraph\">Az igazi vadonrajong\u00f3k sz\u00e1m\u00e1ra l\u00e9teznek olyan helyek, ahol az \u00e1llatokt\u00f3l semmilyen vastag \u00fcveg vagy biztons\u00e1gi ker\u00edt\u00e9s nem v\u00e1laszt el. Ezek m\u00e9ly \u00e9lm\u00e9nyek, amelyek <strong>kit\u00f6r\u00f6lhetetlen\u00fcl belev\u00e9s\u0151dnek az eml\u00e9kezetedbe<\/strong>, de igaz\u00e1n hatalmas adag logisztikai tervez\u00e9st ig\u00e9nyelnek.<\/p>\n\n\n\n<p class=\"wp-block-paragraph\">Ezekbe az exkluz\u00edv resortokba bejutni ugyanis el\u00e9g gyakran azt jelenti, hogy <strong>konkr\u00e9t id\u0151pontot kell foglalnod sok h\u00f3nappal el\u0151re<\/strong>, \u00e9s bele kell t\u00f6r\u0151dn\u00f6d, hogy a teljes semmi k\u00f6zep\u00e9n tal\u00e1lod magad, teljesen \u00e9s felt\u00e9tel n\u00e9lk\u00fcl egyetlen konkr\u00e9t \u00fczemeltet\u0151 szolg\u00e1ltat\u00e1sainak \u00e9s \u00e1rainak kiszolg\u00e1ltatva. <em><a href=\"https:\/\/www.stay22.com\/allez\/roam?aid=lukaskonecny&amp;campaign=loudavymkrokemcz&amp;campaign=netradicni-ubytovani-na-svete&amp;hotelname=Attrap%27R%C3%AAves&amp;address=Allauch%2C%20Francie\" target=\"_blank\" rel=\"nofollow noopener sponsored\">\u00e1rak \u00e9s el\u00e9rhet\u0151s\u00e9g ellen\u0151rz\u00e9se<\/a><\/em><\/p>\n\n\n\n<figure data-wp-context=\"{&quot;imageId&quot;:&quot;6a9530c46db2a&quot;}\" data-wp-interactive=\"core\/image\" data-wp-key=\"6a9530c46db2a\" class=\"wp-block-image size-full wp-lightbox-container\"><img decoding=\"async\" width=\"1266\" height=\"844\" data-wp-class--hide=\"state.isContentHidden\" data-wp-class--show=\"state.isContentVisible\" data-wp-init=\"callbacks.setButtonStyles\" data-wp-on--click=\"actions.showLightbox\" data-wp-on--load=\"callbacks.setButtonStyles\" data-wp-on--pointerdown=\"actions.preloadImage\" data-wp-on--pointerenter=\"actions.preloadImageWithDelay\" data-wp-on--pointerleave=\"actions.cancelPreload\" data-wp-on-window--resize=\"callbacks.setButtonStyles\" src=\"https:\/\/loudavymkrokem.cz\/wp-content\/uploads\/2026\/08\/giraffe-manor-1.jpg\" alt=\"Zsir\u00e1f n\u00e9z be a Giraffe Manor hotel ajtaj\u00e1n\" class=\"wp-image-404791\" title=\"\" srcset=\"https:\/\/loudavymkrokem.cz\/wp-content\/uploads\/2026\/08\/giraffe-manor-1.jpg 1266w, https:\/\/loudavymkrokem.cz\/wp-content\/uploads\/2026\/08\/giraffe-manor-1-300x200.jpg 300w, https:\/\/loudavymkrokem.cz\/wp-content\/uploads\/2026\/08\/giraffe-manor-1-700x467.jpg 700w, https:\/\/loudavymkrokem.cz\/wp-content\/uploads\/2026\/08\/giraffe-manor-1-768x512.jpg 768w, https:\/\/loudavymkrokem.cz\/wp-content\/uploads\/2026\/08\/giraffe-manor-1-696x464.jpg 696w\" sizes=\"(max-width: 1266px) 100vw, 1266px\" \/><button\n\t\t\tclass=\"lightbox-trigger\"\n\t\t\ttype=\"button\"\n\t\t\taria-haspopup=\"dialog\"\n\t\t\tdata-wp-bind--aria-label=\"state.thisImage.triggerButtonAriaLabel\"\n\t\t\tdata-wp-init=\"callbacks.initTriggerButton\"\n\t\t\tdata-wp-on--click=\"actions.showLightbox\"\n\t\t\tdata-wp-style--right=\"state.thisImage.buttonRight\"\n\t\t\tdata-wp-style--top=\"state.thisImage.buttonTop\"\n\t\t>\n\t\t\t<svg xmlns=\"http:\/\/www.w3.org\/2000\/svg\" width=\"12\" height=\"12\" fill=\"none\" viewBox=\"0 0 12 12\">\n\t\t\t\t<path fill=\"#fff\" d=\"M2 0a2 2 0 0 0-2 2v2h1.5V2a.5.5 0 0 1 .5-.5h2V0H2Zm2 10.5H2a.5.5 0 0 1-.5-.5V8H0v2a2 2 0 0 0 2 2h2v-1.5ZM8 12v-1.5h2a.5.5 0 0 0 .5-.5V8H12v2a2 2 0 0 1-2 2H8Zm2-12a2 2 0 0 1 2 2v2h-1.5V2a.5.5 0 0 0-.5-.5H8V0h2Z\" \/>\n\t\t\t<\/svg>\n\t\t<\/button><figcaption class=\"wp-element-caption\">Fot\u00f3: The Safari Collection \/ hivatalos weboldal<\/figcaption><\/figure>\n\n\n\n<h3 class=\"wp-block-heading\"><span class=\"ez-toc-section\" id=\"10_Giraffe_Manor_Nairobi_Kenya\"><\/span>10. Giraffe Manor, Nairobi, Kenya<span class=\"ez-toc-section-end\"><\/span><\/h3>\n\n\n\n<p class=\"wp-block-paragraph\">Ez a m\u00falt sz\u00e1zad harmincas \u00e9veib\u0151l sz\u00e1rmaz\u00f3 t\u00f6rt\u00e9nelmi k\u00faria val\u00f3sz\u00edn\u0171leg eg\u00e9sz Afrika <strong>legt\u00f6bbet fot\u00f3zott hotele<\/strong>, \u00e9s 4,6-os \u00e9rt\u00e9kel\u00e9st tart. F\u0151leg arr\u00f3l v\u00e1lt h\u00edress\u00e9, hogy a reggeliz\u0151terme nagy ablakaiba rendszeresen \u00e9s sz\u00edvesen dugj\u00e1k be fej\u00fcket a szomsz\u00e9dos rezerv\u00e1tum vesz\u00e9lyeztetett Rothschild-zsir\u00e1fjai, a vend\u00e9gek pedig speci\u00e1lis granul\u00e1tummal etethetik \u0151ket egyenesen az asztalukt\u00f3l.<\/p>\n\n\n\n<figure data-wp-context=\"{&quot;galleryId&quot;:&quot;6a9530c46ddd6&quot;}\" data-wp-interactive=\"core\/gallery\" class=\"wp-block-gallery has-nested-images columns-2 is-cropped wp-block-gallery-is-layout-flex wp-block-gallery-6 is-layout-flex\">\n<figure data-wp-context=\"{&quot;imageId&quot;:&quot;6a9530c46e41b&quot;}\" data-wp-interactive=\"core\/image\" data-wp-key=\"6a9530c46e41b\" class=\"wp-block-image size-large wp-lightbox-container\"><img decoding=\"async\" width=\"1266\" height=\"844\" data-wp-class--hide=\"state.isContentHidden\" data-wp-class--show=\"state.isContentVisible\" data-wp-init=\"callbacks.setButtonStyles\" data-wp-on--click=\"actions.showLightbox\" data-wp-on--load=\"callbacks.setButtonStyles\" data-wp-on--pointerdown=\"actions.preloadImage\" data-wp-on--pointerenter=\"actions.preloadImageWithDelay\" data-wp-on--pointerleave=\"actions.cancelPreload\" data-wp-on-window--resize=\"callbacks.setButtonStyles\" data-id=\"404792\" src=\"https:\/\/loudavymkrokem.cz\/wp-content\/uploads\/2026\/08\/giraffe-manor-2.jpg\" alt=\"A Giraffe Manor belseje t\u00e1vcs\u0151vel\" class=\"wp-image-404792\" title=\"\" srcset=\"https:\/\/loudavymkrokem.cz\/wp-content\/uploads\/2026\/08\/giraffe-manor-2.jpg 1266w, https:\/\/loudavymkrokem.cz\/wp-content\/uploads\/2026\/08\/giraffe-manor-2-300x200.jpg 300w, https:\/\/loudavymkrokem.cz\/wp-content\/uploads\/2026\/08\/giraffe-manor-2-700x467.jpg 700w, https:\/\/loudavymkrokem.cz\/wp-content\/uploads\/2026\/08\/giraffe-manor-2-768x512.jpg 768w, https:\/\/loudavymkrokem.cz\/wp-content\/uploads\/2026\/08\/giraffe-manor-2-696x464.jpg 696w\" sizes=\"(max-width: 1266px) 100vw, 1266px\" \/><button\n\t\t\tclass=\"lightbox-trigger\"\n\t\t\ttype=\"button\"\n\t\t\taria-haspopup=\"dialog\"\n\t\t\tdata-wp-bind--aria-label=\"state.thisImage.triggerButtonAriaLabel\"\n\t\t\tdata-wp-init=\"callbacks.initTriggerButton\"\n\t\t\tdata-wp-on--click=\"actions.showLightbox\"\n\t\t\tdata-wp-style--right=\"state.thisImage.buttonRight\"\n\t\t\tdata-wp-style--top=\"state.thisImage.buttonTop\"\n\t\t>\n\t\t\t<svg xmlns=\"http:\/\/www.w3.org\/2000\/svg\" width=\"12\" height=\"12\" fill=\"none\" viewBox=\"0 0 12 12\">\n\t\t\t\t<path fill=\"#fff\" d=\"M2 0a2 2 0 0 0-2 2v2h1.5V2a.5.5 0 0 1 .5-.5h2V0H2Zm2 10.5H2a.5.5 0 0 1-.5-.5V8H0v2a2 2 0 0 0 2 2h2v-1.5ZM8 12v-1.5h2a.5.5 0 0 0 .5-.5V8H12v2a2 2 0 0 1-2 2H8Zm2-12a2 2 0 0 1 2 2v2h-1.5V2a.5.5 0 0 0-.5-.5H8V0h2Z\" \/>\n\t\t\t<\/svg>\n\t\t<\/button><figcaption class=\"wp-element-caption\">Fot\u00f3: The Safari Collection \/ hivatalos weboldal<\/figcaption><\/figure>\n\n\n\n<figure data-wp-context=\"{&quot;imageId&quot;:&quot;6a9530c46e8c4&quot;}\" data-wp-interactive=\"core\/image\" data-wp-key=\"6a9530c46e8c4\" class=\"wp-block-image size-large wp-lightbox-container\"><img decoding=\"async\" width=\"1266\" height=\"844\" data-wp-class--hide=\"state.isContentHidden\" data-wp-class--show=\"state.isContentVisible\" data-wp-init=\"callbacks.setButtonStyles\" data-wp-on--click=\"actions.showLightbox\" data-wp-on--load=\"callbacks.setButtonStyles\" data-wp-on--pointerdown=\"actions.preloadImage\" data-wp-on--pointerenter=\"actions.preloadImageWithDelay\" data-wp-on--pointerleave=\"actions.cancelPreload\" data-wp-on-window--resize=\"callbacks.setButtonStyles\" data-id=\"404793\" src=\"https:\/\/loudavymkrokem.cz\/wp-content\/uploads\/2026\/08\/giraffe-manor-3.jpg\" alt=\"Reggeli a Giraffe Manor kertj\u00e9ben\" class=\"wp-image-404793\" title=\"\" srcset=\"https:\/\/loudavymkrokem.cz\/wp-content\/uploads\/2026\/08\/giraffe-manor-3.jpg 1266w, https:\/\/loudavymkrokem.cz\/wp-content\/uploads\/2026\/08\/giraffe-manor-3-300x200.jpg 300w, https:\/\/loudavymkrokem.cz\/wp-content\/uploads\/2026\/08\/giraffe-manor-3-700x467.jpg 700w, https:\/\/loudavymkrokem.cz\/wp-content\/uploads\/2026\/08\/giraffe-manor-3-768x512.jpg 768w, https:\/\/loudavymkrokem.cz\/wp-content\/uploads\/2026\/08\/giraffe-manor-3-696x464.jpg 696w\" sizes=\"(max-width: 1266px) 100vw, 1266px\" \/><button\n\t\t\tclass=\"lightbox-trigger\"\n\t\t\ttype=\"button\"\n\t\t\taria-haspopup=\"dialog\"\n\t\t\tdata-wp-bind--aria-label=\"state.thisImage.triggerButtonAriaLabel\"\n\t\t\tdata-wp-init=\"callbacks.initTriggerButton\"\n\t\t\tdata-wp-on--click=\"actions.showLightbox\"\n\t\t\tdata-wp-style--right=\"state.thisImage.buttonRight\"\n\t\t\tdata-wp-style--top=\"state.thisImage.buttonTop\"\n\t\t>\n\t\t\t<svg xmlns=\"http:\/\/www.w3.org\/2000\/svg\" width=\"12\" height=\"12\" fill=\"none\" viewBox=\"0 0 12 12\">\n\t\t\t\t<path fill=\"#fff\" d=\"M2 0a2 2 0 0 0-2 2v2h1.5V2a.5.5 0 0 1 .5-.5h2V0H2Zm2 10.5H2a.5.5 0 0 1-.5-.5V8H0v2a2 2 0 0 0 2 2h2v-1.5ZM8 12v-1.5h2a.5.5 0 0 0 .5-.5V8H12v2a2 2 0 0 1-2 2H8Zm2-12a2 2 0 0 1 2 2v2h-1.5V2a.5.5 0 0 0-.5-.5H8V0h2Z\" \/>\n\t\t\t<\/svg>\n\t\t<\/button><figcaption class=\"wp-element-caption\">Fot\u00f3: The Safari Collection \/ hivatalos weboldal<\/figcaption><\/figure>\n<\/figure>\n\n\n\n<p class=\"wp-block-paragraph\">Ami az \u00e1rakat illeti, k\u00e9sz\u00fclj fel hatalmas \u00f6sszegekre, amelyek <strong>szem\u00e9lyenk\u00e9nt \u00e9s \u00e9jszak\u00e1nk\u00e9nt 1413 doll\u00e1rt\u00f3l indulnak all inclusive ell\u00e1t\u00e1ssal<\/strong>. A gyerekek alig ezret fizetnek, az egyed\u00fcl utaz\u00f3k pedig ak\u00e1r 2218 doll\u00e1r k\u00f6r\u00fcl. A f\u0151 probl\u00e9ma azonban itt meglep\u0151 m\u00f3don egy\u00e1ltal\u00e1n nem a magas \u00e1r, hanem maga az el\u00e9rhet\u0151s\u00e9g. A tizenk\u00e9t egyedi szoba ugyanis megb\u00edzhat\u00f3an elkel ak\u00e1r egy \u00e9vvel el\u0151re is, a legjobbakat pedig az eredeti \u00e9p\u00fcletben els\u0151bbs\u00e9ggel tartj\u00e1k fenn azoknak a vend\u00e9geknek, akik ezzel egy\u00fctt ugyanannak az \u00fczemeltet\u0151nek a szafarit\u00e1bor\u00e1t is lefoglalj\u00e1k.<\/p>\n\n\n\n<p class=\"wp-block-paragraph\">\ud83d\udca1 <strong>Tipp:<\/strong> A foglal\u00e1s hivatalosan tizenk\u00e9t h\u00f3nappal el\u0151re ny\u00edlik meg, \u00e9s a legjobb id\u0151pontok p\u00e1r nap alatt elt\u0171nnek. Ha nem vagy olyan gyors, <strong>\u00e9rdemes figyelmesen figyelned a felszabadul\u00f3 szob\u00e1kat nagyj\u00e1b\u00f3l n\u00e9gy h\u00e9ttel a v\u00e1gyott id\u0151pont el\u0151tt<\/strong>, amikor n\u00e9h\u00e1ny vend\u00e9g v\u00e1ratlanul lemondja a terveit. <em><a href=\"https:\/\/www.stay22.com\/allez\/roam?aid=lukaskonecny&amp;campaign=loudavymkrokemcz&amp;campaign=netradicni-ubytovani-na-svete&amp;hotelname=Giraffe%20Manor&amp;address=Nairobi%2C%20Ke%C5%88a\" target=\"_blank\" rel=\"nofollow noopener sponsored\">\u00e1rak \u00e9s el\u00e9rhet\u0151s\u00e9g ellen\u0151rz\u00e9se<\/a><\/em><\/p>\n\n\n\n<figure data-wp-context=\"{&quot;imageId&quot;:&quot;6a9530c46f1cf&quot;}\" data-wp-interactive=\"core\/image\" data-wp-key=\"6a9530c46f1cf\" class=\"wp-block-image size-full wp-lightbox-container\"><img decoding=\"async\" width=\"1600\" height=\"1064\" data-wp-class--hide=\"state.isContentHidden\" data-wp-class--show=\"state.isContentVisible\" data-wp-init=\"callbacks.setButtonStyles\" data-wp-on--click=\"actions.showLightbox\" data-wp-on--load=\"callbacks.setButtonStyles\" data-wp-on--pointerdown=\"actions.preloadImage\" data-wp-on--pointerenter=\"actions.preloadImageWithDelay\" data-wp-on--pointerleave=\"actions.cancelPreload\" data-wp-on-window--resize=\"callbacks.setButtonStyles\" src=\"https:\/\/loudavymkrokem.cz\/wp-content\/uploads\/2026\/08\/chalkley-treehouse-v-rezervaci-lion-sands.jpg\" alt=\"A Chalkley Treehouse a Lion Sands rezerv\u00e1tumban\" class=\"wp-image-404598\" title=\"\" srcset=\"https:\/\/loudavymkrokem.cz\/wp-content\/uploads\/2026\/08\/chalkley-treehouse-v-rezervaci-lion-sands.jpg 1600w, https:\/\/loudavymkrokem.cz\/wp-content\/uploads\/2026\/08\/chalkley-treehouse-v-rezervaci-lion-sands-300x200.jpg 300w, https:\/\/loudavymkrokem.cz\/wp-content\/uploads\/2026\/08\/chalkley-treehouse-v-rezervaci-lion-sands-700x466.jpg 700w, https:\/\/loudavymkrokem.cz\/wp-content\/uploads\/2026\/08\/chalkley-treehouse-v-rezervaci-lion-sands-768x511.jpg 768w, https:\/\/loudavymkrokem.cz\/wp-content\/uploads\/2026\/08\/chalkley-treehouse-v-rezervaci-lion-sands-1536x1021.jpg 1536w, https:\/\/loudavymkrokem.cz\/wp-content\/uploads\/2026\/08\/chalkley-treehouse-v-rezervaci-lion-sands-696x463.jpg 696w, https:\/\/loudavymkrokem.cz\/wp-content\/uploads\/2026\/08\/chalkley-treehouse-v-rezervaci-lion-sands-1392x926.jpg 1392w\" sizes=\"(max-width: 1600px) 100vw, 1600px\" \/><button\n\t\t\tclass=\"lightbox-trigger\"\n\t\t\ttype=\"button\"\n\t\t\taria-haspopup=\"dialog\"\n\t\t\tdata-wp-bind--aria-label=\"state.thisImage.triggerButtonAriaLabel\"\n\t\t\tdata-wp-init=\"callbacks.initTriggerButton\"\n\t\t\tdata-wp-on--click=\"actions.showLightbox\"\n\t\t\tdata-wp-style--right=\"state.thisImage.buttonRight\"\n\t\t\tdata-wp-style--top=\"state.thisImage.buttonTop\"\n\t\t>\n\t\t\t<svg xmlns=\"http:\/\/www.w3.org\/2000\/svg\" width=\"12\" height=\"12\" fill=\"none\" viewBox=\"0 0 12 12\">\n\t\t\t\t<path fill=\"#fff\" d=\"M2 0a2 2 0 0 0-2 2v2h1.5V2a.5.5 0 0 1 .5-.5h2V0H2Zm2 10.5H2a.5.5 0 0 1-.5-.5V8H0v2a2 2 0 0 0 2 2h2v-1.5ZM8 12v-1.5h2a.5.5 0 0 0 .5-.5V8H12v2a2 2 0 0 1-2 2H8Zm2-12a2 2 0 0 1 2 2v2h-1.5V2a.5.5 0 0 0-.5-.5H8V0h2Z\" \/>\n\t\t\t<\/svg>\n\t\t<\/button><figcaption class=\"wp-element-caption\">Fot\u00f3: Keith Anderson \/ Google Maps<\/figcaption><\/figure>\n\n\n\n<h3 class=\"wp-block-heading\"><span class=\"ez-toc-section\" id=\"11_Chalkley_Treehouse_Lion_Sands_Sabi_Sand_Del-Afrika\"><\/span>11. Chalkley Treehouse, Lion Sands, Sabi Sand, D\u00e9l-Afrika<span class=\"ez-toc-section-end\"><\/span><\/h3>\n\n\n\n<p class=\"wp-block-paragraph\">Ez a teljesen egyedi projekt, t\u00f6k\u00e9letes \u00f6tcsillagos \u00e9rt\u00e9kel\u00e9ssel, val\u00f3j\u00e1ban nem is klasszikus hotel, hanem egyetlen hatalmas faplatform. Egy luxus, k\u00e9nyelmes \u00e1gyat tal\u00e1lsz itt, magasan <strong>egy \u00f6tsz\u00e1z \u00e9ves fens\u00e9ges f\u00fcgefa \u00e1gai k\u00f6z\u00e9 helyezve<\/strong>, m\u00e9gpedig mindenf\u00e9le fal \u00e9s ablak n\u00e9lk\u00fcl, egyenesen egy afrikai rezerv\u00e1tum k\u00f6zep\u00e9n, amely a h\u00edres Kruger Nemzeti Parkkal hat\u00e1ros.<\/p>\n\n\n\n<p class=\"wp-block-paragraph\">Nagyj\u00e1b\u00f3l \u00fagy m\u0171k\u00f6dik, hogy a szem\u00e9lyzet lelkesen kihoz ide egy elk\u00e9peszt\u0151 esti gyertyaf\u00e9nyes lakom\u00e1ra, mindent el\u0151k\u00e9sz\u00edt neked, majd elhajt, \u00e9s <strong>te teljesen egyed\u00fcl maradsz a vad afrikai boz\u00f3tos k\u00f6zep\u00e9n<\/strong>. Csak egy v\u00e9kony sz\u00fanyogh\u00e1l\u00f3 v\u00e9d, v\u00e9szhelyzet eset\u00e9re pedig egy biztons\u00e1gi ad\u00f3vev\u0151vel vagy felszerelve. Ez maga az adrenalin \u00e9s romantika egyetlen csomagban.<\/p>\n\n\n\n<p class=\"wp-block-paragraph\">\ud83d\udca1 <strong>Tipp:<\/strong> Ez az \u0151r\u00fclt afrikai kaland kiz\u00e1r\u00f3lag <strong>remek kieg\u00e9sz\u00edt\u0151k\u00e9nt foglalhat\u00f3 a Lion Sands f\u0151 lodge-j\u00e1ban elt\u00f6lt\u00f6tt norm\u00e1l tart\u00f3zkod\u00e1shoz<\/strong>, nem pedig \u00f6n\u00e1ll\u00f3 sz\u00e1ll\u00e1sk\u00e9nt az eg\u00e9sz nyaral\u00e1sra.<\/p>\n\n\n\n<h2 class=\"wp-block-heading\"><span class=\"ez-toc-section\" id=\"4_A_vizfelszin_alatt\"><\/span>4) A v\u00edzfelsz\u00edn alatt<span class=\"ez-toc-section-end\"><\/span><\/h2>\n\n\n\n<p class=\"wp-block-paragraph\">M\u00e9lyen a v\u00edz alatt aludni hatalmas \u00e9p\u00edt\u00e9szeti csoda, amely <strong>extr\u00e9m m\u00e9rn\u00f6ki megold\u00e1st \u00e9s teljesen ehhez igazod\u00f3 k\u00f6lts\u00e9gvet\u00e9st<\/strong> ig\u00e9nyel. Ezek a leny\u0171g\u00f6z\u0151 projektek a technikai lehet\u0151s\u00e9gek \u00e9s a term\u00e9szeti elemek erej\u00e9nek hat\u00e1r\u00e1n egyens\u00falyoznak.<\/p>\n\n\n\n<p class=\"wp-block-paragraph\">Ugyanakkor mindig sz\u00e1molnod kell azzal, hogy <strong>a tenger hihetetlen\u00fcl kisz\u00e1m\u00edthatatlan<\/strong>. M\u00e9g ha el\u0151re kifizetsz is egy csillag\u00e1szati \u00f6sszeget, az er\u0151s hull\u00e1mok \u00e9s a kedvez\u0151tlen id\u0151j\u00e1r\u00e1s a szigor\u00fa biztons\u00e1gi okok miatt b\u00e1rmikor k\u00f6ny\u00f6rtelen\u00fcl lez\u00e1rhatja az eg\u00e9sz v\u00edz alatti r\u00e9szt. <em><a href=\"https:\/\/www.stay22.com\/allez\/roam?aid=lukaskonecny&amp;campaign=loudavymkrokemcz&amp;campaign=netradicni-ubytovani-na-svete&amp;hotelname=Chalkley%20Treehouse&amp;address=Sabi%20Sand%2C%20JAR\" target=\"_blank\" rel=\"nofollow noopener sponsored\">\u00e1rak \u00e9s el\u00e9rhet\u0151s\u00e9g ellen\u0151rz\u00e9se<\/a><\/em><\/p>\n\n\n\n<figure data-wp-context=\"{&quot;imageId&quot;:&quot;6a9530c46fb24&quot;}\" data-wp-interactive=\"core\/image\" data-wp-key=\"6a9530c46fb24\" class=\"wp-block-image size-full wp-lightbox-container\"><img decoding=\"async\" width=\"1800\" height=\"1200\" data-wp-class--hide=\"state.isContentHidden\" data-wp-class--show=\"state.isContentVisible\" data-wp-init=\"callbacks.setButtonStyles\" data-wp-on--click=\"actions.showLightbox\" data-wp-on--load=\"callbacks.setButtonStyles\" data-wp-on--pointerdown=\"actions.preloadImage\" data-wp-on--pointerenter=\"actions.preloadImageWithDelay\" data-wp-on--pointerleave=\"actions.cancelPreload\" data-wp-on-window--resize=\"callbacks.setButtonStyles\" src=\"https:\/\/loudavymkrokem.cz\/wp-content\/uploads\/2026\/08\/conrad-maldives-rangali-island-1.jpg\" alt=\"A The Muraka v\u00edz alatti h\u00e1l\u00f3szob\u00e1ja kil\u00e1t\u00e1ssal a korallz\u00e1tonyra\" class=\"wp-image-404788\" title=\"\" srcset=\"https:\/\/loudavymkrokem.cz\/wp-content\/uploads\/2026\/08\/conrad-maldives-rangali-island-1.jpg 1800w, https:\/\/loudavymkrokem.cz\/wp-content\/uploads\/2026\/08\/conrad-maldives-rangali-island-1-300x200.jpg 300w, https:\/\/loudavymkrokem.cz\/wp-content\/uploads\/2026\/08\/conrad-maldives-rangali-island-1-700x467.jpg 700w, https:\/\/loudavymkrokem.cz\/wp-content\/uploads\/2026\/08\/conrad-maldives-rangali-island-1-768x512.jpg 768w, https:\/\/loudavymkrokem.cz\/wp-content\/uploads\/2026\/08\/conrad-maldives-rangali-island-1-1536x1024.jpg 1536w, https:\/\/loudavymkrokem.cz\/wp-content\/uploads\/2026\/08\/conrad-maldives-rangali-island-1-696x464.jpg 696w, https:\/\/loudavymkrokem.cz\/wp-content\/uploads\/2026\/08\/conrad-maldives-rangali-island-1-1392x928.jpg 1392w\" sizes=\"(max-width: 1800px) 100vw, 1800px\" \/><button\n\t\t\tclass=\"lightbox-trigger\"\n\t\t\ttype=\"button\"\n\t\t\taria-haspopup=\"dialog\"\n\t\t\tdata-wp-bind--aria-label=\"state.thisImage.triggerButtonAriaLabel\"\n\t\t\tdata-wp-init=\"callbacks.initTriggerButton\"\n\t\t\tdata-wp-on--click=\"actions.showLightbox\"\n\t\t\tdata-wp-style--right=\"state.thisImage.buttonRight\"\n\t\t\tdata-wp-style--top=\"state.thisImage.buttonTop\"\n\t\t>\n\t\t\t<svg xmlns=\"http:\/\/www.w3.org\/2000\/svg\" width=\"12\" height=\"12\" fill=\"none\" viewBox=\"0 0 12 12\">\n\t\t\t\t<path fill=\"#fff\" d=\"M2 0a2 2 0 0 0-2 2v2h1.5V2a.5.5 0 0 1 .5-.5h2V0H2Zm2 10.5H2a.5.5 0 0 1-.5-.5V8H0v2a2 2 0 0 0 2 2h2v-1.5ZM8 12v-1.5h2a.5.5 0 0 0 .5-.5V8H12v2a2 2 0 0 1-2 2H8Zm2-12a2 2 0 0 1 2 2v2h-1.5V2a.5.5 0 0 0-.5-.5H8V0h2Z\" \/>\n\t\t\t<\/svg>\n\t\t<\/button><figcaption class=\"wp-element-caption\">Fot\u00f3: Conrad Maldives \/ hivatalos weboldal<\/figcaption><\/figure>\n\n\n\n<h3 class=\"wp-block-heading\"><span class=\"ez-toc-section\" id=\"12_The_Muraka_Conrad_Maldives_Rangali_Island_Maldiv-szigetek\"><\/span>12. The Muraka, Conrad Maldives Rangali Island, Mald\u00edv-szigetek<span class=\"ez-toc-section-end\"><\/span><\/h3>\n\n\n\n<p class=\"wp-block-paragraph\">Ez a leny\u0171g\u00f6z\u0151 \u00e9s l\u00e9legzetel\u00e1ll\u00edt\u00f3 rezidencia a vil\u00e1g luxus\u00e1nak abszol\u00fat cs\u00facs\u00e1t k\u00e9pviseli (az eg\u00e9sz resort \u00e9rt\u00e9kel\u00e9se 4,8). Ez a <strong>vil\u00e1g els\u0151 \u00fcveg v\u00edz alatti apartmanja<\/strong>, amelyet \u00fcnnep\u00e9lyesen 2018-ban nyitottak meg. A leny\u0171g\u00f6z\u0151 f\u0151h\u00e1l\u00f3szob\u00e1ja teljes \u00f6t m\u00e9terrel az Indiai-\u00f3ce\u00e1n felsz\u00edne alatt tal\u00e1lhat\u00f3 egy massz\u00edv akril alag\u00fatban, amelyb\u0151l az el\u00fasz\u00f3 c\u00e1p\u00e1kat \u00e9s r\u00e1j\u00e1kat figyelheted.<\/p>\n\n\n\n<figure data-wp-context=\"{&quot;galleryId&quot;:&quot;6a9530c46ff7d&quot;}\" data-wp-interactive=\"core\/gallery\" class=\"wp-block-gallery has-nested-images columns-2 is-cropped wp-block-gallery-is-layout-flex wp-block-gallery-7 is-layout-flex\">\n<figure data-wp-context=\"{&quot;imageId&quot;:&quot;6a9530c470363&quot;}\" data-wp-interactive=\"core\/image\" data-wp-key=\"6a9530c470363\" class=\"wp-block-image size-large wp-lightbox-container\"><img decoding=\"async\" width=\"1800\" height=\"1350\" data-wp-class--hide=\"state.isContentHidden\" data-wp-class--show=\"state.isContentVisible\" data-wp-init=\"callbacks.setButtonStyles\" data-wp-on--click=\"actions.showLightbox\" data-wp-on--load=\"callbacks.setButtonStyles\" data-wp-on--pointerdown=\"actions.preloadImage\" data-wp-on--pointerenter=\"actions.preloadImageWithDelay\" data-wp-on--pointerleave=\"actions.cancelPreload\" data-wp-on-window--resize=\"callbacks.setButtonStyles\" data-id=\"404789\" src=\"https:\/\/loudavymkrokem.cz\/wp-content\/uploads\/2026\/08\/conrad-maldives-rangali-island-2.jpg\" alt=\"V\u00edzparti villa a Conrad Maldives Rangali Islanden\" class=\"wp-image-404789\" title=\"\" srcset=\"https:\/\/loudavymkrokem.cz\/wp-content\/uploads\/2026\/08\/conrad-maldives-rangali-island-2.jpg 1800w, https:\/\/loudavymkrokem.cz\/wp-content\/uploads\/2026\/08\/conrad-maldives-rangali-island-2-300x225.jpg 300w, https:\/\/loudavymkrokem.cz\/wp-content\/uploads\/2026\/08\/conrad-maldives-rangali-island-2-700x525.jpg 700w, https:\/\/loudavymkrokem.cz\/wp-content\/uploads\/2026\/08\/conrad-maldives-rangali-island-2-768x576.jpg 768w, https:\/\/loudavymkrokem.cz\/wp-content\/uploads\/2026\/08\/conrad-maldives-rangali-island-2-1536x1152.jpg 1536w, https:\/\/loudavymkrokem.cz\/wp-content\/uploads\/2026\/08\/conrad-maldives-rangali-island-2-80x60.jpg 80w, https:\/\/loudavymkrokem.cz\/wp-content\/uploads\/2026\/08\/conrad-maldives-rangali-island-2-160x120.jpg 160w, https:\/\/loudavymkrokem.cz\/wp-content\/uploads\/2026\/08\/conrad-maldives-rangali-island-2-696x522.jpg 696w, https:\/\/loudavymkrokem.cz\/wp-content\/uploads\/2026\/08\/conrad-maldives-rangali-island-2-1392x1044.jpg 1392w\" sizes=\"(max-width: 1800px) 100vw, 1800px\" \/><button\n\t\t\tclass=\"lightbox-trigger\"\n\t\t\ttype=\"button\"\n\t\t\taria-haspopup=\"dialog\"\n\t\t\tdata-wp-bind--aria-label=\"state.thisImage.triggerButtonAriaLabel\"\n\t\t\tdata-wp-init=\"callbacks.initTriggerButton\"\n\t\t\tdata-wp-on--click=\"actions.showLightbox\"\n\t\t\tdata-wp-style--right=\"state.thisImage.buttonRight\"\n\t\t\tdata-wp-style--top=\"state.thisImage.buttonTop\"\n\t\t>\n\t\t\t<svg xmlns=\"http:\/\/www.w3.org\/2000\/svg\" width=\"12\" height=\"12\" fill=\"none\" viewBox=\"0 0 12 12\">\n\t\t\t\t<path fill=\"#fff\" d=\"M2 0a2 2 0 0 0-2 2v2h1.5V2a.5.5 0 0 1 .5-.5h2V0H2Zm2 10.5H2a.5.5 0 0 1-.5-.5V8H0v2a2 2 0 0 0 2 2h2v-1.5ZM8 12v-1.5h2a.5.5 0 0 0 .5-.5V8H12v2a2 2 0 0 1-2 2H8Zm2-12a2 2 0 0 1 2 2v2h-1.5V2a.5.5 0 0 0-.5-.5H8V0h2Z\" \/>\n\t\t\t<\/svg>\n\t\t<\/button><figcaption class=\"wp-element-caption\">Fot\u00f3: Conrad Maldives \/ hivatalos weboldal<\/figcaption><\/figure>\n\n\n\n<figure data-wp-context=\"{&quot;imageId&quot;:&quot;6a9530c4709c2&quot;}\" data-wp-interactive=\"core\/image\" data-wp-key=\"6a9530c4709c2\" class=\"wp-block-image size-large wp-lightbox-container\"><img decoding=\"async\" width=\"1800\" height=\"1350\" data-wp-class--hide=\"state.isContentHidden\" data-wp-class--show=\"state.isContentVisible\" data-wp-init=\"callbacks.setButtonStyles\" data-wp-on--click=\"actions.showLightbox\" data-wp-on--load=\"callbacks.setButtonStyles\" data-wp-on--pointerdown=\"actions.preloadImage\" data-wp-on--pointerenter=\"actions.preloadImageWithDelay\" data-wp-on--pointerleave=\"actions.cancelPreload\" data-wp-on-window--resize=\"callbacks.setButtonStyles\" data-id=\"404790\" src=\"https:\/\/loudavymkrokem.cz\/wp-content\/uploads\/2026\/08\/conrad-maldives-rangali-island-3.jpg\" alt=\"Szoba a Conrad Maldives Rangali Islanden\" class=\"wp-image-404790\" title=\"\" srcset=\"https:\/\/loudavymkrokem.cz\/wp-content\/uploads\/2026\/08\/conrad-maldives-rangali-island-3.jpg 1800w, https:\/\/loudavymkrokem.cz\/wp-content\/uploads\/2026\/08\/conrad-maldives-rangali-island-3-300x225.jpg 300w, https:\/\/loudavymkrokem.cz\/wp-content\/uploads\/2026\/08\/conrad-maldives-rangali-island-3-700x525.jpg 700w, https:\/\/loudavymkrokem.cz\/wp-content\/uploads\/2026\/08\/conrad-maldives-rangali-island-3-768x576.jpg 768w, https:\/\/loudavymkrokem.cz\/wp-content\/uploads\/2026\/08\/conrad-maldives-rangali-island-3-1536x1152.jpg 1536w, https:\/\/loudavymkrokem.cz\/wp-content\/uploads\/2026\/08\/conrad-maldives-rangali-island-3-80x60.jpg 80w, https:\/\/loudavymkrokem.cz\/wp-content\/uploads\/2026\/08\/conrad-maldives-rangali-island-3-160x120.jpg 160w, https:\/\/loudavymkrokem.cz\/wp-content\/uploads\/2026\/08\/conrad-maldives-rangali-island-3-696x522.jpg 696w, https:\/\/loudavymkrokem.cz\/wp-content\/uploads\/2026\/08\/conrad-maldives-rangali-island-3-1392x1044.jpg 1392w\" sizes=\"(max-width: 1800px) 100vw, 1800px\" \/><button\n\t\t\tclass=\"lightbox-trigger\"\n\t\t\ttype=\"button\"\n\t\t\taria-haspopup=\"dialog\"\n\t\t\tdata-wp-bind--aria-label=\"state.thisImage.triggerButtonAriaLabel\"\n\t\t\tdata-wp-init=\"callbacks.initTriggerButton\"\n\t\t\tdata-wp-on--click=\"actions.showLightbox\"\n\t\t\tdata-wp-style--right=\"state.thisImage.buttonRight\"\n\t\t\tdata-wp-style--top=\"state.thisImage.buttonTop\"\n\t\t>\n\t\t\t<svg xmlns=\"http:\/\/www.w3.org\/2000\/svg\" width=\"12\" height=\"12\" fill=\"none\" viewBox=\"0 0 12 12\">\n\t\t\t\t<path fill=\"#fff\" d=\"M2 0a2 2 0 0 0-2 2v2h1.5V2a.5.5 0 0 1 .5-.5h2V0H2Zm2 10.5H2a.5.5 0 0 1-.5-.5V8H0v2a2 2 0 0 0 2 2h2v-1.5ZM8 12v-1.5h2a.5.5 0 0 0 .5-.5V8H12v2a2 2 0 0 1-2 2H8Zm2-12a2 2 0 0 1 2 2v2h-1.5V2a.5.5 0 0 0-.5-.5H8V0h2Z\" \/>\n\t\t\t<\/svg>\n\t\t<\/button><figcaption class=\"wp-element-caption\">Fot\u00f3: Conrad Maldives \/ hivatalos weboldal<\/figcaption><\/figure>\n<\/figure>\n\n\n\n<p class=\"wp-block-paragraph\">Ez az exkluz\u00edv, k\u00e9tszintes rezidencia k\u00e9nyelmesen befogad ak\u00e1r kilenc embert, \u00e9s term\u00e9szetesen saj\u00e1t szem\u00e9lyes inasa is van, aki minden k\u00edv\u00e1ns\u00e1got teljes\u00edt. A hivatalos \u00e1rlist\u00e1n szerepl\u0151 \u00f6sszeg, az \u00fagynevezett rack rate, <strong>egyetlen \u00e9jszak\u00e1ra teljesen hihetetlen 50 000 doll\u00e1rt tesz ki<\/strong>. A val\u00f3s\u00e1gban azonban az \u00e9rt\u00e9kes\u00edtett csomagok nagyj\u00e1b\u00f3l 10 000 doll\u00e1rt\u00f3l felfel\u00e9 mozognak \u00e9jszak\u00e1nk\u00e9nt, \u00e9s rendszerint tizenkilenc- \u00e9s negyvenk\u00e9tezer k\u00f6z\u00f6tti aj\u00e1nlatokba \u00fctk\u00f6z\u00f6l. Mindezen fel\u00fcl a resort szigor\u00faan megk\u00f6vetel egy teljes n\u00e9gy \u00e9jszak\u00e1s minimumtart\u00f3zkod\u00e1st, \u00edgy ez semmik\u00e9pp nem egy hossz\u00fa h\u00e9tv\u00e9g\u00e9s kir\u00e1ndul\u00e1s.<\/p>\n\n\n\n<p class=\"wp-block-paragraph\">\ud83d\udca1 <strong>Tipp:<\/strong> Ha \u00e9pp nincs kedved milli\u00f3kat fizetni a v\u00edz alatti alv\u00e1s\u00e9rt, ugyanabban a resortban legal\u00e1bb megl\u00e1togathatod a <strong>h\u00edres v\u00edz alatti Ithaa \u00e9ttermet<\/strong>, amely nagyon hasonl\u00f3 vizu\u00e1lis \u00e9lm\u00e9nyt k\u00edn\u00e1l a tengerfen\u00e9kr\u0151l, az apartman \u00e1r\u00e1nak t\u00f6red\u00e9k\u00e9\u00e9rt. <em><a href=\"https:\/\/www.stay22.com\/allez\/roam?aid=lukaskonecny&amp;campaign=loudavymkrokemcz&amp;campaign=netradicni-ubytovani-na-svete&amp;hotelname=The%20Muraka&amp;address=Rangali%20Island%2C%20Maledivy\" target=\"_blank\" rel=\"nofollow noopener sponsored\">\u00e1rak \u00e9s el\u00e9rhet\u0151s\u00e9g ellen\u0151rz\u00e9se<\/a><\/em><\/p>\n\n\n\n<figure data-wp-context=\"{&quot;imageId&quot;:&quot;6a9530c4710f9&quot;}\" data-wp-interactive=\"core\/image\" data-wp-key=\"6a9530c4710f9\" class=\"wp-block-image size-full wp-lightbox-container\"><img decoding=\"async\" width=\"1366\" height=\"2048\" data-wp-class--hide=\"state.isContentHidden\" data-wp-class--show=\"state.isContentVisible\" data-wp-init=\"callbacks.setButtonStyles\" data-wp-on--click=\"actions.showLightbox\" data-wp-on--load=\"callbacks.setButtonStyles\" data-wp-on--pointerdown=\"actions.preloadImage\" data-wp-on--pointerenter=\"actions.preloadImageWithDelay\" data-wp-on--pointerleave=\"actions.cancelPreload\" data-wp-on-window--resize=\"callbacks.setButtonStyles\" src=\"https:\/\/loudavymkrokem.cz\/wp-content\/uploads\/2026\/08\/the-manta-resort-underwater-room-pemba-islan-1.jpg\" alt=\"A The Manta Resort \u00fasz\u00f3 v\u00edz alatti szob\u00e1ja Pemba mellett\" class=\"wp-image-404785\" title=\"\" srcset=\"https:\/\/loudavymkrokem.cz\/wp-content\/uploads\/2026\/08\/the-manta-resort-underwater-room-pemba-islan-1.jpg 1366w, https:\/\/loudavymkrokem.cz\/wp-content\/uploads\/2026\/08\/the-manta-resort-underwater-room-pemba-islan-1-200x300.jpg 200w, https:\/\/loudavymkrokem.cz\/wp-content\/uploads\/2026\/08\/the-manta-resort-underwater-room-pemba-islan-1-700x1049.jpg 700w, https:\/\/loudavymkrokem.cz\/wp-content\/uploads\/2026\/08\/the-manta-resort-underwater-room-pemba-islan-1-768x1151.jpg 768w, https:\/\/loudavymkrokem.cz\/wp-content\/uploads\/2026\/08\/the-manta-resort-underwater-room-pemba-islan-1-1025x1536.jpg 1025w, https:\/\/loudavymkrokem.cz\/wp-content\/uploads\/2026\/08\/the-manta-resort-underwater-room-pemba-islan-1-696x1043.jpg 696w\" sizes=\"(max-width: 1366px) 100vw, 1366px\" \/><button\n\t\t\tclass=\"lightbox-trigger\"\n\t\t\ttype=\"button\"\n\t\t\taria-haspopup=\"dialog\"\n\t\t\tdata-wp-bind--aria-label=\"state.thisImage.triggerButtonAriaLabel\"\n\t\t\tdata-wp-init=\"callbacks.initTriggerButton\"\n\t\t\tdata-wp-on--click=\"actions.showLightbox\"\n\t\t\tdata-wp-style--right=\"state.thisImage.buttonRight\"\n\t\t\tdata-wp-style--top=\"state.thisImage.buttonTop\"\n\t\t>\n\t\t\t<svg xmlns=\"http:\/\/www.w3.org\/2000\/svg\" width=\"12\" height=\"12\" fill=\"none\" viewBox=\"0 0 12 12\">\n\t\t\t\t<path fill=\"#fff\" d=\"M2 0a2 2 0 0 0-2 2v2h1.5V2a.5.5 0 0 1 .5-.5h2V0H2Zm2 10.5H2a.5.5 0 0 1-.5-.5V8H0v2a2 2 0 0 0 2 2h2v-1.5ZM8 12v-1.5h2a.5.5 0 0 0 .5-.5V8H12v2a2 2 0 0 1-2 2H8Zm2-12a2 2 0 0 1 2 2v2h-1.5V2a.5.5 0 0 0-.5-.5H8V0h2Z\" \/>\n\t\t\t<\/svg>\n\t\t<\/button><figcaption class=\"wp-element-caption\">Fot\u00f3: The Manta Resort \/ hivatalos weboldal<\/figcaption><\/figure>\n\n\n\n<h3 class=\"wp-block-heading\"><span class=\"ez-toc-section\" id=\"13_The_Manta_Resort_Pemba_Zanzibar_Tanzania\"><\/span>13. The Manta Resort, Pemba, Zanzib\u00e1r, Tanz\u00e1nia<span class=\"ez-toc-section-end\"><\/span><\/h3>\n\n\n\n<p class=\"wp-block-paragraph\">Ez a zanzib\u00e1ri resort, 4,6-os \u00e9rt\u00e9kel\u00e9ssel, egy kicsit m\u00e1sfajta, de nem kev\u00e9sb\u00e9 elk\u00e9peszt\u0151 koncepci\u00f3t k\u00edn\u00e1l. Egy \u00fasz\u00f3 v\u00edz alatti szob\u00e1r\u00f3l van sz\u00f3, amely el\u00e9g biztons\u00e1gosan horgonyoz a ny\u00edlt tengeren, egy darabk\u00e1ra az afrikai sz\u00e1razf\u00f6ldt\u0151l. Fent egy napos tet\u0151terasz tal\u00e1lhat\u00f3, ide\u00e1lis az \u00e9jszakai csillagok megfigyel\u00e9s\u00e9re, k\u00f6z\u00e9pen egy t\u00e1gas lak\u00f3r\u00e9sz, <strong>lent pedig egy h\u00e1l\u00f3szoba v\u00e1r nagy ablakokkal, egyenesen a sz\u00ednes korallz\u00e1tonyra<\/strong>.<\/p>\n\n\n\n<figure data-wp-context=\"{&quot;galleryId&quot;:&quot;6a9530c47139f&quot;}\" data-wp-interactive=\"core\/gallery\" class=\"wp-block-gallery has-nested-images columns-2 is-cropped wp-block-gallery-is-layout-flex wp-block-gallery-8 is-layout-flex\">\n<figure data-wp-context=\"{&quot;imageId&quot;:&quot;6a9530c47173d&quot;}\" data-wp-interactive=\"core\/image\" data-wp-key=\"6a9530c47173d\" class=\"wp-block-image size-large wp-lightbox-container\"><img decoding=\"async\" width=\"1440\" height=\"1800\" data-wp-class--hide=\"state.isContentHidden\" data-wp-class--show=\"state.isContentVisible\" data-wp-init=\"callbacks.setButtonStyles\" data-wp-on--click=\"actions.showLightbox\" data-wp-on--load=\"callbacks.setButtonStyles\" data-wp-on--pointerdown=\"actions.preloadImage\" data-wp-on--pointerenter=\"actions.preloadImageWithDelay\" data-wp-on--pointerleave=\"actions.cancelPreload\" data-wp-on-window--resize=\"callbacks.setButtonStyles\" data-id=\"404786\" src=\"https:\/\/loudavymkrokem.cz\/wp-content\/uploads\/2026\/08\/the-manta-resort-underwater-room-pemba-islan-2.jpg\" alt=\"Korallz\u00e1tony Pemba sziget\u00e9n\u00e9l\" class=\"wp-image-404786\" title=\"\" srcset=\"https:\/\/loudavymkrokem.cz\/wp-content\/uploads\/2026\/08\/the-manta-resort-underwater-room-pemba-islan-2.jpg 1440w, https:\/\/loudavymkrokem.cz\/wp-content\/uploads\/2026\/08\/the-manta-resort-underwater-room-pemba-islan-2-240x300.jpg 240w, https:\/\/loudavymkrokem.cz\/wp-content\/uploads\/2026\/08\/the-manta-resort-underwater-room-pemba-islan-2-700x875.jpg 700w, https:\/\/loudavymkrokem.cz\/wp-content\/uploads\/2026\/08\/the-manta-resort-underwater-room-pemba-islan-2-768x960.jpg 768w, https:\/\/loudavymkrokem.cz\/wp-content\/uploads\/2026\/08\/the-manta-resort-underwater-room-pemba-islan-2-1229x1536.jpg 1229w, https:\/\/loudavymkrokem.cz\/wp-content\/uploads\/2026\/08\/the-manta-resort-underwater-room-pemba-islan-2-696x870.jpg 696w, https:\/\/loudavymkrokem.cz\/wp-content\/uploads\/2026\/08\/the-manta-resort-underwater-room-pemba-islan-2-1392x1740.jpg 1392w\" sizes=\"(max-width: 1440px) 100vw, 1440px\" \/><button\n\t\t\tclass=\"lightbox-trigger\"\n\t\t\ttype=\"button\"\n\t\t\taria-haspopup=\"dialog\"\n\t\t\tdata-wp-bind--aria-label=\"state.thisImage.triggerButtonAriaLabel\"\n\t\t\tdata-wp-init=\"callbacks.initTriggerButton\"\n\t\t\tdata-wp-on--click=\"actions.showLightbox\"\n\t\t\tdata-wp-style--right=\"state.thisImage.buttonRight\"\n\t\t\tdata-wp-style--top=\"state.thisImage.buttonTop\"\n\t\t>\n\t\t\t<svg xmlns=\"http:\/\/www.w3.org\/2000\/svg\" width=\"12\" height=\"12\" fill=\"none\" viewBox=\"0 0 12 12\">\n\t\t\t\t<path fill=\"#fff\" d=\"M2 0a2 2 0 0 0-2 2v2h1.5V2a.5.5 0 0 1 .5-.5h2V0H2Zm2 10.5H2a.5.5 0 0 1-.5-.5V8H0v2a2 2 0 0 0 2 2h2v-1.5ZM8 12v-1.5h2a.5.5 0 0 0 .5-.5V8H12v2a2 2 0 0 1-2 2H8Zm2-12a2 2 0 0 1 2 2v2h-1.5V2a.5.5 0 0 0-.5-.5H8V0h2Z\" \/>\n\t\t\t<\/svg>\n\t\t<\/button><figcaption class=\"wp-element-caption\">Fot\u00f3: The Manta Resort \/ hivatalos weboldal<\/figcaption><\/figure>\n\n\n\n<figure data-wp-context=\"{&quot;imageId&quot;:&quot;6a9530c471b41&quot;}\" data-wp-interactive=\"core\/image\" data-wp-key=\"6a9530c471b41\" class=\"wp-block-image size-large wp-lightbox-container\"><img decoding=\"async\" width=\"1350\" height=\"1800\" data-wp-class--hide=\"state.isContentHidden\" data-wp-class--show=\"state.isContentVisible\" data-wp-init=\"callbacks.setButtonStyles\" data-wp-on--click=\"actions.showLightbox\" data-wp-on--load=\"callbacks.setButtonStyles\" data-wp-on--pointerdown=\"actions.preloadImage\" data-wp-on--pointerenter=\"actions.preloadImageWithDelay\" data-wp-on--pointerleave=\"actions.cancelPreload\" data-wp-on-window--resize=\"callbacks.setButtonStyles\" data-id=\"404787\" src=\"https:\/\/loudavymkrokem.cz\/wp-content\/uploads\/2026\/08\/the-manta-resort-underwater-room-pemba-islan-3.jpg\" alt=\"Pemba sziget\u00e9nek partvid\u00e9ke\" class=\"wp-image-404787\" title=\"\" srcset=\"https:\/\/loudavymkrokem.cz\/wp-content\/uploads\/2026\/08\/the-manta-resort-underwater-room-pemba-islan-3.jpg 1350w, https:\/\/loudavymkrokem.cz\/wp-content\/uploads\/2026\/08\/the-manta-resort-underwater-room-pemba-islan-3-225x300.jpg 225w, https:\/\/loudavymkrokem.cz\/wp-content\/uploads\/2026\/08\/the-manta-resort-underwater-room-pemba-islan-3-700x933.jpg 700w, https:\/\/loudavymkrokem.cz\/wp-content\/uploads\/2026\/08\/the-manta-resort-underwater-room-pemba-islan-3-768x1024.jpg 768w, https:\/\/loudavymkrokem.cz\/wp-content\/uploads\/2026\/08\/the-manta-resort-underwater-room-pemba-islan-3-1152x1536.jpg 1152w, https:\/\/loudavymkrokem.cz\/wp-content\/uploads\/2026\/08\/the-manta-resort-underwater-room-pemba-islan-3-696x928.jpg 696w\" sizes=\"(max-width: 1350px) 100vw, 1350px\" \/><button\n\t\t\tclass=\"lightbox-trigger\"\n\t\t\ttype=\"button\"\n\t\t\taria-haspopup=\"dialog\"\n\t\t\tdata-wp-bind--aria-label=\"state.thisImage.triggerButtonAriaLabel\"\n\t\t\tdata-wp-init=\"callbacks.initTriggerButton\"\n\t\t\tdata-wp-on--click=\"actions.showLightbox\"\n\t\t\tdata-wp-style--right=\"state.thisImage.buttonRight\"\n\t\t\tdata-wp-style--top=\"state.thisImage.buttonTop\"\n\t\t>\n\t\t\t<svg xmlns=\"http:\/\/www.w3.org\/2000\/svg\" width=\"12\" height=\"12\" fill=\"none\" viewBox=\"0 0 12 12\">\n\t\t\t\t<path fill=\"#fff\" d=\"M2 0a2 2 0 0 0-2 2v2h1.5V2a.5.5 0 0 1 .5-.5h2V0H2Zm2 10.5H2a.5.5 0 0 1-.5-.5V8H0v2a2 2 0 0 0 2 2h2v-1.5ZM8 12v-1.5h2a.5.5 0 0 0 .5-.5V8H12v2a2 2 0 0 1-2 2H8Zm2-12a2 2 0 0 1 2 2v2h-1.5V2a.5.5 0 0 0-.5-.5H8V0h2Z\" \/>\n\t\t\t<\/svg>\n\t\t<\/button><figcaption class=\"wp-element-caption\">Fot\u00f3: The Manta Resort \/ hivatalos weboldal<\/figcaption><\/figure>\n<\/figure>\n\n\n\n<p class=\"wp-block-paragraph\">\u00d6sszess\u00e9g\u00e9ben jelent\u0151sen el\u00e9rhet\u0151bb v\u00edz alatti v\u00e1ltozat, mint a dr\u00e1ga Mald\u00edv-szigeteken, az eg\u00e9sz resort r\u00e1ad\u00e1sul nagyon praktikus all inclusive rendszerben m\u0171k\u00f6dik. Ennek ellen\u00e9re egy el\u00e9g nagy kock\u00e1zat fenyeget itt. A fellelhet\u0151 \u00e9rt\u00e9kel\u00e9sekben ugyanis van egy <strong>nagyon \u00e9les panasz egy vend\u00e9gt\u0151l, akinek a v\u00edz alatti szob\u00e1t egy hatalmas el\u0151leg befizet\u00e9se ut\u00e1n v\u00e9g\u00fcl \u00fczemeltet\u00e9si okokb\u00f3l egy\u00e1ltal\u00e1n nem biztos\u00edtott\u00e1k<\/strong>. Az \u00f3ce\u00e1n egyszer\u0171en dikt\u00e1lja a szab\u00e1lyokat.<\/p>\n\n\n\n<p class=\"wp-block-paragraph\">\ud83d\udca1 <strong>Tipp:<\/strong> Ha ezzel a hatalmas \u00e1lommal \u00e9rkezel ide, mindig <strong>szigor\u00faan \u00e9s \u00edr\u00e1sban er\u0151s\u00edttesd meg el\u0151re a v\u00edz alatti szoba kiutal\u00e1s\u00e1t<\/strong>, \u00e9s sz\u00e1molj a nagy kock\u00e1zattal, hogy igaz\u00e1n er\u0151s sz\u00e9lben \u00e9s nagy hull\u00e1mokban a h\u00e1l\u00f3szoba biztons\u00e1gi okokb\u00f3l nem lesz hozz\u00e1f\u00e9rhet\u0151.<\/p>\n\n\n\n<h2 class=\"wp-block-heading\"><span class=\"ez-toc-section\" id=\"5_A_fak_koronajaban\"><\/span>5) A f\u00e1k koron\u00e1j\u00e1ban<span class=\"ez-toc-section-end\"><\/span><\/h2>\n\n\n\n<p class=\"wp-block-paragraph\">A f\u00e1kra \u00e9p\u00fclt hotelek m\u00e1r r\u00e9g\u00f3ta nem \u00fagy n\u00e9znek ki, mint azok az \u00f6sszet\u00e1kolt \u00e9s nyikorg\u00f3 b\u00f3d\u00e9k a gyerekkorunkb\u00f3l. Ma ezek <strong>gyakran cs\u00facsmin\u0151s\u00e9g\u0171, d\u00edjnyertes diz\u00e1jnalkot\u00e1sok<\/strong>, amelyek nagyon \u00e9rz\u00e9kenyen illeszkednek az erdei \u00f6kosziszt\u00e9m\u00e1kba, \u00e9s teljesen v\u00e1ratlan k\u00e9nyelmet k\u00edn\u00e1lnak.<\/p>\n\n\n\n<p class=\"wp-block-paragraph\">A luxusfelszerelts\u00e9g \u00e9s a magas \u00e1rak ellen\u00e9re azonban tov\u00e1bbra is igaz, hogy magasan vagy a term\u00e9szetben. Valahol t\u00e9nyleg er\u0151sen f\u00faj a sz\u00e9l, m\u00e1shol himb\u00e1l\u00f3znak az \u00e1gak, \u00e9s <strong>n\u00e9ha eg\u00e9szen l\u00e9nyeges logisztikai kompromisszumokba is \u00fctk\u00f6z\u00f6l<\/strong>, mint p\u00e9ld\u00e1ul a lent, a f\u00f6ld\u00f6n biztons\u00e1gosan lehorgonyzott k\u00f6z\u00f6s zuhanyz\u00f3k \u00e9s f\u00fcrd\u0151szob\u00e1k. <em><a href=\"https:\/\/www.stay22.com\/allez\/roam?aid=lukaskonecny&amp;campaign=loudavymkrokemcz&amp;campaign=netradicni-ubytovani-na-svete&amp;hotelname=The%20Manta%20Resort&amp;address=Pemba%2C%20Tanzanie\" target=\"_blank\" rel=\"nofollow noopener sponsored\">\u00e1rak \u00e9s el\u00e9rhet\u0151s\u00e9g ellen\u0151rz\u00e9se<\/a><\/em><\/p>\n\n\n\n<figure data-wp-context=\"{&quot;imageId&quot;:&quot;6a9530c4723a6&quot;}\" data-wp-interactive=\"core\/image\" data-wp-key=\"6a9530c4723a6\" class=\"wp-block-image size-full wp-lightbox-container\"><img decoding=\"async\" width=\"1800\" height=\"1012\" data-wp-class--hide=\"state.isContentHidden\" data-wp-class--show=\"state.isContentVisible\" data-wp-init=\"callbacks.setButtonStyles\" data-wp-on--click=\"actions.showLightbox\" data-wp-on--load=\"callbacks.setButtonStyles\" data-wp-on--pointerdown=\"actions.preloadImage\" data-wp-on--pointerenter=\"actions.preloadImageWithDelay\" data-wp-on--pointerleave=\"actions.cancelPreload\" data-wp-on-window--resize=\"callbacks.setButtonStyles\" src=\"https:\/\/loudavymkrokem.cz\/wp-content\/uploads\/2026\/08\/tree-hotel-1.jpg\" alt=\"A Treehotel Mirrorcube nev\u0171 t\u00fck\u00f6rkock\u00e1ja\" class=\"wp-image-404782\" title=\"\" srcset=\"https:\/\/loudavymkrokem.cz\/wp-content\/uploads\/2026\/08\/tree-hotel-1.jpg 1800w, https:\/\/loudavymkrokem.cz\/wp-content\/uploads\/2026\/08\/tree-hotel-1-300x169.jpg 300w, https:\/\/loudavymkrokem.cz\/wp-content\/uploads\/2026\/08\/tree-hotel-1-700x394.jpg 700w, https:\/\/loudavymkrokem.cz\/wp-content\/uploads\/2026\/08\/tree-hotel-1-768x432.jpg 768w, https:\/\/loudavymkrokem.cz\/wp-content\/uploads\/2026\/08\/tree-hotel-1-1536x864.jpg 1536w, https:\/\/loudavymkrokem.cz\/wp-content\/uploads\/2026\/08\/tree-hotel-1-696x391.jpg 696w, https:\/\/loudavymkrokem.cz\/wp-content\/uploads\/2026\/08\/tree-hotel-1-1392x783.jpg 1392w\" sizes=\"(max-width: 1800px) 100vw, 1800px\" \/><button\n\t\t\tclass=\"lightbox-trigger\"\n\t\t\ttype=\"button\"\n\t\t\taria-haspopup=\"dialog\"\n\t\t\tdata-wp-bind--aria-label=\"state.thisImage.triggerButtonAriaLabel\"\n\t\t\tdata-wp-init=\"callbacks.initTriggerButton\"\n\t\t\tdata-wp-on--click=\"actions.showLightbox\"\n\t\t\tdata-wp-style--right=\"state.thisImage.buttonRight\"\n\t\t\tdata-wp-style--top=\"state.thisImage.buttonTop\"\n\t\t>\n\t\t\t<svg xmlns=\"http:\/\/www.w3.org\/2000\/svg\" width=\"12\" height=\"12\" fill=\"none\" viewBox=\"0 0 12 12\">\n\t\t\t\t<path fill=\"#fff\" d=\"M2 0a2 2 0 0 0-2 2v2h1.5V2a.5.5 0 0 1 .5-.5h2V0H2Zm2 10.5H2a.5.5 0 0 1-.5-.5V8H0v2a2 2 0 0 0 2 2h2v-1.5ZM8 12v-1.5h2a.5.5 0 0 0 .5-.5V8H12v2a2 2 0 0 1-2 2H8Zm2-12a2 2 0 0 1 2 2v2h-1.5V2a.5.5 0 0 0-.5-.5H8V0h2Z\" \/>\n\t\t\t<\/svg>\n\t\t<\/button><figcaption class=\"wp-element-caption\">Fot\u00f3: Treehotel \/ hivatalos weboldal<\/figcaption><\/figure>\n\n\n\n<h3 class=\"wp-block-heading\"><span class=\"ez-toc-section\" id=\"14_Treehotel_Harads_Svedorszag\"><\/span>14. Treehotel, Harads, Sv\u00e9dorsz\u00e1g<span class=\"ez-toc-section-end\"><\/span><\/h3>\n\n\n\n<p class=\"wp-block-paragraph\">Ez a h\u00edres sv\u00e9d projekt, 4,6-os \u00e9rt\u00e9kel\u00e9ssel, egy igazi \u00e9p\u00edt\u00e9szeti ikon, amely <strong>h\u00e9t teljesen egyedi \u00e9s vizu\u00e1lisan leny\u0171g\u00f6z\u0151 szob\u00e1t k\u00edn\u00e1l a Lule foly\u00f3 melletti erd\u0151ben elsz\u00f3rva<\/strong>. A legislegismertebbek k\u00f6z\u00e9 tartozik a Mirrorcube t\u00fck\u00f6rkocka, amely a k\u00f6rnyez\u0151 erd\u0151 t\u00f6k\u00e9letes t\u00fckr\u00f6z\u0151d\u00e9seinek k\u00f6sz\u00f6nhet\u0151en szinte l\u00e1thatatlan, a hatalmas Bird&#8217;s Nest mad\u00e1rf\u00e9szek, vagy a teljesen v\u00e1ratlan ez\u00fcst UFO, amely mintha egy B-kateg\u00f3ri\u00e1s filmb\u0151l l\u00e9pett volna el\u0151. Leny\u0171g\u00f6z a t\u00f6bb sz\u00e1z val\u00f3di mad\u00e1rod\u00faval bor\u00edtott Biosphere szoba, vagy a 7th Room szoba is, amelynek kifesz\u00edtett h\u00e1l\u00f3terasza magasan a feny\u0151k koron\u00e1i f\u00f6l\u00f6tt f\u00fcgg.<\/p>\n\n\n\n<figure data-wp-context=\"{&quot;galleryId&quot;:&quot;6a9530c47255b&quot;}\" data-wp-interactive=\"core\/gallery\" class=\"wp-block-gallery has-nested-images columns-2 is-cropped wp-block-gallery-is-layout-flex wp-block-gallery-21 is-layout-flex\">\n<figure data-wp-context=\"{&quot;imageId&quot;:&quot;6a9530c47290a&quot;}\" data-wp-interactive=\"core\/image\" data-wp-key=\"6a9530c47290a\" class=\"wp-block-image size-full wp-lightbox-container\"><img decoding=\"async\" width=\"1200\" height=\"800\" data-wp-class--hide=\"state.isContentHidden\" data-wp-class--show=\"state.isContentVisible\" data-wp-init=\"callbacks.setButtonStyles\" data-wp-on--click=\"actions.showLightbox\" data-wp-on--load=\"callbacks.setButtonStyles\" data-wp-on--pointerdown=\"actions.preloadImage\" data-wp-on--pointerenter=\"actions.preloadImageWithDelay\" data-wp-on--pointerleave=\"actions.cancelPreload\" data-wp-on-window--resize=\"callbacks.setButtonStyles\" data-id=\"404816\" src=\"https:\/\/loudavymkrokem.cz\/wp-content\/uploads\/2026\/08\/free-spirit-spheres-incd0-1.jpg\" alt=\"A Free Spirit Spheres fag\u00f6mbje a t\u00f6rzsek k\u00f6z\u00e9 f\u00fcggesztve\" class=\"wp-image-404816\" title=\"\" srcset=\"https:\/\/loudavymkrokem.cz\/wp-content\/uploads\/2026\/08\/free-spirit-spheres-incd0-1.jpg 1200w, https:\/\/loudavymkrokem.cz\/wp-content\/uploads\/2026\/08\/free-spirit-spheres-incd0-1-300x200.jpg 300w, https:\/\/loudavymkrokem.cz\/wp-content\/uploads\/2026\/08\/free-spirit-spheres-incd0-1-700x467.jpg 700w, https:\/\/loudavymkrokem.cz\/wp-content\/uploads\/2026\/08\/free-spirit-spheres-incd0-1-768x512.jpg 768w, https:\/\/loudavymkrokem.cz\/wp-content\/uploads\/2026\/08\/free-spirit-spheres-incd0-1-696x464.jpg 696w\" sizes=\"(max-width: 1200px) 100vw, 1200px\" \/><button\n\t\t\tclass=\"lightbox-trigger\"\n\t\t\ttype=\"button\"\n\t\t\taria-haspopup=\"dialog\"\n\t\t\tdata-wp-bind--aria-label=\"state.thisImage.triggerButtonAriaLabel\"\n\t\t\tdata-wp-init=\"callbacks.initTriggerButton\"\n\t\t\tdata-wp-on--click=\"actions.showLightbox\"\n\t\t\tdata-wp-style--right=\"state.thisImage.buttonRight\"\n\t\t\tdata-wp-style--top=\"state.thisImage.buttonTop\"\n\t\t>\n\t\t\t<svg xmlns=\"http:\/\/www.w3.org\/2000\/svg\" width=\"12\" height=\"12\" fill=\"none\" viewBox=\"0 0 12 12\">\n\t\t\t\t<path fill=\"#fff\" d=\"M2 0a2 2 0 0 0-2 2v2h1.5V2a.5.5 0 0 1 .5-.5h2V0H2Zm2 10.5H2a.5.5 0 0 1-.5-.5V8H0v2a2 2 0 0 0 2 2h2v-1.5ZM8 12v-1.5h2a.5.5 0 0 0 .5-.5V8H12v2a2 2 0 0 1-2 2H8Zm2-12a2 2 0 0 1 2 2v2h-1.5V2a.5.5 0 0 0-.5-.5H8V0h2Z\" \/>\n\t\t\t<\/svg>\n\t\t<\/button><figcaption class=\"wp-element-caption\">Fot\u00f3: Free Spirit Spheres \/ hivatalos weboldal<\/figcaption><\/figure>\n\n\n\n<h3 class=\"wp-block-heading\"><span class=\"ez-toc-section\" id=\"15_Free_Spirit_Spheres_Qualicum_Beach_Vancouver-sziget_Kanada\"><\/span>15. Free Spirit Spheres, Qualicum Beach, Vancouver-sziget, Kanada<span class=\"ez-toc-section-end\"><\/span><\/h3>\n\n\n\n<p class=\"wp-block-paragraph\">Ez az \u0151r\u00fclt kanadai projekt, fantasztikus, 4,9-es \u00e9rt\u00e9kel\u00e9ssel, mintha egy teljesen m\u00e1s vil\u00e1gb\u00f3l val\u00f3 lenne. Elk\u00e9peszt\u0151 <strong>f\u00e1b\u00f3l \u00e9s lamin\u00e1tb\u00f3l k\u00e9sz\u00fclt g\u00f6mb\u00f6k, amelyeket egy \u00e1tgondolt, er\u0151s k\u00f6telekb\u0151l \u00e1ll\u00f3 rendszer seg\u00edts\u00e9g\u00e9vel f\u00fcggesztettek fel az \u00f3ri\u00e1si f\u00e1k koron\u00e1j\u00e1ba<\/strong>, \u00edgy minden mozdulatodra vagy sz\u00e9lrohamra nagyon finoman himb\u00e1l\u00f3znak.<\/p>\n\n\n\n<figure data-wp-context=\"{&quot;galleryId&quot;:&quot;6a9530c472b41&quot;}\" data-wp-interactive=\"core\/gallery\" class=\"wp-block-gallery has-nested-images columns-2 is-cropped wp-block-gallery-is-layout-flex wp-block-gallery-9 is-layout-flex\">\n<figure data-wp-context=\"{&quot;imageId&quot;:&quot;6a9530c472f44&quot;}\" data-wp-interactive=\"core\/image\" data-wp-key=\"6a9530c472f44\" class=\"wp-block-image size-large wp-lightbox-container\"><img decoding=\"async\" width=\"1200\" height=\"800\" data-wp-class--hide=\"state.isContentHidden\" data-wp-class--show=\"state.isContentVisible\" data-wp-init=\"callbacks.setButtonStyles\" data-wp-on--click=\"actions.showLightbox\" data-wp-on--load=\"callbacks.setButtonStyles\" data-wp-on--pointerdown=\"actions.preloadImage\" data-wp-on--pointerenter=\"actions.preloadImageWithDelay\" data-wp-on--pointerleave=\"actions.cancelPreload\" data-wp-on-window--resize=\"callbacks.setButtonStyles\" data-id=\"404817\" src=\"https:\/\/loudavymkrokem.cz\/wp-content\/uploads\/2026\/08\/free-spirit-spheres-incd0-2.jpg\" alt=\"A Free Spirit Spheres g\u00f6mb belseje kerek ablakokkal\" class=\"wp-image-404817\" title=\"\" srcset=\"https:\/\/loudavymkrokem.cz\/wp-content\/uploads\/2026\/08\/free-spirit-spheres-incd0-2.jpg 1200w, https:\/\/loudavymkrokem.cz\/wp-content\/uploads\/2026\/08\/free-spirit-spheres-incd0-2-300x200.jpg 300w, https:\/\/loudavymkrokem.cz\/wp-content\/uploads\/2026\/08\/free-spirit-spheres-incd0-2-700x467.jpg 700w, https:\/\/loudavymkrokem.cz\/wp-content\/uploads\/2026\/08\/free-spirit-spheres-incd0-2-768x512.jpg 768w, https:\/\/loudavymkrokem.cz\/wp-content\/uploads\/2026\/08\/free-spirit-spheres-incd0-2-696x464.jpg 696w\" sizes=\"(max-width: 1200px) 100vw, 1200px\" \/><button\n\t\t\tclass=\"lightbox-trigger\"\n\t\t\ttype=\"button\"\n\t\t\taria-haspopup=\"dialog\"\n\t\t\tdata-wp-bind--aria-label=\"state.thisImage.triggerButtonAriaLabel\"\n\t\t\tdata-wp-init=\"callbacks.initTriggerButton\"\n\t\t\tdata-wp-on--click=\"actions.showLightbox\"\n\t\t\tdata-wp-style--right=\"state.thisImage.buttonRight\"\n\t\t\tdata-wp-style--top=\"state.thisImage.buttonTop\"\n\t\t>\n\t\t\t<svg xmlns=\"http:\/\/www.w3.org\/2000\/svg\" width=\"12\" height=\"12\" fill=\"none\" viewBox=\"0 0 12 12\">\n\t\t\t\t<path fill=\"#fff\" d=\"M2 0a2 2 0 0 0-2 2v2h1.5V2a.5.5 0 0 1 .5-.5h2V0H2Zm2 10.5H2a.5.5 0 0 1-.5-.5V8H0v2a2 2 0 0 0 2 2h2v-1.5ZM8 12v-1.5h2a.5.5 0 0 0 .5-.5V8H12v2a2 2 0 0 1-2 2H8Zm2-12a2 2 0 0 1 2 2v2h-1.5V2a.5.5 0 0 0-.5-.5H8V0h2Z\" \/>\n\t\t\t<\/svg>\n\t\t<\/button><figcaption class=\"wp-element-caption\">Fot\u00f3: Free Spirit Spheres \/ hivatalos weboldal<\/figcaption><\/figure>\n<\/figure>\n\n\n\n<p class=\"wp-block-paragraph\">Ezekb\u0151l a m\u00e1gikus g\u00f6mb\u00f6kb\u0151l \u00f6sszesen h\u00e1rom van az erd\u0151ben, \u00e9s n\u0151i neveket viselnek: Eve, Eryn \u00e9s Melody. Hihetetlen\u00fcl romantikus \u00e9s csendes hely, amelyet kiz\u00e1r\u00f3lag k\u00e9t feln\u0151tt szem\u00e9lynek sz\u00e1ntak. El\u0151re bele kell azonban t\u00f6r\u0151dn\u00f6d, hogy az \u00f6sszes szoci\u00e1lis helyis\u00e9g \u00e9s a meleg f\u00fcrd\u0151szoba <strong>k\u00f6z\u00f6s, \u00e9s lent, a szil\u00e1rd talajon tal\u00e1lhat\u00f3<\/strong>, ahov\u00e1 l\u00e9tr\u00e1n kell lem\u00e1szni.<\/p>\n\n\n\n<p class=\"wp-block-paragraph\">\ud83d\udca1 <strong>Tipp:<\/strong> Ez a saj\u00e1tos sz\u00e1ll\u00e1s semmik\u00e9pp <strong>nem gyerekes, zajos csal\u00e1doknak val\u00f3<\/strong>, \u00e9s biztons\u00e1gi okokb\u00f3l nem is engedik ide \u0151ket. Ez egy nyugodt mened\u00e9k csak feln\u0151tteknek, akik pihen\u00e9st keresnek a vad erd\u0151 k\u00f6zep\u00e9n. <em><a href=\"https:\/\/www.stay22.com\/allez\/roam?aid=lukaskonecny&amp;campaign=loudavymkrokemcz&amp;campaign=netradicni-ubytovani-na-svete&amp;hotelname=Free%20Spirit%20Spheres&amp;address=Qualicum%20Beach%2C%20Kanada\" target=\"_blank\" rel=\"nofollow noopener sponsored\">\u00e1rak \u00e9s el\u00e9rhet\u0151s\u00e9g ellen\u0151rz\u00e9se<\/a><\/em><\/p>\n\n\n\n<figure data-wp-context=\"{&quot;imageId&quot;:&quot;6a9530c4735ac&quot;}\" data-wp-interactive=\"core\/image\" data-wp-key=\"6a9530c4735ac\" class=\"wp-block-image size-full wp-lightbox-container\"><img decoding=\"async\" width=\"1680\" height=\"693\" data-wp-class--hide=\"state.isContentHidden\" data-wp-class--show=\"state.isContentVisible\" data-wp-init=\"callbacks.setButtonStyles\" data-wp-on--click=\"actions.showLightbox\" data-wp-on--load=\"callbacks.setButtonStyles\" data-wp-on--pointerdown=\"actions.preloadImage\" data-wp-on--pointerenter=\"actions.preloadImageWithDelay\" data-wp-on--pointerleave=\"actions.cancelPreload\" data-wp-on-window--resize=\"callbacks.setButtonStyles\" data-id=\"404781\" src=\"https:\/\/loudavymkrokem.cz\/wp-content\/uploads\/2026\/08\/monta-a-m-gica-lodge-4.jpg\" alt=\"A Monta\u00f1a M\u00e1gica Lodge vulk\u00e1n alak\u00fa \u00e9p\u00fclete a chilei \u0151serd\u0151ben\" class=\"wp-image-404781\" title=\"\" srcset=\"https:\/\/loudavymkrokem.cz\/wp-content\/uploads\/2026\/08\/monta-a-m-gica-lodge-4.jpg 1680w, https:\/\/loudavymkrokem.cz\/wp-content\/uploads\/2026\/08\/monta-a-m-gica-lodge-4-300x124.jpg 300w, https:\/\/loudavymkrokem.cz\/wp-content\/uploads\/2026\/08\/monta-a-m-gica-lodge-4-700x289.jpg 700w, https:\/\/loudavymkrokem.cz\/wp-content\/uploads\/2026\/08\/monta-a-m-gica-lodge-4-768x317.jpg 768w, https:\/\/loudavymkrokem.cz\/wp-content\/uploads\/2026\/08\/monta-a-m-gica-lodge-4-1536x634.jpg 1536w, https:\/\/loudavymkrokem.cz\/wp-content\/uploads\/2026\/08\/monta-a-m-gica-lodge-4-696x287.jpg 696w, https:\/\/loudavymkrokem.cz\/wp-content\/uploads\/2026\/08\/monta-a-m-gica-lodge-4-1392x574.jpg 1392w\" sizes=\"(max-width: 1680px) 100vw, 1680px\" \/><button\n\t\t\tclass=\"lightbox-trigger\"\n\t\t\ttype=\"button\"\n\t\t\taria-haspopup=\"dialog\"\n\t\t\tdata-wp-bind--aria-label=\"state.thisImage.triggerButtonAriaLabel\"\n\t\t\tdata-wp-init=\"callbacks.initTriggerButton\"\n\t\t\tdata-wp-on--click=\"actions.showLightbox\"\n\t\t\tdata-wp-style--right=\"state.thisImage.buttonRight\"\n\t\t\tdata-wp-style--top=\"state.thisImage.buttonTop\"\n\t\t>\n\t\t\t<svg xmlns=\"http:\/\/www.w3.org\/2000\/svg\" width=\"12\" height=\"12\" fill=\"none\" viewBox=\"0 0 12 12\">\n\t\t\t\t<path fill=\"#fff\" d=\"M2 0a2 2 0 0 0-2 2v2h1.5V2a.5.5 0 0 1 .5-.5h2V0H2Zm2 10.5H2a.5.5 0 0 1-.5-.5V8H0v2a2 2 0 0 0 2 2h2v-1.5ZM8 12v-1.5h2a.5.5 0 0 0 .5-.5V8H12v2a2 2 0 0 1-2 2H8Zm2-12a2 2 0 0 1 2 2v2h-1.5V2a.5.5 0 0 0-.5-.5H8V0h2Z\" \/>\n\t\t\t<\/svg>\n\t\t<\/button><figcaption class=\"wp-element-caption\">Fot\u00f3: Huilo Huilo \/ hivatalos weboldal<\/figcaption><\/figure>\n\n\n\n<h3 class=\"wp-block-heading\"><span class=\"ez-toc-section\" id=\"16_Montana_Magica_Lodge_Neltume_Chile\"><\/span>16. Monta\u00f1a M\u00e1gica Lodge, Neltume, Chile<span class=\"ez-toc-section-end\"><\/span><\/h3>\n\n\n\n<p class=\"wp-block-paragraph\">Ez a leny\u0171g\u00f6z\u0151 d\u00e9l-amerikai \u00e9p\u00edtm\u00e9ny, 4,5-\u00f6s \u00e9rt\u00e9kel\u00e9ssel, \u00fagy n\u00e9z ki, mintha egyenesen a Gy\u0171r\u0171k Ura c\u00edm\u0171 filmb\u0151l v\u00e1gt\u00e1k volna ki. Egy <strong>nagy \u00e9s tagolt lodge, amelyet egy \u00f3ri\u00e1si vulk\u00e1n form\u00e1j\u00e1ra \u00e9p\u00edtettek egy s\u0171r\u0171 es\u0151erd\u0151 k\u00f6zep\u00e9n<\/strong>, a v\u00e9dett Huilo Huilo rezerv\u00e1tumban. A cs\u00facs\u00e1r\u00f3l folyamatosan v\u00edz csorog le a moh\u00e1val \u00e9s p\u00e1fr\u00e1nyokkal ben\u0151tt k\u0151homlokzaton.<\/p>\n\n\n\n<p class=\"wp-block-paragraph\">Nagyon st\u00edlusosan, egy hossz\u00fa \u00e9s himb\u00e1l\u00f3z\u00f3 f\u00fcgg\u0151h\u00eddon \u00e1t \u00e9rkezel hozz\u00e1, ami csak fokozza a kaland \u00e9rz\u00e9s\u00e9t. B\u00e1r ez a vizu\u00e1lis sz\u00e9ps\u00e9g netov\u00e1bbja, az \u00e9rt\u00e9kel\u00e9sek eg\u00e9szen k\u00f6ny\u00f6rtelen\u00fcl felt\u00e1rj\u00e1k a projekt \u00e1rnyoldalait is. A vend\u00e9gek nagyon gyakran \u00e9s ism\u00e9tl\u0151d\u0151en eml\u00edtik a <strong>jelent\u0151s nyelvi akad\u00e1lyt az \u00e9tterem szem\u00e9lyzet\u00e9n\u00e9l \u00e9s a k\u00f6rnyez\u0151 turista\u00f6sv\u00e9nyek nagyon zavaros jelz\u00e9s\u00e9t<\/strong>.<\/p>\n\n\n\n<p class=\"wp-block-paragraph\">\ud83d\udca1 <strong>Tipp:<\/strong> \u00c1llj hozz\u00e1 ehhez a helyhez ink\u00e1bb \u00fagy, mint egy <strong>hatalmas \u0151serdei kalandhoz, semmint egy hib\u00e1tlan pr\u00e9miumhotelhez<\/strong> t\u00f6k\u00e9letes \u00f6tcsillagos kiszolg\u00e1l\u00e1ssal, \u00e9s nem fogsz csal\u00f3dni az apr\u00f3 hi\u00e1nyoss\u00e1gokban.<\/p>\n\n\n\n<h2 class=\"wp-block-heading\"><span class=\"ez-toc-section\" id=\"6_Kilatasok_amelyeket_mashol_nem_lehet_megvasarolni\"><\/span>6) Kil\u00e1t\u00e1sok, amelyeket m\u00e1shol nem lehet megv\u00e1s\u00e1rolni<span class=\"ez-toc-section-end\"><\/span><\/h2>\n\n\n\n<p class=\"wp-block-paragraph\">N\u00e9ha egyszer\u0171en nem mag\u00e1\u00e9rt a luxusszob\u00e1\u00e9rt fizetsz, hanem az\u00e9rt, amit \u00e9bred\u00e9s ut\u00e1n l\u00e1tsz bel\u0151le. Vannak helyek, ahol <strong>el\u00e9g lust\u00e1n elh\u00fazni a f\u00fcgg\u00f6nyt, \u00e9s m\u00e1ris ott a szemed el\u0151tt a l\u00e1tv\u00e1ny<\/strong>, ami\u00e9rt m\u00e1s turist\u00e1k hossz\u00fa sorokban tolonganak.<\/p>\n\n\n\n<p class=\"wp-block-paragraph\">Egy ilyen hatalmas kiv\u00e1lts\u00e1g\u00e9rt term\u00e9szetesen rendesen fizetsz a p\u00e9nzt\u00e1rn\u00e1l. Ezek a h\u00edres hotelek nagyon j\u00f3l tudj\u00e1k, milyen felbecs\u00fclhetetlen \u00e9rt\u00e9ke van a fekv\u00e9s\u00fcknek, \u00e9s a <strong>kil\u00e1t\u00e1sos szob\u00e1k gyakran egy teljesen m\u00e1s \u00e9s sokkal dr\u00e1g\u00e1bb \u00e1rkateg\u00f3ri\u00e1t alkotnak<\/strong>, mint az unalmas bels\u0151 udvarra n\u00e9z\u0151k. <em><a href=\"https:\/\/www.stay22.com\/allez\/roam?aid=lukaskonecny&amp;campaign=loudavymkrokemcz&amp;campaign=netradicni-ubytovani-na-svete&amp;hotelname=Monta%C3%B1a%20M%C3%A1gica%20Lodge&amp;address=Neltume%2C%20Chile\" target=\"_blank\" rel=\"nofollow noopener sponsored\">\u00e1rak \u00e9s el\u00e9rhet\u0151s\u00e9g ellen\u0151rz\u00e9se<\/a><\/em><\/p>\n\n\n\n<figure data-wp-context=\"{&quot;imageId&quot;:&quot;6a9530c473d75&quot;}\" data-wp-interactive=\"core\/image\" data-wp-key=\"6a9530c473d75\" class=\"wp-block-image size-full wp-lightbox-container\"><img decoding=\"async\" width=\"1800\" height=\"881\" data-wp-class--hide=\"state.isContentHidden\" data-wp-class--show=\"state.isContentVisible\" data-wp-init=\"callbacks.setButtonStyles\" data-wp-on--click=\"actions.showLightbox\" data-wp-on--load=\"callbacks.setButtonStyles\" data-wp-on--pointerdown=\"actions.preloadImage\" data-wp-on--pointerenter=\"actions.preloadImageWithDelay\" data-wp-on--pointerleave=\"actions.cancelPreload\" data-wp-on-window--resize=\"callbacks.setButtonStyles\" data-id=\"404780\" src=\"https:\/\/loudavymkrokem.cz\/wp-content\/uploads\/2026\/08\/shangri-la-paris-1.jpg\" alt=\"Az Eiffel-torony a Shangri-La Paris szob\u00e1j\u00e1nak ablak\u00e1b\u00f3l\" class=\"wp-image-404780\" title=\"\" srcset=\"https:\/\/loudavymkrokem.cz\/wp-content\/uploads\/2026\/08\/shangri-la-paris-1.jpg 1800w, https:\/\/loudavymkrokem.cz\/wp-content\/uploads\/2026\/08\/shangri-la-paris-1-300x147.jpg 300w, https:\/\/loudavymkrokem.cz\/wp-content\/uploads\/2026\/08\/shangri-la-paris-1-700x343.jpg 700w, https:\/\/loudavymkrokem.cz\/wp-content\/uploads\/2026\/08\/shangri-la-paris-1-768x376.jpg 768w, https:\/\/loudavymkrokem.cz\/wp-content\/uploads\/2026\/08\/shangri-la-paris-1-1536x752.jpg 1536w, https:\/\/loudavymkrokem.cz\/wp-content\/uploads\/2026\/08\/shangri-la-paris-1-696x341.jpg 696w, https:\/\/loudavymkrokem.cz\/wp-content\/uploads\/2026\/08\/shangri-la-paris-1-1392x681.jpg 1392w\" sizes=\"(max-width: 1800px) 100vw, 1800px\" \/><button\n\t\t\tclass=\"lightbox-trigger\"\n\t\t\ttype=\"button\"\n\t\t\taria-haspopup=\"dialog\"\n\t\t\tdata-wp-bind--aria-label=\"state.thisImage.triggerButtonAriaLabel\"\n\t\t\tdata-wp-init=\"callbacks.initTriggerButton\"\n\t\t\tdata-wp-on--click=\"actions.showLightbox\"\n\t\t\tdata-wp-style--right=\"state.thisImage.buttonRight\"\n\t\t\tdata-wp-style--top=\"state.thisImage.buttonTop\"\n\t\t>\n\t\t\t<svg xmlns=\"http:\/\/www.w3.org\/2000\/svg\" width=\"12\" height=\"12\" fill=\"none\" viewBox=\"0 0 12 12\">\n\t\t\t\t<path fill=\"#fff\" d=\"M2 0a2 2 0 0 0-2 2v2h1.5V2a.5.5 0 0 1 .5-.5h2V0H2Zm2 10.5H2a.5.5 0 0 1-.5-.5V8H0v2a2 2 0 0 0 2 2h2v-1.5ZM8 12v-1.5h2a.5.5 0 0 0 .5-.5V8H12v2a2 2 0 0 1-2 2H8Zm2-12a2 2 0 0 1 2 2v2h-1.5V2a.5.5 0 0 0-.5-.5H8V0h2Z\" \/>\n\t\t\t<\/svg>\n\t\t<\/button><figcaption class=\"wp-element-caption\">Fot\u00f3: Shangri-La Paris \/ hivatalos weboldal<\/figcaption><\/figure>\n\n\n\n<h3 class=\"wp-block-heading\"><span class=\"ez-toc-section\" id=\"17_Shangri-La_Paris_Parizs_Franciaorszag\"><\/span>17. Shangri-La Paris, P\u00e1rizs, Franciaorsz\u00e1g<span class=\"ez-toc-section-end\"><\/span><\/h3>\n\n\n\n<p class=\"wp-block-paragraph\">Ez a rendk\u00edv\u00fcl luxus palota, 4,7-es \u00e9rt\u00e9kel\u00e9ssel, Roland Bonaparte herceg egykori mag\u00e1nrezidenci\u00e1j\u00e1nak gy\u00f6ny\u00f6r\u0171 \u00e9p\u00fclet\u00e9ben tal\u00e1lhat\u00f3. Ez messze <strong>P\u00e1rizs legismertebb c\u00edme egy ikonikus Eiffel-toronyra n\u00e9z\u0151 szob\u00e1hoz<\/strong>.<\/p>\n\n\n\n<p class=\"wp-block-paragraph\">A szob\u00e1k \u00e9s pomp\u00e1s apartmanok egy r\u00e9sz\u00e9nek ablak\u00e1ban ott a hatalmas f\u00e9mtorony karny\u00fajt\u00e1snyira, egyes speci\u00e1lis t\u00edpusokn\u00e1l pedig egyenesen egy illatos habbal teli k\u00e1db\u00f3l n\u00e9zheted. Egyszer\u0171en a <strong>p\u00e1rizsi romantika abszol\u00fat cs\u00facsa<\/strong>, de <strong>nagyon oda kell figyelned<\/strong> m\u00e1r mag\u00e1n\u00e1l az online foglal\u00e1sn\u00e1l is.<\/p>\n\n\n\n<p class=\"wp-block-paragraph\">\ud83d\udca1 <strong>Tipp:<\/strong> A toronyra n\u00e9z\u0151 szob\u00e1k mindig jelent\u0151sen t\u00f6bbe ker\u00fclnek, mint a h\u00e9tk\u00f6znapi udvarra n\u00e9z\u0151k. <strong>Gondosan figyeld ez\u00e9rt a szobakateg\u00f3ria pontos nev\u00e9t a foglal\u00e1sn\u00e1l<\/strong>, nehogy a recepci\u00f3n \u00e9rkez\u00e9skor keservesen csal\u00f3dj.<\/p>\n\n\n\n<p class=\"wp-block-paragraph\">\ud83d\udd17 <strong>Hova tov\u00e1bb:<\/strong> Ha Franciaorsz\u00e1gba tervezel utazni, olvasd el a cikk\u00fcnket arr\u00f3l, <a href=\"https:\/\/loudavymkrokem.cz\/hu\/parizs-latnivalok-utikalauz\/\">mit \u00e9rdemes megn\u00e9zni P\u00e1rizsban<\/a>. <em><a href=\"https:\/\/www.stay22.com\/allez\/roam?aid=lukaskonecny&amp;campaign=loudavymkrokemcz&amp;campaign=netradicni-ubytovani-na-svete&amp;hotelname=Shangri-La%20Paris&amp;address=Pa%C5%99%C3%AD%C5%BE%2C%20Francie\" target=\"_blank\" rel=\"nofollow noopener sponsored\">\u00e1rak \u00e9s el\u00e9rhet\u0151s\u00e9g ellen\u0151rz\u00e9se<\/a><\/em><\/p>\n\n\n\n<figure data-wp-context=\"{&quot;imageId&quot;:&quot;6a9530c47452a&quot;}\" data-wp-interactive=\"core\/image\" data-wp-key=\"6a9530c47452a\" class=\"wp-block-image size-full wp-lightbox-container\"><img decoding=\"async\" width=\"1800\" height=\"1012\" data-wp-class--hide=\"state.isContentHidden\" data-wp-class--show=\"state.isContentVisible\" data-wp-init=\"callbacks.setButtonStyles\" data-wp-on--click=\"actions.showLightbox\" data-wp-on--load=\"callbacks.setButtonStyles\" data-wp-on--pointerdown=\"actions.preloadImage\" data-wp-on--pointerenter=\"actions.preloadImageWithDelay\" data-wp-on--pointerleave=\"actions.cancelPreload\" data-wp-on-window--resize=\"callbacks.setButtonStyles\" data-id=\"404777\" src=\"https:\/\/loudavymkrokem.cz\/wp-content\/uploads\/2026\/08\/armani-hotel-dubai-1.jpg\" alt=\"A Burdzs Kalifa az Armani Hotellel az \u00e9jszakai Dubaj felett\" class=\"wp-image-404777\" title=\"\" srcset=\"https:\/\/loudavymkrokem.cz\/wp-content\/uploads\/2026\/08\/armani-hotel-dubai-1.jpg 1800w, https:\/\/loudavymkrokem.cz\/wp-content\/uploads\/2026\/08\/armani-hotel-dubai-1-300x169.jpg 300w, https:\/\/loudavymkrokem.cz\/wp-content\/uploads\/2026\/08\/armani-hotel-dubai-1-700x394.jpg 700w, https:\/\/loudavymkrokem.cz\/wp-content\/uploads\/2026\/08\/armani-hotel-dubai-1-768x432.jpg 768w, https:\/\/loudavymkrokem.cz\/wp-content\/uploads\/2026\/08\/armani-hotel-dubai-1-1536x864.jpg 1536w, https:\/\/loudavymkrokem.cz\/wp-content\/uploads\/2026\/08\/armani-hotel-dubai-1-696x391.jpg 696w, https:\/\/loudavymkrokem.cz\/wp-content\/uploads\/2026\/08\/armani-hotel-dubai-1-1392x783.jpg 1392w\" sizes=\"(max-width: 1800px) 100vw, 1800px\" \/><button\n\t\t\tclass=\"lightbox-trigger\"\n\t\t\ttype=\"button\"\n\t\t\taria-haspopup=\"dialog\"\n\t\t\tdata-wp-bind--aria-label=\"state.thisImage.triggerButtonAriaLabel\"\n\t\t\tdata-wp-init=\"callbacks.initTriggerButton\"\n\t\t\tdata-wp-on--click=\"actions.showLightbox\"\n\t\t\tdata-wp-style--right=\"state.thisImage.buttonRight\"\n\t\t\tdata-wp-style--top=\"state.thisImage.buttonTop\"\n\t\t>\n\t\t\t<svg xmlns=\"http:\/\/www.w3.org\/2000\/svg\" width=\"12\" height=\"12\" fill=\"none\" viewBox=\"0 0 12 12\">\n\t\t\t\t<path fill=\"#fff\" d=\"M2 0a2 2 0 0 0-2 2v2h1.5V2a.5.5 0 0 1 .5-.5h2V0H2Zm2 10.5H2a.5.5 0 0 1-.5-.5V8H0v2a2 2 0 0 0 2 2h2v-1.5ZM8 12v-1.5h2a.5.5 0 0 0 .5-.5V8H12v2a2 2 0 0 1-2 2H8Zm2-12a2 2 0 0 1 2 2v2h-1.5V2a.5.5 0 0 0-.5-.5H8V0h2Z\" \/>\n\t\t\t<\/svg>\n\t\t<\/button><figcaption class=\"wp-element-caption\">Fot\u00f3: Armani Hotel Dubai \/ hivatalos weboldal<\/figcaption><\/figure>\n\n\n\n<h3 class=\"wp-block-heading\"><span class=\"ez-toc-section\" id=\"18_Armani_Hotel_Dubai_Burdzs_Kalifa_Egyesult_Arab_Emirsegek\"><\/span>18. Armani Hotel Dubai, Burdzs Kalifa, Egyes\u00fclt Arab Em\u00edrs\u00e9gek<span class=\"ez-toc-section-end\"><\/span><\/h3>\n\n\n\n<p class=\"wp-block-paragraph\">A rangos dubaji hotel, 4,6-os \u00e9rt\u00e9kel\u00e9ssel, egy teljesen m\u00e1s jelleg\u0171 v\u00e1rosi \u00e9lm\u00e9nyt k\u00edn\u00e1l. Ez egy <strong>diz\u00e1jnhotel, amelyet egyenesen a Burdzs Kalifa, a vil\u00e1g legmagasabb \u00e9p\u00fclete belsej\u00e9ben helyeztek el<\/strong>, mik\u00f6zben az \u00f6sszes s\u00f6t\u00e9t \u00e9s szigor\u00faan minimalista bels\u0151 ter\u00e9t maga a h\u00edres Giorgio Armani tervezte.<\/p>\n\n\n\n<figure data-wp-context=\"{&quot;galleryId&quot;:&quot;6a9530c474867&quot;}\" data-wp-interactive=\"core\/gallery\" class=\"wp-block-gallery has-nested-images columns-2 is-cropped wp-block-gallery-is-layout-flex wp-block-gallery-10 is-layout-flex\">\n<figure data-wp-context=\"{&quot;imageId&quot;:&quot;6a9530c474c21&quot;}\" data-wp-interactive=\"core\/image\" data-wp-key=\"6a9530c474c21\" class=\"wp-block-image size-large wp-lightbox-container\"><img decoding=\"async\" width=\"1800\" height=\"1012\" data-wp-class--hide=\"state.isContentHidden\" data-wp-class--show=\"state.isContentVisible\" data-wp-init=\"callbacks.setButtonStyles\" data-wp-on--click=\"actions.showLightbox\" data-wp-on--load=\"callbacks.setButtonStyles\" data-wp-on--pointerdown=\"actions.preloadImage\" data-wp-on--pointerenter=\"actions.preloadImageWithDelay\" data-wp-on--pointerleave=\"actions.cancelPreload\" data-wp-on-window--resize=\"callbacks.setButtonStyles\" data-id=\"404778\" src=\"https:\/\/loudavymkrokem.cz\/wp-content\/uploads\/2026\/08\/armani-hotel-dubai-3.jpg\" alt=\"Az Armani Hotel Dubai szob\u00e1ja Giorgio Armanit\u00f3l\" class=\"wp-image-404778\" title=\"\" srcset=\"https:\/\/loudavymkrokem.cz\/wp-content\/uploads\/2026\/08\/armani-hotel-dubai-3.jpg 1800w, https:\/\/loudavymkrokem.cz\/wp-content\/uploads\/2026\/08\/armani-hotel-dubai-3-300x169.jpg 300w, https:\/\/loudavymkrokem.cz\/wp-content\/uploads\/2026\/08\/armani-hotel-dubai-3-700x394.jpg 700w, https:\/\/loudavymkrokem.cz\/wp-content\/uploads\/2026\/08\/armani-hotel-dubai-3-768x432.jpg 768w, https:\/\/loudavymkrokem.cz\/wp-content\/uploads\/2026\/08\/armani-hotel-dubai-3-1536x864.jpg 1536w, https:\/\/loudavymkrokem.cz\/wp-content\/uploads\/2026\/08\/armani-hotel-dubai-3-696x391.jpg 696w, https:\/\/loudavymkrokem.cz\/wp-content\/uploads\/2026\/08\/armani-hotel-dubai-3-1392x783.jpg 1392w\" sizes=\"(max-width: 1800px) 100vw, 1800px\" \/><button\n\t\t\tclass=\"lightbox-trigger\"\n\t\t\ttype=\"button\"\n\t\t\taria-haspopup=\"dialog\"\n\t\t\tdata-wp-bind--aria-label=\"state.thisImage.triggerButtonAriaLabel\"\n\t\t\tdata-wp-init=\"callbacks.initTriggerButton\"\n\t\t\tdata-wp-on--click=\"actions.showLightbox\"\n\t\t\tdata-wp-style--right=\"state.thisImage.buttonRight\"\n\t\t\tdata-wp-style--top=\"state.thisImage.buttonTop\"\n\t\t>\n\t\t\t<svg xmlns=\"http:\/\/www.w3.org\/2000\/svg\" width=\"12\" height=\"12\" fill=\"none\" viewBox=\"0 0 12 12\">\n\t\t\t\t<path fill=\"#fff\" d=\"M2 0a2 2 0 0 0-2 2v2h1.5V2a.5.5 0 0 1 .5-.5h2V0H2Zm2 10.5H2a.5.5 0 0 1-.5-.5V8H0v2a2 2 0 0 0 2 2h2v-1.5ZM8 12v-1.5h2a.5.5 0 0 0 .5-.5V8H12v2a2 2 0 0 1-2 2H8Zm2-12a2 2 0 0 1 2 2v2h-1.5V2a.5.5 0 0 0-.5-.5H8V0h2Z\" \/>\n\t\t\t<\/svg>\n\t\t<\/button><figcaption class=\"wp-element-caption\">Fot\u00f3: Armani Hotel Dubai \/ hivatalos weboldal<\/figcaption><\/figure>\n\n\n\n<figure data-wp-context=\"{&quot;imageId&quot;:&quot;6a9530c47507f&quot;}\" data-wp-interactive=\"core\/image\" data-wp-key=\"6a9530c47507f\" class=\"wp-block-image size-large wp-lightbox-container\"><img decoding=\"async\" width=\"1800\" height=\"1012\" data-wp-class--hide=\"state.isContentHidden\" data-wp-class--show=\"state.isContentVisible\" data-wp-init=\"callbacks.setButtonStyles\" data-wp-on--click=\"actions.showLightbox\" data-wp-on--load=\"callbacks.setButtonStyles\" data-wp-on--pointerdown=\"actions.preloadImage\" data-wp-on--pointerenter=\"actions.preloadImageWithDelay\" data-wp-on--pointerleave=\"actions.cancelPreload\" data-wp-on-window--resize=\"callbacks.setButtonStyles\" data-id=\"404779\" src=\"https:\/\/loudavymkrokem.cz\/wp-content\/uploads\/2026\/08\/armani-hotel-dubai-4.jpg\" alt=\"Az Armani Hotel Dubai apartmanja\" class=\"wp-image-404779\" title=\"\" srcset=\"https:\/\/loudavymkrokem.cz\/wp-content\/uploads\/2026\/08\/armani-hotel-dubai-4.jpg 1800w, https:\/\/loudavymkrokem.cz\/wp-content\/uploads\/2026\/08\/armani-hotel-dubai-4-300x169.jpg 300w, https:\/\/loudavymkrokem.cz\/wp-content\/uploads\/2026\/08\/armani-hotel-dubai-4-700x394.jpg 700w, https:\/\/loudavymkrokem.cz\/wp-content\/uploads\/2026\/08\/armani-hotel-dubai-4-768x432.jpg 768w, https:\/\/loudavymkrokem.cz\/wp-content\/uploads\/2026\/08\/armani-hotel-dubai-4-1536x864.jpg 1536w, https:\/\/loudavymkrokem.cz\/wp-content\/uploads\/2026\/08\/armani-hotel-dubai-4-696x391.jpg 696w, https:\/\/loudavymkrokem.cz\/wp-content\/uploads\/2026\/08\/armani-hotel-dubai-4-1392x783.jpg 1392w\" sizes=\"(max-width: 1800px) 100vw, 1800px\" \/><button\n\t\t\tclass=\"lightbox-trigger\"\n\t\t\ttype=\"button\"\n\t\t\taria-haspopup=\"dialog\"\n\t\t\tdata-wp-bind--aria-label=\"state.thisImage.triggerButtonAriaLabel\"\n\t\t\tdata-wp-init=\"callbacks.initTriggerButton\"\n\t\t\tdata-wp-on--click=\"actions.showLightbox\"\n\t\t\tdata-wp-style--right=\"state.thisImage.buttonRight\"\n\t\t\tdata-wp-style--top=\"state.thisImage.buttonTop\"\n\t\t>\n\t\t\t<svg xmlns=\"http:\/\/www.w3.org\/2000\/svg\" width=\"12\" height=\"12\" fill=\"none\" viewBox=\"0 0 12 12\">\n\t\t\t\t<path fill=\"#fff\" d=\"M2 0a2 2 0 0 0-2 2v2h1.5V2a.5.5 0 0 1 .5-.5h2V0H2Zm2 10.5H2a.5.5 0 0 1-.5-.5V8H0v2a2 2 0 0 0 2 2h2v-1.5ZM8 12v-1.5h2a.5.5 0 0 0 .5-.5V8H12v2a2 2 0 0 1-2 2H8Zm2-12a2 2 0 0 1 2 2v2h-1.5V2a.5.5 0 0 0-.5-.5H8V0h2Z\" \/>\n\t\t\t<\/svg>\n\t\t<\/button><figcaption class=\"wp-element-caption\">Fot\u00f3: Armani Hotel Dubai \/ hivatalos weboldal<\/figcaption><\/figure>\n<\/figure>\n\n\n\n<p class=\"wp-block-paragraph\">M\u00edg kint a t\u00e9ren milli\u00f3nyi izzad\u00f3 turista tolong, hogy lefot\u00f3zhassa az \u00f3ri\u00e1si felh\u0151karcol\u00f3t az alj\u00e1t\u00f3l, te nyugodtan egyenesen benne laksz, \u00e9s \u00e9lvezed a l\u00e9legzetel\u00e1ll\u00edt\u00f3 kil\u00e1t\u00e1st a <strong>pezsg\u0151 dubaji belv\u00e1rosra<\/strong> egyenesen az apartmanod ablak\u00e1b\u00f3l. Ez a <strong>modern v\u00e1rosi luxus defin\u00edci\u00f3ja<\/strong>.<\/p>\n\n\n\n<p class=\"wp-block-paragraph\">\ud83d\udca1 <strong>Tipp:<\/strong> Haszn\u00e1ld ki az exkluz\u00edv hotelbel\u00e9p\u0151d, \u00e9s besz\u00e9lj meg egy <strong>l\u00e1togat\u00e1st a fels\u0151 kil\u00e1t\u00f3platformokon a kora reggeli \u00f3r\u00e1kban<\/strong>, hogy elker\u00fcld a legislegnagyobb \u00e9s legrosszabb turistat\u00f6megeket.<\/p>\n\n\n\n<p class=\"wp-block-paragraph\">\ud83d\udd17 <strong>Hova tov\u00e1bb:<\/strong> Tudj meg t\u00f6bbet arr\u00f3l, milyen egy <a href=\"https:\/\/loudavymkrokem.cz\/hu\/dubaj-latnivalok-tippek\/\">dubaji nyaral\u00e1s<\/a>. <em><a href=\"https:\/\/www.stay22.com\/allez\/roam?aid=lukaskonecny&amp;campaign=loudavymkrokemcz&amp;campaign=netradicni-ubytovani-na-svete&amp;hotelname=Armani%20Hotel%20Dubai&amp;address=Dubaj%2C%20SAE\" target=\"_blank\" rel=\"nofollow noopener sponsored\">\u00e1rak \u00e9s el\u00e9rhet\u0151s\u00e9g ellen\u0151rz\u00e9se<\/a><\/em><\/p>\n\n\n\n<figure data-wp-context=\"{&quot;imageId&quot;:&quot;6a9530c4756a5&quot;}\" data-wp-interactive=\"core\/image\" data-wp-key=\"6a9530c4756a5\" class=\"wp-block-image size-full wp-lightbox-container\"><img decoding=\"async\" width=\"1800\" height=\"806\" data-wp-class--hide=\"state.isContentHidden\" data-wp-class--show=\"state.isContentVisible\" data-wp-init=\"callbacks.setButtonStyles\" data-wp-on--click=\"actions.showLightbox\" data-wp-on--load=\"callbacks.setButtonStyles\" data-wp-on--pointerdown=\"actions.preloadImage\" data-wp-on--pointerenter=\"actions.preloadImageWithDelay\" data-wp-on--pointerleave=\"actions.cancelPreload\" data-wp-on-window--resize=\"callbacks.setButtonStyles\" data-id=\"404774\" src=\"https:\/\/loudavymkrokem.cz\/wp-content\/uploads\/2026\/08\/hotel-everest-view-1.jpg\" alt=\"Himal\u00e1jai cs\u00facsok a Hotel Everest View-b\u00f3l hajnalban\" class=\"wp-image-404774\" title=\"\" srcset=\"https:\/\/loudavymkrokem.cz\/wp-content\/uploads\/2026\/08\/hotel-everest-view-1.jpg 1800w, https:\/\/loudavymkrokem.cz\/wp-content\/uploads\/2026\/08\/hotel-everest-view-1-300x134.jpg 300w, https:\/\/loudavymkrokem.cz\/wp-content\/uploads\/2026\/08\/hotel-everest-view-1-700x313.jpg 700w, https:\/\/loudavymkrokem.cz\/wp-content\/uploads\/2026\/08\/hotel-everest-view-1-768x344.jpg 768w, https:\/\/loudavymkrokem.cz\/wp-content\/uploads\/2026\/08\/hotel-everest-view-1-1536x688.jpg 1536w, https:\/\/loudavymkrokem.cz\/wp-content\/uploads\/2026\/08\/hotel-everest-view-1-696x312.jpg 696w, https:\/\/loudavymkrokem.cz\/wp-content\/uploads\/2026\/08\/hotel-everest-view-1-1392x623.jpg 1392w\" sizes=\"(max-width: 1800px) 100vw, 1800px\" \/><button\n\t\t\tclass=\"lightbox-trigger\"\n\t\t\ttype=\"button\"\n\t\t\taria-haspopup=\"dialog\"\n\t\t\tdata-wp-bind--aria-label=\"state.thisImage.triggerButtonAriaLabel\"\n\t\t\tdata-wp-init=\"callbacks.initTriggerButton\"\n\t\t\tdata-wp-on--click=\"actions.showLightbox\"\n\t\t\tdata-wp-style--right=\"state.thisImage.buttonRight\"\n\t\t\tdata-wp-style--top=\"state.thisImage.buttonTop\"\n\t\t>\n\t\t\t<svg xmlns=\"http:\/\/www.w3.org\/2000\/svg\" width=\"12\" height=\"12\" fill=\"none\" viewBox=\"0 0 12 12\">\n\t\t\t\t<path fill=\"#fff\" d=\"M2 0a2 2 0 0 0-2 2v2h1.5V2a.5.5 0 0 1 .5-.5h2V0H2Zm2 10.5H2a.5.5 0 0 1-.5-.5V8H0v2a2 2 0 0 0 2 2h2v-1.5ZM8 12v-1.5h2a.5.5 0 0 0 .5-.5V8H12v2a2 2 0 0 1-2 2H8Zm2-12a2 2 0 0 1 2 2v2h-1.5V2a.5.5 0 0 0-.5-.5H8V0h2Z\" \/>\n\t\t\t<\/svg>\n\t\t<\/button><figcaption class=\"wp-element-caption\">Fot\u00f3: Hotel Everest View \/ hivatalos weboldal<\/figcaption><\/figure>\n\n\n\n<h3 class=\"wp-block-heading\"><span class=\"ez-toc-section\" id=\"19_Hotel_Everest_View_Khumjung_Nepal\"><\/span>19. Hotel Everest View, Khumjung, Nep\u00e1l<span class=\"ez-toc-section-end\"><\/span><\/h3>\n\n\n\n<p class=\"wp-block-paragraph\">Ez a teljesen egyedi hegyi projekt, 4,4-es \u00e9rt\u00e9kel\u00e9ssel, elk\u00e9peszt\u0151 rekordot tart, mint a <strong>vil\u00e1g egyik legmagasabban fekv\u0151 hotele, amely hihetetlen 3880 m\u00e9teres tengerszint feletti magass\u00e1gban magasodik<\/strong>. A f\u0151 \u00e9s tulajdonk\u00e9ppen egyetlen er\u00e9nye a Mount Everest teljesen tiszta panor\u00e1m\u00e1ja, amely a maga teljes sz\u00e9ps\u00e9g\u00e9ben ny\u00edlik meg egyenesen a t\u00e1gas k\u0151teraszr\u00f3l.<\/p>\n\n\n\n<figure data-wp-context=\"{&quot;galleryId&quot;:&quot;6a9530c4758e8&quot;}\" data-wp-interactive=\"core\/gallery\" class=\"wp-block-gallery has-nested-images columns-2 is-cropped wp-block-gallery-is-layout-flex wp-block-gallery-11 is-layout-flex\">\n<figure data-wp-context=\"{&quot;imageId&quot;:&quot;6a9530c475b6c&quot;}\" data-wp-interactive=\"core\/image\" data-wp-key=\"6a9530c475b6c\" class=\"wp-block-image size-large wp-lightbox-container\"><img decoding=\"async\" width=\"1800\" height=\"806\" data-wp-class--hide=\"state.isContentHidden\" data-wp-class--show=\"state.isContentVisible\" data-wp-init=\"callbacks.setButtonStyles\" data-wp-on--click=\"actions.showLightbox\" data-wp-on--load=\"callbacks.setButtonStyles\" data-wp-on--pointerdown=\"actions.preloadImage\" data-wp-on--pointerenter=\"actions.preloadImageWithDelay\" data-wp-on--pointerleave=\"actions.cancelPreload\" data-wp-on-window--resize=\"callbacks.setButtonStyles\" data-id=\"404775\" src=\"https:\/\/loudavymkrokem.cz\/wp-content\/uploads\/2026\/08\/hotel-everest-view-2.jpg\" alt=\"A Hotel Everest View 3880 m\u00e9teren\" class=\"wp-image-404775\" title=\"\" srcset=\"https:\/\/loudavymkrokem.cz\/wp-content\/uploads\/2026\/08\/hotel-everest-view-2.jpg 1800w, https:\/\/loudavymkrokem.cz\/wp-content\/uploads\/2026\/08\/hotel-everest-view-2-300x134.jpg 300w, https:\/\/loudavymkrokem.cz\/wp-content\/uploads\/2026\/08\/hotel-everest-view-2-700x313.jpg 700w, https:\/\/loudavymkrokem.cz\/wp-content\/uploads\/2026\/08\/hotel-everest-view-2-768x344.jpg 768w, https:\/\/loudavymkrokem.cz\/wp-content\/uploads\/2026\/08\/hotel-everest-view-2-1536x688.jpg 1536w, https:\/\/loudavymkrokem.cz\/wp-content\/uploads\/2026\/08\/hotel-everest-view-2-696x312.jpg 696w, https:\/\/loudavymkrokem.cz\/wp-content\/uploads\/2026\/08\/hotel-everest-view-2-1392x623.jpg 1392w\" sizes=\"(max-width: 1800px) 100vw, 1800px\" \/><button\n\t\t\tclass=\"lightbox-trigger\"\n\t\t\ttype=\"button\"\n\t\t\taria-haspopup=\"dialog\"\n\t\t\tdata-wp-bind--aria-label=\"state.thisImage.triggerButtonAriaLabel\"\n\t\t\tdata-wp-init=\"callbacks.initTriggerButton\"\n\t\t\tdata-wp-on--click=\"actions.showLightbox\"\n\t\t\tdata-wp-style--right=\"state.thisImage.buttonRight\"\n\t\t\tdata-wp-style--top=\"state.thisImage.buttonTop\"\n\t\t>\n\t\t\t<svg xmlns=\"http:\/\/www.w3.org\/2000\/svg\" width=\"12\" height=\"12\" fill=\"none\" viewBox=\"0 0 12 12\">\n\t\t\t\t<path fill=\"#fff\" d=\"M2 0a2 2 0 0 0-2 2v2h1.5V2a.5.5 0 0 1 .5-.5h2V0H2Zm2 10.5H2a.5.5 0 0 1-.5-.5V8H0v2a2 2 0 0 0 2 2h2v-1.5ZM8 12v-1.5h2a.5.5 0 0 0 .5-.5V8H12v2a2 2 0 0 1-2 2H8Zm2-12a2 2 0 0 1 2 2v2h-1.5V2a.5.5 0 0 0-.5-.5H8V0h2Z\" \/>\n\t\t\t<\/svg>\n\t\t<\/button><figcaption class=\"wp-element-caption\">Fot\u00f3: Hotel Everest View \/ hivatalos weboldal<\/figcaption><\/figure>\n\n\n\n<figure data-wp-context=\"{&quot;imageId&quot;:&quot;6a9530c475ec4&quot;}\" data-wp-interactive=\"core\/image\" data-wp-key=\"6a9530c475ec4\" class=\"wp-block-image size-large wp-lightbox-container\"><img decoding=\"async\" width=\"1800\" height=\"806\" data-wp-class--hide=\"state.isContentHidden\" data-wp-class--show=\"state.isContentVisible\" data-wp-init=\"callbacks.setButtonStyles\" data-wp-on--click=\"actions.showLightbox\" data-wp-on--load=\"callbacks.setButtonStyles\" data-wp-on--pointerdown=\"actions.preloadImage\" data-wp-on--pointerenter=\"actions.preloadImageWithDelay\" data-wp-on--pointerleave=\"actions.cancelPreload\" data-wp-on-window--resize=\"callbacks.setButtonStyles\" data-id=\"404776\" src=\"https:\/\/loudavymkrokem.cz\/wp-content\/uploads\/2026\/08\/hotel-everest-view-3.jpg\" alt=\"Az Everest panor\u00e1m\u00e1ja a hotel terasz\u00e1r\u00f3l\" class=\"wp-image-404776\" title=\"\" srcset=\"https:\/\/loudavymkrokem.cz\/wp-content\/uploads\/2026\/08\/hotel-everest-view-3.jpg 1800w, https:\/\/loudavymkrokem.cz\/wp-content\/uploads\/2026\/08\/hotel-everest-view-3-300x134.jpg 300w, https:\/\/loudavymkrokem.cz\/wp-content\/uploads\/2026\/08\/hotel-everest-view-3-700x313.jpg 700w, https:\/\/loudavymkrokem.cz\/wp-content\/uploads\/2026\/08\/hotel-everest-view-3-768x344.jpg 768w, https:\/\/loudavymkrokem.cz\/wp-content\/uploads\/2026\/08\/hotel-everest-view-3-1536x688.jpg 1536w, https:\/\/loudavymkrokem.cz\/wp-content\/uploads\/2026\/08\/hotel-everest-view-3-696x312.jpg 696w, https:\/\/loudavymkrokem.cz\/wp-content\/uploads\/2026\/08\/hotel-everest-view-3-1392x623.jpg 1392w\" sizes=\"(max-width: 1800px) 100vw, 1800px\" \/><button\n\t\t\tclass=\"lightbox-trigger\"\n\t\t\ttype=\"button\"\n\t\t\taria-haspopup=\"dialog\"\n\t\t\tdata-wp-bind--aria-label=\"state.thisImage.triggerButtonAriaLabel\"\n\t\t\tdata-wp-init=\"callbacks.initTriggerButton\"\n\t\t\tdata-wp-on--click=\"actions.showLightbox\"\n\t\t\tdata-wp-style--right=\"state.thisImage.buttonRight\"\n\t\t\tdata-wp-style--top=\"state.thisImage.buttonTop\"\n\t\t>\n\t\t\t<svg xmlns=\"http:\/\/www.w3.org\/2000\/svg\" width=\"12\" height=\"12\" fill=\"none\" viewBox=\"0 0 12 12\">\n\t\t\t\t<path fill=\"#fff\" d=\"M2 0a2 2 0 0 0-2 2v2h1.5V2a.5.5 0 0 1 .5-.5h2V0H2Zm2 10.5H2a.5.5 0 0 1-.5-.5V8H0v2a2 2 0 0 0 2 2h2v-1.5ZM8 12v-1.5h2a.5.5 0 0 0 .5-.5V8H12v2a2 2 0 0 1-2 2H8Zm2-12a2 2 0 0 1 2 2v2h-1.5V2a.5.5 0 0 0-.5-.5H8V0h2Z\" \/>\n\t\t\t<\/svg>\n\t\t<\/button><figcaption class=\"wp-element-caption\">Fot\u00f3: Hotel Everest View \/ hivatalos weboldal<\/figcaption><\/figure>\n<\/figure>\n\n\n\n<p class=\"wp-block-paragraph\">B\u00e1r ez a hegym\u00e1sz\u00f3k sz\u00e1m\u00e1ra cs\u00e1b\u00edt\u00f3an hangzik, az \u00e9rt\u00e9kel\u00e9sekben nagyon gyakran ism\u00e9tl\u0151dik egy l\u00e9nyeges eg\u00e9szs\u00e9g\u00fcgyi figyelmeztet\u00e9s. Ebben az extr\u00e9m tengerszint feletti magass\u00e1gban ugyanis a <strong>ritk\u00e1bb leveg\u0151 miatt nagyon rosszul \u00e9s nyugtalanul alszik az ember<\/strong>, \u00e9s t\u00f6bb \u00e9jszak\u00e1ra itt maradni semmik\u00e9pp nem val\u00f3 minden h\u00e9tk\u00f6znapi turist\u00e1nak. A fejf\u00e1j\u00e1s itt nem kiv\u00e9tel.<\/p>\n\n\n\n<p class=\"wp-block-paragraph\">\ud83d\udca1 <strong>Tipp:<\/strong> A legt\u00f6bb b\u00f6lcs ember a k\u00f6zeli Namche Bazarb\u00f3l indul\u00f3 akklimatiz\u00e1ci\u00f3s t\u00far\u00e1ja keret\u00e9ben j\u00f6n ide <strong>csak egy d\u00e9lut\u00e1ni te\u00e1ra \u00e9s egy fot\u00f3ra a kil\u00e1t\u00e1ssal<\/strong>. Ez teljesen jogos \u00e9s eg\u00e9szs\u00e9g\u00fcgyi szempontb\u00f3l sokkal \u00e9sszer\u0171bb v\u00e1ltozat, mint itt aludni. <em><a href=\"https:\/\/www.stay22.com\/allez\/roam?aid=lukaskonecny&amp;campaign=loudavymkrokemcz&amp;campaign=netradicni-ubytovani-na-svete&amp;hotelname=Hotel%20Everest%20View&amp;address=Khumjung%2C%20Nep%C3%A1l\" target=\"_blank\" rel=\"nofollow noopener sponsored\">\u00e1rak \u00e9s el\u00e9rhet\u0151s\u00e9g ellen\u0151rz\u00e9se<\/a><\/em><\/p>\n\n\n\n<figure data-wp-context=\"{&quot;imageId&quot;:&quot;6a9530c476379&quot;}\" data-wp-interactive=\"core\/image\" data-wp-key=\"6a9530c476379\" class=\"wp-block-image size-full wp-lightbox-container\"><img decoding=\"async\" width=\"1200\" height=\"630\" data-wp-class--hide=\"state.isContentHidden\" data-wp-class--show=\"state.isContentVisible\" data-wp-init=\"callbacks.setButtonStyles\" data-wp-on--click=\"actions.showLightbox\" data-wp-on--load=\"callbacks.setButtonStyles\" data-wp-on--pointerdown=\"actions.preloadImage\" data-wp-on--pointerenter=\"actions.preloadImageWithDelay\" data-wp-on--pointerleave=\"actions.cancelPreload\" data-wp-on-window--resize=\"callbacks.setButtonStyles\" data-id=\"404771\" src=\"https:\/\/loudavymkrokem.cz\/wp-content\/uploads\/2026\/08\/museum-hotel-1.jpg\" alt=\"A Museum Hotel medenc\u00e9je Kappad\u00f3kia felett h\u0151l\u00e9gballonokkal\" class=\"wp-image-404771\" title=\"\" srcset=\"https:\/\/loudavymkrokem.cz\/wp-content\/uploads\/2026\/08\/museum-hotel-1.jpg 1200w, https:\/\/loudavymkrokem.cz\/wp-content\/uploads\/2026\/08\/museum-hotel-1-300x158.jpg 300w, https:\/\/loudavymkrokem.cz\/wp-content\/uploads\/2026\/08\/museum-hotel-1-700x368.jpg 700w, https:\/\/loudavymkrokem.cz\/wp-content\/uploads\/2026\/08\/museum-hotel-1-768x403.jpg 768w, https:\/\/loudavymkrokem.cz\/wp-content\/uploads\/2026\/08\/museum-hotel-1-696x365.jpg 696w\" sizes=\"(max-width: 1200px) 100vw, 1200px\" \/><button\n\t\t\tclass=\"lightbox-trigger\"\n\t\t\ttype=\"button\"\n\t\t\taria-haspopup=\"dialog\"\n\t\t\tdata-wp-bind--aria-label=\"state.thisImage.triggerButtonAriaLabel\"\n\t\t\tdata-wp-init=\"callbacks.initTriggerButton\"\n\t\t\tdata-wp-on--click=\"actions.showLightbox\"\n\t\t\tdata-wp-style--right=\"state.thisImage.buttonRight\"\n\t\t\tdata-wp-style--top=\"state.thisImage.buttonTop\"\n\t\t>\n\t\t\t<svg xmlns=\"http:\/\/www.w3.org\/2000\/svg\" width=\"12\" height=\"12\" fill=\"none\" viewBox=\"0 0 12 12\">\n\t\t\t\t<path fill=\"#fff\" d=\"M2 0a2 2 0 0 0-2 2v2h1.5V2a.5.5 0 0 1 .5-.5h2V0H2Zm2 10.5H2a.5.5 0 0 1-.5-.5V8H0v2a2 2 0 0 0 2 2h2v-1.5ZM8 12v-1.5h2a.5.5 0 0 0 .5-.5V8H12v2a2 2 0 0 1-2 2H8Zm2-12a2 2 0 0 1 2 2v2h-1.5V2a.5.5 0 0 0-.5-.5H8V0h2Z\" \/>\n\t\t\t<\/svg>\n\t\t<\/button><figcaption class=\"wp-element-caption\">Fot\u00f3: Museum Hotel \/ hivatalos weboldal<\/figcaption><\/figure>\n\n\n\n<!-- LKM_GYG_CARD start q=\"ubytovani svete\" lang=\"hu\" rendered=\"2026-08-31T06:01:56+00:00\" v=\"1\" -->\n\n<!-- LKM_GYG_CARD end -->\n\n\n\n\n<div class=\"lk-stays-module\">\n<style>\n\/* \u2500\u2500\u2500 RESET PRO GUTENBERG \u2500\u2500\u2500 *\/\n.lk-stays-module * { box-sizing: border-box; margin: 0; padding: 0; }\n\n\/* \u2500\u2500\u2500 WRAPPER \u2500\u2500\u2500 *\/\n.lk-stays-module {\n  font-family: 'DM Sans', Georgia, sans-serif;\n  max-width: 100%;\n  margin: 2.5rem auto;\n  background: linear-gradient(135deg, #fdfaf5 0%, #fcf8f0 100%);\n  border: 1px solid #e8dfd4;\n  border-radius: 16px;\n  overflow: hidden;\n  box-shadow: 0 16px 48px rgba(195, 159, 118, 0.25), 0 4px 12px rgba(0,0,0,0.08);\n}\n\n\/* \u2500\u2500\u2500 HEADER \u2500\u2500\u2500 *\/\n.lk-stays-header {\n  position: relative;\n  padding: 24px 36px 24px;\n  background: linear-gradient(135deg, #c39f76 0%, #d4b188 60%, #c39f76 100%);\n  border-bottom: 1px solid rgba(255,255,255,.15);\n  display: flex;\n  align-items: center;\n  gap: 18px;\n}\n.lk-stays-header::before {\n  content: '';\n  position: absolute;\n  inset: 0;\n  background: url(\"data:image\/svg+xml,%3Csvg width='60' height='60' viewBox='0 0 60 60' xmlns='http:\/\/www.w3.org\/2000\/svg'%3E%3Cg fill='none' fill-rule='evenodd'%3E%3Cg fill='%23ffffff' fill-opacity='0.05'%3E%3Cpath d='M36 34v-4h-2v4h-4v2h4v4h2v-4h4v-2h-4zm0-30V0h-2v4h-4v2h4v4h2V6h4V4h-4zM6 34v-4H4v4H0v2h4v4h2v-4h4v-2H6zM6 4V0H4v4H0v2h4v4h2V6h4V4H6z'\/%3E%3C\/g%3E%3C\/g%3E%3C\/svg%3E\") repeat;\n  pointer-events: none;\n}\n.lk-stays-icon {\n  flex-shrink: 0;\n  width: 68px;\n  height: 68px;\n  border-radius: 14px;\n  background: linear-gradient(135deg, #fff 0%, #f9f6f0 100%);\n  display: flex;\n  align-items: center;\n  justify-content: center;\n  font-size: 26px;\n  box-shadow: 0 4px 12px rgba(0,0,0,0.15);\n}\n.lk-stays-eyebrow {\n  font-size: 10px;\n  font-weight: 500;\n  letter-spacing: 2.5px;\n  text-transform: uppercase;\n  color: rgba(255,255,255,.85);\n  margin: 0 0 5px 0;\n}\n.lk-stays-title {\n  font-family: 'Playfair Display', Georgia, serif;\n  font-size: 24px;\n  font-weight: 700;\n  color: #fff;\n  line-height: 1.2;\n  text-shadow: 0 1px 2px rgba(0,0,0,0.1);\n  margin: 0;\n}\n.lk-stays-subtitle {\n  font-size: 13px;\n  color: rgba(255,255,255,.75);\n  margin: 4px 0 0 0;\n  font-weight: 300;\n}\n\n\/* \u2500\u2500\u2500 CARDS GRID \u2500\u2500\u2500 *\/\n.lk-stays-grid {\n  display: grid;\n  grid-template-columns: 1fr 1fr;\n  gap: 1px;\n  background: rgba(195, 159, 118, 0.12);\n}\n\n\/* \u2500\u2500\u2500 SINGLE CARD \u2500\u2500\u2500 *\/\n.lk-stay-card {\n  background: #ffffff;\n  padding: 26px;\n  display: flex;\n  flex-direction: column;\n  gap: 11px;\n  transition: all 0.3s ease;\n  text-decoration: none;\n  color: inherit;\n  position: relative;\n}\n.lk-stay-card:hover {\n  background: #fffbf5;\n  transform: translateY(-2px);\n  box-shadow: 0 8px 24px rgba(195, 159, 118, 0.18);\n  z-index: 1;\n}\n.lk-stay-card.featured {\n  background: linear-gradient(135deg, #fffdf9 0%, #fff9f0 100%);\n  box-shadow: 0 4px 16px rgba(195, 159, 118, 0.15), inset 0 1px 0 rgba(195, 159, 118, 0.1);\n}\n.lk-stay-card.featured:hover {\n  background: linear-gradient(135deg, #fffbf5 0%, #fff8ed 100%);\n  box-shadow: 0 8px 24px rgba(195, 159, 118, 0.25), inset 0 1px 0 rgba(195, 159, 118, 0.15);\n}\n\n.lk-stay-badge {\n  display: inline-flex;\n  align-items: center;\n  gap: 5px;\n  font-size: 10px;\n  font-weight: 500;\n  letter-spacing: 1.5px;\n  text-transform: uppercase;\n  padding: 5px 11px;\n  border-radius: 20px;\n  width: fit-content;\n}\n.badge-top     { background: linear-gradient(135deg, #c39f76 0%, #d4b188 100%); color: #fff; border: 1px solid #c39f76; font-weight: 600; box-shadow: 0 2px 8px rgba(195,159,118,0.3); }\n.badge-luxury  { background: rgba(195,159,118,.12); color: #c39f76; border: 1px solid rgba(195,159,118,.25); }\n.badge-boutique{ background: rgba(54,133,252,.08); color: #3685fc; border: 1px solid rgba(54,133,252,.2); }\n.badge-nature  { background: rgba(130,190,100,.1); color: #6b9c4a; border: 1px solid rgba(130,190,100,.2); }\n.badge-remote  { background: rgba(195,159,118,.12); color: #a67e50; border: 1px solid rgba(195,159,118,.25); }\n\n.lk-stay-name {\n  font-family: 'Playfair Display', Georgia, serif;\n  font-size: 18px;\n  font-weight: 700;\n  color: #111827;\n  line-height: 1.3;\n}\n.lk-stay-desc {\n  font-size: 13.5px;\n  color: #525252;\n  line-height: 1.65;\n  font-weight: 300;\n  flex: 1;\n}\n\n.lk-stay-meta {\n  display: flex;\n  align-items: center;\n  gap: 12px;\n  flex-wrap: wrap;\n  margin-top: 4px;\n}\n.lk-stay-price {\n  font-size: 13px;\n  color: #6b7280;\n}\n.lk-stay-price strong {\n  color: #c39f76;\n  font-weight: 500;\n}\n.lk-stay-stars {\n  color: #c39f76;\n  font-size: 11px;\n  letter-spacing: 1px;\n}\n\n\/* \u2500\u2500\u2500 CTA BUTTON \u2500\u2500\u2500 *\/\n.lk-stay-cta {\n  display: inline-flex;\n  align-items: center;\n  justify-content: center;\n  gap: 7px;\n  margin-top: 8px;\n  padding: 11px 20px;\n  border-radius: 8px;\n  background: linear-gradient(135deg, #3685fc 0%, #2a6fd9 100%);\n  color: #fff;\n  font-size: 13px;\n  font-weight: 500;\n  text-decoration: none;\n  letter-spacing: .3px;\n  transition: all .2s ease;\n  cursor: pointer;\n  border: none;\n  text-align: center;\n  box-shadow: 0 4px 12px rgba(54, 133, 252, 0.25);\n}\n.lk-stay-cta:hover {\n  background: linear-gradient(135deg, #2a6fd9 0%, #1e5bc4 100%);\n  transform: translateY(-1px);\n  box-shadow: 0 6px 16px rgba(54, 133, 252, 0.35);\n}\n.lk-stay-cta svg { flex-shrink: 0; }\n\n\/* \u2500\u2500\u2500 FOOTER \u2500\u2500\u2500 *\/\n.lk-stays-footer {\n  padding: 18px 36px;\n  background: linear-gradient(to bottom, #fdfaf5 0%, #f9f4ed 100%);\n  border-top: 1px solid rgba(195, 159, 118, 0.15);\n  display: flex;\n  align-items: center;\n  justify-content: space-between;\n  flex-wrap: wrap;\n  gap: 12px;\n}\n.lk-stays-footer-note {\n  font-size: 11.5px;\n  color: #6b7280;\n  font-weight: 300;\n  line-height: 1.5;\n}\n.lk-stays-footer-note a {\n  color: #c39f76;\n  text-decoration: none;\n  font-weight: 400;\n}\n.lk-stays-footer-note a:hover {\n  text-decoration: underline;\n}\n.lk-stays-all-btn {\n  display: inline-flex;\n  align-items: center;\n  gap: 6px;\n  font-size: 12.5px;\n  font-weight: 500;\n  color: #c39f76;\n  text-decoration: none;\n  border: 1px solid rgba(195, 159, 118, 0.35);\n  padding: 8px 18px;\n  border-radius: 8px;\n  transition: all .2s ease;\n}\n.lk-stays-all-btn:hover {\n  background: rgba(195, 159, 118, 0.08);\n  border-color: rgba(195, 159, 118, 0.5);\n}\n\n\/* \u2500\u2500\u2500 RESPONSIVE \u2500\u2500\u2500 *\/\n@media (max-width: 600px) {\n  .lk-stays-grid { grid-template-columns: 1fr; }\n  .lk-stays-header { padding: 24px 20px; }\n  .lk-stays-footer { padding: 16px 20px; }\n  .lk-stay-card { padding: 22px; }\n  .lk-stays-title { font-size: 20px; }\n}\n<\/style>\n\n  <!-- HEADER -->\n  <div class=\"lk-stays-header\">\n    <img decoding=\"async\" src=\"https:\/\/loudavymkrokem.cz\/wp-content\/uploads\/2026\/02\/lukas-a-lucka.jpg\" alt=\"\" style=\"width: 75px; height: 75px; border-radius: 8px; flex-shrink: 0; object-fit: cover; display: block; margin: 4px 0;\" title=\"\">\n    <div class=\"lk-stays-header-text\">\n      <div class=\"lk-stays-eyebrow\">Luk\u00e1\u0161 \u00e9s Lucie aj\u00e1nlj\u00e1k<\/div>\n      <div class=\"lk-stays-title\">Hol sz\u00e1lljon meg a vil\u00e1gon<\/div>\n      <div class=\"lk-stays-subtitle\">6 sz\u00e1ll\u00e1shely \u2014 \u00fcd\u00fcl\u0151helyek, sz\u00e1llod\u00e1k \u00e9s egy\u00e9b sz\u00e1ll\u00e1slehet\u0151s\u00e9gek<\/div>\n    <\/div>\n  <\/div>\n\n  <!-- CARDS -->\n  <div class=\"lk-stays-grid\">\n\n    <a class=\"lk-stay-card featured\" href=\"https:\/\/www.stay22.com\/allez\/roam?aid=lukaskonecny&#038;campaign=loudavymkrokemcz&#038;campaign=hu&#038;campaign=netradicni-ubytovani-na-svete&#038;hotelname=ICEHOTEL&#038;address=Jukkasj%C3%A4rvi%2C%20%C5%A0v%C3%A9dsko\" target=\"_blank\" rel=\"nofollow noopener\">\n      <span class=\"lk-stay-badge badge-top\">\u2b50 TOP V\u00c1LASZT\u00c1S<\/span>\n      <span class=\"lk-stay-badge badge-nature\">\ud83c\udfe8 Hotel<\/span>\n      <div class=\"lk-stay-name\">ICEHOTEL<\/div>\n      <div class=\"lk-stay-desc\">A vil\u00e1g legr\u00e9gebbi j\u00e9gsz\u00e1llod\u00e1ja Jukkasj\u00e4rviben, minden t\u00e9len \u00fajj\u00e1\u00e9p\u00edtve j\u00e9gb\u0151l k\u00e9sz\u00fclt m\u0171v\u00e9szi szob\u00e1kkal.<\/div>\n      <div class=\"lk-stay-meta\">\n        <span class=\"lk-stay-stars\">\u2605\u2605\u2605\u2605\u2605<\/span>\n        <span class=\"lk-stay-price\">300 EUR\/\u00e9jt\u0151l<\/span>\n      <\/div>\n      <span class=\"lk-stay-cta\">\n        <svg width=\"14\" height=\"14\" viewBox=\"0 0 24 24\" fill=\"none\" stroke=\"currentColor\" stroke-width=\"2\"><path d=\"M18 13v6a2 2 0 0 1-2 2H5a2 2 0 0 1-2-2V8a2 2 0 0 1 2-2h6\"\/><polyline points=\"15 3 21 3 21 9\"\/><line x1=\"10\" y1=\"14\" x2=\"21\" y2=\"3\"\/><\/svg>\n        Ellen\u0151rizd az el\u00e9rhet\u0151s\u00e9get\n      <\/span>\n    <\/a>\n\n    <a class=\"lk-stay-card\" href=\"https:\/\/www.stay22.com\/allez\/roam?aid=lukaskonecny&#038;campaign=loudavymkrokemcz&#038;campaign=hu&#038;campaign=netradicni-ubytovani-na-svete&#038;hotelname=H%C3%B4tel%20de%20Glace&#038;address=Qu%C3%A9bec%2C%20Kanada\" target=\"_blank\" rel=\"nofollow noopener\">\n      <span class=\"lk-stay-badge badge-nature\">\ud83c\udfe8 Hotel<\/span>\n      <div class=\"lk-stay-name\">H\u00f4tel de Glace<\/div>\n      <div class=\"lk-stay-desc\">\u00c9szak-Amerika egyetlen j\u00e9gsz\u00e1llod\u00e1ja j\u00e9gk\u00e1poln\u00e1val \u00e9s j\u00e9gtobog\u00e1nnal.<\/div>\n      <div class=\"lk-stay-meta\">\n        <span class=\"lk-stay-stars\">\u2605\u2605\u2605\u2605<\/span>\n        <span class=\"lk-stay-price\">\u00c1rak megtekint\u00e9se<\/span>\n      <\/div>\n      <span class=\"lk-stay-cta\">\n        <svg width=\"14\" height=\"14\" viewBox=\"0 0 24 24\" fill=\"none\" stroke=\"currentColor\" stroke-width=\"2\"><path d=\"M18 13v6a2 2 0 0 1-2 2H5a2 2 0 0 1-2-2V8a2 2 0 0 1 2-2h6\"\/><polyline points=\"15 3 21 3 21 9\"\/><line x1=\"10\" y1=\"14\" x2=\"21\" y2=\"3\"\/><\/svg>\n        Ellen\u0151rizd az el\u00e9rhet\u0151s\u00e9get\n      <\/span>\n    <\/a>\n\n    <a class=\"lk-stay-card\" href=\"https:\/\/www.stay22.com\/allez\/roam?aid=lukaskonecny&#038;campaign=loudavymkrokemcz&#038;campaign=hu&#038;campaign=netradicni-ubytovani-na-svete&#038;hotelname=Sorrisniva%20Igloo%20Hotel&#038;address=Alta%2C%20Norsko\" target=\"_blank\" rel=\"nofollow noopener\">\n      <span class=\"lk-stay-badge badge-nature\">\ud83c\udfe8 Hotel<\/span>\n      <div class=\"lk-stay-name\">Sorrisniva Igloo Hotel<\/div>\n      <div class=\"lk-stay-desc\">A legjobb \u00e9rt\u00e9kel\u00e9s\u0171 j\u00e9gsz\u00e1lloda a sarkk\u00f6r\u00f6n t\u00fal, j\u00e9g- \u00e9s fasz\u00e1ll\u00e1s kombin\u00e1ci\u00f3j\u00e1val.<\/div>\n      <div class=\"lk-stay-meta\">\n        <span class=\"lk-stay-stars\">\u2605\u2605\u2605\u2605\u2605<\/span>\n        <span class=\"lk-stay-price\">\u00c1rak megtekint\u00e9se<\/span>\n      <\/div>\n      <span class=\"lk-stay-cta\">\n        <svg width=\"14\" height=\"14\" viewBox=\"0 0 24 24\" fill=\"none\" stroke=\"currentColor\" stroke-width=\"2\"><path d=\"M18 13v6a2 2 0 0 1-2 2H5a2 2 0 0 1-2-2V8a2 2 0 0 1 2-2h6\"\/><polyline points=\"15 3 21 3 21 9\"\/><line x1=\"10\" y1=\"14\" x2=\"21\" y2=\"3\"\/><\/svg>\n        Ellen\u0151rizd az el\u00e9rhet\u0151s\u00e9get\n      <\/span>\n    <\/a>\n\n    <a class=\"lk-stay-card\" href=\"https:\/\/www.stay22.com\/allez\/roam?aid=lukaskonecny&#038;campaign=loudavymkrokemcz&#038;campaign=hu&#038;campaign=netradicni-ubytovani-na-svete&#038;hotelname=Snow%20Resort%20Kirkenes&#038;address=Kirkenes%2C%20Norsko\" target=\"_blank\" rel=\"nofollow noopener\">\n      <span class=\"lk-stay-badge badge-nature\">\ud83c\udf32 Resort<\/span>\n      <div class=\"lk-stay-name\">Snow Resort Kirkenes<\/div>\n      <div class=\"lk-stay-desc\">A leg\u00e9szakibb \u00fcd\u00fcl\u0151hely j\u00e9gszob\u00e1kkal, \u00fcveg iglukkal \u00e9s fah\u00e1zakkal az orosz hat\u00e1r k\u00f6zel\u00e9ben.<\/div>\n      <div class=\"lk-stay-meta\">\n        <span class=\"lk-stay-stars\">\u2605\u2605\u2605\u2605<\/span>\n        <span class=\"lk-stay-price\">\u00c1rak megtekint\u00e9se<\/span>\n      <\/div>\n      <span class=\"lk-stay-cta\">\n        <svg width=\"14\" height=\"14\" viewBox=\"0 0 24 24\" fill=\"none\" stroke=\"currentColor\" stroke-width=\"2\"><path d=\"M18 13v6a2 2 0 0 1-2 2H5a2 2 0 0 1-2-2V8a2 2 0 0 1 2-2h6\"\/><polyline points=\"15 3 21 3 21 9\"\/><line x1=\"10\" y1=\"14\" x2=\"21\" y2=\"3\"\/><\/svg>\n        Ellen\u0151rizd az el\u00e9rhet\u0151s\u00e9get\n      <\/span>\n    <\/a>\n\n    <a class=\"lk-stay-card\" href=\"https:\/\/www.stay22.com\/allez\/roam?aid=lukaskonecny&#038;campaign=loudavymkrokemcz&#038;campaign=hu&#038;campaign=netradicni-ubytovani-na-svete&#038;hotelname=Kakslauttanen%20Arctic%20Resort&#038;address=Saariselk%C3%A4%2C%20Finsko\" target=\"_blank\" rel=\"nofollow noopener\">\n      <span class=\"lk-stay-badge badge-nature\">\ud83c\udf32 Resort<\/span>\n      <div class=\"lk-stay-name\">Kakslauttanen Arctic Resort<\/div>\n      <div class=\"lk-stay-desc\">A vil\u00e1g legh\u00edresebb \u00fcveg igluja Saariselk\u00e4ben, a sarki f\u00e9ny alatti glamping v\u00edrusos ikonja.<\/div>\n      <div class=\"lk-stay-meta\">\n        <span class=\"lk-stay-stars\">\u2605\u2605\u2605\u2605<\/span>\n        <span class=\"lk-stay-price\">\u00c1rak megtekint\u00e9se<\/span>\n      <\/div>\n      <span class=\"lk-stay-cta\">\n        <svg width=\"14\" height=\"14\" viewBox=\"0 0 24 24\" fill=\"none\" stroke=\"currentColor\" stroke-width=\"2\"><path d=\"M18 13v6a2 2 0 0 1-2 2H5a2 2 0 0 1-2-2V8a2 2 0 0 1 2-2h6\"\/><polyline points=\"15 3 21 3 21 9\"\/><line x1=\"10\" y1=\"14\" x2=\"21\" y2=\"3\"\/><\/svg>\n        Ellen\u0151rizd az el\u00e9rhet\u0151s\u00e9get\n      <\/span>\n    <\/a>\n\n    <a class=\"lk-stay-card\" href=\"https:\/\/www.stay22.com\/allez\/roam?aid=lukaskonecny&#038;campaign=loudavymkrokemcz&#038;campaign=hu&#038;campaign=netradicni-ubytovani-na-svete&#038;hotelname=Levin%20Iglut&#038;address=Levi%2C%20Finsko\" target=\"_blank\" rel=\"nofollow noopener\">\n      <span class=\"lk-stay-badge badge-nature\">\ud83c\udfe8 Hotel<\/span>\n      <div class=\"lk-stay-name\">Levin Iglut<\/div>\n      <div class=\"lk-stay-desc\">\u00dcveg iglu meredek lejt\u0151n l\u00e9legzetel\u00e1ll\u00edt\u00f3 kil\u00e1t\u00e1ssal a v\u00f6lgyre \u00e9s kiv\u00e1l\u00f3 \u00e9tteremmel.<\/div>\n      <div class=\"lk-stay-meta\">\n        <span class=\"lk-stay-stars\">\u2605\u2605\u2605\u2605<\/span>\n        <span class=\"lk-stay-price\">\u00c1rak megtekint\u00e9se<\/span>\n      <\/div>\n      <span class=\"lk-stay-cta\">\n        <svg width=\"14\" height=\"14\" viewBox=\"0 0 24 24\" fill=\"none\" stroke=\"currentColor\" stroke-width=\"2\"><path d=\"M18 13v6a2 2 0 0 1-2 2H5a2 2 0 0 1-2-2V8a2 2 0 0 1 2-2h6\"\/><polyline points=\"15 3 21 3 21 9\"\/><line x1=\"10\" y1=\"14\" x2=\"21\" y2=\"3\"\/><\/svg>\n        Ellen\u0151rizd az el\u00e9rhet\u0151s\u00e9get\n      <\/span>\n    <\/a>\n\n  <\/div>\n\n  \n<\/div>\n\n\n\n\n<h3 class=\"wp-block-heading\"><span class=\"ez-toc-section\" id=\"20_Museum_Hotel_Uchisar_Kappadokia_Torokorszag\"><\/span>20. Museum Hotel, U\u00e7hisar, Kappad\u00f3kia, T\u00f6r\u00f6korsz\u00e1g<span class=\"ez-toc-section-end\"><\/span><\/h3>\n\n\n\n<p class=\"wp-block-paragraph\">Ez a var\u00e1zslatos t\u00f6r\u00f6k hotel, 4,5-\u00f6s \u00e9rt\u00e9kel\u00e9ssel, egy gy\u00f6ny\u00f6r\u0171 <strong>barlangkomplexum, amelyet bonyolultan egyenesen a puha tuf\u00e1ba faragtak<\/strong>. Van egy gy\u00f6ny\u00f6r\u0171, magasan a v\u00f6lgy f\u00f6l\u00e9 helyezett, k\u00fclt\u00e9ri f\u0171t\u00f6tt medenc\u00e9je, ahonnan a sz\u00e1ll\u00f3 vend\u00e9gek hajnalban t\u00f6bb tucat lebeg\u0151 h\u0151l\u00e9gballont figyelhetnek.<\/p>\n\n\n\n<figure data-wp-context=\"{&quot;galleryId&quot;:&quot;6a9530c476526&quot;}\" data-wp-interactive=\"core\/gallery\" class=\"wp-block-gallery has-nested-images columns-2 is-cropped wp-block-gallery-is-layout-flex wp-block-gallery-12 is-layout-flex\">\n<figure data-wp-context=\"{&quot;imageId&quot;:&quot;6a9530c4768a4&quot;}\" data-wp-interactive=\"core\/image\" data-wp-key=\"6a9530c4768a4\" class=\"wp-block-image size-large wp-lightbox-container\"><img decoding=\"async\" width=\"1200\" height=\"861\" data-wp-class--hide=\"state.isContentHidden\" data-wp-class--show=\"state.isContentVisible\" data-wp-init=\"callbacks.setButtonStyles\" data-wp-on--click=\"actions.showLightbox\" data-wp-on--load=\"callbacks.setButtonStyles\" data-wp-on--pointerdown=\"actions.preloadImage\" data-wp-on--pointerenter=\"actions.preloadImageWithDelay\" data-wp-on--pointerleave=\"actions.cancelPreload\" data-wp-on-window--resize=\"callbacks.setButtonStyles\" data-id=\"404772\" src=\"https:\/\/loudavymkrokem.cz\/wp-content\/uploads\/2026\/08\/museum-hotelb-1.jpg\" alt=\"A Museum Hotel barlangszob\u00e1ja\" class=\"wp-image-404772\" title=\"\" srcset=\"https:\/\/loudavymkrokem.cz\/wp-content\/uploads\/2026\/08\/museum-hotelb-1.jpg 1200w, https:\/\/loudavymkrokem.cz\/wp-content\/uploads\/2026\/08\/museum-hotelb-1-300x215.jpg 300w, https:\/\/loudavymkrokem.cz\/wp-content\/uploads\/2026\/08\/museum-hotelb-1-700x502.jpg 700w, https:\/\/loudavymkrokem.cz\/wp-content\/uploads\/2026\/08\/museum-hotelb-1-768x551.jpg 768w, https:\/\/loudavymkrokem.cz\/wp-content\/uploads\/2026\/08\/museum-hotelb-1-696x499.jpg 696w\" sizes=\"(max-width: 1200px) 100vw, 1200px\" \/><button\n\t\t\tclass=\"lightbox-trigger\"\n\t\t\ttype=\"button\"\n\t\t\taria-haspopup=\"dialog\"\n\t\t\tdata-wp-bind--aria-label=\"state.thisImage.triggerButtonAriaLabel\"\n\t\t\tdata-wp-init=\"callbacks.initTriggerButton\"\n\t\t\tdata-wp-on--click=\"actions.showLightbox\"\n\t\t\tdata-wp-style--right=\"state.thisImage.buttonRight\"\n\t\t\tdata-wp-style--top=\"state.thisImage.buttonTop\"\n\t\t>\n\t\t\t<svg xmlns=\"http:\/\/www.w3.org\/2000\/svg\" width=\"12\" height=\"12\" fill=\"none\" viewBox=\"0 0 12 12\">\n\t\t\t\t<path fill=\"#fff\" d=\"M2 0a2 2 0 0 0-2 2v2h1.5V2a.5.5 0 0 1 .5-.5h2V0H2Zm2 10.5H2a.5.5 0 0 1-.5-.5V8H0v2a2 2 0 0 0 2 2h2v-1.5ZM8 12v-1.5h2a.5.5 0 0 0 .5-.5V8H12v2a2 2 0 0 1-2 2H8Zm2-12a2 2 0 0 1 2 2v2h-1.5V2a.5.5 0 0 0-.5-.5H8V0h2Z\" \/>\n\t\t\t<\/svg>\n\t\t<\/button><figcaption class=\"wp-element-caption\">Fot\u00f3: Museum Hotel \/ hivatalos weboldal<\/figcaption><\/figure>\n\n\n\n<figure data-wp-context=\"{&quot;imageId&quot;:&quot;6a9530c476d77&quot;}\" data-wp-interactive=\"core\/image\" data-wp-key=\"6a9530c476d77\" class=\"wp-block-image size-large wp-lightbox-container\"><img decoding=\"async\" width=\"1200\" height=\"861\" data-wp-class--hide=\"state.isContentHidden\" data-wp-class--show=\"state.isContentVisible\" data-wp-init=\"callbacks.setButtonStyles\" data-wp-on--click=\"actions.showLightbox\" data-wp-on--load=\"callbacks.setButtonStyles\" data-wp-on--pointerdown=\"actions.preloadImage\" data-wp-on--pointerenter=\"actions.preloadImageWithDelay\" data-wp-on--pointerleave=\"actions.cancelPreload\" data-wp-on-window--resize=\"callbacks.setButtonStyles\" data-id=\"404773\" src=\"https:\/\/loudavymkrokem.cz\/wp-content\/uploads\/2026\/08\/museum-hotelb-2.jpg\" alt=\"A Museum Hotel \u00e9tterme a tuf\u00e1ban\" class=\"wp-image-404773\" title=\"\" srcset=\"https:\/\/loudavymkrokem.cz\/wp-content\/uploads\/2026\/08\/museum-hotelb-2.jpg 1200w, https:\/\/loudavymkrokem.cz\/wp-content\/uploads\/2026\/08\/museum-hotelb-2-300x215.jpg 300w, https:\/\/loudavymkrokem.cz\/wp-content\/uploads\/2026\/08\/museum-hotelb-2-700x502.jpg 700w, https:\/\/loudavymkrokem.cz\/wp-content\/uploads\/2026\/08\/museum-hotelb-2-768x551.jpg 768w, https:\/\/loudavymkrokem.cz\/wp-content\/uploads\/2026\/08\/museum-hotelb-2-696x499.jpg 696w\" sizes=\"(max-width: 1200px) 100vw, 1200px\" \/><button\n\t\t\tclass=\"lightbox-trigger\"\n\t\t\ttype=\"button\"\n\t\t\taria-haspopup=\"dialog\"\n\t\t\tdata-wp-bind--aria-label=\"state.thisImage.triggerButtonAriaLabel\"\n\t\t\tdata-wp-init=\"callbacks.initTriggerButton\"\n\t\t\tdata-wp-on--click=\"actions.showLightbox\"\n\t\t\tdata-wp-style--right=\"state.thisImage.buttonRight\"\n\t\t\tdata-wp-style--top=\"state.thisImage.buttonTop\"\n\t\t>\n\t\t\t<svg xmlns=\"http:\/\/www.w3.org\/2000\/svg\" width=\"12\" height=\"12\" fill=\"none\" viewBox=\"0 0 12 12\">\n\t\t\t\t<path fill=\"#fff\" d=\"M2 0a2 2 0 0 0-2 2v2h1.5V2a.5.5 0 0 1 .5-.5h2V0H2Zm2 10.5H2a.5.5 0 0 1-.5-.5V8H0v2a2 2 0 0 0 2 2h2v-1.5ZM8 12v-1.5h2a.5.5 0 0 0 .5-.5V8H12v2a2 2 0 0 1-2 2H8Zm2-12a2 2 0 0 1 2 2v2h-1.5V2a.5.5 0 0 0-.5-.5H8V0h2Z\" \/>\n\t\t\t<\/svg>\n\t\t<\/button><figcaption class=\"wp-element-caption\">Fot\u00f3: Museum Hotel \/ hivatalos weboldal<\/figcaption><\/figure>\n<\/figure>\n\n\n\n<p class=\"wp-block-paragraph\">A hihetetlen kil\u00e1t\u00e1son k\u00edv\u00fcl, amely bej\u00e1rta az eg\u00e9sz Instagramot, maga a bels\u0151 t\u00e9r is leny\u0171g\u00f6z. Az eg\u00e9sz komplexum r\u00e9sze ugyanis egy kiterjedt <strong>saj\u00e1t, \u00e9rt\u00e9kes t\u00f6rt\u00e9nelmi r\u00e9gis\u00e9ggy\u0171jtem\u00e9ny<\/strong>, amelyr\u0151l ez a szokatlan hotel a nev\u00e9t is kapta. Sz\u00f3 szerint egy m\u00fazeum k\u00f6zep\u00e9n laksz.<\/p>\n\n\n\n<p class=\"wp-block-paragraph\">\ud83d\udca1 <strong>Tipp:<\/strong> Ha a legjobb fot\u00f3kat akarod, kelj fel igaz\u00e1n nagyon kor\u00e1n. A medenc\u00e9b\u0151l a ballonokkal a h\u00e1tt\u00e9rben k\u00e9sz\u00fclt fot\u00f3k ugyan elk\u00e9peszt\u0151k, de az <strong>ide\u00e1lis m\u00e1gikus f\u00e9ny csak nagyon r\u00f6vid ideig tart<\/strong> k\u00f6zvetlen\u00fcl napkelte ut\u00e1n, azt\u00e1n elt\u0171nik. <em><a href=\"https:\/\/www.stay22.com\/allez\/roam?aid=lukaskonecny&amp;campaign=loudavymkrokemcz&amp;campaign=netradicni-ubytovani-na-svete&amp;hotelname=Museum%20Hotel&amp;address=U%C3%A7hisar%2C%20Turecko\" target=\"_blank\" rel=\"nofollow noopener sponsored\">\u00e1rak \u00e9s el\u00e9rhet\u0151s\u00e9g ellen\u0151rz\u00e9se<\/a><\/em><\/p>\n\n\n\n<figure data-wp-context=\"{&quot;imageId&quot;:&quot;6a9530c4774a2&quot;}\" data-wp-interactive=\"core\/image\" data-wp-key=\"6a9530c4774a2\" class=\"wp-block-image size-full wp-lightbox-container\"><img decoding=\"async\" width=\"1600\" height=\"1067\" data-wp-class--hide=\"state.isContentHidden\" data-wp-class--show=\"state.isContentVisible\" data-wp-init=\"callbacks.setButtonStyles\" data-wp-on--click=\"actions.showLightbox\" data-wp-on--load=\"callbacks.setButtonStyles\" data-wp-on--pointerdown=\"actions.preloadImage\" data-wp-on--pointerenter=\"actions.preloadImageWithDelay\" data-wp-on--pointerleave=\"actions.cancelPreload\" data-wp-on-window--resize=\"callbacks.setButtonStyles\" data-id=\"404628\" src=\"https:\/\/loudavymkrokem.cz\/wp-content\/uploads\/2026\/08\/stanov-pavilony-longitude-131-s-v-hledem-na-ul.jpg\" alt=\"A Longitude 131\u00b0 s\u00e1tras pavilonjai kil\u00e1t\u00e1ssal az Ulurura\" class=\"wp-image-404628\" title=\"\" srcset=\"https:\/\/loudavymkrokem.cz\/wp-content\/uploads\/2026\/08\/stanov-pavilony-longitude-131-s-v-hledem-na-ul.jpg 1600w, https:\/\/loudavymkrokem.cz\/wp-content\/uploads\/2026\/08\/stanov-pavilony-longitude-131-s-v-hledem-na-ul-300x200.jpg 300w, https:\/\/loudavymkrokem.cz\/wp-content\/uploads\/2026\/08\/stanov-pavilony-longitude-131-s-v-hledem-na-ul-700x467.jpg 700w, https:\/\/loudavymkrokem.cz\/wp-content\/uploads\/2026\/08\/stanov-pavilony-longitude-131-s-v-hledem-na-ul-768x512.jpg 768w, https:\/\/loudavymkrokem.cz\/wp-content\/uploads\/2026\/08\/stanov-pavilony-longitude-131-s-v-hledem-na-ul-1536x1024.jpg 1536w, https:\/\/loudavymkrokem.cz\/wp-content\/uploads\/2026\/08\/stanov-pavilony-longitude-131-s-v-hledem-na-ul-696x464.jpg 696w, https:\/\/loudavymkrokem.cz\/wp-content\/uploads\/2026\/08\/stanov-pavilony-longitude-131-s-v-hledem-na-ul-1392x928.jpg 1392w\" sizes=\"(max-width: 1600px) 100vw, 1600px\" \/><button\n\t\t\tclass=\"lightbox-trigger\"\n\t\t\ttype=\"button\"\n\t\t\taria-haspopup=\"dialog\"\n\t\t\tdata-wp-bind--aria-label=\"state.thisImage.triggerButtonAriaLabel\"\n\t\t\tdata-wp-init=\"callbacks.initTriggerButton\"\n\t\t\tdata-wp-on--click=\"actions.showLightbox\"\n\t\t\tdata-wp-style--right=\"state.thisImage.buttonRight\"\n\t\t\tdata-wp-style--top=\"state.thisImage.buttonTop\"\n\t\t>\n\t\t\t<svg xmlns=\"http:\/\/www.w3.org\/2000\/svg\" width=\"12\" height=\"12\" fill=\"none\" viewBox=\"0 0 12 12\">\n\t\t\t\t<path fill=\"#fff\" d=\"M2 0a2 2 0 0 0-2 2v2h1.5V2a.5.5 0 0 1 .5-.5h2V0H2Zm2 10.5H2a.5.5 0 0 1-.5-.5V8H0v2a2 2 0 0 0 2 2h2v-1.5ZM8 12v-1.5h2a.5.5 0 0 0 .5-.5V8H12v2a2 2 0 0 1-2 2H8Zm2-12a2 2 0 0 1 2 2v2h-1.5V2a.5.5 0 0 0-.5-.5H8V0h2Z\" \/>\n\t\t\t<\/svg>\n\t\t<\/button><figcaption class=\"wp-element-caption\">Fot\u00f3: Longitude 131 \/ Google Maps<\/figcaption><\/figure>\n\n\n\n<h3 class=\"wp-block-heading\"><span class=\"ez-toc-section\" id=\"21_Longitude_131%C2%B0_Yulara_Uluru_Ausztralia\"><\/span>21. Longitude 131\u00b0, Yulara, Uluru, Ausztr\u00e1lia<span class=\"ez-toc-section-end\"><\/span><\/h3>\n\n\n\n<p class=\"wp-block-paragraph\">Az ausztr\u00e1l sivatagi resort, remek, 4,8-as \u00e9rt\u00e9kel\u00e9ssel, egy teljesen \u00faj szintre emeli a luxus fogalm\u00e1t a zord vadonban. Gy\u00f6ny\u00f6r\u0171 \u00e9s t\u00e1gas <strong>s\u00e1tras pavilonokat k\u00edn\u00e1l, amelyeket k\u00f6zvetlen \u00e9s semmivel sem zavart kil\u00e1t\u00e1ssal a szent Ulurura \u00e9p\u00edtettek<\/strong>.<\/p>\n\n\n\n<p class=\"wp-block-paragraph\">\u00d6sszesen csup\u00e1n tizenhat exkluz\u00edv s\u00e1tor \u00e1ll itt, \u00e9s mindegyikben van egy hatalmas \u00e1gy, strat\u00e9giailag egyenesen az \u00f3ri\u00e1si v\u00f6r\u00f6s monolit fel\u00e9 ford\u00edtva. \u00cdgy k\u00e9nyelmesen, egyenesen az illatos takar\u00f3k k\u00f6z\u00fcl figyelheted, ahogy a <strong>szikla a t\u00e1volban m\u00e1gikusan v\u00e1ltoztatja a sz\u00edn\u00e9t napkeltekor \u00e9s naplementekor<\/strong>. Rendk\u00edv\u00fcl intim \u00e9s vizu\u00e1lisan er\u0151s \u00e9lm\u00e9ny.<\/p>\n\n\n\n<p class=\"wp-block-paragraph\">\ud83d\udca1 <strong>Tipp:<\/strong> Ez egy nagyon forr\u00f3 sivatagi ter\u00fclet, \u00edgy <strong>a l\u00e1togat\u00e1sra a legjobb id\u0151 egy\u00e9rtelm\u0171en az ausztr\u00e1l t\u00e9l<\/strong> (m\u00e1just\u00f3l szeptemberig), amikor a nappali h\u0151m\u00e9rs\u00e9klet elviselhet\u0151, \u00e9s norm\u00e1lisan lehet l\u00e9legezni.<\/p>\n\n\n\n<h2 class=\"wp-block-heading\"><span class=\"ez-toc-section\" id=\"7_%E2%80%9EEz_most_komoly%E2%80%9D\"><\/span>7) \u201eEz most komoly?&#8221;<span class=\"ez-toc-section-end\"><\/span><\/h2>\n\n\n\n<p class=\"wp-block-paragraph\">Ebben az \u0151r\u00fclt kateg\u00f3ri\u00e1ban olyan helyeket tal\u00e1lsz, amelyek nagy \u00f6r\u00f6mmel <strong>d\u00f6ntik le a hotelr\u0151l alkotott \u00f6sszes bevett elk\u00e9pzel\u00e9st<\/strong>. Gyakran \u0151r\u00fclt \u00e9p\u00edt\u00e9szeti k\u00eds\u00e9rletekr\u0151l vagy extr\u00e9m \u00f6tletekr\u0151l van sz\u00f3, amelyek meglep\u0151 m\u00f3don v\u00e1ratlanul befutottak \u00e9s sikert aratnak.<\/p>\n\n\n\n<p class=\"wp-block-paragraph\">K\u00e9sz\u00fclj fel azonban arra, hogy ezek a bizarr \u00e9lm\u00e9nyek <strong>gyakran hatalmas kil\u00e9p\u00e9st ig\u00e9nyelnek a szem\u00e9lyes komfortz\u00f3n\u00e1db\u00f3l<\/strong>, legyen sz\u00f3 a falak teljes hi\u00e1ny\u00e1r\u00f3l, a mag\u00e1hoz a megk\u00f6zel\u00edt\u00e9shez sz\u00fcks\u00e9ges fizikai meger\u0151ltet\u00e9sr\u0151l, vagy egyszer\u0171en az alapfelszerelts\u00e9g hi\u00e1ny\u00e1r\u00f3l, amelyet megszokt\u00e1l. <em><a href=\"https:\/\/www.stay22.com\/allez\/roam?aid=lukaskonecny&amp;campaign=loudavymkrokemcz&amp;campaign=netradicni-ubytovani-na-svete&amp;hotelname=Longitude%20131%C2%B0&amp;address=Yulara%2C%20Austr%C3%A1lie\" target=\"_blank\" rel=\"nofollow noopener sponsored\">\u00e1rak \u00e9s el\u00e9rhet\u0151s\u00e9g ellen\u0151rz\u00e9se<\/a><\/em><\/p>\n\n\n\n<figure data-wp-context=\"{&quot;imageId&quot;:&quot;6a9530c477c22&quot;}\" data-wp-interactive=\"core\/image\" data-wp-key=\"6a9530c477c22\" class=\"wp-block-image size-full wp-lightbox-container\"><img decoding=\"async\" width=\"1800\" height=\"1012\" data-wp-class--hide=\"state.isContentHidden\" data-wp-class--show=\"state.isContentVisible\" data-wp-init=\"callbacks.setButtonStyles\" data-wp-on--click=\"actions.showLightbox\" data-wp-on--load=\"callbacks.setButtonStyles\" data-wp-on--pointerdown=\"actions.preloadImage\" data-wp-on--pointerenter=\"actions.preloadImageWithDelay\" data-wp-on--pointerleave=\"actions.cancelPreload\" data-wp-on-window--resize=\"callbacks.setButtonStyles\" data-id=\"404814\" src=\"https:\/\/loudavymkrokem.cz\/wp-content\/uploads\/2026\/08\/skylodge-adventure-suitesd1-2.jpg\" alt=\"A Skylodge \u00fcvegkapszul\u00e1i a sziklafalra ragasztva a Szent-v\u00f6lgy felett\" class=\"wp-image-404814\" title=\"\" srcset=\"https:\/\/loudavymkrokem.cz\/wp-content\/uploads\/2026\/08\/skylodge-adventure-suitesd1-2.jpg 1800w, https:\/\/loudavymkrokem.cz\/wp-content\/uploads\/2026\/08\/skylodge-adventure-suitesd1-2-300x169.jpg 300w, https:\/\/loudavymkrokem.cz\/wp-content\/uploads\/2026\/08\/skylodge-adventure-suitesd1-2-700x394.jpg 700w, https:\/\/loudavymkrokem.cz\/wp-content\/uploads\/2026\/08\/skylodge-adventure-suitesd1-2-768x432.jpg 768w, https:\/\/loudavymkrokem.cz\/wp-content\/uploads\/2026\/08\/skylodge-adventure-suitesd1-2-1536x864.jpg 1536w, https:\/\/loudavymkrokem.cz\/wp-content\/uploads\/2026\/08\/skylodge-adventure-suitesd1-2-696x391.jpg 696w, https:\/\/loudavymkrokem.cz\/wp-content\/uploads\/2026\/08\/skylodge-adventure-suitesd1-2-1392x783.jpg 1392w\" sizes=\"(max-width: 1800px) 100vw, 1800px\" \/><button\n\t\t\tclass=\"lightbox-trigger\"\n\t\t\ttype=\"button\"\n\t\t\taria-haspopup=\"dialog\"\n\t\t\tdata-wp-bind--aria-label=\"state.thisImage.triggerButtonAriaLabel\"\n\t\t\tdata-wp-init=\"callbacks.initTriggerButton\"\n\t\t\tdata-wp-on--click=\"actions.showLightbox\"\n\t\t\tdata-wp-style--right=\"state.thisImage.buttonRight\"\n\t\t\tdata-wp-style--top=\"state.thisImage.buttonTop\"\n\t\t>\n\t\t\t<svg xmlns=\"http:\/\/www.w3.org\/2000\/svg\" width=\"12\" height=\"12\" fill=\"none\" viewBox=\"0 0 12 12\">\n\t\t\t\t<path fill=\"#fff\" d=\"M2 0a2 2 0 0 0-2 2v2h1.5V2a.5.5 0 0 1 .5-.5h2V0H2Zm2 10.5H2a.5.5 0 0 1-.5-.5V8H0v2a2 2 0 0 0 2 2h2v-1.5ZM8 12v-1.5h2a.5.5 0 0 0 .5-.5V8H12v2a2 2 0 0 1-2 2H8Zm2-12a2 2 0 0 1 2 2v2h-1.5V2a.5.5 0 0 0-.5-.5H8V0h2Z\" \/>\n\t\t\t<\/svg>\n\t\t<\/button><figcaption class=\"wp-element-caption\">Fot\u00f3: Natura Vive \/ hivatalos weboldal<\/figcaption><\/figure>\n\n\n\n<h3 class=\"wp-block-heading\"><span class=\"ez-toc-section\" id=\"22_Skylodge_Adventure_Suites_Szent-volgy_Peru\"><\/span>22. Skylodge Adventure Suites, Szent-v\u00f6lgy, Peru<span class=\"ez-toc-section-end\"><\/span><\/h3>\n\n\n\n<p class=\"wp-block-paragraph\">Ezt a tiszt\u00e1n adrenalinnal teli projektet, 4,8-as \u00e9rt\u00e9kel\u00e9ssel, teljesen <strong>\u00e1tl\u00e1tsz\u00f3 polikarbon\u00e1t kapszul\u00e1k alkotj\u00e1k, amelyeket magasan egy meredek sziklafalra ragasztottak<\/strong>. Kiz\u00e1r\u00f3lag egy biztos\u00edtott via ferrat\u00e1n vagy egy gyors zipline seg\u00edts\u00e9g\u00e9vel k\u00f6zel\u00edthet\u0151k meg. El\u0151sz\u00f6r saj\u00e1t er\u0151db\u0151l kell felm\u00e1sznod 400 m\u00e9tert a csupasz szikl\u00e1n, majd a Szent-v\u00f6lgy szakad\u00e9ka f\u00f6l\u00f6tt f\u00fcggve alszol, reggel pedig k\u00f6t\u00e9len ereszkedsz le. Ennek az \u0151r\u00fcletnek az \u00e1r\u00e1ban meglep\u0151 m\u00f3don egy gourmet vacsora \u00e9s b\u0151s\u00e9ges reggeli is benne van.<\/p>\n\n\n\n<figure data-wp-context=\"{&quot;galleryId&quot;:&quot;6a9530c477e59&quot;}\" data-wp-interactive=\"core\/gallery\" class=\"wp-block-gallery has-nested-images columns-2 is-cropped wp-block-gallery-is-layout-flex wp-block-gallery-13 is-layout-flex\">\n<figure data-wp-context=\"{&quot;imageId&quot;:&quot;6a9530c478248&quot;}\" data-wp-interactive=\"core\/image\" data-wp-key=\"6a9530c478248\" class=\"wp-block-image size-large wp-lightbox-container\"><img decoding=\"async\" width=\"1800\" height=\"1013\" data-wp-class--hide=\"state.isContentHidden\" data-wp-class--show=\"state.isContentVisible\" data-wp-init=\"callbacks.setButtonStyles\" data-wp-on--click=\"actions.showLightbox\" data-wp-on--load=\"callbacks.setButtonStyles\" data-wp-on--pointerdown=\"actions.preloadImage\" data-wp-on--pointerenter=\"actions.preloadImageWithDelay\" data-wp-on--pointerleave=\"actions.cancelPreload\" data-wp-on-window--resize=\"callbacks.setButtonStyles\" data-id=\"404815\" src=\"https:\/\/loudavymkrokem.cz\/wp-content\/uploads\/2026\/08\/skylodge-adventure-suitesd1-1.jpg\" alt=\"Napkelte a Szent-v\u00f6lgy felett a Skylodge kapszul\u00e1ib\u00f3l\" class=\"wp-image-404815\" title=\"\" srcset=\"https:\/\/loudavymkrokem.cz\/wp-content\/uploads\/2026\/08\/skylodge-adventure-suitesd1-1.jpg 1800w, https:\/\/loudavymkrokem.cz\/wp-content\/uploads\/2026\/08\/skylodge-adventure-suitesd1-1-300x169.jpg 300w, https:\/\/loudavymkrokem.cz\/wp-content\/uploads\/2026\/08\/skylodge-adventure-suitesd1-1-700x394.jpg 700w, https:\/\/loudavymkrokem.cz\/wp-content\/uploads\/2026\/08\/skylodge-adventure-suitesd1-1-768x432.jpg 768w, https:\/\/loudavymkrokem.cz\/wp-content\/uploads\/2026\/08\/skylodge-adventure-suitesd1-1-1536x864.jpg 1536w, https:\/\/loudavymkrokem.cz\/wp-content\/uploads\/2026\/08\/skylodge-adventure-suitesd1-1-696x392.jpg 696w, https:\/\/loudavymkrokem.cz\/wp-content\/uploads\/2026\/08\/skylodge-adventure-suitesd1-1-1392x783.jpg 1392w\" sizes=\"(max-width: 1800px) 100vw, 1800px\" \/><button\n\t\t\tclass=\"lightbox-trigger\"\n\t\t\ttype=\"button\"\n\t\t\taria-haspopup=\"dialog\"\n\t\t\tdata-wp-bind--aria-label=\"state.thisImage.triggerButtonAriaLabel\"\n\t\t\tdata-wp-init=\"callbacks.initTriggerButton\"\n\t\t\tdata-wp-on--click=\"actions.showLightbox\"\n\t\t\tdata-wp-style--right=\"state.thisImage.buttonRight\"\n\t\t\tdata-wp-style--top=\"state.thisImage.buttonTop\"\n\t\t>\n\t\t\t<svg xmlns=\"http:\/\/www.w3.org\/2000\/svg\" width=\"12\" height=\"12\" fill=\"none\" viewBox=\"0 0 12 12\">\n\t\t\t\t<path fill=\"#fff\" d=\"M2 0a2 2 0 0 0-2 2v2h1.5V2a.5.5 0 0 1 .5-.5h2V0H2Zm2 10.5H2a.5.5 0 0 1-.5-.5V8H0v2a2 2 0 0 0 2 2h2v-1.5ZM8 12v-1.5h2a.5.5 0 0 0 .5-.5V8H12v2a2 2 0 0 1-2 2H8Zm2-12a2 2 0 0 1 2 2v2h-1.5V2a.5.5 0 0 0-.5-.5H8V0h2Z\" \/>\n\t\t\t<\/svg>\n\t\t<\/button><figcaption class=\"wp-element-caption\">Fot\u00f3: Natura Vive \/ hivatalos weboldal<\/figcaption><\/figure>\n<\/figure>\n\n\n\n<p class=\"wp-block-paragraph\">A rengeteg \u00e9rt\u00e9kel\u00e9sb\u0151l azonban egy\u00e9rtelm\u0171en kider\u00fcl egy eg\u00e9szen megnyugtat\u00f3 dolog. A vend\u00e9gek mag\u00e1t a sziklam\u00e1sz\u00e1st sim\u00e1n teljes\u00edtik ak\u00e1r kamasz gyerekekkel is, de <strong>messze a legrosszabb \u00e9s legr\u00e9miszt\u0151bb pontja az eg\u00e9sz kir\u00e1ndul\u00e1snak a legt\u00f6bbj\u00fck sz\u00e1m\u00e1ra a himb\u00e1l\u00f3z\u00f3 k\u00f6t\u00e9lh\u00edd<\/strong>, amelyen \u00fatk\u00f6zben \u00e1t kell kelned. Ez egy \u00e9lm\u00e9ny azoknak, akik nem f\u00e9lnek a magass\u00e1gt\u00f3l.<\/p>\n\n\n\n<p class=\"wp-block-paragraph\">\ud83d\udca1 <strong>Tipp:<\/strong> Egy\u00e1ltal\u00e1n nem kell tartanod a kegyetlen hidegt\u0151l vagy a bonyolult reggeli tiszt\u00e1lkod\u00e1st\u00f3l, minden <strong>felf\u00fcggesztett kapszul\u00e1nak saj\u00e1t kis v\u00e9c\u00e9je van<\/strong>, \u00e9s bel\u00fcl meglep\u0151en nagyon kellemes meleg. <em><a href=\"https:\/\/www.stay22.com\/allez\/roam?aid=lukaskonecny&amp;campaign=loudavymkrokemcz&amp;campaign=netradicni-ubytovani-na-svete&amp;hotelname=Skylodge%20Adventure%20Suites&amp;address=Ollantaytambo%2C%20Peru\" target=\"_blank\" rel=\"nofollow noopener sponsored\">\u00e1rak \u00e9s el\u00e9rhet\u0151s\u00e9g ellen\u0151rz\u00e9se<\/a><\/em><\/p>\n\n\n\n<figure data-wp-context=\"{&quot;imageId&quot;:&quot;6a9530c478926&quot;}\" data-wp-interactive=\"core\/image\" data-wp-key=\"6a9530c478926\" class=\"wp-block-image size-full wp-lightbox-container\"><img decoding=\"async\" width=\"1920\" height=\"1211\" data-wp-class--hide=\"state.isContentHidden\" data-wp-class--show=\"state.isContentVisible\" data-wp-init=\"callbacks.setButtonStyles\" data-wp-on--click=\"actions.showLightbox\" data-wp-on--load=\"callbacks.setButtonStyles\" data-wp-on--pointerdown=\"actions.preloadImage\" data-wp-on--pointerenter=\"actions.preloadImageWithDelay\" data-wp-on--pointerleave=\"actions.cancelPreload\" data-wp-on-window--resize=\"callbacks.setButtonStyles\" data-id=\"404668\" src=\"https:\/\/loudavymkrokem.cz\/wp-content\/uploads\/2026\/08\/nullstern-alpy.jpg\" alt=\"Alpesi t\u00e1j Valais-ban, ahol a Null Stern koncepci\u00f3 a szabad \u00e9g alatt \u00e1ll\u00edtja fel \u00e1gyait\" class=\"wp-image-404668\" title=\"\" srcset=\"https:\/\/loudavymkrokem.cz\/wp-content\/uploads\/2026\/08\/nullstern-alpy.jpg 1920w, https:\/\/loudavymkrokem.cz\/wp-content\/uploads\/2026\/08\/nullstern-alpy-300x189.jpg 300w, https:\/\/loudavymkrokem.cz\/wp-content\/uploads\/2026\/08\/nullstern-alpy-700x442.jpg 700w, https:\/\/loudavymkrokem.cz\/wp-content\/uploads\/2026\/08\/nullstern-alpy-768x484.jpg 768w, https:\/\/loudavymkrokem.cz\/wp-content\/uploads\/2026\/08\/nullstern-alpy-1536x969.jpg 1536w, https:\/\/loudavymkrokem.cz\/wp-content\/uploads\/2026\/08\/nullstern-alpy-696x439.jpg 696w, https:\/\/loudavymkrokem.cz\/wp-content\/uploads\/2026\/08\/nullstern-alpy-1392x878.jpg 1392w\" sizes=\"(max-width: 1920px) 100vw, 1920px\" \/><button\n\t\t\tclass=\"lightbox-trigger\"\n\t\t\ttype=\"button\"\n\t\t\taria-haspopup=\"dialog\"\n\t\t\tdata-wp-bind--aria-label=\"state.thisImage.triggerButtonAriaLabel\"\n\t\t\tdata-wp-init=\"callbacks.initTriggerButton\"\n\t\t\tdata-wp-on--click=\"actions.showLightbox\"\n\t\t\tdata-wp-style--right=\"state.thisImage.buttonRight\"\n\t\t\tdata-wp-style--top=\"state.thisImage.buttonTop\"\n\t\t>\n\t\t\t<svg xmlns=\"http:\/\/www.w3.org\/2000\/svg\" width=\"12\" height=\"12\" fill=\"none\" viewBox=\"0 0 12 12\">\n\t\t\t\t<path fill=\"#fff\" d=\"M2 0a2 2 0 0 0-2 2v2h1.5V2a.5.5 0 0 1 .5-.5h2V0H2Zm2 10.5H2a.5.5 0 0 1-.5-.5V8H0v2a2 2 0 0 0 2 2h2v-1.5ZM8 12v-1.5h2a.5.5 0 0 0 .5-.5V8H12v2a2 2 0 0 1-2 2H8Zm2-12a2 2 0 0 1 2 2v2h-1.5V2a.5.5 0 0 0-.5-.5H8V0h2Z\" \/>\n\t\t\t<\/svg>\n\t\t<\/button><figcaption class=\"wp-element-caption\">Fot\u00f3: Tobias Alt (Tobi 87), CC BY-SA 4.0, Wikimedia Commons<\/figcaption><\/figure>\n\n\n\n<h3 class=\"wp-block-heading\"><span class=\"ez-toc-section\" id=\"23_Null_Stern_Hotel_Svajc_valtoztatja_a_helyszint\"><\/span>23. Null Stern Hotel, Sv\u00e1jc (v\u00e1ltoztatja a helysz\u00ednt)<span class=\"ez-toc-section-end\"><\/span><\/h3>\n\n\n\n<p class=\"wp-block-paragraph\">Az \u00fagynevezett \u201enullcsillagos hotel&#8221; koncepci\u00f3ja a m\u0171v\u00e9szi minimalizmust a teljes sz\u00e9ls\u0151s\u00e9gbe emeli. Ez a projekt val\u00f3j\u00e1ban csak egy <strong>h\u00e9tk\u00f6znapi francia\u00e1gy, k\u00e9t \u00e9jjeliszekr\u00e9ny \u00e9s k\u00e9t vil\u00e1g\u00edt\u00f3 l\u00e1mpa az alpesi t\u00e1j k\u00f6zep\u00e9n fel\u00e1ll\u00edtva<\/strong>, mindenf\u00e9le fal \u00e9s fej feletti tet\u0151 n\u00e9lk\u00fcl. Egy nagyj\u00e1b\u00f3l 350 eur\u00f3s \u00e9jszakai \u00e1r\u00e9rt sz\u00e9pen megter\u00edtett \u00e1gynem\u0171t, j\u00f3 \u00e9telt, \u00fcdv\u00f6zl\u0151italt, s\u0151t m\u00e9g egy feh\u00e9r keszty\u0171s szem\u00e9lyes inast is kapsz, aki gondoskodik r\u00f3lad.<\/p>\n\n\n\n<p class=\"wp-block-paragraph\">F\u00fcrd\u0151szob\u00e1t vagy v\u00e9c\u00e9t azonban itt, a mez\u0151n hi\u00e1ba keresn\u00e9l. Az mindig a <strong>legk\u00f6zelebbi hegyi mened\u00e9kh\u00e1zban<\/strong> rejt\u0151zik, ami rendszerint p\u00e1r perc gyors gyalogl\u00e1st jelent a f\u00fcv\u00f6n \u00e1t. Az eg\u00e9sz \u00fagy m\u0171k\u00f6dik, mint egy <strong>hatalmas m\u0171v\u00e9szi install\u00e1ci\u00f3<\/strong>, amelybe egy \u00e9jszak\u00e1ra t\u00e9nylegesen bek\u00f6lt\u00f6zhetsz, \u00e9s a r\u00e9sz\u00e9v\u00e9 v\u00e1lhatsz.<\/p>\n\n\n\n<p class=\"wp-block-paragraph\">\ud83d\udca1 <strong>Tipp:<\/strong> Figyelj egy teljesen l\u00e9nyeges dologra: a <strong>projekt helysz\u00edne minden szezonban v\u00e1ltozik<\/strong>, \u00e9s a foglal\u00e1s csak az \u00e9v ny\u00e1ri r\u00e9sz\u00e9re ny\u00edlik meg. Az aktu\u00e1lis pontos helyet mindig gondosan ellen\u0151rizd a hivatalos weboldalukon, nehogy a tavalyi mez\u0151n keresd az \u00e1gyat. <em><a href=\"https:\/\/www.stay22.com\/allez\/roam?aid=lukaskonecny&amp;campaign=loudavymkrokemcz&amp;campaign=netradicni-ubytovani-na-svete&amp;hotelname=Null%20Stern%20Hotel&amp;address=%C5%A0v%C3%BDcarsko\" target=\"_blank\" rel=\"nofollow noopener sponsored\">\u00e1rak \u00e9s el\u00e9rhet\u0151s\u00e9g ellen\u0151rz\u00e9se<\/a><\/em><\/p>\n\n\n\n<figure data-wp-context=\"{&quot;imageId&quot;:&quot;6a9530c478f6b&quot;}\" data-wp-interactive=\"core\/image\" data-wp-key=\"6a9530c478f6b\" class=\"wp-block-image size-full wp-lightbox-container\"><img decoding=\"async\" width=\"1800\" height=\"1200\" data-wp-class--hide=\"state.isContentHidden\" data-wp-class--show=\"state.isContentVisible\" data-wp-init=\"callbacks.setButtonStyles\" data-wp-on--click=\"actions.showLightbox\" data-wp-on--load=\"callbacks.setButtonStyles\" data-wp-on--pointerdown=\"actions.preloadImage\" data-wp-on--pointerenter=\"actions.preloadImageWithDelay\" data-wp-on--pointerleave=\"actions.cancelPreload\" data-wp-on-window--resize=\"callbacks.setButtonStyles\" data-id=\"404768\" src=\"https:\/\/loudavymkrokem.cz\/wp-content\/uploads\/2026\/08\/sala-silver-mine-1.jpg\" alt=\"F\u00f6ld alatti folyos\u00f3 a salai ez\u00fcstb\u00e1ny\u00e1ban\" class=\"wp-image-404768\" title=\"\" srcset=\"https:\/\/loudavymkrokem.cz\/wp-content\/uploads\/2026\/08\/sala-silver-mine-1.jpg 1800w, https:\/\/loudavymkrokem.cz\/wp-content\/uploads\/2026\/08\/sala-silver-mine-1-300x200.jpg 300w, https:\/\/loudavymkrokem.cz\/wp-content\/uploads\/2026\/08\/sala-silver-mine-1-700x467.jpg 700w, https:\/\/loudavymkrokem.cz\/wp-content\/uploads\/2026\/08\/sala-silver-mine-1-768x512.jpg 768w, https:\/\/loudavymkrokem.cz\/wp-content\/uploads\/2026\/08\/sala-silver-mine-1-1536x1024.jpg 1536w, https:\/\/loudavymkrokem.cz\/wp-content\/uploads\/2026\/08\/sala-silver-mine-1-696x464.jpg 696w, https:\/\/loudavymkrokem.cz\/wp-content\/uploads\/2026\/08\/sala-silver-mine-1-1392x928.jpg 1392w\" sizes=\"(max-width: 1800px) 100vw, 1800px\" \/><button\n\t\t\tclass=\"lightbox-trigger\"\n\t\t\ttype=\"button\"\n\t\t\taria-haspopup=\"dialog\"\n\t\t\tdata-wp-bind--aria-label=\"state.thisImage.triggerButtonAriaLabel\"\n\t\t\tdata-wp-init=\"callbacks.initTriggerButton\"\n\t\t\tdata-wp-on--click=\"actions.showLightbox\"\n\t\t\tdata-wp-style--right=\"state.thisImage.buttonRight\"\n\t\t\tdata-wp-style--top=\"state.thisImage.buttonTop\"\n\t\t>\n\t\t\t<svg xmlns=\"http:\/\/www.w3.org\/2000\/svg\" width=\"12\" height=\"12\" fill=\"none\" viewBox=\"0 0 12 12\">\n\t\t\t\t<path fill=\"#fff\" d=\"M2 0a2 2 0 0 0-2 2v2h1.5V2a.5.5 0 0 1 .5-.5h2V0H2Zm2 10.5H2a.5.5 0 0 1-.5-.5V8H0v2a2 2 0 0 0 2 2h2v-1.5ZM8 12v-1.5h2a.5.5 0 0 0 .5-.5V8H12v2a2 2 0 0 1-2 2H8Zm2-12a2 2 0 0 1 2 2v2h-1.5V2a.5.5 0 0 0-.5-.5H8V0h2Z\" \/>\n\t\t\t<\/svg>\n\t\t<\/button><figcaption class=\"wp-element-caption\">Fot\u00f3: Sala Silvergruva \/ hivatalos weboldal<\/figcaption><\/figure>\n\n\n\n<h3 class=\"wp-block-heading\"><span class=\"ez-toc-section\" id=\"24_Sala_Silvermine_Sala_Svedorszag\"><\/span>24. Sala Silvermine, Sala, Sv\u00e9dorsz\u00e1g<span class=\"ez-toc-section-end\"><\/span><\/h3>\n\n\n\n<p class=\"wp-block-paragraph\">Ez a sv\u00e9d f\u00f6ld alatti komplexum, 4,5-\u00f6s \u00e9rt\u00e9kel\u00e9ssel, nagyon s\u00f6t\u00e9t \u00e9lm\u00e9nyt k\u00edn\u00e1l azoknak, akik semmik\u00e9pp sem szenvednek klausztrof\u00f3bi\u00e1ban. Egy egyedi <strong>apartman rejt\u0151zik itt, amelyet teljes 155 m\u00e9terrel a f\u00f6ld alatt \u00e9p\u00edtettek ki egy r\u00e9gi \u00e9s kivont ez\u00fcstb\u00e1ny\u00e1ban<\/strong>. Az eredeti b\u00e1nyaliften ereszkedsz le ide, \u00e9s a lefel\u00e9 vezet\u0151 \u00fat egy ideig tart.<\/p>\n\n\n\n<figure data-wp-context=\"{&quot;galleryId&quot;:&quot;6a9530c47918c&quot;}\" data-wp-interactive=\"core\/gallery\" class=\"wp-block-gallery has-nested-images columns-2 is-cropped wp-block-gallery-is-layout-flex wp-block-gallery-14 is-layout-flex\">\n<figure data-wp-context=\"{&quot;imageId&quot;:&quot;6a9530c479550&quot;}\" data-wp-interactive=\"core\/image\" data-wp-key=\"6a9530c479550\" class=\"wp-block-image size-large wp-lightbox-container\"><img decoding=\"async\" width=\"1800\" height=\"1350\" data-wp-class--hide=\"state.isContentHidden\" data-wp-class--show=\"state.isContentVisible\" data-wp-init=\"callbacks.setButtonStyles\" data-wp-on--click=\"actions.showLightbox\" data-wp-on--load=\"callbacks.setButtonStyles\" data-wp-on--pointerdown=\"actions.preloadImage\" data-wp-on--pointerenter=\"actions.preloadImageWithDelay\" data-wp-on--pointerleave=\"actions.cancelPreload\" data-wp-on-window--resize=\"callbacks.setButtonStyles\" data-id=\"404769\" src=\"https:\/\/loudavymkrokem.cz\/wp-content\/uploads\/2026\/08\/sala-silver-mine-2.jpg\" alt=\"Megvil\u00e1g\u00edtott t\u00e1rna a salai b\u00e1ny\u00e1ban\" class=\"wp-image-404769\" title=\"\" srcset=\"https:\/\/loudavymkrokem.cz\/wp-content\/uploads\/2026\/08\/sala-silver-mine-2.jpg 1800w, https:\/\/loudavymkrokem.cz\/wp-content\/uploads\/2026\/08\/sala-silver-mine-2-300x225.jpg 300w, https:\/\/loudavymkrokem.cz\/wp-content\/uploads\/2026\/08\/sala-silver-mine-2-700x525.jpg 700w, https:\/\/loudavymkrokem.cz\/wp-content\/uploads\/2026\/08\/sala-silver-mine-2-768x576.jpg 768w, https:\/\/loudavymkrokem.cz\/wp-content\/uploads\/2026\/08\/sala-silver-mine-2-1536x1152.jpg 1536w, https:\/\/loudavymkrokem.cz\/wp-content\/uploads\/2026\/08\/sala-silver-mine-2-80x60.jpg 80w, https:\/\/loudavymkrokem.cz\/wp-content\/uploads\/2026\/08\/sala-silver-mine-2-160x120.jpg 160w, https:\/\/loudavymkrokem.cz\/wp-content\/uploads\/2026\/08\/sala-silver-mine-2-696x522.jpg 696w, https:\/\/loudavymkrokem.cz\/wp-content\/uploads\/2026\/08\/sala-silver-mine-2-1392x1044.jpg 1392w\" sizes=\"(max-width: 1800px) 100vw, 1800px\" \/><button\n\t\t\tclass=\"lightbox-trigger\"\n\t\t\ttype=\"button\"\n\t\t\taria-haspopup=\"dialog\"\n\t\t\tdata-wp-bind--aria-label=\"state.thisImage.triggerButtonAriaLabel\"\n\t\t\tdata-wp-init=\"callbacks.initTriggerButton\"\n\t\t\tdata-wp-on--click=\"actions.showLightbox\"\n\t\t\tdata-wp-style--right=\"state.thisImage.buttonRight\"\n\t\t\tdata-wp-style--top=\"state.thisImage.buttonTop\"\n\t\t>\n\t\t\t<svg xmlns=\"http:\/\/www.w3.org\/2000\/svg\" width=\"12\" height=\"12\" fill=\"none\" viewBox=\"0 0 12 12\">\n\t\t\t\t<path fill=\"#fff\" d=\"M2 0a2 2 0 0 0-2 2v2h1.5V2a.5.5 0 0 1 .5-.5h2V0H2Zm2 10.5H2a.5.5 0 0 1-.5-.5V8H0v2a2 2 0 0 0 2 2h2v-1.5ZM8 12v-1.5h2a.5.5 0 0 0 .5-.5V8H12v2a2 2 0 0 1-2 2H8Zm2-12a2 2 0 0 1 2 2v2h-1.5V2a.5.5 0 0 0-.5-.5H8V0h2Z\" \/>\n\t\t\t<\/svg>\n\t\t<\/button><figcaption class=\"wp-element-caption\">Fot\u00f3: Sala Silvergruva \/ hivatalos weboldal<\/figcaption><\/figure>\n\n\n\n<figure data-wp-context=\"{&quot;imageId&quot;:&quot;6a9530c479a71&quot;}\" data-wp-interactive=\"core\/image\" data-wp-key=\"6a9530c479a71\" class=\"wp-block-image size-large wp-lightbox-container\"><img decoding=\"async\" width=\"1400\" height=\"935\" data-wp-class--hide=\"state.isContentHidden\" data-wp-class--show=\"state.isContentVisible\" data-wp-init=\"callbacks.setButtonStyles\" data-wp-on--click=\"actions.showLightbox\" data-wp-on--load=\"callbacks.setButtonStyles\" data-wp-on--pointerdown=\"actions.preloadImage\" data-wp-on--pointerenter=\"actions.preloadImageWithDelay\" data-wp-on--pointerleave=\"actions.cancelPreload\" data-wp-on-window--resize=\"callbacks.setButtonStyles\" data-id=\"404770\" src=\"https:\/\/loudavymkrokem.cz\/wp-content\/uploads\/2026\/08\/sala-silver-mine-3.jpg\" alt=\"A salai b\u00e1nya f\u00f6ld alatti terei\" class=\"wp-image-404770\" title=\"\" srcset=\"https:\/\/loudavymkrokem.cz\/wp-content\/uploads\/2026\/08\/sala-silver-mine-3.jpg 1400w, https:\/\/loudavymkrokem.cz\/wp-content\/uploads\/2026\/08\/sala-silver-mine-3-300x200.jpg 300w, https:\/\/loudavymkrokem.cz\/wp-content\/uploads\/2026\/08\/sala-silver-mine-3-700x468.jpg 700w, https:\/\/loudavymkrokem.cz\/wp-content\/uploads\/2026\/08\/sala-silver-mine-3-768x513.jpg 768w, https:\/\/loudavymkrokem.cz\/wp-content\/uploads\/2026\/08\/sala-silver-mine-3-696x465.jpg 696w, https:\/\/loudavymkrokem.cz\/wp-content\/uploads\/2026\/08\/sala-silver-mine-3-1392x930.jpg 1392w\" sizes=\"(max-width: 1400px) 100vw, 1400px\" \/><button\n\t\t\tclass=\"lightbox-trigger\"\n\t\t\ttype=\"button\"\n\t\t\taria-haspopup=\"dialog\"\n\t\t\tdata-wp-bind--aria-label=\"state.thisImage.triggerButtonAriaLabel\"\n\t\t\tdata-wp-init=\"callbacks.initTriggerButton\"\n\t\t\tdata-wp-on--click=\"actions.showLightbox\"\n\t\t\tdata-wp-style--right=\"state.thisImage.buttonRight\"\n\t\t\tdata-wp-style--top=\"state.thisImage.buttonTop\"\n\t\t>\n\t\t\t<svg xmlns=\"http:\/\/www.w3.org\/2000\/svg\" width=\"12\" height=\"12\" fill=\"none\" viewBox=\"0 0 12 12\">\n\t\t\t\t<path fill=\"#fff\" d=\"M2 0a2 2 0 0 0-2 2v2h1.5V2a.5.5 0 0 1 .5-.5h2V0H2Zm2 10.5H2a.5.5 0 0 1-.5-.5V8H0v2a2 2 0 0 0 2 2h2v-1.5ZM8 12v-1.5h2a.5.5 0 0 0 .5-.5V8H12v2a2 2 0 0 1-2 2H8Zm2-12a2 2 0 0 1 2 2v2h-1.5V2a.5.5 0 0 0-.5-.5H8V0h2Z\" \/>\n\t\t\t<\/svg>\n\t\t<\/button><figcaption class=\"wp-element-caption\">Fot\u00f3: Sala Silvergruva \/ hivatalos weboldal<\/figcaption><\/figure>\n<\/figure>\n\n\n\n<p class=\"wp-block-paragraph\">Lent abszol\u00fat \u00e9s \u00e1thatolhatatlan csend uralkodik, az \u00e1lland\u00f3 k\u00f6rnyez\u0151 h\u0151m\u00e9rs\u00e9klet <strong>mind\u00f6ssze k\u00e9t Celsius-fok k\u00f6r\u00fcl<\/strong> marad, \u00e9s term\u00e9szetesen egy\u00e1ltal\u00e1n <strong>nincs telefonjel<\/strong>. M\u00edg a b\u00e1nya szok\u00e1sos t\u00far\u00e1i a turist\u00e1k sz\u00e1m\u00e1ra csak 60 m\u00e9teres m\u00e9lys\u00e9gbe vezetnek, ez az egyetlen apartman m\u00e9g sokkal m\u00e9lyebben fekszik a szikla belsej\u00e9ben, \u00e9s teljesen egyed\u00fcl leszel ott.<\/p>\n\n\n\n<p class=\"wp-block-paragraph\">\ud83d\udca1 <strong>Tipp:<\/strong> A b\u00e1nya k\u00f6rnyez\u0151 folyos\u00f3in ugyan t\u00e9nyleg nagy hideg van, de <strong>maga az apartman \u00f6tletesen f\u0171t\u00f6tt, kellemes 18 fokra<\/strong>, a nagy \u00e1gy pedig extra vastag takar\u00f3kkal van felszerelve, \u00edgy nem fogsz megfagyni. <em><a href=\"https:\/\/www.stay22.com\/allez\/roam?aid=lukaskonecny&amp;campaign=loudavymkrokemcz&amp;campaign=netradicni-ubytovani-na-svete&amp;hotelname=Sala%20Silvermine&amp;address=Sala%2C%20%C5%A0v%C3%A9dsko\" target=\"_blank\" rel=\"nofollow noopener sponsored\">\u00e1rak \u00e9s el\u00e9rhet\u0151s\u00e9g ellen\u0151rz\u00e9se<\/a><\/em><\/p>\n\n\n\n<figure data-wp-context=\"{&quot;imageId&quot;:&quot;6a9530c47a03b&quot;}\" data-wp-interactive=\"core\/image\" data-wp-key=\"6a9530c47a03b\" class=\"wp-block-image size-full wp-lightbox-container\"><img decoding=\"async\" width=\"1200\" height=\"630\" data-wp-class--hide=\"state.isContentHidden\" data-wp-class--show=\"state.isContentVisible\" data-wp-init=\"callbacks.setButtonStyles\" data-wp-on--click=\"actions.showLightbox\" data-wp-on--load=\"callbacks.setButtonStyles\" data-wp-on--pointerdown=\"actions.preloadImage\" data-wp-on--pointerenter=\"actions.preloadImageWithDelay\" data-wp-on--pointerleave=\"actions.cancelPreload\" data-wp-on-window--resize=\"callbacks.setButtonStyles\" data-id=\"404765\" src=\"https:\/\/loudavymkrokem.cz\/wp-content\/uploads\/2026\/08\/kolarbyn-eco-lodge-sveriges-vildaste-hotell-1.jpg\" alt=\"A Kolarbyn Eco Lodge kunyh\u00f3ja a sv\u00e9d erd\u0151ben\" class=\"wp-image-404765\" title=\"\" srcset=\"https:\/\/loudavymkrokem.cz\/wp-content\/uploads\/2026\/08\/kolarbyn-eco-lodge-sveriges-vildaste-hotell-1.jpg 1200w, https:\/\/loudavymkrokem.cz\/wp-content\/uploads\/2026\/08\/kolarbyn-eco-lodge-sveriges-vildaste-hotell-1-300x158.jpg 300w, https:\/\/loudavymkrokem.cz\/wp-content\/uploads\/2026\/08\/kolarbyn-eco-lodge-sveriges-vildaste-hotell-1-700x368.jpg 700w, https:\/\/loudavymkrokem.cz\/wp-content\/uploads\/2026\/08\/kolarbyn-eco-lodge-sveriges-vildaste-hotell-1-768x403.jpg 768w, https:\/\/loudavymkrokem.cz\/wp-content\/uploads\/2026\/08\/kolarbyn-eco-lodge-sveriges-vildaste-hotell-1-696x365.jpg 696w\" sizes=\"(max-width: 1200px) 100vw, 1200px\" \/><button\n\t\t\tclass=\"lightbox-trigger\"\n\t\t\ttype=\"button\"\n\t\t\taria-haspopup=\"dialog\"\n\t\t\tdata-wp-bind--aria-label=\"state.thisImage.triggerButtonAriaLabel\"\n\t\t\tdata-wp-init=\"callbacks.initTriggerButton\"\n\t\t\tdata-wp-on--click=\"actions.showLightbox\"\n\t\t\tdata-wp-style--right=\"state.thisImage.buttonRight\"\n\t\t\tdata-wp-style--top=\"state.thisImage.buttonTop\"\n\t\t>\n\t\t\t<svg xmlns=\"http:\/\/www.w3.org\/2000\/svg\" width=\"12\" height=\"12\" fill=\"none\" viewBox=\"0 0 12 12\">\n\t\t\t\t<path fill=\"#fff\" d=\"M2 0a2 2 0 0 0-2 2v2h1.5V2a.5.5 0 0 1 .5-.5h2V0H2Zm2 10.5H2a.5.5 0 0 1-.5-.5V8H0v2a2 2 0 0 0 2 2h2v-1.5ZM8 12v-1.5h2a.5.5 0 0 0 .5-.5V8H12v2a2 2 0 0 1-2 2H8Zm2-12a2 2 0 0 1 2 2v2h-1.5V2a.5.5 0 0 0-.5-.5H8V0h2Z\" \/>\n\t\t\t<\/svg>\n\t\t<\/button><figcaption class=\"wp-element-caption\">Fot\u00f3: Kolarbyn Eco Lodge \/ hivatalos weboldal<\/figcaption><\/figure>\n\n\n\n<h3 class=\"wp-block-heading\"><span class=\"ez-toc-section\" id=\"25_Kolarbyn_Eco_Lodge_Skinnskatteberg_Svedorszag\"><\/span>25. Kolarbyn Eco Lodge, Skinnskatteberg, Sv\u00e9dorsz\u00e1g<span class=\"ez-toc-section-end\"><\/span><\/h3>\n\n\n\n<p class=\"wp-block-paragraph\">Ha abszol\u00fat \u00e9s megalkuv\u00e1s n\u00e9lk\u00fcli menek\u00fcl\u00e9st keresel a civiliz\u00e1ci\u00f3t\u00f3l, ez a sv\u00e9d t\u00e1bor, 4,6-os \u00e9rt\u00e9kel\u00e9ssel, joggal nevezi mag\u00e1t \u201eSv\u00e9dorsz\u00e1g legvadabb hotelj\u00e9nek&#8221;. Ez egy csoport <strong>tizenk\u00e9t kis kunyh\u00f3b\u00f3l, amelyeket f\u00f6ldb\u0151l \u00e9s gyept\u00e9gl\u00e1b\u00f3l \u00e9p\u00edtettek, \u00e9s amelyeknek egy\u00e1ltal\u00e1n nincs \u00e1ramuk vagy foly\u00f3 viz\u00fck<\/strong>. Bel\u00fcl csak egy kis fat\u00fczel\u00e9s\u0171 k\u00e1lyh\u00e1t \u00e9s b\u00e1r\u00e1nyirh\u00e1val bor\u00edtott kem\u00e9ny \u00e1gyakat tal\u00e1lsz.<\/p>\n\n\n\n<figure data-wp-context=\"{&quot;galleryId&quot;:&quot;6a9530c47a1ab&quot;}\" data-wp-interactive=\"core\/gallery\" class=\"wp-block-gallery has-nested-images columns-2 is-cropped wp-block-gallery-is-layout-flex wp-block-gallery-15 is-layout-flex\">\n<figure data-wp-context=\"{&quot;imageId&quot;:&quot;6a9530c47a465&quot;}\" data-wp-interactive=\"core\/image\" data-wp-key=\"6a9530c47a465\" class=\"wp-block-image size-large wp-lightbox-container\"><img decoding=\"async\" width=\"1800\" height=\"1350\" data-wp-class--hide=\"state.isContentHidden\" data-wp-class--show=\"state.isContentVisible\" data-wp-init=\"callbacks.setButtonStyles\" data-wp-on--click=\"actions.showLightbox\" data-wp-on--load=\"callbacks.setButtonStyles\" data-wp-on--pointerdown=\"actions.preloadImage\" data-wp-on--pointerenter=\"actions.preloadImageWithDelay\" data-wp-on--pointerleave=\"actions.cancelPreload\" data-wp-on-window--resize=\"callbacks.setButtonStyles\" data-id=\"404766\" src=\"https:\/\/loudavymkrokem.cz\/wp-content\/uploads\/2026\/08\/kolarbyn-eco-lodge-sveriges-vildaste-hotell-2.jpg\" alt=\"K\u00e1lyha \u00e9s gyerty\u00e1k a Kolarbyn kunyh\u00f3 belsej\u00e9ben\" class=\"wp-image-404766\" title=\"\" srcset=\"https:\/\/loudavymkrokem.cz\/wp-content\/uploads\/2026\/08\/kolarbyn-eco-lodge-sveriges-vildaste-hotell-2.jpg 1800w, https:\/\/loudavymkrokem.cz\/wp-content\/uploads\/2026\/08\/kolarbyn-eco-lodge-sveriges-vildaste-hotell-2-300x225.jpg 300w, https:\/\/loudavymkrokem.cz\/wp-content\/uploads\/2026\/08\/kolarbyn-eco-lodge-sveriges-vildaste-hotell-2-700x525.jpg 700w, https:\/\/loudavymkrokem.cz\/wp-content\/uploads\/2026\/08\/kolarbyn-eco-lodge-sveriges-vildaste-hotell-2-768x576.jpg 768w, https:\/\/loudavymkrokem.cz\/wp-content\/uploads\/2026\/08\/kolarbyn-eco-lodge-sveriges-vildaste-hotell-2-1536x1152.jpg 1536w, https:\/\/loudavymkrokem.cz\/wp-content\/uploads\/2026\/08\/kolarbyn-eco-lodge-sveriges-vildaste-hotell-2-80x60.jpg 80w, https:\/\/loudavymkrokem.cz\/wp-content\/uploads\/2026\/08\/kolarbyn-eco-lodge-sveriges-vildaste-hotell-2-160x120.jpg 160w, https:\/\/loudavymkrokem.cz\/wp-content\/uploads\/2026\/08\/kolarbyn-eco-lodge-sveriges-vildaste-hotell-2-696x522.jpg 696w, https:\/\/loudavymkrokem.cz\/wp-content\/uploads\/2026\/08\/kolarbyn-eco-lodge-sveriges-vildaste-hotell-2-1392x1044.jpg 1392w\" sizes=\"(max-width: 1800px) 100vw, 1800px\" \/><button\n\t\t\tclass=\"lightbox-trigger\"\n\t\t\ttype=\"button\"\n\t\t\taria-haspopup=\"dialog\"\n\t\t\tdata-wp-bind--aria-label=\"state.thisImage.triggerButtonAriaLabel\"\n\t\t\tdata-wp-init=\"callbacks.initTriggerButton\"\n\t\t\tdata-wp-on--click=\"actions.showLightbox\"\n\t\t\tdata-wp-style--right=\"state.thisImage.buttonRight\"\n\t\t\tdata-wp-style--top=\"state.thisImage.buttonTop\"\n\t\t>\n\t\t\t<svg xmlns=\"http:\/\/www.w3.org\/2000\/svg\" width=\"12\" height=\"12\" fill=\"none\" viewBox=\"0 0 12 12\">\n\t\t\t\t<path fill=\"#fff\" d=\"M2 0a2 2 0 0 0-2 2v2h1.5V2a.5.5 0 0 1 .5-.5h2V0H2Zm2 10.5H2a.5.5 0 0 1-.5-.5V8H0v2a2 2 0 0 0 2 2h2v-1.5ZM8 12v-1.5h2a.5.5 0 0 0 .5-.5V8H12v2a2 2 0 0 1-2 2H8Zm2-12a2 2 0 0 1 2 2v2h-1.5V2a.5.5 0 0 0-.5-.5H8V0h2Z\" \/>\n\t\t\t<\/svg>\n\t\t<\/button><figcaption class=\"wp-element-caption\">Fot\u00f3: Kolarbyn Eco Lodge \/ hivatalos weboldal<\/figcaption><\/figure>\n\n\n\n<figure data-wp-context=\"{&quot;imageId&quot;:&quot;6a9530c47a82f&quot;}\" data-wp-interactive=\"core\/image\" data-wp-key=\"6a9530c47a82f\" class=\"wp-block-image size-large wp-lightbox-container\"><img decoding=\"async\" width=\"1800\" height=\"1200\" data-wp-class--hide=\"state.isContentHidden\" data-wp-class--show=\"state.isContentVisible\" data-wp-init=\"callbacks.setButtonStyles\" data-wp-on--click=\"actions.showLightbox\" data-wp-on--load=\"callbacks.setButtonStyles\" data-wp-on--pointerdown=\"actions.preloadImage\" data-wp-on--pointerenter=\"actions.preloadImageWithDelay\" data-wp-on--pointerleave=\"actions.cancelPreload\" data-wp-on-window--resize=\"callbacks.setButtonStyles\" data-id=\"404767\" src=\"https:\/\/loudavymkrokem.cz\/wp-content\/uploads\/2026\/08\/kolarbyn-eco-lodge-sveriges-vildaste-hotell-3.jpg\" alt=\"K\u00f6z\u00f6s t\u0171zrak\u00f3hely a Kolarbyn Eco Lodge-ban\" class=\"wp-image-404767\" title=\"\" srcset=\"https:\/\/loudavymkrokem.cz\/wp-content\/uploads\/2026\/08\/kolarbyn-eco-lodge-sveriges-vildaste-hotell-3.jpg 1800w, https:\/\/loudavymkrokem.cz\/wp-content\/uploads\/2026\/08\/kolarbyn-eco-lodge-sveriges-vildaste-hotell-3-300x200.jpg 300w, https:\/\/loudavymkrokem.cz\/wp-content\/uploads\/2026\/08\/kolarbyn-eco-lodge-sveriges-vildaste-hotell-3-700x467.jpg 700w, https:\/\/loudavymkrokem.cz\/wp-content\/uploads\/2026\/08\/kolarbyn-eco-lodge-sveriges-vildaste-hotell-3-768x512.jpg 768w, https:\/\/loudavymkrokem.cz\/wp-content\/uploads\/2026\/08\/kolarbyn-eco-lodge-sveriges-vildaste-hotell-3-1536x1024.jpg 1536w, https:\/\/loudavymkrokem.cz\/wp-content\/uploads\/2026\/08\/kolarbyn-eco-lodge-sveriges-vildaste-hotell-3-696x464.jpg 696w, https:\/\/loudavymkrokem.cz\/wp-content\/uploads\/2026\/08\/kolarbyn-eco-lodge-sveriges-vildaste-hotell-3-1392x928.jpg 1392w\" sizes=\"(max-width: 1800px) 100vw, 1800px\" \/><button\n\t\t\tclass=\"lightbox-trigger\"\n\t\t\ttype=\"button\"\n\t\t\taria-haspopup=\"dialog\"\n\t\t\tdata-wp-bind--aria-label=\"state.thisImage.triggerButtonAriaLabel\"\n\t\t\tdata-wp-init=\"callbacks.initTriggerButton\"\n\t\t\tdata-wp-on--click=\"actions.showLightbox\"\n\t\t\tdata-wp-style--right=\"state.thisImage.buttonRight\"\n\t\t\tdata-wp-style--top=\"state.thisImage.buttonTop\"\n\t\t>\n\t\t\t<svg xmlns=\"http:\/\/www.w3.org\/2000\/svg\" width=\"12\" height=\"12\" fill=\"none\" viewBox=\"0 0 12 12\">\n\t\t\t\t<path fill=\"#fff\" d=\"M2 0a2 2 0 0 0-2 2v2h1.5V2a.5.5 0 0 1 .5-.5h2V0H2Zm2 10.5H2a.5.5 0 0 1-.5-.5V8H0v2a2 2 0 0 0 2 2h2v-1.5ZM8 12v-1.5h2a.5.5 0 0 0 .5-.5V8H12v2a2 2 0 0 1-2 2H8Zm2-12a2 2 0 0 1 2 2v2h-1.5V2a.5.5 0 0 0-.5-.5H8V0h2Z\" \/>\n\t\t\t<\/svg>\n\t\t<\/button><figcaption class=\"wp-element-caption\">Fot\u00f3: Kolarbyn Eco Lodge \/ hivatalos weboldal<\/figcaption><\/figure>\n<\/figure>\n\n\n\n<p class=\"wp-block-paragraph\">A f\u0151z\u00e9shez \u00e9s iv\u00e1shoz sz\u00fcks\u00e9ges vizet magadnak kell elhoznod a k\u00f6zeli erdei forr\u00e1sb\u00f3l, a reggeli f\u00fcrd\u0151z\u00e9s pedig eg\u00e9szen zordan, <strong>egyenesen a t\u00f3ban<\/strong> zajlik, vagy egy f\u0171t\u00f6tt fad\u00e9zs\u00e1ban, amit magadnak kell bef\u0171tened. A k\u00f6rnyez\u0151 m\u00e9ly erd\u0151kben r\u00e1ad\u00e1sul szervezett <strong>exped\u00edci\u00f3ra indulhatsz a vadfarkasok<\/strong> \u00e9s j\u00e1vorszarvasok nyom\u00e1ban, ami csak fokozza a vadon \u00e9lm\u00e9ny\u00e9t.<\/p>\n\n\n\n<p class=\"wp-block-paragraph\">\ud83d\udca1 <strong>Tipp:<\/strong> Ezt a zord sz\u00e1ll\u00e1st <strong>nagyobb gyerekek is sim\u00e1n b\u00edrj\u00e1k<\/strong>, akiknek az esti fahasogat\u00e1s, a t\u0171zgy\u00fajt\u00e1s \u00e9s a h\u00e9tk\u00f6znapi gyertyaf\u00e9ny hatalmas kalandot jelent. <em><a href=\"https:\/\/www.stay22.com\/allez\/roam?aid=lukaskonecny&amp;campaign=loudavymkrokemcz&amp;campaign=netradicni-ubytovani-na-svete&amp;hotelname=Kolarbyn%20Eco%20Lodge&amp;address=Skinnskatteberg%2C%20%C5%A0v%C3%A9dsko\" target=\"_blank\" rel=\"nofollow noopener sponsored\">\u00e1rak \u00e9s el\u00e9rhet\u0151s\u00e9g ellen\u0151rz\u00e9se<\/a><\/em><\/p>\n\n\n\n<figure data-wp-context=\"{&quot;imageId&quot;:&quot;6a9530c47ad26&quot;}\" data-wp-interactive=\"core\/image\" data-wp-key=\"6a9530c47ad26\" class=\"wp-block-image size-full wp-lightbox-container\"><img decoding=\"async\" width=\"1800\" height=\"1037\" data-wp-class--hide=\"state.isContentHidden\" data-wp-class--show=\"state.isContentVisible\" data-wp-init=\"callbacks.setButtonStyles\" data-wp-on--click=\"actions.showLightbox\" data-wp-on--load=\"callbacks.setButtonStyles\" data-wp-on--pointerdown=\"actions.preloadImage\" data-wp-on--pointerenter=\"actions.preloadImageWithDelay\" data-wp-on--pointerleave=\"actions.cancelPreload\" data-wp-on-window--resize=\"callbacks.setButtonStyles\" data-id=\"404764\" src=\"https:\/\/loudavymkrokem.cz\/wp-content\/uploads\/2026\/08\/faralda-crane-hotel-1.jpg\" alt=\"Apartman a Faralda Crane Hotel daruj\u00e1ban\" class=\"wp-image-404764\" title=\"\" srcset=\"https:\/\/loudavymkrokem.cz\/wp-content\/uploads\/2026\/08\/faralda-crane-hotel-1.jpg 1800w, https:\/\/loudavymkrokem.cz\/wp-content\/uploads\/2026\/08\/faralda-crane-hotel-1-300x173.jpg 300w, https:\/\/loudavymkrokem.cz\/wp-content\/uploads\/2026\/08\/faralda-crane-hotel-1-700x403.jpg 700w, https:\/\/loudavymkrokem.cz\/wp-content\/uploads\/2026\/08\/faralda-crane-hotel-1-768x442.jpg 768w, https:\/\/loudavymkrokem.cz\/wp-content\/uploads\/2026\/08\/faralda-crane-hotel-1-1536x885.jpg 1536w, https:\/\/loudavymkrokem.cz\/wp-content\/uploads\/2026\/08\/faralda-crane-hotel-1-696x401.jpg 696w, https:\/\/loudavymkrokem.cz\/wp-content\/uploads\/2026\/08\/faralda-crane-hotel-1-1392x802.jpg 1392w\" sizes=\"(max-width: 1800px) 100vw, 1800px\" \/><button\n\t\t\tclass=\"lightbox-trigger\"\n\t\t\ttype=\"button\"\n\t\t\taria-haspopup=\"dialog\"\n\t\t\tdata-wp-bind--aria-label=\"state.thisImage.triggerButtonAriaLabel\"\n\t\t\tdata-wp-init=\"callbacks.initTriggerButton\"\n\t\t\tdata-wp-on--click=\"actions.showLightbox\"\n\t\t\tdata-wp-style--right=\"state.thisImage.buttonRight\"\n\t\t\tdata-wp-style--top=\"state.thisImage.buttonTop\"\n\t\t>\n\t\t\t<svg xmlns=\"http:\/\/www.w3.org\/2000\/svg\" width=\"12\" height=\"12\" fill=\"none\" viewBox=\"0 0 12 12\">\n\t\t\t\t<path fill=\"#fff\" d=\"M2 0a2 2 0 0 0-2 2v2h1.5V2a.5.5 0 0 1 .5-.5h2V0H2Zm2 10.5H2a.5.5 0 0 1-.5-.5V8H0v2a2 2 0 0 0 2 2h2v-1.5ZM8 12v-1.5h2a.5.5 0 0 0 .5-.5V8H12v2a2 2 0 0 1-2 2H8Zm2-12a2 2 0 0 1 2 2v2h-1.5V2a.5.5 0 0 0-.5-.5H8V0h2Z\" \/>\n\t\t\t<\/svg>\n\t\t<\/button><figcaption class=\"wp-element-caption\">Fot\u00f3: Faralda Crane Hotel \/ hivatalos weboldal<\/figcaption><\/figure>\n\n\n\n<h3 class=\"wp-block-heading\"><span class=\"ez-toc-section\" id=\"26_Faralda_Crane_Hotel_Amszterdam_Hollandia\"><\/span>26. Faralda Crane Hotel, Amszterdam, Hollandia<span class=\"ez-toc-section-end\"><\/span><\/h3>\n\n\n\n<p class=\"wp-block-paragraph\">Ezt az \u0151r\u00fclt v\u00e1rosi projektet, 4,3-as \u00e9rt\u00e9kel\u00e9ssel, mind\u00f6ssze <strong>h\u00e1rom diz\u00e1jnos \u00e9s luxus apartman alkotja, amelyeket egy val\u00f3di \u00f3ri\u00e1si kik\u00f6t\u0151i daruba \u00e9p\u00edtettek be<\/strong>. Amszterdam kreat\u00edv \u00e9s nagyon ipari NDSM negyed\u00e9ben tal\u00e1lod, egyenesen a r\u00e9gi haj\u00f3gy\u00e1rak k\u00f6zep\u00e9n, ahol minden a t\u00f6rt\u00e9nelmet leheli.<\/p>\n\n\n\n<p class=\"wp-block-paragraph\">Ez tal\u00e1n a legislegkisebb hotel az eg\u00e9sz terjedelmes cikk\u00fcnkben. Ennek a magas darunak a <strong>legtetej\u00e9n<\/strong> r\u00e1ad\u00e1sul egy <strong>exkluz\u00edv k\u00fclt\u00e9ri pezsg\u0151f\u00fcrd\u0151<\/strong> tal\u00e1lhat\u00f3, fantasztikus \u00e9s semmivel sem zavart kil\u00e1t\u00e1ssal az eg\u00e9sz v\u00e1rosra. Az \u00e9p\u00edt\u00e9szek hihetetlen munk\u00e1t v\u00e9geztek itt egy darab r\u00e9gi vas pr\u00e9miumhotell\u00e9 alak\u00edt\u00e1s\u00e1n\u00e1l.<\/p>\n\n\n\n<p class=\"wp-block-paragraph\">\ud83d\udca1 <strong>Tipp:<\/strong> A gyors el\u00e9rhet\u0151s\u00e9g szempontj\u00e1b\u00f3l a mi t\u00e1jainkr\u00f3l ez tal\u00e1n a <strong>legjobb bizarrs\u00e1g-t\u00e1vols\u00e1g ar\u00e1ny Budapestr\u0151l<\/strong>, mert Amszterdamban rep\u00fcl\u0151vel egy pillanat alatt ott vagy, \u00e9s nem kell egy h\u00e9t szabads\u00e1g hozz\u00e1. <em><a href=\"https:\/\/www.stay22.com\/allez\/roam?aid=lukaskonecny&amp;campaign=loudavymkrokemcz&amp;campaign=netradicni-ubytovani-na-svete&amp;hotelname=Faralda%20Crane%20Hotel&amp;address=Amsterdam%2C%20Nizozemsko\" target=\"_blank\" rel=\"nofollow noopener sponsored\">\u00e1rak \u00e9s el\u00e9rhet\u0151s\u00e9g ellen\u0151rz\u00e9se<\/a><\/em><\/p>\n\n\n\n<figure data-wp-context=\"{&quot;imageId&quot;:&quot;6a9530c47b178&quot;}\" data-wp-interactive=\"core\/image\" data-wp-key=\"6a9530c47b178\" class=\"wp-block-image size-full wp-lightbox-container\"><img decoding=\"async\" width=\"1365\" height=\"768\" data-wp-class--hide=\"state.isContentHidden\" data-wp-class--show=\"state.isContentVisible\" data-wp-init=\"callbacks.setButtonStyles\" data-wp-on--click=\"actions.showLightbox\" data-wp-on--load=\"callbacks.setButtonStyles\" data-wp-on--pointerdown=\"actions.preloadImage\" data-wp-on--pointerenter=\"actions.preloadImageWithDelay\" data-wp-on--pointerleave=\"actions.cancelPreload\" data-wp-on-window--resize=\"callbacks.setButtonStyles\" data-id=\"404761\" src=\"https:\/\/loudavymkrokem.cz\/wp-content\/uploads\/2026\/08\/hotel-costa-verde-1.jpg\" alt=\"A Hotel Costa Verde terasza a Costa Rica-i es\u0151erd\u0151 felett\" class=\"wp-image-404761\" title=\"\" srcset=\"https:\/\/loudavymkrokem.cz\/wp-content\/uploads\/2026\/08\/hotel-costa-verde-1.jpg 1365w, https:\/\/loudavymkrokem.cz\/wp-content\/uploads\/2026\/08\/hotel-costa-verde-1-300x169.jpg 300w, https:\/\/loudavymkrokem.cz\/wp-content\/uploads\/2026\/08\/hotel-costa-verde-1-700x394.jpg 700w, https:\/\/loudavymkrokem.cz\/wp-content\/uploads\/2026\/08\/hotel-costa-verde-1-768x432.jpg 768w, https:\/\/loudavymkrokem.cz\/wp-content\/uploads\/2026\/08\/hotel-costa-verde-1-696x392.jpg 696w\" sizes=\"(max-width: 1365px) 100vw, 1365px\" \/><button\n\t\t\tclass=\"lightbox-trigger\"\n\t\t\ttype=\"button\"\n\t\t\taria-haspopup=\"dialog\"\n\t\t\tdata-wp-bind--aria-label=\"state.thisImage.triggerButtonAriaLabel\"\n\t\t\tdata-wp-init=\"callbacks.initTriggerButton\"\n\t\t\tdata-wp-on--click=\"actions.showLightbox\"\n\t\t\tdata-wp-style--right=\"state.thisImage.buttonRight\"\n\t\t\tdata-wp-style--top=\"state.thisImage.buttonTop\"\n\t\t>\n\t\t\t<svg xmlns=\"http:\/\/www.w3.org\/2000\/svg\" width=\"12\" height=\"12\" fill=\"none\" viewBox=\"0 0 12 12\">\n\t\t\t\t<path fill=\"#fff\" d=\"M2 0a2 2 0 0 0-2 2v2h1.5V2a.5.5 0 0 1 .5-.5h2V0H2Zm2 10.5H2a.5.5 0 0 1-.5-.5V8H0v2a2 2 0 0 0 2 2h2v-1.5ZM8 12v-1.5h2a.5.5 0 0 0 .5-.5V8H12v2a2 2 0 0 1-2 2H8Zm2-12a2 2 0 0 1 2 2v2h-1.5V2a.5.5 0 0 0-.5-.5H8V0h2Z\" \/>\n\t\t\t<\/svg>\n\t\t<\/button><figcaption class=\"wp-element-caption\">Fot\u00f3: Hotel Costa Verde \/ hivatalos weboldal<\/figcaption><\/figure>\n\n\n\n<h3 class=\"wp-block-heading\"><span class=\"ez-toc-section\" id=\"27_Hotel_Costa_Verde_Manuel_Antonio_Costa_Rica\"><\/span>27. Hotel Costa Verde, Manuel Antonio, Costa Rica<span class=\"ez-toc-section-end\"><\/span><\/h3>\n\n\n\n<p class=\"wp-block-paragraph\">A h\u00edres Costa Rica-i hotel, 4,6-os \u00e9rt\u00e9kel\u00e9ssel, egyedi <strong>apartmanj\u00e1r\u00f3l v\u00e1lt h\u00edress\u00e9, amelyet egyenesen egy kivont Boeing 727-es t\u00f6rzs\u00e9be \u00e9p\u00edtettek<\/strong>, \u00e9s amely magas oszlopokon \u00e1ll szil\u00e1rdan a buja es\u0151erd\u0151 felett. Ez a konkr\u00e9t megmentett rep\u00fcl\u0151g\u00e9p kor\u00e1bban hossz\u00fa \u00e9vekig rep\u00fclt a South Africa Airways \u00e9s az Avianca sz\u00e1m\u00e1ra, miel\u0151tt \u00faj otthonra lelt a dzsungelben.<\/p>\n\n\n\n<figure data-wp-context=\"{&quot;galleryId&quot;:&quot;6a9530c47b2e6&quot;}\" data-wp-interactive=\"core\/gallery\" class=\"wp-block-gallery has-nested-images columns-2 is-cropped wp-block-gallery-is-layout-flex wp-block-gallery-16 is-layout-flex\">\n<figure data-wp-context=\"{&quot;imageId&quot;:&quot;6a9530c47b589&quot;}\" data-wp-interactive=\"core\/image\" data-wp-key=\"6a9530c47b589\" class=\"wp-block-image size-large wp-lightbox-container\"><img decoding=\"async\" width=\"1365\" height=\"768\" data-wp-class--hide=\"state.isContentHidden\" data-wp-class--show=\"state.isContentVisible\" data-wp-init=\"callbacks.setButtonStyles\" data-wp-on--click=\"actions.showLightbox\" data-wp-on--load=\"callbacks.setButtonStyles\" data-wp-on--pointerdown=\"actions.preloadImage\" data-wp-on--pointerenter=\"actions.preloadImageWithDelay\" data-wp-on--pointerleave=\"actions.cancelPreload\" data-wp-on-window--resize=\"callbacks.setButtonStyles\" data-id=\"404762\" src=\"https:\/\/loudavymkrokem.cz\/wp-content\/uploads\/2026\/08\/hotel-costa-verde-2.jpg\" alt=\"A Hotel Costa Verde apartmanj\u00e1nak belseje\" class=\"wp-image-404762\" title=\"\" srcset=\"https:\/\/loudavymkrokem.cz\/wp-content\/uploads\/2026\/08\/hotel-costa-verde-2.jpg 1365w, https:\/\/loudavymkrokem.cz\/wp-content\/uploads\/2026\/08\/hotel-costa-verde-2-300x169.jpg 300w, https:\/\/loudavymkrokem.cz\/wp-content\/uploads\/2026\/08\/hotel-costa-verde-2-700x394.jpg 700w, https:\/\/loudavymkrokem.cz\/wp-content\/uploads\/2026\/08\/hotel-costa-verde-2-768x432.jpg 768w, https:\/\/loudavymkrokem.cz\/wp-content\/uploads\/2026\/08\/hotel-costa-verde-2-696x392.jpg 696w\" sizes=\"(max-width: 1365px) 100vw, 1365px\" \/><button\n\t\t\tclass=\"lightbox-trigger\"\n\t\t\ttype=\"button\"\n\t\t\taria-haspopup=\"dialog\"\n\t\t\tdata-wp-bind--aria-label=\"state.thisImage.triggerButtonAriaLabel\"\n\t\t\tdata-wp-init=\"callbacks.initTriggerButton\"\n\t\t\tdata-wp-on--click=\"actions.showLightbox\"\n\t\t\tdata-wp-style--right=\"state.thisImage.buttonRight\"\n\t\t\tdata-wp-style--top=\"state.thisImage.buttonTop\"\n\t\t>\n\t\t\t<svg xmlns=\"http:\/\/www.w3.org\/2000\/svg\" width=\"12\" height=\"12\" fill=\"none\" viewBox=\"0 0 12 12\">\n\t\t\t\t<path fill=\"#fff\" d=\"M2 0a2 2 0 0 0-2 2v2h1.5V2a.5.5 0 0 1 .5-.5h2V0H2Zm2 10.5H2a.5.5 0 0 1-.5-.5V8H0v2a2 2 0 0 0 2 2h2v-1.5ZM8 12v-1.5h2a.5.5 0 0 0 .5-.5V8H12v2a2 2 0 0 1-2 2H8Zm2-12a2 2 0 0 1 2 2v2h-1.5V2a.5.5 0 0 0-.5-.5H8V0h2Z\" \/>\n\t\t\t<\/svg>\n\t\t<\/button><figcaption class=\"wp-element-caption\">Fot\u00f3: Hotel Costa Verde \/ hivatalos weboldal<\/figcaption><\/figure>\n\n\n\n<figure data-wp-context=\"{&quot;imageId&quot;:&quot;6a9530c47b88e&quot;}\" data-wp-interactive=\"core\/image\" data-wp-key=\"6a9530c47b88e\" class=\"wp-block-image size-large wp-lightbox-container\"><img decoding=\"async\" width=\"1600\" height=\"740\" data-wp-class--hide=\"state.isContentHidden\" data-wp-class--show=\"state.isContentVisible\" data-wp-init=\"callbacks.setButtonStyles\" data-wp-on--click=\"actions.showLightbox\" data-wp-on--load=\"callbacks.setButtonStyles\" data-wp-on--pointerdown=\"actions.preloadImage\" data-wp-on--pointerenter=\"actions.preloadImageWithDelay\" data-wp-on--pointerleave=\"actions.cancelPreload\" data-wp-on-window--resize=\"callbacks.setButtonStyles\" data-id=\"404763\" src=\"https:\/\/loudavymkrokem.cz\/wp-content\/uploads\/2026\/08\/hotel-costa-verde-3.jpg\" alt=\"Naplemente Manuel Antonio felett\" class=\"wp-image-404763\" title=\"\" srcset=\"https:\/\/loudavymkrokem.cz\/wp-content\/uploads\/2026\/08\/hotel-costa-verde-3.jpg 1600w, https:\/\/loudavymkrokem.cz\/wp-content\/uploads\/2026\/08\/hotel-costa-verde-3-300x139.jpg 300w, https:\/\/loudavymkrokem.cz\/wp-content\/uploads\/2026\/08\/hotel-costa-verde-3-700x324.jpg 700w, https:\/\/loudavymkrokem.cz\/wp-content\/uploads\/2026\/08\/hotel-costa-verde-3-768x355.jpg 768w, https:\/\/loudavymkrokem.cz\/wp-content\/uploads\/2026\/08\/hotel-costa-verde-3-1536x710.jpg 1536w, https:\/\/loudavymkrokem.cz\/wp-content\/uploads\/2026\/08\/hotel-costa-verde-3-696x322.jpg 696w, https:\/\/loudavymkrokem.cz\/wp-content\/uploads\/2026\/08\/hotel-costa-verde-3-1392x644.jpg 1392w\" sizes=\"(max-width: 1600px) 100vw, 1600px\" \/><button\n\t\t\tclass=\"lightbox-trigger\"\n\t\t\ttype=\"button\"\n\t\t\taria-haspopup=\"dialog\"\n\t\t\tdata-wp-bind--aria-label=\"state.thisImage.triggerButtonAriaLabel\"\n\t\t\tdata-wp-init=\"callbacks.initTriggerButton\"\n\t\t\tdata-wp-on--click=\"actions.showLightbox\"\n\t\t\tdata-wp-style--right=\"state.thisImage.buttonRight\"\n\t\t\tdata-wp-style--top=\"state.thisImage.buttonTop\"\n\t\t>\n\t\t\t<svg xmlns=\"http:\/\/www.w3.org\/2000\/svg\" width=\"12\" height=\"12\" fill=\"none\" viewBox=\"0 0 12 12\">\n\t\t\t\t<path fill=\"#fff\" d=\"M2 0a2 2 0 0 0-2 2v2h1.5V2a.5.5 0 0 1 .5-.5h2V0H2Zm2 10.5H2a.5.5 0 0 1-.5-.5V8H0v2a2 2 0 0 0 2 2h2v-1.5ZM8 12v-1.5h2a.5.5 0 0 0 .5-.5V8H12v2a2 2 0 0 1-2 2H8Zm2-12a2 2 0 0 1 2 2v2h-1.5V2a.5.5 0 0 0-.5-.5H8V0h2Z\" \/>\n\t\t\t<\/svg>\n\t\t<\/button><figcaption class=\"wp-element-caption\">Fot\u00f3: Hotel Costa Verde \/ hivatalos weboldal<\/figcaption><\/figure>\n<\/figure>\n\n\n\n<p class=\"wp-block-paragraph\">Ma k\u00e9t nagyon k\u00e9nyelmes h\u00e1l\u00f3szob\u00e1t \u00e9s egy t\u00e1gas fateraszt tal\u00e1lsz benne, amelyet hihetetlen m\u00f3don egyenesen a sz\u00e1rnyra \u00e9p\u00edtettek, \u00e9s amely k\u00f6r\u00fcl rendszeresen vadmajmok \u00e9s k\u00edv\u00e1ncsi legu\u00e1nok j\u00e1rk\u00e1lnak. B\u00e1r az \u00e9rt\u00e9kel\u00e9sek hatalmasan dics\u00e9rik a kil\u00e1t\u00e1st \u00e9s a t\u00f6k\u00e9letes, kedves kiszolg\u00e1l\u00e1st, <strong>egyes vend\u00e9gek figyelmeztetnek a l\u00e1that\u00f3an kopottabb bels\u0151 terekre<\/strong>, amelyeken m\u00e1r megl\u00e1tszik az id\u0151 vasfoga \u00e9s a nedves \u00e9ghajlat.<\/p>\n\n\n\n<p class=\"wp-block-paragraph\">\ud83d\udca1 <strong>Tipp:<\/strong> Fogadd el egyszer\u0171en a t\u00e9nyt, hogy <strong>egy hatalmas \u00e9s szokatlan rep\u00fcl\u0151g\u00e9pes \u00e9lm\u00e9ny\u00e9rt fizetsz, nem egy vadonat\u00faj luxus \u00faj \u00e9p\u00edt\u00e9s\u0171 ingatlan\u00e9rt<\/strong> a legmodernebb, hib\u00e1tlan felszerelts\u00e9ggel. <em><a href=\"https:\/\/www.stay22.com\/allez\/roam?aid=lukaskonecny&amp;campaign=loudavymkrokemcz&amp;campaign=netradicni-ubytovani-na-svete&amp;hotelname=Hotel%20Costa%20Verde&amp;address=Manuel%20Antonio%2C%20Kostarika\" target=\"_blank\" rel=\"nofollow noopener sponsored\">\u00e1rak \u00e9s el\u00e9rhet\u0151s\u00e9g ellen\u0151rz\u00e9se<\/a><\/em><\/p>\n\n\n\n<figure data-wp-context=\"{&quot;imageId&quot;:&quot;6a9530c47bdea&quot;}\" data-wp-interactive=\"core\/image\" data-wp-key=\"6a9530c47bdea\" class=\"wp-block-image size-full wp-lightbox-container\"><img decoding=\"async\" width=\"1600\" height=\"900\" data-wp-class--hide=\"state.isContentHidden\" data-wp-class--show=\"state.isContentVisible\" data-wp-init=\"callbacks.setButtonStyles\" data-wp-on--click=\"actions.showLightbox\" data-wp-on--load=\"callbacks.setButtonStyles\" data-wp-on--pointerdown=\"actions.preloadImage\" data-wp-on--pointerenter=\"actions.preloadImageWithDelay\" data-wp-on--pointerleave=\"actions.cancelPreload\" data-wp-on-window--resize=\"callbacks.setButtonStyles\" data-id=\"404758\" src=\"https:\/\/loudavymkrokem.cz\/wp-content\/uploads\/2026\/08\/hotel-palacio-de-sal-1.jpg\" alt=\"A Palacio de Sal hotel s\u00f3terme az Uyuni-s\u00edks\u00e1g mellett\" class=\"wp-image-404758\" title=\"\" srcset=\"https:\/\/loudavymkrokem.cz\/wp-content\/uploads\/2026\/08\/hotel-palacio-de-sal-1.jpg 1600w, https:\/\/loudavymkrokem.cz\/wp-content\/uploads\/2026\/08\/hotel-palacio-de-sal-1-300x169.jpg 300w, https:\/\/loudavymkrokem.cz\/wp-content\/uploads\/2026\/08\/hotel-palacio-de-sal-1-700x394.jpg 700w, https:\/\/loudavymkrokem.cz\/wp-content\/uploads\/2026\/08\/hotel-palacio-de-sal-1-768x432.jpg 768w, https:\/\/loudavymkrokem.cz\/wp-content\/uploads\/2026\/08\/hotel-palacio-de-sal-1-1536x864.jpg 1536w, https:\/\/loudavymkrokem.cz\/wp-content\/uploads\/2026\/08\/hotel-palacio-de-sal-1-696x392.jpg 696w, https:\/\/loudavymkrokem.cz\/wp-content\/uploads\/2026\/08\/hotel-palacio-de-sal-1-1392x783.jpg 1392w\" sizes=\"(max-width: 1600px) 100vw, 1600px\" \/><button\n\t\t\tclass=\"lightbox-trigger\"\n\t\t\ttype=\"button\"\n\t\t\taria-haspopup=\"dialog\"\n\t\t\tdata-wp-bind--aria-label=\"state.thisImage.triggerButtonAriaLabel\"\n\t\t\tdata-wp-init=\"callbacks.initTriggerButton\"\n\t\t\tdata-wp-on--click=\"actions.showLightbox\"\n\t\t\tdata-wp-style--right=\"state.thisImage.buttonRight\"\n\t\t\tdata-wp-style--top=\"state.thisImage.buttonTop\"\n\t\t>\n\t\t\t<svg xmlns=\"http:\/\/www.w3.org\/2000\/svg\" width=\"12\" height=\"12\" fill=\"none\" viewBox=\"0 0 12 12\">\n\t\t\t\t<path fill=\"#fff\" d=\"M2 0a2 2 0 0 0-2 2v2h1.5V2a.5.5 0 0 1 .5-.5h2V0H2Zm2 10.5H2a.5.5 0 0 1-.5-.5V8H0v2a2 2 0 0 0 2 2h2v-1.5ZM8 12v-1.5h2a.5.5 0 0 0 .5-.5V8H12v2a2 2 0 0 1-2 2H8Zm2-12a2 2 0 0 1 2 2v2h-1.5V2a.5.5 0 0 0-.5-.5H8V0h2Z\" \/>\n\t\t\t<\/svg>\n\t\t<\/button><figcaption class=\"wp-element-caption\">Fot\u00f3: Hotel Palacio de Sal \/ hivatalos weboldal<\/figcaption><\/figure>\n\n\n\n<h3 class=\"wp-block-heading\"><span class=\"ez-toc-section\" id=\"28_Hotel_Palacio_de_Sal_Uyuni_Bolivia\"><\/span>28. Hotel Palacio de Sal, Uyuni, Bol\u00edvia<span class=\"ez-toc-section-end\"><\/span><\/h3>\n\n\n\n<p class=\"wp-block-paragraph\">Ez a bol\u00edviai unikum, 4,5-\u00f6s \u00e9rt\u00e9kel\u00e9ssel, egy leny\u0171g\u00f6z\u0151 <strong>\u00e9p\u00fclet, amelyet teljesen s\u00f3t\u00e9gl\u00e1kb\u00f3l \u00e9p\u00edtettek<\/strong> a vil\u00e1g legnagyobb s\u00f3s\u00edks\u00e1g\u00e1nak sz\u00e9l\u00e9n. S\u00f3b\u00f3l vannak itt a falak, a padl\u00f3, a b\u00fatorok nagy r\u00e9sze \u00e9s a hall gy\u00f6ny\u00f6r\u0171 dekorat\u00edv szobrai. B\u00e1r eg\u00e9szen viccesen hangzik, a falak nyalogat\u00e1s\u00e1nak szigor\u00fa tilalm\u00e1t itt teljesen komolyan gondolj\u00e1k, mert a s\u00f3 egyszer\u0171en gyorsan felold\u00f3dik, \u00e9s az \u00e9p\u00fclet sok\u00e1ig nem b\u00edrn\u00e1 ki.<\/p>\n\n\n\n<figure data-wp-context=\"{&quot;galleryId&quot;:&quot;6a9530c47c029&quot;}\" data-wp-interactive=\"core\/gallery\" class=\"wp-block-gallery has-nested-images columns-2 is-cropped wp-block-gallery-is-layout-flex wp-block-gallery-17 is-layout-flex\">\n<figure data-wp-context=\"{&quot;imageId&quot;:&quot;6a9530c47c3bc&quot;}\" data-wp-interactive=\"core\/image\" data-wp-key=\"6a9530c47c3bc\" class=\"wp-block-image size-large wp-lightbox-container\"><img decoding=\"async\" width=\"1800\" height=\"1012\" data-wp-class--hide=\"state.isContentHidden\" data-wp-class--show=\"state.isContentVisible\" data-wp-init=\"callbacks.setButtonStyles\" data-wp-on--click=\"actions.showLightbox\" data-wp-on--load=\"callbacks.setButtonStyles\" data-wp-on--pointerdown=\"actions.preloadImage\" data-wp-on--pointerenter=\"actions.preloadImageWithDelay\" data-wp-on--pointerleave=\"actions.cancelPreload\" data-wp-on-window--resize=\"callbacks.setButtonStyles\" data-id=\"404759\" src=\"https:\/\/loudavymkrokem.cz\/wp-content\/uploads\/2026\/08\/hotel-palacio-de-sal-2.jpg\" alt=\"S\u00f3t\u00e9gl\u00e1kb\u00f3l \u00e9p\u00fclt szoba a Palacio de Salban\" class=\"wp-image-404759\" title=\"\" srcset=\"https:\/\/loudavymkrokem.cz\/wp-content\/uploads\/2026\/08\/hotel-palacio-de-sal-2.jpg 1800w, https:\/\/loudavymkrokem.cz\/wp-content\/uploads\/2026\/08\/hotel-palacio-de-sal-2-300x169.jpg 300w, https:\/\/loudavymkrokem.cz\/wp-content\/uploads\/2026\/08\/hotel-palacio-de-sal-2-700x394.jpg 700w, https:\/\/loudavymkrokem.cz\/wp-content\/uploads\/2026\/08\/hotel-palacio-de-sal-2-768x432.jpg 768w, https:\/\/loudavymkrokem.cz\/wp-content\/uploads\/2026\/08\/hotel-palacio-de-sal-2-1536x864.jpg 1536w, https:\/\/loudavymkrokem.cz\/wp-content\/uploads\/2026\/08\/hotel-palacio-de-sal-2-696x391.jpg 696w, https:\/\/loudavymkrokem.cz\/wp-content\/uploads\/2026\/08\/hotel-palacio-de-sal-2-1392x783.jpg 1392w\" sizes=\"(max-width: 1800px) 100vw, 1800px\" \/><button\n\t\t\tclass=\"lightbox-trigger\"\n\t\t\ttype=\"button\"\n\t\t\taria-haspopup=\"dialog\"\n\t\t\tdata-wp-bind--aria-label=\"state.thisImage.triggerButtonAriaLabel\"\n\t\t\tdata-wp-init=\"callbacks.initTriggerButton\"\n\t\t\tdata-wp-on--click=\"actions.showLightbox\"\n\t\t\tdata-wp-style--right=\"state.thisImage.buttonRight\"\n\t\t\tdata-wp-style--top=\"state.thisImage.buttonTop\"\n\t\t>\n\t\t\t<svg xmlns=\"http:\/\/www.w3.org\/2000\/svg\" width=\"12\" height=\"12\" fill=\"none\" viewBox=\"0 0 12 12\">\n\t\t\t\t<path fill=\"#fff\" d=\"M2 0a2 2 0 0 0-2 2v2h1.5V2a.5.5 0 0 1 .5-.5h2V0H2Zm2 10.5H2a.5.5 0 0 1-.5-.5V8H0v2a2 2 0 0 0 2 2h2v-1.5ZM8 12v-1.5h2a.5.5 0 0 0 .5-.5V8H12v2a2 2 0 0 1-2 2H8Zm2-12a2 2 0 0 1 2 2v2h-1.5V2a.5.5 0 0 0-.5-.5H8V0h2Z\" \/>\n\t\t\t<\/svg>\n\t\t<\/button><figcaption class=\"wp-element-caption\">Fot\u00f3: Hotel Palacio de Sal \/ hivatalos weboldal<\/figcaption><\/figure>\n\n\n\n<figure data-wp-context=\"{&quot;imageId&quot;:&quot;6a9530c47c806&quot;}\" data-wp-interactive=\"core\/image\" data-wp-key=\"6a9530c47c806\" class=\"wp-block-image size-large wp-lightbox-container\"><img decoding=\"async\" width=\"1800\" height=\"1013\" data-wp-class--hide=\"state.isContentHidden\" data-wp-class--show=\"state.isContentVisible\" data-wp-init=\"callbacks.setButtonStyles\" data-wp-on--click=\"actions.showLightbox\" data-wp-on--load=\"callbacks.setButtonStyles\" data-wp-on--pointerdown=\"actions.preloadImage\" data-wp-on--pointerenter=\"actions.preloadImageWithDelay\" data-wp-on--pointerleave=\"actions.cancelPreload\" data-wp-on-window--resize=\"callbacks.setButtonStyles\" data-id=\"404760\" src=\"https:\/\/loudavymkrokem.cz\/wp-content\/uploads\/2026\/08\/hotel-palacio-de-sal-3.jpg\" alt=\"Az Uyuni-s\u00f3s\u00edks\u00e1g k\u00f6rny\u00e9ke\" class=\"wp-image-404760\" title=\"\" srcset=\"https:\/\/loudavymkrokem.cz\/wp-content\/uploads\/2026\/08\/hotel-palacio-de-sal-3.jpg 1800w, https:\/\/loudavymkrokem.cz\/wp-content\/uploads\/2026\/08\/hotel-palacio-de-sal-3-300x169.jpg 300w, https:\/\/loudavymkrokem.cz\/wp-content\/uploads\/2026\/08\/hotel-palacio-de-sal-3-700x394.jpg 700w, https:\/\/loudavymkrokem.cz\/wp-content\/uploads\/2026\/08\/hotel-palacio-de-sal-3-768x432.jpg 768w, https:\/\/loudavymkrokem.cz\/wp-content\/uploads\/2026\/08\/hotel-palacio-de-sal-3-1536x864.jpg 1536w, https:\/\/loudavymkrokem.cz\/wp-content\/uploads\/2026\/08\/hotel-palacio-de-sal-3-696x392.jpg 696w, https:\/\/loudavymkrokem.cz\/wp-content\/uploads\/2026\/08\/hotel-palacio-de-sal-3-1392x783.jpg 1392w\" sizes=\"(max-width: 1800px) 100vw, 1800px\" \/><button\n\t\t\tclass=\"lightbox-trigger\"\n\t\t\ttype=\"button\"\n\t\t\taria-haspopup=\"dialog\"\n\t\t\tdata-wp-bind--aria-label=\"state.thisImage.triggerButtonAriaLabel\"\n\t\t\tdata-wp-init=\"callbacks.initTriggerButton\"\n\t\t\tdata-wp-on--click=\"actions.showLightbox\"\n\t\t\tdata-wp-style--right=\"state.thisImage.buttonRight\"\n\t\t\tdata-wp-style--top=\"state.thisImage.buttonTop\"\n\t\t>\n\t\t\t<svg xmlns=\"http:\/\/www.w3.org\/2000\/svg\" width=\"12\" height=\"12\" fill=\"none\" viewBox=\"0 0 12 12\">\n\t\t\t\t<path fill=\"#fff\" d=\"M2 0a2 2 0 0 0-2 2v2h1.5V2a.5.5 0 0 1 .5-.5h2V0H2Zm2 10.5H2a.5.5 0 0 1-.5-.5V8H0v2a2 2 0 0 0 2 2h2v-1.5ZM8 12v-1.5h2a.5.5 0 0 0 .5-.5V8H12v2a2 2 0 0 1-2 2H8Zm2-12a2 2 0 0 1 2 2v2h-1.5V2a.5.5 0 0 0-.5-.5H8V0h2Z\" \/>\n\t\t\t<\/svg>\n\t\t<\/button><figcaption class=\"wp-element-caption\">Fot\u00f3: Hotel Palacio de Sal \/ hivatalos weboldal<\/figcaption><\/figure>\n<\/figure>\n\n\n\n<p class=\"wp-block-paragraph\">Ha valaha idej\u00f6ssz, nagyon figyelj egy kellemetlen r\u00e9szletre. Az \u00e9rt\u00e9kel\u00e9sekben ugyanis folyamatosan \u00e9s \u00fajra meg \u00fajra <strong>ism\u00e9tl\u0151dnek a panaszok arr\u00f3l, hogy a helysz\u00ednen kiutalt szobakateg\u00f3ria gyakran egy\u00e1ltal\u00e1n nem felelt meg annak, amit az emberek t\u00e9nylegesen lefoglaltak<\/strong> \u00e9s kifizettek. A szervez\u00e9si k\u00e1osz itt sajnos eg\u00e9szen megszokott.<\/p>\n\n\n\n<p class=\"wp-block-paragraph\">\ud83d\udca1 <strong>Tipp:<\/strong> A teljes biztons\u00e1g kedv\u00e9\u00e9rt mindig <strong>nyomtasd ki a foglal\u00e1s visszaigazol\u00e1s\u00e1t a szobat\u00edpus egy\u00e9rtelm\u0171 felt\u00fcntet\u00e9s\u00e9vel<\/strong>, \u00e9s ne f\u00e9lj sz\u00f3lni a recepci\u00f3n, ha egy olcs\u00f3bb v\u00e1ltozatban pr\u00f3b\u00e1lnak elsz\u00e1ll\u00e1solni.<\/p>\n\n\n\n<h2 class=\"wp-block-heading\"><span class=\"ez-toc-section\" id=\"8_Glamping_%E2%80%94_bakancslista_amit_egy_hetvege_alatt_teljesithetsz\"><\/span>8) Glamping \u2014 bakancslista, amit egy h\u00e9tv\u00e9ge alatt teljes\u00edthetsz<span class=\"ez-toc-section-end\"><\/span><\/h2>\n\n\n\n<p class=\"wp-block-paragraph\"><em>\ud83d\udca1 A glamping az egyetlen kateg\u00f3ria ebb\u0151l a list\u00e1b\u00f3l, amelyet a j\u00f6v\u0151 h\u00e9tv\u00e9g\u00e9re is lefoglalhatsz. Ha a cseh tippjeink elfogyn\u00e1nak, <a href=\"https:\/\/www.stay22.com\/allez\/roam?aid=lukaskonecny&amp;campaign=loudavymkrokemcz&amp;campaign=netradicni-ubytovani-na-svete&amp;address=Bled%2C%20Slovinsko\" target=\"_blank\" rel=\"nofollow noopener sponsored\">hasonl\u00edtsd \u00f6ssze a bledi sz\u00e1ll\u00e1sk\u00edn\u00e1latot<\/a> \u2014 Szlov\u00e9nia a legk\u00f6zelebbi orsz\u00e1g, ahol a glampingnek igazi hagyom\u00e1nya van.<\/em><\/p>\n\n\n\n<p class=\"wp-block-paragraph\">El\u00e9rkezt\u00fcnk a legislegfontosabbhoz. A <strong>glamping egyszer\u0171en a luxuskempingez\u00e9st jelenti<\/strong>, ahol egy hatalmas \u00e9s puha \u00e1gy, \u00e1ram, saj\u00e1t meleg f\u00fcrd\u0151szoba, \u00e9s el\u00e9g gyakran m\u00e9g priv\u00e1t szauna vagy meleg f\u00fcrd\u0151d\u00e9zsa is a rendelkez\u00e9sedre \u00e1ll. Ennek ellen\u00e9re m\u00e9g mindig egy nagy s\u00e1tor ponyv\u00e1ja alatt vagy egy kis fah\u00e1zik\u00f3ban alszol, gy\u00f6ny\u00f6r\u0171 term\u00e9szet k\u00f6zep\u00e9n.<\/p>\n\n\n\n<p class=\"wp-block-paragraph\">Ez r\u00e1ad\u00e1sul az egyetlen kateg\u00f3ria az eg\u00e9sz cikk\u00fcnkb\u0151l, amelyet sok esetben <strong>otthonr\u00f3l k\u00e9t \u00f3r\u00e1n bel\u00fcl el\u00e9rhetsz aut\u00f3val<\/strong>. S\u0151t, a cseh glampingek \u00e1tlagos \u00e9rt\u00e9kel\u00e9sei a val\u00f3s v\u00e9lem\u00e9nyek alapj\u00e1n gyakran sokkal jobbak, mint n\u00e9melyik h\u00edres \u00e9s t\u00fal\u00e1razott vil\u00e1gikonn\u00e1l, amelyekr\u0151l fentebb \u00edrtunk. Nem kell \u00e1trep\u00fcln\u00f6d az \u00f3ce\u00e1nt, hogy valami kiv\u00e9teleset \u00e9lj \u00e1t. <em><a href=\"https:\/\/www.stay22.com\/allez\/roam?aid=lukaskonecny&amp;campaign=loudavymkrokemcz&amp;campaign=netradicni-ubytovani-na-svete&amp;hotelname=Hotel%20Palacio%20de%20Sal&amp;address=Uyuni%2C%20Bol%C3%ADvie\" target=\"_blank\" rel=\"nofollow noopener sponsored\">\u00e1rak \u00e9s el\u00e9rhet\u0151s\u00e9g ellen\u0151rz\u00e9se<\/a><\/em><\/p>\n\n\n\n<figure data-wp-context=\"{&quot;imageId&quot;:&quot;6a9530c47cf07&quot;}\" data-wp-interactive=\"core\/image\" data-wp-key=\"6a9530c47cf07\" class=\"wp-block-image size-full wp-lightbox-container\"><img decoding=\"async\" width=\"1800\" height=\"1200\" data-wp-class--hide=\"state.isContentHidden\" data-wp-class--show=\"state.isContentVisible\" data-wp-init=\"callbacks.setButtonStyles\" data-wp-on--click=\"actions.showLightbox\" data-wp-on--load=\"callbacks.setButtonStyles\" data-wp-on--pointerdown=\"actions.preloadImage\" data-wp-on--pointerenter=\"actions.preloadImageWithDelay\" data-wp-on--pointerleave=\"actions.cancelPreload\" data-wp-on-window--resize=\"callbacks.setButtonStyles\" data-id=\"404757\" src=\"https:\/\/loudavymkrokem.cz\/wp-content\/uploads\/2026\/08\/whitepod-original-1.jpg\" alt=\"A Whitepod kupol\u00e1i egy alpesi r\u00e9ten a v\u00f6lgy felett\" class=\"wp-image-404757\" title=\"\" srcset=\"https:\/\/loudavymkrokem.cz\/wp-content\/uploads\/2026\/08\/whitepod-original-1.jpg 1800w, https:\/\/loudavymkrokem.cz\/wp-content\/uploads\/2026\/08\/whitepod-original-1-300x200.jpg 300w, https:\/\/loudavymkrokem.cz\/wp-content\/uploads\/2026\/08\/whitepod-original-1-700x467.jpg 700w, https:\/\/loudavymkrokem.cz\/wp-content\/uploads\/2026\/08\/whitepod-original-1-768x512.jpg 768w, https:\/\/loudavymkrokem.cz\/wp-content\/uploads\/2026\/08\/whitepod-original-1-1536x1024.jpg 1536w, https:\/\/loudavymkrokem.cz\/wp-content\/uploads\/2026\/08\/whitepod-original-1-696x464.jpg 696w, https:\/\/loudavymkrokem.cz\/wp-content\/uploads\/2026\/08\/whitepod-original-1-1392x928.jpg 1392w\" sizes=\"(max-width: 1800px) 100vw, 1800px\" \/><button\n\t\t\tclass=\"lightbox-trigger\"\n\t\t\ttype=\"button\"\n\t\t\taria-haspopup=\"dialog\"\n\t\t\tdata-wp-bind--aria-label=\"state.thisImage.triggerButtonAriaLabel\"\n\t\t\tdata-wp-init=\"callbacks.initTriggerButton\"\n\t\t\tdata-wp-on--click=\"actions.showLightbox\"\n\t\t\tdata-wp-style--right=\"state.thisImage.buttonRight\"\n\t\t\tdata-wp-style--top=\"state.thisImage.buttonTop\"\n\t\t>\n\t\t\t<svg xmlns=\"http:\/\/www.w3.org\/2000\/svg\" width=\"12\" height=\"12\" fill=\"none\" viewBox=\"0 0 12 12\">\n\t\t\t\t<path fill=\"#fff\" d=\"M2 0a2 2 0 0 0-2 2v2h1.5V2a.5.5 0 0 1 .5-.5h2V0H2Zm2 10.5H2a.5.5 0 0 1-.5-.5V8H0v2a2 2 0 0 0 2 2h2v-1.5ZM8 12v-1.5h2a.5.5 0 0 0 .5-.5V8H12v2a2 2 0 0 1-2 2H8Zm2-12a2 2 0 0 1 2 2v2h-1.5V2a.5.5 0 0 0-.5-.5H8V0h2Z\" \/>\n\t\t\t<\/svg>\n\t\t<\/button><figcaption class=\"wp-element-caption\">Fot\u00f3: Whitepod \/ hivatalos weboldal<\/figcaption><\/figure>\n\n\n\n<h3 class=\"wp-block-heading\"><span class=\"ez-toc-section\" id=\"29_Whitepod_Les_Cerniers_Svajc\"><\/span>29. Whitepod, Les Cerniers, Sv\u00e1jc<span class=\"ez-toc-section-end\"><\/span><\/h3>\n\n\n\n<p class=\"wp-block-paragraph\">Ezt a h\u00edres sv\u00e1jci projektet, 4,4-es \u00e9rt\u00e9kel\u00e9ssel, r\u00e9g\u00f3ta az eur\u00f3pai glamping abszol\u00fat ikonj\u00e1nak \u00e9s \u00fatt\u00f6r\u0151j\u00e9nek tartj\u00e1k. <strong>Elk\u00e9peszt\u0151 geod\u00e9ziai kupol\u00e1k alkotj\u00e1k, amelyeket egyenesen egy meredek alpesi lejt\u0151n sz\u00f3rtak sz\u00e9t<\/strong>, \u00e9s amelyeknek t\u00e9len m\u00e9g saj\u00e1t kisebb s\u00edfelvon\u00f3ik \u00e9s fantasztikus, s\u00edel\u0151kt\u0151l mentes priv\u00e1t p\u00e1ly\u00e1ik is vannak. \u00dagy n\u00e9z ki, mint egy teljesen t\u00f6k\u00e9letes t\u00e9li mese, egy katal\u00f3gusb\u00f3l kiv\u00e1gva.<\/p>\n\n\n\n<p class=\"wp-block-paragraph\">Ha viszont belem\u00e9lyedsz az \u00e9rt\u00e9kel\u00e9sekbe, azok felh\u00edvj\u00e1k a figyelmet egy nagyon fontos \u00e9s ism\u00e9tl\u0151d\u0151 t\u00e9nyre. A vend\u00e9gek gyakran panaszkodnak, hogy <strong>a kupol\u00e1kban a folyamatosan t\u00fczel\u0151 k\u00e1lyh\u00e1k ellen\u00e9re is eg\u00e9szen \u00e9rezhet\u0151 hideg van<\/strong>, m\u00e9gpedig k\u00fcl\u00f6n\u00f6sen m\u00e9ly t\u00e9len, amikor a kinti h\u0151m\u00e9rs\u00e9klet j\u00f3val fagypont al\u00e1 esik. A k\u00e1lyh\u00e1k kezel\u00e9se r\u00e1ad\u00e1sul akt\u00edv figyelmet ig\u00e9nyel.<\/p>\n\n\n\n<p class=\"wp-block-paragraph\">\ud83d\udca1 <strong>Tipp:<\/strong> Ne feledd, hogy <strong>ez m\u00e9g mindig csak egy s\u00e1tor, m\u00e9g ha hihetetlen\u00fcl luxus \u00e9s dr\u00e1ga is<\/strong>, \u00e9s ennek megfelel\u0151en pakolj be elegend\u0151 meleg ruh\u00e1t az alv\u00e1shoz \u00e9s az esti \u00fcld\u00f6g\u00e9l\u00e9shez is. <em><a href=\"https:\/\/www.stay22.com\/allez\/roam?aid=lukaskonecny&amp;campaign=loudavymkrokemcz&amp;campaign=netradicni-ubytovani-na-svete&amp;hotelname=Whitepod&amp;address=Les%20Cerniers%2C%20%C5%A0v%C3%BDcarsko\" target=\"_blank\" rel=\"nofollow noopener sponsored\">\u00e1rak \u00e9s el\u00e9rhet\u0151s\u00e9g ellen\u0151rz\u00e9se<\/a><\/em><\/p>\n\n\n\n<figure data-wp-context=\"{&quot;imageId&quot;:&quot;6a9530c47d52f&quot;}\" data-wp-interactive=\"core\/image\" data-wp-key=\"6a9530c47d52f\" class=\"wp-block-image size-full wp-lightbox-container\"><img decoding=\"async\" width=\"1200\" height=\"675\" data-wp-class--hide=\"state.isContentHidden\" data-wp-class--show=\"state.isContentVisible\" data-wp-init=\"callbacks.setButtonStyles\" data-wp-on--click=\"actions.showLightbox\" data-wp-on--load=\"callbacks.setButtonStyles\" data-wp-on--pointerdown=\"actions.preloadImage\" data-wp-on--pointerenter=\"actions.preloadImageWithDelay\" data-wp-on--pointerleave=\"actions.cancelPreload\" data-wp-on-window--resize=\"callbacks.setButtonStyles\" data-id=\"404754\" src=\"https:\/\/loudavymkrokem.cz\/wp-content\/uploads\/2026\/08\/garden-village-bled-1.jpg\" alt=\"Megvil\u00e1g\u00edtott \u00f6sv\u00e9ny a Garden Village Bled h\u00e1zik\u00f3i k\u00f6z\u00f6tt\" class=\"wp-image-404754\" title=\"\" srcset=\"https:\/\/loudavymkrokem.cz\/wp-content\/uploads\/2026\/08\/garden-village-bled-1.jpg 1200w, https:\/\/loudavymkrokem.cz\/wp-content\/uploads\/2026\/08\/garden-village-bled-1-300x169.jpg 300w, https:\/\/loudavymkrokem.cz\/wp-content\/uploads\/2026\/08\/garden-village-bled-1-700x394.jpg 700w, https:\/\/loudavymkrokem.cz\/wp-content\/uploads\/2026\/08\/garden-village-bled-1-768x432.jpg 768w, https:\/\/loudavymkrokem.cz\/wp-content\/uploads\/2026\/08\/garden-village-bled-1-696x392.jpg 696w\" sizes=\"(max-width: 1200px) 100vw, 1200px\" \/><button\n\t\t\tclass=\"lightbox-trigger\"\n\t\t\ttype=\"button\"\n\t\t\taria-haspopup=\"dialog\"\n\t\t\tdata-wp-bind--aria-label=\"state.thisImage.triggerButtonAriaLabel\"\n\t\t\tdata-wp-init=\"callbacks.initTriggerButton\"\n\t\t\tdata-wp-on--click=\"actions.showLightbox\"\n\t\t\tdata-wp-style--right=\"state.thisImage.buttonRight\"\n\t\t\tdata-wp-style--top=\"state.thisImage.buttonTop\"\n\t\t>\n\t\t\t<svg xmlns=\"http:\/\/www.w3.org\/2000\/svg\" width=\"12\" height=\"12\" fill=\"none\" viewBox=\"0 0 12 12\">\n\t\t\t\t<path fill=\"#fff\" d=\"M2 0a2 2 0 0 0-2 2v2h1.5V2a.5.5 0 0 1 .5-.5h2V0H2Zm2 10.5H2a.5.5 0 0 1-.5-.5V8H0v2a2 2 0 0 0 2 2h2v-1.5ZM8 12v-1.5h2a.5.5 0 0 0 .5-.5V8H12v2a2 2 0 0 1-2 2H8Zm2-12a2 2 0 0 1 2 2v2h-1.5V2a.5.5 0 0 0-.5-.5H8V0h2Z\" \/>\n\t\t\t<\/svg>\n\t\t<\/button><figcaption class=\"wp-element-caption\">Fot\u00f3: Garden Village Bled \/ hivatalos weboldal<\/figcaption><\/figure>\n\n\n\n<h3 class=\"wp-block-heading\"><span class=\"ez-toc-section\" id=\"30_Garden_Village_Bled_Bled_Szlovenia\"><\/span>30. Garden Village Bled, Bled, Szlov\u00e9nia<span class=\"ez-toc-section-end\"><\/span><\/h3>\n\n\n\n<p class=\"wp-block-paragraph\">Ez a gy\u00f6ny\u00f6r\u0171 szlov\u00e9n \u00f6koresort, magas, 4,7-es \u00e9rt\u00e9kel\u00e9ssel, var\u00e1zslatos <strong>f\u00e1b\u00f3l \u00e9p\u00fclt fah\u00e1zakat, nagy csal\u00e1di glampings\u00e1trakat \u00e9s nagyon n\u00e9pszer\u0171, egyenesen egy csobog\u00f3 patak f\u00f6l\u00e9 \u00e9p\u00edtett kis s\u00e1trakat<\/strong> k\u00edn\u00e1l. Csak egy karny\u00fajt\u00e1snyira fekszik a h\u00edres Bledi-t\u00f3t\u00f3l, \u00e9s egy gy\u00f6ny\u00f6r\u0171, z\u00f6ld nyugalom o\u00e1zisa. Sz\u00e1munkra ez az egyik legislegk\u00f6zelebbi val\u00f3di \u00e9s nagy, eur\u00f3pai sz\u00ednvonal\u00fa glampingresort.<\/p>\n\n\n\n<figure data-wp-context=\"{&quot;galleryId&quot;:&quot;6a9530c47d67e&quot;}\" data-wp-interactive=\"core\/gallery\" class=\"wp-block-gallery has-nested-images columns-2 is-cropped wp-block-gallery-is-layout-flex wp-block-gallery-18 is-layout-flex\">\n<figure data-wp-context=\"{&quot;imageId&quot;:&quot;6a9530c47d929&quot;}\" data-wp-interactive=\"core\/image\" data-wp-key=\"6a9530c47d929\" class=\"wp-block-image size-large wp-lightbox-container\"><img decoding=\"async\" width=\"1800\" height=\"1012\" data-wp-class--hide=\"state.isContentHidden\" data-wp-class--show=\"state.isContentVisible\" data-wp-init=\"callbacks.setButtonStyles\" data-wp-on--click=\"actions.showLightbox\" data-wp-on--load=\"callbacks.setButtonStyles\" data-wp-on--pointerdown=\"actions.preloadImage\" data-wp-on--pointerenter=\"actions.preloadImageWithDelay\" data-wp-on--pointerleave=\"actions.cancelPreload\" data-wp-on-window--resize=\"callbacks.setButtonStyles\" data-id=\"404755\" src=\"https:\/\/loudavymkrokem.cz\/wp-content\/uploads\/2026\/08\/garden-village-bled-4.jpg\" alt=\"Fah\u00e1z a Garden Village Bledben\" class=\"wp-image-404755\" title=\"\" srcset=\"https:\/\/loudavymkrokem.cz\/wp-content\/uploads\/2026\/08\/garden-village-bled-4.jpg 1800w, https:\/\/loudavymkrokem.cz\/wp-content\/uploads\/2026\/08\/garden-village-bled-4-300x169.jpg 300w, https:\/\/loudavymkrokem.cz\/wp-content\/uploads\/2026\/08\/garden-village-bled-4-700x394.jpg 700w, https:\/\/loudavymkrokem.cz\/wp-content\/uploads\/2026\/08\/garden-village-bled-4-768x432.jpg 768w, https:\/\/loudavymkrokem.cz\/wp-content\/uploads\/2026\/08\/garden-village-bled-4-1536x864.jpg 1536w, https:\/\/loudavymkrokem.cz\/wp-content\/uploads\/2026\/08\/garden-village-bled-4-696x391.jpg 696w, https:\/\/loudavymkrokem.cz\/wp-content\/uploads\/2026\/08\/garden-village-bled-4-1392x783.jpg 1392w\" sizes=\"(max-width: 1800px) 100vw, 1800px\" \/><button\n\t\t\tclass=\"lightbox-trigger\"\n\t\t\ttype=\"button\"\n\t\t\taria-haspopup=\"dialog\"\n\t\t\tdata-wp-bind--aria-label=\"state.thisImage.triggerButtonAriaLabel\"\n\t\t\tdata-wp-init=\"callbacks.initTriggerButton\"\n\t\t\tdata-wp-on--click=\"actions.showLightbox\"\n\t\t\tdata-wp-style--right=\"state.thisImage.buttonRight\"\n\t\t\tdata-wp-style--top=\"state.thisImage.buttonTop\"\n\t\t>\n\t\t\t<svg xmlns=\"http:\/\/www.w3.org\/2000\/svg\" width=\"12\" height=\"12\" fill=\"none\" viewBox=\"0 0 12 12\">\n\t\t\t\t<path fill=\"#fff\" d=\"M2 0a2 2 0 0 0-2 2v2h1.5V2a.5.5 0 0 1 .5-.5h2V0H2Zm2 10.5H2a.5.5 0 0 1-.5-.5V8H0v2a2 2 0 0 0 2 2h2v-1.5ZM8 12v-1.5h2a.5.5 0 0 0 .5-.5V8H12v2a2 2 0 0 1-2 2H8Zm2-12a2 2 0 0 1 2 2v2h-1.5V2a.5.5 0 0 0-.5-.5H8V0h2Z\" \/>\n\t\t\t<\/svg>\n\t\t<\/button><figcaption class=\"wp-element-caption\">Fot\u00f3: Garden Village Bled \/ hivatalos weboldal<\/figcaption><\/figure>\n\n\n\n<figure data-wp-context=\"{&quot;imageId&quot;:&quot;6a9530c47dc78&quot;}\" data-wp-interactive=\"core\/image\" data-wp-key=\"6a9530c47dc78\" class=\"wp-block-image size-large wp-lightbox-container\"><img decoding=\"async\" width=\"1800\" height=\"1005\" data-wp-class--hide=\"state.isContentHidden\" data-wp-class--show=\"state.isContentVisible\" data-wp-init=\"callbacks.setButtonStyles\" data-wp-on--click=\"actions.showLightbox\" data-wp-on--load=\"callbacks.setButtonStyles\" data-wp-on--pointerdown=\"actions.preloadImage\" data-wp-on--pointerenter=\"actions.preloadImageWithDelay\" data-wp-on--pointerleave=\"actions.cancelPreload\" data-wp-on-window--resize=\"callbacks.setButtonStyles\" data-id=\"404756\" src=\"https:\/\/loudavymkrokem.cz\/wp-content\/uploads\/2026\/08\/garden-village-bled-c2-2.jpg\" alt=\"A Garden Village Bled glampings\u00e1trai\" class=\"wp-image-404756\" title=\"\" srcset=\"https:\/\/loudavymkrokem.cz\/wp-content\/uploads\/2026\/08\/garden-village-bled-c2-2.jpg 1800w, https:\/\/loudavymkrokem.cz\/wp-content\/uploads\/2026\/08\/garden-village-bled-c2-2-300x168.jpg 300w, https:\/\/loudavymkrokem.cz\/wp-content\/uploads\/2026\/08\/garden-village-bled-c2-2-700x391.jpg 700w, https:\/\/loudavymkrokem.cz\/wp-content\/uploads\/2026\/08\/garden-village-bled-c2-2-768x429.jpg 768w, https:\/\/loudavymkrokem.cz\/wp-content\/uploads\/2026\/08\/garden-village-bled-c2-2-1536x858.jpg 1536w, https:\/\/loudavymkrokem.cz\/wp-content\/uploads\/2026\/08\/garden-village-bled-c2-2-696x389.jpg 696w, https:\/\/loudavymkrokem.cz\/wp-content\/uploads\/2026\/08\/garden-village-bled-c2-2-1392x777.jpg 1392w\" sizes=\"(max-width: 1800px) 100vw, 1800px\" \/><button\n\t\t\tclass=\"lightbox-trigger\"\n\t\t\ttype=\"button\"\n\t\t\taria-haspopup=\"dialog\"\n\t\t\tdata-wp-bind--aria-label=\"state.thisImage.triggerButtonAriaLabel\"\n\t\t\tdata-wp-init=\"callbacks.initTriggerButton\"\n\t\t\tdata-wp-on--click=\"actions.showLightbox\"\n\t\t\tdata-wp-style--right=\"state.thisImage.buttonRight\"\n\t\t\tdata-wp-style--top=\"state.thisImage.buttonTop\"\n\t\t>\n\t\t\t<svg xmlns=\"http:\/\/www.w3.org\/2000\/svg\" width=\"12\" height=\"12\" fill=\"none\" viewBox=\"0 0 12 12\">\n\t\t\t\t<path fill=\"#fff\" d=\"M2 0a2 2 0 0 0-2 2v2h1.5V2a.5.5 0 0 1 .5-.5h2V0H2Zm2 10.5H2a.5.5 0 0 1-.5-.5V8H0v2a2 2 0 0 0 2 2h2v-1.5ZM8 12v-1.5h2a.5.5 0 0 0 .5-.5V8H12v2a2 2 0 0 1-2 2H8Zm2-12a2 2 0 0 1 2 2v2h-1.5V2a.5.5 0 0 0-.5-.5H8V0h2Z\" \/>\n\t\t\t<\/svg>\n\t\t<\/button><figcaption class=\"wp-element-caption\">Fot\u00f3: Garden Village Bled \/ hivatalos weboldal<\/figcaption><\/figure>\n<\/figure>\n\n\n\n<p class=\"wp-block-paragraph\">Ez a <strong>teljesen ide\u00e1lis v\u00e1laszt\u00e1s, ha a csal\u00e1doddal el\u0151sz\u00f6r szeretn\u00e9d kipr\u00f3b\u00e1lni ezt a sz\u00e1ll\u00e1sform\u00e1tumot<\/strong>, \u00e9s nincs kedved messzire rep\u00fclni. A ter\u00fcletet f\u00e1b\u00f3l k\u00e9sz\u00fclt \u00f6sv\u00e9nyek sz\u00f6vik \u00e1t, minden\u00fctt v\u00edz folyik, \u00e9s az \u00e9tterem a saj\u00e1t kert alapanyagaib\u00f3l f\u0151z. Remek\u00fcl kivitelezett koncepci\u00f3, amelyet im\u00e1dni fogsz te \u00e9s a gyerekeid is.<\/p>\n\n\n\n<p class=\"wp-block-paragraph\">\ud83d\udca1 <strong>Tipp:<\/strong> Ez a t\u00e1gas resort <strong>nagyon gyerekbar\u00e1t<\/strong>, \u00e9s remek, biztons\u00e1gos programlehet\u0151s\u00e9geket k\u00edn\u00e1l a term\u00e9szetben, ami sok diz\u00e1jnglampingn\u00e9l, amelyek csak a p\u00e1rokra f\u00f3kusz\u00e1lnak, semmik\u00e9pp sem szokott jellemz\u0151 lenni. <em><a href=\"https:\/\/www.stay22.com\/allez\/roam?aid=lukaskonecny&amp;campaign=loudavymkrokemcz&amp;campaign=netradicni-ubytovani-na-svete&amp;hotelname=Garden%20Village%20Bled&amp;address=Bled%2C%20Slovinsko\" target=\"_blank\" rel=\"nofollow noopener sponsored\">\u00e1rak \u00e9s el\u00e9rhet\u0151s\u00e9g ellen\u0151rz\u00e9se<\/a><\/em><\/p>\n\n\n\n<figure data-wp-context=\"{&quot;imageId&quot;:&quot;6a9530c47e0e7&quot;}\" data-wp-interactive=\"core\/image\" data-wp-key=\"6a9530c47e0e7\" class=\"wp-block-image size-full wp-lightbox-container\"><img decoding=\"async\" width=\"1800\" height=\"1200\" data-wp-class--hide=\"state.isContentHidden\" data-wp-class--show=\"state.isContentVisible\" data-wp-init=\"callbacks.setButtonStyles\" data-wp-on--click=\"actions.showLightbox\" data-wp-on--load=\"callbacks.setButtonStyles\" data-wp-on--pointerdown=\"actions.preloadImage\" data-wp-on--pointerenter=\"actions.preloadImageWithDelay\" data-wp-on--pointerleave=\"actions.cancelPreload\" data-wp-on-window--resize=\"callbacks.setButtonStyles\" data-id=\"404751\" src=\"https:\/\/loudavymkrokem.cz\/wp-content\/uploads\/2026\/08\/colony-glamping-1.jpg\" alt=\"A Colony Glamping luxuss\u00e1tra a brdyi erd\u0151ben\" class=\"wp-image-404751\" title=\"\" srcset=\"https:\/\/loudavymkrokem.cz\/wp-content\/uploads\/2026\/08\/colony-glamping-1.jpg 1800w, https:\/\/loudavymkrokem.cz\/wp-content\/uploads\/2026\/08\/colony-glamping-1-300x200.jpg 300w, https:\/\/loudavymkrokem.cz\/wp-content\/uploads\/2026\/08\/colony-glamping-1-700x467.jpg 700w, https:\/\/loudavymkrokem.cz\/wp-content\/uploads\/2026\/08\/colony-glamping-1-768x512.jpg 768w, https:\/\/loudavymkrokem.cz\/wp-content\/uploads\/2026\/08\/colony-glamping-1-1536x1024.jpg 1536w, https:\/\/loudavymkrokem.cz\/wp-content\/uploads\/2026\/08\/colony-glamping-1-696x464.jpg 696w, https:\/\/loudavymkrokem.cz\/wp-content\/uploads\/2026\/08\/colony-glamping-1-1392x928.jpg 1392w\" sizes=\"(max-width: 1800px) 100vw, 1800px\" \/><button\n\t\t\tclass=\"lightbox-trigger\"\n\t\t\ttype=\"button\"\n\t\t\taria-haspopup=\"dialog\"\n\t\t\tdata-wp-bind--aria-label=\"state.thisImage.triggerButtonAriaLabel\"\n\t\t\tdata-wp-init=\"callbacks.initTriggerButton\"\n\t\t\tdata-wp-on--click=\"actions.showLightbox\"\n\t\t\tdata-wp-style--right=\"state.thisImage.buttonRight\"\n\t\t\tdata-wp-style--top=\"state.thisImage.buttonTop\"\n\t\t>\n\t\t\t<svg xmlns=\"http:\/\/www.w3.org\/2000\/svg\" width=\"12\" height=\"12\" fill=\"none\" viewBox=\"0 0 12 12\">\n\t\t\t\t<path fill=\"#fff\" d=\"M2 0a2 2 0 0 0-2 2v2h1.5V2a.5.5 0 0 1 .5-.5h2V0H2Zm2 10.5H2a.5.5 0 0 1-.5-.5V8H0v2a2 2 0 0 0 2 2h2v-1.5ZM8 12v-1.5h2a.5.5 0 0 0 .5-.5V8H12v2a2 2 0 0 1-2 2H8Zm2-12a2 2 0 0 1 2 2v2h-1.5V2a.5.5 0 0 0-.5-.5H8V0h2Z\" \/>\n\t\t\t<\/svg>\n\t\t<\/button><figcaption class=\"wp-element-caption\">Fot\u00f3: Colony Glamping \/ hivatalos weboldal<\/figcaption><\/figure>\n\n\n\n<h3 class=\"wp-block-heading\"><span class=\"ez-toc-section\" id=\"31_Colony_Glamping_Hute_pod_Tremsinem_Brdy\"><\/span>31. Colony Glamping, Hut\u011b pod T\u0159em\u0161\u00ednem, Brdy<span class=\"ez-toc-section-end\"><\/span><\/h3>\n\n\n\n<p class=\"wp-block-paragraph\">Ez az elk\u00e9peszt\u0151 cseh projekt, 4,8-as \u00e9rt\u00e9kel\u00e9ssel, jelenleg a legislegjobbra <strong>\u00e9rt\u00e9kelt nagyobb glampingter\u00fclet eg\u00e9sz Csehorsz\u00e1gban<\/strong>. Gy\u00f6ny\u00f6r\u0171 \u00e9s t\u00e1gas luxuss\u00e1trakat tal\u00e1lsz itt, amelyeket a Brdy v\u00e9dett t\u00e1jv\u00e9delmi k\u00f6rzet sz\u00e9l\u00e9re helyeztek, m\u00e9ly erd\u0151kkel k\u00f6r\u00fclv\u00e9ve. A gy\u00f6ny\u00f6r\u0171 \u00e9s k\u00e9nyelmes, ponyva alatti alv\u00e1son k\u00edv\u00fcl a vend\u00e9gek rendelkez\u00e9s\u00e9re \u00e1ll egy <strong>erdei szauna, egy meleg f\u00fcrd\u0151d\u00e9zsa \u00e9s egy gondosan el\u0151k\u00e9sz\u00edtett t\u0171zrak\u00f3hely<\/strong> az esti s\u00fct\u00f6get\u00e9shez \u00e9s a csillagok alatti romantik\u00e1hoz.<\/p>\n\n\n\n<figure data-wp-context=\"{&quot;galleryId&quot;:&quot;6a9530c47e23d&quot;}\" data-wp-interactive=\"core\/gallery\" class=\"wp-block-gallery has-nested-images columns-2 is-cropped wp-block-gallery-is-layout-flex wp-block-gallery-19 is-layout-flex\">\n<figure data-wp-context=\"{&quot;imageId&quot;:&quot;6a9530c47e527&quot;}\" data-wp-interactive=\"core\/image\" data-wp-key=\"6a9530c47e527\" class=\"wp-block-image size-large wp-lightbox-container\"><img decoding=\"async\" width=\"1800\" height=\"1200\" data-wp-class--hide=\"state.isContentHidden\" data-wp-class--show=\"state.isContentVisible\" data-wp-init=\"callbacks.setButtonStyles\" data-wp-on--click=\"actions.showLightbox\" data-wp-on--load=\"callbacks.setButtonStyles\" data-wp-on--pointerdown=\"actions.preloadImage\" data-wp-on--pointerenter=\"actions.preloadImageWithDelay\" data-wp-on--pointerleave=\"actions.cancelPreload\" data-wp-on-window--resize=\"callbacks.setButtonStyles\" data-id=\"404752\" src=\"https:\/\/loudavymkrokem.cz\/wp-content\/uploads\/2026\/08\/colony-glamping-2.jpg\" alt=\"F\u00fcrd\u0151d\u00e9zsa \u00e9s terasz a Colony Glampingn\u00e9l\" class=\"wp-image-404752\" title=\"\" srcset=\"https:\/\/loudavymkrokem.cz\/wp-content\/uploads\/2026\/08\/colony-glamping-2.jpg 1800w, https:\/\/loudavymkrokem.cz\/wp-content\/uploads\/2026\/08\/colony-glamping-2-300x200.jpg 300w, https:\/\/loudavymkrokem.cz\/wp-content\/uploads\/2026\/08\/colony-glamping-2-700x467.jpg 700w, https:\/\/loudavymkrokem.cz\/wp-content\/uploads\/2026\/08\/colony-glamping-2-768x512.jpg 768w, https:\/\/loudavymkrokem.cz\/wp-content\/uploads\/2026\/08\/colony-glamping-2-1536x1024.jpg 1536w, https:\/\/loudavymkrokem.cz\/wp-content\/uploads\/2026\/08\/colony-glamping-2-696x464.jpg 696w, https:\/\/loudavymkrokem.cz\/wp-content\/uploads\/2026\/08\/colony-glamping-2-1392x928.jpg 1392w\" sizes=\"(max-width: 1800px) 100vw, 1800px\" \/><button\n\t\t\tclass=\"lightbox-trigger\"\n\t\t\ttype=\"button\"\n\t\t\taria-haspopup=\"dialog\"\n\t\t\tdata-wp-bind--aria-label=\"state.thisImage.triggerButtonAriaLabel\"\n\t\t\tdata-wp-init=\"callbacks.initTriggerButton\"\n\t\t\tdata-wp-on--click=\"actions.showLightbox\"\n\t\t\tdata-wp-style--right=\"state.thisImage.buttonRight\"\n\t\t\tdata-wp-style--top=\"state.thisImage.buttonTop\"\n\t\t>\n\t\t\t<svg xmlns=\"http:\/\/www.w3.org\/2000\/svg\" width=\"12\" height=\"12\" fill=\"none\" viewBox=\"0 0 12 12\">\n\t\t\t\t<path fill=\"#fff\" d=\"M2 0a2 2 0 0 0-2 2v2h1.5V2a.5.5 0 0 1 .5-.5h2V0H2Zm2 10.5H2a.5.5 0 0 1-.5-.5V8H0v2a2 2 0 0 0 2 2h2v-1.5ZM8 12v-1.5h2a.5.5 0 0 0 .5-.5V8H12v2a2 2 0 0 1-2 2H8Zm2-12a2 2 0 0 1 2 2v2h-1.5V2a.5.5 0 0 0-.5-.5H8V0h2Z\" \/>\n\t\t\t<\/svg>\n\t\t<\/button><figcaption class=\"wp-element-caption\">Fot\u00f3: Colony Glamping \/ hivatalos weboldal<\/figcaption><\/figure>\n\n\n\n<figure data-wp-context=\"{&quot;imageId&quot;:&quot;6a9530c47e9b2&quot;}\" data-wp-interactive=\"core\/image\" data-wp-key=\"6a9530c47e9b2\" class=\"wp-block-image size-large wp-lightbox-container\"><img decoding=\"async\" width=\"1500\" height=\"1000\" data-wp-class--hide=\"state.isContentHidden\" data-wp-class--show=\"state.isContentVisible\" data-wp-init=\"callbacks.setButtonStyles\" data-wp-on--click=\"actions.showLightbox\" data-wp-on--load=\"callbacks.setButtonStyles\" data-wp-on--pointerdown=\"actions.preloadImage\" data-wp-on--pointerenter=\"actions.preloadImageWithDelay\" data-wp-on--pointerleave=\"actions.cancelPreload\" data-wp-on-window--resize=\"callbacks.setButtonStyles\" data-id=\"404753\" src=\"https:\/\/loudavymkrokem.cz\/wp-content\/uploads\/2026\/08\/colony-glamping-3.jpg\" alt=\"A Colony Glamping kupol\u00e1j\u00e1nak belseje\" class=\"wp-image-404753\" title=\"\" srcset=\"https:\/\/loudavymkrokem.cz\/wp-content\/uploads\/2026\/08\/colony-glamping-3.jpg 1500w, https:\/\/loudavymkrokem.cz\/wp-content\/uploads\/2026\/08\/colony-glamping-3-300x200.jpg 300w, https:\/\/loudavymkrokem.cz\/wp-content\/uploads\/2026\/08\/colony-glamping-3-700x467.jpg 700w, https:\/\/loudavymkrokem.cz\/wp-content\/uploads\/2026\/08\/colony-glamping-3-768x512.jpg 768w, https:\/\/loudavymkrokem.cz\/wp-content\/uploads\/2026\/08\/colony-glamping-3-696x464.jpg 696w, https:\/\/loudavymkrokem.cz\/wp-content\/uploads\/2026\/08\/colony-glamping-3-1392x928.jpg 1392w\" sizes=\"(max-width: 1500px) 100vw, 1500px\" \/><button\n\t\t\tclass=\"lightbox-trigger\"\n\t\t\ttype=\"button\"\n\t\t\taria-haspopup=\"dialog\"\n\t\t\tdata-wp-bind--aria-label=\"state.thisImage.triggerButtonAriaLabel\"\n\t\t\tdata-wp-init=\"callbacks.initTriggerButton\"\n\t\t\tdata-wp-on--click=\"actions.showLightbox\"\n\t\t\tdata-wp-style--right=\"state.thisImage.buttonRight\"\n\t\t\tdata-wp-style--top=\"state.thisImage.buttonTop\"\n\t\t>\n\t\t\t<svg xmlns=\"http:\/\/www.w3.org\/2000\/svg\" width=\"12\" height=\"12\" fill=\"none\" viewBox=\"0 0 12 12\">\n\t\t\t\t<path fill=\"#fff\" d=\"M2 0a2 2 0 0 0-2 2v2h1.5V2a.5.5 0 0 1 .5-.5h2V0H2Zm2 10.5H2a.5.5 0 0 1-.5-.5V8H0v2a2 2 0 0 0 2 2h2v-1.5ZM8 12v-1.5h2a.5.5 0 0 0 .5-.5V8H12v2a2 2 0 0 1-2 2H8Zm2-12a2 2 0 0 1 2 2v2h-1.5V2a.5.5 0 0 0-.5-.5H8V0h2Z\" \/>\n\t\t\t<\/svg>\n\t\t<\/button><figcaption class=\"wp-element-caption\">Fot\u00f3: Colony Glamping \/ hivatalos weboldal<\/figcaption><\/figure>\n<\/figure>\n\n\n\n<p class=\"wp-block-paragraph\">Az eg\u00e9sz ter\u00fcletet hatalmas r\u00e9szlet\u00e9rz\u00e9kkel \u00e9s a k\u00f6rnyez\u0151 term\u00e9szet ir\u00e1nti tisztelettel tervezt\u00e9k. Mintap\u00e9ld\u00e1ja annak, hogy <strong>Csehorsz\u00e1gban is<\/strong> k\u00e9pesek vagyunk olyan sz\u00e1ll\u00e1st l\u00e9trehozni, amely sim\u00e1n felveszi a versenyt a legjobb vil\u00e1gresortokkal, r\u00e1ad\u00e1sul <strong>Pr\u00e1g\u00e1t\u00f3l t\u00e9nyleg csak egy karny\u00fajt\u00e1snyira<\/strong> van.<\/p>\n\n\n\n<p class=\"wp-block-paragraph\">\ud83d\udca1 <strong>Tipp:<\/strong> A Brdy messze f\u00f6ld\u00f6n h\u00edres m\u00e9ly erd\u0151ir\u0151l \u00e9s v\u00e9gtelen ker\u00e9kp\u00e1r\u00fatjair\u00f3l, \u00edgy <strong>mindenk\u00e9pp csomagolj be biciklit vagy j\u00f3 t\u00faracip\u0151t<\/strong>, hogy rendesen felfedezhesd a k\u00f6rny\u00e9ket. <em><a href=\"https:\/\/www.stay22.com\/allez\/roam?aid=lukaskonecny&amp;campaign=loudavymkrokemcz&amp;campaign=netradicni-ubytovani-na-svete&amp;hotelname=Colony%20Glamping&amp;address=Ro%C5%BEmit%C3%A1l%20pod%20T%C5%99em%C5%A1%C3%ADnem%2C%20%C4%8Cesko\" target=\"_blank\" rel=\"nofollow noopener sponsored\">\u00e1rak \u00e9s el\u00e9rhet\u0151s\u00e9g ellen\u0151rz\u00e9se<\/a><\/em><\/p>\n\n\n\n<figure data-wp-context=\"{&quot;imageId&quot;:&quot;6a9530c47efb3&quot;}\" data-wp-interactive=\"core\/image\" data-wp-key=\"6a9530c47efb3\" class=\"wp-block-image size-full wp-lightbox-container\"><img decoding=\"async\" width=\"1800\" height=\"822\" data-wp-class--hide=\"state.isContentHidden\" data-wp-class--show=\"state.isContentVisible\" data-wp-init=\"callbacks.setButtonStyles\" data-wp-on--click=\"actions.showLightbox\" data-wp-on--load=\"callbacks.setButtonStyles\" data-wp-on--pointerdown=\"actions.preloadImage\" data-wp-on--pointerenter=\"actions.preloadImageWithDelay\" data-wp-on--pointerleave=\"actions.cancelPreload\" data-wp-on-window--resize=\"callbacks.setButtonStyles\" data-id=\"404748\" src=\"https:\/\/loudavymkrokem.cz\/wp-content\/uploads\/2026\/08\/jurty-beskydy-1.jpg\" alt=\"Jurta \u00e9s szaunad\u00e9zsa a Jurty Beskydyn\u00e9l\" class=\"wp-image-404748\" title=\"\" srcset=\"https:\/\/loudavymkrokem.cz\/wp-content\/uploads\/2026\/08\/jurty-beskydy-1.jpg 1800w, https:\/\/loudavymkrokem.cz\/wp-content\/uploads\/2026\/08\/jurty-beskydy-1-300x137.jpg 300w, https:\/\/loudavymkrokem.cz\/wp-content\/uploads\/2026\/08\/jurty-beskydy-1-700x320.jpg 700w, https:\/\/loudavymkrokem.cz\/wp-content\/uploads\/2026\/08\/jurty-beskydy-1-768x351.jpg 768w, https:\/\/loudavymkrokem.cz\/wp-content\/uploads\/2026\/08\/jurty-beskydy-1-1536x701.jpg 1536w, https:\/\/loudavymkrokem.cz\/wp-content\/uploads\/2026\/08\/jurty-beskydy-1-696x318.jpg 696w, https:\/\/loudavymkrokem.cz\/wp-content\/uploads\/2026\/08\/jurty-beskydy-1-1392x636.jpg 1392w\" sizes=\"(max-width: 1800px) 100vw, 1800px\" \/><button\n\t\t\tclass=\"lightbox-trigger\"\n\t\t\ttype=\"button\"\n\t\t\taria-haspopup=\"dialog\"\n\t\t\tdata-wp-bind--aria-label=\"state.thisImage.triggerButtonAriaLabel\"\n\t\t\tdata-wp-init=\"callbacks.initTriggerButton\"\n\t\t\tdata-wp-on--click=\"actions.showLightbox\"\n\t\t\tdata-wp-style--right=\"state.thisImage.buttonRight\"\n\t\t\tdata-wp-style--top=\"state.thisImage.buttonTop\"\n\t\t>\n\t\t\t<svg xmlns=\"http:\/\/www.w3.org\/2000\/svg\" width=\"12\" height=\"12\" fill=\"none\" viewBox=\"0 0 12 12\">\n\t\t\t\t<path fill=\"#fff\" d=\"M2 0a2 2 0 0 0-2 2v2h1.5V2a.5.5 0 0 1 .5-.5h2V0H2Zm2 10.5H2a.5.5 0 0 1-.5-.5V8H0v2a2 2 0 0 0 2 2h2v-1.5ZM8 12v-1.5h2a.5.5 0 0 0 .5-.5V8H12v2a2 2 0 0 1-2 2H8Zm2-12a2 2 0 0 1 2 2v2h-1.5V2a.5.5 0 0 0-.5-.5H8V0h2Z\" \/>\n\t\t\t<\/svg>\n\t\t<\/button><figcaption class=\"wp-element-caption\">Fot\u00f3: Jurty Beskydy \/ hivatalos weboldal<\/figcaption><\/figure>\n\n\n\n<h3 class=\"wp-block-heading\"><span class=\"ez-toc-section\" id=\"32_Jurty_Beskydy_Ropice_Trinec_mellett\"><\/span>32. Jurty Beskydy, Ropice T\u0159inec mellett<span class=\"ez-toc-section-end\"><\/span><\/h3>\n\n\n\n<p class=\"wp-block-paragraph\">Ennek a kateg\u00f3ri\u00e1nak az abszol\u00fat cseh cs\u00facsa teljesen t\u00f6k\u00e9letes, \u00f6tpontnull\u00e1s pontsz\u00e1mmal b\u00fcszk\u00e9lkedhet t\u00f6bb mint sz\u00e1zharminc v\u00e9lem\u00e9ny alapj\u00e1n. <strong>K\u00e9t hagyom\u00e1nyosan kin\u00e9z\u0151 jurt\u00e1r\u00f3l van sz\u00f3, amelyek bel\u00fcl azonban okosan felszereltek \u00e1rammal, modern l\u00e9gkondicion\u00e1l\u00f3val \u00e9s saj\u00e1t luxusf\u00fcrd\u0151szob\u00e1val<\/strong>, \u00edgy itt, a term\u00e9szet k\u00f6zep\u00e9n semmiben sem fogsz hi\u00e1nyt szenvedni. Ez a projekt elk\u00e9peszt\u0151en \u00f6tv\u00f6zi a nom\u00e1d lakhat\u00e1si st\u00edlust egy \u00f6tcsillagos hotel k\u00e9nyelm\u00e9vel.<\/p>\n\n\n\n<figure data-wp-context=\"{&quot;galleryId&quot;:&quot;6a9530c47f114&quot;}\" data-wp-interactive=\"core\/gallery\" class=\"wp-block-gallery has-nested-images columns-2 is-cropped wp-block-gallery-is-layout-flex wp-block-gallery-20 is-layout-flex\">\n<figure data-wp-context=\"{&quot;imageId&quot;:&quot;6a9530c47f3eb&quot;}\" data-wp-interactive=\"core\/image\" data-wp-key=\"6a9530c47f3eb\" class=\"wp-block-image size-large wp-lightbox-container\"><img decoding=\"async\" width=\"1800\" height=\"750\" data-wp-class--hide=\"state.isContentHidden\" data-wp-class--show=\"state.isContentVisible\" data-wp-init=\"callbacks.setButtonStyles\" data-wp-on--click=\"actions.showLightbox\" data-wp-on--load=\"callbacks.setButtonStyles\" data-wp-on--pointerdown=\"actions.preloadImage\" data-wp-on--pointerenter=\"actions.preloadImageWithDelay\" data-wp-on--pointerleave=\"actions.cancelPreload\" data-wp-on-window--resize=\"callbacks.setButtonStyles\" data-id=\"404749\" src=\"https:\/\/loudavymkrokem.cz\/wp-content\/uploads\/2026\/08\/jurty-beskydy-2.jpg\" alt=\"Jurta belseje a Beszkidekben\" class=\"wp-image-404749\" title=\"\" srcset=\"https:\/\/loudavymkrokem.cz\/wp-content\/uploads\/2026\/08\/jurty-beskydy-2.jpg 1800w, https:\/\/loudavymkrokem.cz\/wp-content\/uploads\/2026\/08\/jurty-beskydy-2-300x125.jpg 300w, https:\/\/loudavymkrokem.cz\/wp-content\/uploads\/2026\/08\/jurty-beskydy-2-700x292.jpg 700w, https:\/\/loudavymkrokem.cz\/wp-content\/uploads\/2026\/08\/jurty-beskydy-2-768x320.jpg 768w, https:\/\/loudavymkrokem.cz\/wp-content\/uploads\/2026\/08\/jurty-beskydy-2-1536x640.jpg 1536w, https:\/\/loudavymkrokem.cz\/wp-content\/uploads\/2026\/08\/jurty-beskydy-2-696x290.jpg 696w, https:\/\/loudavymkrokem.cz\/wp-content\/uploads\/2026\/08\/jurty-beskydy-2-1392x580.jpg 1392w\" sizes=\"(max-width: 1800px) 100vw, 1800px\" \/><button\n\t\t\tclass=\"lightbox-trigger\"\n\t\t\ttype=\"button\"\n\t\t\taria-haspopup=\"dialog\"\n\t\t\tdata-wp-bind--aria-label=\"state.thisImage.triggerButtonAriaLabel\"\n\t\t\tdata-wp-init=\"callbacks.initTriggerButton\"\n\t\t\tdata-wp-on--click=\"actions.showLightbox\"\n\t\t\tdata-wp-style--right=\"state.thisImage.buttonRight\"\n\t\t\tdata-wp-style--top=\"state.thisImage.buttonTop\"\n\t\t>\n\t\t\t<svg xmlns=\"http:\/\/www.w3.org\/2000\/svg\" width=\"12\" height=\"12\" fill=\"none\" viewBox=\"0 0 12 12\">\n\t\t\t\t<path fill=\"#fff\" d=\"M2 0a2 2 0 0 0-2 2v2h1.5V2a.5.5 0 0 1 .5-.5h2V0H2Zm2 10.5H2a.5.5 0 0 1-.5-.5V8H0v2a2 2 0 0 0 2 2h2v-1.5ZM8 12v-1.5h2a.5.5 0 0 0 .5-.5V8H12v2a2 2 0 0 1-2 2H8Zm2-12a2 2 0 0 1 2 2v2h-1.5V2a.5.5 0 0 0-.5-.5H8V0h2Z\" \/>\n\t\t\t<\/svg>\n\t\t<\/button><figcaption class=\"wp-element-caption\">Fot\u00f3: Jurty Beskydy \/ hivatalos weboldal<\/figcaption><\/figure>\n\n\n\n<figure data-wp-context=\"{&quot;imageId&quot;:&quot;6a9530c47f73b&quot;}\" data-wp-interactive=\"core\/image\" data-wp-key=\"6a9530c47f73b\" class=\"wp-block-image size-large wp-lightbox-container\"><img decoding=\"async\" width=\"1800\" height=\"1199\" data-wp-class--hide=\"state.isContentHidden\" data-wp-class--show=\"state.isContentVisible\" data-wp-init=\"callbacks.setButtonStyles\" data-wp-on--click=\"actions.showLightbox\" data-wp-on--load=\"callbacks.setButtonStyles\" data-wp-on--pointerdown=\"actions.preloadImage\" data-wp-on--pointerenter=\"actions.preloadImageWithDelay\" data-wp-on--pointerleave=\"actions.cancelPreload\" data-wp-on-window--resize=\"callbacks.setButtonStyles\" data-id=\"404750\" src=\"https:\/\/loudavymkrokem.cz\/wp-content\/uploads\/2026\/08\/jurty-beskydy-3.jpg\" alt=\"A Jurty Beskydy egy naps\u00fct\u00e9ses napon\" class=\"wp-image-404750\" title=\"\" srcset=\"https:\/\/loudavymkrokem.cz\/wp-content\/uploads\/2026\/08\/jurty-beskydy-3.jpg 1800w, https:\/\/loudavymkrokem.cz\/wp-content\/uploads\/2026\/08\/jurty-beskydy-3-300x200.jpg 300w, https:\/\/loudavymkrokem.cz\/wp-content\/uploads\/2026\/08\/jurty-beskydy-3-700x466.jpg 700w, https:\/\/loudavymkrokem.cz\/wp-content\/uploads\/2026\/08\/jurty-beskydy-3-768x512.jpg 768w, https:\/\/loudavymkrokem.cz\/wp-content\/uploads\/2026\/08\/jurty-beskydy-3-1536x1023.jpg 1536w, https:\/\/loudavymkrokem.cz\/wp-content\/uploads\/2026\/08\/jurty-beskydy-3-696x464.jpg 696w, https:\/\/loudavymkrokem.cz\/wp-content\/uploads\/2026\/08\/jurty-beskydy-3-1392x927.jpg 1392w\" sizes=\"(max-width: 1800px) 100vw, 1800px\" \/><button\n\t\t\tclass=\"lightbox-trigger\"\n\t\t\ttype=\"button\"\n\t\t\taria-haspopup=\"dialog\"\n\t\t\tdata-wp-bind--aria-label=\"state.thisImage.triggerButtonAriaLabel\"\n\t\t\tdata-wp-init=\"callbacks.initTriggerButton\"\n\t\t\tdata-wp-on--click=\"actions.showLightbox\"\n\t\t\tdata-wp-style--right=\"state.thisImage.buttonRight\"\n\t\t\tdata-wp-style--top=\"state.thisImage.buttonTop\"\n\t\t>\n\t\t\t<svg xmlns=\"http:\/\/www.w3.org\/2000\/svg\" width=\"12\" height=\"12\" fill=\"none\" viewBox=\"0 0 12 12\">\n\t\t\t\t<path fill=\"#fff\" d=\"M2 0a2 2 0 0 0-2 2v2h1.5V2a.5.5 0 0 1 .5-.5h2V0H2Zm2 10.5H2a.5.5 0 0 1-.5-.5V8H0v2a2 2 0 0 0 2 2h2v-1.5ZM8 12v-1.5h2a.5.5 0 0 0 .5-.5V8H12v2a2 2 0 0 1-2 2H8Zm2-12a2 2 0 0 1 2 2v2h-1.5V2a.5.5 0 0 0-.5-.5H8V0h2Z\" \/>\n\t\t\t<\/svg>\n\t\t<\/button><figcaption class=\"wp-element-caption\">Fot\u00f3: Jurty Beskydy \/ hivatalos weboldal<\/figcaption><\/figure>\n<\/figure>\n\n\n\n<p class=\"wp-block-paragraph\">Mindezekhez r\u00e1ad\u00e1sul m\u00e9g egy gy\u00f6ny\u00f6r\u0171 <strong>priv\u00e1t wellness z\u00f3na is tartozik finn szaun\u00e1val \u00e9s f\u0171t\u00f6tt f\u00fcrd\u0151d\u00e9zs\u00e1val<\/strong>, amely csak a ti\u00e9d. El\u00e9rni a tiszta \u00f6t csillagot ennyi \u00e9rt\u00e9kel\u00e9sb\u0151l a meglehet\u0151sen ig\u00e9nyes cseh k\u00f6r\u00fclm\u00e9nyek k\u00f6z\u00f6tt teljesen kiv\u00e9teles siker, amely a tulajdonosok hihetetlen odaad\u00e1s\u00e1r\u00f3l tan\u00faskodik. Minden r\u00e9szletet a legapr\u00f3bb pontig \u00fagy gondoltak \u00e1t, hogy a vend\u00e9gek maxim\u00e1lisan kipihenhess\u00e9k magukat, \u00e9s egy\u00e1ltal\u00e1n semmivel se kelljen foglalkozniuk.<\/p>\n\n\n\n<p class=\"wp-block-paragraph\">\ud83d\udca1 <strong>Tipp:<\/strong> Ez a hely mintha egy romantikus kettesben t\u00f6lt\u00f6tt h\u00e9tv\u00e9g\u00e9re teremtett\u00e9k volna, ahol <strong>teljes \u00e9s semmivel sem zavart mag\u00e1nyra \u00e9s pr\u00e9miumszolg\u00e1ltat\u00e1sokra v\u00e1gysz<\/strong> egy kis \u00e1zsiai egzotikum lehelet\u00e9vel, an\u00e9lk\u00fcl, hogy rep\u00fcl\u0151g\u00e9pre kellene \u00fcln\u00f6d. <em><a href=\"https:\/\/www.stay22.com\/allez\/roam?aid=lukaskonecny&amp;campaign=loudavymkrokemcz&amp;campaign=netradicni-ubytovani-na-svete&amp;hotelname=Jurty%20Beskydy&amp;address=Ropice%2C%20%C4%8Cesko\" target=\"_blank\" rel=\"nofollow noopener sponsored\">\u00e1rak \u00e9s el\u00e9rhet\u0151s\u00e9g ellen\u0151rz\u00e9se<\/a><\/em><\/p>\n\n\n\n<figure data-wp-context=\"{&quot;imageId&quot;:&quot;6a9530c47fb84&quot;}\" data-wp-interactive=\"core\/image\" data-wp-key=\"6a9530c47fb84\" class=\"wp-block-image size-full wp-lightbox-container\"><img decoding=\"async\" width=\"1800\" height=\"1200\" data-wp-class--hide=\"state.isContentHidden\" data-wp-class--show=\"state.isContentVisible\" data-wp-init=\"callbacks.setButtonStyles\" data-wp-on--click=\"actions.showLightbox\" data-wp-on--load=\"callbacks.setButtonStyles\" data-wp-on--pointerdown=\"actions.preloadImage\" data-wp-on--pointerenter=\"actions.preloadImageWithDelay\" data-wp-on--pointerleave=\"actions.cancelPreload\" data-wp-on-window--resize=\"callbacks.setButtonStyles\" data-id=\"404747\" src=\"https:\/\/loudavymkrokem.cz\/wp-content\/uploads\/2026\/08\/tich-m-sto-glamping-1.jpg\" alt=\"A Tich\u00e9 m\u00edsto \u00fcvegezett kupol\u00e1ja a Slapy-v\u00edzt\u00e1roz\u00f3n\u00e1l\" class=\"wp-image-404747\" title=\"\" srcset=\"https:\/\/loudavymkrokem.cz\/wp-content\/uploads\/2026\/08\/tich-m-sto-glamping-1.jpg 1800w, https:\/\/loudavymkrokem.cz\/wp-content\/uploads\/2026\/08\/tich-m-sto-glamping-1-300x200.jpg 300w, https:\/\/loudavymkrokem.cz\/wp-content\/uploads\/2026\/08\/tich-m-sto-glamping-1-700x467.jpg 700w, https:\/\/loudavymkrokem.cz\/wp-content\/uploads\/2026\/08\/tich-m-sto-glamping-1-768x512.jpg 768w, https:\/\/loudavymkrokem.cz\/wp-content\/uploads\/2026\/08\/tich-m-sto-glamping-1-1536x1024.jpg 1536w, https:\/\/loudavymkrokem.cz\/wp-content\/uploads\/2026\/08\/tich-m-sto-glamping-1-696x464.jpg 696w, https:\/\/loudavymkrokem.cz\/wp-content\/uploads\/2026\/08\/tich-m-sto-glamping-1-1392x928.jpg 1392w\" sizes=\"(max-width: 1800px) 100vw, 1800px\" \/><button\n\t\t\tclass=\"lightbox-trigger\"\n\t\t\ttype=\"button\"\n\t\t\taria-haspopup=\"dialog\"\n\t\t\tdata-wp-bind--aria-label=\"state.thisImage.triggerButtonAriaLabel\"\n\t\t\tdata-wp-init=\"callbacks.initTriggerButton\"\n\t\t\tdata-wp-on--click=\"actions.showLightbox\"\n\t\t\tdata-wp-style--right=\"state.thisImage.buttonRight\"\n\t\t\tdata-wp-style--top=\"state.thisImage.buttonTop\"\n\t\t>\n\t\t\t<svg xmlns=\"http:\/\/www.w3.org\/2000\/svg\" width=\"12\" height=\"12\" fill=\"none\" viewBox=\"0 0 12 12\">\n\t\t\t\t<path fill=\"#fff\" d=\"M2 0a2 2 0 0 0-2 2v2h1.5V2a.5.5 0 0 1 .5-.5h2V0H2Zm2 10.5H2a.5.5 0 0 1-.5-.5V8H0v2a2 2 0 0 0 2 2h2v-1.5ZM8 12v-1.5h2a.5.5 0 0 0 .5-.5V8H12v2a2 2 0 0 1-2 2H8Zm2-12a2 2 0 0 1 2 2v2h-1.5V2a.5.5 0 0 0-.5-.5H8V0h2Z\" \/>\n\t\t\t<\/svg>\n\t\t<\/button><figcaption class=\"wp-element-caption\">Fot\u00f3: Tich\u00e9 m\u00edsto Glamping \/ hivatalos weboldal<\/figcaption><\/figure>\n\n\n\n<h3 class=\"wp-block-heading\"><span class=\"ez-toc-section\" id=\"33_Tiche_misto_Glamping_Slapy\"><\/span>33. Tich\u00e9 m\u00edsto Glamping, Slapy<span class=\"ez-toc-section-end\"><\/span><\/h3>\n\n\n\n<p class=\"wp-block-paragraph\">Egy m\u00e1sik \u00f6tcsillagos gy\u00f6ngyszemet a cseh t\u00e9rk\u00e9pen <strong>k\u00e9t gy\u00f6ny\u00f6r\u0171 \u00e9s t\u00e1gas s\u00e1tor alkot, amelyek csup\u00e1n k\u00e9tperces s\u00e9t\u00e1ra fekszenek a Slapy-v\u00edzt\u00e1roz\u00f3t\u00f3l<\/strong>. Minden s\u00e1torhoz luxus priv\u00e1t k\u00fclt\u00e9ri pezsg\u0151f\u00fcrd\u0151 tartozik, ahol zavartalanul relax\u00e1lhatsz egy \u00fcveg bor mellett, a vend\u00e9gek r\u00e1ad\u00e1sul egy remek k\u00f6z\u00f6s k\u00fclt\u00e9ri szaun\u00e1t is haszn\u00e1lhatnak. Ez a term\u00e9szetben val\u00f3 kempingez\u00e9s \u00e9s a pr\u00e9mium wellnesstart\u00f3zkod\u00e1s elemeinek teljesen t\u00f6k\u00e9letes \u00f6tv\u00f6zete.<\/p>\n\n\n\n<p class=\"wp-block-paragraph\">Logisztikai szempontb\u00f3l ez messze a <strong>legk\u00f6zelebbi glampingmened\u00e9k Pr\u00e1g\u00e1b\u00f3l indul\u00f3 \u00fat eset\u00e9n<\/strong>, \u00edgy ide nyugodtan, mindenf\u00e9le stressz n\u00e9lk\u00fcl eljutsz ak\u00e1r p\u00e9ntek este is, egy meger\u0151ltet\u0151 munka ut\u00e1n. Nem kell hossz\u00fa \u00f3r\u00e1kat t\u00f6ltened az aut\u00f3ban, el\u00e9g egy kicsit elhajtani, \u00e9s egyszeriben egy teljesen m\u00e1s vil\u00e1gban tal\u00e1lod magad, messze a v\u00e1rosi ny\u00fczsg\u00e9st\u0151l \u00e9s a v\u00e9gtelen kocsisorokt\u00f3l.<\/p>\n\n\n\n<p class=\"wp-block-paragraph\">\ud83d\udca1 <strong>Tipp:<\/strong> A hely ugyan viszonylag k\u00f6zel fekszik a civiliz\u00e1ci\u00f3hoz \u00e9s a kedvelt v\u00edzt\u00e1roz\u00f3hoz, de a s\u00e1trak nagyon okos elhelyez\u00e9s\u00e9nek k\u00f6sz\u00f6nhet\u0151en a s\u0171r\u0171 z\u00f6ldben <strong>hatalmas \u00e9rz\u00e9st ny\u00fajt a teljes nyugalomb\u00f3l \u00e9s a nagyon v\u00e1gyott elszigetelts\u00e9gb\u0151l<\/strong>. \u00cdgy megkapod a legjobbat mindk\u00e9t vil\u00e1gb\u00f3l. <em><a href=\"https:\/\/www.stay22.com\/allez\/roam?aid=lukaskonecny&amp;campaign=loudavymkrokemcz&amp;campaign=netradicni-ubytovani-na-svete&amp;hotelname=Tich%C3%A9%20m%C3%ADsto%20Glamping&amp;address=Slapy%2C%20%C4%8Cesko\" target=\"_blank\" rel=\"nofollow noopener sponsored\">\u00e1rak \u00e9s el\u00e9rhet\u0151s\u00e9g ellen\u0151rz\u00e9se<\/a><\/em><\/p>\n\n\n\n<figure data-wp-context=\"{&quot;imageId&quot;:&quot;6a9530c47ff24&quot;}\" data-wp-interactive=\"core\/image\" data-wp-key=\"6a9530c47ff24\" class=\"wp-block-image size-full wp-lightbox-container\"><img decoding=\"async\" width=\"1800\" height=\"1012\" data-wp-class--hide=\"state.isContentHidden\" data-wp-class--show=\"state.isContentVisible\" data-wp-init=\"callbacks.setButtonStyles\" data-wp-on--click=\"actions.showLightbox\" data-wp-on--load=\"callbacks.setButtonStyles\" data-wp-on--pointerdown=\"actions.preloadImage\" data-wp-on--pointerenter=\"actions.preloadImageWithDelay\" data-wp-on--pointerleave=\"actions.cancelPreload\" data-wp-on-window--resize=\"callbacks.setButtonStyles\" data-id=\"404746\" src=\"https:\/\/loudavymkrokem.cz\/wp-content\/uploads\/2026\/08\/glampino-1.jpg\" alt=\"A GLAMPINO h\u00e1zik\u00f3ja napkeltekor \u010cesk\u00fd Krumlov felett\" class=\"wp-image-404746\" title=\"\" srcset=\"https:\/\/loudavymkrokem.cz\/wp-content\/uploads\/2026\/08\/glampino-1.jpg 1800w, https:\/\/loudavymkrokem.cz\/wp-content\/uploads\/2026\/08\/glampino-1-300x169.jpg 300w, https:\/\/loudavymkrokem.cz\/wp-content\/uploads\/2026\/08\/glampino-1-700x394.jpg 700w, https:\/\/loudavymkrokem.cz\/wp-content\/uploads\/2026\/08\/glampino-1-768x432.jpg 768w, https:\/\/loudavymkrokem.cz\/wp-content\/uploads\/2026\/08\/glampino-1-1536x864.jpg 1536w, https:\/\/loudavymkrokem.cz\/wp-content\/uploads\/2026\/08\/glampino-1-696x391.jpg 696w, https:\/\/loudavymkrokem.cz\/wp-content\/uploads\/2026\/08\/glampino-1-1392x783.jpg 1392w\" sizes=\"(max-width: 1800px) 100vw, 1800px\" \/><button\n\t\t\tclass=\"lightbox-trigger\"\n\t\t\ttype=\"button\"\n\t\t\taria-haspopup=\"dialog\"\n\t\t\tdata-wp-bind--aria-label=\"state.thisImage.triggerButtonAriaLabel\"\n\t\t\tdata-wp-init=\"callbacks.initTriggerButton\"\n\t\t\tdata-wp-on--click=\"actions.showLightbox\"\n\t\t\tdata-wp-style--right=\"state.thisImage.buttonRight\"\n\t\t\tdata-wp-style--top=\"state.thisImage.buttonTop\"\n\t\t>\n\t\t\t<svg xmlns=\"http:\/\/www.w3.org\/2000\/svg\" width=\"12\" height=\"12\" fill=\"none\" viewBox=\"0 0 12 12\">\n\t\t\t\t<path fill=\"#fff\" d=\"M2 0a2 2 0 0 0-2 2v2h1.5V2a.5.5 0 0 1 .5-.5h2V0H2Zm2 10.5H2a.5.5 0 0 1-.5-.5V8H0v2a2 2 0 0 0 2 2h2v-1.5ZM8 12v-1.5h2a.5.5 0 0 0 .5-.5V8H12v2a2 2 0 0 1-2 2H8Zm2-12a2 2 0 0 1 2 2v2h-1.5V2a.5.5 0 0 0-.5-.5H8V0h2Z\" \/>\n\t\t\t<\/svg>\n\t\t<\/button><figcaption class=\"wp-element-caption\">Fot\u00f3: GLAMPINO \/ hivatalos weboldal<\/figcaption><\/figure>\n\n\n\n<h3 class=\"wp-block-heading\"><span class=\"ez-toc-section\" id=\"34_GLAMPINO_Cesky_Krumlov\"><\/span>34. GLAMPINO, \u010cesk\u00fd Krumlov<span class=\"ez-toc-section-end\"><\/span><\/h3>\n\n\n\n<p class=\"wp-block-paragraph\">Ez a nagyon kedvelt d\u00e9l-csehorsz\u00e1gi projekt, remek, 4,9-es \u00e9rt\u00e9kel\u00e9ssel, <strong>sz\u00f3 szerint karny\u00fajt\u00e1snyira fekszik \u010cesk\u00fd Krumlov t\u00f6rt\u00e9nelmi belv\u00e1ros\u00e1t\u00f3l<\/strong>. A gy\u00f6ny\u00f6r\u0171 \u00e9s luxusfelszerelts\u00e9g\u0171 s\u00e1trakat nagy fateraszukkal \u00edgy teljesen t\u00f6k\u00e9letesen kombin\u00e1lhatod a v\u00e1rkomplexum d\u00e9lut\u00e1ni l\u00e1togat\u00e1s\u00e1val \u00e9s a helyi k\u00e1v\u00e9z\u00f3k felfedez\u00e9s\u00e9vel. Elk\u00e9peszt\u0151 kontrasztot k\u00edn\u00e1l a r\u00e9ten val\u00f3 reggeli \u00e9bred\u00e9s \u00e9s az \u00f3don, vil\u00e1g\u00f6r\u00f6ks\u00e9gi list\u00e1n szerepl\u0151 utc\u00e1kban tett esti s\u00e9ta k\u00f6z\u00f6tt.<\/p>\n\n\n\n<p class=\"wp-block-paragraph\">Rendk\u00edv\u00fcl <strong>j\u00f3 v\u00e1laszt\u00e1s az \u00e9leted legels\u0151 glampingj\u00e9hez<\/strong>, k\u00fcl\u00f6n\u00f6sen, ha m\u00e9g nem vagy sz\u00e1zsz\u00e1zal\u00e9kig biztos benne, hogy a s\u00e1tor alatti alv\u00e1s bej\u00f6n-e neked. Egy\u00e1ltal\u00e1n nem kell tartanod att\u00f3l, hogy valahol m\u00e9lyen az erd\u0151ben ragadsz, messze a civiliz\u00e1ci\u00f3t\u00f3l, egy j\u00f3 vacsora vagy egy reggeli k\u00e1v\u00e9 megv\u00e1s\u00e1rl\u00e1s\u00e1nak lehet\u0151s\u00e9ge n\u00e9lk\u00fcl. Meglep\u0151en minden k\u00f6zel van hozz\u00e1d \u00e9s karny\u00fajt\u00e1snyira.<\/p>\n\n\n\n<p class=\"wp-block-paragraph\">\ud83d\udca1 <strong>Tipp:<\/strong> Ha esetleg a h\u00e9tv\u00e9g\u00e9n egy\u00e1ltal\u00e1n nem lesz j\u00f3 az id\u0151, <strong>egyszer\u0171en felkerekedhetsz, \u00e9s sz\u00e1razon n\u00e9zegetheted a m\u00fazeumokat \u00e9s a v\u00e1rost<\/strong>, amit az elszigetelt, m\u00e9ly erd\u0151k k\u00f6zep\u00e9n l\u00e9v\u0151 glampingekn\u00e9l egyszer\u0171en nem lehet ilyen k\u00f6nnyen megtenni. <em><a href=\"https:\/\/www.stay22.com\/allez\/roam?aid=lukaskonecny&amp;campaign=loudavymkrokemcz&amp;campaign=netradicni-ubytovani-na-svete&amp;hotelname=GLAMPINO&amp;address=%C4%8Cesk%C3%BD%20Krumlov%2C%20%C4%8Cesko\" target=\"_blank\" rel=\"nofollow noopener sponsored\">\u00e1rak \u00e9s el\u00e9rhet\u0151s\u00e9g ellen\u0151rz\u00e9se<\/a><\/em><\/p>\n\n\n\n<figure data-wp-context=\"{&quot;imageId&quot;:&quot;6a9530c480438&quot;}\" data-wp-interactive=\"core\/image\" data-wp-key=\"6a9530c480438\" class=\"wp-block-image size-full wp-lightbox-container\"><img decoding=\"async\" width=\"1800\" height=\"1114\" data-wp-class--hide=\"state.isContentHidden\" data-wp-class--show=\"state.isContentVisible\" data-wp-init=\"callbacks.setButtonStyles\" data-wp-on--click=\"actions.showLightbox\" data-wp-on--load=\"callbacks.setButtonStyles\" data-wp-on--pointerdown=\"actions.preloadImage\" data-wp-on--pointerenter=\"actions.preloadImageWithDelay\" data-wp-on--pointerleave=\"actions.cancelPreload\" data-wp-on-window--resize=\"callbacks.setButtonStyles\" data-id=\"404745\" src=\"https:\/\/loudavymkrokem.cz\/wp-content\/uploads\/2026\/08\/hidden-retreat-1.jpg\" alt=\"A Hidden Retreat egy k\u0151fejt\u0151 tav\u00e1nak felsz\u00edne felett a Vyso\u010din\u00e1n\" class=\"wp-image-404745\" title=\"\" srcset=\"https:\/\/loudavymkrokem.cz\/wp-content\/uploads\/2026\/08\/hidden-retreat-1.jpg 1800w, https:\/\/loudavymkrokem.cz\/wp-content\/uploads\/2026\/08\/hidden-retreat-1-300x186.jpg 300w, https:\/\/loudavymkrokem.cz\/wp-content\/uploads\/2026\/08\/hidden-retreat-1-700x433.jpg 700w, https:\/\/loudavymkrokem.cz\/wp-content\/uploads\/2026\/08\/hidden-retreat-1-768x475.jpg 768w, https:\/\/loudavymkrokem.cz\/wp-content\/uploads\/2026\/08\/hidden-retreat-1-1536x951.jpg 1536w, https:\/\/loudavymkrokem.cz\/wp-content\/uploads\/2026\/08\/hidden-retreat-1-696x431.jpg 696w, https:\/\/loudavymkrokem.cz\/wp-content\/uploads\/2026\/08\/hidden-retreat-1-1392x861.jpg 1392w\" sizes=\"(max-width: 1800px) 100vw, 1800px\" \/><button\n\t\t\tclass=\"lightbox-trigger\"\n\t\t\ttype=\"button\"\n\t\t\taria-haspopup=\"dialog\"\n\t\t\tdata-wp-bind--aria-label=\"state.thisImage.triggerButtonAriaLabel\"\n\t\t\tdata-wp-init=\"callbacks.initTriggerButton\"\n\t\t\tdata-wp-on--click=\"actions.showLightbox\"\n\t\t\tdata-wp-style--right=\"state.thisImage.buttonRight\"\n\t\t\tdata-wp-style--top=\"state.thisImage.buttonTop\"\n\t\t>\n\t\t\t<svg xmlns=\"http:\/\/www.w3.org\/2000\/svg\" width=\"12\" height=\"12\" fill=\"none\" viewBox=\"0 0 12 12\">\n\t\t\t\t<path fill=\"#fff\" d=\"M2 0a2 2 0 0 0-2 2v2h1.5V2a.5.5 0 0 1 .5-.5h2V0H2Zm2 10.5H2a.5.5 0 0 1-.5-.5V8H0v2a2 2 0 0 0 2 2h2v-1.5ZM8 12v-1.5h2a.5.5 0 0 0 .5-.5V8H12v2a2 2 0 0 1-2 2H8Zm2-12a2 2 0 0 1 2 2v2h-1.5V2a.5.5 0 0 0-.5-.5H8V0h2Z\" \/>\n\t\t\t<\/svg>\n\t\t<\/button><figcaption class=\"wp-element-caption\">Fot\u00f3: Hidden Retreat \/ hivatalos weboldal<\/figcaption><\/figure>\n\n\n\n<h3 class=\"wp-block-heading\"><span class=\"ez-toc-section\" id=\"35_Hidden_Retreat_Lipnice_nad_Sazavou_Vysocina\"><\/span>35. Hidden Retreat, Lipnice nad S\u00e1zavou, Vyso\u010dina<span class=\"ez-toc-section-end\"><\/span><\/h3>\n\n\n\n<p class=\"wp-block-paragraph\">A legislegutols\u00f3 tipp\u00fcnk, kiv\u00e1l\u00f3, 4,9-es \u00e9rt\u00e9kel\u00e9ssel, egy gy\u00f6ny\u00f6r\u0171 <strong>modern mag\u00e1nmened\u00e9k, amely a Vyso\u010dina fest\u0151i dombjai k\u00f6zt rejt\u0151zik<\/strong>, Lipnice nad S\u00e1zavou k\u00f6zel\u00e9ben. Az eg\u00e9sz egyedi koncepci\u00f3 teljesen maxim\u00e1lis hangs\u00falyt fektet a vend\u00e9gek abszol\u00fat mag\u00e1ny\u00e1ra, a gy\u00f3gy\u00edt\u00f3 k\u00f6rnyez\u0151 csendre \u00e9s a term\u00e9szettel val\u00f3 t\u00f6k\u00e9letes \u00f6sszeolvad\u00e1sra. Egy\u00e1ltal\u00e1n semmilyen zavar\u00f3 elemet nem tal\u00e1lsz itt, csak gy\u00f6ny\u00f6r\u0171 \u00e9szaki diz\u00e1jnt, hatalmas k\u00e9nyelmet \u00e9s semmivel sem zavart kil\u00e1t\u00e1st a z\u00f6ldbe, amely azonnal megnyugtatja az elm\u00e9t.<\/p>\n\n\n\n<p class=\"wp-block-paragraph\">Ez egy mened\u00e9k, amelyet els\u0151sorban <strong>szerelmes p\u00e1roknak terveztek, akik a h\u00e9tv\u00e9g\u00e9n t\u00e9nyleg ki akarj\u00e1k kapcsolni a telefonjukat<\/strong>, f\u00e9lredobni minden munkahelyi gondot, \u00e9s csak egym\u00e1st \u00e9lvezni egy minimalista, de m\u00e9gis nagyon luxus k\u00f6rnyezetben. A mai rohan\u00f3 vil\u00e1gban a lehet\u0151s\u00e9g, hogy egy id\u0151re teljesen offline lehess, \u00e9s ne halld a folyamatos \u00e9rtes\u00edt\u00e9sek pittyeg\u00e9s\u00e9t, hatalmas luxus, amelyet ez a hely sz\u00e1z sz\u00e1zal\u00e9kig meg tud adni.<\/p>\n\n\n\n<p class=\"wp-block-paragraph\">\ud83d\udca1 <strong>Tipp:<\/strong> Ne v\u00e1rj itt semmilyen nagy resortszolg\u00e1ltat\u00e1st, szervezett sz\u00f3rakoz\u00e1st vagy \u00e9ttermeket egyenesen az orrod el\u0151tt. <strong>Ennek a helynek az eg\u00e9sz hatalmas var\u00e1zsa \u00e9pp a teljes elszigetelts\u00e9g\u00e9ben<\/strong> \u00e9s a nyugalomban rejlik, amely itt eg\u00e9sz \u00e9vben uralkodik.<\/p>\n\n\n\n<h2 class=\"wp-block-heading\"><span class=\"ez-toc-section\" id=\"Hogyan_valaszd_ki_a_megfelelo_szallast\"><\/span>Hogyan v\u00e1laszd ki a megfelel\u0151 sz\u00e1ll\u00e1st<span class=\"ez-toc-section-end\"><\/span><\/h2>\n\n\n\n<p class=\"wp-block-paragraph\">Egyetlen konkr\u00e9t \u00e9lm\u00e9ny mellett d\u00f6nteni a hatalmas k\u00edn\u00e1lat \u00e9s a <strong>magas \u00e1rak<\/strong> miatt eg\u00e9szen neh\u00e9z lehet. Ez\u00e9rt mindig azt javaslom, tegy\u00e9l fel magadnak <strong>a foglal\u00e1s el\u0151tt<\/strong> p\u00e1r teljesen alapvet\u0151 k\u00e9rd\u00e9st, amely megk\u00f6nny\u00edti a v\u00e1laszt\u00e1st, \u00e9s megk\u00edm\u00e9l az esetleges csal\u00f3d\u00e1st\u00f3l.<\/p>\n\n\n\n<ul class=\"wp-block-list\">\n<li><strong>Szeretn\u00e9d l\u00e1tni a sarki f\u00e9nyt?<\/strong> Indulj szeptember v\u00e9g\u00e9t\u0151l m\u00e1rciusig, de sz\u00e1molj azzal, hogy egyszer\u0171en senki sem garant\u00e1lja. K\u00e9t \u00e9jszaka az igluban jelent\u0151sen jobban n\u00f6veli az es\u00e9lyt a sikerre, mint egyetlen gyors meg\u00e1ll\u00f3, amely alatt \u00e9pp lehet borult az \u00e9g.<\/li>\n\n\n\n<li><strong>Ki akarsz pr\u00f3b\u00e1lni egy j\u00e9ghotelt?<\/strong> Egy fagyos \u00e9jszaka a j\u00e9gben az er\u0151s \u00e9lm\u00e9nyhez b\u0151ven el\u00e9g, a m\u00e1sodikat pedig a biztons\u00e1g kedv\u00e9\u00e9rt mindig egy klasszikus meleg szomsz\u00e9dos f\u0171t\u00f6tt \u00e9p\u00fcletben foglald.<\/li>\n\n\n\n<li><strong>Vad\u00e1llatok k\u00f6z\u00f6tt szeretn\u00e9l aludni?<\/strong> V\u00e9rtezd fel magad hatalmas t\u00fcrelemmel, \u00e9s foglald le a kedvelt Giraffe Manort nyugodtan ak\u00e1r egy \u00e9vvel el\u0151re, vagy keress olyan afrikai \u00e9lm\u00e9nyeket, mint a Chalkley Treehouse, egyenesen a f\u0151 szafarid kieg\u00e9sz\u00edt\u0151jek\u00e9nt.<\/li>\n\n\n\n<li><strong>El akarsz mer\u00fclni a tenger felsz\u00edne al\u00e1?<\/strong> Sz\u00e1molj n\u00e9h\u00e1ny \u00e9jszak\u00e1s minimumtart\u00f3zkod\u00e1ssal, \u00e9s azzal, hogy a viharos id\u0151j\u00e1r\u00e1s \u00e1tmenetileg teljesen lez\u00e1rhatja a v\u00edz alatti szob\u00e1t. A v\u00edz alatti szoba kiutal\u00e1s\u00e1r\u00f3l sz\u00f3l\u00f3 minden visszaigazol\u00e1st szigor\u00faan \u00edr\u00e1sban legyen meg.<\/li>\n\n\n\n<li><strong>P\u00e1nikszer\u0171en f\u00e9lsz a magass\u00e1gt\u00f3l?<\/strong> Akkor a biztons\u00e1g kedv\u00e9\u00e9rt teljesen hagyd ki a Skylodge \u00fcvegkapszul\u00e1it Peruban \u00e9s a mer\u00e9sz 7th Room szob\u00e1t a sv\u00e9d Treehotelben, ahol \u00e1tl\u00e1tsz\u00f3 h\u00e1l\u00f3n kell j\u00e1rni.<\/li>\n\n\n\n<li><strong>Kisebb gyerekekkel utazol?<\/strong> A vad sv\u00e9d Kolarbyn, a szlov\u00e9n Garden Village Bled \u00e9s a cseh glampingek sz\u00e1z sz\u00e1zal\u00e9kig elvar\u00e1zsolj\u00e1k \u0151ket. Ezzel szemben a himb\u00e1l\u00f3z\u00f3 Free Spirit Spheres g\u00f6mb\u00f6k, a hegym\u00e1sz\u00f3s Skylodge vagy az alpesi Null Stern egy\u00e1ltal\u00e1n nem alkalmasak sz\u00e1mukra.<\/li>\n\n\n\n<li><strong>Nagy \u00e9lm\u00e9nyre v\u00e1gysz m\u00e1r egy h\u00f3napon bel\u00fcl, dr\u00e1ga rep\u00fcl\u0151jegy n\u00e9lk\u00fcl?<\/strong> Egy\u00e1ltal\u00e1n nem kell \u00e1trep\u00fcln\u00f6d az \u00f3ce\u00e1nt, v\u00e1lassz egy elk\u00e9peszt\u0151 csehorsz\u00e1gi glampinget, vagy csin\u00e1lj egy laza h\u00e9tv\u00e9gi roadtripet a szlov\u00e9niai Bledbe.<\/li>\n<\/ul>\n\n\n\n<h2 class=\"wp-block-heading\"><span class=\"ez-toc-section\" id=\"Mennyibe_kerul_mindez_a_valosagban\"><\/span>Mennyibe ker\u00fcl mindez a val\u00f3s\u00e1gban<span class=\"ez-toc-section-end\"><\/span><\/h2>\n\n\n\n<p class=\"wp-block-paragraph\">Ezeknek az egyedi \u00e9lm\u00e9nyeknek az \u00e1rai \u00e9rthet\u0151 m\u00f3don nagyon elt\u00e9rnek a konkr\u00e9t szezont\u00f3l \u00e9s az aktu\u00e1lis kereslett\u0151l f\u00fcgg\u0151en, de a durva elk\u00e9pzel\u00e9shez elindulhatunk a hivatalos, ellen\u0151rz\u00f6tt \u00f6sszegekb\u0151l, hogy tudd, nagyj\u00e1b\u00f3l mi v\u00e1r r\u00e1d. A sv\u00e9d <strong>ICEHOTEL nagyj\u00e1b\u00f3l 300 eur\u00f3t\u00f3l indul<\/strong> egy \u00e9jszak\u00e1ra a legalapvet\u0151bb j\u00e9gszob\u00e1ban. A sv\u00e1jci, csillagok alatti m\u0171v\u00e9szi sz\u00e9ls\u0151s\u00e9g\u00e9rt, a Null Stern\u00e9rt \u00e9jszak\u00e1nk\u00e9nt <strong>350 eur\u00f3 k\u00f6r\u00fcl fizetsz<\/strong>.<\/p>\n\n\n\n<p class=\"wp-block-paragraph\">Ha ink\u00e1bb a sv\u00e9d fakoron\u00e1k vonzanak, a h\u00edres <strong>Treehotel nagyj\u00e1b\u00f3l 6000-6900 sv\u00e9d koron\u00e1ba<\/strong> ker\u00fcl, ami \u00e1tsz\u00e1m\u00edtva rendes summa. A zsir\u00e1fokkal val\u00f3 reggeli az afrikai <strong>Giraffe Manorban szem\u00e9lyenk\u00e9nt hozz\u00e1vet\u0151leg 1413 doll\u00e1rt\u00f3l<\/strong> indul egyetlen all inclusive \u00e9jszak\u00e1ra. \u00c9s a legislegnagyobb p\u00e9nz\u00fcgyi sz\u00e9ls\u0151s\u00e9g? A v\u00edz alatti rezidencia, <strong>a The Muraka a Mald\u00edv-szigeteken 50 000 doll\u00e1ros hivatalos rack rate-et \u00e1llap\u00edtott meg<\/strong> egy \u00e9jszak\u00e1ra, b\u00e1r a val\u00f3s\u00e1gban a k\u00f6telez\u0151 n\u00e9gy \u00e9jszak\u00e1s minimumot tartalmaz\u00f3 csomagokban egy kis szerencs\u00e9vel nagyj\u00e1b\u00f3l 10 000 doll\u00e1rt\u00f3l is beszerezhet\u0151. A luxus egyszer\u0171en valamibe ker\u00fcl.<\/p>\n\n\n\n<h2 class=\"wp-block-heading\"><span class=\"ez-toc-section\" id=\"Hova_tovabb\"><\/span>Hova tov\u00e1bb<span class=\"ez-toc-section-end\"><\/span><\/h2>\n\n\n\n<p class=\"wp-block-paragraph\">Ha \u00e9rdekelnek a tov\u00e1bbi utaz\u00f3i inspir\u00e1ci\u00f3k \u00e9s tippek, tov\u00e1bbi cikkeket k\u00e9sz\u00edtett\u00fcnk neked, amelyek seg\u00edtenek megtervezni a k\u00f6vetkez\u0151 \u00e1lomutakat. Ha a luxus \u00e9s az egzotikum vonz, mindenk\u00e9pp olvasd el az \u00fatmutat\u00f3nkat a <a href=\"https:\/\/loudavymkrokem.cz\/hu\/maldiv-szigetek-nyaralas-tippek\/\">Mald\u00edv-szigetekhez<\/a>. Az afrikai hangulat \u00e9s a gy\u00f6ny\u00f6r\u0171 ri\u00e1dok szerelmeseinek \u00f6sszegy\u0171jt\u00f6tt\u00fck a tippeket arra, <a href=\"https:\/\/loudavymkrokem.cz\/hu\/mit-erdemes-megnezni-marrakesben\/\">mit \u00e9rdemes megn\u00e9zni Marr\u00e1kesben<\/a>. Ha ink\u00e1bb eur\u00f3pai romantik\u00e1t keresel, n\u00e9zd meg a cikk\u00fcnket arr\u00f3l, <a href=\"https:\/\/loudavymkrokem.cz\/hu\/becs-latnivalok-tippek\/\">mit \u00e9rdemes megn\u00e9zni B\u00e9csben<\/a>, vagy inspir\u00e1l\u00f3dj a v\u00e1logat\u00e1sunkb\u00f3l a var\u00e1zslatos horv\u00e1t <a href=\"https:\/\/loudavymkrokem.cz\/hu\/rovinj-horvatorszag-latnivalok\/\">Rovinjhoz<\/a>. Azoknak pedig, akik \u00e9pp az \u00f3ce\u00e1non t\u00falra tartanak, itt egy terjedelmes lista <a href=\"https:\/\/loudavymkrokem.cz\/hu\/mit-nezz-meg-new-yorkban\/\">50 tippel, mit \u00e9rdemes megn\u00e9zni New Yorkban<\/a>. <em><a href=\"https:\/\/www.stay22.com\/allez\/roam?aid=lukaskonecny&amp;campaign=loudavymkrokemcz&amp;campaign=netradicni-ubytovani-na-svete&amp;hotelname=Hidden%20Retreat&amp;address=Lipnice%20nad%20S%C3%A1zavou%2C%20%C4%8Cesko\" target=\"_blank\" rel=\"nofollow noopener sponsored\">\u00e1rak \u00e9s el\u00e9rhet\u0151s\u00e9g ellen\u0151rz\u00e9se<\/a><\/em><\/p>\n\n\n\n<h2 class=\"wp-block-heading\"><span class=\"ez-toc-section\" id=\"Gyakran_ismetelt_kerdesek\"><\/span>Gyakran ism\u00e9telt k\u00e9rd\u00e9sek<span class=\"ez-toc-section-end\"><\/span><\/h2>\n\n\n<div id=\"rank-math-faq\" class=\"rank-math-block\">\n<div class=\"rank-math-list \">\n<div id=\"faq-question-1787936218000\" class=\"rank-math-list-item\">\n<h3 class=\"rank-math-question \"><span class=\"ez-toc-section\" id=\"Mi_az_a_glamping_es_kinek_ajanlott\"><\/span>Mi az a glamping \u00e9s kinek aj\u00e1nlott?<span class=\"ez-toc-section-end\"><\/span><\/h3>\n<div class=\"rank-math-answer \">\n\n<p><strong>A glamping a luxus kempingez\u00e9s r\u00f6vid\u00edt\u00e9se<\/strong> (glamorous camping). Ez azt jelenti, hogy a vadon k\u00f6zep\u00e9n alszol s\u00e1torban, jurt\u00e1ban vagy fah\u00e1zik\u00f3ban, de k\u00f6zben egy hihetetlen\u00fcl k\u00e9nyelmes nagy \u00e1gy, elektromos csatlakoz\u00f3k \u00e9s legf\u0151k\u00e9ppen saj\u00e1t f\u00fcrd\u0151szoba \u00e1ll a rendelkez\u00e9sedre. Minden olyan utaz\u00f3nak aj\u00e1nlott, aki val\u00f3di romantik\u00e1t szeretne \u00e1t\u00e9lni az erd\u0151ben, de ugyanakkor <strong>nem akar lemondani a megszokott sz\u00e1llodai k\u00e9nyelemr\u0151l<\/strong>, a puha \u00e1gynem\u0171r\u0151l \u00e9s a forr\u00f3 zuhanyz\u00e1sr\u00f3l egy eg\u00e9sz napos kir\u00e1ndul\u00e1s ut\u00e1n.<\/p>\n\n<\/div>\n<\/div>\n<div id=\"faq-question-1787936218001\" class=\"rank-math-list-item\">\n<h3 class=\"rank-math-question \"><span class=\"ez-toc-section\" id=\"Mikor_a_legjobb_idoszak_az_uveg_igluk_latogatasara\"><\/span>Mikor a legjobb id\u0151szak az \u00fcveg igluk l\u00e1togat\u00e1s\u00e1ra?<span class=\"ez-toc-section-end\"><\/span><\/h3>\n<div class=\"rank-math-answer \">\n\n<p>Ha a f\u0151 c\u00e9lod a var\u00e1zslatos sarki f\u00e9ny megtekint\u00e9se, <strong>a legjobb es\u00e9lyed szeptember v\u00e9g\u00e9t\u0151l m\u00e1rcius v\u00e9g\u00e9ig van<\/strong>. De tartsd szem el\u0151tt, hogy az \u00e9gboltnak teljesen tiszt\u00e1nak kell lennie, \u00e9s a sarki f\u00e9nyt sajnos senki sem tudja el\u0151re sz\u00e1z sz\u00e1zal\u00e9kban garant\u00e1lni, ez egyszer\u0171en a term\u00e9szet. December \u00e9s janu\u00e1r sor\u00e1n r\u00e1ad\u00e1sul <strong>a sarkk\u00f6r\u00f6n t\u00fal hossz\u00fa sarki \u00e9jszaka van<\/strong>, \u00fagyhogy mindenk\u00e9ppen k\u00e9sz\u00fclj fel arra, hogy a nap folyam\u00e1n viszonylag hossz\u00fa ideig s\u00f6t\u00e9t lesz.<\/p>\n\n<\/div>\n<\/div>\n<div id=\"faq-question-1787936218002\" class=\"rank-math-list-item\">\n<h3 class=\"rank-math-question \"><span class=\"ez-toc-section\" id=\"Mennyi_a_tenyleges_homerseklet_a_jeghotelben\"><\/span>Mennyi a t\u00e9nyleges h\u0151m\u00e9rs\u00e9klet a j\u00e9ghotelben?<span class=\"ez-toc-section-end\"><\/span><\/h3>\n<div class=\"rank-math-answer \">\n\n<p>A j\u00e9gszob\u00e1k belsej\u00e9ben a h\u0151m\u00e9rs\u00e9klet viszonylag stabilan <strong>m\u00ednusz \u00f6t \u00e9s m\u00ednusz nyolc Celsius-fok k\u00f6z\u00f6tt mozog<\/strong>, \u00e9s ez meglep\u0151 m\u00f3don akkor is \u00edgy van, amikor a k\u00fcls\u0151 fagy j\u00f3val lejjebb, m\u00ednusz harminc k\u00f6zel\u00e9be s\u00fcllyed. Ezen a h\u0151m\u00e9rs\u00e9kleten ugyanis a j\u00e9g m\u00e1r nem kezd olvadni, de ugyanakkor m\u00e9g viszonylag j\u00f3l lehet benne aludni. Felmeleged\u00e9shez a vend\u00e9gek mindig <strong>speci\u00e1lis exped\u00edci\u00f3s h\u00e1l\u00f3zs\u00e1kokat kapnak, \u00e9s r\u00e9nszarvasb\u0151r\u00f6k vastag r\u00e9teg\u00e9n alszanak<\/strong>.<\/p>\n\n<\/div>\n<\/div>\n<div id=\"faq-question-1787936218003\" class=\"rank-math-list-item\">\n<h3 class=\"rank-math-question \"><span class=\"ez-toc-section\" id=\"Kepes_vagyok_tobb_egymast_koveto_ejszakat_aludni_a_jegszobaban\"><\/span>K\u00e9pes vagyok t\u00f6bb egym\u00e1st k\u00f6vet\u0151 \u00e9jszak\u00e1t aludni a j\u00e9gszob\u00e1ban?<span class=\"ez-toc-section-end\"><\/span><\/h3>\n<div class=\"rank-math-answer \">\n\n<p>Elm\u00e9letben term\u00e9szetesen k\u00e9pes vagy r\u00e1, de <strong>a vend\u00e9gek t\u00falnyom\u00f3 t\u00f6bbs\u00e9ge a biztons\u00e1g kedv\u00e9\u00e9rt csak egyetlen \u00e9jszak\u00e1t v\u00e1laszt a j\u00e9gben<\/strong>. Ez egy \u00f3ri\u00e1si \u00e9s megism\u00e9telhetetlen \u00e9lm\u00e9ny, azonban a testednek rendesen ki kell pihennie mag\u00e1t, \u00e9s f\u0151leg \u00e1t kell melegednie. Ez\u00e9rt maguk az \u00e9szaki sz\u00e1llod\u00e1k is \u00e1ltal\u00e1ban azt javasolj\u00e1k, hogy a <strong>m\u00e1sodik \u00e9jszak\u00e1t egy hagyom\u00e1nyos f\u0171t\u00f6tt szob\u00e1ban t\u00f6ltsd<\/strong>, amely szerencs\u00e9re ugyanannak a sz\u00e1ll\u00e1shelynek a r\u00e9sz\u00e9t k\u00e9pezi, \u00fagyhogy nem kell messzire k\u00f6lt\u00f6zn\u00f6d.<\/p>\n\n<\/div>\n<\/div>\n<div id=\"faq-question-1787936218004\" class=\"rank-math-list-item\">\n<h3 class=\"rank-math-question \"><span class=\"ez-toc-section\" id=\"A_fakoronaban_levo_szallodak_alkalmasak_kisgyerekek_szamara_is\"><\/span>A fakoron\u00e1ban l\u00e9v\u0151 sz\u00e1llod\u00e1k alkalmasak kisgyerekek sz\u00e1m\u00e1ra is?<span class=\"ez-toc-section-end\"><\/span><\/h3>\n<div class=\"rank-math-answer \">\n\n<p>Ez nagyon f\u00fcgg a konkr\u00e9t helyt\u0151l, mert <strong>egyes projektek biztons\u00e1gi okokb\u00f3l kiz\u00e1r\u00f3lag feln\u0151tteknek sz\u00f3lnak<\/strong>. P\u00e9ld\u00e1ul a kanadai Free Spirit Spheres hint\u00e1z\u00f3 g\u00f6mb\u00f6k egy\u00e1ltal\u00e1n nem fogadnak csal\u00e1dokat, m\u00edg a nyers sv\u00e9d Kolarbyn vagy a szlov\u00e9n Garden Village Bled csal\u00e1di glamping <strong>kalandv\u00e1gy\u00f3 gyerekek sz\u00e1m\u00e1ra teljesen fantasztikus<\/strong>. Ez\u00e9rt mindig alaposan olvasd el el\u0151re az adott sz\u00e1ll\u00e1shely felt\u00e9teleit a weboldalukon.<\/p>\n\n<\/div>\n<\/div>\n<div id=\"faq-question-1787936218005\" class=\"rank-math-list-item\">\n<h3 class=\"rank-math-question \"><span class=\"ez-toc-section\" id=\"Lefoglalhatom_a_maldiv-szigeteki_viz_alatti_apartmant_csak_hetvegere\"><\/span>Lefoglalhatom a mald\u00edv-szigeteki v\u00edz alatti apartmant csak h\u00e9tv\u00e9g\u00e9re?<span class=\"ez-toc-section-end\"><\/span><\/h3>\n<div class=\"rank-math-answer \">\n\n<p>Sajnos ez egy\u00e1ltal\u00e1n nem lehets\u00e9ges, mivel <strong>a luxus The Muraka \u00fcd\u00fcl\u0151hely szigor\u00faan megk\u00f6veteli legal\u00e1bb n\u00e9gy \u00e9jszaka tart\u00f3zkod\u00e1st<\/strong>. Ez teh\u00e1t nem egy gyors h\u00e9tv\u00e9gi kiruccan\u00e1s Eur\u00f3p\u00e1b\u00f3l, hanem hatalmas p\u00e9nz\u00fcgyi \u00e9s id\u0151beli befektet\u00e9s. R\u00e1ad\u00e1sul el\u0151re sz\u00e1molni kell azzal is, hogy <strong>nagyon rossz id\u0151j\u00e1r\u00e1s eset\u00e9n a v\u00edz alatti h\u00e1l\u00f3szoba biztons\u00e1gi okokb\u00f3l egy\u00e1ltal\u00e1n nem lehet hozz\u00e1f\u00e9rhet\u0151<\/strong>.<\/p>\n\n<\/div>\n<\/div>\n<div id=\"faq-question-1787936218006\" class=\"rank-math-list-item\">\n<h3 class=\"rank-math-question \"><span class=\"ez-toc-section\" id=\"Mennyivel_elore_kell_lefoglalnom_a_zsirafos_hotelt_Kenyaban\"><\/span>Mennyivel el\u0151re kell lefoglalnom a zsir\u00e1fos hotelt Keny\u00e1ban?<span class=\"ez-toc-section-end\"><\/span><\/h3>\n<div class=\"rank-math-answer \">\n\n<p>A h\u00edres afrikai Giraffe Manor hotel <strong>rem\u00e9nytelen\u00fcl telth\u00e1zzal m\u0171k\u00f6dik ak\u00e1r egy \u00e9vvel el\u0151re is<\/strong>, mivel mind\u00f6ssze tizenk\u00e9t gy\u00f6ny\u00f6r\u0171 szob\u00e1val rendelkezik. A f\u0151szezonra vonatkoz\u00f3 foglal\u00e1sok sz\u00f3 szerint n\u00e9h\u00e1ny napon bel\u00fcl elt\u0171nnek, miut\u00e1n a d\u00e1tumok megny\u00edlnak. Ha nincs ennyivel el\u0151re tervezett id\u0151pontod, <strong>\u00e9rdemes figyelemmel k\u00eds\u00e9rni a felszabadul\u00f3 helyeket k\u00f6r\u00fclbel\u00fcl n\u00e9gy h\u00e9ttel az indul\u00e1s el\u0151tt<\/strong>, amikor egyes vend\u00e9gek az utols\u00f3 pillanatban lemondj\u00e1k \u00e1lmaik utaz\u00e1s\u00e1t.<\/p>\n\n<\/div>\n<\/div>\n<div id=\"faq-question-1787936218007\" class=\"rank-math-list-item\">\n<h3 class=\"rank-math-question \"><span class=\"ez-toc-section\" id=\"Mi_tortenik_a_jeghotelekkel_tavasszal\"><\/span>Mi t\u00f6rt\u00e9nik a j\u00e9ghotelekkel tavasszal?<span class=\"ez-toc-section-end\"><\/span><\/h3>\n<div class=\"rank-math-answer \">\n\n<p>Ezek a hatalmas \u00e9s gy\u00f6ny\u00f6r\u0171 \u00e9p\u00edtm\u00e9nyek tavasszal egyszer\u0171en <strong>szabadon elolvadnak, \u00e9s a v\u00edz term\u00e9szetes m\u00f3don visszafolyik a k\u00f6rnyez\u0151 foly\u00f3kba<\/strong>. \u00cdgy minden t\u00e9l egy teljesen \u00faj \u00e9p\u00edtkez\u00e9st jelent a legkisebb alapokt\u00f3l, amelyen folyamatosan dolgoznak a vil\u00e1g minden t\u00e1j\u00e1r\u00f3l \u00e9rkezett \u00fcgyes m\u0171v\u00e9szek. Kiv\u00e9telt csak a sv\u00e9d ICEHOTEL 365 komplexum egy r\u00e9sze k\u00e9pez, amely <strong>ny\u00e1ron \u00e1t k\u00fcl\u00f6nlegesen h\u0171tve van egy \u00f6tletes napenergia seg\u00edts\u00e9g\u00e9vel<\/strong>.<\/p>\n\n<\/div>\n<\/div>\n<\/div>\n<\/div>","protected":false},"excerpt":{"rendered":"<p>N\u00e9zd meg a vil\u00e1g 35 legegyedibb sz\u00e1ll\u00e1s\u00e1t. Tudd meg, mennyibe ker\u00fcl val\u00f3j\u00e1ban egy \u00e9jszaka a j\u00e9gben, a v\u00edz alatt vagy egy luxusglampingben, ak\u00e1r Budapestt\u0151l egy aut\u00f3\u00fatnyira.<\/p>\n","protected":false},"author":3,"featured_media":404819,"comment_status":"open","ping_status":"open","sticky":false,"template":"","format":"standard","meta":{"_acf_changed":false,"footnotes":"","rank_math_title":"Szokatlan sz\u00e1ll\u00e1sok: 35 hely a bakancslist\u00e1dra","rank_math_description":"Fedezd fel a vil\u00e1g 35 legszokatlanabb sz\u00e1ll\u00e1s\u00e1t j\u00e9ghotelt\u0151l a v\u00edz alatti apartmanig. Tudd meg a val\u00f3s \u00e1rakat \u00e9s tippeket, majd tervezd meg \u00e1lomutadat!","rank_math_focus_keyword":"szokatlan sz\u00e1ll\u00e1sok","rank_math_seo_score":""},"categories":[1788,1787],"tags":[],"class_list":["post-409143","post","type-post","status-publish","format-standard","has-post-thumbnail","category-utazas","category-utazasi-tippek"],"acf":[],"featured_image_src":"https:\/\/loudavymkrokem.cz\/wp-content\/uploads\/2026\/08\/kakslauttanen-arctic-resort-east-village-3.jpg","author_info":{"display_name":"Lucie Kone\u010dn\u00e1","author_link":"https:\/\/loudavymkrokem.cz\/hu\/author\/lucie-konecna\/"},"_links":{"self":[{"href":"https:\/\/loudavymkrokem.cz\/hu\/wp-json\/wp\/v2\/posts\/409143","targetHints":{"allow":["GET"]}}],"collection":[{"href":"https:\/\/loudavymkrokem.cz\/hu\/wp-json\/wp\/v2\/posts"}],"about":[{"href":"https:\/\/loudavymkrokem.cz\/hu\/wp-json\/wp\/v2\/types\/post"}],"author":[{"embeddable":true,"href":"https:\/\/loudavymkrokem.cz\/hu\/wp-json\/wp\/v2\/users\/3"}],"replies":[{"embeddable":true,"href":"https:\/\/loudavymkrokem.cz\/hu\/wp-json\/wp\/v2\/comments?post=409143"}],"version-history":[{"count":3,"href":"https:\/\/loudavymkrokem.cz\/hu\/wp-json\/wp\/v2\/posts\/409143\/revisions"}],"predecessor-version":[{"id":409146,"href":"https:\/\/loudavymkrokem.cz\/hu\/wp-json\/wp\/v2\/posts\/409143\/revisions\/409146"}],"wp:featuredmedia":[{"embeddable":true,"href":"https:\/\/loudavymkrokem.cz\/hu\/wp-json\/wp\/v2\/media\/404819"}],"wp:attachment":[{"href":"https:\/\/loudavymkrokem.cz\/hu\/wp-json\/wp\/v2\/media?parent=409143"}],"wp:term":[{"taxonomy":"category","embeddable":true,"href":"https:\/\/loudavymkrokem.cz\/hu\/wp-json\/wp\/v2\/categories?post=409143"},{"taxonomy":"post_tag","embeddable":true,"href":"https:\/\/loudavymkrokem.cz\/hu\/wp-json\/wp\/v2\/tags?post=409143"}],"curies":[{"name":"wp","href":"https:\/\/api.w.org\/{rel}","templated":true}]}}