{"id":409136,"date":"2026-08-26T17:43:25","date_gmt":"2026-08-26T15:43:25","guid":{"rendered":"https:\/\/loudavymkrokem.cz\/tunezia-nyaralas-latnivalok\/"},"modified":"2026-08-31T07:59:16","modified_gmt":"2026-08-31T05:59:16","slug":"tunezia-nyaralas-latnivalok","status":"publish","type":"post","link":"https:\/\/loudavymkrokem.cz\/hu\/tunezia-nyaralas-latnivalok\/","title":{"rendered":"Tun\u00e9zia nyaral\u00e1s: 22 tipp, mit l\u00e1ss \u00e9s hova menj a tengerhez 2026-ban"},"content":{"rendered":"\n<!-- lk-tldr -->\n<div class=\"lk-tldr\" style=\"background:#f7f5f0;border-left:4px solid #c39f76;border-radius:0 10px 10px 0;padding:14px 18px;margin:0 0 26px;font-size:15px;line-height:1.65;\"><strong style=\"display:block;font-size:12px;text-transform:uppercase;letter-spacing:.06em;color:#a9885a;margin-bottom:5px;\">TL;DR<\/strong>Tun\u00e9zia a legolcs\u00f3bb \u00fat a magyarok sz\u00e1m\u00e1ra egy igaz\u00e1n meleg tengerhez: alig h\u00e1rom\u00f3r\u00e1s rep\u00fcl\u0151\u00fat, \u00e9s az all inclusive gyakran olcs\u00f3bb, mint egy f\u00e9lpanzi\u00f3s horv\u00e1torsz\u00e1gi nyaral\u00e1s. A <strong>Djerba<\/strong> sziget\u00e9n a legmelegebb a tenger (augusztusban 29,6 \u00b0C, okt\u00f3berben is 26,5 \u00b0C), \u00e9s ny\u00e1ron havonta mind\u00f6ssze 0,1 napon esik. A strandokon k\u00edv\u00fcl itt b\u00fajik meg <strong>Karth\u00e1g\u00f3, a k\u00e9k-feh\u00e9r Sidi Bou Said, a Bardo mozaikjai<\/strong> \u00e9s az <strong>El Djem-i amfite\u00e1trum<\/strong>, a vil\u00e1g egyik leg\u00e9pebben megmaradt r\u00f3mai ar\u00e9n\u00e1ja. Karny\u00fajt\u00e1snyira van a <strong>Szahara<\/strong> \u00e9s a Star Wars filmes helysz\u00ednei is. \u26a0\ufe0f A d\u00edn\u00e1r z\u00e1rt valuta, el\u0151re nem vehet\u0151 meg \u00e9s nem is vihet\u0151 ki, a veget\u00e1ri\u00e1nusoknak pedig meg kell tanulniuk, hogyan k\u00e9rjenek \u201etonhal n\u00e9lk\u00fcl&#8221;.<\/div>\n<!-- \/lk-tldr -->\n\n\n\n<!-- lk-navbar -->\n<div class=\"lk-navbar\" style=\"margin:0 0 28px;\"><div style=\"font-size:12px;text-transform:uppercase;letter-spacing:.06em;color:#a9885a;font-weight:700;margin-bottom:9px;\">Gyors linkek<\/div><div style=\"display:flex;flex-wrap:wrap;gap:9px;\"><a href=\"#Mikor_erdemes_Tuneziaba_utazni_idojaras_honaprol_honapra\" style=\"background:#c39f76;color:#fff;border:1px solid #c39f76;font-weight:700;padding:9px 15px;border-radius:22px;font-size:14px;text-decoration:none;display:inline-block;line-height:1;\">\ud83c\udf21\ufe0f Mikor menj<\/a><a href=\"#Tunezia_latnivalok_22_tipp_Karthagotol_a_Szaharaig\" style=\"background:#fff;color:#6b5a44;border:1px solid #e2d6c1;font-weight:600;padding:9px 15px;border-radius:22px;font-size:14px;text-decoration:none;display:inline-block;line-height:1;\">\ud83d\udccd 22 tipp<\/a><a href=\"#Hol_szallj_meg_Tuneziaban_melyik_terulet_kinek_valo\" style=\"background:#fff;color:#6b5a44;border:1px solid #e2d6c1;font-weight:600;padding:9px 15px;border-radius:22px;font-size:14px;text-decoration:none;display:inline-block;line-height:1;\">\ud83c\udfe8 Hol lakj<\/a><a href=\"#Mit_egyel_Tuneziaban_gyakorlati_utmutato_vegetarianusoknak\" style=\"background:#fff;color:#6b5a44;border:1px solid #e2d6c1;font-weight:600;padding:9px 15px;border-radius:22px;font-size:14px;text-decoration:none;display:inline-block;line-height:1;\">\ud83c\udf7d\ufe0f Mit egy\u00e9l<\/a><a href=\"#Kozlekedes_Tuneziaban_taxi_louage_es_berelt_auto\" style=\"background:#fff;color:#6b5a44;border:1px solid #e2d6c1;font-weight:600;padding:9px 15px;border-radius:22px;font-size:14px;text-decoration:none;display:inline-block;line-height:1;\">\ud83d\ude95 K\u00f6zleked\u00e9s<\/a><a href=\"#Mennyibe_kerul_egy_tuneziai_nyaralas\" style=\"background:#fff;color:#6b5a44;border:1px solid #e2d6c1;font-weight:600;padding:9px 15px;border-radius:22px;font-size:14px;text-decoration:none;display:inline-block;line-height:1;\">\ud83d\udcb0 \u00c1rak<\/a><a href=\"#Gyakran_ismetelt_kerdesek\" style=\"background:#fff;color:#6b5a44;border:1px solid #e2d6c1;font-weight:600;padding:9px 15px;border-radius:22px;font-size:14px;text-decoration:none;display:inline-block;line-height:1;\">\u2753 GYIK<\/a><\/div><\/div>\n<!-- \/lk-navbar -->\n\n\n\n<p class=\"wp-block-paragraph\">A <strong>Tun\u00e9zia<\/strong> a magyar utaz\u00f3k sz\u00e1m\u00e1ra tal\u00e1n a <strong>legolcs\u00f3bb \u00fat egy igaz\u00e1n meleg tengerhez<\/strong>, r\u00e1ad\u00e1sul alig h\u00e1rom\u00f3r\u00e1s rep\u00fcl\u0151vel oda\u00e9rsz. Am\u00edg hasonl\u00f3 p\u00e9nz\u00e9rt egy szer\u00e9nyebb horv\u00e1torsz\u00e1gi apartmanban kapsz egy hetet, addig itt egyb\u0151l <strong>ter\u00edtett asztalok v\u00e1rnak az all inclusive ell\u00e1t\u00e1s keret\u00e9ben<\/strong>. Sokan sajnos soha ki sem l\u00e9pnek a hotelrezortjuk kapuj\u00e1n, ami \u00f3ri\u00e1si k\u00e1r, hiszen ez az \u00e9szak-afrikai orsz\u00e1g sokkal t\u00f6bbet k\u00edn\u00e1l a medence melletti nap\u00e1gyakn\u00e1l.<\/p>\n\n\n\n<p class=\"wp-block-paragraph\">Ha \u00e9ppen a <strong>tun\u00e9ziai nyaral\u00e1s<\/strong> cs\u00e1b\u00edt, semmik\u00e9pp ne \u00e9rd be a naperny\u0151 alatti kokt\u00e9loz\u00e1ssal, hanem indulj felfedezni a leny\u0171g\u00f6z\u0151 helyi kult\u00far\u00e1t. Az utaz\u00f3k nagyon gyakran k\u00e9rdezik, <strong>mit \u00e9rdemes l\u00e1tni Tun\u00e9zi\u00e1ban<\/strong>, \u00e9s a v\u00e1lasz az \u00f3kori romok, ny\u00fczsg\u0151 piacok \u00e9s leny\u0171g\u00f6z\u0151 sivatagi t\u00e1j sz\u00ednes elegye. B\u00e1r els\u0151 pillant\u00e1sra tal\u00e1n egy\u00e1ltal\u00e1n nem t\u0171nik \u00fagy, ez az \u00fati c\u00e9l remek kalandot k\u00edn\u00e1l azoknak is, akik egy\u00e9bk\u00e9nt ink\u00e1bb az egy\u00e9ni, szabad utaz\u00e1st kedvelik.<\/p>\n\n\n\n<p class=\"wp-block-paragraph\">Ebben a cikkben egyb\u0151l <strong>22 konkr\u00e9t helyet aj\u00e1nlok<\/strong>, a tengerparti \u00fcd\u00fcl\u0151kt\u0151l a Szahara homokd\u0171n\u00e9iig, ahov\u00e1 mindenk\u00e9pp meg\u00e9ri kir\u00e1ndulni. K\u00e9sz\u00edtettem neked r\u00e9szletes, h\u00f3napr\u00f3l h\u00f3napra bontott id\u0151j\u00e1r\u00e1si t\u00e1bl\u00e1zatokat is, amelyek val\u00f3s t\u00edz\u00e9ves adatokon alapulnak, tov\u00e1bb\u00e1 <strong>tippeket a k\u00f6zleked\u00e9shez a louage nev\u0171 megosztott kisbuszokkal \u00e9s a taxi\u00f3r\u00e1s s\u00e1rga taxikkal<\/strong>, valamint sz\u00e1ll\u00e1saj\u00e1nl\u00e1sokat. Nem marad ki egy \u0151szinte r\u00e9sz sem arr\u00f3l, mire figyelj ebben a muszlim orsz\u00e1gban, hogyan van a fizet\u00e9s a helyi d\u00edn\u00e1rral, \u00e9s hogy b\u00e1r a hivatalos nyelv az arab, franci\u00e1ul szinte mindenhol k\u00f6nnyen elboldogulsz.<\/p>\n\n\n\n<figure data-wp-context=\"{&quot;imageId&quot;:&quot;6a965b709049c&quot;}\" data-wp-interactive=\"core\/image\" data-wp-key=\"6a965b709049c\" class=\"wp-block-image size-full wp-lightbox-container\"><img decoding=\"async\" width=\"2528\" height=\"1696\" data-wp-class--hide=\"state.isContentHidden\" data-wp-class--show=\"state.isContentVisible\" data-wp-init=\"callbacks.setButtonStyles\" data-wp-on--click=\"actions.showLightbox\" data-wp-on--load=\"callbacks.setButtonStyles\" data-wp-on--pointerdown=\"actions.preloadImage\" data-wp-on--pointerenter=\"actions.preloadImageWithDelay\" data-wp-on--pointerleave=\"actions.cancelPreload\" data-wp-on-window--resize=\"callbacks.setButtonStyles\" src=\"https:\/\/loudavymkrokem.cz\/wp-content\/uploads\/2026\/08\/dovolena-tunisko-djerba-plaz-v2.jpg\" alt=\"Homokos strand t\u00fcrkizk\u00e9k tengerrel Djerb\u00e1n\" class=\"wp-image-402957\" title=\"\" srcset=\"https:\/\/loudavymkrokem.cz\/wp-content\/uploads\/2026\/08\/dovolena-tunisko-djerba-plaz-v2.jpg 2528w, https:\/\/loudavymkrokem.cz\/wp-content\/uploads\/2026\/08\/dovolena-tunisko-djerba-plaz-v2-300x201.jpg 300w, https:\/\/loudavymkrokem.cz\/wp-content\/uploads\/2026\/08\/dovolena-tunisko-djerba-plaz-v2-700x470.jpg 700w, https:\/\/loudavymkrokem.cz\/wp-content\/uploads\/2026\/08\/dovolena-tunisko-djerba-plaz-v2-768x515.jpg 768w, https:\/\/loudavymkrokem.cz\/wp-content\/uploads\/2026\/08\/dovolena-tunisko-djerba-plaz-v2-1536x1030.jpg 1536w, https:\/\/loudavymkrokem.cz\/wp-content\/uploads\/2026\/08\/dovolena-tunisko-djerba-plaz-v2-2048x1374.jpg 2048w, https:\/\/loudavymkrokem.cz\/wp-content\/uploads\/2026\/08\/dovolena-tunisko-djerba-plaz-v2-696x467.jpg 696w, https:\/\/loudavymkrokem.cz\/wp-content\/uploads\/2026\/08\/dovolena-tunisko-djerba-plaz-v2-1392x934.jpg 1392w, https:\/\/loudavymkrokem.cz\/wp-content\/uploads\/2026\/08\/dovolena-tunisko-djerba-plaz-v2-1920x1288.jpg 1920w\" sizes=\"(max-width: 2528px) 100vw, 2528px\" \/><button\n\t\t\tclass=\"lightbox-trigger\"\n\t\t\ttype=\"button\"\n\t\t\taria-haspopup=\"dialog\"\n\t\t\tdata-wp-bind--aria-label=\"state.thisImage.triggerButtonAriaLabel\"\n\t\t\tdata-wp-init=\"callbacks.initTriggerButton\"\n\t\t\tdata-wp-on--click=\"actions.showLightbox\"\n\t\t\tdata-wp-style--right=\"state.thisImage.buttonRight\"\n\t\t\tdata-wp-style--top=\"state.thisImage.buttonTop\"\n\t\t>\n\t\t\t<svg xmlns=\"http:\/\/www.w3.org\/2000\/svg\" width=\"12\" height=\"12\" fill=\"none\" viewBox=\"0 0 12 12\">\n\t\t\t\t<path fill=\"#fff\" d=\"M2 0a2 2 0 0 0-2 2v2h1.5V2a.5.5 0 0 1 .5-.5h2V0H2Zm2 10.5H2a.5.5 0 0 1-.5-.5V8H0v2a2 2 0 0 0 2 2h2v-1.5ZM8 12v-1.5h2a.5.5 0 0 0 .5-.5V8H12v2a2 2 0 0 1-2 2H8Zm2-12a2 2 0 0 1 2 2v2h-1.5V2a.5.5 0 0 0-.5-.5H8V0h2Z\" \/>\n\t\t\t<\/svg>\n\t\t<\/button><figcaption class=\"wp-element-caption\">Homokos strand t\u00fcrkizk\u00e9k tengerrel Djerb\u00e1n<\/figcaption><\/figure>\n\n\n\n<div id=\"ez-toc-container\" class=\"ez-toc-v2_0_86 ez-toc-wrap-left counter-hierarchy ez-toc-counter ez-toc-grey ez-toc-container-direction\">\n<div class=\"ez-toc-title-container\">\n<p class=\"ez-toc-title\" style=\"cursor:inherit\">A cikk tartalma<\/p>\n<span class=\"ez-toc-title-toggle\"><a href=\"#\" class=\"ez-toc-pull-right ez-toc-btn ez-toc-btn-xs ez-toc-btn-default ez-toc-toggle\" aria-label=\"Toggle Table of Content\"><span class=\"ez-toc-js-icon-con\"><span class=\"\"><span class=\"eztoc-hide\" style=\"display:none;\">Toggle<\/span><span class=\"ez-toc-icon-toggle-span\"><svg style=\"fill: #999;color:#999\" xmlns=\"http:\/\/www.w3.org\/2000\/svg\" class=\"list-377408\" width=\"20px\" height=\"20px\" viewBox=\"0 0 24 24\" fill=\"none\"><path d=\"M6 6H4v2h2V6zm14 0H8v2h12V6zM4 11h2v2H4v-2zm16 0H8v2h12v-2zM4 16h2v2H4v-2zm16 0H8v2h12v-2z\" fill=\"currentColor\"><\/path><\/svg><svg style=\"fill: #999;color:#999\" class=\"arrow-unsorted-368013\" xmlns=\"http:\/\/www.w3.org\/2000\/svg\" width=\"10px\" height=\"10px\" viewBox=\"0 0 24 24\" version=\"1.2\" baseProfile=\"tiny\"><path d=\"M18.2 9.3l-6.2-6.3-6.2 6.3c-.2.2-.3.4-.3.7s.1.5.3.7c.2.2.4.3.7.3h11c.3 0 .5-.1.7-.3.2-.2.3-.5.3-.7s-.1-.5-.3-.7zM5.8 14.7l6.2 6.3 6.2-6.3c.2-.2.3-.5.3-.7s-.1-.5-.3-.7c-.2-.2-.4-.3-.7-.3h-11c-.3 0-.5.1-.7.3-.2.2-.3.5-.3.7s.1.5.3.7z\"\/><\/svg><\/span><\/span><\/span><\/a><\/span><\/div>\n<nav><ul class='ez-toc-list ez-toc-list-level-1 ' ><li class='ez-toc-page-1 ez-toc-heading-level-2'><a class=\"ez-toc-link ez-toc-heading-1\" href=\"https:\/\/loudavymkrokem.cz\/hu\/tunezia-nyaralas-latnivalok\/#Osszefoglalas\" >\u00d6sszefoglal\u00e1s<\/a><\/li><li class='ez-toc-page-1 ez-toc-heading-level-2'><a class=\"ez-toc-link ez-toc-heading-2\" href=\"https:\/\/loudavymkrokem.cz\/hu\/tunezia-nyaralas-latnivalok\/#Miert_erdemes_Tuneziaba_utazni_es_kinek_nem_valo\" >Mi\u00e9rt \u00e9rdemes Tun\u00e9zi\u00e1ba utazni (\u00e9s kinek nem val\u00f3)<\/a><ul class='ez-toc-list-level-3' ><li class='ez-toc-heading-level-3'><a class=\"ez-toc-link ez-toc-heading-3\" href=\"https:\/\/loudavymkrokem.cz\/hu\/tunezia-nyaralas-latnivalok\/#6_ok_amiert_Tunezia_megeri_az_utat\" >6 ok, ami\u00e9rt Tun\u00e9zia meg\u00e9ri az utat<\/a><\/li><li class='ez-toc-page-1 ez-toc-heading-level-3'><a class=\"ez-toc-link ez-toc-heading-4\" href=\"https:\/\/loudavymkrokem.cz\/hu\/tunezia-nyaralas-latnivalok\/#Kinek_nem_valo_Tunezia\" >Kinek nem val\u00f3 Tun\u00e9zia<\/a><\/li><\/ul><\/li><li class='ez-toc-page-1 ez-toc-heading-level-2'><a class=\"ez-toc-link ez-toc-heading-5\" href=\"https:\/\/loudavymkrokem.cz\/hu\/tunezia-nyaralas-latnivalok\/#Mikor_erdemes_Tuneziaba_utazni_idojaras_honaprol_honapra\" >Mikor \u00e9rdemes Tun\u00e9zi\u00e1ba utazni: id\u0151j\u00e1r\u00e1s h\u00f3napr\u00f3l h\u00f3napra<\/a><ul class='ez-toc-list-level-3' ><li class='ez-toc-heading-level-3'><a class=\"ez-toc-link ez-toc-heading-6\" href=\"https:\/\/loudavymkrokem.cz\/hu\/tunezia-nyaralas-latnivalok\/#Az_eszak_hidegebb_es_esosebb_mint_a_del\" >Az \u00e9szak hidegebb \u00e9s es\u0151sebb, mint a d\u00e9l<\/a><\/li><li class='ez-toc-page-1 ez-toc-heading-level-3'><a class=\"ez-toc-link ez-toc-heading-7\" href=\"https:\/\/loudavymkrokem.cz\/hu\/tunezia-nyaralas-latnivalok\/#A_legjobb_honapok_a_nyaralas_tipusa_szerint\" >A legjobb h\u00f3napok a nyaral\u00e1s t\u00edpusa szerint<\/a><\/li><li class='ez-toc-page-1 ez-toc-heading-level-3'><a class=\"ez-toc-link ez-toc-heading-8\" href=\"https:\/\/loudavymkrokem.cz\/hu\/tunezia-nyaralas-latnivalok\/#Ramadan_mit_jelent_a_turistaknak\" >Ramad\u00e1n: mit jelent a turist\u00e1knak<\/a><\/li><\/ul><\/li><li class='ez-toc-page-1 ez-toc-heading-level-2'><a class=\"ez-toc-link ez-toc-heading-9\" href=\"https:\/\/loudavymkrokem.cz\/hu\/tunezia-nyaralas-latnivalok\/#Tunezia_latnivalok_22_tipp_Karthagotol_a_Szaharaig\" >Tun\u00e9zia l\u00e1tnival\u00f3k: 22 tipp Karth\u00e1g\u00f3t\u00f3l a Szahar\u00e1ig<\/a><ul class='ez-toc-list-level-3' ><li class='ez-toc-heading-level-3'><a class=\"ez-toc-link ez-toc-heading-10\" href=\"https:\/\/loudavymkrokem.cz\/hu\/tunezia-nyaralas-latnivalok\/#1_Tuniszi_medina_labirintus_az_UNESCO_listajan\" >1. Tuniszi medina: labirintus az UNESCO list\u00e1j\u00e1n<\/a><\/li><li class='ez-toc-page-1 ez-toc-heading-level-3'><a class=\"ez-toc-link ez-toc-heading-11\" href=\"https:\/\/loudavymkrokem.cz\/hu\/tunezia-nyaralas-latnivalok\/#2_Karthago_a_birodalombol_amely_Romaval_vetelkedett\" >2. Karth\u00e1g\u00f3: a birodalomb\u00f3l, amely R\u00f3m\u00e1val vet\u00e9lkedett<\/a><\/li><li class='ez-toc-page-1 ez-toc-heading-level-3'><a class=\"ez-toc-link ez-toc-heading-12\" href=\"https:\/\/loudavymkrokem.cz\/hu\/tunezia-nyaralas-latnivalok\/#3_Sidi_Bou_Said_kek-feher_varoska_a_tenger_felett\" >3. Sidi Bou Said: k\u00e9k-feh\u00e9r v\u00e1roska a tenger felett<\/a><\/li><li class='ez-toc-page-1 ez-toc-heading-level-3'><a class=\"ez-toc-link ez-toc-heading-13\" href=\"https:\/\/loudavymkrokem.cz\/hu\/tunezia-nyaralas-latnivalok\/#4_Bardo_mozaikok_amilyeneket_mashol_nem_latsz\" >4. Bardo: mozaikok, amilyeneket m\u00e1shol nem l\u00e1tsz<\/a><\/li><li class='ez-toc-page-1 ez-toc-heading-level-3'><a class=\"ez-toc-link ez-toc-heading-14\" href=\"https:\/\/loudavymkrokem.cz\/hu\/tunezia-nyaralas-latnivalok\/#5_Hammamet_kasbah_medina_es_az_eszak_legjobb_strandjai\" >5. Hammamet: kasbah, medina \u00e9s az \u00e9szak legjobb strandjai<\/a><\/li><li class='ez-toc-page-1 ez-toc-heading-level-3'><a class=\"ez-toc-link ez-toc-heading-15\" href=\"https:\/\/loudavymkrokem.cz\/hu\/tunezia-nyaralas-latnivalok\/#6_Nabeul_keramia_es_fuszerek\" >6. Nabeul: ker\u00e1mia \u00e9s f\u0171szerek<\/a><\/li><li class='ez-toc-page-1 ez-toc-heading-level-3'><a class=\"ez-toc-link ez-toc-heading-16\" href=\"https:\/\/loudavymkrokem.cz\/hu\/tunezia-nyaralas-latnivalok\/#7_Cap_Bon_es_a_korbousi_termalfurdo\" >7. Cap Bon \u00e9s a korbousi term\u00e1lf\u00fcrd\u0151<\/a><\/li><li class='ez-toc-page-1 ez-toc-heading-level-3'><a class=\"ez-toc-link ez-toc-heading-17\" href=\"https:\/\/loudavymkrokem.cz\/hu\/tunezia-nyaralas-latnivalok\/#8_Bizerte_es_az_eszak\" >8. Bizerte \u00e9s az \u00e9szak<\/a><\/li><li class='ez-toc-page-1 ez-toc-heading-level-3'><a class=\"ez-toc-link ez-toc-heading-18\" href=\"https:\/\/loudavymkrokem.cz\/hu\/tunezia-nyaralas-latnivalok\/#9_Sousse_medina_ribat_es_nyuzsgo_udulohely\" >9. Sousse: medina, ribat \u00e9s ny\u00fczsg\u0151 \u00fcd\u00fcl\u0151hely<\/a><\/li><li class='ez-toc-page-1 ez-toc-heading-level-3'><a class=\"ez-toc-link ez-toc-heading-19\" href=\"https:\/\/loudavymkrokem.cz\/hu\/tunezia-nyaralas-latnivalok\/#10_Monastir_mauzoleum_es_filmes_erod\" >10. Monastir: mauz\u00f3leum \u00e9s filmes er\u0151d<\/a><\/li><li class='ez-toc-page-1 ez-toc-heading-level-3'><a class=\"ez-toc-link ez-toc-heading-20\" href=\"https:\/\/loudavymkrokem.cz\/hu\/tunezia-nyaralas-latnivalok\/#11_El_Djem_romai_amfiteatrum_ami_elall_a_lelegzeted\" >11. El Djem: r\u00f3mai amfite\u00e1trum, ami el\u00e1ll a l\u00e9legzeted<\/a><\/li><li class='ez-toc-page-1 ez-toc-heading-level-3'><a class=\"ez-toc-link ez-toc-heading-21\" href=\"https:\/\/loudavymkrokem.cz\/hu\/tunezia-nyaralas-latnivalok\/#12_Kairouan_Tunezia_legszentebb_varosa\" >12. Kairouan: Tun\u00e9zia legszentebb v\u00e1rosa<\/a><\/li><li class='ez-toc-page-1 ez-toc-heading-level-3'><a class=\"ez-toc-link ez-toc-heading-22\" href=\"https:\/\/loudavymkrokem.cz\/hu\/tunezia-nyaralas-latnivalok\/#13_Djerba_a_sziget_a_legmelegebb_tengerrel\" >13. Djerba: a sziget a legmelegebb tengerrel<\/a><\/li><li class='ez-toc-page-1 ez-toc-heading-level-3'><a class=\"ez-toc-link ez-toc-heading-23\" href=\"https:\/\/loudavymkrokem.cz\/hu\/tunezia-nyaralas-latnivalok\/#14_Houmt_Souk_Djerba_fovarosa\" >14. Houmt Souk: Djerba f\u0151v\u00e1rosa<\/a><\/li><li class='ez-toc-page-1 ez-toc-heading-level-3'><a class=\"ez-toc-link ez-toc-heading-24\" href=\"https:\/\/loudavymkrokem.cz\/hu\/tunezia-nyaralas-latnivalok\/#15_Djerbahood_Erriadhban_street_art_egy_falu_kozepen\" >15. Djerbahood Erriadhban: street art egy falu k\u00f6zep\u00e9n<\/a><\/li><li class='ez-toc-page-1 ez-toc-heading-level-3'><a class=\"ez-toc-link ez-toc-heading-25\" href=\"https:\/\/loudavymkrokem.cz\/hu\/tunezia-nyaralas-latnivalok\/#16_El_Ghriba_zsinagoga\" >16. El Ghriba zsinag\u00f3ga<\/a><\/li><li class='ez-toc-page-1 ez-toc-heading-level-3'><a class=\"ez-toc-link ez-toc-heading-26\" href=\"https:\/\/loudavymkrokem.cz\/hu\/tunezia-nyaralas-latnivalok\/#17_Guellala_es_a_fazekashagyomany\" >17. Guellala \u00e9s a fazekashagyom\u00e1ny<\/a><\/li><li class='ez-toc-page-1 ez-toc-heading-level-3'><a class=\"ez-toc-link ez-toc-heading-27\" href=\"https:\/\/loudavymkrokem.cz\/hu\/tunezia-nyaralas-latnivalok\/#18_Flamingo_Island_es_a_laguna\" >18. Flamingo Island \u00e9s a laguna<\/a><\/li><li class='ez-toc-page-1 ez-toc-heading-level-3'><a class=\"ez-toc-link ez-toc-heading-28\" href=\"https:\/\/loudavymkrokem.cz\/hu\/tunezia-nyaralas-latnivalok\/#19_Douz_a_Szahara_kapuja\" >19. Douz: a Szahara kapuja<\/a><\/li><li class='ez-toc-page-1 ez-toc-heading-level-3'><a class=\"ez-toc-link ez-toc-heading-29\" href=\"https:\/\/loudavymkrokem.cz\/hu\/tunezia-nyaralas-latnivalok\/#20_Tozeur_Chebika_es_a_hegyi_oazisok\" >20. Tozeur, Chebika \u00e9s a hegyi o\u00e1zisok<\/a><\/li><li class='ez-toc-page-1 ez-toc-heading-level-3'><a class=\"ez-toc-link ez-toc-heading-30\" href=\"https:\/\/loudavymkrokem.cz\/hu\/tunezia-nyaralas-latnivalok\/#21_Star_Wars_filmes_helyszinek_Matmata_es_Ong_Jemel\" >21. Star Wars filmes helysz\u00ednek: Matmata \u00e9s Ong Jemel<\/a><\/li><li class='ez-toc-page-1 ez-toc-heading-level-3'><a class=\"ez-toc-link ez-toc-heading-31\" href=\"https:\/\/loudavymkrokem.cz\/hu\/tunezia-nyaralas-latnivalok\/#22_Chott_el_Djerid_orias_sosto\" >22. Chott el Djerid: \u00f3ri\u00e1s s\u00f3st\u00f3<\/a><\/li><\/ul><\/li><li class='ez-toc-page-1 ez-toc-heading-level-2'><a class=\"ez-toc-link ez-toc-heading-32\" href=\"https:\/\/loudavymkrokem.cz\/hu\/tunezia-nyaralas-latnivalok\/#Hol_szallj_meg_Tuneziaban_melyik_terulet_kinek_valo\" >Hol sz\u00e1llj meg Tun\u00e9zi\u00e1ban: melyik ter\u00fclet kinek val\u00f3<\/a><ul class='ez-toc-list-level-3' ><li class='ez-toc-heading-level-3'><a class=\"ez-toc-link ez-toc-heading-33\" href=\"https:\/\/loudavymkrokem.cz\/hu\/tunezia-nyaralas-latnivalok\/#Teruletek_attekintese\" >Ter\u00fcletek \u00e1ttekint\u00e9se<\/a><\/li><li class='ez-toc-page-1 ez-toc-heading-level-3'><a class=\"ez-toc-link ez-toc-heading-34\" href=\"https:\/\/loudavymkrokem.cz\/hu\/tunezia-nyaralas-latnivalok\/#Konkret_szallastippek\" >Konkr\u00e9t sz\u00e1ll\u00e1stippek<\/a><\/li><\/ul><\/li><li class='ez-toc-page-1 ez-toc-heading-level-2'><a class=\"ez-toc-link ez-toc-heading-35\" href=\"https:\/\/loudavymkrokem.cz\/hu\/tunezia-nyaralas-latnivalok\/#Mit_egyel_Tuneziaban_gyakorlati_utmutato_vegetarianusoknak\" >Mit egy\u00e9l Tun\u00e9zi\u00e1ban: gyakorlati \u00fatmutat\u00f3 veget\u00e1ri\u00e1nusoknak<\/a><\/li><li class='ez-toc-page-1 ez-toc-heading-level-2'><a class=\"ez-toc-link ez-toc-heading-36\" href=\"https:\/\/loudavymkrokem.cz\/hu\/tunezia-nyaralas-latnivalok\/#Kozlekedes_Tuneziaban_taxi_louage_es_berelt_auto\" >K\u00f6zleked\u00e9s Tun\u00e9zi\u00e1ban: taxi, louage \u00e9s b\u00e9relt aut\u00f3<\/a><ul class='ez-toc-list-level-3' ><li class='ez-toc-heading-level-3'><a class=\"ez-toc-link ez-toc-heading-37\" href=\"https:\/\/loudavymkrokem.cz\/hu\/tunezia-nyaralas-latnivalok\/#Taxik_es_hogyan_keruld_el_a_tulfizetest\" >Taxik \u00e9s hogyan ker\u00fcld el a t\u00falfizet\u00e9st<\/a><\/li><li class='ez-toc-page-1 ez-toc-heading-level-3'><a class=\"ez-toc-link ez-toc-heading-38\" href=\"https:\/\/loudavymkrokem.cz\/hu\/tunezia-nyaralas-latnivalok\/#Louage_megosztott_kisbuszok_a_varosok_kozott\" >Louage: megosztott kisbuszok a v\u00e1rosok k\u00f6z\u00f6tt<\/a><\/li><li class='ez-toc-page-1 ez-toc-heading-level-3'><a class=\"ez-toc-link ez-toc-heading-39\" href=\"https:\/\/loudavymkrokem.cz\/hu\/tunezia-nyaralas-latnivalok\/#Berelj_autot_vagy_menj_szervezett_kirandulassal\" >B\u00e9relj aut\u00f3t, vagy menj szervezett kir\u00e1ndul\u00e1ssal<\/a><\/li><\/ul><\/li><li class='ez-toc-page-1 ez-toc-heading-level-2'><a class=\"ez-toc-link ez-toc-heading-40\" href=\"https:\/\/loudavymkrokem.cz\/hu\/tunezia-nyaralas-latnivalok\/#Mennyibe_kerul_egy_tuneziai_nyaralas\" >Mennyibe ker\u00fcl egy tun\u00e9ziai nyaral\u00e1s<\/a><ul class='ez-toc-list-level-3' ><li class='ez-toc-heading-level-3'><a class=\"ez-toc-link ez-toc-heading-41\" href=\"https:\/\/loudavymkrokem.cz\/hu\/tunezia-nyaralas-latnivalok\/#Penz_es_a_dinar\" >P\u00e9nz \u00e9s a d\u00edn\u00e1r<\/a><\/li><\/ul><\/li><li class='ez-toc-page-1 ez-toc-heading-level-2'><a class=\"ez-toc-link ez-toc-heading-42\" href=\"https:\/\/loudavymkrokem.cz\/hu\/tunezia-nyaralas-latnivalok\/#Mire_figyelj_Tuneziaban\" >Mire figyelj Tun\u00e9zi\u00e1ban<\/a><\/li><li class='ez-toc-page-1 ez-toc-heading-level-2'><a class=\"ez-toc-link ez-toc-heading-43\" href=\"https:\/\/loudavymkrokem.cz\/hu\/tunezia-nyaralas-latnivalok\/#Tunezia_gyerekkel\" >Tun\u00e9zia gyerekkel<\/a><\/li><li class='ez-toc-page-1 ez-toc-heading-level-2'><a class=\"ez-toc-link ez-toc-heading-44\" href=\"https:\/\/loudavymkrokem.cz\/hu\/tunezia-nyaralas-latnivalok\/#Hova_meg_tovabbi_tippek_olcso_tengerparti_nyaralashoz\" >Hov\u00e1 m\u00e9g: tov\u00e1bbi tippek olcs\u00f3 tengerparti nyaral\u00e1shoz<\/a><\/li><li class='ez-toc-page-1 ez-toc-heading-level-2'><a class=\"ez-toc-link ez-toc-heading-45\" href=\"https:\/\/loudavymkrokem.cz\/hu\/tunezia-nyaralas-latnivalok\/#Gyakran_ismetelt_kerdesek\" >Gyakran ism\u00e9telt k\u00e9rd\u00e9sek<\/a><ul class='ez-toc-list-level-3' ><li class='ez-toc-heading-level-3'><a class=\"ez-toc-link ez-toc-heading-46\" href=\"https:\/\/loudavymkrokem.cz\/hu\/tunezia-nyaralas-latnivalok\/#Mikor_a_legjobb_Tuneziaba_utazni\" >Mikor a legjobb Tun\u00e9zi\u00e1ba utazni?<\/a><\/li><li class='ez-toc-page-1 ez-toc-heading-level-3'><a class=\"ez-toc-link ez-toc-heading-47\" href=\"https:\/\/loudavymkrokem.cz\/hu\/tunezia-nyaralas-latnivalok\/#Biztonsagos_Tunezia\" >Biztons\u00e1gos Tun\u00e9zia?<\/a><\/li><li class='ez-toc-page-1 ez-toc-heading-level-3'><a class=\"ez-toc-link ez-toc-heading-48\" href=\"https:\/\/loudavymkrokem.cz\/hu\/tunezia-nyaralas-latnivalok\/#Milyen_penznemet_vigyek_Tuneziaba\" >Milyen p\u00e9nznemet vigyek Tun\u00e9zi\u00e1ba?<\/a><\/li><li class='ez-toc-page-1 ez-toc-heading-level-3'><a class=\"ez-toc-link ez-toc-heading-49\" href=\"https:\/\/loudavymkrokem.cz\/hu\/tunezia-nyaralas-latnivalok\/#Lehet_oktoberben_furdeni_Tuneziaban\" >Lehet okt\u00f3berben f\u00fcrdeni Tun\u00e9zi\u00e1ban?<\/a><\/li><li class='ez-toc-page-1 ez-toc-heading-level-3'><a class=\"ez-toc-link ez-toc-heading-50\" href=\"https:\/\/loudavymkrokem.cz\/hu\/tunezia-nyaralas-latnivalok\/#Jol_elnek_a_vegetarianusok_Tuneziaban\" >J\u00f3l \u00e9lnek a veget\u00e1ri\u00e1nusok Tun\u00e9zi\u00e1ban?<\/a><\/li><li class='ez-toc-page-1 ez-toc-heading-level-3'><a class=\"ez-toc-link ez-toc-heading-51\" href=\"https:\/\/loudavymkrokem.cz\/hu\/tunezia-nyaralas-latnivalok\/#Hogyan_lehet_eljutni_a_Szaharaba\" >Hogyan lehet eljutni a Szahar\u00e1ba?<\/a><\/li><li class='ez-toc-page-1 ez-toc-heading-level-3'><a class=\"ez-toc-link ez-toc-heading-52\" href=\"https:\/\/loudavymkrokem.cz\/hu\/tunezia-nyaralas-latnivalok\/#Kell_vizum_Tuneziaba\" >Kell v\u00edzum Tun\u00e9zi\u00e1ba?<\/a><\/li><li class='ez-toc-page-1 ez-toc-heading-level-3'><a class=\"ez-toc-link ez-toc-heading-53\" href=\"https:\/\/loudavymkrokem.cz\/hu\/tunezia-nyaralas-latnivalok\/#Takaroznom_kell_Tuneziaban\" >Takar\u00f3znom kell Tun\u00e9zi\u00e1ban?<\/a><\/li><\/ul><\/li><\/ul><\/nav><\/div>\n<h2 id=\"Osszefoglalas\" class=\"wp-block-heading\"><span class=\"ez-toc-section\" id=\"Osszefoglalas\"><\/span>\u00d6sszefoglal\u00e1s<span class=\"ez-toc-section-end\"><\/span><\/h2>\n\n\n\n<ul class=\"wp-block-list\">\n<li>A <strong>Djerba sziget\u00e9n a legmelegebb a tenger<\/strong> az eg\u00e9sz orsz\u00e1gban: augusztusban hihetetlen 29,6 \u00b0C-ot \u00e9r el a v\u00edz, \u00e9s m\u00e9g okt\u00f3berben is nagyon kellemes 26,5 \u00b0C-on marad.<\/li>\n\n\n\n<li>J\u00faliusban \u00e9s augusztusban a h\u0151m\u00e9rs\u00e9klet <strong>d\u00e9len 33 \u00b0C f\u00f6l\u00e9 k\u00faszik<\/strong>, \u00e9s statisztikailag havonta csak 0,1 napon esik, \u00fagyhogy a folyamatos naps\u00fct\u00e9s miatt egy\u00e1ltal\u00e1n nem kell agg\u00f3dnod.<\/li>\n\n\n\n<li>A <strong>legkellemesebb h\u00f3napok a felfedez\u00e9shez<\/strong> \u00e9s a bels\u0151 ter\u00fcletekre tett kir\u00e1ndul\u00e1sokhoz egy\u00e9rtelm\u0171en az \u00e1prilis, m\u00e1jus, szeptember \u00e9s okt\u00f3ber, amikor elker\u00fcl\u00f6d a f\u00e1raszt\u00f3 h\u0151s\u00e9get.<\/li>\n\n\n\n<li>A t\u00f6rt\u00e9nelmi <strong>Karth\u00e1g\u00f3, a k\u00e9k-feh\u00e9r Sidi Bou Said \u00e9s a tuniszi \u00f3v\u00e1ros medin\u00e1ja<\/strong> mind az UNESCO list\u00e1j\u00e1n szerepel, \u00e9s egyetlen el\u0151v\u00e1rosi vas\u00fatvonallal egyszer\u0171en bej\u00e1rhatod \u0151ket.<\/li>\n\n\n\n<li>A monument\u00e1lis <strong>El Djem-i amfite\u00e1trum<\/strong> a vil\u00e1g egyik leg\u00e9pebben fennmaradt r\u00f3mai ar\u00e9n\u00e1ja, \u00e9s a v\u00e9lem\u00e9nyek szerint azokat is elvar\u00e1zsolja, akik egy\u00e9bk\u00e9nt nem rajonganak az \u00f3kori eml\u00e9kek\u00e9rt.<\/li>\n\n\n\n<li>A v\u00e9gtelen <strong>Szahara sz\u00f3 szerint karny\u00fajt\u00e1snyira<\/strong> van, Djerb\u00e1r\u00f3l pedig rendszeresen szerveznek fantasztikus k\u00e9tnapos dzsipes t\u00far\u00e1kat egyenesen a d\u0171n\u00e9k k\u00f6z\u00e9.<\/li>\n\n\n\n<li>A helyi <strong>d\u00edn\u00e1r z\u00e1rt valutak\u00e9nt m\u0171k\u00f6dik<\/strong>, itthon nem vehet\u0151 meg leg\u00e1lisan el\u0151re, \u00e9s nem is vihet\u0151 ki az orsz\u00e1gb\u00f3l, \u00fagyhogy a p\u00e9nzt kiz\u00e1r\u00f3lag meg\u00e9rkez\u00e9s ut\u00e1n, a rept\u00e9ren v\u00e1ltsd \u00e1t.<\/li>\n\n\n\n<li>B\u00e1r az \u00e9szak-afrikai konyha nagyon h\u00fasos, a <strong>veget\u00e1ri\u00e1nusok is remek\u00fcl j\u00f3llaknak Tun\u00e9zi\u00e1ban<\/strong>, csak meg kell tanulnod mindenhol jelezni, hogy szigor\u00faan tonhal n\u00e9lk\u00fcl k\u00e9red az \u00e9telt.<\/li>\n<\/ul>\n\n\n\n<h2 id=\"Miert_erdemes_Tuneziaba_utazni_es_kinek_nem_valo\" class=\"wp-block-heading\"><span class=\"ez-toc-section\" id=\"Miert_erdemes_Tuneziaba_utazni_es_kinek_nem_valo\"><\/span>Mi\u00e9rt \u00e9rdemes Tun\u00e9zi\u00e1ba utazni (\u00e9s kinek nem val\u00f3)<span class=\"ez-toc-section-end\"><\/span><\/h2>\n\n\n\n<p class=\"wp-block-paragraph\">Tal\u00e1n m\u00e9g mindig bizonytalan vagy, hogy pont \u00c9szak-Afrika ezen r\u00e9sze a j\u00f3 v\u00e1laszt\u00e1s-e az idei szabad napjaidra. N\u00e9zz\u00fck meg r\u00e9szletesen, <strong>miben verhetetlen ez az \u00fati c\u00e9l<\/strong>, \u00e9s kinek aj\u00e1nlom ink\u00e1bb, hogy m\u00e1s t\u00e1jakat keressen. \u263a\ufe0f<\/p>\n\n\n\n<h3 id=\"6_ok_amiert_Tunezia_megeri_az_utat\" class=\"wp-block-heading\"><span class=\"ez-toc-section\" id=\"6_ok_amiert_Tunezia_megeri_az_utat\"><\/span>6 ok, ami\u00e9rt Tun\u00e9zia meg\u00e9ri az utat<span class=\"ez-toc-section-end\"><\/span><\/h3>\n\n\n\n<p class=\"wp-block-paragraph\"><strong>\u00c1r-\u00e9rt\u00e9k ar\u00e1ny:<\/strong> Ez az <strong>egyik legolcs\u00f3bb all inclusive \u00fati c\u00e9l<\/strong>, ahol a p\u00e9nzed\u00e9rt nagyon b\u0151s\u00e9ges szolg\u00e1ltat\u00e1st kapsz. Egy sz\u00e9p hotelbeli, reggelt\u0151l estig tart\u00f3 ell\u00e1t\u00e1ssal egybek\u00f6t\u00f6tt nyaral\u00e1s gyakran olcs\u00f3bb, mint egy sima apartmanb\u00e9rl\u00e9s valahol D\u00e9l-Eur\u00f3p\u00e1ban, amihez r\u00e1ad\u00e1sul m\u00e9g k\u00f6r\u00fclm\u00e9nyesen \u00e9telt \u00e9s repjegyet is kellene venned.<\/p>\n\n\n\n<p class=\"wp-block-paragraph\"><strong>Nagyon meleg tenger \u00e9s hossz\u00fa szezon:<\/strong> K\u00e9nyelmesen f\u00fcr\u00f6dhetsz j\u00faniust\u00f3l okt\u00f3ber v\u00e9g\u00e9ig, a <strong>v\u00edz h\u0151m\u00e9rs\u00e9klete d\u00e9len pedig ink\u00e1bb egy term\u00e1lf\u00fcrd\u0151re eml\u00e9keztet<\/strong>. Ha f\u00e1z\u00f3s vagy, \u00e9s a F\u00f6ldk\u00f6zi-tengerben rendszeresen vacog a fogad, itt nagy val\u00f3sz\u00edn\u0171s\u00e9ggel teljesen elragadtatod magad.<\/p>\n\n\n\n<p class=\"wp-block-paragraph\"><strong>H\u00e1rom k\u00fcl\u00f6nb\u00f6z\u0151 Tun\u00e9zia egyben:<\/strong> Egyetlen nyaral\u00e1s alatt meg\u00e9lheted a tipikus tengerparti pihen\u00e9st, elveszhetsz az \u0151si medina sz\u00ednes sz\u0151nyegekkel \u00e9s ker\u00e1mi\u00e1kkal teli utc\u00e1iban, majd r\u00f6gt\u00f6n <strong>elindulhatsz a v\u00e9gtelen sivatag csendj\u00e9be<\/strong>. Kev\u00e9s orsz\u00e1g k\u00edn\u00e1l ilyen hatalmas \u00e9s gy\u00f6ny\u00f6r\u0171 kontrasztokat viszonylag kis ter\u00fcleten.<\/p>\n\n\n\n<p class=\"wp-block-paragraph\"><strong>\u00d3kori eml\u00e9kek t\u00f6meg n\u00e9lk\u00fcl:<\/strong> Az utaz\u00f3k nagyon gyakran dics\u00e9rik, hogy az itteni csod\u00e1san meg\u0151rz\u00f6tt r\u00f3mai romokat <strong>viszonylagos nyugalomban<\/strong> n\u00e9zheted meg, an\u00e9lk\u00fcl, hogy t\u00f6bb sz\u00e1z turist\u00e1val nyomorogn\u00e1l. Az olyan helyek hangulata, mint El Djem, \u00e1ll\u00edt\u00f3lag \u00e9pp a kevesebb l\u00e1togat\u00f3 miatt var\u00e1zslatos.<\/p>\n\n\n\n<p class=\"wp-block-paragraph\"><strong>K\u00f6zels\u00e9g \u00e9s k\u00f6nny\u0171 el\u00e9rhet\u0151s\u00e9g:<\/strong> A k\u00f6zvetlen charterj\u00e1ratok Budapestr\u0151l Enfidha, Djerba vagy Monastir repter\u00e9re <strong>alig h\u00e1rom\u00f3r\u00e1s rep\u00fcl\u0151vel<\/strong> elvisznek, ami t\u00f6k\u00e9letes v\u00e1laszt\u00e1s a kisebb gyerekes csal\u00e1doknak is. Nem v\u00e1rnak r\u00e1d hossz\u00fa \u00e1tsz\u00e1ll\u00e1sok vagy f\u00e1raszt\u00f3 id\u0151eltol\u00f3d\u00e1sok, egyszer\u0171en felsz\u00e1llsz, \u00e9s r\u00f6videsen m\u00e1r napozhatsz is.<\/p>\n\n\n\n<p class=\"wp-block-paragraph\"><strong>Szahara \u00e9s a Star Wars filmes helysz\u00ednei:<\/strong> Az orsz\u00e1g d\u00e9li r\u00e9sz\u00e9n leny\u0171g\u00f6z\u0151 s\u00f3stavakat \u00e9s elhagyatott sivatagi d\u00edszleteket fedezhetsz fel, amelyek \u00e1ll\u00edt\u00f3lag <strong>fantasztikusan n\u00e9znek ki \u00e9s filmrajong\u00f3kat vonzanak<\/strong> a vil\u00e1g minden t\u00e1j\u00e1r\u00f3l. A d\u0171n\u00e9kbe tett kir\u00e1ndul\u00e1s sokak sz\u00e1m\u00e1ra a nyaral\u00e1s k\u00e9pzeletbeli aranyszege, amire azt\u00e1n szeretettel eml\u00e9keznek.<\/p>\n\n\n\n<h3 id=\"Kinek_nem_valo_Tunezia\" class=\"wp-block-heading\"><span class=\"ez-toc-section\" id=\"Kinek_nem_valo_Tunezia\"><\/span>Kinek nem val\u00f3 Tun\u00e9zia<span class=\"ez-toc-section-end\"><\/span><\/h3>\n\n\n\n<p class=\"wp-block-paragraph\">B\u00e1r ennek az orsz\u00e1gnak \u00f3ri\u00e1si var\u00e1zsa van, nem hazudok neked: <strong>ez semmik\u00e9pp sem mindenkinek val\u00f3 \u00fati c\u00e9l<\/strong>. Ha magadra ismersz az al\u00e1bbi pontok valamelyik\u00e9ben, tal\u00e1n \u00e9rdemes ink\u00e1bb Spanyolorsz\u00e1gba vagy G\u00f6r\u00f6gorsz\u00e1gba jegyet v\u00e1ltanod, hogy azt\u00e1n a helysz\u00ednen ne bosszankodj feleslegesen.<\/p>\n\n\n\n<ul class=\"wp-block-list\">\n<li>Aki nem b\u00edrja a <strong>medin\u00e1kban tapasztalhat\u00f3 zaklat\u00e1st \u00e9s alkudoz\u00e1st<\/strong>, mert az \u00e1rusok t\u00e9nyleg hihetetlen\u00fcl kitart\u00f3ak \u00e9s hangosak tudnak lenni.<\/li>\n\n\n\n<li>Aki a rezorton k\u00edv\u00fcl is automatikusan <strong>eur\u00f3pai szint\u0171 szolg\u00e1ltat\u00e1sra sz\u00e1m\u00edt<\/strong>, gondosan takar\u00edtott utc\u00e1kra \u00e9s \u00e1ltal\u00e1nos t\u00e1rsadalmi szervezetts\u00e9gre.<\/li>\n\n\n\n<li>Aki <strong>rosszul viseli a nagy meleget<\/strong>, hiszen ny\u00e1ron a h\u0151m\u00e9rs\u00e9klet a napon sim\u00e1n 33 \u00b0C f\u00f6l\u00e9 emelkedik, \u00e9s a leveg\u0151 sz\u00f3 szerint remeg.<\/li>\n\n\n\n<li>Aki a nyaral\u00e1son <strong>szabadon \u00e9s mindenhol szeretne alkoholt inni<\/strong>, mert ez muszlim orsz\u00e1g, \u00e9s s\u00f6rt vagy bort f\u0151leg a hotelekben vagy speci\u00e1lis turistahelyeken kapsz.<\/li>\n\n\n\n<li>Aki egy\u00e1ltal\u00e1n <strong>nem akar bajl\u00f3dni a z\u00e1rt valut\u00e1val \u00e9s a k\u00e9szp\u00e9nzzel<\/strong>, hiszen k\u00e1rty\u00e1val csak a jobb \u00e9ttermekben vagy a nagyv\u00e1rosi szupermarketekben fizetsz, m\u00e1shol egyszer\u0171en a d\u00edn\u00e1r uralkodik.<\/li>\n<\/ul>\n\n\n\n<h2 id=\"Mikor_erdemes_Tuneziaba_utazni_idojaras_honaprol_honapra\" class=\"wp-block-heading\"><span class=\"ez-toc-section\" id=\"Mikor_erdemes_Tuneziaba_utazni_idojaras_honaprol_honapra\"><\/span>Mikor \u00e9rdemes Tun\u00e9zi\u00e1ba utazni: id\u0151j\u00e1r\u00e1s h\u00f3napr\u00f3l h\u00f3napra<span class=\"ez-toc-section-end\"><\/span><\/h2>\n\n\n\n<p class=\"wp-block-paragraph\">A megfelel\u0151 id\u0151pont megtervez\u00e9se kulcsfontoss\u00e1g\u00fa, mert b\u00e1r Afrik\u00e1r\u00f3l van sz\u00f3, a h\u0151m\u00e9rs\u00e9klet az \u00e9v sor\u00e1n meglehet\u0151sen jelent\u0151sen v\u00e1ltozik. Hogy megk\u00f6nny\u00edtsem a d\u00f6nt\u00e9sedet, elk\u00e9sz\u00edtettem neked egy <strong>r\u00e9szletes id\u0151j\u00e1r\u00e1si \u00e1ttekint\u00e9st, amely val\u00f3s t\u00edz\u00e9ves \u00e1tlagokon alapul<\/strong> a 2015\u20132024 k\u00f6z\u00f6tti \u00e9vekb\u0151l, \u00e9s a nagyon pontos ERA5 meteorol\u00f3giai \u00fajraelemz\u00e9sb\u0151l mer\u00edt.<\/p>\n\n\n\n<p class=\"wp-block-paragraph\">Ami a tenger h\u0151m\u00e9rs\u00e9klet\u00e9t illeti, az egy r\u00e9szletes tengeri modellb\u0151l sz\u00e1rmazik a 2019\u20132024 k\u00f6z\u00f6tti \u00e9vekb\u0151l, \u00fagyhogy <strong>ne sz\u00e1m\u00edts az utaz\u00e1si irod\u00e1k katal\u00f3gusaib\u00f3l ismert sz\u00e9p\u00edtett becsl\u00e9sekre<\/strong>, hanem tiszta adatokra. N\u00e9zz\u00fck meg el\u0151sz\u00f6r a naps\u00fct\u00f6tte d\u00e9lt a kedvelt Djerba sziget k\u00f6rny\u00e9k\u00e9n, ahol statisztikailag a legmelegebb van az eg\u00e9sz partvid\u00e9ken. \ud83d\ude05<\/p>\n\n\n\n<figure class=\"wp-block-table is-style-stripes\"><table class=\"has-fixed-layout\"><thead><tr><th>H\u00f3nap<\/th><th>Nappal<\/th><th>\u00c9jjel<\/th><th>Tenger<\/th><th>Es\u0151s napok<\/th><th>Naps\u00fct\u00e9s\/nap<\/th><\/tr><\/thead><tbody><tr><td><strong>janu\u00e1r<\/strong><\/td><td>17 \u00b0C<\/td><td>10 \u00b0C<\/td><td>15 \u00b0C<\/td><td>2,0<\/td><td>8,8 \u00f3<\/td><\/tr><tr><td><strong>febru\u00e1r<\/strong><\/td><td>18 \u00b0C<\/td><td>11 \u00b0C<\/td><td>15 \u00b0C<\/td><td>3,7<\/td><td>9,6 \u00f3<\/td><\/tr><tr><td><strong>m\u00e1rcius<\/strong><\/td><td>21 \u00b0C<\/td><td>13 \u00b0C<\/td><td>17 \u00b0C<\/td><td>2,3<\/td><td>10,6 \u00f3<\/td><\/tr><tr><td><strong>\u00e1prilis<\/strong><\/td><td>23 \u00b0C<\/td><td>15 \u00b0C<\/td><td>19 \u00b0C<\/td><td>2,6<\/td><td>11,2 \u00f3<\/td><\/tr><tr><td><strong>m\u00e1jus<\/strong><\/td><td>27 \u00b0C<\/td><td>18 \u00b0C<\/td><td>22 \u00b0C<\/td><td>2,1<\/td><td>12,0 \u00f3<\/td><\/tr><tr><td><strong>j\u00fanius<\/strong><\/td><td>31 \u00b0C<\/td><td>22 \u00b0C<\/td><td>25 \u00b0C<\/td><td>0,0<\/td><td>12,9 \u00f3<\/td><\/tr><tr><td><strong>j\u00falius<\/strong><\/td><td>34 \u00b0C<\/td><td>24 \u00b0C<\/td><td>29 \u00b0C<\/td><td>0,0<\/td><td>13,0 \u00f3<\/td><\/tr><tr><td><strong>augusztus<\/strong><\/td><td>34 \u00b0C<\/td><td>25 \u00b0C<\/td><td>30 \u00b0C<\/td><td>0,8<\/td><td>12,6 \u00f3<\/td><\/tr><tr><td><strong>szeptember<\/strong><\/td><td>31 \u00b0C<\/td><td>24 \u00b0C<\/td><td>28 \u00b0C<\/td><td>2,9<\/td><td>11,2 \u00f3<\/td><\/tr><tr><td><strong>okt\u00f3ber<\/strong><\/td><td>28 \u00b0C<\/td><td>20 \u00b0C<\/td><td>26 \u00b0C<\/td><td>3,1<\/td><td>9,8 \u00f3<\/td><\/tr><tr><td><strong>november<\/strong><\/td><td>22 \u00b0C<\/td><td>16 \u00b0C<\/td><td>22 \u00b0C<\/td><td>4,0<\/td><td>9,3 \u00f3<\/td><\/tr><tr><td><strong>december<\/strong><\/td><td>18 \u00b0C<\/td><td>12 \u00b0C<\/td><td>17 \u00b0C<\/td><td>4,0<\/td><td>8,7 \u00f3<\/td><\/tr><\/tbody><\/table><figcaption class=\"wp-element-caption\">\u00c1tlagh\u0151m\u00e9rs\u00e9klet Djerb\u00e1n h\u00f3napr\u00f3l h\u00f3napra. A leveg\u0151 \u00e9s a csapad\u00e9k t\u00edz\u00e9ves \u00e1tlag (2015\u20132024) az ERA5 \u00fajraelemz\u00e9sb\u0151l, a tenger h\u0151m\u00e9rs\u00e9klete a 2019\u20132024-es tengeri modellb\u0151l.<\/figcaption><\/figure>\n\n\n\n<h3 id=\"Az_eszak_hidegebb_es_esosebb_mint_a_del\" class=\"wp-block-heading\"><span class=\"ez-toc-section\" id=\"Az_eszak_hidegebb_es_esosebb_mint_a_del\"><\/span>Az \u00e9szak hidegebb \u00e9s es\u0151sebb, mint a d\u00e9l<span class=\"ez-toc-section-end\"><\/span><\/h3>\n\n\n\n<p class=\"wp-block-paragraph\">M\u00edg a d\u00e9l a korai f\u00fcrd\u0151z\u00e9ssel cs\u00e1b\u00edt, az \u00e9szaki \u00fcd\u00fcl\u0151helyek, mint Hammamet vagy a f\u0151v\u00e1ros, Tunisz k\u00f6rny\u00e9ke valamivel h\u0171v\u00f6sebb \u00e9s csapad\u00e9kosabb \u00e9ghajlat\u00fa. Az adatokb\u00f3l sz\u00e9pen l\u00e1tszik, hogy <strong>Hammametben decemberben \u00e9s janu\u00e1rban havonta 8\u20139 napon esik<\/strong>, m\u00edg a d\u00e9li Djerb\u00e1n ugyanebben a t\u00e9li id\u0151szakban csak nagyj\u00e1b\u00f3l 3\u20134 es\u0151s nap van.<\/p>\n\n\n\n<p class=\"wp-block-paragraph\">\u00c9szakon a tenger is valamivel lassabban melegszik fel, \u00fagyhogy m\u00e1jusban a v\u00edz Tunisz \u00e9s Hammamet k\u00f6rny\u00e9k\u00e9n \u00e1ltal\u00e1ban friss 20\u201321 \u00b0C-os, amit ink\u00e1bb az edzettebbek \u00e9rt\u00e9kelnek. Az igaz\u00e1n komfortos f\u00fcrd\u0151szezon itt <strong>csak j\u00fanius folyam\u00e1n indul be igaz\u00e1n, \u00e9s okt\u00f3ber v\u00e9g\u00e9ig tart<\/strong>, amikor a leveg\u0151 \u00e9s a v\u00edz h\u0151m\u00e9rs\u00e9klete is teljesen ide\u00e1lis a strandon t\u00f6lt\u00f6tt eg\u00e9sz napokhoz.<\/p>\n\n\n\n<figure class=\"wp-block-table is-style-stripes\"><table class=\"has-fixed-layout\"><thead><tr><th>H\u00f3nap<\/th><th>Nappal<\/th><th>\u00c9jjel<\/th><th>Tenger<\/th><th>Es\u0151s napok<\/th><th>Naps\u00fct\u00e9s\/nap<\/th><\/tr><\/thead><tbody><tr><td><strong>janu\u00e1r<\/strong><\/td><td>16 \u00b0C<\/td><td>9 \u00b0C<\/td><td>17 \u00b0C<\/td><td>5,0<\/td><td>8,4 \u00f3<\/td><\/tr><tr><td><strong>febru\u00e1r<\/strong><\/td><td>17 \u00b0C<\/td><td>9 \u00b0C<\/td><td>15 \u00b0C<\/td><td>6,1<\/td><td>9,3 \u00f3<\/td><\/tr><tr><td><strong>m\u00e1rcius<\/strong><\/td><td>18 \u00b0C<\/td><td>11 \u00b0C<\/td><td>16 \u00b0C<\/td><td>8,4<\/td><td>10,1 \u00f3<\/td><\/tr><tr><td><strong>\u00e1prilis<\/strong><\/td><td>21 \u00b0C<\/td><td>13 \u00b0C<\/td><td>17 \u00b0C<\/td><td>5,3<\/td><td>11,0 \u00f3<\/td><\/tr><tr><td><strong>m\u00e1jus<\/strong><\/td><td>25 \u00b0C<\/td><td>16 \u00b0C<\/td><td>20 \u00b0C<\/td><td>5,3<\/td><td>12,0 \u00f3<\/td><\/tr><tr><td><strong>j\u00fanius<\/strong><\/td><td>29 \u00b0C<\/td><td>20 \u00b0C<\/td><td>24 \u00b0C<\/td><td>1,9<\/td><td>12,8 \u00f3<\/td><\/tr><tr><td><strong>j\u00falius<\/strong><\/td><td>33 \u00b0C<\/td><td>23 \u00b0C<\/td><td>27 \u00b0C<\/td><td>0,3<\/td><td>13,1 \u00f3<\/td><\/tr><tr><td><strong>augusztus<\/strong><\/td><td>33 \u00b0C<\/td><td>23 \u00b0C<\/td><td>28 \u00b0C<\/td><td>2,4<\/td><td>12,6 \u00f3<\/td><\/tr><tr><td><strong>szeptember<\/strong><\/td><td>29 \u00b0C<\/td><td>22 \u00b0C<\/td><td>27 \u00b0C<\/td><td>5,3<\/td><td>10,8 \u00f3<\/td><\/tr><tr><td><strong>okt\u00f3ber<\/strong><\/td><td>25 \u00b0C<\/td><td>18 \u00b0C<\/td><td>25 \u00b0C<\/td><td>7,6<\/td><td>9,5 \u00f3<\/td><\/tr><tr><td><strong>november<\/strong><\/td><td>21 \u00b0C<\/td><td>14 \u00b0C<\/td><td>22 \u00b0C<\/td><td>6,7<\/td><td>8,8 \u00f3<\/td><\/tr><tr><td><strong>december<\/strong><\/td><td>18 \u00b0C<\/td><td>11 \u00b0C<\/td><td>18 \u00b0C<\/td><td>6,6<\/td><td>8,2 \u00f3<\/td><\/tr><\/tbody><\/table><figcaption class=\"wp-element-caption\">Hammamet \u00e9szakon hidegebb \u00e9s es\u0151sebb, mint Djerba. \u00c1tlagok 2015\u20132024 (ERA5), a tenger h\u0151m\u00e9rs\u00e9klete 2019\u20132024.<\/figcaption><\/figure>\n\n\n\n<h3 id=\"A_legjobb_honapok_a_nyaralas_tipusa_szerint\" class=\"wp-block-heading\"><span class=\"ez-toc-section\" id=\"A_legjobb_honapok_a_nyaralas_tipusa_szerint\"><\/span>A legjobb h\u00f3napok a nyaral\u00e1s t\u00edpusa szerint<span class=\"ez-toc-section-end\"><\/span><\/h3>\n\n\n\n<ul class=\"wp-block-list\">\n<li><strong>F\u00fcrd\u0151z\u00e9s \u00e9s tengerparti pihen\u00e9s:<\/strong> Az ide\u00e1lis v\u00e1laszt\u00e1s a j\u00faniust\u00f3l okt\u00f3berig tart\u00f3 id\u0151szak, amikor a tenger Djerb\u00e1n a csod\u00e1s 25 \u00b0C-t\u00f3l az augusztusi 29,6 \u00b0C-ig terjed, \u00e9s ki sem akarsz majd j\u00f6nni bel\u0151le.<\/li>\n\n\n\n<li><strong>Felfedez\u00e9s \u00e9s Szahara:<\/strong> Ha a bels\u0151 ter\u00fcletekre tervezel kir\u00e1ndul\u00e1sokat, m\u00e1rciust\u00f3l m\u00e1jusig vagy okt\u00f3berben \u00e9s novemberben gyere ide, amikor nyugodtan elker\u00fcl\u00f6d a f\u00fclledt ny\u00e1ri napokat.<\/li>\n\n\n\n<li><strong>A legolcs\u00f3bb id\u0151pontok:<\/strong> Novembert\u0151l m\u00e1rciusig a hoteleket a t\u00f6red\u00e9k\u00e1ron kapod, viszont vedd figyelembe, hogy a tengeri f\u00fcrd\u0151z\u00e9shez odakint biztosan nem lesz meg az id\u0151.<\/li>\n\n\n\n<li><strong>Mit \u00e9rdemes ker\u00fclni:<\/strong> A j\u00falius \u00e9s augusztus egy\u00e1ltal\u00e1n nem alkalmas a bels\u0151 ter\u00fcletekre \u00e9s a sivatagba tett hossz\u00fa kir\u00e1ndul\u00e1sokra, mert ott gyilkos a h\u0151s\u00e9g, ami csak feleslegesen kimer\u00edtene.<\/li>\n<\/ul>\n\n\n\n<h3 id=\"Ramadan_mit_jelent_a_turistaknak\" class=\"wp-block-heading\"><span class=\"ez-toc-section\" id=\"Ramadan_mit_jelent_a_turistaknak\"><\/span>Ramad\u00e1n: mit jelent a turist\u00e1knak<span class=\"ez-toc-section-end\"><\/span><\/h3>\n\n\n\n<p class=\"wp-block-paragraph\">Az id\u0151pont kiv\u00e1laszt\u00e1sakor tudnod kell, hogy az orsz\u00e1gban rendszeresen betartj\u00e1k a szent ramad\u00e1n h\u00f3napot, amelynek id\u0151pontja \u00e9vente nagyj\u00e1b\u00f3l 11 nappal el\u0151r\u00e9bb cs\u00faszik. A nagy tengerparti rezortokat ez a gyakorlatban semmilyen m\u00f3don nem \u00e9rinti, teljesen norm\u00e1lisan m\u0171k\u00f6dnek, de <strong>rajtuk k\u00edv\u00fcl a helyi \u00e9ttermek napk\u00f6zben z\u00e1rva tartanak<\/strong>, \u00e9s az utc\u00e1kon lassabb az \u00e9let temp\u00f3ja. A helyiek ugyan tisztelik a k\u00fclf\u00f6ldieket, de alapvet\u0151 udvariass\u00e1g, hogy nem eszel, iszol \u00e9s doh\u00e1nyzol nyilv\u00e1nosan, hanem megv\u00e1rod az \u00e9tkez\u00e9ssel a hotel mag\u00e1nter\u00e9t vagy a napnyugt\u00e1t.<\/p>\n\n\n\n<h2 id=\"Tunezia_latnivalok_22_tipp_Karthagotol_a_Szaharaig\" class=\"wp-block-heading\"><span class=\"ez-toc-section\" id=\"Tunezia_latnivalok_22_tipp_Karthagotol_a_Szaharaig\"><\/span>Tun\u00e9zia l\u00e1tnival\u00f3k: 22 tipp Karth\u00e1g\u00f3t\u00f3l a Szahar\u00e1ig<span class=\"ez-toc-section-end\"><\/span><\/h2>\n\n\n\n<p class=\"wp-block-paragraph\">Ha \u00c9szak-Afrik\u00e1ba tervezel utaz\u00e1st, a <strong>Tun\u00e9zia garant\u00e1ltan meglep majd hatalmas soksz\u00edn\u0171s\u00e9g\u00e9vel<\/strong>, amely az \u00f3kori eml\u00e9kekt\u0151l a f\u0151v\u00e1ros k\u00f6rny\u00e9k\u00e9n \u00e1t a z\u00f6ld \u00e9szakon \u00e9s a ny\u00fczsg\u0151 \u00fcd\u00fcl\u0151helyeken kereszt\u00fcl eg\u00e9szen a d\u00e9li v\u00e9gtelen homokd\u0171n\u00e9kig terjed. Magyarorsz\u00e1gr\u00f3l nagyon k\u00f6nnyen ide jutsz, mert a k\u00f6zvetlen charterj\u00e1ratok Budapestr\u0151l Enfidha, Djerba vagy Monastir repter\u00e9re nagyj\u00e1b\u00f3l k\u00e9t \u00e9s negyed \u2013 h\u00e1rom \u00f3r\u00e1t tartanak. A tapasztaltabb utaz\u00f3k nagyon aj\u00e1nlj\u00e1k, hogy Tuniszba \u00e9rkezve ker\u00fcld el a termin\u00e1lon bel\u00fcli csalogat\u00f3kat, akik t\u00fal\u00e1razott fuvart k\u00edn\u00e1lnak, ink\u00e1bb menj ki a hivatalos s\u00e1rga taxi\u00e1llom\u00e1shoz az \u00e9p\u00fclet el\u00e9, \u00e9s ott mindig ragaszkodj a taxi\u00f3ra el\u0151zetes bekapcsol\u00e1s\u00e1hoz.<\/p>\n\n\n\n<p class=\"wp-block-paragraph\">A magyar turist\u00e1k t\u00f6bbs\u00e9ge sajnos kiz\u00e1r\u00f3lag klasszikus all inclusive nyaral\u00e1sra j\u00e1r ide, \u00e9s <strong>a hotelrezort k\u00e9nyelm\u00e9b\u0151l eg\u00e9sz h\u00e9ten szinte ki sem mozdul<\/strong>, ami szerintem \u00f3ri\u00e1si k\u00e1r. A leg\u00e9rdekesebb t\u00f6rt\u00e9nelmi kincsek, hiteles arab piacok \u00e9s fotog\u00e9n kisv\u00e1rosok ugyanis gyakran csak egy k\u0151haj\u00edt\u00e1snyira vannak a hoteled ker\u00edt\u00e9se m\u00f6g\u00f6tt, \u00fagyhogy egyenesen b\u0171n lenne nem felfedezni \u0151ket. N\u00e9zz\u00fck meg egy\u00fctt a legjobbat, amit ez a naps\u00fct\u00f6tte orsz\u00e1g k\u00edn\u00e1l, hogy a nyaral\u00e1sr\u00f3l sokkal t\u00f6bbet hozz haza egy hotelnap\u00e1gyon szerzett barnul\u00e1sn\u00e1l.<\/p>\n\n\n\n<h3 id=\"1_Tuniszi_medina_labirintus_az_UNESCO_listajan\" class=\"wp-block-heading\"><span class=\"ez-toc-section\" id=\"1_Tuniszi_medina_labirintus_az_UNESCO_listajan\"><\/span>1. Tuniszi medina: labirintus az UNESCO list\u00e1j\u00e1n<span class=\"ez-toc-section-end\"><\/span><\/h3>\n\n\n\n<p class=\"wp-block-paragraph\">A f\u0151v\u00e1ros t\u00f6rt\u00e9nelmi k\u00f6zpontja <strong>\u00c9szak-Afrika leg\u00e9pebben meg\u0151rz\u00f6tt medin\u00e1j\u00e1t<\/strong> jelenti, amelynek sz\u0171k, kanyarg\u00f3s utc\u00e1i azonnal \u00e9vsz\u00e1zadokkal rep\u00edtenek vissza. Ennek a pezsg\u0151 helynek a sz\u00edve a leny\u0171g\u00f6z\u0151 Zajt\u00fana nagymecset, amely k\u00f6r\u00fcl a hagyom\u00e1nyos sz\u00fakok, azaz mesters\u00e9gek szerint felosztott piacok ter\u00fclnek el, ahol a f\u0171szerek illata keveredik a r\u00e9zm\u0171vesek kalap\u00e1cs\u00fct\u00e9seivel. A k\u00fclf\u00f6ldi \u00fatik\u00f6nyvek egyet\u00e9rtenek abban, hogy egy s\u00e9ta ebben az \u00fatveszt\u0151ben abszol\u00fat k\u00f6telez\u0151 mindenkinek, aki fel akarja sz\u00edvni az igazi arab hangulatot.<\/p>\n\n\n\n<figure data-wp-context=\"{&quot;imageId&quot;:&quot;6a965b7091f7f&quot;}\" data-wp-interactive=\"core\/image\" data-wp-key=\"6a965b7091f7f\" class=\"wp-block-image size-full wp-lightbox-container\"><img decoding=\"async\" width=\"2528\" height=\"1696\" data-wp-class--hide=\"state.isContentHidden\" data-wp-class--show=\"state.isContentVisible\" data-wp-init=\"callbacks.setButtonStyles\" data-wp-on--click=\"actions.showLightbox\" data-wp-on--load=\"callbacks.setButtonStyles\" data-wp-on--pointerdown=\"actions.preloadImage\" data-wp-on--pointerenter=\"actions.preloadImageWithDelay\" data-wp-on--pointerleave=\"actions.cancelPreload\" data-wp-on-window--resize=\"callbacks.setButtonStyles\" src=\"https:\/\/loudavymkrokem.cz\/wp-content\/uploads\/2026\/08\/dovolena-tunisko-medina-tunis-v2.jpg\" alt=\"Bolt\u00edves sz\u00fak a tuniszi medin\u00e1ban\" class=\"wp-image-402962\" title=\"\" srcset=\"https:\/\/loudavymkrokem.cz\/wp-content\/uploads\/2026\/08\/dovolena-tunisko-medina-tunis-v2.jpg 2528w, https:\/\/loudavymkrokem.cz\/wp-content\/uploads\/2026\/08\/dovolena-tunisko-medina-tunis-v2-300x201.jpg 300w, https:\/\/loudavymkrokem.cz\/wp-content\/uploads\/2026\/08\/dovolena-tunisko-medina-tunis-v2-700x470.jpg 700w, https:\/\/loudavymkrokem.cz\/wp-content\/uploads\/2026\/08\/dovolena-tunisko-medina-tunis-v2-768x515.jpg 768w, https:\/\/loudavymkrokem.cz\/wp-content\/uploads\/2026\/08\/dovolena-tunisko-medina-tunis-v2-1536x1030.jpg 1536w, https:\/\/loudavymkrokem.cz\/wp-content\/uploads\/2026\/08\/dovolena-tunisko-medina-tunis-v2-2048x1374.jpg 2048w, https:\/\/loudavymkrokem.cz\/wp-content\/uploads\/2026\/08\/dovolena-tunisko-medina-tunis-v2-696x467.jpg 696w, https:\/\/loudavymkrokem.cz\/wp-content\/uploads\/2026\/08\/dovolena-tunisko-medina-tunis-v2-1392x934.jpg 1392w, https:\/\/loudavymkrokem.cz\/wp-content\/uploads\/2026\/08\/dovolena-tunisko-medina-tunis-v2-1920x1288.jpg 1920w\" sizes=\"(max-width: 2528px) 100vw, 2528px\" \/><button\n\t\t\tclass=\"lightbox-trigger\"\n\t\t\ttype=\"button\"\n\t\t\taria-haspopup=\"dialog\"\n\t\t\tdata-wp-bind--aria-label=\"state.thisImage.triggerButtonAriaLabel\"\n\t\t\tdata-wp-init=\"callbacks.initTriggerButton\"\n\t\t\tdata-wp-on--click=\"actions.showLightbox\"\n\t\t\tdata-wp-style--right=\"state.thisImage.buttonRight\"\n\t\t\tdata-wp-style--top=\"state.thisImage.buttonTop\"\n\t\t>\n\t\t\t<svg xmlns=\"http:\/\/www.w3.org\/2000\/svg\" width=\"12\" height=\"12\" fill=\"none\" viewBox=\"0 0 12 12\">\n\t\t\t\t<path fill=\"#fff\" d=\"M2 0a2 2 0 0 0-2 2v2h1.5V2a.5.5 0 0 1 .5-.5h2V0H2Zm2 10.5H2a.5.5 0 0 1-.5-.5V8H0v2a2 2 0 0 0 2 2h2v-1.5ZM8 12v-1.5h2a.5.5 0 0 0 .5-.5V8H12v2a2 2 0 0 1-2 2H8Zm2-12a2 2 0 0 1 2 2v2h-1.5V2a.5.5 0 0 0-.5-.5H8V0h2Z\" \/>\n\t\t\t<\/svg>\n\t\t<\/button><figcaption class=\"wp-element-caption\">Bolt\u00edves sz\u00fak a tuniszi medin\u00e1ban<\/figcaption><\/figure>\n\n\n\n<p class=\"wp-block-paragraph\">A medin\u00e1ba ide\u00e1lis esetben r\u00f6gt\u00f6n d\u00e9lel\u0151tt menj, amikor az utc\u00e1k nyugodtabbak \u00e9s a keresked\u0151k \u00e9pp csak kirakodj\u00e1k az \u00e1ruikat. Biztosan megsz\u00f3l\u00edtanak majd k\u00fcl\u00f6nf\u00e9le \u00f6njel\u00f6lt idegenvezet\u0151k, akik meg akarj\u00e1k mutatni az utat a legjobb tet\u0151teraszos kil\u00e1t\u00f3hoz, amire <strong>reag\u00e1lj udvarias, de egy\u00e9rtelm\u0171 \u00e9s hajthatatlan visszautas\u00edt\u00e1ssal<\/strong>, ha nem akarsz nekik k\u00f6v\u00e9r borraval\u00f3t fizetni \ud83d\ude05. Mivel muszlim orsz\u00e1gban vagy, a v\u00e1rosi s\u00e9t\u00e1hoz ne felejts el olyasmit felvenni, ami eltakarja a v\u00e1llad \u00e9s a t\u00e9rded.<\/p>\n\n\n\n<h3 id=\"2_Karthago_a_birodalombol_amely_Romaval_vetelkedett\" class=\"wp-block-heading\"><span class=\"ez-toc-section\" id=\"2_Karthago_a_birodalombol_amely_Romaval_vetelkedett\"><\/span>2. Karth\u00e1g\u00f3: a birodalomb\u00f3l, amely R\u00f3m\u00e1val vet\u00e9lkedett<span class=\"ez-toc-section-end\"><\/span><\/h3>\n\n\n\n<p class=\"wp-block-paragraph\">Tunisz modern k\u00f6zpontj\u00e1t\u00f3l nem messze fekszenek a legend\u00e1s Karth\u00e1g\u00f3 romjai, amely az \u00f3korban uralta a F\u00f6ldk\u00f6zi-tengert \u00e9s megv\u00edvta a h\u00edres pun h\u00e1bor\u00fakat a R\u00f3mai Birodalommal. Ma egy kiterjedt, az UNESCO list\u00e1j\u00e1n szerepl\u0151 r\u00e9g\u00e9szeti park, ahol <strong>a legjelent\u0151sebb pontok k\u00f6z\u00e9 tartozik a Byrsa-domb<\/strong>, az Antoninus-f\u00fcrd\u0151k partot szeg\u00e9lyez\u0151 fens\u00e9ges maradv\u00e1nyai \u00e9s az \u00f3kori pun kik\u00f6t\u0151k. Az utaz\u00f3k nagyon dics\u00e9rik, ahogyan itt a f\u00f6n\u00edciai, r\u00f3mai \u00e9s biz\u00e1nci t\u00f6rt\u00e9nelem r\u00e9tegei \u00f6sszefon\u00f3dnak a szikr\u00e1z\u00f3 k\u00e9k tenger h\u00e1tter\u00e9ben.<\/p>\n\n\n\n<figure data-wp-context=\"{&quot;imageId&quot;:&quot;6a965b70925cd&quot;}\" data-wp-interactive=\"core\/image\" data-wp-key=\"6a965b70925cd\" class=\"wp-block-image size-full wp-lightbox-container\"><img decoding=\"async\" width=\"1500\" height=\"1111\" data-wp-class--hide=\"state.isContentHidden\" data-wp-class--show=\"state.isContentVisible\" data-wp-init=\"callbacks.setButtonStyles\" data-wp-on--click=\"actions.showLightbox\" data-wp-on--load=\"callbacks.setButtonStyles\" data-wp-on--pointerdown=\"actions.preloadImage\" data-wp-on--pointerenter=\"actions.preloadImageWithDelay\" data-wp-on--pointerleave=\"actions.cancelPreload\" data-wp-on-window--resize=\"callbacks.setButtonStyles\" src=\"https:\/\/loudavymkrokem.cz\/wp-content\/uploads\/2026\/08\/dovolena-tunisko-t02.jpg\" alt=\"Antoninus-f\u00fcrd\u0151k Karth\u00e1g\u00f3ban\" class=\"wp-image-399951\" title=\"\" srcset=\"https:\/\/loudavymkrokem.cz\/wp-content\/uploads\/2026\/08\/dovolena-tunisko-t02.jpg 1500w, https:\/\/loudavymkrokem.cz\/wp-content\/uploads\/2026\/08\/dovolena-tunisko-t02-300x222.jpg 300w, https:\/\/loudavymkrokem.cz\/wp-content\/uploads\/2026\/08\/dovolena-tunisko-t02-700x518.jpg 700w, https:\/\/loudavymkrokem.cz\/wp-content\/uploads\/2026\/08\/dovolena-tunisko-t02-768x569.jpg 768w, https:\/\/loudavymkrokem.cz\/wp-content\/uploads\/2026\/08\/dovolena-tunisko-t02-80x60.jpg 80w, https:\/\/loudavymkrokem.cz\/wp-content\/uploads\/2026\/08\/dovolena-tunisko-t02-160x120.jpg 160w, https:\/\/loudavymkrokem.cz\/wp-content\/uploads\/2026\/08\/dovolena-tunisko-t02-696x516.jpg 696w, https:\/\/loudavymkrokem.cz\/wp-content\/uploads\/2026\/08\/dovolena-tunisko-t02-1392x1031.jpg 1392w\" sizes=\"(max-width: 1500px) 100vw, 1500px\" \/><button\n\t\t\tclass=\"lightbox-trigger\"\n\t\t\ttype=\"button\"\n\t\t\taria-haspopup=\"dialog\"\n\t\t\tdata-wp-bind--aria-label=\"state.thisImage.triggerButtonAriaLabel\"\n\t\t\tdata-wp-init=\"callbacks.initTriggerButton\"\n\t\t\tdata-wp-on--click=\"actions.showLightbox\"\n\t\t\tdata-wp-style--right=\"state.thisImage.buttonRight\"\n\t\t\tdata-wp-style--top=\"state.thisImage.buttonTop\"\n\t\t>\n\t\t\t<svg xmlns=\"http:\/\/www.w3.org\/2000\/svg\" width=\"12\" height=\"12\" fill=\"none\" viewBox=\"0 0 12 12\">\n\t\t\t\t<path fill=\"#fff\" d=\"M2 0a2 2 0 0 0-2 2v2h1.5V2a.5.5 0 0 1 .5-.5h2V0H2Zm2 10.5H2a.5.5 0 0 1-.5-.5V8H0v2a2 2 0 0 0 2 2h2v-1.5ZM8 12v-1.5h2a.5.5 0 0 0 .5-.5V8H12v2a2 2 0 0 1-2 2H8Zm2-12a2 2 0 0 1 2 2v2h-1.5V2a.5.5 0 0 0-.5-.5H8V0h2Z\" \/>\n\t\t\t<\/svg>\n\t\t<\/button><figcaption class=\"wp-element-caption\">Antoninus-f\u00fcrd\u0151k Karth\u00e1g\u00f3ban (Fot\u00f3: Bernard Gagnon \/ Wikimedia Commons, CC BY-SA 3.0)<\/figcaption><\/figure>\n\n\n\n<p class=\"wp-block-paragraph\">Az ide vezet\u0151 k\u00f6zleked\u00e9s teljesen probl\u00e9mamentes, mert Karth\u00e1g\u00f3 k\u00f6zvetlen\u00fcl a Tuniszt a parttal \u00f6sszek\u00f6t\u0151 TGM el\u0151v\u00e1rosi vas\u00fat \u00fatvonal\u00e1n fekszik. A p\u00e9nzt\u00e1rakn\u00e1l \u00e9s eml\u00e9kekn\u00e9l val\u00f3 k\u00f6nnyebb t\u00e1j\u00e9koz\u00f3d\u00e1shoz j\u00f3l j\u00f6n a francia, amely Tun\u00e9zi\u00e1ban <strong>a hivatalos arab mellett nagyon elterjedt<\/strong>, m\u00edg az angollal a f\u0151 turistarezortokon k\u00edv\u00fcl id\u0151nk\u00e9nt bajba ker\u00fclsz. A kiterjedt ter\u00fclet sok gyalogl\u00e1st ig\u00e9nyel a t\u0171z\u0151 napon, \u00fagyhogy a k\u00e9nyelmes cip\u0151 \u00e9s a b\u0151s\u00e9ges v\u00edz abszol\u00fat sz\u00fcks\u00e9ges.<\/p>\n\n\n\n<h3 id=\"3_Sidi_Bou_Said_kek_feher_varoska_a_tenger_felett\" class=\"wp-block-heading\"><span class=\"ez-toc-section\" id=\"3_Sidi_Bou_Said_kek-feher_varoska_a_tenger_felett\"><\/span>3. Sidi Bou Said: k\u00e9k-feh\u00e9r v\u00e1roska a tenger felett<span class=\"ez-toc-section-end\"><\/span><\/h3>\n\n\n\n<p class=\"wp-block-paragraph\">A Tuniszi-\u00f6b\u00f6l feletti szikl\u00e1n magasodik a fest\u0151i Sidi Bou Said v\u00e1roska, amely a fot\u00f3kon gyakran a g\u00f6r\u00f6g szigetekre eml\u00e9keztet a vak\u00edt\u00f3an feh\u00e9r homlokzatoknak \u00e9s a <strong>jellegzetes ragyog\u00f3 k\u00e9k, kov\u00e1csoltvas r\u00e1csos ajt\u00f3knak<\/strong> k\u00f6sz\u00f6nhet\u0151en. Ez a hely r\u00e9g\u00f3ta vonzza a m\u0171v\u00e9szeket, \u00edr\u00f3kat \u00e9s romantikusokat a vil\u00e1g minden t\u00e1j\u00e1r\u00f3l, akik ide j\u00e1rnak \u00fcld\u00f6g\u00e9lni a legend\u00e1s Caf\u00e9 des Nattes k\u00e1v\u00e9z\u00f3ba \u00e9s gy\u00f6ny\u00f6rk\u00f6dni a lehorgonyzott jachtok l\u00e1tv\u00e1ny\u00e1ban. \u00c1ll\u00edt\u00f3lag Afrika egyik legt\u00f6bbet f\u00e9nyk\u00e9pezett helye, amin a vir\u00e1gokkal teli fest\u0151i utc\u00e1k l\u00e1tt\u00e1n nem is lehet csod\u00e1lkozni \u263a\ufe0f.<\/p>\n\n\n\n<figure data-wp-context=\"{&quot;imageId&quot;:&quot;6a965b7092af3&quot;}\" data-wp-interactive=\"core\/image\" data-wp-key=\"6a965b7092af3\" class=\"wp-block-image size-full wp-lightbox-container\"><img decoding=\"async\" width=\"2528\" height=\"1696\" data-wp-class--hide=\"state.isContentHidden\" data-wp-class--show=\"state.isContentVisible\" data-wp-init=\"callbacks.setButtonStyles\" data-wp-on--click=\"actions.showLightbox\" data-wp-on--load=\"callbacks.setButtonStyles\" data-wp-on--pointerdown=\"actions.preloadImage\" data-wp-on--pointerenter=\"actions.preloadImageWithDelay\" data-wp-on--pointerleave=\"actions.cancelPreload\" data-wp-on-window--resize=\"callbacks.setButtonStyles\" src=\"https:\/\/loudavymkrokem.cz\/wp-content\/uploads\/2026\/08\/dovolena-tunisko-sidi-bou-said-v2.jpg\" alt=\"K\u00e9k-feh\u00e9r utca Sidi Bou Saidban\" class=\"wp-image-402966\" title=\"\" srcset=\"https:\/\/loudavymkrokem.cz\/wp-content\/uploads\/2026\/08\/dovolena-tunisko-sidi-bou-said-v2.jpg 2528w, https:\/\/loudavymkrokem.cz\/wp-content\/uploads\/2026\/08\/dovolena-tunisko-sidi-bou-said-v2-300x201.jpg 300w, https:\/\/loudavymkrokem.cz\/wp-content\/uploads\/2026\/08\/dovolena-tunisko-sidi-bou-said-v2-700x470.jpg 700w, https:\/\/loudavymkrokem.cz\/wp-content\/uploads\/2026\/08\/dovolena-tunisko-sidi-bou-said-v2-768x515.jpg 768w, https:\/\/loudavymkrokem.cz\/wp-content\/uploads\/2026\/08\/dovolena-tunisko-sidi-bou-said-v2-1536x1030.jpg 1536w, https:\/\/loudavymkrokem.cz\/wp-content\/uploads\/2026\/08\/dovolena-tunisko-sidi-bou-said-v2-2048x1374.jpg 2048w, https:\/\/loudavymkrokem.cz\/wp-content\/uploads\/2026\/08\/dovolena-tunisko-sidi-bou-said-v2-696x467.jpg 696w, https:\/\/loudavymkrokem.cz\/wp-content\/uploads\/2026\/08\/dovolena-tunisko-sidi-bou-said-v2-1392x934.jpg 1392w, https:\/\/loudavymkrokem.cz\/wp-content\/uploads\/2026\/08\/dovolena-tunisko-sidi-bou-said-v2-1920x1288.jpg 1920w\" sizes=\"(max-width: 2528px) 100vw, 2528px\" \/><button\n\t\t\tclass=\"lightbox-trigger\"\n\t\t\ttype=\"button\"\n\t\t\taria-haspopup=\"dialog\"\n\t\t\tdata-wp-bind--aria-label=\"state.thisImage.triggerButtonAriaLabel\"\n\t\t\tdata-wp-init=\"callbacks.initTriggerButton\"\n\t\t\tdata-wp-on--click=\"actions.showLightbox\"\n\t\t\tdata-wp-style--right=\"state.thisImage.buttonRight\"\n\t\t\tdata-wp-style--top=\"state.thisImage.buttonTop\"\n\t\t>\n\t\t\t<svg xmlns=\"http:\/\/www.w3.org\/2000\/svg\" width=\"12\" height=\"12\" fill=\"none\" viewBox=\"0 0 12 12\">\n\t\t\t\t<path fill=\"#fff\" d=\"M2 0a2 2 0 0 0-2 2v2h1.5V2a.5.5 0 0 1 .5-.5h2V0H2Zm2 10.5H2a.5.5 0 0 1-.5-.5V8H0v2a2 2 0 0 0 2 2h2v-1.5ZM8 12v-1.5h2a.5.5 0 0 0 .5-.5V8H12v2a2 2 0 0 1-2 2H8Zm2-12a2 2 0 0 1 2 2v2h-1.5V2a.5.5 0 0 0-.5-.5H8V0h2Z\" \/>\n\t\t\t<\/svg>\n\t\t<\/button><figcaption class=\"wp-element-caption\">K\u00e9k-feh\u00e9r utca Sidi Bou Saidban<\/figcaption><\/figure>\n\n\n\n<p class=\"wp-block-paragraph\">Ha meg akarod k\u00edm\u00e9lni az idegeidet, mindenk\u00e9pp vagy nagyon kor\u00e1n reggel, vagy \u00e9ppen az esti \u00f3r\u00e1kban gyere ide, mert d\u00e9lben ez a kis v\u00e1roska sz\u00f3 szerint sz\u00e9treped a kir\u00e1ndul\u00f3k roham\u00e1t\u00f3l. Tuniszb\u00f3l k\u00e9nyelmesen ide jutsz a TGM vonattal vagy s\u00e1rga taxival, amin\u00e9l csak arra figyelj, hogy a sof\u0151rnek <strong>r\u00f6gt\u00f6n az \u00fat elej\u00e9t\u0151l be legyen kapcsolva a taxi\u00f3ra<\/strong>. A helyi k\u00e1v\u00e9z\u00f3k \u00e1rai j\u00f3val magasabbak, mint az orsz\u00e1g t\u00f6bbi r\u00e9sz\u00e9n, de sokak szerint a mentate\u00e1s, feny\u0151magos hangulat\u00e9rt meg\u00e9ri.<\/p>\n\n\n\n<h3 id=\"4_Bardo_mozaikok_amilyeneket_mashol_nem_latsz\" class=\"wp-block-heading\"><span class=\"ez-toc-section\" id=\"4_Bardo_mozaikok_amilyeneket_mashol_nem_latsz\"><\/span>4. Bardo: mozaikok, amilyeneket m\u00e1shol nem l\u00e1tsz<span class=\"ez-toc-section-end\"><\/span><\/h3>\n\n\n\n<p class=\"wp-block-paragraph\">A Bardo Nemzeti M\u00fazeum a tun\u00e9ziai bej egykori palot\u00e1j\u00e1nak gy\u00f6ny\u00f6r\u0171 egy\u00fcttes\u00e9ben sz\u00e9kel, \u00e9s felbecs\u00fclhetetlen \u00e9rt\u00e9k\u0171 kincset rejt. Itt tal\u00e1lod ugyanis a <strong>vil\u00e1g egyik legnagyobb \u00e9s leg\u00e9pebben meg\u0151rz\u00f6tt r\u00f3mai mozaikgy\u0171jtem\u00e9ny\u00e9t<\/strong>, amelyek eredetileg eg\u00e9sz \u00c9szak-Afrik\u00e1ban gazdag vill\u00e1k padl\u00f3it d\u00edsz\u00edtett\u00e9k, ma pedig \u00f3ri\u00e1si festm\u00e9nyekk\u00e9nt l\u00f3gnak a falakon. A m\u00fazeum terei az andal\u00faz \u00e9p\u00edt\u00e9szetet festett famennyezetekkel kombin\u00e1lj\u00e1k, ami teljesen egyed\u00fcl\u00e1ll\u00f3 h\u00e1tteret teremt az \u00e9vezredes \u00f3kori szobroknak \u00e9s leleteknek.<\/p>\n\n\n\n<figure data-wp-context=\"{&quot;imageId&quot;:&quot;6a965b7092fec&quot;}\" data-wp-interactive=\"core\/image\" data-wp-key=\"6a965b7092fec\" class=\"wp-block-image size-full wp-lightbox-container\"><img decoding=\"async\" width=\"2528\" height=\"1696\" data-wp-class--hide=\"state.isContentHidden\" data-wp-class--show=\"state.isContentVisible\" data-wp-init=\"callbacks.setButtonStyles\" data-wp-on--click=\"actions.showLightbox\" data-wp-on--load=\"callbacks.setButtonStyles\" data-wp-on--pointerdown=\"actions.preloadImage\" data-wp-on--pointerenter=\"actions.preloadImageWithDelay\" data-wp-on--pointerleave=\"actions.cancelPreload\" data-wp-on-window--resize=\"callbacks.setButtonStyles\" src=\"https:\/\/loudavymkrokem.cz\/wp-content\/uploads\/2026\/08\/dovolena-tunisko-bardo-v2.jpg\" alt=\"A Bardo m\u00fazeum f\u0151 terme r\u00f3mai mozaikokkal\" class=\"wp-image-402971\" title=\"\" srcset=\"https:\/\/loudavymkrokem.cz\/wp-content\/uploads\/2026\/08\/dovolena-tunisko-bardo-v2.jpg 2528w, https:\/\/loudavymkrokem.cz\/wp-content\/uploads\/2026\/08\/dovolena-tunisko-bardo-v2-300x201.jpg 300w, https:\/\/loudavymkrokem.cz\/wp-content\/uploads\/2026\/08\/dovolena-tunisko-bardo-v2-700x470.jpg 700w, https:\/\/loudavymkrokem.cz\/wp-content\/uploads\/2026\/08\/dovolena-tunisko-bardo-v2-768x515.jpg 768w, https:\/\/loudavymkrokem.cz\/wp-content\/uploads\/2026\/08\/dovolena-tunisko-bardo-v2-1536x1030.jpg 1536w, https:\/\/loudavymkrokem.cz\/wp-content\/uploads\/2026\/08\/dovolena-tunisko-bardo-v2-2048x1374.jpg 2048w, https:\/\/loudavymkrokem.cz\/wp-content\/uploads\/2026\/08\/dovolena-tunisko-bardo-v2-696x467.jpg 696w, https:\/\/loudavymkrokem.cz\/wp-content\/uploads\/2026\/08\/dovolena-tunisko-bardo-v2-1392x934.jpg 1392w, https:\/\/loudavymkrokem.cz\/wp-content\/uploads\/2026\/08\/dovolena-tunisko-bardo-v2-1920x1288.jpg 1920w\" sizes=\"(max-width: 2528px) 100vw, 2528px\" \/><button\n\t\t\tclass=\"lightbox-trigger\"\n\t\t\ttype=\"button\"\n\t\t\taria-haspopup=\"dialog\"\n\t\t\tdata-wp-bind--aria-label=\"state.thisImage.triggerButtonAriaLabel\"\n\t\t\tdata-wp-init=\"callbacks.initTriggerButton\"\n\t\t\tdata-wp-on--click=\"actions.showLightbox\"\n\t\t\tdata-wp-style--right=\"state.thisImage.buttonRight\"\n\t\t\tdata-wp-style--top=\"state.thisImage.buttonTop\"\n\t\t>\n\t\t\t<svg xmlns=\"http:\/\/www.w3.org\/2000\/svg\" width=\"12\" height=\"12\" fill=\"none\" viewBox=\"0 0 12 12\">\n\t\t\t\t<path fill=\"#fff\" d=\"M2 0a2 2 0 0 0-2 2v2h1.5V2a.5.5 0 0 1 .5-.5h2V0H2Zm2 10.5H2a.5.5 0 0 1-.5-.5V8H0v2a2 2 0 0 0 2 2h2v-1.5ZM8 12v-1.5h2a.5.5 0 0 0 .5-.5V8H12v2a2 2 0 0 1-2 2H8Zm2-12a2 2 0 0 1 2 2v2h-1.5V2a.5.5 0 0 0-.5-.5H8V0h2Z\" \/>\n\t\t\t<\/svg>\n\t\t<\/button><figcaption class=\"wp-element-caption\">A Bardo m\u00fazeum f\u0151 terme r\u00f3mai mozaikokkal<\/figcaption><\/figure>\n\n\n\n<p class=\"wp-block-paragraph\">A m\u00fazeum bel\u00e9p\u0151j\u00e9t \u00e9s a k\u00f6rny\u00e9ki szuven\u00edrv\u00e1s\u00e1rl\u00e1st a helyi valut\u00e1ban kell int\u00e9zned, ami a tun\u00e9ziai d\u00edn\u00e1r (TND), amely ezer millimre oszlik. Ne feledd, hogy a d\u00edn\u00e1r <strong>szigor\u00faan z\u00e1rt valuta<\/strong>, ami azt jelenti, hogy nem hozhatod magaddal otthonr\u00f3l, hanem az eur\u00f3t vagy doll\u00e1rt csak Tun\u00e9zi\u00e1ba \u00e9rkez\u00e9s ut\u00e1n kell \u00e1tv\u00e1ltanod. Elutaz\u00e1s el\u0151tt pedig az \u00f6sszes megmaradt d\u00edn\u00e1rt el kell k\u00f6ltened vagy a rept\u00e9ren vissza kell v\u00e1ltanod, amihez a p\u00e9nzv\u00e1lt\u00f3k az eredeti v\u00e1lt\u00e1si igazol\u00e1st fogj\u00e1k k\u00e9rni.<\/p>\n\n\n\n<h3 id=\"5_Hammamet_kasbah_medina_es_az_eszak_legjobb_strandjai\" class=\"wp-block-heading\"><span class=\"ez-toc-section\" id=\"5_Hammamet_kasbah_medina_es_az_eszak_legjobb_strandjai\"><\/span>5. Hammamet: kasbah, medina \u00e9s az \u00e9szak legjobb strandjai<span class=\"ez-toc-section-end\"><\/span><\/h3>\n\n\n\n<p class=\"wp-block-paragraph\">Hammamet az orsz\u00e1g egyik legr\u00e9gebbi \u00e9s legkedveltebb \u00fcd\u00fcl\u0151helye, ahov\u00e1 a turist\u00e1k a finom, vil\u00e1gos homok\u00fa, lassan m\u00e9ly\u00fcl\u0151 tengerpartok\u00e9rt j\u00e1rnak. A modern hotelz\u00f3n\u00e1n k\u00edv\u00fcl itt tal\u00e1lod a <strong>gy\u00f6ny\u00f6r\u0171 \u0151si medin\u00e1t \u00e9s a fens\u00e9ges kasbah er\u0151d\u00f6t<\/strong>, amely k\u00f6zvetlen\u00fcl a tengerparton \u00e1ll \u00e9s var\u00e1zslatos kil\u00e1t\u00e1st k\u00edn\u00e1l az eg\u00e9sz partra. A meg\u0151rz\u00f6tt falakon bel\u00fcl csendes lak\u00f3utc\u00e1k b\u00fajnak meg feh\u00e9r h\u00e1zakkal \u00e9s vir\u00e1gz\u00f3 kertekkel, ahol remek\u00fcl el lehet rejt\u0151zni a d\u00e9li h\u0151s\u00e9g el\u0151l.<\/p>\n\n\n\n<figure data-wp-context=\"{&quot;imageId&quot;:&quot;6a965b70934cc&quot;}\" data-wp-interactive=\"core\/image\" data-wp-key=\"6a965b70934cc\" class=\"wp-block-image size-full wp-lightbox-container\"><img decoding=\"async\" width=\"1500\" height=\"1125\" data-wp-class--hide=\"state.isContentHidden\" data-wp-class--show=\"state.isContentVisible\" data-wp-init=\"callbacks.setButtonStyles\" data-wp-on--click=\"actions.showLightbox\" data-wp-on--load=\"callbacks.setButtonStyles\" data-wp-on--pointerdown=\"actions.preloadImage\" data-wp-on--pointerenter=\"actions.preloadImageWithDelay\" data-wp-on--pointerleave=\"actions.cancelPreload\" data-wp-on-window--resize=\"callbacks.setButtonStyles\" src=\"https:\/\/loudavymkrokem.cz\/wp-content\/uploads\/2026\/08\/dovolena-tunisko-t05.jpg\" alt=\"Er\u0151d \u00e9s strand Hammametben\" class=\"wp-image-399960\" title=\"\" srcset=\"https:\/\/loudavymkrokem.cz\/wp-content\/uploads\/2026\/08\/dovolena-tunisko-t05.jpg 1500w, https:\/\/loudavymkrokem.cz\/wp-content\/uploads\/2026\/08\/dovolena-tunisko-t05-300x225.jpg 300w, https:\/\/loudavymkrokem.cz\/wp-content\/uploads\/2026\/08\/dovolena-tunisko-t05-700x525.jpg 700w, https:\/\/loudavymkrokem.cz\/wp-content\/uploads\/2026\/08\/dovolena-tunisko-t05-768x576.jpg 768w, https:\/\/loudavymkrokem.cz\/wp-content\/uploads\/2026\/08\/dovolena-tunisko-t05-80x60.jpg 80w, https:\/\/loudavymkrokem.cz\/wp-content\/uploads\/2026\/08\/dovolena-tunisko-t05-160x120.jpg 160w, https:\/\/loudavymkrokem.cz\/wp-content\/uploads\/2026\/08\/dovolena-tunisko-t05-696x522.jpg 696w, https:\/\/loudavymkrokem.cz\/wp-content\/uploads\/2026\/08\/dovolena-tunisko-t05-1392x1044.jpg 1392w\" sizes=\"(max-width: 1500px) 100vw, 1500px\" \/><button\n\t\t\tclass=\"lightbox-trigger\"\n\t\t\ttype=\"button\"\n\t\t\taria-haspopup=\"dialog\"\n\t\t\tdata-wp-bind--aria-label=\"state.thisImage.triggerButtonAriaLabel\"\n\t\t\tdata-wp-init=\"callbacks.initTriggerButton\"\n\t\t\tdata-wp-on--click=\"actions.showLightbox\"\n\t\t\tdata-wp-style--right=\"state.thisImage.buttonRight\"\n\t\t\tdata-wp-style--top=\"state.thisImage.buttonTop\"\n\t\t>\n\t\t\t<svg xmlns=\"http:\/\/www.w3.org\/2000\/svg\" width=\"12\" height=\"12\" fill=\"none\" viewBox=\"0 0 12 12\">\n\t\t\t\t<path fill=\"#fff\" d=\"M2 0a2 2 0 0 0-2 2v2h1.5V2a.5.5 0 0 1 .5-.5h2V0H2Zm2 10.5H2a.5.5 0 0 1-.5-.5V8H0v2a2 2 0 0 0 2 2h2v-1.5ZM8 12v-1.5h2a.5.5 0 0 0 .5-.5V8H12v2a2 2 0 0 1-2 2H8Zm2-12a2 2 0 0 1 2 2v2h-1.5V2a.5.5 0 0 0-.5-.5H8V0h2Z\" \/>\n\t\t\t<\/svg>\n\t\t<\/button><figcaption class=\"wp-element-caption\">Er\u0151d \u00e9s strand Hammametben (Fot\u00f3: \u0413\u0435\u043e\u0440\u0433\u0438\u0439 \u0414\u043e\u043b\u0433\u043e\u043f\u0441\u043a\u0438\u0439 \/ Wikimedia Commons, CC BY-SA 4.0)<\/figcaption><\/figure>\n\n\n\n<p class=\"wp-block-paragraph\">Ha azon gondolkodsz, <a href=\"https:\/\/loudavymkrokem.cz\/hu\/szeptember-utazas-tippek-2\/\">hov\u00e1 menj nyaralni szeptemberben<\/a>, \u00e9pp Tun\u00e9zia \u00e9szaki partja \u00e9s Hammamet ilyenkor t\u00f6k\u00e9letes v\u00e1laszt\u00e1s, mert a tenger felmelegedett, a ny\u00e1ri t\u00f6meg pedig m\u00e1r lassan elfogy. A jobb hotelekben, nagyobb \u00e9ttermekben \u00e9s modern hammameti szupermarketekben <strong>gond n\u00e9lk\u00fcl fizetsz bankk\u00e1rty\u00e1val<\/strong>, de a medin\u00e1n bel\u00fcli piacokon \u00e9s a kisebb boltokban kiz\u00e1r\u00f3lag a k\u00e9szp\u00e9nz uralkodik. Mindig legyen n\u00e1lad el\u00e9g apr\u00f3 \u00e9s kisebb c\u00edmlet\u0171 bankjegy, mert a keresked\u0151knek gyakran nincs mib\u0151l visszaadniuk.<\/p>\n\n\n\n<h3 id=\"6_Nabeul_keramia_es_fuszerek\" class=\"wp-block-heading\"><span class=\"ez-toc-section\" id=\"6_Nabeul_keramia_es_fuszerek\"><\/span>6. Nabeul: ker\u00e1mia \u00e9s f\u0171szerek<span class=\"ez-toc-section-end\"><\/span><\/h3>\n\n\n\n<p class=\"wp-block-paragraph\">A Hammamett\u0151l nem messze fekv\u0151 Nabeul v\u00e1ros\u00e1t a tun\u00e9ziai ker\u00e1mia f\u0151v\u00e1ros\u00e1nak tartj\u00e1k, amelynek itt t\u00f6bb \u00e9vsz\u00e1zados hagyom\u00e1nya van. A helyi m\u0171helyek gy\u00f6ny\u00f6r\u0171en d\u00edsz\u00edtett t\u00e1lakat, t\u00e1ny\u00e9rokat \u00e9s csemp\u00e9ket k\u00e9sz\u00edtenek jellegzetes andal\u00faz \u00e9s oszm\u00e1n mot\u00edvumokkal, amelyek gy\u00e1rt\u00e1s\u00e1t gyakran a \u00fcgyes mesterek v\u00e1lla felett n\u00e9zheted v\u00e9gig. A v\u00e1ros f\u0151leg <strong>a nagy p\u00e9nteki piac alkalm\u00e1val<\/strong> \u00e9led fel, amikor a sz\u00e9les k\u00f6rny\u00e9kr\u0151l ideseregelnek az \u00e1rusok, \u00e9s az utc\u00e1t friss f\u0171szerek, gy\u00f3gyn\u00f6v\u00e9nyek \u00e9s citrusvir\u00e1gok halmai \u00e1rasztj\u00e1k el illattal.<\/p>\n\n\n\n<figure data-wp-context=\"{&quot;imageId&quot;:&quot;6a965b7093a30&quot;}\" data-wp-interactive=\"core\/image\" data-wp-key=\"6a965b7093a30\" class=\"wp-block-image size-full wp-lightbox-container\"><img decoding=\"async\" width=\"2528\" height=\"1696\" data-wp-class--hide=\"state.isContentHidden\" data-wp-class--show=\"state.isContentVisible\" data-wp-init=\"callbacks.setButtonStyles\" data-wp-on--click=\"actions.showLightbox\" data-wp-on--load=\"callbacks.setButtonStyles\" data-wp-on--pointerdown=\"actions.preloadImage\" data-wp-on--pointerenter=\"actions.preloadImageWithDelay\" data-wp-on--pointerleave=\"actions.cancelPreload\" data-wp-on-window--resize=\"callbacks.setButtonStyles\" src=\"https:\/\/loudavymkrokem.cz\/wp-content\/uploads\/2026\/08\/dovolena-tunisko-nabeul-v2.jpg\" alt=\"F\u0171szeres stand a nabeuli piacon\" class=\"wp-image-402973\" title=\"\" srcset=\"https:\/\/loudavymkrokem.cz\/wp-content\/uploads\/2026\/08\/dovolena-tunisko-nabeul-v2.jpg 2528w, https:\/\/loudavymkrokem.cz\/wp-content\/uploads\/2026\/08\/dovolena-tunisko-nabeul-v2-300x201.jpg 300w, https:\/\/loudavymkrokem.cz\/wp-content\/uploads\/2026\/08\/dovolena-tunisko-nabeul-v2-700x470.jpg 700w, https:\/\/loudavymkrokem.cz\/wp-content\/uploads\/2026\/08\/dovolena-tunisko-nabeul-v2-768x515.jpg 768w, https:\/\/loudavymkrokem.cz\/wp-content\/uploads\/2026\/08\/dovolena-tunisko-nabeul-v2-1536x1030.jpg 1536w, https:\/\/loudavymkrokem.cz\/wp-content\/uploads\/2026\/08\/dovolena-tunisko-nabeul-v2-2048x1374.jpg 2048w, https:\/\/loudavymkrokem.cz\/wp-content\/uploads\/2026\/08\/dovolena-tunisko-nabeul-v2-696x467.jpg 696w, https:\/\/loudavymkrokem.cz\/wp-content\/uploads\/2026\/08\/dovolena-tunisko-nabeul-v2-1392x934.jpg 1392w, https:\/\/loudavymkrokem.cz\/wp-content\/uploads\/2026\/08\/dovolena-tunisko-nabeul-v2-1920x1288.jpg 1920w\" sizes=\"(max-width: 2528px) 100vw, 2528px\" \/><button\n\t\t\tclass=\"lightbox-trigger\"\n\t\t\ttype=\"button\"\n\t\t\taria-haspopup=\"dialog\"\n\t\t\tdata-wp-bind--aria-label=\"state.thisImage.triggerButtonAriaLabel\"\n\t\t\tdata-wp-init=\"callbacks.initTriggerButton\"\n\t\t\tdata-wp-on--click=\"actions.showLightbox\"\n\t\t\tdata-wp-style--right=\"state.thisImage.buttonRight\"\n\t\t\tdata-wp-style--top=\"state.thisImage.buttonTop\"\n\t\t>\n\t\t\t<svg xmlns=\"http:\/\/www.w3.org\/2000\/svg\" width=\"12\" height=\"12\" fill=\"none\" viewBox=\"0 0 12 12\">\n\t\t\t\t<path fill=\"#fff\" d=\"M2 0a2 2 0 0 0-2 2v2h1.5V2a.5.5 0 0 1 .5-.5h2V0H2Zm2 10.5H2a.5.5 0 0 1-.5-.5V8H0v2a2 2 0 0 0 2 2h2v-1.5ZM8 12v-1.5h2a.5.5 0 0 0 .5-.5V8H12v2a2 2 0 0 1-2 2H8Zm2-12a2 2 0 0 1 2 2v2h-1.5V2a.5.5 0 0 0-.5-.5H8V0h2Z\" \/>\n\t\t\t<\/svg>\n\t\t<\/button><figcaption class=\"wp-element-caption\">F\u0171szeres stand a nabeuli piacon<\/figcaption><\/figure>\n\n\n\n<p class=\"wp-block-paragraph\">A Hammamet \u00e9s Nabeul k\u00f6z\u00f6tti \u00e1tkel\u00e9shez melegen aj\u00e1nlom, hogy pr\u00f3b\u00e1ld ki a louage nev\u0171 k\u00f6zleked\u00e9si eszk\u00f6zt, ami tipikus, sz\u00ednes cs\u00edkoz\u00e1s\u00fa, nyolcszem\u00e9lyes megosztott kisbusz. Ezeknek a kisbuszoknak <strong>fix \u00e1ruk \u00e9s \u00fatvonaluk van<\/strong>, \u00e9s nagyon egyszer\u0171 elven m\u0171k\u00f6dnek, mivel pontosan akkor indulnak az \u00e1llom\u00e1sukr\u00f3l, amikor mind a nyolc hely megtelik. Hihetetlen\u00fcl olcs\u00f3, gyors \u00e9s hiteles m\u00f3dja annak, hogy biztons\u00e1gosan mozogj a tun\u00e9ziai v\u00e1rosok k\u00f6z\u00f6tt a helyi lakosokkal egy\u00fctt.<\/p>\n\n\n\n<h3 id=\"7_Cap_Bon_es_a_korbousi_termalfurdo\" class=\"wp-block-heading\"><span class=\"ez-toc-section\" id=\"7_Cap_Bon_es_a_korbousi_termalfurdo\"><\/span>7. Cap Bon \u00e9s a korbousi term\u00e1lf\u00fcrd\u0151<span class=\"ez-toc-section-end\"><\/span><\/h3>\n\n\n\n<p class=\"wp-block-paragraph\">A Cap Bon-f\u00e9lsziget az olasz Szic\u00edlia fel\u00e9 ny\u00falik be a F\u00f6ldk\u00f6zi-tengerbe, a helyiek pedig szeretettel Tun\u00e9zia z\u00f6ld kertj\u00e9nek bec\u00e9zik. Ez a term\u00e9keny ter\u00fclet tele van citrusligetekkel, sz\u0151l\u0151kkel \u00e9s \u00e1lmos hal\u00e1szfalvakkal, amelyek \u00e9lesen kontrasztban \u00e1llnak az orsz\u00e1g sz\u00e1raz d\u00e9li r\u00e9sz\u00e9vel. Az eg\u00e9sz f\u00e9lsziget legnagyobb vonzereje a <strong>korbousi kisv\u00e1ros gy\u00f3gy\u00edt\u00f3 term\u00e1lforr\u00e1sai<\/strong>, ahol a forr\u00f3 \u00e1sv\u00e1nyv\u00edz egyenesen a szikl\u00e1kb\u00f3l t\u00f6r a h\u0171v\u00f6s tengeri hull\u00e1mok k\u00f6z\u00e9, ami teljesen csod\u00e1s term\u00e9szetes f\u00fcrd\u0151t alkot.<\/p>\n\n\n\n<figure data-wp-context=\"{&quot;imageId&quot;:&quot;6a965b7093f5e&quot;}\" data-wp-interactive=\"core\/image\" data-wp-key=\"6a965b7093f5e\" class=\"wp-block-image size-full wp-lightbox-container\"><img decoding=\"async\" width=\"2528\" height=\"1696\" data-wp-class--hide=\"state.isContentHidden\" data-wp-class--show=\"state.isContentVisible\" data-wp-init=\"callbacks.setButtonStyles\" data-wp-on--click=\"actions.showLightbox\" data-wp-on--load=\"callbacks.setButtonStyles\" data-wp-on--pointerdown=\"actions.preloadImage\" data-wp-on--pointerenter=\"actions.preloadImageWithDelay\" data-wp-on--pointerleave=\"actions.cancelPreload\" data-wp-on-window--resize=\"callbacks.setButtonStyles\" src=\"https:\/\/loudavymkrokem.cz\/wp-content\/uploads\/2026\/08\/dovolena-tunisko-kap-bon-v2.jpg\" alt=\"T\u00fcrkiz \u00f6b\u00f6l a Cap Bon-f\u00e9lszigeten\" class=\"wp-image-402978\" title=\"\" srcset=\"https:\/\/loudavymkrokem.cz\/wp-content\/uploads\/2026\/08\/dovolena-tunisko-kap-bon-v2.jpg 2528w, https:\/\/loudavymkrokem.cz\/wp-content\/uploads\/2026\/08\/dovolena-tunisko-kap-bon-v2-300x201.jpg 300w, https:\/\/loudavymkrokem.cz\/wp-content\/uploads\/2026\/08\/dovolena-tunisko-kap-bon-v2-700x470.jpg 700w, https:\/\/loudavymkrokem.cz\/wp-content\/uploads\/2026\/08\/dovolena-tunisko-kap-bon-v2-768x515.jpg 768w, https:\/\/loudavymkrokem.cz\/wp-content\/uploads\/2026\/08\/dovolena-tunisko-kap-bon-v2-1536x1030.jpg 1536w, https:\/\/loudavymkrokem.cz\/wp-content\/uploads\/2026\/08\/dovolena-tunisko-kap-bon-v2-2048x1374.jpg 2048w, https:\/\/loudavymkrokem.cz\/wp-content\/uploads\/2026\/08\/dovolena-tunisko-kap-bon-v2-696x467.jpg 696w, https:\/\/loudavymkrokem.cz\/wp-content\/uploads\/2026\/08\/dovolena-tunisko-kap-bon-v2-1392x934.jpg 1392w, https:\/\/loudavymkrokem.cz\/wp-content\/uploads\/2026\/08\/dovolena-tunisko-kap-bon-v2-1920x1288.jpg 1920w\" sizes=\"(max-width: 2528px) 100vw, 2528px\" \/><button\n\t\t\tclass=\"lightbox-trigger\"\n\t\t\ttype=\"button\"\n\t\t\taria-haspopup=\"dialog\"\n\t\t\tdata-wp-bind--aria-label=\"state.thisImage.triggerButtonAriaLabel\"\n\t\t\tdata-wp-init=\"callbacks.initTriggerButton\"\n\t\t\tdata-wp-on--click=\"actions.showLightbox\"\n\t\t\tdata-wp-style--right=\"state.thisImage.buttonRight\"\n\t\t\tdata-wp-style--top=\"state.thisImage.buttonTop\"\n\t\t>\n\t\t\t<svg xmlns=\"http:\/\/www.w3.org\/2000\/svg\" width=\"12\" height=\"12\" fill=\"none\" viewBox=\"0 0 12 12\">\n\t\t\t\t<path fill=\"#fff\" d=\"M2 0a2 2 0 0 0-2 2v2h1.5V2a.5.5 0 0 1 .5-.5h2V0H2Zm2 10.5H2a.5.5 0 0 1-.5-.5V8H0v2a2 2 0 0 0 2 2h2v-1.5ZM8 12v-1.5h2a.5.5 0 0 0 .5-.5V8H12v2a2 2 0 0 1-2 2H8Zm2-12a2 2 0 0 1 2 2v2h-1.5V2a.5.5 0 0 0-.5-.5H8V0h2Z\" \/>\n\t\t\t<\/svg>\n\t\t<\/button><figcaption class=\"wp-element-caption\">T\u00fcrkiz \u00f6b\u00f6l a Cap Bon-f\u00e9lszigeten<\/figcaption><\/figure>\n\n\n\n<p class=\"wp-block-paragraph\">A Cap Bon-f\u00e9lsziget f\u00e9lrees\u0151 \u00f6bleinek \u00e9s kil\u00e1t\u00f3inak felfedez\u00e9s\u00e9hez a legjobb saj\u00e1t aut\u00f3t b\u00e9relni, mert a t\u00f6megk\u00f6zleked\u00e9s csak nagyon ritk\u00e1n j\u00e1r ide. Ha \u00fagy d\u00f6ntesz, hogy vezetsz, fokozottan figyelj, mert a tun\u00e9ziai forgalom nagyon kaotikus tud lenni, \u00e9s a szab\u00e1lyokat itt ink\u00e1bb k\u00f6tetlen aj\u00e1nl\u00e1sk\u00e9nt veszik. Az \u00fat el\u0151tt mindenk\u00e9pp int\u00e9zz el egy j\u00f3 <a href=\"https:\/\/loudavymkrokem.cz\/jak-vybrat-cestovni-pojisteni-na-dovolenou\/\">utasbiztos\u00edt\u00e1st<\/a>, hogy biztos lehess benne: b\u00e1rmilyen v\u00e1ratlan eg\u00e9szs\u00e9g\u00fcgyi bonyodalom vagy kisebb k\u00f6z\u00fati baleset eset\u00e9n j\u00f3l ell\u00e1tnak.<\/p>\n\n\n\n<h3 id=\"8_Bizerte_es_az_eszak\" class=\"wp-block-heading\"><span class=\"ez-toc-section\" id=\"8_Bizerte_es_az_eszak\"><\/span>8. Bizerte \u00e9s az \u00e9szak<span class=\"ez-toc-section-end\"><\/span><\/h3>\n\n\n\n<p class=\"wp-block-paragraph\">Eg\u00e9sz Afrika leg\u00e9szakibb v\u00e1rosa eg\u00e9szen m\u00e1s hangulatot k\u00edn\u00e1l a l\u00e1togat\u00f3knak, mint a keleti part klasszikus \u00fcd\u00fcl\u0151helyei, a turist\u00e1k pedig gyakran igazs\u00e1gtalanul figyelmen k\u00edv\u00fcl hagyj\u00e1k. Bizerte a <strong>gy\u00f6ny\u00f6r\u0171, k\u00e1v\u00e9z\u00f3kkal szeg\u00e9lyezett r\u00e9gi kik\u00f6t\u0151j\u00e9vel<\/strong> b\u00fcszk\u00e9lkedhet, amely f\u00f6l\u00f6tt az er\u0151d massz\u00edv falai \u00e9s a r\u00e9gi andal\u00faz negyed sz\u0171k utc\u00e1i magasodnak. Az \u00e9szaki partot szeg\u00e9lyez\u0151 itteni strandok sokkal vadabbak, gyakran feny\u0151erd\u0151k \u00f6vezik \u0151ket, \u00e9s a ny\u00e1r k\u00f6zep\u00e9n is tal\u00e1lsz olyan helyeket, ahol teljesen egyed\u00fcl fekhetsz.<\/p>\n\n\n\n<figure data-wp-context=\"{&quot;imageId&quot;:&quot;6a965b7094491&quot;}\" data-wp-interactive=\"core\/image\" data-wp-key=\"6a965b7094491\" class=\"wp-block-image size-full wp-lightbox-container\"><img decoding=\"async\" width=\"1500\" height=\"1000\" data-wp-class--hide=\"state.isContentHidden\" data-wp-class--show=\"state.isContentVisible\" data-wp-init=\"callbacks.setButtonStyles\" data-wp-on--click=\"actions.showLightbox\" data-wp-on--load=\"callbacks.setButtonStyles\" data-wp-on--pointerdown=\"actions.preloadImage\" data-wp-on--pointerenter=\"actions.preloadImageWithDelay\" data-wp-on--pointerleave=\"actions.cancelPreload\" data-wp-on-window--resize=\"callbacks.setButtonStyles\" src=\"https:\/\/loudavymkrokem.cz\/wp-content\/uploads\/2026\/08\/dovolena-tunisko-t08.jpg\" alt=\"R\u00e9gi kik\u00f6t\u0151 Bizert\u00e9ben\" class=\"wp-image-399968\" title=\"\" srcset=\"https:\/\/loudavymkrokem.cz\/wp-content\/uploads\/2026\/08\/dovolena-tunisko-t08.jpg 1500w, https:\/\/loudavymkrokem.cz\/wp-content\/uploads\/2026\/08\/dovolena-tunisko-t08-300x200.jpg 300w, https:\/\/loudavymkrokem.cz\/wp-content\/uploads\/2026\/08\/dovolena-tunisko-t08-700x467.jpg 700w, https:\/\/loudavymkrokem.cz\/wp-content\/uploads\/2026\/08\/dovolena-tunisko-t08-768x512.jpg 768w, https:\/\/loudavymkrokem.cz\/wp-content\/uploads\/2026\/08\/dovolena-tunisko-t08-696x464.jpg 696w, https:\/\/loudavymkrokem.cz\/wp-content\/uploads\/2026\/08\/dovolena-tunisko-t08-1392x928.jpg 1392w\" sizes=\"(max-width: 1500px) 100vw, 1500px\" \/><button\n\t\t\tclass=\"lightbox-trigger\"\n\t\t\ttype=\"button\"\n\t\t\taria-haspopup=\"dialog\"\n\t\t\tdata-wp-bind--aria-label=\"state.thisImage.triggerButtonAriaLabel\"\n\t\t\tdata-wp-init=\"callbacks.initTriggerButton\"\n\t\t\tdata-wp-on--click=\"actions.showLightbox\"\n\t\t\tdata-wp-style--right=\"state.thisImage.buttonRight\"\n\t\t\tdata-wp-style--top=\"state.thisImage.buttonTop\"\n\t\t>\n\t\t\t<svg xmlns=\"http:\/\/www.w3.org\/2000\/svg\" width=\"12\" height=\"12\" fill=\"none\" viewBox=\"0 0 12 12\">\n\t\t\t\t<path fill=\"#fff\" d=\"M2 0a2 2 0 0 0-2 2v2h1.5V2a.5.5 0 0 1 .5-.5h2V0H2Zm2 10.5H2a.5.5 0 0 1-.5-.5V8H0v2a2 2 0 0 0 2 2h2v-1.5ZM8 12v-1.5h2a.5.5 0 0 0 .5-.5V8H12v2a2 2 0 0 1-2 2H8Zm2-12a2 2 0 0 1 2 2v2h-1.5V2a.5.5 0 0 0-.5-.5H8V0h2Z\" \/>\n\t\t\t<\/svg>\n\t\t<\/button><figcaption class=\"wp-element-caption\">R\u00e9gi kik\u00f6t\u0151 Bizert\u00e9ben (Fot\u00f3: Kritzolina \/ Wikimedia Commons, CC BY-SA 4.0)<\/figcaption><\/figure>\n\n\n\n<p class=\"wp-block-paragraph\">Mivel ide nem tartanak a k\u00fclf\u00f6ldi turist\u00e1k t\u00f6megei, Bizerte meg\u0151rizte a nagyon hiteles jelleg\u00e9t, ami apr\u00f3 kommunik\u00e1ci\u00f3s neh\u00e9zs\u00e9gekkel is j\u00e1r. Az utaz\u00f3k tapasztalatai szerint az angollal itt nem sokra m\u00e9sz, \u00fagyhogy ideje leporolni a francia alapokat vagy ford\u00edt\u00f3ra \u00e9s gesztikul\u00e1l\u00e1sra hagyatkozni. A r\u00e9gi kik\u00f6t\u0151 menti helyi vend\u00e9gl\u0151kben kiv\u00e1l\u00f3 k\u00e1v\u00e9t \u00e9lvezhetsz \u00e9s n\u00e9zheted, ahogy a hal\u00e1szok kibogozz\u00e1k a h\u00e1l\u00f3ikat pontosan \u00fagy, ahogy m\u00e1r \u00e9vsz\u00e1zadok \u00f3ta teszik.<\/p>\n\n\n\n<h3 id=\"9_Sousse_medina_ribat_es_nyuzsgo_udulohely\" class=\"wp-block-heading\"><span class=\"ez-toc-section\" id=\"9_Sousse_medina_ribat_es_nyuzsgo_udulohely\"><\/span>9. Sousse: medina, ribat \u00e9s ny\u00fczsg\u0151 \u00fcd\u00fcl\u0151hely<span class=\"ez-toc-section-end\"><\/span><\/h3>\n\n\n\n<p class=\"wp-block-paragraph\">Sousse Tun\u00e9zia egyik leg\u00e9lettelibb v\u00e1rosa, \u00e9s mesterien \u00f6tv\u00f6zi egy modern nyaral\u00f3hely ny\u00fczsg\u00e9s\u00e9t a m\u00e9ly t\u00f6rt\u00e9nelemmel. A sz\u00edve az UNESCO list\u00e1j\u00e1n szerepl\u0151 kiterjedt medina, amely f\u00f6l\u00f6tt az <strong>impoz\u00e1ns, er\u0151d\u00edtett kolostor, az \u00fagynevezett ribat<\/strong> \u0151rk\u00f6dik, amelynek magas \u0151rtorny\u00e1b\u00f3l fantasztikus kil\u00e1t\u00e1s ny\u00edlik a v\u00e1rosra \u00e9s a kik\u00f6t\u0151re. A t\u00f6rt\u00e9nelem \u00e9s a h\u00e1tborzong\u00e1s szerelmeseinek az \u00fatik\u00f6nyvek szerint semmik\u00e9pp sem szabad kihagyniuk a kiterjedt \u00f3kereszt\u00e9ny katakomb\u00e1kat sem, amelyek t\u00f6bb kilom\u00e9ter hosszan h\u00faz\u00f3dnak a v\u00e1ros alatt.<\/p>\n\n\n\n<figure data-wp-context=\"{&quot;imageId&quot;:&quot;6a965b7094a98&quot;}\" data-wp-interactive=\"core\/image\" data-wp-key=\"6a965b7094a98\" class=\"wp-block-image size-full wp-lightbox-container\"><img decoding=\"async\" width=\"2528\" height=\"1696\" data-wp-class--hide=\"state.isContentHidden\" data-wp-class--show=\"state.isContentVisible\" data-wp-init=\"callbacks.setButtonStyles\" data-wp-on--click=\"actions.showLightbox\" data-wp-on--load=\"callbacks.setButtonStyles\" data-wp-on--pointerdown=\"actions.preloadImage\" data-wp-on--pointerenter=\"actions.preloadImageWithDelay\" data-wp-on--pointerleave=\"actions.cancelPreload\" data-wp-on-window--resize=\"callbacks.setButtonStyles\" src=\"https:\/\/loudavymkrokem.cz\/wp-content\/uploads\/2026\/08\/dovolena-tunisko-sousse-v2.jpg\" alt=\"A ribat falai a sousse-i medina felett\" class=\"wp-image-402980\" title=\"\" srcset=\"https:\/\/loudavymkrokem.cz\/wp-content\/uploads\/2026\/08\/dovolena-tunisko-sousse-v2.jpg 2528w, https:\/\/loudavymkrokem.cz\/wp-content\/uploads\/2026\/08\/dovolena-tunisko-sousse-v2-300x201.jpg 300w, https:\/\/loudavymkrokem.cz\/wp-content\/uploads\/2026\/08\/dovolena-tunisko-sousse-v2-700x470.jpg 700w, https:\/\/loudavymkrokem.cz\/wp-content\/uploads\/2026\/08\/dovolena-tunisko-sousse-v2-768x515.jpg 768w, https:\/\/loudavymkrokem.cz\/wp-content\/uploads\/2026\/08\/dovolena-tunisko-sousse-v2-1536x1030.jpg 1536w, https:\/\/loudavymkrokem.cz\/wp-content\/uploads\/2026\/08\/dovolena-tunisko-sousse-v2-2048x1374.jpg 2048w, https:\/\/loudavymkrokem.cz\/wp-content\/uploads\/2026\/08\/dovolena-tunisko-sousse-v2-696x467.jpg 696w, https:\/\/loudavymkrokem.cz\/wp-content\/uploads\/2026\/08\/dovolena-tunisko-sousse-v2-1392x934.jpg 1392w, https:\/\/loudavymkrokem.cz\/wp-content\/uploads\/2026\/08\/dovolena-tunisko-sousse-v2-1920x1288.jpg 1920w\" sizes=\"(max-width: 2528px) 100vw, 2528px\" \/><button\n\t\t\tclass=\"lightbox-trigger\"\n\t\t\ttype=\"button\"\n\t\t\taria-haspopup=\"dialog\"\n\t\t\tdata-wp-bind--aria-label=\"state.thisImage.triggerButtonAriaLabel\"\n\t\t\tdata-wp-init=\"callbacks.initTriggerButton\"\n\t\t\tdata-wp-on--click=\"actions.showLightbox\"\n\t\t\tdata-wp-style--right=\"state.thisImage.buttonRight\"\n\t\t\tdata-wp-style--top=\"state.thisImage.buttonTop\"\n\t\t>\n\t\t\t<svg xmlns=\"http:\/\/www.w3.org\/2000\/svg\" width=\"12\" height=\"12\" fill=\"none\" viewBox=\"0 0 12 12\">\n\t\t\t\t<path fill=\"#fff\" d=\"M2 0a2 2 0 0 0-2 2v2h1.5V2a.5.5 0 0 1 .5-.5h2V0H2Zm2 10.5H2a.5.5 0 0 1-.5-.5V8H0v2a2 2 0 0 0 2 2h2v-1.5ZM8 12v-1.5h2a.5.5 0 0 0 .5-.5V8H12v2a2 2 0 0 1-2 2H8Zm2-12a2 2 0 0 1 2 2v2h-1.5V2a.5.5 0 0 0-.5-.5H8V0h2Z\" \/>\n\t\t\t<\/svg>\n\t\t<\/button><figcaption class=\"wp-element-caption\">A ribat falai a sousse-i medina felett<\/figcaption><\/figure>\n\n\n\n<p class=\"wp-block-paragraph\">A sousse-i medina kanyarg\u00f3s utc\u00e1in s\u00e9t\u00e1lva t\u00f6bb sz\u00e1z ker\u00e1mi\u00e1val, b\u0151r\u00e1ruval \u00e9s kalap\u00e1lt l\u00e1mp\u00e1kkal teli boltocsk\u00e1ba botlasz, ahol elv\u00e1rj\u00e1k t\u0151led az \u00e1ralkut. Mindig ne feledd, hogy Tun\u00e9zia hagyom\u00e1nyos muszlim orsz\u00e1g, \u00fagyhogy m\u00e9g ha turistav\u00e1rosban is vagy, a medin\u00e1ba \u00e9s az eml\u00e9kekhez <strong>ne menj strandruh\u00e1ban vagy m\u00e9ly dekolt\u00e1zsban<\/strong>. A helyi \u00f6lt\u00f6zk\u00f6d\u00e9si szok\u00e1sok tiszteletben tart\u00e1sa sokkal bar\u00e1ts\u00e1gosabb hozz\u00e1\u00e1ll\u00e1st garant\u00e1l a keresked\u0151kt\u0151l, \u00e9s elker\u00fcl\u00f6d a nemk\u00edv\u00e1natos pillant\u00e1sokat.<\/p>\n\n\n\n<h3 id=\"10_Monastir_mauzoleum_es_filmes_erod\" class=\"wp-block-heading\"><span class=\"ez-toc-section\" id=\"10_Monastir_mauzoleum_es_filmes_erod\"><\/span>10. Monastir: mauz\u00f3leum \u00e9s filmes er\u0151d<span class=\"ez-toc-section-end\"><\/span><\/h3>\n\n\n\n<p class=\"wp-block-paragraph\">A szomsz\u00e9dos Monastir valamivel nyugodtabb, mint a ny\u00fczsg\u0151 Sousse, domin\u00e1nsa pedig k\u00e9ts\u00e9gtelen\u00fcl a hatalmas k\u0151 ribat, amelyet az iszl\u00e1m \u00e9p\u00edt\u00e9szet legszebb katonai \u00e9p\u00fclet\u00e9nek tartanak \u00c9szak-Afrik\u00e1ban. Ezeket az \u0151si falakat tal\u00e1n a filmv\u00e1szonr\u00f3l is felismered, mert <strong>itt forgatt\u00e1k a legend\u00e1s Brian \u00e9let\u00e9t<\/strong> v\u00edgj\u00e1t\u00e9kot \u00e9s a N\u00e1z\u00e1reti J\u00e9zus t\u00f6rt\u00e9nelmi nagyfilmet is. Az er\u0151d mellett \u00e1ll Habib Burgiba, az els\u0151 tun\u00e9ziai eln\u00f6k gy\u00f6ny\u00f6r\u0171 mauz\u00f3leuma vak\u00edt\u00f3an arany kupol\u00e1val \u00e9s magas minaretekkel.<\/p>\n\n\n\n<figure data-wp-context=\"{&quot;imageId&quot;:&quot;6a965b7094f52&quot;}\" data-wp-interactive=\"core\/image\" data-wp-key=\"6a965b7094f52\" class=\"wp-block-image size-full wp-lightbox-container\"><img decoding=\"async\" width=\"1500\" height=\"1013\" data-wp-class--hide=\"state.isContentHidden\" data-wp-class--show=\"state.isContentVisible\" data-wp-init=\"callbacks.setButtonStyles\" data-wp-on--click=\"actions.showLightbox\" data-wp-on--load=\"callbacks.setButtonStyles\" data-wp-on--pointerdown=\"actions.preloadImage\" data-wp-on--pointerenter=\"actions.preloadImageWithDelay\" data-wp-on--pointerleave=\"actions.cancelPreload\" data-wp-on-window--resize=\"callbacks.setButtonStyles\" src=\"https:\/\/loudavymkrokem.cz\/wp-content\/uploads\/2026\/08\/dovolena-tunisko-t10.jpg\" alt=\"Ribat Monastirban\" class=\"wp-image-399970\" title=\"\" srcset=\"https:\/\/loudavymkrokem.cz\/wp-content\/uploads\/2026\/08\/dovolena-tunisko-t10.jpg 1500w, https:\/\/loudavymkrokem.cz\/wp-content\/uploads\/2026\/08\/dovolena-tunisko-t10-300x203.jpg 300w, https:\/\/loudavymkrokem.cz\/wp-content\/uploads\/2026\/08\/dovolena-tunisko-t10-700x473.jpg 700w, https:\/\/loudavymkrokem.cz\/wp-content\/uploads\/2026\/08\/dovolena-tunisko-t10-768x519.jpg 768w, https:\/\/loudavymkrokem.cz\/wp-content\/uploads\/2026\/08\/dovolena-tunisko-t10-696x470.jpg 696w, https:\/\/loudavymkrokem.cz\/wp-content\/uploads\/2026\/08\/dovolena-tunisko-t10-1392x940.jpg 1392w\" sizes=\"(max-width: 1500px) 100vw, 1500px\" \/><button\n\t\t\tclass=\"lightbox-trigger\"\n\t\t\ttype=\"button\"\n\t\t\taria-haspopup=\"dialog\"\n\t\t\tdata-wp-bind--aria-label=\"state.thisImage.triggerButtonAriaLabel\"\n\t\t\tdata-wp-init=\"callbacks.initTriggerButton\"\n\t\t\tdata-wp-on--click=\"actions.showLightbox\"\n\t\t\tdata-wp-style--right=\"state.thisImage.buttonRight\"\n\t\t\tdata-wp-style--top=\"state.thisImage.buttonTop\"\n\t\t>\n\t\t\t<svg xmlns=\"http:\/\/www.w3.org\/2000\/svg\" width=\"12\" height=\"12\" fill=\"none\" viewBox=\"0 0 12 12\">\n\t\t\t\t<path fill=\"#fff\" d=\"M2 0a2 2 0 0 0-2 2v2h1.5V2a.5.5 0 0 1 .5-.5h2V0H2Zm2 10.5H2a.5.5 0 0 1-.5-.5V8H0v2a2 2 0 0 0 2 2h2v-1.5ZM8 12v-1.5h2a.5.5 0 0 0 .5-.5V8H12v2a2 2 0 0 1-2 2H8Zm2-12a2 2 0 0 1 2 2v2h-1.5V2a.5.5 0 0 0-.5-.5H8V0h2Z\" \/>\n\t\t\t<\/svg>\n\t\t<\/button><figcaption class=\"wp-element-caption\">Ribat Monastirban (Fot\u00f3: IssamBarhoumi \/ Wikimedia Commons, CC BY-SA 4.0)<\/figcaption><\/figure>\n\n\n\n<p class=\"wp-block-paragraph\">Erre a ter\u00fcletre nagyon k\u00f6nnyen eljutsz, mert \u00e9pp Monastirban vagy a k\u00f6zeli Enfidh\u00e1ban sz\u00e1ll le a K\u00f6z\u00e9p-Eur\u00f3p\u00e1b\u00f3l \u00e9rkez\u0151 nyaral\u00f3j\u00e1ratok t\u00f6bbs\u00e9ge. Ha egy\u00e9nileg utazn\u00e1l, nem utaz\u00e1si irod\u00e1n kereszt\u00fcl, n\u00e9zd meg a tippeket, <a href=\"https:\/\/loudavymkrokem.cz\/hu\/olcso-repjegyek-tippek\/\">hogyan tal\u00e1lj olcs\u00f3 repjegyet<\/a>, mert a f\u0151szezonon k\u00edv\u00fcl nagyon kedvez\u0151 \u00e1ron lehet \u00f6n\u00e1ll\u00f3 repjegyet szerezni. Mag\u00e1nak Monastirnak el\u00e9g kompakt a k\u00f6zpontja, amit egy kellemes d\u00e9lut\u00e1n alatt gond n\u00e9lk\u00fcl gyalog bej\u00e1rsz.<\/p>\n\n\n\n<h3 id=\"11_El_Djem_romai_amfiteatrum_ami_elakleli_a_lelegzeted\" class=\"wp-block-heading\"><span class=\"ez-toc-section\" id=\"11_El_Djem_romai_amfiteatrum_ami_elall_a_lelegzeted\"><\/span>11. El Djem: r\u00f3mai amfite\u00e1trum, ami el\u00e1ll a l\u00e9legzeted<span class=\"ez-toc-section-end\"><\/span><\/h3>\n\n\n\n<p class=\"wp-block-paragraph\">Az El Djem v\u00e1roska kolosszeum\u00e1t n\u00e9zve nehezen hiszed el, hogy nem mag\u00e1ban R\u00f3m\u00e1ban \u00e1llsz, hiszen ez a vil\u00e1g egyik legnagyobb \u00e9s leg\u00e9pebben megmaradt r\u00f3mai ar\u00e9n\u00e1ja. Ez a monument\u00e1lis, az UNESCO list\u00e1j\u00e1n szerepl\u0151 \u00e9p\u00edtm\u00e9ny <strong>a maga idej\u00e9ben t\u00f6bb mint harmincezer n\u00e9z\u0151t fogadott be<\/strong>, akik ide j\u00e1rtak v\u00e9res gladi\u00e1torviadalokat \u00e9s vad\u00e1llatokkal v\u00edvott k\u00fczdelmeket n\u00e9zni. A homokk\u0151t\u00f6mb\u00f6k sz\u00edne r\u00e1ad\u00e1sul csod\u00e1san v\u00e1ltozik att\u00f3l f\u00fcgg\u0151en, hogyan esnek r\u00e1juk \u00e9pp a napsugarak.<\/p>\n\n\n\n<figure data-wp-context=\"{&quot;imageId&quot;:&quot;6a965b70953c0&quot;}\" data-wp-interactive=\"core\/image\" data-wp-key=\"6a965b70953c0\" class=\"wp-block-image size-full wp-lightbox-container\"><img decoding=\"async\" width=\"1500\" height=\"1000\" data-wp-class--hide=\"state.isContentHidden\" data-wp-class--show=\"state.isContentVisible\" data-wp-init=\"callbacks.setButtonStyles\" data-wp-on--click=\"actions.showLightbox\" data-wp-on--load=\"callbacks.setButtonStyles\" data-wp-on--pointerdown=\"actions.preloadImage\" data-wp-on--pointerenter=\"actions.preloadImageWithDelay\" data-wp-on--pointerleave=\"actions.cancelPreload\" data-wp-on-window--resize=\"callbacks.setButtonStyles\" src=\"https:\/\/loudavymkrokem.cz\/wp-content\/uploads\/2026\/08\/dovolena-tunisko-t11.jpg\" alt=\"R\u00f3mai amfite\u00e1trum El Djemben\" class=\"wp-image-399975\" title=\"\" srcset=\"https:\/\/loudavymkrokem.cz\/wp-content\/uploads\/2026\/08\/dovolena-tunisko-t11.jpg 1500w, https:\/\/loudavymkrokem.cz\/wp-content\/uploads\/2026\/08\/dovolena-tunisko-t11-300x200.jpg 300w, https:\/\/loudavymkrokem.cz\/wp-content\/uploads\/2026\/08\/dovolena-tunisko-t11-700x467.jpg 700w, https:\/\/loudavymkrokem.cz\/wp-content\/uploads\/2026\/08\/dovolena-tunisko-t11-768x512.jpg 768w, https:\/\/loudavymkrokem.cz\/wp-content\/uploads\/2026\/08\/dovolena-tunisko-t11-696x464.jpg 696w, https:\/\/loudavymkrokem.cz\/wp-content\/uploads\/2026\/08\/dovolena-tunisko-t11-1392x928.jpg 1392w\" sizes=\"(max-width: 1500px) 100vw, 1500px\" \/><button\n\t\t\tclass=\"lightbox-trigger\"\n\t\t\ttype=\"button\"\n\t\t\taria-haspopup=\"dialog\"\n\t\t\tdata-wp-bind--aria-label=\"state.thisImage.triggerButtonAriaLabel\"\n\t\t\tdata-wp-init=\"callbacks.initTriggerButton\"\n\t\t\tdata-wp-on--click=\"actions.showLightbox\"\n\t\t\tdata-wp-style--right=\"state.thisImage.buttonRight\"\n\t\t\tdata-wp-style--top=\"state.thisImage.buttonTop\"\n\t\t>\n\t\t\t<svg xmlns=\"http:\/\/www.w3.org\/2000\/svg\" width=\"12\" height=\"12\" fill=\"none\" viewBox=\"0 0 12 12\">\n\t\t\t\t<path fill=\"#fff\" d=\"M2 0a2 2 0 0 0-2 2v2h1.5V2a.5.5 0 0 1 .5-.5h2V0H2Zm2 10.5H2a.5.5 0 0 1-.5-.5V8H0v2a2 2 0 0 0 2 2h2v-1.5ZM8 12v-1.5h2a.5.5 0 0 0 .5-.5V8H12v2a2 2 0 0 1-2 2H8Zm2-12a2 2 0 0 1 2 2v2h-1.5V2a.5.5 0 0 0-.5-.5H8V0h2Z\" \/>\n\t\t\t<\/svg>\n\t\t<\/button><figcaption class=\"wp-element-caption\">R\u00f3mai amfite\u00e1trum El Djemben (Fot\u00f3: Skander zarrad \/ Wikimedia Commons, CC BY-SA 4.0)<\/figcaption><\/figure>\n\n\n\n<p class=\"wp-block-paragraph\">H\u00edresebb olasz testv\u00e9r\u00e9hez k\u00e9pest El Djemnek \u00f3ri\u00e1si el\u0151nye, hogy itt nem \u00e1llsz \u00f3r\u00e1kig sorban, \u00e9s az eg\u00e9sz komplexumot sokkal szabadabban j\u00e1rhatod be. A l\u00e1togat\u00f3k nagyon dics\u00e9rik, hogy <strong>fel lehet menni eg\u00e9szen a n\u00e9z\u0151t\u00e9r legfels\u0151 szintjeire<\/strong> a t\u00f6k\u00e9letes kil\u00e1t\u00e1s\u00e9rt, \u00e9s le lehet ereszkedni a bonyolult f\u00f6ld alatti r\u00e9szekbe, ahol a s\u00f6t\u00e9t z\u00e1rk\u00e1kban a gladi\u00e1torok v\u00e1rt\u00e1k a sorsukat. Az ar\u00e9na a f\u0151 vas\u00fatvonalon fekszik, \u00fagyhogy k\u00f6nnyen ide jutsz vonattal Sousse-b\u00f3l vagy Tuniszb\u00f3l.<\/p>\n\n\n\n<h3 id=\"12_Kairouan_Tunezia_legszentebb_varosa\" class=\"wp-block-heading\"><span class=\"ez-toc-section\" id=\"12_Kairouan_Tunezia_legszentebb_varosa\"><\/span>12. Kairouan: Tun\u00e9zia legszentebb v\u00e1rosa<span class=\"ez-toc-section-end\"><\/span><\/h3>\n\n\n\n<p class=\"wp-block-paragraph\">Kairouan az iszl\u00e1m negyedik legszentebb v\u00e1rosa r\u00f6gt\u00f6n Mekka, Medina \u00e9s Jeruzs\u00e1lem ut\u00e1n, spiritu\u00e1lis hangulat\u00e1t pedig minden l\u00e9p\u00e9sn\u00e9l \u00e9rzed. Az eg\u00e9sz v\u00e1ros domin\u00e1nsa a leny\u0171g\u00f6z\u0151 nagymecset massz\u00edv minarettel \u00e9s \u00f3ri\u00e1si udvarral, amely \u00e9p\u00edt\u00e9szeti mintak\u00e9nt szolg\u00e1l \u00c9szak-Afrika \u00f6sszes tov\u00e1bbi mecset\u00e9hez. \u00c9rdemes megn\u00e9zni az \u00f3kori Aghlabida-medenc\u00e9ket is, amelyek egykor az eg\u00e9sz v\u00e1rost v\u00edzzel l\u00e1tt\u00e1k el, valamint a sz\u00e1mtalan k\u00e9zm\u0171ves m\u0171helyt, mert <strong>Kairouan a legjobb min\u0151s\u00e9g\u0171 csom\u00f3zott sz\u0151nyegek gy\u00e1rt\u00e1s\u00e1r\u00f3l h\u00edres<\/strong>.<\/p>\n\n\n\n<figure data-wp-context=\"{&quot;imageId&quot;:&quot;6a965b70958b8&quot;}\" data-wp-interactive=\"core\/image\" data-wp-key=\"6a965b70958b8\" class=\"wp-block-image size-full wp-lightbox-container\"><img decoding=\"async\" width=\"1500\" height=\"1024\" data-wp-class--hide=\"state.isContentHidden\" data-wp-class--show=\"state.isContentVisible\" data-wp-init=\"callbacks.setButtonStyles\" data-wp-on--click=\"actions.showLightbox\" data-wp-on--load=\"callbacks.setButtonStyles\" data-wp-on--pointerdown=\"actions.preloadImage\" data-wp-on--pointerenter=\"actions.preloadImageWithDelay\" data-wp-on--pointerleave=\"actions.cancelPreload\" data-wp-on-window--resize=\"callbacks.setButtonStyles\" src=\"https:\/\/loudavymkrokem.cz\/wp-content\/uploads\/2026\/08\/dovolena-tunisko-t12.jpg\" alt=\"Nagymecset Kairouanban\" class=\"wp-image-399980\" title=\"\" srcset=\"https:\/\/loudavymkrokem.cz\/wp-content\/uploads\/2026\/08\/dovolena-tunisko-t12.jpg 1500w, https:\/\/loudavymkrokem.cz\/wp-content\/uploads\/2026\/08\/dovolena-tunisko-t12-300x205.jpg 300w, https:\/\/loudavymkrokem.cz\/wp-content\/uploads\/2026\/08\/dovolena-tunisko-t12-700x478.jpg 700w, https:\/\/loudavymkrokem.cz\/wp-content\/uploads\/2026\/08\/dovolena-tunisko-t12-768x524.jpg 768w, https:\/\/loudavymkrokem.cz\/wp-content\/uploads\/2026\/08\/dovolena-tunisko-t12-696x475.jpg 696w, https:\/\/loudavymkrokem.cz\/wp-content\/uploads\/2026\/08\/dovolena-tunisko-t12-1392x950.jpg 1392w\" sizes=\"(max-width: 1500px) 100vw, 1500px\" \/><button\n\t\t\tclass=\"lightbox-trigger\"\n\t\t\ttype=\"button\"\n\t\t\taria-haspopup=\"dialog\"\n\t\t\tdata-wp-bind--aria-label=\"state.thisImage.triggerButtonAriaLabel\"\n\t\t\tdata-wp-init=\"callbacks.initTriggerButton\"\n\t\t\tdata-wp-on--click=\"actions.showLightbox\"\n\t\t\tdata-wp-style--right=\"state.thisImage.buttonRight\"\n\t\t\tdata-wp-style--top=\"state.thisImage.buttonTop\"\n\t\t>\n\t\t\t<svg xmlns=\"http:\/\/www.w3.org\/2000\/svg\" width=\"12\" height=\"12\" fill=\"none\" viewBox=\"0 0 12 12\">\n\t\t\t\t<path fill=\"#fff\" d=\"M2 0a2 2 0 0 0-2 2v2h1.5V2a.5.5 0 0 1 .5-.5h2V0H2Zm2 10.5H2a.5.5 0 0 1-.5-.5V8H0v2a2 2 0 0 0 2 2h2v-1.5ZM8 12v-1.5h2a.5.5 0 0 0 .5-.5V8H12v2a2 2 0 0 1-2 2H8Zm2-12a2 2 0 0 1 2 2v2h-1.5V2a.5.5 0 0 0-.5-.5H8V0h2Z\" \/>\n\t\t\t<\/svg>\n\t\t<\/button><figcaption class=\"wp-element-caption\">Nagymecset Kairouanban (Fot\u00f3: Dennis G. Jarvis \/ Wikimedia Commons, CC BY-SA 2.0)<\/figcaption><\/figure>\n\n\n\n<p class=\"wp-block-paragraph\">Ennek az er\u0151sen vall\u00e1sos v\u00e1rosnak a l\u00e1togat\u00e1sakor nagyon szigor\u00faan be kell tartanod az \u00f6lt\u00f6zk\u00f6d\u00e9si szab\u00e1lyokat, mert a szent ter\u00fcletekre a nem megfelel\u0151en \u00f6lt\u00f6z\u00f6tt turist\u00e1knak teljesen tilos a bel\u00e9p\u00e9s. Ne feledd azt is, hogy <strong>a nem muszlimok nem l\u00e9phetnek be k\u00f6zvetlen\u00fcl az imatermekbe<\/strong>, de a gy\u00f6ny\u00f6r\u0171en d\u00edsz\u00edtett, tucatnyi oszloppal \u00e9kes\u00edtett bels\u0151 tereiket megn\u00e9zhetik \u00e9s lefot\u00f3zhatj\u00e1k a nyitott ajt\u00f3n \u00e1t az udvarr\u00f3l. A helyi medin\u00e1ban tett s\u00e9ta viszont tele van \u00e9lettel, \u00e9s garant\u00e1ltan olyan keresked\u0151kbe botlasz, akik sz\u00edvesen megh\u00edvnak a m\u0171hely\u00fckbe egy te\u00e1ra.<\/p>\n\n\n\n<h3 id=\"13_Djerba_a_sziget_a_legmelegebb_tengerrel\" class=\"wp-block-heading\"><span class=\"ez-toc-section\" id=\"13_Djerba_a_sziget_a_legmelegebb_tengerrel\"><\/span>13. Djerba: a sziget a legmelegebb tengerrel<span class=\"ez-toc-section-end\"><\/span><\/h3>\n\n\n\n<p class=\"wp-block-paragraph\">A Djerba sziget az orsz\u00e1g d\u00e9li v\u00e9g\u00e9n val\u00f3s\u00e1gos paradicsom a f\u00fcrd\u0151z\u00e9s \u00e9s napoz\u00e1s szerelmeseinek, mert a helyiek b\u00fcszk\u00e9n \u00e1ll\u00edtj\u00e1k, hogy itt hihetetlen 320 naps\u00fct\u00e9ses nap van egy \u00e9vben. A legszebb hossz\u00fa, vil\u00e1gos homok\u00fa strandok f\u0151leg az \u00e9szakkeleti parton h\u00faz\u00f3dnak, \u00e9s <strong>nagyon sek\u00e9ly, lassan m\u00e9ly\u00fcl\u0151 vizet k\u00edn\u00e1lnak<\/strong>, amit f\u0151leg a kisebb gyerekes csal\u00e1dok dics\u00e9rnek. A tengerben a v\u00edz a d\u00e9li fekv\u00e9s miatt n\u00e9h\u00e1ny fokkal melegebb, mint az \u00e9szaki \u00fcd\u00fcl\u0151helyeken, \u00fagyhogy a f\u00fcrd\u0151szezon j\u00f3val tov\u00e1bb tart.<\/p>\n\n\n\n<figure data-wp-context=\"{&quot;imageId&quot;:&quot;6a965b7095d6d&quot;}\" data-wp-interactive=\"core\/image\" data-wp-key=\"6a965b7095d6d\" class=\"wp-block-image size-full wp-lightbox-container\"><img decoding=\"async\" width=\"2528\" height=\"1696\" data-wp-class--hide=\"state.isContentHidden\" data-wp-class--show=\"state.isContentVisible\" data-wp-init=\"callbacks.setButtonStyles\" data-wp-on--click=\"actions.showLightbox\" data-wp-on--load=\"callbacks.setButtonStyles\" data-wp-on--pointerdown=\"actions.preloadImage\" data-wp-on--pointerenter=\"actions.preloadImageWithDelay\" data-wp-on--pointerleave=\"actions.cancelPreload\" data-wp-on-window--resize=\"callbacks.setButtonStyles\" src=\"https:\/\/loudavymkrokem.cz\/wp-content\/uploads\/2026\/08\/dovolena-tunisko-djerba-zapad-v2.jpg\" alt=\"Naplemente egy djerbai strand felett\" class=\"wp-image-402985\" title=\"\" srcset=\"https:\/\/loudavymkrokem.cz\/wp-content\/uploads\/2026\/08\/dovolena-tunisko-djerba-zapad-v2.jpg 2528w, https:\/\/loudavymkrokem.cz\/wp-content\/uploads\/2026\/08\/dovolena-tunisko-djerba-zapad-v2-300x201.jpg 300w, https:\/\/loudavymkrokem.cz\/wp-content\/uploads\/2026\/08\/dovolena-tunisko-djerba-zapad-v2-700x470.jpg 700w, https:\/\/loudavymkrokem.cz\/wp-content\/uploads\/2026\/08\/dovolena-tunisko-djerba-zapad-v2-768x515.jpg 768w, https:\/\/loudavymkrokem.cz\/wp-content\/uploads\/2026\/08\/dovolena-tunisko-djerba-zapad-v2-1536x1030.jpg 1536w, https:\/\/loudavymkrokem.cz\/wp-content\/uploads\/2026\/08\/dovolena-tunisko-djerba-zapad-v2-2048x1374.jpg 2048w, https:\/\/loudavymkrokem.cz\/wp-content\/uploads\/2026\/08\/dovolena-tunisko-djerba-zapad-v2-696x467.jpg 696w, https:\/\/loudavymkrokem.cz\/wp-content\/uploads\/2026\/08\/dovolena-tunisko-djerba-zapad-v2-1392x934.jpg 1392w, https:\/\/loudavymkrokem.cz\/wp-content\/uploads\/2026\/08\/dovolena-tunisko-djerba-zapad-v2-1920x1288.jpg 1920w\" sizes=\"(max-width: 2528px) 100vw, 2528px\" \/><button\n\t\t\tclass=\"lightbox-trigger\"\n\t\t\ttype=\"button\"\n\t\t\taria-haspopup=\"dialog\"\n\t\t\tdata-wp-bind--aria-label=\"state.thisImage.triggerButtonAriaLabel\"\n\t\t\tdata-wp-init=\"callbacks.initTriggerButton\"\n\t\t\tdata-wp-on--click=\"actions.showLightbox\"\n\t\t\tdata-wp-style--right=\"state.thisImage.buttonRight\"\n\t\t\tdata-wp-style--top=\"state.thisImage.buttonTop\"\n\t\t>\n\t\t\t<svg xmlns=\"http:\/\/www.w3.org\/2000\/svg\" width=\"12\" height=\"12\" fill=\"none\" viewBox=\"0 0 12 12\">\n\t\t\t\t<path fill=\"#fff\" d=\"M2 0a2 2 0 0 0-2 2v2h1.5V2a.5.5 0 0 1 .5-.5h2V0H2Zm2 10.5H2a.5.5 0 0 1-.5-.5V8H0v2a2 2 0 0 0 2 2h2v-1.5ZM8 12v-1.5h2a.5.5 0 0 0 .5-.5V8H12v2a2 2 0 0 1-2 2H8Zm2-12a2 2 0 0 1 2 2v2h-1.5V2a.5.5 0 0 0-.5-.5H8V0h2Z\" \/>\n\t\t\t<\/svg>\n\t\t<\/button><figcaption class=\"wp-element-caption\">Naplemente egy djerbai strand felett<\/figcaption><\/figure>\n\n\n\n<p class=\"wp-block-paragraph\">A szigetre vezet\u0151 \u00fat a turist\u00e1k sz\u00e1m\u00e1ra maxim\u00e1lisan k\u00e9nyelmes, mert a nemzetk\u00f6zi j\u00e1ratok k\u00f6zvetlen\u00fcl a helyi Djerba-Zarzis rept\u00e9ren sz\u00e1llnak le, a transzferek a hotelekbe pedig csak p\u00e1r t\u00edz percet vesznek ig\u00e9nybe. A sziget egy r\u00f3mai t\u00f6lt\u00e9ssel kapcsol\u00f3dik a sz\u00e1razf\u00f6ldh\u00f6z, \u00fagyhogy innen gond n\u00e9lk\u00fcl tehetsz kir\u00e1ndul\u00e1sokat a sivatagba a sz\u00e1razf\u00f6ldre, ak\u00e1r b\u00e9relt aut\u00f3val, ak\u00e1r szervezett t\u00far\u00e1val. Djerb\u00e1n \u00f6sszess\u00e9g\u00e9ben sokkal laz\u00e1bb szigethangulat van, \u00e9s az id\u0151 is \u00e9rezhet\u0151en lassabban telik, mint Tun\u00e9zia t\u00f6bbi r\u00e9sz\u00e9n.<\/p>\n\n\n\n<h3 id=\"14_Houmt_Souk_Djerba_fovarosa\" class=\"wp-block-heading\"><span class=\"ez-toc-section\" id=\"14_Houmt_Souk_Djerba_fovarosa\"><\/span>14. Houmt Souk: Djerba f\u0151v\u00e1rosa<span class=\"ez-toc-section-end\"><\/span><\/h3>\n\n\n\n<p class=\"wp-block-paragraph\">Az eg\u00e9sz sziget k\u00f6zigazgat\u00e1si k\u00f6zpontja az elb\u0171v\u00f6l\u0151 Houmt Souk v\u00e1roska, amelynek neve ford\u00edt\u00e1sban sz\u00f3 szerint \u201epiac&#8221;-ot jelent, ami t\u00f6k\u00e9letesen le\u00edrja a jelleg\u00e9t. A k\u00f6zpontban hagyom\u00e1nyos sz\u00fakokkal teli \u00f6sszefon\u00f3d\u00f3 utc\u00e1kat tal\u00e1lsz tarka sz\u00f6vetekkel, ker\u00e1mi\u00e1val \u00e9s \u00e9kszerekkel, m\u00edg <strong>a parton a massz\u00edv, tizen\u00f6t\u00f6dik sz\u00e1zadi Borj El Kebir v\u00e9d\u0151er\u0151d<\/strong> magasodik. Az er\u0151dt\u0151l nem messze fekszik a fest\u0151i hal\u00e1szkik\u00f6t\u0151, ahol minden nap kora reggel \u00e9l\u00e9nk aukci\u00f3kat tartanak a frissen fogott halakb\u00f3l \u00e9s polipokb\u00f3l.<\/p>\n\n\n\n<figure data-wp-context=\"{&quot;imageId&quot;:&quot;6a965b70961fa&quot;}\" data-wp-interactive=\"core\/image\" data-wp-key=\"6a965b70961fa\" class=\"wp-block-image size-full wp-lightbox-container\"><img decoding=\"async\" width=\"2528\" height=\"1696\" data-wp-class--hide=\"state.isContentHidden\" data-wp-class--show=\"state.isContentVisible\" data-wp-init=\"callbacks.setButtonStyles\" data-wp-on--click=\"actions.showLightbox\" data-wp-on--load=\"callbacks.setButtonStyles\" data-wp-on--pointerdown=\"actions.preloadImage\" data-wp-on--pointerenter=\"actions.preloadImageWithDelay\" data-wp-on--pointerleave=\"actions.cancelPreload\" data-wp-on-window--resize=\"callbacks.setButtonStyles\" src=\"https:\/\/loudavymkrokem.cz\/wp-content\/uploads\/2026\/08\/dovolena-tunisko-houmt-souk-v2.jpg\" alt=\"Kalapos \u00e9s kosaras standok Houmt Soukban\" class=\"wp-image-402988\" title=\"\" srcset=\"https:\/\/loudavymkrokem.cz\/wp-content\/uploads\/2026\/08\/dovolena-tunisko-houmt-souk-v2.jpg 2528w, https:\/\/loudavymkrokem.cz\/wp-content\/uploads\/2026\/08\/dovolena-tunisko-houmt-souk-v2-300x201.jpg 300w, https:\/\/loudavymkrokem.cz\/wp-content\/uploads\/2026\/08\/dovolena-tunisko-houmt-souk-v2-700x470.jpg 700w, https:\/\/loudavymkrokem.cz\/wp-content\/uploads\/2026\/08\/dovolena-tunisko-houmt-souk-v2-768x515.jpg 768w, https:\/\/loudavymkrokem.cz\/wp-content\/uploads\/2026\/08\/dovolena-tunisko-houmt-souk-v2-1536x1030.jpg 1536w, https:\/\/loudavymkrokem.cz\/wp-content\/uploads\/2026\/08\/dovolena-tunisko-houmt-souk-v2-2048x1374.jpg 2048w, https:\/\/loudavymkrokem.cz\/wp-content\/uploads\/2026\/08\/dovolena-tunisko-houmt-souk-v2-696x467.jpg 696w, https:\/\/loudavymkrokem.cz\/wp-content\/uploads\/2026\/08\/dovolena-tunisko-houmt-souk-v2-1392x934.jpg 1392w, https:\/\/loudavymkrokem.cz\/wp-content\/uploads\/2026\/08\/dovolena-tunisko-houmt-souk-v2-1920x1288.jpg 1920w\" sizes=\"(max-width: 2528px) 100vw, 2528px\" \/><button\n\t\t\tclass=\"lightbox-trigger\"\n\t\t\ttype=\"button\"\n\t\t\taria-haspopup=\"dialog\"\n\t\t\tdata-wp-bind--aria-label=\"state.thisImage.triggerButtonAriaLabel\"\n\t\t\tdata-wp-init=\"callbacks.initTriggerButton\"\n\t\t\tdata-wp-on--click=\"actions.showLightbox\"\n\t\t\tdata-wp-style--right=\"state.thisImage.buttonRight\"\n\t\t\tdata-wp-style--top=\"state.thisImage.buttonTop\"\n\t\t>\n\t\t\t<svg xmlns=\"http:\/\/www.w3.org\/2000\/svg\" width=\"12\" height=\"12\" fill=\"none\" viewBox=\"0 0 12 12\">\n\t\t\t\t<path fill=\"#fff\" d=\"M2 0a2 2 0 0 0-2 2v2h1.5V2a.5.5 0 0 1 .5-.5h2V0H2Zm2 10.5H2a.5.5 0 0 1-.5-.5V8H0v2a2 2 0 0 0 2 2h2v-1.5ZM8 12v-1.5h2a.5.5 0 0 0 .5-.5V8H12v2a2 2 0 0 1-2 2H8Zm2-12a2 2 0 0 1 2 2v2h-1.5V2a.5.5 0 0 0-.5-.5H8V0h2Z\" \/>\n\t\t\t<\/svg>\n\t\t<\/button><figcaption class=\"wp-element-caption\">Kalapos \u00e9s kosaras standok Houmt Soukban<\/figcaption><\/figure>\n\n\n\n<p class=\"wp-block-paragraph\">A szigeten \u00e9s Houmt Soukba a legjobban a minden\u00fctt jelen l\u00e9v\u0151 s\u00e1rga taxikkal jutsz el, amelyek rendk\u00edv\u00fcl olcs\u00f3k \u00e9s gyakorlatilag folyamatosan j\u00e1rnak. Ism\u00e9t \u00e9rv\u00e9nyes viszont a fontos szab\u00e1ly, hogy besz\u00e1ll\u00e1s el\u0151tt ellen\u0151rizned kell, <strong>hajland\u00f3-e a sof\u0151r bekapcsolni a taxi\u00f3r\u00e1t<\/strong>, k\u00fcl\u00f6nben az \u00fat v\u00e9g\u00e9n \u00e9rtelmetlen\u00fcl magas turistafel\u00e1rat k\u00e9rhet t\u0151led. Maga a v\u00e1ros tele van hangulatos k\u00e1v\u00e9z\u00f3kkal a bougainvillea \u00e1rny\u00e9k\u00e1ban, ahol a v\u00e1s\u00e1rl\u00e1s ut\u00e1n megpihenhetsz egy er\u0151s arab k\u00e1v\u00e9 mellett.<\/p>\n\n\n\n<!-- LKM_GYG_CARD start q=\"tunisko\" lang=\"hu\" rendered=\"2026-08-31T05:58:53+00:00\" v=\"1\" -->\n\n<!-- LKM_GYG_CARD end -->\n\n\n\n\n<div class=\"lk-stays-module\">\n<style>\n\/* \u2500\u2500\u2500 RESET PRO GUTENBERG \u2500\u2500\u2500 *\/\n.lk-stays-module * { box-sizing: border-box; margin: 0; padding: 0; }\n\n\/* \u2500\u2500\u2500 WRAPPER \u2500\u2500\u2500 *\/\n.lk-stays-module {\n  font-family: 'DM Sans', Georgia, sans-serif;\n  max-width: 100%;\n  margin: 2.5rem auto;\n  background: linear-gradient(135deg, #fdfaf5 0%, #fcf8f0 100%);\n  border: 1px solid #e8dfd4;\n  border-radius: 16px;\n  overflow: hidden;\n  box-shadow: 0 16px 48px rgba(195, 159, 118, 0.25), 0 4px 12px rgba(0,0,0,0.08);\n}\n\n\/* \u2500\u2500\u2500 HEADER \u2500\u2500\u2500 *\/\n.lk-stays-header {\n  position: relative;\n  padding: 24px 36px 24px;\n  background: linear-gradient(135deg, #c39f76 0%, #d4b188 60%, #c39f76 100%);\n  border-bottom: 1px solid rgba(255,255,255,.15);\n  display: flex;\n  align-items: center;\n  gap: 18px;\n}\n.lk-stays-header::before {\n  content: '';\n  position: absolute;\n  inset: 0;\n  background: url(\"data:image\/svg+xml,%3Csvg width='60' height='60' viewBox='0 0 60 60' xmlns='http:\/\/www.w3.org\/2000\/svg'%3E%3Cg fill='none' fill-rule='evenodd'%3E%3Cg fill='%23ffffff' fill-opacity='0.05'%3E%3Cpath d='M36 34v-4h-2v4h-4v2h4v4h2v-4h4v-2h-4zm0-30V0h-2v4h-4v2h4v4h2V6h4V4h-4zM6 34v-4H4v4H0v2h4v4h2v-4h4v-2H6zM6 4V0H4v4H0v2h4v4h2V6h4V4H6z'\/%3E%3C\/g%3E%3C\/g%3E%3C\/svg%3E\") repeat;\n  pointer-events: none;\n}\n.lk-stays-icon {\n  flex-shrink: 0;\n  width: 68px;\n  height: 68px;\n  border-radius: 14px;\n  background: linear-gradient(135deg, #fff 0%, #f9f6f0 100%);\n  display: flex;\n  align-items: center;\n  justify-content: center;\n  font-size: 26px;\n  box-shadow: 0 4px 12px rgba(0,0,0,0.15);\n}\n.lk-stays-eyebrow {\n  font-size: 10px;\n  font-weight: 500;\n  letter-spacing: 2.5px;\n  text-transform: uppercase;\n  color: rgba(255,255,255,.85);\n  margin: 0 0 5px 0;\n}\n.lk-stays-title {\n  font-family: 'Playfair Display', Georgia, serif;\n  font-size: 24px;\n  font-weight: 700;\n  color: #fff;\n  line-height: 1.2;\n  text-shadow: 0 1px 2px rgba(0,0,0,0.1);\n  margin: 0;\n}\n.lk-stays-subtitle {\n  font-size: 13px;\n  color: rgba(255,255,255,.75);\n  margin: 4px 0 0 0;\n  font-weight: 300;\n}\n\n\/* \u2500\u2500\u2500 CARDS GRID \u2500\u2500\u2500 *\/\n.lk-stays-grid {\n  display: grid;\n  grid-template-columns: 1fr 1fr;\n  gap: 1px;\n  background: rgba(195, 159, 118, 0.12);\n}\n\n\/* \u2500\u2500\u2500 SINGLE CARD \u2500\u2500\u2500 *\/\n.lk-stay-card {\n  background: #ffffff;\n  padding: 26px;\n  display: flex;\n  flex-direction: column;\n  gap: 11px;\n  transition: all 0.3s ease;\n  text-decoration: none;\n  color: inherit;\n  position: relative;\n}\n.lk-stay-card:hover {\n  background: #fffbf5;\n  transform: translateY(-2px);\n  box-shadow: 0 8px 24px rgba(195, 159, 118, 0.18);\n  z-index: 1;\n}\n.lk-stay-card.featured {\n  background: linear-gradient(135deg, #fffdf9 0%, #fff9f0 100%);\n  box-shadow: 0 4px 16px rgba(195, 159, 118, 0.15), inset 0 1px 0 rgba(195, 159, 118, 0.1);\n}\n.lk-stay-card.featured:hover {\n  background: linear-gradient(135deg, #fffbf5 0%, #fff8ed 100%);\n  box-shadow: 0 8px 24px rgba(195, 159, 118, 0.25), inset 0 1px 0 rgba(195, 159, 118, 0.15);\n}\n\n.lk-stay-badge {\n  display: inline-flex;\n  align-items: center;\n  gap: 5px;\n  font-size: 10px;\n  font-weight: 500;\n  letter-spacing: 1.5px;\n  text-transform: uppercase;\n  padding: 5px 11px;\n  border-radius: 20px;\n  width: fit-content;\n}\n.badge-top     { background: linear-gradient(135deg, #c39f76 0%, #d4b188 100%); color: #fff; border: 1px solid #c39f76; font-weight: 600; box-shadow: 0 2px 8px rgba(195,159,118,0.3); }\n.badge-luxury  { background: rgba(195,159,118,.12); color: #c39f76; border: 1px solid rgba(195,159,118,.25); }\n.badge-boutique{ background: rgba(54,133,252,.08); color: #3685fc; border: 1px solid rgba(54,133,252,.2); }\n.badge-nature  { background: rgba(130,190,100,.1); color: #6b9c4a; border: 1px solid rgba(130,190,100,.2); }\n.badge-remote  { background: rgba(195,159,118,.12); color: #a67e50; border: 1px solid rgba(195,159,118,.25); }\n\n.lk-stay-name {\n  font-family: 'Playfair Display', Georgia, serif;\n  font-size: 18px;\n  font-weight: 700;\n  color: #111827;\n  line-height: 1.3;\n}\n.lk-stay-desc {\n  font-size: 13.5px;\n  color: #525252;\n  line-height: 1.65;\n  font-weight: 300;\n  flex: 1;\n}\n\n.lk-stay-meta {\n  display: flex;\n  align-items: center;\n  gap: 12px;\n  flex-wrap: wrap;\n  margin-top: 4px;\n}\n.lk-stay-price {\n  font-size: 13px;\n  color: #6b7280;\n}\n.lk-stay-price strong {\n  color: #c39f76;\n  font-weight: 500;\n}\n.lk-stay-stars {\n  color: #c39f76;\n  font-size: 11px;\n  letter-spacing: 1px;\n}\n\n\/* \u2500\u2500\u2500 CTA BUTTON \u2500\u2500\u2500 *\/\n.lk-stay-cta {\n  display: inline-flex;\n  align-items: center;\n  justify-content: center;\n  gap: 7px;\n  margin-top: 8px;\n  padding: 11px 20px;\n  border-radius: 8px;\n  background: linear-gradient(135deg, #3685fc 0%, #2a6fd9 100%);\n  color: #fff;\n  font-size: 13px;\n  font-weight: 500;\n  text-decoration: none;\n  letter-spacing: .3px;\n  transition: all .2s ease;\n  cursor: pointer;\n  border: none;\n  text-align: center;\n  box-shadow: 0 4px 12px rgba(54, 133, 252, 0.25);\n}\n.lk-stay-cta:hover {\n  background: linear-gradient(135deg, #2a6fd9 0%, #1e5bc4 100%);\n  transform: translateY(-1px);\n  box-shadow: 0 6px 16px rgba(54, 133, 252, 0.35);\n}\n.lk-stay-cta svg { flex-shrink: 0; }\n\n\/* \u2500\u2500\u2500 FOOTER \u2500\u2500\u2500 *\/\n.lk-stays-footer {\n  padding: 18px 36px;\n  background: linear-gradient(to bottom, #fdfaf5 0%, #f9f4ed 100%);\n  border-top: 1px solid rgba(195, 159, 118, 0.15);\n  display: flex;\n  align-items: center;\n  justify-content: space-between;\n  flex-wrap: wrap;\n  gap: 12px;\n}\n.lk-stays-footer-note {\n  font-size: 11.5px;\n  color: #6b7280;\n  font-weight: 300;\n  line-height: 1.5;\n}\n.lk-stays-footer-note a {\n  color: #c39f76;\n  text-decoration: none;\n  font-weight: 400;\n}\n.lk-stays-footer-note a:hover {\n  text-decoration: underline;\n}\n.lk-stays-all-btn {\n  display: inline-flex;\n  align-items: center;\n  gap: 6px;\n  font-size: 12.5px;\n  font-weight: 500;\n  color: #c39f76;\n  text-decoration: none;\n  border: 1px solid rgba(195, 159, 118, 0.35);\n  padding: 8px 18px;\n  border-radius: 8px;\n  transition: all .2s ease;\n}\n.lk-stays-all-btn:hover {\n  background: rgba(195, 159, 118, 0.08);\n  border-color: rgba(195, 159, 118, 0.5);\n}\n\n\/* \u2500\u2500\u2500 RESPONSIVE \u2500\u2500\u2500 *\/\n@media (max-width: 600px) {\n  .lk-stays-grid { grid-template-columns: 1fr; }\n  .lk-stays-header { padding: 24px 20px; }\n  .lk-stays-footer { padding: 16px 20px; }\n  .lk-stay-card { padding: 22px; }\n  .lk-stays-title { font-size: 20px; }\n}\n<\/style>\n\n  <!-- HEADER -->\n  <div class=\"lk-stays-header\">\n    <img decoding=\"async\" src=\"https:\/\/loudavymkrokem.cz\/wp-content\/uploads\/2026\/02\/lukas-a-lucka.jpg\" alt=\"\" style=\"width: 75px; height: 75px; border-radius: 8px; flex-shrink: 0; object-fit: cover; display: block; margin: 4px 0;\" title=\"\">\n    <div class=\"lk-stays-header-text\">\n      <div class=\"lk-stays-eyebrow\">Luk\u00e1\u0161 \u00e9s Lucie aj\u00e1nlj\u00e1k<\/div>\n      <div class=\"lk-stays-title\">Hol sz\u00e1lljon meg Tun\u00e9zi\u00e1ban<\/div>\n      <div class=\"lk-stays-subtitle\">6 sz\u00e1ll\u00e1shely \u2014 hotelek \u00e9s egy\u00e9b sz\u00e1ll\u00e1slehet\u0151s\u00e9gek<\/div>\n    <\/div>\n  <\/div>\n\n  <!-- CARDS -->\n  <div class=\"lk-stays-grid\">\n\n    <a class=\"lk-stay-card featured\" href=\"https:\/\/www.stay22.com\/allez\/roam?aid=lukaskonecny&#038;campaign=loudavymkrokemcz&#038;campaign=hu&#038;campaign=dovolena-tunisko&#038;hotelname=Radisson%20Blu%20Palace%20Resort%20%26%20Thalasso%20Djerba&#038;address=Djerba%2C%20Tunisko\" target=\"_blank\" rel=\"nofollow noopener\">\n      <span class=\"lk-stay-badge badge-top\">\u2b50 TOP V\u00c1LASZT\u00c1S<\/span>\n      <span class=\"lk-stay-badge badge-nature\">\ud83c\udfe8 Hotel<\/span>\n      <div class=\"lk-stay-name\">Radisson Blu Palace Resort &#038; Thalasso Djerba<\/div>\n      <div class=\"lk-stay-desc\">Szigeti \u00fcd\u00fcl\u0151hely h\u00edres thalasso k\u00f6zponttal \u00e9s gy\u00f6ny\u00f6r\u0171, nyugodt stranddal Djerba sziget\u00e9n.<\/div>\n      <div class=\"lk-stay-meta\">\n        <span class=\"lk-stay-stars\">\u2605\u2605\u2605\u2605<\/span>\n        <span class=\"lk-stay-price\">\u00c1rak ellen\u0151rz\u00e9se<\/span>\n      <\/div>\n      <span class=\"lk-stay-cta\">\n        <svg width=\"14\" height=\"14\" viewBox=\"0 0 24 24\" fill=\"none\" stroke=\"currentColor\" stroke-width=\"2\"><path d=\"M18 13v6a2 2 0 0 1-2 2H5a2 2 0 0 1-2-2V8a2 2 0 0 1 2-2h6\"\/><polyline points=\"15 3 21 3 21 9\"\/><line x1=\"10\" y1=\"14\" x2=\"21\" y2=\"3\"\/><\/svg>\n        Ellen\u0151rizd az el\u00e9rhet\u0151s\u00e9get\n      <\/span>\n    <\/a>\n\n    <a class=\"lk-stay-card\" href=\"https:\/\/www.stay22.com\/allez\/roam?aid=lukaskonecny&#038;campaign=loudavymkrokemcz&#038;campaign=hu&#038;campaign=dovolena-tunisko&#038;hotelname=Iberostar%20Selection%20Royal%20El%20Mansour&#038;address=Mahdia%2C%20Tunisko\" target=\"_blank\" rel=\"nofollow noopener\">\n      <span class=\"lk-stay-badge badge-nature\">\ud83c\udfd6\ufe0f Beach<\/span>\n      <div class=\"lk-stay-name\">Iberostar Selection Royal El Mansour<\/div>\n      <div class=\"lk-stay-desc\">Kiv\u00e1l\u00f3an \u00e9rt\u00e9kelt, csak feln\u0151tteknek sz\u00f3l\u00f3 hotel Mahdi\u00e1ban, k\u00f6zvetlen\u00fcl a h\u00edres hossz\u00fa homokos strand mellett.<\/div>\n      <div class=\"lk-stay-meta\">\n        <span class=\"lk-stay-stars\">\u2605\u2605\u2605\u2605<\/span>\n        <span class=\"lk-stay-price\">\u00c1rak ellen\u0151rz\u00e9se<\/span>\n      <\/div>\n      <span class=\"lk-stay-cta\">\n        <svg width=\"14\" height=\"14\" viewBox=\"0 0 24 24\" fill=\"none\" stroke=\"currentColor\" stroke-width=\"2\"><path d=\"M18 13v6a2 2 0 0 1-2 2H5a2 2 0 0 1-2-2V8a2 2 0 0 1 2-2h6\"\/><polyline points=\"15 3 21 3 21 9\"\/><line x1=\"10\" y1=\"14\" x2=\"21\" y2=\"3\"\/><\/svg>\n        Ellen\u0151rizd az el\u00e9rhet\u0151s\u00e9get\n      <\/span>\n    <\/a>\n\n    <a class=\"lk-stay-card\" href=\"https:\/\/www.stay22.com\/allez\/roam?aid=lukaskonecny&#038;campaign=loudavymkrokemcz&#038;campaign=hu&#038;campaign=dovolena-tunisko&#038;hotelname=Hotel%20Bel%20Azur%20Thalasso%20%26%20Bungalows&#038;address=Hammamet%2C%20Tunisko\" target=\"_blank\" rel=\"nofollow noopener\">\n      <span class=\"lk-stay-badge badge-nature\">\ud83c\udfe8 Hotel<\/span>\n      <div class=\"lk-stay-name\">Hotel Bel Azur Thalasso &#038; Bungalows<\/div>\n      <div class=\"lk-stay-desc\">Hatalmas csal\u00e1di \u00fcd\u00fcl\u0151hely k\u00f6zvetlen\u00fcl a tengern\u00e9l Hammametben, ahol gyerekek \u00e9s feln\u0151ttek is sz\u00f3rakozhatnak.<\/div>\n      <div class=\"lk-stay-meta\">\n        <span class=\"lk-stay-stars\">\u2605\u2605\u2605\u2605<\/span>\n        <span class=\"lk-stay-price\">\u00c1rak ellen\u0151rz\u00e9se<\/span>\n      <\/div>\n      <span class=\"lk-stay-cta\">\n        <svg width=\"14\" height=\"14\" viewBox=\"0 0 24 24\" fill=\"none\" stroke=\"currentColor\" stroke-width=\"2\"><path d=\"M18 13v6a2 2 0 0 1-2 2H5a2 2 0 0 1-2-2V8a2 2 0 0 1 2-2h6\"\/><polyline points=\"15 3 21 3 21 9\"\/><line x1=\"10\" y1=\"14\" x2=\"21\" y2=\"3\"\/><\/svg>\n        Ellen\u0151rizd az el\u00e9rhet\u0151s\u00e9get\n      <\/span>\n    <\/a>\n\n    <a class=\"lk-stay-card\" href=\"https:\/\/www.stay22.com\/allez\/roam?aid=lukaskonecny&#038;campaign=loudavymkrokemcz&#038;campaign=hu&#038;campaign=dovolena-tunisko&#038;hotelname=Movenpick%20Resort%20%26%20Marine%20Spa%20Sousse&#038;address=Sousse%2C%20Tunisko\" target=\"_blank\" rel=\"nofollow noopener\">\n      <span class=\"lk-stay-badge badge-nature\">\ud83c\udfe8 Hotel<\/span>\n      <div class=\"lk-stay-name\">Movenpick Resort &#038; Marine Spa Sousse<\/div>\n      <div class=\"lk-stay-desc\">\u00dcd\u00fcl\u0151hely k\u00f6zvetlen\u00fcl a homokos strand mellett Sousse-ban, k\u00f6zel a t\u00f6rt\u00e9nelmi medin\u00e1hoz.<\/div>\n      <div class=\"lk-stay-meta\">\n        <span class=\"lk-stay-stars\">\u2605\u2605\u2605\u2605<\/span>\n        <span class=\"lk-stay-price\">\u00c1rak ellen\u0151rz\u00e9se<\/span>\n      <\/div>\n      <span class=\"lk-stay-cta\">\n        <svg width=\"14\" height=\"14\" viewBox=\"0 0 24 24\" fill=\"none\" stroke=\"currentColor\" stroke-width=\"2\"><path d=\"M18 13v6a2 2 0 0 1-2 2H5a2 2 0 0 1-2-2V8a2 2 0 0 1 2-2h6\"\/><polyline points=\"15 3 21 3 21 9\"\/><line x1=\"10\" y1=\"14\" x2=\"21\" y2=\"3\"\/><\/svg>\n        Ellen\u0151rizd az el\u00e9rhet\u0151s\u00e9get\n      <\/span>\n    <\/a>\n\n    <a class=\"lk-stay-card\" href=\"https:\/\/www.stay22.com\/allez\/roam?aid=lukaskonecny&#038;campaign=loudavymkrokemcz&#038;campaign=hu&#038;campaign=dovolena-tunisko&#038;hotelname=Concorde%20Green%20Park%20Palace&#038;address=Port%20El%20Kantaoui%2C%20Tunisko\" target=\"_blank\" rel=\"nofollow noopener\">\n      <span class=\"lk-stay-badge badge-nature\">\ud83c\udfe8 Hotel<\/span>\n      <div class=\"lk-stay-name\">Concorde Green Park Palace<\/div>\n      <div class=\"lk-stay-desc\">Leny\u0171g\u00f6z\u0151 kiterjedt ter\u00fclet sz\u00e1mos medenc\u00e9vel Port El Kantaouiban ig\u00e9nyes pihen\u0151k sz\u00e1m\u00e1ra.<\/div>\n      <div class=\"lk-stay-meta\">\n        <span class=\"lk-stay-stars\">\u2605\u2605\u2605\u2605<\/span>\n        <span class=\"lk-stay-price\">\u00c1rak ellen\u0151rz\u00e9se<\/span>\n      <\/div>\n      <span class=\"lk-stay-cta\">\n        <svg width=\"14\" height=\"14\" viewBox=\"0 0 24 24\" fill=\"none\" stroke=\"currentColor\" stroke-width=\"2\"><path d=\"M18 13v6a2 2 0 0 1-2 2H5a2 2 0 0 1-2-2V8a2 2 0 0 1 2-2h6\"\/><polyline points=\"15 3 21 3 21 9\"\/><line x1=\"10\" y1=\"14\" x2=\"21\" y2=\"3\"\/><\/svg>\n        Ellen\u0151rizd az el\u00e9rhet\u0151s\u00e9get\n      <\/span>\n    <\/a>\n\n    <a class=\"lk-stay-card\" href=\"https:\/\/www.stay22.com\/allez\/roam?aid=lukaskonecny&#038;campaign=loudavymkrokemcz&#038;campaign=hu&#038;campaign=dovolena-tunisko&#038;hotelname=Hotel%20Dar%20Said&#038;address=Sidi%20Bou%20Said%2C%20Tunisko\" target=\"_blank\" rel=\"nofollow noopener\">\n      <span class=\"lk-stay-badge badge-nature\">\ud83c\udfe1 Pension\/B&#038;B<\/span>\n      <div class=\"lk-stay-name\">Hotel Dar Said<\/div>\n      <div class=\"lk-stay-desc\">B\u00e1jos kis butikhotel a fest\u0151i k\u00e9k-feh\u00e9r kisv\u00e1rosban, Sidi Bou Saidban.<\/div>\n      <div class=\"lk-stay-meta\">\n        <span class=\"lk-stay-stars\">\u2605\u2605\u2605\u2605<\/span>\n        <span class=\"lk-stay-price\">\u00c1rak ellen\u0151rz\u00e9se<\/span>\n      <\/div>\n      <span class=\"lk-stay-cta\">\n        <svg width=\"14\" height=\"14\" viewBox=\"0 0 24 24\" fill=\"none\" stroke=\"currentColor\" stroke-width=\"2\"><path d=\"M18 13v6a2 2 0 0 1-2 2H5a2 2 0 0 1-2-2V8a2 2 0 0 1 2-2h6\"\/><polyline points=\"15 3 21 3 21 9\"\/><line x1=\"10\" y1=\"14\" x2=\"21\" y2=\"3\"\/><\/svg>\n        Ellen\u0151rizd az el\u00e9rhet\u0151s\u00e9get\n      <\/span>\n    <\/a>\n\n  <\/div>\n\n  \n<\/div>\n\n\n\n\n<h3 id=\"15_Djerbahood_Erriadhban_street_art_egy_falu_kozepen\" class=\"wp-block-heading\"><span class=\"ez-toc-section\" id=\"15_Djerbahood_Erriadhban_street_art_egy_falu_kozepen\"><\/span>15. Djerbahood Erriadhban: street art egy falu k\u00f6zep\u00e9n<span class=\"ez-toc-section-end\"><\/span><\/h3>\n\n\n\n<p class=\"wp-block-paragraph\">A hagyom\u00e1nyos Erriadh falucska Djerba belsej\u00e9ben n\u00e9h\u00e1ny \u00e9ve hihetetlen \u00e1talakul\u00e1son ment \u00e1t, amikor egy egyed\u00fcl\u00e1ll\u00f3 m\u0171v\u00e9szeti projekt keret\u00e9ben t\u00f6bb mint sz\u00e1z\u00f6tven m\u0171v\u00e9sz seregelt ide a vil\u00e1g minden t\u00e1j\u00e1r\u00f3l. \u0150k <strong>a r\u00e9gi feh\u00e9r homlokzatokat, falakat \u00e9s ajt\u00f3kat t\u00f6bb sz\u00e1z gy\u00f6ny\u00f6r\u0171 murallal<\/strong> \u00e9s street art alkot\u00e1ssal festett\u00e9k be, ezzel megalkott\u00e1k a ma Djerbahood n\u00e9ven ismert nyitott gal\u00e9ri\u00e1t. Ez a hely gyorsan a sziget egyik legfotog\u00e9nebb meg\u00e1ll\u00f3j\u00e1v\u00e1 v\u00e1lt, ahol az \u0151si \u00e9p\u00edt\u00e9szet teljesen term\u00e9szetesen fon\u00f3dik \u00f6ssze a modern m\u0171v\u00e9szettel.<\/p>\n\n\n\n<figure data-wp-context=\"{&quot;imageId&quot;:&quot;6a965b709670c&quot;}\" data-wp-interactive=\"core\/image\" data-wp-key=\"6a965b709670c\" class=\"wp-block-image size-full wp-lightbox-container\"><img decoding=\"async\" width=\"2528\" height=\"1696\" data-wp-class--hide=\"state.isContentHidden\" data-wp-class--show=\"state.isContentVisible\" data-wp-init=\"callbacks.setButtonStyles\" data-wp-on--click=\"actions.showLightbox\" data-wp-on--load=\"callbacks.setButtonStyles\" data-wp-on--pointerdown=\"actions.preloadImage\" data-wp-on--pointerenter=\"actions.preloadImageWithDelay\" data-wp-on--pointerleave=\"actions.cancelPreload\" data-wp-on-window--resize=\"callbacks.setButtonStyles\" src=\"https:\/\/loudavymkrokem.cz\/wp-content\/uploads\/2026\/08\/dovolena-tunisko-djerbahood-v2.jpg\" alt=\"Falfestm\u00e9ny a Djerbahoodban, Erriadh faluban\" class=\"wp-image-402992\" title=\"\" srcset=\"https:\/\/loudavymkrokem.cz\/wp-content\/uploads\/2026\/08\/dovolena-tunisko-djerbahood-v2.jpg 2528w, https:\/\/loudavymkrokem.cz\/wp-content\/uploads\/2026\/08\/dovolena-tunisko-djerbahood-v2-300x201.jpg 300w, https:\/\/loudavymkrokem.cz\/wp-content\/uploads\/2026\/08\/dovolena-tunisko-djerbahood-v2-700x470.jpg 700w, https:\/\/loudavymkrokem.cz\/wp-content\/uploads\/2026\/08\/dovolena-tunisko-djerbahood-v2-768x515.jpg 768w, https:\/\/loudavymkrokem.cz\/wp-content\/uploads\/2026\/08\/dovolena-tunisko-djerbahood-v2-1536x1030.jpg 1536w, https:\/\/loudavymkrokem.cz\/wp-content\/uploads\/2026\/08\/dovolena-tunisko-djerbahood-v2-2048x1374.jpg 2048w, https:\/\/loudavymkrokem.cz\/wp-content\/uploads\/2026\/08\/dovolena-tunisko-djerbahood-v2-696x467.jpg 696w, https:\/\/loudavymkrokem.cz\/wp-content\/uploads\/2026\/08\/dovolena-tunisko-djerbahood-v2-1392x934.jpg 1392w, https:\/\/loudavymkrokem.cz\/wp-content\/uploads\/2026\/08\/dovolena-tunisko-djerbahood-v2-1920x1288.jpg 1920w\" sizes=\"(max-width: 2528px) 100vw, 2528px\" \/><button\n\t\t\tclass=\"lightbox-trigger\"\n\t\t\ttype=\"button\"\n\t\t\taria-haspopup=\"dialog\"\n\t\t\tdata-wp-bind--aria-label=\"state.thisImage.triggerButtonAriaLabel\"\n\t\t\tdata-wp-init=\"callbacks.initTriggerButton\"\n\t\t\tdata-wp-on--click=\"actions.showLightbox\"\n\t\t\tdata-wp-style--right=\"state.thisImage.buttonRight\"\n\t\t\tdata-wp-style--top=\"state.thisImage.buttonTop\"\n\t\t>\n\t\t\t<svg xmlns=\"http:\/\/www.w3.org\/2000\/svg\" width=\"12\" height=\"12\" fill=\"none\" viewBox=\"0 0 12 12\">\n\t\t\t\t<path fill=\"#fff\" d=\"M2 0a2 2 0 0 0-2 2v2h1.5V2a.5.5 0 0 1 .5-.5h2V0H2Zm2 10.5H2a.5.5 0 0 1-.5-.5V8H0v2a2 2 0 0 0 2 2h2v-1.5ZM8 12v-1.5h2a.5.5 0 0 0 .5-.5V8H12v2a2 2 0 0 1-2 2H8Zm2-12a2 2 0 0 1 2 2v2h-1.5V2a.5.5 0 0 0-.5-.5H8V0h2Z\" \/>\n\t\t\t<\/svg>\n\t\t<\/button><figcaption class=\"wp-element-caption\">Falfestm\u00e9ny a Djerbahoodban, Erriadh faluban<\/figcaption><\/figure>\n\n\n\n<p class=\"wp-block-paragraph\">Az utc\u00e1kon val\u00f3 s\u00e9ta kincskeres\u00e9sre eml\u00e9keztet, mert a gy\u00f6ny\u00f6r\u0171 festm\u00e9nyek gyakran eldugott \u00e1tj\u00e1r\u00f3kban vagy omladoz\u00f3 falakon rejt\u0151znek, \u00fagyhogy itt nyugodtan \u00e9rdemes elt\u00f6lteni ak\u00e1r t\u00f6bb \u00f3r\u00e1t. Mivel lak\u00f3falur\u00f3l van sz\u00f3, az utaz\u00f3k azt tan\u00e1csolj\u00e1k, viselkedj csendesen \u00e9s <strong>teljesen tiszteld a helyi lakosok mag\u00e1n\u00e9let\u00e9t<\/strong>, akiknek a turist\u00e1k sz\u00f3 szerint bekukucsk\u00e1lnak az ablak\u00e1n. Vigy\u00e9l magaddal el\u00e9g k\u00e9szp\u00e9nzt, mert a helyi kis k\u00e1v\u00e9z\u00f3kban \u00e9s szuven\u00edrboltokban nem fogadj\u00e1k el a bankk\u00e1rty\u00e1t.<\/p>\n\n\n\n<h3 id=\"16_El_Ghriba_zsinagoga\" class=\"wp-block-heading\"><span class=\"ez-toc-section\" id=\"16_El_Ghriba_zsinagoga\"><\/span>16. El Ghriba zsinag\u00f3ga<span class=\"ez-toc-section-end\"><\/span><\/h3>\n\n\n\n<p class=\"wp-block-paragraph\">Djerba otthona az eg\u00e9sz arab vil\u00e1g egyik legr\u00e9gebbi \u00e9s legjelent\u0151sebb zsid\u00f3 k\u00f6z\u00f6ss\u00e9g\u00e9nek, amelynek k\u00f6zpontja a gy\u00f6ny\u00f6r\u0171 El Ghriba zsinag\u00f3ga, nem messze Erriadh falut\u00f3l. Ennek a szent \u00e9p\u00fcletnek a belseje <strong>gazdagon d\u00edsz\u00edtett k\u00e9k csemp\u00e9vel, faragott f\u00e1val \u00e9s ez\u00fcst ornamensekkel<\/strong>, ami a f\u00e9nysugarakkal kombin\u00e1lva nagyon misztikus hangulatot teremt. A legenda szerint a zsinag\u00f3ga az alapjaiban egy k\u00f6vet rejt a jeruzs\u00e1lemi lerombolt Salamon-templomb\u00f3l, \u00e9s \u00e9vente zar\u00e1ndokok seregelnek ide a vil\u00e1g minden t\u00e1j\u00e1r\u00f3l.<\/p>\n\n\n\n<figure data-wp-context=\"{&quot;imageId&quot;:&quot;6a965b7096b53&quot;}\" data-wp-interactive=\"core\/image\" data-wp-key=\"6a965b7096b53\" class=\"wp-block-image size-full wp-lightbox-container\"><img decoding=\"async\" width=\"1500\" height=\"1027\" data-wp-class--hide=\"state.isContentHidden\" data-wp-class--show=\"state.isContentVisible\" data-wp-init=\"callbacks.setButtonStyles\" data-wp-on--click=\"actions.showLightbox\" data-wp-on--load=\"callbacks.setButtonStyles\" data-wp-on--pointerdown=\"actions.preloadImage\" data-wp-on--pointerenter=\"actions.preloadImageWithDelay\" data-wp-on--pointerleave=\"actions.cancelPreload\" data-wp-on-window--resize=\"callbacks.setButtonStyles\" src=\"https:\/\/loudavymkrokem.cz\/wp-content\/uploads\/2026\/08\/dovolena-tunisko-t16.jpg\" alt=\"El Ghriba zsinag\u00f3ga Djerb\u00e1n\" class=\"wp-image-399988\" title=\"\" srcset=\"https:\/\/loudavymkrokem.cz\/wp-content\/uploads\/2026\/08\/dovolena-tunisko-t16.jpg 1500w, https:\/\/loudavymkrokem.cz\/wp-content\/uploads\/2026\/08\/dovolena-tunisko-t16-300x205.jpg 300w, https:\/\/loudavymkrokem.cz\/wp-content\/uploads\/2026\/08\/dovolena-tunisko-t16-700x479.jpg 700w, https:\/\/loudavymkrokem.cz\/wp-content\/uploads\/2026\/08\/dovolena-tunisko-t16-768x526.jpg 768w, https:\/\/loudavymkrokem.cz\/wp-content\/uploads\/2026\/08\/dovolena-tunisko-t16-696x477.jpg 696w, https:\/\/loudavymkrokem.cz\/wp-content\/uploads\/2026\/08\/dovolena-tunisko-t16-1392x953.jpg 1392w\" sizes=\"(max-width: 1500px) 100vw, 1500px\" \/><button\n\t\t\tclass=\"lightbox-trigger\"\n\t\t\ttype=\"button\"\n\t\t\taria-haspopup=\"dialog\"\n\t\t\tdata-wp-bind--aria-label=\"state.thisImage.triggerButtonAriaLabel\"\n\t\t\tdata-wp-init=\"callbacks.initTriggerButton\"\n\t\t\tdata-wp-on--click=\"actions.showLightbox\"\n\t\t\tdata-wp-style--right=\"state.thisImage.buttonRight\"\n\t\t\tdata-wp-style--top=\"state.thisImage.buttonTop\"\n\t\t>\n\t\t\t<svg xmlns=\"http:\/\/www.w3.org\/2000\/svg\" width=\"12\" height=\"12\" fill=\"none\" viewBox=\"0 0 12 12\">\n\t\t\t\t<path fill=\"#fff\" d=\"M2 0a2 2 0 0 0-2 2v2h1.5V2a.5.5 0 0 1 .5-.5h2V0H2Zm2 10.5H2a.5.5 0 0 1-.5-.5V8H0v2a2 2 0 0 0 2 2h2v-1.5ZM8 12v-1.5h2a.5.5 0 0 0 .5-.5V8H12v2a2 2 0 0 1-2 2H8Zm2-12a2 2 0 0 1 2 2v2h-1.5V2a.5.5 0 0 0-.5-.5H8V0h2Z\" \/>\n\t\t\t<\/svg>\n\t\t<\/button><figcaption class=\"wp-element-caption\">El Ghriba zsinag\u00f3ga Djerb\u00e1n (Fot\u00f3: IssamBarhoumi \/ Wikimedia Commons, CC BY-SA 4.0)<\/figcaption><\/figure>\n\n\n\n<p class=\"wp-block-paragraph\">A t\u00f6rt\u00e9nelmi jelent\u0151s\u00e9g \u00e9s a biztons\u00e1gi helyzet miatt a ter\u00fcletre val\u00f3 bel\u00e9p\u00e9skor alapos biztons\u00e1gi ellen\u0151rz\u00e9sekre kell sz\u00e1m\u00edtanod, amelyek a rept\u00e9rire eml\u00e9keztetnek. A zsinag\u00f3g\u00e1n bel\u00fcl szigor\u00fa \u00f6lt\u00f6zk\u00f6d\u00e9si szab\u00e1lyok \u00e9rv\u00e9nyesek, \u00fagyhogy <strong>a f\u00e9rfiaknak \u00e9s a n\u0151knek is felt\u00e9tlen\u00fcl el kell takarniuk a fej\u00fcket<\/strong>, \u00e9s hossz\u00fa nadr\u00e1got vagy szokny\u00e1t kell viselni\u00fck. Ha nincs n\u00e1lad megfelel\u0151 kend\u0151, a bej\u00e1ratn\u00e1l a szem\u00e9lyzet sz\u00edvesen k\u00f6lcs\u00f6n\u00f6z neked a sz\u00fcks\u00e9ges kell\u00e9keket, hogy gond n\u00e9lk\u00fcl megn\u00e9zhesd ezt az \u00e9p\u00edt\u00e9szeti gy\u00f6ngyszemet.<\/p>\n\n\n\n<h3 id=\"17_Guellala_es_a_fazekas_hagyomany\" class=\"wp-block-heading\"><span class=\"ez-toc-section\" id=\"17_Guellala_es_a_fazekashagyomany\"><\/span>17. Guellala \u00e9s a fazekashagyom\u00e1ny<span class=\"ez-toc-section-end\"><\/span><\/h3>\n\n\n\n<p class=\"wp-block-paragraph\">A sziget d\u00e9li partj\u00e1n fekszik a csendes Guellala falu, amely az \u00f3kor \u00f3ta h\u00edres a kiv\u00e1l\u00f3 fazekasterm\u00e9keir\u0151l. A helyi mesterek j\u00f3 min\u0151s\u00e9g\u0171 agyagot b\u00e1ny\u00e1sznak a k\u00f6zeli f\u00f6ld alatti telepekr\u0151l, \u00e9s tucatnyi kis m\u0171helyben <strong>hagyom\u00e1nyos korongon amfor\u00e1kat, t\u00e1lakat \u00e9s kors\u00f3kat k\u00e9sz\u00edtenek<\/strong>, amelyeket azt\u00e1n \u00f3ri\u00e1si agyagkemenc\u00e9kben \u00e9getnek ki. Maguk a m\u0171helyek mellett, ahov\u00e1 a fazekasok sz\u00edvesen megh\u00edvnak a munk\u00e1juk bemutat\u00e1s\u00e1ra, egy \u00e9rdekes m\u00fazeumot is tal\u00e1lsz, amely a djerbai hagyom\u00e1nyoknak, esk\u00fcv\u0151knek \u00e9s folkl\u00f3rnak van szentelve.<\/p>\n\n\n\n<figure data-wp-context=\"{&quot;imageId&quot;:&quot;6a965b7096f8b&quot;}\" data-wp-interactive=\"core\/image\" data-wp-key=\"6a965b7096f8b\" class=\"wp-block-image size-full wp-lightbox-container\"><img decoding=\"async\" width=\"2528\" height=\"1696\" data-wp-class--hide=\"state.isContentHidden\" data-wp-class--show=\"state.isContentVisible\" data-wp-init=\"callbacks.setButtonStyles\" data-wp-on--click=\"actions.showLightbox\" data-wp-on--load=\"callbacks.setButtonStyles\" data-wp-on--pointerdown=\"actions.preloadImage\" data-wp-on--pointerenter=\"actions.preloadImageWithDelay\" data-wp-on--pointerleave=\"actions.cancelPreload\" data-wp-on-window--resize=\"callbacks.setButtonStyles\" src=\"https:\/\/loudavymkrokem.cz\/wp-content\/uploads\/2026\/08\/dovolena-tunisko-guellala-v2.jpg\" alt=\"Agyaged\u00e9nyek a guellalai fazekasfaluban\" class=\"wp-image-402996\" title=\"\" srcset=\"https:\/\/loudavymkrokem.cz\/wp-content\/uploads\/2026\/08\/dovolena-tunisko-guellala-v2.jpg 2528w, https:\/\/loudavymkrokem.cz\/wp-content\/uploads\/2026\/08\/dovolena-tunisko-guellala-v2-300x201.jpg 300w, https:\/\/loudavymkrokem.cz\/wp-content\/uploads\/2026\/08\/dovolena-tunisko-guellala-v2-700x470.jpg 700w, https:\/\/loudavymkrokem.cz\/wp-content\/uploads\/2026\/08\/dovolena-tunisko-guellala-v2-768x515.jpg 768w, https:\/\/loudavymkrokem.cz\/wp-content\/uploads\/2026\/08\/dovolena-tunisko-guellala-v2-1536x1030.jpg 1536w, https:\/\/loudavymkrokem.cz\/wp-content\/uploads\/2026\/08\/dovolena-tunisko-guellala-v2-2048x1374.jpg 2048w, https:\/\/loudavymkrokem.cz\/wp-content\/uploads\/2026\/08\/dovolena-tunisko-guellala-v2-696x467.jpg 696w, https:\/\/loudavymkrokem.cz\/wp-content\/uploads\/2026\/08\/dovolena-tunisko-guellala-v2-1392x934.jpg 1392w, https:\/\/loudavymkrokem.cz\/wp-content\/uploads\/2026\/08\/dovolena-tunisko-guellala-v2-1920x1288.jpg 1920w\" sizes=\"(max-width: 2528px) 100vw, 2528px\" \/><button\n\t\t\tclass=\"lightbox-trigger\"\n\t\t\ttype=\"button\"\n\t\t\taria-haspopup=\"dialog\"\n\t\t\tdata-wp-bind--aria-label=\"state.thisImage.triggerButtonAriaLabel\"\n\t\t\tdata-wp-init=\"callbacks.initTriggerButton\"\n\t\t\tdata-wp-on--click=\"actions.showLightbox\"\n\t\t\tdata-wp-style--right=\"state.thisImage.buttonRight\"\n\t\t\tdata-wp-style--top=\"state.thisImage.buttonTop\"\n\t\t>\n\t\t\t<svg xmlns=\"http:\/\/www.w3.org\/2000\/svg\" width=\"12\" height=\"12\" fill=\"none\" viewBox=\"0 0 12 12\">\n\t\t\t\t<path fill=\"#fff\" d=\"M2 0a2 2 0 0 0-2 2v2h1.5V2a.5.5 0 0 1 .5-.5h2V0H2Zm2 10.5H2a.5.5 0 0 1-.5-.5V8H0v2a2 2 0 0 0 2 2h2v-1.5ZM8 12v-1.5h2a.5.5 0 0 0 .5-.5V8H12v2a2 2 0 0 1-2 2H8Zm2-12a2 2 0 0 1 2 2v2h-1.5V2a.5.5 0 0 0-.5-.5H8V0h2Z\" \/>\n\t\t\t<\/svg>\n\t\t<\/button><figcaption class=\"wp-element-caption\">Agyaged\u00e9nyek a guellalai fazekasfaluban<\/figcaption><\/figure>\n\n\n\n<p class=\"wp-block-paragraph\">Ha t\u00f6r\u00e9keny ker\u00e1mia szuven\u00edreket tervezel hazavinni Guellal\u00e1b\u00f3l, csomagoltasd be \u0151ket gondosan a keresked\u0151kkel t\u00f6bb r\u00e9teg \u00fajs\u00e1gpap\u00edrba, hogy t\u00fal\u00e9lj\u00e9k a rep\u00fcl\u0151utat. A k\u00e9zm\u0171ves term\u00e9kek v\u00e1s\u00e1rl\u00e1s\u00e1n\u00e1l ism\u00e9t felh\u00edvom a figyelmed, hogy <strong>a tun\u00e9ziai d\u00edn\u00e1rt nem szabad leg\u00e1lisan kivinni az orsz\u00e1gb\u00f3l<\/strong>, \u00fagyhogy csak annyi k\u00e9szp\u00e9nzt v\u00e1lts, amennyit t\u00e9nyleg el akarsz k\u00f6lteni aj\u00e1nd\u00e9kokra \u00e9s friss\u00edt\u0151kre. Az \u00e1ralku itt teljesen term\u00e9szetes, de ink\u00e1bb bar\u00e1ti szellemben zajlik egy poh\u00e1rka \u00e9des mentatea mellett.<\/p>\n\n\n\n<h3 id=\"18_Flamingo_Island_es_a_laguna\" class=\"wp-block-heading\"><span class=\"ez-toc-section\" id=\"18_Flamingo_Island_es_a_laguna\"><\/span>18. Flamingo Island \u00e9s a laguna<span class=\"ez-toc-section-end\"><\/span><\/h3>\n\n\n\n<p class=\"wp-block-paragraph\">A Ras Rmel-f\u00e9lsziget, amit a helyiek nem h\u00edvnak m\u00e1sk\u00e9pp, csak Flaming\u00f3-szigetnek, gy\u00f6ny\u00f6r\u0171 \u00e9rintetlen term\u00e9szet darabja Djerba \u00e9szaki r\u00e9sz\u00e9n, ahov\u00e1 kir\u00e1ndul\u00f3haj\u00f3val jutsz el a Houmt Souk-i kik\u00f6t\u0151b\u0151l. Egy kiterjedt, sek\u00e9ly lagun\u00e1t tal\u00e1lsz itt krist\u00e1lytiszta v\u00edzzel, amely <strong>a t\u00e9li \u00e9s tavaszi h\u00f3napokban a r\u00f3zsasz\u00edn flaming\u00f3k \u00f3ri\u00e1si csapatainak kedvelt meg\u00e1ll\u00f3ja<\/strong> a vonul\u00e1si \u00fatvonalukon. Ny\u00e1ron a madarak ugyan elrep\u00fclnek, de a hely t\u00f6k\u00e9letes c\u00e9lpontt\u00e1 alakul \u00fasz\u00e1shoz \u00e9s lust\u00e1lkod\u00e1shoz a finom homok\u00fa, nagy hotelkomplexumokt\u00f3l mentes strandokon.<\/p>\n\n\n\n<figure data-wp-context=\"{&quot;imageId&quot;:&quot;6a965b7097425&quot;}\" data-wp-interactive=\"core\/image\" data-wp-key=\"6a965b7097425\" class=\"wp-block-image size-full wp-lightbox-container\"><img decoding=\"async\" width=\"1500\" height=\"999\" data-wp-class--hide=\"state.isContentHidden\" data-wp-class--show=\"state.isContentVisible\" data-wp-init=\"callbacks.setButtonStyles\" data-wp-on--click=\"actions.showLightbox\" data-wp-on--load=\"callbacks.setButtonStyles\" data-wp-on--pointerdown=\"actions.preloadImage\" data-wp-on--pointerenter=\"actions.preloadImageWithDelay\" data-wp-on--pointerleave=\"actions.cancelPreload\" data-wp-on-window--resize=\"callbacks.setButtonStyles\" src=\"https:\/\/loudavymkrokem.cz\/wp-content\/uploads\/2026\/08\/dovolena-tunisko-t18.jpg\" alt=\"Flaming\u00f3k a djerbai lagun\u00e1ban\" class=\"wp-image-399991\" title=\"\" srcset=\"https:\/\/loudavymkrokem.cz\/wp-content\/uploads\/2026\/08\/dovolena-tunisko-t18.jpg 1500w, https:\/\/loudavymkrokem.cz\/wp-content\/uploads\/2026\/08\/dovolena-tunisko-t18-300x200.jpg 300w, https:\/\/loudavymkrokem.cz\/wp-content\/uploads\/2026\/08\/dovolena-tunisko-t18-700x466.jpg 700w, https:\/\/loudavymkrokem.cz\/wp-content\/uploads\/2026\/08\/dovolena-tunisko-t18-768x511.jpg 768w, https:\/\/loudavymkrokem.cz\/wp-content\/uploads\/2026\/08\/dovolena-tunisko-t18-696x464.jpg 696w, https:\/\/loudavymkrokem.cz\/wp-content\/uploads\/2026\/08\/dovolena-tunisko-t18-1392x927.jpg 1392w\" sizes=\"(max-width: 1500px) 100vw, 1500px\" \/><button\n\t\t\tclass=\"lightbox-trigger\"\n\t\t\ttype=\"button\"\n\t\t\taria-haspopup=\"dialog\"\n\t\t\tdata-wp-bind--aria-label=\"state.thisImage.triggerButtonAriaLabel\"\n\t\t\tdata-wp-init=\"callbacks.initTriggerButton\"\n\t\t\tdata-wp-on--click=\"actions.showLightbox\"\n\t\t\tdata-wp-style--right=\"state.thisImage.buttonRight\"\n\t\t\tdata-wp-style--top=\"state.thisImage.buttonTop\"\n\t\t>\n\t\t\t<svg xmlns=\"http:\/\/www.w3.org\/2000\/svg\" width=\"12\" height=\"12\" fill=\"none\" viewBox=\"0 0 12 12\">\n\t\t\t\t<path fill=\"#fff\" d=\"M2 0a2 2 0 0 0-2 2v2h1.5V2a.5.5 0 0 1 .5-.5h2V0H2Zm2 10.5H2a.5.5 0 0 1-.5-.5V8H0v2a2 2 0 0 0 2 2h2v-1.5ZM8 12v-1.5h2a.5.5 0 0 0 .5-.5V8H12v2a2 2 0 0 1-2 2H8Zm2-12a2 2 0 0 1 2 2v2h-1.5V2a.5.5 0 0 0-.5-.5H8V0h2Z\" \/>\n\t\t\t<\/svg>\n\t\t<\/button><figcaption class=\"wp-element-caption\">Flaming\u00f3k a djerbai lagun\u00e1ban (Fot\u00f3: El Golli Mohamed \/ Wikimedia Commons, CC BY-SA 4.0)<\/figcaption><\/figure>\n\n\n\n<p class=\"wp-block-paragraph\">A lagun\u00e1hoz tett kir\u00e1ndul\u00e1sokat tucatnyi \u00fcgyn\u00f6ks\u00e9g \u00e9s maguk a kal\u00f3zhaj\u00f3-kapit\u00e1nyok is \u00e1rulj\u00e1k k\u00f6zvetlen\u00fcl a kik\u00f6t\u0151ben, az \u00e1r pedig \u00e1ltal\u00e1ban mag\u00e1ban foglalja a haj\u00f3z\u00e1st, a f\u00fcrd\u0151z\u00e9st \u00e9s egy egyszer\u0171 eb\u00e9det a strandon. Ezeknek a kir\u00e1ndul\u00e1soknak az \u00e1ra nem fix, \u00fagyhogy <strong>ne f\u00e9lj a haj\u00f3kn\u00e1l l\u00e9v\u0151 csalogat\u00f3kkal egy kicsit jobb felt\u00e9telek\u00e9rt alkudni<\/strong>, f\u0151leg ha nagyobb csoportban utazol. Ne felejts el bepakolni magas faktor\u00fa naptejet \u00e9s kalapot, mert a laguna hossz\u00fa homokpadjain gyakorlatilag nincs hov\u00e1 elb\u00fajni az \u00e9les nap el\u0151l.<\/p>\n\n\n\n<h3 id=\"19_Douz_a_Szahara_kapuja\" class=\"wp-block-heading\"><span class=\"ez-toc-section\" id=\"19_Douz_a_Szahara_kapuja\"><\/span>19. Douz: a Szahara kapuja<span class=\"ez-toc-section-end\"><\/span><\/h3>\n\n\n\n<p class=\"wp-block-paragraph\">Douz v\u00e1roska a civiliz\u00e1ci\u00f3 sz\u00e9l\u00e9n fekszik, \u00e9s jogosan \u00e9rdemelte ki a Szahara kapuja becenevet, mert r\u00f6gt\u00f6n a kapui m\u00f6g\u00f6tt kezd\u0151dnek a Nagy Keleti Erg v\u00e9gtelen d\u0171n\u00e9i. A turist\u00e1k az igazi sivatagi kaland\u00e9rt \u00e9rkeznek ide, amely mag\u00e1ban foglalja a <strong>tevegel\u00e9st naplementekor, a terepj\u00e1r\u00f3 d\u0171nebuggykkal val\u00f3 sz\u00e1guld\u00e1st<\/strong>, \u00e9s mindenekel\u0151tt a var\u00e1zslatos \u00e9jszak\u00e1z\u00e1st egy hagyom\u00e1nyos berber t\u00e1borban a csillagos \u00e9g alatt. Minden decemberben r\u00e1ad\u00e1sul itt tartj\u00e1k a h\u00edres nemzetk\u00f6zi Szahara-fesztiv\u00e1lt, ahol a beduinok bemutatj\u00e1k a lovas tud\u00e1sukat.<\/p>\n\n\n\n<figure data-wp-context=\"{&quot;imageId&quot;:&quot;6a965b7097902&quot;}\" data-wp-interactive=\"core\/image\" data-wp-key=\"6a965b7097902\" class=\"wp-block-image size-full wp-lightbox-container\"><img decoding=\"async\" width=\"1500\" height=\"996\" data-wp-class--hide=\"state.isContentHidden\" data-wp-class--show=\"state.isContentVisible\" data-wp-init=\"callbacks.setButtonStyles\" data-wp-on--click=\"actions.showLightbox\" data-wp-on--load=\"callbacks.setButtonStyles\" data-wp-on--pointerdown=\"actions.preloadImage\" data-wp-on--pointerenter=\"actions.preloadImageWithDelay\" data-wp-on--pointerleave=\"actions.cancelPreload\" data-wp-on-window--resize=\"callbacks.setButtonStyles\" src=\"https:\/\/loudavymkrokem.cz\/wp-content\/uploads\/2026\/08\/dovolena-tunisko-t19.jpg\" alt=\"A Szahara d\u0171n\u00e9i Douz mellett\" class=\"wp-image-399994\" title=\"\" srcset=\"https:\/\/loudavymkrokem.cz\/wp-content\/uploads\/2026\/08\/dovolena-tunisko-t19.jpg 1500w, https:\/\/loudavymkrokem.cz\/wp-content\/uploads\/2026\/08\/dovolena-tunisko-t19-300x199.jpg 300w, https:\/\/loudavymkrokem.cz\/wp-content\/uploads\/2026\/08\/dovolena-tunisko-t19-700x465.jpg 700w, https:\/\/loudavymkrokem.cz\/wp-content\/uploads\/2026\/08\/dovolena-tunisko-t19-768x510.jpg 768w, https:\/\/loudavymkrokem.cz\/wp-content\/uploads\/2026\/08\/dovolena-tunisko-t19-696x462.jpg 696w, https:\/\/loudavymkrokem.cz\/wp-content\/uploads\/2026\/08\/dovolena-tunisko-t19-1392x924.jpg 1392w\" sizes=\"(max-width: 1500px) 100vw, 1500px\" \/><button\n\t\t\tclass=\"lightbox-trigger\"\n\t\t\ttype=\"button\"\n\t\t\taria-haspopup=\"dialog\"\n\t\t\tdata-wp-bind--aria-label=\"state.thisImage.triggerButtonAriaLabel\"\n\t\t\tdata-wp-init=\"callbacks.initTriggerButton\"\n\t\t\tdata-wp-on--click=\"actions.showLightbox\"\n\t\t\tdata-wp-style--right=\"state.thisImage.buttonRight\"\n\t\t\tdata-wp-style--top=\"state.thisImage.buttonTop\"\n\t\t>\n\t\t\t<svg xmlns=\"http:\/\/www.w3.org\/2000\/svg\" width=\"12\" height=\"12\" fill=\"none\" viewBox=\"0 0 12 12\">\n\t\t\t\t<path fill=\"#fff\" d=\"M2 0a2 2 0 0 0-2 2v2h1.5V2a.5.5 0 0 1 .5-.5h2V0H2Zm2 10.5H2a.5.5 0 0 1-.5-.5V8H0v2a2 2 0 0 0 2 2h2v-1.5ZM8 12v-1.5h2a.5.5 0 0 0 .5-.5V8H12v2a2 2 0 0 1-2 2H8Zm2-12a2 2 0 0 1 2 2v2h-1.5V2a.5.5 0 0 0-.5-.5H8V0h2Z\" \/>\n\t\t\t<\/svg>\n\t\t<\/button><figcaption class=\"wp-element-caption\">A Szahara d\u0171n\u00e9i Douz mellett (Fot\u00f3: Dennis G. Jarvis \/ Wikimedia Commons, CC BY-SA 2.0)<\/figcaption><\/figure>\n\n\n\n<p class=\"wp-block-paragraph\">A sivatagba tett kir\u00e1ndul\u00e1s tervez\u00e9sekor ne becs\u00fcld le a csomagol\u00e1st, mert b\u00e1r napk\u00f6zben a h\u0151m\u00e9rs\u00e9klet sz\u00e9d\u00edt\u0151 magass\u00e1gokba k\u00faszik, <strong>naplemente ut\u00e1n a homokd\u0171n\u00e9kben a h\u0151m\u00e9rs\u00e9klet drasztikusan lezuhan<\/strong>, \u00e9s az \u00e9jszak\u00e1k nagyon hidegek. Douzba a tengerparti \u00fcd\u00fcl\u0151helyekr\u0151l busszal vagy megosztott louage kisbuszokkal jutsz el, de a legt\u00f6bb utaz\u00f3 a szervezett k\u00e9tnapos kir\u00e1ndul\u00e1sokat r\u00e9szes\u00edti el\u0151nyben, amelyek minden logisztik\u00e1t \u00e9s sivatagi sz\u00e1ll\u00e1st megoldanak helyetted.<\/p>\n\n\n\n<h3 id=\"20_Tozeur_Chebika_es_a_hegyi_oazisok\" class=\"wp-block-heading\"><span class=\"ez-toc-section\" id=\"20_Tozeur_Chebika_es_a_hegyi_oazisok\"><\/span>20. Tozeur, Chebika \u00e9s a hegyi o\u00e1zisok<span class=\"ez-toc-section-end\"><\/span><\/h3>\n\n\n\n<p class=\"wp-block-paragraph\">A Tozeur v\u00e1ros k\u00f6r\u00fcli ter\u00fclet leny\u0171g\u00f6z\u0151 vil\u00e1g, ahol a kisz\u00e1radt, k\u00f6ves sivatagb\u00f3l hirtelen \u00f3ri\u00e1si z\u00f6ld p\u00e1lmaligetek n\u0151nek ki, amelyeket f\u00f6ld alatti forr\u00e1sok t\u00e1pl\u00e1lnak. A r\u00e9gi\u00f3 legnagyobb \u00e9kszerei a k\u00f6zeli Chebika, Tamerza \u00e9s Mides hegyi o\u00e1zisai, amelyek m\u00e9ly kanyonok \u00e1rny\u00e9k\u00e1ban h\u00faz\u00f3dnak meg, \u00e9s <strong>ahol t\u00f6bbek k\u00f6z\u00f6tt Az angol beteg h\u00edres jeleneteit forgatt\u00e1k<\/strong>. Ezekben a dr\u00e1mai szurdokokban kis v\u00edzes\u00e9sekkel \u00e9s tavacsk\u00e1kkal olyan \u00e9rz\u00e9sed lesz, mintha egy teljesen m\u00e1s bolyg\u00f3ra ker\u00fclt\u00e9l volna, ami az utaz\u00f3k szerint Tun\u00e9zia egyik legnagyobb \u00e9lm\u00e9nye.<\/p>\n\n\n\n<figure data-wp-context=\"{&quot;imageId&quot;:&quot;6a965b7097e64&quot;}\" data-wp-interactive=\"core\/image\" data-wp-key=\"6a965b7097e64\" class=\"wp-block-image size-full wp-lightbox-container\"><img decoding=\"async\" width=\"2528\" height=\"1696\" data-wp-class--hide=\"state.isContentHidden\" data-wp-class--show=\"state.isContentVisible\" data-wp-init=\"callbacks.setButtonStyles\" data-wp-on--click=\"actions.showLightbox\" data-wp-on--load=\"callbacks.setButtonStyles\" data-wp-on--pointerdown=\"actions.preloadImage\" data-wp-on--pointerenter=\"actions.preloadImageWithDelay\" data-wp-on--pointerleave=\"actions.cancelPreload\" data-wp-on-window--resize=\"callbacks.setButtonStyles\" src=\"https:\/\/loudavymkrokem.cz\/wp-content\/uploads\/2026\/08\/dovolena-tunisko-chebika-v2.jpg\" alt=\"A chebikai hegyi o\u00e1zis tavacsk\u00e1val \u00e9s p\u00e1lm\u00e1kkal\" class=\"wp-image-402999\" title=\"\" srcset=\"https:\/\/loudavymkrokem.cz\/wp-content\/uploads\/2026\/08\/dovolena-tunisko-chebika-v2.jpg 2528w, https:\/\/loudavymkrokem.cz\/wp-content\/uploads\/2026\/08\/dovolena-tunisko-chebika-v2-300x201.jpg 300w, https:\/\/loudavymkrokem.cz\/wp-content\/uploads\/2026\/08\/dovolena-tunisko-chebika-v2-700x470.jpg 700w, https:\/\/loudavymkrokem.cz\/wp-content\/uploads\/2026\/08\/dovolena-tunisko-chebika-v2-768x515.jpg 768w, https:\/\/loudavymkrokem.cz\/wp-content\/uploads\/2026\/08\/dovolena-tunisko-chebika-v2-1536x1030.jpg 1536w, https:\/\/loudavymkrokem.cz\/wp-content\/uploads\/2026\/08\/dovolena-tunisko-chebika-v2-2048x1374.jpg 2048w, https:\/\/loudavymkrokem.cz\/wp-content\/uploads\/2026\/08\/dovolena-tunisko-chebika-v2-696x467.jpg 696w, https:\/\/loudavymkrokem.cz\/wp-content\/uploads\/2026\/08\/dovolena-tunisko-chebika-v2-1392x934.jpg 1392w, https:\/\/loudavymkrokem.cz\/wp-content\/uploads\/2026\/08\/dovolena-tunisko-chebika-v2-1920x1288.jpg 1920w\" sizes=\"(max-width: 2528px) 100vw, 2528px\" \/><button\n\t\t\tclass=\"lightbox-trigger\"\n\t\t\ttype=\"button\"\n\t\t\taria-haspopup=\"dialog\"\n\t\t\tdata-wp-bind--aria-label=\"state.thisImage.triggerButtonAriaLabel\"\n\t\t\tdata-wp-init=\"callbacks.initTriggerButton\"\n\t\t\tdata-wp-on--click=\"actions.showLightbox\"\n\t\t\tdata-wp-style--right=\"state.thisImage.buttonRight\"\n\t\t\tdata-wp-style--top=\"state.thisImage.buttonTop\"\n\t\t>\n\t\t\t<svg xmlns=\"http:\/\/www.w3.org\/2000\/svg\" width=\"12\" height=\"12\" fill=\"none\" viewBox=\"0 0 12 12\">\n\t\t\t\t<path fill=\"#fff\" d=\"M2 0a2 2 0 0 0-2 2v2h1.5V2a.5.5 0 0 1 .5-.5h2V0H2Zm2 10.5H2a.5.5 0 0 1-.5-.5V8H0v2a2 2 0 0 0 2 2h2v-1.5ZM8 12v-1.5h2a.5.5 0 0 0 .5-.5V8H12v2a2 2 0 0 1-2 2H8Zm2-12a2 2 0 0 1 2 2v2h-1.5V2a.5.5 0 0 0-.5-.5H8V0h2Z\" \/>\n\t\t\t<\/svg>\n\t\t<\/button><figcaption class=\"wp-element-caption\">A chebikai hegyi o\u00e1zis tavacsk\u00e1val \u00e9s p\u00e1lm\u00e1kkal<\/figcaption><\/figure>\n\n\n\n<p class=\"wp-block-paragraph\">A megosztott louage kisbuszok csak a f\u0151 v\u00e1rosokba, mint Tozeur, visznek el, de k\u00f6zvetlen\u00fcl a hegyi o\u00e1zisokhoz nem j\u00e1r rendszeres t\u00f6megk\u00f6zleked\u00e9s. Ezeknek a f\u00e9lrees\u0151 kanyonoknak a felfedez\u00e9s\u00e9hez <strong>terepj\u00e1r\u00f3t kell b\u00e9relned helyi sof\u0151rrel<\/strong>, aki fejb\u0151l ismeri a poros utakat \u00e9s biztons\u00e1gosan \u00e1tvezet a nehezebb terepszakaszokon is. Tozeurb\u00f3l a dzsipek minden nap kora reggel indulnak, ami ide\u00e1lis id\u0151 az o\u00e1zisok bej\u00e1r\u00e1s\u00e1hoz, miel\u0151tt a nap beles\u00fct a felforr\u00f3sodott sziklafalakba.<\/p>\n\n\n\n<h3 id=\"21_Star_Wars_filmes_helyszinek_Matmata_es_Ong_Jemel\" class=\"wp-block-heading\"><span class=\"ez-toc-section\" id=\"21_Star_Wars_filmes_helyszinek_Matmata_es_Ong_Jemel\"><\/span>21. Star Wars filmes helysz\u00ednek: Matmata \u00e9s Ong Jemel<span class=\"ez-toc-section-end\"><\/span><\/h3>\n\n\n\n<p class=\"wp-block-paragraph\">A tun\u00e9ziai sivatag sz\u00f3 szerint szent hely a Star Wars \u0171rsz\u00e1ga minden rajong\u00f3j\u00e1nak, mert George Lucas rendez\u0151 az itteni f\u00f6ld\u00f6nt\u00fali t\u00e1jat v\u00e1lasztotta a Tatooine bolyg\u00f3nak. A matmatai berber faluban megl\u00e1togathatod az <strong>egyed\u00fcl\u00e1ll\u00f3, a f\u00f6ldbe v\u00e1jt f\u00f6ld alatti lak\u00e1sokat<\/strong>, amelyek k\u00f6z\u00fcl az egyik Luke Skywalker ikonikus otthonak\u00e9nt szolg\u00e1lt. A Nefta v\u00e1ros k\u00f6zel\u00e9ben, a d\u0171n\u00e9k k\u00f6zep\u00e9n l\u00e9v\u0151 Ong Jemel helysz\u00ednen pedig a mai napig \u00e1ll Mos Espa v\u00e1ros komplett homokd\u00edszlete, amelyet a filmesek a forgat\u00e1s ut\u00e1n egyszer\u0171en a sors\u00e1ra hagytak.<\/p>\n\n\n\n<figure data-wp-context=\"{&quot;imageId&quot;:&quot;6a965b709833a&quot;}\" data-wp-interactive=\"core\/image\" data-wp-key=\"6a965b709833a\" class=\"wp-block-image size-full wp-lightbox-container\"><img decoding=\"async\" width=\"1500\" height=\"1122\" data-wp-class--hide=\"state.isContentHidden\" data-wp-class--show=\"state.isContentVisible\" data-wp-init=\"callbacks.setButtonStyles\" data-wp-on--click=\"actions.showLightbox\" data-wp-on--load=\"callbacks.setButtonStyles\" data-wp-on--pointerdown=\"actions.preloadImage\" data-wp-on--pointerenter=\"actions.preloadImageWithDelay\" data-wp-on--pointerleave=\"actions.cancelPreload\" data-wp-on-window--resize=\"callbacks.setButtonStyles\" src=\"https:\/\/loudavymkrokem.cz\/wp-content\/uploads\/2026\/08\/dovolena-tunisko-t21.jpg\" alt=\"F\u00f6ld alatti berber lak\u00e1s Matmat\u00e1ban\" class=\"wp-image-399998\" title=\"\" srcset=\"https:\/\/loudavymkrokem.cz\/wp-content\/uploads\/2026\/08\/dovolena-tunisko-t21.jpg 1500w, https:\/\/loudavymkrokem.cz\/wp-content\/uploads\/2026\/08\/dovolena-tunisko-t21-300x224.jpg 300w, https:\/\/loudavymkrokem.cz\/wp-content\/uploads\/2026\/08\/dovolena-tunisko-t21-700x524.jpg 700w, https:\/\/loudavymkrokem.cz\/wp-content\/uploads\/2026\/08\/dovolena-tunisko-t21-768x574.jpg 768w, https:\/\/loudavymkrokem.cz\/wp-content\/uploads\/2026\/08\/dovolena-tunisko-t21-80x60.jpg 80w, https:\/\/loudavymkrokem.cz\/wp-content\/uploads\/2026\/08\/dovolena-tunisko-t21-160x120.jpg 160w, https:\/\/loudavymkrokem.cz\/wp-content\/uploads\/2026\/08\/dovolena-tunisko-t21-696x521.jpg 696w, https:\/\/loudavymkrokem.cz\/wp-content\/uploads\/2026\/08\/dovolena-tunisko-t21-1392x1041.jpg 1392w\" sizes=\"(max-width: 1500px) 100vw, 1500px\" \/><button\n\t\t\tclass=\"lightbox-trigger\"\n\t\t\ttype=\"button\"\n\t\t\taria-haspopup=\"dialog\"\n\t\t\tdata-wp-bind--aria-label=\"state.thisImage.triggerButtonAriaLabel\"\n\t\t\tdata-wp-init=\"callbacks.initTriggerButton\"\n\t\t\tdata-wp-on--click=\"actions.showLightbox\"\n\t\t\tdata-wp-style--right=\"state.thisImage.buttonRight\"\n\t\t\tdata-wp-style--top=\"state.thisImage.buttonTop\"\n\t\t>\n\t\t\t<svg xmlns=\"http:\/\/www.w3.org\/2000\/svg\" width=\"12\" height=\"12\" fill=\"none\" viewBox=\"0 0 12 12\">\n\t\t\t\t<path fill=\"#fff\" d=\"M2 0a2 2 0 0 0-2 2v2h1.5V2a.5.5 0 0 1 .5-.5h2V0H2Zm2 10.5H2a.5.5 0 0 1-.5-.5V8H0v2a2 2 0 0 0 2 2h2v-1.5ZM8 12v-1.5h2a.5.5 0 0 0 .5-.5V8H12v2a2 2 0 0 1-2 2H8Zm2-12a2 2 0 0 1 2 2v2h-1.5V2a.5.5 0 0 0-.5-.5H8V0h2Z\" \/>\n\t\t\t<\/svg>\n\t\t<\/button><figcaption class=\"wp-element-caption\">F\u00f6ld alatti berber lak\u00e1s Matmat\u00e1ban (Fot\u00f3: Bernard Gagnon \/ Wikimedia Commons, CC BY-SA 3.0)<\/figcaption><\/figure>\n\n\n\n<p class=\"wp-block-paragraph\">Amikor a sivatag k\u00f6zep\u00e9n l\u00e9v\u0151 filmd\u00edszletekhez \u00e9rsz, mindenk\u00e9pp sz\u00e1m\u00edts arra, hogy k\u00f6r\u00fcl\u00f6tt\u00fck folyamatosan ott mozog egy csapatnyi helyi szuven\u00edr\u00e1rus \u00e9s sivatagi r\u00f3ka- vagy s\u00f3lyomtulajdonos. Ezek az emberek k\u00e9rdez\u00e9s n\u00e9lk\u00fcl a v\u00e1lladra teszik az \u00e1llatokat, majd <strong>a fot\u00f3z\u00e1s\u00e9rt nagyon agressz\u00edven p\u00e9nzt k\u00f6vetelnek<\/strong>, \u00fagyhogy ha nem v\u00e1gysz ilyen \u00e9lm\u00e9nyre, l\u00e9gy hat\u00e1rozottan elutas\u00edt\u00f3 r\u00f6gt\u00f6n az elej\u00e9t\u0151l. A d\u00edszletekhez val\u00f3 hozz\u00e1f\u00e9r\u00e9s egy\u00e9bk\u00e9nt teljesen ingyenes, \u00e9s a legjobban a l\u00e1gy d\u00e9lut\u00e1ni napf\u00e9nyben n\u00e9znek ki, amikor a hossz\u00fa \u00e1rny\u00e9kok kirajzolj\u00e1k a form\u00e1ikat.<\/p>\n\n\n\n<h3 id=\"22_Chott_el_Djerid_orias_sostavo\" class=\"wp-block-heading\"><span class=\"ez-toc-section\" id=\"22_Chott_el_Djerid_orias_sosto\"><\/span>22. Chott el Djerid: \u00f3ri\u00e1s s\u00f3st\u00f3<span class=\"ez-toc-section-end\"><\/span><\/h3>\n\n\n\n<p class=\"wp-block-paragraph\">A Douz \u00e9s Tozeur sivatagi v\u00e1rosok k\u00f6z\u00f6tt ter\u00fcl el a Chott el Djerid, a Szahara legnagyobb s\u00f3medenc\u00e9je, amely ny\u00e1ron v\u00e9gtelen, a napon csillog\u00f3 feh\u00e9r k\u00e9regg\u00e9 sz\u00e1rad. Egy aszfalt\u00fat vezet egyenesen kereszt\u00fcl ezen az \u00f3ri\u00e1si tavon, \u00e9s a rajta val\u00f3 vezet\u00e9s teljesen sz\u00fcrre\u00e1lis \u00e9lm\u00e9ny, mert az \u00f3ri\u00e1si h\u0151s\u00e9g hat\u00e1s\u00e1ra <strong>nagyon gyakran megjelenik a d\u00e9lib\u00e1b nev\u0171 optikai csal\u00f3d\u00e1s<\/strong>, amikor a s\u00f3s\u00edk l\u00e1tsz\u00f3lag hull\u00e1mzik \u00e9s v\u00edzfel\u00fclett\u00e9 v\u00e1ltozik. T\u00e9len ellenben a m\u00e9lyed\u00e9st r\u00e9szben el\u00f6nti a v\u00edz, \u00e9s hihetetlen r\u00f3zsasz\u00edn \u00e9s lila \u00e1rnyalatokat kap.<\/p>\n\n\n\n<figure data-wp-context=\"{&quot;imageId&quot;:&quot;6a965b709885f&quot;}\" data-wp-interactive=\"core\/image\" data-wp-key=\"6a965b709885f\" class=\"wp-block-image size-full wp-lightbox-container\"><img decoding=\"async\" width=\"2528\" height=\"1696\" data-wp-class--hide=\"state.isContentHidden\" data-wp-class--show=\"state.isContentVisible\" data-wp-init=\"callbacks.setButtonStyles\" data-wp-on--click=\"actions.showLightbox\" data-wp-on--load=\"callbacks.setButtonStyles\" data-wp-on--pointerdown=\"actions.preloadImage\" data-wp-on--pointerenter=\"actions.preloadImageWithDelay\" data-wp-on--pointerleave=\"actions.cancelPreload\" data-wp-on-window--resize=\"callbacks.setButtonStyles\" src=\"https:\/\/loudavymkrokem.cz\/wp-content\/uploads\/2026\/08\/dovolena-tunisko-chott-el-djerid-v2.jpg\" alt=\"Cs\u00f3nak tun\u00e9ziai z\u00e1szl\u00f3val a Chott el Djerid s\u00f3stavon\" class=\"wp-image-403005\" title=\"\" srcset=\"https:\/\/loudavymkrokem.cz\/wp-content\/uploads\/2026\/08\/dovolena-tunisko-chott-el-djerid-v2.jpg 2528w, https:\/\/loudavymkrokem.cz\/wp-content\/uploads\/2026\/08\/dovolena-tunisko-chott-el-djerid-v2-300x201.jpg 300w, https:\/\/loudavymkrokem.cz\/wp-content\/uploads\/2026\/08\/dovolena-tunisko-chott-el-djerid-v2-700x470.jpg 700w, https:\/\/loudavymkrokem.cz\/wp-content\/uploads\/2026\/08\/dovolena-tunisko-chott-el-djerid-v2-768x515.jpg 768w, https:\/\/loudavymkrokem.cz\/wp-content\/uploads\/2026\/08\/dovolena-tunisko-chott-el-djerid-v2-1536x1030.jpg 1536w, https:\/\/loudavymkrokem.cz\/wp-content\/uploads\/2026\/08\/dovolena-tunisko-chott-el-djerid-v2-2048x1374.jpg 2048w, https:\/\/loudavymkrokem.cz\/wp-content\/uploads\/2026\/08\/dovolena-tunisko-chott-el-djerid-v2-696x467.jpg 696w, https:\/\/loudavymkrokem.cz\/wp-content\/uploads\/2026\/08\/dovolena-tunisko-chott-el-djerid-v2-1392x934.jpg 1392w, https:\/\/loudavymkrokem.cz\/wp-content\/uploads\/2026\/08\/dovolena-tunisko-chott-el-djerid-v2-1920x1288.jpg 1920w\" sizes=\"(max-width: 2528px) 100vw, 2528px\" \/><button\n\t\t\tclass=\"lightbox-trigger\"\n\t\t\ttype=\"button\"\n\t\t\taria-haspopup=\"dialog\"\n\t\t\tdata-wp-bind--aria-label=\"state.thisImage.triggerButtonAriaLabel\"\n\t\t\tdata-wp-init=\"callbacks.initTriggerButton\"\n\t\t\tdata-wp-on--click=\"actions.showLightbox\"\n\t\t\tdata-wp-style--right=\"state.thisImage.buttonRight\"\n\t\t\tdata-wp-style--top=\"state.thisImage.buttonTop\"\n\t\t>\n\t\t\t<svg xmlns=\"http:\/\/www.w3.org\/2000\/svg\" width=\"12\" height=\"12\" fill=\"none\" viewBox=\"0 0 12 12\">\n\t\t\t\t<path fill=\"#fff\" d=\"M2 0a2 2 0 0 0-2 2v2h1.5V2a.5.5 0 0 1 .5-.5h2V0H2Zm2 10.5H2a.5.5 0 0 1-.5-.5V8H0v2a2 2 0 0 0 2 2h2v-1.5ZM8 12v-1.5h2a.5.5 0 0 0 .5-.5V8H12v2a2 2 0 0 1-2 2H8Zm2-12a2 2 0 0 1 2 2v2h-1.5V2a.5.5 0 0 0-.5-.5H8V0h2Z\" \/>\n\t\t\t<\/svg>\n\t\t<\/button><figcaption class=\"wp-element-caption\">Cs\u00f3nak tun\u00e9ziai z\u00e1szl\u00f3val a Chott el Djerid s\u00f3stavon<\/figcaption><\/figure>\n\n\n\n<p class=\"wp-block-paragraph\">A tavat \u00e1tszel\u0151 \u00fat ment\u00e9n t\u00f6bb pihen\u0151t tal\u00e1lsz kis standokkal, ahol sivatagi r\u00f3zs\u00e1t vehetsz \u00e9s biztons\u00e1gosan lefot\u00f3zhatod k\u00f6zelr\u0151l a krist\u00e1lyos s\u00f3t. Semmilyen k\u00f6r\u00fclm\u00e9nyek k\u00f6z\u00f6tt <strong>ne pr\u00f3b\u00e1lj a b\u00e9relt aut\u00f3ddal let\u00e9rni a szil\u00e1rd aszfalt\u00fatr\u00f3l<\/strong> mag\u00e1ra a s\u00f3s\u00edkra, m\u00e9g ha t\u00f6k\u00e9letesen kem\u00e9nynek is t\u0171nik. A s\u00f3k\u00e9reg ugyanis nagyon alattomos, sok helyen m\u00e9ly s\u00e1r rejt\u0151zik alatta, \u00e9s az elakadt aut\u00f3t a puszta k\u00f6zep\u00e9n csak \u00f3ri\u00e1si neh\u00e9zs\u00e9gek \u00e9s k\u00f6lts\u00e9gek \u00e1r\u00e1n tudn\u00e1d kiszedni bel\u0151le.<\/p>\n\n\n\n<h2 id=\"Hol_szallj_meg_Tuneziaban_melyik_terulet_kinek_valo\" class=\"wp-block-heading\"><span class=\"ez-toc-section\" id=\"Hol_szallj_meg_Tuneziaban_melyik_terulet_kinek_valo\"><\/span>Hol sz\u00e1llj meg Tun\u00e9zi\u00e1ban: melyik ter\u00fclet kinek val\u00f3<span class=\"ez-toc-section-end\"><\/span><\/h2>\n\n\n\n<p class=\"wp-block-paragraph\">Tun\u00e9zi\u00e1t n\u00e1lunk f\u0151leg kedvelt all inclusive \u00fati c\u00e9lk\u00e9nt \u00e1rulj\u00e1k, de <strong>a megfelel\u0151 helysz\u00edn kiv\u00e1laszt\u00e1sa kulcsfontoss\u00e1g\u00fa abban, mennyire \u00e9lvezed majd az eg\u00e9sz nyaral\u00e1st<\/strong>. M\u00edg egyes utaz\u00f3k ink\u00e1bb a t\u00f6k\u00e9letes szolg\u00e1ltat\u00e1st \u00e9s a lehet\u0151 legmelegebb tengert keresik a f\u00fcrd\u0151z\u00e9shez, m\u00e1sok ink\u00e1bb a t\u00f6rt\u00e9nelmi eml\u00e9kek \u00e9s a ny\u00fczsg\u0151 r\u00e9gi piacok k\u00f6nny\u0171 el\u00e9rhet\u0151s\u00e9g\u00e9t r\u00e9szes\u00edtik el\u0151nyben.<\/p>\n\n\n\n<p class=\"wp-block-paragraph\">A helysz\u00edn egyszer\u0171en eld\u00f6nti, hogy ink\u00e1bb <strong>nyugodt tengerparti nyaral\u00e1sod<\/strong> lesz, vagy r\u00f3mai romok felfedez\u00e9s\u00e9vel \u00e9s sz\u0171k utc\u00e1k bej\u00e1r\u00e1s\u00e1val teli napjaid. N\u00e9zz\u00fck meg egy\u00fctt a legkedveltebb ter\u00fcleteket, hogy pontosan azt az \u00fcd\u00fcl\u0151helyet v\u00e1laszthasd, amely a legink\u00e1bb megfelel neked.<\/p>\n\n\n\n<p class=\"wp-block-paragraph\">\ud83d\udca1 <strong>Tipp:<\/strong> A csomagok mellett \u00e9rdemes \u00f6sszehasonl\u00edtani az <a href=\"https:\/\/www.stay22.com\/allez\/roam?aid=lukaskonecny&amp;campaign=loudavymkrokemcz&amp;campaign=dovolena-tunisko&amp;address=Tunisko\" target=\"_blank\" rel=\"nofollow noopener sponsored\">aktu\u00e1lis tun\u00e9ziai sz\u00e1ll\u00e1sk\u00edn\u00e1latot<\/a> is egy\u00e9nileg. Az all inclusive rezortokn\u00e1l nagyon meg\u00e9ri elolvasni az elm\u00falt h\u00f3napok v\u00e9lem\u00e9nyeit, mert az egyes hotelek min\u0151s\u00e9ge jobban ingadozik, mint Eur\u00f3p\u00e1ban.<\/p>\n\n\n\n<h3 id=\"Teruletek_attekintese\" class=\"wp-block-heading\"><span class=\"ez-toc-section\" id=\"Teruletek_attekintese\"><\/span>Ter\u00fcletek \u00e1ttekint\u00e9se<span class=\"ez-toc-section-end\"><\/span><\/h3>\n\n\n\n<ul class=\"wp-block-list\">\n<li><strong>Djerba<\/strong> a legmelegebb tengerrel \u00e9s a leghosszabb f\u00fcrd\u0151szezonnal cs\u00e1b\u00edt az orsz\u00e1gban. Az utaz\u00f3k a nyugodtabb temp\u00f3t \u00e9s a v\u00e9gtelen strandokat dics\u00e9rik, de sz\u00e1molnod kell azzal, hogy innen leszel a legmesszebb az \u00e9szaki nagy t\u00f6rt\u00e9nelmi eml\u00e9kekt\u0151l.<\/li>\n\n\n\n<li><strong>Hammamet \u00e9s Jasmine Hammamet<\/strong> ide\u00e1lis v\u00e1laszt\u00e1s azoknak, akik a legk\u00f6zelebb szeretn\u00e9nek lenni a f\u0151v\u00e1roshoz, Tuniszhoz \u00e9s a h\u00edres Karth\u00e1g\u00f3hoz. Nagyon modern rezortokat tal\u00e1lsz itt, amelyek a v\u00e9lem\u00e9nyek szerint kiemelked\u0151en j\u00f3k \u00e9s remek\u00fcl felszereltek a gyerekes nyaral\u00e1shoz.<\/li>\n\n\n\n<li><strong>Sousse \u00e9s Port El Kantaoui<\/strong> nagyon \u00e9l\u00e9nk \u00fcd\u00fcl\u0151helyet alkotnak gy\u00f6ny\u00f6r\u0171 marin\u00e1val \u00e9s rengeteg esti sz\u00f3rakoz\u00e1si lehet\u0151s\u00e9ggel. Ez a ter\u00fclet r\u00e1ad\u00e1sul kellemesen k\u00f6zel fekszik a leny\u0171g\u00f6z\u0151 El Djem-i amfite\u00e1trumhoz \u00e9s a t\u00f6rt\u00e9nelmi Monastir v\u00e1ros\u00e1hoz.<\/li>\n\n\n\n<li><strong>Monastir \u00e9s Skanes<\/strong> f\u0151leg akkor j\u00f6n j\u00f3l, ha a rept\u00e9r sz\u00f3 szerint karny\u00fajt\u00e1snyira legyen t\u0151led \u00e9s el akarod ker\u00fclni a hossz\u00fa transzfereket. A hangulat itt j\u00f3val nyugodtabb, mint a szomsz\u00e9dos Sousse-ban, ami kedvez a nyugodt pihen\u00e9snek.<\/li>\n\n\n\n<li><strong>Mahdia<\/strong> az eg\u00e9sz k\u00f6z\u00e9ps\u0151 part tal\u00e1n legszebb homokos strandjaival b\u00fcszk\u00e9lkedhet. \u00d6sszess\u00e9g\u00e9ben nyugodt \u00e9s kev\u00e9sb\u00e9 turist\u00e1s \u00fati c\u00e9l, ahov\u00e1 a krist\u00e1lytiszta v\u00edz\u00e9rt \u00e9s a teljes pihen\u00e9s\u00e9rt j\u00e1rnak.<\/li>\n<\/ul>\n\n\n\n<h3 id=\"Konkret_szallastippek\" class=\"wp-block-heading\"><span class=\"ez-toc-section\" id=\"Konkret_szallastippek\"><\/span>Konkr\u00e9t sz\u00e1ll\u00e1stippek<span class=\"ez-toc-section-end\"><\/span><\/h3>\n\n\n\n<ul class=\"wp-block-list\">\n<li><strong><a href=\"https:\/\/www.stay22.com\/allez\/roam?aid=lukaskonecny&amp;campaign=loudavymkrokemcz&amp;campaign=dovolena-tunisko&amp;hotelname=Radisson%20Blu%20Palace%20Resort%20%26%20Thalasso%20Djerba&amp;address=Djerba%2C%20Tunisko\" target=\"_blank\" rel=\"noopener nofollow sponsored\">Radisson Blu Palace Resort &amp; Thalasso Djerba<\/a><\/strong> Djerba sziget\u00e9n fekszik, \u00e9s az utaz\u00f3k a h\u00edres thalasso k\u00f6zpontja \u00e9s a gy\u00f6ny\u00f6r\u0171, nyugodt strandja miatt aj\u00e1nlj\u00e1k, ahol remek\u00fcl kipihenheted magad.<\/li>\n\n\n\n<li><strong><a href=\"https:\/\/www.stay22.com\/allez\/roam?aid=lukaskonecny&amp;campaign=loudavymkrokemcz&amp;campaign=dovolena-tunisko&amp;hotelname=Iberostar%20Selection%20Royal%20El%20Mansour&amp;address=Mahdia%2C%20Tunisko\" target=\"_blank\" rel=\"noopener nofollow sponsored\">Iberostar Selection Royal El Mansour<\/a><\/strong> Mahdi\u00e1ban tal\u00e1lhat\u00f3, \u00e9s egy kiv\u00e1l\u00f3an \u00e9rt\u00e9kelt, csak feln\u0151tteknek sz\u00f3l\u00f3 hotel, amely k\u00f6zvetlen\u00fcl a h\u00edres hossz\u00fa homokos strandn\u00e1l fekszik.<\/li>\n\n\n\n<li><strong><a href=\"https:\/\/www.stay22.com\/allez\/roam?aid=lukaskonecny&amp;campaign=loudavymkrokemcz&amp;campaign=dovolena-tunisko&amp;hotelname=Hotel%20Bel%20Azur%20Thalasso%20%26%20Bungalows&amp;address=Hammamet%2C%20Tunisko\" target=\"_blank\" rel=\"noopener nofollow sponsored\">Hotel Bel Azur Thalasso &amp; Bungalows<\/a><\/strong> a kedvelt Hammamet \u00fcd\u00fcl\u0151helyen \u00f3ri\u00e1si csal\u00e1di rezortk\u00e9nt m\u0171k\u00f6dik k\u00f6zvetlen\u00fcl a tengerparton, ahol a vend\u00e9gek tapasztalatai szerint gyereknek \u00e9s feln\u0151ttnek is akad elfoglalts\u00e1g.<\/li>\n\n\n\n<li><strong><a href=\"https:\/\/www.stay22.com\/allez\/roam?aid=lukaskonecny&amp;campaign=loudavymkrokemcz&amp;campaign=dovolena-tunisko&amp;hotelname=Movenpick%20Resort%20%26%20Marine%20Spa%20Sousse&amp;address=Sousse%2C%20Tunisko\" target=\"_blank\" rel=\"noopener nofollow sponsored\">Movenpick Resort &amp; Marine Spa Sousse<\/a><\/strong> k\u00f6zvetlen\u00fcl a sousse-i homokos strandn\u00e1l \u00e1ll, nagy el\u0151nye pedig, hogy innen nagyon k\u00f6zel lesz a t\u00f6rt\u00e9nelmi medina.<\/li>\n\n\n\n<li><strong><a href=\"https:\/\/www.stay22.com\/allez\/roam?aid=lukaskonecny&amp;campaign=loudavymkrokemcz&amp;campaign=dovolena-tunisko&amp;hotelname=Concorde%20Green%20Park%20Palace&amp;address=Port%20El%20Kantaoui%2C%20Tunisko\" target=\"_blank\" rel=\"noopener nofollow sponsored\">Concorde Green Park Palace<\/a><\/strong> Port El Kantaouiban fekszik, \u00e9s leny\u0171g\u00f6z\u0151, kiterjedt ter\u00fcletet k\u00edn\u00e1l sok medenc\u00e9vel, amelyek \u00e1ll\u00edt\u00f3lag a legig\u00e9nyesebb \u00fcd\u00fcl\u0151knek is megfelelnek.<\/li>\n\n\n\n<li><strong><a href=\"https:\/\/www.stay22.com\/allez\/roam?aid=lukaskonecny&amp;campaign=loudavymkrokemcz&amp;campaign=dovolena-tunisko&amp;hotelname=Hotel%20Dar%20Said&amp;address=Sidi%20Bou%20Said%2C%20Tunisko\" target=\"_blank\" rel=\"noopener nofollow sponsored\">Hotel Dar Said<\/a><\/strong> egy elb\u0171v\u00f6l\u0151 kis butikhotel k\u00f6zvetlen\u00fcl a fest\u0151i k\u00e9k-feh\u00e9r Sidi Bou Said v\u00e1rosk\u00e1ban, amit f\u0151leg a hiteles \u00e9s romantikus hangulat szerelmesei \u00e9rt\u00e9kelnek.<\/li>\n<\/ul>\n\n\n\n<h2 id=\"Mit_egyel_Tuneziaban_gyakorlati_utmutato_vegetarianusoknak\" class=\"wp-block-heading\"><span class=\"ez-toc-section\" id=\"Mit_egyel_Tuneziaban_gyakorlati_utmutato_vegetarianusoknak\"><\/span>Mit egy\u00e9l Tun\u00e9zi\u00e1ban: gyakorlati \u00fatmutat\u00f3 veget\u00e1ri\u00e1nusoknak<span class=\"ez-toc-section-end\"><\/span><\/h2>\n\n\n\n<p class=\"wp-block-paragraph\">A helyi gasztron\u00f3mi\u00e1t er\u0151sen befoly\u00e1solja a francia \u00e9s az arab konyha, a helyi szak\u00e1csok pedig el\u0151szeretettel <strong>tesznek mindenbe cs\u00edp\u0151s harissa paszt\u00e1t<\/strong>. B\u00e1r a helyi konyha h\u00edres a b\u00e1r\u00e1nyos kuszkusz\u00e1r\u00f3l \u00e9s a f\u0171szeres merguez kolb\u00e1szr\u00f3l is, az utaz\u00f3k tapasztalatai szerint a tiszt\u00e1n h\u00fastalan \u00e9telek szerelmesei is megtal\u00e1lj\u00e1k itt a sz\u00e1m\u00edt\u00e1sukat.<\/p>\n\n\n\n<figure data-wp-context=\"{&quot;imageId&quot;:&quot;6a965b70991e5&quot;}\" data-wp-interactive=\"core\/image\" data-wp-key=\"6a965b70991e5\" class=\"wp-block-image size-full wp-lightbox-container\"><img decoding=\"async\" width=\"2528\" height=\"1696\" data-wp-class--hide=\"state.isContentHidden\" data-wp-class--show=\"state.isContentVisible\" data-wp-init=\"callbacks.setButtonStyles\" data-wp-on--click=\"actions.showLightbox\" data-wp-on--load=\"callbacks.setButtonStyles\" data-wp-on--pointerdown=\"actions.preloadImage\" data-wp-on--pointerenter=\"actions.preloadImageWithDelay\" data-wp-on--pointerleave=\"actions.cancelPreload\" data-wp-on-window--resize=\"callbacks.setButtonStyles\" src=\"https:\/\/loudavymkrokem.cz\/wp-content\/uploads\/2026\/08\/dovolena-tunisko-kuskus-v2.jpg\" alt=\"Z\u00f6lds\u00e9ges kuszkusz egy tun\u00e9ziai t\u00e1ny\u00e9ron\" class=\"wp-image-403010\" title=\"\" srcset=\"https:\/\/loudavymkrokem.cz\/wp-content\/uploads\/2026\/08\/dovolena-tunisko-kuskus-v2.jpg 2528w, https:\/\/loudavymkrokem.cz\/wp-content\/uploads\/2026\/08\/dovolena-tunisko-kuskus-v2-300x201.jpg 300w, https:\/\/loudavymkrokem.cz\/wp-content\/uploads\/2026\/08\/dovolena-tunisko-kuskus-v2-700x470.jpg 700w, https:\/\/loudavymkrokem.cz\/wp-content\/uploads\/2026\/08\/dovolena-tunisko-kuskus-v2-768x515.jpg 768w, https:\/\/loudavymkrokem.cz\/wp-content\/uploads\/2026\/08\/dovolena-tunisko-kuskus-v2-1536x1030.jpg 1536w, https:\/\/loudavymkrokem.cz\/wp-content\/uploads\/2026\/08\/dovolena-tunisko-kuskus-v2-2048x1374.jpg 2048w, https:\/\/loudavymkrokem.cz\/wp-content\/uploads\/2026\/08\/dovolena-tunisko-kuskus-v2-696x467.jpg 696w, https:\/\/loudavymkrokem.cz\/wp-content\/uploads\/2026\/08\/dovolena-tunisko-kuskus-v2-1392x934.jpg 1392w, https:\/\/loudavymkrokem.cz\/wp-content\/uploads\/2026\/08\/dovolena-tunisko-kuskus-v2-1920x1288.jpg 1920w\" sizes=\"(max-width: 2528px) 100vw, 2528px\" \/><button\n\t\t\tclass=\"lightbox-trigger\"\n\t\t\ttype=\"button\"\n\t\t\taria-haspopup=\"dialog\"\n\t\t\tdata-wp-bind--aria-label=\"state.thisImage.triggerButtonAriaLabel\"\n\t\t\tdata-wp-init=\"callbacks.initTriggerButton\"\n\t\t\tdata-wp-on--click=\"actions.showLightbox\"\n\t\t\tdata-wp-style--right=\"state.thisImage.buttonRight\"\n\t\t\tdata-wp-style--top=\"state.thisImage.buttonTop\"\n\t\t>\n\t\t\t<svg xmlns=\"http:\/\/www.w3.org\/2000\/svg\" width=\"12\" height=\"12\" fill=\"none\" viewBox=\"0 0 12 12\">\n\t\t\t\t<path fill=\"#fff\" d=\"M2 0a2 2 0 0 0-2 2v2h1.5V2a.5.5 0 0 1 .5-.5h2V0H2Zm2 10.5H2a.5.5 0 0 1-.5-.5V8H0v2a2 2 0 0 0 2 2h2v-1.5ZM8 12v-1.5h2a.5.5 0 0 0 .5-.5V8H12v2a2 2 0 0 1-2 2H8Zm2-12a2 2 0 0 1 2 2v2h-1.5V2a.5.5 0 0 0-.5-.5H8V0h2Z\" \/>\n\t\t\t<\/svg>\n\t\t<\/button><figcaption class=\"wp-element-caption\">Z\u00f6lds\u00e9ges kuszkusz egy tun\u00e9ziai t\u00e1ny\u00e9ron<\/figcaption><\/figure>\n\n\n\n<p class=\"wp-block-paragraph\">Ha nem eszel h\u00fast, biztosan \u00f6r\u00fclsz majd, hogy sok hagyom\u00e1nyos recept alapja a friss z\u00f6lds\u00e9g, h\u00fcvelyesek \u00e9s rengeteg kiv\u00e1l\u00f3 ol\u00edvaolaj. Csak nagyon figyelj arra, hogy a helyiek el\u0151szeretettel tesznek toj\u00e1st \u00e9s tonhalat szinte mindenbe (bele\u00e9rtve a z\u00f6lds\u00e9gsal\u00e1t\u00e1kat \u00e9s a sima pizz\u00e1t is), an\u00e9lk\u00fcl, hogy ez megjelenne a n\u00e9vben. Emiatt t\u00e9nyleg meg\u00e9ri megtanulni a francia kifejez\u00e9seket: <strong>\u201esans thon&#8221; (tonhal n\u00e9lk\u00fcl) \u00e9s \u201esans \u0153uf&#8221; (toj\u00e1s n\u00e9lk\u00fcl)<\/strong>, \u00e9s rendel\u00e9skor mindig ink\u00e1bb ellen\u0151rizni.<\/p>\n\n\n\n<ul class=\"wp-block-list\">\n<li><strong>z\u00f6lds\u00e9ges kuszkusz<\/strong> az abszol\u00fat nemzeti \u00e9tel, \u00e9s a legt\u00f6bb hagyom\u00e1nyos \u00e9tteremben l\u00e9tezik tiszt\u00e1n z\u00f6lds\u00e9ges verzi\u00f3 is t\u00f6kkel, csicseribors\u00f3val \u00e9s s\u00e1rgar\u00e9p\u00e1val tele.<\/li>\n\n\n\n<li><strong>brik<\/strong> egy teljesen finom, ropog\u00f3s, h\u00e1romsz\u00f6g alak\u00fa batyu s\u00fclt t\u00e9szt\u00e1b\u00f3l, amit klasszikusan tonhallal \u00e9s toj\u00e1ssal t\u00f6ltenek, ez\u00e9rt ink\u00e1bb k\u00e9rd a felszolg\u00e1l\u00f3t\u00f3l a tonhal n\u00e9lk\u00fcli v\u00e1ltozatot.<\/li>\n\n\n\n<li><strong>lablabi<\/strong> egy s\u0171r\u0171 csicseribors\u00f3leves r\u00e9gebbi keny\u00e9rdarabokkal, ami term\u00e9szetesen veget\u00e1ri\u00e1nus, \u00e9s f\u00e9l napra megb\u00edzhat\u00f3an j\u00f3llakat \ud83d\ude05.<\/li>\n\n\n\n<li><strong>kafteji<\/strong> s\u00fclt \u00e9s felapr\u00edtott z\u00f6lds\u00e9gekb\u0151l (jellemz\u0151en t\u00f6k, paprika \u00e9s burgonya) \u00e1ll, \u00e9s kiv\u00e1l\u00f3 veget\u00e1ri\u00e1nus f\u0151\u00e9tel vagy b\u0151s\u00e9ges k\u00f6ret.<\/li>\n\n\n\n<li><strong>salade mechouia<\/strong> egy fantasztikus grillezett paprika \u00e9s paradicsom kever\u00e9k b\u0151s\u00e9gesen ol\u00edvaolajjal le\u00f6ntve, amihez gyakran friss baguette-et harapnak.<\/li>\n\n\n\n<li><strong>omek houria<\/strong> meglep majd, mint finom s\u00e1rgar\u00e9pasal\u00e1ta rendes adag cs\u00edp\u0151s hariss\u00e1val, ami remek\u00fcl alkalmas egy kis \u00e9hs\u00e9g el\u0171z\u00e9s\u00e9re.<\/li>\n\n\n\n<li><strong>harissa<\/strong> nem is annyira \u00f6n\u00e1ll\u00f3 \u00e9tel, mint ink\u00e1bb a legend\u00e1s cs\u00edp\u0151s paszta chilib\u0151l \u00e9s fokhagym\u00e1b\u00f3l, amit sz\u00f3 szerint mindenhez adnak, \u00e9s minden asztalon megtal\u00e1lod.<\/li>\n\n\n\n<li><strong>mentatea feny\u0151maggal \u00e9s datolya<\/strong> a legtipikusabb lez\u00e1r\u00e1sa minden j\u00f3 \u00e9telnek, \u00e9s a helyiek ezt az \u00e9des ritu\u00e1l\u00e9t igaz\u00e1n \u00e9lvezni tudj\u00e1k.<\/li>\n<\/ul>\n\n\n\n<h2 id=\"Kozlekedes_Tuneziaban_taxi_louage_es_berelt_auto\" class=\"wp-block-heading\"><span class=\"ez-toc-section\" id=\"Kozlekedes_Tuneziaban_taxi_louage_es_berelt_auto\"><\/span>K\u00f6zleked\u00e9s Tun\u00e9zi\u00e1ban: taxi, louage \u00e9s b\u00e9relt aut\u00f3<span class=\"ez-toc-section-end\"><\/span><\/h2>\n\n\n\n<p class=\"wp-block-paragraph\">Ha \u00fagy d\u00f6ntesz, hogy elhagyod a hotelrezort kapuit \u00e9s felfedezed a k\u00f6rny\u00e9ket, t\u00f6bb meglehet\u0151sen megb\u00edzhat\u00f3 k\u00f6zleked\u00e9si lehet\u0151s\u00e9g k\u00f6z\u00fcl v\u00e1laszthatsz. Ak\u00e1r a <strong>helyi taxikat, vonatokat vagy megosztott kisbuszokat<\/strong> v\u00e1lasztod, a v\u00e9lem\u00e9nyek szerint az orsz\u00e1gon bel\u00fcli utaz\u00e1s eg\u00e9szen olcs\u00f3, m\u00e9g ha id\u0151nk\u00e9nt egy kis t\u00fcrelmet \u00e9s alkudoz\u00e1st is ig\u00e9nyel.<\/p>\n\n\n\n<h3 id=\"Taxik_es_hogyan_kerulsz_el_a_tulfizetest\" class=\"wp-block-heading\"><span class=\"ez-toc-section\" id=\"Taxik_es_hogyan_keruld_el_a_tulfizetest\"><\/span>Taxik \u00e9s hogyan ker\u00fcld el a t\u00falfizet\u00e9st<span class=\"ez-toc-section-end\"><\/span><\/h3>\n\n\n\n<p class=\"wp-block-paragraph\">A v\u00e1rosi taxikat els\u0151 pillant\u00e1sra felismered a ragyog\u00f3 s\u00e1rga sz\u00edn\u00fckr\u0151l, \u00e9s abszol\u00fat sz\u00fcks\u00e9ges, hogy <strong>ragaszkodj a taxi\u00f3ra bekapcsol\u00e1s\u00e1hoz m\u00e9g maga az \u00fat el\u0151tt<\/strong>. Gyakran el\u0151fordul ugyanis, f\u0151leg a tuniszi rept\u00e9ren, hogy a helyi csalogat\u00f3k m\u00e1r a termin\u00e1lon bel\u00fcl megsz\u00f3l\u00edtanak \u00e9s t\u00fal\u00e1razott fuvart k\u00edn\u00e1lnak. Mindig jobb ezeket az aj\u00e1nlatokat mosolyogva figyelmen k\u00edv\u00fcl hagyni, kimenni egyenesen a hivatalos \u00e1llom\u00e1shoz az \u00e9p\u00fclet el\u00e9, \u00e9s semmik\u00e9pp sem be\u00fclni r\u00f6gt\u00f6n a kij\u00e1ratn\u00e1l parkol\u00f3 els\u0151 aut\u00f3ba.<\/p>\n\n\n\n<h3 id=\"Louage_megosztott_kisbuszok_a_varosok_kozott\" class=\"wp-block-heading\"><span class=\"ez-toc-section\" id=\"Louage_megosztott_kisbuszok_a_varosok_kozott\"><\/span>Louage: megosztott kisbuszok a v\u00e1rosok k\u00f6z\u00f6tt<span class=\"ez-toc-section-end\"><\/span><\/h3>\n\n\n\n<p class=\"wp-block-paragraph\">A v\u00e1rosok k\u00f6z\u00f6tti \u00e1tkel\u00e9shez az utaz\u00f3k nagyon sz\u00edvesen haszn\u00e1lj\u00e1k az \u00fagynevezett louage-t, amelyek <strong>megosztott, nyolcszem\u00e9lyes kisbuszok fix \u00fatvonallal \u00e9s \u00e1rral<\/strong>. Nagyon egyszer\u0171 elven m\u0171k\u00f6dnek, mert a saj\u00e1t \u00e1llom\u00e1sukr\u00f3l egyszer\u0171en akkor indulnak, amikor teljesen megtelnek. A part menti hosszabb \u00fatvonalakhoz, f\u0151leg ha az eml\u00e9kekhez tartasz, remek\u00fcl szolg\u00e1l a Tuniszt, Sousse-t \u00e9s Sfaxot \u00f6sszek\u00f6t\u0151 vonat, m\u00edg a f\u0151v\u00e1ros k\u00f6rny\u00e9k\u00e9n k\u00f6nnyen felsz\u00e1llsz a TGM el\u0151v\u00e1rosi vas\u00fatra, amely okosan \u00f6sszek\u00f6ti Tuniszt, Karth\u00e1g\u00f3t \u00e9s Sidi Bou Saidot.<\/p>\n\n\n\n<h3 id=\"Berelj_autot_vagy_menj_szervezett_kirandulassal\" class=\"wp-block-heading\"><span class=\"ez-toc-section\" id=\"Berelj_autot_vagy_menj_szervezett_kirandulassal\"><\/span>B\u00e9relj aut\u00f3t, vagy menj szervezett kir\u00e1ndul\u00e1ssal<span class=\"ez-toc-section-end\"><\/span><\/h3>\n\n\n\n<p class=\"wp-block-paragraph\">Ha az orsz\u00e1g d\u00e9li r\u00e9sz\u00e9t \u00e9s az o\u00e1zisokat saj\u00e1t temp\u00f3dban akarod felfedezni, a <strong>b\u00e9relt aut\u00f3nak biztosan van \u00e9rtelme<\/strong>, de sz\u00e1molnod kell azzal, hogy a helyi vezet\u00e9si st\u00edlus j\u00f3val agressz\u00edvabb \u00e9s kaotikusabb, mint n\u00e1lunk itthon. Ami a Szahar\u00e1ba tett kir\u00e1ndul\u00e1sokat illeti, azokat \u00e1ltal\u00e1ban szervezetten, tapasztalt sof\u0151rrel csin\u00e1lj\u00e1k, \u00fagyhogy a homokd\u0171n\u00e9kbe egy\u00e9nileg ink\u00e1bb egy\u00e1ltal\u00e1n ne v\u00e1gj bele, hogy feleslegesen bajba ne ker\u00fclj.<\/p>\n\n\n\n<h2 id=\"Mennyibe_kerul_egy_tuneziai_nyaralas\" class=\"wp-block-heading\"><span class=\"ez-toc-section\" id=\"Mennyibe_kerul_egy_tuneziai_nyaralas\"><\/span>Mennyibe ker\u00fcl egy tun\u00e9ziai nyaral\u00e1s<span class=\"ez-toc-section-end\"><\/span><\/h2>\n\n\n\n<p class=\"wp-block-paragraph\">Biztosan \u00f6r\u00fclsz majd, hogy ez az \u00e9szak-afrikai orsz\u00e1g r\u00e9g\u00f3ta a <strong>legolcs\u00f3bb, igaz\u00e1n meleg tengeres \u00fati c\u00e9lok k\u00f6z\u00e9<\/strong> tartozik, amelyeket Eur\u00f3p\u00e1b\u00f3l felkereshetsz. Nagyon gyakran m\u00e9g az is el\u0151fordul, hogy az itteni egyhetes all inclusive hotelbeli nyaral\u00e1s olcs\u00f3bb, mintha csak f\u00e9lpanzi\u00f3t fizetn\u00e9l a kedvelt Horv\u00e1torsz\u00e1gban. Al\u00e1bb egy t\u00e1j\u00e9koztat\u00f3 k\u00f6lts\u00e9gvet\u00e9st tal\u00e1lsz k\u00e9t f\u0151re egyhetes nyaral\u00e1sra, amely \u00e9rthet\u0151en nagyon jelent\u0151sen v\u00e1ltozik a f\u0151- vagy mell\u00e9kszezont\u00f3l f\u00fcgg\u0151en.<\/p>\n\n\n\n<ul class=\"wp-block-list\">\n<li><strong>all inclusive csomag<\/strong> k\u00e9t f\u0151 sz\u00e1m\u00e1ra egy h\u00e9tre nagyj\u00e1b\u00f3l 300 000 Ft-t\u00f3l 530 000 Ft-ig ker\u00fcl a hotel sz\u00ednvonal\u00e1t\u00f3l \u00e9s a h\u00f3napt\u00f3l f\u00fcgg\u0151en.<\/li>\n\n\n\n<li><strong>egy\u00e9ni sz\u00e1ll\u00e1s<\/strong> egy p\u00e1r sz\u00e1m\u00e1ra 105 000 Ft \u00e9s 225 000 Ft k\u00f6z\u00f6tt szerezhet\u0151 h\u00e9t \u00e9jszak\u00e1ra, ha el\u0151re keresel.<\/li>\n\n\n\n<li><strong>\u00e9tkez\u00e9s a hotelen k\u00edv\u00fcl<\/strong> nagyon megfizethet\u0151, \u00e9s a helyi \u00e9ttermekben val\u00f3 \u00e9tkez\u00e9ssel sz\u00e1molj hetente 45 000 Ft \u00e9s 90 000 Ft k\u00f6z\u00f6tti \u00f6sszeggel.<\/li>\n\n\n\n<li><strong>k\u00f6zleked\u00e9s<\/strong> a helyi taxikkal \u00e9s megosztott louage kisbuszokkal egy h\u00e9tre alig 15 000 Ft-t\u00f3l 45 000 Ft-ig ker\u00fcl att\u00f3l f\u00fcgg\u0151en, mennyit kir\u00e1ndulsz.<\/li>\n\n\n\n<li><strong>kir\u00e1ndul\u00e1sok<\/strong> a sivatagba vagy az eml\u00e9kekhez idegenvezet\u0151vel nagyj\u00e1b\u00f3l 30 000 Ft-t\u00f3l 90 000 Ft-ig n\u00f6velhetik a k\u00f6lts\u00e9gvet\u00e9sedet k\u00e9t f\u0151 sz\u00e1m\u00e1ra.<\/li>\n<\/ul>\n\n\n\n<h3 id=\"Penz_es_a_dinar\" class=\"wp-block-heading\"><span class=\"ez-toc-section\" id=\"Penz_es_a_dinar\"><\/span>P\u00e9nz \u00e9s a d\u00edn\u00e1r<span class=\"ez-toc-section-end\"><\/span><\/h3>\n\n\n\n<p class=\"wp-block-paragraph\">A helyi valuta a tun\u00e9ziai d\u00edn\u00e1r (TND), amely tov\u00e1bb oszlik 1 000 millimre. Rendk\u00edv\u00fcl fontos tudni, hogy <strong>a d\u00edn\u00e1r szigor\u00faan z\u00e1rt valuta<\/strong>, ami azt jelenti, hogy sehol nem veheted meg leg\u00e1lisan el\u0151re az orsz\u00e1gon k\u00edv\u00fcl, \u00e9s a szimbolikusn\u00e1l nagyobb mennyis\u00e9gben ki sem viheted. A p\u00e9nzt ez\u00e9rt csak meg\u00e9rkez\u00e9s ut\u00e1n a rept\u00e9ren vagy a hotelben v\u00e1ltsd \u00e1t, \u00e9s ne felejtsd el meg\u0151rizni az \u00f6sszes v\u00e1lt\u00e1si igazol\u00e1st. Elutaz\u00e1s el\u0151tt a marad\u00e9kot el kell k\u00f6ltened vagy a bankban vissza kell v\u00e1ltanod, amihez \u00e9pp azokra a pap\u00edrokra lesz sz\u00fcks\u00e9ged. Ami a k\u00e1rty\u00e1s fizet\u00e9st illeti, az gond n\u00e9lk\u00fcl m\u0171k\u00f6dik a hotelrezortokban, a jobb \u00e9ttermekben \u00e9s a v\u00e1rosi nagy szupermarketekben, de m\u00e1shol egyszer\u0171en a k\u00e9szp\u00e9nz uralkodik.<\/p>\n\n\n\n<p class=\"wp-block-paragraph\">\ud83d\udca1 TIPP: Olvasd el r\u00e9szletes \u00fatmutat\u00f3nkat, <a href=\"https:\/\/loudavymkrokem.cz\/hu\/olcso-repjegyek-tippek\/\">hogyan tal\u00e1lj olcs\u00f3 repjegyet<\/a>, ha egy\u00e9ni utaz\u00e1st fontolgatsz \u00e9s sp\u00f3rolni szeretn\u00e9l.<\/p>\n\n\n\n<h2 id=\"Mire_figyelj_Tuneziaban\" class=\"wp-block-heading\"><span class=\"ez-toc-section\" id=\"Mire_figyelj_Tuneziaban\"><\/span>Mire figyelj Tun\u00e9zi\u00e1ban<span class=\"ez-toc-section-end\"><\/span><\/h2>\n\n\n\n<p class=\"wp-block-paragraph\">B\u00e1r ez az orsz\u00e1g a turist\u00e1k sz\u00e1m\u00e1ra t\u00falnyom\u00f3r\u00e9szt nagyon bar\u00e1ts\u00e1gos, van p\u00e1r dolog, amire j\u00f3 el\u0151re felk\u00e9sz\u00fclni lelkileg. Ha tudod, mire sz\u00e1m\u00edthatsz, <strong>elker\u00fcl\u00f6d a felesleges stresszt<\/strong>, \u00e9s teljes nyugalomban \u00e9lvezheted a nyaral\u00e1st.<\/p>\n\n\n\n<ul class=\"wp-block-list\">\n<li><strong>a medin\u00e1kban tapasztalhat\u00f3 zaklat\u00e1s \u00e9s alkudoz\u00e1s<\/strong> f\u00e1raszt\u00f3 tud lenni, de tartsd \u00e9szben, hogy egy udvarias \u00e9s egy\u00e9rtelm\u0171en kimondott nem mindig a legjobban m\u0171k\u00f6dik.<\/li>\n\n\n\n<li><strong>a hamis \u201eidegenvezet\u0151k&#8221;<\/strong> gyakran megsz\u00f3l\u00edtanak az eml\u00e9kekn\u00e9l azzal, hogy k\u00f6rbevezetnek, de a v\u00e9g\u00e9n nem kev\u00e9s p\u00e9nzt k\u00f6vetelnek.<\/li>\n\n\n\n<li><strong>a taxi\u00f3ra n\u00e9lk\u00fcli taxik<\/strong> klasszikus turistacsapd\u00e1t jelentenek, ez\u00e9rt mindig ragaszkodj a bekapcsol\u00e1s\u00e1hoz m\u00e9g az \u00fat kezdete el\u0151tt.<\/li>\n\n\n\n<li><strong>a z\u00e1rt valuta \u00e9s a k\u00e9szp\u00e9nz<\/strong> meglepheti a tapasztalatlan utaz\u00f3kat, \u00fagyhogy sz\u00e1molj azzal, hogy a d\u00edn\u00e1rt nem viheted ki, \u00e9s a hotelen k\u00edv\u00fcl bankjegyre lesz sz\u00fcks\u00e9ged.<\/li>\n\n\n\n<li><strong>\u00f6lt\u00f6zk\u00f6d\u00e9s a mecsetekben \u00e9s medin\u00e1kban<\/strong> legyen tiszteletteljes a helyi kult\u00far\u00e1val szemben, \u00fagyhogy mindenk\u00e9pp j\u00f3l j\u00f6n a fedett v\u00e1ll \u00e9s t\u00e9rd.<\/li>\n\n\n\n<li><strong>iv\u00f3v\u00edz csak palackozott<\/strong> szab\u00e1ly, amit kiv\u00e9tel n\u00e9lk\u00fcl be kell tartanod, hogy elker\u00fcld a kellemetlen gyomorpanaszokat.<\/li>\n\n\n\n<li><strong>er\u0151s nap \u00e9s h\u0151s\u00e9g a sivatagi kir\u00e1ndul\u00e1sokon<\/strong> alattomos tud lenni, ez\u00e9rt mindig viselj fejfed\u0151t \u00e9s igy\u00e1l rengeteg folyad\u00e9kot.<\/li>\n\n\n\n<li><strong>a K\u00fclgazdas\u00e1gi \u00e9s K\u00fcl\u00fcgyminiszt\u00e9rium aktu\u00e1lis biztons\u00e1gi aj\u00e1nl\u00e1sait<\/strong> minden utaz\u00e1s el\u0151tt ellen\u0151rizd, mert a L\u00edbi\u00e1val \u00e9s Alg\u00e9ri\u00e1val hat\u00e1ros ter\u00fcletek l\u00e1togat\u00e1sa r\u00e9g\u00f3ta nem aj\u00e1nlott. Olvasd el a <a href=\"https:\/\/konzuliszolgalat.kormany.hu\/\" target=\"_blank\" rel=\"nofollow noopener\">K\u00fcl\u00fcgyminiszt\u00e9rium aj\u00e1nl\u00e1sait<\/a>.<\/li>\n<\/ul>\n\n\n\n<h2 id=\"Tunezia_gyerekkel\" class=\"wp-block-heading\"><span class=\"ez-toc-section\" id=\"Tunezia_gyerekkel\"><\/span>Tun\u00e9zia gyerekkel<span class=\"ez-toc-section-end\"><\/span><\/h2>\n\n\n\n<p class=\"wp-block-paragraph\">A kisebb gyerekes csal\u00e1dok im\u00e1dj\u00e1k ezt az orsz\u00e1got, \u00e9s nem is csoda, mert a helyi sz\u00e1llod\u00e1sok a kis vend\u00e9gekre <strong>\u00e1ltal\u00e1ban teljesen remek\u00fcl felk\u00e9sz\u00fcltek<\/strong>. Az itteni rezortok rengeteg sz\u00f3rakoz\u00e1st \u00e9s k\u00e9nyelmet k\u00edn\u00e1lnak, \u00fagyhogy a sz\u00fcl\u0151k t\u00e9nyleg kipihenhetik magukat, mik\u00f6zben a legkisebbekr\u0151l biztons\u00e1gosan gondoskodnak.<\/p>\n\n\n\n<ul class=\"wp-block-list\">\n<li><strong>a lassan m\u00e9ly\u00fcl\u0151 tengeri bej\u00e1rat Djerba \u00e9szakkeleti r\u00e9sz\u00e9n<\/strong> t\u00f6k\u00e9letes a kisgyerekes csal\u00e1doknak, mert a v\u00edz k\u00e1v\u00e9meleg \u00e9s biztons\u00e1gos.<\/li>\n\n\n\n<li><strong>az aquaparkos all inclusive rezortok<\/strong> az eg\u00e9sz partvid\u00e9ken megtal\u00e1lhat\u00f3k, \u00e9s a gyerekeknek a nyaral\u00e1s v\u00e9gtelen sz\u00f3rakoz\u00e1sforr\u00e1sai.<\/li>\n\n\n\n<li><strong>a tev\u00e9k \u00e9s p\u00f3nik a strandokon<\/strong> s\u00e9t\u00e1ra cs\u00e1b\u00edtanak, de fair megeml\u00edteni a figyelmeztet\u00e9st, hogy ezeknek az \u00e1llatoknak a j\u00f3l\u00e9te gyakran megk\u00e9rd\u0151jelezhet\u0151, \u00fagyhogy j\u00f3 ezt el\u0151re \u00e1tgondolni.<\/li>\n\n\n\n<li><strong>a r\u00f6vid rep\u00fcl\u0151utak<\/strong> Magyarorsz\u00e1gr\u00f3l nagyj\u00e1b\u00f3l h\u00e1rom \u00f3r\u00e1t tartanak, amit k\u00f6nnyed\u00e9n kib\u00edrnak azok a gyerekek is, akik \u00e9ppen nem im\u00e1dnak rep\u00fclni.<\/li>\n\n\n\n<li><strong>az a t\u00e9ny, hogy a rezortokban angolul \u00e9s n\u00e9met\u00fcl is elboldogulsz<\/strong>, nagyon megk\u00f6nny\u00edti b\u00e1rmilyen, a gyerek\u00e9tkez\u00e9ssel vagy anim\u00e1ci\u00f3s programokkal kapcsolatos k\u00e9r\u00e9s megold\u00e1s\u00e1t.<\/li>\n<\/ul>\n\n\n\n<h2 id=\"Hova_meg_tovabbi_tippek_olcso_tengerparti_nyaralashoz\" class=\"wp-block-heading\"><span class=\"ez-toc-section\" id=\"Hova_meg_tovabbi_tippek_olcso_tengerparti_nyaralashoz\"><\/span>Hov\u00e1 m\u00e9g: tov\u00e1bbi tippek olcs\u00f3 tengerparti nyaral\u00e1shoz<span class=\"ez-toc-section-end\"><\/span><\/h2>\n\n\n\n<p class=\"wp-block-paragraph\">Ha m\u00e9g mindig nem d\u00f6nt\u00f6tted el teljesen, hov\u00e1 m\u00e9sz id\u00e9n a tengerhez, <strong>ihletet mer\u00edthetsz a t\u00f6bbi cikk\u00fcnkb\u0151l<\/strong>. Rengeteg hasznos \u00fatmutat\u00f3t \u00e9s tippet k\u00e9sz\u00edtettem neked, amelyek seg\u00edtenek megtervezni a lehet\u0151 legjobb nyaral\u00e1st.<\/p>\n\n\n\n<ul class=\"wp-block-list\">\n<li><a href=\"https:\/\/loudavymkrokem.cz\/hu\/szeptember-utazas-tippek-2\/\">Hov\u00e1 menj nyaralni szeptemberben<\/a><\/li>\n\n\n\n<li><a href=\"https:\/\/loudavymkrokem.cz\/hu\/egyiptom-nyaralas-tippek\/\">Nyaral\u00e1s Egyiptomban<\/a><\/li>\n\n\n\n<li><a href=\"https:\/\/loudavymkrokem.cz\/hu\/mit-erdemes-megnezni-marrakesben\/\">Mit l\u00e1ss Marr\u00e1kesben<\/a><\/li>\n\n\n\n<li><a href=\"https:\/\/loudavymkrokem.cz\/hu\/olcso-repjegyek-tippek\/\">Hogyan tal\u00e1lj olcs\u00f3 repjegyet<\/a><\/li>\n\n\n\n<li><a href=\"https:\/\/loudavymkrokem.cz\/jak-vybrat-cestovni-pojisteni-na-dovolenou\/\">Utasbiztos\u00edt\u00e1s<\/a><\/li>\n<\/ul>\n\n\n\n<h2 id=\"Gyakran_ismetelt_kerdesek\" class=\"wp-block-heading\"><span class=\"ez-toc-section\" id=\"Gyakran_ismetelt_kerdesek\"><\/span>Gyakran ism\u00e9telt k\u00e9rd\u00e9sek<span class=\"ez-toc-section-end\"><\/span><\/h2>\n\n\n\n<p class=\"wp-block-paragraph\">V\u00e9g\u00fcl \u00e1ttekinthet\u0151en \u00f6sszeszedtem neked a v\u00e1laszokat azokra a leggyakoribb k\u00e9rd\u00e9sekre, amelyek az utaz\u00f3knak ezzel a kedvelt \u00e9szak-afrikai \u00fati c\u00e9llal kapcsolatban \u00e1ltal\u00e1ban felmer\u00fclnek. Rem\u00e9lem, ezek a <strong>gyakorlati inform\u00e1ci\u00f3k seg\u00edtenek a v\u00e9gleges tervez\u00e9sben<\/strong> a v\u00e1gyott utadhoz.<\/p>\n\n\n<div id=\"rank-math-faq\" class=\"rank-math-block\">\n<div class=\"rank-math-list \">\n<div id=\"faq-question-1787758039000\" class=\"rank-math-list-item\">\n<h3 class=\"rank-math-question \"><span class=\"ez-toc-section\" id=\"Mikor_a_legjobb_Tuneziaba_utazni\"><\/span>Mikor a legjobb Tun\u00e9zi\u00e1ba utazni?<span class=\"ez-toc-section-end\"><\/span><\/h3>\n<div class=\"rank-math-answer \">\n\n<p>M\u00e1jus, j\u00fanius, szeptember \u00e9s okt\u00f3ber \u00e1ltal\u00e1ban a legjobb h\u00f3napoknak sz\u00e1m\u00edtanak, hogy ebba a var\u00e1zslatos \u00e9szak-afrikai orsz\u00e1gba kellemes nyaral\u00e1sra induljunk. Ebben az id\u0151szakban megb\u00edzhat\u00f3an elker\u00fclj\u00fck a legnagyobb ny\u00e1ri forr\u00f3s\u00e1got, ugyanakkor gy\u00f6ny\u00f6r\u0171en felmelegedett tengert \u00e9s nagyon kellemes est\u00e9ket \u00e9lvezhet\u00fcnk, amelyek ide\u00e1lisak s\u00e9t\u00e1l\u00e1shoz. Ha a ny\u00e1r k\u00f6zep\u00e9n, augusztusban fontolgatn\u00e1tok az utaz\u00e1st, akkor pszichikailag \u00e9s fizikailag is fel kell k\u00e9sz\u00fcln\u00f6t\u00f6k az igaz\u00e1n extr\u00e9m h\u0151s\u00e9gre. P\u00e9ld\u00e1ul a n\u00e9pszer\u0171 Djerba sziget\u00e9n a tenger ebben a h\u00f3napban leny\u0171g\u00f6z\u0151 29,6 \u00b0C-os, de napk\u00f6zben a h\u0151m\u00e9rs\u00e9klet rendszeresen 33,7 \u00b0C-ra k\u00faszik az \u00e1rny\u00e9kban, ami m\u00e1r sok ember sz\u00e1m\u00e1ra f\u00e1raszt\u00f3 lehet.<\/p>\n\n<\/div>\n<\/div>\n<div id=\"faq-question-1787758039001\" class=\"rank-math-list-item\">\n<h3 class=\"rank-math-question \"><span class=\"ez-toc-section\" id=\"Biztonsagos_Tunezia\"><\/span>Biztons\u00e1gos Tun\u00e9zia?<span class=\"ez-toc-section-end\"><\/span><\/h3>\n<div class=\"rank-math-answer \">\n\n<p>A turisztikai ter\u00fcletek \u00e9s a nagy sz\u00e1llodai \u00fcd\u00fcl\u0151helyek nagyon biztons\u00e1gosnak sz\u00e1m\u00edtanak, \u00e9s az utaz\u00f3k \u00e1ltal\u00e1ban minden probl\u00e9ma n\u00e9lk\u00fcl mozognak benn\u00fck. A f\u0151 kellemetlens\u00e9gek, amelyekkel turistak\u00e9nt tal\u00e1lkozhattok, t\u00f6bbnyire csak az utcai \u00e1rusok t\u00falzott tolakod\u00e1sa a piacokon \u00e9s az esetenk\u00e9nti t\u00fal\u00e1raz\u00e1si k\u00eds\u00e9rletek szolg\u00e1ltat\u00e1sok\u00e9rt vagy aj\u00e1nd\u00e9kt\u00e1rgyak\u00e9rt. Fokozott \u00f3vatoss\u00e1gra van azonban sz\u00fcks\u00e9g, ha saj\u00e1t szervez\u00e9sben tervezn\u00e9tek utazni a t\u00e1volabbi r\u00e9gi\u00f3kba. A L\u00edbi\u00e1val \u00e9s Alg\u00e9ri\u00e1val hat\u00e1ros ter\u00fcletek l\u00e1togat\u00e1sa hossz\u00fa ideje egy\u00e1ltal\u00e1n nem aj\u00e1nlott a megn\u00f6vekedett biztons\u00e1gi kock\u00e1zat miatt. Ez\u00e9rt minden utaz\u00e1s el\u0151tt mindig a leg\u00e9sszer\u0171bb gondosan figyelni a K\u00fcl\u00fcgyminiszt\u00e9rium aktu\u00e1lis biztons\u00e1gi aj\u00e1nl\u00e1sait.<\/p>\n\n<\/div>\n<\/div>\n<div id=\"faq-question-1787758039002\" class=\"rank-math-list-item\">\n<h3 class=\"rank-math-question \"><span class=\"ez-toc-section\" id=\"Milyen_penznemet_vigyek_Tuneziaba\"><\/span>Milyen p\u00e9nznemet vigyek Tun\u00e9zi\u00e1ba?<span class=\"ez-toc-section-end\"><\/span><\/h3>\n<div class=\"rank-math-answer \">\n\n<p>Semmi \u00e9rtelme sincs p\u00e9nzt szerezni m\u00e9g a Magyarorsz\u00e1gr\u00f3l val\u00f3 indul\u00e1s el\u0151tt, mert a tun\u00e9ziai din\u00e1r szigor\u00faan z\u00e1rt valuta, amelyet nem szabad kivinni \u00e9s leg\u00e1lisan n\u00e1lunk sem tudtok v\u00e1s\u00e1rolni. A legjobb strat\u00e9gia, ha eur\u00f3t vagy amerikai doll\u00e1rt visztek magatokkal, \u00e9s azt fokozatosan v\u00e1ltj\u00e1tok \u00e1t k\u00f6zvetlen\u00fcl a helysz\u00ednen a rep\u00fcl\u0151t\u00e9ren, a sz\u00e1llod\u00e1ban vagy hivatalos p\u00e9nzv\u00e1lt\u00f3kban. Ami a k\u00e1rty\u00e1s fizet\u00e9st illeti, az megb\u00edzhat\u00f3an m\u0171k\u00f6dni fog a legt\u00f6bb nagy sz\u00e1llod\u00e1ban \u00e9s a v\u00e1rosok jobb \u00e9tterm\u00e9ben. Minden\u00fctt m\u00e1shol, k\u00fcl\u00f6n\u00f6sen a hagyom\u00e1nyos piacokon, a medin\u00e1kban vagy kisebb szolg\u00e1ltat\u00e1sok fizet\u00e9sekor viszont semmik\u00e9ppen sem fogtok meglenni helyi k\u00e9szp\u00e9nz n\u00e9lk\u00fcl.<\/p>\n\n<\/div>\n<\/div>\n<div id=\"faq-question-1787758039003\" class=\"rank-math-list-item\">\n<h3 class=\"rank-math-question \"><span class=\"ez-toc-section\" id=\"Lehet_oktoberben_furdeni_Tuneziaban\"><\/span>Lehet okt\u00f3berben f\u00fcrdeni Tun\u00e9zi\u00e1ban?<span class=\"ez-toc-section-end\"><\/span><\/h3>\n<div class=\"rank-math-answer \">\n\n<p>Igen, az \u0151szi h\u00f3napok teljesen ide\u00e1lisak a tengerparti tart\u00f3zkod\u00e1sra, \u00e9s az utaz\u00f3k gyakran dics\u00e9rik ezt az id\u0151pontot. A h\u0151m\u00e9rs\u00e9klet ebben az id\u0151ben m\u00e1r valamivel elviselhet\u0151bb, mint a forr\u00f3 augusztusban, de a v\u00edz az eg\u00e9sz ny\u00e1ron \u00e1t tov\u00e1bbra is gy\u00f6ny\u00f6r\u0171en meleg marad \u00e9s egyenesen h\u00edv a hossz\u00fa f\u00fcrd\u0151z\u00e9sre. Ha p\u00e9ld\u00e1ul a napf\u00e9nyes Djerba sziget\u00e9re indultok, a statisztik\u00e1k szerint sz\u00e1m\u00edthattok r\u00e1, hogy a tenger okt\u00f3berben \u00e1tlagosan gy\u00f6ny\u00f6r\u0171 26,5 \u00b0C-os, \u00e9s napk\u00f6zben a leveg\u0151 h\u0151m\u00e9rs\u00e9klete nagyon kellemes 28,4 \u00b0C k\u00f6r\u00fcl marad. Az \u0151szi nyaral\u00e1s ebben az \u00e9szak-afrikai orsz\u00e1gban teh\u00e1t t\u00f6k\u00e9letes v\u00e1laszt\u00e1s mindazok sz\u00e1m\u00e1ra, akik meg szeretn\u00e9k hosszabb\u00edtani a nyarat.<\/p>\n\n<\/div>\n<\/div>\n<div id=\"faq-question-1787758039004\" class=\"rank-math-list-item\">\n<h3 class=\"rank-math-question \"><span class=\"ez-toc-section\" id=\"Jol_elnek_a_vegetarianusok_Tuneziaban\"><\/span>J\u00f3l \u00e9lnek a veget\u00e1ri\u00e1nusok Tun\u00e9zi\u00e1ban?<span class=\"ez-toc-section-end\"><\/span><\/h3>\n<div class=\"rank-math-answer \">\n\n<p>A helyi gasztron\u00f3mia szerencs\u00e9re meglehet\u0151sen nagylelk\u0171 a h\u00fasmentes \u00e9trend kedvel\u0151ivel, \u00edgy biztosan j\u00f3kat \u00e9s j\u00f3l tudtok majd enni. A hagyom\u00e1nyos szak\u00e1csok rengeteg friss z\u00f6lds\u00e9ggel \u00e9s h\u00fcvelyesekkel dolgoznak, \u00edgy \u00e9lvezhetitek a z\u00f6lds\u00e9ges kuszkuszt, a csicseribors\u00f3levest lablabi-t, a s\u00fclt kever\u00e9ket kafteji-t vagy a kit\u0171n\u0151 sal\u00e1t\u00e1kat. De nagyon vigy\u00e1znod kell arra, hogy a tonhalat \u00e9s a f\u0151tt toj\u00e1st szok\u00e1s szinte mindenbe beletenni, m\u00e9g olyan \u00e9telekbe is, ahol norm\u00e1l esetben nem v\u00e1rn\u00e1tok. A rendel\u00e9s el\u0151tt ez\u00e9rt mindig kompromisszumok n\u00e9lk\u00fcl k\u00e9rjetek \u201esans thon&#8221; (tonhal n\u00e9lk\u00fcl) \u00e9s \u201esans \u0153uf&#8221; (toj\u00e1s n\u00e9lk\u00fcl) \u00e9telt.<\/p>\n\n<\/div>\n<\/div>\n<div id=\"faq-question-1787758039005\" class=\"rank-math-list-item\">\n<h3 class=\"rank-math-question \"><span class=\"ez-toc-section\" id=\"Hogyan_lehet_eljutni_a_Szaharaba\"><\/span>Hogyan lehet eljutni a Szahar\u00e1ba?<span class=\"ez-toc-section-end\"><\/span><\/h3>\n<div class=\"rank-math-answer \">\n\n<p>A homokd\u0171n\u00e9khez tett kir\u00e1ndul\u00e1sok a legkedveltebb \u00e9lm\u00e9nyek k\u00f6z\u00e9 tartoznak, de hat\u00e1rozottan nem aj\u00e1nlott tapasztalatok n\u00e9lk\u00fcl saj\u00e1t szervez\u00e9sben elindulni a sivatagba. A legt\u00f6bb utaz\u00f3 a k\u00e9nyelmes szervezett k\u00e9tnapos kir\u00e1ndul\u00e1st v\u00e1lasztja, amelyet k\u00f6zvetlen\u00fcl az idegenvezet\u0151t\u0151l vagy helyi \u00fcgyn\u00f6ks\u00e9gekben v\u00e1s\u00e1rolhattok meg. Ezeket a kir\u00e1ndul\u00e1sokat rendszeresen szervezik olyan n\u00e9pszer\u0171 \u00fcd\u00fcl\u0151helyekr\u0151l, mint Djerba szigete vagy Sousse v\u00e1rosa, \u00e9s terepj\u00e1r\u00f3val val\u00f3 utaz\u00e1st, valamint \u00e9jszak\u00e1z\u00e1st is tartalmaznak a sivatagban. Alternat\u00edvak\u00e9nt ell\u00e1togathattok a sivatagi kisv\u00e1rosokba, Douz-ba \u00e9s Tozeur-be, amelyek a Szahara f\u0151 kapuik\u00e9nt szolg\u00e1lnak, \u00e9s k\u00f6zvetlen\u00fcl a helysz\u00ednen b\u00e9relhetnek bev\u00e1lt helyi idegenvezet\u0151t j\u00e1rm\u0171vel.<\/p>\n\n<\/div>\n<\/div>\n<div id=\"faq-question-1787758039006\" class=\"rank-math-list-item\">\n<h3 class=\"rank-math-question \"><span class=\"ez-toc-section\" id=\"Kell_vizum_Tuneziaba\"><\/span>Kell v\u00edzum Tun\u00e9zi\u00e1ba?<span class=\"ez-toc-section-end\"><\/span><\/h3>\n<div class=\"rank-math-answer \">\n\n<p>A j\u00f3 h\u00edr, hogy rendes turistal\u00e1togat\u00e1shoz a magyar \u00e1llampolg\u00e1rok sz\u00e1m\u00e1ra jelenleg nem sz\u00fcks\u00e9ges v\u00edzum. Csak \u00fatlev\u00e9l kell, amelynek legal\u00e1bb hat h\u00f3nappal a tervezett hazat\u00e9r\u00e9s ut\u00e1n is \u00e9rv\u00e9nyesnek kell lennie. Az orsz\u00e1gba val\u00f3 bel\u00e9p\u00e9skor csup\u00e1n kit\u00f6lt\u00f6t\u00f6k egy egyszer\u0171 beutaz\u00f3k\u00e1rty\u00e1t, amelyet leadtok az \u00fatlev\u00e9l-ellen\u0151rz\u00e9sn\u00e9l. Azonban rendk\u00edv\u00fcl fontos eml\u00e9kezni arra, hogy az adminisztrat\u00edv felt\u00e9telek id\u0151vel nagyon gyorsan v\u00e1ltozhatnak. Ez\u00e9rt minden rep\u00fcl\u0151jegy vagy utaz\u00e1s megv\u00e1s\u00e1rl\u00e1sa el\u0151tt mindig ink\u00e1bb a biztons\u00e1g kedv\u00e9\u00e9rt ellen\u0151rizz\u00e9tek a legfrissebb inform\u00e1ci\u00f3kat k\u00f6zvetlen\u00fcl a K\u00fcl\u00fcgyminiszt\u00e9rium hivatalos weboldalain.<\/p>\n\n<\/div>\n<\/div>\n<div id=\"faq-question-1787758039007\" class=\"rank-math-list-item\">\n<h3 class=\"rank-math-question \"><span class=\"ez-toc-section\" id=\"Takaroznom_kell_Tuneziaban\"><\/span>Takar\u00f3znom kell Tun\u00e9zi\u00e1ban?<span class=\"ez-toc-section-end\"><\/span><\/h3>\n<div class=\"rank-math-answer \">\n\n<p>B\u00e1r muszlim orsz\u00e1gban tart\u00f3zkodtok, az \u00f6lt\u00f6zk\u00f6d\u00e9si szab\u00e1lyok a turist\u00e1k sz\u00e1m\u00e1ra itt nagyon laz\u00e1k \u00e9s meglep\u0151en toler\u00e1nsak. A sz\u00e1llodai \u00fcd\u00fcl\u0151hely ter\u00fclet\u00e9n, a medenc\u00e9n\u00e9l \u00e9s a tengerparton teljesen norm\u00e1lis strand\u00f6lt\u00f6zet \u00e9rv\u00e9nyes, amihez Eur\u00f3p\u00e1b\u00f3l hozz\u00e1szoktatok. A helyzet azonban megv\u00e1ltozik, amint kir\u00e1ndulni indultok a r\u00e9gi medin\u00e1kba, \u00e9s k\u00fcl\u00f6n\u00f6sen ha mecseteket vagy m\u00e1s vall\u00e1si eml\u00e9khelyeket terveztek megl\u00e1togatni. Ilyen esetekben a helyi kult\u00fara tisztelet\u00e9b\u0151l egy\u00e9rtelm\u0171en illik a v\u00e1llat \u00e9s a t\u00e9rdet takarni. El\u00e9g egy hosszabb szokny\u00e1t vagy v\u00e1szonnadr\u00e1got felvenni, \u00e9s a v\u00e1llra k\u00f6nny\u0171 kend\u0151t vetni, amellyel r\u00e1ad\u00e1sul eleg\u00e1nsan megv\u00e9ditek magatokat az \u00e9les napt\u00f3l is.<\/p>\n\n<\/div>\n<\/div>\n<\/div>\n<\/div>","protected":false},"excerpt":{"rendered":"<p>Ha id\u00e9n a v\u00e1gyott tun\u00e9ziai nyaral\u00e1s v\u00e1r r\u00e1d, \u00f6ssze\u00e1ll\u00edtottam neked egy nagy \u00fatmutat\u00f3t a legjobb sz\u00e1ll\u00e1stippekkel, a helyi k\u00f6zleked\u00e9ssel \u00e9s egy t\u00e1j\u00e9koztat\u00f3 k\u00f6lts\u00e9gvet\u00e9ssel.<\/p>\n","protected":false},"author":3,"featured_media":400005,"comment_status":"open","ping_status":"open","sticky":false,"template":"","format":"standard","meta":{"_acf_changed":false,"footnotes":"","rank_math_title":"Tun\u00e9zia nyaral\u00e1s: 22 tipp, mit l\u00e1ss 2026-ban","rank_math_description":"Tun\u00e9zia nyaral\u00e1s 2026: 22 tipp, mit l\u00e1ss, hol sz\u00e1llj meg, mikor a legmelegebb a tenger \u00e9s mennyibe ker\u00fcl. Tervezd meg a t\u00f6k\u00e9letes utad most!","rank_math_focus_keyword":"tun\u00e9zia nyaral\u00e1s","rank_math_seo_score":""},"categories":[1800,1788],"tags":[],"class_list":["post-409136","post","type-post","status-publish","format-standard","has-post-thumbnail","category-afrika","category-utazas"],"acf":[],"featured_image_src":"https:\/\/loudavymkrokem.cz\/wp-content\/uploads\/2026\/08\/dovolena-tunisko-hero.jpg","author_info":{"display_name":"Lucie Kone\u010dn\u00e1","author_link":"https:\/\/loudavymkrokem.cz\/hu\/author\/lucie-konecna\/"},"_links":{"self":[{"href":"https:\/\/loudavymkrokem.cz\/hu\/wp-json\/wp\/v2\/posts\/409136","targetHints":{"allow":["GET"]}}],"collection":[{"href":"https:\/\/loudavymkrokem.cz\/hu\/wp-json\/wp\/v2\/posts"}],"about":[{"href":"https:\/\/loudavymkrokem.cz\/hu\/wp-json\/wp\/v2\/types\/post"}],"author":[{"embeddable":true,"href":"https:\/\/loudavymkrokem.cz\/hu\/wp-json\/wp\/v2\/users\/3"}],"replies":[{"embeddable":true,"href":"https:\/\/loudavymkrokem.cz\/hu\/wp-json\/wp\/v2\/comments?post=409136"}],"version-history":[{"count":0,"href":"https:\/\/loudavymkrokem.cz\/hu\/wp-json\/wp\/v2\/posts\/409136\/revisions"}],"wp:featuredmedia":[{"embeddable":true,"href":"https:\/\/loudavymkrokem.cz\/hu\/wp-json\/wp\/v2\/media\/400005"}],"wp:attachment":[{"href":"https:\/\/loudavymkrokem.cz\/hu\/wp-json\/wp\/v2\/media?parent=409136"}],"wp:term":[{"taxonomy":"category","embeddable":true,"href":"https:\/\/loudavymkrokem.cz\/hu\/wp-json\/wp\/v2\/categories?post=409136"},{"taxonomy":"post_tag","embeddable":true,"href":"https:\/\/loudavymkrokem.cz\/hu\/wp-json\/wp\/v2\/tags?post=409136"}],"curies":[{"name":"wp","href":"https:\/\/api.w.org\/{rel}","templated":true}]}}