{"id":409130,"date":"2026-08-28T17:56:32","date_gmt":"2026-08-28T15:56:32","guid":{"rendered":"https:\/\/loudavymkrokem.cz\/jordania-utazas-tippek\/"},"modified":"2026-08-31T07:55:15","modified_gmt":"2026-08-31T05:55:15","slug":"jordania-utazas-tippek","status":"publish","type":"post","link":"https:\/\/loudavymkrokem.cz\/hu\/jordania-utazas-tippek\/","title":{"rendered":"Utaz\u00e1s Jord\u00e1ni\u00e1ba: 20 tipp Petr\u00e1t\u00f3l a Wadi Rumig 2026-ban"},"content":{"rendered":"\n<!-- lk-tldr -->\n<div class=\"lk-tldr\" style=\"background:#f7f5f0;border-left:4px solid #c39f76;border-radius:0 10px 10px 0;padding:14px 18px;margin:0 0 26px;font-size:15px;line-height:1.65;\"><strong style=\"display:block;font-size:12px;text-transform:uppercase;letter-spacing:.06em;color:#a9885a;margin-bottom:5px;\">TL;DR<\/strong>Jord\u00e1nia az az orsz\u00e1g, ahol reggel a szikl\u00e1ba v\u00e9sett <strong>Petra<\/strong> el\u0151tt \u00e1llsz egy szurdokban, d\u00e9lut\u00e1n dzsippel sz\u00e1guldasz a v\u00f6r\u00f6s <strong>Wadi Rum<\/strong> sivatagban, este pedig a <strong>Holt-tenger<\/strong> h\u00e1t\u00e1n lebegsz \u2013 \u00e9s mindez belef\u00e9r egyetlen h\u00e9tbe. A legjobb h\u00f3napok <strong>m\u00e1rcius\u2013m\u00e1jus \u00e9s szeptember\u2013november<\/strong>: j\u00faliusban Petr\u00e1ban 33,6 \u00b0C, a Holt-tengern\u00e9l 38,5 \u00b0C van. \u26a0\ufe0f A legfontosabb dolgot int\u00e9zd el el\u0151re: a <strong>Jordan Passt<\/strong> m\u00e9g az \u00e9rkez\u00e9s el\u0151tt online kell megvenni, t\u00f6bb mint 40 l\u00e1tnival\u00f3t tartalmaz Petr\u00e1val egy\u00fctt, \u00e9s elengedi a v\u00edzumd\u00edjat, ha legal\u00e1bb 3 \u00e9jszak\u00e1t t\u00f6ltesz az orsz\u00e1gban. Jord\u00e1nia nem olcs\u00f3, a d\u00edn\u00e1r a vil\u00e1g egyik leger\u0151sebb p\u00e9nzneme.<\/div>\n<!-- \/lk-tldr -->\n\n\n\n<!-- lk-navbar -->\n<div class=\"lk-navbar\" style=\"margin:0 0 28px;\"><div style=\"font-size:12px;text-transform:uppercase;letter-spacing:.06em;color:#a9885a;font-weight:700;margin-bottom:9px;\">Gyors linkek<\/div><div style=\"display:flex;flex-wrap:wrap;gap:9px;\"><a href=\"#Kdy_jet_do_Jordanska_pocasi_mesic_po_mesici\" style=\"background:#c39f76;color:#fff;border:1px solid #c39f76;font-weight:700;padding:9px 15px;border-radius:22px;font-size:14px;text-decoration:none;display:inline-block;line-height:1;\">\ud83c\udf21\ufe0f Mikor menj<\/a><a href=\"#Co_videt_v_Jordansku_20_tipu_od_Petry_po_Rude_more\" style=\"background:#fff;color:#6b5a44;border:1px solid #e2d6c1;font-weight:600;padding:9px 15px;border-radius:22px;font-size:14px;text-decoration:none;display:inline-block;line-height:1;\">\ud83d\udccd 20 tipp<\/a><a href=\"#Jordan_Pass_nejdulezitejsi_vec_kterou_vyreste_pred_odletem\" style=\"background:#fff;color:#6b5a44;border:1px solid #e2d6c1;font-weight:600;padding:9px 15px;border-radius:22px;font-size:14px;text-decoration:none;display:inline-block;line-height:1;\">\ud83c\udf9f\ufe0f Jordan Pass<\/a><a href=\"#Itinerar_na_7_a_10_dni_jak_si_Jordansko_rozvrhnout\" style=\"background:#fff;color:#6b5a44;border:1px solid #e2d6c1;font-weight:600;padding:9px 15px;border-radius:22px;font-size:14px;text-decoration:none;display:inline-block;line-height:1;\">\ud83d\uddfa\ufe0f \u00datiterv<\/a><a href=\"#Kde_se_ubytovat_v_Jordansku\" style=\"background:#fff;color:#6b5a44;border:1px solid #e2d6c1;font-weight:600;padding:9px 15px;border-radius:22px;font-size:14px;text-decoration:none;display:inline-block;line-height:1;\">\ud83c\udfe8 Hol aludj<\/a><a href=\"#Kolik_stoji_dovolena_v_Jordansku\" style=\"background:#fff;color:#6b5a44;border:1px solid #e2d6c1;font-weight:600;padding:9px 15px;border-radius:22px;font-size:14px;text-decoration:none;display:inline-block;line-height:1;\">\ud83d\udcb0 \u00c1rak<\/a><a href=\"#Casto_kladene_otazky\" style=\"background:#fff;color:#6b5a44;border:1px solid #e2d6c1;font-weight:600;padding:9px 15px;border-radius:22px;font-size:14px;text-decoration:none;display:inline-block;line-height:1;\">\u2753 GYIK<\/a><\/div><\/div>\n<!-- \/lk-navbar -->\n\n\n\n<p class=\"wp-block-paragraph\">Jord\u00e1nia pontosan az az orsz\u00e1g, ahol reggel egy keskeny szurdokban \u00e1llsz Petra szikl\u00e1ba v\u00e9sett, r\u00f3zsasz\u00edn homlokzata el\u0151tt, d\u00e9lut\u00e1n m\u00e1r dzsippel sz\u00e1guldasz a v\u00f6r\u00f6s sivatagban, este pedig a Holt-tenger s\u00f3s viz\u00e9n lebegsz \u2013 \u00e9s mindez k\u00e9nyelmesen belef\u00e9r egyetlen h\u00e9tbe. Azok szerint, akik teljesen elvar\u00e1zsolva t\u00e9rnek haza, ez egy hihetetlen\u00fcl soksz\u00edn\u0171 \u00fati c\u00e9l, amilyet a t\u00e9rk\u00e9pen t\u00e9nyleg neh\u00e9z tal\u00e1lni.<\/p>\n\n\n\n<p class=\"wp-block-paragraph\">Ha \u00e9pp azt tervezed, hogy a k\u00f6vetkez\u0151 <strong>jord\u00e1niai utaz\u00e1s<\/strong> val\u00f3ra v\u00e1ljon, biztosan a legfontosabb k\u00e9rd\u00e9s \u00e9rdekel: mit \u00e9rdemes megn\u00e9zni Jord\u00e1ni\u00e1ban, \u00e9s hogyan szervezd meg az eg\u00e9szet. Ez ugyanis nemcsak mag\u00e1t az utaz\u00e1st jelenti, hanem azt is, hogy egy kicsit m\u00e1s kult\u00far\u00e1ban kell eligazodnod, ahol Amm\u00e1nban \u00e9s a tengern\u00e9l ugyan hordhatsz h\u00e9tk\u00f6znapi ruh\u00e1t, de a l\u00e1tnival\u00f3kn\u00e1l elv\u00e1rt a takart v\u00e1ll \u00e9s t\u00e9rd. Sz\u00e1molj azzal is, hogy a helyi d\u00edn\u00e1r a vil\u00e1g egyik leger\u0151sebb p\u00e9nzneme, \u00edgy itt bizony egy\u00e1ltal\u00e1n nem olcs\u00f3 minden.<\/p>\n\n\n\n<p class=\"wp-block-paragraph\">Ebben a r\u00e9szletes \u00fatikalauzban 20 gondosan kiv\u00e1lasztott tippet tal\u00e1lsz a legszebb helyekr\u0151l, pontos, h\u00f3napr\u00f3l h\u00f3napra bontott id\u0151j\u00e1r\u00e1si t\u00e1bl\u00e1zatokat val\u00f3di t\u00edz\u00e9ves adatokb\u00f3l Petr\u00e1ra \u00e9s Akab\u00e1ra, valamint egy r\u00e9szletes \u00fatitervet. Megn\u00e9zz\u00fck azt is, mi\u00e9rt \u00e9ri meg szinte mindig beszerezni az \u00fagynevezett <strong>Jordan Passt<\/strong>, amelynek alap Wanderer v\u00e1ltozata nagyj\u00e1b\u00f3l 70 JOD (\u00e9rdemes mindig ellen\u0151rizni a hivatalos oldalon), \u00e9s kit\u00e1rgyaljuk a biztons\u00e1g k\u00e9rd\u00e9s\u00e9t is, hogy teljesen nyugodtan indulhass \u00fatnak \u263a\ufe0f.<\/p>\n\n\n\n<figure data-wp-context=\"{&quot;imageId&quot;:&quot;6a9530b25b0f3&quot;}\" data-wp-interactive=\"core\/image\" data-wp-key=\"6a9530b25b0f3\" class=\"wp-block-image size-full wp-lightbox-container\"><img decoding=\"async\" width=\"1500\" height=\"1125\" data-wp-class--hide=\"state.isContentHidden\" data-wp-class--show=\"state.isContentVisible\" data-wp-init=\"callbacks.setButtonStyles\" data-wp-on--click=\"actions.showLightbox\" data-wp-on--load=\"callbacks.setButtonStyles\" data-wp-on--pointerdown=\"actions.preloadImage\" data-wp-on--pointerenter=\"actions.preloadImageWithDelay\" data-wp-on--pointerleave=\"actions.cancelPreload\" data-wp-on-window--resize=\"callbacks.setButtonStyles\" src=\"https:\/\/loudavymkrokem.cz\/wp-content\/uploads\/2026\/08\/dovolena-jordansko-uvod.jpg\" alt=\"A v\u00f6r\u00f6s Wadi Rum sivatag\" class=\"wp-image-400017\" title=\"\" srcset=\"https:\/\/loudavymkrokem.cz\/wp-content\/uploads\/2026\/08\/dovolena-jordansko-uvod.jpg 1500w, https:\/\/loudavymkrokem.cz\/wp-content\/uploads\/2026\/08\/dovolena-jordansko-uvod-300x225.jpg 300w, https:\/\/loudavymkrokem.cz\/wp-content\/uploads\/2026\/08\/dovolena-jordansko-uvod-700x525.jpg 700w, https:\/\/loudavymkrokem.cz\/wp-content\/uploads\/2026\/08\/dovolena-jordansko-uvod-768x576.jpg 768w, https:\/\/loudavymkrokem.cz\/wp-content\/uploads\/2026\/08\/dovolena-jordansko-uvod-80x60.jpg 80w, https:\/\/loudavymkrokem.cz\/wp-content\/uploads\/2026\/08\/dovolena-jordansko-uvod-160x120.jpg 160w, https:\/\/loudavymkrokem.cz\/wp-content\/uploads\/2026\/08\/dovolena-jordansko-uvod-696x522.jpg 696w, https:\/\/loudavymkrokem.cz\/wp-content\/uploads\/2026\/08\/dovolena-jordansko-uvod-1392x1044.jpg 1392w\" sizes=\"(max-width: 1500px) 100vw, 1500px\" \/><button\n\t\t\tclass=\"lightbox-trigger\"\n\t\t\ttype=\"button\"\n\t\t\taria-haspopup=\"dialog\"\n\t\t\tdata-wp-bind--aria-label=\"state.thisImage.triggerButtonAriaLabel\"\n\t\t\tdata-wp-init=\"callbacks.initTriggerButton\"\n\t\t\tdata-wp-on--click=\"actions.showLightbox\"\n\t\t\tdata-wp-style--right=\"state.thisImage.buttonRight\"\n\t\t\tdata-wp-style--top=\"state.thisImage.buttonTop\"\n\t\t>\n\t\t\t<svg xmlns=\"http:\/\/www.w3.org\/2000\/svg\" width=\"12\" height=\"12\" fill=\"none\" viewBox=\"0 0 12 12\">\n\t\t\t\t<path fill=\"#fff\" d=\"M2 0a2 2 0 0 0-2 2v2h1.5V2a.5.5 0 0 1 .5-.5h2V0H2Zm2 10.5H2a.5.5 0 0 1-.5-.5V8H0v2a2 2 0 0 0 2 2h2v-1.5ZM8 12v-1.5h2a.5.5 0 0 0 .5-.5V8H12v2a2 2 0 0 1-2 2H8Zm2-12a2 2 0 0 1 2 2v2h-1.5V2a.5.5 0 0 0-.5-.5H8V0h2Z\" \/>\n\t\t\t<\/svg>\n\t\t<\/button><figcaption class=\"wp-element-caption\">A v\u00f6r\u00f6s Wadi Rum sivatag (Fot\u00f3: John Romano D&#8217;Orazio \/ Wikimedia Commons, CC BY-SA 4.0)<\/figcaption><\/figure>\n\n\n\n<div id=\"ez-toc-container\" class=\"ez-toc-v2_0_86 ez-toc-wrap-left counter-hierarchy ez-toc-counter ez-toc-grey ez-toc-container-direction\">\n<div class=\"ez-toc-title-container\">\n<p class=\"ez-toc-title\" style=\"cursor:inherit\">A cikk tartalma<\/p>\n<span class=\"ez-toc-title-toggle\"><a href=\"#\" class=\"ez-toc-pull-right ez-toc-btn ez-toc-btn-xs ez-toc-btn-default ez-toc-toggle\" aria-label=\"Toggle Table of Content\"><span class=\"ez-toc-js-icon-con\"><span class=\"\"><span class=\"eztoc-hide\" style=\"display:none;\">Toggle<\/span><span class=\"ez-toc-icon-toggle-span\"><svg style=\"fill: #999;color:#999\" xmlns=\"http:\/\/www.w3.org\/2000\/svg\" class=\"list-377408\" width=\"20px\" height=\"20px\" viewBox=\"0 0 24 24\" fill=\"none\"><path d=\"M6 6H4v2h2V6zm14 0H8v2h12V6zM4 11h2v2H4v-2zm16 0H8v2h12v-2zM4 16h2v2H4v-2zm16 0H8v2h12v-2z\" fill=\"currentColor\"><\/path><\/svg><svg style=\"fill: #999;color:#999\" class=\"arrow-unsorted-368013\" xmlns=\"http:\/\/www.w3.org\/2000\/svg\" width=\"10px\" height=\"10px\" viewBox=\"0 0 24 24\" version=\"1.2\" baseProfile=\"tiny\"><path d=\"M18.2 9.3l-6.2-6.3-6.2 6.3c-.2.2-.3.4-.3.7s.1.5.3.7c.2.2.4.3.7.3h11c.3 0 .5-.1.7-.3.2-.2.3-.5.3-.7s-.1-.5-.3-.7zM5.8 14.7l6.2 6.3 6.2-6.3c.2-.2.3-.5.3-.7s-.1-.5-.3-.7c-.2-.2-.4-.3-.7-.3h-11c-.3 0-.5.1-.7.3-.2.2-.3.5-.3.7s.1.5.3.7z\"\/><\/svg><\/span><\/span><\/span><\/a><\/span><\/div>\n<nav><ul class='ez-toc-list ez-toc-list-level-1 ' ><li class='ez-toc-page-1 ez-toc-heading-level-2'><a class=\"ez-toc-link ez-toc-heading-1\" href=\"https:\/\/loudavymkrokem.cz\/hu\/jordania-utazas-tippek\/#Osszefoglalas_ha_nincs_idod_vegigolvasni_a_cikket\" >\u00d6sszefoglal\u00e1s, ha nincs id\u0151d v\u00e9gigolvasni a cikket<\/a><\/li><li class='ez-toc-page-1 ez-toc-heading-level-2'><a class=\"ez-toc-link ez-toc-heading-2\" href=\"https:\/\/loudavymkrokem.cz\/hu\/jordania-utazas-tippek\/#Miert_menj_Jordaniaba_es_kinek_nem_valo\" >Mi\u00e9rt menj Jord\u00e1ni\u00e1ba (\u00e9s kinek nem val\u00f3)<\/a><ul class='ez-toc-list-level-3' ><li class='ez-toc-heading-level-3'><a class=\"ez-toc-link ez-toc-heading-3\" href=\"https:\/\/loudavymkrokem.cz\/hu\/jordania-utazas-tippek\/#6_ok_amiert_Jordania_megeri_az_utat\" >6 ok, ami\u00e9rt Jord\u00e1nia meg\u00e9ri az utat<\/a><\/li><li class='ez-toc-page-1 ez-toc-heading-level-3'><a class=\"ez-toc-link ez-toc-heading-4\" href=\"https:\/\/loudavymkrokem.cz\/hu\/jordania-utazas-tippek\/#Kinek_nem_valo_Jordania\" >Kinek nem val\u00f3 Jord\u00e1nia<\/a><\/li><\/ul><\/li><li class='ez-toc-page-1 ez-toc-heading-level-2'><a class=\"ez-toc-link ez-toc-heading-5\" href=\"https:\/\/loudavymkrokem.cz\/hu\/jordania-utazas-tippek\/#Mikor_menj_Jordaniaba_az_idojaras_honaprol_honapra\" >Mikor menj Jord\u00e1ni\u00e1ba: az id\u0151j\u00e1r\u00e1s h\u00f3napr\u00f3l h\u00f3napra<\/a><ul class='ez-toc-list-level-3' ><li class='ez-toc-heading-level-3'><a class=\"ez-toc-link ez-toc-heading-6\" href=\"https:\/\/loudavymkrokem.cz\/hu\/jordania-utazas-tippek\/#Akaba_es_a_Voros-tenger_mikor_lehet_furdeni\" >Akaba \u00e9s a V\u00f6r\u00f6s-tenger: mikor lehet f\u00fcrdeni<\/a><\/li><li class='ez-toc-page-1 ez-toc-heading-level-3'><a class=\"ez-toc-link ez-toc-heading-7\" href=\"https:\/\/loudavymkrokem.cz\/hu\/jordania-utazas-tippek\/#Amman_a_Holt-tenger_es_a_Wadi_Rum_harom_kulonbozo_eghajlat_egy_orszagban\" >Amm\u00e1n, a Holt-tenger \u00e9s a Wadi Rum: h\u00e1rom k\u00fcl\u00f6nb\u00f6z\u0151 \u00e9ghajlat egy orsz\u00e1gban<\/a><\/li><li class='ez-toc-page-1 ez-toc-heading-level-3'><a class=\"ez-toc-link ez-toc-heading-8\" href=\"https:\/\/loudavymkrokem.cz\/hu\/jordania-utazas-tippek\/#A_legjobb_honapok_az_utazas_tipusa_szerint\" >A legjobb h\u00f3napok az utaz\u00e1s t\u00edpusa szerint<\/a><\/li><\/ul><\/li><li class='ez-toc-page-1 ez-toc-heading-level-2'><a class=\"ez-toc-link ez-toc-heading-9\" href=\"https:\/\/loudavymkrokem.cz\/hu\/jordania-utazas-tippek\/#Mit_erdemes_megnezni_Jordaniaban_20_tipp_Petratol_a_Voros-tengerig\" >Mit \u00e9rdemes megn\u00e9zni Jord\u00e1ni\u00e1ban: 20 tipp Petr\u00e1t\u00f3l a V\u00f6r\u00f6s-tengerig<\/a><ul class='ez-toc-list-level-3' ><li class='ez-toc-heading-level-3'><a class=\"ez-toc-link ez-toc-heading-10\" href=\"https:\/\/loudavymkrokem.cz\/hu\/jordania-utazas-tippek\/#1_A_Sziq_es_a_Kincstar_Petra_bejarata_amit_sosem_felejtesz_el\" >1. A Sziq \u00e9s a Kincst\u00e1r: Petra bej\u00e1rata, amit sosem felejtesz el<\/a><\/li><li class='ez-toc-page-1 ez-toc-heading-level-3'><a class=\"ez-toc-link ez-toc-heading-11\" href=\"https:\/\/loudavymkrokem.cz\/hu\/jordania-utazas-tippek\/#2_Ad-Deir_kolostor_800_lepcso_ami_megeri\" >2. Ad-Deir kolostor: 800 l\u00e9pcs\u0151, ami meg\u00e9ri<\/a><\/li><li class='ez-toc-page-1 ez-toc-heading-level-3'><a class=\"ez-toc-link ez-toc-heading-12\" href=\"https:\/\/loudavymkrokem.cz\/hu\/jordania-utazas-tippek\/#3_A_kiralysirok_es_a_romai_szinhaz\" >3. A kir\u00e1lys\u00edrok \u00e9s a r\u00f3mai sz\u00ednh\u00e1z<\/a><\/li><li class='ez-toc-page-1 ez-toc-heading-level-3'><a class=\"ez-toc-link ez-toc-heading-13\" href=\"https:\/\/loudavymkrokem.cz\/hu\/jordania-utazas-tippek\/#4_Kilatopont_a_Kincstar_folott_es_Petra_osvenyei\" >4. Kil\u00e1t\u00f3pont a Kincst\u00e1r f\u00f6l\u00f6tt \u00e9s Petra \u00f6sv\u00e9nyei<\/a><\/li><li class='ez-toc-page-1 ez-toc-heading-level-3'><a class=\"ez-toc-link ez-toc-heading-14\" href=\"https:\/\/loudavymkrokem.cz\/hu\/jordania-utazas-tippek\/#5_Kis-Petra_Sziq_al-Barid\" >5. Kis-Petra (Sziq al-Barid)<\/a><\/li><li class='ez-toc-page-1 ez-toc-heading-level-3'><a class=\"ez-toc-link ez-toc-heading-15\" href=\"https:\/\/loudavymkrokem.cz\/hu\/jordania-utazas-tippek\/#6_Petra_by_Night\" >6. Petra by Night<\/a><\/li><li class='ez-toc-page-1 ez-toc-heading-level-3'><a class=\"ez-toc-link ez-toc-heading-16\" href=\"https:\/\/loudavymkrokem.cz\/hu\/jordania-utazas-tippek\/#7_Wadi_Musa_bazis_Petra_meglatogatasahoz\" >7. Wadi Musa: b\u00e1zis Petra megl\u00e1togat\u00e1s\u00e1hoz<\/a><\/li><li class='ez-toc-page-1 ez-toc-heading-level-3'><a class=\"ez-toc-link ez-toc-heading-17\" href=\"https:\/\/loudavymkrokem.cz\/hu\/jordania-utazas-tippek\/#8_Wadi_Rum_a_filmekbol_ismert_voros_sivatag\" >8. Wadi Rum: a filmekb\u0151l ismert v\u00f6r\u00f6s sivatag<\/a><\/li><li class='ez-toc-page-1 ez-toc-heading-level-3'><a class=\"ez-toc-link ez-toc-heading-18\" href=\"https:\/\/loudavymkrokem.cz\/hu\/jordania-utazas-tippek\/#9_Alvas_beduin_taborban_a_csillagok_alatt\" >9. Alv\u00e1s beduin t\u00e1borban a csillagok alatt<\/a><\/li><li class='ez-toc-page-1 ez-toc-heading-level-3'><a class=\"ez-toc-link ez-toc-heading-19\" href=\"https:\/\/loudavymkrokem.cz\/hu\/jordania-utazas-tippek\/#10_Az_Umm_Fruth_sziklahid_es_Lawrence_forrasa\" >10. Az Umm Fruth sziklah\u00edd \u00e9s Lawrence forr\u00e1sa<\/a><\/li><li class='ez-toc-page-1 ez-toc-heading-level-3'><a class=\"ez-toc-link ez-toc-heading-20\" href=\"https:\/\/loudavymkrokem.cz\/hu\/jordania-utazas-tippek\/#11_Holt-tenger_a_Fold_legalacsonyabban_fekvo_pontja\" >11. Holt-tenger: a F\u00f6ld legalacsonyabban fekv\u0151 pontja<\/a><\/li><li class='ez-toc-page-1 ez-toc-heading-level-3'><a class=\"ez-toc-link ez-toc-heading-21\" href=\"https:\/\/loudavymkrokem.cz\/hu\/jordania-utazas-tippek\/#12_Wadi_Mudzsib_a_kanyon_amelyben_arral_szemben_gazolsz\" >12. Wadi Mudzsib: a kanyon, amelyben \u00e1rral szemben g\u00e1zolsz<\/a><\/li><li class='ez-toc-page-1 ez-toc-heading-level-3'><a class=\"ez-toc-link ez-toc-heading-22\" href=\"https:\/\/loudavymkrokem.cz\/hu\/jordania-utazas-tippek\/#13_Madaba_es_a_mozaikterkep\" >13. Madaba \u00e9s a mozaikt\u00e9rk\u00e9p<\/a><\/li><li class='ez-toc-page-1 ez-toc-heading-level-3'><a class=\"ez-toc-link ez-toc-heading-23\" href=\"https:\/\/loudavymkrokem.cz\/hu\/jordania-utazas-tippek\/#14_A_Nebo-hegy\" >14. A N\u00e9b\u00f3-hegy<\/a><\/li><li class='ez-toc-page-1 ez-toc-heading-level-3'><a class=\"ez-toc-link ez-toc-heading-24\" href=\"https:\/\/loudavymkrokem.cz\/hu\/jordania-utazas-tippek\/#15_Kerak_es_Sobak_keresztes_varak\" >15. Kerak \u00e9s S\u00f3bak: keresztes v\u00e1rak<\/a><\/li><li class='ez-toc-page-1 ez-toc-heading-level-3'><a class=\"ez-toc-link ez-toc-heading-25\" href=\"https:\/\/loudavymkrokem.cz\/hu\/jordania-utazas-tippek\/#16_Az_ammani_citadella_es_a_romai_szinhaz\" >16. Az amm\u00e1ni citadella \u00e9s a r\u00f3mai sz\u00ednh\u00e1z<\/a><\/li><li class='ez-toc-page-1 ez-toc-heading-level-3'><a class=\"ez-toc-link ez-toc-heading-26\" href=\"https:\/\/loudavymkrokem.cz\/hu\/jordania-utazas-tippek\/#17_Jerash_a_legjobban_megorzott_romai_varos_Italian_kivul\" >17. Jerash: a legjobban meg\u0151rz\u00f6tt r\u00f3mai v\u00e1ros It\u00e1li\u00e1n k\u00edv\u00fcl<\/a><\/li><li class='ez-toc-page-1 ez-toc-heading-level-3'><a class=\"ez-toc-link ez-toc-heading-27\" href=\"https:\/\/loudavymkrokem.cz\/hu\/jordania-utazas-tippek\/#18_Amman_belvaros_szuk_es_kavezok\" >18. Amm\u00e1n: belv\u00e1ros, sz\u00fak \u00e9s k\u00e1v\u00e9z\u00f3k<\/a><\/li><li class='ez-toc-page-1 ez-toc-heading-level-3'><a class=\"ez-toc-link ez-toc-heading-28\" href=\"https:\/\/loudavymkrokem.cz\/hu\/jordania-utazas-tippek\/#19_Adzslun_es_Szaladin_vara\" >19. Adzsl\u00fan \u00e9s Szaladin v\u00e1ra<\/a><\/li><li class='ez-toc-page-1 ez-toc-heading-level-3'><a class=\"ez-toc-link ez-toc-heading-29\" href=\"https:\/\/loudavymkrokem.cz\/hu\/jordania-utazas-tippek\/#20_Akaba_es_a_Voros-tenger\" >20. Akaba \u00e9s a V\u00f6r\u00f6s-tenger<\/a><\/li><\/ul><\/li><li class='ez-toc-page-1 ez-toc-heading-level-2'><a class=\"ez-toc-link ez-toc-heading-30\" href=\"https:\/\/loudavymkrokem.cz\/hu\/jordania-utazas-tippek\/#Jordan_Pass_a_legfontosabb_amit_indulas_elott_intezz_el\" >Jordan Pass: a legfontosabb, amit indul\u00e1s el\u0151tt int\u00e9zz el<\/a><\/li><li class='ez-toc-page-1 ez-toc-heading-level-2'><a class=\"ez-toc-link ez-toc-heading-31\" href=\"https:\/\/loudavymkrokem.cz\/hu\/jordania-utazas-tippek\/#Utiterv_7_es_10_napra_hogyan_oszd_be_Jordaniat\" >\u00datiterv 7 \u00e9s 10 napra: hogyan oszd be Jord\u00e1ni\u00e1t<\/a><ul class='ez-toc-list-level-3' ><li class='ez-toc-heading-level-3'><a class=\"ez-toc-link ez-toc-heading-32\" href=\"https:\/\/loudavymkrokem.cz\/hu\/jordania-utazas-tippek\/#A_klasszikus_het\" >A klasszikus h\u00e9t<\/a><\/li><li class='ez-toc-page-1 ez-toc-heading-level-3'><a class=\"ez-toc-link ez-toc-heading-33\" href=\"https:\/\/loudavymkrokem.cz\/hu\/jordania-utazas-tippek\/#Tiz_nap_sietseg_nelkul\" >T\u00edz nap siets\u00e9g n\u00e9lk\u00fcl<\/a><\/li><\/ul><\/li><li class='ez-toc-page-1 ez-toc-heading-level-2'><a class=\"ez-toc-link ez-toc-heading-34\" href=\"https:\/\/loudavymkrokem.cz\/hu\/jordania-utazas-tippek\/#Hol_szallj_meg_Jordaniaban\" >Hol sz\u00e1llj meg Jord\u00e1ni\u00e1ban<\/a><ul class='ez-toc-list-level-3' ><li class='ez-toc-heading-level-3'><a class=\"ez-toc-link ez-toc-heading-35\" href=\"https:\/\/loudavymkrokem.cz\/hu\/jordania-utazas-tippek\/#A_teruletek_attekintese\" >A ter\u00fcletek \u00e1ttekint\u00e9se<\/a><\/li><li class='ez-toc-page-1 ez-toc-heading-level-3'><a class=\"ez-toc-link ez-toc-heading-36\" href=\"https:\/\/loudavymkrokem.cz\/hu\/jordania-utazas-tippek\/#Konkret_szallastippek\" >Konkr\u00e9t sz\u00e1ll\u00e1stippek<\/a><\/li><\/ul><\/li><li class='ez-toc-page-1 ez-toc-heading-level-2'><a class=\"ez-toc-link ez-toc-heading-37\" href=\"https:\/\/loudavymkrokem.cz\/hu\/jordania-utazas-tippek\/#Mit_egyel_Jordaniaban\" >Mit egy\u00e9l Jord\u00e1ni\u00e1ban<\/a><\/li><li class='ez-toc-page-1 ez-toc-heading-level-2'><a class=\"ez-toc-link ez-toc-heading-38\" href=\"https:\/\/loudavymkrokem.cz\/hu\/jordania-utazas-tippek\/#Mennyibe_kerul_egy_jordaniai_nyaralas\" >Mennyibe ker\u00fcl egy jord\u00e1niai nyaral\u00e1s<\/a><\/li><li class='ez-toc-page-1 ez-toc-heading-level-2'><a class=\"ez-toc-link ez-toc-heading-39\" href=\"https:\/\/loudavymkrokem.cz\/hu\/jordania-utazas-tippek\/#Kozlekedes_Jordaniaban\" >K\u00f6zleked\u00e9s Jord\u00e1ni\u00e1ban<\/a><ul class='ez-toc-list-level-3' ><li class='ez-toc-heading-level-3'><a class=\"ez-toc-link ez-toc-heading-40\" href=\"https:\/\/loudavymkrokem.cz\/hu\/jordania-utazas-tippek\/#Berelt_auto\" >B\u00e9relt aut\u00f3<\/a><\/li><li class='ez-toc-page-1 ez-toc-heading-level-3'><a class=\"ez-toc-link ez-toc-heading-41\" href=\"https:\/\/loudavymkrokem.cz\/hu\/jordania-utazas-tippek\/#Sofor_vagy_szervezett_korut\" >Sof\u0151r vagy szervezett k\u00f6r\u00fat<\/a><\/li><li class='ez-toc-page-1 ez-toc-heading-level-3'><a class=\"ez-toc-link ez-toc-heading-42\" href=\"https:\/\/loudavymkrokem.cz\/hu\/jordania-utazas-tippek\/#JETT_buszok_es_taxi\" >JETT buszok \u00e9s taxi<\/a><\/li><\/ul><\/li><li class='ez-toc-page-1 ez-toc-heading-level-2'><a class=\"ez-toc-link ez-toc-heading-43\" href=\"https:\/\/loudavymkrokem.cz\/hu\/jordania-utazas-tippek\/#Mire_figyelj_Jordaniaban\" >Mire figyelj Jord\u00e1ni\u00e1ban<\/a><\/li><li class='ez-toc-page-1 ez-toc-heading-level-2'><a class=\"ez-toc-link ez-toc-heading-44\" href=\"https:\/\/loudavymkrokem.cz\/hu\/jordania-utazas-tippek\/#Biztonsagos_Jordania\" >Biztons\u00e1gos Jord\u00e1nia?<\/a><\/li><li class='ez-toc-page-1 ez-toc-heading-level-2'><a class=\"ez-toc-link ez-toc-heading-45\" href=\"https:\/\/loudavymkrokem.cz\/hu\/jordania-utazas-tippek\/#Hova_tovabb_tovabbi_tippek_tortenelmi_es_sivatagi_utakhoz\" >Hov\u00e1 tov\u00e1bb: tov\u00e1bbi tippek t\u00f6rt\u00e9nelmi \u00e9s sivatagi utakhoz<\/a><\/li><li class='ez-toc-page-1 ez-toc-heading-level-2'><a class=\"ez-toc-link ez-toc-heading-46\" href=\"https:\/\/loudavymkrokem.cz\/hu\/jordania-utazas-tippek\/#Gyakran_ismetelt_kerdesek\" >Gyakran ism\u00e9telt k\u00e9rd\u00e9sek<\/a><ul class='ez-toc-list-level-3' ><li class='ez-toc-heading-level-3'><a class=\"ez-toc-link ez-toc-heading-47\" href=\"https:\/\/loudavymkrokem.cz\/hu\/jordania-utazas-tippek\/#Mikor_a_legjobb_Jordaniaba_utazni\" >Mikor a legjobb Jord\u00e1ni\u00e1ba utazni?<\/a><\/li><li class='ez-toc-page-1 ez-toc-heading-level-3'><a class=\"ez-toc-link ez-toc-heading-48\" href=\"https:\/\/loudavymkrokem.cz\/hu\/jordania-utazas-tippek\/#Megeri_a_Jordan_Pass\" >Meg\u00e9ri a Jordan Pass?<\/a><\/li><li class='ez-toc-page-1 ez-toc-heading-level-3'><a class=\"ez-toc-link ez-toc-heading-49\" href=\"https:\/\/loudavymkrokem.cz\/hu\/jordania-utazas-tippek\/#Hany_napra_van_szukseg_Jordaniaban\" >H\u00e1ny napra van sz\u00fcks\u00e9g Jord\u00e1ni\u00e1ban?<\/a><\/li><li class='ez-toc-page-1 ez-toc-heading-level-3'><a class=\"ez-toc-link ez-toc-heading-50\" href=\"https:\/\/loudavymkrokem.cz\/hu\/jordania-utazas-tippek\/#Mennyi_idore_van_szukseg_Petraban\" >Mennyi id\u0151re van sz\u00fcks\u00e9g Petr\u00e1ban?<\/a><\/li><li class='ez-toc-page-1 ez-toc-heading-level-3'><a class=\"ez-toc-link ez-toc-heading-51\" href=\"https:\/\/loudavymkrokem.cz\/hu\/jordania-utazas-tippek\/#Biztonsagos_Jordania-2\" >Biztons\u00e1gos Jord\u00e1nia?<\/a><\/li><li class='ez-toc-page-1 ez-toc-heading-level-3'><a class=\"ez-toc-link ez-toc-heading-52\" href=\"https:\/\/loudavymkrokem.cz\/hu\/jordania-utazas-tippek\/#Lehet_furdeni_Jordaniaban\" >Lehet f\u00fcrdeni Jord\u00e1ni\u00e1ban?<\/a><\/li><li class='ez-toc-page-1 ez-toc-heading-level-3'><a class=\"ez-toc-link ez-toc-heading-53\" href=\"https:\/\/loudavymkrokem.cz\/hu\/jordania-utazas-tippek\/#Kell_vizum_Jordaniaba\" >Kell v\u00edzum Jord\u00e1ni\u00e1ba?<\/a><\/li><li class='ez-toc-page-1 ez-toc-heading-level-3'><a class=\"ez-toc-link ez-toc-heading-54\" href=\"https:\/\/loudavymkrokem.cz\/hu\/jordania-utazas-tippek\/#Jol_laknak_a_vegetarianusok_Jordaniaban\" >J\u00f3l laknak a veget\u00e1ri\u00e1nusok Jord\u00e1ni\u00e1ban?<\/a><\/li><\/ul><\/li><\/ul><\/nav><\/div>\n<h2 id=\"Shrnuti_pokud_nestihate_cist_cely_clanek\" class=\"wp-block-heading\"><span class=\"ez-toc-section\" id=\"Osszefoglalas_ha_nincs_idod_vegigolvasni_a_cikket\"><\/span>\u00d6sszefoglal\u00e1s, ha nincs id\u0151d v\u00e9gigolvasni a cikket<span class=\"ez-toc-section-end\"><\/span><\/h2>\n\n\n\n<ul class=\"wp-block-list\">\n<li>Petra szerepel az UNESCO-list\u00e1n, \u00e9s joggal tartozik a <strong>vil\u00e1g h\u00e9t \u00faj csod\u00e1ja<\/strong> k\u00f6z\u00e9.<\/li>\n\n\n\n<li>A <strong>Jordan Passt<\/strong> kiz\u00e1r\u00f3lag online, m\u00e9g az orsz\u00e1gba \u00e9rkez\u00e9s el\u0151tt lehet megvenni; legal\u00e1bb 3 \u00e9jszak\u00e1s tart\u00f3zkod\u00e1s eset\u00e9n elengedi a v\u00edzumd\u00edjat, \u00e9s t\u00f6bb mint 40 l\u00e1tnival\u00f3 bel\u00e9p\u0151j\u00e9t tartalmazza, mag\u00e1t Petr\u00e1t is bele\u00e9rtve.<\/li>\n\n\n\n<li>Turisztikailag a <strong>legjobb h\u00f3napok<\/strong> a m\u00e1rciust\u00f3l m\u00e1jusig, majd a szeptembert\u0151l novemberig terjed\u0151 id\u0151szak.<\/li>\n\n\n\n<li>Mag\u00e1ban Petr\u00e1ban a h\u0151m\u00e9rs\u00e9klet j\u00faliusban 33,6 \u00b0C-ra k\u00faszik, de mivel a v\u00e1ros 1130 m\u00e9teres tengerszint feletti magass\u00e1gban fekszik, az <strong>\u00e9jszak\u00e1k m\u00e9g a forr\u00f3 ny\u00e1ron is h\u0171v\u00f6sek<\/strong>.<\/li>\n\n\n\n<li>A <strong>Holt-tenger<\/strong> mintegy 430 m\u00e9terrel a vil\u00e1gtenger szintje alatt fekszik, ez\u00e9rt itt a legmelegebb az eg\u00e9sz orsz\u00e1g \u00e9ghajlata.<\/li>\n\n\n\n<li>A V\u00f6r\u00f6s-tenger melletti kik\u00f6t\u0151v\u00e1ros, <strong>Akaba<\/strong> a v\u00edz\u00e9vel cs\u00e1b\u00edt, amely t\u00e9l k\u00f6zep\u00e9n is 21 \u00b0C f\u00f6l\u00f6tt van, ez\u00e9rt m\u00e9lt\u00e1n h\u00edres b\u00fav\u00e1rparadicsom.<\/li>\n\n\n\n<li>A <strong>Wadi Rum<\/strong> a h\u00edres v\u00f6r\u00f6s sivatag, ahol a Ment\u0151exped\u00edci\u00f3t \u00e9s a D\u0171n\u00e9t forgatt\u00e1k, \u00e9s ahol hagyom\u00e1nyos beduin t\u00e1borokban alszol a csillagok alatt.<\/li>\n\n\n\n<li>A jord\u00e1niai utaz\u00e1s <strong>nem olcs\u00f3<\/strong>, mert a helyi d\u00edn\u00e1r a vil\u00e1g egyik leger\u0151sebb p\u00e9nzneme.<\/li>\n<\/ul>\n\n\n\n<h2 id=\"Proc_jet_do_Jordanska_a_pro_koho_se_nehodi\" class=\"wp-block-heading\"><span class=\"ez-toc-section\" id=\"Miert_menj_Jordaniaba_es_kinek_nem_valo\"><\/span>Mi\u00e9rt menj Jord\u00e1ni\u00e1ba (\u00e9s kinek nem val\u00f3)<span class=\"ez-toc-section-end\"><\/span><\/h2>\n\n\n\n<p class=\"wp-block-paragraph\">A Jord\u00e1n H\u00e1simita Kir\u00e1lys\u00e1g, ahogy a teljes hivatalos neve sz\u00f3l, a t\u00f6rt\u00e9nelem \u00e9s a term\u00e9szeti sz\u00e9ps\u00e9gek teljesen egyedi kever\u00e9k\u00e9vel cs\u00e1b\u00edt, amely minden jel szerint mag\u00e1val ragad, \u00e9s nem enged el. Miel\u0151tt viszont lelkesen jegyet venn\u00e9l az isztambuli vagy b\u00e9csi \u00e1tsz\u00e1ll\u00e1ssal, mondjuk ki \u0151szint\u00e9n, miben <strong>teljesen fantasztikus<\/strong> ez a k\u00f6zel-keleti orsz\u00e1g, \u00e9s kinek zavar\u00f3ak ink\u00e1bb a saj\u00e1toss\u00e1gai.<\/p>\n\n\n\n<h3 id=\"6_duvodu_proc_Jordansko_stoji_za_cestu\" class=\"wp-block-heading\"><span class=\"ez-toc-section\" id=\"6_ok_amiert_Jordania_megeri_az_utat\"><\/span>6 ok, ami\u00e9rt Jord\u00e1nia meg\u00e9ri az utat<span class=\"ez-toc-section-end\"><\/span><\/h3>\n\n\n\n<p class=\"wp-block-paragraph\"><strong>Petra mint t\u00f6rt\u00e9nelmi kincs:<\/strong> ennek az \u0151si nabateus v\u00e1rosnak a megl\u00e1togat\u00e1sa \u00e1ll\u00edt\u00f3lag az <strong>egyik leger\u0151sebb \u00e9lm\u00e9ny<\/strong>, amit az utaz\u00f3i vil\u00e1gban egy\u00e1ltal\u00e1n \u00f6ssze lehet gy\u0171jteni, \u00e9s mindenki, aki j\u00e1rt ott, d\u00f6bbenetr\u0151l besz\u00e9l a h\u00edres Kincst\u00e1r els\u0151 megpillant\u00e1sakor.<\/p>\n\n\n\n<p class=\"wp-block-paragraph\"><strong>A Wadi Rum sivatag \u00e9s alv\u00e1s a csillagok alatt:<\/strong> a v\u00f6r\u00f6s homokk\u0151 szikl\u00e1k \u00f6vezte beduin t\u00e1borban t\u00f6lt\u00f6tt \u00e9jszaka \u00e1ll\u00edt\u00f3lag hihetetlen hangulat\u00fa, k\u00fcl\u00f6n\u00f6sen ha este a t\u0171z mellett \u00fclsz, \u00e9s f\u00f6l\u00f6tted ezernyi csillag ragyog.<\/p>\n\n\n\n<p class=\"wp-block-paragraph\"><strong>Holt-tenger:<\/strong> al\u00e1mer\u00fclni, vagy ink\u00e1bb lefek\u00fcdni az extr\u00e9m s\u00f3s v\u00edzbe a <strong>F\u00f6ld legalacsonyabban fekv\u0151 pontj\u00e1n<\/strong>, \u00f3ri\u00e1si \u00e9lm\u00e9ny, r\u00e1ad\u00e1sul remek\u00fcl kikapcsol\u00f3dsz, \u00e9s j\u00f3t teszel a b\u0151r\u00f6dnek.<\/p>\n\n\n\n<p class=\"wp-block-paragraph\"><strong>Minden k\u00f6zel van egym\u00e1shoz:<\/strong> az orsz\u00e1got k\u00e9nyelmesen <strong>bej\u00e1rhatod egy h\u00e9t alatt<\/strong>, mert a legnagyobb l\u00e1tnival\u00f3k nincsenek t\u00f6bb ezer kilom\u00e9terre egym\u00e1st\u00f3l, \u00e9s az \u00e1tutaz\u00e1s sem vesz ig\u00e9nybe eg\u00e9sz napokat.<\/p>\n\n\n\n<p class=\"wp-block-paragraph\"><strong>Kiv\u00e9teles vend\u00e9gszeretet \u00e9s biztons\u00e1g:<\/strong> b\u00e1r a K\u00f6zel-Keleten j\u00e1runk, Jord\u00e1nia nagyon stabil \u00e9s nyitott muszlim orsz\u00e1gnak sz\u00e1m\u00edt, ahol a helyiek \u0151szinte mosollyal \u00e9s forr\u00f3 te\u00e1val fogadnak.<\/p>\n\n\n\n<p class=\"wp-block-paragraph\"><strong>A t\u00f6rt\u00e9nelem, a sivatag \u00e9s a tenger kombin\u00e1ci\u00f3ja:<\/strong> kev\u00e9s orsz\u00e1g k\u00edn\u00e1lja azt a lehet\u0151s\u00e9get, hogy p\u00e1r nap alatt antik oszlopokat csod\u00e1lj, dzsippel sz\u00e1guldj a d\u0171n\u00e9ken, majd r\u00f6gt\u00f6n ut\u00e1na <strong>korallz\u00e1tonyok f\u00f6l\u00f6tt snorkelezz<\/strong> Jord\u00e1nia egyetlen kik\u00f6t\u0151j\u00e9n\u00e9l, Akab\u00e1n\u00e1l.<\/p>\n\n\n\n<h3 id=\"Komu_se_Jordansko_nehodi\" class=\"wp-block-heading\"><span class=\"ez-toc-section\" id=\"Kinek_nem_valo_Jordania\"><\/span>Kinek nem val\u00f3 Jord\u00e1nia<span class=\"ez-toc-section-end\"><\/span><\/h3>\n\n\n\n<p class=\"wp-block-paragraph\">B\u00e1r mindez teljesen idillinek hangzik, vannak olyan utaz\u00f3t\u00edpusok, akiknek ez az arab orsz\u00e1g nem a legjobb v\u00e1laszt\u00e1s. Ink\u00e1bb gondold \u00e1t egy m\u00e1sik \u00fati c\u00e9l mellett, ha az al\u00e1bbi kateg\u00f3ri\u00e1k valamelyik\u00e9be tartozol, hogy azt\u00e1n a helysz\u00ednen <strong>ne csal\u00f3dj feleslegesen<\/strong> \ud83d\ude05.<\/p>\n\n\n\n<ul class=\"wp-block-list\">\n<li><strong>Kifejezetten olcs\u00f3 nyaral\u00e1st<\/strong> keresel, mert a l\u00e1tnival\u00f3k bel\u00e9p\u0151i, a k\u00f6zleked\u00e9s \u00e9s a sz\u00e1ll\u00e1s az er\u0151s d\u00edn\u00e1rban t\u00e9nyleg rendesen megdr\u00e1gul.<\/li>\n\n\n\n<li>V\u00e9gig <strong>csak a tengern\u00e9l akarsz fek\u00fcdni<\/strong>, amihez sokkal jobban illik a szomsz\u00e9dos Egyiptom a nagy resortokkal \u00e9s a hossz\u00fa homokos strandokkal.<\/li>\n\n\n\n<li><strong>Nehezen j\u00e1rsz<\/strong>, mivel m\u00e1r csak Petra bej\u00e1r\u00e1sa k\u00f6zben is sim\u00e1n megteszel napi 15 kilom\u00e9tert, \u00e9s nagyon gyakran kell meredek domboldalakon felkapaszkodni.<\/li>\n\n\n\n<li>Rosszul <strong>viseled a nagy meleget<\/strong>, ami itt ny\u00e1ron teljes er\u0151vel tombol, amikor a h\u0151m\u00e9rs\u00e9klet Petr\u00e1ban 33 \u00b0C f\u00f6l\u00e9 megy, a Holt-tengern\u00e9l pedig k\u00f6zel\u00edt a negyvenhez.<\/li>\n\n\n\n<li>Arra sz\u00e1m\u00edtasz, hogy mindenhol <strong>szabadon \u00e9s olcs\u00f3n ihatsz alkoholt<\/strong>, mert egy muszlim orsz\u00e1gban ennek \u00e1rus\u00edt\u00e1sa er\u0151sen korl\u00e1tozott, az \u00e9ttermi \u00e1rak pedig rendk\u00edv\u00fcl magasak.<\/li>\n<\/ul>\n\n\n\n<h2 id=\"Kdy_jet_do_Jordanska_pocasi_mesic_po_mesici\" class=\"wp-block-heading\"><span class=\"ez-toc-section\" id=\"Mikor_menj_Jordaniaba_az_idojaras_honaprol_honapra\"><\/span>Mikor menj Jord\u00e1ni\u00e1ba: az id\u0151j\u00e1r\u00e1s h\u00f3napr\u00f3l h\u00f3napra<span class=\"ez-toc-section-end\"><\/span><\/h2>\n\n\n\n<p class=\"wp-block-paragraph\">Tal\u00e1n meglep, de Jord\u00e1nia \u00e9ghajlata egy\u00e1ltal\u00e1n nem egys\u00e9ges, \u00e9s nem el\u00e9g egyetlen \u00e1tlagh\u0151m\u00e9rs\u00e9kletre pillantani. M\u00edg a f\u0151v\u00e1ros, Amm\u00e1n \u00e9s a h\u00edres Petra viszonylag magasan, a hegyekben fekszik, \u00e9s ott h\u0171v\u00f6sebb van, addig a Holt-tenger m\u00e9lyen a tengerszint alatt tal\u00e1lhat\u00f3, \u00e9s az orsz\u00e1g <strong>legmelegebb ter\u00fclete<\/strong>. Ehhez j\u00f6n m\u00e9g a d\u00e9li Akaba a V\u00f6r\u00f6s-tengern\u00e9l, valamint a kisz\u00e1m\u00edthatatlan Wadi Rum sivatag, ahol t\u00e9nyleg nagy h\u0151m\u00e9rs\u00e9klet-k\u00fcl\u00f6nbs\u00e9gek v\u00e1rnak nappal \u00e9s \u00e9jszaka k\u00f6z\u00f6tt.<\/p>\n\n\n\n<p class=\"wp-block-paragraph\">Hogy a tervez\u00e9st a lehet\u0151 legjobban megk\u00f6nny\u00edtsem, r\u00e9szletes t\u00e1bl\u00e1zatokat k\u00e9sz\u00edtettem, amelyek nem becsl\u00e9seken alapulnak, hanem az ERA5 reanal\u00edzisb\u0151l sz\u00e1rmaz\u00f3, 2015 \u00e9s 2024 k\u00f6z\u00f6tti pontos t\u00edz\u00e9ves \u00e1tlagokon. Ezekb\u0151l az adatokb\u00f3l teljesen pontosan kiolvashatod, <strong>mikor van az ide\u00e1lis id\u0151<\/strong> az \u0151si l\u00e1tnival\u00f3k felfedez\u00e9s\u00e9re, \u00e9s mikor s\u00fcln\u00e9l meg \u00e9lve.<\/p>\n\n\n\n<figure class=\"wp-block-table is-style-stripes\" style=\"overflow-x:auto\"><table><thead><tr><th>H\u00f3nap<\/th><th>Nappal<\/th><th>\u00c9jszaka<\/th><th>Es\u0151s napok<\/th><th>Naps\u00fct\u00e9s\/nap<\/th><\/tr><\/thead><tbody><tr><td><strong>janu\u00e1r<\/strong><\/td><td>11 \u00b0C<\/td><td>4 \u00b0C<\/td><td>7,8<\/td><td>9,2 \u00f3<\/td><\/tr><tr><td><strong>febru\u00e1r<\/strong><\/td><td>13 \u00b0C<\/td><td>5 \u00b0C<\/td><td>7,0<\/td><td>9,7 \u00f3<\/td><\/tr><tr><td><strong>m\u00e1rcius<\/strong><\/td><td>17 \u00b0C<\/td><td>7 \u00b0C<\/td><td>4,9<\/td><td>10,8 \u00f3<\/td><\/tr><tr><td><strong>\u00e1prilis<\/strong><\/td><td>22 \u00b0C<\/td><td>11 \u00b0C<\/td><td>2,7<\/td><td>12,0 \u00f3<\/td><\/tr><tr><td><strong>m\u00e1jus<\/strong><\/td><td>26 \u00b0C<\/td><td>15 \u00b0C<\/td><td>1,0<\/td><td>12,7 \u00f3<\/td><\/tr><tr><td><strong>j\u00fanius<\/strong><\/td><td>29 \u00b0C<\/td><td>18 \u00b0C<\/td><td>0,1<\/td><td>13,1 \u00f3<\/td><\/tr><tr><td><strong>j\u00falius<\/strong><\/td><td>31 \u00b0C<\/td><td>20 \u00b0C<\/td><td>0,0<\/td><td>13,1 \u00f3<\/td><\/tr><tr><td><strong>augusztus<\/strong><\/td><td>31 \u00b0C<\/td><td>21 \u00b0C<\/td><td>0,3<\/td><td>12,8 \u00f3<\/td><\/tr><tr><td><strong>szeptember<\/strong><\/td><td>29 \u00b0C<\/td><td>19 \u00b0C<\/td><td>0,3<\/td><td>11,5 \u00f3<\/td><\/tr><tr><td><strong>okt\u00f3ber<\/strong><\/td><td>24 \u00b0C<\/td><td>15 \u00b0C<\/td><td>1,9<\/td><td>10,7 \u00f3<\/td><\/tr><tr><td><strong>november<\/strong><\/td><td>18 \u00b0C<\/td><td>10 \u00b0C<\/td><td>4,5<\/td><td>9,9 \u00f3<\/td><\/tr><tr><td><strong>december<\/strong><\/td><td>14 \u00b0C<\/td><td>6 \u00b0C<\/td><td>4,8<\/td><td>9,1 \u00f3<\/td><\/tr><\/tbody><\/table><figcaption class=\"wp-element-caption\">Petra nagyj\u00e1b\u00f3l 1130 m-en fekszik, ez\u00e9rt az \u00e9jszak\u00e1k h\u0171v\u00f6sebbek, mint az emberek v\u00e1rn\u00e1k. T\u00edz\u00e9ves \u00e1tlagok 2015\u20132024, ERA5 reanal\u00edzis.<\/figcaption><\/figure>\n\n\n\n<p class=\"wp-block-paragraph\">Petra tengerszint feletti magass\u00e1ga 1130 m\u00e9ter k\u00f6r\u00fcl mozog, ami alapvet\u0151en befoly\u00e1solja a helyi \u00e9ghajlatot, \u00e9s h\u0171v\u00f6sebb est\u00e9ket hoz m\u00e9g a forr\u00f3 ny\u00e1ri h\u00f3napokban is.<\/p>\n\n\n\n<ul class=\"wp-block-list\">\n<li><strong>Janu\u00e1r:<\/strong> nappal 11,2 \u00b0C, \u00e9jszaka 4,0 \u00b0C, es\u0151s napok 7,8, naps\u00fct\u00e9s 9,2 \u00f3\/nap<\/li>\n\n\n\n<li><strong>Febru\u00e1r:<\/strong> nappal 12,9 \u00b0C, \u00e9jszaka 4,9 \u00b0C, es\u0151s napok 7,0, naps\u00fct\u00e9s 9,7 \u00f3\/nap<\/li>\n\n\n\n<li><strong>M\u00e1rcius:<\/strong> nappal 16,6 \u00b0C, \u00e9jszaka 7,4 \u00b0C, es\u0151s napok 4,9, naps\u00fct\u00e9s 10,8 \u00f3\/nap<\/li>\n\n\n\n<li><strong>\u00c1prilis:<\/strong> nappal 21,8 \u00b0C, \u00e9jszaka 11,3 \u00b0C, es\u0151s napok 2,7, naps\u00fct\u00e9s 12,0 \u00f3\/nap<\/li>\n\n\n\n<li><strong>M\u00e1jus:<\/strong> nappal 26,4 \u00b0C, \u00e9jszaka 15,4 \u00b0C, es\u0151s napok 1,0, naps\u00fct\u00e9s 12,7 \u00f3\/nap<\/li>\n\n\n\n<li><strong>J\u00fanius:<\/strong> nappal 29,0 \u00b0C, \u00e9jszaka 18,3 \u00b0C, es\u0151s napok 0,1, naps\u00fct\u00e9s 13,1 \u00f3\/nap<\/li>\n\n\n\n<li><strong>J\u00falius:<\/strong> nappal 30,7 \u00b0C, \u00e9jszaka 20,2 \u00b0C, es\u0151s napok 0,0, naps\u00fct\u00e9s 13,1 \u00f3\/nap<\/li>\n\n\n\n<li><strong>Augusztus:<\/strong> nappal 30,8 \u00b0C, \u00e9jszaka 20,6 \u00b0C, es\u0151s napok 0,3, naps\u00fct\u00e9s 12,8 \u00f3\/nap<\/li>\n\n\n\n<li><strong>Szeptember:<\/strong> nappal 28,7 \u00b0C, \u00e9jszaka 18,8 \u00b0C, es\u0151s napok 0,3, naps\u00fct\u00e9s 11,5 \u00f3\/nap<\/li>\n\n\n\n<li><strong>Okt\u00f3ber:<\/strong> nappal 24,2 \u00b0C, \u00e9jszaka 15,4 \u00b0C, es\u0151s napok 1,9, naps\u00fct\u00e9s 10,7 \u00f3\/nap<\/li>\n\n\n\n<li><strong>November:<\/strong> nappal 18,3 \u00b0C, \u00e9jszaka 10,5 \u00b0C, es\u0151s napok 4,5, naps\u00fct\u00e9s 9,9 \u00f3\/nap<\/li>\n\n\n\n<li><strong>December:<\/strong> nappal 13,5 \u00b0C, \u00e9jszaka 6,4 \u00b0C, es\u0151s napok 4,8, naps\u00fct\u00e9s 9,1 \u00f3\/nap<\/li>\n<\/ul>\n\n\n\n<h3 id=\"Akaba_a_Rude_more_kdy_se_da_koupat\" class=\"wp-block-heading\"><span class=\"ez-toc-section\" id=\"Akaba_es_a_Voros-tenger_mikor_lehet_furdeni\"><\/span>Akaba \u00e9s a V\u00f6r\u00f6s-tenger: mikor lehet f\u00fcrdeni<span class=\"ez-toc-section-end\"><\/span><\/h3>\n\n\n\n<p class=\"wp-block-paragraph\">Jord\u00e1nia egyetlen kik\u00f6t\u0151je az orsz\u00e1g legd\u00e9libb cs\u00fccsk\u00e9ben fekszik, \u00e9s fantasztikus felt\u00e9teleket k\u00edn\u00e1l a v\u00edz alatti vil\u00e1g szerelmeseinek. A tengerv\u00edz h\u0151m\u00e9rs\u00e9klete, amelyet egy megb\u00edzhat\u00f3 tengeri modell alapj\u00e1n adok meg a 2019 \u00e9s 2024 k\u00f6z\u00f6tti \u00e9vekre, <strong>nem cs\u00f6kken 21,4 \u00b0C al\u00e1<\/strong> m\u00e9g a t\u00e9l k\u00f6zep\u00e9n sem (a febru\u00e1ri \u00e1tlag 21,8 \u00b0C), \u00edgy itt eg\u00e9sz \u00e9vben b\u00fav\u00e1rkodhatsz.<\/p>\n\n\n\n<p class=\"wp-block-paragraph\">Nagyon vigy\u00e1zz viszont a ny\u00e1ri sz\u00fcnettel, mert j\u00faliusban \u00e9s augusztusban a sz\u00e1razf\u00f6ldi leveg\u0151 40,1 \u00b0C-ra, illetve 39,7 \u00b0C-ra melegszik. Ezek az \u00e9rt\u00e9kek egy \u00e1tlagos k\u00f6z\u00e9p-eur\u00f3pai sz\u00e1m\u00e1ra m\u00e1r <strong>igazi extr\u00e9met<\/strong> jelentenek, amiben nem lehet m\u00e1st csin\u00e1lni, mint egy kl\u00edm\u00e1s szob\u00e1ban \u00fclni.<\/p>\n\n\n\n<figure class=\"wp-block-table is-style-stripes\"><table class=\"has-fixed-layout\"><thead><tr><th>H\u00f3nap<\/th><th>Nappal<\/th><th>\u00c9jszaka<\/th><th>Tenger<\/th><th>Es\u0151s napok<\/th><th>Naps\u00fct\u00e9s\/nap<\/th><\/tr><\/thead><tbody><tr><td><strong>janu\u00e1r<\/strong><\/td><td>20 \u00b0C<\/td><td>10 \u00b0C<\/td><td>23 \u00b0C<\/td><td>1,3<\/td><td>9,5 \u00f3<\/td><\/tr><tr><td><strong>febru\u00e1r<\/strong><\/td><td>22 \u00b0C<\/td><td>12 \u00b0C<\/td><td>22 \u00b0C<\/td><td>2,5<\/td><td>9,8 \u00f3<\/td><\/tr><tr><td><strong>m\u00e1rcius<\/strong><\/td><td>26 \u00b0C<\/td><td>14 \u00b0C<\/td><td>22 \u00b0C<\/td><td>1,2<\/td><td>10,9 \u00f3<\/td><\/tr><tr><td><strong>\u00e1prilis<\/strong><\/td><td>31 \u00b0C<\/td><td>18 \u00b0C<\/td><td>22 \u00b0C<\/td><td>0,5<\/td><td>11,9 \u00f3<\/td><\/tr><tr><td><strong>m\u00e1jus<\/strong><\/td><td>36 \u00b0C<\/td><td>22 \u00b0C<\/td><td>24 \u00b0C<\/td><td>0,4<\/td><td>12,6 \u00f3<\/td><\/tr><tr><td><strong>j\u00fanius<\/strong><\/td><td>38 \u00b0C<\/td><td>25 \u00b0C<\/td><td>26 \u00b0C<\/td><td>0,0<\/td><td>13,1 \u00f3<\/td><\/tr><tr><td><strong>j\u00falius<\/strong><\/td><td>40 \u00b0C<\/td><td>27 \u00b0C<\/td><td>29 \u00b0C<\/td><td>0,0<\/td><td>13,1 \u00f3<\/td><\/tr><tr><td><strong>augusztus<\/strong><\/td><td>40 \u00b0C<\/td><td>27 \u00b0C<\/td><td>29 \u00b0C<\/td><td>0,0<\/td><td>12,6 \u00f3<\/td><\/tr><tr><td><strong>szeptember<\/strong><\/td><td>37 \u00b0C<\/td><td>25 \u00b0C<\/td><td>28 \u00b0C<\/td><td>0,0<\/td><td>11,4 \u00f3<\/td><\/tr><tr><td><strong>okt\u00f3ber<\/strong><\/td><td>33 \u00b0C<\/td><td>22 \u00b0C<\/td><td>26 \u00b0C<\/td><td>0,4<\/td><td>10,8 \u00f3<\/td><\/tr><tr><td><strong>november<\/strong><\/td><td>27 \u00b0C<\/td><td>17 \u00b0C<\/td><td>25 \u00b0C<\/td><td>0,6<\/td><td>10,0 \u00f3<\/td><\/tr><tr><td><strong>december<\/strong><\/td><td>22 \u00b0C<\/td><td>12 \u00b0C<\/td><td>24 \u00b0C<\/td><td>0,8<\/td><td>9,3 \u00f3<\/td><\/tr><\/tbody><\/table><figcaption class=\"wp-element-caption\">Akaba a V\u00f6r\u00f6s-tengern\u00e9l: a tenger m\u00e9g febru\u00e1rban sem cs\u00f6kken 21,4 \u00b0C al\u00e1, de ny\u00e1ron a sz\u00e1razf\u00f6ld\u00f6n t\u00f6bb mint 40 \u00b0C van. \u00c1tlagok 2015\u20132024 (ERA5), tengerh\u0151m\u00e9rs\u00e9klet 2019\u20132024.<\/figcaption><\/figure>\n\n\n\n<ul class=\"wp-block-list\">\n<li><strong>Janu\u00e1r:<\/strong> nappal 20,5 \u00b0C, \u00e9jszaka 10,5 \u00b0C, tenger 22,7 \u00b0C, es\u0151s napok 1,3, naps\u00fct\u00e9s 9,5 \u00f3\/nap<\/li>\n\n\n\n<li><strong>Febru\u00e1r:<\/strong> nappal 22,4 \u00b0C, \u00e9jszaka 11,5 \u00b0C, tenger 21,8 \u00b0C, es\u0151s napok 2,5, naps\u00fct\u00e9s 9,8 \u00f3\/nap<\/li>\n\n\n\n<li><strong>M\u00e1rcius:<\/strong> nappal 25,9 \u00b0C, \u00e9jszaka 14,4 \u00b0C, tenger 21,7 \u00b0C, es\u0151s napok 1,2, naps\u00fct\u00e9s 10,9 \u00f3\/nap<\/li>\n\n\n\n<li><strong>\u00c1prilis:<\/strong> nappal 31,1 \u00b0C, \u00e9jszaka 18,2 \u00b0C, tenger 22,5 \u00b0C, es\u0151s napok 0,5, naps\u00fct\u00e9s 11,9 \u00f3\/nap<\/li>\n\n\n\n<li><strong>M\u00e1jus:<\/strong> nappal 35,5 \u00b0C, \u00e9jszaka 22,0 \u00b0C, tenger 23,9 \u00b0C, es\u0151s napok 0,4, naps\u00fct\u00e9s 12,6 \u00f3\/nap<\/li>\n\n\n\n<li><strong>J\u00fanius:<\/strong> nappal 38,4 \u00b0C, \u00e9jszaka 24,8 \u00b0C, tenger 26,2 \u00b0C, es\u0151s napok 0,0, naps\u00fct\u00e9s 13,1 \u00f3\/nap<\/li>\n\n\n\n<li><strong>J\u00falius:<\/strong> nappal 40,1 \u00b0C, \u00e9jszaka 26,7 \u00b0C, tenger 28,6 \u00b0C, es\u0151s napok 0,0, naps\u00fct\u00e9s 13,1 \u00f3\/nap<\/li>\n\n\n\n<li><strong>Augusztus:<\/strong> nappal 39,7 \u00b0C, \u00e9jszaka 26,8 \u00b0C, tenger 29,4 \u00b0C, es\u0151s napok 0,0, naps\u00fct\u00e9s 12,6 \u00f3\/nap<\/li>\n\n\n\n<li><strong>Szeptember:<\/strong> nappal 37,2 \u00b0C, \u00e9jszaka 25,0 \u00b0C, tenger 27,9 \u00b0C, es\u0151s napok 0,0, naps\u00fct\u00e9s 11,4 \u00f3\/nap<\/li>\n\n\n\n<li><strong>Okt\u00f3ber:<\/strong> nappal 32,7 \u00b0C, \u00e9jszaka 21,5 \u00b0C, tenger 26,0 \u00b0C, es\u0151s napok 0,4, naps\u00fct\u00e9s 10,8 \u00f3\/nap<\/li>\n\n\n\n<li><strong>November:<\/strong> nappal 27,2 \u00b0C, \u00e9jszaka 16,8 \u00b0C, tenger 24,9 \u00b0C, es\u0151s napok 0,6, naps\u00fct\u00e9s 10,0 \u00f3\/nap<\/li>\n\n\n\n<li><strong>December:<\/strong> nappal 22,4 \u00b0C, \u00e9jszaka 12,5 \u00b0C, tenger 23,5 \u00b0C, es\u0151s napok 0,8, naps\u00fct\u00e9s 9,3 \u00f3\/nap<\/li>\n<\/ul>\n\n\n\n<h3 id=\"Amman_Mrtve_more_a_Wadi_Ram_tri_ruzna_podnebi_v_jedne_zemi\" class=\"wp-block-heading\"><span class=\"ez-toc-section\" id=\"Amman_a_Holt-tenger_es_a_Wadi_Rum_harom_kulonbozo_eghajlat_egy_orszagban\"><\/span>Amm\u00e1n, a Holt-tenger \u00e9s a Wadi Rum: h\u00e1rom k\u00fcl\u00f6nb\u00f6z\u0151 \u00e9ghajlat egy orsz\u00e1gban<span class=\"ez-toc-section-end\"><\/span><\/h3>\n\n\n\n<p class=\"wp-block-paragraph\">Ha megn\u00e9zed a t\u00f6bbi kulcsfontoss\u00e1g\u00fa ter\u00fcletet, sz\u00e9pen l\u00e1tszik, mennyire elt\u00e9r az \u00e9ghajlat a tengerszint feletti magass\u00e1g szerint. M\u00edg a 811 m\u00e9teren fekv\u0151 Amm\u00e1nban janu\u00e1rban nappal 11,7 \u00b0C-ot, j\u00faliusban 32,8 \u00b0C-ot m\u00e9rsz, addig a Holt-tengern\u00e9l, m\u00e9lyen a m\u00e9lyed\u00e9sben (427 m\u00e9terrel a tengerszint alatt) a janu\u00e1ri nappalok 20,0 \u00b0C-ra melegszenek, a j\u00faliusiak pedig el\u00e9gg\u00e9 perzsel\u0151 38,5 \u00b0C-ot \u00e9rnek el. A 951 m\u00e9teres Wadi Rum sivatag megint m\u00e1sk\u00e9pp viselkedik, mert 34,8 \u00b0C-os ny\u00e1ri napokat k\u00edn\u00e1l, \u00e1m egyben <strong>hatalmas ingadoz\u00e1sokat<\/strong> is a naps\u00fct\u00e9s \u00e9s a s\u00f6t\u00e9ts\u00e9g k\u00f6z\u00f6tt.<\/p>\n\n\n\n<p class=\"wp-block-paragraph\">Az utaz\u00f3k gyakran figyelmeztetnek, hogy a sivatagban \u00e9s a hegyi Petr\u00e1ban az \u00e9jszakai h\u0151m\u00e9rs\u00e9klet el\u00e9g kellemetlen\u00fcl meglephet, hiszen janu\u00e1rban a Wadi Rumban 3,4 \u00b0C-ig, Amm\u00e1nban 4,8 \u00b0C-ig zuhan. Ez egyet jelent: m\u00e9g ny\u00e1ron is <strong>j\u00f3l j\u00f6n egy pul\u00f3ver<\/strong> a h\u0171v\u00f6sebb est\u00e9kre, t\u00e9len pedig egy igaz\u00e1n rendes kab\u00e1tot kell bepakolnod a h\u00e1tizs\u00e1kba. Al\u00e1bb megn\u00e9zheted a pontos sz\u00e1mokat, amelyekb\u0151l ezek a meg\u00e1llap\u00edt\u00e1sok sz\u00e1rmaznak.<\/p>\n\n\n\n<p class=\"wp-block-paragraph\"><strong>Amm\u00e1n:<\/strong><\/p>\n\n\n\n<ul class=\"wp-block-list\">\n<li><strong>Janu\u00e1r:<\/strong> nappal 11,7 \u00b0C, \u00e9jszaka 4,8 \u00b0C, es\u0151s napok 9,6, naps\u00fct\u00e9s 8,7 \u00f3\/nap<\/li>\n\n\n\n<li><strong>Febru\u00e1r:<\/strong> nappal 13,6 \u00b0C, \u00e9jszaka 5,5 \u00b0C, es\u0151s napok 8,9, naps\u00fct\u00e9s 9,3 \u00f3\/nap<\/li>\n\n\n\n<li><strong>M\u00e1rcius:<\/strong> nappal 16,9 \u00b0C, \u00e9jszaka 7,7 \u00b0C, es\u0151s napok 7,6, naps\u00fct\u00e9s 10,4 \u00f3\/nap<\/li>\n\n\n\n<li><strong>\u00c1prilis:<\/strong> nappal 22,7 \u00b0C, \u00e9jszaka 11,6 \u00b0C, es\u0151s napok 3,7, naps\u00fct\u00e9s 11,9 \u00f3\/nap<\/li>\n\n\n\n<li><strong>M\u00e1jus:<\/strong> nappal 27,5 \u00b0C, \u00e9jszaka 15,5 \u00b0C, es\u0151s napok 1,8, naps\u00fct\u00e9s 12,7 \u00f3\/nap<\/li>\n\n\n\n<li><strong>J\u00fanius:<\/strong> nappal 30,7 \u00b0C, \u00e9jszaka 18,5 \u00b0C, es\u0151s napok 0,4, naps\u00fct\u00e9s 13,1 \u00f3\/nap<\/li>\n\n\n\n<li><strong>J\u00falius:<\/strong> nappal 32,8 \u00b0C, \u00e9jszaka 20,6 \u00b0C, es\u0151s napok 0,0, naps\u00fct\u00e9s 13,2 \u00f3\/nap<\/li>\n\n\n\n<li><strong>Augusztus:<\/strong> nappal 32,8 \u00b0C, \u00e9jszaka 20,7 \u00b0C, es\u0151s napok 0,0, naps\u00fct\u00e9s 12,9 \u00f3\/nap<\/li>\n\n\n\n<li><strong>Szeptember:<\/strong> nappal 30,8 \u00b0C, \u00e9jszaka 19,4 \u00b0C, es\u0151s napok 0,6, naps\u00fct\u00e9s 11,6 \u00f3\/nap<\/li>\n\n\n\n<li><strong>Okt\u00f3ber:<\/strong> nappal 26,1 \u00b0C, \u00e9jszaka 16,3 \u00b0C, es\u0151s napok 2,1, naps\u00fct\u00e9s 10,6 \u00f3\/nap<\/li>\n\n\n\n<li><strong>November:<\/strong> nappal 19,5 \u00b0C, \u00e9jszaka 11,1 \u00b0C, es\u0151s napok 5,6, naps\u00fct\u00e9s 9,4 \u00f3\/nap<\/li>\n\n\n\n<li><strong>December:<\/strong> nappal 14,2 \u00b0C, \u00e9jszaka 7,0 \u00b0C, es\u0151s napok 6,3, naps\u00fct\u00e9s 8,4 \u00f3\/nap<\/li>\n<\/ul>\n\n\n\n<p class=\"wp-block-paragraph\"><strong>Holt-tenger:<\/strong><\/p>\n\n\n\n<ul class=\"wp-block-list\">\n<li><strong>Janu\u00e1r:<\/strong> nappal 20,0 \u00b0C, \u00e9jszaka 14,0 \u00b0C, es\u0151s napok 7,0, naps\u00fct\u00e9s 9,1 \u00f3\/nap<\/li>\n\n\n\n<li><strong>Febru\u00e1r:<\/strong> nappal 21,1 \u00b0C, \u00e9jszaka 14,7 \u00b0C, es\u0151s napok 6,5, naps\u00fct\u00e9s 9,5 \u00f3\/nap<\/li>\n\n\n\n<li><strong>M\u00e1rcius:<\/strong> nappal 24,4 \u00b0C, \u00e9jszaka 17,0 \u00b0C, es\u0151s napok 4,0, naps\u00fct\u00e9s 10,5 \u00f3\/nap<\/li>\n\n\n\n<li><strong>\u00c1prilis:<\/strong> nappal 29,6 \u00b0C, \u00e9jszaka 20,9 \u00b0C, es\u0151s napok 1,6, naps\u00fct\u00e9s 11,8 \u00f3\/nap<\/li>\n\n\n\n<li><strong>M\u00e1jus:<\/strong> nappal 34,0 \u00b0C, \u00e9jszaka 24,6 \u00b0C, es\u0151s napok 0,7, naps\u00fct\u00e9s 12,6 \u00f3\/nap<\/li>\n\n\n\n<li><strong>J\u00fanius:<\/strong> nappal 36,5 \u00b0C, \u00e9jszaka 27,2 \u00b0C, es\u0151s napok 0,3, naps\u00fct\u00e9s 13,1 \u00f3\/nap<\/li>\n\n\n\n<li><strong>J\u00falius:<\/strong> nappal 38,5 \u00b0C, \u00e9jszaka 29,4 \u00b0C, es\u0151s napok 0,0, naps\u00fct\u00e9s 13,2 \u00f3\/nap<\/li>\n\n\n\n<li><strong>Augusztus:<\/strong> nappal 38,0 \u00b0C, \u00e9jszaka 29,4 \u00b0C, es\u0151s napok 0,0, naps\u00fct\u00e9s 12,7 \u00f3\/nap<\/li>\n\n\n\n<li><strong>Szeptember:<\/strong> nappal 35,9 \u00b0C, \u00e9jszaka 28,2 \u00b0C, es\u0151s napok 0,2, naps\u00fct\u00e9s 11,5 \u00f3\/nap<\/li>\n\n\n\n<li><strong>Okt\u00f3ber:<\/strong> nappal 31,9 \u00b0C, \u00e9jszaka 25,2 \u00b0C, es\u0151s napok 0,8, naps\u00fct\u00e9s 10,6 \u00f3\/nap<\/li>\n\n\n\n<li><strong>November:<\/strong> nappal 26,6 \u00b0C, \u00e9jszaka 20,6 \u00b0C, es\u0151s napok 3,7, naps\u00fct\u00e9s 9,5 \u00f3\/nap<\/li>\n\n\n\n<li><strong>December:<\/strong> nappal 22,0 \u00b0C, \u00e9jszaka 16,5 \u00b0C, es\u0151s napok 4,3, naps\u00fct\u00e9s 8,6 \u00f3\/nap<\/li>\n<\/ul>\n\n\n\n<p class=\"wp-block-paragraph\"><strong>Wadi Rum:<\/strong><\/p>\n\n\n\n<ul class=\"wp-block-list\">\n<li><strong>Janu\u00e1r:<\/strong> nappal 14,3 \u00b0C, \u00e9jszaka 3,4 \u00b0C, es\u0151s napok 1,8, naps\u00fct\u00e9s 9,4 \u00f3\/nap<\/li>\n\n\n\n<li><strong>Febru\u00e1r:<\/strong> nappal 16,5 \u00b0C, \u00e9jszaka 4,5 \u00b0C, es\u0151s napok 2,1, naps\u00fct\u00e9s 9,9 \u00f3\/nap<\/li>\n\n\n\n<li><strong>M\u00e1rcius:<\/strong> nappal 20,5 \u00b0C, \u00e9jszaka 7,7 \u00b0C, es\u0151s napok 1,7, naps\u00fct\u00e9s 11,0 \u00f3\/nap<\/li>\n\n\n\n<li><strong>\u00c1prilis:<\/strong> nappal 25,6 \u00b0C, \u00e9jszaka 11,6 \u00b0C, es\u0151s napok 0,9, naps\u00fct\u00e9s 12,0 \u00f3\/nap<\/li>\n\n\n\n<li><strong>M\u00e1jus:<\/strong> nappal 30,1 \u00b0C, \u00e9jszaka 16,0 \u00b0C, es\u0151s napok 0,4, naps\u00fct\u00e9s 12,7 \u00f3\/nap<\/li>\n\n\n\n<li><strong>J\u00fanius:<\/strong> nappal 33,1 \u00b0C, \u00e9jszaka 19,2 \u00b0C, es\u0151s napok 0,1, naps\u00fct\u00e9s 13,1 \u00f3\/nap<\/li>\n\n\n\n<li><strong>J\u00falius:<\/strong> nappal 34,8 \u00b0C, \u00e9jszaka 21,0 \u00b0C, es\u0151s napok 0,0, naps\u00fct\u00e9s 13,1 \u00f3\/nap<\/li>\n\n\n\n<li><strong>Augusztus:<\/strong> nappal 35,1 \u00b0C, \u00e9jszaka 21,0 \u00b0C, es\u0151s napok 0,1, naps\u00fct\u00e9s 12,7 \u00f3\/nap<\/li>\n\n\n\n<li><strong>Szeptember:<\/strong> nappal 33,2 \u00b0C, \u00e9jszaka 19,4 \u00b0C, es\u0151s napok 0,2, naps\u00fct\u00e9s 11,5 \u00f3\/nap<\/li>\n\n\n\n<li><strong>Okt\u00f3ber:<\/strong> nappal 28,2 \u00b0C, \u00e9jszaka 15,5 \u00b0C, es\u0151s napok 0,9, naps\u00fct\u00e9s 10,8 \u00f3\/nap<\/li>\n\n\n\n<li><strong>November:<\/strong> nappal 21,3 \u00b0C, \u00e9jszaka 9,8 \u00b0C, es\u0151s napok 1,1, naps\u00fct\u00e9s 10,1 \u00f3\/nap<\/li>\n\n\n\n<li><strong>December:<\/strong> nappal 16,2 \u00b0C, \u00e9jszaka 5,3 \u00b0C, es\u0151s napok 1,2, naps\u00fct\u00e9s 9,4 \u00f3\/nap<\/li>\n<\/ul>\n\n\n\n<h3 id=\"Nejlepsi_mesice_podle_typu_cesty\" class=\"wp-block-heading\"><span class=\"ez-toc-section\" id=\"A_legjobb_honapok_az_utazas_tipusa_szerint\"><\/span>A legjobb h\u00f3napok az utaz\u00e1s t\u00edpusa szerint<span class=\"ez-toc-section-end\"><\/span><\/h3>\n\n\n\n<ul class=\"wp-block-list\">\n<li><strong>V\u00e1rosn\u00e9z\u00e9s \u00e9s Petra:<\/strong> ide\u00e1lisak a tavaszi h\u00f3napok, m\u00e1rciust\u00f3l m\u00e1jusig, majd az \u0151szi ablak szeptembert\u0151l novemberig, amikor kellemes a h\u0151m\u00e9rs\u00e9klet a hossz\u00fa gyalogt\u00far\u00e1khoz.<\/li>\n\n\n\n<li><strong>Sivatag \u00e9s alv\u00e1s a csillagok alatt:<\/strong> tavasszal vagy \u0151sszel indulj ide, mert t\u00e9len a Wadi Rumban az \u00e9jszakai h\u0151m\u00e9rs\u00e9klet fagypont k\u00f6zel\u00e9be zuhan, \u00e9s a s\u00e1torban t\u00e9nyleg nagyon f\u00e1zn\u00e1l.<\/li>\n\n\n\n<li><strong>B\u00fav\u00e1rkod\u00e1s Akab\u00e1ban:<\/strong> eg\u00e9sz \u00e9vben gond n\u00e9lk\u00fcl f\u00fcr\u00f6dhetsz, de a meleg v\u00edz \u00e9s az elviselhet\u0151 leveg\u0151 legjobb kompromisszum\u00e1t az okt\u00f3bert\u0151l m\u00e1jusig tart\u00f3 id\u0151szak k\u00edn\u00e1lja.<\/li>\n\n\n\n<li><strong>Mikor ker\u00fcld ink\u00e1bb:<\/strong> j\u00falius \u00e9s augusztus extr\u00e9m h\u0151s\u00e9get hoz, ami f\u0151leg a Holt-tengern\u00e9l \u00e9s d\u00e9len, Akab\u00e1ban rendk\u00edv\u00fcl f\u00e1raszt\u00f3 egy \u00e1tlagos turist\u00e1nak.<\/li>\n<\/ul>\n\n\n\n<h2 id=\"Co_videt_v_Jordansku_20_tipu_od_Petry_po_Rude_more\" class=\"wp-block-heading\"><span class=\"ez-toc-section\" id=\"Mit_erdemes_megnezni_Jordaniaban_20_tipp_Petratol_a_Voros-tengerig\"><\/span>Mit \u00e9rdemes megn\u00e9zni Jord\u00e1ni\u00e1ban: 20 tipp Petr\u00e1t\u00f3l a V\u00f6r\u00f6s-tengerig<span class=\"ez-toc-section-end\"><\/span><\/h2>\n\n\n\n<p class=\"wp-block-paragraph\">Jord\u00e1nia szerencs\u00e9re el\u00e9g kompakt orsz\u00e1g, \u00edgy sz\u00e9pen bej\u00e1rhat\u00f3 h\u00e9t-t\u00edz nap alatt ak\u00e1r b\u00e9relt aut\u00f3val, ak\u00e1r helyi sof\u0151rrel. Az \u00fatvonal t\u00f6bbnyire t\u00f6bb logikus szakaszra oszlik: \u00e9szakon, Amm\u00e1nban kezdesz, v\u00e9gigm\u00e9sz a t\u00f6rt\u00e9nelmi Kir\u00e1lyi \u00faton a Holt-tenger mellett, felfedezed a h\u00edres Petr\u00e1t, v\u00e9g\u00fcl pedig a Wadi Rum sivatagban vagy a V\u00f6r\u00f6s-tenger melletti Akab\u00e1ban z\u00e1rod. Biztosan elvar\u00e1zsol majd, mennyire soksz\u00edn\u0171 ez a k\u00f6zel-keleti orsz\u00e1g, csak fel kell k\u00e9sz\u00fcln\u00f6d r\u00e1, hogy a helyi p\u00e9nznem a <strong>jord\u00e1niai d\u00edn\u00e1r (JOD)<\/strong>, ami meglep\u0151 m\u00f3don a vil\u00e1g egyik leger\u0151sebb valut\u00e1ja.<\/p>\n\n\n\n<p class=\"wp-block-paragraph\">Jord\u00e1nia egy\u00e1ltal\u00e1n nem tartozik a kifejezetten olcs\u00f3 \u00fati c\u00e9lok k\u00f6z\u00e9, \u00edgy meg\u00e9ri figyelni a k\u00f6lts\u00e9gvet\u00e9st, \u00e9s ut\u00e1nan\u00e9zni, <a href=\"https:\/\/loudavymkrokem.cz\/hu\/olcso-repjegyek-tippek\/\">hogyan tal\u00e1lj olcs\u00f3 rep\u00fcl\u0151jegyet<\/a>, mert Budapestr\u0151l nincs ide k\u00f6zvetlen j\u00e1rat, \u00e9s sz\u00e1molnod kell \u00e1tsz\u00e1ll\u00e1ssal, jellemz\u0151en Isztambulon, B\u00e9csen vagy Dubajon kereszt\u00fcl. A hivatalos nyelv term\u00e9szetesen az arab, de a turisztikai szolg\u00e1ltat\u00e1sokban teljesen sim\u00e1n elboldogulsz angolul, ami \u00f3ri\u00e1si m\u00e9rt\u00e9kben megk\u00f6nny\u00edti az utaz\u00e1st. Mivel muszlim orsz\u00e1gr\u00f3l van sz\u00f3, a f\u0151 turisztikai k\u00f6zpontokon \u00e9s az \u00fcd\u00fcl\u0151helyeken k\u00edv\u00fcl aj\u00e1nlott konzervat\u00edvabb, takart v\u00e1ll\u00fa \u00e9s t\u00e9rd\u0171 ruh\u00e1t v\u00e1lasztani, b\u00e1r egy\u00e9bk\u00e9nt a helyiek nagyon nyitottak \u00e9s seg\u00edt\u0151k\u00e9szek a k\u00fclf\u00f6ldiekkel.<\/p>\n\n\n\n<h3 id=\"1_Siq_a_Pokladnice_vstup_do_Petry_na_ktery_se_nezapomina\" class=\"wp-block-heading\"><span class=\"ez-toc-section\" id=\"1_A_Sziq_es_a_Kincstar_Petra_bejarata_amit_sosem_felejtesz_el\"><\/span>1. A Sziq \u00e9s a Kincst\u00e1r: Petra bej\u00e1rata, amit sosem felejtesz el<span class=\"ez-toc-section-end\"><\/span><\/h3>\n\n\n\n<p class=\"wp-block-paragraph\">Ha azt mondjuk, Jord\u00e1nia, szinte mindenkinek azonnal a h\u00edres Petra jut esz\u00e9be, amely joggal szerepel az UNESCO-list\u00e1n, \u00e9s a vil\u00e1g h\u00e9t \u00faj csod\u00e1ja k\u00f6z\u00e9 tartozik. A bel\u00e9p\u00e9s ebbe az \u0151si nabateus v\u00e1rosba egy <strong>t\u00f6bb mint egy kilom\u00e9ter hossz\u00fa, keskeny szurdokon, a Sziqen<\/strong> kereszt\u00fcl vezet, amely magas sziklafalak k\u00f6z\u00f6tt kanyarog, \u00e9s a legv\u00e9g\u00e9n kibukkan el\u0151tted az ikonikus Al-Khazneh-homlokzat, amelyet Kincst\u00e1rnak neveznek. A fot\u00f3k \u00e9s az utaz\u00f3k besz\u00e1mol\u00f3i szerint ez az a pillanat, amikor az ember t\u00e9nyleg t\u00e1tott sz\u00e1jjal \u00e1ll meg, mert az a hatalmas, szikl\u00e1ba v\u00e9sett \u00e9p\u00edtm\u00e9ny hihetetlen\u00fcl fens\u00e9ges hat\u00e1st kelt.<\/p>\n\n\n\n<figure data-wp-context=\"{&quot;imageId&quot;:&quot;6a9530b25cc0e&quot;}\" data-wp-interactive=\"core\/image\" data-wp-key=\"6a9530b25cc0e\" class=\"wp-block-image size-full wp-lightbox-container\"><img decoding=\"async\" width=\"1500\" height=\"1004\" data-wp-class--hide=\"state.isContentHidden\" data-wp-class--show=\"state.isContentVisible\" data-wp-init=\"callbacks.setButtonStyles\" data-wp-on--click=\"actions.showLightbox\" data-wp-on--load=\"callbacks.setButtonStyles\" data-wp-on--pointerdown=\"actions.preloadImage\" data-wp-on--pointerenter=\"actions.preloadImageWithDelay\" data-wp-on--pointerleave=\"actions.cancelPreload\" data-wp-on-window--resize=\"callbacks.setButtonStyles\" src=\"https:\/\/loudavymkrokem.cz\/wp-content\/uploads\/2026\/08\/dovolena-jordansko-t01.jpg\" alt=\"A Petr\u00e1ba vezet\u0151 Sziq szurdok\" class=\"wp-image-400018\" title=\"\" srcset=\"https:\/\/loudavymkrokem.cz\/wp-content\/uploads\/2026\/08\/dovolena-jordansko-t01.jpg 1500w, https:\/\/loudavymkrokem.cz\/wp-content\/uploads\/2026\/08\/dovolena-jordansko-t01-300x201.jpg 300w, https:\/\/loudavymkrokem.cz\/wp-content\/uploads\/2026\/08\/dovolena-jordansko-t01-700x469.jpg 700w, https:\/\/loudavymkrokem.cz\/wp-content\/uploads\/2026\/08\/dovolena-jordansko-t01-768x514.jpg 768w, https:\/\/loudavymkrokem.cz\/wp-content\/uploads\/2026\/08\/dovolena-jordansko-t01-696x466.jpg 696w, https:\/\/loudavymkrokem.cz\/wp-content\/uploads\/2026\/08\/dovolena-jordansko-t01-1392x932.jpg 1392w\" sizes=\"(max-width: 1500px) 100vw, 1500px\" \/><button\n\t\t\tclass=\"lightbox-trigger\"\n\t\t\ttype=\"button\"\n\t\t\taria-haspopup=\"dialog\"\n\t\t\tdata-wp-bind--aria-label=\"state.thisImage.triggerButtonAriaLabel\"\n\t\t\tdata-wp-init=\"callbacks.initTriggerButton\"\n\t\t\tdata-wp-on--click=\"actions.showLightbox\"\n\t\t\tdata-wp-style--right=\"state.thisImage.buttonRight\"\n\t\t\tdata-wp-style--top=\"state.thisImage.buttonTop\"\n\t\t>\n\t\t\t<svg xmlns=\"http:\/\/www.w3.org\/2000\/svg\" width=\"12\" height=\"12\" fill=\"none\" viewBox=\"0 0 12 12\">\n\t\t\t\t<path fill=\"#fff\" d=\"M2 0a2 2 0 0 0-2 2v2h1.5V2a.5.5 0 0 1 .5-.5h2V0H2Zm2 10.5H2a.5.5 0 0 1-.5-.5V8H0v2a2 2 0 0 0 2 2h2v-1.5ZM8 12v-1.5h2a.5.5 0 0 0 .5-.5V8H12v2a2 2 0 0 1-2 2H8Zm2-12a2 2 0 0 1 2 2v2h-1.5V2a.5.5 0 0 0-.5-.5H8V0h2Z\" \/>\n\t\t\t<\/svg>\n\t\t<\/button><figcaption class=\"wp-element-caption\">A Petr\u00e1ba vezet\u0151 Sziq szurdok (Fot\u00f3: Berthold Werner \/ Wikimedia Commons, CC BY 3.0)<\/figcaption><\/figure>\n\n\n\n<p class=\"wp-block-paragraph\">A gyakorlati tipp egy\u00e9rtelm\u0171: <strong>legy\u00e9l a bej\u00e1ratn\u00e1l r\u00f6gt\u00f6n kora reggel, nyit\u00e1skor<\/strong>, mert d\u00e9lel\u0151tt a szurdokban m\u00e9g kellemes h\u0171v\u00f6s van, a Kincst\u00e1rra pedig gy\u00f6ny\u00f6r\u0171 napf\u00e9ny esik, r\u00e1ad\u00e1sul elker\u00fcl\u00f6d a legnagyobb t\u00f6meget. Felt\u00e9tlen\u00fcl szerezd be az orsz\u00e1gba \u00e9rkez\u00e9s el\u0151tt online a digit\u00e1lis <strong>Jordan Pass<\/strong> jegyet, amely legal\u00e1bb h\u00e1rom \u00e9jszak\u00e1s tart\u00f3zkod\u00e1s eset\u00e9n elengedi a turistav\u00edzumot, \u00e9s tartalmazza a petrai bel\u00e9p\u0151t is, mert k\u00fcl\u00f6nben m\u00e1r csak a ter\u00fcletre sz\u00f3l\u00f3 jegy is t\u00f6bb t\u00edz d\u00edn\u00e1rba ker\u00fclne. A legolcs\u00f3bb Wanderer v\u00e1ltozat nagyj\u00e1b\u00f3l 70 JOD (kb. 35 000 Ft), de az \u00e1rak persze id\u0151nk\u00e9nt v\u00e1ltoznak, ez\u00e9rt mindig ellen\u0151rizd a hivatalos oldalon.<\/p>\n\n\n\n<h3 id=\"2_Klaster_Ad_Deir_800_schodu_ktere_stoji_za_to\" class=\"wp-block-heading\"><span class=\"ez-toc-section\" id=\"2_Ad-Deir_kolostor_800_lepcso_ami_megeri\"><\/span>2. Ad-Deir kolostor: 800 l\u00e9pcs\u0151, ami meg\u00e9ri<span class=\"ez-toc-section-end\"><\/span><\/h3>\n\n\n\n<p class=\"wp-block-paragraph\">B\u00e1r a Kincst\u00e1r a legh\u00edresebb, eg\u00e9sz Petra <strong>legnagyobb szikl\u00e1ba v\u00e9sett homlokzata az Ad-Deir kolostor<\/strong>, amelyhez viszont mintegy nyolcsz\u00e1z \u0151si l\u00e9pcs\u0151n kell felkapaszkodnod. Az utaz\u00f3k egyet\u00e9rtenek abban, hogy ez el\u00e9g komoly sportteljes\u00edtm\u00e9ny, de fent nemcsak ennek a monument\u00e1lis \u00e9p\u00edtm\u00e9nynek a l\u00e1tv\u00e1nya v\u00e1r r\u00e1d, hanem egy kis beduin te\u00e1z\u00f3 is, ahol a t\u00fara ut\u00e1n megpihenhetsz, \u00e9s \u00e9lvezheted a kil\u00e1t\u00e1st a k\u00f6rnyez\u0151 hegyekre. \u00c1ll\u00edt\u00f3lag sokkal nyugodtabb hely, mint Petra k\u00f6zponti r\u00e9sze, mert nem minden turist\u00e1nak van t\u00fcrelme \u00e9s ereje id\u00e1ig felkapaszkodni.<\/p>\n\n\n\n<figure data-wp-context=\"{&quot;imageId&quot;:&quot;6a9530b25d222&quot;}\" data-wp-interactive=\"core\/image\" data-wp-key=\"6a9530b25d222\" class=\"wp-block-image size-full wp-lightbox-container\"><img decoding=\"async\" width=\"1500\" height=\"990\" data-wp-class--hide=\"state.isContentHidden\" data-wp-class--show=\"state.isContentVisible\" data-wp-init=\"callbacks.setButtonStyles\" data-wp-on--click=\"actions.showLightbox\" data-wp-on--load=\"callbacks.setButtonStyles\" data-wp-on--pointerdown=\"actions.preloadImage\" data-wp-on--pointerenter=\"actions.preloadImageWithDelay\" data-wp-on--pointerleave=\"actions.cancelPreload\" data-wp-on-window--resize=\"callbacks.setButtonStyles\" src=\"https:\/\/loudavymkrokem.cz\/wp-content\/uploads\/2026\/08\/dovolena-jordansko-t02.jpg\" alt=\"Az Ad-Deir kolostor Petr\u00e1ban\" class=\"wp-image-400021\" title=\"\" srcset=\"https:\/\/loudavymkrokem.cz\/wp-content\/uploads\/2026\/08\/dovolena-jordansko-t02.jpg 1500w, https:\/\/loudavymkrokem.cz\/wp-content\/uploads\/2026\/08\/dovolena-jordansko-t02-300x198.jpg 300w, https:\/\/loudavymkrokem.cz\/wp-content\/uploads\/2026\/08\/dovolena-jordansko-t02-700x462.jpg 700w, https:\/\/loudavymkrokem.cz\/wp-content\/uploads\/2026\/08\/dovolena-jordansko-t02-768x507.jpg 768w, https:\/\/loudavymkrokem.cz\/wp-content\/uploads\/2026\/08\/dovolena-jordansko-t02-696x459.jpg 696w, https:\/\/loudavymkrokem.cz\/wp-content\/uploads\/2026\/08\/dovolena-jordansko-t02-1392x919.jpg 1392w\" sizes=\"(max-width: 1500px) 100vw, 1500px\" \/><button\n\t\t\tclass=\"lightbox-trigger\"\n\t\t\ttype=\"button\"\n\t\t\taria-haspopup=\"dialog\"\n\t\t\tdata-wp-bind--aria-label=\"state.thisImage.triggerButtonAriaLabel\"\n\t\t\tdata-wp-init=\"callbacks.initTriggerButton\"\n\t\t\tdata-wp-on--click=\"actions.showLightbox\"\n\t\t\tdata-wp-style--right=\"state.thisImage.buttonRight\"\n\t\t\tdata-wp-style--top=\"state.thisImage.buttonTop\"\n\t\t>\n\t\t\t<svg xmlns=\"http:\/\/www.w3.org\/2000\/svg\" width=\"12\" height=\"12\" fill=\"none\" viewBox=\"0 0 12 12\">\n\t\t\t\t<path fill=\"#fff\" d=\"M2 0a2 2 0 0 0-2 2v2h1.5V2a.5.5 0 0 1 .5-.5h2V0H2Zm2 10.5H2a.5.5 0 0 1-.5-.5V8H0v2a2 2 0 0 0 2 2h2v-1.5ZM8 12v-1.5h2a.5.5 0 0 0 .5-.5V8H12v2a2 2 0 0 1-2 2H8Zm2-12a2 2 0 0 1 2 2v2h-1.5V2a.5.5 0 0 0-.5-.5H8V0h2Z\" \/>\n\t\t\t<\/svg>\n\t\t<\/button><figcaption class=\"wp-element-caption\">Az Ad-Deir kolostor Petr\u00e1ban (Fot\u00f3: Diego Delso \/ Wikimedia Commons, CC BY-SA 3.0)<\/figcaption><\/figure>\n\n\n\n<p class=\"wp-block-paragraph\">Ha a lehet\u0151 legjobban meg akarod k\u00f6nny\u00edteni magadnak az utat, <strong>k\u00e9s\u0151 d\u00e9lut\u00e1n indulj a kolostorhoz<\/strong>, amikor a l\u00e9pcs\u0151sor nagy r\u00e9sze m\u00e1r irgalmasan \u00e1rny\u00e9kban van, \u00e9s nem s\u00fclsz a t\u0171z\u0151 napon. Az Ad-Deir homlokzata r\u00e1ad\u00e1sul ilyenkor gy\u00f6ny\u00f6r\u0171en megvil\u00e1g\u00edtott a lenyugv\u00f3 napt\u00f3l, ami t\u00f6k\u00e9letes felt\u00e9teleket teremt a fot\u00f3z\u00e1shoz \u2013 csak az id\u0151re figyelj, hogy s\u00f6t\u00e9ted\u00e9s el\u0151tt vissza\u00e9rj a bej\u00e1rathoz \u263a\ufe0f.<\/p>\n\n\n\n<h3 id=\"3_Kralovske_hrobky_a_rimske_divadlo\" class=\"wp-block-heading\"><span class=\"ez-toc-section\" id=\"3_A_kiralysirok_es_a_romai_szinhaz\"><\/span>3. A kir\u00e1lys\u00edrok \u00e9s a r\u00f3mai sz\u00ednh\u00e1z<span class=\"ez-toc-section-end\"><\/span><\/h3>\n\n\n\n<p class=\"wp-block-paragraph\">Petra f\u0151 v\u00f6lgy\u00e9ben s\u00e9t\u00e1lva a jobb oldalon biztosan \u00e9szreveszed a magasan a sziklat\u00f6mbbe v\u00e9sett hatalmas \u00e9p\u00edtm\u00e9nyeket, amelyeket \u00f6sszefoglal\u00f3 n\u00e9ven <strong>kir\u00e1lys\u00edroknak<\/strong> h\u00edvnak. Ezek k\u00f6z\u00e9 tartozik els\u0151sorban az Urna-s\u00edr a massz\u00edv boltozataival, a Selyem-s\u00edr a csod\u00e1latosan sz\u00ednes homokk\u0151-cs\u00edkokkal \u00e9s a Korinthoszi s\u00edr, majd egy kicsivel arr\u00e9bb egy hatalmas r\u00f3mai sz\u00ednh\u00e1zba botlasz, amely a legt\u00f6bb hasonl\u00f3 antik \u00e9p\u00edtm\u00e9nnyel ellent\u00e9tben k\u00f6zvetlen\u00fcl az \u00e9l\u0151 szikl\u00e1ba van v\u00e9sve. Ez az eredeti nabateus \u00e9p\u00edt\u00e9szet \u00e9s a v\u00e1rost form\u00e1l\u00f3 k\u00e9s\u0151bbi r\u00f3mai hat\u00e1s leny\u0171g\u00f6z\u0151 \u00f6sszekapcsol\u00f3d\u00e1s\u00e1t mutatja.<\/p>\n\n\n\n<figure data-wp-context=\"{&quot;imageId&quot;:&quot;6a9530b25d655&quot;}\" data-wp-interactive=\"core\/image\" data-wp-key=\"6a9530b25d655\" class=\"wp-block-image size-full wp-lightbox-container\"><img decoding=\"async\" width=\"1500\" height=\"1000\" data-wp-class--hide=\"state.isContentHidden\" data-wp-class--show=\"state.isContentVisible\" data-wp-init=\"callbacks.setButtonStyles\" data-wp-on--click=\"actions.showLightbox\" data-wp-on--load=\"callbacks.setButtonStyles\" data-wp-on--pointerdown=\"actions.preloadImage\" data-wp-on--pointerenter=\"actions.preloadImageWithDelay\" data-wp-on--pointerleave=\"actions.cancelPreload\" data-wp-on-window--resize=\"callbacks.setButtonStyles\" src=\"https:\/\/loudavymkrokem.cz\/wp-content\/uploads\/2026\/08\/dovolena-jordansko-t03.jpg\" alt=\"Kir\u00e1lys\u00edrok Petr\u00e1ban\" class=\"wp-image-400025\" title=\"\" srcset=\"https:\/\/loudavymkrokem.cz\/wp-content\/uploads\/2026\/08\/dovolena-jordansko-t03.jpg 1500w, https:\/\/loudavymkrokem.cz\/wp-content\/uploads\/2026\/08\/dovolena-jordansko-t03-300x200.jpg 300w, https:\/\/loudavymkrokem.cz\/wp-content\/uploads\/2026\/08\/dovolena-jordansko-t03-700x467.jpg 700w, https:\/\/loudavymkrokem.cz\/wp-content\/uploads\/2026\/08\/dovolena-jordansko-t03-768x512.jpg 768w, https:\/\/loudavymkrokem.cz\/wp-content\/uploads\/2026\/08\/dovolena-jordansko-t03-696x464.jpg 696w, https:\/\/loudavymkrokem.cz\/wp-content\/uploads\/2026\/08\/dovolena-jordansko-t03-1392x928.jpg 1392w\" sizes=\"(max-width: 1500px) 100vw, 1500px\" \/><button\n\t\t\tclass=\"lightbox-trigger\"\n\t\t\ttype=\"button\"\n\t\t\taria-haspopup=\"dialog\"\n\t\t\tdata-wp-bind--aria-label=\"state.thisImage.triggerButtonAriaLabel\"\n\t\t\tdata-wp-init=\"callbacks.initTriggerButton\"\n\t\t\tdata-wp-on--click=\"actions.showLightbox\"\n\t\t\tdata-wp-style--right=\"state.thisImage.buttonRight\"\n\t\t\tdata-wp-style--top=\"state.thisImage.buttonTop\"\n\t\t>\n\t\t\t<svg xmlns=\"http:\/\/www.w3.org\/2000\/svg\" width=\"12\" height=\"12\" fill=\"none\" viewBox=\"0 0 12 12\">\n\t\t\t\t<path fill=\"#fff\" d=\"M2 0a2 2 0 0 0-2 2v2h1.5V2a.5.5 0 0 1 .5-.5h2V0H2Zm2 10.5H2a.5.5 0 0 1-.5-.5V8H0v2a2 2 0 0 0 2 2h2v-1.5ZM8 12v-1.5h2a.5.5 0 0 0 .5-.5V8H12v2a2 2 0 0 1-2 2H8Zm2-12a2 2 0 0 1 2 2v2h-1.5V2a.5.5 0 0 0-.5-.5H8V0h2Z\" \/>\n\t\t\t<\/svg>\n\t\t<\/button><figcaption class=\"wp-element-caption\">Kir\u00e1lys\u00edrok Petr\u00e1ban (Fot\u00f3: Berthold Werner \/ Wikimedia Commons, Public domain)<\/figcaption><\/figure>\n\n\n\n<p class=\"wp-block-paragraph\">A kir\u00e1lys\u00edrok legjobb \u00e9lm\u00e9ny\u00e9hez aj\u00e1nlott <strong>k\u00e9s\u0151 d\u00e9lut\u00e1nra id\u0151z\u00edteni a l\u00e1togat\u00e1st<\/strong>, amikor r\u00e1juk s\u00fct a nap, \u00e9s a homokk\u0151 hihetetlen\u00fcl tel\u00edtett v\u00f6r\u00f6s \u00e9s narancss\u00e1rga sz\u00ednt kap. Az odajut\u00e1s egy\u00e1ltal\u00e1n nem megterhel\u0151, csak enyhe l\u00e9pcs\u0151sorok sorozata vezet hozz\u00e1juk, az Urna-s\u00edr el\u0151tti kis t\u00e9rs\u00e9gr\u0151l pedig gy\u00f6ny\u00f6r\u0171 kil\u00e1t\u00e1s ny\u00edlik az \u0151si v\u00e1ros eg\u00e9sz k\u00f6zponti r\u00e9sz\u00e9re, ahol egy kicsit le\u00fclhetsz, \u00e9s besz\u00edvhatod azt a r\u00e9gi hangulatot.<\/p>\n\n\n\n<h3 id=\"4_Vyhlidka_nad_Pokladnici_a_stezky_Petry\" class=\"wp-block-heading\"><span class=\"ez-toc-section\" id=\"4_Kilatopont_a_Kincstar_folott_es_Petra_osvenyei\"><\/span>4. Kil\u00e1t\u00f3pont a Kincst\u00e1r f\u00f6l\u00f6tt \u00e9s Petra \u00f6sv\u00e9nyei<span class=\"ez-toc-section-end\"><\/span><\/h3>\n\n\n\n<p class=\"wp-block-paragraph\">A f\u0151 \u00fatvonalak mellett Petra egy sor alternat\u00edv t\u00fara\u00f6sv\u00e9nyt is k\u00edn\u00e1l, amelyek magasan a v\u00f6lgy f\u00f6l\u00e9 vezetnek, \u00e9s teljesen m\u00e1s n\u00e9z\u0151pontb\u00f3l mutatj\u00e1k meg a v\u00e1rost. \u00d3ri\u00e1si sl\u00e1ger a <strong>k\u00f6zvetlen\u00fcl a Kincst\u00e1r f\u00f6l\u00f6tti sziklaszirtre vezet\u0151 \u00f6sv\u00e9ny<\/strong>, ahonnan azok a h\u00edres fot\u00f3k k\u00e9sz\u00fclnek, amelyeken a szakad\u00e9k perem\u00e9n \u00fclsz, alattad pedig ott lapul a monument\u00e1lis templom az apr\u00f3 turist\u00e1kkal. Gy\u00f6ny\u00f6r\u0171 l\u00e1tv\u00e1ny, de egy kis m\u00e1sz\u00e1ssal j\u00e1r a meredekebb k\u0151l\u00e9pcs\u0151k\u00f6n, \u00edgy a stabil cip\u0151 abszol\u00fat elengedhetetlen a terepen val\u00f3 biztons\u00e1gos mozg\u00e1shoz.<\/p>\n\n\n\n<figure data-wp-context=\"{&quot;imageId&quot;:&quot;6a9530b25db6b&quot;}\" data-wp-interactive=\"core\/image\" data-wp-key=\"6a9530b25db6b\" class=\"wp-block-image size-full wp-lightbox-container\"><img decoding=\"async\" width=\"1500\" height=\"999\" data-wp-class--hide=\"state.isContentHidden\" data-wp-class--show=\"state.isContentVisible\" data-wp-init=\"callbacks.setButtonStyles\" data-wp-on--click=\"actions.showLightbox\" data-wp-on--load=\"callbacks.setButtonStyles\" data-wp-on--pointerdown=\"actions.preloadImage\" data-wp-on--pointerenter=\"actions.preloadImageWithDelay\" data-wp-on--pointerleave=\"actions.cancelPreload\" data-wp-on-window--resize=\"callbacks.setButtonStyles\" src=\"https:\/\/loudavymkrokem.cz\/wp-content\/uploads\/2026\/08\/dovolena-jordansko-t04.jpg\" alt=\"Kil\u00e1t\u00f3pont a Kincst\u00e1r f\u00f6l\u00f6tt Petr\u00e1ban\" class=\"wp-image-400028\" title=\"\" srcset=\"https:\/\/loudavymkrokem.cz\/wp-content\/uploads\/2026\/08\/dovolena-jordansko-t04.jpg 1500w, https:\/\/loudavymkrokem.cz\/wp-content\/uploads\/2026\/08\/dovolena-jordansko-t04-300x200.jpg 300w, https:\/\/loudavymkrokem.cz\/wp-content\/uploads\/2026\/08\/dovolena-jordansko-t04-700x466.jpg 700w, https:\/\/loudavymkrokem.cz\/wp-content\/uploads\/2026\/08\/dovolena-jordansko-t04-768x511.jpg 768w, https:\/\/loudavymkrokem.cz\/wp-content\/uploads\/2026\/08\/dovolena-jordansko-t04-696x464.jpg 696w, https:\/\/loudavymkrokem.cz\/wp-content\/uploads\/2026\/08\/dovolena-jordansko-t04-1392x927.jpg 1392w\" sizes=\"(max-width: 1500px) 100vw, 1500px\" \/><button\n\t\t\tclass=\"lightbox-trigger\"\n\t\t\ttype=\"button\"\n\t\t\taria-haspopup=\"dialog\"\n\t\t\tdata-wp-bind--aria-label=\"state.thisImage.triggerButtonAriaLabel\"\n\t\t\tdata-wp-init=\"callbacks.initTriggerButton\"\n\t\t\tdata-wp-on--click=\"actions.showLightbox\"\n\t\t\tdata-wp-style--right=\"state.thisImage.buttonRight\"\n\t\t\tdata-wp-style--top=\"state.thisImage.buttonTop\"\n\t\t>\n\t\t\t<svg xmlns=\"http:\/\/www.w3.org\/2000\/svg\" width=\"12\" height=\"12\" fill=\"none\" viewBox=\"0 0 12 12\">\n\t\t\t\t<path fill=\"#fff\" d=\"M2 0a2 2 0 0 0-2 2v2h1.5V2a.5.5 0 0 1 .5-.5h2V0H2Zm2 10.5H2a.5.5 0 0 1-.5-.5V8H0v2a2 2 0 0 0 2 2h2v-1.5ZM8 12v-1.5h2a.5.5 0 0 0 .5-.5V8H12v2a2 2 0 0 1-2 2H8Zm2-12a2 2 0 0 1 2 2v2h-1.5V2a.5.5 0 0 0-.5-.5H8V0h2Z\" \/>\n\t\t\t<\/svg>\n\t\t<\/button><figcaption class=\"wp-element-caption\">Kil\u00e1t\u00f3pont a Kincst\u00e1r f\u00f6l\u00f6tt Petr\u00e1ban (Fot\u00f3: Boris Debic \/ Wikimedia Commons, CC BY-SA 4.0)<\/figcaption><\/figure>\n\n\n\n<p class=\"wp-block-paragraph\">Ezekkel a kil\u00e1t\u00f3pontokkal kapcsolatban egy fontos dologra kell figyelmeztetnem, mert <strong>egyes r\u00f6vid\u00edt\u00e9sekhez a helyi beduinok cs\u00e1b\u00edtanak<\/strong>, \u00e9s p\u00e9nz\u00e9rt k\u00edn\u00e1lj\u00e1k, hogy elvezetnek. Azt mondj\u00e1k, egyes mell\u00e9k\u00f6sv\u00e9nyek helyi k\u00eds\u00e9ret n\u00e9lk\u00fcl el\u00e9g \u00e1tl\u00e1thatatlanok, s\u0151t ak\u00e1r vesz\u00e9lyesek is, \u00edgy ha \u00fagy d\u00f6ntesz, ig\u00e9nybe veszed a szolg\u00e1ltat\u00e1sukat, mindig nagyon egy\u00e9rtelm\u0171en \u00e1llapodj meg el\u0151re a v\u00e9g\u00f6sszegben, hogy elker\u00fcld a kellemetlen alkudoz\u00e1st az \u00fat v\u00e9g\u00e9n.<\/p>\n\n\n\n<h3 id=\"5_Mala_Petra_Siq_al_Barid\" class=\"wp-block-heading\"><span class=\"ez-toc-section\" id=\"5_Kis-Petra_Sziq_al-Barid\"><\/span>5. Kis-Petra (Sziq al-Barid)<span class=\"ez-toc-section-end\"><\/span><\/h3>\n\n\n\n<p class=\"wp-block-paragraph\">Ha m\u00e9g a nagy t\u00f6meg\u0151r\u00fclet el\u0151tt szeretn\u00e9d besz\u00edvni a nabateus \u00e9p\u00edt\u00e9szet hangulat\u00e1t, ugorj el az \u00fagynevezett Kis-Petr\u00e1ba, hivatalos nev\u00e9n Sziq al-Baridba. Ez egy <strong>kisebb t\u00f6rt\u00e9nelmi telep\u00fcl\u00e9s a homokk\u0151 szikl\u00e1k k\u00f6z\u00f6tt elrejtve<\/strong>, nem messze a f\u0151 ter\u00fclett\u0151l, amely val\u00f3sz\u00edn\u0171leg egykor egyfajta kereskedelmi el\u0151v\u00e1rosk\u00e9nt szolg\u00e1lta a karav\u00e1nokat. A hely legnagyobb kincse egy meg\u0151rz\u00f6tt, festett mennyezet az egyik szikl\u00e1ba v\u00e9sett kamr\u00e1ban, ahol mind a mai napig l\u00e1tni a sz\u0151l\u0151t\u0151- \u00e9s mad\u00e1rmot\u00edvumos r\u00e9szletes fresk\u00f3kat, ami ezen a vid\u00e9ken abszol\u00fat egyed\u00fcl\u00e1ll\u00f3.<\/p>\n\n\n\n<figure data-wp-context=\"{&quot;imageId&quot;:&quot;6a9530b25dfd8&quot;}\" data-wp-interactive=\"core\/image\" data-wp-key=\"6a9530b25dfd8\" class=\"wp-block-image size-full wp-lightbox-container\"><img decoding=\"async\" width=\"1500\" height=\"996\" data-wp-class--hide=\"state.isContentHidden\" data-wp-class--show=\"state.isContentVisible\" data-wp-init=\"callbacks.setButtonStyles\" data-wp-on--click=\"actions.showLightbox\" data-wp-on--load=\"callbacks.setButtonStyles\" data-wp-on--pointerdown=\"actions.preloadImage\" data-wp-on--pointerenter=\"actions.preloadImageWithDelay\" data-wp-on--pointerleave=\"actions.cancelPreload\" data-wp-on-window--resize=\"callbacks.setButtonStyles\" src=\"https:\/\/loudavymkrokem.cz\/wp-content\/uploads\/2026\/08\/dovolena-jordansko-t05.jpg\" alt=\"Kis-Petra, Sziq al-Barid\" class=\"wp-image-400030\" title=\"\" srcset=\"https:\/\/loudavymkrokem.cz\/wp-content\/uploads\/2026\/08\/dovolena-jordansko-t05.jpg 1500w, https:\/\/loudavymkrokem.cz\/wp-content\/uploads\/2026\/08\/dovolena-jordansko-t05-300x199.jpg 300w, https:\/\/loudavymkrokem.cz\/wp-content\/uploads\/2026\/08\/dovolena-jordansko-t05-700x465.jpg 700w, https:\/\/loudavymkrokem.cz\/wp-content\/uploads\/2026\/08\/dovolena-jordansko-t05-768x510.jpg 768w, https:\/\/loudavymkrokem.cz\/wp-content\/uploads\/2026\/08\/dovolena-jordansko-t05-696x462.jpg 696w, https:\/\/loudavymkrokem.cz\/wp-content\/uploads\/2026\/08\/dovolena-jordansko-t05-1392x924.jpg 1392w\" sizes=\"(max-width: 1500px) 100vw, 1500px\" \/><button\n\t\t\tclass=\"lightbox-trigger\"\n\t\t\ttype=\"button\"\n\t\t\taria-haspopup=\"dialog\"\n\t\t\tdata-wp-bind--aria-label=\"state.thisImage.triggerButtonAriaLabel\"\n\t\t\tdata-wp-init=\"callbacks.initTriggerButton\"\n\t\t\tdata-wp-on--click=\"actions.showLightbox\"\n\t\t\tdata-wp-style--right=\"state.thisImage.buttonRight\"\n\t\t\tdata-wp-style--top=\"state.thisImage.buttonTop\"\n\t\t>\n\t\t\t<svg xmlns=\"http:\/\/www.w3.org\/2000\/svg\" width=\"12\" height=\"12\" fill=\"none\" viewBox=\"0 0 12 12\">\n\t\t\t\t<path fill=\"#fff\" d=\"M2 0a2 2 0 0 0-2 2v2h1.5V2a.5.5 0 0 1 .5-.5h2V0H2Zm2 10.5H2a.5.5 0 0 1-.5-.5V8H0v2a2 2 0 0 0 2 2h2v-1.5ZM8 12v-1.5h2a.5.5 0 0 0 .5-.5V8H12v2a2 2 0 0 1-2 2H8Zm2-12a2 2 0 0 1 2 2v2h-1.5V2a.5.5 0 0 0-.5-.5H8V0h2Z\" \/>\n\t\t\t<\/svg>\n\t\t<\/button><figcaption class=\"wp-element-caption\">Kis-Petra, Sziq al-Barid (Fot\u00f3: hikinginjordan \/ Wikimedia Commons, CC BY-SA 3.0)<\/figcaption><\/figure>\n\n\n\n<p class=\"wp-block-paragraph\">Kis-Petr\u00e1t a turist\u00e1k gyakran figyelmen k\u00edv\u00fcl hagyj\u00e1k, ami val\u00f3j\u00e1ban \u00f3ri\u00e1si el\u0151ny, mert itt <strong>relat\u00edv nyugalomban n\u00e9zheted meg a sz\u00e9p sziklav\u00e1rost<\/strong>, t\u00f6bb sz\u00e1z m\u00e1sik, f\u00e9nyk\u00e9pez\u0151g\u00e9pes ember n\u00e9lk\u00fcl. Az utaz\u00f3k azt aj\u00e1nlj\u00e1k, hogy ezt a meg\u00e1ll\u00f3t tedd a t\u00e9rs\u00e9gbeli tart\u00f3zkod\u00e1sod legelej\u00e9re, mert remek prol\u00f3gusk\u00e9nt m\u0171k\u00f6dik a nagy f\u0151v\u00e1ros el\u0151tt, r\u00e1ad\u00e1sul a felfedez\u00e9s\u00e9hez nagyj\u00e1b\u00f3l egy \u00f3ra is el\u00e9g.<\/p>\n\n\n\n<h3 id=\"6_Petra_by_Night\" class=\"wp-block-heading\"><span class=\"ez-toc-section\" id=\"6_Petra_by_Night\"><\/span>6. Petra by Night<span class=\"ez-toc-section-end\"><\/span><\/h3>\n\n\n\n<p class=\"wp-block-paragraph\">A hely var\u00e1zslatos \u00e9s nagyon romantikus arc\u00e1t az esti Petra by Night program alatt ismerheted meg, amikor az eg\u00e9sz Sziq szurdokot \u00e9s a Kincst\u00e1r el\u0151tti t\u00e9rs\u00e9get <strong>ezernyi apr\u00f3 gyertya vil\u00e1g\u00edtja meg<\/strong>. Az emberek a homokra ter\u00edtett sz\u0151nyegekre \u00fclnek, hagyom\u00e1nyos, \u00e9des te\u00e1t isznak, \u00e9s a beduin fuvol\u00e1k b\u00e1natos zen\u00e9j\u00e9t hallgatj\u00e1k, mik\u00f6zben az \u0151si homlokzatra finom sz\u00ednes f\u00e9nyeket vet\u00edtenek. Rendk\u00edv\u00fcl fotog\u00e9n esem\u00e9ny, amely sok v\u00e9lem\u00e9ny szerint misztikus hat\u00e1s\u00fa, k\u00fcl\u00f6n\u00f6sen amikor az eg\u00e9sz hatalmas kanyon f\u00f6l\u00f6tt ragyog az \u00e9jszakai csillagos \u00e9g.<\/p>\n\n\n\n<figure data-wp-context=\"{&quot;imageId&quot;:&quot;6a9530b25e44a&quot;}\" data-wp-interactive=\"core\/image\" data-wp-key=\"6a9530b25e44a\" class=\"wp-block-image size-full wp-lightbox-container\"><img decoding=\"async\" width=\"1500\" height=\"1125\" data-wp-class--hide=\"state.isContentHidden\" data-wp-class--show=\"state.isContentVisible\" data-wp-init=\"callbacks.setButtonStyles\" data-wp-on--click=\"actions.showLightbox\" data-wp-on--load=\"callbacks.setButtonStyles\" data-wp-on--pointerdown=\"actions.preloadImage\" data-wp-on--pointerenter=\"actions.preloadImageWithDelay\" data-wp-on--pointerleave=\"actions.cancelPreload\" data-wp-on-window--resize=\"callbacks.setButtonStyles\" src=\"https:\/\/loudavymkrokem.cz\/wp-content\/uploads\/2026\/08\/dovolena-jordansko-t06.jpg\" alt=\"Petra by Night a gyerty\u00e1k f\u00e9ny\u00e9ben\" class=\"wp-image-400032\" title=\"\" srcset=\"https:\/\/loudavymkrokem.cz\/wp-content\/uploads\/2026\/08\/dovolena-jordansko-t06.jpg 1500w, https:\/\/loudavymkrokem.cz\/wp-content\/uploads\/2026\/08\/dovolena-jordansko-t06-300x225.jpg 300w, https:\/\/loudavymkrokem.cz\/wp-content\/uploads\/2026\/08\/dovolena-jordansko-t06-700x525.jpg 700w, https:\/\/loudavymkrokem.cz\/wp-content\/uploads\/2026\/08\/dovolena-jordansko-t06-768x576.jpg 768w, https:\/\/loudavymkrokem.cz\/wp-content\/uploads\/2026\/08\/dovolena-jordansko-t06-80x60.jpg 80w, https:\/\/loudavymkrokem.cz\/wp-content\/uploads\/2026\/08\/dovolena-jordansko-t06-160x120.jpg 160w, https:\/\/loudavymkrokem.cz\/wp-content\/uploads\/2026\/08\/dovolena-jordansko-t06-696x522.jpg 696w, https:\/\/loudavymkrokem.cz\/wp-content\/uploads\/2026\/08\/dovolena-jordansko-t06-1392x1044.jpg 1392w\" sizes=\"(max-width: 1500px) 100vw, 1500px\" \/><button\n\t\t\tclass=\"lightbox-trigger\"\n\t\t\ttype=\"button\"\n\t\t\taria-haspopup=\"dialog\"\n\t\t\tdata-wp-bind--aria-label=\"state.thisImage.triggerButtonAriaLabel\"\n\t\t\tdata-wp-init=\"callbacks.initTriggerButton\"\n\t\t\tdata-wp-on--click=\"actions.showLightbox\"\n\t\t\tdata-wp-style--right=\"state.thisImage.buttonRight\"\n\t\t\tdata-wp-style--top=\"state.thisImage.buttonTop\"\n\t\t>\n\t\t\t<svg xmlns=\"http:\/\/www.w3.org\/2000\/svg\" width=\"12\" height=\"12\" fill=\"none\" viewBox=\"0 0 12 12\">\n\t\t\t\t<path fill=\"#fff\" d=\"M2 0a2 2 0 0 0-2 2v2h1.5V2a.5.5 0 0 1 .5-.5h2V0H2Zm2 10.5H2a.5.5 0 0 1-.5-.5V8H0v2a2 2 0 0 0 2 2h2v-1.5ZM8 12v-1.5h2a.5.5 0 0 0 .5-.5V8H12v2a2 2 0 0 1-2 2H8Zm2-12a2 2 0 0 1 2 2v2h-1.5V2a.5.5 0 0 0-.5-.5H8V0h2Z\" \/>\n\t\t\t<\/svg>\n\t\t<\/button><figcaption class=\"wp-element-caption\">Petra by Night a gyerty\u00e1k f\u00e9ny\u00e9ben (Fot\u00f3: krebsmaus07 \/ Wikimedia Commons, CC BY 2.0)<\/figcaption><\/figure>\n\n\n\n<p class=\"wp-block-paragraph\">Egy l\u00e9nyeges gyakorlati inform\u00e1ci\u00f3t viszont \u0151szint\u00e9n hozz\u00e1 kell tennem, mert <strong>ez az esti \u00e9lm\u00e9ny NEM r\u00e9sze a Jordan Passnak<\/strong>, \u00e9s k\u00fcl\u00f6n jegyet kell r\u00e1 venned k\u00f6zvetlen\u00fcl a helysz\u00ednen, tov\u00e1bbi d\u00edn\u00e1rok\u00e9rt. A program r\u00e1ad\u00e1sul csak a h\u00e9t bizonyos napjain van, jellemz\u0151en h\u00e9tf\u0151n, szerd\u00e1n \u00e9s cs\u00fct\u00f6rt\u00f6k\u00f6n, \u00edgy okosan kell hozz\u00e1 tervezned az \u00fatitervedet, \u00e9s f\u0151leg ne v\u00e1rj kamarahangulatot \u2013 rengeteg l\u00e1togat\u00f3 \u00fcl majd ott veled \ud83d\ude05.<\/p>\n\n\n\n<h3 id=\"7_Wadi_Musa_zakladna_pro_navstevu_Petry\" class=\"wp-block-heading\"><span class=\"ez-toc-section\" id=\"7_Wadi_Musa_bazis_Petra_meglatogatasahoz\"><\/span>7. Wadi Musa: b\u00e1zis Petra megl\u00e1togat\u00e1s\u00e1hoz<span class=\"ez-toc-section-end\"><\/span><\/h3>\n\n\n\n<p class=\"wp-block-paragraph\">Amikor Petr\u00e1t l\u00e1togatod, val\u00f3j\u00e1ban a szomsz\u00e9dos Wadi Musa v\u00e1rosk\u00e1ban laksz \u00e9s t\u00f6lt\u00f6d az est\u00e9ket, amely k\u00f6zvetlen\u00fcl a l\u00e1togat\u00f3k\u00f6zpont bej\u00e1rat\u00e1n\u00e1l n\u0151tt fel, \u00e9s az eg\u00e9sz t\u00e9rs\u00e9g <strong>f\u0151 turisztikai b\u00e1zisak\u00e9nt<\/strong> szolg\u00e1l. Itt megtal\u00e1lsz mindent, amire egy kellemes nyaral\u00e1shoz sz\u00fcks\u00e9ged van, a luxus nemzetk\u00f6zi hotelekt\u0151l a hangulatos csal\u00e1di panzi\u00f3kon \u00e1t a rengeteg k\u00e1v\u00e9z\u00f3ig \u00e9s \u00e9tteremig. \u00c9pp itt k\u00f3stolhatod meg a hagyom\u00e1nyos jord\u00e1niai konyh\u00e1t, ahol a helyi specialit\u00e1s gyakran a f\u00f6ldalatti kemenc\u00e9kben s\u00fclt k\u00fcl\u00f6nf\u00e9le h\u00fas- \u00e9s z\u00f6lds\u00e9g\u00e9telek, amelyeknek az utaz\u00f3k \u00e1ll\u00edt\u00f3lag nagyon \u00f6r\u00fclnek, mellette pedig kiv\u00e1l\u00f3 humusz vagy falafel.<\/p>\n\n\n\n<figure data-wp-context=\"{&quot;imageId&quot;:&quot;6a9530b25e929&quot;}\" data-wp-interactive=\"core\/image\" data-wp-key=\"6a9530b25e929\" class=\"wp-block-image size-full wp-lightbox-container\"><img decoding=\"async\" width=\"1500\" height=\"996\" data-wp-class--hide=\"state.isContentHidden\" data-wp-class--show=\"state.isContentVisible\" data-wp-init=\"callbacks.setButtonStyles\" data-wp-on--click=\"actions.showLightbox\" data-wp-on--load=\"callbacks.setButtonStyles\" data-wp-on--pointerdown=\"actions.preloadImage\" data-wp-on--pointerenter=\"actions.preloadImageWithDelay\" data-wp-on--pointerleave=\"actions.cancelPreload\" data-wp-on-window--resize=\"callbacks.setButtonStyles\" src=\"https:\/\/loudavymkrokem.cz\/wp-content\/uploads\/2026\/08\/dovolena-jordansko-t07.jpg\" alt=\"Wadi Musa v\u00e1roska Petra bej\u00e1rat\u00e1n\u00e1l\" class=\"wp-image-400034\" title=\"\" srcset=\"https:\/\/loudavymkrokem.cz\/wp-content\/uploads\/2026\/08\/dovolena-jordansko-t07.jpg 1500w, https:\/\/loudavymkrokem.cz\/wp-content\/uploads\/2026\/08\/dovolena-jordansko-t07-300x199.jpg 300w, https:\/\/loudavymkrokem.cz\/wp-content\/uploads\/2026\/08\/dovolena-jordansko-t07-700x465.jpg 700w, https:\/\/loudavymkrokem.cz\/wp-content\/uploads\/2026\/08\/dovolena-jordansko-t07-768x510.jpg 768w, https:\/\/loudavymkrokem.cz\/wp-content\/uploads\/2026\/08\/dovolena-jordansko-t07-696x462.jpg 696w, https:\/\/loudavymkrokem.cz\/wp-content\/uploads\/2026\/08\/dovolena-jordansko-t07-1392x924.jpg 1392w\" sizes=\"(max-width: 1500px) 100vw, 1500px\" \/><button\n\t\t\tclass=\"lightbox-trigger\"\n\t\t\ttype=\"button\"\n\t\t\taria-haspopup=\"dialog\"\n\t\t\tdata-wp-bind--aria-label=\"state.thisImage.triggerButtonAriaLabel\"\n\t\t\tdata-wp-init=\"callbacks.initTriggerButton\"\n\t\t\tdata-wp-on--click=\"actions.showLightbox\"\n\t\t\tdata-wp-style--right=\"state.thisImage.buttonRight\"\n\t\t\tdata-wp-style--top=\"state.thisImage.buttonTop\"\n\t\t>\n\t\t\t<svg xmlns=\"http:\/\/www.w3.org\/2000\/svg\" width=\"12\" height=\"12\" fill=\"none\" viewBox=\"0 0 12 12\">\n\t\t\t\t<path fill=\"#fff\" d=\"M2 0a2 2 0 0 0-2 2v2h1.5V2a.5.5 0 0 1 .5-.5h2V0H2Zm2 10.5H2a.5.5 0 0 1-.5-.5V8H0v2a2 2 0 0 0 2 2h2v-1.5ZM8 12v-1.5h2a.5.5 0 0 0 .5-.5V8H12v2a2 2 0 0 1-2 2H8Zm2-12a2 2 0 0 1 2 2v2h-1.5V2a.5.5 0 0 0-.5-.5H8V0h2Z\" \/>\n\t\t\t<\/svg>\n\t\t<\/button><figcaption class=\"wp-element-caption\">Wadi Musa v\u00e1roska Petra bej\u00e1rat\u00e1n\u00e1l (Fot\u00f3: Jorge L\u00e1scar from Australia \/ Wikimedia Commons, CC BY 2.0)<\/figcaption><\/figure>\n\n\n\n<p class=\"wp-block-paragraph\">A Wadi Mus\u00e1ban l\u00e9v\u0151 sz\u00e1ll\u00e1s kiv\u00e1laszt\u00e1sakor egy alapvet\u0151 dologra nagyon figyelj, mert <strong>az eg\u00e9sz v\u00e1roska egy meglehet\u0151sen meredek dombra \u00e9p\u00fclt<\/strong>, amelynek legals\u00f3 pontja a Petr\u00e1ba vezet\u0151 kapun\u00e1l van. Ha teh\u00e1t egy olcs\u00f3bb hotelt foglalsz magasan a dombon, reggel sz\u00e9pen lefel\u00e9 s\u00e9t\u00e1lsz a l\u00e1tnival\u00f3hoz, de d\u00e9lut\u00e1n, h\u00fasz megtett kilom\u00e9ter ut\u00e1n el\u00e9g kem\u00e9ny kaptat\u00f3 v\u00e1r r\u00e1d visszafel\u00e9, \u00edgy gyakran jobb r\u00e1k\u00f6lteni egy bej\u00e1rathoz k\u00f6zelebbi hotelre, vagy taxit haszn\u00e1lni.<\/p>\n\n\n\n<h3 id=\"8_Wadi_Ram_ruda_poust_z_filmu\" class=\"wp-block-heading\"><span class=\"ez-toc-section\" id=\"8_Wadi_Rum_a_filmekbol_ismert_voros_sivatag\"><\/span>8. Wadi Rum: a filmekb\u0151l ismert v\u00f6r\u00f6s sivatag<span class=\"ez-toc-section-end\"><\/span><\/h3>\n\n\n\n<p class=\"wp-block-paragraph\">Amint elhagyod a hegyeket \u00e9s d\u00e9l fel\u00e9 indulsz, kit\u00e1rul el\u0151tted a Wadi Rum v\u00e9dett ter\u00fclet, ez a <strong>h\u00edres, UNESCO-list\u00e1s v\u00f6r\u00f6s sivatag<\/strong>, amely sz\u00f3 szerint \u00fagy n\u00e9z ki, mint egy m\u00e1sik bolyg\u00f3. Nem csoda, hogy ezt a hihetetlen\u00fcl dr\u00e1mai v\u00f6lgyet a hatalmas homokk\u0151- \u00e9s gr\u00e1nitt\u00f6mb\u00f6kkel megkedvelt\u00e9k a hollywoodi filmesek: itt forgatt\u00e1k a h\u00edres Ment\u0151exped\u00edci\u00f3t, az epikus D\u0171n\u00e9t \u00e9s a klasszikus Ar\u00e1biai Lawrence-et. A homok sz\u00edne napk\u00f6zben az \u00e9l\u00e9nks\u00e1rg\u00e1t\u00f3l a narancson \u00e1t a s\u00f6t\u00e9tv\u00f6r\u00f6sig v\u00e1ltozik, ami a bizarr sziklaalakzatokkal egy\u00fctt olyan d\u00edszletet ad, amelyr\u0151l nem tudod levenni a szemed.<\/p>\n\n\n\n<figure data-wp-context=\"{&quot;imageId&quot;:&quot;6a9530b25f3f4&quot;}\" data-wp-interactive=\"core\/image\" data-wp-key=\"6a9530b25f3f4\" class=\"wp-block-image size-full wp-lightbox-container\"><img decoding=\"async\" width=\"1500\" height=\"1000\" data-wp-class--hide=\"state.isContentHidden\" data-wp-class--show=\"state.isContentVisible\" data-wp-init=\"callbacks.setButtonStyles\" data-wp-on--click=\"actions.showLightbox\" data-wp-on--load=\"callbacks.setButtonStyles\" data-wp-on--pointerdown=\"actions.preloadImage\" data-wp-on--pointerenter=\"actions.preloadImageWithDelay\" data-wp-on--pointerleave=\"actions.cancelPreload\" data-wp-on-window--resize=\"callbacks.setButtonStyles\" src=\"https:\/\/loudavymkrokem.cz\/wp-content\/uploads\/2026\/08\/dovolena-jordansko-t08.jpg\" alt=\"Sziklaalakzatok a Wadi Rumban\" class=\"wp-image-400035\" title=\"\" srcset=\"https:\/\/loudavymkrokem.cz\/wp-content\/uploads\/2026\/08\/dovolena-jordansko-t08.jpg 1500w, https:\/\/loudavymkrokem.cz\/wp-content\/uploads\/2026\/08\/dovolena-jordansko-t08-300x200.jpg 300w, https:\/\/loudavymkrokem.cz\/wp-content\/uploads\/2026\/08\/dovolena-jordansko-t08-700x467.jpg 700w, https:\/\/loudavymkrokem.cz\/wp-content\/uploads\/2026\/08\/dovolena-jordansko-t08-768x512.jpg 768w, https:\/\/loudavymkrokem.cz\/wp-content\/uploads\/2026\/08\/dovolena-jordansko-t08-696x464.jpg 696w, https:\/\/loudavymkrokem.cz\/wp-content\/uploads\/2026\/08\/dovolena-jordansko-t08-1392x928.jpg 1392w\" sizes=\"(max-width: 1500px) 100vw, 1500px\" \/><button\n\t\t\tclass=\"lightbox-trigger\"\n\t\t\ttype=\"button\"\n\t\t\taria-haspopup=\"dialog\"\n\t\t\tdata-wp-bind--aria-label=\"state.thisImage.triggerButtonAriaLabel\"\n\t\t\tdata-wp-init=\"callbacks.initTriggerButton\"\n\t\t\tdata-wp-on--click=\"actions.showLightbox\"\n\t\t\tdata-wp-style--right=\"state.thisImage.buttonRight\"\n\t\t\tdata-wp-style--top=\"state.thisImage.buttonTop\"\n\t\t>\n\t\t\t<svg xmlns=\"http:\/\/www.w3.org\/2000\/svg\" width=\"12\" height=\"12\" fill=\"none\" viewBox=\"0 0 12 12\">\n\t\t\t\t<path fill=\"#fff\" d=\"M2 0a2 2 0 0 0-2 2v2h1.5V2a.5.5 0 0 1 .5-.5h2V0H2Zm2 10.5H2a.5.5 0 0 1-.5-.5V8H0v2a2 2 0 0 0 2 2h2v-1.5ZM8 12v-1.5h2a.5.5 0 0 0 .5-.5V8H12v2a2 2 0 0 1-2 2H8Zm2-12a2 2 0 0 1 2 2v2h-1.5V2a.5.5 0 0 0-.5-.5H8V0h2Z\" \/>\n\t\t\t<\/svg>\n\t\t<\/button><figcaption class=\"wp-element-caption\">Sziklaalakzatok a Wadi Rumban (Fot\u00f3: Vyacheslav Argenberg \/ Wikimedia Commons, CC BY 4.0)<\/figcaption><\/figure>\n\n\n\n<p class=\"wp-block-paragraph\">A legjobb m\u00f3dja, hogy ezt a hatalmas sz\u00e9ps\u00e9get felfedezd, a <strong>helyi beduinokkal tett dzsipt\u00fara<\/strong>, akik a sivatag minden centim\u00e9ter\u00e9t ismerik, \u00e9s elvisznek a leg\u00e9rdekesebb helyekre. \u00c1ltal\u00e1ban egy f\u00e9l- vagy eg\u00e9sznapos t\u00far\u00e1ban \u00e1llapodsz meg egy terepj\u00e1r\u00f3 plat\u00f3j\u00e1n, amely sor\u00e1n hatalmas homokd\u0171n\u00e9ket ereszkedsz le, sziklahidakat csod\u00e1lsz, \u00e9s t\u00fal\u00e9des\u00edtett mentate\u00e1t iszol a t\u0171z mellett kis beduin s\u00e1trakban a puszta k\u00f6zep\u00e9n.<\/p>\n\n\n\n<h3 id=\"9_Spani_v_beduinskem_kempu_pod_hvezdami\" class=\"wp-block-heading\"><span class=\"ez-toc-section\" id=\"9_Alvas_beduin_taborban_a_csillagok_alatt\"><\/span>9. Alv\u00e1s beduin t\u00e1borban a csillagok alatt<span class=\"ez-toc-section-end\"><\/span><\/h3>\n\n\n\n<p class=\"wp-block-paragraph\">A sivatagi l\u00e1togat\u00e1s nem lenne teljes, ha nem t\u00f6lten\u00e9l ott legal\u00e1bb egy \u00e9jszak\u00e1t, mert a Wadi Rum-i sz\u00e1ll\u00e1s k\u00fcl\u00f6n kateg\u00f3ria. V\u00e1laszthatsz a nagyon egyszer\u0171 \u00e9s autentikus, kecskesz\u0151rb\u0151l sz\u0151tt beduin s\u00e1trakt\u00f3l a <strong>kl\u00edm\u00e1s, \u00fcvegfal\u00fa luxusbubor\u00e9kokig, kil\u00e1t\u00e1ssal az \u00e9gboltra<\/strong>, amelyeket gyakran marslak\u00f3s\u00e1traknak bec\u00e9znek. A v\u00e9lem\u00e9nyek szerint az \u00e9jszakai csillagn\u00e9z\u00e9s a sivatagban, ahol szinte nincs f\u00e9nyszennyez\u00e9s, leny\u0171g\u00f6z\u0151 l\u00e1tv\u00e1ny, amely az embereknek gyakran nagyon sok\u00e1ig megmarad az eml\u00e9kezet\u00e9ben.<\/p>\n\n\n\n<figure data-wp-context=\"{&quot;imageId&quot;:&quot;6a9530b25fbb2&quot;}\" data-wp-interactive=\"core\/image\" data-wp-key=\"6a9530b25fbb2\" class=\"wp-block-image size-full wp-lightbox-container\"><img decoding=\"async\" width=\"1500\" height=\"1004\" data-wp-class--hide=\"state.isContentHidden\" data-wp-class--show=\"state.isContentVisible\" data-wp-init=\"callbacks.setButtonStyles\" data-wp-on--click=\"actions.showLightbox\" data-wp-on--load=\"callbacks.setButtonStyles\" data-wp-on--pointerdown=\"actions.preloadImage\" data-wp-on--pointerenter=\"actions.preloadImageWithDelay\" data-wp-on--pointerleave=\"actions.cancelPreload\" data-wp-on-window--resize=\"callbacks.setButtonStyles\" src=\"https:\/\/loudavymkrokem.cz\/wp-content\/uploads\/2026\/08\/dovolena-jordansko-t09.jpg\" alt=\"Beduin t\u00e1bor a Wadi Rumban\" class=\"wp-image-400036\" title=\"\" srcset=\"https:\/\/loudavymkrokem.cz\/wp-content\/uploads\/2026\/08\/dovolena-jordansko-t09.jpg 1500w, https:\/\/loudavymkrokem.cz\/wp-content\/uploads\/2026\/08\/dovolena-jordansko-t09-300x201.jpg 300w, https:\/\/loudavymkrokem.cz\/wp-content\/uploads\/2026\/08\/dovolena-jordansko-t09-700x469.jpg 700w, https:\/\/loudavymkrokem.cz\/wp-content\/uploads\/2026\/08\/dovolena-jordansko-t09-768x514.jpg 768w, https:\/\/loudavymkrokem.cz\/wp-content\/uploads\/2026\/08\/dovolena-jordansko-t09-696x466.jpg 696w, https:\/\/loudavymkrokem.cz\/wp-content\/uploads\/2026\/08\/dovolena-jordansko-t09-1392x932.jpg 1392w\" sizes=\"(max-width: 1500px) 100vw, 1500px\" \/><button\n\t\t\tclass=\"lightbox-trigger\"\n\t\t\ttype=\"button\"\n\t\t\taria-haspopup=\"dialog\"\n\t\t\tdata-wp-bind--aria-label=\"state.thisImage.triggerButtonAriaLabel\"\n\t\t\tdata-wp-init=\"callbacks.initTriggerButton\"\n\t\t\tdata-wp-on--click=\"actions.showLightbox\"\n\t\t\tdata-wp-style--right=\"state.thisImage.buttonRight\"\n\t\t\tdata-wp-style--top=\"state.thisImage.buttonTop\"\n\t\t>\n\t\t\t<svg xmlns=\"http:\/\/www.w3.org\/2000\/svg\" width=\"12\" height=\"12\" fill=\"none\" viewBox=\"0 0 12 12\">\n\t\t\t\t<path fill=\"#fff\" d=\"M2 0a2 2 0 0 0-2 2v2h1.5V2a.5.5 0 0 1 .5-.5h2V0H2Zm2 10.5H2a.5.5 0 0 1-.5-.5V8H0v2a2 2 0 0 0 2 2h2v-1.5ZM8 12v-1.5h2a.5.5 0 0 0 .5-.5V8H12v2a2 2 0 0 1-2 2H8Zm2-12a2 2 0 0 1 2 2v2h-1.5V2a.5.5 0 0 0-.5-.5H8V0h2Z\" \/>\n\t\t\t<\/svg>\n\t\t<\/button><figcaption class=\"wp-element-caption\">Beduin t\u00e1bor a Wadi Rumban (Fot\u00f3: Berthold Werner \/ Wikimedia Commons, CC BY-SA 3.0)<\/figcaption><\/figure>\n\n\n\n<p class=\"wp-block-paragraph\">Nagyon nyomat\u00e9kosan \u00f3vlak viszont att\u00f3l, hogy al\u00e1becs\u00fcld a sivatagi \u00e9ghajlatot, mert a h\u0151m\u00e9rs\u00e9klet-ingadoz\u00e1sok itt \u00f3ri\u00e1siak, \u00e9s \u00e1tgondolt csomagol\u00e1st ig\u00e9nyelnek. M\u00edg ny\u00e1ron k\u00e9s\u0151 estig elviselhetetlen a h\u0151s\u00e9g, addig a <strong>t\u00e9li h\u00f3napokban \u00e9jszaka t\u00e9nyleg nagyon alacsonyra<\/strong>, fagypont k\u00f6zel\u00e9be zuhan a h\u0151m\u00e9rs\u00e9klet, \u00edgy a r\u00e9teges meleg ruha \u00e9s a vastag zokni alv\u00e1shoz \u00f3ri\u00e1si megment\u0151d lesz, ha szezonon k\u00edv\u00fcl utazol.<\/p>\n\n\n\n<h3 id=\"10_Skalni_most_Umm_Fruth_a_Lawrencuv_pramen\" class=\"wp-block-heading\"><span class=\"ez-toc-section\" id=\"10_Az_Umm_Fruth_sziklahid_es_Lawrence_forrasa\"><\/span>10. Az Umm Fruth sziklah\u00edd \u00e9s Lawrence forr\u00e1sa<span class=\"ez-toc-section-end\"><\/span><\/h3>\n\n\n\n<p class=\"wp-block-paragraph\">Mik\u00f6zben dzsippel kereszt\u00fcl-kasul j\u00e1rod a sivatagot, az idegenvezet\u0151k biztosan elvisznek n\u00e9h\u00e1ny konkr\u00e9t helyre, amelyek k\u00f6z\u00fcl a legismertebbek k\u00f6z\u00e9 tartozik a term\u00e9szetes Umm Fruth sziklah\u00edd \u00e9s a t\u00f6rt\u00e9nelmi Lawrence-forr\u00e1s. Az <strong>Umm Fruth sziklah\u00edd egy term\u00e9szetes \u00edv<\/strong>, amely \u00e9vezredek alatt j\u00f6tt l\u00e9tre a sz\u00e9l \u00e9s a homok hat\u00e1s\u00e1ra, m\u00edg a Lawrence-forr\u00e1s egy kis itat\u00f3 magasan a szikl\u00e1kban, amely k\u00f6r\u00fcl \u0151si, k\u0151be v\u00e9sett nabateus feliratokat is tal\u00e1lsz. Pontosan ezek azok a helyek, ahol r\u00e1j\u00f6ssz, milyen hatalmas a term\u00e9szet, \u00e9s milyen hossz\u00fa az emberi megteleped\u00e9s t\u00f6rt\u00e9nete ebben a l\u00e1tsz\u00f3lag zord t\u00e1jban.<\/p>\n\n\n\n<figure data-wp-context=\"{&quot;imageId&quot;:&quot;6a9530b260059&quot;}\" data-wp-interactive=\"core\/image\" data-wp-key=\"6a9530b260059\" class=\"wp-block-image size-full wp-lightbox-container\"><img decoding=\"async\" width=\"1500\" height=\"1125\" data-wp-class--hide=\"state.isContentHidden\" data-wp-class--show=\"state.isContentVisible\" data-wp-init=\"callbacks.setButtonStyles\" data-wp-on--click=\"actions.showLightbox\" data-wp-on--load=\"callbacks.setButtonStyles\" data-wp-on--pointerdown=\"actions.preloadImage\" data-wp-on--pointerenter=\"actions.preloadImageWithDelay\" data-wp-on--pointerleave=\"actions.cancelPreload\" data-wp-on-window--resize=\"callbacks.setButtonStyles\" src=\"https:\/\/loudavymkrokem.cz\/wp-content\/uploads\/2026\/08\/dovolena-jordansko-t10.jpg\" alt=\"Az Umm Fruth sziklah\u00edd\" class=\"wp-image-400038\" title=\"\" srcset=\"https:\/\/loudavymkrokem.cz\/wp-content\/uploads\/2026\/08\/dovolena-jordansko-t10.jpg 1500w, https:\/\/loudavymkrokem.cz\/wp-content\/uploads\/2026\/08\/dovolena-jordansko-t10-300x225.jpg 300w, https:\/\/loudavymkrokem.cz\/wp-content\/uploads\/2026\/08\/dovolena-jordansko-t10-700x525.jpg 700w, https:\/\/loudavymkrokem.cz\/wp-content\/uploads\/2026\/08\/dovolena-jordansko-t10-768x576.jpg 768w, https:\/\/loudavymkrokem.cz\/wp-content\/uploads\/2026\/08\/dovolena-jordansko-t10-80x60.jpg 80w, https:\/\/loudavymkrokem.cz\/wp-content\/uploads\/2026\/08\/dovolena-jordansko-t10-160x120.jpg 160w, https:\/\/loudavymkrokem.cz\/wp-content\/uploads\/2026\/08\/dovolena-jordansko-t10-696x522.jpg 696w, https:\/\/loudavymkrokem.cz\/wp-content\/uploads\/2026\/08\/dovolena-jordansko-t10-1392x1044.jpg 1392w\" sizes=\"(max-width: 1500px) 100vw, 1500px\" \/><button\n\t\t\tclass=\"lightbox-trigger\"\n\t\t\ttype=\"button\"\n\t\t\taria-haspopup=\"dialog\"\n\t\t\tdata-wp-bind--aria-label=\"state.thisImage.triggerButtonAriaLabel\"\n\t\t\tdata-wp-init=\"callbacks.initTriggerButton\"\n\t\t\tdata-wp-on--click=\"actions.showLightbox\"\n\t\t\tdata-wp-style--right=\"state.thisImage.buttonRight\"\n\t\t\tdata-wp-style--top=\"state.thisImage.buttonTop\"\n\t\t>\n\t\t\t<svg xmlns=\"http:\/\/www.w3.org\/2000\/svg\" width=\"12\" height=\"12\" fill=\"none\" viewBox=\"0 0 12 12\">\n\t\t\t\t<path fill=\"#fff\" d=\"M2 0a2 2 0 0 0-2 2v2h1.5V2a.5.5 0 0 1 .5-.5h2V0H2Zm2 10.5H2a.5.5 0 0 1-.5-.5V8H0v2a2 2 0 0 0 2 2h2v-1.5ZM8 12v-1.5h2a.5.5 0 0 0 .5-.5V8H12v2a2 2 0 0 1-2 2H8Zm2-12a2 2 0 0 1 2 2v2h-1.5V2a.5.5 0 0 0-.5-.5H8V0h2Z\" \/>\n\t\t\t<\/svg>\n\t\t<\/button><figcaption class=\"wp-element-caption\">Az Umm Fruth sziklah\u00edd (Fot\u00f3: Raki_Man \/ Wikimedia Commons, CC BY 3.0)<\/figcaption><\/figure>\n\n\n\n<p class=\"wp-block-paragraph\">A sziklah\u00eddra fel is lehet m\u00e1szni, ami kedvelt attrakci\u00f3 a b\u00e1trabb utaz\u00f3knak, de <strong>el\u00e9g meredek kapaszkod\u00e1s v\u00e1r r\u00e1d a sima szikl\u00e1n<\/strong>, ahol t\u00e9nyleg j\u00f3l j\u00f6n a stabil edz\u0151cip\u0151 \u00e9s a magass\u00e1gt\u00f3l val\u00f3 f\u00e9lelem hi\u00e1nya. Lawrence forr\u00e1s\u00e1hoz pedig egy vadment\u00e1t\u00f3l illatoz\u00f3 mederben vezet az \u00fat, \u00e9s b\u00e1r fent gyakran csak egy kis v\u00edzpocsoly\u00e1t tal\u00e1lsz, az a kil\u00e1t\u00e1s a hatalmas homokk\u0151 v\u00f6lgyre err\u0151l a magass\u00e1gr\u00f3l mindenk\u00e9pp meg\u00e9ri a kis fizikai meger\u0151ltet\u00e9st.<\/p>\n\n\n\n<h3 id=\"11_Mrtve_more_nejnize_polozene_misto_na_sousi\" class=\"wp-block-heading\"><span class=\"ez-toc-section\" id=\"11_Holt-tenger_a_Fold_legalacsonyabban_fekvo_pontja\"><\/span>11. Holt-tenger: a F\u00f6ld legalacsonyabban fekv\u0151 pontja<span class=\"ez-toc-section-end\"><\/span><\/h3>\n\n\n\n<p class=\"wp-block-paragraph\">Amint k\u00f6zelebb \u00e9rsz az izraeli hat\u00e1rhoz, egyre m\u00e9lyebbre \u00e9s m\u00e9lyebbre ereszkedsz, m\u00edg el nem \u00e9red a Holt-tengert, amelynek felsz\u00edne mintegy 430 m\u00e9terrel a vil\u00e1gtenger szintje alatt fekszik, ezzel a <strong>F\u00f6ld legalacsonyabban fekv\u0151 pontj\u00e1t<\/strong> alkotva. Ennek az egyedi fekv\u00e9snek \u00e9s az extr\u00e9m p\u00e1rolg\u00e1snak k\u00f6sz\u00f6nhet\u0151en a v\u00edz itt olyan hihetetlen\u00fcl s\u00f3s, hogy az ember egyszer\u0171en nem tud al\u00e1mer\u00fclni benne, r\u00e1ad\u00e1sul t\u00e9len is kellemesebb \u00e9s melegebb van, mint az orsz\u00e1g t\u00f6bbi r\u00e9sz\u00e9n. Az emberek f\u0151leg az\u00e9rt j\u00f6nnek ide, hogy szabadon lebegjenek a felsz\u00ednen, \u00e9s tet\u0151t\u0151l talpig bekenj\u00e9k magukat a gy\u00f3gy\u00edt\u00f3 \u00e1sv\u00e1nyi iszappal, amely \u00e1ll\u00edt\u00f3lag csod\u00e1t tesz a b\u0151rrel.<\/p>\n\n\n\n<figure data-wp-context=\"{&quot;imageId&quot;:&quot;6a9530b26052b&quot;}\" data-wp-interactive=\"core\/image\" data-wp-key=\"6a9530b26052b\" class=\"wp-block-image size-full wp-lightbox-container\"><img decoding=\"async\" width=\"1500\" height=\"996\" data-wp-class--hide=\"state.isContentHidden\" data-wp-class--show=\"state.isContentVisible\" data-wp-init=\"callbacks.setButtonStyles\" data-wp-on--click=\"actions.showLightbox\" data-wp-on--load=\"callbacks.setButtonStyles\" data-wp-on--pointerdown=\"actions.preloadImage\" data-wp-on--pointerenter=\"actions.preloadImageWithDelay\" data-wp-on--pointerleave=\"actions.cancelPreload\" data-wp-on-window--resize=\"callbacks.setButtonStyles\" src=\"https:\/\/loudavymkrokem.cz\/wp-content\/uploads\/2026\/08\/dovolena-jordansko-t11.jpg\" alt=\"S\u00f3krist\u00e1lyok a Holt-tengern\u00e9l\" class=\"wp-image-400040\" title=\"\" srcset=\"https:\/\/loudavymkrokem.cz\/wp-content\/uploads\/2026\/08\/dovolena-jordansko-t11.jpg 1500w, https:\/\/loudavymkrokem.cz\/wp-content\/uploads\/2026\/08\/dovolena-jordansko-t11-300x199.jpg 300w, https:\/\/loudavymkrokem.cz\/wp-content\/uploads\/2026\/08\/dovolena-jordansko-t11-700x465.jpg 700w, https:\/\/loudavymkrokem.cz\/wp-content\/uploads\/2026\/08\/dovolena-jordansko-t11-768x510.jpg 768w, https:\/\/loudavymkrokem.cz\/wp-content\/uploads\/2026\/08\/dovolena-jordansko-t11-696x462.jpg 696w, https:\/\/loudavymkrokem.cz\/wp-content\/uploads\/2026\/08\/dovolena-jordansko-t11-1392x924.jpg 1392w\" sizes=\"(max-width: 1500px) 100vw, 1500px\" \/><button\n\t\t\tclass=\"lightbox-trigger\"\n\t\t\ttype=\"button\"\n\t\t\taria-haspopup=\"dialog\"\n\t\t\tdata-wp-bind--aria-label=\"state.thisImage.triggerButtonAriaLabel\"\n\t\t\tdata-wp-init=\"callbacks.initTriggerButton\"\n\t\t\tdata-wp-on--click=\"actions.showLightbox\"\n\t\t\tdata-wp-style--right=\"state.thisImage.buttonRight\"\n\t\t\tdata-wp-style--top=\"state.thisImage.buttonTop\"\n\t\t>\n\t\t\t<svg xmlns=\"http:\/\/www.w3.org\/2000\/svg\" width=\"12\" height=\"12\" fill=\"none\" viewBox=\"0 0 12 12\">\n\t\t\t\t<path fill=\"#fff\" d=\"M2 0a2 2 0 0 0-2 2v2h1.5V2a.5.5 0 0 1 .5-.5h2V0H2Zm2 10.5H2a.5.5 0 0 1-.5-.5V8H0v2a2 2 0 0 0 2 2h2v-1.5ZM8 12v-1.5h2a.5.5 0 0 0 .5-.5V8H12v2a2 2 0 0 1-2 2H8Zm2-12a2 2 0 0 1 2 2v2h-1.5V2a.5.5 0 0 0-.5-.5H8V0h2Z\" \/>\n\t\t\t<\/svg>\n\t\t<\/button><figcaption class=\"wp-element-caption\">S\u00f3krist\u00e1lyok a Holt-tengern\u00e9l (Fot\u00f3: Jorge L\u00e1scar from Australia \/ Wikimedia Commons, CC BY 2.0)<\/figcaption><\/figure>\n\n\n\n<p class=\"wp-block-paragraph\">Ugyanakkor egy \u00f3ri\u00e1si \u00e9s fontos figyelmeztet\u00e9st is \u00e1t kell adnom, mert az ilyen extr\u00e9m s\u00f3s l\u00e9ben val\u00f3 f\u00fcrd\u00e9snek megvannak a szigor\u00fa szab\u00e1lyai, k\u00fcl\u00f6nben sokat fogsz szenvedni. <strong>Semmik\u00e9pp ne borotv\u00e1lkozz az el\u0151z\u0151 napon<\/strong>, sose tedd a fejed a v\u00edz al\u00e1, nehogy s\u00f3 fr\u00f6ccsenjen a szemedbe, felt\u00e9tlen\u00fcl vigy\u00e9l v\u00edzicip\u0151t a fen\u00e9ken l\u00e9v\u0151 \u00e9les s\u00f3krist\u00e1lyok miatt, \u00e9s amint kij\u00f6ssz, azonnal \u00f6bl\u00edtsd le magad alaposan egy \u00e9desvizes zuhany alatt.<\/p>\n\n\n\n<!-- LKM_GYG_CARD start q=\"jordansko\" lang=\"hu\" rendered=\"2026-08-31T05:54:51+00:00\" v=\"1\" -->\n\n<!-- LKM_GYG_CARD end -->\n\n\n\n\n<div class=\"lk-stays-module\">\n<style>\n\/* \u2500\u2500\u2500 RESET PRO GUTENBERG \u2500\u2500\u2500 *\/\n.lk-stays-module * { box-sizing: border-box; margin: 0; padding: 0; }\n\n\/* \u2500\u2500\u2500 WRAPPER \u2500\u2500\u2500 *\/\n.lk-stays-module {\n  font-family: 'DM Sans', Georgia, sans-serif;\n  max-width: 100%;\n  margin: 2.5rem auto;\n  background: linear-gradient(135deg, #fdfaf5 0%, #fcf8f0 100%);\n  border: 1px solid #e8dfd4;\n  border-radius: 16px;\n  overflow: hidden;\n  box-shadow: 0 16px 48px rgba(195, 159, 118, 0.25), 0 4px 12px rgba(0,0,0,0.08);\n}\n\n\/* \u2500\u2500\u2500 HEADER \u2500\u2500\u2500 *\/\n.lk-stays-header {\n  position: relative;\n  padding: 24px 36px 24px;\n  background: linear-gradient(135deg, #c39f76 0%, #d4b188 60%, #c39f76 100%);\n  border-bottom: 1px solid rgba(255,255,255,.15);\n  display: flex;\n  align-items: center;\n  gap: 18px;\n}\n.lk-stays-header::before {\n  content: '';\n  position: absolute;\n  inset: 0;\n  background: url(\"data:image\/svg+xml,%3Csvg width='60' height='60' viewBox='0 0 60 60' xmlns='http:\/\/www.w3.org\/2000\/svg'%3E%3Cg fill='none' fill-rule='evenodd'%3E%3Cg fill='%23ffffff' fill-opacity='0.05'%3E%3Cpath d='M36 34v-4h-2v4h-4v2h4v4h2v-4h4v-2h-4zm0-30V0h-2v4h-4v2h4v4h2V6h4V4h-4zM6 34v-4H4v4H0v2h4v4h2v-4h4v-2H6zM6 4V0H4v4H0v2h4v4h2V6h4V4H6z'\/%3E%3C\/g%3E%3C\/g%3E%3C\/svg%3E\") repeat;\n  pointer-events: none;\n}\n.lk-stays-icon {\n  flex-shrink: 0;\n  width: 68px;\n  height: 68px;\n  border-radius: 14px;\n  background: linear-gradient(135deg, #fff 0%, #f9f6f0 100%);\n  display: flex;\n  align-items: center;\n  justify-content: center;\n  font-size: 26px;\n  box-shadow: 0 4px 12px rgba(0,0,0,0.15);\n}\n.lk-stays-eyebrow {\n  font-size: 10px;\n  font-weight: 500;\n  letter-spacing: 2.5px;\n  text-transform: uppercase;\n  color: rgba(255,255,255,.85);\n  margin: 0 0 5px 0;\n}\n.lk-stays-title {\n  font-family: 'Playfair Display', Georgia, serif;\n  font-size: 24px;\n  font-weight: 700;\n  color: #fff;\n  line-height: 1.2;\n  text-shadow: 0 1px 2px rgba(0,0,0,0.1);\n  margin: 0;\n}\n.lk-stays-subtitle {\n  font-size: 13px;\n  color: rgba(255,255,255,.75);\n  margin: 4px 0 0 0;\n  font-weight: 300;\n}\n\n\/* \u2500\u2500\u2500 CARDS GRID \u2500\u2500\u2500 *\/\n.lk-stays-grid {\n  display: grid;\n  grid-template-columns: 1fr 1fr;\n  gap: 1px;\n  background: rgba(195, 159, 118, 0.12);\n}\n\n\/* \u2500\u2500\u2500 SINGLE CARD \u2500\u2500\u2500 *\/\n.lk-stay-card {\n  background: #ffffff;\n  padding: 26px;\n  display: flex;\n  flex-direction: column;\n  gap: 11px;\n  transition: all 0.3s ease;\n  text-decoration: none;\n  color: inherit;\n  position: relative;\n}\n.lk-stay-card:hover {\n  background: #fffbf5;\n  transform: translateY(-2px);\n  box-shadow: 0 8px 24px rgba(195, 159, 118, 0.18);\n  z-index: 1;\n}\n.lk-stay-card.featured {\n  background: linear-gradient(135deg, #fffdf9 0%, #fff9f0 100%);\n  box-shadow: 0 4px 16px rgba(195, 159, 118, 0.15), inset 0 1px 0 rgba(195, 159, 118, 0.1);\n}\n.lk-stay-card.featured:hover {\n  background: linear-gradient(135deg, #fffbf5 0%, #fff8ed 100%);\n  box-shadow: 0 8px 24px rgba(195, 159, 118, 0.25), inset 0 1px 0 rgba(195, 159, 118, 0.15);\n}\n\n.lk-stay-badge {\n  display: inline-flex;\n  align-items: center;\n  gap: 5px;\n  font-size: 10px;\n  font-weight: 500;\n  letter-spacing: 1.5px;\n  text-transform: uppercase;\n  padding: 5px 11px;\n  border-radius: 20px;\n  width: fit-content;\n}\n.badge-top     { background: linear-gradient(135deg, #c39f76 0%, #d4b188 100%); color: #fff; border: 1px solid #c39f76; font-weight: 600; box-shadow: 0 2px 8px rgba(195,159,118,0.3); }\n.badge-luxury  { background: rgba(195,159,118,.12); color: #c39f76; border: 1px solid rgba(195,159,118,.25); }\n.badge-boutique{ background: rgba(54,133,252,.08); color: #3685fc; border: 1px solid rgba(54,133,252,.2); }\n.badge-nature  { background: rgba(130,190,100,.1); color: #6b9c4a; border: 1px solid rgba(130,190,100,.2); }\n.badge-remote  { background: rgba(195,159,118,.12); color: #a67e50; border: 1px solid rgba(195,159,118,.25); }\n\n.lk-stay-name {\n  font-family: 'Playfair Display', Georgia, serif;\n  font-size: 18px;\n  font-weight: 700;\n  color: #111827;\n  line-height: 1.3;\n}\n.lk-stay-desc {\n  font-size: 13.5px;\n  color: #525252;\n  line-height: 1.65;\n  font-weight: 300;\n  flex: 1;\n}\n\n.lk-stay-meta {\n  display: flex;\n  align-items: center;\n  gap: 12px;\n  flex-wrap: wrap;\n  margin-top: 4px;\n}\n.lk-stay-price {\n  font-size: 13px;\n  color: #6b7280;\n}\n.lk-stay-price strong {\n  color: #c39f76;\n  font-weight: 500;\n}\n.lk-stay-stars {\n  color: #c39f76;\n  font-size: 11px;\n  letter-spacing: 1px;\n}\n\n\/* \u2500\u2500\u2500 CTA BUTTON \u2500\u2500\u2500 *\/\n.lk-stay-cta {\n  display: inline-flex;\n  align-items: center;\n  justify-content: center;\n  gap: 7px;\n  margin-top: 8px;\n  padding: 11px 20px;\n  border-radius: 8px;\n  background: linear-gradient(135deg, #3685fc 0%, #2a6fd9 100%);\n  color: #fff;\n  font-size: 13px;\n  font-weight: 500;\n  text-decoration: none;\n  letter-spacing: .3px;\n  transition: all .2s ease;\n  cursor: pointer;\n  border: none;\n  text-align: center;\n  box-shadow: 0 4px 12px rgba(54, 133, 252, 0.25);\n}\n.lk-stay-cta:hover {\n  background: linear-gradient(135deg, #2a6fd9 0%, #1e5bc4 100%);\n  transform: translateY(-1px);\n  box-shadow: 0 6px 16px rgba(54, 133, 252, 0.35);\n}\n.lk-stay-cta svg { flex-shrink: 0; }\n\n\/* \u2500\u2500\u2500 FOOTER \u2500\u2500\u2500 *\/\n.lk-stays-footer {\n  padding: 18px 36px;\n  background: linear-gradient(to bottom, #fdfaf5 0%, #f9f4ed 100%);\n  border-top: 1px solid rgba(195, 159, 118, 0.15);\n  display: flex;\n  align-items: center;\n  justify-content: space-between;\n  flex-wrap: wrap;\n  gap: 12px;\n}\n.lk-stays-footer-note {\n  font-size: 11.5px;\n  color: #6b7280;\n  font-weight: 300;\n  line-height: 1.5;\n}\n.lk-stays-footer-note a {\n  color: #c39f76;\n  text-decoration: none;\n  font-weight: 400;\n}\n.lk-stays-footer-note a:hover {\n  text-decoration: underline;\n}\n.lk-stays-all-btn {\n  display: inline-flex;\n  align-items: center;\n  gap: 6px;\n  font-size: 12.5px;\n  font-weight: 500;\n  color: #c39f76;\n  text-decoration: none;\n  border: 1px solid rgba(195, 159, 118, 0.35);\n  padding: 8px 18px;\n  border-radius: 8px;\n  transition: all .2s ease;\n}\n.lk-stays-all-btn:hover {\n  background: rgba(195, 159, 118, 0.08);\n  border-color: rgba(195, 159, 118, 0.5);\n}\n\n\/* \u2500\u2500\u2500 RESPONSIVE \u2500\u2500\u2500 *\/\n@media (max-width: 600px) {\n  .lk-stays-grid { grid-template-columns: 1fr; }\n  .lk-stays-header { padding: 24px 20px; }\n  .lk-stays-footer { padding: 16px 20px; }\n  .lk-stay-card { padding: 22px; }\n  .lk-stays-title { font-size: 20px; }\n}\n<\/style>\n\n  <!-- HEADER -->\n  <div class=\"lk-stays-header\">\n    <img decoding=\"async\" src=\"https:\/\/loudavymkrokem.cz\/wp-content\/uploads\/2026\/02\/lukas-a-lucka.jpg\" alt=\"\" style=\"width: 75px; height: 75px; border-radius: 8px; flex-shrink: 0; object-fit: cover; display: block; margin: 4px 0;\" title=\"\">\n    <div class=\"lk-stays-header-text\">\n      <div class=\"lk-stays-eyebrow\">Luk\u00e1\u0161 \u00e9s Lucie aj\u00e1nlj\u00e1k<\/div>\n      <div class=\"lk-stays-title\">Hol sz\u00e1lljunk meg Jord\u00e1ni\u00e1ban<\/div>\n      <div class=\"lk-stays-subtitle\">6 sz\u00e1ll\u00e1s \u2014 \u00fcd\u00fcl\u0151helyek, sz\u00e1llod\u00e1k \u00e9s egy\u00e9b sz\u00e1ll\u00e1slehet\u0151s\u00e9gek<\/div>\n    <\/div>\n  <\/div>\n\n  <!-- CARDS -->\n  <div class=\"lk-stays-grid\">\n\n    <a class=\"lk-stay-card featured\" href=\"https:\/\/www.stay22.com\/allez\/roam?aid=lukaskonecny&#038;campaign=loudavymkrokemcz&#038;campaign=hu&#038;campaign=dovolena-jordansko&#038;hotelname=M%C3%B6venpick%20Resort%20Petra&#038;address=Wadi%20Musa%2C%20Jord%C3%A1nsko\" target=\"_blank\" rel=\"nofollow noopener\">\n      <span class=\"lk-stay-badge badge-top\">\u2b50 TOP V\u00c1LASZT\u00c1S<\/span>\n      <span class=\"lk-stay-badge badge-nature\">\ud83c\udfe8 Hotel<\/span>\n      <div class=\"lk-stay-name\">M\u00f6venpick Resort Petra<\/div>\n      <div class=\"lk-stay-desc\">Gy\u00f6ny\u00f6r\u0171 sz\u00e1lloda W\u00e1d\u00ed Musa v\u00e1ros\u00e1ban, amely k\u00f6zvetlen\u00fcl Petra f\u0151bej\u00e1rat\u00e1n\u00e1l tal\u00e1lhat\u00f3.<\/div>\n      <div class=\"lk-stay-meta\">\n        <span class=\"lk-stay-stars\">\u2605\u2605\u2605\u2605<\/span>\n        <span class=\"lk-stay-price\">\u00c1rak ellen\u0151rz\u00e9se<\/span>\n      <\/div>\n      <span class=\"lk-stay-cta\">\n        <svg width=\"14\" height=\"14\" viewBox=\"0 0 24 24\" fill=\"none\" stroke=\"currentColor\" stroke-width=\"2\"><path d=\"M18 13v6a2 2 0 0 1-2 2H5a2 2 0 0 1-2-2V8a2 2 0 0 1 2-2h6\"\/><polyline points=\"15 3 21 3 21 9\"\/><line x1=\"10\" y1=\"14\" x2=\"21\" y2=\"3\"\/><\/svg>\n        Ellen\u0151rizd az el\u00e9rhet\u0151s\u00e9get\n      <\/span>\n    <\/a>\n\n    <a class=\"lk-stay-card\" href=\"https:\/\/www.stay22.com\/allez\/roam?aid=lukaskonecny&#038;campaign=loudavymkrokemcz&#038;campaign=hu&#038;campaign=dovolena-jordansko&#038;hotelname=Petra%20Guest%20House%20Hotel&#038;address=Wadi%20Musa%2C%20Jord%C3%A1nsko\" target=\"_blank\" rel=\"nofollow noopener\">\n      <span class=\"lk-stay-badge badge-nature\">\ud83c\udfe8 Hotel<\/span>\n      <div class=\"lk-stay-name\">Petra Guest House Hotel<\/div>\n      <div class=\"lk-stay-desc\">Sz\u00e1ll\u00e1s k\u00f6zvetlen\u00fcl a sziklav\u00e1ros kapuj\u00e1n\u00e1l, ahol egy egyed\u00fcl\u00e1ll\u00f3, nabateus barlangban elhelyezett b\u00e1r tal\u00e1lhat\u00f3.<\/div>\n      <div class=\"lk-stay-meta\">\n        <span class=\"lk-stay-stars\">\u2605\u2605\u2605\u2605<\/span>\n        <span class=\"lk-stay-price\">\u00c1rak ellen\u0151rz\u00e9se<\/span>\n      <\/div>\n      <span class=\"lk-stay-cta\">\n        <svg width=\"14\" height=\"14\" viewBox=\"0 0 24 24\" fill=\"none\" stroke=\"currentColor\" stroke-width=\"2\"><path d=\"M18 13v6a2 2 0 0 1-2 2H5a2 2 0 0 1-2-2V8a2 2 0 0 1 2-2h6\"\/><polyline points=\"15 3 21 3 21 9\"\/><line x1=\"10\" y1=\"14\" x2=\"21\" y2=\"3\"\/><\/svg>\n        Ellen\u0151rizd az el\u00e9rhet\u0151s\u00e9get\n      <\/span>\n    <\/a>\n\n    <a class=\"lk-stay-card\" href=\"https:\/\/www.stay22.com\/allez\/roam?aid=lukaskonecny&#038;campaign=loudavymkrokemcz&#038;campaign=hu&#038;campaign=dovolena-jordansko&#038;hotelname=M%C3%B6venpick%20Resort%20%26%20Spa%20Dead%20Sea&#038;address=Sweimeh%2C%20Mrtv%C3%A9%20mo%C5%99e%2C%20Jord%C3%A1nsko\" target=\"_blank\" rel=\"nofollow noopener\">\n      <span class=\"lk-stay-badge badge-nature\">\ud83c\udf32 Resort<\/span>\n      <div class=\"lk-stay-name\">M\u00f6venpick Resort &#038; Spa Dead Sea<\/div>\n      <div class=\"lk-stay-desc\">N\u00e9pszer\u0171 nagy \u00fcd\u00fcl\u0151hely a Holt-tengern\u00e9l, saj\u00e1t stranddal \u00e9s gy\u00f3gyhat\u00e1s\u00fa iszappal.<\/div>\n      <div class=\"lk-stay-meta\">\n        <span class=\"lk-stay-stars\">\u2605\u2605\u2605\u2605<\/span>\n        <span class=\"lk-stay-price\">\u00c1rak ellen\u0151rz\u00e9se<\/span>\n      <\/div>\n      <span class=\"lk-stay-cta\">\n        <svg width=\"14\" height=\"14\" viewBox=\"0 0 24 24\" fill=\"none\" stroke=\"currentColor\" stroke-width=\"2\"><path d=\"M18 13v6a2 2 0 0 1-2 2H5a2 2 0 0 1-2-2V8a2 2 0 0 1 2-2h6\"\/><polyline points=\"15 3 21 3 21 9\"\/><line x1=\"10\" y1=\"14\" x2=\"21\" y2=\"3\"\/><\/svg>\n        Ellen\u0151rizd az el\u00e9rhet\u0151s\u00e9get\n      <\/span>\n    <\/a>\n\n    <a class=\"lk-stay-card\" href=\"https:\/\/www.stay22.com\/allez\/roam?aid=lukaskonecny&#038;campaign=loudavymkrokemcz&#038;campaign=hu&#038;campaign=dovolena-jordansko&#038;hotelname=Kempinski%20Hotel%20Ishtar%20Dead%20Sea&#038;address=Sweimeh%2C%20Mrtv%C3%A9%20mo%C5%99e%2C%20Jord%C3%A1nsko\" target=\"_blank\" rel=\"nofollow noopener\">\n      <span class=\"lk-stay-badge badge-nature\">\u2b50 Luxury<\/span>\n      <div class=\"lk-stay-name\">Kempinski Hotel Ishtar Dead Sea<\/div>\n      <div class=\"lk-stay-desc\">Hatalmas \u00e9s luxus komplexum a Holt-tengern\u00e9l t\u00f6bb medenc\u00e9vel \u00e9s nagy k\u00e9nyelemmel a vend\u00e9gek sz\u00e1m\u00e1ra.<\/div>\n      <div class=\"lk-stay-meta\">\n        <span class=\"lk-stay-stars\">\u2605\u2605\u2605\u2605<\/span>\n        <span class=\"lk-stay-price\">\u00c1rak ellen\u0151rz\u00e9se<\/span>\n      <\/div>\n      <span class=\"lk-stay-cta\">\n        <svg width=\"14\" height=\"14\" viewBox=\"0 0 24 24\" fill=\"none\" stroke=\"currentColor\" stroke-width=\"2\"><path d=\"M18 13v6a2 2 0 0 1-2 2H5a2 2 0 0 1-2-2V8a2 2 0 0 1 2-2h6\"\/><polyline points=\"15 3 21 3 21 9\"\/><line x1=\"10\" y1=\"14\" x2=\"21\" y2=\"3\"\/><\/svg>\n        Ellen\u0151rizd az el\u00e9rhet\u0151s\u00e9get\n      <\/span>\n    <\/a>\n\n    <a class=\"lk-stay-card\" href=\"https:\/\/www.stay22.com\/allez\/roam?aid=lukaskonecny&#038;campaign=loudavymkrokemcz&#038;campaign=hu&#038;campaign=dovolena-jordansko&#038;hotelname=Memories%20Aicha%20Luxury%20Camp&#038;address=Wadi%20Rum%2C%20Jord%C3%A1nsko\" target=\"_blank\" rel=\"nofollow noopener\">\n      <span class=\"lk-stay-badge badge-nature\">\u26fa Kemping<\/span>\n      <div class=\"lk-stay-name\">Memories Aicha Luxury Camp<\/div>\n      <div class=\"lk-stay-desc\">Kiv\u00e9teles \u00e9lm\u00e9ny W\u00e1d\u00ed Ramban \u00fcvegbubor\u00e9kokkal, ahonnan \u00e9jszaka csod\u00e1latos kil\u00e1t\u00e1s ny\u00edlik a csillagokra.<\/div>\n      <div class=\"lk-stay-meta\">\n        <span class=\"lk-stay-stars\">\u2605\u2605\u2605\u2605<\/span>\n        <span class=\"lk-stay-price\">\u00c1rak ellen\u0151rz\u00e9se<\/span>\n      <\/div>\n      <span class=\"lk-stay-cta\">\n        <svg width=\"14\" height=\"14\" viewBox=\"0 0 24 24\" fill=\"none\" stroke=\"currentColor\" stroke-width=\"2\"><path d=\"M18 13v6a2 2 0 0 1-2 2H5a2 2 0 0 1-2-2V8a2 2 0 0 1 2-2h6\"\/><polyline points=\"15 3 21 3 21 9\"\/><line x1=\"10\" y1=\"14\" x2=\"21\" y2=\"3\"\/><\/svg>\n        Ellen\u0151rizd az el\u00e9rhet\u0151s\u00e9get\n      <\/span>\n    <\/a>\n\n    <a class=\"lk-stay-card\" href=\"https:\/\/www.stay22.com\/allez\/roam?aid=lukaskonecny&#038;campaign=loudavymkrokemcz&#038;campaign=hu&#038;campaign=dovolena-jordansko&#038;hotelname=The%20Boutique%20Hotel%20Amman&#038;address=Amm%C3%A1n%2C%20Jord%C3%A1nsko\" target=\"_blank\" rel=\"nofollow noopener\">\n      <span class=\"lk-stay-badge badge-nature\">\ud83c\udfe8 Hotel<\/span>\n      <div class=\"lk-stay-name\">The Boutique Hotel Amman<\/div>\n      <div class=\"lk-stay-desc\">Nyugodt \u00e9s kedvez\u0151 \u00e1r\u00fa b\u00e1zis a f\u0151v\u00e1ros k\u00f6zpontj\u00e1ban.<\/div>\n      <div class=\"lk-stay-meta\">\n        <span class=\"lk-stay-stars\">\u2605\u2605\u2605\u2605<\/span>\n        <span class=\"lk-stay-price\">\u00c1rak ellen\u0151rz\u00e9se<\/span>\n      <\/div>\n      <span class=\"lk-stay-cta\">\n        <svg width=\"14\" height=\"14\" viewBox=\"0 0 24 24\" fill=\"none\" stroke=\"currentColor\" stroke-width=\"2\"><path d=\"M18 13v6a2 2 0 0 1-2 2H5a2 2 0 0 1-2-2V8a2 2 0 0 1 2-2h6\"\/><polyline points=\"15 3 21 3 21 9\"\/><line x1=\"10\" y1=\"14\" x2=\"21\" y2=\"3\"\/><\/svg>\n        Ellen\u0151rizd az el\u00e9rhet\u0151s\u00e9get\n      <\/span>\n    <\/a>\n\n  <\/div>\n\n  \n<\/div>\n\n\n\n\n<h3 id=\"12_Wadi_Mudzib_kanon_kterym_se_brodi_proti_proudu\" class=\"wp-block-heading\"><span class=\"ez-toc-section\" id=\"12_Wadi_Mudzsib_a_kanyon_amelyben_arral_szemben_gazolsz\"><\/span>12. Wadi Mudzsib: a kanyon, amelyben \u00e1rral szemben g\u00e1zolsz<span class=\"ez-toc-section-end\"><\/span><\/h3>\n\n\n\n<p class=\"wp-block-paragraph\">K\u00f6zvetlen\u00fcl a Holt-tenger partj\u00e1n\u00e1l tal\u00e1lhat\u00f3 a Wadi Mudzsib term\u00e9szetv\u00e9delmi ter\u00fclet bej\u00e1rata, ez egy fenomen\u00e1lis homokk\u0151 szurdok, amelyen egy vad foly\u00f3 folyik kereszt\u00fcl. A f\u0151 l\u00e1tv\u00e1nyoss\u00e1g itt az \u00fagynevezett Sziq Trail, egy <strong>vizes t\u00fara k\u00f6zvetlen\u00fcl a foly\u00f3mederben, \u00e1rral szemben<\/strong>, ahol g\u00e1zolnod, \u00fasznod, s\u0151t k\u00f6teleken kell felm\u00e1sznod kisebb v\u00edzes\u00e9sek f\u00f6l\u00f6tt a keskeny kanyonban. A kalandorok tapasztalatai szerint ez \u00f3ri\u00e1si m\u00f3ka \u00e9s remek felfriss\u00fcl\u00e9s a forr\u00f3 napokon, de egyben komoly fizikai kih\u00edv\u00e1s is, amelyhez legal\u00e1bb alapkond\u00edci\u00f3nak lennie kell.<\/p>\n\n\n\n<figure data-wp-context=\"{&quot;imageId&quot;:&quot;6a9530b260a0e&quot;}\" data-wp-interactive=\"core\/image\" data-wp-key=\"6a9530b260a0e\" class=\"wp-block-image size-full wp-lightbox-container\"><img decoding=\"async\" width=\"1500\" height=\"1004\" data-wp-class--hide=\"state.isContentHidden\" data-wp-class--show=\"state.isContentVisible\" data-wp-init=\"callbacks.setButtonStyles\" data-wp-on--click=\"actions.showLightbox\" data-wp-on--load=\"callbacks.setButtonStyles\" data-wp-on--pointerdown=\"actions.preloadImage\" data-wp-on--pointerenter=\"actions.preloadImageWithDelay\" data-wp-on--pointerleave=\"actions.cancelPreload\" data-wp-on-window--resize=\"callbacks.setButtonStyles\" src=\"https:\/\/loudavymkrokem.cz\/wp-content\/uploads\/2026\/08\/dovolena-jordansko-t12.jpg\" alt=\"A Wadi Mudzsib kanyon\" class=\"wp-image-400043\" title=\"\" srcset=\"https:\/\/loudavymkrokem.cz\/wp-content\/uploads\/2026\/08\/dovolena-jordansko-t12.jpg 1500w, https:\/\/loudavymkrokem.cz\/wp-content\/uploads\/2026\/08\/dovolena-jordansko-t12-300x201.jpg 300w, https:\/\/loudavymkrokem.cz\/wp-content\/uploads\/2026\/08\/dovolena-jordansko-t12-700x469.jpg 700w, https:\/\/loudavymkrokem.cz\/wp-content\/uploads\/2026\/08\/dovolena-jordansko-t12-768x514.jpg 768w, https:\/\/loudavymkrokem.cz\/wp-content\/uploads\/2026\/08\/dovolena-jordansko-t12-696x466.jpg 696w, https:\/\/loudavymkrokem.cz\/wp-content\/uploads\/2026\/08\/dovolena-jordansko-t12-1392x932.jpg 1392w\" sizes=\"(max-width: 1500px) 100vw, 1500px\" \/><button\n\t\t\tclass=\"lightbox-trigger\"\n\t\t\ttype=\"button\"\n\t\t\taria-haspopup=\"dialog\"\n\t\t\tdata-wp-bind--aria-label=\"state.thisImage.triggerButtonAriaLabel\"\n\t\t\tdata-wp-init=\"callbacks.initTriggerButton\"\n\t\t\tdata-wp-on--click=\"actions.showLightbox\"\n\t\t\tdata-wp-style--right=\"state.thisImage.buttonRight\"\n\t\t\tdata-wp-style--top=\"state.thisImage.buttonTop\"\n\t\t>\n\t\t\t<svg xmlns=\"http:\/\/www.w3.org\/2000\/svg\" width=\"12\" height=\"12\" fill=\"none\" viewBox=\"0 0 12 12\">\n\t\t\t\t<path fill=\"#fff\" d=\"M2 0a2 2 0 0 0-2 2v2h1.5V2a.5.5 0 0 1 .5-.5h2V0H2Zm2 10.5H2a.5.5 0 0 1-.5-.5V8H0v2a2 2 0 0 0 2 2h2v-1.5ZM8 12v-1.5h2a.5.5 0 0 0 .5-.5V8H12v2a2 2 0 0 1-2 2H8Zm2-12a2 2 0 0 1 2 2v2h-1.5V2a.5.5 0 0 0-.5-.5H8V0h2Z\" \/>\n\t\t\t<\/svg>\n\t\t<\/button><figcaption class=\"wp-element-caption\">A Wadi Mudzsib kanyon (Fot\u00f3: Berthold Werner \/ Wikimedia Commons, CC BY 3.0)<\/figcaption><\/figure>\n\n\n\n<p class=\"wp-block-paragraph\">Ez a canyoning viszont szigor\u00faan szezon\u00e1lis dolog, \u00e9s sz\u00e1molnod kell azzal, hogy itt mindig a term\u00e9szet\u00e9 a f\u0151szerep, \u00edgy a tervek gyorsan v\u00e1ltozhatnak. A t\u00e9li h\u00f3napokban \u00e9s a kiad\u00f3s es\u0151k ut\u00e1n az <strong>eg\u00e9sz szurdokot biztons\u00e1gi okokb\u00f3l szigor\u00faan lez\u00e1rj\u00e1k<\/strong>, mert a keskeny t\u00e9rben \u00f3ri\u00e1si a vill\u00e1m\u00e1rvizek kock\u00e1zata, amelyek els\u00f6p\u00f6rn\u00e9nek. Ha tavasszal vagy \u0151sszel j\u00f6ssz ide, \u00e9s \u00e9pp nem esik, felt\u00e9tlen\u00fcl vigy\u00e9l magaddal j\u00f3 v\u00edz\u00e1ll\u00f3 tokot a telefonhoz, \u00e9s olyan cip\u0151t, amely \u00e1t\u00e1zhat.<\/p>\n\n\n\n<h3 id=\"13_Madaba_a_mozaikova_mapa\" class=\"wp-block-heading\"><span class=\"ez-toc-section\" id=\"13_Madaba_es_a_mozaikterkep\"><\/span>13. Madaba \u00e9s a mozaikt\u00e9rk\u00e9p<span class=\"ez-toc-section-end\"><\/span><\/h3>\n\n\n\n<p class=\"wp-block-paragraph\">Ha a h\u00edres Kir\u00e1lyi \u00faton indulsz, semmik\u00e9pp se hagyd ki a szimpatikus Madaba v\u00e1rosk\u00e1t, amely a biz\u00e1nci m\u0171v\u00e9szet k\u00f6zpontjak\u00e9nt v\u00e1lt h\u00edress\u00e9. A jellegtelen Szent Gy\u00f6rgy g\u00f6r\u00f6gkeleti templom padl\u00f3j\u00e1n egy igazi t\u00f6rt\u00e9nelmi kincs rejt\u0151zik: a <strong>h\u00edres, hatodik sz\u00e1zadi mozaikt\u00e9rk\u00e9p a Szentf\u00f6ldr\u0151l<\/strong>, amely t\u00f6bb mint k\u00e9tmilli\u00f3 sz\u00ednes k\u0151b\u0151l \u00e1ll. A t\u00e9rk\u00e9p r\u00e9szletesen \u00e1br\u00e1zolja Jeruzs\u00e1lemet, a Jord\u00e1n foly\u00f3 v\u00f6lgy\u00e9t \u00e9s a Holt-tengert, \u00e9s \u00e1ll\u00edt\u00f3lag az akkori zar\u00e1ndokok t\u00e1j\u00e9koz\u00f3d\u00e1si seg\u00e9deszk\u00f6zek\u00e9nt szolg\u00e1lt, ami a vil\u00e1g legr\u00e9gebbi fennmaradt ilyen jelleg\u0171 t\u00e9rk\u00e9p\u00e9szeti alkot\u00e1s\u00e1v\u00e1 teszi.<\/p>\n\n\n\n<figure data-wp-context=\"{&quot;imageId&quot;:&quot;6a9530b260efe&quot;}\" data-wp-interactive=\"core\/image\" data-wp-key=\"6a9530b260efe\" class=\"wp-block-image size-full wp-lightbox-container\"><img decoding=\"async\" width=\"1500\" height=\"700\" data-wp-class--hide=\"state.isContentHidden\" data-wp-class--show=\"state.isContentVisible\" data-wp-init=\"callbacks.setButtonStyles\" data-wp-on--click=\"actions.showLightbox\" data-wp-on--load=\"callbacks.setButtonStyles\" data-wp-on--pointerdown=\"actions.preloadImage\" data-wp-on--pointerenter=\"actions.preloadImageWithDelay\" data-wp-on--pointerleave=\"actions.cancelPreload\" data-wp-on-window--resize=\"callbacks.setButtonStyles\" src=\"https:\/\/loudavymkrokem.cz\/wp-content\/uploads\/2026\/08\/dovolena-jordansko-t13.jpg\" alt=\"A mozaikt\u00e9rk\u00e9p Madab\u00e1ban\" class=\"wp-image-400044\" title=\"\" srcset=\"https:\/\/loudavymkrokem.cz\/wp-content\/uploads\/2026\/08\/dovolena-jordansko-t13.jpg 1500w, https:\/\/loudavymkrokem.cz\/wp-content\/uploads\/2026\/08\/dovolena-jordansko-t13-300x140.jpg 300w, https:\/\/loudavymkrokem.cz\/wp-content\/uploads\/2026\/08\/dovolena-jordansko-t13-700x327.jpg 700w, https:\/\/loudavymkrokem.cz\/wp-content\/uploads\/2026\/08\/dovolena-jordansko-t13-768x358.jpg 768w, https:\/\/loudavymkrokem.cz\/wp-content\/uploads\/2026\/08\/dovolena-jordansko-t13-696x325.jpg 696w, https:\/\/loudavymkrokem.cz\/wp-content\/uploads\/2026\/08\/dovolena-jordansko-t13-1392x650.jpg 1392w\" sizes=\"(max-width: 1500px) 100vw, 1500px\" \/><button\n\t\t\tclass=\"lightbox-trigger\"\n\t\t\ttype=\"button\"\n\t\t\taria-haspopup=\"dialog\"\n\t\t\tdata-wp-bind--aria-label=\"state.thisImage.triggerButtonAriaLabel\"\n\t\t\tdata-wp-init=\"callbacks.initTriggerButton\"\n\t\t\tdata-wp-on--click=\"actions.showLightbox\"\n\t\t\tdata-wp-style--right=\"state.thisImage.buttonRight\"\n\t\t\tdata-wp-style--top=\"state.thisImage.buttonTop\"\n\t\t>\n\t\t\t<svg xmlns=\"http:\/\/www.w3.org\/2000\/svg\" width=\"12\" height=\"12\" fill=\"none\" viewBox=\"0 0 12 12\">\n\t\t\t\t<path fill=\"#fff\" d=\"M2 0a2 2 0 0 0-2 2v2h1.5V2a.5.5 0 0 1 .5-.5h2V0H2Zm2 10.5H2a.5.5 0 0 1-.5-.5V8H0v2a2 2 0 0 0 2 2h2v-1.5ZM8 12v-1.5h2a.5.5 0 0 0 .5-.5V8H12v2a2 2 0 0 1-2 2H8Zm2-12a2 2 0 0 1 2 2v2h-1.5V2a.5.5 0 0 0-.5-.5H8V0h2Z\" \/>\n\t\t\t<\/svg>\n\t\t<\/button><figcaption class=\"wp-element-caption\">A mozaikt\u00e9rk\u00e9p Madab\u00e1ban (Fot\u00f3: Bernard Gagnon \/ Wikimedia Commons, CC BY-SA 3.0)<\/figcaption><\/figure>\n\n\n\n<p class=\"wp-block-paragraph\">A madabai meg\u00e1ll\u00f3 <strong>ide\u00e1lis sz\u00ednfoltja az \u00fatnak a d\u00e9lre tart\u00e1skor<\/strong>, mert mag\u00e1nak a v\u00e1rosk\u00e1nak nagyon kellemes \u00e9s laza a hangulata, tele kis \u00fczletekkel \u00e9s kedves k\u00e1v\u00e9z\u00f3kkal. A mozaikos templom megtekint\u00e9se csak p\u00e1r t\u00edz percedet veszi el, de meg\u00e9ri bej\u00e1rni a k\u00f6rnyez\u0151 utc\u00e1kat is, ahol m\u00e1ig m\u0171k\u00f6dnek hagyom\u00e1nyos k\u00e9zm\u0171ves m\u0171helyek, amelyekben a helyi m\u0171v\u00e9szek m\u00e9g mindig a r\u00e9gi, eredeti technik\u00e1val k\u00e9sz\u00edtik a csod\u00e1latos mozaikokat.<\/p>\n\n\n\n<h3 id=\"14_Hora_Nebo\" class=\"wp-block-heading\"><span class=\"ez-toc-section\" id=\"14_A_Nebo-hegy\"><\/span>14. A N\u00e9b\u00f3-hegy<span class=\"ez-toc-section-end\"><\/span><\/h3>\n\n\n\n<p class=\"wp-block-paragraph\">Madab\u00e1t\u00f3l egy k\u00f6p\u00e9snyire emelkedik az eml\u00e9kezetes N\u00e9b\u00f3-hegy, amely \u00f3ri\u00e1si vall\u00e1si \u00e9s t\u00f6rt\u00e9nelmi jelent\u0151s\u00e9g\u0171 hely a vil\u00e1g h\u00edv\u0151i sz\u00e1m\u00e1ra. A bibliai hagyom\u00e1ny szerint pontosan ez az a cs\u00facs, <strong>ahonnan M\u00f3zes pr\u00f3f\u00e9ta megpillantotta az \u00cdg\u00e9ret f\u00f6ldj\u00e9t<\/strong> a hal\u00e1la el\u0151tt, \u00e9s a tisztelet\u00e9re ma egy modern eml\u00e9ktemplom \u00e1ll itt tov\u00e1bbi csod\u00e1latos \u0151si mozaikokkal. Az \u00e1tlagos utaz\u00f3k sz\u00e1m\u00e1ra azonban a legnagyobb vonzer\u0151 maga a kil\u00e1t\u00f3terasz, ahonnan tiszta id\u0151ben sz\u00e9les panor\u00e1ma t\u00e1rul el\u00e9d, amelyen ell\u00e1tsz eg\u00e9szen Jerik\u00f3ig, a Jord\u00e1n foly\u00f3 v\u00f6lgy\u00e9ig \u00e9s a Holt-tenger k\u00e9k t\u00fckr\u00e9ig.<\/p>\n\n\n\n<figure data-wp-context=\"{&quot;imageId&quot;:&quot;6a9530b2613f9&quot;}\" data-wp-interactive=\"core\/image\" data-wp-key=\"6a9530b2613f9\" class=\"wp-block-image size-full wp-lightbox-container\"><img decoding=\"async\" width=\"1500\" height=\"1008\" data-wp-class--hide=\"state.isContentHidden\" data-wp-class--show=\"state.isContentVisible\" data-wp-init=\"callbacks.setButtonStyles\" data-wp-on--click=\"actions.showLightbox\" data-wp-on--load=\"callbacks.setButtonStyles\" data-wp-on--pointerdown=\"actions.preloadImage\" data-wp-on--pointerenter=\"actions.preloadImageWithDelay\" data-wp-on--pointerleave=\"actions.cancelPreload\" data-wp-on-window--resize=\"callbacks.setButtonStyles\" src=\"https:\/\/loudavymkrokem.cz\/wp-content\/uploads\/2026\/08\/dovolena-jordansko-t14.jpg\" alt=\"Eml\u00e9km\u0171 a N\u00e9b\u00f3-hegyen\" class=\"wp-image-400045\" title=\"\" srcset=\"https:\/\/loudavymkrokem.cz\/wp-content\/uploads\/2026\/08\/dovolena-jordansko-t14.jpg 1500w, https:\/\/loudavymkrokem.cz\/wp-content\/uploads\/2026\/08\/dovolena-jordansko-t14-300x202.jpg 300w, https:\/\/loudavymkrokem.cz\/wp-content\/uploads\/2026\/08\/dovolena-jordansko-t14-700x470.jpg 700w, https:\/\/loudavymkrokem.cz\/wp-content\/uploads\/2026\/08\/dovolena-jordansko-t14-768x516.jpg 768w, https:\/\/loudavymkrokem.cz\/wp-content\/uploads\/2026\/08\/dovolena-jordansko-t14-696x468.jpg 696w, https:\/\/loudavymkrokem.cz\/wp-content\/uploads\/2026\/08\/dovolena-jordansko-t14-1392x935.jpg 1392w\" sizes=\"(max-width: 1500px) 100vw, 1500px\" \/><button\n\t\t\tclass=\"lightbox-trigger\"\n\t\t\ttype=\"button\"\n\t\t\taria-haspopup=\"dialog\"\n\t\t\tdata-wp-bind--aria-label=\"state.thisImage.triggerButtonAriaLabel\"\n\t\t\tdata-wp-init=\"callbacks.initTriggerButton\"\n\t\t\tdata-wp-on--click=\"actions.showLightbox\"\n\t\t\tdata-wp-style--right=\"state.thisImage.buttonRight\"\n\t\t\tdata-wp-style--top=\"state.thisImage.buttonTop\"\n\t\t>\n\t\t\t<svg xmlns=\"http:\/\/www.w3.org\/2000\/svg\" width=\"12\" height=\"12\" fill=\"none\" viewBox=\"0 0 12 12\">\n\t\t\t\t<path fill=\"#fff\" d=\"M2 0a2 2 0 0 0-2 2v2h1.5V2a.5.5 0 0 1 .5-.5h2V0H2Zm2 10.5H2a.5.5 0 0 1-.5-.5V8H0v2a2 2 0 0 0 2 2h2v-1.5ZM8 12v-1.5h2a.5.5 0 0 0 .5-.5V8H12v2a2 2 0 0 1-2 2H8Zm2-12a2 2 0 0 1 2 2v2h-1.5V2a.5.5 0 0 0-.5-.5H8V0h2Z\" \/>\n\t\t\t<\/svg>\n\t\t<\/button><figcaption class=\"wp-element-caption\">Eml\u00e9km\u0171 a N\u00e9b\u00f3-hegyen (Fot\u00f3: Faris El-Gwely \/ Wikimedia Commons, CC BY-SA 4.0)<\/figcaption><\/figure>\n\n\n\n<p class=\"wp-block-paragraph\">A N\u00e9b\u00f3-hegyre vezet\u0151 \u00fat nagyon egyszer\u0171, \u00e9s <strong>gyakran egy f\u00e9lnapos kir\u00e1ndul\u00e1ss\u00e1 vonj\u00e1k \u00f6ssze \u00e9pp Madaba megl\u00e1togat\u00e1s\u00e1val<\/strong>, mert t\u00e9nyleg nincsenek messze egym\u00e1st\u00f3l, j\u00f3 min\u0151s\u00e9g\u0171 aszfalt\u00faton. Az eg\u00e9sz ter\u00fclet nagyon sz\u00e9pen karbantartott, \u00e9s m\u00e9g ha nem is tartozol a m\u00e9lyen h\u00edv\u0151k k\u00f6z\u00e9, a hely rendk\u00edv\u00fcl nyugodt hangulata, amelyet a m\u00faltban t\u00f6bb p\u00e1pa is megl\u00e1togatott, \u00f3ri\u00e1si tisztelettel t\u00f6lt el ennek a leny\u0171g\u00f6z\u0151 r\u00e9gi\u00f3nak a t\u00f6rt\u00e9nelme ir\u00e1nt.<\/p>\n\n\n\n<h3 id=\"15_Kerak_a_Sobak_krizacke_hrady\" class=\"wp-block-heading\"><span class=\"ez-toc-section\" id=\"15_Kerak_es_Sobak_keresztes_varak\"><\/span>15. Kerak \u00e9s S\u00f3bak: keresztes v\u00e1rak<span class=\"ez-toc-section-end\"><\/span><\/h3>\n\n\n\n<p class=\"wp-block-paragraph\">A Petra fel\u00e9 d\u00e9lre tart\u00f3 Kir\u00e1lyi utat a viharos k\u00f6z\u00e9pkori t\u00f6rt\u00e9nelem maradv\u00e1nyai szeg\u00e9lyezik, amelyek k\u00f6z\u00fcl legink\u00e1bb a hatalmas Kerak \u00e9s S\u00f3bak er\u0151d\u00f6k t\u0171nnek ki. Ezeket a <strong>leny\u0171g\u00f6z\u0151, tizenkettedik sz\u00e1zadi keresztes v\u00e1rakat<\/strong> strat\u00e9giailag magas dombokra \u00e9p\u00edtett\u00e9k, hogy ellen\u0151rizz\u00e9k a fontos kereskedelmi utakat, \u00e9s m\u00e1ig \u00e1mulatba ejtenek massz\u00edv falaikkal \u00e9s a m\u00e9ly v\u00f6lgyekre ny\u00edl\u00f3 kil\u00e1t\u00e1sukkal. Kerak l\u00e9nyegesen nagyobb \u00e9s ismertebb, meg\u0151rz\u00f6tt \u00f3ri\u00e1si f\u00f6ldalatti boltozatokkal, \u00e9s a kegyetlen uralkod\u00f3, Renaud de Ch\u00e2tillon tette h\u00edress\u00e9, m\u00edg a kisebb S\u00f3bak sokkal elhagyatottabb \u00e9s vadabb hangulatot k\u00edn\u00e1l.<\/p>\n\n\n\n<figure data-wp-context=\"{&quot;imageId&quot;:&quot;6a9530b2619cd&quot;}\" data-wp-interactive=\"core\/image\" data-wp-key=\"6a9530b2619cd\" class=\"wp-block-image size-full wp-lightbox-container\"><img decoding=\"async\" width=\"1500\" height=\"1004\" data-wp-class--hide=\"state.isContentHidden\" data-wp-class--show=\"state.isContentVisible\" data-wp-init=\"callbacks.setButtonStyles\" data-wp-on--click=\"actions.showLightbox\" data-wp-on--load=\"callbacks.setButtonStyles\" data-wp-on--pointerdown=\"actions.preloadImage\" data-wp-on--pointerenter=\"actions.preloadImageWithDelay\" data-wp-on--pointerleave=\"actions.cancelPreload\" data-wp-on-window--resize=\"callbacks.setButtonStyles\" src=\"https:\/\/loudavymkrokem.cz\/wp-content\/uploads\/2026\/08\/dovolena-jordansko-t15.jpg\" alt=\"A keraki keresztes v\u00e1r\" class=\"wp-image-400047\" title=\"\" srcset=\"https:\/\/loudavymkrokem.cz\/wp-content\/uploads\/2026\/08\/dovolena-jordansko-t15.jpg 1500w, https:\/\/loudavymkrokem.cz\/wp-content\/uploads\/2026\/08\/dovolena-jordansko-t15-300x201.jpg 300w, https:\/\/loudavymkrokem.cz\/wp-content\/uploads\/2026\/08\/dovolena-jordansko-t15-700x469.jpg 700w, https:\/\/loudavymkrokem.cz\/wp-content\/uploads\/2026\/08\/dovolena-jordansko-t15-768x514.jpg 768w, https:\/\/loudavymkrokem.cz\/wp-content\/uploads\/2026\/08\/dovolena-jordansko-t15-696x466.jpg 696w, https:\/\/loudavymkrokem.cz\/wp-content\/uploads\/2026\/08\/dovolena-jordansko-t15-1392x932.jpg 1392w\" sizes=\"(max-width: 1500px) 100vw, 1500px\" \/><button\n\t\t\tclass=\"lightbox-trigger\"\n\t\t\ttype=\"button\"\n\t\t\taria-haspopup=\"dialog\"\n\t\t\tdata-wp-bind--aria-label=\"state.thisImage.triggerButtonAriaLabel\"\n\t\t\tdata-wp-init=\"callbacks.initTriggerButton\"\n\t\t\tdata-wp-on--click=\"actions.showLightbox\"\n\t\t\tdata-wp-style--right=\"state.thisImage.buttonRight\"\n\t\t\tdata-wp-style--top=\"state.thisImage.buttonTop\"\n\t\t>\n\t\t\t<svg xmlns=\"http:\/\/www.w3.org\/2000\/svg\" width=\"12\" height=\"12\" fill=\"none\" viewBox=\"0 0 12 12\">\n\t\t\t\t<path fill=\"#fff\" d=\"M2 0a2 2 0 0 0-2 2v2h1.5V2a.5.5 0 0 1 .5-.5h2V0H2Zm2 10.5H2a.5.5 0 0 1-.5-.5V8H0v2a2 2 0 0 0 2 2h2v-1.5ZM8 12v-1.5h2a.5.5 0 0 0 .5-.5V8H12v2a2 2 0 0 1-2 2H8Zm2-12a2 2 0 0 1 2 2v2h-1.5V2a.5.5 0 0 0-.5-.5H8V0h2Z\" \/>\n\t\t\t<\/svg>\n\t\t<\/button><figcaption class=\"wp-element-caption\">A keraki keresztes v\u00e1r (Fot\u00f3: Berthold Werner \/ Wikimedia Commons, CC BY 3.0)<\/figcaption><\/figure>\n\n\n\n<p class=\"wp-block-paragraph\">Ezeket a k\u0151kolosszusokat bej\u00e1rva k\u00e9sz\u00fclj fel arra, hogy <strong>a f\u00f6ldalatti folyos\u00f3kon \u00e9s az egykori t\u00f6ml\u00f6c\u00f6kben teljes s\u00f6t\u00e9ts\u00e9g van<\/strong>, \u00edgy felt\u00e9tlen\u00fcl vigy\u00e9l er\u0151s zsebl\u00e1mp\u00e1t, vagy legal\u00e1bb t\u00f6ltsd fel j\u00f3l a telefonod. A f\u00e9lig leomlott l\u00e9pcs\u0151k \u00e9s titkos menek\u00fcl\u0151alagutak felfedez\u00e9se szinte minden kalandort sz\u00f3rakoztat, csak nagyon vigy\u00e1zz, hov\u00e1 l\u00e9psz, mert korl\u00e1tb\u00f3l \u00e9s figyelmeztet\u0151 t\u00e1bl\u00e1b\u00f3l a jord\u00e1niai l\u00e1tnival\u00f3kon nemigen van.<\/p>\n\n\n\n<h3 id=\"16_Ammanska_citadela_a_rimske_divadlo\" class=\"wp-block-heading\"><span class=\"ez-toc-section\" id=\"16_Az_ammani_citadella_es_a_romai_szinhaz\"><\/span>16. Az amm\u00e1ni citadella \u00e9s a r\u00f3mai sz\u00ednh\u00e1z<span class=\"ez-toc-section-end\"><\/span><\/h3>\n\n\n\n<p class=\"wp-block-paragraph\">A f\u0151v\u00e1ros, Amm\u00e1n egy hatalmas, ny\u00fczsg\u0151 metropolisz, amely sok dombra terjed ki, \u00e9s amelynek abszol\u00fat t\u00f6rt\u00e9nelmi sz\u00edve a v\u00e1ros f\u00f6l\u00e9 magasod\u00f3, \u00fagynevezett Citadella. Egyetlen helyen tal\u00e1lkoznak itt sz\u00e1mos civiliz\u00e1ci\u00f3 nyomai, \u00edgy egym\u00e1s mellett l\u00e1tod majd a <strong>fens\u00e9ges r\u00f3mai Herkules-templom maradv\u00e1nyait a hatalmas oszlopokkal<\/strong>, valamint a meg\u0151rz\u00f6tt Omajj\u00e1d-palot\u00e1t a gy\u00f6ny\u00f6r\u0171 kupol\u00e1j\u00e1val. Ha innen len\u00e9zel a ny\u00fczsg\u0151 k\u00f6zpontba, egy m\u00e1sik \u00e9p\u00edt\u00e9szeti gy\u00f6ngyszemet is l\u00e1tsz: a lejt\u0151be v\u00e9sett hatalmas r\u00f3mai sz\u00ednh\u00e1zat, amelybe ak\u00e1r hatezer n\u00e9z\u0151 is belef\u00e9rt.<\/p>\n\n\n\n<figure data-wp-context=\"{&quot;imageId&quot;:&quot;6a9530b26233a&quot;}\" data-wp-interactive=\"core\/image\" data-wp-key=\"6a9530b26233a\" class=\"wp-block-image size-full wp-lightbox-container\"><img decoding=\"async\" width=\"1500\" height=\"1000\" data-wp-class--hide=\"state.isContentHidden\" data-wp-class--show=\"state.isContentVisible\" data-wp-init=\"callbacks.setButtonStyles\" data-wp-on--click=\"actions.showLightbox\" data-wp-on--load=\"callbacks.setButtonStyles\" data-wp-on--pointerdown=\"actions.preloadImage\" data-wp-on--pointerenter=\"actions.preloadImageWithDelay\" data-wp-on--pointerleave=\"actions.cancelPreload\" data-wp-on-window--resize=\"callbacks.setButtonStyles\" src=\"https:\/\/loudavymkrokem.cz\/wp-content\/uploads\/2026\/08\/dovolena-jordansko-t16.jpg\" alt=\"Az amm\u00e1ni citadella a Herkules-templommal\" class=\"wp-image-400050\" title=\"\" srcset=\"https:\/\/loudavymkrokem.cz\/wp-content\/uploads\/2026\/08\/dovolena-jordansko-t16.jpg 1500w, https:\/\/loudavymkrokem.cz\/wp-content\/uploads\/2026\/08\/dovolena-jordansko-t16-300x200.jpg 300w, https:\/\/loudavymkrokem.cz\/wp-content\/uploads\/2026\/08\/dovolena-jordansko-t16-700x467.jpg 700w, https:\/\/loudavymkrokem.cz\/wp-content\/uploads\/2026\/08\/dovolena-jordansko-t16-768x512.jpg 768w, https:\/\/loudavymkrokem.cz\/wp-content\/uploads\/2026\/08\/dovolena-jordansko-t16-696x464.jpg 696w, https:\/\/loudavymkrokem.cz\/wp-content\/uploads\/2026\/08\/dovolena-jordansko-t16-1392x928.jpg 1392w\" sizes=\"(max-width: 1500px) 100vw, 1500px\" \/><button\n\t\t\tclass=\"lightbox-trigger\"\n\t\t\ttype=\"button\"\n\t\t\taria-haspopup=\"dialog\"\n\t\t\tdata-wp-bind--aria-label=\"state.thisImage.triggerButtonAriaLabel\"\n\t\t\tdata-wp-init=\"callbacks.initTriggerButton\"\n\t\t\tdata-wp-on--click=\"actions.showLightbox\"\n\t\t\tdata-wp-style--right=\"state.thisImage.buttonRight\"\n\t\t\tdata-wp-style--top=\"state.thisImage.buttonTop\"\n\t\t>\n\t\t\t<svg xmlns=\"http:\/\/www.w3.org\/2000\/svg\" width=\"12\" height=\"12\" fill=\"none\" viewBox=\"0 0 12 12\">\n\t\t\t\t<path fill=\"#fff\" d=\"M2 0a2 2 0 0 0-2 2v2h1.5V2a.5.5 0 0 1 .5-.5h2V0H2Zm2 10.5H2a.5.5 0 0 1-.5-.5V8H0v2a2 2 0 0 0 2 2h2v-1.5ZM8 12v-1.5h2a.5.5 0 0 0 .5-.5V8H12v2a2 2 0 0 1-2 2H8Zm2-12a2 2 0 0 1 2 2v2h-1.5V2a.5.5 0 0 0-.5-.5H8V0h2Z\" \/>\n\t\t\t<\/svg>\n\t\t<\/button><figcaption class=\"wp-element-caption\">Az amm\u00e1ni citadella a Herkules-templommal (Fot\u00f3: yeowatzup \/ Wikimedia Commons, CC BY 2.0)<\/figcaption><\/figure>\n\n\n\n<p class=\"wp-block-paragraph\">Mindk\u00e9t l\u00e1tnival\u00f3 term\u00e9szetesen <strong>benne van a digit\u00e1lis Jordan Pass jegyben<\/strong>, \u00edgy a l\u00e1togat\u00e1sukat semmik\u00e9pp se hagyd ki, m\u00e9g ha csak r\u00f6viden is id\u0151z\u00f6l a f\u0151v\u00e1rosban. A legt\u00f6bb \u00fatik\u00f6nyv azt tan\u00e1csolja, hogy nagyj\u00e1b\u00f3l egy \u00f3r\u00e1val napnyugta el\u0151tt indulj a Citadell\u00e1ra, mert a l\u00e1gy esti f\u00e9ny gy\u00f6ny\u00f6r\u0171en s\u00e1rg\u00e1ra festi a k\u00f6rnyez\u0151 homokk\u0151 h\u00e1zakat, r\u00e1ad\u00e1sul az eg\u00e9sz v\u00e1ros minaretjeib\u0151l egyszerre kezd zengeni az esti im\u00e1ra h\u00edv\u00f3 sz\u00f3, ami rendk\u00edv\u00fcl er\u0151s kultur\u00e1lis pillanat.<\/p>\n\n\n\n<h3 id=\"17_Jerash_nejzachovalejsi_rimske_mesto_mimo_Italii\" class=\"wp-block-heading\"><span class=\"ez-toc-section\" id=\"17_Jerash_a_legjobban_megorzott_romai_varos_Italian_kivul\"><\/span>17. Jerash: a legjobban meg\u0151rz\u00f6tt r\u00f3mai v\u00e1ros It\u00e1li\u00e1n k\u00edv\u00fcl<span class=\"ez-toc-section-end\"><\/span><\/h3>\n\n\n\n<p class=\"wp-block-paragraph\">Ha szereted az antik t\u00f6rt\u00e9nelmet, akkor az Amm\u00e1nt\u00f3l \u00e9szakra fekv\u0151 \u0151si v\u00e1rosba, Jerashba tett kir\u00e1ndul\u00e1s elvar\u00e1zsol, mert \u00e1ll\u00edt\u00f3lag ez az egyik legjobban meg\u0151rz\u00f6tt r\u00f3mai v\u00e1ros mag\u00e1nak It\u00e1li\u00e1nak a ter\u00fclet\u00e9n k\u00edv\u00fcl. Itt tal\u00e1lsz egy <strong>leny\u0171g\u00f6z\u0151, t\u00f6bb tucat magas oszloppal szeg\u00e9lyezett ov\u00e1lis f\u00f3rumot<\/strong>, egy hossz\u00fa, k\u00f6vezett sug\u00e1rutat (Cardo Maximus), egy hatalmas hippodromot a kocsiversenyekhez, \u00e9s k\u00e9t csod\u00e1latosan meg\u0151rz\u00f6tt k\u0151sz\u00ednh\u00e1zat. A d\u00edszes diadal\u00edvek alatt s\u00e9t\u00e1lva \u00fagy \u00e9rzed magad, mintha k\u00e9tezer \u00e9vet utazt\u00e1l volna vissza az id\u0151ben, mert az \u00e9p\u00edtm\u00e9nyek meg\u0151rz\u00f6tts\u00e9ge itt a K\u00f6zel-Keleten t\u00e9nyleg p\u00e1ratlan.<\/p>\n\n\n\n<figure data-wp-context=\"{&quot;imageId&quot;:&quot;6a9530b2627b0&quot;}\" data-wp-interactive=\"core\/image\" data-wp-key=\"6a9530b2627b0\" class=\"wp-block-image size-full wp-lightbox-container\"><img decoding=\"async\" width=\"1500\" height=\"1125\" data-wp-class--hide=\"state.isContentHidden\" data-wp-class--show=\"state.isContentVisible\" data-wp-init=\"callbacks.setButtonStyles\" data-wp-on--click=\"actions.showLightbox\" data-wp-on--load=\"callbacks.setButtonStyles\" data-wp-on--pointerdown=\"actions.preloadImage\" data-wp-on--pointerenter=\"actions.preloadImageWithDelay\" data-wp-on--pointerleave=\"actions.cancelPreload\" data-wp-on-window--resize=\"callbacks.setButtonStyles\" src=\"https:\/\/loudavymkrokem.cz\/wp-content\/uploads\/2026\/08\/dovolena-jordansko-t17.jpg\" alt=\"Az ov\u00e1lis f\u00f3rum Jerashban\" class=\"wp-image-400053\" title=\"\" srcset=\"https:\/\/loudavymkrokem.cz\/wp-content\/uploads\/2026\/08\/dovolena-jordansko-t17.jpg 1500w, https:\/\/loudavymkrokem.cz\/wp-content\/uploads\/2026\/08\/dovolena-jordansko-t17-300x225.jpg 300w, https:\/\/loudavymkrokem.cz\/wp-content\/uploads\/2026\/08\/dovolena-jordansko-t17-700x525.jpg 700w, https:\/\/loudavymkrokem.cz\/wp-content\/uploads\/2026\/08\/dovolena-jordansko-t17-768x576.jpg 768w, https:\/\/loudavymkrokem.cz\/wp-content\/uploads\/2026\/08\/dovolena-jordansko-t17-80x60.jpg 80w, https:\/\/loudavymkrokem.cz\/wp-content\/uploads\/2026\/08\/dovolena-jordansko-t17-160x120.jpg 160w, https:\/\/loudavymkrokem.cz\/wp-content\/uploads\/2026\/08\/dovolena-jordansko-t17-696x522.jpg 696w, https:\/\/loudavymkrokem.cz\/wp-content\/uploads\/2026\/08\/dovolena-jordansko-t17-1392x1044.jpg 1392w\" sizes=\"(max-width: 1500px) 100vw, 1500px\" \/><button\n\t\t\tclass=\"lightbox-trigger\"\n\t\t\ttype=\"button\"\n\t\t\taria-haspopup=\"dialog\"\n\t\t\tdata-wp-bind--aria-label=\"state.thisImage.triggerButtonAriaLabel\"\n\t\t\tdata-wp-init=\"callbacks.initTriggerButton\"\n\t\t\tdata-wp-on--click=\"actions.showLightbox\"\n\t\t\tdata-wp-style--right=\"state.thisImage.buttonRight\"\n\t\t\tdata-wp-style--top=\"state.thisImage.buttonTop\"\n\t\t>\n\t\t\t<svg xmlns=\"http:\/\/www.w3.org\/2000\/svg\" width=\"12\" height=\"12\" fill=\"none\" viewBox=\"0 0 12 12\">\n\t\t\t\t<path fill=\"#fff\" d=\"M2 0a2 2 0 0 0-2 2v2h1.5V2a.5.5 0 0 1 .5-.5h2V0H2Zm2 10.5H2a.5.5 0 0 1-.5-.5V8H0v2a2 2 0 0 0 2 2h2v-1.5ZM8 12v-1.5h2a.5.5 0 0 0 .5-.5V8H12v2a2 2 0 0 1-2 2H8Zm2-12a2 2 0 0 1 2 2v2h-1.5V2a.5.5 0 0 0-.5-.5H8V0h2Z\" \/>\n\t\t\t<\/svg>\n\t\t<\/button><figcaption class=\"wp-element-caption\">Az ov\u00e1lis f\u00f3rum Jerashban (Fot\u00f3: Dennis G. Jarvis \/ Wikimedia Commons, CC BY-SA 2.0)<\/figcaption><\/figure>\n\n\n\n<p class=\"wp-block-paragraph\">Az eg\u00e9sz r\u00e9g\u00e9szeti ter\u00fclet kiterjed\u00e9se \u00f3ri\u00e1si, \u00edgy <strong>a bej\u00e1r\u00e1sra felt\u00e9tlen\u00fcl sz\u00e1nj legal\u00e1bb f\u00e9l napot<\/strong>, \u00e9s ne felejts el\u00e9g iv\u00f3vizet vinni, mert bent csak ritk\u00e1n tudsz \u00e1rny\u00e9kba h\u00faz\u00f3dni. Jerash nagyon k\u00f6nnyen el\u00e9rhet\u0151 sima aut\u00f3val vagy busszal a f\u0151v\u00e1rosb\u00f3l, az \u00e9szakra vezet\u0151 utak j\u00f3 min\u0151s\u00e9g\u0171ek, \u00e9s sok utaz\u00f3 sz\u00e1m\u00e1ra ez a hely lesz az eg\u00e9sz jord\u00e1niai \u00fatiterv legnagyobb meglepet\u00e9se.<\/p>\n\n\n\n<h3 id=\"18_Amman_downtown_souk_a_kavarny\" class=\"wp-block-heading\"><span class=\"ez-toc-section\" id=\"18_Amman_belvaros_szuk_es_kavezok\"><\/span>18. Amm\u00e1n: belv\u00e1ros, sz\u00fak \u00e9s k\u00e1v\u00e9z\u00f3k<span class=\"ez-toc-section-end\"><\/span><\/h3>\n\n\n\n<p class=\"wp-block-paragraph\">Amm\u00e1n azonban nemcsak \u00e1sat\u00e1sokb\u00f3l \u00e1ll, hanem egy l\u00fcktet\u0151, \u00e9lettel teli v\u00e1ros is, ahol a hagyom\u00e1nyos arab vil\u00e1g keveredik a modern kult\u00far\u00e1val \u00e9s a kiv\u00e1l\u00f3 gasztron\u00f3mi\u00e1val. Felfedez\u00e9sre \u00e9rdemes f\u0151leg a t\u00f6rt\u00e9nelmi belv\u00e1ros a ny\u00fczsg\u0151 piacokkal, azaz a sz\u00fakokkal, ahol f\u0171szert \u00e9s friss datoly\u00e1t v\u00e1s\u00e1rolhatsz, m\u00e1sr\u00e9szt a <strong>st\u00edlusos k\u00e1v\u00e9z\u00f3kkal \u00e9s m\u0171v\u00e9szeti gal\u00e9ri\u00e1kkal szeg\u00e9lyezett modern Rainbow Street<\/strong>. \u00c9pp ezekben az utc\u00e1kban koncentr\u00e1l\u00f3dik a t\u00e1rsas\u00e1gi \u00e9let: a fiatal jord\u00e1nok est\u00e9nk\u00e9nt v\u00edzipip\u00e1t sz\u00edvnak, kardamomos er\u0151s k\u00e1v\u00e9t isznak, \u00e9s olyan helyeken besz\u00e9lgetnek, amelyek Nyugat-Eur\u00f3p\u00e1ban sem vallan\u00e1nak sz\u00e9gyent.<\/p>\n\n\n\n<figure data-wp-context=\"{&quot;imageId&quot;:&quot;6a9530b262bbc&quot;}\" data-wp-interactive=\"core\/image\" data-wp-key=\"6a9530b262bbc\" class=\"wp-block-image size-full wp-lightbox-container\"><img decoding=\"async\" width=\"1500\" height=\"1000\" data-wp-class--hide=\"state.isContentHidden\" data-wp-class--show=\"state.isContentVisible\" data-wp-init=\"callbacks.setButtonStyles\" data-wp-on--click=\"actions.showLightbox\" data-wp-on--load=\"callbacks.setButtonStyles\" data-wp-on--pointerdown=\"actions.preloadImage\" data-wp-on--pointerenter=\"actions.preloadImageWithDelay\" data-wp-on--pointerleave=\"actions.cancelPreload\" data-wp-on-window--resize=\"callbacks.setButtonStyles\" src=\"https:\/\/loudavymkrokem.cz\/wp-content\/uploads\/2026\/08\/dovolena-jordansko-t18.jpg\" alt=\"Amm\u00e1n panor\u00e1m\u00e1ja a citadell\u00e1r\u00f3l\" class=\"wp-image-400055\" title=\"\" srcset=\"https:\/\/loudavymkrokem.cz\/wp-content\/uploads\/2026\/08\/dovolena-jordansko-t18.jpg 1500w, https:\/\/loudavymkrokem.cz\/wp-content\/uploads\/2026\/08\/dovolena-jordansko-t18-300x200.jpg 300w, https:\/\/loudavymkrokem.cz\/wp-content\/uploads\/2026\/08\/dovolena-jordansko-t18-700x467.jpg 700w, https:\/\/loudavymkrokem.cz\/wp-content\/uploads\/2026\/08\/dovolena-jordansko-t18-768x512.jpg 768w, https:\/\/loudavymkrokem.cz\/wp-content\/uploads\/2026\/08\/dovolena-jordansko-t18-696x464.jpg 696w, https:\/\/loudavymkrokem.cz\/wp-content\/uploads\/2026\/08\/dovolena-jordansko-t18-1392x928.jpg 1392w\" sizes=\"(max-width: 1500px) 100vw, 1500px\" \/><button\n\t\t\tclass=\"lightbox-trigger\"\n\t\t\ttype=\"button\"\n\t\t\taria-haspopup=\"dialog\"\n\t\t\tdata-wp-bind--aria-label=\"state.thisImage.triggerButtonAriaLabel\"\n\t\t\tdata-wp-init=\"callbacks.initTriggerButton\"\n\t\t\tdata-wp-on--click=\"actions.showLightbox\"\n\t\t\tdata-wp-style--right=\"state.thisImage.buttonRight\"\n\t\t\tdata-wp-style--top=\"state.thisImage.buttonTop\"\n\t\t>\n\t\t\t<svg xmlns=\"http:\/\/www.w3.org\/2000\/svg\" width=\"12\" height=\"12\" fill=\"none\" viewBox=\"0 0 12 12\">\n\t\t\t\t<path fill=\"#fff\" d=\"M2 0a2 2 0 0 0-2 2v2h1.5V2a.5.5 0 0 1 .5-.5h2V0H2Zm2 10.5H2a.5.5 0 0 1-.5-.5V8H0v2a2 2 0 0 0 2 2h2v-1.5ZM8 12v-1.5h2a.5.5 0 0 0 .5-.5V8H12v2a2 2 0 0 1-2 2H8Zm2-12a2 2 0 0 1 2 2v2h-1.5V2a.5.5 0 0 0-.5-.5H8V0h2Z\" \/>\n\t\t\t<\/svg>\n\t\t<\/button><figcaption class=\"wp-element-caption\">Amm\u00e1n panor\u00e1m\u00e1ja a citadell\u00e1r\u00f3l (Fot\u00f3: AXP Photography \/ Pexels)<\/figcaption><\/figure>\n\n\n\n<p class=\"wp-block-paragraph\">Jord\u00e1nia \u00e1ltal\u00e1ban nagyon biztons\u00e1gos \u00e9s viszonylag nyitott muszlim orsz\u00e1g, \u00e1m a v\u00e1rosban a hotelresortokon k\u00edv\u00fcl barangolva <strong>mindig \u00fcgyelj a tiszteletteljes \u00f6lt\u00f6zk\u00f6d\u00e9sre<\/strong>, ami a gyakorlatban takart v\u00e1llat \u00e9s t\u00e9rdet jelent, mind a n\u0151kn\u00e9l, mind a f\u00e9rfiakn\u00e1l. A f\u0151v\u00e1ros egy\u00e9bk\u00e9nt nagyon vend\u00e9gszeret\u0151 a turist\u00e1kkal, \u00e9s ha meg szeretn\u00e9d hosszabb\u00edtani a tart\u00f3zkod\u00e1sodat, inspir\u00e1l\u00f3dhatsz a tippjeinkb\u0151l, hogy <a href=\"https:\/\/loudavymkrokem.cz\/hu\/szeptember-utazas-tippek-2\/\">hov\u00e1 menj nyaralni szeptemberben<\/a>, amikor itt egy nagyon kellemes, extr\u00e9m h\u0151s\u00e9g n\u00e9lk\u00fcli \u0151sz kezd\u0151dik.<\/p>\n\n\n\n<h3 id=\"19_Ajlun_a_hrad_Salaha_ad_Dina\" class=\"wp-block-heading\"><span class=\"ez-toc-section\" id=\"19_Adzslun_es_Szaladin_vara\"><\/span>19. Adzsl\u00fan \u00e9s Szaladin v\u00e1ra<span class=\"ez-toc-section-end\"><\/span><\/h3>\n\n\n\n<p class=\"wp-block-paragraph\">Ha m\u00e1r felm\u00e9sz az orsz\u00e1g \u00e9szaki r\u00e9sz\u00e9re Jerasht felfedezni, meg\u00e9ri egy kicsit tov\u00e1bb is menni a dombokba Adzsl\u00fan v\u00e1ros\u00e1hoz, ahol egy hatalmas, tizenkettedik sz\u00e1zadi k\u00f6z\u00e9pkori v\u00e1r magasodik. Ezt a bevehetetlen er\u0151d\u00f6t nem a keresztesek \u00e9p\u00edtett\u00e9k, hanem \u00e9ppen a h\u00edres arab hadvez\u00e9r, Szaladin, hogy megv\u00e9dje a ter\u00fcletet a kereszt\u00e9ny bet\u00f6r\u00e9sekt\u0151l, \u00e9s ellen\u0151rizze a helyi vasb\u00e1ny\u00e1kat. Ami ezen az \u00e9szaki vid\u00e9ken garant\u00e1ltan meglep, az a <strong>v\u00e1ratlanul z\u00f6ld t\u00e1j, tele feny\u0151erd\u0151kkel<\/strong> \u00e9s olajfaligetekkel, amely \u00f3ri\u00e1si kontrasztot alkot a kir\u00e1lys\u00e1g d\u00e9li r\u00e9sz\u00e9nek sz\u00e1raz, kisz\u00e1radt sivatag\u00e1val.<\/p>\n\n\n\n<figure data-wp-context=\"{&quot;imageId&quot;:&quot;6a9530b2630f5&quot;}\" data-wp-interactive=\"core\/image\" data-wp-key=\"6a9530b2630f5\" class=\"wp-block-image size-full wp-lightbox-container\"><img decoding=\"async\" width=\"1500\" height=\"1125\" data-wp-class--hide=\"state.isContentHidden\" data-wp-class--show=\"state.isContentVisible\" data-wp-init=\"callbacks.setButtonStyles\" data-wp-on--click=\"actions.showLightbox\" data-wp-on--load=\"callbacks.setButtonStyles\" data-wp-on--pointerdown=\"actions.preloadImage\" data-wp-on--pointerenter=\"actions.preloadImageWithDelay\" data-wp-on--pointerleave=\"actions.cancelPreload\" data-wp-on-window--resize=\"callbacks.setButtonStyles\" src=\"https:\/\/loudavymkrokem.cz\/wp-content\/uploads\/2026\/08\/dovolena-jordansko-t19.jpg\" alt=\"Adzsl\u00fan v\u00e1ra Jord\u00e1nia \u00e9szaki r\u00e9sz\u00e9n\" class=\"wp-image-400057\" title=\"\" srcset=\"https:\/\/loudavymkrokem.cz\/wp-content\/uploads\/2026\/08\/dovolena-jordansko-t19.jpg 1500w, https:\/\/loudavymkrokem.cz\/wp-content\/uploads\/2026\/08\/dovolena-jordansko-t19-300x225.jpg 300w, https:\/\/loudavymkrokem.cz\/wp-content\/uploads\/2026\/08\/dovolena-jordansko-t19-700x525.jpg 700w, https:\/\/loudavymkrokem.cz\/wp-content\/uploads\/2026\/08\/dovolena-jordansko-t19-768x576.jpg 768w, https:\/\/loudavymkrokem.cz\/wp-content\/uploads\/2026\/08\/dovolena-jordansko-t19-80x60.jpg 80w, https:\/\/loudavymkrokem.cz\/wp-content\/uploads\/2026\/08\/dovolena-jordansko-t19-160x120.jpg 160w, https:\/\/loudavymkrokem.cz\/wp-content\/uploads\/2026\/08\/dovolena-jordansko-t19-696x522.jpg 696w, https:\/\/loudavymkrokem.cz\/wp-content\/uploads\/2026\/08\/dovolena-jordansko-t19-1392x1044.jpg 1392w\" sizes=\"(max-width: 1500px) 100vw, 1500px\" \/><button\n\t\t\tclass=\"lightbox-trigger\"\n\t\t\ttype=\"button\"\n\t\t\taria-haspopup=\"dialog\"\n\t\t\tdata-wp-bind--aria-label=\"state.thisImage.triggerButtonAriaLabel\"\n\t\t\tdata-wp-init=\"callbacks.initTriggerButton\"\n\t\t\tdata-wp-on--click=\"actions.showLightbox\"\n\t\t\tdata-wp-style--right=\"state.thisImage.buttonRight\"\n\t\t\tdata-wp-style--top=\"state.thisImage.buttonTop\"\n\t\t>\n\t\t\t<svg xmlns=\"http:\/\/www.w3.org\/2000\/svg\" width=\"12\" height=\"12\" fill=\"none\" viewBox=\"0 0 12 12\">\n\t\t\t\t<path fill=\"#fff\" d=\"M2 0a2 2 0 0 0-2 2v2h1.5V2a.5.5 0 0 1 .5-.5h2V0H2Zm2 10.5H2a.5.5 0 0 1-.5-.5V8H0v2a2 2 0 0 0 2 2h2v-1.5ZM8 12v-1.5h2a.5.5 0 0 0 .5-.5V8H12v2a2 2 0 0 1-2 2H8Zm2-12a2 2 0 0 1 2 2v2h-1.5V2a.5.5 0 0 0-.5-.5H8V0h2Z\" \/>\n\t\t\t<\/svg>\n\t\t<\/button><figcaption class=\"wp-element-caption\">Adzsl\u00fan v\u00e1ra Jord\u00e1nia \u00e9szaki r\u00e9sz\u00e9n (Fot\u00f3: hikinginjordan \/ Wikimedia Commons, CC BY-SA 3.0)<\/figcaption><\/figure>\n\n\n\n<p class=\"wp-block-paragraph\">A v\u00e1rhoz vezet\u0151 \u00fat sz\u00e9pen kanyarog a hegyi terepen, \u00edgy ha b\u00e9relt aut\u00f3t vezetsz, l\u00e9gy \u00f3vatos a keskeny szakaszokon \u00e9s a helyi sof\u0151r\u00f6k kisz\u00e1m\u00edthatatlan viselked\u00e9s\u00e9n, akik a k\u00f6zleked\u00e9si szab\u00e1lyokat ink\u00e1bb aj\u00e1nl\u00e1snak tekintik. Az ilyen \u00f6n\u00e1ll\u00f3 utakn\u00e1l abszol\u00fat alap, hogy legyen min\u0151s\u00e9gi <a href=\"https:\/\/loudavymkrokem.cz\/jak-vybrat-cestovni-pojisteni-na-dovolenou\/\">\u00fatibiztos\u00edt\u00e1sod<\/a>, mert b\u00e1r az orsz\u00e1g biztons\u00e1gos, egy apr\u00f3 baleset vagy eg\u00e9szs\u00e9g\u00fcgyi probl\u00e9ma a nagyv\u00e1rosokt\u00f3l messze nagyon megbonyol\u00edthatja az eg\u00e9sz nyaral\u00e1st.<\/p>\n\n\n\n<h3 id=\"20_Akaba_a_Rude_more\" class=\"wp-block-heading\"><span class=\"ez-toc-section\" id=\"20_Akaba_es_a_Voros-tenger\"><\/span>20. Akaba \u00e9s a V\u00f6r\u00f6s-tenger<span class=\"ez-toc-section-end\"><\/span><\/h3>\n\n\n\n<p class=\"wp-block-paragraph\">A legd\u00e9libb cs\u00fccs\u00f6kben fekszik Akaba v\u00e1rosa, amely Jord\u00e1nia egyetlen kik\u00f6t\u0151je, egyben kedvelt tengerparti \u00fati c\u00e9l a V\u00f6r\u00f6s-tenger partj\u00e1n. Kis paradicsom ez a v\u00edz alatti vil\u00e1g szerelmeseinek, mert itt <strong>gy\u00f6ny\u00f6r\u0171, snorkelez\u00e9sre \u00e9s b\u00fav\u00e1rkod\u00e1sra ide\u00e1lis korallz\u00e1tonyok<\/strong> vannak, amelyek mellett sz\u00e1nd\u00e9kosan els\u00fcllyesztett haj\u00f3- \u00e9s rep\u00fcl\u0151g\u00e9proncsokat is felfedezhetsz. A helysz\u00edn \u00f3ri\u00e1si el\u0151nye a nagyon \u00e1lland\u00f3 \u00e9s meleg id\u0151j\u00e1r\u00e1s, mert a tenger vize a t\u00e9l k\u00f6zep\u00e9n sem cs\u00f6kken \u00e1ll\u00edt\u00f3lag 21 \u00b0C al\u00e1, \u00edgy itt gyakorlatilag az \u00e9v b\u00e1rmely szak\u00e1ban megmelegedhetsz.<\/p>\n\n\n\n<figure data-wp-context=\"{&quot;imageId&quot;:&quot;6a9530b263627&quot;}\" data-wp-interactive=\"core\/image\" data-wp-key=\"6a9530b263627\" class=\"wp-block-image size-full wp-lightbox-container\"><img decoding=\"async\" width=\"1500\" height=\"1125\" data-wp-class--hide=\"state.isContentHidden\" data-wp-class--show=\"state.isContentVisible\" data-wp-init=\"callbacks.setButtonStyles\" data-wp-on--click=\"actions.showLightbox\" data-wp-on--load=\"callbacks.setButtonStyles\" data-wp-on--pointerdown=\"actions.preloadImage\" data-wp-on--pointerenter=\"actions.preloadImageWithDelay\" data-wp-on--pointerleave=\"actions.cancelPreload\" data-wp-on-window--resize=\"callbacks.setButtonStyles\" src=\"https:\/\/loudavymkrokem.cz\/wp-content\/uploads\/2026\/08\/dovolena-jordansko-t20.jpg\" alt=\"Akaba a V\u00f6r\u00f6s-tengern\u00e9l\" class=\"wp-image-400059\" title=\"\" srcset=\"https:\/\/loudavymkrokem.cz\/wp-content\/uploads\/2026\/08\/dovolena-jordansko-t20.jpg 1500w, https:\/\/loudavymkrokem.cz\/wp-content\/uploads\/2026\/08\/dovolena-jordansko-t20-300x225.jpg 300w, https:\/\/loudavymkrokem.cz\/wp-content\/uploads\/2026\/08\/dovolena-jordansko-t20-700x525.jpg 700w, https:\/\/loudavymkrokem.cz\/wp-content\/uploads\/2026\/08\/dovolena-jordansko-t20-768x576.jpg 768w, https:\/\/loudavymkrokem.cz\/wp-content\/uploads\/2026\/08\/dovolena-jordansko-t20-80x60.jpg 80w, https:\/\/loudavymkrokem.cz\/wp-content\/uploads\/2026\/08\/dovolena-jordansko-t20-160x120.jpg 160w, https:\/\/loudavymkrokem.cz\/wp-content\/uploads\/2026\/08\/dovolena-jordansko-t20-696x522.jpg 696w, https:\/\/loudavymkrokem.cz\/wp-content\/uploads\/2026\/08\/dovolena-jordansko-t20-1392x1044.jpg 1392w\" sizes=\"(max-width: 1500px) 100vw, 1500px\" \/><button\n\t\t\tclass=\"lightbox-trigger\"\n\t\t\ttype=\"button\"\n\t\t\taria-haspopup=\"dialog\"\n\t\t\tdata-wp-bind--aria-label=\"state.thisImage.triggerButtonAriaLabel\"\n\t\t\tdata-wp-init=\"callbacks.initTriggerButton\"\n\t\t\tdata-wp-on--click=\"actions.showLightbox\"\n\t\t\tdata-wp-style--right=\"state.thisImage.buttonRight\"\n\t\t\tdata-wp-style--top=\"state.thisImage.buttonTop\"\n\t\t>\n\t\t\t<svg xmlns=\"http:\/\/www.w3.org\/2000\/svg\" width=\"12\" height=\"12\" fill=\"none\" viewBox=\"0 0 12 12\">\n\t\t\t\t<path fill=\"#fff\" d=\"M2 0a2 2 0 0 0-2 2v2h1.5V2a.5.5 0 0 1 .5-.5h2V0H2Zm2 10.5H2a.5.5 0 0 1-.5-.5V8H0v2a2 2 0 0 0 2 2h2v-1.5ZM8 12v-1.5h2a.5.5 0 0 0 .5-.5V8H12v2a2 2 0 0 1-2 2H8Zm2-12a2 2 0 0 1 2 2v2h-1.5V2a.5.5 0 0 0-.5-.5H8V0h2Z\" \/>\n\t\t\t<\/svg>\n\t\t<\/button><figcaption class=\"wp-element-caption\">Akaba a V\u00f6r\u00f6s-tengern\u00e9l (Fot\u00f3: Gerda Arendt \/ Wikimedia Commons, CC BY-SA 4.0)<\/figcaption><\/figure>\n\n\n\n<p class=\"wp-block-paragraph\">Akaba mind\u00f6ssze nagyj\u00e1b\u00f3l egy \u00f3ra aut\u00f3\u00fatra van a Wadi Rum sivatagt\u00f3l, \u00edgy <strong>t\u00f6k\u00e9letesen indokolt \u00e9pp itt lez\u00e1rni az eg\u00e9sz jord\u00e1niai roadtripet<\/strong>, \u00e9s a l\u00e1tnival\u00f3k meger\u0151ltet\u0151 bej\u00e1r\u00e1sa ut\u00e1n p\u00e1r nap meg\u00e9rdemelt pihen\u0151t enged\u00e9lyezni magadnak a strandon. Rengeteg nemzetk\u00f6zi resort m\u0171k\u00f6dik itt, ahol nyugodtan j\u00e1rhatsz h\u00e9tk\u00f6znapi f\u00fcrd\u0151ruh\u00e1ban, r\u00e1ad\u00e1sul az eg\u00e9sz v\u00e1ros egy alacsonyabb ad\u00f3j\u00fa k\u00fcl\u00f6nleges gazdas\u00e1gi \u00f6vezet, ami remek helly\u00e9 teszi az utols\u00f3 szuven\u00edrek beszerz\u00e9s\u00e9re a haza\u00fat el\u0151tt.<\/p>\n\n\n\n<h2 id=\"Jordan_Pass_nejdulezitejsi_vec_kterou_vyreste_pred_odletem\" class=\"wp-block-heading\"><span class=\"ez-toc-section\" id=\"Jordan_Pass_a_legfontosabb_amit_indulas_elott_intezz_el\"><\/span>Jordan Pass: a legfontosabb, amit indul\u00e1s el\u0151tt int\u00e9zz el<span class=\"ez-toc-section-end\"><\/span><\/h2>\n\n\n\n<p class=\"wp-block-paragraph\">Ha ebbe a kir\u00e1lys\u00e1gba tervezel utat, biztosan \u00e9rdekel, <strong>hogyan sp\u00f3rolj a bel\u00e9p\u0151k\u00f6n \u00e9s a v\u00edzumon<\/strong>. A legjobb l\u00e9p\u00e9s egy speci\u00e1lis digit\u00e1lis jegy beszerz\u00e9se, amelyr\u0151l az utaz\u00f3k \u00fagy besz\u00e9lnek, mint minden turista abszol\u00fat alapfelszerel\u00e9s\u00e9r\u0151l. Nemcsak sok p\u00e9nzt takar\u00edt meg, hanem id\u0151t \u00e9s gondot is a hat\u00e1ron.<\/p>\n\n\n\n<p class=\"wp-block-paragraph\">Ez az okos dokumentum gyakorlatilag mindenkinek meg\u00e9ri, mert <strong>maga a petrai bel\u00e9p\u0151 is t\u00f6bb t\u00edz d\u00edn\u00e1rba ker\u00fcl<\/strong> a napok sz\u00e1m\u00e1t\u00f3l f\u00fcgg\u0151en. Tartsd viszont \u00e9szben, hogy az \u00e1rak \u00e9s felt\u00e9telek id\u0151nk\u00e9nt v\u00e1ltoznak, ez\u00e9rt mindig ellen\u0151rizz mindent el\u0151re a hivatalos oldalakon.<\/p>\n\n\n\n<ul class=\"wp-block-list\">\n<li><strong>Online kell megvenni az \u00e9rkez\u00e9s el\u0151tt<\/strong>, \u00e9s t\u00f6bb mint 40 l\u00e1tnival\u00f3 bel\u00e9p\u0151j\u00e9t tartalmazza (t\u00f6bbek k\u00f6z\u00f6tt Petr\u00e1\u00e9t, a Wadi Rum\u00e9t, Jerash\u00e9t \u00e9s az amm\u00e1ni citadell\u00e1\u00e9t).<\/li>\n\n\n\n<li><strong>Elengedi a turistav\u00edzumd\u00edjat<\/strong>, de ez csak akkor \u00e9rv\u00e9nyes, ha legal\u00e1bb 3 \u00e9jszak\u00e1t t\u00f6ltesz Jord\u00e1ni\u00e1ban.<\/li>\n\n\n\n<li>H\u00e1rom v\u00e1ltozatban l\u00e9tezik aszerint, h\u00e1ny napot szeretn\u00e9l Petr\u00e1ban t\u00f6lteni (a legolcs\u00f3bb Wanderer verzi\u00f3 nagyj\u00e1b\u00f3l 70 JOD).<\/li>\n\n\n\n<li>Az esti <strong>Petra by Night program nincs benne a Passban<\/strong>, azt k\u00fcl\u00f6n kell fizetned a helysz\u00ednen.<\/li>\n<\/ul>\n\n\n\n<p class=\"wp-block-paragraph\">\ud83d\udca1 TIPP: A digit\u00e1lis k\u00e1rty\u00e1t el\u00e9g let\u00f6lteni a telefonra, mert a hat\u00e1ron \u00e9s a bej\u00e1ratokn\u00e1l is csak a QR-k\u00f3dot kell megmutatni. Megv\u00e1s\u00e1rolhatod a <a href=\"https:\/\/www.jordanpass.jo\/\" target=\"_blank\" rel=\"nofollow noopener\">Jordan Pass hivatalos oldal\u00e1n<\/a>.<\/p>\n\n\n\n<h2 id=\"Itinerar_na_7_a_10_dni_jak_si_Jordansko_rozvrhnout\" class=\"wp-block-heading\"><span class=\"ez-toc-section\" id=\"Utiterv_7_es_10_napra_hogyan_oszd_be_Jordaniat\"><\/span>\u00datiterv 7 \u00e9s 10 napra: hogyan oszd be Jord\u00e1ni\u00e1t<span class=\"ez-toc-section-end\"><\/span><\/h2>\n\n\n\n<p class=\"wp-block-paragraph\">Egy \u00e9rtelmes \u00fatiterv \u00f6ssze\u00e1ll\u00edt\u00e1sa id\u0151nk\u00e9nt kem\u00e9ny di\u00f3, de az utaz\u00f3k aj\u00e1nl\u00e1sai szerint a <strong>f\u0151 k\u00f6rt egy h\u00e9t alatt be lehet j\u00e1rni<\/strong>. Ha t\u00f6bb id\u0151d van, mindenk\u00e9pp meg\u00e9ri tov\u00e1bbi napokat hozz\u00e1tenni a tengeri f\u00fcrd\u0151z\u00e9sre vagy az orsz\u00e1g d\u00e9li r\u00e9sz\u00e9nek f\u00e9lrees\u0151bb l\u00e1tnival\u00f3inak felfedez\u00e9s\u00e9re.<\/p>\n\n\n\n<h3 id=\"Klasicky_tyden\" class=\"wp-block-heading\"><span class=\"ez-toc-section\" id=\"A_klasszikus_het\"><\/span>A klasszikus h\u00e9t<span class=\"ez-toc-section-end\"><\/span><\/h3>\n\n\n\n<ul class=\"wp-block-list\">\n<li><strong>1. nap:<\/strong> \u00e9rkez\u00e9s Amm\u00e1nba \u00e9s a t\u00f6rt\u00e9nelmi citadella megtekint\u00e9se.<\/li>\n\n\n\n<li><strong>2. nap:<\/strong> kir\u00e1ndul\u00e1s \u00e9szakra az antik Jerashba \u00e9s Adzsl\u00fan v\u00e1r\u00e1hoz.<\/li>\n\n\n\n<li><strong>3. nap:<\/strong> meg\u00e1ll\u00f3 Madab\u00e1ban, kil\u00e1t\u00e1s a N\u00e9b\u00f3-hegyr\u0151l, majd \u00e1tutaz\u00e1s a Holt-tengerhez.<\/li>\n\n\n\n<li><strong>4. nap:<\/strong> pihen\u00e9s a Holt-tengern\u00e9l \u00e9s d\u00e9lut\u00e1ni \u00e1tutaz\u00e1s Wadi Musa v\u00e1ros\u00e1ba.<\/li>\n\n\n\n<li><strong>5. nap:<\/strong> eg\u00e9sz nap a Petra sziklav\u00e1ros f\u0151 \u00fatvonal\u00e1ra sz\u00e1nva.<\/li>\n\n\n\n<li><strong>6. nap:<\/strong> d\u00e9lel\u0151tt Kis-Petra megtekint\u00e9se, d\u00e9lut\u00e1n \u00e1tutaz\u00e1s a Wadi Rum sivatagba t\u00e1borbeli \u00e9jszak\u00e1z\u00e1ssal.<\/li>\n\n\n\n<li><strong>7. nap:<\/strong> reggeli \u00e9bred\u00e9s a Wadi Rumban, majd elutaz\u00e1s vagy \u00e1tutaz\u00e1s Akab\u00e1ba.<\/li>\n<\/ul>\n\n\n\n<h3 id=\"Deset_dni_bez_spechu\" class=\"wp-block-heading\"><span class=\"ez-toc-section\" id=\"Tiz_nap_sietseg_nelkul\"><\/span>T\u00edz nap siets\u00e9g n\u00e9lk\u00fcl<span class=\"ez-toc-section-end\"><\/span><\/h3>\n\n\n\n<ul class=\"wp-block-list\">\n<li><strong>8. nap:<\/strong> tegy\u00e9l hozz\u00e1 egy m\u00e1sodik napot Petr\u00e1ban, \u00e9s s\u00e9t\u00e1lj fel eg\u00e9szen a t\u00e1voli Ad-Deir kolostorhoz.<\/li>\n\n\n\n<li><strong>9. nap:<\/strong> ugorj el Akab\u00e1ba b\u00fav\u00e1rkodni \u00e9s eg\u00e9sznapos pihen\u00e9sre a V\u00f6r\u00f6s-tengerhez.<\/li>\n\n\n\n<li><strong>10. nap:<\/strong> a plusznapot haszn\u00e1ld a Wadi Mudzsib szurdok bej\u00e1r\u00e1s\u00e1ra, vagy fedezd fel Kerak \u00e9s S\u00f3bak keresztes v\u00e1rait.<\/li>\n<\/ul>\n\n\n\n<h2 id=\"Kde_se_ubytovat_v_Jordansku\" class=\"wp-block-heading\"><span class=\"ez-toc-section\" id=\"Hol_szallj_meg_Jordaniaban\"><\/span>Hol sz\u00e1llj meg Jord\u00e1ni\u00e1ban<span class=\"ez-toc-section-end\"><\/span><\/h2>\n\n\n\n<p class=\"wp-block-paragraph\">A sz\u00e1ll\u00e1skeres\u00e9snek ebben az orsz\u00e1gban megvannak a maga saj\u00e1toss\u00e1gai, \u00e9s <strong>meg\u00e9ri strat\u00e9giailag v\u00e1lasztani<\/strong> aszerint, hov\u00e1 k\u00e9sz\u00fclsz \u00e9pp. Az utaz\u00f3k dics\u00e9rik, hogy a k\u00edn\u00e1lat az egyszer\u0171 v\u00e1rosi panzi\u00f3kt\u00f3l a homokd\u0171n\u00e9k k\u00f6zti luxus \u00fcvegs\u00e1trakig terjed.<\/p>\n\n\n\n<p class=\"wp-block-paragraph\">\ud83d\udca1 <strong>Tipp:<\/strong> A Wadi Mus\u00e1ban \u00e9s a Holt-tengern\u00e9l l\u00e9v\u0151 sz\u00e1ll\u00e1sok f\u0151szezonban j\u00f3val el\u0151re elkelnek, mert a j\u00f3 lehet\u0151s\u00e9gek sz\u00e1ma korl\u00e1tozott. N\u00e9zd \u00e1t az <a href=\"https:\/\/www.stay22.com\/allez\/roam?aid=lukaskonecny&amp;campaign=loudavymkrokemcz&amp;campaign=dovolena-jordansko&amp;address=Jord%C3%A1nsko\" target=\"_blank\" rel=\"nofollow noopener sponsored\">aktu\u00e1lis jord\u00e1niai sz\u00e1ll\u00e1sk\u00edn\u00e1latot<\/a>, \u00e9s foglalj ingyenes lemond\u00e1ssal.<\/p>\n\n\n\n<h3 id=\"Prehled_oblasti\" class=\"wp-block-heading\"><span class=\"ez-toc-section\" id=\"A_teruletek_attekintese\"><\/span>A ter\u00fcletek \u00e1ttekint\u00e9se<span class=\"ez-toc-section-end\"><\/span><\/h3>\n\n\n\n<ul class=\"wp-block-list\">\n<li><strong>Amm\u00e1n:<\/strong> remek b\u00e1zis az \u00e9szaki kir\u00e1ndul\u00e1sokhoz, a rep\u00fcl\u0151t\u00e9r k\u00f6zels\u00e9ge \u00e9s a legjobb v\u00e1rosi \u00e9ttermi v\u00e1laszt\u00e9k.<\/li>\n\n\n\n<li><strong>Wadi Musa:<\/strong> gyakorlatilag az egyetlen \u00e9sszer\u0171 b\u00e1zis Petra megl\u00e1togat\u00e1s\u00e1hoz, mert itt minden h\u00e1tt\u00e9r k\u00f6zvetlen\u00fcl a bej\u00e1ratn\u00e1l van.<\/li>\n\n\n\n<li><strong>Holt-tenger:<\/strong> nagy resortok k\u00f6zvetlen strand- \u00e9s gy\u00f3gyiszap-hozz\u00e1f\u00e9r\u00e9ssel, de a k\u00f6rny\u00e9ken egy\u00e9bk\u00e9nt ne v\u00e1rj m\u00e1st felfedezni.<\/li>\n\n\n\n<li><strong>Wadi Rum:<\/strong> beduin t\u00e1borok, ahol k\u00f6zvetlen\u00fcl a sivatagban alszol, \u00edgy ne sz\u00e1m\u00edts klasszikus hotelsz\u00ednvonalra.<\/li>\n\n\n\n<li><strong>Akaba:<\/strong> V\u00f6r\u00f6s-tenger melletti \u00fati c\u00e9l, amely strandk\u00f6zeli hoteleket \u00e9s kiv\u00e1l\u00f3 b\u00fav\u00e1rfelt\u00e9teleket k\u00edn\u00e1l.<\/li>\n<\/ul>\n\n\n\n<h3 id=\"Konkretni_tipy_na_ubytovani\" class=\"wp-block-heading\"><span class=\"ez-toc-section\" id=\"Konkret_szallastippek\"><\/span>Konkr\u00e9t sz\u00e1ll\u00e1stippek<span class=\"ez-toc-section-end\"><\/span><\/h3>\n\n\n\n<ul class=\"wp-block-list\">\n<li><strong><a href=\"https:\/\/www.stay22.com\/allez\/roam?aid=lukaskonecny&amp;campaign=loudavymkrokemcz&amp;campaign=dovolena-jordansko&amp;hotelname=M%C3%B6venpick%20Resort%20Petra&amp;address=Wadi%20Musa%2C%20Jord%C3%A1nsko\" target=\"_blank\" rel=\"noopener nofollow sponsored\">M\u00f6venpick Resort Petra<\/a>:<\/strong> gy\u00f6ny\u00f6r\u0171 hotel Wadi Musa v\u00e1ros\u00e1ban, amely k\u00f6zvetlen\u00fcl Petra f\u0151 bej\u00e1rat\u00e1n\u00e1l \u00e1ll.<\/li>\n\n\n\n<li><strong><a href=\"https:\/\/www.stay22.com\/allez\/roam?aid=lukaskonecny&amp;campaign=loudavymkrokemcz&amp;campaign=dovolena-jordansko&amp;hotelname=Petra%20Guest%20House%20Hotel&amp;address=Wadi%20Musa%2C%20Jord%C3%A1nsko\" target=\"_blank\" rel=\"noopener nofollow sponsored\">Petra Guest House Hotel<\/a>:<\/strong> sz\u00e1ll\u00e1s r\u00f6gt\u00f6n a sziklav\u00e1ros kapuj\u00e1n\u00e1l, egyed\u00fcl\u00e1ll\u00f3, nabateus barlangban kialak\u00edtott b\u00e1rral.<\/li>\n\n\n\n<li><strong><a href=\"https:\/\/www.stay22.com\/allez\/roam?aid=lukaskonecny&amp;campaign=loudavymkrokemcz&amp;campaign=dovolena-jordansko&amp;hotelname=M%C3%B6venpick%20Resort%20%26%20Spa%20Dead%20Sea&amp;address=Sweimeh%2C%20Mrtv%C3%A9%20mo%C5%99e%2C%20Jord%C3%A1nsko\" target=\"_blank\" rel=\"noopener nofollow sponsored\">M\u00f6venpick Resort &amp; Spa Dead Sea<\/a>:<\/strong> kedvelt nagy resort a Holt-tengern\u00e9l saj\u00e1t stranddal \u00e9s gy\u00f3gyiszapos ed\u00e9nyekkel.<\/li>\n\n\n\n<li><strong><a href=\"https:\/\/www.stay22.com\/allez\/roam?aid=lukaskonecny&amp;campaign=loudavymkrokemcz&amp;campaign=dovolena-jordansko&amp;hotelname=Kempinski%20Hotel%20Ishtar%20Dead%20Sea&amp;address=Sweimeh%2C%20Mrtv%C3%A9%20mo%C5%99e%2C%20Jord%C3%A1nsko\" target=\"_blank\" rel=\"noopener nofollow sponsored\">Kempinski Hotel Ishtar Dead Sea<\/a>:<\/strong> kiterjedt \u00e9s luxus komplexum a Holt-tengern\u00e9l, t\u00f6bb medenc\u00e9vel \u00e9s nagy komforttal a vend\u00e9geknek.<\/li>\n\n\n\n<li><strong><a href=\"https:\/\/www.stay22.com\/allez\/roam?aid=lukaskonecny&amp;campaign=loudavymkrokemcz&amp;campaign=dovolena-jordansko&amp;hotelname=Memories%20Aicha%20Luxury%20Camp&amp;address=Wadi%20Rum%2C%20Jord%C3%A1nsko\" target=\"_blank\" rel=\"noopener nofollow sponsored\">Memories Aicha Luxury Camp<\/a>:<\/strong> kiv\u00e9teles \u00e9lm\u00e9ny a Wadi Rumban \u00fcvegbubor\u00e9kokkal, ahonnan \u00e9jszaka csod\u00e1latos kil\u00e1t\u00e1s ny\u00edlik a csillagokra.<\/li>\n\n\n\n<li><strong><a href=\"https:\/\/www.stay22.com\/allez\/roam?aid=lukaskonecny&amp;campaign=loudavymkrokemcz&amp;campaign=dovolena-jordansko&amp;hotelname=The%20Boutique%20Hotel%20Amman&amp;address=Amm%C3%A1n%2C%20Jord%C3%A1nsko\" target=\"_blank\" rel=\"noopener nofollow sponsored\">The Boutique Hotel Amman<\/a>:<\/strong> nyugodt \u00e9s megfizethet\u0151 b\u00e1zis k\u00f6zvetlen\u00fcl a f\u0151v\u00e1ros k\u00f6zpontj\u00e1ban.<\/li>\n<\/ul>\n\n\n\n<h2 id=\"Co_jist_v_Jordansku\" class=\"wp-block-heading\"><span class=\"ez-toc-section\" id=\"Mit_egyel_Jordaniaban\"><\/span>Mit egy\u00e9l Jord\u00e1ni\u00e1ban<span class=\"ez-toc-section-end\"><\/span><\/h2>\n\n\n\n<p class=\"wp-block-paragraph\">A helyi konyha tele van f\u0171szerekkel \u00e9s friss alapanyagokkal, amelyeket gyakran egyetlen nagy asztaln\u00e1l osztanak meg a bar\u00e1tokkal \u00e9s a csal\u00e1ddal. Sok v\u00e9lem\u00e9ny szerint ez <strong>maga a paradicsom az \u00e9telek szerelmeseinek<\/strong>, f\u00fcggetlen\u00fcl att\u00f3l, hogy a z\u00f6lds\u00e9get r\u00e9szes\u00edted-e el\u0151nyben, vagy a h\u00fasos k\u00fcl\u00f6nlegess\u00e9geket keresed.<\/p>\n\n\n\n<figure data-wp-context=\"{&quot;imageId&quot;:&quot;6a9530b264491&quot;}\" data-wp-interactive=\"core\/image\" data-wp-key=\"6a9530b264491\" class=\"wp-block-image size-full wp-lightbox-container\"><img decoding=\"async\" width=\"1500\" height=\"1120\" data-wp-class--hide=\"state.isContentHidden\" data-wp-class--show=\"state.isContentVisible\" data-wp-init=\"callbacks.setButtonStyles\" data-wp-on--click=\"actions.showLightbox\" data-wp-on--load=\"callbacks.setButtonStyles\" data-wp-on--pointerdown=\"actions.preloadImage\" data-wp-on--pointerenter=\"actions.preloadImageWithDelay\" data-wp-on--pointerleave=\"actions.cancelPreload\" data-wp-on-window--resize=\"callbacks.setButtonStyles\" src=\"https:\/\/loudavymkrokem.cz\/wp-content\/uploads\/2026\/08\/dovolena-jordansko-food.jpg\" alt=\"Humusz \u00e9s mezze, a jord\u00e1niai konyha alapja\" class=\"wp-image-400060\" title=\"\" srcset=\"https:\/\/loudavymkrokem.cz\/wp-content\/uploads\/2026\/08\/dovolena-jordansko-food.jpg 1500w, https:\/\/loudavymkrokem.cz\/wp-content\/uploads\/2026\/08\/dovolena-jordansko-food-300x224.jpg 300w, https:\/\/loudavymkrokem.cz\/wp-content\/uploads\/2026\/08\/dovolena-jordansko-food-700x523.jpg 700w, https:\/\/loudavymkrokem.cz\/wp-content\/uploads\/2026\/08\/dovolena-jordansko-food-768x573.jpg 768w, https:\/\/loudavymkrokem.cz\/wp-content\/uploads\/2026\/08\/dovolena-jordansko-food-80x60.jpg 80w, https:\/\/loudavymkrokem.cz\/wp-content\/uploads\/2026\/08\/dovolena-jordansko-food-160x120.jpg 160w, https:\/\/loudavymkrokem.cz\/wp-content\/uploads\/2026\/08\/dovolena-jordansko-food-696x520.jpg 696w, https:\/\/loudavymkrokem.cz\/wp-content\/uploads\/2026\/08\/dovolena-jordansko-food-1392x1039.jpg 1392w\" sizes=\"(max-width: 1500px) 100vw, 1500px\" \/><button\n\t\t\tclass=\"lightbox-trigger\"\n\t\t\ttype=\"button\"\n\t\t\taria-haspopup=\"dialog\"\n\t\t\tdata-wp-bind--aria-label=\"state.thisImage.triggerButtonAriaLabel\"\n\t\t\tdata-wp-init=\"callbacks.initTriggerButton\"\n\t\t\tdata-wp-on--click=\"actions.showLightbox\"\n\t\t\tdata-wp-style--right=\"state.thisImage.buttonRight\"\n\t\t\tdata-wp-style--top=\"state.thisImage.buttonTop\"\n\t\t>\n\t\t\t<svg xmlns=\"http:\/\/www.w3.org\/2000\/svg\" width=\"12\" height=\"12\" fill=\"none\" viewBox=\"0 0 12 12\">\n\t\t\t\t<path fill=\"#fff\" d=\"M2 0a2 2 0 0 0-2 2v2h1.5V2a.5.5 0 0 1 .5-.5h2V0H2Zm2 10.5H2a.5.5 0 0 1-.5-.5V8H0v2a2 2 0 0 0 2 2h2v-1.5ZM8 12v-1.5h2a.5.5 0 0 0 .5-.5V8H12v2a2 2 0 0 1-2 2H8Zm2-12a2 2 0 0 1 2 2v2h-1.5V2a.5.5 0 0 0-.5-.5H8V0h2Z\" \/>\n\t\t\t<\/svg>\n\t\t<\/button><figcaption class=\"wp-element-caption\">Humusz \u00e9s mezze, a jord\u00e1niai konyha alapja (Fot\u00f3: Israel.clinic \/ Wikimedia Commons, CC BY-SA 3.0)<\/figcaption><\/figure>\n\n\n\n<p class=\"wp-block-paragraph\">A hagyom\u00e1nyos \u00e9tkez\u00e9s \u00e1ltal\u00e1ban az \u00fagynevezett mezz\u00e9vel kezd\u0151dik, ami <strong>egy halom kis t\u00e1lka k\u00fcl\u00f6nf\u00e9le el\u0151\u00e9tellel<\/strong>. B\u00e1r a nemzeti \u00e9tel a b\u00e1r\u00e1nyh\u00fasos, joghurtos m\u00e1rt\u00e1sos manszaf, ami tipikus helyi specialit\u00e1s, mi mindig legink\u00e1bb a hihetetlen\u00fcl v\u00e1ltozatos z\u00f6lds\u00e9ges \u00e9s h\u00fcvelyesekb\u0151l k\u00e9sz\u00fclt fog\u00e1soknak \u00f6r\u00fcl\u00fcnk.<\/p>\n\n\n\n<ul class=\"wp-block-list\">\n<li><strong>Humusz:<\/strong> hidd el, a K\u00f6zel-Keleten ez a csicseribors\u00f3-kr\u00e9m teljesen m\u00e1s liga, mint a boltokban kaphat\u00f3.<\/li>\n\n\n\n<li><strong>Falafel:<\/strong> csicseribors\u00f3b\u00f3l s\u00fclt goly\u00f3k, amelyek itt teljesen klasszikus \u00e9s nagyon kedvelt reggelinek sz\u00e1m\u00edtanak.<\/li>\n\n\n\n<li><strong>Mutabbal \u00e9s baba ganoush:<\/strong> kiv\u00e1l\u00f3, s\u00fclt padlizs\u00e1nb\u00f3l k\u00e9sz\u00fclt kr\u00e9mek, amelyekre a finoman f\u00fcst\u00f6s \u00edz jellemz\u0151.<\/li>\n\n\n\n<li><strong>Fatt\u00fas \u00e9s tabbouleh:<\/strong> friss \u00e9s ropog\u00f3s sal\u00e1t\u00e1k rengeteg friss f\u0171szern\u00f6v\u00e9nnyel, paradicsommal \u00e9s citroml\u00e9vel.<\/li>\n\n\n\n<li><strong>Manakish:<\/strong> meleg lep\u00e9ny za\u00e1t\u00e1rral megsz\u00f3rva, azaz a kakukkf\u0171 \u00e9s a szez\u00e1m rendk\u00edv\u00fcl illatos kever\u00e9k\u00e9vel.<\/li>\n\n\n\n<li><strong>Makluba veget\u00e1ri\u00e1nus v\u00e1ltozatban:<\/strong> hagyom\u00e1nyos ford\u00edtott faz\u00e9k rizs z\u00f6lds\u00e9ggel \u00e9s gazdag f\u0171szerez\u00e9ssel.<\/li>\n\n\n\n<li><strong>Knafeh:<\/strong> \u00e9des desszert sajtb\u00f3l \u00e9s c\u00e9rnat\u00e9szt\u00e1b\u00f3l sziruppal, ami az eg\u00e9sz r\u00e9gi\u00f3ban kedvelt jord\u00e1niai klasszikus.<\/li>\n\n\n\n<li><strong>Beduin tea zs\u00e1ly\u00e1val \u00e9s ment\u00e1val:<\/strong> ezt az \u00e9des, forr\u00f3 italt sz\u00f3 szerint mindenhol k\u00edn\u00e1lj\u00e1k, \u00e9s szinte nem lehet visszautas\u00edtani \ud83d\ude05.<\/li>\n<\/ul>\n\n\n\n<p class=\"wp-block-paragraph\">\ud83d\udca1 TIPP: Jord\u00e1ni\u00e1ban nagyon k\u00f6nny\u0171 veget\u00e1ri\u00e1nusnak lenni, mert a helyi mezze el\u0151\u00e9telek nagyr\u00e9szt teljesen n\u00f6v\u00e9nyiek \u00e9s abszol\u00fat kiv\u00e1l\u00f3ak.<\/p>\n\n\n\n<h2 id=\"Kolik_stoji_dovolena_v_Jordansku\" class=\"wp-block-heading\"><span class=\"ez-toc-section\" id=\"Mennyibe_kerul_egy_jordaniai_nyaralas\"><\/span>Mennyibe ker\u00fcl egy jord\u00e1niai nyaral\u00e1s<span class=\"ez-toc-section-end\"><\/span><\/h2>\n\n\n\n<p class=\"wp-block-paragraph\">Sok utaz\u00f3t kicsit sokkol, hogy <strong>Jord\u00e1nia egy\u00e1ltal\u00e1n nem olcs\u00f3 \u00fati c\u00e9l<\/strong>. A helyi d\u00edn\u00e1r (JOD) a vil\u00e1g egyik leger\u0151sebb p\u00e9nzneme (t\u00e1j\u00e9koztat\u00f3 jelleggel 1 \u20ac nagyj\u00e1b\u00f3l 380 Ft, 1 USD pedig 320 Ft, mik\u00f6zben a d\u00edn\u00e1r szorosan a doll\u00e1rhoz van k\u00f6tve). A f\u0151 l\u00e1tnival\u00f3k bel\u00e9p\u0151i viszonylag dr\u00e1g\u00e1k, ez\u00e9rt k\u00e9sz\u00edts el\u0151re egy t\u00e1j\u00e9koztat\u00f3 k\u00f6lts\u00e9gvet\u00e9si becsl\u00e9st.<\/p>\n\n\n\n<ul class=\"wp-block-list\">\n<li><strong>Rep\u00fcl\u0151jegy \u00e1tsz\u00e1ll\u00e1ssal:<\/strong> Budapestr\u0151l nincs k\u00f6zvetlen j\u00e1rat (Isztambulon, B\u00e9csen vagy Dubajon kereszt\u00fcl rep\u00fclnek), \u00edgy sz\u00e1molj nagyj\u00e1b\u00f3l 90 000 \u00e9s 180 000 Ft k\u00f6z\u00f6tti \u00f6sszeggel oda-vissza.<\/li>\n\n\n\n<li><strong>Jordan Pass:<\/strong> k\u00e9t alapjegy\u00e9rt \u00e1tsz\u00e1m\u00edtva nagyj\u00e1b\u00f3l 68 000 \u00e9s 76 000 Ft k\u00f6z\u00f6tt fizetsz.<\/li>\n\n\n\n<li><strong>Sz\u00e1ll\u00e1s:<\/strong> egy hetes tart\u00f3zkod\u00e1s k\u00e9t f\u0151re \u00e1ltal\u00e1ban 151 000 \u00e9s 302 000 Ft k\u00f6z\u00f6tt mozog a hotelek sz\u00ednvonal\u00e1t\u00f3l f\u00fcgg\u0151en.<\/li>\n\n\n\n<li><strong>\u00c9tkez\u00e9s:<\/strong> az ell\u00e1t\u00e1s nagyj\u00e1b\u00f3l 76 000 \u00e9s 151 000 Ft k\u00f6z\u00e9 j\u00f6n ki, ha okosan kombin\u00e1lod az utcai standokat \u00e9s a klasszikus \u00e9ttermeket.<\/li>\n\n\n\n<li><strong>K\u00f6zleked\u00e9s \u00e9s sof\u0151r vagy b\u00e9relt aut\u00f3:<\/strong> egy hetes aut\u00f3b\u00e9rl\u00e9s benzinnel \u00e1ltal\u00e1ban 121 000 \u00e9s 212 000 Ft k\u00f6z\u00f6tt ker\u00fcl.<\/li>\n\n\n\n<li><strong>Kir\u00e1ndul\u00e1sok \u00e9s beduin t\u00e1bor:<\/strong> a sivatagi dzsipek \u00e9s egy \u00e9jszaka k\u00e9t f\u0151re tov\u00e1bbi 60 000 \u00e9s 121 000 Ft k\u00f6z\u00e9 j\u00f6n ki.<\/li>\n<\/ul>\n\n\n\n<p class=\"wp-block-paragraph\">\ud83d\udca1 TIPP: Ha m\u00e1r a tervez\u00e9s elej\u00e9n sp\u00f3rolni szeretn\u00e9l, olvasd el a cikk\u00fcnket arr\u00f3l, <a href=\"https:\/\/loudavymkrokem.cz\/hu\/olcso-repjegyek-tippek\/\">hogyan tal\u00e1lj olcs\u00f3 rep\u00fcl\u0151jegyet<\/a>.<\/p>\n\n\n\n<h2 id=\"Doprava_po_Jordansku\" class=\"wp-block-heading\"><span class=\"ez-toc-section\" id=\"Kozlekedes_Jordaniaban\"><\/span>K\u00f6zleked\u00e9s Jord\u00e1ni\u00e1ban<span class=\"ez-toc-section-end\"><\/span><\/h2>\n\n\n\n<p class=\"wp-block-paragraph\">Az orsz\u00e1gon bel\u00fcli mozg\u00e1s sokkal egyszer\u0171bb, mint amilyennek els\u0151 pillant\u00e1sra a t\u00e9rk\u00e9pr\u0151l t\u0171nne. A legt\u00f6bben <strong>k\u00fcl\u00f6nf\u00e9le k\u00f6zleked\u00e9si eszk\u00f6z\u00f6k kombin\u00e1ci\u00f3j\u00e1t<\/strong> v\u00e1lasztj\u00e1k, hogy min\u00e9l t\u00f6bb helyet l\u00e1ssanak felesleges stressz \u00e9s elt\u00e9ved\u00e9st\u0151l val\u00f3 f\u00e9lelem n\u00e9lk\u00fcl.<\/p>\n\n\n\n<h3 id=\"Pujcene_auto\" class=\"wp-block-heading\"><span class=\"ez-toc-section\" id=\"Berelt_auto\"><\/span>B\u00e9relt aut\u00f3<span class=\"ez-toc-section-end\"><\/span><\/h3>\n\n\n\n<p class=\"wp-block-paragraph\">A vezet\u00e9s itt viszonylag k\u00e9nyelmes, \u00e9s <strong>a megszokott m\u00f3don jobbra hajtanak<\/strong>, \u00edgy gyorsan hozz\u00e1szoksz a forgalomhoz. A f\u0151 turisztikai helyek k\u00f6zti utak meglep\u0151en j\u00f3k \u00e9s j\u00f3l, angolul is jelzettek.<\/p>\n\n\n\n<p class=\"wp-block-paragraph\">Ha d\u00e9l fel\u00e9 indulsz, semmik\u00e9pp se hagyd ki a legend\u00e1s Kir\u00e1lyi utat. B\u00e1r sokkal lassabb, mint a f\u0151 modern aut\u00f3p\u00e1lya, cser\u00e9be a legszebb kil\u00e1t\u00e1st k\u00edn\u00e1lja a m\u00e9ly kanyonokra.<\/p>\n\n\n\n<h3 id=\"Ridic_nebo_organizovany_okruh\" class=\"wp-block-heading\"><span class=\"ez-toc-section\" id=\"Sofor_vagy_szervezett_korut\"><\/span>Sof\u0151r vagy szervezett k\u00f6r\u00fat<span class=\"ez-toc-section-end\"><\/span><\/h3>\n\n\n\n<p class=\"wp-block-paragraph\">Ha nem mersz idegen orsz\u00e1gban vezetni, a sof\u0151r\u00f6s aut\u00f3b\u00e9rl\u00e9s itt nagyon bevett gyakorlat. \u00c1ll\u00edt\u00f3lag ez <strong>remek utaz\u00e1si m\u00f3d<\/strong>, ahogy egy csom\u00f3 \u00e9rdekess\u00e9get megtudhatsz a helyiekt\u0151l, \u00e9s elker\u00fcl\u00f6d a navig\u00e1ci\u00f3 \u00e1lland\u00f3 figyel\u00e9s\u00e9t.<\/p>\n\n\n\n<p class=\"wp-block-paragraph\">Az Amm\u00e1n \u00e9s Petra k\u00f6zti \u00fat nagyj\u00e1b\u00f3l h\u00e1rom \u00f3ra, \u00edgy k\u00f6nnyen bej\u00e1rhat\u00f3 ak\u00e1r egy egynapos szervezett kir\u00e1ndul\u00e1s keret\u00e9ben is. Sok turista dics\u00e9ri, hogy ezzel egy csom\u00f3 szervez\u00e9si gondt\u00f3l szabadult meg.<\/p>\n\n\n\n<h3 id=\"Autobusy_JETT_a_taxi\" class=\"wp-block-heading\"><span class=\"ez-toc-section\" id=\"JETT_buszok_es_taxi\"><\/span>JETT buszok \u00e9s taxi<span class=\"ez-toc-section-end\"><\/span><\/h3>\n\n\n\n<p class=\"wp-block-paragraph\">A nagyv\u00e1rosok k\u00f6zti utaz\u00e1shoz remek\u00fcl m\u0171k\u00f6dnek a JETT t\u00e1rsas\u00e1g k\u00e9nyelmes buszai, amelyek megb\u00edzhat\u00f3an \u00f6sszek\u00f6tik Amm\u00e1nt, Petr\u00e1t \u00e9s a d\u00e9li Akab\u00e1t. A jegyeket online is meg lehet venni, a buszok pedig t\u00f6bbnyire teljesen l\u00e9gkondicion\u00e1ltak.<\/p>\n\n\n\n<p class=\"wp-block-paragraph\">A v\u00e1rosokban pedig felejtsd el a hosszadalmas utcai alkudoz\u00e1st a taxisof\u0151r\u00f6kkel. Sokkal jobban m\u0171k\u00f6dik a <strong>Careem mobilalkalmaz\u00e1s<\/strong>, amelyen kereszt\u00fcl k\u00f6nnyen k\u00e9rhetsz fuvart, \u00e9s el\u0151re, egy\u00e9rtelm\u0171en l\u00e1tod az \u00fat v\u00e9gleges \u00e1r\u00e1t.<\/p>\n\n\n\n<h2 id=\"Na_co_si_dat_v_Jordansku_pozor\" class=\"wp-block-heading\"><span class=\"ez-toc-section\" id=\"Mire_figyelj_Jordaniaban\"><\/span>Mire figyelj Jord\u00e1ni\u00e1ban<span class=\"ez-toc-section-end\"><\/span><\/h2>\n\n\n\n<p class=\"wp-block-paragraph\">B\u00e1r ez az \u00fati c\u00e9l nagyon bar\u00e1ts\u00e1gos a turist\u00e1kkal, n\u00e9ha egyes apr\u00f3s\u00e1gok kellemetlen\u00fcl meglephetnek. Jobb, ha <strong>el\u0151re felk\u00e9sz\u00fclsz a helyi saj\u00e1toss\u00e1gokra<\/strong>, hogy a lehet\u0151 legnagyobb nyugalomban \u00e9lvezd a nyaral\u00e1st, felesleges bonyodalmak n\u00e9lk\u00fcl \u263a\ufe0f.<\/p>\n\n\n\n<ul class=\"wp-block-list\">\n<li><strong>H\u0151s\u00e9g \u00e9s \u00e1rny\u00e9khi\u00e1ny Petr\u00e1ban:<\/strong> a nap itt k\u00f6ny\u00f6rtelen tud lenni, ez\u00e9rt ne becs\u00fcld al\u00e1 a nagy v\u00edzk\u00e9szletet \u00e9s a fejfed\u0151t.<\/li>\n\n\n\n<li><strong>Megtett kilom\u00e9terek:<\/strong> a sziklav\u00e1rosban sim\u00e1n megteszel napi 12\u201315 km-t, ez\u00e9rt a min\u0151s\u00e9gi t\u00faracip\u0151 abszol\u00fat sz\u00fcks\u00e9glet.<\/li>\n\n\n\n<li><strong>Szam\u00e1r- \u00e9s teveaj\u00e1nlatok Petr\u00e1ban:<\/strong> a helyiek folyamatosan fuvart k\u00edn\u00e1lnak, de az \u00e1llatj\u00f3l\u00e9t k\u00e9rd\u00e9se itt nagyon probl\u00e9m\u00e1s, \u00e9s a legt\u00f6bben nem aj\u00e1nlj\u00e1k.<\/li>\n\n\n\n<li><strong>R\u00e1men\u0151ss\u00e9g a fuvarral \u00e9s a szuven\u00edrekkel:<\/strong> az \u00e1rusok n\u00e9ha tolakod\u00f3ak tudnak lenni, \u00edgy t\u00fcrelemmel kell felv\u00e9rtezned magad, \u00e9s megtanulni udvariasan visszautas\u00edtani.<\/li>\n\n\n\n<li><strong>Hideg \u00e9jszaka a sivatagban:<\/strong> a Wadi Rumban a h\u0151m\u00e9rs\u00e9klet napnyugta ut\u00e1n meredeken zuhan, m\u00e9g a melegebb tavaszi h\u00f3napokban is.<\/li>\n\n\n\n<li><strong>Szab\u00e1lyok a Holt-tengern\u00e9l:<\/strong> az el\u0151z\u0151 napi borotv\u00e1lkoz\u00e1s rossz \u00f6tlet, a fejed sose tedd a v\u00edz al\u00e1, \u00e9s biztosan j\u00f3l j\u00f6n a v\u00edzicip\u0151 az \u00e9les krist\u00e1lyok ellen.<\/li>\n\n\n\n<li><strong>A Wadi Mudzsib lez\u00e1r\u00e1sa es\u0151k ut\u00e1n:<\/strong> ez a kedvelt vizes szurdok a v\u00e1ratlan vill\u00e1m\u00e1rvizek vesz\u00e9lye miatt gyakran z\u00e1rva van.<\/li>\n\n\n\n<li><strong>Aktu\u00e1lis biztons\u00e1gi aj\u00e1nl\u00e1sok:<\/strong> az orsz\u00e1g r\u00e9gi\u00f3n bel\u00fcli fekv\u00e9se miatt meg\u00e9ri figyelmesen k\u00f6vetni az illet\u00e9kes hat\u00f3s\u00e1gok figyelmeztet\u00e9seit.<\/li>\n<\/ul>\n\n\n\n<p class=\"wp-block-paragraph\">Indul\u00e1s el\u0151tt mindig olvasd el a <a href=\"https:\/\/konzuliszolgalat.kormany.hu\/\" target=\"_blank\" rel=\"nofollow noopener\">K\u00fcl\u00fcgyminiszt\u00e9rium aktu\u00e1lis aj\u00e1nl\u00e1sait<\/a>.<\/p>\n\n\n\n<h2 id=\"Je_Jordansko_bezpecne\" class=\"wp-block-heading\"><span class=\"ez-toc-section\" id=\"Biztonsagos_Jordania\"><\/span>Biztons\u00e1gos Jord\u00e1nia?<span class=\"ez-toc-section-end\"><\/span><\/h2>\n\n\n\n<p class=\"wp-block-paragraph\">A biztons\u00e1g k\u00e9rd\u00e9se val\u00f3sz\u00edn\u0171leg mindenkinek esz\u00e9be jut, aki r\u00e1n\u00e9z a K\u00f6zel-Kelet t\u00e9rk\u00e9p\u00e9re, \u00e9s l\u00e1tja a k\u00f6rnyez\u0151 \u00e1llamokat. Az igazs\u00e1g viszont az, hogy ez a kir\u00e1lys\u00e1g <strong>tart\u00f3san az eg\u00e9sz r\u00e9gi\u00f3 nagyon stabil orsz\u00e1gai k\u00f6z\u00e9 tartozik<\/strong>, \u00e9s a turisztikai ter\u00fcletek teljesen biztons\u00e1gosnak sz\u00e1m\u00edtanak. A k\u00fclf\u00f6ldiek elleni b\u0171n\u00f6z\u00e9s rendk\u00edv\u00fcl alacsony, a helyiek pedig \u00e9pp ellenkez\u0151leg, hihetetlen\u00fcl vend\u00e9gszeret\u0151k, seg\u00edt\u0151k\u00e9szek, \u00e9s sz\u00edvesen seg\u00edtenek.<\/p>\n\n\n\n<p class=\"wp-block-paragraph\">Ugyanakkor ez egy olyan orsz\u00e1g, amely k\u00f6zvetlen\u00fcl a viszonylag nyugtalan ter\u00fcletekkel hat\u00e1ros, \u00edgy a helyzet a hat\u00e1rokon t\u00fal id\u0151nk\u00e9nt v\u00e1ltozhat. Ez\u00e9rt mindig \u00e9rdemes ellen\u0151rizni a K\u00fcl\u00fcgyminiszt\u00e9rium aj\u00e1nl\u00e1sait, \u00e9s az \u00fat el\u0151tt megb\u00edzhat\u00f3 <a href=\"https:\/\/loudavymkrokem.cz\/jak-vybrat-cestovni-pojisteni-na-dovolenou\/\">\u00fatibiztos\u00edt\u00e1st<\/a> int\u00e9zni, amely biztons\u00e1gosan fedezi a rep\u00fcl\u0151jegy \u00e9s a sz\u00e1ll\u00e1s esetleges lemond\u00e1s\u00e1t is.<\/p>\n\n\n\n<h2 id=\"Kam_dal_dalsi_tipy_na_cesty_za_historii_a_pousti\" class=\"wp-block-heading\"><span class=\"ez-toc-section\" id=\"Hova_tovabb_tovabbi_tippek_tortenelmi_es_sivatagi_utakhoz\"><\/span>Hov\u00e1 tov\u00e1bb: tov\u00e1bbi tippek t\u00f6rt\u00e9nelmi \u00e9s sivatagi utakhoz<span class=\"ez-toc-section-end\"><\/span><\/h2>\n\n\n\n<p class=\"wp-block-paragraph\">Ha vonz az arab vil\u00e1g, a homokd\u0171n\u00e9k, vagy csak <strong>inspir\u00e1ci\u00f3t keresel a k\u00f6vetkez\u0151 meleg fel\u00e9 sz\u00f6k\u00e9sedhez<\/strong>, \u00f6ssze\u00e1ll\u00edtottunk n\u00e9h\u00e1ny tov\u00e1bbi hasznos \u00fatikalauzt.<\/p>\n\n\n\n<ul class=\"wp-block-list\">\n<li><a href=\"https:\/\/loudavymkrokem.cz\/hu\/szeptember-utazas-tippek-2\/\">Hov\u00e1 menj nyaralni szeptemberben<\/a><\/li>\n\n\n\n<li><a href=\"https:\/\/loudavymkrokem.cz\/hu\/egyiptom-nyaralas-tippek\/\">Hov\u00e1 menj nyaralni Egyiptomban<\/a><\/li>\n\n\n\n<li><a href=\"https:\/\/loudavymkrokem.cz\/hu\/oman-utazas-latnivalok\/\">Nyaral\u00e1s Om\u00e1nban<\/a><\/li>\n\n\n\n<li><a href=\"https:\/\/loudavymkrokem.cz\/hu\/olcso-repjegyek-tippek\/\">Hogyan tal\u00e1lj olcs\u00f3 rep\u00fcl\u0151jegyet<\/a><\/li>\n\n\n\n<li><a href=\"https:\/\/loudavymkrokem.cz\/jak-vybrat-cestovni-pojisteni-na-dovolenou\/\">\u00datibiztos\u00edt\u00e1s<\/a><\/li>\n<\/ul>\n\n\n\n<h2 id=\"Casto_kladene_otazky\" class=\"wp-block-heading\"><span class=\"ez-toc-section\" id=\"Gyakran_ismetelt_kerdesek\"><\/span>Gyakran ism\u00e9telt k\u00e9rd\u00e9sek<span class=\"ez-toc-section-end\"><\/span><\/h2>\n\n\n\n<p class=\"wp-block-paragraph\">Egy k\u00f6zel-keleti utaz\u00e1s tervez\u00e9se mindig egy halom gyakorlati k\u00e9rd\u00e9st \u00e9s szervez\u00e9si r\u00e9szletet hoz mag\u00e1val. Ez\u00e9rt \u00f6sszegy\u0171jt\u00f6tt\u00fck a <strong>v\u00e1laszokat a leggyakoribb dolgokra<\/strong>, amelyekkel az utaz\u00f3k a rep\u00fcl\u0151jegy v\u00e1s\u00e1rl\u00e1sa el\u0151tt a legt\u00f6bbet foglalkoznak.<\/p>\n\n\n<div id=\"rank-math-faq\" class=\"rank-math-block\">\n<div class=\"rank-math-list \">\n<div id=\"faq-question-1787758998000\" class=\"rank-math-list-item\">\n<h3 class=\"rank-math-question \"><span class=\"ez-toc-section\" id=\"Mikor_a_legjobb_Jordaniaba_utazni\"><\/span>Mikor a legjobb Jord\u00e1ni\u00e1ba utazni?<span class=\"ez-toc-section-end\"><\/span><\/h3>\n<div class=\"rank-math-answer \">\n\n<p>Az ide\u00e1lis id\u0151pont az orsz\u00e1g megl\u00e1togat\u00e1s\u00e1ra tavasszal m\u00e1rcius \u00e9s m\u00e1jus k\u00f6z\u00f6tt, valamint \u0151sszel szeptember \u00e9s november k\u00f6z\u00f6tt van. Ezekben a h\u00f3napokban kellemes h\u0151m\u00e9rs\u00e9kletek uralkodnak, amelyek lehet\u0151v\u00e9 teszik a hossz\u00fa s\u00e9t\u00e1kat a l\u00e1tnival\u00f3kn\u00e1l \u00e9s a k\u00e9nyelmes alv\u00e1st a sivatagi t\u00e1borokban. Ezzel szemben a ny\u00e1ri h\u00f3napokat a tapasztalt utaz\u00f3k ink\u00e1bb javasolj\u00e1k elker\u00fclni, mivel a h\u0151m\u00e9rs\u00e9kletek extr\u00e9m \u00e9rt\u00e9keket \u00e9rnek el. P\u00e9ld\u00e1ul j\u00faliusban Petr\u00e1ban \u00e1tlagosan 33,6 \u00b0C van, a Holt-tengern\u00e9l pedig ak\u00e1r 38,5 \u00b0C is, ami a felfedez\u00e9st igaz\u00e1n kimer\u00edt\u0151 v\u00e1llalkoz\u00e1ss\u00e1 teszi. A t\u00e9li h\u00f3napok viszont hideg \u00e9jszak\u00e1kat \u00e9s id\u0151szakos es\u0151ket hozhatnak.<\/p>\n\n<\/div>\n<\/div>\n<div id=\"faq-question-1787758998001\" class=\"rank-math-list-item\">\n<h3 class=\"rank-math-question \"><span class=\"ez-toc-section\" id=\"Megeri_a_Jordan_Pass\"><\/span>Meg\u00e9ri a Jordan Pass?<span class=\"ez-toc-section-end\"><\/span><\/h3>\n<div class=\"rank-math-answer \">\n\n<p>Ez a speci\u00e1lis turista k\u00e1rtya gyakorlatilag mindig meg\u00e9ri, ha Petr\u00e1ba utazol \u00e9s legal\u00e1bb 3 \u00e9jszak\u00e1t az orsz\u00e1gban t\u00f6ltesz. A f\u0151 el\u0151nye, hogy teljesen elengedik neked a turista v\u00edzumd\u00edjat, \u00e9s egyben tartalmazza a bel\u00e9p\u00e9st t\u00f6bb mint 40 l\u00e1tnival\u00f3hoz. Egyszer\u0171en online v\u00e1s\u00e1rolhat\u00f3 meg az \u00e9rkez\u00e9s el\u0151tt, majd el\u00e9g a telefonon felmutatni. Mivel m\u00e1r maga a sziklavarosba val\u00f3 bel\u00e9p\u0151 sem kev\u00e9s p\u00e9nzbe ker\u00fcl, ennek a dokumentumnak a megv\u00e1s\u00e1rl\u00e1s\u00e1val m\u00e1r a nyaral\u00e1s els\u0151 napjaiban megtakar\u00edtasz egy nagy r\u00e9szt a k\u00f6lts\u00e9gvet\u00e9sb\u0151l. Mindenk\u00e9ppen figyelj azonban az \u00e9jszak\u00e1k minim\u00e1lis sz\u00e1m\u00e1ra vonatkoz\u00f3 felt\u00e9telre.<\/p>\n\n<\/div>\n<\/div>\n<div id=\"faq-question-1787758998002\" class=\"rank-math-list-item\">\n<h3 class=\"rank-math-question \"><span class=\"ez-toc-section\" id=\"Hany_napra_van_szukseg_Jordaniaban\"><\/span>H\u00e1ny napra van sz\u00fcks\u00e9g Jord\u00e1ni\u00e1ban?<span class=\"ez-toc-section-end\"><\/span><\/h3>\n<div class=\"rank-math-answer \">\n\n<p>Az abszol\u00fat minimum a legfontosabb helyek gyors bej\u00e1r\u00e1s\u00e1ra 5 nap, de az ide\u00e1lis id\u0151 egy k\u00e9nyelmes nyaral\u00e1shoz ink\u00e1bb 7-10 nap k\u00f6z\u00f6tt mozog. Egy h\u00e9t alatt bej\u00e1rhatod Amm\u00e1nt, a Holt-tengert, Petr\u00e1t \u00e9s \u00e1talhatsz a W\u00e1d\u00ed Ramban nagy siets\u00e9g n\u00e9lk\u00fcl. Ha hozz\u00e1adsz m\u00e9g h\u00e1rom napot, megengedheted magadnak a pihen\u00e9st is a V\u00f6r\u00f6s-tengern\u00e9l Akab\u00e1ban vagy a kev\u00e9sb\u00e9 ismert keresztes lovagv\u00e1rak felfedez\u00e9s\u00e9t. Mag\u00e1ra Petr\u00e1ra sz\u00e1m\u00edts mindenk\u00e9ppen egy teljes nappal, de sokan dics\u00e9rik, hogy a ter\u00fclet alapos felfedez\u00e9s\u00e9hez sokkal jobb k\u00e9t nap.<\/p>\n\n<\/div>\n<\/div>\n<div id=\"faq-question-1787758998003\" class=\"rank-math-list-item\">\n<h3 class=\"rank-math-question \"><span class=\"ez-toc-section\" id=\"Mennyi_idore_van_szukseg_Petraban\"><\/span>Mennyi id\u0151re van sz\u00fcks\u00e9g Petr\u00e1ban?<span class=\"ez-toc-section-end\"><\/span><\/h3>\n<div class=\"rank-math-answer \">\n\n<p>Az alapvet\u0151 megtekint\u00e9shez sz\u00fcks\u00e9ged lesz legal\u00e1bb egy teljes napra, amely alatt k\u00e9nyelmesen v\u00e9gigj\u00e1rhatod a v\u00f6lgy f\u0151 \u00fatvonal\u00e1t \u00e9s megn\u00e9zheted a legismertebb s\u00edreml\u00e9keket. Ha azonban alaposabban szeretn\u00e9d felfedezni a ter\u00fcletet \u00e9s fel is akarsz gyalogolni a t\u00e1volabbi Ad-Deir kolostorhoz, aj\u00e1nlott k\u00e9t nap. Ne feledd, hogy a terep nagyon kiterjedt \u00e9s sokat kell hegynek felfel\u00e9 menni. \u00c1ltal\u00e1ban k\u00e9sz\u00fclj fel arra, hogy k\u00f6r\u00fclbel\u00fcl 12-15 km-t fogsz naponta gyalogolni k\u00f6zvetlen naps\u00fct\u00e9sben, \u00edgy sokkal jobb okosan felosztani a l\u00e1togat\u00e1st.<\/p>\n\n<\/div>\n<\/div>\n<div id=\"faq-question-1787758998004\" class=\"rank-math-list-item\">\n<h3 class=\"rank-math-question \"><span class=\"ez-toc-section\" id=\"Biztonsagos_Jordania-2\"><\/span>Biztons\u00e1gos Jord\u00e1nia?<span class=\"ez-toc-section-end\"><\/span><\/h3>\n<div class=\"rank-math-answer \">\n\n<p>Igen, a turisztikai ter\u00fcletek r\u00e9g\u00f3ta a legbiztons\u00e1gosabbak k\u00f6z\u00e9 tartoznak az eg\u00e9sz t\u00e9rs\u00e9gben. Az orsz\u00e1gnak stabil korm\u00e1nya van, \u00e9s a biztons\u00e1gi er\u0151k nagyon gondosan \u00fcgyelnek arra, hogy a k\u00fclf\u00f6ldieknek ne t\u00f6rt\u00e9njen baja. A turist\u00e1k ellen ir\u00e1nyul\u00f3 \u00e1ltal\u00e1nos b\u0171n\u00f6z\u00e9s itt teljesen minim\u00e1lis m\u00e9rt\u00e9kben fordul el\u0151, \u00e9s a helyiek h\u00edresek meleg vend\u00e9gszeretet\u00fckr\u0151l. Mindazon\u00e1ltal fontos nem elfelejteni, hogy az orsz\u00e1g nyugtalan ter\u00fcletek szomsz\u00e9ds\u00e1g\u00e1ban tal\u00e1lhat\u00f3. Minden utaz\u00e1s el\u0151tt ez\u00e9rt biztons\u00e1gi okokb\u00f3l k\u00f6vesd a K\u00fcl\u00fcgyminiszt\u00e9rium aktu\u00e1lis aj\u00e1nl\u00e1sait, hogy \u00e1ttekint\u00e9st kapj az esetleges helyi v\u00e1ltoz\u00e1sokr\u00f3l vagy figyelmeztet\u00e9sekr\u0151l.<\/p>\n\n<\/div>\n<\/div>\n<div id=\"faq-question-1787758998005\" class=\"rank-math-list-item\">\n<h3 class=\"rank-math-question \"><span class=\"ez-toc-section\" id=\"Lehet_furdeni_Jordaniaban\"><\/span>Lehet f\u00fcrdeni Jord\u00e1ni\u00e1ban?<span class=\"ez-toc-section-end\"><\/span><\/h3>\n<div class=\"rank-math-answer \">\n\n<p>A f\u00fcrd\u00e9s itt mindenk\u00e9ppen lehets\u00e9ges, de pontosan tudnod kell, hov\u00e1 menj. Klasszikus \u00fasz\u00e1st \u00e9s v\u00edzi sportokat Akab\u00e1ban \u00e9lvezhetsz a V\u00f6r\u00f6s-tengern\u00e9l, ahol eg\u00e9sz \u00e9vben lehet f\u00fcrdeni, \u00e9s a v\u00edz h\u0151m\u00e9rs\u00e9klete m\u00e9g t\u00e9len sem esik 21,4 \u00b0C al\u00e1. Ezzel szemben a h\u00edres Holt-tenger ink\u00e1bb egyedi \u00e9lm\u00e9ny, mint hagyom\u00e1nyos f\u00fcrd\u00e9s. A rendk\u00edv\u00fcl magas s\u00f3tartalom miatt egy\u00e1ltal\u00e1n nem lehet benne \u00faszni, a v\u00edz egyszer\u0171en megemel t\u00e9ged, \u00e9s csak k\u00e9nyelmesen himb\u00e1l\u00f3dsz a felsz\u00ednen. A v\u00edzbe r\u00e1ad\u00e1sul nagyon \u00f3vatosan kell bemenni, hogy ne fr\u00f6ccsenjen a szemedbe.<\/p>\n\n<\/div>\n<\/div>\n<div id=\"faq-question-1787758998006\" class=\"rank-math-list-item\">\n<h3 class=\"rank-math-question \"><span class=\"ez-toc-section\" id=\"Kell_vizum_Jordaniaba\"><\/span>Kell v\u00edzum Jord\u00e1ni\u00e1ba?<span class=\"ez-toc-section-end\"><\/span><\/h3>\n<div class=\"rank-math-answer \">\n\n<p>Igen, az orsz\u00e1gba val\u00f3 bel\u00e9p\u00e9shez turista v\u00edzum k\u00f6telez\u0151, de l\u00e9tezik egy nagyon egyszer\u0171 m\u00f3dszer, amellyel elker\u00fclheted a fizet\u00e9s\u00e9t. Ha el\u0151re online megv\u00e1s\u00e1rolod az eml\u00edtett Jordan Passt \u00e9s legal\u00e1bb 3 \u00e9jszak\u00e1t t\u00f6ltesz a kir\u00e1lys\u00e1gban, a v\u00edzumd\u00edjat automatikusan elengedik. A rep\u00fcl\u0151t\u00e9ren ekkor csak megmutatod a QR-k\u00f3dot \u00e9s b\u00e9lyegz\u0151t kapsz az \u00fatlev\u00e9lbe. Ha kevesebb \u00e9jszak\u00e1t aludn\u00e1l az orsz\u00e1gban, a v\u00edzumot a szok\u00e1sos m\u00f3don kellene kifizetned az \u00e9rkez\u00e9skor. Mindenesetre mindig ellen\u0151rizd a bel\u00e9p\u00e9s aktu\u00e1lis felt\u00e9teleit az utaz\u00e1s el\u0151tt, mivel a b\u00fcrokratikus szab\u00e1lyok id\u0151nk\u00e9nt v\u00e1ltoznak.<\/p>\n\n<\/div>\n<\/div>\n<div id=\"faq-question-1787758998007\" class=\"rank-math-list-item\">\n<h3 class=\"rank-math-question \"><span class=\"ez-toc-section\" id=\"Jol_laknak_a_vegetarianusok_Jordaniaban\"><\/span>J\u00f3l laknak a veget\u00e1ri\u00e1nusok Jord\u00e1ni\u00e1ban?<span class=\"ez-toc-section-end\"><\/span><\/h3>\n<div class=\"rank-math-answer \">\n\n<p>A legkisebb probl\u00e9ma n\u00e9lk\u00fcl, ez a desztin\u00e1ci\u00f3 rendk\u00edv\u00fcl bar\u00e1ts\u00e1gos a n\u00f6v\u00e9nyi \u00e9trenden \u00e9l\u0151k fel\u00e9, \u00e9s nagyon j\u00f3l f\u0151znek itt. A mezze nev\u0171 hagyom\u00e1nyos arab el\u0151\u00e9telek ugyanis nagy r\u00e9szben tiszt\u00e1n z\u00f6lds\u00e9gb\u0151l k\u00e9sz\u00fclnek. Sz\u00e1m\u00edthatsz kiv\u00e1l\u00f3 igazi hummuszra, ropog\u00f3s falafelre, padlizs\u00e1nos mutabbalra vagy friss\u00edt\u0151 fat\u00fas sal\u00e1t\u00e1ra. Mindehhez meleg manakish lep\u00e9nyt falatoznak f\u0171szerekkel. El\u00e9g a t\u00f6bb ilyen kis t\u00e1lacsk\u00e1b\u00f3l rendelni az \u00e9tteremben, \u00e9s hatalmas lakom\u00e1t kapsz. Sok utaz\u00f3 egyet\u00e9rt abban, hogy \u00e9ppen ezek a h\u00fas n\u00e9lk\u00fcli finoms\u00e1gok tartoznak az abszol\u00fat legjobbak k\u00f6z\u00e9.<\/p>\n\n<\/div>\n<\/div>\n<\/div>\n<\/div>","protected":false},"excerpt":{"rendered":"<p>Vonz az \u0151si eml\u00e9kekkel \u00e9s sivatagi sz\u00e9ps\u00e9gekkel teli, rendhagy\u00f3 jord\u00e1niai utaz\u00e1s? Tudj meg mindent a biztons\u00e1gr\u00f3l, a k\u00f6lts\u00e9gvet\u00e9sr\u0151l \u00e9s a legjobb \u00fatitervr\u0151l.<\/p>\n","protected":false},"author":3,"featured_media":400015,"comment_status":"open","ping_status":"open","sticky":false,"template":"","format":"standard","meta":{"_acf_changed":false,"footnotes":"","rank_math_title":"Jord\u00e1nia utaz\u00e1s: 20 tipp Petr\u00e1t\u00f3l a Wadi Rumig","rank_math_description":"Tervezed a jord\u00e1niai utaz\u00e1st? 20 tipp Petr\u00e1t\u00f3l a Wadi Rumig, id\u0151j\u00e1r\u00e1s h\u00f3napr\u00f3l h\u00f3napra, \u00fatiterv, \u00e1rak \u00e9s biztons\u00e1g. Olvasd el, \u00e9s indulj felk\u00e9sz\u00fclten!","rank_math_focus_keyword":"jord\u00e1nia utaz\u00e1s","rank_math_seo_score":""},"categories":[1801,1788],"tags":[],"class_list":["post-409130","post","type-post","status-publish","format-standard","has-post-thumbnail","category-azsia","category-utazas"],"acf":[],"featured_image_src":"https:\/\/loudavymkrokem.cz\/wp-content\/uploads\/2026\/08\/dovolena-jordansko-hero.jpg","author_info":{"display_name":"Lucie Kone\u010dn\u00e1","author_link":"https:\/\/loudavymkrokem.cz\/hu\/author\/lucie-konecna\/"},"_links":{"self":[{"href":"https:\/\/loudavymkrokem.cz\/hu\/wp-json\/wp\/v2\/posts\/409130","targetHints":{"allow":["GET"]}}],"collection":[{"href":"https:\/\/loudavymkrokem.cz\/hu\/wp-json\/wp\/v2\/posts"}],"about":[{"href":"https:\/\/loudavymkrokem.cz\/hu\/wp-json\/wp\/v2\/types\/post"}],"author":[{"embeddable":true,"href":"https:\/\/loudavymkrokem.cz\/hu\/wp-json\/wp\/v2\/users\/3"}],"replies":[{"embeddable":true,"href":"https:\/\/loudavymkrokem.cz\/hu\/wp-json\/wp\/v2\/comments?post=409130"}],"version-history":[{"count":2,"href":"https:\/\/loudavymkrokem.cz\/hu\/wp-json\/wp\/v2\/posts\/409130\/revisions"}],"predecessor-version":[{"id":409132,"href":"https:\/\/loudavymkrokem.cz\/hu\/wp-json\/wp\/v2\/posts\/409130\/revisions\/409132"}],"wp:featuredmedia":[{"embeddable":true,"href":"https:\/\/loudavymkrokem.cz\/hu\/wp-json\/wp\/v2\/media\/400015"}],"wp:attachment":[{"href":"https:\/\/loudavymkrokem.cz\/hu\/wp-json\/wp\/v2\/media?parent=409130"}],"wp:term":[{"taxonomy":"category","embeddable":true,"href":"https:\/\/loudavymkrokem.cz\/hu\/wp-json\/wp\/v2\/categories?post=409130"},{"taxonomy":"post_tag","embeddable":true,"href":"https:\/\/loudavymkrokem.cz\/hu\/wp-json\/wp\/v2\/tags?post=409130"}],"curies":[{"name":"wp","href":"https:\/\/api.w.org\/{rel}","templated":true}]}}