{"id":409127,"date":"2026-08-26T17:25:43","date_gmt":"2026-08-26T15:25:43","guid":{"rendered":"https:\/\/loudavymkrokem.cz\/ciprus-nyaralas-latnivalok\/"},"modified":"2026-08-31T07:53:00","modified_gmt":"2026-08-31T05:53:00","slug":"ciprus-nyaralas-latnivalok","status":"publish","type":"post","link":"https:\/\/loudavymkrokem.cz\/hu\/ciprus-nyaralas-latnivalok\/","title":{"rendered":"Ciprus nyaral\u00e1s: 24 tipp, mit \u00e9rdemes l\u00e1tni \u00e9s hova a tengerhez 2026-ban"},"content":{"rendered":"\n<!-- lk-tldr -->\n<div class=\"lk-tldr\" style=\"background:#f7f5f0;border-left:4px solid #c39f76;border-radius:0 10px 10px 0;padding:14px 18px;margin:0 0 26px;font-size:15px;line-height:1.65;\"><strong style=\"display:block;font-size:12px;text-transform:uppercase;letter-spacing:.06em;color:#a9885a;margin-bottom:5px;\">TL;DR<\/strong>Cipruson van <strong>Eur\u00f3pa leghosszabb f\u00fcrd\u0151szezonja<\/strong>: j\u00faniusban a tenger Ayia Nap\u00e1ban 25,7 \u00b0C, \u00e9s m\u00e9g novemberben is 24,5 \u00b0C. J\u00faliusban \u00e9s augusztusban 32 \u00b0C f\u00f6l\u00f6tt van, \u00e9s havonta mind\u00f6ssze 0,1 napon esik. <strong>Paphos<\/strong> az antikvit\u00e1s \u00e9s az UNESCO, <strong>Ayia Napa<\/strong> a strandok \u00e9s a bulik, <strong>Protaras<\/strong> a csal\u00e1di nyugalom, a <strong>Troodosz-hegys\u00e9g<\/strong> pedig 8\u201310 fokkal h\u0171v\u00f6sebb, t\u00e9len ott s\u00edelni is lehet. \u26a0\ufe0f A sziget megosztott, \u00e9szakra \u00e1t lehet menni a hivatalos \u00e1tkel\u0151k\u00f6n, de <strong>\u00fatlev\u00e9lre van sz\u00fcks\u00e9ged<\/strong>, b\u00e9relt aut\u00f3val pedig csak a k\u00f6lcs\u00f6nz\u0151 beleegyez\u00e9s\u00e9vel \u00e9s k\u00fcl\u00f6n biztos\u00edt\u00e1s megv\u00e1s\u00e1rl\u00e1s\u00e1val. Bal oldali k\u00f6zleked\u00e9s, eur\u00f3val fizetsz, a halloumi pedig \u00e9pp innen sz\u00e1rmazik.<\/div>\n<!-- \/lk-tldr -->\n\n\n\n<!-- lk-navbar -->\n<div class=\"lk-navbar\" style=\"margin:0 0 28px;\"><div style=\"font-size:12px;text-transform:uppercase;letter-spacing:.06em;color:#a9885a;font-weight:700;margin-bottom:9px;\">Gyors linkek<\/div><div style=\"display:flex;flex-wrap:wrap;gap:9px;\"><a href=\"#Kdy_jet_na_Kypr_pocasi_mesic_po_mesici\" style=\"background:#c39f76;color:#fff;border:1px solid #c39f76;font-weight:700;padding:9px 15px;border-radius:22px;font-size:14px;text-decoration:none;display:inline-block;line-height:1;\">\ud83c\udf21\ufe0f Mikor menj<\/a><a href=\"#Co_videt_na_Kypru_24_tipu_od_antickych_mozaik_po_hory\" style=\"background:#fff;color:#6b5a44;border:1px solid #e2d6c1;font-weight:600;padding:9px 15px;border-radius:22px;font-size:14px;text-decoration:none;display:inline-block;line-height:1;\">\ud83d\udccd 24 tipp<\/a><a href=\"#Kde_se_ubytovat_na_Kypru_ktera_oblast_sedne_komu\" style=\"background:#fff;color:#6b5a44;border:1px solid #e2d6c1;font-weight:600;padding:9px 15px;border-radius:22px;font-size:14px;text-decoration:none;display:inline-block;line-height:1;\">\ud83c\udfe8 Hol sz\u00e1llj meg<\/a><a href=\"#Co_jist_na_Kypru_raj_pro_vegetariany\" style=\"background:#fff;color:#6b5a44;border:1px solid #e2d6c1;font-weight:600;padding:9px 15px;border-radius:22px;font-size:14px;text-decoration:none;display:inline-block;line-height:1;\">\ud83c\udf7d\ufe0f Mit egy\u00e9l<\/a><a href=\"#Doprava_po_Kypru_auto_autobusy_a_prechod_na_sever\" style=\"background:#fff;color:#6b5a44;border:1px solid #e2d6c1;font-weight:600;padding:9px 15px;border-radius:22px;font-size:14px;text-decoration:none;display:inline-block;line-height:1;\">\ud83d\ude97 K\u00f6zleked\u00e9s<\/a><a href=\"#Kolik_stoji_dovolena_na_Kypru\" style=\"background:#fff;color:#6b5a44;border:1px solid #e2d6c1;font-weight:600;padding:9px 15px;border-radius:22px;font-size:14px;text-decoration:none;display:inline-block;line-height:1;\">\ud83d\udcb0 \u00c1rak<\/a><a href=\"#Casto_kladene_otazky\" style=\"background:#fff;color:#6b5a44;border:1px solid #e2d6c1;font-weight:600;padding:9px 15px;border-radius:22px;font-size:14px;text-decoration:none;display:inline-block;line-height:1;\">\u2753 GYIK<\/a><\/div><\/div>\n<!-- \/lk-navbar -->\n\n\n\n<p class=\"wp-block-paragraph\">Tudtad, hogy ennek a mediterr\u00e1n szigetnek van a leghosszabb f\u00fcrd\u0151szezonja eg\u00e9sz Eur\u00f3p\u00e1ban, \u00edgy m\u00e1r m\u00e1jusban belemer\u00fclhetsz a hull\u00e1mokba, \u00e9s m\u00e9g novemberben is hihetetlen 23 \u00b0C-os a tenger? Ez a ny\u00e1ri paradicsom ugyanakkor a m\u00e9ly kontrasztok helye is, hiszen a mai napig sz\u00f6gesdr\u00f3t fut \u00e1t rajta, \u00e9s <strong>jelenleg Eur\u00f3pa utols\u00f3 megosztott f\u0151v\u00e1ros\u00e1t<\/strong> rejti. A strandol\u00e1s itt teljesen term\u00e9szetesen keveredik a bonyolult k\u00f6zelm\u00falt felfedez\u00e9s\u00e9vel, ami a <strong>Ciprus<\/strong> nev\u0171 c\u00e9lpontot minden k\u00edv\u00e1ncsi utaz\u00f3 sz\u00e1m\u00e1ra leny\u0171g\u00f6z\u0151v\u00e9 teszi.<\/p>\n\n\n\n<p class=\"wp-block-paragraph\">Ha \u00e9pp most cs\u00e1b\u00edt egy <strong>ciprusi nyaral\u00e1s<\/strong>, biztosan nem fogod megb\u00e1nni, mert ez a hely megb\u00edzhat\u00f3an kiel\u00e9g\u00edti a m\u0171eml\u00e9kek, a hegyi t\u00far\u00e1k \u00e9s a v\u00e9gtelen strandol\u00e1s szerelmeseit is. Amikor az \u00fatitervet tervezed \u00e9s ut\u00e1nan\u00e9zel, mit \u00e9rdemes l\u00e1tni Cipruson, tal\u00e1n kicsit meglep majd a sziget m\u00e9rete, mert egyik v\u00e9g\u00e9b\u0151l a m\u00e1sikba eljutni ak\u00e1r t\u00f6bb \u00f3r\u00e1t is ig\u00e9nybe vehet. Az utaz\u00f3k gyakran k\u00e9rdezik, hogyan is m\u0171k\u00f6dik az az \u00e9szaki \u00e9s d\u00e9li r\u00e9sz k\u00f6z\u00f6tti hat\u00e1r, \u00e9pp ez\u00e9rt d\u00f6nt\u00f6ttem \u00fagy, hogy \u00f6ssze\u00e1ll\u00edtok egy teljes \u00fatikalauzt, amely minden gyakorlati k\u00e9rd\u00e9sedre v\u00e1laszt ad.<\/p>\n\n\n\n<p class=\"wp-block-paragraph\">Ebben a cikkben egyb\u0151l <strong>24 konkr\u00e9t tipp<\/strong> v\u00e1r r\u00e1d, hov\u00e1 menj \u00e9s mit ne hagyj ki. Elk\u00e9sz\u00edtettem neked <strong>r\u00e9szletes, h\u00f3napr\u00f3l h\u00f3napra bontott id\u0151j\u00e1r\u00e1si t\u00e1bl\u00e1zatokat<\/strong>, amelyek val\u00f3s, t\u00edz\u00e9ves adatokon alapulnak, \u00e9s r\u00e9szletesen megn\u00e9zz\u00fck a sziget d\u00e9li \u00e9s \u00e9szaki r\u00e9sz\u00e9t is. Megtudod azt is, hol a legjobb megsz\u00e1llni, hogy Budapestr\u0151l k\u00f6zvetlen j\u00e1ratok indulnak Larnak\u00e1ra \u00e9s Paphosba nagyj\u00e1b\u00f3l 3 \u00f3ra 20 perces rep\u00fcl\u00e9si id\u0151vel, \u00e9s hogyan m\u0171k\u00f6dik a helyi k\u00f6zleked\u00e9s. A Ciprusi K\u00f6zt\u00e1rsas\u00e1g az EU teljes jog\u00fa tagja, \u00e9s eur\u00f3val fizetnek benne (1 \u20ac \u2248 400 Ft), \u00edgy pontos k\u00e9pet kapsz arr\u00f3l, milyen \u00e1rakkal kell sz\u00e1molnod, \u00e9s hol tal\u00e1lod a legjobb \u00e9teleket a veget\u00e1ri\u00e1nusok sz\u00e1m\u00e1ra. \u263a\ufe0f<\/p>\n\n\n\n<figure data-wp-context=\"{&quot;imageId&quot;:&quot;6a9944f5065a0&quot;}\" data-wp-interactive=\"core\/image\" data-wp-key=\"6a9944f5065a0\" class=\"wp-block-image size-full wp-lightbox-container\"><img decoding=\"async\" width=\"1500\" height=\"1124\" data-wp-class--hide=\"state.isContentHidden\" data-wp-class--show=\"state.isContentVisible\" data-wp-init=\"callbacks.setButtonStyles\" data-wp-on--click=\"actions.showLightbox\" data-wp-on--load=\"callbacks.setButtonStyles\" data-wp-on--pointerdown=\"actions.preloadImage\" data-wp-on--pointerenter=\"actions.preloadImageWithDelay\" data-wp-on--pointerleave=\"actions.cancelPreload\" data-wp-on-window--resize=\"callbacks.setButtonStyles\" src=\"https:\/\/loudavymkrokem.cz\/wp-content\/uploads\/2026\/08\/dovolena-kypr-uvod.jpg\" alt=\"T\u00fcrkizk\u00e9k tenger Ayia Nap\u00e1n\u00e1l\" class=\"wp-image-399836\" title=\"\" srcset=\"https:\/\/loudavymkrokem.cz\/wp-content\/uploads\/2026\/08\/dovolena-kypr-uvod.jpg 1500w, https:\/\/loudavymkrokem.cz\/wp-content\/uploads\/2026\/08\/dovolena-kypr-uvod-300x225.jpg 300w, https:\/\/loudavymkrokem.cz\/wp-content\/uploads\/2026\/08\/dovolena-kypr-uvod-700x525.jpg 700w, https:\/\/loudavymkrokem.cz\/wp-content\/uploads\/2026\/08\/dovolena-kypr-uvod-768x575.jpg 768w, https:\/\/loudavymkrokem.cz\/wp-content\/uploads\/2026\/08\/dovolena-kypr-uvod-80x60.jpg 80w, https:\/\/loudavymkrokem.cz\/wp-content\/uploads\/2026\/08\/dovolena-kypr-uvod-160x120.jpg 160w, https:\/\/loudavymkrokem.cz\/wp-content\/uploads\/2026\/08\/dovolena-kypr-uvod-696x522.jpg 696w, https:\/\/loudavymkrokem.cz\/wp-content\/uploads\/2026\/08\/dovolena-kypr-uvod-1392x1043.jpg 1392w\" sizes=\"(max-width: 1500px) 100vw, 1500px\" \/><button\n\t\t\tclass=\"lightbox-trigger\"\n\t\t\ttype=\"button\"\n\t\t\taria-haspopup=\"dialog\"\n\t\t\tdata-wp-bind--aria-label=\"state.thisImage.triggerButtonAriaLabel\"\n\t\t\tdata-wp-init=\"callbacks.initTriggerButton\"\n\t\t\tdata-wp-on--click=\"actions.showLightbox\"\n\t\t\tdata-wp-style--right=\"state.thisImage.buttonRight\"\n\t\t\tdata-wp-style--top=\"state.thisImage.buttonTop\"\n\t\t>\n\t\t\t<svg xmlns=\"http:\/\/www.w3.org\/2000\/svg\" width=\"12\" height=\"12\" fill=\"none\" viewBox=\"0 0 12 12\">\n\t\t\t\t<path fill=\"#fff\" d=\"M2 0a2 2 0 0 0-2 2v2h1.5V2a.5.5 0 0 1 .5-.5h2V0H2Zm2 10.5H2a.5.5 0 0 1-.5-.5V8H0v2a2 2 0 0 0 2 2h2v-1.5ZM8 12v-1.5h2a.5.5 0 0 0 .5-.5V8H12v2a2 2 0 0 1-2 2H8Zm2-12a2 2 0 0 1 2 2v2h-1.5V2a.5.5 0 0 0-.5-.5H8V0h2Z\" \/>\n\t\t\t<\/svg>\n\t\t<\/button><figcaption class=\"wp-element-caption\">T\u00fcrkizk\u00e9k tenger Ayia Nap\u00e1n\u00e1l (Fot\u00f3: Gerda Arendt \/ Wikimedia Commons, CC0)<\/figcaption><\/figure>\n\n\n\n<div id=\"ez-toc-container\" class=\"ez-toc-v2_0_87 ez-toc-wrap-left counter-hierarchy ez-toc-counter ez-toc-grey ez-toc-container-direction\">\n<div class=\"ez-toc-title-container\">\n<p class=\"ez-toc-title\" style=\"cursor:inherit\">A cikk tartalma<\/p>\n<span class=\"ez-toc-title-toggle\"><a href=\"#\" class=\"ez-toc-pull-right ez-toc-btn ez-toc-btn-xs ez-toc-btn-default ez-toc-toggle\" aria-label=\"Toggle Table of Content\"><span class=\"ez-toc-js-icon-con\"><span class=\"\"><span class=\"eztoc-hide\" style=\"display:none;\">Toggle<\/span><span class=\"ez-toc-icon-toggle-span\"><svg style=\"fill: #999;color:#999\" xmlns=\"http:\/\/www.w3.org\/2000\/svg\" class=\"list-377408\" width=\"20px\" height=\"20px\" viewBox=\"0 0 24 24\" fill=\"none\"><path d=\"M6 6H4v2h2V6zm14 0H8v2h12V6zM4 11h2v2H4v-2zm16 0H8v2h12v-2zM4 16h2v2H4v-2zm16 0H8v2h12v-2z\" fill=\"currentColor\"><\/path><\/svg><svg style=\"fill: #999;color:#999\" class=\"arrow-unsorted-368013\" xmlns=\"http:\/\/www.w3.org\/2000\/svg\" width=\"10px\" height=\"10px\" viewBox=\"0 0 24 24\" version=\"1.2\" baseProfile=\"tiny\"><path d=\"M18.2 9.3l-6.2-6.3-6.2 6.3c-.2.2-.3.4-.3.7s.1.5.3.7c.2.2.4.3.7.3h11c.3 0 .5-.1.7-.3.2-.2.3-.5.3-.7s-.1-.5-.3-.7zM5.8 14.7l6.2 6.3 6.2-6.3c.2-.2.3-.5.3-.7s-.1-.5-.3-.7c-.2-.2-.4-.3-.7-.3h-11c-.3 0-.5.1-.7.3-.2.2-.3.5-.3.7s.1.5.3.7z\"\/><\/svg><\/span><\/span><\/span><\/a><\/span><\/div>\n<nav><ul class='ez-toc-list ez-toc-list-level-1 ' ><li class='ez-toc-page-1 ez-toc-heading-level-2'><a class=\"ez-toc-link ez-toc-heading-1\" href=\"https:\/\/loudavymkrokem.cz\/hu\/ciprus-nyaralas-latnivalok\/#Osszefoglalas\" >\u00d6sszefoglal\u00e1s<\/a><\/li><li class='ez-toc-page-1 ez-toc-heading-level-2'><a class=\"ez-toc-link ez-toc-heading-2\" href=\"https:\/\/loudavymkrokem.cz\/hu\/ciprus-nyaralas-latnivalok\/#Miert_menj_Ciprusra_es_kinek_nem_valo\" >Mi\u00e9rt menj Ciprusra (\u00e9s kinek nem val\u00f3)<\/a><ul class='ez-toc-list-level-3' ><li class='ez-toc-heading-level-3'><a class=\"ez-toc-link ez-toc-heading-3\" href=\"https:\/\/loudavymkrokem.cz\/hu\/ciprus-nyaralas-latnivalok\/#6_ok_amiert_Ciprus_megeri_az_utazast\" >6 ok, ami\u00e9rt Ciprus meg\u00e9ri az utaz\u00e1st<\/a><\/li><li class='ez-toc-page-1 ez-toc-heading-level-3'><a class=\"ez-toc-link ez-toc-heading-4\" href=\"https:\/\/loudavymkrokem.cz\/hu\/ciprus-nyaralas-latnivalok\/#Kinek_nem_valo_Ciprus\" >Kinek nem val\u00f3 Ciprus<\/a><\/li><\/ul><\/li><li class='ez-toc-page-1 ez-toc-heading-level-2'><a class=\"ez-toc-link ez-toc-heading-5\" href=\"https:\/\/loudavymkrokem.cz\/hu\/ciprus-nyaralas-latnivalok\/#Mikor_menj_Ciprusra_az_idojaras_honaprol_honapra\" >Mikor menj Ciprusra: az id\u0151j\u00e1r\u00e1s h\u00f3napr\u00f3l h\u00f3napra<\/a><ul class='ez-toc-list-level-3' ><li class='ez-toc-heading-level-3'><a class=\"ez-toc-link ez-toc-heading-6\" href=\"https:\/\/loudavymkrokem.cz\/hu\/ciprus-nyaralas-latnivalok\/#Paphos_a_sziget_nyugati_resze_valamivel_enyhebb\" >Paphos: a sziget nyugati r\u00e9sze valamivel enyh\u00e9bb<\/a><\/li><li class='ez-toc-page-1 ez-toc-heading-level-3'><a class=\"ez-toc-link ez-toc-heading-7\" href=\"https:\/\/loudavymkrokem.cz\/hu\/ciprus-nyaralas-latnivalok\/#Troodosz-hegyseg_egy_teljesen_mas_sziget\" >Troodosz-hegys\u00e9g: egy teljesen m\u00e1s sziget<\/a><\/li><li class='ez-toc-page-1 ez-toc-heading-level-3'><a class=\"ez-toc-link ez-toc-heading-8\" href=\"https:\/\/loudavymkrokem.cz\/hu\/ciprus-nyaralas-latnivalok\/#A_legjobb_honapok_a_nyaralas_tipusa_szerint\" >A legjobb h\u00f3napok a nyaral\u00e1s t\u00edpusa szerint<\/a><\/li><\/ul><\/li><li class='ez-toc-page-1 ez-toc-heading-level-2'><a class=\"ez-toc-link ez-toc-heading-9\" href=\"https:\/\/loudavymkrokem.cz\/hu\/ciprus-nyaralas-latnivalok\/#Mit_erdemes_latni_Cipruson_24_tipp_az_antik_mozaikoktol_a_hegyekig\" >Mit \u00e9rdemes l\u00e1tni Cipruson: 24 tipp az antik mozaikokt\u00f3l a hegyekig<\/a><ul class='ez-toc-list-level-3' ><li class='ez-toc-heading-level-3'><a class=\"ez-toc-link ez-toc-heading-10\" href=\"https:\/\/loudavymkrokem.cz\/hu\/ciprus-nyaralas-latnivalok\/#1_A_paphosi_regeszeti_park_mozaikok_amelyekert_az_emberek_ide_jarnak\" >1. A paphosi r\u00e9g\u00e9szeti park: mozaikok, amelyek\u00e9rt az emberek ide j\u00e1rnak<\/a><\/li><li class='ez-toc-page-1 ez-toc-heading-level-3'><a class=\"ez-toc-link ez-toc-heading-11\" href=\"https:\/\/loudavymkrokem.cz\/hu\/ciprus-nyaralas-latnivalok\/#2_Kiralysirok_Tombs_of_the_Kings\" >2. Kir\u00e1lys\u00edrok (Tombs of the Kings)<\/a><\/li><li class='ez-toc-page-1 ez-toc-heading-level-3'><a class=\"ez-toc-link ez-toc-heading-12\" href=\"https:\/\/loudavymkrokem.cz\/hu\/ciprus-nyaralas-latnivalok\/#3_Petra_tou_Romiou_a_szikla_ahol_a_mitosz_szerint_Aphrodite_szuletett\" >3. Petra tou Romiou: a szikla, ahol a m\u00edtosz szerint Aphrodit\u00e9 sz\u00fcletett<\/a><\/li><li class='ez-toc-page-1 ez-toc-heading-level-3'><a class=\"ez-toc-link ez-toc-heading-13\" href=\"https:\/\/loudavymkrokem.cz\/hu\/ciprus-nyaralas-latnivalok\/#4_Az_Akamasz-felsziget_es_a_Kek_laguna\" >4. Az Akamasz-f\u00e9lsziget \u00e9s a K\u00e9k lag\u00fana<\/a><\/li><li class='ez-toc-page-1 ez-toc-heading-level-3'><a class=\"ez-toc-link ez-toc-heading-14\" href=\"https:\/\/loudavymkrokem.cz\/hu\/ciprus-nyaralas-latnivalok\/#5_Az_Avakas-szurdok\" >5. Az Avakas-szurdok<\/a><\/li><li class='ez-toc-page-1 ez-toc-heading-level-3'><a class=\"ez-toc-link ez-toc-heading-15\" href=\"https:\/\/loudavymkrokem.cz\/hu\/ciprus-nyaralas-latnivalok\/#6_Lara_Bay_es_a_tengeri_teknosok\" >6. Lara Bay \u00e9s a tengeri tekn\u0151s\u00f6k<\/a><\/li><li class='ez-toc-page-1 ez-toc-heading-level-3'><a class=\"ez-toc-link ez-toc-heading-16\" href=\"https:\/\/loudavymkrokem.cz\/hu\/ciprus-nyaralas-latnivalok\/#7_A_Peyia_melletti_tengeri_barlangok_es_a_Coral_Bay\" >7. A Peyia melletti tengeri barlangok \u00e9s a Coral Bay<\/a><\/li><li class='ez-toc-page-1 ez-toc-heading-level-3'><a class=\"ez-toc-link ez-toc-heading-17\" href=\"https:\/\/loudavymkrokem.cz\/hu\/ciprus-nyaralas-latnivalok\/#8_Limassol_tengerparti_setany_var_es_a_del_legpezsgobb_varosa\" >8. Limassol: tengerparti s\u00e9t\u00e1ny, v\u00e1r \u00e9s a d\u00e9l legpezsg\u0151bb v\u00e1rosa<\/a><\/li><li class='ez-toc-page-1 ez-toc-heading-level-3'><a class=\"ez-toc-link ez-toc-heading-18\" href=\"https:\/\/loudavymkrokem.cz\/hu\/ciprus-nyaralas-latnivalok\/#9_Kourion_antik_szinhaz_a_tenger_felett\" >9. Kourion: antik sz\u00ednh\u00e1z a tenger felett<\/a><\/li><li class='ez-toc-page-1 ez-toc-heading-level-3'><a class=\"ez-toc-link ez-toc-heading-19\" href=\"https:\/\/loudavymkrokem.cz\/hu\/ciprus-nyaralas-latnivalok\/#10_A_Kolossi-var\" >10. A Kolossi-v\u00e1r<\/a><\/li><li class='ez-toc-page-1 ez-toc-heading-level-3'><a class=\"ez-toc-link ez-toc-heading-20\" href=\"https:\/\/loudavymkrokem.cz\/hu\/ciprus-nyaralas-latnivalok\/#11_A_Cape_Greco-fok_es_a_Kamara_tou_Koraka\" >11. A Cape Greco-fok \u00e9s a Kamara tou Koraka<\/a><\/li><li class='ez-toc-page-1 ez-toc-heading-level-3'><a class=\"ez-toc-link ez-toc-heading-21\" href=\"https:\/\/loudavymkrokem.cz\/hu\/ciprus-nyaralas-latnivalok\/#12_Larnaka_a_Sos-to_es_a_flamingok\" >12. Larnaka: a S\u00f3s-t\u00f3 \u00e9s a flaming\u00f3k<\/a><\/li><li class='ez-toc-page-1 ez-toc-heading-level-3'><a class=\"ez-toc-link ez-toc-heading-22\" href=\"https:\/\/loudavymkrokem.cz\/hu\/ciprus-nyaralas-latnivalok\/#13_Nissi_Beach_Ciprus_leghiresebb_strandja\" >13. Nissi Beach: Ciprus legh\u00edresebb strandja<\/a><\/li><li class='ez-toc-page-1 ez-toc-heading-level-3'><a class=\"ez-toc-link ez-toc-heading-23\" href=\"https:\/\/loudavymkrokem.cz\/hu\/ciprus-nyaralas-latnivalok\/#14_Ayia_Napa_bulik_de_kolostor_es_tengeri_barlangok_is\" >14. Ayia Napa: bulik, de kolostor \u00e9s tengeri barlangok is<\/a><\/li><li class='ez-toc-page-1 ez-toc-heading-level-3'><a class=\"ez-toc-link ez-toc-heading-24\" href=\"https:\/\/loudavymkrokem.cz\/hu\/ciprus-nyaralas-latnivalok\/#15_Protaras_es_a_Fig_Tree_Bay\" >15. Protaras \u00e9s a Fig Tree Bay<\/a><\/li><li class='ez-toc-page-1 ez-toc-heading-level-3'><a class=\"ez-toc-link ez-toc-heading-25\" href=\"https:\/\/loudavymkrokem.cz\/hu\/ciprus-nyaralas-latnivalok\/#16_Ayia_Napa_Sculpture_Park_es_a_Cape_Greco_osvenyek\" >16. Ayia Napa Sculpture Park \u00e9s a Cape Greco \u00f6sv\u00e9nyek<\/a><\/li><li class='ez-toc-page-1 ez-toc-heading-level-3'><a class=\"ez-toc-link ez-toc-heading-26\" href=\"https:\/\/loudavymkrokem.cz\/hu\/ciprus-nyaralas-latnivalok\/#17_A_WaterWorld_vizipark_Ayia_Napaban\" >17. A WaterWorld v\u00edzipark Ayia Nap\u00e1ban<\/a><\/li><li class='ez-toc-page-1 ez-toc-heading-level-3'><a class=\"ez-toc-link ez-toc-heading-27\" href=\"https:\/\/loudavymkrokem.cz\/hu\/ciprus-nyaralas-latnivalok\/#18_Troodoszi_falvak_Omodos_Lefkara_es_Kakopetria\" >18. Troodoszi falvak: Omodos, Lefkara \u00e9s Kakopetria<\/a><\/li><li class='ez-toc-page-1 ez-toc-heading-level-3'><a class=\"ez-toc-link ez-toc-heading-28\" href=\"https:\/\/loudavymkrokem.cz\/hu\/ciprus-nyaralas-latnivalok\/#19_Bizanci_templomok_az_UNESCO_listajan\" >19. Biz\u00e1nci templomok az UNESCO list\u00e1j\u00e1n<\/a><\/li><li class='ez-toc-page-1 ez-toc-heading-level-3'><a class=\"ez-toc-link ez-toc-heading-29\" href=\"https:\/\/loudavymkrokem.cz\/hu\/ciprus-nyaralas-latnivalok\/#20_A_Kalidonia-vizeses_es_a_Mount_Olympus\" >20. A Kalidonia-v\u00edzes\u00e9s \u00e9s a Mount Olympus<\/a><\/li><li class='ez-toc-page-1 ez-toc-heading-level-3'><a class=\"ez-toc-link ez-toc-heading-30\" href=\"https:\/\/loudavymkrokem.cz\/hu\/ciprus-nyaralas-latnivalok\/#21_Ciprusi_boraszatok_es_borutak\" >21. Ciprusi bor\u00e1szatok \u00e9s borutak<\/a><\/li><li class='ez-toc-page-1 ez-toc-heading-level-3'><a class=\"ez-toc-link ez-toc-heading-31\" href=\"https:\/\/loudavymkrokem.cz\/hu\/ciprus-nyaralas-latnivalok\/#22_Nicosia_Europa_utolso_megosztott_fovarosa\" >22. Nicosia: Eur\u00f3pa utols\u00f3 megosztott f\u0151v\u00e1rosa<\/a><\/li><li class='ez-toc-page-1 ez-toc-heading-level-3'><a class=\"ez-toc-link ez-toc-heading-32\" href=\"https:\/\/loudavymkrokem.cz\/hu\/ciprus-nyaralas-latnivalok\/#23_Kyrenia_Girne_es_a_kikoto_feletti_var\" >23. Kyrenia (Girne) \u00e9s a kik\u00f6t\u0151 feletti v\u00e1r<\/a><\/li><li class='ez-toc-page-1 ez-toc-heading-level-3'><a class=\"ez-toc-link ez-toc-heading-33\" href=\"https:\/\/loudavymkrokem.cz\/hu\/ciprus-nyaralas-latnivalok\/#24_Famagusta_es_a_kisertetjarta_Varosha\" >24. Famagusta \u00e9s a k\u00eds\u00e9rtetj\u00e1rta Varosha<\/a><\/li><\/ul><\/li><li class='ez-toc-page-1 ez-toc-heading-level-2'><a class=\"ez-toc-link ez-toc-heading-34\" href=\"https:\/\/loudavymkrokem.cz\/hu\/ciprus-nyaralas-latnivalok\/#Hol_szallj_meg_Cipruson_melyik_terulet_kinek_valo\" >Hol sz\u00e1llj meg Cipruson: melyik ter\u00fclet kinek val\u00f3<\/a><ul class='ez-toc-list-level-3' ><li class='ez-toc-heading-level-3'><a class=\"ez-toc-link ez-toc-heading-35\" href=\"https:\/\/loudavymkrokem.cz\/hu\/ciprus-nyaralas-latnivalok\/#A_teruletek_attekintese\" >A ter\u00fcletek \u00e1ttekint\u00e9se<\/a><\/li><li class='ez-toc-page-1 ez-toc-heading-level-3'><a class=\"ez-toc-link ez-toc-heading-36\" href=\"https:\/\/loudavymkrokem.cz\/hu\/ciprus-nyaralas-latnivalok\/#Konkret_szallastippek\" >Konkr\u00e9t sz\u00e1ll\u00e1stippek<\/a><\/li><\/ul><\/li><li class='ez-toc-page-1 ez-toc-heading-level-2'><a class=\"ez-toc-link ez-toc-heading-37\" href=\"https:\/\/loudavymkrokem.cz\/hu\/ciprus-nyaralas-latnivalok\/#Mit_egyel_Cipruson_paradicsom_a_vegetarianusoknak\" >Mit egy\u00e9l Cipruson: paradicsom a veget\u00e1ri\u00e1nusoknak<\/a><\/li><li class='ez-toc-page-1 ez-toc-heading-level-2'><a class=\"ez-toc-link ez-toc-heading-38\" href=\"https:\/\/loudavymkrokem.cz\/hu\/ciprus-nyaralas-latnivalok\/#Kozlekedes_Cipruson_auto_buszok_es_az_atkeles_eszakra\" >K\u00f6zleked\u00e9s Cipruson: aut\u00f3, buszok \u00e9s az \u00e1tkel\u00e9s \u00e9szakra<\/a><ul class='ez-toc-list-level-3' ><li class='ez-toc-heading-level-3'><a class=\"ez-toc-link ez-toc-heading-39\" href=\"https:\/\/loudavymkrokem.cz\/hu\/ciprus-nyaralas-latnivalok\/#Bal_oldalon_kozlekednek\" >Bal oldalon k\u00f6zlekednek<\/a><\/li><li class='ez-toc-page-1 ez-toc-heading-level-3'><a class=\"ez-toc-link ez-toc-heading-40\" href=\"https:\/\/loudavymkrokem.cz\/hu\/ciprus-nyaralas-latnivalok\/#Buszok_kontra_berelt_auto\" >Buszok kontra b\u00e9relt aut\u00f3<\/a><\/li><li class='ez-toc-page-1 ez-toc-heading-level-3'><a class=\"ez-toc-link ez-toc-heading-41\" href=\"https:\/\/loudavymkrokem.cz\/hu\/ciprus-nyaralas-latnivalok\/#Hogyan_lepd_at_a_Zold_vonalat_eszakra\" >Hogyan l\u00e9pd \u00e1t a Z\u00f6ld vonalat \u00e9szakra<\/a><\/li><\/ul><\/li><li class='ez-toc-page-1 ez-toc-heading-level-2'><a class=\"ez-toc-link ez-toc-heading-42\" href=\"https:\/\/loudavymkrokem.cz\/hu\/ciprus-nyaralas-latnivalok\/#Mennyibe_kerul_egy_ciprusi_nyaralas\" >Mennyibe ker\u00fcl egy ciprusi nyaral\u00e1s<\/a><\/li><li class='ez-toc-page-1 ez-toc-heading-level-2'><a class=\"ez-toc-link ez-toc-heading-43\" href=\"https:\/\/loudavymkrokem.cz\/hu\/ciprus-nyaralas-latnivalok\/#Mire_figyelj_Cipruson\" >Mire figyelj Cipruson<\/a><\/li><li class='ez-toc-page-1 ez-toc-heading-level-2'><a class=\"ez-toc-link ez-toc-heading-44\" href=\"https:\/\/loudavymkrokem.cz\/hu\/ciprus-nyaralas-latnivalok\/#Ciprus_gyerekekkel\" >Ciprus gyerekekkel<\/a><\/li><li class='ez-toc-page-1 ez-toc-heading-level-2'><a class=\"ez-toc-link ez-toc-heading-45\" href=\"https:\/\/loudavymkrokem.cz\/hu\/ciprus-nyaralas-latnivalok\/#Hova_tovabb_tovabbi_tippek_a_tengerparti_nyaralashoz\" >Hova tov\u00e1bb: tov\u00e1bbi tippek a tengerparti nyaral\u00e1shoz<\/a><\/li><li class='ez-toc-page-1 ez-toc-heading-level-2'><a class=\"ez-toc-link ez-toc-heading-46\" href=\"https:\/\/loudavymkrokem.cz\/hu\/ciprus-nyaralas-latnivalok\/#Gyakran_ismetelt_kerdesek\" >Gyakran ism\u00e9telt k\u00e9rd\u00e9sek<\/a><ul class='ez-toc-list-level-3' ><li class='ez-toc-heading-level-3'><a class=\"ez-toc-link ez-toc-heading-47\" href=\"https:\/\/loudavymkrokem.cz\/hu\/ciprus-nyaralas-latnivalok\/#Mikor_a_legjobb_Ciprusra_utazni\" >Mikor a legjobb Ciprusra utazni?<\/a><\/li><li class='ez-toc-page-1 ez-toc-heading-level-3'><a class=\"ez-toc-link ez-toc-heading-48\" href=\"https:\/\/loudavymkrokem.cz\/hu\/ciprus-nyaralas-latnivalok\/#Mennyi_idore_van_szukseged_Cipruson\" >Mennyi id\u0151re van sz\u00fcks\u00e9ged Cipruson?<\/a><\/li><li class='ez-toc-page-1 ez-toc-heading-level-3'><a class=\"ez-toc-link ez-toc-heading-49\" href=\"https:\/\/loudavymkrokem.cz\/hu\/ciprus-nyaralas-latnivalok\/#Lehet-e_Cipruson_furdozni_oktoberben_es_novemberben\" >Lehet-e Cipruson f\u00fcrd\u0151zni okt\u00f3berben \u00e9s novemberben?<\/a><\/li><li class='ez-toc-page-1 ez-toc-heading-level-3'><a class=\"ez-toc-link ez-toc-heading-50\" href=\"https:\/\/loudavymkrokem.cz\/hu\/ciprus-nyaralas-latnivalok\/#Szuksegem_van_autora_Cipruson\" >Sz\u00fcks\u00e9gem van aut\u00f3ra Cipruson?<\/a><\/li><li class='ez-toc-page-1 ez-toc-heading-level-3'><a class=\"ez-toc-link ez-toc-heading-51\" href=\"https:\/\/loudavymkrokem.cz\/hu\/ciprus-nyaralas-latnivalok\/#At_lehet_menni_a_deli_reszrol_Ciprus_eszaki_reszere\" >\u00c1t lehet menni a d\u00e9li r\u00e9szr\u0151l Ciprus \u00e9szaki r\u00e9sz\u00e9re?<\/a><\/li><li class='ez-toc-page-1 ez-toc-heading-level-3'><a class=\"ez-toc-link ez-toc-heading-52\" href=\"https:\/\/loudavymkrokem.cz\/hu\/ciprus-nyaralas-latnivalok\/#Draga_Ciprus\" >Dr\u00e1ga Ciprus?<\/a><\/li><li class='ez-toc-page-1 ez-toc-heading-level-3'><a class=\"ez-toc-link ez-toc-heading-53\" href=\"https:\/\/loudavymkrokem.cz\/hu\/ciprus-nyaralas-latnivalok\/#Milyen_az_etel_Cipruson_a_vegetarianusok_szamara\" >Milyen az \u00e9tel Cipruson a veget\u00e1ri\u00e1nusok sz\u00e1m\u00e1ra?<\/a><\/li><li class='ez-toc-page-1 ez-toc-heading-level-3'><a class=\"ez-toc-link ez-toc-heading-54\" href=\"https:\/\/loudavymkrokem.cz\/hu\/ciprus-nyaralas-latnivalok\/#Biztonsagos_Ciprus\" >Biztons\u00e1gos Ciprus?<\/a><\/li><\/ul><\/li><\/ul><\/nav><\/div>\n<h2 id=\"Shrnuti_pokud_nestihate_cist_cely_clanek\" class=\"wp-block-heading\"><span class=\"ez-toc-section\" id=\"Osszefoglalas\"><\/span>\u00d6sszefoglal\u00e1s<span class=\"ez-toc-section-end\"><\/span><\/h2>\n\n\n\n<p class=\"wp-block-paragraph\">Ha nincs id\u0151d v\u00e9gigolvasni a r\u00e9szletes \u00fatikalauzt, \u00f6ssze\u00e1ll\u00edtottam neked egy gyors kivonatot a legfontosabbakb\u00f3l. \u00cdme az alapvet\u0151 t\u00e9nyek, amiket utaz\u00e1s el\u0151tt mindenk\u00e9pp \u00e9rdemes tudnod:<\/p>\n\n\n\n<ul class=\"wp-block-list\">\n<li>A sziget b\u00fcszk\u00e9lkedhet <strong>Eur\u00f3pa leghosszabb f\u00fcrd\u0151szezonj\u00e1val<\/strong>, a tenger a n\u00e9pszer\u0171 Ayia Nap\u00e1ban m\u00e9g novemberben is gy\u00f6ny\u00f6r\u0171 24,5 \u00b0C-os.<\/li>\n\n\n\n<li>Ha j\u00faliusban vagy augusztusban indulsz ide, Ayia Nap\u00e1ban <strong>32,1 \u00e9s 32,4 \u00b0C<\/strong> v\u00e1r r\u00e1d, \u00e9s \u00e1tlagosan mind\u00f6ssze havi 0,1 napon esik itt.<\/li>\n\n\n\n<li>A helyiek szerint a legszebb a <strong>tavasz (\u00e1prilis, m\u00e1jus)<\/strong>, amikor az eg\u00e9sz sziget csod\u00e1latosan z\u00f6ld \u00e9s tele van vir\u00e1gz\u00f3 n\u00f6v\u00e9nyekkel.<\/li>\n\n\n\n<li>A sziget politikailag megosztott, \u00e9s a Z\u00f6ld vonalon ugyan sim\u00e1n \u00e1t lehet menni, de mindig <strong>\u00daTLEV\u00c9LRE VAN SZ\u00dcKS\u00c9GED<\/strong>, mert a szem\u00e9lyi igazolv\u00e1nyra nem lehet sz\u00e1m\u00edtani.<\/li>\n\n\n\n<li>A brit gyarmati m\u00faltnak k\u00f6sz\u00f6nhet\u0151en itt <strong>bal oldalon k\u00f6zlekednek<\/strong>, ami sok felk\u00e9sz\u00fcletlen turist\u00e1t nagyon meglep, miut\u00e1n a rept\u00e9ren aut\u00f3t b\u00e9rel.<\/li>\n\n\n\n<li>A bels\u0151 r\u00e9szen fekv\u0151 Troodosz-hegys\u00e9g \u00e1ltal\u00e1ban <strong>8\u201310 fokkal h\u0171v\u00f6sebb<\/strong>, mint a tengerpart, \u00e9s t\u00e9len ott m\u00e9g term\u00e9szetes havon s\u00edelni is lehet.<\/li>\n\n\n\n<li>M\u00edg <strong>Paphos tele van r\u00e9g\u00e9szettel<\/strong> \u00e9s UNESCO-eml\u00e9kekkel, Ayia Napa a strandokkal \u00e9s bulikkal cs\u00e1b\u00edt, Protaras pedig csal\u00e1di nyugalmat k\u00edn\u00e1l.<\/li>\n\n\n\n<li>A h\u00edres <strong>halloumi sajt \u00e9pp Ciprusr\u00f3l sz\u00e1rmazik<\/strong>, \u00e9s a h\u00fasmentes finoms\u00e1gokkal teli veget\u00e1ri\u00e1nus mez\u00e9 itt teljesen bevett dolog.<\/li>\n<\/ul>\n\n\n\n<h2 id=\"Proc_jet_na_Kypr_a_pro_koho_se_nehodi\" class=\"wp-block-heading\"><span class=\"ez-toc-section\" id=\"Miert_menj_Ciprusra_es_kinek_nem_valo\"><\/span>Mi\u00e9rt menj Ciprusra (\u00e9s kinek nem val\u00f3)<span class=\"ez-toc-section-end\"><\/span><\/h2>\n\n\n\n<p class=\"wp-block-paragraph\">Ha m\u00e9g mindig bizonytalan vagy, hogy ez a naps\u00fct\u00f6tte mediterr\u00e1n sziget a megfelel\u0151 v\u00e1laszt\u00e1s-e az idei szabad napjaidra, n\u00e9zz\u00fck meg egy kicsit k\u00f6zelebbr\u0151l. A c\u00e9lpont <strong>igaz\u00e1n egyedi \u00e9lm\u00e9nymixet<\/strong> k\u00edn\u00e1l, amely megb\u00edzhat\u00f3an kiel\u00e9g\u00edti mind az akt\u00edv turist\u00e1kat, mind azokat, akik csak egy j\u00f3 k\u00f6nyvvel a nap\u00e1gyon szeretn\u00e9nek hever\u00e9szni. Ugyanakkor j\u00f3 tudni n\u00e9h\u00e1ny saj\u00e1toss\u00e1gr\u00f3l, amely valakinek ink\u00e1bb elronthatn\u00e1 a nyaral\u00e1s\u00e1t.<\/p>\n\n\n\n<h3 id=\"6_duvodu_proc_Kypr_stoji_za_cestu\" class=\"wp-block-heading\"><span class=\"ez-toc-section\" id=\"6_ok_amiert_Ciprus_megeri_az_utazast\"><\/span>6 ok, ami\u00e9rt Ciprus meg\u00e9ri az utaz\u00e1st<span class=\"ez-toc-section-end\"><\/span><\/h3>\n\n\n\n<p class=\"wp-block-paragraph\"><strong>A leghosszabb f\u00fcrd\u0151szezon:<\/strong> A hossz\u00fa t\u00e1v\u00fa m\u00e9r\u00e9sek szerint itt kora tavaszt\u00f3l k\u00e9s\u0151 \u0151szig stabil meleg uralkodik, ami Eur\u00f3p\u00e1n bel\u00fcl \u00f3ri\u00e1si el\u0151ny. M\u00edg G\u00f6r\u00f6gorsz\u00e1gban vagy Spanyolorsz\u00e1gban okt\u00f3berben m\u00e1r gyakran el\u0151veszed a pul\u00f3vert, itt a helyiek \u00e9s a turist\u00e1k m\u00e9g mindig <strong>a felmelegedett tengerben f\u00fcrdenek<\/strong>.<\/p>\n\n\n\n<p class=\"wp-block-paragraph\"><strong>Antik m\u0171eml\u00e9kek az UNESCO list\u00e1j\u00e1n:<\/strong> Ha szereted a t\u00f6rt\u00e9nelmet, itt elemedben leszel, mert az eg\u00e9sz sziget egy hatalmas szabadt\u00e9ri m\u00fazeumk\u00e9nt m\u0171k\u00f6dik. A Ciprusi K\u00f6zt\u00e1rsas\u00e1g <strong>gy\u00f6ny\u00f6r\u0171 r\u00e9g\u00e9szeti parkokkal<\/strong>, remek\u00fcl meg\u0151rz\u00f6tt mozaikokkal \u00e9s \u0151si s\u00edrokkal b\u00fcszk\u00e9lkedhet, amelyek szinte minden r\u00e9gi t\u00f6rt\u00e9net szerelmes\u00e9t elb\u0171v\u00f6lik.<\/p>\n\n\n\n<p class=\"wp-block-paragraph\"><strong>Hegy \u00e9s tenger egy napon:<\/strong> Reggel m\u00e9ly feny\u0151erd\u0151kben s\u00e9t\u00e1lhatsz, rejtett v\u00edzes\u00e9seket fedezhetsz fel \u00e9s friss hegyi leveg\u0151t sz\u00edvhatsz. D\u00e9lut\u00e1n pedig aut\u00f3val leereszkedsz a tengerpartra, \u00e9s <strong>beleugorhatsz a t\u00fcrkizk\u00e9k hull\u00e1mokba<\/strong>, ami hihetetlen\u00fcl felfriss\u00edt\u0151 kontrasztot alkot, amit nem lehet megunni.<\/p>\n\n\n\n<p class=\"wp-block-paragraph\"><strong>Angol nyelv \u00e9s bal oldali k\u00f6zleked\u00e9s:<\/strong> A sziget sok\u00e1ig brit fennhat\u00f3s\u00e1g alatt \u00e1llt, \u00edgy itt teljesen gond n\u00e9lk\u00fcl \u00e9s foly\u00e9konyan elboldogulsz angolul m\u00e9g a legeldugottabb kis faluban is. A brit \u00f6r\u00f6ks\u00e9g mag\u00e1val hozza a bal oldali k\u00f6zleked\u00e9st \u00e9s a hagyom\u00e1nyos, h\u00e1roml\u00e1b\u00fa G t\u00edpus\u00fa konnektorokat, amikhez <strong>felt\u00e9tlen\u00fcl adapterre lesz sz\u00fcks\u00e9ged<\/strong>, \u00e9s ne feledd: b\u00e1r a t\u00f6megk\u00f6zleked\u00e9s \u00f6sszek\u00f6ti a nagyobb v\u00e1rosokat, a Troodosz-hegys\u00e9gbe, az Akamasz-f\u00e9lszigetre \u00e9s a legt\u00f6bb t\u00fara kiindul\u00f3pontj\u00e1hoz re\u00e1lisan csak aut\u00f3val jutsz el.<\/p>\n\n\n\n<p class=\"wp-block-paragraph\"><strong>Kiv\u00e1l\u00f3 veget\u00e1ri\u00e1nus konyha \u00e9s halloumi:<\/strong> Az \u00e9tel itt egyszer\u0171en fantasztikus, \u00e9s azoknak is \u00f6r\u00f6met szerez, akik nem esznek h\u00fast, mert a hagyom\u00e1nyos taver\u00e1k rengeteg h\u00fasmentes v\u00e1ltozatot k\u00edn\u00e1lnak. Biztosan elb\u0171v\u00f6l majd a <strong>grillezett halloumi sajt<\/strong>, amely a helyiek kincse, \u00e9s friss z\u00f6lds\u00e9ggel meg ol\u00edvaolajjal isteni finom.<\/p>\n\n\n\n<p class=\"wp-block-paragraph\"><strong>K\u00e9t kult\u00fara egy szigeten:<\/strong> A Z\u00f6ld vonal \u00e1tl\u00e9p\u00e9se a sziget \u00e9szaki r\u00e9sz\u00e9be egy teljesen m\u00e1s vil\u00e1gba rep\u00edt, amely tele van mecsetekkel, t\u00f6r\u00f6k te\u00e1val \u00e9s piacokkal, ahol egy\u00e9bk\u00e9nt <strong>\u00e1ltal\u00e1ban t\u00f6r\u00f6k l\u00edr\u00e1val fizetnek<\/strong>, b\u00e1r az eur\u00f3t sok helyen elfogadj\u00e1k. \u00d3ri\u00e1si b\u00f3nusz, hogy egyetlen nyaral\u00e1s alatt megismerheted a g\u00f6r\u00f6g \u00e9s a t\u00f6r\u00f6k kult\u00far\u00e1t is, de ne feledd: az \u00e9szaki r\u00e9szre a d\u00e9len b\u00e9relt aut\u00f3val csak a k\u00f6lcs\u00f6nz\u0151 beleegyez\u00e9s\u00e9vel mehetsz, \u00e9s az \u00e1tkel\u0151n\u00e9l <strong>ideiglenes t\u00f6r\u00f6k biztos\u00edt\u00e1st kell venned<\/strong>, mivel a d\u00e9li biztos\u00edt\u00e1s ott nem \u00e9rv\u00e9nyes (az \u00e9szakon b\u00e9relt aut\u00f3val pedig egy\u00e1ltal\u00e1n nem szabad d\u00e9lre menni).<\/p>\n\n\n\n<h3 id=\"Komu_Kypr_nesedne\" class=\"wp-block-heading\"><span class=\"ez-toc-section\" id=\"Kinek_nem_valo_Ciprus\"><\/span>Kinek nem val\u00f3 Ciprus<span class=\"ez-toc-section-end\"><\/span><\/h3>\n\n\n\n<p class=\"wp-block-paragraph\">B\u00e1rmennyire is gy\u00f6ny\u00f6r\u0171 a sziget, egy\u00e1ltal\u00e1n nem univerz\u00e1lis paradicsom mindenki sz\u00e1m\u00e1ra, \u00e9s megvannak a maga egy\u00e9rtelm\u0171 buktat\u00f3i. Ha felismered magad az al\u00e1bbi pontok valamelyik\u00e9ben, tal\u00e1n \u00e9rdemes m\u00e1s c\u00e9lpontot fontol\u00f3ra venned, hogy <strong>elker\u00fcld a felesleges csal\u00f3d\u00e1st<\/strong>.<\/p>\n\n\n\n<ul class=\"wp-block-list\">\n<li>Aki <strong>nem b\u00edrja a nagy h\u0151s\u00e9get<\/strong>, mert ny\u00e1ron a h\u0151m\u00e9rs\u00e9klet rendszeresen 32 \u00b0C f\u00f6l\u00e9 k\u00faszik, Larnak\u00e1ban pedig el\u00e9ri a 33,4 \u00b0C-ot is.<\/li>\n\n\n\n<li>Aki <strong>\u00fcde, z\u00f6ld term\u00e9szetet keres ny\u00e1ron is<\/strong>, mert az er\u0151s nap hat\u00e1s\u00e1ra a sziget j\u00faniust\u00f3l \u0151szig nagyon kisz\u00e1radt \u00e9s s\u00e1rga.<\/li>\n\n\n\n<li>Aki <strong>p\u00e1ni f\u00e9lelmet \u00e9rez a bal oldali vezet\u00e9st\u0151l<\/strong>, \u00e9s nem akar csak a t\u00e1vols\u00e1gi buszokra hagyatkozni, amelyek a term\u00e9szetbe nem j\u00e1rnak.<\/li>\n\n\n\n<li>Aki <strong>kiz\u00e1r\u00f3lag olcs\u00f3 nyaral\u00e1st keres<\/strong>, mert ez a c\u00e9lpont a Mediterr\u00e1neumon bel\u00fcl ink\u00e1bb a dr\u00e1g\u00e1bbak k\u00f6z\u00e9 tartozik, \u00e9s a szolg\u00e1ltat\u00e1sok \u00e1rai ezt egy\u00e9rtelm\u0171en t\u00fckr\u00f6zik.<\/li>\n\n\n\n<li>Aki <strong>abszol\u00fat nyugalmat szeretne Ayia Nap\u00e1ban<\/strong> a f\u0151szezonban, amikor ez a ter\u00fclet egyetlen hatalmas \u00e9s zajos bulicentrumm\u00e1 v\u00e1lik.<\/li>\n<\/ul>\n\n\n\n<h2 id=\"Kdy_jet_na_Kypr_pocasi_mesic_po_mesici\" class=\"wp-block-heading\"><span class=\"ez-toc-section\" id=\"Mikor_menj_Ciprusra_az_idojaras_honaprol_honapra\"><\/span>Mikor menj Ciprusra: az id\u0151j\u00e1r\u00e1s h\u00f3napr\u00f3l h\u00f3napra<span class=\"ez-toc-section-end\"><\/span><\/h2>\n\n\n\n<p class=\"wp-block-paragraph\">Az ide\u00e1lis id\u0151pont megtervez\u00e9se kulcsfontoss\u00e1g\u00fa, mert Ciprus id\u0151j\u00e1r\u00e1sa az \u00e9v sor\u00e1n t\u00e9nyleg nagyon v\u00e1ltozik, \u00e9s meghat\u00e1rozza, milyen tev\u00e9kenys\u00e9geket tudsz re\u00e1lisan csin\u00e1lni. Hogy a lehet\u0151 legpontosabb inform\u00e1ci\u00f3t adjuk, \u00f6sszeraktunk olyan adatokat, amelyek <strong>nem \u00e9rz\u00e9sekb\u0151l indulnak ki<\/strong>, hanem kem\u00e9ny meteorol\u00f3giai m\u00e9r\u00e9sekb\u0151l.<\/p>\n\n\n\n<p class=\"wp-block-paragraph\">Az al\u00e1bbi \u00e1ttekint\u00e9sekben minden l\u00e9gh\u0151m\u00e9rs\u00e9klet a <strong>2015 \u00e9s 2024 k\u00f6z\u00f6tti t\u00edz\u00e9ves \u00e1tlagot<\/strong> jelenti a pontos ERA5 kl\u00edmareanal\u00edzis alapj\u00e1n. A tenger h\u0151m\u00e9rs\u00e9klet\u00e9t illet\u0151en az egy modern tengeri modellb\u0151l sz\u00e1rmazik a 2019\u20132024 k\u00f6z\u00f6tti \u00e9vekre, \u00edgy a legfrissebb \u00e9s legmegb\u00edzhat\u00f3bb \u00e9rt\u00e9kek \u00e1llnak el\u0151tted, amiket egy\u00e1ltal\u00e1n be lehet szerezni.<\/p>\n\n\n\n<figure class=\"wp-block-table is-style-stripes\" style=\"overflow-x:auto\"><table><thead><tr><th>H\u00f3nap<\/th><th>Nappal<\/th><th>\u00c9jjel<\/th><th>Tenger<\/th><th>Es\u0151s napok<\/th><th>Naps\u00fct\u00e9s\/nap<\/th><\/tr><\/thead><tbody><tr><td><strong>janu\u00e1r<\/strong><\/td><td>16 \u00b0C<\/td><td>10 \u00b0C<\/td><td>19 \u00b0C<\/td><td>8,8<\/td><td>8,6 \u00f3<\/td><\/tr><tr><td><strong>febru\u00e1r<\/strong><\/td><td>17 \u00b0C<\/td><td>10 \u00b0C<\/td><td>18 \u00b0C<\/td><td>5,6<\/td><td>9,0 \u00f3<\/td><\/tr><tr><td><strong>m\u00e1rcius<\/strong><\/td><td>19 \u00b0C<\/td><td>12 \u00b0C<\/td><td>18 \u00b0C<\/td><td>5,1<\/td><td>10,4 \u00f3<\/td><\/tr><tr><td><strong>\u00e1prilis<\/strong><\/td><td>22 \u00b0C<\/td><td>14 \u00b0C<\/td><td>19 \u00b0C<\/td><td>3,8<\/td><td>11,6 \u00f3<\/td><\/tr><tr><td><strong>m\u00e1jus<\/strong><\/td><td>26 \u00b0C<\/td><td>18 \u00b0C<\/td><td>21 \u00b0C<\/td><td>2,8<\/td><td>12,7 \u00f3<\/td><\/tr><tr><td><strong>j\u00fanius<\/strong><\/td><td>29 \u00b0C<\/td><td>22 \u00b0C<\/td><td>26 \u00b0C<\/td><td>1,1<\/td><td>13,7 \u00f3<\/td><\/tr><tr><td><strong>j\u00falius<\/strong><\/td><td>32 \u00b0C<\/td><td>24 \u00b0C<\/td><td>29 \u00b0C<\/td><td>0,0<\/td><td>13,8 \u00f3<\/td><\/tr><tr><td><strong>augusztus<\/strong><\/td><td>32 \u00b0C<\/td><td>25 \u00b0C<\/td><td>30 \u00b0C<\/td><td>0,3<\/td><td>12,8 \u00f3<\/td><\/tr><tr><td><strong>szeptember<\/strong><\/td><td>31 \u00b0C<\/td><td>23 \u00b0C<\/td><td>29 \u00b0C<\/td><td>1,1<\/td><td>11,6 \u00f3<\/td><\/tr><tr><td><strong>okt\u00f3ber<\/strong><\/td><td>27 \u00b0C<\/td><td>20 \u00b0C<\/td><td>27 \u00b0C<\/td><td>3,6<\/td><td>10,6 \u00f3<\/td><\/tr><tr><td><strong>november<\/strong><\/td><td>22 \u00b0C<\/td><td>16 \u00b0C<\/td><td>24 \u00b0C<\/td><td>6,7<\/td><td>8,9 \u00f3<\/td><\/tr><tr><td><strong>december<\/strong><\/td><td>18 \u00b0C<\/td><td>12 \u00b0C<\/td><td>21 \u00b0C<\/td><td>9,5<\/td><td>8,0 \u00f3<\/td><\/tr><\/tbody><\/table><figcaption class=\"wp-element-caption\">\u00c1tlagh\u0151m\u00e9rs\u00e9kletek Ayia Nap\u00e1ban h\u00f3napr\u00f3l h\u00f3napra. A leveg\u0151 \u00e9s a csapad\u00e9k t\u00edz\u00e9ves \u00e1tlag (2015\u20132024) az ERA5 reanal\u00edzisb\u0151l, a tenger h\u0151m\u00e9rs\u00e9klete a 2019\u20132024-es tengeri modellb\u0151l.<\/figcaption><\/figure>\n\n\n\n<p class=\"wp-block-paragraph\">A jobb elk\u00e9pzel\u00e9shez n\u00e9zz\u00fck meg a konkr\u00e9t sz\u00e1mokat Ayia Napa \u00fcd\u00fcl\u0151helyre, amely a n\u00e9pszer\u0171 keleti parton fekszik, \u00e9s a legszebb strandokkal cs\u00e1b\u00edt. <strong>\u00cdme a pontos \u00e1tlag\u00e9rt\u00e9kek<\/strong> az egyes h\u00f3napokra:<\/p>\n\n\n\n<ul class=\"wp-block-list\">\n<li><strong>Janu\u00e1r:<\/strong> nappal 15,9 \u00b0C, \u00e9jjel 10,3 \u00b0C, tenger 18,8 \u00b0C, es\u0151s napok 8,8, naps\u00fct\u00e9s 8,6 \u00f3\/nap.<\/li>\n\n\n\n<li><strong>Febru\u00e1r:<\/strong> nappal 16,7 \u00b0C, \u00e9jjel 10,3 \u00b0C, tenger 18,0 \u00b0C, es\u0151s napok 5,6, naps\u00fct\u00e9s 9,0 \u00f3\/nap.<\/li>\n\n\n\n<li><strong>M\u00e1rcius:<\/strong> nappal 18,6 \u00b0C, \u00e9jjel 11,6 \u00b0C, tenger 18,0 \u00b0C, es\u0151s napok 5,1, naps\u00fct\u00e9s 10,4 \u00f3\/nap.<\/li>\n\n\n\n<li><strong>\u00c1prilis:<\/strong> nappal 22,1 \u00b0C, \u00e9jjel 14,0 \u00b0C, tenger 19,3 \u00b0C, es\u0151s napok 3,8, naps\u00fct\u00e9s 11,6 \u00f3\/nap.<\/li>\n\n\n\n<li><strong>M\u00e1jus:<\/strong> nappal 25,8 \u00b0C, \u00e9jjel 17,9 \u00b0C, tenger 21,4 \u00b0C, es\u0151s napok 2,8, naps\u00fct\u00e9s 12,7 \u00f3\/nap.<\/li>\n\n\n\n<li><strong>J\u00fanius:<\/strong> nappal 29,1 \u00b0C, \u00e9jjel 21,5 \u00b0C, tenger 25,5 \u00b0C, es\u0151s napok 1,1, naps\u00fct\u00e9s 13,7 \u00f3\/nap.<\/li>\n\n\n\n<li><strong>J\u00falius:<\/strong> nappal 32,1 \u00b0C, \u00e9jjel 24,4 \u00b0C, tenger 28,6 \u00b0C, es\u0151s napok 0,0, naps\u00fct\u00e9s 13,8 \u00f3\/nap.<\/li>\n\n\n\n<li><strong>Augusztus:<\/strong> nappal 32,2 \u00b0C, \u00e9jjel 24,9 \u00b0C, tenger 29,8 \u00b0C, es\u0151s napok 0,3, naps\u00fct\u00e9s 12,8 \u00f3\/nap.<\/li>\n\n\n\n<li><strong>Szeptember:<\/strong> nappal 30,7 \u00b0C, \u00e9jjel 23,0 \u00b0C, tenger 28,7 \u00b0C, es\u0151s napok 1,1, naps\u00fct\u00e9s 11,6 \u00f3\/nap.<\/li>\n\n\n\n<li><strong>Okt\u00f3ber:<\/strong> nappal 27,3 \u00b0C, \u00e9jjel 20,0 \u00b0C, tenger 26,8 \u00b0C, es\u0151s napok 3,6, naps\u00fct\u00e9s 10,6 \u00f3\/nap.<\/li>\n\n\n\n<li><strong>November:<\/strong> nappal 22,2 \u00b0C, \u00e9jjel 16,3 \u00b0C, tenger 23,8 \u00b0C, es\u0151s napok 6,7, naps\u00fct\u00e9s 8,9 \u00f3\/nap.<\/li>\n\n\n\n<li><strong>December:<\/strong> nappal 18,1 \u00b0C, \u00e9jjel 12,4 \u00b0C, tenger 20,6 \u00b0C, es\u0151s napok 9,5, naps\u00fct\u00e9s 8,0 \u00f3\/nap.<\/li>\n<\/ul>\n\n\n\n<h3 id=\"Paphos_zapad_ostrova_je_o_neco_mirnejsi\" class=\"wp-block-heading\"><span class=\"ez-toc-section\" id=\"Paphos_a_sziget_nyugati_resze_valamivel_enyhebb\"><\/span>Paphos: a sziget nyugati r\u00e9sze valamivel enyh\u00e9bb<span class=\"ez-toc-section-end\"><\/span><\/h3>\n\n\n\n<p class=\"wp-block-paragraph\">A nyugati partnak kicsit m\u00e1s a mikrokl\u00edm\u00e1ja, \u00edgy Paphos k\u00f6rny\u00e9k\u00e9n egy hajsz\u00e1llal h\u0171v\u00f6sebb, \u00e9s valamivel gyakrabban is esik, ami viszont azt jelenti, hogy <strong>a t\u00e1j tov\u00e1bb marad z\u00f6ld<\/strong>. \u00d6sszehasonl\u00edt\u00e1sk\u00e9pp janu\u00e1rban itt nappal 15,6 \u00b0C-ot m\u00e9rsz (\u00e9jjel 9,4 \u00b0C, tenger 19,4 \u00b0C, es\u0151 13,6 nap, naps\u00fct\u00e9s 8,5 \u00f3\/nap), febru\u00e1rban 16,5 \u00b0C-ot (\u00e9jjel 9,5 \u00b0C, tenger 18,1 \u00b0C, es\u0151 8,2 nap, naps\u00fct\u00e9s 9,1 \u00f3\/nap). A tavaszias m\u00e1rcius 17,9 \u00b0C-os nappalokat hoz (\u00e9jjel 10,9 \u00b0C, tenger 17,8 \u00b0C, es\u0151 9,6 nap, naps\u00fct\u00e9s 10,6 \u00f3\/nap), \u00e1prilis pedig m\u00e1r nagyon kellemes 21,3 \u00b0C-ot (\u00e9jjel 13,3 \u00b0C, tenger 18,9 \u00b0C, es\u0151 4,8 nap, naps\u00fct\u00e9s 11,6 \u00f3\/nap). A m\u00e1jusi napok 24,8 \u00b0C-ig melegednek (\u00e9jjel 17,0 \u00b0C, tenger 20,8 \u00b0C, es\u0151 4,4 nap, naps\u00fct\u00e9s 12,8 \u00f3\/nap), a j\u00faniusiak pedig 27,8 \u00b0C-ig (\u00e9jjel 20,6 \u00b0C, tenger 24,8 \u00b0C, es\u0151 1,4 nap, naps\u00fct\u00e9s 13,9 \u00f3\/nap). A forr\u00f3 j\u00faliusban sz\u00e1m\u00edts 31,0 \u00b0C-ra (\u00e9jjel 23,4 \u00b0C, tenger 27,4 \u00b0C, es\u0151 0,4 nap, naps\u00fct\u00e9s 13,9 \u00f3\/nap), augusztusban 30,7 \u00b0C-ra (\u00e9jjel 23,8 \u00b0C, tenger 28,8 \u00b0C, es\u0151 0,7 nap, naps\u00fct\u00e9s 12,7 \u00f3\/nap). Szeptember m\u00e9g ny\u00e1rias 29,2 \u00b0C-ot \u00edg\u00e9r (\u00e9jjel 22,0 \u00b0C, tenger 27,7 \u00b0C, es\u0151 1,5 nap, naps\u00fct\u00e9s 11,7 \u00f3\/nap), okt\u00f3ber pedig 26,3 \u00b0C-ra cs\u00f6kken (\u00e9jjel 18,5 \u00b0C, tenger 26,0 \u00b0C, es\u0151 4,0 nap, naps\u00fct\u00e9s 10,6 \u00f3\/nap). November azt\u00e1n 22,3 \u00b0C-ot k\u00edn\u00e1l (\u00e9jjel 14,7 \u00b0C, tenger 23,3 \u00b0C, es\u0151 5,9 nap, naps\u00fct\u00e9s 9,2 \u00f3\/nap), az \u00e9vet pedig a december z\u00e1rja 17,9 \u00b0C-kal (\u00e9jjel 11,4 \u00b0C, tenger 20,8 \u00b0C, es\u0151 10,9 nap, naps\u00fct\u00e9s 8,3 \u00f3\/nap).<\/p>\n\n\n\n<h3 id=\"Hory_Troodos_uplne_jiny_ostrov\" class=\"wp-block-heading\"><span class=\"ez-toc-section\" id=\"Troodosz-hegyseg_egy_teljesen_mas_sziget\"><\/span>Troodosz-hegys\u00e9g: egy teljesen m\u00e1s sziget<span class=\"ez-toc-section-end\"><\/span><\/h3>\n\n\n\n<p class=\"wp-block-paragraph\">Amikor a felforr\u00f3sodott partr\u00f3l a bels\u0151 r\u00e9szekbe indulsz, egy teljesen m\u00e1s \u00e9ghajlati z\u00f3n\u00e1ban tal\u00e1lod magad, amely v\u00e1ratlan \u00fcdes\u00e9g\u00e9vel garant\u00e1ltan meglep. A k\u00f6r\u00fclbel\u00fcl 1830 m\u00e9teres tengerszint feletti magass\u00e1gb\u00f3l sz\u00e1rmaz\u00f3 m\u00e9r\u00e9sek egy\u00e9rtelm\u0171en mutatj\u00e1k, hogy m\u00edg lent a tengern\u00e9l az emberek 15 \u00b0C-ban p\u00f3l\u00f3ban s\u00e9t\u00e1lgatnak, <strong>fent a hegyekben rendszeresen h\u00f3 van<\/strong>. Janu\u00e1rban ott az \u00e1tlagos nappali maximum mind\u00f6ssze 4,0 \u00b0C, \u00e9s megb\u00edzhat\u00f3an m\u0171k\u00f6dik egy s\u00edk\u00f6zpont is, ami egy mediterr\u00e1n sziget eset\u00e9ben meglehet\u0151sen kuri\u00f3zum.<\/p>\n\n\n\n<figure class=\"wp-block-table is-style-stripes\"><table class=\"has-fixed-layout\"><thead><tr><th>H\u00f3nap<\/th><th>Nappal<\/th><th>\u00c9jjel<\/th><th>Es\u0151s napok<\/th><th>Naps\u00fct\u00e9s\/nap<\/th><\/tr><\/thead><tbody><tr><td><strong>janu\u00e1r<\/strong><\/td><td>4 \u00b0C<\/td><td>-3 \u00b0C<\/td><td>12,9<\/td><td>7,9 \u00f3<\/td><\/tr><tr><td><strong>febru\u00e1r<\/strong><\/td><td>6 \u00b0C<\/td><td>-2 \u00b0C<\/td><td>10,7<\/td><td>8,6 \u00f3<\/td><\/tr><tr><td><strong>m\u00e1rcius<\/strong><\/td><td>8 \u00b0C<\/td><td>-0 \u00b0C<\/td><td>10,4<\/td><td>10,2 \u00f3<\/td><\/tr><tr><td><strong>\u00e1prilis<\/strong><\/td><td>13 \u00b0C<\/td><td>4 \u00b0C<\/td><td>6,9<\/td><td>11,5 \u00f3<\/td><\/tr><tr><td><strong>m\u00e1jus<\/strong><\/td><td>18 \u00b0C<\/td><td>8 \u00b0C<\/td><td>6,4<\/td><td>12,8 \u00f3<\/td><\/tr><tr><td><strong>j\u00fanius<\/strong><\/td><td>22 \u00b0C<\/td><td>11 \u00b0C<\/td><td>3,8<\/td><td>13,8 \u00f3<\/td><\/tr><tr><td><strong>j\u00falius<\/strong><\/td><td>26 \u00b0C<\/td><td>15 \u00b0C<\/td><td>0,8<\/td><td>13,9 \u00f3<\/td><\/tr><tr><td><strong>augusztus<\/strong><\/td><td>26 \u00b0C<\/td><td>15 \u00b0C<\/td><td>1,1<\/td><td>12,9 \u00f3<\/td><\/tr><tr><td><strong>szeptember<\/strong><\/td><td>23 \u00b0C<\/td><td>12 \u00b0C<\/td><td>3,3<\/td><td>11,7 \u00f3<\/td><\/tr><tr><td><strong>okt\u00f3ber<\/strong><\/td><td>18 \u00b0C<\/td><td>8 \u00b0C<\/td><td>5,4<\/td><td>10,6 \u00f3<\/td><\/tr><tr><td><strong>november<\/strong><\/td><td>12 \u00b0C<\/td><td>3 \u00b0C<\/td><td>6,7<\/td><td>9,1 \u00f3<\/td><\/tr><tr><td><strong>december<\/strong><\/td><td>7 \u00b0C<\/td><td>-0 \u00b0C<\/td><td>11,1<\/td><td>7,9 \u00f3<\/td><\/tr><\/tbody><\/table><figcaption class=\"wp-element-caption\">A Troodosz-hegys\u00e9g k\u00f6r\u00fclbel\u00fcl 1830 m magass\u00e1gban. A szeptemberi \u00e9s a t\u00e9li \u00e9rt\u00e9kek is mutatj\u00e1k, mennyivel h\u0171v\u00f6sebb fent, mint a parton (2015\u20132024 \u00e1tlaga, ERA5).<\/figcaption><\/figure>\n\n\n\n<p class=\"wp-block-paragraph\">\u00cdme a pontos adatok a hegyvid\u00e9ki ter\u00fcletekre, hogy tudd, <strong>milyen ruh\u00e1t csomagolj be<\/strong>:<\/p>\n\n\n\n<ul class=\"wp-block-list\">\n<li><strong>Janu\u00e1r:<\/strong> nappal 4,0 \u00b0C, \u00e9jjel -2,9 \u00b0C, es\u0151s napok 12,9, naps\u00fct\u00e9s 7,9 \u00f3\/nap.<\/li>\n\n\n\n<li><strong>Febru\u00e1r:<\/strong> nappal 5,9 \u00b0C, \u00e9jjel -2,1 \u00b0C, es\u0151s napok 10,7, naps\u00fct\u00e9s 8,6 \u00f3\/nap.<\/li>\n\n\n\n<li><strong>M\u00e1rcius:<\/strong> nappal 8,2 \u00b0C, \u00e9jjel -0,5 \u00b0C, es\u0151s napok 10,4, naps\u00fct\u00e9s 10,2 \u00f3\/nap.<\/li>\n\n\n\n<li><strong>\u00c1prilis:<\/strong> nappal 13,4 \u00b0C, \u00e9jjel 3,6 \u00b0C, es\u0151s napok 6,9, naps\u00fct\u00e9s 11,5 \u00f3\/nap.<\/li>\n\n\n\n<li><strong>M\u00e1jus:<\/strong> nappal 18,1 \u00b0C, \u00e9jjel 7,7 \u00b0C, es\u0151s napok 6,4, naps\u00fct\u00e9s 12,8 \u00f3\/nap.<\/li>\n\n\n\n<li><strong>J\u00fanius:<\/strong> nappal 22,1 \u00b0C, \u00e9jjel 11,3 \u00b0C, es\u0151s napok 3,8, naps\u00fct\u00e9s 13,8 \u00f3\/nap.<\/li>\n\n\n\n<li><strong>J\u00falius:<\/strong> nappal 26,1 \u00b0C, \u00e9jjel 14,8 \u00b0C, es\u0151s napok 0,8, naps\u00fct\u00e9s 13,9 \u00f3\/nap.<\/li>\n\n\n\n<li><strong>Augusztus:<\/strong> nappal 25,7 \u00b0C, \u00e9jjel 14,8 \u00b0C, es\u0151s napok 1,1, naps\u00fct\u00e9s 12,9 \u00f3\/nap.<\/li>\n\n\n\n<li><strong>Szeptember:<\/strong> nappal 22,6 \u00b0C, \u00e9jjel 12,0 \u00b0C, es\u0151s napok 3,3, naps\u00fct\u00e9s 11,7 \u00f3\/nap.<\/li>\n\n\n\n<li><strong>Okt\u00f3ber:<\/strong> nappal 17,6 \u00b0C, \u00e9jjel 7,9 \u00b0C, es\u0151s napok 5,4, naps\u00fct\u00e9s 10,6 \u00f3\/nap.<\/li>\n\n\n\n<li><strong>November:<\/strong> nappal 11,6 \u00b0C, \u00e9jjel 3,1 \u00b0C, es\u0151s napok 6,7, naps\u00fct\u00e9s 9,1 \u00f3\/nap.<\/li>\n\n\n\n<li><strong>December:<\/strong> nappal 6,7 \u00b0C, \u00e9jjel -0,5 \u00b0C, es\u0151s napok 11,1, naps\u00fct\u00e9s 7,9 \u00f3\/nap.<\/li>\n<\/ul>\n\n\n\n<h3 id=\"Nejlepsi_mesice_podle_typu_dovolene\" class=\"wp-block-heading\"><span class=\"ez-toc-section\" id=\"A_legjobb_honapok_a_nyaralas_tipusa_szerint\"><\/span>A legjobb h\u00f3napok a nyaral\u00e1s t\u00edpusa szerint<span class=\"ez-toc-section-end\"><\/span><\/h3>\n\n\n\n<ul class=\"wp-block-list\">\n<li><strong>A t\u00f6k\u00e9letes f\u00fcrd\u00e9shez:<\/strong> Ide\u00e1lis j\u00faniust\u00f3l novemberig indulni, amikor a tenger hihetetlen 25\u201329 \u00b0C-os \u00e9s a v\u00edz kellemesen felmelegedett.<\/li>\n\n\n\n<li><strong>Felfedez\u00e9shez \u00e9s t\u00far\u00e1khoz:<\/strong> A t\u00far\u00e1z\u00e1st legink\u00e1bb \u00e1prilisban, m\u00e1jusban vagy okt\u00f3berben \u00e9lvezed, mert a h\u0151m\u00e9rs\u00e9klet elviselhet\u0151, a tavaszi term\u00e9szet pedig gy\u00f6ny\u00f6r\u0171en vir\u00e1gzik.<\/li>\n\n\n\n<li><strong>A legolcs\u00f3bb id\u0151pontokhoz:<\/strong> Ha jelent\u0151sen sp\u00f3rolni szeretn\u00e9l, novembert\u0151l m\u00e1rciusig tervezd az utat, amikor cs\u00f6kkennek a rep\u00fcl\u0151jegyek \u00e9s a sz\u00e1ll\u00e1s \u00e1rai.<\/li>\n\n\n\n<li><strong>Mikor jobb ker\u00fclni:<\/strong> Augusztus az a h\u00f3nap, amikor a sziget dugig van, tikkaszt\u00f3 h\u0151s\u00e9g uralkodik, \u00e9s a szolg\u00e1ltat\u00e1sok \u00e1rai az egekbe sz\u00f6knek.<\/li>\n<\/ul>\n\n\n\n<h2 id=\"Co_videt_na_Kypru_24_tipu_od_antickych_mozaik_po_hory\" class=\"wp-block-heading\"><span class=\"ez-toc-section\" id=\"Mit_erdemes_latni_Cipruson_24_tipp_az_antik_mozaikoktol_a_hegyekig\"><\/span>Mit \u00e9rdemes l\u00e1tni Cipruson: 24 tipp az antik mozaikokt\u00f3l a hegyekig<span class=\"ez-toc-section-end\"><\/span><\/h2>\n\n\n\n<p class=\"wp-block-paragraph\">A Ciprusi K\u00f6zt\u00e1rsas\u00e1g \u00f3ri\u00e1si v\u00e1ltozatoss\u00e1got k\u00edn\u00e1l, \u00e9s a sziget feloszt\u00e1sa megk\u00f6nny\u00edti az eg\u00e9sz utad tervez\u00e9s\u00e9t. A Paphos k\u00f6r\u00fcli nyugati r\u00e9sz antik m\u0171eml\u00e9kekkel \u00e9s vad term\u00e9szettel cs\u00e1b\u00edt, m\u00edg a d\u00e9l Limassollal egy\u00fctt egy ny\u00fczsg\u0151bb kultur\u00e1lis \u00e9s t\u00f6rt\u00e9nelmi k\u00f6zpontot alkot. Keleten, Ayia Napa \u00fcd\u00fcl\u0151hely k\u00f6rny\u00e9k\u00e9n tal\u00e1lod a legszebb homokos strandokat, a bels\u0151 ter\u00fcletek pedig a z\u00f6ld Troodosz-hegys\u00e9get rejtik. A sziget 1974 \u00f3ta ENSZ-pufferz\u00f3n\u00e1val van megosztva a d\u00e9li Ciprusi K\u00f6zt\u00e1rsas\u00e1gra, amely az EU \u00e9s az eur\u00f3z\u00f3na tagja, valamint \u00c9szak-Ciprusra, amelyet <strong>\u00e1llamk\u00e9nt csak T\u00f6r\u00f6korsz\u00e1g ismer el<\/strong>. Az eg\u00e9sz sziget szerencs\u00e9re p\u00e1r nap alatt k\u00f6rbeaut\u00f3zhat\u00f3, ami sok utaz\u00f3 szerint messze a legjobb utaz\u00e1si m\u00f3d.<\/p>\n\n\n\n<p class=\"wp-block-paragraph\">B\u00e1r a nagyobb v\u00e1rosok k\u00f6z\u00f6tt megb\u00edzhat\u00f3an m\u0171k\u00f6dik a t\u00f6megk\u00f6zleked\u00e9s, saj\u00e1t aut\u00f3 n\u00e9lk\u00fcl a Troodosz-hegys\u00e9gbe vagy a f\u00e9lrees\u0151 Akamasz-f\u00e9lszigetre re\u00e1lisan nem jutsz el. Budapestr\u0151l k\u00f6zvetlen j\u00e1ratok indulnak Larnaka \u00e9s Paphos rept\u00e9rre, az \u00fat pedig kellemes h\u00e1rom \u00f3ra h\u00fasz perc, \u00edgy ha azon gondolkodsz, <a href=\"https:\/\/loudavymkrokem.cz\/hu\/olcso-repjegyek-tippek\/\">hogyan szerezz olcs\u00f3 rep\u00fcl\u0151jegyet<\/a>, Ciprus nagyon j\u00f3l el\u00e9rhet\u0151 c\u00e9lpont. Ne feledd viszont, hogy <strong>Cipruson bal oldalon k\u00f6zlekednek<\/strong>, brit h\u00e1roml\u00e1b\u00fa G t\u00edpus\u00fa konnektorra lesz sz\u00fcks\u00e9ged, \u00e9s \u00e1ltal\u00e1ban eur\u00f3val fizetnek, t\u00e1j\u00e9koz\u00f3d\u00e1sk\u00e9pp 1 \u20ac \u2248 400 Ft.<\/p>\n\n\n\n<h3 id=\"1_Archeologicky_park_v_Paphosu_mozaiky_kvuli_kterym_sem_lide_jezdi\" class=\"wp-block-heading\"><span class=\"ez-toc-section\" id=\"1_A_paphosi_regeszeti_park_mozaikok_amelyekert_az_emberek_ide_jarnak\"><\/span>1. A paphosi r\u00e9g\u00e9szeti park: mozaikok, amelyek\u00e9rt az emberek ide j\u00e1rnak<span class=\"ez-toc-section-end\"><\/span><\/h3>\n\n\n\n<p class=\"wp-block-paragraph\">A paphosi r\u00e9g\u00e9szeti park szerepel az UNESCO vil\u00e1g\u00f6r\u00f6ks\u00e9gi list\u00e1j\u00e1n, \u00e9s a t\u00f6rt\u00e9nelem szerelmeseinek abszol\u00fat k\u00f6telez\u0151. A f\u0151 l\u00e1tv\u00e1nyoss\u00e1got a <strong>hihetetlen\u00fcl j\u00f3 \u00e1llapotban meg\u0151rz\u00f6tt padl\u00f3mozaikokkal ell\u00e1tott r\u00f3mai vill\u00e1k<\/strong> jelentik, amelyek a g\u00f6r\u00f6g mitol\u00f3gia jeleneteit \u00e1br\u00e1zolj\u00e1k. A legismertebb az \u00fagynevezett Dion\u00fcszosz-h\u00e1z, ahol t\u00f6bb ezer \u00e9ves r\u00e9szletes m\u0171alkot\u00e1sokat n\u00e9zhetsz meg, de \u00e9rdemes felfedezni a nagyszab\u00e1s\u00fa antik Odeon sz\u00ednh\u00e1zat is. Az eg\u00e9sz ter\u00fclet nagyon kiterjedt, \u00e9s gy\u00f6ny\u00f6r\u0171 kil\u00e1t\u00e1st k\u00edn\u00e1l a F\u00f6ldk\u00f6zi-tenger k\u00e9k viz\u00e9re.<\/p>\n\n\n\n<figure data-wp-context=\"{&quot;imageId&quot;:&quot;6a9944f507a1c&quot;}\" data-wp-interactive=\"core\/image\" data-wp-key=\"6a9944f507a1c\" class=\"wp-block-image size-full wp-lightbox-container\"><img decoding=\"async\" width=\"1500\" height=\"1023\" data-wp-class--hide=\"state.isContentHidden\" data-wp-class--show=\"state.isContentVisible\" data-wp-init=\"callbacks.setButtonStyles\" data-wp-on--click=\"actions.showLightbox\" data-wp-on--load=\"callbacks.setButtonStyles\" data-wp-on--pointerdown=\"actions.preloadImage\" data-wp-on--pointerenter=\"actions.preloadImageWithDelay\" data-wp-on--pointerleave=\"actions.cancelPreload\" data-wp-on-window--resize=\"callbacks.setButtonStyles\" src=\"https:\/\/loudavymkrokem.cz\/wp-content\/uploads\/2026\/08\/dovolena-kypr-t01.jpg\" alt=\"Antik mozaikok a paphosi r\u00e9g\u00e9szeti parkban\" class=\"wp-image-399841\" title=\"\" srcset=\"https:\/\/loudavymkrokem.cz\/wp-content\/uploads\/2026\/08\/dovolena-kypr-t01.jpg 1500w, https:\/\/loudavymkrokem.cz\/wp-content\/uploads\/2026\/08\/dovolena-kypr-t01-300x205.jpg 300w, https:\/\/loudavymkrokem.cz\/wp-content\/uploads\/2026\/08\/dovolena-kypr-t01-700x477.jpg 700w, https:\/\/loudavymkrokem.cz\/wp-content\/uploads\/2026\/08\/dovolena-kypr-t01-768x524.jpg 768w, https:\/\/loudavymkrokem.cz\/wp-content\/uploads\/2026\/08\/dovolena-kypr-t01-696x475.jpg 696w, https:\/\/loudavymkrokem.cz\/wp-content\/uploads\/2026\/08\/dovolena-kypr-t01-1392x949.jpg 1392w\" sizes=\"(max-width: 1500px) 100vw, 1500px\" \/><button\n\t\t\tclass=\"lightbox-trigger\"\n\t\t\ttype=\"button\"\n\t\t\taria-haspopup=\"dialog\"\n\t\t\tdata-wp-bind--aria-label=\"state.thisImage.triggerButtonAriaLabel\"\n\t\t\tdata-wp-init=\"callbacks.initTriggerButton\"\n\t\t\tdata-wp-on--click=\"actions.showLightbox\"\n\t\t\tdata-wp-style--right=\"state.thisImage.buttonRight\"\n\t\t\tdata-wp-style--top=\"state.thisImage.buttonTop\"\n\t\t>\n\t\t\t<svg xmlns=\"http:\/\/www.w3.org\/2000\/svg\" width=\"12\" height=\"12\" fill=\"none\" viewBox=\"0 0 12 12\">\n\t\t\t\t<path fill=\"#fff\" d=\"M2 0a2 2 0 0 0-2 2v2h1.5V2a.5.5 0 0 1 .5-.5h2V0H2Zm2 10.5H2a.5.5 0 0 1-.5-.5V8H0v2a2 2 0 0 0 2 2h2v-1.5ZM8 12v-1.5h2a.5.5 0 0 0 .5-.5V8H12v2a2 2 0 0 1-2 2H8Zm2-12a2 2 0 0 1 2 2v2h-1.5V2a.5.5 0 0 0-.5-.5H8V0h2Z\" \/>\n\t\t\t<\/svg>\n\t\t<\/button><figcaption class=\"wp-element-caption\">Antik mozaikok a paphosi r\u00e9g\u00e9szeti parkban (Fot\u00f3: Institute for the Study of the Ancient World from New York \/ Wikimedia Commons, CC BY 2.0)<\/figcaption><\/figure>\n\n\n\n<p class=\"wp-block-paragraph\">Az utaz\u00f3k v\u00e9lem\u00e9nye szerint a legjobb r\u00f6gt\u00f6n kora reggel vagy \u00e9ppen k\u00e9s\u0151 d\u00e9lut\u00e1n nekiv\u00e1gni a l\u00e1togat\u00e1snak. A kiterjedt ter\u00fcleten bel\u00fcl ugyanis <strong>szinte semmi \u00e1rny\u00e9kot nem tal\u00e1lsz<\/strong>, \u00e9s d\u00e9l k\u00f6r\u00fcl a felforr\u00f3sodott k\u00f6vek k\u00f6z\u00f6tti s\u00e9ta el\u00e9g komoly sportteljes\u00edtm\u00e9nny\u00e9 v\u00e1lik. Mindenk\u00e9pp vigy\u00e9l magaddal el\u00e9g iv\u00f3vizet, k\u00e9nyelmes cip\u0151t \u00e9s er\u0151s f\u00e9nyv\u00e9d\u0151t, hogy a lehet\u0151 legk\u00e9nyelmesebben \u00e9lvezhesd a l\u00e1togat\u00e1st.<\/p>\n\n\n\n<h3 id=\"2_Kralovske_hrobky_Tombs_of_the_Kings\" class=\"wp-block-heading\"><span class=\"ez-toc-section\" id=\"2_Kiralysirok_Tombs_of_the_Kings\"><\/span>2. Kir\u00e1lys\u00edrok (Tombs of the Kings)<span class=\"ez-toc-section-end\"><\/span><\/h3>\n\n\n\n<p class=\"wp-block-paragraph\">A kir\u00e1lys\u00edrok egy leny\u0171g\u00f6z\u0151 f\u00f6ldalatti komplexumot alkotnak, amelyet k\u00f6zvetlen\u00fcl a szil\u00e1rd szikl\u00e1ba v\u00e9stek Paphos k\u00f6zpontja k\u00f6zel\u00e9ben. B\u00e1r a n\u00e9v nagyon fens\u00e9gesen hangzik, val\u00f3j\u00e1ban <strong>itt sosem temettek el kir\u00e1lyokat<\/strong>, a hely magas rang\u00fa tisztvisel\u0151k \u00e9s a helyi arisztokr\u00e1cia v\u00e9gs\u0151 nyughely\u00e9\u00fcl szolg\u00e1lt. A fennk\u00f6lt nevet ink\u00e1bb a nagyszab\u00e1s\u00fa \u00e9p\u00edt\u00e9szetnek k\u00f6sz\u00f6nheti a m\u0171eml\u00e9k, te pedig szabadon s\u00e9t\u00e1lgathatsz a hatalmas d\u00f3r oszlopok k\u00f6z\u00f6tt \u00e9s leereszkedhetsz a titokzatos f\u00f6ldalatti bels\u0151 udvarokba.<\/p>\n\n\n\n<figure data-wp-context=\"{&quot;imageId&quot;:&quot;6a9944f507e7f&quot;}\" data-wp-interactive=\"core\/image\" data-wp-key=\"6a9944f507e7f\" class=\"wp-block-image size-full wp-lightbox-container\"><img decoding=\"async\" width=\"1500\" height=\"894\" data-wp-class--hide=\"state.isContentHidden\" data-wp-class--show=\"state.isContentVisible\" data-wp-init=\"callbacks.setButtonStyles\" data-wp-on--click=\"actions.showLightbox\" data-wp-on--load=\"callbacks.setButtonStyles\" data-wp-on--pointerdown=\"actions.preloadImage\" data-wp-on--pointerenter=\"actions.preloadImageWithDelay\" data-wp-on--pointerleave=\"actions.cancelPreload\" data-wp-on-window--resize=\"callbacks.setButtonStyles\" src=\"https:\/\/loudavymkrokem.cz\/wp-content\/uploads\/2026\/08\/dovolena-kypr-t02.jpg\" alt=\"Kir\u00e1lys\u00edrok Paphosban\" class=\"wp-image-399844\" title=\"\" srcset=\"https:\/\/loudavymkrokem.cz\/wp-content\/uploads\/2026\/08\/dovolena-kypr-t02.jpg 1500w, https:\/\/loudavymkrokem.cz\/wp-content\/uploads\/2026\/08\/dovolena-kypr-t02-300x179.jpg 300w, https:\/\/loudavymkrokem.cz\/wp-content\/uploads\/2026\/08\/dovolena-kypr-t02-700x417.jpg 700w, https:\/\/loudavymkrokem.cz\/wp-content\/uploads\/2026\/08\/dovolena-kypr-t02-768x458.jpg 768w, https:\/\/loudavymkrokem.cz\/wp-content\/uploads\/2026\/08\/dovolena-kypr-t02-696x415.jpg 696w, https:\/\/loudavymkrokem.cz\/wp-content\/uploads\/2026\/08\/dovolena-kypr-t02-1392x830.jpg 1392w\" sizes=\"(max-width: 1500px) 100vw, 1500px\" \/><button\n\t\t\tclass=\"lightbox-trigger\"\n\t\t\ttype=\"button\"\n\t\t\taria-haspopup=\"dialog\"\n\t\t\tdata-wp-bind--aria-label=\"state.thisImage.triggerButtonAriaLabel\"\n\t\t\tdata-wp-init=\"callbacks.initTriggerButton\"\n\t\t\tdata-wp-on--click=\"actions.showLightbox\"\n\t\t\tdata-wp-style--right=\"state.thisImage.buttonRight\"\n\t\t\tdata-wp-style--top=\"state.thisImage.buttonTop\"\n\t\t>\n\t\t\t<svg xmlns=\"http:\/\/www.w3.org\/2000\/svg\" width=\"12\" height=\"12\" fill=\"none\" viewBox=\"0 0 12 12\">\n\t\t\t\t<path fill=\"#fff\" d=\"M2 0a2 2 0 0 0-2 2v2h1.5V2a.5.5 0 0 1 .5-.5h2V0H2Zm2 10.5H2a.5.5 0 0 1-.5-.5V8H0v2a2 2 0 0 0 2 2h2v-1.5ZM8 12v-1.5h2a.5.5 0 0 0 .5-.5V8H12v2a2 2 0 0 1-2 2H8Zm2-12a2 2 0 0 1 2 2v2h-1.5V2a.5.5 0 0 0-.5-.5H8V0h2Z\" \/>\n\t\t\t<\/svg>\n\t\t<\/button><figcaption class=\"wp-element-caption\">Kir\u00e1lys\u00edrok Paphosban (Fot\u00f3: Nikodem Nijaki \/ Wikimedia Commons, CC BY-SA 3.0)<\/figcaption><\/figure>\n\n\n\n<p class=\"wp-block-paragraph\">Ez a r\u00e9g\u00e9szeti helysz\u00edn meglep\u0151en kiterjedt, \u00e9s a sz\u00f6vev\u00e9nyes f\u00f6ldalatti folyos\u00f3k bej\u00e1r\u00e1sa legal\u00e1bb egy-k\u00e9t \u00f3r\u00e1t vesz ig\u00e9nybe. A helyi idegenvezet\u0151k azt aj\u00e1nlj\u00e1k, hogy <strong>a s\u00edrok l\u00e1togat\u00e1s\u00e1t k\u00f6sd \u00f6ssze a k\u00f6zeli r\u00e9g\u00e9szeti parkkal<\/strong>, mert nagyon k\u00f6zel esnek egym\u00e1shoz. A legszebb hangulatot alkonyatkor \u00e9led \u00e1t, amikor a lenyugv\u00f3 nap aranysz\u00edn\u0171re festi a homokk\u0151szikl\u00e1kat, \u00e9s gy\u00f6ny\u00f6r\u0171 \u00e1rny\u00e9kokat vet az oszlopok k\u00f6z\u00e9.<\/p>\n\n\n\n<h3 id=\"3_Petra_tou_Romiou_skala_kde_se_podle_mytu_zrodila_Afrodita\" class=\"wp-block-heading\"><span class=\"ez-toc-section\" id=\"3_Petra_tou_Romiou_a_szikla_ahol_a_mitosz_szerint_Aphrodite_szuletett\"><\/span>3. Petra tou Romiou: a szikla, ahol a m\u00edtosz szerint Aphrodit\u00e9 sz\u00fcletett<span class=\"ez-toc-section-end\"><\/span><\/h3>\n\n\n\n<p class=\"wp-block-paragraph\">A Petra tou Romiou egy ikonikus, szikl\u00e1kkal teli kavicsos strand, ahol az \u0151si m\u00edtosz szerint a tenger habj\u00e1b\u00f3l sz\u00fcletett meg maga a szerelem \u00e9s a sz\u00e9ps\u00e9g istenn\u0151je, Aphrodit\u00e9. A helynek \u00e1ll\u00edt\u00f3lag m\u00e1gikus hangulata van, \u00e9s a monda szerint aki h\u00e1romszor k\u00f6rbe\u00fassza a f\u0151 szikl\u00e1t, \u00f6r\u00f6k fiatals\u00e1got \u00e9s sz\u00e9ps\u00e9get nyer. A legend\u00e1kban persze nem kell hinned, de <strong>a t\u00fcrkizk\u00e9k v\u00edzb\u0151l kiemelked\u0151 hatalmas m\u00e9szk\u0151szikl\u00e1k l\u00e1tv\u00e1nya<\/strong> a sziget egyik legt\u00f6bbet fot\u00f3zott mot\u00edvuma.<\/p>\n\n\n\n<figure data-wp-context=\"{&quot;imageId&quot;:&quot;6a9944f508283&quot;}\" data-wp-interactive=\"core\/image\" data-wp-key=\"6a9944f508283\" class=\"wp-block-image size-full wp-lightbox-container\"><img decoding=\"async\" width=\"1500\" height=\"999\" data-wp-class--hide=\"state.isContentHidden\" data-wp-class--show=\"state.isContentVisible\" data-wp-init=\"callbacks.setButtonStyles\" data-wp-on--click=\"actions.showLightbox\" data-wp-on--load=\"callbacks.setButtonStyles\" data-wp-on--pointerdown=\"actions.preloadImage\" data-wp-on--pointerenter=\"actions.preloadImageWithDelay\" data-wp-on--pointerleave=\"actions.cancelPreload\" data-wp-on-window--resize=\"callbacks.setButtonStyles\" src=\"https:\/\/loudavymkrokem.cz\/wp-content\/uploads\/2026\/08\/dovolena-kypr-t03.jpg\" alt=\"A Petra tou Romiou szikla, Aphrodit\u00e9 sz\u00fcl\u0151helye\" class=\"wp-image-399849\" title=\"\" srcset=\"https:\/\/loudavymkrokem.cz\/wp-content\/uploads\/2026\/08\/dovolena-kypr-t03.jpg 1500w, https:\/\/loudavymkrokem.cz\/wp-content\/uploads\/2026\/08\/dovolena-kypr-t03-300x200.jpg 300w, https:\/\/loudavymkrokem.cz\/wp-content\/uploads\/2026\/08\/dovolena-kypr-t03-700x466.jpg 700w, https:\/\/loudavymkrokem.cz\/wp-content\/uploads\/2026\/08\/dovolena-kypr-t03-768x511.jpg 768w, https:\/\/loudavymkrokem.cz\/wp-content\/uploads\/2026\/08\/dovolena-kypr-t03-696x464.jpg 696w, https:\/\/loudavymkrokem.cz\/wp-content\/uploads\/2026\/08\/dovolena-kypr-t03-1392x927.jpg 1392w\" sizes=\"(max-width: 1500px) 100vw, 1500px\" \/><button\n\t\t\tclass=\"lightbox-trigger\"\n\t\t\ttype=\"button\"\n\t\t\taria-haspopup=\"dialog\"\n\t\t\tdata-wp-bind--aria-label=\"state.thisImage.triggerButtonAriaLabel\"\n\t\t\tdata-wp-init=\"callbacks.initTriggerButton\"\n\t\t\tdata-wp-on--click=\"actions.showLightbox\"\n\t\t\tdata-wp-style--right=\"state.thisImage.buttonRight\"\n\t\t\tdata-wp-style--top=\"state.thisImage.buttonTop\"\n\t\t>\n\t\t\t<svg xmlns=\"http:\/\/www.w3.org\/2000\/svg\" width=\"12\" height=\"12\" fill=\"none\" viewBox=\"0 0 12 12\">\n\t\t\t\t<path fill=\"#fff\" d=\"M2 0a2 2 0 0 0-2 2v2h1.5V2a.5.5 0 0 1 .5-.5h2V0H2Zm2 10.5H2a.5.5 0 0 1-.5-.5V8H0v2a2 2 0 0 0 2 2h2v-1.5ZM8 12v-1.5h2a.5.5 0 0 0 .5-.5V8H12v2a2 2 0 0 1-2 2H8Zm2-12a2 2 0 0 1 2 2v2h-1.5V2a.5.5 0 0 0-.5-.5H8V0h2Z\" \/>\n\t\t\t<\/svg>\n\t\t<\/button><figcaption class=\"wp-element-caption\">A Petra tou Romiou szikla, Aphrodit\u00e9 sz\u00fcl\u0151helye (Fot\u00f3: Anton Zelenov \/ Wikimedia Commons, CC BY-SA 4.0)<\/figcaption><\/figure>\n\n\n\n<p class=\"wp-block-paragraph\">A f\u00fcrd\u00e9s itt az er\u0151sebb \u00e1ramlatok \u00e9s a nagyobb hull\u00e1mok miatt olykor nehezebb, \u00edgy nyugodt csal\u00e1di \u00fasz\u00e1sra \u00e1ltal\u00e1ban nem igaz\u00e1n alkalmas. Ide\u00e1lis <strong>napnyugtakor kimenni erre a strandra<\/strong>, amikor a kir\u00e1ndul\u00f3buszok t\u00f6mege kiss\u00e9 sz\u00e9tsz\u00e9led, \u00e9s az eg\u00e9sz l\u00e1tv\u00e1ny csod\u00e1latos romantikus \u00e1rnyalatot kap. Az utaz\u00f3k a strand feletti szirt kil\u00e1t\u00f3j\u00e1t is dics\u00e9rik, ahonnan a legjobb panor\u00e1mak\u00e9peket k\u00e9sz\u00edtheted el.<\/p>\n\n\n\n<h3 id=\"4_Poloostrov_Akamas_a_Modra_laguna\" class=\"wp-block-heading\"><span class=\"ez-toc-section\" id=\"4_Az_Akamasz-felsziget_es_a_Kek_laguna\"><\/span>4. Az Akamasz-f\u00e9lsziget \u00e9s a K\u00e9k lag\u00fana<span class=\"ez-toc-section-end\"><\/span><\/h3>\n\n\n\n<p class=\"wp-block-paragraph\">Az Akamasz-f\u00e9lsziget \u00e9s a K\u00e9k lag\u00fana a sziget nyugati cs\u00fccsk\u00e9nek legvadabb \u00e9s leg\u00e9rintetlenebb v\u00e9dett ter\u00fclet\u00e9t alkotja. S\u0171r\u0171 erd\u0151ket, \u00fcres \u00f6bl\u00f6ket, \u00e9s mindenekel\u0151tt a n\u00e9pszer\u0171 K\u00e9k lag\u00fan\u00e1t tal\u00e1lod itt, olyan <strong>\u00e1ttetsz\u0151 \u00e9s krist\u00e1lytiszta v\u00edzzel<\/strong>, hogy ink\u00e1bb az egzotikus Karib-tenger valamely partj\u00e1n fogod \u00e9rezni magad. A term\u00e9szet itt v\u00e9dve van a massz\u00edv be\u00e9p\u00edt\u00e9st\u0151l, \u00edgy ne sz\u00e1m\u00edts nagy hotelkomplexumokra, ink\u00e1bb poros utakra \u00e9s teljes nyugalomra.<\/p>\n\n\n\n<figure data-wp-context=\"{&quot;imageId&quot;:&quot;6a9944f508612&quot;}\" data-wp-interactive=\"core\/image\" data-wp-key=\"6a9944f508612\" class=\"wp-block-image size-full wp-lightbox-container\"><img decoding=\"async\" width=\"1500\" height=\"959\" data-wp-class--hide=\"state.isContentHidden\" data-wp-class--show=\"state.isContentVisible\" data-wp-init=\"callbacks.setButtonStyles\" data-wp-on--click=\"actions.showLightbox\" data-wp-on--load=\"callbacks.setButtonStyles\" data-wp-on--pointerdown=\"actions.preloadImage\" data-wp-on--pointerenter=\"actions.preloadImageWithDelay\" data-wp-on--pointerleave=\"actions.cancelPreload\" data-wp-on-window--resize=\"callbacks.setButtonStyles\" src=\"https:\/\/loudavymkrokem.cz\/wp-content\/uploads\/2026\/08\/dovolena-kypr-t04.jpg\" alt=\"K\u00e9k lag\u00fana az Akamasz-f\u00e9lszigeten\" class=\"wp-image-399854\" title=\"\" srcset=\"https:\/\/loudavymkrokem.cz\/wp-content\/uploads\/2026\/08\/dovolena-kypr-t04.jpg 1500w, https:\/\/loudavymkrokem.cz\/wp-content\/uploads\/2026\/08\/dovolena-kypr-t04-300x192.jpg 300w, https:\/\/loudavymkrokem.cz\/wp-content\/uploads\/2026\/08\/dovolena-kypr-t04-700x448.jpg 700w, https:\/\/loudavymkrokem.cz\/wp-content\/uploads\/2026\/08\/dovolena-kypr-t04-768x491.jpg 768w, https:\/\/loudavymkrokem.cz\/wp-content\/uploads\/2026\/08\/dovolena-kypr-t04-696x445.jpg 696w, https:\/\/loudavymkrokem.cz\/wp-content\/uploads\/2026\/08\/dovolena-kypr-t04-1392x890.jpg 1392w\" sizes=\"(max-width: 1500px) 100vw, 1500px\" \/><button\n\t\t\tclass=\"lightbox-trigger\"\n\t\t\ttype=\"button\"\n\t\t\taria-haspopup=\"dialog\"\n\t\t\tdata-wp-bind--aria-label=\"state.thisImage.triggerButtonAriaLabel\"\n\t\t\tdata-wp-init=\"callbacks.initTriggerButton\"\n\t\t\tdata-wp-on--click=\"actions.showLightbox\"\n\t\t\tdata-wp-style--right=\"state.thisImage.buttonRight\"\n\t\t\tdata-wp-style--top=\"state.thisImage.buttonTop\"\n\t\t>\n\t\t\t<svg xmlns=\"http:\/\/www.w3.org\/2000\/svg\" width=\"12\" height=\"12\" fill=\"none\" viewBox=\"0 0 12 12\">\n\t\t\t\t<path fill=\"#fff\" d=\"M2 0a2 2 0 0 0-2 2v2h1.5V2a.5.5 0 0 1 .5-.5h2V0H2Zm2 10.5H2a.5.5 0 0 1-.5-.5V8H0v2a2 2 0 0 0 2 2h2v-1.5ZM8 12v-1.5h2a.5.5 0 0 0 .5-.5V8H12v2a2 2 0 0 1-2 2H8Zm2-12a2 2 0 0 1 2 2v2h-1.5V2a.5.5 0 0 0-.5-.5H8V0h2Z\" \/>\n\t\t\t<\/svg>\n\t\t<\/button><figcaption class=\"wp-element-caption\">K\u00e9k lag\u00fana az Akamasz-f\u00e9lszigeten (Fot\u00f3: Michal Klajban \/ Wikimedia Commons, CC BY-SA 4.0)<\/figcaption><\/figure>\n\n\n\n<p class=\"wp-block-paragraph\">A K\u00e9k lag\u00fan\u00e1hoz egy hagyom\u00e1nyos b\u00e9relt szem\u00e9lyaut\u00f3val sajnos nem jutsz el, mert a burkolatlan utak tele vannak m\u00e9ly g\u00f6dr\u00f6kkel \u00e9s \u00e9les k\u00f6vekkel. Praktikus megold\u00e1s egy <strong>terepj\u00e1r\u00f3 b\u00e9rl\u00e9se vagy egy k\u00e9nyelmes haj\u00f3kir\u00e1ndul\u00e1s<\/strong> a k\u00f6zeli Latchi kik\u00f6t\u0151b\u0151l. A haj\u00f3kir\u00e1ndul\u00e1sok gyakran tartalmaznak egy hosszabb f\u00fcrd\u0151meg\u00e1ll\u00f3t egyenesen a lag\u00fan\u00e1ban, ami sok l\u00e1togat\u00f3 szerint a legink\u00e1bb kellemes m\u00f3dja e t\u00e1j megismer\u00e9s\u00e9nek.<\/p>\n\n\n\n<h3 id=\"5_Souteska_Avakas\" class=\"wp-block-heading\"><span class=\"ez-toc-section\" id=\"5_Az_Avakas-szurdok\"><\/span>5. Az Avakas-szurdok<span class=\"ez-toc-section-end\"><\/span><\/h3>\n\n\n\n<p class=\"wp-block-paragraph\">Az Avakas-szurdok egy csod\u00e1latos term\u00e9szeti jelens\u00e9g, egy keskeny, m\u00e9szk\u0151szikl\u00e1ba v\u00e1jt kanyon, amely az akt\u00edv mozg\u00e1s \u00e9s a term\u00e9szet szerelmeseit cs\u00e1b\u00edtja. A szurdok falai ak\u00e1r harminc m\u00e9ter magasak, \u00e9s a legkeskenyebb helyeken olyan k\u00f6zel ker\u00fclnek egym\u00e1shoz, hogy egyszerre mindk\u00e9t kezeddel meg\u00e9rintheted \u0151ket. Maga a <strong>kanyonon \u00e1tvezet\u0151 t\u00fara k\u00f6r\u00fclbel\u00fcl k\u00e9t \u00f3r\u00e1t vesz ig\u00e9nybe<\/strong>, \u00e9s kellemes felfriss\u00fcl\u00e9st k\u00edn\u00e1l a legtikkaszt\u00f3bb ny\u00e1ri napokon is, mert az \u00e9les nap csak ritk\u00e1n jut be ide.<\/p>\n\n\n\n<figure data-wp-context=\"{&quot;imageId&quot;:&quot;6a9944f508a12&quot;}\" data-wp-interactive=\"core\/image\" data-wp-key=\"6a9944f508a12\" class=\"wp-block-image size-full wp-lightbox-container\"><img decoding=\"async\" width=\"1500\" height=\"1000\" data-wp-class--hide=\"state.isContentHidden\" data-wp-class--show=\"state.isContentVisible\" data-wp-init=\"callbacks.setButtonStyles\" data-wp-on--click=\"actions.showLightbox\" data-wp-on--load=\"callbacks.setButtonStyles\" data-wp-on--pointerdown=\"actions.preloadImage\" data-wp-on--pointerenter=\"actions.preloadImageWithDelay\" data-wp-on--pointerleave=\"actions.cancelPreload\" data-wp-on-window--resize=\"callbacks.setButtonStyles\" src=\"https:\/\/loudavymkrokem.cz\/wp-content\/uploads\/2026\/08\/dovolena-kypr-t05.jpg\" alt=\"Avakas-szurdok Ciprus nyugati r\u00e9sz\u00e9n\" class=\"wp-image-399859\" title=\"\" srcset=\"https:\/\/loudavymkrokem.cz\/wp-content\/uploads\/2026\/08\/dovolena-kypr-t05.jpg 1500w, https:\/\/loudavymkrokem.cz\/wp-content\/uploads\/2026\/08\/dovolena-kypr-t05-300x200.jpg 300w, https:\/\/loudavymkrokem.cz\/wp-content\/uploads\/2026\/08\/dovolena-kypr-t05-700x467.jpg 700w, https:\/\/loudavymkrokem.cz\/wp-content\/uploads\/2026\/08\/dovolena-kypr-t05-768x512.jpg 768w, https:\/\/loudavymkrokem.cz\/wp-content\/uploads\/2026\/08\/dovolena-kypr-t05-696x464.jpg 696w, https:\/\/loudavymkrokem.cz\/wp-content\/uploads\/2026\/08\/dovolena-kypr-t05-1392x928.jpg 1392w\" sizes=\"(max-width: 1500px) 100vw, 1500px\" \/><button\n\t\t\tclass=\"lightbox-trigger\"\n\t\t\ttype=\"button\"\n\t\t\taria-haspopup=\"dialog\"\n\t\t\tdata-wp-bind--aria-label=\"state.thisImage.triggerButtonAriaLabel\"\n\t\t\tdata-wp-init=\"callbacks.initTriggerButton\"\n\t\t\tdata-wp-on--click=\"actions.showLightbox\"\n\t\t\tdata-wp-style--right=\"state.thisImage.buttonRight\"\n\t\t\tdata-wp-style--top=\"state.thisImage.buttonTop\"\n\t\t>\n\t\t\t<svg xmlns=\"http:\/\/www.w3.org\/2000\/svg\" width=\"12\" height=\"12\" fill=\"none\" viewBox=\"0 0 12 12\">\n\t\t\t\t<path fill=\"#fff\" d=\"M2 0a2 2 0 0 0-2 2v2h1.5V2a.5.5 0 0 1 .5-.5h2V0H2Zm2 10.5H2a.5.5 0 0 1-.5-.5V8H0v2a2 2 0 0 0 2 2h2v-1.5ZM8 12v-1.5h2a.5.5 0 0 0 .5-.5V8H12v2a2 2 0 0 1-2 2H8Zm2-12a2 2 0 0 1 2 2v2h-1.5V2a.5.5 0 0 0-.5-.5H8V0h2Z\" \/>\n\t\t\t<\/svg>\n\t\t<\/button><figcaption class=\"wp-element-caption\">Avakas-szurdok Ciprus nyugati r\u00e9sz\u00e9n (Fot\u00f3: Krzysztof Ziarnek, Kenraiz \/ Wikimedia Commons, CC BY-SA 4.0)<\/figcaption><\/figure>\n\n\n\n<p class=\"wp-block-paragraph\">Indul\u00e1s el\u0151tt mindig nagyon alaposan ellen\u0151rizd az aktu\u00e1lis id\u0151j\u00e1r\u00e1s-el\u0151rejelz\u00e9st, mivel er\u0151sebb es\u0151k ut\u00e1n a szurdok gyakran z\u00e1rva van a lehull\u00f3 k\u00f6vek \u00e9s a vill\u00e1m\u00e1rvizek vesz\u00e9lye miatt. A t\u00fara nagyr\u00e9szt a patakmederben, nedves \u00e9s cs\u00fasz\u00f3s k\u00f6veken vezet, \u00edgy j\u00f3l j\u00f6het egy megfelel\u0151en be\u00e1ll\u00edtott <a href=\"https:\/\/loudavymkrokem.cz\/jak-vybrat-cestovni-pojisteni-na-dovolenou\/\">\u00fatibiztos\u00edt\u00e1s<\/a> is, mert egy apr\u00f3 elcs\u00fasz\u00e1s gyakorlatilag folyamatosan fenyeget.<\/p>\n\n\n\n<h3 id=\"6_Lara_Bay_a_morske_zelvy\" class=\"wp-block-heading\"><span class=\"ez-toc-section\" id=\"6_Lara_Bay_es_a_tengeri_teknosok\"><\/span>6. Lara Bay \u00e9s a tengeri tekn\u0151s\u00f6k<span class=\"ez-toc-section-end\"><\/span><\/h3>\n\n\n\n<p class=\"wp-block-paragraph\">A Lara Bay egy gy\u00f6ny\u00f6r\u0171 \u00e9s szigor\u00faan v\u00e9dett strand, amely a vesz\u00e9lyeztetett tengeri tekn\u0151s\u00f6k biztons\u00e1gos mened\u00e9kek\u00e9nt v\u00e1lt h\u00edress\u00e9. J\u00faniust\u00f3l okt\u00f3berig <strong>ide \u00fasznak pet\u00e9ket rakni a hatalmas cserepestekn\u0151s\u00f6k \u00e9s k\u00f6z\u00f6ns\u00e9ges tengeritekn\u0151s\u00f6k<\/strong>, ami rendk\u00edv\u00fcl fontos \u00f6kol\u00f3giai helysz\u00ednn\u00e9 teszi az eg\u00e9sz Mediterr\u00e1neumban. Az \u00f6nk\u00e9ntesek a homokban l\u00e9v\u0151 f\u00e9szkeket gondosan megjel\u00f6lik speci\u00e1lis f\u00e9m kalitk\u00e1kkal, hogy megv\u00e9dj\u00e9k \u0151ket a ragadoz\u00f3kt\u00f3l \u00e9s a figyelmetlen turist\u00e1kt\u00f3l.<\/p>\n\n\n\n<figure data-wp-context=\"{&quot;imageId&quot;:&quot;6a9944f508e07&quot;}\" data-wp-interactive=\"core\/image\" data-wp-key=\"6a9944f508e07\" class=\"wp-block-image size-full wp-lightbox-container\"><img decoding=\"async\" width=\"1500\" height=\"1000\" data-wp-class--hide=\"state.isContentHidden\" data-wp-class--show=\"state.isContentVisible\" data-wp-init=\"callbacks.setButtonStyles\" data-wp-on--click=\"actions.showLightbox\" data-wp-on--load=\"callbacks.setButtonStyles\" data-wp-on--pointerdown=\"actions.preloadImage\" data-wp-on--pointerenter=\"actions.preloadImageWithDelay\" data-wp-on--pointerleave=\"actions.cancelPreload\" data-wp-on-window--resize=\"callbacks.setButtonStyles\" src=\"https:\/\/loudavymkrokem.cz\/wp-content\/uploads\/2026\/08\/dovolena-kypr-t06.jpg\" alt=\"A v\u00e9dett Lara Bay strand\" class=\"wp-image-399863\" title=\"\" srcset=\"https:\/\/loudavymkrokem.cz\/wp-content\/uploads\/2026\/08\/dovolena-kypr-t06.jpg 1500w, https:\/\/loudavymkrokem.cz\/wp-content\/uploads\/2026\/08\/dovolena-kypr-t06-300x200.jpg 300w, https:\/\/loudavymkrokem.cz\/wp-content\/uploads\/2026\/08\/dovolena-kypr-t06-700x467.jpg 700w, https:\/\/loudavymkrokem.cz\/wp-content\/uploads\/2026\/08\/dovolena-kypr-t06-768x512.jpg 768w, https:\/\/loudavymkrokem.cz\/wp-content\/uploads\/2026\/08\/dovolena-kypr-t06-696x464.jpg 696w, https:\/\/loudavymkrokem.cz\/wp-content\/uploads\/2026\/08\/dovolena-kypr-t06-1392x928.jpg 1392w\" sizes=\"(max-width: 1500px) 100vw, 1500px\" \/><button\n\t\t\tclass=\"lightbox-trigger\"\n\t\t\ttype=\"button\"\n\t\t\taria-haspopup=\"dialog\"\n\t\t\tdata-wp-bind--aria-label=\"state.thisImage.triggerButtonAriaLabel\"\n\t\t\tdata-wp-init=\"callbacks.initTriggerButton\"\n\t\t\tdata-wp-on--click=\"actions.showLightbox\"\n\t\t\tdata-wp-style--right=\"state.thisImage.buttonRight\"\n\t\t\tdata-wp-style--top=\"state.thisImage.buttonTop\"\n\t\t>\n\t\t\t<svg xmlns=\"http:\/\/www.w3.org\/2000\/svg\" width=\"12\" height=\"12\" fill=\"none\" viewBox=\"0 0 12 12\">\n\t\t\t\t<path fill=\"#fff\" d=\"M2 0a2 2 0 0 0-2 2v2h1.5V2a.5.5 0 0 1 .5-.5h2V0H2Zm2 10.5H2a.5.5 0 0 1-.5-.5V8H0v2a2 2 0 0 0 2 2h2v-1.5ZM8 12v-1.5h2a.5.5 0 0 0 .5-.5V8H12v2a2 2 0 0 1-2 2H8Zm2-12a2 2 0 0 1 2 2v2h-1.5V2a.5.5 0 0 0-.5-.5H8V0h2Z\" \/>\n\t\t\t<\/svg>\n\t\t<\/button><figcaption class=\"wp-element-caption\">A v\u00e9dett Lara Bay strand (Fot\u00f3: Dm Bsg \/ Wikimedia Commons, CC BY 3.0)<\/figcaption><\/figure>\n\n\n\n<p class=\"wp-block-paragraph\">A l\u00e1togat\u00e1s szab\u00e1lyai ezen a helyen meglehet\u0151sen szigor\u00faak, \u00e9s kiv\u00e9tel n\u00e9lk\u00fcl tiszteletben kell tartani \u0151ket. A strandra <strong>\u00e9jjel tilos bel\u00e9pni, \u00e9s szigor\u00fa tilalom van a vil\u00e1g\u00edt\u00e1sra<\/strong>, mert a mesters\u00e9ges f\u00e9ny \u00f6sszezavarja a frissen kikelt kis tekn\u0151s\u00f6ket, amelyek emiatt nem tal\u00e1ln\u00e1k meg az utat a tengerhez. Felejtsd el a naperny\u0151k homokba sz\u00far\u00e1s\u00e1t is, mert akaratlanul is t\u00f6nkretehetn\u00e9d a m\u00e9lyen a felsz\u00edn alatt rejt\u0151z\u0151 tekn\u0151stoj\u00e1sokat.<\/p>\n\n\n\n<h3 id=\"7_Morske_jeskyne_u_Peyie_a_Coral_Bay\" class=\"wp-block-heading\"><span class=\"ez-toc-section\" id=\"7_A_Peyia_melletti_tengeri_barlangok_es_a_Coral_Bay\"><\/span>7. A Peyia melletti tengeri barlangok \u00e9s a Coral Bay<span class=\"ez-toc-section-end\"><\/span><\/h3>\n\n\n\n<p class=\"wp-block-paragraph\">A Peyia melletti tengeri barlangok \u00e9s a szomsz\u00e9dos Coral Bay \u00fcd\u00fcl\u0151hely csod\u00e1latos kontrasztot alkot a vad, szikl\u00e1s part \u00e9s a k\u00e9nyelmes f\u00fcrd\u0151z\u00e9s k\u00f6z\u00f6tt. Az \u00fagynevezett sea caves ter\u00fclete tele van bizarr sziklaalakzatokkal, bolt\u00edvekkel \u00e9s barlangokkal, amelyekbe kitart\u00f3an csap\u00f3dnak a tengeri hull\u00e1mok, dr\u00e1mai l\u00e1tv\u00e1nyt ny\u00fajtva. R\u00f6gt\u00f6n mellette pedig ott a Coral Bay, amely <strong>a nyugati part egy\u00e9bk\u00e9nt t\u00falnyom\u00f3r\u00e9szt k\u00f6ves partj\u00e1n az egyik kev\u00e9s igaz\u00e1n sz\u00e9p homokos strand<\/strong>.<\/p>\n\n\n\n<figure data-wp-context=\"{&quot;imageId&quot;:&quot;6a9944f5091cd&quot;}\" data-wp-interactive=\"core\/image\" data-wp-key=\"6a9944f5091cd\" class=\"wp-block-image size-full wp-lightbox-container\"><img decoding=\"async\" width=\"1500\" height=\"1125\" data-wp-class--hide=\"state.isContentHidden\" data-wp-class--show=\"state.isContentVisible\" data-wp-init=\"callbacks.setButtonStyles\" data-wp-on--click=\"actions.showLightbox\" data-wp-on--load=\"callbacks.setButtonStyles\" data-wp-on--pointerdown=\"actions.preloadImage\" data-wp-on--pointerenter=\"actions.preloadImageWithDelay\" data-wp-on--pointerleave=\"actions.cancelPreload\" data-wp-on-window--resize=\"callbacks.setButtonStyles\" src=\"https:\/\/loudavymkrokem.cz\/wp-content\/uploads\/2026\/08\/dovolena-kypr-t07.jpg\" alt=\"Coral Bay strand Paphos mellett\" class=\"wp-image-399867\" title=\"\" srcset=\"https:\/\/loudavymkrokem.cz\/wp-content\/uploads\/2026\/08\/dovolena-kypr-t07.jpg 1500w, https:\/\/loudavymkrokem.cz\/wp-content\/uploads\/2026\/08\/dovolena-kypr-t07-300x225.jpg 300w, https:\/\/loudavymkrokem.cz\/wp-content\/uploads\/2026\/08\/dovolena-kypr-t07-700x525.jpg 700w, https:\/\/loudavymkrokem.cz\/wp-content\/uploads\/2026\/08\/dovolena-kypr-t07-768x576.jpg 768w, https:\/\/loudavymkrokem.cz\/wp-content\/uploads\/2026\/08\/dovolena-kypr-t07-80x60.jpg 80w, https:\/\/loudavymkrokem.cz\/wp-content\/uploads\/2026\/08\/dovolena-kypr-t07-160x120.jpg 160w, https:\/\/loudavymkrokem.cz\/wp-content\/uploads\/2026\/08\/dovolena-kypr-t07-696x522.jpg 696w, https:\/\/loudavymkrokem.cz\/wp-content\/uploads\/2026\/08\/dovolena-kypr-t07-1392x1044.jpg 1392w\" sizes=\"(max-width: 1500px) 100vw, 1500px\" \/><button\n\t\t\tclass=\"lightbox-trigger\"\n\t\t\ttype=\"button\"\n\t\t\taria-haspopup=\"dialog\"\n\t\t\tdata-wp-bind--aria-label=\"state.thisImage.triggerButtonAriaLabel\"\n\t\t\tdata-wp-init=\"callbacks.initTriggerButton\"\n\t\t\tdata-wp-on--click=\"actions.showLightbox\"\n\t\t\tdata-wp-style--right=\"state.thisImage.buttonRight\"\n\t\t\tdata-wp-style--top=\"state.thisImage.buttonTop\"\n\t\t>\n\t\t\t<svg xmlns=\"http:\/\/www.w3.org\/2000\/svg\" width=\"12\" height=\"12\" fill=\"none\" viewBox=\"0 0 12 12\">\n\t\t\t\t<path fill=\"#fff\" d=\"M2 0a2 2 0 0 0-2 2v2h1.5V2a.5.5 0 0 1 .5-.5h2V0H2Zm2 10.5H2a.5.5 0 0 1-.5-.5V8H0v2a2 2 0 0 0 2 2h2v-1.5ZM8 12v-1.5h2a.5.5 0 0 0 .5-.5V8H12v2a2 2 0 0 1-2 2H8Zm2-12a2 2 0 0 1 2 2v2h-1.5V2a.5.5 0 0 0-.5-.5H8V0h2Z\" \/>\n\t\t\t<\/svg>\n\t\t<\/button><figcaption class=\"wp-element-caption\">Coral Bay strand Paphos mellett (Fot\u00f3: TomasNY \/ Wikimedia Commons, CC BY-SA 3.0)<\/figcaption><\/figure>\n\n\n\n<p class=\"wp-block-paragraph\">M\u00edg a tengeri barlangokat ink\u00e1bb a szirtekr\u0151l csod\u00e1lj\u00e1k a fot\u00f3sok, a Coral Bay t\u00f6k\u00e9letes h\u00e1tteret k\u00edn\u00e1l nap\u00e1gyakkal, tiszta homokkal \u00e9s nagyon fokozatos tengerbe l\u00e9p\u00e9ssel. A helyiek azt aj\u00e1nlj\u00e1k, hogy okosan kombin\u00e1ld a k\u00e9t helysz\u00ednt, \u00edgy <strong>el\u0151sz\u00f6r k\u00e9nyelmesen megf\u00fcr\u00f6dhetsz a homokos strandon<\/strong>, majd p\u00e1r kilom\u00e9tert \u00e1taut\u00f3zhatsz a barlangokhoz, ahol fantasztikus napnyugta v\u00e1r r\u00e1d.<\/p>\n\n\n\n<h3 id=\"8_Limassol_nabrezi_hrad_a_nejzivejsi_mesto_jihu\" class=\"wp-block-heading\"><span class=\"ez-toc-section\" id=\"8_Limassol_tengerparti_setany_var_es_a_del_legpezsgobb_varosa\"><\/span>8. Limassol: tengerparti s\u00e9t\u00e1ny, v\u00e1r \u00e9s a d\u00e9l legpezsg\u0151bb v\u00e1rosa<span class=\"ez-toc-section-end\"><\/span><\/h3>\n\n\n\n<p class=\"wp-block-paragraph\">Limassol k\u00e9ts\u00e9gtelen\u00fcl az eg\u00e9sz g\u00f6r\u00f6g d\u00e9l legpezsg\u0151bb \u00e9s legkozmopolit\u00e1bb v\u00e1rosa, amely t\u00f6k\u00e9letesen keveri a t\u00f6rt\u00e9nelmet a modern \u00e9lettel. A sz\u00edve a n\u00e9pszer\u0171, hossz\u00fa Molosz-s\u00e9t\u00e1ny, amely a partot szeg\u00e9lyezi, \u00e9s sok z\u00f6ldet, padot, modern szobrot \u00e9s tengerre n\u00e9z\u0151 hangulatos k\u00e1v\u00e9z\u00f3t k\u00edn\u00e1l. A v\u00e1ros t\u00f6rt\u00e9nelmi k\u00f6zpontja pedig a r\u00e9gi k\u00f6z\u00e9pkori v\u00e1r, ahol a korabeli forr\u00e1sok szerint <strong>\u00e1ll\u00edt\u00f3lag a h\u00edres Oroszl\u00e1nsz\u00edv\u0171 Rich\u00e1rd kir\u00e1ly n\u0151s\u00fclt<\/strong> jegyes\u00e9vel, Navarrai Bereng\u00e1ri\u00e1val.<\/p>\n\n\n\n<figure data-wp-context=\"{&quot;imageId&quot;:&quot;6a9944f509746&quot;}\" data-wp-interactive=\"core\/image\" data-wp-key=\"6a9944f509746\" class=\"wp-block-image size-full wp-lightbox-container\"><img decoding=\"async\" width=\"1500\" height=\"1125\" data-wp-class--hide=\"state.isContentHidden\" data-wp-class--show=\"state.isContentVisible\" data-wp-init=\"callbacks.setButtonStyles\" data-wp-on--click=\"actions.showLightbox\" data-wp-on--load=\"callbacks.setButtonStyles\" data-wp-on--pointerdown=\"actions.preloadImage\" data-wp-on--pointerenter=\"actions.preloadImageWithDelay\" data-wp-on--pointerleave=\"actions.cancelPreload\" data-wp-on-window--resize=\"callbacks.setButtonStyles\" src=\"https:\/\/loudavymkrokem.cz\/wp-content\/uploads\/2026\/08\/dovolena-kypr-t08.jpg\" alt=\"A Molosz-s\u00e9t\u00e1ny Limassolban\" class=\"wp-image-399872\" title=\"\" srcset=\"https:\/\/loudavymkrokem.cz\/wp-content\/uploads\/2026\/08\/dovolena-kypr-t08.jpg 1500w, https:\/\/loudavymkrokem.cz\/wp-content\/uploads\/2026\/08\/dovolena-kypr-t08-300x225.jpg 300w, https:\/\/loudavymkrokem.cz\/wp-content\/uploads\/2026\/08\/dovolena-kypr-t08-700x525.jpg 700w, https:\/\/loudavymkrokem.cz\/wp-content\/uploads\/2026\/08\/dovolena-kypr-t08-768x576.jpg 768w, https:\/\/loudavymkrokem.cz\/wp-content\/uploads\/2026\/08\/dovolena-kypr-t08-80x60.jpg 80w, https:\/\/loudavymkrokem.cz\/wp-content\/uploads\/2026\/08\/dovolena-kypr-t08-160x120.jpg 160w, https:\/\/loudavymkrokem.cz\/wp-content\/uploads\/2026\/08\/dovolena-kypr-t08-696x522.jpg 696w, https:\/\/loudavymkrokem.cz\/wp-content\/uploads\/2026\/08\/dovolena-kypr-t08-1392x1044.jpg 1392w\" sizes=\"(max-width: 1500px) 100vw, 1500px\" \/><button\n\t\t\tclass=\"lightbox-trigger\"\n\t\t\ttype=\"button\"\n\t\t\taria-haspopup=\"dialog\"\n\t\t\tdata-wp-bind--aria-label=\"state.thisImage.triggerButtonAriaLabel\"\n\t\t\tdata-wp-init=\"callbacks.initTriggerButton\"\n\t\t\tdata-wp-on--click=\"actions.showLightbox\"\n\t\t\tdata-wp-style--right=\"state.thisImage.buttonRight\"\n\t\t\tdata-wp-style--top=\"state.thisImage.buttonTop\"\n\t\t>\n\t\t\t<svg xmlns=\"http:\/\/www.w3.org\/2000\/svg\" width=\"12\" height=\"12\" fill=\"none\" viewBox=\"0 0 12 12\">\n\t\t\t\t<path fill=\"#fff\" d=\"M2 0a2 2 0 0 0-2 2v2h1.5V2a.5.5 0 0 1 .5-.5h2V0H2Zm2 10.5H2a.5.5 0 0 1-.5-.5V8H0v2a2 2 0 0 0 2 2h2v-1.5ZM8 12v-1.5h2a.5.5 0 0 0 .5-.5V8H12v2a2 2 0 0 1-2 2H8Zm2-12a2 2 0 0 1 2 2v2h-1.5V2a.5.5 0 0 0-.5-.5H8V0h2Z\" \/>\n\t\t\t<\/svg>\n\t\t<\/button><figcaption class=\"wp-element-caption\">A Molosz-s\u00e9t\u00e1ny Limassolban (Fot\u00f3: A.Savin \/ Wikimedia Commons, FAL)<\/figcaption><\/figure>\n\n\n\n<p class=\"wp-block-paragraph\">A v\u00e1r k\u00f6r\u00fcl a hagyom\u00e1nyos \u00e9ttermek, kis k\u00e9zm\u0171ves boltok \u00e9s b\u00e1rok sz\u0171k utc\u00e1inak h\u00e1l\u00f3zata ter\u00fcl el, amelyek f\u0151leg s\u00f6t\u00e9ted\u00e9s ut\u00e1n elevenednek meg. Limassol remek kiindul\u00f3pontk\u00e9nt szolg\u00e1l a sziget felfedez\u00e9s\u00e9hez, mert strat\u00e9giailag pontosan a d\u00e9li part k\u00f6zep\u00e9n fekszik. Ha <strong>a ny\u00fczsg\u0151 v\u00e1rosi \u00e9let, a j\u00f3 \u00e9tel \u00e9s a t\u00f6rt\u00e9nelem kombin\u00e1ci\u00f3j\u00e1t keresed<\/strong>, ez a v\u00e1ros garant\u00e1ltan nem okoz csal\u00f3d\u00e1st.<\/p>\n\n\n\n<h3 id=\"9_Kourion_anticke_divadlo_nad_morem\" class=\"wp-block-heading\"><span class=\"ez-toc-section\" id=\"9_Kourion_antik_szinhaz_a_tenger_felett\"><\/span>9. Kourion: antik sz\u00ednh\u00e1z a tenger felett<span class=\"ez-toc-section-end\"><\/span><\/h3>\n\n\n\n<p class=\"wp-block-paragraph\">Kourion egy kiterjedt g\u00f6r\u00f6g-r\u00f3mai antik v\u00e1ros, amely teljesen dr\u00e1maian magasodik egy magas szirten, k\u00f6zvetlen\u00fcl a h\u00e1borg\u00f3 tenger f\u00f6l\u00f6tt. Az eg\u00e9sz komplexum legh\u00edresebb \u00e9p\u00fclete a gy\u00f6ny\u00f6r\u0171en rekonstru\u00e1lt antik sz\u00ednh\u00e1z, amely t\u00f6k\u00e9letes akusztik\u00e1j\u00e1nak k\u00f6sz\u00f6nhet\u0151en ma is ny\u00e1ri szabadt\u00e9ri koncertek helysz\u00edne. A l\u00e1togat\u00e1s sor\u00e1n s\u00e9t\u00e1lgathatsz a k\u00f6zf\u00fcrd\u0151k maradv\u00e1nyai k\u00f6z\u00f6tt, \u00e9s <strong>tanulm\u00e1nyozhatod a gazdag polg\u00e1rok h\u00e1zaiban meg\u0151rz\u00f6tt padl\u00f3mozaikokat<\/strong>, amelyek a sziget legjobbjai k\u00f6z\u00e9 tartoznak.<\/p>\n\n\n\n<figure data-wp-context=\"{&quot;imageId&quot;:&quot;6a9944f509d99&quot;}\" data-wp-interactive=\"core\/image\" data-wp-key=\"6a9944f509d99\" class=\"wp-block-image size-full wp-lightbox-container\"><img decoding=\"async\" width=\"1500\" height=\"937\" data-wp-class--hide=\"state.isContentHidden\" data-wp-class--show=\"state.isContentVisible\" data-wp-init=\"callbacks.setButtonStyles\" data-wp-on--click=\"actions.showLightbox\" data-wp-on--load=\"callbacks.setButtonStyles\" data-wp-on--pointerdown=\"actions.preloadImage\" data-wp-on--pointerenter=\"actions.preloadImageWithDelay\" data-wp-on--pointerleave=\"actions.cancelPreload\" data-wp-on-window--resize=\"callbacks.setButtonStyles\" src=\"https:\/\/loudavymkrokem.cz\/wp-content\/uploads\/2026\/08\/dovolena-kypr-t09.jpg\" alt=\"Antik sz\u00ednh\u00e1z Kourionban\" class=\"wp-image-399874\" title=\"\" srcset=\"https:\/\/loudavymkrokem.cz\/wp-content\/uploads\/2026\/08\/dovolena-kypr-t09.jpg 1500w, https:\/\/loudavymkrokem.cz\/wp-content\/uploads\/2026\/08\/dovolena-kypr-t09-300x187.jpg 300w, https:\/\/loudavymkrokem.cz\/wp-content\/uploads\/2026\/08\/dovolena-kypr-t09-700x437.jpg 700w, https:\/\/loudavymkrokem.cz\/wp-content\/uploads\/2026\/08\/dovolena-kypr-t09-768x480.jpg 768w, https:\/\/loudavymkrokem.cz\/wp-content\/uploads\/2026\/08\/dovolena-kypr-t09-696x435.jpg 696w, https:\/\/loudavymkrokem.cz\/wp-content\/uploads\/2026\/08\/dovolena-kypr-t09-1392x870.jpg 1392w\" sizes=\"(max-width: 1500px) 100vw, 1500px\" \/><button\n\t\t\tclass=\"lightbox-trigger\"\n\t\t\ttype=\"button\"\n\t\t\taria-haspopup=\"dialog\"\n\t\t\tdata-wp-bind--aria-label=\"state.thisImage.triggerButtonAriaLabel\"\n\t\t\tdata-wp-init=\"callbacks.initTriggerButton\"\n\t\t\tdata-wp-on--click=\"actions.showLightbox\"\n\t\t\tdata-wp-style--right=\"state.thisImage.buttonRight\"\n\t\t\tdata-wp-style--top=\"state.thisImage.buttonTop\"\n\t\t>\n\t\t\t<svg xmlns=\"http:\/\/www.w3.org\/2000\/svg\" width=\"12\" height=\"12\" fill=\"none\" viewBox=\"0 0 12 12\">\n\t\t\t\t<path fill=\"#fff\" d=\"M2 0a2 2 0 0 0-2 2v2h1.5V2a.5.5 0 0 1 .5-.5h2V0H2Zm2 10.5H2a.5.5 0 0 1-.5-.5V8H0v2a2 2 0 0 0 2 2h2v-1.5ZM8 12v-1.5h2a.5.5 0 0 0 .5-.5V8H12v2a2 2 0 0 1-2 2H8Zm2-12a2 2 0 0 1 2 2v2h-1.5V2a.5.5 0 0 0-.5-.5H8V0h2Z\" \/>\n\t\t\t<\/svg>\n\t\t<\/button><figcaption class=\"wp-element-caption\">Antik sz\u00ednh\u00e1z Kourionban (Fot\u00f3: A.Savin \/ Wikimedia Commons, FAL)<\/figcaption><\/figure>\n\n\n\n<p class=\"wp-block-paragraph\">A r\u00e9g\u00e9szeti ter\u00fclet el\u00e9g nagy \u00e9s egy kiterjedt dombon sz\u00e9tsz\u00f3rt, \u00edgy mindenk\u00e9pp sz\u00e1m\u00edts hosszabb s\u00e9t\u00e1ra a t\u0171z\u0151 napon. Itt is \u00e9rv\u00e9nyes a bev\u00e1lt szab\u00e1ly, hogy kora reggel \u00e9rkezz, amikor elker\u00fcl\u00f6d a legnagyobb h\u0151s\u00e9get \u00e9s a kir\u00e1ndul\u00f3buszok t\u00f6megeit. A szirtr\u0151l azt\u00e1n <strong>egyenesen leereszkedhetsz az azonos nev\u0171 Kourion strandra<\/strong>, amely nagyon n\u00e9pszer\u0171 a helyiek k\u00f6r\u00e9ben, \u00e9s kiv\u00e1l\u00f3 felt\u00e9teleket k\u00edn\u00e1l a d\u00e9lut\u00e1ni h\u0171s\u00f6l\u00e9shez a tengerben.<\/p>\n\n\n\n<h3 id=\"10_Hrad_Kolossi\" class=\"wp-block-heading\"><span class=\"ez-toc-section\" id=\"10_A_Kolossi-var\"><\/span>10. A Kolossi-v\u00e1r<span class=\"ez-toc-section-end\"><\/span><\/h3>\n\n\n\n<p class=\"wp-block-paragraph\">A Kolossi-v\u00e1r egy tizenharmadik sz\u00e1zadi massz\u00edv keresztes er\u0151d, amely els\u0151 pillant\u00e1sra gy\u00fcm\u00f6lcs\u00f6s\u00f6kkel \u00e9s sz\u0151l\u0151\u00fcltetv\u00e9nyekkel k\u00f6r\u00fclvett, bevehetetlen k\u0151kock\u00e1nak hat. Ez az \u00e9p\u00fclet egykor a hatalmas johannit\u00e1k \u00e9s templomosok fontos parancsnoki k\u00f6zpontjak\u00e9nt szolg\u00e1lt, akik innen igazgatt\u00e1k \u00f3ri\u00e1si szigeti birtokaikat. A hely f\u0151leg arr\u00f3l h\u00edres, hogy itt kezd\u0151d\u00f6tt <strong>a legend\u00e1s \u00e9des Commandaria bor t\u00f6rt\u00e9nete<\/strong>, amelyet a lovagok k\u00e9sz\u00edtettek \u00e9s el\u0151szeretettel export\u00e1ltak az eur\u00f3pai kir\u00e1lyi udvarokba.<\/p>\n\n\n\n<figure data-wp-context=\"{&quot;imageId&quot;:&quot;6a9944f50a15d&quot;}\" data-wp-interactive=\"core\/image\" data-wp-key=\"6a9944f50a15d\" class=\"wp-block-image size-full wp-lightbox-container\"><img decoding=\"async\" width=\"1500\" height=\"1000\" data-wp-class--hide=\"state.isContentHidden\" data-wp-class--show=\"state.isContentVisible\" data-wp-init=\"callbacks.setButtonStyles\" data-wp-on--click=\"actions.showLightbox\" data-wp-on--load=\"callbacks.setButtonStyles\" data-wp-on--pointerdown=\"actions.preloadImage\" data-wp-on--pointerenter=\"actions.preloadImageWithDelay\" data-wp-on--pointerleave=\"actions.cancelPreload\" data-wp-on-window--resize=\"callbacks.setButtonStyles\" src=\"https:\/\/loudavymkrokem.cz\/wp-content\/uploads\/2026\/08\/dovolena-kypr-t10.jpg\" alt=\"A Kolossi keresztes er\u0151d\" class=\"wp-image-399877\" title=\"\" srcset=\"https:\/\/loudavymkrokem.cz\/wp-content\/uploads\/2026\/08\/dovolena-kypr-t10.jpg 1500w, https:\/\/loudavymkrokem.cz\/wp-content\/uploads\/2026\/08\/dovolena-kypr-t10-300x200.jpg 300w, https:\/\/loudavymkrokem.cz\/wp-content\/uploads\/2026\/08\/dovolena-kypr-t10-700x467.jpg 700w, https:\/\/loudavymkrokem.cz\/wp-content\/uploads\/2026\/08\/dovolena-kypr-t10-768x512.jpg 768w, https:\/\/loudavymkrokem.cz\/wp-content\/uploads\/2026\/08\/dovolena-kypr-t10-696x464.jpg 696w, https:\/\/loudavymkrokem.cz\/wp-content\/uploads\/2026\/08\/dovolena-kypr-t10-1392x928.jpg 1392w\" sizes=\"(max-width: 1500px) 100vw, 1500px\" \/><button\n\t\t\tclass=\"lightbox-trigger\"\n\t\t\ttype=\"button\"\n\t\t\taria-haspopup=\"dialog\"\n\t\t\tdata-wp-bind--aria-label=\"state.thisImage.triggerButtonAriaLabel\"\n\t\t\tdata-wp-init=\"callbacks.initTriggerButton\"\n\t\t\tdata-wp-on--click=\"actions.showLightbox\"\n\t\t\tdata-wp-style--right=\"state.thisImage.buttonRight\"\n\t\t\tdata-wp-style--top=\"state.thisImage.buttonTop\"\n\t\t>\n\t\t\t<svg xmlns=\"http:\/\/www.w3.org\/2000\/svg\" width=\"12\" height=\"12\" fill=\"none\" viewBox=\"0 0 12 12\">\n\t\t\t\t<path fill=\"#fff\" d=\"M2 0a2 2 0 0 0-2 2v2h1.5V2a.5.5 0 0 1 .5-.5h2V0H2Zm2 10.5H2a.5.5 0 0 1-.5-.5V8H0v2a2 2 0 0 0 2 2h2v-1.5ZM8 12v-1.5h2a.5.5 0 0 0 .5-.5V8H12v2a2 2 0 0 1-2 2H8Zm2-12a2 2 0 0 1 2 2v2h-1.5V2a.5.5 0 0 0-.5-.5H8V0h2Z\" \/>\n\t\t\t<\/svg>\n\t\t<\/button><figcaption class=\"wp-element-caption\">A Kolossi keresztes er\u0151d (Fot\u00f3: Diego Delso \/ Wikimedia Commons, CC BY-SA 4.0)<\/figcaption><\/figure>\n\n\n\n<p class=\"wp-block-paragraph\">Az er\u0151d belsej\u00e9ben hatalmas r\u00e9gi kandall\u00f3kat, meg\u0151rz\u00f6tt fresk\u00f3kat l\u00e1thatsz, \u00e9s biztons\u00e1gosan felkapaszkodhatsz a csigal\u00e9pcs\u0151n eg\u00e9szen a tet\u0151ig. Onnan <strong>gy\u00f6ny\u00f6r\u0171 kil\u00e1t\u00e1s ny\u00edlik a k\u00f6rnyez\u0151 citrus\u00fcltetv\u00e9nyekre<\/strong> \u00e9s a r\u00e9gi k\u00f6z\u00e9pkori cukorgy\u00e1r romjaira, amely k\u00f6zvetlen\u00fcl a v\u00e1r mellett fekszik. E hely l\u00e1togat\u00e1sa nem vesz t\u00fal sok id\u0151t ig\u00e9nybe, \u00edgy ide\u00e1lisan illik r\u00f6vid t\u00f6rt\u00e9nelmi meg\u00e1ll\u00f3nak egy hosszabb parti utaz\u00e1s sor\u00e1n.<\/p>\n\n\n\n<h3 id=\"11_Mys_Cape_Greco_a_Kamara_tou_Koraka\" class=\"wp-block-heading\"><span class=\"ez-toc-section\" id=\"11_A_Cape_Greco-fok_es_a_Kamara_tou_Koraka\"><\/span>11. A Cape Greco-fok \u00e9s a Kamara tou Koraka<span class=\"ez-toc-section-end\"><\/span><\/h3>\n\n\n\n<p class=\"wp-block-paragraph\">A Cape Greco-fok k\u00e9pezi a k\u00e9pzeletbeli szikl\u00e1s hat\u00e1rt a d\u00e9li \u00e9s a keleti part k\u00f6z\u00f6tt, \u00e9s itt tal\u00e1lod az eg\u00e9sz sziget egyik legdr\u00e1maibb szirtjeit. A term\u00e9szeti park sok \u00e9rdekess\u00e9get rejt, amelyek k\u00f6z\u00fcl egy\u00e9rtelm\u0171en a legismertebb a hatalmas Kamara tou Koraka sziklakapu, amely egyenesen egy meredek szakad\u00e9k f\u00f6l\u00f6tt egyens\u00falyoz. Az eg\u00e9sz f\u00e9lsziget k\u00f6r\u00fcli v\u00edz hihetetlen t\u00fcrkizk\u00e9k sz\u00edn\u0171, a <strong>m\u00e9ly tengeri barlangok pedig felfedez\u00e9sre cs\u00e1b\u00edtanak<\/strong>, k\u00fcl\u00f6n\u00f6sen ha kisebb kir\u00e1ndul\u00f3haj\u00f3val vagy snorkelez\u00e9s k\u00f6zben k\u00f6zel\u00edted meg \u0151ket.<\/p>\n\n\n\n<figure data-wp-context=\"{&quot;imageId&quot;:&quot;6a9944f50a566&quot;}\" data-wp-interactive=\"core\/image\" data-wp-key=\"6a9944f50a566\" class=\"wp-block-image size-full wp-lightbox-container\"><img decoding=\"async\" width=\"1500\" height=\"1125\" data-wp-class--hide=\"state.isContentHidden\" data-wp-class--show=\"state.isContentVisible\" data-wp-init=\"callbacks.setButtonStyles\" data-wp-on--click=\"actions.showLightbox\" data-wp-on--load=\"callbacks.setButtonStyles\" data-wp-on--pointerdown=\"actions.preloadImage\" data-wp-on--pointerenter=\"actions.preloadImageWithDelay\" data-wp-on--pointerleave=\"actions.cancelPreload\" data-wp-on-window--resize=\"callbacks.setButtonStyles\" src=\"https:\/\/loudavymkrokem.cz\/wp-content\/uploads\/2026\/08\/dovolena-kypr-t11.jpg\" alt=\"Sziklakapu a Cape Greco-fokon\" class=\"wp-image-399881\" title=\"\" srcset=\"https:\/\/loudavymkrokem.cz\/wp-content\/uploads\/2026\/08\/dovolena-kypr-t11.jpg 1500w, https:\/\/loudavymkrokem.cz\/wp-content\/uploads\/2026\/08\/dovolena-kypr-t11-300x225.jpg 300w, https:\/\/loudavymkrokem.cz\/wp-content\/uploads\/2026\/08\/dovolena-kypr-t11-700x525.jpg 700w, https:\/\/loudavymkrokem.cz\/wp-content\/uploads\/2026\/08\/dovolena-kypr-t11-768x576.jpg 768w, https:\/\/loudavymkrokem.cz\/wp-content\/uploads\/2026\/08\/dovolena-kypr-t11-80x60.jpg 80w, https:\/\/loudavymkrokem.cz\/wp-content\/uploads\/2026\/08\/dovolena-kypr-t11-160x120.jpg 160w, https:\/\/loudavymkrokem.cz\/wp-content\/uploads\/2026\/08\/dovolena-kypr-t11-696x522.jpg 696w, https:\/\/loudavymkrokem.cz\/wp-content\/uploads\/2026\/08\/dovolena-kypr-t11-1392x1044.jpg 1392w\" sizes=\"(max-width: 1500px) 100vw, 1500px\" \/><button\n\t\t\tclass=\"lightbox-trigger\"\n\t\t\ttype=\"button\"\n\t\t\taria-haspopup=\"dialog\"\n\t\t\tdata-wp-bind--aria-label=\"state.thisImage.triggerButtonAriaLabel\"\n\t\t\tdata-wp-init=\"callbacks.initTriggerButton\"\n\t\t\tdata-wp-on--click=\"actions.showLightbox\"\n\t\t\tdata-wp-style--right=\"state.thisImage.buttonRight\"\n\t\t\tdata-wp-style--top=\"state.thisImage.buttonTop\"\n\t\t>\n\t\t\t<svg xmlns=\"http:\/\/www.w3.org\/2000\/svg\" width=\"12\" height=\"12\" fill=\"none\" viewBox=\"0 0 12 12\">\n\t\t\t\t<path fill=\"#fff\" d=\"M2 0a2 2 0 0 0-2 2v2h1.5V2a.5.5 0 0 1 .5-.5h2V0H2Zm2 10.5H2a.5.5 0 0 1-.5-.5V8H0v2a2 2 0 0 0 2 2h2v-1.5ZM8 12v-1.5h2a.5.5 0 0 0 .5-.5V8H12v2a2 2 0 0 1-2 2H8Zm2-12a2 2 0 0 1 2 2v2h-1.5V2a.5.5 0 0 0-.5-.5H8V0h2Z\" \/>\n\t\t\t<\/svg>\n\t\t<\/button><figcaption class=\"wp-element-caption\">Sziklakapu a Cape Greco-fokon (Fot\u00f3: Knowledge2need \/ Wikimedia Commons, CC BY-SA 4.0)<\/figcaption><\/figure>\n\n\n\n<p class=\"wp-block-paragraph\">Ez a helysz\u00edn teljesen fantasztikus a v\u00edz alatti vil\u00e1g szerelmeseinek, mert a l\u00e1t\u00f3t\u00e1vols\u00e1g a felsz\u00edn alatt itt eg\u00e9sz \u00e9vben kiv\u00e1l\u00f3. A Cape Grec\u00f3n sok j\u00f3l karbantartott turista\u00f6sv\u00e9ny vezet padokkal, amelyek remekek az esti term\u00e9szeti kiruccan\u00e1sokhoz. Az utaz\u00f3k egyet\u00e9rtenek abban, hogy \u00e9pp e fok szirtjei k\u00edn\u00e1lj\u00e1k <strong>a legjobb kil\u00e1t\u00e1st a var\u00e1zslatos naplement\u00e9re<\/strong> eg\u00e9sz Ciprus keleti r\u00e9sz\u00e9n.<\/p>\n\n\n\n<h3 id=\"12_Larnaka_Slane_jezero_a_plamenaci\" class=\"wp-block-heading\"><span class=\"ez-toc-section\" id=\"12_Larnaka_a_Sos-to_es_a_flamingok\"><\/span>12. Larnaka: a S\u00f3s-t\u00f3 \u00e9s a flaming\u00f3k<span class=\"ez-toc-section-end\"><\/span><\/h3>\n\n\n\n<p class=\"wp-block-paragraph\">Larnaka egyes\u00edti egy tengerparti \u00fcd\u00fcl\u0151hely laza hangulat\u00e1t a gazdag t\u00f6rt\u00e9nelemmel \u00e9s a k\u00f6zvetlen k\u00f6rny\u00e9k \u00e9rdekes term\u00e9szeti jelens\u00e9geivel. R\u00f6gt\u00f6n a v\u00e1roson k\u00edv\u00fcl ter\u00fcl el a kiterjedt S\u00f3s-t\u00f3, ahol a t\u00e9li \u00e9s tavaszi h\u00f3napokban <strong>hatalmas r\u00f3zsasz\u00edn flaming\u00f3csapatok \u00e1llnak meg<\/strong>, ami hihetetlen\u00fcl fotog\u00e9n l\u00e1tv\u00e1nyt ny\u00fajt. A t\u00f3 partj\u00e1n h\u00faz\u00f3dik meg a jelent\u0151s iszl\u00e1m szent\u00e9ly, a Hala Sultan Tekke mecset, a v\u00e1ros k\u00f6zpontj\u00e1ban pedig ne hagyd ki a kilencedik sz\u00e1zadi, gy\u00f6ny\u00f6r\u0171 k\u0151b\u0151l \u00e9p\u00fclt Szent L\u00e1z\u00e1r-templomot.<\/p>\n\n\n\n<figure data-wp-context=\"{&quot;imageId&quot;:&quot;6a9944f50aa81&quot;}\" data-wp-interactive=\"core\/image\" data-wp-key=\"6a9944f50aa81\" class=\"wp-block-image size-full wp-lightbox-container\"><img decoding=\"async\" width=\"1500\" height=\"1124\" data-wp-class--hide=\"state.isContentHidden\" data-wp-class--show=\"state.isContentVisible\" data-wp-init=\"callbacks.setButtonStyles\" data-wp-on--click=\"actions.showLightbox\" data-wp-on--load=\"callbacks.setButtonStyles\" data-wp-on--pointerdown=\"actions.preloadImage\" data-wp-on--pointerenter=\"actions.preloadImageWithDelay\" data-wp-on--pointerleave=\"actions.cancelPreload\" data-wp-on-window--resize=\"callbacks.setButtonStyles\" src=\"https:\/\/loudavymkrokem.cz\/wp-content\/uploads\/2026\/08\/dovolena-kypr-t12.jpg\" alt=\"S\u00f3s-t\u00f3 Larnaka mellett\" class=\"wp-image-399885\" title=\"\" srcset=\"https:\/\/loudavymkrokem.cz\/wp-content\/uploads\/2026\/08\/dovolena-kypr-t12.jpg 1500w, https:\/\/loudavymkrokem.cz\/wp-content\/uploads\/2026\/08\/dovolena-kypr-t12-300x225.jpg 300w, https:\/\/loudavymkrokem.cz\/wp-content\/uploads\/2026\/08\/dovolena-kypr-t12-700x525.jpg 700w, https:\/\/loudavymkrokem.cz\/wp-content\/uploads\/2026\/08\/dovolena-kypr-t12-768x575.jpg 768w, https:\/\/loudavymkrokem.cz\/wp-content\/uploads\/2026\/08\/dovolena-kypr-t12-80x60.jpg 80w, https:\/\/loudavymkrokem.cz\/wp-content\/uploads\/2026\/08\/dovolena-kypr-t12-160x120.jpg 160w, https:\/\/loudavymkrokem.cz\/wp-content\/uploads\/2026\/08\/dovolena-kypr-t12-696x522.jpg 696w, https:\/\/loudavymkrokem.cz\/wp-content\/uploads\/2026\/08\/dovolena-kypr-t12-1392x1043.jpg 1392w\" sizes=\"(max-width: 1500px) 100vw, 1500px\" \/><button\n\t\t\tclass=\"lightbox-trigger\"\n\t\t\ttype=\"button\"\n\t\t\taria-haspopup=\"dialog\"\n\t\t\tdata-wp-bind--aria-label=\"state.thisImage.triggerButtonAriaLabel\"\n\t\t\tdata-wp-init=\"callbacks.initTriggerButton\"\n\t\t\tdata-wp-on--click=\"actions.showLightbox\"\n\t\t\tdata-wp-style--right=\"state.thisImage.buttonRight\"\n\t\t\tdata-wp-style--top=\"state.thisImage.buttonTop\"\n\t\t>\n\t\t\t<svg xmlns=\"http:\/\/www.w3.org\/2000\/svg\" width=\"12\" height=\"12\" fill=\"none\" viewBox=\"0 0 12 12\">\n\t\t\t\t<path fill=\"#fff\" d=\"M2 0a2 2 0 0 0-2 2v2h1.5V2a.5.5 0 0 1 .5-.5h2V0H2Zm2 10.5H2a.5.5 0 0 1-.5-.5V8H0v2a2 2 0 0 0 2 2h2v-1.5ZM8 12v-1.5h2a.5.5 0 0 0 .5-.5V8H12v2a2 2 0 0 1-2 2H8Zm2-12a2 2 0 0 1 2 2v2h-1.5V2a.5.5 0 0 0-.5-.5H8V0h2Z\" \/>\n\t\t\t<\/svg>\n\t\t<\/button><figcaption class=\"wp-element-caption\">S\u00f3s-t\u00f3 Larnaka mellett (Fot\u00f3: Gerda Arendt \/ Wikimedia Commons, CC0)<\/figcaption><\/figure>\n\n\n\n<p class=\"wp-block-paragraph\">Ha \u00e9pp azon gondolkodsz, <a href=\"https:\/\/loudavymkrokem.cz\/hu\/szeptember-utazas-tippek-2\/\">hova menj nyaralni szeptemberben<\/a>, Larnaka k\u00f6rny\u00e9ke remek v\u00e1laszt\u00e1s ide\u00e1lis h\u0151m\u00e9rs\u00e9klettel \u00e9s m\u00e9g mindig gy\u00f6ny\u00f6r\u0171en felmelegedett tengerrel. A legt\u00f6bb turista csak gyorsan \u00e1taut\u00f3zik a v\u00e1roson a rept\u00e9rre \u00e9rkez\u00e9s ut\u00e1n, de <strong>Larnaka mindenk\u00e9pp meg\u00e9rdemel legal\u00e1bb egy f\u00e9lnapos meg\u00e1ll\u00f3t<\/strong>. Nyugodtan v\u00e9gigs\u00e9t\u00e1lhatsz a Finikoudes p\u00e1lmas\u00e9t\u00e1nyon, \u00fcld\u00f6g\u00e9lhetsz a helyi k\u00e1v\u00e9z\u00f3kban, \u00e9s besz\u00edvhatod az igazi ciprusi lazas\u00e1got.<\/p>\n\n\n\n<h3 id=\"13_Nissi_Beach_nejslavnejsi_plaz_Kypru\" class=\"wp-block-heading\"><span class=\"ez-toc-section\" id=\"13_Nissi_Beach_Ciprus_leghiresebb_strandja\"><\/span>13. Nissi Beach: Ciprus legh\u00edresebb strandja<span class=\"ez-toc-section-end\"><\/span><\/h3>\n\n\n\n<p class=\"wp-block-paragraph\">A Nissi Beach val\u00f3sz\u00edn\u0171leg eg\u00e9sz Ciprus legeslegismertebb \u00e9s legt\u00f6bbet fot\u00f3zott strandja, amely teljesen rendszeresen nyeri a sz\u00e9ps\u00e9gversenyeket. Vak\u00edt\u00f3an feh\u00e9r, finom homokkal, hihetetlen\u00fcl sek\u00e9ly v\u00edzzel \u00e9s jellegzetes homokpaddal cs\u00e1b\u00edt, amelyen sz\u00e1raz l\u00e1bbal eljuthatsz a partt\u00f3l kicsit t\u00e1volabbi kis szigetecsk\u00e9hez. A v\u00edz itt <strong>kellemesen felmelegedett \u00e9s t\u00f6bbnyire nagyon nyugodt<\/strong>, ami els\u0151 pillant\u00e1sra t\u00f6k\u00e9letes karibi paradicsomm\u00e1 teszi minden f\u00fcrdeni szeret\u0151 sz\u00e1m\u00e1ra.<\/p>\n\n\n\n<figure data-wp-context=\"{&quot;imageId&quot;:&quot;6a9944f50b33f&quot;}\" data-wp-interactive=\"core\/image\" data-wp-key=\"6a9944f50b33f\" class=\"wp-block-image size-full wp-lightbox-container\"><img decoding=\"async\" width=\"1500\" height=\"1000\" data-wp-class--hide=\"state.isContentHidden\" data-wp-class--show=\"state.isContentVisible\" data-wp-init=\"callbacks.setButtonStyles\" data-wp-on--click=\"actions.showLightbox\" data-wp-on--load=\"callbacks.setButtonStyles\" data-wp-on--pointerdown=\"actions.preloadImage\" data-wp-on--pointerenter=\"actions.preloadImageWithDelay\" data-wp-on--pointerleave=\"actions.cancelPreload\" data-wp-on-window--resize=\"callbacks.setButtonStyles\" src=\"https:\/\/loudavymkrokem.cz\/wp-content\/uploads\/2026\/08\/dovolena-kypr-t13.jpg\" alt=\"Nissi Beach strand Ayia Nap\u00e1ban\" class=\"wp-image-399888\" title=\"\" srcset=\"https:\/\/loudavymkrokem.cz\/wp-content\/uploads\/2026\/08\/dovolena-kypr-t13.jpg 1500w, https:\/\/loudavymkrokem.cz\/wp-content\/uploads\/2026\/08\/dovolena-kypr-t13-300x200.jpg 300w, https:\/\/loudavymkrokem.cz\/wp-content\/uploads\/2026\/08\/dovolena-kypr-t13-700x467.jpg 700w, https:\/\/loudavymkrokem.cz\/wp-content\/uploads\/2026\/08\/dovolena-kypr-t13-768x512.jpg 768w, https:\/\/loudavymkrokem.cz\/wp-content\/uploads\/2026\/08\/dovolena-kypr-t13-696x464.jpg 696w, https:\/\/loudavymkrokem.cz\/wp-content\/uploads\/2026\/08\/dovolena-kypr-t13-1392x928.jpg 1392w\" sizes=\"(max-width: 1500px) 100vw, 1500px\" \/><button\n\t\t\tclass=\"lightbox-trigger\"\n\t\t\ttype=\"button\"\n\t\t\taria-haspopup=\"dialog\"\n\t\t\tdata-wp-bind--aria-label=\"state.thisImage.triggerButtonAriaLabel\"\n\t\t\tdata-wp-init=\"callbacks.initTriggerButton\"\n\t\t\tdata-wp-on--click=\"actions.showLightbox\"\n\t\t\tdata-wp-style--right=\"state.thisImage.buttonRight\"\n\t\t\tdata-wp-style--top=\"state.thisImage.buttonTop\"\n\t\t>\n\t\t\t<svg xmlns=\"http:\/\/www.w3.org\/2000\/svg\" width=\"12\" height=\"12\" fill=\"none\" viewBox=\"0 0 12 12\">\n\t\t\t\t<path fill=\"#fff\" d=\"M2 0a2 2 0 0 0-2 2v2h1.5V2a.5.5 0 0 1 .5-.5h2V0H2Zm2 10.5H2a.5.5 0 0 1-.5-.5V8H0v2a2 2 0 0 0 2 2h2v-1.5ZM8 12v-1.5h2a.5.5 0 0 0 .5-.5V8H12v2a2 2 0 0 1-2 2H8Zm2-12a2 2 0 0 1 2 2v2h-1.5V2a.5.5 0 0 0-.5-.5H8V0h2Z\" \/>\n\t\t\t<\/svg>\n\t\t<\/button><figcaption class=\"wp-element-caption\">Nissi Beach strand Ayia Nap\u00e1ban (Fot\u00f3: Dmitry Panov \/ Wikimedia Commons, CC BY 3.0)<\/figcaption><\/figure>\n\n\n\n<p class=\"wp-block-paragraph\">\u0150szint\u00e9n figyelmeztetnem kell viszont, hogy a f\u0151szezonban ez a sziget egyik legzs\u00fafoltabb strandja, \u00e9s nyugalmat itt t\u00e9nyleg ne keress. Napk\u00f6zben <strong>gyakran nagyon hangosan sz\u00f3l a zene a strandklubokb\u00f3l<\/strong>, f\u00e9ktelen bulikat rendeznek, \u00e9s t\u00edz \u00f3ra ut\u00e1n szabad nap\u00e1gyat tal\u00e1lni emberfeletti feladat. Ha viszonylag nyugalomban akarod \u00e9lvezni a sz\u00e9ps\u00e9g\u00e9t, ink\u00e1bb t\u00e9nyleg kora reggel \u00e9rkezz, amikor a strand m\u00e9g csak most \u00e9bred \u00e9letre.<\/p>\n\n\n\n<h3 id=\"14_Ayia_Napa_party_ale_i_klaster_a_morske_jeskyne\" class=\"wp-block-heading\"><span class=\"ez-toc-section\" id=\"14_Ayia_Napa_bulik_de_kolostor_es_tengeri_barlangok_is\"><\/span>14. Ayia Napa: bulik, de kolostor \u00e9s tengeri barlangok is<span class=\"ez-toc-section-end\"><\/span><\/h3>\n\n\n\n<p class=\"wp-block-paragraph\">Ayia Napa nemzetk\u00f6zi h\u00edrnevet szerzett mag\u00e1nak mint vad buliz\u00f3v\u00e1ros, amely sosem alszik, \u00e9s ny\u00e1ron egyetlen hatalmas t\u00e1ncparkett\u00e9 v\u00e1lik az eg\u00e9sz Eur\u00f3p\u00e1b\u00f3l \u00e9rkez\u0151 fiatalok sz\u00e1m\u00e1ra. Az eg\u00e9sz \u00e9jszakai \u00e9let epicentruma a h\u00edres Nissi Avenue utca, ahol tucatnyi tematikus b\u00e1rt \u00e9s \u00f3ri\u00e1si diszk\u00f3t tal\u00e1lsz. A v\u00e1ros m\u00e9gis nagyon nyugodt arc\u00e1t is megmutatja, mert az eg\u00e9sz modern \u0151r\u00fclet kell\u0151s k\u00f6zep\u00e9n <strong>ott \u00e1ll egy tizen\u00f6t\u00f6dik sz\u00e1zadi r\u00e9gi velencei kolostor<\/strong>, amely a teljes csend v\u00e1ratlan o\u00e1zisak\u00e9nt hat.<\/p>\n\n\n\n<figure data-wp-context=\"{&quot;imageId&quot;:&quot;6a9944f50ba85&quot;}\" data-wp-interactive=\"core\/image\" data-wp-key=\"6a9944f50ba85\" class=\"wp-block-image size-full wp-lightbox-container\"><img decoding=\"async\" width=\"1500\" height=\"1086\" data-wp-class--hide=\"state.isContentHidden\" data-wp-class--show=\"state.isContentVisible\" data-wp-init=\"callbacks.setButtonStyles\" data-wp-on--click=\"actions.showLightbox\" data-wp-on--load=\"callbacks.setButtonStyles\" data-wp-on--pointerdown=\"actions.preloadImage\" data-wp-on--pointerenter=\"actions.preloadImageWithDelay\" data-wp-on--pointerleave=\"actions.cancelPreload\" data-wp-on-window--resize=\"callbacks.setButtonStyles\" src=\"https:\/\/loudavymkrokem.cz\/wp-content\/uploads\/2026\/08\/dovolena-kypr-t14.jpg\" alt=\"Kolostor Ayia Nap\u00e1ban\" class=\"wp-image-399893\" title=\"\" srcset=\"https:\/\/loudavymkrokem.cz\/wp-content\/uploads\/2026\/08\/dovolena-kypr-t14.jpg 1500w, https:\/\/loudavymkrokem.cz\/wp-content\/uploads\/2026\/08\/dovolena-kypr-t14-300x217.jpg 300w, https:\/\/loudavymkrokem.cz\/wp-content\/uploads\/2026\/08\/dovolena-kypr-t14-700x507.jpg 700w, https:\/\/loudavymkrokem.cz\/wp-content\/uploads\/2026\/08\/dovolena-kypr-t14-768x556.jpg 768w, https:\/\/loudavymkrokem.cz\/wp-content\/uploads\/2026\/08\/dovolena-kypr-t14-696x504.jpg 696w, https:\/\/loudavymkrokem.cz\/wp-content\/uploads\/2026\/08\/dovolena-kypr-t14-1392x1008.jpg 1392w\" sizes=\"(max-width: 1500px) 100vw, 1500px\" \/><button\n\t\t\tclass=\"lightbox-trigger\"\n\t\t\ttype=\"button\"\n\t\t\taria-haspopup=\"dialog\"\n\t\t\tdata-wp-bind--aria-label=\"state.thisImage.triggerButtonAriaLabel\"\n\t\t\tdata-wp-init=\"callbacks.initTriggerButton\"\n\t\t\tdata-wp-on--click=\"actions.showLightbox\"\n\t\t\tdata-wp-style--right=\"state.thisImage.buttonRight\"\n\t\t\tdata-wp-style--top=\"state.thisImage.buttonTop\"\n\t\t>\n\t\t\t<svg xmlns=\"http:\/\/www.w3.org\/2000\/svg\" width=\"12\" height=\"12\" fill=\"none\" viewBox=\"0 0 12 12\">\n\t\t\t\t<path fill=\"#fff\" d=\"M2 0a2 2 0 0 0-2 2v2h1.5V2a.5.5 0 0 1 .5-.5h2V0H2Zm2 10.5H2a.5.5 0 0 1-.5-.5V8H0v2a2 2 0 0 0 2 2h2v-1.5ZM8 12v-1.5h2a.5.5 0 0 0 .5-.5V8H12v2a2 2 0 0 1-2 2H8Zm2-12a2 2 0 0 1 2 2v2h-1.5V2a.5.5 0 0 0-.5-.5H8V0h2Z\" \/>\n\t\t\t<\/svg>\n\t\t<\/button><figcaption class=\"wp-element-caption\">Kolostor Ayia Nap\u00e1ban (Fot\u00f3: Zairon \/ Wikimedia Commons, CC BY-SA 4.0)<\/figcaption><\/figure>\n\n\n\n<p class=\"wp-block-paragraph\">Az \u00e9jszakai \u00e9let mellett Ayia Napa kiv\u00e1l\u00f3 tengerel\u00e9rhet\u0151s\u00e9ggel \u00e9s sok gy\u00f6ny\u00f6r\u0171, krist\u00e1lytiszta viz\u0171 \u00f6b\u00f6llel b\u00fcszk\u00e9lkedhet. A helyi \u00e9l\u00e9nk kik\u00f6t\u0151b\u0151l naponta <strong>kisebb kir\u00e1ndul\u00f3haj\u00f3k indulnak a tengeri barlangokhoz<\/strong>, a part ment\u00e9n pedig sok sz\u00e9p gyalogos \u00fatvonal vezet. A v\u00e1ros teh\u00e1t meglep\u0151en j\u00f3l m\u0171k\u00f6dik mind a v\u00e9get nem \u00e9r\u0151 bulik szerelmeseinek, mind azoknak az utaz\u00f3knak, akik napk\u00f6zben sz\u00e9p term\u00e9szeti jelens\u00e9geket akarnak felfedezni.<\/p>\n\n\n\n<!-- LKM_GYG_CARD start q=\"kypr\" lang=\"hu\" rendered=\"2026-08-31T05:52:38+00:00\" v=\"1\" -->\n<style id=\"lk-gyg-styles\">\n@import url(\"https:\/\/fonts.googleapis.com\/css2?family=Playfair+Display:wght@700&family=DM+Sans:wght@300;400;500;600&display=swap\");\n\/* === LK GYG karty \u2014 CRO redesign 2026-05 (namespace .lkx-) ===\n   C\u00edl: vy\u0161\u0161\u00ed CTR (hero + v\u00fdrazn\u00fd social proof + ak\u010dn\u00ed CTA, m\u00e9n\u011b \"reklamn\u00ed\").\n   Injektuje se inline do prvn\u00edho markeru postu (refresh_cards.py --inline-css). *\/\n.lkx-module, .lkx-module *{box-sizing:border-box;margin:0;padding:0}\n.lkx-module{\n  font-family:'DM Sans',-apple-system,Segoe UI,Roboto,Georgia,sans-serif;\n  max-width:860px;margin:2.5rem auto;color:#1f2328;\n}\n\n\/* HEADER \u2014 lehk\u00fd editorsk\u00fd, \u017e\u00e1dn\u00fd bannerov\u00fd blok; nadpis + popisek pod n\u00edm *\/\n.lkx-head{margin-bottom:16px}\n.lkx-head-main{display:flex;align-items:center;gap:10px}\n.lkx-head-accent{width:26px;height:3px;border-radius:2px;background:#c39f76;flex-shrink:0}\n.lkx-head-title{font-family:'Playfair Display',Georgia,serif;font-size:21px;font-weight:700;color:#1a1a1a;line-height:1.25}\n.lkx-head-meta{display:block;font-size:11px;letter-spacing:.3px;color:#9aa0a6;margin-top:4px;margin-left:36px}\n\n\/* HERO *\/\n.lkx-hero{display:grid;grid-template-columns:300px 1fr;background:#fff;border:1px solid #ece7df;border-radius:14px;overflow:hidden;text-decoration:none!important;color:inherit;box-shadow:0 6px 20px rgba(0,0,0,.06);transition:box-shadow .2s,transform .2s;margin-bottom:14px}\n.lkx-hero:hover{box-shadow:0 12px 30px rgba(0,0,0,.12);transform:translateY(-2px)}\n.lkx-hero-img{position:relative;min-height:230px;background-size:cover;background-position:center;background-color:#eee}\n.lkx-hero-body{padding:22px 24px;display:flex;flex-direction:column}\n.lkx-pick{position:absolute;top:12px;left:12px;background:#1a1a1a;color:#fff;font-size:11px;font-weight:700;letter-spacing:.5px;padding:5px 11px;border-radius:20px}\n\n\/* TITLE *\/\n.lkx-title{font-size:19px;font-weight:700;color:#161616;line-height:1.3}\n.lkx-title-sm{font-size:14.5px;line-height:1.35;display:-webkit-box;-webkit-line-clamp:2;-webkit-box-orient:vertical;overflow:hidden}\n\n\/* SOCIAL PROOF \u2014 v\u00fdrazn\u011b, naho\u0159e *\/\n.lkx-proof{display:flex;align-items:center;gap:7px;margin-top:12px;font-size:15px;color:#3a3a3a}\n.lkx-proof b{font-size:16px;color:#161616}\n.lkx-stars{color:#f5a623;letter-spacing:1px}\n.lkx-proof-sm{font-size:12.5px;margin-top:8px;gap:5px}\n.lkx-proof-sm b{font-size:13px}\n.lkx-proof-new{color:#3685fc;font-weight:600}\n\n\/* PRICE \u2014 n\u00edzk\u00e1 kotva *\/\n.lkx-price{font-size:14px;color:#6b7280}\n.lkx-price b{font-size:20px;color:#161616;font-weight:700}\n.lkx-price-sm b{font-size:15px}\n\n\/* CTA \u2014 tepl\u00e9 ak\u010dn\u00ed tla\u010d\u00edtko *\/\n.lkx-cta{display:inline-flex;align-items:center;justify-content:center;text-decoration:none!important;font-weight:700;color:#fff!important;background:linear-gradient(135deg,#f6743f,#e8552a);border-radius:10px;box-shadow:0 6px 16px rgba(232,85,42,.32);transition:box-shadow .2s}\n.lkx-cta-hero{font-size:15px;padding:13px 22px}\n.lkx-hero:hover .lkx-cta-hero{box-shadow:0 8px 22px rgba(232,85,42,.45)}\n.lkx-cta-sm{font-size:12.5px;padding:9px 14px;width:100%;margin-top:2px}\n.lkx-hero-bottom{margin-top:auto;padding-top:18px;display:flex;align-items:center;justify-content:space-between;gap:14px;flex-wrap:wrap}\n\n\/* BADGE \u2014 jeden v\u00fdrazn\u00fd na fotce *\/\n.lkx-badge{position:absolute;top:12px;right:12px;font-size:10.5px;font-weight:700;letter-spacing:.3px;padding:5px 10px;border-radius:16px;color:#fff}\n.lkx-badge.badge-urgency{background:rgba(214,40,40,.92)}\n.lkx-badge.badge-new{background:rgba(54,133,252,.92)}\n.lkx-badge.badge-top{background:rgba(195,159,118,.95)}\n.lkx-badge.badge-info{background:rgba(40,40,40,.78)}\n\n\/* SECONDARY GRID *\/\n.lkx-grid{display:grid;grid-template-columns:1fr 1fr;gap:14px}\n.lkx-card{background:#fff;border:1px solid #ece7df;border-radius:14px;overflow:hidden;text-decoration:none!important;color:inherit;box-shadow:0 4px 14px rgba(0,0,0,.05);display:flex;flex-direction:column;transition:box-shadow .2s,transform .2s}\n.lkx-card:hover{box-shadow:0 10px 24px rgba(0,0,0,.1);transform:translateY(-2px)}\n.lkx-card-img{position:relative;aspect-ratio:16\/10;background-size:cover;background-position:center;background-color:#eee}\n.lkx-card-body{padding:14px 16px 16px;display:flex;flex-direction:column;gap:7px;flex:1}\n.lkx-card-bottom{margin-top:auto;padding-top:10px;display:flex;align-items:center;justify-content:space-between;gap:8px}\n\n\/* DISCLOSURE \u2014 drobn\u00e1, kv\u016fli d\u016fv\u011b\u0159e\/z\u00e1konu *\/\n.lkx-disclosure{font-size:11px;color:#a7adb3;text-align:center;margin-top:14px;line-height:1.6}\n.lkx-disclosure a{color:#c39f76;text-decoration:none}\n\n@media(max-width:680px){\n  .lkx-hero{grid-template-columns:1fr}\n  .lkx-hero-img{min-height:180px}\n  .lkx-grid{grid-template-columns:1fr}\n  .lkx-head-meta{margin-left:0;width:100%}\n  .lkx-head-title{font-size:19px}\n}\n\n<\/style>\n<div class=\"lkx-module\" data-query=\"kypr\">\n  <div class=\"lkx-head\">\n    <div class=\"lkx-head-main\">\n      <span class=\"lkx-head-accent\"><\/span>\n      <span class=\"lkx-head-title\">\u00c9lm\u00e9nyek \u00e9s bel\u00e9p\u0151jegyek<\/span>\n    <\/div>\n    <span class=\"lkx-head-meta\">utaz\u00f3k \u00e1ltal \u00e9rt\u00e9kelve \u00b7 GetYourGuide<\/span>\n  <\/div><a class=\"lkx-hero\" href=\"https:\/\/www.getyourguide.com\/hu-hu\/nicosia-korzet-l2199\/paralimni-tengeralatti-robogok-t975099\/?partner_id=MKZ64IS&amp;utm_medium=online_publisher&amp;cmp=ciprus-nyaralas-latnivalok\" target=\"_blank\" rel=\"sponsored noopener nofollow\">\n    <div class=\"lkx-hero-img\" style=\"background-image:url('https:\/\/cdn.getyourguide.com\/img\/tour\/8a63e09393e938f9e1f5a3e6e3b62b3cc3a5f70cb6429c2de53d9c6a13f9ded9.jpeg\/132.jpg')\" role=\"img\" aria-label=\"Paralimni: Tengeralatti robog\u00f3k\">\n      <span class=\"lkx-pick\">\u2605 A mi tipp\u00fcnk<\/span><\/div>\n    <div class=\"lkx-hero-body\">\n      <div class=\"lkx-title\">Paralimni: Tengeralatti robog\u00f3k<\/div>\n      <div class=\"lkx-proof\">\n      <span class=\"lkx-stars\">\u2605\u2605\u2605\u2605\u2605<\/span>\n      <b>4.9<\/b> \u00b7 65 \u00e9rt\u00e9kel\u00e9s\n    <\/div>\n      <div class=\"lkx-hero-bottom\"><div class=\"lkx-price\">m\u00e1r <b>80\u00a0EUR<\/b><\/div><span class=\"lkx-cta lkx-cta-hero\">Ezt az \u00e9lm\u00e9nyt akarom \u2192<\/span>\n      <\/div>\n    <\/div>\n  <\/a><div class=\"lkx-grid\"><a class=\"lkx-card\" href=\"https:\/\/www.getyourguide.com\/hu-hu\/nicosia-korzet-l2199\/ayia-napa-quad-szafari-transzferrel-a-szallasrol-t1354238\/?partner_id=MKZ64IS&amp;utm_medium=online_publisher&amp;cmp=ciprus-nyaralas-latnivalok\" target=\"_blank\" rel=\"sponsored noopener nofollow\">\n      <div class=\"lkx-card-img\" style=\"background-image:url('https:\/\/cdn.getyourguide.com\/img\/tour\/75d22d46f5f7137b885f665ef9365d84c71193a28d40207b853d3176dc2c9181.png\/132.jpg')\" role=\"img\" aria-label=\"Ayia Napa: Quad-szafari\"><\/div>\n      <div class=\"lkx-card-body\">\n        <div class=\"lkx-title lkx-title-sm\">Ayia Napa: Quad-szafari<\/div>\n        <div class=\"lkx-proof lkx-proof-sm\">\n      <span class=\"lkx-stars\">\u2605<\/span>\n      <b>4.8<\/b> \u00b7 153\n    <\/div>\n        <div class=\"lkx-card-bottom\"><span class=\"lkx-price lkx-price-sm\">m\u00e1r <b>75\u00a0EUR<\/b><\/span><span class=\"lkx-cta lkx-cta-sm\">Id\u0151pontok megtekint\u00e9se \u2192<\/span>\n        <\/div>\n      <\/div>\n    <\/a><\/div><div class=\"lkx-disclosure\">\ud83d\udd17 A linkek partnerlinkek \u2014 az \u00e1rat nem v\u00e1ltoztatj\u00e1k, nek\u00fcnk viszont seg\u00edtenek a tartalomk\u00e9sz\u00edt\u00e9sben. \u00b7 <a href=\"https:\/\/www.getyourguide.com\/hu-hu\/s\/?q=kypr&amp;partner_id=MKZ64IS&amp;utm_medium=online_publisher\" target=\"_blank\" rel=\"sponsored noopener nofollow\">\u00d6sszes \u00e9lm\u00e9ny \u2192<\/a><\/div>\n<\/div>\n<!-- LKM_GYG_CARD end -->\n\n\n\n\n<div class=\"lk-stays-module\">\n<style>\n\/* \u2500\u2500\u2500 RESET PRO GUTENBERG \u2500\u2500\u2500 *\/\n.lk-stays-module * { box-sizing: border-box; margin: 0; padding: 0; }\n\n\/* \u2500\u2500\u2500 WRAPPER \u2500\u2500\u2500 *\/\n.lk-stays-module {\n  font-family: 'DM Sans', Georgia, sans-serif;\n  max-width: 100%;\n  margin: 2.5rem auto;\n  background: linear-gradient(135deg, #fdfaf5 0%, #fcf8f0 100%);\n  border: 1px solid #e8dfd4;\n  border-radius: 16px;\n  overflow: hidden;\n  box-shadow: 0 16px 48px rgba(195, 159, 118, 0.25), 0 4px 12px rgba(0,0,0,0.08);\n}\n\n\/* \u2500\u2500\u2500 HEADER \u2500\u2500\u2500 *\/\n.lk-stays-header {\n  position: relative;\n  padding: 24px 36px 24px;\n  background: linear-gradient(135deg, #c39f76 0%, #d4b188 60%, #c39f76 100%);\n  border-bottom: 1px solid rgba(255,255,255,.15);\n  display: flex;\n  align-items: center;\n  gap: 18px;\n}\n.lk-stays-header::before {\n  content: '';\n  position: absolute;\n  inset: 0;\n  background: url(\"data:image\/svg+xml,%3Csvg width='60' height='60' viewBox='0 0 60 60' xmlns='http:\/\/www.w3.org\/2000\/svg'%3E%3Cg fill='none' fill-rule='evenodd'%3E%3Cg fill='%23ffffff' fill-opacity='0.05'%3E%3Cpath d='M36 34v-4h-2v4h-4v2h4v4h2v-4h4v-2h-4zm0-30V0h-2v4h-4v2h4v4h2V6h4V4h-4zM6 34v-4H4v4H0v2h4v4h2v-4h4v-2H6zM6 4V0H4v4H0v2h4v4h2V6h4V4H6z'\/%3E%3C\/g%3E%3C\/g%3E%3C\/svg%3E\") repeat;\n  pointer-events: none;\n}\n.lk-stays-icon {\n  flex-shrink: 0;\n  width: 68px;\n  height: 68px;\n  border-radius: 14px;\n  background: linear-gradient(135deg, #fff 0%, #f9f6f0 100%);\n  display: flex;\n  align-items: center;\n  justify-content: center;\n  font-size: 26px;\n  box-shadow: 0 4px 12px rgba(0,0,0,0.15);\n}\n.lk-stays-eyebrow {\n  font-size: 10px;\n  font-weight: 500;\n  letter-spacing: 2.5px;\n  text-transform: uppercase;\n  color: rgba(255,255,255,.85);\n  margin: 0 0 5px 0;\n}\n.lk-stays-title {\n  font-family: 'Playfair Display', Georgia, serif;\n  font-size: 24px;\n  font-weight: 700;\n  color: #fff;\n  line-height: 1.2;\n  text-shadow: 0 1px 2px rgba(0,0,0,0.1);\n  margin: 0;\n}\n.lk-stays-subtitle {\n  font-size: 13px;\n  color: rgba(255,255,255,.75);\n  margin: 4px 0 0 0;\n  font-weight: 300;\n}\n\n\/* \u2500\u2500\u2500 CARDS GRID \u2500\u2500\u2500 *\/\n.lk-stays-grid {\n  display: grid;\n  grid-template-columns: 1fr 1fr;\n  gap: 1px;\n  background: rgba(195, 159, 118, 0.12);\n}\n\n\/* \u2500\u2500\u2500 SINGLE CARD \u2500\u2500\u2500 *\/\n.lk-stay-card {\n  background: #ffffff;\n  padding: 26px;\n  display: flex;\n  flex-direction: column;\n  gap: 11px;\n  transition: all 0.3s ease;\n  text-decoration: none;\n  color: inherit;\n  position: relative;\n}\n.lk-stay-card:hover {\n  background: #fffbf5;\n  transform: translateY(-2px);\n  box-shadow: 0 8px 24px rgba(195, 159, 118, 0.18);\n  z-index: 1;\n}\n.lk-stay-card.featured {\n  background: linear-gradient(135deg, #fffdf9 0%, #fff9f0 100%);\n  box-shadow: 0 4px 16px rgba(195, 159, 118, 0.15), inset 0 1px 0 rgba(195, 159, 118, 0.1);\n}\n.lk-stay-card.featured:hover {\n  background: linear-gradient(135deg, #fffbf5 0%, #fff8ed 100%);\n  box-shadow: 0 8px 24px rgba(195, 159, 118, 0.25), inset 0 1px 0 rgba(195, 159, 118, 0.15);\n}\n\n.lk-stay-badge {\n  display: inline-flex;\n  align-items: center;\n  gap: 5px;\n  font-size: 10px;\n  font-weight: 500;\n  letter-spacing: 1.5px;\n  text-transform: uppercase;\n  padding: 5px 11px;\n  border-radius: 20px;\n  width: fit-content;\n}\n.badge-top     { background: linear-gradient(135deg, #c39f76 0%, #d4b188 100%); color: #fff; border: 1px solid #c39f76; font-weight: 600; box-shadow: 0 2px 8px rgba(195,159,118,0.3); }\n.badge-luxury  { background: rgba(195,159,118,.12); color: #c39f76; border: 1px solid rgba(195,159,118,.25); }\n.badge-boutique{ background: rgba(54,133,252,.08); color: #3685fc; border: 1px solid rgba(54,133,252,.2); }\n.badge-nature  { background: rgba(130,190,100,.1); color: #6b9c4a; border: 1px solid rgba(130,190,100,.2); }\n.badge-remote  { background: rgba(195,159,118,.12); color: #a67e50; border: 1px solid rgba(195,159,118,.25); }\n\n.lk-stay-name {\n  font-family: 'Playfair Display', Georgia, serif;\n  font-size: 18px;\n  font-weight: 700;\n  color: #111827;\n  line-height: 1.3;\n}\n.lk-stay-desc {\n  font-size: 13.5px;\n  color: #525252;\n  line-height: 1.65;\n  font-weight: 300;\n  flex: 1;\n}\n\n.lk-stay-meta {\n  display: flex;\n  align-items: center;\n  gap: 12px;\n  flex-wrap: wrap;\n  margin-top: 4px;\n}\n.lk-stay-price {\n  font-size: 13px;\n  color: #6b7280;\n}\n.lk-stay-price strong {\n  color: #c39f76;\n  font-weight: 500;\n}\n.lk-stay-stars {\n  color: #c39f76;\n  font-size: 11px;\n  letter-spacing: 1px;\n}\n\n\/* \u2500\u2500\u2500 CTA BUTTON \u2500\u2500\u2500 *\/\n.lk-stay-cta {\n  display: inline-flex;\n  align-items: center;\n  justify-content: center;\n  gap: 7px;\n  margin-top: 8px;\n  padding: 11px 20px;\n  border-radius: 8px;\n  background: linear-gradient(135deg, #3685fc 0%, #2a6fd9 100%);\n  color: #fff;\n  font-size: 13px;\n  font-weight: 500;\n  text-decoration: none;\n  letter-spacing: .3px;\n  transition: all .2s ease;\n  cursor: pointer;\n  border: none;\n  text-align: center;\n  box-shadow: 0 4px 12px rgba(54, 133, 252, 0.25);\n}\n.lk-stay-cta:hover {\n  background: linear-gradient(135deg, #2a6fd9 0%, #1e5bc4 100%);\n  transform: translateY(-1px);\n  box-shadow: 0 6px 16px rgba(54, 133, 252, 0.35);\n}\n.lk-stay-cta svg { flex-shrink: 0; }\n\n\/* \u2500\u2500\u2500 FOOTER \u2500\u2500\u2500 *\/\n.lk-stays-footer {\n  padding: 18px 36px;\n  background: linear-gradient(to bottom, #fdfaf5 0%, #f9f4ed 100%);\n  border-top: 1px solid rgba(195, 159, 118, 0.15);\n  display: flex;\n  align-items: center;\n  justify-content: space-between;\n  flex-wrap: wrap;\n  gap: 12px;\n}\n.lk-stays-footer-note {\n  font-size: 11.5px;\n  color: #6b7280;\n  font-weight: 300;\n  line-height: 1.5;\n}\n.lk-stays-footer-note a {\n  color: #c39f76;\n  text-decoration: none;\n  font-weight: 400;\n}\n.lk-stays-footer-note a:hover {\n  text-decoration: underline;\n}\n.lk-stays-all-btn {\n  display: inline-flex;\n  align-items: center;\n  gap: 6px;\n  font-size: 12.5px;\n  font-weight: 500;\n  color: #c39f76;\n  text-decoration: none;\n  border: 1px solid rgba(195, 159, 118, 0.35);\n  padding: 8px 18px;\n  border-radius: 8px;\n  transition: all .2s ease;\n}\n.lk-stays-all-btn:hover {\n  background: rgba(195, 159, 118, 0.08);\n  border-color: rgba(195, 159, 118, 0.5);\n}\n\n\/* \u2500\u2500\u2500 RESPONSIVE \u2500\u2500\u2500 *\/\n@media (max-width: 600px) {\n  .lk-stays-grid { grid-template-columns: 1fr; }\n  .lk-stays-header { padding: 24px 20px; }\n  .lk-stays-footer { padding: 16px 20px; }\n  .lk-stay-card { padding: 22px; }\n  .lk-stays-title { font-size: 20px; }\n}\n<\/style>\n\n  <!-- HEADER -->\n  <div class=\"lk-stays-header\">\n    <img decoding=\"async\" src=\"https:\/\/loudavymkrokem.cz\/wp-content\/uploads\/2026\/02\/lukas-a-lucka.jpg\" alt=\"\" style=\"width: 75px; height: 75px; border-radius: 8px; flex-shrink: 0; object-fit: cover; display: block; margin: 4px 0;\" title=\"\">\n    <div class=\"lk-stays-header-text\">\n      <div class=\"lk-stays-eyebrow\">Luk\u00e1\u0161 \u00e9s Lucie aj\u00e1nlj\u00e1k<\/div>\n      <div class=\"lk-stays-title\">Hol sz\u00e1llj meg Cipruson<\/div>\n      <div class=\"lk-stays-subtitle\">6 sz\u00e1ll\u00e1shely \u2014 \u00fcd\u00fcl\u0151helyek, hotelek \u00e9s egy\u00e9b sz\u00e1ll\u00e1slehet\u0151s\u00e9gek<\/div>\n    <\/div>\n  <\/div>\n\n  <!-- CARDS -->\n  <div class=\"lk-stays-grid\">\n\n    <a class=\"lk-stay-card featured\" href=\"https:\/\/www.stay22.com\/allez\/roam?aid=lukaskonecny&#038;campaign=loudavymkrokemcz&#038;campaign=hu&#038;campaign=dovolena-kypr&#038;hotelname=Almyra%20Hotel&#038;address=Paphos%2C%20Kypr\" target=\"_blank\" rel=\"nofollow noopener\">\n      <span class=\"lk-stay-badge badge-top\">\u2b50 TOP V\u00c1LASZT\u00c1S<\/span>\n      <span class=\"lk-stay-badge badge-nature\">\ud83c\udfe8 Hotel<\/span>\n      <div class=\"lk-stay-name\">Almyra Hotel<\/div>\n      <div class=\"lk-stay-desc\">Gy\u00f6ny\u00f6r\u0171 diz\u00e1jn hotel k\u00f6zvetlen\u00fcl a tenger mellett, kedvelt a p\u00e1rok k\u00f6r\u00e9ben, akik romantik\u00e1t \u00e9s kiv\u00e1l\u00f3 szolg\u00e1ltat\u00e1sokat keresnek.<\/div>\n      <div class=\"lk-stay-meta\">\n        <span class=\"lk-stay-stars\">\u2605\u2605\u2605\u2605<\/span>\n        <span class=\"lk-stay-price\">\u00c1rak ellen\u0151rz\u00e9se<\/span>\n      <\/div>\n      <span class=\"lk-stay-cta\">\n        <svg width=\"14\" height=\"14\" viewBox=\"0 0 24 24\" fill=\"none\" stroke=\"currentColor\" stroke-width=\"2\"><path d=\"M18 13v6a2 2 0 0 1-2 2H5a2 2 0 0 1-2-2V8a2 2 0 0 1 2-2h6\"\/><polyline points=\"15 3 21 3 21 9\"\/><line x1=\"10\" y1=\"14\" x2=\"21\" y2=\"3\"\/><\/svg>\n        Ellen\u0151rizd az el\u00e9rhet\u0151s\u00e9get\n      <\/span>\n    <\/a>\n\n    <a class=\"lk-stay-card\" href=\"https:\/\/www.stay22.com\/allez\/roam?aid=lukaskonecny&#038;campaign=loudavymkrokemcz&#038;campaign=hu&#038;campaign=dovolena-kypr&#038;hotelname=Elysium%20Hotel&#038;address=Paphos%2C%20Kypr\" target=\"_blank\" rel=\"nofollow noopener\">\n      <span class=\"lk-stay-badge badge-nature\">\u2b50 Luxury<\/span>\n      <div class=\"lk-stay-name\">Elysium Hotel<\/div>\n      <div class=\"lk-stay-desc\">Luxus \u00fcd\u00fcl\u0151hely a Kir\u00e1lyi s\u00edrok mellett \u00e9p\u00edtve, ahol \u00fagy \u00e9rezheted magad, mint egy igazi palot\u00e1ban.<\/div>\n      <div class=\"lk-stay-meta\">\n        <span class=\"lk-stay-stars\">\u2605\u2605\u2605\u2605<\/span>\n        <span class=\"lk-stay-price\">\u00c1rak ellen\u0151rz\u00e9se<\/span>\n      <\/div>\n      <span class=\"lk-stay-cta\">\n        <svg width=\"14\" height=\"14\" viewBox=\"0 0 24 24\" fill=\"none\" stroke=\"currentColor\" stroke-width=\"2\"><path d=\"M18 13v6a2 2 0 0 1-2 2H5a2 2 0 0 1-2-2V8a2 2 0 0 1 2-2h6\"\/><polyline points=\"15 3 21 3 21 9\"\/><line x1=\"10\" y1=\"14\" x2=\"21\" y2=\"3\"\/><\/svg>\n        Ellen\u0151rizd az el\u00e9rhet\u0151s\u00e9get\n      <\/span>\n    <\/a>\n\n    <a class=\"lk-stay-card\" href=\"https:\/\/www.stay22.com\/allez\/roam?aid=lukaskonecny&#038;campaign=loudavymkrokemcz&#038;campaign=hu&#038;campaign=dovolena-kypr&#038;hotelname=Olympic%20Lagoon%20Resort%20Paphos&#038;address=Paphos%2C%20Kypr\" target=\"_blank\" rel=\"nofollow noopener\">\n      <span class=\"lk-stay-badge badge-nature\">\ud83c\udf32 Resort<\/span>\n      <div class=\"lk-stay-name\">Olympic Lagoon Resort Paphos<\/div>\n      <div class=\"lk-stay-desc\">Hatalmas all inclusive komplexum, t\u00f6k\u00e9letes gyermekes csal\u00e1dok sz\u00e1m\u00e1ra.<\/div>\n      <div class=\"lk-stay-meta\">\n        <span class=\"lk-stay-stars\">\u2605\u2605\u2605\u2605<\/span>\n        <span class=\"lk-stay-price\">\u00c1rak ellen\u0151rz\u00e9se<\/span>\n      <\/div>\n      <span class=\"lk-stay-cta\">\n        <svg width=\"14\" height=\"14\" viewBox=\"0 0 24 24\" fill=\"none\" stroke=\"currentColor\" stroke-width=\"2\"><path d=\"M18 13v6a2 2 0 0 1-2 2H5a2 2 0 0 1-2-2V8a2 2 0 0 1 2-2h6\"\/><polyline points=\"15 3 21 3 21 9\"\/><line x1=\"10\" y1=\"14\" x2=\"21\" y2=\"3\"\/><\/svg>\n        Ellen\u0151rizd az el\u00e9rhet\u0151s\u00e9get\n      <\/span>\n    <\/a>\n\n    <a class=\"lk-stay-card\" href=\"https:\/\/www.stay22.com\/allez\/roam?aid=lukaskonecny&#038;campaign=loudavymkrokemcz&#038;campaign=hu&#038;campaign=dovolena-kypr&#038;hotelname=Nissiblu%20Beach%20Resort&#038;address=Ayia%20Napa%2C%20Kypr\" target=\"_blank\" rel=\"nofollow noopener\">\n      <span class=\"lk-stay-badge badge-nature\">\ud83c\udfd6\ufe0f Beach<\/span>\n      <div class=\"lk-stay-name\">Nissiblu Beach Resort<\/div>\n      <div class=\"lk-stay-desc\">Modern \u00f6tcsillagos hotel k\u00f6zvetlen\u00fcl a h\u00edres Nissi Beach strand mellett, p\u00e1r l\u00e9p\u00e9sre a v\u00edzt\u0151l.<\/div>\n      <div class=\"lk-stay-meta\">\n        <span class=\"lk-stay-stars\">\u2605\u2605\u2605\u2605\u2605<\/span>\n        <span class=\"lk-stay-price\">\u00c1rak ellen\u0151rz\u00e9se<\/span>\n      <\/div>\n      <span class=\"lk-stay-cta\">\n        <svg width=\"14\" height=\"14\" viewBox=\"0 0 24 24\" fill=\"none\" stroke=\"currentColor\" stroke-width=\"2\"><path d=\"M18 13v6a2 2 0 0 1-2 2H5a2 2 0 0 1-2-2V8a2 2 0 0 1 2-2h6\"\/><polyline points=\"15 3 21 3 21 9\"\/><line x1=\"10\" y1=\"14\" x2=\"21\" y2=\"3\"\/><\/svg>\n        Ellen\u0151rizd az el\u00e9rhet\u0151s\u00e9get\n      <\/span>\n    <\/a>\n\n    <a class=\"lk-stay-card\" href=\"https:\/\/www.stay22.com\/allez\/roam?aid=lukaskonecny&#038;campaign=loudavymkrokemcz&#038;campaign=hu&#038;campaign=dovolena-kypr&#038;hotelname=Adams%20Beach%20Hotel%20%26%20Spa&#038;address=Ayia%20Napa%2C%20Kypr\" target=\"_blank\" rel=\"nofollow noopener\">\n      <span class=\"lk-stay-badge badge-nature\">\ud83c\udf32 Resort<\/span>\n      <div class=\"lk-stay-name\">Adams Beach Hotel &#038; Spa<\/div>\n      <div class=\"lk-stay-desc\">Kiterjedt \u00fcd\u00fcl\u0151hely saj\u00e1t priv\u00e1t stranddal, ide\u00e1lis mened\u00e9k a ny\u00e1ri t\u00f6megek el\u0151l.<\/div>\n      <div class=\"lk-stay-meta\">\n        <span class=\"lk-stay-stars\">\u2605\u2605\u2605\u2605<\/span>\n        <span class=\"lk-stay-price\">\u00c1rak ellen\u0151rz\u00e9se<\/span>\n      <\/div>\n      <span class=\"lk-stay-cta\">\n        <svg width=\"14\" height=\"14\" viewBox=\"0 0 24 24\" fill=\"none\" stroke=\"currentColor\" stroke-width=\"2\"><path d=\"M18 13v6a2 2 0 0 1-2 2H5a2 2 0 0 1-2-2V8a2 2 0 0 1 2-2h6\"\/><polyline points=\"15 3 21 3 21 9\"\/><line x1=\"10\" y1=\"14\" x2=\"21\" y2=\"3\"\/><\/svg>\n        Ellen\u0151rizd az el\u00e9rhet\u0151s\u00e9get\n      <\/span>\n    <\/a>\n\n    <a class=\"lk-stay-card\" href=\"https:\/\/www.stay22.com\/allez\/roam?aid=lukaskonecny&#038;campaign=loudavymkrokemcz&#038;campaign=hu&#038;campaign=dovolena-kypr&#038;hotelname=Parklane%2C%20a%20Luxury%20Collection%20Resort%20%26%20Spa&#038;address=Limassol%2C%20Kypr\" target=\"_blank\" rel=\"nofollow noopener\">\n      <span class=\"lk-stay-badge badge-nature\">\u2b50 Luxury<\/span>\n      <div class=\"lk-stay-name\">Parklane, a Luxury Collection Resort &#038; Spa<\/div>\n      <div class=\"lk-stay-desc\">Cs\u00facsmin\u0151s\u00e9g\u0171 eleg\u00e1ns \u00fcd\u00fcl\u0151hely gy\u00f6ny\u00f6r\u0171 lag\u00fan\u00e1val a legig\u00e9nyesebb vend\u00e9gek sz\u00e1m\u00e1ra.<\/div>\n      <div class=\"lk-stay-meta\">\n        <span class=\"lk-stay-stars\">\u2605\u2605\u2605\u2605<\/span>\n        <span class=\"lk-stay-price\">\u00c1rak ellen\u0151rz\u00e9se<\/span>\n      <\/div>\n      <span class=\"lk-stay-cta\">\n        <svg width=\"14\" height=\"14\" viewBox=\"0 0 24 24\" fill=\"none\" stroke=\"currentColor\" stroke-width=\"2\"><path d=\"M18 13v6a2 2 0 0 1-2 2H5a2 2 0 0 1-2-2V8a2 2 0 0 1 2-2h6\"\/><polyline points=\"15 3 21 3 21 9\"\/><line x1=\"10\" y1=\"14\" x2=\"21\" y2=\"3\"\/><\/svg>\n        Ellen\u0151rizd az el\u00e9rhet\u0151s\u00e9get\n      <\/span>\n    <\/a>\n\n  <\/div>\n\n  \n<\/div>\n\n\n\n\n<h3 id=\"15_Protaras_a_Fig_Tree_Bay\" class=\"wp-block-heading\"><span class=\"ez-toc-section\" id=\"15_Protaras_es_a_Fig_Tree_Bay\"><\/span>15. Protaras \u00e9s a Fig Tree Bay<span class=\"ez-toc-section-end\"><\/span><\/h3>\n\n\n\n<p class=\"wp-block-paragraph\">Protaras egy n\u00e9pszer\u0171 csal\u00e1di \u00fcd\u00fcl\u0151hely a keleti parton, amely a szomsz\u00e9dos, zajos Ayia Nap\u00e1hoz k\u00e9pest sokkal nyugodtabb \u00e9s \u00f6sszess\u00e9g\u00e9ben laz\u00e1bb. Legnagyobb kincse a csod\u00e1latos Fig Tree Bay strand, amelyet a r\u00e9gi f\u00fcgef\u00e1kr\u00f3l neveztek el, \u00e9s amely gy\u00f6ny\u00f6r\u0171en sek\u00e9ly \u00f6bl\u00f6t \u00e9s t\u00f6k\u00e9letesen aranysz\u00edn\u0171 homokot k\u00edn\u00e1l. K\u00f6r\u00fclbel\u00fcl sz\u00e1z m\u00e9terre a partt\u00f3l egy kis szikl\u00e1s szigetecske emelkedik, amelyhez <strong>k\u00f6nnyen oda\u00faszhatsz \u00e9s zavartalanul snorkelezhetsz<\/strong> a k\u00f6zvetlen k\u00f6rny\u00e9k\u00e9n.<\/p>\n\n\n\n<figure data-wp-context=\"{&quot;imageId&quot;:&quot;6a9944f50c382&quot;}\" data-wp-interactive=\"core\/image\" data-wp-key=\"6a9944f50c382\" class=\"wp-block-image size-full wp-lightbox-container\"><img decoding=\"async\" width=\"1500\" height=\"1124\" data-wp-class--hide=\"state.isContentHidden\" data-wp-class--show=\"state.isContentVisible\" data-wp-init=\"callbacks.setButtonStyles\" data-wp-on--click=\"actions.showLightbox\" data-wp-on--load=\"callbacks.setButtonStyles\" data-wp-on--pointerdown=\"actions.preloadImage\" data-wp-on--pointerenter=\"actions.preloadImageWithDelay\" data-wp-on--pointerleave=\"actions.cancelPreload\" data-wp-on-window--resize=\"callbacks.setButtonStyles\" src=\"https:\/\/loudavymkrokem.cz\/wp-content\/uploads\/2026\/08\/dovolena-kypr-t15.jpg\" alt=\"Fig Tree Bay \u00f6b\u00f6l Protarasban\" class=\"wp-image-399898\" title=\"\" srcset=\"https:\/\/loudavymkrokem.cz\/wp-content\/uploads\/2026\/08\/dovolena-kypr-t15.jpg 1500w, https:\/\/loudavymkrokem.cz\/wp-content\/uploads\/2026\/08\/dovolena-kypr-t15-300x225.jpg 300w, https:\/\/loudavymkrokem.cz\/wp-content\/uploads\/2026\/08\/dovolena-kypr-t15-700x525.jpg 700w, https:\/\/loudavymkrokem.cz\/wp-content\/uploads\/2026\/08\/dovolena-kypr-t15-768x575.jpg 768w, https:\/\/loudavymkrokem.cz\/wp-content\/uploads\/2026\/08\/dovolena-kypr-t15-80x60.jpg 80w, https:\/\/loudavymkrokem.cz\/wp-content\/uploads\/2026\/08\/dovolena-kypr-t15-160x120.jpg 160w, https:\/\/loudavymkrokem.cz\/wp-content\/uploads\/2026\/08\/dovolena-kypr-t15-696x522.jpg 696w, https:\/\/loudavymkrokem.cz\/wp-content\/uploads\/2026\/08\/dovolena-kypr-t15-1392x1043.jpg 1392w\" sizes=\"(max-width: 1500px) 100vw, 1500px\" \/><button\n\t\t\tclass=\"lightbox-trigger\"\n\t\t\ttype=\"button\"\n\t\t\taria-haspopup=\"dialog\"\n\t\t\tdata-wp-bind--aria-label=\"state.thisImage.triggerButtonAriaLabel\"\n\t\t\tdata-wp-init=\"callbacks.initTriggerButton\"\n\t\t\tdata-wp-on--click=\"actions.showLightbox\"\n\t\t\tdata-wp-style--right=\"state.thisImage.buttonRight\"\n\t\t\tdata-wp-style--top=\"state.thisImage.buttonTop\"\n\t\t>\n\t\t\t<svg xmlns=\"http:\/\/www.w3.org\/2000\/svg\" width=\"12\" height=\"12\" fill=\"none\" viewBox=\"0 0 12 12\">\n\t\t\t\t<path fill=\"#fff\" d=\"M2 0a2 2 0 0 0-2 2v2h1.5V2a.5.5 0 0 1 .5-.5h2V0H2Zm2 10.5H2a.5.5 0 0 1-.5-.5V8H0v2a2 2 0 0 0 2 2h2v-1.5ZM8 12v-1.5h2a.5.5 0 0 0 .5-.5V8H12v2a2 2 0 0 1-2 2H8Zm2-12a2 2 0 0 1 2 2v2h-1.5V2a.5.5 0 0 0-.5-.5H8V0h2Z\" \/>\n\t\t\t<\/svg>\n\t\t<\/button><figcaption class=\"wp-element-caption\">Fig Tree Bay \u00f6b\u00f6l Protarasban (Fot\u00f3: Gerda Arendt \/ Wikimedia Commons, CC0)<\/figcaption><\/figure>\n\n\n\n<p class=\"wp-block-paragraph\">Az eg\u00e9sz \u00fcd\u00fcl\u0151hely f\u00f6l\u00f6tt, egy meredek szikl\u00e1s dombon, fest\u0151i kis templom, a Profitis Ilias emelkedik ki, amelyhez el\u00e9g hossz\u00fa \u00e9s meredek l\u00e9pcs\u0151 vezet. A felfel\u00e9 kaptat\u00f3 a forr\u00f3 ny\u00e1ri napokon kicsit megizzaszt, de <strong>a panor\u00e1m\u00e1s kil\u00e1t\u00e1s az eg\u00e9sz partra \u00e9s a csillog\u00f3 tengerre<\/strong> mindenk\u00e9pp meg\u00e9ri a fizikai er\u0151fesz\u00edt\u00e9st. A helyiek azt aj\u00e1nlj\u00e1k, hogy alkonyatkor menj ide, amikor a f\u00e9ny a legpuh\u00e1bb, a templom k\u00f6r\u00fcli f\u00e1kat pedig romantikusan bor\u00edtja t\u00f6bb sz\u00e1z k\u00edv\u00e1ns\u00e1gos szalag.<\/p>\n\n\n\n<h3 id=\"16_Ayia_Napa_Sculpture_Park_a_Cape_Greco_stezky\" class=\"wp-block-heading\"><span class=\"ez-toc-section\" id=\"16_Ayia_Napa_Sculpture_Park_es_a_Cape_Greco_osvenyek\"><\/span>16. Ayia Napa Sculpture Park \u00e9s a Cape Greco \u00f6sv\u00e9nyek<span class=\"ez-toc-section-end\"><\/span><\/h3>\n\n\n\n<p class=\"wp-block-paragraph\">Az Ayia Napa Sculpture Park egy egyed\u00fcl\u00e1ll\u00f3 szabadt\u00e9ri gal\u00e9ria, amelyet egy enyhe lejt\u0151n helyeztek el, ahonnan fantasztikus kil\u00e1t\u00e1s ny\u00edlik a tenger k\u00e9k viz\u00e9re. Tucatnyi modern szobrot \u00e9s \u00e9rdekes install\u00e1ci\u00f3t tal\u00e1lsz itt a vil\u00e1g minden t\u00e1j\u00e1r\u00f3l \u00e9rkez\u0151 m\u0171v\u00e9szekt\u0151l, amelyek <strong>gy\u00f6ny\u00f6r\u0171en kontraszt\u00e1lnak a durva k\u00f6ves t\u00e1jjal<\/strong> \u00e9s az alacsony bokrokkal. R\u00f6gt\u00f6n mellette r\u00e1ad\u00e1sul egy gondozott kaktusz- \u00e9s pozsg\u00e1sn\u00f6v\u00e9ny-park is tal\u00e1lhat\u00f3, \u00edgy a m\u0171v\u00e9szet \u00e9s a k\u00fcl\u00f6n\u00f6s sz\u00e1razs\u00e1gt\u0171r\u0151 fl\u00f3ra kombin\u00e1ci\u00f3ja nagyon fotog\u00e9n k\u00f6rnyezetet teremt.<\/p>\n\n\n\n<figure data-wp-context=\"{&quot;imageId&quot;:&quot;6a9944f50caed&quot;}\" data-wp-interactive=\"core\/image\" data-wp-key=\"6a9944f50caed\" class=\"wp-block-image size-full wp-lightbox-container\"><img decoding=\"async\" width=\"1500\" height=\"843\" data-wp-class--hide=\"state.isContentHidden\" data-wp-class--show=\"state.isContentVisible\" data-wp-init=\"callbacks.setButtonStyles\" data-wp-on--click=\"actions.showLightbox\" data-wp-on--load=\"callbacks.setButtonStyles\" data-wp-on--pointerdown=\"actions.preloadImage\" data-wp-on--pointerenter=\"actions.preloadImageWithDelay\" data-wp-on--pointerleave=\"actions.cancelPreload\" data-wp-on-window--resize=\"callbacks.setButtonStyles\" src=\"https:\/\/loudavymkrokem.cz\/wp-content\/uploads\/2026\/08\/dovolena-kypr-t16.jpg\" alt=\"Szoborpark a tenger felett Ayia Nap\u00e1ban\" class=\"wp-image-399902\" title=\"\" srcset=\"https:\/\/loudavymkrokem.cz\/wp-content\/uploads\/2026\/08\/dovolena-kypr-t16.jpg 1500w, https:\/\/loudavymkrokem.cz\/wp-content\/uploads\/2026\/08\/dovolena-kypr-t16-300x169.jpg 300w, https:\/\/loudavymkrokem.cz\/wp-content\/uploads\/2026\/08\/dovolena-kypr-t16-700x393.jpg 700w, https:\/\/loudavymkrokem.cz\/wp-content\/uploads\/2026\/08\/dovolena-kypr-t16-768x432.jpg 768w, https:\/\/loudavymkrokem.cz\/wp-content\/uploads\/2026\/08\/dovolena-kypr-t16-696x391.jpg 696w, https:\/\/loudavymkrokem.cz\/wp-content\/uploads\/2026\/08\/dovolena-kypr-t16-1392x782.jpg 1392w\" sizes=\"(max-width: 1500px) 100vw, 1500px\" \/><button\n\t\t\tclass=\"lightbox-trigger\"\n\t\t\ttype=\"button\"\n\t\t\taria-haspopup=\"dialog\"\n\t\t\tdata-wp-bind--aria-label=\"state.thisImage.triggerButtonAriaLabel\"\n\t\t\tdata-wp-init=\"callbacks.initTriggerButton\"\n\t\t\tdata-wp-on--click=\"actions.showLightbox\"\n\t\t\tdata-wp-style--right=\"state.thisImage.buttonRight\"\n\t\t\tdata-wp-style--top=\"state.thisImage.buttonTop\"\n\t\t>\n\t\t\t<svg xmlns=\"http:\/\/www.w3.org\/2000\/svg\" width=\"12\" height=\"12\" fill=\"none\" viewBox=\"0 0 12 12\">\n\t\t\t\t<path fill=\"#fff\" d=\"M2 0a2 2 0 0 0-2 2v2h1.5V2a.5.5 0 0 1 .5-.5h2V0H2Zm2 10.5H2a.5.5 0 0 1-.5-.5V8H0v2a2 2 0 0 0 2 2h2v-1.5ZM8 12v-1.5h2a.5.5 0 0 0 .5-.5V8H12v2a2 2 0 0 1-2 2H8Zm2-12a2 2 0 0 1 2 2v2h-1.5V2a.5.5 0 0 0-.5-.5H8V0h2Z\" \/>\n\t\t\t<\/svg>\n\t\t<\/button><figcaption class=\"wp-element-caption\">Szoborpark a tenger felett Ayia Nap\u00e1ban (Fot\u00f3: Qasinka \/ Wikimedia Commons, CC0)<\/figcaption><\/figure>\n\n\n\n<p class=\"wp-block-paragraph\">A parkb\u00f3l azt\u00e1n rendezett parti \u00f6sv\u00e9nyek folytat\u00f3dnak, amelyek k\u00e9nyelmesen elvezetnek eg\u00e9szen a Cape Greco nemzeti parkig. A bel\u00e9p\u00e9s ebbe a hatalmas szabadt\u00e9ri szoborparkba teljesen ingyenes, \u00e9s a ter\u00fcletnek nincs korl\u00e1toz\u00f3 nyitvatart\u00e1sa. A m\u0171v\u00e9szetb\u0151l a legjobb \u00e9lm\u00e9nyt akkor kapod, <strong>ha k\u00f6zvetlen\u00fcl napnyugta el\u0151tt l\u00e1togatod meg a parkot<\/strong>, amikor a k\u0151- \u00e9s f\u00e9mszobrok hossz\u00fa \u00e1rny\u00e9kokat vetnek.<\/p>\n\n\n\n<h3 id=\"17_Vodni_park_WaterWorld_v_Ayia_Nape\" class=\"wp-block-heading\"><span class=\"ez-toc-section\" id=\"17_A_WaterWorld_vizipark_Ayia_Napaban\"><\/span>17. A WaterWorld v\u00edzipark Ayia Nap\u00e1ban<span class=\"ez-toc-section-end\"><\/span><\/h3>\n\n\n\n<p class=\"wp-block-paragraph\">Az Ayia Napa-i WaterWorld v\u00edzipark hossz\u00fa ideje eg\u00e9sz Eur\u00f3pa legnagyobb \u00e9s legjobbra \u00e9rt\u00e9kelt aquaparkjai k\u00f6z\u00e9 tartozik. Az eg\u00e9sz kiterjedt ter\u00fclet nagyon szellemesen az \u00f3kori G\u00f6r\u00f6gorsz\u00e1g tematik\u00e1j\u00e1ba van \u00e1gyazva, \u00edgy sz\u00e1m\u00edthatsz istenekr\u0151l elnevezett cs\u00faszd\u00e1kra, hatalmas oszlopokra \u00e9s r\u00f3mai f\u00fcrd\u0151kk\u00e9nt kialak\u00edtott medenc\u00e9kre. Megtal\u00e1lsz itt <strong>mindent a szabades\u00e9ses adrenalinos cs\u00faszd\u00e1kt\u00f3l az \u00f3ri\u00e1si hull\u00e1mmedenc\u00e9ig<\/strong> \u00e9s a hossz\u00fa lusta foly\u00f3ig, ahol egy felf\u00fajhat\u00f3 karik\u00e1n remek\u00fcl kipihenheted magad.<\/p>\n\n\n\n<figure data-wp-context=\"{&quot;imageId&quot;:&quot;6a9944f50d29e&quot;}\" data-wp-interactive=\"core\/image\" data-wp-key=\"6a9944f50d29e\" class=\"wp-block-image size-full wp-lightbox-container\"><img decoding=\"async\" width=\"1500\" height=\"1125\" data-wp-class--hide=\"state.isContentHidden\" data-wp-class--show=\"state.isContentVisible\" data-wp-init=\"callbacks.setButtonStyles\" data-wp-on--click=\"actions.showLightbox\" data-wp-on--load=\"callbacks.setButtonStyles\" data-wp-on--pointerdown=\"actions.preloadImage\" data-wp-on--pointerenter=\"actions.preloadImageWithDelay\" data-wp-on--pointerleave=\"actions.cancelPreload\" data-wp-on-window--resize=\"callbacks.setButtonStyles\" src=\"https:\/\/loudavymkrokem.cz\/wp-content\/uploads\/2026\/08\/dovolena-kypr-t17.jpg\" alt=\"Aquapark Ayia Nap\u00e1ban\" class=\"wp-image-399905\" title=\"\" srcset=\"https:\/\/loudavymkrokem.cz\/wp-content\/uploads\/2026\/08\/dovolena-kypr-t17.jpg 1500w, https:\/\/loudavymkrokem.cz\/wp-content\/uploads\/2026\/08\/dovolena-kypr-t17-300x225.jpg 300w, https:\/\/loudavymkrokem.cz\/wp-content\/uploads\/2026\/08\/dovolena-kypr-t17-700x525.jpg 700w, https:\/\/loudavymkrokem.cz\/wp-content\/uploads\/2026\/08\/dovolena-kypr-t17-768x576.jpg 768w, https:\/\/loudavymkrokem.cz\/wp-content\/uploads\/2026\/08\/dovolena-kypr-t17-80x60.jpg 80w, https:\/\/loudavymkrokem.cz\/wp-content\/uploads\/2026\/08\/dovolena-kypr-t17-160x120.jpg 160w, https:\/\/loudavymkrokem.cz\/wp-content\/uploads\/2026\/08\/dovolena-kypr-t17-696x522.jpg 696w, https:\/\/loudavymkrokem.cz\/wp-content\/uploads\/2026\/08\/dovolena-kypr-t17-1392x1044.jpg 1392w\" sizes=\"(max-width: 1500px) 100vw, 1500px\" \/><button\n\t\t\tclass=\"lightbox-trigger\"\n\t\t\ttype=\"button\"\n\t\t\taria-haspopup=\"dialog\"\n\t\t\tdata-wp-bind--aria-label=\"state.thisImage.triggerButtonAriaLabel\"\n\t\t\tdata-wp-init=\"callbacks.initTriggerButton\"\n\t\t\tdata-wp-on--click=\"actions.showLightbox\"\n\t\t\tdata-wp-style--right=\"state.thisImage.buttonRight\"\n\t\t\tdata-wp-style--top=\"state.thisImage.buttonTop\"\n\t\t>\n\t\t\t<svg xmlns=\"http:\/\/www.w3.org\/2000\/svg\" width=\"12\" height=\"12\" fill=\"none\" viewBox=\"0 0 12 12\">\n\t\t\t\t<path fill=\"#fff\" d=\"M2 0a2 2 0 0 0-2 2v2h1.5V2a.5.5 0 0 1 .5-.5h2V0H2Zm2 10.5H2a.5.5 0 0 1-.5-.5V8H0v2a2 2 0 0 0 2 2h2v-1.5ZM8 12v-1.5h2a.5.5 0 0 0 .5-.5V8H12v2a2 2 0 0 1-2 2H8Zm2-12a2 2 0 0 1 2 2v2h-1.5V2a.5.5 0 0 0-.5-.5H8V0h2Z\" \/>\n\t\t\t<\/svg>\n\t\t<\/button><figcaption class=\"wp-element-caption\">Aquapark Ayia Nap\u00e1ban (Fot\u00f3: Vsatinet \/ Wikimedia Commons, CC BY-SA 4.0)<\/figcaption><\/figure>\n\n\n\n<p class=\"wp-block-paragraph\">Az utaz\u00f3k v\u00e9lem\u00e9nye szerint ez teljesen fantasztikus hely a gyerekes csal\u00e1doknak, de remek\u00fcl elsz\u00f3rakoznak itt a feln\u0151ttek is, akik szeretik egy kicsit a v\u00edzi adrenalint. A ter\u00fcleten gond n\u00e9lk\u00fcl elt\u00f6lthetsz egy eg\u00e9sz hossz\u00fa napot, mivel sok j\u00f3 \u00e9ttermet, \u00e1rny\u00e9kos pihen\u0151helyet \u00e9s ingyenes nap\u00e1gyat k\u00edn\u00e1l. A jegyeket <strong>mindenk\u00e9pp \u00e9rdemes el\u0151re online megvenni<\/strong>, mert kicsit olcs\u00f3bbak, \u00e9s \u00edgy elker\u00fcl\u00f6d a kimer\u00edt\u0151 sorokat a p\u00e9nzt\u00e1rn\u00e1l.<\/p>\n\n\n\n<h3 id=\"18_Vesnice_Troodosu_Omodos_Lefkara_a_Kakopetria\" class=\"wp-block-heading\"><span class=\"ez-toc-section\" id=\"18_Troodoszi_falvak_Omodos_Lefkara_es_Kakopetria\"><\/span>18. Troodoszi falvak: Omodos, Lefkara \u00e9s Kakopetria<span class=\"ez-toc-section-end\"><\/span><\/h3>\n\n\n\n<p class=\"wp-block-paragraph\">A troodoszi falvak egy teljesen m\u00e1s Ciprust mutatnak, mint amilyet a felmelegedett, hotelkomplexumokkal \u00e9s naperny\u0151kkel teli partr\u00f3l ismersz. Ezek a fest\u0151i k\u0151falvak magasan a z\u00f6ld dombokon fekszenek, jellemz\u0151j\u00fck a sz\u0171k utc\u00e1k, a piros tet\u0151s h\u00e1zak \u00e9s a hihetetlen nyugalom. Mindenk\u00e9pp meg\u00e9ri megl\u00e1togatni Lefkara falut, amely <strong>vil\u00e1gszerte h\u00edres a hagyom\u00e1nyos csipkek\u00e9sz\u00edt\u00e9s\u00e9r\u0151l<\/strong> \u00e9s \u00f6tv\u00f6sm\u0171vess\u00e9g\u00e9r\u0151l, vagy a t\u00f6rt\u00e9nelmi Kakopetri\u00e1t a hegyi patak menti, meg\u0151rz\u00f6tt r\u00e9gi h\u00e1zaival.<\/p>\n\n\n\n<figure data-wp-context=\"{&quot;imageId&quot;:&quot;6a9944f50d881&quot;}\" data-wp-interactive=\"core\/image\" data-wp-key=\"6a9944f50d881\" class=\"wp-block-image size-full wp-lightbox-container\"><img decoding=\"async\" width=\"1500\" height=\"1000\" data-wp-class--hide=\"state.isContentHidden\" data-wp-class--show=\"state.isContentVisible\" data-wp-init=\"callbacks.setButtonStyles\" data-wp-on--click=\"actions.showLightbox\" data-wp-on--load=\"callbacks.setButtonStyles\" data-wp-on--pointerdown=\"actions.preloadImage\" data-wp-on--pointerenter=\"actions.preloadImageWithDelay\" data-wp-on--pointerleave=\"actions.cancelPreload\" data-wp-on-window--resize=\"callbacks.setButtonStyles\" src=\"https:\/\/loudavymkrokem.cz\/wp-content\/uploads\/2026\/08\/dovolena-kypr-t18.jpg\" alt=\"Hegyi falu a Troodosz-hegys\u00e9gben\" class=\"wp-image-399910\" title=\"\" srcset=\"https:\/\/loudavymkrokem.cz\/wp-content\/uploads\/2026\/08\/dovolena-kypr-t18.jpg 1500w, https:\/\/loudavymkrokem.cz\/wp-content\/uploads\/2026\/08\/dovolena-kypr-t18-300x200.jpg 300w, https:\/\/loudavymkrokem.cz\/wp-content\/uploads\/2026\/08\/dovolena-kypr-t18-700x467.jpg 700w, https:\/\/loudavymkrokem.cz\/wp-content\/uploads\/2026\/08\/dovolena-kypr-t18-768x512.jpg 768w, https:\/\/loudavymkrokem.cz\/wp-content\/uploads\/2026\/08\/dovolena-kypr-t18-696x464.jpg 696w, https:\/\/loudavymkrokem.cz\/wp-content\/uploads\/2026\/08\/dovolena-kypr-t18-1392x928.jpg 1392w\" sizes=\"(max-width: 1500px) 100vw, 1500px\" \/><button\n\t\t\tclass=\"lightbox-trigger\"\n\t\t\ttype=\"button\"\n\t\t\taria-haspopup=\"dialog\"\n\t\t\tdata-wp-bind--aria-label=\"state.thisImage.triggerButtonAriaLabel\"\n\t\t\tdata-wp-init=\"callbacks.initTriggerButton\"\n\t\t\tdata-wp-on--click=\"actions.showLightbox\"\n\t\t\tdata-wp-style--right=\"state.thisImage.buttonRight\"\n\t\t\tdata-wp-style--top=\"state.thisImage.buttonTop\"\n\t\t>\n\t\t\t<svg xmlns=\"http:\/\/www.w3.org\/2000\/svg\" width=\"12\" height=\"12\" fill=\"none\" viewBox=\"0 0 12 12\">\n\t\t\t\t<path fill=\"#fff\" d=\"M2 0a2 2 0 0 0-2 2v2h1.5V2a.5.5 0 0 1 .5-.5h2V0H2Zm2 10.5H2a.5.5 0 0 1-.5-.5V8H0v2a2 2 0 0 0 2 2h2v-1.5ZM8 12v-1.5h2a.5.5 0 0 0 .5-.5V8H12v2a2 2 0 0 1-2 2H8Zm2-12a2 2 0 0 1 2 2v2h-1.5V2a.5.5 0 0 0-.5-.5H8V0h2Z\" \/>\n\t\t\t<\/svg>\n\t\t<\/button><figcaption class=\"wp-element-caption\">Hegyi falu a Troodosz-hegys\u00e9gben (Fot\u00f3: Hagai Agmon-Snir \/ Wikimedia Commons, CC BY-SA 4.0)<\/figcaption><\/figure>\n\n\n\n<p class=\"wp-block-paragraph\">Semmik\u00e9pp ne hagyd ki Omodos v\u00e1rosk\u00e1j\u00e1t sem, amely a helyi bor\u00e1szat hagyom\u00e1nyos k\u00f6zpontjak\u00e9nt m\u0171k\u00f6dik, \u00e9s sok kis csal\u00e1di pinc\u00e9t tal\u00e1lsz benne hatalmas hord\u00f3kkal. A hegyi falvakban eg\u00e9sz \u00e9vben j\u00f3val h\u0171v\u00f6sebb, mint a strandokon, \u00edgy <strong>ne felejts el becsomagolni egy k\u00f6nny\u0171 pul\u00f3vert a forr\u00f3 ny\u00e1r k\u00f6zep\u00e9n is<\/strong>. Az emberek itt nagyon dics\u00e9rik a csod\u00e1latos vend\u00e9gszeretetet \u00e9s a remek csal\u00e1di taver\u00e1kat.<\/p>\n\n\n\n<h3 id=\"19_Byzantske_kostely_na_seznamu_UNESCO\" class=\"wp-block-heading\"><span class=\"ez-toc-section\" id=\"19_Bizanci_templomok_az_UNESCO_listajan\"><\/span>19. Biz\u00e1nci templomok az UNESCO list\u00e1j\u00e1n<span class=\"ez-toc-section-end\"><\/span><\/h3>\n\n\n\n<p class=\"wp-block-paragraph\">A Troodosz-hegys\u00e9g m\u00e9ly\u00e9n megb\u00fav\u00f3 biz\u00e1nci templomok a sziget legfontosabb kultur\u00e1lis m\u0171eml\u00e9kei k\u00f6z\u00e9 tartoznak, \u00e9s kilenc k\u00f6z\u00fcl\u00fck a jelent\u0151s UNESCO-list\u00e1n is szerepel. K\u00edv\u00fclr\u0151l gyakran csak egyszer\u0171 k\u0151pajt\u00e1knak t\u0171nnek meredek fatet\u0151vel, amelynek a hegyekben a t\u00e9li h\u00f3 ellen kell v\u00e9deni\u00fck \u0151ket. Bel\u00fcl viszont <strong>teljesen fantasztikus \u00e9s remek\u00fcl meg\u0151rz\u00f6tt fresk\u00f3kat rejtenek<\/strong>, amelyek k\u00f6z\u00fcl sok m\u00e1r a tizenegyedik sz\u00e1zadb\u00f3l sz\u00e1rmazik, \u00e9s bibliai t\u00f6rt\u00e9neteket mes\u00e9l el ragyog\u00f3 sz\u00ednekben.<\/p>\n\n\n\n<figure data-wp-context=\"{&quot;imageId&quot;:&quot;6a9944f50dc98&quot;}\" data-wp-interactive=\"core\/image\" data-wp-key=\"6a9944f50dc98\" class=\"wp-block-image size-full wp-lightbox-container\"><img decoding=\"async\" width=\"1500\" height=\"751\" data-wp-class--hide=\"state.isContentHidden\" data-wp-class--show=\"state.isContentVisible\" data-wp-init=\"callbacks.setButtonStyles\" data-wp-on--click=\"actions.showLightbox\" data-wp-on--load=\"callbacks.setButtonStyles\" data-wp-on--pointerdown=\"actions.preloadImage\" data-wp-on--pointerenter=\"actions.preloadImageWithDelay\" data-wp-on--pointerleave=\"actions.cancelPreload\" data-wp-on-window--resize=\"callbacks.setButtonStyles\" src=\"https:\/\/loudavymkrokem.cz\/wp-content\/uploads\/2026\/08\/dovolena-kypr-t19.jpg\" alt=\"Biz\u00e1nci templomocska a Troodosz-hegys\u00e9gben\" class=\"wp-image-399914\" title=\"\" srcset=\"https:\/\/loudavymkrokem.cz\/wp-content\/uploads\/2026\/08\/dovolena-kypr-t19.jpg 1500w, https:\/\/loudavymkrokem.cz\/wp-content\/uploads\/2026\/08\/dovolena-kypr-t19-300x150.jpg 300w, https:\/\/loudavymkrokem.cz\/wp-content\/uploads\/2026\/08\/dovolena-kypr-t19-700x350.jpg 700w, https:\/\/loudavymkrokem.cz\/wp-content\/uploads\/2026\/08\/dovolena-kypr-t19-768x385.jpg 768w, https:\/\/loudavymkrokem.cz\/wp-content\/uploads\/2026\/08\/dovolena-kypr-t19-696x348.jpg 696w, https:\/\/loudavymkrokem.cz\/wp-content\/uploads\/2026\/08\/dovolena-kypr-t19-1392x697.jpg 1392w\" sizes=\"(max-width: 1500px) 100vw, 1500px\" \/><button\n\t\t\tclass=\"lightbox-trigger\"\n\t\t\ttype=\"button\"\n\t\t\taria-haspopup=\"dialog\"\n\t\t\tdata-wp-bind--aria-label=\"state.thisImage.triggerButtonAriaLabel\"\n\t\t\tdata-wp-init=\"callbacks.initTriggerButton\"\n\t\t\tdata-wp-on--click=\"actions.showLightbox\"\n\t\t\tdata-wp-style--right=\"state.thisImage.buttonRight\"\n\t\t\tdata-wp-style--top=\"state.thisImage.buttonTop\"\n\t\t>\n\t\t\t<svg xmlns=\"http:\/\/www.w3.org\/2000\/svg\" width=\"12\" height=\"12\" fill=\"none\" viewBox=\"0 0 12 12\">\n\t\t\t\t<path fill=\"#fff\" d=\"M2 0a2 2 0 0 0-2 2v2h1.5V2a.5.5 0 0 1 .5-.5h2V0H2Zm2 10.5H2a.5.5 0 0 1-.5-.5V8H0v2a2 2 0 0 0 2 2h2v-1.5ZM8 12v-1.5h2a.5.5 0 0 0 .5-.5V8H12v2a2 2 0 0 1-2 2H8Zm2-12a2 2 0 0 1 2 2v2h-1.5V2a.5.5 0 0 0-.5-.5H8V0h2Z\" \/>\n\t\t\t<\/svg>\n\t\t<\/button><figcaption class=\"wp-element-caption\">Biz\u00e1nci templomocska a Troodosz-hegys\u00e9gben (Fot\u00f3: Zairon \/ Wikimedia Commons, CC BY-SA 4.0)<\/figcaption><\/figure>\n\n\n\n<p class=\"wp-block-paragraph\">A leg\u00e9rdekesebbek k\u00f6z\u00e9 tartozik az Asinou templomocska vagy a f\u00e9lrees\u0151 Panagia tou Araka kolostor, amelyek gy\u00f6ny\u00f6r\u0171 helyeken fekszenek illatoz\u00f3 feny\u0151erd\u0151k k\u00f6zep\u00e9n. E vall\u00e1si eml\u00e9kek t\u00f6bbs\u00e9ge meglehet\u0151sen kicsi, \u00e9s \u00e9beren \u0151rzik \u0151ket a kulcsokkal rendelkez\u0151 helyi gondnokok, akikkel gyakran csak mosollyal \u00e9s mutogat\u00e1ssal \u00e9rtetsz sz\u00f3t. A templomok belsej\u00e9ben <strong>szigor\u00faan tilos a vakuval val\u00f3 f\u00e9nyk\u00e9pez\u00e9s<\/strong>, \u00e9s a v\u00e1llat meg a t\u00e9rdet eltakar\u00f3 megfelel\u0151 \u00f6lt\u00f6z\u00e9k k\u00f6telez\u0151.<\/p>\n\n\n\n<h3 id=\"20_Vodopady_Kalidonia_a_Mount_Olympus\" class=\"wp-block-heading\"><span class=\"ez-toc-section\" id=\"20_A_Kalidonia-vizeses_es_a_Mount_Olympus\"><\/span>20. A Kalidonia-v\u00edzes\u00e9s \u00e9s a Mount Olympus<span class=\"ez-toc-section-end\"><\/span><\/h3>\n\n\n\n<p class=\"wp-block-paragraph\">A Kalidonia-v\u00edzes\u00e9s \u00e9s a k\u00f6zeli Mount Olympus cs\u00facs egy\u00e9rtelm\u0171en bizony\u00edtja, hogy Ciprus nem csak strandokkal teli kisz\u00e1radt f\u00f6ld, hanem \u00fcde, z\u00f6ld hegyi term\u00e9szetet is k\u00edn\u00e1l kellemes \u00e9ghajlattal. A v\u00edzes\u00e9shez vezet\u0151 t\u00fara s\u0171r\u0171 feny\u0151erd\u0151n \u00e1t halad a h\u0171s\u00edt\u0151 patak ment\u00e9n, maga az \u00fatvonal alig h\u00e1rom kilom\u00e9ter, amit k\u00e9nyelmes temp\u00f3ban egy \u00f3ra alatt teljes\u00edtesz. A sziget legmagasabb hegye, az Olimposz pedig <strong>tekint\u00e9lyes 1952 m\u00e9ter magas<\/strong>, \u00e9s gy\u00f6ny\u00f6r\u0171 panor\u00e1m\u00e1s kil\u00e1t\u00e1st ny\u00fajt m\u00e9lyen a z\u00f6ld v\u00f6lgybe.<\/p>\n\n\n\n<figure data-wp-context=\"{&quot;imageId&quot;:&quot;6a9944f50e067&quot;}\" data-wp-interactive=\"core\/image\" data-wp-key=\"6a9944f50e067\" class=\"wp-block-image size-full wp-lightbox-container\"><img decoding=\"async\" width=\"1500\" height=\"1000\" data-wp-class--hide=\"state.isContentHidden\" data-wp-class--show=\"state.isContentVisible\" data-wp-init=\"callbacks.setButtonStyles\" data-wp-on--click=\"actions.showLightbox\" data-wp-on--load=\"callbacks.setButtonStyles\" data-wp-on--pointerdown=\"actions.preloadImage\" data-wp-on--pointerenter=\"actions.preloadImageWithDelay\" data-wp-on--pointerleave=\"actions.cancelPreload\" data-wp-on-window--resize=\"callbacks.setButtonStyles\" src=\"https:\/\/loudavymkrokem.cz\/wp-content\/uploads\/2026\/08\/dovolena-kypr-t20.jpg\" alt=\"A Troodosz-hegys\u00e9g feny\u0151erd\u0151kkel\" class=\"wp-image-399933\" title=\"\" srcset=\"https:\/\/loudavymkrokem.cz\/wp-content\/uploads\/2026\/08\/dovolena-kypr-t20.jpg 1500w, https:\/\/loudavymkrokem.cz\/wp-content\/uploads\/2026\/08\/dovolena-kypr-t20-300x200.jpg 300w, https:\/\/loudavymkrokem.cz\/wp-content\/uploads\/2026\/08\/dovolena-kypr-t20-700x467.jpg 700w, https:\/\/loudavymkrokem.cz\/wp-content\/uploads\/2026\/08\/dovolena-kypr-t20-768x512.jpg 768w, https:\/\/loudavymkrokem.cz\/wp-content\/uploads\/2026\/08\/dovolena-kypr-t20-696x464.jpg 696w, https:\/\/loudavymkrokem.cz\/wp-content\/uploads\/2026\/08\/dovolena-kypr-t20-1392x928.jpg 1392w\" sizes=\"(max-width: 1500px) 100vw, 1500px\" \/><button\n\t\t\tclass=\"lightbox-trigger\"\n\t\t\ttype=\"button\"\n\t\t\taria-haspopup=\"dialog\"\n\t\t\tdata-wp-bind--aria-label=\"state.thisImage.triggerButtonAriaLabel\"\n\t\t\tdata-wp-init=\"callbacks.initTriggerButton\"\n\t\t\tdata-wp-on--click=\"actions.showLightbox\"\n\t\t\tdata-wp-style--right=\"state.thisImage.buttonRight\"\n\t\t\tdata-wp-style--top=\"state.thisImage.buttonTop\"\n\t\t>\n\t\t\t<svg xmlns=\"http:\/\/www.w3.org\/2000\/svg\" width=\"12\" height=\"12\" fill=\"none\" viewBox=\"0 0 12 12\">\n\t\t\t\t<path fill=\"#fff\" d=\"M2 0a2 2 0 0 0-2 2v2h1.5V2a.5.5 0 0 1 .5-.5h2V0H2Zm2 10.5H2a.5.5 0 0 1-.5-.5V8H0v2a2 2 0 0 0 2 2h2v-1.5ZM8 12v-1.5h2a.5.5 0 0 0 .5-.5V8H12v2a2 2 0 0 1-2 2H8Zm2-12a2 2 0 0 1 2 2v2h-1.5V2a.5.5 0 0 0-.5-.5H8V0h2Z\" \/>\n\t\t\t<\/svg>\n\t\t<\/button><figcaption class=\"wp-element-caption\">A Troodosz-hegys\u00e9g feny\u0151erd\u0151kkel (Fot\u00f3: Michal Klajban \/ Wikimedia Commons, CC BY-SA 4.0)<\/figcaption><\/figure>\n\n\n\n<p class=\"wp-block-paragraph\">\u00c9rdekess\u00e9g, hogy az Olimposz lejt\u0151in janu\u00e1rban \u00e9s febru\u00e1rban eg\u00e9sz gyakran megmarad a h\u00f3, \u00e9s itt m\u00e9g kisebb s\u00edfelvon\u00f3k is m\u0171k\u00f6dnek a helyi lelkesek sz\u00e1m\u00e1ra. Egy tavaszi napon \u00edgy elm\u00e9letileg <strong>d\u00e9lel\u0151tt s\u00edelhetsz a hegyekben, d\u00e9lut\u00e1n pedig f\u00fcr\u00f6dhetsz a felmelegedett tengerben<\/strong> lent a parton. A hegyekbe vezet\u0151 \u00fat meglehet\u0151sen kanyarg\u00f3s \u00e9s meredek, \u00edgy ha olykor rosszul leszel aut\u00f3ban, j\u00f3 egy kicsit felk\u00e9sz\u00fclni ezekre a v\u00e9gtelen szerpentinekre.<\/p>\n\n\n\n<h3 id=\"21_Kyperska_vinarstvi_a_trasy_vin\" class=\"wp-block-heading\"><span class=\"ez-toc-section\" id=\"21_Ciprusi_boraszatok_es_borutak\"><\/span>21. Ciprusi bor\u00e1szatok \u00e9s borutak<span class=\"ez-toc-section-end\"><\/span><\/h3>\n\n\n\n<p class=\"wp-block-paragraph\">A ciprusi bor\u00e1szatok \u00e9s az \u00fagynevezett borutak \u00f3ri\u00e1si cs\u00e1b\u00edt\u00e1st jelentenek minden utaz\u00f3 sz\u00e1m\u00e1ra, aki szereti felfedezni a helyi gasztron\u00f3mi\u00e1t \u00e9s a mez\u0151gazdas\u00e1gi hagyom\u00e1nyokat. A Troodosz eg\u00e9sz term\u00e9keny l\u00e1bvid\u00e9k\u00e9t s\u0171r\u0171n beh\u00e1l\u00f3zz\u00e1k a jelzett borutak, amelyek elvezetnek kis csal\u00e1di v\u00e1llalkoz\u00e1sokhoz \u00e9s nagy hagyom\u00e1nyos termel\u0151kh\u00f6z is. A f\u0151 csillag a Commandaria \u00e9des desszertbor, amelyr\u0151l azt tartj\u00e1k, hogy ez <strong>a vil\u00e1g legr\u00e9gebbi, ma is gy\u00e1rtott bora<\/strong> ugyanazzal a n\u00e9vvel \u00e9s eredeti recepttel.<\/p>\n\n\n\n<figure data-wp-context=\"{&quot;imageId&quot;:&quot;6a9944f50e583&quot;}\" data-wp-interactive=\"core\/image\" data-wp-key=\"6a9944f50e583\" class=\"wp-block-image size-full wp-lightbox-container\"><img decoding=\"async\" width=\"1500\" height=\"993\" data-wp-class--hide=\"state.isContentHidden\" data-wp-class--show=\"state.isContentVisible\" data-wp-init=\"callbacks.setButtonStyles\" data-wp-on--click=\"actions.showLightbox\" data-wp-on--load=\"callbacks.setButtonStyles\" data-wp-on--pointerdown=\"actions.preloadImage\" data-wp-on--pointerenter=\"actions.preloadImageWithDelay\" data-wp-on--pointerleave=\"actions.cancelPreload\" data-wp-on-window--resize=\"callbacks.setButtonStyles\" src=\"https:\/\/loudavymkrokem.cz\/wp-content\/uploads\/2026\/08\/dovolena-kypr-t21.jpg\" alt=\"Sz\u0151l\u0151\u00fcltetv\u00e9ny a Troodosz-hegys\u00e9g l\u00e1b\u00e1n\u00e1l\" class=\"wp-image-399927\" title=\"\" srcset=\"https:\/\/loudavymkrokem.cz\/wp-content\/uploads\/2026\/08\/dovolena-kypr-t21.jpg 1500w, https:\/\/loudavymkrokem.cz\/wp-content\/uploads\/2026\/08\/dovolena-kypr-t21-300x199.jpg 300w, https:\/\/loudavymkrokem.cz\/wp-content\/uploads\/2026\/08\/dovolena-kypr-t21-700x463.jpg 700w, https:\/\/loudavymkrokem.cz\/wp-content\/uploads\/2026\/08\/dovolena-kypr-t21-768x508.jpg 768w, https:\/\/loudavymkrokem.cz\/wp-content\/uploads\/2026\/08\/dovolena-kypr-t21-696x461.jpg 696w, https:\/\/loudavymkrokem.cz\/wp-content\/uploads\/2026\/08\/dovolena-kypr-t21-1392x922.jpg 1392w\" sizes=\"(max-width: 1500px) 100vw, 1500px\" \/><button\n\t\t\tclass=\"lightbox-trigger\"\n\t\t\ttype=\"button\"\n\t\t\taria-haspopup=\"dialog\"\n\t\t\tdata-wp-bind--aria-label=\"state.thisImage.triggerButtonAriaLabel\"\n\t\t\tdata-wp-init=\"callbacks.initTriggerButton\"\n\t\t\tdata-wp-on--click=\"actions.showLightbox\"\n\t\t\tdata-wp-style--right=\"state.thisImage.buttonRight\"\n\t\t\tdata-wp-style--top=\"state.thisImage.buttonTop\"\n\t\t>\n\t\t\t<svg xmlns=\"http:\/\/www.w3.org\/2000\/svg\" width=\"12\" height=\"12\" fill=\"none\" viewBox=\"0 0 12 12\">\n\t\t\t\t<path fill=\"#fff\" d=\"M2 0a2 2 0 0 0-2 2v2h1.5V2a.5.5 0 0 1 .5-.5h2V0H2Zm2 10.5H2a.5.5 0 0 1-.5-.5V8H0v2a2 2 0 0 0 2 2h2v-1.5ZM8 12v-1.5h2a.5.5 0 0 0 .5-.5V8H12v2a2 2 0 0 1-2 2H8Zm2-12a2 2 0 0 1 2 2v2h-1.5V2a.5.5 0 0 0-.5-.5H8V0h2Z\" \/>\n\t\t\t<\/svg>\n\t\t<\/button><figcaption class=\"wp-element-caption\">Sz\u0151l\u0151\u00fcltetv\u00e9ny a Troodosz-hegys\u00e9g l\u00e1b\u00e1n\u00e1l (Fot\u00f3: Serhio Magpie \/ Wikimedia Commons, CC BY 4.0)<\/figcaption><\/figure>\n\n\n\n<p class=\"wp-block-paragraph\">A legt\u00f6bb csal\u00e1di bor\u00e1szat el\u0151zetes egyeztet\u00e9s ut\u00e1n k\u00f3stol\u00f3val egybek\u00f6t\u00f6tt pincel\u00e1togat\u00e1st k\u00edn\u00e1l, ahol a helyi bor\u00e1szok sz\u00edvesen elmagyar\u00e1zz\u00e1k a sz\u0151l\u0151termeszt\u00e9s \u00e9s -feldolgoz\u00e1s eg\u00e9sz munk\u00e1s folyamat\u00e1t. A tapasztalt utaz\u00f3k azt aj\u00e1nlj\u00e1k, hogy a bor\u00fatra ide\u00e1lisan szervezett kir\u00e1ndul\u00e1ssal indulj, vagy szervezz egy megb\u00edzhat\u00f3 sof\u0151rt, mert <strong>a ciprusi rend\u0151rs\u00e9g nagyon szigor\u00faan figyeli a vol\u00e1n m\u00f6g\u00f6tti alkoholt<\/strong>. A helyi borok meglep\u0151en j\u00f3 min\u0151s\u00e9g\u0171ek, egy \u00fcveg val\u00f3di Commandaria pedig t\u00f6k\u00e9letes szuven\u00edr a nyaral\u00e1sr\u00f3l.<\/p>\n\n\n\n<h3 id=\"22_Nikosie_posledni_rozdelene_hlavni_mesto_Evropy\" class=\"wp-block-heading\"><span class=\"ez-toc-section\" id=\"22_Nicosia_Europa_utolso_megosztott_fovarosa\"><\/span>22. Nicosia: Eur\u00f3pa utols\u00f3 megosztott f\u0151v\u00e1rosa<span class=\"ez-toc-section-end\"><\/span><\/h3>\n\n\n\n<p class=\"wp-block-paragraph\">Nicosia hihetetlen\u00fcl leny\u0171g\u00f6z\u0151 metropolisz, amely egy nagyon szomor\u00fa rekordot tart, ugyanis <strong>Eur\u00f3pa utols\u00f3 katonailag megosztott f\u0151v\u00e1rosak\u00e9nt<\/strong> m\u0171k\u00f6dik. A f\u0151 bev\u00e1s\u00e1rl\u00f3utc\u00e1t, a Ledra Streetet k\u00f6ny\u00f6rtelen\u00fcl keresztezi az ENSZ ellen\u0151rz\u00e9se alatt \u00e1ll\u00f3, szigor\u00faan \u0151rz\u00f6tt Z\u00f6ld vonal, amely a v\u00e1rost g\u00f6r\u00f6g d\u00e9lre \u00e9s t\u00f6r\u00f6k \u00e9szakra osztja. Szabadon s\u00e9t\u00e1lgathatsz a szab\u00e1lyos csillag alak\u00fa, hatalmas velencei er\u0151dfalakon, csod\u00e1lhatod az \u00f3v\u00e1rost, \u00e9s a saj\u00e1t b\u0151r\u00f6d\u00f6n \u00e9rezheted azt az \u00f3ri\u00e1si kultur\u00e1lis kontrasztot.<\/p>\n\n\n\n<figure data-wp-context=\"{&quot;imageId&quot;:&quot;6a9944f50e96a&quot;}\" data-wp-interactive=\"core\/image\" data-wp-key=\"6a9944f50e96a\" class=\"wp-block-image size-full wp-lightbox-container\"><img decoding=\"async\" width=\"1500\" height=\"937\" data-wp-class--hide=\"state.isContentHidden\" data-wp-class--show=\"state.isContentVisible\" data-wp-init=\"callbacks.setButtonStyles\" data-wp-on--click=\"actions.showLightbox\" data-wp-on--load=\"callbacks.setButtonStyles\" data-wp-on--pointerdown=\"actions.preloadImage\" data-wp-on--pointerenter=\"actions.preloadImageWithDelay\" data-wp-on--pointerleave=\"actions.cancelPreload\" data-wp-on-window--resize=\"callbacks.setButtonStyles\" src=\"https:\/\/loudavymkrokem.cz\/wp-content\/uploads\/2026\/08\/dovolena-kypr-t22.jpg\" alt=\"A Ledra Street a megosztott Nicosi\u00e1ban\" class=\"wp-image-399918\" title=\"\" srcset=\"https:\/\/loudavymkrokem.cz\/wp-content\/uploads\/2026\/08\/dovolena-kypr-t22.jpg 1500w, https:\/\/loudavymkrokem.cz\/wp-content\/uploads\/2026\/08\/dovolena-kypr-t22-300x187.jpg 300w, https:\/\/loudavymkrokem.cz\/wp-content\/uploads\/2026\/08\/dovolena-kypr-t22-700x437.jpg 700w, https:\/\/loudavymkrokem.cz\/wp-content\/uploads\/2026\/08\/dovolena-kypr-t22-768x480.jpg 768w, https:\/\/loudavymkrokem.cz\/wp-content\/uploads\/2026\/08\/dovolena-kypr-t22-696x435.jpg 696w, https:\/\/loudavymkrokem.cz\/wp-content\/uploads\/2026\/08\/dovolena-kypr-t22-1392x870.jpg 1392w\" sizes=\"(max-width: 1500px) 100vw, 1500px\" \/><button\n\t\t\tclass=\"lightbox-trigger\"\n\t\t\ttype=\"button\"\n\t\t\taria-haspopup=\"dialog\"\n\t\t\tdata-wp-bind--aria-label=\"state.thisImage.triggerButtonAriaLabel\"\n\t\t\tdata-wp-init=\"callbacks.initTriggerButton\"\n\t\t\tdata-wp-on--click=\"actions.showLightbox\"\n\t\t\tdata-wp-style--right=\"state.thisImage.buttonRight\"\n\t\t\tdata-wp-style--top=\"state.thisImage.buttonTop\"\n\t\t>\n\t\t\t<svg xmlns=\"http:\/\/www.w3.org\/2000\/svg\" width=\"12\" height=\"12\" fill=\"none\" viewBox=\"0 0 12 12\">\n\t\t\t\t<path fill=\"#fff\" d=\"M2 0a2 2 0 0 0-2 2v2h1.5V2a.5.5 0 0 1 .5-.5h2V0H2Zm2 10.5H2a.5.5 0 0 1-.5-.5V8H0v2a2 2 0 0 0 2 2h2v-1.5ZM8 12v-1.5h2a.5.5 0 0 0 .5-.5V8H12v2a2 2 0 0 1-2 2H8Zm2-12a2 2 0 0 1 2 2v2h-1.5V2a.5.5 0 0 0-.5-.5H8V0h2Z\" \/>\n\t\t\t<\/svg>\n\t\t<\/button><figcaption class=\"wp-element-caption\">A Ledra Street a megosztott Nicosi\u00e1ban (Fot\u00f3: A.Savin \/ Wikimedia Commons, FAL)<\/figcaption><\/figure>\n\n\n\n<p class=\"wp-block-paragraph\">Nicosia \u00e9szaki r\u00e9sz\u00e9be val\u00f3 \u00e1tjut\u00e1shoz egy hivatalos gyalogos hat\u00e1r\u00e1tkel\u0151n kell \u00e1tmenned, \u00e9s <strong>felt\u00e9tlen\u00fcl \u00e9rv\u00e9nyes \u00fatlev\u00e9lre van sz\u00fcks\u00e9ged<\/strong>, mert a szem\u00e9lyi igazolv\u00e1ny megb\u00edzhat\u00f3an nem el\u00e9g. Az eg\u00e9sz ellen\u0151rz\u00e9si folyamat \u00e1ltal\u00e1ban gyors \u00e9s z\u00f6kken\u0151mentes, egy k\u00f6z\u00e9p-eur\u00f3pai sz\u00e1m\u00e1ra viszont t\u00e9nyleg er\u0151s \u00e9lm\u00e9ny. A hat\u00e1r \u00e1tl\u00e9p\u00e9s\u00e9vel egy csap\u00e1sra keleti piacok, mecsetek \u00e9s f\u0171szerillat k\u00f6zeg\u00e9ben tal\u00e1lod magad, ahol m\u00e1r els\u0151 pillant\u00e1sra \u00e9rz\u00e9kelhet\u0151 a teljesen m\u00e1s \u00e9letst\u00edlus.<\/p>\n\n\n\n<h3 id=\"23_Kyrenia_Girne_a_hrad_nad_pristavem\" class=\"wp-block-heading\"><span class=\"ez-toc-section\" id=\"23_Kyrenia_Girne_es_a_kikoto_feletti_var\"><\/span>23. Kyrenia (Girne) \u00e9s a kik\u00f6t\u0151 feletti v\u00e1r<span class=\"ez-toc-section-end\"><\/span><\/h3>\n\n\n\n<p class=\"wp-block-paragraph\">Kyrenia az \u00e9szaki parton fekszik, \u00e9s sok utaz\u00f3 joggal tartja az eg\u00e9sz megosztott sziget legfotog\u00e9nebb kik\u00f6t\u0151j\u00e9nek. A t\u00f6k\u00e9letes patk\u00f3 alak\u00fa \u00f6bl\u00f6t r\u00e9gi k\u0151h\u00e1zak szeg\u00e9lyezik, \u00f3donnak t\u0171n\u0151 fahaj\u00f3k horgonyoznak benne, mindezek f\u00f6l\u00f6tt pedig <strong>fens\u00e9gesen magasodik egy hatalmas biz\u00e1nci v\u00e1r<\/strong>, amely r\u00e9gen a porty\u00e1z\u00e1sokt\u00f3l v\u00e9dte a v\u00e1rost. Kicsivel a v\u00e1ros f\u00f6l\u00f6tt, a dombokon azt\u00e1n a Bellapais ap\u00e1ts\u00e1g gy\u00f6ny\u00f6r\u0171 g\u00f3tikus romjai rejt\u0151znek, csod\u00e1latos kil\u00e1t\u00e1ssal a tengerre.<\/p>\n\n\n\n<figure data-wp-context=\"{&quot;imageId&quot;:&quot;6a9944f50edbb&quot;}\" data-wp-interactive=\"core\/image\" data-wp-key=\"6a9944f50edbb\" class=\"wp-block-image size-full wp-lightbox-container\"><img decoding=\"async\" width=\"1500\" height=\"937\" data-wp-class--hide=\"state.isContentHidden\" data-wp-class--show=\"state.isContentVisible\" data-wp-init=\"callbacks.setButtonStyles\" data-wp-on--click=\"actions.showLightbox\" data-wp-on--load=\"callbacks.setButtonStyles\" data-wp-on--pointerdown=\"actions.preloadImage\" data-wp-on--pointerenter=\"actions.preloadImageWithDelay\" data-wp-on--pointerleave=\"actions.cancelPreload\" data-wp-on-window--resize=\"callbacks.setButtonStyles\" src=\"https:\/\/loudavymkrokem.cz\/wp-content\/uploads\/2026\/08\/dovolena-kypr-t23.jpg\" alt=\"Kik\u00f6t\u0151 \u00e9s v\u00e1r Kyreni\u00e1ban\" class=\"wp-image-399919\" title=\"\" srcset=\"https:\/\/loudavymkrokem.cz\/wp-content\/uploads\/2026\/08\/dovolena-kypr-t23.jpg 1500w, https:\/\/loudavymkrokem.cz\/wp-content\/uploads\/2026\/08\/dovolena-kypr-t23-300x187.jpg 300w, https:\/\/loudavymkrokem.cz\/wp-content\/uploads\/2026\/08\/dovolena-kypr-t23-700x437.jpg 700w, https:\/\/loudavymkrokem.cz\/wp-content\/uploads\/2026\/08\/dovolena-kypr-t23-768x480.jpg 768w, https:\/\/loudavymkrokem.cz\/wp-content\/uploads\/2026\/08\/dovolena-kypr-t23-696x435.jpg 696w, https:\/\/loudavymkrokem.cz\/wp-content\/uploads\/2026\/08\/dovolena-kypr-t23-1392x870.jpg 1392w\" sizes=\"(max-width: 1500px) 100vw, 1500px\" \/><button\n\t\t\tclass=\"lightbox-trigger\"\n\t\t\ttype=\"button\"\n\t\t\taria-haspopup=\"dialog\"\n\t\t\tdata-wp-bind--aria-label=\"state.thisImage.triggerButtonAriaLabel\"\n\t\t\tdata-wp-init=\"callbacks.initTriggerButton\"\n\t\t\tdata-wp-on--click=\"actions.showLightbox\"\n\t\t\tdata-wp-style--right=\"state.thisImage.buttonRight\"\n\t\t\tdata-wp-style--top=\"state.thisImage.buttonTop\"\n\t\t>\n\t\t\t<svg xmlns=\"http:\/\/www.w3.org\/2000\/svg\" width=\"12\" height=\"12\" fill=\"none\" viewBox=\"0 0 12 12\">\n\t\t\t\t<path fill=\"#fff\" d=\"M2 0a2 2 0 0 0-2 2v2h1.5V2a.5.5 0 0 1 .5-.5h2V0H2Zm2 10.5H2a.5.5 0 0 1-.5-.5V8H0v2a2 2 0 0 0 2 2h2v-1.5ZM8 12v-1.5h2a.5.5 0 0 0 .5-.5V8H12v2a2 2 0 0 1-2 2H8Zm2-12a2 2 0 0 1 2 2v2h-1.5V2a.5.5 0 0 0-.5-.5H8V0h2Z\" \/>\n\t\t\t<\/svg>\n\t\t<\/button><figcaption class=\"wp-element-caption\">Kik\u00f6t\u0151 \u00e9s v\u00e1r Kyreni\u00e1ban (Fot\u00f3: A.Savin \/ Wikimedia Commons, FAL)<\/figcaption><\/figure>\n\n\n\n<p class=\"wp-block-paragraph\">Mivel ez a t\u00f6rt\u00e9nelmi m\u0171eml\u00e9k \u00c9szak-Cipruson fekszik, egy hivatalos hat\u00e1r\u00e1tkel\u0151n kereszt\u00fcl kell odaindulnod, \u00e9rv\u00e9nyes \u00fatlev\u00e9llel a kezedben. Egy nagyon fontos dologra figyelmeztetlek: \u00e9szakra a <strong>d\u00e9len b\u00e9relt aut\u00f3val csak a k\u00f6lcs\u00f6nz\u0151 kifejezett beleegyez\u00e9s\u00e9vel szabad menni<\/strong>, \u00e9s a hat\u00e1ron ideiglenes t\u00f6r\u00f6k biztos\u00edt\u00e1st kell venned. Ha viszont oktalanul \u00e9szakon b\u00e9reln\u00e9l aut\u00f3t, azzal a d\u00e9li oldalra egy\u00e1ltal\u00e1n nem hajthatsz be, ami a helyiek szerint a t\u00e1j\u00e9kozatlan turist\u00e1k leggyakoribb bakl\u00f6v\u00e9se.<\/p>\n\n\n\n<h3 id=\"24_Famagusta_a_duchem_opustene_Varosha\" class=\"wp-block-heading\"><span class=\"ez-toc-section\" id=\"24_Famagusta_es_a_kisertetjarta_Varosha\"><\/span>24. Famagusta \u00e9s a k\u00eds\u00e9rtetj\u00e1rta Varosha<span class=\"ez-toc-section-end\"><\/span><\/h3>\n\n\n\n<p class=\"wp-block-paragraph\">Famagusta \u00e9s a szellemv\u00e1rosk\u00e9nt ismert Varosha \u00fcd\u00fcl\u0151hely az egyik leger\u0151sebb \u00e9s legbizarrabb \u00e9lm\u00e9ny, amit a sziget \u00e9szaki r\u00e9sz\u00e9n tett v\u00e1ndorl\u00e1sod sor\u00e1n \u00e1t\u00e9lhetsz. Famagusta t\u00f6rt\u00e9nelmi k\u00f6zpontj\u00e1ban biztosan meglep majd egy hatalmas g\u00f3tikus katedr\u00e1lis, amelyet karcs\u00fa minaret hozz\u00e1ad\u00e1s\u00e1val mecsett\u00e9 alak\u00edtottak, \u00e9s a massz\u00edv \u0151si v\u00e1rfalak. R\u00f6gt\u00f6n mellette viszont ott fekszik Varosha negyede, amely egykor filmszt\u00e1rok luxus\u00fcd\u00fcl\u0151helye volt, most viszont <strong>az 1974-es h\u00e1bor\u00fa \u00f3ta teljesen elhagyatott<\/strong> \u00e9s sz\u00f6gesdr\u00f3t m\u00f6g\u00f6tt omladozik.<\/p>\n\n\n\n<figure data-wp-context=\"{&quot;imageId&quot;:&quot;6a9944f50f3bc&quot;}\" data-wp-interactive=\"core\/image\" data-wp-key=\"6a9944f50f3bc\" class=\"wp-block-image size-full wp-lightbox-container\"><img decoding=\"async\" width=\"1500\" height=\"999\" data-wp-class--hide=\"state.isContentHidden\" data-wp-class--show=\"state.isContentVisible\" data-wp-init=\"callbacks.setButtonStyles\" data-wp-on--click=\"actions.showLightbox\" data-wp-on--load=\"callbacks.setButtonStyles\" data-wp-on--pointerdown=\"actions.preloadImage\" data-wp-on--pointerenter=\"actions.preloadImageWithDelay\" data-wp-on--pointerleave=\"actions.cancelPreload\" data-wp-on-window--resize=\"callbacks.setButtonStyles\" src=\"https:\/\/loudavymkrokem.cz\/wp-content\/uploads\/2026\/08\/dovolena-kypr-t24.jpg\" alt=\"G\u00f3tikus katedr\u00e1lis Famagust\u00e1ban\" class=\"wp-image-399923\" title=\"\" srcset=\"https:\/\/loudavymkrokem.cz\/wp-content\/uploads\/2026\/08\/dovolena-kypr-t24.jpg 1500w, https:\/\/loudavymkrokem.cz\/wp-content\/uploads\/2026\/08\/dovolena-kypr-t24-300x200.jpg 300w, https:\/\/loudavymkrokem.cz\/wp-content\/uploads\/2026\/08\/dovolena-kypr-t24-700x466.jpg 700w, https:\/\/loudavymkrokem.cz\/wp-content\/uploads\/2026\/08\/dovolena-kypr-t24-768x511.jpg 768w, https:\/\/loudavymkrokem.cz\/wp-content\/uploads\/2026\/08\/dovolena-kypr-t24-696x464.jpg 696w, https:\/\/loudavymkrokem.cz\/wp-content\/uploads\/2026\/08\/dovolena-kypr-t24-1392x927.jpg 1392w\" sizes=\"(max-width: 1500px) 100vw, 1500px\" \/><button\n\t\t\tclass=\"lightbox-trigger\"\n\t\t\ttype=\"button\"\n\t\t\taria-haspopup=\"dialog\"\n\t\t\tdata-wp-bind--aria-label=\"state.thisImage.triggerButtonAriaLabel\"\n\t\t\tdata-wp-init=\"callbacks.initTriggerButton\"\n\t\t\tdata-wp-on--click=\"actions.showLightbox\"\n\t\t\tdata-wp-style--right=\"state.thisImage.buttonRight\"\n\t\t\tdata-wp-style--top=\"state.thisImage.buttonTop\"\n\t\t>\n\t\t\t<svg xmlns=\"http:\/\/www.w3.org\/2000\/svg\" width=\"12\" height=\"12\" fill=\"none\" viewBox=\"0 0 12 12\">\n\t\t\t\t<path fill=\"#fff\" d=\"M2 0a2 2 0 0 0-2 2v2h1.5V2a.5.5 0 0 1 .5-.5h2V0H2Zm2 10.5H2a.5.5 0 0 1-.5-.5V8H0v2a2 2 0 0 0 2 2h2v-1.5ZM8 12v-1.5h2a.5.5 0 0 0 .5-.5V8H12v2a2 2 0 0 1-2 2H8Zm2-12a2 2 0 0 1 2 2v2h-1.5V2a.5.5 0 0 0-.5-.5H8V0h2Z\" \/>\n\t\t\t<\/svg>\n\t\t<\/button><figcaption class=\"wp-element-caption\">G\u00f3tikus katedr\u00e1lis Famagust\u00e1ban (Fot\u00f3: A.Savin \/ Wikimedia Commons, FAL)<\/figcaption><\/figure>\n\n\n\n<p class=\"wp-block-paragraph\">Ez az \u00fagynevezett szellemter\u00fclet nemr\u00e9g r\u00e9szben megny\u00edlt a l\u00e1togat\u00f3k el\u0151tt, \u00edgy s\u00e9t\u00e1lhatsz a leaszfaltozott utakon, egyenesen az omladoz\u00f3 hotelek \u00e9s a ben\u0151tt vill\u00e1k k\u00f6z\u00f6tt. Ahogy Kyrenia eset\u00e9ben is, itt is hivatalos hat\u00e1r\u00e1tkel\u0151n kell \u00e1tmenned, \u00edgy <strong>ne felejtsd az \u00fatlevelet, \u00e9s nagyon figyelj a b\u00e9relt aut\u00f3d biztos\u00edt\u00e1s\u00e1ra<\/strong>. Az eur\u00f3t ugyan sok turistahelyen elfogadj\u00e1k, de hivatalosan itt t\u00f6r\u00f6k l\u00edr\u00e1val fizetnek, \u00edgy erre a hat\u00e1ron t\u00fali kir\u00e1ndul\u00e1sn\u00e1l j\u00f3l k\u00e9sz\u00fclj fel.<\/p>\n\n\n\n<h2 id=\"Kde_se_ubytovat_na_Kypru_ktera_oblast_sedne_komu\" class=\"wp-block-heading\"><span class=\"ez-toc-section\" id=\"Hol_szallj_meg_Cipruson_melyik_terulet_kinek_valo\"><\/span>Hol sz\u00e1llj meg Cipruson: melyik ter\u00fclet kinek val\u00f3<span class=\"ez-toc-section-end\"><\/span><\/h2>\n\n\n\n<p class=\"wp-block-paragraph\">A megfelel\u0151 b\u00e1zis kiv\u00e1laszt\u00e1sa teljesen kulcsfontoss\u00e1g\u00fa ahhoz, hogy a ciprusi nyaral\u00e1sod \u00f6t\u00f6sre siker\u00fclj\u00f6n. A sziget el\u00e9g nagy, \u00e9s minden part teljesen m\u00e1s hangulatot k\u00edn\u00e1l, \u00edgy meg\u00e9ri egy kicsit elgondolkodni azon, mit is v\u00e1rsz az utaz\u00e1st\u00f3l. M\u00edg a nyugati r\u00e9sz t\u00f6rt\u00e9nelemmel \u00e9s kicsit nyugodtabb \u00f6bl\u00f6kkel cs\u00e1b\u00edt, a sziget keleti r\u00e9sze az \u00e9jszakai \u00e9lett\u0151l l\u00fcktet, \u00e9s a legismertebb, feh\u00e9r homokos strandokkal b\u00fcszk\u00e9lkedik.<\/p>\n\n\n\n<p class=\"wp-block-paragraph\"><strong>A legt\u00f6bb utaz\u00f3 azt aj\u00e1nlja, hogy v\u00e1lassz egy strat\u00e9giai helyet<\/strong>, ahonnan azt\u00e1n kir\u00e1ndul\u00e1sokat tehetsz, vagy oszd k\u00e9t r\u00e9szre a tart\u00f3zkod\u00e1sodat. Az eg\u00e9sz szigeten \u00e1t tart\u00f3 \u00e1tutaz\u00e1sok ugyanis feleslegesen raboln\u00e1k el az id\u0151t, amelyet egy\u00e9bk\u00e9nt egy poh\u00e1r borral t\u00f6lthetn\u00e9l valami eldugott taver\u00e1ban.<\/p>\n\n\n\n<p class=\"wp-block-paragraph\">\ud83d\udca1 <strong>Tipp:<\/strong> Miel\u0151tt konkr\u00e9t hotel mellett d\u00f6ntesz, n\u00e9zd \u00e1t a <a href=\"https:\/\/www.stay22.com\/allez\/roam?aid=lukaskonecny&amp;campaign=loudavymkrokemcz&amp;campaign=dovolena-kypr&amp;address=Kypr\" target=\"_blank\" rel=\"nofollow noopener sponsored\">ciprusi sz\u00e1ll\u00e1sok aktu\u00e1lis k\u00edn\u00e1lat\u00e1t<\/a>, \u00e9s sz\u0171rj az ingyenes lemond\u00e1sra. Cipruson a f\u0151- \u00e9s a mell\u00e9kszezon \u00e1rai ak\u00e1r a fel\u00e9re is elt\u00e9rnek.<\/p>\n\n\n\n<h3 id=\"Prehled_oblasti\" class=\"wp-block-heading\"><span class=\"ez-toc-section\" id=\"A_teruletek_attekintese\"><\/span>A ter\u00fcletek \u00e1ttekint\u00e9se<span class=\"ez-toc-section-end\"><\/span><\/h3>\n\n\n\n<ul class=\"wp-block-list\">\n<li><strong>Paphos<\/strong> ide\u00e1lis v\u00e1laszt\u00e1s p\u00e1roknak \u00e9s a felfedez\u00e9s szerelmeseinek, mert itt hihetetlen UNESCO-r\u00e9g\u00e9szeti eml\u00e9keket tal\u00e1lsz, \u00e9s valamivel nyugodtabb a hangulat.<\/li>\n\n\n\n<li><strong>Coral Bay<\/strong> csak egy karny\u00fajt\u00e1snyira van Paphost\u00f3l, \u00e9s gy\u00f6ny\u00f6r\u0171 homokos strandot k\u00edn\u00e1l, ami f\u0151leg a kisebb gyerekes csal\u00e1dok sz\u00e1m\u00e1ra \u00f3ri\u00e1si vonzer\u0151.<\/li>\n\n\n\n<li><strong>Limassol<\/strong> a d\u00e9l legnagyobb v\u00e1rosa gy\u00f6ny\u00f6r\u0171 tengerparti s\u00e9t\u00e1nnyal \u00e9s rengeteg \u00e9tteremmel, ahol eg\u00e9sz \u00e9vben p\u00f6r\u00f6g az \u00e9let, de sz\u00e1molj vele, hogy dr\u00e1g\u00e1bb hely.<\/li>\n\n\n\n<li><strong>Ayia Napa<\/strong> a legjobb strandokkal \u00e9s viharos \u00e9jszakai \u00e9lettel b\u00fcszk\u00e9lkedik, \u00edgy itt a f\u0151szezonban el\u00e9g zajos \u00e9s nagyon \u00e9l\u00e9nk a helyzet.<\/li>\n\n\n\n<li><strong>Protaras<\/strong> egy karny\u00fajt\u00e1snyira van Ayia Nap\u00e1t\u00f3l, de sokkal nagyobb csal\u00e1di nyugalmat k\u00edn\u00e1l, \u00e9s itt tal\u00e1lod a h\u00edres Fig Tree Bay \u00f6bl\u00f6t a gy\u00f6ny\u00f6r\u0171en sek\u00e9ly viz\u00e9vel.<\/li>\n\n\n\n<li><strong>Larnaka<\/strong> remek b\u00e1zis a kir\u00e1ndul\u00e1sokhoz, itt van a nemzetk\u00f6zi rept\u00e9r \u00e9s a h\u00edres S\u00f3s-t\u00f3 is, \u00e9s \u00e1ltal\u00e1ban ez j\u00f6n ki a legolcs\u00f3bb sz\u00e1ll\u00e1svari\u00e1nsnak.<\/li>\n<\/ul>\n\n\n\n<h3 id=\"Konkretni_tipy_na_ubytovani\" class=\"wp-block-heading\"><span class=\"ez-toc-section\" id=\"Konkret_szallastippek\"><\/span>Konkr\u00e9t sz\u00e1ll\u00e1stippek<span class=\"ez-toc-section-end\"><\/span><\/h3>\n\n\n\n<ul class=\"wp-block-list\">\n<li><strong><a href=\"https:\/\/www.stay22.com\/allez\/roam?aid=lukaskonecny&amp;campaign=loudavymkrokemcz&amp;campaign=dovolena-kypr&amp;hotelname=Almyra%20Hotel&amp;address=Paphos%2C%20Kypr\" target=\"_blank\" rel=\"noopener nofollow sponsored\">Almyra Hotel<\/a><\/strong> (Paphos): Gy\u00f6ny\u00f6r\u0171 designhotel k\u00f6zvetlen\u00fcl a tengern\u00e9l, amely rendk\u00edv\u00fcl n\u00e9pszer\u0171 a romantik\u00e1t \u00e9s cs\u00facsszolg\u00e1ltat\u00e1sokat keres\u0151 p\u00e1rokn\u00e1l.<\/li>\n\n\n\n<li><strong><a href=\"https:\/\/www.stay22.com\/allez\/roam?aid=lukaskonecny&amp;campaign=loudavymkrokemcz&amp;campaign=dovolena-kypr&amp;hotelname=Elysium%20Hotel&amp;address=Paphos%2C%20Kypr\" target=\"_blank\" rel=\"noopener nofollow sponsored\">Elysium Hotel<\/a><\/strong> (Paphos): Luxusresort, amelyet k\u00f6zvetlen\u00fcl a Kir\u00e1lys\u00edrok mell\u00e9 \u00e9p\u00edtettek, ahol egy igazi palot\u00e1ban fogod \u00e9rezni magad.<\/li>\n\n\n\n<li><strong><a href=\"https:\/\/www.stay22.com\/allez\/roam?aid=lukaskonecny&amp;campaign=loudavymkrokemcz&amp;campaign=dovolena-kypr&amp;hotelname=Olympic%20Lagoon%20Resort%20Paphos&amp;address=Paphos%2C%20Kypr\" target=\"_blank\" rel=\"noopener nofollow sponsored\">Olympic Lagoon Resort Paphos<\/a><\/strong> (Paphos): Hatalmas all inclusive komplexum, amelyet az utaz\u00f3k abszol\u00fat t\u00f6k\u00e9letesnek \u00e9rt\u00e9kelnek a gyerekes csal\u00e1doknak.<\/li>\n\n\n\n<li><strong><a href=\"https:\/\/www.stay22.com\/allez\/roam?aid=lukaskonecny&amp;campaign=loudavymkrokemcz&amp;campaign=dovolena-kypr&amp;hotelname=Nissiblu%20Beach%20Resort&amp;address=Ayia%20Napa%2C%20Kypr\" target=\"_blank\" rel=\"noopener nofollow sponsored\">Nissiblu Beach Resort<\/a><\/strong> (Ayia Napa): Modern \u00f6tcsillagos gy\u00f6ngyszem, amely k\u00f6zvetlen\u00fcl a h\u00edres Nissi Beach strandn\u00e1l \u00e1ll, \u00edgy sz\u00f3 szerint p\u00e1r l\u00e9p\u00e9sre van a v\u00edz.<\/li>\n\n\n\n<li><strong><a href=\"https:\/\/www.stay22.com\/allez\/roam?aid=lukaskonecny&amp;campaign=loudavymkrokemcz&amp;campaign=dovolena-kypr&amp;hotelname=Adams%20Beach%20Hotel%20%26%20Spa&amp;address=Ayia%20Napa%2C%20Kypr\" target=\"_blank\" rel=\"noopener nofollow sponsored\">Adams Beach Hotel &amp; Spa<\/a><\/strong> (Ayia Napa): Nagyon kiterjedt resort saj\u00e1t mag\u00e1nstranddal, ahol remek\u00fcl elrejt\u0151z\u00f6l a ny\u00e1ri t\u00f6megek el\u0151l.<\/li>\n\n\n\n<li><strong><a href=\"https:\/\/www.stay22.com\/allez\/roam?aid=lukaskonecny&amp;campaign=loudavymkrokemcz&amp;campaign=dovolena-kypr&amp;hotelname=Parklane%2C%20a%20Luxury%20Collection%20Resort%20%26%20Spa&amp;address=Limassol%2C%20Kypr\" target=\"_blank\" rel=\"noopener nofollow sponsored\">Parklane, a Luxury Collection Resort &amp; Spa<\/a><\/strong> (Limassol): Cs\u00facskateg\u00f3ri\u00e1s \u00e9s nagyon eleg\u00e1ns resort gy\u00f6ny\u00f6r\u0171 lag\u00fan\u00e1val, amely a legig\u00e9nyesebb vend\u00e9geket is kiel\u00e9g\u00edti.<\/li>\n<\/ul>\n\n\n\n<h2 id=\"Co_jist_na_Kypru_raj_pro_vegetariany\" class=\"wp-block-heading\"><span class=\"ez-toc-section\" id=\"Mit_egyel_Cipruson_paradicsom_a_vegetarianusoknak\"><\/span>Mit egy\u00e9l Cipruson: paradicsom a veget\u00e1ri\u00e1nusoknak<span class=\"ez-toc-section-end\"><\/span><\/h2>\n\n\n\n<p class=\"wp-block-paragraph\">A ciprusi konyha j\u00e1tszi k\u00f6nnyeds\u00e9ggel \u00f6tv\u00f6zi a legjobb g\u00f6r\u00f6g \u00e9s k\u00f6zel-keleti hat\u00e1sokat, \u00edgy a t\u00e1ny\u00e9rodon mindig sok napf\u00e9nyt \u00e9s friss f\u0171szern\u00f6v\u00e9nyt kapsz. <strong>\u00d3ri\u00e1si el\u0151ny a helyi z\u00f6lds\u00e9gekre \u00e9s sajtokra helyezett nagy hangs\u00faly<\/strong>, ami a szigetet teljesen fantasztikus c\u00e9lpontt\u00e1 teszi mindenki sz\u00e1m\u00e1ra, aki nem eszik h\u00fast. Persze igaz, hogy a sziget h\u00fasos specialit\u00e1sokr\u00f3l is h\u00edres, mint a lassan s\u00fclt b\u00e1r\u00e1ny kleftiko vagy a hagyom\u00e1nyos sheftalia kolb\u00e1szka, amelyek \u00e1ll\u00edt\u00f3lag minden sarkon illatoznak, de mi arra f\u00f3kusz\u00e1lunk, ami a veget\u00e1ri\u00e1nusoknak szerez \u00f6r\u00f6met.<\/p>\n\n\n\n<figure data-wp-context=\"{&quot;imageId&quot;:&quot;6a9944f5100cb&quot;}\" data-wp-interactive=\"core\/image\" data-wp-key=\"6a9944f5100cb\" class=\"wp-block-image size-full wp-lightbox-container\"><img decoding=\"async\" width=\"1500\" height=\"1125\" data-wp-class--hide=\"state.isContentHidden\" data-wp-class--show=\"state.isContentVisible\" data-wp-init=\"callbacks.setButtonStyles\" data-wp-on--click=\"actions.showLightbox\" data-wp-on--load=\"callbacks.setButtonStyles\" data-wp-on--pointerdown=\"actions.preloadImage\" data-wp-on--pointerenter=\"actions.preloadImageWithDelay\" data-wp-on--pointerleave=\"actions.cancelPreload\" data-wp-on-window--resize=\"callbacks.setButtonStyles\" src=\"https:\/\/loudavymkrokem.cz\/wp-content\/uploads\/2026\/08\/dovolena-kypr-food.jpg\" alt=\"Halloumi, a Ciprusr\u00f3l sz\u00e1rmaz\u00f3 sajt\" class=\"wp-image-399930\" title=\"\" srcset=\"https:\/\/loudavymkrokem.cz\/wp-content\/uploads\/2026\/08\/dovolena-kypr-food.jpg 1500w, https:\/\/loudavymkrokem.cz\/wp-content\/uploads\/2026\/08\/dovolena-kypr-food-300x225.jpg 300w, https:\/\/loudavymkrokem.cz\/wp-content\/uploads\/2026\/08\/dovolena-kypr-food-700x525.jpg 700w, https:\/\/loudavymkrokem.cz\/wp-content\/uploads\/2026\/08\/dovolena-kypr-food-768x576.jpg 768w, https:\/\/loudavymkrokem.cz\/wp-content\/uploads\/2026\/08\/dovolena-kypr-food-80x60.jpg 80w, https:\/\/loudavymkrokem.cz\/wp-content\/uploads\/2026\/08\/dovolena-kypr-food-160x120.jpg 160w, https:\/\/loudavymkrokem.cz\/wp-content\/uploads\/2026\/08\/dovolena-kypr-food-696x522.jpg 696w, https:\/\/loudavymkrokem.cz\/wp-content\/uploads\/2026\/08\/dovolena-kypr-food-1392x1044.jpg 1392w\" sizes=\"(max-width: 1500px) 100vw, 1500px\" \/><button\n\t\t\tclass=\"lightbox-trigger\"\n\t\t\ttype=\"button\"\n\t\t\taria-haspopup=\"dialog\"\n\t\t\tdata-wp-bind--aria-label=\"state.thisImage.triggerButtonAriaLabel\"\n\t\t\tdata-wp-init=\"callbacks.initTriggerButton\"\n\t\t\tdata-wp-on--click=\"actions.showLightbox\"\n\t\t\tdata-wp-style--right=\"state.thisImage.buttonRight\"\n\t\t\tdata-wp-style--top=\"state.thisImage.buttonTop\"\n\t\t>\n\t\t\t<svg xmlns=\"http:\/\/www.w3.org\/2000\/svg\" width=\"12\" height=\"12\" fill=\"none\" viewBox=\"0 0 12 12\">\n\t\t\t\t<path fill=\"#fff\" d=\"M2 0a2 2 0 0 0-2 2v2h1.5V2a.5.5 0 0 1 .5-.5h2V0H2Zm2 10.5H2a.5.5 0 0 1-.5-.5V8H0v2a2 2 0 0 0 2 2h2v-1.5ZM8 12v-1.5h2a.5.5 0 0 0 .5-.5V8H12v2a2 2 0 0 1-2 2H8Zm2-12a2 2 0 0 1 2 2v2h-1.5V2a.5.5 0 0 0-.5-.5H8V0h2Z\" \/>\n\t\t\t<\/svg>\n\t\t<\/button><figcaption class=\"wp-element-caption\">Halloumi, a Ciprusr\u00f3l sz\u00e1rmaz\u00f3 sajt (Fot\u00f3: Hmioannou \/ Wikimedia Commons, CC BY 3.0)<\/figcaption><\/figure>\n\n\n\n<p class=\"wp-block-paragraph\">A helyi taver\u00e1k l\u00e1togat\u00e1sakor biztosan nem hib\u00e1zol, ha a legk\u00fcl\u00f6nf\u00e9l\u00e9bb kis el\u0151\u00e9teleket pr\u00f3b\u00e1lgatod \u00e9s megosztod \u0151ket a bar\u00e1taiddal az asztaln\u00e1l. <strong>A vend\u00e9gszeretetet itt nagyon komolyan veszik<\/strong>, \u00edgy a porci\u00f3k igaz\u00e1n b\u0151s\u00e9gesek, \u00e9s gyakran kapsz m\u00e9g valami kis figyelmess\u00e9get is a h\u00e1zt\u00f3l.<\/p>\n\n\n\n<ul class=\"wp-block-list\">\n<li><strong>halloumi<\/strong>: Ez a h\u00edres, juh- \u00e9s kecsketejb\u0151l k\u00e9sz\u00fclt sajt egyenesen Ciprusr\u00f3l sz\u00e1rmazik, gy\u00f6ny\u00f6r\u0171en grillezhet\u0151, egy\u00e1ltal\u00e1n nem olvad sz\u00e9t, \u00e9s isteni finom.<\/li>\n\n\n\n<li><strong>mez\u00e9<\/strong>: H\u00fasz vagy ann\u00e1l is t\u00f6bb kis t\u00e1ny\u00e9rb\u00f3l \u00e1ll\u00f3 hagyom\u00e1nyos lakoma, sok tavera pedig teljes veget\u00e1ri\u00e1nus mez\u00e9t is k\u00edn\u00e1l, tele m\u00e1rtogat\u00f3sokkal \u00e9s sajtokkal.<\/li>\n\n\n\n<li><strong>kolokotes<\/strong>: Hagyom\u00e1nyos \u00e9s tiszt\u00e1n veget\u00e1ri\u00e1nus batyuk, amelyeket \u00e9des s\u00fct\u0151t\u00f6kkel, mazsol\u00e1val \u00e9s b\u00faz\u00e1val t\u00f6ltenek, ez nagyon \u00e9rdekes \u00edzkombin\u00e1ci\u00f3t ad.<\/li>\n\n\n\n<li><strong>louvi<\/strong>: Eg\u00e9szs\u00e9ges \u00e9s laktat\u00f3 fog\u00e1s feketeszem\u0171 babb\u00f3l, friss leveles z\u00f6lds\u00e9ggel f\u0151zve, amelyet b\u0151ven meglocsolnak citrommal \u00e9s ol\u00edvaolajjal.<\/li>\n\n\n\n<li><strong>gemista<\/strong>: Puh\u00e1ra s\u00fclt, rizzsel \u00e9s f\u0171szern\u00f6v\u00e9nyekkel t\u00f6lt\u00f6tt z\u00f6lds\u00e9g, leggyakrabban nagy paradicsom, paprika vagy cukkini.<\/li>\n\n\n\n<li><strong>kolokythokeftedes<\/strong>: Kiv\u00e1l\u00f3 s\u00fclt cukkinifas\u00edrt feta sajttal \u00e9s friss ment\u00e1val, amely remek\u00fcl illik a joghurtos m\u00e1rtogat\u00f3shoz.<\/li>\n\n\n\n<li><strong>anari karobsziruppal<\/strong>: Finom \u00edz\u0171 friss sav\u00f3sajt, amelyet szentj\u00e1noskeny\u00e9r-sziruppal locsolnak meg, \u00e9s tipikus k\u00f6nny\u0171 desszertk\u00e9nt t\u00e1lalnak.<\/li>\n\n\n\n<li><strong>Commandaria<\/strong>: Borosty\u00e1nsz\u00edn\u0171 \u00e9des desszertbor, amelyr\u0151l el\u0151szeretettel mondj\u00e1k, hogy a vil\u00e1g legr\u00e9gebbi, ma is gy\u00e1rtott bora.<\/li>\n<\/ul>\n\n\n\n<p class=\"wp-block-paragraph\">\ud83d\udca1 TIPP: Ha az \u00e9tteremben veget\u00e1ri\u00e1nus mez\u00e9t rendelsz, azt mindig az eg\u00e9sz asztalra hozz\u00e1k, \u00e9s teljesen \u00f3ri\u00e1si mennyis\u00e9g. Semmik\u00e9pp ne rendelj m\u00e9g hozz\u00e1 f\u0151\u00e9telt is, mert azt garant\u00e1ltan nem enn\u00e9d meg. \ud83d\ude05<\/p>\n\n\n\n<h2 id=\"Doprava_po_Kypru_auto_autobusy_a_prechod_na_sever\" class=\"wp-block-heading\"><span class=\"ez-toc-section\" id=\"Kozlekedes_Cipruson_auto_buszok_es_az_atkeles_eszakra\"><\/span>K\u00f6zleked\u00e9s Cipruson: aut\u00f3, buszok \u00e9s az \u00e1tkel\u00e9s \u00e9szakra<span class=\"ez-toc-section-end\"><\/span><\/h2>\n\n\n\n<p class=\"wp-block-paragraph\">A szigeten val\u00f3 k\u00f6zleked\u00e9snek megvannak a maga saj\u00e1toss\u00e1gai, \u00e9s j\u00f3 el\u0151re felk\u00e9sz\u00fclni r\u00e1juk, hogy a helysz\u00ednen ne \u00e9rjen felesleges meglepet\u00e9s. <strong>A legnagyobb csapd\u00e1t a vezet\u00e9s jelenti<\/strong>, mert Ciprus a brit uralom idej\u00e9b\u0151l sok olyan szok\u00e1st meg\u0151rz\u00f6tt, amely a mindennapi \u00e9letbe is besz\u0171r\u0151dik. R\u00f6gt\u00f6n az \u00e9rkez\u00e9s ut\u00e1n azt is felfedezed, hogy az elektronik\u00e1hoz adapterre lesz sz\u00fcks\u00e9ged, mert itt a klasszikus brit h\u00e1roml\u00e1b\u00fa G t\u00edpus\u00fa konnektorok m\u0171k\u00f6dnek.<\/p>\n\n\n\n<h3 id=\"Jezdi_se_vlevo\" class=\"wp-block-heading\"><span class=\"ez-toc-section\" id=\"Bal_oldalon_kozlekednek\"><\/span>Bal oldalon k\u00f6zlekednek<span class=\"ez-toc-section-end\"><\/span><\/h3>\n\n\n\n<p class=\"wp-block-paragraph\">A britek \u00f6r\u00f6ks\u00e9gek\u00e9nt az eg\u00e9sz szigeten szigor\u00faan bal oldalon k\u00f6zlekednek, amivel m\u00e1r az aut\u00f3 \u00e1tv\u00e9telekor sz\u00e1molni kell a k\u00f6lcs\u00f6nz\u0151ben. Minden aut\u00f3ban jobbra van a korm\u00e1ny, a v\u00e1lt\u00f3t pedig a bal kezeddel kezeled, \u00edgy az utaz\u00f3k gyakran azt aj\u00e1nlj\u00e1k, hogy fizess r\u00e1 az automata v\u00e1lt\u00f3ra, ez sok stresszt megsp\u00f3rol. <strong>K\u00fcl\u00f6n\u00f6s figyelmet ford\u00edts a k\u00f6rforgalmakra<\/strong>, amelyekben az \u00f3ramutat\u00f3 j\u00e1r\u00e1s\u00e1val megegyez\u0151 ir\u00e1nyban hajtanak, amit az agy eleinte kiss\u00e9 nehezen fog fel.<\/p>\n\n\n\n<h3 id=\"Autobusy_versus_pujcene_auto\" class=\"wp-block-heading\"><span class=\"ez-toc-section\" id=\"Buszok_kontra_berelt_auto\"><\/span>Buszok kontra b\u00e9relt aut\u00f3<span class=\"ez-toc-section-end\"><\/span><\/h3>\n\n\n\n<p class=\"wp-block-paragraph\">A helyk\u00f6zi buszok a sziget d\u00e9li r\u00e9sz\u00e9n eg\u00e9sz megb\u00edzhat\u00f3an \u00e9s viszonylag olcs\u00f3n m\u0171k\u00f6dnek, vel\u00fck \u00f6sszek\u00f6theted az \u00f6sszes nagyobb v\u00e1rost a part ment\u00e9n. Ha viszont a h\u0171s Troodosz-hegys\u00e9gbe, a vad Akamasz-f\u00e9lszigetre vagy a legjobb t\u00far\u00e1k kiindul\u00f3pontjaihoz szeretn\u00e9l indulni, <strong>re\u00e1lisan csak b\u00e9relt aut\u00f3val jutsz oda<\/strong>. A t\u00f6megk\u00f6zleked\u00e9s a f\u00e9lrees\u0151bb helyekre vagy egy\u00e1ltal\u00e1n nem j\u00e1r, vagy csak napi egyszer, \u00edgy saj\u00e1t aut\u00f3 n\u00e9lk\u00fcl lemaradsz a legszebb term\u00e9szeti l\u00e1tv\u00e1nyokr\u00f3l.<\/p>\n\n\n\n<h3 id=\"Jak_prejit_Zelenou_linii_na_sever\" class=\"wp-block-heading\"><span class=\"ez-toc-section\" id=\"Hogyan_lepd_at_a_Zold_vonalat_eszakra\"><\/span>Hogyan l\u00e9pd \u00e1t a Z\u00f6ld vonalat \u00e9szakra<span class=\"ez-toc-section-end\"><\/span><\/h3>\n\n\n\n<p class=\"wp-block-paragraph\">A sziget 1974 \u00f3ta ENSZ-pufferz\u00f3n\u00e1val van megosztva a d\u00e9li Ciprusi K\u00f6zt\u00e1rsas\u00e1gra \u00e9s \u00c9szak-Ciprusra, Nicosia pedig Eur\u00f3pa utols\u00f3 megosztott f\u0151v\u00e1rosak\u00e9nt m\u0171k\u00f6dik. Ezt a Z\u00f6ld vonalat a hivatalos \u00e1tkel\u0151kn\u00e9l lehet \u00e1tl\u00e9pni, de <strong>mindig legyen n\u00e1lad \u00e9rv\u00e9nyes \u00fatlev\u00e9l<\/strong>, mert a hagyom\u00e1nyos szem\u00e9lyi igazolv\u00e1ny a tisztvisel\u0151knek olykor nem el\u00e9g, \u00e9s visszak\u00fcldhetnek. \u00c9szakon t\u00f6r\u00f6k l\u00edr\u00e1val fizetnek, \u00e9s b\u00e1r az eur\u00f3t sok helyen elfogadj\u00e1k, az \u00e1rfolyam \u00e1ltal\u00e1ban nagyon kedvez\u0151tlen.<\/p>\n\n\n\n<p class=\"wp-block-paragraph\">A turist\u00e1k legnagyobb bakl\u00f6v\u00e9se a b\u00e9relt aut\u00f3kn\u00e1l keletkezik, mert a d\u00e9len b\u00e9relt aut\u00f3val csak a k\u00f6lcs\u00f6nz\u0151d kifejezett beleegyez\u00e9s\u00e9vel mehetsz \u00e9szakra. R\u00e1ad\u00e1sul a d\u00e9li biztos\u00edt\u00e1sod \u00e9szakon semmik\u00e9pp nem \u00e9rv\u00e9nyes, \u00e9s <strong>k\u00f6zvetlen\u00fcl a hat\u00e1r\u00e1tkel\u0151n\u00e9l kell ideiglenes t\u00f6r\u00f6k biztos\u00edt\u00e1st venned<\/strong>. Az \u00e9szakon b\u00e9relt aut\u00f3val pedig d\u00e9lre m\u00e1r egy\u00e1ltal\u00e1n nem szabad menni, erre nagyon figyelj.<\/p>\n\n\n\n<h2 id=\"Kolik_stoji_dovolena_na_Kypru\" class=\"wp-block-heading\"><span class=\"ez-toc-section\" id=\"Mennyibe_kerul_egy_ciprusi_nyaralas\"><\/span>Mennyibe ker\u00fcl egy ciprusi nyaral\u00e1s<span class=\"ez-toc-section-end\"><\/span><\/h2>\n\n\n\n<p class=\"wp-block-paragraph\">Az utaz\u00e1s k\u00f6lts\u00e9gvet\u00e9se f\u0151leg att\u00f3l f\u00fcgg, melyik h\u00f3napban d\u00f6ntesz az indul\u00e1s mellett, mert j\u00faliusban \u00e9s augusztusban a sz\u00e1ll\u00e1sok \u00e1rai meredeken emelkednek. <strong>Ciprus \u00e1ltal\u00e1ban dr\u00e1g\u00e1bb, mint a sz\u00e1razf\u00f6ldi G\u00f6r\u00f6gorsz\u00e1g<\/strong>, \u00e9s \u00e1rban j\u00f3val dr\u00e1g\u00e1bban j\u00f6n ki, mint a n\u00e9pszer\u0171 Bulg\u00e1ria, \u00e1m a f\u0151szezonon k\u00edv\u00fcl az \u00e1rak kellemesen leeshetnek. Minden szolg\u00e1ltat\u00e1st a d\u00e9li r\u00e9szen eur\u00f3val fizetsz, a turista\u00f6vezetekben pedig gond n\u00e9lk\u00fcl elboldogulsz bankk\u00e1rty\u00e1val is.<\/p>\n\n\n\n<p class=\"wp-block-paragraph\">Al\u00e1bb egy t\u00e1j\u00e9koztat\u00f3 k\u00f6lts\u00e9gbecsl\u00e9st adok k\u00e9t f\u0151 egy het\u00e9re, hogy jobb k\u00e9pet kapj a teljes k\u00f6lts\u00e9gvet\u00e9sr\u0151l. Az \u00f6sszegeket kezeld fenntart\u00e1ssal, mert sok m\u00falik az utaz\u00e1si st\u00edlusodon.<\/p>\n\n\n\n<ul class=\"wp-block-list\">\n<li><strong>Rep\u00fcl\u0151jegyek:<\/strong> Budapestr\u0151l k\u00f6zvetlen j\u00e1ratok indulnak Larnak\u00e1ra \u00e9s Paphosba is nagyj\u00e1b\u00f3l 3 \u00f3ra 20 perc alatt, egy ret\u00far rep\u00fcl\u0151jegy \u00e1ltal\u00e1ban 100\u2013250 \u20ac (kb. 40 000\u2013100 000 Ft) fejenk\u00e9nt.<\/li>\n\n\n\n<li><strong>Sz\u00e1ll\u00e1s:<\/strong> Egy rendes szob\u00e1\u00e9rt k\u00e9t f\u0151nek \u00e9jszak\u00e1nk\u00e9nt 60\u2013150 \u20ac (kb. 24 000\u201360 000 Ft) k\u00f6z\u00f6tt fizetsz, a luxusresortok nyugodtan a h\u00e1romszoros\u00e1ba ker\u00fclnek.<\/li>\n\n\n\n<li><strong>\u00c9tel:<\/strong> Egy eb\u00e9d vagy vacsora egy \u00e1tlagos taver\u00e1ban 15\u201325 \u20ac (kb. 6000\u201310 000 Ft) fejenk\u00e9nt, \u00edgy egy h\u00e9t alatt nagyj\u00e1b\u00f3l 350\u2013500 \u20ac (kb. 140 000\u2013200 000 Ft) megy el ev\u00e9sre.<\/li>\n\n\n\n<li><strong>Aut\u00f3b\u00e9rl\u00e9s:<\/strong> Egy kis aut\u00f3 biztos\u00edt\u00e1ssal 30\u201350 \u20ac k\u00f6r\u00fcl van naponta (kb. 12 000\u201320 000 Ft), egy heti b\u00e9rl\u00e9s benzinnel egy\u00fctt nagyj\u00e1b\u00f3l 300 \u20ac (kb. 120 000 Ft).<\/li>\n\n\n\n<li><strong>Bel\u00e9p\u0151k \u00e9s programok:<\/strong> A r\u00e9g\u00e9szeti parkok bel\u00e9p\u0151je nagyon olcs\u00f3, \u00e1ltal\u00e1ban 4\u20135 \u20ac (kb. 1600\u20132000 Ft), \u00edgy egy h\u00e9tre b\u0151ven el\u00e9g egy 40 \u20ac (kb. 16 000 Ft) k\u00f6r\u00fcli keret.<\/li>\n<\/ul>\n\n\n\n<p class=\"wp-block-paragraph\">\ud83d\udca1 TIPP: Ha a k\u00f6lts\u00e9gvet\u00e9s jelent\u0151s r\u00e9sz\u00e9t mindj\u00e1rt az elej\u00e9n szeretn\u00e9d megsp\u00f3rolni, n\u00e9zd meg r\u00e9szletes \u00fatmutat\u00f3nkat, <a href=\"https:\/\/loudavymkrokem.cz\/hu\/olcso-repjegyek-tippek\/\">hogyan szerezz olcs\u00f3 rep\u00fcl\u0151jegyet<\/a>, ahol rengeteg hasznos tan\u00e1csot tal\u00e1lsz.<\/p>\n\n\n\n<h2 id=\"Na_co_si_dat_na_Kypru_pozor\" class=\"wp-block-heading\"><span class=\"ez-toc-section\" id=\"Mire_figyelj_Cipruson\"><\/span>Mire figyelj Cipruson<span class=\"ez-toc-section-end\"><\/span><\/h2>\n\n\n\n<p class=\"wp-block-paragraph\">Minden orsz\u00e1gnak megvannak a maga apr\u00f3 csapd\u00e1i, \u00e9s jobb r\u00f3luk el\u0151re tudni, mint hagyni, hogy elronts\u00e1k a j\u00f3l meg\u00e9rdemelt szabad napjaidat. <strong>A legnagyobb kock\u00e1zatok itt nem a b\u0171n\u00f6z\u00e9sb\u0151l erednek<\/strong>, mert a sziget a legbiztons\u00e1gosabb helyek k\u00f6z\u00e9 tartozik, hanem ink\u00e1bb a helyi szab\u00e1lyokb\u00f3l \u00e9s a k\u00edm\u00e9letlen \u00e9ghajlatb\u00f3l. A hivatalos nyelvek a g\u00f6r\u00f6g \u00e9s a t\u00f6r\u00f6k, de az er\u0151s brit t\u00f6rt\u00e9nelemnek k\u00f6sz\u00f6nhet\u0151en itt teljesen bevett m\u00f3don \u00e9s mindenhol elboldogulsz angolul.<\/p>\n\n\n\n<ul class=\"wp-block-list\">\n<li><strong>Bal oldali k\u00f6zleked\u00e9s:<\/strong> Az agy olykor elfelejti, hogy balra vezetsz, \u00edgy meg\u00e9ri a maxim\u00e1lis \u00f3vatoss\u00e1g f\u0151leg a k\u00f6rforgalmakba val\u00f3 behajt\u00e1sn\u00e1l \u00e9s az utc\u00e1n val\u00f3 \u00e1tkel\u00e9sn\u00e9l.<\/li>\n\n\n\n<li><strong>Biztos\u00edt\u00e1s \u00e9s aut\u00f3 \u00e9szakon:<\/strong> Sose menj b\u00e9relt aut\u00f3val \u00e9szakra a k\u00f6lcs\u00f6nz\u0151 beleegyez\u00e9se n\u00e9lk\u00fcl, \u00e9s a hat\u00e1ron mindig vegy\u00e9l t\u00f6r\u00f6k biztos\u00edt\u00e1st, k\u00fcl\u00f6nben baleset eset\u00e9n mindent a saj\u00e1todb\u00f3l fizetsz.<\/li>\n\n\n\n<li><strong>\u00datlev\u00e9l a Z\u00f6ld vonal \u00e1tl\u00e9p\u00e9s\u00e9hez:<\/strong> A sziget \u00e9szaki r\u00e9sz\u00e9nek l\u00e1togat\u00e1s\u00e1hoz \u00fatlev\u00e9lre van sz\u00fcks\u00e9ged, a szem\u00e9lyi \u00f6nmag\u00e1ban gyakran nem el\u00e9g, \u00e9s a v\u00e1mosok a kontrollponton visszaford\u00edtanak.<\/li>\n\n\n\n<li><strong>Extr\u00e9m h\u0151s\u00e9g ny\u00e1ron:<\/strong> J\u00faliusban \u00e9s augusztusban t\u00e9nyleg tikkaszt\u00f3 a h\u0151s\u00e9g, p\u00e9ld\u00e1ul Larnak\u00e1ban rendszeresen 33,4 \u00b0C az \u00e1tlag, ami az \u00e9rz\u00e9kenyebbeknek elviselhetetlen lehet.<\/li>\n\n\n\n<li><strong>Er\u0151s nap a m\u0171eml\u00e9kekn\u00e9l:<\/strong> Az olyan r\u00e9g\u00e9szeti helysz\u00edneknek, mint Paphos vagy Kourion, szinte semmi \u00e1rny\u00e9kuk sincs, ez\u00e9rt kora reggel indulj oda nagy adag v\u00edzzel \u00e9s fejfed\u0151vel.<\/li>\n\n\n\n<li><strong>Med\u00faz\u00e1k \u00e9s tengeri s\u00fcn\u00f6k:<\/strong> A szikl\u00e1s kisz\u00f6gell\u00e9sek k\u00f6r\u00fcl olykor s\u00fcn\u00f6kbe botlasz, \u00edgy a vizicip\u0151 biztosan nem lesz felesleges, ny\u00e1ron pedig a partk\u00f6zelben kiv\u00e9telesen med\u00faz\u00e1k is felbukkanhatnak.<\/li>\n\n\n\n<li><strong>Az Avakas-szurdok lez\u00e1r\u00e1sai:<\/strong> Ha esik, a n\u00e9pszer\u0171 Avakas-szurdok a lehull\u00f3 k\u00f6vek \u00e9s a vill\u00e1m\u00e1rvizek vesz\u00e9lye miatt k\u00f6ny\u00f6rtelen\u00fcl z\u00e1rva marad minden turista el\u0151tt.<\/li>\n<\/ul>\n\n\n\n<h2 id=\"Kypr_s_detmi\" class=\"wp-block-heading\"><span class=\"ez-toc-section\" id=\"Ciprus_gyerekekkel\"><\/span>Ciprus gyerekekkel<span class=\"ez-toc-section-end\"><\/span><\/h2>\n\n\n\n<p class=\"wp-block-paragraph\">A helyiek egyenesen im\u00e1dj\u00e1k a gyerekes csal\u00e1dokat, \u00e9s az \u00e9ttermekben sosem n\u00e9znek r\u00e1d ferde szemmel, amikor a csemet\u00e9dnek \u00e9pp nincs j\u00f3 napja. <strong>A sziget remek infrastrukt\u00far\u00e1t k\u00edn\u00e1l a kis utaz\u00f3knak<\/strong>, a biztons\u00e1gos resortokt\u00f3l az \u00e9rdekes attrakci\u00f3kig, amelyekn\u00e9l az eg\u00e9sz csal\u00e1d elsz\u00f3rakozik. Mivel mindenhol beszerzed az alapvet\u0151 gyerekholmikat \u00e9s a pelenk\u00e1t, nem kell otthonr\u00f3l feleslegesen agyont\u00f6m\u00f6tt b\u0151r\u00f6nd\u00f6ket cipelned.<\/p>\n\n\n\n<ul class=\"wp-block-list\">\n<li><strong>Fig Tree Bay \u00e9s Nissi Beach:<\/strong> Ennek a k\u00e9t h\u00edres strandnak csod\u00e1san sek\u00e9ly a vize \u00e9s finom a homokja, \u00edgy a gyerekek \u00f3r\u00e1kig biztons\u00e1gosan j\u00e1tszhatnak itt.<\/li>\n\n\n\n<li><strong>WaterWorld Ayia Nap\u00e1ban:<\/strong> Az \u00f3kori G\u00f6r\u00f6gorsz\u00e1g tematik\u00e1j\u00fa hatalmas aquapark \u00e1ll\u00edt\u00f3lag Eur\u00f3pa legjobbjai k\u00f6z\u00e9 tartozik, \u00e9s gond n\u00e9lk\u00fcl elsz\u00f3rakoztatja a nagyobb \u00e9s kisebb gyerekeket is eg\u00e9sz napra.<\/li>\n\n\n\n<li><strong>Tengeri tekn\u0151s\u00f6k Lara Bayben:<\/strong> A kel\u00e9si szezonban a f\u00e9lvad Lara Bay strandon \u00f3vatosan megfigyelheted a v\u00e9dett tekn\u0151sf\u00e9szkeket, ami a gyerekeknek \u00f3ri\u00e1si \u00e9lm\u00e9ny.<\/li>\n\n\n\n<li><strong>R\u00f6vid t\u00e1vols\u00e1gok \u00e9s angol nyelv:<\/strong> A gyerekek nem unj\u00e1k meg a hossz\u00fa aut\u00f3s \u00e1tutaz\u00e1sokat, egy esetleges orvosi probl\u00e9m\u00e1t pedig k\u00f6nnyen elint\u00e9zel foly\u00e9kony angollal.<\/li>\n\n\n\n<li><strong>A Troodosz-hegys\u00e9g mint menek\u00fcl\u00e9s a h\u0151s\u00e9g el\u0151l:<\/strong> Amikor a tengern\u00e9l m\u00e1r t\u00fal nagy a meleg, az erd\u0151s hegyekben mindig p\u00e1r fokkal h\u0171v\u00f6sebb, \u00e9s sok k\u00f6nny\u0171 s\u00e9t\u00e1t tal\u00e1lsz.<\/li>\n<\/ul>\n\n\n\n<h2 id=\"Kam_dal_dalsi_tipy_na_dovolenou_u_more\" class=\"wp-block-heading\"><span class=\"ez-toc-section\" id=\"Hova_tovabb_tovabbi_tippek_a_tengerparti_nyaralashoz\"><\/span>Hova tov\u00e1bb: tov\u00e1bbi tippek a tengerparti nyaral\u00e1shoz<span class=\"ez-toc-section-end\"><\/span><\/h2>\n\n\n\n<p class=\"wp-block-paragraph\">Ha m\u00e9g nem tudod pontosan, hova indulj id\u00e9n, \u00e9s t\u00f6bb lehet\u0151s\u00e9get m\u00e9rlegelsz, rengeteg tov\u00e1bbi \u00fatikalauzt k\u00e9sz\u00edtett\u00fcnk neked. <strong>A Mediterr\u00e1neum sz\u00e1mtalan gy\u00f6ny\u00f6r\u0171 szigetet k\u00edn\u00e1l<\/strong>, \u00edgy biztosan kiv\u00e1lasztod a megfelel\u0151 strandszakaszt, \u00e9pp az \u00edzl\u00e9sed szerint. N\u00e9zd meg kedvenc cikkeinket, amelyek seg\u00edtenek a tervez\u00e9sben, \u00e9s \u00f3r\u00e1kat sp\u00f3rolnak meg neked az internetes keresg\u00e9l\u00e9sb\u0151l.<\/p>\n\n\n\n<ul class=\"wp-block-list\">\n<li><a href=\"https:\/\/loudavymkrokem.cz\/hu\/szeptember-utazas-tippek-2\/\">Hova menj nyaralni szeptemberben<\/a><\/li>\n\n\n\n<li><a href=\"https:\/\/loudavymkrokem.cz\/hu\/gorogorszag-idojaras-honaprol-honapra\/\">Mikor menj G\u00f6r\u00f6gorsz\u00e1gba<\/a><\/li>\n\n\n\n<li><a href=\"https:\/\/loudavymkrokem.cz\/hu\/rodosz-gorogorszag-latnivalok\/\">Rodosz nyaral\u00e1s<\/a><\/li>\n\n\n\n<li><a href=\"https:\/\/loudavymkrokem.cz\/hu\/olcso-repjegyek-tippek\/\">Hogyan szerezz olcs\u00f3 rep\u00fcl\u0151jegyet<\/a><\/li>\n\n\n\n<li><a href=\"https:\/\/loudavymkrokem.cz\/jak-vybrat-cestovni-pojisteni-na-dovolenou\/\">\u00datibiztos\u00edt\u00e1s<\/a><\/li>\n<\/ul>\n\n\n\n<h2 id=\"Casto_kladene_otazky\" class=\"wp-block-heading\"><span class=\"ez-toc-section\" id=\"Gyakran_ismetelt_kerdesek\"><\/span>Gyakran ism\u00e9telt k\u00e9rd\u00e9sek<span class=\"ez-toc-section-end\"><\/span><\/h2>\n\n\n\n<p class=\"wp-block-paragraph\">Az \u00fat tervez\u00e9sekor n\u00e9ha rengeteg apr\u00f3 k\u00e9rd\u00e9s mer\u00fcl fel, amelyeket gyorsan meg kell oldanod. Ez\u00e9rt \u00f6sszeraktuk a leggyakoribb dolgokat, amiket az emberek indul\u00e1s el\u0151tt k\u00e9rdeznek, hogy minden fontos inform\u00e1ci\u00f3 sz\u00e9pen egy helyen legyen, \u00e9s ne vesztegesd az id\u0151t a f\u00f3rumokon val\u00f3 keresg\u00e9l\u00e9ssel.<\/p>\n\n\n<div id=\"rank-math-faq\" class=\"rank-math-block\">\n<div class=\"rank-math-list \">\n<div id=\"faq-question-1787756940000\" class=\"rank-math-list-item\">\n<h3 class=\"rank-math-question \"><span class=\"ez-toc-section\" id=\"Mikor_a_legjobb_Ciprusra_utazni\"><\/span>Mikor a legjobb Ciprusra utazni?<span class=\"ez-toc-section-end\"><\/span><\/h3>\n<div class=\"rank-math-answer \">\n\n<p>A sziget megl\u00e1togat\u00e1s\u00e1ra ide\u00e1lis id\u0151szak \u00e1prilis \u00e9s j\u00fanius, illetve szeptember \u00e9s november k\u00f6z\u00f6tt van, amikor elker\u00fclheted a legnagyobb ny\u00e1ri h\u0151s\u00e9get. A hossz\u00fa t\u00e1v\u00fa statisztik\u00e1k szerint augusztusban val\u00f3ban elviselhetetlen meleg van, amikor az \u00e1tlagh\u0151m\u00e9rs\u00e9klet el\u00e9ri a 32,4 \u00b0C-ot, ami a l\u00e1tnival\u00f3k felfedez\u00e9s\u00e9t nagyon megnehez\u00edti. Ezzel szemben az \u0151szi h\u00f3napokat az utaz\u00f3k egy\u00e1ltal\u00e1n nem tudj\u00e1k el\u00e9gg\u00e9 dics\u00e9rni, mert a tenger gy\u00f6ny\u00f6r\u0171en felmelegedett az eg\u00e9sz ny\u00e1r alatt. M\u00e9g novemberben is kellemes 24,5 \u00b0C-os a v\u00edz h\u0151m\u00e9rs\u00e9klete, \u00edgy probl\u00e9ma n\u00e9lk\u00fcl felmelegedhetsz \u00e9s t\u00f6megek n\u00e9lk\u00fcl \u00e9lvezheted a f\u00fcrd\u0151z\u00e9st.<\/p>\n\n<\/div>\n<\/div>\n<div id=\"faq-question-1787756940001\" class=\"rank-math-list-item\">\n<h3 class=\"rank-math-question \"><span class=\"ez-toc-section\" id=\"Mennyi_idore_van_szukseged_Cipruson\"><\/span>Mennyi id\u0151re van sz\u00fcks\u00e9ged Cipruson?<span class=\"ez-toc-section-end\"><\/span><\/h3>\n<div class=\"rank-math-answer \">\n\n<p>Ha csak egy ter\u00fcleten szeretn\u00e9l pihenni \u00e9s felfedezni a legk\u00f6zelebbi k\u00f6rny\u00e9ket, b\u0151ven el\u00e9g lesz \u00f6t nap. Egy klasszikus nyaral\u00e1shoz, amikor tervezed, hogy bej\u00e1rod a sziget eg\u00e9sz d\u00e9li r\u00e9sz\u00e9t Paphost\u00f3l eg\u00e9szen Ayia Napaig, ide\u00e1lis esetben tarts fenn egy teljes hetet, hogy ne kelljen feleslegesen rohannod. Azok az utaz\u00f3k, akik be szeretn\u00e9k iktatni a Tro\u00f3dosz-hegys\u00e9g fest\u0151i hegyi falvait is, \u00e9s emellett kir\u00e1ndul\u00e1st tesznek az \u00e9szaki oldalra, leggyakrabban t\u00edznapos \u00fatitervet v\u00e1lasztanak. T\u00edz nap alatt felsz\u00edvhatod a helyi atmoszf\u00e9r\u00e1t \u00e9s a leg\u00e9rdekesebb t\u00f6rt\u00e9nelmi l\u00e1tnival\u00f3kat teljesen nyugodtan bej\u00e1rhatod.<\/p>\n\n<\/div>\n<\/div>\n<div id=\"faq-question-1787756940002\" class=\"rank-math-list-item\">\n<h3 class=\"rank-math-question \"><span class=\"ez-toc-section\" id=\"Lehet-e_Cipruson_furdozni_oktoberben_es_novemberben\"><\/span>Lehet-e Cipruson f\u00fcrd\u0151zni okt\u00f3berben \u00e9s novemberben?<span class=\"ez-toc-section-end\"><\/span><\/h3>\n<div class=\"rank-math-answer \">\n\n<p>Igen, a sziget val\u00f3sz\u00edn\u0171leg a leghosszabb f\u00fcrd\u0151szezonnal b\u00fcszk\u00e9lkedhet eg\u00e9sz Eur\u00f3p\u00e1ban, \u00e9s az \u0151szi f\u00fcrd\u0151z\u00e9s itt teljesen fantasztikus. Okt\u00f3berben a tenger gy\u00f6ny\u00f6r\u0171 26,7 \u00b0C-os, ami sok ember sz\u00e1m\u00e1ra sokkal kellemesebb, mint a felmelegedett k\u00e1d a ny\u00e1r k\u00f6zep\u00e9n. Novemberben a v\u00edz h\u0151m\u00e9rs\u00e9klete enyh\u00e9n cs\u00f6kken, de m\u00e9g mindig kellemes 24,5 \u00b0C-on marad, \u00edgy a kem\u00e9nyebb term\u00e9szetek \u00f3ri\u00e1si \u00f6r\u00f6mmel vetik magukat a hull\u00e1mokba. A leveg\u0151 ugyan m\u00e1r nem olyan forr\u00f3, de a naps\u00fct\u00e9s m\u00e9g mindig sz\u00e9pen meleg\u00edt, \u00e9s a strandok kellemes \u00fcresss\u00e9ggel t\u00e1tonganak.<\/p>\n\n<\/div>\n<\/div>\n<div id=\"faq-question-1787756940003\" class=\"rank-math-list-item\">\n<h3 class=\"rank-math-question \"><span class=\"ez-toc-section\" id=\"Szuksegem_van_autora_Cipruson\"><\/span>Sz\u00fcks\u00e9gem van aut\u00f3ra Cipruson?<span class=\"ez-toc-section-end\"><\/span><\/h3>\n<div class=\"rank-math-answer \">\n\n<p>F\u0151leg att\u00f3l f\u00fcgg, milyen t\u00edpus\u00fa nyaral\u00e1st tervezel. Ha csak a tengerparton maradsz \u00e9s alkalmank\u00e9nt \u00e1tutazol a nagy v\u00e1rosok k\u00f6z\u00f6tt, nem felt\u00e9tlen\u00fcl van sz\u00fcks\u00e9ged aut\u00f3ra, mert a buszok el\u00e9g j\u00f3l m\u0171k\u00f6dnek. Ha viszont a Tro\u00f3dosz-hegys\u00e9gbe szeretn\u00e9l kir\u00e1nulni, felfedezni a t\u00e1voli Akamas-f\u00e9lszigetet vagy eldugott strandokat felfedezni, k\u00f6lcs\u00f6nz\u00f6tt aut\u00f3 n\u00e9lk\u00fcl re\u00e1lisan nem boldogulsz. Ne feledd azonban, hogy itt szigor\u00faan baloldali a k\u00f6zleked\u00e9s, ami n\u00e9h\u00e1ny sof\u0151r sz\u00e1m\u00e1ra kezdetben kiss\u00e9 stresszes \u00fcgy lehet.<\/p>\n\n<\/div>\n<\/div>\n<div id=\"faq-question-1787756940004\" class=\"rank-math-list-item\">\n<h3 class=\"rank-math-question \"><span class=\"ez-toc-section\" id=\"At_lehet_menni_a_deli_reszrol_Ciprus_eszaki_reszere\"><\/span>\u00c1t lehet menni a d\u00e9li r\u00e9szr\u0151l Ciprus \u00e9szaki r\u00e9sz\u00e9re?<span class=\"ez-toc-section-end\"><\/span><\/h3>\n<div class=\"rank-math-answer \">\n\n<p>A Z\u00f6ld Vonal \u00e1tl\u00e9p\u00e9se lehets\u00e9ges a hivatalos hat\u00e1r\u00e1tkel\u0151k\u00f6n kereszt\u00fcl, de ehhez mindig sz\u00fcks\u00e9ged van \u00e9rv\u00e9nyes \u00fatlev\u00e9lre, mert szem\u00e9lyi igazolv\u00e1nnyal probl\u00e9m\u00e1kba \u00fctk\u00f6zhetsz. A d\u00e9len k\u00f6lcs\u00f6nz\u00f6tt aut\u00f3val csak az aut\u00f3k\u00f6lcs\u00f6nz\u0151 kifejezett enged\u00e9ly\u00e9vel mehetsz \u00e1t \u00e9szakra, \u00e9s a hat\u00e1ron meg kell v\u00e1s\u00e1rolnod az ideiglenes t\u00f6r\u00f6k biztos\u00edt\u00e1st. Ford\u00edtott ir\u00e1nyban azonban ez egy\u00e1ltal\u00e1n nem m\u0171k\u00f6dik, az \u00e9szakon k\u00f6lcs\u00f6nz\u00f6tt aut\u00f3val semmilyen k\u00f6r\u00fclm\u00e9nyek k\u00f6z\u00f6tt nem szabad d\u00e9lre menni, erre t\u00e9nyleg nagyon figyelj.<\/p>\n\n<\/div>\n<\/div>\n<div id=\"faq-question-1787756940005\" class=\"rank-math-list-item\">\n<h3 class=\"rank-math-question \"><span class=\"ez-toc-section\" id=\"Draga_Ciprus\"><\/span>Dr\u00e1ga Ciprus?<span class=\"ez-toc-section-end\"><\/span><\/h3>\n<div class=\"rank-math-answer \">\n\n<p>\u00c1ltal\u00e1ban elmondhat\u00f3, hogy a sziget valamivel dr\u00e1g\u00e1bb, mint a kontinent\u00e1lis G\u00f6r\u00f6gorsz\u00e1g, \u00e9s l\u00e9nyegesen dr\u00e1g\u00e1bb, mint a n\u00e9pszer\u0171 Bulg\u00e1ria. A k\u00f6lts\u00e9gvet\u00e9s f\u0151 t\u00e9tele \u00e1ltal\u00e1ban a sz\u00e1ll\u00e1s a f\u0151 ny\u00e1ri szezonban, amikor a sz\u00e1llod\u00e1k \u00e1rai elk\u00e9peszt\u0151 magass\u00e1gokba sz\u00f6knek, \u00e9s nem kev\u00e9s p\u00e9nzt nyel el a k\u00f6lcs\u00f6nz\u00f6tt aut\u00f3 is. Ha azonban a legforgalmasabb h\u00f3napokon k\u00edv\u00fcl utazol, a sz\u00e1ll\u00e1s\u00e1rak kellemesen leesnek, \u00e9s a nyaral\u00e1s nagyon \u00e9sszer\u0171 p\u00e9nz\u00e9rt beszerezhet\u0151. Az \u00e9tel a tavern\u00e1kban t\u00f6bb\u00e9-kev\u00e9sb\u00e9 stabil \u00e1rakon marad, \u00e9s az adagok min\u0151s\u00e9ge a p\u00e9nz\u00e9rt garant\u00e1ltan meg\u00e9ri.<\/p>\n\n<\/div>\n<\/div>\n<div id=\"faq-question-1787756940006\" class=\"rank-math-list-item\">\n<h3 class=\"rank-math-question \"><span class=\"ez-toc-section\" id=\"Milyen_az_etel_Cipruson_a_vegetarianusok_szamara\"><\/span>Milyen az \u00e9tel Cipruson a veget\u00e1ri\u00e1nusok sz\u00e1m\u00e1ra?<span class=\"ez-toc-section-end\"><\/span><\/h3>\n<div class=\"rank-math-answer \">\n\n<p>A helyi konyha a h\u00fas n\u00e9lk\u00fcl \u00e9l\u0151k sz\u00e1m\u00e1ra teljesen fantasztikus, \u00e9s biztosan nem fogsz \u00e9hezni. A sziget a h\u00edres halloumi sajt otthona, amely kiv\u00e1l\u00f3an grills\u00fct\u00e9sre alkalmas, \u00e9s minden jobb taverna sz\u00edvesen k\u00e9sz\u00edt b\u0151s\u00e9ges veget\u00e1ri\u00e1nus mez\u00e9t, tele m\u00e1rtogat\u00f3sokkal \u00e9s sal\u00e1t\u00e1kkal. \u00c1ll\u00edt\u00f3lag meg kell k\u00f3stolnod a hagyom\u00e1nyos, t\u00f6kkel t\u00f6lt\u00f6tt kolokoteszt, a fekete szem\u0171 bors\u00f3b\u00f3l k\u00e9sz\u00fclt tartalmas louvit, vagy a n\u00e9pszer\u0171 gemist\u00e1t, ami rizzsel t\u00f6lt\u00f6tt z\u00f6lds\u00e9g. A h\u00fasmentes \u00e9telek k\u00edn\u00e1lata olyan sz\u00e9les, hogy nem fogod tudni, mit v\u00e1lassz el\u0151bb az \u00e9tlapr\u00f3l.<\/p>\n\n<\/div>\n<\/div>\n<div id=\"faq-question-1787756940007\" class=\"rank-math-list-item\">\n<h3 class=\"rank-math-question \"><span class=\"ez-toc-section\" id=\"Biztonsagos_Ciprus\"><\/span>Biztons\u00e1gos Ciprus?<span class=\"ez-toc-section-end\"><\/span><\/h3>\n<div class=\"rank-math-answer \">\n\n<p>A sziget stabilan a legbiztons\u00e1gosabb orsz\u00e1gok k\u00f6z\u00e9 tartozik eg\u00e9sz Eur\u00f3p\u00e1ban, \u00e9s a h\u00e9tk\u00f6znapi b\u0171n\u00f6z\u00e9s szempontj\u00e1b\u00f3l t\u00e9nyleg nem kell semmit\u0151l sem tartanod. A turist\u00e1k sz\u00e1m\u00e1ra paradox m\u00f3don a legnagyobb kock\u00e1zatot maga a k\u00f6zleked\u00e9s jelenti, mert a baloldali forgalom kellemetlen meglepet\u00e9st okozhat a felk\u00e9sz\u00fcletlen gyalogosoknak az utca \u00e1tkel\u00e9sekor. A m\u00e1sik nagy r\u00e9m\u00e1lom az \u00e1rulkod\u00f3 ny\u00e1ri nap, amelynek hihetetlen ereje van, \u00fagyhogy min\u0151s\u00e9gi naptej \u00e9s kalap n\u00e9lk\u00fcl egy\u00e1ltal\u00e1n nem kellene kimenned. Ha vigy\u00e1zol erre a k\u00e9t dologra, teljesen nyugodt \u00e9s semmivel sem zavart tart\u00f3zkod\u00e1st fogsz \u00e9lvezni.<\/p>\n\n<\/div>\n<\/div>\n<\/div>\n<\/div>","protected":false},"excerpt":{"rendered":"<p>A F\u00f6ldk\u00f6zi-tenger fel\u00e9 k\u00e9sz\u00fclsz, \u00e9s \u00e9rdekel, mennyibe ker\u00fcl egy ciprusi nyaral\u00e1s, mit \u00e9rdemes l\u00e1tni \u00e9s milyen buktat\u00f3kra figyelj a tervez\u00e9sn\u00e9l?<\/p>\n","protected":false},"author":3,"featured_media":399834,"comment_status":"open","ping_status":"open","sticky":false,"template":"","format":"standard","meta":{"_acf_changed":false,"footnotes":"","rank_math_title":"Ciprus nyaral\u00e1s: 24 tipp \u00e9s l\u00e1tnival\u00f3 2026-ra","rank_math_description":"Ciprus nyaral\u00e1s 2026-ra: 24 tipp, mit \u00e9rdemes l\u00e1tni, h\u00f3napr\u00f3l h\u00f3napra id\u0151j\u00e1r\u00e1s, \u00e1rak \u00e9s hasznos tan\u00e1csok. Tervezd meg az utad most, \u00e9s fedezd fel a szigetet!","rank_math_focus_keyword":"ciprus nyaral\u00e1s","rank_math_seo_score":""},"categories":[1804,1788],"tags":[],"class_list":["post-409127","post","type-post","status-publish","format-standard","has-post-thumbnail","category-europa","category-utazas"],"acf":[],"featured_image_src":"https:\/\/loudavymkrokem.cz\/wp-content\/uploads\/2026\/08\/dovolena-kypr-hero.jpg","author_info":{"display_name":"Lucie Kone\u010dn\u00e1","author_link":"https:\/\/loudavymkrokem.cz\/hu\/author\/lucie-konecna\/"},"_links":{"self":[{"href":"https:\/\/loudavymkrokem.cz\/hu\/wp-json\/wp\/v2\/posts\/409127","targetHints":{"allow":["GET"]}}],"collection":[{"href":"https:\/\/loudavymkrokem.cz\/hu\/wp-json\/wp\/v2\/posts"}],"about":[{"href":"https:\/\/loudavymkrokem.cz\/hu\/wp-json\/wp\/v2\/types\/post"}],"author":[{"embeddable":true,"href":"https:\/\/loudavymkrokem.cz\/hu\/wp-json\/wp\/v2\/users\/3"}],"replies":[{"embeddable":true,"href":"https:\/\/loudavymkrokem.cz\/hu\/wp-json\/wp\/v2\/comments?post=409127"}],"version-history":[{"count":0,"href":"https:\/\/loudavymkrokem.cz\/hu\/wp-json\/wp\/v2\/posts\/409127\/revisions"}],"wp:featuredmedia":[{"embeddable":true,"href":"https:\/\/loudavymkrokem.cz\/hu\/wp-json\/wp\/v2\/media\/399834"}],"wp:attachment":[{"href":"https:\/\/loudavymkrokem.cz\/hu\/wp-json\/wp\/v2\/media?parent=409127"}],"wp:term":[{"taxonomy":"category","embeddable":true,"href":"https:\/\/loudavymkrokem.cz\/hu\/wp-json\/wp\/v2\/categories?post=409127"},{"taxonomy":"post_tag","embeddable":true,"href":"https:\/\/loudavymkrokem.cz\/hu\/wp-json\/wp\/v2\/tags?post=409127"}],"curies":[{"name":"wp","href":"https:\/\/api.w.org\/{rel}","templated":true}]}}