{"id":409124,"date":"2026-08-25T09:57:26","date_gmt":"2026-08-25T07:57:26","guid":{"rendered":"https:\/\/loudavymkrokem.cz\/mit-erdemes-megnezni-marrakesben\/"},"modified":"2026-08-31T07:50:46","modified_gmt":"2026-08-31T05:50:46","slug":"mit-erdemes-megnezni-marrakesben","status":"publish","type":"post","link":"https:\/\/loudavymkrokem.cz\/hu\/mit-erdemes-megnezni-marrakesben\/","title":{"rendered":"Mit \u00e9rdemes megn\u00e9zni Marr\u00e1kesben: 25 tipp + \u00e1tver\u00e9sek, amikre 2026-ban figyelj"},"content":{"rendered":"\n<p class=\"wp-block-paragraph\">Amikor Luk\u00e1\u0161 \u00e9s \u00e9n el\u0151sz\u00f6r hajtottunk be Marr\u00e1kesbe egy k\u00f6lcs\u00f6nz\u00f6tt <strong>Fiat Pand\u00e1val a helyi AirCar aut\u00f3k\u00f6lcs\u00f6nz\u0151t\u0151l<\/strong>, azt hitt\u00fck, hogy Uganda \u00e9s Thaif\u00f6ld ut\u00e1n m\u00e1r semmi sem lephet meg minket. A helyi k\u00f6zleked\u00e9s val\u00f3s\u00e1ga azonban gyorsan kij\u00f3zan\u00edtott minket, \u00e9s tov\u00e1bbra is igaz, hogy <strong>a marr\u00e1kesi k\u00f6zleked\u00e9s a legedzettebb sof\u0151r\u00f6knek is feladja a leck\u00e9t<\/strong>, \u00fagyhogy ha aut\u00f3val k\u00e9sz\u00fclsz ide, v\u00e9rtezd fel magad rengeteg t\u00fcrelemmel. A v\u00e1ros viszont abszol\u00fat leny\u0171g\u00f6z\u0151: tele van k\u00e1pr\u00e1zatos sz\u00ednekkel, f\u0171szerillatokkal \u00e9s t\u00f6rt\u00e9nelmi palot\u00e1kkal, amelyek egy pillanat alatt egy teljesen m\u00e1s vil\u00e1gba rep\u00edtenek. Ha k\u00edv\u00e1ncsi vagy, mit \u00e9rdemes megn\u00e9zni Marr\u00e1kesben, j\u00f3 helyen j\u00e1rsz.<\/p>\n\n\n\n<p class=\"wp-block-paragraph\">Az utunk <strong>decemberben zajlott, ami teljesen ide\u00e1lis v\u00e1laszt\u00e1snak bizonyult<\/strong> a l\u00e1tnival\u00f3k felfedez\u00e9s\u00e9hez \u00e9s az utc\u00e1kon val\u00f3 barangol\u00e1shoz, a f\u00e1raszt\u00f3 ny\u00e1ri h\u0151s\u00e9g n\u00e9lk\u00fcl. Nappal a h\u0151m\u00e9rs\u00e9klet <strong>nagyon kellemes 18 \u00b0C k\u00f6r\u00fcl<\/strong> mozgott, b\u00e1r az \u00e9jszak\u00e1k m\u00e1r h\u0171v\u00f6sebbek voltak, \u00e9s a h\u0151m\u00e9r\u0151 eg\u00e9szen \u00f6t fokig s\u00fcllyedt. Ha ideutazol, k\u00e9sz\u00fclj fel arra, hogy Marr\u00e1kes gy\u00f6ny\u00f6r\u0171, ugyanakkor rendk\u00edv\u00fcl intenz\u00edv v\u00e1ros, amely megk\u00edv\u00e1n egy kis \u00e9bers\u00e9get \u00e9s j\u00f3zan \u00e9szt.<\/p>\n\n\n\n<p class=\"wp-block-paragraph\">Ebben a cikkben egy\u00fctt n\u00e9zz\u00fck meg a <strong>25 tippet, hogy mit \u00e9rdemes l\u00e1tni \u00e9s csin\u00e1lni Marr\u00e1kesben<\/strong>, hogy a l\u00e1togat\u00e1sodb\u00f3l a val\u00f3di maximumot hozd ki, felesleges stressz n\u00e9lk\u00fcl. V\u00e9gigj\u00e1rjuk a legszebb palot\u00e1kat, megmutatom, <strong>hol \u00e9rdemes strat\u00e9giailag megsz\u00e1llni<\/strong>, \u00e9s r\u00e9szletesen kit\u00e9r\u00fcnk a leggyakoribb turistacsapd\u00e1kra \u00e9s <strong>\u00e1tver\u00e9sekre is, amikre nagyon oda kell figyelned<\/strong>.<\/p>\n\n\n\n<figure data-wp-context=\"{&quot;imageId&quot;:&quot;6a952ff681190&quot;}\" data-wp-interactive=\"core\/image\" data-wp-key=\"6a952ff681190\" class=\"wp-block-image size-full wp-lightbox-container\"><img decoding=\"async\" width=\"1800\" height=\"1208\" data-wp-class--hide=\"state.isContentHidden\" data-wp-class--show=\"state.isContentVisible\" data-wp-init=\"callbacks.setButtonStyles\" data-wp-on--click=\"actions.showLightbox\" data-wp-on--load=\"callbacks.setButtonStyles\" data-wp-on--pointerdown=\"actions.preloadImage\" data-wp-on--pointerenter=\"actions.preloadImageWithDelay\" data-wp-on--pointerleave=\"actions.cancelPreload\" data-wp-on-window--resize=\"callbacks.setButtonStyles\" src=\"https:\/\/loudavymkrokem.cz\/wp-content\/uploads\/2026\/08\/maroko-clanky-co-videt-v-marrakesi-01.jpg\" alt=\"Egy hagyom\u00e1nyos marr\u00e1kesi riad bels\u0151 udvara\" class=\"wp-image-395760\" title=\"\" srcset=\"https:\/\/loudavymkrokem.cz\/wp-content\/uploads\/2026\/08\/maroko-clanky-co-videt-v-marrakesi-01.jpg 1800w, https:\/\/loudavymkrokem.cz\/wp-content\/uploads\/2026\/08\/maroko-clanky-co-videt-v-marrakesi-01-300x201.jpg 300w, https:\/\/loudavymkrokem.cz\/wp-content\/uploads\/2026\/08\/maroko-clanky-co-videt-v-marrakesi-01-700x470.jpg 700w, https:\/\/loudavymkrokem.cz\/wp-content\/uploads\/2026\/08\/maroko-clanky-co-videt-v-marrakesi-01-768x515.jpg 768w, https:\/\/loudavymkrokem.cz\/wp-content\/uploads\/2026\/08\/maroko-clanky-co-videt-v-marrakesi-01-1536x1031.jpg 1536w, https:\/\/loudavymkrokem.cz\/wp-content\/uploads\/2026\/08\/maroko-clanky-co-videt-v-marrakesi-01-696x467.jpg 696w, https:\/\/loudavymkrokem.cz\/wp-content\/uploads\/2026\/08\/maroko-clanky-co-videt-v-marrakesi-01-1392x934.jpg 1392w\" sizes=\"(max-width: 1800px) 100vw, 1800px\" \/><button\n\t\t\tclass=\"lightbox-trigger\"\n\t\t\ttype=\"button\"\n\t\t\taria-haspopup=\"dialog\"\n\t\t\tdata-wp-bind--aria-label=\"state.thisImage.triggerButtonAriaLabel\"\n\t\t\tdata-wp-init=\"callbacks.initTriggerButton\"\n\t\t\tdata-wp-on--click=\"actions.showLightbox\"\n\t\t\tdata-wp-style--right=\"state.thisImage.buttonRight\"\n\t\t\tdata-wp-style--top=\"state.thisImage.buttonTop\"\n\t\t>\n\t\t\t<svg xmlns=\"http:\/\/www.w3.org\/2000\/svg\" width=\"12\" height=\"12\" fill=\"none\" viewBox=\"0 0 12 12\">\n\t\t\t\t<path fill=\"#fff\" d=\"M2 0a2 2 0 0 0-2 2v2h1.5V2a.5.5 0 0 1 .5-.5h2V0H2Zm2 10.5H2a.5.5 0 0 1-.5-.5V8H0v2a2 2 0 0 0 2 2h2v-1.5ZM8 12v-1.5h2a.5.5 0 0 0 .5-.5V8H12v2a2 2 0 0 1-2 2H8Zm2-12a2 2 0 0 1 2 2v2h-1.5V2a.5.5 0 0 0-.5-.5H8V0h2Z\" \/>\n\t\t\t<\/svg>\n\t\t<\/button><figcaption class=\"wp-element-caption\">Foto: Ben Bender \/ Wikimedia Commons, CC BY-SA 3.0<\/figcaption><\/figure>\n\n\n\n<div id=\"ez-toc-container\" class=\"ez-toc-v2_0_86 ez-toc-wrap-left counter-hierarchy ez-toc-counter ez-toc-grey ez-toc-container-direction\">\n<div class=\"ez-toc-title-container\">\n<p class=\"ez-toc-title\" style=\"cursor:inherit\">A cikk tartalma<\/p>\n<span class=\"ez-toc-title-toggle\"><a href=\"#\" class=\"ez-toc-pull-right ez-toc-btn ez-toc-btn-xs ez-toc-btn-default ez-toc-toggle\" aria-label=\"Toggle Table of Content\"><span class=\"ez-toc-js-icon-con\"><span class=\"\"><span class=\"eztoc-hide\" style=\"display:none;\">Toggle<\/span><span class=\"ez-toc-icon-toggle-span\"><svg style=\"fill: #999;color:#999\" xmlns=\"http:\/\/www.w3.org\/2000\/svg\" class=\"list-377408\" width=\"20px\" height=\"20px\" viewBox=\"0 0 24 24\" fill=\"none\"><path d=\"M6 6H4v2h2V6zm14 0H8v2h12V6zM4 11h2v2H4v-2zm16 0H8v2h12v-2zM4 16h2v2H4v-2zm16 0H8v2h12v-2z\" fill=\"currentColor\"><\/path><\/svg><svg style=\"fill: #999;color:#999\" class=\"arrow-unsorted-368013\" xmlns=\"http:\/\/www.w3.org\/2000\/svg\" width=\"10px\" height=\"10px\" viewBox=\"0 0 24 24\" version=\"1.2\" baseProfile=\"tiny\"><path d=\"M18.2 9.3l-6.2-6.3-6.2 6.3c-.2.2-.3.4-.3.7s.1.5.3.7c.2.2.4.3.7.3h11c.3 0 .5-.1.7-.3.2-.2.3-.5.3-.7s-.1-.5-.3-.7zM5.8 14.7l6.2 6.3 6.2-6.3c.2-.2.3-.5.3-.7s-.1-.5-.3-.7c-.2-.2-.4-.3-.7-.3h-11c-.3 0-.5.1-.7.3-.2.2-.3.5-.3.7s.1.5.3.7z\"\/><\/svg><\/span><\/span><\/span><\/a><\/span><\/div>\n<nav><ul class='ez-toc-list ez-toc-list-level-1 ' ><ul class='ez-toc-list-level-3' ><li class='ez-toc-heading-level-3'><a class=\"ez-toc-link ez-toc-heading-1\" href=\"https:\/\/loudavymkrokem.cz\/hu\/mit-erdemes-megnezni-marrakesben\/#Osszefoglalas_azoknak_akiknek_nincs_idejuk_vegigolvasni_a_cikket\" >\u00d6sszefoglal\u00e1s azoknak, akiknek nincs idej\u00fck v\u00e9gigolvasni a cikket<\/a><\/li><\/ul><\/li><li class='ez-toc-page-1 ez-toc-heading-level-2'><a class=\"ez-toc-link ez-toc-heading-2\" href=\"https:\/\/loudavymkrokem.cz\/hu\/mit-erdemes-megnezni-marrakesben\/#Mikor_erdemes_Marrakesbe_utazni\" >Mikor \u00e9rdemes Marr\u00e1kesbe utazni<\/a><\/li><li class='ez-toc-page-1 ez-toc-heading-level-2'><a class=\"ez-toc-link ez-toc-heading-3\" href=\"https:\/\/loudavymkrokem.cz\/hu\/mit-erdemes-megnezni-marrakesben\/#Hol_erdemes_megszallni_Marrakesben\" >Hol \u00e9rdemes megsz\u00e1llni Marr\u00e1kesben<\/a><\/li><li class='ez-toc-page-1 ez-toc-heading-level-2'><a class=\"ez-toc-link ez-toc-heading-4\" href=\"https:\/\/loudavymkrokem.cz\/hu\/mit-erdemes-megnezni-marrakesben\/#25_tipp_mit_erdemes_megnezni_es_csinalni_Marrakesben\" >25 tipp, mit \u00e9rdemes megn\u00e9zni \u00e9s csin\u00e1lni Marr\u00e1kesben<\/a><ul class='ez-toc-list-level-3' ><li class='ez-toc-heading-level-3'><a class=\"ez-toc-link ez-toc-heading-5\" href=\"https:\/\/loudavymkrokem.cz\/hu\/mit-erdemes-megnezni-marrakesben\/#1_A_Dzsemaa_el-Fna_ter_nappal\" >1. A Dzsemaa el-Fna t\u00e9r nappal<\/a><\/li><li class='ez-toc-page-1 ez-toc-heading-level-3'><a class=\"ez-toc-link ez-toc-heading-6\" href=\"https:\/\/loudavymkrokem.cz\/hu\/mit-erdemes-megnezni-marrakesben\/#2_A_Dzsemaa_el-Fna_esti_atalakulasa\" >2. A Dzsemaa el-Fna esti \u00e1talakul\u00e1sa<\/a><\/li><li class='ez-toc-page-1 ez-toc-heading-level-3'><a class=\"ez-toc-link ez-toc-heading-7\" href=\"https:\/\/loudavymkrokem.cz\/hu\/mit-erdemes-megnezni-marrakesben\/#3_A_Majorelle-kert_es_Yves_Saint_Laurent_oroksege\" >3. A Majorelle-kert \u00e9s Yves Saint Laurent \u00f6r\u00f6ks\u00e9ge<\/a><\/li><li class='ez-toc-page-1 ez-toc-heading-level-3'><a class=\"ez-toc-link ez-toc-heading-8\" href=\"https:\/\/loudavymkrokem.cz\/hu\/mit-erdemes-megnezni-marrakesben\/#4_A_gyonyoru_Bahia-palota\" >4. A gy\u00f6ny\u00f6r\u0171 Bahia-palota<\/a><\/li><li class='ez-toc-page-1 ez-toc-heading-level-3'><a class=\"ez-toc-link ez-toc-heading-9\" href=\"https:\/\/loudavymkrokem.cz\/hu\/mit-erdemes-megnezni-marrakesben\/#5_A_lenyugozo_Ben_Juszuf_medresze\" >5. A leny\u0171g\u00f6z\u0151 Ben Juszuf medresze<\/a><\/li><li class='ez-toc-page-1 ez-toc-heading-level-3'><a class=\"ez-toc-link ez-toc-heading-10\" href=\"https:\/\/loudavymkrokem.cz\/hu\/mit-erdemes-megnezni-marrakesben\/#6_Az_El_Badi-palota_es_a_varazslatos_naplemente\" >6. Az El Badi-palota \u00e9s a var\u00e1zslatos naplemente<\/a><\/li><li class='ez-toc-page-1 ez-toc-heading-level-3'><a class=\"ez-toc-link ez-toc-heading-11\" href=\"https:\/\/loudavymkrokem.cz\/hu\/mit-erdemes-megnezni-marrakesben\/#7_A_fenseges_Kutubija_mecset\" >7. A fens\u00e9ges Kutub\u00edja mecset<\/a><\/li><li class='ez-toc-page-1 ez-toc-heading-level-3'><a class=\"ez-toc-link ez-toc-heading-12\" href=\"https:\/\/loudavymkrokem.cz\/hu\/mit-erdemes-megnezni-marrakesben\/#8_A_szukok_labirintusa_a_medinaban\" >8. A szukok labirintusa a medin\u00e1ban<\/a><\/li><li class='ez-toc-page-1 ez-toc-heading-level-3'><a class=\"ez-toc-link ez-toc-heading-13\" href=\"https:\/\/loudavymkrokem.cz\/hu\/mit-erdemes-megnezni-marrakesben\/#9_Az_alkudozas_muveszete_es_hogyan_csinald\" >9. Az alkudoz\u00e1s m\u0171v\u00e9szete \u00e9s hogyan csin\u00e1ld<\/a><\/li><li class='ez-toc-page-1 ez-toc-heading-level-3'><a class=\"ez-toc-link ez-toc-heading-14\" href=\"https:\/\/loudavymkrokem.cz\/hu\/mit-erdemes-megnezni-marrakesben\/#10_Hagyomanyos_tisztalkodas_a_hammamban\" >10. Hagyom\u00e1nyos tiszt\u00e1lkod\u00e1s a hammamban<\/a><\/li><li class='ez-toc-page-1 ez-toc-heading-level-3'><a class=\"ez-toc-link ez-toc-heading-15\" href=\"https:\/\/loudavymkrokem.cz\/hu\/mit-erdemes-megnezni-marrakesben\/#11_A_rejtelyes_Szaadi-sirok\" >11. A rejt\u00e9lyes Szaadi-s\u00edrok<\/a><\/li><li class='ez-toc-page-1 ez-toc-heading-level-3'><a class=\"ez-toc-link ez-toc-heading-16\" href=\"https:\/\/loudavymkrokem.cz\/hu\/mit-erdemes-megnezni-marrakesben\/#12_Maison_de_la_Photographie_Fotomuzeum\" >12. Maison de la Photographie (Fot\u00f3m\u00fazeum)<\/a><\/li><li class='ez-toc-page-1 ez-toc-heading-level-3'><a class=\"ez-toc-link ez-toc-heading-17\" href=\"https:\/\/loudavymkrokem.cz\/hu\/mit-erdemes-megnezni-marrakesben\/#13_Biztonsag_a_medinaban_sotetedes_utan\" >13. Biztons\u00e1g a medin\u00e1ban s\u00f6t\u00e9ted\u00e9s ut\u00e1n<\/a><\/li><li class='ez-toc-page-1 ez-toc-heading-level-3'><a class=\"ez-toc-link ez-toc-heading-18\" href=\"https:\/\/loudavymkrokem.cz\/hu\/mit-erdemes-megnezni-marrakesben\/#14_Atveres_Vigyazz_az_%E2%80%9Eingyen_hennaval%E2%80%9D_a_teren\" >14. \u00c1tver\u00e9s: Vigy\u00e1zz az \u201eingyen henn\u00e1val&#8221; a t\u00e9ren<\/a><\/li><li class='ez-toc-page-1 ez-toc-heading-level-3'><a class=\"ez-toc-link ez-toc-heading-19\" href=\"https:\/\/loudavymkrokem.cz\/hu\/mit-erdemes-megnezni-marrakesben\/#15_Atveres_Allatok_mint_fotokellekek\" >15. \u00c1tver\u00e9s: \u00c1llatok mint fot\u00f3kell\u00e9kek<\/a><\/li><li class='ez-toc-page-1 ez-toc-heading-level-3'><a class=\"ez-toc-link ez-toc-heading-20\" href=\"https:\/\/loudavymkrokem.cz\/hu\/mit-erdemes-megnezni-marrakesben\/#16_Atveres_Hamis_idegenvezetok_es_%E2%80%9Esegitok%E2%80%9D\" >16. \u00c1tver\u00e9s: Hamis idegenvezet\u0151k \u00e9s \u201eseg\u00edt\u0151k&#8221;<\/a><\/li><li class='ez-toc-page-1 ez-toc-heading-level-3'><a class=\"ez-toc-link ez-toc-heading-21\" href=\"https:\/\/loudavymkrokem.cz\/hu\/mit-erdemes-megnezni-marrakesben\/#17_Atveres_%E2%80%9EErre_nem_lehet_menni_az_utca_le_van_zarva%E2%80%9D\" >17. \u00c1tver\u00e9s: \u201eErre nem lehet menni, az utca le van z\u00e1rva&#8221;<\/a><\/li><li class='ez-toc-page-1 ez-toc-heading-level-3'><a class=\"ez-toc-link ez-toc-heading-22\" href=\"https:\/\/loudavymkrokem.cz\/hu\/mit-erdemes-megnezni-marrakesben\/#18_Atveres_Atiranyitas_a_timarmuhelyekbe_Tanneries\" >18. \u00c1tver\u00e9s: \u00c1tir\u00e1ny\u00edt\u00e1s a t\u00edm\u00e1rm\u0171helyekbe (Tanneries)<\/a><\/li><li class='ez-toc-page-1 ez-toc-heading-level-3'><a class=\"ez-toc-link ez-toc-heading-23\" href=\"https:\/\/loudavymkrokem.cz\/hu\/mit-erdemes-megnezni-marrakesben\/#19_Taxik_es_taxameterek_kezelese\" >19. Taxik \u00e9s taxam\u00e9terek kezel\u00e9se<\/a><\/li><li class='ez-toc-page-1 ez-toc-heading-level-3'><a class=\"ez-toc-link ez-toc-heading-24\" href=\"https:\/\/loudavymkrokem.cz\/hu\/mit-erdemes-megnezni-marrakesben\/#20_Vigyazz_a_hatizsakokkal_es_a_zsebtolvajokkal\" >20. Vigy\u00e1zz a h\u00e1tizs\u00e1kokkal \u00e9s a zsebtolvajokkal<\/a><\/li><li class='ez-toc-page-1 ez-toc-heading-level-3'><a class=\"ez-toc-link ez-toc-heading-25\" href=\"https:\/\/loudavymkrokem.cz\/hu\/mit-erdemes-megnezni-marrakesben\/#21_Rendori_ellenorzesek_es_vezetes_Marokkoban\" >21. Rend\u0151ri ellen\u0151rz\u00e9sek \u00e9s vezet\u00e9s Marokk\u00f3ban<\/a><\/li><li class='ez-toc-page-1 ez-toc-heading-level-3'><a class=\"ez-toc-link ez-toc-heading-26\" href=\"https:\/\/loudavymkrokem.cz\/hu\/mit-erdemes-megnezni-marrakesben\/#22_Vegetarianus_etelek_es_ettermek_es_egy_nagy_tevedes\" >22. Veget\u00e1ri\u00e1nus \u00e9telek \u00e9s \u00e9ttermek (\u00e9s egy nagy t\u00e9ved\u00e9s)<\/a><\/li><li class='ez-toc-page-1 ez-toc-heading-level-3'><a class=\"ez-toc-link ez-toc-heading-27\" href=\"https:\/\/loudavymkrokem.cz\/hu\/mit-erdemes-megnezni-marrakesben\/#23_Marrakes_gyerekekkel\" >23. Marr\u00e1kes gyerekekkel<\/a><\/li><li class='ez-toc-page-1 ez-toc-heading-level-3'><a class=\"ez-toc-link ez-toc-heading-28\" href=\"https:\/\/loudavymkrokem.cz\/hu\/mit-erdemes-megnezni-marrakesben\/#24_Arak_es_koltsegvetes_Marokkoban\" >24. \u00c1rak \u00e9s k\u00f6lts\u00e9gvet\u00e9s Marokk\u00f3ban<\/a><\/li><li class='ez-toc-page-1 ez-toc-heading-level-3'><a class=\"ez-toc-link ez-toc-heading-29\" href=\"https:\/\/loudavymkrokem.cz\/hu\/mit-erdemes-megnezni-marrakesben\/#25_Etikett_es_helyi_szokasok_A_jobb_kez_uralkodik\" >25. Etikett \u00e9s helyi szok\u00e1sok: A jobb k\u00e9z uralkodik<\/a><\/li><\/ul><\/li><li class='ez-toc-page-1 ez-toc-heading-level-2'><a class=\"ez-toc-link ez-toc-heading-30\" href=\"https:\/\/loudavymkrokem.cz\/hu\/mit-erdemes-megnezni-marrakesben\/#Hova_tovabb_Marrakesbol\" >Hov\u00e1 tov\u00e1bb Marr\u00e1kesb\u0151l<\/a><\/li><li class='ez-toc-page-1 ez-toc-heading-level-2'><a class=\"ez-toc-link ez-toc-heading-31\" href=\"https:\/\/loudavymkrokem.cz\/hu\/mit-erdemes-megnezni-marrakesben\/#Gyakran_ismetelt_kerdesek\" >Gyakran ism\u00e9telt k\u00e9rd\u00e9sek<\/a><ul class='ez-toc-list-level-3' ><li class='ez-toc-heading-level-3'><a class=\"ez-toc-link ez-toc-heading-32\" href=\"https:\/\/loudavymkrokem.cz\/hu\/mit-erdemes-megnezni-marrakesben\/#Biztonsagos_varos_Marrakes_a_turistak_szamara\" >Biztons\u00e1gos v\u00e1ros Marr\u00e1kes a turist\u00e1k sz\u00e1m\u00e1ra?<\/a><\/li><li class='ez-toc-page-1 ez-toc-heading-level-3'><a class=\"ez-toc-link ez-toc-heading-33\" href=\"https:\/\/loudavymkrokem.cz\/hu\/mit-erdemes-megnezni-marrakesben\/#Milyen_a_legjobb_oltozet_Marrakesbe\" >Milyen a legjobb \u00f6lt\u00f6zet Marr\u00e1kesbe?<\/a><\/li><li class='ez-toc-page-1 ez-toc-heading-level-3'><a class=\"ez-toc-link ez-toc-heading-34\" href=\"https:\/\/loudavymkrokem.cz\/hu\/mit-erdemes-megnezni-marrakesben\/#Ihatok_Marrakesben_csapvizet\" >Ihatok Marr\u00e1kesben csapvizet?<\/a><\/li><li class='ez-toc-page-1 ez-toc-heading-level-3'><a class=\"ez-toc-link ez-toc-heading-35\" href=\"https:\/\/loudavymkrokem.cz\/hu\/mit-erdemes-megnezni-marrakesben\/#Szuksegem_van_vizumra_Marokkoba\" >Sz\u00fcks\u00e9gem van v\u00edzumra Marokk\u00f3ba?<\/a><\/li><li class='ez-toc-page-1 ez-toc-heading-level-3'><a class=\"ez-toc-link ez-toc-heading-36\" href=\"https:\/\/loudavymkrokem.cz\/hu\/mit-erdemes-megnezni-marrakesben\/#Hogyan_jutok_el_a_marrakesi_repuloterrol_a_kozpontba\" >Hogyan jutok el a marr\u00e1kesi rep\u00fcl\u0151t\u00e9rr\u0151l a k\u00f6zpontba?<\/a><\/li><li class='ez-toc-page-1 ez-toc-heading-level-3'><a class=\"ez-toc-link ez-toc-heading-37\" href=\"https:\/\/loudavymkrokem.cz\/hu\/mit-erdemes-megnezni-marrakesben\/#Lehet_Marrakesben_altalanosan_alkoholt_vasarolni\" >Lehet Marr\u00e1kesben \u00e1ltal\u00e1nosan alkoholt v\u00e1s\u00e1rolni?<\/a><\/li><li class='ez-toc-page-1 ez-toc-heading-level-3'><a class=\"ez-toc-link ez-toc-heading-38\" href=\"https:\/\/loudavymkrokem.cz\/hu\/mit-erdemes-megnezni-marrakesben\/#Milyen_penzt_vigyek_Marokkoba\" >Milyen p\u00e9nzt vigyek Marokk\u00f3ba?<\/a><\/li><\/ul><\/li><\/ul><\/nav><\/div>\n<h3 class=\"wp-block-heading\"><span class=\"ez-toc-section\" id=\"Osszefoglalas_azoknak_akiknek_nincs_idejuk_vegigolvasni_a_cikket\"><\/span>\u00d6sszefoglal\u00e1s azoknak, akiknek nincs idej\u00fck v\u00e9gigolvasni a cikket<span class=\"ez-toc-section-end\"><\/span><\/h3>\n\n\n\n<ul class=\"wp-block-list\">\n<li>  <strong>F\u0151t\u00e9r:<\/strong> A Dzsemaa el-Fna a v\u00e1ros sz\u00edve, nappal \u00e1rusokat tal\u00e1lsz itt, este pedig hatalmas szabadt\u00e9ri \u00e9tteremm\u00e9 alakul.<\/li>\n\n\n\n<li>  <strong>Legszebb l\u00e1tnival\u00f3k:<\/strong> Semmik\u00e9pp se hagyd ki a gy\u00f6ny\u00f6r\u0171 Bahia-palot\u00e1t, a leny\u0171g\u00f6z\u0151 Ben Juszuf medresz\u00e9t \u00e9s a Majorelle-kertet.<\/li>\n\n\n\n<li>  <strong>Biztons\u00e1g \u00e9jszaka:<\/strong> Maga a medina s\u00f6t\u00e9ted\u00e9s ut\u00e1n nehezen t\u00e1j\u00e9koz\u00f3dhat\u00f3 \u00e9s vesz\u00e9lyes lehet, n\u0151knek nem aj\u00e1nlott \u00e9jszaka egyed\u00fcl k\u00f6zlekedni.<\/li>\n\n\n\n<li>  <strong>K\u00f6zleked\u00e9s \u00e9s taxik:<\/strong> A petits taxi sof\u0151r\u00f6knek t\u00f6rv\u00e9ny szerint taxam\u00e9tert kell haszn\u00e1lniuk, mindig ragaszkodj hozz\u00e1 besz\u00e1ll\u00e1s el\u0151tt, k\u00fcl\u00f6nben a t\u00edzszeres\u00e9t fizeted.<\/li>\n\n\n\n<li>  <strong>Vigy\u00e1zz az \u00e1tver\u00e9sekkel:<\/strong> Utas\u00edtsd vissza az \u201eingyen henn\u00e1t&#8221;, ne hagyd, hogy hamis idegenvezet\u0151k elvezessenek, \u00e9s ne hidd el, hogy az utc\u00e1d le van z\u00e1rva.<\/li>\n\n\n\n<li>  <strong>Aut\u00f3b\u00e9rl\u00e9s:<\/strong> Ha aut\u00f3t b\u00e9relsz, gy\u0151z\u0151dj meg r\u00f3la, hogy van a sof\u0151r nev\u00e9re sz\u00f3l\u00f3 hitelk\u00e1rty\u00e1d (a bankk\u00e1rty\u00e1val nagy gondunk akadt a kauci\u00f3 let\u00e9tel\u00e9n\u00e9l).<\/li>\n\n\n\n<li>  <strong>Kir\u00e1ndul\u00e1sok a k\u00f6rny\u00e9ken:<\/strong> Marr\u00e1kes remek kiindul\u00f3pont az Atlasz-hegys\u00e9gbe, az Ouzoud-v\u00edzes\u00e9shez vagy ak\u00e1r a Szahar\u00e1ig tart\u00f3 utakhoz.<\/li>\n<\/ul>\n\n\n\n<h2 class=\"wp-block-heading\"><span class=\"ez-toc-section\" id=\"Mikor_erdemes_Marrakesbe_utazni\"><\/span>Mikor \u00e9rdemes Marr\u00e1kesbe utazni<span class=\"ez-toc-section-end\"><\/span><\/h2>\n\n\n\n<p class=\"wp-block-paragraph\">A megfelel\u0151 \u00e9vszak kiv\u00e1laszt\u00e1sa Marokk\u00f3 l\u00e1togat\u00e1s\u00e1hoz teljesen kulcsfontoss\u00e1g\u00fa, mert a helyi \u00e9ghajlat nagyon k\u00edm\u00e9letlen tud lenni. <strong>A legjobb id\u0151szak a l\u00e1togat\u00e1sra a tavaszi h\u00f3napok (m\u00e1rcius\u2013m\u00e1jus) \u00e9s az \u0151sz (szeptember\u2013november)<\/strong>, amikor kellemes h\u0151m\u00e9rs\u00e9klet v\u00e1r, ami ide\u00e1lis a v\u00e1ros eg\u00e9sz napos felfedez\u00e9s\u00e9hez. Ezekben a h\u00f3napokban elker\u00fcl\u00f6d a sz\u00e9ls\u0151s\u00e9geket, a napok sz\u00e9pen naps\u00fct\u00e9sesek, az est\u00e9k pedig kellemes leh\u0171l\u00e9st k\u00edn\u00e1lnak. Ny\u00e1ron ugyanis Marr\u00e1kes felizz\u00f3 kemenc\u00e9v\u00e9 v\u00e1lik, amikor a h\u0151m\u00e9rs\u00e9klet rendszeresen 40 \u00b0C f\u00f6l\u00e9 k\u00faszik. A medina sz\u0171k, fojtogat\u00f3 utc\u00e1in val\u00f3 s\u00e9ta ilyenkor ink\u00e1bb t\u00fal\u00e9l\u00e9ss\u00e9 v\u00e1lik, mint kellemes nyaral\u00e1si \u00e9lm\u00e9nny\u00e9.<\/p>\n\n\n\n<p class=\"wp-block-paragraph\">Mi <strong>decemberben indultunk Marokk\u00f3ba, \u00e9s a kir\u00e1ndul\u00e1sokhoz teljesen ide\u00e1lis volt<\/strong>, mert nappal a h\u0151m\u00e9rs\u00e9klet <strong>sz\u00e9p 18 \u00b0C k\u00f6r\u00fcl<\/strong> maradt. A l\u00e1tnival\u00f3k eg\u00e9sz napos bej\u00e1r\u00e1s\u00e1hoz ez a legkellemesebb id\u0151j\u00e1r\u00e1s, az ember nem izzad, \u00e9s sokkal t\u00f6bbet tud teljes\u00edteni egy nap alatt, mint a ny\u00e1ri h\u0151s\u00e9gben. Sz\u00e1molnod kell viszont azzal, hogy <strong>t\u00e9len az \u00e9jszak\u00e1k t\u00e9nyleg hidegek, \u00e9s a h\u0151m\u00e9rs\u00e9klet eg\u00e9szen 5 \u00b0C-ig esik<\/strong>, \u00fagyhogy mindenk\u00e9pp pakolj be a b\u0151r\u00f6ndbe melegebb ruh\u00e1t is. Egy meleg dzseki \u00e9s a r\u00e9tegezett \u00f6lt\u00f6zk\u00f6d\u00e9s k\u00fcl\u00f6n\u00f6sen a reggeli reggelizni indul\u00e1sokn\u00e1l ment meg.<\/p>\n\n\n\n<p class=\"wp-block-paragraph\">Ha csak egy hossz\u00fa h\u00e9tv\u00e9g\u00e9t tervezel Marr\u00e1kesben t\u00f6lteni, mag\u00e1ra a v\u00e1rosra sz\u00e1nj <strong>ide\u00e1lis esetben k\u00e9t-h\u00e1rom teljes napot<\/strong>, ami b\u0151ven el\u00e9g lesz az \u00f6sszes f\u0151 l\u00e1tnival\u00f3ra \u00e9s a hangulat magadba sz\u00edv\u00e1s\u00e1ra. Ha viszont a k\u00f6rny\u00e9kre is szeretn\u00e9l kir\u00e1ndulni, p\u00e9ld\u00e1ul az Atlasz-hegys\u00e9gbe, az Ouzoud-v\u00edzes\u00e9shez vagy a tengerpartra, <strong>mindenk\u00e9pp ny\u00fajtsd meg a tart\u00f3zkod\u00e1st \u00f6t-h\u00e9t napra<\/strong>. Marokk\u00f3 hatalmas, kontrasztokkal teli orsz\u00e1g, \u00e9s ha mindenre el\u00e9g id\u0151d van, sok felesleges stresszt megsp\u00f3rolsz magadnak.<\/p>\n\n\n\n<figure data-wp-context=\"{&quot;imageId&quot;:&quot;6a952ff681ca1&quot;}\" data-wp-interactive=\"core\/image\" data-wp-key=\"6a952ff681ca1\" class=\"wp-block-image size-full wp-lightbox-container\"><img decoding=\"async\" width=\"1800\" height=\"1197\" data-wp-class--hide=\"state.isContentHidden\" data-wp-class--show=\"state.isContentVisible\" data-wp-init=\"callbacks.setButtonStyles\" data-wp-on--click=\"actions.showLightbox\" data-wp-on--load=\"callbacks.setButtonStyles\" data-wp-on--pointerdown=\"actions.preloadImage\" data-wp-on--pointerenter=\"actions.preloadImageWithDelay\" data-wp-on--pointerleave=\"actions.cancelPreload\" data-wp-on-window--resize=\"callbacks.setButtonStyles\" src=\"https:\/\/loudavymkrokem.cz\/wp-content\/uploads\/2026\/08\/maroko-clanky-co-videt-v-marrakesi-03.jpg\" alt=\"Egy riad bels\u0151 udvara a medin\u00e1ban\" class=\"wp-image-395764\" title=\"\" srcset=\"https:\/\/loudavymkrokem.cz\/wp-content\/uploads\/2026\/08\/maroko-clanky-co-videt-v-marrakesi-03.jpg 1800w, https:\/\/loudavymkrokem.cz\/wp-content\/uploads\/2026\/08\/maroko-clanky-co-videt-v-marrakesi-03-300x200.jpg 300w, https:\/\/loudavymkrokem.cz\/wp-content\/uploads\/2026\/08\/maroko-clanky-co-videt-v-marrakesi-03-700x466.jpg 700w, https:\/\/loudavymkrokem.cz\/wp-content\/uploads\/2026\/08\/maroko-clanky-co-videt-v-marrakesi-03-768x511.jpg 768w, https:\/\/loudavymkrokem.cz\/wp-content\/uploads\/2026\/08\/maroko-clanky-co-videt-v-marrakesi-03-1536x1021.jpg 1536w, https:\/\/loudavymkrokem.cz\/wp-content\/uploads\/2026\/08\/maroko-clanky-co-videt-v-marrakesi-03-696x463.jpg 696w, https:\/\/loudavymkrokem.cz\/wp-content\/uploads\/2026\/08\/maroko-clanky-co-videt-v-marrakesi-03-1392x926.jpg 1392w\" sizes=\"(max-width: 1800px) 100vw, 1800px\" \/><button\n\t\t\tclass=\"lightbox-trigger\"\n\t\t\ttype=\"button\"\n\t\t\taria-haspopup=\"dialog\"\n\t\t\tdata-wp-bind--aria-label=\"state.thisImage.triggerButtonAriaLabel\"\n\t\t\tdata-wp-init=\"callbacks.initTriggerButton\"\n\t\t\tdata-wp-on--click=\"actions.showLightbox\"\n\t\t\tdata-wp-style--right=\"state.thisImage.buttonRight\"\n\t\t\tdata-wp-style--top=\"state.thisImage.buttonTop\"\n\t\t>\n\t\t\t<svg xmlns=\"http:\/\/www.w3.org\/2000\/svg\" width=\"12\" height=\"12\" fill=\"none\" viewBox=\"0 0 12 12\">\n\t\t\t\t<path fill=\"#fff\" d=\"M2 0a2 2 0 0 0-2 2v2h1.5V2a.5.5 0 0 1 .5-.5h2V0H2Zm2 10.5H2a.5.5 0 0 1-.5-.5V8H0v2a2 2 0 0 0 2 2h2v-1.5ZM8 12v-1.5h2a.5.5 0 0 0 .5-.5V8H12v2a2 2 0 0 1-2 2H8Zm2-12a2 2 0 0 1 2 2v2h-1.5V2a.5.5 0 0 0-.5-.5H8V0h2Z\" \/>\n\t\t\t<\/svg>\n\t\t<\/button><figcaption class=\"wp-element-caption\">Foto: Moussa Idrissi \/ Pexels<\/figcaption><\/figure>\n\n\n\n<h2 class=\"wp-block-heading\"><span class=\"ez-toc-section\" id=\"Hol_erdemes_megszallni_Marrakesben\"><\/span>Hol \u00e9rdemes megsz\u00e1llni Marr\u00e1kesben<span class=\"ez-toc-section-end\"><\/span><\/h2>\n\n\n\n<p class=\"wp-block-paragraph\">\ud83d\udca1 <strong>Tipp:<\/strong> A marr\u00e1kesi sz\u00e1ll\u00e1sk\u00edn\u00e1latot egy helyen \u00f6sszehasonl\u00edthatod \u2014 <a href=\"https:\/\/www.stay22.com\/allez\/roam?aid=lukaskonecny&#038;campaign=loudavymkrokemcz&#038;campaign=co-videt-v-marrakesi&#038;address=Marr%C3%A1ke%C5%A1%2C%20Maroko\" target=\"_blank\" rel=\"noopener nofollow sponsored\">n\u00e9zd meg az el\u00e9rhet\u0151s\u00e9get \u00e9s az \u00e1rakat Marr\u00e1kesben<\/a>. \u00c9rdemes el\u0151re foglalni, a legjobb \u00e1r-fekv\u00e9s ar\u00e1ny\u00fa helyek fogynak el els\u0151k\u00e9nt.<\/p>\n\n\n<p class=\"wp-block-paragraph\"><em>\ud83d\udca1 Tipp sz\u00e1ll\u00e1sra \u00e9s \u00e9lm\u00e9nyekre: A sz\u00e1ll\u00e1st legsz\u00edvesebben a <a class=\"thirstylink\" rel=\"nofollow\" target=\"_blank\" title=\"Booking.com\" href=\"https:\/\/loudavymkrokem.cz\/doporucujeme\/booking-com\/\" data-shortcode=\"true\">Booking.com<\/a> oldalon keress\u00fck, ahol \u00e1ltal\u00e1ban a <strong>legjobbak a lemond\u00e1si felt\u00e9telek<\/strong>. A <strong>bel\u00e9p\u0151jegyeket, kir\u00e1ndul\u00e1sokat \u00e9s programokat<\/strong> pedig \u00e9rdemes a <a class=\"thirstylink\" rel=\"nofollow\" target=\"_blank\" title=\"GetYourGuide\" href=\"https:\/\/loudavymkrokem.cz\/doporucujeme\/getyourguide\/\" data-shortcode=\"true\">GetYourGuide<\/a> oldalon \u00f6sszehasonl\u00edtani \u00e9s megv\u00e1s\u00e1rolni.<\/em><\/p>\n\n\n\n<p class=\"wp-block-paragraph\">A marr\u00e1kesi sz\u00e1ll\u00e1s kiv\u00e1laszt\u00e1sakor els\u0151sorban h\u00e1rom f\u0151 v\u00e1rosr\u00e9sz k\u00f6z\u00f6tt d\u00f6ntesz majd, \u00e9s mindegyik\u00fck teljesen m\u00e1s \u00e9lm\u00e9nyt k\u00edn\u00e1l. <strong>A legautentikusabb v\u00e1laszt\u00e1s a sz\u00e1ll\u00e1s mag\u00e1ban a medin\u00e1ban (\u00f3v\u00e1rosban)<\/strong>, ahol a l\u00e1tnival\u00f3k nagy r\u00e9sze, a hagyom\u00e1nyos piacok \u00e9s a Dzsemaa el-Fna t\u00e9r is tal\u00e1lhat\u00f3. Az \u00e9let itt a rejtett riadok gy\u00f6ny\u00f6r\u0171 tet\u0151teraszain zajlik, amelyek bels\u0151 udvaros hagyom\u00e1nyos marokk\u00f3i h\u00e1zak. Ezek a h\u00e1zak hihetetlen nyugalmi o\u00e1zist k\u00edn\u00e1lnak a v\u00e1rosi k\u00e1osz k\u00f6zep\u00e9n, \u00e9s igazi marokk\u00f3i \u00e9lm\u00e9nyt ny\u00fajtanak, amire m\u00e9g sok\u00e1ig eml\u00e9kezni fogsz.<\/p>\n\n\n\n<p class=\"wp-block-paragraph\">Ha viszont hozz\u00e1nk hasonl\u00f3an mindj\u00e1rt a rep\u00fcl\u0151t\u00e9ren aut\u00f3t tervezel b\u00e9relni, <strong>nyomat\u00e9kosan javasoljuk, hogy a medina k\u00f6zpontj\u00e1n k\u00edv\u00fcl sz\u00e1llj meg<\/strong>. Mi sokat k\u00fczd\u00f6tt\u00fcnk a vezet\u00e9ssel a sz\u0171k, kaotikus utc\u00e1kon. A sof\u0151r\u00f6knek sokkal jobb v\u00e1laszt\u00e1s a <strong>modern Gu\u00e9liz negyed<\/strong>, amelyet a franci\u00e1k \u00e9p\u00edtettek, sz\u00e9les utc\u00e1kat, gondtalan parkol\u00e1st k\u00edn\u00e1l, \u00e9s modern k\u00e1v\u00e9z\u00f3kat is tal\u00e1lsz itt. A harmadik lehet\u0151s\u00e9g pedig a <strong>luxus Hivernage negyed<\/strong>, ahol a legjobb resortok, eleg\u00e1ns \u00e9ttermek tal\u00e1lhat\u00f3k, \u00e9s nappal teljes nyugalom uralkodik.<\/p>\n\n\n\n<p class=\"wp-block-paragraph\">B\u00e1rmelyik negyed mellett is d\u00f6ntesz, <strong>legal\u00e1bb p\u00e1r \u00e9jszak\u00e1ra mindenk\u00e9pp foglalj egy hagyom\u00e1nyos riadot<\/strong>, mert ez egyszer\u0171en hozz\u00e1tartozik egy marokk\u00f3i l\u00e1togat\u00e1shoz. Egy sz\u00e9p, k\u00f6z\u00e9pkateg\u00f3ri\u00e1s riad \u00e1ra \u00e1ltal\u00e1ban <strong>80 \u00e9s 220 eur\u00f3 k\u00f6z\u00f6tt<\/strong> mozog \u00e9jszak\u00e1nk\u00e9nt, m\u00edg a legluxusabb palot\u00e1k \u00e1ra ak\u00e1r t\u00f6bb sz\u00e1z eur\u00f3ra is felk\u00faszik. Ha olcs\u00f3bb v\u00e1ltozatot keresel a medin\u00e1ban, nagyon n\u00e9pszer\u0171 p\u00e9ld\u00e1ul a szer\u00e9nyebb Riad Sijane. \u00cdme tov\u00e1bbi konkr\u00e9t sz\u00e1ll\u00e1stippek kiv\u00e1l\u00f3 \u00e9rt\u00e9kel\u00e9sekkel:<\/p>\n\n\n\n<ul class=\"wp-block-list\">\n<li>  <strong>Riad BE Marrakech:<\/strong> Gy\u00f6ny\u00f6r\u0171en fel\u00faj\u00edtott riad a medina d\u00e9li r\u00e9sz\u00e9n, amely h\u00edres a l\u00e9legzetel\u00e1ll\u00edt\u00f3 bels\u0151 kis medenc\u00e9j\u00e9r\u0151l \u00e9s d\u00edsz\u00edt\u00e9s\u00e9r\u0151l (\u00e1ra 120\u2013220 eur\u00f3 k\u00f6r\u00fcl).<\/li>\n\n\n\n<li>  <strong>Riad Yasmine:<\/strong> A v\u00e1ros egyik legfotog\u00e9nebb riadja, mind\u00f6ssze 10 szob\u00e1val, gy\u00f6ny\u00f6r\u0171 z\u00f6ld medenc\u00e9vel \u00e9s narancsf\u00e1val, valamint rendk\u00edv\u00fcl szem\u00e9lyes hozz\u00e1\u00e1ll\u00e1ssal (\u00e1ra 80\u2013150 eur\u00f3 k\u00f6r\u00fcl).<\/li>\n\n\n\n<li>  <strong>Riad Dar El Bahja &amp; Spa:<\/strong> Hagyom\u00e1nyos sz\u00e1ll\u00e1s, amely nagyon kellemes k\u00f6rnyezetet k\u00edn\u00e1l a f\u0151bb esem\u00e9nyek k\u00f6zel\u00e9ben, kiv\u00e1l\u00f3 \u00e1r-\u00e9rt\u00e9k ar\u00e1nnyal.<\/li>\n\n\n\n<li>  <strong>El Fenn:<\/strong> Ha abszol\u00fat luxust keresel, ez az \u00f6sszekapcsolt riadokb\u00f3l \u00e1ll\u00f3 komplexum t\u00f6bb medenc\u00e9t, tet\u0151teraszokat \u00e9s csod\u00e1latos m\u0171gy\u0171jtem\u00e9nyeket k\u00edn\u00e1l (\u00e1ra 400 eur\u00f3t\u00f3l felfel\u00e9).<\/li>\n<\/ul>\n\n\n\n<figure data-wp-context=\"{&quot;imageId&quot;:&quot;6a952ff682688&quot;}\" data-wp-interactive=\"core\/image\" data-wp-key=\"6a952ff682688\" class=\"wp-block-image size-full wp-lightbox-container\"><img decoding=\"async\" width=\"1800\" height=\"1200\" data-wp-class--hide=\"state.isContentHidden\" data-wp-class--show=\"state.isContentVisible\" data-wp-init=\"callbacks.setButtonStyles\" data-wp-on--click=\"actions.showLightbox\" data-wp-on--load=\"callbacks.setButtonStyles\" data-wp-on--pointerdown=\"actions.preloadImage\" data-wp-on--pointerenter=\"actions.preloadImageWithDelay\" data-wp-on--pointerleave=\"actions.cancelPreload\" data-wp-on-window--resize=\"callbacks.setButtonStyles\" src=\"https:\/\/loudavymkrokem.cz\/wp-content\/uploads\/2026\/08\/maroko-clanky-co-videt-v-marrakesi-04.jpg\" alt=\"Kil\u00e1t\u00e1s a marr\u00e1kesi medin\u00e1ra\" class=\"wp-image-395770\" title=\"\" srcset=\"https:\/\/loudavymkrokem.cz\/wp-content\/uploads\/2026\/08\/maroko-clanky-co-videt-v-marrakesi-04.jpg 1800w, https:\/\/loudavymkrokem.cz\/wp-content\/uploads\/2026\/08\/maroko-clanky-co-videt-v-marrakesi-04-300x200.jpg 300w, https:\/\/loudavymkrokem.cz\/wp-content\/uploads\/2026\/08\/maroko-clanky-co-videt-v-marrakesi-04-700x467.jpg 700w, https:\/\/loudavymkrokem.cz\/wp-content\/uploads\/2026\/08\/maroko-clanky-co-videt-v-marrakesi-04-768x512.jpg 768w, https:\/\/loudavymkrokem.cz\/wp-content\/uploads\/2026\/08\/maroko-clanky-co-videt-v-marrakesi-04-1536x1024.jpg 1536w, https:\/\/loudavymkrokem.cz\/wp-content\/uploads\/2026\/08\/maroko-clanky-co-videt-v-marrakesi-04-696x464.jpg 696w, https:\/\/loudavymkrokem.cz\/wp-content\/uploads\/2026\/08\/maroko-clanky-co-videt-v-marrakesi-04-1392x928.jpg 1392w\" sizes=\"(max-width: 1800px) 100vw, 1800px\" \/><button\n\t\t\tclass=\"lightbox-trigger\"\n\t\t\ttype=\"button\"\n\t\t\taria-haspopup=\"dialog\"\n\t\t\tdata-wp-bind--aria-label=\"state.thisImage.triggerButtonAriaLabel\"\n\t\t\tdata-wp-init=\"callbacks.initTriggerButton\"\n\t\t\tdata-wp-on--click=\"actions.showLightbox\"\n\t\t\tdata-wp-style--right=\"state.thisImage.buttonRight\"\n\t\t\tdata-wp-style--top=\"state.thisImage.buttonTop\"\n\t\t>\n\t\t\t<svg xmlns=\"http:\/\/www.w3.org\/2000\/svg\" width=\"12\" height=\"12\" fill=\"none\" viewBox=\"0 0 12 12\">\n\t\t\t\t<path fill=\"#fff\" d=\"M2 0a2 2 0 0 0-2 2v2h1.5V2a.5.5 0 0 1 .5-.5h2V0H2Zm2 10.5H2a.5.5 0 0 1-.5-.5V8H0v2a2 2 0 0 0 2 2h2v-1.5ZM8 12v-1.5h2a.5.5 0 0 0 .5-.5V8H12v2a2 2 0 0 1-2 2H8Zm2-12a2 2 0 0 1 2 2v2h-1.5V2a.5.5 0 0 0-.5-.5H8V0h2Z\" \/>\n\t\t\t<\/svg>\n\t\t<\/button><figcaption class=\"wp-element-caption\">Foto: IslandHopper X \/ Pexels<\/figcaption><\/figure>\n\n\n\n<p class=\"wp-block-paragraph\">A negyedek \u00e9s a konkr\u00e9t riadok r\u00e9szletes \u00e1ttekint\u00e9s\u00e9t a k\u00fcl\u00f6n cikkben tal\u00e1lod: <a href=\"https:\/\/loudavymkrokem.cz\/kde-bydlet-v-marrakesi\/\">Hol lakj Marr\u00e1kesben<\/a>, ahol 14 tipp szerepel a hosztelt\u0151l a luxuspalot\u00e1ig, t\u00e1j\u00e9koztat\u00f3 \u00e1rakkal egy\u00fctt.<\/p>\n\n\n<h2 class=\"wp-block-heading\"><span class=\"ez-toc-section\" id=\"25_tipp_mit_erdemes_megnezni_es_csinalni_Marrakesben\"><\/span>25 tipp, mit \u00e9rdemes megn\u00e9zni \u00e9s csin\u00e1lni Marr\u00e1kesben<span class=\"ez-toc-section-end\"><\/span><\/h2>\n\n\n\n<p class=\"wp-block-paragraph\">Marr\u00e1kes a hatalmas kontrasztok v\u00e1rosa, ahol a m\u00e9ly t\u00f6rt\u00e9nelem keveredik a ny\u00fczsg\u0151 modern \u00e9lettel. N\u00e9zz\u00fck meg a <strong>25 konkr\u00e9t tippet \u00e9s helyet, amit a l\u00e1togat\u00e1sod sor\u00e1n semmik\u00e9pp se hagyj ki<\/strong>, \u00e9s adunk r\u00e9szletes tan\u00e1csokat is, hogyan ker\u00fcld el a felesleges kellemetlens\u00e9geket.<\/p>\n\n\n\n<figure data-wp-context=\"{&quot;imageId&quot;:&quot;6a952ff682d1b&quot;}\" data-wp-interactive=\"core\/image\" data-wp-key=\"6a952ff682d1b\" class=\"wp-block-image size-full wp-lightbox-container\"><img decoding=\"async\" width=\"1800\" height=\"1195\" data-wp-class--hide=\"state.isContentHidden\" data-wp-class--show=\"state.isContentVisible\" data-wp-init=\"callbacks.setButtonStyles\" data-wp-on--click=\"actions.showLightbox\" data-wp-on--load=\"callbacks.setButtonStyles\" data-wp-on--pointerdown=\"actions.preloadImage\" data-wp-on--pointerenter=\"actions.preloadImageWithDelay\" data-wp-on--pointerleave=\"actions.cancelPreload\" data-wp-on-window--resize=\"callbacks.setButtonStyles\" src=\"https:\/\/loudavymkrokem.cz\/wp-content\/uploads\/2026\/08\/maroko-clanky-co-videt-v-marrakesi-05.jpg\" alt=\"A Dzsemaa el-Fna t\u00e9r nappal\" class=\"wp-image-395774\" title=\"\" srcset=\"https:\/\/loudavymkrokem.cz\/wp-content\/uploads\/2026\/08\/maroko-clanky-co-videt-v-marrakesi-05.jpg 1800w, https:\/\/loudavymkrokem.cz\/wp-content\/uploads\/2026\/08\/maroko-clanky-co-videt-v-marrakesi-05-300x199.jpg 300w, https:\/\/loudavymkrokem.cz\/wp-content\/uploads\/2026\/08\/maroko-clanky-co-videt-v-marrakesi-05-700x465.jpg 700w, https:\/\/loudavymkrokem.cz\/wp-content\/uploads\/2026\/08\/maroko-clanky-co-videt-v-marrakesi-05-768x510.jpg 768w, https:\/\/loudavymkrokem.cz\/wp-content\/uploads\/2026\/08\/maroko-clanky-co-videt-v-marrakesi-05-1536x1020.jpg 1536w, https:\/\/loudavymkrokem.cz\/wp-content\/uploads\/2026\/08\/maroko-clanky-co-videt-v-marrakesi-05-696x462.jpg 696w, https:\/\/loudavymkrokem.cz\/wp-content\/uploads\/2026\/08\/maroko-clanky-co-videt-v-marrakesi-05-1392x924.jpg 1392w\" sizes=\"(max-width: 1800px) 100vw, 1800px\" \/><button\n\t\t\tclass=\"lightbox-trigger\"\n\t\t\ttype=\"button\"\n\t\t\taria-haspopup=\"dialog\"\n\t\t\tdata-wp-bind--aria-label=\"state.thisImage.triggerButtonAriaLabel\"\n\t\t\tdata-wp-init=\"callbacks.initTriggerButton\"\n\t\t\tdata-wp-on--click=\"actions.showLightbox\"\n\t\t\tdata-wp-style--right=\"state.thisImage.buttonRight\"\n\t\t\tdata-wp-style--top=\"state.thisImage.buttonTop\"\n\t\t>\n\t\t\t<svg xmlns=\"http:\/\/www.w3.org\/2000\/svg\" width=\"12\" height=\"12\" fill=\"none\" viewBox=\"0 0 12 12\">\n\t\t\t\t<path fill=\"#fff\" d=\"M2 0a2 2 0 0 0-2 2v2h1.5V2a.5.5 0 0 1 .5-.5h2V0H2Zm2 10.5H2a.5.5 0 0 1-.5-.5V8H0v2a2 2 0 0 0 2 2h2v-1.5ZM8 12v-1.5h2a.5.5 0 0 0 .5-.5V8H12v2a2 2 0 0 1-2 2H8Zm2-12a2 2 0 0 1 2 2v2h-1.5V2a.5.5 0 0 0-.5-.5H8V0h2Z\" \/>\n\t\t\t<\/svg>\n\t\t<\/button><figcaption class=\"wp-element-caption\">Foto: Jorge L\u00e1scar from Australia \/ Wikimedia Commons, CC BY 2.0<\/figcaption><\/figure>\n\n\n\n<h3 class=\"wp-block-heading\"><span class=\"ez-toc-section\" id=\"1_A_Dzsemaa_el-Fna_ter_nappal\"><\/span>1. A Dzsemaa el-Fna t\u00e9r nappal<span class=\"ez-toc-section-end\"><\/span><\/h3>\n\n\n\n<p class=\"wp-block-paragraph\">Eg\u00e9sz Marr\u00e1kes sz\u00edve a hatalmas Dzsemaa el-Fna t\u00e9r, amely az eg\u00e9sz medina f\u0151 t\u00e1j\u00e9koz\u00f3d\u00e1si pontjak\u00e9nt m\u0171k\u00f6dik. <strong>Nappal hihetetlen ny\u00fczsg\u00e9s uralkodik itt<\/strong>, t\u00f6bb tucat standot tal\u00e1lsz frissen facsart narancsl\u00e9vel n\u00e9h\u00e1ny dirham\u00e9rt, f\u0171szer\u00e1rusokat, di\u00f3- \u00e9s hagyom\u00e1nyos marokk\u00f3i \u00e9dess\u00e9g\u00e1rusokat. Ez egy olyan hely, ahol folyamatosan t\u00f6rt\u00e9nik valami, \u00e9s ahov\u00e1 el\u0151bb-ut\u00f3bb minden v\u00e1rosl\u00e1togat\u00f3 elt\u00e9ved, t\u00e9rk\u00e9ppel vagy an\u00e9lk\u00fcl.<\/p>\n\n\n\n<p class=\"wp-block-paragraph\">A t\u00e9r egy\u00e9bk\u00e9nt az UNESCO list\u00e1j\u00e1n is szerepel, \u00e9s nappal <strong>a legk\u00fcl\u00f6nf\u00e9l\u00e9bb m\u0171v\u00e9szek, zen\u00e9szek \u00e9s mulattat\u00f3k f\u0151 gy\u00fclekez\u0151helyek\u00e9nt<\/strong> is szolg\u00e1l. Az itteni s\u00e9ta igazi t\u00e1mad\u00e1s az \u00f6sszes \u00e9rz\u00e9kszervedre, mert minden oldalr\u00f3l kiab\u00e1l valaki, \u00e9s pr\u00f3b\u00e1lja felkelteni a figyelmed. \ud83d\udca1 Tipp: Ink\u00e1bb t\u00e1volr\u00f3l figyeld az esem\u00e9nyeket. \u00dclj be az egyik sz\u00e1mos tet\u0151teraszos k\u00e1v\u00e9z\u00f3ba (nagyon n\u00e9pszer\u0171 p\u00e9ld\u00e1ul a Caf\u00e9 de France), ahonnan t\u00f6k\u00e9letes kil\u00e1t\u00e1sod ny\u00edlik az eg\u00e9sz szervezett k\u00e1oszra, \u00e9s senki nem sz\u00f3l\u00edt le folyamatosan.<\/p>\n\n\n\n<figure data-wp-context=\"{&quot;imageId&quot;:&quot;6a952ff68346f&quot;}\" data-wp-interactive=\"core\/image\" data-wp-key=\"6a952ff68346f\" class=\"wp-block-image size-full wp-lightbox-container\"><img decoding=\"async\" width=\"1800\" height=\"1200\" data-wp-class--hide=\"state.isContentHidden\" data-wp-class--show=\"state.isContentVisible\" data-wp-init=\"callbacks.setButtonStyles\" data-wp-on--click=\"actions.showLightbox\" data-wp-on--load=\"callbacks.setButtonStyles\" data-wp-on--pointerdown=\"actions.preloadImage\" data-wp-on--pointerenter=\"actions.preloadImageWithDelay\" data-wp-on--pointerleave=\"actions.cancelPreload\" data-wp-on-window--resize=\"callbacks.setButtonStyles\" src=\"https:\/\/loudavymkrokem.cz\/wp-content\/uploads\/2026\/08\/maroko-clanky-co-videt-v-marrakesi-06.jpg\" alt=\"Az esti Dzsemaa el-Fna az \u00e9telstandokkal\" class=\"wp-image-395778\" title=\"\" srcset=\"https:\/\/loudavymkrokem.cz\/wp-content\/uploads\/2026\/08\/maroko-clanky-co-videt-v-marrakesi-06.jpg 1800w, https:\/\/loudavymkrokem.cz\/wp-content\/uploads\/2026\/08\/maroko-clanky-co-videt-v-marrakesi-06-300x200.jpg 300w, https:\/\/loudavymkrokem.cz\/wp-content\/uploads\/2026\/08\/maroko-clanky-co-videt-v-marrakesi-06-700x467.jpg 700w, https:\/\/loudavymkrokem.cz\/wp-content\/uploads\/2026\/08\/maroko-clanky-co-videt-v-marrakesi-06-768x512.jpg 768w, https:\/\/loudavymkrokem.cz\/wp-content\/uploads\/2026\/08\/maroko-clanky-co-videt-v-marrakesi-06-1536x1024.jpg 1536w, https:\/\/loudavymkrokem.cz\/wp-content\/uploads\/2026\/08\/maroko-clanky-co-videt-v-marrakesi-06-696x464.jpg 696w, https:\/\/loudavymkrokem.cz\/wp-content\/uploads\/2026\/08\/maroko-clanky-co-videt-v-marrakesi-06-1392x928.jpg 1392w\" sizes=\"(max-width: 1800px) 100vw, 1800px\" \/><button\n\t\t\tclass=\"lightbox-trigger\"\n\t\t\ttype=\"button\"\n\t\t\taria-haspopup=\"dialog\"\n\t\t\tdata-wp-bind--aria-label=\"state.thisImage.triggerButtonAriaLabel\"\n\t\t\tdata-wp-init=\"callbacks.initTriggerButton\"\n\t\t\tdata-wp-on--click=\"actions.showLightbox\"\n\t\t\tdata-wp-style--right=\"state.thisImage.buttonRight\"\n\t\t\tdata-wp-style--top=\"state.thisImage.buttonTop\"\n\t\t>\n\t\t\t<svg xmlns=\"http:\/\/www.w3.org\/2000\/svg\" width=\"12\" height=\"12\" fill=\"none\" viewBox=\"0 0 12 12\">\n\t\t\t\t<path fill=\"#fff\" d=\"M2 0a2 2 0 0 0-2 2v2h1.5V2a.5.5 0 0 1 .5-.5h2V0H2Zm2 10.5H2a.5.5 0 0 1-.5-.5V8H0v2a2 2 0 0 0 2 2h2v-1.5ZM8 12v-1.5h2a.5.5 0 0 0 .5-.5V8H12v2a2 2 0 0 1-2 2H8Zm2-12a2 2 0 0 1 2 2v2h-1.5V2a.5.5 0 0 0-.5-.5H8V0h2Z\" \/>\n\t\t\t<\/svg>\n\t\t<\/button><figcaption class=\"wp-element-caption\">Foto: Andrzej Kosi\u0144ski \/ Wikimedia Commons, CC BY-SA 3.0<\/figcaption><\/figure>\n\n\n\n<h3 class=\"wp-block-heading\"><span class=\"ez-toc-section\" id=\"2_A_Dzsemaa_el-Fna_esti_atalakulasa\"><\/span>2. A Dzsemaa el-Fna esti \u00e1talakul\u00e1sa<span class=\"ez-toc-section-end\"><\/span><\/h3>\n\n\n\n<p class=\"wp-block-paragraph\">Amint lenyugszik a nap, a Dzsemaa el-Fna t\u00e9r teljesen hihetetlen \u00e1talakul\u00e1son megy kereszt\u00fcl, amit egyszer\u0171en a saj\u00e1t szemeddel kell l\u00e1tnod. <strong>Az eg\u00e9sz teret el\u00e1rasztj\u00e1k a hatalmas mozg\u00f3 \u00e9telstandok tucatjai<\/strong>, amelyek f\u00f6l\u00f6tt s\u0171r\u0171 f\u00fcst sz\u00e1ll fel a felizz\u00edtott grillekr\u0151l, \u00e9s a t\u00e9r egy pillanat alatt a legnagyobb szabadt\u00e9ri \u00e9tteremm\u00e9 alakul. Mindenhol hagyom\u00e1nyos zene sz\u00f3l, dobosok dikt\u00e1lj\u00e1k a ritmust, \u00e9s az eg\u00e9sz hangulat egyszer\u0171en var\u00e1zslatos \u00e9s rendk\u00edv\u00fcl mag\u00e1val ragad\u00f3.<\/p>\n\n\n\n<p class=\"wp-block-paragraph\">Ha vacsor\u00e1zni j\u00f6ssz ide, <strong>legy\u00e9l nagyon \u00f3vatos a t\u00e9ren l\u00e9v\u0151 helyi \u00e9ttermekn\u00e9l<\/strong>, mert a csalogat\u00f3k hihetetlen\u00fcl meggy\u0151z\u0151ek tudnak lenni. Alig \u00fclsz le, a pinc\u00e9rek automatikusan hoznak neked kenyeret, ol\u00edvabogy\u00f3t \u00e9s k\u00fcl\u00f6nf\u00e9le el\u0151\u00e9teleket kis t\u00e1lk\u00e1kban. Ne feledd viszont, hogy <strong>ezek az el\u0151\u00e9telek egy\u00e1ltal\u00e1n nem ingyenesek<\/strong>, \u00e9s a v\u00e9g\u00e9n t\u00e9vedhetetlen\u00fcl megjelennek a sz\u00e1ml\u00e1don. A legjobb v\u00e9dekez\u00e9s, ha azonnal elviteted mindent, amit nem te rendelt\u00e9l, \u00e9s mindig el\u0151re nagyon egy\u00e9rtelm\u0171en megk\u00e9rdezed b\u00e1rmelyik \u00e9tel \u00e1r\u00e1t.<\/p>\n\n\n\n<figure data-wp-context=\"{&quot;imageId&quot;:&quot;6a952ff683bad&quot;}\" data-wp-interactive=\"core\/image\" data-wp-key=\"6a952ff683bad\" class=\"wp-block-image size-full wp-lightbox-container\"><img decoding=\"async\" width=\"1800\" height=\"1195\" data-wp-class--hide=\"state.isContentHidden\" data-wp-class--show=\"state.isContentVisible\" data-wp-init=\"callbacks.setButtonStyles\" data-wp-on--click=\"actions.showLightbox\" data-wp-on--load=\"callbacks.setButtonStyles\" data-wp-on--pointerdown=\"actions.preloadImage\" data-wp-on--pointerenter=\"actions.preloadImageWithDelay\" data-wp-on--pointerleave=\"actions.cancelPreload\" data-wp-on-window--resize=\"callbacks.setButtonStyles\" src=\"https:\/\/loudavymkrokem.cz\/wp-content\/uploads\/2026\/08\/maroko-clanky-co-videt-v-marrakesi-07.jpg\" alt=\"A k\u00e9k villa a Majorelle-kertben\" class=\"wp-image-395780\" title=\"\" srcset=\"https:\/\/loudavymkrokem.cz\/wp-content\/uploads\/2026\/08\/maroko-clanky-co-videt-v-marrakesi-07.jpg 1800w, https:\/\/loudavymkrokem.cz\/wp-content\/uploads\/2026\/08\/maroko-clanky-co-videt-v-marrakesi-07-300x199.jpg 300w, https:\/\/loudavymkrokem.cz\/wp-content\/uploads\/2026\/08\/maroko-clanky-co-videt-v-marrakesi-07-700x465.jpg 700w, https:\/\/loudavymkrokem.cz\/wp-content\/uploads\/2026\/08\/maroko-clanky-co-videt-v-marrakesi-07-768x510.jpg 768w, https:\/\/loudavymkrokem.cz\/wp-content\/uploads\/2026\/08\/maroko-clanky-co-videt-v-marrakesi-07-1536x1020.jpg 1536w, https:\/\/loudavymkrokem.cz\/wp-content\/uploads\/2026\/08\/maroko-clanky-co-videt-v-marrakesi-07-696x462.jpg 696w, https:\/\/loudavymkrokem.cz\/wp-content\/uploads\/2026\/08\/maroko-clanky-co-videt-v-marrakesi-07-1392x924.jpg 1392w\" sizes=\"(max-width: 1800px) 100vw, 1800px\" \/><button\n\t\t\tclass=\"lightbox-trigger\"\n\t\t\ttype=\"button\"\n\t\t\taria-haspopup=\"dialog\"\n\t\t\tdata-wp-bind--aria-label=\"state.thisImage.triggerButtonAriaLabel\"\n\t\t\tdata-wp-init=\"callbacks.initTriggerButton\"\n\t\t\tdata-wp-on--click=\"actions.showLightbox\"\n\t\t\tdata-wp-style--right=\"state.thisImage.buttonRight\"\n\t\t\tdata-wp-style--top=\"state.thisImage.buttonTop\"\n\t\t>\n\t\t\t<svg xmlns=\"http:\/\/www.w3.org\/2000\/svg\" width=\"12\" height=\"12\" fill=\"none\" viewBox=\"0 0 12 12\">\n\t\t\t\t<path fill=\"#fff\" d=\"M2 0a2 2 0 0 0-2 2v2h1.5V2a.5.5 0 0 1 .5-.5h2V0H2Zm2 10.5H2a.5.5 0 0 1-.5-.5V8H0v2a2 2 0 0 0 2 2h2v-1.5ZM8 12v-1.5h2a.5.5 0 0 0 .5-.5V8H12v2a2 2 0 0 1-2 2H8Zm2-12a2 2 0 0 1 2 2v2h-1.5V2a.5.5 0 0 0-.5-.5H8V0h2Z\" \/>\n\t\t\t<\/svg>\n\t\t<\/button><figcaption class=\"wp-element-caption\">Foto: Viault \/ Wikimedia Commons, CC BY-SA 4.0<\/figcaption><\/figure>\n\n\n\n<h3 class=\"wp-block-heading\"><span class=\"ez-toc-section\" id=\"3_A_Majorelle-kert_es_Yves_Saint_Laurent_oroksege\"><\/span>3. A Majorelle-kert \u00e9s Yves Saint Laurent \u00f6r\u00f6ks\u00e9ge<span class=\"ez-toc-section-end\"><\/span><\/h3>\n\n\n\n<p class=\"wp-block-paragraph\">A Majorelle-kert eg\u00e9sz Marr\u00e1kes egyik legszebb \u00e9s legl\u00e1togatottabb l\u00e1tv\u00e1nyoss\u00e1ga, \u00e9s a programodb\u00f3l semmik\u00e9pp se hi\u00e1nyozzon. <strong>Ez a leny\u0171g\u00f6z\u0151 botanikus kert kicsit a f\u0151 k\u00f6zponton k\u00edv\u00fcl fekszik<\/strong> (k\u00f6r\u00fclbel\u00fcl 45 perc gyalogl\u00e1sra a medin\u00e1t\u00f3l), \u00e9s a nyugalom t\u00f6k\u00e9letes o\u00e1zisa. Tele van egzotikus n\u00f6v\u00e9nyekkel, \u00f3ri\u00e1si kaktuszokkal \u00e9s kis tavakkal, amelyeket minden oldalr\u00f3l az ikonikus kobaltk\u00e9k sz\u00edn ural, amelynek a \u201eMajorelle-k\u00e9k&#8221; nevet adt\u00e1k.<\/p>\n\n\n\n<p class=\"wp-block-paragraph\">A kertet eredetileg a francia fest\u0151, Jacques Majorelle hozta l\u00e9tre, de k\u00e9s\u0151bb <strong>a h\u00edres divattervez\u0151, Yves Saint Laurent mentette meg a pusztul\u00e1st\u00f3l<\/strong>, akinek a hamvait a hal\u00e1la ut\u00e1n itt sz\u00f3rt\u00e1k sz\u00e9t. \ud83d\udca1 Tipp: A hely \u00f3ri\u00e1si n\u00e9pszer\u0171s\u00e9ge miatt a jegyeket (amelyek 150 MAD k\u00f6r\u00fcl vannak) v\u00e1s\u00e1rold meg online, kell\u0151 el\u0151rel\u00e1t\u00e1ssal. Ide\u00e1lis esetben mindj\u00e1rt nyit\u00e1skor \u00e9rkezz, k\u00fcl\u00f6nben turistat\u00f6megen kell \u00e1tverg\u0151dn\u00f6d, \u00e9s v\u00e9gtelen sorokban v\u00e1rni minden egyes fot\u00f3ra.<\/p>\n\n\n\n<figure data-wp-context=\"{&quot;imageId&quot;:&quot;6a952ff683ffd&quot;}\" data-wp-interactive=\"core\/image\" data-wp-key=\"6a952ff683ffd\" class=\"wp-block-image size-full wp-lightbox-container\"><img decoding=\"async\" width=\"1800\" height=\"1202\" data-wp-class--hide=\"state.isContentHidden\" data-wp-class--show=\"state.isContentVisible\" data-wp-init=\"callbacks.setButtonStyles\" data-wp-on--click=\"actions.showLightbox\" data-wp-on--load=\"callbacks.setButtonStyles\" data-wp-on--pointerdown=\"actions.preloadImage\" data-wp-on--pointerenter=\"actions.preloadImageWithDelay\" data-wp-on--pointerleave=\"actions.cancelPreload\" data-wp-on-window--resize=\"callbacks.setButtonStyles\" src=\"https:\/\/loudavymkrokem.cz\/wp-content\/uploads\/2026\/08\/maroko-clanky-co-videt-v-marrakesi-08.jpg\" alt=\"A Bahia-palota d\u00edszes udvara\" class=\"wp-image-395782\" title=\"\" srcset=\"https:\/\/loudavymkrokem.cz\/wp-content\/uploads\/2026\/08\/maroko-clanky-co-videt-v-marrakesi-08.jpg 1800w, https:\/\/loudavymkrokem.cz\/wp-content\/uploads\/2026\/08\/maroko-clanky-co-videt-v-marrakesi-08-300x200.jpg 300w, https:\/\/loudavymkrokem.cz\/wp-content\/uploads\/2026\/08\/maroko-clanky-co-videt-v-marrakesi-08-700x467.jpg 700w, https:\/\/loudavymkrokem.cz\/wp-content\/uploads\/2026\/08\/maroko-clanky-co-videt-v-marrakesi-08-768x513.jpg 768w, https:\/\/loudavymkrokem.cz\/wp-content\/uploads\/2026\/08\/maroko-clanky-co-videt-v-marrakesi-08-1536x1026.jpg 1536w, https:\/\/loudavymkrokem.cz\/wp-content\/uploads\/2026\/08\/maroko-clanky-co-videt-v-marrakesi-08-696x465.jpg 696w, https:\/\/loudavymkrokem.cz\/wp-content\/uploads\/2026\/08\/maroko-clanky-co-videt-v-marrakesi-08-1392x930.jpg 1392w\" sizes=\"(max-width: 1800px) 100vw, 1800px\" \/><button\n\t\t\tclass=\"lightbox-trigger\"\n\t\t\ttype=\"button\"\n\t\t\taria-haspopup=\"dialog\"\n\t\t\tdata-wp-bind--aria-label=\"state.thisImage.triggerButtonAriaLabel\"\n\t\t\tdata-wp-init=\"callbacks.initTriggerButton\"\n\t\t\tdata-wp-on--click=\"actions.showLightbox\"\n\t\t\tdata-wp-style--right=\"state.thisImage.buttonRight\"\n\t\t\tdata-wp-style--top=\"state.thisImage.buttonTop\"\n\t\t>\n\t\t\t<svg xmlns=\"http:\/\/www.w3.org\/2000\/svg\" width=\"12\" height=\"12\" fill=\"none\" viewBox=\"0 0 12 12\">\n\t\t\t\t<path fill=\"#fff\" d=\"M2 0a2 2 0 0 0-2 2v2h1.5V2a.5.5 0 0 1 .5-.5h2V0H2Zm2 10.5H2a.5.5 0 0 1-.5-.5V8H0v2a2 2 0 0 0 2 2h2v-1.5ZM8 12v-1.5h2a.5.5 0 0 0 .5-.5V8H12v2a2 2 0 0 1-2 2H8Zm2-12a2 2 0 0 1 2 2v2h-1.5V2a.5.5 0 0 0-.5-.5H8V0h2Z\" \/>\n\t\t\t<\/svg>\n\t\t<\/button><figcaption class=\"wp-element-caption\">Foto: Val Traveler \/ Wikimedia Commons, CC BY-SA 4.0<\/figcaption><\/figure>\n\n\n\n<h3 class=\"wp-block-heading\"><span class=\"ez-toc-section\" id=\"4_A_gyonyoru_Bahia-palota\"><\/span>4. A gy\u00f6ny\u00f6r\u0171 Bahia-palota<span class=\"ez-toc-section-end\"><\/span><\/h3>\n\n\n\n<p class=\"wp-block-paragraph\">A Bahia-palota a tizenkilencedik sz\u00e1zad v\u00e9gi marokk\u00f3i \u00e9p\u00edt\u00e9szet abszol\u00fat mestermunk\u00e1ja, \u00e9s az akkori hihetetlen gazdags\u00e1g megtestes\u00edt\u0151je. <strong>A bel\u00e9p\u0151 feln\u0151tteknek 100 MAD-ba (nagyj\u00e1b\u00f3l 9 eur\u00f3) ker\u00fcl<\/strong>, m\u00edg a h\u00e9t \u00e9v alatti gyerekeknek teljesen ingyenes. Minden nap 8:00 \u00e9s 17:00 k\u00f6z\u00f6tt tart nyitva, \u00e9s ez a hatalmas komplexum a gy\u00f6ny\u00f6r\u0171en d\u00edsz\u00edtett termek tucatjait, \u00f3ri\u00e1si m\u00e1rv\u00e1nysz\u00f6k\u0151kutas udvarokat \u00e9s \u00e1rny\u00e9kos kerteket k\u00edn\u00e1l.<\/p>\n\n\n\n<p class=\"wp-block-paragraph\">A palota neve ford\u00edt\u00e1sban \u201eRagyog\u00f3t&#8221; jelent, \u00e9s \u00e9p\u00edt\u0151inek egyetlen vil\u00e1gos c\u00e9lja volt: megalkotni <strong>koruk legpomp\u00e1sabb palot\u00e1j\u00e1t<\/strong>. A hihetetlen\u00fcl r\u00e9szletgazdagon faragott c\u00e9drusmennyezet\u0171, mozaik zellige padl\u00f3s, \u00fcres termekben s\u00e9t\u00e1lni olyan \u00e9lm\u00e9ny, amit t\u00e9nyleg nem szabad kihagynod. Itt is \u00e9rv\u00e9nyes az aranyszab\u00e1ly, hogy min\u00e9l kor\u00e1bban reggel \u00e9rkezz, miel\u0151tt megj\u00f6nnek a nagy, szervezett turistacsoportok a tengerparti \u00fcd\u00fcl\u0151helyekr\u0151l.<\/p>\n\n\n\n<figure data-wp-context=\"{&quot;imageId&quot;:&quot;6a952ff684483&quot;}\" data-wp-interactive=\"core\/image\" data-wp-key=\"6a952ff684483\" class=\"wp-block-image size-full wp-lightbox-container\"><img decoding=\"async\" width=\"1800\" height=\"1197\" data-wp-class--hide=\"state.isContentHidden\" data-wp-class--show=\"state.isContentVisible\" data-wp-init=\"callbacks.setButtonStyles\" data-wp-on--click=\"actions.showLightbox\" data-wp-on--load=\"callbacks.setButtonStyles\" data-wp-on--pointerdown=\"actions.preloadImage\" data-wp-on--pointerenter=\"actions.preloadImageWithDelay\" data-wp-on--pointerleave=\"actions.cancelPreload\" data-wp-on-window--resize=\"callbacks.setButtonStyles\" src=\"https:\/\/loudavymkrokem.cz\/wp-content\/uploads\/2026\/08\/maroko-clanky-co-videt-v-marrakesi-09.jpg\" alt=\"A Ben Juszuf medresze udvara\" class=\"wp-image-395785\" title=\"\" srcset=\"https:\/\/loudavymkrokem.cz\/wp-content\/uploads\/2026\/08\/maroko-clanky-co-videt-v-marrakesi-09.jpg 1800w, https:\/\/loudavymkrokem.cz\/wp-content\/uploads\/2026\/08\/maroko-clanky-co-videt-v-marrakesi-09-300x200.jpg 300w, https:\/\/loudavymkrokem.cz\/wp-content\/uploads\/2026\/08\/maroko-clanky-co-videt-v-marrakesi-09-700x466.jpg 700w, https:\/\/loudavymkrokem.cz\/wp-content\/uploads\/2026\/08\/maroko-clanky-co-videt-v-marrakesi-09-768x511.jpg 768w, https:\/\/loudavymkrokem.cz\/wp-content\/uploads\/2026\/08\/maroko-clanky-co-videt-v-marrakesi-09-1536x1021.jpg 1536w, https:\/\/loudavymkrokem.cz\/wp-content\/uploads\/2026\/08\/maroko-clanky-co-videt-v-marrakesi-09-696x463.jpg 696w, https:\/\/loudavymkrokem.cz\/wp-content\/uploads\/2026\/08\/maroko-clanky-co-videt-v-marrakesi-09-1392x926.jpg 1392w\" sizes=\"(max-width: 1800px) 100vw, 1800px\" \/><button\n\t\t\tclass=\"lightbox-trigger\"\n\t\t\ttype=\"button\"\n\t\t\taria-haspopup=\"dialog\"\n\t\t\tdata-wp-bind--aria-label=\"state.thisImage.triggerButtonAriaLabel\"\n\t\t\tdata-wp-init=\"callbacks.initTriggerButton\"\n\t\t\tdata-wp-on--click=\"actions.showLightbox\"\n\t\t\tdata-wp-style--right=\"state.thisImage.buttonRight\"\n\t\t\tdata-wp-style--top=\"state.thisImage.buttonTop\"\n\t\t>\n\t\t\t<svg xmlns=\"http:\/\/www.w3.org\/2000\/svg\" width=\"12\" height=\"12\" fill=\"none\" viewBox=\"0 0 12 12\">\n\t\t\t\t<path fill=\"#fff\" d=\"M2 0a2 2 0 0 0-2 2v2h1.5V2a.5.5 0 0 1 .5-.5h2V0H2Zm2 10.5H2a.5.5 0 0 1-.5-.5V8H0v2a2 2 0 0 0 2 2h2v-1.5ZM8 12v-1.5h2a.5.5 0 0 0 .5-.5V8H12v2a2 2 0 0 1-2 2H8Zm2-12a2 2 0 0 1 2 2v2h-1.5V2a.5.5 0 0 0-.5-.5H8V0h2Z\" \/>\n\t\t\t<\/svg>\n\t\t<\/button><figcaption class=\"wp-element-caption\">Foto: DimiTalen \/ Wikimedia Commons, CC0<\/figcaption><\/figure>\n\n\n\n<h3 class=\"wp-block-heading\"><span class=\"ez-toc-section\" id=\"5_A_lenyugozo_Ben_Juszuf_medresze\"><\/span>5. A leny\u0171g\u00f6z\u0151 Ben Juszuf medresze<span class=\"ez-toc-section-end\"><\/span><\/h3>\n\n\n\n<p class=\"wp-block-paragraph\">A Ben Juszuf medresze egykor eg\u00e9sz Marokk\u00f3 legnagyobb iszl\u00e1m egyeteme volt, \u00e9s mind a mai napig joggal tartozik <strong>Marr\u00e1kes iszl\u00e1m \u00e9p\u00edt\u00e9szet\u00e9nek abszol\u00fat \u00e9kszerei k\u00f6z\u00e9<\/strong>. Egy meglehet\u0151sen kiterjedt \u00e9s ig\u00e9nyes fel\u00faj\u00edt\u00e1s ut\u00e1n ez a tizennegyedik sz\u00e1zadi t\u00f6rt\u00e9nelmi iskola \u00fajra megny\u00edlt a l\u00e1togat\u00f3k el\u0151tt, kidolgozott r\u00e9szletei pedig sz\u00f3 szerint elakasztj\u00e1k a l\u00e9legzeted. A nagy sek\u00e9ly medenc\u00e9vel rendelkez\u0151 f\u0151udvart bonyolult geometrikus mint\u00e1kkal, f\u00e1val \u00e9s stukk\u00f3val bor\u00edtott falak veszik k\u00f6rbe.<\/p>\n\n\n\n<p class=\"wp-block-paragraph\">R\u00e9szletesen megn\u00e9zheted itt a <strong>miniat\u0171r di\u00e1kcell\u00e1kat is a fels\u0151bb emeleteken<\/strong>, ahol egykor ak\u00e1r 900 Kor\u00e1n-di\u00e1k \u00e9lt \u00e9s tanult szorgalmasan. Az ellent\u00e9t a medresze belsej\u00e9nek teljesen csendes, szent k\u00f6rnyezete \u00e9s a falai m\u00f6g\u00f6tt r\u00f6gt\u00f6n tal\u00e1lhat\u00f3 ny\u00fczsg\u0151 szuk k\u00f6z\u00f6tt t\u00e9nyleg leny\u0171g\u00f6z\u0151. \ud83d\udca1 Tipp: K\u00f6sd \u00f6ssze a medresze l\u00e1togat\u00e1s\u00e1t a k\u00f6rnyez\u0151 piacokon val\u00f3 s\u00e9t\u00e1val \u00e9s a k\u00f6zeli fot\u00f3m\u00fazeummal, \u00edgy remek programot kapsz az eg\u00e9sz d\u00e9lel\u0151ttre.<\/p>\n\n\n\n<figure data-wp-context=\"{&quot;imageId&quot;:&quot;6a952ff6848a4&quot;}\" data-wp-interactive=\"core\/image\" data-wp-key=\"6a952ff6848a4\" class=\"wp-block-image size-full wp-lightbox-container\"><img decoding=\"async\" width=\"1800\" height=\"1193\" data-wp-class--hide=\"state.isContentHidden\" data-wp-class--show=\"state.isContentVisible\" data-wp-init=\"callbacks.setButtonStyles\" data-wp-on--click=\"actions.showLightbox\" data-wp-on--load=\"callbacks.setButtonStyles\" data-wp-on--pointerdown=\"actions.preloadImage\" data-wp-on--pointerenter=\"actions.preloadImageWithDelay\" data-wp-on--pointerleave=\"actions.cancelPreload\" data-wp-on-window--resize=\"callbacks.setButtonStyles\" src=\"https:\/\/loudavymkrokem.cz\/wp-content\/uploads\/2026\/08\/maroko-clanky-co-videt-v-marrakesi-10.jpg\" alt=\"Az El Badi-palota romjai\" class=\"wp-image-395788\" title=\"\" srcset=\"https:\/\/loudavymkrokem.cz\/wp-content\/uploads\/2026\/08\/maroko-clanky-co-videt-v-marrakesi-10.jpg 1800w, https:\/\/loudavymkrokem.cz\/wp-content\/uploads\/2026\/08\/maroko-clanky-co-videt-v-marrakesi-10-300x199.jpg 300w, https:\/\/loudavymkrokem.cz\/wp-content\/uploads\/2026\/08\/maroko-clanky-co-videt-v-marrakesi-10-700x464.jpg 700w, https:\/\/loudavymkrokem.cz\/wp-content\/uploads\/2026\/08\/maroko-clanky-co-videt-v-marrakesi-10-768x509.jpg 768w, https:\/\/loudavymkrokem.cz\/wp-content\/uploads\/2026\/08\/maroko-clanky-co-videt-v-marrakesi-10-1536x1018.jpg 1536w, https:\/\/loudavymkrokem.cz\/wp-content\/uploads\/2026\/08\/maroko-clanky-co-videt-v-marrakesi-10-696x461.jpg 696w, https:\/\/loudavymkrokem.cz\/wp-content\/uploads\/2026\/08\/maroko-clanky-co-videt-v-marrakesi-10-1392x923.jpg 1392w\" sizes=\"(max-width: 1800px) 100vw, 1800px\" \/><button\n\t\t\tclass=\"lightbox-trigger\"\n\t\t\ttype=\"button\"\n\t\t\taria-haspopup=\"dialog\"\n\t\t\tdata-wp-bind--aria-label=\"state.thisImage.triggerButtonAriaLabel\"\n\t\t\tdata-wp-init=\"callbacks.initTriggerButton\"\n\t\t\tdata-wp-on--click=\"actions.showLightbox\"\n\t\t\tdata-wp-style--right=\"state.thisImage.buttonRight\"\n\t\t\tdata-wp-style--top=\"state.thisImage.buttonTop\"\n\t\t>\n\t\t\t<svg xmlns=\"http:\/\/www.w3.org\/2000\/svg\" width=\"12\" height=\"12\" fill=\"none\" viewBox=\"0 0 12 12\">\n\t\t\t\t<path fill=\"#fff\" d=\"M2 0a2 2 0 0 0-2 2v2h1.5V2a.5.5 0 0 1 .5-.5h2V0H2Zm2 10.5H2a.5.5 0 0 1-.5-.5V8H0v2a2 2 0 0 0 2 2h2v-1.5ZM8 12v-1.5h2a.5.5 0 0 0 .5-.5V8H12v2a2 2 0 0 1-2 2H8Zm2-12a2 2 0 0 1 2 2v2h-1.5V2a.5.5 0 0 0-.5-.5H8V0h2Z\" \/>\n\t\t\t<\/svg>\n\t\t<\/button><figcaption class=\"wp-element-caption\">Foto: Jakub Ha\u0142un \/ Wikimedia Commons, CC BY 4.0<\/figcaption><\/figure>\n\n\n\n<h3 class=\"wp-block-heading\"><span class=\"ez-toc-section\" id=\"6_Az_El_Badi-palota_es_a_varazslatos_naplemente\"><\/span>6. Az El Badi-palota \u00e9s a var\u00e1zslatos naplemente<span class=\"ez-toc-section-end\"><\/span><\/h3>\n\n\n\n<p class=\"wp-block-paragraph\">M\u00edg a k\u00f6zeli Bahia-palota megb\u00edzhat\u00f3an leny\u0171g\u00f6z t\u00f6k\u00e9letesen meg\u0151rz\u00f6tt r\u00e9szleteivel, az El Badi-palota ma ink\u00e1bb monument\u00e1lis rom, amely azonban vil\u00e1gosan sejteti egykori \u00f3ri\u00e1si t\u00f6rt\u00e9nelmi dics\u0151s\u00e9g\u00e9t. <strong>Ezt a tizenhatodik sz\u00e1zadi palot\u00e1t Ahmad al-Mansz\u00far szult\u00e1n \u00e9p\u00edttette<\/strong>, \u00e9s a maga kor\u00e1ban b\u0151s\u00e9gesen finansz\u00edrozt\u00e1k a szud\u00e1ni hadj\u00e1ratokb\u00f3l sz\u00e1rmaz\u00f3 arannyal. Ma a massz\u00edv agyagfalak \u00e9s a hatalmas \u00fcres udvarok k\u00f6z\u00f6tt s\u00e9t\u00e1lhatsz.<\/p>\n\n\n\n<p class=\"wp-block-paragraph\">Az eg\u00e9sz palot\u00e1n ma tal\u00e1n a leg\u00e9rdekesebb, hogy magas falain <strong>g\u00f3ly\u00e1k tucatjai telepedtek meg, amelyek itt \u00e9p\u00edtik \u00f3ri\u00e1si f\u00e9szkeiket<\/strong> \u00e9s k\u00f6r\u00f6znek a romok f\u00f6l\u00f6tt. \ud83d\udca1 Tipp: K\u00e9s\u0151 d\u00e9lut\u00e1n gyere ide, k\u00f6zvetlen\u00fcl z\u00e1r\u00e1s el\u0151tt. A palota terasz\u00e1r\u00f3l <strong>teljesen fantasztikus kil\u00e1t\u00e1s ny\u00edlik a v\u00e1rosra naplementekor<\/strong>, amikor a t\u00e9glafalak hihetetlen\u00fcl tel\u00edtett v\u00f6r\u00f6s-narancss\u00e1rga sz\u00ednt \u00f6ltenek, \u00e9s az innen k\u00e9sz\u00fclt fot\u00f3k leny\u0171g\u00f6z\u0151en n\u00e9znek ki.<\/p>\n\n\n\n<figure data-wp-context=\"{&quot;imageId&quot;:&quot;6a952ff684d7c&quot;}\" data-wp-interactive=\"core\/image\" data-wp-key=\"6a952ff684d7c\" class=\"wp-block-image size-full wp-lightbox-container\"><img decoding=\"async\" width=\"1800\" height=\"1350\" data-wp-class--hide=\"state.isContentHidden\" data-wp-class--show=\"state.isContentVisible\" data-wp-init=\"callbacks.setButtonStyles\" data-wp-on--click=\"actions.showLightbox\" data-wp-on--load=\"callbacks.setButtonStyles\" data-wp-on--pointerdown=\"actions.preloadImage\" data-wp-on--pointerenter=\"actions.preloadImageWithDelay\" data-wp-on--pointerleave=\"actions.cancelPreload\" data-wp-on-window--resize=\"callbacks.setButtonStyles\" src=\"https:\/\/loudavymkrokem.cz\/wp-content\/uploads\/2026\/08\/maroko-clanky-co-videt-v-marrakesi-11.jpg\" alt=\"A Kutub\u00edja mecset a minaretj\u00e9vel\" class=\"wp-image-395790\" title=\"\" srcset=\"https:\/\/loudavymkrokem.cz\/wp-content\/uploads\/2026\/08\/maroko-clanky-co-videt-v-marrakesi-11.jpg 1800w, https:\/\/loudavymkrokem.cz\/wp-content\/uploads\/2026\/08\/maroko-clanky-co-videt-v-marrakesi-11-300x225.jpg 300w, https:\/\/loudavymkrokem.cz\/wp-content\/uploads\/2026\/08\/maroko-clanky-co-videt-v-marrakesi-11-700x525.jpg 700w, https:\/\/loudavymkrokem.cz\/wp-content\/uploads\/2026\/08\/maroko-clanky-co-videt-v-marrakesi-11-768x576.jpg 768w, https:\/\/loudavymkrokem.cz\/wp-content\/uploads\/2026\/08\/maroko-clanky-co-videt-v-marrakesi-11-1536x1152.jpg 1536w, https:\/\/loudavymkrokem.cz\/wp-content\/uploads\/2026\/08\/maroko-clanky-co-videt-v-marrakesi-11-80x60.jpg 80w, https:\/\/loudavymkrokem.cz\/wp-content\/uploads\/2026\/08\/maroko-clanky-co-videt-v-marrakesi-11-160x120.jpg 160w, https:\/\/loudavymkrokem.cz\/wp-content\/uploads\/2026\/08\/maroko-clanky-co-videt-v-marrakesi-11-696x522.jpg 696w, https:\/\/loudavymkrokem.cz\/wp-content\/uploads\/2026\/08\/maroko-clanky-co-videt-v-marrakesi-11-1392x1044.jpg 1392w\" sizes=\"(max-width: 1800px) 100vw, 1800px\" \/><button\n\t\t\tclass=\"lightbox-trigger\"\n\t\t\ttype=\"button\"\n\t\t\taria-haspopup=\"dialog\"\n\t\t\tdata-wp-bind--aria-label=\"state.thisImage.triggerButtonAriaLabel\"\n\t\t\tdata-wp-init=\"callbacks.initTriggerButton\"\n\t\t\tdata-wp-on--click=\"actions.showLightbox\"\n\t\t\tdata-wp-style--right=\"state.thisImage.buttonRight\"\n\t\t\tdata-wp-style--top=\"state.thisImage.buttonTop\"\n\t\t>\n\t\t\t<svg xmlns=\"http:\/\/www.w3.org\/2000\/svg\" width=\"12\" height=\"12\" fill=\"none\" viewBox=\"0 0 12 12\">\n\t\t\t\t<path fill=\"#fff\" d=\"M2 0a2 2 0 0 0-2 2v2h1.5V2a.5.5 0 0 1 .5-.5h2V0H2Zm2 10.5H2a.5.5 0 0 1-.5-.5V8H0v2a2 2 0 0 0 2 2h2v-1.5ZM8 12v-1.5h2a.5.5 0 0 0 .5-.5V8H12v2a2 2 0 0 1-2 2H8Zm2-12a2 2 0 0 1 2 2v2h-1.5V2a.5.5 0 0 0-.5-.5H8V0h2Z\" \/>\n\t\t\t<\/svg>\n\t\t<\/button><figcaption class=\"wp-element-caption\">Foto: Baca12 \/ Wikimedia Commons, CC BY-SA 4.0<\/figcaption><\/figure>\n\n\n\n<h3 class=\"wp-block-heading\"><span class=\"ez-toc-section\" id=\"7_A_fenseges_Kutubija_mecset\"><\/span>7. A fens\u00e9ges Kutub\u00edja mecset<span class=\"ez-toc-section-end\"><\/span><\/h3>\n\n\n\n<p class=\"wp-block-paragraph\">A Kutub\u00edja mecset k\u00e9ts\u00e9gtelen\u00fcl <strong>eg\u00e9sz Marr\u00e1kes legismertebb jelk\u00e9pe \u00e9s f\u0151 t\u00e1j\u00e9koz\u00f3d\u00e1si pontja<\/strong>, amely alapj\u00e1n mindig biztosan eligazodsz. K\u00f6zel hetven m\u00e9ter magas minaretje b\u00fcszk\u00e9n magasodik a v\u00e1ros f\u00f6l\u00e9, \u00e9s szinte minden k\u00f6rny\u00e9kbeli tet\u0151teraszr\u00f3l l\u00e1that\u00f3. A mecset neve eredetileg a k\u00f6nyv\u00e1rus sz\u00f3b\u00f3l sz\u00e1rmazik, mert a m\u00faltban a k\u00f6zvetlen k\u00f6zel\u00e9ben a t\u00f6rt\u00e9nelmi k\u00e9ziratok \u00e1rusainak tucatjai voltak.<\/p>\n\n\n\n<p class=\"wp-block-paragraph\">Rendk\u00edv\u00fcl fontos tudni, hogy <strong>a mecset belsej\u00e9be csak gyakorl\u00f3 muszlimok l\u00e9phetnek be<\/strong>, \u00fagyhogy ezt az impoz\u00e1ns, tizenkettedik sz\u00e1zadi \u00e9p\u00fcletet \u00e1tlagos turistak\u00e9nt kiz\u00e1r\u00f3lag k\u00edv\u00fclr\u0151l n\u00e9zheted meg. A legjobb, ha v\u00e9gigs\u00e9t\u00e1lsz a mecsetet k\u00f6r\u00fclvev\u0151 gy\u00f6ny\u00f6r\u0171en gondozott, r\u00f3zs\u00e1kkal teli kerteken, \u00e9s onnan hallgatod meg a f\u00fclsiket\u00edt\u0151, de rendk\u00edv\u00fcl lebilincsel\u0151 im\u00e1ra h\u00edv\u00e1st, amely az eg\u00e9sz v\u00e1rosban visszhangzik, \u00e9s megadja neki az igazi keleti hangulatot.<\/p>\n\n\n\n<figure data-wp-context=\"{&quot;imageId&quot;:&quot;6a952ff68542f&quot;}\" data-wp-interactive=\"core\/image\" data-wp-key=\"6a952ff68542f\" class=\"wp-block-image size-full wp-lightbox-container\"><img decoding=\"async\" width=\"1800\" height=\"1176\" data-wp-class--hide=\"state.isContentHidden\" data-wp-class--show=\"state.isContentVisible\" data-wp-init=\"callbacks.setButtonStyles\" data-wp-on--click=\"actions.showLightbox\" data-wp-on--load=\"callbacks.setButtonStyles\" data-wp-on--pointerdown=\"actions.preloadImage\" data-wp-on--pointerenter=\"actions.preloadImageWithDelay\" data-wp-on--pointerleave=\"actions.cancelPreload\" data-wp-on-window--resize=\"callbacks.setButtonStyles\" src=\"https:\/\/loudavymkrokem.cz\/wp-content\/uploads\/2026\/08\/maroko-clanky-co-videt-v-marrakesi-12.jpg\" alt=\"F\u0171szerekkel teli szukok a medin\u00e1ban\" class=\"wp-image-395794\" title=\"\" srcset=\"https:\/\/loudavymkrokem.cz\/wp-content\/uploads\/2026\/08\/maroko-clanky-co-videt-v-marrakesi-12.jpg 1800w, https:\/\/loudavymkrokem.cz\/wp-content\/uploads\/2026\/08\/maroko-clanky-co-videt-v-marrakesi-12-300x196.jpg 300w, https:\/\/loudavymkrokem.cz\/wp-content\/uploads\/2026\/08\/maroko-clanky-co-videt-v-marrakesi-12-700x457.jpg 700w, https:\/\/loudavymkrokem.cz\/wp-content\/uploads\/2026\/08\/maroko-clanky-co-videt-v-marrakesi-12-768x502.jpg 768w, https:\/\/loudavymkrokem.cz\/wp-content\/uploads\/2026\/08\/maroko-clanky-co-videt-v-marrakesi-12-1536x1004.jpg 1536w, https:\/\/loudavymkrokem.cz\/wp-content\/uploads\/2026\/08\/maroko-clanky-co-videt-v-marrakesi-12-696x455.jpg 696w, https:\/\/loudavymkrokem.cz\/wp-content\/uploads\/2026\/08\/maroko-clanky-co-videt-v-marrakesi-12-1392x909.jpg 1392w\" sizes=\"(max-width: 1800px) 100vw, 1800px\" \/><button\n\t\t\tclass=\"lightbox-trigger\"\n\t\t\ttype=\"button\"\n\t\t\taria-haspopup=\"dialog\"\n\t\t\tdata-wp-bind--aria-label=\"state.thisImage.triggerButtonAriaLabel\"\n\t\t\tdata-wp-init=\"callbacks.initTriggerButton\"\n\t\t\tdata-wp-on--click=\"actions.showLightbox\"\n\t\t\tdata-wp-style--right=\"state.thisImage.buttonRight\"\n\t\t\tdata-wp-style--top=\"state.thisImage.buttonTop\"\n\t\t>\n\t\t\t<svg xmlns=\"http:\/\/www.w3.org\/2000\/svg\" width=\"12\" height=\"12\" fill=\"none\" viewBox=\"0 0 12 12\">\n\t\t\t\t<path fill=\"#fff\" d=\"M2 0a2 2 0 0 0-2 2v2h1.5V2a.5.5 0 0 1 .5-.5h2V0H2Zm2 10.5H2a.5.5 0 0 1-.5-.5V8H0v2a2 2 0 0 0 2 2h2v-1.5ZM8 12v-1.5h2a.5.5 0 0 0 .5-.5V8H12v2a2 2 0 0 1-2 2H8Zm2-12a2 2 0 0 1 2 2v2h-1.5V2a.5.5 0 0 0-.5-.5H8V0h2Z\" \/>\n\t\t\t<\/svg>\n\t\t<\/button><figcaption class=\"wp-element-caption\">Foto: Angeline A. van Achterberg \/ Wikimedia Commons, CC BY-SA 4.0<\/figcaption><\/figure>\n\n\n\n<h3 class=\"wp-block-heading\"><span class=\"ez-toc-section\" id=\"8_A_szukok_labirintusa_a_medinaban\"><\/span>8. A szukok labirintusa a medin\u00e1ban<span class=\"ez-toc-section-end\"><\/span><\/h3>\n\n\n\n<p class=\"wp-block-paragraph\">A marr\u00e1kesi szukokban (piacokon) elt\u00e9vedni nemcsak nagyon val\u00f3sz\u00edn\u0171, hanem gyakorlatilag elker\u00fclhetetlen, \u00e9s ez az eg\u00e9sz v\u00e1ros f\u0151 \u00e9s legjobb \u00e9lm\u00e9ny\u00e9hez tartozik. <strong>A szukok sz\u0171k, r\u00e9szben fedett utc\u00e1k hatalmas labirintus\u00e1t alkotj\u00e1k<\/strong>, amelyek t\u00f6bb mint h\u00e1romezer \u00e9ves m\u00faltra tekintenek vissza, \u00e9s logikusan az egyes mesters\u00e9gek szerint vannak felosztva. Tal\u00e1lsz itt b\u0151rterm\u00e9kekkel, k\u00e9zzel vert l\u00e1mp\u00e1kkal, sz\u0151nyegekkel, festett ker\u00e1mi\u00e1kkal \u00e9s tarka f\u0171szerekkel teli utc\u00e1kat.<\/p>\n\n\n\n<p class=\"wp-block-paragraph\">A hangulat itt minden l\u00e9p\u00e9sn\u00e9l hihetetlen\u00fcl s\u0171r\u0171 \u00e9s mag\u00e1val ragad\u00f3. Minden sarokr\u00f3l kiab\u00e1l valaki a garant\u00e1ltan legjobb \u00e1ras aj\u00e1nlat\u00e1val, folyamatosan f\u00e9lre kell ugranod az elhalad\u00f3 robog\u00f3k el\u0151l, amelyek felfoghatatlan m\u00f3don fon\u00f3dnak \u00e1t az emberek k\u00f6z\u00f6tti egym\u00e9teres r\u00e9seken, \u00e9s minden oldalr\u00f3l er\u0151s mentatea illat sz\u00e1ll. <strong>Ne f\u00e9lj elt\u00e9vedni, \u00e9s dobd el egy id\u0151re a t\u00e9rk\u00e9pet<\/strong>, mert v\u00e9g\u00fcl minden nagyobb utca el\u0151bb-ut\u00f3bb visszavezet a k\u00f6zponti t\u00e9rre.<\/p>\n\n\n\n<figure data-wp-context=\"{&quot;imageId&quot;:&quot;6a952ff685b40&quot;}\" data-wp-interactive=\"core\/image\" data-wp-key=\"6a952ff685b40\" class=\"wp-block-image size-full wp-lightbox-container\"><img decoding=\"async\" width=\"1800\" height=\"1200\" data-wp-class--hide=\"state.isContentHidden\" data-wp-class--show=\"state.isContentVisible\" data-wp-init=\"callbacks.setButtonStyles\" data-wp-on--click=\"actions.showLightbox\" data-wp-on--load=\"callbacks.setButtonStyles\" data-wp-on--pointerdown=\"actions.preloadImage\" data-wp-on--pointerenter=\"actions.preloadImageWithDelay\" data-wp-on--pointerleave=\"actions.cancelPreload\" data-wp-on-window--resize=\"callbacks.setButtonStyles\" src=\"https:\/\/loudavymkrokem.cz\/wp-content\/uploads\/2026\/08\/maroko-clanky-co-videt-v-marrakesi-13.jpg\" alt=\"Sz\u0151nyegbolt a marr\u00e1kesi szukban\" class=\"wp-image-395798\" title=\"\" srcset=\"https:\/\/loudavymkrokem.cz\/wp-content\/uploads\/2026\/08\/maroko-clanky-co-videt-v-marrakesi-13.jpg 1800w, https:\/\/loudavymkrokem.cz\/wp-content\/uploads\/2026\/08\/maroko-clanky-co-videt-v-marrakesi-13-300x200.jpg 300w, https:\/\/loudavymkrokem.cz\/wp-content\/uploads\/2026\/08\/maroko-clanky-co-videt-v-marrakesi-13-700x467.jpg 700w, https:\/\/loudavymkrokem.cz\/wp-content\/uploads\/2026\/08\/maroko-clanky-co-videt-v-marrakesi-13-768x512.jpg 768w, https:\/\/loudavymkrokem.cz\/wp-content\/uploads\/2026\/08\/maroko-clanky-co-videt-v-marrakesi-13-1536x1024.jpg 1536w, https:\/\/loudavymkrokem.cz\/wp-content\/uploads\/2026\/08\/maroko-clanky-co-videt-v-marrakesi-13-696x464.jpg 696w, https:\/\/loudavymkrokem.cz\/wp-content\/uploads\/2026\/08\/maroko-clanky-co-videt-v-marrakesi-13-1392x928.jpg 1392w\" sizes=\"(max-width: 1800px) 100vw, 1800px\" \/><button\n\t\t\tclass=\"lightbox-trigger\"\n\t\t\ttype=\"button\"\n\t\t\taria-haspopup=\"dialog\"\n\t\t\tdata-wp-bind--aria-label=\"state.thisImage.triggerButtonAriaLabel\"\n\t\t\tdata-wp-init=\"callbacks.initTriggerButton\"\n\t\t\tdata-wp-on--click=\"actions.showLightbox\"\n\t\t\tdata-wp-style--right=\"state.thisImage.buttonRight\"\n\t\t\tdata-wp-style--top=\"state.thisImage.buttonTop\"\n\t\t>\n\t\t\t<svg xmlns=\"http:\/\/www.w3.org\/2000\/svg\" width=\"12\" height=\"12\" fill=\"none\" viewBox=\"0 0 12 12\">\n\t\t\t\t<path fill=\"#fff\" d=\"M2 0a2 2 0 0 0-2 2v2h1.5V2a.5.5 0 0 1 .5-.5h2V0H2Zm2 10.5H2a.5.5 0 0 1-.5-.5V8H0v2a2 2 0 0 0 2 2h2v-1.5ZM8 12v-1.5h2a.5.5 0 0 0 .5-.5V8H12v2a2 2 0 0 1-2 2H8Zm2-12a2 2 0 0 1 2 2v2h-1.5V2a.5.5 0 0 0-.5-.5H8V0h2Z\" \/>\n\t\t\t<\/svg>\n\t\t<\/button><figcaption class=\"wp-element-caption\">Foto: Margo Evardson \/ Pexels<\/figcaption><\/figure>\n\n\n\n<h3 class=\"wp-block-heading\"><span class=\"ez-toc-section\" id=\"9_Az_alkudozas_muveszete_es_hogyan_csinald\"><\/span>9. Az alkudoz\u00e1s m\u0171v\u00e9szete \u00e9s hogyan csin\u00e1ld<span class=\"ez-toc-section-end\"><\/span><\/h3>\n\n\n\n<p class=\"wp-block-paragraph\">A v\u00e1s\u00e1rl\u00e1snak Marokk\u00f3ban megvannak a maga vil\u00e1gos \u00e9s megv\u00e1ltoztathatatlan szab\u00e1lyai, \u00e9s <strong>az alkudoz\u00e1s itt teljesen elengedhetetlen<\/strong>, nem csup\u00e1n \u00f6nk\u00e9ntes lehet\u0151s\u00e9g a b\u00e1traknak. Ha \u00e1rt\u00e1bla n\u00e9lk\u00fcli \u00e1rut l\u00e1tsz, sz\u00e1molj azzal, hogy az els\u0151 \u00e1r, amit a keresked\u0151 magabiztosan mond, er\u0151sen felf\u00fajt, gyakran ak\u00e1r a h\u00e1rom- vagy n\u00e9gyszerese is. Ez\u00e9rt soha ne fogadd el az els\u0151 aj\u00e1nlatot, ezzel megs\u00e9rten\u00e9d a helyi \u00e1rusok \u00fczleti szellem\u00e9t.<\/p>\n\n\n\n<p class=\"wp-block-paragraph\">A sikeres v\u00e1s\u00e1rl\u00e1s alapszab\u00e1lya \u00edgy hangzik: <strong>aj\u00e1nld fel az eredetileg k\u00e9rt \u00f6sszeg k\u00f6r\u00fclbel\u00fcl 30%-\u00e1t<\/strong>, \u00e9s fokozatosan, mosolyogva \u00e9s tr\u00e9f\u00e1lkozva jussatok el valamilyen k\u00f6lcs\u00f6n\u00f6s kompromisszumhoz. \ud83d\udca1 Tipp: Ha az \u00e1r m\u00e9g mindig t\u00fal magasnak t\u0171nik, haszn\u00e1ld a nagyon hat\u00e9kony t\u00e1voz\u00e1si technik\u00e1t. Mosolyogva k\u00f6sz\u00f6nd meg, \u00e9s kezdj lassan kifel\u00e9 menni a boltb\u00f3l. T\u00edz esetb\u0151l kilencben az \u00e1rus azonnal ut\u00e1nad ki\u00e1lt egy sokkal jobb aj\u00e1nlattal.<\/p>\n\n\n\n<figure data-wp-context=\"{&quot;imageId&quot;:&quot;6a952ff6861a8&quot;}\" data-wp-interactive=\"core\/image\" data-wp-key=\"6a952ff6861a8\" class=\"wp-block-image size-full wp-lightbox-container\"><img decoding=\"async\" width=\"1800\" height=\"1200\" data-wp-class--hide=\"state.isContentHidden\" data-wp-class--show=\"state.isContentVisible\" data-wp-init=\"callbacks.setButtonStyles\" data-wp-on--click=\"actions.showLightbox\" data-wp-on--load=\"callbacks.setButtonStyles\" data-wp-on--pointerdown=\"actions.preloadImage\" data-wp-on--pointerenter=\"actions.preloadImageWithDelay\" data-wp-on--pointerleave=\"actions.cancelPreload\" data-wp-on-window--resize=\"callbacks.setButtonStyles\" src=\"https:\/\/loudavymkrokem.cz\/wp-content\/uploads\/2026\/08\/maroko-clanky-co-videt-v-marrakesi-14.jpg\" alt=\"Egy hagyom\u00e1nyos marokk\u00f3i hammam belseje\" class=\"wp-image-395800\" title=\"\" srcset=\"https:\/\/loudavymkrokem.cz\/wp-content\/uploads\/2026\/08\/maroko-clanky-co-videt-v-marrakesi-14.jpg 1800w, https:\/\/loudavymkrokem.cz\/wp-content\/uploads\/2026\/08\/maroko-clanky-co-videt-v-marrakesi-14-300x200.jpg 300w, https:\/\/loudavymkrokem.cz\/wp-content\/uploads\/2026\/08\/maroko-clanky-co-videt-v-marrakesi-14-700x467.jpg 700w, https:\/\/loudavymkrokem.cz\/wp-content\/uploads\/2026\/08\/maroko-clanky-co-videt-v-marrakesi-14-768x512.jpg 768w, https:\/\/loudavymkrokem.cz\/wp-content\/uploads\/2026\/08\/maroko-clanky-co-videt-v-marrakesi-14-1536x1024.jpg 1536w, https:\/\/loudavymkrokem.cz\/wp-content\/uploads\/2026\/08\/maroko-clanky-co-videt-v-marrakesi-14-696x464.jpg 696w, https:\/\/loudavymkrokem.cz\/wp-content\/uploads\/2026\/08\/maroko-clanky-co-videt-v-marrakesi-14-1392x928.jpg 1392w\" sizes=\"(max-width: 1800px) 100vw, 1800px\" \/><button\n\t\t\tclass=\"lightbox-trigger\"\n\t\t\ttype=\"button\"\n\t\t\taria-haspopup=\"dialog\"\n\t\t\tdata-wp-bind--aria-label=\"state.thisImage.triggerButtonAriaLabel\"\n\t\t\tdata-wp-init=\"callbacks.initTriggerButton\"\n\t\t\tdata-wp-on--click=\"actions.showLightbox\"\n\t\t\tdata-wp-style--right=\"state.thisImage.buttonRight\"\n\t\t\tdata-wp-style--top=\"state.thisImage.buttonTop\"\n\t\t>\n\t\t\t<svg xmlns=\"http:\/\/www.w3.org\/2000\/svg\" width=\"12\" height=\"12\" fill=\"none\" viewBox=\"0 0 12 12\">\n\t\t\t\t<path fill=\"#fff\" d=\"M2 0a2 2 0 0 0-2 2v2h1.5V2a.5.5 0 0 1 .5-.5h2V0H2Zm2 10.5H2a.5.5 0 0 1-.5-.5V8H0v2a2 2 0 0 0 2 2h2v-1.5ZM8 12v-1.5h2a.5.5 0 0 0 .5-.5V8H12v2a2 2 0 0 1-2 2H8Zm2-12a2 2 0 0 1 2 2v2h-1.5V2a.5.5 0 0 0-.5-.5H8V0h2Z\" \/>\n\t\t\t<\/svg>\n\t\t<\/button><figcaption class=\"wp-element-caption\">Foto: Pablo RAMON \/ Pexels<\/figcaption><\/figure>\n\n\n\n<h3 class=\"wp-block-heading\"><span class=\"ez-toc-section\" id=\"10_Hagyomanyos_tisztalkodas_a_hammamban\"><\/span>10. Hagyom\u00e1nyos tiszt\u00e1lkod\u00e1s a hammamban<span class=\"ez-toc-section-end\"><\/span><\/h3>\n\n\n\n<p class=\"wp-block-paragraph\">Ha valami t\u00e9nyleg helyit szeretn\u00e9l \u00e1t\u00e9lni, \u00e9s egyben megpihenni a f\u00e1raszt\u00f3 v\u00e1rosn\u00e9z\u00e9s ut\u00e1n, <strong>egy hagyom\u00e1nyos marokk\u00f3i hammam (nyilv\u00e1nos f\u00fcrd\u0151) l\u00e1togat\u00e1sa nem hi\u00e1nyozhat a list\u00e1dr\u00f3l<\/strong>. Az \u00e9lm\u00e9ny l\u00e9nyege egy hosszabb tart\u00f3zkod\u00e1s a forr\u00f3 g\u0151zhelyis\u00e9gben, amelyet egy hihetetlen\u00fcl alapos, eg\u00e9sz testre kiterjed\u0151 b\u0151rrad\u00edroz\u00e1s k\u00f6vet egy speci\u00e1lis fekete szappanpaszta (az \u00fagynevezett savon noir) \u00e9s egy durva mos\u00f3keszty\u0171, a kessa seg\u00edts\u00e9g\u00e9vel.<\/p>\n\n\n\n<p class=\"wp-block-paragraph\">Alapvet\u0151en k\u00e9t f\u0151 lehet\u0151s\u00e9ged van, hogyan \u00e1llj hozz\u00e1. Vagy elm\u00e9sz egy <strong>autentikus helyi hammamba<\/strong>, ahov\u00e1 a h\u00e9tk\u00f6znapi marokk\u00f3iak j\u00e1rnak (ez nagyon olcs\u00f3, de csak egy m\u0171anyag v\u00f6dr\u00f6t kapsz, \u00e9s saj\u00e1t szappant meg t\u00f6r\u00f6lk\u00f6z\u0151t kell vinned), vagy fizetsz egy kicsit t\u00f6bbet egy <strong>turista spa hammam\u00e9rt<\/strong>. Ott gondoskodik r\u00f3lad a szem\u00e9lyzet, kapsz egy kellemes massz\u00e1zst, \u00e9s minden luxusk\u00f6rnyezetben zajlik. A legels\u0151 l\u00e1togat\u00e1shoz ink\u00e1bb a m\u00e1sodik v\u00e1ltozatot aj\u00e1nljuk.<\/p>\n\n\n\n<figure data-wp-context=\"{&quot;imageId&quot;:&quot;6a952ff6867ea&quot;}\" data-wp-interactive=\"core\/image\" data-wp-key=\"6a952ff6867ea\" class=\"wp-block-image size-full wp-lightbox-container\"><img decoding=\"async\" width=\"1800\" height=\"1350\" data-wp-class--hide=\"state.isContentHidden\" data-wp-class--show=\"state.isContentVisible\" data-wp-init=\"callbacks.setButtonStyles\" data-wp-on--click=\"actions.showLightbox\" data-wp-on--load=\"callbacks.setButtonStyles\" data-wp-on--pointerdown=\"actions.preloadImage\" data-wp-on--pointerenter=\"actions.preloadImageWithDelay\" data-wp-on--pointerleave=\"actions.cancelPreload\" data-wp-on-window--resize=\"callbacks.setButtonStyles\" src=\"https:\/\/loudavymkrokem.cz\/wp-content\/uploads\/2026\/08\/maroko-clanky-co-videt-v-marrakesi-15.jpg\" alt=\"A Szaadi-s\u00edrok Marr\u00e1kesben\" class=\"wp-image-395802\" title=\"\" srcset=\"https:\/\/loudavymkrokem.cz\/wp-content\/uploads\/2026\/08\/maroko-clanky-co-videt-v-marrakesi-15.jpg 1800w, https:\/\/loudavymkrokem.cz\/wp-content\/uploads\/2026\/08\/maroko-clanky-co-videt-v-marrakesi-15-300x225.jpg 300w, https:\/\/loudavymkrokem.cz\/wp-content\/uploads\/2026\/08\/maroko-clanky-co-videt-v-marrakesi-15-700x525.jpg 700w, https:\/\/loudavymkrokem.cz\/wp-content\/uploads\/2026\/08\/maroko-clanky-co-videt-v-marrakesi-15-768x576.jpg 768w, https:\/\/loudavymkrokem.cz\/wp-content\/uploads\/2026\/08\/maroko-clanky-co-videt-v-marrakesi-15-1536x1152.jpg 1536w, https:\/\/loudavymkrokem.cz\/wp-content\/uploads\/2026\/08\/maroko-clanky-co-videt-v-marrakesi-15-80x60.jpg 80w, https:\/\/loudavymkrokem.cz\/wp-content\/uploads\/2026\/08\/maroko-clanky-co-videt-v-marrakesi-15-160x120.jpg 160w, https:\/\/loudavymkrokem.cz\/wp-content\/uploads\/2026\/08\/maroko-clanky-co-videt-v-marrakesi-15-696x522.jpg 696w, https:\/\/loudavymkrokem.cz\/wp-content\/uploads\/2026\/08\/maroko-clanky-co-videt-v-marrakesi-15-1392x1044.jpg 1392w\" sizes=\"(max-width: 1800px) 100vw, 1800px\" \/><button\n\t\t\tclass=\"lightbox-trigger\"\n\t\t\ttype=\"button\"\n\t\t\taria-haspopup=\"dialog\"\n\t\t\tdata-wp-bind--aria-label=\"state.thisImage.triggerButtonAriaLabel\"\n\t\t\tdata-wp-init=\"callbacks.initTriggerButton\"\n\t\t\tdata-wp-on--click=\"actions.showLightbox\"\n\t\t\tdata-wp-style--right=\"state.thisImage.buttonRight\"\n\t\t\tdata-wp-style--top=\"state.thisImage.buttonTop\"\n\t\t>\n\t\t\t<svg xmlns=\"http:\/\/www.w3.org\/2000\/svg\" width=\"12\" height=\"12\" fill=\"none\" viewBox=\"0 0 12 12\">\n\t\t\t\t<path fill=\"#fff\" d=\"M2 0a2 2 0 0 0-2 2v2h1.5V2a.5.5 0 0 1 .5-.5h2V0H2Zm2 10.5H2a.5.5 0 0 1-.5-.5V8H0v2a2 2 0 0 0 2 2h2v-1.5ZM8 12v-1.5h2a.5.5 0 0 0 .5-.5V8H12v2a2 2 0 0 1-2 2H8Zm2-12a2 2 0 0 1 2 2v2h-1.5V2a.5.5 0 0 0-.5-.5H8V0h2Z\" \/>\n\t\t\t<\/svg>\n\t\t<\/button><figcaption class=\"wp-element-caption\">Foto: C messier \/ Wikimedia Commons, CC BY-SA 4.0<\/figcaption><\/figure>\n\n\n\n<h3 class=\"wp-block-heading\"><span class=\"ez-toc-section\" id=\"11_A_rejtelyes_Szaadi-sirok\"><\/span>11. A rejt\u00e9lyes Szaadi-s\u00edrok<span class=\"ez-toc-section-end\"><\/span><\/h3>\n\n\n\n<p class=\"wp-block-paragraph\">A Szaadi-s\u00edrok a tizenhatodik sz\u00e1zad v\u00e9g\u00e9r\u0151l sz\u00e1rmaz\u00f3 leny\u0171g\u00f6z\u0151 \u00e9s gy\u00f6ny\u00f6r\u0171 l\u00e1tnival\u00f3, amelyet <strong>\u00e9vsz\u00e1zadokon \u00e1t teljesen elfeledtek \u00e9s hermetikusan befalaztak<\/strong> az egyik k\u00e9s\u0151bbi uralkod\u00f3, aki el akarta t\u00f6r\u00f6lni el\u0151dei \u00f6r\u00f6ks\u00e9g\u00e9t. Csak 1917-ben fedezt\u00e9k fel \u00fajra, teljesen v\u00e9letlen\u00fcl, amikor a francia hadsereg l\u00e9gi felv\u00e9teleket k\u00e9sz\u00edtett a v\u00e1rosr\u00f3l. Ma nyugodtan megn\u00e9zheted itt a gy\u00f6ny\u00f6r\u0171en d\u00edsz\u00edtett mauz\u00f3leumokat.<\/p>\n\n\n\n<p class=\"wp-block-paragraph\">Az eg\u00e9sz komplexum legismertebb \u00e9s messze legszebb r\u00e9sze az \u00fagynevezett <strong>Tizenk\u00e9t Oszlop Csarnoka, ahol a hatalmas Ahmad al-Mansz\u00far szult\u00e1n van eltemetve<\/strong>. A helyis\u00e9get hihetetlen\u00fcl prec\u00edz stukk\u00f3, zellige csemp\u00e9k d\u00edsz\u00edtik, \u00e9s tiszta carrarai m\u00e1rv\u00e1nyb\u00f3l k\u00e9sz\u00fclt massz\u00edv oszlopok t\u00e1masztj\u00e1k al\u00e1. A ter\u00fclet ugyan nem t\u00fal kiterjedt, \u00e9s el\u00e9g gyorsan v\u00e9gigj\u00e1rod, de a d\u00edsz\u00edt\u00e9s r\u00e9szletei a legt\u00f6k\u00e9letesebbek k\u00f6z\u00e9 tartoznak eg\u00e9sz Marokk\u00f3ban.<\/p>\n\n\n\n<figure data-wp-context=\"{&quot;imageId&quot;:&quot;6a952ff686e5e&quot;}\" data-wp-interactive=\"core\/image\" data-wp-key=\"6a952ff686e5e\" class=\"wp-block-image size-full wp-lightbox-container\"><img decoding=\"async\" width=\"1800\" height=\"1200\" data-wp-class--hide=\"state.isContentHidden\" data-wp-class--show=\"state.isContentVisible\" data-wp-init=\"callbacks.setButtonStyles\" data-wp-on--click=\"actions.showLightbox\" data-wp-on--load=\"callbacks.setButtonStyles\" data-wp-on--pointerdown=\"actions.preloadImage\" data-wp-on--pointerenter=\"actions.preloadImageWithDelay\" data-wp-on--pointerleave=\"actions.cancelPreload\" data-wp-on-window--resize=\"callbacks.setButtonStyles\" src=\"https:\/\/loudavymkrokem.cz\/wp-content\/uploads\/2026\/08\/maroko-clanky-co-videt-v-marrakesi-16.jpg\" alt=\"M\u00fazeum egy t\u00f6rt\u00e9nelmi marr\u00e1kesi h\u00e1zban\" class=\"wp-image-395805\" title=\"\" srcset=\"https:\/\/loudavymkrokem.cz\/wp-content\/uploads\/2026\/08\/maroko-clanky-co-videt-v-marrakesi-16.jpg 1800w, https:\/\/loudavymkrokem.cz\/wp-content\/uploads\/2026\/08\/maroko-clanky-co-videt-v-marrakesi-16-300x200.jpg 300w, https:\/\/loudavymkrokem.cz\/wp-content\/uploads\/2026\/08\/maroko-clanky-co-videt-v-marrakesi-16-700x467.jpg 700w, https:\/\/loudavymkrokem.cz\/wp-content\/uploads\/2026\/08\/maroko-clanky-co-videt-v-marrakesi-16-768x512.jpg 768w, https:\/\/loudavymkrokem.cz\/wp-content\/uploads\/2026\/08\/maroko-clanky-co-videt-v-marrakesi-16-1536x1024.jpg 1536w, https:\/\/loudavymkrokem.cz\/wp-content\/uploads\/2026\/08\/maroko-clanky-co-videt-v-marrakesi-16-696x464.jpg 696w, https:\/\/loudavymkrokem.cz\/wp-content\/uploads\/2026\/08\/maroko-clanky-co-videt-v-marrakesi-16-1392x928.jpg 1392w\" sizes=\"(max-width: 1800px) 100vw, 1800px\" \/><button\n\t\t\tclass=\"lightbox-trigger\"\n\t\t\ttype=\"button\"\n\t\t\taria-haspopup=\"dialog\"\n\t\t\tdata-wp-bind--aria-label=\"state.thisImage.triggerButtonAriaLabel\"\n\t\t\tdata-wp-init=\"callbacks.initTriggerButton\"\n\t\t\tdata-wp-on--click=\"actions.showLightbox\"\n\t\t\tdata-wp-style--right=\"state.thisImage.buttonRight\"\n\t\t\tdata-wp-style--top=\"state.thisImage.buttonTop\"\n\t\t>\n\t\t\t<svg xmlns=\"http:\/\/www.w3.org\/2000\/svg\" width=\"12\" height=\"12\" fill=\"none\" viewBox=\"0 0 12 12\">\n\t\t\t\t<path fill=\"#fff\" d=\"M2 0a2 2 0 0 0-2 2v2h1.5V2a.5.5 0 0 1 .5-.5h2V0H2Zm2 10.5H2a.5.5 0 0 1-.5-.5V8H0v2a2 2 0 0 0 2 2h2v-1.5ZM8 12v-1.5h2a.5.5 0 0 0 .5-.5V8H12v2a2 2 0 0 1-2 2H8Zm2-12a2 2 0 0 1 2 2v2h-1.5V2a.5.5 0 0 0-.5-.5H8V0h2Z\" \/>\n\t\t\t<\/svg>\n\t\t<\/button><figcaption class=\"wp-element-caption\">Foto: Tomas Anunziata \/ Pexels<\/figcaption><\/figure>\n\n\n\n<!-- LKM_GYG_CARD start q=\"marrakesi\" lang=\"hu\" rendered=\"2026-08-31T05:50:23+00:00\" v=\"1\" -->\n\n<!-- LKM_GYG_CARD end -->\n\n\n\n\n<div class=\"lk-stays-module\">\n<style>\n\/* \u2500\u2500\u2500 RESET PRO GUTENBERG \u2500\u2500\u2500 *\/\n.lk-stays-module * { box-sizing: border-box; margin: 0; padding: 0; }\n\n\/* \u2500\u2500\u2500 WRAPPER \u2500\u2500\u2500 *\/\n.lk-stays-module {\n  font-family: 'DM Sans', Georgia, sans-serif;\n  max-width: 100%;\n  margin: 2.5rem auto;\n  background: linear-gradient(135deg, #fdfaf5 0%, #fcf8f0 100%);\n  border: 1px solid #e8dfd4;\n  border-radius: 16px;\n  overflow: hidden;\n  box-shadow: 0 16px 48px rgba(195, 159, 118, 0.25), 0 4px 12px rgba(0,0,0,0.08);\n}\n\n\/* \u2500\u2500\u2500 HEADER \u2500\u2500\u2500 *\/\n.lk-stays-header {\n  position: relative;\n  padding: 24px 36px 24px;\n  background: linear-gradient(135deg, #c39f76 0%, #d4b188 60%, #c39f76 100%);\n  border-bottom: 1px solid rgba(255,255,255,.15);\n  display: flex;\n  align-items: center;\n  gap: 18px;\n}\n.lk-stays-header::before {\n  content: '';\n  position: absolute;\n  inset: 0;\n  background: url(\"data:image\/svg+xml,%3Csvg width='60' height='60' viewBox='0 0 60 60' xmlns='http:\/\/www.w3.org\/2000\/svg'%3E%3Cg fill='none' fill-rule='evenodd'%3E%3Cg fill='%23ffffff' fill-opacity='0.05'%3E%3Cpath d='M36 34v-4h-2v4h-4v2h4v4h2v-4h4v-2h-4zm0-30V0h-2v4h-4v2h4v4h2V6h4V4h-4zM6 34v-4H4v4H0v2h4v4h2v-4h4v-2H6zM6 4V0H4v4H0v2h4v4h2V6h4V4H6z'\/%3E%3C\/g%3E%3C\/g%3E%3C\/svg%3E\") repeat;\n  pointer-events: none;\n}\n.lk-stays-icon {\n  flex-shrink: 0;\n  width: 68px;\n  height: 68px;\n  border-radius: 14px;\n  background: linear-gradient(135deg, #fff 0%, #f9f6f0 100%);\n  display: flex;\n  align-items: center;\n  justify-content: center;\n  font-size: 26px;\n  box-shadow: 0 4px 12px rgba(0,0,0,0.15);\n}\n.lk-stays-eyebrow {\n  font-size: 10px;\n  font-weight: 500;\n  letter-spacing: 2.5px;\n  text-transform: uppercase;\n  color: rgba(255,255,255,.85);\n  margin: 0 0 5px 0;\n}\n.lk-stays-title {\n  font-family: 'Playfair Display', Georgia, serif;\n  font-size: 24px;\n  font-weight: 700;\n  color: #fff;\n  line-height: 1.2;\n  text-shadow: 0 1px 2px rgba(0,0,0,0.1);\n  margin: 0;\n}\n.lk-stays-subtitle {\n  font-size: 13px;\n  color: rgba(255,255,255,.75);\n  margin: 4px 0 0 0;\n  font-weight: 300;\n}\n\n\/* \u2500\u2500\u2500 CARDS GRID \u2500\u2500\u2500 *\/\n.lk-stays-grid {\n  display: grid;\n  grid-template-columns: 1fr 1fr;\n  gap: 1px;\n  background: rgba(195, 159, 118, 0.12);\n}\n\n\/* \u2500\u2500\u2500 SINGLE CARD \u2500\u2500\u2500 *\/\n.lk-stay-card {\n  background: #ffffff;\n  padding: 26px;\n  display: flex;\n  flex-direction: column;\n  gap: 11px;\n  transition: all 0.3s ease;\n  text-decoration: none;\n  color: inherit;\n  position: relative;\n}\n.lk-stay-card:hover {\n  background: #fffbf5;\n  transform: translateY(-2px);\n  box-shadow: 0 8px 24px rgba(195, 159, 118, 0.18);\n  z-index: 1;\n}\n.lk-stay-card.featured {\n  background: linear-gradient(135deg, #fffdf9 0%, #fff9f0 100%);\n  box-shadow: 0 4px 16px rgba(195, 159, 118, 0.15), inset 0 1px 0 rgba(195, 159, 118, 0.1);\n}\n.lk-stay-card.featured:hover {\n  background: linear-gradient(135deg, #fffbf5 0%, #fff8ed 100%);\n  box-shadow: 0 8px 24px rgba(195, 159, 118, 0.25), inset 0 1px 0 rgba(195, 159, 118, 0.15);\n}\n\n.lk-stay-badge {\n  display: inline-flex;\n  align-items: center;\n  gap: 5px;\n  font-size: 10px;\n  font-weight: 500;\n  letter-spacing: 1.5px;\n  text-transform: uppercase;\n  padding: 5px 11px;\n  border-radius: 20px;\n  width: fit-content;\n}\n.badge-top     { background: linear-gradient(135deg, #c39f76 0%, #d4b188 100%); color: #fff; border: 1px solid #c39f76; font-weight: 600; box-shadow: 0 2px 8px rgba(195,159,118,0.3); }\n.badge-luxury  { background: rgba(195,159,118,.12); color: #c39f76; border: 1px solid rgba(195,159,118,.25); }\n.badge-boutique{ background: rgba(54,133,252,.08); color: #3685fc; border: 1px solid rgba(54,133,252,.2); }\n.badge-nature  { background: rgba(130,190,100,.1); color: #6b9c4a; border: 1px solid rgba(130,190,100,.2); }\n.badge-remote  { background: rgba(195,159,118,.12); color: #a67e50; border: 1px solid rgba(195,159,118,.25); }\n\n.lk-stay-name {\n  font-family: 'Playfair Display', Georgia, serif;\n  font-size: 18px;\n  font-weight: 700;\n  color: #111827;\n  line-height: 1.3;\n}\n.lk-stay-desc {\n  font-size: 13.5px;\n  color: #525252;\n  line-height: 1.65;\n  font-weight: 300;\n  flex: 1;\n}\n\n.lk-stay-meta {\n  display: flex;\n  align-items: center;\n  gap: 12px;\n  flex-wrap: wrap;\n  margin-top: 4px;\n}\n.lk-stay-price {\n  font-size: 13px;\n  color: #6b7280;\n}\n.lk-stay-price strong {\n  color: #c39f76;\n  font-weight: 500;\n}\n.lk-stay-stars {\n  color: #c39f76;\n  font-size: 11px;\n  letter-spacing: 1px;\n}\n\n\/* \u2500\u2500\u2500 CTA BUTTON \u2500\u2500\u2500 *\/\n.lk-stay-cta {\n  display: inline-flex;\n  align-items: center;\n  justify-content: center;\n  gap: 7px;\n  margin-top: 8px;\n  padding: 11px 20px;\n  border-radius: 8px;\n  background: linear-gradient(135deg, #3685fc 0%, #2a6fd9 100%);\n  color: #fff;\n  font-size: 13px;\n  font-weight: 500;\n  text-decoration: none;\n  letter-spacing: .3px;\n  transition: all .2s ease;\n  cursor: pointer;\n  border: none;\n  text-align: center;\n  box-shadow: 0 4px 12px rgba(54, 133, 252, 0.25);\n}\n.lk-stay-cta:hover {\n  background: linear-gradient(135deg, #2a6fd9 0%, #1e5bc4 100%);\n  transform: translateY(-1px);\n  box-shadow: 0 6px 16px rgba(54, 133, 252, 0.35);\n}\n.lk-stay-cta svg { flex-shrink: 0; }\n\n\/* \u2500\u2500\u2500 FOOTER \u2500\u2500\u2500 *\/\n.lk-stays-footer {\n  padding: 18px 36px;\n  background: linear-gradient(to bottom, #fdfaf5 0%, #f9f4ed 100%);\n  border-top: 1px solid rgba(195, 159, 118, 0.15);\n  display: flex;\n  align-items: center;\n  justify-content: space-between;\n  flex-wrap: wrap;\n  gap: 12px;\n}\n.lk-stays-footer-note {\n  font-size: 11.5px;\n  color: #6b7280;\n  font-weight: 300;\n  line-height: 1.5;\n}\n.lk-stays-footer-note a {\n  color: #c39f76;\n  text-decoration: none;\n  font-weight: 400;\n}\n.lk-stays-footer-note a:hover {\n  text-decoration: underline;\n}\n.lk-stays-all-btn {\n  display: inline-flex;\n  align-items: center;\n  gap: 6px;\n  font-size: 12.5px;\n  font-weight: 500;\n  color: #c39f76;\n  text-decoration: none;\n  border: 1px solid rgba(195, 159, 118, 0.35);\n  padding: 8px 18px;\n  border-radius: 8px;\n  transition: all .2s ease;\n}\n.lk-stays-all-btn:hover {\n  background: rgba(195, 159, 118, 0.08);\n  border-color: rgba(195, 159, 118, 0.5);\n}\n\n\/* \u2500\u2500\u2500 RESPONSIVE \u2500\u2500\u2500 *\/\n@media (max-width: 600px) {\n  .lk-stays-grid { grid-template-columns: 1fr; }\n  .lk-stays-header { padding: 24px 20px; }\n  .lk-stays-footer { padding: 16px 20px; }\n  .lk-stay-card { padding: 22px; }\n  .lk-stays-title { font-size: 20px; }\n}\n<\/style>\n\n  <!-- HEADER -->\n  <div class=\"lk-stays-header\">\n    <img decoding=\"async\" src=\"https:\/\/loudavymkrokem.cz\/wp-content\/uploads\/2026\/02\/lukas-a-lucka.jpg\" alt=\"\" style=\"width: 75px; height: 75px; border-radius: 8px; flex-shrink: 0; object-fit: cover; display: block; margin: 4px 0;\" title=\"\">\n    <div class=\"lk-stays-header-text\">\n      <div class=\"lk-stays-eyebrow\">Luk\u00e1\u0161 \u00e9s Lucie aj\u00e1nlj\u00e1k<\/div>\n      <div class=\"lk-stays-title\">Hol sz\u00e1lljon meg Marrakeshben<\/div>\n      <div class=\"lk-stays-subtitle\">6 sz\u00e1ll\u00e1shely \u2014 wellness hotelek \u00e9s egy\u00e9b sz\u00e1ll\u00e1slehet\u0151s\u00e9gek<\/div>\n    <\/div>\n  <\/div>\n\n  <!-- CARDS -->\n  <div class=\"lk-stays-grid\">\n\n    <a class=\"lk-stay-card featured\" href=\"https:\/\/www.stay22.com\/allez\/roam?aid=lukaskonecny&#038;campaign=loudavymkrokemcz&#038;campaign=hu&#038;campaign=covidetvmarrakesi&#038;address=Marr%C3%A1ke%C5%A1&#038;hotelname=Riad+BE+Marrakech&#038;search=Riad+BE+Marrakech&#038;category=accommodation\" target=\"_blank\" rel=\"nofollow noopener\">\n      <span class=\"lk-stay-badge badge-top\">\u2b50 TOP V\u00c1LASZT\u00c1S<\/span>\n      <span class=\"lk-stay-badge badge-nature\">\ud83c\udfe1 Panzi\u00f3\/B&#038;B<\/span>\n      <div class=\"lk-stay-name\">Riad BE Marrakech<\/div>\n      <div class=\"lk-stay-desc\">Gy\u00f6ny\u00f6r\u0171en fel\u00faj\u00edtott riad a medina d\u00e9li r\u00e9sz\u00e9n, leny\u0171g\u00f6z\u0151 bels\u0151 medenc\u00e9vel \u00e9s l\u00e9legzetel\u00e1ll\u00edt\u00f3 dekor\u00e1ci\u00f3val.<\/div>\n      <div class=\"lk-stay-meta\">\n        <span class=\"lk-stay-stars\">\u2605\u2605\u2605\u2605<\/span>\n        <span class=\"lk-stay-price\">120\u2013220 EUR\/\u00e9jszaka-t\u00f3l<\/span>\n      <\/div>\n      <span class=\"lk-stay-cta\">\n        <svg width=\"14\" height=\"14\" viewBox=\"0 0 24 24\" fill=\"none\" stroke=\"currentColor\" stroke-width=\"2\"><path d=\"M18 13v6a2 2 0 0 1-2 2H5a2 2 0 0 1-2-2V8a2 2 0 0 1 2-2h6\"\/><polyline points=\"15 3 21 3 21 9\"\/><line x1=\"10\" y1=\"14\" x2=\"21\" y2=\"3\"\/><\/svg>\n        Ellen\u0151rizd az el\u00e9rhet\u0151s\u00e9get\n      <\/span>\n    <\/a>\n\n    <a class=\"lk-stay-card\" href=\"https:\/\/www.stay22.com\/allez\/roam?aid=lukaskonecny&#038;campaign=loudavymkrokemcz&#038;campaign=hu&#038;campaign=covidetvmarrakesi&#038;address=Marr%C3%A1ke%C5%A1&#038;hotelname=Riad+Yasmine&#038;search=Riad+Yasmine&#038;category=accommodation\" target=\"_blank\" rel=\"nofollow noopener\">\n      <span class=\"lk-stay-badge badge-nature\">\ud83c\udfe1 Panzi\u00f3\/B&#038;B<\/span>\n      <div class=\"lk-stay-name\">Riad Yasmine<\/div>\n      <div class=\"lk-stay-desc\">A v\u00e1ros egyik legfotog\u00e9nebb riadja, 10 szob\u00e1t k\u00edn\u00e1l, gy\u00f6ny\u00f6r\u0171 z\u00f6ld medenc\u00e9t narancsfa \u00e1rny\u00e9k\u00e1ban \u00e9s rendk\u00edv\u00fcl szem\u00e9lyes hozz\u00e1\u00e1ll\u00e1st.<\/div>\n      <div class=\"lk-stay-meta\">\n        <span class=\"lk-stay-stars\">\u2605\u2605\u2605\u2605<\/span>\n        <span class=\"lk-stay-price\">80\u2013150 EUR\/\u00e9jszaka-t\u00f3l<\/span>\n      <\/div>\n      <span class=\"lk-stay-cta\">\n        <svg width=\"14\" height=\"14\" viewBox=\"0 0 24 24\" fill=\"none\" stroke=\"currentColor\" stroke-width=\"2\"><path d=\"M18 13v6a2 2 0 0 1-2 2H5a2 2 0 0 1-2-2V8a2 2 0 0 1 2-2h6\"\/><polyline points=\"15 3 21 3 21 9\"\/><line x1=\"10\" y1=\"14\" x2=\"21\" y2=\"3\"\/><\/svg>\n        Ellen\u0151rizd az el\u00e9rhet\u0151s\u00e9get\n      <\/span>\n    <\/a>\n\n    <a class=\"lk-stay-card\" href=\"https:\/\/www.stay22.com\/allez\/roam?aid=lukaskonecny&#038;campaign=loudavymkrokemcz&#038;campaign=hu&#038;campaign=covidetvmarrakesi&#038;address=Marr%C3%A1ke%C5%A1&#038;hotelname=Riad+Dar+El+Bahja+%26+Spa&#038;search=Riad+Dar+El+Bahja+%26+Spa&#038;category=accommodation\" target=\"_blank\" rel=\"nofollow noopener\">\n      <span class=\"lk-stay-badge badge-nature\">\ud83c\udfe1 Panzi\u00f3\/B&#038;B<\/span>\n      <div class=\"lk-stay-name\">Riad Dar El Bahja &#038; Spa<\/div>\n      <div class=\"lk-stay-desc\">Hagyom\u00e1nyos sz\u00e1ll\u00e1shely nagyon kellemes k\u00f6rnyezetben, k\u00f6zel a f\u0151bb esem\u00e9nyekhez, kiv\u00e1l\u00f3 \u00e1r-\u00e9rt\u00e9k ar\u00e1nnyal.<\/div>\n      <div class=\"lk-stay-meta\">\n        <span class=\"lk-stay-stars\">\u2605\u2605\u2605\u2605<\/span>\n        <span class=\"lk-stay-price\"><\/span>\n      <\/div>\n      <span class=\"lk-stay-cta\">\n        <svg width=\"14\" height=\"14\" viewBox=\"0 0 24 24\" fill=\"none\" stroke=\"currentColor\" stroke-width=\"2\"><path d=\"M18 13v6a2 2 0 0 1-2 2H5a2 2 0 0 1-2-2V8a2 2 0 0 1 2-2h6\"\/><polyline points=\"15 3 21 3 21 9\"\/><line x1=\"10\" y1=\"14\" x2=\"21\" y2=\"3\"\/><\/svg>\n        Ellen\u0151rizd az el\u00e9rhet\u0151s\u00e9get\n      <\/span>\n    <\/a>\n\n    <a class=\"lk-stay-card\" href=\"https:\/\/www.stay22.com\/allez\/roam?aid=lukaskonecny&#038;campaign=loudavymkrokemcz&#038;campaign=hu&#038;campaign=covidetvmarrakesi&#038;address=Marr%C3%A1ke%C5%A1&#038;hotelname=El+Fenn&#038;search=El+Fenn&#038;category=accommodation\" target=\"_blank\" rel=\"nofollow noopener\">\n      <span class=\"lk-stay-badge badge-nature\">\u2b50 Luxus<\/span>\n      <div class=\"lk-stay-name\">El Fenn<\/div>\n      <div class=\"lk-stay-desc\">Abszol\u00fat luxus komplexum \u00f6sszekapcsolt riadokkal, t\u00f6bb medenc\u00e9vel, tet\u0151teraszokkal \u00e9s leny\u0171g\u00f6z\u0151 m\u0171v\u00e9szeti gy\u0171jtem\u00e9nyekkel.<\/div>\n      <div class=\"lk-stay-meta\">\n        <span class=\"lk-stay-stars\">\u2605\u2605\u2605\u2605<\/span>\n        <span class=\"lk-stay-price\">400 EUR\/\u00e9jszaka-t\u00f3l<\/span>\n      <\/div>\n      <span class=\"lk-stay-cta\">\n        <svg width=\"14\" height=\"14\" viewBox=\"0 0 24 24\" fill=\"none\" stroke=\"currentColor\" stroke-width=\"2\"><path d=\"M18 13v6a2 2 0 0 1-2 2H5a2 2 0 0 1-2-2V8a2 2 0 0 1 2-2h6\"\/><polyline points=\"15 3 21 3 21 9\"\/><line x1=\"10\" y1=\"14\" x2=\"21\" y2=\"3\"\/><\/svg>\n        Ellen\u0151rizd az el\u00e9rhet\u0151s\u00e9get\n      <\/span>\n    <\/a>\n\n    <a class=\"lk-stay-card\" href=\"https:\/\/www.stay22.com\/allez\/roam?aid=lukaskonecny&#038;campaign=loudavymkrokemcz&#038;campaign=hu&#038;campaign=covidetvmarrakesi&#038;address=Marr%C3%A1ke%C5%A1&#038;hotelname=Riad+Sijane&#038;search=Riad+Sijane&#038;category=accommodation\" target=\"_blank\" rel=\"nofollow noopener\">\n      <span class=\"lk-stay-badge badge-nature\">\ud83c\udfe1 Panzi\u00f3\/B&#038;B<\/span>\n      <div class=\"lk-stay-name\">Riad Sijane<\/div>\n      <div class=\"lk-stay-desc\">Nagyon n\u00e9pszer\u0171, szer\u00e9nyebb \u00e9s olcs\u00f3bb riad v\u00e1ltozat a medin\u00e1ban korl\u00e1tozott k\u00f6lts\u00e9gvet\u00e9s\u0171 utaz\u00f3k sz\u00e1m\u00e1ra.<\/div>\n      <div class=\"lk-stay-meta\">\n        <span class=\"lk-stay-stars\">\u2605\u2605\u2605\u2605<\/span>\n        <span class=\"lk-stay-price\"><\/span>\n      <\/div>\n      <span class=\"lk-stay-cta\">\n        <svg width=\"14\" height=\"14\" viewBox=\"0 0 24 24\" fill=\"none\" stroke=\"currentColor\" stroke-width=\"2\"><path d=\"M18 13v6a2 2 0 0 1-2 2H5a2 2 0 0 1-2-2V8a2 2 0 0 1 2-2h6\"\/><polyline points=\"15 3 21 3 21 9\"\/><line x1=\"10\" y1=\"14\" x2=\"21\" y2=\"3\"\/><\/svg>\n        Ellen\u0151rizd az el\u00e9rhet\u0151s\u00e9get\n      <\/span>\n    <\/a>\n\n    <a class=\"lk-stay-card\" href=\"https:\/\/www.stay22.com\/allez\/roam?aid=lukaskonecny&#038;campaign=loudavymkrokemcz&#038;campaign=hu&#038;campaign=covidetvmarrakesi&#038;address=marr\u00e1ke\u0161\" target=\"_blank\" rel=\"nofollow noopener\">\n      <span class=\"lk-stay-badge badge-nature\">\ud83d\udd0d Keres\u00e9s<\/span>\n      <div class=\"lk-stay-name\">\u00d6sszes sz\u00e1ll\u00e1shely megtekint\u00e9se Marrakeshben<\/div>\n      <div class=\"lk-stay-desc\">Fedezze fel az \u00f6sszes el\u00e9rhet\u0151 sz\u00e1ll\u00e1slehet\u0151s\u00e9get Marrakeshben, \u00e9s tal\u00e1lja meg a legjobbat preferenci\u00e1i \u00e9s k\u00f6lts\u00e9gvet\u00e9se alapj\u00e1n.<\/div>\n      <div class=\"lk-stay-meta\">\n        <span class=\"lk-stay-stars\">\u2605\u2605\u2605\u2605<\/span>\n        <span class=\"lk-stay-price\">\u00c1rak \u00f6sszehasonl\u00edt\u00e1sa<\/span>\n      <\/div>\n      <span class=\"lk-stay-cta\">\n        <svg width=\"14\" height=\"14\" viewBox=\"0 0 24 24\" fill=\"none\" stroke=\"currentColor\" stroke-width=\"2\"><path d=\"M18 13v6a2 2 0 0 1-2 2H5a2 2 0 0 1-2-2V8a2 2 0 0 1 2-2h6\"\/><polyline points=\"15 3 21 3 21 9\"\/><line x1=\"10\" y1=\"14\" x2=\"21\" y2=\"3\"\/><\/svg>\n        Ellen\u0151rizd az el\u00e9rhet\u0151s\u00e9get\n      <\/span>\n    <\/a>\n\n  <\/div>\n\n  \n<\/div>\n\n\n\n\n<h3 class=\"wp-block-heading\"><span class=\"ez-toc-section\" id=\"12_Maison_de_la_Photographie_Fotomuzeum\"><\/span>12. Maison de la Photographie (Fot\u00f3m\u00fazeum)<span class=\"ez-toc-section-end\"><\/span><\/h3>\n\n\n\n<p class=\"wp-block-paragraph\">Ez a csod\u00e1latos m\u00fazeum Marr\u00e1kes igazi rejtett \u00e9kszere, amir\u0151l rengeteg turista teljesen megfeledkezik, ami \u00f3ri\u00e1si k\u00e1r. <strong>A Maison de la Photographie egy gy\u00f6ny\u00f6r\u0171en fel\u00faj\u00edtott hagyom\u00e1nyos riadban tal\u00e1lhat\u00f3<\/strong>, \u00e9s Marokk\u00f3 1870 \u00e9s 1950 k\u00f6z\u00f6tti t\u00f6rt\u00e9nelmi f\u00e9nyk\u00e9peinek leny\u0171g\u00f6z\u0151 gy\u0171jtem\u00e9ny\u00e9t rejti. A ki\u00e1ll\u00edtott fot\u00f3k gy\u00f6ny\u00f6r\u0171en \u00e9s nyersen dokument\u00e1lj\u00e1k, hogyan fejl\u0151d\u00f6tt a helyi kult\u00fara, a berber t\u00f6rzsek \u00e9s maga a v\u00e1ros az \u00e9vtizedek sor\u00e1n.<\/p>\n\n\n\n<p class=\"wp-block-paragraph\">Mag\u00e1n a ki\u00e1ll\u00edt\u00e1son k\u00edv\u00fcl a m\u00fazeumnak van m\u00e9g egy \u00f3ri\u00e1si vonzereje, ami\u00e9rt \u00e9rdemes megfizetni a bel\u00e9p\u0151t. <strong>A tetej\u00e9n ugyanis a medina egyik legjobb k\u00e1v\u00e9z\u00f3ja tal\u00e1lhat\u00f3<\/strong>, amely fantasztikus panor\u00e1m\u00e1t k\u00edn\u00e1l az eg\u00e9sz v\u00e1rosra, a t\u00e1volban pedig az Atlasz-hegys\u00e9g havas cs\u00facsaira. Teljesen ide\u00e1lis hely, ahol a l\u00e1togat\u00e1s ut\u00e1n megihatsz egy friss\u00edt\u0151, \u00e9des mentate\u00e1t, \u00e9s egy kicsit ellazulhatsz az \u00e1rny\u00e9kban.<\/p>\n\n\n\n<figure data-wp-context=\"{&quot;imageId&quot;:&quot;6a952ff687664&quot;}\" data-wp-interactive=\"core\/image\" data-wp-key=\"6a952ff687664\" class=\"wp-block-image size-full wp-lightbox-container\"><img decoding=\"async\" width=\"1800\" height=\"1200\" data-wp-class--hide=\"state.isContentHidden\" data-wp-class--show=\"state.isContentVisible\" data-wp-init=\"callbacks.setButtonStyles\" data-wp-on--click=\"actions.showLightbox\" data-wp-on--load=\"callbacks.setButtonStyles\" data-wp-on--pointerdown=\"actions.preloadImage\" data-wp-on--pointerenter=\"actions.preloadImageWithDelay\" data-wp-on--pointerleave=\"actions.cancelPreload\" data-wp-on-window--resize=\"callbacks.setButtonStyles\" src=\"https:\/\/loudavymkrokem.cz\/wp-content\/uploads\/2026\/08\/maroko-clanky-co-videt-v-marrakesi-17.jpg\" alt=\"A medina sz\u0171k utc\u00e1ja alkonyatkor\" class=\"wp-image-395809\" title=\"\" srcset=\"https:\/\/loudavymkrokem.cz\/wp-content\/uploads\/2026\/08\/maroko-clanky-co-videt-v-marrakesi-17.jpg 1800w, https:\/\/loudavymkrokem.cz\/wp-content\/uploads\/2026\/08\/maroko-clanky-co-videt-v-marrakesi-17-300x200.jpg 300w, https:\/\/loudavymkrokem.cz\/wp-content\/uploads\/2026\/08\/maroko-clanky-co-videt-v-marrakesi-17-700x467.jpg 700w, https:\/\/loudavymkrokem.cz\/wp-content\/uploads\/2026\/08\/maroko-clanky-co-videt-v-marrakesi-17-768x512.jpg 768w, https:\/\/loudavymkrokem.cz\/wp-content\/uploads\/2026\/08\/maroko-clanky-co-videt-v-marrakesi-17-1536x1024.jpg 1536w, https:\/\/loudavymkrokem.cz\/wp-content\/uploads\/2026\/08\/maroko-clanky-co-videt-v-marrakesi-17-696x464.jpg 696w, https:\/\/loudavymkrokem.cz\/wp-content\/uploads\/2026\/08\/maroko-clanky-co-videt-v-marrakesi-17-1392x928.jpg 1392w\" sizes=\"(max-width: 1800px) 100vw, 1800px\" \/><button\n\t\t\tclass=\"lightbox-trigger\"\n\t\t\ttype=\"button\"\n\t\t\taria-haspopup=\"dialog\"\n\t\t\tdata-wp-bind--aria-label=\"state.thisImage.triggerButtonAriaLabel\"\n\t\t\tdata-wp-init=\"callbacks.initTriggerButton\"\n\t\t\tdata-wp-on--click=\"actions.showLightbox\"\n\t\t\tdata-wp-style--right=\"state.thisImage.buttonRight\"\n\t\t\tdata-wp-style--top=\"state.thisImage.buttonTop\"\n\t\t>\n\t\t\t<svg xmlns=\"http:\/\/www.w3.org\/2000\/svg\" width=\"12\" height=\"12\" fill=\"none\" viewBox=\"0 0 12 12\">\n\t\t\t\t<path fill=\"#fff\" d=\"M2 0a2 2 0 0 0-2 2v2h1.5V2a.5.5 0 0 1 .5-.5h2V0H2Zm2 10.5H2a.5.5 0 0 1-.5-.5V8H0v2a2 2 0 0 0 2 2h2v-1.5ZM8 12v-1.5h2a.5.5 0 0 0 .5-.5V8H12v2a2 2 0 0 1-2 2H8Zm2-12a2 2 0 0 1 2 2v2h-1.5V2a.5.5 0 0 0-.5-.5H8V0h2Z\" \/>\n\t\t\t<\/svg>\n\t\t<\/button><figcaption class=\"wp-element-caption\">Foto: Andre Manuel \/ Pexels<\/figcaption><\/figure>\n\n\n\n<h3 class=\"wp-block-heading\"><span class=\"ez-toc-section\" id=\"13_Biztonsag_a_medinaban_sotetedes_utan\"><\/span>13. Biztons\u00e1g a medin\u00e1ban s\u00f6t\u00e9ted\u00e9s ut\u00e1n<span class=\"ez-toc-section-end\"><\/span><\/h3>\n\n\n\n<p class=\"wp-block-paragraph\">B\u00e1r Marr\u00e1kes nappal ny\u00fczsg\u0151 \u00e9s a szem\u00e9lyes biztons\u00e1g szempontj\u00e1b\u00f3l viszonylag megb\u00edzhat\u00f3 hely, <strong>s\u00f6t\u00e9ted\u00e9s ut\u00e1n a medina sz\u0171k utc\u00e1inak hangulata jelent\u0151sen megv\u00e1ltozik<\/strong>. Az utunk sor\u00e1n nagyon gyorsan meger\u0151s\u00edtett\u00fck magunkban, hogy a s\u00f6t\u00e9t utc\u00e1kban val\u00f3 t\u00e1j\u00e9koz\u00f3d\u00e1s sokkal bonyolultabb, \u00e9s maga a medina \u00e9jszaka vesz\u00e9lyes lehet. Gyorsan elt\u0171nnek bel\u0151le az embert\u00f6megek, \u00e9s nagyon k\u00f6nnyen \u00fcres, s\u00f6t\u00e9t zugokban tal\u00e1lod magad, seg\u00edts\u00e9gk\u00e9r\u00e9si lehet\u0151s\u00e9g n\u00e9lk\u00fcl.<\/p>\n\n\n\n<p class=\"wp-block-paragraph\">K\u00fcl\u00f6n\u00f6s \u00e9s fokozott \u00f3vatoss\u00e1g \u00e9rv\u00e9nyes f\u0151leg a n\u0151kre. <strong>N\u0151knek \u00e9jszaka semmik\u00e9pp se szabad egyed\u00fcl k\u00f6zlekedni\u00fck a medin\u00e1ban<\/strong>. Ha vacsora ut\u00e1n csak s\u00f6t\u00e9ted\u00e9s ut\u00e1n t\u00e9rsz vissza a riadodba, tartsd magad a f\u0151, j\u00f3l megvil\u00e1g\u00edtott \u00fatvonalakhoz, ne haszn\u00e1lj semmilyen k\u00e9tes r\u00f6vid\u00edt\u00e9st, \u00e9s ide\u00e1lis esetben mindig k\u00eds\u00e9rtesd magad a sz\u00e1lloda szem\u00e9lyzet\u00e9nek valamelyik tagj\u00e1val. Az orsz\u00e1g \u00e1ltal\u00e1nos biztons\u00e1g\u00e1r\u00f3l sz\u00f3l\u00f3 r\u00e9szletes inform\u00e1ci\u00f3k\u00e9rt mindenk\u00e9pp olvasd el a terjedelmes cikk\u00fcnket: <a href=\"https:\/\/loudavymkrokem.cz\/hu\/marokko-biztonsag-tippek\/\">Marokk\u00f3 biztons\u00e1g: 18 dolog, amire figyelj<\/a>.<\/p>\n\n\n\n<figure data-wp-context=\"{&quot;imageId&quot;:&quot;6a952ff687d1d&quot;}\" data-wp-interactive=\"core\/image\" data-wp-key=\"6a952ff687d1d\" class=\"wp-block-image size-full wp-lightbox-container\"><img decoding=\"async\" width=\"1800\" height=\"1200\" data-wp-class--hide=\"state.isContentHidden\" data-wp-class--show=\"state.isContentVisible\" data-wp-init=\"callbacks.setButtonStyles\" data-wp-on--click=\"actions.showLightbox\" data-wp-on--load=\"callbacks.setButtonStyles\" data-wp-on--pointerdown=\"actions.preloadImage\" data-wp-on--pointerenter=\"actions.preloadImageWithDelay\" data-wp-on--pointerleave=\"actions.cancelPreload\" data-wp-on-window--resize=\"callbacks.setButtonStyles\" src=\"https:\/\/loudavymkrokem.cz\/wp-content\/uploads\/2026\/08\/maroko-clanky-co-videt-v-marrakesi-18.jpg\" alt=\"K\u00e9z d\u00edsz\u00edt\u00e9se henn\u00e1val\" class=\"wp-image-395812\" title=\"\" srcset=\"https:\/\/loudavymkrokem.cz\/wp-content\/uploads\/2026\/08\/maroko-clanky-co-videt-v-marrakesi-18.jpg 1800w, https:\/\/loudavymkrokem.cz\/wp-content\/uploads\/2026\/08\/maroko-clanky-co-videt-v-marrakesi-18-300x200.jpg 300w, https:\/\/loudavymkrokem.cz\/wp-content\/uploads\/2026\/08\/maroko-clanky-co-videt-v-marrakesi-18-700x467.jpg 700w, https:\/\/loudavymkrokem.cz\/wp-content\/uploads\/2026\/08\/maroko-clanky-co-videt-v-marrakesi-18-768x512.jpg 768w, https:\/\/loudavymkrokem.cz\/wp-content\/uploads\/2026\/08\/maroko-clanky-co-videt-v-marrakesi-18-1536x1024.jpg 1536w, https:\/\/loudavymkrokem.cz\/wp-content\/uploads\/2026\/08\/maroko-clanky-co-videt-v-marrakesi-18-696x464.jpg 696w, https:\/\/loudavymkrokem.cz\/wp-content\/uploads\/2026\/08\/maroko-clanky-co-videt-v-marrakesi-18-1392x928.jpg 1392w\" sizes=\"(max-width: 1800px) 100vw, 1800px\" \/><button\n\t\t\tclass=\"lightbox-trigger\"\n\t\t\ttype=\"button\"\n\t\t\taria-haspopup=\"dialog\"\n\t\t\tdata-wp-bind--aria-label=\"state.thisImage.triggerButtonAriaLabel\"\n\t\t\tdata-wp-init=\"callbacks.initTriggerButton\"\n\t\t\tdata-wp-on--click=\"actions.showLightbox\"\n\t\t\tdata-wp-style--right=\"state.thisImage.buttonRight\"\n\t\t\tdata-wp-style--top=\"state.thisImage.buttonTop\"\n\t\t>\n\t\t\t<svg xmlns=\"http:\/\/www.w3.org\/2000\/svg\" width=\"12\" height=\"12\" fill=\"none\" viewBox=\"0 0 12 12\">\n\t\t\t\t<path fill=\"#fff\" d=\"M2 0a2 2 0 0 0-2 2v2h1.5V2a.5.5 0 0 1 .5-.5h2V0H2Zm2 10.5H2a.5.5 0 0 1-.5-.5V8H0v2a2 2 0 0 0 2 2h2v-1.5ZM8 12v-1.5h2a.5.5 0 0 0 .5-.5V8H12v2a2 2 0 0 1-2 2H8Zm2-12a2 2 0 0 1 2 2v2h-1.5V2a.5.5 0 0 0-.5-.5H8V0h2Z\" \/>\n\t\t\t<\/svg>\n\t\t<\/button><figcaption class=\"wp-element-caption\">Foto: Brahim FARAJI \/ Wikimedia Commons, CC BY-SA 4.0<\/figcaption><\/figure>\n\n\n\n<h3 class=\"wp-block-heading\"><span class=\"ez-toc-section\" id=\"14_Atveres_Vigyazz_az_%E2%80%9Eingyen_hennaval%E2%80%9D_a_teren\"><\/span>14. \u00c1tver\u00e9s: Vigy\u00e1zz az \u201eingyen henn\u00e1val&#8221; a t\u00e9ren<span class=\"ez-toc-section-end\"><\/span><\/h3>\n\n\n\n<p class=\"wp-block-paragraph\">Az egyik leggyakoribb \u00e9s legalattomosabb \u00e1tver\u00e9s, amivel a turist\u00e1k Marr\u00e1kesben szinte biztosan tal\u00e1lkoznak, k\u00f6zvetlen\u00fcl a k\u00f6zponti Dzsemaa el-Fna t\u00e9ren zajlik. A helyi n\u0151k a semmib\u0151l megragadj\u00e1k a kezed, \u00e9s <strong>vill\u00e1mgyorsan elkezdenek r\u00e1 hennamint\u00e1t festeni azzal, hogy \u201efree&#8221; vagy \u00fcdv\u00f6zl\u0151 aj\u00e1nd\u00e9k<\/strong>. Amint azonban a minta elk\u00e9sz\u00fcl, azonnal nagyon agressz\u00edven kezdenek 200 \u00e9s 500 MAD k\u00f6z\u00f6tti \u00f6sszeget k\u00f6vetelni, \u00e9s \u00f3ri\u00e1si jelenetet rendeznek.<\/p>\n\n\n\n<p class=\"wp-block-paragraph\">De itt nem csak a kidobott p\u00e9nzr\u0151l \u00e9s az elrontott hangulatr\u00f3l van sz\u00f3, <strong>egy \u00f3ri\u00e1si eg\u00e9szs\u00e9g\u00fcgyi kock\u00e1zat is rejlik benne<\/strong>, amir\u0151l rengeteg ember megfeledkezik. Sok ilyen n\u0151 \u00fagynevezett \u201efekete henn\u00e1t&#8221; haszn\u00e1l, amely tartalmazza a m\u00e9rgez\u0151 PPD anyagot. Ez s\u00falyos allergi\u00e1s reakci\u00f3kat, \u00e9g\u00e9si s\u00e9r\u00fcl\u00e9seket okozhat, \u00e9s kiv\u00e9teles esetekben tart\u00f3s hegeket is hagy. \ud83d\udca1 Tipp: Ha henn\u00e1val k\u00f6zel\u00edt fel\u00e9d valaki, dugd a kezed a h\u00e1tad m\u00f6g\u00e9, \u00e9s nagyon hat\u00e1rozottan mondd, hogy \u201eLa, shukran&#8221; (Nem, k\u00f6sz\u00f6n\u00f6m).<\/p>\n\n\n\n<figure data-wp-context=\"{&quot;imageId&quot;:&quot;6a952ff6883ce&quot;}\" data-wp-interactive=\"core\/image\" data-wp-key=\"6a952ff6883ce\" class=\"wp-block-image size-full wp-lightbox-container\"><img decoding=\"async\" width=\"1800\" height=\"1199\" data-wp-class--hide=\"state.isContentHidden\" data-wp-class--show=\"state.isContentVisible\" data-wp-init=\"callbacks.setButtonStyles\" data-wp-on--click=\"actions.showLightbox\" data-wp-on--load=\"callbacks.setButtonStyles\" data-wp-on--pointerdown=\"actions.preloadImage\" data-wp-on--pointerenter=\"actions.preloadImageWithDelay\" data-wp-on--pointerleave=\"actions.cancelPreload\" data-wp-on-window--resize=\"callbacks.setButtonStyles\" src=\"https:\/\/loudavymkrokem.cz\/wp-content\/uploads\/2026\/08\/maroko-clanky-co-videt-v-marrakesi-19.jpg\" alt=\"K\u00edgy\u00f3b\u0171v\u00f6l\u0151 a Dzsemaa el-Fna t\u00e9ren\" class=\"wp-image-395815\" title=\"\" srcset=\"https:\/\/loudavymkrokem.cz\/wp-content\/uploads\/2026\/08\/maroko-clanky-co-videt-v-marrakesi-19.jpg 1800w, https:\/\/loudavymkrokem.cz\/wp-content\/uploads\/2026\/08\/maroko-clanky-co-videt-v-marrakesi-19-300x200.jpg 300w, https:\/\/loudavymkrokem.cz\/wp-content\/uploads\/2026\/08\/maroko-clanky-co-videt-v-marrakesi-19-700x466.jpg 700w, https:\/\/loudavymkrokem.cz\/wp-content\/uploads\/2026\/08\/maroko-clanky-co-videt-v-marrakesi-19-768x512.jpg 768w, https:\/\/loudavymkrokem.cz\/wp-content\/uploads\/2026\/08\/maroko-clanky-co-videt-v-marrakesi-19-1536x1023.jpg 1536w, https:\/\/loudavymkrokem.cz\/wp-content\/uploads\/2026\/08\/maroko-clanky-co-videt-v-marrakesi-19-696x464.jpg 696w, https:\/\/loudavymkrokem.cz\/wp-content\/uploads\/2026\/08\/maroko-clanky-co-videt-v-marrakesi-19-1392x927.jpg 1392w\" sizes=\"(max-width: 1800px) 100vw, 1800px\" \/><button\n\t\t\tclass=\"lightbox-trigger\"\n\t\t\ttype=\"button\"\n\t\t\taria-haspopup=\"dialog\"\n\t\t\tdata-wp-bind--aria-label=\"state.thisImage.triggerButtonAriaLabel\"\n\t\t\tdata-wp-init=\"callbacks.initTriggerButton\"\n\t\t\tdata-wp-on--click=\"actions.showLightbox\"\n\t\t\tdata-wp-style--right=\"state.thisImage.buttonRight\"\n\t\t\tdata-wp-style--top=\"state.thisImage.buttonTop\"\n\t\t>\n\t\t\t<svg xmlns=\"http:\/\/www.w3.org\/2000\/svg\" width=\"12\" height=\"12\" fill=\"none\" viewBox=\"0 0 12 12\">\n\t\t\t\t<path fill=\"#fff\" d=\"M2 0a2 2 0 0 0-2 2v2h1.5V2a.5.5 0 0 1 .5-.5h2V0H2Zm2 10.5H2a.5.5 0 0 1-.5-.5V8H0v2a2 2 0 0 0 2 2h2v-1.5ZM8 12v-1.5h2a.5.5 0 0 0 .5-.5V8H12v2a2 2 0 0 1-2 2H8Zm2-12a2 2 0 0 1 2 2v2h-1.5V2a.5.5 0 0 0-.5-.5H8V0h2Z\" \/>\n\t\t\t<\/svg>\n\t\t<\/button><figcaption class=\"wp-element-caption\">Foto: Philipp Martin \/ Pexels<\/figcaption><\/figure>\n\n\n\n<h3 class=\"wp-block-heading\"><span class=\"ez-toc-section\" id=\"15_Atveres_Allatok_mint_fotokellekek\"><\/span>15. \u00c1tver\u00e9s: \u00c1llatok mint fot\u00f3kell\u00e9kek<span class=\"ez-toc-section-end\"><\/span><\/h3>\n\n\n\n<p class=\"wp-block-paragraph\">A Dzsemaa el-Fna t\u00e9ren s\u00e9t\u00e1lva sajnos folyamatosan l\u00e1tsz majd egy csom\u00f3 l\u00e1ncra k\u00f6t\u00f6tt kismajmos f\u00e9rfit vagy sz\u0151nyegen \u00fcl\u0151 k\u00edgy\u00f3b\u0171v\u00f6l\u0151t. <strong>Ezeket az \u00e1llatokat gyakran teljesen borzalmas k\u00f6r\u00fclm\u00e9nyek k\u00f6z\u00f6tt tartj\u00e1k<\/strong>, \u00e9s puszt\u00e1n vizu\u00e1lis kell\u00e9kk\u00e9nt szolg\u00e1lnak a naiv turist\u00e1k sz\u00f3rakoztat\u00e1s\u00e1ra. Gyakran el\u0151fordul, hogy a semmib\u0151l egy majmot \u00fcltetnek a v\u00e1lladra, vagy egy k\u00edgy\u00f3t tesznek a nyakadba, an\u00e9lk\u00fcl hogy egy\u00e1ltal\u00e1n k\u00e9rted volna.<\/p>\n\n\n\n<p class=\"wp-block-paragraph\">Amint lefot\u00f3zod az \u00e1llatot, vagy \u0151k fot\u00f3znak le vele, <strong>azonnal \u00e9rtelmetlen\u00fcl magas \u00f6sszeget kezdenek k\u00f6vetelni a fot\u00f3\u00e9rt<\/strong>, \u00e9s nagyon kellemetlenek tudnak lenni. Etikai okokb\u00f3l \u00e9s az \u00e1llatok v\u00e9delme miatt nyomat\u00e9kosan javasoljuk, hogy egy\u00e1ltal\u00e1n ne szentelj figyelmet ezeknek az attrakci\u00f3knak. Ne teremts szemkontaktust ezekkel az emberekkel, \u00e9s pl\u00e1ne ne fot\u00f3zd az \u00e1llatokat, m\u00e9g nagy t\u00e1vols\u00e1gb\u00f3l sem. B\u00e1rmilyen r\u00e1juk ir\u00e1ny\u00edtott f\u00e9nyk\u00e9pez\u0151g\u00e9p azonnali jel sz\u00e1mukra a p\u00e9nzk\u00e9r\u00e9shez.<\/p>\n\n\n\n<figure data-wp-context=\"{&quot;imageId&quot;:&quot;6a952ff688a7b&quot;}\" data-wp-interactive=\"core\/image\" data-wp-key=\"6a952ff688a7b\" class=\"wp-block-image size-full wp-lightbox-container\"><img decoding=\"async\" width=\"1800\" height=\"1200\" data-wp-class--hide=\"state.isContentHidden\" data-wp-class--show=\"state.isContentVisible\" data-wp-init=\"callbacks.setButtonStyles\" data-wp-on--click=\"actions.showLightbox\" data-wp-on--load=\"callbacks.setButtonStyles\" data-wp-on--pointerdown=\"actions.preloadImage\" data-wp-on--pointerenter=\"actions.preloadImageWithDelay\" data-wp-on--pointerleave=\"actions.cancelPreload\" data-wp-on-window--resize=\"callbacks.setButtonStyles\" src=\"https:\/\/loudavymkrokem.cz\/wp-content\/uploads\/2026\/08\/maroko-clanky-co-videt-v-marrakesi-20.jpg\" alt=\"\u00c1rus a medina utc\u00e1j\u00e1ban\" class=\"wp-image-395817\" title=\"\" srcset=\"https:\/\/loudavymkrokem.cz\/wp-content\/uploads\/2026\/08\/maroko-clanky-co-videt-v-marrakesi-20.jpg 1800w, https:\/\/loudavymkrokem.cz\/wp-content\/uploads\/2026\/08\/maroko-clanky-co-videt-v-marrakesi-20-300x200.jpg 300w, https:\/\/loudavymkrokem.cz\/wp-content\/uploads\/2026\/08\/maroko-clanky-co-videt-v-marrakesi-20-700x467.jpg 700w, https:\/\/loudavymkrokem.cz\/wp-content\/uploads\/2026\/08\/maroko-clanky-co-videt-v-marrakesi-20-768x512.jpg 768w, https:\/\/loudavymkrokem.cz\/wp-content\/uploads\/2026\/08\/maroko-clanky-co-videt-v-marrakesi-20-1536x1024.jpg 1536w, https:\/\/loudavymkrokem.cz\/wp-content\/uploads\/2026\/08\/maroko-clanky-co-videt-v-marrakesi-20-696x464.jpg 696w, https:\/\/loudavymkrokem.cz\/wp-content\/uploads\/2026\/08\/maroko-clanky-co-videt-v-marrakesi-20-1392x928.jpg 1392w\" sizes=\"(max-width: 1800px) 100vw, 1800px\" \/><button\n\t\t\tclass=\"lightbox-trigger\"\n\t\t\ttype=\"button\"\n\t\t\taria-haspopup=\"dialog\"\n\t\t\tdata-wp-bind--aria-label=\"state.thisImage.triggerButtonAriaLabel\"\n\t\t\tdata-wp-init=\"callbacks.initTriggerButton\"\n\t\t\tdata-wp-on--click=\"actions.showLightbox\"\n\t\t\tdata-wp-style--right=\"state.thisImage.buttonRight\"\n\t\t\tdata-wp-style--top=\"state.thisImage.buttonTop\"\n\t\t>\n\t\t\t<svg xmlns=\"http:\/\/www.w3.org\/2000\/svg\" width=\"12\" height=\"12\" fill=\"none\" viewBox=\"0 0 12 12\">\n\t\t\t\t<path fill=\"#fff\" d=\"M2 0a2 2 0 0 0-2 2v2h1.5V2a.5.5 0 0 1 .5-.5h2V0H2Zm2 10.5H2a.5.5 0 0 1-.5-.5V8H0v2a2 2 0 0 0 2 2h2v-1.5ZM8 12v-1.5h2a.5.5 0 0 0 .5-.5V8H12v2a2 2 0 0 1-2 2H8Zm2-12a2 2 0 0 1 2 2v2h-1.5V2a.5.5 0 0 0-.5-.5H8V0h2Z\" \/>\n\t\t\t<\/svg>\n\t\t<\/button><figcaption class=\"wp-element-caption\">Foto: Fabnel LDN \/ Pexels<\/figcaption><\/figure>\n\n\n\n<h3 class=\"wp-block-heading\"><span class=\"ez-toc-section\" id=\"16_Atveres_Hamis_idegenvezetok_es_%E2%80%9Esegitok%E2%80%9D\"><\/span>16. \u00c1tver\u00e9s: Hamis idegenvezet\u0151k \u00e9s \u201eseg\u00edt\u0151k&#8221;<span class=\"ez-toc-section-end\"><\/span><\/h3>\n\n\n\n<p class=\"wp-block-paragraph\">A ny\u00fczsg\u0151 medin\u00e1ban gyakorlatilag teljes biztons\u00e1ggal \u00e1ll\u00edthat\u00f3, hogy el\u0151bb-ut\u00f3bb csatlakozik hozz\u00e1d valaki idegen. A helyi fiatalok \u00e9szrev\u00e9tlen\u00fcl elkezdenek melletted menni, mutatj\u00e1k neked az ir\u00e1nyt a l\u00e1tnival\u00f3khoz, vagy buzg\u00f3n magyar\u00e1zni kezdik a v\u00e1ros t\u00f6rt\u00e9nelm\u00e9t. <strong>Ennek a k\u00e9retlen t\u00far\u00e1nak a v\u00e9g\u00e9n persze nagyon v\u00e1logat\u00e1s n\u00e9lk\u00fcl p\u00e9nzt k\u00e9rnek<\/strong>, m\u00e9g akkor is, ha az elej\u00e9n folyamatosan azt \u00e1ll\u00edtott\u00e1k, hogy csak bar\u00e1ts\u00e1gosan \u00e9s \u00f6nzetlen\u00fcl akarnak seg\u00edteni az utad megtal\u00e1l\u00e1s\u00e1ban.<\/p>\n\n\n\n<p class=\"wp-block-paragraph\">Jegyezd meg j\u00f3l, hogy <strong>a hivatalos, enged\u00e9llyel rendelkez\u0151 idegenvezet\u0151knek mindig van l\u00e1that\u00f3 azonos\u00edt\u00f3 k\u00e1rty\u00e1juk<\/strong>, r\u00e1ad\u00e1sul a t\u00far\u00e1t el\u0151re le kell egyeztetned vel\u00fck. B\u00e1rmelyik \u00f6njel\u00f6lt idegenvezet\u0151t vissza kell utas\u00edtanod m\u00e1r az els\u0151 m\u00e1sodpercekben, udvariasan, de teljesen hajthatatlanul. Ha m\u00e9g mindig melletted marad \u00e9s besz\u00e9l hozz\u00e1d, egyszer\u0171en hagyd figyelmen k\u00edv\u00fcl, \u00e9s menj be a legk\u00f6zelebbi boltba vagy k\u00e1v\u00e9z\u00f3ba, am\u00edg el nem megy.<\/p>\n\n\n\n<figure data-wp-context=\"{&quot;imageId&quot;:&quot;6a952ff689126&quot;}\" data-wp-interactive=\"core\/image\" data-wp-key=\"6a952ff689126\" class=\"wp-block-image size-full wp-lightbox-container\"><img decoding=\"async\" width=\"1800\" height=\"1197\" data-wp-class--hide=\"state.isContentHidden\" data-wp-class--show=\"state.isContentVisible\" data-wp-init=\"callbacks.setButtonStyles\" data-wp-on--click=\"actions.showLightbox\" data-wp-on--load=\"callbacks.setButtonStyles\" data-wp-on--pointerdown=\"actions.preloadImage\" data-wp-on--pointerenter=\"actions.preloadImageWithDelay\" data-wp-on--pointerleave=\"actions.cancelPreload\" data-wp-on-window--resize=\"callbacks.setButtonStyles\" src=\"https:\/\/loudavymkrokem.cz\/wp-content\/uploads\/2026\/08\/maroko-clanky-co-videt-v-marrakesi-21.jpg\" alt=\"\u00c1tj\u00e1r\u00f3 a marr\u00e1kesi medin\u00e1ban\" class=\"wp-image-395820\" title=\"\" srcset=\"https:\/\/loudavymkrokem.cz\/wp-content\/uploads\/2026\/08\/maroko-clanky-co-videt-v-marrakesi-21.jpg 1800w, https:\/\/loudavymkrokem.cz\/wp-content\/uploads\/2026\/08\/maroko-clanky-co-videt-v-marrakesi-21-300x200.jpg 300w, https:\/\/loudavymkrokem.cz\/wp-content\/uploads\/2026\/08\/maroko-clanky-co-videt-v-marrakesi-21-700x466.jpg 700w, https:\/\/loudavymkrokem.cz\/wp-content\/uploads\/2026\/08\/maroko-clanky-co-videt-v-marrakesi-21-768x511.jpg 768w, https:\/\/loudavymkrokem.cz\/wp-content\/uploads\/2026\/08\/maroko-clanky-co-videt-v-marrakesi-21-1536x1021.jpg 1536w, https:\/\/loudavymkrokem.cz\/wp-content\/uploads\/2026\/08\/maroko-clanky-co-videt-v-marrakesi-21-696x463.jpg 696w, https:\/\/loudavymkrokem.cz\/wp-content\/uploads\/2026\/08\/maroko-clanky-co-videt-v-marrakesi-21-1392x926.jpg 1392w\" sizes=\"(max-width: 1800px) 100vw, 1800px\" \/><button\n\t\t\tclass=\"lightbox-trigger\"\n\t\t\ttype=\"button\"\n\t\t\taria-haspopup=\"dialog\"\n\t\t\tdata-wp-bind--aria-label=\"state.thisImage.triggerButtonAriaLabel\"\n\t\t\tdata-wp-init=\"callbacks.initTriggerButton\"\n\t\t\tdata-wp-on--click=\"actions.showLightbox\"\n\t\t\tdata-wp-style--right=\"state.thisImage.buttonRight\"\n\t\t\tdata-wp-style--top=\"state.thisImage.buttonTop\"\n\t\t>\n\t\t\t<svg xmlns=\"http:\/\/www.w3.org\/2000\/svg\" width=\"12\" height=\"12\" fill=\"none\" viewBox=\"0 0 12 12\">\n\t\t\t\t<path fill=\"#fff\" d=\"M2 0a2 2 0 0 0-2 2v2h1.5V2a.5.5 0 0 1 .5-.5h2V0H2Zm2 10.5H2a.5.5 0 0 1-.5-.5V8H0v2a2 2 0 0 0 2 2h2v-1.5ZM8 12v-1.5h2a.5.5 0 0 0 .5-.5V8H12v2a2 2 0 0 1-2 2H8Zm2-12a2 2 0 0 1 2 2v2h-1.5V2a.5.5 0 0 0-.5-.5H8V0h2Z\" \/>\n\t\t\t<\/svg>\n\t\t<\/button><figcaption class=\"wp-element-caption\">Foto: Moussa Idrissi \/ Pexels<\/figcaption><\/figure>\n\n\n\n<h3 class=\"wp-block-heading\"><span class=\"ez-toc-section\" id=\"17_Atveres_%E2%80%9EErre_nem_lehet_menni_az_utca_le_van_zarva%E2%80%9D\"><\/span>17. \u00c1tver\u00e9s: \u201eErre nem lehet menni, az utca le van z\u00e1rva&#8221;<span class=\"ez-toc-section-end\"><\/span><\/h3>\n\n\n\n<p class=\"wp-block-paragraph\">Ez tal\u00e1n a legr\u00e9gebbi \u00e9s leggyakrabban haszn\u00e1lt tr\u00fckk a marr\u00e1kesi utcai sz\u00e9lh\u00e1mosok k\u00f6nyv\u00e9ben. Amikor navig\u00e1ci\u00f3val a kezedben pr\u00f3b\u00e1lod megtal\u00e1lni az utat a riadhoz, komoly arccal megsz\u00f3l\u00edt valaki azzal, hogy <strong>az utc\u00e1d ma le van z\u00e1rva, blokkolva van, vagy hogy \u00e9ppen fontos ima zajlik ott<\/strong>. Ezt k\u00f6vet\u0151en persze k\u00e9szs\u00e9gesen felaj\u00e1nlj\u00e1k, hogy elvezetnek egy m\u00e1sik, \u00e1ll\u00edt\u00f3lag \u201ejobb&#8221; \u00faton.<\/p>\n\n\n\n<p class=\"wp-block-paragraph\">Ez a m\u00e1sik \u00fat azonban szinte mindig azzal v\u00e9gz\u0151dik, hogy teljesen m\u00e1shov\u00e1 visznek, betuszkolnak egy ismer\u0151s\u00fck boltj\u00e1ba, vagy hatalmas ker\u00fcl\u0151vel vezetnek el a c\u00e9lodhoz, \u00e9s <strong>agressz\u00edven kezdenek magas fizets\u00e9get k\u00f6vetelni a navig\u00e1ci\u00f3\u00e9rt<\/strong>. \ud83d\udca1 Tipp: T\u00f6ltsd le az offline t\u00e9rk\u00e9peket m\u00e9g otthon, \u00e9s ne feledd, hogy a medin\u00e1ban szinte soha nincsenek lez\u00e1rva az utc\u00e1k. Egyszer\u0171en k\u00f6sz\u00f6nd meg mosolyogva, \u00e9s menj tov\u00e1bb magabiztosan az eredeti ir\u00e1nyodban.<\/p>\n\n\n\n<figure data-wp-context=\"{&quot;imageId&quot;:&quot;6a952ff68998e&quot;}\" data-wp-interactive=\"core\/image\" data-wp-key=\"6a952ff68998e\" class=\"wp-block-image size-full wp-lightbox-container\"><img decoding=\"async\" width=\"1800\" height=\"1347\" data-wp-class--hide=\"state.isContentHidden\" data-wp-class--show=\"state.isContentVisible\" data-wp-init=\"callbacks.setButtonStyles\" data-wp-on--click=\"actions.showLightbox\" data-wp-on--load=\"callbacks.setButtonStyles\" data-wp-on--pointerdown=\"actions.preloadImage\" data-wp-on--pointerenter=\"actions.preloadImageWithDelay\" data-wp-on--pointerleave=\"actions.cancelPreload\" data-wp-on-window--resize=\"callbacks.setButtonStyles\" src=\"https:\/\/loudavymkrokem.cz\/wp-content\/uploads\/2026\/08\/maroko-clanky-co-videt-v-marrakesi-22.jpg\" alt=\"Marokk\u00f3i t\u00edm\u00e1rm\u0171hely\" class=\"wp-image-395823\" title=\"\" srcset=\"https:\/\/loudavymkrokem.cz\/wp-content\/uploads\/2026\/08\/maroko-clanky-co-videt-v-marrakesi-22.jpg 1800w, https:\/\/loudavymkrokem.cz\/wp-content\/uploads\/2026\/08\/maroko-clanky-co-videt-v-marrakesi-22-300x225.jpg 300w, https:\/\/loudavymkrokem.cz\/wp-content\/uploads\/2026\/08\/maroko-clanky-co-videt-v-marrakesi-22-700x524.jpg 700w, https:\/\/loudavymkrokem.cz\/wp-content\/uploads\/2026\/08\/maroko-clanky-co-videt-v-marrakesi-22-768x575.jpg 768w, https:\/\/loudavymkrokem.cz\/wp-content\/uploads\/2026\/08\/maroko-clanky-co-videt-v-marrakesi-22-1536x1149.jpg 1536w, https:\/\/loudavymkrokem.cz\/wp-content\/uploads\/2026\/08\/maroko-clanky-co-videt-v-marrakesi-22-80x60.jpg 80w, https:\/\/loudavymkrokem.cz\/wp-content\/uploads\/2026\/08\/maroko-clanky-co-videt-v-marrakesi-22-160x120.jpg 160w, https:\/\/loudavymkrokem.cz\/wp-content\/uploads\/2026\/08\/maroko-clanky-co-videt-v-marrakesi-22-696x521.jpg 696w, https:\/\/loudavymkrokem.cz\/wp-content\/uploads\/2026\/08\/maroko-clanky-co-videt-v-marrakesi-22-1392x1042.jpg 1392w\" sizes=\"(max-width: 1800px) 100vw, 1800px\" \/><button\n\t\t\tclass=\"lightbox-trigger\"\n\t\t\ttype=\"button\"\n\t\t\taria-haspopup=\"dialog\"\n\t\t\tdata-wp-bind--aria-label=\"state.thisImage.triggerButtonAriaLabel\"\n\t\t\tdata-wp-init=\"callbacks.initTriggerButton\"\n\t\t\tdata-wp-on--click=\"actions.showLightbox\"\n\t\t\tdata-wp-style--right=\"state.thisImage.buttonRight\"\n\t\t\tdata-wp-style--top=\"state.thisImage.buttonTop\"\n\t\t>\n\t\t\t<svg xmlns=\"http:\/\/www.w3.org\/2000\/svg\" width=\"12\" height=\"12\" fill=\"none\" viewBox=\"0 0 12 12\">\n\t\t\t\t<path fill=\"#fff\" d=\"M2 0a2 2 0 0 0-2 2v2h1.5V2a.5.5 0 0 1 .5-.5h2V0H2Zm2 10.5H2a.5.5 0 0 1-.5-.5V8H0v2a2 2 0 0 0 2 2h2v-1.5ZM8 12v-1.5h2a.5.5 0 0 0 .5-.5V8H12v2a2 2 0 0 1-2 2H8Zm2-12a2 2 0 0 1 2 2v2h-1.5V2a.5.5 0 0 0-.5-.5H8V0h2Z\" \/>\n\t\t\t<\/svg>\n\t\t<\/button><figcaption class=\"wp-element-caption\">Foto: Bernard Gagnon \/ Wikimedia Commons, CC BY-SA 3.0<\/figcaption><\/figure>\n\n\n\n<h3 class=\"wp-block-heading\"><span class=\"ez-toc-section\" id=\"18_Atveres_Atiranyitas_a_timarmuhelyekbe_Tanneries\"><\/span>18. \u00c1tver\u00e9s: \u00c1tir\u00e1ny\u00edt\u00e1s a t\u00edm\u00e1rm\u0171helyekbe (Tanneries)<span class=\"ez-toc-section-end\"><\/span><\/h3>\n\n\n\n<p class=\"wp-block-paragraph\">Ez a nagyon gyakori \u00e1tver\u00e9s gyakran szorosan \u00f6sszef\u00fcgg az el\u0151z\u0151, lez\u00e1rt utc\u00e1kr\u00f3l sz\u00f3l\u00f3 ponttal. A sz\u00e9lh\u00e1mosok c\u00e9lzottan meg\u00e1ll\u00edtanak, amikor egy jelent\u0151s l\u00e1tnival\u00f3 (leggyakrabban a palot\u00e1k vagy a medresze) fel\u00e9 tartasz, \u00e9s szomor\u00faan k\u00f6zlik veled, hogy <strong>\u201ea l\u00e1tnival\u00f3 ma sajnos z\u00e1rva van minden turista sz\u00e1m\u00e1ra&#8221;<\/strong>. Egy szuszra hozz\u00e1teszik viszont, hogy ma kiv\u00e9telesen nagy berber v\u00e1s\u00e1rt tartanak a t\u00edm\u00e1rm\u0171helyekben (tanneries), \u00e9s hogy nagyon sz\u00edvesen odavezetnek.<\/p>\n\n\n\n<p class=\"wp-block-paragraph\">A marr\u00e1kesi t\u00edm\u00e1rm\u0171helyek ugyan val\u00f3ban l\u00e9teznek, \u00e9s vizu\u00e1lisan \u00e9rdekesek, de <strong>ez a tr\u00fckk csak arra szolg\u00e1l, hogy nyom\u00e1s alatt r\u00e1vegyenek a t\u00fal\u00e1razott b\u0151rterm\u00e9kek megv\u00e1s\u00e1rl\u00e1s\u00e1ra<\/strong> egy konkr\u00e9t bar\u00e1ti boltban, amelyb\u0151l a hamis \u201eidegenvezet\u0151d&#8221; nagy jutal\u00e9kot kap. Mindig hivatalos forr\u00e1sokb\u00f3l ellen\u0151rizd a l\u00e1tnival\u00f3k nyitvatart\u00e1s\u00e1t, \u00e9s ne higgy senkinek, aki az utc\u00e1n az ellenkez\u0151j\u00e9r\u0151l pr\u00f3b\u00e1l meggy\u0151zni.<\/p>\n\n\n\n<figure data-wp-context=\"{&quot;imageId&quot;:&quot;6a952ff68a121&quot;}\" data-wp-interactive=\"core\/image\" data-wp-key=\"6a952ff68a121\" class=\"wp-block-image size-full wp-lightbox-container\"><img decoding=\"async\" width=\"1800\" height=\"1200\" data-wp-class--hide=\"state.isContentHidden\" data-wp-class--show=\"state.isContentVisible\" data-wp-init=\"callbacks.setButtonStyles\" data-wp-on--click=\"actions.showLightbox\" data-wp-on--load=\"callbacks.setButtonStyles\" data-wp-on--pointerdown=\"actions.preloadImage\" data-wp-on--pointerenter=\"actions.preloadImageWithDelay\" data-wp-on--pointerleave=\"actions.cancelPreload\" data-wp-on-window--resize=\"callbacks.setButtonStyles\" src=\"https:\/\/loudavymkrokem.cz\/wp-content\/uploads\/2026\/08\/maroko-clanky-co-videt-v-marrakesi-23.jpg\" alt=\"Marokk\u00f3i petit taxi az utc\u00e1n\" class=\"wp-image-395825\" title=\"\" srcset=\"https:\/\/loudavymkrokem.cz\/wp-content\/uploads\/2026\/08\/maroko-clanky-co-videt-v-marrakesi-23.jpg 1800w, https:\/\/loudavymkrokem.cz\/wp-content\/uploads\/2026\/08\/maroko-clanky-co-videt-v-marrakesi-23-300x200.jpg 300w, https:\/\/loudavymkrokem.cz\/wp-content\/uploads\/2026\/08\/maroko-clanky-co-videt-v-marrakesi-23-700x467.jpg 700w, https:\/\/loudavymkrokem.cz\/wp-content\/uploads\/2026\/08\/maroko-clanky-co-videt-v-marrakesi-23-768x512.jpg 768w, https:\/\/loudavymkrokem.cz\/wp-content\/uploads\/2026\/08\/maroko-clanky-co-videt-v-marrakesi-23-1536x1024.jpg 1536w, https:\/\/loudavymkrokem.cz\/wp-content\/uploads\/2026\/08\/maroko-clanky-co-videt-v-marrakesi-23-696x464.jpg 696w, https:\/\/loudavymkrokem.cz\/wp-content\/uploads\/2026\/08\/maroko-clanky-co-videt-v-marrakesi-23-1392x928.jpg 1392w\" sizes=\"(max-width: 1800px) 100vw, 1800px\" \/><button\n\t\t\tclass=\"lightbox-trigger\"\n\t\t\ttype=\"button\"\n\t\t\taria-haspopup=\"dialog\"\n\t\t\tdata-wp-bind--aria-label=\"state.thisImage.triggerButtonAriaLabel\"\n\t\t\tdata-wp-init=\"callbacks.initTriggerButton\"\n\t\t\tdata-wp-on--click=\"actions.showLightbox\"\n\t\t\tdata-wp-style--right=\"state.thisImage.buttonRight\"\n\t\t\tdata-wp-style--top=\"state.thisImage.buttonTop\"\n\t\t>\n\t\t\t<svg xmlns=\"http:\/\/www.w3.org\/2000\/svg\" width=\"12\" height=\"12\" fill=\"none\" viewBox=\"0 0 12 12\">\n\t\t\t\t<path fill=\"#fff\" d=\"M2 0a2 2 0 0 0-2 2v2h1.5V2a.5.5 0 0 1 .5-.5h2V0H2Zm2 10.5H2a.5.5 0 0 1-.5-.5V8H0v2a2 2 0 0 0 2 2h2v-1.5ZM8 12v-1.5h2a.5.5 0 0 0 .5-.5V8H12v2a2 2 0 0 1-2 2H8Zm2-12a2 2 0 0 1 2 2v2h-1.5V2a.5.5 0 0 0-.5-.5H8V0h2Z\" \/>\n\t\t\t<\/svg>\n\t\t<\/button><figcaption class=\"wp-element-caption\">Foto: Michal Osmenda from Brussels, Belgium \/ Wikimedia Commons, CC BY-SA 2.0<\/figcaption><\/figure>\n\n\n\n<h3 class=\"wp-block-heading\"><span class=\"ez-toc-section\" id=\"19_Taxik_es_taxameterek_kezelese\"><\/span>19. Taxik \u00e9s taxam\u00e9terek kezel\u00e9se<span class=\"ez-toc-section-end\"><\/span><\/h3>\n\n\n\n<p class=\"wp-block-paragraph\">A v\u00e1rosi k\u00f6zleked\u00e9s \u00f3ri\u00e1si pr\u00f3bat\u00e9tel lehet az idegeknek nemcsak a vol\u00e1n m\u00f6g\u00f6tt, hanem egy l\u00e1tsz\u00f3lag egyszer\u0171 taxiz\u00e1s sor\u00e1n is. A kis v\u00e1rosi taxiknak, az \u00fagynevezett \u201epetits taxis&#8221;-nak <strong>t\u00f6rv\u00e9ny szerint szigor\u00fa k\u00f6teless\u00e9g\u00fck mindig taxam\u00e9terrel k\u00f6zlekedni<\/strong>. A val\u00f3s\u00e1g azonban sajnos az, hogy amint a sof\u0151r turist\u00e1t l\u00e1t, azonnal kijelenti, hogy \u201ea taxam\u00e9ter elromlott&#8221;, vagy egyb\u0151l felaj\u00e1nl egy \u00e9rtelmetlen\u00fcl magas \u00e1tal\u00e1nyt az \u00fatra a leengedett ablakon kereszt\u00fcl.<\/p>\n\n\n\n<p class=\"wp-block-paragraph\">A t\u00e9nyleges \u00e1rk\u00fcl\u00f6nbs\u00e9g pedig teljesen \u00f3ri\u00e1si. <strong>Egy szok\u00e1sos v\u00e1rosi \u00fat taxam\u00e9terrel 15\u201320 MAD k\u00f6r\u00fcl van, m\u00edg a turist\u00e1knak rendszeresen 100\u2013200 MAD-\u00e9rt aj\u00e1nlanak fuvart<\/strong>. \ud83d\udca1 Tipp: Mindig hat\u00e1rozottan ragaszkodj a taxam\u00e9ter bekapcsol\u00e1s\u00e1hoz m\u00e9g azel\u0151tt, hogy egy\u00e1ltal\u00e1n besz\u00e1lln\u00e1l a kocsiba. Ha a sof\u0151r elutas\u00edtja, egyszer\u0171en csapd be a k\u00f6sz\u00f6nettel az ajt\u00f3t, \u00e9s ints le egy m\u00e1sikat. Marr\u00e1kesben taxik ezrei j\u00e1rnak, \u00e9s el\u0151bb-ut\u00f3bb egyszer\u0171en belefutsz egy becs\u00fcletes sof\u0151rbe.<\/p>\n\n\n\n<figure data-wp-context=\"{&quot;imageId&quot;:&quot;6a952ff68a8ad&quot;}\" data-wp-interactive=\"core\/image\" data-wp-key=\"6a952ff68a8ad\" class=\"wp-block-image size-full wp-lightbox-container\"><img decoding=\"async\" width=\"1800\" height=\"1176\" data-wp-class--hide=\"state.isContentHidden\" data-wp-class--show=\"state.isContentVisible\" data-wp-init=\"callbacks.setButtonStyles\" data-wp-on--click=\"actions.showLightbox\" data-wp-on--load=\"callbacks.setButtonStyles\" data-wp-on--pointerdown=\"actions.preloadImage\" data-wp-on--pointerenter=\"actions.preloadImageWithDelay\" data-wp-on--pointerleave=\"actions.cancelPreload\" data-wp-on-window--resize=\"callbacks.setButtonStyles\" src=\"https:\/\/loudavymkrokem.cz\/wp-content\/uploads\/2026\/08\/maroko-clanky-co-videt-v-marrakesi-24.jpg\" alt=\"T\u00f6meg a marr\u00e1kesi piacon\" class=\"wp-image-395827\" title=\"\" srcset=\"https:\/\/loudavymkrokem.cz\/wp-content\/uploads\/2026\/08\/maroko-clanky-co-videt-v-marrakesi-24.jpg 1800w, https:\/\/loudavymkrokem.cz\/wp-content\/uploads\/2026\/08\/maroko-clanky-co-videt-v-marrakesi-24-300x196.jpg 300w, https:\/\/loudavymkrokem.cz\/wp-content\/uploads\/2026\/08\/maroko-clanky-co-videt-v-marrakesi-24-700x457.jpg 700w, https:\/\/loudavymkrokem.cz\/wp-content\/uploads\/2026\/08\/maroko-clanky-co-videt-v-marrakesi-24-768x502.jpg 768w, https:\/\/loudavymkrokem.cz\/wp-content\/uploads\/2026\/08\/maroko-clanky-co-videt-v-marrakesi-24-1536x1004.jpg 1536w, https:\/\/loudavymkrokem.cz\/wp-content\/uploads\/2026\/08\/maroko-clanky-co-videt-v-marrakesi-24-696x455.jpg 696w, https:\/\/loudavymkrokem.cz\/wp-content\/uploads\/2026\/08\/maroko-clanky-co-videt-v-marrakesi-24-1392x909.jpg 1392w\" sizes=\"(max-width: 1800px) 100vw, 1800px\" \/><button\n\t\t\tclass=\"lightbox-trigger\"\n\t\t\ttype=\"button\"\n\t\t\taria-haspopup=\"dialog\"\n\t\t\tdata-wp-bind--aria-label=\"state.thisImage.triggerButtonAriaLabel\"\n\t\t\tdata-wp-init=\"callbacks.initTriggerButton\"\n\t\t\tdata-wp-on--click=\"actions.showLightbox\"\n\t\t\tdata-wp-style--right=\"state.thisImage.buttonRight\"\n\t\t\tdata-wp-style--top=\"state.thisImage.buttonTop\"\n\t\t>\n\t\t\t<svg xmlns=\"http:\/\/www.w3.org\/2000\/svg\" width=\"12\" height=\"12\" fill=\"none\" viewBox=\"0 0 12 12\">\n\t\t\t\t<path fill=\"#fff\" d=\"M2 0a2 2 0 0 0-2 2v2h1.5V2a.5.5 0 0 1 .5-.5h2V0H2Zm2 10.5H2a.5.5 0 0 1-.5-.5V8H0v2a2 2 0 0 0 2 2h2v-1.5ZM8 12v-1.5h2a.5.5 0 0 0 .5-.5V8H12v2a2 2 0 0 1-2 2H8Zm2-12a2 2 0 0 1 2 2v2h-1.5V2a.5.5 0 0 0-.5-.5H8V0h2Z\" \/>\n\t\t\t<\/svg>\n\t\t<\/button><figcaption class=\"wp-element-caption\">Foto: Angeline A. van Achterberg \/ Wikimedia Commons, CC BY-SA 4.0<\/figcaption><\/figure>\n\n\n\n<h3 class=\"wp-block-heading\"><span class=\"ez-toc-section\" id=\"20_Vigyazz_a_hatizsakokkal_es_a_zsebtolvajokkal\"><\/span>20. Vigy\u00e1zz a h\u00e1tizs\u00e1kokkal \u00e9s a zsebtolvajokkal<span class=\"ez-toc-section-end\"><\/span><\/h3>\n\n\n\n<p class=\"wp-block-paragraph\">A zs\u00fafolt szukokban \u00e9s a k\u00f6zponti Dzsemaa el-Fna t\u00e9ren teljesen ide\u00e1lis felt\u00e9telek uralkodnak az \u00fcgyes zsebtolvajok sz\u00e1m\u00e1ra, akik t\u00f6k\u00e9letesen kihaszn\u00e1lj\u00e1k a z\u0171rzavart \u00e9s a t\u00f6megben l\u00e9v\u0151 szoros kontaktust. Az utunk sor\u00e1n nagyon gyorsan \u00e9szrevett\u00fcnk egy l\u00e9nyeges dolgot: <strong>a medina k\u00f6zpontj\u00e1ban a helyiek k\u00f6z\u00fcl senki nem hord h\u00e1tizs\u00e1kot<\/strong>, pedig ott minden sarkon \u00f3ri\u00e1si mennyis\u00e9gben \u00e1rulj\u00e1k \u0151ket. A h\u00e1ton hordott h\u00e1tizs\u00e1k egyszer\u0171en azonnali c\u00e9lpontt\u00e1 tesz a tolvajok sz\u00e1m\u00e1ra.<\/p>\n\n\n\n<p class=\"wp-block-paragraph\">Mi magunk \u00fagy oldottuk meg a holmink biztons\u00e1g\u00e1t, hogy <strong>egy kis lakatot haszn\u00e1ltunk a h\u00e1tizs\u00e1kon, az el\u00fcls\u0151, k\u00f6nnyen hozz\u00e1f\u00e9rhet\u0151 zsebben pedig egy\u00e1ltal\u00e1n semmi \u00e9rt\u00e9keset nem tartottunk<\/strong>. Ha teheted, a klasszikus h\u00e1tizs\u00e1kot ink\u00e1bb egy\u00e1ltal\u00e1n ne vidd a medin\u00e1ba, \u00e9s v\u00e1lassz egy kis \u00f6vt\u00e1sk\u00e1t vagy egy k\u00f6zkedvelt crossbody t\u00e1sk\u00e1t, amelyet folyamatosan magad el\u0151tt, a mellkasodon tartasz, teljes ellen\u0151rz\u00e9s alatt.<\/p>\n\n\n\n<figure data-wp-context=\"{&quot;imageId&quot;:&quot;6a952ff68b077&quot;}\" data-wp-interactive=\"core\/image\" data-wp-key=\"6a952ff68b077\" class=\"wp-block-image size-full wp-lightbox-container\"><img decoding=\"async\" width=\"1800\" height=\"1200\" data-wp-class--hide=\"state.isContentHidden\" data-wp-class--show=\"state.isContentVisible\" data-wp-init=\"callbacks.setButtonStyles\" data-wp-on--click=\"actions.showLightbox\" data-wp-on--load=\"callbacks.setButtonStyles\" data-wp-on--pointerdown=\"actions.preloadImage\" data-wp-on--pointerenter=\"actions.preloadImageWithDelay\" data-wp-on--pointerleave=\"actions.cancelPreload\" data-wp-on-window--resize=\"callbacks.setButtonStyles\" src=\"https:\/\/loudavymkrokem.cz\/wp-content\/uploads\/2026\/08\/maroko-clanky-co-videt-v-marrakesi-25.jpg\" alt=\"\u00dat Marokk\u00f3ban\" class=\"wp-image-395828\" title=\"\" srcset=\"https:\/\/loudavymkrokem.cz\/wp-content\/uploads\/2026\/08\/maroko-clanky-co-videt-v-marrakesi-25.jpg 1800w, https:\/\/loudavymkrokem.cz\/wp-content\/uploads\/2026\/08\/maroko-clanky-co-videt-v-marrakesi-25-300x200.jpg 300w, https:\/\/loudavymkrokem.cz\/wp-content\/uploads\/2026\/08\/maroko-clanky-co-videt-v-marrakesi-25-700x467.jpg 700w, https:\/\/loudavymkrokem.cz\/wp-content\/uploads\/2026\/08\/maroko-clanky-co-videt-v-marrakesi-25-768x512.jpg 768w, https:\/\/loudavymkrokem.cz\/wp-content\/uploads\/2026\/08\/maroko-clanky-co-videt-v-marrakesi-25-1536x1024.jpg 1536w, https:\/\/loudavymkrokem.cz\/wp-content\/uploads\/2026\/08\/maroko-clanky-co-videt-v-marrakesi-25-696x464.jpg 696w, https:\/\/loudavymkrokem.cz\/wp-content\/uploads\/2026\/08\/maroko-clanky-co-videt-v-marrakesi-25-1392x928.jpg 1392w\" sizes=\"(max-width: 1800px) 100vw, 1800px\" \/><button\n\t\t\tclass=\"lightbox-trigger\"\n\t\t\ttype=\"button\"\n\t\t\taria-haspopup=\"dialog\"\n\t\t\tdata-wp-bind--aria-label=\"state.thisImage.triggerButtonAriaLabel\"\n\t\t\tdata-wp-init=\"callbacks.initTriggerButton\"\n\t\t\tdata-wp-on--click=\"actions.showLightbox\"\n\t\t\tdata-wp-style--right=\"state.thisImage.buttonRight\"\n\t\t\tdata-wp-style--top=\"state.thisImage.buttonTop\"\n\t\t>\n\t\t\t<svg xmlns=\"http:\/\/www.w3.org\/2000\/svg\" width=\"12\" height=\"12\" fill=\"none\" viewBox=\"0 0 12 12\">\n\t\t\t\t<path fill=\"#fff\" d=\"M2 0a2 2 0 0 0-2 2v2h1.5V2a.5.5 0 0 1 .5-.5h2V0H2Zm2 10.5H2a.5.5 0 0 1-.5-.5V8H0v2a2 2 0 0 0 2 2h2v-1.5ZM8 12v-1.5h2a.5.5 0 0 0 .5-.5V8H12v2a2 2 0 0 1-2 2H8Zm2-12a2 2 0 0 1 2 2v2h-1.5V2a.5.5 0 0 0-.5-.5H8V0h2Z\" \/>\n\t\t\t<\/svg>\n\t\t<\/button><figcaption class=\"wp-element-caption\">Foto: Loubna Belmekki \/ Pexels<\/figcaption><\/figure>\n\n\n\n<h3 class=\"wp-block-heading\"><span class=\"ez-toc-section\" id=\"21_Rendori_ellenorzesek_es_vezetes_Marokkoban\"><\/span>21. Rend\u0151ri ellen\u0151rz\u00e9sek \u00e9s vezet\u00e9s Marokk\u00f3ban<span class=\"ez-toc-section-end\"><\/span><\/h3>\n\n\n\n<p class=\"wp-block-paragraph\">Ha hozz\u00e1nk hasonl\u00f3an \u00fagy d\u00f6ntesz, hogy b\u00e9relt aut\u00f3val j\u00e1rod be Marokk\u00f3t, k\u00e9sz\u00fclj fel a helyi k\u00f6zleked\u00e9si rend\u0151rs\u00e9ggel val\u00f3 nagyon gyakori tal\u00e1lkoz\u00e1sokra. <strong>Mind\u00f6ssze \u00f6t nap alatt a rend\u0151r\u00f6k k\u00f6r\u00fclbel\u00fcl h\u00fasszor \u00e1ll\u00edtottak meg minket<\/strong>, gyakran csak rutinellen\u0151rz\u00e9sr\u0151l volt sz\u00f3 a nagyobb v\u00e1rosok bej\u00e1ratain\u00e1l. Fontos figyelmeztet\u00e9s az aut\u00f3b\u00e9rl\u00e9shez: <strong>a sof\u0151r nev\u00e9re sz\u00f3l\u00f3 hitelk\u00e1rty\u00e1d kell hogy legyen<\/strong>. Nek\u00fcnk csak egy sima bankk\u00e1rty\u00e1nk volt, \u00e9s azt\u00e1n \u00f3ri\u00e1si gondunk akadt a kauci\u00f3 let\u00e9tel\u00e9vel az AirCar k\u00f6lcs\u00f6nz\u0151nkn\u00e9l.<\/p>\n\n\n\n<p class=\"wp-block-paragraph\">Az egyik \u00faton szerencs\u00e9tlen\u00fcl el\u0151zt\u00fcnk egy rosszul l\u00e1that\u00f3 folytonos vonalon \u00e1t, \u00e9s a rend\u0151r\u00f6k azonnal meg\u00e1ll\u00edtottak minket (val\u00f3sz\u00edn\u0171leg mindezt t\u00e1volr\u00f3l figyelt\u00e9k t\u00e1vcs\u0151vel). <strong>Ott helyben 40 eur\u00f3, azaz k\u00f6r\u00fclbel\u00fcl 400 MAD b\u00edrs\u00e1got akartak<\/strong>. De k\u00f6zben egy nagyon hasznos dolgot fedezt\u00fcnk fel: <strong>rendk\u00edv\u00fcl meg\u00e9rte, hogy nem tudunk franci\u00e1ul<\/strong>, \u00e9s makacsul elutas\u00edtottuk, hogy azon a nyelven b\u00e1rhogyan is kommunik\u00e1ljunk. Az angol nyelv\u0171 egyezked\u00e9s ugyanis sehov\u00e1 nem vezetett, \u00fagyhogy az eg\u00e9sz helyzet csak elh\u00faz\u00f3dott \u00f6t hossz\u00fa perc alkudoz\u00e1sra.<\/p>\n\n\n\n<figure data-wp-context=\"{&quot;imageId&quot;:&quot;6a952ff68b80a&quot;}\" data-wp-interactive=\"core\/image\" data-wp-key=\"6a952ff68b80a\" class=\"wp-block-image size-full wp-lightbox-container\"><img decoding=\"async\" width=\"1800\" height=\"1200\" data-wp-class--hide=\"state.isContentHidden\" data-wp-class--show=\"state.isContentVisible\" data-wp-init=\"callbacks.setButtonStyles\" data-wp-on--click=\"actions.showLightbox\" data-wp-on--load=\"callbacks.setButtonStyles\" data-wp-on--pointerdown=\"actions.preloadImage\" data-wp-on--pointerenter=\"actions.preloadImageWithDelay\" data-wp-on--pointerleave=\"actions.cancelPreload\" data-wp-on-window--resize=\"callbacks.setButtonStyles\" src=\"https:\/\/loudavymkrokem.cz\/wp-content\/uploads\/2026\/08\/maroko-clanky-co-videt-v-marrakesi-26.jpg\" alt=\"Z\u00f6lds\u00e9ges t\u00e1dzsin h\u00fas n\u00e9lk\u00fcl\" class=\"wp-image-395829\" title=\"\" srcset=\"https:\/\/loudavymkrokem.cz\/wp-content\/uploads\/2026\/08\/maroko-clanky-co-videt-v-marrakesi-26.jpg 1800w, https:\/\/loudavymkrokem.cz\/wp-content\/uploads\/2026\/08\/maroko-clanky-co-videt-v-marrakesi-26-300x200.jpg 300w, https:\/\/loudavymkrokem.cz\/wp-content\/uploads\/2026\/08\/maroko-clanky-co-videt-v-marrakesi-26-700x467.jpg 700w, https:\/\/loudavymkrokem.cz\/wp-content\/uploads\/2026\/08\/maroko-clanky-co-videt-v-marrakesi-26-768x512.jpg 768w, https:\/\/loudavymkrokem.cz\/wp-content\/uploads\/2026\/08\/maroko-clanky-co-videt-v-marrakesi-26-1536x1024.jpg 1536w, https:\/\/loudavymkrokem.cz\/wp-content\/uploads\/2026\/08\/maroko-clanky-co-videt-v-marrakesi-26-696x464.jpg 696w, https:\/\/loudavymkrokem.cz\/wp-content\/uploads\/2026\/08\/maroko-clanky-co-videt-v-marrakesi-26-1392x928.jpg 1392w\" sizes=\"(max-width: 1800px) 100vw, 1800px\" \/><button\n\t\t\tclass=\"lightbox-trigger\"\n\t\t\ttype=\"button\"\n\t\t\taria-haspopup=\"dialog\"\n\t\t\tdata-wp-bind--aria-label=\"state.thisImage.triggerButtonAriaLabel\"\n\t\t\tdata-wp-init=\"callbacks.initTriggerButton\"\n\t\t\tdata-wp-on--click=\"actions.showLightbox\"\n\t\t\tdata-wp-style--right=\"state.thisImage.buttonRight\"\n\t\t\tdata-wp-style--top=\"state.thisImage.buttonTop\"\n\t\t>\n\t\t\t<svg xmlns=\"http:\/\/www.w3.org\/2000\/svg\" width=\"12\" height=\"12\" fill=\"none\" viewBox=\"0 0 12 12\">\n\t\t\t\t<path fill=\"#fff\" d=\"M2 0a2 2 0 0 0-2 2v2h1.5V2a.5.5 0 0 1 .5-.5h2V0H2Zm2 10.5H2a.5.5 0 0 1-.5-.5V8H0v2a2 2 0 0 0 2 2h2v-1.5ZM8 12v-1.5h2a.5.5 0 0 0 .5-.5V8H12v2a2 2 0 0 1-2 2H8Zm2-12a2 2 0 0 1 2 2v2h-1.5V2a.5.5 0 0 0-.5-.5H8V0h2Z\" \/>\n\t\t\t<\/svg>\n\t\t<\/button><figcaption class=\"wp-element-caption\">Foto: Zak Chapman \/ Pexels<\/figcaption><\/figure>\n\n\n\n<h3 class=\"wp-block-heading\"><span class=\"ez-toc-section\" id=\"22_Vegetarianus_etelek_es_ettermek_es_egy_nagy_tevedes\"><\/span>22. Veget\u00e1ri\u00e1nus \u00e9telek \u00e9s \u00e9ttermek (\u00e9s egy nagy t\u00e9ved\u00e9s)<span class=\"ez-toc-section-end\"><\/span><\/h3>\n\n\n\n<p class=\"wp-block-paragraph\">A marokk\u00f3i konyha tele van hihetetlen \u00edzekkel, \u00e9s b\u00e1r \u00e1ltal\u00e1noss\u00e1gban er\u0151sen a h\u00fasra \u00e9p\u00fcl, a veget\u00e1ri\u00e1nusok sz\u00e1m\u00e1ra szerencs\u00e9re rengeteg t\u00e9nyleg remek lehet\u0151s\u00e9g akad itt. A helyi \u00e9ttermek rendszeresen \u00e9s szeretettel k\u00e9sz\u00edtenek kiv\u00e1l\u00f3 z\u00f6lds\u00e9ges t\u00e1dzsint (p\u00e1rolt z\u00f6lds\u00e9g burgony\u00e1val \u00e9s f\u0171szerekkel, a jellegzetes agyaged\u00e9nyben t\u00e1lalva), z\u00f6lds\u00e9ges kuszkuszt vagy friss marokk\u00f3i sal\u00e1t\u00e1kat. Az aranyszab\u00e1ly, amit angol f\u00f3rumokb\u00f3l olvastunk ki, \u00e9s amihez szigor\u00faan tartottuk magunkat, \u00edgy hangzik: <strong>\u201eott egy\u00e9l, ahol a helyiek esznek&#8221;<\/strong>. Ez mindig remek\u00fcl bev\u00e1lt nek\u00fcnk, \u00e9s nagyszer\u0171en \u00e9s p\u00e1r forintb\u00f3l laktunk j\u00f3l.<\/p>\n\n\n\n<p class=\"wp-block-paragraph\">Sajnos <strong>egyetlenegyszer megszegt\u00fck ezt a szab\u00e1lyt, \u00e9s nagyon megb\u00e1ntuk<\/strong>. Az Ouzoud-v\u00edzes\u00e9shez tett kir\u00e1ndul\u00e1son engedt\u00fcnk a cs\u00e1b\u00edt\u00e1snak, hogy gyors eb\u00e9det egy\u00fcnk gy\u00f6ny\u00f6r\u0171 kil\u00e1t\u00e1ssal egy egy\u00e9rtelm\u0171en turista \u00e9s t\u00fald\u00edsz\u00edtett \u00e9tteremben. Ar\u00e1nytalanul dr\u00e1ga volt, \u00e9s <strong>ez volt az egyetlen \u00e9tel eg\u00e9sz Marokk\u00f3ban, ami t\u00e9nyleg egy\u00e1ltal\u00e1n nem \u00edzlett<\/strong>. Ez\u00e9rt ink\u00e1bb tartsd magad a felt\u0171n\u00e9smentes helyi kif\u0151zd\u00e9khez, amelyek a f\u0151 turista\u00fatvonalakon k\u00edv\u00fcl fekszenek.<\/p>\n\n\n\n<figure data-wp-context=\"{&quot;imageId&quot;:&quot;6a952ff68c021&quot;}\" data-wp-interactive=\"core\/image\" data-wp-key=\"6a952ff68c021\" class=\"wp-block-image size-full wp-lightbox-container\"><img decoding=\"async\" width=\"1800\" height=\"1197\" data-wp-class--hide=\"state.isContentHidden\" data-wp-class--show=\"state.isContentVisible\" data-wp-init=\"callbacks.setButtonStyles\" data-wp-on--click=\"actions.showLightbox\" data-wp-on--load=\"callbacks.setButtonStyles\" data-wp-on--pointerdown=\"actions.preloadImage\" data-wp-on--pointerenter=\"actions.preloadImageWithDelay\" data-wp-on--pointerleave=\"actions.cancelPreload\" data-wp-on-window--resize=\"callbacks.setButtonStyles\" src=\"https:\/\/loudavymkrokem.cz\/wp-content\/uploads\/2026\/08\/maroko-clanky-co-videt-v-marrakesi-27.jpg\" alt=\"Csal\u00e1doknak alkalmas kert Marr\u00e1kesben\" class=\"wp-image-395830\" title=\"\" srcset=\"https:\/\/loudavymkrokem.cz\/wp-content\/uploads\/2026\/08\/maroko-clanky-co-videt-v-marrakesi-27.jpg 1800w, https:\/\/loudavymkrokem.cz\/wp-content\/uploads\/2026\/08\/maroko-clanky-co-videt-v-marrakesi-27-300x200.jpg 300w, https:\/\/loudavymkrokem.cz\/wp-content\/uploads\/2026\/08\/maroko-clanky-co-videt-v-marrakesi-27-700x466.jpg 700w, https:\/\/loudavymkrokem.cz\/wp-content\/uploads\/2026\/08\/maroko-clanky-co-videt-v-marrakesi-27-768x511.jpg 768w, https:\/\/loudavymkrokem.cz\/wp-content\/uploads\/2026\/08\/maroko-clanky-co-videt-v-marrakesi-27-1536x1021.jpg 1536w, https:\/\/loudavymkrokem.cz\/wp-content\/uploads\/2026\/08\/maroko-clanky-co-videt-v-marrakesi-27-696x463.jpg 696w, https:\/\/loudavymkrokem.cz\/wp-content\/uploads\/2026\/08\/maroko-clanky-co-videt-v-marrakesi-27-1392x926.jpg 1392w\" sizes=\"(max-width: 1800px) 100vw, 1800px\" \/><button\n\t\t\tclass=\"lightbox-trigger\"\n\t\t\ttype=\"button\"\n\t\t\taria-haspopup=\"dialog\"\n\t\t\tdata-wp-bind--aria-label=\"state.thisImage.triggerButtonAriaLabel\"\n\t\t\tdata-wp-init=\"callbacks.initTriggerButton\"\n\t\t\tdata-wp-on--click=\"actions.showLightbox\"\n\t\t\tdata-wp-style--right=\"state.thisImage.buttonRight\"\n\t\t\tdata-wp-style--top=\"state.thisImage.buttonTop\"\n\t\t>\n\t\t\t<svg xmlns=\"http:\/\/www.w3.org\/2000\/svg\" width=\"12\" height=\"12\" fill=\"none\" viewBox=\"0 0 12 12\">\n\t\t\t\t<path fill=\"#fff\" d=\"M2 0a2 2 0 0 0-2 2v2h1.5V2a.5.5 0 0 1 .5-.5h2V0H2Zm2 10.5H2a.5.5 0 0 1-.5-.5V8H0v2a2 2 0 0 0 2 2h2v-1.5ZM8 12v-1.5h2a.5.5 0 0 0 .5-.5V8H12v2a2 2 0 0 1-2 2H8Zm2-12a2 2 0 0 1 2 2v2h-1.5V2a.5.5 0 0 0-.5-.5H8V0h2Z\" \/>\n\t\t\t<\/svg>\n\t\t<\/button><figcaption class=\"wp-element-caption\">Foto: Moussa Idrissi \/ Pexels<\/figcaption><\/figure>\n\n\n\n<h3 class=\"wp-block-heading\"><span class=\"ez-toc-section\" id=\"23_Marrakes_gyerekekkel\"><\/span>23. Marr\u00e1kes gyerekekkel<span class=\"ez-toc-section-end\"><\/span><\/h3>\n\n\n\n<p class=\"wp-block-paragraph\">Marr\u00e1kes l\u00e1togat\u00e1sa kisgyerekekkel ugyan lehets\u00e9ges, de mindenk\u00e9pp nagyon speci\u00e1lis hozz\u00e1\u00e1ll\u00e1st \u00e9s rendk\u00edv\u00fcl er\u0151s idegeket k\u00edv\u00e1n minden r\u00e9sztvev\u0151t\u0151l. <strong>A v\u00e1ros rendk\u00edv\u00fcl zajos, kaotikus \u00e9s poros<\/strong>, ami a kisebb gyerekeknek p\u00e1r \u00f3ra ut\u00e1n nagyon f\u00e1raszt\u00f3 \u00e9s stresszes lehet. Az \u00f3v\u00e1roson klasszikus babakocsival \u00e1tjutni a sz\u0171k utc\u00e1k, l\u00e9pcs\u0151k \u00e9s folyamatosan elhalad\u00f3 robog\u00f3k miatt gyakorlatilag lehetetlen, \u00fagyhogy egy hordoz\u00f3 vagy kend\u0151 itt teljesen elengedhetetlen.<\/p>\n\n\n\n<p class=\"wp-block-paragraph\">Ha m\u00e9gis gyerekekkel indulsz ide, <strong>mindenk\u00e9pp fektess be egy csendes riadba bels\u0151 medenc\u00e9vel<\/strong> vagy egy sz\u00e1llod\u00e1ba a ny\u00fczsg\u0151 medin\u00e1n k\u00edv\u00fcl, nagy kertekkel. A gyerekeknek p\u00e1r \u00f3ra v\u00e1rosi ny\u00fczsg\u00e9s ut\u00e1n sz\u00fcks\u00e9g\u00fck lesz egy csendes mened\u00e9kre, ahol megpihenhetnek \u00e9s biztons\u00e1gosan leh\u0171lhetnek. Nagyon bev\u00e1lt az is, ha ker\u00fcl\u00f6d a piacok d\u00e9lut\u00e1ni cs\u00facsforgalm\u00e1t, \u00e9s a v\u00e1rost r\u00f6gt\u00f6n kora reggel fedezed fel, amikor viszonylagos nyugalom uralkodik ott.<\/p>\n\n\n\n<figure data-wp-context=\"{&quot;imageId&quot;:&quot;6a952ff68c7f7&quot;}\" data-wp-interactive=\"core\/image\" data-wp-key=\"6a952ff68c7f7\" class=\"wp-block-image size-full wp-lightbox-container\"><img decoding=\"async\" width=\"1800\" height=\"1350\" data-wp-class--hide=\"state.isContentHidden\" data-wp-class--show=\"state.isContentVisible\" data-wp-init=\"callbacks.setButtonStyles\" data-wp-on--click=\"actions.showLightbox\" data-wp-on--load=\"callbacks.setButtonStyles\" data-wp-on--pointerdown=\"actions.preloadImage\" data-wp-on--pointerenter=\"actions.preloadImageWithDelay\" data-wp-on--pointerleave=\"actions.cancelPreload\" data-wp-on-window--resize=\"callbacks.setButtonStyles\" src=\"https:\/\/loudavymkrokem.cz\/wp-content\/uploads\/2026\/08\/maroko-clanky-co-videt-v-marrakesi-28.jpg\" alt=\"Marokk\u00f3i dirhamok\" class=\"wp-image-395831\" title=\"\" srcset=\"https:\/\/loudavymkrokem.cz\/wp-content\/uploads\/2026\/08\/maroko-clanky-co-videt-v-marrakesi-28.jpg 1800w, https:\/\/loudavymkrokem.cz\/wp-content\/uploads\/2026\/08\/maroko-clanky-co-videt-v-marrakesi-28-300x225.jpg 300w, https:\/\/loudavymkrokem.cz\/wp-content\/uploads\/2026\/08\/maroko-clanky-co-videt-v-marrakesi-28-700x525.jpg 700w, https:\/\/loudavymkrokem.cz\/wp-content\/uploads\/2026\/08\/maroko-clanky-co-videt-v-marrakesi-28-768x576.jpg 768w, https:\/\/loudavymkrokem.cz\/wp-content\/uploads\/2026\/08\/maroko-clanky-co-videt-v-marrakesi-28-1536x1152.jpg 1536w, https:\/\/loudavymkrokem.cz\/wp-content\/uploads\/2026\/08\/maroko-clanky-co-videt-v-marrakesi-28-80x60.jpg 80w, https:\/\/loudavymkrokem.cz\/wp-content\/uploads\/2026\/08\/maroko-clanky-co-videt-v-marrakesi-28-160x120.jpg 160w, https:\/\/loudavymkrokem.cz\/wp-content\/uploads\/2026\/08\/maroko-clanky-co-videt-v-marrakesi-28-696x522.jpg 696w, https:\/\/loudavymkrokem.cz\/wp-content\/uploads\/2026\/08\/maroko-clanky-co-videt-v-marrakesi-28-1392x1044.jpg 1392w\" sizes=\"(max-width: 1800px) 100vw, 1800px\" \/><button\n\t\t\tclass=\"lightbox-trigger\"\n\t\t\ttype=\"button\"\n\t\t\taria-haspopup=\"dialog\"\n\t\t\tdata-wp-bind--aria-label=\"state.thisImage.triggerButtonAriaLabel\"\n\t\t\tdata-wp-init=\"callbacks.initTriggerButton\"\n\t\t\tdata-wp-on--click=\"actions.showLightbox\"\n\t\t\tdata-wp-style--right=\"state.thisImage.buttonRight\"\n\t\t\tdata-wp-style--top=\"state.thisImage.buttonTop\"\n\t\t>\n\t\t\t<svg xmlns=\"http:\/\/www.w3.org\/2000\/svg\" width=\"12\" height=\"12\" fill=\"none\" viewBox=\"0 0 12 12\">\n\t\t\t\t<path fill=\"#fff\" d=\"M2 0a2 2 0 0 0-2 2v2h1.5V2a.5.5 0 0 1 .5-.5h2V0H2Zm2 10.5H2a.5.5 0 0 1-.5-.5V8H0v2a2 2 0 0 0 2 2h2v-1.5ZM8 12v-1.5h2a.5.5 0 0 0 .5-.5V8H12v2a2 2 0 0 1-2 2H8Zm2-12a2 2 0 0 1 2 2v2h-1.5V2a.5.5 0 0 0-.5-.5H8V0h2Z\" \/>\n\t\t\t<\/svg>\n\t\t<\/button><figcaption class=\"wp-element-caption\">Foto: Freepius \/ Wikimedia Commons, CC0<\/figcaption><\/figure>\n\n\n\n<h3 class=\"wp-block-heading\"><span class=\"ez-toc-section\" id=\"24_Arak_es_koltsegvetes_Marokkoban\"><\/span>24. \u00c1rak \u00e9s k\u00f6lts\u00e9gvet\u00e9s Marokk\u00f3ban<span class=\"ez-toc-section-end\"><\/span><\/h3>\n\n\n\n<p class=\"wp-block-paragraph\">Marokk\u00f3 \u00e1ltal\u00e1noss\u00e1gban nagyon megfizethet\u0151 \u00e9s bar\u00e1ts\u00e1gos \u00fati c\u00e9l, de mag\u00e1ban Marr\u00e1kesben az \u00e1rak drasztikusan elt\u00e9rhetnek att\u00f3l f\u00fcgg\u0151en, mennyire engedsz a minden\u00fctt jelen l\u00e9v\u0151 turistacsapd\u00e1knak. Hogy vil\u00e1gos k\u00e9pet kapj a teljes utaz\u00e1si k\u00f6lts\u00e9gekr\u0151l: <strong>a teljes nyolcnapos marokk\u00f3i roadtrip\u00fcnk (az aut\u00f3b\u00e9rl\u00e9ssel, sz\u00e1ll\u00e1ssal, \u00e9tkez\u00e9ssel \u00e9s benzinnel egy\u00fctt) 351 500 Ft-ba (23 260 K\u010d) ker\u00fclt k\u00e9t szem\u00e9lynek<\/strong>. Marr\u00e1kesben pedig nagyon olcs\u00f3n \u00e9lhetsz, ha helyi kif\u0151zd\u00e9kben eszel (ahol az \u00e9tel 30\u201350 MAD k\u00f6r\u00fcl van) \u00e9s egyszer\u0171 riadokban alszol a luxusnegyedeken k\u00edv\u00fcl.<\/p>\n\n\n\n<p class=\"wp-block-paragraph\">M\u00e1sr\u00e9szr\u0151l a n\u00e9pszer\u0171 l\u00e1tnival\u00f3k bel\u00e9p\u0151i, a luxus tet\u0151k\u00e1v\u00e9z\u00f3k \u00e9s a zen\u00e9s turista\u00e9ttermekben elk\u00f6lt\u00f6tt vacsor\u00e1k nagyon gyorsan kimer\u00edthetik a k\u00f6lts\u00e9gvet\u00e9sed. <strong>Az \u00fat z\u00f6kken\u0151mentess\u00e9g\u00e9nek alapja, hogy mindig legyen n\u00e1lad el\u00e9g k\u00e9szp\u00e9nz (marokk\u00f3i dirham, r\u00f6viden MAD)<\/strong>, mert b\u00e1r a jobb sz\u00e1llod\u00e1k \u00e9s \u00e9ttermek m\u00e1r rendszeresen elfogadj\u00e1k a k\u00e1rty\u00e1t, a piacokon, a kis standokn\u00e1l \u00e9s a taxikban mindig kiz\u00e1r\u00f3lag k\u00e9szp\u00e9nzzel fizetsz.<\/p>\n\n\n\n<figure data-wp-context=\"{&quot;imageId&quot;:&quot;6a952ff68d10a&quot;}\" data-wp-interactive=\"core\/image\" data-wp-key=\"6a952ff68d10a\" class=\"wp-block-image size-full wp-lightbox-container\"><img decoding=\"async\" width=\"1800\" height=\"1200\" data-wp-class--hide=\"state.isContentHidden\" data-wp-class--show=\"state.isContentVisible\" data-wp-init=\"callbacks.setButtonStyles\" data-wp-on--click=\"actions.showLightbox\" data-wp-on--load=\"callbacks.setButtonStyles\" data-wp-on--pointerdown=\"actions.preloadImage\" data-wp-on--pointerenter=\"actions.preloadImageWithDelay\" data-wp-on--pointerleave=\"actions.cancelPreload\" data-wp-on-window--resize=\"callbacks.setButtonStyles\" src=\"https:\/\/loudavymkrokem.cz\/wp-content\/uploads\/2026\/08\/maroko-clanky-co-videt-v-marrakesi-29.jpg\" alt=\"Marokk\u00f3i mentatea kit\u00f6lt\u00e9se\" class=\"wp-image-395832\" title=\"\" srcset=\"https:\/\/loudavymkrokem.cz\/wp-content\/uploads\/2026\/08\/maroko-clanky-co-videt-v-marrakesi-29.jpg 1800w, https:\/\/loudavymkrokem.cz\/wp-content\/uploads\/2026\/08\/maroko-clanky-co-videt-v-marrakesi-29-300x200.jpg 300w, https:\/\/loudavymkrokem.cz\/wp-content\/uploads\/2026\/08\/maroko-clanky-co-videt-v-marrakesi-29-700x467.jpg 700w, https:\/\/loudavymkrokem.cz\/wp-content\/uploads\/2026\/08\/maroko-clanky-co-videt-v-marrakesi-29-768x512.jpg 768w, https:\/\/loudavymkrokem.cz\/wp-content\/uploads\/2026\/08\/maroko-clanky-co-videt-v-marrakesi-29-1536x1024.jpg 1536w, https:\/\/loudavymkrokem.cz\/wp-content\/uploads\/2026\/08\/maroko-clanky-co-videt-v-marrakesi-29-696x464.jpg 696w, https:\/\/loudavymkrokem.cz\/wp-content\/uploads\/2026\/08\/maroko-clanky-co-videt-v-marrakesi-29-1392x928.jpg 1392w\" sizes=\"(max-width: 1800px) 100vw, 1800px\" \/><button\n\t\t\tclass=\"lightbox-trigger\"\n\t\t\ttype=\"button\"\n\t\t\taria-haspopup=\"dialog\"\n\t\t\tdata-wp-bind--aria-label=\"state.thisImage.triggerButtonAriaLabel\"\n\t\t\tdata-wp-init=\"callbacks.initTriggerButton\"\n\t\t\tdata-wp-on--click=\"actions.showLightbox\"\n\t\t\tdata-wp-style--right=\"state.thisImage.buttonRight\"\n\t\t\tdata-wp-style--top=\"state.thisImage.buttonTop\"\n\t\t>\n\t\t\t<svg xmlns=\"http:\/\/www.w3.org\/2000\/svg\" width=\"12\" height=\"12\" fill=\"none\" viewBox=\"0 0 12 12\">\n\t\t\t\t<path fill=\"#fff\" d=\"M2 0a2 2 0 0 0-2 2v2h1.5V2a.5.5 0 0 1 .5-.5h2V0H2Zm2 10.5H2a.5.5 0 0 1-.5-.5V8H0v2a2 2 0 0 0 2 2h2v-1.5ZM8 12v-1.5h2a.5.5 0 0 0 .5-.5V8H12v2a2 2 0 0 1-2 2H8Zm2-12a2 2 0 0 1 2 2v2h-1.5V2a.5.5 0 0 0-.5-.5H8V0h2Z\" \/>\n\t\t\t<\/svg>\n\t\t<\/button><figcaption class=\"wp-element-caption\">Foto: Dennis Kemmerling \/ Pexels<\/figcaption><\/figure>\n\n\n\n<h3 class=\"wp-block-heading\"><span class=\"ez-toc-section\" id=\"25_Etikett_es_helyi_szokasok_A_jobb_kez_uralkodik\"><\/span>25. Etikett \u00e9s helyi szok\u00e1sok: A jobb k\u00e9z uralkodik<span class=\"ez-toc-section-end\"><\/span><\/h3>\n\n\n\n<p class=\"wp-block-paragraph\">A helyi, \u00e9vsz\u00e1zados szok\u00e1sok tiszteletben tart\u00e1sa Marokk\u00f3ban rengeteg ajt\u00f3t nyit meg el\u0151tted, \u00e9s garant\u00e1ltan sok kellemetlen pillant\u00e1st\u00f3l megk\u00edm\u00e9l a helyiek r\u00e9sz\u00e9r\u0151l. Egy alapvet\u0151 \u00e9s nagyon praktikus szab\u00e1ly, amit m\u00e9g indul\u00e1s el\u0151tt meg kell jegyezned, \u00edgy hangzik: <strong>mindig kiz\u00e1r\u00f3lag a jobb kezeddel fizess, adj \u00e1t dolgokat \u00e9s egy\u00e9l<\/strong>. A bal k\u00e9z ugyanis a muszlim kult\u00far\u00e1ban hagyom\u00e1nyosan tiszt\u00e1talannak sz\u00e1m\u00edt. Ha a bal kezeddel adsz p\u00e9nzt a keresked\u0151nek, azt nagy szem\u00e9lyes s\u00e9rt\u00e9sk\u00e9nt veheti. R\u00e1ad\u00e1sul mi a piacokr\u00f3l sz\u00e1nd\u00e9kosan nem hoztunk haza semmilyen festett \u00e1sv\u00e1nyt vagy hamis k\u00f6v\u00fcletet, amib\u0151l mindenhol rengeteg van, mert egyszer\u0171en nem \u00e9rte meg.<\/p>\n\n\n\n<p class=\"wp-block-paragraph\">Ne feledkezz meg a megfelel\u0151 \u00e9s illend\u0151 \u00f6lt\u00f6z\u00e9kr\u0151l sem. B\u00e1r Marr\u00e1kes m\u00e1r r\u00e9g hozz\u00e1szokott a turista\u00e1radathoz, <strong>m\u00e9g mindig egy m\u00e9lyen konzervat\u00edv iszl\u00e1m orsz\u00e1gban vagy<\/strong>. A meztelen v\u00e1ll, a m\u00e9ly dekolt\u00e1zs vagy a t\u00fal r\u00f6vid sortok nem megfelel\u0151ek sem a f\u00e9rfiaknak, sem a n\u0151knek. Ink\u00e1bb \u00f6lt\u00f6zz k\u00f6nnyed\u00e9n, de visszafogottan, ezzel fejezed ki a helyi kult\u00fara ir\u00e1nti oly fontos tiszteletet, amit a marokk\u00f3iak nagyra \u00e9rt\u00e9kelnek.<\/p>\n\n\n\n<h2 class=\"wp-block-heading\"><span class=\"ez-toc-section\" id=\"Hova_tovabb_Marrakesbol\"><\/span>Hov\u00e1 tov\u00e1bb Marr\u00e1kesb\u0151l<span class=\"ez-toc-section-end\"><\/span><\/h2>\n\n\n\n<p class=\"wp-block-paragraph\">Marr\u00e1kes teljesen <strong>ide\u00e1lis kiindul\u00f3pont<\/strong> Marokk\u00f3 tov\u00e1bbi zugainak felfedez\u00e9s\u00e9hez. Az egyhetes utaz\u00e1sunk sor\u00e1n remek roadtripre indultunk a v\u00e1rosb\u00f3l, amelynek teljes le\u00edr\u00e1s\u00e1t \u00e9s t\u00e9rk\u00e9p\u00e9t a cikkben tal\u00e1lod: <a href=\"https:\/\/loudavymkrokem.cz\/hu\/marokko-roadtrip-szahara\/\">Roadtrip Marokk\u00f3: 7-9 napos \u00fatiterv<\/a>. \u00cdme a <strong>legjobb kir\u00e1ndul\u00e1stippek<\/strong>:<\/p>\n\n\n<p class=\"wp-block-paragraph\">Miel\u0151tt elkezded tervezni a programot, oldd meg a sz\u00e1ll\u00e1st: a <a href=\"https:\/\/loudavymkrokem.cz\/kde-bydlet-v-marrakesi\/\">Hol lakj Marr\u00e1kesben<\/a> cikkben \u00f6sszehasonl\u00edtjuk a medin\u00e1t, a Gu\u00e9lizt \u00e9s a Hivernage-t, \u00e9s konkr\u00e9t riadokat aj\u00e1nlunk k\u00f6lts\u00e9gvet\u00e9s szerint.<\/p>\n\n\n\n<ul class=\"wp-block-list\">\n<li>  <strong>Ouzoud-v\u00edzes\u00e9s:<\/strong> Gy\u00f6ny\u00f6r\u0171 kaszk\u00e1dok, amelyek k\u00f6r\u00fclbel\u00fcl 2,5 \u00f3r\u00e1nyira fekszenek a v\u00e1rost\u00f3l. \ud83d\udca1 Tipp: A helysz\u00ednen a helyiek az \u00fagynevezett \u201enem turista h\u00e1ts\u00f3 \u00f6sv\u00e9nyt&#8221; nyomt\u00e1k nek\u00fcnk. De r\u00e1j\u00f6tt\u00fcnk, hogy a sima \u201eturista&#8221; \u00faton val\u00f3j\u00e1ban sokkal <strong>kevesebb<\/strong> ember volt, \u00fagyhogy ne hagyd magad \u00e1tverni, \u00e9s menj a klasszikus \u00fatvonalon.<\/li>\n\n\n\n<li>  <strong>A\u00eft Benhaddou:<\/strong> A h\u00edres agyagb\u00f3l \u00e9p\u00fclt kaszba (meger\u0151s\u00edtett falu), ahol a Gladi\u00e1tort vagy a Tr\u00f3nok harc\u00e1t forgatt\u00e1k. Marr\u00e1kesb\u0151l gy\u00f6ny\u00f6r\u0171 \u00fat vezet ide az Atlasz-hegys\u00e9gen kereszt\u00fcl.<\/li>\n\n\n\n<li>  <strong>Kir\u00e1ndul\u00e1s a Szahar\u00e1ba (Merzouga):<\/strong> Ha t\u00f6bb napod van, indulj a homokd\u0171n\u00e9khez Merzoug\u00e1ba. Mi tev\u00e9kkel ment\u00fcnk a remek Mohou Tours t\u00e1rsas\u00e1ggal. A tulajdonos szerint\u00fcnk tal\u00e1n a legkedvesebb marokk\u00f3i volt, akit valaha megismert\u00fcnk, a sivatagi kir\u00e1ndul\u00e1s pedig mind\u00f6ssze remek <strong>25 eur\u00f3ba<\/strong> ker\u00fclt.<\/li>\n<\/ul>\n\n\n\n<h2 class=\"wp-block-heading\"><span class=\"ez-toc-section\" id=\"Gyakran_ismetelt_kerdesek\"><\/span>Gyakran ism\u00e9telt k\u00e9rd\u00e9sek<span class=\"ez-toc-section-end\"><\/span><\/h2>\n\n\n<div id=\"rank-math-faq\" class=\"rank-math-block\">\n<div class=\"rank-math-list \">\n<div id=\"faq-question-1787644191000\" class=\"rank-math-list-item\">\n<h3 class=\"rank-math-question \"><span class=\"ez-toc-section\" id=\"Biztonsagos_varos_Marrakes_a_turistak_szamara\"><\/span>Biztons\u00e1gos v\u00e1ros Marr\u00e1kes a turist\u00e1k sz\u00e1m\u00e1ra?<span class=\"ez-toc-section-end\"><\/span><\/h3>\n<div class=\"rank-math-answer \">\n\n<p>Igen, nappal a v\u00e1ros nagyon biztons\u00e1gos, de nagyon oda kell figyelni a t\u00f6megben minden\u00fctt jelen l\u00e9v\u0151 zsebtolvajokra, \u00e9s sz\u00e1molni kell a bosszant\u00f3 utcai \u00e1rusokkal \u00e9s k\u00fcl\u00f6nf\u00e9le csal\u00e1sokkal. Maga a medina \u00e9jszaka nehezebben \u00e1ttekinthet\u0151, \u00e9s a n\u0151knek semmik\u00e9ppen sem szabadna egyed\u00fcl k\u00f6zlekedni\u00fck benne. Mindig legy\u00e9l \u00e9ber \u00e9s haszn\u00e1ld a\u5065 healthy j\u00f3zan eszed.<\/p>\n\n<\/div>\n<\/div>\n<div id=\"faq-question-1787644191001\" class=\"rank-math-list-item\">\n<h3 class=\"rank-math-question \"><span class=\"ez-toc-section\" id=\"Milyen_a_legjobb_oltozet_Marrakesbe\"><\/span>Milyen a legjobb \u00f6lt\u00f6zet Marr\u00e1kesbe?<span class=\"ez-toc-section-end\"><\/span><\/h3>\n<div class=\"rank-math-answer \">\n\n<p>V\u00e1lassz els\u0151sorban k\u00f6nny\u0171 \u00e9s l\u00e9g\u00e1tereszt\u0151 ruh\u00e1zatot, ami viszont teljes m\u00e9rt\u00e9kben tiszteletben tartja a helyi kult\u00far\u00e1t. A n\u0151knek \u00e9s f\u00e9rfiaknak is folyamatosan takarva kell tartaniuk a v\u00e1llukat \u00e9s a t\u00e9rdj\u00fcket. Ide\u00e1lisak a b\u0151 lennadr\u00e1gok, hossz\u00fa szokny\u00e1k \u00e9s ingek. A t\u00e9li h\u00f3napokban ne felejtsd el betenni a csomagodba a meleg pul\u00f3vert vagy kab\u00e1tot est\u00e9re, amikor a h\u0151m\u00e9rs\u00e9klet napnyugta ut\u00e1n meredeken esik.<\/p>\n\n<\/div>\n<\/div>\n<div id=\"faq-question-1787644191002\" class=\"rank-math-list-item\">\n<h3 class=\"rank-math-question \"><span class=\"ez-toc-section\" id=\"Ihatok_Marrakesben_csapvizet\"><\/span>Ihatok Marr\u00e1kesben csapvizet?<span class=\"ez-toc-section-end\"><\/span><\/h3>\n<div class=\"rank-math-answer \">\n\n<p>A csapvizet Marokk\u00f3ban hat\u00e1rozottan nem aj\u00e1nljuk inni, mert nagyon kellemetlen gyomor-b\u00e9lrendszeri probl\u00e9m\u00e1kat okozhatsz magadnak, amelyek t\u00f6nkretehetik az eg\u00e9sz nyaral\u00e1sod. Mindig ink\u00e1bb vegy\u00e9l palackozott vizet, \u00e9s a biztons\u00e1g kedv\u00e9\u00e9rt haszn\u00e1ld azt fogmos\u00e1sra is. Vigy\u00e1zz a j\u00e9gre is azokban az italokban, amelyeket utcai kocsikn\u00e1l rendelsz.<\/p>\n\n<\/div>\n<\/div>\n<div id=\"faq-question-1787644191003\" class=\"rank-math-list-item\">\n<h3 class=\"rank-math-question \"><span class=\"ez-toc-section\" id=\"Szuksegem_van_vizumra_Marokkoba\"><\/span>Sz\u00fcks\u00e9gem van v\u00edzumra Marokk\u00f3ba?<span class=\"ez-toc-section-end\"><\/span><\/h3>\n<div class=\"rank-math-answer \">\n\n<p>Magyarorsz\u00e1g \u00e9s Szlov\u00e1kia \u00e1llampolg\u00e1rainak nincs sz\u00fcks\u00e9g\u00fck v\u00edzumra a szok\u00e1sos marokk\u00f3i bel\u00e9p\u00e9shez, ha a turisztikai tart\u00f3zkod\u00e1suk nem haladja meg a 90 napot. Az \u00fatleveled azonban m\u00e9g legal\u00e1bb 6 h\u00f3napig \u00e9rv\u00e9nyesnek kell lennie az orsz\u00e1gba val\u00f3 bel\u00e9p\u00e9s d\u00e1tuma ut\u00e1n, ez\u00e9rt ezt a hat\u00e1rid\u0151t indul\u00e1s el\u0151tt alaposan ellen\u0151rizd.<\/p>\n\n<\/div>\n<\/div>\n<div id=\"faq-question-1787644191004\" class=\"rank-math-list-item\">\n<h3 class=\"rank-math-question \"><span class=\"ez-toc-section\" id=\"Hogyan_jutok_el_a_marrakesi_repuloterrol_a_kozpontba\"><\/span>Hogyan jutok el a marr\u00e1kesi rep\u00fcl\u0151t\u00e9rr\u0151l a k\u00f6zpontba?<span class=\"ez-toc-section-end\"><\/span><\/h3>\n<div class=\"rank-math-answer \">\n\n<p>A legolcs\u00f3bb \u00e9s meglehet\u0151sen megb\u00edzhat\u00f3 lehet\u0151s\u00e9g a 19-es sz\u00e1m\u00fa rept\u00e9ri busz, amely 20-30 percenk\u00e9nt k\u00f6zlekedik, \u00e9s egy menet 30 MAD-ba ker\u00fcl. Alternat\u00edva term\u00e9szetesen a taxi, de azokn\u00e1l a besz\u00e1ll\u00e1s el\u0151tt kell megalkudni az \u00e1rat. A norm\u00e1lis \u00e1r a k\u00f6zpontba 70-100 MAD k\u00f6r\u00fcl kell legyen, b\u00e1r a sof\u0151r\u00f6k kezdetben biztosan sokkal t\u00f6bbet fognak k\u00e9rni.<\/p>\n\n<\/div>\n<\/div>\n<div id=\"faq-question-1787644191005\" class=\"rank-math-list-item\">\n<h3 class=\"rank-math-question \"><span class=\"ez-toc-section\" id=\"Lehet_Marrakesben_altalanosan_alkoholt_vasarolni\"><\/span>Lehet Marr\u00e1kesben \u00e1ltal\u00e1nosan alkoholt v\u00e1s\u00e1rolni?<span class=\"ez-toc-section-end\"><\/span><\/h3>\n<div class=\"rank-math-answer \">\n\n<p>Marokk\u00f3 iszl\u00e1m orsz\u00e1g, ez\u00e9rt az alkohol \u00e1ltal\u00e1ban nem kaphat\u00f3 a h\u00e9tk\u00f6znapi \u00fczletekben, sem a legt\u00f6bb hagyom\u00e1nyos \u00e9tteremben. Viszont megtal\u00e1lod az enged\u00e9llyel rendelkez\u0151 nemzetk\u00f6zi sz\u00e1llod\u00e1kban, a Gu\u00e9liz negyedben l\u00e9v\u0151 jobb turisztikai \u00e9ttermekben, valamint a nagy szupermarketek \u2013 mint p\u00e9ld\u00e1ul a Carrefour \u2013 k\u00fcl\u00f6n elk\u00fcl\u00f6n\u00edtett r\u00e9szlegeiben.<\/p>\n\n<\/div>\n<\/div>\n<div id=\"faq-question-1787644191006\" class=\"rank-math-list-item\">\n<h3 class=\"rank-math-question \"><span class=\"ez-toc-section\" id=\"Milyen_penzt_vigyek_Marokkoba\"><\/span>Milyen p\u00e9nzt vigyek Marokk\u00f3ba?<span class=\"ez-toc-section-end\"><\/span><\/h3>\n<div class=\"rank-math-answer \">\n\n<p>A helyi p\u00e9nznem a marokk\u00f3i dirham (MAD), amelyet k\u00fclf\u00f6ld\u00f6n nem lehet \u00e1ltal\u00e1ban \u00e9s kedvez\u0151 \u00e1rfolyamon v\u00e1s\u00e1rolni. Vigy\u00e9l magaddal eur\u00f3t vagy doll\u00e1rt, \u00e9s v\u00e1ltsd \u00e1t helyben a hivatalos p\u00e9nzv\u00e1lt\u00f3kban (de mindenk\u00e9ppen ker\u00fcld el a rep\u00fcl\u0151t\u00e9ren l\u00e9v\u0151 kedvez\u0151tlen \u00e1rfolyamot), esetleg vegy\u00e9l fel dirhamot k\u00f6zvetlen\u00fcl a helyi megb\u00edzhat\u00f3 bankautomat\u00e1kb\u00f3l.<\/p>\n\n<\/div>\n<\/div>\n<\/div>\n<\/div>","protected":false},"excerpt":{"rendered":"<p>Marokk\u00f3ba k\u00e9sz\u00fclsz? Fedezd fel a 25 tippet a legszebb marr\u00e1kesi helyekre, \u00e9s tudd meg, milyen turistacsapd\u00e1kat ker\u00fclj el nagy \u00edvben.<\/p>\n","protected":false},"author":3,"featured_media":53774,"comment_status":"open","ping_status":"open","sticky":false,"template":"","format":"standard","meta":{"_acf_changed":false,"footnotes":"","rank_math_title":"Mit \u00e9rdemes megn\u00e9zni Marr\u00e1kesben: 25 tipp 2026-ra","rank_math_description":"Mit \u00e9rdemes megn\u00e9zni Marr\u00e1kesben? 25 tipp a legszebb helyekre, palot\u00e1kra \u00e9s \u00e1tver\u00e9sekre, amiket ker\u00fclj el. Olvasd el, tervezd meg a t\u00f6k\u00e9letes utat!","rank_math_focus_keyword":"mit \u00e9rdemes megn\u00e9zni Marr\u00e1kesben","rank_math_seo_score":""},"categories":[1800,1833,1788],"tags":[],"class_list":["post-409124","post","type-post","status-publish","format-standard","has-post-thumbnail","category-afrika","category-marokko","category-utazas"],"acf":[],"featured_image_src":"https:\/\/loudavymkrokem.cz\/wp-content\/uploads\/2019\/01\/Jemaa-el-Fnaa.jpg","author_info":{"display_name":"Lucie Kone\u010dn\u00e1","author_link":"https:\/\/loudavymkrokem.cz\/hu\/author\/lucie-konecna\/"},"_links":{"self":[{"href":"https:\/\/loudavymkrokem.cz\/hu\/wp-json\/wp\/v2\/posts\/409124","targetHints":{"allow":["GET"]}}],"collection":[{"href":"https:\/\/loudavymkrokem.cz\/hu\/wp-json\/wp\/v2\/posts"}],"about":[{"href":"https:\/\/loudavymkrokem.cz\/hu\/wp-json\/wp\/v2\/types\/post"}],"author":[{"embeddable":true,"href":"https:\/\/loudavymkrokem.cz\/hu\/wp-json\/wp\/v2\/users\/3"}],"replies":[{"embeddable":true,"href":"https:\/\/loudavymkrokem.cz\/hu\/wp-json\/wp\/v2\/comments?post=409124"}],"version-history":[{"count":2,"href":"https:\/\/loudavymkrokem.cz\/hu\/wp-json\/wp\/v2\/posts\/409124\/revisions"}],"predecessor-version":[{"id":409126,"href":"https:\/\/loudavymkrokem.cz\/hu\/wp-json\/wp\/v2\/posts\/409124\/revisions\/409126"}],"wp:featuredmedia":[{"embeddable":true,"href":"https:\/\/loudavymkrokem.cz\/hu\/wp-json\/wp\/v2\/media\/53774"}],"wp:attachment":[{"href":"https:\/\/loudavymkrokem.cz\/hu\/wp-json\/wp\/v2\/media?parent=409124"}],"wp:term":[{"taxonomy":"category","embeddable":true,"href":"https:\/\/loudavymkrokem.cz\/hu\/wp-json\/wp\/v2\/categories?post=409124"},{"taxonomy":"post_tag","embeddable":true,"href":"https:\/\/loudavymkrokem.cz\/hu\/wp-json\/wp\/v2\/tags?post=409124"}],"curies":[{"name":"wp","href":"https:\/\/api.w.org\/{rel}","templated":true}]}}