{"id":409114,"date":"2026-08-30T09:00:18","date_gmt":"2026-08-30T07:00:18","guid":{"rendered":"https:\/\/loudavymkrokem.cz\/bonigen-svajc-brienzi-to\/"},"modified":"2026-08-31T07:46:21","modified_gmt":"2026-08-31T05:46:21","slug":"bonigen-svajc-brienzi-to","status":"publish","type":"post","link":"https:\/\/loudavymkrokem.cz\/hu\/bonigen-svajc-brienzi-to\/","title":{"rendered":"B\u00f6nigen: 24 tipp, mit \u00e9rdemes csin\u00e1lni a Brienzi-t\u00f3n\u00e1l 2026"},"content":{"rendered":"\n<p class=\"wp-block-paragraph\">A sv\u00e1jci Berni Oberland tud vad \u00e9s turist\u00e1kt\u00f3l ny\u00fczsg\u0151 lenni, de el\u00e9g egy kicsit tov\u00e1bb menni, \u00e9s m\u00e1ris a nyugalom teljes o\u00e1zis\u00e1ban tal\u00e1lod magad. Pontosan ilyen <strong>B\u00f6nigen<\/strong> (ejtsd: b\u00e9ningen), ez a gy\u00f6ny\u00f6r\u0171 kis falu, amely egyenesen egy gleccsert\u00f3 partj\u00e1n fekszik. M\u00edg a szomsz\u00e9dos Interlaken szinte sz\u00e9treped a zs\u00fafolts\u00e1gt\u00f3l, itt meg\u00e1llt az id\u0151 a <strong>gazdagon faragott f\u00e1b\u00f3l \u00e9p\u00fclt h\u00e1zak<\/strong> \u00e9s a l\u00e9legzetel\u00e1ll\u00edt\u00f3 term\u00e9szet k\u00f6z\u00f6tt. Ha B\u00f6nigen Sv\u00e1jc egyik legrejtettebb gy\u00f6ngyszem\u00e9t keresed, j\u00f3 helyen j\u00e1rsz. \u263a\ufe0f<\/p>\n\n\n\n<p class=\"wp-block-paragraph\">A v\u00edznek teljesen <strong>hihetetlen smaragdos-t\u00fcrkiz sz\u00edne<\/strong> van, \u00e9s a hegycs\u00facsok \u00fagy t\u00fckr\u00f6z\u0151dnek benne, mint egy t\u00f6k\u00e9letes t\u00fck\u00f6rben. \u00c9ppen a <strong>Brienzi-t\u00f3<\/strong> jelenti az eg\u00e9sz r\u00e9gi\u00f3 f\u0151 l\u00e1tv\u00e1nyoss\u00e1g\u00e1t, \u00e9s v\u00e9gtelen lehet\u0151s\u00e9geket k\u00edn\u00e1l arra, <strong>mit lehet csin\u00e1lni<\/strong> tavaszt\u00f3l eg\u00e9szen a k\u00e9s\u0151 \u0151szig. Felsz\u00e1llhatsz egy t\u00f6rt\u00e9nelmi lap\u00e1tkerekes g\u0151zhaj\u00f3ra, kib\u00e9relhetsz egy kajakot, vagy egyszer\u0171en csak lust\u00e1lkodhatsz a strandon.<\/p>\n\n\n\n<p class=\"wp-block-paragraph\">Hogy a nyaral\u00e1sod tervez\u00e9se min\u00e9l g\u00f6rd\u00fcl\u00e9kenyebb legyen, \u00f6ssze\u00e1ll\u00edtottam neked egy r\u00e9szletes \u00fatikalauzt. A cikkben megtal\u00e1lod a <strong>24 tippet arra, mit l\u00e1ss \u00e9s csin\u00e1lj, hol sz\u00e1llj meg, milyen t\u00far\u00e1kat j\u00e1rj be, hova menj fel a felvon\u00f3val, \u00e9s mit csin\u00e1lj a gyerekekkel<\/strong>. Sv\u00e1jc ugyanis egy eg\u00e9sz \u00e9letre sz\u00f3l\u00f3 szerelem, \u00e9s fogadni mern\u00e9k, hogy e r\u00e9gi\u00f3 megl\u00e1togat\u00e1sa ut\u00e1n minden ny\u00e1ron azon fogsz gondolkodni, hogyan juss ide \u00fajra. \u263a\ufe0f<\/p>\n\n\n\n<figure data-wp-context=\"{&quot;imageId&quot;:&quot;6a952e1850c51&quot;}\" data-wp-interactive=\"core\/image\" data-wp-key=\"6a952e1850c51\" class=\"wp-block-image size-full wp-lightbox-container\"><img decoding=\"async\" width=\"1800\" height=\"1012\" data-wp-class--hide=\"state.isContentHidden\" data-wp-class--show=\"state.isContentVisible\" data-wp-init=\"callbacks.setButtonStyles\" data-wp-on--click=\"actions.showLightbox\" data-wp-on--load=\"callbacks.setButtonStyles\" data-wp-on--pointerdown=\"actions.preloadImage\" data-wp-on--pointerenter=\"actions.preloadImageWithDelay\" data-wp-on--pointerleave=\"actions.cancelPreload\" data-wp-on-window--resize=\"callbacks.setButtonStyles\" src=\"https:\/\/loudavymkrokem.cz\/wp-content\/uploads\/2026\/08\/articles-bonigen-01.jpg\" alt=\"B\u00f6nigen \u00e9s a Brienzi-t\u00f3 mad\u00e1rt\u00e1vlatb\u00f3l\" class=\"wp-image-404460\" title=\"\" srcset=\"https:\/\/loudavymkrokem.cz\/wp-content\/uploads\/2026\/08\/articles-bonigen-01.jpg 1800w, https:\/\/loudavymkrokem.cz\/wp-content\/uploads\/2026\/08\/articles-bonigen-01-300x169.jpg 300w, https:\/\/loudavymkrokem.cz\/wp-content\/uploads\/2026\/08\/articles-bonigen-01-700x394.jpg 700w, https:\/\/loudavymkrokem.cz\/wp-content\/uploads\/2026\/08\/articles-bonigen-01-768x432.jpg 768w, https:\/\/loudavymkrokem.cz\/wp-content\/uploads\/2026\/08\/articles-bonigen-01-1536x864.jpg 1536w, https:\/\/loudavymkrokem.cz\/wp-content\/uploads\/2026\/08\/articles-bonigen-01-696x391.jpg 696w, https:\/\/loudavymkrokem.cz\/wp-content\/uploads\/2026\/08\/articles-bonigen-01-1392x783.jpg 1392w\" sizes=\"(max-width: 1800px) 100vw, 1800px\" \/><button\n\t\t\tclass=\"lightbox-trigger\"\n\t\t\ttype=\"button\"\n\t\t\taria-haspopup=\"dialog\"\n\t\t\tdata-wp-bind--aria-label=\"state.thisImage.triggerButtonAriaLabel\"\n\t\t\tdata-wp-init=\"callbacks.initTriggerButton\"\n\t\t\tdata-wp-on--click=\"actions.showLightbox\"\n\t\t\tdata-wp-style--right=\"state.thisImage.buttonRight\"\n\t\t\tdata-wp-style--top=\"state.thisImage.buttonTop\"\n\t\t>\n\t\t\t<svg xmlns=\"http:\/\/www.w3.org\/2000\/svg\" width=\"12\" height=\"12\" fill=\"none\" viewBox=\"0 0 12 12\">\n\t\t\t\t<path fill=\"#fff\" d=\"M2 0a2 2 0 0 0-2 2v2h1.5V2a.5.5 0 0 1 .5-.5h2V0H2Zm2 10.5H2a.5.5 0 0 1-.5-.5V8H0v2a2 2 0 0 0 2 2h2v-1.5ZM8 12v-1.5h2a.5.5 0 0 0 .5-.5V8H12v2a2 2 0 0 1-2 2H8Zm2-12a2 2 0 0 1 2 2v2h-1.5V2a.5.5 0 0 0-.5-.5H8V0h2Z\" \/>\n\t\t\t<\/svg>\n\t\t<\/button><figcaption class=\"wp-element-caption\">Fot\u00f3: Christian David \/ Wikimedia Commons, CC BY-SA 4.0<\/figcaption><\/figure>\n\n\n\n<div id=\"ez-toc-container\" class=\"ez-toc-v2_0_86 ez-toc-wrap-left counter-hierarchy ez-toc-counter ez-toc-grey ez-toc-container-direction\">\n<div class=\"ez-toc-title-container\">\n<p class=\"ez-toc-title\" style=\"cursor:inherit\">A cikk tartalma<\/p>\n<span class=\"ez-toc-title-toggle\"><a href=\"#\" class=\"ez-toc-pull-right ez-toc-btn ez-toc-btn-xs ez-toc-btn-default ez-toc-toggle\" aria-label=\"Toggle Table of Content\"><span class=\"ez-toc-js-icon-con\"><span class=\"\"><span class=\"eztoc-hide\" style=\"display:none;\">Toggle<\/span><span class=\"ez-toc-icon-toggle-span\"><svg style=\"fill: #999;color:#999\" xmlns=\"http:\/\/www.w3.org\/2000\/svg\" class=\"list-377408\" width=\"20px\" height=\"20px\" viewBox=\"0 0 24 24\" fill=\"none\"><path d=\"M6 6H4v2h2V6zm14 0H8v2h12V6zM4 11h2v2H4v-2zm16 0H8v2h12v-2zM4 16h2v2H4v-2zm16 0H8v2h12v-2z\" fill=\"currentColor\"><\/path><\/svg><svg style=\"fill: #999;color:#999\" class=\"arrow-unsorted-368013\" xmlns=\"http:\/\/www.w3.org\/2000\/svg\" width=\"10px\" height=\"10px\" viewBox=\"0 0 24 24\" version=\"1.2\" baseProfile=\"tiny\"><path d=\"M18.2 9.3l-6.2-6.3-6.2 6.3c-.2.2-.3.4-.3.7s.1.5.3.7c.2.2.4.3.7.3h11c.3 0 .5-.1.7-.3.2-.2.3-.5.3-.7s-.1-.5-.3-.7zM5.8 14.7l6.2 6.3 6.2-6.3c.2-.2.3-.5.3-.7s-.1-.5-.3-.7c-.2-.2-.4-.3-.7-.3h-11c-.3 0-.5.1-.7.3-.2.2-.3.5-.3.7s.1.5.3.7z\"\/><\/svg><\/span><\/span><\/span><\/a><\/span><\/div>\n<nav><ul class='ez-toc-list ez-toc-list-level-1 ' ><ul class='ez-toc-list-level-3' ><li class='ez-toc-heading-level-3'><a class=\"ez-toc-link ez-toc-heading-1\" href=\"https:\/\/loudavymkrokem.cz\/hu\/bonigen-svajc-brienzi-to\/#Osszefoglalas_azoknak_akiknek_nincs_idejuk_vegigolvasni_a_cikket\" >\u00d6sszefoglal\u00e1s azoknak, akiknek nincs idej\u00fck v\u00e9gigolvasni a cikket<\/a><\/li><\/ul><\/li><li class='ez-toc-page-1 ez-toc-heading-level-2'><a class=\"ez-toc-link ez-toc-heading-2\" href=\"https:\/\/loudavymkrokem.cz\/hu\/bonigen-svajc-brienzi-to\/#Mikor_induljunk_Bonigenbe_es_hogyan_jutunk_ide\" >Mikor induljunk B\u00f6nigenbe, \u00e9s hogyan jutunk ide<\/a><\/li><li class='ez-toc-page-1 ez-toc-heading-level-2'><a class=\"ez-toc-link ez-toc-heading-3\" href=\"https:\/\/loudavymkrokem.cz\/hu\/bonigen-svajc-brienzi-to\/#Hol_szallj_meg_Bonigenben_es_mennyibe_kerul\" >Hol sz\u00e1llj meg B\u00f6nigenben, \u00e9s mennyibe ker\u00fcl<\/a><\/li><li class='ez-toc-page-1 ez-toc-heading-level-2'><a class=\"ez-toc-link ez-toc-heading-4\" href=\"https:\/\/loudavymkrokem.cz\/hu\/bonigen-svajc-brienzi-to\/#Magaban_Bonigenben_6_tipp_mit_lass_es_csinalj_a_viznel\" >Mag\u00e1ban B\u00f6nigenben: 6 tipp, mit l\u00e1ss \u00e9s csin\u00e1lj a v\u00edzn\u00e9l<\/a><ul class='ez-toc-list-level-3' ><li class='ez-toc-heading-level-3'><a class=\"ez-toc-link ez-toc-heading-5\" href=\"https:\/\/loudavymkrokem.cz\/hu\/bonigen-svajc-brienzi-to\/#1_Tortenelmi_fahazak_es_a_Hauserweg\" >1. T\u00f6rt\u00e9nelmi fah\u00e1zak \u00e9s a H\u00e4userweg<\/a><\/li><li class='ez-toc-page-1 ez-toc-heading-level-3'><a class=\"ez-toc-link ez-toc-heading-6\" href=\"https:\/\/loudavymkrokem.cz\/hu\/bonigen-svajc-brienzi-to\/#2_A_falumuzeum_a_Dorfmuseum_%E2%80%9Ealte_Pinte%E2%80%9D\" >2. A falum\u00fazeum, a Dorfmuseum \u201ealte Pinte&#8221;<\/a><\/li><li class='ez-toc-page-1 ez-toc-heading-level-3'><a class=\"ez-toc-link ez-toc-heading-7\" href=\"https:\/\/loudavymkrokem.cz\/hu\/bonigen-svajc-brienzi-to\/#3_Topart_molo_es_a_Brienzersee_Lakewalk\" >3. T\u00f3part, m\u00f3l\u00f3 \u00e9s a Brienzersee Lakewalk<\/a><\/li><li class='ez-toc-page-1 ez-toc-heading-level-3'><a class=\"ez-toc-link ez-toc-heading-8\" href=\"https:\/\/loudavymkrokem.cz\/hu\/bonigen-svajc-brienzi-to\/#4_A_The_Beach_strand\" >4. A The Beach strand<\/a><\/li><li class='ez-toc-page-1 ez-toc-heading-level-3'><a class=\"ez-toc-link ez-toc-heading-9\" href=\"https:\/\/loudavymkrokem.cz\/hu\/bonigen-svajc-brienzi-to\/#5_Kajak_es_SUP_a_to_vizen\" >5. Kajak \u00e9s SUP a t\u00f3 viz\u00e9n<\/a><\/li><li class='ez-toc-page-1 ez-toc-heading-level-3'><a class=\"ez-toc-link ez-toc-heading-10\" href=\"https:\/\/loudavymkrokem.cz\/hu\/bonigen-svajc-brienzi-to\/#6_Hajozas_a_tortenelmi_Lotschberg_gozhajoval\" >6. Haj\u00f3z\u00e1s a t\u00f6rt\u00e9nelmi L\u00f6tschberg g\u0151zhaj\u00f3val<\/a><\/li><\/ul><\/li><li class='ez-toc-page-1 ez-toc-heading-level-2'><a class=\"ez-toc-link ez-toc-heading-11\" href=\"https:\/\/loudavymkrokem.cz\/hu\/bonigen-svajc-brienzi-to\/#Turazas_Bonigenbol_6_utvonal_amely_megeri\" >T\u00far\u00e1z\u00e1s B\u00f6nigenb\u0151l: 6 \u00fatvonal, amely meg\u00e9ri<\/a><ul class='ez-toc-list-level-3' ><li class='ez-toc-heading-level-3'><a class=\"ez-toc-link ez-toc-heading-12\" href=\"https:\/\/loudavymkrokem.cz\/hu\/bonigen-svajc-brienzi-to\/#7_A_Harom_vizeses_utja_szakaszokban\" >7. A H\u00e1rom v\u00edzes\u00e9s \u00fatja szakaszokban<\/a><\/li><li class='ez-toc-page-1 ez-toc-heading-level-3'><a class=\"ez-toc-link ez-toc-heading-13\" href=\"https:\/\/loudavymkrokem.cz\/hu\/bonigen-svajc-brienzi-to\/#8_Sytiberg-kortura_55_km_terepbabakocsival_is\" >8. Sytiberg-k\u00f6rt\u00fara: 5,5 km terepbabakocsival is<\/a><\/li><li class='ez-toc-page-1 ez-toc-heading-level-3'><a class=\"ez-toc-link ez-toc-heading-14\" href=\"https:\/\/loudavymkrokem.cz\/hu\/bonigen-svajc-brienzi-to\/#9_Haslerenegg-kortura_854_m_csucskonyvvel\" >9. Haslerenegg-k\u00f6rt\u00fara (854 m) cs\u00facsk\u00f6nyvvel<\/a><\/li><li class='ez-toc-page-1 ez-toc-heading-level-3'><a class=\"ez-toc-link ez-toc-heading-15\" href=\"https:\/\/loudavymkrokem.cz\/hu\/bonigen-svajc-brienzi-to\/#10_Kortura_az_Erschwandenbach_vizeseshez\" >10. K\u00f6rt\u00fara az Erschwandenbach v\u00edzes\u00e9shez<\/a><\/li><li class='ez-toc-page-1 ez-toc-heading-level-3'><a class=\"ez-toc-link ez-toc-heading-16\" href=\"https:\/\/loudavymkrokem.cz\/hu\/bonigen-svajc-brienzi-to\/#11_A_partmenti_Uferweg_osveny_Iseltwaldtol_Giessbachig\" >11. A partmenti Uferweg \u00f6sv\u00e9ny Iseltwaldt\u00f3l Giessbachig<\/a><\/li><li class='ez-toc-page-1 ez-toc-heading-level-3'><a class=\"ez-toc-link ez-toc-heading-17\" href=\"https:\/\/loudavymkrokem.cz\/hu\/bonigen-svajc-brienzi-to\/#12_Gyalogos_kihivas_felmaszas_a_Harder_Kulmra\" >12. Gyalogos kih\u00edv\u00e1s: felm\u00e1sz\u00e1s a Harder Kulmra<\/a><\/li><\/ul><\/li><li class='ez-toc-page-1 ez-toc-heading-level-2'><a class=\"ez-toc-link ez-toc-heading-18\" href=\"https:\/\/loudavymkrokem.cz\/hu\/bonigen-svajc-brienzi-to\/#Turak_ahova_felvono_visz_fel_6_utvonal_a_volgy_felett\" >T\u00far\u00e1k, ahova felvon\u00f3 visz fel: 6 \u00fatvonal a v\u00f6lgy felett<\/a><ul class='ez-toc-list-level-3' ><li class='ez-toc-heading-level-3'><a class=\"ez-toc-link ez-toc-heading-19\" href=\"https:\/\/loudavymkrokem.cz\/hu\/bonigen-svajc-brienzi-to\/#13_A_Firsttol_a_Bachalpsee_tohoz\" >13. A Firstt\u0151l a Bachalpsee t\u00f3hoz<\/a><\/li><li class='ez-toc-page-1 ez-toc-heading-level-3'><a class=\"ez-toc-link ez-toc-heading-20\" href=\"https:\/\/loudavymkrokem.cz\/hu\/bonigen-svajc-brienzi-to\/#14_A_kiralyi_gerinctura_Schynige_Platte_%E2%80%93_Faulhorn_%E2%80%93_First\" >14. A kir\u00e1lyi gerinct\u00fara: Schynige Platte \u2013 Faulhorn \u2013 First<\/a><\/li><li class='ez-toc-page-1 ez-toc-heading-level-3'><a class=\"ez-toc-link ez-toc-heading-21\" href=\"https:\/\/loudavymkrokem.cz\/hu\/bonigen-svajc-brienzi-to\/#15_Mannlichen_es_a_panoramaut_a_Kleine_Scheideggre\" >15. M\u00e4nnlichen \u00e9s a panor\u00e1ma\u00fat a Kleine Scheideggre<\/a><\/li><li class='ez-toc-page-1 ez-toc-heading-level-3'><a class=\"ez-toc-link ez-toc-heading-22\" href=\"https:\/\/loudavymkrokem.cz\/hu\/bonigen-svajc-brienzi-to\/#16_Az_Eiger_Trail_kozvetlenul_az_eszaki_fal_alatt\" >16. Az Eiger Trail k\u00f6zvetlen\u00fcl az \u00e9szaki fal alatt<\/a><\/li><li class='ez-toc-page-1 ez-toc-heading-level-3'><a class=\"ez-toc-link ez-toc-heading-23\" href=\"https:\/\/loudavymkrokem.cz\/hu\/bonigen-svajc-brienzi-to\/#17_Niederhorn_es_a_koszali_kecskek_a_Thuni-to_felett\" >17. Niederhorn \u00e9s a k\u0151sz\u00e1li kecsk\u00e9k a Thuni-t\u00f3 felett<\/a><\/li><li class='ez-toc-page-1 ez-toc-heading-level-3'><a class=\"ez-toc-link ez-toc-heading-24\" href=\"https:\/\/loudavymkrokem.cz\/hu\/bonigen-svajc-brienzi-to\/#18_Gozos_fogaskerekuvel_a_Brienzer_Rothornra\" >18. G\u0151z\u00f6s fogaskerek\u0171vel a Brienzer Rothornra<\/a><\/li><\/ul><\/li><li class='ez-toc-page-1 ez-toc-heading-level-2'><a class=\"ez-toc-link ez-toc-heading-25\" href=\"https:\/\/loudavymkrokem.cz\/hu\/bonigen-svajc-brienzi-to\/#Kirandulasok_Bonigenbol_6_tipp_a_kornyekre\" >Kir\u00e1ndul\u00e1sok B\u00f6nigenb\u0151l: 6 tipp a k\u00f6rny\u00e9kre<\/a><ul class='ez-toc-list-level-3' ><li class='ez-toc-heading-level-3'><a class=\"ez-toc-link ez-toc-heading-26\" href=\"https:\/\/loudavymkrokem.cz\/hu\/bonigen-svajc-brienzi-to\/#19_Harder_Kulm_Interlaken_hazihegye\" >19. Harder Kulm: Interlaken h\u00e1zihegye<\/a><\/li><li class='ez-toc-page-1 ez-toc-heading-level-3'><a class=\"ez-toc-link ez-toc-heading-27\" href=\"https:\/\/loudavymkrokem.cz\/hu\/bonigen-svajc-brienzi-to\/#20_A_Giessbach-vizesesek_es_az_atjaro_a_viz_mogott\" >20. A Giessbach-v\u00edzes\u00e9sek \u00e9s az \u00e1tj\u00e1r\u00f3 a v\u00edz m\u00f6g\u00f6tt<\/a><\/li><li class='ez-toc-page-1 ez-toc-heading-level-3'><a class=\"ez-toc-link ez-toc-heading-28\" href=\"https:\/\/loudavymkrokem.cz\/hu\/bonigen-svajc-brienzi-to\/#21_Svajc_legregebbi_turistafelvonoja_es_a_Grandhotel\" >21. Sv\u00e1jc legr\u00e9gebbi turistafelvon\u00f3ja \u00e9s a Grandhotel<\/a><\/li><li class='ez-toc-page-1 ez-toc-heading-level-3'><a class=\"ez-toc-link ez-toc-heading-29\" href=\"https:\/\/loudavymkrokem.cz\/hu\/bonigen-svajc-brienzi-to\/#22_Iseltwald_es_a_sorozatbol_ismert_ikonikus_molo\" >22. Iseltwald \u00e9s a sorozatb\u00f3l ismert ikonikus m\u00f3l\u00f3<\/a><\/li><li class='ez-toc-page-1 ez-toc-heading-level-3'><a class=\"ez-toc-link ez-toc-heading-30\" href=\"https:\/\/loudavymkrokem.cz\/hu\/bonigen-svajc-brienzi-to\/#23_Schynige_Platte_fogaskereku_es_alpesi_kert\" >23. Schynige Platte: fogaskerek\u0171 \u00e9s alpesi kert<\/a><\/li><li class='ez-toc-page-1 ez-toc-heading-level-3'><a class=\"ez-toc-link ez-toc-heading-31\" href=\"https:\/\/loudavymkrokem.cz\/hu\/bonigen-svajc-brienzi-to\/#24_Interlaken_a_szomszedos_turistabazis\" >24. Interlaken: a szomsz\u00e9dos turistab\u00e1zis<\/a><\/li><\/ul><\/li><li class='ez-toc-page-1 ez-toc-heading-level-2'><a class=\"ez-toc-link ez-toc-heading-32\" href=\"https:\/\/loudavymkrokem.cz\/hu\/bonigen-svajc-brienzi-to\/#Bonigen_gyerekekkel_mit_csinalj_a_csaladdal\" >B\u00f6nigen gyerekekkel: mit csin\u00e1lj a csal\u00e1ddal<\/a><ul class='ez-toc-list-level-3' ><li class='ez-toc-heading-level-3'><a class=\"ez-toc-link ez-toc-heading-33\" href=\"https:\/\/loudavymkrokem.cz\/hu\/bonigen-svajc-brienzi-to\/#A_The_Beach_strand_es_a_nagyvonalu_jatszoter\" >A The Beach strand \u00e9s a nagyvonal\u00fa j\u00e1tsz\u00f3t\u00e9r<\/a><\/li><li class='ez-toc-page-1 ez-toc-heading-level-3'><a class=\"ez-toc-link ez-toc-heading-34\" href=\"https:\/\/loudavymkrokem.cz\/hu\/bonigen-svajc-brienzi-to\/#Kincskereses_es_nyomozos_jatek_Iseltwaldban\" >Kincskeres\u00e9s \u00e9s nyomoz\u00f3s j\u00e1t\u00e9k Iseltwaldban<\/a><\/li><li class='ez-toc-page-1 ez-toc-heading-level-3'><a class=\"ez-toc-link ez-toc-heading-35\" href=\"https:\/\/loudavymkrokem.cz\/hu\/bonigen-svajc-brienzi-to\/#A_TCS_kemping_remek_fekves_de_nagy_fenntartassal\" >A TCS kemping: remek fekv\u00e9s, de nagy fenntart\u00e1ssal<\/a><\/li><li class='ez-toc-page-1 ez-toc-heading-level-3'><a class=\"ez-toc-link ez-toc-heading-36\" href=\"https:\/\/loudavymkrokem.cz\/hu\/bonigen-svajc-brienzi-to\/#Lilys_Alpenspielplatz_es_a_Panoramaweg_a_Schynige_Platten\" >Lily&#8217;s Alpenspielplatz \u00e9s a Panoramaweg a Schynige Platt\u00e9n<\/a><\/li><li class='ez-toc-page-1 ez-toc-heading-level-3'><a class=\"ez-toc-link ez-toc-heading-37\" href=\"https:\/\/loudavymkrokem.cz\/hu\/bonigen-svajc-brienzi-to\/#Hajo_es_akadalymentes_setany_babakocsival\" >Haj\u00f3 \u00e9s akad\u00e1lymentes s\u00e9t\u00e1ny babakocsival<\/a><\/li><\/ul><\/li><li class='ez-toc-page-1 ez-toc-heading-level-2'><a class=\"ez-toc-link ez-toc-heading-38\" href=\"https:\/\/loudavymkrokem.cz\/hu\/bonigen-svajc-brienzi-to\/#Hol_egyel_Bonigenben\" >Hol egy\u00e9l B\u00f6nigenben<\/a><ul class='ez-toc-list-level-3' ><li class='ez-toc-heading-level-3'><a class=\"ez-toc-link ez-toc-heading-39\" href=\"https:\/\/loudavymkrokem.cz\/hu\/bonigen-svajc-brienzi-to\/#Pizzeria_La_Boheme\" >Pizzeria La Boh\u00e8me<\/a><\/li><li class='ez-toc-page-1 ez-toc-heading-level-3'><a class=\"ez-toc-link ez-toc-heading-40\" href=\"https:\/\/loudavymkrokem.cz\/hu\/bonigen-svajc-brienzi-to\/#Sweet_Ride\" >Sweet Ride<\/a><\/li><li class='ez-toc-page-1 ez-toc-heading-level-3'><a class=\"ez-toc-link ez-toc-heading-41\" href=\"https:\/\/loudavymkrokem.cz\/hu\/bonigen-svajc-brienzi-to\/#Restaurant_Baren_Bonigen\" >Restaurant B\u00e4ren B\u00f6nigen<\/a><\/li><\/ul><\/li><li class='ez-toc-page-1 ez-toc-heading-level-2'><a class=\"ez-toc-link ez-toc-heading-42\" href=\"https:\/\/loudavymkrokem.cz\/hu\/bonigen-svajc-brienzi-to\/#Hova_tovabb_Bonigenbol\" >Hova tov\u00e1bb B\u00f6nigenb\u0151l<\/a><\/li><li class='ez-toc-page-1 ez-toc-heading-level-2'><a class=\"ez-toc-link ez-toc-heading-43\" href=\"https:\/\/loudavymkrokem.cz\/hu\/bonigen-svajc-brienzi-to\/#Gyakran_ismetelt_kerdesek\" >Gyakran ism\u00e9telt k\u00e9rd\u00e9sek<\/a><ul class='ez-toc-list-level-3' ><li class='ez-toc-heading-level-3'><a class=\"ez-toc-link ez-toc-heading-44\" href=\"https:\/\/loudavymkrokem.cz\/hu\/bonigen-svajc-brienzi-to\/#Megeri_Boningenben_szallni_Interlaken_helyett\" >Meg\u00e9ri B\u00f6ningenben sz\u00e1llni Interlaken helyett?<\/a><\/li><li class='ez-toc-page-1 ez-toc-heading-level-3'><a class=\"ez-toc-link ez-toc-heading-45\" href=\"https:\/\/loudavymkrokem.cz\/hu\/bonigen-svajc-brienzi-to\/#Hogyan_lehet_odajutni_Interlakenbol\" >Hogyan lehet odajutni Interlakenb\u0151l?<\/a><\/li><li class='ez-toc-page-1 ez-toc-heading-level-3'><a class=\"ez-toc-link ez-toc-heading-46\" href=\"https:\/\/loudavymkrokem.cz\/hu\/bonigen-svajc-brienzi-to\/#Lehet_furodni_a_Brienz-toban\" >Lehet f\u00fcr\u00f6dni a Brienz-t\u00f3ban?<\/a><\/li><li class='ez-toc-page-1 ez-toc-heading-level-3'><a class=\"ez-toc-link ez-toc-heading-47\" href=\"https:\/\/loudavymkrokem.cz\/hu\/bonigen-svajc-brienzi-to\/#Hany_nap_eleg_a_latogatashoz\" >H\u00e1ny nap el\u00e9g a l\u00e1togat\u00e1shoz?<\/a><\/li><li class='ez-toc-page-1 ez-toc-heading-level-3'><a class=\"ez-toc-link ez-toc-heading-48\" href=\"https:\/\/loudavymkrokem.cz\/hu\/bonigen-svajc-brienzi-to\/#Mit_lehet_csinalni_esos_idoben\" >Mit lehet csin\u00e1lni es\u0151s id\u0151ben?<\/a><\/li><li class='ez-toc-page-1 ez-toc-heading-level-3'><a class=\"ez-toc-link ez-toc-heading-49\" href=\"https:\/\/loudavymkrokem.cz\/hu\/bonigen-svajc-brienzi-to\/#Gyerekeknek_alkalmas\" >Gyerekeknek alkalmas?<\/a><\/li><li class='ez-toc-page-1 ez-toc-heading-level-3'><a class=\"ez-toc-link ez-toc-heading-50\" href=\"https:\/\/loudavymkrokem.cz\/hu\/bonigen-svajc-brienzi-to\/#Mennyibe_kerul_a_kirandulas_a_Harder_Kulmra\" >Mennyibe ker\u00fcl a kir\u00e1ndul\u00e1s a Harder Kulmra?<\/a><\/li><li class='ez-toc-page-1 ez-toc-heading-level-3'><a class=\"ez-toc-link ez-toc-heading-51\" href=\"https:\/\/loudavymkrokem.cz\/hu\/bonigen-svajc-brienzi-to\/#Fizetos_a_molo_Iseltwardban\" >Fizet\u0151s a m\u00f3l\u00f3 Iseltwardban?<\/a><\/li><\/ul><\/li><\/ul><\/nav><\/div>\n<h3 class=\"wp-block-heading\"><span class=\"ez-toc-section\" id=\"Osszefoglalas_azoknak_akiknek_nincs_idejuk_vegigolvasni_a_cikket\"><\/span>\u00d6sszefoglal\u00e1s azoknak, akiknek nincs idej\u00fck v\u00e9gigolvasni a cikket<span class=\"ez-toc-section-end\"><\/span><\/h3>\n\n\n\n<ul class=\"wp-block-list\">\n<li><strong>B\u00f6nigen a Brienzi-t\u00f3 partj\u00e1n fekszik<\/strong>, \u00e9s t\u00f6k\u00e9letes, nyugodt b\u00e1zis a Berni Oberland felfedez\u00e9s\u00e9hez.<\/li>\n\n\n\n<li>Az <strong>Interlaken Guest Cardot<\/strong> a sz\u00e1ll\u00e1ssal egy\u00fctt kapod, \u00e9s teljesen ingyeness\u00e9 teszi a k\u00f6rny\u00e9kbeli buszoz\u00e1st.<\/li>\n\n\n\n<li>A <strong>t\u00f6rt\u00e9nelmi k\u00f6zpont<\/strong> tele van a 16\u201318. sz\u00e1zadb\u00f3l sz\u00e1rmaz\u00f3, v\u00e9dett f\u00e1b\u00f3l \u00e9p\u00fclt h\u00e1zakkal.<\/li>\n\n\n\n<li>A <strong>t\u00f3ban f\u00fcrdeni csak az edzetteknek val\u00f3<\/strong>, a v\u00edz ny\u00e1ron 20 \u00b0C k\u00f6r\u00fcl van, de a helyi strandon van f\u0171t\u00f6tt medence.<\/li>\n\n\n\n<li>A <strong>t\u00far\u00e1z\u00e1s itt fenomen\u00e1lis<\/strong>, egyenesen a falub\u00f3l indulhatsz a H\u00e1rom v\u00edzes\u00e9s \u00fatj\u00e1ra vagy a Sytiberg-k\u00f6rt\u00far\u00e1ra.<\/li>\n\n\n\n<li>A <strong>legszebb t\u00far\u00e1khoz felvon\u00f3 visz fel<\/strong> \u2014 a Bachalpsee t\u00f3hoz, a M\u00e4nnlichenre vagy g\u0151z\u00f6s fogaskerek\u0171vel a Brienzer Rothornra.<\/li>\n\n\n\n<li>A <strong>konyh\u00e1s sz\u00e1ll\u00e1s<\/strong> Sv\u00e1jcban rengeteg p\u00e9nzt sp\u00f3rol meg neked a dr\u00e1ga \u00e9ttermek helyett.<\/li>\n\n\n\n<li>A <strong>legjobb k\u00f6rny\u00e9kbeli kir\u00e1ndul\u00e1sok<\/strong> k\u00f6z\u00e9 tartozik a Harder Kulm felvon\u00f3, a Giessbach-v\u00edzes\u00e9sek \u00e9s a fotog\u00e9n Iseltwald.<\/li>\n<\/ul>\n\n\n\n<figure data-wp-context=\"{&quot;imageId&quot;:&quot;6a952e1851504&quot;}\" data-wp-interactive=\"core\/image\" data-wp-key=\"6a952e1851504\" class=\"wp-block-image size-full wp-lightbox-container\"><img decoding=\"async\" width=\"1800\" height=\"785\" data-wp-class--hide=\"state.isContentHidden\" data-wp-class--show=\"state.isContentVisible\" data-wp-init=\"callbacks.setButtonStyles\" data-wp-on--click=\"actions.showLightbox\" data-wp-on--load=\"callbacks.setButtonStyles\" data-wp-on--pointerdown=\"actions.preloadImage\" data-wp-on--pointerenter=\"actions.preloadImageWithDelay\" data-wp-on--pointerleave=\"actions.cancelPreload\" data-wp-on-window--resize=\"callbacks.setButtonStyles\" src=\"https:\/\/loudavymkrokem.cz\/wp-content\/uploads\/2026\/08\/articles-bonigen-02.jpg\" alt=\"A Brienzi-t\u00f3 hegycs\u00facsokkal\" class=\"wp-image-404462\" title=\"\" srcset=\"https:\/\/loudavymkrokem.cz\/wp-content\/uploads\/2026\/08\/articles-bonigen-02.jpg 1800w, https:\/\/loudavymkrokem.cz\/wp-content\/uploads\/2026\/08\/articles-bonigen-02-300x131.jpg 300w, https:\/\/loudavymkrokem.cz\/wp-content\/uploads\/2026\/08\/articles-bonigen-02-700x305.jpg 700w, https:\/\/loudavymkrokem.cz\/wp-content\/uploads\/2026\/08\/articles-bonigen-02-768x335.jpg 768w, https:\/\/loudavymkrokem.cz\/wp-content\/uploads\/2026\/08\/articles-bonigen-02-1536x670.jpg 1536w, https:\/\/loudavymkrokem.cz\/wp-content\/uploads\/2026\/08\/articles-bonigen-02-696x304.jpg 696w, https:\/\/loudavymkrokem.cz\/wp-content\/uploads\/2026\/08\/articles-bonigen-02-1392x607.jpg 1392w\" sizes=\"(max-width: 1800px) 100vw, 1800px\" \/><button\n\t\t\tclass=\"lightbox-trigger\"\n\t\t\ttype=\"button\"\n\t\t\taria-haspopup=\"dialog\"\n\t\t\tdata-wp-bind--aria-label=\"state.thisImage.triggerButtonAriaLabel\"\n\t\t\tdata-wp-init=\"callbacks.initTriggerButton\"\n\t\t\tdata-wp-on--click=\"actions.showLightbox\"\n\t\t\tdata-wp-style--right=\"state.thisImage.buttonRight\"\n\t\t\tdata-wp-style--top=\"state.thisImage.buttonTop\"\n\t\t>\n\t\t\t<svg xmlns=\"http:\/\/www.w3.org\/2000\/svg\" width=\"12\" height=\"12\" fill=\"none\" viewBox=\"0 0 12 12\">\n\t\t\t\t<path fill=\"#fff\" d=\"M2 0a2 2 0 0 0-2 2v2h1.5V2a.5.5 0 0 1 .5-.5h2V0H2Zm2 10.5H2a.5.5 0 0 1-.5-.5V8H0v2a2 2 0 0 0 2 2h2v-1.5ZM8 12v-1.5h2a.5.5 0 0 0 .5-.5V8H12v2a2 2 0 0 1-2 2H8Zm2-12a2 2 0 0 1 2 2v2h-1.5V2a.5.5 0 0 0-.5-.5H8V0h2Z\" \/>\n\t\t\t<\/svg>\n\t\t<\/button><figcaption class=\"wp-element-caption\">Fot\u00f3: Adrian Farwell \/ Wikimedia Commons, CC BY 3.0<\/figcaption><\/figure>\n\n\n\n<h2 class=\"wp-block-heading\"><span class=\"ez-toc-section\" id=\"Mikor_induljunk_Bonigenbe_es_hogyan_jutunk_ide\"><\/span>Mikor induljunk B\u00f6nigenbe, \u00e9s hogyan jutunk ide<span class=\"ez-toc-section-end\"><\/span><\/h2>\n\n\n\n<p class=\"wp-block-paragraph\">A Berni Oberland f\u0151 turistaszezonja <strong>m\u00e1just\u00f3l szeptemberig<\/strong> tart, amikor a nappali h\u0151m\u00e9rs\u00e9klet a v\u00f6lgyben a kellemes <strong>24 \u00b0C<\/strong> k\u00f6r\u00fcli \u00e9rt\u00e9ket \u00e9ri el. Sz\u00e1molnod kell azonban azzal, hogy a hegyekben vagy, \u00edgy ny\u00e1r k\u00f6zep\u00e9n is lehullik n\u00e9h\u00e1ny es\u0151csepp. Statisztikailag itt havonta nagyj\u00e1b\u00f3l <strong>9\u201312 es\u0151s nap<\/strong> van, ez\u00e9rt \u00e9rdemes mindig egy v\u00edzhatlan kab\u00e1tot tartani a h\u00e1tizs\u00e1kban.<\/p>\n\n\n\n<p class=\"wp-block-paragraph\">Ha a f\u00fcrd\u00e9sre k\u00e9sz\u00fclsz, a <strong>Brienzi-t\u00f3 v\u00edzh\u0151m\u00e9rs\u00e9klete<\/strong> tal\u00e1n kicsit meglep majd. A t\u00f3 gleccser eredet\u0171, nagyon m\u00e9ly, \u00e9s a legmelegebb augusztusban is \u00e1ltal\u00e1ban csak <strong>18\u201322 \u00b0C<\/strong> a v\u00edz. Szeptemberben azt\u00e1n a 15\u201319 \u00b0C-kal m\u00e1r ink\u00e1bb csak az edzetteknek val\u00f3. A The Beach strand szerencs\u00e9re m\u00e1jus k\u00f6zep\u00e9t\u0151l szeptember k\u00f6zep\u00e9ig van nyitva, \u00e9s f\u0171t\u00f6tt alternat\u00edv\u00e1t is k\u00edn\u00e1l.<\/p>\n\n\n\n<p class=\"wp-block-paragraph\">A faluba jut\u00e1s hihetetlen\u00fcl egyszer\u0171 a sv\u00e1jci precizit\u00e1snak k\u00f6sz\u00f6nhet\u0151en. Vonattal Z\u00fcrichb\u0151l (nem eg\u00e9szen k\u00e9t \u00f3ra alatt) vagy Bernb\u0151l jutsz el egyenesen az <strong>Interlaken Ost<\/strong> p\u00e1lyaudvarra. Onnan indul a <strong>103-as buszj\u00e1rat<\/strong>, amely mind\u00f6ssze 9 perc alatt visz be B\u00f6nigen k\u00f6zpontj\u00e1ba. A buszok f\u00e9l\u00f3r\u00e1nk\u00e9nt k\u00f6zlekednek, \u00e9s meg\u00e1llnak k\u00f6zvetlen\u00fcl a t\u00f3parton \u00e9s a falu k\u00f6zpontj\u00e1ban is.<\/p>\n\n\n\n<p class=\"wp-block-paragraph\">\u00c9s most j\u00f6n a legjobb h\u00edr: az <strong>Interlaken Guest Card<\/strong>, amelyet a sz\u00e1ll\u00e1ssal kapsz, teljesen ingyeness\u00e9 teszi a helyi <strong>t\u00f6megk\u00f6zleked\u00e9st<\/strong>, bele\u00e9rtve az eml\u00edtett 103-as buszt is. Aki teh\u00e1t B\u00f6nigenben lakik, teljesen ingyen j\u00e1r Interlakenbe vagy a szomsz\u00e9dos Iseltwaldba.<\/p>\n\n\n\n<figure data-wp-context=\"{&quot;imageId&quot;:&quot;6a952e1851fa9&quot;}\" data-wp-interactive=\"core\/image\" data-wp-key=\"6a952e1851fa9\" class=\"wp-block-image size-full wp-lightbox-container\"><img decoding=\"async\" width=\"1800\" height=\"1125\" data-wp-class--hide=\"state.isContentHidden\" data-wp-class--show=\"state.isContentVisible\" data-wp-init=\"callbacks.setButtonStyles\" data-wp-on--click=\"actions.showLightbox\" data-wp-on--load=\"callbacks.setButtonStyles\" data-wp-on--pointerdown=\"actions.preloadImage\" data-wp-on--pointerenter=\"actions.preloadImageWithDelay\" data-wp-on--pointerleave=\"actions.cancelPreload\" data-wp-on-window--resize=\"callbacks.setButtonStyles\" src=\"https:\/\/loudavymkrokem.cz\/wp-content\/uploads\/2026\/08\/articles-bonigen-03.jpg\" alt=\"A b\u00f6nigeni t\u00f3part a Brienzi-t\u00f3n\u00e1l\" class=\"wp-image-404464\" title=\"\" srcset=\"https:\/\/loudavymkrokem.cz\/wp-content\/uploads\/2026\/08\/articles-bonigen-03.jpg 1800w, https:\/\/loudavymkrokem.cz\/wp-content\/uploads\/2026\/08\/articles-bonigen-03-300x188.jpg 300w, https:\/\/loudavymkrokem.cz\/wp-content\/uploads\/2026\/08\/articles-bonigen-03-700x438.jpg 700w, https:\/\/loudavymkrokem.cz\/wp-content\/uploads\/2026\/08\/articles-bonigen-03-768x480.jpg 768w, https:\/\/loudavymkrokem.cz\/wp-content\/uploads\/2026\/08\/articles-bonigen-03-1536x960.jpg 1536w, https:\/\/loudavymkrokem.cz\/wp-content\/uploads\/2026\/08\/articles-bonigen-03-696x435.jpg 696w, https:\/\/loudavymkrokem.cz\/wp-content\/uploads\/2026\/08\/articles-bonigen-03-1392x870.jpg 1392w\" sizes=\"(max-width: 1800px) 100vw, 1800px\" \/><button\n\t\t\tclass=\"lightbox-trigger\"\n\t\t\ttype=\"button\"\n\t\t\taria-haspopup=\"dialog\"\n\t\t\tdata-wp-bind--aria-label=\"state.thisImage.triggerButtonAriaLabel\"\n\t\t\tdata-wp-init=\"callbacks.initTriggerButton\"\n\t\t\tdata-wp-on--click=\"actions.showLightbox\"\n\t\t\tdata-wp-style--right=\"state.thisImage.buttonRight\"\n\t\t\tdata-wp-style--top=\"state.thisImage.buttonTop\"\n\t\t>\n\t\t\t<svg xmlns=\"http:\/\/www.w3.org\/2000\/svg\" width=\"12\" height=\"12\" fill=\"none\" viewBox=\"0 0 12 12\">\n\t\t\t\t<path fill=\"#fff\" d=\"M2 0a2 2 0 0 0-2 2v2h1.5V2a.5.5 0 0 1 .5-.5h2V0H2Zm2 10.5H2a.5.5 0 0 1-.5-.5V8H0v2a2 2 0 0 0 2 2h2v-1.5ZM8 12v-1.5h2a.5.5 0 0 0 .5-.5V8H12v2a2 2 0 0 1-2 2H8Zm2-12a2 2 0 0 1 2 2v2h-1.5V2a.5.5 0 0 0-.5-.5H8V0h2Z\" \/>\n\t\t\t<\/svg>\n\t\t<\/button><figcaption class=\"wp-element-caption\">Fot\u00f3: JoachimKohler-HB \/ Wikimedia Commons, CC BY-SA 4.0<\/figcaption><\/figure>\n\n\n\n<h2 class=\"wp-block-heading\"><span class=\"ez-toc-section\" id=\"Hol_szallj_meg_Bonigenben_es_mennyibe_kerul\"><\/span>Hol sz\u00e1llj meg B\u00f6nigenben, \u00e9s mennyibe ker\u00fcl<span class=\"ez-toc-section-end\"><\/span><\/h2>\n\n\n\n<p class=\"wp-block-paragraph\"><em>\ud83d\udca1 Tipp a sz\u00e1ll\u00e1shoz \u00e9s az \u00e9lm\u00e9nyekhez: A helyi sz\u00e1ll\u00e1sokat <a href=\"https:\/\/www.stay22.com\/allez\/roam?aid=lukaskonecny&amp;campaign=loudavymkrokemcz&amp;address=Bonigen\" target=\"_blank\" rel=\"nofollow noopener sponsored\">itt hasonl\u00edtjuk \u00f6ssze<\/a>, hogy l\u00e1sd, mi szabad \u00e9s mennyi\u00e9rt. Legsz\u00edvesebben a <a href=\"https:\/\/www.booking.com\/searchresults.html?ss=Bonigen&amp;aid=2397601\" target=\"_blank\" rel=\"nofollow noopener sponsored\">Booking.comon<\/a> keress\u00fck, ahol \u00e1ltal\u00e1ban a legjobbak a lemond\u00e1si felt\u00e9telek. A bel\u00e9p\u0151ket, kir\u00e1ndul\u00e1sokat \u00e9s programokat pedig \u00e9rdemes a <a href=\"https:\/\/www.getyourguide.com\/s\/?q=Bonigen&amp;partner_id=MKZ64IS\" target=\"_blank\" rel=\"nofollow noopener sponsored\">GetYourGuide-on<\/a> \u00f6sszehasonl\u00edtani \u00e9s megvenni.<\/em><\/p>\n\n\n\n<p class=\"wp-block-paragraph\">Egyenesen B\u00f6nigenben megsz\u00e1llni a legokosabb h\u00faz\u00e1s, amit egy sv\u00e1jci nyaral\u00e1s tervez\u00e9sekor tehetsz. M\u00edg a szomsz\u00e9dos Interlaken gyakran t\u00fal\u00e1razott \u00e9s tele van zajos turistacsoportokkal, itt <strong>autentikus nyugalmat \u00e9s sokkal bar\u00e1ts\u00e1gosabb \u00e1rakat<\/strong> tal\u00e1lsz. Busszal r\u00e1ad\u00e1sul t\u00edz percen bel\u00fcl a ny\u00fczsg\u00e9s kell\u0151s k\u00f6zep\u00e9n vagy.<\/p>\n\n\n\n<p class=\"wp-block-paragraph\">Sv\u00e1jcban hihetetlen\u00fcl <strong>meg\u00e9ri a saj\u00e1t konyh\u00e1val rendelkez\u0151 sz\u00e1ll\u00e1s<\/strong> is. Az \u00e1rak az \u00e9ttermekben csillag\u00e1szatiak, \u00edgy az a lehet\u0151s\u00e9g, hogy magadnak f\u0151zhetsz vacsor\u00e1t vagy uzsonn\u00e1t k\u00e9sz\u00edthetsz a t\u00far\u00e1hoz, sok t\u00edzezer forinttal cs\u00f6kkenti a k\u00f6lts\u00e9gvet\u00e9sedet. Ne felejts el azonban <strong>hatalmas el\u0151re lefoglalni<\/strong>, mert a ny\u00e1ri szezonban a legjobb sz\u00e1ll\u00e1sok hossz\u00fa h\u00f3napokra el\u0151re elkelnek.<\/p>\n\n\n\n<p class=\"wp-block-paragraph\">\u00cdme konkr\u00e9t tippek remek sz\u00e1ll\u00e1sokra az utaz\u00f3k \u00e9rt\u00e9kel\u00e9sei alapj\u00e1n:<\/p>\n\n\n\n<ul class=\"wp-block-list\">\n<li><strong><a href=\"https:\/\/www.stay22.com\/allez\/roam?aid=lukaskonecny&amp;campaign=loudavymkrokemcz&amp;campaign=bonigen&amp;hotelname=Hotel%20Seiler%20au%20Lac&amp;address=B%C3%B6nigen%2C%20%C5%A0v%C3%BDcarsko\" target=\"_blank\" rel=\"noopener nofollow sponsored\">Hotel Seiler au Lac<\/a>:<\/strong> A Hotel Seiler au Lac egyenesen a t\u00f3parton fekszik, \u00e9s a g\u0151zhaj\u00f3 k\u00f6zvetlen\u00fcl az ajtaja el\u0151tt \u00e1ll meg, \u00edgy azon sem kell gondolkodnod, hogyan jutsz a haj\u00f3ra. Negyven szoba, hegy- \u00e9s t\u00f3panor\u00e1ma \u2014 ez a megfelel\u0151 c\u00edm, ha a ny\u00fczsg\u00e9s k\u00f6zep\u00e9n akarsz lenni.<\/li>\n\n\n\n<li><strong><a href=\"https:\/\/www.stay22.com\/allez\/roam?aid=lukaskonecny&amp;campaign=loudavymkrokemcz&amp;campaign=bonigen&amp;hotelname=Seehotel%20B%C3%B6nigen&amp;address=B%C3%B6nigen%2C%20%C5%A0v%C3%BDcarsko\" target=\"_blank\" rel=\"noopener nofollow sponsored\">Seehotel B\u00f6nigen<\/a>:<\/strong> Remek <strong>csal\u00e1di v\u00e1laszt\u00e1s panor\u00e1m\u00e1s kil\u00e1t\u00e1ssal<\/strong>, amely nyugodtabb hangulatot \u00e9s saj\u00e1t, j\u00f3 h\u00edr\u0171 \u00e9ttermet k\u00edn\u00e1l. A vend\u00e9gek nagyon dics\u00e9rik a tulajdonosok szem\u00e9lyes hozz\u00e1\u00e1ll\u00e1s\u00e1t \u00e9s a b\u0151s\u00e9ges reggeliket.<\/li>\n\n\n\n<li><strong><a href=\"https:\/\/www.stay22.com\/allez\/roam?aid=lukaskonecny&amp;campaign=loudavymkrokemcz&amp;campaign=bonigen&amp;hotelname=TCS%20Camping%20B%C3%B6nigen%20Brienzersee&amp;address=B%C3%B6nigen%2C%20%C5%A0v%C3%BDcarsko\" target=\"_blank\" rel=\"noopener nofollow sponsored\">TCS Camping B\u00f6nigen Brienzersee<\/a>:<\/strong> T\u00f6k\u00e9letes <strong>k\u00f6lts\u00e9gvet\u00e9s-bar\u00e1t megold\u00e1s a falu legjobb fekv\u00e9s\u00e9vel<\/strong> \u2014 egyenesen a t\u00f3n\u00e1l \u00e9s 200 m\u00e9terre a strandt\u00f3l. K\u00e9t dologra azonban figyelj: <strong>a kempingben nincs medence \u00e9s cs\u00faszda<\/strong> (csak pancsol\u00f3), \u00e9s a szem\u00e9lyzet csal\u00e1dbar\u00e1t hozz\u00e1\u00e1ll\u00e1s\u00e1val kisgyerekes sz\u00fcl\u0151k\u00e9nt saj\u00e1t rossz tapasztalatunk van, amit lentebb le\u00edrok.<\/li>\n\n\n\n<li><strong><a href=\"https:\/\/www.stay22.com\/allez\/roam?aid=lukaskonecny&amp;campaign=loudavymkrokemcz&amp;campaign=bonigen&amp;hotelname=Mountain%20and%20Lake&amp;address=B%C3%B6nigen%2C%20%C5%A0v%C3%BDcarsko\" target=\"_blank\" rel=\"noopener nofollow sponsored\">Mountain and Lake<\/a>:<\/strong> Fantasztikusan \u00e9rt\u00e9kelt <strong>mag\u00e1napartman teljesen felszerelt konyh\u00e1val<\/strong>, amely maxim\u00e1lis \u00f6n\u00e1ll\u00f3s\u00e1got biztos\u00edt neked. Gy\u00f6ny\u00f6r\u0171 terasza van, \u00e9s az \u00e9rt\u00e9kel\u00e9sek szerint ide\u00e1lis hely hosszabb, saj\u00e1t f\u0151z\u0151s tart\u00f3zkod\u00e1shoz.<\/li>\n\n\n\n<li><strong><a href=\"https:\/\/www.stay22.com\/allez\/roam?aid=lukaskonecny&amp;campaign=loudavymkrokemcz&amp;campaign=bonigen&amp;hotelname=Walida&amp;address=B%C3%B6nigen%2C%20%C5%A0v%C3%BDcarsko\" target=\"_blank\" rel=\"noopener nofollow sponsored\">Walida<\/a>:<\/strong> Egyszer\u0171bb, de nagyon <strong>kellemes sz\u00e1lloda \u00e9sszer\u0171 \u00e1ron<\/strong>, ahol az alpesi cs\u00facsokra n\u00e9z\u0151 erk\u00e9lyek fognak meg\u00f6rvendeztetni. A vend\u00e9gek dics\u00e9rik a tisztas\u00e1got \u00e9s a bar\u00e1ts\u00e1gos, otthonos hangulatot.<\/li>\n<\/ul>\n\n\n\n<figure data-wp-context=\"{&quot;imageId&quot;:&quot;6a952e1852923&quot;}\" data-wp-interactive=\"core\/image\" data-wp-key=\"6a952e1852923\" class=\"wp-block-image size-full wp-lightbox-container\"><img decoding=\"async\" width=\"1800\" height=\"1350\" data-wp-class--hide=\"state.isContentHidden\" data-wp-class--show=\"state.isContentVisible\" data-wp-init=\"callbacks.setButtonStyles\" data-wp-on--click=\"actions.showLightbox\" data-wp-on--load=\"callbacks.setButtonStyles\" data-wp-on--pointerdown=\"actions.preloadImage\" data-wp-on--pointerenter=\"actions.preloadImageWithDelay\" data-wp-on--pointerleave=\"actions.cancelPreload\" data-wp-on-window--resize=\"callbacks.setButtonStyles\" src=\"https:\/\/loudavymkrokem.cz\/wp-content\/uploads\/2026\/08\/articles-bonigen-04.jpg\" alt=\"B\u00f6nigen \u00e9s t\u00f3partja a Brienzi-t\u00f3n\u00e1l\" class=\"wp-image-404465\" title=\"\" srcset=\"https:\/\/loudavymkrokem.cz\/wp-content\/uploads\/2026\/08\/articles-bonigen-04.jpg 1800w, https:\/\/loudavymkrokem.cz\/wp-content\/uploads\/2026\/08\/articles-bonigen-04-300x225.jpg 300w, https:\/\/loudavymkrokem.cz\/wp-content\/uploads\/2026\/08\/articles-bonigen-04-700x525.jpg 700w, https:\/\/loudavymkrokem.cz\/wp-content\/uploads\/2026\/08\/articles-bonigen-04-768x576.jpg 768w, https:\/\/loudavymkrokem.cz\/wp-content\/uploads\/2026\/08\/articles-bonigen-04-1536x1152.jpg 1536w, https:\/\/loudavymkrokem.cz\/wp-content\/uploads\/2026\/08\/articles-bonigen-04-80x60.jpg 80w, https:\/\/loudavymkrokem.cz\/wp-content\/uploads\/2026\/08\/articles-bonigen-04-160x120.jpg 160w, https:\/\/loudavymkrokem.cz\/wp-content\/uploads\/2026\/08\/articles-bonigen-04-696x522.jpg 696w, https:\/\/loudavymkrokem.cz\/wp-content\/uploads\/2026\/08\/articles-bonigen-04-1392x1044.jpg 1392w\" sizes=\"(max-width: 1800px) 100vw, 1800px\" \/><button\n\t\t\tclass=\"lightbox-trigger\"\n\t\t\ttype=\"button\"\n\t\t\taria-haspopup=\"dialog\"\n\t\t\tdata-wp-bind--aria-label=\"state.thisImage.triggerButtonAriaLabel\"\n\t\t\tdata-wp-init=\"callbacks.initTriggerButton\"\n\t\t\tdata-wp-on--click=\"actions.showLightbox\"\n\t\t\tdata-wp-style--right=\"state.thisImage.buttonRight\"\n\t\t\tdata-wp-style--top=\"state.thisImage.buttonTop\"\n\t\t>\n\t\t\t<svg xmlns=\"http:\/\/www.w3.org\/2000\/svg\" width=\"12\" height=\"12\" fill=\"none\" viewBox=\"0 0 12 12\">\n\t\t\t\t<path fill=\"#fff\" d=\"M2 0a2 2 0 0 0-2 2v2h1.5V2a.5.5 0 0 1 .5-.5h2V0H2Zm2 10.5H2a.5.5 0 0 1-.5-.5V8H0v2a2 2 0 0 0 2 2h2v-1.5ZM8 12v-1.5h2a.5.5 0 0 0 .5-.5V8H12v2a2 2 0 0 1-2 2H8Zm2-12a2 2 0 0 1 2 2v2h-1.5V2a.5.5 0 0 0-.5-.5H8V0h2Z\" \/>\n\t\t\t<\/svg>\n\t\t<\/button><figcaption class=\"wp-element-caption\">Fot\u00f3: Sven Huls \/ Pexels<\/figcaption><\/figure>\n\n\n\n<h2 class=\"wp-block-heading\"><span class=\"ez-toc-section\" id=\"Magaban_Bonigenben_6_tipp_mit_lass_es_csinalj_a_viznel\"><\/span>Mag\u00e1ban B\u00f6nigenben: 6 tipp, mit l\u00e1ss \u00e9s csin\u00e1lj a v\u00edzn\u00e9l<span class=\"ez-toc-section-end\"><\/span><\/h2>\n\n\n\n<p class=\"wp-block-paragraph\">Maga a falu ide\u00e1lis <strong>hely a lass\u00fa napokhoz<\/strong>, amikor nincs kedved felkapaszkodni a magas hegyekbe. K\u00f3borolhatsz a sz\u0171k utc\u00e1csk\u00e1kban, csod\u00e1lhatod a r\u00e9gi \u00e1csmesterek k\u00e9zm\u0171ves \u00fcgyess\u00e9g\u00e9t, vagy t\u00f6lthetsz id\u0151t egyenesen a <strong>t\u00fcrkiz t\u00f3 partj\u00e1n<\/strong>.<\/p>\n\n\n\n<p class=\"wp-block-paragraph\">Itt megtal\u00e1lod a t\u00f6rt\u00e9nelem \u00e9s a v\u00edzi programok t\u00f6k\u00e9letes kever\u00e9k\u00e9t, amely legal\u00e1bb egy teljes h\u00e9tv\u00e9g\u00e9re lek\u00f6t. R\u00e1ad\u00e1sul minden <strong>sz\u00e9pen k\u00e9zn\u00e9l van \u00e9s s\u00e9tat\u00e1vols\u00e1gra<\/strong>, \u00edgy az aut\u00f3t nyugodtan hagyhatod leparkolva a sz\u00e1llod\u00e1n\u00e1l.<\/p>\n\n\n\n<p class=\"wp-block-paragraph\">\ud83d\udca1 Tipp: A k\u00f6rny\u00e9k legt\u00f6bb \u00e9lm\u00e9ny\u00e9t (t\u00f3haj\u00f3z\u00e1s, kajakt\u00far\u00e1k, jetboat-utak \u00e9s Jungfraujoch-kir\u00e1ndul\u00e1sok) el\u0151re lefoglalhatod a <a href=\"https:\/\/loudavymkrokem.cz\/doporucujeme\/getyourguide\/\" class=\"thirstylink\" rel=\"nofollow\" target=\"_blank\" title=\"GetYourGuide\" data-shortcode=\"true\">GetYourGuide-on<\/a>. A f\u0151szezonban a n\u00e9pszer\u0171 id\u0151pontok ak\u00e1r t\u00f6bb nappal el\u0151re megtelnek.<\/p>\n\n\n\n<figure data-wp-context=\"{&quot;imageId&quot;:&quot;6a952e1853130&quot;}\" data-wp-interactive=\"core\/image\" data-wp-key=\"6a952e1853130\" class=\"wp-block-image size-full wp-lightbox-container\"><img decoding=\"async\" width=\"1800\" height=\"1350\" data-wp-class--hide=\"state.isContentHidden\" data-wp-class--show=\"state.isContentVisible\" data-wp-init=\"callbacks.setButtonStyles\" data-wp-on--click=\"actions.showLightbox\" data-wp-on--load=\"callbacks.setButtonStyles\" data-wp-on--pointerdown=\"actions.preloadImage\" data-wp-on--pointerenter=\"actions.preloadImageWithDelay\" data-wp-on--pointerleave=\"actions.cancelPreload\" data-wp-on-window--resize=\"callbacks.setButtonStyles\" src=\"https:\/\/loudavymkrokem.cz\/wp-content\/uploads\/2026\/08\/articles-bonigen-05.jpg\" alt=\"T\u00f6rt\u00e9nelmi faragott fah\u00e1z B\u00f6nigenben\" class=\"wp-image-404467\" title=\"\" srcset=\"https:\/\/loudavymkrokem.cz\/wp-content\/uploads\/2026\/08\/articles-bonigen-05.jpg 1800w, https:\/\/loudavymkrokem.cz\/wp-content\/uploads\/2026\/08\/articles-bonigen-05-300x225.jpg 300w, https:\/\/loudavymkrokem.cz\/wp-content\/uploads\/2026\/08\/articles-bonigen-05-700x525.jpg 700w, https:\/\/loudavymkrokem.cz\/wp-content\/uploads\/2026\/08\/articles-bonigen-05-768x576.jpg 768w, https:\/\/loudavymkrokem.cz\/wp-content\/uploads\/2026\/08\/articles-bonigen-05-1536x1152.jpg 1536w, https:\/\/loudavymkrokem.cz\/wp-content\/uploads\/2026\/08\/articles-bonigen-05-80x60.jpg 80w, https:\/\/loudavymkrokem.cz\/wp-content\/uploads\/2026\/08\/articles-bonigen-05-160x120.jpg 160w, https:\/\/loudavymkrokem.cz\/wp-content\/uploads\/2026\/08\/articles-bonigen-05-696x522.jpg 696w, https:\/\/loudavymkrokem.cz\/wp-content\/uploads\/2026\/08\/articles-bonigen-05-1392x1044.jpg 1392w\" sizes=\"(max-width: 1800px) 100vw, 1800px\" \/><button\n\t\t\tclass=\"lightbox-trigger\"\n\t\t\ttype=\"button\"\n\t\t\taria-haspopup=\"dialog\"\n\t\t\tdata-wp-bind--aria-label=\"state.thisImage.triggerButtonAriaLabel\"\n\t\t\tdata-wp-init=\"callbacks.initTriggerButton\"\n\t\t\tdata-wp-on--click=\"actions.showLightbox\"\n\t\t\tdata-wp-style--right=\"state.thisImage.buttonRight\"\n\t\t\tdata-wp-style--top=\"state.thisImage.buttonTop\"\n\t\t>\n\t\t\t<svg xmlns=\"http:\/\/www.w3.org\/2000\/svg\" width=\"12\" height=\"12\" fill=\"none\" viewBox=\"0 0 12 12\">\n\t\t\t\t<path fill=\"#fff\" d=\"M2 0a2 2 0 0 0-2 2v2h1.5V2a.5.5 0 0 1 .5-.5h2V0H2Zm2 10.5H2a.5.5 0 0 1-.5-.5V8H0v2a2 2 0 0 0 2 2h2v-1.5ZM8 12v-1.5h2a.5.5 0 0 0 .5-.5V8H12v2a2 2 0 0 1-2 2H8Zm2-12a2 2 0 0 1 2 2v2h-1.5V2a.5.5 0 0 0-.5-.5H8V0h2Z\" \/>\n\t\t\t<\/svg>\n\t\t<\/button><figcaption class=\"wp-element-caption\">Fot\u00f3: Freek Wolsink \/ Pexels<\/figcaption><\/figure>\n\n\n\n<h3 class=\"wp-block-heading\"><span class=\"ez-toc-section\" id=\"1_Tortenelmi_fahazak_es_a_Hauserweg\"><\/span>1. T\u00f6rt\u00e9nelmi fah\u00e1zak \u00e9s a H\u00e4userweg<span class=\"ez-toc-section-end\"><\/span><\/h3>\n\n\n\n<p class=\"wp-block-paragraph\">A falu magj\u00e1t a <strong>16\u201319. sz\u00e1zadb\u00f3l sz\u00e1rmaz\u00f3 faragott fah\u00e1zak<\/strong> egyed\u00fcl\u00e1ll\u00f3 egy\u00fcttese alkotja. B\u00f6nigennek a t\u00f6rt\u00e9nelem sor\u00e1n \u00f3ri\u00e1si szerencs\u00e9je volt, hogy sosem s\u00fajtotta nagy puszt\u00edt\u00f3 t\u0171zv\u00e9sz. Ennek k\u00f6sz\u00f6nhet\u0151en itt minden \u00e9p\u00edt\u00e9si korszakb\u00f3l, 1549-t\u0151l kezdve, \u00f6sszef\u00fcgg\u0151 be\u00e9p\u00edt\u00e9s maradt fenn, ami Sv\u00e1jcban \u00f3ri\u00e1si ritkas\u00e1g.<\/p>\n\n\n\n<p class=\"wp-block-paragraph\">A <strong>Historischer H\u00e4userweg<\/strong> tan\u00f6sv\u00e9nyen s\u00e9t\u00e1lva leny\u0171g\u00f6z majd a homlokzatokon l\u00e1that\u00f3 r\u00e9szletgazdag farag\u00f3munka. Bonyolult d\u00edsz\u00edt\u00e9seket, r\u00e9gi feliratokat \u00e9s prec\u00edzen form\u00e1zott erk\u00e9lyeket l\u00e1tsz majd. Az \u00fatvonalhoz el\u00e9rhet\u0151 egy interakt\u00edv SmartTrail vezet\u0151, amelyet k\u00f6nnyen let\u00f6ltesz a telefonodra, \u00e9s amely el\u00e1rulja az egyes csal\u00e1dok t\u00f6rt\u00e9net\u00e9t.<\/p>\n\n\n\n<p class=\"wp-block-paragraph\">A legh\u00edresebb \u00e9p\u00fclet az \u00fagynevezett <strong>Housihuus 1757-b\u0151l<\/strong>, amely az els\u0151 helyi fogad\u00f3k\u00e9nt szolg\u00e1lt. M\u00e9g kir\u00e1lyi m\u00faltja is van, mert 1808-ban itt sz\u00e1llt meg Frigyes w\u00fcrttembergi kir\u00e1ly. Figyelmet \u00e9rdemel a r\u00e9gi magt\u00e1r, a Christi&#8217;s Spycher is 1746-b\u00f3l, amely megmutatja, hogyan t\u00e1rolt\u00e1k r\u00e9gen az \u00e9rt\u00e9kes \u00e9lelmiszerk\u00e9szleteket.<\/p>\n\n\n\n<p class=\"wp-block-paragraph\">\ud83d\udca1 Tipp: Minden reggel 9:15-kor a <a href=\"https:\/\/www.boenigen-iseltwald.ch\" target=\"_blank\" rel=\"nofollow noopener\">turistainform\u00e1ci\u00f3s iroda<\/a> el\u0151tt <strong>vezetett falusi s\u00e9t\u00e1k<\/strong> indulnak. Remek alkalom arra, hogy a helyiekt\u0151l megtudd azokat a pik\u00e1ns r\u00e9szleteket, amelyeket egyetlen nyomtatott \u00fatik\u00f6nyvben sem tal\u00e1lsz meg.<\/p>\n\n\n\n<figure data-wp-context=\"{&quot;imageId&quot;:&quot;6a952e1853a50&quot;}\" data-wp-interactive=\"core\/image\" data-wp-key=\"6a952e1853a50\" class=\"wp-block-image size-full wp-lightbox-container\"><img decoding=\"async\" width=\"1800\" height=\"1341\" data-wp-class--hide=\"state.isContentHidden\" data-wp-class--show=\"state.isContentVisible\" data-wp-init=\"callbacks.setButtonStyles\" data-wp-on--click=\"actions.showLightbox\" data-wp-on--load=\"callbacks.setButtonStyles\" data-wp-on--pointerdown=\"actions.preloadImage\" data-wp-on--pointerenter=\"actions.preloadImageWithDelay\" data-wp-on--pointerleave=\"actions.cancelPreload\" data-wp-on-window--resize=\"callbacks.setButtonStyles\" src=\"https:\/\/loudavymkrokem.cz\/wp-content\/uploads\/2026\/08\/articles-bonigen-06.jpg\" alt=\"Egy hagyom\u00e1nyos oberlandi h\u00e1z belseje\" class=\"wp-image-404469\" title=\"\" srcset=\"https:\/\/loudavymkrokem.cz\/wp-content\/uploads\/2026\/08\/articles-bonigen-06.jpg 1800w, https:\/\/loudavymkrokem.cz\/wp-content\/uploads\/2026\/08\/articles-bonigen-06-300x224.jpg 300w, https:\/\/loudavymkrokem.cz\/wp-content\/uploads\/2026\/08\/articles-bonigen-06-700x522.jpg 700w, https:\/\/loudavymkrokem.cz\/wp-content\/uploads\/2026\/08\/articles-bonigen-06-768x572.jpg 768w, https:\/\/loudavymkrokem.cz\/wp-content\/uploads\/2026\/08\/articles-bonigen-06-1536x1144.jpg 1536w, https:\/\/loudavymkrokem.cz\/wp-content\/uploads\/2026\/08\/articles-bonigen-06-80x60.jpg 80w, https:\/\/loudavymkrokem.cz\/wp-content\/uploads\/2026\/08\/articles-bonigen-06-160x120.jpg 160w, https:\/\/loudavymkrokem.cz\/wp-content\/uploads\/2026\/08\/articles-bonigen-06-696x519.jpg 696w, https:\/\/loudavymkrokem.cz\/wp-content\/uploads\/2026\/08\/articles-bonigen-06-1392x1037.jpg 1392w\" sizes=\"(max-width: 1800px) 100vw, 1800px\" \/><button\n\t\t\tclass=\"lightbox-trigger\"\n\t\t\ttype=\"button\"\n\t\t\taria-haspopup=\"dialog\"\n\t\t\tdata-wp-bind--aria-label=\"state.thisImage.triggerButtonAriaLabel\"\n\t\t\tdata-wp-init=\"callbacks.initTriggerButton\"\n\t\t\tdata-wp-on--click=\"actions.showLightbox\"\n\t\t\tdata-wp-style--right=\"state.thisImage.buttonRight\"\n\t\t\tdata-wp-style--top=\"state.thisImage.buttonTop\"\n\t\t>\n\t\t\t<svg xmlns=\"http:\/\/www.w3.org\/2000\/svg\" width=\"12\" height=\"12\" fill=\"none\" viewBox=\"0 0 12 12\">\n\t\t\t\t<path fill=\"#fff\" d=\"M2 0a2 2 0 0 0-2 2v2h1.5V2a.5.5 0 0 1 .5-.5h2V0H2Zm2 10.5H2a.5.5 0 0 1-.5-.5V8H0v2a2 2 0 0 0 2 2h2v-1.5ZM8 12v-1.5h2a.5.5 0 0 0 .5-.5V8H12v2a2 2 0 0 1-2 2H8Zm2-12a2 2 0 0 1 2 2v2h-1.5V2a.5.5 0 0 0-.5-.5H8V0h2Z\" \/>\n\t\t\t<\/svg>\n\t\t<\/button><figcaption class=\"wp-element-caption\">Fot\u00f3: Abhishek Navlakha \/ Pexels<\/figcaption><\/figure>\n\n\n\n<h3 class=\"wp-block-heading\"><span class=\"ez-toc-section\" id=\"2_A_falumuzeum_a_Dorfmuseum_%E2%80%9Ealte_Pinte%E2%80%9D\"><\/span>2. A falum\u00fazeum, a Dorfmuseum \u201ealte Pinte&#8221;<span class=\"ez-toc-section-end\"><\/span><\/h3>\n\n\n\n<p class=\"wp-block-paragraph\">Ha l\u00e1tni akarod, hogyan \u00e9ltek val\u00f3j\u00e1ban az ilyen fah\u00e1zakban, felt\u00e9tlen\u00fcl el kell l\u00e1togatnod a helyi m\u00fazeumba. Egy gy\u00f6ny\u00f6r\u0171en meg\u0151rz\u00f6tt <strong>1772-es h\u00e1zban<\/strong> m\u0171k\u00f6dik, \u00e9s megcsap a r\u00e9gi id\u0151k hangulata, amikor a hegyekben sokkal kem\u00e9nyebb volt az \u00e9let, mint ma.<\/p>\n\n\n\n<p class=\"wp-block-paragraph\">A ki\u00e1ll\u00edt\u00e1s a legapr\u00f3bb r\u00e9szletekig bemutatja a jellegzetes oberlandi lak\u00f3h\u00e1zat. Megtal\u00e1lod itt az <strong>1730 \u00e9s 1920 k\u00f6z\u00f6tti korszak t\u00f6rt\u00e9nelmi b\u00fatorait \u00e9s t\u00e1rgyait<\/strong>, a r\u00e9gi rokk\u00e1kt\u00f3l a k\u00e9zzel festett hozom\u00e1nyl\u00e1d\u00e1kig. Leny\u0171g\u00f6z\u0151 l\u00e1tni, milyen mesterien tudtak a helyi k\u00e9zm\u0171vesek f\u00e1val dolgozni.<\/p>\n\n\n\n<p class=\"wp-block-paragraph\">A l\u00e1togat\u00e1s nem vesz ig\u00e9nybe egy \u00f3r\u00e1n\u00e1l t\u00f6bbet, de \u00e1ltala \u00f3ri\u00e1si <strong>tiszteletet szerzel a helyi kult\u00fara \u00e9s hagyom\u00e1nyok<\/strong> ir\u00e1nt. Megtudod, hogyan f\u0171t\u00f6ttek r\u00e9gen, hogyan dolgozt\u00e1k fel a hegyi legel\u0151kr\u0151l sz\u00e1rmaz\u00f3 tejet, \u00e9s hogyan n\u00e9zett ki egy egyszer\u0171 sv\u00e1jci csal\u00e1d mindennapi \u00e9lete.<\/p>\n\n\n\n<p class=\"wp-block-paragraph\">\ud83d\udca1 Tipp: A <strong>m\u00fazeum nyitvatart\u00e1sa<\/strong> az <strong>ut\u00f3szezonban meglehet\u0151sen korl\u00e1tozott<\/strong>, ez\u00e9rt el\u0151re n\u00e9zd meg a weboldalon, mely napokon van \u00e9ppen nyitva, hogy ne \u00e1llj z\u00e1rt ajt\u00f3k el\u0151tt.<\/p>\n\n\n\n<figure data-wp-context=\"{&quot;imageId&quot;:&quot;6a952e185421a&quot;}\" data-wp-interactive=\"core\/image\" data-wp-key=\"6a952e185421a\" class=\"wp-block-image size-full wp-lightbox-container\"><img decoding=\"async\" width=\"1800\" height=\"1350\" data-wp-class--hide=\"state.isContentHidden\" data-wp-class--show=\"state.isContentVisible\" data-wp-init=\"callbacks.setButtonStyles\" data-wp-on--click=\"actions.showLightbox\" data-wp-on--load=\"callbacks.setButtonStyles\" data-wp-on--pointerdown=\"actions.preloadImage\" data-wp-on--pointerenter=\"actions.preloadImageWithDelay\" data-wp-on--pointerleave=\"actions.cancelPreload\" data-wp-on-window--resize=\"callbacks.setButtonStyles\" src=\"https:\/\/loudavymkrokem.cz\/wp-content\/uploads\/2026\/08\/articles-bonigen-07.jpg\" alt=\"B\u00f6nigen a Brienzi-tavon \u00fasz\u00f3 haj\u00f3 fed\u00e9lzet\u00e9r\u0151l\" class=\"wp-image-404470\" title=\"\" srcset=\"https:\/\/loudavymkrokem.cz\/wp-content\/uploads\/2026\/08\/articles-bonigen-07.jpg 1800w, https:\/\/loudavymkrokem.cz\/wp-content\/uploads\/2026\/08\/articles-bonigen-07-300x225.jpg 300w, https:\/\/loudavymkrokem.cz\/wp-content\/uploads\/2026\/08\/articles-bonigen-07-700x525.jpg 700w, https:\/\/loudavymkrokem.cz\/wp-content\/uploads\/2026\/08\/articles-bonigen-07-768x576.jpg 768w, https:\/\/loudavymkrokem.cz\/wp-content\/uploads\/2026\/08\/articles-bonigen-07-1536x1152.jpg 1536w, https:\/\/loudavymkrokem.cz\/wp-content\/uploads\/2026\/08\/articles-bonigen-07-80x60.jpg 80w, https:\/\/loudavymkrokem.cz\/wp-content\/uploads\/2026\/08\/articles-bonigen-07-160x120.jpg 160w, https:\/\/loudavymkrokem.cz\/wp-content\/uploads\/2026\/08\/articles-bonigen-07-696x522.jpg 696w, https:\/\/loudavymkrokem.cz\/wp-content\/uploads\/2026\/08\/articles-bonigen-07-1392x1044.jpg 1392w\" sizes=\"(max-width: 1800px) 100vw, 1800px\" \/><button\n\t\t\tclass=\"lightbox-trigger\"\n\t\t\ttype=\"button\"\n\t\t\taria-haspopup=\"dialog\"\n\t\t\tdata-wp-bind--aria-label=\"state.thisImage.triggerButtonAriaLabel\"\n\t\t\tdata-wp-init=\"callbacks.initTriggerButton\"\n\t\t\tdata-wp-on--click=\"actions.showLightbox\"\n\t\t\tdata-wp-style--right=\"state.thisImage.buttonRight\"\n\t\t\tdata-wp-style--top=\"state.thisImage.buttonTop\"\n\t\t>\n\t\t\t<svg xmlns=\"http:\/\/www.w3.org\/2000\/svg\" width=\"12\" height=\"12\" fill=\"none\" viewBox=\"0 0 12 12\">\n\t\t\t\t<path fill=\"#fff\" d=\"M2 0a2 2 0 0 0-2 2v2h1.5V2a.5.5 0 0 1 .5-.5h2V0H2Zm2 10.5H2a.5.5 0 0 1-.5-.5V8H0v2a2 2 0 0 0 2 2h2v-1.5ZM8 12v-1.5h2a.5.5 0 0 0 .5-.5V8H12v2a2 2 0 0 1-2 2H8Zm2-12a2 2 0 0 1 2 2v2h-1.5V2a.5.5 0 0 0-.5-.5H8V0h2Z\" \/>\n\t\t\t<\/svg>\n\t\t<\/button><figcaption class=\"wp-element-caption\">Fot\u00f3: Andrew Bossi \/ Wikimedia Commons, CC BY-SA 2.5<\/figcaption><\/figure>\n\n\n\n<h3 class=\"wp-block-heading\"><span class=\"ez-toc-section\" id=\"3_Topart_molo_es_a_Brienzersee_Lakewalk\"><\/span>3. T\u00f3part, m\u00f3l\u00f3 \u00e9s a Brienzersee Lakewalk<span class=\"ez-toc-section-end\"><\/span><\/h3>\n\n\n\n<p class=\"wp-block-paragraph\">B\u00f6nigen sz\u00edve k\u00e9ts\u00e9gtelen\u00fcl a t\u00f3partja. Az itteni <strong>Brienzersee Lakewalk<\/strong> a Google-on fantasztikus, 4,8-as \u00e9rt\u00e9kel\u00e9st kapott k\u00f6zel ezer v\u00e9lem\u00e9ny alapj\u00e1n, \u00e9s ez az els\u0151 hely, ahov\u00e1 meg\u00e9rkez\u00e9s ut\u00e1n a l\u00e9pteidnek vezetni\u00fck kellene. A m\u00f3l\u00f3r\u00f3l a k\u00f6rnyez\u0151 cs\u00facsokra \u00e9s a t\u00fcrkiz v\u00edzfel\u00fcletre ny\u00edl\u00f3 kil\u00e1t\u00e1s egyszer\u0171en ikonikus.<\/p>\n\n\n\n<p class=\"wp-block-paragraph\">Az eg\u00e9sz s\u00e9t\u00e1ny <strong>akad\u00e1lymentes \u00fatk\u00e9nt<\/strong> lett kialak\u00edtva a t\u00f3 \u00e9s az Aare foly\u00f3 ment\u00e9n. Teljesen ide\u00e1lis a babakocsis csal\u00e1doknak, kerekessz\u00e9keseknek, vagy egy lass\u00fa esti s\u00e9t\u00e1hoz, amikor az eg\u00e9sznapos t\u00fara ut\u00e1n m\u00e1r f\u00e1j a l\u00e1bad. A v\u00edznek itt hihetetlen sz\u00edne van, amelyet az \u00fagynevezett gleccserliszt okoz, amit a k\u00f6rnyez\u0151 hegyt\u00f6mb\u00f6k mostak le.<\/p>\n\n\n\n<p class=\"wp-block-paragraph\">A ny\u00e1ri szezonban a t\u00f3part megtelik kult\u00far\u00e1val. K\u00f6zvetlen\u00fcl a f\u0151 m\u00f3l\u00f3n\u00e1l rendszeresen <strong>hagyom\u00e1nyos folkl\u00f3rkoncerteket<\/strong> tartanak, ahol \u00e9l\u0151ben hallhatsz alpesi k\u00fcrt\u00f6ket, \u00e9s l\u00e1thatod a helyi lakosokat gy\u00f6ny\u00f6r\u0171 t\u00f6rt\u00e9nelmi n\u00e9pviseletben. Olyan \u00e9lm\u00e9ny ez, amely elv\u00e1laszthatatlanul a Berni Oberlandban t\u00f6lt\u00f6tt id\u0151h\u00f6z tartozik.<\/p>\n\n\n\n<p class=\"wp-block-paragraph\">\ud83d\udca1 Tipp: A s\u00e9t\u00e1nyt\u00f3l nem messze fekszik a <strong>kis Depotseeli tavacska<\/strong>, amely \u00e9rdekes m\u00f3don mesters\u00e9gesen j\u00f6tt l\u00e9tre a t\u00f6rt\u00e9nelmi vas\u00fat\u00e9p\u00edt\u00e9s sor\u00e1n. Ma f\u0151leg a helyi horg\u00e1szokat szolg\u00e1lja, de sz\u00e9p, csendes hely egy r\u00f6vid meg\u00e1ll\u00f3hoz.<\/p>\n\n\n\n<figure data-wp-context=\"{&quot;imageId&quot;:&quot;6a952e1854a98&quot;}\" data-wp-interactive=\"core\/image\" data-wp-key=\"6a952e1854a98\" class=\"wp-block-image size-full wp-lightbox-container\"><img decoding=\"async\" width=\"1800\" height=\"1199\" data-wp-class--hide=\"state.isContentHidden\" data-wp-class--show=\"state.isContentVisible\" data-wp-init=\"callbacks.setButtonStyles\" data-wp-on--click=\"actions.showLightbox\" data-wp-on--load=\"callbacks.setButtonStyles\" data-wp-on--pointerdown=\"actions.preloadImage\" data-wp-on--pointerenter=\"actions.preloadImageWithDelay\" data-wp-on--pointerleave=\"actions.cancelPreload\" data-wp-on-window--resize=\"callbacks.setButtonStyles\" src=\"https:\/\/loudavymkrokem.cz\/wp-content\/uploads\/2026\/08\/articles-bonigen-08.jpg\" alt=\"Strand a t\u00f3n\u00e1l medenc\u00e9vel\" class=\"wp-image-404472\" title=\"\" srcset=\"https:\/\/loudavymkrokem.cz\/wp-content\/uploads\/2026\/08\/articles-bonigen-08.jpg 1800w, https:\/\/loudavymkrokem.cz\/wp-content\/uploads\/2026\/08\/articles-bonigen-08-300x200.jpg 300w, https:\/\/loudavymkrokem.cz\/wp-content\/uploads\/2026\/08\/articles-bonigen-08-700x466.jpg 700w, https:\/\/loudavymkrokem.cz\/wp-content\/uploads\/2026\/08\/articles-bonigen-08-768x512.jpg 768w, https:\/\/loudavymkrokem.cz\/wp-content\/uploads\/2026\/08\/articles-bonigen-08-1536x1023.jpg 1536w, https:\/\/loudavymkrokem.cz\/wp-content\/uploads\/2026\/08\/articles-bonigen-08-696x464.jpg 696w, https:\/\/loudavymkrokem.cz\/wp-content\/uploads\/2026\/08\/articles-bonigen-08-1392x927.jpg 1392w\" sizes=\"(max-width: 1800px) 100vw, 1800px\" \/><button\n\t\t\tclass=\"lightbox-trigger\"\n\t\t\ttype=\"button\"\n\t\t\taria-haspopup=\"dialog\"\n\t\t\tdata-wp-bind--aria-label=\"state.thisImage.triggerButtonAriaLabel\"\n\t\t\tdata-wp-init=\"callbacks.initTriggerButton\"\n\t\t\tdata-wp-on--click=\"actions.showLightbox\"\n\t\t\tdata-wp-style--right=\"state.thisImage.buttonRight\"\n\t\t\tdata-wp-style--top=\"state.thisImage.buttonTop\"\n\t\t>\n\t\t\t<svg xmlns=\"http:\/\/www.w3.org\/2000\/svg\" width=\"12\" height=\"12\" fill=\"none\" viewBox=\"0 0 12 12\">\n\t\t\t\t<path fill=\"#fff\" d=\"M2 0a2 2 0 0 0-2 2v2h1.5V2a.5.5 0 0 1 .5-.5h2V0H2Zm2 10.5H2a.5.5 0 0 1-.5-.5V8H0v2a2 2 0 0 0 2 2h2v-1.5ZM8 12v-1.5h2a.5.5 0 0 0 .5-.5V8H12v2a2 2 0 0 1-2 2H8Zm2-12a2 2 0 0 1 2 2v2h-1.5V2a.5.5 0 0 0-.5-.5H8V0h2Z\" \/>\n\t\t\t<\/svg>\n\t\t<\/button><figcaption class=\"wp-element-caption\">Fot\u00f3: Jean-Paul Wettstein \/ Pexels<\/figcaption><\/figure>\n\n\n\n<h3 class=\"wp-block-heading\"><span class=\"ez-toc-section\" id=\"4_A_The_Beach_strand\"><\/span>4. A The Beach strand<span class=\"ez-toc-section-end\"><\/span><\/h3>\n\n\n\n<p class=\"wp-block-paragraph\">B\u00e1r a t\u00f3 hideg, B\u00f6nigennek a v\u00edzim\u00e1d\u00f3k sz\u00e1m\u00e1ra t\u00f6k\u00e9letes tartal\u00e9kterve van. A helyi The Beach strand (Strandbad B\u00f6nigen) nagyj\u00e1b\u00f3l m\u00e1jus k\u00f6zep\u00e9t\u0151l szeptember k\u00f6zep\u00e9ig \u00fczemel, \u00e9s a 2026-os bel\u00e9p\u0151jegy <strong>nagyon kellemes, 6 CHF egy feln\u0151ttnek<\/strong>.<\/p>\n\n\n\n<p class=\"wp-block-paragraph\">A ter\u00fclet a t\u00f3hoz val\u00f3 hozz\u00e1f\u00e9r\u00e9s mellett <strong>egy f\u0171t\u00f6tt, 25 m\u00e9teres medenc\u00e9t<\/strong> is k\u00edn\u00e1l, amit azokon a napokon \u00e9rt\u00e9kelsz majd, amikor t\u00e9nyleg nincs kedved a gleccserv\u00edzbe menni. Az \u00fasz\u00f3knak a t\u00f3ban egy elker\u00edtett ter\u00fclet van fenntartva, k\u00f6r\u00fcl\u00f6tte pedig egy t\u00e1gas, f\u00fcves r\u00e9t ter\u00fcl el nagy f\u00e1kkal, amelyek elegend\u0151 term\u00e9szetes \u00e1rny\u00e9kot biztos\u00edtanak.<\/p>\n\n\n\n<p class=\"wp-block-paragraph\">A h\u00e1tt\u00e9rinfrastrukt\u00fara sv\u00e1jci viszonylatban is kiv\u00e1l\u00f3. Tal\u00e1lsz itt \u00f6lt\u00f6z\u0151ket, tiszta mosd\u00f3kat, p\u00e9tanque-p\u00e1ly\u00e1t \u00e9s egy kellemes \u00e9ttermet. Az eg\u00e9sz ter\u00fclet r\u00e1ad\u00e1sul <strong>teljesen akad\u00e1lymentes babakocsival \u00e9s kerekessz\u00e9kkel is<\/strong>, \u00edgy itt k\u00e9nyelmesen k\u00e9nyelembe helyezi mag\u00e1t b\u00e1rki. 17:00-t\u00f3l pedig kedvezm\u00e9nyes esti bel\u00e9p\u0151 van \u00e9rv\u00e9nyben.<\/p>\n\n\n\n<p class=\"wp-block-paragraph\">\ud83d\udca1 Tipp: Az <strong>aktu\u00e1lis nyitvatart\u00e1st<\/strong>, amely a h\u00f3napok \u00e9s az id\u0151j\u00e1r\u00e1s szerint v\u00e1ltozik, mindig a The Beach hivatalos <a href=\"https:\/\/www.strandbadboenigen.ch\" target=\"_blank\" rel=\"nofollow noopener\">weboldal\u00e1n<\/a> tal\u00e1lod meg. Er\u0151s es\u0151ben a ter\u00fclet <strong>biztons\u00e1gi okokb\u00f3l z\u00e1rva szokott lenni<\/strong>.<\/p>\n\n\n\n<figure data-wp-context=\"{&quot;imageId&quot;:&quot;6a952e18553a0&quot;}\" data-wp-interactive=\"core\/image\" data-wp-key=\"6a952e18553a0\" class=\"wp-block-image size-full wp-lightbox-container\"><img decoding=\"async\" width=\"1800\" height=\"1011\" data-wp-class--hide=\"state.isContentHidden\" data-wp-class--show=\"state.isContentVisible\" data-wp-init=\"callbacks.setButtonStyles\" data-wp-on--click=\"actions.showLightbox\" data-wp-on--load=\"callbacks.setButtonStyles\" data-wp-on--pointerdown=\"actions.preloadImage\" data-wp-on--pointerenter=\"actions.preloadImageWithDelay\" data-wp-on--pointerleave=\"actions.cancelPreload\" data-wp-on-window--resize=\"callbacks.setButtonStyles\" src=\"https:\/\/loudavymkrokem.cz\/wp-content\/uploads\/2026\/08\/articles-bonigen-09.jpg\" alt=\"Kajak egy hegyi tavon\" class=\"wp-image-404475\" title=\"\" srcset=\"https:\/\/loudavymkrokem.cz\/wp-content\/uploads\/2026\/08\/articles-bonigen-09.jpg 1800w, https:\/\/loudavymkrokem.cz\/wp-content\/uploads\/2026\/08\/articles-bonigen-09-300x169.jpg 300w, https:\/\/loudavymkrokem.cz\/wp-content\/uploads\/2026\/08\/articles-bonigen-09-700x393.jpg 700w, https:\/\/loudavymkrokem.cz\/wp-content\/uploads\/2026\/08\/articles-bonigen-09-768x431.jpg 768w, https:\/\/loudavymkrokem.cz\/wp-content\/uploads\/2026\/08\/articles-bonigen-09-1536x863.jpg 1536w, https:\/\/loudavymkrokem.cz\/wp-content\/uploads\/2026\/08\/articles-bonigen-09-696x391.jpg 696w, https:\/\/loudavymkrokem.cz\/wp-content\/uploads\/2026\/08\/articles-bonigen-09-1392x782.jpg 1392w\" sizes=\"(max-width: 1800px) 100vw, 1800px\" \/><button\n\t\t\tclass=\"lightbox-trigger\"\n\t\t\ttype=\"button\"\n\t\t\taria-haspopup=\"dialog\"\n\t\t\tdata-wp-bind--aria-label=\"state.thisImage.triggerButtonAriaLabel\"\n\t\t\tdata-wp-init=\"callbacks.initTriggerButton\"\n\t\t\tdata-wp-on--click=\"actions.showLightbox\"\n\t\t\tdata-wp-style--right=\"state.thisImage.buttonRight\"\n\t\t\tdata-wp-style--top=\"state.thisImage.buttonTop\"\n\t\t>\n\t\t\t<svg xmlns=\"http:\/\/www.w3.org\/2000\/svg\" width=\"12\" height=\"12\" fill=\"none\" viewBox=\"0 0 12 12\">\n\t\t\t\t<path fill=\"#fff\" d=\"M2 0a2 2 0 0 0-2 2v2h1.5V2a.5.5 0 0 1 .5-.5h2V0H2Zm2 10.5H2a.5.5 0 0 1-.5-.5V8H0v2a2 2 0 0 0 2 2h2v-1.5ZM8 12v-1.5h2a.5.5 0 0 0 .5-.5V8H12v2a2 2 0 0 1-2 2H8Zm2-12a2 2 0 0 1 2 2v2h-1.5V2a.5.5 0 0 0-.5-.5H8V0h2Z\" \/>\n\t\t\t<\/svg>\n\t\t<\/button><figcaption class=\"wp-element-caption\">Fot\u00f3: K \/ Pexels<\/figcaption><\/figure>\n\n\n\n<h3 class=\"wp-block-heading\"><span class=\"ez-toc-section\" id=\"5_Kajak_es_SUP_a_to_vizen\"><\/span>5. Kajak \u00e9s SUP a t\u00f3 viz\u00e9n<span class=\"ez-toc-section-end\"><\/span><\/h3>\n\n\n\n<p class=\"wp-block-paragraph\">A legjobb m\u00f3dja annak, hogy magadba sz\u00edvd a Brienzi-t\u00f3 hangulat\u00e1t, ha egyenesen a viz\u00e9re indulsz. K\u00f6zvetlen\u00fcl a parton (a 103-as busz meg\u00e1ll\u00f3j\u00e1val szemben) tal\u00e1lod a <strong>Hightide Kayak School<\/strong> b\u00e1zis\u00e1t, amely m\u00e1just\u00f3l okt\u00f3berig cs\u00facsmin\u0151s\u00e9g\u0171 v\u00edzisport-felszerel\u00e9st k\u00f6lcs\u00f6n\u00f6z.<\/p>\n\n\n\n<p class=\"wp-block-paragraph\">A 2026-os \u00e1rak \u00e9sszer\u0171en vannak be\u00e1ll\u00edtva. Egy <strong>egyszem\u00e9lyes kajak\u00e9rt 30 CHF-t\u0151l fizetsz \u00f3r\u00e1nk\u00e9nt<\/strong>, a k\u00e9tszem\u00e9lyes v\u00e1ltozat 45 CHF. Ha nagyobb t\u00far\u00e1ba v\u00e1gsz, kib\u00e9relhetsz egy strapab\u00edr\u00f3 tengeri kajakot eg\u00e9sz h\u00e9t \u00f3r\u00e1ra 70 CHF-\u00e9rt, \u00e9s felfedezheted a t\u00e1volabbi \u00f6bl\u00f6ket. Term\u00e9szetesen el\u00e9rhet\u0151k a n\u00e9pszer\u0171 paddleboardok (SUP) is.<\/p>\n\n\n\n<p class=\"wp-block-paragraph\">Ha nincs tapasztalatod az evez\u00e9sben, azt javaslom, fizess be egy <strong>szervezett, oktat\u00f3val k\u00eds\u00e9rt kajakt\u00far\u00e1ra<\/strong>. Megmutatj\u00e1k neked a legszebb rejtett \u00f6bl\u00f6ket, megtan\u00edtj\u00e1k a helyes technik\u00e1t, \u00e9s gondoskodnak a biztons\u00e1godr\u00f3l, mert az id\u0151j\u00e1r\u00e1s a tavon a hegyekben v\u00e1ratlanul gyorsan meg tud v\u00e1ltozni.<\/p>\n\n\n\n<p class=\"wp-block-paragraph\">\ud83d\udca1 Tipp: A v\u00edzit\u00far\u00e1z\u00f3k k\u00f6r\u00e9ben abszol\u00fat sl\u00e1ger a <strong>B\u00f6nigenb\u0151l a d\u00e9li part ment\u00e9n a Giessbach-v\u00edzes\u00e9sekhez vezet\u0151 \u00fatvonal<\/strong>. A felszerel\u00e9st ink\u00e1bb el\u0151re foglald le a <a href=\"https:\/\/www.hightide.ch\" target=\"_blank\" rel=\"nofollow noopener\">Hightide<\/a> weboldal\u00e1n, j\u00faliusban \u00e9s augusztusban gyakran minden elkel.<\/p>\n\n\n\n<figure data-wp-context=\"{&quot;imageId&quot;:&quot;6a952e1855b43&quot;}\" data-wp-interactive=\"core\/image\" data-wp-key=\"6a952e1855b43\" class=\"wp-block-image size-full wp-lightbox-container\"><img decoding=\"async\" width=\"1800\" height=\"1200\" data-wp-class--hide=\"state.isContentHidden\" data-wp-class--show=\"state.isContentVisible\" data-wp-init=\"callbacks.setButtonStyles\" data-wp-on--click=\"actions.showLightbox\" data-wp-on--load=\"callbacks.setButtonStyles\" data-wp-on--pointerdown=\"actions.preloadImage\" data-wp-on--pointerenter=\"actions.preloadImageWithDelay\" data-wp-on--pointerleave=\"actions.cancelPreload\" data-wp-on-window--resize=\"callbacks.setButtonStyles\" src=\"https:\/\/loudavymkrokem.cz\/wp-content\/uploads\/2026\/08\/articles-bonigen-10.jpg\" alt=\"A t\u00f6rt\u00e9nelmi L\u00f6tschberg lap\u00e1tkerekes g\u0151zhaj\u00f3\" class=\"wp-image-404478\" title=\"\" srcset=\"https:\/\/loudavymkrokem.cz\/wp-content\/uploads\/2026\/08\/articles-bonigen-10.jpg 1800w, https:\/\/loudavymkrokem.cz\/wp-content\/uploads\/2026\/08\/articles-bonigen-10-300x200.jpg 300w, https:\/\/loudavymkrokem.cz\/wp-content\/uploads\/2026\/08\/articles-bonigen-10-700x467.jpg 700w, https:\/\/loudavymkrokem.cz\/wp-content\/uploads\/2026\/08\/articles-bonigen-10-768x512.jpg 768w, https:\/\/loudavymkrokem.cz\/wp-content\/uploads\/2026\/08\/articles-bonigen-10-1536x1024.jpg 1536w, https:\/\/loudavymkrokem.cz\/wp-content\/uploads\/2026\/08\/articles-bonigen-10-696x464.jpg 696w, https:\/\/loudavymkrokem.cz\/wp-content\/uploads\/2026\/08\/articles-bonigen-10-1392x928.jpg 1392w\" sizes=\"(max-width: 1800px) 100vw, 1800px\" \/><button\n\t\t\tclass=\"lightbox-trigger\"\n\t\t\ttype=\"button\"\n\t\t\taria-haspopup=\"dialog\"\n\t\t\tdata-wp-bind--aria-label=\"state.thisImage.triggerButtonAriaLabel\"\n\t\t\tdata-wp-init=\"callbacks.initTriggerButton\"\n\t\t\tdata-wp-on--click=\"actions.showLightbox\"\n\t\t\tdata-wp-style--right=\"state.thisImage.buttonRight\"\n\t\t\tdata-wp-style--top=\"state.thisImage.buttonTop\"\n\t\t>\n\t\t\t<svg xmlns=\"http:\/\/www.w3.org\/2000\/svg\" width=\"12\" height=\"12\" fill=\"none\" viewBox=\"0 0 12 12\">\n\t\t\t\t<path fill=\"#fff\" d=\"M2 0a2 2 0 0 0-2 2v2h1.5V2a.5.5 0 0 1 .5-.5h2V0H2Zm2 10.5H2a.5.5 0 0 1-.5-.5V8H0v2a2 2 0 0 0 2 2h2v-1.5ZM8 12v-1.5h2a.5.5 0 0 0 .5-.5V8H12v2a2 2 0 0 1-2 2H8Zm2-12a2 2 0 0 1 2 2v2h-1.5V2a.5.5 0 0 0-.5-.5H8V0h2Z\" \/>\n\t\t\t<\/svg>\n\t\t<\/button><figcaption class=\"wp-element-caption\">Fot\u00f3: Martin Abegglen from Bern, Switzerland \/ Wikimedia Commons, CC BY-SA 2.0<\/figcaption><\/figure>\n\n\n\n<h3 class=\"wp-block-heading\"><span class=\"ez-toc-section\" id=\"6_Hajozas_a_tortenelmi_Lotschberg_gozhajoval\"><\/span>6. Haj\u00f3z\u00e1s a t\u00f6rt\u00e9nelmi L\u00f6tschberg g\u0151zhaj\u00f3val<span class=\"ez-toc-section-end\"><\/span><\/h3>\n\n\n\n<p class=\"wp-block-paragraph\">Ha a fizikai er\u0151fesz\u00edt\u00e9ssel szemben ink\u00e1bb a k\u00e9nyelmet r\u00e9szes\u00edted el\u0151nyben, felt\u00e9tlen\u00fcl haj\u00f3zz. A tavon a BLS t\u00e1rsas\u00e1g flott\u00e1ja k\u00f6zlekedik, amelynek legnagyobb b\u00fcszkes\u00e9ge az <strong>1914-es DS L\u00f6tschberg lap\u00e1tkerekes g\u0151zhaj\u00f3<\/strong>. Az utaz\u00e1s ezen a gy\u00f6ny\u00f6r\u0171en fel\u00faj\u00edtott haj\u00f3n azonnal a gondtalan belle \u00e9poque kor\u00e1ba rep\u00edt.<\/p>\n\n\n\n<p class=\"wp-block-paragraph\">A flotta 2026-ban \u00e1prilis elej\u00e9t\u0151l december elej\u00e9ig keresztezi a tavat. A szok\u00e1sos \u00fatvonal Interlakenb\u0151l B\u00f6nigenen, Iseltwaldon \u00e9s Giessbachon \u00e1t eg\u00e9szen Brienz v\u00e1ros\u00e1ig vezet. Az <strong>alap menetjegy 39 CHF<\/strong>, de ha van Bernese Oberland Passod vagy Swiss Travel Passod, a haj\u00f3z\u00e1s teljesen ingyenes. A 6 \u00e9s 15 \u00e9v k\u00f6z\u00f6tti gyerekek fel\u00e9\u00e9rt utaznak.<\/p>\n\n\n\n<p class=\"wp-block-paragraph\">A szok\u00e1sos napi j\u00e1ratokon k\u00edv\u00fcl j\u00faliusban \u00e9s augusztusban <strong>k\u00fcl\u00f6nleges szombat esti haj\u00f3z\u00e1sokat<\/strong> is szerveznek. Figyelni a naplement\u00e9t egy t\u00f6rt\u00e9nelmi g\u0151zhaj\u00f3 fed\u00e9lzet\u00e9r\u0151l, mik\u00f6zben k\u00f6r\u00fcl\u00f6tted dr\u00e1mai hegyoldalak suhannak el \u2014 ez a legromantikusabb \u00e9lm\u00e9ny, amit itt megengedhetsz magadnak.<\/p>\n\n\n\n<p class=\"wp-block-paragraph\">\ud83d\udca1 Tipp: A <strong>menetrendeket \u00e9s a jegyv\u00e1s\u00e1rl\u00e1st<\/strong> el\u0151re elint\u00e9zed a <a href=\"https:\/\/www.bls-schiff.ch\" target=\"_blank\" rel=\"nofollow noopener\">BLS haj\u00f3k<\/a> port\u00e1lj\u00e1n. Azt javaslom, <strong>m\u00e1r Interlakenben sz\u00e1llj haj\u00f3ra<\/strong>, hogy biztos legy\u00e9l benne, elfoglalod a legjobb helyeket a fels\u0151 fed\u00e9lzeten, miel\u0151tt a haj\u00f3 B\u00f6nigenbe \u00e9r.<\/p>\n\n\n\n<figure data-wp-context=\"{&quot;imageId&quot;:&quot;6a952e18566c4&quot;}\" data-wp-interactive=\"core\/image\" data-wp-key=\"6a952e18566c4\" class=\"wp-block-image size-full wp-lightbox-container\"><img decoding=\"async\" width=\"1800\" height=\"1013\" data-wp-class--hide=\"state.isContentHidden\" data-wp-class--show=\"state.isContentVisible\" data-wp-init=\"callbacks.setButtonStyles\" data-wp-on--click=\"actions.showLightbox\" data-wp-on--load=\"callbacks.setButtonStyles\" data-wp-on--pointerdown=\"actions.preloadImage\" data-wp-on--pointerenter=\"actions.preloadImageWithDelay\" data-wp-on--pointerleave=\"actions.cancelPreload\" data-wp-on-window--resize=\"callbacks.setButtonStyles\" src=\"https:\/\/loudavymkrokem.cz\/wp-content\/uploads\/2026\/08\/articles-bonigen-11.jpg\" alt=\"Jelzett t\u00fara\u00f6sv\u00e9ny a t\u00f3 felett\" class=\"wp-image-404479\" title=\"\" srcset=\"https:\/\/loudavymkrokem.cz\/wp-content\/uploads\/2026\/08\/articles-bonigen-11.jpg 1800w, https:\/\/loudavymkrokem.cz\/wp-content\/uploads\/2026\/08\/articles-bonigen-11-300x169.jpg 300w, https:\/\/loudavymkrokem.cz\/wp-content\/uploads\/2026\/08\/articles-bonigen-11-700x394.jpg 700w, https:\/\/loudavymkrokem.cz\/wp-content\/uploads\/2026\/08\/articles-bonigen-11-768x432.jpg 768w, https:\/\/loudavymkrokem.cz\/wp-content\/uploads\/2026\/08\/articles-bonigen-11-1536x864.jpg 1536w, https:\/\/loudavymkrokem.cz\/wp-content\/uploads\/2026\/08\/articles-bonigen-11-696x392.jpg 696w, https:\/\/loudavymkrokem.cz\/wp-content\/uploads\/2026\/08\/articles-bonigen-11-1392x783.jpg 1392w\" sizes=\"(max-width: 1800px) 100vw, 1800px\" \/><button\n\t\t\tclass=\"lightbox-trigger\"\n\t\t\ttype=\"button\"\n\t\t\taria-haspopup=\"dialog\"\n\t\t\tdata-wp-bind--aria-label=\"state.thisImage.triggerButtonAriaLabel\"\n\t\t\tdata-wp-init=\"callbacks.initTriggerButton\"\n\t\t\tdata-wp-on--click=\"actions.showLightbox\"\n\t\t\tdata-wp-style--right=\"state.thisImage.buttonRight\"\n\t\t\tdata-wp-style--top=\"state.thisImage.buttonTop\"\n\t\t>\n\t\t\t<svg xmlns=\"http:\/\/www.w3.org\/2000\/svg\" width=\"12\" height=\"12\" fill=\"none\" viewBox=\"0 0 12 12\">\n\t\t\t\t<path fill=\"#fff\" d=\"M2 0a2 2 0 0 0-2 2v2h1.5V2a.5.5 0 0 1 .5-.5h2V0H2Zm2 10.5H2a.5.5 0 0 1-.5-.5V8H0v2a2 2 0 0 0 2 2h2v-1.5ZM8 12v-1.5h2a.5.5 0 0 0 .5-.5V8H12v2a2 2 0 0 1-2 2H8Zm2-12a2 2 0 0 1 2 2v2h-1.5V2a.5.5 0 0 0-.5-.5H8V0h2Z\" \/>\n\t\t\t<\/svg>\n\t\t<\/button><figcaption class=\"wp-element-caption\">Fot\u00f3: Tina P. \/ Pexels<\/figcaption><\/figure>\n\n\n\n<h2 class=\"wp-block-heading\"><span class=\"ez-toc-section\" id=\"Turazas_Bonigenbol_6_utvonal_amely_megeri\"><\/span>T\u00far\u00e1z\u00e1s B\u00f6nigenb\u0151l: 6 \u00fatvonal, amely meg\u00e9ri<span class=\"ez-toc-section-end\"><\/span><\/h2>\n\n\n\n<p class=\"wp-block-paragraph\">Ha azok k\u00f6z\u00e9 tartozol, akik sz\u00edvesen s\u00e9t\u00e1lnak el a kir\u00e1ndul\u00e1sukra a sz\u00e1llod\u00e1t\u00f3l an\u00e9lk\u00fcl, hogy b\u00e1rhova utazniuk kellene, B\u00f6nigen a te helyed. T\u00f6bb t\u00edz kilom\u00e9ternyi <strong>t\u00f6k\u00e9letesen jelzett \u00f6sv\u00e9ny<\/strong> indul r\u00f6gt\u00f6n a k\u00fcsz\u00f6b m\u00f6g\u00fcl. A r\u00e9gi\u00f3 mindent k\u00edn\u00e1l a k\u00f6nnyed partmenti s\u00e9t\u00e1kt\u00f3l az <strong>eg\u00e9sznapos, brut\u00e1lis szintemelked\u00e9ssel j\u00e1r\u00f3 t\u00far\u00e1kig<\/strong>.<\/p>\n\n\n\n<p class=\"wp-block-paragraph\">A sv\u00e1jci t\u00farajelz\u00e9s prec\u00edz, de ne felejtsd el, hogy az Alpokban vagy. Mindig <strong>vigy\u00e9l magaddal elegend\u0151 vizet<\/strong>, egy j\u00f3 t\u00e9rk\u00e9pet a telefonodon (p\u00e9ld\u00e1ul a Komoot alkalmaz\u00e1st) \u00e9s <strong>szil\u00e1rd bakancsot<\/strong>. Az id\u0151j\u00e1r\u00e1s itt nagyon v\u00e1ratlanul meg tudja mutatni a kem\u00e9nyebb arc\u00e1t.<\/p>\n\n\n\n<figure data-wp-context=\"{&quot;imageId&quot;:&quot;6a952e1856f77&quot;}\" data-wp-interactive=\"core\/image\" data-wp-key=\"6a952e1856f77\" class=\"wp-block-image size-full wp-lightbox-container\"><img decoding=\"async\" width=\"1800\" height=\"1200\" data-wp-class--hide=\"state.isContentHidden\" data-wp-class--show=\"state.isContentVisible\" data-wp-init=\"callbacks.setButtonStyles\" data-wp-on--click=\"actions.showLightbox\" data-wp-on--load=\"callbacks.setButtonStyles\" data-wp-on--pointerdown=\"actions.preloadImage\" data-wp-on--pointerenter=\"actions.preloadImageWithDelay\" data-wp-on--pointerleave=\"actions.cancelPreload\" data-wp-on-window--resize=\"callbacks.setButtonStyles\" src=\"https:\/\/loudavymkrokem.cz\/wp-content\/uploads\/2026\/08\/articles-bonigen-12.jpg\" alt=\"A Brienzi-t\u00f3hoz z\u00fadul\u00f3 v\u00edzes\u00e9s\" class=\"wp-image-404480\" title=\"\" srcset=\"https:\/\/loudavymkrokem.cz\/wp-content\/uploads\/2026\/08\/articles-bonigen-12.jpg 1800w, https:\/\/loudavymkrokem.cz\/wp-content\/uploads\/2026\/08\/articles-bonigen-12-300x200.jpg 300w, https:\/\/loudavymkrokem.cz\/wp-content\/uploads\/2026\/08\/articles-bonigen-12-700x467.jpg 700w, https:\/\/loudavymkrokem.cz\/wp-content\/uploads\/2026\/08\/articles-bonigen-12-768x512.jpg 768w, https:\/\/loudavymkrokem.cz\/wp-content\/uploads\/2026\/08\/articles-bonigen-12-1536x1024.jpg 1536w, https:\/\/loudavymkrokem.cz\/wp-content\/uploads\/2026\/08\/articles-bonigen-12-696x464.jpg 696w, https:\/\/loudavymkrokem.cz\/wp-content\/uploads\/2026\/08\/articles-bonigen-12-1392x928.jpg 1392w\" sizes=\"(max-width: 1800px) 100vw, 1800px\" \/><button\n\t\t\tclass=\"lightbox-trigger\"\n\t\t\ttype=\"button\"\n\t\t\taria-haspopup=\"dialog\"\n\t\t\tdata-wp-bind--aria-label=\"state.thisImage.triggerButtonAriaLabel\"\n\t\t\tdata-wp-init=\"callbacks.initTriggerButton\"\n\t\t\tdata-wp-on--click=\"actions.showLightbox\"\n\t\t\tdata-wp-style--right=\"state.thisImage.buttonRight\"\n\t\t\tdata-wp-style--top=\"state.thisImage.buttonTop\"\n\t\t>\n\t\t\t<svg xmlns=\"http:\/\/www.w3.org\/2000\/svg\" width=\"12\" height=\"12\" fill=\"none\" viewBox=\"0 0 12 12\">\n\t\t\t\t<path fill=\"#fff\" d=\"M2 0a2 2 0 0 0-2 2v2h1.5V2a.5.5 0 0 1 .5-.5h2V0H2Zm2 10.5H2a.5.5 0 0 1-.5-.5V8H0v2a2 2 0 0 0 2 2h2v-1.5ZM8 12v-1.5h2a.5.5 0 0 0 .5-.5V8H12v2a2 2 0 0 1-2 2H8Zm2-12a2 2 0 0 1 2 2v2h-1.5V2a.5.5 0 0 0-.5-.5H8V0h2Z\" \/>\n\t\t\t<\/svg>\n\t\t<\/button><figcaption class=\"wp-element-caption\">Fot\u00f3: Tommes Frites \/ Pexels<\/figcaption><\/figure>\n\n\n\n<h3 class=\"wp-block-heading\"><span class=\"ez-toc-section\" id=\"7_A_Harom_vizeses_utja_szakaszokban\"><\/span>7. A H\u00e1rom v\u00edzes\u00e9s \u00fatja szakaszokban<span class=\"ez-toc-section-end\"><\/span><\/h3>\n\n\n\n<p class=\"wp-block-paragraph\">Ez egy\u00e9rtelm\u0171en az <strong>eg\u00e9sz ter\u00fclet legh\u00edresebb \u00fatvonala<\/strong>, amely egyenesen a Brienzi-t\u00f3 partj\u00e1n vezet B\u00f6nigenb\u0151l Iseltwaldon \u00e1t eg\u00e9szen Brienzig. \u00datk\u00f6zben <strong>h\u00e1rom l\u00e9legzetel\u00e1ll\u00edt\u00f3 v\u00edzes\u00e9s<\/strong> v\u00e1r r\u00e1d: az Erschwandenbachfall, a M\u00fclibachfall, \u00e9s v\u00e9g\u00fcl a legismertebb Giessbachf\u00e4lle.<\/p>\n\n\n\n<p class=\"wp-block-paragraph\">Az eg\u00e9sz \u00fatvonal param\u00e9terei tiszteletet parancsolnak. <strong>18,2 kilom\u00e9ter hossz\u00fa, 466 m\u00e9ter szintemelked\u00e9ssel<\/strong>, \u00e9s nagyj\u00e1b\u00f3l 5 \u00f3ra 15 perc tiszta gyalogl\u00e1si id\u0151t vesz ig\u00e9nybe. Az \u00f6sv\u00e9ny fel-le hull\u00e1mzik a part ment\u00e9n 565 \u00e9s 775 m\u00e9ter k\u00f6z\u00f6tt, \u00e9s fantasztikus betekint\u00e9seket k\u00edn\u00e1l a t\u00fcrkiz v\u00edzfel\u00fcletre a s\u0171r\u0171 erd\u0151k\u00f6n kereszt\u00fcl.<\/p>\n\n\n\n<p class=\"wp-block-paragraph\">A zseni\u00e1lis ebben az \u00fatvonalban, hogy <strong>k\u00f6nnyen feloszthat\u00f3 kisebb szakaszokra<\/strong>: B\u00f6nigenb\u0151l Iseltwaldba 1 \u00f3ra 50 perc, a M\u00fclibach v\u00edzes\u00e9shez tov\u00e1bbi 35 perc, onnan Giessbachba nem eg\u00e9szen 2 \u00f3ra, Brienzbe pedig az utols\u00f3 1 \u00f3ra 20 perc. A legjobb tr\u00fckk elindulni gyalog, eljutni az els\u0151 vagy m\u00e1sodik v\u00edzes\u00e9shez, majd felsz\u00e1llni a haj\u00f3ra vagy buszra visszafel\u00e9.<\/p>\n\n\n\n<p class=\"wp-block-paragraph\">\ud83d\udca1 Tipp: Ha ide\u00e1lis f\u00e9lnapos kir\u00e1ndul\u00e1st keresel, pr\u00f3b\u00e1ld ki az <strong>els\u0151 szakaszt a b\u00f6nigeni kik\u00f6t\u0151t\u0151l az Erschwandenbach v\u00edzes\u00e9shez \u00e9s tov\u00e1bb Iseltwaldba<\/strong>. Iseltwald m\u00f6g\u00f6tt azonban vigy\u00e1zz: <strong>hi\u00e1nyzik itt az \u201eIsch&#8221; ir\u00e1ny\u00fa jelz\u00e9s<\/strong>, \u00e9s k\u00f6nnyen elmulasztod az utols\u00f3 k\u00e9t v\u00edzes\u00e9st.<\/p>\n\n\n\n<figure data-wp-context=\"{&quot;imageId&quot;:&quot;6a952e1857691&quot;}\" data-wp-interactive=\"core\/image\" data-wp-key=\"6a952e1857691\" class=\"wp-block-image size-full wp-lightbox-container\"><img decoding=\"async\" width=\"1800\" height=\"1350\" data-wp-class--hide=\"state.isContentHidden\" data-wp-class--show=\"state.isContentVisible\" data-wp-init=\"callbacks.setButtonStyles\" data-wp-on--click=\"actions.showLightbox\" data-wp-on--load=\"callbacks.setButtonStyles\" data-wp-on--pointerdown=\"actions.preloadImage\" data-wp-on--pointerenter=\"actions.preloadImageWithDelay\" data-wp-on--pointerleave=\"actions.cancelPreload\" data-wp-on-window--resize=\"callbacks.setButtonStyles\" src=\"https:\/\/loudavymkrokem.cz\/wp-content\/uploads\/2026\/08\/articles-bonigen-13.jpg\" alt=\"Kil\u00e1t\u00e1s B\u00f6nigenre \u00e9s a t\u00f3ra a k\u00f6rnyez\u0151 dombokr\u00f3l\" class=\"wp-image-404482\" title=\"\" srcset=\"https:\/\/loudavymkrokem.cz\/wp-content\/uploads\/2026\/08\/articles-bonigen-13.jpg 1800w, https:\/\/loudavymkrokem.cz\/wp-content\/uploads\/2026\/08\/articles-bonigen-13-300x225.jpg 300w, https:\/\/loudavymkrokem.cz\/wp-content\/uploads\/2026\/08\/articles-bonigen-13-700x525.jpg 700w, https:\/\/loudavymkrokem.cz\/wp-content\/uploads\/2026\/08\/articles-bonigen-13-768x576.jpg 768w, https:\/\/loudavymkrokem.cz\/wp-content\/uploads\/2026\/08\/articles-bonigen-13-1536x1152.jpg 1536w, https:\/\/loudavymkrokem.cz\/wp-content\/uploads\/2026\/08\/articles-bonigen-13-80x60.jpg 80w, https:\/\/loudavymkrokem.cz\/wp-content\/uploads\/2026\/08\/articles-bonigen-13-160x120.jpg 160w, https:\/\/loudavymkrokem.cz\/wp-content\/uploads\/2026\/08\/articles-bonigen-13-696x522.jpg 696w, https:\/\/loudavymkrokem.cz\/wp-content\/uploads\/2026\/08\/articles-bonigen-13-1392x1044.jpg 1392w\" sizes=\"(max-width: 1800px) 100vw, 1800px\" \/><button\n\t\t\tclass=\"lightbox-trigger\"\n\t\t\ttype=\"button\"\n\t\t\taria-haspopup=\"dialog\"\n\t\t\tdata-wp-bind--aria-label=\"state.thisImage.triggerButtonAriaLabel\"\n\t\t\tdata-wp-init=\"callbacks.initTriggerButton\"\n\t\t\tdata-wp-on--click=\"actions.showLightbox\"\n\t\t\tdata-wp-style--right=\"state.thisImage.buttonRight\"\n\t\t\tdata-wp-style--top=\"state.thisImage.buttonTop\"\n\t\t>\n\t\t\t<svg xmlns=\"http:\/\/www.w3.org\/2000\/svg\" width=\"12\" height=\"12\" fill=\"none\" viewBox=\"0 0 12 12\">\n\t\t\t\t<path fill=\"#fff\" d=\"M2 0a2 2 0 0 0-2 2v2h1.5V2a.5.5 0 0 1 .5-.5h2V0H2Zm2 10.5H2a.5.5 0 0 1-.5-.5V8H0v2a2 2 0 0 0 2 2h2v-1.5ZM8 12v-1.5h2a.5.5 0 0 0 .5-.5V8H12v2a2 2 0 0 1-2 2H8Zm2-12a2 2 0 0 1 2 2v2h-1.5V2a.5.5 0 0 0-.5-.5H8V0h2Z\" \/>\n\t\t\t<\/svg>\n\t\t<\/button><figcaption class=\"wp-element-caption\">Fot\u00f3: Diacius \/ Wikimedia Commons, CC BY 4.0<\/figcaption><\/figure>\n\n\n\n<h3 class=\"wp-block-heading\"><span class=\"ez-toc-section\" id=\"8_Sytiberg-kortura_55_km_terepbabakocsival_is\"><\/span>8. Sytiberg-k\u00f6rt\u00fara: 5,5 km terepbabakocsival is<span class=\"ez-toc-section-end\"><\/span><\/h3>\n\n\n\n<p class=\"wp-block-paragraph\">Ha a v\u00edzt\u0151l feljebb szeretn\u00e9l a dombokra sz\u00f6kni, \u00e9s nincs kedved messzire utazni, pr\u00f3b\u00e1ld ki ezt a <strong>helyi k\u00f6rt\u00far\u00e1t (Rundwanderung Sytiberg)<\/strong>. <strong>Egyenesen a turistairod\u00e1t\u00f3l<\/strong> indul, \u00e9s \u00e1tvezet a falu fels\u0151 r\u00e9sz\u00e9n, ahol menet k\u00f6zben megn\u00e9zhetsz tov\u00e1bbi t\u00f6rt\u00e9nelmi h\u00e1zakat.<\/p>\n\n\n\n<p class=\"wp-block-paragraph\">A r\u00e9gi\u00f3 hivatalos adatai szerint a k\u00f6rt\u00fara <strong>5,5 kilom\u00e9ter, m\u00e1sf\u00e9l \u00f3r\u00e1t tart, \u00e9s 146 m\u00e9ter szintet emelkedsz rajta<\/strong>. A legmagasabb pont 712 m\u00e9teren fekszik, teh\u00e1t semmif\u00e9le magashegyi terepr\u0151l nincs sz\u00f3. Az \u00fat \u00e1tvisz a s\u0171r\u0171 erd\u0151n \u00e9s a fotog\u00e9n hegyi r\u00e9teken.<\/p>\n\n\n\n<p class=\"wp-block-paragraph\">\u00datk\u00f6zben elhaladsz a <strong>kil\u00e1t\u00e1sos Oberallmi grillhely<\/strong> mellett, \u00e9s \u00e1tm\u00e9sz a fedett fah\u00eddon, az Aenderbergbr\u00fcgg\u00f6n, a k\u00f6rny\u00e9k egyik legfotog\u00e9nebb pontj\u00e1n. Vissza a L\u00fctschine foly\u00f3 ment\u00e9n t\u00e9rsz. <strong>T\u00f6k\u00e9letes \u00fatvonal egy d\u00e9lel\u0151ttre<\/strong>, amikor nem akarsz eg\u00e9sz nap talpon lenni.<\/p>\n\n\n\n<p class=\"wp-block-paragraph\">\ud83d\udca1 Tipp: Ez az <strong>egyetlen b\u00f6nigeni \u00fatvonal, amely hivatalosan is terepbabakocsival j\u00e1rhat\u00f3k\u00e9nt van felt\u00fcntetve<\/strong>, teh\u00e1t egy\u00e9rtelm\u0171 v\u00e1laszt\u00e1s, ha a legkisebbek is veled vannak. Az erd\u0151ben a talaj es\u0151 ut\u00e1n cs\u00fasz\u00f3s szokott lenni, ink\u00e1bb vegy\u00e9l fel szil\u00e1rd talp\u00fa bakancsot.<\/p>\n\n\n\n<figure data-wp-context=\"{&quot;imageId&quot;:&quot;6a952e1857e44&quot;}\" data-wp-interactive=\"core\/image\" data-wp-key=\"6a952e1857e44\" class=\"wp-block-image size-full wp-lightbox-container\"><img decoding=\"async\" width=\"1800\" height=\"1013\" data-wp-class--hide=\"state.isContentHidden\" data-wp-class--show=\"state.isContentVisible\" data-wp-init=\"callbacks.setButtonStyles\" data-wp-on--click=\"actions.showLightbox\" data-wp-on--load=\"callbacks.setButtonStyles\" data-wp-on--pointerdown=\"actions.preloadImage\" data-wp-on--pointerenter=\"actions.preloadImageWithDelay\" data-wp-on--pointerleave=\"actions.cancelPreload\" data-wp-on-window--resize=\"callbacks.setButtonStyles\" src=\"https:\/\/loudavymkrokem.cz\/wp-content\/uploads\/2026\/08\/articles-bonigen-14.jpg\" alt=\"Panor\u00e1m\u00e1s kil\u00e1t\u00e1s a t\u00f3 feletti cs\u00facsr\u00f3l\" class=\"wp-image-404484\" title=\"\" srcset=\"https:\/\/loudavymkrokem.cz\/wp-content\/uploads\/2026\/08\/articles-bonigen-14.jpg 1800w, https:\/\/loudavymkrokem.cz\/wp-content\/uploads\/2026\/08\/articles-bonigen-14-300x169.jpg 300w, https:\/\/loudavymkrokem.cz\/wp-content\/uploads\/2026\/08\/articles-bonigen-14-700x394.jpg 700w, https:\/\/loudavymkrokem.cz\/wp-content\/uploads\/2026\/08\/articles-bonigen-14-768x432.jpg 768w, https:\/\/loudavymkrokem.cz\/wp-content\/uploads\/2026\/08\/articles-bonigen-14-1536x864.jpg 1536w, https:\/\/loudavymkrokem.cz\/wp-content\/uploads\/2026\/08\/articles-bonigen-14-696x392.jpg 696w, https:\/\/loudavymkrokem.cz\/wp-content\/uploads\/2026\/08\/articles-bonigen-14-1392x783.jpg 1392w\" sizes=\"(max-width: 1800px) 100vw, 1800px\" \/><button\n\t\t\tclass=\"lightbox-trigger\"\n\t\t\ttype=\"button\"\n\t\t\taria-haspopup=\"dialog\"\n\t\t\tdata-wp-bind--aria-label=\"state.thisImage.triggerButtonAriaLabel\"\n\t\t\tdata-wp-init=\"callbacks.initTriggerButton\"\n\t\t\tdata-wp-on--click=\"actions.showLightbox\"\n\t\t\tdata-wp-style--right=\"state.thisImage.buttonRight\"\n\t\t\tdata-wp-style--top=\"state.thisImage.buttonTop\"\n\t\t>\n\t\t\t<svg xmlns=\"http:\/\/www.w3.org\/2000\/svg\" width=\"12\" height=\"12\" fill=\"none\" viewBox=\"0 0 12 12\">\n\t\t\t\t<path fill=\"#fff\" d=\"M2 0a2 2 0 0 0-2 2v2h1.5V2a.5.5 0 0 1 .5-.5h2V0H2Zm2 10.5H2a.5.5 0 0 1-.5-.5V8H0v2a2 2 0 0 0 2 2h2v-1.5ZM8 12v-1.5h2a.5.5 0 0 0 .5-.5V8H12v2a2 2 0 0 1-2 2H8Zm2-12a2 2 0 0 1 2 2v2h-1.5V2a.5.5 0 0 0-.5-.5H8V0h2Z\" \/>\n\t\t\t<\/svg>\n\t\t<\/button><figcaption class=\"wp-element-caption\">Fot\u00f3: Sam Teano \/ Pexels<\/figcaption><\/figure>\n\n\n\n<h3 class=\"wp-block-heading\"><span class=\"ez-toc-section\" id=\"9_Haslerenegg-kortura_854_m_csucskonyvvel\"><\/span>9. Haslerenegg-k\u00f6rt\u00fara (854 m) cs\u00facsk\u00f6nyvvel<span class=\"ez-toc-section-end\"><\/span><\/h3>\n\n\n\n<p class=\"wp-block-paragraph\">Egy m\u00e1sik remek k\u00f6rt\u00fara szint\u00e9n a turistairod\u00e1t\u00f3l indul, \u00e9s a Ried \u00e9s Stockeren tany\u00e1kon \u00e1t a titokzatos Bannwald erd\u0151be vezet. A c\u00e9l az <strong>erd\u0151s Haslerenegg gerinc 854 m\u00e9ter magasan<\/strong>. Az \u00fatvonal <strong>6 kilom\u00e9ter, 287 m\u00e9tert emelkedsz, \u00e9s k\u00e9t \u00f3r\u00e1t vesz ig\u00e9nybe<\/strong>.<\/p>\n\n\n\n<p class=\"wp-block-paragraph\">A domb egy darab kem\u00e9ny t\u00f6rt\u00e9nelmet is rejt mag\u00e1ban. A <strong>14. sz\u00e1zad 30-as \u00e9veiben<\/strong> itt csaptak \u00f6ssze a hasli hegyi lak\u00f3k a Weissenburg-Unspunnen urak sereg\u00e9vel, \u00e9s elvesztett\u00e9k a csat\u00e1t. Az elesettek s\u00edrjaira m\u00e1ig utal a helyn\u00e9v, az \u201ein den Grebinen&#8221;, 1924-ben pedig egy vasl\u00e1ndzs\u00e1t tal\u00e1ltak itt. Ma nyugalom uralkodik itt, a gerincen pedig egy <strong>cs\u00facsk\u00f6nyvet<\/strong> tal\u00e1lsz, amelybe be lehet \u00edrni magad.<\/p>\n\n\n\n<p class=\"wp-block-paragraph\">A vissza\u00fat Sytibergen \u00e9s az Oberallmi grillhely mellett vezet vissza a t\u00f3hoz. Az \u00fatvonal az <strong>\u00e1rny\u00e9kos erdei \u00f6sv\u00e9nyeket<\/strong> a napos szakaszokkal \u00f6tv\u00f6zi, \u00e9s ez egyike azoknak az utaknak, ahol <strong>turistat\u00f6megek helyett<\/strong> csak a helyieket tal\u00e1lod vas\u00e1rnapi kutyas\u00e9t\u00e1n.<\/p>\n\n\n\n<p class=\"wp-block-paragraph\">\ud83d\udca1 Tipp: Vigy\u00e9l magaddal saj\u00e1t tollat, hogy a cs\u00facsk\u00f6nyvbe magyarul is hagyhass \u00fczenetet. \u00c9s vedd komolyan a <strong>hivatalos figyelmeztet\u00e9st, hogy es\u0151ben vagy fagyos terepen ne indulj ide<\/strong> \u2014 a gerincre val\u00f3 feljut\u00e1s meredek, \u00e9s az \u00fatvonal negyede keskeny \u00f6sv\u00e9nyen vezet.<\/p>\n\n\n\n<figure data-wp-context=\"{&quot;imageId&quot;:&quot;6a952e18582c9&quot;}\" data-wp-interactive=\"core\/image\" data-wp-key=\"6a952e18582c9\" class=\"wp-block-image size-full wp-lightbox-container\"><img decoding=\"async\" width=\"1800\" height=\"1200\" data-wp-class--hide=\"state.isContentHidden\" data-wp-class--show=\"state.isContentVisible\" data-wp-init=\"callbacks.setButtonStyles\" data-wp-on--click=\"actions.showLightbox\" data-wp-on--load=\"callbacks.setButtonStyles\" data-wp-on--pointerdown=\"actions.preloadImage\" data-wp-on--pointerenter=\"actions.preloadImageWithDelay\" data-wp-on--pointerleave=\"actions.cancelPreload\" data-wp-on-window--resize=\"callbacks.setButtonStyles\" src=\"https:\/\/loudavymkrokem.cz\/wp-content\/uploads\/2026\/08\/articles-bonigen-15.jpg\" alt=\"Erd\u0151ben rejt\u0151z\u0151 v\u00edzes\u00e9s B\u00f6nigen felett\" class=\"wp-image-404489\" title=\"\" srcset=\"https:\/\/loudavymkrokem.cz\/wp-content\/uploads\/2026\/08\/articles-bonigen-15.jpg 1800w, https:\/\/loudavymkrokem.cz\/wp-content\/uploads\/2026\/08\/articles-bonigen-15-300x200.jpg 300w, https:\/\/loudavymkrokem.cz\/wp-content\/uploads\/2026\/08\/articles-bonigen-15-700x467.jpg 700w, https:\/\/loudavymkrokem.cz\/wp-content\/uploads\/2026\/08\/articles-bonigen-15-768x512.jpg 768w, https:\/\/loudavymkrokem.cz\/wp-content\/uploads\/2026\/08\/articles-bonigen-15-1536x1024.jpg 1536w, https:\/\/loudavymkrokem.cz\/wp-content\/uploads\/2026\/08\/articles-bonigen-15-696x464.jpg 696w, https:\/\/loudavymkrokem.cz\/wp-content\/uploads\/2026\/08\/articles-bonigen-15-1392x928.jpg 1392w\" sizes=\"(max-width: 1800px) 100vw, 1800px\" \/><button\n\t\t\tclass=\"lightbox-trigger\"\n\t\t\ttype=\"button\"\n\t\t\taria-haspopup=\"dialog\"\n\t\t\tdata-wp-bind--aria-label=\"state.thisImage.triggerButtonAriaLabel\"\n\t\t\tdata-wp-init=\"callbacks.initTriggerButton\"\n\t\t\tdata-wp-on--click=\"actions.showLightbox\"\n\t\t\tdata-wp-style--right=\"state.thisImage.buttonRight\"\n\t\t\tdata-wp-style--top=\"state.thisImage.buttonTop\"\n\t\t>\n\t\t\t<svg xmlns=\"http:\/\/www.w3.org\/2000\/svg\" width=\"12\" height=\"12\" fill=\"none\" viewBox=\"0 0 12 12\">\n\t\t\t\t<path fill=\"#fff\" d=\"M2 0a2 2 0 0 0-2 2v2h1.5V2a.5.5 0 0 1 .5-.5h2V0H2Zm2 10.5H2a.5.5 0 0 1-.5-.5V8H0v2a2 2 0 0 0 2 2h2v-1.5ZM8 12v-1.5h2a.5.5 0 0 0 .5-.5V8H12v2a2 2 0 0 1-2 2H8Zm2-12a2 2 0 0 1 2 2v2h-1.5V2a.5.5 0 0 0-.5-.5H8V0h2Z\" \/>\n\t\t\t<\/svg>\n\t\t<\/button><figcaption class=\"wp-element-caption\">Fot\u00f3: Fez Brook \/ Pexels<\/figcaption><\/figure>\n\n\n\n<h3 class=\"wp-block-heading\"><span class=\"ez-toc-section\" id=\"10_Kortura_az_Erschwandenbach_vizeseshez\"><\/span>10. K\u00f6rt\u00fara az Erschwandenbach v\u00edzes\u00e9shez<span class=\"ez-toc-section-end\"><\/span><\/h3>\n\n\n\n<p class=\"wp-block-paragraph\">Ha nem akarsz nekiv\u00e1gni az eg\u00e9sz H\u00e1rom v\u00edzes\u00e9s \u00fatj\u00e1nak, csin\u00e1lhatsz egy sz\u00e9p z\u00e1rt k\u00f6rt\u00far\u00e1t csak az els\u0151h\u00f6z. A hivatalos <strong>Rundwanderung Erschwandenfall 8,7 kilom\u00e9ter, \u00e9s nagyj\u00e1b\u00f3l 2 \u00f3ra 35 perc<\/strong> norm\u00e1l gyalogl\u00e1st vesz ig\u00e9nybe.<\/p>\n\n\n\n<p class=\"wp-block-paragraph\">\u00datk\u00f6zben csak <strong>211 m\u00e9tert emelkedsz, \u00e9s hivatalosan k\u00f6nny\u0171k\u00e9nt van felt\u00fcntetve az \u00fatvonal<\/strong>, \u00edgy nem kell t\u0151le tartanod nagyobb gyerekekkel sem. Az Erschwandenbach v\u00edzes\u00e9s gy\u00f6ny\u00f6r\u0171en elrejtve fekszik a m\u00e9ly erd\u0151ben, \u00e9s a v\u00edz sziklap\u00e1rk\u00e1nyokon z\u00fadul le. Egy forr\u00f3 ny\u00e1ri napon a v\u00edzes\u00e9s k\u00f6rny\u00e9ke t\u00f6k\u00e9letes term\u00e9szetes l\u00e9gkondik\u00e9nt m\u0171k\u00f6dik.<\/p>\n\n\n\n<p class=\"wp-block-paragraph\">Ez a k\u00f6rt\u00fara abban remek, hogy <strong>k\u00fcl\u00f6nb\u00f6z\u0151 t\u00e1jt\u00edpusokon vezet \u00e1t<\/strong>. Egy ideig a part ment\u00e9n m\u00e9sz, azt\u00e1n elkezdesz felkapaszkodni a dombokra, v\u00e9g\u00fcl pedig erdei utakon t\u00e9rsz vissza, <strong>betekint\u00e9sekkel a m\u00e9lyben alattad l\u00e9v\u0151 gleccsert\u00f3ra<\/strong>. \u00datk\u00f6zben elhaladsz egy farm mellett egy kis bolttal, egy\u00e9bk\u00e9nt az \u00fatvonalon semmit sem tudsz venni.<\/p>\n\n\n\n<p class=\"wp-block-paragraph\">\ud83d\udca1 Tipp: Mag\u00e1hoz a v\u00edzes\u00e9shez <strong>keskeny erdei \u00f6sv\u00e9nyen<\/strong> kapaszkodsz fel, \u00edgy <strong>j\u00f3l j\u00f6nnek a trekkingbotok<\/strong>, amelyek tehermentes\u00edtik a t\u00e9rdedet a falu fel\u00e9 val\u00f3 lefel\u00e9 menetben.<\/p>\n\n\n\n<figure data-wp-context=\"{&quot;imageId&quot;:&quot;6a952e18587d5&quot;}\" data-wp-interactive=\"core\/image\" data-wp-key=\"6a952e18587d5\" class=\"wp-block-image size-full wp-lightbox-container\"><img decoding=\"async\" width=\"1800\" height=\"1199\" data-wp-class--hide=\"state.isContentHidden\" data-wp-class--show=\"state.isContentVisible\" data-wp-init=\"callbacks.setButtonStyles\" data-wp-on--click=\"actions.showLightbox\" data-wp-on--load=\"callbacks.setButtonStyles\" data-wp-on--pointerdown=\"actions.preloadImage\" data-wp-on--pointerenter=\"actions.preloadImageWithDelay\" data-wp-on--pointerleave=\"actions.cancelPreload\" data-wp-on-window--resize=\"callbacks.setButtonStyles\" src=\"https:\/\/loudavymkrokem.cz\/wp-content\/uploads\/2026\/08\/articles-bonigen-16.jpg\" alt=\"Partmenti \u00f6sv\u00e9ny Iseltwaldn\u00e1l\" class=\"wp-image-404490\" title=\"\" srcset=\"https:\/\/loudavymkrokem.cz\/wp-content\/uploads\/2026\/08\/articles-bonigen-16.jpg 1800w, https:\/\/loudavymkrokem.cz\/wp-content\/uploads\/2026\/08\/articles-bonigen-16-300x200.jpg 300w, https:\/\/loudavymkrokem.cz\/wp-content\/uploads\/2026\/08\/articles-bonigen-16-700x466.jpg 700w, https:\/\/loudavymkrokem.cz\/wp-content\/uploads\/2026\/08\/articles-bonigen-16-768x512.jpg 768w, https:\/\/loudavymkrokem.cz\/wp-content\/uploads\/2026\/08\/articles-bonigen-16-1536x1023.jpg 1536w, https:\/\/loudavymkrokem.cz\/wp-content\/uploads\/2026\/08\/articles-bonigen-16-696x464.jpg 696w, https:\/\/loudavymkrokem.cz\/wp-content\/uploads\/2026\/08\/articles-bonigen-16-1392x927.jpg 1392w\" sizes=\"(max-width: 1800px) 100vw, 1800px\" \/><button\n\t\t\tclass=\"lightbox-trigger\"\n\t\t\ttype=\"button\"\n\t\t\taria-haspopup=\"dialog\"\n\t\t\tdata-wp-bind--aria-label=\"state.thisImage.triggerButtonAriaLabel\"\n\t\t\tdata-wp-init=\"callbacks.initTriggerButton\"\n\t\t\tdata-wp-on--click=\"actions.showLightbox\"\n\t\t\tdata-wp-style--right=\"state.thisImage.buttonRight\"\n\t\t\tdata-wp-style--top=\"state.thisImage.buttonTop\"\n\t\t>\n\t\t\t<svg xmlns=\"http:\/\/www.w3.org\/2000\/svg\" width=\"12\" height=\"12\" fill=\"none\" viewBox=\"0 0 12 12\">\n\t\t\t\t<path fill=\"#fff\" d=\"M2 0a2 2 0 0 0-2 2v2h1.5V2a.5.5 0 0 1 .5-.5h2V0H2Zm2 10.5H2a.5.5 0 0 1-.5-.5V8H0v2a2 2 0 0 0 2 2h2v-1.5ZM8 12v-1.5h2a.5.5 0 0 0 .5-.5V8H12v2a2 2 0 0 1-2 2H8Zm2-12a2 2 0 0 1 2 2v2h-1.5V2a.5.5 0 0 0-.5-.5H8V0h2Z\" \/>\n\t\t\t<\/svg>\n\t\t<\/button><figcaption class=\"wp-element-caption\">Fot\u00f3: Jean-Paul Wettstein \/ Pexels<\/figcaption><\/figure>\n\n\n\n<h3 class=\"wp-block-heading\"><span class=\"ez-toc-section\" id=\"11_A_partmenti_Uferweg_osveny_Iseltwaldtol_Giessbachig\"><\/span>11. A partmenti Uferweg \u00f6sv\u00e9ny Iseltwaldt\u00f3l Giessbachig<span class=\"ez-toc-section-end\"><\/span><\/h3>\n\n\n\n<p class=\"wp-block-paragraph\">Ez az \u00fatvonal ugyan nem k\u00f6zvetlen\u00fcl B\u00f6nigenb\u0151l indul, de egyike eg\u00e9sz Sv\u00e1jc legszebb s\u00e9t\u00e1inak, amelyet b\u0171n lenne kihagyni. Reggel egyszer\u0171en felsz\u00e1llsz a <strong>103-as buszra (amely a Guest Carddal ingyenes)<\/strong> vagy a haj\u00f3ra, \u00e9s elviteted magad a szomsz\u00e9dos Iseltwaldba, ahol az \u00f6sv\u00e9ny indul.<\/p>\n\n\n\n<p class=\"wp-block-paragraph\">Onnan vezet az \u00fagynevezett <strong>Uferweg egyenesen a szikl\u00e1s part ment\u00e9n eg\u00e9szen a Giessbach-v\u00edzes\u00e9sekig<\/strong>. <strong>Ne v\u00e1rj azonban sima s\u00e9t\u00e1nyt<\/strong> \u2014 m\u00e1r az els\u0151 kilom\u00e9teren m\u00e1sf\u00e9l sz\u00e1z m\u00e9tert emelkedsz, az \u00fat helyenk\u00e9nt keskenyedik, \u00e9s egyes szakaszokat a szikl\u00e1ba v\u00e1jtak. A jutalom a romantikus \u00f6bl\u00f6k, ahol ny\u00e1ron leh\u0171theted a l\u00e1bad.<\/p>\n\n\n\n<p class=\"wp-block-paragraph\">Az \u00fatvonal <strong>nagyj\u00e1b\u00f3l 5,3 kilom\u00e9ter, \u00e9s m\u00e1sf\u00e9l \u00f3r\u00e1t vesz ig\u00e9nybe<\/strong>, a v\u00edzes\u00e9sekn\u00e9l l\u00e9v\u0151 szerpentinek azonban rendesen meredekek, \u00e9s botok n\u00e9lk\u00fcl kellemetlen lefel\u00e9 menni rajtuk. \u00datk\u00f6zben nem tudsz semmit enni venni, uzsonn\u00e1t vigy\u00e9l magaddal. Azt\u00e1n megjutalmazhatod magad egy k\u00e1v\u00e9val a t\u00f6rt\u00e9nelmi sz\u00e1lloda terasz\u00e1n, \u00e9s visszahaj\u00f3zhatsz B\u00f6nigenbe a d\u00e9lut\u00e1ni g\u0151zhaj\u00f3val.<\/p>\n\n\n\n<p class=\"wp-block-paragraph\">\ud83d\udca1 Tipp: Az <strong>\u00f6sv\u00e9ny t\u00e9len k\u0151oml\u00e1s miatt z\u00e1rva szokott lenni<\/strong>, \u00e9s \u00e1ltal\u00e1ban m\u00e1rcius v\u00e9g\u00e9n ny\u00edlik meg \u2014 a 2026-os szezonban j\u00e1rhat\u00f3, de a kir\u00e1ndul\u00e1s el\u0151tt ink\u00e1bb ellen\u0151rizd az aktu\u00e1lis \u00e1llapotot Iseltwald vagy Brienz k\u00f6zs\u00e9g weboldal\u00e1n. \u00c9s indulj <strong>min\u00e9l kor\u00e1bban reggel<\/strong>, d\u00e9lut\u00e1n itt zs\u00fafolts\u00e1g szokott lenni.<\/p>\n\n\n\n<figure data-wp-context=\"{&quot;imageId&quot;:&quot;6a952e1858d6c&quot;}\" data-wp-interactive=\"core\/image\" data-wp-key=\"6a952e1858d6c\" class=\"wp-block-image size-full wp-lightbox-container\"><img decoding=\"async\" width=\"1800\" height=\"1200\" data-wp-class--hide=\"state.isContentHidden\" data-wp-class--show=\"state.isContentVisible\" data-wp-init=\"callbacks.setButtonStyles\" data-wp-on--click=\"actions.showLightbox\" data-wp-on--load=\"callbacks.setButtonStyles\" data-wp-on--pointerdown=\"actions.preloadImage\" data-wp-on--pointerenter=\"actions.preloadImageWithDelay\" data-wp-on--pointerleave=\"actions.cancelPreload\" data-wp-on-window--resize=\"callbacks.setButtonStyles\" src=\"https:\/\/loudavymkrokem.cz\/wp-content\/uploads\/2026\/08\/articles-bonigen-17.jpg\" alt=\"A Harder Kulmra kapaszkod\u00f3 erdei \u00f6sv\u00e9ny\" class=\"wp-image-404495\" title=\"\" srcset=\"https:\/\/loudavymkrokem.cz\/wp-content\/uploads\/2026\/08\/articles-bonigen-17.jpg 1800w, https:\/\/loudavymkrokem.cz\/wp-content\/uploads\/2026\/08\/articles-bonigen-17-300x200.jpg 300w, https:\/\/loudavymkrokem.cz\/wp-content\/uploads\/2026\/08\/articles-bonigen-17-700x467.jpg 700w, https:\/\/loudavymkrokem.cz\/wp-content\/uploads\/2026\/08\/articles-bonigen-17-768x512.jpg 768w, https:\/\/loudavymkrokem.cz\/wp-content\/uploads\/2026\/08\/articles-bonigen-17-1536x1024.jpg 1536w, https:\/\/loudavymkrokem.cz\/wp-content\/uploads\/2026\/08\/articles-bonigen-17-696x464.jpg 696w, https:\/\/loudavymkrokem.cz\/wp-content\/uploads\/2026\/08\/articles-bonigen-17-1392x928.jpg 1392w\" sizes=\"(max-width: 1800px) 100vw, 1800px\" \/><button\n\t\t\tclass=\"lightbox-trigger\"\n\t\t\ttype=\"button\"\n\t\t\taria-haspopup=\"dialog\"\n\t\t\tdata-wp-bind--aria-label=\"state.thisImage.triggerButtonAriaLabel\"\n\t\t\tdata-wp-init=\"callbacks.initTriggerButton\"\n\t\t\tdata-wp-on--click=\"actions.showLightbox\"\n\t\t\tdata-wp-style--right=\"state.thisImage.buttonRight\"\n\t\t\tdata-wp-style--top=\"state.thisImage.buttonTop\"\n\t\t>\n\t\t\t<svg xmlns=\"http:\/\/www.w3.org\/2000\/svg\" width=\"12\" height=\"12\" fill=\"none\" viewBox=\"0 0 12 12\">\n\t\t\t\t<path fill=\"#fff\" d=\"M2 0a2 2 0 0 0-2 2v2h1.5V2a.5.5 0 0 1 .5-.5h2V0H2Zm2 10.5H2a.5.5 0 0 1-.5-.5V8H0v2a2 2 0 0 0 2 2h2v-1.5ZM8 12v-1.5h2a.5.5 0 0 0 .5-.5V8H12v2a2 2 0 0 1-2 2H8Zm2-12a2 2 0 0 1 2 2v2h-1.5V2a.5.5 0 0 0-.5-.5H8V0h2Z\" \/>\n\t\t\t<\/svg>\n\t\t<\/button><figcaption class=\"wp-element-caption\">Fot\u00f3: \u041f\u0430\u0432\u0435\u043b \u0413\u0430\u0432\u0440\u0438\u043a\u043e\u0432 \/ Pexels<\/figcaption><\/figure>\n\n\n\n<h3 class=\"wp-block-heading\"><span class=\"ez-toc-section\" id=\"12_Gyalogos_kihivas_felmaszas_a_Harder_Kulmra\"><\/span>12. Gyalogos kih\u00edv\u00e1s: felm\u00e1sz\u00e1s a Harder Kulmra<span class=\"ez-toc-section-end\"><\/span><\/h3>\n\n\n\n<p class=\"wp-block-paragraph\">A legt\u00f6bb turista k\u00e9nyelmesen felvon\u00f3val megy fel a <strong>Harder Kulm kil\u00e1t\u00f3hoz<\/strong>, de az edzett gyalogl\u00f3knak itt sokkal nagyobb kih\u00edv\u00e1s akad. B\u00f6nigenb\u0151l az eg\u00e9sz utat eg\u00e9szen a cs\u00facsig becs\u00fcletesen legyalogolhatod. K\u00e9sz\u00fclj fel azonban arra, hogy ez <strong>rendes v\u00e1dligyilkos lesz<\/strong>.<\/p>\n\n\n\n<p class=\"wp-block-paragraph\">A Komoot feljegyz\u00e9sei szerint ez az eg\u00e9sznapos k\u00f6rt\u00fara <strong>13,5 kilom\u00e9ter, a tiszta gyalogl\u00e1si id\u0151 pedig 5 \u00f3ra 16 perc<\/strong>. \u00datk\u00f6zben le kell k\u00fczdened a kem\u00e9ny <strong>750 m\u00e9teres szintemelked\u00e9st<\/strong>, ami egy\u00e9rtelm\u0171en a neh\u00e9z kateg\u00f3ri\u00e1ba sorolja az \u00fatvonalat. Az emelked\u0151 ugyan biztons\u00e1gos, de nagyon meredek \u00e9s v\u00e9gtelen.<\/p>\n\n\n\n<p class=\"wp-block-paragraph\">A jutalom azonban a g\u00fcriz\u00e9s\u00e9rt \u00e9des. Megism\u00e9telhetetlen el\u00e9gt\u00e9tel \u00e9rz\u00e9st kapsz, amikor <strong>meg\u00e9rkezel a kil\u00e1t\u00f3plat\u00f3ra<\/strong> azok k\u00f6z\u00f6tt a turist\u00e1k k\u00f6z\u00f6tt, akik \u00e9ppen most sz\u00e1lltak ki a felvon\u00f3b\u00f3l. R\u00e1ad\u00e1sul felfel\u00e9 menet <strong>csak minim\u00e1lis embert tal\u00e1lsz<\/strong>, \u00e9s \u00e9lvezed az erd\u0151 csendj\u00e9t, amit mag\u00e1n a cs\u00facson biztosan nem tal\u00e1lsz meg.<\/p>\n\n\n\n<p class=\"wp-block-paragraph\">\ud83d\udca1 Tipp: Ha fent elfogy az er\u0151d, egy\u00e1ltal\u00e1n semmi baj. Az \u00e9tteremben vehetsz egy <strong>egyir\u00e1ny\u00fa jegyet a felvon\u00f3ra<\/strong> lefel\u00e9 Interlakenbe, \u00e9s az <strong>\u00fat h\u00e1tral\u00e9v\u0151 r\u00e9sz\u00e9t busszal teheted meg<\/strong>.<\/p>\n\n\n\n<figure data-wp-context=\"{&quot;imageId&quot;:&quot;6a952e18595de&quot;}\" data-wp-interactive=\"core\/image\" data-wp-key=\"6a952e18595de\" class=\"wp-block-image size-full wp-lightbox-container\"><img decoding=\"async\" width=\"1920\" height=\"1280\" data-wp-class--hide=\"state.isContentHidden\" data-wp-class--show=\"state.isContentVisible\" data-wp-init=\"callbacks.setButtonStyles\" data-wp-on--click=\"actions.showLightbox\" data-wp-on--load=\"callbacks.setButtonStyles\" data-wp-on--pointerdown=\"actions.preloadImage\" data-wp-on--pointerenter=\"actions.preloadImageWithDelay\" data-wp-on--pointerleave=\"actions.cancelPreload\" data-wp-on-window--resize=\"callbacks.setButtonStyles\" src=\"https:\/\/loudavymkrokem.cz\/wp-content\/uploads\/2026\/08\/bonigen-lanovka-grindelwald-first.jpg\" alt=\"Gondol\u00e1s felvon\u00f3 Grindelwaldb\u00f3l a Firstre az alpesi r\u00e9tek felett\" class=\"wp-image-407333\" title=\"\" srcset=\"https:\/\/loudavymkrokem.cz\/wp-content\/uploads\/2026\/08\/bonigen-lanovka-grindelwald-first.jpg 1920w, https:\/\/loudavymkrokem.cz\/wp-content\/uploads\/2026\/08\/bonigen-lanovka-grindelwald-first-300x200.jpg 300w, https:\/\/loudavymkrokem.cz\/wp-content\/uploads\/2026\/08\/bonigen-lanovka-grindelwald-first-700x467.jpg 700w, https:\/\/loudavymkrokem.cz\/wp-content\/uploads\/2026\/08\/bonigen-lanovka-grindelwald-first-768x512.jpg 768w, https:\/\/loudavymkrokem.cz\/wp-content\/uploads\/2026\/08\/bonigen-lanovka-grindelwald-first-1536x1024.jpg 1536w, https:\/\/loudavymkrokem.cz\/wp-content\/uploads\/2026\/08\/bonigen-lanovka-grindelwald-first-696x464.jpg 696w, https:\/\/loudavymkrokem.cz\/wp-content\/uploads\/2026\/08\/bonigen-lanovka-grindelwald-first-1392x928.jpg 1392w\" sizes=\"(max-width: 1920px) 100vw, 1920px\" \/><button\n\t\t\tclass=\"lightbox-trigger\"\n\t\t\ttype=\"button\"\n\t\t\taria-haspopup=\"dialog\"\n\t\t\tdata-wp-bind--aria-label=\"state.thisImage.triggerButtonAriaLabel\"\n\t\t\tdata-wp-init=\"callbacks.initTriggerButton\"\n\t\t\tdata-wp-on--click=\"actions.showLightbox\"\n\t\t\tdata-wp-style--right=\"state.thisImage.buttonRight\"\n\t\t\tdata-wp-style--top=\"state.thisImage.buttonTop\"\n\t\t>\n\t\t\t<svg xmlns=\"http:\/\/www.w3.org\/2000\/svg\" width=\"12\" height=\"12\" fill=\"none\" viewBox=\"0 0 12 12\">\n\t\t\t\t<path fill=\"#fff\" d=\"M2 0a2 2 0 0 0-2 2v2h1.5V2a.5.5 0 0 1 .5-.5h2V0H2Zm2 10.5H2a.5.5 0 0 1-.5-.5V8H0v2a2 2 0 0 0 2 2h2v-1.5ZM8 12v-1.5h2a.5.5 0 0 0 .5-.5V8H12v2a2 2 0 0 1-2 2H8Zm2-12a2 2 0 0 1 2 2v2h-1.5V2a.5.5 0 0 0-.5-.5H8V0h2Z\" \/>\n\t\t\t<\/svg>\n\t\t<\/button><figcaption class=\"wp-element-caption\">Fot\u00f3: W. Bulach \/ Wikimedia Commons, CC BY-SA 4.0<\/figcaption><\/figure>\n\n\n\n<h2 class=\"wp-block-heading\"><span class=\"ez-toc-section\" id=\"Turak_ahova_felvono_visz_fel_6_utvonal_a_volgy_felett\"><\/span>T\u00far\u00e1k, ahova felvon\u00f3 visz fel: 6 \u00fatvonal a v\u00f6lgy felett<span class=\"ez-toc-section-end\"><\/span><\/h2>\n\n\n\n<p class=\"wp-block-paragraph\">Ez az a dolog, amit magam is csak a helysz\u00ednen \u00e9rtettem meg: <strong>a Berni Oberlandban szinte sehova sem gyalogolnak alulr\u00f3l<\/strong>. A klasszikus m\u00f3dszer: felvon\u00f3val vagy fogaskerek\u0171vel felmenni az erd\u0151hat\u00e1r f\u00f6l\u00e9, \u00e9s csak ott elkezdeni gyalogolni. Megsp\u00f3rolsz ezer szintm\u00e9ternyi gy\u00f6trelmet, \u00e9s r\u00f6gt\u00f6n abban a t\u00e1jban tal\u00e1lod magad, ami\u00e9rt idej\u00f6tt\u00e9l.<\/p>\n\n\n\n<p class=\"wp-block-paragraph\">Sz\u00e1molj azonban azzal, hogy a <strong>sv\u00e1jci felvon\u00f3k brut\u00e1lisan dr\u00e1g\u00e1k<\/strong>. Ha kett\u0151n\u00e9l t\u00f6bb ilyen kir\u00e1ndul\u00e1st tervezel, sz\u00e1mold ki a <strong>Bernese Oberland Passt<\/strong> \u2014 h\u00e1rom napra 240 frankba ker\u00fcl, \u00e9s rengeteg p\u00e1ly\u00e1t ingyen vagy fel\u00e1ron kapsz vele. A dr\u00e1ga kil\u00e1t\u00f3kra pedig csak tiszta id\u0151ben menj, k\u00fcl\u00f6nben t\u00f6bb t\u00edz frankot fizetsz egy k\u00f6dbe val\u00f3 pillant\u00e1s\u00e9rt.<\/p>\n\n\n\n<figure data-wp-context=\"{&quot;imageId&quot;:&quot;6a952e1859ac0&quot;}\" data-wp-interactive=\"core\/image\" data-wp-key=\"6a952e1859ac0\" class=\"wp-block-image size-full wp-lightbox-container\"><img decoding=\"async\" width=\"1920\" height=\"1080\" data-wp-class--hide=\"state.isContentHidden\" data-wp-class--show=\"state.isContentVisible\" data-wp-init=\"callbacks.setButtonStyles\" data-wp-on--click=\"actions.showLightbox\" data-wp-on--load=\"callbacks.setButtonStyles\" data-wp-on--pointerdown=\"actions.preloadImage\" data-wp-on--pointerenter=\"actions.preloadImageWithDelay\" data-wp-on--pointerleave=\"actions.cancelPreload\" data-wp-on-window--resize=\"callbacks.setButtonStyles\" src=\"https:\/\/loudavymkrokem.cz\/wp-content\/uploads\/2026\/08\/bonigen-bachalpsee-jezero-first-1.jpg\" alt=\"A Bachalpsee hegyi t\u00f3 Grindelwald felett a gleccsercs\u00facsok t\u00fckr\u00f6z\u0151d\u00e9s\u00e9vel\" class=\"wp-image-407122\" title=\"\" srcset=\"https:\/\/loudavymkrokem.cz\/wp-content\/uploads\/2026\/08\/bonigen-bachalpsee-jezero-first-1.jpg 1920w, https:\/\/loudavymkrokem.cz\/wp-content\/uploads\/2026\/08\/bonigen-bachalpsee-jezero-first-1-300x169.jpg 300w, https:\/\/loudavymkrokem.cz\/wp-content\/uploads\/2026\/08\/bonigen-bachalpsee-jezero-first-1-700x394.jpg 700w, https:\/\/loudavymkrokem.cz\/wp-content\/uploads\/2026\/08\/bonigen-bachalpsee-jezero-first-1-768x432.jpg 768w, https:\/\/loudavymkrokem.cz\/wp-content\/uploads\/2026\/08\/bonigen-bachalpsee-jezero-first-1-1536x864.jpg 1536w, https:\/\/loudavymkrokem.cz\/wp-content\/uploads\/2026\/08\/bonigen-bachalpsee-jezero-first-1-696x392.jpg 696w, https:\/\/loudavymkrokem.cz\/wp-content\/uploads\/2026\/08\/bonigen-bachalpsee-jezero-first-1-1392x783.jpg 1392w\" sizes=\"(max-width: 1920px) 100vw, 1920px\" \/><button\n\t\t\tclass=\"lightbox-trigger\"\n\t\t\ttype=\"button\"\n\t\t\taria-haspopup=\"dialog\"\n\t\t\tdata-wp-bind--aria-label=\"state.thisImage.triggerButtonAriaLabel\"\n\t\t\tdata-wp-init=\"callbacks.initTriggerButton\"\n\t\t\tdata-wp-on--click=\"actions.showLightbox\"\n\t\t\tdata-wp-style--right=\"state.thisImage.buttonRight\"\n\t\t\tdata-wp-style--top=\"state.thisImage.buttonTop\"\n\t\t>\n\t\t\t<svg xmlns=\"http:\/\/www.w3.org\/2000\/svg\" width=\"12\" height=\"12\" fill=\"none\" viewBox=\"0 0 12 12\">\n\t\t\t\t<path fill=\"#fff\" d=\"M2 0a2 2 0 0 0-2 2v2h1.5V2a.5.5 0 0 1 .5-.5h2V0H2Zm2 10.5H2a.5.5 0 0 1-.5-.5V8H0v2a2 2 0 0 0 2 2h2v-1.5ZM8 12v-1.5h2a.5.5 0 0 0 .5-.5V8H12v2a2 2 0 0 1-2 2H8Zm2-12a2 2 0 0 1 2 2v2h-1.5V2a.5.5 0 0 0-.5-.5H8V0h2Z\" \/>\n\t\t\t<\/svg>\n\t\t<\/button><figcaption class=\"wp-element-caption\">Fot\u00f3: Chnebelh\u00e4x \/ Wikimedia Commons, CC BY-SA 4.0<\/figcaption><\/figure>\n\n\n\n<h3 class=\"wp-block-heading\"><span class=\"ez-toc-section\" id=\"13_A_Firsttol_a_Bachalpsee_tohoz\"><\/span>13. A Firstt\u0151l a Bachalpsee t\u00f3hoz<span class=\"ez-toc-section-end\"><\/span><\/h3>\n\n\n\n<p class=\"wp-block-paragraph\">Ha csak egyetlen hegyi t\u00far\u00e1ra van id\u0151d a k\u00f6rny\u00e9ken, legyen ez az. Grindelwaldb\u00f3l a gondola felvisz a <strong>Firstre 2167 m\u00e9ter magasra<\/strong>, onnan pedig egy sz\u00e9les, karbantartott \u00faton lehet a <strong>Bachalpsee t\u00f3hoz jutni 2265 m\u00e9teren<\/strong>. Oda-vissza <strong>nem eg\u00e9szen k\u00e9t \u00f3ra, \u00e9s csak valamivel t\u00f6bb mint 200 m\u00e9tert emelkedsz<\/strong>.<\/p>\n\n\n\n<p class=\"wp-block-paragraph\">Ez a t\u00f3 az oka annak, hogy idej\u00e1rnak. Sz\u00e9lcsendben t\u00fckr\u00f6z\u0151dik benne a <strong>Wetterhorn, a Schreckhorn \u00e9s a Finsteraarhorn<\/strong>, vagyis azok a gleccseres n\u00e9gyezresek, amelyeket egyszerre l\u00e1tsz mind a v\u00edz felsz\u00edn\u00e9n alattad. Ez a sv\u00e1jci Alpok egyik legt\u00f6bbet fot\u00f3zott l\u00e1tk\u00e9pe, \u00e9s \u00e9l\u0151ben m\u00e9g jobban m\u0171k\u00f6dik, mint a fot\u00f3kon.<\/p>\n\n\n\n<p class=\"wp-block-paragraph\">Interlakenb\u0151l vonattal Grindelwaldba jutsz nagyj\u00e1b\u00f3l 35 perc alatt, majd gondol\u00e1val tov\u00e1bbi 25 perc. A <strong>First oda-vissza jegye a f\u0151szezonban 76 frank<\/strong>, f\u00e9l\u00e1ras jeggyel vagy Swiss Travel Passszal 38-at fizetsz.<\/p>\n\n\n\n<p class=\"wp-block-paragraph\">\ud83d\udca1 Tipp: Indulj r\u00f6gt\u00f6n az els\u0151 reggeli j\u00e1rattal \u2014 t\u00edz \u00f3ra k\u00f6r\u00fcl a t\u00f3hoz vezet\u0151 \u00fat tolong\u00f3 sorr\u00e1 v\u00e1ltozik, \u00e9s <strong>a v\u00edz felsz\u00edne d\u00e9l ut\u00e1n sz\u00e9lf\u00fatta szokott lenni<\/strong>, \u00edgy a hegyek t\u00fckr\u00f6z\u0151d\u00e9s\u00e9t m\u00e1r nem kapod el. A vonaton Interlakenb\u0151l pedig <strong>a szerelv\u00e9ny h\u00e1ts\u00f3 r\u00e9sz\u00e9be \u00fclj<\/strong>: Zweil\u00fctschinenn\u00e9l a vonat kett\u00e9v\u00e1lik, \u00e9s az els\u0151 fele Lauterbrunnenbe megy.<\/p>\n\n\n\n<figure data-wp-context=\"{&quot;imageId&quot;:&quot;6a952e1859f98&quot;}\" data-wp-interactive=\"core\/image\" data-wp-key=\"6a952e1859f98\" class=\"wp-block-image size-full wp-lightbox-container\"><img decoding=\"async\" width=\"1920\" height=\"1440\" data-wp-class--hide=\"state.isContentHidden\" data-wp-class--show=\"state.isContentVisible\" data-wp-init=\"callbacks.setButtonStyles\" data-wp-on--click=\"actions.showLightbox\" data-wp-on--load=\"callbacks.setButtonStyles\" data-wp-on--pointerdown=\"actions.preloadImage\" data-wp-on--pointerenter=\"actions.preloadImageWithDelay\" data-wp-on--pointerleave=\"actions.cancelPreload\" data-wp-on-window--resize=\"callbacks.setButtonStyles\" src=\"https:\/\/loudavymkrokem.cz\/wp-content\/uploads\/2026\/08\/bonigen-faulhorn-horsky-hotel-1.jpg\" alt=\"A Faulhorn cs\u00facsa az 1832-es t\u00f6rt\u00e9nelmi hegyi sz\u00e1llod\u00e1val\" class=\"wp-image-407129\" title=\"\" srcset=\"https:\/\/loudavymkrokem.cz\/wp-content\/uploads\/2026\/08\/bonigen-faulhorn-horsky-hotel-1.jpg 1920w, https:\/\/loudavymkrokem.cz\/wp-content\/uploads\/2026\/08\/bonigen-faulhorn-horsky-hotel-1-300x225.jpg 300w, https:\/\/loudavymkrokem.cz\/wp-content\/uploads\/2026\/08\/bonigen-faulhorn-horsky-hotel-1-700x525.jpg 700w, https:\/\/loudavymkrokem.cz\/wp-content\/uploads\/2026\/08\/bonigen-faulhorn-horsky-hotel-1-768x576.jpg 768w, https:\/\/loudavymkrokem.cz\/wp-content\/uploads\/2026\/08\/bonigen-faulhorn-horsky-hotel-1-1536x1152.jpg 1536w, https:\/\/loudavymkrokem.cz\/wp-content\/uploads\/2026\/08\/bonigen-faulhorn-horsky-hotel-1-80x60.jpg 80w, https:\/\/loudavymkrokem.cz\/wp-content\/uploads\/2026\/08\/bonigen-faulhorn-horsky-hotel-1-160x120.jpg 160w, https:\/\/loudavymkrokem.cz\/wp-content\/uploads\/2026\/08\/bonigen-faulhorn-horsky-hotel-1-696x522.jpg 696w, https:\/\/loudavymkrokem.cz\/wp-content\/uploads\/2026\/08\/bonigen-faulhorn-horsky-hotel-1-1392x1044.jpg 1392w\" sizes=\"(max-width: 1920px) 100vw, 1920px\" \/><button\n\t\t\tclass=\"lightbox-trigger\"\n\t\t\ttype=\"button\"\n\t\t\taria-haspopup=\"dialog\"\n\t\t\tdata-wp-bind--aria-label=\"state.thisImage.triggerButtonAriaLabel\"\n\t\t\tdata-wp-init=\"callbacks.initTriggerButton\"\n\t\t\tdata-wp-on--click=\"actions.showLightbox\"\n\t\t\tdata-wp-style--right=\"state.thisImage.buttonRight\"\n\t\t\tdata-wp-style--top=\"state.thisImage.buttonTop\"\n\t\t>\n\t\t\t<svg xmlns=\"http:\/\/www.w3.org\/2000\/svg\" width=\"12\" height=\"12\" fill=\"none\" viewBox=\"0 0 12 12\">\n\t\t\t\t<path fill=\"#fff\" d=\"M2 0a2 2 0 0 0-2 2v2h1.5V2a.5.5 0 0 1 .5-.5h2V0H2Zm2 10.5H2a.5.5 0 0 1-.5-.5V8H0v2a2 2 0 0 0 2 2h2v-1.5ZM8 12v-1.5h2a.5.5 0 0 0 .5-.5V8H12v2a2 2 0 0 1-2 2H8Zm2-12a2 2 0 0 1 2 2v2h-1.5V2a.5.5 0 0 0-.5-.5H8V0h2Z\" \/>\n\t\t\t<\/svg>\n\t\t<\/button><figcaption class=\"wp-element-caption\">Fot\u00f3: Whgler \/ Wikimedia Commons, CC BY-SA 3.0<\/figcaption><\/figure>\n\n\n\n<h3 class=\"wp-block-heading\"><span class=\"ez-toc-section\" id=\"14_A_kiralyi_gerinctura_Schynige_Platte_%E2%80%93_Faulhorn_%E2%80%93_First\"><\/span>14. A kir\u00e1lyi gerinct\u00fara: Schynige Platte \u2013 Faulhorn \u2013 First<span class=\"ez-toc-section-end\"><\/span><\/h3>\n\n\n\n<p class=\"wp-block-paragraph\">Ez az eg\u00e9sz r\u00e9gi\u00f3 legh\u00edresebb napi t\u00far\u00e1ja, \u00e9s a francia \u00e9s angol forr\u00e1sok is egy\u00f6ntet\u0171en Sv\u00e1jc legszebbjei k\u00f6z\u00e9 sorolj\u00e1k. Fogaskerek\u0171vel felm\u00e9sz a <strong>Schynige Platt\u00e9ra<\/strong>, eg\u00e9sz nap a gerincen gyalogolsz, egyik oldalon a Thuni- \u00e9s Brienzi-t\u00f3val, a m\u00e1sikon az Eigerrel, a M\u00f6nchhal \u00e9s a Jungfrauval, lefel\u00e9 pedig gondol\u00e1val j\u00f6ssz le a Firstr\u0151l.<\/p>\n\n\n\n<p class=\"wp-block-paragraph\">Ez <strong>nagyj\u00e1b\u00f3l 16\u201317 kilom\u00e9ter, \u00e9s sz\u00e1molj hat-nyolc \u00f3r\u00e1val<\/strong>, att\u00f3l f\u00fcgg\u0151en, milyen gyakran \u00e1llsz meg. A legmagasabb pont a <strong>Faulhorn 2681 m\u00e9teren<\/strong>, ahova a Schynige Platt\u00e9r\u00f3l 4 \u00f3ra 10 perc alatt kapaszkodsz fel. \u00datk\u00f6zben elhaladsz a S\u00e4gistalsee t\u00f3 mellett, a legv\u00e9g\u00e9n pedig a Bachalpsee mellett ereszkedsz le.<\/p>\n\n\n\n<p class=\"wp-block-paragraph\">A Faulhorn cs\u00facs\u00e1n egy <strong>1832-es hegyi sz\u00e1lloda<\/strong> \u00e1ll \u2014 r\u00e9gebbi csak kett\u0151 van Sv\u00e1jcban. Meg lehet benne sz\u00e1llni, \u00e9s ez az a v\u00e1ltozat, amit mindenkinek megfontol\u00e1sra aj\u00e1nlan\u00e9k, aki nem akarja egy szuszra v\u00e9giggyalogolni az \u00fatvonalat. K\u00e9t k\u00e9nyelmes napra osztod el, r\u00e1ad\u00e1sul napfelkelt\u00e9t kapsz a gleccserek felett.<\/p>\n\n\n\n<p class=\"wp-block-paragraph\">\ud83d\udca1 Tipp: Figyeld a menetrendet \u2014 a <strong>fogaskerek\u0171 a Schynige Platt\u00e9ra csak j\u00fanius 13-t\u00f3l okt\u00f3ber 25-ig k\u00f6zlekedik<\/strong>, \u00e9s az utols\u00f3 gondola a Firstr\u0151l d\u00e9lut\u00e1n indul. A Faulhornon a sz\u00e1ll\u00e1s <strong>80 frankt\u00f3l f\u00e9lpanzi\u00f3val egy\u00fctt<\/strong>, de sz\u00e1molj azzal, hogy fent <strong>nincs zuhany \u00e9s iv\u00f3v\u00edz<\/strong>, a h\u00e1l\u00f3terembe pedig k\u00f6telez\u0151 a h\u00e1l\u00f3zs\u00e1kbet\u00e9t.<\/p>\n\n\n\n<figure data-wp-context=\"{&quot;imageId&quot;:&quot;6a952e185a59f&quot;}\" data-wp-interactive=\"core\/image\" data-wp-key=\"6a952e185a59f\" class=\"wp-block-image size-full wp-lightbox-container\"><img decoding=\"async\" width=\"1600\" height=\"1200\" data-wp-class--hide=\"state.isContentHidden\" data-wp-class--show=\"state.isContentVisible\" data-wp-init=\"callbacks.setButtonStyles\" data-wp-on--click=\"actions.showLightbox\" data-wp-on--load=\"callbacks.setButtonStyles\" data-wp-on--pointerdown=\"actions.preloadImage\" data-wp-on--pointerenter=\"actions.preloadImageWithDelay\" data-wp-on--pointerleave=\"actions.cancelPreload\" data-wp-on-window--resize=\"callbacks.setButtonStyles\" src=\"https:\/\/loudavymkrokem.cz\/wp-content\/uploads\/2026\/08\/bonigen-mannlichen-kleine-scheidegg-1.jpg\" alt=\"Panor\u00e1ma\u00fat a M\u00e4nnlichenr\u0151l a Kleine Scheideggre a Jungfrau t\u00f6mbj\u00e9vel\" class=\"wp-image-407132\" title=\"\" srcset=\"https:\/\/loudavymkrokem.cz\/wp-content\/uploads\/2026\/08\/bonigen-mannlichen-kleine-scheidegg-1.jpg 1600w, https:\/\/loudavymkrokem.cz\/wp-content\/uploads\/2026\/08\/bonigen-mannlichen-kleine-scheidegg-1-300x225.jpg 300w, https:\/\/loudavymkrokem.cz\/wp-content\/uploads\/2026\/08\/bonigen-mannlichen-kleine-scheidegg-1-700x525.jpg 700w, https:\/\/loudavymkrokem.cz\/wp-content\/uploads\/2026\/08\/bonigen-mannlichen-kleine-scheidegg-1-768x576.jpg 768w, https:\/\/loudavymkrokem.cz\/wp-content\/uploads\/2026\/08\/bonigen-mannlichen-kleine-scheidegg-1-1536x1152.jpg 1536w, https:\/\/loudavymkrokem.cz\/wp-content\/uploads\/2026\/08\/bonigen-mannlichen-kleine-scheidegg-1-80x60.jpg 80w, https:\/\/loudavymkrokem.cz\/wp-content\/uploads\/2026\/08\/bonigen-mannlichen-kleine-scheidegg-1-160x120.jpg 160w, https:\/\/loudavymkrokem.cz\/wp-content\/uploads\/2026\/08\/bonigen-mannlichen-kleine-scheidegg-1-696x522.jpg 696w, https:\/\/loudavymkrokem.cz\/wp-content\/uploads\/2026\/08\/bonigen-mannlichen-kleine-scheidegg-1-1392x1044.jpg 1392w\" sizes=\"(max-width: 1600px) 100vw, 1600px\" \/><button\n\t\t\tclass=\"lightbox-trigger\"\n\t\t\ttype=\"button\"\n\t\t\taria-haspopup=\"dialog\"\n\t\t\tdata-wp-bind--aria-label=\"state.thisImage.triggerButtonAriaLabel\"\n\t\t\tdata-wp-init=\"callbacks.initTriggerButton\"\n\t\t\tdata-wp-on--click=\"actions.showLightbox\"\n\t\t\tdata-wp-style--right=\"state.thisImage.buttonRight\"\n\t\t\tdata-wp-style--top=\"state.thisImage.buttonTop\"\n\t\t>\n\t\t\t<svg xmlns=\"http:\/\/www.w3.org\/2000\/svg\" width=\"12\" height=\"12\" fill=\"none\" viewBox=\"0 0 12 12\">\n\t\t\t\t<path fill=\"#fff\" d=\"M2 0a2 2 0 0 0-2 2v2h1.5V2a.5.5 0 0 1 .5-.5h2V0H2Zm2 10.5H2a.5.5 0 0 1-.5-.5V8H0v2a2 2 0 0 0 2 2h2v-1.5ZM8 12v-1.5h2a.5.5 0 0 0 .5-.5V8H12v2a2 2 0 0 1-2 2H8Zm2-12a2 2 0 0 1 2 2v2h-1.5V2a.5.5 0 0 0-.5-.5H8V0h2Z\" \/>\n\t\t\t<\/svg>\n\t\t<\/button><figcaption class=\"wp-element-caption\">Fot\u00f3: Timo Newton-Syms \/ Wikimedia Commons, CC BY-SA 2.0<\/figcaption><\/figure>\n\n\n\n<!-- LKM_GYG_CARD start q=\"bonigen\" lang=\"hu\" rendered=\"2026-08-31T05:45:58+00:00\" v=\"1\" -->\n<style id=\"lk-gyg-styles\">\n@import url(\"https:\/\/fonts.googleapis.com\/css2?family=Playfair+Display:wght@700&family=DM+Sans:wght@300;400;500;600&display=swap\");\n\/* === LK GYG karty \u2014 CRO redesign 2026-05 (namespace .lkx-) ===\n   C\u00edl: vy\u0161\u0161\u00ed CTR (hero + v\u00fdrazn\u00fd social proof + ak\u010dn\u00ed CTA, m\u00e9n\u011b \"reklamn\u00ed\").\n   Injektuje se inline do prvn\u00edho markeru postu (refresh_cards.py --inline-css). *\/\n.lkx-module, .lkx-module *{box-sizing:border-box;margin:0;padding:0}\n.lkx-module{\n  font-family:'DM Sans',-apple-system,Segoe UI,Roboto,Georgia,sans-serif;\n  max-width:860px;margin:2.5rem auto;color:#1f2328;\n}\n\n\/* HEADER \u2014 lehk\u00fd editorsk\u00fd, \u017e\u00e1dn\u00fd bannerov\u00fd blok; nadpis + popisek pod n\u00edm *\/\n.lkx-head{margin-bottom:16px}\n.lkx-head-main{display:flex;align-items:center;gap:10px}\n.lkx-head-accent{width:26px;height:3px;border-radius:2px;background:#c39f76;flex-shrink:0}\n.lkx-head-title{font-family:'Playfair Display',Georgia,serif;font-size:21px;font-weight:700;color:#1a1a1a;line-height:1.25}\n.lkx-head-meta{display:block;font-size:11px;letter-spacing:.3px;color:#9aa0a6;margin-top:4px;margin-left:36px}\n\n\/* HERO *\/\n.lkx-hero{display:grid;grid-template-columns:300px 1fr;background:#fff;border:1px solid #ece7df;border-radius:14px;overflow:hidden;text-decoration:none!important;color:inherit;box-shadow:0 6px 20px rgba(0,0,0,.06);transition:box-shadow .2s,transform .2s;margin-bottom:14px}\n.lkx-hero:hover{box-shadow:0 12px 30px rgba(0,0,0,.12);transform:translateY(-2px)}\n.lkx-hero-img{position:relative;min-height:230px;background-size:cover;background-position:center;background-color:#eee}\n.lkx-hero-body{padding:22px 24px;display:flex;flex-direction:column}\n.lkx-pick{position:absolute;top:12px;left:12px;background:#1a1a1a;color:#fff;font-size:11px;font-weight:700;letter-spacing:.5px;padding:5px 11px;border-radius:20px}\n\n\/* TITLE *\/\n.lkx-title{font-size:19px;font-weight:700;color:#161616;line-height:1.3}\n.lkx-title-sm{font-size:14.5px;line-height:1.35;display:-webkit-box;-webkit-line-clamp:2;-webkit-box-orient:vertical;overflow:hidden}\n\n\/* SOCIAL PROOF \u2014 v\u00fdrazn\u011b, naho\u0159e *\/\n.lkx-proof{display:flex;align-items:center;gap:7px;margin-top:12px;font-size:15px;color:#3a3a3a}\n.lkx-proof b{font-size:16px;color:#161616}\n.lkx-stars{color:#f5a623;letter-spacing:1px}\n.lkx-proof-sm{font-size:12.5px;margin-top:8px;gap:5px}\n.lkx-proof-sm b{font-size:13px}\n.lkx-proof-new{color:#3685fc;font-weight:600}\n\n\/* PRICE \u2014 n\u00edzk\u00e1 kotva *\/\n.lkx-price{font-size:14px;color:#6b7280}\n.lkx-price b{font-size:20px;color:#161616;font-weight:700}\n.lkx-price-sm b{font-size:15px}\n\n\/* CTA \u2014 tepl\u00e9 ak\u010dn\u00ed tla\u010d\u00edtko *\/\n.lkx-cta{display:inline-flex;align-items:center;justify-content:center;text-decoration:none!important;font-weight:700;color:#fff!important;background:linear-gradient(135deg,#f6743f,#e8552a);border-radius:10px;box-shadow:0 6px 16px rgba(232,85,42,.32);transition:box-shadow .2s}\n.lkx-cta-hero{font-size:15px;padding:13px 22px}\n.lkx-hero:hover .lkx-cta-hero{box-shadow:0 8px 22px rgba(232,85,42,.45)}\n.lkx-cta-sm{font-size:12.5px;padding:9px 14px;width:100%;margin-top:2px}\n.lkx-hero-bottom{margin-top:auto;padding-top:18px;display:flex;align-items:center;justify-content:space-between;gap:14px;flex-wrap:wrap}\n\n\/* BADGE \u2014 jeden v\u00fdrazn\u00fd na fotce *\/\n.lkx-badge{position:absolute;top:12px;right:12px;font-size:10.5px;font-weight:700;letter-spacing:.3px;padding:5px 10px;border-radius:16px;color:#fff}\n.lkx-badge.badge-urgency{background:rgba(214,40,40,.92)}\n.lkx-badge.badge-new{background:rgba(54,133,252,.92)}\n.lkx-badge.badge-top{background:rgba(195,159,118,.95)}\n.lkx-badge.badge-info{background:rgba(40,40,40,.78)}\n\n\/* SECONDARY GRID *\/\n.lkx-grid{display:grid;grid-template-columns:1fr 1fr;gap:14px}\n.lkx-card{background:#fff;border:1px solid #ece7df;border-radius:14px;overflow:hidden;text-decoration:none!important;color:inherit;box-shadow:0 4px 14px rgba(0,0,0,.05);display:flex;flex-direction:column;transition:box-shadow .2s,transform .2s}\n.lkx-card:hover{box-shadow:0 10px 24px rgba(0,0,0,.1);transform:translateY(-2px)}\n.lkx-card-img{position:relative;aspect-ratio:16\/10;background-size:cover;background-position:center;background-color:#eee}\n.lkx-card-body{padding:14px 16px 16px;display:flex;flex-direction:column;gap:7px;flex:1}\n.lkx-card-bottom{margin-top:auto;padding-top:10px;display:flex;align-items:center;justify-content:space-between;gap:8px}\n\n\/* DISCLOSURE \u2014 drobn\u00e1, kv\u016fli d\u016fv\u011b\u0159e\/z\u00e1konu *\/\n.lkx-disclosure{font-size:11px;color:#a7adb3;text-align:center;margin-top:14px;line-height:1.6}\n.lkx-disclosure a{color:#c39f76;text-decoration:none}\n\n@media(max-width:680px){\n  .lkx-hero{grid-template-columns:1fr}\n  .lkx-hero-img{min-height:180px}\n  .lkx-grid{grid-template-columns:1fr}\n  .lkx-head-meta{margin-left:0;width:100%}\n  .lkx-head-title{font-size:19px}\n}\n\n<\/style>\n<div class=\"lkx-module\" data-query=\"bonigen\">\n  <div class=\"lkx-head\">\n    <div class=\"lkx-head-main\">\n      <span class=\"lkx-head-accent\"><\/span>\n      <span class=\"lkx-head-title\">\u00c9lm\u00e9nyek \u00e9s bel\u00e9p\u0151jegyek<\/span>\n    <\/div>\n    <span class=\"lkx-head-meta\">utaz\u00f3k \u00e1ltal \u00e9rt\u00e9kelve \u00b7 GetYourGuide<\/span>\n  <\/div><a class=\"lkx-hero\" href=\"https:\/\/www.getyourguide.com\/hu-hu\/bonn-l132\/panoramas-hajout-bonn-es-konigswinter-kozott-siebengebirge-t770170\/?partner_id=MKZ64IS&amp;utm_medium=online_publisher&amp;cmp=bonigen-svajc-brienzi-to\" target=\"_blank\" rel=\"sponsored noopener nofollow\">\n    <div class=\"lkx-hero-img\" style=\"background-image:url('https:\/\/cdn.getyourguide.com\/img\/tour\/622ebc7c2d84a3aa3b1f101d6c43b8cdc7fe6a43e72e0fa5c011d7b9f179e034.jpg\/132.jpg')\" role=\"img\" aria-label=\"Panor\u00e1m\u00e1s haj\u00f3\u00fat Bonn \u00e9s K\u00f6nigswinter k\u00f6z\u00f6tt (Siebengebirge)\">\n      <span class=\"lkx-pick\">\u2605 A mi tipp\u00fcnk<\/span><\/div>\n    <div class=\"lkx-hero-body\">\n      <div class=\"lkx-title\">Panor\u00e1m\u00e1s haj\u00f3\u00fat Bonn \u00e9s K\u00f6nigswinter k\u00f6z\u00f6tt (Siebengebirge)<\/div>\n      <div class=\"lkx-proof\">\n      <span class=\"lkx-stars\">\u2605\u2605\u2605\u2605\u2605<\/span>\n      <b>4.5<\/b> \u00b7 421 \u00e9rt\u00e9kel\u00e9s\n    <\/div>\n      <div class=\"lkx-hero-bottom\"><div class=\"lkx-price\">m\u00e1r <b>21\u00a0EUR<\/b><\/div><span class=\"lkx-cta lkx-cta-hero\">Ezt az \u00e9lm\u00e9nyt akarom \u2192<\/span>\n      <\/div>\n    <\/div>\n  <\/a><div class=\"lkx-grid\"><a class=\"lkx-card\" href=\"https:\/\/www.getyourguide.com\/hu-hu\/bonn-l132\/bonn-rajna-folyami-hajokirandulas-konigswinterbe-t1005732\/?partner_id=MKZ64IS&amp;utm_medium=online_publisher&amp;cmp=bonigen-svajc-brienzi-to\" target=\"_blank\" rel=\"sponsored noopener nofollow\">\n      <div class=\"lkx-card-img\" style=\"background-image:url('https:\/\/cdn.getyourguide.com\/img\/tour\/e56fd598e01d88c5827c88068ba667e859fe12e43851fe35b538c7e17499bfae.jpg\/132.jpg')\" role=\"img\" aria-label=\"Bonn: Rajna-folyami haj\u00f3kir\u00e1ndul\u00e1s K\u00f6nigswinterbe\"><\/div>\n      <div class=\"lkx-card-body\">\n        <div class=\"lkx-title lkx-title-sm\">Bonn: Rajna-folyami haj\u00f3kir\u00e1ndul\u00e1s K\u00f6nigswinterbe<\/div>\n        <div class=\"lkx-proof lkx-proof-sm\">\n      <span class=\"lkx-stars\">\u2605<\/span>\n      <b>4.2<\/b> \u00b7 88\n    <\/div>\n        <div class=\"lkx-card-bottom\"><span class=\"lkx-price lkx-price-sm\">m\u00e1r <b>20\u00a0EUR<\/b><\/span><span class=\"lkx-cta lkx-cta-sm\">Id\u0151pontok megtekint\u00e9se \u2192<\/span>\n        <\/div>\n      <\/div>\n    <\/a><a class=\"lkx-card\" href=\"https:\/\/www.getyourguide.com\/hu-hu\/bonn-l132\/ab-bonn-schiffstour-auf-dem-rhein-nach-linz-t456064\/?partner_id=MKZ64IS&amp;utm_medium=online_publisher&amp;cmp=bonigen-svajc-brienzi-to\" target=\"_blank\" rel=\"sponsored noopener nofollow\">\n      <div class=\"lkx-card-img\" style=\"background-image:url('https:\/\/cdn.getyourguide.com\/img\/tour\/209491d995414e2a8c4c065c3f66a783addbfef4385b86bbaca2442ee19d6e42.jpg\/132.jpg')\" role=\"img\" aria-label=\"Bonnb\u00f3l: Linz v\u00e1rosn\u00e9z\u0151 haj\u00f3t\u00fara\"><\/div>\n      <div class=\"lkx-card-body\">\n        <div class=\"lkx-title lkx-title-sm\">Bonnb\u00f3l: Linz v\u00e1rosn\u00e9z\u0151 haj\u00f3t\u00fara<\/div>\n        <div class=\"lkx-proof lkx-proof-sm\">\n      <span class=\"lkx-stars\">\u2605<\/span>\n      <b>4.5<\/b> \u00b7 528\n    <\/div>\n        <div class=\"lkx-card-bottom\"><span class=\"lkx-price lkx-price-sm\">m\u00e1r <b>26\u00a0EUR<\/b><\/span><span class=\"lkx-cta lkx-cta-sm\">Id\u0151pontok megtekint\u00e9se \u2192<\/span>\n        <\/div>\n      <\/div>\n    <\/a><\/div><div class=\"lkx-disclosure\">\ud83d\udd17 A linkek partnerlinkek \u2014 az \u00e1rat nem v\u00e1ltoztatj\u00e1k, nek\u00fcnk viszont seg\u00edtenek a tartalomk\u00e9sz\u00edt\u00e9sben. \u00b7 <a href=\"https:\/\/www.getyourguide.com\/hu-hu\/s\/?q=bonigen&amp;partner_id=MKZ64IS&amp;utm_medium=online_publisher\" target=\"_blank\" rel=\"sponsored noopener nofollow\">\u00d6sszes \u00e9lm\u00e9ny \u2192<\/a><\/div>\n<\/div>\n<!-- LKM_GYG_CARD end -->\n\n\n\n\n<div class=\"lk-stays-module\">\n<style>\n\/* \u2500\u2500\u2500 RESET PRO GUTENBERG \u2500\u2500\u2500 *\/\n.lk-stays-module * { box-sizing: border-box; margin: 0; padding: 0; }\n\n\/* \u2500\u2500\u2500 WRAPPER \u2500\u2500\u2500 *\/\n.lk-stays-module {\n  font-family: 'DM Sans', Georgia, sans-serif;\n  max-width: 100%;\n  margin: 2.5rem auto;\n  background: linear-gradient(135deg, #fdfaf5 0%, #fcf8f0 100%);\n  border: 1px solid #e8dfd4;\n  border-radius: 16px;\n  overflow: hidden;\n  box-shadow: 0 16px 48px rgba(195, 159, 118, 0.25), 0 4px 12px rgba(0,0,0,0.08);\n}\n\n\/* \u2500\u2500\u2500 HEADER \u2500\u2500\u2500 *\/\n.lk-stays-header {\n  position: relative;\n  padding: 24px 36px 24px;\n  background: linear-gradient(135deg, #c39f76 0%, #d4b188 60%, #c39f76 100%);\n  border-bottom: 1px solid rgba(255,255,255,.15);\n  display: flex;\n  align-items: center;\n  gap: 18px;\n}\n.lk-stays-header::before {\n  content: '';\n  position: absolute;\n  inset: 0;\n  background: url(\"data:image\/svg+xml,%3Csvg width='60' height='60' viewBox='0 0 60 60' xmlns='http:\/\/www.w3.org\/2000\/svg'%3E%3Cg fill='none' fill-rule='evenodd'%3E%3Cg fill='%23ffffff' fill-opacity='0.05'%3E%3Cpath d='M36 34v-4h-2v4h-4v2h4v4h2v-4h4v-2h-4zm0-30V0h-2v4h-4v2h4v4h2V6h4V4h-4zM6 34v-4H4v4H0v2h4v4h2v-4h4v-2H6zM6 4V0H4v4H0v2h4v4h2V6h4V4H6z'\/%3E%3C\/g%3E%3C\/g%3E%3C\/svg%3E\") repeat;\n  pointer-events: none;\n}\n.lk-stays-icon {\n  flex-shrink: 0;\n  width: 68px;\n  height: 68px;\n  border-radius: 14px;\n  background: linear-gradient(135deg, #fff 0%, #f9f6f0 100%);\n  display: flex;\n  align-items: center;\n  justify-content: center;\n  font-size: 26px;\n  box-shadow: 0 4px 12px rgba(0,0,0,0.15);\n}\n.lk-stays-eyebrow {\n  font-size: 10px;\n  font-weight: 500;\n  letter-spacing: 2.5px;\n  text-transform: uppercase;\n  color: rgba(255,255,255,.85);\n  margin: 0 0 5px 0;\n}\n.lk-stays-title {\n  font-family: 'Playfair Display', Georgia, serif;\n  font-size: 24px;\n  font-weight: 700;\n  color: #fff;\n  line-height: 1.2;\n  text-shadow: 0 1px 2px rgba(0,0,0,0.1);\n  margin: 0;\n}\n.lk-stays-subtitle {\n  font-size: 13px;\n  color: rgba(255,255,255,.75);\n  margin: 4px 0 0 0;\n  font-weight: 300;\n}\n\n\/* \u2500\u2500\u2500 CARDS GRID \u2500\u2500\u2500 *\/\n.lk-stays-grid {\n  display: grid;\n  grid-template-columns: 1fr 1fr;\n  gap: 1px;\n  background: rgba(195, 159, 118, 0.12);\n}\n\n\/* \u2500\u2500\u2500 SINGLE CARD \u2500\u2500\u2500 *\/\n.lk-stay-card {\n  background: #ffffff;\n  padding: 26px;\n  display: flex;\n  flex-direction: column;\n  gap: 11px;\n  transition: all 0.3s ease;\n  text-decoration: none;\n  color: inherit;\n  position: relative;\n}\n.lk-stay-card:hover {\n  background: #fffbf5;\n  transform: translateY(-2px);\n  box-shadow: 0 8px 24px rgba(195, 159, 118, 0.18);\n  z-index: 1;\n}\n.lk-stay-card.featured {\n  background: linear-gradient(135deg, #fffdf9 0%, #fff9f0 100%);\n  box-shadow: 0 4px 16px rgba(195, 159, 118, 0.15), inset 0 1px 0 rgba(195, 159, 118, 0.1);\n}\n.lk-stay-card.featured:hover {\n  background: linear-gradient(135deg, #fffbf5 0%, #fff8ed 100%);\n  box-shadow: 0 8px 24px rgba(195, 159, 118, 0.25), inset 0 1px 0 rgba(195, 159, 118, 0.15);\n}\n\n.lk-stay-badge {\n  display: inline-flex;\n  align-items: center;\n  gap: 5px;\n  font-size: 10px;\n  font-weight: 500;\n  letter-spacing: 1.5px;\n  text-transform: uppercase;\n  padding: 5px 11px;\n  border-radius: 20px;\n  width: fit-content;\n}\n.badge-top     { background: linear-gradient(135deg, #c39f76 0%, #d4b188 100%); color: #fff; border: 1px solid #c39f76; font-weight: 600; box-shadow: 0 2px 8px rgba(195,159,118,0.3); }\n.badge-luxury  { background: rgba(195,159,118,.12); color: #c39f76; border: 1px solid rgba(195,159,118,.25); }\n.badge-boutique{ background: rgba(54,133,252,.08); color: #3685fc; border: 1px solid rgba(54,133,252,.2); }\n.badge-nature  { background: rgba(130,190,100,.1); color: #6b9c4a; border: 1px solid rgba(130,190,100,.2); }\n.badge-remote  { background: rgba(195,159,118,.12); color: #a67e50; border: 1px solid rgba(195,159,118,.25); }\n\n.lk-stay-name {\n  font-family: 'Playfair Display', Georgia, serif;\n  font-size: 18px;\n  font-weight: 700;\n  color: #111827;\n  line-height: 1.3;\n}\n.lk-stay-desc {\n  font-size: 13.5px;\n  color: #525252;\n  line-height: 1.65;\n  font-weight: 300;\n  flex: 1;\n}\n\n.lk-stay-meta {\n  display: flex;\n  align-items: center;\n  gap: 12px;\n  flex-wrap: wrap;\n  margin-top: 4px;\n}\n.lk-stay-price {\n  font-size: 13px;\n  color: #6b7280;\n}\n.lk-stay-price strong {\n  color: #c39f76;\n  font-weight: 500;\n}\n.lk-stay-stars {\n  color: #c39f76;\n  font-size: 11px;\n  letter-spacing: 1px;\n}\n\n\/* \u2500\u2500\u2500 CTA BUTTON \u2500\u2500\u2500 *\/\n.lk-stay-cta {\n  display: inline-flex;\n  align-items: center;\n  justify-content: center;\n  gap: 7px;\n  margin-top: 8px;\n  padding: 11px 20px;\n  border-radius: 8px;\n  background: linear-gradient(135deg, #3685fc 0%, #2a6fd9 100%);\n  color: #fff;\n  font-size: 13px;\n  font-weight: 500;\n  text-decoration: none;\n  letter-spacing: .3px;\n  transition: all .2s ease;\n  cursor: pointer;\n  border: none;\n  text-align: center;\n  box-shadow: 0 4px 12px rgba(54, 133, 252, 0.25);\n}\n.lk-stay-cta:hover {\n  background: linear-gradient(135deg, #2a6fd9 0%, #1e5bc4 100%);\n  transform: translateY(-1px);\n  box-shadow: 0 6px 16px rgba(54, 133, 252, 0.35);\n}\n.lk-stay-cta svg { flex-shrink: 0; }\n\n\/* \u2500\u2500\u2500 FOOTER \u2500\u2500\u2500 *\/\n.lk-stays-footer {\n  padding: 18px 36px;\n  background: linear-gradient(to bottom, #fdfaf5 0%, #f9f4ed 100%);\n  border-top: 1px solid rgba(195, 159, 118, 0.15);\n  display: flex;\n  align-items: center;\n  justify-content: space-between;\n  flex-wrap: wrap;\n  gap: 12px;\n}\n.lk-stays-footer-note {\n  font-size: 11.5px;\n  color: #6b7280;\n  font-weight: 300;\n  line-height: 1.5;\n}\n.lk-stays-footer-note a {\n  color: #c39f76;\n  text-decoration: none;\n  font-weight: 400;\n}\n.lk-stays-footer-note a:hover {\n  text-decoration: underline;\n}\n.lk-stays-all-btn {\n  display: inline-flex;\n  align-items: center;\n  gap: 6px;\n  font-size: 12.5px;\n  font-weight: 500;\n  color: #c39f76;\n  text-decoration: none;\n  border: 1px solid rgba(195, 159, 118, 0.35);\n  padding: 8px 18px;\n  border-radius: 8px;\n  transition: all .2s ease;\n}\n.lk-stays-all-btn:hover {\n  background: rgba(195, 159, 118, 0.08);\n  border-color: rgba(195, 159, 118, 0.5);\n}\n\n\/* \u2500\u2500\u2500 RESPONSIVE \u2500\u2500\u2500 *\/\n@media (max-width: 600px) {\n  .lk-stays-grid { grid-template-columns: 1fr; }\n  .lk-stays-header { padding: 24px 20px; }\n  .lk-stays-footer { padding: 16px 20px; }\n  .lk-stay-card { padding: 22px; }\n  .lk-stays-title { font-size: 20px; }\n}\n<\/style>\n\n  <!-- HEADER -->\n  <div class=\"lk-stays-header\">\n    <img decoding=\"async\" src=\"https:\/\/loudavymkrokem.cz\/wp-content\/uploads\/2026\/02\/lukas-a-lucka.jpg\" alt=\"\" style=\"width: 75px; height: 75px; border-radius: 8px; flex-shrink: 0; object-fit: cover; display: block; margin: 4px 0;\" title=\"\">\n    <div class=\"lk-stays-header-text\">\n      <div class=\"lk-stays-eyebrow\">Luk\u00e1\u0161 \u00e9s Lucie aj\u00e1nlj\u00e1k<\/div>\n      <div class=\"lk-stays-title\">Hol sz\u00e1lljon meg B\u00f6nigenben<\/div>\n      <div class=\"lk-stays-subtitle\">6 sz\u00e1ll\u00e1shely \u2014 hotelek, kempingek \u00e9s egy\u00e9b sz\u00e1ll\u00e1slehet\u0151s\u00e9gek<\/div>\n    <\/div>\n  <\/div>\n\n  <!-- CARDS -->\n  <div class=\"lk-stays-grid\">\n\n    <a class=\"lk-stay-card featured\" href=\"https:\/\/www.stay22.com\/allez\/roam?aid=lukaskonecny&#038;campaign=loudavymkrokemcz&#038;campaign=hu&#038;campaign=bonigen&#038;hotelname=Hotel%20Seiler%20au%20Lac&#038;address=B%C3%B6nigen%2C%20%C5%A0v%C3%BDcarsko\" target=\"_blank\" rel=\"nofollow noopener\">\n      <span class=\"lk-stay-badge badge-top\">\u2b50 TOP V\u00c1LASZT\u00c1S<\/span>\n      <span class=\"lk-stay-badge badge-nature\">\ud83c\udfe8 Hotel<\/span>\n      <div class=\"lk-stay-name\">Hotel Seiler au Lac<\/div>\n      <div class=\"lk-stay-desc\">K\u00f6zvetlen\u00fcl a parton tal\u00e1lhat\u00f3, \u00e9s a g\u0151zhaj\u00f3 k\u00f6zvetlen\u00fcl az ajt\u00f3 el\u0151tt k\u00f6t ki. Negyven szoba, kil\u00e1t\u00e1ssal a hegyekre \u00e9s a v\u00edzre.<\/div>\n      <div class=\"lk-stay-meta\">\n        <span class=\"lk-stay-stars\">\u2605\u2605\u2605\u2605<\/span>\n        <span class=\"lk-stay-price\">\u00c1rak ellen\u0151rz\u00e9se<\/span>\n      <\/div>\n      <span class=\"lk-stay-cta\">\n        <svg width=\"14\" height=\"14\" viewBox=\"0 0 24 24\" fill=\"none\" stroke=\"currentColor\" stroke-width=\"2\"><path d=\"M18 13v6a2 2 0 0 1-2 2H5a2 2 0 0 1-2-2V8a2 2 0 0 1 2-2h6\"\/><polyline points=\"15 3 21 3 21 9\"\/><line x1=\"10\" y1=\"14\" x2=\"21\" y2=\"3\"\/><\/svg>\n        Ellen\u0151rizd az el\u00e9rhet\u0151s\u00e9get\n      <\/span>\n    <\/a>\n\n    <a class=\"lk-stay-card\" href=\"https:\/\/www.stay22.com\/allez\/roam?aid=lukaskonecny&#038;campaign=loudavymkrokemcz&#038;campaign=hu&#038;campaign=bonigen&#038;hotelname=Seehotel%20B%C3%B6nigen&#038;address=B%C3%B6nigen%2C%20%C5%A0v%C3%BDcarsko\" target=\"_blank\" rel=\"nofollow noopener\">\n      <span class=\"lk-stay-badge badge-nature\">\ud83c\udfe8 Hotel<\/span>\n      <div class=\"lk-stay-name\">Seehotel B\u00f6nigen<\/div>\n      <div class=\"lk-stay-desc\">Kiv\u00e1l\u00f3 csal\u00e1di v\u00e1laszt\u00e1s panor\u00e1m\u00e1s kil\u00e1t\u00e1ssal, saj\u00e1t elismert \u00e9tteremmel \u00e9s b\u0151s\u00e9ges reggelivel.<\/div>\n      <div class=\"lk-stay-meta\">\n        <span class=\"lk-stay-stars\">\u2605\u2605\u2605\u2605<\/span>\n        <span class=\"lk-stay-price\">\u00c1rak ellen\u0151rz\u00e9se<\/span>\n      <\/div>\n      <span class=\"lk-stay-cta\">\n        <svg width=\"14\" height=\"14\" viewBox=\"0 0 24 24\" fill=\"none\" stroke=\"currentColor\" stroke-width=\"2\"><path d=\"M18 13v6a2 2 0 0 1-2 2H5a2 2 0 0 1-2-2V8a2 2 0 0 1 2-2h6\"\/><polyline points=\"15 3 21 3 21 9\"\/><line x1=\"10\" y1=\"14\" x2=\"21\" y2=\"3\"\/><\/svg>\n        Ellen\u0151rizd az el\u00e9rhet\u0151s\u00e9get\n      <\/span>\n    <\/a>\n\n    <a class=\"lk-stay-card\" href=\"https:\/\/www.stay22.com\/allez\/roam?aid=lukaskonecny&#038;campaign=loudavymkrokemcz&#038;campaign=hu&#038;campaign=bonigen&#038;hotelname=TCS%20Camping%20B%C3%B6nigen%20Brienzersee&#038;address=B%C3%B6nigen%2C%20%C5%A0v%C3%BDcarsko\" target=\"_blank\" rel=\"nofollow noopener\">\n      <span class=\"lk-stay-badge badge-nature\">\u26fa Kemping<\/span>\n      <div class=\"lk-stay-name\">TCS Camping B\u00f6nigen Brienzersee<\/div>\n      <div class=\"lk-stay-desc\">T\u00f6k\u00e9letes k\u00f6lts\u00e9gvet\u00e9s-bar\u00e1t lehet\u0151s\u00e9g k\u00f6zvetlen\u00fcl a t\u00f3n\u00e1l, 200 m\u00e9terre a strandt\u00f3l. Nincs medence, csak pancsol\u00f3.<\/div>\n      <div class=\"lk-stay-meta\">\n        <span class=\"lk-stay-stars\">\u2605\u2605\u2605\u2605<\/span>\n        <span class=\"lk-stay-price\">72-80 EUR\/\u00e9jszaka-t\u00f3l<\/span>\n      <\/div>\n      <span class=\"lk-stay-cta\">\n        <svg width=\"14\" height=\"14\" viewBox=\"0 0 24 24\" fill=\"none\" stroke=\"currentColor\" stroke-width=\"2\"><path d=\"M18 13v6a2 2 0 0 1-2 2H5a2 2 0 0 1-2-2V8a2 2 0 0 1 2-2h6\"\/><polyline points=\"15 3 21 3 21 9\"\/><line x1=\"10\" y1=\"14\" x2=\"21\" y2=\"3\"\/><\/svg>\n        Ellen\u0151rizd az el\u00e9rhet\u0151s\u00e9get\n      <\/span>\n    <\/a>\n\n    <a class=\"lk-stay-card\" href=\"https:\/\/www.stay22.com\/allez\/roam?aid=lukaskonecny&#038;campaign=loudavymkrokemcz&#038;campaign=hu&#038;campaign=bonigen&#038;hotelname=Mountain%20and%20Lake&#038;address=B%C3%B6nigen%2C%20%C5%A0v%C3%BDcarsko\" target=\"_blank\" rel=\"nofollow noopener\">\n      <span class=\"lk-stay-badge badge-nature\">\ud83c\udfe1 Apartman<\/span>\n      <div class=\"lk-stay-name\">Mountain and Lake<\/div>\n      <div class=\"lk-stay-desc\">Fantasztikusan \u00e9rt\u00e9kelt mag\u00e1n apartman teljesen felszerelt konyh\u00e1val \u00e9s gy\u00f6ny\u00f6r\u0171 terasszal hosszabb tart\u00f3zkod\u00e1shoz.<\/div>\n      <div class=\"lk-stay-meta\">\n        <span class=\"lk-stay-stars\">\u2605\u2605\u2605\u2605<\/span>\n        <span class=\"lk-stay-price\">\u00c1rak ellen\u0151rz\u00e9se<\/span>\n      <\/div>\n      <span class=\"lk-stay-cta\">\n        <svg width=\"14\" height=\"14\" viewBox=\"0 0 24 24\" fill=\"none\" stroke=\"currentColor\" stroke-width=\"2\"><path d=\"M18 13v6a2 2 0 0 1-2 2H5a2 2 0 0 1-2-2V8a2 2 0 0 1 2-2h6\"\/><polyline points=\"15 3 21 3 21 9\"\/><line x1=\"10\" y1=\"14\" x2=\"21\" y2=\"3\"\/><\/svg>\n        Ellen\u0151rizd az el\u00e9rhet\u0151s\u00e9get\n      <\/span>\n    <\/a>\n\n    <a class=\"lk-stay-card\" href=\"https:\/\/www.stay22.com\/allez\/roam?aid=lukaskonecny&#038;campaign=loudavymkrokemcz&#038;campaign=hu&#038;campaign=bonigen&#038;hotelname=Walida&#038;address=B%C3%B6nigen%2C%20%C5%A0v%C3%BDcarsko\" target=\"_blank\" rel=\"nofollow noopener\">\n      <span class=\"lk-stay-badge badge-nature\">\ud83c\udfe8 Hotel<\/span>\n      <div class=\"lk-stay-name\">Walida<\/div>\n      <div class=\"lk-stay-desc\">Egyszer\u0171bb, de kellemes hotel \u00e9sszer\u0171 \u00e1ron, erk\u00e9lyekkel \u00e9s kil\u00e1t\u00e1ssal az alpesi cs\u00facsokra.<\/div>\n      <div class=\"lk-stay-meta\">\n        <span class=\"lk-stay-stars\">\u2605\u2605\u2605\u2605<\/span>\n        <span class=\"lk-stay-price\">\u00c1rak ellen\u0151rz\u00e9se<\/span>\n      <\/div>\n      <span class=\"lk-stay-cta\">\n        <svg width=\"14\" height=\"14\" viewBox=\"0 0 24 24\" fill=\"none\" stroke=\"currentColor\" stroke-width=\"2\"><path d=\"M18 13v6a2 2 0 0 1-2 2H5a2 2 0 0 1-2-2V8a2 2 0 0 1 2-2h6\"\/><polyline points=\"15 3 21 3 21 9\"\/><line x1=\"10\" y1=\"14\" x2=\"21\" y2=\"3\"\/><\/svg>\n        Ellen\u0151rizd az el\u00e9rhet\u0151s\u00e9get\n      <\/span>\n    <\/a>\n\n    <a class=\"lk-stay-card\" href=\"https:\/\/www.stay22.com\/allez\/roam?aid=lukaskonecny&#038;campaign=loudavymkrokemcz&#038;campaign=hu&#038;campaign=bonigen&#038;address=B%C3%B6nigen&#038;hotelname=Grandhotel+Giessbach&#038;search=Grandhotel+Giessbach&#038;category=accommodation\" target=\"_blank\" rel=\"nofollow noopener\">\n      <span class=\"lk-stay-badge badge-nature\">\u2b50 Luxury<\/span>\n      <div class=\"lk-stay-name\">Grandhotel Giessbach<\/div>\n      <div class=\"lk-stay-desc\">Luxus palota a 19. sz\u00e1zadb\u00f3l a Giessbach-v\u00edzes\u00e9sek felett, 22 hekt\u00e1r parkkal \u00e9s kil\u00e1t\u00f3terasszal.<\/div>\n      <div class=\"lk-stay-meta\">\n        <span class=\"lk-stay-stars\">\u2605\u2605\u2605\u2605<\/span>\n        <span class=\"lk-stay-price\">\u00c1rak ellen\u0151rz\u00e9se<\/span>\n      <\/div>\n      <span class=\"lk-stay-cta\">\n        <svg width=\"14\" height=\"14\" viewBox=\"0 0 24 24\" fill=\"none\" stroke=\"currentColor\" stroke-width=\"2\"><path d=\"M18 13v6a2 2 0 0 1-2 2H5a2 2 0 0 1-2-2V8a2 2 0 0 1 2-2h6\"\/><polyline points=\"15 3 21 3 21 9\"\/><line x1=\"10\" y1=\"14\" x2=\"21\" y2=\"3\"\/><\/svg>\n        Ellen\u0151rizd az el\u00e9rhet\u0151s\u00e9get\n      <\/span>\n    <\/a>\n\n  <\/div>\n\n  \n<\/div>\n\n\n\n\n<h3 class=\"wp-block-heading\"><span class=\"ez-toc-section\" id=\"15_Mannlichen_es_a_panoramaut_a_Kleine_Scheideggre\"><\/span>15. M\u00e4nnlichen \u00e9s a panor\u00e1ma\u00fat a Kleine Scheideggre<span class=\"ez-toc-section-end\"><\/span><\/h3>\n\n\n\n<p class=\"wp-block-paragraph\">Ez az egy\u00e9rtelm\u0171 v\u00e1laszt\u00e1som, amikor kisgyerekekkel megyek a hegyekbe. A felvon\u00f3 felvisz a <strong>M\u00e4nnlichenre 2222 m\u00e9terre<\/strong>, onnan pedig a Kleine Scheideggre egy <strong>4,5 kilom\u00e9ter hossz\u00fa panor\u00e1ma\u00fat<\/strong> vezet, ami egy-m\u00e1sf\u00e9l \u00f3r\u00e1t vesz ig\u00e9nybe. Szinte v\u00e9gig lefel\u00e9 megy az \u00fat, \u00e9s <strong>sz\u00e9les kavicsos \u00fat, amely terepbabakocsival is j\u00e1rhat\u00f3<\/strong>.<\/p>\n\n\n\n<p class=\"wp-block-paragraph\">Eg\u00e9sz v\u00e9gig k\u00f6zvetlen\u00fcl magad el\u0151tt l\u00e1tod az <strong>Eigert, a M\u00f6nch\u00f6t \u00e9s a Jungfraut<\/strong>, teh\u00e1t ez a legjobb kil\u00e1t\u00e1s\/er\u0151fesz\u00edt\u00e9s ar\u00e1ny, amit a r\u00e9gi\u00f3ban tal\u00e1lsz. A c\u00e9lban a <strong>Kleine Scheideggen 2061 m\u00e9teren<\/strong> felsz\u00e1llsz a vonatra, \u00e9s leviteted magad \u00fajra a v\u00f6lgybe.<\/p>\n\n\n\n<p class=\"wp-block-paragraph\">Miel\u0151tt elindulsz, csin\u00e1lj meg m\u00e9g egy <strong>Royal Walkot<\/strong> \u2014 ez egy el\u00e1gaz\u00e1s a fels\u0151 \u00e1llom\u00e1sr\u00f3l mag\u00e1ra a M\u00e4nnlichen cs\u00facs\u00e1ra, 2345 m\u00e9terre. Csak valamivel t\u00f6bb mint sz\u00e1z m\u00e9tert emelkedsz, \u00e9s <strong>f\u00e9l \u00f3r\u00e1t<\/strong> vesz ig\u00e9nybe, de a kil\u00e1t\u00e1s fent egy oszt\u00e1llyal jobb, mint az \u00e1llom\u00e1sr\u00f3l.<\/p>\n\n\n\n<p class=\"wp-block-paragraph\">\ud83d\udca1 Tipp: A M\u00e4nnlichenre a felvon\u00f3k <strong>m\u00e1jus 23-t\u00f3l okt\u00f3ber 25-ig<\/strong> j\u00e1rnak. Wengenb\u0151l \u00f6tfrankos fel\u00e1r\u00e9rt megveheted a \u201eRoyal Ride&#8221; opci\u00f3t, \u00e9s <strong>a kabin tetej\u00e9n l\u00e9v\u0151 nyitott balkonon<\/strong> utazhatsz \u2014 a gyerekek ett\u0151l teljesen od\u00e1ig szoktak lenni.<\/p>\n\n\n\n<figure data-wp-context=\"{&quot;imageId&quot;:&quot;6a952e185ab50&quot;}\" data-wp-interactive=\"core\/image\" data-wp-key=\"6a952e185ab50\" class=\"wp-block-image size-full wp-lightbox-container\"><img decoding=\"async\" width=\"1920\" height=\"1289\" data-wp-class--hide=\"state.isContentHidden\" data-wp-class--show=\"state.isContentVisible\" data-wp-init=\"callbacks.setButtonStyles\" data-wp-on--click=\"actions.showLightbox\" data-wp-on--load=\"callbacks.setButtonStyles\" data-wp-on--pointerdown=\"actions.preloadImage\" data-wp-on--pointerenter=\"actions.preloadImageWithDelay\" data-wp-on--pointerleave=\"actions.cancelPreload\" data-wp-on-window--resize=\"callbacks.setButtonStyles\" src=\"https:\/\/loudavymkrokem.cz\/wp-content\/uploads\/2026\/08\/bonigen-eiger-severni-stena-1.jpg\" alt=\"Az Eiger \u00e9szaki fala, amely alatt az Eiger Trail vezet\" class=\"wp-image-407136\" title=\"\" srcset=\"https:\/\/loudavymkrokem.cz\/wp-content\/uploads\/2026\/08\/bonigen-eiger-severni-stena-1.jpg 1920w, https:\/\/loudavymkrokem.cz\/wp-content\/uploads\/2026\/08\/bonigen-eiger-severni-stena-1-300x201.jpg 300w, https:\/\/loudavymkrokem.cz\/wp-content\/uploads\/2026\/08\/bonigen-eiger-severni-stena-1-700x470.jpg 700w, https:\/\/loudavymkrokem.cz\/wp-content\/uploads\/2026\/08\/bonigen-eiger-severni-stena-1-768x516.jpg 768w, https:\/\/loudavymkrokem.cz\/wp-content\/uploads\/2026\/08\/bonigen-eiger-severni-stena-1-1536x1031.jpg 1536w, https:\/\/loudavymkrokem.cz\/wp-content\/uploads\/2026\/08\/bonigen-eiger-severni-stena-1-696x467.jpg 696w, https:\/\/loudavymkrokem.cz\/wp-content\/uploads\/2026\/08\/bonigen-eiger-severni-stena-1-1392x935.jpg 1392w\" sizes=\"(max-width: 1920px) 100vw, 1920px\" \/><button\n\t\t\tclass=\"lightbox-trigger\"\n\t\t\ttype=\"button\"\n\t\t\taria-haspopup=\"dialog\"\n\t\t\tdata-wp-bind--aria-label=\"state.thisImage.triggerButtonAriaLabel\"\n\t\t\tdata-wp-init=\"callbacks.initTriggerButton\"\n\t\t\tdata-wp-on--click=\"actions.showLightbox\"\n\t\t\tdata-wp-style--right=\"state.thisImage.buttonRight\"\n\t\t\tdata-wp-style--top=\"state.thisImage.buttonTop\"\n\t\t>\n\t\t\t<svg xmlns=\"http:\/\/www.w3.org\/2000\/svg\" width=\"12\" height=\"12\" fill=\"none\" viewBox=\"0 0 12 12\">\n\t\t\t\t<path fill=\"#fff\" d=\"M2 0a2 2 0 0 0-2 2v2h1.5V2a.5.5 0 0 1 .5-.5h2V0H2Zm2 10.5H2a.5.5 0 0 1-.5-.5V8H0v2a2 2 0 0 0 2 2h2v-1.5ZM8 12v-1.5h2a.5.5 0 0 0 .5-.5V8H12v2a2 2 0 0 1-2 2H8Zm2-12a2 2 0 0 1 2 2v2h-1.5V2a.5.5 0 0 0-.5-.5H8V0h2Z\" \/>\n\t\t\t<\/svg>\n\t\t<\/button><figcaption class=\"wp-element-caption\">Fot\u00f3: Kurt Ritschard \/ Wikimedia Commons, CC BY-SA 2.0<\/figcaption><\/figure>\n\n\n\n<h3 class=\"wp-block-heading\"><span class=\"ez-toc-section\" id=\"16_Az_Eiger_Trail_kozvetlenul_az_eszaki_fal_alatt\"><\/span>16. Az Eiger Trail k\u00f6zvetlen\u00fcl az \u00e9szaki fal alatt<span class=\"ez-toc-section-end\"><\/span><\/h3>\n\n\n\n<p class=\"wp-block-paragraph\">Ha a hegyek t\u00e9ged t\u00f6rt\u00e9netk\u00e9nt is \u00e9rdekelnek, ez a te \u00fatvonalad. Felm\u00e9sz az <strong>Eigergletscherre 2348 m\u00e9terre<\/strong>, onnan pedig <strong>nagyj\u00e1b\u00f3l hat kilom\u00e9tert gyalogolsz lefel\u00e9 Alpiglenbe, 1616 m\u00e9terre<\/strong>. Eg\u00e9sz k\u00e9t \u00f3r\u00e1n \u00e1t k\u00f6zvetlen\u00fcl az <strong>Eiger \u00e9szaki fala<\/strong> alatt mozogsz, amely t\u00f6bb mint 1600 m\u00e9terrel magasodik f\u00f6l\u00e9d.<\/p>\n\n\n\n<p class=\"wp-block-paragraph\">Ez az a hely, ahol hegym\u00e1sz\u00f3sorsok \u00edr\u00f3dtak \u00e9s \u00e9rtek v\u00e9get, az \u00fatvonalon pedig egy eml\u00e9kt\u00e1bl\u00e1t is tal\u00e1lsz eml\u00e9kplakettekkel. Az \u00fat <strong>k\u00f6zepesen neh\u00e9zk\u00e9nt van felt\u00fcntetve, k\u00f6r\u00fclbel\u00fcl 780 m\u00e9tert ereszkedsz rajta<\/strong>, a kitettebb szakaszokon pedig biztos\u00edt\u00f3k\u00f6telek vannak kifesz\u00edtve. Friss\u00edt\u0151t az elej\u00e9n \u00e9s a v\u00e9g\u00e9n is kapsz.<\/p>\n\n\n\n<p class=\"wp-block-paragraph\">Vigy\u00e1zz a szezonnal, mert ez az \u00f6sv\u00e9ny ny\u00edlik meg mind k\u00f6z\u00fcl a legk\u00e9s\u0151bb. A <strong>h\u00f3 gyakran tartja z\u00e1rva j\u00falius elej\u00e9ig<\/strong>, \u00e9s \u00e1ltal\u00e1ban okt\u00f3ber k\u00f6zep\u00e9ig j\u00e1rhat\u00f3. A kir\u00e1ndul\u00e1s el\u0151tt mindig ellen\u0151rizd az aktu\u00e1lis \u00e1llapotot \u2014 napr\u00f3l napra v\u00e1ltozhat.<\/p>\n\n\n\n<p class=\"wp-block-paragraph\">\ud83d\udca1 Tipp: <strong>Babakocsival nem jutsz ide<\/strong>, \u00e9s a kisebb gyerekeknek seg\u00edts\u00e9gre lesz sz\u00fcks\u00e9g\u00fck a k\u00f6ves szakaszokon. Vissza Alpiglenb\u0151l vonat megy Grindelwaldba, de ez <strong>felt\u00e9teles meg\u00e1ll\u00f3hely<\/strong>, teh\u00e1t ne felejts el jelezni a vezet\u0151nek.<\/p>\n\n\n\n<figure data-wp-context=\"{&quot;imageId&quot;:&quot;6a952e185b00e&quot;}\" data-wp-interactive=\"core\/image\" data-wp-key=\"6a952e185b00e\" class=\"wp-block-image size-full wp-lightbox-container\"><img decoding=\"async\" width=\"1920\" height=\"1282\" data-wp-class--hide=\"state.isContentHidden\" data-wp-class--show=\"state.isContentVisible\" data-wp-init=\"callbacks.setButtonStyles\" data-wp-on--click=\"actions.showLightbox\" data-wp-on--load=\"callbacks.setButtonStyles\" data-wp-on--pointerdown=\"actions.preloadImage\" data-wp-on--pointerenter=\"actions.preloadImageWithDelay\" data-wp-on--pointerleave=\"actions.cancelPreload\" data-wp-on-window--resize=\"callbacks.setButtonStyles\" src=\"https:\/\/loudavymkrokem.cz\/wp-content\/uploads\/2026\/08\/bonigen-niederhorn-kozorozec-1.jpg\" alt=\"Fiatal k\u0151sz\u00e1li kecsk\u00e9k a Niederhorn gerinc\u00e9n sz\u00fcrk\u00fcletkor\" class=\"wp-image-407139\" title=\"\" srcset=\"https:\/\/loudavymkrokem.cz\/wp-content\/uploads\/2026\/08\/bonigen-niederhorn-kozorozec-1.jpg 1920w, https:\/\/loudavymkrokem.cz\/wp-content\/uploads\/2026\/08\/bonigen-niederhorn-kozorozec-1-300x200.jpg 300w, https:\/\/loudavymkrokem.cz\/wp-content\/uploads\/2026\/08\/bonigen-niederhorn-kozorozec-1-700x467.jpg 700w, https:\/\/loudavymkrokem.cz\/wp-content\/uploads\/2026\/08\/bonigen-niederhorn-kozorozec-1-768x513.jpg 768w, https:\/\/loudavymkrokem.cz\/wp-content\/uploads\/2026\/08\/bonigen-niederhorn-kozorozec-1-1536x1026.jpg 1536w, https:\/\/loudavymkrokem.cz\/wp-content\/uploads\/2026\/08\/bonigen-niederhorn-kozorozec-1-696x465.jpg 696w, https:\/\/loudavymkrokem.cz\/wp-content\/uploads\/2026\/08\/bonigen-niederhorn-kozorozec-1-1392x929.jpg 1392w\" sizes=\"(max-width: 1920px) 100vw, 1920px\" \/><button\n\t\t\tclass=\"lightbox-trigger\"\n\t\t\ttype=\"button\"\n\t\t\taria-haspopup=\"dialog\"\n\t\t\tdata-wp-bind--aria-label=\"state.thisImage.triggerButtonAriaLabel\"\n\t\t\tdata-wp-init=\"callbacks.initTriggerButton\"\n\t\t\tdata-wp-on--click=\"actions.showLightbox\"\n\t\t\tdata-wp-style--right=\"state.thisImage.buttonRight\"\n\t\t\tdata-wp-style--top=\"state.thisImage.buttonTop\"\n\t\t>\n\t\t\t<svg xmlns=\"http:\/\/www.w3.org\/2000\/svg\" width=\"12\" height=\"12\" fill=\"none\" viewBox=\"0 0 12 12\">\n\t\t\t\t<path fill=\"#fff\" d=\"M2 0a2 2 0 0 0-2 2v2h1.5V2a.5.5 0 0 1 .5-.5h2V0H2Zm2 10.5H2a.5.5 0 0 1-.5-.5V8H0v2a2 2 0 0 0 2 2h2v-1.5ZM8 12v-1.5h2a.5.5 0 0 0 .5-.5V8H12v2a2 2 0 0 1-2 2H8Zm2-12a2 2 0 0 1 2 2v2h-1.5V2a.5.5 0 0 0-.5-.5H8V0h2Z\" \/>\n\t\t\t<\/svg>\n\t\t<\/button><figcaption class=\"wp-element-caption\">Fot\u00f3: Ostaehli \/ Wikimedia Commons, CC BY-SA 4.0<\/figcaption><\/figure>\n\n\n\n<h3 class=\"wp-block-heading\"><span class=\"ez-toc-section\" id=\"17_Niederhorn_es_a_koszali_kecskek_a_Thuni-to_felett\"><\/span>17. Niederhorn \u00e9s a k\u0151sz\u00e1li kecsk\u00e9k a Thuni-t\u00f3 felett<span class=\"ez-toc-section-end\"><\/span><\/h3>\n\n\n\n<p class=\"wp-block-paragraph\">M\u00edg mindenki Grindelwaldba j\u00e1r, Interlaken m\u00e1sik oldal\u00e1n van a <strong>Niederhorn 1950 m\u00e9teren<\/strong>, \u00e9s ott j\u00f3val nagyobb a nyugalom. Fel a Thuni-t\u00f3 partj\u00e1r\u00f3l jutsz sikl\u00f3 \u00e9s azt\u00e1n gondola seg\u00edts\u00e9g\u00e9vel, \u00f6sszesen <strong>nagyj\u00e1b\u00f3l f\u00e9l \u00f3r\u00e1t<\/strong> vesz ig\u00e9nybe.<\/p>\n\n\n\n<p class=\"wp-block-paragraph\">A f\u0151 l\u00e1tv\u00e1nyoss\u00e1g itt a <strong>k\u0151sz\u00e1li kecsk\u00e9k<\/strong>. A helyi kol\u00f3ni\u00e1t 1949-ben alap\u00edtott\u00e1k h\u00e1rom kecske betelep\u00edt\u00e9s\u00e9vel, ma pedig <strong>hetven\u00f6t-sz\u00e1z<\/strong> \u00e9l bel\u0151l\u00fck itt. J\u00faliust\u00f3l szeptemberig r\u00e1ad\u00e1sul minden cs\u00fct\u00f6rt\u00f6k d\u00e9lel\u0151tt indul egy vezetett t\u00fara egy helyi szak\u00e9rt\u0151vel egyenesen a csord\u00e1khoz.<\/p>\n\n\n\n<p class=\"wp-block-paragraph\">Az innen a <strong>Gemmenalphornra vezet\u0151 gerinct\u00fara 2061 m\u00e9teren<\/strong> arany\u00e9rmet nyert Sv\u00e1jc legszebb t\u00fara\u00f6sv\u00e9nyek\u00e9nt, de ez eg\u00e9sznapos program az edzetteknek. Gyerekekkel \u00e9rd be a <strong>hatsz\u00e1z m\u00e9teres k\u00f6rt\u00far\u00e1val k\u00f6zvetlen\u00fcl az \u00e1llom\u00e1sn\u00e1l<\/strong>, amit f\u00e9l \u00f3ra alatt teljes\u00edtesz, fent pedig egy \u00e9tterem van j\u00e1tsz\u00f3t\u00e9rrel.<\/p>\n\n\n\n<p class=\"wp-block-paragraph\">\ud83d\udca1 Tipp: A felvon\u00f3k <strong>m\u00e1jus 1-t\u0151l november 15-ig<\/strong> j\u00e1rnak. Az oda-vissza jegy a t\u00f3t\u00f3l 65 frank, de ha busszal felm\u00e9sz eg\u00e9szen Beatenbergig, \u00e9s ott sz\u00e1llsz fel, <strong>csak 49-et fizetsz<\/strong>. A Niederhorn r\u00e1ad\u00e1sul <strong>csal\u00e1di kedvezm\u00e9nyt ad \u2014 csak az els\u0151 gyerek\u00e9rt fizetsz<\/strong>.<\/p>\n\n\n\n<figure data-wp-context=\"{&quot;imageId&quot;:&quot;6a952e185b6a0&quot;}\" data-wp-interactive=\"core\/image\" data-wp-key=\"6a952e185b6a0\" class=\"wp-block-image size-full wp-lightbox-container\"><img decoding=\"async\" width=\"1920\" height=\"1280\" data-wp-class--hide=\"state.isContentHidden\" data-wp-class--show=\"state.isContentVisible\" data-wp-init=\"callbacks.setButtonStyles\" data-wp-on--click=\"actions.showLightbox\" data-wp-on--load=\"callbacks.setButtonStyles\" data-wp-on--pointerdown=\"actions.preloadImage\" data-wp-on--pointerenter=\"actions.preloadImageWithDelay\" data-wp-on--pointerleave=\"actions.cancelPreload\" data-wp-on-window--resize=\"callbacks.setButtonStyles\" src=\"https:\/\/loudavymkrokem.cz\/wp-content\/uploads\/2026\/08\/bonigen-brienzer-rothorn-parni-lokomotiva.jpg\" alt=\"G\u0151zmozdony a fogaskerek\u0171 vas\u00faton a Brienzer Rothorn cs\u00facs\u00e1llom\u00e1s\u00e1n\" class=\"wp-image-407156\" title=\"\" srcset=\"https:\/\/loudavymkrokem.cz\/wp-content\/uploads\/2026\/08\/bonigen-brienzer-rothorn-parni-lokomotiva.jpg 1920w, https:\/\/loudavymkrokem.cz\/wp-content\/uploads\/2026\/08\/bonigen-brienzer-rothorn-parni-lokomotiva-300x200.jpg 300w, https:\/\/loudavymkrokem.cz\/wp-content\/uploads\/2026\/08\/bonigen-brienzer-rothorn-parni-lokomotiva-700x467.jpg 700w, https:\/\/loudavymkrokem.cz\/wp-content\/uploads\/2026\/08\/bonigen-brienzer-rothorn-parni-lokomotiva-768x512.jpg 768w, https:\/\/loudavymkrokem.cz\/wp-content\/uploads\/2026\/08\/bonigen-brienzer-rothorn-parni-lokomotiva-1536x1024.jpg 1536w, https:\/\/loudavymkrokem.cz\/wp-content\/uploads\/2026\/08\/bonigen-brienzer-rothorn-parni-lokomotiva-696x464.jpg 696w, https:\/\/loudavymkrokem.cz\/wp-content\/uploads\/2026\/08\/bonigen-brienzer-rothorn-parni-lokomotiva-1392x928.jpg 1392w\" sizes=\"(max-width: 1920px) 100vw, 1920px\" \/><button\n\t\t\tclass=\"lightbox-trigger\"\n\t\t\ttype=\"button\"\n\t\t\taria-haspopup=\"dialog\"\n\t\t\tdata-wp-bind--aria-label=\"state.thisImage.triggerButtonAriaLabel\"\n\t\t\tdata-wp-init=\"callbacks.initTriggerButton\"\n\t\t\tdata-wp-on--click=\"actions.showLightbox\"\n\t\t\tdata-wp-style--right=\"state.thisImage.buttonRight\"\n\t\t\tdata-wp-style--top=\"state.thisImage.buttonTop\"\n\t\t>\n\t\t\t<svg xmlns=\"http:\/\/www.w3.org\/2000\/svg\" width=\"12\" height=\"12\" fill=\"none\" viewBox=\"0 0 12 12\">\n\t\t\t\t<path fill=\"#fff\" d=\"M2 0a2 2 0 0 0-2 2v2h1.5V2a.5.5 0 0 1 .5-.5h2V0H2Zm2 10.5H2a.5.5 0 0 1-.5-.5V8H0v2a2 2 0 0 0 2 2h2v-1.5ZM8 12v-1.5h2a.5.5 0 0 0 .5-.5V8H12v2a2 2 0 0 1-2 2H8Zm2-12a2 2 0 0 1 2 2v2h-1.5V2a.5.5 0 0 0-.5-.5H8V0h2Z\" \/>\n\t\t\t<\/svg>\n\t\t<\/button><figcaption class=\"wp-element-caption\">Fot\u00f3: Uwelino \/ Wikimedia Commons, CC BY-SA 4.0<\/figcaption><\/figure>\n\n\n\n<h3 class=\"wp-block-heading\"><span class=\"ez-toc-section\" id=\"18_Gozos_fogaskerekuvel_a_Brienzer_Rothornra\"><\/span>18. G\u0151z\u00f6s fogaskerek\u0171vel a Brienzer Rothornra<span class=\"ez-toc-section-end\"><\/span><\/h3>\n\n\n\n<p class=\"wp-block-paragraph\">Ez a kir\u00e1ndul\u00e1s m\u00e1r mag\u00e1val az \u00fattal is \u00e9lm\u00e9ny. A t\u00f3 t\u00fals\u00f3 v\u00e9g\u00e9n l\u00e9v\u0151 Brienzb\u0151l indul az <strong>1892-es g\u0151z\u00f6s fogaskerek\u0171 vas\u00fat<\/strong>, amely a furkai vonallal egy\u00fctt <strong>Sv\u00e1jc egyetlen rendszeresen g\u0151zzel \u00fczemeltetett vas\u00fatja<\/strong>. Egy \u00f3ra alatt h\u00e9t \u00e9s f\u00e9l kilom\u00e9teres p\u00e1ly\u00e1n <strong>1678 szintm\u00e9tert<\/strong> kapaszkodik fel.<\/p>\n\n\n\n<p class=\"wp-block-paragraph\">A fels\u0151 \u00e1llom\u00e1s <strong>2244 m\u00e9teren<\/strong> fekszik, mag\u00e1ra a Brienzer Rothorn cs\u00facs\u00e1ra 2350 m\u00e9teren pedig <strong>tizen\u00f6t perc alatt<\/strong> jutsz fel. Innen a kil\u00e1t\u00e1s rendk\u00edv\u00fcli \u2014 \u00e1ll\u00edt\u00f3lag <strong>693 cs\u00facs<\/strong> l\u00e1tszik innen. Fent k\u00e9t \u00e9tterem van, a hegyi sz\u00e1llod\u00e1ban pedig meg is lehet sz\u00e1llni.<\/p>\n\n\n\n<p class=\"wp-block-paragraph\">Aki gyalog akar menni, leereszkedhet a <strong>Planalp k\u00f6ztes \u00e1llom\u00e1sra k\u00e9t \u00e9s f\u00e9l \u00f3ra alatt<\/strong>, onnan pedig lej\u00f6het vonattal. K\u00f6zben k\u00f6r\u00fclbel\u00fcl ezer m\u00e9tert ereszkedik, teh\u00e1t ez megviseli a t\u00e9rdet. B\u00f6nigenb\u0151l ide Interlaken Osten \u00e1t jutsz el, onnan vonattal Brienzbe <strong>nem eg\u00e9szen h\u00fasz perc<\/strong>.<\/p>\n\n\n\n<p class=\"wp-block-paragraph\">\ud83d\udca1 Tipp: Eg\u00e9szen a cs\u00facsig <strong>csak j\u00fanius 6-t\u00f3l okt\u00f3ber 25-ig<\/strong> j\u00e1r, kor\u00e1bban a vas\u00fat Planalpon \u00e9r v\u00e9get. Az oda-vissza jegy 98 frank, de a <strong>hat \u00e9s tizen\u00f6t \u00e9v k\u00f6z\u00f6tti gyerekek t\u00edz frank\u00e9rt utaznak<\/strong>, Bernese Oberland Passszal pedig ingyenes az \u00fat. Nyolc frank\u00e9rt lefoglalhatsz egy konkr\u00e9t helyet.<\/p>\n\n\n\n<figure data-wp-context=\"{&quot;imageId&quot;:&quot;6a952e185be3f&quot;}\" data-wp-interactive=\"core\/image\" data-wp-key=\"6a952e185be3f\" class=\"wp-block-image size-full wp-lightbox-container\"><img decoding=\"async\" width=\"1800\" height=\"1224\" data-wp-class--hide=\"state.isContentHidden\" data-wp-class--show=\"state.isContentVisible\" data-wp-init=\"callbacks.setButtonStyles\" data-wp-on--click=\"actions.showLightbox\" data-wp-on--load=\"callbacks.setButtonStyles\" data-wp-on--pointerdown=\"actions.preloadImage\" data-wp-on--pointerenter=\"actions.preloadImageWithDelay\" data-wp-on--pointerleave=\"actions.cancelPreload\" data-wp-on-window--resize=\"callbacks.setButtonStyles\" src=\"https:\/\/loudavymkrokem.cz\/wp-content\/uploads\/2026\/08\/articles-bonigen-18.jpg\" alt=\"A Brienzi-t\u00f3 mad\u00e1rt\u00e1vlatb\u00f3l\" class=\"wp-image-404497\" title=\"\" srcset=\"https:\/\/loudavymkrokem.cz\/wp-content\/uploads\/2026\/08\/articles-bonigen-18.jpg 1800w, https:\/\/loudavymkrokem.cz\/wp-content\/uploads\/2026\/08\/articles-bonigen-18-300x204.jpg 300w, https:\/\/loudavymkrokem.cz\/wp-content\/uploads\/2026\/08\/articles-bonigen-18-700x476.jpg 700w, https:\/\/loudavymkrokem.cz\/wp-content\/uploads\/2026\/08\/articles-bonigen-18-768x522.jpg 768w, https:\/\/loudavymkrokem.cz\/wp-content\/uploads\/2026\/08\/articles-bonigen-18-1536x1044.jpg 1536w, https:\/\/loudavymkrokem.cz\/wp-content\/uploads\/2026\/08\/articles-bonigen-18-696x473.jpg 696w, https:\/\/loudavymkrokem.cz\/wp-content\/uploads\/2026\/08\/articles-bonigen-18-1392x947.jpg 1392w\" sizes=\"(max-width: 1800px) 100vw, 1800px\" \/><button\n\t\t\tclass=\"lightbox-trigger\"\n\t\t\ttype=\"button\"\n\t\t\taria-haspopup=\"dialog\"\n\t\t\tdata-wp-bind--aria-label=\"state.thisImage.triggerButtonAriaLabel\"\n\t\t\tdata-wp-init=\"callbacks.initTriggerButton\"\n\t\t\tdata-wp-on--click=\"actions.showLightbox\"\n\t\t\tdata-wp-style--right=\"state.thisImage.buttonRight\"\n\t\t\tdata-wp-style--top=\"state.thisImage.buttonTop\"\n\t\t>\n\t\t\t<svg xmlns=\"http:\/\/www.w3.org\/2000\/svg\" width=\"12\" height=\"12\" fill=\"none\" viewBox=\"0 0 12 12\">\n\t\t\t\t<path fill=\"#fff\" d=\"M2 0a2 2 0 0 0-2 2v2h1.5V2a.5.5 0 0 1 .5-.5h2V0H2Zm2 10.5H2a.5.5 0 0 1-.5-.5V8H0v2a2 2 0 0 0 2 2h2v-1.5ZM8 12v-1.5h2a.5.5 0 0 0 .5-.5V8H12v2a2 2 0 0 1-2 2H8Zm2-12a2 2 0 0 1 2 2v2h-1.5V2a.5.5 0 0 0-.5-.5H8V0h2Z\" \/>\n\t\t\t<\/svg>\n\t\t<\/button><figcaption class=\"wp-element-caption\">Fot\u00f3: Carsten Steger \/ Wikimedia Commons, CC BY-SA 4.0<\/figcaption><\/figure>\n\n\n\n<h2 class=\"wp-block-heading\"><span class=\"ez-toc-section\" id=\"Kirandulasok_Bonigenbol_6_tipp_a_kornyekre\"><\/span>Kir\u00e1ndul\u00e1sok B\u00f6nigenb\u0151l: 6 tipp a k\u00f6rny\u00e9kre<span class=\"ez-toc-section-end\"><\/span><\/h2>\n\n\n\n<p class=\"wp-block-paragraph\">Ha B\u00f6nigent tetted meg h\u00e1zi b\u00e1zisodnak, kiny\u00edlik el\u0151tted az <strong>eg\u00e9sz Berni Oberland<\/strong>, mint egy nyitott k\u00f6nyv. Itt m\u00e1r <strong>kicsit nagyobb k\u00f6lts\u00e9gvet\u00e9sre<\/strong> lesz sz\u00fcks\u00e9ged, mert a sv\u00e1jci felvon\u00f3k \u00e9s hegyi vonatok nem olcs\u00f3 dolgok, de az \u00e9lm\u00e9nyek holtodig megmaradnak az eml\u00e9kezetedben.<\/p>\n\n\n\n<p class=\"wp-block-paragraph\">Azt javaslom, tervezd a kir\u00e1ndul\u00e1sokat az <strong>aktu\u00e1lis id\u0151j\u00e1r\u00e1s-el\u0151rejelz\u00e9s<\/strong> szerint. A dr\u00e1ga hegyi kil\u00e1t\u00f3kra csak azokon a napokon van \u00e9rtelme menni, amikor <strong>teljesen tiszta az \u00e9g<\/strong>, k\u00fcl\u00f6nben t\u00f6bb t\u00edz frankot fizetsz egy \u00e1tl\u00e1thatatlan sz\u00fcrke k\u00f6dbe val\u00f3 pillant\u00e1s\u00e9rt.<\/p>\n\n\n\n<figure data-wp-context=\"{&quot;imageId&quot;:&quot;6a952e185c55b&quot;}\" data-wp-interactive=\"core\/image\" data-wp-key=\"6a952e185c55b\" class=\"wp-block-image size-full wp-lightbox-container\"><img decoding=\"async\" width=\"1800\" height=\"1011\" data-wp-class--hide=\"state.isContentHidden\" data-wp-class--show=\"state.isContentVisible\" data-wp-init=\"callbacks.setButtonStyles\" data-wp-on--click=\"actions.showLightbox\" data-wp-on--load=\"callbacks.setButtonStyles\" data-wp-on--pointerdown=\"actions.preloadImage\" data-wp-on--pointerenter=\"actions.preloadImageWithDelay\" data-wp-on--pointerleave=\"actions.cancelPreload\" data-wp-on-window--resize=\"callbacks.setButtonStyles\" src=\"https:\/\/loudavymkrokem.cz\/wp-content\/uploads\/2026\/08\/articles-bonigen-19.jpg\" alt=\"A Harder Kulm kil\u00e1t\u00f3 Interlaken felett\" class=\"wp-image-404500\" title=\"\" srcset=\"https:\/\/loudavymkrokem.cz\/wp-content\/uploads\/2026\/08\/articles-bonigen-19.jpg 1800w, https:\/\/loudavymkrokem.cz\/wp-content\/uploads\/2026\/08\/articles-bonigen-19-300x169.jpg 300w, https:\/\/loudavymkrokem.cz\/wp-content\/uploads\/2026\/08\/articles-bonigen-19-700x393.jpg 700w, https:\/\/loudavymkrokem.cz\/wp-content\/uploads\/2026\/08\/articles-bonigen-19-768x431.jpg 768w, https:\/\/loudavymkrokem.cz\/wp-content\/uploads\/2026\/08\/articles-bonigen-19-1536x863.jpg 1536w, https:\/\/loudavymkrokem.cz\/wp-content\/uploads\/2026\/08\/articles-bonigen-19-696x391.jpg 696w, https:\/\/loudavymkrokem.cz\/wp-content\/uploads\/2026\/08\/articles-bonigen-19-1392x782.jpg 1392w\" sizes=\"(max-width: 1800px) 100vw, 1800px\" \/><button\n\t\t\tclass=\"lightbox-trigger\"\n\t\t\ttype=\"button\"\n\t\t\taria-haspopup=\"dialog\"\n\t\t\tdata-wp-bind--aria-label=\"state.thisImage.triggerButtonAriaLabel\"\n\t\t\tdata-wp-init=\"callbacks.initTriggerButton\"\n\t\t\tdata-wp-on--click=\"actions.showLightbox\"\n\t\t\tdata-wp-style--right=\"state.thisImage.buttonRight\"\n\t\t\tdata-wp-style--top=\"state.thisImage.buttonTop\"\n\t\t>\n\t\t\t<svg xmlns=\"http:\/\/www.w3.org\/2000\/svg\" width=\"12\" height=\"12\" fill=\"none\" viewBox=\"0 0 12 12\">\n\t\t\t\t<path fill=\"#fff\" d=\"M2 0a2 2 0 0 0-2 2v2h1.5V2a.5.5 0 0 1 .5-.5h2V0H2Zm2 10.5H2a.5.5 0 0 1-.5-.5V8H0v2a2 2 0 0 0 2 2h2v-1.5ZM8 12v-1.5h2a.5.5 0 0 0 .5-.5V8H12v2a2 2 0 0 1-2 2H8Zm2-12a2 2 0 0 1 2 2v2h-1.5V2a.5.5 0 0 0-.5-.5H8V0h2Z\" \/>\n\t\t\t<\/svg>\n\t\t<\/button><figcaption class=\"wp-element-caption\">Fot\u00f3: Ollie Craig \/ Pexels<\/figcaption><\/figure>\n\n\n\n<h3 class=\"wp-block-heading\"><span class=\"ez-toc-section\" id=\"19_Harder_Kulm_Interlaken_hazihegye\"><\/span>19. Harder Kulm: Interlaken h\u00e1zihegye<span class=\"ez-toc-section-end\"><\/span><\/h3>\n\n\n\n<p class=\"wp-block-paragraph\">Ez abszol\u00fat k\u00f6telez\u0151. A <strong>Harder Kulm 1322 m\u00e9ter magasan<\/strong> Interlaken h\u00e1zihegyek\u00e9nt ismert, \u00e9s a legikonikusabb kil\u00e1t\u00e1st k\u00edn\u00e1lja az eg\u00e9sz ter\u00fcleten. A t\u00f6rt\u00e9nelmi sikl\u00f3 a v\u00f6lgyb\u0151l mind\u00f6ssze 10 perc alatt visz fel, amely alatt 755 szintm\u00e9tert k\u00fczd le mind\u00f6ssze 1,4 kilom\u00e9ter hossz\u00fa p\u00e1ly\u00e1n.<\/p>\n\n\n\n<p class=\"wp-block-paragraph\">2026-ban az <strong>oda-vissza jegy egy feln\u0151ttnek 44 CHF<\/strong>. Ha van Swiss Travel Passod vagy Bernese Oberland Passod, 50% kedvezm\u00e9nyt kapsz. A felvon\u00f3 \u00e1prilis 3-t\u00f3l november 29-ig f\u00e9l\u00f3r\u00e1nk\u00e9nt j\u00e1r, ny\u00e1ron pedig lefel\u00e9 ak\u00e1r k\u00e9s\u0151 \u00e9jszak\u00e1ig utazhatsz.<\/p>\n\n\n\n<p class=\"wp-block-paragraph\">Fent a h\u00edres <strong>Two Lakes Bridge kil\u00e1t\u00f3plat\u00f3<\/strong> v\u00e1r r\u00e1d, amely dr\u00e1maian ny\u00falik a m\u00e9ly szakad\u00e9k f\u00f6l\u00e9. Rajta \u00e1llsz, alattad pedig egyszerre l\u00e1tod mindk\u00e9t tavat (a Thunerseet \u00e9s a Brienzerseet is), k\u00f6zvetlen\u00fcl magad el\u0151tt pedig ott a fens\u00e9ges alpesi tri\u00f3, az Eiger, a M\u00f6nch \u00e9s a Jungfrau. T\u00e9nyleg \u00fagy n\u00e9z ki itt, mint egy filmes d\u00edszlet.<\/p>\n\n\n\n<p class=\"wp-block-paragraph\">\ud83d\udca1 Tipp: <strong>Ker\u00fcld el a sorokat<\/strong>, \u00e9s vedd meg a <strong>jegyet el\u0151re online<\/strong> egyenesen a <a href=\"https:\/\/www.harder-kulm.com\" target=\"_blank\" rel=\"nofollow noopener\">Harder Kulm<\/a> weboldal\u00e1n. Kapsz egy QR-k\u00f3dot a telefonodra, \u00e9s egyenesen a bel\u00e9ptet\u0151kapukhoz m\u00e9sz.<\/p>\n\n\n\n<figure data-wp-context=\"{&quot;imageId&quot;:&quot;6a952e185cce4&quot;}\" data-wp-interactive=\"core\/image\" data-wp-key=\"6a952e185cce4\" class=\"wp-block-image size-full wp-lightbox-container\"><img decoding=\"async\" width=\"1800\" height=\"1350\" data-wp-class--hide=\"state.isContentHidden\" data-wp-class--show=\"state.isContentVisible\" data-wp-init=\"callbacks.setButtonStyles\" data-wp-on--click=\"actions.showLightbox\" data-wp-on--load=\"callbacks.setButtonStyles\" data-wp-on--pointerdown=\"actions.preloadImage\" data-wp-on--pointerenter=\"actions.preloadImageWithDelay\" data-wp-on--pointerleave=\"actions.cancelPreload\" data-wp-on-window--resize=\"callbacks.setButtonStyles\" src=\"https:\/\/loudavymkrokem.cz\/wp-content\/uploads\/2026\/08\/articles-bonigen-20.jpg\" alt=\"A Giessbach-v\u00edzes\u00e9sek kaszk\u00e1djai\" class=\"wp-image-404502\" title=\"\" srcset=\"https:\/\/loudavymkrokem.cz\/wp-content\/uploads\/2026\/08\/articles-bonigen-20.jpg 1800w, https:\/\/loudavymkrokem.cz\/wp-content\/uploads\/2026\/08\/articles-bonigen-20-300x225.jpg 300w, https:\/\/loudavymkrokem.cz\/wp-content\/uploads\/2026\/08\/articles-bonigen-20-700x525.jpg 700w, https:\/\/loudavymkrokem.cz\/wp-content\/uploads\/2026\/08\/articles-bonigen-20-768x576.jpg 768w, https:\/\/loudavymkrokem.cz\/wp-content\/uploads\/2026\/08\/articles-bonigen-20-1536x1152.jpg 1536w, https:\/\/loudavymkrokem.cz\/wp-content\/uploads\/2026\/08\/articles-bonigen-20-80x60.jpg 80w, https:\/\/loudavymkrokem.cz\/wp-content\/uploads\/2026\/08\/articles-bonigen-20-160x120.jpg 160w, https:\/\/loudavymkrokem.cz\/wp-content\/uploads\/2026\/08\/articles-bonigen-20-696x522.jpg 696w, https:\/\/loudavymkrokem.cz\/wp-content\/uploads\/2026\/08\/articles-bonigen-20-1392x1044.jpg 1392w\" sizes=\"(max-width: 1800px) 100vw, 1800px\" \/><button\n\t\t\tclass=\"lightbox-trigger\"\n\t\t\ttype=\"button\"\n\t\t\taria-haspopup=\"dialog\"\n\t\t\tdata-wp-bind--aria-label=\"state.thisImage.triggerButtonAriaLabel\"\n\t\t\tdata-wp-init=\"callbacks.initTriggerButton\"\n\t\t\tdata-wp-on--click=\"actions.showLightbox\"\n\t\t\tdata-wp-style--right=\"state.thisImage.buttonRight\"\n\t\t\tdata-wp-style--top=\"state.thisImage.buttonTop\"\n\t\t>\n\t\t\t<svg xmlns=\"http:\/\/www.w3.org\/2000\/svg\" width=\"12\" height=\"12\" fill=\"none\" viewBox=\"0 0 12 12\">\n\t\t\t\t<path fill=\"#fff\" d=\"M2 0a2 2 0 0 0-2 2v2h1.5V2a.5.5 0 0 1 .5-.5h2V0H2Zm2 10.5H2a.5.5 0 0 1-.5-.5V8H0v2a2 2 0 0 0 2 2h2v-1.5ZM8 12v-1.5h2a.5.5 0 0 0 .5-.5V8H12v2a2 2 0 0 1-2 2H8Zm2-12a2 2 0 0 1 2 2v2h-1.5V2a.5.5 0 0 0-.5-.5H8V0h2Z\" \/>\n\t\t\t<\/svg>\n\t\t<\/button><figcaption class=\"wp-element-caption\">Fot\u00f3: Metehan \u015eeker \/ Pexels<\/figcaption><\/figure>\n\n\n\n<h3 class=\"wp-block-heading\"><span class=\"ez-toc-section\" id=\"20_A_Giessbach-vizesesek_es_az_atjaro_a_viz_mogott\"><\/span>20. A Giessbach-v\u00edzes\u00e9sek \u00e9s az \u00e1tj\u00e1r\u00f3 a v\u00edz m\u00f6g\u00f6tt<span class=\"ez-toc-section-end\"><\/span><\/h3>\n\n\n\n<p class=\"wp-block-paragraph\">A v\u00edz itt <strong>14 kaszk\u00e1dban<\/strong> z\u00fadul nagyj\u00e1b\u00f3l 400 m\u00e9terr\u0151l egyenesen a t\u00f3ba, \u00e9s miel\u0151tt arra gondoln\u00e1l, hogy v\u00edzes\u00e9seket m\u00e1shol is l\u00e1tt\u00e1l m\u00e1r, v\u00e1rd ki, mi j\u00f6n ezut\u00e1n. A v\u00edzes\u00e9sek k\u00f6r\u00fcl a <strong>t\u00f6k\u00e9letesen karbantartott \u00f6sv\u00e9nyek h\u00e1l\u00f3zata<\/strong> vezet, amely elvisz eg\u00e9szen a leghangosabb \u00e9s legvadabb szakaszokig.<\/p>\n\n\n\n<p class=\"wp-block-paragraph\">A legnagyobb l\u00e1tv\u00e1nyoss\u00e1g az az <strong>\u00f6sv\u00e9ny, amely egyenesen az egyik v\u00edzes\u00e9s M\u00d6G\u00d6TT vezet<\/strong>. \u00c1tmehetsz egy hatalmas sziklap\u00e1rk\u00e1ny alatt, \u00e9s a lez\u00fadul\u00f3 v\u00edzfalon kereszt\u00fcl len\u00e9zhetsz a t\u00fcrkiz t\u00f3ra \u00e9s a k\u00f6rnyez\u0151 hegyekre. Biztons\u00e1gos, nagyj\u00e1b\u00f3l 20 perces k\u00f6rt\u00fara, amely teljesen elb\u0171v\u00f6l.<\/p>\n\n\n\n<p class=\"wp-block-paragraph\">Idejuthatsz aut\u00f3val (a <strong>parkol\u00e1s 15 CHF<\/strong> naponta a f\u0151szezonban), de sokkal st\u00edlusosabb <strong>haj\u00f3val \u00e9rkezni a Giessbach See meg\u00e1ll\u00f3ba<\/strong>. Onnan az \u00fat vagy gyalog, vagy a t\u00f6rt\u00e9nelmi felvon\u00f3val vezet egyenesen az \u00f6sv\u00e9nyek kezdet\u00e9hez.<\/p>\n\n\n\n<p class=\"wp-block-paragraph\">\ud83d\udca1 Tipp: Ha tavasszal, a h\u00f3olvad\u00e1s idej\u00e9n vagy kiad\u00f3s es\u0151k ut\u00e1n k\u00e9sz\u00fclsz ide, sz\u00e1molj azzal, hogy a v\u00edzes\u00e9s m\u00f6g\u00f6tti \u00f6sv\u00e9nyen <strong>rendes zuhanyt kapsz<\/strong>. A <strong>v\u00edzhatlan kab\u00e1t elengedhetetlen<\/strong>.<\/p>\n\n\n\n<figure data-wp-context=\"{&quot;imageId&quot;:&quot;6a952e185d51c&quot;}\" data-wp-interactive=\"core\/image\" data-wp-key=\"6a952e185d51c\" class=\"wp-block-image size-full wp-lightbox-container\"><img decoding=\"async\" width=\"1800\" height=\"1350\" data-wp-class--hide=\"state.isContentHidden\" data-wp-class--show=\"state.isContentVisible\" data-wp-init=\"callbacks.setButtonStyles\" data-wp-on--click=\"actions.showLightbox\" data-wp-on--load=\"callbacks.setButtonStyles\" data-wp-on--pointerdown=\"actions.preloadImage\" data-wp-on--pointerenter=\"actions.preloadImageWithDelay\" data-wp-on--pointerleave=\"actions.cancelPreload\" data-wp-on-window--resize=\"callbacks.setButtonStyles\" src=\"https:\/\/loudavymkrokem.cz\/wp-content\/uploads\/2026\/08\/articles-bonigen-21.jpg\" alt=\"A Giessbach Grandhotel \u00e9s a t\u00f6rt\u00e9nelmi felvon\u00f3\" class=\"wp-image-404504\" title=\"\" srcset=\"https:\/\/loudavymkrokem.cz\/wp-content\/uploads\/2026\/08\/articles-bonigen-21.jpg 1800w, https:\/\/loudavymkrokem.cz\/wp-content\/uploads\/2026\/08\/articles-bonigen-21-300x225.jpg 300w, https:\/\/loudavymkrokem.cz\/wp-content\/uploads\/2026\/08\/articles-bonigen-21-700x525.jpg 700w, https:\/\/loudavymkrokem.cz\/wp-content\/uploads\/2026\/08\/articles-bonigen-21-768x576.jpg 768w, https:\/\/loudavymkrokem.cz\/wp-content\/uploads\/2026\/08\/articles-bonigen-21-1536x1152.jpg 1536w, https:\/\/loudavymkrokem.cz\/wp-content\/uploads\/2026\/08\/articles-bonigen-21-80x60.jpg 80w, https:\/\/loudavymkrokem.cz\/wp-content\/uploads\/2026\/08\/articles-bonigen-21-160x120.jpg 160w, https:\/\/loudavymkrokem.cz\/wp-content\/uploads\/2026\/08\/articles-bonigen-21-696x522.jpg 696w, https:\/\/loudavymkrokem.cz\/wp-content\/uploads\/2026\/08\/articles-bonigen-21-1392x1044.jpg 1392w\" sizes=\"(max-width: 1800px) 100vw, 1800px\" \/><button\n\t\t\tclass=\"lightbox-trigger\"\n\t\t\ttype=\"button\"\n\t\t\taria-haspopup=\"dialog\"\n\t\t\tdata-wp-bind--aria-label=\"state.thisImage.triggerButtonAriaLabel\"\n\t\t\tdata-wp-init=\"callbacks.initTriggerButton\"\n\t\t\tdata-wp-on--click=\"actions.showLightbox\"\n\t\t\tdata-wp-style--right=\"state.thisImage.buttonRight\"\n\t\t\tdata-wp-style--top=\"state.thisImage.buttonTop\"\n\t\t>\n\t\t\t<svg xmlns=\"http:\/\/www.w3.org\/2000\/svg\" width=\"12\" height=\"12\" fill=\"none\" viewBox=\"0 0 12 12\">\n\t\t\t\t<path fill=\"#fff\" d=\"M2 0a2 2 0 0 0-2 2v2h1.5V2a.5.5 0 0 1 .5-.5h2V0H2Zm2 10.5H2a.5.5 0 0 1-.5-.5V8H0v2a2 2 0 0 0 2 2h2v-1.5ZM8 12v-1.5h2a.5.5 0 0 0 .5-.5V8H12v2a2 2 0 0 1-2 2H8Zm2-12a2 2 0 0 1 2 2v2h-1.5V2a.5.5 0 0 0-.5-.5H8V0h2Z\" \/>\n\t\t\t<\/svg>\n\t\t<\/button><figcaption class=\"wp-element-caption\">Fot\u00f3: JoachimKohler-HB \/ Wikimedia Commons, CC BY-SA 4.0<\/figcaption><\/figure>\n\n\n\n<h3 class=\"wp-block-heading\"><span class=\"ez-toc-section\" id=\"21_Svajc_legregebbi_turistafelvonoja_es_a_Grandhotel\"><\/span>21. Sv\u00e1jc legr\u00e9gebbi turistafelvon\u00f3ja \u00e9s a Grandhotel<span class=\"ez-toc-section-end\"><\/span><\/h3>\n\n\n\n<p class=\"wp-block-paragraph\">Ha m\u00e1r haj\u00f3val \u00e9rkezel a Giessbach-v\u00edzes\u00e9sek al\u00e1, ne hagyd ki ezt a technikai unikumot. A kik\u00f6t\u0151t\u0151l felfel\u00e9 a sz\u00e1llod\u00e1hoz k\u00f6zlekedik a <strong>Giessbachbahn \u2014 Sv\u00e1jc legr\u00e9gebbi, m\u00e1ig \u00fczemel\u0151 sikl\u00f3ja<\/strong>. 1879 \u00f3ta j\u00e1r, \u00e9s ez volt egy\u00e1ltal\u00e1n az els\u0151 sv\u00e1jci felvon\u00f3, amely tiszt\u00e1n turist\u00e1k sz\u00e1m\u00e1ra \u00e9p\u00fclt. T\u00f6rt\u00e9nelmi piros kocsijai hihetetlen\u00fcl fotog\u00e9nek.<\/p>\n\n\n\n<p class=\"wp-block-paragraph\">A fels\u0151 \u00e1llom\u00e1s egyenesen a l\u00e9legzetel\u00e1ll\u00edt\u00f3 <strong>Giessbach Grandhotel<\/strong> kapui el\u00e9 k\u00f6p ki. Ez a 19. sz\u00e1zadi luxuspalota az eg\u00e9sz vil\u00e1g kr\u00e9mj\u00e9t fogadta, \u00e9s m\u00e1ig meg\u0151rizte arisztokratikus hangulat\u00e1t. A sz\u00e1lloda k\u00f6r\u00fcl egy gondosan \u00e1polt, <strong>hihetetlen, 22 hekt\u00e1ros park<\/strong> ter\u00fcl el, amelyben szabadon s\u00e9t\u00e1lhatsz.<\/p>\n\n\n\n<p class=\"wp-block-paragraph\">M\u00e9g ha nem is a sz\u00e1llod\u00e1ban laksz, felt\u00e9tlen\u00fcl javaslom, hogy \u00fclj le a <strong>hatalmas kil\u00e1t\u00f3teraszukra<\/strong>. A <strong>k\u00e1v\u00e9 itt ugyan egy vagyonba ker\u00fcl<\/strong>, de a h\u00e1tt\u00e9rben l\u00e9v\u0151 v\u00edzes\u00e9sekkel \u00e9s azzal az arisztokratikus hangulattal \u00fagy fogod \u00e9rezni magad, mint egy Agatha Christie-reg\u00e9nyben, \u00e9s ezt egyszer\u0171en \u00e9rt\u00e9kelni kell. \u263a\ufe0f<\/p>\n\n\n\n<p class=\"wp-block-paragraph\">\ud83d\udca1 Tipp: T\u00f6bbet a <strong>sz\u00e1lloda t\u00f6rt\u00e9net\u00e9r\u0151l<\/strong> \u00e9s a <strong>felvon\u00f3 aktu\u00e1lis menetrendj\u00e9r\u0151l<\/strong> a <a href=\"https:\/\/www.giessbach.ch\" target=\"_blank\" rel=\"nofollow noopener\">Giessbach Grandhotel<\/a> gy\u00f6ny\u00f6r\u0171 weboldal\u00e1n olvashatsz.<\/p>\n\n\n\n<figure data-wp-context=\"{&quot;imageId&quot;:&quot;6a952e185dc7c&quot;}\" data-wp-interactive=\"core\/image\" data-wp-key=\"6a952e185dc7c\" class=\"wp-block-image size-full wp-lightbox-container\"><img decoding=\"async\" width=\"1800\" height=\"1350\" data-wp-class--hide=\"state.isContentHidden\" data-wp-class--show=\"state.isContentVisible\" data-wp-init=\"callbacks.setButtonStyles\" data-wp-on--click=\"actions.showLightbox\" data-wp-on--load=\"callbacks.setButtonStyles\" data-wp-on--pointerdown=\"actions.preloadImage\" data-wp-on--pointerenter=\"actions.preloadImageWithDelay\" data-wp-on--pointerleave=\"actions.cancelPreload\" data-wp-on-window--resize=\"callbacks.setButtonStyles\" src=\"https:\/\/loudavymkrokem.cz\/wp-content\/uploads\/2026\/08\/articles-bonigen-22.jpg\" alt=\"Iseltwald falu egy t\u00f3ba ny\u00fal\u00f3 f\u00e9lszigeten\" class=\"wp-image-404505\" title=\"\" srcset=\"https:\/\/loudavymkrokem.cz\/wp-content\/uploads\/2026\/08\/articles-bonigen-22.jpg 1800w, https:\/\/loudavymkrokem.cz\/wp-content\/uploads\/2026\/08\/articles-bonigen-22-300x225.jpg 300w, https:\/\/loudavymkrokem.cz\/wp-content\/uploads\/2026\/08\/articles-bonigen-22-700x525.jpg 700w, https:\/\/loudavymkrokem.cz\/wp-content\/uploads\/2026\/08\/articles-bonigen-22-768x576.jpg 768w, https:\/\/loudavymkrokem.cz\/wp-content\/uploads\/2026\/08\/articles-bonigen-22-1536x1152.jpg 1536w, https:\/\/loudavymkrokem.cz\/wp-content\/uploads\/2026\/08\/articles-bonigen-22-80x60.jpg 80w, https:\/\/loudavymkrokem.cz\/wp-content\/uploads\/2026\/08\/articles-bonigen-22-160x120.jpg 160w, https:\/\/loudavymkrokem.cz\/wp-content\/uploads\/2026\/08\/articles-bonigen-22-696x522.jpg 696w, https:\/\/loudavymkrokem.cz\/wp-content\/uploads\/2026\/08\/articles-bonigen-22-1392x1044.jpg 1392w\" sizes=\"(max-width: 1800px) 100vw, 1800px\" \/><button\n\t\t\tclass=\"lightbox-trigger\"\n\t\t\ttype=\"button\"\n\t\t\taria-haspopup=\"dialog\"\n\t\t\tdata-wp-bind--aria-label=\"state.thisImage.triggerButtonAriaLabel\"\n\t\t\tdata-wp-init=\"callbacks.initTriggerButton\"\n\t\t\tdata-wp-on--click=\"actions.showLightbox\"\n\t\t\tdata-wp-style--right=\"state.thisImage.buttonRight\"\n\t\t\tdata-wp-style--top=\"state.thisImage.buttonTop\"\n\t\t>\n\t\t\t<svg xmlns=\"http:\/\/www.w3.org\/2000\/svg\" width=\"12\" height=\"12\" fill=\"none\" viewBox=\"0 0 12 12\">\n\t\t\t\t<path fill=\"#fff\" d=\"M2 0a2 2 0 0 0-2 2v2h1.5V2a.5.5 0 0 1 .5-.5h2V0H2Zm2 10.5H2a.5.5 0 0 1-.5-.5V8H0v2a2 2 0 0 0 2 2h2v-1.5ZM8 12v-1.5h2a.5.5 0 0 0 .5-.5V8H12v2a2 2 0 0 1-2 2H8Zm2-12a2 2 0 0 1 2 2v2h-1.5V2a.5.5 0 0 0-.5-.5H8V0h2Z\" \/>\n\t\t\t<\/svg>\n\t\t<\/button><figcaption class=\"wp-element-caption\">Fot\u00f3: PKurmannCH \/ Wikimedia Commons, CC BY-SA 4.0<\/figcaption><\/figure>\n\n\n\n<h3 class=\"wp-block-heading\"><span class=\"ez-toc-section\" id=\"22_Iseltwald_es_a_sorozatbol_ismert_ikonikus_molo\"><\/span>22. Iseltwald \u00e9s a sorozatb\u00f3l ismert ikonikus m\u00f3l\u00f3<span class=\"ez-toc-section-end\"><\/span><\/h3>\n\n\n\n<p class=\"wp-block-paragraph\">A szomsz\u00e9dos Iseltwald falu egy fest\u0151i kis telep\u00fcl\u00e9s egy kicsi f\u00e9lszigeten, ahova B\u00f6nigenb\u0151l haj\u00f3 vagy a 103-as busz visz el. A helyi f\u00e1b\u00f3l k\u00e9sz\u00fclt m\u00f3l\u00f3 azonban nemr\u00e9g vir\u00e1lis szenz\u00e1ci\u00f3 lett, mert itt forgatt\u00e1k egy kulcsjelenetet a <strong>h\u00edres koreai Netflix-sorozathoz, a Crash Landing on You-hoz<\/strong>.<\/p>\n\n\n\n<p class=\"wp-block-paragraph\">Az\u00f3ta ide \u00f6z\u00f6nlenek az \u00e1zsiai turist\u00e1k t\u00f6megei, akik ugyanazon a helyen akarnak fot\u00f3t k\u00e9sz\u00edteni, mint a sorozat h\u0151sei. A k\u00f6zs\u00e9g okosan oldotta meg a helyzetet, \u00e9s a m\u00f3l\u00f3 el\u00e9 <strong>felszerelt egy bel\u00e9ptet\u0151kaput, amely 5 CHF \u201eszelfid\u00edjat&#8221; szed<\/strong>. A bev\u00e9tel a falu takar\u00edt\u00e1s\u00e1ra \u00e9s a turistat\u00f6megek ut\u00e1ni hullad\u00e9ksz\u00e1ll\u00edt\u00e1sra megy. Csak 2024-ben k\u00f6zel 50 ezer ember ment \u00e1t a kapun, \u00e9s a k\u00f6zs\u00e9g nagyj\u00e1b\u00f3l 245 ezer frankot szedett be rajta. Az egyfrankos nyilv\u00e1nos mosd\u00f3k pedig tov\u00e1bbi 58 ezret tettek hozz\u00e1.<\/p>\n\n\n\n<p class=\"wp-block-paragraph\">A m\u00f3l\u00f3n k\u00edv\u00fcl itt l\u00e1thatod a <strong>gy\u00f6ny\u00f6r\u0171 Seeburg kis kast\u00e9lyt is 1907-b\u0151l<\/strong>, amely a falu szimb\u00f3lumak\u00e9nt m\u0171k\u00f6dik (sajnos mag\u00e1ntulajdonban van, \u00e9s csak k\u00edv\u00fclr\u0151l n\u00e9zheted meg). A t\u00f3ban a partt\u00f3l nem messze fekszik a Schn\u00e4ggeninseli, a Brienzi-t\u00f3 egyetlen szigete, ahol a monda szerint szerzetesek csig\u00e1kat teny\u00e9sztettek.<\/p>\n\n\n\n<p class=\"wp-block-paragraph\">\ud83d\udca1 Tipp: Ha <strong>el akarod ker\u00fclni a bel\u00e9ptet\u0151kapun\u00e1l l\u00e9v\u0151 t\u00f6meget<\/strong>, \u00e9s nyugodtan meg akarod n\u00e9zni a falut, n\u00e9zd meg az inform\u00e1ci\u00f3kat a <a href=\"https:\/\/www.boenigen-iseltwald.ch\" target=\"_blank\" rel=\"nofollow noopener\">turisztikai weboldalon<\/a>, \u00e9s tervezd Iseltwald l\u00e1togat\u00e1s\u00e1t <strong>r\u00f6gt\u00f6n kora reggelre<\/strong>.<\/p>\n\n\n\n<figure data-wp-context=\"{&quot;imageId&quot;:&quot;6a952e185e442&quot;}\" data-wp-interactive=\"core\/image\" data-wp-key=\"6a952e185e442\" class=\"wp-block-image size-full wp-lightbox-container\"><img decoding=\"async\" width=\"1800\" height=\"1221\" data-wp-class--hide=\"state.isContentHidden\" data-wp-class--show=\"state.isContentVisible\" data-wp-init=\"callbacks.setButtonStyles\" data-wp-on--click=\"actions.showLightbox\" data-wp-on--load=\"callbacks.setButtonStyles\" data-wp-on--pointerdown=\"actions.preloadImage\" data-wp-on--pointerenter=\"actions.preloadImageWithDelay\" data-wp-on--pointerleave=\"actions.cancelPreload\" data-wp-on-window--resize=\"callbacks.setButtonStyles\" src=\"https:\/\/loudavymkrokem.cz\/wp-content\/uploads\/2026\/08\/articles-bonigen-23.jpg\" alt=\"Fogaskerek\u0171 a Schynige Platt\u00e9ra\" class=\"wp-image-404508\" title=\"\" srcset=\"https:\/\/loudavymkrokem.cz\/wp-content\/uploads\/2026\/08\/articles-bonigen-23.jpg 1800w, https:\/\/loudavymkrokem.cz\/wp-content\/uploads\/2026\/08\/articles-bonigen-23-300x204.jpg 300w, https:\/\/loudavymkrokem.cz\/wp-content\/uploads\/2026\/08\/articles-bonigen-23-700x475.jpg 700w, https:\/\/loudavymkrokem.cz\/wp-content\/uploads\/2026\/08\/articles-bonigen-23-768x521.jpg 768w, https:\/\/loudavymkrokem.cz\/wp-content\/uploads\/2026\/08\/articles-bonigen-23-1536x1042.jpg 1536w, https:\/\/loudavymkrokem.cz\/wp-content\/uploads\/2026\/08\/articles-bonigen-23-696x472.jpg 696w, https:\/\/loudavymkrokem.cz\/wp-content\/uploads\/2026\/08\/articles-bonigen-23-1392x944.jpg 1392w\" sizes=\"(max-width: 1800px) 100vw, 1800px\" \/><button\n\t\t\tclass=\"lightbox-trigger\"\n\t\t\ttype=\"button\"\n\t\t\taria-haspopup=\"dialog\"\n\t\t\tdata-wp-bind--aria-label=\"state.thisImage.triggerButtonAriaLabel\"\n\t\t\tdata-wp-init=\"callbacks.initTriggerButton\"\n\t\t\tdata-wp-on--click=\"actions.showLightbox\"\n\t\t\tdata-wp-style--right=\"state.thisImage.buttonRight\"\n\t\t\tdata-wp-style--top=\"state.thisImage.buttonTop\"\n\t\t>\n\t\t\t<svg xmlns=\"http:\/\/www.w3.org\/2000\/svg\" width=\"12\" height=\"12\" fill=\"none\" viewBox=\"0 0 12 12\">\n\t\t\t\t<path fill=\"#fff\" d=\"M2 0a2 2 0 0 0-2 2v2h1.5V2a.5.5 0 0 1 .5-.5h2V0H2Zm2 10.5H2a.5.5 0 0 1-.5-.5V8H0v2a2 2 0 0 0 2 2h2v-1.5ZM8 12v-1.5h2a.5.5 0 0 0 .5-.5V8H12v2a2 2 0 0 1-2 2H8Zm2-12a2 2 0 0 1 2 2v2h-1.5V2a.5.5 0 0 0-.5-.5H8V0h2Z\" \/>\n\t\t\t<\/svg>\n\t\t<\/button><figcaption class=\"wp-element-caption\">Fot\u00f3: JoachimKohler-HB \/ Wikimedia Commons, CC BY-SA 4.0<\/figcaption><\/figure>\n\n\n\n<h3 class=\"wp-block-heading\"><span class=\"ez-toc-section\" id=\"23_Schynige_Platte_fogaskereku_es_alpesi_kert\"><\/span>23. Schynige Platte: fogaskerek\u0171 \u00e9s alpesi kert<span class=\"ez-toc-section-end\"><\/span><\/h3>\n\n\n\n<p class=\"wp-block-paragraph\">Ehhez a kir\u00e1ndul\u00e1shoz el\u00e9g \u00e1tmenni a k\u00f6zeli Wilderswilbe, ahonnan indul a t\u00f6rt\u00e9nelmi fogaskerek\u0171 vas\u00fat a <strong>Schynige Platt\u00e9ra 1967 m\u00e9ter magasra<\/strong>. Az utaz\u00e1s a r\u00e9gi fakocsikban majdnem egy \u00f3r\u00e1t tart, \u00e9s tiszta romantika. Az oda-vissza jegy 2026-ban <strong>68 CHF egy feln\u0151ttnek<\/strong>, f\u00e9l\u00e1ras jeggyel vagy Swiss Travel Passszal 34 CHF, <strong>Bernese Oberland Passszal pedig ingyenes az \u00fat<\/strong>. A fogaskerek\u0171 j\u00fanius 13-t\u00f3l okt\u00f3ber 25-ig j\u00e1r.<\/p>\n\n\n\n<p class=\"wp-block-paragraph\">Fent egy l\u00e9legzetel\u00e1ll\u00edt\u00f3 <strong>botanikus alpesi kert<\/strong> fogad, ahol egy gondosan \u00e1polt k\u00f6r\u00faton nagyj\u00e1b\u00f3l <strong>800 fajta magashegyi n\u00f6v\u00e9ny<\/strong> n\u0151, k\u00f6zt\u00fck ritka havasi gyop\u00e1r is. Minden sz\u00e9pen felirat \u00e9s a term\u00e9szetes \u00e9l\u0151helyek szerint van rendszerezve.<\/p>\n\n\n\n<p class=\"wp-block-paragraph\">A legjobb \u00e9lm\u00e9ny azonban a k\u00f6rk\u00f6r\u00f6s <strong>Panoramaweg<\/strong>. Ez egy k\u00e9nyelmes, nagyj\u00e1b\u00f3l 2,5 \u00f3r\u00e1s t\u00fara, amely elvisz k\u00e9t fantasztikus kil\u00e1t\u00f3hoz a Daube \u00e9s az Oberberghorn szikl\u00e1in. Ez egy az eg\u00e9sz csal\u00e1dnak alkalmas \u00fatvonal, amely nem ig\u00e9nyel semmif\u00e9le hegym\u00e1sz\u00f3tud\u00e1st, de profiknak val\u00f3 kil\u00e1t\u00e1sokat k\u00edn\u00e1l.<\/p>\n\n\n\n<p class=\"wp-block-paragraph\">\ud83d\udca1 Tipp: 2026-ban bizonyos id\u0151pontokban (\u00e1ltal\u00e1ban j\u00fanius k\u00f6zep\u00e9t\u0151l okt\u00f3berig) <strong>k\u00fcl\u00f6nf\u00e9le speci\u00e1lis kedvezm\u00e9nyek<\/strong> vannak \u00e9rv\u00e9nyben, \u00edgy a p\u00e9nzt\u00e1rn\u00e1l v\u00e1s\u00e1rl\u00e1skor ne felejtsd el ellen\u0151rizni, hogy nincs-e <strong>jogod olcs\u00f3bb jegyre<\/strong>.<\/p>\n\n\n\n<figure data-wp-context=\"{&quot;imageId&quot;:&quot;6a952e185eb75&quot;}\" data-wp-interactive=\"core\/image\" data-wp-key=\"6a952e185eb75\" class=\"wp-block-image size-full wp-lightbox-container\"><img decoding=\"async\" width=\"1800\" height=\"1350\" data-wp-class--hide=\"state.isContentHidden\" data-wp-class--show=\"state.isContentVisible\" data-wp-init=\"callbacks.setButtonStyles\" data-wp-on--click=\"actions.showLightbox\" data-wp-on--load=\"callbacks.setButtonStyles\" data-wp-on--pointerdown=\"actions.preloadImage\" data-wp-on--pointerenter=\"actions.preloadImageWithDelay\" data-wp-on--pointerleave=\"actions.cancelPreload\" data-wp-on-window--resize=\"callbacks.setButtonStyles\" src=\"https:\/\/loudavymkrokem.cz\/wp-content\/uploads\/2026\/08\/articles-bonigen-24.jpg\" alt=\"Interlaken kil\u00e1t\u00e1ssal a Jungfraura\" class=\"wp-image-404509\" title=\"\" srcset=\"https:\/\/loudavymkrokem.cz\/wp-content\/uploads\/2026\/08\/articles-bonigen-24.jpg 1800w, https:\/\/loudavymkrokem.cz\/wp-content\/uploads\/2026\/08\/articles-bonigen-24-300x225.jpg 300w, https:\/\/loudavymkrokem.cz\/wp-content\/uploads\/2026\/08\/articles-bonigen-24-700x525.jpg 700w, https:\/\/loudavymkrokem.cz\/wp-content\/uploads\/2026\/08\/articles-bonigen-24-768x576.jpg 768w, https:\/\/loudavymkrokem.cz\/wp-content\/uploads\/2026\/08\/articles-bonigen-24-1536x1152.jpg 1536w, https:\/\/loudavymkrokem.cz\/wp-content\/uploads\/2026\/08\/articles-bonigen-24-80x60.jpg 80w, https:\/\/loudavymkrokem.cz\/wp-content\/uploads\/2026\/08\/articles-bonigen-24-160x120.jpg 160w, https:\/\/loudavymkrokem.cz\/wp-content\/uploads\/2026\/08\/articles-bonigen-24-696x522.jpg 696w, https:\/\/loudavymkrokem.cz\/wp-content\/uploads\/2026\/08\/articles-bonigen-24-1392x1044.jpg 1392w\" sizes=\"(max-width: 1800px) 100vw, 1800px\" \/><button\n\t\t\tclass=\"lightbox-trigger\"\n\t\t\ttype=\"button\"\n\t\t\taria-haspopup=\"dialog\"\n\t\t\tdata-wp-bind--aria-label=\"state.thisImage.triggerButtonAriaLabel\"\n\t\t\tdata-wp-init=\"callbacks.initTriggerButton\"\n\t\t\tdata-wp-on--click=\"actions.showLightbox\"\n\t\t\tdata-wp-style--right=\"state.thisImage.buttonRight\"\n\t\t\tdata-wp-style--top=\"state.thisImage.buttonTop\"\n\t\t>\n\t\t\t<svg xmlns=\"http:\/\/www.w3.org\/2000\/svg\" width=\"12\" height=\"12\" fill=\"none\" viewBox=\"0 0 12 12\">\n\t\t\t\t<path fill=\"#fff\" d=\"M2 0a2 2 0 0 0-2 2v2h1.5V2a.5.5 0 0 1 .5-.5h2V0H2Zm2 10.5H2a.5.5 0 0 1-.5-.5V8H0v2a2 2 0 0 0 2 2h2v-1.5ZM8 12v-1.5h2a.5.5 0 0 0 .5-.5V8H12v2a2 2 0 0 1-2 2H8Zm2-12a2 2 0 0 1 2 2v2h-1.5V2a.5.5 0 0 0-.5-.5H8V0h2Z\" \/>\n\t\t\t<\/svg>\n\t\t<\/button><figcaption class=\"wp-element-caption\">Fot\u00f3: Paebi \/ Wikimedia Commons, CC BY-SA 4.0<\/figcaption><\/figure>\n\n\n\n<h3 class=\"wp-block-heading\"><span class=\"ez-toc-section\" id=\"24_Interlaken_a_szomszedos_turistabazis\"><\/span>24. Interlaken: a szomsz\u00e9dos turistab\u00e1zis<span class=\"ez-toc-section-end\"><\/span><\/h3>\n\n\n\n<p class=\"wp-block-paragraph\">Amikor meguntad B\u00f6nigen nyugalm\u00e1t, el\u00e9g felsz\u00e1llni a 103-as buszra, \u00e9s nem eg\u00e9szen 10 perc alatt Interlaken k\u00f6zpontj\u00e1ban vagy. Ez a v\u00e1ros a sz\u00f6ges ellent\u00e9t. <strong>Ny\u00fczsg\u0151, tele szuven\u00edrboltokkal, luxus \u00f3ra\u00fczletekkel<\/strong>, \u00e9s a fej felett folyamatosan t\u00edz sikl\u00f3erny\u0151s kering, akik a nagy, f\u00fcves H\u00f6hematte r\u00e9ten sz\u00e1llnak le, egyenesen a k\u00f6zpontban.<\/p>\n\n\n\n<p class=\"wp-block-paragraph\">Itt tal\u00e1lod a legjobb szupermarketeket a k\u00e9szletek beszerz\u00e9s\u00e9hez, rengeteg \u00e9ttermet az eg\u00e9sz vil\u00e1gr\u00f3l, \u00e9s egy hatalmas kaszin\u00f3t. Interlaken r\u00e1ad\u00e1sul <strong>a r\u00e9gi\u00f3 legnagyobb kir\u00e1ndul\u00e1sainak f\u0151 k\u00f6zleked\u00e9si csom\u00f3pontjak\u00e9nt<\/strong> m\u0171k\u00f6dik, bele\u00e9rtve a <strong>rendk\u00edv\u00fcl dr\u00e1ga fogaskerek\u0171t a Jungfraujochra<\/strong> (Top of Europe).<\/p>\n\n\n\n<p class=\"wp-block-paragraph\">J\u00f3 bej\u00e1rni a v\u00e1rost, csokol\u00e1d\u00e9t v\u00e1s\u00e1rolni \u00e9s magadba sz\u00edvni a nemzetk\u00f6zi hangulatot, de megl\u00e1tod, hogy este \u00f3ri\u00e1si \u00f6r\u00f6mmel fogsz visszat\u00e9rni <strong>a t\u00f3 melletti csendes faluba<\/strong>. Interlaken remek szolga, de lakhelynek az \u00e9n \u00edzl\u00e9semre <strong>t\u00fal kaotikus<\/strong>.<\/p>\n\n\n\n<p class=\"wp-block-paragraph\">\ud83d\udca1 Tipp: Minden <strong>inform\u00e1ci\u00f3t az aktu\u00e1lis rendezv\u00e9nyekr\u0151l<\/strong>, fesztiv\u00e1lokr\u00f3l \u00e9s a t\u00e1gabb k\u00f6rny\u00e9k felvon\u00f3ir\u00f3l legjobban feldolgozva az <a href=\"https:\/\/www.interlaken.swiss\" target=\"_blank\" rel=\"nofollow noopener\">Interlaken<\/a> port\u00e1lj\u00e1n tal\u00e1lod meg, amit <strong>ments el a k\u00f6nyvjelz\u0151k k\u00f6z\u00e9<\/strong>.<\/p>\n\n\n\n<figure data-wp-context=\"{&quot;imageId&quot;:&quot;6a952e185f259&quot;}\" data-wp-interactive=\"core\/image\" data-wp-key=\"6a952e185f259\" class=\"wp-block-image size-full wp-lightbox-container\"><img decoding=\"async\" width=\"1800\" height=\"1200\" data-wp-class--hide=\"state.isContentHidden\" data-wp-class--show=\"state.isContentVisible\" data-wp-init=\"callbacks.setButtonStyles\" data-wp-on--click=\"actions.showLightbox\" data-wp-on--load=\"callbacks.setButtonStyles\" data-wp-on--pointerdown=\"actions.preloadImage\" data-wp-on--pointerenter=\"actions.preloadImageWithDelay\" data-wp-on--pointerleave=\"actions.cancelPreload\" data-wp-on-window--resize=\"callbacks.setButtonStyles\" src=\"https:\/\/loudavymkrokem.cz\/wp-content\/uploads\/2026\/08\/articles-bonigen-25.jpg\" alt=\"Csal\u00e1di kir\u00e1ndul\u00e1s a Brienzi-t\u00f3hoz\" class=\"wp-image-404513\" title=\"\" srcset=\"https:\/\/loudavymkrokem.cz\/wp-content\/uploads\/2026\/08\/articles-bonigen-25.jpg 1800w, https:\/\/loudavymkrokem.cz\/wp-content\/uploads\/2026\/08\/articles-bonigen-25-300x200.jpg 300w, https:\/\/loudavymkrokem.cz\/wp-content\/uploads\/2026\/08\/articles-bonigen-25-700x467.jpg 700w, https:\/\/loudavymkrokem.cz\/wp-content\/uploads\/2026\/08\/articles-bonigen-25-768x512.jpg 768w, https:\/\/loudavymkrokem.cz\/wp-content\/uploads\/2026\/08\/articles-bonigen-25-1536x1024.jpg 1536w, https:\/\/loudavymkrokem.cz\/wp-content\/uploads\/2026\/08\/articles-bonigen-25-696x464.jpg 696w, https:\/\/loudavymkrokem.cz\/wp-content\/uploads\/2026\/08\/articles-bonigen-25-1392x928.jpg 1392w\" sizes=\"(max-width: 1800px) 100vw, 1800px\" \/><button\n\t\t\tclass=\"lightbox-trigger\"\n\t\t\ttype=\"button\"\n\t\t\taria-haspopup=\"dialog\"\n\t\t\tdata-wp-bind--aria-label=\"state.thisImage.triggerButtonAriaLabel\"\n\t\t\tdata-wp-init=\"callbacks.initTriggerButton\"\n\t\t\tdata-wp-on--click=\"actions.showLightbox\"\n\t\t\tdata-wp-style--right=\"state.thisImage.buttonRight\"\n\t\t\tdata-wp-style--top=\"state.thisImage.buttonTop\"\n\t\t>\n\t\t\t<svg xmlns=\"http:\/\/www.w3.org\/2000\/svg\" width=\"12\" height=\"12\" fill=\"none\" viewBox=\"0 0 12 12\">\n\t\t\t\t<path fill=\"#fff\" d=\"M2 0a2 2 0 0 0-2 2v2h1.5V2a.5.5 0 0 1 .5-.5h2V0H2Zm2 10.5H2a.5.5 0 0 1-.5-.5V8H0v2a2 2 0 0 0 2 2h2v-1.5ZM8 12v-1.5h2a.5.5 0 0 0 .5-.5V8H12v2a2 2 0 0 1-2 2H8Zm2-12a2 2 0 0 1 2 2v2h-1.5V2a.5.5 0 0 0-.5-.5H8V0h2Z\" \/>\n\t\t\t<\/svg>\n\t\t<\/button><figcaption class=\"wp-element-caption\">Fot\u00f3: Nicojonesgodel \/ Wikimedia Commons, CC BY-SA 4.0<\/figcaption><\/figure>\n\n\n\n<h2 class=\"wp-block-heading\"><span class=\"ez-toc-section\" id=\"Bonigen_gyerekekkel_mit_csinalj_a_csaladdal\"><\/span>B\u00f6nigen gyerekekkel: mit csin\u00e1lj a csal\u00e1ddal<span class=\"ez-toc-section-end\"><\/span><\/h2>\n\n\n\n<p class=\"wp-block-paragraph\">A Berni Oberland a csal\u00e1di p\u00e9nzt\u00e1rc\u00e1val el\u00e9g k\u00f6ny\u00f6rtelen tud lenni, de B\u00f6nigen ebben a tekintetben meglep\u0151en bar\u00e1ts\u00e1gos, \u00e9s \u00f3ri\u00e1si el\u0151nye van. Rengeteg program v\u00e9gezhet\u0151 egyenesen a v\u00edz k\u00f6r\u00fcl <strong>a dr\u00e1ga felvon\u00f3k fizet\u00e9se n\u00e9lk\u00fcl<\/strong>, a terep pedig itt el\u00e9gg\u00e9 s\u00edk ahhoz, hogy <strong>a kisebb gyerekek is teljes\u00edts\u00e9k<\/strong> felesleges nyafog\u00e1s n\u00e9lk\u00fcl.<\/p>\n\n\n\n<p class=\"wp-block-paragraph\">A helyi turisztikai iroda r\u00e1ad\u00e1sul nagyon j\u00f3l tudja, hogy a csal\u00e1dok a l\u00e1togat\u00f3k jelent\u0151s r\u00e9sz\u00e9t teszik ki, \u00edgy itt <strong>rengeteg okos attrakci\u00f3t<\/strong> tal\u00e1lsz, amelyek mozg\u00e1sban tartj\u00e1k a gyerekeket, \u00e9s k\u00f6zben nem lesznek bel\u0151le unottak. \u00cdme <strong>\u00f6t bev\u00e1lt tipp<\/strong>, mit csin\u00e1lj a gyerekekkel:<\/p>\n\n\n\n<figure data-wp-context=\"{&quot;imageId&quot;:&quot;6a952e185f894&quot;}\" data-wp-interactive=\"core\/image\" data-wp-key=\"6a952e185f894\" class=\"wp-block-image size-full wp-lightbox-container\"><img decoding=\"async\" width=\"1800\" height=\"1321\" data-wp-class--hide=\"state.isContentHidden\" data-wp-class--show=\"state.isContentVisible\" data-wp-init=\"callbacks.setButtonStyles\" data-wp-on--click=\"actions.showLightbox\" data-wp-on--load=\"callbacks.setButtonStyles\" data-wp-on--pointerdown=\"actions.preloadImage\" data-wp-on--pointerenter=\"actions.preloadImageWithDelay\" data-wp-on--pointerleave=\"actions.cancelPreload\" data-wp-on-window--resize=\"callbacks.setButtonStyles\" src=\"https:\/\/loudavymkrokem.cz\/wp-content\/uploads\/2026\/08\/articles-bonigen-26.jpg\" alt=\"Strand a t\u00f3n\u00e1l gyerekbar\u00e1t h\u00e1tt\u00e9rrel\" class=\"wp-image-404514\" title=\"\" srcset=\"https:\/\/loudavymkrokem.cz\/wp-content\/uploads\/2026\/08\/articles-bonigen-26.jpg 1800w, https:\/\/loudavymkrokem.cz\/wp-content\/uploads\/2026\/08\/articles-bonigen-26-300x220.jpg 300w, https:\/\/loudavymkrokem.cz\/wp-content\/uploads\/2026\/08\/articles-bonigen-26-700x514.jpg 700w, https:\/\/loudavymkrokem.cz\/wp-content\/uploads\/2026\/08\/articles-bonigen-26-768x564.jpg 768w, https:\/\/loudavymkrokem.cz\/wp-content\/uploads\/2026\/08\/articles-bonigen-26-1536x1127.jpg 1536w, https:\/\/loudavymkrokem.cz\/wp-content\/uploads\/2026\/08\/articles-bonigen-26-80x60.jpg 80w, https:\/\/loudavymkrokem.cz\/wp-content\/uploads\/2026\/08\/articles-bonigen-26-696x511.jpg 696w, https:\/\/loudavymkrokem.cz\/wp-content\/uploads\/2026\/08\/articles-bonigen-26-1392x1022.jpg 1392w\" sizes=\"(max-width: 1800px) 100vw, 1800px\" \/><button\n\t\t\tclass=\"lightbox-trigger\"\n\t\t\ttype=\"button\"\n\t\t\taria-haspopup=\"dialog\"\n\t\t\tdata-wp-bind--aria-label=\"state.thisImage.triggerButtonAriaLabel\"\n\t\t\tdata-wp-init=\"callbacks.initTriggerButton\"\n\t\t\tdata-wp-on--click=\"actions.showLightbox\"\n\t\t\tdata-wp-style--right=\"state.thisImage.buttonRight\"\n\t\t\tdata-wp-style--top=\"state.thisImage.buttonTop\"\n\t\t>\n\t\t\t<svg xmlns=\"http:\/\/www.w3.org\/2000\/svg\" width=\"12\" height=\"12\" fill=\"none\" viewBox=\"0 0 12 12\">\n\t\t\t\t<path fill=\"#fff\" d=\"M2 0a2 2 0 0 0-2 2v2h1.5V2a.5.5 0 0 1 .5-.5h2V0H2Zm2 10.5H2a.5.5 0 0 1-.5-.5V8H0v2a2 2 0 0 0 2 2h2v-1.5ZM8 12v-1.5h2a.5.5 0 0 0 .5-.5V8H12v2a2 2 0 0 1-2 2H8Zm2-12a2 2 0 0 1 2 2v2h-1.5V2a.5.5 0 0 0-.5-.5H8V0h2Z\" \/>\n\t\t\t<\/svg>\n\t\t<\/button><figcaption class=\"wp-element-caption\">Fot\u00f3: Patrick Nouhailler \/ Wikimedia Commons, CC BY-SA 3.0<\/figcaption><\/figure>\n\n\n\n<h3 class=\"wp-block-heading\"><span class=\"ez-toc-section\" id=\"A_The_Beach_strand_es_a_nagyvonalu_jatszoter\"><\/span>A The Beach strand \u00e9s a nagyvonal\u00fa j\u00e1tsz\u00f3t\u00e9r<span class=\"ez-toc-section-end\"><\/span><\/h3>\n\n\n\n<p class=\"wp-block-paragraph\">Amikor kint meleg van, ez abszol\u00fat biztos befut\u00f3. A <strong>4 CHF-es bel\u00e9p\u0151 gyerekenk\u00e9nt<\/strong> (15 \u00e9ves korig) sv\u00e1jci viszonylatban nevets\u00e9ges \u00f6sszeg. A gyerekek kitombolhatj\u00e1k magukat a <strong>f\u0171t\u00f6tt, ide\u00e1lis m\u00e9lys\u00e9g\u0171 medenc\u00e9ben<\/strong>, vagy a biztons\u00e1gos gyerekpancsol\u00f3ban.<\/p>\n\n\n\n<p class=\"wp-block-paragraph\">A ter\u00fclet r\u00e9sze egy <strong>nagy j\u00e1tsz\u00f3t\u00e9r vizes attrakci\u00f3kkal<\/strong>, ahol a csemet\u00e9k gond n\u00e9lk\u00fcl fr\u00f6csk\u00f6lhetik egym\u00e1st v\u00edzzel \u00e9s \u00e9p\u00edthetnek homokv\u00e1rakat. Az eg\u00e9sz t\u00e9r r\u00e1ad\u00e1sul <strong>gond n\u00e9lk\u00fcl j\u00e1rhat\u00f3 babakocsival<\/strong>, \u00edgy k\u00f6nnyen idejutsz a legkisebb kir\u00e1ndul\u00f3kkal is.<\/p>\n\n\n\n<figure data-wp-context=\"{&quot;imageId&quot;:&quot;6a952e1860097&quot;}\" data-wp-interactive=\"core\/image\" data-wp-key=\"6a952e1860097\" class=\"wp-block-image size-full wp-lightbox-container\"><img decoding=\"async\" width=\"1800\" height=\"1199\" data-wp-class--hide=\"state.isContentHidden\" data-wp-class--show=\"state.isContentVisible\" data-wp-init=\"callbacks.setButtonStyles\" data-wp-on--click=\"actions.showLightbox\" data-wp-on--load=\"callbacks.setButtonStyles\" data-wp-on--pointerdown=\"actions.preloadImage\" data-wp-on--pointerenter=\"actions.preloadImageWithDelay\" data-wp-on--pointerleave=\"actions.cancelPreload\" data-wp-on-window--resize=\"callbacks.setButtonStyles\" src=\"https:\/\/loudavymkrokem.cz\/wp-content\/uploads\/2026\/08\/articles-bonigen-27.jpg\" alt=\"Iseltwald falu utc\u00e1csk\u00e1i\" class=\"wp-image-404516\" title=\"\" srcset=\"https:\/\/loudavymkrokem.cz\/wp-content\/uploads\/2026\/08\/articles-bonigen-27.jpg 1800w, https:\/\/loudavymkrokem.cz\/wp-content\/uploads\/2026\/08\/articles-bonigen-27-300x200.jpg 300w, https:\/\/loudavymkrokem.cz\/wp-content\/uploads\/2026\/08\/articles-bonigen-27-700x466.jpg 700w, https:\/\/loudavymkrokem.cz\/wp-content\/uploads\/2026\/08\/articles-bonigen-27-768x512.jpg 768w, https:\/\/loudavymkrokem.cz\/wp-content\/uploads\/2026\/08\/articles-bonigen-27-1536x1023.jpg 1536w, https:\/\/loudavymkrokem.cz\/wp-content\/uploads\/2026\/08\/articles-bonigen-27-696x464.jpg 696w, https:\/\/loudavymkrokem.cz\/wp-content\/uploads\/2026\/08\/articles-bonigen-27-1392x927.jpg 1392w\" sizes=\"(max-width: 1800px) 100vw, 1800px\" \/><button\n\t\t\tclass=\"lightbox-trigger\"\n\t\t\ttype=\"button\"\n\t\t\taria-haspopup=\"dialog\"\n\t\t\tdata-wp-bind--aria-label=\"state.thisImage.triggerButtonAriaLabel\"\n\t\t\tdata-wp-init=\"callbacks.initTriggerButton\"\n\t\t\tdata-wp-on--click=\"actions.showLightbox\"\n\t\t\tdata-wp-style--right=\"state.thisImage.buttonRight\"\n\t\t\tdata-wp-style--top=\"state.thisImage.buttonTop\"\n\t\t>\n\t\t\t<svg xmlns=\"http:\/\/www.w3.org\/2000\/svg\" width=\"12\" height=\"12\" fill=\"none\" viewBox=\"0 0 12 12\">\n\t\t\t\t<path fill=\"#fff\" d=\"M2 0a2 2 0 0 0-2 2v2h1.5V2a.5.5 0 0 1 .5-.5h2V0H2Zm2 10.5H2a.5.5 0 0 1-.5-.5V8H0v2a2 2 0 0 0 2 2h2v-1.5ZM8 12v-1.5h2a.5.5 0 0 0 .5-.5V8H12v2a2 2 0 0 1-2 2H8Zm2-12a2 2 0 0 1 2 2v2h-1.5V2a.5.5 0 0 0-.5-.5H8V0h2Z\" \/>\n\t\t\t<\/svg>\n\t\t<\/button><figcaption class=\"wp-element-caption\">Fot\u00f3: Jean-Paul Wettstein \/ Pexels<\/figcaption><\/figure>\n\n\n\n<h3 class=\"wp-block-heading\"><span class=\"ez-toc-section\" id=\"Kincskereses_es_nyomozos_jatek_Iseltwaldban\"><\/span>Kincskeres\u00e9s \u00e9s nyomoz\u00f3s j\u00e1t\u00e9k Iseltwaldban<span class=\"ez-toc-section-end\"><\/span><\/h3>\n\n\n\n<p class=\"wp-block-paragraph\">Hogyan lehet nyafog\u00e1s n\u00e9lk\u00fcl gyalogl\u00e1sra b\u00edrni a gyerekeket? J\u00e1t\u00e9kkal! Egyenesen B\u00f6nigenben elindulhatsz a gyerekekkel a <strong>Schatzsuche B\u00f6nigenre (kincskeres\u00e9s csal\u00e1doknak)<\/strong>, ami a falusi s\u00e9ta j\u00e1t\u00e9kos form\u00e1ja feladatok teljes\u00edt\u00e9s\u00e9vel. A meg\u00e1ll\u00f3k okosan \u00fagy vannak kital\u00e1lva, hogy minden gener\u00e1ci\u00f3t sz\u00f3rakoztassanak.<\/p>\n\n\n\n<p class=\"wp-block-paragraph\">A szomsz\u00e9dos Iseltwaldban pedig a <strong>KrimiSpass Iseltwald<\/strong> m\u0171k\u00f6dik, ami egy digit\u00e1lis nyomoz\u00f3s j\u00e1t\u00e9k okostelefonokra, ahol a gyerekek a k\u00f6rny\u00e9ki s\u00e9ta k\u00f6zben rejt\u00e9lyes \u00fcgyet oldanak meg. \u00c9pp csak annyi ideig tart, hogy lek\u00f6sse a figyelm\u00fcket, \u00e9s senkinek se f\u00e1jjon a l\u00e1ba.<\/p>\n\n\n\n<figure data-wp-context=\"{&quot;imageId&quot;:&quot;6a952e1860744&quot;}\" data-wp-interactive=\"core\/image\" data-wp-key=\"6a952e1860744\" class=\"wp-block-image size-full wp-lightbox-container\"><img decoding=\"async\" width=\"1800\" height=\"1073\" data-wp-class--hide=\"state.isContentHidden\" data-wp-class--show=\"state.isContentVisible\" data-wp-init=\"callbacks.setButtonStyles\" data-wp-on--click=\"actions.showLightbox\" data-wp-on--load=\"callbacks.setButtonStyles\" data-wp-on--pointerdown=\"actions.preloadImage\" data-wp-on--pointerenter=\"actions.preloadImageWithDelay\" data-wp-on--pointerleave=\"actions.cancelPreload\" data-wp-on-window--resize=\"callbacks.setButtonStyles\" src=\"https:\/\/loudavymkrokem.cz\/wp-content\/uploads\/2026\/08\/articles-bonigen-28.jpg\" alt=\"Kemping egy t\u00f3n\u00e1l a hegyekben\" class=\"wp-image-404519\" title=\"\" srcset=\"https:\/\/loudavymkrokem.cz\/wp-content\/uploads\/2026\/08\/articles-bonigen-28.jpg 1800w, https:\/\/loudavymkrokem.cz\/wp-content\/uploads\/2026\/08\/articles-bonigen-28-300x179.jpg 300w, https:\/\/loudavymkrokem.cz\/wp-content\/uploads\/2026\/08\/articles-bonigen-28-700x417.jpg 700w, https:\/\/loudavymkrokem.cz\/wp-content\/uploads\/2026\/08\/articles-bonigen-28-768x458.jpg 768w, https:\/\/loudavymkrokem.cz\/wp-content\/uploads\/2026\/08\/articles-bonigen-28-1536x916.jpg 1536w, https:\/\/loudavymkrokem.cz\/wp-content\/uploads\/2026\/08\/articles-bonigen-28-696x415.jpg 696w, https:\/\/loudavymkrokem.cz\/wp-content\/uploads\/2026\/08\/articles-bonigen-28-1392x830.jpg 1392w\" sizes=\"(max-width: 1800px) 100vw, 1800px\" \/><button\n\t\t\tclass=\"lightbox-trigger\"\n\t\t\ttype=\"button\"\n\t\t\taria-haspopup=\"dialog\"\n\t\t\tdata-wp-bind--aria-label=\"state.thisImage.triggerButtonAriaLabel\"\n\t\t\tdata-wp-init=\"callbacks.initTriggerButton\"\n\t\t\tdata-wp-on--click=\"actions.showLightbox\"\n\t\t\tdata-wp-style--right=\"state.thisImage.buttonRight\"\n\t\t\tdata-wp-style--top=\"state.thisImage.buttonTop\"\n\t\t>\n\t\t\t<svg xmlns=\"http:\/\/www.w3.org\/2000\/svg\" width=\"12\" height=\"12\" fill=\"none\" viewBox=\"0 0 12 12\">\n\t\t\t\t<path fill=\"#fff\" d=\"M2 0a2 2 0 0 0-2 2v2h1.5V2a.5.5 0 0 1 .5-.5h2V0H2Zm2 10.5H2a.5.5 0 0 1-.5-.5V8H0v2a2 2 0 0 0 2 2h2v-1.5ZM8 12v-1.5h2a.5.5 0 0 0 .5-.5V8H12v2a2 2 0 0 1-2 2H8Zm2-12a2 2 0 0 1 2 2v2h-1.5V2a.5.5 0 0 0-.5-.5H8V0h2Z\" \/>\n\t\t\t<\/svg>\n\t\t<\/button><figcaption class=\"wp-element-caption\">Fot\u00f3: Syed Qaarif Andrabi \/ Pexels<\/figcaption><\/figure>\n\n\n\n<h3 class=\"wp-block-heading\"><span class=\"ez-toc-section\" id=\"A_TCS_kemping_remek_fekves_de_nagy_fenntartassal\"><\/span>A TCS kemping: remek fekv\u00e9s, de nagy fenntart\u00e1ssal<span class=\"ez-toc-section-end\"><\/span><\/h3>\n\n\n\n<p class=\"wp-block-paragraph\">A <strong>TCS Camping B\u00f6nigen Brienzersee<\/strong> a Campingstrasse 14 alatt egyenesen a t\u00f3n\u00e1l fekszik, k\u00e9tsz\u00e1z m\u00e9terre a strandt\u00f3l. A fekv\u00e9s t\u00e9nyleg remek, \u00e9s ezt senki sem veheti el t\u0151le. A szezon <strong>\u00e1prilis 2-t\u00f3l okt\u00f3ber 18-ig<\/strong> tart, ny\u00e1ron pedig nagyj\u00e1b\u00f3l 72\u201380 eur\u00f3t fizetsz \u00e9jszak\u00e1nk\u00e9nt.<\/p>\n\n\n\n<p class=\"wp-block-paragraph\">R\u00f6gt\u00f6n az elej\u00e9n azonban helyre kell tennem valamit, amit sok magyar \u00e9s k\u00fclf\u00f6ldi weboldal \u00e1tm\u00e1sol: <strong>a kempingben nincs cs\u00faszd\u00e1s medence, sem lovagl\u00e1s<\/strong>. Csak gyerekpancsol\u00f3, j\u00e1tsz\u00f3t\u00e9r \u00e9s egy kifut\u00f3 nyulakkal \u00e9s ty\u00fakokkal van. A f\u0171t\u00f6tt medence \u00e9s a cs\u00faszd\u00e1k a <strong>szomsz\u00e9dos The Beach strandon vannak, ahova a kemping vend\u00e9gei ingyen j\u00e1rhatnak<\/strong> \u2014 csakhogy az csak m\u00e1jus k\u00f6zep\u00e9t\u0151l szeptember k\u00f6zep\u00e9ig van nyitva, teh\u00e1t a kemping szezonj\u00e1nak egy r\u00e9sze alatt z\u00e1rva van.<\/p>\n\n\n\n<p class=\"wp-block-paragraph\">\u00c9s most j\u00f6n a kellemetlen r\u00e9sz. Itt voltunk a <strong>k\u00e9t\u00e9ves fiunkkal, aki \u00e9ppen bilizni tanult<\/strong>, \u00e9s r\u00f6gt\u00f6n az els\u0151 napon baleset t\u00f6rt\u00e9nt vele. Levett\u00fck r\u00f3la a vizes nadr\u00e1got, \u00e9s le\u00fcltett\u00fck a f\u0171re, h\u00e1tha be kell fejeznie, amit elkezdett. Egy pillanaton bel\u00fcl ott \u00e1llt n\u00e1lunk a kemping egyik alkalmazottja, aki \u201edisgusting&#8221;-nak min\u0151s\u00edtette a dolgot azzal, hogy a f\u0171re nem szabad pisilni, ha van mosd\u00f3.<\/p>\n\n\n\n<p class=\"wp-block-paragraph\">\u00d6t perc m\u00falva j\u00f6tt egy m\u00e1sik alkalmazott azzal, hogy a menedzser jelentette, \u00e9s \u00fajra elmagyar\u00e1zta, hogy <strong>minden gyerek tud v\u00e9c\u00e9t haszn\u00e1lni<\/strong>, \u00e9s hogy ilyesmi itt m\u00e9g sosem t\u00f6rt\u00e9nt. Egy k\u00e9t\u00e9ves, bilizni tanul\u00f3 gyereknek azonban egyszer\u0171en szoktak balesetei lenni, mi meg ott voltunk, \u00e9s r\u00f6gt\u00f6n int\u00e9zkedt\u00fcnk. Nem a szab\u00e1lyokra val\u00f3 eml\u00e9keztet\u00e9s zavart, hanem az az <strong>ellens\u00e9ges \u00e9s megal\u00e1z\u00f3 hangnem<\/strong>.<\/p>\n\n\n\n<p class=\"wp-block-paragraph\">A tart\u00f3zkod\u00e1s h\u00e1tral\u00e9v\u0151 r\u00e9sz\u00e9ben nemk\u00edv\u00e1natosnak \u00e9rezt\u00fck ott magunkat. A szem\u00e9lyzetnek egyest adn\u00e9k \u00f6tb\u0151l, a fekv\u00e9snek \u00f6t\u00f6st \u00f6tb\u0151l. \u00c9s nem vagyunk ezzel egyed\u00fcl: a TripAdvisoron a kemping csak 3,9-et tart az 5-b\u0151l, a kiszolg\u00e1l\u00e1sra kapott pontsz\u00e1m pedig az eg\u00e9sz \u00e9rt\u00e9kel\u00e9s legalacsonyabbja. 2026 \u00e1prilis\u00e1ban egy m\u00e1sik csal\u00e1d r\u00f6gt\u00f6n \u201eFamilien nicht willkommen&#8221; c\u00edmmel \u00edrt v\u00e9lem\u00e9nyt, miut\u00e1n a szem\u00e9lyzet ar\u00e1nytalanul reag\u00e1lt az egy- \u00e9s n\u00e9gy\u00e9ves gyerek\u00fck morzs\u00e1ira.<\/p>\n\n\n\n<p class=\"wp-block-paragraph\">\ud83d\udca1 Tipp: Ha B\u00f6nigenben akarsz kempingezni, \u00e9s van veled kisbaba, sz\u00e1molj azzal, hogyan mennek itt a dolgok \u2014 <strong>a legkisebb gyerekes csal\u00e1doknak saj\u00e1t tapasztalatunk ut\u00e1n nem aj\u00e1nlom ezt a kempinget<\/strong>. Ink\u00e1bb fontold meg a konyh\u00e1s apartmant, ami Sv\u00e1jcban \u00fagyis jobban kij\u00f6n, mint az \u00e9ttermi kaja. Aki m\u00e9gis megy, k\u00e9rje a <strong>22-es helyet<\/strong> \u2014 ez az egyetlen, ahol a s\u00f6v\u00e9ny szabadon hagyja a t\u00f3ra val\u00f3 kil\u00e1t\u00e1st.<\/p>\n\n\n\n<figure data-wp-context=\"{&quot;imageId&quot;:&quot;6a952e1861171&quot;}\" data-wp-interactive=\"core\/image\" data-wp-key=\"6a952e1861171\" class=\"wp-block-image size-full wp-lightbox-container\"><img decoding=\"async\" width=\"1800\" height=\"1275\" data-wp-class--hide=\"state.isContentHidden\" data-wp-class--show=\"state.isContentVisible\" data-wp-init=\"callbacks.setButtonStyles\" data-wp-on--click=\"actions.showLightbox\" data-wp-on--load=\"callbacks.setButtonStyles\" data-wp-on--pointerdown=\"actions.preloadImage\" data-wp-on--pointerenter=\"actions.preloadImageWithDelay\" data-wp-on--pointerleave=\"actions.cancelPreload\" data-wp-on-window--resize=\"callbacks.setButtonStyles\" src=\"https:\/\/loudavymkrokem.cz\/wp-content\/uploads\/2026\/08\/articles-bonigen-29.jpg\" alt=\"Alpesi kert a Schynige Platt\u00e9n\" class=\"wp-image-404524\" title=\"\" srcset=\"https:\/\/loudavymkrokem.cz\/wp-content\/uploads\/2026\/08\/articles-bonigen-29.jpg 1800w, https:\/\/loudavymkrokem.cz\/wp-content\/uploads\/2026\/08\/articles-bonigen-29-300x213.jpg 300w, https:\/\/loudavymkrokem.cz\/wp-content\/uploads\/2026\/08\/articles-bonigen-29-700x496.jpg 700w, https:\/\/loudavymkrokem.cz\/wp-content\/uploads\/2026\/08\/articles-bonigen-29-768x544.jpg 768w, https:\/\/loudavymkrokem.cz\/wp-content\/uploads\/2026\/08\/articles-bonigen-29-1536x1088.jpg 1536w, https:\/\/loudavymkrokem.cz\/wp-content\/uploads\/2026\/08\/articles-bonigen-29-696x493.jpg 696w, https:\/\/loudavymkrokem.cz\/wp-content\/uploads\/2026\/08\/articles-bonigen-29-1392x986.jpg 1392w\" sizes=\"(max-width: 1800px) 100vw, 1800px\" \/><button\n\t\t\tclass=\"lightbox-trigger\"\n\t\t\ttype=\"button\"\n\t\t\taria-haspopup=\"dialog\"\n\t\t\tdata-wp-bind--aria-label=\"state.thisImage.triggerButtonAriaLabel\"\n\t\t\tdata-wp-init=\"callbacks.initTriggerButton\"\n\t\t\tdata-wp-on--click=\"actions.showLightbox\"\n\t\t\tdata-wp-style--right=\"state.thisImage.buttonRight\"\n\t\t\tdata-wp-style--top=\"state.thisImage.buttonTop\"\n\t\t>\n\t\t\t<svg xmlns=\"http:\/\/www.w3.org\/2000\/svg\" width=\"12\" height=\"12\" fill=\"none\" viewBox=\"0 0 12 12\">\n\t\t\t\t<path fill=\"#fff\" d=\"M2 0a2 2 0 0 0-2 2v2h1.5V2a.5.5 0 0 1 .5-.5h2V0H2Zm2 10.5H2a.5.5 0 0 1-.5-.5V8H0v2a2 2 0 0 0 2 2h2v-1.5ZM8 12v-1.5h2a.5.5 0 0 0 .5-.5V8H12v2a2 2 0 0 1-2 2H8Zm2-12a2 2 0 0 1 2 2v2h-1.5V2a.5.5 0 0 0-.5-.5H8V0h2Z\" \/>\n\t\t\t<\/svg>\n\t\t<\/button><figcaption class=\"wp-element-caption\">Fot\u00f3: Murray Foubister \/ Wikimedia Commons, CC BY-SA 2.0<\/figcaption><\/figure>\n\n\n\n<h3 class=\"wp-block-heading\"><span class=\"ez-toc-section\" id=\"Lilys_Alpenspielplatz_es_a_Panoramaweg_a_Schynige_Platten\"><\/span>Lily&#8217;s Alpenspielplatz \u00e9s a Panoramaweg a Schynige Platt\u00e9n<span class=\"ez-toc-section-end\"><\/span><\/h3>\n\n\n\n<p class=\"wp-block-paragraph\">Amikor fogaskerek\u0171vel felm\u00e9sz a Schynige Platt\u00e9ra, a gyerekek el lesznek ragadtatva a helyi alpesi j\u00e1tsz\u00f3t\u00e9rt\u0151l, a Lily&#8217;s Alpenspielplatzt\u00f3l. Tal\u00e1lnak itt egy <strong>kalandos egyens\u00falyoz\u00f3 \u00f6sv\u00e9nyt, egy \u00f3ri\u00e1si cs\u00faszd\u00e1t \u00e9s egy sasf\u00e9szek alak\u00fa m\u00e1sz\u00f3k\u00e1t<\/strong> kil\u00e1t\u00e1ssal a fens\u00e9ges h\u00f3f\u00f6dte hegyekre.<\/p>\n\n\n\n<p class=\"wp-block-paragraph\">Az azt k\u00f6vet\u0151 t\u00fara a Panoramaweg k\u00f6r\u00faton <strong>nagyj\u00e1b\u00f3l 2,5 \u00f3r\u00e1t vesz ig\u00e9nybe<\/strong>, a terep pedig annyira bar\u00e1ts\u00e1gos, hogy egy kis seg\u00edts\u00e9ggel <strong>az \u00f3vod\u00e1sok is teljes\u00edtik<\/strong>. Az \u00fat sz\u00e9les, biztons\u00e1gos \u00e9s tele van padokkal, ahol b\u00e1rmikor meg lehet \u00e1llni egy uzsonn\u00e1ra.<\/p>\n\n\n\n<figure data-wp-context=\"{&quot;imageId&quot;:&quot;6a952e1861902&quot;}\" data-wp-interactive=\"core\/image\" data-wp-key=\"6a952e1861902\" class=\"wp-block-image size-full wp-lightbox-container\"><img decoding=\"async\" width=\"1800\" height=\"1800\" data-wp-class--hide=\"state.isContentHidden\" data-wp-class--show=\"state.isContentVisible\" data-wp-init=\"callbacks.setButtonStyles\" data-wp-on--click=\"actions.showLightbox\" data-wp-on--load=\"callbacks.setButtonStyles\" data-wp-on--pointerdown=\"actions.preloadImage\" data-wp-on--pointerenter=\"actions.preloadImageWithDelay\" data-wp-on--pointerleave=\"actions.cancelPreload\" data-wp-on-window--resize=\"callbacks.setButtonStyles\" src=\"https:\/\/loudavymkrokem.cz\/wp-content\/uploads\/2026\/08\/articles-bonigen-30.jpg\" alt=\"BLS haj\u00f3 a Brienzi-tavon\" class=\"wp-image-404528\" title=\"\" srcset=\"https:\/\/loudavymkrokem.cz\/wp-content\/uploads\/2026\/08\/articles-bonigen-30.jpg 1800w, https:\/\/loudavymkrokem.cz\/wp-content\/uploads\/2026\/08\/articles-bonigen-30-300x300.jpg 300w, https:\/\/loudavymkrokem.cz\/wp-content\/uploads\/2026\/08\/articles-bonigen-30-700x700.jpg 700w, https:\/\/loudavymkrokem.cz\/wp-content\/uploads\/2026\/08\/articles-bonigen-30-150x150.jpg 150w, https:\/\/loudavymkrokem.cz\/wp-content\/uploads\/2026\/08\/articles-bonigen-30-768x768.jpg 768w, https:\/\/loudavymkrokem.cz\/wp-content\/uploads\/2026\/08\/articles-bonigen-30-1536x1536.jpg 1536w, https:\/\/loudavymkrokem.cz\/wp-content\/uploads\/2026\/08\/articles-bonigen-30-696x696.jpg 696w, https:\/\/loudavymkrokem.cz\/wp-content\/uploads\/2026\/08\/articles-bonigen-30-1392x1392.jpg 1392w\" sizes=\"(max-width: 1800px) 100vw, 1800px\" \/><button\n\t\t\tclass=\"lightbox-trigger\"\n\t\t\ttype=\"button\"\n\t\t\taria-haspopup=\"dialog\"\n\t\t\tdata-wp-bind--aria-label=\"state.thisImage.triggerButtonAriaLabel\"\n\t\t\tdata-wp-init=\"callbacks.initTriggerButton\"\n\t\t\tdata-wp-on--click=\"actions.showLightbox\"\n\t\t\tdata-wp-style--right=\"state.thisImage.buttonRight\"\n\t\t\tdata-wp-style--top=\"state.thisImage.buttonTop\"\n\t\t>\n\t\t\t<svg xmlns=\"http:\/\/www.w3.org\/2000\/svg\" width=\"12\" height=\"12\" fill=\"none\" viewBox=\"0 0 12 12\">\n\t\t\t\t<path fill=\"#fff\" d=\"M2 0a2 2 0 0 0-2 2v2h1.5V2a.5.5 0 0 1 .5-.5h2V0H2Zm2 10.5H2a.5.5 0 0 1-.5-.5V8H0v2a2 2 0 0 0 2 2h2v-1.5ZM8 12v-1.5h2a.5.5 0 0 0 .5-.5V8H12v2a2 2 0 0 1-2 2H8Zm2-12a2 2 0 0 1 2 2v2h-1.5V2a.5.5 0 0 0-.5-.5H8V0h2Z\" \/>\n\t\t\t<\/svg>\n\t\t<\/button><figcaption class=\"wp-element-caption\">Fot\u00f3: JoachimKohler-HB \/ Wikimedia Commons, CC BY-SA 4.0<\/figcaption><\/figure>\n\n\n\n<h3 class=\"wp-block-heading\"><span class=\"ez-toc-section\" id=\"Hajo_es_akadalymentes_setany_babakocsival\"><\/span>Haj\u00f3 \u00e9s akad\u00e1lymentes s\u00e9t\u00e1ny babakocsival<span class=\"ez-toc-section-end\"><\/span><\/h3>\n\n\n\n<p class=\"wp-block-paragraph\">Maga a t\u00f6rt\u00e9nelmi g\u0151zhaj\u00f3val val\u00f3 utaz\u00e1s a gyerekeknek \u00f3ri\u00e1si \u00e9lm\u00e9ny (\u00e9s ne feledd, hogy a <strong>6 \u00e9ven aluli gyerekek a BLS haj\u00f3in teljesen ingyen utaznak<\/strong>, a 15 \u00e9ven aluliak f\u00e9l\u00e1ron). A fed\u00e9lzeten n\u00e9zhetik a hatalmas lap\u00e1tkereket mozg\u00e1s k\u00f6zben, ami megb\u00edzhat\u00f3an lefoglal egy j\u00f3 f\u00e9l \u00f3r\u00e1t.<\/p>\n\n\n\n<p class=\"wp-block-paragraph\">Babakocsival r\u00e1ad\u00e1sul elindulhatsz a <strong>Seepromenadewegre<\/strong>, ami egy sz\u00e9p, sz\u00e9les \u00e9s teljesen akad\u00e1lymentes s\u00e9ta a t\u00f3 \u00e9s az Aare foly\u00f3 ment\u00e9n Interlaken fel\u00e9. Sehol sem \u00fctk\u00f6z\u00f6l az \u00faton bosszant\u00f3 l\u00e9pcs\u0151kbe, \u00e9s a fel\u00fclet sz\u00e9pen sima.<\/p>\n\n\n\n<figure data-wp-context=\"{&quot;imageId&quot;:&quot;6a952e1861fee&quot;}\" data-wp-interactive=\"core\/image\" data-wp-key=\"6a952e1861fee\" class=\"wp-block-image size-full wp-lightbox-container\"><img decoding=\"async\" width=\"1800\" height=\"1200\" data-wp-class--hide=\"state.isContentHidden\" data-wp-class--show=\"state.isContentVisible\" data-wp-init=\"callbacks.setButtonStyles\" data-wp-on--click=\"actions.showLightbox\" data-wp-on--load=\"callbacks.setButtonStyles\" data-wp-on--pointerdown=\"actions.preloadImage\" data-wp-on--pointerenter=\"actions.preloadImageWithDelay\" data-wp-on--pointerleave=\"actions.cancelPreload\" data-wp-on-window--resize=\"callbacks.setButtonStyles\" src=\"https:\/\/loudavymkrokem.cz\/wp-content\/uploads\/2026\/08\/articles-bonigen-31.jpg\" alt=\"B\u00f6nigen falu \u00e9s \u00e9ttermei\" class=\"wp-image-404530\" title=\"\" srcset=\"https:\/\/loudavymkrokem.cz\/wp-content\/uploads\/2026\/08\/articles-bonigen-31.jpg 1800w, https:\/\/loudavymkrokem.cz\/wp-content\/uploads\/2026\/08\/articles-bonigen-31-300x200.jpg 300w, https:\/\/loudavymkrokem.cz\/wp-content\/uploads\/2026\/08\/articles-bonigen-31-700x467.jpg 700w, https:\/\/loudavymkrokem.cz\/wp-content\/uploads\/2026\/08\/articles-bonigen-31-768x512.jpg 768w, https:\/\/loudavymkrokem.cz\/wp-content\/uploads\/2026\/08\/articles-bonigen-31-1536x1024.jpg 1536w, https:\/\/loudavymkrokem.cz\/wp-content\/uploads\/2026\/08\/articles-bonigen-31-696x464.jpg 696w, https:\/\/loudavymkrokem.cz\/wp-content\/uploads\/2026\/08\/articles-bonigen-31-1392x928.jpg 1392w\" sizes=\"(max-width: 1800px) 100vw, 1800px\" \/><button\n\t\t\tclass=\"lightbox-trigger\"\n\t\t\ttype=\"button\"\n\t\t\taria-haspopup=\"dialog\"\n\t\t\tdata-wp-bind--aria-label=\"state.thisImage.triggerButtonAriaLabel\"\n\t\t\tdata-wp-init=\"callbacks.initTriggerButton\"\n\t\t\tdata-wp-on--click=\"actions.showLightbox\"\n\t\t\tdata-wp-style--right=\"state.thisImage.buttonRight\"\n\t\t\tdata-wp-style--top=\"state.thisImage.buttonTop\"\n\t\t>\n\t\t\t<svg xmlns=\"http:\/\/www.w3.org\/2000\/svg\" width=\"12\" height=\"12\" fill=\"none\" viewBox=\"0 0 12 12\">\n\t\t\t\t<path fill=\"#fff\" d=\"M2 0a2 2 0 0 0-2 2v2h1.5V2a.5.5 0 0 1 .5-.5h2V0H2Zm2 10.5H2a.5.5 0 0 1-.5-.5V8H0v2a2 2 0 0 0 2 2h2v-1.5ZM8 12v-1.5h2a.5.5 0 0 0 .5-.5V8H12v2a2 2 0 0 1-2 2H8Zm2-12a2 2 0 0 1 2 2v2h-1.5V2a.5.5 0 0 0-.5-.5H8V0h2Z\" \/>\n\t\t\t<\/svg>\n\t\t<\/button><figcaption class=\"wp-element-caption\">Fot\u00f3: Freek Wolsink \/ Pexels<\/figcaption><\/figure>\n\n\n\n<h2 class=\"wp-block-heading\"><span class=\"ez-toc-section\" id=\"Hol_egyel_Bonigenben\"><\/span>Hol egy\u00e9l B\u00f6nigenben<span class=\"ez-toc-section-end\"><\/span><\/h2>\n\n\n\n<p class=\"wp-block-paragraph\">A gasztrosz\u00ednt\u00e9r egyenesen a faluban ink\u00e1bb sz\u0171k\u00f6sebb, elv\u00e9gre ez nem valami nagyv\u00e1ros. A legt\u00f6bb ember a nagy v\u00e1laszt\u00e9k\u00e9rt busszal a k\u00f6zeli Interlakenbe j\u00e1r, de egyenesen a t\u00f3n\u00e1l is tal\u00e1lsz p\u00e1r nagyon kellemes helyet, ahol a t\u00fara ut\u00e1n megpihenhetsz. A helyi \u00e9ttermek gyakran szerv\u00edr\u00e1lnak <strong>friss halat a Brienzi-t\u00f3b\u00f3l<\/strong>, ami <strong>h\u00edres helyi specialit\u00e1s<\/strong>, ami\u00e9rt a sz\u00e9les k\u00f6rny\u00e9kr\u0151l \u00e9rkeznek az utaz\u00f3k.<\/p>\n\n\n\n<p class=\"wp-block-paragraph\">Ha egy f\u00e1raszt\u00f3 nap ut\u00e1n biztosra akarsz menni, \u00edme kiv\u00e1l\u00f3 \u00e9rt\u00e9kel\u00e9s\u0171 helyek:<\/p>\n\n\n\n<figure data-wp-context=\"{&quot;imageId&quot;:&quot;6a952e18625b3&quot;}\" data-wp-interactive=\"core\/image\" data-wp-key=\"6a952e18625b3\" class=\"wp-block-image size-full wp-lightbox-container\"><img decoding=\"async\" width=\"1800\" height=\"1200\" data-wp-class--hide=\"state.isContentHidden\" data-wp-class--show=\"state.isContentVisible\" data-wp-init=\"callbacks.setButtonStyles\" data-wp-on--click=\"actions.showLightbox\" data-wp-on--load=\"callbacks.setButtonStyles\" data-wp-on--pointerdown=\"actions.preloadImage\" data-wp-on--pointerenter=\"actions.preloadImageWithDelay\" data-wp-on--pointerleave=\"actions.cancelPreload\" data-wp-on-window--resize=\"callbacks.setButtonStyles\" src=\"https:\/\/loudavymkrokem.cz\/wp-content\/uploads\/2026\/08\/articles-bonigen-32.jpg\" alt=\"Pizza egy t\u00f3parti \u00e9tteremben\" class=\"wp-image-404535\" title=\"\" srcset=\"https:\/\/loudavymkrokem.cz\/wp-content\/uploads\/2026\/08\/articles-bonigen-32.jpg 1800w, https:\/\/loudavymkrokem.cz\/wp-content\/uploads\/2026\/08\/articles-bonigen-32-300x200.jpg 300w, https:\/\/loudavymkrokem.cz\/wp-content\/uploads\/2026\/08\/articles-bonigen-32-700x467.jpg 700w, https:\/\/loudavymkrokem.cz\/wp-content\/uploads\/2026\/08\/articles-bonigen-32-768x512.jpg 768w, https:\/\/loudavymkrokem.cz\/wp-content\/uploads\/2026\/08\/articles-bonigen-32-1536x1024.jpg 1536w, https:\/\/loudavymkrokem.cz\/wp-content\/uploads\/2026\/08\/articles-bonigen-32-696x464.jpg 696w, https:\/\/loudavymkrokem.cz\/wp-content\/uploads\/2026\/08\/articles-bonigen-32-1392x928.jpg 1392w\" sizes=\"(max-width: 1800px) 100vw, 1800px\" \/><button\n\t\t\tclass=\"lightbox-trigger\"\n\t\t\ttype=\"button\"\n\t\t\taria-haspopup=\"dialog\"\n\t\t\tdata-wp-bind--aria-label=\"state.thisImage.triggerButtonAriaLabel\"\n\t\t\tdata-wp-init=\"callbacks.initTriggerButton\"\n\t\t\tdata-wp-on--click=\"actions.showLightbox\"\n\t\t\tdata-wp-style--right=\"state.thisImage.buttonRight\"\n\t\t\tdata-wp-style--top=\"state.thisImage.buttonTop\"\n\t\t>\n\t\t\t<svg xmlns=\"http:\/\/www.w3.org\/2000\/svg\" width=\"12\" height=\"12\" fill=\"none\" viewBox=\"0 0 12 12\">\n\t\t\t\t<path fill=\"#fff\" d=\"M2 0a2 2 0 0 0-2 2v2h1.5V2a.5.5 0 0 1 .5-.5h2V0H2Zm2 10.5H2a.5.5 0 0 1-.5-.5V8H0v2a2 2 0 0 0 2 2h2v-1.5ZM8 12v-1.5h2a.5.5 0 0 0 .5-.5V8H12v2a2 2 0 0 1-2 2H8Zm2-12a2 2 0 0 1 2 2v2h-1.5V2a.5.5 0 0 0-.5-.5H8V0h2Z\" \/>\n\t\t\t<\/svg>\n\t\t<\/button><figcaption class=\"wp-element-caption\">Fot\u00f3: Cup of Couple \/ Pexels<\/figcaption><\/figure>\n\n\n\n<h3 class=\"wp-block-heading\"><span class=\"ez-toc-section\" id=\"Pizzeria_La_Boheme\"><\/span>Pizzeria La Boh\u00e8me<span class=\"ez-toc-section-end\"><\/span><\/h3>\n\n\n\n<p class=\"wp-block-paragraph\">Egyenesen a Hotel Seiler au Lac \u00e9p\u00fclet\u00e9ben tal\u00e1lod, a t\u00f3parton (Am Quai 3). A Google-on nagyon szolid, 4,4-es \u00e9rt\u00e9kel\u00e9st tart, \u00e9s <strong>abszol\u00fat biztons\u00e1gos \u00e9s laktat\u00f3 v\u00e1laszt\u00e1s, ha egy f\u00e1raszt\u00f3 nap ut\u00e1n \u00e9ppen nem akarsz sok\u00e1ig k\u00eds\u00e9rletezni<\/strong> az \u00e9tlappal.<\/p>\n\n\n\n<p class=\"wp-block-paragraph\">Felt\u00e9tlen\u00fcl ne hagyd ki a <strong>remek Margherita pizz\u00e1t<\/strong> extra sajttal vagy a kiv\u00e1l\u00f3 t\u00e9szta\u00e9teleket. Sz\u00e9pen a v\u00edz k\u00f6zel\u00e9ben lehet itt \u00fclni, a hangulat kellemesen laza, a szem\u00e9lyzet pedig teljesen hozz\u00e1szokott a neh\u00e9z bakancsban izzad\u00f3 turist\u00e1khoz is.<\/p>\n\n\n\n<figure data-wp-context=\"{&quot;imageId&quot;:&quot;6a952e1862c8b&quot;}\" data-wp-interactive=\"core\/image\" data-wp-key=\"6a952e1862c8b\" class=\"wp-block-image size-full wp-lightbox-container\"><img decoding=\"async\" width=\"1800\" height=\"1200\" data-wp-class--hide=\"state.isContentHidden\" data-wp-class--show=\"state.isContentVisible\" data-wp-init=\"callbacks.setButtonStyles\" data-wp-on--click=\"actions.showLightbox\" data-wp-on--load=\"callbacks.setButtonStyles\" data-wp-on--pointerdown=\"actions.preloadImage\" data-wp-on--pointerenter=\"actions.preloadImageWithDelay\" data-wp-on--pointerleave=\"actions.cancelPreload\" data-wp-on-window--resize=\"callbacks.setButtonStyles\" src=\"https:\/\/loudavymkrokem.cz\/wp-content\/uploads\/2026\/08\/articles-bonigen-33.jpg\" alt=\"Fagylalt t\u00fara ut\u00e1n a t\u00f3n\u00e1l\" class=\"wp-image-404537\" title=\"\" srcset=\"https:\/\/loudavymkrokem.cz\/wp-content\/uploads\/2026\/08\/articles-bonigen-33.jpg 1800w, https:\/\/loudavymkrokem.cz\/wp-content\/uploads\/2026\/08\/articles-bonigen-33-300x200.jpg 300w, https:\/\/loudavymkrokem.cz\/wp-content\/uploads\/2026\/08\/articles-bonigen-33-700x467.jpg 700w, https:\/\/loudavymkrokem.cz\/wp-content\/uploads\/2026\/08\/articles-bonigen-33-768x512.jpg 768w, https:\/\/loudavymkrokem.cz\/wp-content\/uploads\/2026\/08\/articles-bonigen-33-1536x1024.jpg 1536w, https:\/\/loudavymkrokem.cz\/wp-content\/uploads\/2026\/08\/articles-bonigen-33-696x464.jpg 696w, https:\/\/loudavymkrokem.cz\/wp-content\/uploads\/2026\/08\/articles-bonigen-33-1392x928.jpg 1392w\" sizes=\"(max-width: 1800px) 100vw, 1800px\" \/><button\n\t\t\tclass=\"lightbox-trigger\"\n\t\t\ttype=\"button\"\n\t\t\taria-haspopup=\"dialog\"\n\t\t\tdata-wp-bind--aria-label=\"state.thisImage.triggerButtonAriaLabel\"\n\t\t\tdata-wp-init=\"callbacks.initTriggerButton\"\n\t\t\tdata-wp-on--click=\"actions.showLightbox\"\n\t\t\tdata-wp-style--right=\"state.thisImage.buttonRight\"\n\t\t\tdata-wp-style--top=\"state.thisImage.buttonTop\"\n\t\t>\n\t\t\t<svg xmlns=\"http:\/\/www.w3.org\/2000\/svg\" width=\"12\" height=\"12\" fill=\"none\" viewBox=\"0 0 12 12\">\n\t\t\t\t<path fill=\"#fff\" d=\"M2 0a2 2 0 0 0-2 2v2h1.5V2a.5.5 0 0 1 .5-.5h2V0H2Zm2 10.5H2a.5.5 0 0 1-.5-.5V8H0v2a2 2 0 0 0 2 2h2v-1.5ZM8 12v-1.5h2a.5.5 0 0 0 .5-.5V8H12v2a2 2 0 0 1-2 2H8Zm2-12a2 2 0 0 1 2 2v2h-1.5V2a.5.5 0 0 0-.5-.5H8V0h2Z\" \/>\n\t\t\t<\/svg>\n\t\t<\/button><figcaption class=\"wp-element-caption\">Fot\u00f3: Maria Orlova \/ Pexels<\/figcaption><\/figure>\n\n\n\n<h3 class=\"wp-block-heading\"><span class=\"ez-toc-section\" id=\"Sweet_Ride\"><\/span>Sweet Ride<span class=\"ez-toc-section-end\"><\/span><\/h3>\n\n\n\n<p class=\"wp-block-paragraph\">Ez az <strong>eg\u00e9sz falu legjobban \u00e9rt\u00e9kelt helye<\/strong> (4,9-es pontsz\u00e1m k\u00f6zel k\u00e9tsz\u00e1z v\u00e9lem\u00e9ny alapj\u00e1n). Egy kisebb, rendk\u00edv\u00fcl szimpatikus k\u00e1v\u00e9z\u00f3 \u00e9s fagylaltoz\u00f3 a v\u00edzn\u00e9l, ahova egyszer\u0171en be kell ugranod egy \u00e9des d\u00e9lut\u00e1ni jutalom\u00e9rt a megtett kilom\u00e9terek\u00e9rt.<\/p>\n\n\n\n<p class=\"wp-block-paragraph\">Pr\u00f3b\u00e1ld ki a v\u00e1logatott k\u00e1v\u00e9jukat, \u00e9s f\u0151leg a <strong>fantasztikus k\u00e9zm\u0171ves fagylaltot<\/strong>, amelyet a helyiek \u00e9s a k\u00fclf\u00f6ldi turist\u00e1k is im\u00e1dnak. Pontosan ez az a hely, ahova egy eg\u00e9sznapos kir\u00e1ndul\u00e1s ut\u00e1n nyugodtan le akarsz \u00fclni a napra, \u00e9s csak \u00fagy <strong>n\u00e9zni a t\u00f3 felsz\u00edn\u00e9t<\/strong>.<\/p>\n\n\n\n<figure data-wp-context=\"{&quot;imageId&quot;:&quot;6a952e186380a&quot;}\" data-wp-interactive=\"core\/image\" data-wp-key=\"6a952e186380a\" class=\"wp-block-image size-full wp-lightbox-container\"><img decoding=\"async\" width=\"1800\" height=\"1185\" data-wp-class--hide=\"state.isContentHidden\" data-wp-class--show=\"state.isContentVisible\" data-wp-init=\"callbacks.setButtonStyles\" data-wp-on--click=\"actions.showLightbox\" data-wp-on--load=\"callbacks.setButtonStyles\" data-wp-on--pointerdown=\"actions.preloadImage\" data-wp-on--pointerenter=\"actions.preloadImageWithDelay\" data-wp-on--pointerleave=\"actions.cancelPreload\" data-wp-on-window--resize=\"callbacks.setButtonStyles\" src=\"https:\/\/loudavymkrokem.cz\/wp-content\/uploads\/2026\/08\/articles-bonigen-34.jpg\" alt=\"Hangulatos sv\u00e1jci \u00e9tterem\" class=\"wp-image-404541\" title=\"\" srcset=\"https:\/\/loudavymkrokem.cz\/wp-content\/uploads\/2026\/08\/articles-bonigen-34.jpg 1800w, https:\/\/loudavymkrokem.cz\/wp-content\/uploads\/2026\/08\/articles-bonigen-34-300x198.jpg 300w, https:\/\/loudavymkrokem.cz\/wp-content\/uploads\/2026\/08\/articles-bonigen-34-700x461.jpg 700w, https:\/\/loudavymkrokem.cz\/wp-content\/uploads\/2026\/08\/articles-bonigen-34-768x506.jpg 768w, https:\/\/loudavymkrokem.cz\/wp-content\/uploads\/2026\/08\/articles-bonigen-34-1536x1011.jpg 1536w, https:\/\/loudavymkrokem.cz\/wp-content\/uploads\/2026\/08\/articles-bonigen-34-696x458.jpg 696w, https:\/\/loudavymkrokem.cz\/wp-content\/uploads\/2026\/08\/articles-bonigen-34-1392x916.jpg 1392w\" sizes=\"(max-width: 1800px) 100vw, 1800px\" \/><button\n\t\t\tclass=\"lightbox-trigger\"\n\t\t\ttype=\"button\"\n\t\t\taria-haspopup=\"dialog\"\n\t\t\tdata-wp-bind--aria-label=\"state.thisImage.triggerButtonAriaLabel\"\n\t\t\tdata-wp-init=\"callbacks.initTriggerButton\"\n\t\t\tdata-wp-on--click=\"actions.showLightbox\"\n\t\t\tdata-wp-style--right=\"state.thisImage.buttonRight\"\n\t\t\tdata-wp-style--top=\"state.thisImage.buttonTop\"\n\t\t>\n\t\t\t<svg xmlns=\"http:\/\/www.w3.org\/2000\/svg\" width=\"12\" height=\"12\" fill=\"none\" viewBox=\"0 0 12 12\">\n\t\t\t\t<path fill=\"#fff\" d=\"M2 0a2 2 0 0 0-2 2v2h1.5V2a.5.5 0 0 1 .5-.5h2V0H2Zm2 10.5H2a.5.5 0 0 1-.5-.5V8H0v2a2 2 0 0 0 2 2h2v-1.5ZM8 12v-1.5h2a.5.5 0 0 0 .5-.5V8H12v2a2 2 0 0 1-2 2H8Zm2-12a2 2 0 0 1 2 2v2h-1.5V2a.5.5 0 0 0-.5-.5H8V0h2Z\" \/>\n\t\t\t<\/svg>\n\t\t<\/button><figcaption class=\"wp-element-caption\">Fot\u00f3: Lucia Barreiros Silva \/ Pexels<\/figcaption><\/figure>\n\n\n\n<h3 class=\"wp-block-heading\"><span class=\"ez-toc-section\" id=\"Restaurant_Baren_Bonigen\"><\/span>Restaurant B\u00e4ren B\u00f6nigen<span class=\"ez-toc-section-end\"><\/span><\/h3>\n\n\n\n<p class=\"wp-block-paragraph\">Ez a hagyom\u00e1nyos sv\u00e1jci hely a Hauptstrasse f\u0151utc\u00e1n elb\u0171v\u00f6l a hamis\u00edtatlan helyi hangulat\u00e1val \u00e9s a jellegzetes \u00e9p\u00edt\u00e9szet\u00e9vel. A vend\u00e9gek a v\u00e9lem\u00e9nyekben gyakran eml\u00edtik, hogy egyenesen a sz\u00e1ll\u00e1sad\u00f3ik k\u00fcldt\u00e9k ide \u0151ket <strong>bennfentes tippk\u00e9nt a garant\u00e1ltan j\u00f3 \u00e9telre<\/strong>.<\/p>\n\n\n\n<p class=\"wp-block-paragraph\">Nagyon bar\u00e1ts\u00e1gos \u00e9s k\u00e9szs\u00e9ges a szem\u00e9lyzet, <strong>k\u00f6zepes \u00e1rszint<\/strong> van, az \u00e9tlapon pedig rengeteg <strong>becs\u00fcletes sv\u00e1jci klasszikus<\/strong>, mint a sajtos specialit\u00e1sok \u00e9s a laktat\u00f3 h\u00e1zi levesek. Ide\u00e1lis v\u00e1laszt\u00e1s a felmeleged\u00e9shez, amikor \u00e9ppen esik.<\/p>\n\n\n\n<h2 class=\"wp-block-heading\"><span class=\"ez-toc-section\" id=\"Hova_tovabb_Bonigenbol\"><\/span>Hova tov\u00e1bb B\u00f6nigenb\u0151l<span class=\"ez-toc-section-end\"><\/span><\/h2>\n\n\n\n<p class=\"wp-block-paragraph\">Sv\u00e1jc egy hatalmas j\u00e1tsz\u00f3t\u00e9r, \u00e9s a Berni Oberlandb\u00f3l <strong>k\u00f6zel vannak tov\u00e1bbi fantasztikus \u00fati c\u00e9lok<\/strong>. Ha az \u00fatitervedben van m\u00e9g p\u00e1r szabad nap, felt\u00e9tlen\u00fcl n\u00e9zd meg ezeket a <strong>tov\u00e1bbi \u00fatikalauzaimat<\/strong>:<\/p>\n\n\n\n<ul class=\"wp-block-list\">\n<li><a href=\"https:\/\/loudavymkrokem.cz\/hu\/interlaken-svajc-tippek\/\">Interlaken \u00e9s Jungfraujoch<\/a>: r\u00e9szletes \u00fatikalauz a ny\u00fczsg\u0151 szomsz\u00e9dhoz \u00e9s a Europa tetej\u00e9re vezet\u0151 kir\u00e1ndul\u00e1shoz.<\/li>\n\n\n\n<li><a href=\"https:\/\/loudavymkrokem.cz\/hu\/grindelwald-svajc-tippek\/\">Grindelwald<\/a>: az Eiger \u00e9szaki fala al\u00e1 szorult gleccserfalu, ahova vonattal pillanatok alatt eljutsz.<\/li>\n\n\n\n<li><a href=\"https:\/\/loudavymkrokem.cz\/hu\/lauterbrunnen-svajc-latnivalok\/\">Lauterbrunnen<\/a>: a 72 v\u00edzes\u00e9s v\u00f6lgye, amely \u00e1ll\u00edt\u00f3lag Tolkient inspir\u00e1lta a Gy\u0171r\u0171k Ura \u00edr\u00e1sakor.<\/li>\n\n\n\n<li><a href=\"https:\/\/loudavymkrokem.cz\/hu\/svajc-latnivalok-tippek\/\">Nyaral\u00e1s Sv\u00e1jcban<\/a>: \u00f3ri\u00e1si \u00f6sszefoglal\u00f3 cikk tele gyakorlati tippekkel az eg\u00e9sz orsz\u00e1gban val\u00f3 utaz\u00e1shoz.<\/li>\n<\/ul>\n\n\n\n<h2 class=\"wp-block-heading\"><span class=\"ez-toc-section\" id=\"Gyakran_ismetelt_kerdesek\"><\/span>Gyakran ism\u00e9telt k\u00e9rd\u00e9sek<span class=\"ez-toc-section-end\"><\/span><\/h2>\n\n\n<div id=\"rank-math-faq\" class=\"rank-math-block\">\n<div class=\"rank-math-list \">\n<div id=\"faq-question-1787934924000\" class=\"rank-math-list-item\">\n<h3 class=\"rank-math-question \"><span class=\"ez-toc-section\" id=\"Megeri_Boningenben_szallni_Interlaken_helyett\"><\/span>Meg\u00e9ri B\u00f6ningenben sz\u00e1llni Interlaken helyett?<span class=\"ez-toc-section-end\"><\/span><\/h3>\n<div class=\"rank-math-answer \">\n\n<p>Hat\u00e1rozottan igen. <strong>B\u00f6nigen sokkal nagyobb nyugalmat k\u00edn\u00e1l<\/strong>, egy hagyom\u00e1nyos falu autentikus l\u00e9gk\u00f6r\u00e9t, \u00e9s a sz\u00e1ll\u00e1s \u00e9szrevehet\u0151en olcs\u00f3bb, mint Interlaken ny\u00fczsg\u0151 k\u00f6zpontj\u00e1ban. Ek\u00f6zben a Guest Card seg\u00edts\u00e9g\u00e9vel ingyen utazhatsz a v\u00e1rosba, \u00e9s az \u00fat mind\u00f6ssze 9 percet vesz ig\u00e9nybe.<\/p>\n\n<\/div>\n<\/div>\n<div id=\"faq-question-1787934924001\" class=\"rank-math-list-item\">\n<h3 class=\"rank-math-question \"><span class=\"ez-toc-section\" id=\"Hogyan_lehet_odajutni_Interlakenbol\"><\/span>Hogyan lehet odajutni Interlakenb\u0151l?<span class=\"ez-toc-section-end\"><\/span><\/h3>\n<div class=\"rank-math-answer \">\n\n<p>A legegyszer\u0171bb a <strong>103-as buszj\u00e1rattal<\/strong> utazni k\u00f6zvetlen\u00fcl az Interlaken Ost p\u00e1lyaudvar el\u0151l. F\u00e9l\u00f3r\u00e1nk\u00e9nt k\u00f6zlekedik. Egy m\u00e1sik gy\u00f6ny\u00f6r\u0171 lehet\u0151s\u00e9g a t\u00f6rt\u00e9nelmi g\u0151zhaj\u00f3val \u00e9rkezni a tavon (k\u00f6r\u00fclbel\u00fcl 10 perc haj\u00f3\u00fat), vagy egy kellemes 40 perces s\u00e9t\u00e1t tenni gyalogosan a part ment\u00e9n.<\/p>\n\n<\/div>\n<\/div>\n<div id=\"faq-question-1787934924002\" class=\"rank-math-list-item\">\n<h3 class=\"rank-math-question \"><span class=\"ez-toc-section\" id=\"Lehet_furodni_a_Brienz-toban\"><\/span>Lehet f\u00fcr\u00f6dni a Brienz-t\u00f3ban?<span class=\"ez-toc-section-end\"><\/span><\/h3>\n<div class=\"rank-math-answer \">\n\n<p>Igen, de ink\u00e1bb <strong>az edzettebb term\u00e9szet\u0171eknek<\/strong> val\u00f3. A t\u00f3 gleccser eredet\u0171, \u00edgy m\u00e9g a legmelegebb augusztusban is \u00e1ltal\u00e1ban csak 18-22 \u00b0C k\u00f6r\u00fcl van a v\u00edz h\u0151m\u00e9rs\u00e9klete. Ha zavar a hideg v\u00edz, szerencs\u00e9re a helyi The Beach strandf\u00fcrd\u0151 gy\u00f6ny\u00f6r\u0171 f\u0171t\u00f6tt medenc\u00e9t k\u00edn\u00e1l.<\/p>\n\n<\/div>\n<\/div>\n<div id=\"faq-question-1787934924003\" class=\"rank-math-list-item\">\n<h3 class=\"rank-math-question \"><span class=\"ez-toc-section\" id=\"Hany_nap_eleg_a_latogatashoz\"><\/span>H\u00e1ny nap el\u00e9g a l\u00e1togat\u00e1shoz?<span class=\"ez-toc-section-end\"><\/span><\/h3>\n<div class=\"rank-math-answer \">\n\n<p>Mag\u00e1t a falut v\u00e9gigj\u00e1rod egy d\u00e9lut\u00e1n alatt, de <strong>kir\u00e1ndul\u00e1sok b\u00e1zis\u00e1nak ide\u00e1lis 3-5 napra<\/strong>. Lesz id\u0151d felmenni a Harder Kulmra, v\u00e9gigs\u00e9t\u00e1lni a H\u00e1rom v\u00edzes\u00e9s \u00fatj\u00e1t Giessbachig, k\u00f6lcs\u00f6n\u00f6zni egy kajakot \u00e9s felutazni fogaskerek\u0171vel a Schynige Platte-ra.<\/p>\n\n<\/div>\n<\/div>\n<div id=\"faq-question-1787934924004\" class=\"rank-math-list-item\">\n<h3 class=\"rank-math-question \"><span class=\"ez-toc-section\" id=\"Mit_lehet_csinalni_esos_idoben\"><\/span>Mit lehet csin\u00e1lni es\u0151s id\u0151ben?<span class=\"ez-toc-section-end\"><\/span><\/h3>\n<div class=\"rank-math-answer \">\n\n<p>Es\u0151s napokon (amelyekb\u0151l ny\u00e1ron is k\u00f6r\u00fclbel\u00fcl 10 van havonta) \u00e9rdemes bet\u00e9rni a <strong>falusi m\u00fazeumba, az &#8220;alte Pinte&#8221;-be<\/strong>, vagy \u00e1tbuszozni Interlakenbe, ahol rengeteg fedett l\u00e1tv\u00e1nyoss\u00e1g, \u00fczlet, k\u00e1v\u00e9z\u00f3 tal\u00e1lhat\u00f3, \u00e9s van ott egy nagy uszodakomplexum is, s\u0151t kaszin\u00f3 is.<\/p>\n\n<\/div>\n<\/div>\n<div id=\"faq-question-1787934924005\" class=\"rank-math-list-item\">\n<h3 class=\"rank-math-question \"><span class=\"ez-toc-section\" id=\"Gyerekeknek_alkalmas\"><\/span>Gyerekeknek alkalmas?<span class=\"ez-toc-section-end\"><\/span><\/h3>\n<div class=\"rank-math-answer \">\n\n<p>B\u00f6nigen <strong>csal\u00e1doknak teljesen fantasztikus<\/strong>. Remek j\u00e1tsz\u00f3terek vannak a strandon, csal\u00e1di kempingek medenc\u00e9vel, s\u00edk, akad\u00e1lymentes gyalog\u00f6sv\u00e9nyek a foly\u00f3 ment\u00e9n babakocsikkal, \u00e9s a gyerekek im\u00e1dj\u00e1k a t\u00f6rt\u00e9nelmi g\u0151zhaj\u00f3val val\u00f3 utaz\u00e1st. Az interakt\u00edv kincsvad\u00e1szat egy eg\u00e9sz d\u00e9lut\u00e1nra lefoglalja \u0151ket.<\/p>\n\n<\/div>\n<\/div>\n<div id=\"faq-question-1787934924006\" class=\"rank-math-list-item\">\n<h3 class=\"rank-math-question \"><span class=\"ez-toc-section\" id=\"Mennyibe_kerul_a_kirandulas_a_Harder_Kulmra\"><\/span>Mennyibe ker\u00fcl a kir\u00e1ndul\u00e1s a Harder Kulmra?<span class=\"ez-toc-section-end\"><\/span><\/h3>\n<div class=\"rank-math-answer \">\n\n<p>A 2026-os szezonban a <strong>feln\u0151tt ret\u00far sikl\u00f3jegy 18 500 Ft-ba (44 CHF) ker\u00fcl<\/strong>. Ha 6 \u00e9s 15 \u00e9v k\u00f6z\u00f6tti gyerekeid vannak, csak a fel\u00e9t fizetik (6 \u00e9v alatt ingyenes). A Swiss Travel Pass vagy a Bernese Oberland Pass k\u00e1rty\u00e1kkal nagyon kellemes, 50%-os kedvezm\u00e9nyt kapsz.<\/p>\n\n<\/div>\n<\/div>\n<div id=\"faq-question-1787934924007\" class=\"rank-math-list-item\">\n<h3 class=\"rank-math-question \"><span class=\"ez-toc-section\" id=\"Fizetos_a_molo_Iseltwardban\"><\/span>Fizet\u0151s a m\u00f3l\u00f3 Iseltwardban?<span class=\"ez-toc-section-end\"><\/span><\/h3>\n<div class=\"rank-math-answer \">\n\n<p>Igen, az \u00e1zsiai turist\u00e1k hatalmas \u00f6z\u00f6ne miatt a Crash Landing on You sorozat sikere ut\u00e1n a k\u00f6zs\u00e9g <strong>forg\u00f3kaput<\/strong> telep\u00edtett a m\u00f3l\u00f3hoz. A h\u00edres \u201eszelfi&#8221; elk\u00e9sz\u00edt\u00e9s\u00e9\u00e9rt a fa m\u00f3l\u00f3n most 5 CHF d\u00edjat kell fizetni, amely a falu karbantart\u00e1s\u00e1ra megy.<\/p>\n\n<\/div>\n<\/div>\n<\/div>\n<\/div>","protected":false},"excerpt":{"rendered":"<p>Fedezd fel a Brienzi-t\u00f3 rejtett gy\u00f6ngyszem\u00e9t, ahol gy\u00f6ny\u00f6r\u0171 fah\u00e1zak, t\u00fcrkiz v\u00edz \u00e9s fantasztikus hegyi t\u00far\u00e1k v\u00e1rnak, t\u00e1vol a f\u0151 turistat\u00f6megekt\u0151l.<\/p>\n","protected":false},"author":3,"featured_media":404497,"comment_status":"open","ping_status":"open","sticky":false,"template":"","format":"standard","meta":{"_acf_changed":false,"footnotes":"","rank_math_title":"B\u00f6nigen, Sv\u00e1jc: 24 tipp a Brienzi-t\u00f3n\u00e1l","rank_math_description":"B\u00f6nigen, Sv\u00e1jc: fedezd fel a Brienzi-t\u00f3 rejtett gy\u00f6ngyszem\u00e9t! 24 tipp \u2013 t\u00far\u00e1k, felvon\u00f3k, sz\u00e1ll\u00e1s \u00e9s programok gyerekekkel. Tervezd meg a nyaral\u00e1sod most!","rank_math_focus_keyword":"B\u00f6nigen Sv\u00e1jc","rank_math_seo_score":""},"categories":[1804,1860,1788],"tags":[],"class_list":["post-409114","post","type-post","status-publish","format-standard","has-post-thumbnail","category-europa","category-svajc","category-utazas"],"acf":[],"featured_image_src":"https:\/\/loudavymkrokem.cz\/wp-content\/uploads\/2026\/08\/articles-bonigen-18.jpg","author_info":{"display_name":"Lucie Kone\u010dn\u00e1","author_link":"https:\/\/loudavymkrokem.cz\/hu\/author\/lucie-konecna\/"},"_links":{"self":[{"href":"https:\/\/loudavymkrokem.cz\/hu\/wp-json\/wp\/v2\/posts\/409114","targetHints":{"allow":["GET"]}}],"collection":[{"href":"https:\/\/loudavymkrokem.cz\/hu\/wp-json\/wp\/v2\/posts"}],"about":[{"href":"https:\/\/loudavymkrokem.cz\/hu\/wp-json\/wp\/v2\/types\/post"}],"author":[{"embeddable":true,"href":"https:\/\/loudavymkrokem.cz\/hu\/wp-json\/wp\/v2\/users\/3"}],"replies":[{"embeddable":true,"href":"https:\/\/loudavymkrokem.cz\/hu\/wp-json\/wp\/v2\/comments?post=409114"}],"version-history":[{"count":3,"href":"https:\/\/loudavymkrokem.cz\/hu\/wp-json\/wp\/v2\/posts\/409114\/revisions"}],"predecessor-version":[{"id":409117,"href":"https:\/\/loudavymkrokem.cz\/hu\/wp-json\/wp\/v2\/posts\/409114\/revisions\/409117"}],"wp:featuredmedia":[{"embeddable":true,"href":"https:\/\/loudavymkrokem.cz\/hu\/wp-json\/wp\/v2\/media\/404497"}],"wp:attachment":[{"href":"https:\/\/loudavymkrokem.cz\/hu\/wp-json\/wp\/v2\/media?parent=409114"}],"wp:term":[{"taxonomy":"category","embeddable":true,"href":"https:\/\/loudavymkrokem.cz\/hu\/wp-json\/wp\/v2\/categories?post=409114"},{"taxonomy":"post_tag","embeddable":true,"href":"https:\/\/loudavymkrokem.cz\/hu\/wp-json\/wp\/v2\/tags?post=409114"}],"curies":[{"name":"wp","href":"https:\/\/api.w.org\/{rel}","templated":true}]}}