{"id":409111,"date":"2026-08-28T20:48:42","date_gmt":"2026-08-28T18:48:42","guid":{"rendered":"https:\/\/loudavymkrokem.cz\/svedorszag-gyerekkel-tippek\/"},"modified":"2026-08-31T07:44:36","modified_gmt":"2026-08-31T05:44:36","slug":"svedorszag-gyerekkel-tippek","status":"publish","type":"post","link":"https:\/\/loudavymkrokem.cz\/hu\/svedorszag-gyerekkel-tippek\/","title":{"rendered":"Sv\u00e9dorsz\u00e1g gyerekkel 2026-ban: 16 tipp, hov\u00e1 menj \u00e9s mit \u00e9lj \u00e1t"},"content":{"rendered":"\n<p class=\"wp-block-paragraph\">Sv\u00e9dorsz\u00e1g olyan orsz\u00e1g, mintha maguk a sz\u00fcl\u0151k tervezt\u00e9k volna. Ezt m\u00e1r az \u00e9rkez\u00e9s ut\u00e1n r\u00f6gt\u00f6n \u00e9szreveszed, amikor felt\u0171nik, hogy <strong>a pelenk\u00e1z\u00f3k m\u00e9g a f\u00e9rfimosd\u00f3kban is teljesen term\u00e9szetesek<\/strong>, a babakocsit tol\u00f3 k\u00eds\u00e9r\u0151 pedig a stockholmi t\u00f6megk\u00f6zleked\u00e9sben ingyen utazik. Rendk\u00edv\u00fcl nyugis \u00fati c\u00e9l, ahol az \u00e9tteremben senki sem n\u00e9z r\u00e1d rosszall\u00f3an, ha a kisgyerek v\u00e9letlen\u00fcl a padl\u00f3ra ejti a kanalat.<\/p>\n\n\n\n<p class=\"wp-block-paragraph\">R\u00e1ad\u00e1sul n\u00e1lunk a nosztalgia is \u00f3ri\u00e1si szerepet j\u00e1tszik, hiszen gyakorlatilag mindannyian <strong>Astrid Lindgren k\u00f6nyvein n\u0151tt\u00fcnk fel<\/strong>. Elvinni a saj\u00e1t csemet\u00e9inket abba a vil\u00e1gba, ahol Harisny\u00e1s Pippi felemeli a lovat, Emil pedig a f\u00e1ssz\u00ednben \u00fcl, kicsit a saj\u00e1t gyerekkori \u00e1lmunk beteljes\u00fcl\u00e9se is.<\/p>\n\n\n\n<p class=\"wp-block-paragraph\">Sz\u00f3val \u2014 hol kezdd, \u00e9s hogyan csin\u00e1ld \u00fagy, hogy a h\u00edrhedt skandin\u00e1v \u00e1rak ne szipolyozz\u00e1k ki a p\u00e9nzt\u00e1rc\u00e1dat, miel\u0151tt megl\u00e1tn\u00e1d az els\u0151 j\u00e1vorszarvast? \u00cdme minden, amit tudnod kell. Ha ugyanis bizonytalan vagy, hogy Skandin\u00e1via val\u00f3-e a csal\u00e1di nyaral\u00e1sra, dobd el az aggodalmakat. Sv\u00e9dorsz\u00e1g a gyerekekkel val\u00f3 utaz\u00e1shoz hihetetlen\u00fcl biztons\u00e1gos, tiszta \u00e9s t\u00f6k\u00e9letesen megszervezett.<\/p>\n\n\n\n<figure data-wp-context=\"{&quot;imageId&quot;:&quot;6a9530b4cb9d2&quot;}\" data-wp-interactive=\"core\/image\" data-wp-key=\"6a9530b4cb9d2\" class=\"wp-block-image size-full wp-lightbox-container\"><img decoding=\"async\" width=\"1800\" height=\"1148\" data-wp-class--hide=\"state.isContentHidden\" data-wp-class--show=\"state.isContentVisible\" data-wp-init=\"callbacks.setButtonStyles\" data-wp-on--click=\"actions.showLightbox\" data-wp-on--load=\"callbacks.setButtonStyles\" data-wp-on--pointerdown=\"actions.preloadImage\" data-wp-on--pointerenter=\"actions.preloadImageWithDelay\" data-wp-on--pointerleave=\"actions.cancelPreload\" data-wp-on-window--resize=\"callbacks.setButtonStyles\" src=\"https:\/\/loudavymkrokem.cz\/wp-content\/uploads\/2026\/07\/svedsko-clanky-svedsko-s-detmi-01.jpg\" alt=\"Csal\u00e1d nyaral\u00e1son a term\u00e9szetben\" class=\"wp-image-351135\" title=\"\" srcset=\"https:\/\/loudavymkrokem.cz\/wp-content\/uploads\/2026\/07\/svedsko-clanky-svedsko-s-detmi-01.jpg 1800w, https:\/\/loudavymkrokem.cz\/wp-content\/uploads\/2026\/07\/svedsko-clanky-svedsko-s-detmi-01-300x191.jpg 300w, https:\/\/loudavymkrokem.cz\/wp-content\/uploads\/2026\/07\/svedsko-clanky-svedsko-s-detmi-01-700x446.jpg 700w, https:\/\/loudavymkrokem.cz\/wp-content\/uploads\/2026\/07\/svedsko-clanky-svedsko-s-detmi-01-768x490.jpg 768w, https:\/\/loudavymkrokem.cz\/wp-content\/uploads\/2026\/07\/svedsko-clanky-svedsko-s-detmi-01-1536x980.jpg 1536w, https:\/\/loudavymkrokem.cz\/wp-content\/uploads\/2026\/07\/svedsko-clanky-svedsko-s-detmi-01-696x444.jpg 696w, https:\/\/loudavymkrokem.cz\/wp-content\/uploads\/2026\/07\/svedsko-clanky-svedsko-s-detmi-01-1392x888.jpg 1392w\" sizes=\"(max-width: 1800px) 100vw, 1800px\" \/><button\n\t\t\tclass=\"lightbox-trigger\"\n\t\t\ttype=\"button\"\n\t\t\taria-haspopup=\"dialog\"\n\t\t\tdata-wp-bind--aria-label=\"state.thisImage.triggerButtonAriaLabel\"\n\t\t\tdata-wp-init=\"callbacks.initTriggerButton\"\n\t\t\tdata-wp-on--click=\"actions.showLightbox\"\n\t\t\tdata-wp-style--right=\"state.thisImage.buttonRight\"\n\t\t\tdata-wp-style--top=\"state.thisImage.buttonTop\"\n\t\t>\n\t\t\t<svg xmlns=\"http:\/\/www.w3.org\/2000\/svg\" width=\"12\" height=\"12\" fill=\"none\" viewBox=\"0 0 12 12\">\n\t\t\t\t<path fill=\"#fff\" d=\"M2 0a2 2 0 0 0-2 2v2h1.5V2a.5.5 0 0 1 .5-.5h2V0H2Zm2 10.5H2a.5.5 0 0 1-.5-.5V8H0v2a2 2 0 0 0 2 2h2v-1.5ZM8 12v-1.5h2a.5.5 0 0 0 .5-.5V8H12v2a2 2 0 0 1-2 2H8Zm2-12a2 2 0 0 1 2 2v2h-1.5V2a.5.5 0 0 0-.5-.5H8V0h2Z\" \/>\n\t\t\t<\/svg>\n\t\t<\/button><figcaption class=\"wp-element-caption\">Fot\u00f3: Yapeter Tarung \/ Pexels<\/figcaption><\/figure>\n\n\n\n<div id=\"ez-toc-container\" class=\"ez-toc-v2_0_86 ez-toc-wrap-left counter-hierarchy ez-toc-counter ez-toc-grey ez-toc-container-direction\">\n<div class=\"ez-toc-title-container\">\n<p class=\"ez-toc-title\" style=\"cursor:inherit\">A cikk tartalma<\/p>\n<span class=\"ez-toc-title-toggle\"><a href=\"#\" class=\"ez-toc-pull-right ez-toc-btn ez-toc-btn-xs ez-toc-btn-default ez-toc-toggle\" aria-label=\"Toggle Table of Content\"><span class=\"ez-toc-js-icon-con\"><span class=\"\"><span class=\"eztoc-hide\" style=\"display:none;\">Toggle<\/span><span class=\"ez-toc-icon-toggle-span\"><svg style=\"fill: #999;color:#999\" xmlns=\"http:\/\/www.w3.org\/2000\/svg\" class=\"list-377408\" width=\"20px\" height=\"20px\" viewBox=\"0 0 24 24\" fill=\"none\"><path d=\"M6 6H4v2h2V6zm14 0H8v2h12V6zM4 11h2v2H4v-2zm16 0H8v2h12v-2zM4 16h2v2H4v-2zm16 0H8v2h12v-2z\" fill=\"currentColor\"><\/path><\/svg><svg style=\"fill: #999;color:#999\" class=\"arrow-unsorted-368013\" xmlns=\"http:\/\/www.w3.org\/2000\/svg\" width=\"10px\" height=\"10px\" viewBox=\"0 0 24 24\" version=\"1.2\" baseProfile=\"tiny\"><path d=\"M18.2 9.3l-6.2-6.3-6.2 6.3c-.2.2-.3.4-.3.7s.1.5.3.7c.2.2.4.3.7.3h11c.3 0 .5-.1.7-.3.2-.2.3-.5.3-.7s-.1-.5-.3-.7zM5.8 14.7l6.2 6.3 6.2-6.3c.2-.2.3-.5.3-.7s-.1-.5-.3-.7c-.2-.2-.4-.3-.7-.3h-11c-.3 0-.5.1-.7.3-.2.2-.3.5-.3.7s.1.5.3.7z\"\/><\/svg><\/span><\/span><\/span><\/a><\/span><\/div>\n<nav><ul class='ez-toc-list ez-toc-list-level-1 ' ><ul class='ez-toc-list-level-3' ><li class='ez-toc-heading-level-3'><a class=\"ez-toc-link ez-toc-heading-1\" href=\"https:\/\/loudavymkrokem.cz\/hu\/svedorszag-gyerekkel-tippek\/#Osszefoglalas_azoknak_akiknek_nincs_idejuk_vegigolvasni_a_cikket\" >\u00d6sszefoglal\u00e1s azoknak, akiknek nincs idej\u00fck v\u00e9gigolvasni a cikket<\/a><\/li><\/ul><\/li><li class='ez-toc-page-1 ez-toc-heading-level-2'><a class=\"ez-toc-link ez-toc-heading-2\" href=\"https:\/\/loudavymkrokem.cz\/hu\/svedorszag-gyerekkel-tippek\/#Mikor_induljon_a_csalad_Svedorszagba\" >Mikor induljon a csal\u00e1d Sv\u00e9dorsz\u00e1gba<\/a><\/li><li class='ez-toc-page-1 ez-toc-heading-level-2'><a class=\"ez-toc-link ez-toc-heading-3\" href=\"https:\/\/loudavymkrokem.cz\/hu\/svedorszag-gyerekkel-tippek\/#Hol_szallj_meg_Svedorszagban_gyerekekkel\" >Hol sz\u00e1llj meg Sv\u00e9dorsz\u00e1gban gyerekekkel<\/a><\/li><li class='ez-toc-page-1 ez-toc-heading-level-2'><a class=\"ez-toc-link ez-toc-heading-4\" href=\"https:\/\/loudavymkrokem.cz\/hu\/svedorszag-gyerekkel-tippek\/#16_tipp_hova_menj_es_mit_elj_at_Svedorszagban\" >16 tipp, hov\u00e1 menj \u00e9s mit \u00e9lj \u00e1t Sv\u00e9dorsz\u00e1gban<\/a><ul class='ez-toc-list-level-3' ><li class='ez-toc-heading-level-3'><a class=\"ez-toc-link ez-toc-heading-5\" href=\"https:\/\/loudavymkrokem.cz\/hu\/svedorszag-gyerekkel-tippek\/#1_Astrid_Lindgrens_Varld_Vimmerbyben\" >1. Astrid Lindgrens V\u00e4rld Vimmerbyben<\/a><\/li><li class='ez-toc-page-1 ez-toc-heading-level-3'><a class=\"ez-toc-link ez-toc-heading-6\" href=\"https:\/\/loudavymkrokem.cz\/hu\/svedorszag-gyerekkel-tippek\/#2_Junibacken_es_a_Meseszerelveny_Stockholmban\" >2. Junibacken \u00e9s a Meseszerelv\u00e9ny Stockholmban<\/a><\/li><li class='ez-toc-page-1 ez-toc-heading-level-3'><a class=\"ez-toc-link ez-toc-heading-7\" href=\"https:\/\/loudavymkrokem.cz\/hu\/svedorszag-gyerekkel-tippek\/#3_Grona_Lund_es_Liseberg_vidamparkok\" >3. Gr\u00f6na Lund \u00e9s Liseberg vid\u00e1mparkok<\/a><\/li><li class='ez-toc-page-1 ez-toc-heading-level-3'><a class=\"ez-toc-link ez-toc-heading-8\" href=\"https:\/\/loudavymkrokem.cz\/hu\/svedorszag-gyerekkel-tippek\/#4_Skansen_allatok_es_tortenelem_a_szabad_eg_alatt\" >4. Skansen: \u00e1llatok \u00e9s t\u00f6rt\u00e9nelem a szabad \u00e9g alatt<\/a><\/li><li class='ez-toc-page-1 ez-toc-heading-level-3'><a class=\"ez-toc-link ez-toc-heading-9\" href=\"https:\/\/loudavymkrokem.cz\/hu\/svedorszag-gyerekkel-tippek\/#5_Universeum_Goteborgban\" >5. Universeum G\u00f6teborgban<\/a><\/li><li class='ez-toc-page-1 ez-toc-heading-level-3'><a class=\"ez-toc-link ez-toc-heading-10\" href=\"https:\/\/loudavymkrokem.cz\/hu\/svedorszag-gyerekkel-tippek\/#6_Kolmarden_es_Gronklitt_allatokert_a_termeszetbe\" >6. Kolm\u00e5rden \u00e9s Gr\u00f6nklitt: \u00e1llatok\u00e9rt a term\u00e9szetbe<\/a><\/li><li class='ez-toc-page-1 ez-toc-heading-level-3'><a class=\"ez-toc-link ez-toc-heading-11\" href=\"https:\/\/loudavymkrokem.cz\/hu\/svedorszag-gyerekkel-tippek\/#7_A_Vasa_Muzeum_es_a_lenyugozo_hajoroncs\" >7. A Vasa M\u00fazeum \u00e9s a leny\u0171g\u00f6z\u0151 haj\u00f3roncs<\/a><\/li><li class='ez-toc-page-1 ez-toc-heading-level-3'><a class=\"ez-toc-link ez-toc-heading-12\" href=\"https:\/\/loudavymkrokem.cz\/hu\/svedorszag-gyerekkel-tippek\/#8_Furdozes_a_tavakban_es_varosi_strandokon\" >8. F\u00fcrd\u0151z\u00e9s a tavakban \u00e9s v\u00e1rosi strandokon<\/a><\/li><li class='ez-toc-page-1 ez-toc-heading-level-3'><a class=\"ez-toc-link ez-toc-heading-13\" href=\"https:\/\/loudavymkrokem.cz\/hu\/svedorszag-gyerekkel-tippek\/#9_Toparti_fahaz_mint_idealis_bazis\" >9. T\u00f3parti fah\u00e1z mint ide\u00e1lis b\u00e1zis<\/a><\/li><li class='ez-toc-page-1 ez-toc-heading-level-3'><a class=\"ez-toc-link ez-toc-heading-14\" href=\"https:\/\/loudavymkrokem.cz\/hu\/svedorszag-gyerekkel-tippek\/#10_Fahazas_kempingek_es_mire_szamits_bennuk\" >10. Fah\u00e1zas kempingek \u00e9s mire sz\u00e1m\u00edts benn\u00fck<\/a><\/li><li class='ez-toc-page-1 ez-toc-heading-level-3'><a class=\"ez-toc-link ez-toc-heading-15\" href=\"https:\/\/loudavymkrokem.cz\/hu\/svedorszag-gyerekkel-tippek\/#11_Vonattal_Svedorszagban_gyerekekkel\" >11. Vonattal Sv\u00e9dorsz\u00e1gban gyerekekkel<\/a><\/li><li class='ez-toc-page-1 ez-toc-heading-level-3'><a class=\"ez-toc-link ez-toc-heading-16\" href=\"https:\/\/loudavymkrokem.cz\/hu\/svedorszag-gyerekkel-tippek\/#12_Mit_csinalj_ha_esik_tudomanyos_kozpontok_es_muzeumok\" >12. Mit csin\u00e1lj, ha esik: tudom\u00e1nyos k\u00f6zpontok \u00e9s m\u00fazeumok<\/a><\/li><li class='ez-toc-page-1 ez-toc-heading-level-3'><a class=\"ez-toc-link ez-toc-heading-17\" href=\"https:\/\/loudavymkrokem.cz\/hu\/svedorszag-gyerekkel-tippek\/#13_Lappfold_gyerekekkel_renszarvasok_es_sarki_feny\" >13. Lappf\u00f6ld gyerekekkel: r\u00e9nszarvasok \u00e9s sarki f\u00e9ny<\/a><\/li><li class='ez-toc-page-1 ez-toc-heading-level-3'><a class=\"ez-toc-link ez-toc-heading-18\" href=\"https:\/\/loudavymkrokem.cz\/hu\/svedorszag-gyerekkel-tippek\/#14_Babakocsival_a_sved_varosokban\" >14. Babakocsival a sv\u00e9d v\u00e1rosokban<\/a><\/li><li class='ez-toc-page-1 ez-toc-heading-level-3'><a class=\"ez-toc-link ez-toc-heading-19\" href=\"https:\/\/loudavymkrokem.cz\/hu\/svedorszag-gyerekkel-tippek\/#15_Hol_egyel_a_mikrotol_a_napi_menuig\" >15. Hol egy\u00e9l: a mikr\u00f3t\u00f3l a napi men\u00fcig<\/a><\/li><li class='ez-toc-page-1 ez-toc-heading-level-3'><a class=\"ez-toc-link ez-toc-heading-20\" href=\"https:\/\/loudavymkrokem.cz\/hu\/svedorszag-gyerekkel-tippek\/#16_Mintaszeru_roadtrip-utiterv_10%E2%80%9314_napra\" >16. Mintaszer\u0171 roadtrip-\u00fatiterv 10\u201314 napra<\/a><\/li><\/ul><\/li><li class='ez-toc-page-1 ez-toc-heading-level-2'><a class=\"ez-toc-link ez-toc-heading-21\" href=\"https:\/\/loudavymkrokem.cz\/hu\/svedorszag-gyerekkel-tippek\/#Praktikus_dolgok_amik_megkonnyitik_a_szulok_eletet_Svedorszagban\" >Praktikus dolgok, amik megk\u00f6nny\u00edtik a sz\u00fcl\u0151k \u00e9let\u00e9t Sv\u00e9dorsz\u00e1gban<\/a><\/li><li class='ez-toc-page-1 ez-toc-heading-level-2'><a class=\"ez-toc-link ez-toc-heading-22\" href=\"https:\/\/loudavymkrokem.cz\/hu\/svedorszag-gyerekkel-tippek\/#Csaladi_utiterv_10_napra_egy_bazisrol\" >Csal\u00e1di \u00fatiterv 10 napra egy b\u00e1zisr\u00f3l<\/a><\/li><li class='ez-toc-page-1 ez-toc-heading-level-2'><a class=\"ez-toc-link ez-toc-heading-23\" href=\"https:\/\/loudavymkrokem.cz\/hu\/svedorszag-gyerekkel-tippek\/#Merre_tovabb_Svedorszagbol\" >Merre tov\u00e1bb Sv\u00e9dorsz\u00e1gb\u00f3l<\/a><\/li><li class='ez-toc-page-1 ez-toc-heading-level-2'><a class=\"ez-toc-link ez-toc-heading-24\" href=\"https:\/\/loudavymkrokem.cz\/hu\/svedorszag-gyerekkel-tippek\/#Gyakran_ismetelt_kerdesek\" >Gyakran ism\u00e9telt k\u00e9rd\u00e9sek<\/a><ul class='ez-toc-list-level-3' ><li class='ez-toc-heading-level-3'><a class=\"ez-toc-link ez-toc-heading-25\" href=\"https:\/\/loudavymkrokem.cz\/hu\/svedorszag-gyerekkel-tippek\/#Alkalmas-e_Svedorszag_nyaralasra_kisgyermekekkel\" >Alkalmas-e Sv\u00e9dorsz\u00e1g nyaral\u00e1sra kisgyermekekkel?<\/a><\/li><li class='ez-toc-page-1 ez-toc-heading-level-3'><a class=\"ez-toc-link ez-toc-heading-26\" href=\"https:\/\/loudavymkrokem.cz\/hu\/svedorszag-gyerekkel-tippek\/#Mennyibe_kerul_egy_csaladi_nyaralas_Svedorszagban\" >Mennyibe ker\u00fcl egy csal\u00e1di nyaral\u00e1s Sv\u00e9dorsz\u00e1gban?<\/a><\/li><li class='ez-toc-page-1 ez-toc-heading-level-3'><a class=\"ez-toc-link ez-toc-heading-27\" href=\"https:\/\/loudavymkrokem.cz\/hu\/svedorszag-gyerekkel-tippek\/#Mikor_a_legjobb_gyerekekkel_Svedorszagba_utazni\" >Mikor a legjobb gyerekekkel Sv\u00e9dorsz\u00e1gba utazni?<\/a><\/li><li class='ez-toc-page-1 ez-toc-heading-level-3'><a class=\"ez-toc-link ez-toc-heading-28\" href=\"https:\/\/loudavymkrokem.cz\/hu\/svedorszag-gyerekkel-tippek\/#Lehet-e_kisgyerekkel_Lappfoldre_menni\" >Lehet-e kisgyerekkel Lappf\u00f6ldre menni?<\/a><\/li><li class='ez-toc-page-1 ez-toc-heading-level-3'><a class=\"ez-toc-link ez-toc-heading-29\" href=\"https:\/\/loudavymkrokem.cz\/hu\/svedorszag-gyerekkel-tippek\/#Hogyan_mukodik_a_tomegkozlekedes_Stockholmban_babakocsival\" >Hogyan m\u0171k\u00f6dik a t\u00f6megk\u00f6zleked\u00e9s Stockholmban babakocsival?<\/a><\/li><li class='ez-toc-page-1 ez-toc-heading-level-3'><a class=\"ez-toc-link ez-toc-heading-30\" href=\"https:\/\/loudavymkrokem.cz\/hu\/svedorszag-gyerekkel-tippek\/#Mit_lehet_csinalni_Svedorszagban_ha_esik_az_eso\" >Mit lehet csin\u00e1lni Sv\u00e9dorsz\u00e1gban, ha esik az es\u0151?<\/a><\/li><li class='ez-toc-page-1 ez-toc-heading-level-3'><a class=\"ez-toc-link ez-toc-heading-31\" href=\"https:\/\/loudavymkrokem.cz\/hu\/svedorszag-gyerekkel-tippek\/#Lehet-e_gyerekekkel_furodni_Svedorszagban\" >Lehet-e gyerekekkel f\u00fcr\u00f6dni Sv\u00e9dorsz\u00e1gban?<\/a><\/li><li class='ez-toc-page-1 ez-toc-heading-level-3'><a class=\"ez-toc-link ez-toc-heading-32\" href=\"https:\/\/loudavymkrokem.cz\/hu\/svedorszag-gyerekkel-tippek\/#Hol_van_ingyenes_belepes_a_gyerekeknek\" >Hol van ingyenes bel\u00e9p\u00e9s a gyerekeknek?<\/a><\/li><\/ul><\/li><\/ul><\/nav><\/div>\n<h3 class=\"wp-block-heading\"><span class=\"ez-toc-section\" id=\"Osszefoglalas_azoknak_akiknek_nincs_idejuk_vegigolvasni_a_cikket\"><\/span>\u00d6sszefoglal\u00e1s azoknak, akiknek nincs idej\u00fck v\u00e9gigolvasni a cikket<span class=\"ez-toc-section-end\"><\/span><\/h3>\n\n\n\n<ul class=\"wp-block-list\">\n\n<li>  <strong>Mesesz\u00e9p Sm\u00e5land:<\/strong> Az Astrid Lindgrens V\u00e4rld park Vimmerbyben abszol\u00fat k\u00f6telez\u0151 a kisebb gyerekes csal\u00e1doknak.<\/li>\n\n\n\n<li>  <strong>\u00c9lm\u00e9nyekkel teli Stockholm:<\/strong> Djurg\u00e5rden szigete k\u00edn\u00e1lja a Meseszerelv\u00e9nyt a Junibackenben, az \u00e1llatokat a Skansenben \u00e9s a leny\u0171g\u00f6z\u0151 Vasa haj\u00f3roncsot.<\/li>\n\n\n\n<li>  <strong>Vid\u00e1mparkok:<\/strong> A stockholmi Gr\u00f6na Lund \u00e9s a hatalmas g\u00f6teborgi Liseberg eg\u00e9sz napra elfoglalja a tiniket \u00e9s a kisebbeket is.<\/li>\n\n\n\n<li>  <strong>Ingyenes k\u00f6zleked\u00e9s:<\/strong> Stockholmban a babakocsit tol\u00f3 feln\u0151tt ingyen utazik a buszokon, \u00e9s a 18 \u00e9v alatti gyerekek sok \u00e1llami m\u00fazeumba ingyen l\u00e9phetnek be.<\/li>\n\n\n\n<li>  <strong>B\u00e1zis a term\u00e9szetben:<\/strong> A legjobb sz\u00e1ll\u00e1s a csal\u00e1doknak a hagyom\u00e1nyos piros fah\u00e1z a t\u00f3parton, ahol magad f\u0151zhetsz.<\/li>\n\n\n\n<li>  <strong>\u00c9tkez\u00e9s az \u00e9ttermekben:<\/strong> Keresd a napi men\u00fct hirdet\u0151 t\u00e1bl\u00e1kat, amivel a f\u0151\u00e9telt \u00e9s a v\u00e9gtelen sal\u00e1tab\u00fcf\u00e9t is megkapod j\u00f3 \u00e1ron.<\/li>\n\n\n\n<li>  <strong>K\u00e9szp\u00e9nzmentes t\u00e1rsadalom:<\/strong> A k\u00e9szp\u00e9nzt nyugodtan hagyd otthon, mert Sv\u00e9dorsz\u00e1gban mindent k\u00e1rty\u00e1val fizetsz (m\u00e9g a nyilv\u00e1nos mosd\u00f3kat is).<\/li>\n\n\n<\/ul>\n\n\n\n<figure data-wp-context=\"{&quot;imageId&quot;:&quot;6a9530b4cbf34&quot;}\" data-wp-interactive=\"core\/image\" data-wp-key=\"6a9530b4cbf34\" class=\"wp-block-image size-full wp-lightbox-container\"><img decoding=\"async\" width=\"1800\" height=\"1350\" data-wp-class--hide=\"state.isContentHidden\" data-wp-class--show=\"state.isContentVisible\" data-wp-init=\"callbacks.setButtonStyles\" data-wp-on--click=\"actions.showLightbox\" data-wp-on--load=\"callbacks.setButtonStyles\" data-wp-on--pointerdown=\"actions.preloadImage\" data-wp-on--pointerenter=\"actions.preloadImageWithDelay\" data-wp-on--pointerleave=\"actions.cancelPreload\" data-wp-on-window--resize=\"callbacks.setButtonStyles\" src=\"https:\/\/loudavymkrokem.cz\/wp-content\/uploads\/2026\/07\/svedsko-clanky-svedsko-s-detmi-02.jpg\" alt=\"Ny\u00e1ri f\u00fcrd\u0151z\u00e9s a t\u00f3ban\" class=\"wp-image-351142\" title=\"\" srcset=\"https:\/\/loudavymkrokem.cz\/wp-content\/uploads\/2026\/07\/svedsko-clanky-svedsko-s-detmi-02.jpg 1800w, https:\/\/loudavymkrokem.cz\/wp-content\/uploads\/2026\/07\/svedsko-clanky-svedsko-s-detmi-02-300x225.jpg 300w, https:\/\/loudavymkrokem.cz\/wp-content\/uploads\/2026\/07\/svedsko-clanky-svedsko-s-detmi-02-700x525.jpg 700w, https:\/\/loudavymkrokem.cz\/wp-content\/uploads\/2026\/07\/svedsko-clanky-svedsko-s-detmi-02-768x576.jpg 768w, https:\/\/loudavymkrokem.cz\/wp-content\/uploads\/2026\/07\/svedsko-clanky-svedsko-s-detmi-02-1536x1152.jpg 1536w, https:\/\/loudavymkrokem.cz\/wp-content\/uploads\/2026\/07\/svedsko-clanky-svedsko-s-detmi-02-80x60.jpg 80w, https:\/\/loudavymkrokem.cz\/wp-content\/uploads\/2026\/07\/svedsko-clanky-svedsko-s-detmi-02-160x120.jpg 160w, https:\/\/loudavymkrokem.cz\/wp-content\/uploads\/2026\/07\/svedsko-clanky-svedsko-s-detmi-02-696x522.jpg 696w, https:\/\/loudavymkrokem.cz\/wp-content\/uploads\/2026\/07\/svedsko-clanky-svedsko-s-detmi-02-1392x1044.jpg 1392w\" sizes=\"(max-width: 1800px) 100vw, 1800px\" \/><button\n\t\t\tclass=\"lightbox-trigger\"\n\t\t\ttype=\"button\"\n\t\t\taria-haspopup=\"dialog\"\n\t\t\tdata-wp-bind--aria-label=\"state.thisImage.triggerButtonAriaLabel\"\n\t\t\tdata-wp-init=\"callbacks.initTriggerButton\"\n\t\t\tdata-wp-on--click=\"actions.showLightbox\"\n\t\t\tdata-wp-style--right=\"state.thisImage.buttonRight\"\n\t\t\tdata-wp-style--top=\"state.thisImage.buttonTop\"\n\t\t>\n\t\t\t<svg xmlns=\"http:\/\/www.w3.org\/2000\/svg\" width=\"12\" height=\"12\" fill=\"none\" viewBox=\"0 0 12 12\">\n\t\t\t\t<path fill=\"#fff\" d=\"M2 0a2 2 0 0 0-2 2v2h1.5V2a.5.5 0 0 1 .5-.5h2V0H2Zm2 10.5H2a.5.5 0 0 1-.5-.5V8H0v2a2 2 0 0 0 2 2h2v-1.5ZM8 12v-1.5h2a.5.5 0 0 0 .5-.5V8H12v2a2 2 0 0 1-2 2H8Zm2-12a2 2 0 0 1 2 2v2h-1.5V2a.5.5 0 0 0-.5-.5H8V0h2Z\" \/>\n\t\t\t<\/svg>\n\t\t<\/button><figcaption class=\"wp-element-caption\">Fot\u00f3: Eva Kristiansson \/ Pexels<\/figcaption><\/figure>\n\n\n\n<h2 class=\"wp-block-heading\"><span class=\"ez-toc-section\" id=\"Mikor_induljon_a_csalad_Svedorszagba\"><\/span>Mikor induljon a csal\u00e1d Sv\u00e9dorsz\u00e1gba<span class=\"ez-toc-section-end\"><\/span><\/h2>\n\n\n\n<p class=\"wp-block-paragraph\">Az, hogy mikor indulj, Sv\u00e9dorsz\u00e1gban t\u00e9nyleg fontos k\u00e9rd\u00e9s, mert az id\u0151pont k\u00e9pes fejre \u00e1ll\u00edtani vagy \u00e9ppen megmenteni az eg\u00e9sz nyaral\u00e1st. <strong>A legjobb id\u0151j\u00e1r\u00e1s j\u00fanius v\u00e9g\u00e9t\u0151l augusztus k\u00f6zep\u00e9ig v\u00e1r r\u00e1d<\/strong>, amikor a nappalok hihetetlen\u00fcl hossz\u00faak, \u00e9s a h\u0151m\u00e9rs\u00e9klet gyakran a kellemes huszon\u00f6t fok k\u00f6rny\u00e9k\u00e9re k\u00faszik. A sek\u00e9ly \u00f6bl\u00f6kben \u00e9s tavakban a v\u00edz ilyenkor sz\u00e9pen felmelegszik, \u00edgy a gyerekek nyugodtan f\u00fcr\u00f6dhetnek \u00e9s homokv\u00e1rat \u00e9p\u00edthetnek. Ha a h\u00edres napfordul\u00f3s \u00fcnnep (Midsommar, j\u00fanius v\u00e9g\u00e9n) k\u00f6rny\u00e9k\u00e9n indulsz, \u00e1t\u00e9lheted az igazi \u00e9szaki var\u00e1zst a m\u00e1jusfa k\u00f6r\u00fcli t\u00e1nccal. Csak csomagolj a b\u0151r\u00f6ndbe egy igaz\u00e1n megb\u00edzhat\u00f3 sz\u00fanyogriaszt\u00f3t, mert a ny\u00e1ri sz\u00fanyogok a belf\u00f6ldi tavakn\u00e1l el\u00e9g tolakod\u00f3ak tudnak lenni.<\/p>\n\n\n\n<p class=\"wp-block-paragraph\">Ugyanakkor fel kell k\u00e9sz\u00fcln\u00f6d egy jelens\u00e9gre, amit ipari szabads\u00e1gnak (industrisemester) h\u00edvnak. J\u00faliusban <strong>a sv\u00e9dek t\u00falnyom\u00f3 t\u00f6bbs\u00e9ge t\u00f6meges szabads\u00e1got vesz ki<\/strong>, \u00e9s elutazik a ny\u00e1ri h\u00e1z\u00e1ba. Ez azt jelenti, hogy minden vid\u00e1mpark, kemping \u00e9s ny\u00e1ri l\u00e1tv\u00e1nyoss\u00e1g teljes g\u0151zzel \u00fczemel, ugyanakkor zs\u00fafol\u00e1sig telik, a sz\u00e1ll\u00e1s\u00e1rak pedig el\u00e9rik \u00e9ves cs\u00facsukat. A belf\u00f6ldi kisebb v\u00e1rosk\u00e1kban viszont z\u00e1rt k\u00e1v\u00e9z\u00f3kba is botolhatsz, ahol a t\u00e1bla szerint a tulaj \u00e9ppen nyaralni ment.<\/p>\n\n\n\n<p class=\"wp-block-paragraph\">Ha nem k\u00f6t az iskolakezd\u00e9s, <strong>az ide\u00e1lis kompromisszum az augusztus v\u00e9ge<\/strong>. A sv\u00e9d gyerekek ilyenkor m\u00e1r visszat\u00e9rnek az iskolapadba, \u00edgy a t\u00f6meg a vid\u00e1mparkokban dr\u00e1maian megcsappan, \u00e9s nem kell hossz\u00fa sorokban \u00e1llnod. Az id\u0151j\u00e1r\u00e1s m\u00e9g mindig nagyon kellemes, a tavak ny\u00e1rt\u00f3l felmelegedve, a h\u00e1zb\u00e9rleti \u00e1rak pedig lassan kezdenek visszaesni a szezonon k\u00edv\u00fcli szintre.<\/p>\n\n\n\n<p class=\"wp-block-paragraph\">Ezzel szemben a t\u00e9li h\u00f3napokat kisgyerekes utaz\u00e1shoz csak az igazi kalandoroknak aj\u00e1nlan\u00e1m. <strong>A nappalok nagyon r\u00f6videk \u00e9s fagyosak<\/strong>, ami er\u0151sen korl\u00e1tozza a szabadt\u00e9ri lehet\u0151s\u00e9geket. Ha viszont h\u00f3ra \u00e9s sarki f\u00e9nyre v\u00e1gysz Lappf\u00f6ld\u00f6n, ink\u00e1bb m\u00e1rciusban indulj \u00e9szakra, amikor a nap visszat\u00e9r a horizont f\u00f6l\u00e9, a nappalok hosszabbodnak, \u00e9s a h\u0151m\u00e9rs\u00e9klet valamivel elviselhet\u0151bb a csemet\u00e9knek.<\/p>\n\n\n\n<figure data-wp-context=\"{&quot;imageId&quot;:&quot;6a9530b4cc415&quot;}\" data-wp-interactive=\"core\/image\" data-wp-key=\"6a9530b4cc415\" class=\"wp-block-image size-full wp-lightbox-container\"><img decoding=\"async\" width=\"1800\" height=\"1165\" data-wp-class--hide=\"state.isContentHidden\" data-wp-class--show=\"state.isContentVisible\" data-wp-init=\"callbacks.setButtonStyles\" data-wp-on--click=\"actions.showLightbox\" data-wp-on--load=\"callbacks.setButtonStyles\" data-wp-on--pointerdown=\"actions.preloadImage\" data-wp-on--pointerenter=\"actions.preloadImageWithDelay\" data-wp-on--pointerleave=\"actions.cancelPreload\" data-wp-on-window--resize=\"callbacks.setButtonStyles\" src=\"https:\/\/loudavymkrokem.cz\/wp-content\/uploads\/2026\/07\/svedsko-clanky-svedsko-s-detmi-03.jpg\" alt=\"Csal\u00e1di fah\u00e1z a nyaral\u00e1son\" class=\"wp-image-351149\" title=\"\" srcset=\"https:\/\/loudavymkrokem.cz\/wp-content\/uploads\/2026\/07\/svedsko-clanky-svedsko-s-detmi-03.jpg 1800w, https:\/\/loudavymkrokem.cz\/wp-content\/uploads\/2026\/07\/svedsko-clanky-svedsko-s-detmi-03-300x194.jpg 300w, https:\/\/loudavymkrokem.cz\/wp-content\/uploads\/2026\/07\/svedsko-clanky-svedsko-s-detmi-03-700x453.jpg 700w, https:\/\/loudavymkrokem.cz\/wp-content\/uploads\/2026\/07\/svedsko-clanky-svedsko-s-detmi-03-768x497.jpg 768w, https:\/\/loudavymkrokem.cz\/wp-content\/uploads\/2026\/07\/svedsko-clanky-svedsko-s-detmi-03-1536x994.jpg 1536w, https:\/\/loudavymkrokem.cz\/wp-content\/uploads\/2026\/07\/svedsko-clanky-svedsko-s-detmi-03-696x450.jpg 696w, https:\/\/loudavymkrokem.cz\/wp-content\/uploads\/2026\/07\/svedsko-clanky-svedsko-s-detmi-03-1392x901.jpg 1392w\" sizes=\"(max-width: 1800px) 100vw, 1800px\" \/><button\n\t\t\tclass=\"lightbox-trigger\"\n\t\t\ttype=\"button\"\n\t\t\taria-haspopup=\"dialog\"\n\t\t\tdata-wp-bind--aria-label=\"state.thisImage.triggerButtonAriaLabel\"\n\t\t\tdata-wp-init=\"callbacks.initTriggerButton\"\n\t\t\tdata-wp-on--click=\"actions.showLightbox\"\n\t\t\tdata-wp-style--right=\"state.thisImage.buttonRight\"\n\t\t\tdata-wp-style--top=\"state.thisImage.buttonTop\"\n\t\t>\n\t\t\t<svg xmlns=\"http:\/\/www.w3.org\/2000\/svg\" width=\"12\" height=\"12\" fill=\"none\" viewBox=\"0 0 12 12\">\n\t\t\t\t<path fill=\"#fff\" d=\"M2 0a2 2 0 0 0-2 2v2h1.5V2a.5.5 0 0 1 .5-.5h2V0H2Zm2 10.5H2a.5.5 0 0 1-.5-.5V8H0v2a2 2 0 0 0 2 2h2v-1.5ZM8 12v-1.5h2a.5.5 0 0 0 .5-.5V8H12v2a2 2 0 0 1-2 2H8Zm2-12a2 2 0 0 1 2 2v2h-1.5V2a.5.5 0 0 0-.5-.5H8V0h2Z\" \/>\n\t\t\t<\/svg>\n\t\t<\/button><figcaption class=\"wp-element-caption\">Fot\u00f3: Damir K . \/ Pexels<\/figcaption><\/figure>\n\n\n\n<h2 class=\"wp-block-heading\"><span class=\"ez-toc-section\" id=\"Hol_szallj_meg_Svedorszagban_gyerekekkel\"><\/span>Hol sz\u00e1llj meg Sv\u00e9dorsz\u00e1gban gyerekekkel<span class=\"ez-toc-section-end\"><\/span><\/h2>\n\n\n\n<p class=\"wp-block-paragraph\"><em>\ud83d\udca1 Tipp sz\u00e1ll\u00e1sra \u00e9s \u00e9lm\u00e9nyekre: A sz\u00e1ll\u00e1st legsz\u00edvesebben a <a class=\"thirstylink\" rel=\"nofollow\" target=\"_blank\" title=\"Booking.com\" href=\"https:\/\/loudavymkrokem.cz\/doporucujeme\/booking-com\/\" data-shortcode=\"true\">Booking.com<\/a> oldalon keress\u00fck, ahol \u00e1ltal\u00e1ban a legjobbak a lemond\u00e1si felt\u00e9telek. A bel\u00e9p\u0151ket, kir\u00e1ndul\u00e1sokat \u00e9s programokat pedig \u00e9rdemes \u00f6sszehasonl\u00edtani \u00e9s megvenni a <a class=\"thirstylink\" rel=\"nofollow\" target=\"_blank\" title=\"GetYourGuide\" href=\"https:\/\/loudavymkrokem.cz\/doporucujeme\/getyourguide\/\" data-shortcode=\"true\">GetYourGuide<\/a> fel\u00fclet\u00e9n.<\/em><\/p>\n\n\n\n<p class=\"wp-block-paragraph\">M\u00edg a gyermektelen p\u00e1rok gyakran a v\u00e1rosk\u00f6zpontok hoteljeit v\u00e1lasztj\u00e1k, a csal\u00e1dok Sv\u00e9dorsz\u00e1gban eg\u00e9szen m\u00e1s st\u00edlus\u00fa sz\u00e1ll\u00e1sra esk\u00fcsznek. <strong>A csal\u00e1di nyaral\u00e1s alapk\u00f6ve a kemping \u00e9s a fah\u00e1z<\/strong>, amely nemcsak hatalmas teret k\u00edn\u00e1l a gyerekek szabadt\u00e9ri j\u00e1t\u00e9k\u00e1nak, hanem ami a legfontosabb, saj\u00e1t konyh\u00e1t az \u00e9telk\u00e9sz\u00edt\u00e9shez. A saj\u00e1t k\u00e9szletb\u0151l val\u00f3 f\u0151z\u00e9s ugyanis alapvet\u0151 a csal\u00e1di k\u00f6lts\u00e9gvet\u00e9s megtart\u00e1s\u00e1hoz, mert az \u00e9ttermi \u00e1rak k\u00f6ny\u00f6rtelenek. Kiv\u00e1l\u00f3 \u00e9s megfizethet\u0151 alternat\u00edva az STF (Svenska Turistf\u00f6reningen) h\u00e1l\u00f3zat turistasz\u00e1ll\u00e1sa is, ahol eg\u00e9szen tisztess\u00e9ges p\u00e9nz\u00e9rt kapsz csal\u00e1di szob\u00e1t gy\u00f6ny\u00f6r\u0171 k\u00f6rnyezetben, remek\u00fcl felszerelt k\u00f6z\u00f6s konyh\u00e1k haszn\u00e1lat\u00e1val.<\/p>\n\n\n\n<p class=\"wp-block-paragraph\">A sv\u00e9d kempingek (p\u00e9ld\u00e1ul a First Camp h\u00e1l\u00f3zatb\u00f3l) Eur\u00f3pa legjobban felszereltjei k\u00f6z\u00e9 tartoznak. Rendszerint <strong>hatalmas j\u00e1tsz\u00f3tereket, medenc\u00e9ket, minigolfot \u00e9s t\u00f6k\u00e9letesen tiszta csal\u00e1di mosd\u00f3kat<\/strong> tal\u00e1lsz benn\u00fck. Ha nem lak\u00f3aut\u00f3val utazol, a kempingben b\u00e9relhetsz egy tipikus piros fah\u00e1zat, amelyet stug\u00e1nak h\u00edvnak. Szezonon k\u00edv\u00fcl egy kisebb fah\u00e1zat m\u00e1r 1000 SEK-t\u0151l (kb. 33 000 Ft) kapsz egy h\u00e9tre, ny\u00e1ron viszont sz\u00e1molj ennek a t\u00f6bbsz\u00f6r\u00f6s\u00e9vel \u00e9s az id\u0151ben t\u00f6rt\u00e9n\u0151 foglal\u00e1ssal.<\/p>\n\n\n\n<p class=\"wp-block-paragraph\">A sz\u00e1ll\u00e1s foglal\u00e1s\u00e1n\u00e1l nagyon figyelj egy sv\u00e9d k\u00fcl\u00f6nlegess\u00e9gre. <strong>Az \u00e1gynem\u0171 \u00e9s a t\u00f6r\u00f6lk\u00f6z\u0151 nem automatikusan r\u00e9sze a fah\u00e1z \u00e1r\u00e1nak<\/strong>, a helyi csal\u00e1dok ugyanis otthonr\u00f3l hozz\u00e1k. Ha k\u00f6nnyed\u00e9n utazol, \u00e9s nem akarod cipelni a saj\u00e1t \u00e1gynem\u0171det, a recepci\u00f3n kell fel\u00e1rat fizetned \u00e9rte, ami v\u00e1ratlanul megdr\u00e1g\u00edthatja a v\u00e9g\u00f6sszeget. Ugyan\u00edgy sz\u00e1molj azzal, hogy t\u00e1voz\u00e1skor vagy alapos saj\u00e1t takar\u00edt\u00e1st v\u00e1rnak el a fah\u00e1zban, vagy a z\u00e1r\u00f3 takar\u00edt\u00e1s d\u00edj\u00e1t kell megfizetned.<\/p>\n\n\n\n<p class=\"wp-block-paragraph\">\u00cdme n\u00e9h\u00e1ny konkr\u00e9t tipp remek csal\u00e1di sz\u00e1ll\u00e1sokra Sv\u00e9dorsz\u00e1g-szerte:<\/p>\n\n\n\n<ul class=\"wp-block-list\">\n\n<li>  <strong><a href=\"https:\/\/www.stay22.com\/allez\/roam?aid=lukaskonecny&#038;campaign=loudavymkrokemcz&#038;campaign=svedsko-s-detmi&#038;hotelname=B%C3%B6da%20Sand&#038;address=%C3%96land%2C%20%C5%A0v%C3%A9dsko\" target=\"_blank\" rel=\"noopener nofollow sponsored\">B\u00f6da Sand<\/a> (\u00d6land):<\/strong> Sv\u00e9dorsz\u00e1g legnagyobb kempingje kilom\u00e9teres feh\u00e9r homokos strandokat k\u00edn\u00e1l hihetetlen\u00fcl sek\u00e9ly tengeri bej\u00e1rattal, \u00edgy itt a kisgyerekek teljesen biztons\u00e1gosan j\u00e1tszhatnak. Ehhez j\u00f6n az aquapark, a saj\u00e1t p\u00e9ks\u00e9g \u00e9s t\u00f6bb tucat remek\u00fcl felszerelt fah\u00e1z: ez az a hely, ahol a sz\u00fcl\u0151k t\u00e9nyleg fell\u00e9legeznek.<\/li>\n\n\n\n<li>  <strong><a href=\"https:\/\/www.stay22.com\/allez\/roam?aid=lukaskonecny&#038;campaign=loudavymkrokemcz&#038;campaign=svedsko-s-detmi&#038;hotelname=Vimmerby%20Camping&#038;address=Vimmerby%2C%20%C5%A0v%C3%A9dsko\" target=\"_blank\" rel=\"noopener nofollow sponsored\">Vimmerby Camping<\/a> (Sm\u00e5land):<\/strong> Strat\u00e9giailag t\u00f6k\u00e9letes hely, csak p\u00e1r l\u00e9p\u00e9sre az Astrid Lindgren vid\u00e1mparkt\u00f3l. A gyerekek elvannak a cs\u00f3nak\u00e1z\u00f3s t\u00f3n\u00e1l, te pedig \u00e9rt\u00e9kelni fogod a nyugodt erdei hangulatot. Egy n\u00e9gyf\u0151s fah\u00e1zat itt nagyj\u00e1b\u00f3l 1200 SEK-t\u0151l (kb. 40 000 Ft) kapsz \u00e9jszak\u00e1nk\u00e9nt.<\/li>\n\n\n\n<li>  <strong><a href=\"https:\/\/www.stay22.com\/allez\/roam?aid=lukaskonecny&#038;campaign=loudavymkrokemcz&#038;campaign=svedsko-s-detmi&#038;hotelname=Kneippbyn%20Resort&#038;address=Visby%2C%20Gotland%2C%20%C5%A0v%C3%A9dsko\" target=\"_blank\" rel=\"noopener nofollow sponsored\">Kneippbyn Resort<\/a> (Gotland):<\/strong> Ha Gotland sziget\u00e9re utazol, ez a resort egy\u00e9rtelm\u0171 v\u00e1laszt\u00e1s. Itt \u00e1ll ugyanis az eredeti Villa Kunterbunt a Harisny\u00e1s Pippir\u0151l sz\u00f3l\u00f3 sorozat eredeti forgat\u00e1s\u00e1r\u00f3l. A komplexum ny\u00e1ri aquaparkot \u00e9s k\u00e9nyelmes csal\u00e1di apartmanokat is tartalmaz.<\/li>\n\n\n\n<li>  <strong><a href=\"https:\/\/www.stay22.com\/allez\/roam?aid=lukaskonecny&#038;campaign=loudavymkrokemcz&#038;campaign=svedsko-s-detmi&#038;hotelname=Scandic%20Grand%20Central&#038;address=Stockholm%2C%20%C5%A0v%C3%A9dsko\" target=\"_blank\" rel=\"noopener nofollow sponsored\">Scandic Grand Central<\/a> (Stockholm):<\/strong> A v\u00e1rosi tart\u00f3zkod\u00e1shoz a Scandic hotell\u00e1nc aj\u00e1nlom, amely h\u00edres a csal\u00e1dbar\u00e1t hozz\u00e1\u00e1ll\u00e1s\u00e1r\u00f3l. A 13 \u00e9v alatti gyerekek itt gyakran ingyen laknak, a reggelin\u00e9l saj\u00e1t b\u00fcf\u00e9j\u00fck van, a lobbiban pedig mindig j\u00e1tsz\u00f3sarok v\u00e1r. Egy csal\u00e1di szoba nagyj\u00e1b\u00f3l 1800 SEK-be (kb. 60 000 Ft) ker\u00fcl \u00e9jszak\u00e1nk\u00e9nt.<\/li>\n\n\n\n<li>  <strong><a href=\"https:\/\/www.stay22.com\/allez\/roam?aid=lukaskonecny&#038;campaign=loudavymkrokemcz&#038;campaign=svedsko-s-detmi&#038;hotelname=First%20Camp%20Tyl%C3%B6sand&#038;address=Halmstad%2C%20%C5%A0v%C3%A9dsko\" target=\"_blank\" rel=\"noopener nofollow sponsored\">First Camp Tyl\u00f6sand<\/a> (Halmstad):<\/strong> A legnagyobb sv\u00e9d kempingh\u00e1l\u00f3zat egyik k\u00e9pvisel\u0151je k\u00f6zvetlen\u00fcl a nyugati part egyik legszebb strandja mellett fekszik. Az anim\u00e1ci\u00f3s programok \u00e9s a modern j\u00e1tsz\u00f3terek eg\u00e9sz napokra lek\u00f6tik a csemet\u00e9ket.<\/li>\n\n\n<\/ul>\n\n\n\n<figure data-wp-context=\"{&quot;imageId&quot;:&quot;6a9530b4cc9ce&quot;}\" data-wp-interactive=\"core\/image\" data-wp-key=\"6a9530b4cc9ce\" class=\"wp-block-image size-full wp-lightbox-container\"><img decoding=\"async\" width=\"1800\" height=\"1200\" data-wp-class--hide=\"state.isContentHidden\" data-wp-class--show=\"state.isContentVisible\" data-wp-init=\"callbacks.setButtonStyles\" data-wp-on--click=\"actions.showLightbox\" data-wp-on--load=\"callbacks.setButtonStyles\" data-wp-on--pointerdown=\"actions.preloadImage\" data-wp-on--pointerenter=\"actions.preloadImageWithDelay\" data-wp-on--pointerleave=\"actions.cancelPreload\" data-wp-on-window--resize=\"callbacks.setButtonStyles\" src=\"https:\/\/loudavymkrokem.cz\/wp-content\/uploads\/2026\/07\/svedsko-clanky-svedsko-s-detmi-04.jpg\" alt=\"Gyerekj\u00e1tsz\u00f3t\u00e9r a parkban\" class=\"wp-image-351155\" title=\"\" srcset=\"https:\/\/loudavymkrokem.cz\/wp-content\/uploads\/2026\/07\/svedsko-clanky-svedsko-s-detmi-04.jpg 1800w, https:\/\/loudavymkrokem.cz\/wp-content\/uploads\/2026\/07\/svedsko-clanky-svedsko-s-detmi-04-300x200.jpg 300w, https:\/\/loudavymkrokem.cz\/wp-content\/uploads\/2026\/07\/svedsko-clanky-svedsko-s-detmi-04-700x467.jpg 700w, https:\/\/loudavymkrokem.cz\/wp-content\/uploads\/2026\/07\/svedsko-clanky-svedsko-s-detmi-04-768x512.jpg 768w, https:\/\/loudavymkrokem.cz\/wp-content\/uploads\/2026\/07\/svedsko-clanky-svedsko-s-detmi-04-1536x1024.jpg 1536w, https:\/\/loudavymkrokem.cz\/wp-content\/uploads\/2026\/07\/svedsko-clanky-svedsko-s-detmi-04-696x464.jpg 696w, https:\/\/loudavymkrokem.cz\/wp-content\/uploads\/2026\/07\/svedsko-clanky-svedsko-s-detmi-04-1392x928.jpg 1392w\" sizes=\"(max-width: 1800px) 100vw, 1800px\" \/><button\n\t\t\tclass=\"lightbox-trigger\"\n\t\t\ttype=\"button\"\n\t\t\taria-haspopup=\"dialog\"\n\t\t\tdata-wp-bind--aria-label=\"state.thisImage.triggerButtonAriaLabel\"\n\t\t\tdata-wp-init=\"callbacks.initTriggerButton\"\n\t\t\tdata-wp-on--click=\"actions.showLightbox\"\n\t\t\tdata-wp-style--right=\"state.thisImage.buttonRight\"\n\t\t\tdata-wp-style--top=\"state.thisImage.buttonTop\"\n\t\t>\n\t\t\t<svg xmlns=\"http:\/\/www.w3.org\/2000\/svg\" width=\"12\" height=\"12\" fill=\"none\" viewBox=\"0 0 12 12\">\n\t\t\t\t<path fill=\"#fff\" d=\"M2 0a2 2 0 0 0-2 2v2h1.5V2a.5.5 0 0 1 .5-.5h2V0H2Zm2 10.5H2a.5.5 0 0 1-.5-.5V8H0v2a2 2 0 0 0 2 2h2v-1.5ZM8 12v-1.5h2a.5.5 0 0 0 .5-.5V8H12v2a2 2 0 0 1-2 2H8Zm2-12a2 2 0 0 1 2 2v2h-1.5V2a.5.5 0 0 0-.5-.5H8V0h2Z\" \/>\n\t\t\t<\/svg>\n\t\t<\/button><figcaption class=\"wp-element-caption\">Fot\u00f3: Fatima Yusuf \/ Pexels<\/figcaption><\/figure>\n\n\n\n<h2 class=\"wp-block-heading\"><span class=\"ez-toc-section\" id=\"16_tipp_hova_menj_es_mit_elj_at_Svedorszagban\"><\/span>16 tipp, hov\u00e1 menj \u00e9s mit \u00e9lj \u00e1t Sv\u00e9dorsz\u00e1gban<span class=\"ez-toc-section-end\"><\/span><\/h2>\n\n\n\n<p class=\"wp-block-paragraph\">\u00cdme a helyek \u00e9s programok konkr\u00e9t v\u00e1logat\u00e1sa, amiknek k\u00f6sz\u00f6nhet\u0151en a gyerekek egy h\u0171t\u0151m\u00e1gnesn\u00e9l t\u00f6bbet visznek haza Sv\u00e9dorsz\u00e1gb\u00f3l. El\u00e1rulom, hogyan ker\u00fcld el a legnagyobb t\u00f6meget, \u00e9s <strong>hol l\u00e9pnek be a gyerekek teljesen ingyen<\/strong>, hogy megsp\u00f3rold a csal\u00e1di k\u00f6lts\u00e9gvet\u00e9s egy r\u00e9sz\u00e9t. Sv\u00e9dorsz\u00e1gnak ugyanis megvan az a csod\u00e1latos tulajdons\u00e1ga, hogy rengeteg remek \u00e9lm\u00e9ny szabadon v\u00e1r a term\u00e9szetben, vagy er\u0151sen \u00e1llamilag t\u00e1mogatott.<\/p>\n\n\n\n<figure data-wp-context=\"{&quot;imageId&quot;:&quot;6a9530b4ccd69&quot;}\" data-wp-interactive=\"core\/image\" data-wp-key=\"6a9530b4ccd69\" class=\"wp-block-image size-full wp-lightbox-container\"><img decoding=\"async\" width=\"1800\" height=\"1200\" data-wp-class--hide=\"state.isContentHidden\" data-wp-class--show=\"state.isContentVisible\" data-wp-init=\"callbacks.setButtonStyles\" data-wp-on--click=\"actions.showLightbox\" data-wp-on--load=\"callbacks.setButtonStyles\" data-wp-on--pointerdown=\"actions.preloadImage\" data-wp-on--pointerenter=\"actions.preloadImageWithDelay\" data-wp-on--pointerleave=\"actions.cancelPreload\" data-wp-on-window--resize=\"callbacks.setButtonStyles\" src=\"https:\/\/loudavymkrokem.cz\/wp-content\/uploads\/2026\/07\/svedsko-clanky-svedsko-s-detmi-05.jpg\" alt=\"Az Astrid Lindgrens V\u00e4rld sz\u00ednh\u00e1zi park\" class=\"wp-image-351160\" title=\"\" srcset=\"https:\/\/loudavymkrokem.cz\/wp-content\/uploads\/2026\/07\/svedsko-clanky-svedsko-s-detmi-05.jpg 1800w, https:\/\/loudavymkrokem.cz\/wp-content\/uploads\/2026\/07\/svedsko-clanky-svedsko-s-detmi-05-300x200.jpg 300w, https:\/\/loudavymkrokem.cz\/wp-content\/uploads\/2026\/07\/svedsko-clanky-svedsko-s-detmi-05-700x467.jpg 700w, https:\/\/loudavymkrokem.cz\/wp-content\/uploads\/2026\/07\/svedsko-clanky-svedsko-s-detmi-05-768x512.jpg 768w, https:\/\/loudavymkrokem.cz\/wp-content\/uploads\/2026\/07\/svedsko-clanky-svedsko-s-detmi-05-1536x1024.jpg 1536w, https:\/\/loudavymkrokem.cz\/wp-content\/uploads\/2026\/07\/svedsko-clanky-svedsko-s-detmi-05-696x464.jpg 696w, https:\/\/loudavymkrokem.cz\/wp-content\/uploads\/2026\/07\/svedsko-clanky-svedsko-s-detmi-05-1392x928.jpg 1392w\" sizes=\"(max-width: 1800px) 100vw, 1800px\" \/><button\n\t\t\tclass=\"lightbox-trigger\"\n\t\t\ttype=\"button\"\n\t\t\taria-haspopup=\"dialog\"\n\t\t\tdata-wp-bind--aria-label=\"state.thisImage.triggerButtonAriaLabel\"\n\t\t\tdata-wp-init=\"callbacks.initTriggerButton\"\n\t\t\tdata-wp-on--click=\"actions.showLightbox\"\n\t\t\tdata-wp-style--right=\"state.thisImage.buttonRight\"\n\t\t\tdata-wp-style--top=\"state.thisImage.buttonTop\"\n\t\t>\n\t\t\t<svg xmlns=\"http:\/\/www.w3.org\/2000\/svg\" width=\"12\" height=\"12\" fill=\"none\" viewBox=\"0 0 12 12\">\n\t\t\t\t<path fill=\"#fff\" d=\"M2 0a2 2 0 0 0-2 2v2h1.5V2a.5.5 0 0 1 .5-.5h2V0H2Zm2 10.5H2a.5.5 0 0 1-.5-.5V8H0v2a2 2 0 0 0 2 2h2v-1.5ZM8 12v-1.5h2a.5.5 0 0 0 .5-.5V8H12v2a2 2 0 0 1-2 2H8Zm2-12a2 2 0 0 1 2 2v2h-1.5V2a.5.5 0 0 0-.5-.5H8V0h2Z\" \/>\n\t\t\t<\/svg>\n\t\t<\/button><figcaption class=\"wp-element-caption\">Fot\u00f3: Richard REVEL \/ Pexels<\/figcaption><\/figure>\n\n\n\n<h3 class=\"wp-block-heading\"><span class=\"ez-toc-section\" id=\"1_Astrid_Lindgrens_Varld_Vimmerbyben\"><\/span>1. Astrid Lindgrens V\u00e4rld Vimmerbyben<span class=\"ez-toc-section-end\"><\/span><\/h3>\n\n\n\n<p class=\"wp-block-paragraph\">Ha nagyj\u00e1b\u00f3l t\u00edz\u00e9vesn\u00e9l fiatalabb gyerekeid vannak, Sm\u00e5land tartom\u00e1ny garant\u00e1ltan a programod f\u0151 pontja lesz. \u00c9ppen itt, Astrid Lindgren sz\u00fcl\u0151v\u00e1ros\u00e1ban fekszik <a href=\"https:\/\/astridlindgrensvarld.se\/\" rel=\"nofollow noopener\" target=\"_blank\">a 180 000 n\u00e9gyzetm\u00e9teren elter\u00fcl\u0151 hatalmas sz\u00ednh\u00e1zi park<\/a>. K\u00f6rhint\u00e1k \u00e9s villog\u00f3 f\u00e9nyek helyett itt a gyerekek t\u00f6k\u00e9letes d\u00edszletek k\u00f6z\u00f6tt rohang\u00e1lnak, \u00e9s eg\u00e9sz nap gyakorlatilag csak j\u00e1tszanak \u2014 \u00e9s ez a sz\u00e1nd\u00e9k.<\/p>\n\n\n\n<p class=\"wp-block-paragraph\">A gyerekek itt zavartalanul futk\u00e1roshatnak az ismert \u00e9p\u00fcletek t\u00f6k\u00e9letes kicsiny\u00edtett m\u00e1sa k\u00f6z\u00f6tt. Bem\u00e1sznak a Villa Kunterbuntba, <strong>felfedezik Katthultot, ahol Emil gar\u00e1zd\u00e1lkodott<\/strong>, vagy elvesznek a rabl\u00f3kkal teli s\u00f6t\u00e9t Mattis-v\u00e1rban. Minden \u00fagy \u00e9p\u00fclt, hogy a legkisebb l\u00e1togat\u00f3k meg\u00e9rinthess\u00e9k \u00e9s minden r\u00e9szlet\u00e9ben felfedezhess\u00e9k. A park \u00e9vente \u00f3ri\u00e1si l\u00e1togat\u00f3t\u00f6meget vonz, \u00e9s m\u00e1just\u00f3l augusztus v\u00e9g\u00e9ig \u00fczemel (\u00e9s n\u00e9h\u00e1ny kiv\u00e1lasztott \u0151szi h\u00e9tv\u00e9g\u00e9n). A parkol\u00e1s a ter\u00fclet el\u0151tt nagyon t\u00e1gas, de ne felejtsd el let\u00f6lteni az EasyPark alkalmaz\u00e1st, amin kereszt\u00fcl itt a parkol\u00e1st fizetik, hogy ne kelljen automat\u00e1kat keresg\u00e9lned.<\/p>\n\n\n\n<p class=\"wp-block-paragraph\">Eg\u00e9sz nap r\u00e1ad\u00e1sul k\u00fcl\u00f6nb\u00f6z\u0151 helyeken \u00e9l\u0151 sz\u00ednh\u00e1zi el\u0151ad\u00e1sok zajlanak a szabad \u00e9g alatt. <strong>A sz\u00edn\u00e9szek a mese v\u00e9g\u00e9n leugranak a sz\u00ednpadr\u00f3l, \u00e9s k\u00f6zvetlen\u00fcl a gyerekekkel j\u00e1tszanak<\/strong>, \u00edgy Pippi nyugodtan megcib\u00e1lhatja az orrod, a rabl\u00f3k pedig megtan\u00edtanak a dalukra. Minden sv\u00e9d\u00fcl zajlik, de ez a magyar gyerekeknek egy\u00e1ltal\u00e1n nem baj, mert a t\u00f6rt\u00e9neteket vizu\u00e1lisan ismerik. A bel\u00e9p\u0151 dinamikus, \u00e9s a ny\u00e1ri szezonban t\u00f6bb sz\u00e1z sv\u00e9d korona k\u00f6r\u00fcl mozog (400\u2013500 SEK k\u00f6r\u00fcl, teh\u00e1t kb. 13 000\u201316 000 Ft), \u00e1m a k\u00e9t \u00e9v alatti gyerekek bel\u00e9p\u00e9se teljesen ingyenes.<\/p>\n\n\n\n<p class=\"wp-block-paragraph\">\ud83d\udca1 <strong>Tipp:<\/strong> Egy nap az eg\u00e9sz parkra abszol\u00fat nem el\u00e9g, mert az el\u0151ad\u00e1sok k\u00fcl\u00f6nb\u00f6z\u0151 helyeken egyszerre zajlanak, a ter\u00fclet pedig hatalmas. Fontold meg a k\u00e9tnapos jegy v\u00e1s\u00e1rl\u00e1s\u00e1t, sz\u00e1llj meg egy k\u00f6zeli kempingben, \u00e9s ne felejts el el\u00e9g nasit tenni a gyerekek h\u00e1tizs\u00e1kj\u00e1ba.<\/p>\n\n\n\n<figure data-wp-context=\"{&quot;imageId&quot;:&quot;6a9530b4cd1b9&quot;}\" data-wp-interactive=\"core\/image\" data-wp-key=\"6a9530b4cd1b9\" class=\"wp-block-image size-full wp-lightbox-container\"><img decoding=\"async\" width=\"1800\" height=\"1200\" data-wp-class--hide=\"state.isContentHidden\" data-wp-class--show=\"state.isContentVisible\" data-wp-init=\"callbacks.setButtonStyles\" data-wp-on--click=\"actions.showLightbox\" data-wp-on--load=\"callbacks.setButtonStyles\" data-wp-on--pointerdown=\"actions.preloadImage\" data-wp-on--pointerenter=\"actions.preloadImageWithDelay\" data-wp-on--pointerleave=\"actions.cancelPreload\" data-wp-on-window--resize=\"callbacks.setButtonStyles\" src=\"https:\/\/loudavymkrokem.cz\/wp-content\/uploads\/2026\/07\/svedsko-clanky-svedsko-s-detmi-06.jpg\" alt=\"Junibacken Djurg\u00e5rden sziget\u00e9n\" class=\"wp-image-351165\" title=\"\" srcset=\"https:\/\/loudavymkrokem.cz\/wp-content\/uploads\/2026\/07\/svedsko-clanky-svedsko-s-detmi-06.jpg 1800w, https:\/\/loudavymkrokem.cz\/wp-content\/uploads\/2026\/07\/svedsko-clanky-svedsko-s-detmi-06-300x200.jpg 300w, https:\/\/loudavymkrokem.cz\/wp-content\/uploads\/2026\/07\/svedsko-clanky-svedsko-s-detmi-06-700x467.jpg 700w, https:\/\/loudavymkrokem.cz\/wp-content\/uploads\/2026\/07\/svedsko-clanky-svedsko-s-detmi-06-768x512.jpg 768w, https:\/\/loudavymkrokem.cz\/wp-content\/uploads\/2026\/07\/svedsko-clanky-svedsko-s-detmi-06-1536x1024.jpg 1536w, https:\/\/loudavymkrokem.cz\/wp-content\/uploads\/2026\/07\/svedsko-clanky-svedsko-s-detmi-06-696x464.jpg 696w, https:\/\/loudavymkrokem.cz\/wp-content\/uploads\/2026\/07\/svedsko-clanky-svedsko-s-detmi-06-1392x928.jpg 1392w\" sizes=\"(max-width: 1800px) 100vw, 1800px\" \/><button\n\t\t\tclass=\"lightbox-trigger\"\n\t\t\ttype=\"button\"\n\t\t\taria-haspopup=\"dialog\"\n\t\t\tdata-wp-bind--aria-label=\"state.thisImage.triggerButtonAriaLabel\"\n\t\t\tdata-wp-init=\"callbacks.initTriggerButton\"\n\t\t\tdata-wp-on--click=\"actions.showLightbox\"\n\t\t\tdata-wp-style--right=\"state.thisImage.buttonRight\"\n\t\t\tdata-wp-style--top=\"state.thisImage.buttonTop\"\n\t\t>\n\t\t\t<svg xmlns=\"http:\/\/www.w3.org\/2000\/svg\" width=\"12\" height=\"12\" fill=\"none\" viewBox=\"0 0 12 12\">\n\t\t\t\t<path fill=\"#fff\" d=\"M2 0a2 2 0 0 0-2 2v2h1.5V2a.5.5 0 0 1 .5-.5h2V0H2Zm2 10.5H2a.5.5 0 0 1-.5-.5V8H0v2a2 2 0 0 0 2 2h2v-1.5ZM8 12v-1.5h2a.5.5 0 0 0 .5-.5V8H12v2a2 2 0 0 1-2 2H8Zm2-12a2 2 0 0 1 2 2v2h-1.5V2a.5.5 0 0 0-.5-.5H8V0h2Z\" \/>\n\t\t\t<\/svg>\n\t\t<\/button><\/figure>\n\n\n\n<h3 class=\"wp-block-heading\"><span class=\"ez-toc-section\" id=\"2_Junibacken_es_a_Meseszerelveny_Stockholmban\"><\/span>2. Junibacken \u00e9s a Meseszerelv\u00e9ny Stockholmban<span class=\"ez-toc-section-end\"><\/span><\/h3>\n\n\n\n<p class=\"wp-block-paragraph\">A f\u0151v\u00e1ros l\u00e1togat\u00e1sakor a csemet\u00e9kkel nem hagyhatod ki Djurg\u00e5rden sziget\u00e9t, ahol a teljesen var\u00e1zslatos <a href=\"https:\/\/www.junibacken.se\/\" rel=\"nofollow noopener\" target=\"_blank\">interakt\u00edv Junibacken m\u00fazeum<\/a> fekszik. <strong>Ez abszol\u00fat paradicsom a nagyj\u00e1b\u00f3l nyolc\u00e9vesn\u00e9l fiatalabb gyerekeknek<\/strong>, tele m\u00e1sz\u00f3k\u00e1kkal, k\u00f6nyvekkel \u00e9s j\u00e1t\u00e9kos install\u00e1ci\u00f3kkal, amelyek a sv\u00e9d gyerekirodalmat \u00fcnneplik, hatalmas hangs\u00fallyal Astrid Lindgren t\u00f6rt\u00e9netein. Nyugodtan bej\u00f6hetsz ide akkor is, amikor kint \u00e9ppen esik.<\/p>\n\n\n\n<p class=\"wp-block-paragraph\">Az eg\u00e9sz m\u00fazeum f\u0151 attrakci\u00f3ja az \u00fagynevezett Story Train (Meseszerelv\u00e9ny). Besz\u00e1llsz egy felf\u00fcggesztett kis vagonba, \u00e9s <strong>\u00e1trep\u00fclsz a sv\u00e9d mesevil\u00e1g gy\u00f6ny\u00f6r\u0171en kidolgozott kicsiny\u00edtett m\u00e1sa felett<\/strong>. Az \u00fat rendk\u00edv\u00fcl mag\u00e1val ragad\u00f3, az Oroszl\u00e1nsz\u00edv testv\u00e9rek t\u00f6rt\u00e9net\u00e9n\u00e9l tal\u00e1n kicsit ijeszt\u0151 is, de \u00f3ri\u00e1si benyom\u00e1st hagy a gyerekekben. Az \u00fat alatt r\u00e1ad\u00e1sul t\u00f6bb vil\u00e1gnyelven hallgathatod a mes\u00e9l\u00e9st.<\/p>\n\n\n\n<p class=\"wp-block-paragraph\">A vonatoz\u00e1s v\u00e9g\u00e9n egyenesen egy hatalmas j\u00e1tsz\u00f3szob\u00e1ban sz\u00e1llsz ki, amely a Villa Kunterbunt form\u00e1j\u00e1t \u00f6lti. A gyerekek itt jelmezekbe \u00f6lt\u00f6zhetnek, <strong>cs\u00faszd\u00e1zhatnak, felemelhetik a f\u00e1b\u00f3l k\u00e9sz\u00fclt lovat, vagy j\u00e1tszhatnak Harisny\u00e1s Pippi konyh\u00e1j\u00e1ban<\/strong>. Az \u00e9p\u00fclet r\u00e9sze egy remek \u00e9tterem is \u00f3ri\u00e1si ablakokkal \u00e9s kil\u00e1t\u00e1ssal a stockholmi \u00f6b\u00f6lre, ahol egy k\u00e1v\u00e9 mellett fell\u00e9legzel, mik\u00f6zben a gyerekek k\u00f6rberohang\u00e1lnak. Mindenk\u00e9pp foglald le a jegyeket online, el\u0151re, mert a ny\u00e1ri h\u00f3napokban a m\u00fazeum nagyon gyorsan elkel. A feln\u0151tt kb. 220 SEK-et (kb. 7000 Ft) fizet, a k\u00e9t\u00e9vesn\u00e9l id\u0151sebb gyerekek pedig valamivel kevesebbet.<\/p>\n\n\n\n<p class=\"wp-block-paragraph\">\ud83d\udca1 <strong>Tipp:<\/strong> A m\u00fazeum viszonylag kompakt, \u00edgy a l\u00e1togat\u00e1s nagyj\u00e1b\u00f3l h\u00e1rom \u00f3r\u00e1t vesz ig\u00e9nybe. Ide\u00e1lis d\u00e9lel\u0151tti program, ami ut\u00e1n egyenesen \u00e1tmehetsz a k\u00f6zeli Vasa haj\u00f3m\u00fazeumba vagy a szabadt\u00e9ri Skansenbe.<\/p>\n\n\n\n<figure data-wp-context=\"{&quot;imageId&quot;:&quot;6a9530b4cd6e1&quot;}\" data-wp-interactive=\"core\/image\" data-wp-key=\"6a9530b4cd6e1\" class=\"wp-block-image size-full wp-lightbox-container\"><img decoding=\"async\" width=\"1800\" height=\"1403\" data-wp-class--hide=\"state.isContentHidden\" data-wp-class--show=\"state.isContentVisible\" data-wp-init=\"callbacks.setButtonStyles\" data-wp-on--click=\"actions.showLightbox\" data-wp-on--load=\"callbacks.setButtonStyles\" data-wp-on--pointerdown=\"actions.preloadImage\" data-wp-on--pointerenter=\"actions.preloadImageWithDelay\" data-wp-on--pointerleave=\"actions.cancelPreload\" data-wp-on-window--resize=\"callbacks.setButtonStyles\" src=\"https:\/\/loudavymkrokem.cz\/wp-content\/uploads\/2026\/07\/svedsko-clanky-svedsko-s-detmi-07.jpg\" alt=\"Vid\u00e1mpark attrakci\u00f3kkal\" class=\"wp-image-351170\" title=\"\" srcset=\"https:\/\/loudavymkrokem.cz\/wp-content\/uploads\/2026\/07\/svedsko-clanky-svedsko-s-detmi-07.jpg 1800w, https:\/\/loudavymkrokem.cz\/wp-content\/uploads\/2026\/07\/svedsko-clanky-svedsko-s-detmi-07-300x234.jpg 300w, https:\/\/loudavymkrokem.cz\/wp-content\/uploads\/2026\/07\/svedsko-clanky-svedsko-s-detmi-07-700x546.jpg 700w, https:\/\/loudavymkrokem.cz\/wp-content\/uploads\/2026\/07\/svedsko-clanky-svedsko-s-detmi-07-768x599.jpg 768w, https:\/\/loudavymkrokem.cz\/wp-content\/uploads\/2026\/07\/svedsko-clanky-svedsko-s-detmi-07-1536x1197.jpg 1536w, https:\/\/loudavymkrokem.cz\/wp-content\/uploads\/2026\/07\/svedsko-clanky-svedsko-s-detmi-07-696x542.jpg 696w, https:\/\/loudavymkrokem.cz\/wp-content\/uploads\/2026\/07\/svedsko-clanky-svedsko-s-detmi-07-1392x1085.jpg 1392w\" sizes=\"(max-width: 1800px) 100vw, 1800px\" \/><button\n\t\t\tclass=\"lightbox-trigger\"\n\t\t\ttype=\"button\"\n\t\t\taria-haspopup=\"dialog\"\n\t\t\tdata-wp-bind--aria-label=\"state.thisImage.triggerButtonAriaLabel\"\n\t\t\tdata-wp-init=\"callbacks.initTriggerButton\"\n\t\t\tdata-wp-on--click=\"actions.showLightbox\"\n\t\t\tdata-wp-style--right=\"state.thisImage.buttonRight\"\n\t\t\tdata-wp-style--top=\"state.thisImage.buttonTop\"\n\t\t>\n\t\t\t<svg xmlns=\"http:\/\/www.w3.org\/2000\/svg\" width=\"12\" height=\"12\" fill=\"none\" viewBox=\"0 0 12 12\">\n\t\t\t\t<path fill=\"#fff\" d=\"M2 0a2 2 0 0 0-2 2v2h1.5V2a.5.5 0 0 1 .5-.5h2V0H2Zm2 10.5H2a.5.5 0 0 1-.5-.5V8H0v2a2 2 0 0 0 2 2h2v-1.5ZM8 12v-1.5h2a.5.5 0 0 0 .5-.5V8H12v2a2 2 0 0 1-2 2H8Zm2-12a2 2 0 0 1 2 2v2h-1.5V2a.5.5 0 0 0-.5-.5H8V0h2Z\" \/>\n\t\t\t<\/svg>\n\t\t<\/button><figcaption class=\"wp-element-caption\">Fot\u00f3: Corwin Melvin \/ Pexels<\/figcaption><\/figure>\n\n\n\n<h3 class=\"wp-block-heading\"><span class=\"ez-toc-section\" id=\"3_Grona_Lund_es_Liseberg_vidamparkok\"><\/span>3. Gr\u00f6na Lund \u00e9s Liseberg vid\u00e1mparkok<span class=\"ez-toc-section-end\"><\/span><\/h3>\n\n\n\n<p class=\"wp-block-paragraph\">A nagyobb gyerekeknek \u00e9s tiniknek Sv\u00e9dorsz\u00e1g k\u00e9t cs\u00facsmin\u0151s\u00e9g\u0171 vid\u00e1mparkot k\u00edn\u00e1l, amelyek t\u00falz\u00e1s n\u00e9lk\u00fcl Eur\u00f3pa legjobbjai k\u00f6z\u00e9 tartoznak. <strong>A Gr\u00f6na Lund k\u00f6zvetlen\u00fcl Stockholmban fekszik a tengerparton<\/strong>, \u00edgy a hull\u00e1mvasutak tetej\u00e9r\u0151l egyenesen a t\u00f6rt\u00e9nelmi belv\u00e1rosra \u00e9s a csillog\u00f3 v\u00edzt\u00fck\u00f6rre n\u00e9zel. Ter\u00fcletileg ugyan kisebb, de az attrakci\u00f3k egym\u00e1s hegy\u00e9n-h\u00e1t\u00e1n t\u00f6m\u00f6r\u00fclnek, ami egyed\u00fcl\u00e1ll\u00f3 hangulatot ad neki. 2023-ban itt egy vadonat\u00faj adrenalin-attrakci\u00f3t, a Spindelnt is megnyitott\u00e1k, ahov\u00e1 a gyerekek m\u00e1r egy m\u00e9teres magass\u00e1gt\u00f3l l\u00e9phetnek.<\/p>\n\n\n\n<p class=\"wp-block-paragraph\">A m\u00e1sik, m\u00e9g nagyobb parkot, a <a href=\"https:\/\/www.liseberg.se\/\" rel=\"nofollow noopener\" target=\"_blank\">Liseberget<\/a> G\u00f6teborgban tal\u00e1lod a nyugati parton. <strong>Ez eg\u00e9sz Skandin\u00e1via legnagyobb vid\u00e1mparkja<\/strong>, gy\u00f6ny\u00f6r\u0171en egy domboldalba illesztve. A kisebb l\u00e1togat\u00f3knak itt van a fantasztikus Ny\u00falorsz\u00e1g szel\u00eddebb attrakci\u00f3kkal, m\u00edg az adrenalin szerelmesei az extr\u00e9m hull\u00e1mvasutakra, p\u00e9ld\u00e1ul a Valkyri\u00e1ra vagy a Helixre tartanak. 2027-re r\u00e1ad\u00e1sul egy \u00f3ri\u00e1si Oceana v\u00edzi vil\u00e1g megnyit\u00e1s\u00e1t tervezik k\u00f6zvetlen\u00fcl a park komplexum\u00e1ban. Ha b\u00e1tor kalandort nevelsz otthon, el\u0151re ellen\u0151rizd az attrakci\u00f3k magass\u00e1gkorl\u00e1tjait a weboldalon, a vadabb p\u00e1ly\u00e1k t\u00f6bbnyire 110 vagy 120 centim\u00e9tern\u00e9l kezd\u0151dnek.<\/p>\n\n\n\n<p class=\"wp-block-paragraph\">Mindk\u00e9t park bel\u00e9p\u0151je \u00e1ltal\u00e1ban egy alap bel\u00e9p\u0151d\u00edjb\u00f3l \u00e9s korl\u00e1tlan menetjegy-csomagokb\u00f3l \u00e1ll, amelyeket nagyj\u00e1b\u00f3l 365 SEK-t\u0151l (kb. 12 000 Ft) kapsz. <strong>\u00d3ri\u00e1si el\u0151ny, hogy a 110 centim\u00e9tern\u00e9l alacsonyabb gyerekek gyakran ingyen l\u00e9phetnek be a ter\u00fcletre, \u00e9s ingyen mehetnek a gyerekattrakci\u00f3kra<\/strong>, ami jelent\u0151sen tehermentes\u00edti a csal\u00e1di p\u00e9nzt\u00e1rc\u00e1t.<\/p>\n\n\n\n<p class=\"wp-block-paragraph\">\ud83d\udca1 <strong>Tipp:<\/strong> Ha f\u0151szezonban m\u00e9sz a Lisebergbe, mindenk\u00e9pp t\u00f6ltsd le a hivatalos alkalmaz\u00e1sukat. Lehet\u0151v\u00e9 teszi, hogy lefoglald az \u00fagynevezett virtual queue-t (virtu\u00e1lis sort) a legn\u00e9pszer\u0171bb p\u00e1ly\u00e1kra, \u00edgy a gyerekeknek nem kell egy \u00f3r\u00e1t \u00e1llniuk a t\u0171z\u0151 napon.<\/p>\n\n\n\n<figure data-wp-context=\"{&quot;imageId&quot;:&quot;6a9530b4cde12&quot;}\" data-wp-interactive=\"core\/image\" data-wp-key=\"6a9530b4cde12\" class=\"wp-block-image size-full wp-lightbox-container\"><img decoding=\"async\" width=\"1800\" height=\"1200\" data-wp-class--hide=\"state.isContentHidden\" data-wp-class--show=\"state.isContentVisible\" data-wp-init=\"callbacks.setButtonStyles\" data-wp-on--click=\"actions.showLightbox\" data-wp-on--load=\"callbacks.setButtonStyles\" data-wp-on--pointerdown=\"actions.preloadImage\" data-wp-on--pointerenter=\"actions.preloadImageWithDelay\" data-wp-on--pointerleave=\"actions.cancelPreload\" data-wp-on-window--resize=\"callbacks.setButtonStyles\" src=\"https:\/\/loudavymkrokem.cz\/wp-content\/uploads\/2026\/07\/svedsko-clanky-svedsko-s-detmi-08.jpg\" alt=\"Skansen \u00e1llatokkal \u00e9s t\u00f6rt\u00e9nelmi h\u00e1zakkal\" class=\"wp-image-351176\" title=\"\" srcset=\"https:\/\/loudavymkrokem.cz\/wp-content\/uploads\/2026\/07\/svedsko-clanky-svedsko-s-detmi-08.jpg 1800w, https:\/\/loudavymkrokem.cz\/wp-content\/uploads\/2026\/07\/svedsko-clanky-svedsko-s-detmi-08-300x200.jpg 300w, https:\/\/loudavymkrokem.cz\/wp-content\/uploads\/2026\/07\/svedsko-clanky-svedsko-s-detmi-08-700x467.jpg 700w, https:\/\/loudavymkrokem.cz\/wp-content\/uploads\/2026\/07\/svedsko-clanky-svedsko-s-detmi-08-768x512.jpg 768w, https:\/\/loudavymkrokem.cz\/wp-content\/uploads\/2026\/07\/svedsko-clanky-svedsko-s-detmi-08-1536x1024.jpg 1536w, https:\/\/loudavymkrokem.cz\/wp-content\/uploads\/2026\/07\/svedsko-clanky-svedsko-s-detmi-08-696x464.jpg 696w, https:\/\/loudavymkrokem.cz\/wp-content\/uploads\/2026\/07\/svedsko-clanky-svedsko-s-detmi-08-1392x928.jpg 1392w\" sizes=\"(max-width: 1800px) 100vw, 1800px\" \/><button\n\t\t\tclass=\"lightbox-trigger\"\n\t\t\ttype=\"button\"\n\t\t\taria-haspopup=\"dialog\"\n\t\t\tdata-wp-bind--aria-label=\"state.thisImage.triggerButtonAriaLabel\"\n\t\t\tdata-wp-init=\"callbacks.initTriggerButton\"\n\t\t\tdata-wp-on--click=\"actions.showLightbox\"\n\t\t\tdata-wp-style--right=\"state.thisImage.buttonRight\"\n\t\t\tdata-wp-style--top=\"state.thisImage.buttonTop\"\n\t\t>\n\t\t\t<svg xmlns=\"http:\/\/www.w3.org\/2000\/svg\" width=\"12\" height=\"12\" fill=\"none\" viewBox=\"0 0 12 12\">\n\t\t\t\t<path fill=\"#fff\" d=\"M2 0a2 2 0 0 0-2 2v2h1.5V2a.5.5 0 0 1 .5-.5h2V0H2Zm2 10.5H2a.5.5 0 0 1-.5-.5V8H0v2a2 2 0 0 0 2 2h2v-1.5ZM8 12v-1.5h2a.5.5 0 0 0 .5-.5V8H12v2a2 2 0 0 1-2 2H8Zm2-12a2 2 0 0 1 2 2v2h-1.5V2a.5.5 0 0 0-.5-.5H8V0h2Z\" \/>\n\t\t\t<\/svg>\n\t\t<\/button><figcaption class=\"wp-element-caption\">Fot\u00f3: Irina Novikova \/ Pexels<\/figcaption><\/figure>\n\n\n\n<h3 class=\"wp-block-heading\"><span class=\"ez-toc-section\" id=\"4_Skansen_allatok_es_tortenelem_a_szabad_eg_alatt\"><\/span>4. Skansen: \u00e1llatok \u00e9s t\u00f6rt\u00e9nelem a szabad \u00e9g alatt<span class=\"ez-toc-section-end\"><\/span><\/h3>\n\n\n\n<p class=\"wp-block-paragraph\">A stockholmi Skansen b\u00fcszk\u00e9n viseli a <a href=\"https:\/\/skansen.se\/\" rel=\"nofollow noopener\" target=\"_blank\">vil\u00e1g legr\u00e9gebbi szabadt\u00e9ri m\u00fazeuma<\/a> c\u00edmet, \u00e9s probl\u00e9ma n\u00e9lk\u00fcl elt\u00f6ltesz itt egy eg\u00e9sz napot. <strong>A sv\u00e9dek m\u00e1r 1891 \u00f3ta hordj\u00e1k ide az eg\u00e9sz orsz\u00e1gb\u00f3l a t\u00f6rt\u00e9nelmi h\u00e1zacsk\u00e1kat<\/strong>, hogy megmutass\u00e1k, hogyan \u00e9ltek \u00e9szakon a kor\u00e1bbi \u00e9vsz\u00e1zadokban. A ter\u00fcletet sz\u00e9les utak sz\u00f6vik \u00e1t, amelyeken remek\u00fcl lehet babakocsival k\u00f6zlekedni, \u00e9s rengeteg helyet tal\u00e1lsz a csal\u00e1di piknikhez.<\/p>\n\n\n\n<p class=\"wp-block-paragraph\">A csal\u00e1dok f\u0151 vonzereje viszont a kiterjedt \u00e9szaki \u00e1llatkert, amely a park elv\u00e1laszthatatlan r\u00e9sze. <strong>A gyerekek itt k\u00f6zelr\u0151l l\u00e1thatnak r\u00e9nszarvasokat, hatalmas j\u00e1vorszarvasokat, barnamedv\u00e9ket, rozsom\u00e1kokat \u00e9s f\u00f3k\u00e1kat<\/strong>, ami teljesen remek alternat\u00edva, ha nem tervezel vel\u00fck eg\u00e9szen a t\u00e1voli Lappf\u00f6ldig utazni. A legkisebbeknek k\u00fcl\u00f6n Lill-Skansen r\u00e9sz m\u0171k\u00f6dik, ahol biztons\u00e1gosan megsimogathatj\u00e1k a h\u00e1zi\u00e1llatokat, \u00e9s eg\u00e9szen k\u00f6zelr\u0151l megismerhetik az \u00e9szaki faun\u00e1t.<\/p>\n\n\n\n<p class=\"wp-block-paragraph\">A feln\u0151ttek a bel\u00e9p\u0151\u00e9rt szezont\u00f3l f\u00fcgg\u0151en 185\u2013305 SEK-et (kb. 6000\u201313 000 Ft) fizetnek, ami soknak t\u0171nhet, de <strong>a gyerekek sz\u00fclet\u00e9st\u0151l eg\u00e9szen 15 \u00e9ves korig teljesen ingyen l\u00e9phetnek be<\/strong>. Ennek ellen\u00e9re viszont a hivatalos weboldalon el\u0151re le kell foglalnod nekik egy ingyenes bel\u00e9p\u0151t (\u00fagynevezett null\u00e1s jegyet) vonalk\u00f3ddal.<\/p>\n\n\n\n<p class=\"wp-block-paragraph\">\ud83d\udca1 <strong>Tipp:<\/strong> A t\u00f6rt\u00e9nelmi h\u00e1zacsk\u00e1kban gyakran korabeli jelmezes idegenvezet\u0151k \u00fclnek, akik r\u00e9gi mesters\u00e9geket mutatnak be, \u00e9s hagyom\u00e1nyos kenyeret s\u00fctnek. \u00c1llj meg n\u00e1luk, hihetetlen\u00fcl kedvesek a gyerekekhez, \u00e9s gyakran hagyj\u00e1k, hogy a munk\u00e1t kipr\u00f3b\u00e1lj\u00e1k.<\/p>\n\n\n\n<figure data-wp-context=\"{&quot;imageId&quot;:&quot;6a9530b4ce602&quot;}\" data-wp-interactive=\"core\/image\" data-wp-key=\"6a9530b4ce602\" class=\"wp-block-image size-full wp-lightbox-container\"><img decoding=\"async\" width=\"1800\" height=\"1200\" data-wp-class--hide=\"state.isContentHidden\" data-wp-class--show=\"state.isContentVisible\" data-wp-init=\"callbacks.setButtonStyles\" data-wp-on--click=\"actions.showLightbox\" data-wp-on--load=\"callbacks.setButtonStyles\" data-wp-on--pointerdown=\"actions.preloadImage\" data-wp-on--pointerenter=\"actions.preloadImageWithDelay\" data-wp-on--pointerleave=\"actions.cancelPreload\" data-wp-on-window--resize=\"callbacks.setButtonStyles\" src=\"https:\/\/loudavymkrokem.cz\/wp-content\/uploads\/2026\/07\/svedsko-clanky-svedsko-s-detmi-09.jpg\" alt=\"Tudom\u00e1nyos k\u00f6zpont gyerekeknek\" class=\"wp-image-351182\" title=\"\" srcset=\"https:\/\/loudavymkrokem.cz\/wp-content\/uploads\/2026\/07\/svedsko-clanky-svedsko-s-detmi-09.jpg 1800w, https:\/\/loudavymkrokem.cz\/wp-content\/uploads\/2026\/07\/svedsko-clanky-svedsko-s-detmi-09-300x200.jpg 300w, https:\/\/loudavymkrokem.cz\/wp-content\/uploads\/2026\/07\/svedsko-clanky-svedsko-s-detmi-09-700x467.jpg 700w, https:\/\/loudavymkrokem.cz\/wp-content\/uploads\/2026\/07\/svedsko-clanky-svedsko-s-detmi-09-768x512.jpg 768w, https:\/\/loudavymkrokem.cz\/wp-content\/uploads\/2026\/07\/svedsko-clanky-svedsko-s-detmi-09-1536x1024.jpg 1536w, https:\/\/loudavymkrokem.cz\/wp-content\/uploads\/2026\/07\/svedsko-clanky-svedsko-s-detmi-09-696x464.jpg 696w, https:\/\/loudavymkrokem.cz\/wp-content\/uploads\/2026\/07\/svedsko-clanky-svedsko-s-detmi-09-1392x928.jpg 1392w\" sizes=\"(max-width: 1800px) 100vw, 1800px\" \/><button\n\t\t\tclass=\"lightbox-trigger\"\n\t\t\ttype=\"button\"\n\t\t\taria-haspopup=\"dialog\"\n\t\t\tdata-wp-bind--aria-label=\"state.thisImage.triggerButtonAriaLabel\"\n\t\t\tdata-wp-init=\"callbacks.initTriggerButton\"\n\t\t\tdata-wp-on--click=\"actions.showLightbox\"\n\t\t\tdata-wp-style--right=\"state.thisImage.buttonRight\"\n\t\t\tdata-wp-style--top=\"state.thisImage.buttonTop\"\n\t\t>\n\t\t\t<svg xmlns=\"http:\/\/www.w3.org\/2000\/svg\" width=\"12\" height=\"12\" fill=\"none\" viewBox=\"0 0 12 12\">\n\t\t\t\t<path fill=\"#fff\" d=\"M2 0a2 2 0 0 0-2 2v2h1.5V2a.5.5 0 0 1 .5-.5h2V0H2Zm2 10.5H2a.5.5 0 0 1-.5-.5V8H0v2a2 2 0 0 0 2 2h2v-1.5ZM8 12v-1.5h2a.5.5 0 0 0 .5-.5V8H12v2a2 2 0 0 1-2 2H8Zm2-12a2 2 0 0 1 2 2v2h-1.5V2a.5.5 0 0 0-.5-.5H8V0h2Z\" \/>\n\t\t\t<\/svg>\n\t\t<\/button><figcaption class=\"wp-element-caption\">Fot\u00f3: Thirdman \/ Pexels<\/figcaption><\/figure>\n\n\n\n<h3 class=\"wp-block-heading\"><span class=\"ez-toc-section\" id=\"5_Universeum_Goteborgban\"><\/span>5. Universeum G\u00f6teborgban<span class=\"ez-toc-section-end\"><\/span><\/h3>\n\n\n\n<p class=\"wp-block-paragraph\">Amikor a nyugati parton beborul az \u00e9g, \u00e9s elered az es\u0151, az Universeum a lehet\u0151 legjobb megold\u00e1s. <strong>Ez a hatalmas h\u00e9temeletes tudom\u00e1nyos k\u00f6zpont k\u00f6zvetlen\u00fcl a Liseberg vid\u00e1mpark mellett fekszik<\/strong>, \u00e9s a tanul\u00e1s \u00e9s a sz\u00f3rakoz\u00e1s csod\u00e1latos kever\u00e9k\u00e9t k\u00edn\u00e1lja minden koroszt\u00e1lynak a kisgyerekekt\u0151l a tinikig.<\/p>\n\n\n\n<p class=\"wp-block-paragraph\">A legnagyobb \u00e9lm\u00e9ny a hatalmas belt\u00e9ri es\u0151erd\u0151. Felf\u00fcggesztett k\u00f6t\u00e9lhidakon s\u00e9t\u00e1lsz hihetetlen p\u00e1r\u00e1ban \u00e9s melegben, mik\u00f6zben <strong>k\u00f6r\u00fcl\u00f6tted szabadon repkednek a tarkabarka madarak, egzotikus lepk\u00e9k, az \u00e1gakon pedig kis majmok ugr\u00e1lnak<\/strong>. A tr\u00f3pusok t\u00f6k\u00e9letes ill\u00fazi\u00f3ja a hideg Skandin\u00e1via k\u00f6zep\u00e9n elrejtve. A gyerekek itt t\u00e1tott sz\u00e1jjal figyelik az \u00e1llatokat hossz\u00fa perceken \u00e1t.<\/p>\n\n\n\n<p class=\"wp-block-paragraph\">Az als\u00f3 emeleteken pedig a l\u00e1togat\u00f3k feje felett egy \u00fcvegalag\u00fatban c\u00e1p\u00e1k \u00e9s r\u00e1j\u00e1k \u00fasznak. Ha pedig a gyerekek k\u00edv\u00e1ncsi t\u00edpusok, az \u0171rlaborat\u00f3riumt\u00f3l \u00e9s az interakt\u00edv k\u00eds\u00e9rletekkel teli emelett\u0151l gyakorlatilag nem tudod majd elr\u00e1ncig\u00e1lni \u0151ket. Saj\u00e1t kez\u0171leg hidakat \u00e9p\u00edtenek, robotokat programoznak, vagy az emberi test m\u0171k\u00f6d\u00e9s\u00e9t kutatj\u00e1k. A bel\u00e9p\u0151 kb. 295 SEK (kb. 9500 Ft) a feln\u0151ttnek, \u00e9s 245 SEK (kb. 7900 Ft) a h\u00e1rom\u00e9ves kort\u00f3l a gyerekeknek.<\/p>\n\n\n\n<p class=\"wp-block-paragraph\">\ud83d\udca1 <strong>Tipp:<\/strong> Az Universeumba egyenesen a nyit\u00e1sra indulj, miel\u0151tt meg\u00e9rkeznek az iskolai csoportok. Mind a h\u00e9t emelet megtekint\u00e9s\u00e9re sz\u00e1nj legal\u00e1bb n\u00e9gy \u00f3r\u00e1t, mert a gyerekeket egyszer\u0171en nem tudod elszak\u00edtani az interakt\u00edv k\u00eds\u00e9rletekt\u0151l.<\/p>\n\n\n\n<figure data-wp-context=\"{&quot;imageId&quot;:&quot;6a9530b4cef42&quot;}\" data-wp-interactive=\"core\/image\" data-wp-key=\"6a9530b4cef42\" class=\"wp-block-image size-full wp-lightbox-container\"><img decoding=\"async\" width=\"1800\" height=\"1200\" data-wp-class--hide=\"state.isContentHidden\" data-wp-class--show=\"state.isContentVisible\" data-wp-init=\"callbacks.setButtonStyles\" data-wp-on--click=\"actions.showLightbox\" data-wp-on--load=\"callbacks.setButtonStyles\" data-wp-on--pointerdown=\"actions.preloadImage\" data-wp-on--pointerenter=\"actions.preloadImageWithDelay\" data-wp-on--pointerleave=\"actions.cancelPreload\" data-wp-on-window--resize=\"callbacks.setButtonStyles\" src=\"https:\/\/loudavymkrokem.cz\/wp-content\/uploads\/2026\/07\/svedsko-clanky-svedsko-s-detmi-10.jpg\" alt=\"Skandin\u00e1v \u00e1llatok az \u00e1llatkertben\" class=\"wp-image-351188\" title=\"\" srcset=\"https:\/\/loudavymkrokem.cz\/wp-content\/uploads\/2026\/07\/svedsko-clanky-svedsko-s-detmi-10.jpg 1800w, https:\/\/loudavymkrokem.cz\/wp-content\/uploads\/2026\/07\/svedsko-clanky-svedsko-s-detmi-10-300x200.jpg 300w, https:\/\/loudavymkrokem.cz\/wp-content\/uploads\/2026\/07\/svedsko-clanky-svedsko-s-detmi-10-700x467.jpg 700w, https:\/\/loudavymkrokem.cz\/wp-content\/uploads\/2026\/07\/svedsko-clanky-svedsko-s-detmi-10-768x512.jpg 768w, https:\/\/loudavymkrokem.cz\/wp-content\/uploads\/2026\/07\/svedsko-clanky-svedsko-s-detmi-10-1536x1024.jpg 1536w, https:\/\/loudavymkrokem.cz\/wp-content\/uploads\/2026\/07\/svedsko-clanky-svedsko-s-detmi-10-696x464.jpg 696w, https:\/\/loudavymkrokem.cz\/wp-content\/uploads\/2026\/07\/svedsko-clanky-svedsko-s-detmi-10-1392x928.jpg 1392w\" sizes=\"(max-width: 1800px) 100vw, 1800px\" \/><button\n\t\t\tclass=\"lightbox-trigger\"\n\t\t\ttype=\"button\"\n\t\t\taria-haspopup=\"dialog\"\n\t\t\tdata-wp-bind--aria-label=\"state.thisImage.triggerButtonAriaLabel\"\n\t\t\tdata-wp-init=\"callbacks.initTriggerButton\"\n\t\t\tdata-wp-on--click=\"actions.showLightbox\"\n\t\t\tdata-wp-style--right=\"state.thisImage.buttonRight\"\n\t\t\tdata-wp-style--top=\"state.thisImage.buttonTop\"\n\t\t>\n\t\t\t<svg xmlns=\"http:\/\/www.w3.org\/2000\/svg\" width=\"12\" height=\"12\" fill=\"none\" viewBox=\"0 0 12 12\">\n\t\t\t\t<path fill=\"#fff\" d=\"M2 0a2 2 0 0 0-2 2v2h1.5V2a.5.5 0 0 1 .5-.5h2V0H2Zm2 10.5H2a.5.5 0 0 1-.5-.5V8H0v2a2 2 0 0 0 2 2h2v-1.5ZM8 12v-1.5h2a.5.5 0 0 0 .5-.5V8H12v2a2 2 0 0 1-2 2H8Zm2-12a2 2 0 0 1 2 2v2h-1.5V2a.5.5 0 0 0-.5-.5H8V0h2Z\" \/>\n\t\t\t<\/svg>\n\t\t<\/button><figcaption class=\"wp-element-caption\">Fot\u00f3: Media Friend \/ Pexels<\/figcaption><\/figure>\n\n\n\n<h3 class=\"wp-block-heading\"><span class=\"ez-toc-section\" id=\"6_Kolmarden_es_Gronklitt_allatokert_a_termeszetbe\"><\/span>6. Kolm\u00e5rden \u00e9s Gr\u00f6nklitt: \u00e1llatok\u00e9rt a term\u00e9szetbe<span class=\"ez-toc-section-end\"><\/span><\/h3>\n\n\n\n<p class=\"wp-block-paragraph\">Ha d\u00e9lr\u0151l aut\u00f3val Stockholm fel\u00e9 m\u00e9sz, mindenk\u00e9pp fontold meg a meg\u00e1ll\u00e1st Kolm\u00e5rdenben, mert ezt a szafarit nem aut\u00f3val vagy busszal j\u00e1rod be, hanem \u00fcvegkabinos libeg\u0151n rep\u00fclsz felette. <strong>Ez egy\u00e1ltal\u00e1n Skandin\u00e1via legnagyobb \u00e1llatkertje<\/strong>, amely gy\u00f6ny\u00f6r\u0171 erd\u0151kben fekszik.<\/p>\n\n\n\n<p class=\"wp-block-paragraph\">Magasb\u00f3l teh\u00e1t teljesen biztons\u00e1gosan figyeled az oroszl\u00e1nokat, zsir\u00e1fokat, struccokat \u00e9s antilopokat, amelyek szabadon mozognak a m\u00e9lyen alattad l\u00e9v\u0151 kiterjedt kifut\u00f3kban. <strong>A hatalmas ter\u00fclet r\u00e9sze a Bamse mese\u00f6vezet is<\/strong> (a h\u00edres sv\u00e9d k\u00e9preg\u00e9nymedv\u00e9nek szentelve) vid\u00e1mparki attrakci\u00f3kkal a legkisebbeknek \u00e9s egy nagyszab\u00e1s\u00fa j\u00e1tsz\u00f3t\u00e9rrel. A feln\u0151tt bel\u00e9p\u0151je kb. 42 EUR (kb. 16 000 Ft), \u00e9s a gyerekek itt garant\u00e1ltan elf\u00e1radnak a k\u00f6vetkez\u0151 aut\u00f3s \u00fat el\u0151tt.<\/p>\n\n\n\n<p class=\"wp-block-paragraph\">Kor\u00e1bban egy m\u00e1sik remek \u00e1llatos meg\u00e1ll\u00f3 volt a Gr\u00f6nklitt park a Dalarna r\u00e9gi\u00f3ban, amely a medv\u00e9ir\u0151l \u00e9s ragadoz\u00f3ir\u00f3l volt ismert. B\u00e1r az eredeti \u00e1llatparkon nemr\u00e9g v\u00e1ltoz\u00e1sok mentek v\u00e9gbe, \u00e9s az \u00e1llatok sz\u00e1ma cs\u00f6kkent, <strong>az eg\u00e9sz Orsa Gr\u00f6nklitt ter\u00fclet fantasztikus hely maradt azoknak a csal\u00e1doknak<\/strong>, akik gy\u00f6ny\u00f6r\u0171 \u00e9szaki term\u00e9szetre, t\u00f6k\u00e9letes ker\u00e9kp\u00e1rutakra \u00e9s m\u00e9ly, \u00e1fony\u00e1val teli erd\u0151kre v\u00e1gynak, ahol a gyerekekkel b\u00fcntetlen\u00fcl gy\u0171jthetsz.<\/p>\n\n\n\n<p class=\"wp-block-paragraph\">\ud83d\udca1 <strong>Tipp:<\/strong> Ha Kolm\u00e5rdenbe m\u00e9sz, vigy\u00e9l magaddal nagyobb kerek\u0171 sportbabakocsit. A ter\u00fclet dombos erdei terepen h\u00faz\u00f3dik sz\u00e9t, \u00e9s a kis v\u00e1rosi kerekekkel sokat k\u00ednl\u00f3dn\u00e1l a kifut\u00f3k k\u00f6zti k\u00f6zleked\u00e9ssel.<\/p>\n\n\n\n<figure data-wp-context=\"{&quot;imageId&quot;:&quot;6a9530b4cf70b&quot;}\" data-wp-interactive=\"core\/image\" data-wp-key=\"6a9530b4cf70b\" class=\"wp-block-image size-full wp-lightbox-container\"><img decoding=\"async\" width=\"1800\" height=\"1200\" data-wp-class--hide=\"state.isContentHidden\" data-wp-class--show=\"state.isContentVisible\" data-wp-init=\"callbacks.setButtonStyles\" data-wp-on--click=\"actions.showLightbox\" data-wp-on--load=\"callbacks.setButtonStyles\" data-wp-on--pointerdown=\"actions.preloadImage\" data-wp-on--pointerenter=\"actions.preloadImageWithDelay\" data-wp-on--pointerleave=\"actions.cancelPreload\" data-wp-on-window--resize=\"callbacks.setButtonStyles\" src=\"https:\/\/loudavymkrokem.cz\/wp-content\/uploads\/2026\/07\/svedsko-clanky-svedsko-s-detmi-11.jpg\" alt=\"Gyerekek a Vasa haj\u00f3m\u00fazeumban\" class=\"wp-image-351194\" title=\"\" srcset=\"https:\/\/loudavymkrokem.cz\/wp-content\/uploads\/2026\/07\/svedsko-clanky-svedsko-s-detmi-11.jpg 1800w, https:\/\/loudavymkrokem.cz\/wp-content\/uploads\/2026\/07\/svedsko-clanky-svedsko-s-detmi-11-300x200.jpg 300w, https:\/\/loudavymkrokem.cz\/wp-content\/uploads\/2026\/07\/svedsko-clanky-svedsko-s-detmi-11-700x467.jpg 700w, https:\/\/loudavymkrokem.cz\/wp-content\/uploads\/2026\/07\/svedsko-clanky-svedsko-s-detmi-11-768x512.jpg 768w, https:\/\/loudavymkrokem.cz\/wp-content\/uploads\/2026\/07\/svedsko-clanky-svedsko-s-detmi-11-1536x1024.jpg 1536w, https:\/\/loudavymkrokem.cz\/wp-content\/uploads\/2026\/07\/svedsko-clanky-svedsko-s-detmi-11-696x464.jpg 696w, https:\/\/loudavymkrokem.cz\/wp-content\/uploads\/2026\/07\/svedsko-clanky-svedsko-s-detmi-11-1392x928.jpg 1392w\" sizes=\"(max-width: 1800px) 100vw, 1800px\" \/><button\n\t\t\tclass=\"lightbox-trigger\"\n\t\t\ttype=\"button\"\n\t\t\taria-haspopup=\"dialog\"\n\t\t\tdata-wp-bind--aria-label=\"state.thisImage.triggerButtonAriaLabel\"\n\t\t\tdata-wp-init=\"callbacks.initTriggerButton\"\n\t\t\tdata-wp-on--click=\"actions.showLightbox\"\n\t\t\tdata-wp-style--right=\"state.thisImage.buttonRight\"\n\t\t\tdata-wp-style--top=\"state.thisImage.buttonTop\"\n\t\t>\n\t\t\t<svg xmlns=\"http:\/\/www.w3.org\/2000\/svg\" width=\"12\" height=\"12\" fill=\"none\" viewBox=\"0 0 12 12\">\n\t\t\t\t<path fill=\"#fff\" d=\"M2 0a2 2 0 0 0-2 2v2h1.5V2a.5.5 0 0 1 .5-.5h2V0H2Zm2 10.5H2a.5.5 0 0 1-.5-.5V8H0v2a2 2 0 0 0 2 2h2v-1.5ZM8 12v-1.5h2a.5.5 0 0 0 .5-.5V8H12v2a2 2 0 0 1-2 2H8Zm2-12a2 2 0 0 1 2 2v2h-1.5V2a.5.5 0 0 0-.5-.5H8V0h2Z\" \/>\n\t\t\t<\/svg>\n\t\t<\/button><figcaption class=\"wp-element-caption\">Fot\u00f3: Helena Jankovi\u010dov\u00e1 Kov\u00e1\u010dov\u00e1 \/ Pexels<\/figcaption><\/figure>\n\n\n\n<h3 class=\"wp-block-heading\"><span class=\"ez-toc-section\" id=\"7_A_Vasa_Muzeum_es_a_lenyugozo_hajoroncs\"><\/span>7. A Vasa M\u00fazeum \u00e9s a leny\u0171g\u00f6z\u0151 haj\u00f3roncs<span class=\"ez-toc-section-end\"><\/span><\/h3>\n\n\n\n<p class=\"wp-block-paragraph\">Tal\u00e1n azt gondolod, hogy egy t\u00f6rt\u00e9nelmi m\u00fazeum nem lesz a kis csemet\u00e9knek val\u00f3, de a <a href=\"https:\/\/www.vasamuseet.se\/\" rel=\"nofollow noopener\" target=\"_blank\">Vasa haj\u00f3m\u00fazeum<\/a> Djurg\u00e5rden sziget\u00e9n \u00f3ri\u00e1si kiv\u00e9tel. <strong>M\u00e9g azok a gyerekek is t\u00e1tott sz\u00e1jjal \u00e1llnak a hom\u00e1lyos csarnokba l\u00e9pve, akiket a szok\u00e1sos ki\u00e1ll\u00edt\u00e1sok egy\u00e1ltal\u00e1n nem \u00e9rdekelnek<\/strong>. K\u00f6zvetlen\u00fcl el\u0151tt\u00fck magasodik ugyanis egy hatalmas tizenhetedik sz\u00e1zadi hadihaj\u00f3, hihetetlen \u00e1llapotban meg\u0151rizve.<\/p>\n\n\n\n<p class=\"wp-block-paragraph\">A haj\u00f3 t\u00f6rt\u00e9nete \u00f6nmag\u00e1ban is leny\u0171g\u00f6z\u0151. Olyan neh\u00e9z \u00e9s rosszul megtervezett volt, hogy <strong>r\u00f6gt\u00f6n az els\u0151 \u00fatj\u00e1n els\u00fcllyedt, mind\u00f6ssze ezerh\u00e1romsz\u00e1z m\u00e9terre a stockholmi kik\u00f6t\u0151t\u0151l<\/strong>. A tengerfen\u00e9k iszapj\u00e1ban fek\u00fcdt azt\u00e1n t\u00f6bb mint h\u00e1romsz\u00e1z \u00e9vig, miel\u0151tt a m\u00e9rn\u00f6k\u00f6k bonyolult m\u00f3don a felsz\u00ednre emelt\u00e9k. Ma ez \u00e9vi t\u00f6bb mint egymilli\u00f3 l\u00e1togat\u00f3val Skandin\u00e1via legl\u00e1togatottabb m\u00fazeuma.<\/p>\n\n\n\n<p class=\"wp-block-paragraph\">A megtekint\u00e9s remek\u00fcl alkalmazkodik a kisebb l\u00e1togat\u00f3khoz is, akik megvizsg\u00e1lhatj\u00e1k a haj\u00f3 modelljeit, meg\u00e9rinthetik a b\u00fav\u00e1rharangokat, vagy anim\u00e1ci\u00f3s filmeket n\u00e9zhetnek a felfedez\u00e9s\u00e9r\u0151l. <strong>\u00d3ri\u00e1si el\u0151ny ism\u00e9t a bel\u00e9p\u0151, amely a 18 \u00e9v alatti gyerekeknek teljesen ingyenes<\/strong> (a feln\u0151ttek nagyj\u00e1b\u00f3l 240 SEK-et fizetnek a ny\u00e1ri szezonban \u00e9s 195 SEK-et t\u00e9len).<\/p>\n\n\n\n<p class=\"wp-block-paragraph\">\ud83d\udca1 <strong>Tipp:<\/strong> A m\u00fazeum szigor\u00faan k\u00e9szp\u00e9nzmentes, \u00edgy semmi k\u00e9szp\u00e9nzt ne vigy\u00e9l magaddal. Egyenesen reggel indulj a nyit\u00e1sra (ny\u00e1ron m\u00e1r 8:30-kor), mert tizenegy k\u00f6r\u00fcl a csarnok megtelik, \u00e9s hossz\u00fa sorok alakulnak ki.<\/p>\n\n\n\n<figure data-wp-context=\"{&quot;imageId&quot;:&quot;6a9530b4cfe4a&quot;}\" data-wp-interactive=\"core\/image\" data-wp-key=\"6a9530b4cfe4a\" class=\"wp-block-image size-full wp-lightbox-container\"><img decoding=\"async\" width=\"1800\" height=\"1200\" data-wp-class--hide=\"state.isContentHidden\" data-wp-class--show=\"state.isContentVisible\" data-wp-init=\"callbacks.setButtonStyles\" data-wp-on--click=\"actions.showLightbox\" data-wp-on--load=\"callbacks.setButtonStyles\" data-wp-on--pointerdown=\"actions.preloadImage\" data-wp-on--pointerenter=\"actions.preloadImageWithDelay\" data-wp-on--pointerleave=\"actions.cancelPreload\" data-wp-on-window--resize=\"callbacks.setButtonStyles\" src=\"https:\/\/loudavymkrokem.cz\/wp-content\/uploads\/2026\/07\/svedsko-clanky-svedsko-s-detmi-12.jpg\" alt=\"Gyerekek f\u00fcrd\u0151z\u00e9se a st\u00e9gr\u0151l\" class=\"wp-image-351202\" title=\"\" srcset=\"https:\/\/loudavymkrokem.cz\/wp-content\/uploads\/2026\/07\/svedsko-clanky-svedsko-s-detmi-12.jpg 1800w, https:\/\/loudavymkrokem.cz\/wp-content\/uploads\/2026\/07\/svedsko-clanky-svedsko-s-detmi-12-300x200.jpg 300w, https:\/\/loudavymkrokem.cz\/wp-content\/uploads\/2026\/07\/svedsko-clanky-svedsko-s-detmi-12-700x467.jpg 700w, https:\/\/loudavymkrokem.cz\/wp-content\/uploads\/2026\/07\/svedsko-clanky-svedsko-s-detmi-12-768x512.jpg 768w, https:\/\/loudavymkrokem.cz\/wp-content\/uploads\/2026\/07\/svedsko-clanky-svedsko-s-detmi-12-1536x1024.jpg 1536w, https:\/\/loudavymkrokem.cz\/wp-content\/uploads\/2026\/07\/svedsko-clanky-svedsko-s-detmi-12-696x464.jpg 696w, https:\/\/loudavymkrokem.cz\/wp-content\/uploads\/2026\/07\/svedsko-clanky-svedsko-s-detmi-12-1392x928.jpg 1392w\" sizes=\"(max-width: 1800px) 100vw, 1800px\" \/><button\n\t\t\tclass=\"lightbox-trigger\"\n\t\t\ttype=\"button\"\n\t\t\taria-haspopup=\"dialog\"\n\t\t\tdata-wp-bind--aria-label=\"state.thisImage.triggerButtonAriaLabel\"\n\t\t\tdata-wp-init=\"callbacks.initTriggerButton\"\n\t\t\tdata-wp-on--click=\"actions.showLightbox\"\n\t\t\tdata-wp-style--right=\"state.thisImage.buttonRight\"\n\t\t\tdata-wp-style--top=\"state.thisImage.buttonTop\"\n\t\t>\n\t\t\t<svg xmlns=\"http:\/\/www.w3.org\/2000\/svg\" width=\"12\" height=\"12\" fill=\"none\" viewBox=\"0 0 12 12\">\n\t\t\t\t<path fill=\"#fff\" d=\"M2 0a2 2 0 0 0-2 2v2h1.5V2a.5.5 0 0 1 .5-.5h2V0H2Zm2 10.5H2a.5.5 0 0 1-.5-.5V8H0v2a2 2 0 0 0 2 2h2v-1.5ZM8 12v-1.5h2a.5.5 0 0 0 .5-.5V8H12v2a2 2 0 0 1-2 2H8Zm2-12a2 2 0 0 1 2 2v2h-1.5V2a.5.5 0 0 0-.5-.5H8V0h2Z\" \/>\n\t\t\t<\/svg>\n\t\t<\/button><figcaption class=\"wp-element-caption\">Fot\u00f3: Ron Lach \/ Pexels<\/figcaption><\/figure>\n\n\n\n<h3 class=\"wp-block-heading\"><span class=\"ez-toc-section\" id=\"8_Furdozes_a_tavakban_es_varosi_strandokon\"><\/span>8. F\u00fcrd\u0151z\u00e9s a tavakban \u00e9s v\u00e1rosi strandokon<span class=\"ez-toc-section-end\"><\/span><\/h3>\n\n\n\n<p class=\"wp-block-paragraph\">A sv\u00e9d nyarat egy\u00e1ltal\u00e1n nem lehet f\u00fcrd\u0151z\u00e9s n\u00e9lk\u00fcl elk\u00e9pzelni, \u00e9s a gyerekek minden id\u0151ben im\u00e1dj\u00e1k a vizet. B\u00e1r a Balti-tenger \u00e1ltal\u00e1ban hidegebb \u00e9s m\u00e9lyebb, <strong>a sek\u00e9ly \u00f6bl\u00f6kben \u00e9s belf\u00f6ldi tavakban a v\u00edz h\u0151m\u00e9rs\u00e9klete j\u00faliusban \u00e9s augusztusban rendszerint el\u00e9ri a kellemes h\u00fasz fokot<\/strong>. Az orsz\u00e1got t\u00f6bb ezer t\u00f3 pettyezi, \u00edgy rendezett homokos strandot mosd\u00f3val gyakorlatilag minden kanyar m\u00f6g\u00f6tt tal\u00e1lsz. A gyerekeknek mindenk\u00e9pp \u00e9rdemes v\u00edzicip\u0151t csomagolni, mert sok kisebb t\u00f3 alj\u00e1t kavicsok vagy durv\u00e1bb homok alkotja.<\/p>\n\n\n\n<p class=\"wp-block-paragraph\">A kisebb gyerekes csal\u00e1doknak els\u0151sorban \u00d6land sziget\u00e9t aj\u00e1nlom a d\u00e9lkeleti parton. <strong>A hatalmas B\u00f6da Sand kemping k\u00f6r\u00fcli strandok hihetetlen\u00fcl sek\u00e9ly tengeri bej\u00e1rattal rendelkeznek<\/strong>, \u00edgy a v\u00edz itt olyan meleg, mint a k\u00e1v\u00e9, a kisgyerekek pedig teljesen biztons\u00e1gosan j\u00e1tszhatnak a feh\u00e9r homokban a partt\u00f3l sok t\u00edz m\u00e9terre.<\/p>\n\n\n\n<p class=\"wp-block-paragraph\">Ha ink\u00e1bb a belf\u00f6ld\u00f6n mozogsz, teljesen remek f\u00fcrd\u0151z\u00e9st k\u00edn\u00e1lnak a hatalmas V\u00e4ttern \u00e9s M\u00e4laren tavak tiszta \u00e9desv\u00edzzel. <strong>M\u00e9g k\u00f6zvetlen\u00fcl Stockholm k\u00f6zpontj\u00e1ban is rendezett v\u00e1rosi strandokba botlasz<\/strong>, ahol egy f\u00e1raszt\u00f3 m\u00fazeumnap ut\u00e1n nyugodtan beugorhatsz a gyerekekkel a meglep\u0151en tiszta v\u00edzbe, felfriss\u00fclhetsz, \u00e9s megehetsz egy gomb\u00f3cfagyit.<\/p>\n\n\n\n<p class=\"wp-block-paragraph\">\ud83d\udca1 <strong>Tipp:<\/strong> Sok sv\u00e9d t\u00f3n\u00e1l nyilv\u00e1nos t\u0171zrak\u00f3helyeket tal\u00e1lsz el\u0151k\u00e9sz\u00edtett f\u00e1val. V\u00e9gy a szupermarketben egy csomag sv\u00e9d kolb\u00e1szt (grillkorv), vigy\u00e9l magaddal gyuf\u00e1t, \u00e9s f\u00fcrd\u00e9s ut\u00e1n csin\u00e1lj a gyerekekkel egy igazi \u00e9szaki t\u00e1bort\u00fczet.<\/p>\n\n\n\n<figure data-wp-context=\"{&quot;imageId&quot;:&quot;6a9530b4d03a6&quot;}\" data-wp-interactive=\"core\/image\" data-wp-key=\"6a9530b4d03a6\" class=\"wp-block-image size-full wp-lightbox-container\"><img decoding=\"async\" width=\"1800\" height=\"1200\" data-wp-class--hide=\"state.isContentHidden\" data-wp-class--show=\"state.isContentVisible\" data-wp-init=\"callbacks.setButtonStyles\" data-wp-on--click=\"actions.showLightbox\" data-wp-on--load=\"callbacks.setButtonStyles\" data-wp-on--pointerdown=\"actions.preloadImage\" data-wp-on--pointerenter=\"actions.preloadImageWithDelay\" data-wp-on--pointerleave=\"actions.cancelPreload\" data-wp-on-window--resize=\"callbacks.setButtonStyles\" src=\"https:\/\/loudavymkrokem.cz\/wp-content\/uploads\/2026\/07\/svedsko-clanky-svedsko-s-detmi-13.jpg\" alt=\"T\u00f3parti fah\u00e1z mint b\u00e1zis\" class=\"wp-image-351208\" title=\"\" srcset=\"https:\/\/loudavymkrokem.cz\/wp-content\/uploads\/2026\/07\/svedsko-clanky-svedsko-s-detmi-13.jpg 1800w, https:\/\/loudavymkrokem.cz\/wp-content\/uploads\/2026\/07\/svedsko-clanky-svedsko-s-detmi-13-300x200.jpg 300w, https:\/\/loudavymkrokem.cz\/wp-content\/uploads\/2026\/07\/svedsko-clanky-svedsko-s-detmi-13-700x467.jpg 700w, https:\/\/loudavymkrokem.cz\/wp-content\/uploads\/2026\/07\/svedsko-clanky-svedsko-s-detmi-13-768x512.jpg 768w, https:\/\/loudavymkrokem.cz\/wp-content\/uploads\/2026\/07\/svedsko-clanky-svedsko-s-detmi-13-1536x1024.jpg 1536w, https:\/\/loudavymkrokem.cz\/wp-content\/uploads\/2026\/07\/svedsko-clanky-svedsko-s-detmi-13-696x464.jpg 696w, https:\/\/loudavymkrokem.cz\/wp-content\/uploads\/2026\/07\/svedsko-clanky-svedsko-s-detmi-13-1392x928.jpg 1392w\" sizes=\"(max-width: 1800px) 100vw, 1800px\" \/><button\n\t\t\tclass=\"lightbox-trigger\"\n\t\t\ttype=\"button\"\n\t\t\taria-haspopup=\"dialog\"\n\t\t\tdata-wp-bind--aria-label=\"state.thisImage.triggerButtonAriaLabel\"\n\t\t\tdata-wp-init=\"callbacks.initTriggerButton\"\n\t\t\tdata-wp-on--click=\"actions.showLightbox\"\n\t\t\tdata-wp-style--right=\"state.thisImage.buttonRight\"\n\t\t\tdata-wp-style--top=\"state.thisImage.buttonTop\"\n\t\t>\n\t\t\t<svg xmlns=\"http:\/\/www.w3.org\/2000\/svg\" width=\"12\" height=\"12\" fill=\"none\" viewBox=\"0 0 12 12\">\n\t\t\t\t<path fill=\"#fff\" d=\"M2 0a2 2 0 0 0-2 2v2h1.5V2a.5.5 0 0 1 .5-.5h2V0H2Zm2 10.5H2a.5.5 0 0 1-.5-.5V8H0v2a2 2 0 0 0 2 2h2v-1.5ZM8 12v-1.5h2a.5.5 0 0 0 .5-.5V8H12v2a2 2 0 0 1-2 2H8Zm2-12a2 2 0 0 1 2 2v2h-1.5V2a.5.5 0 0 0-.5-.5H8V0h2Z\" \/>\n\t\t\t<\/svg>\n\t\t<\/button><figcaption class=\"wp-element-caption\">Fot\u00f3: Oliver Schr\u00f6der \/ Pexels<\/figcaption><\/figure>\n\n\n\n<h3 class=\"wp-block-heading\"><span class=\"ez-toc-section\" id=\"9_Toparti_fahaz_mint_idealis_bazis\"><\/span>9. T\u00f3parti fah\u00e1z mint ide\u00e1lis b\u00e1zis<span class=\"ez-toc-section-end\"><\/span><\/h3>\n\n\n\n<p class=\"wp-block-paragraph\">Az, ahogy a sv\u00e9dek a nyarat t\u00f6ltik, egy stuga nev\u0171 jelens\u00e9g k\u00f6r\u00e9 \u00f6sszpontosul. <strong>Ez egy hagyom\u00e1nyos fah\u00e1z, t\u00f6bbnyire a jellegzetes s\u00f6t\u00e9tv\u00f6r\u00f6s sz\u00ednnel lefestve<\/strong> (falur\u00f6d), amely valahol az erd\u0151ben, a v\u00edz k\u00f6zvetlen k\u00f6zel\u00e9ben \u00e1ll. Egy gyerekes csal\u00e1dnak egy ilyen h\u00e1z b\u00e9rl\u00e9se a legjobb m\u00f3dja annak, hogy \u00e9lvezd az orsz\u00e1got, \u00e9s ne k\u00f6lts egy vagyont. Sok t\u00f3parti fah\u00e1znak r\u00e1ad\u00e1sul a b\u00e9rleti \u00e1rban van egy kis evez\u0151s cs\u00f3nakja is, \u00edgy a gyerekekkel b\u00e1rmikor v\u00edzre sz\u00e1llhatsz.<\/p>\n\n\n\n<p class=\"wp-block-paragraph\">Ezzel hatalmas teret kapsz, ahol a gyerekek szabadon futk\u00e1roshatnak kint a f\u00fcv\u00f6n, \u00e1fony\u00e1t gy\u0171jthetnek egyenesen a h\u00e1z m\u00f6g\u00f6tt (l\u00e9pten-nyomon n\u0151), mik\u00f6zben te a teraszon iszod a reggeli k\u00e1v\u00e9dat. <strong>L\u00e9nyeges plusz a teljesen felszerelt konyha<\/strong>, aminek k\u00f6sz\u00f6nhet\u0151en a szupermarketben v\u00e1s\u00e1rolt alapanyagokb\u00f3l k\u00e9sz\u00edthetsz \u00e9teleket (ahol az \u00e1rak nagyj\u00e1b\u00f3l k\u00e9tszeresei a magyarorsz\u00e1ginak), \u00e9s \u00edgy ezreket sp\u00f3rolsz a rendk\u00edv\u00fcl dr\u00e1ga \u00e9ttermeken.<\/p>\n\n\n\n<p class=\"wp-block-paragraph\">Az ide\u00e1lis fah\u00e1z keres\u00e9sekor \u00f6sszpontos\u00edts olyan r\u00e9gi\u00f3kra, mint Sm\u00e5land vagy Dalarna, ahol a fah\u00e1zk\u00edn\u00e1lat a legsz\u00e9lesebb. Haszn\u00e1lhatsz helyi platformokat, mint a Stugknuten, ahol k\u00f6zvetlen\u00fcl a sv\u00e9d tulajdonosokt\u00f3l b\u00e9relsz h\u00e1zat. <strong>Csak arra figyelj, hogy a mos\u00f3g\u00e9p nem szokott alapfelszerelts\u00e9g lenni<\/strong>, \u00edgy csomagolj magaddal el\u00e9g gyerekruh\u00e1t.<\/p>\n\n\n\n<p class=\"wp-block-paragraph\">\ud83d\udca1 <strong>Tipp:<\/strong> Mindig ellen\u0151rizd el\u0151re, hogy a b\u00e9rleti \u00e1r tartalmazza-e az \u00e1gynem\u0171t \u00e9s a t\u00f6r\u00f6lk\u00f6z\u0151t. A sv\u00e9dek megszokt\u00e1k, hogy saj\u00e1t \u00e1gynem\u0171t hoznak a fah\u00e1zakba, \u00e9s ha nincs, a tulajdonos h\u00edzott fel\u00e1rat sz\u00e1mol fel \u00e9rte.<\/p>\n\n\n\n<figure data-wp-context=\"{&quot;imageId&quot;:&quot;6a9530b4d0ba6&quot;}\" data-wp-interactive=\"core\/image\" data-wp-key=\"6a9530b4d0ba6\" class=\"wp-block-image size-full wp-lightbox-container\"><img decoding=\"async\" width=\"1800\" height=\"1200\" data-wp-class--hide=\"state.isContentHidden\" data-wp-class--show=\"state.isContentVisible\" data-wp-init=\"callbacks.setButtonStyles\" data-wp-on--click=\"actions.showLightbox\" data-wp-on--load=\"callbacks.setButtonStyles\" data-wp-on--pointerdown=\"actions.preloadImage\" data-wp-on--pointerenter=\"actions.preloadImageWithDelay\" data-wp-on--pointerleave=\"actions.cancelPreload\" data-wp-on-window--resize=\"callbacks.setButtonStyles\" src=\"https:\/\/loudavymkrokem.cz\/wp-content\/uploads\/2026\/07\/svedsko-clanky-svedsko-s-detmi-14.jpg\" alt=\"Kemping fah\u00e1zakkal csal\u00e1doknak\" class=\"wp-image-351216\" title=\"\" srcset=\"https:\/\/loudavymkrokem.cz\/wp-content\/uploads\/2026\/07\/svedsko-clanky-svedsko-s-detmi-14.jpg 1800w, https:\/\/loudavymkrokem.cz\/wp-content\/uploads\/2026\/07\/svedsko-clanky-svedsko-s-detmi-14-300x200.jpg 300w, https:\/\/loudavymkrokem.cz\/wp-content\/uploads\/2026\/07\/svedsko-clanky-svedsko-s-detmi-14-700x467.jpg 700w, https:\/\/loudavymkrokem.cz\/wp-content\/uploads\/2026\/07\/svedsko-clanky-svedsko-s-detmi-14-768x512.jpg 768w, https:\/\/loudavymkrokem.cz\/wp-content\/uploads\/2026\/07\/svedsko-clanky-svedsko-s-detmi-14-1536x1024.jpg 1536w, https:\/\/loudavymkrokem.cz\/wp-content\/uploads\/2026\/07\/svedsko-clanky-svedsko-s-detmi-14-696x464.jpg 696w, https:\/\/loudavymkrokem.cz\/wp-content\/uploads\/2026\/07\/svedsko-clanky-svedsko-s-detmi-14-1392x928.jpg 1392w\" sizes=\"(max-width: 1800px) 100vw, 1800px\" \/><button\n\t\t\tclass=\"lightbox-trigger\"\n\t\t\ttype=\"button\"\n\t\t\taria-haspopup=\"dialog\"\n\t\t\tdata-wp-bind--aria-label=\"state.thisImage.triggerButtonAriaLabel\"\n\t\t\tdata-wp-init=\"callbacks.initTriggerButton\"\n\t\t\tdata-wp-on--click=\"actions.showLightbox\"\n\t\t\tdata-wp-style--right=\"state.thisImage.buttonRight\"\n\t\t\tdata-wp-style--top=\"state.thisImage.buttonTop\"\n\t\t>\n\t\t\t<svg xmlns=\"http:\/\/www.w3.org\/2000\/svg\" width=\"12\" height=\"12\" fill=\"none\" viewBox=\"0 0 12 12\">\n\t\t\t\t<path fill=\"#fff\" d=\"M2 0a2 2 0 0 0-2 2v2h1.5V2a.5.5 0 0 1 .5-.5h2V0H2Zm2 10.5H2a.5.5 0 0 1-.5-.5V8H0v2a2 2 0 0 0 2 2h2v-1.5ZM8 12v-1.5h2a.5.5 0 0 0 .5-.5V8H12v2a2 2 0 0 1-2 2H8Zm2-12a2 2 0 0 1 2 2v2h-1.5V2a.5.5 0 0 0-.5-.5H8V0h2Z\" \/>\n\t\t\t<\/svg>\n\t\t<\/button><figcaption class=\"wp-element-caption\">Fot\u00f3: Martin Auge \/ Pexels<\/figcaption><\/figure>\n\n\n\n<!-- LKM_GYG_CARD start q=\"svedsko\" lang=\"hu\" rendered=\"2026-08-31T05:44:34+00:00\" v=\"1\" -->\n<style id=\"lk-gyg-styles\">\n@import url(\"https:\/\/fonts.googleapis.com\/css2?family=Playfair+Display:wght@700&family=DM+Sans:wght@300;400;500;600&display=swap\");\n\/* === LK GYG karty \u2014 CRO redesign 2026-05 (namespace .lkx-) ===\n   C\u00edl: vy\u0161\u0161\u00ed CTR (hero + v\u00fdrazn\u00fd social proof + ak\u010dn\u00ed CTA, m\u00e9n\u011b \"reklamn\u00ed\").\n   Injektuje se inline do prvn\u00edho markeru postu (refresh_cards.py --inline-css). *\/\n.lkx-module, .lkx-module *{box-sizing:border-box;margin:0;padding:0}\n.lkx-module{\n  font-family:'DM Sans',-apple-system,Segoe UI,Roboto,Georgia,sans-serif;\n  max-width:860px;margin:2.5rem auto;color:#1f2328;\n}\n\n\/* HEADER \u2014 lehk\u00fd editorsk\u00fd, \u017e\u00e1dn\u00fd bannerov\u00fd blok; nadpis + popisek pod n\u00edm *\/\n.lkx-head{margin-bottom:16px}\n.lkx-head-main{display:flex;align-items:center;gap:10px}\n.lkx-head-accent{width:26px;height:3px;border-radius:2px;background:#c39f76;flex-shrink:0}\n.lkx-head-title{font-family:'Playfair Display',Georgia,serif;font-size:21px;font-weight:700;color:#1a1a1a;line-height:1.25}\n.lkx-head-meta{display:block;font-size:11px;letter-spacing:.3px;color:#9aa0a6;margin-top:4px;margin-left:36px}\n\n\/* HERO *\/\n.lkx-hero{display:grid;grid-template-columns:300px 1fr;background:#fff;border:1px solid #ece7df;border-radius:14px;overflow:hidden;text-decoration:none!important;color:inherit;box-shadow:0 6px 20px rgba(0,0,0,.06);transition:box-shadow .2s,transform .2s;margin-bottom:14px}\n.lkx-hero:hover{box-shadow:0 12px 30px rgba(0,0,0,.12);transform:translateY(-2px)}\n.lkx-hero-img{position:relative;min-height:230px;background-size:cover;background-position:center;background-color:#eee}\n.lkx-hero-body{padding:22px 24px;display:flex;flex-direction:column}\n.lkx-pick{position:absolute;top:12px;left:12px;background:#1a1a1a;color:#fff;font-size:11px;font-weight:700;letter-spacing:.5px;padding:5px 11px;border-radius:20px}\n\n\/* TITLE *\/\n.lkx-title{font-size:19px;font-weight:700;color:#161616;line-height:1.3}\n.lkx-title-sm{font-size:14.5px;line-height:1.35;display:-webkit-box;-webkit-line-clamp:2;-webkit-box-orient:vertical;overflow:hidden}\n\n\/* SOCIAL PROOF \u2014 v\u00fdrazn\u011b, naho\u0159e *\/\n.lkx-proof{display:flex;align-items:center;gap:7px;margin-top:12px;font-size:15px;color:#3a3a3a}\n.lkx-proof b{font-size:16px;color:#161616}\n.lkx-stars{color:#f5a623;letter-spacing:1px}\n.lkx-proof-sm{font-size:12.5px;margin-top:8px;gap:5px}\n.lkx-proof-sm b{font-size:13px}\n.lkx-proof-new{color:#3685fc;font-weight:600}\n\n\/* PRICE \u2014 n\u00edzk\u00e1 kotva *\/\n.lkx-price{font-size:14px;color:#6b7280}\n.lkx-price b{font-size:20px;color:#161616;font-weight:700}\n.lkx-price-sm b{font-size:15px}\n\n\/* CTA \u2014 tepl\u00e9 ak\u010dn\u00ed tla\u010d\u00edtko *\/\n.lkx-cta{display:inline-flex;align-items:center;justify-content:center;text-decoration:none!important;font-weight:700;color:#fff!important;background:linear-gradient(135deg,#f6743f,#e8552a);border-radius:10px;box-shadow:0 6px 16px rgba(232,85,42,.32);transition:box-shadow .2s}\n.lkx-cta-hero{font-size:15px;padding:13px 22px}\n.lkx-hero:hover .lkx-cta-hero{box-shadow:0 8px 22px rgba(232,85,42,.45)}\n.lkx-cta-sm{font-size:12.5px;padding:9px 14px;width:100%;margin-top:2px}\n.lkx-hero-bottom{margin-top:auto;padding-top:18px;display:flex;align-items:center;justify-content:space-between;gap:14px;flex-wrap:wrap}\n\n\/* BADGE \u2014 jeden v\u00fdrazn\u00fd na fotce *\/\n.lkx-badge{position:absolute;top:12px;right:12px;font-size:10.5px;font-weight:700;letter-spacing:.3px;padding:5px 10px;border-radius:16px;color:#fff}\n.lkx-badge.badge-urgency{background:rgba(214,40,40,.92)}\n.lkx-badge.badge-new{background:rgba(54,133,252,.92)}\n.lkx-badge.badge-top{background:rgba(195,159,118,.95)}\n.lkx-badge.badge-info{background:rgba(40,40,40,.78)}\n\n\/* SECONDARY GRID *\/\n.lkx-grid{display:grid;grid-template-columns:1fr 1fr;gap:14px}\n.lkx-card{background:#fff;border:1px solid #ece7df;border-radius:14px;overflow:hidden;text-decoration:none!important;color:inherit;box-shadow:0 4px 14px rgba(0,0,0,.05);display:flex;flex-direction:column;transition:box-shadow .2s,transform .2s}\n.lkx-card:hover{box-shadow:0 10px 24px rgba(0,0,0,.1);transform:translateY(-2px)}\n.lkx-card-img{position:relative;aspect-ratio:16\/10;background-size:cover;background-position:center;background-color:#eee}\n.lkx-card-body{padding:14px 16px 16px;display:flex;flex-direction:column;gap:7px;flex:1}\n.lkx-card-bottom{margin-top:auto;padding-top:10px;display:flex;align-items:center;justify-content:space-between;gap:8px}\n\n\/* DISCLOSURE \u2014 drobn\u00e1, kv\u016fli d\u016fv\u011b\u0159e\/z\u00e1konu *\/\n.lkx-disclosure{font-size:11px;color:#a7adb3;text-align:center;margin-top:14px;line-height:1.6}\n.lkx-disclosure a{color:#c39f76;text-decoration:none}\n\n@media(max-width:680px){\n  .lkx-hero{grid-template-columns:1fr}\n  .lkx-hero-img{min-height:180px}\n  .lkx-grid{grid-template-columns:1fr}\n  .lkx-head-meta{margin-left:0;width:100%}\n  .lkx-head-title{font-size:19px}\n}\n\n<\/style>\n<div class=\"lkx-module\" data-query=\"svedsko\">\n  <div class=\"lkx-head\">\n    <div class=\"lkx-head-main\">\n      <span class=\"lkx-head-accent\"><\/span>\n      <span class=\"lkx-head-title\">\u00c9lm\u00e9nyek \u00e9s bel\u00e9p\u0151jegyek<\/span>\n    <\/div>\n    <span class=\"lkx-head-meta\">utaz\u00f3k \u00e1ltal \u00e9rt\u00e9kelve \u00b7 GetYourGuide<\/span>\n  <\/div><a class=\"lkx-hero\" href=\"https:\/\/www.getyourguide.com\/hu-hu\/stockholm-l50\/stockholm-szigetcsoport-varosnezo-tura-t33191\/?partner_id=MKZ64IS&amp;utm_medium=online_publisher&amp;cmp=svedorszag-gyerekkel-tippek\" target=\"_blank\" rel=\"sponsored noopener nofollow\">\n    <div class=\"lkx-hero-img\" style=\"background-image:url('https:\/\/cdn.getyourguide.com\/img\/tour\/7bffade2cdeacce9d53cf9f03a5b93c29c0c49847efc8bd89498034441afec8d.jpg\/132.jpg')\" role=\"img\" aria-label=\"Stockholm: Szigetvil\u00e1gi v\u00e1rosn\u00e9z\u0151 haj\u00f3k\u00e1z\u00e1s idegenvezet\u0151vel\">\n      <span class=\"lkx-pick\">\u2605 A mi tipp\u00fcnk<\/span><\/div>\n    <div class=\"lkx-hero-body\">\n      <div class=\"lkx-title\">Stockholm: Szigetvil\u00e1gi v\u00e1rosn\u00e9z\u0151 haj\u00f3k\u00e1z\u00e1s idegenvezet\u0151vel<\/div>\n      <div class=\"lkx-proof\">\n      <span class=\"lkx-stars\">\u2605\u2605\u2605\u2605\u2605<\/span>\n      <b>4.3<\/b> \u00b7 11 752 \u00e9rt\u00e9kel\u00e9s\n    <\/div>\n      <div class=\"lkx-hero-bottom\"><div class=\"lkx-price\">m\u00e1r <b>25\u00a0EUR<\/b><\/div><span class=\"lkx-cta lkx-cta-hero\">Ezt az \u00e9lm\u00e9nyt akarom \u2192<\/span>\n      <\/div>\n    <\/div>\n  <\/a><div class=\"lkx-grid\"><a class=\"lkx-card\" href=\"https:\/\/www.getyourguide.com\/hu-hu\/stockholm-l50\/stockholm-nordiska-museet-belepojegy-t662504\/?partner_id=MKZ64IS&amp;utm_medium=online_publisher&amp;cmp=svedorszag-gyerekkel-tippek\" target=\"_blank\" rel=\"sponsored noopener nofollow\">\n      <div class=\"lkx-card-img\" style=\"background-image:url('https:\/\/cdn.getyourguide.com\/img\/tour\/c965479e6ad784d0cc2a42e1028164a8c333be626f49b536f9f7809bc56e4387.jpg\/132.jpg')\" role=\"img\" aria-label=\"Stockholm: Nordiska Museet bel\u00e9p\u0151jegy\"><\/div>\n      <div class=\"lkx-card-body\">\n        <div class=\"lkx-title lkx-title-sm\">Stockholm: Nordiska Museet bel\u00e9p\u0151jegy<\/div>\n        <div class=\"lkx-proof lkx-proof-sm\">\n      <span class=\"lkx-stars\">\u2605<\/span>\n      <b>4.5<\/b> \u00b7 332\n    <\/div>\n        <div class=\"lkx-card-bottom\"><span class=\"lkx-price lkx-price-sm\">m\u00e1r <b>15\u00a0EUR<\/b><\/span><span class=\"lkx-cta lkx-cta-sm\">Id\u0151pontok megtekint\u00e9se \u2192<\/span>\n        <\/div>\n      <\/div>\n    <\/a><a class=\"lkx-card\" href=\"https:\/\/www.getyourguide.com\/hu-hu\/stockholm-l50\/stockholm-stockholm-archipelago-boat-tour-t811343\/?partner_id=MKZ64IS&amp;utm_medium=online_publisher&amp;cmp=svedorszag-gyerekkel-tippek\" target=\"_blank\" rel=\"sponsored noopener nofollow\">\n      <div class=\"lkx-card-img\" style=\"background-image:url('https:\/\/cdn.getyourguide.com\/img\/tour\/854c2fc41d730fd53ddedf011305028048989ca8d5761996c3fbcd1568c7df26.jpg\/132.jpg')\" role=\"img\" aria-label=\"Stockholm: \u00c9l\u0151 idegenvezet\u00e9ses haj\u00f3k\u00e1z\u00e1s a szigetcsoporton\"><\/div>\n      <div class=\"lkx-card-body\">\n        <div class=\"lkx-title lkx-title-sm\">Stockholm: \u00c9l\u0151 idegenvezet\u00e9ses haj\u00f3k\u00e1z\u00e1s a szigetcsoporton<\/div>\n        <div class=\"lkx-proof lkx-proof-sm\">\n      <span class=\"lkx-stars\">\u2605<\/span>\n      <b>4.5<\/b> \u00b7 5 728\n    <\/div>\n        <div class=\"lkx-card-bottom\"><span class=\"lkx-price lkx-price-sm\">m\u00e1r <b>25\u00a0EUR<\/b><\/span><span class=\"lkx-cta lkx-cta-sm\">Id\u0151pontok megtekint\u00e9se \u2192<\/span>\n        <\/div>\n      <\/div>\n    <\/a><\/div><div class=\"lkx-disclosure\">\ud83d\udd17 A linkek partnerlinkek \u2014 az \u00e1rat nem v\u00e1ltoztatj\u00e1k, nek\u00fcnk viszont seg\u00edtenek a tartalomk\u00e9sz\u00edt\u00e9sben. \u00b7 <a href=\"https:\/\/www.getyourguide.com\/hu-hu\/s\/?q=svedsko&amp;partner_id=MKZ64IS&amp;utm_medium=online_publisher\" target=\"_blank\" rel=\"sponsored noopener nofollow\">\u00d6sszes \u00e9lm\u00e9ny \u2192<\/a><\/div>\n<\/div>\n<!-- LKM_GYG_CARD end -->\n\n\n\n\n<div class=\"lk-stays-module\">\n<style>\n\/* \u2500\u2500\u2500 RESET PRO GUTENBERG \u2500\u2500\u2500 *\/\n.lk-stays-module * { box-sizing: border-box; margin: 0; padding: 0; }\n\n\/* \u2500\u2500\u2500 WRAPPER \u2500\u2500\u2500 *\/\n.lk-stays-module {\n  font-family: 'DM Sans', Georgia, sans-serif;\n  max-width: 100%;\n  margin: 2.5rem auto;\n  background: linear-gradient(135deg, #fdfaf5 0%, #fcf8f0 100%);\n  border: 1px solid #e8dfd4;\n  border-radius: 16px;\n  overflow: hidden;\n  box-shadow: 0 16px 48px rgba(195, 159, 118, 0.25), 0 4px 12px rgba(0,0,0,0.08);\n}\n\n\/* \u2500\u2500\u2500 HEADER \u2500\u2500\u2500 *\/\n.lk-stays-header {\n  position: relative;\n  padding: 24px 36px 24px;\n  background: linear-gradient(135deg, #c39f76 0%, #d4b188 60%, #c39f76 100%);\n  border-bottom: 1px solid rgba(255,255,255,.15);\n  display: flex;\n  align-items: center;\n  gap: 18px;\n}\n.lk-stays-header::before {\n  content: '';\n  position: absolute;\n  inset: 0;\n  background: url(\"data:image\/svg+xml,%3Csvg width='60' height='60' viewBox='0 0 60 60' xmlns='http:\/\/www.w3.org\/2000\/svg'%3E%3Cg fill='none' fill-rule='evenodd'%3E%3Cg fill='%23ffffff' fill-opacity='0.05'%3E%3Cpath d='M36 34v-4h-2v4h-4v2h4v4h2v-4h4v-2h-4zm0-30V0h-2v4h-4v2h4v4h2V6h4V4h-4zM6 34v-4H4v4H0v2h4v4h2v-4h4v-2H6zM6 4V0H4v4H0v2h4v4h2V6h4V4H6z'\/%3E%3C\/g%3E%3C\/g%3E%3C\/svg%3E\") repeat;\n  pointer-events: none;\n}\n.lk-stays-icon {\n  flex-shrink: 0;\n  width: 68px;\n  height: 68px;\n  border-radius: 14px;\n  background: linear-gradient(135deg, #fff 0%, #f9f6f0 100%);\n  display: flex;\n  align-items: center;\n  justify-content: center;\n  font-size: 26px;\n  box-shadow: 0 4px 12px rgba(0,0,0,0.15);\n}\n.lk-stays-eyebrow {\n  font-size: 10px;\n  font-weight: 500;\n  letter-spacing: 2.5px;\n  text-transform: uppercase;\n  color: rgba(255,255,255,.85);\n  margin: 0 0 5px 0;\n}\n.lk-stays-title {\n  font-family: 'Playfair Display', Georgia, serif;\n  font-size: 24px;\n  font-weight: 700;\n  color: #fff;\n  line-height: 1.2;\n  text-shadow: 0 1px 2px rgba(0,0,0,0.1);\n  margin: 0;\n}\n.lk-stays-subtitle {\n  font-size: 13px;\n  color: rgba(255,255,255,.75);\n  margin: 4px 0 0 0;\n  font-weight: 300;\n}\n\n\/* \u2500\u2500\u2500 CARDS GRID \u2500\u2500\u2500 *\/\n.lk-stays-grid {\n  display: grid;\n  grid-template-columns: 1fr 1fr;\n  gap: 1px;\n  background: rgba(195, 159, 118, 0.12);\n}\n\n\/* \u2500\u2500\u2500 SINGLE CARD \u2500\u2500\u2500 *\/\n.lk-stay-card {\n  background: #ffffff;\n  padding: 26px;\n  display: flex;\n  flex-direction: column;\n  gap: 11px;\n  transition: all 0.3s ease;\n  text-decoration: none;\n  color: inherit;\n  position: relative;\n}\n.lk-stay-card:hover {\n  background: #fffbf5;\n  transform: translateY(-2px);\n  box-shadow: 0 8px 24px rgba(195, 159, 118, 0.18);\n  z-index: 1;\n}\n.lk-stay-card.featured {\n  background: linear-gradient(135deg, #fffdf9 0%, #fff9f0 100%);\n  box-shadow: 0 4px 16px rgba(195, 159, 118, 0.15), inset 0 1px 0 rgba(195, 159, 118, 0.1);\n}\n.lk-stay-card.featured:hover {\n  background: linear-gradient(135deg, #fffbf5 0%, #fff8ed 100%);\n  box-shadow: 0 8px 24px rgba(195, 159, 118, 0.25), inset 0 1px 0 rgba(195, 159, 118, 0.15);\n}\n\n.lk-stay-badge {\n  display: inline-flex;\n  align-items: center;\n  gap: 5px;\n  font-size: 10px;\n  font-weight: 500;\n  letter-spacing: 1.5px;\n  text-transform: uppercase;\n  padding: 5px 11px;\n  border-radius: 20px;\n  width: fit-content;\n}\n.badge-top     { background: linear-gradient(135deg, #c39f76 0%, #d4b188 100%); color: #fff; border: 1px solid #c39f76; font-weight: 600; box-shadow: 0 2px 8px rgba(195,159,118,0.3); }\n.badge-luxury  { background: rgba(195,159,118,.12); color: #c39f76; border: 1px solid rgba(195,159,118,.25); }\n.badge-boutique{ background: rgba(54,133,252,.08); color: #3685fc; border: 1px solid rgba(54,133,252,.2); }\n.badge-nature  { background: rgba(130,190,100,.1); color: #6b9c4a; border: 1px solid rgba(130,190,100,.2); }\n.badge-remote  { background: rgba(195,159,118,.12); color: #a67e50; border: 1px solid rgba(195,159,118,.25); }\n\n.lk-stay-name {\n  font-family: 'Playfair Display', Georgia, serif;\n  font-size: 18px;\n  font-weight: 700;\n  color: #111827;\n  line-height: 1.3;\n}\n.lk-stay-desc {\n  font-size: 13.5px;\n  color: #525252;\n  line-height: 1.65;\n  font-weight: 300;\n  flex: 1;\n}\n\n.lk-stay-meta {\n  display: flex;\n  align-items: center;\n  gap: 12px;\n  flex-wrap: wrap;\n  margin-top: 4px;\n}\n.lk-stay-price {\n  font-size: 13px;\n  color: #6b7280;\n}\n.lk-stay-price strong {\n  color: #c39f76;\n  font-weight: 500;\n}\n.lk-stay-stars {\n  color: #c39f76;\n  font-size: 11px;\n  letter-spacing: 1px;\n}\n\n\/* \u2500\u2500\u2500 CTA BUTTON \u2500\u2500\u2500 *\/\n.lk-stay-cta {\n  display: inline-flex;\n  align-items: center;\n  justify-content: center;\n  gap: 7px;\n  margin-top: 8px;\n  padding: 11px 20px;\n  border-radius: 8px;\n  background: linear-gradient(135deg, #3685fc 0%, #2a6fd9 100%);\n  color: #fff;\n  font-size: 13px;\n  font-weight: 500;\n  text-decoration: none;\n  letter-spacing: .3px;\n  transition: all .2s ease;\n  cursor: pointer;\n  border: none;\n  text-align: center;\n  box-shadow: 0 4px 12px rgba(54, 133, 252, 0.25);\n}\n.lk-stay-cta:hover {\n  background: linear-gradient(135deg, #2a6fd9 0%, #1e5bc4 100%);\n  transform: translateY(-1px);\n  box-shadow: 0 6px 16px rgba(54, 133, 252, 0.35);\n}\n.lk-stay-cta svg { flex-shrink: 0; }\n\n\/* \u2500\u2500\u2500 FOOTER \u2500\u2500\u2500 *\/\n.lk-stays-footer {\n  padding: 18px 36px;\n  background: linear-gradient(to bottom, #fdfaf5 0%, #f9f4ed 100%);\n  border-top: 1px solid rgba(195, 159, 118, 0.15);\n  display: flex;\n  align-items: center;\n  justify-content: space-between;\n  flex-wrap: wrap;\n  gap: 12px;\n}\n.lk-stays-footer-note {\n  font-size: 11.5px;\n  color: #6b7280;\n  font-weight: 300;\n  line-height: 1.5;\n}\n.lk-stays-footer-note a {\n  color: #c39f76;\n  text-decoration: none;\n  font-weight: 400;\n}\n.lk-stays-footer-note a:hover {\n  text-decoration: underline;\n}\n.lk-stays-all-btn {\n  display: inline-flex;\n  align-items: center;\n  gap: 6px;\n  font-size: 12.5px;\n  font-weight: 500;\n  color: #c39f76;\n  text-decoration: none;\n  border: 1px solid rgba(195, 159, 118, 0.35);\n  padding: 8px 18px;\n  border-radius: 8px;\n  transition: all .2s ease;\n}\n.lk-stays-all-btn:hover {\n  background: rgba(195, 159, 118, 0.08);\n  border-color: rgba(195, 159, 118, 0.5);\n}\n\n\/* \u2500\u2500\u2500 RESPONSIVE \u2500\u2500\u2500 *\/\n@media (max-width: 600px) {\n  .lk-stays-grid { grid-template-columns: 1fr; }\n  .lk-stays-header { padding: 24px 20px; }\n  .lk-stays-footer { padding: 16px 20px; }\n  .lk-stay-card { padding: 22px; }\n  .lk-stays-title { font-size: 20px; }\n}\n<\/style>\n\n  <!-- HEADER -->\n  <div class=\"lk-stays-header\">\n    <img decoding=\"async\" src=\"https:\/\/loudavymkrokem.cz\/wp-content\/uploads\/2026\/02\/lukas-a-lucka.jpg\" alt=\"\" style=\"width: 75px; height: 75px; border-radius: 8px; flex-shrink: 0; object-fit: cover; display: block; margin: 4px 0;\" title=\"\">\n    <div class=\"lk-stays-header-text\">\n      <div class=\"lk-stays-eyebrow\">Luk\u00e1\u0161 \u00e9s Lucie aj\u00e1nlj\u00e1k<\/div>\n      <div class=\"lk-stays-title\">Hol sz\u00e1lljon meg Sv\u00e9dorsz\u00e1gban<\/div>\n      <div class=\"lk-stays-subtitle\">6 sz\u00e1ll\u00e1shely \u2014 \u00fcd\u00fcl\u0151helyek, sz\u00e1llod\u00e1k \u00e9s egy\u00e9b sz\u00e1ll\u00e1slehet\u0151s\u00e9gek<\/div>\n    <\/div>\n  <\/div>\n\n  <!-- CARDS -->\n  <div class=\"lk-stays-grid\">\n\n    <a class=\"lk-stay-card featured\" href=\"https:\/\/www.stay22.com\/allez\/roam?aid=lukaskonecny&#038;campaign=loudavymkrokemcz&#038;campaign=hu&#038;campaign=svedsko-s-detmi&#038;hotelname=B%C3%B6da%20Sand&#038;address=%C3%96land%2C%20%C5%A0v%C3%A9dsko\" target=\"_blank\" rel=\"nofollow noopener\">\n      <span class=\"lk-stay-badge badge-top\">\u2b50 TOP V\u00c1LASZT\u00c1S<\/span>\n      <span class=\"lk-stay-badge badge-nature\">\u26fa Kemping<\/span>\n      <div class=\"lk-stay-name\">B\u00f6da Sand<\/div>\n      <div class=\"lk-stay-desc\">Sv\u00e9dorsz\u00e1g legnagyobb kempingje kilom\u00e9ter hossz\u00fa feh\u00e9r strandokkal \u00e9s sek\u00e9ly tengerparttal, aquaparkkal \u00e9s t\u00f6bb tucat fah\u00e1zzal.<\/div>\n      <div class=\"lk-stay-meta\">\n        <span class=\"lk-stay-stars\">\u2605\u2605\u2605\u2605<\/span>\n        <span class=\"lk-stay-price\">\u00c1rak megtekint\u00e9se<\/span>\n      <\/div>\n      <span class=\"lk-stay-cta\">\n        <svg width=\"14\" height=\"14\" viewBox=\"0 0 24 24\" fill=\"none\" stroke=\"currentColor\" stroke-width=\"2\"><path d=\"M18 13v6a2 2 0 0 1-2 2H5a2 2 0 0 1-2-2V8a2 2 0 0 1 2-2h6\"\/><polyline points=\"15 3 21 3 21 9\"\/><line x1=\"10\" y1=\"14\" x2=\"21\" y2=\"3\"\/><\/svg>\n        Ellen\u0151rizd az el\u00e9rhet\u0151s\u00e9get\n      <\/span>\n    <\/a>\n\n    <a class=\"lk-stay-card\" href=\"https:\/\/www.stay22.com\/allez\/roam?aid=lukaskonecny&#038;campaign=loudavymkrokemcz&#038;campaign=hu&#038;campaign=svedsko-s-detmi&#038;hotelname=Vimmerby%20Camping&#038;address=Vimmerby%2C%20%C5%A0v%C3%A9dsko\" target=\"_blank\" rel=\"nofollow noopener\">\n      <span class=\"lk-stay-badge badge-nature\">\u26fa Kemping<\/span>\n      <div class=\"lk-stay-name\">Vimmerby Camping<\/div>\n      <div class=\"lk-stay-desc\">Strat\u00e9giai k\u00f6zels\u00e9g Astrid Lindgren vid\u00e1mparkj\u00e1hoz, t\u00f3val \u00e9s csendes erdei hangulattal. Fah\u00e1z 1 200 SEK-t\u0151l\/\u00e9jszaka.<\/div>\n      <div class=\"lk-stay-meta\">\n        <span class=\"lk-stay-stars\">\u2605\u2605\u2605\u2605<\/span>\n        <span class=\"lk-stay-price\">1 200 SEK-t\u0151l (110 EUR)\/\u00e9jszaka<\/span>\n      <\/div>\n      <span class=\"lk-stay-cta\">\n        <svg width=\"14\" height=\"14\" viewBox=\"0 0 24 24\" fill=\"none\" stroke=\"currentColor\" stroke-width=\"2\"><path d=\"M18 13v6a2 2 0 0 1-2 2H5a2 2 0 0 1-2-2V8a2 2 0 0 1 2-2h6\"\/><polyline points=\"15 3 21 3 21 9\"\/><line x1=\"10\" y1=\"14\" x2=\"21\" y2=\"3\"\/><\/svg>\n        Ellen\u0151rizd az el\u00e9rhet\u0151s\u00e9get\n      <\/span>\n    <\/a>\n\n    <a class=\"lk-stay-card\" href=\"https:\/\/www.stay22.com\/allez\/roam?aid=lukaskonecny&#038;campaign=loudavymkrokemcz&#038;campaign=hu&#038;campaign=svedsko-s-detmi&#038;hotelname=Kneippbyn%20Resort&#038;address=Visby%2C%20Gotland%2C%20%C5%A0v%C3%A9dsko\" target=\"_blank\" rel=\"nofollow noopener\">\n      <span class=\"lk-stay-badge badge-nature\">\ud83c\udf32 Resort<\/span>\n      <div class=\"lk-stay-name\">Kneippbyn Resort<\/div>\n      <div class=\"lk-stay-desc\">\u00dcd\u00fcl\u0151hely az eredeti Villa Villekula h\u00e1zzal a Harisny\u00e1s Pippi forgat\u00e1s\u00e1b\u00f3l, ny\u00e1ri aquaparkkal \u00e9s csal\u00e1di apartmanokkal.<\/div>\n      <div class=\"lk-stay-meta\">\n        <span class=\"lk-stay-stars\">\u2605\u2605\u2605\u2605<\/span>\n        <span class=\"lk-stay-price\">\u00c1rak megtekint\u00e9se<\/span>\n      <\/div>\n      <span class=\"lk-stay-cta\">\n        <svg width=\"14\" height=\"14\" viewBox=\"0 0 24 24\" fill=\"none\" stroke=\"currentColor\" stroke-width=\"2\"><path d=\"M18 13v6a2 2 0 0 1-2 2H5a2 2 0 0 1-2-2V8a2 2 0 0 1 2-2h6\"\/><polyline points=\"15 3 21 3 21 9\"\/><line x1=\"10\" y1=\"14\" x2=\"21\" y2=\"3\"\/><\/svg>\n        Ellen\u0151rizd az el\u00e9rhet\u0151s\u00e9get\n      <\/span>\n    <\/a>\n\n    <a class=\"lk-stay-card\" href=\"https:\/\/www.stay22.com\/allez\/roam?aid=lukaskonecny&#038;campaign=loudavymkrokemcz&#038;campaign=hu&#038;campaign=svedsko-s-detmi&#038;hotelname=Scandic%20Grand%20Central&#038;address=Stockholm%2C%20%C5%A0v%C3%A9dsko\" target=\"_blank\" rel=\"nofollow noopener\">\n      <span class=\"lk-stay-badge badge-nature\">\ud83c\udfe8 Hotel<\/span>\n      <div class=\"lk-stay-name\">Scandic Grand Central<\/div>\n      <div class=\"lk-stay-desc\">Csal\u00e1di sz\u00e1lloda Stockholm k\u00f6zpontj\u00e1ban, 13 \u00e9ves korig ingyenes gyermeksz\u00e1ll\u00e1s, gyermek b\u00fcf\u00e9 a reggelin\u00e9l \u00e9s j\u00e1t\u00e9kosok.<\/div>\n      <div class=\"lk-stay-meta\">\n        <span class=\"lk-stay-stars\">\u2605\u2605\u2605\u2605<\/span>\n        <span class=\"lk-stay-price\">1 800 SEK-t\u0151l (170 EUR)\/\u00e9jszaka<\/span>\n      <\/div>\n      <span class=\"lk-stay-cta\">\n        <svg width=\"14\" height=\"14\" viewBox=\"0 0 24 24\" fill=\"none\" stroke=\"currentColor\" stroke-width=\"2\"><path d=\"M18 13v6a2 2 0 0 1-2 2H5a2 2 0 0 1-2-2V8a2 2 0 0 1 2-2h6\"\/><polyline points=\"15 3 21 3 21 9\"\/><line x1=\"10\" y1=\"14\" x2=\"21\" y2=\"3\"\/><\/svg>\n        Ellen\u0151rizd az el\u00e9rhet\u0151s\u00e9get\n      <\/span>\n    <\/a>\n\n    <a class=\"lk-stay-card\" href=\"https:\/\/www.stay22.com\/allez\/roam?aid=lukaskonecny&#038;campaign=loudavymkrokemcz&#038;campaign=hu&#038;campaign=svedsko-s-detmi&#038;hotelname=First%20Camp%20Tyl%C3%B6sand&#038;address=Halmstad%2C%20%C5%A0v%C3%A9dsko\" target=\"_blank\" rel=\"nofollow noopener\">\n      <span class=\"lk-stay-badge badge-nature\">\u26fa Kemping<\/span>\n      <div class=\"lk-stay-name\">First Camp Tyl\u00f6sand<\/div>\n      <div class=\"lk-stay-desc\">Kemping k\u00f6zvetlen\u00fcl a nyugati part egyik legszebb strandj\u00e1n\u00e1l anim\u00e1ci\u00f3kkal \u00e9s modern j\u00e1tsz\u00f3terekkel.<\/div>\n      <div class=\"lk-stay-meta\">\n        <span class=\"lk-stay-stars\">\u2605\u2605\u2605\u2605<\/span>\n        <span class=\"lk-stay-price\">\u00c1rak megtekint\u00e9se<\/span>\n      <\/div>\n      <span class=\"lk-stay-cta\">\n        <svg width=\"14\" height=\"14\" viewBox=\"0 0 24 24\" fill=\"none\" stroke=\"currentColor\" stroke-width=\"2\"><path d=\"M18 13v6a2 2 0 0 1-2 2H5a2 2 0 0 1-2-2V8a2 2 0 0 1 2-2h6\"\/><polyline points=\"15 3 21 3 21 9\"\/><line x1=\"10\" y1=\"14\" x2=\"21\" y2=\"3\"\/><\/svg>\n        Ellen\u0151rizd az el\u00e9rhet\u0151s\u00e9get\n      <\/span>\n    <\/a>\n\n    <a class=\"lk-stay-card\" href=\"https:\/\/www.stay22.com\/allez\/roam?aid=lukaskonecny&#038;campaign=loudavymkrokemcz&#038;campaign=hu&#038;campaign=svedskosdetmi&#038;address=\u0161v\u00e9dsko\" target=\"_blank\" rel=\"nofollow noopener\">\n      <span class=\"lk-stay-badge badge-nature\">\ud83d\udd0d Keres\u00e9s<\/span>\n      <div class=\"lk-stay-name\">Az \u00f6sszes sz\u00e1ll\u00e1shely megtekint\u00e9se Sv\u00e9dorsz\u00e1gban<\/div>\n      <div class=\"lk-stay-desc\">Fedezze fel az \u00f6sszes el\u00e9rhet\u0151 sz\u00e1ll\u00e1slehet\u0151s\u00e9get Sv\u00e9dorsz\u00e1gban, \u00e9s tal\u00e1lja meg a legjobbat preferenci\u00e1i \u00e9s k\u00f6lts\u00e9gvet\u00e9se szerint.<\/div>\n      <div class=\"lk-stay-meta\">\n        <span class=\"lk-stay-stars\">\u2605\u2605\u2605\u2605<\/span>\n        <span class=\"lk-stay-price\">\u00c1rak \u00f6sszehasonl\u00edt\u00e1sa<\/span>\n      <\/div>\n      <span class=\"lk-stay-cta\">\n        <svg width=\"14\" height=\"14\" viewBox=\"0 0 24 24\" fill=\"none\" stroke=\"currentColor\" stroke-width=\"2\"><path d=\"M18 13v6a2 2 0 0 1-2 2H5a2 2 0 0 1-2-2V8a2 2 0 0 1 2-2h6\"\/><polyline points=\"15 3 21 3 21 9\"\/><line x1=\"10\" y1=\"14\" x2=\"21\" y2=\"3\"\/><\/svg>\n        Ellen\u0151rizd az el\u00e9rhet\u0151s\u00e9get\n      <\/span>\n    <\/a>\n\n  <\/div>\n\n  \n<\/div>\n\n\n\n\n<h3 class=\"wp-block-heading\"><span class=\"ez-toc-section\" id=\"10_Fahazas_kempingek_es_mire_szamits_bennuk\"><\/span>10. Fah\u00e1zas kempingek \u00e9s mire sz\u00e1m\u00edts benn\u00fck<span class=\"ez-toc-section-end\"><\/span><\/h3>\n\n\n\n<p class=\"wp-block-paragraph\">Ha nem akarsz teljesen egyed\u00fcl lakni az erd\u0151 k\u00f6zep\u00e9n egy fah\u00e1zban, \u00e9s ink\u00e1bb t\u00e1rsas\u00e1got szeretn\u00e9l, v\u00e1lassz nagyobb \u00fcd\u00fcl\u0151parkokat \u00e9s kempingeket. <strong>A legismertebb h\u00e1l\u00f3zat a First Camp, amelynek Sv\u00e9dorsz\u00e1g-szerte modern telephelyei vannak<\/strong>, \u00e9s els\u0151sorban a gyerekes csal\u00e1dokra \u00f6sszpontos\u00edt. Ne v\u00e1rj semmif\u00e9le vad s\u00e1traz\u00e1st, ezek a ter\u00fcletek ink\u00e1bb t\u00f6k\u00e9letesen felszerelt nyaral\u00f3v\u00e1rosokra eml\u00e9keztetnek, gyakran saj\u00e1t, k\u00e9s\u0151 \u00e9jszak\u00e1ig nyitva tart\u00f3 recepci\u00f3val \u00e9s kis bolttal a v\u00e9szv\u00e1s\u00e1rl\u00e1sokhoz.<\/p>\n\n\n\n<p class=\"wp-block-paragraph\">Bevett szabv\u00e1ny a t\u00f6k\u00e9letesen karbantartott \u00e9s t\u00e1gas, mikrohull\u00e1m\u00fa s\u00fct\u0151vel felszerelt k\u00f6z\u00f6s konyha, a tiszta csal\u00e1di zuhanyz\u00f3 pelenk\u00e1z\u00f3val \u00e9s a hatalmas trambulinos j\u00e1tsz\u00f3t\u00e9r. <strong>Ny\u00e1ron a kempingek gyakran ingyenes anim\u00e1ci\u00f3s programokat is szerveznek<\/strong>, ahol az oktat\u00f3k pap\u00edrb\u00f3l bark\u00e1csolnak a gyerekekkel, vagy mozg\u00e1sos j\u00e1t\u00e9kokat j\u00e1tszanak, mik\u00f6zben te egy percre megpihenhetsz, \u00e9s megihatsz egy k\u00e1v\u00e9t a kempingi \u00e9tteremben.<\/p>\n\n\n\n<p class=\"wp-block-paragraph\">A lak\u00f3aut\u00f3soknak a kempinget illet\u0151en egy rendk\u00edv\u00fcl fontos szab\u00e1ly \u00e9rv\u00e9nyes. <strong>A h\u00edres szabad term\u00e9szetj\u00e1r\u00e1si jog (allemansr\u00e4tten) nem vonatkozik a g\u00e9pj\u00e1rm\u0171vekre<\/strong>, \u00edgy a lak\u00f3aut\u00f3val nem t\u00e9rhetsz le az \u00fatr\u00f3l, \u00e9s nem \u00e1llhatsz meg egy r\u00e9ten a strand mellett. Mindig a lak\u00f3aut\u00f3k sz\u00e1m\u00e1ra kijel\u00f6lt hivatalos \u00e1ll\u00f3helyeket (st\u00e4llplatser) vagy a klasszikus kempingeket kell haszn\u00e1lnod.<\/p>\n\n\n\n<p class=\"wp-block-paragraph\">\ud83d\udca1 <strong>Tipp:<\/strong> A legt\u00f6bb nagy kemping teljesen k\u00e9szp\u00e9nzmentesen m\u0171k\u00f6dik, \u00e9s a k\u00f6z\u00f6s zuhanyz\u00f3kba \u00e9s konyh\u00e1kba val\u00f3 bel\u00e9p\u00e9shez chipk\u00e1rty\u00e1t kapsz. Erre gondosan vigy\u00e1zz, n\u00e9lk\u00fcle a gyerekekkel gyakran m\u00e9g a ter\u00fclet nyilv\u00e1nos mosd\u00f3iba sem jutsz be.<\/p>\n\n\n\n<figure data-wp-context=\"{&quot;imageId&quot;:&quot;6a9530b4d12e3&quot;}\" data-wp-interactive=\"core\/image\" data-wp-key=\"6a9530b4d12e3\" class=\"wp-block-image size-full wp-lightbox-container\"><img decoding=\"async\" width=\"1800\" height=\"1200\" data-wp-class--hide=\"state.isContentHidden\" data-wp-class--show=\"state.isContentVisible\" data-wp-init=\"callbacks.setButtonStyles\" data-wp-on--click=\"actions.showLightbox\" data-wp-on--load=\"callbacks.setButtonStyles\" data-wp-on--pointerdown=\"actions.preloadImage\" data-wp-on--pointerenter=\"actions.preloadImageWithDelay\" data-wp-on--pointerleave=\"actions.cancelPreload\" data-wp-on-window--resize=\"callbacks.setButtonStyles\" src=\"https:\/\/loudavymkrokem.cz\/wp-content\/uploads\/2026\/07\/svedsko-clanky-svedsko-s-detmi-15.jpg\" alt=\"Vonatoz\u00e1s gyerekekkel\" class=\"wp-image-351222\" title=\"\" srcset=\"https:\/\/loudavymkrokem.cz\/wp-content\/uploads\/2026\/07\/svedsko-clanky-svedsko-s-detmi-15.jpg 1800w, https:\/\/loudavymkrokem.cz\/wp-content\/uploads\/2026\/07\/svedsko-clanky-svedsko-s-detmi-15-300x200.jpg 300w, https:\/\/loudavymkrokem.cz\/wp-content\/uploads\/2026\/07\/svedsko-clanky-svedsko-s-detmi-15-700x467.jpg 700w, https:\/\/loudavymkrokem.cz\/wp-content\/uploads\/2026\/07\/svedsko-clanky-svedsko-s-detmi-15-768x512.jpg 768w, https:\/\/loudavymkrokem.cz\/wp-content\/uploads\/2026\/07\/svedsko-clanky-svedsko-s-detmi-15-1536x1024.jpg 1536w, https:\/\/loudavymkrokem.cz\/wp-content\/uploads\/2026\/07\/svedsko-clanky-svedsko-s-detmi-15-696x464.jpg 696w, https:\/\/loudavymkrokem.cz\/wp-content\/uploads\/2026\/07\/svedsko-clanky-svedsko-s-detmi-15-1392x928.jpg 1392w\" sizes=\"(max-width: 1800px) 100vw, 1800px\" \/><button\n\t\t\tclass=\"lightbox-trigger\"\n\t\t\ttype=\"button\"\n\t\t\taria-haspopup=\"dialog\"\n\t\t\tdata-wp-bind--aria-label=\"state.thisImage.triggerButtonAriaLabel\"\n\t\t\tdata-wp-init=\"callbacks.initTriggerButton\"\n\t\t\tdata-wp-on--click=\"actions.showLightbox\"\n\t\t\tdata-wp-style--right=\"state.thisImage.buttonRight\"\n\t\t\tdata-wp-style--top=\"state.thisImage.buttonTop\"\n\t\t>\n\t\t\t<svg xmlns=\"http:\/\/www.w3.org\/2000\/svg\" width=\"12\" height=\"12\" fill=\"none\" viewBox=\"0 0 12 12\">\n\t\t\t\t<path fill=\"#fff\" d=\"M2 0a2 2 0 0 0-2 2v2h1.5V2a.5.5 0 0 1 .5-.5h2V0H2Zm2 10.5H2a.5.5 0 0 1-.5-.5V8H0v2a2 2 0 0 0 2 2h2v-1.5ZM8 12v-1.5h2a.5.5 0 0 0 .5-.5V8H12v2a2 2 0 0 1-2 2H8Zm2-12a2 2 0 0 1 2 2v2h-1.5V2a.5.5 0 0 0-.5-.5H8V0h2Z\" \/>\n\t\t\t<\/svg>\n\t\t<\/button><figcaption class=\"wp-element-caption\">Fot\u00f3: Iqbal farooz \/ Pexels<\/figcaption><\/figure>\n\n\n\n<h3 class=\"wp-block-heading\"><span class=\"ez-toc-section\" id=\"11_Vonattal_Svedorszagban_gyerekekkel\"><\/span>11. Vonattal Sv\u00e9dorsz\u00e1gban gyerekekkel<span class=\"ez-toc-section-end\"><\/span><\/h3>\n\n\n\n<p class=\"wp-block-paragraph\">M\u00edg a magyar csal\u00e1dok t\u00falnyom\u00f3 t\u00f6bbs\u00e9ge saj\u00e1t aut\u00f3val vagy lak\u00f3aut\u00f3val indul a messzi \u00e9szakra, a sv\u00e9d vonatokkal val\u00f3 utaz\u00e1s v\u00e1ratlanul k\u00e9nyelmes \u00e9s sz\u00f3rakoztat\u00f3 alternat\u00edva. <strong>Az \u00e1llami SJ vas\u00fatt\u00e1rsas\u00e1g gyorsvonatain a hossz\u00fa \u00fatvonalakon gyakran teljes csal\u00e1di kocsik vannak fenntartva<\/strong>, amelyeket a legapr\u00f3bb r\u00e9szletekig a ny\u00fczsg\u0151 utasokkal val\u00f3 utaz\u00e1shoz igaz\u00edtottak. A peronon dolgoz\u00f3k r\u00e1ad\u00e1sul t\u00f6bbnyire sz\u00edvesen seg\u00edtenek a nehezebb csomagok berakod\u00e1s\u00e1val.<\/p>\n\n\n\n<p class=\"wp-block-paragraph\">Ezekben a speci\u00e1lis vagonokban t\u00e1gas helyet tal\u00e1lsz a babakocsik biztons\u00e1gos parkol\u00e1s\u00e1hoz (az SJ egy\u00e9bk\u00e9nt a nagyobb babakocsik eset\u00e9ben azok \u00f6sszecsuk\u00e1s\u00e1t k\u00e9ri, \u00edgy ide\u00e1lis k\u00f6nny\u0171 erny\u0151s babakocsival utazni), t\u00e1gas pelenk\u00e1z\u00f3kat k\u00f6zvetlen\u00fcl a mosd\u00f3kban, \u00e9s ami a legfontosabb, <strong>kis gyerekzugokat j\u00e1t\u00e9kokkal \u00e9s k\u00f6nyvekkel, ahol a gyerekek a hossz\u00fa \u00fat alatt megb\u00edzhat\u00f3an elfoglalj\u00e1k magukat<\/strong>. Itt r\u00e1ad\u00e1sul senki sem foglalkozik vele, ha a csemet\u00e9d id\u0151nk\u00e9nt kicsit felemeli a hangj\u00e1t, vagy a folyos\u00f3n szaladg\u00e1l, mert mindenki k\u00f6r\u00fcl\u00f6tted szint\u00e9n sz\u00fcl\u0151.<\/p>\n\n\n\n<p class=\"wp-block-paragraph\">Ha Stockholmb\u00f3l G\u00f6teborgba vagy Malm\u0151be tervezel \u00e1tutazni, a jegyeket a lehet\u0151 legnagyobb el\u0151rel\u00e1t\u00e1ssal v\u00e1s\u00e1rold. <strong>A dinamikus \u00e1rk\u00e9pz\u00e9s ugyanis azt jelenti, hogy az id\u0151ben t\u00f6rt\u00e9n\u0151 v\u00e1s\u00e1rl\u00e1s \u00f3ri\u00e1si p\u00e9nzt sp\u00f3rol neked<\/strong>, a gyerekek pedig kiv\u00e1lasztott \u00fatvonalakon jelent\u0151sen cs\u00f6kkentett gyermekjegy\u00e1ron utaznak, ami a vonatot nagyon vonz\u00f3 anyagi v\u00e1laszt\u00e1ss\u00e1 teszi.<\/p>\n\n\n\n<p class=\"wp-block-paragraph\">\ud83d\udca1 <strong>Tipp:<\/strong> A vonatra probl\u00e9ma n\u00e9lk\u00fcl vihetsz saj\u00e1t \u00e9telk\u00e9szletet. A sv\u00e9dek ezt rendszeresen csin\u00e1lj\u00e1k, \u00edgy v\u00e1s\u00e1rolj a szupermarketben szendvicseket \u00e9s z\u00f6lds\u00e9get, \u00e9s ker\u00fcld el a dr\u00e1ga v\u00e1s\u00e1rl\u00e1sokat az \u00e9tkez\u0151kocsiban.<\/p>\n\n\n\n<figure data-wp-context=\"{&quot;imageId&quot;:&quot;6a9530b4d1827&quot;}\" data-wp-interactive=\"core\/image\" data-wp-key=\"6a9530b4d1827\" class=\"wp-block-image size-full wp-lightbox-container\"><img decoding=\"async\" width=\"1800\" height=\"1200\" data-wp-class--hide=\"state.isContentHidden\" data-wp-class--show=\"state.isContentVisible\" data-wp-init=\"callbacks.setButtonStyles\" data-wp-on--click=\"actions.showLightbox\" data-wp-on--load=\"callbacks.setButtonStyles\" data-wp-on--pointerdown=\"actions.preloadImage\" data-wp-on--pointerenter=\"actions.preloadImageWithDelay\" data-wp-on--pointerleave=\"actions.cancelPreload\" data-wp-on-window--resize=\"callbacks.setButtonStyles\" src=\"https:\/\/loudavymkrokem.cz\/wp-content\/uploads\/2026\/07\/svedsko-clanky-svedsko-s-detmi-16.jpg\" alt=\"Medence mint es\u0151s napi program\" class=\"wp-image-351228\" title=\"\" srcset=\"https:\/\/loudavymkrokem.cz\/wp-content\/uploads\/2026\/07\/svedsko-clanky-svedsko-s-detmi-16.jpg 1800w, https:\/\/loudavymkrokem.cz\/wp-content\/uploads\/2026\/07\/svedsko-clanky-svedsko-s-detmi-16-300x200.jpg 300w, https:\/\/loudavymkrokem.cz\/wp-content\/uploads\/2026\/07\/svedsko-clanky-svedsko-s-detmi-16-700x467.jpg 700w, https:\/\/loudavymkrokem.cz\/wp-content\/uploads\/2026\/07\/svedsko-clanky-svedsko-s-detmi-16-768x512.jpg 768w, https:\/\/loudavymkrokem.cz\/wp-content\/uploads\/2026\/07\/svedsko-clanky-svedsko-s-detmi-16-1536x1024.jpg 1536w, https:\/\/loudavymkrokem.cz\/wp-content\/uploads\/2026\/07\/svedsko-clanky-svedsko-s-detmi-16-696x464.jpg 696w, https:\/\/loudavymkrokem.cz\/wp-content\/uploads\/2026\/07\/svedsko-clanky-svedsko-s-detmi-16-1392x928.jpg 1392w\" sizes=\"(max-width: 1800px) 100vw, 1800px\" \/><button\n\t\t\tclass=\"lightbox-trigger\"\n\t\t\ttype=\"button\"\n\t\t\taria-haspopup=\"dialog\"\n\t\t\tdata-wp-bind--aria-label=\"state.thisImage.triggerButtonAriaLabel\"\n\t\t\tdata-wp-init=\"callbacks.initTriggerButton\"\n\t\t\tdata-wp-on--click=\"actions.showLightbox\"\n\t\t\tdata-wp-style--right=\"state.thisImage.buttonRight\"\n\t\t\tdata-wp-style--top=\"state.thisImage.buttonTop\"\n\t\t>\n\t\t\t<svg xmlns=\"http:\/\/www.w3.org\/2000\/svg\" width=\"12\" height=\"12\" fill=\"none\" viewBox=\"0 0 12 12\">\n\t\t\t\t<path fill=\"#fff\" d=\"M2 0a2 2 0 0 0-2 2v2h1.5V2a.5.5 0 0 1 .5-.5h2V0H2Zm2 10.5H2a.5.5 0 0 1-.5-.5V8H0v2a2 2 0 0 0 2 2h2v-1.5ZM8 12v-1.5h2a.5.5 0 0 0 .5-.5V8H12v2a2 2 0 0 1-2 2H8Zm2-12a2 2 0 0 1 2 2v2h-1.5V2a.5.5 0 0 0-.5-.5H8V0h2Z\" \/>\n\t\t\t<\/svg>\n\t\t<\/button><figcaption class=\"wp-element-caption\">Fot\u00f3: Bulat Khamitov \/ Pexels<\/figcaption><\/figure>\n\n\n\n<h3 class=\"wp-block-heading\"><span class=\"ez-toc-section\" id=\"12_Mit_csinalj_ha_esik_tudomanyos_kozpontok_es_muzeumok\"><\/span>12. Mit csin\u00e1lj, ha esik: tudom\u00e1nyos k\u00f6zpontok \u00e9s m\u00fazeumok<span class=\"ez-toc-section-end\"><\/span><\/h3>\n\n\n\n<p class=\"wp-block-paragraph\">A sv\u00e9d id\u0151j\u00e1r\u00e1s nagyon kisz\u00e1m\u00edthatatlan tud lenni, \u00e9s m\u00e9g j\u00falius k\u00f6zep\u00e9n is meglephet kitart\u00f3 es\u0151vel, \u00edgy musz\u00e1j tartal\u00e9kban tartani egy es\u0151s programverzi\u00f3t. <strong>A m\u00e1r eml\u00edtett hatalmas g\u00f6teborgi Universeumon k\u00edv\u00fcl Sv\u00e9dorsz\u00e1g rengeteg tov\u00e1bbi cs\u00facsmin\u0151s\u00e9g\u0171 belt\u00e9ri attrakci\u00f3t k\u00edn\u00e1l<\/strong>, amelyek j\u00e1tszva lefoglalj\u00e1k a gyerekeket eg\u00e9sz hossz\u00fa \u00f3r\u00e1kra.<\/p>\n\n\n\n<p class=\"wp-block-paragraph\">Stockholmban mindenk\u00e9pp tarts a Technikai M\u00fazeumba (Tekniska museet). <strong>Zs\u00fafol\u00e1sig tele van interakt\u00edv k\u00eds\u00e9rletekkel, \u00f3ri\u00e1si robotokkal \u00e9s logikai j\u00e1t\u00e9kokkal<\/strong>, amelyeket a l\u00e1togat\u00f3k maguk meg\u00e9rinthetnek \u00e9s kipr\u00f3b\u00e1lhatnak. Egy m\u00e1sik teljesen remek v\u00e1laszt\u00e1s a Tom Tits Experiment a k\u00f6zeli S\u00f6dert\u00e4lje v\u00e1rosban, ami egy hatalmas n\u00e9gyemeletes j\u00e1tsz\u00f3t\u00e9r, a fizik\u00e1ra, ill\u00fazi\u00f3kra \u00e9s term\u00e9szeti t\u00f6rv\u00e9nyekre \u00f6sszpontos\u00edtva.<\/p>\n\n\n\n<p class=\"wp-block-paragraph\">Amikor kint t\u00e9nyleg nyirkos \u00e9s hideg van, \u00e9rdemes felkeresni a helyi nyilv\u00e1nos medenc\u00e9ket \u00e9s aquaparkokat is, amelyeket minden nagyobb sv\u00e9d v\u00e1rosban megtal\u00e1lsz. <strong>Mindig t\u00f6k\u00e9letesen tiszt\u00e1k, a gyerekpancsol\u00f3k vize kellemesen meleg<\/strong>, \u00e9s a csal\u00e1di bel\u00e9p\u0151 semmivel sem ker\u00fcl t\u00f6bbe, mint egy szok\u00e1sos magyarorsz\u00e1gi fedett f\u00fcrd\u0151 l\u00e1togat\u00e1sa.<\/p>\n\n\n\n<p class=\"wp-block-paragraph\">\ud83d\udca1 <strong>Tipp:<\/strong> Sok stockholmi m\u00fazeum bizonyos napokon vagy d\u00e9lut\u00e1ni \u00f3r\u00e1kban ingyenes bel\u00e9p\u0151t k\u00edn\u00e1l. A l\u00e1togat\u00e1s el\u0151tt mindig ellen\u0151rizd a hivatalos weboldalakat, \u00edgy ak\u00e1r t\u00f6bbezer forintot is megsp\u00f3rolhatsz.<\/p>\n\n\n\n<figure data-wp-context=\"{&quot;imageId&quot;:&quot;6a9530b4d1d2e&quot;}\" data-wp-interactive=\"core\/image\" data-wp-key=\"6a9530b4d1d2e\" class=\"wp-block-image size-full wp-lightbox-container\"><img decoding=\"async\" width=\"1800\" height=\"1200\" data-wp-class--hide=\"state.isContentHidden\" data-wp-class--show=\"state.isContentVisible\" data-wp-init=\"callbacks.setButtonStyles\" data-wp-on--click=\"actions.showLightbox\" data-wp-on--load=\"callbacks.setButtonStyles\" data-wp-on--pointerdown=\"actions.preloadImage\" data-wp-on--pointerenter=\"actions.preloadImageWithDelay\" data-wp-on--pointerleave=\"actions.cancelPreload\" data-wp-on-window--resize=\"callbacks.setButtonStyles\" src=\"https:\/\/loudavymkrokem.cz\/wp-content\/uploads\/2026\/07\/svedsko-clanky-svedsko-s-detmi-17.jpg\" alt=\"R\u00e9nszarvasok Lappf\u00f6ld\u00f6n\" class=\"wp-image-351235\" title=\"\" srcset=\"https:\/\/loudavymkrokem.cz\/wp-content\/uploads\/2026\/07\/svedsko-clanky-svedsko-s-detmi-17.jpg 1800w, https:\/\/loudavymkrokem.cz\/wp-content\/uploads\/2026\/07\/svedsko-clanky-svedsko-s-detmi-17-300x200.jpg 300w, https:\/\/loudavymkrokem.cz\/wp-content\/uploads\/2026\/07\/svedsko-clanky-svedsko-s-detmi-17-700x467.jpg 700w, https:\/\/loudavymkrokem.cz\/wp-content\/uploads\/2026\/07\/svedsko-clanky-svedsko-s-detmi-17-768x512.jpg 768w, https:\/\/loudavymkrokem.cz\/wp-content\/uploads\/2026\/07\/svedsko-clanky-svedsko-s-detmi-17-1536x1024.jpg 1536w, https:\/\/loudavymkrokem.cz\/wp-content\/uploads\/2026\/07\/svedsko-clanky-svedsko-s-detmi-17-696x464.jpg 696w, https:\/\/loudavymkrokem.cz\/wp-content\/uploads\/2026\/07\/svedsko-clanky-svedsko-s-detmi-17-1392x928.jpg 1392w\" sizes=\"(max-width: 1800px) 100vw, 1800px\" \/><button\n\t\t\tclass=\"lightbox-trigger\"\n\t\t\ttype=\"button\"\n\t\t\taria-haspopup=\"dialog\"\n\t\t\tdata-wp-bind--aria-label=\"state.thisImage.triggerButtonAriaLabel\"\n\t\t\tdata-wp-init=\"callbacks.initTriggerButton\"\n\t\t\tdata-wp-on--click=\"actions.showLightbox\"\n\t\t\tdata-wp-style--right=\"state.thisImage.buttonRight\"\n\t\t\tdata-wp-style--top=\"state.thisImage.buttonTop\"\n\t\t>\n\t\t\t<svg xmlns=\"http:\/\/www.w3.org\/2000\/svg\" width=\"12\" height=\"12\" fill=\"none\" viewBox=\"0 0 12 12\">\n\t\t\t\t<path fill=\"#fff\" d=\"M2 0a2 2 0 0 0-2 2v2h1.5V2a.5.5 0 0 1 .5-.5h2V0H2Zm2 10.5H2a.5.5 0 0 1-.5-.5V8H0v2a2 2 0 0 0 2 2h2v-1.5ZM8 12v-1.5h2a.5.5 0 0 0 .5-.5V8H12v2a2 2 0 0 1-2 2H8Zm2-12a2 2 0 0 1 2 2v2h-1.5V2a.5.5 0 0 0-.5-.5H8V0h2Z\" \/>\n\t\t\t<\/svg>\n\t\t<\/button><figcaption class=\"wp-element-caption\">Fot\u00f3: Ayves \/ Pexels<\/figcaption><\/figure>\n\n\n\n<h3 class=\"wp-block-heading\"><span class=\"ez-toc-section\" id=\"13_Lappfold_gyerekekkel_renszarvasok_es_sarki_feny\"><\/span>13. Lappf\u00f6ld gyerekekkel: r\u00e9nszarvasok \u00e9s sarki f\u00e9ny<span class=\"ez-toc-section-end\"><\/span><\/h3>\n\n\n\n<p class=\"wp-block-paragraph\">A csal\u00e1ddal eg\u00e9szen a sarkk\u00f6r\u00f6n t\u00falra utazni nagy utaz\u00f3i \u00e1lom, de t\u00e9nyleg j\u00f3 megfontol\u00e1st \u00e9s tervez\u00e9st ig\u00e9nyel. <strong>Az aut\u00f3s \u00fat Stockholmb\u00f3l Lappf\u00f6ldre tov\u00e1bbi k\u00e9t teljes nap tiszta id\u0151t vesz ig\u00e9nybe a vol\u00e1nn\u00e1l<\/strong>, \u00edgy a rep\u00fcl\u0151 vagy az \u00e9jszakai h\u00e1l\u00f3kocsis vonat a kisebb gyerekes csal\u00e1doknak sokkal \u00e9sszer\u0171bb \u00e9s kev\u00e9sb\u00e9 stresszes utaz\u00e1si v\u00e1ltozat. A csal\u00e1doknak kiv\u00e1l\u00f3 strat\u00e9giai pont p\u00e9ld\u00e1ul az Abisko nemzeti park, ahov\u00e1 k\u00e9nyelmesen eljutsz vas\u00faton.<\/p>\n\n\n\n<p class=\"wp-block-paragraph\">Ha azt k\u00e9rdezed, van-e \u00e9rtelme kisgyereket vinni Lappf\u00f6ldre, \u0151szint\u00e9n azt aj\u00e1nlan\u00e1m, v\u00e1rj m\u00e9g p\u00e1r \u00e9vet. <strong>A zord \u00e9ghajlati viszonyok \u00e9s az extr\u00e9m hideg a legkisebb gyerekeknek t\u00fal megterhel\u0151 lehet<\/strong>, r\u00e1ad\u00e1sul a dr\u00e1ga \u00e9lm\u00e9nyekb\u0151l, mint a kutyasz\u00e1nos t\u00fara, m\u00e9g egy\u00e1ltal\u00e1n semmit sem visznek magukkal. A hat\u00e9vesn\u00e9l id\u0151sebb gyerekeknek viszont ez egy eg\u00e9sz \u00e9letre sz\u00f3l\u00f3 fantasztikus kaland.<\/p>\n\n\n\n<p class=\"wp-block-paragraph\">L\u00e1tnak majd szabadon k\u00f3borl\u00f3 r\u00e9nszarvascsord\u00e1kat, kipr\u00f3b\u00e1lhatj\u00e1k az aranyos husky kuty\u00e1k etet\u00e9s\u00e9t, \u00e9s egy kis szerencs\u00e9vel <strong>megpillanthatj\u00e1k a tiszta \u00e9jszakai \u00e9gen a m\u00e1gikus sarki f\u00e9nyt<\/strong>. Ne felejtsd el felszerelni \u0151ket cs\u00facsmin\u0151s\u00e9g\u0171 merin\u00f3gyapj\u00fa term\u00f3ruh\u00e1val \u00e9s min\u0151s\u00e9gi v\u00edzhatlan r\u00e9tegekkel, mert az \u00e9szaki t\u00e9l semmilyen felszerel\u00e9shib\u00e1t nem bocs\u00e1t meg.<\/p>\n\n\n\n<p class=\"wp-block-paragraph\">\ud83d\udca1 <strong>Tipp:<\/strong> Ha \u00e9jszakai vonattal indulsz \u00e9szakra, foglald le az eg\u00e9sz priv\u00e1t h\u00e1l\u00f3f\u00fclk\u00e9t. A gyerekek \u00fagy alszanak majd, mint a kis\u00e1gyban, \u00e9s reggel egyenesen a havas vadon k\u00f6zep\u00e9n \u00e9bredsz.<\/p>\n\n\n\n<figure data-wp-context=\"{&quot;imageId&quot;:&quot;6a9530b4d2707&quot;}\" data-wp-interactive=\"core\/image\" data-wp-key=\"6a9530b4d2707\" class=\"wp-block-image size-full wp-lightbox-container\"><img decoding=\"async\" width=\"1800\" height=\"1200\" data-wp-class--hide=\"state.isContentHidden\" data-wp-class--show=\"state.isContentVisible\" data-wp-init=\"callbacks.setButtonStyles\" data-wp-on--click=\"actions.showLightbox\" data-wp-on--load=\"callbacks.setButtonStyles\" data-wp-on--pointerdown=\"actions.preloadImage\" data-wp-on--pointerenter=\"actions.preloadImageWithDelay\" data-wp-on--pointerleave=\"actions.cancelPreload\" data-wp-on-window--resize=\"callbacks.setButtonStyles\" src=\"https:\/\/loudavymkrokem.cz\/wp-content\/uploads\/2026\/07\/svedsko-clanky-svedsko-s-detmi-18.jpg\" alt=\"Babakocsival a v\u00e1rosban\" class=\"wp-image-351242\" title=\"\" srcset=\"https:\/\/loudavymkrokem.cz\/wp-content\/uploads\/2026\/07\/svedsko-clanky-svedsko-s-detmi-18.jpg 1800w, https:\/\/loudavymkrokem.cz\/wp-content\/uploads\/2026\/07\/svedsko-clanky-svedsko-s-detmi-18-300x200.jpg 300w, https:\/\/loudavymkrokem.cz\/wp-content\/uploads\/2026\/07\/svedsko-clanky-svedsko-s-detmi-18-700x467.jpg 700w, https:\/\/loudavymkrokem.cz\/wp-content\/uploads\/2026\/07\/svedsko-clanky-svedsko-s-detmi-18-768x512.jpg 768w, https:\/\/loudavymkrokem.cz\/wp-content\/uploads\/2026\/07\/svedsko-clanky-svedsko-s-detmi-18-1536x1024.jpg 1536w, https:\/\/loudavymkrokem.cz\/wp-content\/uploads\/2026\/07\/svedsko-clanky-svedsko-s-detmi-18-696x464.jpg 696w, https:\/\/loudavymkrokem.cz\/wp-content\/uploads\/2026\/07\/svedsko-clanky-svedsko-s-detmi-18-1392x928.jpg 1392w\" sizes=\"(max-width: 1800px) 100vw, 1800px\" \/><button\n\t\t\tclass=\"lightbox-trigger\"\n\t\t\ttype=\"button\"\n\t\t\taria-haspopup=\"dialog\"\n\t\t\tdata-wp-bind--aria-label=\"state.thisImage.triggerButtonAriaLabel\"\n\t\t\tdata-wp-init=\"callbacks.initTriggerButton\"\n\t\t\tdata-wp-on--click=\"actions.showLightbox\"\n\t\t\tdata-wp-style--right=\"state.thisImage.buttonRight\"\n\t\t\tdata-wp-style--top=\"state.thisImage.buttonTop\"\n\t\t>\n\t\t\t<svg xmlns=\"http:\/\/www.w3.org\/2000\/svg\" width=\"12\" height=\"12\" fill=\"none\" viewBox=\"0 0 12 12\">\n\t\t\t\t<path fill=\"#fff\" d=\"M2 0a2 2 0 0 0-2 2v2h1.5V2a.5.5 0 0 1 .5-.5h2V0H2Zm2 10.5H2a.5.5 0 0 1-.5-.5V8H0v2a2 2 0 0 0 2 2h2v-1.5ZM8 12v-1.5h2a.5.5 0 0 0 .5-.5V8H12v2a2 2 0 0 1-2 2H8Zm2-12a2 2 0 0 1 2 2v2h-1.5V2a.5.5 0 0 0-.5-.5H8V0h2Z\" \/>\n\t\t\t<\/svg>\n\t\t<\/button><figcaption class=\"wp-element-caption\">Fot\u00f3: Kamaji Ogino \/ Pexels<\/figcaption><\/figure>\n\n\n\n<h3 class=\"wp-block-heading\"><span class=\"ez-toc-section\" id=\"14_Babakocsival_a_sved_varosokban\"><\/span>14. Babakocsival a sv\u00e9d v\u00e1rosokban<span class=\"ez-toc-section-end\"><\/span><\/h3>\n\n\n\n<p class=\"wp-block-paragraph\">Ha sport- vagy m\u00e9ly babakocsival utazol, a sv\u00e9d v\u00e1rosokat az els\u0151 perct\u0151l im\u00e1dni fogod. <strong>Gyakorlatilag minden bolt, m\u00fazeum \u00e9s \u00e9tterem akad\u00e1lymentes bej\u00e1rat\u00fa<\/strong>, a leengedett j\u00e1rdaszeg\u00e9ly a gyalog\u00e1tkel\u0151kn\u00e9l teljesen term\u00e9szetes, a j\u00e1rd\u00e1k pedig el\u00e9g sz\u00e9lesek a t\u00f6bbi gyalogossal val\u00f3 k\u00e9nyelmes elhalad\u00e1shoz. R\u00e1ad\u00e1sul a stockholmi metr\u00f3 (Tunnelbana) \u00f3ri\u00e1si, megb\u00edzhat\u00f3 liftekkel van felszerelve, \u00edgy nem kell a babakocsit a mozg\u00f3l\u00e9pcs\u0151n cipelned.<\/p>\n\n\n\n<p class=\"wp-block-paragraph\">A stockholmi t\u00f6megk\u00f6zleked\u00e9snek r\u00e1ad\u00e1sul teljesen zseni\u00e1lis szab\u00e1lya van a babakocsis csal\u00e1doknak. <strong>A feln\u0151tt, aki a gyerekes babakocsit tolja, a v\u00e1rosi buszokon teljesen ingyen utazik<\/strong>. Az ok tiszt\u00e1n gyakorlati, a sof\u0151r ugyanis nem akarja, hogy fel\u00fcgyelet n\u00e9lk\u00fcl hagyd a gyereket, \u00e9s el\u0151re menj jegyet \u00e9rv\u00e9nyes\u00edteni. Teh\u00e1t k\u00e9nyelmesen besz\u00e1llsz a k\u00f6z\u00e9ps\u0151 ajt\u00f3n k\u00f6zvetlen\u00fcl a babakocsiknak fenntartott helyekhez (besz\u00e1ll\u00e1s el\u0151tt ink\u00e1bb mindig ellen\u0151rizd az SL fuvaroz\u00f3 aktu\u00e1lis szab\u00e1lyait).<\/p>\n\n\n\n<p class=\"wp-block-paragraph\">Az egyetlen apr\u00f3 akad\u00e1ly Stockholm t\u00f6rt\u00e9nelmi belv\u00e1rosa (Gamla Stan) lehet. <strong>A macskak\u0151 a sz\u0171k utc\u00e1kban el\u00e9g durva, \u00e9s a kis kerekekkel el\u00e9gg\u00e9 z\u00f6ty\u00f6g az \u00fat, \u00edgy ha van r\u00e1 lehet\u0151s\u00e9ged, hogy terepesebb babakocsit vigy\u00e9l nagy felf\u00fajhat\u00f3 kerekekkel, Gamla Stanban rendk\u00edv\u00fcl \u00e9rt\u00e9kelni fogod.<\/strong><\/p>\n\n\n\n<p class=\"wp-block-paragraph\">\ud83d\udca1 <strong>Tipp:<\/strong> A legt\u00f6bb sv\u00e9d m\u00fazeumba \u00e9s gal\u00e9ri\u00e1ba a ki\u00e1ll\u00edt\u00e1si t\u00e1rgyak biztons\u00e1ga miatt nem viheted a babakocsit k\u00f6zvetlen\u00fcl a ki\u00e1ll\u00edt\u00e1sokba. De mindig van el\u0151k\u00e9sz\u00edtett biztons\u00e1gos babakocsi-parkol\u00f3 a ruhat\u00e1rakban, \u00e9s ingyen adnak k\u00f6lcs\u00f6n hordoz\u00f3t vagy erny\u0151s babakocsit.<\/p>\n\n\n\n<figure data-wp-context=\"{&quot;imageId&quot;:&quot;6a9530b4d2f17&quot;}\" data-wp-interactive=\"core\/image\" data-wp-key=\"6a9530b4d2f17\" class=\"wp-block-image size-full wp-lightbox-container\"><img decoding=\"async\" width=\"1800\" height=\"1200\" data-wp-class--hide=\"state.isContentHidden\" data-wp-class--show=\"state.isContentVisible\" data-wp-init=\"callbacks.setButtonStyles\" data-wp-on--click=\"actions.showLightbox\" data-wp-on--load=\"callbacks.setButtonStyles\" data-wp-on--pointerdown=\"actions.preloadImage\" data-wp-on--pointerenter=\"actions.preloadImageWithDelay\" data-wp-on--pointerleave=\"actions.cancelPreload\" data-wp-on-window--resize=\"callbacks.setButtonStyles\" src=\"https:\/\/loudavymkrokem.cz\/wp-content\/uploads\/2026\/07\/svedsko-clanky-svedsko-s-detmi-19.jpg\" alt=\"Csal\u00e1d \u00e9tkez\u00e9sn\u00e9l az \u00e9tteremben\" class=\"wp-image-351247\" title=\"\" srcset=\"https:\/\/loudavymkrokem.cz\/wp-content\/uploads\/2026\/07\/svedsko-clanky-svedsko-s-detmi-19.jpg 1800w, https:\/\/loudavymkrokem.cz\/wp-content\/uploads\/2026\/07\/svedsko-clanky-svedsko-s-detmi-19-300x200.jpg 300w, https:\/\/loudavymkrokem.cz\/wp-content\/uploads\/2026\/07\/svedsko-clanky-svedsko-s-detmi-19-700x467.jpg 700w, https:\/\/loudavymkrokem.cz\/wp-content\/uploads\/2026\/07\/svedsko-clanky-svedsko-s-detmi-19-768x512.jpg 768w, https:\/\/loudavymkrokem.cz\/wp-content\/uploads\/2026\/07\/svedsko-clanky-svedsko-s-detmi-19-1536x1024.jpg 1536w, https:\/\/loudavymkrokem.cz\/wp-content\/uploads\/2026\/07\/svedsko-clanky-svedsko-s-detmi-19-696x464.jpg 696w, https:\/\/loudavymkrokem.cz\/wp-content\/uploads\/2026\/07\/svedsko-clanky-svedsko-s-detmi-19-1392x928.jpg 1392w\" sizes=\"(max-width: 1800px) 100vw, 1800px\" \/><button\n\t\t\tclass=\"lightbox-trigger\"\n\t\t\ttype=\"button\"\n\t\t\taria-haspopup=\"dialog\"\n\t\t\tdata-wp-bind--aria-label=\"state.thisImage.triggerButtonAriaLabel\"\n\t\t\tdata-wp-init=\"callbacks.initTriggerButton\"\n\t\t\tdata-wp-on--click=\"actions.showLightbox\"\n\t\t\tdata-wp-style--right=\"state.thisImage.buttonRight\"\n\t\t\tdata-wp-style--top=\"state.thisImage.buttonTop\"\n\t\t>\n\t\t\t<svg xmlns=\"http:\/\/www.w3.org\/2000\/svg\" width=\"12\" height=\"12\" fill=\"none\" viewBox=\"0 0 12 12\">\n\t\t\t\t<path fill=\"#fff\" d=\"M2 0a2 2 0 0 0-2 2v2h1.5V2a.5.5 0 0 1 .5-.5h2V0H2Zm2 10.5H2a.5.5 0 0 1-.5-.5V8H0v2a2 2 0 0 0 2 2h2v-1.5ZM8 12v-1.5h2a.5.5 0 0 0 .5-.5V8H12v2a2 2 0 0 1-2 2H8Zm2-12a2 2 0 0 1 2 2v2h-1.5V2a.5.5 0 0 0-.5-.5H8V0h2Z\" \/>\n\t\t\t<\/svg>\n\t\t<\/button><figcaption class=\"wp-element-caption\">Fot\u00f3: RDNE Stock project \/ Pexels<\/figcaption><\/figure>\n\n\n\n<h3 class=\"wp-block-heading\"><span class=\"ez-toc-section\" id=\"15_Hol_egyel_a_mikrotol_a_napi_menuig\"><\/span>15. Hol egy\u00e9l: a mikr\u00f3t\u00f3l a napi men\u00fcig<span class=\"ez-toc-section-end\"><\/span><\/h3>\n\n\n\n<p class=\"wp-block-paragraph\">A csemet\u00e9k \u00e9tkeztet\u00e9se \u00faton olykor stresszes, de Sv\u00e9dorsz\u00e1g ezt maxim\u00e1lisan megk\u00f6nny\u00edti neked. <strong>Szinte minden k\u00e1v\u00e9z\u00f3ban, \u00e9tteremben \u00e9s a nagyobb benzinkutakon szabadon hozz\u00e1f\u00e9rhet\u0151 mikr\u00f3t tal\u00e1lsz<\/strong>, ahol k\u00e9rd\u00e9s \u00e9s k\u00ednos \u00e9rz\u00e9s n\u00e9lk\u00fcl felmeleg\u00edtheted a saj\u00e1t hozott b\u00e9bi\u00e9telt, k\u00e1s\u00e1t vagy anyatejp\u00f3tl\u00f3t.<\/p>\n\n\n\n<p class=\"wp-block-paragraph\">Amikor \u00e9ttermi eb\u00e9dre akarsz indulni, keresd a <em>dagens lunch<\/em> (napi men\u00fc) felirat\u00fa t\u00e1bl\u00e1kat. <strong>Nagyj\u00e1b\u00f3l 110\u2013140 SEK (kb. 3600\u20134600 Ft) \u00e1ron nemcsak a f\u0151\u00e9telt kapod meg, hanem korl\u00e1tlan hozz\u00e1f\u00e9r\u00e9st a gazdag sal\u00e1tab\u00fcf\u00e9hez<\/strong>, p\u00e9k\u00e1rut, vizet \u00e9s k\u00e1v\u00e9t is. Egy csal\u00e1dnak ez messze a legolcs\u00f3bb \u00e9s legpraktikusabb m\u00f3dja az \u00e9tkez\u00e9snek h\u00e1zon k\u00edv\u00fcl, amit t\u00f6bbnyire tizenegy \u00e9s d\u00e9lut\u00e1n kett\u0151 k\u00f6z\u00f6tt szolg\u00e1lnak fel. Ha biztosra akarsz menni, \u00e9s gyorsan, megfizethet\u0151en szeretn\u00e9l a gyerekekkel enni, nem l\u0151sz mell\u00e9 a <strong>Max Burgers<\/strong>n\u00e9l, ami a gyors\u00e9tterem helyi sv\u00e9d verzi\u00f3ja sokkal min\u0151s\u00e9gibb alapanyagokkal, vagy az <strong>IKEA<\/strong> h\u00e1l\u00f3zat \u00e9ttermeiben, ahol a szok\u00e1sos \u00e1rak t\u00f6red\u00e9k\u00e9\u00e9rt tal\u00e1lod a kedvelt klasszikusokat. Sz\u00f3rakoztat\u00f3 \u00e9lm\u00e9ny a <strong>Pinchos<\/strong> l\u00e1nc is, egy kedvelt cirkuszi tapasb\u00e1r, ahol az \u00e9telt k\u00e9nyelmesen az alkalmaz\u00e1son kereszt\u00fcl rendeled.<\/p>\n\n\n\n<p class=\"wp-block-paragraph\">Ami a gyerek\u00e9teleket illeti, a helyi k\u00fcl\u00f6nlegess\u00e9g term\u00e9szetesen az \u00e1fony\u00e1s h\u00fasgoly\u00f3, de k\u00f6nnyen v\u00e1lasztasz sok h\u00fastalan v\u00e1ltozatb\u00f3l is. <strong>A gyerekek biztosan \u00e9rt\u00e9kelik a minden\u00fctt jelen l\u00e9v\u0151 palacsint\u00e1t (pannkakor), a remek veget\u00e1ri\u00e1nus goly\u00f3kat burgonyap\u00fcr\u00e9vel vagy a friss t\u00e9szt\u00e1t<\/strong>, amit minden jobb b\u00fcf\u00e9ben megtal\u00e1lsz. A szupermarketekben (a legolcs\u00f3bbak a Willys \u00e9s a Lidl) azt\u00e1n j\u00f3 \u00e1ron veszel kiv\u00e1l\u00f3 rozskenyeret \u00e9s sajtot, \u00e9s a t\u00f3parti piknik am\u00fagy is jobb b\u00e1rmelyik sv\u00e9d \u00e9tteremn\u00e9l. A csapv\u00edz (kranvatten) itt mindig ingyenes, \u00e9s teljesen kiv\u00e1l\u00f3, \u00edgy ne sz\u00e9gyellj k\u00f6zvetlen\u00fcl a felszolg\u00e1l\u00f3t\u00f3l k\u00e9rni bel\u0151le.<\/p>\n\n\n\n<p class=\"wp-block-paragraph\">\ud83d\udca1 <strong>Tipp:<\/strong> A csapv\u00edz (kranvatten) Sv\u00e9dorsz\u00e1gban kiv\u00e1l\u00f3, \u00e9s az \u00e9ttermekben az \u00e9telhez mindig ingyenes. Senki sem n\u00e9z r\u00e1d ferde szemmel, ha az eb\u00e9dhez nem rendelsz dr\u00e1ga limon\u00e1d\u00e9t, hanem be\u00e9red jeges v\u00edzzel.<\/p>\n\n\n\n<figure data-wp-context=\"{&quot;imageId&quot;:&quot;6a9530b4d3861&quot;}\" data-wp-interactive=\"core\/image\" data-wp-key=\"6a9530b4d3861\" class=\"wp-block-image size-full wp-lightbox-container\"><img decoding=\"async\" width=\"1800\" height=\"1200\" data-wp-class--hide=\"state.isContentHidden\" data-wp-class--show=\"state.isContentVisible\" data-wp-init=\"callbacks.setButtonStyles\" data-wp-on--click=\"actions.showLightbox\" data-wp-on--load=\"callbacks.setButtonStyles\" data-wp-on--pointerdown=\"actions.preloadImage\" data-wp-on--pointerenter=\"actions.preloadImageWithDelay\" data-wp-on--pointerleave=\"actions.cancelPreload\" data-wp-on-window--resize=\"callbacks.setButtonStyles\" src=\"https:\/\/loudavymkrokem.cz\/wp-content\/uploads\/2026\/07\/svedsko-clanky-svedsko-s-detmi-20-1.jpg\" alt=\"Csal\u00e1di roadtrip aut\u00f3val\" class=\"wp-image-351256\" title=\"\" srcset=\"https:\/\/loudavymkrokem.cz\/wp-content\/uploads\/2026\/07\/svedsko-clanky-svedsko-s-detmi-20-1.jpg 1800w, https:\/\/loudavymkrokem.cz\/wp-content\/uploads\/2026\/07\/svedsko-clanky-svedsko-s-detmi-20-1-300x200.jpg 300w, https:\/\/loudavymkrokem.cz\/wp-content\/uploads\/2026\/07\/svedsko-clanky-svedsko-s-detmi-20-1-700x467.jpg 700w, https:\/\/loudavymkrokem.cz\/wp-content\/uploads\/2026\/07\/svedsko-clanky-svedsko-s-detmi-20-1-768x512.jpg 768w, https:\/\/loudavymkrokem.cz\/wp-content\/uploads\/2026\/07\/svedsko-clanky-svedsko-s-detmi-20-1-1536x1024.jpg 1536w, https:\/\/loudavymkrokem.cz\/wp-content\/uploads\/2026\/07\/svedsko-clanky-svedsko-s-detmi-20-1-696x464.jpg 696w, https:\/\/loudavymkrokem.cz\/wp-content\/uploads\/2026\/07\/svedsko-clanky-svedsko-s-detmi-20-1-1392x928.jpg 1392w\" sizes=\"(max-width: 1800px) 100vw, 1800px\" \/><button\n\t\t\tclass=\"lightbox-trigger\"\n\t\t\ttype=\"button\"\n\t\t\taria-haspopup=\"dialog\"\n\t\t\tdata-wp-bind--aria-label=\"state.thisImage.triggerButtonAriaLabel\"\n\t\t\tdata-wp-init=\"callbacks.initTriggerButton\"\n\t\t\tdata-wp-on--click=\"actions.showLightbox\"\n\t\t\tdata-wp-style--right=\"state.thisImage.buttonRight\"\n\t\t\tdata-wp-style--top=\"state.thisImage.buttonTop\"\n\t\t>\n\t\t\t<svg xmlns=\"http:\/\/www.w3.org\/2000\/svg\" width=\"12\" height=\"12\" fill=\"none\" viewBox=\"0 0 12 12\">\n\t\t\t\t<path fill=\"#fff\" d=\"M2 0a2 2 0 0 0-2 2v2h1.5V2a.5.5 0 0 1 .5-.5h2V0H2Zm2 10.5H2a.5.5 0 0 1-.5-.5V8H0v2a2 2 0 0 0 2 2h2v-1.5ZM8 12v-1.5h2a.5.5 0 0 0 .5-.5V8H12v2a2 2 0 0 1-2 2H8Zm2-12a2 2 0 0 1 2 2v2h-1.5V2a.5.5 0 0 0-.5-.5H8V0h2Z\" \/>\n\t\t\t<\/svg>\n\t\t<\/button><figcaption class=\"wp-element-caption\">Fot\u00f3: needtofly \/ Pexels<\/figcaption><\/figure>\n\n\n\n<h3 class=\"wp-block-heading\"><span class=\"ez-toc-section\" id=\"16_Mintaszeru_roadtrip-utiterv_10%E2%80%9314_napra\"><\/span>16. Mintaszer\u0171 roadtrip-\u00fatiterv 10\u201314 napra<span class=\"ez-toc-section-end\"><\/span><\/h3>\n\n\n\n<p class=\"wp-block-paragraph\">Egy saj\u00e1t aut\u00f3s csal\u00e1dnak a legjobb egy laza k\u00f6rt tervezni, amely a v\u00e1rosokat a term\u00e9szettel v\u00e1ltogatja, \u00e9s minimaliz\u00e1lja a hossz\u00fa \u00e1tutaz\u00e1sokat, hogy a gyerekek ne szenvedjenek. Napi \u00f6t \u00f3r\u00e1t az aut\u00f3ban t\u00f6lteni a gyerekeket nem sz\u00f3rakoztatja, a sv\u00e9d sebess\u00e9gkorl\u00e1tok pedig r\u00e1ad\u00e1sul el\u00e9g szigor\u00faak. <strong>Ez a terv lefedi a legfontosabbat az orsz\u00e1g d\u00e9li \u00e9s k\u00f6z\u00e9ps\u0151 r\u00e9sz\u00e9b\u0151l<\/strong>, an\u00e9lk\u00fcl, hogy eg\u00e9sz napokat t\u00f6lten\u00e9l az aut\u00f3 h\u00e1ts\u00f3 \u00fcl\u00e9s\u00e9be z\u00e1rva.<\/p>\n\n\n\n<ul class=\"wp-block-list\">\n\n<li>  <strong>1\u20133. nap: \u00fat \u00e9s naps\u00fct\u00f6tte \u00d6land.<\/strong> Az \u00e9jszakai kompr\u00f3l Trelleborgban kihaj\u00f3zva menj a part ment\u00e9n \u00d6land sziget\u00e9re. A gyerekeket itt elb\u0171v\u00f6lik a sz\u00e9lmalmok sz\u00e1zai, a borgholmi v\u00e1rrom, \u00e9s f\u0151leg a B\u00f6da Sand kemping biztons\u00e1gos, sek\u00e9ly homokos strandjai, ahol t\u00f6k\u00e9letesen kipihened a Magyarorsz\u00e1gr\u00f3l id\u00e1ig tart\u00f3 hossz\u00fa utat.<\/li>\n\n\n\n<li>  <strong>4\u20136. nap: mesesz\u00e9p Sm\u00e5land \u00e9s \u00fcvegf\u00fav\u00f3k.<\/strong> Menj \u00e1t Vimmerbybe. Egy eg\u00e9sz napot szentelj az Astrid Lindgrens V\u00e4rld vid\u00e1mparknak, egy m\u00e1sik nap pedig n\u00e9zd meg a val\u00f3di Katthultot vagy a Sm\u00e5landet Markaryd j\u00e1vorszarvas-szafaripark, ahol a nagy \u00e1llatokat k\u00f6zvetlen\u00fcl az aut\u00f3ablakb\u00f3l eteted. Meg\u00e1llhatsz a Kosta Boda \u00fcvegf\u00fav\u00f3 m\u0171helyben is.<\/li>\n\n\n\n<li>  <strong>7\u201310. nap: Stockholm \u00e9s Djurg\u00e5rden szigete.<\/strong> Menj \u00e1t a f\u0151v\u00e1rosba. Tervezd be a Vasa haj\u00f3m\u00fazeumot, a Meseszerelv\u00e9nyt a Junibackenben \u00e9s a t\u00f6rt\u00e9nelmi belv\u00e1ros megtekint\u00e9s\u00e9t. A b\u00e1zisodat csin\u00e1ld meg egy csal\u00e1di hotelben vagy egy nyugodt kempingben a v\u00e1ros sz\u00e9l\u00e9n, j\u00f3 t\u00f6megk\u00f6zleked\u00e9si el\u00e9rhet\u0151s\u00e9ggel.<\/li>\n\n\n\n<li>  <strong>11\u201314. nap: sz\u00f3rakoz\u00e1s nyugaton \u00e9s hazat\u00e9r\u00e9s.<\/strong> Visszafel\u00e9 d\u00e9l fel\u00e9 \u00e1llj meg a nagy \u00e9desv\u00edzi tavakn\u00e1l (p\u00e9ld\u00e1ul V\u00e4ttern Gr\u00e4nna v\u00e1rosk\u00e1j\u00e1n\u00e1l, ahol a mentolos rudakat k\u00e9sz\u00edtik), \u00e9s folytasd G\u00f6teborgba. Itt v\u00e1r r\u00e1d az \u00f3ri\u00e1si Liseberg vid\u00e1mpark \u00e9s a belt\u00e9ri es\u0151erd\u0151 az Universeumban. Ut\u00e1na m\u00e1r csak az \u00fat v\u00e1r az \u00d6resund-h\u00eddhoz vagy a hazafel\u00e9 tart\u00f3 komphoz.<\/li>\n\n\n<\/ul>\n\n\n\n<p class=\"wp-block-paragraph\">\ud83d\udca1 <strong>Tipp:<\/strong> Ha saj\u00e1t j\u00e1rm\u0171vel indulsz Magyarorsz\u00e1gr\u00f3l, sz\u00e1molj azzal, hogy csak maga a Sv\u00e9dorsz\u00e1g d\u00e9li r\u00e9sz\u00e9re tart\u00f3 oda-vissza \u00fat (kompok plusz benzin) egy csal\u00e1dnak nagyj\u00e1b\u00f3l 270 000\u2013290 000 Ft. Oszd el ezeket a fix k\u00f6lts\u00e9geket t\u00f6bb napra, hogy meg\u00e9rje az \u00fat.<\/p>\n\n\n\n<figure data-wp-context=\"{&quot;imageId&quot;:&quot;6a9530b4d4021&quot;}\" data-wp-interactive=\"core\/image\" data-wp-key=\"6a9530b4d4021\" class=\"wp-block-image size-full wp-lightbox-container\"><img decoding=\"async\" width=\"1800\" height=\"1200\" data-wp-class--hide=\"state.isContentHidden\" data-wp-class--show=\"state.isContentVisible\" data-wp-init=\"callbacks.setButtonStyles\" data-wp-on--click=\"actions.showLightbox\" data-wp-on--load=\"callbacks.setButtonStyles\" data-wp-on--pointerdown=\"actions.preloadImage\" data-wp-on--pointerenter=\"actions.preloadImageWithDelay\" data-wp-on--pointerleave=\"actions.cancelPreload\" data-wp-on-window--resize=\"callbacks.setButtonStyles\" src=\"https:\/\/loudavymkrokem.cz\/wp-content\/uploads\/2026\/07\/svedsko-clanky-svedsko-s-detmi-21-1.jpg\" alt=\"Csal\u00e1d s\u00e9t\u00e1ja a term\u00e9szetben\" class=\"wp-image-351261\" title=\"\" srcset=\"https:\/\/loudavymkrokem.cz\/wp-content\/uploads\/2026\/07\/svedsko-clanky-svedsko-s-detmi-21-1.jpg 1800w, https:\/\/loudavymkrokem.cz\/wp-content\/uploads\/2026\/07\/svedsko-clanky-svedsko-s-detmi-21-1-300x200.jpg 300w, https:\/\/loudavymkrokem.cz\/wp-content\/uploads\/2026\/07\/svedsko-clanky-svedsko-s-detmi-21-1-700x467.jpg 700w, https:\/\/loudavymkrokem.cz\/wp-content\/uploads\/2026\/07\/svedsko-clanky-svedsko-s-detmi-21-1-768x512.jpg 768w, https:\/\/loudavymkrokem.cz\/wp-content\/uploads\/2026\/07\/svedsko-clanky-svedsko-s-detmi-21-1-1536x1024.jpg 1536w, https:\/\/loudavymkrokem.cz\/wp-content\/uploads\/2026\/07\/svedsko-clanky-svedsko-s-detmi-21-1-696x464.jpg 696w, https:\/\/loudavymkrokem.cz\/wp-content\/uploads\/2026\/07\/svedsko-clanky-svedsko-s-detmi-21-1-1392x928.jpg 1392w\" sizes=\"(max-width: 1800px) 100vw, 1800px\" \/><button\n\t\t\tclass=\"lightbox-trigger\"\n\t\t\ttype=\"button\"\n\t\t\taria-haspopup=\"dialog\"\n\t\t\tdata-wp-bind--aria-label=\"state.thisImage.triggerButtonAriaLabel\"\n\t\t\tdata-wp-init=\"callbacks.initTriggerButton\"\n\t\t\tdata-wp-on--click=\"actions.showLightbox\"\n\t\t\tdata-wp-style--right=\"state.thisImage.buttonRight\"\n\t\t\tdata-wp-style--top=\"state.thisImage.buttonTop\"\n\t\t>\n\t\t\t<svg xmlns=\"http:\/\/www.w3.org\/2000\/svg\" width=\"12\" height=\"12\" fill=\"none\" viewBox=\"0 0 12 12\">\n\t\t\t\t<path fill=\"#fff\" d=\"M2 0a2 2 0 0 0-2 2v2h1.5V2a.5.5 0 0 1 .5-.5h2V0H2Zm2 10.5H2a.5.5 0 0 1-.5-.5V8H0v2a2 2 0 0 0 2 2h2v-1.5ZM8 12v-1.5h2a.5.5 0 0 0 .5-.5V8H12v2a2 2 0 0 1-2 2H8Zm2-12a2 2 0 0 1 2 2v2h-1.5V2a.5.5 0 0 0-.5-.5H8V0h2Z\" \/>\n\t\t\t<\/svg>\n\t\t<\/button><figcaption class=\"wp-element-caption\">Fot\u00f3: Bulat Khamitov \/ Pexels<\/figcaption><\/figure>\n\n\n\n<h2 class=\"wp-block-heading\"><span class=\"ez-toc-section\" id=\"Praktikus_dolgok_amik_megkonnyitik_a_szulok_eletet_Svedorszagban\"><\/span>Praktikus dolgok, amik megk\u00f6nny\u00edtik a sz\u00fcl\u0151k \u00e9let\u00e9t Sv\u00e9dorsz\u00e1gban<span class=\"ez-toc-section-end\"><\/span><\/h2>\n\n\n\n<p class=\"wp-block-paragraph\">A sv\u00e9dorsz\u00e1gi \u00e9let a gyerekekkel hihetetlen\u00fcl praktikus, \u00e9s az els\u0151 napt\u00f3l kezdve \u00e9szreveszed az apr\u00f3 r\u00e9szleteket, amelyek megk\u00f6nny\u00edtik a mindennapi m\u0171k\u00f6d\u00e9st. Ahogy m\u00e1r eml\u00edtettem, a stockholmi t\u00f6megk\u00f6zleked\u00e9s rendk\u00edv\u00fcl b\u0151kez\u0171 a babakocsikkal, de ez csak a j\u00e9ghegy cs\u00facsa. <strong>Remek\u00fcl felszerelt pelenk\u00e1z\u00f3kat teljesen mindenhol tal\u00e1lsz<\/strong>, \u00e9s ami a helyi t\u00e1rsadalomra jellemz\u0151, ezek rendszeresen a f\u00e9rfimosd\u00f3kban is el\u00e9rhet\u0151k, \u00edgy az apuk\u00e1k teljesen \u00e9s kifog\u00e1sok n\u00e9lk\u00fcl besz\u00e1llhatnak a gondoz\u00e1sba.<\/p>\n\n\n\n<p class=\"wp-block-paragraph\">Ha a legkisebbek \u00e9tkez\u00e9s\u00e9t oldod meg, minden rendes k\u00e1v\u00e9z\u00f3ban \u00e9s a szok\u00e1sos \u00e9ttermekben gyereksz\u00e9kek, speci\u00e1lis gyerekev\u0151eszk\u00f6z\u00f6k \u00e9s lemoshat\u00f3 m\u0171anyag el\u0151k\u00e9k v\u00e1rnak r\u00e1d. <strong>A legt\u00f6bb hely automatikusan felaj\u00e1nl f\u00e9l \u00e1ras gyerekporci\u00f3t<\/strong>, vagy k\u00e9rd\u00e9s n\u00e9lk\u00fcl hoznak egy \u00fcres t\u00e1ny\u00e9rt, hogy megoszthasd a gyerekkel a saj\u00e1t \u00e9teledet. Ehhez j\u00f6nnek a pultokn\u00e1l szabadon hozz\u00e1f\u00e9rhet\u0151 mikr\u00f3k, \u00edgy a saj\u00e1t \u00fcveges b\u00e9bi\u00e9tel felmeleg\u00edt\u00e9se p\u00e1r m\u00e1sodperc k\u00e9rd\u00e9se.<\/p>\n\n\n\n<p class=\"wp-block-paragraph\">A biztons\u00e1g \u00e9s az eg\u00e9szs\u00e9g szempontj\u00e1b\u00f3l teljesen nyugodt lehetsz. Ha aut\u00f3val utazol, kider\u00fcl, hogy a sv\u00e9d gyerek\u00fcl\u00e9srendszer a vil\u00e1g egyik legszigor\u00fabbja (a gyerekek itt rendszeresen menetir\u00e1nynak h\u00e1ttal utaznak eg\u00e9szen n\u00e9gy\u00e9ves korig). Az aut\u00f3k\u00f6lcs\u00f6nz\u0151k erre remek\u00fcl fel vannak k\u00e9sz\u00fclve. A gy\u00f3gyszert\u00e1rak (Apotek) minden bev\u00e1s\u00e1rl\u00f3k\u00f6zpontban megtal\u00e1lhat\u00f3k, \u00e9s t\u00f6k\u00e9letesen fel vannak t\u00f6ltve gyerekgy\u00f3gyszerekkel, \u00edgy ha otthon is felejted a l\u00e1zcsillap\u00edt\u00f3t, k\u00f6nnyen p\u00f3tlod.<\/p>\n\n\n\n<p class=\"wp-block-paragraph\">Csak egy l\u00e9nyeges sokkra kell felk\u00e9sz\u00fcln\u00f6d, ez pedig a k\u00e9szp\u00e9nzmentes t\u00e1rsadalom. <strong>A k\u00e9szp\u00e9nzt nyugodtan hagyd otthon, mert Sv\u00e9dorsz\u00e1gban egyszer\u0171en nem tudod elk\u00f6lteni<\/strong>. K\u00e1rty\u00e1val mindent kifizetsz, a b\u00f3d\u00e9ban vett fagyit\u00f3l a nyilv\u00e1nos mosd\u00f3ba val\u00f3 bel\u00e9p\u00e9sig. Az egyetlen b\u00f6kken\u0151 a helyi Swish alkalmaz\u00e1s, amelyet turistak\u00e9nt sv\u00e9d banksz\u00e1mla n\u00e9lk\u00fcl nem szerzel meg, \u00e9s id\u0151nk\u00e9nt olyan termel\u0151i standba botlasz, amely \u00e9ppen csak Swisht fogad.<\/p>\n\n\n\n<p class=\"wp-block-paragraph\">V\u00e9g\u00fcl egy praktikus tan\u00e1cs azoknak a sz\u00fcl\u0151knek, akik este a gyerekek elaltat\u00e1sa ut\u00e1n sz\u00edvesen isznak egy poh\u00e1r bort a fah\u00e1z terasz\u00e1n. <strong>A 3,5% feletti alkoholt kiz\u00e1r\u00f3lag a Systembolaget \u00e1llami boltokban veszed<\/strong>. Ezeknek viszont nagyon szigor\u00fa a nyitvatart\u00e1suk: szombaton m\u00e1r 15:00-kor bez\u00e1rnak, vas\u00e1rnap pedig teljesen z\u00e1rva vannak. Ha p\u00e9nteken nem veszed meg a bort, a h\u00e9tv\u00e9g\u00e9n a szupermarket gyenge s\u00f6r\u00e9t ihatod.<\/p>\n\n\n\n<figure data-wp-context=\"{&quot;imageId&quot;:&quot;6a9530b4d4876&quot;}\" data-wp-interactive=\"core\/image\" data-wp-key=\"6a9530b4d4876\" class=\"wp-block-image size-full wp-lightbox-container\"><img decoding=\"async\" width=\"1800\" height=\"1200\" data-wp-class--hide=\"state.isContentHidden\" data-wp-class--show=\"state.isContentVisible\" data-wp-init=\"callbacks.setButtonStyles\" data-wp-on--click=\"actions.showLightbox\" data-wp-on--load=\"callbacks.setButtonStyles\" data-wp-on--pointerdown=\"actions.preloadImage\" data-wp-on--pointerenter=\"actions.preloadImageWithDelay\" data-wp-on--pointerleave=\"actions.cancelPreload\" data-wp-on-window--resize=\"callbacks.setButtonStyles\" src=\"https:\/\/loudavymkrokem.cz\/wp-content\/uploads\/2026\/07\/svedsko-clanky-svedsko-s-detmi-22-1.jpg\" alt=\"Csal\u00e1di nyaral\u00e1s tervez\u00e9se\" class=\"wp-image-351268\" title=\"\" srcset=\"https:\/\/loudavymkrokem.cz\/wp-content\/uploads\/2026\/07\/svedsko-clanky-svedsko-s-detmi-22-1.jpg 1800w, https:\/\/loudavymkrokem.cz\/wp-content\/uploads\/2026\/07\/svedsko-clanky-svedsko-s-detmi-22-1-300x200.jpg 300w, https:\/\/loudavymkrokem.cz\/wp-content\/uploads\/2026\/07\/svedsko-clanky-svedsko-s-detmi-22-1-700x467.jpg 700w, https:\/\/loudavymkrokem.cz\/wp-content\/uploads\/2026\/07\/svedsko-clanky-svedsko-s-detmi-22-1-768x512.jpg 768w, https:\/\/loudavymkrokem.cz\/wp-content\/uploads\/2026\/07\/svedsko-clanky-svedsko-s-detmi-22-1-1536x1024.jpg 1536w, https:\/\/loudavymkrokem.cz\/wp-content\/uploads\/2026\/07\/svedsko-clanky-svedsko-s-detmi-22-1-696x464.jpg 696w, https:\/\/loudavymkrokem.cz\/wp-content\/uploads\/2026\/07\/svedsko-clanky-svedsko-s-detmi-22-1-1392x928.jpg 1392w\" sizes=\"(max-width: 1800px) 100vw, 1800px\" \/><button\n\t\t\tclass=\"lightbox-trigger\"\n\t\t\ttype=\"button\"\n\t\t\taria-haspopup=\"dialog\"\n\t\t\tdata-wp-bind--aria-label=\"state.thisImage.triggerButtonAriaLabel\"\n\t\t\tdata-wp-init=\"callbacks.initTriggerButton\"\n\t\t\tdata-wp-on--click=\"actions.showLightbox\"\n\t\t\tdata-wp-style--right=\"state.thisImage.buttonRight\"\n\t\t\tdata-wp-style--top=\"state.thisImage.buttonTop\"\n\t\t>\n\t\t\t<svg xmlns=\"http:\/\/www.w3.org\/2000\/svg\" width=\"12\" height=\"12\" fill=\"none\" viewBox=\"0 0 12 12\">\n\t\t\t\t<path fill=\"#fff\" d=\"M2 0a2 2 0 0 0-2 2v2h1.5V2a.5.5 0 0 1 .5-.5h2V0H2Zm2 10.5H2a.5.5 0 0 1-.5-.5V8H0v2a2 2 0 0 0 2 2h2v-1.5ZM8 12v-1.5h2a.5.5 0 0 0 .5-.5V8H12v2a2 2 0 0 1-2 2H8Zm2-12a2 2 0 0 1 2 2v2h-1.5V2a.5.5 0 0 0-.5-.5H8V0h2Z\" \/>\n\t\t\t<\/svg>\n\t\t<\/button><figcaption class=\"wp-element-caption\">Fot\u00f3: Vojta Kova\u0159\u00edk \/ Pexels<\/figcaption><\/figure>\n\n\n\n<h2 class=\"wp-block-heading\"><span class=\"ez-toc-section\" id=\"Csaladi_utiterv_10_napra_egy_bazisrol\"><\/span>Csal\u00e1di \u00fatiterv 10 napra egy b\u00e1zisr\u00f3l<span class=\"ez-toc-section-end\"><\/span><\/h2>\n\n\n\n<p class=\"wp-block-paragraph\">Ha nem akarod k\u00e9tnaponta pakolni a gyerekeket, \u00e9s folyton aut\u00f3val helyr\u0151l helyre k\u00f6lt\u00f6zni, az ide\u00e1lis v\u00e1ltozat egy strat\u00e9giai b\u00e1zis b\u00e9rl\u00e9se egy h\u00e9tre vagy t\u00edz napra. <strong>Ez a helyhez k\u00f6t\u00f6tt \u00fatiterv egy tipikus sv\u00e9d fah\u00e1z (stuga) b\u00e9rl\u00e9s\u00e9vel sz\u00e1mol Sm\u00e5land t\u00e9rs\u00e9g\u00e9ben vagy a nagy tavakn\u00e1l<\/strong>, ahonnan egynapos kir\u00e1ndul\u00e1sokat teszel a k\u00f6rny\u00e9kre.<\/p>\n\n\n\n<p class=\"wp-block-paragraph\">Sm\u00e5land ehhez a nyaral\u00e1si st\u00edlushoz teljesen t\u00f6k\u00e9letes, mert egy\u00f3r\u00e1s el\u00e9rhet\u0151s\u00e9gi t\u00e1vols\u00e1gon bel\u00fcl mindent k\u00edn\u00e1l, amire egy csal\u00e1dnak az \u00e9szaki boldogs\u00e1ghoz sz\u00fcks\u00e9ge van.<\/p>\n\n\n\n<ul class=\"wp-block-list\">\n\n<li>  <strong>1\u20132. nap: \u00e9rkez\u00e9s \u00e9s bek\u00f6lt\u00f6z\u00e9s.<\/strong> Meg\u00e9rkezel a b\u00e9relt t\u00f3parti fah\u00e1zba. Az els\u0151 napokat szenteld az akklimatiz\u00e1ci\u00f3nak. Csin\u00e1lj egy nagy bev\u00e1s\u00e1rl\u00e1st a helyi szupermarketben (Willys vagy Lidl), pakolj ki, fedezd fel a k\u00f6rnyez\u0151 erd\u0151ket, tal\u00e1ld meg a legk\u00f6zelebbi f\u00fcrd\u0151strandot, \u00e9s este s\u00fcss kolb\u00e1szt a t\u0171z\u00f6n.<\/li>\n\n\n\n<li>  <strong>3\u20134. nap: kir\u00e1ndul\u00e1s Astrid\u00e9rt \u00e9s Emil\u00e9rt.<\/strong> Indulj egy eg\u00e9sz napos kir\u00e1ndul\u00e1sra Vimmerbybe. Az els\u0151 nap fedezd fel az Astrid Lindgrens V\u00e4rld vid\u00e1mparkot, ahol a gyerekek elj\u00e1tszanak Katthultban \u00e9s a Villa Kunterbuntban. A m\u00e1sodik nap menj a k\u00f6zeli val\u00f3di Gibberyd faluba, ahol az Emilr\u0151l sz\u00f3l\u00f3 sorozatot forgatt\u00e1k, \u00e9s igy\u00e1l egy k\u00e1v\u00e9t Astrid Lindgren sz\u00fcl\u0151h\u00e1za melletti k\u00e1v\u00e9z\u00f3ban.<\/li>\n\n\n\n<li>  <strong>5. nap: pihen\u0151nap az erd\u0151ben.<\/strong> Maradj a fah\u00e1z k\u00f6rny\u00e9k\u00e9n. B\u00e9relj cs\u00f3nakot a tavon, menj a gyerekekkel \u00e1fony\u00e1t gy\u0171jteni (l\u00e9pten-nyomon n\u0151), vagy f\u00fcr\u00f6djetek. Este f\u0151zz vacsor\u00e1ra t\u00e9szt\u00e1t, \u00e9s pihenj.<\/li>\n\n\n\n<li>  <strong>6. nap: szafari \u00e9s az \u00dcvegkir\u00e1lys\u00e1g.<\/strong> Csin\u00e1lj egy kir\u00e1ndul\u00e1st az \u00e1llatok\u00e9rt. Menj el a j\u00e1vorszarvasparkba (p\u00e9ld\u00e1ul Sm\u00e5landet Markaryd), ahol az \u00f3ri\u00e1si j\u00e1vorszarvasokat egyenesen az aut\u00f3b\u00f3l eteted. D\u00e9lut\u00e1n menj \u00e1t a k\u00f6zeli Glasriketbe (\u00dcvegkir\u00e1lys\u00e1g), ahol a gyerekek az \u00fcvegf\u00fav\u00f3 m\u0171helyekben n\u00e9zhetik a mester\u00fcvegf\u00fav\u00f3kat munka k\u00f6zben.<\/li>\n\n\n\n<li>  <strong>7\u20138. nap: Kalmar v\u00e1ra \u00e9s \u00d6land.<\/strong> Indulj a part fel\u00e9. D\u00e9lel\u0151tt fedezd fel a kalmari renesz\u00e1nsz v\u00e1rat titkos folyos\u00f3kkal, d\u00e9lut\u00e1n pedig menj \u00e1t a hossz\u00fa h\u00eddon \u00d6land sziget\u00e9re. Itt megf\u00fcr\u00f6dhetsz a feh\u00e9r strandokon, \u00e9s megn\u00e9zheted a sz\u00e9lmalmokat.<\/li>\n\n\n\n<li>  <strong>9\u201310. nap: pakol\u00e1s \u00e9s haza\u00fat.<\/strong> Az utols\u00f3 napokat szenteld a fah\u00e1z takar\u00edt\u00e1s\u00e1nak, az \u00e9szaki leveg\u0151 besz\u00edv\u00e1s\u00e1nak \u00e9s a komphoz vezet\u0151 lass\u00fa \u00fatnak, esetleges meg\u00e1ll\u00e1ssal egy sv\u00e9d fika (k\u00e1v\u00e9 fah\u00e9jas csig\u00e1val) mellett valahol az \u00fat ment\u00e9n.<\/li>\n\n\n<\/ul>\n\n\n\n<p class=\"wp-block-paragraph\">K\u00f6lts\u00e9gvet\u00e9s szempontj\u00e1b\u00f3l ez a v\u00e1ltozat sokkal bar\u00e1ts\u00e1gosabb, mint a folyamatos k\u00f6lt\u00f6zk\u00f6d\u00e9s. <strong>Egy n\u00e9gytag\u00fa csal\u00e1dnak egy hasonl\u00f3 \u00fat nagyj\u00e1b\u00f3l 530 000\u2013760 000 Ft-ba ker\u00fcl.<\/strong> A komp \u00e9s a benzin nagyj\u00e1b\u00f3l 270 000 Ft-ot nyel el, egy tisztess\u00e9ges fah\u00e1z b\u00e9rl\u00e9se egy h\u00e9tre 150 000\u2013230 000 Ft k\u00f6r\u00fcl mozog, a t\u00f6bbi pedig az \u00e9telek szupermarketes v\u00e1s\u00e1rl\u00e1s\u00e1ra \u00e9s a parkok bel\u00e9p\u0151ire megy el. A dr\u00e1ga \u00e9ttermek \u00e9s hotelek \u00e1tugr\u00e1s\u00e1val nyugodtan sp\u00f3rolsz ak\u00e1r t\u00f6bb t\u00edzezer forintot is (\u00e9s a gyerekeket ez t\u00e9nyleg nem zavarja).<\/p>\n\n\n\n<h2 class=\"wp-block-heading\"><span class=\"ez-toc-section\" id=\"Merre_tovabb_Svedorszagbol\"><\/span>Merre tov\u00e1bb Sv\u00e9dorsz\u00e1gb\u00f3l<span class=\"ez-toc-section-end\"><\/span><\/h2>\n\n\n\n<p class=\"wp-block-paragraph\">Ha t\u00f6bb id\u0151d van, vagy a sv\u00e9d kalandot \u00f6ssze akarod k\u00f6tni m\u00e1s \u00e9szaki \u00e9lm\u00e9nyekkel, rengeteg lehet\u0151s\u00e9g van. <strong>Az \u00d6resund-h\u00eddnak k\u00f6sz\u00f6nhet\u0151en k\u00f6nnyen \u00e9s gyorsan eljutsz a d\u00e1niai Koppenh\u00e1g\u00e1ba<\/strong>, amely a h\u00edres Tivoli vid\u00e1mparkot \u00e9s a csod\u00e1latos Den Bl\u00e5 Planet akv\u00e1riumot k\u00edn\u00e1lja.<\/p>\n\n\n\n<p class=\"wp-block-paragraph\">Olvasd el a t\u00f6bbi r\u00e9szletes \u00fatikalauzunkat is, amelyek seg\u00edtenek a skandin\u00e1v utad tov\u00e1bbi l\u00e9p\u00e9seinek tervez\u00e9s\u00e9ben:<\/p>\n\n\n\n<ul class=\"wp-block-list\">\n\n<li>  <a href=\"https:\/\/loudavymkrokem.cz\/hu\/svedorszag-mit-nezz-meg\/\">Sv\u00e9dorsz\u00e1g: 30 tipp, mit l\u00e1ss \u00e9s \u00e9lj \u00e1t<\/a><\/li>\n\n\n\n<li>  <a href=\"https:\/\/loudavymkrokem.cz\/hu\/smaland-svedorszag-tippek\/\">Sm\u00e5land \u00e9s az \u00dcvegkir\u00e1lys\u00e1g: 16 tipp, mit l\u00e1ss<\/a><\/li>\n\n\n\n<li>  <a href=\"https:\/\/loudavymkrokem.cz\/hu\/sved-stuga-fahaz-berlese\/\">Stuga: hogyan b\u00e9relj sv\u00e9d t\u00f3parti fah\u00e1zat<\/a><\/li>\n\n\n\n<li>  <a href=\"https:\/\/loudavymkrokem.cz\/hu\/goteborg-svedorszag-latnivalok\/\">G\u00f6teborg: 20 tipp, mit l\u00e1ss Sv\u00e9dorsz\u00e1g m\u00e1sodik v\u00e1ros\u00e1ban<\/a><\/li>\n\n\n\n<li>  <a href=\"https:\/\/loudavymkrokem.cz\/hu\/djurgarden-stockholm-muzeumsziget\/\">Djurg\u00e5rden: 15 tipp, mit l\u00e1ss a m\u00fazeumok sziget\u00e9n<\/a><\/li>\n\n\n<\/ul>\n\n\n\n<h2 class=\"wp-block-heading\"><span class=\"ez-toc-section\" id=\"Gyakran_ismetelt_kerdesek\"><\/span>Gyakran ism\u00e9telt k\u00e9rd\u00e9sek<span class=\"ez-toc-section-end\"><\/span><\/h2>\n\n\n\n<p class=\"wp-block-paragraph\">Az \u00e9szakra tart\u00f3 els\u0151 \u00fat el\u0151tt a sz\u00fcl\u0151k fej\u00e9ben gyakran rengeteg k\u00e9rd\u00e9s kavarog. \u00cdme a v\u00e1laszok a leggyakoribb k\u00e9rd\u00e9sekre a csal\u00e1ddal val\u00f3 sv\u00e9dorsz\u00e1gi \u00fattal kapcsolatban, amelyek megk\u00f6nny\u00edtik az eg\u00e9sz kir\u00e1ndul\u00e1s tervez\u00e9s\u00e9t.<\/p>\n\n\n<div id=\"rank-math-faq\" class=\"rank-math-block\">\n<div class=\"rank-math-list \">\n<div id=\"faq-question-1785264189000\" class=\"rank-math-list-item\">\n<h3 class=\"rank-math-question \"><span class=\"ez-toc-section\" id=\"Alkalmas-e_Svedorszag_nyaralasra_kisgyermekekkel\"><\/span>Alkalmas-e Sv\u00e9dorsz\u00e1g nyaral\u00e1sra kisgyermekekkel?<span class=\"ez-toc-section-end\"><\/span><\/h3>\n<div class=\"rank-math-answer \">\n\n<p>Hat\u00e1rozottan igen, <strong>Sv\u00e9dorsz\u00e1g a vil\u00e1g legink\u00e1bb bababar\u00e1t orsz\u00e1gai k\u00f6z\u00e9 tartozik<\/strong>. Minden\u00fctt kiv\u00e1l\u00f3an felszerelt pelenk\u00e1z\u00f3kat tal\u00e1lsz (\u00e1ltal\u00e1ban a f\u00e9rfi mosd\u00f3kban is), a j\u00e1rd\u00e1k t\u00f6k\u00e9letesen alkalmazkodnak a babakocsikhoz, \u00e9s a k\u00e1v\u00e9z\u00f3kban szabadon hozz\u00e1f\u00e9rhet\u0151 mikrohull\u00e1m\u00fa s\u00fct\u0151k \u00e1llnak rendelkez\u00e9sre a b\u00e9bi\u00e9tel azonnali meleg\u00edt\u00e9s\u00e9hez.<\/p>\n\n<\/div>\n<\/div>\n<div id=\"faq-question-1785264189001\" class=\"rank-math-list-item\">\n<h3 class=\"rank-math-question \"><span class=\"ez-toc-section\" id=\"Mennyibe_kerul_egy_csaladi_nyaralas_Svedorszagban\"><\/span>Mennyibe ker\u00fcl egy csal\u00e1di nyaral\u00e1s Sv\u00e9dorsz\u00e1gban?<span class=\"ez-toc-section-end\"><\/span><\/h3>\n<div class=\"rank-math-answer \">\n\n<p>Ha aut\u00f3val m\u00e9sz \u00e9s fah\u00e1zakban sz\u00e1llsz meg, ahol magad f\u0151z\u00f6l, <strong>a k\u00f6lts\u00e9gek jelent\u0151sen levihet\u0151k<\/strong>. Egy n\u00e9gyf\u0151s csal\u00e1d k\u00e9t h\u00e9tre (bele\u00e9rtve az utat, a kompot, a benzint, a kemping b\u00e9rl\u00e9s\u00e9t \u00e9s a szupermarketi v\u00e1s\u00e1rl\u00e1sokat) k\u00f6r\u00fclbel\u00fcl 280 000-400 000 Ft-ot k\u00f6lt, a fizet\u0151s l\u00e1tv\u00e1nyoss\u00e1gok sz\u00e1m\u00e1t\u00f3l f\u00fcgg\u0151en.<\/p>\n\n<\/div>\n<\/div>\n<div id=\"faq-question-1785264189002\" class=\"rank-math-list-item\">\n<h3 class=\"rank-math-question \"><span class=\"ez-toc-section\" id=\"Mikor_a_legjobb_gyerekekkel_Svedorszagba_utazni\"><\/span>Mikor a legjobb gyerekekkel Sv\u00e9dorsz\u00e1gba utazni?<span class=\"ez-toc-section-end\"><\/span><\/h3>\n<div class=\"rank-math-answer \">\n\n<p>A legjobb id\u0151szak <strong>j\u00fanius v\u00e9g\u00e9t\u0151l augusztus k\u00f6zep\u00e9ig tart, amikor a legmelegebb van, \u00e9s a tavak felmelegedtek f\u00fcrd\u00e9sre<\/strong>. Kiv\u00e1l\u00f3 tipp augusztus v\u00e9ge, amikor a sv\u00e9d gyerekeknek m\u00e1r elkezd\u0151dik az iskola, \u00edgy a nagy l\u00e1tnival\u00f3k nem annyira zs\u00fafoltak, de az id\u0151j\u00e1r\u00e1s m\u00e9g mindig nagyon kellemes a szabadban val\u00f3 tart\u00f3zkod\u00e1shoz.<\/p>\n\n<\/div>\n<\/div>\n<div id=\"faq-question-1785264189003\" class=\"rank-math-list-item\">\n<h3 class=\"rank-math-question \"><span class=\"ez-toc-section\" id=\"Lehet-e_kisgyerekkel_Lappfoldre_menni\"><\/span>Lehet-e kisgyerekkel Lappf\u00f6ldre menni?<span class=\"ez-toc-section-end\"><\/span><\/h3>\n<div class=\"rank-math-answer \">\n\n<p>Kisgyerekek \u00e9s nagyon kicsi gyermekek sz\u00e1m\u00e1ra a t\u00e9li Lappf\u00f6ldet nem igaz\u00e1n aj\u00e1nlom, mert <strong>a sz\u00e9ls\u0151s\u00e9ges hideg \u00e9s a megterhel\u0151 utaz\u00e1sok kimer\u00edt\u0151ek lehetnek<\/strong>. Az ide\u00e1lis kor a r\u00e9nszarvasok megl\u00e1togat\u00e1s\u00e1hoz \u00e9s a kutyasz\u00e1noz\u00e1shoz k\u00f6r\u00fclbel\u00fcl hat \u00e9v, amikor a gyerekek m\u00e1r teljesen tudatos\u00edtj\u00e1k \u00e9s \u00e9lvezik az \u00e9lm\u00e9nyt.<\/p>\n\n<\/div>\n<\/div>\n<div id=\"faq-question-1785264189004\" class=\"rank-math-list-item\">\n<h3 class=\"rank-math-question \"><span class=\"ez-toc-section\" id=\"Hogyan_mukodik_a_tomegkozlekedes_Stockholmban_babakocsival\"><\/span>Hogyan m\u0171k\u00f6dik a t\u00f6megk\u00f6zleked\u00e9s Stockholmban babakocsival?<span class=\"ez-toc-section-end\"><\/span><\/h3>\n<div class=\"rank-math-answer \">\n\n<p>A k\u00f6zleked\u00e9s rendk\u00edv\u00fcl bar\u00e1ts\u00e1gos \u00e9s praktikus. <strong>A babakocsis gyermeket tol\u00f3 feln\u0151tt k\u00eds\u00e9r\u0151 teljesen ingyen utazik a v\u00e1rosi buszokon<\/strong>. A k\u00f6z\u00e9ps\u0151 ajt\u00f3n kereszt\u00fcl sz\u00e1llsz fel biztons\u00e1gosan, \u00edgy nem kell elhagynod a gyermeket, mik\u00f6zben el\u00f6l a sof\u0151rn\u00e9l a jegyet \u00e9rv\u00e9nyes\u00edted.<\/p>\n\n<\/div>\n<\/div>\n<div id=\"faq-question-1785264189005\" class=\"rank-math-list-item\">\n<h3 class=\"rank-math-question \"><span class=\"ez-toc-section\" id=\"Mit_lehet_csinalni_Svedorszagban_ha_esik_az_eso\"><\/span>Mit lehet csin\u00e1lni Sv\u00e9dorsz\u00e1gban, ha esik az es\u0151?<span class=\"ez-toc-section-end\"><\/span><\/h3>\n<div class=\"rank-math-answer \">\n\n<p>Az orsz\u00e1g kiv\u00e1l\u00f3an fel van k\u00e9sz\u00fclve a rossz id\u0151j\u00e1r\u00e1sra, \u00e9s rengeteg fedett sz\u00f3rakoz\u00e1st k\u00edn\u00e1l. <strong>L\u00e1togass el \u00f3ri\u00e1si interakt\u00edv m\u00fazeumokba<\/strong>, mint p\u00e9ld\u00e1ul a g\u00f6teborgi Universeum es\u0151erdeje, a stockholmi Technikat\u00f6rt\u00e9neti M\u00fazeum vagy a csod\u00e1latos Tom Tits Experiment, ahol a gyerekek j\u00e1t\u00e9kosan sz\u00f3rakozhatnak egy eg\u00e9sz napot fed\u00e9l alatt.<\/p>\n\n<\/div>\n<\/div>\n<div id=\"faq-question-1785264189006\" class=\"rank-math-list-item\">\n<h3 class=\"rank-math-question \"><span class=\"ez-toc-section\" id=\"Lehet-e_gyerekekkel_furodni_Svedorszagban\"><\/span>Lehet-e gyerekekkel f\u00fcr\u00f6dni Sv\u00e9dorsz\u00e1gban?<span class=\"ez-toc-section-end\"><\/span><\/h3>\n<div class=\"rank-math-answer \">\n\n<p>Igen, a sv\u00e9d ny\u00e1r tele van v\u00edzi \u00f6r\u00f6m\u00f6kkel, \u00e9s a f\u00fcrd\u00e9s elv\u00e1laszthatatlan r\u00e9sze. <strong>A sek\u00e9ly tavak \u00e9s \u00f6bl\u00f6k (p\u00e9ld\u00e1ul az \u00d6land sziget strandjai) ny\u00e1ron gyorsan felmelegednek<\/strong>, \u00e9s a v\u00edz h\u0151m\u00e9rs\u00e9klete \u00e1ltal\u00e1ban el\u00e9ri a h\u00fasz fokot, ami t\u00f6k\u00e9letesen elegend\u0151 a gyerekek sz\u00f3rakoz\u00e1s\u00e1hoz.<\/p>\n\n<\/div>\n<\/div>\n<div id=\"faq-question-1785264189007\" class=\"rank-math-list-item\">\n<h3 class=\"rank-math-question \"><span class=\"ez-toc-section\" id=\"Hol_van_ingyenes_belepes_a_gyerekeknek\"><\/span>Hol van ingyenes bel\u00e9p\u00e9s a gyerekeknek?<span class=\"ez-toc-section-end\"><\/span><\/h3>\n<div class=\"rank-math-answer \">\n\n<p>Sv\u00e9dorsz\u00e1g anyagilag nagyon seg\u00edti a csal\u00e1dokat, \u00e9s k\u00edm\u00e9li a k\u00f6lts\u00e9gvet\u00e9st. <strong>A 18 \u00e9v alatti gyerekek nem fizetnek bel\u00e9p\u0151t sz\u00e1mos \u00e1llami int\u00e9zm\u00e9nybe, bele\u00e9rtve a h\u00edres Vasa m\u00fazeumot is<\/strong>, \u00e9s a legkisebb l\u00e1togat\u00f3k gyakran ingyenesen jutnak be az \u00e1llatkertekbe is, mint p\u00e9ld\u00e1ul a stockholmi Skansen (ahol a 15 \u00e9v alatti gyerekek bel\u00e9p\u00e9se online foglal\u00e1s ut\u00e1n ingyenes).<\/p>\n\n<\/div>\n<\/div>\n<\/div>\n<\/div>","protected":false},"excerpt":{"rendered":"<p>Indulj a csal\u00e1ddal abba az orsz\u00e1gba, ahol a babakocsis k\u00eds\u00e9r\u0151 nem fizet a buszon, pelenk\u00e1z\u00f3 van minden sarkon, \u00e9s Harisny\u00e1s Pippi \u00e9letre kel a szemed el\u0151tt.<\/p>\n","protected":false},"author":3,"featured_media":351136,"comment_status":"open","ping_status":"open","sticky":false,"template":"","format":"standard","meta":{"_acf_changed":false,"footnotes":"","rank_math_title":"Sv\u00e9dorsz\u00e1g gyerekkel: 16 tipp \u00e9s \u00e9lm\u00e9ny 2026-ban","rank_math_description":"Sv\u00e9dorsz\u00e1g gyerekkel: 16 tipp, hov\u00e1 menj \u00e9s mit \u00e9lj \u00e1t a csal\u00e1ddal. Vid\u00e1mparkok, t\u00f3parti fah\u00e1zak, Astrid Lindgren vil\u00e1ga \u00e9s praktikus tan\u00e1csok. Olvasd el!","rank_math_focus_keyword":"sv\u00e9dorsz\u00e1g","rank_math_seo_score":""},"categories":[1804,1788],"tags":[],"class_list":["post-409111","post","type-post","status-publish","format-standard","has-post-thumbnail","category-europa","category-utazas"],"acf":[],"featured_image_src":"https:\/\/loudavymkrokem.cz\/wp-content\/uploads\/2026\/07\/deti-hero.jpg","author_info":{"display_name":"Lucie Kone\u010dn\u00e1","author_link":"https:\/\/loudavymkrokem.cz\/hu\/author\/lucie-konecna\/"},"_links":{"self":[{"href":"https:\/\/loudavymkrokem.cz\/hu\/wp-json\/wp\/v2\/posts\/409111","targetHints":{"allow":["GET"]}}],"collection":[{"href":"https:\/\/loudavymkrokem.cz\/hu\/wp-json\/wp\/v2\/posts"}],"about":[{"href":"https:\/\/loudavymkrokem.cz\/hu\/wp-json\/wp\/v2\/types\/post"}],"author":[{"embeddable":true,"href":"https:\/\/loudavymkrokem.cz\/hu\/wp-json\/wp\/v2\/users\/3"}],"replies":[{"embeddable":true,"href":"https:\/\/loudavymkrokem.cz\/hu\/wp-json\/wp\/v2\/comments?post=409111"}],"version-history":[{"count":2,"href":"https:\/\/loudavymkrokem.cz\/hu\/wp-json\/wp\/v2\/posts\/409111\/revisions"}],"predecessor-version":[{"id":409113,"href":"https:\/\/loudavymkrokem.cz\/hu\/wp-json\/wp\/v2\/posts\/409111\/revisions\/409113"}],"wp:featuredmedia":[{"embeddable":true,"href":"https:\/\/loudavymkrokem.cz\/hu\/wp-json\/wp\/v2\/media\/351136"}],"wp:attachment":[{"href":"https:\/\/loudavymkrokem.cz\/hu\/wp-json\/wp\/v2\/media?parent=409111"}],"wp:term":[{"taxonomy":"category","embeddable":true,"href":"https:\/\/loudavymkrokem.cz\/hu\/wp-json\/wp\/v2\/categories?post=409111"},{"taxonomy":"post_tag","embeddable":true,"href":"https:\/\/loudavymkrokem.cz\/hu\/wp-json\/wp\/v2\/tags?post=409111"}],"curies":[{"name":"wp","href":"https:\/\/api.w.org\/{rel}","templated":true}]}}