{"id":285189,"date":"2026-08-27T09:09:00","date_gmt":"2026-08-27T07:09:00","guid":{"rendered":"https:\/\/loudavymkrokem.cz\/teli-udules-melegre\/"},"modified":"2026-09-02T05:40:37","modified_gmt":"2026-09-02T03:40:37","slug":"teli-udules-melegre","status":"publish","type":"post","link":"https:\/\/loudavymkrokem.cz\/hu\/teli-udules-melegre\/","title":{"rendered":"Hova utazz janu\u00e1rban 2026-ban: naps\u00fct\u00e9s, hegyek \u00e9s \u00e9szaki f\u00e9ny"},"content":{"rendered":"\n<!-- lk-tldr -->\n<div class=\"lk-tldr\" style=\"background:#f7f5f0;border-left:4px solid #c39f76;border-radius:0 10px 10px 0;padding:14px 18px;margin:0 0 26px;font-size:15px;line-height:1.65;\"><strong style=\"display:block;font-size:12px;text-transform:uppercase;letter-spacing:.06em;color:#a9885a;margin-bottom:5px;\">TL;DR<\/strong>Ha janu\u00e1rban meleget \u00e9s tengert keresel, indulj el p\u00e9ld\u00e1ul a <strong>Kan\u00e1ri-szigetekre<\/strong> (20\u201325 \u00b0C), <strong>Egyiptomba<\/strong> (22\u201326 \u00b0C, Hurghada, Sarm-es-Sejk), <strong>Thaif\u00f6ldre<\/strong> (28\u201332 \u00b0C, tenger 27 \u00b0C k\u00f6r\u00fcl, Phuket, Koh Samui, Krabi) vagy a <strong>Dominikai K\u00f6zt\u00e1rsas\u00e1gba<\/strong> (27\u201330 \u00b0C, Punta Cana). Tov\u00e1bbi ide\u00e1lis c\u00e9lpontok a Seychelle-szigetek \u00e9s Om\u00e1n (25\u201330 \u00b0C), Vietnam \u00e9s a F\u00fcl\u00f6p-szigetek (27\u201332 \u00b0C), valamint Ausztr\u00e1lia \u00e9s a D\u00e9l-afrikai K\u00f6zt\u00e1rsas\u00e1g, ahol janu\u00e1rban ny\u00e1r van, 25\u201330 \u00b0C-kal. A cikk \u00f6sszesen 10 konkr\u00e9t \u00fati c\u00e9l tippet k\u00edn\u00e1l, aj\u00e1nlott sz\u00e1ll\u00e1sokkal \u00e9s programokkal, a g\u00edzai piramisokt\u00f3l a Nagy-korallz\u00e1tonyig.<\/div>\n<!-- \/lk-tldr -->\n\n\n\n<!-- lk-navbar -->\n<div class=\"lk-navbar\" style=\"margin:0 0 28px;\"><div style=\"font-size:12px;text-transform:uppercase;letter-spacing:.06em;color:#a9885a;font-weight:700;margin-bottom:9px;\">Gyors linkek<\/div><div style=\"display:flex;flex-wrap:wrap;gap:9px;\"><a href=\"#Tipy_na_nejlepsi_hotely_na_Koh_Samui_v_lednu\" style=\"background:#c39f76;color:#fff;border:1px solid #c39f76;padding:9px 15px;border-radius:22px;font-size:14px;font-weight:700;text-decoration:none;display:inline-block;line-height:1;\">\ud83d\udccd Hol lakj<\/a><a href=\"#10_tipu_kam_na_dovolenou_v_lednu_za_teplem\" style=\"background:#fff;color:#6b5a44;border:1px solid #e2d6c1;padding:9px 15px;border-radius:22px;font-size:14px;font-weight:600;text-decoration:none;display:inline-block;line-height:1;\">\ud83d\udca1 Tippek<\/a><a href=\"#Casto_kladene_otazky\" style=\"background:#fff;color:#6b5a44;border:1px solid #e2d6c1;padding:9px 15px;border-radius:22px;font-size:14px;font-weight:600;text-decoration:none;display:inline-block;line-height:1;\">\u2753 GYIK<\/a><\/div><\/div>\n<!-- \/lk-navbar -->\n\n\n\n\n<p class=\"wp-block-paragraph\">A janu\u00e1r az a h\u00f3nap, amikor a legt\u00f6bben m\u00e1r v\u00e1gyunk arra, hogy menek\u00fclj\u00fcnk a hideg \u00e9s a h\u00f3 el\u0151l. Ha te is olyan \u00fati c\u00e9lt keresel, ahol kipihenheted magad a meleg naps\u00fct\u00e9sben \u00e9s felfriss\u00fclhetsz a tengerben, <strong>n\u00e9h\u00e1ny remek tippet hozok neked a legjobb janu\u00e1ri utaz\u00e1shoz<\/strong>.<\/p>\n\n\n\n<p class=\"wp-block-paragraph\">Legyen sz\u00f3 tr\u00f3pusi, h\u00f3feh\u00e9r strandokr\u00f3l, sz\u00f6rf\u00f6z\u00e9sr\u0151l vagy m\u00e1s adrenalinr\u00f3l, esetleg egyszer\u0171en csak a j\u00f3 melegr\u0151l, rengeteg leny\u0171g\u00f6z\u0151 orsz\u00e1gb\u00f3l v\u00e1laszthatsz. <strong>N\u00e9zz\u00fck meg egy\u00fctt azt a 10 remek helyet, ahov\u00e1 janu\u00e1rban \u00e9rdemes elindulni a meleg\u00e9rt.<\/strong><\/p>\n\n\n\n<figure data-wp-context=\"{&quot;imageId&quot;:&quot;6a9afccbe84af&quot;}\" data-wp-interactive=\"core\/image\" data-wp-key=\"6a9afccbe84af\" class=\"wp-block-image size-full wp-lightbox-container\"><img decoding=\"async\" width=\"1200\" height=\"800\" data-wp-class--hide=\"state.isContentHidden\" data-wp-class--show=\"state.isContentVisible\" data-wp-init=\"callbacks.setButtonStyles\" data-wp-on--click=\"actions.showLightbox\" data-wp-on--load=\"callbacks.setButtonStyles\" data-wp-on--pointerdown=\"actions.preloadImage\" data-wp-on--pointerenter=\"actions.preloadImageWithDelay\" data-wp-on--pointerleave=\"actions.cancelPreload\" data-wp-on-window--resize=\"callbacks.setButtonStyles\" src=\"https:\/\/loudavymkrokem.cz\/wp-content\/uploads\/2024\/11\/dovolena-v-lednu.jpg\" alt=\"Hova utazz janu\u00e1rban\" class=\"wp-image-90847\" title=\"\" srcset=\"https:\/\/loudavymkrokem.cz\/wp-content\/uploads\/2024\/11\/dovolena-v-lednu.jpg 1200w, https:\/\/loudavymkrokem.cz\/wp-content\/uploads\/2024\/11\/dovolena-v-lednu-300x200.jpg 300w, https:\/\/loudavymkrokem.cz\/wp-content\/uploads\/2024\/11\/dovolena-v-lednu-700x467.jpg 700w, https:\/\/loudavymkrokem.cz\/wp-content\/uploads\/2024\/11\/dovolena-v-lednu-768x512.jpg 768w, https:\/\/loudavymkrokem.cz\/wp-content\/uploads\/2024\/11\/dovolena-v-lednu-696x464.jpg 696w\" sizes=\"(max-width: 1200px) 100vw, 1200px\" \/><button\n\t\t\tclass=\"lightbox-trigger\"\n\t\t\ttype=\"button\"\n\t\t\taria-haspopup=\"dialog\"\n\t\t\tdata-wp-bind--aria-label=\"state.thisImage.triggerButtonAriaLabel\"\n\t\t\tdata-wp-init=\"callbacks.initTriggerButton\"\n\t\t\tdata-wp-on--click=\"actions.showLightbox\"\n\t\t\tdata-wp-style--right=\"state.thisImage.buttonRight\"\n\t\t\tdata-wp-style--top=\"state.thisImage.buttonTop\"\n\t\t>\n\t\t\t<svg xmlns=\"http:\/\/www.w3.org\/2000\/svg\" width=\"12\" height=\"12\" fill=\"none\" viewBox=\"0 0 12 12\">\n\t\t\t\t<path fill=\"#fff\" d=\"M2 0a2 2 0 0 0-2 2v2h1.5V2a.5.5 0 0 1 .5-.5h2V0H2Zm2 10.5H2a.5.5 0 0 1-.5-.5V8H0v2a2 2 0 0 0 2 2h2v-1.5ZM8 12v-1.5h2a.5.5 0 0 0 .5-.5V8H12v2a2 2 0 0 1-2 2H8Zm2-12a2 2 0 0 1 2 2v2h-1.5V2a.5.5 0 0 0-.5-.5H8V0h2Z\" \/>\n\t\t\t<\/svg>\n\t\t<\/button><figcaption class=\"wp-element-caption\">Hova utazz janu\u00e1rban<\/figcaption><\/figure>\n\n\n\n<div id=\"ez-toc-container\" class=\"ez-toc-v2_0_87 ez-toc-wrap-left counter-hierarchy ez-toc-counter ez-toc-grey ez-toc-container-direction\">\n<div class=\"ez-toc-title-container\">\n<p class=\"ez-toc-title\" style=\"cursor:inherit\">A cikk tartalma<\/p>\n<span class=\"ez-toc-title-toggle\"><a href=\"#\" class=\"ez-toc-pull-right ez-toc-btn ez-toc-btn-xs ez-toc-btn-default ez-toc-toggle\" aria-label=\"Toggle Table of Content\"><span class=\"ez-toc-js-icon-con\"><span class=\"\"><span class=\"eztoc-hide\" style=\"display:none;\">Toggle<\/span><span class=\"ez-toc-icon-toggle-span\"><svg style=\"fill: #999;color:#999\" xmlns=\"http:\/\/www.w3.org\/2000\/svg\" class=\"list-377408\" width=\"20px\" height=\"20px\" viewBox=\"0 0 24 24\" fill=\"none\"><path d=\"M6 6H4v2h2V6zm14 0H8v2h12V6zM4 11h2v2H4v-2zm16 0H8v2h12v-2zM4 16h2v2H4v-2zm16 0H8v2h12v-2z\" fill=\"currentColor\"><\/path><\/svg><svg style=\"fill: #999;color:#999\" class=\"arrow-unsorted-368013\" xmlns=\"http:\/\/www.w3.org\/2000\/svg\" width=\"10px\" height=\"10px\" viewBox=\"0 0 24 24\" version=\"1.2\" baseProfile=\"tiny\"><path d=\"M18.2 9.3l-6.2-6.3-6.2 6.3c-.2.2-.3.4-.3.7s.1.5.3.7c.2.2.4.3.7.3h11c.3 0 .5-.1.7-.3.2-.2.3-.5.3-.7s-.1-.5-.3-.7zM5.8 14.7l6.2 6.3 6.2-6.3c.2-.2.3-.5.3-.7s-.1-.5-.3-.7c-.2-.2-.4-.3-.7-.3h-11c-.3 0-.5.1-.7.3-.2.2-.3.5-.3.7s.1.5.3.7z\"\/><\/svg><\/span><\/span><\/span><\/a><\/span><\/div>\n<nav><ul class='ez-toc-list ez-toc-list-level-1 ' ><li class='ez-toc-page-1 ez-toc-heading-level-2'><a class=\"ez-toc-link ez-toc-heading-1\" href=\"https:\/\/loudavymkrokem.cz\/hu\/teli-udules-melegre\/#10_tipp_hova_utazz_januarban_a_melegert\" >10 tipp, hov\u00e1 utazz janu\u00e1rban a meleg\u00e9rt<\/a><ul class='ez-toc-list-level-3' ><li class='ez-toc-heading-level-3'><a class=\"ez-toc-link ez-toc-heading-2\" href=\"https:\/\/loudavymkrokem.cz\/hu\/teli-udules-melegre\/#Kanari-szigetek_Tenerife_Gran_Canaria_Lanzarote_vagy_Fuerteventura\" >Kan\u00e1ri-szigetek (Tenerife, Gran Canaria, Lanzarote vagy Fuerteventura)<\/a><ul class='ez-toc-list-level-4' ><li class='ez-toc-heading-level-4'><a class=\"ez-toc-link ez-toc-heading-3\" href=\"https:\/\/loudavymkrokem.cz\/hu\/teli-udules-melegre\/#Kanari-szigetek_a_legjobb_szallasok\" >Kan\u00e1ri-szigetek: a legjobb sz\u00e1ll\u00e1sok<\/a><\/li><\/ul><\/li><li class='ez-toc-page-1 ez-toc-heading-level-3'><a class=\"ez-toc-link ez-toc-heading-4\" href=\"https:\/\/loudavymkrokem.cz\/hu\/teli-udules-melegre\/#Egyiptom\" >Egyiptom<\/a><ul class='ez-toc-list-level-4' ><li class='ez-toc-heading-level-4'><a class=\"ez-toc-link ez-toc-heading-5\" href=\"https:\/\/loudavymkrokem.cz\/hu\/teli-udules-melegre\/#Januari_utazas_Egyiptomba_a_legjobb_hotelresortok\" >Janu\u00e1ri utaz\u00e1s Egyiptomba: a legjobb hotelresortok<\/a><\/li><\/ul><\/li><li class='ez-toc-page-1 ez-toc-heading-level-3'><a class=\"ez-toc-link ez-toc-heading-6\" href=\"https:\/\/loudavymkrokem.cz\/hu\/teli-udules-melegre\/#Thaifold\" >Thaif\u00f6ld<\/a><\/li><\/ul><\/li><li class='ez-toc-page-1 ez-toc-heading-level-2'><a class=\"ez-toc-link ez-toc-heading-7\" href=\"https:\/\/loudavymkrokem.cz\/hu\/teli-udules-melegre\/#Hol_van_januarban_a_legmelegebb_tengerviz-homerseklet_tablazat\" >Hol van janu\u00e1rban a legmelegebb: tengerv\u00edz-h\u0151m\u00e9rs\u00e9klet t\u00e1bl\u00e1zat<\/a><\/li><li class='ez-toc-page-1 ez-toc-heading-level-2'><a class=\"ez-toc-link ez-toc-heading-8\" href=\"https:\/\/loudavymkrokem.cz\/hu\/teli-udules-melegre\/#Tippek_a_legjobb_Koh_Samui-i_szallasokra_januarban\" >Tippek a legjobb Koh Samui-i sz\u00e1ll\u00e1sokra janu\u00e1rban<\/a><ul class='ez-toc-list-level-3' ><li class='ez-toc-heading-level-3'><a class=\"ez-toc-link ez-toc-heading-9\" href=\"https:\/\/loudavymkrokem.cz\/hu\/teli-udules-melegre\/#Dominikai_Koztarsasag\" >Dominikai K\u00f6zt\u00e1rsas\u00e1g<\/a><ul class='ez-toc-list-level-4' ><li class='ez-toc-heading-level-4'><a class=\"ez-toc-link ez-toc-heading-10\" href=\"https:\/\/loudavymkrokem.cz\/hu\/teli-udules-melegre\/#Nyaralas_a_Dominikai_Koztarsasagban_a_legjobb_szallasok\" >Nyaral\u00e1s a Dominikai K\u00f6zt\u00e1rsas\u00e1gban: a legjobb sz\u00e1ll\u00e1sok<\/a><\/li><\/ul><\/li><li class='ez-toc-page-1 ez-toc-heading-level-3'><a class=\"ez-toc-link ez-toc-heading-11\" href=\"https:\/\/loudavymkrokem.cz\/hu\/teli-udules-melegre\/#Ausztralia\" >Ausztr\u00e1lia<\/a><ul class='ez-toc-list-level-4' ><li class='ez-toc-heading-level-4'><a class=\"ez-toc-link ez-toc-heading-12\" href=\"https:\/\/loudavymkrokem.cz\/hu\/teli-udules-melegre\/#Hol_lakj_Ausztraliaban\" >Hol lakj Ausztr\u00e1li\u00e1ban?<\/a><\/li><\/ul><\/li><li class='ez-toc-page-1 ez-toc-heading-level-3'><a class=\"ez-toc-link ez-toc-heading-13\" href=\"https:\/\/loudavymkrokem.cz\/hu\/teli-udules-melegre\/#Seychelle-szigetek\" >Seychelle-szigetek<\/a><ul class='ez-toc-list-level-4' ><li class='ez-toc-heading-level-4'><a class=\"ez-toc-link ez-toc-heading-14\" href=\"https:\/\/loudavymkrokem.cz\/hu\/teli-udules-melegre\/#Seychelle-szigetek_a_legjobb_szallasok\" >Seychelle-szigetek: a legjobb sz\u00e1ll\u00e1sok<\/a><\/li><\/ul><\/li><li class='ez-toc-page-1 ez-toc-heading-level-3'><a class=\"ez-toc-link ez-toc-heading-15\" href=\"https:\/\/loudavymkrokem.cz\/hu\/teli-udules-melegre\/#Oman\" >Om\u00e1n<\/a><ul class='ez-toc-list-level-4' ><li class='ez-toc-heading-level-4'><a class=\"ez-toc-link ez-toc-heading-16\" href=\"https:\/\/loudavymkrokem.cz\/hu\/teli-udules-melegre\/#Egzotikus_nyaralas_Omanban_a_legjobb_resortok\" >Egzotikus nyaral\u00e1s Om\u00e1nban: a legjobb resortok<\/a><\/li><\/ul><\/li><li class='ez-toc-page-1 ez-toc-heading-level-3'><a class=\"ez-toc-link ez-toc-heading-17\" href=\"https:\/\/loudavymkrokem.cz\/hu\/teli-udules-melegre\/#Vietnam\" >Vietnam<\/a><ul class='ez-toc-list-level-4' ><li class='ez-toc-heading-level-4'><a class=\"ez-toc-link ez-toc-heading-18\" href=\"https:\/\/loudavymkrokem.cz\/hu\/teli-udules-melegre\/#Szallastippek_Vietnamban\" >Sz\u00e1ll\u00e1stippek Vietnamban<\/a><\/li><\/ul><\/li><li class='ez-toc-page-1 ez-toc-heading-level-3'><a class=\"ez-toc-link ez-toc-heading-19\" href=\"https:\/\/loudavymkrokem.cz\/hu\/teli-udules-melegre\/#Fulop-szigetek\" >F\u00fcl\u00f6p-szigetek<\/a><ul class='ez-toc-list-level-4' ><li class='ez-toc-heading-level-4'><a class=\"ez-toc-link ez-toc-heading-20\" href=\"https:\/\/loudavymkrokem.cz\/hu\/teli-udules-melegre\/#Januari_nyaralas_a_Fulop-szigeteken_a_legjobb_szallasok\" >Janu\u00e1ri nyaral\u00e1s a F\u00fcl\u00f6p-szigeteken: a legjobb sz\u00e1ll\u00e1sok<\/a><\/li><\/ul><\/li><li class='ez-toc-page-1 ez-toc-heading-level-3'><a class=\"ez-toc-link ez-toc-heading-21\" href=\"https:\/\/loudavymkrokem.cz\/hu\/teli-udules-melegre\/#Del-afrikai_Koztarsasag\" >D\u00e9l-afrikai K\u00f6zt\u00e1rsas\u00e1g<\/a><ul class='ez-toc-list-level-4' ><li class='ez-toc-heading-level-4'><a class=\"ez-toc-link ez-toc-heading-22\" href=\"https:\/\/loudavymkrokem.cz\/hu\/teli-udules-melegre\/#Del-afrikai_Koztarsasag_szallastippek\" >D\u00e9l-afrikai K\u00f6zt\u00e1rsas\u00e1g: sz\u00e1ll\u00e1stippek<\/a><\/li><\/ul><\/li><\/ul><\/li><li class='ez-toc-page-1 ez-toc-heading-level-2'><a class=\"ez-toc-link ez-toc-heading-23\" href=\"https:\/\/loudavymkrokem.cz\/hu\/teli-udules-melegre\/#Hova_utazz_januarban_a_tropusokra_uti_celok_ahol_csucsszezon_van\" >Hova utazz janu\u00e1rban a tr\u00f3pusokra: \u00fati c\u00e9lok, ahol cs\u00facsszezon van<\/a><ul class='ez-toc-list-level-3' ><li class='ez-toc-heading-level-3'><a class=\"ez-toc-link ez-toc-heading-24\" href=\"https:\/\/loudavymkrokem.cz\/hu\/teli-udules-melegre\/#Maldiv-szigetek\" >Mald\u00edv-szigetek<\/a><\/li><li class='ez-toc-page-1 ez-toc-heading-level-3'><a class=\"ez-toc-link ez-toc-heading-25\" href=\"https:\/\/loudavymkrokem.cz\/hu\/teli-udules-melegre\/#Zanzibar\" >Zanzib\u00e1r<\/a><\/li><li class='ez-toc-page-1 ez-toc-heading-level-3'><a class=\"ez-toc-link ez-toc-heading-26\" href=\"https:\/\/loudavymkrokem.cz\/hu\/teli-udules-melegre\/#Mauritius\" >Mauritius<\/a><\/li><li class='ez-toc-page-1 ez-toc-heading-level-3'><a class=\"ez-toc-link ez-toc-heading-27\" href=\"https:\/\/loudavymkrokem.cz\/hu\/teli-udules-melegre\/#Sri_Lanka_a_delnyugat_a_legjobb_formajaban\" >Sr\u00ed Lanka: a d\u00e9lnyugat a legjobb form\u00e1j\u00e1ban<\/a><\/li><li class='ez-toc-page-1 ez-toc-heading-level-3'><a class=\"ez-toc-link ez-toc-heading-28\" href=\"https:\/\/loudavymkrokem.cz\/hu\/teli-udules-melegre\/#Zold-foki-szigetek\" >Z\u00f6ld-foki-szigetek<\/a><\/li><li class='ez-toc-page-1 ez-toc-heading-level-3'><a class=\"ez-toc-link ez-toc-heading-29\" href=\"https:\/\/loudavymkrokem.cz\/hu\/teli-udules-melegre\/#Mexiko_es_a_Karib-terseg\" >Mexik\u00f3 \u00e9s a Karib-t\u00e9rs\u00e9g<\/a><\/li><\/ul><\/li><li class='ez-toc-page-1 ez-toc-heading-level-2'><a class=\"ez-toc-link ez-toc-heading-30\" href=\"https:\/\/loudavymkrokem.cz\/hu\/teli-udules-melegre\/#Hova_utazz_januarban_napsutesert_hosszu_repulout_nelkul\" >Hova utazz janu\u00e1rban naps\u00fct\u00e9s\u00e9rt hossz\u00fa rep\u00fcl\u0151\u00fat n\u00e9lk\u00fcl<\/a><ul class='ez-toc-list-level-3' ><li class='ez-toc-heading-level-3'><a class=\"ez-toc-link ez-toc-heading-31\" href=\"https:\/\/loudavymkrokem.cz\/hu\/teli-udules-melegre\/#Madeira\" >Madeira<\/a><\/li><li class='ez-toc-page-1 ez-toc-heading-level-3'><a class=\"ez-toc-link ez-toc-heading-32\" href=\"https:\/\/loudavymkrokem.cz\/hu\/teli-udules-melegre\/#Dubaj_es_az_Egyesult_Arab_Emirsegek\" >Dubaj \u00e9s az Egyes\u00fclt Arab Em\u00edrs\u00e9gek<\/a><\/li><li class='ez-toc-page-1 ez-toc-heading-level-3'><a class=\"ez-toc-link ez-toc-heading-33\" href=\"https:\/\/loudavymkrokem.cz\/hu\/teli-udules-melegre\/#Marrakes_es_Marokko\" >Marr\u00e1kes \u00e9s Marokk\u00f3<\/a><\/li><\/ul><\/li><li class='ez-toc-page-1 ez-toc-heading-level-2'><a class=\"ez-toc-link ez-toc-heading-34\" href=\"https:\/\/loudavymkrokem.cz\/hu\/teli-udules-melegre\/#Hova_utazz_januarban_a_hegyekbe_es_a_hoert\" >Hova utazz janu\u00e1rban a hegyekbe \u00e9s a h\u00f3\u00e9rt<\/a><ul class='ez-toc-list-level-3' ><li class='ez-toc-heading-level-3'><a class=\"ez-toc-link ez-toc-heading-35\" href=\"https:\/\/loudavymkrokem.cz\/hu\/teli-udules-melegre\/#Osztrak_Alpok\" >Osztr\u00e1k Alpok<\/a><\/li><li class='ez-toc-page-1 ez-toc-heading-level-3'><a class=\"ez-toc-link ez-toc-heading-36\" href=\"https:\/\/loudavymkrokem.cz\/hu\/teli-udules-melegre\/#Olaszorszag_es_a_Dolomitok\" >Olaszorsz\u00e1g \u00e9s a Dolomitok<\/a><\/li><li class='ez-toc-page-1 ez-toc-heading-level-3'><a class=\"ez-toc-link ez-toc-heading-37\" href=\"https:\/\/loudavymkrokem.cz\/hu\/teli-udules-melegre\/#Magas-Tatra_es_Szlovakia\" >Magas-T\u00e1tra \u00e9s Szlov\u00e1kia<\/a><\/li><li class='ez-toc-page-1 ez-toc-heading-level-3'><a class=\"ez-toc-link ez-toc-heading-38\" href=\"https:\/\/loudavymkrokem.cz\/hu\/teli-udules-melegre\/#Csehorszag_es_Lengyelorszag\" >Csehorsz\u00e1g \u00e9s Lengyelorsz\u00e1g<\/a><\/li><\/ul><\/li><li class='ez-toc-page-1 ez-toc-heading-level-2'><a class=\"ez-toc-link ez-toc-heading-39\" href=\"https:\/\/loudavymkrokem.cz\/hu\/teli-udules-melegre\/#Hova_utazz_januarban_az_eszaki_fenyert_es_a_varosokba\" >Hova utazz janu\u00e1rban az \u00e9szaki f\u00e9ny\u00e9rt \u00e9s a v\u00e1rosokba<\/a><ul class='ez-toc-list-level-3' ><li class='ez-toc-heading-level-3'><a class=\"ez-toc-link ez-toc-heading-40\" href=\"https:\/\/loudavymkrokem.cz\/hu\/teli-udules-melegre\/#Lappfold_es_Finnorszag\" >Lappf\u00f6ld \u00e9s Finnorsz\u00e1g<\/a><\/li><li class='ez-toc-page-1 ez-toc-heading-level-3'><a class=\"ez-toc-link ez-toc-heading-41\" href=\"https:\/\/loudavymkrokem.cz\/hu\/teli-udules-melegre\/#Izland_es_Norvegia\" >Izland \u00e9s Norv\u00e9gia<\/a><\/li><li class='ez-toc-page-1 ez-toc-heading-level-3'><a class=\"ez-toc-link ez-toc-heading-42\" href=\"https:\/\/loudavymkrokem.cz\/hu\/teli-udules-melegre\/#Europai_varosok_a_legolcsobb_idoszakban\" >Eur\u00f3pai v\u00e1rosok a legolcs\u00f3bb id\u0151szakban<\/a><\/li><\/ul><\/li><li class='ez-toc-page-1 ez-toc-heading-level-2'><a class=\"ez-toc-link ez-toc-heading-43\" href=\"https:\/\/loudavymkrokem.cz\/hu\/teli-udules-melegre\/#Hova_tovabb_tovabbi_utazasi_tippek\" >Hova tov\u00e1bb: tov\u00e1bbi utaz\u00e1si tippek<\/a><\/li><li class='ez-toc-page-1 ez-toc-heading-level-2'><a class=\"ez-toc-link ez-toc-heading-44\" href=\"https:\/\/loudavymkrokem.cz\/hu\/teli-udules-melegre\/#Gyakran_ismetelt_kerdesek\" >Gyakran ism\u00e9telt k\u00e9rd\u00e9sek<\/a><ul class='ez-toc-list-level-3' ><li class='ez-toc-heading-level-3'><a class=\"ez-toc-link ez-toc-heading-45\" href=\"https:\/\/loudavymkrokem.cz\/hu\/teli-udules-melegre\/#Hova_utazzunk_januarban_melegre\" >Hova utazzunk janu\u00e1rban melegre?<\/a><\/li><li class='ez-toc-page-1 ez-toc-heading-level-3'><a class=\"ez-toc-link ez-toc-heading-46\" href=\"https:\/\/loudavymkrokem.cz\/hu\/teli-udules-melegre\/#Melyik_a_legjobb_uticel_januarban_tengerparti_nyaralasra\" >Melyik a legjobb \u00fatic\u00e9l janu\u00e1rban tengerparti nyaral\u00e1sra?<\/a><\/li><li class='ez-toc-page-1 ez-toc-heading-level-3'><a class=\"ez-toc-link ez-toc-heading-47\" href=\"https:\/\/loudavymkrokem.cz\/hu\/teli-udules-melegre\/#Melyik_a_legjobb_uticel_csaladi_nyaralasra_januarban\" >Melyik a legjobb \u00fatic\u00e9l csal\u00e1di nyaral\u00e1sra janu\u00e1rban?<\/a><\/li><li class='ez-toc-page-1 ez-toc-heading-level-3'><a class=\"ez-toc-link ez-toc-heading-48\" href=\"https:\/\/loudavymkrokem.cz\/hu\/teli-udules-melegre\/#Hova_utazzunk_egzotikus_nyaralasra_januarban\" >Hova utazzunk egzotikus nyaral\u00e1sra janu\u00e1rban?<\/a><\/li><li class='ez-toc-page-1 ez-toc-heading-level-3'><a class=\"ez-toc-link ez-toc-heading-49\" href=\"https:\/\/loudavymkrokem.cz\/hu\/teli-udules-melegre\/#Milyen_homerseklet_van_januarban_a_Kanari-szigeteken\" >Milyen h\u0151m\u00e9rs\u00e9klet van janu\u00e1rban a Kan\u00e1ri-szigeteken?<\/a><\/li><\/ul><\/li><\/ul><\/nav><\/div>\n<h2 class=\"wp-block-heading\" id=\"10_tipu_kam_na_dovolenou_v_lednu_za_teplem\"><span class=\"ez-toc-section\" id=\"10_tipp_hova_utazz_januarban_a_melegert\"><\/span>10 tipp, hov\u00e1 utazz janu\u00e1rban a meleg\u00e9rt<span class=\"ez-toc-section-end\"><\/span><\/h2>\n\n\n\n<p class=\"wp-block-paragraph\">Ha janu\u00e1rban nem akarsz otthon f\u00e1zni, <strong>\u00f6ssze\u00edrtam neked 10 tippet a legide\u00e1lisabb \u00fati c\u00e9lokr\u00f3l, ahov\u00e1 janu\u00e1rban \u00e9rdemes utazni a meleg\u00e9rt.<\/strong><\/p>\n\n\n\n<p class=\"wp-block-paragraph\">\ud83d\udca1<strong>TIPP:<\/strong> Ha nem szeretn\u00e9l egy\u00e9nileg \u00fatra kelni, foglalj szervezett utat. Az <strong>Invia<\/strong> rengeteget k\u00edn\u00e1l bel\u0151l\u00fck.<\/p>\n\n\n\n<p class=\"wp-block-paragraph\">\n\n\n\n<h3 class=\"wp-block-heading\"><span class=\"ez-toc-section\" id=\"Kanari-szigetek_Tenerife_Gran_Canaria_Lanzarote_vagy_Fuerteventura\"><\/span>Kan\u00e1ri-szigetek (Tenerife, Gran Canaria, Lanzarote vagy Fuerteventura)<span class=\"ez-toc-section-end\"><\/span><\/h3>\n\n\n\n<p class=\"wp-block-paragraph\"><strong>A Kan\u00e1ri-szigetek remek v\u00e1laszt\u00e1s a hideg el\u0151li menek\u00fcl\u00e9sre.<\/strong> Tenerife, Gran Canaria, Lanzarote \u00e9s Fuerteventura kellemes, 20\u201325 \u00b0C k\u00f6r\u00fcli h\u0151m\u00e9rs\u00e9kletet k\u00edn\u00e1l, ami t\u00f6k\u00e9letes a tengerparti s\u00e9t\u00e1khoz, a vulkanikus t\u00e1jakon val\u00f3 t\u00far\u00e1z\u00e1shoz \u00e9s a helyi kult\u00fara \u00e9lvezet\u00e9hez. A Kan\u00e1ri-szigetek a v\u00edzim\u00e1d\u00f3k sz\u00e1m\u00e1ra is nagyszer\u0171ek a krist\u00e1lytiszta tengernek \u00e9s a gazdag tenger alatti vil\u00e1gnak k\u00f6sz\u00f6nhet\u0151en.<\/p>\n\n\n\n<p class=\"wp-block-paragraph\">A Kan\u00e1ri-szigeteken aj\u00e1nlom a Tenerife vulk\u00e1njainak felfedez\u00e9s\u00e9t, ahol t\u00far\u00e1zhatsz a Pico del Teid\u00e9re, vagy s\u00e9t\u00e1lhatsz La Palma v\u00e9dett term\u00e9szetv\u00e9delmi ter\u00fclet\u00e9n. A v\u00edzisportok szerelmesei 100%-ban \u00e9lvezni fogj\u00e1k a kitesurf\u00f6t \u00e9s a windsurf\u00f6t Fuerteventur\u00e1n \u00e9s Lanzarot\u00e9n.<\/p>\n\n\n\n<p class=\"wp-block-paragraph\">\ud83d\udca1<strong>Ez is \u00e9rdekelhet: <a href=\"https:\/\/loudavymkrokem.cz\/hu\/spanyolorszag-nyaralas-tippek\/\" data-type=\"link\" data-id=\"https:\/\/loudavymkrokem.cz\/kam-na-dovolenou-ve-spanelsku\/\" target=\"_blank\" rel=\"noreferrer noopener\">Hova utazz Spanyolorsz\u00e1gban<\/a><\/strong><\/p>\n\n\n\n<h4 class=\"wp-block-heading\"><span class=\"ez-toc-section\" id=\"Kanari-szigetek_a_legjobb_szallasok\"><\/span>Kan\u00e1ri-szigetek: a legjobb sz\u00e1ll\u00e1sok<span class=\"ez-toc-section-end\"><\/span><\/h4>\n\n\n\n<p class=\"wp-block-paragraph\">Igazi luxust \u00e9lhetsz \u00e1t a <strong>Secrets Bah\u00eda Real Resort &amp; Spa Adults only<\/strong> resortban, de ha az eg\u00e9sz csal\u00e1ddal terveztek nyaral\u00e1st, akkor n\u00e9zd meg a <strong>Sol Fuerteventura Jandia \u2013 All Suites<\/strong> sz\u00e1llod\u00e1t.<\/p>\n\n\n\n<figure data-wp-context=\"{&quot;imageId&quot;:&quot;6a9afccbe8bfd&quot;}\" data-wp-interactive=\"core\/image\" data-wp-key=\"6a9afccbe8bfd\" class=\"wp-block-image size-full wp-lightbox-container\"><img decoding=\"async\" width=\"1800\" height=\"1200\" data-wp-class--hide=\"state.isContentHidden\" data-wp-class--show=\"state.isContentVisible\" data-wp-init=\"callbacks.setButtonStyles\" data-wp-on--click=\"actions.showLightbox\" data-wp-on--load=\"callbacks.setButtonStyles\" data-wp-on--pointerdown=\"actions.preloadImage\" data-wp-on--pointerenter=\"actions.preloadImageWithDelay\" data-wp-on--pointerleave=\"actions.cancelPreload\" data-wp-on-window--resize=\"callbacks.setButtonStyles\" src=\"https:\/\/loudavymkrokem.cz\/wp-content\/uploads\/2024\/11\/kanarske-ostrovy.jpg\" alt=\"Kan\u00e1ri-szigetek\" class=\"wp-image-90841\" title=\"\" srcset=\"https:\/\/loudavymkrokem.cz\/wp-content\/uploads\/2024\/11\/kanarske-ostrovy.jpg 1800w, https:\/\/loudavymkrokem.cz\/wp-content\/uploads\/2024\/11\/kanarske-ostrovy-300x200.jpg 300w, https:\/\/loudavymkrokem.cz\/wp-content\/uploads\/2024\/11\/kanarske-ostrovy-700x467.jpg 700w, https:\/\/loudavymkrokem.cz\/wp-content\/uploads\/2024\/11\/kanarske-ostrovy-768x512.jpg 768w, https:\/\/loudavymkrokem.cz\/wp-content\/uploads\/2024\/11\/kanarske-ostrovy-1536x1024.jpg 1536w, https:\/\/loudavymkrokem.cz\/wp-content\/uploads\/2024\/11\/kanarske-ostrovy-696x464.jpg 696w, https:\/\/loudavymkrokem.cz\/wp-content\/uploads\/2024\/11\/kanarske-ostrovy-1392x928.jpg 1392w\" sizes=\"(max-width: 1800px) 100vw, 1800px\" \/><button\n\t\t\tclass=\"lightbox-trigger\"\n\t\t\ttype=\"button\"\n\t\t\taria-haspopup=\"dialog\"\n\t\t\tdata-wp-bind--aria-label=\"state.thisImage.triggerButtonAriaLabel\"\n\t\t\tdata-wp-init=\"callbacks.initTriggerButton\"\n\t\t\tdata-wp-on--click=\"actions.showLightbox\"\n\t\t\tdata-wp-style--right=\"state.thisImage.buttonRight\"\n\t\t\tdata-wp-style--top=\"state.thisImage.buttonTop\"\n\t\t>\n\t\t\t<svg xmlns=\"http:\/\/www.w3.org\/2000\/svg\" width=\"12\" height=\"12\" fill=\"none\" viewBox=\"0 0 12 12\">\n\t\t\t\t<path fill=\"#fff\" d=\"M2 0a2 2 0 0 0-2 2v2h1.5V2a.5.5 0 0 1 .5-.5h2V0H2Zm2 10.5H2a.5.5 0 0 1-.5-.5V8H0v2a2 2 0 0 0 2 2h2v-1.5ZM8 12v-1.5h2a.5.5 0 0 0 .5-.5V8H12v2a2 2 0 0 1-2 2H8Zm2-12a2 2 0 0 1 2 2v2h-1.5V2a.5.5 0 0 0-.5-.5H8V0h2Z\" \/>\n\t\t\t<\/svg>\n\t\t<\/button><figcaption class=\"wp-element-caption\">Kan\u00e1ri-szigetek<\/figcaption><\/figure>\n\n\n\n<h3 class=\"wp-block-heading\"><span class=\"ez-toc-section\" id=\"Egyiptom\"><\/span>Egyiptom<span class=\"ez-toc-section-end\"><\/span><\/h3>\n\n\n\n<p class=\"wp-block-paragraph\"><strong>Egyiptom a t\u00e9li utaz\u00e1s egyik klasszikusa.<\/strong> K\u00f6zvetlen kapcsolata van a tengerrel \u00e9s rengeteg naps\u00fct\u00e9ssel. Az olyan ter\u00fcletek, mint Hurghada, Marsa Alam \u00e9s Sarm-es-Sejk, janu\u00e1rban 22\u201326 \u00b0C k\u00f6r\u00fcli h\u0151m\u00e9rs\u00e9kletet k\u00edn\u00e1lnak, ami ide\u00e1lis a strandol\u00e1sra vagy az \u00f3kori eml\u00e9kek felfedez\u00e9s\u00e9re.<\/p>\n\n\n\n<p class=\"wp-block-paragraph\">Egyiptom nemcsak gy\u00f6ny\u00f6r\u0171 strandokat k\u00edn\u00e1l, hanem rengeteg t\u00f6rt\u00e9nelmi eml\u00e9ket is. Aj\u00e1nlom a g\u00edzai piramisokat, a luxori templomot vagy a karnaki \u00f3kori templomot. A b\u00fav\u00e1rkod\u00e1s szerelmeseinek ide\u00e1lis a V\u00f6r\u00f6s-tenger k\u00f6rny\u00e9ke, mint Hurghada vagy Sarm-es-Sejk, ahol \u00e9lvezheted a krist\u00e1lytiszta vizet \u00e9s a gazdag tenger alatti vil\u00e1got.<\/p>\n\n\n\n<h4 class=\"wp-block-heading\"><span class=\"ez-toc-section\" id=\"Januari_utazas_Egyiptomba_a_legjobb_hotelresortok\"><\/span>Janu\u00e1ri utaz\u00e1s Egyiptomba: a legjobb hotelresortok<span class=\"ez-toc-section-end\"><\/span><\/h4>\n\n\n\n<p class=\"wp-block-paragraph\">Egyiptomban rengeteg hotelresort van, \u00e9s szinte nem lehet mell\u00e9ny\u00falni.<\/p>\n\n\n\n<ul class=\"wp-block-list\">\n<li><strong>Hilton Alexandria King&#8217;s Ranch Hotel<\/strong>,<\/li>\n\n\n\n<li><strong>Tree Lounge Pyramids View INN<\/strong>,<\/li>\n\n\n\n<li><strong>Retac Qunay Dahab Resort &amp; SPA<\/strong>.<\/li>\n<\/ul>\n\n\n\n<figure data-wp-context=\"{&quot;imageId&quot;:&quot;6a9afccbe9309&quot;}\" data-wp-interactive=\"core\/image\" data-wp-key=\"6a9afccbe9309\" class=\"wp-block-image size-full wp-lightbox-container\"><img decoding=\"async\" width=\"1200\" height=\"800\" data-wp-class--hide=\"state.isContentHidden\" data-wp-class--show=\"state.isContentVisible\" data-wp-init=\"callbacks.setButtonStyles\" data-wp-on--click=\"actions.showLightbox\" data-wp-on--load=\"callbacks.setButtonStyles\" data-wp-on--pointerdown=\"actions.preloadImage\" data-wp-on--pointerenter=\"actions.preloadImageWithDelay\" data-wp-on--pointerleave=\"actions.cancelPreload\" data-wp-on-window--resize=\"callbacks.setButtonStyles\" src=\"https:\/\/loudavymkrokem.cz\/wp-content\/uploads\/2024\/11\/egypt.jpg\" alt=\"Egyiptom\" class=\"wp-image-90836\" title=\"\" srcset=\"https:\/\/loudavymkrokem.cz\/wp-content\/uploads\/2024\/11\/egypt.jpg 1200w, https:\/\/loudavymkrokem.cz\/wp-content\/uploads\/2024\/11\/egypt-300x200.jpg 300w, https:\/\/loudavymkrokem.cz\/wp-content\/uploads\/2024\/11\/egypt-700x467.jpg 700w, https:\/\/loudavymkrokem.cz\/wp-content\/uploads\/2024\/11\/egypt-768x512.jpg 768w, https:\/\/loudavymkrokem.cz\/wp-content\/uploads\/2024\/11\/egypt-696x464.jpg 696w\" sizes=\"(max-width: 1200px) 100vw, 1200px\" \/><button\n\t\t\tclass=\"lightbox-trigger\"\n\t\t\ttype=\"button\"\n\t\t\taria-haspopup=\"dialog\"\n\t\t\tdata-wp-bind--aria-label=\"state.thisImage.triggerButtonAriaLabel\"\n\t\t\tdata-wp-init=\"callbacks.initTriggerButton\"\n\t\t\tdata-wp-on--click=\"actions.showLightbox\"\n\t\t\tdata-wp-style--right=\"state.thisImage.buttonRight\"\n\t\t\tdata-wp-style--top=\"state.thisImage.buttonTop\"\n\t\t>\n\t\t\t<svg xmlns=\"http:\/\/www.w3.org\/2000\/svg\" width=\"12\" height=\"12\" fill=\"none\" viewBox=\"0 0 12 12\">\n\t\t\t\t<path fill=\"#fff\" d=\"M2 0a2 2 0 0 0-2 2v2h1.5V2a.5.5 0 0 1 .5-.5h2V0H2Zm2 10.5H2a.5.5 0 0 1-.5-.5V8H0v2a2 2 0 0 0 2 2h2v-1.5ZM8 12v-1.5h2a.5.5 0 0 0 .5-.5V8H12v2a2 2 0 0 1-2 2H8Zm2-12a2 2 0 0 1 2 2v2h-1.5V2a.5.5 0 0 0-.5-.5H8V0h2Z\" \/>\n\t\t\t<\/svg>\n\t\t<\/button><figcaption class=\"wp-element-caption\">Egyiptom<\/figcaption><\/figure>\n\n\n\n<h3 class=\"wp-block-heading\"><span class=\"ez-toc-section\" id=\"Thaifold\"><\/span>Thaif\u00f6ld<span class=\"ez-toc-section-end\"><\/span><\/h3>\n\n\n\n<p class=\"wp-block-paragraph\"><strong><a href=\"https:\/\/loudavymkrokem.cz\/hu\/utazas\/azsia\/thaifold\/\" data-type=\"link\" data-id=\"https:\/\/loudavymkrokem.cz\/cestovani\/asie\/thajsko\/\" target=\"_blank\" rel=\"noreferrer noopener\">Thaif\u00f6ld<\/a> janu\u00e1rban remek v\u00e1laszt\u00e1s minden tr\u00f3pusi id\u0151j\u00e1r\u00e1s szerelmes\u00e9nek.<\/strong> A h\u0151m\u00e9rs\u00e9klet 28\u201332 \u00b0C k\u00f6r\u00fcl mozog, \u00e9s a n\u00e9pszer\u0171 \u00fati c\u00e9lok, mint Phuket, a <strong><a href=\"https:\/\/loudavymkrokem.cz\/hu\/koh-samui-thaifold-latnivalok\/\" target=\"_blank\" data-type=\"post\" data-id=\"54131\" rel=\"noreferrer noopener\">Koh Samui<\/a><\/strong> vagy Krabi, gy\u00f6ny\u00f6r\u0171 strandokat, gazdag konyh\u00e1t \u00e9s rengeteg programot k\u00edn\u00e1lnak, a barlangt\u00far\u00e1z\u00e1st\u00f3l az esti piacokig. A tenger kellemes, 27 \u00b0C k\u00f6r\u00fcli.<\/p>\n\n\n\n<p class=\"wp-block-paragraph\">\ud83d\udca1 <strong>Olvasd el ezt is:<\/strong> <strong><a href=\"https:\/\/loudavymkrokem.cz\/hu\/utazas\/azsia\/thaifold\/\" data-type=\"link\" data-id=\"https:\/\/loudavymkrokem.cz\/cestovani\/asie\/thajsko\/\" target=\"_blank\" rel=\"noreferrer noopener\">Utaz\u00e1s Bangkokba<\/a><\/strong><\/p>\n\n\n\n<h2 class=\"wp-block-heading lk-month-table\" id=\"Kde_je_v_lednu_nejtepleji\"><span class=\"ez-toc-section\" id=\"Hol_van_januarban_a_legmelegebb_tengerviz-homerseklet_tablazat\"><\/span>Hol van janu\u00e1rban a legmelegebb: tengerv\u00edz-h\u0151m\u00e9rs\u00e9klet t\u00e1bl\u00e1zat<span class=\"ez-toc-section-end\"><\/span><\/h2>\n\n\n\n<p class=\"wp-block-paragraph\">A legt\u00f6bb nyaral\u00e1sr\u00f3l sz\u00f3l\u00f3 cikk az utaz\u00e1si irod\u00e1k katal\u00f3gusaib\u00f3l sz\u00e1rmaz\u00f3 sz\u00e1mokkal dolgozik. <strong>Mi m\u00e1sk\u00e9pp csin\u00e1ltuk.<\/strong> A l\u00e9gh\u0151m\u00e9rs\u00e9kletet, a csapad\u00e9kos napok sz\u00e1m\u00e1t \u00e9s a naps\u00fct\u00e9ses \u00f3r\u00e1k hossz\u00e1t az ERA5 kl\u00edmareanal\u00edzisb\u0151l sz\u00e1moltuk ki t\u00edz \u00e9vre (2015-t\u0151l 2024-ig), a tengerv\u00edz h\u0151m\u00e9rs\u00e9klet\u00e9t pedig egy tengeri modellb\u0151l a 2019 \u00e9s 2024 k\u00f6z\u00f6tti \u00e9vekre. Ezek val\u00f3di \u00e1tlagok, amiket b\u00e1rki ellen\u0151rizhet.<\/p>\n\n\n\n<p class=\"wp-block-paragraph\">A t\u00e1bl\u00e1zat <strong>a legmelegebb tengert\u0151l van rendezve<\/strong>, teh\u00e1t az els\u0151 sorok biztosak, az als\u00f3 harmad pedig ink\u00e1bb szerencsej\u00e1t\u00e9k. Janu\u00e1rban a <strong>Zanzib\u00e1r<\/strong> vezet 29,4 \u00b0C-kal, majd <strong>Bali<\/strong> 29,2 \u00b0C-kal \u00e9s a <strong>Koh Samui (Thaif\u00f6ld)<\/strong> 28,6 \u00b0C-kal.<\/p>\n\n\n\n<figure class=\"wp-block-table is-style-stripes\" style=\"overflow-x:auto\"><table><thead><tr><th>\u00dati c\u00e9l<\/th><th>Tenger h\u0151m\u00e9rs\u00e9klete<\/th><th>Nappali leveg\u0151<\/th><th>\u00c9jszaka<\/th><th>Csapad\u00e9kos napok<\/th><\/tr><\/thead><tbody><tr><td><strong>Zanzib\u00e1r<\/strong><br><span style=\"font-size:13px;color:#8a7a63\">Tanz\u00e1nia<\/span><\/td><td>29,4 \u00b0C<\/td><td>31,4 \u00b0C<\/td><td>25,9 \u00b0C<\/td><td>11,8 \/ 30<\/td><\/tr><tr><td><strong>Bali<\/strong><br><span style=\"font-size:13px;color:#8a7a63\">Indon\u00e9zia<\/span><\/td><td>29,2 \u00b0C<\/td><td>28,8 \u00b0C<\/td><td>24,5 \u00b0C<\/td><td>26,5 \/ 30<\/td><\/tr><tr><td><strong>Koh Samui (Thaif\u00f6ld)<\/strong><br><span style=\"font-size:13px;color:#8a7a63\">Thaif\u00f6ld<\/span><\/td><td>28,6 \u00b0C<\/td><td>27,9 \u00b0C<\/td><td>24,6 \u00b0C<\/td><td>17,3 \/ 30<\/td><\/tr><tr><td><strong>Mald\u00edv-szigetek<\/strong><br><span style=\"font-size:13px;color:#8a7a63\">Mald\u00edv-szigetek<\/span><\/td><td>28,5 \u00b0C<\/td><td>27,8 \u00b0C<\/td><td>26,5 \u00b0C<\/td><td>10,4 \/ 30<\/td><\/tr><tr><td><strong>Mauritius<\/strong><br><span style=\"font-size:13px;color:#8a7a63\">Mauritius<\/span><\/td><td>28,1 \u00b0C<\/td><td>29,5 \u00b0C<\/td><td>24,7 \u00b0C<\/td><td>23,5 \/ 30<\/td><\/tr><tr><td><strong>Trincomalee (Sr\u00ed Lanka)<\/strong><br><span style=\"font-size:13px;color:#8a7a63\">Sr\u00ed Lanka<\/span><\/td><td>27,3 \u00b0C<\/td><td>27,7 \u00b0C<\/td><td>24,0 \u00b0C<\/td><td>15,2 \/ 30<\/td><\/tr><tr><td><strong>Canc\u00fan<\/strong><br><span style=\"font-size:13px;color:#8a7a63\">Mexik\u00f3<\/span><\/td><td>26,9 \u00b0C<\/td><td>26,1 \u00b0C<\/td><td>21,8 \u00b0C<\/td><td>13,8 \/ 30<\/td><\/tr><tr><td><strong>Muszkat<\/strong><br><span style=\"font-size:13px;color:#8a7a63\">Om\u00e1n<\/span><\/td><td>24,5 \u00b0C<\/td><td>24,5 \u00b0C<\/td><td>17,1 \u00b0C<\/td><td>2,5 \/ 30<\/td><\/tr><tr><td><strong>Sarm-es-Sejk<\/strong><br><span style=\"font-size:13px;color:#8a7a63\">Egyiptom<\/span><\/td><td>24,1 \u00b0C<\/td><td>22,1 \u00b0C<\/td><td>12,5 \u00b0C<\/td><td>0,7 \/ 30<\/td><\/tr><tr><td><strong>Boa Vista<\/strong><br><span style=\"font-size:13px;color:#8a7a63\">Z\u00f6ld-foki-szigetek<\/span><\/td><td>24,0 \u00b0C<\/td><td>26,5 \u00b0C<\/td><td>19,1 \u00b0C<\/td><td>0,5 \/ 30<\/td><\/tr><tr><td><strong>Sal<\/strong><br><span style=\"font-size:13px;color:#8a7a63\">Z\u00f6ld-foki-szigetek<\/span><\/td><td>23,5 \u00b0C<\/td><td>24,7 \u00b0C<\/td><td>20,4 \u00b0C<\/td><td>0,1 \/ 30<\/td><\/tr><tr><td><strong>Akaba<\/strong><br><span style=\"font-size:13px;color:#8a7a63\">Jord\u00e1nia<\/span><\/td><td>22,7 \u00b0C<\/td><td>20,5 \u00b0C<\/td><td>10,5 \u00b0C<\/td><td>1,3 \/ 30<\/td><\/tr><tr><td><strong>Marsa Alam<\/strong><br><span style=\"font-size:13px;color:#8a7a63\">Egyiptom<\/span><\/td><td>22,6 \u00b0C<\/td><td>22,3 \u00b0C<\/td><td>14,9 \u00b0C<\/td><td>0,1 \/ 30<\/td><\/tr><tr><td><strong>Hurghada<\/strong><br><span style=\"font-size:13px;color:#8a7a63\">Egyiptom<\/span><\/td><td>22,5 \u00b0C<\/td><td>20,7 \u00b0C<\/td><td>13,4 \u00b0C<\/td><td>0,4 \/ 30<\/td><\/tr><tr><td><strong>Dubaj<\/strong><br><span style=\"font-size:13px;color:#8a7a63\">EAE<\/span><\/td><td>22,2 \u00b0C<\/td><td>24,1 \u00b0C<\/td><td>14,8 \u00b0C<\/td><td>2,1 \/ 30<\/td><\/tr><tr><td><strong>Tenerife<\/strong><br><span style=\"font-size:13px;color:#8a7a63\">Kan\u00e1ri-szigetek<\/span><\/td><td>20,8 \u00b0C<\/td><td>20,5 \u00b0C<\/td><td>15,3 \u00b0C<\/td><td>6,0 \/ 30<\/td><\/tr><tr><td><strong>Gran Canaria<\/strong><br><span style=\"font-size:13px;color:#8a7a63\">Kan\u00e1ri-szigetek<\/span><\/td><td>20,7 \u00b0C<\/td><td>19,6 \u00b0C<\/td><td>14,4 \u00b0C<\/td><td>3,8 \/ 30<\/td><\/tr><tr><td><strong>Madeira<\/strong><br><span style=\"font-size:13px;color:#8a7a63\">Portug\u00e1lia<\/span><\/td><td>20,3 \u00b0C<\/td><td>18,5 \u00b0C<\/td><td>14,2 \u00b0C<\/td><td>9,1 \/ 30<\/td><\/tr><tr><td><strong>Lanzarote<\/strong><br><span style=\"font-size:13px;color:#8a7a63\">Kan\u00e1ri-szigetek<\/span><\/td><td>20,2 \u00b0C<\/td><td>19,2 \u00b0C<\/td><td>15,3 \u00b0C<\/td><td>0,7 \/ 30<\/td><\/tr><tr><td><strong>Fuerteventura<\/strong><br><span style=\"font-size:13px;color:#8a7a63\">Kan\u00e1ri-szigetek<\/span><\/td><td>20,1 \u00b0C<\/td><td>20,0 \u00b0C<\/td><td>15,4 \u00b0C<\/td><td>1,0 \/ 30<\/td><\/tr><tr><td><strong>Antalya \u00e9s a t\u00f6r\u00f6k rivi\u00e9ra<\/strong><br><span style=\"font-size:13px;color:#8a7a63\">T\u00f6r\u00f6korsz\u00e1g<\/span><\/td><td>19,7 \u00b0C<\/td><td>13,9 \u00b0C<\/td><td>5,8 \u00b0C<\/td><td>11,5 \/ 30<\/td><\/tr><tr><td><strong>Agadir<\/strong><br><span style=\"font-size:13px;color:#8a7a63\">Marokk\u00f3<\/span><\/td><td>19,7 \u00b0C<\/td><td>20,9 \u00b0C<\/td><td>11,1 \u00b0C<\/td><td>1,6 \/ 30<\/td><\/tr><tr><td><strong>Rodosz<\/strong><br><span style=\"font-size:13px;color:#8a7a63\">G\u00f6r\u00f6gorsz\u00e1g<\/span><\/td><td>19,6 \u00b0C<\/td><td>14,7 \u00b0C<\/td><td>10,6 \u00b0C<\/td><td>13,1 \/ 30<\/td><\/tr><tr><td><strong>Kosz<\/strong><br><span style=\"font-size:13px;color:#8a7a63\">G\u00f6r\u00f6gorsz\u00e1g<\/span><\/td><td>19,5 \u00b0C<\/td><td>14,3 \u00b0C<\/td><td>10,6 \u00b0C<\/td><td>14,4 \/ 30<\/td><\/tr><tr><td><strong>Bodrum<\/strong><br><span style=\"font-size:13px;color:#8a7a63\">T\u00f6r\u00f6korsz\u00e1g<\/span><\/td><td>19,4 \u00b0C<\/td><td>13,8 \u00b0C<\/td><td>8,9 \u00b0C<\/td><td>14,3 \/ 30<\/td><\/tr><tr><td><strong>P\u00e1phosz<\/strong><br><span style=\"font-size:13px;color:#8a7a63\">Ciprus<\/span><\/td><td>19,4 \u00b0C<\/td><td>15,6 \u00b0C<\/td><td>9,4 \u00b0C<\/td><td>13,6 \/ 30<\/td><\/tr><tr><td><strong>Algarve<\/strong><br><span style=\"font-size:13px;color:#8a7a63\">Portug\u00e1lia<\/span><\/td><td>19,4 \u00b0C<\/td><td>16,0 \u00b0C<\/td><td>9,6 \u00b0C<\/td><td>5,5 \/ 30<\/td><\/tr><tr><td><strong>Ayia Napa<\/strong><br><span style=\"font-size:13px;color:#8a7a63\">Ciprus<\/span><\/td><td>18,8 \u00b0C<\/td><td>15,9 \u00b0C<\/td><td>10,3 \u00b0C<\/td><td>8,8 \/ 30<\/td><\/tr><tr><td><strong>Ha Long (Vietnam)<\/strong><br><span style=\"font-size:13px;color:#8a7a63\">Vietnam<\/span><\/td><td>18,6 \u00b0C<\/td><td>20,1 \u00b0C<\/td><td>14,5 \u00b0C<\/td><td>9,0 \/ 30<\/td><\/tr><tr><td><strong>Szantorini<\/strong><br><span style=\"font-size:13px;color:#8a7a63\">G\u00f6r\u00f6gorsz\u00e1g<\/span><\/td><td>17,7 \u00b0C<\/td><td>14,6 \u00b0C<\/td><td>11,0 \u00b0C<\/td><td>10,8 \/ 30<\/td><\/tr><tr><td><strong>Zakynthos<\/strong><br><span style=\"font-size:13px;color:#8a7a63\">G\u00f6r\u00f6gorsz\u00e1g<\/span><\/td><td>17,5 \u00b0C<\/td><td>13,8 \u00b0C<\/td><td>9,7 \u00b0C<\/td><td>13,7 \/ 30<\/td><\/tr><tr><td><strong>Lefkada<\/strong><br><span style=\"font-size:13px;color:#8a7a63\">G\u00f6r\u00f6gorsz\u00e1g<\/span><\/td><td>17,5 \u00b0C<\/td><td>13,0 \u00b0C<\/td><td>6,9 \u00b0C<\/td><td>15,0 \/ 30<\/td><\/tr><tr><td><strong>Kr\u00e9ta<\/strong><br><span style=\"font-size:13px;color:#8a7a63\">G\u00f6r\u00f6gorsz\u00e1g<\/span><\/td><td>17,4 \u00b0C<\/td><td>15,2 \u00b0C<\/td><td>8,7 \u00b0C<\/td><td>12,0 \/ 30<\/td><\/tr><tr><td><strong>Azori-szigetek<\/strong><br><span style=\"font-size:13px;color:#8a7a63\">Portug\u00e1lia<\/span><\/td><td>17,4 \u00b0C<\/td><td>16,8 \u00b0C<\/td><td>13,7 \u00b0C<\/td><td>15,7 \/ 30<\/td><\/tr><tr><td><strong>M\u00e1lta<\/strong><br><span style=\"font-size:13px;color:#8a7a63\">M\u00e1lta<\/span><\/td><td>17,3 \u00b0C<\/td><td>15,3 \u00b0C<\/td><td>11,6 \u00b0C<\/td><td>8,1 \/ 30<\/td><\/tr><tr><td><strong>Korfu<\/strong><br><span style=\"font-size:13px;color:#8a7a63\">G\u00f6r\u00f6gorsz\u00e1g<\/span><\/td><td>16,9 \u00b0C<\/td><td>12,7 \u00b0C<\/td><td>8,5 \u00b0C<\/td><td>14,4 \/ 30<\/td><\/tr><tr><td><strong>Hammamet<\/strong><br><span style=\"font-size:13px;color:#8a7a63\">Tun\u00e9zia<\/span><\/td><td>16,7 \u00b0C<\/td><td>16,0 \u00b0C<\/td><td>9,2 \u00b0C<\/td><td>5,0 \/ 30<\/td><\/tr><tr><td><strong>Amalfi \u00e9s a N\u00e1polyi-\u00f6b\u00f6l<\/strong><br><span style=\"font-size:13px;color:#8a7a63\">Olaszorsz\u00e1g<\/span><\/td><td>16,6 \u00b0C<\/td><td>12,7 \u00b0C<\/td><td>6,0 \u00b0C<\/td><td>13,2 \/ 30<\/td><\/tr><tr><td><strong>Ksamil \u00e9s Saranda<\/strong><br><span style=\"font-size:13px;color:#8a7a63\">Alb\u00e1nia<\/span><\/td><td>16,5 \u00b0C<\/td><td>12,7 \u00b0C<\/td><td>4,7 \u00b0C<\/td><td>13,1 \/ 30<\/td><\/tr><tr><td><strong>Calabria<\/strong><br><span style=\"font-size:13px;color:#8a7a63\">Olaszorsz\u00e1g<\/span><\/td><td>16,4 \u00b0C<\/td><td>13,7 \u00b0C<\/td><td>8,4 \u00b0C<\/td><td>15,3 \/ 30<\/td><\/tr><tr><td><strong>Szic\u00edlia<\/strong><br><span style=\"font-size:13px;color:#8a7a63\">Olaszorsz\u00e1g<\/span><\/td><td>16,1 \u00b0C<\/td><td>14,4 \u00b0C<\/td><td>8,8 \u00b0C<\/td><td>11,9 \/ 30<\/td><\/tr><tr><td><strong>Chalkidiki<\/strong><br><span style=\"font-size:13px;color:#8a7a63\">G\u00f6r\u00f6gorsz\u00e1g<\/span><\/td><td>15,9 \u00b0C<\/td><td>11,1 \u00b0C<\/td><td>7,1 \u00b0C<\/td><td>9,2 \/ 30<\/td><\/tr><tr><td><strong>Ibiza<\/strong><br><span style=\"font-size:13px;color:#8a7a63\">Spanyolorsz\u00e1g<\/span><\/td><td>15,8 \u00b0C<\/td><td>15,3 \u00b0C<\/td><td>10,2 \u00b0C<\/td><td>4,9 \/ 30<\/td><\/tr><tr><td><strong>Dubrovnik<\/strong><br><span style=\"font-size:13px;color:#8a7a63\">Horv\u00e1torsz\u00e1g<\/span><\/td><td>15,7 \u00b0C<\/td><td>10,9 \u00b0C<\/td><td>3,7 \u00b0C<\/td><td>13,0 \/ 30<\/td><\/tr><tr><td><strong>Costa del Sol (M\u00e1laga)<\/strong><br><span style=\"font-size:13px;color:#8a7a63\">Spanyolorsz\u00e1g<\/span><\/td><td>15,6 \u00b0C<\/td><td>16,6 \u00b0C<\/td><td>9,3 \u00b0C<\/td><td>6,0 \/ 30<\/td><\/tr><tr><td><strong>Korzika<\/strong><br><span style=\"font-size:13px;color:#8a7a63\">Franciaorsz\u00e1g<\/span><\/td><td>15,5 \u00b0C<\/td><td>13,1 \u00b0C<\/td><td>6,0 \u00b0C<\/td><td>11,9 \/ 30<\/td><\/tr><tr><td><strong>Mallorca \u2013 Palma<\/strong><br><span style=\"font-size:13px;color:#8a7a63\">Spanyolorsz\u00e1g<\/span><\/td><td>15,2 \u00b0C<\/td><td>14,6 \u00b0C<\/td><td>8,5 \u00b0C<\/td><td>6,3 \/ 30<\/td><\/tr><tr><td><strong>Toszk\u00e1na (part)<\/strong><br><span style=\"font-size:13px;color:#8a7a63\">Olaszorsz\u00e1g<\/span><\/td><td>15,1 \u00b0C<\/td><td>11,7 \u00b0C<\/td><td>5,2 \u00b0C<\/td><td>10,9 \/ 30<\/td><\/tr><tr><td><strong>Split \u00e9s Makarska<\/strong><br><span style=\"font-size:13px;color:#8a7a63\">Horv\u00e1torsz\u00e1g<\/span><\/td><td>15,1 \u00b0C<\/td><td>10,7 \u00b0C<\/td><td>3,7 \u00b0C<\/td><td>11,0 \/ 30<\/td><\/tr><tr><td><strong>Costa Blanca (Alicante)<\/strong><br><span style=\"font-size:13px;color:#8a7a63\">Spanyolorsz\u00e1g<\/span><\/td><td>15,0 \u00b0C<\/td><td>16,3 \u00b0C<\/td><td>8,1 \u00b0C<\/td><td>3,2 \/ 30<\/td><\/tr><tr><td><strong>Budva<\/strong><br><span style=\"font-size:13px;color:#8a7a63\">Montenegr\u00f3<\/span><\/td><td>14,8 \u00b0C<\/td><td>11,0 \u00b0C<\/td><td>5,0 \u00b0C<\/td><td>13,4 \/ 30<\/td><\/tr><tr><td><strong>Az\u00farpart (Nizza)<\/strong><br><span style=\"font-size:13px;color:#8a7a63\">Franciaorsz\u00e1g<\/span><\/td><td>14,8 \u00b0C<\/td><td>12,6 \u00b0C<\/td><td>5,1 \u00b0C<\/td><td>5,6 \/ 30<\/td><\/tr><tr><td><strong>Apulia<\/strong><br><span style=\"font-size:13px;color:#8a7a63\">Olaszorsz\u00e1g<\/span><\/td><td>14,6 \u00b0C<\/td><td>12,9 \u00b0C<\/td><td>6,6 \u00b0C<\/td><td>10,1 \/ 30<\/td><\/tr><tr><td><strong>Djerba<\/strong><br><span style=\"font-size:13px;color:#8a7a63\">Tun\u00e9zia<\/span><\/td><td>14,6 \u00b0C<\/td><td>16,9 \u00b0C<\/td><td>10,0 \u00b0C<\/td><td>2,0 \/ 30<\/td><\/tr><tr><td><strong>Szard\u00ednia<\/strong><br><span style=\"font-size:13px;color:#8a7a63\">Olaszorsz\u00e1g<\/span><\/td><td>14,5 \u00b0C<\/td><td>13,5 \u00b0C<\/td><td>7,3 \u00b0C<\/td><td>8,3 \/ 30<\/td><\/tr><tr><td><strong>Costa Brava<\/strong><br><span style=\"font-size:13px;color:#8a7a63\">Spanyolorsz\u00e1g<\/span><\/td><td>14,2 \u00b0C<\/td><td>13,0 \u00b0C<\/td><td>5,0 \u00b0C<\/td><td>4,8 \/ 30<\/td><\/tr><tr><td><strong>Isztria<\/strong><br><span style=\"font-size:13px;color:#8a7a63\">Horv\u00e1torsz\u00e1g<\/span><\/td><td>13,4 \u00b0C<\/td><td>9,7 \u00b0C<\/td><td>4,2 \u00b0C<\/td><td>9,0 \/ 30<\/td><\/tr><tr><td><strong>Napospart<\/strong><br><span style=\"font-size:13px;color:#8a7a63\">Bulg\u00e1ria<\/span><\/td><td>9,4 \u00b0C<\/td><td>7,7 \u00b0C<\/td><td>0,6 \u00b0C<\/td><td>8,5 \/ 30<\/td><\/tr><tr><td><strong>Rimini \u00e9s az \u00e9szaki Adria<\/strong><br><span style=\"font-size:13px;color:#8a7a63\">Olaszorsz\u00e1g<\/span><\/td><td>8,4 \u00b0C<\/td><td>9,5 \u00b0C<\/td><td>3,1 \u00b0C<\/td><td>8,6 \/ 30<\/td><\/tr><tr><td><strong>New York (strandok)<\/strong><br><span style=\"font-size:13px;color:#8a7a63\">USA<\/span><\/td><td>5,9 \u00b0C<\/td><td>4,6 \u00b0C<\/td><td>-2,9 \u00b0C<\/td><td>10,3 \/ 30<\/td><\/tr><\/tbody><\/table><figcaption class=\"wp-element-caption\">A tenger \u00e9s a leveg\u0151 h\u0151m\u00e9rs\u00e9klete janu\u00e1rban, a legmelegebb tengert\u0151l rendezve. A leveg\u0151 \u00e9s a csapad\u00e9k t\u00edz\u00e9ves \u00e1tlagok 2015\u20132024 az ERA5 reanal\u00edzisb\u0151l, a tengerv\u00edz h\u0151m\u00e9rs\u00e9klete tengeri modellb\u0151l 2019\u20132024.<\/figcaption><\/figure>\n\n\n\n<p class=\"wp-block-paragraph\">Ha a tenger nem is annyira vonz, \u00e9s ink\u00e1bb gyalogolni szeretn\u00e9l, ez a m\u00e1sodik t\u00e1bl\u00e1zat megmutatja, hol van ebben a h\u00f3napban ide\u00e1lis h\u0151m\u00e9rs\u00e9klet a v\u00e1rosn\u00e9z\u00e9shez, t\u00far\u00e1z\u00e1shoz \u00e9s felfedez\u00e9shez.<\/p>\n\n\n\n<figure class=\"wp-block-table is-style-stripes\" style=\"overflow-x:auto\"><table><thead><tr><th>\u00dati c\u00e9l<\/th><th>Nappali leveg\u0151<\/th><th>\u00c9jszaka<\/th><th>Csapad\u00e9kos napok<\/th><th>Naps\u00fct\u00e9s\/nap<\/th><\/tr><\/thead><tbody><tr><td><strong>Marr\u00e1kes<\/strong><br><span style=\"font-size:13px;color:#8a7a63\">Marokk\u00f3<\/span><\/td><td>19,7 \u00b0C<\/td><td>5,3 \u00b0C<\/td><td>3,7 \/ 30<\/td><td>9,2 \u00f3<\/td><\/tr><tr><td><strong>Lisszabon<\/strong><br><span style=\"font-size:13px;color:#8a7a63\">Portug\u00e1lia<\/span><\/td><td>14,6 \u00b0C<\/td><td>8,8 \u00b0C<\/td><td>7,4 \/ 30<\/td><td>7,7 \u00f3<\/td><\/tr><tr><td><strong>San Francisco<\/strong><br><span style=\"font-size:13px;color:#8a7a63\">USA<\/span><\/td><td>13,9 \u00b0C<\/td><td>8,0 \u00b0C<\/td><td>11,0 \/ 30<\/td><td>7,0 \u00f3<\/td><\/tr><tr><td><strong>Barcelona<\/strong><br><span style=\"font-size:13px;color:#8a7a63\">Spanyolorsz\u00e1g<\/span><\/td><td>13,5 \u00b0C<\/td><td>4,7 \u00b0C<\/td><td>4,2 \/ 30<\/td><td>7,9 \u00f3<\/td><\/tr><tr><td><strong>R\u00f3ma<\/strong><br><span style=\"font-size:13px;color:#8a7a63\">Olaszorsz\u00e1g<\/span><\/td><td>12,3 \u00b0C<\/td><td>3,7 \u00b0C<\/td><td>9,7 \/ 30<\/td><td>7,0 \u00f3<\/td><\/tr><tr><td><strong>Ath\u00e9n<\/strong><br><span style=\"font-size:13px;color:#8a7a63\">G\u00f6r\u00f6gorsz\u00e1g<\/span><\/td><td>12,1 \u00b0C<\/td><td>5,2 \u00b0C<\/td><td>8,9 \/ 30<\/td><td>7,3 \u00f3<\/td><\/tr><tr><td><strong>Toki\u00f3<\/strong><br><span style=\"font-size:13px;color:#8a7a63\">Jap\u00e1n<\/span><\/td><td>9,0 \u00b0C<\/td><td>-0,0 \u00b0C<\/td><td>5,0 \/ 30<\/td><td>7,8 \u00f3<\/td><\/tr><tr><td><strong>Interlaken<\/strong><br><span style=\"font-size:13px;color:#8a7a63\">Sv\u00e1jc<\/span><\/td><td>6,1 \u00b0C<\/td><td>0,5 \u00b0C<\/td><td>16,8 \/ 30<\/td><td>5,6 \u00f3<\/td><\/tr><tr><td><strong>Bled<\/strong><br><span style=\"font-size:13px;color:#8a7a63\">Szlov\u00e9nia<\/span><\/td><td>5,0 \u00b0C<\/td><td>-2,5 \u00b0C<\/td><td>9,0 \/ 30<\/td><td>5,6 \u00f3<\/td><\/tr><tr><td><strong>Budapest<\/strong><br><span style=\"font-size:13px;color:#8a7a63\">Magyarorsz\u00e1g<\/span><\/td><td>4,1 \u00b0C<\/td><td>-2,4 \u00b0C<\/td><td>9,6 \/ 30<\/td><td>4,9 \u00f3<\/td><\/tr><tr><td><strong>Pr\u00e1ga<\/strong><br><span style=\"font-size:13px;color:#8a7a63\">Csehorsz\u00e1g<\/span><\/td><td>3,8 \u00b0C<\/td><td>-1,8 \u00b0C<\/td><td>11,9 \/ 30<\/td><td>4,0 \u00f3<\/td><\/tr><tr><td><strong>Zell am See<\/strong><br><span style=\"font-size:13px;color:#8a7a63\">Ausztria<\/span><\/td><td>3,7 \u00b0C<\/td><td>-4,4 \u00b0C<\/td><td>16,2 \/ 30<\/td><td>5,6 \u00f3<\/td><\/tr><tr><td><strong>D\u00e9l-Morvaorsz\u00e1g (Mikulov)<\/strong><br><span style=\"font-size:13px;color:#8a7a63\">Csehorsz\u00e1g<\/span><\/td><td>3,5 \u00b0C<\/td><td>-2,3 \u00b0C<\/td><td>10,4 \/ 30<\/td><td>4,2 \u00f3<\/td><\/tr><tr><td><strong>Bergen \u00e9s a fjordok<\/strong><br><span style=\"font-size:13px;color:#8a7a63\">Norv\u00e9gia<\/span><\/td><td>2,8 \u00b0C<\/td><td>-1,5 \u00b0C<\/td><td>20,9 \/ 30<\/td><td>2,1 \u00f3<\/td><\/tr><tr><td><strong>Krakk\u00f3<\/strong><br><span style=\"font-size:13px;color:#8a7a63\">Lengyelorsz\u00e1g<\/span><\/td><td>2,6 \u00b0C<\/td><td>-3,2 \u00b0C<\/td><td>11,9 \/ 30<\/td><td>3,9 \u00f3<\/td><\/tr><tr><td><strong>Reykjav\u00edk<\/strong><br><span style=\"font-size:13px;color:#8a7a63\">Izland<\/span><\/td><td>1,6 \u00b0C<\/td><td>-2,9 \u00b0C<\/td><td>18,4 \/ 30<\/td><td>1,5 \u00f3<\/td><\/tr><tr><td><strong>Cortina d&#8217;Ampezzo (Dolomitok)<\/strong><br><span style=\"font-size:13px;color:#8a7a63\">Olaszorsz\u00e1g<\/span><\/td><td>1,5 \u00b0C<\/td><td>-7,3 \u00b0C<\/td><td>7,8 \/ 30<\/td><td>7,1 \u00f3<\/td><\/tr><tr><td><strong>Toronto<\/strong><br><span style=\"font-size:13px;color:#8a7a63\">Kanada<\/span><\/td><td>0,1 \u00b0C<\/td><td>-6,4 \u00b0C<\/td><td>9,4 \/ 30<\/td><td>4,8 \u00f3<\/td><\/tr><tr><td><strong>Magas-T\u00e1tra (Csorba-t\u00f3)<\/strong><br><span style=\"font-size:13px;color:#8a7a63\">Szlov\u00e1kia<\/span><\/td><td>-3,1 \u00b0C<\/td><td>-8,9 \u00b0C<\/td><td>13,8 \/ 30<\/td><td>4,6 \u00f3<\/td><\/tr><tr><td><strong>Anchorage<\/strong><br><span style=\"font-size:13px;color:#8a7a63\">USA<\/span><\/td><td>-5,5 \u00b0C<\/td><td>-10,6 \u00b0C<\/td><td>11,4 \/ 30<\/td><td>2,8 \u00f3<\/td><\/tr><\/tbody><\/table><figcaption class=\"wp-element-caption\">V\u00e1rosok, hegyek \u00e9s az \u00e9szak janu\u00e1rban. T\u00edz\u00e9ves \u00e1tlagok 2015\u20132024 (ERA5 reanal\u00edzis).<\/figcaption><\/figure>\n\n\n\n<p class=\"wp-block-paragraph\">\ud83d\udca1 <strong>Tipp:<\/strong> Janu\u00e1rban Eur\u00f3p\u00e1ban sehol sem tudsz megf\u00fcr\u00f6dni, de naps\u00fct\u00e9st \u00e9s h\u00fasz fokot a Kan\u00e1ri-szigeteken tal\u00e1lsz. N\u00e9zd \u00e1t az <a href=\"https:\/\/www.stay22.com\/allez\/roam?aid=lukaskonecny&#038;campaign=loudavymkrokemcz&#038;campaign=kam-na-dovolenou-v-lednu&#038;address=Tenerife\" target=\"_blank\" rel=\"nofollow noopener sponsored\">aktu\u00e1lis sz\u00e1ll\u00e1sk\u00edn\u00e1latot<\/a>, \u00e9s sz\u0171rj az ingyenes lemond\u00e1sra, a janu\u00e1ri id\u0151j\u00e1r\u00e1s tud meglepet\u00e9st okozni.<\/p>\n\n\n\n<h2 class=\"wp-block-heading\" id=\"Tipy_na_nejlepsi_hotely_na_Koh_Samui_v_lednu\"><span class=\"ez-toc-section\" id=\"Tippek_a_legjobb_Koh_Samui-i_szallasokra_januarban\"><\/span><strong>Tippek a legjobb Koh Samui-i sz\u00e1ll\u00e1sokra janu\u00e1rban<\/strong><span class=\"ez-toc-section-end\"><\/span><\/h2>\n\n\n\n<p class=\"wp-block-paragraph\">T\u00e9li nyaral\u00e1st tervezel Koh Samuin? Kiv\u00e1logattuk neked a leg\u00e9rdekesebb sz\u00e1ll\u00e1sokat, amelyeket janu\u00e1rban \u00e9rdemes felkeresni:<\/p>\n\n\n\n<p class=\"wp-block-paragraph\"><strong>Sasitara Thai Villas<\/strong>&nbsp;\u2013 Ha vonz a hagyom\u00e1nyos thai \u00e9p\u00edt\u00e9szet, ezek a vill\u00e1k egyenesen neked k\u00e9sz\u00fcltek. Autentikus thai t\u00edkf\u00e1b\u00f3l, Ayudhya st\u00edlusban \u00e9p\u00fcltek, \u00e9s csak p\u00e1r l\u00e9p\u00e9sre tal\u00e1lod \u0151ket a Choeng Mon strandt\u00f3l.<\/p>\n\n\n\n<p class=\"wp-block-paragraph\">&nbsp;<strong>The Spot<\/strong>&nbsp;\u2013 Ide\u00e1lis v\u00e1laszt\u00e1s a golf \u00e9s a strand szerelmeseinek. Ez a sz\u00e1lloda a sziget legszebb helyei k\u00f6zel\u00e9ben tal\u00e1lhat\u00f3, mint a Chaweng \u00e9s a Lamai strand.<\/p>\n\n\n\n<p class=\"wp-block-paragraph\">&nbsp;<strong>Amaya Resort<\/strong>&nbsp;\u2013 Azoknak, akik szeretn\u00e9k, hogy a strand karny\u00fajt\u00e1snyira legyen, ez a resort remek elhelyezked\u00e9st k\u00edn\u00e1l. A Lamai strand innen mind\u00f6ssze 18 perc s\u00e9ta.<\/p>\n\n\n\n<p class=\"wp-block-paragraph\">&nbsp;<strong>Aforetime Beach House<\/strong>&nbsp;\u2013 Sp\u00f3roln\u00e1l, de k\u00f6zben \u00e1t\u00e9ln\u00e9d a thai hagyom\u00e1ny var\u00e1zs\u00e1t is? Ez a 63 \u00e9ves fah\u00e1z k\u00f6zvetlen\u00fcl a Taling Ngam strandon remek v\u00e1laszt\u00e1s az autentikus \u00e9lm\u00e9nyre elfogadhat\u00f3 \u00e1ron.<\/p>\n\n\n\n<figure data-wp-context=\"{&quot;imageId&quot;:&quot;6a9afccbe9d45&quot;}\" data-wp-interactive=\"core\/image\" data-wp-key=\"6a9afccbe9d45\" class=\"wp-block-image size-full wp-lightbox-container\"><img decoding=\"async\" width=\"1200\" height=\"800\" data-wp-class--hide=\"state.isContentHidden\" data-wp-class--show=\"state.isContentVisible\" data-wp-init=\"callbacks.setButtonStyles\" data-wp-on--click=\"actions.showLightbox\" data-wp-on--load=\"callbacks.setButtonStyles\" data-wp-on--pointerdown=\"actions.preloadImage\" data-wp-on--pointerenter=\"actions.preloadImageWithDelay\" data-wp-on--pointerleave=\"actions.cancelPreload\" data-wp-on-window--resize=\"callbacks.setButtonStyles\" src=\"https:\/\/loudavymkrokem.cz\/wp-content\/uploads\/2024\/11\/thajsko.jpg\" alt=\"Thaif\u00f6ld\" class=\"wp-image-90831\" title=\"\" srcset=\"https:\/\/loudavymkrokem.cz\/wp-content\/uploads\/2024\/11\/thajsko.jpg 1200w, https:\/\/loudavymkrokem.cz\/wp-content\/uploads\/2024\/11\/thajsko-300x200.jpg 300w, https:\/\/loudavymkrokem.cz\/wp-content\/uploads\/2024\/11\/thajsko-700x467.jpg 700w, https:\/\/loudavymkrokem.cz\/wp-content\/uploads\/2024\/11\/thajsko-768x512.jpg 768w, https:\/\/loudavymkrokem.cz\/wp-content\/uploads\/2024\/11\/thajsko-696x464.jpg 696w\" sizes=\"(max-width: 1200px) 100vw, 1200px\" \/><button\n\t\t\tclass=\"lightbox-trigger\"\n\t\t\ttype=\"button\"\n\t\t\taria-haspopup=\"dialog\"\n\t\t\tdata-wp-bind--aria-label=\"state.thisImage.triggerButtonAriaLabel\"\n\t\t\tdata-wp-init=\"callbacks.initTriggerButton\"\n\t\t\tdata-wp-on--click=\"actions.showLightbox\"\n\t\t\tdata-wp-style--right=\"state.thisImage.buttonRight\"\n\t\t\tdata-wp-style--top=\"state.thisImage.buttonTop\"\n\t\t>\n\t\t\t<svg xmlns=\"http:\/\/www.w3.org\/2000\/svg\" width=\"12\" height=\"12\" fill=\"none\" viewBox=\"0 0 12 12\">\n\t\t\t\t<path fill=\"#fff\" d=\"M2 0a2 2 0 0 0-2 2v2h1.5V2a.5.5 0 0 1 .5-.5h2V0H2Zm2 10.5H2a.5.5 0 0 1-.5-.5V8H0v2a2 2 0 0 0 2 2h2v-1.5ZM8 12v-1.5h2a.5.5 0 0 0 .5-.5V8H12v2a2 2 0 0 1-2 2H8Zm2-12a2 2 0 0 1 2 2v2h-1.5V2a.5.5 0 0 0-.5-.5H8V0h2Z\" \/>\n\t\t\t<\/svg>\n\t\t<\/button><figcaption class=\"wp-element-caption\">Thaif\u00f6ld<\/figcaption><\/figure>\n\n\n\n<h3 class=\"wp-block-heading\"><span class=\"ez-toc-section\" id=\"Dominikai_Koztarsasag\"><\/span>Dominikai K\u00f6zt\u00e1rsas\u00e1g<span class=\"ez-toc-section-end\"><\/span><\/h3>\n\n\n\n<p class=\"wp-block-paragraph\"><strong>A Dominikai K\u00f6zt\u00e1rsas\u00e1g igazi paradicsom azoknak, akik homokos strandokra \u00e9s naps\u00fct\u00e9sre v\u00e1gynak.<\/strong> Janu\u00e1rban itt 27\u201330 \u00b0C k\u00f6r\u00fcl mozog a h\u0151m\u00e9rs\u00e9klet. Punta Cana h\u00edres luxusresortjair\u00f3l, feh\u00e9r homokos strandjair\u00f3l \u00e9s a v\u00edzisportok lehet\u0151s\u00e9geir\u0151l, m\u00edg a Saman\u00e1 t\u00e9rs\u00e9g a term\u00e9szet \u00e9s a v\u00edzes\u00e9sek szerelmeseinek ide\u00e1lis. A Dominikai K\u00f6zt\u00e1rsas\u00e1g gazdag kult\u00far\u00e1j\u00e1r\u00f3l \u00e9s bar\u00e1ts\u00e1gos lak\u00f3ir\u00f3l is ismert.<\/p>\n\n\n\n<p class=\"wp-block-paragraph\">Aj\u00e1nlom a Los Haitises Nemzeti Parkot az es\u0151erd\u0151ivel, barlangjaival \u00e9s lag\u00fan\u00e1ival, vagy pr\u00f3b\u00e1ld ki az adrenalinnal teli ziplinet vagy a quad t\u00far\u00e1t. K\u00f6zvetlen\u00fcl a tengern\u00e9l snorkelezhetsz, b\u00fav\u00e1rkodhatsz vagy horg\u00e1szhatsz.<\/p>\n\n\n\n<h4 class=\"wp-block-heading\"><span class=\"ez-toc-section\" id=\"Nyaralas_a_Dominikai_Koztarsasagban_a_legjobb_szallasok\"><\/span>Nyaral\u00e1s a Dominikai K\u00f6zt\u00e1rsas\u00e1gban: a legjobb sz\u00e1ll\u00e1sok<span class=\"ez-toc-section-end\"><\/span><\/h4>\n\n\n\n<ul class=\"wp-block-list\">\n<li><strong>Renaissance Santo Domingo Jaragua Hotel &amp; Casino<\/strong>,<\/li>\n\n\n\n<li><strong>Wyndham Alltra Samana All Inclusive Resort<\/strong>,<\/li>\n\n\n\n<li><strong>Hacienda Samana Bay Hotel<\/strong>.<\/li>\n<\/ul>\n\n\n\n<figure data-wp-context=\"{&quot;imageId&quot;:&quot;6a9afccbea2e2&quot;}\" data-wp-interactive=\"core\/image\" data-wp-key=\"6a9afccbea2e2\" class=\"wp-block-image size-full wp-lightbox-container\"><img decoding=\"async\" width=\"1200\" height=\"800\" data-wp-class--hide=\"state.isContentHidden\" data-wp-class--show=\"state.isContentVisible\" data-wp-init=\"callbacks.setButtonStyles\" data-wp-on--click=\"actions.showLightbox\" data-wp-on--load=\"callbacks.setButtonStyles\" data-wp-on--pointerdown=\"actions.preloadImage\" data-wp-on--pointerenter=\"actions.preloadImageWithDelay\" data-wp-on--pointerleave=\"actions.cancelPreload\" data-wp-on-window--resize=\"callbacks.setButtonStyles\" src=\"https:\/\/loudavymkrokem.cz\/wp-content\/uploads\/2024\/11\/dominikanska-republika.jpg\" alt=\"Dominikai K\u00f6zt\u00e1rsas\u00e1g\" class=\"wp-image-90826\" title=\"\" srcset=\"https:\/\/loudavymkrokem.cz\/wp-content\/uploads\/2024\/11\/dominikanska-republika.jpg 1200w, https:\/\/loudavymkrokem.cz\/wp-content\/uploads\/2024\/11\/dominikanska-republika-300x200.jpg 300w, https:\/\/loudavymkrokem.cz\/wp-content\/uploads\/2024\/11\/dominikanska-republika-700x467.jpg 700w, https:\/\/loudavymkrokem.cz\/wp-content\/uploads\/2024\/11\/dominikanska-republika-768x512.jpg 768w, https:\/\/loudavymkrokem.cz\/wp-content\/uploads\/2024\/11\/dominikanska-republika-696x464.jpg 696w\" sizes=\"(max-width: 1200px) 100vw, 1200px\" \/><button\n\t\t\tclass=\"lightbox-trigger\"\n\t\t\ttype=\"button\"\n\t\t\taria-haspopup=\"dialog\"\n\t\t\tdata-wp-bind--aria-label=\"state.thisImage.triggerButtonAriaLabel\"\n\t\t\tdata-wp-init=\"callbacks.initTriggerButton\"\n\t\t\tdata-wp-on--click=\"actions.showLightbox\"\n\t\t\tdata-wp-style--right=\"state.thisImage.buttonRight\"\n\t\t\tdata-wp-style--top=\"state.thisImage.buttonTop\"\n\t\t>\n\t\t\t<svg xmlns=\"http:\/\/www.w3.org\/2000\/svg\" width=\"12\" height=\"12\" fill=\"none\" viewBox=\"0 0 12 12\">\n\t\t\t\t<path fill=\"#fff\" d=\"M2 0a2 2 0 0 0-2 2v2h1.5V2a.5.5 0 0 1 .5-.5h2V0H2Zm2 10.5H2a.5.5 0 0 1-.5-.5V8H0v2a2 2 0 0 0 2 2h2v-1.5ZM8 12v-1.5h2a.5.5 0 0 0 .5-.5V8H12v2a2 2 0 0 1-2 2H8Zm2-12a2 2 0 0 1 2 2v2h-1.5V2a.5.5 0 0 0-.5-.5H8V0h2Z\" \/>\n\t\t\t<\/svg>\n\t\t<\/button><figcaption class=\"wp-element-caption\">Dominikai K\u00f6zt\u00e1rsas\u00e1g<\/figcaption><\/figure>\n\n\n\n<h3 class=\"wp-block-heading\"><span class=\"ez-toc-section\" id=\"Ausztralia\"><\/span>Ausztr\u00e1lia<span class=\"ez-toc-section-end\"><\/span><\/h3>\n\n\n\n<p class=\"wp-block-paragraph\"><strong>Ha a vil\u00e1g m\u00e1sik oldal\u00e1n keresel meleget, <a href=\"https:\/\/loudavymkrokem.cz\/hu\/utazas\/ausztralia\/\" target=\"_blank\" data-type=\"link\" data-id=\"https:\/\/loudavymkrokem.cz\/cestovani\/australie\/\" rel=\"noreferrer noopener\">Ausztr\u00e1lia<\/a> ide\u00e1lis v\u00e1laszt\u00e1s a janu\u00e1ri nyaral\u00e1shoz.<\/strong> Janu\u00e1rban Ausztr\u00e1li\u00e1ban jav\u00e1ban tart a ny\u00e1r, \u00e9s a h\u0151m\u00e9rs\u00e9klet 25\u201330 \u00b0C k\u00f6z\u00f6tt mozog. Ell\u00e1togathatsz a Gold Coast strandjaira, sz\u00f6rf\u00f6zhetsz a sydney-i Bondi Beachen, vagy kir\u00e1ndulhatsz a term\u00e9szetbe, mint a Nagy-korallz\u00e1tony vagy a Kakadu Nemzeti Park.<\/p>\n\n\n\n<p class=\"wp-block-paragraph\">Ausztr\u00e1lia olyan orsz\u00e1g, ahol t\u00e9nyleg rengeteget \u00e9lhetsz \u00e1t. Sydney-ben l\u00e1togasd meg a h\u00edres Operah\u00e1zat, vagy indulj el a Blue Mountains Nemzeti Parkba. A Nagy-korallz\u00e1tony a snorkelez\u00e9s \u00e9s b\u00fav\u00e1rkod\u00e1s mennyorsz\u00e1ga, d\u00e9len pedig szafarira indulhatsz, \u00e9s megcsod\u00e1lhatod a vad\u00e1llatokat a term\u00e9szetes \u00e9l\u0151hely\u00fck\u00f6n.<\/p>\n\n\n\n<h4 class=\"wp-block-heading\"><span class=\"ez-toc-section\" id=\"Hol_lakj_Ausztraliaban\"><\/span>Hol lakj Ausztr\u00e1li\u00e1ban?<span class=\"ez-toc-section-end\"><\/span><\/h4>\n\n\n\n<p class=\"wp-block-paragraph\">Sydney-ben luxussz\u00e1llod\u00e1kat tal\u00e1lsz, mint az ikonikus <strong><a href=\"https:\/\/www.booking.com\/hotel\/au\/park-hyatt-sydney.cs.html?label=gog235jc-1FCAEoggI46AdIBVgDaDqIAQGYAQW4ARfIAQzYAQHoAQH4AQKIAgGoAgO4ApPTvrQGwAIB0gIkNzBkZmU5ZmUtNTA5ZC00YTJjLTlkYjEtNDI4ZGNjZmJlNDU12AIF4AIB&amp;sid=62c3ff04e5bab2816916bf0ccb61ef02&amp;aid=397594&amp;ucfs=1&amp;arphpl=1&amp;checkin=2025-01-06&amp;checkout=2025-01-12&amp;dest_id=178144&amp;dest_type=hotel&amp;group_adults=2&amp;req_adults=2&amp;no_rooms=1&amp;group_children=0&amp;req_children=0&amp;hpos=1&amp;hapos=1&amp;sr_order=popularity&amp;srpvid=b491527b9c2703cc&amp;srepoch=1732880638&amp;all_sr_blocks=17814420_95183161_2_41_0&amp;highlighted_blocks=17814420_95183161_2_41_0&amp;matching_block_id=17814420_95183161_2_41_0&amp;sr_pri_blocks=17814420_95183161_2_41_0__792000&amp;from_sustainable_property_sr=1&amp;from=searchresults\" target=\"_blank\" data-type=\"link\" data-id=\"https:\/\/www.booking.com\/hotel\/au\/park-hyatt-sydney.cs.html\" rel=\"noreferrer noopener\">Park Hyatt Sydney<\/a><\/strong> az Operah\u00e1zra n\u00e9z\u0151 kil\u00e1t\u00e1ssal, vagy megfizethet\u0151bb lehet\u0151s\u00e9geket, p\u00e9ld\u00e1ul modern butikhoteleket \u00e9s hostelokat a Bondi Beach negyedben. Ha a Nagy-korallz\u00e1tonyt tervezed felkeresni, gondold v\u00e9gig a Port Douglas \u00fcd\u00fcl\u0151helyen vagy a Whitsundays szigeteken val\u00f3 sz\u00e1ll\u00e1st, ahol k\u00f6zvetlen\u00fcl a strandon l\u00e9v\u0151 bungal\u00f3kban lakhatsz.<\/p>\n\n\n\n<p class=\"wp-block-paragraph\"><strong>Tippek tov\u00e1bbi sz\u00e1ll\u00e1sokra:<\/strong><\/p>\n\n\n\n<ul class=\"wp-block-list\">\n<li><strong>Absolute Beachfront Central Surfers Paradise<\/strong>,<\/li>\n\n\n\n<li><strong>Seacrest Beachfront Apartments Surfers Paradise<\/strong>.<\/li>\n<\/ul>\n\n\n\n<figure data-wp-context=\"{&quot;imageId&quot;:&quot;6a9afccbea85d&quot;}\" data-wp-interactive=\"core\/image\" data-wp-key=\"6a9afccbea85d\" class=\"wp-block-image size-full wp-lightbox-container\"><img decoding=\"async\" width=\"1200\" height=\"800\" data-wp-class--hide=\"state.isContentHidden\" data-wp-class--show=\"state.isContentVisible\" data-wp-init=\"callbacks.setButtonStyles\" data-wp-on--click=\"actions.showLightbox\" data-wp-on--load=\"callbacks.setButtonStyles\" data-wp-on--pointerdown=\"actions.preloadImage\" data-wp-on--pointerenter=\"actions.preloadImageWithDelay\" data-wp-on--pointerleave=\"actions.cancelPreload\" data-wp-on-window--resize=\"callbacks.setButtonStyles\" src=\"https:\/\/loudavymkrokem.cz\/wp-content\/uploads\/2024\/11\/australie.jpg\" alt=\"Ausztr\u00e1lia\" class=\"wp-image-90821\" title=\"\" srcset=\"https:\/\/loudavymkrokem.cz\/wp-content\/uploads\/2024\/11\/australie.jpg 1200w, https:\/\/loudavymkrokem.cz\/wp-content\/uploads\/2024\/11\/australie-300x200.jpg 300w, https:\/\/loudavymkrokem.cz\/wp-content\/uploads\/2024\/11\/australie-700x467.jpg 700w, https:\/\/loudavymkrokem.cz\/wp-content\/uploads\/2024\/11\/australie-768x512.jpg 768w, https:\/\/loudavymkrokem.cz\/wp-content\/uploads\/2024\/11\/australie-696x464.jpg 696w\" sizes=\"(max-width: 1200px) 100vw, 1200px\" \/><button\n\t\t\tclass=\"lightbox-trigger\"\n\t\t\ttype=\"button\"\n\t\t\taria-haspopup=\"dialog\"\n\t\t\tdata-wp-bind--aria-label=\"state.thisImage.triggerButtonAriaLabel\"\n\t\t\tdata-wp-init=\"callbacks.initTriggerButton\"\n\t\t\tdata-wp-on--click=\"actions.showLightbox\"\n\t\t\tdata-wp-style--right=\"state.thisImage.buttonRight\"\n\t\t\tdata-wp-style--top=\"state.thisImage.buttonTop\"\n\t\t>\n\t\t\t<svg xmlns=\"http:\/\/www.w3.org\/2000\/svg\" width=\"12\" height=\"12\" fill=\"none\" viewBox=\"0 0 12 12\">\n\t\t\t\t<path fill=\"#fff\" d=\"M2 0a2 2 0 0 0-2 2v2h1.5V2a.5.5 0 0 1 .5-.5h2V0H2Zm2 10.5H2a.5.5 0 0 1-.5-.5V8H0v2a2 2 0 0 0 2 2h2v-1.5ZM8 12v-1.5h2a.5.5 0 0 0 .5-.5V8H12v2a2 2 0 0 1-2 2H8Zm2-12a2 2 0 0 1 2 2v2h-1.5V2a.5.5 0 0 0-.5-.5H8V0h2Z\" \/>\n\t\t\t<\/svg>\n\t\t<\/button><figcaption class=\"wp-element-caption\">Ausztr\u00e1lia<\/figcaption><\/figure>\n\n\n\n\n<div class=\"lk-stays-module\">\n<style>\n\/* \u2500\u2500\u2500 RESET PRO GUTENBERG \u2500\u2500\u2500 *\/\n.lk-stays-module * { box-sizing: border-box; margin: 0; padding: 0; }\n\n\/* \u2500\u2500\u2500 WRAPPER \u2500\u2500\u2500 *\/\n.lk-stays-module {\n  font-family: 'DM Sans', Georgia, sans-serif;\n  max-width: 100%;\n  margin: 2.5rem auto;\n  background: linear-gradient(135deg, #fdfaf5 0%, #fcf8f0 100%);\n  border: 1px solid #e8dfd4;\n  border-radius: 16px;\n  overflow: hidden;\n  box-shadow: 0 16px 48px rgba(195, 159, 118, 0.25), 0 4px 12px rgba(0,0,0,0.08);\n}\n\n\/* \u2500\u2500\u2500 HEADER \u2500\u2500\u2500 *\/\n.lk-stays-header {\n  position: relative;\n  padding: 24px 36px 24px;\n  background: linear-gradient(135deg, #c39f76 0%, #d4b188 60%, #c39f76 100%);\n  border-bottom: 1px solid rgba(255,255,255,.15);\n  display: flex;\n  align-items: center;\n  gap: 18px;\n}\n.lk-stays-header::before {\n  content: '';\n  position: absolute;\n  inset: 0;\n  background: url(\"data:image\/svg+xml,%3Csvg width='60' height='60' viewBox='0 0 60 60' xmlns='http:\/\/www.w3.org\/2000\/svg'%3E%3Cg fill='none' fill-rule='evenodd'%3E%3Cg fill='%23ffffff' fill-opacity='0.05'%3E%3Cpath d='M36 34v-4h-2v4h-4v2h4v4h2v-4h4v-2h-4zm0-30V0h-2v4h-4v2h4v4h2V6h4V4h-4zM6 34v-4H4v4H0v2h4v4h2v-4h4v-2H6zM6 4V0H4v4H0v2h4v4h2V6h4V4H6z'\/%3E%3C\/g%3E%3C\/g%3E%3C\/svg%3E\") repeat;\n  pointer-events: none;\n}\n.lk-stays-icon {\n  flex-shrink: 0;\n  width: 68px;\n  height: 68px;\n  border-radius: 14px;\n  background: linear-gradient(135deg, #fff 0%, #f9f6f0 100%);\n  display: flex;\n  align-items: center;\n  justify-content: center;\n  font-size: 26px;\n  box-shadow: 0 4px 12px rgba(0,0,0,0.15);\n}\n.lk-stays-eyebrow {\n  font-size: 10px;\n  font-weight: 500;\n  letter-spacing: 2.5px;\n  text-transform: uppercase;\n  color: rgba(255,255,255,.85);\n  margin: 0 0 5px 0;\n}\n.lk-stays-title {\n  font-family: 'Playfair Display', Georgia, serif;\n  font-size: 24px;\n  font-weight: 700;\n  color: #fff;\n  line-height: 1.2;\n  text-shadow: 0 1px 2px rgba(0,0,0,0.1);\n  margin: 0;\n}\n.lk-stays-subtitle {\n  font-size: 13px;\n  color: rgba(255,255,255,.75);\n  margin: 4px 0 0 0;\n  font-weight: 300;\n}\n\n\/* \u2500\u2500\u2500 CARDS GRID \u2500\u2500\u2500 *\/\n.lk-stays-grid {\n  display: grid;\n  grid-template-columns: 1fr 1fr;\n  gap: 1px;\n  background: rgba(195, 159, 118, 0.12);\n}\n\n\/* \u2500\u2500\u2500 SINGLE CARD \u2500\u2500\u2500 *\/\n.lk-stay-card {\n  background: #ffffff;\n  padding: 26px;\n  display: flex;\n  flex-direction: column;\n  gap: 11px;\n  transition: all 0.3s ease;\n  text-decoration: none;\n  color: inherit;\n  position: relative;\n}\n.lk-stay-card:hover {\n  background: #fffbf5;\n  transform: translateY(-2px);\n  box-shadow: 0 8px 24px rgba(195, 159, 118, 0.18);\n  z-index: 1;\n}\n.lk-stay-card.featured {\n  background: linear-gradient(135deg, #fffdf9 0%, #fff9f0 100%);\n  box-shadow: 0 4px 16px rgba(195, 159, 118, 0.15), inset 0 1px 0 rgba(195, 159, 118, 0.1);\n}\n.lk-stay-card.featured:hover {\n  background: linear-gradient(135deg, #fffbf5 0%, #fff8ed 100%);\n  box-shadow: 0 8px 24px rgba(195, 159, 118, 0.25), inset 0 1px 0 rgba(195, 159, 118, 0.15);\n}\n\n.lk-stay-badge {\n  display: inline-flex;\n  align-items: center;\n  gap: 5px;\n  font-size: 10px;\n  font-weight: 500;\n  letter-spacing: 1.5px;\n  text-transform: uppercase;\n  padding: 5px 11px;\n  border-radius: 20px;\n  width: fit-content;\n}\n.badge-top     { background: linear-gradient(135deg, #c39f76 0%, #d4b188 100%); color: #fff; border: 1px solid #c39f76; font-weight: 600; box-shadow: 0 2px 8px rgba(195,159,118,0.3); }\n.badge-luxury  { background: rgba(195,159,118,.12); color: #c39f76; border: 1px solid rgba(195,159,118,.25); }\n.badge-boutique{ background: rgba(54,133,252,.08); color: #3685fc; border: 1px solid rgba(54,133,252,.2); }\n.badge-nature  { background: rgba(130,190,100,.1); color: #6b9c4a; border: 1px solid rgba(130,190,100,.2); }\n.badge-remote  { background: rgba(195,159,118,.12); color: #a67e50; border: 1px solid rgba(195,159,118,.25); }\n\n.lk-stay-name {\n  font-family: 'Playfair Display', Georgia, serif;\n  font-size: 18px;\n  font-weight: 700;\n  color: #111827;\n  line-height: 1.3;\n}\n.lk-stay-desc {\n  font-size: 13.5px;\n  color: #525252;\n  line-height: 1.65;\n  font-weight: 300;\n  flex: 1;\n}\n\n.lk-stay-meta {\n  display: flex;\n  align-items: center;\n  gap: 12px;\n  flex-wrap: wrap;\n  margin-top: 4px;\n}\n.lk-stay-price {\n  font-size: 13px;\n  color: #6b7280;\n}\n.lk-stay-price strong {\n  color: #c39f76;\n  font-weight: 500;\n}\n.lk-stay-stars {\n  color: #c39f76;\n  font-size: 11px;\n  letter-spacing: 1px;\n}\n\n\/* \u2500\u2500\u2500 CTA BUTTON \u2500\u2500\u2500 *\/\n.lk-stay-cta {\n  display: inline-flex;\n  align-items: center;\n  justify-content: center;\n  gap: 7px;\n  margin-top: 8px;\n  padding: 11px 20px;\n  border-radius: 8px;\n  background: linear-gradient(135deg, #3685fc 0%, #2a6fd9 100%);\n  color: #fff;\n  font-size: 13px;\n  font-weight: 500;\n  text-decoration: none;\n  letter-spacing: .3px;\n  transition: all .2s ease;\n  cursor: pointer;\n  border: none;\n  text-align: center;\n  box-shadow: 0 4px 12px rgba(54, 133, 252, 0.25);\n}\n.lk-stay-cta:hover {\n  background: linear-gradient(135deg, #2a6fd9 0%, #1e5bc4 100%);\n  transform: translateY(-1px);\n  box-shadow: 0 6px 16px rgba(54, 133, 252, 0.35);\n}\n.lk-stay-cta svg { flex-shrink: 0; }\n\n\/* \u2500\u2500\u2500 FOOTER \u2500\u2500\u2500 *\/\n.lk-stays-footer {\n  padding: 18px 36px;\n  background: linear-gradient(to bottom, #fdfaf5 0%, #f9f4ed 100%);\n  border-top: 1px solid rgba(195, 159, 118, 0.15);\n  display: flex;\n  align-items: center;\n  justify-content: space-between;\n  flex-wrap: wrap;\n  gap: 12px;\n}\n.lk-stays-footer-note {\n  font-size: 11.5px;\n  color: #6b7280;\n  font-weight: 300;\n  line-height: 1.5;\n}\n.lk-stays-footer-note a {\n  color: #c39f76;\n  text-decoration: none;\n  font-weight: 400;\n}\n.lk-stays-footer-note a:hover {\n  text-decoration: underline;\n}\n.lk-stays-all-btn {\n  display: inline-flex;\n  align-items: center;\n  gap: 6px;\n  font-size: 12.5px;\n  font-weight: 500;\n  color: #c39f76;\n  text-decoration: none;\n  border: 1px solid rgba(195, 159, 118, 0.35);\n  padding: 8px 18px;\n  border-radius: 8px;\n  transition: all .2s ease;\n}\n.lk-stays-all-btn:hover {\n  background: rgba(195, 159, 118, 0.08);\n  border-color: rgba(195, 159, 118, 0.5);\n}\n\n\/* \u2500\u2500\u2500 RESPONSIVE \u2500\u2500\u2500 *\/\n@media (max-width: 600px) {\n  .lk-stays-grid { grid-template-columns: 1fr; }\n  .lk-stays-header { padding: 24px 20px; }\n  .lk-stays-footer { padding: 16px 20px; }\n  .lk-stay-card { padding: 22px; }\n  .lk-stays-title { font-size: 20px; }\n}\n<\/style>\n\n  <!-- HEADER -->\n  <div class=\"lk-stays-header\">\n    <img decoding=\"async\" src=\"https:\/\/loudavymkrokem.cz\/wp-content\/uploads\/2026\/02\/lukas-a-lucka.jpg\" alt=\"\" style=\"width: 75px; height: 75px; border-radius: 8px; flex-shrink: 0; object-fit: cover; display: block; margin: 4px 0;\" title=\"\">\n    <div class=\"lk-stays-header-text\">\n      <div class=\"lk-stays-eyebrow\">Luk\u00e1\u0161 \u00e9s Lucie aj\u00e1nlj\u00e1k<\/div>\n      <div class=\"lk-stays-title\">Hol sz\u00e1lljunk meg meleg \u00fati c\u00e9lokon janu\u00e1rban<\/div>\n      <div class=\"lk-stays-subtitle\">6 sz\u00e1ll\u00e1s \u2014 wellness sz\u00e1llod\u00e1k, \u00fcd\u00fcl\u0151helyek \u00e9s egy\u00e9b sz\u00e1ll\u00e1slehet\u0151s\u00e9gek<\/div>\n    <\/div>\n  <\/div>\n\n  <!-- CARDS -->\n  <div class=\"lk-stays-grid\">\n\n    <a class=\"lk-stay-card featured\" href=\"https:\/\/www.stay22.com\/allez\/roam?aid=lukaskonecny&#038;campaign=loudavymkrokemcz&#038;campaign=hu&#038;campaign=kamnadovolenouvlednu&#038;address=tepl%C3%A9+destinace+v+lednu&#038;hotelname=Secrets+Bah%C3%ADa+Real+Resort+%26+Spa+Adults+only&#038;search=Secrets+Bah%C3%ADa+Real+Resort+%26+Spa+Adults+only&#038;category=accommodation\" target=\"_blank\" rel=\"nofollow noopener\">\n      <span class=\"lk-stay-badge badge-top\">\u2b50 TOP V\u00c1LASZT\u00c1S<\/span>\n      <span class=\"lk-stay-badge badge-nature\">\u2b50 Luxury<\/span>\n      <div class=\"lk-stay-name\">Secrets Bah\u00eda Real Resort &#038; Spa Adults only<\/div>\n      <div class=\"lk-stay-desc\">Teljes luxus a Kan\u00e1ri-szigeteken, csak feln\u0151tteknek sz\u00f3l\u00f3 \u00fcd\u00fcl\u0151hely Fuerteventura sziget\u00e9n.<\/div>\n      <div class=\"lk-stay-meta\">\n        <span class=\"lk-stay-stars\">\u2605\u2605\u2605\u2605<\/span>\n        <span class=\"lk-stay-price\">\u00c1rak ellen\u0151rz\u00e9se<\/span>\n      <\/div>\n      <span class=\"lk-stay-cta\">\n        <svg width=\"14\" height=\"14\" viewBox=\"0 0 24 24\" fill=\"none\" stroke=\"currentColor\" stroke-width=\"2\"><path d=\"M18 13v6a2 2 0 0 1-2 2H5a2 2 0 0 1-2-2V8a2 2 0 0 1 2-2h6\"\/><polyline points=\"15 3 21 3 21 9\"\/><line x1=\"10\" y1=\"14\" x2=\"21\" y2=\"3\"\/><\/svg>\n        Ellen\u0151rizd az el\u00e9rhet\u0151s\u00e9get\n      <\/span>\n    <\/a>\n\n    <a class=\"lk-stay-card\" href=\"https:\/\/www.stay22.com\/allez\/roam?aid=lukaskonecny&#038;campaign=loudavymkrokemcz&#038;campaign=hu&#038;campaign=kamnadovolenouvlednu&#038;address=tepl%C3%A9+destinace+v+lednu&#038;hotelname=Sol+Fuerteventura+Jandia+-+All+Suites&#038;search=Sol+Fuerteventura+Jandia+-+All+Suites&#038;category=accommodation\" target=\"_blank\" rel=\"nofollow noopener\">\n      <span class=\"lk-stay-badge badge-nature\">\ud83c\udfe8 Hotel<\/span>\n      <div class=\"lk-stay-name\">Sol Fuerteventura Jandia &#8211; All Suites<\/div>\n      <div class=\"lk-stay-desc\">Ide\u00e1lis sz\u00e1lloda csal\u00e1di nyaral\u00e1shoz a Kan\u00e1ri-szigeteken.<\/div>\n      <div class=\"lk-stay-meta\">\n        <span class=\"lk-stay-stars\">\u2605\u2605\u2605\u2605<\/span>\n        <span class=\"lk-stay-price\">\u00c1rak ellen\u0151rz\u00e9se<\/span>\n      <\/div>\n      <span class=\"lk-stay-cta\">\n        <svg width=\"14\" height=\"14\" viewBox=\"0 0 24 24\" fill=\"none\" stroke=\"currentColor\" stroke-width=\"2\"><path d=\"M18 13v6a2 2 0 0 1-2 2H5a2 2 0 0 1-2-2V8a2 2 0 0 1 2-2h6\"\/><polyline points=\"15 3 21 3 21 9\"\/><line x1=\"10\" y1=\"14\" x2=\"21\" y2=\"3\"\/><\/svg>\n        Ellen\u0151rizd az el\u00e9rhet\u0151s\u00e9get\n      <\/span>\n    <\/a>\n\n    <a class=\"lk-stay-card\" href=\"https:\/\/www.stay22.com\/allez\/roam?aid=lukaskonecny&#038;campaign=loudavymkrokemcz&#038;campaign=hu&#038;campaign=kamnadovolenouvlednu&#038;address=tepl%C3%A9+destinace+v+lednu&#038;hotelname=Hilton+Alexandria+King%27s+Ranch+Hotel&#038;search=Hilton+Alexandria+King%27s+Ranch+Hotel&#038;category=accommodation\" target=\"_blank\" rel=\"nofollow noopener\">\n      <span class=\"lk-stay-badge badge-nature\">\ud83c\udfe8 Hotel<\/span>\n      <div class=\"lk-stay-name\">Hilton Alexandria King&#8217;s Ranch Hotel<\/div>\n      <div class=\"lk-stay-desc\">Az egyik legjobb sz\u00e1llodai \u00fcd\u00fcl\u0151hely Egyiptomban kiv\u00e1l\u00f3 elhelyezked\u00e9ssel.<\/div>\n      <div class=\"lk-stay-meta\">\n        <span class=\"lk-stay-stars\">\u2605\u2605\u2605\u2605<\/span>\n        <span class=\"lk-stay-price\">\u00c1rak ellen\u0151rz\u00e9se<\/span>\n      <\/div>\n      <span class=\"lk-stay-cta\">\n        <svg width=\"14\" height=\"14\" viewBox=\"0 0 24 24\" fill=\"none\" stroke=\"currentColor\" stroke-width=\"2\"><path d=\"M18 13v6a2 2 0 0 1-2 2H5a2 2 0 0 1-2-2V8a2 2 0 0 1 2-2h6\"\/><polyline points=\"15 3 21 3 21 9\"\/><line x1=\"10\" y1=\"14\" x2=\"21\" y2=\"3\"\/><\/svg>\n        Ellen\u0151rizd az el\u00e9rhet\u0151s\u00e9get\n      <\/span>\n    <\/a>\n\n    <a class=\"lk-stay-card\" href=\"https:\/\/www.stay22.com\/allez\/roam?aid=lukaskonecny&#038;campaign=loudavymkrokemcz&#038;campaign=hu&#038;campaign=kamnadovolenouvlednu&#038;address=tepl%C3%A9+destinace+v+lednu&#038;hotelname=Tree+Lounge+Pyramids+View+INN&#038;search=Tree+Lounge+Pyramids+View+INN&#038;category=accommodation\" target=\"_blank\" rel=\"nofollow noopener\">\n      <span class=\"lk-stay-badge badge-nature\">\ud83c\udfe8 Hotel<\/span>\n      <div class=\"lk-stay-name\">Tree Lounge Pyramids View INN<\/div>\n      <div class=\"lk-stay-desc\">Sz\u00e1ll\u00e1s Egyiptomban piramisokra n\u00e9z\u0151 kil\u00e1t\u00e1ssal.<\/div>\n      <div class=\"lk-stay-meta\">\n        <span class=\"lk-stay-stars\">\u2605\u2605\u2605\u2605<\/span>\n        <span class=\"lk-stay-price\">\u00c1rak ellen\u0151rz\u00e9se<\/span>\n      <\/div>\n      <span class=\"lk-stay-cta\">\n        <svg width=\"14\" height=\"14\" viewBox=\"0 0 24 24\" fill=\"none\" stroke=\"currentColor\" stroke-width=\"2\"><path d=\"M18 13v6a2 2 0 0 1-2 2H5a2 2 0 0 1-2-2V8a2 2 0 0 1 2-2h6\"\/><polyline points=\"15 3 21 3 21 9\"\/><line x1=\"10\" y1=\"14\" x2=\"21\" y2=\"3\"\/><\/svg>\n        Ellen\u0151rizd az el\u00e9rhet\u0151s\u00e9get\n      <\/span>\n    <\/a>\n\n    <a class=\"lk-stay-card\" href=\"https:\/\/www.stay22.com\/allez\/roam?aid=lukaskonecny&#038;campaign=loudavymkrokemcz&#038;campaign=hu&#038;campaign=kamnadovolenouvlednu&#038;address=tepl%C3%A9+destinace+v+lednu&#038;hotelname=Retac+Qunay+Dahab+Resort+%26+SPA&#038;search=Retac+Qunay+Dahab+Resort+%26+SPA&#038;category=accommodation\" target=\"_blank\" rel=\"nofollow noopener\">\n      <span class=\"lk-stay-badge badge-nature\">\ud83c\udf32 Resort<\/span>\n      <div class=\"lk-stay-name\">Retac Qunay Dahab Resort &#038; SPA<\/div>\n      <div class=\"lk-stay-desc\">Wellness \u00fcd\u00fcl\u0151hely Egyiptomban, ide\u00e1lis a V\u00f6r\u00f6s-tenger melletti pihen\u00e9shez.<\/div>\n      <div class=\"lk-stay-meta\">\n        <span class=\"lk-stay-stars\">\u2605\u2605\u2605\u2605<\/span>\n        <span class=\"lk-stay-price\">\u00c1rak ellen\u0151rz\u00e9se<\/span>\n      <\/div>\n      <span class=\"lk-stay-cta\">\n        <svg width=\"14\" height=\"14\" viewBox=\"0 0 24 24\" fill=\"none\" stroke=\"currentColor\" stroke-width=\"2\"><path d=\"M18 13v6a2 2 0 0 1-2 2H5a2 2 0 0 1-2-2V8a2 2 0 0 1 2-2h6\"\/><polyline points=\"15 3 21 3 21 9\"\/><line x1=\"10\" y1=\"14\" x2=\"21\" y2=\"3\"\/><\/svg>\n        Ellen\u0151rizd az el\u00e9rhet\u0151s\u00e9get\n      <\/span>\n    <\/a>\n\n    <a class=\"lk-stay-card\" href=\"https:\/\/www.stay22.com\/allez\/roam?aid=lukaskonecny&#038;campaign=loudavymkrokemcz&#038;campaign=hu&#038;campaign=kamnadovolenouvlednu&#038;address=tepl%C3%A9+destinace+v+lednu&#038;hotelname=Sasitara+Thai+Villas&#038;search=Sasitara+Thai+Villas&#038;category=accommodation\" target=\"_blank\" rel=\"nofollow noopener\">\n      <span class=\"lk-stay-badge badge-nature\">\ud83c\udfe1 Villa<\/span>\n      <div class=\"lk-stay-name\">Sasitara Thai Villas<\/div>\n      <div class=\"lk-stay-desc\">Hagyom\u00e1nyos thai vill\u00e1k autentikus t\u00edkf\u00e1b\u00f3l Ayudhya st\u00edlusban \u00e9p\u00edtve, csak p\u00e1r l\u00e9p\u00e9sre a Choeng Mon strandt\u00f3l.<\/div>\n      <div class=\"lk-stay-meta\">\n        <span class=\"lk-stay-stars\">\u2605\u2605\u2605\u2605<\/span>\n        <span class=\"lk-stay-price\">\u00c1rak ellen\u0151rz\u00e9se<\/span>\n      <\/div>\n      <span class=\"lk-stay-cta\">\n        <svg width=\"14\" height=\"14\" viewBox=\"0 0 24 24\" fill=\"none\" stroke=\"currentColor\" stroke-width=\"2\"><path d=\"M18 13v6a2 2 0 0 1-2 2H5a2 2 0 0 1-2-2V8a2 2 0 0 1 2-2h6\"\/><polyline points=\"15 3 21 3 21 9\"\/><line x1=\"10\" y1=\"14\" x2=\"21\" y2=\"3\"\/><\/svg>\n        Ellen\u0151rizd az el\u00e9rhet\u0151s\u00e9get\n      <\/span>\n    <\/a>\n\n  <\/div>\n\n  \n<\/div>\n\n\n\n\n<h3 class=\"wp-block-heading\"><span class=\"ez-toc-section\" id=\"Seychelle-szigetek\"><\/span>Seychelle-szigetek<span class=\"ez-toc-section-end\"><\/span><\/h3>\n\n\n\n<p class=\"wp-block-paragraph\"><strong>A Seychelle-szigetek tr\u00f3pusi paradicsom gy\u00f6ny\u00f6r\u0171 strandokkal, feh\u00e9r homokkal \u00e9s t\u00fcrkiz v\u00edzzel.<\/strong> Janu\u00e1rban itt 27\u201330 \u00b0C k\u00f6r\u00fcl mozog a h\u0151m\u00e9rs\u00e9klet, teh\u00e1t abszol\u00fat cs\u00facs.<\/p>\n\n\n\n<p class=\"wp-block-paragraph\">A Seychelle-szigetek a paradicsomi strandok szinonim\u00e1ja, de a napoz\u00e1s mellett rengeteg szuper programot is \u00e9lvezhetsz. Aj\u00e1nlom a term\u00e9szetv\u00e9delmi ter\u00fcletek felkeres\u00e9s\u00e9t, mint a Vall\u00e9e de Mai, ahol endemikus n\u00f6v\u00e9ny- \u00e9s \u00e1llatfajokat l\u00e1thatsz. A La Digue szigeten \u00e9lvezheted a bicikliz\u00e9st vagy a snorkelez\u00e9st a krist\u00e1lytiszta v\u00edzben.<\/p>\n\n\n\n<h4 class=\"wp-block-heading\"><span class=\"ez-toc-section\" id=\"Seychelle-szigetek_a_legjobb_szallasok\"><\/span>Seychelle-szigetek: a legjobb sz\u00e1ll\u00e1sok<span class=\"ez-toc-section-end\"><\/span><\/h4>\n\n\n\n<ul class=\"wp-block-list\">\n<li><strong>Valmer Resort and Spa<\/strong>,<\/li>\n\n\n\n<li><strong>Paradise Sun Hotel Seychelles<\/strong>,<\/li>\n\n\n\n<li><strong>Oasis Hotel Restaurant &amp; Spa<\/strong>.<\/li>\n<\/ul>\n\n\n\n<figure data-wp-context=\"{&quot;imageId&quot;:&quot;6a9afccbeadba&quot;}\" data-wp-interactive=\"core\/image\" data-wp-key=\"6a9afccbeadba\" class=\"wp-block-image size-full wp-lightbox-container\"><img decoding=\"async\" width=\"1200\" height=\"800\" data-wp-class--hide=\"state.isContentHidden\" data-wp-class--show=\"state.isContentVisible\" data-wp-init=\"callbacks.setButtonStyles\" data-wp-on--click=\"actions.showLightbox\" data-wp-on--load=\"callbacks.setButtonStyles\" data-wp-on--pointerdown=\"actions.preloadImage\" data-wp-on--pointerenter=\"actions.preloadImageWithDelay\" data-wp-on--pointerleave=\"actions.cancelPreload\" data-wp-on-window--resize=\"callbacks.setButtonStyles\" src=\"https:\/\/loudavymkrokem.cz\/wp-content\/uploads\/2024\/11\/seychely.jpg\" alt=\"Seychelle-szigetek\" class=\"wp-image-90816\" title=\"\" srcset=\"https:\/\/loudavymkrokem.cz\/wp-content\/uploads\/2024\/11\/seychely.jpg 1200w, https:\/\/loudavymkrokem.cz\/wp-content\/uploads\/2024\/11\/seychely-300x200.jpg 300w, https:\/\/loudavymkrokem.cz\/wp-content\/uploads\/2024\/11\/seychely-700x467.jpg 700w, https:\/\/loudavymkrokem.cz\/wp-content\/uploads\/2024\/11\/seychely-768x512.jpg 768w, https:\/\/loudavymkrokem.cz\/wp-content\/uploads\/2024\/11\/seychely-696x464.jpg 696w\" sizes=\"(max-width: 1200px) 100vw, 1200px\" \/><button\n\t\t\tclass=\"lightbox-trigger\"\n\t\t\ttype=\"button\"\n\t\t\taria-haspopup=\"dialog\"\n\t\t\tdata-wp-bind--aria-label=\"state.thisImage.triggerButtonAriaLabel\"\n\t\t\tdata-wp-init=\"callbacks.initTriggerButton\"\n\t\t\tdata-wp-on--click=\"actions.showLightbox\"\n\t\t\tdata-wp-style--right=\"state.thisImage.buttonRight\"\n\t\t\tdata-wp-style--top=\"state.thisImage.buttonTop\"\n\t\t>\n\t\t\t<svg xmlns=\"http:\/\/www.w3.org\/2000\/svg\" width=\"12\" height=\"12\" fill=\"none\" viewBox=\"0 0 12 12\">\n\t\t\t\t<path fill=\"#fff\" d=\"M2 0a2 2 0 0 0-2 2v2h1.5V2a.5.5 0 0 1 .5-.5h2V0H2Zm2 10.5H2a.5.5 0 0 1-.5-.5V8H0v2a2 2 0 0 0 2 2h2v-1.5ZM8 12v-1.5h2a.5.5 0 0 0 .5-.5V8H12v2a2 2 0 0 1-2 2H8Zm2-12a2 2 0 0 1 2 2v2h-1.5V2a.5.5 0 0 0-.5-.5H8V0h2Z\" \/>\n\t\t\t<\/svg>\n\t\t<\/button><figcaption class=\"wp-element-caption\">Seychelle-szigetek<\/figcaption><\/figure>\n\n\n\n<h3 class=\"wp-block-heading\"><span class=\"ez-toc-section\" id=\"Oman\"><\/span>Om\u00e1n<span class=\"ez-toc-section-end\"><\/span><\/h3>\n\n\n\n<p class=\"wp-block-paragraph\"><strong>Om\u00e1n remek \u00fati c\u00e9l azoknak, akik egy kicsit m\u00e1s nyaral\u00e1si \u00e9lm\u00e9nyt keresnek.<\/strong> Janu\u00e1rban itt 25\u201328 \u00b0C k\u00f6r\u00fcl mozog a h\u0151m\u00e9rs\u00e9klet, ami ide\u00e1lis a strandi pihen\u00e9shez, de az arab kult\u00fara \u00e9s t\u00f6rt\u00e9nelem felfedez\u00e9s\u00e9hez is. Ell\u00e1togathatsz a f\u0151v\u00e1rosba, Muszkatba, gy\u00f6ny\u00f6r\u0171 sivatagokba, r\u00e9gi er\u0151d\u00f6kbe vagy kanyonokba.<\/p>\n\n\n\n<p class=\"wp-block-paragraph\">Ha szereted a term\u00e9szetet, elindulhatsz a Wahiba Sands sivatagba szafarira, vagy t\u00far\u00e1zhatsz a Hadzsar-hegys\u00e9gben.<\/p>\n\n\n\n<h4 class=\"wp-block-heading\"><span class=\"ez-toc-section\" id=\"Egzotikus_nyaralas_Omanban_a_legjobb_resortok\"><\/span>Egzotikus nyaral\u00e1s Om\u00e1nban: a legjobb resortok<span class=\"ez-toc-section-end\"><\/span><\/h4>\n\n\n\n<ul class=\"wp-block-list\">\n<li><strong>Grand Millennium Muscat<\/strong>,<\/li>\n\n\n\n<li><strong>Al Bustan Palace<\/strong>,<\/li>\n\n\n\n<li><strong>Naseem Resort<\/strong>,<\/li>\n\n\n\n<li><strong>Crowne Plaza Muscat<\/strong>.<\/li>\n<\/ul>\n\n\n\n<figure data-wp-context=\"{&quot;imageId&quot;:&quot;6a9afccbeb41e&quot;}\" data-wp-interactive=\"core\/image\" data-wp-key=\"6a9afccbeb41e\" class=\"wp-block-image size-full wp-lightbox-container\"><img decoding=\"async\" width=\"1200\" height=\"800\" data-wp-class--hide=\"state.isContentHidden\" data-wp-class--show=\"state.isContentVisible\" data-wp-init=\"callbacks.setButtonStyles\" data-wp-on--click=\"actions.showLightbox\" data-wp-on--load=\"callbacks.setButtonStyles\" data-wp-on--pointerdown=\"actions.preloadImage\" data-wp-on--pointerenter=\"actions.preloadImageWithDelay\" data-wp-on--pointerleave=\"actions.cancelPreload\" data-wp-on-window--resize=\"callbacks.setButtonStyles\" src=\"https:\/\/loudavymkrokem.cz\/wp-content\/uploads\/2024\/11\/oman.jpg\" alt=\"Om\u00e1n\" class=\"wp-image-90811\" title=\"\" srcset=\"https:\/\/loudavymkrokem.cz\/wp-content\/uploads\/2024\/11\/oman.jpg 1200w, https:\/\/loudavymkrokem.cz\/wp-content\/uploads\/2024\/11\/oman-300x200.jpg 300w, https:\/\/loudavymkrokem.cz\/wp-content\/uploads\/2024\/11\/oman-700x467.jpg 700w, https:\/\/loudavymkrokem.cz\/wp-content\/uploads\/2024\/11\/oman-768x512.jpg 768w, https:\/\/loudavymkrokem.cz\/wp-content\/uploads\/2024\/11\/oman-696x464.jpg 696w\" sizes=\"(max-width: 1200px) 100vw, 1200px\" \/><button\n\t\t\tclass=\"lightbox-trigger\"\n\t\t\ttype=\"button\"\n\t\t\taria-haspopup=\"dialog\"\n\t\t\tdata-wp-bind--aria-label=\"state.thisImage.triggerButtonAriaLabel\"\n\t\t\tdata-wp-init=\"callbacks.initTriggerButton\"\n\t\t\tdata-wp-on--click=\"actions.showLightbox\"\n\t\t\tdata-wp-style--right=\"state.thisImage.buttonRight\"\n\t\t\tdata-wp-style--top=\"state.thisImage.buttonTop\"\n\t\t>\n\t\t\t<svg xmlns=\"http:\/\/www.w3.org\/2000\/svg\" width=\"12\" height=\"12\" fill=\"none\" viewBox=\"0 0 12 12\">\n\t\t\t\t<path fill=\"#fff\" d=\"M2 0a2 2 0 0 0-2 2v2h1.5V2a.5.5 0 0 1 .5-.5h2V0H2Zm2 10.5H2a.5.5 0 0 1-.5-.5V8H0v2a2 2 0 0 0 2 2h2v-1.5ZM8 12v-1.5h2a.5.5 0 0 0 .5-.5V8H12v2a2 2 0 0 1-2 2H8Zm2-12a2 2 0 0 1 2 2v2h-1.5V2a.5.5 0 0 0-.5-.5H8V0h2Z\" \/>\n\t\t\t<\/svg>\n\t\t<\/button><figcaption class=\"wp-element-caption\">Om\u00e1n<\/figcaption><\/figure>\n\n\n\n<h3 class=\"wp-block-heading\"><span class=\"ez-toc-section\" id=\"Vietnam\"><\/span>Vietnam<span class=\"ez-toc-section-end\"><\/span><\/h3>\n\n\n\n<p class=\"wp-block-paragraph\"><strong>Vietnam janu\u00e1rban remek v\u00e1laszt\u00e1s minden egzotikakedvel\u0151nek.<\/strong> Az orsz\u00e1g d\u00e9li r\u00e9sz\u00e9n, Ho Si Minh-v\u00e1ros k\u00f6rny\u00e9k\u00e9n vagy a Phu Quoc szigeten a h\u0151m\u00e9rs\u00e9klet el\u00e9ri a 28\u201330 \u00b0C-ot. Sz\u00e1m\u00edthatsz gy\u00f6ny\u00f6r\u0171 strandokra, snorkelez\u00e9sre, b\u00fav\u00e1rkod\u00e1sra, de a helyi kult\u00fara \u00e9s eml\u00e9kek felfedez\u00e9s\u00e9re is, mint a My Son templom vagy a My Tho iszapszobrai.<\/p>\n\n\n\n<h4 class=\"wp-block-heading\"><span class=\"ez-toc-section\" id=\"Szallastippek_Vietnamban\"><\/span>Sz\u00e1ll\u00e1stippek Vietnamban<span class=\"ez-toc-section-end\"><\/span><\/h4>\n\n\n\n<p class=\"wp-block-paragraph\">Ha Hanoiba tartasz, aj\u00e1nlom a t\u00f6rt\u00e9nelmi Old Quarterben val\u00f3 sz\u00e1ll\u00e1st, ahol st\u00edlusos butikhoteleket tal\u00e1lsz, mint a <strong>Sofitel Legend Metropole<\/strong>. Ho Si Minh-v\u00e1rosban (Saigon) \u00e9rdemes a belv\u00e1rosban keresni sz\u00e1ll\u00e1st, p\u00e9ld\u00e1ul a luxus <strong>Hotel des Arts Saigonban<\/strong> vagy modern apartmanokban.<\/p>\n\n\n\n<p class=\"wp-block-paragraph\">A strandim\u00e1d\u00f3k sz\u00e1m\u00e1ra ide\u00e1lisak a Phu Quoc szigeten l\u00e9v\u0151 resortok, mint a <strong>Fusion Resort Phu Quoc<\/strong>, amely priv\u00e1t vill\u00e1kat k\u00edn\u00e1l.<\/p>\n\n\n\n<figure data-wp-context=\"{&quot;imageId&quot;:&quot;6a9afccbeb97e&quot;}\" data-wp-interactive=\"core\/image\" data-wp-key=\"6a9afccbeb97e\" class=\"wp-block-image size-full wp-lightbox-container\"><img decoding=\"async\" width=\"1200\" height=\"800\" data-wp-class--hide=\"state.isContentHidden\" data-wp-class--show=\"state.isContentVisible\" data-wp-init=\"callbacks.setButtonStyles\" data-wp-on--click=\"actions.showLightbox\" data-wp-on--load=\"callbacks.setButtonStyles\" data-wp-on--pointerdown=\"actions.preloadImage\" data-wp-on--pointerenter=\"actions.preloadImageWithDelay\" data-wp-on--pointerleave=\"actions.cancelPreload\" data-wp-on-window--resize=\"callbacks.setButtonStyles\" src=\"https:\/\/loudavymkrokem.cz\/wp-content\/uploads\/2024\/11\/vietnam.jpg\" alt=\"Vietnam\" class=\"wp-image-90806\" title=\"\" srcset=\"https:\/\/loudavymkrokem.cz\/wp-content\/uploads\/2024\/11\/vietnam.jpg 1200w, https:\/\/loudavymkrokem.cz\/wp-content\/uploads\/2024\/11\/vietnam-300x200.jpg 300w, https:\/\/loudavymkrokem.cz\/wp-content\/uploads\/2024\/11\/vietnam-700x467.jpg 700w, https:\/\/loudavymkrokem.cz\/wp-content\/uploads\/2024\/11\/vietnam-768x512.jpg 768w, https:\/\/loudavymkrokem.cz\/wp-content\/uploads\/2024\/11\/vietnam-696x464.jpg 696w\" sizes=\"(max-width: 1200px) 100vw, 1200px\" \/><button\n\t\t\tclass=\"lightbox-trigger\"\n\t\t\ttype=\"button\"\n\t\t\taria-haspopup=\"dialog\"\n\t\t\tdata-wp-bind--aria-label=\"state.thisImage.triggerButtonAriaLabel\"\n\t\t\tdata-wp-init=\"callbacks.initTriggerButton\"\n\t\t\tdata-wp-on--click=\"actions.showLightbox\"\n\t\t\tdata-wp-style--right=\"state.thisImage.buttonRight\"\n\t\t\tdata-wp-style--top=\"state.thisImage.buttonTop\"\n\t\t>\n\t\t\t<svg xmlns=\"http:\/\/www.w3.org\/2000\/svg\" width=\"12\" height=\"12\" fill=\"none\" viewBox=\"0 0 12 12\">\n\t\t\t\t<path fill=\"#fff\" d=\"M2 0a2 2 0 0 0-2 2v2h1.5V2a.5.5 0 0 1 .5-.5h2V0H2Zm2 10.5H2a.5.5 0 0 1-.5-.5V8H0v2a2 2 0 0 0 2 2h2v-1.5ZM8 12v-1.5h2a.5.5 0 0 0 .5-.5V8H12v2a2 2 0 0 1-2 2H8Zm2-12a2 2 0 0 1 2 2v2h-1.5V2a.5.5 0 0 0-.5-.5H8V0h2Z\" \/>\n\t\t\t<\/svg>\n\t\t<\/button><figcaption class=\"wp-element-caption\">Vietnam<\/figcaption><\/figure>\n\n\n\n<h3 class=\"wp-block-heading\"><span class=\"ez-toc-section\" id=\"Fulop-szigetek\"><\/span>F\u00fcl\u00f6p-szigetek<span class=\"ez-toc-section-end\"><\/span><\/h3>\n\n\n\n<p class=\"wp-block-paragraph\"><strong>A F\u00fcl\u00f6p-szigetek remek \u00fati c\u00e9l mindenkinek, aki a strandok, a term\u00e9szet \u00e9s a kult\u00fara kombin\u00e1ci\u00f3j\u00e1ra v\u00e1gyik.<\/strong> T\u00f6bb mint 7 000 sziget\u00e9vel itt mindenki megtal\u00e1lja az ide\u00e1lis helyet. Janu\u00e1rban a F\u00fcl\u00f6p-szigeteken sz\u00e1raz \u00e9vszak van, \u00e9s a h\u0151m\u00e9rs\u00e9klet 27\u201332 \u00b0C k\u00f6r\u00fcl mozog.<\/p>\n\n\n\n<p class=\"wp-block-paragraph\">A legn\u00e9pszer\u0171bb \u00fati c\u00e9lok k\u00f6z\u00e9 tartozik Palawan, Boracay vagy Cebu. \u00c9lvezheted a gy\u00f6ny\u00f6r\u0171 strandokat, a snorkelez\u00e9st, a b\u00fav\u00e1rkod\u00e1st, vagy egyszer\u0171en csak pihenhetsz a tr\u00f3pusi paradicsomban.<\/p>\n\n\n\n<h4 class=\"wp-block-heading\"><span class=\"ez-toc-section\" id=\"Januari_nyaralas_a_Fulop-szigeteken_a_legjobb_szallasok\"><\/span>Janu\u00e1ri nyaral\u00e1s a F\u00fcl\u00f6p-szigeteken: a legjobb sz\u00e1ll\u00e1sok<span class=\"ez-toc-section-end\"><\/span><\/h4>\n\n\n\n<ul class=\"wp-block-list\">\n<li><strong>Dusit Thani Lubi Plantation Resort<\/strong>,<\/li>\n\n\n\n<li><strong>Bakawan Hideaway Resort and Restaurant<\/strong>,<\/li>\n\n\n\n<li><strong>Epic Suites Bohol<\/strong>.<\/li>\n<\/ul>\n\n\n\n<figure data-wp-context=\"{&quot;imageId&quot;:&quot;6a9afccbebe66&quot;}\" data-wp-interactive=\"core\/image\" data-wp-key=\"6a9afccbebe66\" class=\"wp-block-image size-full wp-lightbox-container\"><img decoding=\"async\" width=\"1200\" height=\"800\" data-wp-class--hide=\"state.isContentHidden\" data-wp-class--show=\"state.isContentVisible\" data-wp-init=\"callbacks.setButtonStyles\" data-wp-on--click=\"actions.showLightbox\" data-wp-on--load=\"callbacks.setButtonStyles\" data-wp-on--pointerdown=\"actions.preloadImage\" data-wp-on--pointerenter=\"actions.preloadImageWithDelay\" data-wp-on--pointerleave=\"actions.cancelPreload\" data-wp-on-window--resize=\"callbacks.setButtonStyles\" src=\"https:\/\/loudavymkrokem.cz\/wp-content\/uploads\/2024\/11\/filipiny.jpg\" alt=\"F\u00fcl\u00f6p-szigetek\" class=\"wp-image-90801\" title=\"\" srcset=\"https:\/\/loudavymkrokem.cz\/wp-content\/uploads\/2024\/11\/filipiny.jpg 1200w, https:\/\/loudavymkrokem.cz\/wp-content\/uploads\/2024\/11\/filipiny-300x200.jpg 300w, https:\/\/loudavymkrokem.cz\/wp-content\/uploads\/2024\/11\/filipiny-700x467.jpg 700w, https:\/\/loudavymkrokem.cz\/wp-content\/uploads\/2024\/11\/filipiny-768x512.jpg 768w, https:\/\/loudavymkrokem.cz\/wp-content\/uploads\/2024\/11\/filipiny-696x464.jpg 696w\" sizes=\"(max-width: 1200px) 100vw, 1200px\" \/><button\n\t\t\tclass=\"lightbox-trigger\"\n\t\t\ttype=\"button\"\n\t\t\taria-haspopup=\"dialog\"\n\t\t\tdata-wp-bind--aria-label=\"state.thisImage.triggerButtonAriaLabel\"\n\t\t\tdata-wp-init=\"callbacks.initTriggerButton\"\n\t\t\tdata-wp-on--click=\"actions.showLightbox\"\n\t\t\tdata-wp-style--right=\"state.thisImage.buttonRight\"\n\t\t\tdata-wp-style--top=\"state.thisImage.buttonTop\"\n\t\t>\n\t\t\t<svg xmlns=\"http:\/\/www.w3.org\/2000\/svg\" width=\"12\" height=\"12\" fill=\"none\" viewBox=\"0 0 12 12\">\n\t\t\t\t<path fill=\"#fff\" d=\"M2 0a2 2 0 0 0-2 2v2h1.5V2a.5.5 0 0 1 .5-.5h2V0H2Zm2 10.5H2a.5.5 0 0 1-.5-.5V8H0v2a2 2 0 0 0 2 2h2v-1.5ZM8 12v-1.5h2a.5.5 0 0 0 .5-.5V8H12v2a2 2 0 0 1-2 2H8Zm2-12a2 2 0 0 1 2 2v2h-1.5V2a.5.5 0 0 0-.5-.5H8V0h2Z\" \/>\n\t\t\t<\/svg>\n\t\t<\/button><figcaption class=\"wp-element-caption\">F\u00fcl\u00f6p-szigetek<\/figcaption><\/figure>\n\n\n\n<h3 class=\"wp-block-heading\"><span class=\"ez-toc-section\" id=\"Del-afrikai_Koztarsasag\"><\/span>D\u00e9l-afrikai K\u00f6zt\u00e1rsas\u00e1g<span class=\"ez-toc-section-end\"><\/span><\/h3>\n\n\n\n<p class=\"wp-block-paragraph\"><strong>Ha nemcsak naps\u00fct\u00e9st keresel, hanem szafarit \u00e9s vad term\u00e9szetet is, a D\u00e9l-afrikai K\u00f6zt\u00e1rsas\u00e1g az igazi v\u00e1laszt\u00e1s a janu\u00e1ri nyaral\u00e1shoz.<\/strong> A janu\u00e1r a D\u00e9l-afrikai K\u00f6zt\u00e1rsas\u00e1gban nyarat jelent, \u00e9s a h\u0151m\u00e9rs\u00e9klet 25\u201330 \u00b0C k\u00f6r\u00fcl mozog. A tenger h\u0171v\u00f6sebb, 20\u201322 \u00b0C k\u00f6r\u00fcli. \u00c9lvezheted Fokv\u00e1ros strandjait, megfigyelheted a vad\u00e1llatokat a Kruger Nemzeti Parkban, vagy kir\u00e1ndulhatsz az Asztal-hegyre leny\u0171g\u00f6z\u0151 kil\u00e1t\u00e1ssal a k\u00f6rnyez\u0151 t\u00e1jra.<\/p>\n\n\n\n<p class=\"wp-block-paragraph\">A term\u00e9szet szerelmeseinek ide\u00e1lis a s\u00e9ta a nemzeti parkokban, mint a Tsitsikamma vagy az Addo Elephant Park, ahol elef\u00e1ntokat \u00e9s m\u00e1s \u00e1llatokat l\u00e1thatsz a term\u00e9szetes \u00e9l\u0151hely\u00fck\u00f6n.<\/p>\n\n\n\n<h4 class=\"wp-block-heading\"><span class=\"ez-toc-section\" id=\"Del-afrikai_Koztarsasag_szallastippek\"><\/span>D\u00e9l-afrikai K\u00f6zt\u00e1rsas\u00e1g: sz\u00e1ll\u00e1stippek<span class=\"ez-toc-section-end\"><\/span><\/h4>\n\n\n\n<ul class=\"wp-block-list\">\n<li><strong>Elephants Safari Lodge<\/strong>,<\/li>\n\n\n\n<li><strong>Nandoni Waterfront Resort<\/strong>,<\/li>\n\n\n\n<li><strong>AmmaZulu African Palace<\/strong>.<\/li>\n<\/ul>\n\n\n\n<figure data-wp-context=\"{&quot;imageId&quot;:&quot;6a9afccbec354&quot;}\" data-wp-interactive=\"core\/image\" data-wp-key=\"6a9afccbec354\" class=\"wp-block-image size-full wp-lightbox-container\"><img decoding=\"async\" width=\"1200\" height=\"800\" data-wp-class--hide=\"state.isContentHidden\" data-wp-class--show=\"state.isContentVisible\" data-wp-init=\"callbacks.setButtonStyles\" data-wp-on--click=\"actions.showLightbox\" data-wp-on--load=\"callbacks.setButtonStyles\" data-wp-on--pointerdown=\"actions.preloadImage\" data-wp-on--pointerenter=\"actions.preloadImageWithDelay\" data-wp-on--pointerleave=\"actions.cancelPreload\" data-wp-on-window--resize=\"callbacks.setButtonStyles\" src=\"https:\/\/loudavymkrokem.cz\/wp-content\/uploads\/2024\/11\/JAR.jpg\" alt=\"D\u00e9l-afrikai K\u00f6zt\u00e1rsas\u00e1g\" class=\"wp-image-90796\" title=\"\" srcset=\"https:\/\/loudavymkrokem.cz\/wp-content\/uploads\/2024\/11\/JAR.jpg 1200w, https:\/\/loudavymkrokem.cz\/wp-content\/uploads\/2024\/11\/JAR-300x200.jpg 300w, https:\/\/loudavymkrokem.cz\/wp-content\/uploads\/2024\/11\/JAR-700x467.jpg 700w, https:\/\/loudavymkrokem.cz\/wp-content\/uploads\/2024\/11\/JAR-768x512.jpg 768w, https:\/\/loudavymkrokem.cz\/wp-content\/uploads\/2024\/11\/JAR-696x464.jpg 696w\" sizes=\"(max-width: 1200px) 100vw, 1200px\" \/><button\n\t\t\tclass=\"lightbox-trigger\"\n\t\t\ttype=\"button\"\n\t\t\taria-haspopup=\"dialog\"\n\t\t\tdata-wp-bind--aria-label=\"state.thisImage.triggerButtonAriaLabel\"\n\t\t\tdata-wp-init=\"callbacks.initTriggerButton\"\n\t\t\tdata-wp-on--click=\"actions.showLightbox\"\n\t\t\tdata-wp-style--right=\"state.thisImage.buttonRight\"\n\t\t\tdata-wp-style--top=\"state.thisImage.buttonTop\"\n\t\t>\n\t\t\t<svg xmlns=\"http:\/\/www.w3.org\/2000\/svg\" width=\"12\" height=\"12\" fill=\"none\" viewBox=\"0 0 12 12\">\n\t\t\t\t<path fill=\"#fff\" d=\"M2 0a2 2 0 0 0-2 2v2h1.5V2a.5.5 0 0 1 .5-.5h2V0H2Zm2 10.5H2a.5.5 0 0 1-.5-.5V8H0v2a2 2 0 0 0 2 2h2v-1.5ZM8 12v-1.5h2a.5.5 0 0 0 .5-.5V8H12v2a2 2 0 0 1-2 2H8Zm2-12a2 2 0 0 1 2 2v2h-1.5V2a.5.5 0 0 0-.5-.5H8V0h2Z\" \/>\n\t\t\t<\/svg>\n\t\t<\/button><figcaption class=\"wp-element-caption\">D\u00e9l-afrikai K\u00f6zt\u00e1rsas\u00e1g<\/figcaption><\/figure>\n\n\n\n<h2 class=\"wp-block-heading\" id=\"Kam_v_lednu_do_tropu_destinace_kde_je_vrchol_sezony\"><span class=\"ez-toc-section\" id=\"Hova_utazz_januarban_a_tropusokra_uti_celok_ahol_csucsszezon_van\"><\/span>Hova utazz janu\u00e1rban a tr\u00f3pusokra: \u00fati c\u00e9lok, ahol cs\u00facsszezon van<span class=\"ez-toc-section-end\"><\/span><\/h2>\n\n\n\n<p class=\"wp-block-paragraph\">Ha a kar\u00e1csonyi \u00fcnnepek ut\u00e1n szeretn\u00e9l felmelegedni, <strong>a tr\u00f3pusi \u00fati c\u00e9lok janu\u00e1rban a legjobb v\u00e1laszt\u00e1s<\/strong>, mert a legt\u00f6bbj\u00fckben ilyenkor van az eg\u00e9sz \u00e9v legkellemesebb id\u0151szaka. Az \u00e9v eleje \u00e1ltal\u00e1ban sz\u00e1raz \u00e9vszakot jelent minim\u00e1lis csapad\u00e9kkal, teh\u00e1t naps\u00fct\u00e9ses napokra \u00e9s teljes nyugalomra sz\u00e1m\u00edthatsz a h\u00f3feh\u00e9r strandokon.<\/p>\n\n\n\n<p class=\"wp-block-paragraph\">Ebben a h\u00f3napban tal\u00e1n a legnagyobb cs\u00e1b\u00edt\u00e1s a felmelegedett \u00f3ce\u00e1n, hiszen <strong>a v\u00edz h\u0151m\u00e9rs\u00e9klete stabilan meghaladja a 28 \u00b0C-ot<\/strong>, ami egyszer\u0171en ide\u00e1lis m\u00e9g a legf\u00e1z\u00f3sabbaknak is. Az eur\u00f3pai t\u00e9l idej\u00e9n \u00edgy t\u00f6k\u00e9letes menek\u00fcl\u00e9st kapsz a melegbe, ahol elhaj\u00edthatod a gondokat, \u00e9s teljesen \u00e9lvezheted a k\u00f3kuszdi\u00f3t a p\u00e1lm\u00e1k alatt.<\/p>\n\n\n\n<h3 class=\"wp-block-heading\" id=\"Maledivy\"><span class=\"ez-toc-section\" id=\"Maldiv-szigetek\"><\/span>Mald\u00edv-szigetek<span class=\"ez-toc-section-end\"><\/span><\/h3>\n\n\n\n<p class=\"wp-block-paragraph\">Janu\u00e1rban ezek a mesebeli szigetek <strong>\u00e9pp a sz\u00e1raz \u00e9vszak k\u00f6zep\u00e9n<\/strong> j\u00e1rnak, ami abszol\u00fat paradicsomm\u00e1 teszi \u0151ket a v\u00e9gtelen f\u00fcrd\u0151z\u00e9s \u00e9s snorkelez\u00e9s minden szerelmes\u00e9nek. Az id\u0151j\u00e1r\u00e1s itt katal\u00f3gusb\u00f3l val\u00f3, mert nappal 27,8 \u00b0C k\u00f6r\u00fcl maradnak a h\u0151m\u00e9rs\u00e9kletek, \u00e9jszaka pedig csak a nagyon kellemes 26,5 \u00b0C-ig s\u00fcllyednek. A tenger hihetetlen 28,5 \u00b0C-kal b\u00fcszk\u00e9lkedik, a nap pedig majdnem 11 \u00f3r\u00e1t s\u00fct naponta, mik\u00f6zben az es\u0151s napokb\u00f3l t\u00edz k\u00f6r\u00fcl van, \u00e9s ink\u00e1bb gyors tr\u00f3pusi z\u00e1porokr\u00f3l van sz\u00f3.<\/p>\n\n\n\n<figure data-wp-context=\"{&quot;imageId&quot;:&quot;6a9afccbec7eb&quot;}\" data-wp-interactive=\"core\/image\" data-wp-key=\"6a9afccbec7eb\" class=\"wp-block-image size-full wp-lightbox-container\"><img decoding=\"async\" width=\"1500\" height=\"844\" data-wp-class--hide=\"state.isContentHidden\" data-wp-class--show=\"state.isContentVisible\" data-wp-init=\"callbacks.setButtonStyles\" data-wp-on--click=\"actions.showLightbox\" data-wp-on--load=\"callbacks.setButtonStyles\" data-wp-on--pointerdown=\"actions.preloadImage\" data-wp-on--pointerenter=\"actions.preloadImageWithDelay\" data-wp-on--pointerleave=\"actions.cancelPreload\" data-wp-on-window--resize=\"callbacks.setButtonStyles\" src=\"https:\/\/loudavymkrokem.cz\/wp-content\/uploads\/2026\/08\/kam-na-dovolenou-v-listopadu-n09.jpg\" alt=\"Mald\u00edv-szigetek\" class=\"wp-image-400687\" title=\"\" srcset=\"https:\/\/loudavymkrokem.cz\/wp-content\/uploads\/2026\/08\/kam-na-dovolenou-v-listopadu-n09.jpg 1500w, https:\/\/loudavymkrokem.cz\/wp-content\/uploads\/2026\/08\/kam-na-dovolenou-v-listopadu-n09-300x169.jpg 300w, https:\/\/loudavymkrokem.cz\/wp-content\/uploads\/2026\/08\/kam-na-dovolenou-v-listopadu-n09-700x394.jpg 700w, https:\/\/loudavymkrokem.cz\/wp-content\/uploads\/2026\/08\/kam-na-dovolenou-v-listopadu-n09-768x432.jpg 768w, https:\/\/loudavymkrokem.cz\/wp-content\/uploads\/2026\/08\/kam-na-dovolenou-v-listopadu-n09-696x392.jpg 696w, https:\/\/loudavymkrokem.cz\/wp-content\/uploads\/2026\/08\/kam-na-dovolenou-v-listopadu-n09-1392x783.jpg 1392w\" sizes=\"(max-width: 1500px) 100vw, 1500px\" \/><button\n\t\t\tclass=\"lightbox-trigger\"\n\t\t\ttype=\"button\"\n\t\t\taria-haspopup=\"dialog\"\n\t\t\tdata-wp-bind--aria-label=\"state.thisImage.triggerButtonAriaLabel\"\n\t\t\tdata-wp-init=\"callbacks.initTriggerButton\"\n\t\t\tdata-wp-on--click=\"actions.showLightbox\"\n\t\t\tdata-wp-style--right=\"state.thisImage.buttonRight\"\n\t\t\tdata-wp-style--top=\"state.thisImage.buttonTop\"\n\t\t>\n\t\t\t<svg xmlns=\"http:\/\/www.w3.org\/2000\/svg\" width=\"12\" height=\"12\" fill=\"none\" viewBox=\"0 0 12 12\">\n\t\t\t\t<path fill=\"#fff\" d=\"M2 0a2 2 0 0 0-2 2v2h1.5V2a.5.5 0 0 1 .5-.5h2V0H2Zm2 10.5H2a.5.5 0 0 1-.5-.5V8H0v2a2 2 0 0 0 2 2h2v-1.5ZM8 12v-1.5h2a.5.5 0 0 0 .5-.5V8H12v2a2 2 0 0 1-2 2H8Zm2-12a2 2 0 0 1 2 2v2h-1.5V2a.5.5 0 0 0-.5-.5H8V0h2Z\" \/>\n\t\t\t<\/svg>\n\t\t<\/button><figcaption class=\"wp-element-caption\">Mald\u00edv-szigetek (Fot\u00f3: Martin Falbisoner \/ Wikimedia Commons, CC BY-SA 4.0)<\/figcaption><\/figure>\n\n\n\n<p class=\"wp-block-paragraph\">Az utaz\u00f3k a teljesen \u00e1tl\u00e1tsz\u00f3 vizet dics\u00e9rik, de \u0151szint\u00e9n figyelmeztetlek, hogy <strong>\u00e9pp az \u00e9v eleje a legdr\u00e1g\u00e1bb szezon<\/strong>, teh\u00e1t ez\u00e9rt a paradicsomdarab\u00e9rt r\u00e1 kell fizetned. Ha bizonytalan vagy az id\u0151pontban, mindenk\u00e9pp n\u00e9zd meg a r\u00e9szletesebb inform\u00e1ci\u00f3kat arr\u00f3l, <a href=\"https:\/\/loudavymkrokem.cz\/hu\/maldiv-szigetek-idojarasa\/\">mikor menj a Mald\u00edv-szigetekre<\/a>, \u00e9s fedezd fel egyb\u0151l azt is, <a href=\"https:\/\/loudavymkrokem.cz\/hu\/hol-szallj-meg-maldiv-szigetek\/\">hol lakj a Mald\u00edv-szigeteken<\/a>. A helyi konyha rengeteg remek veget\u00e1ri\u00e1nus curryt k\u00edn\u00e1l, amely a v\u00edzben t\u00f6lt\u00f6tt nap ut\u00e1n csod\u00e1san felmeleg\u00edt. <strong>\ud83d\udca1 Sz\u00e1ll\u00e1stipp:<\/strong> <a href=\"https:\/\/www.stay22.com\/allez\/roam?aid=lukaskonecny&#038;campaign=loudavymkrokemcz&#038;campaign=kam-na-dovolenou-v-lednu&#038;hotelname=Kuramathi%20Maldives&#038;address=Rasdhoo%2C%20Maledivy\" target=\"_blank\" rel=\"noopener nofollow sponsored\">Kuramathi Maldives<\/a> a Mald\u00edv-szigeteken<\/p>\n\n\n\n<h3 class=\"wp-block-heading\" id=\"Zanzibar\"><span class=\"ez-toc-section\" id=\"Zanzibar\"><\/span>Zanzib\u00e1r<span class=\"ez-toc-section-end\"><\/span><\/h3>\n\n\n\n<p class=\"wp-block-paragraph\">Ez az afrikai sziget hihetetlen\u00fcl nyugodt hangulattal \u00e9s <strong>tipikus t\u00fcrkiz, finom homokos strandokkal<\/strong> cs\u00e1b\u00edt, amelyek janu\u00e1rban \u00e9lik abszol\u00fat cs\u00facsukat. A h\u0151m\u00e9rs\u00e9klet itt rendszeresen 31,4 \u00b0C-ig k\u00faszik fel nappal, este pedig gy\u00f6ny\u00f6r\u0171 25,9 \u00b0C-ot \u00e9lvezhetsz, m\u00edg az Indiai-\u00f3ce\u00e1n vize el\u00e9ri a tekint\u00e9lyes 29,4 \u00b0C-ot. Sz\u00e1m\u00edthatsz t\u00f6bb mint 11 \u00f3ra naps\u00fct\u00e9sre naponta, \u00e9s csapad\u00e9k \u00e1tlagosan csak tizenk\u00e9t napon jelenik meg.<\/p>\n\n\n\n<figure data-wp-context=\"{&quot;imageId&quot;:&quot;6a9afccbece87&quot;}\" data-wp-interactive=\"core\/image\" data-wp-key=\"6a9afccbece87\" class=\"wp-block-image size-full wp-lightbox-container\"><img decoding=\"async\" width=\"1500\" height=\"1125\" data-wp-class--hide=\"state.isContentHidden\" data-wp-class--show=\"state.isContentVisible\" data-wp-init=\"callbacks.setButtonStyles\" data-wp-on--click=\"actions.showLightbox\" data-wp-on--load=\"callbacks.setButtonStyles\" data-wp-on--pointerdown=\"actions.preloadImage\" data-wp-on--pointerenter=\"actions.preloadImageWithDelay\" data-wp-on--pointerleave=\"actions.cancelPreload\" data-wp-on-window--resize=\"callbacks.setButtonStyles\" src=\"https:\/\/loudavymkrokem.cz\/wp-content\/uploads\/2026\/08\/kam-na-dovolenou-v-rijnu-m17.jpg\" alt=\"Strand Zanzib\u00e1ron\" class=\"wp-image-400489\" title=\"\" srcset=\"https:\/\/loudavymkrokem.cz\/wp-content\/uploads\/2026\/08\/kam-na-dovolenou-v-rijnu-m17.jpg 1500w, https:\/\/loudavymkrokem.cz\/wp-content\/uploads\/2026\/08\/kam-na-dovolenou-v-rijnu-m17-300x225.jpg 300w, https:\/\/loudavymkrokem.cz\/wp-content\/uploads\/2026\/08\/kam-na-dovolenou-v-rijnu-m17-700x525.jpg 700w, https:\/\/loudavymkrokem.cz\/wp-content\/uploads\/2026\/08\/kam-na-dovolenou-v-rijnu-m17-768x576.jpg 768w, https:\/\/loudavymkrokem.cz\/wp-content\/uploads\/2026\/08\/kam-na-dovolenou-v-rijnu-m17-80x60.jpg 80w, https:\/\/loudavymkrokem.cz\/wp-content\/uploads\/2026\/08\/kam-na-dovolenou-v-rijnu-m17-160x120.jpg 160w, https:\/\/loudavymkrokem.cz\/wp-content\/uploads\/2026\/08\/kam-na-dovolenou-v-rijnu-m17-696x522.jpg 696w, https:\/\/loudavymkrokem.cz\/wp-content\/uploads\/2026\/08\/kam-na-dovolenou-v-rijnu-m17-1392x1044.jpg 1392w\" sizes=\"(max-width: 1500px) 100vw, 1500px\" \/><button\n\t\t\tclass=\"lightbox-trigger\"\n\t\t\ttype=\"button\"\n\t\t\taria-haspopup=\"dialog\"\n\t\t\tdata-wp-bind--aria-label=\"state.thisImage.triggerButtonAriaLabel\"\n\t\t\tdata-wp-init=\"callbacks.initTriggerButton\"\n\t\t\tdata-wp-on--click=\"actions.showLightbox\"\n\t\t\tdata-wp-style--right=\"state.thisImage.buttonRight\"\n\t\t\tdata-wp-style--top=\"state.thisImage.buttonTop\"\n\t\t>\n\t\t\t<svg xmlns=\"http:\/\/www.w3.org\/2000\/svg\" width=\"12\" height=\"12\" fill=\"none\" viewBox=\"0 0 12 12\">\n\t\t\t\t<path fill=\"#fff\" d=\"M2 0a2 2 0 0 0-2 2v2h1.5V2a.5.5 0 0 1 .5-.5h2V0H2Zm2 10.5H2a.5.5 0 0 1-.5-.5V8H0v2a2 2 0 0 0 2 2h2v-1.5ZM8 12v-1.5h2a.5.5 0 0 0 .5-.5V8H12v2a2 2 0 0 1-2 2H8Zm2-12a2 2 0 0 1 2 2v2h-1.5V2a.5.5 0 0 0-.5-.5H8V0h2Z\" \/>\n\t\t\t<\/svg>\n\t\t<\/button><figcaption class=\"wp-element-caption\">Strand Zanzib\u00e1ron (Fot\u00f3: ObonyoML \/ Wikimedia Commons, CC BY-SA 4.0)<\/figcaption><\/figure>\n\n\n\n<p class=\"wp-block-paragraph\">Azt mondj\u00e1k, a helyi f\u0171szerpiacok teljesen illatos \u00e9lm\u00e9nyt jelentenek, amit v\u00e9tek lenne kihagyni, ahogy a friss tr\u00f3pusi gy\u00fcm\u00f6lcs\u00f6k megk\u00f3stol\u00e1s\u00e1t is. Aj\u00e1nlom, hogy indul\u00e1s el\u0151tt olvasd el \u00e1tfog\u00f3 cikk\u00fcnket arr\u00f3l, hogyan zajlik a <a href=\"https:\/\/loudavymkrokem.cz\/hu\/zanzibar-utazas-tippek\/\">nyaral\u00e1s Zanzib\u00e1ron<\/a>, hogy ne lepjen meg a jelent\u0151s ap\u00e1ly, ami miatt a tenger n\u00e9h\u00e1ny strandon d\u00e9lut\u00e1n messze visszah\u00faz\u00f3dik a partt\u00f3l. <strong>\ud83d\udca1 Sz\u00e1ll\u00e1stipp:<\/strong> <a href=\"https:\/\/www.stay22.com\/allez\/roam?aid=lukaskonecny&#038;campaign=loudavymkrokemcz&#038;campaign=kam-na-dovolenou-v-lednu&#038;hotelname=Zuri%20Zanzibar&#038;address=Kendwa%2C%20Zanzibar\" target=\"_blank\" rel=\"noopener nofollow sponsored\">Zuri Zanzibar<\/a> Zanzib\u00e1ron<\/p>\n\n\n\n<h3 class=\"wp-block-heading\" id=\"Mauricius\"><span class=\"ez-toc-section\" id=\"Mauritius\"><\/span>Mauritius<span class=\"ez-toc-section-end\"><\/span><\/h3>\n\n\n\n<p class=\"wp-block-paragraph\">Sok m\u00e1s tr\u00f3pusi paradicsommal ellent\u00e9tben Mauritius a d\u00e9li f\u00e9ltek\u00e9n fekszik, teh\u00e1t <strong>janu\u00e1rban itt a ny\u00e1r cs\u00facsa van<\/strong>, ami val\u00f3ban saj\u00e1tos felt\u00e9teleket hoz mag\u00e1val az utaz\u00e1shoz. Nappal ugyan gy\u00f6ny\u00f6r\u0171 29,5 \u00b0C-ot m\u00e9rsz, \u00e9jszaka pedig kellemes 24,7 \u00b0C-ot, de nagyon magas p\u00e1ratartalommal \u00e9s alkalmi es\u0151kkel kell sz\u00e1molnod, amelyek a h\u00f3napban ak\u00e1r 23 napon is megjelenhetnek.<\/p>\n\n\n\n<figure data-wp-context=\"{&quot;imageId&quot;:&quot;6a9afccbed29e&quot;}\" data-wp-interactive=\"core\/image\" data-wp-key=\"6a9afccbed29e\" class=\"wp-block-image size-full wp-lightbox-container\"><img decoding=\"async\" width=\"1500\" height=\"1125\" data-wp-class--hide=\"state.isContentHidden\" data-wp-class--show=\"state.isContentVisible\" data-wp-init=\"callbacks.setButtonStyles\" data-wp-on--click=\"actions.showLightbox\" data-wp-on--load=\"callbacks.setButtonStyles\" data-wp-on--pointerdown=\"actions.preloadImage\" data-wp-on--pointerenter=\"actions.preloadImageWithDelay\" data-wp-on--pointerleave=\"actions.cancelPreload\" data-wp-on-window--resize=\"callbacks.setButtonStyles\" src=\"https:\/\/loudavymkrokem.cz\/wp-content\/uploads\/2026\/08\/kam-na-dovolenou-v-listopadu-n14.jpg\" alt=\"Mauritius\" class=\"wp-image-400704\" title=\"\" srcset=\"https:\/\/loudavymkrokem.cz\/wp-content\/uploads\/2026\/08\/kam-na-dovolenou-v-listopadu-n14.jpg 1500w, https:\/\/loudavymkrokem.cz\/wp-content\/uploads\/2026\/08\/kam-na-dovolenou-v-listopadu-n14-300x225.jpg 300w, https:\/\/loudavymkrokem.cz\/wp-content\/uploads\/2026\/08\/kam-na-dovolenou-v-listopadu-n14-700x525.jpg 700w, https:\/\/loudavymkrokem.cz\/wp-content\/uploads\/2026\/08\/kam-na-dovolenou-v-listopadu-n14-768x576.jpg 768w, https:\/\/loudavymkrokem.cz\/wp-content\/uploads\/2026\/08\/kam-na-dovolenou-v-listopadu-n14-80x60.jpg 80w, https:\/\/loudavymkrokem.cz\/wp-content\/uploads\/2026\/08\/kam-na-dovolenou-v-listopadu-n14-160x120.jpg 160w, https:\/\/loudavymkrokem.cz\/wp-content\/uploads\/2026\/08\/kam-na-dovolenou-v-listopadu-n14-696x522.jpg 696w, https:\/\/loudavymkrokem.cz\/wp-content\/uploads\/2026\/08\/kam-na-dovolenou-v-listopadu-n14-1392x1044.jpg 1392w\" sizes=\"(max-width: 1500px) 100vw, 1500px\" \/><button\n\t\t\tclass=\"lightbox-trigger\"\n\t\t\ttype=\"button\"\n\t\t\taria-haspopup=\"dialog\"\n\t\t\tdata-wp-bind--aria-label=\"state.thisImage.triggerButtonAriaLabel\"\n\t\t\tdata-wp-init=\"callbacks.initTriggerButton\"\n\t\t\tdata-wp-on--click=\"actions.showLightbox\"\n\t\t\tdata-wp-style--right=\"state.thisImage.buttonRight\"\n\t\t\tdata-wp-style--top=\"state.thisImage.buttonTop\"\n\t\t>\n\t\t\t<svg xmlns=\"http:\/\/www.w3.org\/2000\/svg\" width=\"12\" height=\"12\" fill=\"none\" viewBox=\"0 0 12 12\">\n\t\t\t\t<path fill=\"#fff\" d=\"M2 0a2 2 0 0 0-2 2v2h1.5V2a.5.5 0 0 1 .5-.5h2V0H2Zm2 10.5H2a.5.5 0 0 1-.5-.5V8H0v2a2 2 0 0 0 2 2h2v-1.5ZM8 12v-1.5h2a.5.5 0 0 0 .5-.5V8H12v2a2 2 0 0 1-2 2H8Zm2-12a2 2 0 0 1 2 2v2h-1.5V2a.5.5 0 0 0-.5-.5H8V0h2Z\" \/>\n\t\t\t<\/svg>\n\t\t<\/button><figcaption class=\"wp-element-caption\">Mauritius (Fot\u00f3: Sarvesh Lutchmun \/ Wikimedia Commons, CC BY-SA 4.0)<\/figcaption><\/figure>\n\n\n\n<p class=\"wp-block-paragraph\">B\u00e1r a tenger h\u0151m\u00e9rs\u00e9klete el\u00e9ri a mes\u00e9s 28,1 \u00b0C-ot, \u00e9s a nap nagyj\u00e1b\u00f3l 11 \u00f3r\u00e1t s\u00fct naponta, \u0151szint\u00e9n felh\u00edvom a figyelmed, hogy <strong>a janu\u00e1r \u00e9pp a ciklonszezonba esik<\/strong>, ami kicsit megbonyol\u00edthatja a terveidet. Ha ez az \u00fati c\u00e9l \u00edgy is vonz, mindenk\u00e9pp tanulm\u00e1nyozd \u00e1t az \u00f6sszes el\u00e9rhet\u0151 inform\u00e1ci\u00f3t a <a href=\"https:\/\/loudavymkrokem.cz\/hu\/mauritius-utazas-latnivalok\/\">Mauritius<\/a> sziget\u00e9n val\u00f3 tart\u00f3zkod\u00e1shoz, hogy fel tudj k\u00e9sz\u00fclni a helyi tr\u00f3pusi id\u0151j\u00e1r\u00e1s szesz\u00e9lyeire.<\/p>\n\n\n\n<h3 class=\"wp-block-heading\" id=\"Sri_Lanka_jihozapad_v_nejlepsi_forme\"><span class=\"ez-toc-section\" id=\"Sri_Lanka_a_delnyugat_a_legjobb_formajaban\"><\/span>Sr\u00ed Lanka: a d\u00e9lnyugat a legjobb form\u00e1j\u00e1ban<span class=\"ez-toc-section-end\"><\/span><\/h3>\n\n\n\n<p class=\"wp-block-paragraph\">Ezen a soksz\u00edn\u0171 szigeten az id\u0151j\u00e1r\u00e1s gyakran zavarba ejt\u0151, de egyszer\u0171 szab\u00e1ly \u00e9rv\u00e9nyes: <strong>janu\u00e1rban t\u00f6k\u00e9letesen m\u0171k\u00f6dik az eg\u00e9sz d\u00e9lnyugat<\/strong>, ahov\u00e1 olyan n\u00e9pszer\u0171 ter\u00fcletek tartoznak, mint Galle, Mirissa vagy Unawatuna. M\u00edg a sziget \u00e9szaki \u00e9s keleti r\u00e9sz\u00e9t ebben az id\u0151szakban intenz\u00edv monszunok \u00e1ztatj\u00e1k \u2013 p\u00e9ld\u00e1ul Trincomale\u00e9ben nagyj\u00e1b\u00f3l 15 napon sz\u00e1m\u00edthatsz csapad\u00e9kra \u2013, a d\u00e9lnyugati parton k\u00e9k eget \u00e9s nyugodt tengert tal\u00e1lsz.<\/p>\n\n\n\n<figure data-wp-context=\"{&quot;imageId&quot;:&quot;6a9afccbed6db&quot;}\" data-wp-interactive=\"core\/image\" data-wp-key=\"6a9afccbed6db\" class=\"wp-block-image size-full wp-lightbox-container\"><img decoding=\"async\" width=\"1500\" height=\"1200\" data-wp-class--hide=\"state.isContentHidden\" data-wp-class--show=\"state.isContentVisible\" data-wp-init=\"callbacks.setButtonStyles\" data-wp-on--click=\"actions.showLightbox\" data-wp-on--load=\"callbacks.setButtonStyles\" data-wp-on--pointerdown=\"actions.preloadImage\" data-wp-on--pointerenter=\"actions.preloadImageWithDelay\" data-wp-on--pointerleave=\"actions.cancelPreload\" data-wp-on-window--resize=\"callbacks.setButtonStyles\" src=\"https:\/\/loudavymkrokem.cz\/wp-content\/uploads\/2026\/08\/kam-na-dovolenou-v-rijnu-m19.jpg\" alt=\"A galle-i er\u0151d Sr\u00ed Lank\u00e1n\" class=\"wp-image-400497\" title=\"\" srcset=\"https:\/\/loudavymkrokem.cz\/wp-content\/uploads\/2026\/08\/kam-na-dovolenou-v-rijnu-m19.jpg 1500w, https:\/\/loudavymkrokem.cz\/wp-content\/uploads\/2026\/08\/kam-na-dovolenou-v-rijnu-m19-300x240.jpg 300w, https:\/\/loudavymkrokem.cz\/wp-content\/uploads\/2026\/08\/kam-na-dovolenou-v-rijnu-m19-700x560.jpg 700w, https:\/\/loudavymkrokem.cz\/wp-content\/uploads\/2026\/08\/kam-na-dovolenou-v-rijnu-m19-768x614.jpg 768w, https:\/\/loudavymkrokem.cz\/wp-content\/uploads\/2026\/08\/kam-na-dovolenou-v-rijnu-m19-696x557.jpg 696w, https:\/\/loudavymkrokem.cz\/wp-content\/uploads\/2026\/08\/kam-na-dovolenou-v-rijnu-m19-1392x1114.jpg 1392w\" sizes=\"(max-width: 1500px) 100vw, 1500px\" \/><button\n\t\t\tclass=\"lightbox-trigger\"\n\t\t\ttype=\"button\"\n\t\t\taria-haspopup=\"dialog\"\n\t\t\tdata-wp-bind--aria-label=\"state.thisImage.triggerButtonAriaLabel\"\n\t\t\tdata-wp-init=\"callbacks.initTriggerButton\"\n\t\t\tdata-wp-on--click=\"actions.showLightbox\"\n\t\t\tdata-wp-style--right=\"state.thisImage.buttonRight\"\n\t\t\tdata-wp-style--top=\"state.thisImage.buttonTop\"\n\t\t>\n\t\t\t<svg xmlns=\"http:\/\/www.w3.org\/2000\/svg\" width=\"12\" height=\"12\" fill=\"none\" viewBox=\"0 0 12 12\">\n\t\t\t\t<path fill=\"#fff\" d=\"M2 0a2 2 0 0 0-2 2v2h1.5V2a.5.5 0 0 1 .5-.5h2V0H2Zm2 10.5H2a.5.5 0 0 1-.5-.5V8H0v2a2 2 0 0 0 2 2h2v-1.5ZM8 12v-1.5h2a.5.5 0 0 0 .5-.5V8H12v2a2 2 0 0 1-2 2H8Zm2-12a2 2 0 0 1 2 2v2h-1.5V2a.5.5 0 0 0-.5-.5H8V0h2Z\" \/>\n\t\t\t<\/svg>\n\t\t<\/button><figcaption class=\"wp-element-caption\">A galle-i er\u0151d Sr\u00ed Lank\u00e1n (Fot\u00f3: A.Savin \/ Wikimedia Commons, FAL)<\/figcaption><\/figure>\n\n\n\n<p class=\"wp-block-paragraph\">A keleti Trincomalee statisztik\u00e1i nappal 27,7 \u00b0C, \u00e9jszaka 24,0 \u00b0C k\u00f6r\u00fcli h\u0151m\u00e9rs\u00e9kletet mutatnak, a tenger 27,3 \u00b0C-ra felmelegedve \u00e9s kevesebb mint 10 \u00f3ra naps\u00fct\u00e9ssel, de a janu\u00e1ri nyaral\u00e1shoz mindenk\u00e9pp a sziget ellenkez\u0151 oldal\u00e1ra indulj. \u00c9pp d\u00e9len <strong>tet\u0151zik ugyanis a csod\u00e1s b\u00e1lnalesszezon<\/strong>, ami sok utaz\u00f3 szerint teljesen rendk\u00edv\u00fcli l\u00e1tv\u00e1ny. A r\u00e9szletes tervez\u00e9shez aj\u00e1nlom, hogy n\u00e9zd meg a <a href=\"https:\/\/loudavymkrokem.cz\/hu\/sri-lanka-latnivalok\/\">Sr\u00ed Lanka<\/a> \u00fati c\u00e9lhoz k\u00e9sz\u00fclt \u00fatmutat\u00f3nkat, ahol rengeteg gyakorlati inf\u00f3t tal\u00e1lsz.<\/p>\n\n\n\n<h3 class=\"wp-block-heading\" id=\"Kapverdy\"><span class=\"ez-toc-section\" id=\"Zold-foki-szigetek\"><\/span>Z\u00f6ld-foki-szigetek<span class=\"ez-toc-section-end\"><\/span><\/h3>\n\n\n\n<p class=\"wp-block-paragraph\">Ha olyan egzotikumot keresel, ami nincs a bolyg\u00f3 t\u00faloldal\u00e1n, m\u00e9gis stabil, naps\u00fct\u00e9ses id\u0151j\u00e1r\u00e1st k\u00edn\u00e1l, a <strong>Nyugat-Afrika partjain\u00e1l fekv\u0151 szigetorsz\u00e1g<\/strong> nagyon \u00e9rdekes alternat\u00edva. P\u00e9ld\u00e1ul a Sal szigeten nappal nagyon kellemes 24,7 \u00b0C-ot m\u00e9rsz, a tenger pedig gy\u00f6ny\u00f6r\u0171 23,5 \u00b0C-os, m\u00edg a szomsz\u00e9dos Boa Vista m\u00e9g egy kicsit melegebb, 26,5 \u00b0C-os nappali h\u0151m\u00e9rs\u00e9klettel \u00e9s 24,0 \u00b0C-ra felmelegedett v\u00edzzel.<\/p>\n\n\n\n<figure data-wp-context=\"{&quot;imageId&quot;:&quot;6a9afccbedb28&quot;}\" data-wp-interactive=\"core\/image\" data-wp-key=\"6a9afccbedb28\" class=\"wp-block-image size-full wp-lightbox-container\"><img decoding=\"async\" width=\"1500\" height=\"826\" data-wp-class--hide=\"state.isContentHidden\" data-wp-class--show=\"state.isContentVisible\" data-wp-init=\"callbacks.setButtonStyles\" data-wp-on--click=\"actions.showLightbox\" data-wp-on--load=\"callbacks.setButtonStyles\" data-wp-on--pointerdown=\"actions.preloadImage\" data-wp-on--pointerenter=\"actions.preloadImageWithDelay\" data-wp-on--pointerleave=\"actions.cancelPreload\" data-wp-on-window--resize=\"callbacks.setButtonStyles\" src=\"https:\/\/loudavymkrokem.cz\/wp-content\/uploads\/2026\/08\/kam-na-dovolenou-v-rijnu-m14.jpg\" alt=\"A Z\u00f6ld-foki-szigetek strandjai\" class=\"wp-image-400477\" title=\"\" srcset=\"https:\/\/loudavymkrokem.cz\/wp-content\/uploads\/2026\/08\/kam-na-dovolenou-v-rijnu-m14.jpg 1500w, https:\/\/loudavymkrokem.cz\/wp-content\/uploads\/2026\/08\/kam-na-dovolenou-v-rijnu-m14-300x165.jpg 300w, https:\/\/loudavymkrokem.cz\/wp-content\/uploads\/2026\/08\/kam-na-dovolenou-v-rijnu-m14-700x385.jpg 700w, https:\/\/loudavymkrokem.cz\/wp-content\/uploads\/2026\/08\/kam-na-dovolenou-v-rijnu-m14-768x423.jpg 768w, https:\/\/loudavymkrokem.cz\/wp-content\/uploads\/2026\/08\/kam-na-dovolenou-v-rijnu-m14-696x383.jpg 696w, https:\/\/loudavymkrokem.cz\/wp-content\/uploads\/2026\/08\/kam-na-dovolenou-v-rijnu-m14-1392x767.jpg 1392w\" sizes=\"(max-width: 1500px) 100vw, 1500px\" \/><button\n\t\t\tclass=\"lightbox-trigger\"\n\t\t\ttype=\"button\"\n\t\t\taria-haspopup=\"dialog\"\n\t\t\tdata-wp-bind--aria-label=\"state.thisImage.triggerButtonAriaLabel\"\n\t\t\tdata-wp-init=\"callbacks.initTriggerButton\"\n\t\t\tdata-wp-on--click=\"actions.showLightbox\"\n\t\t\tdata-wp-style--right=\"state.thisImage.buttonRight\"\n\t\t\tdata-wp-style--top=\"state.thisImage.buttonTop\"\n\t\t>\n\t\t\t<svg xmlns=\"http:\/\/www.w3.org\/2000\/svg\" width=\"12\" height=\"12\" fill=\"none\" viewBox=\"0 0 12 12\">\n\t\t\t\t<path fill=\"#fff\" d=\"M2 0a2 2 0 0 0-2 2v2h1.5V2a.5.5 0 0 1 .5-.5h2V0H2Zm2 10.5H2a.5.5 0 0 1-.5-.5V8H0v2a2 2 0 0 0 2 2h2v-1.5ZM8 12v-1.5h2a.5.5 0 0 0 .5-.5V8H12v2a2 2 0 0 1-2 2H8Zm2-12a2 2 0 0 1 2 2v2h-1.5V2a.5.5 0 0 0-.5-.5H8V0h2Z\" \/>\n\t\t\t<\/svg>\n\t\t<\/button><figcaption class=\"wp-element-caption\">A Z\u00f6ld-foki-szigetek strandjai (Fot\u00f3: Cayambe \/ Wikimedia Commons, CC BY-SA 3.0)<\/figcaption><\/figure>\n\n\n\n<p class=\"wp-block-paragraph\">Hihetetlen el\u0151ny az es\u0151 szinte teljes hi\u00e1nya, mert \u00e1tlagosan kevesebb mint egy napon esik a h\u00f3napban, a naps\u00fct\u00e9st pedig majdnem 10 \u00f3r\u00e1t \u00e9lvezheted naponta. A v\u00e9lem\u00e9nyek szerint <strong>t\u00f6k\u00e9letes hely a nyugodt pihen\u00e9shez a medence mellett<\/strong>, teh\u00e1t mindenk\u00e9pp olvasd \u00e1t \u00e1tfog\u00f3 cikk\u00fcnket a <a href=\"https:\/\/loudavymkrokem.cz\/hu\/zold-foki-szigetek-nyaralas\/\">Z\u00f6ld-foki-szigetekr\u0151l<\/a>, ahol t\u00f6bbet megtudsz a helyi szeles felt\u00e9telekr\u0151l, amelyeket a sz\u00f6rf\u00f6s\u00f6k \u00e9s kiteboardosok im\u00e1dnak. <strong>\ud83d\udca1 Sz\u00e1ll\u00e1stipp:<\/strong> <a href=\"https:\/\/www.stay22.com\/allez\/roam?aid=lukaskonecny&#038;campaign=loudavymkrokemcz&#038;campaign=kam-na-dovolenou-v-lednu&#038;hotelname=Hotel%20Riu%20Palace%20Boavista&#038;address=Boa%20Vista%2C%20Kapverdy\" target=\"_blank\" rel=\"noopener nofollow sponsored\">Hotel Riu Palace Boavista<\/a> a Z\u00f6ld-foki-szigeteken<\/p>\n\n\n\n<h3 class=\"wp-block-heading\" id=\"Mexiko_a_Karibik\"><span class=\"ez-toc-section\" id=\"Mexiko_es_a_Karib-terseg\"><\/span>Mexik\u00f3 \u00e9s a Karib-t\u00e9rs\u00e9g<span class=\"ez-toc-section-end\"><\/span><\/h3>\n\n\n\n<p class=\"wp-block-paragraph\">A k\u00e9s\u0151 \u0151sz ezen a vid\u00e9ken hagyom\u00e1nyosan lez\u00e1rja a kisz\u00e1m\u00edthatatlan hurrik\u00e1nszezont, \u00e9s <strong>az \u00e9v eleje kaput nyit a teljes t\u00f6k\u00e9letess\u00e9g fel\u00e9<\/strong>, ami az eg\u00e9sz vil\u00e1gr\u00f3l vonzza az utaz\u00f3kat. A kedvelt Canc\u00fan janu\u00e1rban 26,1 \u00b0C nappali \u00e9s 21,8 \u00b0C \u00e9jszakai h\u0151m\u00e9rs\u00e9kletet jelent, a Karib-tenger pedig hihetetlen 26,9 \u00b0C-ra felmelegedve, ami teljesen idilli f\u00fcrd\u0151z\u00e9st \u00e9s t\u00f6bb mint 9 \u00f3ra naps\u00fct\u00e9st \u00edg\u00e9r naponta. Csapad\u00e9k ugyan nagyj\u00e1b\u00f3l 14 napon jelenhet meg, de t\u00f6bbnyire csak r\u00f6vid \u00e9s felfriss\u00edt\u0151 z\u00e1porokr\u00f3l van sz\u00f3.<\/p>\n\n\n\n<figure data-wp-context=\"{&quot;imageId&quot;:&quot;6a9afccbee112&quot;}\" data-wp-interactive=\"core\/image\" data-wp-key=\"6a9afccbee112\" class=\"wp-block-image size-full wp-lightbox-container\"><img decoding=\"async\" width=\"1500\" height=\"845\" data-wp-class--hide=\"state.isContentHidden\" data-wp-class--show=\"state.isContentVisible\" data-wp-init=\"callbacks.setButtonStyles\" data-wp-on--click=\"actions.showLightbox\" data-wp-on--load=\"callbacks.setButtonStyles\" data-wp-on--pointerdown=\"actions.preloadImage\" data-wp-on--pointerenter=\"actions.preloadImageWithDelay\" data-wp-on--pointerleave=\"actions.cancelPreload\" data-wp-on-window--resize=\"callbacks.setButtonStyles\" src=\"https:\/\/loudavymkrokem.cz\/wp-content\/uploads\/2026\/08\/kam-na-dovolenou-v-rijnu-m38.jpg\" alt=\"A Riviera Maya partja Mexik\u00f3ban\" class=\"wp-image-400569\" title=\"\" srcset=\"https:\/\/loudavymkrokem.cz\/wp-content\/uploads\/2026\/08\/kam-na-dovolenou-v-rijnu-m38.jpg 1500w, https:\/\/loudavymkrokem.cz\/wp-content\/uploads\/2026\/08\/kam-na-dovolenou-v-rijnu-m38-300x169.jpg 300w, https:\/\/loudavymkrokem.cz\/wp-content\/uploads\/2026\/08\/kam-na-dovolenou-v-rijnu-m38-700x394.jpg 700w, https:\/\/loudavymkrokem.cz\/wp-content\/uploads\/2026\/08\/kam-na-dovolenou-v-rijnu-m38-768x433.jpg 768w, https:\/\/loudavymkrokem.cz\/wp-content\/uploads\/2026\/08\/kam-na-dovolenou-v-rijnu-m38-696x392.jpg 696w, https:\/\/loudavymkrokem.cz\/wp-content\/uploads\/2026\/08\/kam-na-dovolenou-v-rijnu-m38-1392x784.jpg 1392w\" sizes=\"(max-width: 1500px) 100vw, 1500px\" \/><button\n\t\t\tclass=\"lightbox-trigger\"\n\t\t\ttype=\"button\"\n\t\t\taria-haspopup=\"dialog\"\n\t\t\tdata-wp-bind--aria-label=\"state.thisImage.triggerButtonAriaLabel\"\n\t\t\tdata-wp-init=\"callbacks.initTriggerButton\"\n\t\t\tdata-wp-on--click=\"actions.showLightbox\"\n\t\t\tdata-wp-style--right=\"state.thisImage.buttonRight\"\n\t\t\tdata-wp-style--top=\"state.thisImage.buttonTop\"\n\t\t>\n\t\t\t<svg xmlns=\"http:\/\/www.w3.org\/2000\/svg\" width=\"12\" height=\"12\" fill=\"none\" viewBox=\"0 0 12 12\">\n\t\t\t\t<path fill=\"#fff\" d=\"M2 0a2 2 0 0 0-2 2v2h1.5V2a.5.5 0 0 1 .5-.5h2V0H2Zm2 10.5H2a.5.5 0 0 1-.5-.5V8H0v2a2 2 0 0 0 2 2h2v-1.5ZM8 12v-1.5h2a.5.5 0 0 0 .5-.5V8H12v2a2 2 0 0 1-2 2H8Zm2-12a2 2 0 0 1 2 2v2h-1.5V2a.5.5 0 0 0-.5-.5H8V0h2Z\" \/>\n\t\t\t<\/svg>\n\t\t<\/button><figcaption class=\"wp-element-caption\">A Riviera Maya partja Mexik\u00f3ban (Fot\u00f3: Martin Falbisoner \/ Wikimedia Commons, CC BY-SA 4.0)<\/figcaption><\/figure>\n\n\n\n<p class=\"wp-block-paragraph\">A helyi \u00e9ttermek fantasztikus h\u00fasmentes \u00e9teleket szolg\u00e1lnak fel, mint a sajtos quesadilla vagy a babos taco, amelyeket mindenk\u00e9pp meg kellene k\u00f3stolnod, mert a mexik\u00f3i konyh\u00e1nak hihetetlen s\u00e1rmja van. Ahhoz, hogy a megfelel\u0151 resortot v\u00e1laszd, mindenk\u00e9pp mer\u00edts \u00f6tletet <a href=\"https:\/\/loudavymkrokem.cz\/hu\/all-inclusive-mexiko-resort\/\">all inclusive Mexik\u00f3ban<\/a> tippjeinkb\u0151l, \u00e9s ink\u00e1bb n\u00e9zd \u00e1t a r\u00e9szletes elemz\u00e9st is arr\u00f3l, <a href=\"https:\/\/loudavymkrokem.cz\/hu\/mikor-utazz-mexikoba\/\">mikor menj Mexik\u00f3ba<\/a>, hogy pontosan tudd, mely ter\u00fcletekre \u00e9rdemes elindulni.<\/p>\n\n\n\n<h2 class=\"wp-block-heading\" id=\"Kam_v_lednu_za_sluncem_bez_dlouheho_letu\"><span class=\"ez-toc-section\" id=\"Hova_utazz_januarban_napsutesert_hosszu_repulout_nelkul\"><\/span>Hova utazz janu\u00e1rban naps\u00fct\u00e9s\u00e9rt hossz\u00fa rep\u00fcl\u0151\u00fat n\u00e9lk\u00fcl<span class=\"ez-toc-section-end\"><\/span><\/h2>\n\n\n\n<p class=\"wp-block-paragraph\">Azoknak, akik nem szeretik a rep\u00fcl\u0151g\u00e9p fed\u00e9lzet\u00e9n t\u00f6lt\u00f6tt v\u00e9gtelen \u00f3r\u00e1kat, l\u00e9teznek \u00e9rdekes lehet\u0151s\u00e9gek, hogy <strong>viszonylag k\u00f6zel az eur\u00f3pai hat\u00e1rokhoz is felmelegedj<\/strong>. El kell ugyan fogadnod, hogy a klasszikus tengeri f\u00fcrd\u0151z\u00e9s t\u00f6bbnyire nem j\u00f6n \u00f6ssze, mert a v\u00edz ezeken a vid\u00e9keken t\u00e9len el\u00e9g hideg, de a napsugarakat az arcodon teljes m\u00e9rt\u00e9kben \u00e9lvezheted.<\/p>\n\n\n\n<p class=\"wp-block-paragraph\">Janu\u00e1rban ezeken az \u00fati c\u00e9lokon a h\u0151m\u00e9r\u0151 higanysz\u00e1la megb\u00edzhat\u00f3an a h\u00faszas fokokig k\u00faszik, ami <strong>teljesen ide\u00e1lis felt\u00e9teleket teremt az akt\u00edv felfedez\u00e9shez<\/strong>, a hossz\u00fa v\u00e1rosi s\u00e9t\u00e1khoz vagy a term\u00e9szetj\u00e1r\u00e1shoz a bosszant\u00f3 ny\u00e1ri h\u0151s\u00e9g n\u00e9lk\u00fcl. R\u00e1ad\u00e1sul ezek a r\u00f6videbb utak gyakran rengeteg p\u00e9nzt sp\u00f3rolnak a rep\u00fcl\u0151jegyeken, amelyek a szezon ut\u00e1ni id\u0151szakban t\u00f6red\u00e9k\u00e1ron kaphat\u00f3k. \u263a\ufe0f<\/p>\n\n\n\n<h3 class=\"wp-block-heading\" id=\"Madeira\"><span class=\"ez-toc-section\" id=\"Madeira\"><\/span>Madeira<span class=\"ez-toc-section-end\"><\/span><\/h3>\n\n\n\n<p class=\"wp-block-paragraph\">Az \u00f6r\u00f6k tavasz szigete eg\u00e9sz \u00e9vben tartja h\u00edrnev\u00e9t, \u00e9s a leghidegebb h\u00f3napban is <strong>gy\u00f6ny\u00f6r\u0171 z\u00f6ld, vir\u00e1gz\u00f3 n\u00f6v\u00e9nyekkel teli term\u00e9szetet<\/strong> k\u00edn\u00e1l, amely azonnal kiragad a t\u00e9li sz\u00fcrkes\u00e9gb\u0151l. A h\u0151m\u00e9rs\u00e9klet a parton nappal a csod\u00e1s 18,5 \u00b0C-ig k\u00faszik, \u00e9jszaka pedig 14,2 \u00b0C-ig s\u00fcllyed, teh\u00e1t a kir\u00e1ndul\u00e1sokhoz b\u0151ven el\u00e9g egy k\u00f6nny\u0171 pul\u00f3ver. Az \u00f3ce\u00e1n ugyan 20,3 \u00b0C k\u00f6r\u00fcli h\u0151m\u00e9rs\u00e9kletet tart, ami ink\u00e1bb az edzettebbeknek val\u00f3, de a levada \u00f6nt\u00f6z\u0151csatorn\u00e1k felfedez\u00e9se ebben az id\u0151ben teljesen t\u00f6k\u00e9letes.<\/p>\n\n\n\n<figure data-wp-context=\"{&quot;imageId&quot;:&quot;6a9afccbee71f&quot;}\" data-wp-interactive=\"core\/image\" data-wp-key=\"6a9afccbee71f\" class=\"wp-block-image size-full wp-lightbox-container\"><img decoding=\"async\" width=\"1500\" height=\"985\" data-wp-class--hide=\"state.isContentHidden\" data-wp-class--show=\"state.isContentVisible\" data-wp-init=\"callbacks.setButtonStyles\" data-wp-on--click=\"actions.showLightbox\" data-wp-on--load=\"callbacks.setButtonStyles\" data-wp-on--pointerdown=\"actions.preloadImage\" data-wp-on--pointerenter=\"actions.preloadImageWithDelay\" data-wp-on--pointerleave=\"actions.cancelPreload\" data-wp-on-window--resize=\"callbacks.setButtonStyles\" src=\"https:\/\/loudavymkrokem.cz\/wp-content\/uploads\/2026\/08\/kam-na-dovolenou-v-rijnu-m07.jpg\" alt=\"Madeira partja\" class=\"wp-image-400454\" title=\"\" srcset=\"https:\/\/loudavymkrokem.cz\/wp-content\/uploads\/2026\/08\/kam-na-dovolenou-v-rijnu-m07.jpg 1500w, https:\/\/loudavymkrokem.cz\/wp-content\/uploads\/2026\/08\/kam-na-dovolenou-v-rijnu-m07-300x197.jpg 300w, https:\/\/loudavymkrokem.cz\/wp-content\/uploads\/2026\/08\/kam-na-dovolenou-v-rijnu-m07-700x460.jpg 700w, https:\/\/loudavymkrokem.cz\/wp-content\/uploads\/2026\/08\/kam-na-dovolenou-v-rijnu-m07-768x504.jpg 768w, https:\/\/loudavymkrokem.cz\/wp-content\/uploads\/2026\/08\/kam-na-dovolenou-v-rijnu-m07-696x457.jpg 696w, https:\/\/loudavymkrokem.cz\/wp-content\/uploads\/2026\/08\/kam-na-dovolenou-v-rijnu-m07-1392x914.jpg 1392w\" sizes=\"(max-width: 1500px) 100vw, 1500px\" \/><button\n\t\t\tclass=\"lightbox-trigger\"\n\t\t\ttype=\"button\"\n\t\t\taria-haspopup=\"dialog\"\n\t\t\tdata-wp-bind--aria-label=\"state.thisImage.triggerButtonAriaLabel\"\n\t\t\tdata-wp-init=\"callbacks.initTriggerButton\"\n\t\t\tdata-wp-on--click=\"actions.showLightbox\"\n\t\t\tdata-wp-style--right=\"state.thisImage.buttonRight\"\n\t\t\tdata-wp-style--top=\"state.thisImage.buttonTop\"\n\t\t>\n\t\t\t<svg xmlns=\"http:\/\/www.w3.org\/2000\/svg\" width=\"12\" height=\"12\" fill=\"none\" viewBox=\"0 0 12 12\">\n\t\t\t\t<path fill=\"#fff\" d=\"M2 0a2 2 0 0 0-2 2v2h1.5V2a.5.5 0 0 1 .5-.5h2V0H2Zm2 10.5H2a.5.5 0 0 1-.5-.5V8H0v2a2 2 0 0 0 2 2h2v-1.5ZM8 12v-1.5h2a.5.5 0 0 0 .5-.5V8H12v2a2 2 0 0 1-2 2H8Zm2-12a2 2 0 0 1 2 2v2h-1.5V2a.5.5 0 0 0-.5-.5H8V0h2Z\" \/>\n\t\t\t<\/svg>\n\t\t<\/button><figcaption class=\"wp-element-caption\">Madeira partja (Fot\u00f3: H. Zell \/ Wikimedia Commons, CC BY-SA 3.0)<\/figcaption><\/figure>\n\n\n\n<p class=\"wp-block-paragraph\">Sz\u00e1molj nagyj\u00e1b\u00f3l kilenc es\u0151s nappal a h\u00f3napban \u00e9s t\u00f6bb mint nyolc \u00f3ra naps\u00fct\u00e9ssel, teh\u00e1t az eserny\u0151 a h\u00e1tizs\u00e1kban id\u0151nk\u00e9nt biztosan j\u00f3l j\u00f6n. Indul\u00e1s el\u0151tt n\u00e9zd \u00e1t r\u00e9szletes cikk\u00fcnket arr\u00f3l, milyen az <a href=\"https:\/\/loudavymkrokem.cz\/hu\/madeira-idojaras-honapok\/\">id\u0151j\u00e1r\u00e1s Madeir\u00e1n<\/a>, majd mer\u00fclj bele a <a href=\"https:\/\/loudavymkrokem.cz\/hu\/madeira-latnivalok-utiterv\/\">Madeira<\/a> sziget\u00e9hez k\u00e9sz\u00fclt teljes \u00fatmutat\u00f3ba, ahol megtal\u00e1lod a legjobb tippeket a gy\u00f6ny\u00f6r\u0171 kil\u00e1t\u00f3pontokra \u00e9s a k\u00f6nny\u0171 t\u00far\u00e1kra.<\/p>\n\n\n\n<h3 class=\"wp-block-heading\" id=\"Dubaj_a_Spojene_arabske_emiraty\"><span class=\"ez-toc-section\" id=\"Dubaj_es_az_Egyesult_Arab_Emirsegek\"><\/span>Dubaj \u00e9s az Egyes\u00fclt Arab Em\u00edrs\u00e9gek<span class=\"ez-toc-section-end\"><\/span><\/h3>\n\n\n\n<p class=\"wp-block-paragraph\">Ha a fagyos Eur\u00f3p\u00e1b\u00f3l a sivatag csillog\u00f3 v\u00e1ros\u00e1ba k\u00f6lt\u00f6z\u00f6l, <strong>teljesen luxus kl\u00edm\u00e1t \u00e9lsz \u00e1t a kellemetlen ny\u00e1ri h\u0151s\u00e9g n\u00e9lk\u00fcl<\/strong>, ami ezen a vid\u00e9ken egy\u00e9bk\u00e9nt el\u00e9g perzsel\u0151. A nappali h\u0151m\u00e9rs\u00e9klet Dubajban az ide\u00e1lis 24,1 \u00b0C-on marad, \u00e9jszaka pedig a jelent\u0151sen h\u0171v\u00f6sebb 14,8 \u00b0C-ig s\u00fcllyed, m\u00edg a nap tekint\u00e9lyes 9,9 \u00f3r\u00e1t s\u00fct naponta. Csapad\u00e9k itt janu\u00e1rban nagy ritkas\u00e1g, \u00e1tlagosan csak k\u00e9t napon fordul el\u0151.<\/p>\n\n\n\n<figure data-wp-context=\"{&quot;imageId&quot;:&quot;6a9afccbeebaa&quot;}\" data-wp-interactive=\"core\/image\" data-wp-key=\"6a9afccbeebaa\" class=\"wp-block-image size-full wp-lightbox-container\"><img decoding=\"async\" width=\"1500\" height=\"999\" data-wp-class--hide=\"state.isContentHidden\" data-wp-class--show=\"state.isContentVisible\" data-wp-init=\"callbacks.setButtonStyles\" data-wp-on--click=\"actions.showLightbox\" data-wp-on--load=\"callbacks.setButtonStyles\" data-wp-on--pointerdown=\"actions.preloadImage\" data-wp-on--pointerenter=\"actions.preloadImageWithDelay\" data-wp-on--pointerleave=\"actions.cancelPreload\" data-wp-on-window--resize=\"callbacks.setButtonStyles\" src=\"https:\/\/loudavymkrokem.cz\/wp-content\/uploads\/2026\/08\/kam-na-dovolenou-v-rijnu-m15.jpg\" alt=\"Dubaj \u00e9s a Perzsa-\u00f6b\u00f6l partja\" class=\"wp-image-400481\" title=\"\" srcset=\"https:\/\/loudavymkrokem.cz\/wp-content\/uploads\/2026\/08\/kam-na-dovolenou-v-rijnu-m15.jpg 1500w, https:\/\/loudavymkrokem.cz\/wp-content\/uploads\/2026\/08\/kam-na-dovolenou-v-rijnu-m15-300x200.jpg 300w, https:\/\/loudavymkrokem.cz\/wp-content\/uploads\/2026\/08\/kam-na-dovolenou-v-rijnu-m15-700x466.jpg 700w, https:\/\/loudavymkrokem.cz\/wp-content\/uploads\/2026\/08\/kam-na-dovolenou-v-rijnu-m15-768x511.jpg 768w, https:\/\/loudavymkrokem.cz\/wp-content\/uploads\/2026\/08\/kam-na-dovolenou-v-rijnu-m15-696x464.jpg 696w, https:\/\/loudavymkrokem.cz\/wp-content\/uploads\/2026\/08\/kam-na-dovolenou-v-rijnu-m15-1392x927.jpg 1392w\" sizes=\"(max-width: 1500px) 100vw, 1500px\" \/><button\n\t\t\tclass=\"lightbox-trigger\"\n\t\t\ttype=\"button\"\n\t\t\taria-haspopup=\"dialog\"\n\t\t\tdata-wp-bind--aria-label=\"state.thisImage.triggerButtonAriaLabel\"\n\t\t\tdata-wp-init=\"callbacks.initTriggerButton\"\n\t\t\tdata-wp-on--click=\"actions.showLightbox\"\n\t\t\tdata-wp-style--right=\"state.thisImage.buttonRight\"\n\t\t\tdata-wp-style--top=\"state.thisImage.buttonTop\"\n\t\t>\n\t\t\t<svg xmlns=\"http:\/\/www.w3.org\/2000\/svg\" width=\"12\" height=\"12\" fill=\"none\" viewBox=\"0 0 12 12\">\n\t\t\t\t<path fill=\"#fff\" d=\"M2 0a2 2 0 0 0-2 2v2h1.5V2a.5.5 0 0 1 .5-.5h2V0H2Zm2 10.5H2a.5.5 0 0 1-.5-.5V8H0v2a2 2 0 0 0 2 2h2v-1.5ZM8 12v-1.5h2a.5.5 0 0 0 .5-.5V8H12v2a2 2 0 0 1-2 2H8Zm2-12a2 2 0 0 1 2 2v2h-1.5V2a.5.5 0 0 0-.5-.5H8V0h2Z\" \/>\n\t\t\t<\/svg>\n\t\t<\/button><figcaption class=\"wp-element-caption\">Dubaj \u00e9s a Perzsa-\u00f6b\u00f6l partja (Fot\u00f3: Khanshahab06 \/ Wikimedia Commons, CC BY-SA 4.0)<\/figcaption><\/figure>\n\n\n\n<p class=\"wp-block-paragraph\">A Perzsa-\u00f6b\u00f6l vize 22,2 \u00b0C k\u00f6r\u00fcli, ami ugyan nem mindenkinek j\u00f3, de az edzettebbek gond n\u00e9lk\u00fcl megf\u00fcr\u00f6dnek, a t\u00f6bbiek pedig haszn\u00e1lhatj\u00e1k a f\u0171t\u00f6tt hotelmedenc\u00e9ket. Sok utaz\u00f3 dics\u00e9ri, hogy <strong>ez a legjobb id\u0151 a promen\u00e1dokon val\u00f3 s\u00e9t\u00e1khoz<\/strong> \u00e9s a szabadt\u00e9ri piacok l\u00e1togat\u00e1s\u00e1hoz. Ne felejtsd el \u00e1tn\u00e9zni az \u00f6sszes el\u00e9rhet\u0151 programot cikk\u00fcnkben arr\u00f3l, hogyan n\u00e9z ki a <a href=\"https:\/\/loudavymkrokem.cz\/hu\/dubaj-latnivalok-tippek\/\">nyaral\u00e1s Dubajban<\/a>, hogy semmir\u0151l ne maradj le.<\/p>\n\n\n\n<h3 class=\"wp-block-heading\" id=\"Marrakes_a_Maroko\"><span class=\"ez-toc-section\" id=\"Marrakes_es_Marokko\"><\/span>Marr\u00e1kes \u00e9s Marokk\u00f3<span class=\"ez-toc-section-end\"><\/span><\/h3>\n\n\n\n<p class=\"wp-block-paragraph\">Az afrikai kontinens hihetetlen egzotikumot k\u00edn\u00e1l r\u00f6gt\u00f6n a sarkon t\u00fal, \u00e9s az \u00e9v eleje teljesen <strong>t\u00f6k\u00e9letes a ny\u00fczsg\u0151 piacok<\/strong> \u00e9s a t\u00f6rt\u00e9nelmi medin\u00e1k felfedez\u00e9s\u00e9re kellemes h\u0171v\u00f6sben. Marr\u00e1kesben nappal gy\u00f6ny\u00f6r\u0171 19,7 \u00b0C-ot m\u00e9rsz, de \u0151szint\u00e9n figyelmeztetlek, hogy \u00e9jszaka a higany 5,3 \u00b0C-ig s\u00fcllyed, teh\u00e1t mindenk\u00e9pp pakolj a b\u0151r\u00f6ndbe meleg pulcsit, f\u0151leg mert az Atlasz-hegys\u00e9g cs\u00facsai ilyenkor h\u00f3 alatt vannak.<\/p>\n\n\n\n<figure data-wp-context=\"{&quot;imageId&quot;:&quot;6a9afccbeef94&quot;}\" data-wp-interactive=\"core\/image\" data-wp-key=\"6a9afccbeef94\" class=\"wp-block-image size-full wp-lightbox-container\"><img decoding=\"async\" width=\"1500\" height=\"1125\" data-wp-class--hide=\"state.isContentHidden\" data-wp-class--show=\"state.isContentVisible\" data-wp-init=\"callbacks.setButtonStyles\" data-wp-on--click=\"actions.showLightbox\" data-wp-on--load=\"callbacks.setButtonStyles\" data-wp-on--pointerdown=\"actions.preloadImage\" data-wp-on--pointerenter=\"actions.preloadImageWithDelay\" data-wp-on--pointerleave=\"actions.cancelPreload\" data-wp-on-window--resize=\"callbacks.setButtonStyles\" src=\"https:\/\/loudavymkrokem.cz\/wp-content\/uploads\/2026\/08\/kam-na-dovolenou-v-listopadu-n20.jpg\" alt=\"Marr\u00e1kes\" class=\"wp-image-400724\" title=\"\" srcset=\"https:\/\/loudavymkrokem.cz\/wp-content\/uploads\/2026\/08\/kam-na-dovolenou-v-listopadu-n20.jpg 1500w, https:\/\/loudavymkrokem.cz\/wp-content\/uploads\/2026\/08\/kam-na-dovolenou-v-listopadu-n20-300x225.jpg 300w, https:\/\/loudavymkrokem.cz\/wp-content\/uploads\/2026\/08\/kam-na-dovolenou-v-listopadu-n20-700x525.jpg 700w, https:\/\/loudavymkrokem.cz\/wp-content\/uploads\/2026\/08\/kam-na-dovolenou-v-listopadu-n20-768x576.jpg 768w, https:\/\/loudavymkrokem.cz\/wp-content\/uploads\/2026\/08\/kam-na-dovolenou-v-listopadu-n20-80x60.jpg 80w, https:\/\/loudavymkrokem.cz\/wp-content\/uploads\/2026\/08\/kam-na-dovolenou-v-listopadu-n20-160x120.jpg 160w, https:\/\/loudavymkrokem.cz\/wp-content\/uploads\/2026\/08\/kam-na-dovolenou-v-listopadu-n20-696x522.jpg 696w, https:\/\/loudavymkrokem.cz\/wp-content\/uploads\/2026\/08\/kam-na-dovolenou-v-listopadu-n20-1392x1044.jpg 1392w\" sizes=\"(max-width: 1500px) 100vw, 1500px\" \/><button\n\t\t\tclass=\"lightbox-trigger\"\n\t\t\ttype=\"button\"\n\t\t\taria-haspopup=\"dialog\"\n\t\t\tdata-wp-bind--aria-label=\"state.thisImage.triggerButtonAriaLabel\"\n\t\t\tdata-wp-init=\"callbacks.initTriggerButton\"\n\t\t\tdata-wp-on--click=\"actions.showLightbox\"\n\t\t\tdata-wp-style--right=\"state.thisImage.buttonRight\"\n\t\t\tdata-wp-style--top=\"state.thisImage.buttonTop\"\n\t\t>\n\t\t\t<svg xmlns=\"http:\/\/www.w3.org\/2000\/svg\" width=\"12\" height=\"12\" fill=\"none\" viewBox=\"0 0 12 12\">\n\t\t\t\t<path fill=\"#fff\" d=\"M2 0a2 2 0 0 0-2 2v2h1.5V2a.5.5 0 0 1 .5-.5h2V0H2Zm2 10.5H2a.5.5 0 0 1-.5-.5V8H0v2a2 2 0 0 0 2 2h2v-1.5ZM8 12v-1.5h2a.5.5 0 0 0 .5-.5V8H12v2a2 2 0 0 1-2 2H8Zm2-12a2 2 0 0 1 2 2v2h-1.5V2a.5.5 0 0 0-.5-.5H8V0h2Z\" \/>\n\t\t\t<\/svg>\n\t\t<\/button><figcaption class=\"wp-element-caption\">Marr\u00e1kes (Fot\u00f3: Herokk \/ Wikimedia Commons, CC BY-SA 4.0)<\/figcaption><\/figure>\n\n\n\n<p class=\"wp-block-paragraph\">Ha megk\u00edv\u00e1nod az \u00f3ce\u00e1nt, a parti Agadir 20,9 \u00b0C nappali h\u0151m\u00e9rs\u00e9kletet \u00e9s 19,7 \u00b0C-os vizet jelent, mik\u00f6zben es\u0151 alig k\u00e9t napon \u00e9r az eg\u00e9sz h\u00f3napb\u00f3l. A marokk\u00f3i konyha nagyon bar\u00e1ts\u00e1gos a veget\u00e1ri\u00e1nusokhoz, \u00e9s a <strong>kiv\u00e1l\u00f3 z\u00f6lds\u00e9ges kuszkusz vagy a harira lencseleves<\/strong> remek\u00fcl felmeleg\u00edt a h\u0171v\u00f6sebb reggelek ut\u00e1n. A v\u00e1rosi program megtervez\u00e9s\u00e9hez ne hagyd ki tippjeinket arr\u00f3l, <a href=\"https:\/\/loudavymkrokem.cz\/hu\/mit-erdemes-megnezni-marrakesben\/\">mit \u00e9rdemes megn\u00e9zni Marr\u00e1kesben<\/a>.<\/p>\n\n\n\n<h2 class=\"wp-block-heading\" id=\"Kam_v_lednu_na_hory_a_za_snehem\"><span class=\"ez-toc-section\" id=\"Hova_utazz_januarban_a_hegyekbe_es_a_hoert\"><\/span>Hova utazz janu\u00e1rban a hegyekbe \u00e9s a h\u00f3\u00e9rt<span class=\"ez-toc-section-end\"><\/span><\/h2>\n\n\n\n<p class=\"wp-block-paragraph\">A t\u00e9li \u00f6r\u00f6m\u00f6k szerelmeseinek a janu\u00e1r <strong>a legels\u0151 megb\u00edzhat\u00f3 h\u00f3nap az igazi s\u00edel\u00e9shez<\/strong>, mert a h\u00f3viszonyok m\u00e1r teljesen stabilak, \u00e9s a s\u00edk\u00f6zpontok teljes g\u0151zzel mennek. A h\u0151m\u00e9rs\u00e9klet biztosan a fagypont al\u00e1 s\u00fcllyed, teh\u00e1t a p\u00e1ly\u00e1k eg\u00e9sz nap kiv\u00e1l\u00f3 min\u0151s\u00e9g\u0171ek maradnak, \u00e9s teljesen \u00e9lvezheted a gy\u00f6ny\u00f6r\u0171 havas t\u00e1jat felesleges olvad\u00e1s n\u00e9lk\u00fcl.<\/p>\n\n\n\n<p class=\"wp-block-paragraph\">R\u00e1ad\u00e1sul \u00f3ri\u00e1si el\u0151ny, hogy <strong>k\u00f6zvetlen\u00fcl \u00faj\u00e9v ut\u00e1n \u00e1ltal\u00e1ban jelent\u0151sen esnek a sz\u00e1ll\u00e1sok \u00e1rai<\/strong>, mivel elkezd\u0151dik a nyugodtabb szezonk\u00f6zi id\u0151szak. Elt\u0171nnek a kar\u00e1csonyi t\u00f6megek, \u00e9s ide\u00e1lis lehet\u0151s\u00e9ged van remek sz\u00e1llod\u00e1t fogni \u00e9sszer\u0171 p\u00e9nz\u00e9rt, m\u00e9g miel\u0151tt febru\u00e1rban teljesen beinduln\u00e1nak az eur\u00f3pai t\u00e9li sz\u00fcnetek.<\/p>\n\n\n\n<h3 class=\"wp-block-heading\" id=\"Rakouske_Alpy\"><span class=\"ez-toc-section\" id=\"Osztrak_Alpok\"><\/span>Osztr\u00e1k Alpok<span class=\"ez-toc-section-end\"><\/span><\/h3>\n\n\n\n<p class=\"wp-block-paragraph\">Nyugati szomsz\u00e9daink teljesen els\u0151rang\u00fa s\u00edter\u00fcleteket k\u00edn\u00e1lnak, \u00e9s a <strong>janu\u00e1r m\u00e1sodik fele \u00f3ri\u00e1si \u00e1rcs\u00e1b\u00edt\u00e1s<\/strong> mindenkinek, aki szeretne sp\u00f3rolni az \u00fcnnepek \u00e9s a t\u00e9li sz\u00fcnet k\u00f6z\u00f6tt. P\u00e9ld\u00e1ul a kedvelt Zell am See-ben a nappali h\u0151m\u00e9rs\u00e9klet 3,7 \u00b0C k\u00f6r\u00fcl mozog, \u00e9jszaka pedig a fagyos -4,4 \u00b0C-ig esik, mik\u00f6zben havaz\u00e1sra nagyj\u00e1b\u00f3l 16 napon sz\u00e1m\u00edthatsz. A nap itt k\u00f6r\u00fclbel\u00fcl \u00f6t \u00e9s f\u00e9l \u00f3r\u00e1t s\u00fct, ami el\u00e9g az igazi alpesi idill megteremt\u00e9s\u00e9hez.<\/p>\n\n\n\n<figure data-wp-context=\"{&quot;imageId&quot;:&quot;6a9afccbef42f&quot;}\" data-wp-interactive=\"core\/image\" data-wp-key=\"6a9afccbef42f\" class=\"wp-block-image size-full wp-lightbox-container\"><img decoding=\"async\" width=\"1500\" height=\"1000\" data-wp-class--hide=\"state.isContentHidden\" data-wp-class--show=\"state.isContentVisible\" data-wp-init=\"callbacks.setButtonStyles\" data-wp-on--click=\"actions.showLightbox\" data-wp-on--load=\"callbacks.setButtonStyles\" data-wp-on--pointerdown=\"actions.preloadImage\" data-wp-on--pointerenter=\"actions.preloadImageWithDelay\" data-wp-on--pointerleave=\"actions.cancelPreload\" data-wp-on-window--resize=\"callbacks.setButtonStyles\" src=\"https:\/\/loudavymkrokem.cz\/wp-content\/uploads\/2026\/08\/kam-na-dovolenou-v-unoru-f16.jpg\" alt=\"Osztr\u00e1k Alpok t\u00e9len\" class=\"wp-image-400817\" title=\"\" srcset=\"https:\/\/loudavymkrokem.cz\/wp-content\/uploads\/2026\/08\/kam-na-dovolenou-v-unoru-f16.jpg 1500w, https:\/\/loudavymkrokem.cz\/wp-content\/uploads\/2026\/08\/kam-na-dovolenou-v-unoru-f16-300x200.jpg 300w, https:\/\/loudavymkrokem.cz\/wp-content\/uploads\/2026\/08\/kam-na-dovolenou-v-unoru-f16-700x467.jpg 700w, https:\/\/loudavymkrokem.cz\/wp-content\/uploads\/2026\/08\/kam-na-dovolenou-v-unoru-f16-768x512.jpg 768w, https:\/\/loudavymkrokem.cz\/wp-content\/uploads\/2026\/08\/kam-na-dovolenou-v-unoru-f16-696x464.jpg 696w, https:\/\/loudavymkrokem.cz\/wp-content\/uploads\/2026\/08\/kam-na-dovolenou-v-unoru-f16-1392x928.jpg 1392w\" sizes=\"(max-width: 1500px) 100vw, 1500px\" \/><button\n\t\t\tclass=\"lightbox-trigger\"\n\t\t\ttype=\"button\"\n\t\t\taria-haspopup=\"dialog\"\n\t\t\tdata-wp-bind--aria-label=\"state.thisImage.triggerButtonAriaLabel\"\n\t\t\tdata-wp-init=\"callbacks.initTriggerButton\"\n\t\t\tdata-wp-on--click=\"actions.showLightbox\"\n\t\t\tdata-wp-style--right=\"state.thisImage.buttonRight\"\n\t\t\tdata-wp-style--top=\"state.thisImage.buttonTop\"\n\t\t>\n\t\t\t<svg xmlns=\"http:\/\/www.w3.org\/2000\/svg\" width=\"12\" height=\"12\" fill=\"none\" viewBox=\"0 0 12 12\">\n\t\t\t\t<path fill=\"#fff\" d=\"M2 0a2 2 0 0 0-2 2v2h1.5V2a.5.5 0 0 1 .5-.5h2V0H2Zm2 10.5H2a.5.5 0 0 1-.5-.5V8H0v2a2 2 0 0 0 2 2h2v-1.5ZM8 12v-1.5h2a.5.5 0 0 0 .5-.5V8H12v2a2 2 0 0 1-2 2H8Zm2-12a2 2 0 0 1 2 2v2h-1.5V2a.5.5 0 0 0-.5-.5H8V0h2Z\" \/>\n\t\t\t<\/svg>\n\t\t<\/button><figcaption class=\"wp-element-caption\">Osztr\u00e1k Alpok t\u00e9len (Fot\u00f3: Magda Ehlers \/ Pexels)<\/figcaption><\/figure>\n\n\n\n<p class=\"wp-block-paragraph\">Egy eg\u00e9sz napos p\u00e1ly\u00e1z\u00e1s ut\u00e1n megengedhetsz magadnak hagyom\u00e1nyos szilvalekv\u00e1ros g\u0151zgomb\u00f3cot vagy kr\u00e9mes sajtlevest, ami minden veget\u00e1ri\u00e1nusnak \u00f6r\u00f6m. Ha sport ut\u00e1n rendesen \u00e1t akarod meleg\u00edteni az izmaidat, mindenk\u00e9pp mer\u00edts \u00f6tletet <a href=\"https:\/\/loudavymkrokem.cz\/hu\/ausztria-wellness-hotelek\/\">ausztriai wellnesshotel<\/a> v\u00e1logat\u00e1sunkb\u00f3l, vagy fedezd fel a var\u00e1zslatos <a href=\"https:\/\/loudavymkrokem.cz\/hu\/ausztria-tavak-legszebb-helyek\/\">osztr\u00e1k tavakat<\/a>, amelyeknek a h\u00f3takar\u00f3 alatt eg\u00e9szen m\u00e1s a hangulatuk, mint ny\u00e1ron.<\/p>\n\n\n\n<h3 class=\"wp-block-heading\" id=\"Italie_a_Dolomity\"><span class=\"ez-toc-section\" id=\"Olaszorszag_es_a_Dolomitok\"><\/span>Olaszorsz\u00e1g \u00e9s a Dolomitok<span class=\"ez-toc-section-end\"><\/span><\/h3>\n\n\n\n<p class=\"wp-block-paragraph\">Az Alpok olasz oldala rengeteg naps\u00fct\u00e9ses nappal \u00e9s <strong>gy\u00f6ny\u00f6r\u0171 kil\u00e1t\u00e1ssal a szaggatott sziklat\u00f6mb\u00f6kre<\/strong> cs\u00e1b\u00edt, amelyek naplementekor hihetetlen r\u00f3zsasz\u00edn \u00e1rnyalatokra sz\u00ednez\u0151dnek. Az ikonikus Cortina d&#8217;Ampezzo t\u00e9rs\u00e9g\u00e9ben nappal 1,5 \u00b0C k\u00f6r\u00fcli h\u0151m\u00e9rs\u00e9kletre \u00e9s \u00e9jszakai fagyokra sz\u00e1m\u00edthatsz, amelyek -7,3 \u00b0C-ig esnek, ami teljesen t\u00f6k\u00e9letes port \u00edg\u00e9r a reggeli s\u00edel\u00e9shez. Csapad\u00e9k itt \u00e1tlagosan nyolc napon jelenik meg, \u00e9s luxus h\u00e9t \u00f3ra naps\u00fct\u00e9st \u00e9lvezhetsz naponta.<\/p>\n\n\n\n<figure data-wp-context=\"{&quot;imageId&quot;:&quot;6a9afccbef7c6&quot;}\" data-wp-interactive=\"core\/image\" data-wp-key=\"6a9afccbef7c6\" class=\"wp-block-image size-full wp-lightbox-container\"><img decoding=\"async\" width=\"1500\" height=\"1125\" data-wp-class--hide=\"state.isContentHidden\" data-wp-class--show=\"state.isContentVisible\" data-wp-init=\"callbacks.setButtonStyles\" data-wp-on--click=\"actions.showLightbox\" data-wp-on--load=\"callbacks.setButtonStyles\" data-wp-on--pointerdown=\"actions.preloadImage\" data-wp-on--pointerenter=\"actions.preloadImageWithDelay\" data-wp-on--pointerleave=\"actions.cancelPreload\" data-wp-on-window--resize=\"callbacks.setButtonStyles\" src=\"https:\/\/loudavymkrokem.cz\/wp-content\/uploads\/2026\/08\/kam-na-dovolenou-v-unoru-f17.jpg\" alt=\"Dolomitok t\u00e9len\" class=\"wp-image-400820\" title=\"\" srcset=\"https:\/\/loudavymkrokem.cz\/wp-content\/uploads\/2026\/08\/kam-na-dovolenou-v-unoru-f17.jpg 1500w, https:\/\/loudavymkrokem.cz\/wp-content\/uploads\/2026\/08\/kam-na-dovolenou-v-unoru-f17-300x225.jpg 300w, https:\/\/loudavymkrokem.cz\/wp-content\/uploads\/2026\/08\/kam-na-dovolenou-v-unoru-f17-700x525.jpg 700w, https:\/\/loudavymkrokem.cz\/wp-content\/uploads\/2026\/08\/kam-na-dovolenou-v-unoru-f17-768x576.jpg 768w, https:\/\/loudavymkrokem.cz\/wp-content\/uploads\/2026\/08\/kam-na-dovolenou-v-unoru-f17-80x60.jpg 80w, https:\/\/loudavymkrokem.cz\/wp-content\/uploads\/2026\/08\/kam-na-dovolenou-v-unoru-f17-160x120.jpg 160w, https:\/\/loudavymkrokem.cz\/wp-content\/uploads\/2026\/08\/kam-na-dovolenou-v-unoru-f17-696x522.jpg 696w, https:\/\/loudavymkrokem.cz\/wp-content\/uploads\/2026\/08\/kam-na-dovolenou-v-unoru-f17-1392x1044.jpg 1392w\" sizes=\"(max-width: 1500px) 100vw, 1500px\" \/><button\n\t\t\tclass=\"lightbox-trigger\"\n\t\t\ttype=\"button\"\n\t\t\taria-haspopup=\"dialog\"\n\t\t\tdata-wp-bind--aria-label=\"state.thisImage.triggerButtonAriaLabel\"\n\t\t\tdata-wp-init=\"callbacks.initTriggerButton\"\n\t\t\tdata-wp-on--click=\"actions.showLightbox\"\n\t\t\tdata-wp-style--right=\"state.thisImage.buttonRight\"\n\t\t\tdata-wp-style--top=\"state.thisImage.buttonTop\"\n\t\t>\n\t\t\t<svg xmlns=\"http:\/\/www.w3.org\/2000\/svg\" width=\"12\" height=\"12\" fill=\"none\" viewBox=\"0 0 12 12\">\n\t\t\t\t<path fill=\"#fff\" d=\"M2 0a2 2 0 0 0-2 2v2h1.5V2a.5.5 0 0 1 .5-.5h2V0H2Zm2 10.5H2a.5.5 0 0 1-.5-.5V8H0v2a2 2 0 0 0 2 2h2v-1.5ZM8 12v-1.5h2a.5.5 0 0 0 .5-.5V8H12v2a2 2 0 0 1-2 2H8Zm2-12a2 2 0 0 1 2 2v2h-1.5V2a.5.5 0 0 0-.5-.5H8V0h2Z\" \/>\n\t\t\t<\/svg>\n\t\t<\/button><figcaption class=\"wp-element-caption\">Dolomitok t\u00e9len (Fot\u00f3: Zoran Kureli\u0107 Rabko \/ Wikimedia Commons, CC BY-SA 3.0)<\/figcaption><\/figure>\n\n\n\n<p class=\"wp-block-paragraph\">A helyiek azt aj\u00e1nlj\u00e1k, k\u00f6sd \u00f6ssze a s\u00edel\u00e9st a fantasztikus hegyi gasztron\u00f3mi\u00e1val, ahol a rusztikus kunyh\u00f3kban megk\u00f3stolhatod a hamis\u00edtatlan olasz pizz\u00e1t vagy a h\u00e1zi t\u00e9szt\u00e1t. Ha az eg\u00e9sz csal\u00e1ddal terveztek indulni, aj\u00e1nlom, hogy olvasd \u00e1t \u00e1tfog\u00f3 cikk\u00fcnket a <a href=\"https:\/\/loudavymkrokem.cz\/hu\/dolomitok-gyerekkel-tippek\/\">Dolomitokr\u00f3l gyerekekkel<\/a>, ahol rengeteg gyakorlati tan\u00e1csot fedezel fel a stresszmentes, kellemes tart\u00f3zkod\u00e1shoz.<\/p>\n\n\n\n<h3 class=\"wp-block-heading\" id=\"Vysoke_Tatry_a_Slovensko\"><span class=\"ez-toc-section\" id=\"Magas-Tatra_es_Szlovakia\"><\/span>Magas-T\u00e1tra \u00e9s Szlov\u00e1kia<span class=\"ez-toc-section-end\"><\/span><\/h3>\n\n\n\n<p class=\"wp-block-paragraph\">Ha nem akarsz t\u00fal messzire utazni, de igazi magashegys\u00e9gre v\u00e1gysz, <strong>\u00e9szaki szomsz\u00e9daink teljesen remek felt\u00e9teleket k\u00edn\u00e1lnak<\/strong> egy kicsit zordabb kl\u00edm\u00e1val. A Csorba-t\u00f3n\u00e1l janu\u00e1rban m\u00e1r el\u00e9g kem\u00e9ny t\u00e9l uralkodik, amikor a nappali maximumok -3,1 \u00b0C-on maradnak, az \u00e9jszak\u00e1k pedig igaz\u00e1n jegesek, -8,9 \u00b0C-kal. Nagyj\u00e1b\u00f3l 14 napon havazik a h\u00f3napban, \u00e9s a nap alig \u00f6t \u00f3r\u00e1t mutatkozik naponta.<\/p>\n\n\n\n<figure data-wp-context=\"{&quot;imageId&quot;:&quot;6a9afccbefb9f&quot;}\" data-wp-interactive=\"core\/image\" data-wp-key=\"6a9afccbefb9f\" class=\"wp-block-image size-full wp-lightbox-container\"><img decoding=\"async\" width=\"1500\" height=\"1000\" data-wp-class--hide=\"state.isContentHidden\" data-wp-class--show=\"state.isContentVisible\" data-wp-init=\"callbacks.setButtonStyles\" data-wp-on--click=\"actions.showLightbox\" data-wp-on--load=\"callbacks.setButtonStyles\" data-wp-on--pointerdown=\"actions.preloadImage\" data-wp-on--pointerenter=\"actions.preloadImageWithDelay\" data-wp-on--pointerleave=\"actions.cancelPreload\" data-wp-on-window--resize=\"callbacks.setButtonStyles\" src=\"https:\/\/loudavymkrokem.cz\/wp-content\/uploads\/2026\/08\/kam-na-dovolenou-v-unoru-f18.jpg\" alt=\"Magas-T\u00e1tra t\u00e9len\" class=\"wp-image-400821\" title=\"\" srcset=\"https:\/\/loudavymkrokem.cz\/wp-content\/uploads\/2026\/08\/kam-na-dovolenou-v-unoru-f18.jpg 1500w, https:\/\/loudavymkrokem.cz\/wp-content\/uploads\/2026\/08\/kam-na-dovolenou-v-unoru-f18-300x200.jpg 300w, https:\/\/loudavymkrokem.cz\/wp-content\/uploads\/2026\/08\/kam-na-dovolenou-v-unoru-f18-700x467.jpg 700w, https:\/\/loudavymkrokem.cz\/wp-content\/uploads\/2026\/08\/kam-na-dovolenou-v-unoru-f18-768x512.jpg 768w, https:\/\/loudavymkrokem.cz\/wp-content\/uploads\/2026\/08\/kam-na-dovolenou-v-unoru-f18-696x464.jpg 696w, https:\/\/loudavymkrokem.cz\/wp-content\/uploads\/2026\/08\/kam-na-dovolenou-v-unoru-f18-1392x928.jpg 1392w\" sizes=\"(max-width: 1500px) 100vw, 1500px\" \/><button\n\t\t\tclass=\"lightbox-trigger\"\n\t\t\ttype=\"button\"\n\t\t\taria-haspopup=\"dialog\"\n\t\t\tdata-wp-bind--aria-label=\"state.thisImage.triggerButtonAriaLabel\"\n\t\t\tdata-wp-init=\"callbacks.initTriggerButton\"\n\t\t\tdata-wp-on--click=\"actions.showLightbox\"\n\t\t\tdata-wp-style--right=\"state.thisImage.buttonRight\"\n\t\t\tdata-wp-style--top=\"state.thisImage.buttonTop\"\n\t\t>\n\t\t\t<svg xmlns=\"http:\/\/www.w3.org\/2000\/svg\" width=\"12\" height=\"12\" fill=\"none\" viewBox=\"0 0 12 12\">\n\t\t\t\t<path fill=\"#fff\" d=\"M2 0a2 2 0 0 0-2 2v2h1.5V2a.5.5 0 0 1 .5-.5h2V0H2Zm2 10.5H2a.5.5 0 0 1-.5-.5V8H0v2a2 2 0 0 0 2 2h2v-1.5ZM8 12v-1.5h2a.5.5 0 0 0 .5-.5V8H12v2a2 2 0 0 1-2 2H8Zm2-12a2 2 0 0 1 2 2v2h-1.5V2a.5.5 0 0 0-.5-.5H8V0h2Z\" \/>\n\t\t\t<\/svg>\n\t\t<\/button><figcaption class=\"wp-element-caption\">Magas-T\u00e1tra t\u00e9len (Fot\u00f3: Kacper Wolski \/ Pexels)<\/figcaption><\/figure>\n\n\n\n<p class=\"wp-block-paragraph\">\u00c9pp ez a hamis\u00edtatlan fagyos hangulat teljesen ide\u00e1lis a t\u00e9li t\u00far\u00e1khoz, \u00e9s sok visszajelz\u00e9s szerint a havas <a href=\"https:\/\/loudavymkrokem.cz\/hu\/magas-tatra-turak\/\">t\u00far\u00e1k a Magas-T\u00e1tr\u00e1ban<\/a> gy\u00f6ny\u00f6r\u0171 \u00e9lm\u00e9nyt jelentenek, ha felszereled magad h\u00f3talppal \u00e9s meleg ruh\u00e1val. Jutalmul pedig fantasztikus brindz\u00e1s haluska \u00e9s ut\u00e1na relax\u00e1l\u00e1s a forr\u00f3 v\u00edzben j\u00e1rhat, teh\u00e1t mindenk\u00e9pp n\u00e9zd meg a legjobb <a href=\"https:\/\/loudavymkrokem.cz\/hu\/termalfurdo-szlovakia-legjobb\/\">szlov\u00e1kiai term\u00e1lf\u00fcrd\u0151ket<\/a>, amelyek a fagyok ut\u00e1n garant\u00e1ltan l\u00e1bra \u00e1ll\u00edtanak.<\/p>\n\n\n\n<h3 class=\"wp-block-heading\" id=\"Cesko_a_Polsko\"><span class=\"ez-toc-section\" id=\"Csehorszag_es_Lengyelorszag\"><\/span>Csehorsz\u00e1g \u00e9s Lengyelorsz\u00e1g<span class=\"ez-toc-section-end\"><\/span><\/h3>\n\n\n\n<p class=\"wp-block-paragraph\">A k\u00f6zeli hegyek felfedez\u00e9se a legegyszer\u0171bb v\u00e1ltozat a h\u00e9tv\u00e9gi kiruccan\u00e1sokhoz, amikor <strong>a Krkono\u0161e, a Jesen\u00edky vagy a \u0160umava feh\u00e9r takar\u00f3ba burkol\u00f3zik<\/strong>, \u00e9s s\u00edfut\u00e1sra meg lesikl\u00e1sra cs\u00e1b\u00edt. Pr\u00e1g\u00e1ban az \u00e1tlagos nappali h\u0151m\u00e9rs\u00e9klet 3,8 \u00b0C k\u00f6r\u00fcl mozog, \u00e9jszaka pedig -1,8 \u00b0C-ig s\u00fcllyed, k\u00f6r\u00fclbel\u00fcl tizenk\u00e9t csapad\u00e9kos nappal, de a hegyekben sz\u00e1m\u00edthatsz j\u00f3val nagyobb hidegre \u00e9s b\u0151s\u00e9gesebb h\u00f3ra. A nap itt janu\u00e1rban nagyj\u00e1b\u00f3l n\u00e9gy \u00f3r\u00e1t s\u00fct naponta.<\/p>\n\n\n\n<figure data-wp-context=\"{&quot;imageId&quot;:&quot;6a9afccbeff64&quot;}\" data-wp-interactive=\"core\/image\" data-wp-key=\"6a9afccbeff64\" class=\"wp-block-image size-full wp-lightbox-container\"><img decoding=\"async\" width=\"1500\" height=\"998\" data-wp-class--hide=\"state.isContentHidden\" data-wp-class--show=\"state.isContentVisible\" data-wp-init=\"callbacks.setButtonStyles\" data-wp-on--click=\"actions.showLightbox\" data-wp-on--load=\"callbacks.setButtonStyles\" data-wp-on--pointerdown=\"actions.preloadImage\" data-wp-on--pointerenter=\"actions.preloadImageWithDelay\" data-wp-on--pointerleave=\"actions.cancelPreload\" data-wp-on-window--resize=\"callbacks.setButtonStyles\" src=\"https:\/\/loudavymkrokem.cz\/wp-content\/uploads\/2026\/08\/kam-na-dovolenou-v-unoru-f21.jpg\" alt=\"Krkono\u0161e t\u00e9len\" class=\"wp-image-400824\" title=\"\" srcset=\"https:\/\/loudavymkrokem.cz\/wp-content\/uploads\/2026\/08\/kam-na-dovolenou-v-unoru-f21.jpg 1500w, https:\/\/loudavymkrokem.cz\/wp-content\/uploads\/2026\/08\/kam-na-dovolenou-v-unoru-f21-300x200.jpg 300w, https:\/\/loudavymkrokem.cz\/wp-content\/uploads\/2026\/08\/kam-na-dovolenou-v-unoru-f21-700x466.jpg 700w, https:\/\/loudavymkrokem.cz\/wp-content\/uploads\/2026\/08\/kam-na-dovolenou-v-unoru-f21-768x511.jpg 768w, https:\/\/loudavymkrokem.cz\/wp-content\/uploads\/2026\/08\/kam-na-dovolenou-v-unoru-f21-696x463.jpg 696w, https:\/\/loudavymkrokem.cz\/wp-content\/uploads\/2026\/08\/kam-na-dovolenou-v-unoru-f21-1392x926.jpg 1392w\" sizes=\"(max-width: 1500px) 100vw, 1500px\" \/><button\n\t\t\tclass=\"lightbox-trigger\"\n\t\t\ttype=\"button\"\n\t\t\taria-haspopup=\"dialog\"\n\t\t\tdata-wp-bind--aria-label=\"state.thisImage.triggerButtonAriaLabel\"\n\t\t\tdata-wp-init=\"callbacks.initTriggerButton\"\n\t\t\tdata-wp-on--click=\"actions.showLightbox\"\n\t\t\tdata-wp-style--right=\"state.thisImage.buttonRight\"\n\t\t\tdata-wp-style--top=\"state.thisImage.buttonTop\"\n\t\t>\n\t\t\t<svg xmlns=\"http:\/\/www.w3.org\/2000\/svg\" width=\"12\" height=\"12\" fill=\"none\" viewBox=\"0 0 12 12\">\n\t\t\t\t<path fill=\"#fff\" d=\"M2 0a2 2 0 0 0-2 2v2h1.5V2a.5.5 0 0 1 .5-.5h2V0H2Zm2 10.5H2a.5.5 0 0 1-.5-.5V8H0v2a2 2 0 0 0 2 2h2v-1.5ZM8 12v-1.5h2a.5.5 0 0 0 .5-.5V8H12v2a2 2 0 0 1-2 2H8Zm2-12a2 2 0 0 1 2 2v2h-1.5V2a.5.5 0 0 0-.5-.5H8V0h2Z\" \/>\n\t\t\t<\/svg>\n\t\t<\/button><figcaption class=\"wp-element-caption\">Krkono\u0161e t\u00e9len (Fot\u00f3: Pudelek \/ Wikimedia Commons, CC BY-SA 4.0)<\/figcaption><\/figure>\n\n\n\n<p class=\"wp-block-paragraph\">\u0150szint\u00e9n meg kell azonban mondanom, hogy a k\u00f6z\u00e9p-eur\u00f3pai id\u0151j\u00e1r\u00e1s el\u00e9g bizonytalan, \u00e9s n\u00e9ha az igazi t\u00e9l egyszer\u0171en nem j\u00f6n \u00f6ssze az elk\u00e9pzel\u00e9sek szerint. Ha a hegyekben es\u0151 vagy olvad\u00e1s lep meg, a helyzetet teljesen megb\u00edzhat\u00f3an megmenti <strong>egy j\u00f3 adag relax\u00e1l\u00e1s a forr\u00f3 v\u00edzben<\/strong>. Ilyen esetekre ink\u00e1bb el\u0151re mentsd el tippjeinket a <a href=\"https:\/\/loudavymkrokem.cz\/hu\/termalfurdo-csehorszag\/\">legjobb csehorsz\u00e1gi term\u00e1lf\u00fcrd\u0151kr\u0151l<\/a>, vagy fedezd fel a <a href=\"https:\/\/loudavymkrokem.cz\/hu\/legjobb-aquaparkok-csehorszag\/\">legjobb csehorsz\u00e1gi aquaparkokat<\/a>, ahol az eg\u00e9sz csal\u00e1d remek\u00fcl sz\u00f3rakozik, f\u00fcggetlen\u00fcl att\u00f3l, mi t\u00f6rt\u00e9nik odakint.<\/p>\n\n\n\n<h2 class=\"wp-block-heading\" id=\"Kam_v_lednu_za_polarni_zari_a_do_mest\"><span class=\"ez-toc-section\" id=\"Hova_utazz_januarban_az_eszaki_fenyert_es_a_varosokba\"><\/span>Hova utazz janu\u00e1rban az \u00e9szaki f\u00e9ny\u00e9rt \u00e9s a v\u00e1rosokba<span class=\"ez-toc-section-end\"><\/span><\/h2>\n\n\n\n<p class=\"wp-block-paragraph\">Az \u00e9v elej\u00e9t Eur\u00f3p\u00e1ban nagyon hossz\u00fa \u00e9s s\u00f6t\u00e9t \u00e9jszak\u00e1k jellemzik, amelyek ugyan korl\u00e1tozz\u00e1k a klasszikus kir\u00e1ndul\u00e1sokra fenntartott id\u0151t, viszont <strong>a legjobb felt\u00e9teleket teremtik az \u00e9gi jelens\u00e9gek megfigyel\u00e9s\u00e9hez<\/strong>. Ha mindig arr\u00f3l \u00e1lmodt\u00e1l, hogy megl\u00e1tod az \u00e9gen t\u00e1ncol\u00f3 var\u00e1zslatos z\u00f6ld f\u00e9nyeket, ez a megfelel\u0151 id\u0151, hogy elindulj a t\u00e1voli \u00e9szakra, ahol \u00f3ri\u00e1si az es\u00e9ly a sikeres \u00e9szakif\u00e9ny-vad\u00e1szatra.<\/p>\n\n\n\n<p class=\"wp-block-paragraph\">Egy\u00fattal a p\u00e9nz\u00fcgyek szempontj\u00e1b\u00f3l is nagyon strat\u00e9giai h\u00f3napr\u00f3l van sz\u00f3, mert <strong>a l\u00e9git\u00e1rsas\u00e1gok t\u00f6megesen olcs\u00f3bb\u00e1 teszik a j\u00e1ratokat az \u00f6sszes n\u00e9pszer\u0171 metropoliszba<\/strong>, teh\u00e1t sokba k\u00f6z\u00fcl\u00fck sz\u00f3 szerint p\u00e1r ezer forint\u00e9rt eljutsz. A v\u00e1rosok kar\u00e1csony ut\u00e1n gy\u00f6ny\u00f6r\u0171en ki\u00fcr\u00fclnek, sehol sem \u00e1llsz sorban, \u00e9s a h\u00edres eml\u00e9kek gyakran szinte teljesen a ti\u00e9id.<\/p>\n\n\n\n<h3 class=\"wp-block-heading\" id=\"Laponsko_a_Finsko\"><span class=\"ez-toc-section\" id=\"Lappfold_es_Finnorszag\"><\/span>Lappf\u00f6ld \u00e9s Finnorsz\u00e1g<span class=\"ez-toc-section-end\"><\/span><\/h3>\n\n\n\n<p class=\"wp-block-paragraph\">A sarkk\u00f6r\u00f6n t\u00fali \u00fat janu\u00e1rban igazi t\u0171zpr\u00f3ba, pontosabban j\u00e9gpr\u00f3ba, mert <strong>itt teljesen kcompromisszummentes \u00e9s m\u00e9ly t\u00e9l uralkodik<\/strong> minim\u00e1lis napf\u00e9nnyel. A napok rendk\u00edv\u00fcl r\u00f6videk, a nap gyakran csak p\u00e1r \u00f3r\u00e1ra emelkedik a horizont f\u00f6l\u00e9, de ezt a f\u00e9nyhi\u00e1nyt b\u0151s\u00e9gesen k\u00e1rp\u00f3tolja a havas erd\u0151k \u00e9s a csillog\u00f3 s\u00edks\u00e1gok teljesen mesebeli hangulata.<\/p>\n\n\n\n<figure data-wp-context=\"{&quot;imageId&quot;:&quot;6a9afccbf03e7&quot;}\" data-wp-interactive=\"core\/image\" data-wp-key=\"6a9afccbf03e7\" class=\"wp-block-image size-full wp-lightbox-container\"><img decoding=\"async\" width=\"1500\" height=\"998\" data-wp-class--hide=\"state.isContentHidden\" data-wp-class--show=\"state.isContentVisible\" data-wp-init=\"callbacks.setButtonStyles\" data-wp-on--click=\"actions.showLightbox\" data-wp-on--load=\"callbacks.setButtonStyles\" data-wp-on--pointerdown=\"actions.preloadImage\" data-wp-on--pointerenter=\"actions.preloadImageWithDelay\" data-wp-on--pointerleave=\"actions.cancelPreload\" data-wp-on-window--resize=\"callbacks.setButtonStyles\" src=\"https:\/\/loudavymkrokem.cz\/wp-content\/uploads\/2026\/08\/kam-na-dovolenou-v-unoru-f24.jpg\" alt=\"Lappf\u00f6ld\" class=\"wp-image-400829\" title=\"\" srcset=\"https:\/\/loudavymkrokem.cz\/wp-content\/uploads\/2026\/08\/kam-na-dovolenou-v-unoru-f24.jpg 1500w, https:\/\/loudavymkrokem.cz\/wp-content\/uploads\/2026\/08\/kam-na-dovolenou-v-unoru-f24-300x200.jpg 300w, https:\/\/loudavymkrokem.cz\/wp-content\/uploads\/2026\/08\/kam-na-dovolenou-v-unoru-f24-700x466.jpg 700w, https:\/\/loudavymkrokem.cz\/wp-content\/uploads\/2026\/08\/kam-na-dovolenou-v-unoru-f24-768x511.jpg 768w, https:\/\/loudavymkrokem.cz\/wp-content\/uploads\/2026\/08\/kam-na-dovolenou-v-unoru-f24-696x463.jpg 696w, https:\/\/loudavymkrokem.cz\/wp-content\/uploads\/2026\/08\/kam-na-dovolenou-v-unoru-f24-1392x926.jpg 1392w\" sizes=\"(max-width: 1500px) 100vw, 1500px\" \/><button\n\t\t\tclass=\"lightbox-trigger\"\n\t\t\ttype=\"button\"\n\t\t\taria-haspopup=\"dialog\"\n\t\t\tdata-wp-bind--aria-label=\"state.thisImage.triggerButtonAriaLabel\"\n\t\t\tdata-wp-init=\"callbacks.initTriggerButton\"\n\t\t\tdata-wp-on--click=\"actions.showLightbox\"\n\t\t\tdata-wp-style--right=\"state.thisImage.buttonRight\"\n\t\t\tdata-wp-style--top=\"state.thisImage.buttonTop\"\n\t\t>\n\t\t\t<svg xmlns=\"http:\/\/www.w3.org\/2000\/svg\" width=\"12\" height=\"12\" fill=\"none\" viewBox=\"0 0 12 12\">\n\t\t\t\t<path fill=\"#fff\" d=\"M2 0a2 2 0 0 0-2 2v2h1.5V2a.5.5 0 0 1 .5-.5h2V0H2Zm2 10.5H2a.5.5 0 0 1-.5-.5V8H0v2a2 2 0 0 0 2 2h2v-1.5ZM8 12v-1.5h2a.5.5 0 0 0 .5-.5V8H12v2a2 2 0 0 1-2 2H8Zm2-12a2 2 0 0 1 2 2v2h-1.5V2a.5.5 0 0 0-.5-.5H8V0h2Z\" \/>\n\t\t\t<\/svg>\n\t\t<\/button><figcaption class=\"wp-element-caption\">Lappf\u00f6ld (Fot\u00f3: Jacek Ru\u017cyczka \/ Wikimedia Commons, CC BY-SA 4.0)<\/figcaption><\/figure>\n\n\n\n<p class=\"wp-block-paragraph\">Az utaz\u00f3k dics\u00e9rik, hogy ez a legjobb id\u0151 az <strong>adrenalind\u00fas h\u00f3mobilos t\u00far\u00e1khoz<\/strong> vagy a romantikus husky sz\u00e1nh\u00faz\u00f3s kir\u00e1ndul\u00e1sokhoz \u00e9s a r\u00e9nszarvasok etet\u00e9s\u00e9hez. Hogy tudd, pontosan mibe v\u00e1gsz bele, \u00e9s hogyan k\u00e9sz\u00fclj fel az extr\u00e9m fagyokra, tanulm\u00e1nyozd \u00e1t cikk\u00fcnket arr\u00f3l, <a href=\"https:\/\/loudavymkrokem.cz\/hu\/lappfold-idojaras-honaprol-honapra\/\">mikor menj Lappf\u00f6ldre<\/a>, \u00e9s egyb\u0151l olvasd el az \u00f6sszes gyakorlati tan\u00e1csot a leny\u0171g\u00f6z\u0151 <a href=\"https:\/\/loudavymkrokem.cz\/hu\/sarki-feny-lappfold\/\">lappf\u00f6ldi \u00e9szaki f\u00e9ny<\/a> megfigyel\u00e9s\u00e9hez is.<\/p>\n\n\n\n<h3 class=\"wp-block-heading\" id=\"Island_a_Norsko\"><span class=\"ez-toc-section\" id=\"Izland_es_Norvegia\"><\/span>Izland \u00e9s Norv\u00e9gia<span class=\"ez-toc-section-end\"><\/span><\/h3>\n\n\n\n<p class=\"wp-block-paragraph\">Az Atlanti-\u00f3ce\u00e1n mosta \u00e9szaki \u00e1llamok a f\u00e9ktelen term\u00e9szet\u00fckkel cs\u00e1b\u00edtanak, de \u0151szint\u00e9n figyelmeztetlek, hogy <strong>janu\u00e1rban itt nagyon zord \u00e9s v\u00e1ltoz\u00e9kony id\u0151j\u00e1r\u00e1s uralkodik<\/strong>, ami er\u0151sen megbonyol\u00edthatja az utaz\u00e1st. Az izlandi Reykjav\u00edkban a h\u0151m\u00e9rs\u00e9klet nappal \u00e9pp a fagypont felett marad, 1,6 \u00b0C-on, \u00e9jszaka pedig -2,9 \u00b0C-ig esik, mik\u00f6zben t\u00f6bb mint 18 napon esik, \u00e9s a nap egy sz\u0171k\u00f6s m\u00e1sf\u00e9l \u00f3r\u00e1ra mutatkozik. A bergeni norv\u00e9g fjordok nappal 2,8 \u00b0C-ot jelentenek, 6,0 \u00b0C-os vizet \u00e9s majdnem 21 es\u0151s napot, mind\u00f6ssze k\u00e9t \u00f3ra naps\u00fct\u00e9ssel.<\/p>\n\n\n\n<figure data-wp-context=\"{&quot;imageId&quot;:&quot;6a9afccbf09b7&quot;}\" data-wp-interactive=\"core\/image\" data-wp-key=\"6a9afccbf09b7\" class=\"wp-block-image size-full wp-lightbox-container\"><img decoding=\"async\" width=\"1500\" height=\"1000\" data-wp-class--hide=\"state.isContentHidden\" data-wp-class--show=\"state.isContentVisible\" data-wp-init=\"callbacks.setButtonStyles\" data-wp-on--click=\"actions.showLightbox\" data-wp-on--load=\"callbacks.setButtonStyles\" data-wp-on--pointerdown=\"actions.preloadImage\" data-wp-on--pointerenter=\"actions.preloadImageWithDelay\" data-wp-on--pointerleave=\"actions.cancelPreload\" data-wp-on-window--resize=\"callbacks.setButtonStyles\" src=\"https:\/\/loudavymkrokem.cz\/wp-content\/uploads\/2026\/08\/kam-na-dovolenou-v-unoru-f25.jpg\" alt=\"T\u00e9li Izland\" class=\"wp-image-400831\" title=\"\" srcset=\"https:\/\/loudavymkrokem.cz\/wp-content\/uploads\/2026\/08\/kam-na-dovolenou-v-unoru-f25.jpg 1500w, https:\/\/loudavymkrokem.cz\/wp-content\/uploads\/2026\/08\/kam-na-dovolenou-v-unoru-f25-300x200.jpg 300w, https:\/\/loudavymkrokem.cz\/wp-content\/uploads\/2026\/08\/kam-na-dovolenou-v-unoru-f25-700x467.jpg 700w, https:\/\/loudavymkrokem.cz\/wp-content\/uploads\/2026\/08\/kam-na-dovolenou-v-unoru-f25-768x512.jpg 768w, https:\/\/loudavymkrokem.cz\/wp-content\/uploads\/2026\/08\/kam-na-dovolenou-v-unoru-f25-696x464.jpg 696w, https:\/\/loudavymkrokem.cz\/wp-content\/uploads\/2026\/08\/kam-na-dovolenou-v-unoru-f25-1392x928.jpg 1392w\" sizes=\"(max-width: 1500px) 100vw, 1500px\" \/><button\n\t\t\tclass=\"lightbox-trigger\"\n\t\t\ttype=\"button\"\n\t\t\taria-haspopup=\"dialog\"\n\t\t\tdata-wp-bind--aria-label=\"state.thisImage.triggerButtonAriaLabel\"\n\t\t\tdata-wp-init=\"callbacks.initTriggerButton\"\n\t\t\tdata-wp-on--click=\"actions.showLightbox\"\n\t\t\tdata-wp-style--right=\"state.thisImage.buttonRight\"\n\t\t\tdata-wp-style--top=\"state.thisImage.buttonTop\"\n\t\t>\n\t\t\t<svg xmlns=\"http:\/\/www.w3.org\/2000\/svg\" width=\"12\" height=\"12\" fill=\"none\" viewBox=\"0 0 12 12\">\n\t\t\t\t<path fill=\"#fff\" d=\"M2 0a2 2 0 0 0-2 2v2h1.5V2a.5.5 0 0 1 .5-.5h2V0H2Zm2 10.5H2a.5.5 0 0 1-.5-.5V8H0v2a2 2 0 0 0 2 2h2v-1.5ZM8 12v-1.5h2a.5.5 0 0 0 .5-.5V8H12v2a2 2 0 0 1-2 2H8Zm2-12a2 2 0 0 1 2 2v2h-1.5V2a.5.5 0 0 0-.5-.5H8V0h2Z\" \/>\n\t\t\t<\/svg>\n\t\t<\/button><figcaption class=\"wp-element-caption\">T\u00e9li Izland (Fot\u00f3: Eric Kilby \/ Wikimedia Commons, CC BY-SA 2.0)<\/figcaption><\/figure>\n\n\n\n<p class=\"wp-block-paragraph\">Gyakran megesik, hogy <strong>az utak egy r\u00e9sze h\u00f3viharok miatt teljesen le van z\u00e1rva<\/strong>, teh\u00e1t a terveidnek nagyon rugalmasnak kell maradniuk. M\u00e1sr\u00e9szt \u00e9pp ebben a h\u00f3napban ny\u00edlnak meg a legszebb term\u00e9szeti jelens\u00e9gek, mert a j\u00e9gbarlangok l\u00e1togat\u00e1sa \u00e9s az \u00e9szaki f\u00e9ny megfigyel\u00e9se az abszol\u00fat cs\u00facs\u00e1n van. Ha fontolgatod ezt az \u00e9szaki kalandir\u00e1nyt, mindenk\u00e9pp olvasd el, <a href=\"https:\/\/loudavymkrokem.cz\/hu\/mikor-menj-izlandra-idojaras\/\">mikor menj Izlandra<\/a>, \u00e9s n\u00e9zd meg a tippeket az <a href=\"https:\/\/loudavymkrokem.cz\/hu\/sarki-feny-lofoten-norvegia\/\">\u00e9szaki f\u00e9ny vad\u00e1szat\u00e1hoz a Lof\u00f3tokon<\/a>.<\/p>\n\n\n\n<h3 class=\"wp-block-heading\" id=\"Evropska_mesta_v_nejlevnejsim_obdobi\"><span class=\"ez-toc-section\" id=\"Europai_varosok_a_legolcsobb_idoszakban\"><\/span>Eur\u00f3pai v\u00e1rosok a legolcs\u00f3bb id\u0151szakban<span class=\"ez-toc-section-end\"><\/span><\/h3>\n\n\n\n<p class=\"wp-block-paragraph\">Az \u00e9v eleje a kar\u00e1csonyi \u00fcnnepek elm\u00falt\u00e1val, novemberrel egy\u00fctt a <strong>legolcs\u00f3bb id\u0151szakok k\u00f6z\u00e9 tartozik a rep\u00fcl\u0151jegyek v\u00e1s\u00e1rl\u00e1s\u00e1hoz<\/strong>, ami fantasztikus lehet\u0151s\u00e9gg\u00e9 teszi a h\u00e9tv\u00e9gi felfedez\u00e9sekhez. Ha d\u00e9lre indulsz, az olasz R\u00f3m\u00e1ban a gy\u00f6ny\u00f6r\u0171 12,3 \u00b0C-n\u00e1l melegedhetsz fel nappal, m\u00edg a portug\u00e1l Lisszabon egyenesen 14,6 \u00b0C-ot \u00e9s h\u00e9t \u00e9s f\u00e9l \u00f3ra naps\u00fct\u00e9st k\u00edn\u00e1l. Csapad\u00e9k mindk\u00e9t v\u00e1rosban t\u00edz nap alatt marad a h\u00f3napban, teh\u00e1t a sik\u00e1torokban val\u00f3 barangol\u00e1s felt\u00e9telei nagyon kedvez\u0151ek.<\/p>\n\n\n\n<figure data-wp-context=\"{&quot;imageId&quot;:&quot;6a9afccbf0e56&quot;}\" data-wp-interactive=\"core\/image\" data-wp-key=\"6a9afccbf0e56\" class=\"wp-block-image size-full wp-lightbox-container\"><img decoding=\"async\" width=\"1500\" height=\"1028\" data-wp-class--hide=\"state.isContentHidden\" data-wp-class--show=\"state.isContentVisible\" data-wp-init=\"callbacks.setButtonStyles\" data-wp-on--click=\"actions.showLightbox\" data-wp-on--load=\"callbacks.setButtonStyles\" data-wp-on--pointerdown=\"actions.preloadImage\" data-wp-on--pointerenter=\"actions.preloadImageWithDelay\" data-wp-on--pointerleave=\"actions.cancelPreload\" data-wp-on-window--resize=\"callbacks.setButtonStyles\" src=\"https:\/\/loudavymkrokem.cz\/wp-content\/uploads\/2026\/08\/kam-na-dovolenou-v-rijnu-mesta.jpg\" alt=\"R\u00f3ma t\u00e9len\" class=\"wp-image-400537\" title=\"\" srcset=\"https:\/\/loudavymkrokem.cz\/wp-content\/uploads\/2026\/08\/kam-na-dovolenou-v-rijnu-mesta.jpg 1500w, https:\/\/loudavymkrokem.cz\/wp-content\/uploads\/2026\/08\/kam-na-dovolenou-v-rijnu-mesta-300x206.jpg 300w, https:\/\/loudavymkrokem.cz\/wp-content\/uploads\/2026\/08\/kam-na-dovolenou-v-rijnu-mesta-700x480.jpg 700w, https:\/\/loudavymkrokem.cz\/wp-content\/uploads\/2026\/08\/kam-na-dovolenou-v-rijnu-mesta-768x526.jpg 768w, https:\/\/loudavymkrokem.cz\/wp-content\/uploads\/2026\/08\/kam-na-dovolenou-v-rijnu-mesta-696x477.jpg 696w, https:\/\/loudavymkrokem.cz\/wp-content\/uploads\/2026\/08\/kam-na-dovolenou-v-rijnu-mesta-1392x954.jpg 1392w\" sizes=\"(max-width: 1500px) 100vw, 1500px\" \/><button\n\t\t\tclass=\"lightbox-trigger\"\n\t\t\ttype=\"button\"\n\t\t\taria-haspopup=\"dialog\"\n\t\t\tdata-wp-bind--aria-label=\"state.thisImage.triggerButtonAriaLabel\"\n\t\t\tdata-wp-init=\"callbacks.initTriggerButton\"\n\t\t\tdata-wp-on--click=\"actions.showLightbox\"\n\t\t\tdata-wp-style--right=\"state.thisImage.buttonRight\"\n\t\t\tdata-wp-style--top=\"state.thisImage.buttonTop\"\n\t\t>\n\t\t\t<svg xmlns=\"http:\/\/www.w3.org\/2000\/svg\" width=\"12\" height=\"12\" fill=\"none\" viewBox=\"0 0 12 12\">\n\t\t\t\t<path fill=\"#fff\" d=\"M2 0a2 2 0 0 0-2 2v2h1.5V2a.5.5 0 0 1 .5-.5h2V0H2Zm2 10.5H2a.5.5 0 0 1-.5-.5V8H0v2a2 2 0 0 0 2 2h2v-1.5ZM8 12v-1.5h2a.5.5 0 0 0 .5-.5V8H12v2a2 2 0 0 1-2 2H8Zm2-12a2 2 0 0 1 2 2v2h-1.5V2a.5.5 0 0 0-.5-.5H8V0h2Z\" \/>\n\t\t\t<\/svg>\n\t\t<\/button><figcaption class=\"wp-element-caption\">R\u00f3ma t\u00e9len (Fot\u00f3: Dietmar Rabich \/ Wikimedia Commons, CC BY-SA 4.0)<\/figcaption><\/figure>\n\n\n\n<p class=\"wp-block-paragraph\">Ezzel szemben K\u00f6z\u00e9p-Eur\u00f3pa megtartja h\u0171v\u00f6sebb jelleg\u00e9t, teh\u00e1t a magyar Budapest \u00e1tlagosan 4,1 \u00b0C-ot jelent, a lengyel Krakk\u00f3 pedig 2,6 \u00b0C-ot \u00e9jszakai fagyokkal \u00e9s nagyj\u00e1b\u00f3l t\u00edz-tizenk\u00e9t nappal, amikor el\u0151 kell venned az eserny\u0151t. A legnagyobb el\u0151ny azonban abban rejlik, hogy <strong>a n\u00e9pszer\u0171 metropoliszok teljesen sor- \u00e9s t\u00f6megmentesek<\/strong>, ami \u00f3ri\u00e1si k\u00e9nyelmet garant\u00e1l. Mer\u00edts ihletet \u00fatmutat\u00f3nkb\u00f3l arr\u00f3l, <a href=\"https:\/\/loudavymkrokem.cz\/hu\/roma-latnivalok-legjobb-helyek\/\">mit \u00e9rdemes megn\u00e9zni R\u00f3m\u00e1ban<\/a>, vagy melegedj fel a cikkn\u00e9l arr\u00f3l, hogyan m\u0171k\u00f6dnek a <a href=\"https:\/\/loudavymkrokem.cz\/hu\/budapest-furdo-legjobb\/\">budapesti term\u00e1lf\u00fcrd\u0151k<\/a>.<\/p>\n\n\n\n\n\n<h2 class=\"wp-block-heading\" id=\"Kam_dal\"><span class=\"ez-toc-section\" id=\"Hova_tovabb_tovabbi_utazasi_tippek\"><\/span>Hova tov\u00e1bb: tov\u00e1bbi utaz\u00e1si tippek<span class=\"ez-toc-section-end\"><\/span><\/h2>\n\n\n\n<p class=\"wp-block-paragraph\">Ha m\u00e9g bizonytalan vagy az id\u0151pontban vagy az \u00fati c\u00e9lban, n\u00e9zd meg ezeket a cikkeket is.<\/p>\n\n\n\n<ul class=\"wp-block-list\">\n\n<li><a href=\"https:\/\/loudavymkrokem.cz\/hu\/teli-nyaralas-meleg-helyen\/\">Hova utazz decemberben<\/a><\/li>\n\n\n<li><a href=\"https:\/\/loudavymkrokem.cz\/hu\/teli-nyaralas-februarban-tippek\/\">Hova utazz febru\u00e1rban<\/a><\/li>\n\n\n<li><a href=\"https:\/\/loudavymkrokem.cz\/hu\/szeptember-utazas-tippek-2\/\">Hova utazz szeptemberben<\/a><\/li>\n\n\n<li><a href=\"https:\/\/loudavymkrokem.cz\/hu\/olcso-repjegyek-tippek\/\">Hogyan tal\u00e1lj olcs\u00f3 rep\u00fcl\u0151jegyet<\/a><\/li>\n\n\n<li><a href=\"https:\/\/loudavymkrokem.cz\/jak-vybrat-cestovni-pojisteni-na-dovolenou\/\">\u00datibiztos\u00edt\u00e1s: hogyan v\u00e1lassz<\/a><\/li>\n\n<\/ul>\n\n\n\n<h2 class=\"wp-block-heading\" id=\"Casto_kladene_otazky\"><span class=\"ez-toc-section\" id=\"Gyakran_ismetelt_kerdesek\"><\/span>Gyakran ism\u00e9telt k\u00e9rd\u00e9sek<span class=\"ez-toc-section-end\"><\/span><\/h2>\n\n\n<div id=\"rank-math-faq\" class=\"rank-math-block\">\n<div class=\"rank-math-list \">\n<div id=\"faq-question-1732872115268\" class=\"rank-math-list-item\">\n<h3 class=\"rank-math-question \"><span class=\"ez-toc-section\" id=\"Hova_utazzunk_januarban_melegre\"><\/span>Hova utazzunk janu\u00e1rban melegre?<span class=\"ez-toc-section-end\"><\/span><\/h3>\n<div class=\"rank-math-answer \">\n\n<p>Janu\u00e1rban ide\u00e1lis olyan helyekre utazni, mint a Kan\u00e1ri-szigetek, Thaif\u00f6ld, a Seychelle-szigetek vagy a Dominikai K\u00f6zt\u00e1rsas\u00e1g. Mindezek a c\u00e9lpontok kellemes h\u0151m\u00e9rs\u00e9kletet \u00e9s gy\u00f6ny\u00f6r\u0171 strandokat k\u00edn\u00e1lnak.<\/p>\n\n<\/div>\n<\/div>\n<div id=\"faq-question-1732872179582\" class=\"rank-math-list-item\">\n<h3 class=\"rank-math-question \"><span class=\"ez-toc-section\" id=\"Melyik_a_legjobb_uticel_januarban_tengerparti_nyaralasra\"><\/span>Melyik a legjobb \u00fatic\u00e9l janu\u00e1rban tengerparti nyaral\u00e1sra?<span class=\"ez-toc-section-end\"><\/span><\/h3>\n<div class=\"rank-math-answer \">\n\n<p>Ha a tenger mellett szeretn\u00e9l pihenni, az ide\u00e1lis c\u00e9lpontok Egyiptom, Thaif\u00f6ld, a F\u00fcl\u00f6p-szigetek vagy Ausztr\u00e1lia, ahol meleg tengerre \u00e9s napos id\u0151j\u00e1r\u00e1sra lelhetsz.<\/p>\n\n<\/div>\n<\/div>\n<div id=\"faq-question-1732872198430\" class=\"rank-math-list-item\">\n<h3 class=\"rank-math-question \"><span class=\"ez-toc-section\" id=\"Melyik_a_legjobb_uticel_csaladi_nyaralasra_januarban\"><\/span>Melyik a legjobb \u00fatic\u00e9l csal\u00e1di nyaral\u00e1sra janu\u00e1rban?<span class=\"ez-toc-section-end\"><\/span><\/h3>\n<div class=\"rank-math-answer \">\n\n<p>Csal\u00e1di nyaral\u00e1sra kiv\u00e1l\u00f3 v\u00e1laszt\u00e1s Thaif\u00f6ld, ahol \u00e9lvezheted a strandokat, v\u00edzi tev\u00e9kenys\u00e9geket \u00e9s a helyi kult\u00fara felfedez\u00e9s\u00e9t, vagy a Kan\u00e1ri-szigetek a tev\u00e9kenys\u00e9gek sz\u00e9les k\u00edn\u00e1lat\u00e1val minden koroszt\u00e1ly sz\u00e1m\u00e1ra.<\/p>\n\n<\/div>\n<\/div>\n<div id=\"faq-question-1732872238614\" class=\"rank-math-list-item\">\n<h3 class=\"rank-math-question \"><span class=\"ez-toc-section\" id=\"Hova_utazzunk_egzotikus_nyaralasra_januarban\"><\/span>Hova utazzunk egzotikus nyaral\u00e1sra janu\u00e1rban?<span class=\"ez-toc-section-end\"><\/span><\/h3>\n<div class=\"rank-math-answer \">\n\n<p>Olyan egzotikus c\u00e9lpontok, mint a Seychelle-szigetek, Om\u00e1n vagy a F\u00fcl\u00f6p-szigetek remek\u00fcl megfelelnek azoknak, akik el akarnak menek\u00fclni a t\u00e9l el\u0151l \u00e9s \u00e9lvezni a tr\u00f3pusi id\u0151j\u00e1r\u00e1st, gy\u00f6ny\u00f6r\u0171 strandokat \u00e9s a helyi kult\u00far\u00e1t.<\/p>\n\n<\/div>\n<\/div>\n<div id=\"faq-question-1732872268253\" class=\"rank-math-list-item\">\n<h3 class=\"rank-math-question \"><span class=\"ez-toc-section\" id=\"Milyen_homerseklet_van_januarban_a_Kanari-szigeteken\"><\/span>Milyen h\u0151m\u00e9rs\u00e9klet van janu\u00e1rban a Kan\u00e1ri-szigeteken?<span class=\"ez-toc-section-end\"><\/span><\/h3>\n<div class=\"rank-math-answer \">\n\n<p>A Kan\u00e1ri-szigeteken janu\u00e1rban a h\u0151m\u00e9rs\u00e9klet 20\u201325 \u00b0C k\u00f6r\u00fcl mozog, ami ide\u00e1lis a strandokon val\u00f3 s\u00e9t\u00e1khoz \u00e9s term\u00e9szetj\u00e1r\u00e1shoz.<\/p>\n\n<\/div>\n<\/div>\n<\/div>\n<\/div>","protected":false},"excerpt":{"rendered":"<p>Janu\u00e1ri utaz\u00e1st tervezel? Akkor j\u00f3l j\u00f6het ez a cikk, amelyben \u00f6sszegy\u0171jt\u00f6tt\u00fcnk 10 \u00fati c\u00e9lt, ahov\u00e1 janu\u00e1rban \u00e9rdemes utazni.<\/p>\n","protected":false},"author":20,"featured_media":90858,"comment_status":"open","ping_status":"open","sticky":false,"template":"","format":"standard","meta":{"_acf_changed":false,"footnotes":"","rank_math_title":"Janu\u00e1ri utaz\u00e1s: 10 tipp a meleg \u00e9s a h\u00f3 ut\u00e1n","rank_math_description":"Janu\u00e1ri utaz\u00e1s meleg\u00e9rt, hegyekbe vagy \u00e9szaki f\u00e9ny\u00e9rt? N\u00e9zd meg 10 legjobb \u00fati c\u00e9l tipp\u00fcnket sz\u00e1ll\u00e1sokkal \u00e9s programokkal, \u00e9s tervezd meg a t\u00f6k\u00e9letes utat!","rank_math_focus_keyword":"janu\u00e1ri utaz\u00e1s","rank_math_seo_score":""},"categories":[1788],"tags":[],"class_list":["post-285189","post","type-post","status-publish","format-standard","has-post-thumbnail","category-utazas"],"acf":[],"featured_image_src":"https:\/\/loudavymkrokem.cz\/wp-content\/uploads\/2024\/11\/kam-na-dovolenou-v-lednu.jpg","author_info":{"display_name":"Monika Havrdov\u00e1","author_link":"https:\/\/loudavymkrokem.cz\/hu\/author\/monika\/"},"_links":{"self":[{"href":"https:\/\/loudavymkrokem.cz\/hu\/wp-json\/wp\/v2\/posts\/285189","targetHints":{"allow":["GET"]}}],"collection":[{"href":"https:\/\/loudavymkrokem.cz\/hu\/wp-json\/wp\/v2\/posts"}],"about":[{"href":"https:\/\/loudavymkrokem.cz\/hu\/wp-json\/wp\/v2\/types\/post"}],"author":[{"embeddable":true,"href":"https:\/\/loudavymkrokem.cz\/hu\/wp-json\/wp\/v2\/users\/20"}],"replies":[{"embeddable":true,"href":"https:\/\/loudavymkrokem.cz\/hu\/wp-json\/wp\/v2\/comments?post=285189"}],"version-history":[{"count":0,"href":"https:\/\/loudavymkrokem.cz\/hu\/wp-json\/wp\/v2\/posts\/285189\/revisions"}],"wp:featuredmedia":[{"embeddable":true,"href":"https:\/\/loudavymkrokem.cz\/hu\/wp-json\/wp\/v2\/media\/90858"}],"wp:attachment":[{"href":"https:\/\/loudavymkrokem.cz\/hu\/wp-json\/wp\/v2\/media?parent=285189"}],"wp:term":[{"taxonomy":"category","embeddable":true,"href":"https:\/\/loudavymkrokem.cz\/hu\/wp-json\/wp\/v2\/categories?post=285189"},{"taxonomy":"post_tag","embeddable":true,"href":"https:\/\/loudavymkrokem.cz\/hu\/wp-json\/wp\/v2\/tags?post=285189"}],"curies":[{"name":"wp","href":"https:\/\/api.w.org\/{rel}","templated":true}]}}