{"id":284805,"date":"2026-08-27T09:09:37","date_gmt":"2026-08-27T07:09:37","guid":{"rendered":"https:\/\/loudavymkrokem.cz\/marcius-tenger-nyaralas\/"},"modified":"2026-09-02T05:48:13","modified_gmt":"2026-09-02T03:48:13","slug":"marcius-tenger-nyaralas","status":"publish","type":"post","link":"https:\/\/loudavymkrokem.cz\/hu\/marcius-tenger-nyaralas\/","title":{"rendered":"Hov\u00e1 utazz m\u00e1rciusban 2026-ban: tengerre, tavasz\u00e9rt \u00e9s a hegyekbe"},"content":{"rendered":"\n<!-- lk-tldr -->\n<div class=\"lk-tldr\" style=\"background:#f7f5f0;border-left:4px solid #c39f76;border-radius:0 10px 10px 0;padding:14px 18px;margin:0 0 26px;font-size:15px;line-height:1.65;\"><strong style=\"display:block;font-size:12px;text-transform:uppercase;letter-spacing:.06em;color:#a9885a;margin-bottom:5px;\">TL;DR<\/strong>A m\u00e1rciusi nyaral\u00e1shoz a tengern\u00e9l 22 \u00fati c\u00e9l k\u00f6z\u00fcl \u00e9rdemes v\u00e1lasztani, k\u00f6zt\u00fck a <strong>Kan\u00e1ri-szigetek, Thaif\u00f6ld, Florida \u00e9s Egyiptom<\/strong> a gyermekes csal\u00e1doknak, vagy a <strong>Seychelle-szigetek, Zanzib\u00e1r, Bali \u00e9s Om\u00e1n<\/strong> a romantikus, kettesben t\u00f6lt\u00f6tt nyaral\u00e1shoz. \u00c1rban kedvez\u0151 Vietnam, Egyiptom, Thaif\u00f6ld \u00e9s a Z\u00f6ld-foki-szigetek, ide\u00e1lisak a hosszabb tart\u00f3zkod\u00e1shoz. A term\u00e9szetkedvel\u0151knek \u00e9rdemes megfontolni Costa Ric\u00e1t, Ecuadort, a D\u00e9l-afrikai K\u00f6zt\u00e1rsas\u00e1got vagy Kolumbi\u00e1t, ak\u00e1r a Kruger Nemzeti Park szafarij\u00e1val vagy a Gal\u00e1pagos-szigetekkel. A m\u00e1rcius el\u0151ny\u00f6s a t\u00e9l el\u0151l val\u00f3 menek\u00fcl\u00e9s, a kevesebb turista, a kedvez\u0151bb sz\u00e1ll\u00e1s- \u00e9s rep\u00fcl\u0151jegy\u00e1rak, valamint az iskolai tavaszi sz\u00fcnet miatt. Tov\u00e1bbi egzotikus tippek: Mauritius, Dubaj, a Dominikai K\u00f6zt\u00e1rsas\u00e1g, Szingap\u00far \u00e9s Mexik\u00f3 a Chich\u00e9n Itz\u00e1 piramisaival.<\/div>\n<!-- \/lk-tldr -->\n\n\n\n<!-- lk-navbar -->\n<div class=\"lk-navbar\" style=\"margin:0 0 28px;\"><div style=\"font-size:12px;text-transform:uppercase;letter-spacing:.06em;color:#a9885a;font-weight:700;margin-bottom:9px;\">Gyors linkek<\/div><div style=\"display:flex;flex-wrap:wrap;gap:9px;\"><a href=\"#lk-stays\" style=\"background:#c39f76;color:#fff;border:1px solid #c39f76;padding:9px 15px;border-radius:22px;font-size:14px;font-weight:700;text-decoration:none;display:inline-block;line-height:1;\">\ud83d\udccd Hol sz\u00e1llj meg<\/a><a href=\"#22_tipu_kam_na_dovolenou_v_breznu\" style=\"background:#fff;color:#6b5a44;border:1px solid #e2d6c1;padding:9px 15px;border-radius:22px;font-size:14px;font-weight:600;text-decoration:none;display:inline-block;line-height:1;\">\ud83d\udca1 Tippek<\/a><a href=\"#Casto_kladene_otazky\" style=\"background:#fff;color:#6b5a44;border:1px solid #e2d6c1;padding:9px 15px;border-radius:22px;font-size:14px;font-weight:600;text-decoration:none;display:inline-block;line-height:1;\">\u2753 GYIK<\/a><\/div><\/div>\n<!-- \/lk-navbar -->\n\n\n\n\n<p class=\"wp-block-paragraph\">M\u00e1rcius \u2013 a t\u00e9l m\u00e9g nem adja meg mag\u00e1t olyan k\u00f6nnyen. \u00c9s tudod, mit jelent ez? Azt, hogy a m\u00e1rcius a legjobb h\u00f3nap arra, hogy elsz\u00f6kj a meleg ut\u00e1n. N\u00e1lunk ugyan lassan a v\u00e9g\u00e9hez k\u00f6zeledik a t\u00e9l, de a meleg napokra m\u00e9g v\u00e1rnunk kell egy kicsit. <strong>Ha cs\u00e1b\u00edt a nap, a homok \u00e9s a tenger, a m\u00e1rciusi nyaral\u00e1s t\u00f6k\u00e9letes id\u0151pont egy egzotikus utaz\u00e1sra<\/strong>, ak\u00e1r a gyerekekkel, ak\u00e1r csak kettesben. <strong>Ebben a cikkben 22 tippet gy\u0171jt\u00f6ttem \u00f6ssze neked, hov\u00e1 \u00e9rdemes elutazni m\u00e1rciusban.<\/strong><\/p>\n\n\n\n<figure data-wp-context=\"{&quot;imageId&quot;:&quot;6a98ab374a659&quot;}\" data-wp-interactive=\"core\/image\" data-wp-key=\"6a98ab374a659\" class=\"wp-block-image size-full wp-lightbox-container\"><img decoding=\"async\" width=\"1200\" height=\"630\" data-wp-class--hide=\"state.isContentHidden\" data-wp-class--show=\"state.isContentVisible\" data-wp-init=\"callbacks.setButtonStyles\" data-wp-on--click=\"actions.showLightbox\" data-wp-on--load=\"callbacks.setButtonStyles\" data-wp-on--pointerdown=\"actions.preloadImage\" data-wp-on--pointerenter=\"actions.preloadImageWithDelay\" data-wp-on--pointerleave=\"actions.cancelPreload\" data-wp-on-window--resize=\"callbacks.setButtonStyles\" src=\"https:\/\/loudavymkrokem.cz\/wp-content\/uploads\/2025\/01\/kam-na-dovolenou-v-breznu-1.jpg\" alt=\"Hov\u00e1 utazz m\u00e1rciusban\" class=\"wp-image-92653\" title=\"\" srcset=\"https:\/\/loudavymkrokem.cz\/wp-content\/uploads\/2025\/01\/kam-na-dovolenou-v-breznu-1.jpg 1200w, https:\/\/loudavymkrokem.cz\/wp-content\/uploads\/2025\/01\/kam-na-dovolenou-v-breznu-1-300x158.jpg 300w, https:\/\/loudavymkrokem.cz\/wp-content\/uploads\/2025\/01\/kam-na-dovolenou-v-breznu-1-700x368.jpg 700w, https:\/\/loudavymkrokem.cz\/wp-content\/uploads\/2025\/01\/kam-na-dovolenou-v-breznu-1-768x403.jpg 768w, https:\/\/loudavymkrokem.cz\/wp-content\/uploads\/2025\/01\/kam-na-dovolenou-v-breznu-1-696x365.jpg 696w\" sizes=\"(max-width: 1200px) 100vw, 1200px\" \/><button\n\t\t\tclass=\"lightbox-trigger\"\n\t\t\ttype=\"button\"\n\t\t\taria-haspopup=\"dialog\"\n\t\t\tdata-wp-bind--aria-label=\"state.thisImage.triggerButtonAriaLabel\"\n\t\t\tdata-wp-init=\"callbacks.initTriggerButton\"\n\t\t\tdata-wp-on--click=\"actions.showLightbox\"\n\t\t\tdata-wp-style--right=\"state.thisImage.buttonRight\"\n\t\t\tdata-wp-style--top=\"state.thisImage.buttonTop\"\n\t\t>\n\t\t\t<svg xmlns=\"http:\/\/www.w3.org\/2000\/svg\" width=\"12\" height=\"12\" fill=\"none\" viewBox=\"0 0 12 12\">\n\t\t\t\t<path fill=\"#fff\" d=\"M2 0a2 2 0 0 0-2 2v2h1.5V2a.5.5 0 0 1 .5-.5h2V0H2Zm2 10.5H2a.5.5 0 0 1-.5-.5V8H0v2a2 2 0 0 0 2 2h2v-1.5ZM8 12v-1.5h2a.5.5 0 0 0 .5-.5V8H12v2a2 2 0 0 1-2 2H8Zm2-12a2 2 0 0 1 2 2v2h-1.5V2a.5.5 0 0 0-.5-.5H8V0h2Z\" \/>\n\t\t\t<\/svg>\n\t\t<\/button><figcaption class=\"wp-element-caption\">Hov\u00e1 utazz m\u00e1rciusban<\/figcaption><\/figure>\n\n\n\n<div id=\"ez-toc-container\" class=\"ez-toc-v2_0_87 ez-toc-wrap-left counter-hierarchy ez-toc-counter ez-toc-grey ez-toc-container-direction\">\n<div class=\"ez-toc-title-container\">\n<p class=\"ez-toc-title\" style=\"cursor:inherit\">A cikk tartalma<\/p>\n<span class=\"ez-toc-title-toggle\"><a href=\"#\" class=\"ez-toc-pull-right ez-toc-btn ez-toc-btn-xs ez-toc-btn-default ez-toc-toggle\" aria-label=\"Toggle Table of Content\"><span class=\"ez-toc-js-icon-con\"><span class=\"\"><span class=\"eztoc-hide\" style=\"display:none;\">Toggle<\/span><span class=\"ez-toc-icon-toggle-span\"><svg style=\"fill: #999;color:#999\" xmlns=\"http:\/\/www.w3.org\/2000\/svg\" class=\"list-377408\" width=\"20px\" height=\"20px\" viewBox=\"0 0 24 24\" fill=\"none\"><path d=\"M6 6H4v2h2V6zm14 0H8v2h12V6zM4 11h2v2H4v-2zm16 0H8v2h12v-2zM4 16h2v2H4v-2zm16 0H8v2h12v-2z\" fill=\"currentColor\"><\/path><\/svg><svg style=\"fill: #999;color:#999\" class=\"arrow-unsorted-368013\" xmlns=\"http:\/\/www.w3.org\/2000\/svg\" width=\"10px\" height=\"10px\" viewBox=\"0 0 24 24\" version=\"1.2\" baseProfile=\"tiny\"><path d=\"M18.2 9.3l-6.2-6.3-6.2 6.3c-.2.2-.3.4-.3.7s.1.5.3.7c.2.2.4.3.7.3h11c.3 0 .5-.1.7-.3.2-.2.3-.5.3-.7s-.1-.5-.3-.7zM5.8 14.7l6.2 6.3 6.2-6.3c.2-.2.3-.5.3-.7s-.1-.5-.3-.7c-.2-.2-.4-.3-.7-.3h-11c-.3 0-.5.1-.7.3-.2.2-.3.5-.3.7s.1.5.3.7z\"\/><\/svg><\/span><\/span><\/span><\/a><\/span><\/div>\n<nav><ul class='ez-toc-list ez-toc-list-level-1 ' ><li class='ez-toc-page-1 ez-toc-heading-level-2'><a class=\"ez-toc-link ez-toc-heading-1\" href=\"https:\/\/loudavymkrokem.cz\/hu\/marcius-tenger-nyaralas\/#Miert_erdemes_marciusban_a_tengerhez_utazni\" >Mi\u00e9rt \u00e9rdemes m\u00e1rciusban a tengerhez utazni<\/a><\/li><li class='ez-toc-page-1 ez-toc-heading-level-2'><a class=\"ez-toc-link ez-toc-heading-2\" href=\"https:\/\/loudavymkrokem.cz\/hu\/marcius-tenger-nyaralas\/#Hol_van_marciusban_a_legmelegebb_tengerviz-homerseklet_tablazat\" >Hol van m\u00e1rciusban a legmelegebb: tengerv\u00edz-h\u0151m\u00e9rs\u00e9klet t\u00e1bl\u00e1zat<\/a><\/li><li class='ez-toc-page-1 ez-toc-heading-level-2'><a class=\"ez-toc-link ez-toc-heading-3\" href=\"https:\/\/loudavymkrokem.cz\/hu\/marcius-tenger-nyaralas\/#22_tipp_hova_utazz_marciusban\" >22 tipp, hov\u00e1 utazz m\u00e1rciusban<\/a><ul class='ez-toc-list-level-3' ><li class='ez-toc-heading-level-3'><a class=\"ez-toc-link ez-toc-heading-4\" href=\"https:\/\/loudavymkrokem.cz\/hu\/marcius-tenger-nyaralas\/#Mauritius\" >Mauritius<\/a><\/li><li class='ez-toc-page-1 ez-toc-heading-level-3'><a class=\"ez-toc-link ez-toc-heading-5\" href=\"https:\/\/loudavymkrokem.cz\/hu\/marcius-tenger-nyaralas\/#Dubaj\" >Dubaj<\/a><\/li><li class='ez-toc-page-1 ez-toc-heading-level-3'><a class=\"ez-toc-link ez-toc-heading-6\" href=\"https:\/\/loudavymkrokem.cz\/hu\/marcius-tenger-nyaralas\/#Thaifold\" >Thaif\u00f6ld<\/a><\/li><li class='ez-toc-page-1 ez-toc-heading-level-3'><a class=\"ez-toc-link ez-toc-heading-7\" href=\"https:\/\/loudavymkrokem.cz\/hu\/marcius-tenger-nyaralas\/#Kanari-szigetek\" >Kan\u00e1ri-szigetek<\/a><\/li><li class='ez-toc-page-1 ez-toc-heading-level-3'><a class=\"ez-toc-link ez-toc-heading-8\" href=\"https:\/\/loudavymkrokem.cz\/hu\/marcius-tenger-nyaralas\/#Florida\" >Florida<\/a><\/li><li class='ez-toc-page-1 ez-toc-heading-level-3'><a class=\"ez-toc-link ez-toc-heading-9\" href=\"https:\/\/loudavymkrokem.cz\/hu\/marcius-tenger-nyaralas\/#Dominikai_Koztarsasag\" >Dominikai K\u00f6zt\u00e1rsas\u00e1g<\/a><\/li><li class='ez-toc-page-1 ez-toc-heading-level-3'><a class=\"ez-toc-link ez-toc-heading-10\" href=\"https:\/\/loudavymkrokem.cz\/hu\/marcius-tenger-nyaralas\/#Szingapur\" >Szingap\u00far<\/a><\/li><li class='ez-toc-page-1 ez-toc-heading-level-3'><a class=\"ez-toc-link ez-toc-heading-11\" href=\"https:\/\/loudavymkrokem.cz\/hu\/marcius-tenger-nyaralas\/#Bali\" >Bali<\/a><\/li><li class='ez-toc-page-1 ez-toc-heading-level-3'><a class=\"ez-toc-link ez-toc-heading-12\" href=\"https:\/\/loudavymkrokem.cz\/hu\/marcius-tenger-nyaralas\/#Zanzibar\" >Zanzib\u00e1r<\/a><\/li><li class='ez-toc-page-1 ez-toc-heading-level-3'><a class=\"ez-toc-link ez-toc-heading-13\" href=\"https:\/\/loudavymkrokem.cz\/hu\/marcius-tenger-nyaralas\/#Del-afrikai_Koztarsasag\" >D\u00e9l-afrikai K\u00f6zt\u00e1rsas\u00e1g<\/a><\/li><li class='ez-toc-page-1 ez-toc-heading-level-3'><a class=\"ez-toc-link ez-toc-heading-14\" href=\"https:\/\/loudavymkrokem.cz\/hu\/marcius-tenger-nyaralas\/#Mexiko\" >Mexik\u00f3<\/a><\/li><li class='ez-toc-page-1 ez-toc-heading-level-3'><a class=\"ez-toc-link ez-toc-heading-15\" href=\"https:\/\/loudavymkrokem.cz\/hu\/marcius-tenger-nyaralas\/#Ecuador\" >Ecuador<\/a><\/li><li class='ez-toc-page-1 ez-toc-heading-level-3'><a class=\"ez-toc-link ez-toc-heading-16\" href=\"https:\/\/loudavymkrokem.cz\/hu\/marcius-tenger-nyaralas\/#Argentina\" >Argent\u00edna<\/a><\/li><li class='ez-toc-page-1 ez-toc-heading-level-3'><a class=\"ez-toc-link ez-toc-heading-17\" href=\"https:\/\/loudavymkrokem.cz\/hu\/marcius-tenger-nyaralas\/#Costa_Rica\" >Costa Rica<\/a><\/li><li class='ez-toc-page-1 ez-toc-heading-level-3'><a class=\"ez-toc-link ez-toc-heading-18\" href=\"https:\/\/loudavymkrokem.cz\/hu\/marcius-tenger-nyaralas\/#Ciprus\" >Ciprus<\/a><\/li><li class='ez-toc-page-1 ez-toc-heading-level-3'><a class=\"ez-toc-link ez-toc-heading-19\" href=\"https:\/\/loudavymkrokem.cz\/hu\/marcius-tenger-nyaralas\/#Kolumbia\" >Kolumbia<\/a><\/li><li class='ez-toc-page-1 ez-toc-heading-level-3'><a class=\"ez-toc-link ez-toc-heading-20\" href=\"https:\/\/loudavymkrokem.cz\/hu\/marcius-tenger-nyaralas\/#Oman\" >Om\u00e1n<\/a><\/li><li class='ez-toc-page-1 ez-toc-heading-level-3'><a class=\"ez-toc-link ez-toc-heading-21\" href=\"https:\/\/loudavymkrokem.cz\/hu\/marcius-tenger-nyaralas\/#Egyiptom\" >Egyiptom<\/a><\/li><li class='ez-toc-page-1 ez-toc-heading-level-3'><a class=\"ez-toc-link ez-toc-heading-22\" href=\"https:\/\/loudavymkrokem.cz\/hu\/marcius-tenger-nyaralas\/#Madeira\" >Madeira<\/a><\/li><li class='ez-toc-page-1 ez-toc-heading-level-3'><a class=\"ez-toc-link ez-toc-heading-23\" href=\"https:\/\/loudavymkrokem.cz\/hu\/marcius-tenger-nyaralas\/#Vietnam\" >Vietnam<\/a><\/li><li class='ez-toc-page-1 ez-toc-heading-level-3'><a class=\"ez-toc-link ez-toc-heading-24\" href=\"https:\/\/loudavymkrokem.cz\/hu\/marcius-tenger-nyaralas\/#Seychelle-szigetek\" >Seychelle-szigetek<\/a><\/li><li class='ez-toc-page-1 ez-toc-heading-level-3'><a class=\"ez-toc-link ez-toc-heading-25\" href=\"https:\/\/loudavymkrokem.cz\/hu\/marcius-tenger-nyaralas\/#Zold-foki-szigetek\" >Z\u00f6ld-foki-szigetek<\/a><\/li><\/ul><\/li><li class='ez-toc-page-1 ez-toc-heading-level-2'><a class=\"ez-toc-link ez-toc-heading-26\" href=\"https:\/\/loudavymkrokem.cz\/hu\/marcius-tenger-nyaralas\/#Hova_utazz_marciusban_az_elso_tavaszert_Europaban\" >Hov\u00e1 utazz m\u00e1rciusban az els\u0151 tavasz\u00e9rt Eur\u00f3p\u00e1ban<\/a><ul class='ez-toc-list-level-3' ><li class='ez-toc-heading-level-3'><a class=\"ez-toc-link ez-toc-heading-27\" href=\"https:\/\/loudavymkrokem.cz\/hu\/marcius-tenger-nyaralas\/#Malta_es_Gozo\" >M\u00e1lta \u00e9s Gozo<\/a><\/li><li class='ez-toc-page-1 ez-toc-heading-level-3'><a class=\"ez-toc-link ez-toc-heading-28\" href=\"https:\/\/loudavymkrokem.cz\/hu\/marcius-tenger-nyaralas\/#Szicilia_es_Del-Olaszorszag\" >Szic\u00edlia \u00e9s D\u00e9l-Olaszorsz\u00e1g<\/a><\/li><li class='ez-toc-page-1 ez-toc-heading-level-3'><a class=\"ez-toc-link ez-toc-heading-29\" href=\"https:\/\/loudavymkrokem.cz\/hu\/marcius-tenger-nyaralas\/#Andaluzia_es_Del-Spanyolorszag\" >Andal\u00fazia \u00e9s D\u00e9l-Spanyolorsz\u00e1g<\/a><\/li><li class='ez-toc-page-1 ez-toc-heading-level-3'><a class=\"ez-toc-link ez-toc-heading-30\" href=\"https:\/\/loudavymkrokem.cz\/hu\/marcius-tenger-nyaralas\/#Portugalia_Algarve_es_Lisszabon\" >Portug\u00e1lia: Algarve \u00e9s Lisszabon<\/a><\/li><li class='ez-toc-page-1 ez-toc-heading-level-3'><a class=\"ez-toc-link ez-toc-heading-31\" href=\"https:\/\/loudavymkrokem.cz\/hu\/marcius-tenger-nyaralas\/#Marokko_es_Marrakes\" >Marokk\u00f3 \u00e9s Marr\u00e1kes<\/a><\/li><\/ul><\/li><li class='ez-toc-page-1 ez-toc-heading-level-2'><a class=\"ez-toc-link ez-toc-heading-32\" href=\"https:\/\/loudavymkrokem.cz\/hu\/marcius-tenger-nyaralas\/#Hova_utazz_marciusban_a_szakuraert_es_a_tavaszi_unnepekert\" >Hov\u00e1 utazz m\u00e1rciusban a szakur\u00e1\u00e9rt \u00e9s a tavaszi \u00fcnnepek\u00e9rt<\/a><ul class='ez-toc-list-level-3' ><li class='ez-toc-heading-level-3'><a class=\"ez-toc-link ez-toc-heading-33\" href=\"https:\/\/loudavymkrokem.cz\/hu\/marcius-tenger-nyaralas\/#Japan_es_a_szakura\" >Jap\u00e1n \u00e9s a szakura<\/a><\/li><li class='ez-toc-page-1 ez-toc-heading-level-3'><a class=\"ez-toc-link ez-toc-heading-34\" href=\"https:\/\/loudavymkrokem.cz\/hu\/marcius-tenger-nyaralas\/#Hollandia_es_a_tulipanok\" >Hollandia \u00e9s a tulip\u00e1nok<\/a><\/li><\/ul><\/li><li class='ez-toc-page-1 ez-toc-heading-level-2'><a class=\"ez-toc-link ez-toc-heading-35\" href=\"https:\/\/loudavymkrokem.cz\/hu\/marcius-tenger-nyaralas\/#Hova_utazz_marciusban_a_hegyekbe_es_a_tavaszi_szunetre\" >Hov\u00e1 utazz m\u00e1rciusban a hegyekbe \u00e9s a tavaszi sz\u00fcnetre<\/a><ul class='ez-toc-list-level-3' ><li class='ez-toc-heading-level-3'><a class=\"ez-toc-link ez-toc-heading-36\" href=\"https:\/\/loudavymkrokem.cz\/hu\/marcius-tenger-nyaralas\/#Tavaszi_sieles_az_Alpokban\" >Tavaszi s\u00edel\u00e9s az Alpokban<\/a><\/li><li class='ez-toc-page-1 ez-toc-heading-level-3'><a class=\"ez-toc-link ez-toc-heading-37\" href=\"https:\/\/loudavymkrokem.cz\/hu\/marcius-tenger-nyaralas\/#Magas-Tatra_es_Szlovakia\" >Magas-T\u00e1tra \u00e9s Szlov\u00e1kia<\/a><\/li><li class='ez-toc-page-1 ez-toc-heading-level-3'><a class=\"ez-toc-link ez-toc-heading-38\" href=\"https:\/\/loudavymkrokem.cz\/hu\/marcius-tenger-nyaralas\/#Tavaszi_szunet_hogyan_valassz_idopontot\" >Tavaszi sz\u00fcnet: hogyan v\u00e1lassz id\u0151pontot<\/a><\/li><\/ul><\/li><li class='ez-toc-page-1 ez-toc-heading-level-2'><a class=\"ez-toc-link ez-toc-heading-39\" href=\"https:\/\/loudavymkrokem.cz\/hu\/marcius-tenger-nyaralas\/#Hova_utazz_marciusban_itthon_es_a_kornyeken\" >Hov\u00e1 utazz m\u00e1rciusban itthon \u00e9s a k\u00f6rny\u00e9ken<\/a><ul class='ez-toc-list-level-3' ><li class='ez-toc-heading-level-3'><a class=\"ez-toc-link ez-toc-heading-40\" href=\"https:\/\/loudavymkrokem.cz\/hu\/marcius-tenger-nyaralas\/#Kozep-Europa_termalfurdok_hegyek_es_az_elso_tavasz\" >K\u00f6z\u00e9p-Eur\u00f3pa: term\u00e1lf\u00fcrd\u0151k, hegyek \u00e9s az els\u0151 tavasz<\/a><\/li><\/ul><\/li><li class='ez-toc-page-1 ez-toc-heading-level-2'><a class=\"ez-toc-link ez-toc-heading-41\" href=\"https:\/\/loudavymkrokem.cz\/hu\/marcius-tenger-nyaralas\/#Hova_tovabb_tovabbi_utazasi_tippek\" >Hov\u00e1 tov\u00e1bb: tov\u00e1bbi utaz\u00e1si tippek<\/a><\/li><li class='ez-toc-page-1 ez-toc-heading-level-2'><a class=\"ez-toc-link ez-toc-heading-42\" href=\"https:\/\/loudavymkrokem.cz\/hu\/marcius-tenger-nyaralas\/#Gyakran_ismetelt_kerdesek\" >Gyakran ism\u00e9telt k\u00e9rd\u00e9sek<\/a><ul class='ez-toc-list-level-3' ><li class='ez-toc-heading-level-3'><a class=\"ez-toc-link ez-toc-heading-43\" href=\"https:\/\/loudavymkrokem.cz\/hu\/marcius-tenger-nyaralas\/#Melyik_a_legjobb_uti_cel_marciusban_gyerekekkel\" >Melyik a legjobb \u00fati c\u00e9l m\u00e1rciusban gyerekekkel?<\/a><\/li><li class='ez-toc-page-1 ez-toc-heading-level-3'><a class=\"ez-toc-link ez-toc-heading-44\" href=\"https:\/\/loudavymkrokem.cz\/hu\/marcius-tenger-nyaralas\/#Hol_lehet_elvezni_a_romantikus_nyaralast_marciusban\" >Hol lehet \u00e9lvezni a romantikus nyaral\u00e1st m\u00e1rciusban?<\/a><\/li><li class='ez-toc-page-1 ez-toc-heading-level-3'><a class=\"ez-toc-link ez-toc-heading-45\" href=\"https:\/\/loudavymkrokem.cz\/hu\/marcius-tenger-nyaralas\/#Mely_uti_celok_a_legolcsobbak_marciusban\" >Mely \u00fati c\u00e9lok a legolcs\u00f3bbak m\u00e1rciusban?<\/a><\/li><li class='ez-toc-page-1 ez-toc-heading-level-3'><a class=\"ez-toc-link ez-toc-heading-46\" href=\"https:\/\/loudavymkrokem.cz\/hu\/marcius-tenger-nyaralas\/#Mely_uti_celok_megfeleloek_a_termeszet_szerelmeseinek\" >Mely \u00fati c\u00e9lok megfelel\u0151ek a term\u00e9szet szerelmeseinek?<\/a><\/li><li class='ez-toc-page-1 ez-toc-heading-level-3'><a class=\"ez-toc-link ez-toc-heading-47\" href=\"https:\/\/loudavymkrokem.cz\/hu\/marcius-tenger-nyaralas\/#Hol_lehet_elvezni_az_egzotikus_nyaralast_Europan_kivul\" >Hol lehet \u00e9lvezni az egzotikus nyaral\u00e1st Eur\u00f3p\u00e1n k\u00edv\u00fcl?<\/a><\/li><\/ul><\/li><\/ul><\/nav><\/div>\n<h2 class=\"wp-block-heading\"><span class=\"ez-toc-section\" id=\"Miert_erdemes_marciusban_a_tengerhez_utazni\"><\/span>Mi\u00e9rt \u00e9rdemes m\u00e1rciusban a tengerhez utazni<span class=\"ez-toc-section-end\"><\/span><\/h2>\n\n\n\n<p class=\"wp-block-paragraph\">K\u00edv\u00e1ncsi vagy, mik az el\u0151nyei annak, hogy m\u00e1rciusban a tengerhez utazol?<\/p>\n\n\n\n<ul class=\"wp-block-list\">\n<li><strong>Menek\u00fcl\u00e9s a t\u00e9l el\u0151l<\/strong>: N\u00e1lunk m\u00e1rcius m\u00e9g h\u0171v\u00f6s, m\u00edg az egzotikus \u00fati c\u00e9lokon m\u00e1r meleg van.<\/li>\n\n\n\n<li><strong>Kevesebb turista<\/strong>: Sok n\u00e9pszer\u0171 \u00fati c\u00e9l nincs annyira tele, mint a ny\u00e1ri f\u0151szezonban.<\/li>\n\n\n\n<li><strong>Kedvez\u0151 \u00e1rak<\/strong>: A sz\u00e1ll\u00e1s \u00e9s a rep\u00fcl\u0151jegy a f\u0151szezonon k\u00edv\u00fcl \u00e1ltal\u00e1ban olcs\u00f3bb.<\/li>\n\n\n\n<li><strong>Ide\u00e1lis id\u0151j\u00e1r\u00e1s<\/strong>: Az olyan \u00fati c\u00e9lokon, mint Thaif\u00f6ld vagy a Kan\u00e1ri-szigetek, m\u00e1rciusban ide\u00e1lis az \u00e9ghajlat.<\/li>\n\n\n\n<li><strong>Tavaszi sz\u00fcnet:<\/strong> A legt\u00f6bb iskol\u00e1nak \u00e9s \u00f3vod\u00e1nak m\u00e1rciusra esik a tavaszi sz\u00fcnete, akkor mi\u00e9rt ne induln\u00e1l el a gyerekekkel egy nyaral\u00e1sra?<\/li>\n<\/ul>\n\n\n\n<p class=\"wp-block-paragraph\"><strong>Ez is \u00e9rdekelhet:<\/strong> <strong><a href=\"https:\/\/loudavymkrokem.cz\/hu\/teli-nyaralas-februarban-tippek\/\" target=\"_blank\" data-type=\"link\" data-id=\"https:\/\/loudavymkrokem.cz\/kam-na-dovolenou-v-unoru\/\" rel=\"noreferrer noopener\">Hov\u00e1 utazz febru\u00e1rban<\/a><\/strong><\/p>\n\n\n\n<p class=\"wp-block-paragraph\">\n\n\n\n<h2 class=\"wp-block-heading lk-month-table\" id=\"Kde_je_v_breznu_nejtepleji\"><span class=\"ez-toc-section\" id=\"Hol_van_marciusban_a_legmelegebb_tengerviz-homerseklet_tablazat\"><\/span>Hol van m\u00e1rciusban a legmelegebb: tengerv\u00edz-h\u0151m\u00e9rs\u00e9klet t\u00e1bl\u00e1zat<span class=\"ez-toc-section-end\"><\/span><\/h2>\n\n\n\n<p class=\"wp-block-paragraph\">A legt\u00f6bb nyaral\u00e1sr\u00f3l sz\u00f3l\u00f3 cikk az utaz\u00e1si irod\u00e1k katal\u00f3gusaib\u00f3l vett sz\u00e1mokkal dolgozik. <strong>Mi m\u00e1sk\u00e9pp csin\u00e1ltuk.<\/strong> A leveg\u0151 h\u0151m\u00e9rs\u00e9klet\u00e9t, a csapad\u00e9kos napok sz\u00e1m\u00e1t \u00e9s a naps\u00fct\u00e9s hossz\u00e1t az ERA5 kl\u00edmareanal\u00edzisb\u0151l sz\u00e1moltuk ki t\u00edz \u00e9vre (2015 \u00e9s 2024 k\u00f6z\u00f6tt), a tenger h\u0151m\u00e9rs\u00e9klet\u00e9t pedig egy tengeri modellb\u0151l a 2019 \u00e9s 2024 k\u00f6z\u00f6tti \u00e9vekre. Ezek val\u00f3s \u00e1tlagok, amelyeket ak\u00e1r le is ellen\u0151rizhetsz.<\/p>\n\n\n\n<p class=\"wp-block-paragraph\">A t\u00e1bl\u00e1zat <strong>a legmelegebb tengert\u0151l kezdve van rendezve<\/strong>, teh\u00e1t a fels\u0151 sorok biztos befut\u00f3k, az als\u00f3 harmad pedig ink\u00e1bb szerencsej\u00e1t\u00e9k. M\u00e1rciusban a <strong>Mald\u00edv-szigetek<\/strong> vezet 29,9 \u00b0C-kal, majd <strong>Zanzib\u00e1r<\/strong> 29,7 \u00b0C-kal \u00e9s <strong>Bali<\/strong> 29,6 \u00b0C-kal.<\/p>\n\n\n\n<figure class=\"wp-block-table is-style-stripes\" style=\"overflow-x:auto\"><table><thead><tr><th>\u00dati c\u00e9l<\/th><th>Tenger h\u0151m\u00e9rs\u00e9klete<\/th><th>Leveg\u0151 nappal<\/th><th>\u00c9jszaka<\/th><th>Csapad\u00e9kos napok<\/th><\/tr><\/thead><tbody><tr><td><strong>Mald\u00edv-szigetek<\/strong><br><span style=\"font-size:13px;color:#8a7a63\">Mald\u00edv-szigetek<\/span><\/td><td>29,9 \u00b0C<\/td><td>28,6 \u00b0C<\/td><td>27,1 \u00b0C<\/td><td>11,1 \/ 30<\/td><\/tr><tr><td><strong>Zanzib\u00e1r<\/strong><br><span style=\"font-size:13px;color:#8a7a63\">Tanz\u00e1nia<\/span><\/td><td>29,7 \u00b0C<\/td><td>31,4 \u00b0C<\/td><td>25,9 \u00b0C<\/td><td>19,6 \/ 30<\/td><\/tr><tr><td><strong>Bali<\/strong><br><span style=\"font-size:13px;color:#8a7a63\">Indon\u00e9zia<\/span><\/td><td>29,6 \u00b0C<\/td><td>29,1 \u00b0C<\/td><td>24,3 \u00b0C<\/td><td>25,6 \/ 30<\/td><\/tr><tr><td><strong>Koh Samui (Thaif\u00f6ld)<\/strong><br><span style=\"font-size:13px;color:#8a7a63\">Thaif\u00f6ld<\/span><\/td><td>29,5 \u00b0C<\/td><td>29,9 \u00b0C<\/td><td>25,7 \u00b0C<\/td><td>10,4 \/ 30<\/td><\/tr><tr><td><strong>Trincomalee (Sr\u00ed Lanka)<\/strong><br><span style=\"font-size:13px;color:#8a7a63\">Sr\u00ed Lanka<\/span><\/td><td>29,0 \u00b0C<\/td><td>30,4 \u00b0C<\/td><td>24,7 \u00b0C<\/td><td>10,9 \/ 30<\/td><\/tr><tr><td><strong>Mauritius<\/strong><br><span style=\"font-size:13px;color:#8a7a63\">Mauritius<\/span><\/td><td>28,2 \u00b0C<\/td><td>29,5 \u00b0C<\/td><td>24,7 \u00b0C<\/td><td>21,4 \/ 30<\/td><\/tr><tr><td><strong>Canc\u00fan<\/strong><br><span style=\"font-size:13px;color:#8a7a63\">Mexik\u00f3<\/span><\/td><td>26,8 \u00b0C<\/td><td>27,9 \u00b0C<\/td><td>23,4 \u00b0C<\/td><td>9,5 \/ 30<\/td><\/tr><tr><td><strong>Muscat<\/strong><br><span style=\"font-size:13px;color:#8a7a63\">Om\u00e1n<\/span><\/td><td>25,0 \u00b0C<\/td><td>29,2 \u00b0C<\/td><td>21,3 \u00b0C<\/td><td>1,8 \/ 30<\/td><\/tr><tr><td><strong>Dubaj<\/strong><br><span style=\"font-size:13px;color:#8a7a63\">EAE<\/span><\/td><td>23,9 \u00b0C<\/td><td>28,4 \u00b0C<\/td><td>18,2 \u00b0C<\/td><td>2,5 \/ 30<\/td><\/tr><tr><td><strong>Boa Vista<\/strong><br><span style=\"font-size:13px;color:#8a7a63\">Z\u00f6ld-foki-szigetek<\/span><\/td><td>23,4 \u00b0C<\/td><td>26,2 \u00b0C<\/td><td>18,5 \u00b0C<\/td><td>0,3 \/ 30<\/td><\/tr><tr><td><strong>Sharm el-Sheikh<\/strong><br><span style=\"font-size:13px;color:#8a7a63\">Egyiptom<\/span><\/td><td>23,1 \u00b0C<\/td><td>26,9 \u00b0C<\/td><td>16,4 \u00b0C<\/td><td>0,7 \/ 30<\/td><\/tr><tr><td><strong>Sal<\/strong><br><span style=\"font-size:13px;color:#8a7a63\">Z\u00f6ld-foki-szigetek<\/span><\/td><td>22,7 \u00b0C<\/td><td>23,9 \u00b0C<\/td><td>19,6 \u00b0C<\/td><td>0,2 \/ 30<\/td><\/tr><tr><td><strong>Marsa Alam<\/strong><br><span style=\"font-size:13px;color:#8a7a63\">Egyiptom<\/span><\/td><td>22,5 \u00b0C<\/td><td>25,8 \u00b0C<\/td><td>18,2 \u00b0C<\/td><td>0,1 \/ 30<\/td><\/tr><tr><td><strong>Hurghada<\/strong><br><span style=\"font-size:13px;color:#8a7a63\">Egyiptom<\/span><\/td><td>22,1 \u00b0C<\/td><td>24,3 \u00b0C<\/td><td>16,6 \u00b0C<\/td><td>0,5 \/ 30<\/td><\/tr><tr><td><strong>Akaba<\/strong><br><span style=\"font-size:13px;color:#8a7a63\">Jord\u00e1nia<\/span><\/td><td>21,7 \u00b0C<\/td><td>25,9 \u00b0C<\/td><td>14,4 \u00b0C<\/td><td>1,2 \/ 30<\/td><\/tr><tr><td><strong>Ha Long (Vietnam)<\/strong><br><span style=\"font-size:13px;color:#8a7a63\">Vietnam<\/span><\/td><td>21,3 \u00b0C<\/td><td>23,9 \u00b0C<\/td><td>18,8 \u00b0C<\/td><td>11,7 \/ 30<\/td><\/tr><tr><td><strong>Tenerife<\/strong><br><span style=\"font-size:13px;color:#8a7a63\">Kan\u00e1ri-szigetek<\/span><\/td><td>20,1 \u00b0C<\/td><td>20,8 \u00b0C<\/td><td>15,3 \u00b0C<\/td><td>7,4 \/ 30<\/td><\/tr><tr><td><strong>Gran Canaria<\/strong><br><span style=\"font-size:13px;color:#8a7a63\">Kan\u00e1ri-szigetek<\/span><\/td><td>19,7 \u00b0C<\/td><td>20,8 \u00b0C<\/td><td>14,9 \u00b0C<\/td><td>4,4 \/ 30<\/td><\/tr><tr><td><strong>Madeira<\/strong><br><span style=\"font-size:13px;color:#8a7a63\">Portug\u00e1lia<\/span><\/td><td>19,3 \u00b0C<\/td><td>19,1 \u00b0C<\/td><td>13,9 \u00b0C<\/td><td>10,8 \/ 30<\/td><\/tr><tr><td><strong>Fuerteventura<\/strong><br><span style=\"font-size:13px;color:#8a7a63\">Kan\u00e1ri-szigetek<\/span><\/td><td>19,2 \u00b0C<\/td><td>21,0 \u00b0C<\/td><td>15,6 \u00b0C<\/td><td>1,9 \/ 30<\/td><\/tr><tr><td><strong>Lanzarote<\/strong><br><span style=\"font-size:13px;color:#8a7a63\">Kan\u00e1ri-szigetek<\/span><\/td><td>19,1 \u00b0C<\/td><td>20,1 \u00b0C<\/td><td>15,3 \u00b0C<\/td><td>2,4 \/ 30<\/td><\/tr><tr><td><strong>Agadir<\/strong><br><span style=\"font-size:13px;color:#8a7a63\">Marokk\u00f3<\/span><\/td><td>18,7 \u00b0C<\/td><td>22,0 \u00b0C<\/td><td>13,0 \u00b0C<\/td><td>3,4 \/ 30<\/td><\/tr><tr><td><strong>Algarve<\/strong><br><span style=\"font-size:13px;color:#8a7a63\">Portug\u00e1lia<\/span><\/td><td>18,4 \u00b0C<\/td><td>18,0 \u00b0C<\/td><td>11,2 \u00b0C<\/td><td>8,6 \/ 30<\/td><\/tr><tr><td><strong>Antalya \u00e9s a t\u00f6r\u00f6k rivi\u00e9ra<\/strong><br><span style=\"font-size:13px;color:#8a7a63\">T\u00f6r\u00f6korsz\u00e1g<\/span><\/td><td>18,3 \u00b0C<\/td><td>17,8 \u00b0C<\/td><td>7,7 \u00b0C<\/td><td>9,6 \/ 30<\/td><\/tr><tr><td><strong>Ayia Napa<\/strong><br><span style=\"font-size:13px;color:#8a7a63\">Ciprus<\/span><\/td><td>18,0 \u00b0C<\/td><td>18,6 \u00b0C<\/td><td>11,6 \u00b0C<\/td><td>5,1 \/ 30<\/td><\/tr><tr><td><strong>Paphos<\/strong><br><span style=\"font-size:13px;color:#8a7a63\">Ciprus<\/span><\/td><td>17,8 \u00b0C<\/td><td>17,9 \u00b0C<\/td><td>10,9 \u00b0C<\/td><td>9,6 \/ 30<\/td><\/tr><tr><td><strong>Rodosz<\/strong><br><span style=\"font-size:13px;color:#8a7a63\">G\u00f6r\u00f6gorsz\u00e1g<\/span><\/td><td>17,6 \u00b0C<\/td><td>16,9 \u00b0C<\/td><td>12,0 \u00b0C<\/td><td>8,6 \/ 30<\/td><\/tr><tr><td><strong>Kos<\/strong><br><span style=\"font-size:13px;color:#8a7a63\">G\u00f6r\u00f6gorsz\u00e1g<\/span><\/td><td>17,6 \u00b0C<\/td><td>16,3 \u00b0C<\/td><td>12,0 \u00b0C<\/td><td>9,1 \/ 30<\/td><\/tr><tr><td><strong>Bodrum<\/strong><br><span style=\"font-size:13px;color:#8a7a63\">T\u00f6r\u00f6korsz\u00e1g<\/span><\/td><td>17,5 \u00b0C<\/td><td>16,7 \u00b0C<\/td><td>10,7 \u00b0C<\/td><td>10,2 \/ 30<\/td><\/tr><tr><td><strong>Djerba<\/strong><br><span style=\"font-size:13px;color:#8a7a63\">Tun\u00e9zia<\/span><\/td><td>17,3 \u00b0C<\/td><td>21,2 \u00b0C<\/td><td>12,7 \u00b0C<\/td><td>2,3 \/ 30<\/td><\/tr><tr><td><strong>Szantorini<\/strong><br><span style=\"font-size:13px;color:#8a7a63\">G\u00f6r\u00f6gorsz\u00e1g<\/span><\/td><td>17,1 \u00b0C<\/td><td>16,4 \u00b0C<\/td><td>12,6 \u00b0C<\/td><td>7,6 \/ 30<\/td><\/tr><tr><td><strong>Kr\u00e9ta<\/strong><br><span style=\"font-size:13px;color:#8a7a63\">G\u00f6r\u00f6gorsz\u00e1g<\/span><\/td><td>16,7 \u00b0C<\/td><td>17,6 \u00b0C<\/td><td>9,6 \u00b0C<\/td><td>9,7 \/ 30<\/td><\/tr><tr><td><strong>Zakynthos<\/strong><br><span style=\"font-size:13px;color:#8a7a63\">G\u00f6r\u00f6gorsz\u00e1g<\/span><\/td><td>16,5 \u00b0C<\/td><td>16,2 \u00b0C<\/td><td>10,7 \u00b0C<\/td><td>11,9 \/ 30<\/td><\/tr><tr><td><strong>Azori-szigetek<\/strong><br><span style=\"font-size:13px;color:#8a7a63\">Portug\u00e1lia<\/span><\/td><td>16,5 \u00b0C<\/td><td>16,8 \u00b0C<\/td><td>13,2 \u00b0C<\/td><td>14,8 \/ 30<\/td><\/tr><tr><td><strong>Lefkada<\/strong><br><span style=\"font-size:13px;color:#8a7a63\">G\u00f6r\u00f6gorsz\u00e1g<\/span><\/td><td>16,2 \u00b0C<\/td><td>16,1 \u00b0C<\/td><td>9,1 \u00b0C<\/td><td>11,6 \/ 30<\/td><\/tr><tr><td><strong>M\u00e1lta<\/strong><br><span style=\"font-size:13px;color:#8a7a63\">M\u00e1lta<\/span><\/td><td>16,1 \u00b0C<\/td><td>16,6 \u00b0C<\/td><td>12,5 \u00b0C<\/td><td>6,7 \/ 30<\/td><\/tr><tr><td><strong>Hammamet<\/strong><br><span style=\"font-size:13px;color:#8a7a63\">Tun\u00e9zia<\/span><\/td><td>16,0 \u00b0C<\/td><td>18,2 \u00b0C<\/td><td>10,6 \u00b0C<\/td><td>8,4 \/ 30<\/td><\/tr><tr><td><strong>Korfu<\/strong><br><span style=\"font-size:13px;color:#8a7a63\">G\u00f6r\u00f6gorsz\u00e1g<\/span><\/td><td>15,8 \u00b0C<\/td><td>15,2 \u00b0C<\/td><td>10,3 \u00b0C<\/td><td>12,0 \/ 30<\/td><\/tr><tr><td><strong>Szic\u00edlia<\/strong><br><span style=\"font-size:13px;color:#8a7a63\">Olaszorsz\u00e1g<\/span><\/td><td>15,6 \u00b0C<\/td><td>16,4 \u00b0C<\/td><td>9,8 \u00b0C<\/td><td>12,3 \/ 30<\/td><\/tr><tr><td><strong>Ksamil \u00e9s Saranda<\/strong><br><span style=\"font-size:13px;color:#8a7a63\">Alb\u00e1nia<\/span><\/td><td>15,6 \u00b0C<\/td><td>15,9 \u00b0C<\/td><td>7,2 \u00b0C<\/td><td>11,4 \/ 30<\/td><\/tr><tr><td><strong>Calabria<\/strong><br><span style=\"font-size:13px;color:#8a7a63\">Olaszorsz\u00e1g<\/span><\/td><td>15,4 \u00b0C<\/td><td>15,7 \u00b0C<\/td><td>9,7 \u00b0C<\/td><td>15,1 \/ 30<\/td><\/tr><tr><td><strong>Costa del Sol (M\u00e1laga)<\/strong><br><span style=\"font-size:13px;color:#8a7a63\">Spanyolorsz\u00e1g<\/span><\/td><td>15,3 \u00b0C<\/td><td>19,0 \u00b0C<\/td><td>11,3 \u00b0C<\/td><td>9,7 \/ 30<\/td><\/tr><tr><td><strong>Mallorca \u2013 Palma<\/strong><br><span style=\"font-size:13px;color:#8a7a63\">Spanyolorsz\u00e1g<\/span><\/td><td>15,2 \u00b0C<\/td><td>17,3 \u00b0C<\/td><td>10,2 \u00b0C<\/td><td>7,4 \/ 30<\/td><\/tr><tr><td><strong>Ibiza<\/strong><br><span style=\"font-size:13px;color:#8a7a63\">Spanyolorsz\u00e1g<\/span><\/td><td>15,2 \u00b0C<\/td><td>17,3 \u00b0C<\/td><td>11,7 \u00b0C<\/td><td>7,0 \/ 30<\/td><\/tr><tr><td><strong>Amalfi \u00e9s a N\u00e1polyi-\u00f6b\u00f6l<\/strong><br><span style=\"font-size:13px;color:#8a7a63\">Olaszorsz\u00e1g<\/span><\/td><td>15,2 \u00b0C<\/td><td>15,5 \u00b0C<\/td><td>7,9 \u00b0C<\/td><td>13,2 \/ 30<\/td><\/tr><tr><td><strong>Chalkidiki<\/strong><br><span style=\"font-size:13px;color:#8a7a63\">G\u00f6r\u00f6gorsz\u00e1g<\/span><\/td><td>15,0 \u00b0C<\/td><td>14,3 \u00b0C<\/td><td>9,5 \u00b0C<\/td><td>10,8 \/ 30<\/td><\/tr><tr><td><strong>Costa Blanca (Alicante)<\/strong><br><span style=\"font-size:13px;color:#8a7a63\">Spanyolorsz\u00e1g<\/span><\/td><td>15,0 \u00b0C<\/td><td>18,4 \u00b0C<\/td><td>10,8 \u00b0C<\/td><td>7,5 \/ 30<\/td><\/tr><tr><td><strong>Dubrovnik<\/strong><br><span style=\"font-size:13px;color:#8a7a63\">Horv\u00e1torsz\u00e1g<\/span><\/td><td>15,0 \u00b0C<\/td><td>14,5 \u00b0C<\/td><td>6,9 \u00b0C<\/td><td>12,4 \/ 30<\/td><\/tr><tr><td><strong>Korzika<\/strong><br><span style=\"font-size:13px;color:#8a7a63\">Franciaorsz\u00e1g<\/span><\/td><td>14,6 \u00b0C<\/td><td>15,6 \u00b0C<\/td><td>6,8 \u00b0C<\/td><td>11,3 \/ 30<\/td><\/tr><tr><td><strong>Szard\u00ednia<\/strong><br><span style=\"font-size:13px;color:#8a7a63\">Olaszorsz\u00e1g<\/span><\/td><td>14,5 \u00b0C<\/td><td>16,0 \u00b0C<\/td><td>8,5 \u00b0C<\/td><td>8,3 \/ 30<\/td><\/tr><tr><td><strong>Puglia<\/strong><br><span style=\"font-size:13px;color:#8a7a63\">Olaszorsz\u00e1g<\/span><\/td><td>14,4 \u00b0C<\/td><td>15,8 \u00b0C<\/td><td>8,1 \u00b0C<\/td><td>11,0 \/ 30<\/td><\/tr><tr><td><strong>Toszk\u00e1na (tengerpart)<\/strong><br><span style=\"font-size:13px;color:#8a7a63\">Olaszorsz\u00e1g<\/span><\/td><td>14,4 \u00b0C<\/td><td>14,8 \u00b0C<\/td><td>7,4 \u00b0C<\/td><td>9,1 \/ 30<\/td><\/tr><tr><td><strong>Split \u00e9s Makarska<\/strong><br><span style=\"font-size:13px;color:#8a7a63\">Horv\u00e1torsz\u00e1g<\/span><\/td><td>14,4 \u00b0C<\/td><td>14,7 \u00b0C<\/td><td>6,7 \u00b0C<\/td><td>9,5 \/ 30<\/td><\/tr><tr><td><strong>Budva<\/strong><br><span style=\"font-size:13px;color:#8a7a63\">Montenegr\u00f3<\/span><\/td><td>14,3 \u00b0C<\/td><td>14,6 \u00b0C<\/td><td>8,2 \u00b0C<\/td><td>14,1 \/ 30<\/td><\/tr><tr><td><strong>Az\u00farpart (Nizza)<\/strong><br><span style=\"font-size:13px;color:#8a7a63\">Franciaorsz\u00e1g<\/span><\/td><td>14,2 \u00b0C<\/td><td>15,4 \u00b0C<\/td><td>7,5 \u00b0C<\/td><td>6,8 \/ 30<\/td><\/tr><tr><td><strong>Costa Brava<\/strong><br><span style=\"font-size:13px;color:#8a7a63\">Spanyolorsz\u00e1g<\/span><\/td><td>14,0 \u00b0C<\/td><td>15,6 \u00b0C<\/td><td>7,9 \u00b0C<\/td><td>8,7 \/ 30<\/td><\/tr><tr><td><strong>Isztria<\/strong><br><span style=\"font-size:13px;color:#8a7a63\">Horv\u00e1torsz\u00e1g<\/span><\/td><td>12,5 \u00b0C<\/td><td>13,6 \u00b0C<\/td><td>7,4 \u00b0C<\/td><td>9,1 \/ 30<\/td><\/tr><tr><td><strong>Rimini \u00e9s az \u00e9szaki Adria<\/strong><br><span style=\"font-size:13px;color:#8a7a63\">Olaszorsz\u00e1g<\/span><\/td><td>12,1 \u00b0C<\/td><td>13,8 \u00b0C<\/td><td>5,9 \u00b0C<\/td><td>9,2 \/ 30<\/td><\/tr><tr><td><strong>Napospart<\/strong><br><span style=\"font-size:13px;color:#8a7a63\">Bulg\u00e1ria<\/span><\/td><td>8,8 \u00b0C<\/td><td>12,3 \u00b0C<\/td><td>3,9 \u00b0C<\/td><td>9,9 \/ 30<\/td><\/tr><tr><td><strong>New York (strandok)<\/strong><br><span style=\"font-size:13px;color:#8a7a63\">USA<\/span><\/td><td>6,5 \u00b0C<\/td><td>9,9 \u00b0C<\/td><td>0,6 \u00b0C<\/td><td>10,9 \/ 30<\/td><\/tr><\/tbody><\/table><figcaption class=\"wp-element-caption\">Tenger- \u00e9s leveg\u0151h\u0151m\u00e9rs\u00e9klet m\u00e1rciusban, a legmelegebb tengert\u0151l rendezve. A leveg\u0151 \u00e9s a csapad\u00e9k t\u00edz\u00e9ves \u00e1tlagok (2015\u20132024) az ERA5 reanal\u00edzisb\u0151l, a tenger h\u0151m\u00e9rs\u00e9klete a 2019\u20132024-es tengeri modellb\u0151l.<\/figcaption><\/figure>\n\n\n\n<p class=\"wp-block-paragraph\">Ha a tenger nem annyira vonz, \u00e9s ink\u00e1bb gyalogolni szeretn\u00e9l, ez a m\u00e1sodik t\u00e1bl\u00e1zat megmutatja, hol van ebben a h\u00f3napban ide\u00e1lis h\u0151m\u00e9rs\u00e9klet a v\u00e1rosn\u00e9z\u00e9shez, t\u00far\u00e1z\u00e1shoz \u00e9s felfedez\u00e9shez.<\/p>\n\n\n\n<figure class=\"wp-block-table is-style-stripes\" style=\"overflow-x:auto\"><table><thead><tr><th>\u00dati c\u00e9l<\/th><th>Leveg\u0151 nappal<\/th><th>\u00c9jszaka<\/th><th>Csapad\u00e9kos napok<\/th><th>Naps\u00fct\u00e9s\/nap<\/th><\/tr><\/thead><tbody><tr><td><strong>Marr\u00e1kes<\/strong><br><span style=\"font-size:13px;color:#8a7a63\">Marokk\u00f3<\/span><\/td><td>23,2 \u00b0C<\/td><td>8,7 \u00b0C<\/td><td>6,7 \/ 30<\/td><td>10,2 \u00f3<\/td><\/tr><tr><td><strong>Lisszabon<\/strong><br><span style=\"font-size:13px;color:#8a7a63\">Portug\u00e1lia<\/span><\/td><td>17,2 \u00b0C<\/td><td>10,3 \u00b0C<\/td><td>8,9 \/ 30<\/td><td>9,9 \u00f3<\/td><\/tr><tr><td><strong>R\u00f3ma<\/strong><br><span style=\"font-size:13px;color:#8a7a63\">Olaszorsz\u00e1g<\/span><\/td><td>16,3 \u00b0C<\/td><td>6,3 \u00b0C<\/td><td>10,4 \/ 30<\/td><td>9,3 \u00f3<\/td><\/tr><tr><td><strong>Barcelona<\/strong><br><span style=\"font-size:13px;color:#8a7a63\">Spanyolorsz\u00e1g<\/span><\/td><td>16,1 \u00b0C<\/td><td>7,7 \u00b0C<\/td><td>7,1 \/ 30<\/td><td>9,8 \u00f3<\/td><\/tr><tr><td><strong>Ath\u00e9n<\/strong><br><span style=\"font-size:13px;color:#8a7a63\">G\u00f6r\u00f6gorsz\u00e1g<\/span><\/td><td>15,7 \u00b0C<\/td><td>7,8 \u00b0C<\/td><td>7,4 \/ 30<\/td><td>9,6 \u00f3<\/td><\/tr><tr><td><strong>San Francisco<\/strong><br><span style=\"font-size:13px;color:#8a7a63\">USA<\/span><\/td><td>15,4 \u00b0C<\/td><td>9,2 \u00b0C<\/td><td>10,7 \/ 30<\/td><td>9,4 \u00f3<\/td><\/tr><tr><td><strong>Toki\u00f3<\/strong><br><span style=\"font-size:13px;color:#8a7a63\">Jap\u00e1n<\/span><\/td><td>14,3 \u00b0C<\/td><td>5,1 \u00b0C<\/td><td>11,4 \/ 30<\/td><td>8,1 \u00f3<\/td><\/tr><tr><td><strong>Budapest<\/strong><br><span style=\"font-size:13px;color:#8a7a63\">Magyarorsz\u00e1g<\/span><\/td><td>11,9 \u00b0C<\/td><td>1,9 \u00b0C<\/td><td>7,7 \/ 30<\/td><td>8,4 \u00f3<\/td><\/tr><tr><td><strong>Interlaken<\/strong><br><span style=\"font-size:13px;color:#8a7a63\">Sv\u00e1jc<\/span><\/td><td>10,9 \u00b0C<\/td><td>2,6 \u00b0C<\/td><td>14,6 \/ 30<\/td><td>8,2 \u00f3<\/td><\/tr><tr><td><strong>D\u00e9l-Morvaorsz\u00e1g (Mikulov)<\/strong><br><span style=\"font-size:13px;color:#8a7a63\">Csehorsz\u00e1g<\/span><\/td><td>10,7 \u00b0C<\/td><td>1,1 \u00b0C<\/td><td>7,1 \/ 30<\/td><td>8,3 \u00f3<\/td><\/tr><tr><td><strong>Bled<\/strong><br><span style=\"font-size:13px;color:#8a7a63\">Szlov\u00e9nia<\/span><\/td><td>10,3 \u00b0C<\/td><td>1,2 \u00b0C<\/td><td>11,0 \/ 30<\/td><td>8,1 \u00f3<\/td><\/tr><tr><td><strong>Pr\u00e1ga<\/strong><br><span style=\"font-size:13px;color:#8a7a63\">Csehorsz\u00e1g<\/span><\/td><td>10,2 \u00b0C<\/td><td>0,9 \u00b0C<\/td><td>9,7 \/ 30<\/td><td>7,7 \u00f3<\/td><\/tr><tr><td><strong>Krakk\u00f3<\/strong><br><span style=\"font-size:13px;color:#8a7a63\">Lengyelorsz\u00e1g<\/span><\/td><td>9,6 \u00b0C<\/td><td>0,1 \u00b0C<\/td><td>11,5 \/ 30<\/td><td>7,5 \u00f3<\/td><\/tr><tr><td><strong>Zell am See<\/strong><br><span style=\"font-size:13px;color:#8a7a63\">Ausztria<\/span><\/td><td>9,5 \u00b0C<\/td><td>-0,4 \u00b0C<\/td><td>14,6 \/ 30<\/td><td>8,2 \u00f3<\/td><\/tr><tr><td><strong>Bergen \u00e9s a fjordok<\/strong><br><span style=\"font-size:13px;color:#8a7a63\">Norv\u00e9gia<\/span><\/td><td>5,8 \u00b0C<\/td><td>-0,3 \u00b0C<\/td><td>18,2 \/ 30<\/td><td>5,7 \u00f3<\/td><\/tr><tr><td><strong>Cortina d&#8217;Ampezzo (Dolomitok)<\/strong><br><span style=\"font-size:13px;color:#8a7a63\">Olaszorsz\u00e1g<\/span><\/td><td>5,7 \u00b0C<\/td><td>-3,1 \u00b0C<\/td><td>11,2 \/ 30<\/td><td>8,8 \u00f3<\/td><\/tr><tr><td><strong>Toronto<\/strong><br><span style=\"font-size:13px;color:#8a7a63\">Kanada<\/span><\/td><td>4,9 \u00b0C<\/td><td>-2,7 \u00b0C<\/td><td>10,2 \/ 30<\/td><td>7,5 \u00f3<\/td><\/tr><tr><td><strong>Reykjav\u00edk<\/strong><br><span style=\"font-size:13px;color:#8a7a63\">Izland<\/span><\/td><td>3,1 \u00b0C<\/td><td>-1,5 \u00b0C<\/td><td>16,8 \/ 30<\/td><td>6,1 \u00f3<\/td><\/tr><tr><td><strong>Magas-T\u00e1tra (Csorba-t\u00f3)<\/strong><br><span style=\"font-size:13px;color:#8a7a63\">Szlov\u00e1kia<\/span><\/td><td>1,4 \u00b0C<\/td><td>-5,4 \u00b0C<\/td><td>12,7 \/ 30<\/td><td>8,2 \u00f3<\/td><\/tr><tr><td><strong>Anchorage<\/strong><br><span style=\"font-size:13px;color:#8a7a63\">USA<\/span><\/td><td>0,7 \u00b0C<\/td><td>-6,9 \u00b0C<\/td><td>9,8 \/ 30<\/td><td>7,5 \u00f3<\/td><\/tr><\/tbody><\/table><figcaption class=\"wp-element-caption\">V\u00e1rosok, hegyek \u00e9s \u00e9szak m\u00e1rciusban. T\u00edz\u00e9ves \u00e1tlagok 2015\u20132024 (ERA5 reanal\u00edzis).<\/figcaption><\/figure>\n\n\n\n<p class=\"wp-block-paragraph\">\ud83d\udca1 <strong>Tipp:<\/strong> A m\u00e1rcius \u00e1tmeneti h\u00f3nap: D\u00e9l-Eur\u00f3p\u00e1ban m\u00e1r vir\u00e1gzik minden, de a tenger m\u00e9g hideg. N\u00e9zd \u00e1t az <a href=\"https:\/\/www.stay22.com\/allez\/roam?aid=lukaskonecny&#038;campaign=loudavymkrokemcz&#038;campaign=kam-na-dovolenou-v-breznu&#038;address=Kan%C3%A1rsk%C3%A9%20ostrovy\" target=\"_blank\" rel=\"nofollow noopener sponsored\">aktu\u00e1lis sz\u00e1ll\u00e1sk\u00edn\u00e1latot<\/a>, \u00e9s hasonl\u00edtsd \u00f6ssze a tavaszi sz\u00fcnet el\u0151tti \u00e9s ut\u00e1ni id\u0151pontokat, az \u00e1rk\u00fcl\u00f6nbs\u00e9g jellemz\u0151en jelent\u0151s.<\/p>\n\n\n\n<h2 class=\"wp-block-heading\"><span class=\"ez-toc-section\" id=\"22_tipp_hova_utazz_marciusban\"><\/span>22 tipp, hov\u00e1 utazz m\u00e1rciusban<span class=\"ez-toc-section-end\"><\/span><\/h2>\n\n\n\n<p class=\"wp-block-paragraph\">Ha el akarsz sz\u00f6kni a hideg napok el\u0151l <strong>Magyarorsz\u00e1gon<\/strong>, <strong>akkor \u00f6sszev\u00e1logattam neked 22 tippet, hov\u00e1 utazz m\u00e1rciusban, ak\u00e1r a gyerekekkel, ak\u00e1r n\u00e9lk\u00fcl\u00fck.<\/strong><\/p>\n\n\n\n<p class=\"wp-block-paragraph\"><strong>TIPP:<\/strong> Ha nem szeretn\u00e9l ezekre az \u00fati c\u00e9lokra a saj\u00e1t szak\u00e1lladra utazni, akkor v\u00e1laszd valamelyik szervezett utat egy megb\u00edzhat\u00f3 utaz\u00e1si irod\u00e1n\u00e1l.<\/p>\n\n\n\n<h3 class=\"wp-block-heading\"><span class=\"ez-toc-section\" id=\"Mauritius\"><\/span>Mauritius<span class=\"ez-toc-section-end\"><\/span><\/h3>\n\n\n\n<p class=\"wp-block-paragraph\">Mauritius tr\u00f3pusi paradicsom az Indiai-\u00f3ce\u00e1nban. A szigetet feh\u00e9r homokos strandjai, t\u00fcrkizk\u00e9k tengere \u00e9s luxus \u00fcd\u00fcl\u0151helyei tett\u00e9k ismertt\u00e9. A napoz\u00e1son \u00e9s f\u00fcrd\u0151z\u00e9sen k\u00edv\u00fcl aj\u00e1nljuk a pamplemousses-i botanikus kert felfedez\u00e9s\u00e9t, amely tele van egzotikus n\u00f6v\u00e9nyekkel, vagy Chamarelt \u2013 az egyed\u00fcl\u00e1ll\u00f3 \u201eH\u00e9t sz\u00edn f\u00f6ldje&#8221; nev\u0171 geol\u00f3giai form\u00e1ci\u00f3t. A gyermekes csal\u00e1doknak remek v\u00e1laszt\u00e1s Grand Baie k\u00f6rny\u00e9ke, ahol sz\u00f3rakoztat\u00f3 programokat, gyerekklubokat \u00e9s sz\u00e9p strandokat tal\u00e1lsz.<\/p>\n\n\n\n<p class=\"wp-block-paragraph\"><strong>Sz\u00e1ll\u00e1stipp:<\/strong> <strong><a class=\"thirstylink\" rel=\"nofollow\" target=\"_blank\" title=\"Mauricia Beachcomber Resort &#038; Spa\" href=\"https:\/\/loudavymkrokem.cz\/doporucujeme\/mauricia-beachcomber-resort-spa\/\" data-shortcode=\"true\">Mauricia Beachcomber Resort &amp; Spa<\/a><\/strong><\/p>\n\n\n\n<figure data-wp-context=\"{&quot;imageId&quot;:&quot;6a98ab374bd45&quot;}\" data-wp-interactive=\"core\/image\" data-wp-key=\"6a98ab374bd45\" class=\"wp-block-image size-full wp-lightbox-container\"><img decoding=\"async\" width=\"1200\" height=\"630\" data-wp-class--hide=\"state.isContentHidden\" data-wp-class--show=\"state.isContentVisible\" data-wp-init=\"callbacks.setButtonStyles\" data-wp-on--click=\"actions.showLightbox\" data-wp-on--load=\"callbacks.setButtonStyles\" data-wp-on--pointerdown=\"actions.preloadImage\" data-wp-on--pointerenter=\"actions.preloadImageWithDelay\" data-wp-on--pointerleave=\"actions.cancelPreload\" data-wp-on-window--resize=\"callbacks.setButtonStyles\" src=\"https:\/\/loudavymkrokem.cz\/wp-content\/uploads\/2025\/01\/mauricius-1.jpg\" alt=\"Mauritius\" class=\"wp-image-92648\" title=\"\" srcset=\"https:\/\/loudavymkrokem.cz\/wp-content\/uploads\/2025\/01\/mauricius-1.jpg 1200w, https:\/\/loudavymkrokem.cz\/wp-content\/uploads\/2025\/01\/mauricius-1-300x158.jpg 300w, https:\/\/loudavymkrokem.cz\/wp-content\/uploads\/2025\/01\/mauricius-1-700x368.jpg 700w, https:\/\/loudavymkrokem.cz\/wp-content\/uploads\/2025\/01\/mauricius-1-768x403.jpg 768w, https:\/\/loudavymkrokem.cz\/wp-content\/uploads\/2025\/01\/mauricius-1-696x365.jpg 696w\" sizes=\"(max-width: 1200px) 100vw, 1200px\" \/><button\n\t\t\tclass=\"lightbox-trigger\"\n\t\t\ttype=\"button\"\n\t\t\taria-haspopup=\"dialog\"\n\t\t\tdata-wp-bind--aria-label=\"state.thisImage.triggerButtonAriaLabel\"\n\t\t\tdata-wp-init=\"callbacks.initTriggerButton\"\n\t\t\tdata-wp-on--click=\"actions.showLightbox\"\n\t\t\tdata-wp-style--right=\"state.thisImage.buttonRight\"\n\t\t\tdata-wp-style--top=\"state.thisImage.buttonTop\"\n\t\t>\n\t\t\t<svg xmlns=\"http:\/\/www.w3.org\/2000\/svg\" width=\"12\" height=\"12\" fill=\"none\" viewBox=\"0 0 12 12\">\n\t\t\t\t<path fill=\"#fff\" d=\"M2 0a2 2 0 0 0-2 2v2h1.5V2a.5.5 0 0 1 .5-.5h2V0H2Zm2 10.5H2a.5.5 0 0 1-.5-.5V8H0v2a2 2 0 0 0 2 2h2v-1.5ZM8 12v-1.5h2a.5.5 0 0 0 .5-.5V8H12v2a2 2 0 0 1-2 2H8Zm2-12a2 2 0 0 1 2 2v2h-1.5V2a.5.5 0 0 0-.5-.5H8V0h2Z\" \/>\n\t\t\t<\/svg>\n\t\t<\/button><figcaption class=\"wp-element-caption\">Mauritius<\/figcaption><\/figure>\n\n\n\n<h3 class=\"wp-block-heading\"><span class=\"ez-toc-section\" id=\"Dubaj\"><\/span>Dubaj<span class=\"ez-toc-section-end\"><\/span><\/h3>\n\n\n\n<p class=\"wp-block-paragraph\"><strong><a href=\"https:\/\/loudavymkrokem.cz\/hu\/dubaj-latnivalok-tippek\/\" data-type=\"link\" data-id=\"https:\/\/loudavymkrokem.cz\/dubaj-dovolena\/\" target=\"_blank\" rel=\"noreferrer noopener\">Dubaj<\/a><\/strong> a luxus \u00e9s a modern \u00e9p\u00edt\u00e9szet szinonim\u00e1ja. M\u00e1rciusban kellemes az id\u0151j\u00e1r\u00e1s, ide\u00e1lis a v\u00e1ros felfedez\u00e9s\u00e9hez. A gyerekekre itt v\u00e1r a Dubai Aquarium, az Aquaventure v\u00edzi park vagy a Legoland. A p\u00e1rok \u00e9lvezhetnek egy romantikus sivatagi kir\u00e1ndul\u00e1st, haj\u00f3s vacsor\u00e1t vagy egy s\u00e9t\u00e1t a Jumeirah strandon. Ha a v\u00e1s\u00e1rl\u00e1s vonz, a Dubai Mall a boltok \u00e9s l\u00e1tv\u00e1nyoss\u00e1gok kimer\u00edthetetlen t\u00e1rh\u00e1za, korcsolyap\u00e1ly\u00e1val \u00e9s egy hatalmas akv\u00e1riummal egy\u00fctt.<\/p>\n\n\n\n<p class=\"wp-block-paragraph\"><strong>Sz\u00e1ll\u00e1stipp:<\/strong> <strong><a href=\"https:\/\/www.stay22.com\/allez\/roam?aid=lukaskonecny&amp;campaign=loudavymkrokemcz-kamnadovolenouvunoru&amp;product=lma&amp;habl=false&amp;isinc=false&amp;sid22=b4bb4beb-3040-4cfa-a13f-5d915011e66d&amp;source=direct&amp;medium=hyperlink&amp;address=Atlantis+The+Royal%2C+Dubai%2C+United+Arab+Emirates&amp;hotelname=Atlantis+The+Royal&amp;category=accommodation\" target=\"_blank\" rel=\"noreferrer noopener\">Atlantis The Royal<\/a>&nbsp;<\/strong><\/p>\n\n\n\n<figure data-wp-context=\"{&quot;imageId&quot;:&quot;6a98ab374c1a5&quot;}\" data-wp-interactive=\"core\/image\" data-wp-key=\"6a98ab374c1a5\" class=\"wp-block-image size-full wp-lightbox-container\"><img decoding=\"async\" width=\"1200\" height=\"630\" data-wp-class--hide=\"state.isContentHidden\" data-wp-class--show=\"state.isContentVisible\" data-wp-init=\"callbacks.setButtonStyles\" data-wp-on--click=\"actions.showLightbox\" data-wp-on--load=\"callbacks.setButtonStyles\" data-wp-on--pointerdown=\"actions.preloadImage\" data-wp-on--pointerenter=\"actions.preloadImageWithDelay\" data-wp-on--pointerleave=\"actions.cancelPreload\" data-wp-on-window--resize=\"callbacks.setButtonStyles\" src=\"https:\/\/loudavymkrokem.cz\/wp-content\/uploads\/2025\/01\/dubaj.jpg\" alt=\"Dubaj\" class=\"wp-image-91797\" title=\"\" srcset=\"https:\/\/loudavymkrokem.cz\/wp-content\/uploads\/2025\/01\/dubaj.jpg 1200w, https:\/\/loudavymkrokem.cz\/wp-content\/uploads\/2025\/01\/dubaj-300x158.jpg 300w, https:\/\/loudavymkrokem.cz\/wp-content\/uploads\/2025\/01\/dubaj-700x368.jpg 700w, https:\/\/loudavymkrokem.cz\/wp-content\/uploads\/2025\/01\/dubaj-768x403.jpg 768w, https:\/\/loudavymkrokem.cz\/wp-content\/uploads\/2025\/01\/dubaj-696x365.jpg 696w\" sizes=\"(max-width: 1200px) 100vw, 1200px\" \/><button\n\t\t\tclass=\"lightbox-trigger\"\n\t\t\ttype=\"button\"\n\t\t\taria-haspopup=\"dialog\"\n\t\t\tdata-wp-bind--aria-label=\"state.thisImage.triggerButtonAriaLabel\"\n\t\t\tdata-wp-init=\"callbacks.initTriggerButton\"\n\t\t\tdata-wp-on--click=\"actions.showLightbox\"\n\t\t\tdata-wp-style--right=\"state.thisImage.buttonRight\"\n\t\t\tdata-wp-style--top=\"state.thisImage.buttonTop\"\n\t\t>\n\t\t\t<svg xmlns=\"http:\/\/www.w3.org\/2000\/svg\" width=\"12\" height=\"12\" fill=\"none\" viewBox=\"0 0 12 12\">\n\t\t\t\t<path fill=\"#fff\" d=\"M2 0a2 2 0 0 0-2 2v2h1.5V2a.5.5 0 0 1 .5-.5h2V0H2Zm2 10.5H2a.5.5 0 0 1-.5-.5V8H0v2a2 2 0 0 0 2 2h2v-1.5ZM8 12v-1.5h2a.5.5 0 0 0 .5-.5V8H12v2a2 2 0 0 1-2 2H8Zm2-12a2 2 0 0 1 2 2v2h-1.5V2a.5.5 0 0 0-.5-.5H8V0h2Z\" \/>\n\t\t\t<\/svg>\n\t\t<\/button><figcaption class=\"wp-element-caption\">Dubaj<\/figcaption><\/figure>\n\n\n\n<h3 class=\"wp-block-heading\"><span class=\"ez-toc-section\" id=\"Thaifold\"><\/span>Thaif\u00f6ld<span class=\"ez-toc-section-end\"><\/span><\/h3>\n\n\n\n<p class=\"wp-block-paragraph\">M\u00e1rciusban Thaif\u00f6ld\u00f6n sz\u00e1raz \u00e9s napos az id\u0151. Az olyan szigetek, mint Phuket, Krabi vagy <strong><a href=\"https:\/\/loudavymkrokem.cz\/hu\/koh-samui-thaifold-latnivalok\/\" data-type=\"link\" data-id=\"https:\/\/loudavymkrokem.cz\/koh-samui\/\" target=\"_blank\" rel=\"noreferrer noopener\">Koh Samui<\/a><\/strong>, csod\u00e1latos strandokat, tr\u00f3pusi term\u00e9szetet \u00e9s remek konyh\u00e1t k\u00edn\u00e1lnak. Phuketen sok programot tal\u00e1lsz a csal\u00e1doknak, p\u00e9ld\u00e1ul a Phuket FantaSea sz\u00f3rakoztat\u00f3 parkot. Ha nyugalomra v\u00e1gysz, pr\u00f3b\u00e1ld ki a kisebb szigeteket, mint Koh Lanta vagy Koh Tao. Thaif\u00f6ld ide\u00e1lis a b\u00fav\u00e1rkod\u00e1s \u00e9s a snorkelez\u00e9s szerelmeseinek is \u2013 az Andam\u00e1n-tenger v\u00edz alatti vil\u00e1ga igaz\u00e1n meg\u00e9ri.<\/p>\n\n\n\n<p class=\"wp-block-paragraph\"><strong>Sz\u00e1ll\u00e1stipp:<\/strong> <strong><a class=\"thirstylink\" rel=\"nofollow\" target=\"_blank\" title=\"Amaya Resort\" href=\"https:\/\/loudavymkrokem.cz\/doporucujeme\/amaya-resort-2\/\" data-shortcode=\"true\">Amaya Resort<\/a><\/strong> vagy <a class=\"thirstylink\" rel=\"nofollow\" target=\"_blank\" title=\"Sasitara Thai Villas\" href=\"https:\/\/loudavymkrokem.cz\/doporucujeme\/sasitara-thai-villas-2\/\" data-shortcode=\"true\"><strong>Sasitara Thai Villas<\/strong><\/a><\/p>\n\n\n\n<figure data-wp-context=\"{&quot;imageId&quot;:&quot;6a98ab374c663&quot;}\" data-wp-interactive=\"core\/image\" data-wp-key=\"6a98ab374c663\" class=\"wp-block-image size-full wp-lightbox-container\"><img decoding=\"async\" width=\"1200\" height=\"800\" data-wp-class--hide=\"state.isContentHidden\" data-wp-class--show=\"state.isContentVisible\" data-wp-init=\"callbacks.setButtonStyles\" data-wp-on--click=\"actions.showLightbox\" data-wp-on--load=\"callbacks.setButtonStyles\" data-wp-on--pointerdown=\"actions.preloadImage\" data-wp-on--pointerenter=\"actions.preloadImageWithDelay\" data-wp-on--pointerleave=\"actions.cancelPreload\" data-wp-on-window--resize=\"callbacks.setButtonStyles\" src=\"https:\/\/loudavymkrokem.cz\/wp-content\/uploads\/2024\/11\/thajsko.jpg\" alt=\"Thaif\u00f6ld\" class=\"wp-image-90831\" title=\"\" srcset=\"https:\/\/loudavymkrokem.cz\/wp-content\/uploads\/2024\/11\/thajsko.jpg 1200w, https:\/\/loudavymkrokem.cz\/wp-content\/uploads\/2024\/11\/thajsko-300x200.jpg 300w, https:\/\/loudavymkrokem.cz\/wp-content\/uploads\/2024\/11\/thajsko-700x467.jpg 700w, https:\/\/loudavymkrokem.cz\/wp-content\/uploads\/2024\/11\/thajsko-768x512.jpg 768w, https:\/\/loudavymkrokem.cz\/wp-content\/uploads\/2024\/11\/thajsko-696x464.jpg 696w\" sizes=\"(max-width: 1200px) 100vw, 1200px\" \/><button\n\t\t\tclass=\"lightbox-trigger\"\n\t\t\ttype=\"button\"\n\t\t\taria-haspopup=\"dialog\"\n\t\t\tdata-wp-bind--aria-label=\"state.thisImage.triggerButtonAriaLabel\"\n\t\t\tdata-wp-init=\"callbacks.initTriggerButton\"\n\t\t\tdata-wp-on--click=\"actions.showLightbox\"\n\t\t\tdata-wp-style--right=\"state.thisImage.buttonRight\"\n\t\t\tdata-wp-style--top=\"state.thisImage.buttonTop\"\n\t\t>\n\t\t\t<svg xmlns=\"http:\/\/www.w3.org\/2000\/svg\" width=\"12\" height=\"12\" fill=\"none\" viewBox=\"0 0 12 12\">\n\t\t\t\t<path fill=\"#fff\" d=\"M2 0a2 2 0 0 0-2 2v2h1.5V2a.5.5 0 0 1 .5-.5h2V0H2Zm2 10.5H2a.5.5 0 0 1-.5-.5V8H0v2a2 2 0 0 0 2 2h2v-1.5ZM8 12v-1.5h2a.5.5 0 0 0 .5-.5V8H12v2a2 2 0 0 1-2 2H8Zm2-12a2 2 0 0 1 2 2v2h-1.5V2a.5.5 0 0 0-.5-.5H8V0h2Z\" \/>\n\t\t\t<\/svg>\n\t\t<\/button><figcaption class=\"wp-element-caption\">Thaif\u00f6ld<\/figcaption><\/figure>\n\n\n\n<h3 class=\"wp-block-heading\"><span class=\"ez-toc-section\" id=\"Kanari-szigetek\"><\/span>Kan\u00e1ri-szigetek<span class=\"ez-toc-section-end\"><\/span><\/h3>\n\n\n\n<p class=\"wp-block-paragraph\">A Kan\u00e1ri-szigetek remek v\u00e1laszt\u00e1s, ha otthon k\u00f6zel\u00e9ben keresel naps\u00fct\u00e9st. Tenerife a Pico del Teide vulk\u00e1nr\u00f3l \u00e9s gy\u00f6ny\u00f6r\u0171 strandjair\u00f3l ismert, Gran Canaria pedig a csod\u00e1latos maspalomasi homokd\u0171n\u00e9ket k\u00edn\u00e1lja. A csal\u00e1doknak Lanzarote is megfelel\u0151, ahol megtal\u00e1lod a Timanfaya vulk\u00e1nparkot \u00e9s interakt\u00edv m\u00fazeumokat. A Kan\u00e1ri-szigetek szuper a kikapcsol\u00f3d\u00e1shoz, a t\u00far\u00e1z\u00e1shoz \u00e9s a v\u00edzi sportokhoz is.<\/p>\n\n\n\n<p class=\"wp-block-paragraph\"><strong>Sz\u00e1ll\u00e1stipp:<\/strong> <strong><a class=\"thirstylink\" rel=\"nofollow\" target=\"_blank\" title=\"Marina Elite\" href=\"https:\/\/loudavymkrokem.cz\/doporucujeme\/marina-elite\/\" data-shortcode=\"true\">Marina Elite<\/a> <\/strong>vagy <strong><a class=\"thirstylink\" rel=\"nofollow\" target=\"_blank\" title=\"Fuerteventura Princess\" href=\"https:\/\/loudavymkrokem.cz\/doporucujeme\/fuerteventura-princess\/\" data-shortcode=\"true\">Fuerteventura Princess<\/a><\/strong>.<\/p>\n\n\n\n<figure data-wp-context=\"{&quot;imageId&quot;:&quot;6a98ab374cac0&quot;}\" data-wp-interactive=\"core\/image\" data-wp-key=\"6a98ab374cac0\" class=\"wp-block-image size-full wp-lightbox-container\"><img decoding=\"async\" width=\"1800\" height=\"1200\" data-wp-class--hide=\"state.isContentHidden\" data-wp-class--show=\"state.isContentVisible\" data-wp-init=\"callbacks.setButtonStyles\" data-wp-on--click=\"actions.showLightbox\" data-wp-on--load=\"callbacks.setButtonStyles\" data-wp-on--pointerdown=\"actions.preloadImage\" data-wp-on--pointerenter=\"actions.preloadImageWithDelay\" data-wp-on--pointerleave=\"actions.cancelPreload\" data-wp-on-window--resize=\"callbacks.setButtonStyles\" src=\"https:\/\/loudavymkrokem.cz\/wp-content\/uploads\/2024\/11\/kanarske-ostrovy.jpg\" alt=\"Kan\u00e1ri-szigetek\" class=\"wp-image-90841\" title=\"\" srcset=\"https:\/\/loudavymkrokem.cz\/wp-content\/uploads\/2024\/11\/kanarske-ostrovy.jpg 1800w, https:\/\/loudavymkrokem.cz\/wp-content\/uploads\/2024\/11\/kanarske-ostrovy-300x200.jpg 300w, https:\/\/loudavymkrokem.cz\/wp-content\/uploads\/2024\/11\/kanarske-ostrovy-700x467.jpg 700w, https:\/\/loudavymkrokem.cz\/wp-content\/uploads\/2024\/11\/kanarske-ostrovy-768x512.jpg 768w, https:\/\/loudavymkrokem.cz\/wp-content\/uploads\/2024\/11\/kanarske-ostrovy-1536x1024.jpg 1536w, https:\/\/loudavymkrokem.cz\/wp-content\/uploads\/2024\/11\/kanarske-ostrovy-696x464.jpg 696w, https:\/\/loudavymkrokem.cz\/wp-content\/uploads\/2024\/11\/kanarske-ostrovy-1392x928.jpg 1392w\" sizes=\"(max-width: 1800px) 100vw, 1800px\" \/><button\n\t\t\tclass=\"lightbox-trigger\"\n\t\t\ttype=\"button\"\n\t\t\taria-haspopup=\"dialog\"\n\t\t\tdata-wp-bind--aria-label=\"state.thisImage.triggerButtonAriaLabel\"\n\t\t\tdata-wp-init=\"callbacks.initTriggerButton\"\n\t\t\tdata-wp-on--click=\"actions.showLightbox\"\n\t\t\tdata-wp-style--right=\"state.thisImage.buttonRight\"\n\t\t\tdata-wp-style--top=\"state.thisImage.buttonTop\"\n\t\t>\n\t\t\t<svg xmlns=\"http:\/\/www.w3.org\/2000\/svg\" width=\"12\" height=\"12\" fill=\"none\" viewBox=\"0 0 12 12\">\n\t\t\t\t<path fill=\"#fff\" d=\"M2 0a2 2 0 0 0-2 2v2h1.5V2a.5.5 0 0 1 .5-.5h2V0H2Zm2 10.5H2a.5.5 0 0 1-.5-.5V8H0v2a2 2 0 0 0 2 2h2v-1.5ZM8 12v-1.5h2a.5.5 0 0 0 .5-.5V8H12v2a2 2 0 0 1-2 2H8Zm2-12a2 2 0 0 1 2 2v2h-1.5V2a.5.5 0 0 0-.5-.5H8V0h2Z\" \/>\n\t\t\t<\/svg>\n\t\t<\/button><figcaption class=\"wp-element-caption\">Kan\u00e1ri-szigetek<\/figcaption><\/figure>\n\n\n\n<h3 class=\"wp-block-heading\"><span class=\"ez-toc-section\" id=\"Florida\"><\/span>Florida<span class=\"ez-toc-section-end\"><\/span><\/h3>\n\n\n\n<p class=\"wp-block-paragraph\">Florida a v\u00e9gtelen sz\u00f3rakoz\u00e1s \u00e9s a pihen\u00e9s t\u00f6k\u00e9letes kombin\u00e1ci\u00f3j\u00e1t k\u00edn\u00e1lja. Ha gyerekekkel utazol, nem hagyhatod ki az orland\u00f3i vid\u00e1mparkokat, mint a Disney World vagy a Universal Studios. A strandok szerelmesei \u00e9lvezhetik a lust\u00e1lkod\u00e1st Miamiban vagy Key Weston. A p\u00e1roknak a romantikus naplement\u00e9ket aj\u00e1nljuk a Clearwater strandon. Florid\u00e1nak a term\u00e9szetkedvel\u0151k sz\u00e1m\u00e1ra is van mit k\u00edn\u00e1lnia \u2013 az Everglades az alig\u00e1torok \u00e9s az egyed\u00fcl\u00e1ll\u00f3 \u00e9l\u0151vil\u00e1g otthona.<\/p>\n\n\n\n<p class=\"wp-block-paragraph\"><strong>Sz\u00e1ll\u00e1stipp:<\/strong> <strong><a class=\"thirstylink\" rel=\"nofollow\" target=\"_blank\" title=\"Best Western Plus Oceanside Inn\" href=\"https:\/\/loudavymkrokem.cz\/doporucujeme\/best-western-plus-oceanside-inn\/\" data-shortcode=\"true\">Best Western Plus Oceanside Inn<\/a><\/strong><\/p>\n\n\n\n<figure data-wp-context=\"{&quot;imageId&quot;:&quot;6a98ab374cf7f&quot;}\" data-wp-interactive=\"core\/image\" data-wp-key=\"6a98ab374cf7f\" class=\"wp-block-image size-full wp-lightbox-container\"><img decoding=\"async\" width=\"1200\" height=\"630\" data-wp-class--hide=\"state.isContentHidden\" data-wp-class--show=\"state.isContentVisible\" data-wp-init=\"callbacks.setButtonStyles\" data-wp-on--click=\"actions.showLightbox\" data-wp-on--load=\"callbacks.setButtonStyles\" data-wp-on--pointerdown=\"actions.preloadImage\" data-wp-on--pointerenter=\"actions.preloadImageWithDelay\" data-wp-on--pointerleave=\"actions.cancelPreload\" data-wp-on-window--resize=\"callbacks.setButtonStyles\" src=\"https:\/\/loudavymkrokem.cz\/wp-content\/uploads\/2025\/01\/florida.jpg\" alt=\"Florida\" class=\"wp-image-92643\" title=\"\" srcset=\"https:\/\/loudavymkrokem.cz\/wp-content\/uploads\/2025\/01\/florida.jpg 1200w, https:\/\/loudavymkrokem.cz\/wp-content\/uploads\/2025\/01\/florida-300x158.jpg 300w, https:\/\/loudavymkrokem.cz\/wp-content\/uploads\/2025\/01\/florida-700x368.jpg 700w, https:\/\/loudavymkrokem.cz\/wp-content\/uploads\/2025\/01\/florida-768x403.jpg 768w, https:\/\/loudavymkrokem.cz\/wp-content\/uploads\/2025\/01\/florida-696x365.jpg 696w\" sizes=\"(max-width: 1200px) 100vw, 1200px\" \/><button\n\t\t\tclass=\"lightbox-trigger\"\n\t\t\ttype=\"button\"\n\t\t\taria-haspopup=\"dialog\"\n\t\t\tdata-wp-bind--aria-label=\"state.thisImage.triggerButtonAriaLabel\"\n\t\t\tdata-wp-init=\"callbacks.initTriggerButton\"\n\t\t\tdata-wp-on--click=\"actions.showLightbox\"\n\t\t\tdata-wp-style--right=\"state.thisImage.buttonRight\"\n\t\t\tdata-wp-style--top=\"state.thisImage.buttonTop\"\n\t\t>\n\t\t\t<svg xmlns=\"http:\/\/www.w3.org\/2000\/svg\" width=\"12\" height=\"12\" fill=\"none\" viewBox=\"0 0 12 12\">\n\t\t\t\t<path fill=\"#fff\" d=\"M2 0a2 2 0 0 0-2 2v2h1.5V2a.5.5 0 0 1 .5-.5h2V0H2Zm2 10.5H2a.5.5 0 0 1-.5-.5V8H0v2a2 2 0 0 0 2 2h2v-1.5ZM8 12v-1.5h2a.5.5 0 0 0 .5-.5V8H12v2a2 2 0 0 1-2 2H8Zm2-12a2 2 0 0 1 2 2v2h-1.5V2a.5.5 0 0 0-.5-.5H8V0h2Z\" \/>\n\t\t\t<\/svg>\n\t\t<\/button><figcaption class=\"wp-element-caption\">Florida<\/figcaption><\/figure>\n\n\n\n<h3 class=\"wp-block-heading\"><span class=\"ez-toc-section\" id=\"Dominikai_Koztarsasag\"><\/span>Dominikai K\u00f6zt\u00e1rsas\u00e1g<span class=\"ez-toc-section-end\"><\/span><\/h3>\n\n\n\n<p class=\"wp-block-paragraph\">A Dominikai K\u00f6zt\u00e1rsas\u00e1g a Karib-t\u00e9rs\u00e9g egyik legn\u00e9pszer\u0171bb \u00fati c\u00e9lja. Punta Cana all-inclusive \u00fcd\u00fcl\u0151helyeket k\u00edn\u00e1l minden k\u00e9nyelemmel. Ha t\u00f6bb kalandra v\u00e1gysz, l\u00e1togass el a Saman\u00e1-f\u00e9lszigetre, ahol b\u00e1ln\u00e1kat l\u00e1thatsz vagy s\u00e9t\u00e1lhatsz a tr\u00f3pusi es\u0151erd\u0151ben. A m\u00e1rcius ide\u00e1lis id\u0151pont a snorkelez\u00e9shez \u00e9s a b\u00fav\u00e1rkod\u00e1shoz, mivel a v\u00edz meleg \u00e9s krist\u00e1lytiszta.<\/p>\n\n\n\n<p class=\"wp-block-paragraph\"><strong>Sz\u00e1ll\u00e1stipp:<\/strong> <strong><a class=\"thirstylink\" rel=\"nofollow\" target=\"_blank\" title=\"DELUXE VILLAS LOS CORALES BEACH &#038; SPA\" href=\"https:\/\/loudavymkrokem.cz\/doporucujeme\/deluxe-villas-los-corales-beach-spa\/\" data-shortcode=\"true\">DELUXE VILLAS LOS CORALES BEACH &amp; SPA<\/a><\/strong><\/p>\n\n\n\n<figure data-wp-context=\"{&quot;imageId&quot;:&quot;6a98ab374d541&quot;}\" data-wp-interactive=\"core\/image\" data-wp-key=\"6a98ab374d541\" class=\"wp-block-image size-full wp-lightbox-container\"><img decoding=\"async\" width=\"1200\" height=\"800\" data-wp-class--hide=\"state.isContentHidden\" data-wp-class--show=\"state.isContentVisible\" data-wp-init=\"callbacks.setButtonStyles\" data-wp-on--click=\"actions.showLightbox\" data-wp-on--load=\"callbacks.setButtonStyles\" data-wp-on--pointerdown=\"actions.preloadImage\" data-wp-on--pointerenter=\"actions.preloadImageWithDelay\" data-wp-on--pointerleave=\"actions.cancelPreload\" data-wp-on-window--resize=\"callbacks.setButtonStyles\" src=\"https:\/\/loudavymkrokem.cz\/wp-content\/uploads\/2024\/11\/dominikanska-republika.jpg\" alt=\"Dominikai K\u00f6zt\u00e1rsas\u00e1g\" class=\"wp-image-90826\" title=\"\" srcset=\"https:\/\/loudavymkrokem.cz\/wp-content\/uploads\/2024\/11\/dominikanska-republika.jpg 1200w, https:\/\/loudavymkrokem.cz\/wp-content\/uploads\/2024\/11\/dominikanska-republika-300x200.jpg 300w, https:\/\/loudavymkrokem.cz\/wp-content\/uploads\/2024\/11\/dominikanska-republika-700x467.jpg 700w, https:\/\/loudavymkrokem.cz\/wp-content\/uploads\/2024\/11\/dominikanska-republika-768x512.jpg 768w, https:\/\/loudavymkrokem.cz\/wp-content\/uploads\/2024\/11\/dominikanska-republika-696x464.jpg 696w\" sizes=\"(max-width: 1200px) 100vw, 1200px\" \/><button\n\t\t\tclass=\"lightbox-trigger\"\n\t\t\ttype=\"button\"\n\t\t\taria-haspopup=\"dialog\"\n\t\t\tdata-wp-bind--aria-label=\"state.thisImage.triggerButtonAriaLabel\"\n\t\t\tdata-wp-init=\"callbacks.initTriggerButton\"\n\t\t\tdata-wp-on--click=\"actions.showLightbox\"\n\t\t\tdata-wp-style--right=\"state.thisImage.buttonRight\"\n\t\t\tdata-wp-style--top=\"state.thisImage.buttonTop\"\n\t\t>\n\t\t\t<svg xmlns=\"http:\/\/www.w3.org\/2000\/svg\" width=\"12\" height=\"12\" fill=\"none\" viewBox=\"0 0 12 12\">\n\t\t\t\t<path fill=\"#fff\" d=\"M2 0a2 2 0 0 0-2 2v2h1.5V2a.5.5 0 0 1 .5-.5h2V0H2Zm2 10.5H2a.5.5 0 0 1-.5-.5V8H0v2a2 2 0 0 0 2 2h2v-1.5ZM8 12v-1.5h2a.5.5 0 0 0 .5-.5V8H12v2a2 2 0 0 1-2 2H8Zm2-12a2 2 0 0 1 2 2v2h-1.5V2a.5.5 0 0 0-.5-.5H8V0h2Z\" \/>\n\t\t\t<\/svg>\n\t\t<\/button><figcaption class=\"wp-element-caption\">Dominikai K\u00f6zt\u00e1rsas\u00e1g<\/figcaption><\/figure>\n\n\n\n<h3 class=\"wp-block-heading\"><span class=\"ez-toc-section\" id=\"Szingapur\"><\/span>Szingap\u00far<span class=\"ez-toc-section-end\"><\/span><\/h3>\n\n\n\n<p class=\"wp-block-paragraph\">Szingap\u00far modern metropolisz tr\u00f3pusi \u00e9ghajlattal. L\u00e1togasd meg a h\u00edres Gardens by the Bay futurisztikus \u201ef\u00e1it&#8221;, vagy a Sentosa-szigetet, ahol vid\u00e1mparkokat \u00e9s gy\u00f6ny\u00f6r\u0171 strandokat tal\u00e1lsz. Szingap\u00far az \u00ednyencek paradicsoma is \u2013 pr\u00f3b\u00e1ld ki a helyi utcai \u00e9teleket a hawker centerekben. Ha gyerekekkel utazol, a Universal Studios vagy a szingap\u00fari \u00e1llatkert remek v\u00e1laszt\u00e1s a csal\u00e1doknak.<\/p>\n\n\n\n<p class=\"wp-block-paragraph\"><strong>Sz\u00e1ll\u00e1stipp:<\/strong> <strong><a class=\"thirstylink\" rel=\"nofollow\" target=\"_blank\" title=\"Holiday Inn Singapore Little India, an IHG Hotel\" href=\"https:\/\/loudavymkrokem.cz\/doporucujeme\/holiday-inn-singapore-little-india-an-ihg-hotel\/\" data-shortcode=\"true\">Holiday Inn Singapore Little India, an IHG Hotel<\/a><\/strong><\/p>\n\n\n\n<figure data-wp-context=\"{&quot;imageId&quot;:&quot;6a98ab374df9a&quot;}\" data-wp-interactive=\"core\/image\" data-wp-key=\"6a98ab374df9a\" class=\"wp-block-image size-full wp-lightbox-container\"><img decoding=\"async\" width=\"1200\" height=\"630\" data-wp-class--hide=\"state.isContentHidden\" data-wp-class--show=\"state.isContentVisible\" data-wp-init=\"callbacks.setButtonStyles\" data-wp-on--click=\"actions.showLightbox\" data-wp-on--load=\"callbacks.setButtonStyles\" data-wp-on--pointerdown=\"actions.preloadImage\" data-wp-on--pointerenter=\"actions.preloadImageWithDelay\" data-wp-on--pointerleave=\"actions.cancelPreload\" data-wp-on-window--resize=\"callbacks.setButtonStyles\" src=\"https:\/\/loudavymkrokem.cz\/wp-content\/uploads\/2025\/01\/singapur.jpg\" alt=\"Szingap\u00far\" class=\"wp-image-92638\" title=\"\" srcset=\"https:\/\/loudavymkrokem.cz\/wp-content\/uploads\/2025\/01\/singapur.jpg 1200w, https:\/\/loudavymkrokem.cz\/wp-content\/uploads\/2025\/01\/singapur-300x158.jpg 300w, https:\/\/loudavymkrokem.cz\/wp-content\/uploads\/2025\/01\/singapur-700x368.jpg 700w, https:\/\/loudavymkrokem.cz\/wp-content\/uploads\/2025\/01\/singapur-768x403.jpg 768w, https:\/\/loudavymkrokem.cz\/wp-content\/uploads\/2025\/01\/singapur-696x365.jpg 696w\" sizes=\"(max-width: 1200px) 100vw, 1200px\" \/><button\n\t\t\tclass=\"lightbox-trigger\"\n\t\t\ttype=\"button\"\n\t\t\taria-haspopup=\"dialog\"\n\t\t\tdata-wp-bind--aria-label=\"state.thisImage.triggerButtonAriaLabel\"\n\t\t\tdata-wp-init=\"callbacks.initTriggerButton\"\n\t\t\tdata-wp-on--click=\"actions.showLightbox\"\n\t\t\tdata-wp-style--right=\"state.thisImage.buttonRight\"\n\t\t\tdata-wp-style--top=\"state.thisImage.buttonTop\"\n\t\t>\n\t\t\t<svg xmlns=\"http:\/\/www.w3.org\/2000\/svg\" width=\"12\" height=\"12\" fill=\"none\" viewBox=\"0 0 12 12\">\n\t\t\t\t<path fill=\"#fff\" d=\"M2 0a2 2 0 0 0-2 2v2h1.5V2a.5.5 0 0 1 .5-.5h2V0H2Zm2 10.5H2a.5.5 0 0 1-.5-.5V8H0v2a2 2 0 0 0 2 2h2v-1.5ZM8 12v-1.5h2a.5.5 0 0 0 .5-.5V8H12v2a2 2 0 0 1-2 2H8Zm2-12a2 2 0 0 1 2 2v2h-1.5V2a.5.5 0 0 0-.5-.5H8V0h2Z\" \/>\n\t\t\t<\/svg>\n\t\t<\/button><figcaption class=\"wp-element-caption\">Szingap\u00far<\/figcaption><\/figure>\n\n\n\n<h3 class=\"wp-block-heading\"><span class=\"ez-toc-section\" id=\"Bali\"><\/span>Bali<span class=\"ez-toc-section-end\"><\/span><\/h3>\n\n\n\n<p class=\"wp-block-paragraph\">Bali ide\u00e1lis azoknak, akik nyugalomra \u00e9s egy kis spiritualit\u00e1sra v\u00e1gynak. Megl\u00e1togathatod a hagyom\u00e1nyos templomokat, mint a Tanah Lot vagy a Besakih, vagy ellazulhatsz j\u00f3ga \u00e9s massz\u00e1zs k\u00f6zben. A gyermekes csal\u00e1dok \u00e9rt\u00e9kelni fogj\u00e1k a gyerekklubokat \u00e9s a biztons\u00e1gos strandokat, mint p\u00e9ld\u00e1ul Sanur. A kalandv\u00e1gy\u00f3knak itt van a sz\u00f6rf\u00f6z\u00e9s, a v\u00edzes\u00e9sek \u00e9s a Mount Batur vulk\u00e1n, ahov\u00e1 napkelt\u00e9re is elindulhatsz.<\/p>\n\n\n\n<p class=\"wp-block-paragraph\">Sz\u00e1ll\u00e1stipp: <strong><a class=\"thirstylink\" rel=\"nofollow\" target=\"_blank\" title=\"Amnaya Resort Kuta\" href=\"https:\/\/loudavymkrokem.cz\/doporucujeme\/amnaya-resort-kuta\/\" data-shortcode=\"true\">Amnaya Resort Kuta<\/a><\/strong><\/p>\n\n\n\n<figure data-wp-context=\"{&quot;imageId&quot;:&quot;6a98ab374e67a&quot;}\" data-wp-interactive=\"core\/image\" data-wp-key=\"6a98ab374e67a\" class=\"wp-block-image size-full wp-lightbox-container\"><img decoding=\"async\" width=\"1200\" height=\"630\" data-wp-class--hide=\"state.isContentHidden\" data-wp-class--show=\"state.isContentVisible\" data-wp-init=\"callbacks.setButtonStyles\" data-wp-on--click=\"actions.showLightbox\" data-wp-on--load=\"callbacks.setButtonStyles\" data-wp-on--pointerdown=\"actions.preloadImage\" data-wp-on--pointerenter=\"actions.preloadImageWithDelay\" data-wp-on--pointerleave=\"actions.cancelPreload\" data-wp-on-window--resize=\"callbacks.setButtonStyles\" src=\"https:\/\/loudavymkrokem.cz\/wp-content\/uploads\/2025\/01\/bali.jpg\" alt=\"Bali\" class=\"wp-image-91812\" title=\"\" srcset=\"https:\/\/loudavymkrokem.cz\/wp-content\/uploads\/2025\/01\/bali.jpg 1200w, https:\/\/loudavymkrokem.cz\/wp-content\/uploads\/2025\/01\/bali-300x158.jpg 300w, https:\/\/loudavymkrokem.cz\/wp-content\/uploads\/2025\/01\/bali-700x368.jpg 700w, https:\/\/loudavymkrokem.cz\/wp-content\/uploads\/2025\/01\/bali-768x403.jpg 768w, https:\/\/loudavymkrokem.cz\/wp-content\/uploads\/2025\/01\/bali-696x365.jpg 696w\" sizes=\"(max-width: 1200px) 100vw, 1200px\" \/><button\n\t\t\tclass=\"lightbox-trigger\"\n\t\t\ttype=\"button\"\n\t\t\taria-haspopup=\"dialog\"\n\t\t\tdata-wp-bind--aria-label=\"state.thisImage.triggerButtonAriaLabel\"\n\t\t\tdata-wp-init=\"callbacks.initTriggerButton\"\n\t\t\tdata-wp-on--click=\"actions.showLightbox\"\n\t\t\tdata-wp-style--right=\"state.thisImage.buttonRight\"\n\t\t\tdata-wp-style--top=\"state.thisImage.buttonTop\"\n\t\t>\n\t\t\t<svg xmlns=\"http:\/\/www.w3.org\/2000\/svg\" width=\"12\" height=\"12\" fill=\"none\" viewBox=\"0 0 12 12\">\n\t\t\t\t<path fill=\"#fff\" d=\"M2 0a2 2 0 0 0-2 2v2h1.5V2a.5.5 0 0 1 .5-.5h2V0H2Zm2 10.5H2a.5.5 0 0 1-.5-.5V8H0v2a2 2 0 0 0 2 2h2v-1.5ZM8 12v-1.5h2a.5.5 0 0 0 .5-.5V8H12v2a2 2 0 0 1-2 2H8Zm2-12a2 2 0 0 1 2 2v2h-1.5V2a.5.5 0 0 0-.5-.5H8V0h2Z\" \/>\n\t\t\t<\/svg>\n\t\t<\/button><figcaption class=\"wp-element-caption\">Bali<\/figcaption><\/figure>\n\n\n\n<h3 class=\"wp-block-heading\"><span class=\"ez-toc-section\" id=\"Zanzibar\"><\/span>Zanzib\u00e1r<span class=\"ez-toc-section-end\"><\/span><\/h3>\n\n\n\n<p class=\"wp-block-paragraph\">Zanzib\u00e1r az egzotikumot afrikai b\u00e1jjal \u00f6tv\u00f6zi. Az olyan strandok, mint Nungwi \u00e9s Kendwa, finom feh\u00e9r homokot \u00e9s nyugodt tengert k\u00edn\u00e1lnak. Megl\u00e1togathatod a t\u00f6rt\u00e9nelmi Stone Townt is, amely az UNESCO vil\u00e1g\u00f6r\u00f6ks\u00e9g r\u00e9sze. A b\u00fav\u00e1rkod\u00e1s \u00e9s a snorkelez\u00e9s szerelmesei \u00e9rt\u00e9kelni fogj\u00e1k a korallz\u00e1tonyok k\u00f6r\u00fcli gazdag v\u00edz alatti \u00e9letet.<\/p>\n\n\n\n<p class=\"wp-block-paragraph\"><strong>Sz\u00e1ll\u00e1stipp:<\/strong> <strong><a class=\"thirstylink\" rel=\"nofollow\" target=\"_blank\" title=\"Hekaya Zanzibar\" href=\"https:\/\/loudavymkrokem.cz\/doporucujeme\/hekaya-zanzibar\/\" data-shortcode=\"true\">Hekaya Zanzibar<\/a><\/strong><\/p>\n\n\n\n<figure data-wp-context=\"{&quot;imageId&quot;:&quot;6a98ab374ef23&quot;}\" data-wp-interactive=\"core\/image\" data-wp-key=\"6a98ab374ef23\" class=\"wp-block-image size-full wp-lightbox-container\"><img decoding=\"async\" width=\"1200\" height=\"800\" data-wp-class--hide=\"state.isContentHidden\" data-wp-class--show=\"state.isContentVisible\" data-wp-init=\"callbacks.setButtonStyles\" data-wp-on--click=\"actions.showLightbox\" data-wp-on--load=\"callbacks.setButtonStyles\" data-wp-on--pointerdown=\"actions.preloadImage\" data-wp-on--pointerenter=\"actions.preloadImageWithDelay\" data-wp-on--pointerleave=\"actions.cancelPreload\" data-wp-on-window--resize=\"callbacks.setButtonStyles\" src=\"https:\/\/loudavymkrokem.cz\/wp-content\/uploads\/2023\/11\/kam-na-dovolenou-k-mori-v-prosinci-Zanzibar-3.jpg\" alt=\"Zanzib\u00e1r\" class=\"wp-image-78030\" title=\"\" srcset=\"https:\/\/loudavymkrokem.cz\/wp-content\/uploads\/2023\/11\/kam-na-dovolenou-k-mori-v-prosinci-Zanzibar-3.jpg 1200w, https:\/\/loudavymkrokem.cz\/wp-content\/uploads\/2023\/11\/kam-na-dovolenou-k-mori-v-prosinci-Zanzibar-3-300x200.jpg 300w, https:\/\/loudavymkrokem.cz\/wp-content\/uploads\/2023\/11\/kam-na-dovolenou-k-mori-v-prosinci-Zanzibar-3-700x467.jpg 700w, https:\/\/loudavymkrokem.cz\/wp-content\/uploads\/2023\/11\/kam-na-dovolenou-k-mori-v-prosinci-Zanzibar-3-768x512.jpg 768w, https:\/\/loudavymkrokem.cz\/wp-content\/uploads\/2023\/11\/kam-na-dovolenou-k-mori-v-prosinci-Zanzibar-3-696x464.jpg 696w\" sizes=\"(max-width: 1200px) 100vw, 1200px\" \/><button\n\t\t\tclass=\"lightbox-trigger\"\n\t\t\ttype=\"button\"\n\t\t\taria-haspopup=\"dialog\"\n\t\t\tdata-wp-bind--aria-label=\"state.thisImage.triggerButtonAriaLabel\"\n\t\t\tdata-wp-init=\"callbacks.initTriggerButton\"\n\t\t\tdata-wp-on--click=\"actions.showLightbox\"\n\t\t\tdata-wp-style--right=\"state.thisImage.buttonRight\"\n\t\t\tdata-wp-style--top=\"state.thisImage.buttonTop\"\n\t\t>\n\t\t\t<svg xmlns=\"http:\/\/www.w3.org\/2000\/svg\" width=\"12\" height=\"12\" fill=\"none\" viewBox=\"0 0 12 12\">\n\t\t\t\t<path fill=\"#fff\" d=\"M2 0a2 2 0 0 0-2 2v2h1.5V2a.5.5 0 0 1 .5-.5h2V0H2Zm2 10.5H2a.5.5 0 0 1-.5-.5V8H0v2a2 2 0 0 0 2 2h2v-1.5ZM8 12v-1.5h2a.5.5 0 0 0 .5-.5V8H12v2a2 2 0 0 1-2 2H8Zm2-12a2 2 0 0 1 2 2v2h-1.5V2a.5.5 0 0 0-.5-.5H8V0h2Z\" \/>\n\t\t\t<\/svg>\n\t\t<\/button><figcaption class=\"wp-element-caption\">Zanzib\u00e1r<\/figcaption><\/figure>\n\n\n\n<h3 class=\"wp-block-heading\"><span class=\"ez-toc-section\" id=\"Del-afrikai_Koztarsasag\"><\/span>D\u00e9l-afrikai K\u00f6zt\u00e1rsas\u00e1g<span class=\"ez-toc-section-end\"><\/span><\/h3>\n\n\n\n<p class=\"wp-block-paragraph\">A D\u00e9l-afrikai K\u00f6zt\u00e1rsas\u00e1g a kaland \u00e9s a luxus remek kombin\u00e1ci\u00f3ja. A Kruger Nemzeti Parkban tett szafari sor\u00e1n oroszl\u00e1nokat, elef\u00e1ntokat \u00e9s m\u00e1s vad\u00e1llatokat l\u00e1thatsz a term\u00e9szetes k\u00f6rnyezet\u00fckben. Fokv\u00e1ros a ikonikus Asztal-hegyet \u00e9s gy\u00f6ny\u00f6r\u0171 strandokat k\u00edn\u00e1l, mint p\u00e9ld\u00e1ul a Camps Bay. M\u00e1rciusban itt kellemes ny\u00e1ri id\u0151 van.<\/p>\n\n\n\n<p class=\"wp-block-paragraph\"><strong>Sz\u00e1ll\u00e1stipp:<\/strong> <strong><a class=\"thirstylink\" rel=\"nofollow\" target=\"_blank\" title=\"Nandoni Waterfront Resort\" href=\"https:\/\/loudavymkrokem.cz\/doporucujeme\/nandoni-waterfront-resort\/\" data-shortcode=\"true\">Nandoni Waterfront Resort<\/a><\/strong> vagy <a class=\"thirstylink\" rel=\"nofollow\" target=\"_blank\" title=\"Elephants Safari Lodge\" href=\"https:\/\/loudavymkrokem.cz\/doporucujeme\/elephants-safari-lodge\/\" data-shortcode=\"true\"><strong>Elephants Safari Lodge<\/strong><\/a><\/p>\n\n\n\n<figure data-wp-context=\"{&quot;imageId&quot;:&quot;6a98ab374f6fc&quot;}\" data-wp-interactive=\"core\/image\" data-wp-key=\"6a98ab374f6fc\" class=\"wp-block-image size-full wp-lightbox-container\"><img decoding=\"async\" width=\"1200\" height=\"800\" data-wp-class--hide=\"state.isContentHidden\" data-wp-class--show=\"state.isContentVisible\" data-wp-init=\"callbacks.setButtonStyles\" data-wp-on--click=\"actions.showLightbox\" data-wp-on--load=\"callbacks.setButtonStyles\" data-wp-on--pointerdown=\"actions.preloadImage\" data-wp-on--pointerenter=\"actions.preloadImageWithDelay\" data-wp-on--pointerleave=\"actions.cancelPreload\" data-wp-on-window--resize=\"callbacks.setButtonStyles\" src=\"https:\/\/loudavymkrokem.cz\/wp-content\/uploads\/2024\/11\/JAR.jpg\" alt=\"D\u00e9l-afrikai K\u00f6zt\u00e1rsas\u00e1g\" class=\"wp-image-90796\" title=\"\" srcset=\"https:\/\/loudavymkrokem.cz\/wp-content\/uploads\/2024\/11\/JAR.jpg 1200w, https:\/\/loudavymkrokem.cz\/wp-content\/uploads\/2024\/11\/JAR-300x200.jpg 300w, https:\/\/loudavymkrokem.cz\/wp-content\/uploads\/2024\/11\/JAR-700x467.jpg 700w, https:\/\/loudavymkrokem.cz\/wp-content\/uploads\/2024\/11\/JAR-768x512.jpg 768w, https:\/\/loudavymkrokem.cz\/wp-content\/uploads\/2024\/11\/JAR-696x464.jpg 696w\" sizes=\"(max-width: 1200px) 100vw, 1200px\" \/><button\n\t\t\tclass=\"lightbox-trigger\"\n\t\t\ttype=\"button\"\n\t\t\taria-haspopup=\"dialog\"\n\t\t\tdata-wp-bind--aria-label=\"state.thisImage.triggerButtonAriaLabel\"\n\t\t\tdata-wp-init=\"callbacks.initTriggerButton\"\n\t\t\tdata-wp-on--click=\"actions.showLightbox\"\n\t\t\tdata-wp-style--right=\"state.thisImage.buttonRight\"\n\t\t\tdata-wp-style--top=\"state.thisImage.buttonTop\"\n\t\t>\n\t\t\t<svg xmlns=\"http:\/\/www.w3.org\/2000\/svg\" width=\"12\" height=\"12\" fill=\"none\" viewBox=\"0 0 12 12\">\n\t\t\t\t<path fill=\"#fff\" d=\"M2 0a2 2 0 0 0-2 2v2h1.5V2a.5.5 0 0 1 .5-.5h2V0H2Zm2 10.5H2a.5.5 0 0 1-.5-.5V8H0v2a2 2 0 0 0 2 2h2v-1.5ZM8 12v-1.5h2a.5.5 0 0 0 .5-.5V8H12v2a2 2 0 0 1-2 2H8Zm2-12a2 2 0 0 1 2 2v2h-1.5V2a.5.5 0 0 0-.5-.5H8V0h2Z\" \/>\n\t\t\t<\/svg>\n\t\t<\/button><figcaption class=\"wp-element-caption\">D\u00e9l-afrikai K\u00f6zt\u00e1rsas\u00e1g<\/figcaption><\/figure>\n\n\n\n<h3 class=\"wp-block-heading\"><span class=\"ez-toc-section\" id=\"Mexiko\"><\/span>Mexik\u00f3<span class=\"ez-toc-section-end\"><\/span><\/h3>\n\n\n\n<p class=\"wp-block-paragraph\"><strong><a href=\"https:\/\/loudavymkrokem.cz\/hu\/utazas\/eszak-amerika\/mexiko\/\" data-type=\"link\" data-id=\"https:\/\/loudavymkrokem.cz\/cestovani\/severni-amerika\/mexiko\/\" target=\"_blank\" rel=\"noreferrer noopener\">Mexik\u00f3<\/a><\/strong> remek v\u00e1laszt\u00e1s, ha a t\u00f6rt\u00e9nelem, a kult\u00fara \u00e9s a pihen\u00e9s kombin\u00e1ci\u00f3j\u00e1t keresed. Az olyan ter\u00fcletek, mint a Riviera Maya \u00e9s <strong><a href=\"https:\/\/loudavymkrokem.cz\/hu\/cancun-mexiko-tippek\/\" data-type=\"link\" data-id=\"https:\/\/loudavymkrokem.cz\/cancun-mexiko\/\" target=\"_blank\" rel=\"noreferrer noopener\">Canc\u00fan<\/a><\/strong>, luxus \u00fcd\u00fcl\u0151helyeket, feh\u00e9r homokos strandokat \u00e9s t\u00fcrkizk\u00e9k tengert k\u00edn\u00e1lnak. A t\u00f6rt\u00e9nelem szerelmeseinek aj\u00e1nljuk az \u0151si maja eml\u00e9kek megl\u00e1togat\u00e1s\u00e1t, mint a Chich\u00e9n Itz\u00e1 vagy <strong><a href=\"https:\/\/loudavymkrokem.cz\/hu\/tulum\/\" data-type=\"link\" data-id=\"https:\/\/loudavymkrokem.cz\/tulum\/\" target=\"_blank\" rel=\"noreferrer noopener\">Tulum<\/a><\/strong>. A gyerekek \u00e9lvezni fogj\u00e1k a f\u00fcrd\u0151z\u00e9st a cenot\u00e9kban (term\u00e9szetes barlangi tavacsk\u00e1kban), m\u00edg a p\u00e1rok egy romantikus vacsor\u00e1t is megengedhetnek maguknak karibi kil\u00e1t\u00e1ssal.<\/p>\n\n\n\n<p class=\"wp-block-paragraph\"><strong>Sz\u00e1ll\u00e1stipp:<\/strong> <strong><a class=\"thirstylink\" rel=\"nofollow\" target=\"_blank\" title=\"Home&#039;s Jungle 15\" href=\"https:\/\/loudavymkrokem.cz\/doporucujeme\/homes-jungle-15\/\" data-shortcode=\"true\">Home&#8217;s Jungle 15<\/a><\/strong><\/p>\n\n\n\n<figure data-wp-context=\"{&quot;imageId&quot;:&quot;6a98ab374ff98&quot;}\" data-wp-interactive=\"core\/image\" data-wp-key=\"6a98ab374ff98\" class=\"wp-block-image size-full wp-lightbox-container\"><img decoding=\"async\" width=\"1200\" height=\"630\" data-wp-class--hide=\"state.isContentHidden\" data-wp-class--show=\"state.isContentVisible\" data-wp-init=\"callbacks.setButtonStyles\" data-wp-on--click=\"actions.showLightbox\" data-wp-on--load=\"callbacks.setButtonStyles\" data-wp-on--pointerdown=\"actions.preloadImage\" data-wp-on--pointerenter=\"actions.preloadImageWithDelay\" data-wp-on--pointerleave=\"actions.cancelPreload\" data-wp-on-window--resize=\"callbacks.setButtonStyles\" src=\"https:\/\/loudavymkrokem.cz\/wp-content\/uploads\/2025\/01\/mexiko.jpg\" alt=\"Mexik\u00f3\" class=\"wp-image-92633\" title=\"\" srcset=\"https:\/\/loudavymkrokem.cz\/wp-content\/uploads\/2025\/01\/mexiko.jpg 1200w, https:\/\/loudavymkrokem.cz\/wp-content\/uploads\/2025\/01\/mexiko-300x158.jpg 300w, https:\/\/loudavymkrokem.cz\/wp-content\/uploads\/2025\/01\/mexiko-700x368.jpg 700w, https:\/\/loudavymkrokem.cz\/wp-content\/uploads\/2025\/01\/mexiko-768x403.jpg 768w, https:\/\/loudavymkrokem.cz\/wp-content\/uploads\/2025\/01\/mexiko-696x365.jpg 696w\" sizes=\"(max-width: 1200px) 100vw, 1200px\" \/><button\n\t\t\tclass=\"lightbox-trigger\"\n\t\t\ttype=\"button\"\n\t\t\taria-haspopup=\"dialog\"\n\t\t\tdata-wp-bind--aria-label=\"state.thisImage.triggerButtonAriaLabel\"\n\t\t\tdata-wp-init=\"callbacks.initTriggerButton\"\n\t\t\tdata-wp-on--click=\"actions.showLightbox\"\n\t\t\tdata-wp-style--right=\"state.thisImage.buttonRight\"\n\t\t\tdata-wp-style--top=\"state.thisImage.buttonTop\"\n\t\t>\n\t\t\t<svg xmlns=\"http:\/\/www.w3.org\/2000\/svg\" width=\"12\" height=\"12\" fill=\"none\" viewBox=\"0 0 12 12\">\n\t\t\t\t<path fill=\"#fff\" d=\"M2 0a2 2 0 0 0-2 2v2h1.5V2a.5.5 0 0 1 .5-.5h2V0H2Zm2 10.5H2a.5.5 0 0 1-.5-.5V8H0v2a2 2 0 0 0 2 2h2v-1.5ZM8 12v-1.5h2a.5.5 0 0 0 .5-.5V8H12v2a2 2 0 0 1-2 2H8Zm2-12a2 2 0 0 1 2 2v2h-1.5V2a.5.5 0 0 0-.5-.5H8V0h2Z\" \/>\n\t\t\t<\/svg>\n\t\t<\/button><figcaption class=\"wp-element-caption\">Mexik\u00f3<\/figcaption><\/figure>\n\n\n\n<div id=\"lk-stays\" class=\"lk-stays-module\">\n<style>\n\/* \u2500\u2500\u2500 RESET PRO GUTENBERG \u2500\u2500\u2500 *\/\n.lk-stays-module * { box-sizing: border-box; margin: 0; padding: 0; }\n\n\/* \u2500\u2500\u2500 WRAPPER \u2500\u2500\u2500 *\/\n.lk-stays-module {\n  font-family: 'DM Sans', Georgia, sans-serif;\n  max-width: 100%;\n  margin: 2.5rem auto;\n  background: linear-gradient(135deg, #fdfaf5 0%, #fcf8f0 100%);\n  border: 1px solid #e8dfd4;\n  border-radius: 16px;\n  overflow: hidden;\n  box-shadow: 0 16px 48px rgba(195, 159, 118, 0.25), 0 4px 12px rgba(0,0,0,0.08);\n}\n\n\/* \u2500\u2500\u2500 HEADER \u2500\u2500\u2500 *\/\n.lk-stays-header {\n  position: relative;\n  padding: 24px 36px 24px;\n  background: linear-gradient(135deg, #c39f76 0%, #d4b188 60%, #c39f76 100%);\n  border-bottom: 1px solid rgba(255,255,255,.15);\n  display: flex;\n  align-items: center;\n  gap: 18px;\n}\n.lk-stays-header::before {\n  content: '';\n  position: absolute;\n  inset: 0;\n  background: url(\"data:image\/svg+xml,%3Csvg width='60' height='60' viewBox='0 0 60 60' xmlns='http:\/\/www.w3.org\/2000\/svg'%3E%3Cg fill='none' fill-rule='evenodd'%3E%3Cg fill='%23ffffff' fill-opacity='0.05'%3E%3Cpath d='M36 34v-4h-2v4h-4v2h4v4h2v-4h4v-2h-4zm0-30V0h-2v4h-4v2h4v4h2V6h4V4h-4zM6 34v-4H4v4H0v2h4v4h2v-4h4v-2H6zM6 4V0H4v4H0v2h4v4h2V6h4V4H6z'\/%3E%3C\/g%3E%3C\/g%3E%3C\/svg%3E\") repeat;\n  pointer-events: none;\n}\n.lk-stays-icon {\n  flex-shrink: 0;\n  width: 68px;\n  height: 68px;\n  border-radius: 14px;\n  background: linear-gradient(135deg, #fff 0%, #f9f6f0 100%);\n  display: flex;\n  align-items: center;\n  justify-content: center;\n  font-size: 26px;\n  box-shadow: 0 4px 12px rgba(0,0,0,0.15);\n}\n.lk-stays-eyebrow {\n  font-size: 10px;\n  font-weight: 500;\n  letter-spacing: 2.5px;\n  text-transform: uppercase;\n  color: rgba(255,255,255,.85);\n  margin: 0 0 5px 0;\n}\n.lk-stays-title {\n  font-family: 'Playfair Display', Georgia, serif;\n  font-size: 24px;\n  font-weight: 700;\n  color: #fff;\n  line-height: 1.2;\n  text-shadow: 0 1px 2px rgba(0,0,0,0.1);\n  margin: 0;\n}\n.lk-stays-subtitle {\n  font-size: 13px;\n  color: rgba(255,255,255,.75);\n  margin: 4px 0 0 0;\n  font-weight: 300;\n}\n\n\/* \u2500\u2500\u2500 CARDS GRID \u2500\u2500\u2500 *\/\n.lk-stays-grid {\n  display: grid;\n  grid-template-columns: 1fr 1fr;\n  gap: 1px;\n  background: rgba(195, 159, 118, 0.12);\n}\n\n\/* \u2500\u2500\u2500 SINGLE CARD \u2500\u2500\u2500 *\/\n.lk-stay-card {\n  background: #ffffff;\n  padding: 26px;\n  display: flex;\n  flex-direction: column;\n  gap: 11px;\n  transition: all 0.3s ease;\n  text-decoration: none;\n  color: inherit;\n  position: relative;\n}\n.lk-stay-card:hover {\n  background: #fffbf5;\n  transform: translateY(-2px);\n  box-shadow: 0 8px 24px rgba(195, 159, 118, 0.18);\n  z-index: 1;\n}\n.lk-stay-card.featured {\n  background: linear-gradient(135deg, #fffdf9 0%, #fff9f0 100%);\n  box-shadow: 0 4px 16px rgba(195, 159, 118, 0.15), inset 0 1px 0 rgba(195, 159, 118, 0.1);\n}\n.lk-stay-card.featured:hover {\n  background: linear-gradient(135deg, #fffbf5 0%, #fff8ed 100%);\n  box-shadow: 0 8px 24px rgba(195, 159, 118, 0.25), inset 0 1px 0 rgba(195, 159, 118, 0.15);\n}\n\n.lk-stay-badge {\n  display: inline-flex;\n  align-items: center;\n  gap: 5px;\n  font-size: 10px;\n  font-weight: 500;\n  letter-spacing: 1.5px;\n  text-transform: uppercase;\n  padding: 5px 11px;\n  border-radius: 20px;\n  width: fit-content;\n}\n.badge-top     { background: linear-gradient(135deg, #c39f76 0%, #d4b188 100%); color: #fff; border: 1px solid #c39f76; font-weight: 600; box-shadow: 0 2px 8px rgba(195,159,118,0.3); }\n.badge-luxury  { background: rgba(195,159,118,.12); color: #c39f76; border: 1px solid rgba(195,159,118,.25); }\n.badge-boutique{ background: rgba(54,133,252,.08); color: #3685fc; border: 1px solid rgba(54,133,252,.2); }\n.badge-nature  { background: rgba(130,190,100,.1); color: #6b9c4a; border: 1px solid rgba(130,190,100,.2); }\n.badge-remote  { background: rgba(195,159,118,.12); color: #a67e50; border: 1px solid rgba(195,159,118,.25); }\n\n.lk-stay-name {\n  font-family: 'Playfair Display', Georgia, serif;\n  font-size: 18px;\n  font-weight: 700;\n  color: #111827;\n  line-height: 1.3;\n}\n.lk-stay-desc {\n  font-size: 13.5px;\n  color: #525252;\n  line-height: 1.65;\n  font-weight: 300;\n  flex: 1;\n}\n\n.lk-stay-meta {\n  display: flex;\n  align-items: center;\n  gap: 12px;\n  flex-wrap: wrap;\n  margin-top: 4px;\n}\n.lk-stay-price {\n  font-size: 13px;\n  color: #6b7280;\n}\n.lk-stay-price strong {\n  color: #c39f76;\n  font-weight: 500;\n}\n.lk-stay-stars {\n  color: #c39f76;\n  font-size: 11px;\n  letter-spacing: 1px;\n}\n\n\/* \u2500\u2500\u2500 CTA BUTTON \u2500\u2500\u2500 *\/\n.lk-stay-cta {\n  display: inline-flex;\n  align-items: center;\n  justify-content: center;\n  gap: 7px;\n  margin-top: 8px;\n  padding: 11px 20px;\n  border-radius: 8px;\n  background: linear-gradient(135deg, #3685fc 0%, #2a6fd9 100%);\n  color: #fff;\n  font-size: 13px;\n  font-weight: 500;\n  text-decoration: none;\n  letter-spacing: .3px;\n  transition: all .2s ease;\n  cursor: pointer;\n  border: none;\n  text-align: center;\n  box-shadow: 0 4px 12px rgba(54, 133, 252, 0.25);\n}\n.lk-stay-cta:hover {\n  background: linear-gradient(135deg, #2a6fd9 0%, #1e5bc4 100%);\n  transform: translateY(-1px);\n  box-shadow: 0 6px 16px rgba(54, 133, 252, 0.35);\n}\n.lk-stay-cta svg { flex-shrink: 0; }\n\n\/* \u2500\u2500\u2500 FOOTER \u2500\u2500\u2500 *\/\n.lk-stays-footer {\n  padding: 18px 36px;\n  background: linear-gradient(to bottom, #fdfaf5 0%, #f9f4ed 100%);\n  border-top: 1px solid rgba(195, 159, 118, 0.15);\n  display: flex;\n  align-items: center;\n  justify-content: space-between;\n  flex-wrap: wrap;\n  gap: 12px;\n}\n.lk-stays-footer-note {\n  font-size: 11.5px;\n  color: #6b7280;\n  font-weight: 300;\n  line-height: 1.5;\n}\n.lk-stays-footer-note a {\n  color: #c39f76;\n  text-decoration: none;\n  font-weight: 400;\n}\n.lk-stays-footer-note a:hover {\n  text-decoration: underline;\n}\n.lk-stays-all-btn {\n  display: inline-flex;\n  align-items: center;\n  gap: 6px;\n  font-size: 12.5px;\n  font-weight: 500;\n  color: #c39f76;\n  text-decoration: none;\n  border: 1px solid rgba(195, 159, 118, 0.35);\n  padding: 8px 18px;\n  border-radius: 8px;\n  transition: all .2s ease;\n}\n.lk-stays-all-btn:hover {\n  background: rgba(195, 159, 118, 0.08);\n  border-color: rgba(195, 159, 118, 0.5);\n}\n\n\/* \u2500\u2500\u2500 RESPONSIVE \u2500\u2500\u2500 *\/\n@media (max-width: 600px) {\n  .lk-stays-grid { grid-template-columns: 1fr; }\n  .lk-stays-header { padding: 24px 20px; }\n  .lk-stays-footer { padding: 16px 20px; }\n  .lk-stay-card { padding: 22px; }\n  .lk-stays-title { font-size: 20px; }\n}\n<\/style>\n\n  <!-- HEADER -->\n  <div class=\"lk-stays-header\">\n    <img decoding=\"async\" src=\"https:\/\/loudavymkrokem.cz\/wp-content\/uploads\/2026\/02\/lukas-a-lucka.jpg\" alt=\"\" style=\"width: 75px; height: 75px; border-radius: 8px; flex-shrink: 0; object-fit: cover; display: block; margin: 4px 0;\" title=\"\">\n    <div class=\"lk-stays-header-text\">\n      <div class=\"lk-stays-eyebrow\">Luk\u00e1\u0161 \u00e9s Lucie aj\u00e1nlja<\/div>\n      <div class=\"lk-stays-title\">Hol sz\u00e1llj meg a m\u00e1rciusi tengeri nyaral\u00e1son<\/div>\n      <div class=\"lk-stays-subtitle\">6 sz\u00e1ll\u00e1s \u2014 hotelek, resortok \u00e9s tov\u00e1bbi sz\u00e1ll\u00e1sopci\u00f3k<\/div>\n    <\/div>\n  <\/div>\n\n  <!-- CARDS -->\n  <div class=\"lk-stays-grid\">\n\n    <a class=\"lk-stay-card featured\" href=\"https:\/\/loudavymkrokem.cz\/doporucujeme\/mauricia-beachcomber-resort-spa\/\" target=\"_blank\" rel=\"nofollow noopener\">\n      <span class=\"lk-stay-badge badge-top\">\u2b50 TOP V\u00c1LASZT\u00c1S<\/span>\n      <span class=\"lk-stay-badge badge-nature\">\ud83c\udf32 Resort<\/span>\n      <div class=\"lk-stay-name\">Mauricia Beachcomber Resort &#038; Spa<\/div>\n      <div class=\"lk-stay-desc\">Luxus resort Mauritiuson, ide\u00e1lis egy tr\u00f3pusi paradicsomban t\u00f6lt\u00f6tt nyaral\u00e1shoz, feh\u00e9r strandokkal \u00e9s t\u00fcrkizk\u00e9k tengerrel.<\/div>\n      <div class=\"lk-stay-meta\">\n        <span class=\"lk-stay-stars\">\u2605\u2605\u2605\u2605<\/span>\n        <span class=\"lk-stay-price\">\u00c1rak megtekint\u00e9se<\/span>\n      <\/div>\n      <span class=\"lk-stay-cta\">\n        <svg width=\"14\" height=\"14\" viewBox=\"0 0 24 24\" fill=\"none\" stroke=\"currentColor\" stroke-width=\"2\"><path d=\"M18 13v6a2 2 0 0 1-2 2H5a2 2 0 0 1-2-2V8a2 2 0 0 1 2-2h6\"\/><polyline points=\"15 3 21 3 21 9\"\/><line x1=\"10\" y1=\"14\" x2=\"21\" y2=\"3\"\/><\/svg>\n        El\u00e9rhet\u0151s\u00e9g megtekint\u00e9se\n      <\/span>\n    <\/a>\n\n    <a class=\"lk-stay-card\" href=\"https:\/\/www.stay22.com\/allez\/roam?aid=lukaskonecny&#038;campaign=loudavymkrokemcz-kamnadovolenouvunoru&#038;product=lma&#038;habl=false&#038;isinc=false&#038;sid22=b4bb4beb-3040-4cfa-a13f-5d915011e66d&#038;source=direct&#038;medium=hyperlink&#038;address=Atlantis+The+Royal%2C+Dubai%2C+United+Arab+Emirates&#038;hotelname=Atlantis+The+Royal&#038;category=accommodation\" target=\"_blank\" rel=\"nofollow noopener\">\n      <span class=\"lk-stay-badge badge-nature\">\u2b50 Luxury<\/span>\n      <div class=\"lk-stay-name\">Atlantis The Royal<\/div>\n      <div class=\"lk-stay-desc\">Luxushotel Dubajban, ide\u00e1lis egy nyaral\u00e1shoz a modern \u00e9p\u00edt\u00e9szet \u00e9s a v\u00e9gtelen sz\u00f3rakoz\u00e1s v\u00e1ros\u00e1ban.<\/div>\n      <div class=\"lk-stay-meta\">\n        <span class=\"lk-stay-stars\">\u2605\u2605\u2605\u2605<\/span>\n        <span class=\"lk-stay-price\">\u00c1rak megtekint\u00e9se<\/span>\n      <\/div>\n      <span class=\"lk-stay-cta\">\n        <svg width=\"14\" height=\"14\" viewBox=\"0 0 24 24\" fill=\"none\" stroke=\"currentColor\" stroke-width=\"2\"><path d=\"M18 13v6a2 2 0 0 1-2 2H5a2 2 0 0 1-2-2V8a2 2 0 0 1 2-2h6\"\/><polyline points=\"15 3 21 3 21 9\"\/><line x1=\"10\" y1=\"14\" x2=\"21\" y2=\"3\"\/><\/svg>\n        El\u00e9rhet\u0151s\u00e9g megtekint\u00e9se\n      <\/span>\n    <\/a>\n\n    <a class=\"lk-stay-card\" href=\"https:\/\/loudavymkrokem.cz\/doporucujeme\/amaya-resort-2\/\" target=\"_blank\" rel=\"nofollow noopener\">\n      <span class=\"lk-stay-badge badge-nature\">\ud83c\udf32 Resort<\/span>\n      <div class=\"lk-stay-name\">Amaya Resort<\/div>\n      <div class=\"lk-stay-desc\">Resort Thaif\u00f6ld\u00f6n, t\u00f6k\u00e9letes egy tr\u00f3pusi szigeteken t\u00f6lt\u00f6tt nyaral\u00e1shoz csod\u00e1latos strandokkal.<\/div>\n      <div class=\"lk-stay-meta\">\n        <span class=\"lk-stay-stars\">\u2605\u2605\u2605\u2605<\/span>\n        <span class=\"lk-stay-price\">\u00c1rak megtekint\u00e9se<\/span>\n      <\/div>\n      <span class=\"lk-stay-cta\">\n        <svg width=\"14\" height=\"14\" viewBox=\"0 0 24 24\" fill=\"none\" stroke=\"currentColor\" stroke-width=\"2\"><path d=\"M18 13v6a2 2 0 0 1-2 2H5a2 2 0 0 1-2-2V8a2 2 0 0 1 2-2h6\"\/><polyline points=\"15 3 21 3 21 9\"\/><line x1=\"10\" y1=\"14\" x2=\"21\" y2=\"3\"\/><\/svg>\n        El\u00e9rhet\u0151s\u00e9g megtekint\u00e9se\n      <\/span>\n    <\/a>\n\n    <a class=\"lk-stay-card\" href=\"https:\/\/loudavymkrokem.cz\/doporucujeme\/sasitara-thai-villas-2\/\" target=\"_blank\" rel=\"nofollow noopener\">\n      <span class=\"lk-stay-badge badge-nature\">\ud83c\udfe1 Villa<\/span>\n      <div class=\"lk-stay-name\">Sasitara Thai Villas<\/div>\n      <div class=\"lk-stay-desc\">Thai vill\u00e1k, ide\u00e1lisak egy nyugodt nyaral\u00e1shoz Thaif\u00f6ld egzotikus k\u00f6rnyezet\u00e9ben.<\/div>\n      <div class=\"lk-stay-meta\">\n        <span class=\"lk-stay-stars\">\u2605\u2605\u2605\u2605<\/span>\n        <span class=\"lk-stay-price\">\u00c1rak megtekint\u00e9se<\/span>\n      <\/div>\n      <span class=\"lk-stay-cta\">\n        <svg width=\"14\" height=\"14\" viewBox=\"0 0 24 24\" fill=\"none\" stroke=\"currentColor\" stroke-width=\"2\"><path d=\"M18 13v6a2 2 0 0 1-2 2H5a2 2 0 0 1-2-2V8a2 2 0 0 1 2-2h6\"\/><polyline points=\"15 3 21 3 21 9\"\/><line x1=\"10\" y1=\"14\" x2=\"21\" y2=\"3\"\/><\/svg>\n        El\u00e9rhet\u0151s\u00e9g megtekint\u00e9se\n      <\/span>\n    <\/a>\n\n    <a class=\"lk-stay-card\" href=\"https:\/\/loudavymkrokem.cz\/doporucujeme\/marina-elite\/\" target=\"_blank\" rel=\"nofollow noopener\">\n      <span class=\"lk-stay-badge badge-nature\">\ud83c\udfe8 Hotel<\/span>\n      <div class=\"lk-stay-name\">Marina Elite<\/div>\n      <div class=\"lk-stay-desc\">Sz\u00e1ll\u00e1s a Kan\u00e1ri-szigeteken, ide\u00e1lis egy naps\u00fct\u00e9s ut\u00e1ni nyaral\u00e1shoz otthon k\u00f6zel\u00e9ben.<\/div>\n      <div class=\"lk-stay-meta\">\n        <span class=\"lk-stay-stars\">\u2605\u2605\u2605\u2605<\/span>\n        <span class=\"lk-stay-price\">\u00c1rak megtekint\u00e9se<\/span>\n      <\/div>\n      <span class=\"lk-stay-cta\">\n        <svg width=\"14\" height=\"14\" viewBox=\"0 0 24 24\" fill=\"none\" stroke=\"currentColor\" stroke-width=\"2\"><path d=\"M18 13v6a2 2 0 0 1-2 2H5a2 2 0 0 1-2-2V8a2 2 0 0 1 2-2h6\"\/><polyline points=\"15 3 21 3 21 9\"\/><line x1=\"10\" y1=\"14\" x2=\"21\" y2=\"3\"\/><\/svg>\n        El\u00e9rhet\u0151s\u00e9g megtekint\u00e9se\n      <\/span>\n    <\/a>\n\n    <a class=\"lk-stay-card\" href=\"https:\/\/loudavymkrokem.cz\/doporucujeme\/fuerteventura-princess\/\" target=\"_blank\" rel=\"nofollow noopener\">\n      <span class=\"lk-stay-badge badge-nature\">\ud83c\udfe8 Hotel<\/span>\n      <div class=\"lk-stay-name\">Fuerteventura Princess<\/div>\n      <div class=\"lk-stay-desc\">Hotel Fuerteventur\u00e1n, a Kan\u00e1ri-szigeteken, t\u00f6k\u00e9letes a pihen\u00e9shez \u00e9s a v\u00edzi sportokhoz.<\/div>\n      <div class=\"lk-stay-meta\">\n        <span class=\"lk-stay-stars\">\u2605\u2605\u2605\u2605<\/span>\n        <span class=\"lk-stay-price\">\u00c1rak megtekint\u00e9se<\/span>\n      <\/div>\n      <span class=\"lk-stay-cta\">\n        <svg width=\"14\" height=\"14\" viewBox=\"0 0 24 24\" fill=\"none\" stroke=\"currentColor\" stroke-width=\"2\"><path d=\"M18 13v6a2 2 0 0 1-2 2H5a2 2 0 0 1-2-2V8a2 2 0 0 1 2-2h6\"\/><polyline points=\"15 3 21 3 21 9\"\/><line x1=\"10\" y1=\"14\" x2=\"21\" y2=\"3\"\/><\/svg>\n        El\u00e9rhet\u0151s\u00e9g megtekint\u00e9se\n      <\/span>\n    <\/a>\n\n  <\/div>\n\n  \n<\/div>\n\n\n\n<h3 class=\"wp-block-heading\"><span class=\"ez-toc-section\" id=\"Ecuador\"><\/span>Ecuador<span class=\"ez-toc-section-end\"><\/span><\/h3>\n\n\n\n<p class=\"wp-block-paragraph\">Ecuador remek \u00fati c\u00e9l azoknak, akik el akarnak menek\u00fclni a turistat\u00f6megek el\u0151l. Fedezd fel a gyarmati v\u00e1rosokat, mint Quito, vagy l\u00e1togass el a Gal\u00e1pagos-szigetekre, ahol egyed\u00fcl\u00e1ll\u00f3 \u00e9l\u0151vil\u00e1got figyelhetsz meg, k\u00f6zt\u00fck \u00f3ri\u00e1stekn\u0151s\u00f6ket \u00e9s oroszl\u00e1nf\u00f3k\u00e1kat. Ha pihen\u00e9sre v\u00e1gysz, indulj a partra Monta\u00f1ita vagy Salinas strandjaira, amelyek ide\u00e1lisak a sz\u00f6rf\u00f6z\u00e9shez vagy a p\u00e1lmaf\u00e1k alatti lust\u00e1lkod\u00e1shoz.<\/p>\n\n\n\n<p class=\"wp-block-paragraph\"><strong>Sz\u00e1ll\u00e1stipp:<\/strong> <a class=\"thirstylink\" rel=\"nofollow\" target=\"_blank\" title=\"Hosteria Farallon Dillon\" href=\"https:\/\/loudavymkrokem.cz\/doporucujeme\/hosteria-farallon-dillon\/\" data-shortcode=\"true\"><strong>Hosteria Farallon Dillon<\/strong><\/a><\/p>\n\n\n\n<figure data-wp-context=\"{&quot;imageId&quot;:&quot;6a98ab37509bb&quot;}\" data-wp-interactive=\"core\/image\" data-wp-key=\"6a98ab37509bb\" class=\"wp-block-image size-full wp-lightbox-container\"><img decoding=\"async\" width=\"1200\" height=\"630\" data-wp-class--hide=\"state.isContentHidden\" data-wp-class--show=\"state.isContentVisible\" data-wp-init=\"callbacks.setButtonStyles\" data-wp-on--click=\"actions.showLightbox\" data-wp-on--load=\"callbacks.setButtonStyles\" data-wp-on--pointerdown=\"actions.preloadImage\" data-wp-on--pointerenter=\"actions.preloadImageWithDelay\" data-wp-on--pointerleave=\"actions.cancelPreload\" data-wp-on-window--resize=\"callbacks.setButtonStyles\" src=\"https:\/\/loudavymkrokem.cz\/wp-content\/uploads\/2025\/01\/ekvador.jpg\" alt=\"Ecuador\" class=\"wp-image-92628\" title=\"\" srcset=\"https:\/\/loudavymkrokem.cz\/wp-content\/uploads\/2025\/01\/ekvador.jpg 1200w, https:\/\/loudavymkrokem.cz\/wp-content\/uploads\/2025\/01\/ekvador-300x158.jpg 300w, https:\/\/loudavymkrokem.cz\/wp-content\/uploads\/2025\/01\/ekvador-700x368.jpg 700w, https:\/\/loudavymkrokem.cz\/wp-content\/uploads\/2025\/01\/ekvador-768x403.jpg 768w, https:\/\/loudavymkrokem.cz\/wp-content\/uploads\/2025\/01\/ekvador-696x365.jpg 696w\" sizes=\"(max-width: 1200px) 100vw, 1200px\" \/><button\n\t\t\tclass=\"lightbox-trigger\"\n\t\t\ttype=\"button\"\n\t\t\taria-haspopup=\"dialog\"\n\t\t\tdata-wp-bind--aria-label=\"state.thisImage.triggerButtonAriaLabel\"\n\t\t\tdata-wp-init=\"callbacks.initTriggerButton\"\n\t\t\tdata-wp-on--click=\"actions.showLightbox\"\n\t\t\tdata-wp-style--right=\"state.thisImage.buttonRight\"\n\t\t\tdata-wp-style--top=\"state.thisImage.buttonTop\"\n\t\t>\n\t\t\t<svg xmlns=\"http:\/\/www.w3.org\/2000\/svg\" width=\"12\" height=\"12\" fill=\"none\" viewBox=\"0 0 12 12\">\n\t\t\t\t<path fill=\"#fff\" d=\"M2 0a2 2 0 0 0-2 2v2h1.5V2a.5.5 0 0 1 .5-.5h2V0H2Zm2 10.5H2a.5.5 0 0 1-.5-.5V8H0v2a2 2 0 0 0 2 2h2v-1.5ZM8 12v-1.5h2a.5.5 0 0 0 .5-.5V8H12v2a2 2 0 0 1-2 2H8Zm2-12a2 2 0 0 1 2 2v2h-1.5V2a.5.5 0 0 0-.5-.5H8V0h2Z\" \/>\n\t\t\t<\/svg>\n\t\t<\/button><figcaption class=\"wp-element-caption\">Ecuador<\/figcaption><\/figure>\n\n\n\n<h3 class=\"wp-block-heading\"><span class=\"ez-toc-section\" id=\"Argentina\"><\/span>Argent\u00edna<span class=\"ez-toc-section-end\"><\/span><\/h3>\n\n\n\n<p class=\"wp-block-paragraph\">Argent\u00edna v\u00e1ltozatos term\u00e9szetet \u00e9s kult\u00far\u00e1t k\u00edn\u00e1l. Ha a tengert keresed, c\u00e9lozd meg a Mar del Plata k\u00f6rny\u00e9k\u00e9t. A p\u00e1rok felfedezhetik a romantikus mendozai sz\u0151l\u0151\u00fcltetv\u00e9nyeket, m\u00edg a kalandv\u00e1gy\u00f3k elindulhatnak Patag\u00f3ni\u00e1ba a gleccserekhez \u00e9s hegyekhez. Argent\u00edna az \u00ednyencek paradicsoma is \u2013 ne felejtsd el megk\u00f3stolni a val\u00f3di argentin steaket \u00e9s a helyi Malbec bort.<\/p>\n\n\n\n<p class=\"wp-block-paragraph\"><strong>Sz\u00e1ll\u00e1stipp:<\/strong> <strong><a class=\"thirstylink\" rel=\"nofollow\" target=\"_blank\" title=\"Hermitage Hotel\" href=\"https:\/\/loudavymkrokem.cz\/doporucujeme\/hermitage-hotel\/\" data-shortcode=\"true\">Hermitage Hotel<\/a><\/strong><\/p>\n\n\n\n<figure data-wp-context=\"{&quot;imageId&quot;:&quot;6a98ab37510ec&quot;}\" data-wp-interactive=\"core\/image\" data-wp-key=\"6a98ab37510ec\" class=\"wp-block-image size-full wp-lightbox-container\"><img decoding=\"async\" width=\"1200\" height=\"630\" data-wp-class--hide=\"state.isContentHidden\" data-wp-class--show=\"state.isContentVisible\" data-wp-init=\"callbacks.setButtonStyles\" data-wp-on--click=\"actions.showLightbox\" data-wp-on--load=\"callbacks.setButtonStyles\" data-wp-on--pointerdown=\"actions.preloadImage\" data-wp-on--pointerenter=\"actions.preloadImageWithDelay\" data-wp-on--pointerleave=\"actions.cancelPreload\" data-wp-on-window--resize=\"callbacks.setButtonStyles\" src=\"https:\/\/loudavymkrokem.cz\/wp-content\/uploads\/2025\/01\/argentina.jpg\" alt=\"Argent\u00edna\" class=\"wp-image-92623\" title=\"\" srcset=\"https:\/\/loudavymkrokem.cz\/wp-content\/uploads\/2025\/01\/argentina.jpg 1200w, https:\/\/loudavymkrokem.cz\/wp-content\/uploads\/2025\/01\/argentina-300x158.jpg 300w, https:\/\/loudavymkrokem.cz\/wp-content\/uploads\/2025\/01\/argentina-700x368.jpg 700w, https:\/\/loudavymkrokem.cz\/wp-content\/uploads\/2025\/01\/argentina-768x403.jpg 768w, https:\/\/loudavymkrokem.cz\/wp-content\/uploads\/2025\/01\/argentina-696x365.jpg 696w\" sizes=\"(max-width: 1200px) 100vw, 1200px\" \/><button\n\t\t\tclass=\"lightbox-trigger\"\n\t\t\ttype=\"button\"\n\t\t\taria-haspopup=\"dialog\"\n\t\t\tdata-wp-bind--aria-label=\"state.thisImage.triggerButtonAriaLabel\"\n\t\t\tdata-wp-init=\"callbacks.initTriggerButton\"\n\t\t\tdata-wp-on--click=\"actions.showLightbox\"\n\t\t\tdata-wp-style--right=\"state.thisImage.buttonRight\"\n\t\t\tdata-wp-style--top=\"state.thisImage.buttonTop\"\n\t\t>\n\t\t\t<svg xmlns=\"http:\/\/www.w3.org\/2000\/svg\" width=\"12\" height=\"12\" fill=\"none\" viewBox=\"0 0 12 12\">\n\t\t\t\t<path fill=\"#fff\" d=\"M2 0a2 2 0 0 0-2 2v2h1.5V2a.5.5 0 0 1 .5-.5h2V0H2Zm2 10.5H2a.5.5 0 0 1-.5-.5V8H0v2a2 2 0 0 0 2 2h2v-1.5ZM8 12v-1.5h2a.5.5 0 0 0 .5-.5V8H12v2a2 2 0 0 1-2 2H8Zm2-12a2 2 0 0 1 2 2v2h-1.5V2a.5.5 0 0 0-.5-.5H8V0h2Z\" \/>\n\t\t\t<\/svg>\n\t\t<\/button><figcaption class=\"wp-element-caption\">Argent\u00edna<\/figcaption><\/figure>\n\n\n\n<h3 class=\"wp-block-heading\"><span class=\"ez-toc-section\" id=\"Costa_Rica\"><\/span>Costa Rica<span class=\"ez-toc-section-end\"><\/span><\/h3>\n\n\n\n<p class=\"wp-block-paragraph\">Costa Rica tr\u00f3pusi paradicsom a term\u00e9szetkedvel\u0151knek. A gyermekes csal\u00e1doknak a Nicoya-f\u00e9lsziget strandjait aj\u00e1nljuk, amelyek nyugodtak \u00e9s biztons\u00e1gosak. A Monteverde term\u00e9szetv\u00e9delmi ter\u00fclet elk\u00e1pr\u00e1ztat majd a k\u00f6d\u00f6s erdeivel, m\u00edg a Manuel Antonio Nemzeti Park a majmair\u00f3l \u00e9s gy\u00f6ny\u00f6r\u0171 strandjair\u00f3l ismert. Costa Rica remek az \u00f6koturizmushoz is \u2013 a helyi infrastrukt\u00fara a fenntarthat\u00f3 turizmusra \u00f6sszpontos\u00edt.<\/p>\n\n\n\n<p class=\"wp-block-paragraph\"><strong>Sz\u00e1ll\u00e1stipp:<\/strong> <a class=\"thirstylink\" rel=\"nofollow\" target=\"_blank\" title=\"Ventura Santa Teresa\" href=\"https:\/\/loudavymkrokem.cz\/doporucujeme\/ventura-santa-teresa\/\" data-shortcode=\"true\"><strong>Ventura Santa Teresa<\/strong><\/a><\/p>\n\n\n\n<figure data-wp-context=\"{&quot;imageId&quot;:&quot;6a98ab375183c&quot;}\" data-wp-interactive=\"core\/image\" data-wp-key=\"6a98ab375183c\" class=\"wp-block-image size-full wp-lightbox-container\"><img decoding=\"async\" width=\"1200\" height=\"630\" data-wp-class--hide=\"state.isContentHidden\" data-wp-class--show=\"state.isContentVisible\" data-wp-init=\"callbacks.setButtonStyles\" data-wp-on--click=\"actions.showLightbox\" data-wp-on--load=\"callbacks.setButtonStyles\" data-wp-on--pointerdown=\"actions.preloadImage\" data-wp-on--pointerenter=\"actions.preloadImageWithDelay\" data-wp-on--pointerleave=\"actions.cancelPreload\" data-wp-on-window--resize=\"callbacks.setButtonStyles\" src=\"https:\/\/loudavymkrokem.cz\/wp-content\/uploads\/2025\/01\/kostarika.jpg\" alt=\"Costa Rica\" class=\"wp-image-91817\" title=\"\" srcset=\"https:\/\/loudavymkrokem.cz\/wp-content\/uploads\/2025\/01\/kostarika.jpg 1200w, https:\/\/loudavymkrokem.cz\/wp-content\/uploads\/2025\/01\/kostarika-300x158.jpg 300w, https:\/\/loudavymkrokem.cz\/wp-content\/uploads\/2025\/01\/kostarika-700x368.jpg 700w, https:\/\/loudavymkrokem.cz\/wp-content\/uploads\/2025\/01\/kostarika-768x403.jpg 768w, https:\/\/loudavymkrokem.cz\/wp-content\/uploads\/2025\/01\/kostarika-696x365.jpg 696w\" sizes=\"(max-width: 1200px) 100vw, 1200px\" \/><button\n\t\t\tclass=\"lightbox-trigger\"\n\t\t\ttype=\"button\"\n\t\t\taria-haspopup=\"dialog\"\n\t\t\tdata-wp-bind--aria-label=\"state.thisImage.triggerButtonAriaLabel\"\n\t\t\tdata-wp-init=\"callbacks.initTriggerButton\"\n\t\t\tdata-wp-on--click=\"actions.showLightbox\"\n\t\t\tdata-wp-style--right=\"state.thisImage.buttonRight\"\n\t\t\tdata-wp-style--top=\"state.thisImage.buttonTop\"\n\t\t>\n\t\t\t<svg xmlns=\"http:\/\/www.w3.org\/2000\/svg\" width=\"12\" height=\"12\" fill=\"none\" viewBox=\"0 0 12 12\">\n\t\t\t\t<path fill=\"#fff\" d=\"M2 0a2 2 0 0 0-2 2v2h1.5V2a.5.5 0 0 1 .5-.5h2V0H2Zm2 10.5H2a.5.5 0 0 1-.5-.5V8H0v2a2 2 0 0 0 2 2h2v-1.5ZM8 12v-1.5h2a.5.5 0 0 0 .5-.5V8H12v2a2 2 0 0 1-2 2H8Zm2-12a2 2 0 0 1 2 2v2h-1.5V2a.5.5 0 0 0-.5-.5H8V0h2Z\" \/>\n\t\t\t<\/svg>\n\t\t<\/button><figcaption class=\"wp-element-caption\">Costa Rica<\/figcaption><\/figure>\n\n\n\n<h3 class=\"wp-block-heading\"><span class=\"ez-toc-section\" id=\"Ciprus\"><\/span>Ciprus<span class=\"ez-toc-section-end\"><\/span><\/h3>\n\n\n\n<p class=\"wp-block-paragraph\">Ciprus remek v\u00e1laszt\u00e1s egy Eur\u00f3p\u00e1hoz k\u00f6zeli nyaral\u00e1shoz. A csal\u00e1doknak Ayia Nap\u00e1t aj\u00e1nljuk homokos strandokkal \u00e9s vid\u00e1mparkokkal. Paphos ezzel szemben t\u00f6rt\u00e9nelmi eml\u00e9keket k\u00edn\u00e1l, mint a kir\u00e1lys\u00edrok \u00e9s az antik korb\u00f3l sz\u00e1rmaz\u00f3 mozaikok. A p\u00e1rok elindulhatnak egy romantikus haj\u00f3k\u00e1z\u00e1sra a part ment\u00e9n, vagy egy gyalogos t\u00far\u00e1ra a Troodos-hegys\u00e9gbe.<\/p>\n\n\n\n<p class=\"wp-block-paragraph\"><strong>Sz\u00e1ll\u00e1stipp:<\/strong> <strong><a class=\"thirstylink\" rel=\"nofollow\" target=\"_blank\" title=\"Constantinou Bros Athena Beach Hotel\" href=\"https:\/\/loudavymkrokem.cz\/doporucujeme\/constantinou-bros-athena-beach-hotel\/\" data-shortcode=\"true\">Constantinou Bros Athena Beach Hotel<\/a><\/strong><\/p>\n\n\n\n<figure data-wp-context=\"{&quot;imageId&quot;:&quot;6a98ab3751e6f&quot;}\" data-wp-interactive=\"core\/image\" data-wp-key=\"6a98ab3751e6f\" class=\"wp-block-image size-full wp-lightbox-container\"><img decoding=\"async\" width=\"1200\" height=\"630\" data-wp-class--hide=\"state.isContentHidden\" data-wp-class--show=\"state.isContentVisible\" data-wp-init=\"callbacks.setButtonStyles\" data-wp-on--click=\"actions.showLightbox\" data-wp-on--load=\"callbacks.setButtonStyles\" data-wp-on--pointerdown=\"actions.preloadImage\" data-wp-on--pointerenter=\"actions.preloadImageWithDelay\" data-wp-on--pointerleave=\"actions.cancelPreload\" data-wp-on-window--resize=\"callbacks.setButtonStyles\" src=\"https:\/\/loudavymkrokem.cz\/wp-content\/uploads\/2025\/01\/kypr.jpg\" alt=\"Ciprus\" class=\"wp-image-92618\" title=\"\" srcset=\"https:\/\/loudavymkrokem.cz\/wp-content\/uploads\/2025\/01\/kypr.jpg 1200w, https:\/\/loudavymkrokem.cz\/wp-content\/uploads\/2025\/01\/kypr-300x158.jpg 300w, https:\/\/loudavymkrokem.cz\/wp-content\/uploads\/2025\/01\/kypr-700x368.jpg 700w, https:\/\/loudavymkrokem.cz\/wp-content\/uploads\/2025\/01\/kypr-768x403.jpg 768w, https:\/\/loudavymkrokem.cz\/wp-content\/uploads\/2025\/01\/kypr-696x365.jpg 696w\" sizes=\"(max-width: 1200px) 100vw, 1200px\" \/><button\n\t\t\tclass=\"lightbox-trigger\"\n\t\t\ttype=\"button\"\n\t\t\taria-haspopup=\"dialog\"\n\t\t\tdata-wp-bind--aria-label=\"state.thisImage.triggerButtonAriaLabel\"\n\t\t\tdata-wp-init=\"callbacks.initTriggerButton\"\n\t\t\tdata-wp-on--click=\"actions.showLightbox\"\n\t\t\tdata-wp-style--right=\"state.thisImage.buttonRight\"\n\t\t\tdata-wp-style--top=\"state.thisImage.buttonTop\"\n\t\t>\n\t\t\t<svg xmlns=\"http:\/\/www.w3.org\/2000\/svg\" width=\"12\" height=\"12\" fill=\"none\" viewBox=\"0 0 12 12\">\n\t\t\t\t<path fill=\"#fff\" d=\"M2 0a2 2 0 0 0-2 2v2h1.5V2a.5.5 0 0 1 .5-.5h2V0H2Zm2 10.5H2a.5.5 0 0 1-.5-.5V8H0v2a2 2 0 0 0 2 2h2v-1.5ZM8 12v-1.5h2a.5.5 0 0 0 .5-.5V8H12v2a2 2 0 0 1-2 2H8Zm2-12a2 2 0 0 1 2 2v2h-1.5V2a.5.5 0 0 0-.5-.5H8V0h2Z\" \/>\n\t\t\t<\/svg>\n\t\t<\/button><figcaption class=\"wp-element-caption\">Ciprus<\/figcaption><\/figure>\n\n\n\n<h3 class=\"wp-block-heading\"><span class=\"ez-toc-section\" id=\"Kolumbia\"><\/span>Kolumbia<span class=\"ez-toc-section-end\"><\/span><\/h3>\n\n\n\n<p class=\"wp-block-paragraph\">Kolumbia gy\u00f6ny\u00f6r\u0171 \u00e9s m\u00e9g kev\u00e9sb\u00e9 felfedezett \u00fati c\u00e9l. A Cartagena de Indias k\u00f6rny\u00e9ki strandok a t\u00f6rt\u00e9nelmi hangulatot \u00f6tv\u00f6zik a tr\u00f3pusi paradicsommal. A Tayrona Nemzeti Park egyed\u00fcl\u00e1ll\u00f3 term\u00e9szetet \u00e9s nyugodt \u00f6bl\u00f6ket k\u00edn\u00e1l a f\u00fcrd\u0151z\u00e9shez. A k\u00e1v\u00e9 szerelmesei megl\u00e1togathatj\u00e1k a Zona Cafetera r\u00e9gi\u00f3t, ahol a legjobb kolumbiai k\u00e1v\u00e9t k\u00f3stolhatj\u00e1k meg egyenesen a forr\u00e1sn\u00e1l.<\/p>\n\n\n\n<p class=\"wp-block-paragraph\"><strong>Sz\u00e1ll\u00e1stipp:<\/strong> <strong><a class=\"thirstylink\" rel=\"nofollow\" target=\"_blank\" title=\"Gardenia Springs\" href=\"https:\/\/loudavymkrokem.cz\/doporucujeme\/gardenia-springs\/\" data-shortcode=\"true\">Gardenia Springs<\/a><\/strong><\/p>\n\n\n\n<figure data-wp-context=\"{&quot;imageId&quot;:&quot;6a98ab3752c59&quot;}\" data-wp-interactive=\"core\/image\" data-wp-key=\"6a98ab3752c59\" class=\"wp-block-image size-full wp-lightbox-container\"><img decoding=\"async\" width=\"1200\" height=\"630\" data-wp-class--hide=\"state.isContentHidden\" data-wp-class--show=\"state.isContentVisible\" data-wp-init=\"callbacks.setButtonStyles\" data-wp-on--click=\"actions.showLightbox\" data-wp-on--load=\"callbacks.setButtonStyles\" data-wp-on--pointerdown=\"actions.preloadImage\" data-wp-on--pointerenter=\"actions.preloadImageWithDelay\" data-wp-on--pointerleave=\"actions.cancelPreload\" data-wp-on-window--resize=\"callbacks.setButtonStyles\" src=\"https:\/\/loudavymkrokem.cz\/wp-content\/uploads\/2025\/01\/kolumbie.jpg\" alt=\"Kolumbia\" class=\"wp-image-92613\" title=\"\" srcset=\"https:\/\/loudavymkrokem.cz\/wp-content\/uploads\/2025\/01\/kolumbie.jpg 1200w, https:\/\/loudavymkrokem.cz\/wp-content\/uploads\/2025\/01\/kolumbie-300x158.jpg 300w, https:\/\/loudavymkrokem.cz\/wp-content\/uploads\/2025\/01\/kolumbie-700x368.jpg 700w, https:\/\/loudavymkrokem.cz\/wp-content\/uploads\/2025\/01\/kolumbie-768x403.jpg 768w, https:\/\/loudavymkrokem.cz\/wp-content\/uploads\/2025\/01\/kolumbie-696x365.jpg 696w\" sizes=\"(max-width: 1200px) 100vw, 1200px\" \/><button\n\t\t\tclass=\"lightbox-trigger\"\n\t\t\ttype=\"button\"\n\t\t\taria-haspopup=\"dialog\"\n\t\t\tdata-wp-bind--aria-label=\"state.thisImage.triggerButtonAriaLabel\"\n\t\t\tdata-wp-init=\"callbacks.initTriggerButton\"\n\t\t\tdata-wp-on--click=\"actions.showLightbox\"\n\t\t\tdata-wp-style--right=\"state.thisImage.buttonRight\"\n\t\t\tdata-wp-style--top=\"state.thisImage.buttonTop\"\n\t\t>\n\t\t\t<svg xmlns=\"http:\/\/www.w3.org\/2000\/svg\" width=\"12\" height=\"12\" fill=\"none\" viewBox=\"0 0 12 12\">\n\t\t\t\t<path fill=\"#fff\" d=\"M2 0a2 2 0 0 0-2 2v2h1.5V2a.5.5 0 0 1 .5-.5h2V0H2Zm2 10.5H2a.5.5 0 0 1-.5-.5V8H0v2a2 2 0 0 0 2 2h2v-1.5ZM8 12v-1.5h2a.5.5 0 0 0 .5-.5V8H12v2a2 2 0 0 1-2 2H8Zm2-12a2 2 0 0 1 2 2v2h-1.5V2a.5.5 0 0 0-.5-.5H8V0h2Z\" \/>\n\t\t\t<\/svg>\n\t\t<\/button><figcaption class=\"wp-element-caption\">Kolumbia<\/figcaption><\/figure>\n\n\n\n<h3 class=\"wp-block-heading\"><span class=\"ez-toc-section\" id=\"Oman\"><\/span>Om\u00e1n<span class=\"ez-toc-section-end\"><\/span><\/h3>\n\n\n\n<p class=\"wp-block-paragraph\">Om\u00e1n az Arab-f\u00e9lsziget gy\u00f6ngyszeme. \u00d6tv\u00f6zi az egzotikumot, a nyugalmat \u00e9s a tengert. A Salalah k\u00f6rny\u00e9ki strandok ide\u00e1lisak a pihen\u00e9shez, m\u00edg Muscat hagyom\u00e1nyos piacokat (szukokat) \u00e9s luxust k\u00edn\u00e1l. A kalandv\u00e1gy\u00f3bb t\u00edpusok elindulhatnak a Wahiba Sands sivatagba, vagy megl\u00e1togathatj\u00e1k a Jebel Akhdar hegyvid\u00e9ket. M\u00e1rciusban Om\u00e1nban kellemes az id\u0151j\u00e1r\u00e1s, ami ide\u00e1lis a felfedez\u00e9shez.<\/p>\n\n\n\n<p class=\"wp-block-paragraph\"><strong>Sz\u00e1ll\u00e1stipp:<\/strong> <a class=\"thirstylink\" rel=\"nofollow\" target=\"_blank\" title=\"Grand Millennium Muscat\" href=\"https:\/\/loudavymkrokem.cz\/doporucujeme\/grand-millennium-muscat\/\" data-shortcode=\"true\"><strong>Grand Millennium Muscat<\/strong><\/a> vagy <strong><a class=\"thirstylink\" rel=\"nofollow\" target=\"_blank\" title=\"Al Bustan Palace\" href=\"https:\/\/loudavymkrokem.cz\/doporucujeme\/al-bustan-palace\/\" data-shortcode=\"true\">Al Bustan Palace<\/a><\/strong><\/p>\n\n\n\n<figure data-wp-context=\"{&quot;imageId&quot;:&quot;6a98ab375337c&quot;}\" data-wp-interactive=\"core\/image\" data-wp-key=\"6a98ab375337c\" class=\"wp-block-image size-full wp-lightbox-container\"><img decoding=\"async\" width=\"1200\" height=\"800\" data-wp-class--hide=\"state.isContentHidden\" data-wp-class--show=\"state.isContentVisible\" data-wp-init=\"callbacks.setButtonStyles\" data-wp-on--click=\"actions.showLightbox\" data-wp-on--load=\"callbacks.setButtonStyles\" data-wp-on--pointerdown=\"actions.preloadImage\" data-wp-on--pointerenter=\"actions.preloadImageWithDelay\" data-wp-on--pointerleave=\"actions.cancelPreload\" data-wp-on-window--resize=\"callbacks.setButtonStyles\" src=\"https:\/\/loudavymkrokem.cz\/wp-content\/uploads\/2024\/11\/oman.jpg\" alt=\"Om\u00e1n\" class=\"wp-image-90811\" title=\"\" srcset=\"https:\/\/loudavymkrokem.cz\/wp-content\/uploads\/2024\/11\/oman.jpg 1200w, https:\/\/loudavymkrokem.cz\/wp-content\/uploads\/2024\/11\/oman-300x200.jpg 300w, https:\/\/loudavymkrokem.cz\/wp-content\/uploads\/2024\/11\/oman-700x467.jpg 700w, https:\/\/loudavymkrokem.cz\/wp-content\/uploads\/2024\/11\/oman-768x512.jpg 768w, https:\/\/loudavymkrokem.cz\/wp-content\/uploads\/2024\/11\/oman-696x464.jpg 696w\" sizes=\"(max-width: 1200px) 100vw, 1200px\" \/><button\n\t\t\tclass=\"lightbox-trigger\"\n\t\t\ttype=\"button\"\n\t\t\taria-haspopup=\"dialog\"\n\t\t\tdata-wp-bind--aria-label=\"state.thisImage.triggerButtonAriaLabel\"\n\t\t\tdata-wp-init=\"callbacks.initTriggerButton\"\n\t\t\tdata-wp-on--click=\"actions.showLightbox\"\n\t\t\tdata-wp-style--right=\"state.thisImage.buttonRight\"\n\t\t\tdata-wp-style--top=\"state.thisImage.buttonTop\"\n\t\t>\n\t\t\t<svg xmlns=\"http:\/\/www.w3.org\/2000\/svg\" width=\"12\" height=\"12\" fill=\"none\" viewBox=\"0 0 12 12\">\n\t\t\t\t<path fill=\"#fff\" d=\"M2 0a2 2 0 0 0-2 2v2h1.5V2a.5.5 0 0 1 .5-.5h2V0H2Zm2 10.5H2a.5.5 0 0 1-.5-.5V8H0v2a2 2 0 0 0 2 2h2v-1.5ZM8 12v-1.5h2a.5.5 0 0 0 .5-.5V8H12v2a2 2 0 0 1-2 2H8Zm2-12a2 2 0 0 1 2 2v2h-1.5V2a.5.5 0 0 0-.5-.5H8V0h2Z\" \/>\n\t\t\t<\/svg>\n\t\t<\/button><figcaption class=\"wp-element-caption\">Om\u00e1n<\/figcaption><\/figure>\n\n\n\n<h3 class=\"wp-block-heading\"><span class=\"ez-toc-section\" id=\"Egyiptom\"><\/span>Egyiptom<span class=\"ez-toc-section-end\"><\/span><\/h3>\n\n\n\n<p class=\"wp-block-paragraph\">Egyiptom a t\u00e9li nyaral\u00e1si \u00fati c\u00e9lok klasszikusa. Az olyan ter\u00fcletek, mint Hurghada \u00e9s Marsa Alam, all-inclusive \u00fcd\u00fcl\u0151helyeket k\u00edn\u00e1lnak, ahol \u00e9lvezheted a f\u00fcrd\u0151z\u00e9st \u00e9s a snorkelez\u00e9st. A V\u00f6r\u00f6s-tenger v\u00edz alatti vil\u00e1ga tele van sz\u00ednes korallokkal \u00e9s halakkal. A t\u00f6rt\u00e9nelem szerelmeseinek term\u00e9szetesen k\u00f6telez\u0151 megl\u00e1togatni a g\u00edzai piramisokat vagy a luxori templomokat. A csal\u00e1dok \u00e9rt\u00e9kelni fogj\u00e1k a rengeteg v\u00edzi parkot \u00e9s anim\u00e1ci\u00f3s programot.<\/p>\n\n\n\n<p class=\"wp-block-paragraph\"><strong>Sz\u00e1ll\u00e1stipp:<\/strong> <strong><a class=\"thirstylink\" rel=\"nofollow\" target=\"_blank\" title=\"Hilton Alexandria King&#039;s Ranch Hotel\" href=\"https:\/\/loudavymkrokem.cz\/doporucujeme\/hilton-alexandria-kings-ranch-hotel\/\" data-shortcode=\"true\">Hilton Alexandria King&#8217;s Ranch Hotel<\/a><\/strong> vagy <strong><a class=\"thirstylink\" rel=\"nofollow\" target=\"_blank\" title=\"Tree Lounge Pyramids View INN\" href=\"https:\/\/loudavymkrokem.cz\/doporucujeme\/tree-lounge-pyramids-view-inn\/\" data-shortcode=\"true\">Tree Lounge Pyramids View INN<\/a><\/strong><\/p>\n\n\n\n<figure data-wp-context=\"{&quot;imageId&quot;:&quot;6a98ab3753a0e&quot;}\" data-wp-interactive=\"core\/image\" data-wp-key=\"6a98ab3753a0e\" class=\"wp-block-image size-full wp-lightbox-container\"><img decoding=\"async\" width=\"1200\" height=\"800\" data-wp-class--hide=\"state.isContentHidden\" data-wp-class--show=\"state.isContentVisible\" data-wp-init=\"callbacks.setButtonStyles\" data-wp-on--click=\"actions.showLightbox\" data-wp-on--load=\"callbacks.setButtonStyles\" data-wp-on--pointerdown=\"actions.preloadImage\" data-wp-on--pointerenter=\"actions.preloadImageWithDelay\" data-wp-on--pointerleave=\"actions.cancelPreload\" data-wp-on-window--resize=\"callbacks.setButtonStyles\" src=\"https:\/\/loudavymkrokem.cz\/wp-content\/uploads\/2024\/11\/egypt.jpg\" alt=\"Egyiptom\" class=\"wp-image-90836\" title=\"\" srcset=\"https:\/\/loudavymkrokem.cz\/wp-content\/uploads\/2024\/11\/egypt.jpg 1200w, https:\/\/loudavymkrokem.cz\/wp-content\/uploads\/2024\/11\/egypt-300x200.jpg 300w, https:\/\/loudavymkrokem.cz\/wp-content\/uploads\/2024\/11\/egypt-700x467.jpg 700w, https:\/\/loudavymkrokem.cz\/wp-content\/uploads\/2024\/11\/egypt-768x512.jpg 768w, https:\/\/loudavymkrokem.cz\/wp-content\/uploads\/2024\/11\/egypt-696x464.jpg 696w\" sizes=\"(max-width: 1200px) 100vw, 1200px\" \/><button\n\t\t\tclass=\"lightbox-trigger\"\n\t\t\ttype=\"button\"\n\t\t\taria-haspopup=\"dialog\"\n\t\t\tdata-wp-bind--aria-label=\"state.thisImage.triggerButtonAriaLabel\"\n\t\t\tdata-wp-init=\"callbacks.initTriggerButton\"\n\t\t\tdata-wp-on--click=\"actions.showLightbox\"\n\t\t\tdata-wp-style--right=\"state.thisImage.buttonRight\"\n\t\t\tdata-wp-style--top=\"state.thisImage.buttonTop\"\n\t\t>\n\t\t\t<svg xmlns=\"http:\/\/www.w3.org\/2000\/svg\" width=\"12\" height=\"12\" fill=\"none\" viewBox=\"0 0 12 12\">\n\t\t\t\t<path fill=\"#fff\" d=\"M2 0a2 2 0 0 0-2 2v2h1.5V2a.5.5 0 0 1 .5-.5h2V0H2Zm2 10.5H2a.5.5 0 0 1-.5-.5V8H0v2a2 2 0 0 0 2 2h2v-1.5ZM8 12v-1.5h2a.5.5 0 0 0 .5-.5V8H12v2a2 2 0 0 1-2 2H8Zm2-12a2 2 0 0 1 2 2v2h-1.5V2a.5.5 0 0 0-.5-.5H8V0h2Z\" \/>\n\t\t\t<\/svg>\n\t\t<\/button><figcaption class=\"wp-element-caption\">Egyiptom<\/figcaption><\/figure>\n\n\n\n<h3 class=\"wp-block-heading\"><span class=\"ez-toc-section\" id=\"Madeira\"><\/span>Madeira<span class=\"ez-toc-section-end\"><\/span><\/h3>\n\n\n\n<p class=\"wp-block-paragraph\"><strong><a href=\"https:\/\/loudavymkrokem.cz\/hu\/madeira-latnivalok-utiterv\/\" data-type=\"link\" data-id=\"https:\/\/loudavymkrokem.cz\/madeira-pruvodce\/\" target=\"_blank\" rel=\"noreferrer noopener\">Madeira<\/a><\/strong>, az \u201e\u00f6r\u00f6k tavasz szigete&#8221; n\u00e9ven ismert, remek v\u00e1laszt\u00e1s egy nyugodt nyaral\u00e1shoz. Dr\u00e1mai szikl\u00e1k, vulkanikus t\u00e1jak \u00e9s vir\u00e1gokkal teli botanikus kertek v\u00e1rnak r\u00e1d. A turist\u00e1k gyakran indulnak a levad\u00e1kra \u2013 a hagyom\u00e1nyos \u00f6nt\u00f6z\u0151csatorn\u00e1kra, amelyek a fest\u0151i term\u00e9szeten \u00e1t vezetnek.<\/p>\n\n\n\n<p class=\"wp-block-paragraph\"><strong>Sz\u00e1ll\u00e1stipp:<\/strong> <strong><a class=\"thirstylink\" rel=\"nofollow\" target=\"_blank\" title=\"Inn &#038; Art Madeira\" href=\"https:\/\/loudavymkrokem.cz\/doporucujeme\/inn-art-madeira\/\" data-shortcode=\"true\">Inn &amp; Art Madeira<\/a><\/strong><\/p>\n\n\n\n<figure data-wp-context=\"{&quot;imageId&quot;:&quot;6a98ab375407a&quot;}\" data-wp-interactive=\"core\/image\" data-wp-key=\"6a98ab375407a\" class=\"wp-block-image size-full wp-lightbox-container\"><img decoding=\"async\" width=\"1200\" height=\"630\" data-wp-class--hide=\"state.isContentHidden\" data-wp-class--show=\"state.isContentVisible\" data-wp-init=\"callbacks.setButtonStyles\" data-wp-on--click=\"actions.showLightbox\" data-wp-on--load=\"callbacks.setButtonStyles\" data-wp-on--pointerdown=\"actions.preloadImage\" data-wp-on--pointerenter=\"actions.preloadImageWithDelay\" data-wp-on--pointerleave=\"actions.cancelPreload\" data-wp-on-window--resize=\"callbacks.setButtonStyles\" src=\"https:\/\/loudavymkrokem.cz\/wp-content\/uploads\/2025\/01\/madeira.jpg\" alt=\"Madeira\" class=\"wp-image-92608\" title=\"\" srcset=\"https:\/\/loudavymkrokem.cz\/wp-content\/uploads\/2025\/01\/madeira.jpg 1200w, https:\/\/loudavymkrokem.cz\/wp-content\/uploads\/2025\/01\/madeira-300x158.jpg 300w, https:\/\/loudavymkrokem.cz\/wp-content\/uploads\/2025\/01\/madeira-700x368.jpg 700w, https:\/\/loudavymkrokem.cz\/wp-content\/uploads\/2025\/01\/madeira-768x403.jpg 768w, https:\/\/loudavymkrokem.cz\/wp-content\/uploads\/2025\/01\/madeira-696x365.jpg 696w\" sizes=\"(max-width: 1200px) 100vw, 1200px\" \/><button\n\t\t\tclass=\"lightbox-trigger\"\n\t\t\ttype=\"button\"\n\t\t\taria-haspopup=\"dialog\"\n\t\t\tdata-wp-bind--aria-label=\"state.thisImage.triggerButtonAriaLabel\"\n\t\t\tdata-wp-init=\"callbacks.initTriggerButton\"\n\t\t\tdata-wp-on--click=\"actions.showLightbox\"\n\t\t\tdata-wp-style--right=\"state.thisImage.buttonRight\"\n\t\t\tdata-wp-style--top=\"state.thisImage.buttonTop\"\n\t\t>\n\t\t\t<svg xmlns=\"http:\/\/www.w3.org\/2000\/svg\" width=\"12\" height=\"12\" fill=\"none\" viewBox=\"0 0 12 12\">\n\t\t\t\t<path fill=\"#fff\" d=\"M2 0a2 2 0 0 0-2 2v2h1.5V2a.5.5 0 0 1 .5-.5h2V0H2Zm2 10.5H2a.5.5 0 0 1-.5-.5V8H0v2a2 2 0 0 0 2 2h2v-1.5ZM8 12v-1.5h2a.5.5 0 0 0 .5-.5V8H12v2a2 2 0 0 1-2 2H8Zm2-12a2 2 0 0 1 2 2v2h-1.5V2a.5.5 0 0 0-.5-.5H8V0h2Z\" \/>\n\t\t\t<\/svg>\n\t\t<\/button><figcaption class=\"wp-element-caption\">Madeira<\/figcaption><\/figure>\n\n\n\n<h3 class=\"wp-block-heading\"><span class=\"ez-toc-section\" id=\"Vietnam\"><\/span>Vietnam<span class=\"ez-toc-section-end\"><\/span><\/h3>\n\n\n\n<p class=\"wp-block-paragraph\">Vietnam gy\u00f6ny\u00f6r\u0171 strandokat, v\u00e1ltozatos kult\u00far\u00e1t \u00e9s kiv\u00e1l\u00f3 konyh\u00e1t k\u00edn\u00e1l. Nha Trang k\u00f6rny\u00e9ke ide\u00e1lis a gyermekes csal\u00e1doknak a biztons\u00e1gos strandok \u00e9s vid\u00e1mparkok miatt. A p\u00e1rok megl\u00e1togathatj\u00e1k a romantikus Halong-\u00f6bl\u00f6t vagy a t\u00f6rt\u00e9nelmi Hoi An v\u00e1ros\u00e1t. Vietnam \u00e1rban is el\u00e9rhet\u0151, ami ide\u00e1lis \u00fati c\u00e9ll\u00e1 teszi a hosszabb tart\u00f3zkod\u00e1shoz.<\/p>\n\n\n\n<p class=\"wp-block-paragraph\"><strong>Sz\u00e1ll\u00e1stipp:<\/strong> <strong><a class=\"thirstylink\" rel=\"nofollow\" target=\"_blank\" title=\"Sofitel Legend Metropole\" href=\"https:\/\/loudavymkrokem.cz\/doporucujeme\/sofitel-legend-metropole\/\" data-shortcode=\"true\">Sofitel Legend Metropole<\/a><\/strong><\/p>\n\n\n\n<figure data-wp-context=\"{&quot;imageId&quot;:&quot;6a98ab375459f&quot;}\" data-wp-interactive=\"core\/image\" data-wp-key=\"6a98ab375459f\" class=\"wp-block-image size-full wp-lightbox-container\"><img decoding=\"async\" width=\"1200\" height=\"800\" data-wp-class--hide=\"state.isContentHidden\" data-wp-class--show=\"state.isContentVisible\" data-wp-init=\"callbacks.setButtonStyles\" data-wp-on--click=\"actions.showLightbox\" data-wp-on--load=\"callbacks.setButtonStyles\" data-wp-on--pointerdown=\"actions.preloadImage\" data-wp-on--pointerenter=\"actions.preloadImageWithDelay\" data-wp-on--pointerleave=\"actions.cancelPreload\" data-wp-on-window--resize=\"callbacks.setButtonStyles\" src=\"https:\/\/loudavymkrokem.cz\/wp-content\/uploads\/2024\/11\/vietnam.jpg\" alt=\"Vietnam\" class=\"wp-image-90806\" title=\"\" srcset=\"https:\/\/loudavymkrokem.cz\/wp-content\/uploads\/2024\/11\/vietnam.jpg 1200w, https:\/\/loudavymkrokem.cz\/wp-content\/uploads\/2024\/11\/vietnam-300x200.jpg 300w, https:\/\/loudavymkrokem.cz\/wp-content\/uploads\/2024\/11\/vietnam-700x467.jpg 700w, https:\/\/loudavymkrokem.cz\/wp-content\/uploads\/2024\/11\/vietnam-768x512.jpg 768w, https:\/\/loudavymkrokem.cz\/wp-content\/uploads\/2024\/11\/vietnam-696x464.jpg 696w\" sizes=\"(max-width: 1200px) 100vw, 1200px\" \/><button\n\t\t\tclass=\"lightbox-trigger\"\n\t\t\ttype=\"button\"\n\t\t\taria-haspopup=\"dialog\"\n\t\t\tdata-wp-bind--aria-label=\"state.thisImage.triggerButtonAriaLabel\"\n\t\t\tdata-wp-init=\"callbacks.initTriggerButton\"\n\t\t\tdata-wp-on--click=\"actions.showLightbox\"\n\t\t\tdata-wp-style--right=\"state.thisImage.buttonRight\"\n\t\t\tdata-wp-style--top=\"state.thisImage.buttonTop\"\n\t\t>\n\t\t\t<svg xmlns=\"http:\/\/www.w3.org\/2000\/svg\" width=\"12\" height=\"12\" fill=\"none\" viewBox=\"0 0 12 12\">\n\t\t\t\t<path fill=\"#fff\" d=\"M2 0a2 2 0 0 0-2 2v2h1.5V2a.5.5 0 0 1 .5-.5h2V0H2Zm2 10.5H2a.5.5 0 0 1-.5-.5V8H0v2a2 2 0 0 0 2 2h2v-1.5ZM8 12v-1.5h2a.5.5 0 0 0 .5-.5V8H12v2a2 2 0 0 1-2 2H8Zm2-12a2 2 0 0 1 2 2v2h-1.5V2a.5.5 0 0 0-.5-.5H8V0h2Z\" \/>\n\t\t\t<\/svg>\n\t\t<\/button><figcaption class=\"wp-element-caption\">Vietnam<\/figcaption><\/figure>\n\n\n\n<h3 class=\"wp-block-heading\"><span class=\"ez-toc-section\" id=\"Seychelle-szigetek\"><\/span>Seychelle-szigetek<span class=\"ez-toc-section-end\"><\/span><\/h3>\n\n\n\n<p class=\"wp-block-paragraph\">A Seychelle-szigetek a luxus \u00e9s a romantika szinonim\u00e1ja. A feh\u00e9r homokos, az\u00fark\u00e9k tenger\u0171 strandok, mint az Anse Lazio vagy a Beau Vallon, a vil\u00e1g legszebbjei k\u00f6z\u00e9 tartoznak. La Digue szigete nyugodt hangulatot \u00e9s csod\u00e1latos t\u00e1jakat k\u00edn\u00e1l. A p\u00e1rok \u00e9lvezhetik a mag\u00e1nyt \u00e9s a romantik\u00e1t, m\u00edg a csal\u00e1dok \u00e9rt\u00e9kelni fogj\u00e1k a bar\u00e1ts\u00e1gos l\u00e9gk\u00f6rt \u00e9s a biztons\u00e1gos k\u00f6rnyezetet.<\/p>\n\n\n\n<p class=\"wp-block-paragraph\"><strong>Sz\u00e1ll\u00e1stipp:<\/strong> <strong><a class=\"thirstylink\" rel=\"nofollow\" target=\"_blank\" title=\"Paradise Sun Hotel Seychelles\" href=\"https:\/\/loudavymkrokem.cz\/doporucujeme\/paradise-sun-hotel-seychelles\/\" data-shortcode=\"true\">Paradise Sun Hotel Seychelles<\/a><\/strong><\/p>\n\n\n\n<figure data-wp-context=\"{&quot;imageId&quot;:&quot;6a98ab3754cf6&quot;}\" data-wp-interactive=\"core\/image\" data-wp-key=\"6a98ab3754cf6\" class=\"wp-block-image size-full wp-lightbox-container\"><img decoding=\"async\" width=\"1200\" height=\"800\" data-wp-class--hide=\"state.isContentHidden\" data-wp-class--show=\"state.isContentVisible\" data-wp-init=\"callbacks.setButtonStyles\" data-wp-on--click=\"actions.showLightbox\" data-wp-on--load=\"callbacks.setButtonStyles\" data-wp-on--pointerdown=\"actions.preloadImage\" data-wp-on--pointerenter=\"actions.preloadImageWithDelay\" data-wp-on--pointerleave=\"actions.cancelPreload\" data-wp-on-window--resize=\"callbacks.setButtonStyles\" src=\"https:\/\/loudavymkrokem.cz\/wp-content\/uploads\/2024\/11\/seychely.jpg\" alt=\"Seychelle-szigetek\" class=\"wp-image-90816\" title=\"\" srcset=\"https:\/\/loudavymkrokem.cz\/wp-content\/uploads\/2024\/11\/seychely.jpg 1200w, https:\/\/loudavymkrokem.cz\/wp-content\/uploads\/2024\/11\/seychely-300x200.jpg 300w, https:\/\/loudavymkrokem.cz\/wp-content\/uploads\/2024\/11\/seychely-700x467.jpg 700w, https:\/\/loudavymkrokem.cz\/wp-content\/uploads\/2024\/11\/seychely-768x512.jpg 768w, https:\/\/loudavymkrokem.cz\/wp-content\/uploads\/2024\/11\/seychely-696x464.jpg 696w\" sizes=\"(max-width: 1200px) 100vw, 1200px\" \/><button\n\t\t\tclass=\"lightbox-trigger\"\n\t\t\ttype=\"button\"\n\t\t\taria-haspopup=\"dialog\"\n\t\t\tdata-wp-bind--aria-label=\"state.thisImage.triggerButtonAriaLabel\"\n\t\t\tdata-wp-init=\"callbacks.initTriggerButton\"\n\t\t\tdata-wp-on--click=\"actions.showLightbox\"\n\t\t\tdata-wp-style--right=\"state.thisImage.buttonRight\"\n\t\t\tdata-wp-style--top=\"state.thisImage.buttonTop\"\n\t\t>\n\t\t\t<svg xmlns=\"http:\/\/www.w3.org\/2000\/svg\" width=\"12\" height=\"12\" fill=\"none\" viewBox=\"0 0 12 12\">\n\t\t\t\t<path fill=\"#fff\" d=\"M2 0a2 2 0 0 0-2 2v2h1.5V2a.5.5 0 0 1 .5-.5h2V0H2Zm2 10.5H2a.5.5 0 0 1-.5-.5V8H0v2a2 2 0 0 0 2 2h2v-1.5ZM8 12v-1.5h2a.5.5 0 0 0 .5-.5V8H12v2a2 2 0 0 1-2 2H8Zm2-12a2 2 0 0 1 2 2v2h-1.5V2a.5.5 0 0 0-.5-.5H8V0h2Z\" \/>\n\t\t\t<\/svg>\n\t\t<\/button><figcaption class=\"wp-element-caption\">Seychelle-szigetek<\/figcaption><\/figure>\n\n\n\n<h3 class=\"wp-block-heading\"><span class=\"ez-toc-section\" id=\"Zold-foki-szigetek\"><\/span>Z\u00f6ld-foki-szigetek<span class=\"ez-toc-section-end\"><\/span><\/h3>\n\n\n\n<p class=\"wp-block-paragraph\">A Z\u00f6ld-foki-szigetek, Afrika nyugati partjain\u00e1l, ide\u00e1lisak mindazoknak, akik nyugodt nyaral\u00e1st keresnek a f\u0151 turistag\u00f3cokon k\u00edv\u00fcl. A Sal \u00e9s Boa Vista szigeteken l\u00e9v\u0151 strandok finom homokot \u00e9s meleg tengert k\u00edn\u00e1lnak. A term\u00e9szetkedvel\u0151k tekn\u0151s\u00f6ket figyelhetnek meg, vagy kir\u00e1ndulhatnak a szigetek belsej\u00e9be, ahol vulk\u00e1ni kr\u00e1tereket \u00e9s fest\u0151i falvakat tal\u00e1lnak.<\/p>\n\n\n\n<p class=\"wp-block-paragraph\"><strong>Sz\u00e1ll\u00e1stipp:<\/strong> <strong><strong><a href=\"https:\/\/www.stay22.com\/allez\/booking?aid=lukaskonecny&amp;campaign=loudavymkrokemcz-kamnadovolenouvprosinci&amp;product=allez&amp;habl=false&amp;isinc=false&amp;sid22=b4bb4beb-3040-4cfa-a13f-5d915011e66d&amp;campaign=loudavymkrokemcz-kamnadovolenouvlistopadu&amp;source=direct&amp;medium=deeplink&amp;address=Czechia&amp;link=https%3A%2F%2Fwww.booking.com%2Fhotel%2Fcv%2Fmelia-tortuga-beach.cs.html\" target=\"_blank\" rel=\"noreferrer noopener\"><strong>Melia Tortuga Beach Resort &amp; Spa<\/strong><\/a><\/strong><\/strong><\/p>\n\n\n\n<figure data-wp-context=\"{&quot;imageId&quot;:&quot;6a98ab375546f&quot;}\" data-wp-interactive=\"core\/image\" data-wp-key=\"6a98ab375546f\" class=\"wp-block-image size-full wp-lightbox-container\"><img decoding=\"async\" width=\"1200\" height=\"800\" data-wp-class--hide=\"state.isContentHidden\" data-wp-class--show=\"state.isContentVisible\" data-wp-init=\"callbacks.setButtonStyles\" data-wp-on--click=\"actions.showLightbox\" data-wp-on--load=\"callbacks.setButtonStyles\" data-wp-on--pointerdown=\"actions.preloadImage\" data-wp-on--pointerenter=\"actions.preloadImageWithDelay\" data-wp-on--pointerleave=\"actions.cancelPreload\" data-wp-on-window--resize=\"callbacks.setButtonStyles\" src=\"https:\/\/loudavymkrokem.cz\/wp-content\/uploads\/2023\/10\/kapverdy-dovolena.jpg\" alt=\"Z\u00f6ld-foki-szigetek\" class=\"wp-image-76528\" title=\"\" srcset=\"https:\/\/loudavymkrokem.cz\/wp-content\/uploads\/2023\/10\/kapverdy-dovolena.jpg 1200w, https:\/\/loudavymkrokem.cz\/wp-content\/uploads\/2023\/10\/kapverdy-dovolena-300x200.jpg 300w, https:\/\/loudavymkrokem.cz\/wp-content\/uploads\/2023\/10\/kapverdy-dovolena-700x467.jpg 700w, https:\/\/loudavymkrokem.cz\/wp-content\/uploads\/2023\/10\/kapverdy-dovolena-768x512.jpg 768w, https:\/\/loudavymkrokem.cz\/wp-content\/uploads\/2023\/10\/kapverdy-dovolena-696x464.jpg 696w\" sizes=\"(max-width: 1200px) 100vw, 1200px\" \/><button\n\t\t\tclass=\"lightbox-trigger\"\n\t\t\ttype=\"button\"\n\t\t\taria-haspopup=\"dialog\"\n\t\t\tdata-wp-bind--aria-label=\"state.thisImage.triggerButtonAriaLabel\"\n\t\t\tdata-wp-init=\"callbacks.initTriggerButton\"\n\t\t\tdata-wp-on--click=\"actions.showLightbox\"\n\t\t\tdata-wp-style--right=\"state.thisImage.buttonRight\"\n\t\t\tdata-wp-style--top=\"state.thisImage.buttonTop\"\n\t\t>\n\t\t\t<svg xmlns=\"http:\/\/www.w3.org\/2000\/svg\" width=\"12\" height=\"12\" fill=\"none\" viewBox=\"0 0 12 12\">\n\t\t\t\t<path fill=\"#fff\" d=\"M2 0a2 2 0 0 0-2 2v2h1.5V2a.5.5 0 0 1 .5-.5h2V0H2Zm2 10.5H2a.5.5 0 0 1-.5-.5V8H0v2a2 2 0 0 0 2 2h2v-1.5ZM8 12v-1.5h2a.5.5 0 0 0 .5-.5V8H12v2a2 2 0 0 1-2 2H8Zm2-12a2 2 0 0 1 2 2v2h-1.5V2a.5.5 0 0 0-.5-.5H8V0h2Z\" \/>\n\t\t\t<\/svg>\n\t\t<\/button><figcaption class=\"wp-element-caption\">Z\u00f6ld-foki-szigetek<\/figcaption><\/figure>\n\n\n\n<h2 class=\"wp-block-heading\" id=\"Kam_v_breznu_za_prvnim_jarem_do_Evropy\"><span class=\"ez-toc-section\" id=\"Hova_utazz_marciusban_az_elso_tavaszert_Europaban\"><\/span>Hov\u00e1 utazz m\u00e1rciusban az els\u0151 tavasz\u00e9rt Eur\u00f3p\u00e1ban<span class=\"ez-toc-section-end\"><\/span><\/h2>\n\n\n\n<p class=\"wp-block-paragraph\">A m\u00e1rcius pontosan az a h\u00f3nap, amikor D\u00e9l-Eur\u00f3pa lassan \u00e9letre kel, \u00e9s cs\u00e1b\u00edt az els\u0151 napf\u00e9nyes napokkal. M\u00edg n\u00e1lunk gyakran m\u00e9g fagy vagy b\u0151ven esik, a F\u00f6ldk\u00f6zi-tenger vid\u00e9k\u00e9n m\u00e1r <strong>gy\u00f6ny\u00f6r\u0171en vir\u00e1goznak a mandulaf\u00e1k<\/strong>, \u00e9s a h\u0151m\u00e9rs\u00e9klet nagyon kellemes \u00e9rt\u00e9kekre k\u00faszik fel, ami t\u00f6k\u00e9letes az eg\u00e9sz napos m\u0171eml\u00e9k-felfedez\u00e9shez.<\/p>\n\n\n\n<p class=\"wp-block-paragraph\">Ennek a korai id\u0151pontnak nagy el\u0151nye az is, hogy biztons\u00e1gosan elker\u00fcl\u00f6d a ny\u00e1ri h\u0151hull\u00e1mokat, \u00e9s a <strong>rep\u00fcl\u0151jegyek \u00e9s a sz\u00e1ll\u00e1s \u00e1ra is a szezonel\u0151tti minimumon marad<\/strong>. Az \u00f3don v\u00e1rosok utc\u00e1iban r\u00e1ad\u00e1sul nem tolonganak majd m\u00e1s turist\u00e1k t\u00f6megei, ami sokkal autentikusabban engedi \u00e1t\u00e9lni az igazi helyi hangulatot egy reggeli k\u00e1v\u00e9 mellett.<\/p>\n\n\n\n<h3 class=\"wp-block-heading\" id=\"Malta_a_Gozo\"><span class=\"ez-toc-section\" id=\"Malta_es_Gozo\"><\/span>M\u00e1lta \u00e9s Gozo<span class=\"ez-toc-section-end\"><\/span><\/h3>\n\n\n\n<p class=\"wp-block-paragraph\">Ha egy j\u00f3 adag naps\u00fct\u00e9st \u00e9s gazdag t\u00f6rt\u00e9nelmet k\u00edn\u00e1l\u00f3 \u00fati c\u00e9lt keresel, az utaz\u00f3k nagyon gyakran \u00e9ppen ezt a kis szigetorsz\u00e1got aj\u00e1nlj\u00e1k a F\u00f6ldk\u00f6zi-tengeren. M\u00e1rciusban itt az \u00e1tlagos nappali h\u0151m\u00e9rs\u00e9klet el\u00e9ri a 16,6 \u00b0C-ot, m\u00edg \u00e9jszaka nagyj\u00e1b\u00f3l 12,5 \u00b0C-ra s\u00fcllyed, teh\u00e1t az esti s\u00e9t\u00e1khoz a promen\u00e1don el\u00e9g lesz egy k\u00f6nny\u0171 tavaszi dzseki. B\u00e1r a tenger 16,1 \u00b0C-os h\u0151m\u00e9rs\u00e9klete nagyobb f\u00fcrd\u0151z\u00e9shez m\u00e9g biztosan nem el\u00e9g, <strong>napi sz\u00e9p 10,5 \u00f3ra naps\u00fct\u00e9st \u00e9lvezhetsz<\/strong>, ami megb\u00edzhat\u00f3an el\u0171zi a hossz\u00fa t\u00e9l minden b\u00faj\u00e1t-baj\u00e1t.<\/p>\n\n\n\n<figure data-wp-context=\"{&quot;imageId&quot;:&quot;6a98ab3755ca6&quot;}\" data-wp-interactive=\"core\/image\" data-wp-key=\"6a98ab3755ca6\" class=\"wp-block-image size-full wp-lightbox-container\"><img decoding=\"async\" width=\"1500\" height=\"995\" data-wp-class--hide=\"state.isContentHidden\" data-wp-class--show=\"state.isContentVisible\" data-wp-init=\"callbacks.setButtonStyles\" data-wp-on--click=\"actions.showLightbox\" data-wp-on--load=\"callbacks.setButtonStyles\" data-wp-on--pointerdown=\"actions.preloadImage\" data-wp-on--pointerenter=\"actions.preloadImageWithDelay\" data-wp-on--pointerleave=\"actions.cancelPreload\" data-wp-on-window--resize=\"callbacks.setButtonStyles\" src=\"https:\/\/loudavymkrokem.cz\/wp-content\/uploads\/2026\/08\/dovolena-malta-hero.jpg\" alt=\"Valletta \u00e9s a Grand Harbour panor\u00e1m\u00e1ja\" class=\"wp-image-399628\" title=\"\" srcset=\"https:\/\/loudavymkrokem.cz\/wp-content\/uploads\/2026\/08\/dovolena-malta-hero.jpg 1500w, https:\/\/loudavymkrokem.cz\/wp-content\/uploads\/2026\/08\/dovolena-malta-hero-300x199.jpg 300w, https:\/\/loudavymkrokem.cz\/wp-content\/uploads\/2026\/08\/dovolena-malta-hero-700x464.jpg 700w, https:\/\/loudavymkrokem.cz\/wp-content\/uploads\/2026\/08\/dovolena-malta-hero-768x509.jpg 768w, https:\/\/loudavymkrokem.cz\/wp-content\/uploads\/2026\/08\/dovolena-malta-hero-696x462.jpg 696w, https:\/\/loudavymkrokem.cz\/wp-content\/uploads\/2026\/08\/dovolena-malta-hero-1392x923.jpg 1392w\" sizes=\"(max-width: 1500px) 100vw, 1500px\" \/><button\n\t\t\tclass=\"lightbox-trigger\"\n\t\t\ttype=\"button\"\n\t\t\taria-haspopup=\"dialog\"\n\t\t\tdata-wp-bind--aria-label=\"state.thisImage.triggerButtonAriaLabel\"\n\t\t\tdata-wp-init=\"callbacks.initTriggerButton\"\n\t\t\tdata-wp-on--click=\"actions.showLightbox\"\n\t\t\tdata-wp-style--right=\"state.thisImage.buttonRight\"\n\t\t\tdata-wp-style--top=\"state.thisImage.buttonTop\"\n\t\t>\n\t\t\t<svg xmlns=\"http:\/\/www.w3.org\/2000\/svg\" width=\"12\" height=\"12\" fill=\"none\" viewBox=\"0 0 12 12\">\n\t\t\t\t<path fill=\"#fff\" d=\"M2 0a2 2 0 0 0-2 2v2h1.5V2a.5.5 0 0 1 .5-.5h2V0H2Zm2 10.5H2a.5.5 0 0 1-.5-.5V8H0v2a2 2 0 0 0 2 2h2v-1.5ZM8 12v-1.5h2a.5.5 0 0 0 .5-.5V8H12v2a2 2 0 0 1-2 2H8Zm2-12a2 2 0 0 1 2 2v2h-1.5V2a.5.5 0 0 0-.5-.5H8V0h2Z\" \/>\n\t\t\t<\/svg>\n\t\t<\/button><figcaption class=\"wp-element-caption\">Valletta \u00e9s a Grand Harbour panor\u00e1m\u00e1ja (Fot\u00f3: Gerd Eichmann \/ Wikimedia Commons, CC BY-SA 4.0)<\/figcaption><\/figure>\n\n\n\n<p class=\"wp-block-paragraph\">A helyiek dics\u00e9rik, hogy \u00e9ppen a tavasz eleje t\u00f6k\u00e9letes az <strong>\u00f3don Valletta keskeny utc\u00e1inak felfedez\u00e9s\u00e9hez<\/strong> vagy a komppal tett kir\u00e1ndul\u00e1sokhoz a szomsz\u00e9dos, kiss\u00e9 nyugodtabb Gozo szigetre. Biztosan \u00f6r\u00fclni fogsz, hogy az alkalmi tavaszi z\u00e1porok ellen\u00e9re (t\u00f6rt\u00e9nelmileg itt k\u00f6r\u00fclbel\u00fcl 6,7 napon \u00e1t esik havonta) a der\u00fclt \u00e9g az uralkod\u00f3, ami egyenesen arra cs\u00e1b\u00edt, hogy egy kellemes <a href=\"https:\/\/loudavymkrokem.cz\/hu\/?p=399761\">m\u00e1ltai nyaral\u00e1st<\/a> tervezz, \u00f6sszek\u00f6tve a hangulatos mediterr\u00e1n k\u00e1v\u00e9z\u00f3k felfedez\u00e9s\u00e9vel. <strong>\ud83d\udca1 Sz\u00e1ll\u00e1stipp:<\/strong> <a href=\"https:\/\/www.stay22.com\/allez\/roam?aid=lukaskonecny&#038;campaign=loudavymkrokemcz&#038;campaign=kam-na-dovolenou-v-breznu&#038;hotelname=The%20Embassy%20Valletta%20Hotel&#038;address=Valletta%2C%20Malta\" target=\"_blank\" rel=\"noopener nofollow sponsored\">The Embassy Valletta Hotel<\/a> Vallett\u00e1ban.<\/p>\n\n\n\n<h3 class=\"wp-block-heading\" id=\"Sicilie_a_jizni_Italie\"><span class=\"ez-toc-section\" id=\"Szicilia_es_Del-Olaszorszag\"><\/span>Szic\u00edlia \u00e9s D\u00e9l-Olaszorsz\u00e1g<span class=\"ez-toc-section-end\"><\/span><\/h3>\n\n\n\n<p class=\"wp-block-paragraph\">Egy m\u00e1sik remek v\u00e1laszt\u00e1s a meleg ut\u00e1ni menek\u00fcl\u00e9sre maga Olaszorsz\u00e1g d\u00e9li r\u00e9sze, ahol a t\u00e9l \u00e9s a tavasz fordul\u00f3j\u00e1n leny\u0171g\u00f6z\u0151 l\u00e1tv\u00e1ny zajlik a vir\u00e1gz\u00f3 f\u00e1k form\u00e1j\u00e1ban. Szic\u00edli\u00e1ban a nappali h\u0151m\u00e9rs\u00e9klet kellemes 16,4 \u00b0C k\u00f6r\u00fcl mozog, \u00e9s a nap itt k\u00f6r\u00fclbel\u00fcl 9,9 \u00f3r\u00e1n \u00e1t meleg\u00edt, ami <strong>ide\u00e1lis felt\u00e9teleket teremt a h\u00edres mandulafaligetek megl\u00e1togat\u00e1s\u00e1hoz<\/strong> a t\u00f6rt\u00e9nelmi Agrigent\u00f3ban. Fel kell azonban k\u00e9sz\u00fcln\u00f6d a h\u0171v\u00f6sebb est\u00e9kre, amikor a higanysz\u00e1l 9,8 \u00b0C-ra s\u00fcllyed, \u00e9s arra a t\u00e9nyre, hogy a fens\u00e9ges Etna vulk\u00e1n ebben az id\u0151szakban rendszerint m\u00e9g h\u00f3val bor\u00edtott.<\/p>\n\n\n\n<figure data-wp-context=\"{&quot;imageId&quot;:&quot;6a98ab37563af&quot;}\" data-wp-interactive=\"core\/image\" data-wp-key=\"6a98ab37563af\" class=\"wp-block-image size-full wp-lightbox-container\"><img decoding=\"async\" width=\"1500\" height=\"997\" data-wp-class--hide=\"state.isContentHidden\" data-wp-class--show=\"state.isContentVisible\" data-wp-init=\"callbacks.setButtonStyles\" data-wp-on--click=\"actions.showLightbox\" data-wp-on--load=\"callbacks.setButtonStyles\" data-wp-on--pointerdown=\"actions.preloadImage\" data-wp-on--pointerenter=\"actions.preloadImageWithDelay\" data-wp-on--pointerleave=\"actions.cancelPreload\" data-wp-on-window--resize=\"callbacks.setButtonStyles\" src=\"https:\/\/loudavymkrokem.cz\/wp-content\/uploads\/2026\/08\/kam-na-dovolenou-v-rijnu-m08.jpg\" alt=\"Taormina Szic\u00edli\u00e1ban\" class=\"wp-image-400458\" title=\"\" srcset=\"https:\/\/loudavymkrokem.cz\/wp-content\/uploads\/2026\/08\/kam-na-dovolenou-v-rijnu-m08.jpg 1500w, https:\/\/loudavymkrokem.cz\/wp-content\/uploads\/2026\/08\/kam-na-dovolenou-v-rijnu-m08-300x199.jpg 300w, https:\/\/loudavymkrokem.cz\/wp-content\/uploads\/2026\/08\/kam-na-dovolenou-v-rijnu-m08-700x465.jpg 700w, https:\/\/loudavymkrokem.cz\/wp-content\/uploads\/2026\/08\/kam-na-dovolenou-v-rijnu-m08-768x510.jpg 768w, https:\/\/loudavymkrokem.cz\/wp-content\/uploads\/2026\/08\/kam-na-dovolenou-v-rijnu-m08-696x463.jpg 696w, https:\/\/loudavymkrokem.cz\/wp-content\/uploads\/2026\/08\/kam-na-dovolenou-v-rijnu-m08-1392x925.jpg 1392w\" sizes=\"(max-width: 1500px) 100vw, 1500px\" \/><button\n\t\t\tclass=\"lightbox-trigger\"\n\t\t\ttype=\"button\"\n\t\t\taria-haspopup=\"dialog\"\n\t\t\tdata-wp-bind--aria-label=\"state.thisImage.triggerButtonAriaLabel\"\n\t\t\tdata-wp-init=\"callbacks.initTriggerButton\"\n\t\t\tdata-wp-on--click=\"actions.showLightbox\"\n\t\t\tdata-wp-style--right=\"state.thisImage.buttonRight\"\n\t\t\tdata-wp-style--top=\"state.thisImage.buttonTop\"\n\t\t>\n\t\t\t<svg xmlns=\"http:\/\/www.w3.org\/2000\/svg\" width=\"12\" height=\"12\" fill=\"none\" viewBox=\"0 0 12 12\">\n\t\t\t\t<path fill=\"#fff\" d=\"M2 0a2 2 0 0 0-2 2v2h1.5V2a.5.5 0 0 1 .5-.5h2V0H2Zm2 10.5H2a.5.5 0 0 1-.5-.5V8H0v2a2 2 0 0 0 2 2h2v-1.5ZM8 12v-1.5h2a.5.5 0 0 0 .5-.5V8H12v2a2 2 0 0 1-2 2H8Zm2-12a2 2 0 0 1 2 2v2h-1.5V2a.5.5 0 0 0-.5-.5H8V0h2Z\" \/>\n\t\t\t<\/svg>\n\t\t<\/button><figcaption class=\"wp-element-caption\">Taormina Szic\u00edli\u00e1ban (Fot\u00f3: Berthold Werner \/ Wikimedia Commons, CC BY-SA 4.0)<\/figcaption><\/figure>\n\n\n\n<p class=\"wp-block-paragraph\">A szomsz\u00e9dos Calabria nagyon hasonl\u00f3 \u00e9rt\u00e9keket jelent 15,7 \u00b0C nappali maximummal \u00e9s 9,7 \u00b0C \u00e9jszakai h\u0151m\u00e9rs\u00e9klettel, mik\u00f6zben a tenger h\u0151m\u00e9rs\u00e9klete 15,4 \u00b0C-on marad, \u00e9s a strandol\u00e1sra az utaz\u00f3k tapasztalatai szerint biztosan nem n\u00e9z ki. Sz\u00e1molnod kell a valamivel gyakoribb csapad\u00e9kkal is, mivel a statisztik\u00e1k \u00e1tlagosan 15,1 es\u0151s napot mutatnak Calabri\u00e1ban \u00e9s 12,3 napot Szic\u00edli\u00e1ban. Ennek ellen\u00e9re a m\u00e1rciusi <a href=\"https:\/\/loudavymkrokem.cz\/hu\/szicilia-latnivalok-tippek\/\">szic\u00edliai nyaral\u00e1s<\/a> teljesen csod\u00e1latos \u00e9lm\u00e9ny, mert nyugodtan megn\u00e9zheted az \u00f6sszes antik felt\u00e1r\u00e1st, \u00e9s megk\u00f3stolhatod a fantasztikus helyi pizz\u00e1t vagy a val\u00f3di veget\u00e1ri\u00e1nus alla Norma t\u00e9szt\u00e1t.<\/p>\n\n\n\n<h3 class=\"wp-block-heading\" id=\"Andalusie_a_jizni_Spanelsko\"><span class=\"ez-toc-section\" id=\"Andaluzia_es_Del-Spanyolorszag\"><\/span>Andal\u00fazia \u00e9s D\u00e9l-Spanyolorsz\u00e1g<span class=\"ez-toc-section-end\"><\/span><\/h3>\n\n\n\n<p class=\"wp-block-paragraph\">Az Ib\u00e9riai-f\u00e9lsziget d\u00e9li r\u00e9sze igazi paradicsom mindazoknak, akik m\u00e1r v\u00e1gynak a csontok rendes \u00e1tmeleg\u00edt\u00e9s\u00e9re a napon. A h\u00edres Costa del Sol tengerpartj\u00e1n a nappali h\u0151m\u00e9rs\u00e9klet a luxus 19,0 \u00b0C-ig k\u00faszik, ami napi 9,9 \u00f3ra naps\u00fct\u00e9ssel kombin\u00e1lva azt jelenti, hogy <strong>eb\u00e9d k\u00f6zben m\u00e1r nyugodtan \u00fclhetsz a teraszon csak p\u00f3l\u00f3ban<\/strong>. Az est\u00e9k ugyan melegebb r\u00e9teget k\u00edv\u00e1nnak, mert a h\u0151m\u00e9r\u0151 \u00e1tlagosan 11,3 \u00b0C-ot mutat, de ez egy\u00e1ltal\u00e1n nem akad\u00e1lyoz meg abban, hogy belevesd magad a v\u00e1ros forgatag\u00e1ba kiv\u00e1l\u00f3 h\u00fasmentes tapas\u00e9rt, mint a hagyom\u00e1nyos patatas bravas krumpli.<\/p>\n\n\n\n<figure data-wp-context=\"{&quot;imageId&quot;:&quot;6a98ab3756adc&quot;}\" data-wp-interactive=\"core\/image\" data-wp-key=\"6a98ab3756adc\" class=\"wp-block-image size-full wp-lightbox-container\"><img decoding=\"async\" width=\"1500\" height=\"1189\" data-wp-class--hide=\"state.isContentHidden\" data-wp-class--show=\"state.isContentVisible\" data-wp-init=\"callbacks.setButtonStyles\" data-wp-on--click=\"actions.showLightbox\" data-wp-on--load=\"callbacks.setButtonStyles\" data-wp-on--pointerdown=\"actions.preloadImage\" data-wp-on--pointerenter=\"actions.preloadImageWithDelay\" data-wp-on--pointerleave=\"actions.cancelPreload\" data-wp-on-window--resize=\"callbacks.setButtonStyles\" src=\"https:\/\/loudavymkrokem.cz\/wp-content\/uploads\/2026\/08\/lk-andalusie.jpg\" alt=\"Andal\u00fazia\" class=\"wp-image-403072\" title=\"\" srcset=\"https:\/\/loudavymkrokem.cz\/wp-content\/uploads\/2026\/08\/lk-andalusie.jpg 1500w, https:\/\/loudavymkrokem.cz\/wp-content\/uploads\/2026\/08\/lk-andalusie-300x238.jpg 300w, https:\/\/loudavymkrokem.cz\/wp-content\/uploads\/2026\/08\/lk-andalusie-700x555.jpg 700w, https:\/\/loudavymkrokem.cz\/wp-content\/uploads\/2026\/08\/lk-andalusie-768x609.jpg 768w, https:\/\/loudavymkrokem.cz\/wp-content\/uploads\/2026\/08\/lk-andalusie-696x552.jpg 696w, https:\/\/loudavymkrokem.cz\/wp-content\/uploads\/2026\/08\/lk-andalusie-1392x1103.jpg 1392w\" sizes=\"(max-width: 1500px) 100vw, 1500px\" \/><button\n\t\t\tclass=\"lightbox-trigger\"\n\t\t\ttype=\"button\"\n\t\t\taria-haspopup=\"dialog\"\n\t\t\tdata-wp-bind--aria-label=\"state.thisImage.triggerButtonAriaLabel\"\n\t\t\tdata-wp-init=\"callbacks.initTriggerButton\"\n\t\t\tdata-wp-on--click=\"actions.showLightbox\"\n\t\t\tdata-wp-style--right=\"state.thisImage.buttonRight\"\n\t\t\tdata-wp-style--top=\"state.thisImage.buttonTop\"\n\t\t>\n\t\t\t<svg xmlns=\"http:\/\/www.w3.org\/2000\/svg\" width=\"12\" height=\"12\" fill=\"none\" viewBox=\"0 0 12 12\">\n\t\t\t\t<path fill=\"#fff\" d=\"M2 0a2 2 0 0 0-2 2v2h1.5V2a.5.5 0 0 1 .5-.5h2V0H2Zm2 10.5H2a.5.5 0 0 1-.5-.5V8H0v2a2 2 0 0 0 2 2h2v-1.5ZM8 12v-1.5h2a.5.5 0 0 0 .5-.5V8H12v2a2 2 0 0 1-2 2H8Zm2-12a2 2 0 0 1 2 2v2h-1.5V2a.5.5 0 0 0-.5-.5H8V0h2Z\" \/>\n\t\t\t<\/svg>\n\t\t<\/button><figcaption class=\"wp-element-caption\">Andal\u00fazia (Fot\u00f3: Dmitry Dzhus from London \/ Wikimedia Commons, CC BY 2.0)<\/figcaption><\/figure>\n\n\n\n<p class=\"wp-block-paragraph\">Sok utaz\u00f3 szerint \u00e9ppen a kora tavasz a legjobb id\u0151, amikor egy felfedez\u0151 <a href=\"https:\/\/loudavymkrokem.cz\/hu\/malaga-spanyolorszag-tippek\/\">m\u00e1lagai nyaral\u00e1sra<\/a> \u00e9s annak t\u00e1gabb k\u00f6rny\u00e9k\u00e9re indulhatsz. A tenger 15,3 \u00b0C-os h\u0151m\u00e9rs\u00e9klettel ugyan ink\u00e1bb sz\u00e9p h\u00e1tt\u00e9rk\u00e9nt szolg\u00e1l a romantikus fot\u00f3khoz, mint val\u00f3di \u00fasz\u00e1shoz, \u00e9s sz\u00e1molnod kell k\u00f6r\u00fclbel\u00fcl 9,7 es\u0151s nappal, de cser\u00e9be gy\u00f6ny\u00f6r\u0171en \u00fcres promen\u00e1dok v\u00e1rnak r\u00e1d. Az eg\u00e9sz <a href=\"https:\/\/loudavymkrokem.cz\/hu\/costa-del-sol-spanyolorszag\/\">Costa del Sol<\/a> tengerpart ugyanis m\u00e1rciusban nagyon nyugodt temp\u00f3ban m\u0171k\u00f6dik, ami mintha kifejezetten a k\u00e9nyelmes m\u0171eml\u00e9kkalandoz\u00e1sokra lenne teremtve, egyetlen izzads\u00e1gcsepp n\u00e9lk\u00fcl a homlokon.<\/p>\n\n\n\n<h3 class=\"wp-block-heading\" id=\"Portugalsko_Algarve_a_Lisabon\"><span class=\"ez-toc-section\" id=\"Portugalia_Algarve_es_Lisszabon\"><\/span>Portug\u00e1lia: Algarve \u00e9s Lisszabon<span class=\"ez-toc-section-end\"><\/span><\/h3>\n\n\n\n<p class=\"wp-block-paragraph\">Eur\u00f3pa nyugati cs\u00fccske ebben az id\u0151szakban teljesen fantasztikus felt\u00e9teleket k\u00edn\u00e1l az akt\u00edv utaz\u00f3knak, akik szeretik b\u00e9relt aut\u00f3val felfedezni a vil\u00e1g \u00faj szegleteit. D\u00e9len, a kedvelt Algarv\u00e9ban napi 18,0 \u00b0C k\u00f6r\u00fcli h\u0151m\u00e9rs\u00e9klet \u00e9s sz\u00e9p, napi 10,1 \u00f3ra naps\u00fct\u00e9s fogad, ami <strong>teljesen ide\u00e1lis konstell\u00e1ci\u00f3 a fens\u00e9ges szikl\u00e1k menti hossz\u00fa s\u00e9t\u00e1khoz<\/strong>. \u00c9jszaka 11,2 \u00b0C-ra h\u0171l le, az \u00f3ce\u00e1nnak pedig meglep\u0151 18,4 \u00b0C-a van, teh\u00e1t az edzettebb t\u00edpusok nyugodtan belemer\u00fclhetnek egy pillanatra a hull\u00e1mokba, m\u00e9g ha hossz\u00fa f\u00fcrd\u0151z\u00e9sre a legt\u00f6bb ember sz\u00e1m\u00e1ra ez biztosan nem is lesz el\u00e9g.<\/p>\n\n\n\n<figure data-wp-context=\"{&quot;imageId&quot;:&quot;6a98ab375735a&quot;}\" data-wp-interactive=\"core\/image\" data-wp-key=\"6a98ab375735a\" class=\"wp-block-image size-full wp-lightbox-container\"><img decoding=\"async\" width=\"1500\" height=\"1000\" data-wp-class--hide=\"state.isContentHidden\" data-wp-class--show=\"state.isContentVisible\" data-wp-init=\"callbacks.setButtonStyles\" data-wp-on--click=\"actions.showLightbox\" data-wp-on--load=\"callbacks.setButtonStyles\" data-wp-on--pointerdown=\"actions.preloadImage\" data-wp-on--pointerenter=\"actions.preloadImageWithDelay\" data-wp-on--pointerleave=\"actions.cancelPreload\" data-wp-on-window--resize=\"callbacks.setButtonStyles\" src=\"https:\/\/loudavymkrokem.cz\/wp-content\/uploads\/2026\/08\/velikonoce-kam-na-dovolenou-last-minute-v08.jpg\" alt=\"Algarve\" class=\"wp-image-400902\" title=\"\" srcset=\"https:\/\/loudavymkrokem.cz\/wp-content\/uploads\/2026\/08\/velikonoce-kam-na-dovolenou-last-minute-v08.jpg 1500w, https:\/\/loudavymkrokem.cz\/wp-content\/uploads\/2026\/08\/velikonoce-kam-na-dovolenou-last-minute-v08-300x200.jpg 300w, https:\/\/loudavymkrokem.cz\/wp-content\/uploads\/2026\/08\/velikonoce-kam-na-dovolenou-last-minute-v08-700x467.jpg 700w, https:\/\/loudavymkrokem.cz\/wp-content\/uploads\/2026\/08\/velikonoce-kam-na-dovolenou-last-minute-v08-768x512.jpg 768w, https:\/\/loudavymkrokem.cz\/wp-content\/uploads\/2026\/08\/velikonoce-kam-na-dovolenou-last-minute-v08-696x464.jpg 696w, https:\/\/loudavymkrokem.cz\/wp-content\/uploads\/2026\/08\/velikonoce-kam-na-dovolenou-last-minute-v08-1392x928.jpg 1392w\" sizes=\"(max-width: 1500px) 100vw, 1500px\" \/><button\n\t\t\tclass=\"lightbox-trigger\"\n\t\t\ttype=\"button\"\n\t\t\taria-haspopup=\"dialog\"\n\t\t\tdata-wp-bind--aria-label=\"state.thisImage.triggerButtonAriaLabel\"\n\t\t\tdata-wp-init=\"callbacks.initTriggerButton\"\n\t\t\tdata-wp-on--click=\"actions.showLightbox\"\n\t\t\tdata-wp-style--right=\"state.thisImage.buttonRight\"\n\t\t\tdata-wp-style--top=\"state.thisImage.buttonTop\"\n\t\t>\n\t\t\t<svg xmlns=\"http:\/\/www.w3.org\/2000\/svg\" width=\"12\" height=\"12\" fill=\"none\" viewBox=\"0 0 12 12\">\n\t\t\t\t<path fill=\"#fff\" d=\"M2 0a2 2 0 0 0-2 2v2h1.5V2a.5.5 0 0 1 .5-.5h2V0H2Zm2 10.5H2a.5.5 0 0 1-.5-.5V8H0v2a2 2 0 0 0 2 2h2v-1.5ZM8 12v-1.5h2a.5.5 0 0 0 .5-.5V8H12v2a2 2 0 0 1-2 2H8Zm2-12a2 2 0 0 1 2 2v2h-1.5V2a.5.5 0 0 0-.5-.5H8V0h2Z\" \/>\n\t\t\t<\/svg>\n\t\t<\/button><figcaption class=\"wp-element-caption\">Algarve (Fot\u00f3: Tony Bowden \/ Wikimedia Commons, CC BY-SA 2.0)<\/figcaption><\/figure>\n\n\n\n<p class=\"wp-block-paragraph\">Ha egy kicsit \u00e9szakabbra indulsz, a portug\u00e1l f\u0151v\u00e1ros napi 17,2 \u00b0C k\u00f6r\u00fcli maximummal \u00e9s 10,3 \u00b0C \u00e9jszakai h\u0151m\u00e9rs\u00e9klettel \u00f6rvendeztet meg, mik\u00f6zben az es\u0151 itt m\u00e1rciusban k\u00f6r\u00fclbel\u00fcl 8,9 napon \u00e1t mutatkozik. Az \u00fatik\u00f6nyvek egyet\u00e9rtenek abban, hogy \u00e9ppen ez a koratavaszi id\u0151j\u00e1r\u00e1s teszi <a href=\"https:\/\/loudavymkrokem.cz\/hu\/lisszabon-portugalia-latnivalok\/\">Lisszabon<\/a> l\u00e1togat\u00e1s\u00e1t rendk\u00edv\u00fcl kellemess\u00e9, mert a t\u00f6rt\u00e9nelmi kil\u00e1t\u00f3khoz vezet\u0151 meredek dombokra m\u00e1szva nem izzadsz meg feleslegesen. Ak\u00e1r a v\u00e1rosi k\u00e1v\u00e9z\u00f3k k\u00f6zti lust\u00e1lkod\u00e1st v\u00e1lasztod, ak\u00e1r egy nagy <a href=\"https:\/\/loudavymkrokem.cz\/hu\/algarve-portugalia-roadtrip\/\">algarvei roadtripre<\/a> indulsz, a portug\u00e1l tavaszt garant\u00e1ltan megszereted majd \ud83d\ude05.<\/p>\n\n\n\n<h3 class=\"wp-block-heading\" id=\"Maroko_a_Marrakes\"><span class=\"ez-toc-section\" id=\"Marokko_es_Marrakes\"><\/span>Marokk\u00f3 \u00e9s Marr\u00e1kes<span class=\"ez-toc-section-end\"><\/span><\/h3>\n\n\n\n<p class=\"wp-block-paragraph\">Az igazi melegim\u00e1d\u00f3knak, akiknek az eur\u00f3pai tavasz m\u00e9g nem el\u00e9g, alig egy ugr\u00e1snyira a Gibralt\u00e1ri-szoroson t\u00fal fekszik egy leny\u0171g\u00f6z\u0151, illatokkal \u00e9s tarka sz\u00ednekkel teli orsz\u00e1g. A sz\u00e1razf\u00f6ld belsej\u00e9ben fekv\u0151 Marr\u00e1kesben a nappali h\u0151m\u00e9rs\u00e9klet el\u00e9ri a csod\u00e1latos 23,2 \u00b0C-ot, a nap napi 10,2 \u00f3r\u00e1n \u00e1t t\u0171z, \u00e9s csapad\u00e9k csak k\u00f6r\u00fclbel\u00fcl 6,7 napon \u00e1t jelenik meg havonta, teh\u00e1t <strong>napk\u00f6zben v\u00e9gre teljesen \u00e9lvezheted a val\u00f3di ny\u00e1ri id\u0151j\u00e1r\u00e1st<\/strong>. \u00c9jszaka azonban a higanysz\u00e1l a meglehet\u0151sen h\u0171v\u00f6s 8,7 \u00b0C-ig zuhan, amire a tapasztalt h\u00e1tizs\u00e1kosok is figyelmeztetnek, mert a hagyom\u00e1nyos ri\u00e1dokban nem mindig van f\u0171t\u00e9s, \u00e9s a meleg pizsama biztosan j\u00f3l j\u00f6n majd.<\/p>\n\n\n\n<figure data-wp-context=\"{&quot;imageId&quot;:&quot;6a98ab3757c49&quot;}\" data-wp-interactive=\"core\/image\" data-wp-key=\"6a98ab3757c49\" class=\"wp-block-image size-full wp-lightbox-container\"><img decoding=\"async\" width=\"1500\" height=\"1125\" data-wp-class--hide=\"state.isContentHidden\" data-wp-class--show=\"state.isContentVisible\" data-wp-init=\"callbacks.setButtonStyles\" data-wp-on--click=\"actions.showLightbox\" data-wp-on--load=\"callbacks.setButtonStyles\" data-wp-on--pointerdown=\"actions.preloadImage\" data-wp-on--pointerenter=\"actions.preloadImageWithDelay\" data-wp-on--pointerleave=\"actions.cancelPreload\" data-wp-on-window--resize=\"callbacks.setButtonStyles\" src=\"https:\/\/loudavymkrokem.cz\/wp-content\/uploads\/2026\/08\/kam-na-dovolenou-v-listopadu-n20.jpg\" alt=\"Marr\u00e1kes\" class=\"wp-image-400724\" title=\"\" srcset=\"https:\/\/loudavymkrokem.cz\/wp-content\/uploads\/2026\/08\/kam-na-dovolenou-v-listopadu-n20.jpg 1500w, https:\/\/loudavymkrokem.cz\/wp-content\/uploads\/2026\/08\/kam-na-dovolenou-v-listopadu-n20-300x225.jpg 300w, https:\/\/loudavymkrokem.cz\/wp-content\/uploads\/2026\/08\/kam-na-dovolenou-v-listopadu-n20-700x525.jpg 700w, https:\/\/loudavymkrokem.cz\/wp-content\/uploads\/2026\/08\/kam-na-dovolenou-v-listopadu-n20-768x576.jpg 768w, https:\/\/loudavymkrokem.cz\/wp-content\/uploads\/2026\/08\/kam-na-dovolenou-v-listopadu-n20-80x60.jpg 80w, https:\/\/loudavymkrokem.cz\/wp-content\/uploads\/2026\/08\/kam-na-dovolenou-v-listopadu-n20-160x120.jpg 160w, https:\/\/loudavymkrokem.cz\/wp-content\/uploads\/2026\/08\/kam-na-dovolenou-v-listopadu-n20-696x522.jpg 696w, https:\/\/loudavymkrokem.cz\/wp-content\/uploads\/2026\/08\/kam-na-dovolenou-v-listopadu-n20-1392x1044.jpg 1392w\" sizes=\"(max-width: 1500px) 100vw, 1500px\" \/><button\n\t\t\tclass=\"lightbox-trigger\"\n\t\t\ttype=\"button\"\n\t\t\taria-haspopup=\"dialog\"\n\t\t\tdata-wp-bind--aria-label=\"state.thisImage.triggerButtonAriaLabel\"\n\t\t\tdata-wp-init=\"callbacks.initTriggerButton\"\n\t\t\tdata-wp-on--click=\"actions.showLightbox\"\n\t\t\tdata-wp-style--right=\"state.thisImage.buttonRight\"\n\t\t\tdata-wp-style--top=\"state.thisImage.buttonTop\"\n\t\t>\n\t\t\t<svg xmlns=\"http:\/\/www.w3.org\/2000\/svg\" width=\"12\" height=\"12\" fill=\"none\" viewBox=\"0 0 12 12\">\n\t\t\t\t<path fill=\"#fff\" d=\"M2 0a2 2 0 0 0-2 2v2h1.5V2a.5.5 0 0 1 .5-.5h2V0H2Zm2 10.5H2a.5.5 0 0 1-.5-.5V8H0v2a2 2 0 0 0 2 2h2v-1.5ZM8 12v-1.5h2a.5.5 0 0 0 .5-.5V8H12v2a2 2 0 0 1-2 2H8Zm2-12a2 2 0 0 1 2 2v2h-1.5V2a.5.5 0 0 0-.5-.5H8V0h2Z\" \/>\n\t\t\t<\/svg>\n\t\t<\/button><figcaption class=\"wp-element-caption\">Marr\u00e1kes (Fot\u00f3: Herokk \/ Wikimedia Commons, CC BY-SA 4.0)<\/figcaption><\/figure>\n\n\n\n<p class=\"wp-block-paragraph\">A m\u00e1rcius a legjobb h\u00f3napok k\u00f6z\u00e9 tartozik, amikor felfedezheted, <a href=\"https:\/\/loudavymkrokem.cz\/hu\/mit-erdemes-megnezni-marrakesben\/\">mit \u00e9rdemes megn\u00e9zni Marr\u00e1kesben<\/a>, vagy m\u00e9lyebbre indulhatsz a szaharai sivatagba, mert biztons\u00e1gosan elker\u00fcl\u00f6d a gyilkos ny\u00e1ri h\u0151s\u00e9get. Ha az \u00f3ce\u00e1nt r\u00e9szes\u00edted el\u0151nyben, a tengerparti Agadirban napk\u00f6zben sz\u00e9p 22,0 \u00b0C-ot m\u00e9rsz, \u00e9jszaka enyh\u00e9bb 13,0 \u00b0C-ot, mik\u00f6zben a v\u00edznek 18,7 \u00b0C-a van, \u00e9s es\u0151 csak eg\u00e9szen kiv\u00e9telesen esik (3,4 nap). \u00c9ppen ez a stabil \u00e9ghajlat teszi a r\u00e9gi\u00f3t t\u00f6k\u00e9letes kiindul\u00f3pontt\u00e1, ha egy kalandos <a href=\"https:\/\/loudavymkrokem.cz\/hu\/marokko-roadtrip-szahara\/\">marokk\u00f3i roadtripet<\/a> tervezel, \u00e9s biztos akarsz lenni abban, hogy az utakon nem gy\u00f6t\u00f6r a fojtogat\u00f3 afrikai h\u0151s\u00e9g.<\/p>\n\n\n\n<h2 class=\"wp-block-heading\" id=\"Kam_v_breznu_za_sakurou_a_jarnimi_slavnostmi\"><span class=\"ez-toc-section\" id=\"Hova_utazz_marciusban_a_szakuraert_es_a_tavaszi_unnepekert\"><\/span>Hov\u00e1 utazz m\u00e1rciusban a szakur\u00e1\u00e9rt \u00e9s a tavaszi \u00fcnnepek\u00e9rt<span class=\"ez-toc-section-end\"><\/span><\/h2>\n\n\n\n<p class=\"wp-block-paragraph\">A m\u00e1rcius az a h\u00f3nap, amikor a vil\u00e1g teljesen fel\u00e9bred a t\u00e9li \u00e1lomb\u00f3l, \u00e9s n\u00e9h\u00e1ny tavaszi jelens\u00e9gnek csak nagyon r\u00f6vid id\u0151ablaka van a napt\u00e1r\u00e1ban. A term\u00e9szet tarka \u00e1rnyalatokba kezd \u00f6lt\u00f6zni, \u00e9s szerte a bolyg\u00f3n k\u00fcl\u00f6nf\u00e9le \u00fcnnepek indulnak, amelyek a hideg id\u0151szak v\u00e9g\u00e9t \u00fcnneplik.<\/p>\n\n\n\n<p class=\"wp-block-paragraph\">Ha ezeket a m\u00faland\u00f3 term\u00e9szeti csod\u00e1kat a saj\u00e1t szemeddel akarod l\u00e1tni, nagy gondoss\u00e1ggal kell megtervezned az utadat, \u00e9s figyelned kell a helyi el\u0151rejelz\u00e9seket. Cser\u00e9be azonban teljesen leny\u0171g\u00f6z\u0151 l\u00e1tv\u00e1ny lesz a jutalmad, amelyek miatt lelkes utaz\u00f3k \u00e9rkeznek az adott helyekre a vil\u00e1g minden t\u00e1j\u00e1r\u00f3l.<\/p>\n\n\n\n<h3 class=\"wp-block-heading\" id=\"Japonsko_a_sakura\"><span class=\"ez-toc-section\" id=\"Japan_es_a_szakura\"><\/span>Jap\u00e1n \u00e9s a szakura<span class=\"ez-toc-section-end\"><\/span><\/h3>\n\n\n\n<p class=\"wp-block-paragraph\">Egy \u00e1lomutaz\u00e1s tervez\u00e9sekor \u00c1zsi\u00e1ba nagyon gyakran \u00e9ppen a m\u00e1rcius ker\u00fcl sz\u00f3ba, mivel ez az az id\u0151szak, amikor az eg\u00e9sz orsz\u00e1g a r\u00f3zsasz\u00edn gy\u00f6ny\u00f6r\u0171 \u00e1rnyalataiban kezd j\u00e1tszani. A toki\u00f3i tavaszi h\u0151m\u00e9rs\u00e9klet ugyan csak 14,3 \u00b0C-ig k\u00faszik nappal, \u00e9jszaka pedig a h\u0171v\u00f6sebb 5,1 \u00b0C-ig s\u00fcllyed, de <strong>maga a vir\u00e1gz\u00f3 parkok eszt\u00e9tikai \u00e9lm\u00e9nye<\/strong>, tele emberekkel, b\u0151ven k\u00e1rp\u00f3tol majd a h\u0171v\u00f6sebb id\u0151j\u00e1r\u00e1s\u00e9rt. A tengerv\u00edz jeges 11,8 \u00b0C-os, \u00e9s a csapad\u00e9k \u00e1tlagosan 11,4 napon \u00e1t jelenik meg havonta, teh\u00e1t biztosan \u00e9rdemes egy j\u00f3 min\u0151s\u00e9g\u0171 eserny\u0151t \u00e9s egy melegebb kab\u00e1tot bepakolni a b\u0151r\u00f6ndbe az esti v\u00e1rosi kalandoz\u00e1sokhoz.<\/p>\n\n\n\n<figure data-wp-context=\"{&quot;imageId&quot;:&quot;6a98ab375851c&quot;}\" data-wp-interactive=\"core\/image\" data-wp-key=\"6a98ab375851c\" class=\"wp-block-image size-full wp-lightbox-container\"><img decoding=\"async\" width=\"1500\" height=\"1000\" data-wp-class--hide=\"state.isContentHidden\" data-wp-class--show=\"state.isContentVisible\" data-wp-init=\"callbacks.setButtonStyles\" data-wp-on--click=\"actions.showLightbox\" data-wp-on--load=\"callbacks.setButtonStyles\" data-wp-on--pointerdown=\"actions.preloadImage\" data-wp-on--pointerenter=\"actions.preloadImageWithDelay\" data-wp-on--pointerleave=\"actions.cancelPreload\" data-wp-on-window--resize=\"callbacks.setButtonStyles\" src=\"https:\/\/loudavymkrokem.cz\/wp-content\/uploads\/2026\/08\/lk-sakura.jpg\" alt=\"Szakura Jap\u00e1nban\" class=\"wp-image-403064\" title=\"\" srcset=\"https:\/\/loudavymkrokem.cz\/wp-content\/uploads\/2026\/08\/lk-sakura.jpg 1500w, https:\/\/loudavymkrokem.cz\/wp-content\/uploads\/2026\/08\/lk-sakura-300x200.jpg 300w, https:\/\/loudavymkrokem.cz\/wp-content\/uploads\/2026\/08\/lk-sakura-700x467.jpg 700w, https:\/\/loudavymkrokem.cz\/wp-content\/uploads\/2026\/08\/lk-sakura-768x512.jpg 768w, https:\/\/loudavymkrokem.cz\/wp-content\/uploads\/2026\/08\/lk-sakura-696x464.jpg 696w, https:\/\/loudavymkrokem.cz\/wp-content\/uploads\/2026\/08\/lk-sakura-1392x928.jpg 1392w\" sizes=\"(max-width: 1500px) 100vw, 1500px\" \/><button\n\t\t\tclass=\"lightbox-trigger\"\n\t\t\ttype=\"button\"\n\t\t\taria-haspopup=\"dialog\"\n\t\t\tdata-wp-bind--aria-label=\"state.thisImage.triggerButtonAriaLabel\"\n\t\t\tdata-wp-init=\"callbacks.initTriggerButton\"\n\t\t\tdata-wp-on--click=\"actions.showLightbox\"\n\t\t\tdata-wp-style--right=\"state.thisImage.buttonRight\"\n\t\t\tdata-wp-style--top=\"state.thisImage.buttonTop\"\n\t\t>\n\t\t\t<svg xmlns=\"http:\/\/www.w3.org\/2000\/svg\" width=\"12\" height=\"12\" fill=\"none\" viewBox=\"0 0 12 12\">\n\t\t\t\t<path fill=\"#fff\" d=\"M2 0a2 2 0 0 0-2 2v2h1.5V2a.5.5 0 0 1 .5-.5h2V0H2Zm2 10.5H2a.5.5 0 0 1-.5-.5V8H0v2a2 2 0 0 0 2 2h2v-1.5ZM8 12v-1.5h2a.5.5 0 0 0 .5-.5V8H12v2a2 2 0 0 1-2 2H8Zm2-12a2 2 0 0 1 2 2v2h-1.5V2a.5.5 0 0 0-.5-.5H8V0h2Z\" \/>\n\t\t\t<\/svg>\n\t\t<\/button><figcaption class=\"wp-element-caption\">Szakura Jap\u00e1nban (Fot\u00f3: ::::=UT=:::: \/ Wikimedia Commons, CC BY-SA 3.0)<\/figcaption><\/figure>\n\n\n\n<p class=\"wp-block-paragraph\">A tapasztalt utaz\u00f3k felh\u00edvj\u00e1k a figyelmet arra, hogy a jap\u00e1n cseresznye, azaz a szakura vir\u00e1gz\u00e1sa <strong>szisztematikusan halad a melegebb d\u00e9lt\u0151l \u00e9szak fel\u00e9<\/strong>, mik\u00f6zben az olyan kedvelt helyeken, mint Toki\u00f3 \u00e9s a t\u00f6rt\u00e9nelmi Kiot\u00f3, ez a l\u00e1tv\u00e1ny rendszerint csak m\u00e1rcius v\u00e9g\u00e9n tet\u0151zik. A konkr\u00e9t vir\u00e1gz\u00e1s d\u00e1tum\u00e1t nem lehet biztosan megbecs\u00fclni, mert \u00e9vr\u0151l \u00e9vre v\u00e1ltozik az aktu\u00e1lis id\u0151j\u00e1r\u00e1st\u00f3l f\u00fcgg\u0151en, ez\u00e9rt mindig v\u00e1rni kell a hivatalos el\u0151rejelz\u00e9st, amely a t\u00e9li h\u00f3napok sor\u00e1n jelenik meg. Ha azt fontolgatod, <a href=\"https:\/\/loudavymkrokem.cz\/hu\/mikor-utazni-japan\/\">mikor utazz Jap\u00e1nba<\/a>, \u00e9ppen ez a h\u00f3nap \u00f3ri\u00e1si cs\u00e1b\u00edt\u00e1s, m\u00e9g ha sz\u00e1molnod is kell azzal, hogy egy <a href=\"https:\/\/loudavymkrokem.cz\/hu\/japan-nyaralas-tippek\/\">jap\u00e1n nyaral\u00e1s<\/a> ebben a felkapott id\u0151pontban \u00e1rban j\u00f3val ig\u00e9nyesebb lesz.<\/p>\n\n\n\n<h3 class=\"wp-block-heading\" id=\"Nizozemsko_a_tulipany\"><span class=\"ez-toc-section\" id=\"Hollandia_es_a_tulipanok\"><\/span>Hollandia \u00e9s a tulip\u00e1nok<span class=\"ez-toc-section-end\"><\/span><\/h3>\n\n\n\n<p class=\"wp-block-paragraph\">Ha azt mondjuk, tavasz Eur\u00f3p\u00e1ban, sok embernek azonnal az \u00f6sszes elk\u00e9pzelhet\u0151 sz\u00ednben j\u00e1tsz\u00f3 v\u00e9gtelen mez\u0151k jutnak esz\u00e9be, amelyek eg\u00e9szen a horizontig h\u00faz\u00f3dnak. Hollandia vil\u00e1gszerte h\u00edres a Keukenhof vir\u00e1gparkj\u00e1r\u00f3l, amely kapuit a nagyk\u00f6z\u00f6ns\u00e9g el\u0151tt <strong>rendszerint csak m\u00e1rcius m\u00e1sodik fel\u00e9ben nyitja meg<\/strong>, \u00e9s azonnal a legjobban l\u00e1togatott tavaszi c\u00e9lpontt\u00e1 v\u00e1lik az eg\u00e9sz kontinensen. Tekint\u00e9lyt parancsol\u00f3 h\u00e9tmilli\u00f3, k\u00e9zzel \u00fcltetett hagym\u00e1t tal\u00e1lsz itt, amelyek a napsugarakt\u00f3l f\u00fcgg\u0151en lassan t\u00f6rnek a f\u00e9ny fel\u00e9, \u00e9s teljesen fantasztikus mint\u00e1zatokat alkotnak.<\/p>\n\n\n\n<figure data-wp-context=\"{&quot;imageId&quot;:&quot;6a98ab3758caa&quot;}\" data-wp-interactive=\"core\/image\" data-wp-key=\"6a98ab3758caa\" class=\"wp-block-image size-full wp-lightbox-container\"><img decoding=\"async\" width=\"1500\" height=\"1000\" data-wp-class--hide=\"state.isContentHidden\" data-wp-class--show=\"state.isContentVisible\" data-wp-init=\"callbacks.setButtonStyles\" data-wp-on--click=\"actions.showLightbox\" data-wp-on--load=\"callbacks.setButtonStyles\" data-wp-on--pointerdown=\"actions.preloadImage\" data-wp-on--pointerenter=\"actions.preloadImageWithDelay\" data-wp-on--pointerleave=\"actions.cancelPreload\" data-wp-on-window--resize=\"callbacks.setButtonStyles\" src=\"https:\/\/loudavymkrokem.cz\/wp-content\/uploads\/2026\/08\/lk-nizozemsko.jpg\" alt=\"Tulip\u00e1nmez\u0151k Hollandi\u00e1ban\" class=\"wp-image-403059\" title=\"\" srcset=\"https:\/\/loudavymkrokem.cz\/wp-content\/uploads\/2026\/08\/lk-nizozemsko.jpg 1500w, https:\/\/loudavymkrokem.cz\/wp-content\/uploads\/2026\/08\/lk-nizozemsko-300x200.jpg 300w, https:\/\/loudavymkrokem.cz\/wp-content\/uploads\/2026\/08\/lk-nizozemsko-700x467.jpg 700w, https:\/\/loudavymkrokem.cz\/wp-content\/uploads\/2026\/08\/lk-nizozemsko-768x512.jpg 768w, https:\/\/loudavymkrokem.cz\/wp-content\/uploads\/2026\/08\/lk-nizozemsko-696x464.jpg 696w, https:\/\/loudavymkrokem.cz\/wp-content\/uploads\/2026\/08\/lk-nizozemsko-1392x928.jpg 1392w\" sizes=\"(max-width: 1500px) 100vw, 1500px\" \/><button\n\t\t\tclass=\"lightbox-trigger\"\n\t\t\ttype=\"button\"\n\t\t\taria-haspopup=\"dialog\"\n\t\t\tdata-wp-bind--aria-label=\"state.thisImage.triggerButtonAriaLabel\"\n\t\t\tdata-wp-init=\"callbacks.initTriggerButton\"\n\t\t\tdata-wp-on--click=\"actions.showLightbox\"\n\t\t\tdata-wp-style--right=\"state.thisImage.buttonRight\"\n\t\t\tdata-wp-style--top=\"state.thisImage.buttonTop\"\n\t\t>\n\t\t\t<svg xmlns=\"http:\/\/www.w3.org\/2000\/svg\" width=\"12\" height=\"12\" fill=\"none\" viewBox=\"0 0 12 12\">\n\t\t\t\t<path fill=\"#fff\" d=\"M2 0a2 2 0 0 0-2 2v2h1.5V2a.5.5 0 0 1 .5-.5h2V0H2Zm2 10.5H2a.5.5 0 0 1-.5-.5V8H0v2a2 2 0 0 0 2 2h2v-1.5ZM8 12v-1.5h2a.5.5 0 0 0 .5-.5V8H12v2a2 2 0 0 1-2 2H8Zm2-12a2 2 0 0 1 2 2v2h-1.5V2a.5.5 0 0 0-.5-.5H8V0h2Z\" \/>\n\t\t\t<\/svg>\n\t\t<\/button><figcaption class=\"wp-element-caption\">Tulip\u00e1nmez\u0151k Hollandi\u00e1ban (Fot\u00f3: Willem van Valk \/ Wikimedia Commons, CC BY 2.0)<\/figcaption><\/figure>\n\n\n\n<p class=\"wp-block-paragraph\">A vitaf\u00f3rumokon az utaz\u00f3k azonban gyakran figyelmeztetnek, hogy egy ekkora n\u00e9pszer\u0171s\u00e9g logikusan a lelkes turist\u00e1k \u00f3ri\u00e1si t\u00f6meg\u00e9t is mag\u00e1val hozza. Ha a <a href=\"https:\/\/loudavymkrokem.cz\/hu\/hollandia-tulipan-keukenhof\/\">Keukenhofra \u00e9s a tulip\u00e1nokhoz<\/a> k\u00e9sz\u00fclsz, meg\u00e9ri j\u00f3 el\u0151re online megvenni a jegyeket, \u00e9s r\u00f6gt\u00f6n kora reggel meg\u00e9rkezni a park kapuihoz, hogy legal\u00e1bb egy kicsit nyugodtan n\u00e9zhesd meg a ter\u00fcletet. Cser\u00e9be teljesen var\u00e1zslatos, tavaszt\u00f3l illatoz\u00f3 hangulat lesz a jutalmad, ami\u00e9rt az emberek nagyon sz\u00edvesen t\u00e9rnek vissza Hollandi\u00e1ba.<\/p>\n\n\n\n<h2 class=\"wp-block-heading\" id=\"Kam_v_breznu_na_hory_a_na_jarni_prazdniny\"><span class=\"ez-toc-section\" id=\"Hova_utazz_marciusban_a_hegyekbe_es_a_tavaszi_szunetre\"><\/span>Hov\u00e1 utazz m\u00e1rciusban a hegyekbe \u00e9s a tavaszi sz\u00fcnetre<span class=\"ez-toc-section-end\"><\/span><\/h2>\n\n\n\n<p class=\"wp-block-paragraph\">A t\u00e9li sportok kedvel\u0151inek a m\u00e1rcius az utols\u00f3 megb\u00edzhat\u00f3 s\u00edel\u0151s h\u00f3nap, amikor m\u00e9g probl\u00e9ma n\u00e9lk\u00fcl lehet a havas lejt\u0151ket r\u00f3ni. Egyben ez az az id\u0151szak is, amikor a magyar iskol\u00e1k tavaszi sz\u00fcnete jellemz\u0151en kezd\u0151dik, ami nagyon felkapott id\u0151pontt\u00e1 teszi a csal\u00e1di nyaral\u00e1sokhoz.<\/p>\n\n\n\n<p class=\"wp-block-paragraph\">M\u00edg lent a v\u00f6lgyekben m\u00e1r gyakran lassan kikandik\u00e1l a tavaszi f\u0171, a hegycs\u00facsokon m\u00e9g mindig kitart a rendes h\u00f3takar\u00f3, amely a k\u00e9k \u00e9ggel p\u00e1rosulva a legszebb napokat \u00edg\u00e9ri a s\u00edp\u00e1ly\u00e1n. Nagyon fontos azonban j\u00f3l kiv\u00e1lasztani a helysz\u00ednt, hogy a h\u00f3 helyett ne latyakos pocsoly\u00e1kban s\u00edelj.<\/p>\n\n\n\n<h3 class=\"wp-block-heading\" id=\"Jarni_lyzovani_v_Alpach\"><span class=\"ez-toc-section\" id=\"Tavaszi_sieles_az_Alpokban\"><\/span>Tavaszi s\u00edel\u00e9s az Alpokban<span class=\"ez-toc-section-end\"><\/span><\/h3>\n\n\n\n<p class=\"wp-block-paragraph\">A t\u00e9li szezon v\u00e9g\u00e9nek a hegyek szerelmesei sz\u00e1m\u00e1ra megvan a maga teljesen saj\u00e1tos \u00e9s nehezen p\u00f3tolhat\u00f3 var\u00e1zsa, amelyet sokan a fagyos janu\u00e1rral szemben el\u0151nyben r\u00e9szes\u00edtenek. A m\u00e1rcius ugyanis az a h\u00f3nap, amikor a s\u00edp\u00e1ly\u00e1kon <strong>rengeteg melenget\u0151 naps\u00fct\u00e9st \u00e9s kellemesen puha havat, az \u00fagynevezett firnet \u00e9lvezheted<\/strong>. Az osztr\u00e1k Zell am See s\u00edk\u00f6zpontban napk\u00f6zben ak\u00e1r 9,5 \u00b0C-ra is felmelegszik, mik\u00f6zben \u00e9jszaka a h\u0151m\u00e9rs\u00e9klet csak enyh\u00e9n s\u00fcllyed a fagypont al\u00e1, -0,4 \u00b0C-ra, ami ugyan kiss\u00e9 rontja a p\u00e1ly\u00e1k reggeli min\u0151s\u00e9g\u00e9t, de cser\u00e9be a hegyi mened\u00e9kh\u00e1zakn\u00e1l napozhatsz egy nyug\u00e1gyban (a nap itt \u00e1tlagosan napi 8,2 \u00f3r\u00e1n \u00e1t s\u00fct).<\/p>\n\n\n\n<figure data-wp-context=\"{&quot;imageId&quot;:&quot;6a98ab375954c&quot;}\" data-wp-interactive=\"core\/image\" data-wp-key=\"6a98ab375954c\" class=\"wp-block-image size-full wp-lightbox-container\"><img decoding=\"async\" width=\"1500\" height=\"1125\" data-wp-class--hide=\"state.isContentHidden\" data-wp-class--show=\"state.isContentVisible\" data-wp-init=\"callbacks.setButtonStyles\" data-wp-on--click=\"actions.showLightbox\" data-wp-on--load=\"callbacks.setButtonStyles\" data-wp-on--pointerdown=\"actions.preloadImage\" data-wp-on--pointerenter=\"actions.preloadImageWithDelay\" data-wp-on--pointerleave=\"actions.cancelPreload\" data-wp-on-window--resize=\"callbacks.setButtonStyles\" src=\"https:\/\/loudavymkrokem.cz\/wp-content\/uploads\/2026\/08\/kam-na-dovolenou-v-unoru-f17.jpg\" alt=\"Dolomitok t\u00e9len\" class=\"wp-image-400820\" title=\"\" srcset=\"https:\/\/loudavymkrokem.cz\/wp-content\/uploads\/2026\/08\/kam-na-dovolenou-v-unoru-f17.jpg 1500w, https:\/\/loudavymkrokem.cz\/wp-content\/uploads\/2026\/08\/kam-na-dovolenou-v-unoru-f17-300x225.jpg 300w, https:\/\/loudavymkrokem.cz\/wp-content\/uploads\/2026\/08\/kam-na-dovolenou-v-unoru-f17-700x525.jpg 700w, https:\/\/loudavymkrokem.cz\/wp-content\/uploads\/2026\/08\/kam-na-dovolenou-v-unoru-f17-768x576.jpg 768w, https:\/\/loudavymkrokem.cz\/wp-content\/uploads\/2026\/08\/kam-na-dovolenou-v-unoru-f17-80x60.jpg 80w, https:\/\/loudavymkrokem.cz\/wp-content\/uploads\/2026\/08\/kam-na-dovolenou-v-unoru-f17-160x120.jpg 160w, https:\/\/loudavymkrokem.cz\/wp-content\/uploads\/2026\/08\/kam-na-dovolenou-v-unoru-f17-696x522.jpg 696w, https:\/\/loudavymkrokem.cz\/wp-content\/uploads\/2026\/08\/kam-na-dovolenou-v-unoru-f17-1392x1044.jpg 1392w\" sizes=\"(max-width: 1500px) 100vw, 1500px\" \/><button\n\t\t\tclass=\"lightbox-trigger\"\n\t\t\ttype=\"button\"\n\t\t\taria-haspopup=\"dialog\"\n\t\t\tdata-wp-bind--aria-label=\"state.thisImage.triggerButtonAriaLabel\"\n\t\t\tdata-wp-init=\"callbacks.initTriggerButton\"\n\t\t\tdata-wp-on--click=\"actions.showLightbox\"\n\t\t\tdata-wp-style--right=\"state.thisImage.buttonRight\"\n\t\t\tdata-wp-style--top=\"state.thisImage.buttonTop\"\n\t\t>\n\t\t\t<svg xmlns=\"http:\/\/www.w3.org\/2000\/svg\" width=\"12\" height=\"12\" fill=\"none\" viewBox=\"0 0 12 12\">\n\t\t\t\t<path fill=\"#fff\" d=\"M2 0a2 2 0 0 0-2 2v2h1.5V2a.5.5 0 0 1 .5-.5h2V0H2Zm2 10.5H2a.5.5 0 0 1-.5-.5V8H0v2a2 2 0 0 0 2 2h2v-1.5ZM8 12v-1.5h2a.5.5 0 0 0 .5-.5V8H12v2a2 2 0 0 1-2 2H8Zm2-12a2 2 0 0 1 2 2v2h-1.5V2a.5.5 0 0 0-.5-.5H8V0h2Z\" \/>\n\t\t\t<\/svg>\n\t\t<\/button><figcaption class=\"wp-element-caption\">Dolomitok t\u00e9len (Fot\u00f3: Zoran Kureli\u0107 Rabko \/ Wikimedia Commons, CC BY-SA 3.0)<\/figcaption><\/figure>\n\n\n\n<p class=\"wp-block-paragraph\">Az alpesi s\u00edel\u00e9s szak\u00e9rt\u0151i azonban nyomat\u00e9kosan azt tan\u00e1csolj\u00e1k, hogy ebben az id\u0151szakban ink\u00e1bb a magasabban fekv\u0151 k\u00f6zpontokba vagy egyenesen a h\u00edres gleccserekre menj, ahol biztos lehetsz a sokkal jobb h\u00f3viszonyokban. Sz\u00e9p p\u00e9lda erre az olasz Cortina d&#8217;Ampezzo, ahol napk\u00f6zben h\u0171v\u00f6sebb 5,7 \u00b0C van, \u00e9jszaka pedig -3,1 \u00b0C, ami seg\u00edt jobb \u00e1llapotban tartani a s\u00edp\u00e1ly\u00e1kat, r\u00e1ad\u00e1sul csapad\u00e9k csak k\u00f6r\u00fclbel\u00fcl 11,2 napon \u00e1t fenyeget havonta. Ak\u00e1r a <a href=\"https:\/\/loudavymkrokem.cz\/hu\/dolomitok-gyerekkel-tippek\/\">Dolomitokat fedezed fel a gyerekekkel<\/a>, ak\u00e1r a befagyott <a href=\"https:\/\/loudavymkrokem.cz\/hu\/ausztria-tavak-legszebb-helyek\/\">osztr\u00e1k tavakat<\/a> d\u00f6nt\u00f6d el megl\u00e1togatni, a tavaszi s\u00edel\u00e9s a hossz\u00fa napos napokkal biztosan nem okoz csal\u00f3d\u00e1st.<\/p>\n\n\n\n<h3 class=\"wp-block-heading\" id=\"Vysoke_Tatry_a_Slovensko\"><span class=\"ez-toc-section\" id=\"Magas-Tatra_es_Szlovakia\"><\/span>Magas-T\u00e1tra \u00e9s Szlov\u00e1kia<span class=\"ez-toc-section-end\"><\/span><\/h3>\n\n\n\n<p class=\"wp-block-paragraph\">Ha nem akarsz hossz\u00fa \u00f3r\u00e1kat aut\u00f3ban t\u00f6lteni a t\u00e1voli Alpokba menet, k\u00f6zeli \u00e9szaki szomsz\u00e9daink nem kev\u00e9sb\u00e9 min\u0151s\u00e9gi felt\u00e9teleket k\u00edn\u00e1lnak a t\u00e9li szezon elk\u00f6sz\u00f6n\u00e9s\u00e9hez. A Magas-T\u00e1tr\u00e1ban, konkr\u00e9tan a kedvelt Csorba-t\u00f3 (\u0160trbsk\u00e9 Pleso) k\u00f6rny\u00e9k\u00e9n m\u00e1rciusban m\u00e9g nagyon rendes t\u00e9l uralkodik, napi mind\u00f6ssze 1,4 \u00b0C-os h\u0151m\u00e9rs\u00e9klettel \u00e9s fagyos, -5,4 \u00b0C k\u00f6r\u00fcli \u00e9jszak\u00e1kkal. Ennek k\u00f6sz\u00f6nhet\u0151en <strong>a legt\u00f6bb helyi s\u00edp\u00e1lya teljesen ragyog\u00f3 \u00e1llapotban marad<\/strong>, \u00e9s \u00e9lvezhetsz egy min\u0151s\u00e9gi s\u00edel\u00e9st napos napokkal kieg\u00e9sz\u00edtve, amikor az \u00e9g kitisztul k\u00f6r\u00fclbel\u00fcl napi 8,2 \u00f3r\u00e1ra.<\/p>\n\n\n\n<figure data-wp-context=\"{&quot;imageId&quot;:&quot;6a98ab3759c16&quot;}\" data-wp-interactive=\"core\/image\" data-wp-key=\"6a98ab3759c16\" class=\"wp-block-image size-full wp-lightbox-container\"><img decoding=\"async\" width=\"1500\" height=\"1000\" data-wp-class--hide=\"state.isContentHidden\" data-wp-class--show=\"state.isContentVisible\" data-wp-init=\"callbacks.setButtonStyles\" data-wp-on--click=\"actions.showLightbox\" data-wp-on--load=\"callbacks.setButtonStyles\" data-wp-on--pointerdown=\"actions.preloadImage\" data-wp-on--pointerenter=\"actions.preloadImageWithDelay\" data-wp-on--pointerleave=\"actions.cancelPreload\" data-wp-on-window--resize=\"callbacks.setButtonStyles\" src=\"https:\/\/loudavymkrokem.cz\/wp-content\/uploads\/2026\/08\/kam-na-dovolenou-v-unoru-f18.jpg\" alt=\"Magas-T\u00e1tra t\u00e9len\" class=\"wp-image-400821\" title=\"\" srcset=\"https:\/\/loudavymkrokem.cz\/wp-content\/uploads\/2026\/08\/kam-na-dovolenou-v-unoru-f18.jpg 1500w, https:\/\/loudavymkrokem.cz\/wp-content\/uploads\/2026\/08\/kam-na-dovolenou-v-unoru-f18-300x200.jpg 300w, https:\/\/loudavymkrokem.cz\/wp-content\/uploads\/2026\/08\/kam-na-dovolenou-v-unoru-f18-700x467.jpg 700w, https:\/\/loudavymkrokem.cz\/wp-content\/uploads\/2026\/08\/kam-na-dovolenou-v-unoru-f18-768x512.jpg 768w, https:\/\/loudavymkrokem.cz\/wp-content\/uploads\/2026\/08\/kam-na-dovolenou-v-unoru-f18-696x464.jpg 696w, https:\/\/loudavymkrokem.cz\/wp-content\/uploads\/2026\/08\/kam-na-dovolenou-v-unoru-f18-1392x928.jpg 1392w\" sizes=\"(max-width: 1500px) 100vw, 1500px\" \/><button\n\t\t\tclass=\"lightbox-trigger\"\n\t\t\ttype=\"button\"\n\t\t\taria-haspopup=\"dialog\"\n\t\t\tdata-wp-bind--aria-label=\"state.thisImage.triggerButtonAriaLabel\"\n\t\t\tdata-wp-init=\"callbacks.initTriggerButton\"\n\t\t\tdata-wp-on--click=\"actions.showLightbox\"\n\t\t\tdata-wp-style--right=\"state.thisImage.buttonRight\"\n\t\t\tdata-wp-style--top=\"state.thisImage.buttonTop\"\n\t\t>\n\t\t\t<svg xmlns=\"http:\/\/www.w3.org\/2000\/svg\" width=\"12\" height=\"12\" fill=\"none\" viewBox=\"0 0 12 12\">\n\t\t\t\t<path fill=\"#fff\" d=\"M2 0a2 2 0 0 0-2 2v2h1.5V2a.5.5 0 0 1 .5-.5h2V0H2Zm2 10.5H2a.5.5 0 0 1-.5-.5V8H0v2a2 2 0 0 0 2 2h2v-1.5ZM8 12v-1.5h2a.5.5 0 0 0 .5-.5V8H12v2a2 2 0 0 1-2 2H8Zm2-12a2 2 0 0 1 2 2v2h-1.5V2a.5.5 0 0 0-.5-.5H8V0h2Z\" \/>\n\t\t\t<\/svg>\n\t\t<\/button><figcaption class=\"wp-element-caption\">Magas-T\u00e1tra t\u00e9len (Fot\u00f3: Kacper Wolski \/ Pexels)<\/figcaption><\/figure>\n\n\n\n<p class=\"wp-block-paragraph\">Sok kir\u00e1ndul\u00f3 egyet\u00e9rt abban, hogy a szlov\u00e1kiai nyaral\u00e1son a legjobb az a remek lehet\u0151s\u00e9g, hogy \u00f6sszekapcsolhatod az akt\u00edv sportot a teljes pihen\u00e9ssel. Egy eg\u00e9sz napos lejt\u0151n tolong\u00e1s ut\u00e1n, amikor egy\u00e9bk\u00e9nt \u00e1tlagosan 12,7 csapad\u00e9kos napra kell felk\u00e9sz\u00fcln\u00f6d, nincs is jobb, mint a s\u00edbakancsot f\u00fcrd\u0151ruh\u00e1ra cser\u00e9lni, \u00e9s elindulni a kedvelt v\u00edzi parkokba. A f\u00e1radt izmokat \u00e1tmeleg\u00edteni \u00e9s megl\u00e1togatni a h\u00edres <a href=\"https:\/\/loudavymkrokem.cz\/hu\/termalfurdo-szlovakia-legjobb\/\">szlov\u00e1kiai term\u00e1lf\u00fcrd\u0151ket<\/a> egyszer\u0171en a t\u00f6k\u00e9letes pont minden nap v\u00e9g\u00e9n, amelyet azt\u00e1n megkoron\u00e1zhatsz egy j\u00f3 adag val\u00f3di juht\u00far\u00f3s sztrapacsk\u00e1val a legk\u00f6zelebbi kolib\u00e1ban.<\/p>\n\n\n\n<h3 class=\"wp-block-heading\" id=\"Jarni_prazdniny_jak_vybrat_termin\"><span class=\"ez-toc-section\" id=\"Tavaszi_szunet_hogyan_valassz_idopontot\"><\/span>Tavaszi sz\u00fcnet: hogyan v\u00e1lassz id\u0151pontot<span class=\"ez-toc-section-end\"><\/span><\/h3>\n\n\n\n<p class=\"wp-block-paragraph\">Ha csal\u00e1di nyaral\u00e1sra k\u00e9sz\u00fclsz, biztosan tudod, mennyire \u00e1t tudj\u00e1k rendezni az iskolai napt\u00e1rak az utaz\u00e1sod teljes k\u00f6lts\u00e9gvet\u00e9s\u00e9t. A tavaszi sz\u00fcnet felkapott hetei alaposan megnyomj\u00e1k a hegyi mened\u00e9kh\u00e1zak \u00e9s a csal\u00e1di panzi\u00f3k kapacit\u00e1s\u00e1t. A sz\u00e1ll\u00e1sad\u00f3k nagyon j\u00f3l tudj\u00e1k, mikor van telth\u00e1z, \u00e9s az \u00e1rak ezekben a felkapott hetekben nagyon gyakran csillag\u00e1szati magass\u00e1gokba k\u00fasznak.<\/p>\n\n\n\n<figure data-wp-context=\"{&quot;imageId&quot;:&quot;6a98ab375a0e1&quot;}\" data-wp-interactive=\"core\/image\" data-wp-key=\"6a98ab375a0e1\" class=\"wp-block-image size-full wp-lightbox-container\"><img decoding=\"async\" width=\"1500\" height=\"1125\" data-wp-class--hide=\"state.isContentHidden\" data-wp-class--show=\"state.isContentVisible\" data-wp-init=\"callbacks.setButtonStyles\" data-wp-on--click=\"actions.showLightbox\" data-wp-on--load=\"callbacks.setButtonStyles\" data-wp-on--pointerdown=\"actions.preloadImage\" data-wp-on--pointerenter=\"actions.preloadImageWithDelay\" data-wp-on--pointerleave=\"actions.cancelPreload\" data-wp-on-window--resize=\"callbacks.setButtonStyles\" src=\"https:\/\/loudavymkrokem.cz\/wp-content\/uploads\/2026\/08\/kam-na-dovolenou-v-unoru-f28.jpg\" alt=\"Term\u00e1lf\u00fcrd\u0151 t\u00e9len\" class=\"wp-image-400838\" title=\"\" srcset=\"https:\/\/loudavymkrokem.cz\/wp-content\/uploads\/2026\/08\/kam-na-dovolenou-v-unoru-f28.jpg 1500w, https:\/\/loudavymkrokem.cz\/wp-content\/uploads\/2026\/08\/kam-na-dovolenou-v-unoru-f28-300x225.jpg 300w, https:\/\/loudavymkrokem.cz\/wp-content\/uploads\/2026\/08\/kam-na-dovolenou-v-unoru-f28-700x525.jpg 700w, https:\/\/loudavymkrokem.cz\/wp-content\/uploads\/2026\/08\/kam-na-dovolenou-v-unoru-f28-768x576.jpg 768w, https:\/\/loudavymkrokem.cz\/wp-content\/uploads\/2026\/08\/kam-na-dovolenou-v-unoru-f28-80x60.jpg 80w, https:\/\/loudavymkrokem.cz\/wp-content\/uploads\/2026\/08\/kam-na-dovolenou-v-unoru-f28-160x120.jpg 160w, https:\/\/loudavymkrokem.cz\/wp-content\/uploads\/2026\/08\/kam-na-dovolenou-v-unoru-f28-696x522.jpg 696w, https:\/\/loudavymkrokem.cz\/wp-content\/uploads\/2026\/08\/kam-na-dovolenou-v-unoru-f28-1392x1044.jpg 1392w\" sizes=\"(max-width: 1500px) 100vw, 1500px\" \/><button\n\t\t\tclass=\"lightbox-trigger\"\n\t\t\ttype=\"button\"\n\t\t\taria-haspopup=\"dialog\"\n\t\t\tdata-wp-bind--aria-label=\"state.thisImage.triggerButtonAriaLabel\"\n\t\t\tdata-wp-init=\"callbacks.initTriggerButton\"\n\t\t\tdata-wp-on--click=\"actions.showLightbox\"\n\t\t\tdata-wp-style--right=\"state.thisImage.buttonRight\"\n\t\t\tdata-wp-style--top=\"state.thisImage.buttonTop\"\n\t\t>\n\t\t\t<svg xmlns=\"http:\/\/www.w3.org\/2000\/svg\" width=\"12\" height=\"12\" fill=\"none\" viewBox=\"0 0 12 12\">\n\t\t\t\t<path fill=\"#fff\" d=\"M2 0a2 2 0 0 0-2 2v2h1.5V2a.5.5 0 0 1 .5-.5h2V0H2Zm2 10.5H2a.5.5 0 0 1-.5-.5V8H0v2a2 2 0 0 0 2 2h2v-1.5ZM8 12v-1.5h2a.5.5 0 0 0 .5-.5V8H12v2a2 2 0 0 1-2 2H8Zm2-12a2 2 0 0 1 2 2v2h-1.5V2a.5.5 0 0 0-.5-.5H8V0h2Z\" \/>\n\t\t\t<\/svg>\n\t\t<\/button><figcaption class=\"wp-element-caption\">Term\u00e1lf\u00fcrd\u0151 t\u00e9len (Fot\u00f3: Daniel &#x27;DaNeShady&#x27; Nagy \/ Wikimedia Commons, CC BY-SA 3.0)<\/figcaption><\/figure>\n\n\n\n<p class=\"wp-block-paragraph\">Az utaz\u00e1si szak\u00e9rt\u0151k ez\u00e9rt azt tan\u00e1csolj\u00e1k, hogy a v\u00e9gleges foglal\u00e1s el\u0151tt mindig pr\u00f3b\u00e1ld \u00f6sszehasonl\u00edtani az \u00e1rakat a k\u00f6rnyez\u0151 id\u0151pontokban is, mert <strong>ha csak egyetlen h\u00e9ttel eltolod az utadat, ak\u00e1r a fel\u00e9re is cs\u00f6kkentheted a teljes \u00f6sszeget<\/strong>. Ez az egyszer\u0171 tr\u00fckk teljesen megb\u00edzhat\u00f3an m\u0171k\u00f6dik nemcsak a k\u00fclf\u00f6ldi s\u00edel\u0151s utakn\u00e1l, hanem akkor is, ha egy k\u00f6rny\u00e9kbeli aquaparkot tervezel megl\u00e1togatni, amelyek a sz\u00fcnetes h\u00e9tv\u00e9g\u00e9ken sz\u00f3 szerint sz\u00e9trepednek a t\u00f6megt\u0151l. Meg\u00e9ri teh\u00e1t egy kis el\u0151retervez\u00e9s, hogy ugyanazok\u00e9rt a szolg\u00e1ltat\u00e1sok\u00e9rt ne fizess feleslegesen t\u00f6bbet \u263a\ufe0f.<\/p>\n\n\n\n<h2 class=\"wp-block-heading\" id=\"Kam_v_breznu_v_Cesku_a_okoli\"><span class=\"ez-toc-section\" id=\"Hova_utazz_marciusban_itthon_es_a_kornyeken\"><\/span>Hov\u00e1 utazz m\u00e1rciusban itthon \u00e9s a k\u00f6rny\u00e9ken<span class=\"ez-toc-section-end\"><\/span><\/h2>\n\n\n\n<p class=\"wp-block-paragraph\">Ha \u00e9ppen nem akarsz messzire rep\u00fclni, a m\u00e1rcius itthon \u00e9s a k\u00f6rny\u00e9ken nagyon \u00e9rdekes kompromisszumot k\u00edn\u00e1l, amikor l\u00e9nyeg\u00e9ben egyszerre \u00e9led \u00e1t a t\u00e9l v\u00e9g\u00e9t \u00e9s a tavasz elej\u00e9t. El\u00e9g csak p\u00e1r t\u00edz kilom\u00e9tert aut\u00f3zni, \u00e9s a fagyos hegygerincekr\u0151l egyszeriben a s\u00edks\u00e1gokon tal\u00e1lod magad, ahol m\u00e1r lassan z\u00f6ldellni kezdenek az els\u0151 f\u00e1k.<\/p>\n\n\n\n<p class=\"wp-block-paragraph\">Ez ide\u00e1lis id\u0151 a pihen\u00e9sre \u00e9s a helyi kult\u00fara megismer\u00e9s\u00e9re \u00f6sszpontos\u00edt\u00f3 h\u00e9tv\u00e9gi kiruccan\u00e1sokhoz, mert nem kell sehov\u00e1 rohanni. Az \u00fatikir\u00e1ndul\u00e1si c\u00e9lpontok, amelyek ny\u00e1ron sz\u00e9trepednek, most kellemesen nyugodt hangulatban v\u00e1rnak r\u00e1d.<\/p>\n\n\n\n<h3 class=\"wp-block-heading\" id=\"Cesko_termaly_hory_a_prvni_jaro\"><span class=\"ez-toc-section\" id=\"Kozep-Europa_termalfurdok_hegyek_es_az_elso_tavasz\"><\/span>K\u00f6z\u00e9p-Eur\u00f3pa: term\u00e1lf\u00fcrd\u0151k, hegyek \u00e9s az els\u0151 tavasz<span class=\"ez-toc-section-end\"><\/span><\/h3>\n\n\n\n<p class=\"wp-block-paragraph\">N\u00e9ha egyszer\u0171en \u00fagy van, hogy nem akarsz a hat\u00e1ron t\u00falra utazni, \u00e9s ez teljesen rendben van, mert a r\u00e9gi\u00f3 k\u00f6zeli t\u00e1jain is rendk\u00edv\u00fcl \u00e9lvezetes az \u00e9vszakok fordul\u00f3ja. A m\u00e1rcius errefel\u00e9 olyan k\u00fcl\u00f6n\u00f6s hat\u00e1rh\u00f3nap, amikor <strong>egyetlen h\u00e9tv\u00e9ge alatt \u00e1t\u00e9lheted a t\u00e9lb\u00facs\u00faztat\u00f3t \u00e9s az els\u0151 tavaszi rezd\u00fcl\u00e9seket is<\/strong>. M\u00edg a magasabb hegyekben m\u00e9g zajlik az utols\u00f3 tavaszi s\u00edel\u00e9s a nehezebb h\u00f3val, a s\u00edks\u00e1gokon m\u00e1r a k\u00f6zelg\u0151 tavasz illata terjeng, \u00e9s a term\u00e9szet mozg\u00e1sba lend\u00fcl.<\/p>\n\n\n\n<figure data-wp-context=\"{&quot;imageId&quot;:&quot;6a98ab375a6a7&quot;}\" data-wp-interactive=\"core\/image\" data-wp-key=\"6a98ab375a6a7\" class=\"wp-block-image size-full wp-lightbox-container\"><img decoding=\"async\" width=\"1500\" height=\"1000\" data-wp-class--hide=\"state.isContentHidden\" data-wp-class--show=\"state.isContentVisible\" data-wp-init=\"callbacks.setButtonStyles\" data-wp-on--click=\"actions.showLightbox\" data-wp-on--load=\"callbacks.setButtonStyles\" data-wp-on--pointerdown=\"actions.preloadImage\" data-wp-on--pointerenter=\"actions.preloadImageWithDelay\" data-wp-on--pointerleave=\"actions.cancelPreload\" data-wp-on-window--resize=\"callbacks.setButtonStyles\" src=\"https:\/\/loudavymkrokem.cz\/wp-content\/uploads\/2026\/08\/lk-morava.jpg\" alt=\"P\u00e1lava \u00e9s D\u00e9l-Morvaorsz\u00e1g\" class=\"wp-image-403038\" title=\"\" srcset=\"https:\/\/loudavymkrokem.cz\/wp-content\/uploads\/2026\/08\/lk-morava.jpg 1500w, https:\/\/loudavymkrokem.cz\/wp-content\/uploads\/2026\/08\/lk-morava-300x200.jpg 300w, https:\/\/loudavymkrokem.cz\/wp-content\/uploads\/2026\/08\/lk-morava-700x467.jpg 700w, https:\/\/loudavymkrokem.cz\/wp-content\/uploads\/2026\/08\/lk-morava-768x512.jpg 768w, https:\/\/loudavymkrokem.cz\/wp-content\/uploads\/2026\/08\/lk-morava-696x464.jpg 696w, https:\/\/loudavymkrokem.cz\/wp-content\/uploads\/2026\/08\/lk-morava-1392x928.jpg 1392w\" sizes=\"(max-width: 1500px) 100vw, 1500px\" \/><button\n\t\t\tclass=\"lightbox-trigger\"\n\t\t\ttype=\"button\"\n\t\t\taria-haspopup=\"dialog\"\n\t\t\tdata-wp-bind--aria-label=\"state.thisImage.triggerButtonAriaLabel\"\n\t\t\tdata-wp-init=\"callbacks.initTriggerButton\"\n\t\t\tdata-wp-on--click=\"actions.showLightbox\"\n\t\t\tdata-wp-style--right=\"state.thisImage.buttonRight\"\n\t\t\tdata-wp-style--top=\"state.thisImage.buttonTop\"\n\t\t>\n\t\t\t<svg xmlns=\"http:\/\/www.w3.org\/2000\/svg\" width=\"12\" height=\"12\" fill=\"none\" viewBox=\"0 0 12 12\">\n\t\t\t\t<path fill=\"#fff\" d=\"M2 0a2 2 0 0 0-2 2v2h1.5V2a.5.5 0 0 1 .5-.5h2V0H2Zm2 10.5H2a.5.5 0 0 1-.5-.5V8H0v2a2 2 0 0 0 2 2h2v-1.5ZM8 12v-1.5h2a.5.5 0 0 0 .5-.5V8H12v2a2 2 0 0 1-2 2H8Zm2-12a2 2 0 0 1 2 2v2h-1.5V2a.5.5 0 0 0-.5-.5H8V0h2Z\" \/>\n\t\t\t<\/svg>\n\t\t<\/button><figcaption class=\"wp-element-caption\">P\u00e1lava \u00e9s D\u00e9l-Morvaorsz\u00e1g (Fot\u00f3: Arielle.desoucey \/ Wikimedia Commons, CC BY-SA 4.0)<\/figcaption><\/figure>\n\n\n\n<p class=\"wp-block-paragraph\">Budapesten sz\u00e1molj nappal 11,9 \u00b0C k\u00f6r\u00fcli h\u0151m\u00e9rs\u00e9klettel \u00e9s \u00e9jszaka 1,9 \u00b0C-kal, ami napi 8,4 \u00f3ra naps\u00fct\u00e9s k\u00eds\u00e9ret\u00e9ben <strong>teljesen ide\u00e1lis id\u0151 a f\u0151v\u00e1ros felfedez\u00e9s\u00e9hez<\/strong>, amit m\u00e9g nem \u00e1rasztottak el a k\u00fclf\u00f6ldi turist\u00e1k. Eg\u00e9szen m\u00e1s hangulatot k\u00edn\u00e1l a naps\u00fct\u00f6tte D\u00e9l-Morvaorsz\u00e1g, ahol Mikulovban napk\u00f6zben 10,7 \u00b0C-ot m\u00e9rsz, \u00e9jszaka 1,1 \u00b0C-ot, \u00e9s napi 8,3 \u00f3ra naps\u00fct\u00e9sre sz\u00e1m\u00edthatsz, aminek k\u00f6sz\u00f6nhet\u0151en itt lassan vir\u00e1gozni kezdenek az els\u0151 gy\u00fcm\u00f6lcs\u00f6s\u00f6k. \u00c9s ha v\u00e9letlen\u00fcl meglepne a tipikusan \u00e1prilisi id\u0151j\u00e1r\u00e1s (Budapesten \u00e1tlagosan 7,7 napon \u00e1t esik), mindig elb\u00fajhatsz a hideg el\u0151l, \u00e9s kipr\u00f3b\u00e1lhatod a legjobb k\u00f6rny\u00e9kbeli term\u00e1lf\u00fcrd\u0151ket, vagy tervezhetsz egy korai tavaszi kir\u00e1ndul\u00e1st a meglep\u0151en csendes <a href=\"https:\/\/loudavymkrokem.cz\/hu\/cseh-svajc-latnivalok-utikalauz\/\">Cseh-Sv\u00e1jcba<\/a>.<\/p>\n\n\n\n\n\n<h2 class=\"wp-block-heading\" id=\"Kam_dal\"><span class=\"ez-toc-section\" id=\"Hova_tovabb_tovabbi_utazasi_tippek\"><\/span>Hov\u00e1 tov\u00e1bb: tov\u00e1bbi utaz\u00e1si tippek<span class=\"ez-toc-section-end\"><\/span><\/h2>\n\n\n\n<p class=\"wp-block-paragraph\">Ha m\u00e9g bizonytalan vagy az id\u0151pont vagy az \u00fati c\u00e9l kapcs\u00e1n, n\u00e9zd meg ezeket a cikkeket is.<\/p>\n\n\n\n<ul class=\"wp-block-list\">\n\n<li><a href=\"https:\/\/loudavymkrokem.cz\/hu\/teli-nyaralas-februarban-tippek\/\">Hov\u00e1 utazz febru\u00e1rban<\/a><\/li>\n\n\n<li><a href=\"https:\/\/loudavymkrokem.cz\/hu\/aprilisi-nyaralas-tippek\/\">Hov\u00e1 utazz \u00e1prilisban<\/a><\/li>\n\n\n<li><a href=\"https:\/\/loudavymkrokem.cz\/hu\/szeptember-utazas-tippek-2\/\">Hov\u00e1 utazz szeptemberben<\/a><\/li>\n\n\n<li><a href=\"https:\/\/loudavymkrokem.cz\/hu\/olcso-repjegyek-tippek\/\">Hogyan szerezz olcs\u00f3 rep\u00fcl\u0151jegyet<\/a><\/li>\n\n\n<li><a href=\"https:\/\/loudavymkrokem.cz\/jak-vybrat-cestovni-pojisteni-na-dovolenou\/\">\u00datibiztos\u00edt\u00e1s: hogyan v\u00e1lassz<\/a><\/li>\n\n<\/ul>\n\n\n\n<h2 class=\"wp-block-heading\"><span class=\"ez-toc-section\" id=\"Gyakran_ismetelt_kerdesek\"><\/span>Gyakran ism\u00e9telt k\u00e9rd\u00e9sek<span class=\"ez-toc-section-end\"><\/span><\/h2>\n\n\n<div id=\"rank-math-faq\" class=\"rank-math-block\">\n<div class=\"rank-math-list \">\n<div id=\"faq-question-1737621109411\" class=\"rank-math-list-item\">\n<h3 class=\"rank-math-question \"><span class=\"ez-toc-section\" id=\"Melyik_a_legjobb_uti_cel_marciusban_gyerekekkel\"><\/span>Melyik a legjobb \u00fati c\u00e9l m\u00e1rciusban gyerekekkel?<span class=\"ez-toc-section-end\"><\/span><\/h3>\n<div class=\"rank-math-answer \">\n\n<p>A legjobb csal\u00e1di \u00fati c\u00e9lok k\u00f6z\u00e9 tartoznak a Kan\u00e1ri-szigetek, Thaif\u00f6ld, Florida vagy Egyiptom. Ezek az \u00fati c\u00e9lok biztons\u00e1gos strandokat, bar\u00e1ts\u00e1gos k\u00f6rnyezetet \u00e9s sz\u00f3rakoz\u00e1st k\u00edn\u00e1lnak a gyerekek sz\u00e1m\u00e1ra, p\u00e9ld\u00e1ul aquaparkokat vagy \u00e1llatmegfigyel\u00e9si lehet\u0151s\u00e9geket.<\/p>\n\n<\/div>\n<\/div>\n<div id=\"faq-question-1737621133182\" class=\"rank-math-list-item\">\n<h3 class=\"rank-math-question \"><span class=\"ez-toc-section\" id=\"Hol_lehet_elvezni_a_romantikus_nyaralast_marciusban\"><\/span>Hol lehet \u00e9lvezni a romantikus nyaral\u00e1st m\u00e1rciusban?<span class=\"ez-toc-section-end\"><\/span><\/h3>\n<div class=\"rank-math-answer \">\n\n<p>Romantikus pillanatokhoz a Seychelle-szigeteket, Zanzib\u00e1rt, Balit vagy Om\u00e1nt aj\u00e1nljuk. Ezek az \u00fati c\u00e9lok p\u00e1roknak csod\u00e1latos strandokkal, intimebb k\u00f6rnyezettel \u00e9s luxus \u00fcd\u00fcl\u0151helyekkel v\u00e1rj\u00e1k, amelyek ide\u00e1lisak a k\u00f6z\u00f6s pillanatokhoz.<\/p>\n\n<\/div>\n<\/div>\n<div id=\"faq-question-1737621159837\" class=\"rank-math-list-item\">\n<h3 class=\"rank-math-question \"><span class=\"ez-toc-section\" id=\"Mely_uti_celok_a_legolcsobbak_marciusban\"><\/span>Mely \u00fati c\u00e9lok a legolcs\u00f3bbak m\u00e1rciusban?<span class=\"ez-toc-section-end\"><\/span><\/h3>\n<div class=\"rank-math-answer \">\n\n<p>Az \u00e1rilag kedvez\u0151 m\u00e1rciusi \u00fati c\u00e9lok k\u00f6z\u00e9 tartozik Vietnam, Egyiptom, Thaif\u00f6ld vagy a Z\u00f6ld-foki-szigetek. Ezek a helyek j\u00f3 \u00e1r-\u00e9rt\u00e9k ar\u00e1nyt k\u00edn\u00e1lnak, k\u00fcl\u00f6n\u00f6sen, ha hosszabb tart\u00f3zkod\u00e1st tervezel.<\/p>\n\n<\/div>\n<\/div>\n<div id=\"faq-question-1737621188049\" class=\"rank-math-list-item\">\n<h3 class=\"rank-math-question \"><span class=\"ez-toc-section\" id=\"Mely_uti_celok_megfeleloek_a_termeszet_szerelmeseinek\"><\/span>Mely \u00fati c\u00e9lok megfelel\u0151ek a term\u00e9szet szerelmeseinek?<span class=\"ez-toc-section-end\"><\/span><\/h3>\n<div class=\"rank-math-answer \">\n\n<p>A term\u00e9szet szerelmeseinek \u00e9rdemes megfontolniuk Costa Ric\u00e1t, Ecuadort, a D\u00e9l-afrikai K\u00f6zt\u00e1rsas\u00e1got vagy Kolumbi\u00e1t. Ezek az \u00fati c\u00e9lok gy\u00f6ny\u00f6r\u0171 t\u00e1jakat k\u00edn\u00e1lnak, az es\u0151erd\u0151kt\u0151l a vulk\u00e1nokon \u00e1t a vad\u00e1llatvil\u00e1gig.<\/p>\n\n<\/div>\n<\/div>\n<div id=\"faq-question-1737621221151\" class=\"rank-math-list-item\">\n<h3 class=\"rank-math-question \"><span class=\"ez-toc-section\" id=\"Hol_lehet_elvezni_az_egzotikus_nyaralast_Europan_kivul\"><\/span>Hol lehet \u00e9lvezni az egzotikus nyaral\u00e1st Eur\u00f3p\u00e1n k\u00edv\u00fcl?<span class=\"ez-toc-section-end\"><\/span><\/h3>\n<div class=\"rank-math-answer \">\n\n<p>Egzotikus \u00e9lm\u00e9nyek v\u00e1rnak r\u00e1d Mauritiuson, a Dominikai K\u00f6zt\u00e1rsas\u00e1gban, Mexik\u00f3ban, a Seychelle-szigeteken vagy Balin.<\/p>\n\n<\/div>\n<\/div>\n<\/div>\n<\/div>","protected":false},"excerpt":{"rendered":"<p>Szeretn\u00e9l m\u00e1rciusban felmelegedni? Akkor \u00edme 22 tipp, hov\u00e1 utazz m\u00e1rciusban a tengerhez, ak\u00e1r gyerekekkel, ak\u00e1r n\u00e9lk\u00fcl\u00fck.<\/p>\n","protected":false},"author":20,"featured_media":92664,"comment_status":"open","ping_status":"open","sticky":false,"template":"","format":"standard","meta":{"_acf_changed":false,"footnotes":"","rank_math_title":"Hov\u00e1 utazz m\u00e1rciusban: 22 tipp nyaral\u00e1shoz","rank_math_description":"Hov\u00e1 utazz m\u00e1rciusban? 22 tipp a tengeri, tavaszi \u00e9s hegyi nyaral\u00e1shoz gyerekekkel \u00e9s kettesben. N\u00e9zd meg a h\u0151m\u00e9rs\u00e9klet-t\u00e1bl\u00e1zatot, \u00e9s foglalj most!","rank_math_focus_keyword":"hov\u00e1 utazz m\u00e1rciusban","rank_math_seo_score":""},"categories":[1788,1787],"tags":[],"class_list":["post-284805","post","type-post","status-publish","format-standard","has-post-thumbnail","category-utazas","category-utazasi-tippek"],"acf":[],"featured_image_src":"https:\/\/loudavymkrokem.cz\/wp-content\/uploads\/2025\/01\/kam-na-dovolenou-v-breznu-2.jpg","author_info":{"display_name":"Monika Havrdov\u00e1","author_link":"https:\/\/loudavymkrokem.cz\/hu\/author\/monika\/"},"_links":{"self":[{"href":"https:\/\/loudavymkrokem.cz\/hu\/wp-json\/wp\/v2\/posts\/284805","targetHints":{"allow":["GET"]}}],"collection":[{"href":"https:\/\/loudavymkrokem.cz\/hu\/wp-json\/wp\/v2\/posts"}],"about":[{"href":"https:\/\/loudavymkrokem.cz\/hu\/wp-json\/wp\/v2\/types\/post"}],"author":[{"embeddable":true,"href":"https:\/\/loudavymkrokem.cz\/hu\/wp-json\/wp\/v2\/users\/20"}],"replies":[{"embeddable":true,"href":"https:\/\/loudavymkrokem.cz\/hu\/wp-json\/wp\/v2\/comments?post=284805"}],"version-history":[{"count":2,"href":"https:\/\/loudavymkrokem.cz\/hu\/wp-json\/wp\/v2\/posts\/284805\/revisions"}],"predecessor-version":[{"id":414685,"href":"https:\/\/loudavymkrokem.cz\/hu\/wp-json\/wp\/v2\/posts\/284805\/revisions\/414685"}],"wp:featuredmedia":[{"embeddable":true,"href":"https:\/\/loudavymkrokem.cz\/hu\/wp-json\/wp\/v2\/media\/92664"}],"wp:attachment":[{"href":"https:\/\/loudavymkrokem.cz\/hu\/wp-json\/wp\/v2\/media?parent=284805"}],"wp:term":[{"taxonomy":"category","embeddable":true,"href":"https:\/\/loudavymkrokem.cz\/hu\/wp-json\/wp\/v2\/categories?post=284805"},{"taxonomy":"post_tag","embeddable":true,"href":"https:\/\/loudavymkrokem.cz\/hu\/wp-json\/wp\/v2\/tags?post=284805"}],"curies":[{"name":"wp","href":"https:\/\/api.w.org\/{rel}","templated":true}]}}