{"id":284739,"date":"2026-08-26T20:57:37","date_gmt":"2026-08-26T18:57:37","guid":{"rendered":"https:\/\/loudavymkrokem.cz\/teli-nyaralas-februarban-tippek\/"},"modified":"2026-09-02T05:44:00","modified_gmt":"2026-09-02T03:44:00","slug":"teli-nyaralas-februarban-tippek","status":"publish","type":"post","link":"https:\/\/loudavymkrokem.cz\/hu\/teli-nyaralas-februarban-tippek\/","title":{"rendered":"Hov\u00e1 utazz febru\u00e1rban 2026: 26 tipp melegre \u00e9s hegyekre"},"content":{"rendered":"\n<!-- lk-tldr -->\n<div class=\"lk-tldr\" style=\"background:#f7f5f0;border-left:4px solid #c39f76;border-radius:0 10px 10px 0;padding:14px 18px;margin:0 0 26px;font-size:15px;line-height:1.65;\"><strong style=\"display:block;font-size:12px;text-transform:uppercase;letter-spacing:.06em;color:#a9885a;margin-bottom:5px;\">TL;DR<\/strong>Febru\u00e1rban Eur\u00f3p\u00e1ban sehol sem f\u00fcr\u00f6dhetsz meg, m\u00e9g a Kan\u00e1ri-szigeteken sem (Tenerif\u00e9n a tenger csak 20,1 \u00b0C). Igazi meleg csak a tr\u00f3pusokon van: <strong>Bali 29,6 \u00b0C, Zanzib\u00e1r 29,5 \u00b0C, a Mald\u00edv-szigetek \u00e9s Thaif\u00f6ld 28,9 \u00b0C<\/strong>. A <strong>Kan\u00e1ri-szigetek \u00e9s Madeira<\/strong> viszont nappal 21 \u00b0C k\u00f6r\u00fcli meleget \u00e9s naps\u00fct\u00e9st k\u00edn\u00e1l, ami Eur\u00f3p\u00e1b\u00f3l febru\u00e1rban m\u00e1shol el\u00e9rhetetlen, <strong>Egyiptom<\/strong> pedig ide\u00e1lis Luxorhoz \u00e9s a piramisokhoz h\u0151s\u00e9g n\u00e9lk\u00fcl. A hegyekben a febru\u00e1r <strong>statisztikailag a legjobb s\u00edel\u0151s h\u00f3nap<\/strong>, csak a tavaszi sz\u00fcnetre figyelj \u2013 Magyarorsz\u00e1gon ez orsz\u00e1gosan egy id\u0151szakra esik, \u00e9s felverheti az \u00e1rakat. R\u00e1ad\u00e1sul ilyenkor cs\u00facsosodnak a karnev\u00e1lok Velenc\u00e9ben \u00e9s Tenerif\u00e9n.<\/div>\n<!-- \/lk-tldr -->\n\n\n\n<!-- lk-navbar -->\n<div class=\"lk-navbar\" style=\"margin:0 0 28px;\"><div style=\"font-size:12px;text-transform:uppercase;letter-spacing:.06em;color:#a9885a;font-weight:700;margin-bottom:9px;\">Gyors linkek<\/div><div style=\"display:flex;flex-wrap:wrap;gap:9px;\"><a href=\"#Hol_van_februarban_a_legmelegebb_nagy_tengertablazat\" style=\"background:#c39f76;color:#fff;border:1px solid #c39f76;font-weight:700;padding:9px 15px;border-radius:22px;font-size:14px;text-decoration:none;display:inline-block;line-height:1;\">\ud83c\udf21\ufe0f Hol van meleg<\/a><a href=\"#Hova_menj_februarban_igazi_melegert_9_tropusi_uticel\" style=\"background:#fff;color:#6b5a44;border:1px solid #e2d6c1;font-weight:600;padding:9px 15px;border-radius:22px;font-size:14px;text-decoration:none;display:inline-block;line-height:1;\">\ud83c\udf34 Tr\u00f3pusok<\/a><a href=\"#Hova_menj_februarban_napert_hosszu_repules_nelkul_6_uticel\" style=\"background:#fff;color:#6b5a44;border:1px solid #e2d6c1;font-weight:600;padding:9px 15px;border-radius:22px;font-size:14px;text-decoration:none;display:inline-block;line-height:1;\">\u2600\ufe0f R\u00f6vid rep\u00fcl\u00e9s<\/a><a href=\"#Hova_menj_februarban_a_hegyekbe_a_legjobb_ho_a_szezonban\" style=\"background:#fff;color:#6b5a44;border:1px solid #e2d6c1;font-weight:600;padding:9px 15px;border-radius:22px;font-size:14px;text-decoration:none;display:inline-block;line-height:1;\">\ud83c\udfbf Hegyek<\/a><a href=\"#Hova_menj_februarban_karnevalra_es_eszaki_telbe\" style=\"background:#fff;color:#6b5a44;border:1px solid #e2d6c1;font-weight:600;padding:9px 15px;border-radius:22px;font-size:14px;text-decoration:none;display:inline-block;line-height:1;\">\ud83c\udfad Karnev\u00e1l \u00e9s \u00e9szak<\/a><a href=\"#Hol_szallj_meg_februarban\" style=\"background:#fff;color:#6b5a44;border:1px solid #e2d6c1;font-weight:600;padding:9px 15px;border-radius:22px;font-size:14px;text-decoration:none;display:inline-block;line-height:1;\">\ud83c\udfe8 Hol sz\u00e1llj meg<\/a><a href=\"#Gyakran_ismetelt_kerdesek\" style=\"background:#fff;color:#6b5a44;border:1px solid #e2d6c1;font-weight:600;padding:9px 15px;border-radius:22px;font-size:14px;text-decoration:none;display:inline-block;line-height:1;\">\u2753 GYIK<\/a><\/div><\/div>\n<!-- \/lk-navbar -->\n\n\n\n<p class=\"wp-block-paragraph\">A febru\u00e1r ugyan a legr\u00f6videbb h\u00f3nap a napt\u00e1rban, de valljuk be, az ablakon t\u00fali s\u00f6t\u00e9ts\u00e9ggel egy\u00fctt tud teljesen v\u00e9gtelennek is t\u0171nni. A kar\u00e1csony r\u00e9g m\u00f6g\u00f6tt\u00fcnk, a v\u00e1rva v\u00e1rt tavaszig m\u00e9g rengeteg id\u0151 van h\u00e1tra, a nap pedig mintha Magyarorsz\u00e1gon nem is l\u00e9tezne. Ugyanakkor pontosan ez az az id\u0151szak, amikor <strong>fill\u00e9rek\u00e9rt lehet repjegyet fogni a meleg tr\u00f3pusokra<\/strong>, az Alpokban ott a legjobb porh\u00f3, az orsz\u00e1g fele pedig a tavaszi sz\u00fcnettel foglalkozik.<\/p>\n\n\n\n<p class=\"wp-block-paragraph\">Ha most \u00e9ppen otthon \u00fclsz a takar\u00f3 alatt, \u00e9s azon gondolkozol, <strong>hov\u00e1 utazz febru\u00e1rban<\/strong>, akkor j\u00f3 h\u00edrem van, mert t\u00e9nyleg rengeteg lehet\u0151s\u00e9ged van. Az emberek \u00e1ltal\u00e1ban k\u00e9t t\u00e1borra oszlanak: az egyik felt\u00e9tlen\u00fcl fel akarja meleg\u00edteni \u00e1tfagyott csontjait, \u00e9s l\u00e1zasan keresi, <strong>hov\u00e1 menjen febru\u00e1rban a tengerhez<\/strong>, m\u00edg a m\u00e1sik ink\u00e1bb felh\u00fazza a s\u00edbakancsot, \u00e9s a kedvenc havas lejt\u0151i fel\u00e9 veszi az ir\u00e1nyt.<\/p>\n\n\n\n<p class=\"wp-block-paragraph\">Ebben a cikkben egyb\u0151l <strong>26 tippet tal\u00e1lsz \u00e1ttekinthet\u0151 kateg\u00f3ri\u00e1kra bontva<\/strong>, \u00edgy megtal\u00e1lja a sz\u00e1m\u00edt\u00e1s\u00e1t a meleg szerelmese, a hegyi rajong\u00f3, a fergeteges karnev\u00e1lok kedvel\u0151je \u00e9s az \u00e9szaki t\u00e9l vad\u00e1sza is. K\u00e9sz\u00edtettem neked egy nagy tengerv\u00edz-h\u0151m\u00e9rs\u00e9klet t\u00e1bl\u00e1zatot, konkr\u00e9t sz\u00e1ll\u00e1stippeket, t\u00e1j\u00e9koztat\u00f3 \u00e1rakat \u00e9s gyakorlati tan\u00e1csokat a tavaszi sz\u00fcnethez. Minden meteorol\u00f3giai adat r\u00e1ad\u00e1sul <strong>t\u00edz\u00e9ves \u00e1tlagokon alapul 2015 \u00e9s 2024 k\u00f6z\u00f6tt<\/strong> a megb\u00edzhat\u00f3 ERA5 reanal\u00edzis szerint, a tengerv\u00edz-h\u0151m\u00e9rs\u00e9kletek pedig egy pontos tengeri modellnek felelnek meg a 2019 \u00e9s 2024 k\u00f6z\u00f6tti \u00e9vekb\u0151l.<\/p>\n\n\n\n<figure data-wp-context=\"{&quot;imageId&quot;:&quot;6a9af0d332e2b&quot;}\" data-wp-interactive=\"core\/image\" data-wp-key=\"6a9af0d332e2b\" class=\"wp-block-image size-full wp-lightbox-container\"><img decoding=\"async\" width=\"1500\" height=\"999\" data-wp-class--hide=\"state.isContentHidden\" data-wp-class--show=\"state.isContentVisible\" data-wp-init=\"callbacks.setButtonStyles\" data-wp-on--click=\"actions.showLightbox\" data-wp-on--load=\"callbacks.setButtonStyles\" data-wp-on--pointerdown=\"actions.preloadImage\" data-wp-on--pointerenter=\"actions.preloadImageWithDelay\" data-wp-on--pointerleave=\"actions.cancelPreload\" data-wp-on-window--resize=\"callbacks.setButtonStyles\" src=\"https:\/\/loudavymkrokem.cz\/wp-content\/uploads\/2026\/08\/kam-na-dovolenou-v-unoru-uvod.jpg\" alt=\"S\u00edel\u00e9s az Alpokban febru\u00e1rban\" class=\"wp-image-400833\" title=\"\" srcset=\"https:\/\/loudavymkrokem.cz\/wp-content\/uploads\/2026\/08\/kam-na-dovolenou-v-unoru-uvod.jpg 1500w, https:\/\/loudavymkrokem.cz\/wp-content\/uploads\/2026\/08\/kam-na-dovolenou-v-unoru-uvod-300x200.jpg 300w, https:\/\/loudavymkrokem.cz\/wp-content\/uploads\/2026\/08\/kam-na-dovolenou-v-unoru-uvod-700x466.jpg 700w, https:\/\/loudavymkrokem.cz\/wp-content\/uploads\/2026\/08\/kam-na-dovolenou-v-unoru-uvod-768x511.jpg 768w, https:\/\/loudavymkrokem.cz\/wp-content\/uploads\/2026\/08\/kam-na-dovolenou-v-unoru-uvod-696x464.jpg 696w, https:\/\/loudavymkrokem.cz\/wp-content\/uploads\/2026\/08\/kam-na-dovolenou-v-unoru-uvod-1392x927.jpg 1392w\" sizes=\"(max-width: 1500px) 100vw, 1500px\" \/><button\n\t\t\tclass=\"lightbox-trigger\"\n\t\t\ttype=\"button\"\n\t\t\taria-haspopup=\"dialog\"\n\t\t\tdata-wp-bind--aria-label=\"state.thisImage.triggerButtonAriaLabel\"\n\t\t\tdata-wp-init=\"callbacks.initTriggerButton\"\n\t\t\tdata-wp-on--click=\"actions.showLightbox\"\n\t\t\tdata-wp-style--right=\"state.thisImage.buttonRight\"\n\t\t\tdata-wp-style--top=\"state.thisImage.buttonTop\"\n\t\t>\n\t\t\t<svg xmlns=\"http:\/\/www.w3.org\/2000\/svg\" width=\"12\" height=\"12\" fill=\"none\" viewBox=\"0 0 12 12\">\n\t\t\t\t<path fill=\"#fff\" d=\"M2 0a2 2 0 0 0-2 2v2h1.5V2a.5.5 0 0 1 .5-.5h2V0H2Zm2 10.5H2a.5.5 0 0 1-.5-.5V8H0v2a2 2 0 0 0 2 2h2v-1.5ZM8 12v-1.5h2a.5.5 0 0 0 .5-.5V8H12v2a2 2 0 0 1-2 2H8Zm2-12a2 2 0 0 1 2 2v2h-1.5V2a.5.5 0 0 0-.5-.5H8V0h2Z\" \/>\n\t\t\t<\/svg>\n\t\t<\/button><figcaption class=\"wp-element-caption\">S\u00edel\u00e9s az Alpokban febru\u00e1rban (Fot\u00f3: Ollie Craig \/ Pexels)<\/figcaption><\/figure>\n\n\n\n<div id=\"ez-toc-container\" class=\"ez-toc-v2_0_87 ez-toc-wrap-left counter-hierarchy ez-toc-counter ez-toc-grey ez-toc-container-direction\">\n<div class=\"ez-toc-title-container\">\n<p class=\"ez-toc-title\" style=\"cursor:inherit\">A cikk tartalma<\/p>\n<span class=\"ez-toc-title-toggle\"><a href=\"#\" class=\"ez-toc-pull-right ez-toc-btn ez-toc-btn-xs ez-toc-btn-default ez-toc-toggle\" aria-label=\"Toggle Table of Content\"><span class=\"ez-toc-js-icon-con\"><span class=\"\"><span class=\"eztoc-hide\" style=\"display:none;\">Toggle<\/span><span class=\"ez-toc-icon-toggle-span\"><svg style=\"fill: #999;color:#999\" xmlns=\"http:\/\/www.w3.org\/2000\/svg\" class=\"list-377408\" width=\"20px\" height=\"20px\" viewBox=\"0 0 24 24\" fill=\"none\"><path d=\"M6 6H4v2h2V6zm14 0H8v2h12V6zM4 11h2v2H4v-2zm16 0H8v2h12v-2zM4 16h2v2H4v-2zm16 0H8v2h12v-2z\" fill=\"currentColor\"><\/path><\/svg><svg style=\"fill: #999;color:#999\" class=\"arrow-unsorted-368013\" xmlns=\"http:\/\/www.w3.org\/2000\/svg\" width=\"10px\" height=\"10px\" viewBox=\"0 0 24 24\" version=\"1.2\" baseProfile=\"tiny\"><path d=\"M18.2 9.3l-6.2-6.3-6.2 6.3c-.2.2-.3.4-.3.7s.1.5.3.7c.2.2.4.3.7.3h11c.3 0 .5-.1.7-.3.2-.2.3-.5.3-.7s-.1-.5-.3-.7zM5.8 14.7l6.2 6.3 6.2-6.3c.2-.2.3-.5.3-.7s-.1-.5-.3-.7c-.2-.2-.4-.3-.7-.3h-11c-.3 0-.5.1-.7.3-.2.2-.3.5-.3.7s.1.5.3.7z\"\/><\/svg><\/span><\/span><\/span><\/a><\/span><\/div>\n<nav><ul class='ez-toc-list ez-toc-list-level-1 ' ><li class='ez-toc-page-1 ez-toc-heading-level-2'><a class=\"ez-toc-link ez-toc-heading-1\" href=\"https:\/\/loudavymkrokem.cz\/hu\/teli-nyaralas-februarban-tippek\/#Osszefoglalas_ha_nem_ersz_ra_az_egesz_cikket_elolvasni\" >\u00d6sszefoglal\u00e1s, ha nem \u00e9rsz r\u00e1 az eg\u00e9sz cikket elolvasni<\/a><\/li><li class='ez-toc-page-1 ez-toc-heading-level-2'><a class=\"ez-toc-link ez-toc-heading-2\" href=\"https:\/\/loudavymkrokem.cz\/hu\/teli-nyaralas-februarban-tippek\/#Miert_erdemes_februarban_utazni_es_mire_szamits\" >Mi\u00e9rt \u00e9rdemes febru\u00e1rban utazni (\u00e9s mire sz\u00e1m\u00edts)<\/a><ul class='ez-toc-list-level-3' ><li class='ez-toc-heading-level-3'><a class=\"ez-toc-link ez-toc-heading-3\" href=\"https:\/\/loudavymkrokem.cz\/hu\/teli-nyaralas-februarban-tippek\/#5_ok_amiert_februarban_erdemes_utazni\" >5 ok, ami\u00e9rt febru\u00e1rban \u00e9rdemes utazni<\/a><\/li><li class='ez-toc-page-1 ez-toc-heading-level-3'><a class=\"ez-toc-link ez-toc-heading-4\" href=\"https:\/\/loudavymkrokem.cz\/hu\/teli-nyaralas-februarban-tippek\/#Mi_nem_mukodik_februarban\" >Mi nem m\u0171k\u00f6dik febru\u00e1rban<\/a><\/li><li class='ez-toc-page-1 ez-toc-heading-level-3'><a class=\"ez-toc-link ez-toc-heading-5\" href=\"https:\/\/loudavymkrokem.cz\/hu\/teli-nyaralas-februarban-tippek\/#A_tavaszi_szunet_es_az_arak\" >A tavaszi sz\u00fcnet \u00e9s az \u00e1rak<\/a><\/li><\/ul><\/li><li class='ez-toc-page-1 ez-toc-heading-level-2'><a class=\"ez-toc-link ez-toc-heading-6\" href=\"https:\/\/loudavymkrokem.cz\/hu\/teli-nyaralas-februarban-tippek\/#Hol_van_februarban_a_legmelegebb_nagy_tengertablazat\" >Hol van febru\u00e1rban a legmelegebb: nagy tengert\u00e1bl\u00e1zat<\/a><ul class='ez-toc-list-level-3' ><li class='ez-toc-heading-level-3'><a class=\"ez-toc-link ez-toc-heading-7\" href=\"https:\/\/loudavymkrokem.cz\/hu\/teli-nyaralas-februarban-tippek\/#Hol_lehet_februarban_furodni\" >Hol lehet febru\u00e1rban f\u00fcr\u00f6dni<\/a><\/li><li class='ez-toc-page-1 ez-toc-heading-level-3'><a class=\"ez-toc-link ez-toc-heading-8\" href=\"https:\/\/loudavymkrokem.cz\/hu\/teli-nyaralas-februarban-tippek\/#Varosok_hegyek_es_eszak_februarban\" >V\u00e1rosok, hegyek \u00e9s \u00e9szak febru\u00e1rban<\/a><\/li><\/ul><\/li><li class='ez-toc-page-1 ez-toc-heading-level-2'><a class=\"ez-toc-link ez-toc-heading-9\" href=\"https:\/\/loudavymkrokem.cz\/hu\/teli-nyaralas-februarban-tippek\/#Hova_menj_februarban_igazi_melegert_9_tropusi_uti_cel\" >Hov\u00e1 menj febru\u00e1rban igazi meleg\u00e9rt: 9 tr\u00f3pusi \u00fati c\u00e9l<\/a><ul class='ez-toc-list-level-3' ><li class='ez-toc-heading-level-3'><a class=\"ez-toc-link ez-toc-heading-10\" href=\"https:\/\/loudavymkrokem.cz\/hu\/teli-nyaralas-februarban-tippek\/#1_Maldiv-szigetek_a_szaraz_evszak_csucsa\" >1. Mald\u00edv-szigetek: a sz\u00e1raz \u00e9vszak cs\u00facsa<\/a><\/li><li class='ez-toc-page-1 ez-toc-heading-level-3'><a class=\"ez-toc-link ez-toc-heading-11\" href=\"https:\/\/loudavymkrokem.cz\/hu\/teli-nyaralas-februarban-tippek\/#2_Thaifold_a_legjobb_honap_az_andamani_oldalon\" >2. Thaif\u00f6ld: a legjobb h\u00f3nap az andam\u00e1ni oldalon<\/a><\/li><li class='ez-toc-page-1 ez-toc-heading-level-3'><a class=\"ez-toc-link ez-toc-heading-12\" href=\"https:\/\/loudavymkrokem.cz\/hu\/teli-nyaralas-februarban-tippek\/#3_Zanzibar_szarazsag_ket_monszun_kozott\" >3. Zanzib\u00e1r: sz\u00e1razs\u00e1g k\u00e9t monszun k\u00f6z\u00f6tt<\/a><\/li><li class='ez-toc-page-1 ez-toc-heading-level-3'><a class=\"ez-toc-link ez-toc-heading-13\" href=\"https:\/\/loudavymkrokem.cz\/hu\/teli-nyaralas-februarban-tippek\/#4_Bali_es_Indonezia\" >4. Bali \u00e9s Indon\u00e9zia<\/a><\/li><li class='ez-toc-page-1 ez-toc-heading-level-3'><a class=\"ez-toc-link ez-toc-heading-14\" href=\"https:\/\/loudavymkrokem.cz\/hu\/teli-nyaralas-februarban-tippek\/#5_Sri_Lanka_a_delnyugat_a_legjobb_formaban\" >5. Sr\u00ed Lanka: a d\u00e9lnyugat a legjobb form\u00e1ban<\/a><\/li><li class='ez-toc-page-1 ez-toc-heading-level-3'><a class=\"ez-toc-link ez-toc-heading-15\" href=\"https:\/\/loudavymkrokem.cz\/hu\/teli-nyaralas-februarban-tippek\/#6_Mauritius_es_a_Seychelle-szigetek\" >6. Mauritius \u00e9s a Seychelle-szigetek<\/a><\/li><li class='ez-toc-page-1 ez-toc-heading-level-3'><a class=\"ez-toc-link ez-toc-heading-16\" href=\"https:\/\/loudavymkrokem.cz\/hu\/teli-nyaralas-februarban-tippek\/#7_Karib-terseg_es_Mexiko_az_ev_legjobb_resze\" >7. Karib-t\u00e9rs\u00e9g \u00e9s Mexik\u00f3: az \u00e9v legjobb r\u00e9sze<\/a><\/li><li class='ez-toc-page-1 ez-toc-heading-level-3'><a class=\"ez-toc-link ez-toc-heading-17\" href=\"https:\/\/loudavymkrokem.cz\/hu\/teli-nyaralas-februarban-tippek\/#8_Vietnam_es_Delkelet-Azsia\" >8. Vietn\u00e1m \u00e9s D\u00e9lkelet-\u00c1zsia<\/a><\/li><li class='ez-toc-page-1 ez-toc-heading-level-3'><a class=\"ez-toc-link ez-toc-heading-18\" href=\"https:\/\/loudavymkrokem.cz\/hu\/teli-nyaralas-februarban-tippek\/#9_Japan_es_Azsia_mas_elmenyert\" >9. Jap\u00e1n \u00e9s \u00c1zsia m\u00e1s \u00e9lm\u00e9ny\u00e9rt<\/a><\/li><\/ul><\/li><li class='ez-toc-page-1 ez-toc-heading-level-2'><a class=\"ez-toc-link ez-toc-heading-19\" href=\"https:\/\/loudavymkrokem.cz\/hu\/teli-nyaralas-februarban-tippek\/#Hova_menj_februarban_napert_hosszu_repules_nelkul_6_uti_cel\" >Hov\u00e1 menj febru\u00e1rban nap\u00e9rt hossz\u00fa rep\u00fcl\u00e9s n\u00e9lk\u00fcl: 6 \u00fati c\u00e9l<\/a><ul class='ez-toc-list-level-3' ><li class='ez-toc-heading-level-3'><a class=\"ez-toc-link ez-toc-heading-20\" href=\"https:\/\/loudavymkrokem.cz\/hu\/teli-nyaralas-februarban-tippek\/#1_Kanari-szigetek_europai_nap_telen\" >1. Kan\u00e1ri-szigetek: eur\u00f3pai nap t\u00e9len<\/a><\/li><li class='ez-toc-page-1 ez-toc-heading-level-3'><a class=\"ez-toc-link ez-toc-heading-21\" href=\"https:\/\/loudavymkrokem.cz\/hu\/teli-nyaralas-februarban-tippek\/#2_Madeira_viragok_es_levadak\" >2. Madeira: vir\u00e1gok \u00e9s levad\u00e1k<\/a><\/li><li class='ez-toc-page-1 ez-toc-heading-level-3'><a class=\"ez-toc-link ez-toc-heading-22\" href=\"https:\/\/loudavymkrokem.cz\/hu\/teli-nyaralas-februarban-tippek\/#3_Egyiptom_meleg_a_szarazfoldon_hidegebb_tenger\" >3. Egyiptom: meleg a sz\u00e1razf\u00f6ld\u00f6n, hidegebb tenger<\/a><\/li><li class='ez-toc-page-1 ez-toc-heading-level-3'><a class=\"ez-toc-link ez-toc-heading-23\" href=\"https:\/\/loudavymkrokem.cz\/hu\/teli-nyaralas-februarban-tippek\/#4_Dubaj_es_az_Egyesult_Arab_Emirsegek\" >4. Dubaj \u00e9s az Egyes\u00fclt Arab Em\u00edrs\u00e9gek<\/a><\/li><li class='ez-toc-page-1 ez-toc-heading-level-3'><a class=\"ez-toc-link ez-toc-heading-24\" href=\"https:\/\/loudavymkrokem.cz\/hu\/teli-nyaralas-februarban-tippek\/#5_Oman_es_Jordania_a_sivatag_idealis_homersekleten\" >5. Om\u00e1n \u00e9s Jord\u00e1nia: a sivatag ide\u00e1lis h\u0151m\u00e9rs\u00e9kleten<\/a><\/li><li class='ez-toc-page-1 ez-toc-heading-level-3'><a class=\"ez-toc-link ez-toc-heading-25\" href=\"https:\/\/loudavymkrokem.cz\/hu\/teli-nyaralas-februarban-tippek\/#6_Marokko_Marrakes_es_a_sivatag\" >6. Marokk\u00f3: Marr\u00e1kes \u00e9s a sivatag<\/a><\/li><\/ul><\/li><li class='ez-toc-page-1 ez-toc-heading-level-2'><a class=\"ez-toc-link ez-toc-heading-26\" href=\"https:\/\/loudavymkrokem.cz\/hu\/teli-nyaralas-februarban-tippek\/#Hova_menj_februarban_a_hegyekbe_a_legjobb_ho_a_szezonban\" >Hov\u00e1 menj febru\u00e1rban a hegyekbe: a legjobb h\u00f3 a szezonban<\/a><ul class='ez-toc-list-level-3' ><li class='ez-toc-heading-level-3'><a class=\"ez-toc-link ez-toc-heading-27\" href=\"https:\/\/loudavymkrokem.cz\/hu\/teli-nyaralas-februarban-tippek\/#1_Osztrak_Alpok_klasszikus_autoval_elerheto_kozelben\" >1. Osztr\u00e1k Alpok: klasszikus aut\u00f3val el\u00e9rhet\u0151 k\u00f6zelben<\/a><\/li><li class='ez-toc-page-1 ez-toc-heading-level-3'><a class=\"ez-toc-link ez-toc-heading-28\" href=\"https:\/\/loudavymkrokem.cz\/hu\/teli-nyaralas-februarban-tippek\/#2_Olaszorszag_es_a_Dolomitok_Dolomiti_Superski\" >2. Olaszorsz\u00e1g \u00e9s a Dolomitok: Dolomiti Superski<\/a><\/li><li class='ez-toc-page-1 ez-toc-heading-level-3'><a class=\"ez-toc-link ez-toc-heading-29\" href=\"https:\/\/loudavymkrokem.cz\/hu\/teli-nyaralas-februarban-tippek\/#3_Magas-Tatra_es_Szlovakia\" >3. Magas-T\u00e1tra \u00e9s Szlov\u00e1kia<\/a><\/li><li class='ez-toc-page-1 ez-toc-heading-level-3'><a class=\"ez-toc-link ez-toc-heading-30\" href=\"https:\/\/loudavymkrokem.cz\/hu\/teli-nyaralas-februarban-tippek\/#4_Svajc_draga_de_mas\" >4. Sv\u00e1jc: dr\u00e1ga, de m\u00e1s<\/a><\/li><li class='ez-toc-page-1 ez-toc-heading-level-3'><a class=\"ez-toc-link ez-toc-heading-31\" href=\"https:\/\/loudavymkrokem.cz\/hu\/teli-nyaralas-februarban-tippek\/#5_Szlovenia_es_a_Juliai-Alpok\" >5. Szlov\u00e9nia \u00e9s a J\u00faliai-Alpok<\/a><\/li><li class='ez-toc-page-1 ez-toc-heading-level-3'><a class=\"ez-toc-link ez-toc-heading-32\" href=\"https:\/\/loudavymkrokem.cz\/hu\/teli-nyaralas-februarban-tippek\/#6_Magyarorszag_es_Lengyelorszag_a_legolcsobb_valtozat\" >6. Magyarorsz\u00e1g \u00e9s Lengyelorsz\u00e1g: a legolcs\u00f3bb v\u00e1ltozat<\/a><\/li><\/ul><\/li><li class='ez-toc-page-1 ez-toc-heading-level-2'><a class=\"ez-toc-link ez-toc-heading-33\" href=\"https:\/\/loudavymkrokem.cz\/hu\/teli-nyaralas-februarban-tippek\/#Hova_menj_februarban_karnevalra_es_eszaki_telbe\" >Hov\u00e1 menj febru\u00e1rban karnev\u00e1lra \u00e9s \u00e9szaki t\u00e9lbe<\/a><ul class='ez-toc-list-level-3' ><li class='ez-toc-heading-level-3'><a class=\"ez-toc-link ez-toc-heading-34\" href=\"https:\/\/loudavymkrokem.cz\/hu\/teli-nyaralas-februarban-tippek\/#1_Velencei_karneval\" >1. Velencei karnev\u00e1l<\/a><\/li><li class='ez-toc-page-1 ez-toc-heading-level-3'><a class=\"ez-toc-link ez-toc-heading-35\" href=\"https:\/\/loudavymkrokem.cz\/hu\/teli-nyaralas-februarban-tippek\/#2_Karneval_Tenerifen\" >2. Karnev\u00e1l Tenerif\u00e9n<\/a><\/li><li class='ez-toc-page-1 ez-toc-heading-level-3'><a class=\"ez-toc-link ez-toc-heading-36\" href=\"https:\/\/loudavymkrokem.cz\/hu\/teli-nyaralas-februarban-tippek\/#3_Lappfold_es_Finnorszag_husky_ren_es_sarki_feny\" >3. Lappf\u00f6ld \u00e9s Finnorsz\u00e1g: husky, r\u00e9n \u00e9s sarki f\u00e9ny<\/a><\/li><li class='ez-toc-page-1 ez-toc-heading-level-3'><a class=\"ez-toc-link ez-toc-heading-37\" href=\"https:\/\/loudavymkrokem.cz\/hu\/teli-nyaralas-februarban-tippek\/#4_Izland_es_Norvegia\" >4. Izland \u00e9s Norv\u00e9gia<\/a><\/li><li class='ez-toc-page-1 ez-toc-heading-level-3'><a class=\"ez-toc-link ez-toc-heading-38\" href=\"https:\/\/loudavymkrokem.cz\/hu\/teli-nyaralas-februarban-tippek\/#5_Svedorszag_es_Lappfold_eszakon\" >5. Sv\u00e9dorsz\u00e1g \u00e9s Lappf\u00f6ld \u00e9szakon<\/a><\/li><\/ul><\/li><li class='ez-toc-page-1 ez-toc-heading-level-2'><a class=\"ez-toc-link ez-toc-heading-39\" href=\"https:\/\/loudavymkrokem.cz\/hu\/teli-nyaralas-februarban-tippek\/#Hova_menj_februarban_varosba_es_wellnessre\" >Hov\u00e1 menj febru\u00e1rban v\u00e1rosba \u00e9s wellnessre<\/a><ul class='ez-toc-list-level-3' ><li class='ez-toc-heading-level-3'><a class=\"ez-toc-link ez-toc-heading-40\" href=\"https:\/\/loudavymkrokem.cz\/hu\/teli-nyaralas-februarban-tippek\/#Europai_varosok_az_ev_legolcsobb_idoszakaban\" >Eur\u00f3pai v\u00e1rosok az \u00e9v legolcs\u00f3bb id\u0151szak\u00e1ban<\/a><\/li><li class='ez-toc-page-1 ez-toc-heading-level-3'><a class=\"ez-toc-link ez-toc-heading-41\" href=\"https:\/\/loudavymkrokem.cz\/hu\/teli-nyaralas-februarban-tippek\/#Termalfurdok_es_wellness_a_legjobb_februari_klasszikus\" >Term\u00e1lf\u00fcrd\u0151k \u00e9s wellness: a legjobb febru\u00e1ri klasszikus<\/a><\/li><\/ul><\/li><li class='ez-toc-page-1 ez-toc-heading-level-2'><a class=\"ez-toc-link ez-toc-heading-42\" href=\"https:\/\/loudavymkrokem.cz\/hu\/teli-nyaralas-februarban-tippek\/#Hol_szallj_meg_februarban\" >Hol sz\u00e1llj meg febru\u00e1rban<\/a><ul class='ez-toc-list-level-3' ><li class='ez-toc-heading-level-3'><a class=\"ez-toc-link ez-toc-heading-43\" href=\"https:\/\/loudavymkrokem.cz\/hu\/teli-nyaralas-februarban-tippek\/#Tropusok_es_a_meleg_biztonsaga\" >Tr\u00f3pusok \u00e9s a meleg biztons\u00e1ga<\/a><\/li><li class='ez-toc-page-1 ez-toc-heading-level-3'><a class=\"ez-toc-link ez-toc-heading-44\" href=\"https:\/\/loudavymkrokem.cz\/hu\/teli-nyaralas-februarban-tippek\/#Nap_hosszu_repules_nelkul\" >Nap hossz\u00fa rep\u00fcl\u00e9s n\u00e9lk\u00fcl<\/a><\/li><li class='ez-toc-page-1 ez-toc-heading-level-3'><a class=\"ez-toc-link ez-toc-heading-45\" href=\"https:\/\/loudavymkrokem.cz\/hu\/teli-nyaralas-februarban-tippek\/#Hegyek_es_wellness\" >Hegyek \u00e9s wellness<\/a><\/li><\/ul><\/li><li class='ez-toc-page-1 ez-toc-heading-level-2'><a class=\"ez-toc-link ez-toc-heading-46\" href=\"https:\/\/loudavymkrokem.cz\/hu\/teli-nyaralas-februarban-tippek\/#Mennyibe_kerul_a_februari_nyaralas_es_mikor_foglalj\" >Mennyibe ker\u00fcl a febru\u00e1ri nyaral\u00e1s \u00e9s mikor foglalj<\/a><ul class='ez-toc-list-level-3' ><li class='ez-toc-heading-level-3'><a class=\"ez-toc-link ez-toc-heading-47\" href=\"https:\/\/loudavymkrokem.cz\/hu\/teli-nyaralas-februarban-tippek\/#Min_lehet_februarban_sporolni\" >Min lehet febru\u00e1rban sp\u00f3rolni<\/a><\/li><\/ul><\/li><li class='ez-toc-page-1 ez-toc-heading-level-2'><a class=\"ez-toc-link ez-toc-heading-48\" href=\"https:\/\/loudavymkrokem.cz\/hu\/teli-nyaralas-februarban-tippek\/#Mire_figyelj_februarban_7_kockazat\" >Mire figyelj febru\u00e1rban: 7 kock\u00e1zat<\/a><\/li><li class='ez-toc-page-1 ez-toc-heading-level-2'><a class=\"ez-toc-link ez-toc-heading-49\" href=\"https:\/\/loudavymkrokem.cz\/hu\/teli-nyaralas-februarban-tippek\/#Februar_januar_vagy_marcius_Rovid_osszehasonlitas\" >Febru\u00e1r, janu\u00e1r vagy m\u00e1rcius? R\u00f6vid \u00f6sszehasonl\u00edt\u00e1s<\/a><ul class='ez-toc-list-level-3' ><li class='ez-toc-heading-level-3'><a class=\"ez-toc-link ez-toc-heading-50\" href=\"https:\/\/loudavymkrokem.cz\/hu\/teli-nyaralas-februarban-tippek\/#Januar\" >Janu\u00e1r<\/a><\/li><li class='ez-toc-page-1 ez-toc-heading-level-3'><a class=\"ez-toc-link ez-toc-heading-51\" href=\"https:\/\/loudavymkrokem.cz\/hu\/teli-nyaralas-februarban-tippek\/#Februar\" >Febru\u00e1r<\/a><\/li><li class='ez-toc-page-1 ez-toc-heading-level-3'><a class=\"ez-toc-link ez-toc-heading-52\" href=\"https:\/\/loudavymkrokem.cz\/hu\/teli-nyaralas-februarban-tippek\/#Marcius\" >M\u00e1rcius<\/a><\/li><\/ul><\/li><li class='ez-toc-page-1 ez-toc-heading-level-2'><a class=\"ez-toc-link ez-toc-heading-53\" href=\"https:\/\/loudavymkrokem.cz\/hu\/teli-nyaralas-februarban-tippek\/#Mit_csomagolj_a_februari_nyaralasra\" >Mit csomagolj a febru\u00e1ri nyaral\u00e1sra<\/a><\/li><li class='ez-toc-page-1 ez-toc-heading-level-2'><a class=\"ez-toc-link ez-toc-heading-54\" href=\"https:\/\/loudavymkrokem.cz\/hu\/teli-nyaralas-februarban-tippek\/#Hova_tovabb_tovabbi_tippek_a_teli_utazashoz\" >Hov\u00e1 tov\u00e1bb: tov\u00e1bbi tippek a t\u00e9li utaz\u00e1shoz<\/a><\/li><li class='ez-toc-page-1 ez-toc-heading-level-2'><a class=\"ez-toc-link ez-toc-heading-55\" href=\"https:\/\/loudavymkrokem.cz\/hu\/teli-nyaralas-februarban-tippek\/#Gyakran_ismetelt_kerdesek\" >Gyakran ism\u00e9telt k\u00e9rd\u00e9sek<\/a><ul class='ez-toc-list-level-3' ><li class='ez-toc-heading-level-3'><a class=\"ez-toc-link ez-toc-heading-56\" href=\"https:\/\/loudavymkrokem.cz\/hu\/teli-nyaralas-februarban-tippek\/#Hol_a_legmelegebb_februarban\" >Hol a legmelegebb febru\u00e1rban?<\/a><\/li><li class='ez-toc-page-1 ez-toc-heading-level-3'><a class=\"ez-toc-link ez-toc-heading-57\" href=\"https:\/\/loudavymkrokem.cz\/hu\/teli-nyaralas-februarban-tippek\/#Lehet_februarban_valahol_Europaban_furdeni\" >Lehet febru\u00e1rban valahol Eur\u00f3p\u00e1ban f\u00fcrdeni?<\/a><\/li><li class='ez-toc-page-1 ez-toc-heading-level-3'><a class=\"ez-toc-link ez-toc-heading-58\" href=\"https:\/\/loudavymkrokem.cz\/hu\/teli-nyaralas-februarban-tippek\/#Hova_erdemes_februarban_olcson_tengerpartra_menni\" >Hova \u00e9rdemes febru\u00e1rban olcs\u00f3n tengerpartra menni?<\/a><\/li><li class='ez-toc-page-1 ez-toc-heading-level-3'><a class=\"ez-toc-link ez-toc-heading-59\" href=\"https:\/\/loudavymkrokem.cz\/hu\/teli-nyaralas-februarban-tippek\/#Hova_erdemes_tavaszi_szunetre_menni\" >Hova \u00e9rdemes tavaszi sz\u00fcnetre menni?<\/a><\/li><li class='ez-toc-page-1 ez-toc-heading-level-3'><a class=\"ez-toc-link ez-toc-heading-60\" href=\"https:\/\/loudavymkrokem.cz\/hu\/teli-nyaralas-februarban-tippek\/#Mikor_van_tavaszi_szunet\" >Mikor van tavaszi sz\u00fcnet?<\/a><\/li><li class='ez-toc-page-1 ez-toc-heading-level-3'><a class=\"ez-toc-link ez-toc-heading-61\" href=\"https:\/\/loudavymkrokem.cz\/hu\/teli-nyaralas-februarban-tippek\/#Jo_februarban_sielni\" >J\u00f3 febru\u00e1rban s\u00edelni?<\/a><\/li><li class='ez-toc-page-1 ez-toc-heading-level-3'><a class=\"ez-toc-link ez-toc-heading-62\" href=\"https:\/\/loudavymkrokem.cz\/hu\/teli-nyaralas-februarban-tippek\/#Hova_erdemes_februarban_karnevalra_menni\" >Hova \u00e9rdemes febru\u00e1rban karnev\u00e1lra menni?<\/a><\/li><li class='ez-toc-page-1 ez-toc-heading-level-3'><a class=\"ez-toc-link ez-toc-heading-63\" href=\"https:\/\/loudavymkrokem.cz\/hu\/teli-nyaralas-februarban-tippek\/#Jo_februarban_sarki_fenyt_latni\" >J\u00f3 febru\u00e1rban sarki f\u00e9nyt l\u00e1tni?<\/a><\/li><li class='ez-toc-page-1 ez-toc-heading-level-3'><a class=\"ez-toc-link ez-toc-heading-64\" href=\"https:\/\/loudavymkrokem.cz\/hu\/teli-nyaralas-februarban-tippek\/#Kell_a_hegyekhez_kulon_biztositas\" >Kell a hegyekhez k\u00fcl\u00f6n biztos\u00edt\u00e1s?<\/a><\/li><\/ul><\/li><\/ul><\/nav><\/div>\n<h2 class=\"wp-block-heading\" id=\"Osszefoglalas\"><span class=\"ez-toc-section\" id=\"Osszefoglalas_ha_nem_ersz_ra_az_egesz_cikket_elolvasni\"><\/span>\u00d6sszefoglal\u00e1s, ha nem \u00e9rsz r\u00e1 az eg\u00e9sz cikket elolvasni<span class=\"ez-toc-section-end\"><\/span><\/h2>\n\n\n\n<ul class=\"wp-block-list\">\n\n<li><strong>Eur\u00f3p\u00e1ban febru\u00e1rban sehol sem f\u00fcr\u00f6dhetsz meg<\/strong>, m\u00e9g a n\u00e9pszer\u0171 Kan\u00e1ri-szigeteken sem (Tenerif\u00e9n p\u00e9ld\u00e1ul a v\u00edz mind\u00f6ssze 20,1 \u00b0C).<\/li>\n\n\n\n<li>Igazi <strong>meleg csak a tr\u00f3pusokon van<\/strong>, ide tartozik Bali 29,6 \u00b0C-kal, Zanzib\u00e1r 29,5 \u00b0C-kal, a Mald\u00edv-szigetek 28,9 \u00b0C-kal, Thaif\u00f6ld 28,9 \u00b0C-kal \u00e9s Mauritius 28,0 \u00b0C-kal.<\/li>\n\n\n\n<li>A <strong>Kan\u00e1ri-szigetek \u00e9s Madeira<\/strong> nappal nagyon kellemes 21 \u00b0C-ot k\u00edn\u00e1l, ami t\u00f6k\u00e9letes felt\u00e9teleket jelent t\u00far\u00e1z\u00e1shoz \u00e9s eg\u00e9sz napos term\u00e9szetj\u00e1r\u00e1shoz.<\/li>\n\n\n\n<li><strong>Egyiptom<\/strong> ugyan 23\u201325 \u00b0C-ra felmelegedett leveg\u0151t \u00edg\u00e9r, de maga a tenger csak 21\u201323 \u00b0C, \u00edgy a legt\u00f6bb turista ink\u00e1bb a f\u0171t\u00f6tt hotelmedenc\u00e9kbe mer\u00fcl.<\/li>\n\n\n\n<li>A <strong>tavaszi sz\u00fcnet Magyarorsz\u00e1gon<\/strong> egys\u00e9gesen egy h\u00e9ten van, \u00edgy \u00e9rdemes id\u0151ben lefoglalni a sz\u00e1ll\u00e1st a legjobb \u00e1rak\u00e9rt.<\/li>\n\n\n\n<li>A havas <strong>Alpokban \u00e9s a T\u00e1tr\u00e1ban<\/strong> a febru\u00e1r az eg\u00e9sz t\u00e9li szezon legjobb s\u00edel\u0151s h\u00f3napja.<\/li>\n\n\n\n<li>\u00c9ppen febru\u00e1rban <strong>cs\u00facsosodnak a h\u00edres karnev\u00e1lok<\/strong>, a legismertebbeket \u00e9s legpomp\u00e1sabbakat az olasz Velenc\u00e9ben \u00e9s a spanyol Tenerif\u00e9n tal\u00e1lod.<\/li>\n\n\n\n<li>A t\u00e1voli <strong>\u00e9szakon m\u00e9g mindig remek a szezon<\/strong>, amely a var\u00e1zslatos sarki f\u00e9nnyel \u00e9s rengeteg tipikus t\u00e9li \u00f6r\u00f6mmel cs\u00e1b\u00edt.<\/li>\n\n\n<\/ul>\n\n\n\n<h2 class=\"wp-block-heading\" id=\"Miert_erdemes_februarban_utazni_es_mire_szamits\"><span class=\"ez-toc-section\" id=\"Miert_erdemes_februarban_utazni_es_mire_szamits\"><\/span>Mi\u00e9rt \u00e9rdemes febru\u00e1rban utazni (\u00e9s mire sz\u00e1m\u00edts)<span class=\"ez-toc-section-end\"><\/span><\/h2>\n\n\n\n<p class=\"wp-block-paragraph\">Elutazni valahov\u00e1 a t\u00e9l kell\u0151s k\u00f6zep\u00e9n \u00f3ri\u00e1si var\u00e1zzsal b\u00edr, m\u00e9g ha kicsit t\u00f6bb tervez\u00e9st is ig\u00e9nyel, mint egy sima ny\u00e1ri nyaral\u00e1s. A <strong>febru\u00e1r az \u00f3ri\u00e1si sz\u00e9ls\u0151s\u00e9gek h\u00f3napja<\/strong>, mert m\u00edg valahol csontig hatol\u00f3 fagy uralkodik, m\u00e1shol az emberek a strandon s\u00fclnek, \u00edgy pontosan azt v\u00e1laszthatod, amire a tested \u00e9s a lelked \u00e9ppen v\u00e1gyik. N\u00e9zz\u00fck meg egy\u00fctt a f\u0151 okokat, ami\u00e9rt \u00e9ppen most \u00e9rdemes \u00f6sszepakolni, \u00e9s azokat a buktat\u00f3kat is, amelyekre a foglal\u00e1sokn\u00e1l nagyon oda kell figyelned.<\/p>\n\n\n\n<h3 class=\"wp-block-heading\" id=\"5_ok_amiert_februarban_erdemes_utazni\"><span class=\"ez-toc-section\" id=\"5_ok_amiert_februarban_erdemes_utazni\"><\/span>5 ok, ami\u00e9rt febru\u00e1rban \u00e9rdemes utazni<span class=\"ez-toc-section-end\"><\/span><\/h3>\n\n\n\n<p class=\"wp-block-paragraph\"><strong>A legolcs\u00f3bb tr\u00f3pusok tavasz el\u0151tt.<\/strong> M\u00edg kar\u00e1csonykor csillag\u00e1szati magass\u00e1gokba sz\u00f6knek az egzotikus repjegyek \u00e1rai, febru\u00e1rban t\u00e9nyleg <strong>sz\u00e9p repjegyeket lehet fogni a t\u00f6red\u00e9k\u00e9\u00e9rt<\/strong>. A l\u00e9git\u00e1rsas\u00e1gok ugyanis igyekeznek megt\u00f6lteni a g\u00e9peket a f\u0151 tavaszi szezon el\u0151tt, \u00edgy ha rugalmas az id\u0151pontod, sok p\u00e9nzt sp\u00f3rolhatsz, \u00e9s viszonylag olcs\u00f3n \u00e9lvezheted a luxusstrandokat.<\/p>\n\n\n\n<p class=\"wp-block-paragraph\"><strong>A szezon legjobb hava.<\/strong> Ha szereted a s\u00edel\u00e9st \u00e9s a t\u00e9li sportokat, febru\u00e1rban van az eur\u00f3pai hegyeknek a <strong>legjobb h\u00f3viszonya<\/strong>. A h\u00f3takar\u00f3 m\u00e1r el\u00e9g vastag, a napok lassacsk\u00e1n hosszabbodni kezdenek, \u00e9s sokkal nagyobb az es\u00e9lye az az\u00fark\u00e9k \u00e9gnek a p\u00e1ly\u00e1n, mint a borong\u00f3s decemberben.<\/p>\n\n\n\n<p class=\"wp-block-paragraph\"><strong>A tavaszi sz\u00fcnet mint k\u00e9sz ablak a csal\u00e1doknak.<\/strong> Az iskol\u00e1s gyerekek sz\u00fclei ezt nagyon j\u00f3l ismerik, mert \u00e9ppen a febru\u00e1r k\u00edn\u00e1l <strong>ide\u00e1lis alkalmat arra, hogy kimozdulj a hat\u00e1ron t\u00falra a hi\u00e1nyz\u00e1sok igazolgat\u00e1sa n\u00e9lk\u00fcl<\/strong>. Egy eg\u00e9sz h\u00e9t szabads\u00e1g egyszer\u0171en arra cs\u00e1b\u00edt, hogy \u00f6sszepakold a b\u0151r\u00f6nd\u00f6t, \u00e9s a csal\u00e1ddal egy rendes kir\u00e1ndul\u00e1sra indulj a h\u00f3 vagy a nap ut\u00e1n.<\/p>\n\n\n\n<p class=\"wp-block-paragraph\"><strong>Sz\u00ednes \u00e9s vad karnev\u00e1lok.<\/strong> A febru\u00e1r vil\u00e1gszerte a <strong>pomp\u00e1s utcai \u00fcnneps\u00e9gek h\u00f3napjak\u00e9nt<\/strong> ismert, amelyeknek t\u00f6bb sz\u00e1z \u00e9ves hagyom\u00e1nya van. Az utaz\u00f3k a f\u00f3rumokon \u00e1radoznak az \u00f3ri\u00e1si energi\u00e1r\u00f3l, a gy\u00f6ny\u00f6r\u0171 maszkokr\u00f3l \u00e9s a minden\u00fctt jelenl\u00e9v\u0151 zen\u00e9r\u0151l, amely megb\u00edzhat\u00f3an el\u0171z minden t\u00e9li b\u00fab\u00e1natot.<\/p>\n\n\n\n<p class=\"wp-block-paragraph\"><strong>Tiszt\u00e1n pszichol\u00f3giai megk\u00f6nnyebb\u00fcl\u00e9s.<\/strong> Tal\u00e1n ez a legfontosabb pont, mert a febru\u00e1ri nap \u00e9s a D-vitamin-adag ut\u00e1n <strong>a t\u00e9l h\u00e1tral\u00e9v\u0151 r\u00e9sze eg\u00e9szen m\u00e1sk\u00e9pp viselhet\u0151 el<\/strong>. El\u00e9g elutazni ak\u00e1r csak egy egyszer\u0171 hossz\u00fa h\u00e9tv\u00e9g\u00e9re valahov\u00e1, ahol k\u00e9k az \u00e9g, \u00e9s m\u00e1ris annyi energi\u00e1d lesz, hogy nyugodtan \u00e1tv\u00e9szeld a m\u00e1rciust \u00e9s megv\u00e1rd az igazi tavaszt. \u263a\ufe0f<\/p>\n\n\n\n<h3 class=\"wp-block-heading\" id=\"Mi_nem_mukodik_februarban\"><span class=\"ez-toc-section\" id=\"Mi_nem_mukodik_februarban\"><\/span>Mi nem m\u0171k\u00f6dik febru\u00e1rban<span class=\"ez-toc-section-end\"><\/span><\/h3>\n\n\n\n<p class=\"wp-block-paragraph\">B\u00e1r remek h\u00f3nap az utaz\u00e1sra, nem mindenhol fogadnak ide\u00e1lis k\u00f6r\u00fclm\u00e9nyek, \u00e9s mindig j\u00f3 re\u00e1lis elv\u00e1r\u00e1sokkal indulni. Sok turista \u00e9s helyi tapasztalata alapj\u00e1n <strong>n\u00e9h\u00e1ny \u00fati c\u00e9lt \u00e9s \u00f6tletet ink\u00e1bb ker\u00fclj el<\/strong>, hogy ne csal\u00f3dj feleslegesen az \u00e1tf\u00e1zott est\u00e9kben vagy a z\u00e1rt \u00e9ttermekben.<\/p>\n\n\n\n<ul class=\"wp-block-list\">\n\n<li><strong>F\u00fcrd\u00e9s b\u00e1rhol Eur\u00f3p\u00e1ban, a Kan\u00e1ri-szigeteket is bele\u00e9rtve.<\/strong> A v\u00edz j\u00e9ghideg, \u00e9s ha nem vagy edzett hidegt\u0171r\u0151, egyszer\u0171en nem lesz kedved bemenni a tengerbe.<\/li>\n\n\n\n<li><strong>A F\u00f6ldk\u00f6zi-tenger z\u00e1rva van \u00e9s hideg.<\/strong> A g\u00f6r\u00f6g vagy olasz \u00fcd\u00fcl\u0151helyek turistainfrastrukt\u00far\u00e1ja m\u00e9ly t\u00e9li \u00e1lmot alszik, \u00e9s az es\u0151n k\u00edv\u00fcl f\u0151leg z\u00e1rt zsalug\u00e1terek v\u00e1rnak.<\/li>\n\n\n\n<li><strong>A t\u00e1voli j\u00e1ratok dr\u00e1g\u00e1k a tavaszi sz\u00fcnet k\u00f6r\u00fcl.<\/strong> Ha pont a kiemelt id\u0151pontokba tenyerelsz, az egzotikus repjegyek kellemetlen\u00fcl t\u00fal\u00e1razottak lehetnek.<\/li>\n\n\n\n<li><strong>A Karib-t\u00e9rs\u00e9gben \u00e9s \u00c1zsi\u00e1ban a szezon cs\u00facsa van, ezzel az \u00e1rak\u00e9 is.<\/strong> Ezeken a helyeken az eg\u00e9sz \u00e9v legjobb id\u0151j\u00e1r\u00e1sa uralkodik, ami logikusan azt jelenti, hogy a hotelek\u00e9rt \u00e9s szolg\u00e1ltat\u00e1sok\u00e9rt maxim\u00e1lis \u00f6sszegeket fizetsz.<\/li>\n\n\n\n<li><strong>Az Alpokban a tavaszi sz\u00fcnet h\u00e9tv\u00e9g\u00e9in zs\u00fafoltak a p\u00e1ly\u00e1k.<\/strong> A lejt\u0151k repednek a t\u00f6megt\u0151l, a felvon\u00f3kn\u00e1l hossz\u00fa sorok \u00e1llnak, a sz\u00e1ll\u00e1st pedig t\u00e9nyleg hossz\u00fa h\u00f3napokkal el\u0151re kell int\u00e9zned.<\/li>\n\n\n<\/ul>\n\n\n\n<h3 class=\"wp-block-heading\" id=\"A_tavaszi_szunet_es_az_arak\"><span class=\"ez-toc-section\" id=\"A_tavaszi_szunet_es_az_arak\"><\/span>A tavaszi sz\u00fcnet \u00e9s az \u00e1rak<span class=\"ez-toc-section-end\"><\/span><\/h3>\n\n\n\n<p class=\"wp-block-paragraph\">Magyarorsz\u00e1gon a tavaszi sz\u00fcnet orsz\u00e1gosan ugyanarra a h\u00e9tre esik, ami sajnos azt jelenti, hogy a kereslet \u00e9s vele az \u00e1rak is egyszerre l\u0151nek ki. \u00c9ppen ez\u00e9rt nagyon sokat sz\u00e1m\u00edt, hogy a foglalt id\u0151pontod \u00e9ppen ebbe a h\u00e9tbe esik-e, vagy siker\u00fcl-e kicsit \u00fcgyeskedned vele.<\/p>\n\n\n\n<p class=\"wp-block-paragraph\">Ha nem vagy k\u00f6tve a gyerekeid iskolai sz\u00fcnet\u00e9hez, mindenk\u00e9pp \u00e9rdemes egy h\u00e9ttel eltolni az utaz\u00e1st, mert a hegyekben \u00e9s a tengerparti \u00fcd\u00fcl\u0151helyeken is jelent\u0151sen sp\u00f3rolhatsz vele. Mindig javaslom, hogy n\u00e9zd meg a napt\u00e1rat, \u00e9s ellen\u0151rizd az aktu\u00e1lis d\u00e1tumokat, mert a sz\u00fcnet id\u0151pontja \u00e9vr\u0151l \u00e9vre v\u00e1ltozhat. \u00cdgy k\u00f6nnyen megtervezheted a nyaral\u00e1st pontosan arra az id\u0151szakra, amikor kicsit \u00fcresebbek lesznek a p\u00e1ly\u00e1k.<\/p>\n\n\n\n<h2 class=\"wp-block-heading\" id=\"Hol_van_februarban_a_legmelegebb_nagy_tengertablazat\"><span class=\"ez-toc-section\" id=\"Hol_van_februarban_a_legmelegebb_nagy_tengertablazat\"><\/span>Hol van febru\u00e1rban a legmelegebb: nagy tengert\u00e1bl\u00e1zat<span class=\"ez-toc-section-end\"><\/span><\/h2>\n\n\n\n<p class=\"wp-block-paragraph\">Az ide\u00e1lis t\u00e9li \u00fati c\u00e9l keres\u00e9sekor az emberek gyakran k\u00e9rdezik, hol tal\u00e1lj\u00e1k meg pontosan azt a k\u00e9pzeletbeli hat\u00e1rt, amelyen t\u00fal m\u00e1r t\u00e9nyleg j\u00f3 lesz nekik. Febru\u00e1rban ugyanis a <strong>f\u00fcrd\u00e9s \u00e9s nem f\u00fcrd\u00e9s k\u00f6z\u00f6tti hat\u00e1r \u00e9lesebb, mint valaha<\/strong>, \u00e9s itt nincs kompromisszum, mert vagy messze rep\u00fclsz a tr\u00f3pusokra, vagy egyszer\u0171en nem fogsz f\u00fcr\u00f6dni. Ha sp\u00f3rolni pr\u00f3b\u00e1lsz, \u00e9s abban rem\u00e9nykedsz, hogy D\u00e9l-Eur\u00f3p\u00e1ban v\u00e1ratlanul meglep egy ny\u00e1ri h\u0151hull\u00e1m, val\u00f3sz\u00edn\u0171leg nagyon csal\u00f3dni fogsz.<\/p>\n\n\n\n<p class=\"wp-block-paragraph\">A jobb elk\u00e9pzel\u00e9shez k\u00e9sz\u00edtettem egy r\u00e9szletes \u00e1ttekint\u00e9st, amely <strong>a legmelegebb tengert\u0151l kezdve van rendezve<\/strong>, hogy els\u0151 pillant\u00e1sra l\u00e1sd, hova \u00e9ri meg repjegyet venni. Minden felt\u00fcntetett adat az ERA5 reanal\u00edzis pontos t\u00edz\u00e9ves \u00e1tlagain \u00e9s a 2019\u20132024-es tengeri modellen alapul, teh\u00e1t megb\u00edzhat\u00f3 sz\u00e1mokr\u00f3l van sz\u00f3, nem az utaz\u00e1si irod\u00e1k marketing\u00edg\u00e9reteir\u0151l.<\/p>\n\n\n\n<figure class=\"wp-block-table is-style-stripes\" style=\"overflow-x:auto\"><table><thead><tr><th>\u00dati c\u00e9l<\/th><th>Tenger h\u0151m.<\/th><th>Leveg\u0151 nappal<\/th><th>\u00c9jszaka<\/th><th>Csapad\u00e9kos napok<\/th><\/tr><\/thead><tbody><tr><td><strong>Bali<\/strong><br><span style=\"font-size:13px;color:#8a7a63\">Indon\u00e9zia<\/span><\/td><td>29,6 \u00b0C<\/td><td>28,8 \u00b0C<\/td><td>24,2 \u00b0C<\/td><td>26,4 \/ 30<\/td><\/tr><tr><td><strong>Zanzib\u00e1r<\/strong><br><span style=\"font-size:13px;color:#8a7a63\">Tanz\u00e1nia<\/span><\/td><td>29,5 \u00b0C<\/td><td>32,0 \u00b0C<\/td><td>26,0 \u00b0C<\/td><td>11,1 \/ 30<\/td><\/tr><tr><td><strong>Mald\u00edv-szigetek<\/strong><br><span style=\"font-size:13px;color:#8a7a63\">Mald\u00edv-szigetek<\/span><\/td><td>28,9 \u00b0C<\/td><td>28,1 \u00b0C<\/td><td>26,8 \u00b0C<\/td><td>8,0 \/ 30<\/td><\/tr><tr><td><strong>Ko Samui (Thaif\u00f6ld)<\/strong><br><span style=\"font-size:13px;color:#8a7a63\">Thaif\u00f6ld<\/span><\/td><td>28,9 \u00b0C<\/td><td>28,5 \u00b0C<\/td><td>24,8 \u00b0C<\/td><td>12,0 \/ 30<\/td><\/tr><tr><td><strong>Mauritius<\/strong><br><span style=\"font-size:13px;color:#8a7a63\">Mauritius<\/span><\/td><td>28,0 \u00b0C<\/td><td>29,5 \u00b0C<\/td><td>24,7 \u00b0C<\/td><td>21,5 \/ 30<\/td><\/tr><tr><td><strong>Trincomalee (Sr\u00ed Lanka)<\/strong><br><span style=\"font-size:13px;color:#8a7a63\">Sr\u00ed Lanka<\/span><\/td><td>27,8 \u00b0C<\/td><td>28,4 \u00b0C<\/td><td>24,3 \u00b0C<\/td><td>12,4 \/ 30<\/td><\/tr><tr><td><strong>Canc\u00fan<\/strong><br><span style=\"font-size:13px;color:#8a7a63\">Mexik\u00f3<\/span><\/td><td>26,7 \u00b0C<\/td><td>26,8 \u00b0C<\/td><td>22,4 \u00b0C<\/td><td>10,7 \/ 30<\/td><\/tr><tr><td><strong>Maszkat<\/strong><br><span style=\"font-size:13px;color:#8a7a63\">Om\u00e1n<\/span><\/td><td>24,0 \u00b0C<\/td><td>25,9 \u00b0C<\/td><td>18,4 \u00b0C<\/td><td>1,2 \/ 30<\/td><\/tr><tr><td><strong>Boa Vista<\/strong><br><span style=\"font-size:13px;color:#8a7a63\">Z\u00f6ld-foki-szigetek<\/span><\/td><td>23,4 \u00b0C<\/td><td>25,9 \u00b0C<\/td><td>18,7 \u00b0C<\/td><td>1,2 \/ 30<\/td><\/tr><tr><td><strong>Sarm-es-Sejk<\/strong><br><span style=\"font-size:13px;color:#8a7a63\">Egyiptom<\/span><\/td><td>22,9 \u00b0C<\/td><td>23,6 \u00b0C<\/td><td>13,7 \u00b0C<\/td><td>0,9 \/ 30<\/td><\/tr><tr><td><strong>Sal<\/strong><br><span style=\"font-size:13px;color:#8a7a63\">Z\u00f6ld-foki-szigetek<\/span><\/td><td>22,9 \u00b0C<\/td><td>24,0 \u00b0C<\/td><td>19,7 \u00b0C<\/td><td>1,2 \/ 30<\/td><\/tr><tr><td><strong>Akaba<\/strong><br><span style=\"font-size:13px;color:#8a7a63\">Jord\u00e1nia<\/span><\/td><td>21,8 \u00b0C<\/td><td>22,4 \u00b0C<\/td><td>11,5 \u00b0C<\/td><td>2,5 \/ 30<\/td><\/tr><tr><td><strong>Marsa Alam<\/strong><br><span style=\"font-size:13px;color:#8a7a63\">Egyiptom<\/span><\/td><td>21,6 \u00b0C<\/td><td>23,3 \u00b0C<\/td><td>15,7 \u00b0C<\/td><td>0,0 \/ 30<\/td><\/tr><tr><td><strong>Dubaj<\/strong><br><span style=\"font-size:13px;color:#8a7a63\">EAE<\/span><\/td><td>21,6 \u00b0C<\/td><td>25,2 \u00b0C<\/td><td>15,9 \u00b0C<\/td><td>1,8 \/ 30<\/td><\/tr><tr><td><strong>Hurghada<\/strong><br><span style=\"font-size:13px;color:#8a7a63\">Egyiptom<\/span><\/td><td>21,2 \u00b0C<\/td><td>21,7 \u00b0C<\/td><td>14,3 \u00b0C<\/td><td>0,4 \/ 30<\/td><\/tr><tr><td><strong>Tenerife<\/strong><br><span style=\"font-size:13px;color:#8a7a63\">Kan\u00e1ri-szigetek<\/span><\/td><td>20,1 \u00b0C<\/td><td>20,5 \u00b0C<\/td><td>14,8 \u00b0C<\/td><td>8,4 \/ 30<\/td><\/tr><tr><td><strong>Gran Canaria<\/strong><br><span style=\"font-size:13px;color:#8a7a63\">Kan\u00e1ri-szigetek<\/span><\/td><td>19,9 \u00b0C<\/td><td>20,0 \u00b0C<\/td><td>14,5 \u00b0C<\/td><td>3,8 \/ 30<\/td><\/tr><tr><td><strong>Madeira<\/strong><br><span style=\"font-size:13px;color:#8a7a63\">Portug\u00e1lia<\/span><\/td><td>19,5 \u00b0C<\/td><td>18,5 \u00b0C<\/td><td>13,7 \u00b0C<\/td><td>8,3 \/ 30<\/td><\/tr><tr><td><strong>Fuerteventura<\/strong><br><span style=\"font-size:13px;color:#8a7a63\">Kan\u00e1ri-szigetek<\/span><\/td><td>19,2 \u00b0C<\/td><td>20,1 \u00b0C<\/td><td>15,1 \u00b0C<\/td><td>2,8 \/ 30<\/td><\/tr><tr><td><strong>Lanzarote<\/strong><br><span style=\"font-size:13px;color:#8a7a63\">Kan\u00e1ri-szigetek<\/span><\/td><td>19,1 \u00b0C<\/td><td>19,3 \u00b0C<\/td><td>15,0 \u00b0C<\/td><td>3,3 \/ 30<\/td><\/tr><tr><td><strong>Algarve<\/strong><br><span style=\"font-size:13px;color:#8a7a63\">Portug\u00e1lia<\/span><\/td><td>19,0 \u00b0C<\/td><td>16,8 \u00b0C<\/td><td>10,4 \u00b0C<\/td><td>5,1 \/ 30<\/td><\/tr><tr><td><strong>Ha Long (Vietn\u00e1m)<\/strong><br><span style=\"font-size:13px;color:#8a7a63\">Vietn\u00e1m<\/span><\/td><td>18,9 \u00b0C<\/td><td>20,8 \u00b0C<\/td><td>15,3 \u00b0C<\/td><td>8,3 \/ 30<\/td><\/tr><tr><td><strong>Agadir<\/strong><br><span style=\"font-size:13px;color:#8a7a63\">Marokk\u00f3<\/span><\/td><td>18,7 \u00b0C<\/td><td>21,6 \u00b0C<\/td><td>12,3 \u00b0C<\/td><td>2,9 \/ 30<\/td><\/tr><tr><td><strong>Antalya \u00e9s a t\u00f6r\u00f6k rivi\u00e9ra<\/strong><br><span style=\"font-size:13px;color:#8a7a63\">T\u00f6r\u00f6korsz\u00e1g<\/span><\/td><td>18,6 \u00b0C<\/td><td>15,7 \u00b0C<\/td><td>6,5 \u00b0C<\/td><td>9,2 \/ 30<\/td><\/tr><tr><td><strong>Rodosz<\/strong><br><span style=\"font-size:13px;color:#8a7a63\">G\u00f6r\u00f6gorsz\u00e1g<\/span><\/td><td>18,2 \u00b0C<\/td><td>15,6 \u00b0C<\/td><td>11,1 \u00b0C<\/td><td>8,4 \/ 30<\/td><\/tr><tr><td><strong>Bodrum<\/strong><br><span style=\"font-size:13px;color:#8a7a63\">T\u00f6r\u00f6korsz\u00e1g<\/span><\/td><td>18,1 \u00b0C<\/td><td>15,2 \u00b0C<\/td><td>9,7 \u00b0C<\/td><td>10,0 \/ 30<\/td><\/tr><tr><td><strong>Paphosz<\/strong><br><span style=\"font-size:13px;color:#8a7a63\">Ciprus<\/span><\/td><td>18,1 \u00b0C<\/td><td>16,5 \u00b0C<\/td><td>9,5 \u00b0C<\/td><td>8,2 \/ 30<\/td><\/tr><tr><td><strong>Ayia Napa<\/strong><br><span style=\"font-size:13px;color:#8a7a63\">Ciprus<\/span><\/td><td>18,0 \u00b0C<\/td><td>16,7 \u00b0C<\/td><td>10,3 \u00b0C<\/td><td>5,6 \/ 30<\/td><\/tr><tr><td><strong>Kosz<\/strong><br><span style=\"font-size:13px;color:#8a7a63\">G\u00f6r\u00f6gorsz\u00e1g<\/span><\/td><td>18,0 \u00b0C<\/td><td>15,2 \u00b0C<\/td><td>11,2 \u00b0C<\/td><td>10,2 \/ 30<\/td><\/tr><tr><td><strong>Szantorini<\/strong><br><span style=\"font-size:13px;color:#8a7a63\">G\u00f6r\u00f6gorsz\u00e1g<\/span><\/td><td>17,2 \u00b0C<\/td><td>15,4 \u00b0C<\/td><td>11,7 \u00b0C<\/td><td>7,3 \/ 30<\/td><\/tr><tr><td><strong>Azori-szigetek<\/strong><br><span style=\"font-size:13px;color:#8a7a63\">Portug\u00e1lia<\/span><\/td><td>17,0 \u00b0C<\/td><td>16,5 \u00b0C<\/td><td>13,0 \u00b0C<\/td><td>13,0 \/ 30<\/td><\/tr><tr><td><strong>Kr\u00e9ta<\/strong><br><span style=\"font-size:13px;color:#8a7a63\">G\u00f6r\u00f6gorsz\u00e1g<\/span><\/td><td>16,8 \u00b0C<\/td><td>16,2 \u00b0C<\/td><td>8,9 \u00b0C<\/td><td>9,8 \/ 30<\/td><\/tr><tr><td><strong>Zakynthos<\/strong><br><span style=\"font-size:13px;color:#8a7a63\">G\u00f6r\u00f6gorsz\u00e1g<\/span><\/td><td>16,7 \u00b0C<\/td><td>14,9 \u00b0C<\/td><td>10,0 \u00b0C<\/td><td>8,9 \/ 30<\/td><\/tr><tr><td><strong>Lefkada<\/strong><br><span style=\"font-size:13px;color:#8a7a63\">G\u00f6r\u00f6gorsz\u00e1g<\/span><\/td><td>16,5 \u00b0C<\/td><td>14,5 \u00b0C<\/td><td>8,0 \u00b0C<\/td><td>9,9 \/ 30<\/td><\/tr><tr><td><strong>M\u00e1lta<\/strong><br><span style=\"font-size:13px;color:#8a7a63\">M\u00e1lta<\/span><\/td><td>16,1 \u00b0C<\/td><td>15,6 \u00b0C<\/td><td>11,5 \u00b0C<\/td><td>5,9 \/ 30<\/td><\/tr><tr><td><strong>Korfu<\/strong><br><span style=\"font-size:13px;color:#8a7a63\">G\u00f6r\u00f6gorsz\u00e1g<\/span><\/td><td>15,8 \u00b0C<\/td><td>14,1 \u00b0C<\/td><td>9,4 \u00b0C<\/td><td>10,3 \/ 30<\/td><\/tr><tr><td><strong>Ksamil \u00e9s Saranda<\/strong><br><span style=\"font-size:13px;color:#8a7a63\">Alb\u00e1nia<\/span><\/td><td>15,6 \u00b0C<\/td><td>14,4 \u00b0C<\/td><td>5,9 \u00b0C<\/td><td>9,1 \/ 30<\/td><\/tr><tr><td><strong>Chalkidiki<\/strong><br><span style=\"font-size:13px;color:#8a7a63\">G\u00f6r\u00f6gorsz\u00e1g<\/span><\/td><td>15,4 \u00b0C<\/td><td>12,9 \u00b0C<\/td><td>8,6 \u00b0C<\/td><td>7,2 \/ 30<\/td><\/tr><tr><td><strong>Costa del Sol (M\u00e1laga)<\/strong><br><span style=\"font-size:13px;color:#8a7a63\">Spanyolorsz\u00e1g<\/span><\/td><td>15,3 \u00b0C<\/td><td>17,3 \u00b0C<\/td><td>10,1 \u00b0C<\/td><td>4,7 \/ 30<\/td><\/tr><tr><td><strong>Calabria<\/strong><br><span style=\"font-size:13px;color:#8a7a63\">Olaszorsz\u00e1g<\/span><\/td><td>15,3 \u00b0C<\/td><td>14,5 \u00b0C<\/td><td>8,8 \u00b0C<\/td><td>11,5 \/ 30<\/td><\/tr><tr><td><strong>Szic\u00edlia<\/strong><br><span style=\"font-size:13px;color:#8a7a63\">Olaszorsz\u00e1g<\/span><\/td><td>15,2 \u00b0C<\/td><td>15,1 \u00b0C<\/td><td>8,8 \u00b0C<\/td><td>9,4 \/ 30<\/td><\/tr><tr><td><strong>Amalfi \u00e9s a N\u00e1polyi-\u00f6b\u00f6l<\/strong><br><span style=\"font-size:13px;color:#8a7a63\">Olaszorsz\u00e1g<\/span><\/td><td>15,2 \u00b0C<\/td><td>14,1 \u00b0C<\/td><td>6,9 \u00b0C<\/td><td>11,2 \/ 30<\/td><\/tr><tr><td><strong>Hammamet<\/strong><br><span style=\"font-size:13px;color:#8a7a63\">Tun\u00e9zia<\/span><\/td><td>15,2 \u00b0C<\/td><td>16,8 \u00b0C<\/td><td>9,2 \u00b0C<\/td><td>6,1 \/ 30<\/td><\/tr><tr><td><strong>Ibiza<\/strong><br><span style=\"font-size:13px;color:#8a7a63\">Spanyolorsz\u00e1g<\/span><\/td><td>15,1 \u00b0C<\/td><td>15,9 \u00b0C<\/td><td>10,3 \u00b0C<\/td><td>4,3 \/ 30<\/td><\/tr><tr><td><strong>Mallorca \u2013 Palma<\/strong><br><span style=\"font-size:13px;color:#8a7a63\">Spanyolorsz\u00e1g<\/span><\/td><td>14,8 \u00b0C<\/td><td>15,7 \u00b0C<\/td><td>8,5 \u00b0C<\/td><td>5,6 \/ 30<\/td><\/tr><tr><td><strong>Dubrovnik<\/strong><br><span style=\"font-size:13px;color:#8a7a63\">Horv\u00e1torsz\u00e1g<\/span><\/td><td>14,8 \u00b0C<\/td><td>12,8 \u00b0C<\/td><td>5,4 \u00b0C<\/td><td>11,1 \/ 30<\/td><\/tr><tr><td><strong>Djerba<\/strong><br><span style=\"font-size:13px;color:#8a7a63\">Tun\u00e9zia<\/span><\/td><td>14,8 \u00b0C<\/td><td>18,4 \u00b0C<\/td><td>10,7 \u00b0C<\/td><td>3,7 \/ 30<\/td><\/tr><tr><td><strong>Korzika<\/strong><br><span style=\"font-size:13px;color:#8a7a63\">Franciaorsz\u00e1g<\/span><\/td><td>14,6 \u00b0C<\/td><td>14,1 \u00b0C<\/td><td>5,9 \u00b0C<\/td><td>10,5 \/ 30<\/td><\/tr><tr><td><strong>Costa Blanca (Alicante)<\/strong><br><span style=\"font-size:13px;color:#8a7a63\">Spanyolorsz\u00e1g<\/span><\/td><td>14,5 \u00b0C<\/td><td>16,9 \u00b0C<\/td><td>9,2 \u00b0C<\/td><td>3,5 \/ 30<\/td><\/tr><tr><td><strong>Budva<\/strong><br><span style=\"font-size:13px;color:#8a7a63\">Montenegr\u00f3<\/span><\/td><td>14,2 \u00b0C<\/td><td>12,9 \u00b0C<\/td><td>6,7 \u00b0C<\/td><td>11,8 \/ 30<\/td><\/tr><tr><td><strong>Francia Rivi\u00e9ra (Nizza)<\/strong><br><span style=\"font-size:13px;color:#8a7a63\">Franciaorsz\u00e1g<\/span><\/td><td>14,2 \u00b0C<\/td><td>13,4 \u00b0C<\/td><td>6,0 \u00b0C<\/td><td>6,8 \/ 30<\/td><\/tr><tr><td><strong>Split \u00e9s Makarska<\/strong><br><span style=\"font-size:13px;color:#8a7a63\">Horv\u00e1torsz\u00e1g<\/span><\/td><td>14,1 \u00b0C<\/td><td>12,7 \u00b0C<\/td><td>5,2 \u00b0C<\/td><td>9,8 \/ 30<\/td><\/tr><tr><td><strong>Toszk\u00e1na (part)<\/strong><br><span style=\"font-size:13px;color:#8a7a63\">Olaszorsz\u00e1g<\/span><\/td><td>14,0 \u00b0C<\/td><td>12,9 \u00b0C<\/td><td>6,0 \u00b0C<\/td><td>9,7 \/ 30<\/td><\/tr><tr><td><strong>Szard\u00ednia<\/strong><br><span style=\"font-size:13px;color:#8a7a63\">Olaszorsz\u00e1g<\/span><\/td><td>13,8 \u00b0C<\/td><td>14,8 \u00b0C<\/td><td>7,2 \u00b0C<\/td><td>7,2 \/ 30<\/td><\/tr><tr><td><strong>Puglia<\/strong><br><span style=\"font-size:13px;color:#8a7a63\">Olaszorsz\u00e1g<\/span><\/td><td>13,7 \u00b0C<\/td><td>14,4 \u00b0C<\/td><td>7,3 \u00b0C<\/td><td>8,4 \/ 30<\/td><\/tr><tr><td><strong>Costa Brava<\/strong><br><span style=\"font-size:13px;color:#8a7a63\">Spanyolorsz\u00e1g<\/span><\/td><td>13,6 \u00b0C<\/td><td>14,1 \u00b0C<\/td><td>6,1 \u00b0C<\/td><td>7,1 \/ 30<\/td><\/tr><tr><td><strong>Isztria<\/strong><br><span style=\"font-size:13px;color:#8a7a63\">Horv\u00e1torsz\u00e1g<\/span><\/td><td>12,0 \u00b0C<\/td><td>11,3 \u00b0C<\/td><td>5,5 \u00b0C<\/td><td>10,0 \/ 30<\/td><\/tr><tr><td><strong>Rimini \u00e9s az \u00e9szaki Adria<\/strong><br><span style=\"font-size:13px;color:#8a7a63\">Olaszorsz\u00e1g<\/span><\/td><td>8,6 \u00b0C<\/td><td>11,4 \u00b0C<\/td><td>4,2 \u00b0C<\/td><td>9,4 \/ 30<\/td><\/tr><tr><td><strong>Napospart<\/strong><br><span style=\"font-size:13px;color:#8a7a63\">Bulg\u00e1ria<\/span><\/td><td>7,7 \u00b0C<\/td><td>10,3 \u00b0C<\/td><td>2,5 \u00b0C<\/td><td>7,6 \/ 30<\/td><\/tr><tr><td><strong>New York (strandok)<\/strong><br><span style=\"font-size:13px;color:#8a7a63\">USA<\/span><\/td><td>5,2 \u00b0C<\/td><td>6,2 \u00b0C<\/td><td>-2,9 \u00b0C<\/td><td>10,0 \/ 30<\/td><\/tr><\/tbody><\/table><figcaption class=\"wp-element-caption\">Tenger- \u00e9s leveg\u0151h\u0151m\u00e9rs\u00e9kletek febru\u00e1rban, a legmelegebb tengert\u0151l rendezve. A leveg\u0151 \u00e9s a csapad\u00e9k 2015\u20132024-es t\u00edz\u00e9ves \u00e1tlag az ERA5 reanal\u00edzisb\u0151l, a tengerv\u00edz-h\u0151m\u00e9rs\u00e9klet a 2019\u20132024-es tengeri modellb\u0151l.<\/figcaption><\/figure>\n\n\n\n<h3 class=\"wp-block-heading\" id=\"Hol_lehet_februarban_furdeni\"><span class=\"ez-toc-section\" id=\"Hol_lehet_februarban_furodni\"><\/span>Hol lehet febru\u00e1rban f\u00fcr\u00f6dni<span class=\"ez-toc-section-end\"><\/span><\/h3>\n\n\n\n<p class=\"wp-block-paragraph\">Ha a konkr\u00e9t sz\u00e1mokat n\u00e9zed, teljesen egy\u00e9rtelm\u0171en kider\u00fcl bel\u0151l\u00fck, hogy a forr\u00f3 strandok szerelmeseinek id\u00e9n \u00f6ssze kell pakolniuk a b\u0151r\u00f6nd\u00f6t, \u00e9s egy j\u00f3 hossz\u00fa rep\u00fcl\u0151\u00fatra kell indulniuk. Az <strong>\u00e9szaki f\u00e9lteke ilyenkor m\u00e9g a t\u00e9li \u00e1lm\u00e1b\u00f3l \u00e9bredezik<\/strong>, m\u00edg az egyenl\u00edt\u0151h\u00f6z k\u00f6zeli ter\u00fcleteken vannak a legjobb felt\u00e9telek az eg\u00e9sz napos nyug\u00e1gyon hever\u00e9shez.<\/p>\n\n\n\n<p class=\"wp-block-paragraph\">Hogy teljes biztons\u00e1gban legy\u00e9l, k\u00e9sz\u00edtettem neked egy <strong>n\u00e9gy kateg\u00f3ri\u00e1ra bont\u00e1st a val\u00f3s h\u0151m\u00e9rs\u00e9kletek szerint<\/strong>, amelyek az adott helyeken uralkodnak. Az utaz\u00f3k ugyanis elt\u00e9r\u0151en t\u0171rik a hideget, \u00e9s ami az egyiknek kellemes felfriss\u00fcl\u00e9s, az a m\u00e1siknak elrontott nyaral\u00e1st jelenthet. \ud83d\ude05<\/p>\n\n\n\n<ul class=\"wp-block-list\">\n\n<li><strong>28 \u00b0C f\u00f6l\u00f6tt vannak a tr\u00f3pusok<\/strong>, ide tartozik az indon\u00e9z Bali hihetetlen 29,6 \u00b0C-kal, az afrikai Zanzib\u00e1r (29,5 \u00b0C), a Mald\u00edv-szigetek \u00e9s Thaif\u00f6ld (egyar\u00e1nt 28,9 \u00b0C), Mauritius (28,0 \u00b0C) \u00e9s Sr\u00ed Lanka is, ahol Trincomalee 27,8 \u00b0C-os vizet jelent. Balin r\u00e1ad\u00e1sul sz\u00e1m\u00edthatsz sz\u00e9p, 28,8 \u00b0C k\u00f6r\u00fcli nappali h\u0151m\u00e9rs\u00e9kletre, a thaif\u00f6ldi Ko Samui-sziget pedig 28,5 \u00b0C-ra felmelegedett leveg\u0151t \u00edg\u00e9r.<\/li>\n\n\n\n<li><strong>26 \u00e9s 27 \u00b0C k\u00f6r\u00fcl mozog a Karib-t\u00e9rs\u00e9g \u00e9s Mexik\u00f3<\/strong>, ahol a h\u00edres mexik\u00f3i Canc\u00fan nagyon kellemes 26,7 \u00b0C-os tengert k\u00edn\u00e1l, a nappali h\u0151m\u00e9rs\u00e9klet pedig stabilan 26,8 \u00b0C k\u00f6r\u00fcl alakul.<\/li>\n\n\n\n<li><strong>Elviselhet\u0151 21\u201324 \u00b0C-a van Egyiptomnak, Dubajnak \u00e9s Om\u00e1nnak<\/strong>, ahol ugyan lehet \u00faszni, de sokaknak ez m\u00e1r ink\u00e1bb j\u00f3 friss\u00edt\u0151 \u00e9lm\u00e9ny. Az om\u00e1ni Maszkat 24,0 \u00b0C-os tengert k\u00edn\u00e1l, m\u00edg a n\u00e9pszer\u0171 egyiptomi Sarm-es-Sejk 22,9 \u00b0C-on tartja a vizet \u00e9s 23,6 \u00b0C-on a leveg\u0151t.<\/li>\n\n\n\n<li><strong>21 \u00b0C al\u00e1 esik a Kan\u00e1ri-szigetek \u00e9s Madeira<\/strong>, ahol a tengerben csak az igazi hidegt\u0171r\u0151k f\u00fcrdenek. P\u00e9ld\u00e1ul Tenerif\u00e9n a v\u00edz 20,1 \u00b0C, Gran Canari\u00e1n 19,9 \u00b0C, a portug\u00e1l Madeir\u00e1n pedig mind\u00f6ssze 19,5 \u00b0C, 18,5 \u00b0C k\u00f6r\u00fcli nappali h\u0151m\u00e9rs\u00e9klet mellett.<\/li>\n\n\n<\/ul>\n\n\n\n<h3 class=\"wp-block-heading\" id=\"Varosok_hegyek_es_eszak_februarban\"><span class=\"ez-toc-section\" id=\"Varosok_hegyek_es_eszak_februarban\"><\/span>V\u00e1rosok, hegyek \u00e9s \u00e9szak febru\u00e1rban<span class=\"ez-toc-section-end\"><\/span><\/h3>\n\n\n\n<p class=\"wp-block-paragraph\">Persze nem mindenki v\u00e1gyik homokra \u00e9s naptejre, mert sok utaz\u00f3nak az igazi t\u00e9li nyaral\u00e1s eg\u00e9szen m\u00e1s \u00e9lm\u00e9nyeket jelent. <strong>Ha ink\u00e1bb a t\u00f6rt\u00e9nelmi v\u00e1rosk\u00f6zpontokat fedezed fel a turistat\u00f6meg n\u00e9lk\u00fcl<\/strong>, szereted a talpad alatt ropog\u00f3 havat, vagy a saj\u00e1t szemeddel akarod l\u00e1tni a var\u00e1zslatos sarki f\u00e9nyt, akkor tov\u00e1bbi remek lehet\u0151s\u00e9geink vannak. Febru\u00e1r sor\u00e1n teljesen csod\u00e1latos kir\u00e1ndul\u00e1sokat tehetsz az eur\u00f3pai metropoliszokba \u00e9s az \u00e9szaki vadonba is, csak tudnod kell, hova pontosan \u00e9s hogyan \u00f6lt\u00f6zz fel helyesen.<\/p>\n\n\n\n<figure class=\"wp-block-table is-style-stripes\" style=\"overflow-x:auto\"><table><thead><tr><th>\u00dati c\u00e9l<\/th><th>Leveg\u0151 nappal<\/th><th>\u00c9jszaka<\/th><th>Csapad\u00e9kos napok<\/th><th>Naps\u00fct\u00e9s\/nap<\/th><\/tr><\/thead><tbody><tr><td><strong>Marr\u00e1kes<\/strong><br><span style=\"font-size:13px;color:#8a7a63\">Marokk\u00f3<\/span><\/td><td>21,3 \u00b0C<\/td><td>6,9 \u00b0C<\/td><td>5,5 \/ 30<\/td><td>9,7 \u00f3<\/td><\/tr><tr><td><strong>Lisszabon<\/strong><br><span style=\"font-size:13px;color:#8a7a63\">Portug\u00e1lia<\/span><\/td><td>15,9 \u00b0C<\/td><td>9,4 \u00b0C<\/td><td>6,7 \/ 30<\/td><td>8,5 \u00f3<\/td><\/tr><tr><td><strong>San Francisco<\/strong><br><span style=\"font-size:13px;color:#8a7a63\">USA<\/span><\/td><td>15,3 \u00b0C<\/td><td>8,2 \u00b0C<\/td><td>7,2 \/ 30<\/td><td>8,9 \u00f3<\/td><\/tr><tr><td><strong>Barcelona<\/strong><br><span style=\"font-size:13px;color:#8a7a63\">Spanyolorsz\u00e1g<\/span><\/td><td>14,7 \u00b0C<\/td><td>5,9 \u00b0C<\/td><td>6,2 \/ 30<\/td><td>8,7 \u00f3<\/td><\/tr><tr><td><strong>R\u00f3ma<\/strong><br><span style=\"font-size:13px;color:#8a7a63\">Olaszorsz\u00e1g<\/span><\/td><td>14,2 \u00b0C<\/td><td>5,0 \u00b0C<\/td><td>8,7 \/ 30<\/td><td>8,3 \u00f3<\/td><\/tr><tr><td><strong>Ath\u00e9n<\/strong><br><span style=\"font-size:13px;color:#8a7a63\">G\u00f6r\u00f6gorsz\u00e1g<\/span><\/td><td>13,8 \u00b0C<\/td><td>6,4 \u00b0C<\/td><td>7,3 \/ 30<\/td><td>8,5 \u00f3<\/td><\/tr><tr><td><strong>Toki\u00f3<\/strong><br><span style=\"font-size:13px;color:#8a7a63\">Jap\u00e1n<\/span><\/td><td>10,3 \u00b0C<\/td><td>1,1 \u00b0C<\/td><td>7,9 \/ 30<\/td><td>8,0 \u00f3<\/td><\/tr><tr><td><strong>Interlaken<\/strong><br><span style=\"font-size:13px;color:#8a7a63\">Sv\u00e1jc<\/span><\/td><td>8,4 \u00b0C<\/td><td>1,3 \u00b0C<\/td><td>12,9 \/ 30<\/td><td>6,8 \u00f3<\/td><\/tr><tr><td><strong>Budapest<\/strong><br><span style=\"font-size:13px;color:#8a7a63\">Magyarorsz\u00e1g<\/span><\/td><td>8,0 \u00b0C<\/td><td>-0,0 \u00b0C<\/td><td>8,9 \/ 30<\/td><td>6,3 \u00f3<\/td><\/tr><tr><td><strong>Bled<\/strong><br><span style=\"font-size:13px;color:#8a7a63\">Szlov\u00e9nia<\/span><\/td><td>7,1 \u00b0C<\/td><td>-0,9 \u00b0C<\/td><td>9,4 \/ 30<\/td><td>6,4 \u00f3<\/td><\/tr><tr><td><strong>Balaton (Si\u00f3fok)<\/strong><br><span style=\"font-size:13px;color:#8a7a63\">Magyarorsz\u00e1g<\/span><\/td><td>6,9 \u00b0C<\/td><td>-0,5 \u00b0C<\/td><td>7,6 \/ 30<\/td><td>6,1 \u00f3<\/td><\/tr><tr><td><strong>Pr\u00e1ga<\/strong><br><span style=\"font-size:13px;color:#8a7a63\">Csehorsz\u00e1g<\/span><\/td><td>6,5 \u00b0C<\/td><td>-0,9 \u00b0C<\/td><td>10,0 \/ 30<\/td><td>5,8 \u00f3<\/td><\/tr><tr><td><strong>Zell am See<\/strong><br><span style=\"font-size:13px;color:#8a7a63\">Ausztria<\/span><\/td><td>6,5 \u00b0C<\/td><td>-2,7 \u00b0C<\/td><td>12,6 \/ 30<\/td><td>6,8 \u00f3<\/td><\/tr><tr><td><strong>Krakk\u00f3<\/strong><br><span style=\"font-size:13px;color:#8a7a63\">Lengyelorsz\u00e1g<\/span><\/td><td>5,8 \u00b0C<\/td><td>-1,4 \u00b0C<\/td><td>12,5 \/ 30<\/td><td>4,8 \u00f3<\/td><\/tr><tr><td><strong>Cortina d&#8217;Ampezzo (Dolomitok)<\/strong><br><span style=\"font-size:13px;color:#8a7a63\">Olaszorsz\u00e1g<\/span><\/td><td>3,8 \u00b0C<\/td><td>-5,0 \u00b0C<\/td><td>8,6 \/ 30<\/td><td>7,6 \u00f3<\/td><\/tr><tr><td><strong>Bergen \u00e9s a fjordok<\/strong><br><span style=\"font-size:13px;color:#8a7a63\">Norv\u00e9gia<\/span><\/td><td>3,6 \u00b0C<\/td><td>-1,3 \u00b0C<\/td><td>19,1 \/ 30<\/td><td>3,7 \u00f3<\/td><\/tr><tr><td><strong>Reykjav\u00edk<\/strong><br><span style=\"font-size:13px;color:#8a7a63\">Izland<\/span><\/td><td>2,0 \u00b0C<\/td><td>-2,6 \u00b0C<\/td><td>17,0 \/ 30<\/td><td>3,4 \u00f3<\/td><\/tr><tr><td><strong>Toronto<\/strong><br><span style=\"font-size:13px;color:#8a7a63\">Kanada<\/span><\/td><td>1,0 \u00b0C<\/td><td>-6,9 \u00b0C<\/td><td>9,4 \/ 30<\/td><td>6,4 \u00f3<\/td><\/tr><tr><td><strong>Magas-T\u00e1tra (Csorba-t\u00f3)<\/strong><br><span style=\"font-size:13px;color:#8a7a63\">Szlov\u00e1kia<\/span><\/td><td>-1,0 \u00b0C<\/td><td>-6,8 \u00b0C<\/td><td>14,9 \/ 30<\/td><td>5,8 \u00f3<\/td><\/tr><tr><td><strong>Anchorage<\/strong><br><span style=\"font-size:13px;color:#8a7a63\">USA<\/span><\/td><td>-3,0 \u00b0C<\/td><td>-9,2 \u00b0C<\/td><td>11,9 \/ 30<\/td><td>4,5 \u00f3<\/td><\/tr><\/tbody><\/table><figcaption class=\"wp-element-caption\">V\u00e1rosok, hegyek \u00e9s \u00e9szak febru\u00e1rban. T\u00edz\u00e9ves \u00e1tlagok 2015\u20132024 (ERA5 reanal\u00edzis).<\/figcaption><\/figure>\n\n\n\n<h2 class=\"wp-block-heading\" id=\"Hova_menj_februarban_igazi_melegert_9_tropusi_uticel\"><span class=\"ez-toc-section\" id=\"Hova_menj_februarban_igazi_melegert_9_tropusi_uti_cel\"><\/span>Hov\u00e1 menj febru\u00e1rban igazi meleg\u00e9rt: 9 tr\u00f3pusi \u00fati c\u00e9l<span class=\"ez-toc-section-end\"><\/span><\/h2>\n\n\n\n<p class=\"wp-block-paragraph\">Ha febru\u00e1rban sz\u00e1zsz\u00e1zal\u00e9kos biztons\u00e1got keresel a felmelegedett tengerben val\u00f3 f\u00fcrd\u00e9shez, itt egy nagyon egyszer\u0171 igazs\u00e1g \u00e9rv\u00e9nyes. Egyszer\u0171en sz\u00e1molnod kell azzal, hogy <strong>legal\u00e1bb h\u00e9t \u00f3r\u00e1t \u00fclsz a rep\u00fcl\u0151n<\/strong>, mert Eur\u00f3p\u00e1hoz k\u00f6zelebb egyszer\u0171en nem tal\u00e1lsz f\u00fcrd\u00e9sre alkalmas vizet. A n\u00e1lunk t\u00e9li h\u00f3napok szerencs\u00e9re azt jelentik, hogy a legszebb egzotikus paradicsomokban \u00e9ppen a sz\u00e1raz \u00e9vszak cs\u00facsa zajlik.<\/p>\n\n\n\n<p class=\"wp-block-paragraph\">A hosszabb utaz\u00e1s\u00e9rt cser\u00e9be nemcsak \u00fcres strandok \u00e9s t\u00fcrkizk\u00e9k tenger j\u00e1r, hanem a <strong>t\u00f6k\u00e9letes tr\u00f3pusi \u00e9ghajlat is v\u00e1ratlan z\u00e1por n\u00e9lk\u00fcl<\/strong>. N\u00e9zz\u00fcnk meg kilenc \u00fati c\u00e9lt, ahov\u00e1 febru\u00e1rban mindenk\u00e9pp meg\u00e9ri elutazni, ha m\u00e1r elegd van a magyar telekb\u0151l, \u00e9s musz\u00e1j palm\u00e1k alatt lebarnulnod.<\/p>\n\n\n\n<h3 class=\"wp-block-heading\" id=\"1_Maldiv_szigetek_a_szaraz_evszak_csucsa\"><span class=\"ez-toc-section\" id=\"1_Maldiv-szigetek_a_szaraz_evszak_csucsa\"><\/span>1. Mald\u00edv-szigetek: a sz\u00e1raz \u00e9vszak cs\u00facsa<span class=\"ez-toc-section-end\"><\/span><\/h3>\n\n\n\n<p class=\"wp-block-paragraph\">A Mald\u00edv-szigetek febru\u00e1rban abszol\u00fat biztos befut\u00f3 minden felmelegedett homok \u00e9s nyugodt hull\u00e1m szerelmes\u00e9nek. A nappali h\u0151m\u00e9rs\u00e9klet ide\u00e1lis 28,1 \u00b0C-on marad, m\u00edg \u00e9jszaka csak alig cs\u00f6kken 26,8 \u00b0C-ra, \u00edgy a <strong>pul\u00f3vereket nyugodtan otthon hagyhatod<\/strong>. A v\u00edz a hihetetlen 28,9 \u00b0C-kal tal\u00e1n m\u00e9g a leveg\u0151n\u00e9l is melegebb, \u00e9s az utaz\u00f3k \u00e1radoznak r\u00f3la, hogy nyugodtan \u00f3r\u00e1kig kib\u00edrsz benne snorkelezni.<\/p>\n\n\n\n<figure data-wp-context=\"{&quot;imageId&quot;:&quot;6a9af0d3349be&quot;}\" data-wp-interactive=\"core\/image\" data-wp-key=\"6a9af0d3349be\" class=\"wp-block-image size-full wp-lightbox-container\"><img decoding=\"async\" width=\"1500\" height=\"842\" data-wp-class--hide=\"state.isContentHidden\" data-wp-class--show=\"state.isContentVisible\" data-wp-init=\"callbacks.setButtonStyles\" data-wp-on--click=\"actions.showLightbox\" data-wp-on--load=\"callbacks.setButtonStyles\" data-wp-on--pointerdown=\"actions.preloadImage\" data-wp-on--pointerenter=\"actions.preloadImageWithDelay\" data-wp-on--pointerleave=\"actions.cancelPreload\" data-wp-on-window--resize=\"callbacks.setButtonStyles\" src=\"https:\/\/loudavymkrokem.cz\/wp-content\/uploads\/2026\/08\/kam-na-dovolenou-v-unoru-f01.jpg\" alt=\"Mald\u00edv-szigetek a sz\u00e1raz \u00e9vszakban\" class=\"wp-image-400778\" title=\"\" srcset=\"https:\/\/loudavymkrokem.cz\/wp-content\/uploads\/2026\/08\/kam-na-dovolenou-v-unoru-f01.jpg 1500w, https:\/\/loudavymkrokem.cz\/wp-content\/uploads\/2026\/08\/kam-na-dovolenou-v-unoru-f01-300x168.jpg 300w, https:\/\/loudavymkrokem.cz\/wp-content\/uploads\/2026\/08\/kam-na-dovolenou-v-unoru-f01-700x393.jpg 700w, https:\/\/loudavymkrokem.cz\/wp-content\/uploads\/2026\/08\/kam-na-dovolenou-v-unoru-f01-768x431.jpg 768w, https:\/\/loudavymkrokem.cz\/wp-content\/uploads\/2026\/08\/kam-na-dovolenou-v-unoru-f01-696x391.jpg 696w, https:\/\/loudavymkrokem.cz\/wp-content\/uploads\/2026\/08\/kam-na-dovolenou-v-unoru-f01-1392x781.jpg 1392w\" sizes=\"(max-width: 1500px) 100vw, 1500px\" \/><button\n\t\t\tclass=\"lightbox-trigger\"\n\t\t\ttype=\"button\"\n\t\t\taria-haspopup=\"dialog\"\n\t\t\tdata-wp-bind--aria-label=\"state.thisImage.triggerButtonAriaLabel\"\n\t\t\tdata-wp-init=\"callbacks.initTriggerButton\"\n\t\t\tdata-wp-on--click=\"actions.showLightbox\"\n\t\t\tdata-wp-style--right=\"state.thisImage.buttonRight\"\n\t\t\tdata-wp-style--top=\"state.thisImage.buttonTop\"\n\t\t>\n\t\t\t<svg xmlns=\"http:\/\/www.w3.org\/2000\/svg\" width=\"12\" height=\"12\" fill=\"none\" viewBox=\"0 0 12 12\">\n\t\t\t\t<path fill=\"#fff\" d=\"M2 0a2 2 0 0 0-2 2v2h1.5V2a.5.5 0 0 1 .5-.5h2V0H2Zm2 10.5H2a.5.5 0 0 1-.5-.5V8H0v2a2 2 0 0 0 2 2h2v-1.5ZM8 12v-1.5h2a.5.5 0 0 0 .5-.5V8H12v2a2 2 0 0 1-2 2H8Zm2-12a2 2 0 0 1 2 2v2h-1.5V2a.5.5 0 0 0-.5-.5H8V0h2Z\" \/>\n\t\t\t<\/svg>\n\t\t<\/button><figcaption class=\"wp-element-caption\">Mald\u00edv-szigetek a sz\u00e1raz \u00e9vszakban (Fot\u00f3: dronepicr \/ Wikimedia Commons, CC BY 2.0)<\/figcaption><\/figure>\n\n\n\n<p class=\"wp-block-paragraph\">Ez a h\u00f3nap a sz\u00e1raz \u00e9vszak abszol\u00fat cs\u00facsa, amelynek k\u00f6sz\u00f6nhet\u0151en <strong>\u00e1tlagosan napi 11,1 \u00f3ra naps\u00fct\u00e9s<\/strong> v\u00e1r r\u00e1d. Csapad\u00e9k csak kiv\u00e9telesen jelenik meg, a statisztik\u00e1k nagyj\u00e1b\u00f3l 8 es\u0151s napot mutatnak, de t\u00f6bbnyire csak egy nagyon gyors \u00e9jszakai z\u00e1porr\u00f3l van sz\u00f3, ami semmiben sem korl\u00e1toz. Ha bizonytalan vagy az id\u0151pontban, mindenk\u00e9pp olvasd el a cikk\u00fcnket arr\u00f3l, <a href=\"https:\/\/loudavymkrokem.cz\/hu\/maldiv-szigetek-idojarasa\/\">mikor utazz a Mald\u00edv-szigetekre<\/a>.<\/p>\n\n\n\n<p class=\"wp-block-paragraph\">A febru\u00e1ri id\u0151j\u00e1r\u00e1s a v\u00edz alatti t\u00f6k\u00e9letes l\u00e1that\u00f3s\u00e1gnak is kedvez, amit a sz\u00ednes halak \u00e9s tekn\u0151s\u00f6k megfigyel\u00e9sekor \u00e9rt\u00e9kelsz majd a korallz\u00e1tonyokn\u00e1l. Az \u00f3ri\u00e1si \u00e9rdekl\u0151d\u00e9s miatt viszont nagy el\u0151rel\u00e1t\u00e1ssal kell foglalni a resortokat, amiben k\u00f6nnyen seg\u00edt a tippekkel teli \u00fatmutat\u00f3nk, <a href=\"https:\/\/loudavymkrokem.cz\/hu\/hol-szallj-meg-maldiv-szigetek\/\">hol sz\u00e1llj meg a Mald\u00edv-szigeteken<\/a>.<\/p>\n\n\n\n<p class=\"wp-block-paragraph\"><strong>\ud83d\udca1 Sz\u00e1ll\u00e1stipp:<\/strong> <a href=\"https:\/\/www.stay22.com\/allez\/roam?aid=lukaskonecny&#038;campaign=loudavymkrokemcz&#038;campaign=kam-na-dovolenou-v-unoru&#038;hotelname=Kuramathi%20Maldives&#038;address=Rasdhoo%2C%20Maledivy\" target=\"_blank\" rel=\"noopener nofollow sponsored\">Kuramathi Maldives<\/a> vagy <a href=\"https:\/\/www.stay22.com\/allez\/roam?aid=lukaskonecny&#038;campaign=loudavymkrokemcz&#038;campaign=kam-na-dovolenou-v-unoru&#038;hotelname=Vilamendhoo%20Island%20Resort%20%26%20Spa&#038;address=Ari%20Atoll%2C%20Maledivy\" target=\"_blank\" rel=\"noopener nofollow sponsored\">Vilamendhoo Island Resort &#038; Spa<\/a> a Mald\u00edv-szigeteken.<\/p>\n\n\n\n<h3 class=\"wp-block-heading\" id=\"2_Thaifold_a_legjobb_honap_az_andaman_oldalon\"><span class=\"ez-toc-section\" id=\"2_Thaifold_a_legjobb_honap_az_andamani_oldalon\"><\/span>2. Thaif\u00f6ld: a legjobb h\u00f3nap az andam\u00e1ni oldalon<span class=\"ez-toc-section-end\"><\/span><\/h3>\n\n\n\n<p class=\"wp-block-paragraph\">Ha D\u00e9lkelet-\u00c1zsi\u00e1ba tervezel menek\u00fclni, az andam\u00e1ni partvid\u00e9k \u00e9ppen febru\u00e1rban \u00e9li \u00e1t a turistaszezon abszol\u00fat cs\u00facs\u00e1t, minim\u00e1lis es\u0151vel. Az olyan helyek, mint Phuket, Krabi vagy a n\u00e9pszer\u0171 Ko Lanta-sziget <strong>t\u00f6k\u00e9letesen k\u00e9k eget \u00e9s nyugodt tengert<\/strong> jelentenek, ami teljesen ide\u00e1lis felt\u00e9teleket teremt a cs\u00f3nakos kir\u00e1ndul\u00e1sokhoz. A tapasztalt utaz\u00f3k az \u00e9v ezen szakasz\u00e1t aj\u00e1nlj\u00e1k a legkellemesebbnek az \u00f6bl\u00f6k \u00e9s a m\u00e9szk\u0151szikl\u00e1k felfedez\u00e9s\u00e9hez, amelyekb\u0151l a tippjeinkben, <a href=\"https:\/\/loudavymkrokem.cz\/hu\/mit-latni-thaifoldon\/\">mit l\u00e1ss Thaif\u00f6ld\u00f6n<\/a>, t\u00e9nyleg rengeteget tal\u00e1lsz.<\/p>\n\n\n\n<figure data-wp-context=\"{&quot;imageId&quot;:&quot;6a9af0d335096&quot;}\" data-wp-interactive=\"core\/image\" data-wp-key=\"6a9af0d335096\" class=\"wp-block-image size-full wp-lightbox-container\"><img decoding=\"async\" width=\"1500\" height=\"999\" data-wp-class--hide=\"state.isContentHidden\" data-wp-class--show=\"state.isContentVisible\" data-wp-init=\"callbacks.setButtonStyles\" data-wp-on--click=\"actions.showLightbox\" data-wp-on--load=\"callbacks.setButtonStyles\" data-wp-on--pointerdown=\"actions.preloadImage\" data-wp-on--pointerenter=\"actions.preloadImageWithDelay\" data-wp-on--pointerleave=\"actions.cancelPreload\" data-wp-on-window--resize=\"callbacks.setButtonStyles\" src=\"https:\/\/loudavymkrokem.cz\/wp-content\/uploads\/2026\/08\/kam-na-dovolenou-v-unoru-f02.jpg\" alt=\"Thaif\u00f6ld andam\u00e1ni partvid\u00e9ke\" class=\"wp-image-400780\" title=\"\" srcset=\"https:\/\/loudavymkrokem.cz\/wp-content\/uploads\/2026\/08\/kam-na-dovolenou-v-unoru-f02.jpg 1500w, https:\/\/loudavymkrokem.cz\/wp-content\/uploads\/2026\/08\/kam-na-dovolenou-v-unoru-f02-300x200.jpg 300w, https:\/\/loudavymkrokem.cz\/wp-content\/uploads\/2026\/08\/kam-na-dovolenou-v-unoru-f02-700x466.jpg 700w, https:\/\/loudavymkrokem.cz\/wp-content\/uploads\/2026\/08\/kam-na-dovolenou-v-unoru-f02-768x511.jpg 768w, https:\/\/loudavymkrokem.cz\/wp-content\/uploads\/2026\/08\/kam-na-dovolenou-v-unoru-f02-696x464.jpg 696w, https:\/\/loudavymkrokem.cz\/wp-content\/uploads\/2026\/08\/kam-na-dovolenou-v-unoru-f02-1392x927.jpg 1392w\" sizes=\"(max-width: 1500px) 100vw, 1500px\" \/><button\n\t\t\tclass=\"lightbox-trigger\"\n\t\t\ttype=\"button\"\n\t\t\taria-haspopup=\"dialog\"\n\t\t\tdata-wp-bind--aria-label=\"state.thisImage.triggerButtonAriaLabel\"\n\t\t\tdata-wp-init=\"callbacks.initTriggerButton\"\n\t\t\tdata-wp-on--click=\"actions.showLightbox\"\n\t\t\tdata-wp-style--right=\"state.thisImage.buttonRight\"\n\t\t\tdata-wp-style--top=\"state.thisImage.buttonTop\"\n\t\t>\n\t\t\t<svg xmlns=\"http:\/\/www.w3.org\/2000\/svg\" width=\"12\" height=\"12\" fill=\"none\" viewBox=\"0 0 12 12\">\n\t\t\t\t<path fill=\"#fff\" d=\"M2 0a2 2 0 0 0-2 2v2h1.5V2a.5.5 0 0 1 .5-.5h2V0H2Zm2 10.5H2a.5.5 0 0 1-.5-.5V8H0v2a2 2 0 0 0 2 2h2v-1.5ZM8 12v-1.5h2a.5.5 0 0 0 .5-.5V8H12v2a2 2 0 0 1-2 2H8Zm2-12a2 2 0 0 1 2 2v2h-1.5V2a.5.5 0 0 0-.5-.5H8V0h2Z\" \/>\n\t\t\t<\/svg>\n\t\t<\/button><figcaption class=\"wp-element-caption\">Thaif\u00f6ld andam\u00e1ni partvid\u00e9ke (Fot\u00f3: Anton Zelenov \/ Wikimedia Commons, CC BY-SA 4.0)<\/figcaption><\/figure>\n\n\n\n<p class=\"wp-block-paragraph\">Nem lesz rossz v\u00e1laszt\u00e1s a Thai-\u00f6b\u00f6l \u00e9s konkr\u00e9tan Ko Samui szigete sem, ahol az \u00e1tlagos nappali h\u0151m\u00e9rs\u00e9klet 28,5 \u00b0C k\u00f6r\u00fcl mozog. A tenger 28,9 \u00b0C-kal fog \u00f6r\u00f6met szerezni, \u00e9s b\u00e1r a statisztik\u00e1k nagyj\u00e1b\u00f3l 12 es\u0151s napot eml\u00edtenek, <strong>t\u00f6bbnyire gyors \u00e9s felfriss\u00edt\u0151 zuh\u00e9k<\/strong>, amelyek ut\u00e1n r\u00f6gt\u00f6n \u00fajra kis\u00fct a nap, \u00e1tlagosan napi 10,7 \u00f3r\u00e1nyi naps\u00fct\u00e9ssel. Az \u00e9jszakai h\u0151m\u00e9rs\u00e9klet a kellemes 24,8 \u00b0C-ig s\u00fcllyed.<\/p>\n\n\n\n<p class=\"wp-block-paragraph\">B\u00e1rmelyik partot is v\u00e1lasztod, a febru\u00e1ri napok k\u00f3kuszdi\u00f3z\u00e1sra p\u00e1lm\u00e1k alatt \u00e9s esti piaci s\u00e9t\u00e1kra teremtettek. Azoknak, akik \u00f6n\u00e1ll\u00f3an induln\u00e1nak \u00fatnak, \u00f6ssze\u00e1ll\u00edtottunk egy r\u00e9szletes \u00fatmutat\u00f3t a <a href=\"https:\/\/loudavymkrokem.cz\/hu\/thaifold-utazas-egyenileg\/\">Thaif\u00f6ldh\u00f6z utaz\u00e1si iroda n\u00e9lk\u00fcl<\/a>, amellyel az eg\u00e9sz szervez\u00e9st j\u00e1tszva megoldod.<\/p>\n\n\n\n<h3 class=\"wp-block-heading\" id=\"3_Zanzibar_szaraz_idoszak_ket_monszun_kozott\"><span class=\"ez-toc-section\" id=\"3_Zanzibar_szarazsag_ket_monszun_kozott\"><\/span>3. Zanzib\u00e1r: sz\u00e1razs\u00e1g k\u00e9t monszun k\u00f6z\u00f6tt<span class=\"ez-toc-section-end\"><\/span><\/h3>\n\n\n\n<p class=\"wp-block-paragraph\">A f\u0171szerek afrikai szigete az \u00e9v elej\u00e9n t\u00f6k\u00e9letes sz\u00e9p id\u0151j\u00e1r\u00e1si ablakot k\u00edn\u00e1l, mert \u00e9ppen egy r\u00f6vid sz\u00e1razs\u00e1gban van k\u00e9t monszun k\u00f6z\u00f6tt. A febru\u00e1ri h\u0151m\u00e9rs\u00e9klet rendszeresen felk\u00faszik a forr\u00f3 32,0 \u00b0C-ig, a helyi p\u00e1r\u00e1s leveg\u0151 pedig <strong>nagyon gyorsan feledteti a k\u00f6z\u00e9p-eur\u00f3pai fagyokat<\/strong>. A tenger v\u00e9gtelen f\u00fcrd\u00e9sre cs\u00e1b\u00edt a luxus 29,5 \u00b0C-nak k\u00f6sz\u00f6nhet\u0151en, a finom feh\u00e9r homok\u00fa strandokon pedig rengeteg oly nagyon sz\u00fcks\u00e9ges energi\u00e1t tankolsz.<\/p>\n\n\n\n<figure data-wp-context=\"{&quot;imageId&quot;:&quot;6a9af0d3355a5&quot;}\" data-wp-interactive=\"core\/image\" data-wp-key=\"6a9af0d3355a5\" class=\"wp-block-image size-full wp-lightbox-container\"><img decoding=\"async\" width=\"1500\" height=\"1125\" data-wp-class--hide=\"state.isContentHidden\" data-wp-class--show=\"state.isContentVisible\" data-wp-init=\"callbacks.setButtonStyles\" data-wp-on--click=\"actions.showLightbox\" data-wp-on--load=\"callbacks.setButtonStyles\" data-wp-on--pointerdown=\"actions.preloadImage\" data-wp-on--pointerenter=\"actions.preloadImageWithDelay\" data-wp-on--pointerleave=\"actions.cancelPreload\" data-wp-on-window--resize=\"callbacks.setButtonStyles\" src=\"https:\/\/loudavymkrokem.cz\/wp-content\/uploads\/2026\/08\/kam-na-dovolenou-v-unoru-f03.jpg\" alt=\"Zanzib\u00e1r\" class=\"wp-image-400783\" title=\"\" srcset=\"https:\/\/loudavymkrokem.cz\/wp-content\/uploads\/2026\/08\/kam-na-dovolenou-v-unoru-f03.jpg 1500w, https:\/\/loudavymkrokem.cz\/wp-content\/uploads\/2026\/08\/kam-na-dovolenou-v-unoru-f03-300x225.jpg 300w, https:\/\/loudavymkrokem.cz\/wp-content\/uploads\/2026\/08\/kam-na-dovolenou-v-unoru-f03-700x525.jpg 700w, https:\/\/loudavymkrokem.cz\/wp-content\/uploads\/2026\/08\/kam-na-dovolenou-v-unoru-f03-768x576.jpg 768w, https:\/\/loudavymkrokem.cz\/wp-content\/uploads\/2026\/08\/kam-na-dovolenou-v-unoru-f03-80x60.jpg 80w, https:\/\/loudavymkrokem.cz\/wp-content\/uploads\/2026\/08\/kam-na-dovolenou-v-unoru-f03-160x120.jpg 160w, https:\/\/loudavymkrokem.cz\/wp-content\/uploads\/2026\/08\/kam-na-dovolenou-v-unoru-f03-696x522.jpg 696w, https:\/\/loudavymkrokem.cz\/wp-content\/uploads\/2026\/08\/kam-na-dovolenou-v-unoru-f03-1392x1044.jpg 1392w\" sizes=\"(max-width: 1500px) 100vw, 1500px\" \/><button\n\t\t\tclass=\"lightbox-trigger\"\n\t\t\ttype=\"button\"\n\t\t\taria-haspopup=\"dialog\"\n\t\t\tdata-wp-bind--aria-label=\"state.thisImage.triggerButtonAriaLabel\"\n\t\t\tdata-wp-init=\"callbacks.initTriggerButton\"\n\t\t\tdata-wp-on--click=\"actions.showLightbox\"\n\t\t\tdata-wp-style--right=\"state.thisImage.buttonRight\"\n\t\t\tdata-wp-style--top=\"state.thisImage.buttonTop\"\n\t\t>\n\t\t\t<svg xmlns=\"http:\/\/www.w3.org\/2000\/svg\" width=\"12\" height=\"12\" fill=\"none\" viewBox=\"0 0 12 12\">\n\t\t\t\t<path fill=\"#fff\" d=\"M2 0a2 2 0 0 0-2 2v2h1.5V2a.5.5 0 0 1 .5-.5h2V0H2Zm2 10.5H2a.5.5 0 0 1-.5-.5V8H0v2a2 2 0 0 0 2 2h2v-1.5ZM8 12v-1.5h2a.5.5 0 0 0 .5-.5V8H12v2a2 2 0 0 1-2 2H8Zm2-12a2 2 0 0 1 2 2v2h-1.5V2a.5.5 0 0 0-.5-.5H8V0h2Z\" \/>\n\t\t\t<\/svg>\n\t\t<\/button><figcaption class=\"wp-element-caption\">Zanzib\u00e1r (Fot\u00f3: ObonyoML \/ Wikimedia Commons, CC BY-SA 4.0)<\/figcaption><\/figure>\n\n\n\n<p class=\"wp-block-paragraph\">\u00c9jszaka csak enyh\u00e9n h\u0171l le 26,0 \u00b0C-ra, ez\u00e9rt biztosan haszn\u00e1lod majd a szobai kl\u00edm\u00e1t, \u00e9s az esti kinti \u00fcld\u00f6g\u00e9l\u00e9s is rendk\u00edv\u00fcl kellemes lesz. A nap tiszteletet parancsol\u00f3 11,2 \u00f3r\u00e1t s\u00fct naponta, a <strong>csapad\u00e9k pedig ebben az id\u0151szakban ink\u00e1bb kiv\u00e9teles<\/strong>, m\u00e9g ha a statisztika nagyj\u00e1b\u00f3l 11 kis felh\u0151s napot is mutat. Minden gyakorlati inform\u00e1ci\u00f3t az \u00fatitervez\u00e9shez a nagy <a href=\"https:\/\/loudavymkrokem.cz\/hu\/zanzibar-utazas-tippek\/\">Zanzib\u00e1r<\/a> \u00fatmutat\u00f3nkban tal\u00e1lsz.<\/p>\n\n\n\n<p class=\"wp-block-paragraph\">A barnul\u00e1s mellett mindenk\u00e9pp meg\u00e9ri kimenni a szegf\u0171szeggel \u00e9s van\u00edli\u00e1val teli \u00fcltetv\u00e9nyekre, vagy felfedezni Stone Town titokzatos sik\u00e1torait. Mivel ez az egyik legn\u00e9pszer\u0171bb t\u00e9li utaz\u00e1si id\u0151szak, mindenk\u00e9pp ford\u00edts figyelmet a sz\u00e1ll\u00e1s id\u0151ben t\u00f6rt\u00e9n\u0151 kiv\u00e1laszt\u00e1s\u00e1ra.<\/p>\n\n\n\n<p class=\"wp-block-paragraph\"><strong>\ud83d\udca1 Sz\u00e1ll\u00e1stipp:<\/strong> <a href=\"https:\/\/www.stay22.com\/allez\/roam?aid=lukaskonecny&#038;campaign=loudavymkrokemcz&#038;campaign=kam-na-dovolenou-v-unoru&#038;hotelname=Zuri%20Zanzibar&#038;address=Kendwa%2C%20Zanzibar\" target=\"_blank\" rel=\"noopener nofollow sponsored\">Zuri Zanzibar<\/a> vagy <a href=\"https:\/\/www.stay22.com\/allez\/roam?aid=lukaskonecny&#038;campaign=loudavymkrokemcz&#038;campaign=kam-na-dovolenou-v-unoru&#038;hotelname=Tulia%20Zanzibar%20Unique%20Beach%20Resort&#038;address=Pongwe%2C%20Zanzibar\" target=\"_blank\" rel=\"noopener nofollow sponsored\">Tulia Zanzibar Unique Beach Resort<\/a> Zanzib\u00e1ron.<\/p>\n\n\n\n<h3 class=\"wp-block-heading\" id=\"4_Bali_es_Indonezia\"><span class=\"ez-toc-section\" id=\"4_Bali_es_Indonezia\"><\/span>4. Bali \u00e9s Indon\u00e9zia<span class=\"ez-toc-section-end\"><\/span><\/h3>\n\n\n\n<p class=\"wp-block-paragraph\">Ha az Istenek Sziget\u00e9r\u0151l van sz\u00f3, teljesen \u0151szint\u00e9nek kell lennem veled, \u00e9s ny\u00edltan meg kell mondanom, hogy a febru\u00e1r pontosan az es\u0151s \u00e9vszak k\u00f6zep\u00e9re esik. A helyi statisztik\u00e1k ugyan ijeszt\u0151en 26,4 es\u0151s napot mutatnak a h\u00f3napban, de a gyakorlat \u00e1ltal\u00e1ban az, hogy <strong>t\u00f6bbnyire csak r\u00f6vid ideig \u00e9s intenz\u00edven esik a d\u00e9lut\u00e1ni \u00f3r\u00e1kban<\/strong>, m\u00edg d\u00e9lel\u0151tt \u00e9lvezed a napot. Az \u00e1tlagos nappali h\u0151m\u00e9rs\u00e9klet sz\u00e9p 28,8 \u00b0C-on marad, a tenger pedig hihetetlen 29,6 \u00b0C-ra melegedett.<\/p>\n\n\n\n<figure data-wp-context=\"{&quot;imageId&quot;:&quot;6a9af0d335af4&quot;}\" data-wp-interactive=\"core\/image\" data-wp-key=\"6a9af0d335af4\" class=\"wp-block-image size-full wp-lightbox-container\"><img decoding=\"async\" width=\"1500\" height=\"1000\" data-wp-class--hide=\"state.isContentHidden\" data-wp-class--show=\"state.isContentVisible\" data-wp-init=\"callbacks.setButtonStyles\" data-wp-on--click=\"actions.showLightbox\" data-wp-on--load=\"callbacks.setButtonStyles\" data-wp-on--pointerdown=\"actions.preloadImage\" data-wp-on--pointerenter=\"actions.preloadImageWithDelay\" data-wp-on--pointerleave=\"actions.cancelPreload\" data-wp-on-window--resize=\"callbacks.setButtonStyles\" src=\"https:\/\/loudavymkrokem.cz\/wp-content\/uploads\/2026\/08\/kam-na-dovolenou-v-unoru-f04.jpg\" alt=\"Bali az es\u0151s \u00e9vszakban\" class=\"wp-image-400787\" title=\"\" srcset=\"https:\/\/loudavymkrokem.cz\/wp-content\/uploads\/2026\/08\/kam-na-dovolenou-v-unoru-f04.jpg 1500w, https:\/\/loudavymkrokem.cz\/wp-content\/uploads\/2026\/08\/kam-na-dovolenou-v-unoru-f04-300x200.jpg 300w, https:\/\/loudavymkrokem.cz\/wp-content\/uploads\/2026\/08\/kam-na-dovolenou-v-unoru-f04-700x467.jpg 700w, https:\/\/loudavymkrokem.cz\/wp-content\/uploads\/2026\/08\/kam-na-dovolenou-v-unoru-f04-768x512.jpg 768w, https:\/\/loudavymkrokem.cz\/wp-content\/uploads\/2026\/08\/kam-na-dovolenou-v-unoru-f04-696x464.jpg 696w, https:\/\/loudavymkrokem.cz\/wp-content\/uploads\/2026\/08\/kam-na-dovolenou-v-unoru-f04-1392x928.jpg 1392w\" sizes=\"(max-width: 1500px) 100vw, 1500px\" \/><button\n\t\t\tclass=\"lightbox-trigger\"\n\t\t\ttype=\"button\"\n\t\t\taria-haspopup=\"dialog\"\n\t\t\tdata-wp-bind--aria-label=\"state.thisImage.triggerButtonAriaLabel\"\n\t\t\tdata-wp-init=\"callbacks.initTriggerButton\"\n\t\t\tdata-wp-on--click=\"actions.showLightbox\"\n\t\t\tdata-wp-style--right=\"state.thisImage.buttonRight\"\n\t\t\tdata-wp-style--top=\"state.thisImage.buttonTop\"\n\t\t>\n\t\t\t<svg xmlns=\"http:\/\/www.w3.org\/2000\/svg\" width=\"12\" height=\"12\" fill=\"none\" viewBox=\"0 0 12 12\">\n\t\t\t\t<path fill=\"#fff\" d=\"M2 0a2 2 0 0 0-2 2v2h1.5V2a.5.5 0 0 1 .5-.5h2V0H2Zm2 10.5H2a.5.5 0 0 1-.5-.5V8H0v2a2 2 0 0 0 2 2h2v-1.5ZM8 12v-1.5h2a.5.5 0 0 0 .5-.5V8H12v2a2 2 0 0 1-2 2H8Zm2-12a2 2 0 0 1 2 2v2h-1.5V2a.5.5 0 0 0-.5-.5H8V0h2Z\" \/>\n\t\t\t<\/svg>\n\t\t<\/button><figcaption class=\"wp-element-caption\">Bali az es\u0151s \u00e9vszakban (Fot\u00f3: Vyacheslav Argenberg \/ Wikimedia Commons, CC BY 4.0)<\/figcaption><\/figure>\n\n\n\n<p class=\"wp-block-paragraph\">Az utaz\u00f3k egyet\u00e9rtenek abban, hogy \u00e9ppen a t\u00e9li h\u00f3napok jelentik az eg\u00e9sz \u00e9v legolcs\u00f3bb \u00e9s egyben legz\u00f6ldebb r\u00e9sz\u00e9t. A rizsf\u00f6ldek \u00e9l\u00e9nk sz\u00ednekben ragyognak, a v\u00edzes\u00e9seknek \u00f3ri\u00e1si az erej\u00fck, \u00e9s <strong>minden\u00fctt sokkal kevesebb turista van, mint a ny\u00e1ri cs\u00facsban<\/strong>, amir\u0151l t\u00f6bbet olvashatsz a <a href=\"https:\/\/loudavymkrokem.cz\/hu\/bali-indonezia-latnivalok\/\">Balir\u00f3l<\/a> sz\u00f3l\u00f3 cikk\u00fcnkben. \u00c9jszaka a h\u0151m\u00e9rs\u00e9klet 24,2 \u00b0C-ig cs\u00f6kken, a nap pedig nagyj\u00e1b\u00f3l 9,4 \u00f3r\u00e1t s\u00fct naponta.<\/p>\n\n\n\n<p class=\"wp-block-paragraph\">Ez az id\u0151pont teljesen ide\u00e1lis a digit\u00e1lis nom\u00e1doknak, sz\u00f6rf\u00f6s\u00f6knek \u00e9s mindenkinek, akit nem zavar egy-egy tr\u00f3pusi felh\u0151szakad\u00e1s. Kiv\u00e1l\u00f3 v\u00e1laszt\u00e1s a febru\u00e1ri tart\u00f3zkod\u00e1shoz a d\u00e9li f\u00e9lsziget, ahol valamivel kevesebb a csapad\u00e9k, ez\u00e9rt n\u00e9zd meg a tippjeinket az <a href=\"https:\/\/loudavymkrokem.cz\/hu\/uluwatu-bali\/\">Uluwatu<\/a> r\u00e9gi\u00f3hoz.<\/p>\n\n\n\n<h3 class=\"wp-block-heading\" id=\"5_Sri_Lanka_a_delnyugat_a_legjobb_formaban\"><span class=\"ez-toc-section\" id=\"5_Sri_Lanka_a_delnyugat_a_legjobb_formaban\"><\/span>5. Sr\u00ed Lanka: a d\u00e9lnyugat a legjobb form\u00e1ban<span class=\"ez-toc-section-end\"><\/span><\/h3>\n\n\n\n<p class=\"wp-block-paragraph\">A febru\u00e1ri Sr\u00ed Lanka a legszebb arc\u00e1t f\u0151leg a d\u00e9lnyugati parton \u00e9s a k\u00f6zponti bels\u0151 ter\u00fcleteken mutatja. M\u00edg a sziget \u00e9szaki \u00e9s keleti r\u00e9sz\u00e9t \u00e9ppen a monszun ostorozza, az olyan ter\u00fcletek, mint Galle, Mirissa vagy a n\u00e9pszer\u0171 Unawatuna <strong>teljesen luxus felt\u00e9teleket<\/strong> jelentenek f\u00fcrd\u00e9shez \u00e9s felfedez\u00e9shez egyar\u00e1nt. A leveg\u0151 h\u0151m\u00e9rs\u00e9klete stabilan 28,4 \u00b0C k\u00f6r\u00fcl marad nappal \u00e9s 24,3 \u00b0C \u00e9jszaka, ami ide\u00e1lis kompromisszum a h\u0151s\u00e9g \u00e9s a kellemes h\u0171v\u00f6s k\u00f6z\u00f6tt.<\/p>\n\n\n\n<figure data-wp-context=\"{&quot;imageId&quot;:&quot;6a9af0d336041&quot;}\" data-wp-interactive=\"core\/image\" data-wp-key=\"6a9af0d336041\" class=\"wp-block-image size-full wp-lightbox-container\"><img decoding=\"async\" width=\"1326\" height=\"885\" data-wp-class--hide=\"state.isContentHidden\" data-wp-class--show=\"state.isContentVisible\" data-wp-init=\"callbacks.setButtonStyles\" data-wp-on--click=\"actions.showLightbox\" data-wp-on--load=\"callbacks.setButtonStyles\" data-wp-on--pointerdown=\"actions.preloadImage\" data-wp-on--pointerenter=\"actions.preloadImageWithDelay\" data-wp-on--pointerleave=\"actions.cancelPreload\" data-wp-on-window--resize=\"callbacks.setButtonStyles\" src=\"https:\/\/loudavymkrokem.cz\/wp-content\/uploads\/2026\/08\/kam-na-dovolenou-v-unoru-f05.jpg\" alt=\"Sr\u00ed Lanka d\u00e9lnyugati r\u00e9sze\" class=\"wp-image-400792\" title=\"\" srcset=\"https:\/\/loudavymkrokem.cz\/wp-content\/uploads\/2026\/08\/kam-na-dovolenou-v-unoru-f05.jpg 1326w, https:\/\/loudavymkrokem.cz\/wp-content\/uploads\/2026\/08\/kam-na-dovolenou-v-unoru-f05-300x200.jpg 300w, https:\/\/loudavymkrokem.cz\/wp-content\/uploads\/2026\/08\/kam-na-dovolenou-v-unoru-f05-700x467.jpg 700w, https:\/\/loudavymkrokem.cz\/wp-content\/uploads\/2026\/08\/kam-na-dovolenou-v-unoru-f05-768x513.jpg 768w, https:\/\/loudavymkrokem.cz\/wp-content\/uploads\/2026\/08\/kam-na-dovolenou-v-unoru-f05-696x465.jpg 696w\" sizes=\"(max-width: 1326px) 100vw, 1326px\" \/><button\n\t\t\tclass=\"lightbox-trigger\"\n\t\t\ttype=\"button\"\n\t\t\taria-haspopup=\"dialog\"\n\t\t\tdata-wp-bind--aria-label=\"state.thisImage.triggerButtonAriaLabel\"\n\t\t\tdata-wp-init=\"callbacks.initTriggerButton\"\n\t\t\tdata-wp-on--click=\"actions.showLightbox\"\n\t\t\tdata-wp-style--right=\"state.thisImage.buttonRight\"\n\t\t\tdata-wp-style--top=\"state.thisImage.buttonTop\"\n\t\t>\n\t\t\t<svg xmlns=\"http:\/\/www.w3.org\/2000\/svg\" width=\"12\" height=\"12\" fill=\"none\" viewBox=\"0 0 12 12\">\n\t\t\t\t<path fill=\"#fff\" d=\"M2 0a2 2 0 0 0-2 2v2h1.5V2a.5.5 0 0 1 .5-.5h2V0H2Zm2 10.5H2a.5.5 0 0 1-.5-.5V8H0v2a2 2 0 0 0 2 2h2v-1.5ZM8 12v-1.5h2a.5.5 0 0 0 .5-.5V8H12v2a2 2 0 0 1-2 2H8Zm2-12a2 2 0 0 1 2 2v2h-1.5V2a.5.5 0 0 0-.5-.5H8V0h2Z\" \/>\n\t\t\t<\/svg>\n\t\t<\/button><figcaption class=\"wp-element-caption\">Sr\u00ed Lanka d\u00e9lnyugati r\u00e9sze (Fot\u00f3: Praveenshashika \/ Wikimedia Commons, CC BY-SA 4.0)<\/figcaption><\/figure>\n\n\n\n<p class=\"wp-block-paragraph\">Az \u00f3ce\u00e1n vize csod\u00e1latos 27,8 \u00b0C, a nap pedig napi b\u0151kez\u0171 11 \u00f3r\u00e1nyi s\u00fct\u00e9ssel \u00f6rvendeztet meg. Ez a h\u00f3nap r\u00e1ad\u00e1sul \u00f3ri\u00e1si cs\u00e1b\u00edt\u00e1s az \u00e1llatok szerelmeseinek, mert <strong>\u00e9ppen zajlik az \u00f3ri\u00e1si b\u00e1ln\u00e1k megfigyel\u00e9s\u00e9nek f\u0151 szezonja Mirissa partjain\u00e1l<\/strong>, ami \u00e1ll\u00edt\u00f3lag az eg\u00e9sz \u00fat egyik legszebb pillanataihoz tartozik. Az utad teljes \u00fatiterv\u00e9t a <a href=\"https:\/\/loudavymkrokem.cz\/hu\/sri-lanka-latnivalok\/\">Sr\u00ed Lanka<\/a> cikk\u00fcnkben tal\u00e1lod.<\/p>\n\n\n\n<p class=\"wp-block-paragraph\">A kedvez\u0151 id\u0151j\u00e1r\u00e1si h\u00edrek ellen\u00e9re j\u00f3 sz\u00e1molni \u00e1tlagosan 12 es\u0151s nappal, amelyek azonban t\u00f6bbnyire csak r\u00f6vid tr\u00f3pusi z\u00e1por form\u00e1j\u00e1ban jelentkeznek. Nekik k\u00f6sz\u00f6nhet\u0151en maradnak a bels\u0151 ter\u00fcletek tea\u00fcltetv\u00e9nyei csod\u00e1latosan \u00fcd\u00e9k, a h\u00edres k\u00e9k vonaton \u00e1t a dombok k\u00f6z\u00f6tt tett utaz\u00e1s pedig teljesen le fog ny\u0171g\u00f6zni.<\/p>\n\n\n\n<h3 class=\"wp-block-heading\" id=\"6_Mauritius_es_Seychelle_szigetek\"><span class=\"ez-toc-section\" id=\"6_Mauritius_es_a_Seychelle-szigetek\"><\/span>6. Mauritius \u00e9s a Seychelle-szigetek<span class=\"ez-toc-section-end\"><\/span><\/h3>\n\n\n\n<p class=\"wp-block-paragraph\">Az Indiai-\u00f3ce\u00e1n szigeteire tervezett utaz\u00e1sn\u00e1l rendk\u00edv\u00fcl fontos gondolni arra, hogy a d\u00e9li f\u00e9ltek\u00e9n helyezkednek el. A febru\u00e1r itt a ny\u00e1r teljes cs\u00facsa, amib\u0151l <strong>nagyon forr\u00f3 \u00e9s f\u0151leg magas p\u00e1ratartalm\u00fa \u00e9ghajlat<\/strong> ered, ami nem mindenkinek felel meg. Nappal 29,5 \u00b0C k\u00f6r\u00fcli h\u0151m\u00e9rs\u00e9kletre k\u00e9sz\u00fclj, \u00e9s m\u00e9g az \u00e9jszak\u00e1k sem hoznak sok enyh\u00fcl\u00e9st a minden\u00fctt jelenl\u00e9v\u0151 h\u0151s\u00e9gt\u0151l a maguk 24,7 \u00b0C-\u00e1val.<\/p>\n\n\n\n<figure data-wp-context=\"{&quot;imageId&quot;:&quot;6a9af0d336547&quot;}\" data-wp-interactive=\"core\/image\" data-wp-key=\"6a9af0d336547\" class=\"wp-block-image size-full wp-lightbox-container\"><img decoding=\"async\" width=\"1500\" height=\"716\" data-wp-class--hide=\"state.isContentHidden\" data-wp-class--show=\"state.isContentVisible\" data-wp-init=\"callbacks.setButtonStyles\" data-wp-on--click=\"actions.showLightbox\" data-wp-on--load=\"callbacks.setButtonStyles\" data-wp-on--pointerdown=\"actions.preloadImage\" data-wp-on--pointerenter=\"actions.preloadImageWithDelay\" data-wp-on--pointerleave=\"actions.cancelPreload\" data-wp-on-window--resize=\"callbacks.setButtonStyles\" src=\"https:\/\/loudavymkrokem.cz\/wp-content\/uploads\/2026\/08\/kam-na-dovolenou-v-unoru-f06.jpg\" alt=\"Mauritius\" class=\"wp-image-400797\" title=\"\" srcset=\"https:\/\/loudavymkrokem.cz\/wp-content\/uploads\/2026\/08\/kam-na-dovolenou-v-unoru-f06.jpg 1500w, https:\/\/loudavymkrokem.cz\/wp-content\/uploads\/2026\/08\/kam-na-dovolenou-v-unoru-f06-300x143.jpg 300w, https:\/\/loudavymkrokem.cz\/wp-content\/uploads\/2026\/08\/kam-na-dovolenou-v-unoru-f06-700x334.jpg 700w, https:\/\/loudavymkrokem.cz\/wp-content\/uploads\/2026\/08\/kam-na-dovolenou-v-unoru-f06-768x367.jpg 768w, https:\/\/loudavymkrokem.cz\/wp-content\/uploads\/2026\/08\/kam-na-dovolenou-v-unoru-f06-696x332.jpg 696w, https:\/\/loudavymkrokem.cz\/wp-content\/uploads\/2026\/08\/kam-na-dovolenou-v-unoru-f06-1392x664.jpg 1392w\" sizes=\"(max-width: 1500px) 100vw, 1500px\" \/><button\n\t\t\tclass=\"lightbox-trigger\"\n\t\t\ttype=\"button\"\n\t\t\taria-haspopup=\"dialog\"\n\t\t\tdata-wp-bind--aria-label=\"state.thisImage.triggerButtonAriaLabel\"\n\t\t\tdata-wp-init=\"callbacks.initTriggerButton\"\n\t\t\tdata-wp-on--click=\"actions.showLightbox\"\n\t\t\tdata-wp-style--right=\"state.thisImage.buttonRight\"\n\t\t\tdata-wp-style--top=\"state.thisImage.buttonTop\"\n\t\t>\n\t\t\t<svg xmlns=\"http:\/\/www.w3.org\/2000\/svg\" width=\"12\" height=\"12\" fill=\"none\" viewBox=\"0 0 12 12\">\n\t\t\t\t<path fill=\"#fff\" d=\"M2 0a2 2 0 0 0-2 2v2h1.5V2a.5.5 0 0 1 .5-.5h2V0H2Zm2 10.5H2a.5.5 0 0 1-.5-.5V8H0v2a2 2 0 0 0 2 2h2v-1.5ZM8 12v-1.5h2a.5.5 0 0 0 .5-.5V8H12v2a2 2 0 0 1-2 2H8Zm2-12a2 2 0 0 1 2 2v2h-1.5V2a.5.5 0 0 0-.5-.5H8V0h2Z\" \/>\n\t\t\t<\/svg>\n\t\t<\/button><figcaption class=\"wp-element-caption\">Mauritius (Fot\u00f3: NorbertNagel \/ Wikimedia Commons, CC BY-SA 4.0)<\/figcaption><\/figure>\n\n\n\n<p class=\"wp-block-paragraph\">Ugyanakkor \u0151szint\u00e9n figyelmeztetnem kell, hogy \u00e9ppen a t\u00e9li h\u00f3napok esnek a n\u00e9pszer\u0171tlen ciklonszezonba. A statisztik\u00e1k ugyan sz\u00e9p 11,4 \u00f3ra naps\u00fct\u00e9st mutatnak, de <strong>magas, 21,5 csapad\u00e9kos napot<\/strong> is, teh\u00e1t sz\u00e1molnod kell azzal, hogy sz\u00e1zsz\u00e1zal\u00e9kosan k\u00e9k eget senki sem garant\u00e1l. T\u00f6bb r\u00e9szletet a helyi \u00e9ghajlatr\u00f3l \u00e9s a kir\u00e1ndul\u00e1si tippekr\u0151l a <a href=\"https:\/\/loudavymkrokem.cz\/hu\/mauritius-utazas-latnivalok\/\">Mauritius<\/a> linkje alatt foglaltunk \u00f6ssze.<\/p>\n\n\n\n<p class=\"wp-block-paragraph\">M\u00e1sr\u00e9szt t\u00f6k\u00e9letesen felmelegedett, 28,0 \u00b0C-os tenger v\u00e1r r\u00e1d, amely sz\u00f3 szerint eg\u00e9sz napos snorkelez\u00e9sre cs\u00e1b\u00edt. A term\u00e9szet r\u00e1ad\u00e1sul a gyakoribb csapad\u00e9knak k\u00f6sz\u00f6nhet\u0151en csod\u00e1latosan vir\u00e1gz\u00f3, a v\u00edzes\u00e9sek pedig a legnagyobb erej\u00fcket \u00e9rik el, ami a bels\u0151 ter\u00fcletekre tett kir\u00e1ndul\u00e1sokat pomp\u00e1s \u00e9lm\u00e9nny\u00e9 teszi.<\/p>\n\n\n\n<h3 class=\"wp-block-heading\" id=\"7_Karib_terseg_es_Mexiko_az_ev_legjobb_resze\"><span class=\"ez-toc-section\" id=\"7_Karib-terseg_es_Mexiko_az_ev_legjobb_resze\"><\/span>7. Karib-t\u00e9rs\u00e9g \u00e9s Mexik\u00f3: az \u00e9v legjobb r\u00e9sze<span class=\"ez-toc-section-end\"><\/span><\/h3>\n\n\n\n<p class=\"wp-block-paragraph\">A Karib-t\u00e9rs\u00e9g febru\u00e1rban \u00e9li \u00e1t abszol\u00fat aranykor\u00e1t, \u00e9s jobb id\u0151z\u00edt\u00e9st a tengerent\u00fali \u00fatra hi\u00e1ba keresn\u00e9l. A hurrik\u00e1nszezon m\u00e1r r\u00e9g biztons\u00e1gosan m\u00f6g\u00f6tt\u00fcnk van, \u00e9s stabil, nagyon kellemes id\u0151j\u00e1r\u00e1s v\u00e1ltotta fel <strong>26,8 \u00b0C k\u00f6r\u00fcli nappali \u00e9s 22,4 \u00b0C-os \u00e9jszakai h\u0151m\u00e9rs\u00e9klettel<\/strong>. A tenger a mexik\u00f3i Canc\u00fanban \u00e9s a k\u00f6rnyez\u0151 szigeteken ide\u00e1lis 26,7 \u00b0C-ot k\u00edn\u00e1l, a nap pedig nagyj\u00e1b\u00f3l napi 10,5 \u00f3r\u00e1t mosolyog r\u00e1d.<\/p>\n\n\n\n<figure data-wp-context=\"{&quot;imageId&quot;:&quot;6a9af0d336a24&quot;}\" data-wp-interactive=\"core\/image\" data-wp-key=\"6a9af0d336a24\" class=\"wp-block-image size-full wp-lightbox-container\"><img decoding=\"async\" width=\"1500\" height=\"845\" data-wp-class--hide=\"state.isContentHidden\" data-wp-class--show=\"state.isContentVisible\" data-wp-init=\"callbacks.setButtonStyles\" data-wp-on--click=\"actions.showLightbox\" data-wp-on--load=\"callbacks.setButtonStyles\" data-wp-on--pointerdown=\"actions.preloadImage\" data-wp-on--pointerenter=\"actions.preloadImageWithDelay\" data-wp-on--pointerleave=\"actions.cancelPreload\" data-wp-on-window--resize=\"callbacks.setButtonStyles\" src=\"https:\/\/loudavymkrokem.cz\/wp-content\/uploads\/2026\/08\/kam-na-dovolenou-v-unoru-f07.jpg\" alt=\"Mexik\u00f3 karibi partja\" class=\"wp-image-400800\" title=\"\" srcset=\"https:\/\/loudavymkrokem.cz\/wp-content\/uploads\/2026\/08\/kam-na-dovolenou-v-unoru-f07.jpg 1500w, https:\/\/loudavymkrokem.cz\/wp-content\/uploads\/2026\/08\/kam-na-dovolenou-v-unoru-f07-300x169.jpg 300w, https:\/\/loudavymkrokem.cz\/wp-content\/uploads\/2026\/08\/kam-na-dovolenou-v-unoru-f07-700x394.jpg 700w, https:\/\/loudavymkrokem.cz\/wp-content\/uploads\/2026\/08\/kam-na-dovolenou-v-unoru-f07-768x433.jpg 768w, https:\/\/loudavymkrokem.cz\/wp-content\/uploads\/2026\/08\/kam-na-dovolenou-v-unoru-f07-696x392.jpg 696w, https:\/\/loudavymkrokem.cz\/wp-content\/uploads\/2026\/08\/kam-na-dovolenou-v-unoru-f07-1392x784.jpg 1392w\" sizes=\"(max-width: 1500px) 100vw, 1500px\" \/><button\n\t\t\tclass=\"lightbox-trigger\"\n\t\t\ttype=\"button\"\n\t\t\taria-haspopup=\"dialog\"\n\t\t\tdata-wp-bind--aria-label=\"state.thisImage.triggerButtonAriaLabel\"\n\t\t\tdata-wp-init=\"callbacks.initTriggerButton\"\n\t\t\tdata-wp-on--click=\"actions.showLightbox\"\n\t\t\tdata-wp-style--right=\"state.thisImage.buttonRight\"\n\t\t\tdata-wp-style--top=\"state.thisImage.buttonTop\"\n\t\t>\n\t\t\t<svg xmlns=\"http:\/\/www.w3.org\/2000\/svg\" width=\"12\" height=\"12\" fill=\"none\" viewBox=\"0 0 12 12\">\n\t\t\t\t<path fill=\"#fff\" d=\"M2 0a2 2 0 0 0-2 2v2h1.5V2a.5.5 0 0 1 .5-.5h2V0H2Zm2 10.5H2a.5.5 0 0 1-.5-.5V8H0v2a2 2 0 0 0 2 2h2v-1.5ZM8 12v-1.5h2a.5.5 0 0 0 .5-.5V8H12v2a2 2 0 0 1-2 2H8Zm2-12a2 2 0 0 1 2 2v2h-1.5V2a.5.5 0 0 0-.5-.5H8V0h2Z\" \/>\n\t\t\t<\/svg>\n\t\t<\/button><figcaption class=\"wp-element-caption\">Mexik\u00f3 karibi partja (Fot\u00f3: Martin Falbisoner \/ Wikimedia Commons, CC BY-SA 4.0)<\/figcaption><\/figure>\n\n\n\n<p class=\"wp-block-paragraph\">Mivel a turistaszezon abszol\u00fat cs\u00facs\u00e1r\u00f3l van sz\u00f3, el\u0151re fel kell k\u00e9sz\u00edtenelek arra, hogy <strong>a repjegyek \u00e9s resortok \u00e1rai \u00e9ves maximumon vannak<\/strong>. A helyi hotelek repednek a t\u00e9l el\u0151l menek\u00fcl\u0151 amerikaiak rohama alatt, ez\u00e9rt ha az <a href=\"https:\/\/loudavymkrokem.cz\/hu\/all-inclusive-mexiko-resort\/\">all inclusive Mexik\u00f3ban<\/a> t\u00edpus\u00fa tart\u00f3zkod\u00e1son gondolkozol, ne halogasd feleslegesen a foglal\u00e1st.<\/p>\n\n\n\n<p class=\"wp-block-paragraph\">A csapad\u00e9kt\u00f3l ebben az id\u0151szakban nem kell tartanod, a statisztik\u00e1k ugyan nagyj\u00e1b\u00f3l t\u00edz z\u00e1pores napot eml\u00edtenek, de val\u00f3j\u00e1ban elhanyagolhat\u00f3 mennyis\u00e9g\u0171 v\u00edzr\u0151l van sz\u00f3. Ha m\u00e1s h\u00f3napokat is fontolgatsz, \u00e9s biztosra akarsz menni a remek id\u0151j\u00e1r\u00e1ssal kapcsolatban, aj\u00e1nlom, hogy tanulm\u00e1nyozd \u00e1t a nagy \u00e1ttekint\u00e9s\u00fcnket arr\u00f3l, <a href=\"https:\/\/loudavymkrokem.cz\/hu\/mikor-utazz-mexikoba\/\">mikor utazz Mexik\u00f3ba<\/a>.<\/p>\n\n\n\n<h3 class=\"wp-block-heading\" id=\"8_Vietnam_es_Delkelet_Azsia\"><span class=\"ez-toc-section\" id=\"8_Vietnam_es_Delkelet-Azsia\"><\/span>8. Vietn\u00e1m \u00e9s D\u00e9lkelet-\u00c1zsia<span class=\"ez-toc-section-end\"><\/span><\/h3>\n\n\n\n<p class=\"wp-block-paragraph\">A febru\u00e1ri Vietn\u00e1m id\u0151j\u00e1r\u00e1s szempontj\u00e1b\u00f3l egy hatalmas, ellent\u00e9tekkel teli orsz\u00e1g, amelyre az \u00fatiterv tervez\u00e9sekor oda kell figyelned. M\u00edg \u00e9szakon a Ha Long-\u00f6b\u00f6l k\u00f6rny\u00e9k\u00e9n hideg \u00e9s k\u00f6d\u00f6s van <strong>alig 20,8 \u00b0C k\u00f6r\u00fcli nappali h\u0151m\u00e9rs\u00e9klettel \u00e9s 18,9 \u00b0C-os tengerrel<\/strong>, addig d\u00e9len Ho Si Minh-v\u00e1ros \u00e9s Phu Quoc szigete k\u00f6r\u00fcl csod\u00e1latos sz\u00e1razs\u00e1g \u00e9s tipikus tr\u00f3pusi meleg uralkodik. A nap \u00e9szakon r\u00e1ad\u00e1sul csak 5,5 \u00f3r\u00e1ra bukkan el\u0151 naponta, az \u00e9jszak\u00e1k pedig a maguk 15,3 \u00b0C-\u00e1val el\u00e9g hidegek.<\/p>\n\n\n\n<figure data-wp-context=\"{&quot;imageId&quot;:&quot;6a9af0d336f37&quot;}\" data-wp-interactive=\"core\/image\" data-wp-key=\"6a9af0d336f37\" class=\"wp-block-image size-full wp-lightbox-container\"><img decoding=\"async\" width=\"1500\" height=\"1124\" data-wp-class--hide=\"state.isContentHidden\" data-wp-class--show=\"state.isContentVisible\" data-wp-init=\"callbacks.setButtonStyles\" data-wp-on--click=\"actions.showLightbox\" data-wp-on--load=\"callbacks.setButtonStyles\" data-wp-on--pointerdown=\"actions.preloadImage\" data-wp-on--pointerenter=\"actions.preloadImageWithDelay\" data-wp-on--pointerleave=\"actions.cancelPreload\" data-wp-on-window--resize=\"callbacks.setButtonStyles\" src=\"https:\/\/loudavymkrokem.cz\/wp-content\/uploads\/2026\/08\/kam-na-dovolenou-v-unoru-f08.jpg\" alt=\"D\u00e9l-Vietn\u00e1m\" class=\"wp-image-400802\" title=\"\" srcset=\"https:\/\/loudavymkrokem.cz\/wp-content\/uploads\/2026\/08\/kam-na-dovolenou-v-unoru-f08.jpg 1500w, https:\/\/loudavymkrokem.cz\/wp-content\/uploads\/2026\/08\/kam-na-dovolenou-v-unoru-f08-300x225.jpg 300w, https:\/\/loudavymkrokem.cz\/wp-content\/uploads\/2026\/08\/kam-na-dovolenou-v-unoru-f08-700x525.jpg 700w, https:\/\/loudavymkrokem.cz\/wp-content\/uploads\/2026\/08\/kam-na-dovolenou-v-unoru-f08-768x575.jpg 768w, https:\/\/loudavymkrokem.cz\/wp-content\/uploads\/2026\/08\/kam-na-dovolenou-v-unoru-f08-80x60.jpg 80w, https:\/\/loudavymkrokem.cz\/wp-content\/uploads\/2026\/08\/kam-na-dovolenou-v-unoru-f08-160x120.jpg 160w, https:\/\/loudavymkrokem.cz\/wp-content\/uploads\/2026\/08\/kam-na-dovolenou-v-unoru-f08-696x522.jpg 696w, https:\/\/loudavymkrokem.cz\/wp-content\/uploads\/2026\/08\/kam-na-dovolenou-v-unoru-f08-1392x1043.jpg 1392w\" sizes=\"(max-width: 1500px) 100vw, 1500px\" \/><button\n\t\t\tclass=\"lightbox-trigger\"\n\t\t\ttype=\"button\"\n\t\t\taria-haspopup=\"dialog\"\n\t\t\tdata-wp-bind--aria-label=\"state.thisImage.triggerButtonAriaLabel\"\n\t\t\tdata-wp-init=\"callbacks.initTriggerButton\"\n\t\t\tdata-wp-on--click=\"actions.showLightbox\"\n\t\t\tdata-wp-style--right=\"state.thisImage.buttonRight\"\n\t\t\tdata-wp-style--top=\"state.thisImage.buttonTop\"\n\t\t>\n\t\t\t<svg xmlns=\"http:\/\/www.w3.org\/2000\/svg\" width=\"12\" height=\"12\" fill=\"none\" viewBox=\"0 0 12 12\">\n\t\t\t\t<path fill=\"#fff\" d=\"M2 0a2 2 0 0 0-2 2v2h1.5V2a.5.5 0 0 1 .5-.5h2V0H2Zm2 10.5H2a.5.5 0 0 1-.5-.5V8H0v2a2 2 0 0 0 2 2h2v-1.5ZM8 12v-1.5h2a.5.5 0 0 0 .5-.5V8H12v2a2 2 0 0 1-2 2H8Zm2-12a2 2 0 0 1 2 2v2h-1.5V2a.5.5 0 0 0-.5-.5H8V0h2Z\" \/>\n\t\t\t<\/svg>\n\t\t<\/button><figcaption class=\"wp-element-caption\">D\u00e9l-Vietn\u00e1m (Fot\u00f3: Vivu Vietnam \/ Wikimedia Commons, CC BY-SA 4.0)<\/figcaption><\/figure>\n\n\n\n<p class=\"wp-block-paragraph\">Minden utaz\u00f3 sz\u00e1m\u00e1ra alapvet\u0151 inform\u00e1ci\u00f3, hogy \u00e9ppen febru\u00e1rra esik \u00e1ltal\u00e1ban a Tet nev\u0171 hold\u00faj\u00e9vi \u00fcnnep. Ezen jelent\u0151s \u00fcnnep alatt az eg\u00e9sz orsz\u00e1g mozg\u00e1sba lend\u00fcl, <strong>sok l\u00e1tv\u00e1nyoss\u00e1g \u00e9s csal\u00e1di v\u00e1llalkoz\u00e1s z\u00e1rva van<\/strong>, a vonat- \u00e9s buszjegyek pedig hossz\u00fa hetekkel el\u0151re elfogynak.<\/p>\n\n\n\n<p class=\"wp-block-paragraph\">Ha az orsz\u00e1g d\u00e9li r\u00e9sz\u00e9t v\u00e1lasztod, jutalmad \u00fcres strandok, luxusf\u00fcrd\u00e9s \u00e9s illatos f\u0171szern\u00f6v\u00e9nyekkel meg t\u00e9szt\u00e1kkal teli asztalok lesznek. Az utaz\u00f3k nagyon dics\u00e9rik, hogy ebben az id\u0151szakban nem esik, \u00edgy teljesen a piacok felfedez\u00e9s\u00e9nek \u00e9s a rizsf\u00f6ldek k\u00f6z\u00f6tt robog\u00f3 sk\u00fatert\u00far\u00e1knak szentelheted magad.<\/p>\n\n\n\n<h3 class=\"wp-block-heading\" id=\"9_Japan_es_Azsia_mas_elmenyert\"><span class=\"ez-toc-section\" id=\"9_Japan_es_Azsia_mas_elmenyert\"><\/span>9. Jap\u00e1n \u00e9s \u00c1zsia m\u00e1s \u00e9lm\u00e9ny\u00e9rt<span class=\"ez-toc-section-end\"><\/span><\/h3>\n\n\n\n<p class=\"wp-block-paragraph\">Ha a f\u00fcrd\u00e9s nem cs\u00e1b\u00edt, \u00e9s ink\u00e1bb egy rendes telet \u00e9ln\u00e9l \u00e1t \u00f3ri\u00e1si adag kult\u00far\u00e1val, indulj a felkel\u0151 nap orsz\u00e1g\u00e1ba. Toki\u00f3ban febru\u00e1rban ugyan el\u00e9g hideg van <strong>\u00e1tlagos 10,3 \u00b0C-os nappali h\u0151m\u00e9rs\u00e9klettel \u00e9s 1,1 \u00b0C-ig s\u00fcllyed\u0151 \u00e9jszakai fagyokkal<\/strong>, de ez az \u00e9vszak teljesen egyedi hangulatot k\u00edn\u00e1l. A tenger a maga 10,2 \u00b0C-\u00e1val ugyan nem cs\u00e1b\u00edt f\u00fcrd\u00e9sre, de a nap sz\u00e9p nyolc \u00f3r\u00e1t s\u00fct naponta, \u00e9s nagyj\u00e1b\u00f3l csak nyolc napig esik a h\u00f3napban.<\/p>\n\n\n\n<figure data-wp-context=\"{&quot;imageId&quot;:&quot;6a9af0d337435&quot;}\" data-wp-interactive=\"core\/image\" data-wp-key=\"6a9af0d337435\" class=\"wp-block-image size-full wp-lightbox-container\"><img decoding=\"async\" width=\"1500\" height=\"1125\" data-wp-class--hide=\"state.isContentHidden\" data-wp-class--show=\"state.isContentVisible\" data-wp-init=\"callbacks.setButtonStyles\" data-wp-on--click=\"actions.showLightbox\" data-wp-on--load=\"callbacks.setButtonStyles\" data-wp-on--pointerdown=\"actions.preloadImage\" data-wp-on--pointerenter=\"actions.preloadImageWithDelay\" data-wp-on--pointerleave=\"actions.cancelPreload\" data-wp-on-window--resize=\"callbacks.setButtonStyles\" src=\"https:\/\/loudavymkrokem.cz\/wp-content\/uploads\/2026\/08\/kam-na-dovolenou-v-unoru-f09.jpg\" alt=\"Jap\u00e1n t\u00e9len\" class=\"wp-image-400804\" title=\"\" srcset=\"https:\/\/loudavymkrokem.cz\/wp-content\/uploads\/2026\/08\/kam-na-dovolenou-v-unoru-f09.jpg 1500w, https:\/\/loudavymkrokem.cz\/wp-content\/uploads\/2026\/08\/kam-na-dovolenou-v-unoru-f09-300x225.jpg 300w, https:\/\/loudavymkrokem.cz\/wp-content\/uploads\/2026\/08\/kam-na-dovolenou-v-unoru-f09-700x525.jpg 700w, https:\/\/loudavymkrokem.cz\/wp-content\/uploads\/2026\/08\/kam-na-dovolenou-v-unoru-f09-768x576.jpg 768w, https:\/\/loudavymkrokem.cz\/wp-content\/uploads\/2026\/08\/kam-na-dovolenou-v-unoru-f09-80x60.jpg 80w, https:\/\/loudavymkrokem.cz\/wp-content\/uploads\/2026\/08\/kam-na-dovolenou-v-unoru-f09-160x120.jpg 160w, https:\/\/loudavymkrokem.cz\/wp-content\/uploads\/2026\/08\/kam-na-dovolenou-v-unoru-f09-696x522.jpg 696w, https:\/\/loudavymkrokem.cz\/wp-content\/uploads\/2026\/08\/kam-na-dovolenou-v-unoru-f09-1392x1044.jpg 1392w\" sizes=\"(max-width: 1500px) 100vw, 1500px\" \/><button\n\t\t\tclass=\"lightbox-trigger\"\n\t\t\ttype=\"button\"\n\t\t\taria-haspopup=\"dialog\"\n\t\t\tdata-wp-bind--aria-label=\"state.thisImage.triggerButtonAriaLabel\"\n\t\t\tdata-wp-init=\"callbacks.initTriggerButton\"\n\t\t\tdata-wp-on--click=\"actions.showLightbox\"\n\t\t\tdata-wp-style--right=\"state.thisImage.buttonRight\"\n\t\t\tdata-wp-style--top=\"state.thisImage.buttonTop\"\n\t\t>\n\t\t\t<svg xmlns=\"http:\/\/www.w3.org\/2000\/svg\" width=\"12\" height=\"12\" fill=\"none\" viewBox=\"0 0 12 12\">\n\t\t\t\t<path fill=\"#fff\" d=\"M2 0a2 2 0 0 0-2 2v2h1.5V2a.5.5 0 0 1 .5-.5h2V0H2Zm2 10.5H2a.5.5 0 0 1-.5-.5V8H0v2a2 2 0 0 0 2 2h2v-1.5ZM8 12v-1.5h2a.5.5 0 0 0 .5-.5V8H12v2a2 2 0 0 1-2 2H8Zm2-12a2 2 0 0 1 2 2v2h-1.5V2a.5.5 0 0 0-.5-.5H8V0h2Z\" \/>\n\t\t\t<\/svg>\n\t\t<\/button><figcaption class=\"wp-element-caption\">Jap\u00e1n t\u00e9len (Fot\u00f3: Manish Prabhune \/ Wikimedia Commons, CC BY 4.0)<\/figcaption><\/figure>\n\n\n\n<p class=\"wp-block-paragraph\">M\u00edg az \u00e9szaki Hokkaid\u00f3 szigeten \u00e9ppen zajlik a h\u00f3fesztiv\u00e1lok pomp\u00e1s szezonja hatalmas j\u00e9gszobrokkal, az \u0151si Kiot\u00f3 sik\u00e1torai <strong>gy\u00f6ny\u00f6r\u0171en \u00fcres templomokkal \u00f6rvendeztetnek meg turistat\u00f6megek n\u00e9lk\u00fcl<\/strong>. R\u00e1ad\u00e1sul \u00e9ppen a t\u00e9l v\u00e9ge az az id\u0151szak, amikor az eg\u00e9sz \u00e9v legolcs\u00f3bb repjegyeit foghatod. Az utad inspir\u00e1ci\u00f3j\u00e1hoz aj\u00e1nlom, hogy n\u00e9zd \u00e1t a <a href=\"https:\/\/loudavymkrokem.cz\/hu\/japan-nyaralas-tippek\/\">jap\u00e1n nyaral\u00e1s<\/a> cikk\u00fcnket.<\/p>\n\n\n\n<p class=\"wp-block-paragraph\">A hidegebb id\u0151ben utaz\u00e1snak \u00f3ri\u00e1si el\u0151nye, hogy teljesen \u00e9s lelkiismeret-furdal\u00e1s n\u00e9lk\u00fcl \u00e9lvezheted a helyi term\u00e1lforr\u00e1sokat, az onseneket, amelyek este t\u00f6k\u00e9letesen \u00e1tmeleg\u00edtenek. Ha m\u00e9g mindig bizonytalan vagy az id\u0151pontban, \u00f6ssze\u00e1ll\u00edtottunk neked egy r\u00e9szletes \u00fatmutat\u00f3t arr\u00f3l, <a href=\"https:\/\/loudavymkrokem.cz\/hu\/mikor-utazni-japan\/\">mikor utazz Jap\u00e1nba<\/a>.<\/p>\n\n\n\n<h2 class=\"wp-block-heading\" id=\"Hova_menj_februarban_napert_hosszu_repules_nelkul_6_uticel\"><span class=\"ez-toc-section\" id=\"Hova_menj_februarban_napert_hosszu_repules_nelkul_6_uti_cel\"><\/span>Hov\u00e1 menj febru\u00e1rban nap\u00e9rt hossz\u00fa rep\u00fcl\u00e9s n\u00e9lk\u00fcl: 6 \u00fati c\u00e9l<span class=\"ez-toc-section-end\"><\/span><\/h2>\n\n\n\n<p class=\"wp-block-paragraph\">Sokan a t\u00e9l kell\u0151s k\u00f6zep\u00e9n csak arra v\u00e1gyunk, hogy egy pillanatra letegy\u00fck a vastag kab\u00e1tokat, \u00e9s tankoljunk egy kis D-vitamint an\u00e9lk\u00fcl, hogy a nap fel\u00e9t a rep\u00fcl\u0151 fed\u00e9lzet\u00e9n kellene t\u00f6lten\u00fcnk. Ha azok k\u00f6z\u00e9 tartozol, akik nem akarnak f\u00e9l F\u00f6ld k\u00f6r\u00fcl rep\u00fclni, itt egy fontos szab\u00e1ly \u00e9rv\u00e9nyes. <strong>Hossz\u00fa rep\u00fcl\u00e9s n\u00e9lk\u00fcl nem v\u00e1rhatsz f\u00fcrd\u00e9st a meleg tengerben<\/strong>, mert az Eur\u00f3pa \u00e9s \u00c9szak-Afrika k\u00f6r\u00fcli v\u00edz egyszer\u0171en nem alkalmas f\u00fcrd\u00e9shez.<\/p>\n\n\n\n<p class=\"wp-block-paragraph\">Ehelyett viszont valami sokkal \u00e9rt\u00e9kesebbre sz\u00e1m\u00edthatsz a lelkednek: melenget\u0151 naps\u00fct\u00e9sre, h\u00fasz fokhoz k\u00f6zel\u00edt\u0151 h\u0151m\u00e9rs\u00e9kletre \u00e9s <strong>kellemesen f\u00e9lig \u00fcres t\u00f6rt\u00e9nelmi l\u00e1tv\u00e1nyoss\u00e1gokra a ny\u00e1ri t\u00f6meg n\u00e9lk\u00fcl<\/strong>. N\u00e9zz\u00fcnk meg egy\u00fctt hat remek \u00fati c\u00e9lt, ahol nappal be\u00e9red egy k\u00f6nny\u0171 pul\u00f3verrel, \u00e9s tankolsz egy rak\u00e1s tavaszi energi\u00e1t.<\/p>\n\n\n\n<h3 class=\"wp-block-heading\" id=\"1_Kanari_szigetek_europai_nap_telen\"><span class=\"ez-toc-section\" id=\"1_Kanari-szigetek_europai_nap_telen\"><\/span>1. Kan\u00e1ri-szigetek: eur\u00f3pai nap t\u00e9len<span class=\"ez-toc-section-end\"><\/span><\/h3>\n\n\n\n<p class=\"wp-block-paragraph\">Az \u00f6r\u00f6k tavasz szigetei garant\u00e1lt eur\u00f3pai mened\u00e9ket jelentenek a fagy el\u0151l. \u0150szint\u00e9n be kell azonban vallanom, hogy az \u00f3ce\u00e1n 19,1 \u00b0C \u00e9s 20,1 \u00b0C k\u00f6z\u00f6tti h\u0151m\u00e9rs\u00e9klet\u00e9vel a <strong>tengeri f\u00fcrd\u00e9s ink\u00e1bb a hidegt\u0171r\u0151k dolga<\/strong>, b\u00e1r a hotelmedenc\u00e9kn\u00e9l \u00e9ppen el\u00e9g k\u00e9nyelmet \u00e9lvezel. Nappal a szigeteken az \u00e1tlagh\u0151m\u00e9rs\u00e9klet szorosan a h\u00fasz fok felett mozog, a szeles Lanzarote 19,3 \u00b0C-\u00e1t\u00f3l a d\u00e9l-tenerifei 20,5 \u00b0C-ig, ami egyszer\u0171en olyan luxus, amit Eur\u00f3p\u00e1ban m\u00e1shol nem tal\u00e1lsz.<\/p>\n\n\n\n<figure data-wp-context=\"{&quot;imageId&quot;:&quot;6a9af0d337a77&quot;}\" data-wp-interactive=\"core\/image\" data-wp-key=\"6a9af0d337a77\" class=\"wp-block-image size-full wp-lightbox-container\"><img decoding=\"async\" width=\"1500\" height=\"1000\" data-wp-class--hide=\"state.isContentHidden\" data-wp-class--show=\"state.isContentVisible\" data-wp-init=\"callbacks.setButtonStyles\" data-wp-on--click=\"actions.showLightbox\" data-wp-on--load=\"callbacks.setButtonStyles\" data-wp-on--pointerdown=\"actions.preloadImage\" data-wp-on--pointerenter=\"actions.preloadImageWithDelay\" data-wp-on--pointerleave=\"actions.cancelPreload\" data-wp-on-window--resize=\"callbacks.setButtonStyles\" src=\"https:\/\/loudavymkrokem.cz\/wp-content\/uploads\/2026\/08\/kam-na-dovolenou-v-unoru-f10.jpg\" alt=\"Tenerife febru\u00e1rban\" class=\"wp-image-400806\" title=\"\" srcset=\"https:\/\/loudavymkrokem.cz\/wp-content\/uploads\/2026\/08\/kam-na-dovolenou-v-unoru-f10.jpg 1500w, https:\/\/loudavymkrokem.cz\/wp-content\/uploads\/2026\/08\/kam-na-dovolenou-v-unoru-f10-300x200.jpg 300w, https:\/\/loudavymkrokem.cz\/wp-content\/uploads\/2026\/08\/kam-na-dovolenou-v-unoru-f10-700x467.jpg 700w, https:\/\/loudavymkrokem.cz\/wp-content\/uploads\/2026\/08\/kam-na-dovolenou-v-unoru-f10-768x512.jpg 768w, https:\/\/loudavymkrokem.cz\/wp-content\/uploads\/2026\/08\/kam-na-dovolenou-v-unoru-f10-696x464.jpg 696w, https:\/\/loudavymkrokem.cz\/wp-content\/uploads\/2026\/08\/kam-na-dovolenou-v-unoru-f10-1392x928.jpg 1392w\" sizes=\"(max-width: 1500px) 100vw, 1500px\" \/><button\n\t\t\tclass=\"lightbox-trigger\"\n\t\t\ttype=\"button\"\n\t\t\taria-haspopup=\"dialog\"\n\t\t\tdata-wp-bind--aria-label=\"state.thisImage.triggerButtonAriaLabel\"\n\t\t\tdata-wp-init=\"callbacks.initTriggerButton\"\n\t\t\tdata-wp-on--click=\"actions.showLightbox\"\n\t\t\tdata-wp-style--right=\"state.thisImage.buttonRight\"\n\t\t\tdata-wp-style--top=\"state.thisImage.buttonTop\"\n\t\t>\n\t\t\t<svg xmlns=\"http:\/\/www.w3.org\/2000\/svg\" width=\"12\" height=\"12\" fill=\"none\" viewBox=\"0 0 12 12\">\n\t\t\t\t<path fill=\"#fff\" d=\"M2 0a2 2 0 0 0-2 2v2h1.5V2a.5.5 0 0 1 .5-.5h2V0H2Zm2 10.5H2a.5.5 0 0 1-.5-.5V8H0v2a2 2 0 0 0 2 2h2v-1.5ZM8 12v-1.5h2a.5.5 0 0 0 .5-.5V8H12v2a2 2 0 0 1-2 2H8Zm2-12a2 2 0 0 1 2 2v2h-1.5V2a.5.5 0 0 0-.5-.5H8V0h2Z\" \/>\n\t\t\t<\/svg>\n\t\t<\/button><figcaption class=\"wp-element-caption\">Tenerife febru\u00e1rban (Fot\u00f3: Vladislav Krot \/ Pexels)<\/figcaption><\/figure>\n\n\n\n<p class=\"wp-block-paragraph\">A febru\u00e1ri l\u00e1togat\u00e1s \u00f3ri\u00e1si cs\u00e1b\u00edt\u00e1sa t\u00f6bbek k\u00f6z\u00f6tt a h\u00edres tenerifei karnev\u00e1l, amely \u00e1ll\u00edt\u00f3lag <strong>a vil\u00e1g egyik legnagyobb \u00e9s legsz\u00ednesebb karnev\u00e1ljai k\u00f6z\u00e9 tartozik<\/strong>. Ha nem vagy biztos benne, hov\u00e1 menj pontosan, n\u00e9zd meg az \u00e1ttekint\u0151 cikk\u00fcnket arr\u00f3l, <a href=\"https:\/\/loudavymkrokem.cz\/hu\/kanari-szigetek-melyiket-valaszd\/\">melyik kan\u00e1ri szigetet v\u00e1laszd<\/a>. A nap nagyj\u00e1b\u00f3l napi t\u00edz \u00f3r\u00e1t k\u00eds\u00e9r, a csapad\u00e9k pedig ink\u00e1bb kiv\u00e9teles, Gran Canari\u00e1n \u00e1tlagosan csak n\u00e9gy napig esik a h\u00f3napban.<\/p>\n\n\n\n<p class=\"wp-block-paragraph\">Ak\u00e1r a vulkanikus strandokat, ak\u00e1r a hegyi t\u00far\u00e1kat v\u00e1lasztod, mindenk\u00e9pp n\u00e9zd meg a r\u00e9szletes \u00fatmutat\u00f3nkat <a href=\"https:\/\/loudavymkrokem.cz\/hu\/tenerife-spanyolorszag-latnivalok\/\">Tenerife<\/a> sziget\u00e9hez. \u00c9jszaka a h\u0151m\u00e9rs\u00e9klet tizen\u00f6t fokig cs\u00f6kken, teh\u00e1t egy k\u00f6nny\u0171 dzseki mindenk\u00e9pp a b\u0151r\u00f6ndbe val\u00f3.<\/p>\n\n\n\n<p class=\"wp-block-paragraph\"><strong>\ud83d\udca1 Sz\u00e1ll\u00e1stipp:<\/strong> <a href=\"https:\/\/www.stay22.com\/allez\/roam?aid=lukaskonecny&#038;campaign=loudavymkrokemcz&#038;campaign=kam-na-dovolenou-v-unoru&#038;hotelname=Marina%20Elite&#038;address=Arguinegu%C3%ADn%2C%20Gran%20Canaria%2C%20%C5%A0pan%C4%9Blsko\" target=\"_blank\" rel=\"noopener nofollow sponsored\">Marina Elite<\/a> Arguinegu\u00ednban, Gran Canari\u00e1n.<\/p>\n\n\n\n<h3 class=\"wp-block-heading\" id=\"2_Madeira_viragok_es_levadak\"><span class=\"ez-toc-section\" id=\"2_Madeira_viragok_es_levadak\"><\/span>2. Madeira: vir\u00e1gok \u00e9s levad\u00e1k<span class=\"ez-toc-section-end\"><\/span><\/h3>\n\n\n\n<p class=\"wp-block-paragraph\">A vir\u00e1gok portug\u00e1l szigete a t\u00e9li h\u00f3napokban teljesen fantasztikus felt\u00e9teleket k\u00edn\u00e1l a t\u00far\u00e1z\u00e1ssal teli akt\u00edv nyaral\u00e1shoz. Nappal nagyon kellemes 18,5 \u00b0C-ra sz\u00e1m\u00edthatsz, ami <strong>t\u00f6k\u00e9letes ide\u00e1l az eg\u00e9sz napos t\u00far\u00e1khoz az \u00f6nt\u00f6z\u0151csatorn\u00e1k, az \u00fagynevezett levad\u00e1k ment\u00e9n<\/strong>. Az \u00f3ce\u00e1n a maga 19,5 \u00b0C-\u00e1val ugyan ink\u00e1bb a szikl\u00e1kr\u00f3l val\u00f3 gy\u00f6ny\u00f6rk\u00f6d\u00e9sre szolg\u00e1l, de a nap t\u00e1rsas\u00e1godban lesz szolid napi 9,3 \u00f3r\u00e1n \u00e1t \u263a\ufe0f.<\/p>\n\n\n\n<figure data-wp-context=\"{&quot;imageId&quot;:&quot;6a9af0d33822c&quot;}\" data-wp-interactive=\"core\/image\" data-wp-key=\"6a9af0d33822c\" class=\"wp-block-image size-full wp-lightbox-container\"><img decoding=\"async\" width=\"1500\" height=\"1000\" data-wp-class--hide=\"state.isContentHidden\" data-wp-class--show=\"state.isContentVisible\" data-wp-init=\"callbacks.setButtonStyles\" data-wp-on--click=\"actions.showLightbox\" data-wp-on--load=\"callbacks.setButtonStyles\" data-wp-on--pointerdown=\"actions.preloadImage\" data-wp-on--pointerenter=\"actions.preloadImageWithDelay\" data-wp-on--pointerleave=\"actions.cancelPreload\" data-wp-on-window--resize=\"callbacks.setButtonStyles\" src=\"https:\/\/loudavymkrokem.cz\/wp-content\/uploads\/2026\/08\/kam-na-dovolenou-v-unoru-f11.jpg\" alt=\"Madeira\" class=\"wp-image-400807\" title=\"\" srcset=\"https:\/\/loudavymkrokem.cz\/wp-content\/uploads\/2026\/08\/kam-na-dovolenou-v-unoru-f11.jpg 1500w, https:\/\/loudavymkrokem.cz\/wp-content\/uploads\/2026\/08\/kam-na-dovolenou-v-unoru-f11-300x200.jpg 300w, https:\/\/loudavymkrokem.cz\/wp-content\/uploads\/2026\/08\/kam-na-dovolenou-v-unoru-f11-700x467.jpg 700w, https:\/\/loudavymkrokem.cz\/wp-content\/uploads\/2026\/08\/kam-na-dovolenou-v-unoru-f11-768x512.jpg 768w, https:\/\/loudavymkrokem.cz\/wp-content\/uploads\/2026\/08\/kam-na-dovolenou-v-unoru-f11-696x464.jpg 696w, https:\/\/loudavymkrokem.cz\/wp-content\/uploads\/2026\/08\/kam-na-dovolenou-v-unoru-f11-1392x928.jpg 1392w\" sizes=\"(max-width: 1500px) 100vw, 1500px\" \/><button\n\t\t\tclass=\"lightbox-trigger\"\n\t\t\ttype=\"button\"\n\t\t\taria-haspopup=\"dialog\"\n\t\t\tdata-wp-bind--aria-label=\"state.thisImage.triggerButtonAriaLabel\"\n\t\t\tdata-wp-init=\"callbacks.initTriggerButton\"\n\t\t\tdata-wp-on--click=\"actions.showLightbox\"\n\t\t\tdata-wp-style--right=\"state.thisImage.buttonRight\"\n\t\t\tdata-wp-style--top=\"state.thisImage.buttonTop\"\n\t\t>\n\t\t\t<svg xmlns=\"http:\/\/www.w3.org\/2000\/svg\" width=\"12\" height=\"12\" fill=\"none\" viewBox=\"0 0 12 12\">\n\t\t\t\t<path fill=\"#fff\" d=\"M2 0a2 2 0 0 0-2 2v2h1.5V2a.5.5 0 0 1 .5-.5h2V0H2Zm2 10.5H2a.5.5 0 0 1-.5-.5V8H0v2a2 2 0 0 0 2 2h2v-1.5ZM8 12v-1.5h2a.5.5 0 0 0 .5-.5V8H12v2a2 2 0 0 1-2 2H8Zm2-12a2 2 0 0 1 2 2v2h-1.5V2a.5.5 0 0 0-.5-.5H8V0h2Z\" \/>\n\t\t\t<\/svg>\n\t\t<\/button><figcaption class=\"wp-element-caption\">Madeira (Fot\u00f3: Dietmar Rabich \/ Wikimedia Commons, CC BY-SA 4.0)<\/figcaption><\/figure>\n\n\n\n<p class=\"wp-block-paragraph\">A febru\u00e1ri \u00e9ghajlat \u00e1tlagosan nyolc es\u0151s napot hoz mag\u00e1val a h\u00f3napban, amelyeknek k\u00f6sz\u00f6nhet\u0151en a sziget meg\u0151rzi tipikus smaragdz\u00f6ld sz\u00edn\u00e9t, a v\u00edzes\u00e9seknek pedig el\u00e9g viz\u00fck van. \u00c9jszaka hidegebb 13,7 \u00b0C-ra k\u00e9sz\u00fclj, teh\u00e1t egy <strong>min\u0151s\u00e9gi sz\u00e9ldzseki \u00e9s pul\u00f3ver semmik\u00e9pp se hi\u00e1nyozzon a h\u00e1tizs\u00e1kodb\u00f3l<\/strong>. Minden sz\u00fcks\u00e9ges inform\u00e1ci\u00f3t a szikl\u00e1k menti \u00f6sv\u00e9nyek tervez\u00e9s\u00e9hez a <a href=\"https:\/\/loudavymkrokem.cz\/hu\/madeira-latnivalok-utiterv\/\">Madeira<\/a> cikk\u00fcnkben tal\u00e1lsz.<\/p>\n\n\n\n<p class=\"wp-block-paragraph\">A helyiek aj\u00e1nlj\u00e1k, hogy a t\u00far\u00e1z\u00e1st k\u00f6sd \u00f6ssze a kiv\u00e1l\u00f3 bor \u00e9s a friss egzotikus gy\u00fcm\u00f6lcs k\u00f3stolgat\u00e1s\u00e1val a funchali piacon. Ha \u00e9rdekel a h\u0151m\u00e9rs\u00e9kletek r\u00e9szletes elemz\u00e9se az egyes h\u00f3napokra, mindenk\u00e9pp n\u00e9zd meg a sz\u00f6veg\u00fcnket, amely a <a href=\"https:\/\/loudavymkrokem.cz\/hu\/madeira-idojaras-honapok\/\">madeirai id\u0151j\u00e1r\u00e1sra<\/a> \u00f6sszpontos\u00edt.<\/p>\n\n\n\n<h3 class=\"wp-block-heading\" id=\"3_Egyiptom_meleg_a_szarazfoldon_hidegebb_tenger\"><span class=\"ez-toc-section\" id=\"3_Egyiptom_meleg_a_szarazfoldon_hidegebb_tenger\"><\/span>3. Egyiptom: meleg a sz\u00e1razf\u00f6ld\u00f6n, hidegebb tenger<span class=\"ez-toc-section-end\"><\/span><\/h3>\n\n\n\n<p class=\"wp-block-paragraph\">Ha \u00e1rban nagyon megfizethet\u0151 meleget keresel, a V\u00f6r\u00f6s-tenger \u00fcd\u00fcl\u0151helyei a t\u00e9l v\u00e9g\u00e9n biztosan nem okoznak csal\u00f3d\u00e1st. A sz\u00e1razf\u00f6ld\u00f6n csod\u00e1latos 21,7 \u00b0C uralkodik Hurghad\u00e1ban, eg\u00e9szen a Sarm-es-Sejk-beli fantasztikus 23,6 \u00b0C-ig, mik\u00f6zben <strong>az \u00e9gb\u0151l gyakorlatilag egy csepp v\u00edz sem esik<\/strong>. A tenger ebben az id\u0151szakban 21,2 \u00b0C \u00e9s 22,9 \u00b0C k\u00f6r\u00fcl van, teh\u00e1t meg lehet benne f\u00fcr\u00f6dni, de a v\u00edz ink\u00e1bb kellemesen friss\u00edt\u0151, mint kifejezetten tr\u00f3pusi.<\/p>\n\n\n\n<figure data-wp-context=\"{&quot;imageId&quot;:&quot;6a9af0d338897&quot;}\" data-wp-interactive=\"core\/image\" data-wp-key=\"6a9af0d338897\" class=\"wp-block-image size-full wp-lightbox-container\"><img decoding=\"async\" width=\"1500\" height=\"903\" data-wp-class--hide=\"state.isContentHidden\" data-wp-class--show=\"state.isContentVisible\" data-wp-init=\"callbacks.setButtonStyles\" data-wp-on--click=\"actions.showLightbox\" data-wp-on--load=\"callbacks.setButtonStyles\" data-wp-on--pointerdown=\"actions.preloadImage\" data-wp-on--pointerenter=\"actions.preloadImageWithDelay\" data-wp-on--pointerleave=\"actions.cancelPreload\" data-wp-on-window--resize=\"callbacks.setButtonStyles\" src=\"https:\/\/loudavymkrokem.cz\/wp-content\/uploads\/2026\/08\/kam-na-dovolenou-v-unoru-f12.jpg\" alt=\"Egyiptom h\u0151s\u00e9g n\u00e9lk\u00fcl\" class=\"wp-image-400811\" title=\"\" srcset=\"https:\/\/loudavymkrokem.cz\/wp-content\/uploads\/2026\/08\/kam-na-dovolenou-v-unoru-f12.jpg 1500w, https:\/\/loudavymkrokem.cz\/wp-content\/uploads\/2026\/08\/kam-na-dovolenou-v-unoru-f12-300x181.jpg 300w, https:\/\/loudavymkrokem.cz\/wp-content\/uploads\/2026\/08\/kam-na-dovolenou-v-unoru-f12-700x421.jpg 700w, https:\/\/loudavymkrokem.cz\/wp-content\/uploads\/2026\/08\/kam-na-dovolenou-v-unoru-f12-768x462.jpg 768w, https:\/\/loudavymkrokem.cz\/wp-content\/uploads\/2026\/08\/kam-na-dovolenou-v-unoru-f12-696x419.jpg 696w, https:\/\/loudavymkrokem.cz\/wp-content\/uploads\/2026\/08\/kam-na-dovolenou-v-unoru-f12-1392x838.jpg 1392w\" sizes=\"(max-width: 1500px) 100vw, 1500px\" \/><button\n\t\t\tclass=\"lightbox-trigger\"\n\t\t\ttype=\"button\"\n\t\t\taria-haspopup=\"dialog\"\n\t\t\tdata-wp-bind--aria-label=\"state.thisImage.triggerButtonAriaLabel\"\n\t\t\tdata-wp-init=\"callbacks.initTriggerButton\"\n\t\t\tdata-wp-on--click=\"actions.showLightbox\"\n\t\t\tdata-wp-style--right=\"state.thisImage.buttonRight\"\n\t\t\tdata-wp-style--top=\"state.thisImage.buttonTop\"\n\t\t>\n\t\t\t<svg xmlns=\"http:\/\/www.w3.org\/2000\/svg\" width=\"12\" height=\"12\" fill=\"none\" viewBox=\"0 0 12 12\">\n\t\t\t\t<path fill=\"#fff\" d=\"M2 0a2 2 0 0 0-2 2v2h1.5V2a.5.5 0 0 1 .5-.5h2V0H2Zm2 10.5H2a.5.5 0 0 1-.5-.5V8H0v2a2 2 0 0 0 2 2h2v-1.5ZM8 12v-1.5h2a.5.5 0 0 0 .5-.5V8H12v2a2 2 0 0 1-2 2H8Zm2-12a2 2 0 0 1 2 2v2h-1.5V2a.5.5 0 0 0-.5-.5H8V0h2Z\" \/>\n\t\t\t<\/svg>\n\t\t<\/button><figcaption class=\"wp-element-caption\">Egyiptom h\u0151s\u00e9g n\u00e9lk\u00fcl (Fot\u00f3: Marc Ryckaert \/ Wikimedia Commons, CC BY 3.0)<\/figcaption><\/figure>\n\n\n\n<p class=\"wp-block-paragraph\">\u00c9ppen ez az enyh\u00e9bb id\u0151j\u00e1r\u00e1s teszi a febru\u00e1rt a <strong>legjobb h\u00f3napp\u00e1 a t\u00f6rt\u00e9nelmi kir\u00e1ndul\u00e1sokhoz a g\u00edzai piramisokhoz vagy a luxori templomhoz<\/strong>, mert elker\u00fcl\u00f6d a ny\u00e1ri f\u00e1raszt\u00f3 negyvenfokos h\u0151s\u00e9get. Az \u00e9jszak\u00e1k hidegebbek, \u00e9s 14 fokig s\u00fcllyednek, ez\u00e9rt az esti s\u00e9t\u00e1khoz a promen\u00e1don mindenk\u00e9pp csomagolj be egy pul\u00f3vert. A konkr\u00e9t \u00fcd\u00fcl\u0151hely kiv\u00e1laszt\u00e1s\u00e1ban sz\u00edvesen seg\u00edt a sz\u00f6veg\u00fcnk, amely arra \u00f6sszpontos\u00edt, <a href=\"https:\/\/loudavymkrokem.cz\/hu\/egyiptom-nyaralas-tippek\/\">hov\u00e1 menj nyaralni Egyiptomba<\/a>.<\/p>\n\n\n\n<p class=\"wp-block-paragraph\">A nap itt csod\u00e1latos t\u00edz \u00f3r\u00e1t s\u00fct naponta, a t\u00e9li h\u00f3napokra jellemz\u0151 sz\u00e9l pedig remek felt\u00e9teleket teremt a kitesurf szerelmeseinek. R\u00e9szletesebb h\u0151m\u00e9rs\u00e9kleti t\u00e1bl\u00e1zatok\u00e9rt \u00e9s tov\u00e1bbi aj\u00e1nl\u00e1sok\u00e9rt n\u00e9zz bele az \u00fatmutat\u00f3nkba az <a href=\"https:\/\/loudavymkrokem.cz\/hu\/egyiptom-idojaras-honaprol-honapra\/\">egyiptomi id\u0151j\u00e1r\u00e1sr\u00f3l<\/a>.<\/p>\n\n\n\n<p class=\"wp-block-paragraph\"><strong>\ud83d\udca1 Sz\u00e1ll\u00e1stipp:<\/strong> <a href=\"https:\/\/www.stay22.com\/allez\/roam?aid=lukaskonecny&#038;campaign=loudavymkrokemcz&#038;campaign=kam-na-dovolenou-v-unoru&#038;hotelname=Steigenberger%20Golf%20Resort%20El%20Gouna&#038;address=El%20Gouna%2C%20Egypt\" target=\"_blank\" rel=\"noopener nofollow sponsored\">Steigenberger Golf Resort El Gouna<\/a> vagy <a href=\"https:\/\/www.stay22.com\/allez\/roam?aid=lukaskonecny&#038;campaign=loudavymkrokemcz&#038;campaign=kam-na-dovolenou-v-unoru&#038;hotelname=Fort%20Arabesque%20Resort&#038;address=Hurghada%2C%20Egypt\" target=\"_blank\" rel=\"noopener nofollow sponsored\">Fort Arabesque Resort<\/a> Hurghad\u00e1ban.<\/p>\n\n\n\n<h3 class=\"wp-block-heading\" id=\"4_Dubaj_es_az_Egyesult_Arab_Emirsegek\"><span class=\"ez-toc-section\" id=\"4_Dubaj_es_az_Egyesult_Arab_Emirsegek\"><\/span>4. Dubaj \u00e9s az Egyes\u00fclt Arab Em\u00edrs\u00e9gek<span class=\"ez-toc-section-end\"><\/span><\/h3>\n\n\n\n<p class=\"wp-block-paragraph\">A modern \u00e9p\u00edt\u00e9szethez tett kir\u00e1ndul\u00e1s az Em\u00edrs\u00e9gekbe t\u00e9len rendk\u00edv\u00fcl n\u00e9pszer\u0171 v\u00e1laszt\u00e1s, \u00e9s ennek \u00f3ri\u00e1si \u00e9rtelme van. A febru\u00e1r ugyanis Dubajban az egyik legkellemesebb h\u00f3nap az eg\u00e9sz \u00e9vben, amikor <strong>nappal teljesen ide\u00e1lis 25,2 \u00b0C-ot m\u00e9rsz<\/strong>. \u00cdgy elmarad a rettegett ny\u00e1ri pokol, amikor kint m\u00e9g l\u00e9legezni sem lehet, \u00e9s nyugodtan \u00e9lvezheted a s\u00e9t\u00e1kat az \u00f3ri\u00e1si Burdzs Kalifa alatt vagy a v\u00e1s\u00e1rl\u00e1st a hagyom\u00e1nyos piacokon.<\/p>\n\n\n\n<figure data-wp-context=\"{&quot;imageId&quot;:&quot;6a9af0d338f4a&quot;}\" data-wp-interactive=\"core\/image\" data-wp-key=\"6a9af0d338f4a\" class=\"wp-block-image size-full wp-lightbox-container\"><img decoding=\"async\" width=\"1500\" height=\"947\" data-wp-class--hide=\"state.isContentHidden\" data-wp-class--show=\"state.isContentVisible\" data-wp-init=\"callbacks.setButtonStyles\" data-wp-on--click=\"actions.showLightbox\" data-wp-on--load=\"callbacks.setButtonStyles\" data-wp-on--pointerdown=\"actions.preloadImage\" data-wp-on--pointerenter=\"actions.preloadImageWithDelay\" data-wp-on--pointerleave=\"actions.cancelPreload\" data-wp-on-window--resize=\"callbacks.setButtonStyles\" src=\"https:\/\/loudavymkrokem.cz\/wp-content\/uploads\/2026\/08\/kam-na-dovolenou-v-unoru-f13.jpg\" alt=\"Dubaj\" class=\"wp-image-400813\" title=\"\" srcset=\"https:\/\/loudavymkrokem.cz\/wp-content\/uploads\/2026\/08\/kam-na-dovolenou-v-unoru-f13.jpg 1500w, https:\/\/loudavymkrokem.cz\/wp-content\/uploads\/2026\/08\/kam-na-dovolenou-v-unoru-f13-300x189.jpg 300w, https:\/\/loudavymkrokem.cz\/wp-content\/uploads\/2026\/08\/kam-na-dovolenou-v-unoru-f13-700x442.jpg 700w, https:\/\/loudavymkrokem.cz\/wp-content\/uploads\/2026\/08\/kam-na-dovolenou-v-unoru-f13-768x485.jpg 768w, https:\/\/loudavymkrokem.cz\/wp-content\/uploads\/2026\/08\/kam-na-dovolenou-v-unoru-f13-696x439.jpg 696w, https:\/\/loudavymkrokem.cz\/wp-content\/uploads\/2026\/08\/kam-na-dovolenou-v-unoru-f13-1392x879.jpg 1392w\" sizes=\"(max-width: 1500px) 100vw, 1500px\" \/><button\n\t\t\tclass=\"lightbox-trigger\"\n\t\t\ttype=\"button\"\n\t\t\taria-haspopup=\"dialog\"\n\t\t\tdata-wp-bind--aria-label=\"state.thisImage.triggerButtonAriaLabel\"\n\t\t\tdata-wp-init=\"callbacks.initTriggerButton\"\n\t\t\tdata-wp-on--click=\"actions.showLightbox\"\n\t\t\tdata-wp-style--right=\"state.thisImage.buttonRight\"\n\t\t\tdata-wp-style--top=\"state.thisImage.buttonTop\"\n\t\t>\n\t\t\t<svg xmlns=\"http:\/\/www.w3.org\/2000\/svg\" width=\"12\" height=\"12\" fill=\"none\" viewBox=\"0 0 12 12\">\n\t\t\t\t<path fill=\"#fff\" d=\"M2 0a2 2 0 0 0-2 2v2h1.5V2a.5.5 0 0 1 .5-.5h2V0H2Zm2 10.5H2a.5.5 0 0 1-.5-.5V8H0v2a2 2 0 0 0 2 2h2v-1.5ZM8 12v-1.5h2a.5.5 0 0 0 .5-.5V8H12v2a2 2 0 0 1-2 2H8Zm2-12a2 2 0 0 1 2 2v2h-1.5V2a.5.5 0 0 0-.5-.5H8V0h2Z\" \/>\n\t\t\t<\/svg>\n\t\t<\/button><figcaption class=\"wp-element-caption\">Dubaj (Fot\u00f3: Jan Michael Pfeiffer \/ Wikimedia Commons, CC BY-SA 2.0)<\/figcaption><\/figure>\n\n\n\n<p class=\"wp-block-paragraph\">A tenger h\u0151m\u00e9rs\u00e9klete 21,6 \u00b0C-on marad, \u00edgy ink\u00e1bb a b\u00e1trabb \u00fasz\u00f3k mer\u00fclnek a v\u00edzbe, de a hotelmedenc\u00e9k \u00e1ltal\u00e1ban t\u00f6k\u00e9letesen f\u0171t\u00f6ttek. A nap sz\u00e9p napi 10,1 \u00f3r\u00e1t s\u00fct, \u00e9s <strong>eserny\u0151t semmik\u00e9pp sem kell magaddal cipelned<\/strong>, mert a statisztik\u00e1k \u00e1tlagosan alig k\u00e9t es\u0151s napot mutatnak a h\u00f3napban. Az \u00e9jszak\u00e1k a maguk 15,9 \u00b0C-\u00e1val teljesen ide\u00e1lisak a k\u00e9nyelmes alv\u00e1shoz.<\/p>\n\n\n\n<p class=\"wp-block-paragraph\">Ak\u00e1r az \u00e9nekl\u0151 sz\u00f6k\u0151kutakat akarod megcsod\u00e1lni, ak\u00e1r dzsipszafarira indulsz a homokd\u0171n\u00e9kbe, vagy csak a v\u00edz mellett pihenn\u00e9l, mindenk\u00e9pp \u00e9rt\u00e9kelni fogod a r\u00e9szletes \u00fatmutat\u00f3nkat <a href=\"https:\/\/loudavymkrokem.cz\/hu\/dubaj-latnivalok-tippek\/\">Dubaj<\/a> v\u00e1ros\u00e1hoz, ahol rengeteg gyakorlati tan\u00e1csot tal\u00e1lsz az utadhoz.<\/p>\n\n\n\n<h3 class=\"wp-block-heading\" id=\"5_Oman_es_Jordania_a_sivatag_idealis_homersekleten\"><span class=\"ez-toc-section\" id=\"5_Oman_es_Jordania_a_sivatag_idealis_homersekleten\"><\/span>5. Om\u00e1n \u00e9s Jord\u00e1nia: a sivatag ide\u00e1lis h\u0151m\u00e9rs\u00e9kleten<span class=\"ez-toc-section-end\"><\/span><\/h3>\n\n\n\n<p class=\"wp-block-paragraph\">A K\u00f6zel-Kelet a t\u00e9l v\u00e9g\u00e9n remek felt\u00e9teleket k\u00edn\u00e1l minden kalandornak, aki szereti kombin\u00e1lni a term\u00e9szetet a t\u00f6rt\u00e9nelemmel. Az om\u00e1ni Maszkatban sz\u00e9p 25,9 \u00b0C fog \u00f6r\u00f6met szerezni nappal \u00e9s biztat\u00f3 24,0 \u00b0C a tengerben, ami ezt az \u00fati c\u00e9lt <strong>meglep\u0151en luxus mened\u00e9kk\u00e9 teszi a felmelegedett homok szerelmeseinek<\/strong>. Csapad\u00e9kot itt szinte nem is ismernek, a nap pedig tiszteletet parancsol\u00f3 napi 10,6 \u00f3r\u00e1t s\u00fct, amir\u0151l t\u00f6bbet \u00edrunk a <a href=\"https:\/\/loudavymkrokem.cz\/hu\/oman-utazas-latnivalok\/\">Om\u00e1n nyaral\u00e1s<\/a> cikkben.<\/p>\n\n\n\n<figure data-wp-context=\"{&quot;imageId&quot;:&quot;6a9af0d3395dc&quot;}\" data-wp-interactive=\"core\/image\" data-wp-key=\"6a9af0d3395dc\" class=\"wp-block-image size-full wp-lightbox-container\"><img decoding=\"async\" width=\"1500\" height=\"1004\" data-wp-class--hide=\"state.isContentHidden\" data-wp-class--show=\"state.isContentVisible\" data-wp-init=\"callbacks.setButtonStyles\" data-wp-on--click=\"actions.showLightbox\" data-wp-on--load=\"callbacks.setButtonStyles\" data-wp-on--pointerdown=\"actions.preloadImage\" data-wp-on--pointerenter=\"actions.preloadImageWithDelay\" data-wp-on--pointerleave=\"actions.cancelPreload\" data-wp-on-window--resize=\"callbacks.setButtonStyles\" src=\"https:\/\/loudavymkrokem.cz\/wp-content\/uploads\/2026\/08\/kam-na-dovolenou-v-unoru-f14.jpg\" alt=\"W\u00e1di Rum Jord\u00e1ni\u00e1ban\" class=\"wp-image-400814\" title=\"\" srcset=\"https:\/\/loudavymkrokem.cz\/wp-content\/uploads\/2026\/08\/kam-na-dovolenou-v-unoru-f14.jpg 1500w, https:\/\/loudavymkrokem.cz\/wp-content\/uploads\/2026\/08\/kam-na-dovolenou-v-unoru-f14-300x201.jpg 300w, https:\/\/loudavymkrokem.cz\/wp-content\/uploads\/2026\/08\/kam-na-dovolenou-v-unoru-f14-700x469.jpg 700w, https:\/\/loudavymkrokem.cz\/wp-content\/uploads\/2026\/08\/kam-na-dovolenou-v-unoru-f14-768x514.jpg 768w, https:\/\/loudavymkrokem.cz\/wp-content\/uploads\/2026\/08\/kam-na-dovolenou-v-unoru-f14-696x466.jpg 696w, https:\/\/loudavymkrokem.cz\/wp-content\/uploads\/2026\/08\/kam-na-dovolenou-v-unoru-f14-1392x932.jpg 1392w\" sizes=\"(max-width: 1500px) 100vw, 1500px\" \/><button\n\t\t\tclass=\"lightbox-trigger\"\n\t\t\ttype=\"button\"\n\t\t\taria-haspopup=\"dialog\"\n\t\t\tdata-wp-bind--aria-label=\"state.thisImage.triggerButtonAriaLabel\"\n\t\t\tdata-wp-init=\"callbacks.initTriggerButton\"\n\t\t\tdata-wp-on--click=\"actions.showLightbox\"\n\t\t\tdata-wp-style--right=\"state.thisImage.buttonRight\"\n\t\t\tdata-wp-style--top=\"state.thisImage.buttonTop\"\n\t\t>\n\t\t\t<svg xmlns=\"http:\/\/www.w3.org\/2000\/svg\" width=\"12\" height=\"12\" fill=\"none\" viewBox=\"0 0 12 12\">\n\t\t\t\t<path fill=\"#fff\" d=\"M2 0a2 2 0 0 0-2 2v2h1.5V2a.5.5 0 0 1 .5-.5h2V0H2Zm2 10.5H2a.5.5 0 0 1-.5-.5V8H0v2a2 2 0 0 0 2 2h2v-1.5ZM8 12v-1.5h2a.5.5 0 0 0 .5-.5V8H12v2a2 2 0 0 1-2 2H8Zm2-12a2 2 0 0 1 2 2v2h-1.5V2a.5.5 0 0 0-.5-.5H8V0h2Z\" \/>\n\t\t\t<\/svg>\n\t\t<\/button><figcaption class=\"wp-element-caption\">W\u00e1di Rum Jord\u00e1ni\u00e1ban (Fot\u00f3: Berthold Werner \/ Wikimedia Commons, CC BY-SA 3.0)<\/figcaption><\/figure>\n\n\n\n<p class=\"wp-block-paragraph\">A jord\u00e1niai Akaba a V\u00f6r\u00f6s-tengern\u00e9l enyh\u00e9bb 22,4 \u00b0C-ot k\u00edn\u00e1l nappal, de a sz\u00e1razf\u00f6ldi felfedez\u0151 kir\u00e1ndul\u00e1sokhoz teljesen t\u00f6k\u00e9letes az id\u0151z\u00edt\u00e9s. \u00c9ppen febru\u00e1rban <strong>\u00f3r\u00e1kig s\u00e9t\u00e1lhatsz a h\u00edres sziklav\u00e1rosban, Petr\u00e1ban napsz\u00far\u00e1s vesz\u00e9lye n\u00e9lk\u00fcl<\/strong>, ami ny\u00e1ron teljesen elk\u00e9pzelhetetlen. Fel kell azonban k\u00e9sz\u00fcln\u00f6d arra, hogy Petra nagyj\u00e1b\u00f3l 1130 m\u00e9ter magasan fekszik a tengerszint felett, \u00e9s az \u00e9jszakai h\u0151m\u00e9rs\u00e9klet itt kellemetlen\u00fcl alacsonyra s\u00fcllyed.<\/p>\n\n\n\n<p class=\"wp-block-paragraph\">A W\u00e1di Rum sivatagban t\u00e1boroz\u00e1skor ez\u00e9rt ne felejts el igaz\u00e1n meleg ruh\u00e1t pakolni az est\u00e9re, mert az \u00e9jszakai leveg\u0151 a kem\u00e9nyebb term\u00e9szeteket is megk\u00ednozza. Rengeteg inspir\u00e1ci\u00f3t \u00e9s konkr\u00e9t \u00fatvonaltippet a <a href=\"https:\/\/loudavymkrokem.cz\/hu\/jordania-utazas-tippek\/\">jord\u00e1niai nyaral\u00e1s<\/a> \u00fatiterv\u00fcnkben tal\u00e1lsz.<\/p>\n\n\n\n<h3 class=\"wp-block-heading\" id=\"6_Marokko_Marrakes_es_a_sivatag\"><span class=\"ez-toc-section\" id=\"6_Marokko_Marrakes_es_a_sivatag\"><\/span>6. Marokk\u00f3: Marr\u00e1kes \u00e9s a sivatag<span class=\"ez-toc-section-end\"><\/span><\/h3>\n\n\n\n<p class=\"wp-block-paragraph\">V\u00e1logat\u00e1sunk z\u00e1r\u00e1sa a var\u00e1zslatos \u00c9szak-Afrik\u00e1\u00e9, amely a f\u0171szerek illat\u00e1val, a mentate\u00e1val \u00e9s a gy\u00f6ny\u00f6r\u0171 \u00e9p\u00edt\u00e9szettel cs\u00e1b\u00edt. Febru\u00e1rban a kir\u00e1lyi v\u00e1ros, Marr\u00e1kes sz\u00e9p 21,3 \u00b0C-ot k\u00edn\u00e1l nappal, ami <strong>teljesen luxus felt\u00e9teleket teremt a ny\u00fczsg\u0151 piacok \u00e9s kertek felfedez\u00e9s\u00e9hez<\/strong>. A nap kellemes napi 9,7 \u00f3r\u00e1t s\u00fct, \u00e9s alkalmi csapad\u00e9k \u00e1tlagosan csak hatszor jelenik meg a h\u00f3napban.<\/p>\n\n\n\n<figure data-wp-context=\"{&quot;imageId&quot;:&quot;6a9af0d339c35&quot;}\" data-wp-interactive=\"core\/image\" data-wp-key=\"6a9af0d339c35\" class=\"wp-block-image size-full wp-lightbox-container\"><img decoding=\"async\" width=\"1500\" height=\"1125\" data-wp-class--hide=\"state.isContentHidden\" data-wp-class--show=\"state.isContentVisible\" data-wp-init=\"callbacks.setButtonStyles\" data-wp-on--click=\"actions.showLightbox\" data-wp-on--load=\"callbacks.setButtonStyles\" data-wp-on--pointerdown=\"actions.preloadImage\" data-wp-on--pointerenter=\"actions.preloadImageWithDelay\" data-wp-on--pointerleave=\"actions.cancelPreload\" data-wp-on-window--resize=\"callbacks.setButtonStyles\" src=\"https:\/\/loudavymkrokem.cz\/wp-content\/uploads\/2026\/08\/kam-na-dovolenou-v-unoru-f15.jpg\" alt=\"Marr\u00e1kes\" class=\"wp-image-400815\" title=\"\" srcset=\"https:\/\/loudavymkrokem.cz\/wp-content\/uploads\/2026\/08\/kam-na-dovolenou-v-unoru-f15.jpg 1500w, https:\/\/loudavymkrokem.cz\/wp-content\/uploads\/2026\/08\/kam-na-dovolenou-v-unoru-f15-300x225.jpg 300w, https:\/\/loudavymkrokem.cz\/wp-content\/uploads\/2026\/08\/kam-na-dovolenou-v-unoru-f15-700x525.jpg 700w, https:\/\/loudavymkrokem.cz\/wp-content\/uploads\/2026\/08\/kam-na-dovolenou-v-unoru-f15-768x576.jpg 768w, https:\/\/loudavymkrokem.cz\/wp-content\/uploads\/2026\/08\/kam-na-dovolenou-v-unoru-f15-80x60.jpg 80w, https:\/\/loudavymkrokem.cz\/wp-content\/uploads\/2026\/08\/kam-na-dovolenou-v-unoru-f15-160x120.jpg 160w, https:\/\/loudavymkrokem.cz\/wp-content\/uploads\/2026\/08\/kam-na-dovolenou-v-unoru-f15-696x522.jpg 696w, https:\/\/loudavymkrokem.cz\/wp-content\/uploads\/2026\/08\/kam-na-dovolenou-v-unoru-f15-1392x1044.jpg 1392w\" sizes=\"(max-width: 1500px) 100vw, 1500px\" \/><button\n\t\t\tclass=\"lightbox-trigger\"\n\t\t\ttype=\"button\"\n\t\t\taria-haspopup=\"dialog\"\n\t\t\tdata-wp-bind--aria-label=\"state.thisImage.triggerButtonAriaLabel\"\n\t\t\tdata-wp-init=\"callbacks.initTriggerButton\"\n\t\t\tdata-wp-on--click=\"actions.showLightbox\"\n\t\t\tdata-wp-style--right=\"state.thisImage.buttonRight\"\n\t\t\tdata-wp-style--top=\"state.thisImage.buttonTop\"\n\t\t>\n\t\t\t<svg xmlns=\"http:\/\/www.w3.org\/2000\/svg\" width=\"12\" height=\"12\" fill=\"none\" viewBox=\"0 0 12 12\">\n\t\t\t\t<path fill=\"#fff\" d=\"M2 0a2 2 0 0 0-2 2v2h1.5V2a.5.5 0 0 1 .5-.5h2V0H2Zm2 10.5H2a.5.5 0 0 1-.5-.5V8H0v2a2 2 0 0 0 2 2h2v-1.5ZM8 12v-1.5h2a.5.5 0 0 0 .5-.5V8H12v2a2 2 0 0 1-2 2H8Zm2-12a2 2 0 0 1 2 2v2h-1.5V2a.5.5 0 0 0-.5-.5H8V0h2Z\" \/>\n\t\t\t<\/svg>\n\t\t<\/button><figcaption class=\"wp-element-caption\">Marr\u00e1kes (Fot\u00f3: Petar Milo\u0161evi\u0107 \/ Wikimedia Commons, CC BY-SA 4.0)<\/figcaption><\/figure>\n\n\n\n<p class=\"wp-block-paragraph\">\u0150szint\u00e9n figyelmeztetnelek kell azonban az \u00f3ri\u00e1si h\u0151m\u00e9rs\u00e9klet-ingadoz\u00e1sokra, mert Marr\u00e1kesben az \u00e9jszakai h\u0151m\u00e9rs\u00e9klet a nagyon h\u0171v\u00f6s 6,9 \u00b0C-ig esik, \u00e9s a legt\u00f6bb hagyom\u00e1nyos h\u00e1z, az \u00fagynevezett ri\u00e1dok nem rendelkeznek k\u00f6zponti f\u0171t\u00e9ssel. Ha az \u00f3ce\u00e1nhoz akarn\u00e1l kiruccanni Agadir \u00fcd\u00fcl\u0151helyre, hasonl\u00f3 21,6 \u00b0C v\u00e1r r\u00e1d, de <strong>a tenger a maga mind\u00f6ssze 18,7 \u00b0C-\u00e1val csak az igaz\u00e1n er\u0151s term\u00e9szeteknek val\u00f3<\/strong>. A legjobb piacokra \u00e9s l\u00e1tv\u00e1nyoss\u00e1gokra vonatkoz\u00f3 tippeket a <a href=\"https:\/\/loudavymkrokem.cz\/hu\/mit-erdemes-megnezni-marrakesben\/\">mit l\u00e1ss Marr\u00e1kesben<\/a> cikkben foglaltuk \u00f6ssze.<\/p>\n\n\n\n<p class=\"wp-block-paragraph\">Ez az \u00e9vszak teljesen fantasztikus az aut\u00f3b\u00e9rl\u00e9shez \u00e9s az \u00f6n\u00e1ll\u00f3 utaz\u00e1shoz, mert az utakon nem k\u00f3borolnak turistat\u00f6megek, a sz\u00e1ll\u00e1s\u00e1rak pedig nagyon bar\u00e1ts\u00e1gosak. A bev\u00e1lt \u00fatiterv\u00fcnk a <a href=\"https:\/\/loudavymkrokem.cz\/hu\/marokko-roadtrip-szahara\/\">marokk\u00f3i roadtriphez<\/a> seg\u00edt megtervezni az eg\u00e9sz utat eg\u00e9szen a gy\u00f6ny\u00f6r\u0171 homokd\u0171n\u00e9kig.<\/p>\n\n\n\n<h2 class=\"wp-block-heading\" id=\"Hova_menj_februarban_a_hegyekbe_a_legjobb_ho_a_szezonban\"><span class=\"ez-toc-section\" id=\"Hova_menj_februarban_a_hegyekbe_a_legjobb_ho_a_szezonban\"><\/span>Hov\u00e1 menj febru\u00e1rban a hegyekbe: a legjobb h\u00f3 a szezonban<span class=\"ez-toc-section-end\"><\/span><\/h2>\n\n\n\n<p class=\"wp-block-paragraph\">A febru\u00e1r a s\u00edel\u00e9si statisztik\u00e1k szerint tal\u00e1n a legjobb h\u00f3nap a t\u00e9li \u00f6r\u00f6m\u00f6kh\u00f6z, mert a p\u00e1ly\u00e1kon van a legt\u00f6bb h\u00f3 az eg\u00e9sz szezonban. A napok r\u00e1ad\u00e1sul decemberhez k\u00e9pest \u00e9szrevehet\u0151en hosszabbodnak, \u00e9s a nap m\u00e1r kellemesen kezd meleg\u00edteni a lejt\u0151k\u00f6n. Az egyetlen apr\u00f3 b\u00f6kken\u0151 az a t\u00e9ny, hogy \u00e9ppen ebbe az id\u0151szakba esik a tavaszi sz\u00fcnet szerte Eur\u00f3p\u00e1ban, <strong>ami sajnos felfel\u00e9 sr\u00f3folja az \u00e1rakat \u00e9s zs\u00fafol\u00e1sig t\u00f6lti a p\u00e1ly\u00e1kat<\/strong>.<\/p>\n\n\n\n<p class=\"wp-block-paragraph\">Ha viszont megengedheted magadnak, hogy a legkiemeltebb heteken k\u00edv\u00fcl indulj, teljesen ide\u00e1lis felt\u00e9telek v\u00e1rnak r\u00e1d. A helyi sz\u00e1llod\u00e1sok aj\u00e1nlj\u00e1k, hogy nagy el\u0151rel\u00e1t\u00e1ssal foglald le a sz\u00e1ll\u00e1st, hogy \u00e9sszer\u0171 \u00e1rat biztos\u00edts magadnak, \u00e9s ne kelljen messzir\u0151l ing\u00e1znod a felvon\u00f3khoz. <strong>A hegyek ebben a h\u00f3napban egyszer\u0171en teljes g\u0151zzel \u00e9lnek, a hangulat a hegyi falvakban pedig remek szokott lenni.<\/strong><\/p>\n\n\n\n<h3 class=\"wp-block-heading\" id=\"1_Osztrak_Alpok_klasszikus_autoval_elerheto_kozelben\"><span class=\"ez-toc-section\" id=\"1_Osztrak_Alpok_klasszikus_autoval_elerheto_kozelben\"><\/span>1. Osztr\u00e1k Alpok: klasszikus aut\u00f3val el\u00e9rhet\u0151 k\u00f6zelben<span class=\"ez-toc-section-end\"><\/span><\/h3>\n\n\n\n<p class=\"wp-block-paragraph\">Ausztria a magyar s\u00edel\u0151knek is abszol\u00fat \u00e1ll\u00f3csillag, ahov\u00e1 \u00e9vr\u0151l \u00e9vre sz\u00edvesen visszat\u00e9rnek. Az aut\u00f3s \u00fat a legt\u00f6bb ismert k\u00f6zpontba legfeljebb h\u00e9t-nyolc \u00f3r\u00e1t vesz ig\u00e9nybe, \u00edgy nem kell eg\u00e9sz napot \u00faton t\u00f6ltened. Utaz\u00e1s el\u0151tt term\u00e9szetesen \u00e9rdemes ellen\u0151rizni, hogyan m\u0171k\u00f6dik az <a href=\"https:\/\/loudavymkrokem.cz\/hu\/ausztria-matrica-arak-2026\/\">osztr\u00e1k aut\u00f3p\u00e1lya-matrica<\/a>, nehogy \u00fatk\u00f6zben felesleges meglepet\u00e9s \u00e9rjen. A legjava k\u00f6z\u00e9 olyan s\u00edar\u00e9n\u00e1k tartoznak, mint a <strong>Zell am See \u00e9s Kaprun, Kitzb\u00fchel, Ischgl, Saalbach vagy a magasan fekv\u0151 S\u00f6lden<\/strong>.<\/p>\n\n\n\n<figure data-wp-context=\"{&quot;imageId&quot;:&quot;6a9af0d33a481&quot;}\" data-wp-interactive=\"core\/image\" data-wp-key=\"6a9af0d33a481\" class=\"wp-block-image size-full wp-lightbox-container\"><img decoding=\"async\" width=\"1500\" height=\"1000\" data-wp-class--hide=\"state.isContentHidden\" data-wp-class--show=\"state.isContentVisible\" data-wp-init=\"callbacks.setButtonStyles\" data-wp-on--click=\"actions.showLightbox\" data-wp-on--load=\"callbacks.setButtonStyles\" data-wp-on--pointerdown=\"actions.preloadImage\" data-wp-on--pointerenter=\"actions.preloadImageWithDelay\" data-wp-on--pointerleave=\"actions.cancelPreload\" data-wp-on-window--resize=\"callbacks.setButtonStyles\" src=\"https:\/\/loudavymkrokem.cz\/wp-content\/uploads\/2026\/08\/kam-na-dovolenou-v-unoru-f16.jpg\" alt=\"Osztr\u00e1k Alpok t\u00e9len\" class=\"wp-image-400817\" title=\"\" srcset=\"https:\/\/loudavymkrokem.cz\/wp-content\/uploads\/2026\/08\/kam-na-dovolenou-v-unoru-f16.jpg 1500w, https:\/\/loudavymkrokem.cz\/wp-content\/uploads\/2026\/08\/kam-na-dovolenou-v-unoru-f16-300x200.jpg 300w, https:\/\/loudavymkrokem.cz\/wp-content\/uploads\/2026\/08\/kam-na-dovolenou-v-unoru-f16-700x467.jpg 700w, https:\/\/loudavymkrokem.cz\/wp-content\/uploads\/2026\/08\/kam-na-dovolenou-v-unoru-f16-768x512.jpg 768w, https:\/\/loudavymkrokem.cz\/wp-content\/uploads\/2026\/08\/kam-na-dovolenou-v-unoru-f16-696x464.jpg 696w, https:\/\/loudavymkrokem.cz\/wp-content\/uploads\/2026\/08\/kam-na-dovolenou-v-unoru-f16-1392x928.jpg 1392w\" sizes=\"(max-width: 1500px) 100vw, 1500px\" \/><button\n\t\t\tclass=\"lightbox-trigger\"\n\t\t\ttype=\"button\"\n\t\t\taria-haspopup=\"dialog\"\n\t\t\tdata-wp-bind--aria-label=\"state.thisImage.triggerButtonAriaLabel\"\n\t\t\tdata-wp-init=\"callbacks.initTriggerButton\"\n\t\t\tdata-wp-on--click=\"actions.showLightbox\"\n\t\t\tdata-wp-style--right=\"state.thisImage.buttonRight\"\n\t\t\tdata-wp-style--top=\"state.thisImage.buttonTop\"\n\t\t>\n\t\t\t<svg xmlns=\"http:\/\/www.w3.org\/2000\/svg\" width=\"12\" height=\"12\" fill=\"none\" viewBox=\"0 0 12 12\">\n\t\t\t\t<path fill=\"#fff\" d=\"M2 0a2 2 0 0 0-2 2v2h1.5V2a.5.5 0 0 1 .5-.5h2V0H2Zm2 10.5H2a.5.5 0 0 1-.5-.5V8H0v2a2 2 0 0 0 2 2h2v-1.5ZM8 12v-1.5h2a.5.5 0 0 0 .5-.5V8H12v2a2 2 0 0 1-2 2H8Zm2-12a2 2 0 0 1 2 2v2h-1.5V2a.5.5 0 0 0-.5-.5H8V0h2Z\" \/>\n\t\t\t<\/svg>\n\t\t<\/button><figcaption class=\"wp-element-caption\">Osztr\u00e1k Alpok t\u00e9len (Fot\u00f3: Magda Ehlers \/ Pexels)<\/figcaption><\/figure>\n\n\n\n<p class=\"wp-block-paragraph\">Ami az id\u0151j\u00e1r\u00e1st illeti, p\u00e9ld\u00e1ul Zell am See-ben a febru\u00e1ri nappali h\u0151m\u00e9rs\u00e9klet a kellemes 6,5 \u00b0C k\u00f6r\u00fcl mozog, \u00e9jszaka pedig -2,7 \u00b0C-ra s\u00fcllyed, mik\u00f6zben \u00e1tlagosan 12,6 csapad\u00e9kos nappal \u00e9s luxus napi 6,8 \u00f3ra naps\u00fct\u00e9ssel sz\u00e1molhatsz. Amikor a s\u00edel\u00e9s kif\u00e1raszt, nincs jobb, mint a s\u00edbakancsot f\u00fcrd\u0151ruh\u00e1ra cser\u00e9lni, \u00e9s felfedezni a h\u00edres <a href=\"https:\/\/loudavymkrokem.cz\/hu\/ausztria-wellness-hotelek\/\">ausztriai wellnesssz\u00e1llod\u00e1kat<\/a>. Ny\u00e1ron ugyan az <a href=\"https:\/\/loudavymkrokem.cz\/hu\/ausztria-tavak-legszebb-helyek\/\">osztr\u00e1k tavak<\/a> cs\u00e1b\u00edtj\u00e1k az \u00fasz\u00f3kat, de <strong>t\u00e9len a befagyott v\u00edzt\u00fckr\u00fck var\u00e1zslatos kulissz\u00e1v\u00e1 v\u00e1ltozik a szaun\u00e1z\u00e1s k\u00f6zbeni pihen\u00e9shez<\/strong>.<\/p>\n\n\n\n<h3 class=\"wp-block-heading\" id=\"2_Olaszorszag_es_a_Dolomitok_Dolomiti_Superski\"><span class=\"ez-toc-section\" id=\"2_Olaszorszag_es_a_Dolomitok_Dolomiti_Superski\"><\/span>2. Olaszorsz\u00e1g \u00e9s a Dolomitok: Dolomiti Superski<span class=\"ez-toc-section-end\"><\/span><\/h3>\n\n\n\n<p class=\"wp-block-paragraph\">A tapasztalt s\u00edel\u0151k gyakran egyet\u00e9rtenek abban, hogy az Alpok d\u00e9li oldala sokkal stabilabb id\u0151j\u00e1r\u00e1st \u00e9s f\u0151leg l\u00e9nyegesen t\u00f6bb naps\u00fct\u00e9st k\u00edn\u00e1l, mint az \u00e9szaki. Ha a Cortina d&#8217;Ampezzo statisztik\u00e1it n\u00e9zz\u00fck, a napok itt febru\u00e1rban 3,8 \u00b0C k\u00f6r\u00fcli h\u0151m\u00e9rs\u00e9kletet \u00edg\u00e9rnek, az \u00e9jszak\u00e1k -5,0 \u00b0C-ig s\u00fcllyednek, a csapad\u00e9kos napok sz\u00e1ma pedig \u00e1tlagosan csak 8,6, viszont a nap sz\u00e9p napi 7,6 \u00f3r\u00e1t s\u00fct itt. <strong>Az egyes sz\u00e1m\u00fa cs\u00e1b\u00edt\u00e1s itt k\u00e9ts\u00e9gtelen\u00fcl az \u00f6sszekapcsolt Dolomiti Superski s\u00edb\u00e9rlet<\/strong>, amely a hihetetlen t\u00f6bb sz\u00e1z kilom\u00e9ternyi t\u00f6k\u00e9letesen prepar\u00e1lt p\u00e1lya kapuj\u00e1t nyitja meg neked.<\/p>\n\n\n\n<figure data-wp-context=\"{&quot;imageId&quot;:&quot;6a9af0d33aa6d&quot;}\" data-wp-interactive=\"core\/image\" data-wp-key=\"6a9af0d33aa6d\" class=\"wp-block-image size-full wp-lightbox-container\"><img decoding=\"async\" width=\"1500\" height=\"1125\" data-wp-class--hide=\"state.isContentHidden\" data-wp-class--show=\"state.isContentVisible\" data-wp-init=\"callbacks.setButtonStyles\" data-wp-on--click=\"actions.showLightbox\" data-wp-on--load=\"callbacks.setButtonStyles\" data-wp-on--pointerdown=\"actions.preloadImage\" data-wp-on--pointerenter=\"actions.preloadImageWithDelay\" data-wp-on--pointerleave=\"actions.cancelPreload\" data-wp-on-window--resize=\"callbacks.setButtonStyles\" src=\"https:\/\/loudavymkrokem.cz\/wp-content\/uploads\/2026\/08\/kam-na-dovolenou-v-unoru-f17.jpg\" alt=\"Dolomitok t\u00e9len\" class=\"wp-image-400820\" title=\"\" srcset=\"https:\/\/loudavymkrokem.cz\/wp-content\/uploads\/2026\/08\/kam-na-dovolenou-v-unoru-f17.jpg 1500w, https:\/\/loudavymkrokem.cz\/wp-content\/uploads\/2026\/08\/kam-na-dovolenou-v-unoru-f17-300x225.jpg 300w, https:\/\/loudavymkrokem.cz\/wp-content\/uploads\/2026\/08\/kam-na-dovolenou-v-unoru-f17-700x525.jpg 700w, https:\/\/loudavymkrokem.cz\/wp-content\/uploads\/2026\/08\/kam-na-dovolenou-v-unoru-f17-768x576.jpg 768w, https:\/\/loudavymkrokem.cz\/wp-content\/uploads\/2026\/08\/kam-na-dovolenou-v-unoru-f17-80x60.jpg 80w, https:\/\/loudavymkrokem.cz\/wp-content\/uploads\/2026\/08\/kam-na-dovolenou-v-unoru-f17-160x120.jpg 160w, https:\/\/loudavymkrokem.cz\/wp-content\/uploads\/2026\/08\/kam-na-dovolenou-v-unoru-f17-696x522.jpg 696w, https:\/\/loudavymkrokem.cz\/wp-content\/uploads\/2026\/08\/kam-na-dovolenou-v-unoru-f17-1392x1044.jpg 1392w\" sizes=\"(max-width: 1500px) 100vw, 1500px\" \/><button\n\t\t\tclass=\"lightbox-trigger\"\n\t\t\ttype=\"button\"\n\t\t\taria-haspopup=\"dialog\"\n\t\t\tdata-wp-bind--aria-label=\"state.thisImage.triggerButtonAriaLabel\"\n\t\t\tdata-wp-init=\"callbacks.initTriggerButton\"\n\t\t\tdata-wp-on--click=\"actions.showLightbox\"\n\t\t\tdata-wp-style--right=\"state.thisImage.buttonRight\"\n\t\t\tdata-wp-style--top=\"state.thisImage.buttonTop\"\n\t\t>\n\t\t\t<svg xmlns=\"http:\/\/www.w3.org\/2000\/svg\" width=\"12\" height=\"12\" fill=\"none\" viewBox=\"0 0 12 12\">\n\t\t\t\t<path fill=\"#fff\" d=\"M2 0a2 2 0 0 0-2 2v2h1.5V2a.5.5 0 0 1 .5-.5h2V0H2Zm2 10.5H2a.5.5 0 0 1-.5-.5V8H0v2a2 2 0 0 0 2 2h2v-1.5ZM8 12v-1.5h2a.5.5 0 0 0 .5-.5V8H12v2a2 2 0 0 1-2 2H8Zm2-12a2 2 0 0 1 2 2v2h-1.5V2a.5.5 0 0 0-.5-.5H8V0h2Z\" \/>\n\t\t\t<\/svg>\n\t\t<\/button><figcaption class=\"wp-element-caption\">Dolomitok t\u00e9len (Fot\u00f3: Zoran Kureli\u0107 Rabko \/ Wikimedia Commons, CC BY-SA 3.0)<\/figcaption><\/figure>\n\n\n\n<p class=\"wp-block-paragraph\">Olaszorsz\u00e1g a vend\u00e9gszeretet\u00e9r\u0151l \u00e9s a lejt\u0151k\u00f6n k\u00edn\u00e1lt kiv\u00e1l\u00f3 \u00e9tel\u00e9r\u0151l is h\u00edres, ahol a veget\u00e1ri\u00e1nusok is megtal\u00e1lj\u00e1k a sz\u00e1m\u00edt\u00e1sukat a kiv\u00e1l\u00f3 t\u00e9szt\u00e1kn\u00e1l vagy pizz\u00e1n\u00e1l, m\u00edg a h\u00fasev\u0151k \u00e1ll\u00edt\u00f3lag esk\u00fcsznek a helyi felv\u00e1gottakra. Ha a <a href=\"https:\/\/loudavymkrokem.cz\/hu\/dolomitok-gyerekkel-tippek\/\">Dolomitokba gyerekekkel<\/a> tervezel indulni, biztosan \u00e9rt\u00e9kelni fogod az enyh\u00e9bb lejt\u0151ket \u00e9s a sok s\u00edoktat\u00f3-iskol\u00e1t t\u00fcrelmes hozz\u00e1\u00e1ll\u00e1ssal. A ny\u00e1ri h\u00f3napokban a t\u00f6megek a <a href=\"https:\/\/loudavymkrokem.cz\/hu\/lago-di-sorapis-dolomitok-tippek\/\">Lago di Sorapishoz<\/a> tartanak, de <strong>t\u00e9len ezek a hegyek kiz\u00e1r\u00f3lag a porh\u00f3 \u00e9s az \u00e9les \u00e9lek szerelmeseinek sz\u00f3lnak<\/strong>.<\/p>\n\n\n\n<h3 class=\"wp-block-heading\" id=\"3_Magas_Tatra_es_Szlovakia\"><span class=\"ez-toc-section\" id=\"3_Magas-Tatra_es_Szlovakia\"><\/span>3. Magas-T\u00e1tra \u00e9s Szlov\u00e1kia<span class=\"ez-toc-section-end\"><\/span><\/h3>\n\n\n\n<p class=\"wp-block-paragraph\">Aki \u00e1rban megfizethet\u0151bb alternat\u00edv\u00e1t keres az alpesi \u00f3ri\u00e1sokhoz, annak mindenk\u00e9pp \u00e9szaki szomsz\u00e9daink fel\u00e9 kell ford\u00edtania a tekintet\u00e9t. <strong>Szlov\u00e1kia nemcsak alacsonyabb \u00e1rakkal, hanem a nyelvi akad\u00e1ly hi\u00e1ny\u00e1val is \u00f6r\u00f6met szerez<\/strong> \u2013 ok\u00e9, a szlov\u00e1k nem magyar, de a legt\u00f6bb helyen j\u00f3l elboldogulsz. Az id\u0151j\u00e1r\u00e1s a Csorba-t\u00f3n\u00e1l febru\u00e1rban a megfelel\u0151 t\u00e9li jelleget tartja 1,0 \u00b0C k\u00f6r\u00fcli nappali h\u0151m\u00e9rs\u00e9klettel \u00e9s -6,8 \u00b0C-ig s\u00fcllyed\u0151 \u00e9jszakai fagyokkal. A h\u00f3 itt el\u00e9g gyakran esik, \u00e1tlagosan 14,9 napot a h\u00f3napban, a nap pedig napi 5,8 \u00f3r\u00e1ra mutatja mag\u00e1t.<\/p>\n\n\n\n<figure data-wp-context=\"{&quot;imageId&quot;:&quot;6a9af0d33b03e&quot;}\" data-wp-interactive=\"core\/image\" data-wp-key=\"6a9af0d33b03e\" class=\"wp-block-image size-full wp-lightbox-container\"><img decoding=\"async\" width=\"1500\" height=\"1000\" data-wp-class--hide=\"state.isContentHidden\" data-wp-class--show=\"state.isContentVisible\" data-wp-init=\"callbacks.setButtonStyles\" data-wp-on--click=\"actions.showLightbox\" data-wp-on--load=\"callbacks.setButtonStyles\" data-wp-on--pointerdown=\"actions.preloadImage\" data-wp-on--pointerenter=\"actions.preloadImageWithDelay\" data-wp-on--pointerleave=\"actions.cancelPreload\" data-wp-on-window--resize=\"callbacks.setButtonStyles\" src=\"https:\/\/loudavymkrokem.cz\/wp-content\/uploads\/2026\/08\/kam-na-dovolenou-v-unoru-f18.jpg\" alt=\"Magas-T\u00e1tra t\u00e9len\" class=\"wp-image-400821\" title=\"\" srcset=\"https:\/\/loudavymkrokem.cz\/wp-content\/uploads\/2026\/08\/kam-na-dovolenou-v-unoru-f18.jpg 1500w, https:\/\/loudavymkrokem.cz\/wp-content\/uploads\/2026\/08\/kam-na-dovolenou-v-unoru-f18-300x200.jpg 300w, https:\/\/loudavymkrokem.cz\/wp-content\/uploads\/2026\/08\/kam-na-dovolenou-v-unoru-f18-700x467.jpg 700w, https:\/\/loudavymkrokem.cz\/wp-content\/uploads\/2026\/08\/kam-na-dovolenou-v-unoru-f18-768x512.jpg 768w, https:\/\/loudavymkrokem.cz\/wp-content\/uploads\/2026\/08\/kam-na-dovolenou-v-unoru-f18-696x464.jpg 696w, https:\/\/loudavymkrokem.cz\/wp-content\/uploads\/2026\/08\/kam-na-dovolenou-v-unoru-f18-1392x928.jpg 1392w\" sizes=\"(max-width: 1500px) 100vw, 1500px\" \/><button\n\t\t\tclass=\"lightbox-trigger\"\n\t\t\ttype=\"button\"\n\t\t\taria-haspopup=\"dialog\"\n\t\t\tdata-wp-bind--aria-label=\"state.thisImage.triggerButtonAriaLabel\"\n\t\t\tdata-wp-init=\"callbacks.initTriggerButton\"\n\t\t\tdata-wp-on--click=\"actions.showLightbox\"\n\t\t\tdata-wp-style--right=\"state.thisImage.buttonRight\"\n\t\t\tdata-wp-style--top=\"state.thisImage.buttonTop\"\n\t\t>\n\t\t\t<svg xmlns=\"http:\/\/www.w3.org\/2000\/svg\" width=\"12\" height=\"12\" fill=\"none\" viewBox=\"0 0 12 12\">\n\t\t\t\t<path fill=\"#fff\" d=\"M2 0a2 2 0 0 0-2 2v2h1.5V2a.5.5 0 0 1 .5-.5h2V0H2Zm2 10.5H2a.5.5 0 0 1-.5-.5V8H0v2a2 2 0 0 0 2 2h2v-1.5ZM8 12v-1.5h2a.5.5 0 0 0 .5-.5V8H12v2a2 2 0 0 1-2 2H8Zm2-12a2 2 0 0 1 2 2v2h-1.5V2a.5.5 0 0 0-.5-.5H8V0h2Z\" \/>\n\t\t\t<\/svg>\n\t\t<\/button><figcaption class=\"wp-element-caption\">Magas-T\u00e1tra t\u00e9len (Fot\u00f3: Kacper Wolski \/ Pexels)<\/figcaption><\/figure>\n\n\n\n<p class=\"wp-block-paragraph\">A t\u00e1trai s\u00edel\u00e9snek \u00f3ri\u00e1si el\u0151nye, hogy fantasztikusan \u00f6sszekapcsolhatod a forr\u00f3 v\u00edzben val\u00f3 relax\u00e1l\u00e1ssal. Amikor eg\u00e9sz napos p\u00e1ly\u00e1z\u00e1s ut\u00e1n f\u00e1j a l\u00e1bad, a <a href=\"https:\/\/loudavymkrokem.cz\/hu\/termalfurdo-szlovakia-legjobb\/\">szlov\u00e1kiai term\u00e1lf\u00fcrd\u0151k<\/a> az utaz\u00f3k visszajelz\u00e9sei szerint teljes balzsamot jelentenek a testnek \u00e9s a l\u00e9leknek. \u00c9s ha a lejt\u0151k mellett egy kis t\u00e9li t\u00far\u00e1z\u00e1st is szeretsz, n\u00e9zd meg a <a href=\"https:\/\/loudavymkrokem.cz\/hu\/magas-tatra-turak\/\">3 t\u00far\u00e1t a Magas-T\u00e1tr\u00e1ban<\/a>, amelyeknek <strong>havas k\u00f6nt\u00f6sben eg\u00e9szen m\u00e1s, kiss\u00e9 var\u00e1zslatos a hangulatuk<\/strong>. \u263a\ufe0f<\/p>\n\n\n\n<h3 class=\"wp-block-heading\" id=\"4_Svajc_draga_de_mas\"><span class=\"ez-toc-section\" id=\"4_Svajc_draga_de_mas\"><\/span>4. Sv\u00e1jc: dr\u00e1ga, de m\u00e1s<span class=\"ez-toc-section-end\"><\/span><\/h3>\n\n\n\n<p class=\"wp-block-paragraph\">Sv\u00e1jcr\u00f3l az a h\u00edr j\u00e1rja, hogy m\u00e1r a s\u00edb\u00e9rletek \u00e1rlist\u00e1j\u00e1ra pillantva t\u00f6nkreteszi a p\u00e9nzt\u00e1rc\u00e1dat, ami r\u00e9szben igaz, de a szolg\u00e1ltat\u00e1sok min\u0151s\u00e9ge \u00e1ll\u00edt\u00f3lag teljesen megfelel a magas \u00e1raknak. <strong>Ez az orsz\u00e1g hatalmas tengerszint feletti magass\u00e1gokban k\u00edn\u00e1l s\u00edel\u00e9st a legikonikusabb n\u00e9gyezresek kulissz\u00e1ival<\/strong>, amelyek a m\u00e9ly v\u00f6lgyek f\u00f6l\u00e9 magasodnak. P\u00e9ld\u00e1ul a n\u00e9pszer\u0171 Interlakenben a febru\u00e1ri h\u0151m\u00e9rs\u00e9klet nappal 8,4 \u00b0C k\u00f6r\u00fcl marad, \u00e9jszaka pedig csak enyh\u00e9n s\u00fcllyed 1,3 \u00b0C-ra. Itt 12,9 csapad\u00e9kos napra \u00e9s 6,8 \u00f3ra naps\u00fct\u00e9sre sz\u00e1m\u00edthatsz, amely sz\u00e9pen megvil\u00e1g\u00edtja a k\u00f6rnyez\u0151 cs\u00facsokat.<\/p>\n\n\n\n<figure data-wp-context=\"{&quot;imageId&quot;:&quot;6a9af0d33b510&quot;}\" data-wp-interactive=\"core\/image\" data-wp-key=\"6a9af0d33b510\" class=\"wp-block-image size-full wp-lightbox-container\"><img decoding=\"async\" width=\"1500\" height=\"1125\" data-wp-class--hide=\"state.isContentHidden\" data-wp-class--show=\"state.isContentVisible\" data-wp-init=\"callbacks.setButtonStyles\" data-wp-on--click=\"actions.showLightbox\" data-wp-on--load=\"callbacks.setButtonStyles\" data-wp-on--pointerdown=\"actions.preloadImage\" data-wp-on--pointerenter=\"actions.preloadImageWithDelay\" data-wp-on--pointerleave=\"actions.cancelPreload\" data-wp-on-window--resize=\"callbacks.setButtonStyles\" src=\"https:\/\/loudavymkrokem.cz\/wp-content\/uploads\/2026\/08\/kam-na-dovolenou-v-unoru-f19.jpg\" alt=\"Sv\u00e1jci Alpok\" class=\"wp-image-400822\" title=\"\" srcset=\"https:\/\/loudavymkrokem.cz\/wp-content\/uploads\/2026\/08\/kam-na-dovolenou-v-unoru-f19.jpg 1500w, https:\/\/loudavymkrokem.cz\/wp-content\/uploads\/2026\/08\/kam-na-dovolenou-v-unoru-f19-300x225.jpg 300w, https:\/\/loudavymkrokem.cz\/wp-content\/uploads\/2026\/08\/kam-na-dovolenou-v-unoru-f19-700x525.jpg 700w, https:\/\/loudavymkrokem.cz\/wp-content\/uploads\/2026\/08\/kam-na-dovolenou-v-unoru-f19-768x576.jpg 768w, https:\/\/loudavymkrokem.cz\/wp-content\/uploads\/2026\/08\/kam-na-dovolenou-v-unoru-f19-80x60.jpg 80w, https:\/\/loudavymkrokem.cz\/wp-content\/uploads\/2026\/08\/kam-na-dovolenou-v-unoru-f19-160x120.jpg 160w, https:\/\/loudavymkrokem.cz\/wp-content\/uploads\/2026\/08\/kam-na-dovolenou-v-unoru-f19-696x522.jpg 696w, https:\/\/loudavymkrokem.cz\/wp-content\/uploads\/2026\/08\/kam-na-dovolenou-v-unoru-f19-1392x1044.jpg 1392w\" sizes=\"(max-width: 1500px) 100vw, 1500px\" \/><button\n\t\t\tclass=\"lightbox-trigger\"\n\t\t\ttype=\"button\"\n\t\t\taria-haspopup=\"dialog\"\n\t\t\tdata-wp-bind--aria-label=\"state.thisImage.triggerButtonAriaLabel\"\n\t\t\tdata-wp-init=\"callbacks.initTriggerButton\"\n\t\t\tdata-wp-on--click=\"actions.showLightbox\"\n\t\t\tdata-wp-style--right=\"state.thisImage.buttonRight\"\n\t\t\tdata-wp-style--top=\"state.thisImage.buttonTop\"\n\t\t>\n\t\t\t<svg xmlns=\"http:\/\/www.w3.org\/2000\/svg\" width=\"12\" height=\"12\" fill=\"none\" viewBox=\"0 0 12 12\">\n\t\t\t\t<path fill=\"#fff\" d=\"M2 0a2 2 0 0 0-2 2v2h1.5V2a.5.5 0 0 1 .5-.5h2V0H2Zm2 10.5H2a.5.5 0 0 1-.5-.5V8H0v2a2 2 0 0 0 2 2h2v-1.5ZM8 12v-1.5h2a.5.5 0 0 0 .5-.5V8H12v2a2 2 0 0 1-2 2H8Zm2-12a2 2 0 0 1 2 2v2h-1.5V2a.5.5 0 0 0-.5-.5H8V0h2Z\" \/>\n\t\t\t<\/svg>\n\t\t<\/button><figcaption class=\"wp-element-caption\">Sv\u00e1jci Alpok (Fot\u00f3: Norbert Aepli, Switzerland \/ Wikimedia Commons, CC BY 3.0)<\/figcaption><\/figure>\n\n\n\n<p class=\"wp-block-paragraph\">A t\u00e9li <a href=\"https:\/\/loudavymkrokem.cz\/hu\/svajc-latnivalok-tippek\/\">sv\u00e1jci nyaral\u00e1s<\/a> azonban messze nem csak a meredek lejt\u0151k lecs\u00fasz\u00e1s\u00e1r\u00f3l sz\u00f3lhat. Ha pihenni akarsz a p\u00e1ly\u00e1kt\u00f3l, a helyiek aj\u00e1nlj\u00e1k, hogy fedezd fel <a href=\"https:\/\/loudavymkrokem.cz\/hu\/svajc-vonattal-panoramavonatok\/\">Sv\u00e1jcot vonattal<\/a>, mert <strong>a piros vonatok \u00fcvegezett kocsijaib\u00f3l tett utaz\u00e1s a havas t\u00e1jon \u00e1t a legszebb \u00e9lm\u00e9nyek k\u00f6z\u00e9 tartozik<\/strong>. Egyszer\u0171en egy exkluz\u00edv \u00fati c\u00e9lr\u00f3l van sz\u00f3 azoknak, akik t\u00f6k\u00e9letes szervizt \u00e9s mes\u00e9s panor\u00e1m\u00e1t keresnek.<\/p>\n\n\n\n<h3 class=\"wp-block-heading\" id=\"5_Szlovenia_es_a_Juliai_Alpok\"><span class=\"ez-toc-section\" id=\"5_Szlovenia_es_a_Juliai-Alpok\"><\/span>5. Szlov\u00e9nia \u00e9s a J\u00faliai-Alpok<span class=\"ez-toc-section-end\"><\/span><\/h3>\n\n\n\n<p class=\"wp-block-paragraph\">Szlov\u00e9nia ugyan nem tartozik a legnagyobb s\u00edhatalmak k\u00f6z\u00e9, de ann\u00e1l kamar\u00e1sabb \u00e9s bar\u00e1ts\u00e1gosabb hangulat v\u00e1r itt r\u00e1d. A sok magyar v\u00e1rosb\u00f3l az \u00fat r\u00f6videbb ideig tart, mint a t\u00e1volabbi osztr\u00e1k vagy francia Alpok zugaiba, amit f\u0151leg a kisebb gyerekekkel utazva \u00e9rt\u00e9kelsz majd. A gy\u00f6ny\u00f6r\u0171 Bledi-t\u00f3 k\u00f6rny\u00e9k\u00e9n febru\u00e1rban 7,1 \u00b0C k\u00f6r\u00fcli nappali h\u0151m\u00e9rs\u00e9kletre sz\u00e1m\u00edthatsz, \u00e9jszaka -0,9 \u00b0C-ra h\u0171l le, \u00e9s \u00e1tlagosan 9,4 csapad\u00e9kos nappal tal\u00e1lkozol. A nap itt kellemes napi 6,4 \u00f3r\u00e1n \u00e1t lesz t\u00e1rsas\u00e1godban, <strong>ami egyenesen a s\u00edel\u00e9s ut\u00e1ni d\u00e9lut\u00e1ni s\u00e9t\u00e1kra cs\u00e1b\u00edt<\/strong>.<\/p>\n\n\n\n<figure data-wp-context=\"{&quot;imageId&quot;:&quot;6a9af0d33bb14&quot;}\" data-wp-interactive=\"core\/image\" data-wp-key=\"6a9af0d33bb14\" class=\"wp-block-image size-full wp-lightbox-container\"><img decoding=\"async\" width=\"1500\" height=\"995\" data-wp-class--hide=\"state.isContentHidden\" data-wp-class--show=\"state.isContentVisible\" data-wp-init=\"callbacks.setButtonStyles\" data-wp-on--click=\"actions.showLightbox\" data-wp-on--load=\"callbacks.setButtonStyles\" data-wp-on--pointerdown=\"actions.preloadImage\" data-wp-on--pointerenter=\"actions.preloadImageWithDelay\" data-wp-on--pointerleave=\"actions.cancelPreload\" data-wp-on-window--resize=\"callbacks.setButtonStyles\" src=\"https:\/\/loudavymkrokem.cz\/wp-content\/uploads\/2026\/08\/kam-na-dovolenou-v-unoru-f20.jpg\" alt=\"Bled t\u00e9len\" class=\"wp-image-400823\" title=\"\" srcset=\"https:\/\/loudavymkrokem.cz\/wp-content\/uploads\/2026\/08\/kam-na-dovolenou-v-unoru-f20.jpg 1500w, https:\/\/loudavymkrokem.cz\/wp-content\/uploads\/2026\/08\/kam-na-dovolenou-v-unoru-f20-300x199.jpg 300w, https:\/\/loudavymkrokem.cz\/wp-content\/uploads\/2026\/08\/kam-na-dovolenou-v-unoru-f20-700x464.jpg 700w, https:\/\/loudavymkrokem.cz\/wp-content\/uploads\/2026\/08\/kam-na-dovolenou-v-unoru-f20-768x509.jpg 768w, https:\/\/loudavymkrokem.cz\/wp-content\/uploads\/2026\/08\/kam-na-dovolenou-v-unoru-f20-696x462.jpg 696w, https:\/\/loudavymkrokem.cz\/wp-content\/uploads\/2026\/08\/kam-na-dovolenou-v-unoru-f20-1392x923.jpg 1392w\" sizes=\"(max-width: 1500px) 100vw, 1500px\" \/><button\n\t\t\tclass=\"lightbox-trigger\"\n\t\t\ttype=\"button\"\n\t\t\taria-haspopup=\"dialog\"\n\t\t\tdata-wp-bind--aria-label=\"state.thisImage.triggerButtonAriaLabel\"\n\t\t\tdata-wp-init=\"callbacks.initTriggerButton\"\n\t\t\tdata-wp-on--click=\"actions.showLightbox\"\n\t\t\tdata-wp-style--right=\"state.thisImage.buttonRight\"\n\t\t\tdata-wp-style--top=\"state.thisImage.buttonTop\"\n\t\t>\n\t\t\t<svg xmlns=\"http:\/\/www.w3.org\/2000\/svg\" width=\"12\" height=\"12\" fill=\"none\" viewBox=\"0 0 12 12\">\n\t\t\t\t<path fill=\"#fff\" d=\"M2 0a2 2 0 0 0-2 2v2h1.5V2a.5.5 0 0 1 .5-.5h2V0H2Zm2 10.5H2a.5.5 0 0 1-.5-.5V8H0v2a2 2 0 0 0 2 2h2v-1.5ZM8 12v-1.5h2a.5.5 0 0 0 .5-.5V8H12v2a2 2 0 0 1-2 2H8Zm2-12a2 2 0 0 1 2 2v2h-1.5V2a.5.5 0 0 0-.5-.5H8V0h2Z\" \/>\n\t\t\t<\/svg>\n\t\t<\/button><figcaption class=\"wp-element-caption\">Bled t\u00e9len (Fot\u00f3: Mihael Grmek \/ Wikimedia Commons, CC BY-SA 3.0)<\/figcaption><\/figure>\n\n\n\n<p class=\"wp-block-paragraph\">A szlov\u00e9n t\u00e9lben a legjobb a zseni\u00e1lis lehet\u0151s\u00e9g, hogy a d\u00e9lel\u0151tti carvingot kombin\u00e1lhatod a d\u00e9lut\u00e1ni meleg v\u00edzbe mer\u00fcl\u00e9ssel. Sok visszajelz\u00e9s szerint ugyanis a <a href=\"https:\/\/loudavymkrokem.cz\/hu\/szlovenia-termalfurdo-legjobb\/\">legjobb szlov\u00e9niai term\u00e1lf\u00fcrd\u0151k<\/a> \u00e9p\u00edt\u00e9szetileg gy\u00f6ny\u00f6r\u0171en kidolgozottak, \u00e9s gyakran k\u00f6zvetlen kil\u00e1t\u00e1st k\u00edn\u00e1lnak a havas cs\u00facsokra. Amikor eleged lesz a s\u00edb\u0151l, indulj felfedezni <a href=\"https:\/\/loudavymkrokem.cz\/hu\/szlovenia-bled-bohinj-latnivalok\/\">Bledet \u00e9s Bohinjt<\/a>, mert <strong>a majesztikus hegyekkel k\u00f6r\u00fclvett befagyott tavak \u00fagy n\u00e9znek ki, mintha egy kar\u00e1csonyi k\u00e9peslapr\u00f3l v\u00e1gt\u00e1k volna ki \u0151ket<\/strong>.<\/p>\n\n\n\n<h3 class=\"wp-block-heading\" id=\"6_Magyarorszag_es_Lengyelorszag_a_legolcsobb_valtozat\"><span class=\"ez-toc-section\" id=\"6_Magyarorszag_es_Lengyelorszag_a_legolcsobb_valtozat\"><\/span>6. Magyarorsz\u00e1g \u00e9s Lengyelorsz\u00e1g: a legolcs\u00f3bb v\u00e1ltozat<span class=\"ez-toc-section-end\"><\/span><\/h3>\n\n\n\n<p class=\"wp-block-paragraph\">Nem kell minden\u00e1ron messze d\u00e9lre \u00e1tl\u00e9pned a hat\u00e1rt, hogy febru\u00e1rban rendesen s\u00edelhess. M\u00edg itthon a dombokn\u00e1l egyre bizonytalanabb a h\u00f3, a szomsz\u00e9dos lengyel \u00e9s szlov\u00e1k hegyekben m\u00e1r febru\u00e1rban j\u00f3 h\u00f3takar\u00f3 alatt vannak a p\u00e1ly\u00e1k, m\u00e9g ha a budapesti statisztik\u00e1k ink\u00e1bb tavaszias \u00e9rt\u00e9keket, 8,0 \u00b0C nappali \u00e9s -0,0 \u00b0C \u00e9jszakai h\u0151m\u00e9rs\u00e9kletet mutatnak is, 8,9 csapad\u00e9kos nap \u00e9s 6,3 \u00f3ra naps\u00fct\u00e9s mellett. <strong>Egyre n\u00e9pszer\u0171bbek a lengyel hegyek is, amelyek modern felvon\u00f3kkal \u00e9s gyakran valamivel kedvez\u0151bb s\u00edb\u00e9rlet-\u00e1rakkal b\u00fcszk\u00e9lkednek.<\/strong><\/p>\n\n\n\n<figure data-wp-context=\"{&quot;imageId&quot;:&quot;6a9af0d33c10b&quot;}\" data-wp-interactive=\"core\/image\" data-wp-key=\"6a9af0d33c10b\" class=\"wp-block-image size-full wp-lightbox-container\"><img decoding=\"async\" width=\"1500\" height=\"998\" data-wp-class--hide=\"state.isContentHidden\" data-wp-class--show=\"state.isContentVisible\" data-wp-init=\"callbacks.setButtonStyles\" data-wp-on--click=\"actions.showLightbox\" data-wp-on--load=\"callbacks.setButtonStyles\" data-wp-on--pointerdown=\"actions.preloadImage\" data-wp-on--pointerenter=\"actions.preloadImageWithDelay\" data-wp-on--pointerleave=\"actions.cancelPreload\" data-wp-on-window--resize=\"callbacks.setButtonStyles\" src=\"https:\/\/loudavymkrokem.cz\/wp-content\/uploads\/2026\/08\/kam-na-dovolenou-v-unoru-f21.jpg\" alt=\"Krkono\u0161e t\u00e9len\" class=\"wp-image-400824\" title=\"\" srcset=\"https:\/\/loudavymkrokem.cz\/wp-content\/uploads\/2026\/08\/kam-na-dovolenou-v-unoru-f21.jpg 1500w, https:\/\/loudavymkrokem.cz\/wp-content\/uploads\/2026\/08\/kam-na-dovolenou-v-unoru-f21-300x200.jpg 300w, https:\/\/loudavymkrokem.cz\/wp-content\/uploads\/2026\/08\/kam-na-dovolenou-v-unoru-f21-700x466.jpg 700w, https:\/\/loudavymkrokem.cz\/wp-content\/uploads\/2026\/08\/kam-na-dovolenou-v-unoru-f21-768x511.jpg 768w, https:\/\/loudavymkrokem.cz\/wp-content\/uploads\/2026\/08\/kam-na-dovolenou-v-unoru-f21-696x463.jpg 696w, https:\/\/loudavymkrokem.cz\/wp-content\/uploads\/2026\/08\/kam-na-dovolenou-v-unoru-f21-1392x926.jpg 1392w\" sizes=\"(max-width: 1500px) 100vw, 1500px\" \/><button\n\t\t\tclass=\"lightbox-trigger\"\n\t\t\ttype=\"button\"\n\t\t\taria-haspopup=\"dialog\"\n\t\t\tdata-wp-bind--aria-label=\"state.thisImage.triggerButtonAriaLabel\"\n\t\t\tdata-wp-init=\"callbacks.initTriggerButton\"\n\t\t\tdata-wp-on--click=\"actions.showLightbox\"\n\t\t\tdata-wp-style--right=\"state.thisImage.buttonRight\"\n\t\t\tdata-wp-style--top=\"state.thisImage.buttonTop\"\n\t\t>\n\t\t\t<svg xmlns=\"http:\/\/www.w3.org\/2000\/svg\" width=\"12\" height=\"12\" fill=\"none\" viewBox=\"0 0 12 12\">\n\t\t\t\t<path fill=\"#fff\" d=\"M2 0a2 2 0 0 0-2 2v2h1.5V2a.5.5 0 0 1 .5-.5h2V0H2Zm2 10.5H2a.5.5 0 0 1-.5-.5V8H0v2a2 2 0 0 0 2 2h2v-1.5ZM8 12v-1.5h2a.5.5 0 0 0 .5-.5V8H12v2a2 2 0 0 1-2 2H8Zm2-12a2 2 0 0 1 2 2v2h-1.5V2a.5.5 0 0 0-.5-.5H8V0h2Z\" \/>\n\t\t\t<\/svg>\n\t\t<\/button><figcaption class=\"wp-element-caption\">Krkono\u0161e t\u00e9len (Fot\u00f3: Pudelek \/ Wikimedia Commons, CC BY-SA 4.0)<\/figcaption><\/figure>\n\n\n\n<p class=\"wp-block-paragraph\">A hazai nyaral\u00e1s nagy el\u0151nye a rugalmass\u00e1g, mert ha v\u00e9letlen\u00fcl nem kedvez a febru\u00e1ri id\u0151j\u00e1r\u00e1s, \u00e9s a h\u00f3 elt\u0171nik a szem\u00fcnk l\u00e1tt\u00e1ra, egy csom\u00f3 tartal\u00e9k terved van. Kir\u00e1ndulhatsz a csal\u00e1ddal, hogy felfedezd a <a href=\"https:\/\/loudavymkrokem.cz\/hu\/legjobb-aquaparkok-csehorszag\/\">legjobb aquaparkokat<\/a>, vagy \u00e1tmeleg\u00edtsd a csontjaidat a bubor\u00e9kokban, amelyeket a <a href=\"https:\/\/loudavymkrokem.cz\/hu\/termalfurdo-csehorszag\/\">legjobb term\u00e1lf\u00fcrd\u0151k<\/a> k\u00edn\u00e1lnak. \u00c9s ha k\u00f6zelebb esik hozz\u00e1d kelet fel\u00e9, a <a href=\"https:\/\/loudavymkrokem.cz\/hu\/szlovakia-aquapark-gyerekekkel\/\">legjobb szlov\u00e1kiai aquaparkok<\/a> <strong>remek alternat\u00edv\u00e1t jelentenek az es\u0151s t\u00e9li napokra, amikor a kuty\u00e1t sem hajtan\u00e1d ki a lejt\u0151re<\/strong>. \ud83d\ude05<\/p>\n\n\n\n<h2 class=\"wp-block-heading\" id=\"Hova_menj_februarban_karnevalra_es_eszaki_telbe\"><span class=\"ez-toc-section\" id=\"Hova_menj_februarban_karnevalra_es_eszaki_telbe\"><\/span>Hov\u00e1 menj febru\u00e1rban karnev\u00e1lra \u00e9s \u00e9szaki t\u00e9lbe<span class=\"ez-toc-section-end\"><\/span><\/h2>\n\n\n\n<p class=\"wp-block-paragraph\">A febru\u00e1r sok orsz\u00e1gban \u00f3ri\u00e1si \u00fcnneps\u00e9gek jegy\u00e9ben telik, mert \u00e9ppen ebben a h\u00f3napban tet\u0151zik hagyom\u00e1nyosan a farsangi vigalom, \u00e9s minden a hamvaz\u00f3szerda fel\u00e9 halad. Az utc\u00e1k megtelnek felvonul\u00e1sokkal, zen\u00e9vel \u00e9s bolondos maszkokkal, ami ebb\u0151l az egy\u00e9bk\u00e9nt sz\u00fcrke t\u00e9li id\u0151szakb\u00f3l az \u00e9v egyik legvid\u00e1mabb h\u00f3napj\u00e1t teszi. <strong>Ha szereted a kult\u00far\u00e1t, a zen\u00e9t \u00e9s a t\u00e1ncot, mindenk\u00e9pp fel kellene \u00edrnod legal\u00e1bb egy vil\u00e1gkarnev\u00e1lt az utaz\u00f3i bakancslist\u00e1dra.<\/strong><\/p>\n\n\n\n<p class=\"wp-block-paragraph\">A spektrum teljesen ellent\u00e9tes v\u00e9g\u00e9n \u00e1llnak azok, akik teljes csendre, fagyos romantik\u00e1ra \u00e9s \u00e9gi sz\u00ednh\u00e1zra v\u00e1gynak. A febru\u00e1r ugyanis egyben az utols\u00f3 igaz\u00e1n er\u0151s h\u00f3nap a sarki f\u00e9ny vad\u00e1szainak, amikor a t\u00e1voli \u00e9szakon m\u00e9g rendes t\u00e9l van, de m\u00e1r nincs teljes s\u00f6t\u00e9ts\u00e9g eg\u00e9sz nap. <strong>Ezek az \u00e9szaki exped\u00edci\u00f3k \u00e1ll\u00edt\u00f3lag teljesen megv\u00e1ltoztatj\u00e1k az emberek t\u00e9llel kapcsolatos szeml\u00e9let\u00e9t<\/strong>, amely r\u00f6gt\u00f6n nem csak a tavaszra v\u00e1r\u00e1s bosszant\u00f3 id\u0151szaka lesz.<\/p>\n\n\n\n<h3 class=\"wp-block-heading\" id=\"1_Velencei_karneval\"><span class=\"ez-toc-section\" id=\"1_Velencei_karneval\"><\/span>1. Velencei karnev\u00e1l<span class=\"ez-toc-section-end\"><\/span><\/h3>\n\n\n\n<p class=\"wp-block-paragraph\">Amikor febru\u00e1ri vigalomr\u00f3l esik sz\u00f3, sokaknak els\u0151k\u00e9nt a leny\u0171g\u00f6z\u0151 Velence jut esz\u00e9be a maga titokzatos maszkjaival. <strong>A Szent M\u00e1rk t\u00e9r ebben az id\u0151szakban egy \u00f3ri\u00e1si t\u00f6rt\u00e9nelmi sz\u00ednpadd\u00e1 v\u00e1ltozik<\/strong>, ahol hihetetlen\u00fcl kidolgozott jelmezekben s\u00e9t\u00e1l\u00f3 emberek promen\u00e1doznak, \u00e9s a fot\u00f3k alapj\u00e1n az eg\u00e9sz hangulat teljesen var\u00e1zslatos. Mivel a karnev\u00e1l pontos id\u0151pontja a h\u00fasv\u00e9t d\u00e1tum\u00e1t\u00f3l f\u00fcgg, \u00e9vr\u0151l \u00e9vre v\u00e1ltozik, \u00edgy az utaz\u00e1s tervez\u00e9se el\u0151tt gondosan ellen\u0151rizd az \u00fcnneps\u00e9g napjait.<\/p>\n\n\n\n<figure data-wp-context=\"{&quot;imageId&quot;:&quot;6a9af0d33c8f6&quot;}\" data-wp-interactive=\"core\/image\" data-wp-key=\"6a9af0d33c8f6\" class=\"wp-block-image size-full wp-lightbox-container\"><img decoding=\"async\" width=\"1500\" height=\"1000\" data-wp-class--hide=\"state.isContentHidden\" data-wp-class--show=\"state.isContentVisible\" data-wp-init=\"callbacks.setButtonStyles\" data-wp-on--click=\"actions.showLightbox\" data-wp-on--load=\"callbacks.setButtonStyles\" data-wp-on--pointerdown=\"actions.preloadImage\" data-wp-on--pointerenter=\"actions.preloadImageWithDelay\" data-wp-on--pointerleave=\"actions.cancelPreload\" data-wp-on-window--resize=\"callbacks.setButtonStyles\" src=\"https:\/\/loudavymkrokem.cz\/wp-content\/uploads\/2026\/08\/kam-na-dovolenou-v-unoru-f22.jpg\" alt=\"Velencei karnev\u00e1l\" class=\"wp-image-400825\" title=\"\" srcset=\"https:\/\/loudavymkrokem.cz\/wp-content\/uploads\/2026\/08\/kam-na-dovolenou-v-unoru-f22.jpg 1500w, https:\/\/loudavymkrokem.cz\/wp-content\/uploads\/2026\/08\/kam-na-dovolenou-v-unoru-f22-300x200.jpg 300w, https:\/\/loudavymkrokem.cz\/wp-content\/uploads\/2026\/08\/kam-na-dovolenou-v-unoru-f22-700x467.jpg 700w, https:\/\/loudavymkrokem.cz\/wp-content\/uploads\/2026\/08\/kam-na-dovolenou-v-unoru-f22-768x512.jpg 768w, https:\/\/loudavymkrokem.cz\/wp-content\/uploads\/2026\/08\/kam-na-dovolenou-v-unoru-f22-696x464.jpg 696w, https:\/\/loudavymkrokem.cz\/wp-content\/uploads\/2026\/08\/kam-na-dovolenou-v-unoru-f22-1392x928.jpg 1392w\" sizes=\"(max-width: 1500px) 100vw, 1500px\" \/><button\n\t\t\tclass=\"lightbox-trigger\"\n\t\t\ttype=\"button\"\n\t\t\taria-haspopup=\"dialog\"\n\t\t\tdata-wp-bind--aria-label=\"state.thisImage.triggerButtonAriaLabel\"\n\t\t\tdata-wp-init=\"callbacks.initTriggerButton\"\n\t\t\tdata-wp-on--click=\"actions.showLightbox\"\n\t\t\tdata-wp-style--right=\"state.thisImage.buttonRight\"\n\t\t\tdata-wp-style--top=\"state.thisImage.buttonTop\"\n\t\t>\n\t\t\t<svg xmlns=\"http:\/\/www.w3.org\/2000\/svg\" width=\"12\" height=\"12\" fill=\"none\" viewBox=\"0 0 12 12\">\n\t\t\t\t<path fill=\"#fff\" d=\"M2 0a2 2 0 0 0-2 2v2h1.5V2a.5.5 0 0 1 .5-.5h2V0H2Zm2 10.5H2a.5.5 0 0 1-.5-.5V8H0v2a2 2 0 0 0 2 2h2v-1.5ZM8 12v-1.5h2a.5.5 0 0 0 .5-.5V8H12v2a2 2 0 0 1-2 2H8Zm2-12a2 2 0 0 1 2 2v2h-1.5V2a.5.5 0 0 0-.5-.5H8V0h2Z\" \/>\n\t\t\t<\/svg>\n\t\t<\/button><figcaption class=\"wp-element-caption\">Velencei karnev\u00e1l (Fot\u00f3: Frank Kovalchek \/ Wikimedia Commons, CC BY 2.0)<\/figcaption><\/figure>\n\n\n\n<p class=\"wp-block-paragraph\">Az utaz\u00f3k gyakran egyet\u00e9rtenek egy nagyon praktikus tan\u00e1csban a p\u00e9nz\u00fcgyekkel kapcsolatban, mert a v\u00e1rosk\u00f6zpontban az \u00e1rak az \u00fcnneps\u00e9g alatt rak\u00e9tak\u00e9nt sz\u00f6knek fel. Ha t\u00e9nyleg sok p\u00e9nzt akarsz sp\u00f3rolni, <strong>meg\u00e9ri a f\u0151 szigeten k\u00edv\u00fcl megsz\u00e1llni, p\u00e9ld\u00e1ul a Mestre negyedben<\/strong>, ahonnan a velencei karnev\u00e1l forgatag\u00e1ba vonattal vagy busszal p\u00e1r perc alatt eljutsz. A megtakar\u00edtott p\u00e9nzt pedig ink\u00e1bb elk\u00f6ltheted kiv\u00e1l\u00f3 olasz t\u00e9szt\u00e1kra vagy hagyom\u00e1nyos \u00e9dess\u00e9gekre.<\/p>\n\n\n\n<h3 class=\"wp-block-heading\" id=\"2_Karneval_Tenerifen\"><span class=\"ez-toc-section\" id=\"2_Karneval_Tenerifen\"><\/span>2. Karnev\u00e1l Tenerif\u00e9n<span class=\"ez-toc-section-end\"><\/span><\/h3>\n\n\n\n<p class=\"wp-block-paragraph\">Kevesen tudj\u00e1k, hogy a h\u00edres Rio de Janeir\u00f3 szintj\u00e9n l\u00e9v\u0151 karnev\u00e1li \u0151r\u00fclethez egy\u00e1ltal\u00e1n nem kell \u00e1trep\u00fcln\u00f6d az \u00f3ce\u00e1nt. A kan\u00e1ri sziget f\u0151v\u00e1rosa, Santa Cruz de Tenerife olyan \u00fcnneps\u00e9geknek ad otthont, amelyek sok rangsor szerint a vil\u00e1g legnagyobb \u00e9s legpomp\u00e1sabb karnev\u00e1ljai k\u00f6z\u00e9 tartoznak. <strong>Sz\u00e1m\u00edts v\u00e9gtelen, tollal teli felvonul\u00e1sokra, latin-amerikai zen\u00e9re \u00e9s t\u00e1ncol\u00f3 emberekre, akik a kora reggeli \u00f3r\u00e1kig sz\u00f3rakoznak.<\/strong><\/p>\n\n\n\n<figure data-wp-context=\"{&quot;imageId&quot;:&quot;6a9af0d33cead&quot;}\" data-wp-interactive=\"core\/image\" data-wp-key=\"6a9af0d33cead\" class=\"wp-block-image size-full wp-lightbox-container\"><img decoding=\"async\" width=\"1500\" height=\"754\" data-wp-class--hide=\"state.isContentHidden\" data-wp-class--show=\"state.isContentVisible\" data-wp-init=\"callbacks.setButtonStyles\" data-wp-on--click=\"actions.showLightbox\" data-wp-on--load=\"callbacks.setButtonStyles\" data-wp-on--pointerdown=\"actions.preloadImage\" data-wp-on--pointerenter=\"actions.preloadImageWithDelay\" data-wp-on--pointerleave=\"actions.cancelPreload\" data-wp-on-window--resize=\"callbacks.setButtonStyles\" src=\"https:\/\/loudavymkrokem.cz\/wp-content\/uploads\/2026\/08\/kam-na-dovolenou-v-unoru-f23.jpg\" alt=\"Karnev\u00e1l a Kan\u00e1ri-szigeteken\" class=\"wp-image-400826\" title=\"\" srcset=\"https:\/\/loudavymkrokem.cz\/wp-content\/uploads\/2026\/08\/kam-na-dovolenou-v-unoru-f23.jpg 1500w, https:\/\/loudavymkrokem.cz\/wp-content\/uploads\/2026\/08\/kam-na-dovolenou-v-unoru-f23-300x151.jpg 300w, https:\/\/loudavymkrokem.cz\/wp-content\/uploads\/2026\/08\/kam-na-dovolenou-v-unoru-f23-700x352.jpg 700w, https:\/\/loudavymkrokem.cz\/wp-content\/uploads\/2026\/08\/kam-na-dovolenou-v-unoru-f23-768x386.jpg 768w, https:\/\/loudavymkrokem.cz\/wp-content\/uploads\/2026\/08\/kam-na-dovolenou-v-unoru-f23-696x350.jpg 696w, https:\/\/loudavymkrokem.cz\/wp-content\/uploads\/2026\/08\/kam-na-dovolenou-v-unoru-f23-1392x700.jpg 1392w\" sizes=\"(max-width: 1500px) 100vw, 1500px\" \/><button\n\t\t\tclass=\"lightbox-trigger\"\n\t\t\ttype=\"button\"\n\t\t\taria-haspopup=\"dialog\"\n\t\t\tdata-wp-bind--aria-label=\"state.thisImage.triggerButtonAriaLabel\"\n\t\t\tdata-wp-init=\"callbacks.initTriggerButton\"\n\t\t\tdata-wp-on--click=\"actions.showLightbox\"\n\t\t\tdata-wp-style--right=\"state.thisImage.buttonRight\"\n\t\t\tdata-wp-style--top=\"state.thisImage.buttonTop\"\n\t\t>\n\t\t\t<svg xmlns=\"http:\/\/www.w3.org\/2000\/svg\" width=\"12\" height=\"12\" fill=\"none\" viewBox=\"0 0 12 12\">\n\t\t\t\t<path fill=\"#fff\" d=\"M2 0a2 2 0 0 0-2 2v2h1.5V2a.5.5 0 0 1 .5-.5h2V0H2Zm2 10.5H2a.5.5 0 0 1-.5-.5V8H0v2a2 2 0 0 0 2 2h2v-1.5ZM8 12v-1.5h2a.5.5 0 0 0 .5-.5V8H12v2a2 2 0 0 1-2 2H8Zm2-12a2 2 0 0 1 2 2v2h-1.5V2a.5.5 0 0 0-.5-.5H8V0h2Z\" \/>\n\t\t\t<\/svg>\n\t\t<\/button><figcaption class=\"wp-element-caption\">Karnev\u00e1l a Kan\u00e1ri-szigeteken (Fot\u00f3: Tamara Kulikova \/ Wikimedia Commons, CC BY-SA 4.0)<\/figcaption><\/figure>\n\n\n\n<p class=\"wp-block-paragraph\">Ebben az \u00fati c\u00e9lban a legjobb az a t\u00e9ny, hogy a febru\u00e1ri karnev\u00e1li vigalmat nagyon k\u00f6nnyen \u00f6sszek\u00f6theted a k\u00f6z\u00e9p-eur\u00f3pai fagyok el\u0151l val\u00f3 menek\u00fcl\u00e9ssel. A Kan\u00e1ri-szigetek az \u00f6r\u00f6k tavasz helyek\u00e9nt ismert, \u00edgy <a href=\"https:\/\/loudavymkrokem.cz\/hu\/tenerife-spanyolorszag-latnivalok\/\">Tenerife<\/a> nappal rengeteg naps\u00fct\u00e9st \u00e9s olyan h\u0151m\u00e9rs\u00e9kletet k\u00edn\u00e1l, amely <strong>egyenesen k\u00f6nyvvel a k\u00e9zben val\u00f3 strandpihen\u00e9sre cs\u00e1b\u00edt, m\u00edg este a fergeteges \u00fcnneps\u00e9gek forgatag\u00e1ba veted magad<\/strong>.<\/p>\n\n\n\n<h3 class=\"wp-block-heading\" id=\"3_Lappfold_es_Finnorszag_husky_ren_es_sarki_feny\"><span class=\"ez-toc-section\" id=\"3_Lappfold_es_Finnorszag_husky_ren_es_sarki_feny\"><\/span>3. Lappf\u00f6ld \u00e9s Finnorsz\u00e1g: husky, r\u00e9n \u00e9s sarki f\u00e9ny<span class=\"ez-toc-section-end\"><\/span><\/h3>\n\n\n\n<p class=\"wp-block-paragraph\">A finn Lappf\u00f6ld olyan \u00fati c\u00e9l, amelyr\u0151l sz\u00f3 szerint meseszer\u0171 h\u00edrek j\u00e1rnak, mert a havas erd\u0151k \u00e9s a pattog\u00f3 kandall\u00f3s fah\u00e1zak itt teljesen t\u00f6k\u00e9letes kulissz\u00e1t alkotnak. B\u00e1r itt febru\u00e1rban m\u00e9g m\u00e9ly t\u00e9l uralkodik h\u00f3t\u00f6megekkel, nagy el\u0151ny, hogy a napok decemberhez k\u00e9pest m\u00e1r \u00e9szrevehet\u0151en hosszabbodnak. <strong>Ennek k\u00f6sz\u00f6nhet\u0151en napvil\u00e1gn\u00e1l v\u00e9gigmehetsz a befagyott t\u00e1jon husky- vagy r\u00e9nszarvassz\u00e1non<\/strong>, este pedig marad el\u00e9g energi\u00e1d a f\u0151 esti el\u0151ad\u00e1shoz.<\/p>\n\n\n\n<figure data-wp-context=\"{&quot;imageId&quot;:&quot;6a9af0d33d4b6&quot;}\" data-wp-interactive=\"core\/image\" data-wp-key=\"6a9af0d33d4b6\" class=\"wp-block-image size-full wp-lightbox-container\"><img decoding=\"async\" width=\"1500\" height=\"998\" data-wp-class--hide=\"state.isContentHidden\" data-wp-class--show=\"state.isContentVisible\" data-wp-init=\"callbacks.setButtonStyles\" data-wp-on--click=\"actions.showLightbox\" data-wp-on--load=\"callbacks.setButtonStyles\" data-wp-on--pointerdown=\"actions.preloadImage\" data-wp-on--pointerenter=\"actions.preloadImageWithDelay\" data-wp-on--pointerleave=\"actions.cancelPreload\" data-wp-on-window--resize=\"callbacks.setButtonStyles\" src=\"https:\/\/loudavymkrokem.cz\/wp-content\/uploads\/2026\/08\/kam-na-dovolenou-v-unoru-f24.jpg\" alt=\"Lappf\u00f6ld\" class=\"wp-image-400829\" title=\"\" srcset=\"https:\/\/loudavymkrokem.cz\/wp-content\/uploads\/2026\/08\/kam-na-dovolenou-v-unoru-f24.jpg 1500w, https:\/\/loudavymkrokem.cz\/wp-content\/uploads\/2026\/08\/kam-na-dovolenou-v-unoru-f24-300x200.jpg 300w, https:\/\/loudavymkrokem.cz\/wp-content\/uploads\/2026\/08\/kam-na-dovolenou-v-unoru-f24-700x466.jpg 700w, https:\/\/loudavymkrokem.cz\/wp-content\/uploads\/2026\/08\/kam-na-dovolenou-v-unoru-f24-768x511.jpg 768w, https:\/\/loudavymkrokem.cz\/wp-content\/uploads\/2026\/08\/kam-na-dovolenou-v-unoru-f24-696x463.jpg 696w, https:\/\/loudavymkrokem.cz\/wp-content\/uploads\/2026\/08\/kam-na-dovolenou-v-unoru-f24-1392x926.jpg 1392w\" sizes=\"(max-width: 1500px) 100vw, 1500px\" \/><button\n\t\t\tclass=\"lightbox-trigger\"\n\t\t\ttype=\"button\"\n\t\t\taria-haspopup=\"dialog\"\n\t\t\tdata-wp-bind--aria-label=\"state.thisImage.triggerButtonAriaLabel\"\n\t\t\tdata-wp-init=\"callbacks.initTriggerButton\"\n\t\t\tdata-wp-on--click=\"actions.showLightbox\"\n\t\t\tdata-wp-style--right=\"state.thisImage.buttonRight\"\n\t\t\tdata-wp-style--top=\"state.thisImage.buttonTop\"\n\t\t>\n\t\t\t<svg xmlns=\"http:\/\/www.w3.org\/2000\/svg\" width=\"12\" height=\"12\" fill=\"none\" viewBox=\"0 0 12 12\">\n\t\t\t\t<path fill=\"#fff\" d=\"M2 0a2 2 0 0 0-2 2v2h1.5V2a.5.5 0 0 1 .5-.5h2V0H2Zm2 10.5H2a.5.5 0 0 1-.5-.5V8H0v2a2 2 0 0 0 2 2h2v-1.5ZM8 12v-1.5h2a.5.5 0 0 0 .5-.5V8H12v2a2 2 0 0 1-2 2H8Zm2-12a2 2 0 0 1 2 2v2h-1.5V2a.5.5 0 0 0-.5-.5H8V0h2Z\" \/>\n\t\t\t<\/svg>\n\t\t<\/button><figcaption class=\"wp-element-caption\">Lappf\u00f6ld (Fot\u00f3: Jacek Ru\u017cyczka \/ Wikimedia Commons, CC BY-SA 4.0)<\/figcaption><\/figure>\n\n\n\n<p class=\"wp-block-paragraph\">\u00c9ppen az \u00e9jszakai \u00e9g miatt tart ide a legt\u00f6bb utaz\u00f3, mert a <a href=\"https:\/\/loudavymkrokem.cz\/hu\/sarki-feny-lappfold\/\">lappf\u00f6ldi sarki f\u00e9ny<\/a> \u00e1ll\u00edt\u00f3lag a legszebb sz\u00ednekben j\u00e1tszik. Ha bizonytalan vagy a megfelel\u0151 id\u0151pontban, \u00e9s azt kutatod, <a href=\"https:\/\/loudavymkrokem.cz\/hu\/lappfold-idojaras-honaprol-honapra\/\">mikor utazz Lappf\u00f6ldre<\/a>, hidd el, a k\u00e9s\u0151 t\u00e9l \u00f3ri\u00e1si n\u00e9pszer\u0171s\u00e9gnek \u00f6rvend ennek a jelens\u00e9gnek a megfigyel\u00e9s\u00e9hez. <strong>Csak j\u00f3 alaposan be kell bugyol\u00e1lnod magad t\u00f6bb r\u00e9teg termoruh\u00e1ba, \u00e9s egy kis szerencse kell a tiszta \u00e9ghez.<\/strong><\/p>\n\n\n\n<h3 class=\"wp-block-heading\" id=\"4_Izland_es_Norvegia\"><span class=\"ez-toc-section\" id=\"4_Izland_es_Norvegia\"><\/span>4. Izland \u00e9s Norv\u00e9gia<span class=\"ez-toc-section-end\"><\/span><\/h3>\n\n\n\n<p class=\"wp-block-paragraph\">R\u00f6gt\u00f6n az elej\u00e9n teljesen \u0151szint\u00e9n meg kell mondani, hogy a febru\u00e1r ezeken a helyeken nem a ny\u00e1mnyilaknak val\u00f3, mert az id\u0151j\u00e1r\u00e1s itt rendk\u00edv\u00fcl zord \u00e9s kisz\u00e1m\u00edthatatlan tud lenni. Reykjav\u00edkban 2,0 \u00b0C k\u00f6r\u00fcli nappali \u00e9s -2,6 \u00b0C-os \u00e9jszakai h\u0151m\u00e9rs\u00e9klet v\u00e1r r\u00e1d, mik\u00f6zben a csapad\u00e9k itt \u00e1tlagosan 17,0 napot esik a h\u00f3napban, a nap pedig csak 3,4 \u00f3r\u00e1ra bukkan el\u0151. A norv\u00e9giai Bergen sem \u00e1ll sokkal jobban a maga 3,6 \u00b0C-os nappali, -1,3 \u00b0C-os \u00e9jszakai h\u0151m\u00e9rs\u00e9klet\u00e9vel \u00e9s es\u0151 vagy h\u00f3 ut\u00e1n hihetetlen 19,1 napj\u00e1val. <strong>Izlandon sz\u00e1molnod kell azzal, hogy sok \u00fat a h\u00f3f\u00fav\u00e1sok miatt j\u00e1rhatatlan, a tervek pedig \u00f3r\u00e1r\u00f3l \u00f3r\u00e1ra v\u00e1ltoznak.<\/strong><\/p>\n\n\n\n<figure data-wp-context=\"{&quot;imageId&quot;:&quot;6a9af0d33d9b2&quot;}\" data-wp-interactive=\"core\/image\" data-wp-key=\"6a9af0d33d9b2\" class=\"wp-block-image size-full wp-lightbox-container\"><img decoding=\"async\" width=\"1500\" height=\"1000\" data-wp-class--hide=\"state.isContentHidden\" data-wp-class--show=\"state.isContentVisible\" data-wp-init=\"callbacks.setButtonStyles\" data-wp-on--click=\"actions.showLightbox\" data-wp-on--load=\"callbacks.setButtonStyles\" data-wp-on--pointerdown=\"actions.preloadImage\" data-wp-on--pointerenter=\"actions.preloadImageWithDelay\" data-wp-on--pointerleave=\"actions.cancelPreload\" data-wp-on-window--resize=\"callbacks.setButtonStyles\" src=\"https:\/\/loudavymkrokem.cz\/wp-content\/uploads\/2026\/08\/kam-na-dovolenou-v-unoru-f25.jpg\" alt=\"T\u00e9li Izland\" class=\"wp-image-400831\" title=\"\" srcset=\"https:\/\/loudavymkrokem.cz\/wp-content\/uploads\/2026\/08\/kam-na-dovolenou-v-unoru-f25.jpg 1500w, https:\/\/loudavymkrokem.cz\/wp-content\/uploads\/2026\/08\/kam-na-dovolenou-v-unoru-f25-300x200.jpg 300w, https:\/\/loudavymkrokem.cz\/wp-content\/uploads\/2026\/08\/kam-na-dovolenou-v-unoru-f25-700x467.jpg 700w, https:\/\/loudavymkrokem.cz\/wp-content\/uploads\/2026\/08\/kam-na-dovolenou-v-unoru-f25-768x512.jpg 768w, https:\/\/loudavymkrokem.cz\/wp-content\/uploads\/2026\/08\/kam-na-dovolenou-v-unoru-f25-696x464.jpg 696w, https:\/\/loudavymkrokem.cz\/wp-content\/uploads\/2026\/08\/kam-na-dovolenou-v-unoru-f25-1392x928.jpg 1392w\" sizes=\"(max-width: 1500px) 100vw, 1500px\" \/><button\n\t\t\tclass=\"lightbox-trigger\"\n\t\t\ttype=\"button\"\n\t\t\taria-haspopup=\"dialog\"\n\t\t\tdata-wp-bind--aria-label=\"state.thisImage.triggerButtonAriaLabel\"\n\t\t\tdata-wp-init=\"callbacks.initTriggerButton\"\n\t\t\tdata-wp-on--click=\"actions.showLightbox\"\n\t\t\tdata-wp-style--right=\"state.thisImage.buttonRight\"\n\t\t\tdata-wp-style--top=\"state.thisImage.buttonTop\"\n\t\t>\n\t\t\t<svg xmlns=\"http:\/\/www.w3.org\/2000\/svg\" width=\"12\" height=\"12\" fill=\"none\" viewBox=\"0 0 12 12\">\n\t\t\t\t<path fill=\"#fff\" d=\"M2 0a2 2 0 0 0-2 2v2h1.5V2a.5.5 0 0 1 .5-.5h2V0H2Zm2 10.5H2a.5.5 0 0 1-.5-.5V8H0v2a2 2 0 0 0 2 2h2v-1.5ZM8 12v-1.5h2a.5.5 0 0 0 .5-.5V8H12v2a2 2 0 0 1-2 2H8Zm2-12a2 2 0 0 1 2 2v2h-1.5V2a.5.5 0 0 0-.5-.5H8V0h2Z\" \/>\n\t\t\t<\/svg>\n\t\t<\/button><figcaption class=\"wp-element-caption\">T\u00e9li Izland (Fot\u00f3: Eric Kilby \/ Wikimedia Commons, CC BY-SA 2.0)<\/figcaption><\/figure>\n\n\n\n<p class=\"wp-block-paragraph\">K\u00e9rded, mi\u00e9rt \u00e9rdemes akkor odautazni? A v\u00e1lasz a gy\u00f6ny\u00f6r\u0171 k\u00e9k j\u00e9gbarlangok, amelyek \u00e9ppen ebben az id\u0151szakban vannak a legjobb \u00e1llapotban \u00e9s biztons\u00e1gosan megk\u00f6zel\u00edthet\u0151k. Ha gondosan m\u00e9rlegeled, <a href=\"https:\/\/loudavymkrokem.cz\/hu\/mikor-menj-izlandra-idojaras\/\">mikor utazz Izlandra<\/a>, a febru\u00e1r kompromisszum a zord \u00e9ghajlat \u00e9s az \u00fcresebb l\u00e1tv\u00e1nyoss\u00e1gok es\u00e9lye k\u00f6z\u00f6tt. Ugyanolyan leny\u0171g\u00f6z\u0151 a f\u00e9nyk\u00e9p\u00e9szek szerint a <a href=\"https:\/\/loudavymkrokem.cz\/hu\/sarki-feny-lofoten-norvegia\/\">Lofoten-szigeteki sarki f\u00e9ny<\/a> is, ahol <strong>a var\u00e1zslatos z\u00f6ld f\u00e9nyek a s\u00f6t\u00e9t fjordok t\u00fckr\u00e9n t\u00fckr\u00f6z\u0151dnek, ami olyan l\u00e1tv\u00e1ny, amely m\u00e9lyen bev\u00e9s\u0151dik az eml\u00e9kezetbe<\/strong>.<\/p>\n\n\n\n<h3 class=\"wp-block-heading\" id=\"5_Svedorszag_es_Lappfold_eszakon\"><span class=\"ez-toc-section\" id=\"5_Svedorszag_es_Lappfold_eszakon\"><\/span>5. Sv\u00e9dorsz\u00e1g \u00e9s Lappf\u00f6ld \u00e9szakon<span class=\"ez-toc-section-end\"><\/span><\/h3>\n\n\n\n<p class=\"wp-block-paragraph\">Lappf\u00f6ld sv\u00e9d r\u00e9sze kiss\u00e9 finn szomsz\u00e9dja \u00e1rny\u00e9k\u00e1ban \u00e1ll, ami valamivel nyugodtabb \u00e9s gyakran picit olcs\u00f3bb alternat\u00edv\u00e1t csin\u00e1l bel\u0151le a t\u00e9li kalandhoz. Megtal\u00e1lod itt a h\u00edres j\u00e9gsz\u00e1llod\u00e1t is meg a m\u00e9ly h\u00f3val bor\u00edtott nemzeti parkokat, ahol motoros sz\u00e1nokkal robaghatsz \u00f3r\u00e1kig an\u00e9lk\u00fcl, hogy m\u00e1s turistat\u00f6megekkel tal\u00e1lkozn\u00e1l. <strong>A helyi term\u00e9szet meg\u0151rzi a maga nyers vads\u00e1g\u00e1t, amely f\u0151leg az autentikus \u00e9lm\u00e9nyek szerelmeseit cs\u00e1b\u00edtja a legismertebb \u00fcd\u00fcl\u0151helyeken k\u00edv\u00fcl.<\/strong><\/p>\n\n\n\n<figure data-wp-context=\"{&quot;imageId&quot;:&quot;6a9af0d33deb0&quot;}\" data-wp-interactive=\"core\/image\" data-wp-key=\"6a9af0d33deb0\" class=\"wp-block-image size-full wp-lightbox-container\"><img decoding=\"async\" width=\"1500\" height=\"1000\" data-wp-class--hide=\"state.isContentHidden\" data-wp-class--show=\"state.isContentVisible\" data-wp-init=\"callbacks.setButtonStyles\" data-wp-on--click=\"actions.showLightbox\" data-wp-on--load=\"callbacks.setButtonStyles\" data-wp-on--pointerdown=\"actions.preloadImage\" data-wp-on--pointerenter=\"actions.preloadImageWithDelay\" data-wp-on--pointerleave=\"actions.cancelPreload\" data-wp-on-window--resize=\"callbacks.setButtonStyles\" src=\"https:\/\/loudavymkrokem.cz\/wp-content\/uploads\/2026\/08\/kam-na-dovolenou-v-unoru-f26.jpg\" alt=\"Sv\u00e9d Lappf\u00f6ld\" class=\"wp-image-400832\" title=\"\" srcset=\"https:\/\/loudavymkrokem.cz\/wp-content\/uploads\/2026\/08\/kam-na-dovolenou-v-unoru-f26.jpg 1500w, https:\/\/loudavymkrokem.cz\/wp-content\/uploads\/2026\/08\/kam-na-dovolenou-v-unoru-f26-300x200.jpg 300w, https:\/\/loudavymkrokem.cz\/wp-content\/uploads\/2026\/08\/kam-na-dovolenou-v-unoru-f26-700x467.jpg 700w, https:\/\/loudavymkrokem.cz\/wp-content\/uploads\/2026\/08\/kam-na-dovolenou-v-unoru-f26-768x512.jpg 768w, https:\/\/loudavymkrokem.cz\/wp-content\/uploads\/2026\/08\/kam-na-dovolenou-v-unoru-f26-696x464.jpg 696w, https:\/\/loudavymkrokem.cz\/wp-content\/uploads\/2026\/08\/kam-na-dovolenou-v-unoru-f26-1392x928.jpg 1392w\" sizes=\"(max-width: 1500px) 100vw, 1500px\" \/><button\n\t\t\tclass=\"lightbox-trigger\"\n\t\t\ttype=\"button\"\n\t\t\taria-haspopup=\"dialog\"\n\t\t\tdata-wp-bind--aria-label=\"state.thisImage.triggerButtonAriaLabel\"\n\t\t\tdata-wp-init=\"callbacks.initTriggerButton\"\n\t\t\tdata-wp-on--click=\"actions.showLightbox\"\n\t\t\tdata-wp-style--right=\"state.thisImage.buttonRight\"\n\t\t\tdata-wp-style--top=\"state.thisImage.buttonTop\"\n\t\t>\n\t\t\t<svg xmlns=\"http:\/\/www.w3.org\/2000\/svg\" width=\"12\" height=\"12\" fill=\"none\" viewBox=\"0 0 12 12\">\n\t\t\t\t<path fill=\"#fff\" d=\"M2 0a2 2 0 0 0-2 2v2h1.5V2a.5.5 0 0 1 .5-.5h2V0H2Zm2 10.5H2a.5.5 0 0 1-.5-.5V8H0v2a2 2 0 0 0 2 2h2v-1.5ZM8 12v-1.5h2a.5.5 0 0 0 .5-.5V8H12v2a2 2 0 0 1-2 2H8Zm2-12a2 2 0 0 1 2 2v2h-1.5V2a.5.5 0 0 0-.5-.5H8V0h2Z\" \/>\n\t\t\t<\/svg>\n\t\t<\/button><figcaption class=\"wp-element-caption\">Sv\u00e9d Lappf\u00f6ld (Fot\u00f3: Pavel.shyshkouski \/ Wikimedia Commons, CC BY-SA 4.0)<\/figcaption><\/figure>\n\n\n\n<p class=\"wp-block-paragraph\">Ahogy Finnorsz\u00e1gban vagy Norv\u00e9gi\u00e1ban, itt is az utaz\u00f3k f\u0151 motiv\u00e1ci\u00f3ja a kozmikus sz\u00ednh\u00e1zzal \u00e1tragyogott s\u00f6t\u00e9ts\u00e9g. A fot\u00f3vad\u00e1szok nagyon dics\u00e9rik, ahogy a <a href=\"https:\/\/loudavymkrokem.cz\/hu\/svedorszag-sarki-feny\/\">sv\u00e9dorsz\u00e1gi sarki f\u00e9ny<\/a> a befagyott tavak f\u00f6l\u00f6tti eget hihetetlen \u00e1rnyalatokba festi. Aki azt kutatja, <a href=\"https:\/\/loudavymkrokem.cz\/hu\/mikor-menj-svedorszagba\/\">mikor utazzon Sv\u00e9dorsz\u00e1gba<\/a> a t\u00e9li \u00f6r\u00f6m\u00f6k\u00e9rt, annak a febru\u00e1r a statisztik\u00e1k szerint <strong>el\u00e9g havat \u00edg\u00e9r minden tipikus \u00e9szaki tev\u00e9kenys\u00e9ghez, \u00e9s egyben m\u00e1r elviselhet\u0151bb h\u0151m\u00e9rs\u00e9kletet a hosszabb kinti tart\u00f3zkod\u00e1shoz<\/strong>.<\/p>\n\n\n\n<h2 class=\"wp-block-heading\" id=\"Hova_menj_februarban_varosba_es_wellnessre\"><span class=\"ez-toc-section\" id=\"Hova_menj_februarban_varosba_es_wellnessre\"><\/span>Hov\u00e1 menj febru\u00e1rban v\u00e1rosba \u00e9s wellnessre<span class=\"ez-toc-section-end\"><\/span><\/h2>\n\n\n\n<p class=\"wp-block-paragraph\">Az eur\u00f3pai metropoliszok felfedez\u00e9se a ny\u00e1ri h\u00f3napokban ink\u00e1bb t\u0171zkereszts\u00e9g, amikor a t\u00f6megben izzadsz, \u00e9s csillag\u00e1szati \u00f6sszegeket fizetsz egy egyszer\u0171 szob\u00e1\u00e9rt a v\u00e1ros sz\u00e9l\u00e9n. A febru\u00e1r ellenben csod\u00e1latos es\u00e9lyt k\u00edn\u00e1l arra, hogy a kult\u00far\u00e1t, a m\u00fazeumokat, a k\u00e1v\u00e9z\u00f3kat \u00e9s a helyi \u00e9p\u00edt\u00e9szetet a szok\u00e1sos \u00e1rak t\u00f6red\u00e9k\u00e9\u00e9rt \u00e9s f\u0151leg teljes nyugalomban \u00e9lvezd. <strong>\u00c9s ha ehhez hozz\u00e1adod a forr\u00f3 term\u00e1lforr\u00e1sok l\u00e1tom\u00e1s\u00e1t, k\u00e9sz a recepted egy teljesen t\u00f6k\u00e9letes hossz\u00fa h\u00e9tv\u00e9g\u00e9re, amely ut\u00e1n \u00fajj\u00e1sz\u00fcletettnek fogod \u00e9rezni magad.<\/strong><\/p>\n\n\n\n<h3 class=\"wp-block-heading\" id=\"Europai_varosok_az_ev_legolcsobb_idoszakaban\"><span class=\"ez-toc-section\" id=\"Europai_varosok_az_ev_legolcsobb_idoszakaban\"><\/span>Eur\u00f3pai v\u00e1rosok az \u00e9v legolcs\u00f3bb id\u0151szak\u00e1ban<span class=\"ez-toc-section-end\"><\/span><\/h3>\n\n\n\n<p class=\"wp-block-paragraph\">A d\u00e9l-eur\u00f3pai v\u00e1rosok febru\u00e1rban m\u00e9g lassan \u00e9bredeznek a tavaszba, de a mi sz\u00fcrke k\u00f6z\u00e9p-eur\u00f3pai tel\u00fcnkh\u00f6z k\u00e9pest balzsam a l\u00e9leknek, mert ott a nap gyakran magasan az \u00e9gen s\u00fct, \u00e9s kab\u00e1tra m\u00e1r semmik\u00e9pp sem lesz sz\u00fcks\u00e9g. Az utaz\u00f3k nagyon dics\u00e9rik f\u0151leg a f\u0151 l\u00e1tv\u00e1nyoss\u00e1gok f\u00e9lig \u00fcres sik\u00e1torait, ahov\u00e1 a szezonban szinte be sem jutsz, a hotelek pedig gyakran nagyon \u00e9rdekes akci\u00f3kat k\u00edn\u00e1lnak. <strong>A t\u00e9li city break ide\u00e1lis azoknak, akik szeretnek a helyi bisztr\u00f3kban \u00fcld\u00f6g\u00e9lni, veget\u00e1ri\u00e1nus tapast k\u00f3stolgatni vagy v\u00e9gtelen s\u00e9t\u00e1kat tenni a gal\u00e9ri\u00e1kban.<\/strong> Vedd fontol\u00f3ra p\u00e9ld\u00e1ul ezeket a gy\u00f6ny\u00f6r\u0171 \u00fati c\u00e9lokat:<\/p>\n\n\n\n<figure data-wp-context=\"{&quot;imageId&quot;:&quot;6a9af0d33e3f4&quot;}\" data-wp-interactive=\"core\/image\" data-wp-key=\"6a9af0d33e3f4\" class=\"wp-block-image size-full wp-lightbox-container\"><img decoding=\"async\" width=\"1500\" height=\"1023\" data-wp-class--hide=\"state.isContentHidden\" data-wp-class--show=\"state.isContentVisible\" data-wp-init=\"callbacks.setButtonStyles\" data-wp-on--click=\"actions.showLightbox\" data-wp-on--load=\"callbacks.setButtonStyles\" data-wp-on--pointerdown=\"actions.preloadImage\" data-wp-on--pointerenter=\"actions.preloadImageWithDelay\" data-wp-on--pointerleave=\"actions.cancelPreload\" data-wp-on-window--resize=\"callbacks.setButtonStyles\" src=\"https:\/\/loudavymkrokem.cz\/wp-content\/uploads\/2026\/08\/kam-na-dovolenou-v-unoru-f27.jpg\" alt=\"Eur\u00f3pai v\u00e1rosok t\u00e9len sorok n\u00e9lk\u00fcl\" class=\"wp-image-400836\" title=\"\" srcset=\"https:\/\/loudavymkrokem.cz\/wp-content\/uploads\/2026\/08\/kam-na-dovolenou-v-unoru-f27.jpg 1500w, https:\/\/loudavymkrokem.cz\/wp-content\/uploads\/2026\/08\/kam-na-dovolenou-v-unoru-f27-300x205.jpg 300w, https:\/\/loudavymkrokem.cz\/wp-content\/uploads\/2026\/08\/kam-na-dovolenou-v-unoru-f27-700x477.jpg 700w, https:\/\/loudavymkrokem.cz\/wp-content\/uploads\/2026\/08\/kam-na-dovolenou-v-unoru-f27-768x524.jpg 768w, https:\/\/loudavymkrokem.cz\/wp-content\/uploads\/2026\/08\/kam-na-dovolenou-v-unoru-f27-696x475.jpg 696w, https:\/\/loudavymkrokem.cz\/wp-content\/uploads\/2026\/08\/kam-na-dovolenou-v-unoru-f27-1392x949.jpg 1392w\" sizes=\"(max-width: 1500px) 100vw, 1500px\" \/><button\n\t\t\tclass=\"lightbox-trigger\"\n\t\t\ttype=\"button\"\n\t\t\taria-haspopup=\"dialog\"\n\t\t\tdata-wp-bind--aria-label=\"state.thisImage.triggerButtonAriaLabel\"\n\t\t\tdata-wp-init=\"callbacks.initTriggerButton\"\n\t\t\tdata-wp-on--click=\"actions.showLightbox\"\n\t\t\tdata-wp-style--right=\"state.thisImage.buttonRight\"\n\t\t\tdata-wp-style--top=\"state.thisImage.buttonTop\"\n\t\t>\n\t\t\t<svg xmlns=\"http:\/\/www.w3.org\/2000\/svg\" width=\"12\" height=\"12\" fill=\"none\" viewBox=\"0 0 12 12\">\n\t\t\t\t<path fill=\"#fff\" d=\"M2 0a2 2 0 0 0-2 2v2h1.5V2a.5.5 0 0 1 .5-.5h2V0H2Zm2 10.5H2a.5.5 0 0 1-.5-.5V8H0v2a2 2 0 0 0 2 2h2v-1.5ZM8 12v-1.5h2a.5.5 0 0 0 .5-.5V8H12v2a2 2 0 0 1-2 2H8Zm2-12a2 2 0 0 1 2 2v2h-1.5V2a.5.5 0 0 0-.5-.5H8V0h2Z\" \/>\n\t\t\t<\/svg>\n\t\t<\/button><figcaption class=\"wp-element-caption\">Eur\u00f3pai v\u00e1rosok t\u00e9len sorok n\u00e9lk\u00fcl (Fot\u00f3: Diego Delso \/ Wikimedia Commons, CC BY-SA 4.0)<\/figcaption><\/figure>\n\n\n\n<ul class=\"wp-block-list\">\n\n<li>R\u00f3ma (Olaszorsz\u00e1g): nappal 14,2 \u00b0C, \u00e9jszaka 5,0 \u00b0C, csapad\u00e9kos napok 8,7, naps\u00fct\u00e9s 8,3 \u00f3\/nap. Mentsd el a tippeket, <a href=\"https:\/\/loudavymkrokem.cz\/hu\/roma-latnivalok-legjobb-helyek\/\">mit l\u00e1ss R\u00f3m\u00e1ban<\/a>.<\/li>\n\n\n\n<li>Lisszabon (Portug\u00e1lia): nappal 15,9 \u00b0C, \u00e9jszaka 9,4 \u00b0C, tenger 16,4 \u00b0C, csapad\u00e9kos napok 6,7, naps\u00fct\u00e9s 8,5 \u00f3\/nap. Seg\u00edt a <a href=\"https:\/\/loudavymkrokem.cz\/hu\/lisszabon-portugalia-latnivalok\/\">Lisszabon<\/a> \u00fatmutat\u00f3nk.<\/li>\n\n\n\n<li>Barcelona (Spanyolorsz\u00e1g): nappal 14,7 \u00b0C, \u00e9jszaka 5,9 \u00b0C, tenger 13,7 \u00b0C, csapad\u00e9kos napok 6,2, naps\u00fct\u00e9s 8,7 \u00f3\/nap. Fedezd fel, mit k\u00edn\u00e1l a naps\u00fct\u00f6tte <a href=\"https:\/\/loudavymkrokem.cz\/hu\/barcelona-latnivalok\/\">Barcelona<\/a>.<\/li>\n\n\n\n<li>Budapest (Magyarorsz\u00e1g): nappal 8,0 \u00b0C, \u00e9jszaka -0,0 \u00b0C, csapad\u00e9kos napok 8,9, naps\u00fct\u00e9s 6,3 \u00f3\/nap. Remek alkalom kipr\u00f3b\u00e1lni a <a href=\"https:\/\/loudavymkrokem.cz\/hu\/budapest-furdo-legjobb\/\">budapesti term\u00e1lf\u00fcrd\u0151ket<\/a>.<\/li>\n\n\n<\/ul>\n\n\n\n<h3 class=\"wp-block-heading\" id=\"Termalfurdok_es_wellness_a_legjobb_februari_klasszikus\"><span class=\"ez-toc-section\" id=\"Termalfurdok_es_wellness_a_legjobb_februari_klasszikus\"><\/span>Term\u00e1lf\u00fcrd\u0151k \u00e9s wellness: a legjobb febru\u00e1ri klasszikus<span class=\"ez-toc-section-end\"><\/span><\/h3>\n\n\n\n<p class=\"wp-block-paragraph\">Mikor m\u00e1sk\u00e9pp laz\u00edts egy rendes adaggal, mint egy olyan h\u00f3napban, amikor kint nyirkos van, \u00e9s a hideg a k\u00f6r\u00f6m al\u00e1 is bef\u00farja mag\u00e1t. A wellnesspihen\u0151k a legkedveltebb menek\u00fcl\u00e9sek k\u00f6z\u00e9 tartoznak a h\u00e9tk\u00f6znapok val\u00f3s\u00e1ga el\u0151l, mert a forr\u00f3 v\u00edz \u00e9s az illatos szauna megb\u00edzhat\u00f3an elmossa a munka minden stressz\u00e9t. <strong>\u00d3ri\u00e1si el\u0151ny, hogy a min\u0151s\u00e9gi \u00e1pol\u00e1s\u00e9rt nem kell f\u00e9l Eur\u00f3p\u00e1t bej\u00e1rnod, mert a legjobb f\u00fcrd\u0151rezortokat gyakran sz\u00f3 szerint a szomsz\u00e9dban tal\u00e1ljuk.<\/strong> \u00cdme egy lista azokr\u00f3l az orsz\u00e1gokr\u00f3l, ahol garant\u00e1ltan a legjobban \u00e1tmelegszel:<\/p>\n\n\n\n<figure data-wp-context=\"{&quot;imageId&quot;:&quot;6a9af0d33ea69&quot;}\" data-wp-interactive=\"core\/image\" data-wp-key=\"6a9af0d33ea69\" class=\"wp-block-image size-full wp-lightbox-container\"><img decoding=\"async\" width=\"1500\" height=\"1125\" data-wp-class--hide=\"state.isContentHidden\" data-wp-class--show=\"state.isContentVisible\" data-wp-init=\"callbacks.setButtonStyles\" data-wp-on--click=\"actions.showLightbox\" data-wp-on--load=\"callbacks.setButtonStyles\" data-wp-on--pointerdown=\"actions.preloadImage\" data-wp-on--pointerenter=\"actions.preloadImageWithDelay\" data-wp-on--pointerleave=\"actions.cancelPreload\" data-wp-on-window--resize=\"callbacks.setButtonStyles\" src=\"https:\/\/loudavymkrokem.cz\/wp-content\/uploads\/2026\/08\/kam-na-dovolenou-v-unoru-f28.jpg\" alt=\"Term\u00e1lf\u00fcrd\u0151 t\u00e9len\" class=\"wp-image-400838\" title=\"\" srcset=\"https:\/\/loudavymkrokem.cz\/wp-content\/uploads\/2026\/08\/kam-na-dovolenou-v-unoru-f28.jpg 1500w, https:\/\/loudavymkrokem.cz\/wp-content\/uploads\/2026\/08\/kam-na-dovolenou-v-unoru-f28-300x225.jpg 300w, https:\/\/loudavymkrokem.cz\/wp-content\/uploads\/2026\/08\/kam-na-dovolenou-v-unoru-f28-700x525.jpg 700w, https:\/\/loudavymkrokem.cz\/wp-content\/uploads\/2026\/08\/kam-na-dovolenou-v-unoru-f28-768x576.jpg 768w, https:\/\/loudavymkrokem.cz\/wp-content\/uploads\/2026\/08\/kam-na-dovolenou-v-unoru-f28-80x60.jpg 80w, https:\/\/loudavymkrokem.cz\/wp-content\/uploads\/2026\/08\/kam-na-dovolenou-v-unoru-f28-160x120.jpg 160w, https:\/\/loudavymkrokem.cz\/wp-content\/uploads\/2026\/08\/kam-na-dovolenou-v-unoru-f28-696x522.jpg 696w, https:\/\/loudavymkrokem.cz\/wp-content\/uploads\/2026\/08\/kam-na-dovolenou-v-unoru-f28-1392x1044.jpg 1392w\" sizes=\"(max-width: 1500px) 100vw, 1500px\" \/><button\n\t\t\tclass=\"lightbox-trigger\"\n\t\t\ttype=\"button\"\n\t\t\taria-haspopup=\"dialog\"\n\t\t\tdata-wp-bind--aria-label=\"state.thisImage.triggerButtonAriaLabel\"\n\t\t\tdata-wp-init=\"callbacks.initTriggerButton\"\n\t\t\tdata-wp-on--click=\"actions.showLightbox\"\n\t\t\tdata-wp-style--right=\"state.thisImage.buttonRight\"\n\t\t\tdata-wp-style--top=\"state.thisImage.buttonTop\"\n\t\t>\n\t\t\t<svg xmlns=\"http:\/\/www.w3.org\/2000\/svg\" width=\"12\" height=\"12\" fill=\"none\" viewBox=\"0 0 12 12\">\n\t\t\t\t<path fill=\"#fff\" d=\"M2 0a2 2 0 0 0-2 2v2h1.5V2a.5.5 0 0 1 .5-.5h2V0H2Zm2 10.5H2a.5.5 0 0 1-.5-.5V8H0v2a2 2 0 0 0 2 2h2v-1.5ZM8 12v-1.5h2a.5.5 0 0 0 .5-.5V8H12v2a2 2 0 0 1-2 2H8Zm2-12a2 2 0 0 1 2 2v2h-1.5V2a.5.5 0 0 0-.5-.5H8V0h2Z\" \/>\n\t\t\t<\/svg>\n\t\t<\/button><figcaption class=\"wp-element-caption\">Term\u00e1lf\u00fcrd\u0151 t\u00e9len (Fot\u00f3: Daniel &#x27;DaNeShady&#x27; Nagy \/ Wikimedia Commons, CC BY-SA 3.0)<\/figcaption><\/figure>\n\n\n\n<ul class=\"wp-block-list\">\n\n<li>Magyarorsz\u00e1g \u00e9s Budapest: a f\u00fcrd\u0151kult\u00fara b\u00f6lcs\u0151je, ahol a majesztikus \u00e9p\u00edt\u00e9szet gy\u00f3gyforr\u00e1sokkal tal\u00e1lkozik.<\/li>\n\n\n\n<li>Szlov\u00e1kia: n\u00e9zd meg a <a href=\"https:\/\/loudavymkrokem.cz\/hu\/termalfurdo-szlovakia-legjobb\/\">szlov\u00e1kiai term\u00e1lf\u00fcrd\u0151ket<\/a>, amelyek leny\u0171g\u00f6zik a gyerekes csal\u00e1dokat \u00e9s a hegyi term\u00e9szetben nyugalmat keres\u0151 p\u00e1rokat is.<\/li>\n\n\n\n<li>Szlov\u00e9nia: kisebb \u00e9s intimebb komplexumok, a <a href=\"https:\/\/loudavymkrokem.cz\/hu\/szlovenia-termalfurdo-legjobb\/\">legjobb szlov\u00e9niai term\u00e1lf\u00fcrd\u0151k<\/a> a magas sz\u00ednvonal\u00fa szolg\u00e1ltat\u00e1sukkal ny\u0171g\u00f6znek le.<\/li>\n\n\n\n<li>Ausztria: t\u00f6k\u00e9letes infrastrukt\u00fara \u00e9s tisztas\u00e1g, fedezd fel a <a href=\"https:\/\/loudavymkrokem.cz\/hu\/legjobb-ausztria-furdo\/\">legjobb ausztriai term\u00e1l- \u00e9s aquaparkokat<\/a> a t\u00f6k\u00e9letes relax\u00e1l\u00e1shoz.<\/li>\n\n\n\n<li>Csehorsz\u00e1g: rengeteg lehet\u0151s\u00e9g hossz\u00fa utaz\u00e1s n\u00e9lk\u00fcl, inspir\u00e1l\u00f3dj, melyek a <a href=\"https:\/\/loudavymkrokem.cz\/hu\/termalfurdo-csehorszag\/\">legjobb csehorsz\u00e1gi term\u00e1lf\u00fcrd\u0151k<\/a>.<\/li>\n\n\n<\/ul>\n\n\n\n<h2 class=\"wp-block-heading\" id=\"Hol_szallj_meg_februarban\"><span class=\"ez-toc-section\" id=\"Hol_szallj_meg_februarban\"><\/span>Hol sz\u00e1llj meg febru\u00e1rban<span class=\"ez-toc-section-end\"><\/span><\/h2>\n\n\n\n<p class=\"wp-block-paragraph\">Ha elkezded tervezni a t\u00e9li utat, hamar r\u00e1j\u00f6ssz, hogy <strong>az \u00e1rak febru\u00e1rban rendk\u00edv\u00fcl elt\u00e9rnek<\/strong> aszerint, hogy \u00e9ppen melyik h\u00e9tbe tenyerelsz. A f\u0151 b\u0171n\u00f6s a tavaszi sz\u00fcnet, ez\u00e9rt a sz\u00e1ll\u00e1sir\u00e1nti kereslet rak\u00e9tak\u00e9nt n\u0151 \u00e9s cs\u00f6kken.<\/p>\n\n\n\n<p class=\"wp-block-paragraph\">K\u00fcl\u00f6n\u00f6sen a n\u00e9pszer\u0171 s\u00edk\u00f6zpontokban a k\u00fcl\u00f6nbs\u00e9g nyugodtan k\u00e9tszeres, ha az id\u0151pontod pontosan a sz\u00fcnet id\u0151szak\u00e1ra esik. Ha nem vagy k\u00f6tve a gyerekeid iskolai sz\u00fcnet\u00e9hez, mindenk\u00e9pp <strong>meg\u00e9ri egy h\u00e9ttel eltolni az id\u0151pontot<\/strong>, hogy sok p\u00e9nzt sp\u00f3rolj \u00e9s elker\u00fcld a legnagyobb t\u00f6megeket a p\u00e1ly\u00e1kon.<\/p>\n\n\n\n<p class=\"wp-block-paragraph\">\ud83d\udca1 TIPP: A hegyi apartmanokn\u00e1l \u00e1ltal\u00e1ban \u00e9rv\u00e9nyes, hogy <strong>\u00f3ri\u00e1si el\u0151rel\u00e1t\u00e1ssal foglalj\u00e1k \u0151ket<\/strong>, mert a csal\u00e1dok nyugodtan egy \u00e9vvel el\u0151re tervezik a hegyeket. Ellenben a tr\u00f3pusi \u00fati c\u00e9lokn\u00e1l n\u00e9ha eg\u00e9szen j\u00f3 last minute aj\u00e1nlatot lehet fogni, amikor a l\u00e9git\u00e1rsas\u00e1goknak az utols\u00f3 pillanatban maradnak szabad helyei a g\u00e9pen.<\/p>\n\n\n\n<p class=\"wp-block-paragraph\">\ud83d\udca1 <strong>Tipp:<\/strong> Febru\u00e1rban az \u00e1rr\u00f3l f\u0151leg az d\u00f6nt, hogy az id\u0151pontod a te r\u00e9gi\u00f3d tavaszi sz\u00fcnet\u00e9be esik-e. Ha egy h\u00e9ttel eltolod az utat, az a hegyi apartmanokn\u00e1l nyugodtan fele\u00e1ras lehet. N\u00e9zd \u00e1t az <a href=\"https:\/\/www.stay22.com\/allez\/roam?aid=lukaskonecny&#038;campaign=loudavymkrokemcz&#038;campaign=kam-na-dovolenou-v-unoru&#038;address=Tenerife\" target=\"_blank\" rel=\"nofollow noopener sponsored\">aktu\u00e1lis sz\u00e1ll\u00e1saj\u00e1nlatot<\/a>, \u00e9s hasonl\u00edtsd \u00f6ssze a k\u00e9t szomsz\u00e9dos hetet, a k\u00fcl\u00f6nbs\u00e9g meg fog lepni.<\/p>\n\n\n\n<h3 class=\"wp-block-heading\" id=\"Tropusok_es_a_meleg_biztonsaga\"><span class=\"ez-toc-section\" id=\"Tropusok_es_a_meleg_biztonsaga\"><\/span>Tr\u00f3pusok \u00e9s a meleg biztons\u00e1ga<span class=\"ez-toc-section-end\"><\/span><\/h3>\n\n\n\n<p class=\"wp-block-paragraph\">Ha teljes relax\u00e1l\u00e1sra v\u00e1gysz a p\u00e1lm\u00e1k alatt, \u00e9s <strong>sz\u00e1zsz\u00e1zal\u00e9kos biztons\u00e1got akarsz a forr\u00f3 id\u0151j\u00e1r\u00e1sra<\/strong>, a t\u00e1voli \u00fati c\u00e9lok teljesen egy\u00e9rtelm\u0171 v\u00e1laszt\u00e1s. A k\u00f6vetkez\u0151 resortokat az utaz\u00f3k nagyon dics\u00e9rik a remek szolg\u00e1ltat\u00e1sok\u00e9rt \u00e9s a gy\u00f6ny\u00f6r\u0171, h\u00f3feh\u00e9r homok\u00fa strandok\u00e9rt:<\/p>\n\n\n\n<ul class=\"wp-block-list\">\n\n<li><strong>Kuramathi Maldives (Mald\u00edv-szigetek)<\/strong><\/li>\n\n\n\n<li><strong>Vilamendhoo Island Resort &#038; Spa (Mald\u00edv-szigetek)<\/strong><\/li>\n\n\n\n<li><strong>Zuri Zanzibar (Kendwa, Zanzib\u00e1r)<\/strong><\/li>\n\n\n\n<li><strong>Tulia Zanzibar Unique Beach Resort (Pongwe, Zanzib\u00e1r)<\/strong><\/li>\n\n\n<\/ul>\n\n\n\n<h3 class=\"wp-block-heading\" id=\"Nap_hosszu_repules_nelkul\"><span class=\"ez-toc-section\" id=\"Nap_hosszu_repules_nelkul\"><\/span>Nap hossz\u00fa rep\u00fcl\u00e9s n\u00e9lk\u00fcl<span class=\"ez-toc-section-end\"><\/span><\/h3>\n\n\n\n<p class=\"wp-block-paragraph\">Nem mindenkinek van kedve t\u00edz vagy t\u00f6bb \u00f3r\u00e1t a rep\u00fcl\u0151n t\u00f6lteni, ez\u00e9rt sokan a <strong>k\u00f6zelebbi \u00fati c\u00e9lokat v\u00e1lasztj\u00e1k kellemes tavaszi id\u0151j\u00e1r\u00e1ssal<\/strong>. A v\u00e9lem\u00e9nyek szerint ezek a hotelek kiv\u00e1l\u00f3 h\u00e1tteret k\u00edn\u00e1lnak a k\u00f6z\u00e9p-eur\u00f3pai t\u00e9l el\u0151l val\u00f3 menek\u00fcl\u00e9shez, m\u00e9g ha a tengeri f\u00fcrd\u00e9s ink\u00e1bb a hidegt\u0171r\u0151knek is val\u00f3:<\/p>\n\n\n\n<ul class=\"wp-block-list\">\n\n<li><strong>Marina Elite (Arguinegu\u00edn, Gran Canaria)<\/strong><\/li>\n\n\n\n<li><strong>Steigenberger Golf Resort El Gouna (El Gouna, Egyiptom)<\/strong><\/li>\n\n\n\n<li><strong>Fort Arabesque Resort (Hurghada, Egyiptom)<\/strong><\/li>\n\n\n\n<li><strong><a href=\"https:\/\/www.stay22.com\/allez\/roam?aid=lukaskonecny&#038;campaign=loudavymkrokemcz&#038;campaign=kam-na-dovolenou-v-unoru&#038;hotelname=Almyra%20Hotel&#038;address=Paphos%2C%20Kypr\" target=\"_blank\" rel=\"noopener nofollow sponsored\">Almyra Hotel<\/a> (Paphosz, Ciprus)<\/strong><\/li>\n\n\n<\/ul>\n\n\n\n<h3 class=\"wp-block-heading\" id=\"Hegyek_es_wellness\"><span class=\"ez-toc-section\" id=\"Hegyek_es_wellness\"><\/span>Hegyek \u00e9s wellness<span class=\"ez-toc-section-end\"><\/span><\/h3>\n\n\n\n<p class=\"wp-block-paragraph\">A t\u00e9li sportok \u00e9s a forr\u00f3 szaun\u00e1ban val\u00f3 pihen\u00e9s szerelmeseinek rengeteg gy\u00f6ny\u00f6r\u0171 hely l\u00e9tezik, ahol sz\u00e9pen <strong>\u00f6sszek\u00f6theted az akt\u00edv napokat a t\u00f6k\u00e9letes relax\u00e1l\u00e1ssal<\/strong>. A k\u00f6vetkez\u0151 sz\u00e1ll\u00e1sokat a turist\u00e1k gyakran aj\u00e1nlj\u00e1k a pomp\u00e1s wellnessh\u00e1tter\u00fcknek \u00e9s a havas p\u00e1ly\u00e1k nagyon j\u00f3 megk\u00f6zel\u00edthet\u0151s\u00e9g\u00e9nek k\u00f6sz\u00f6nhet\u0151en:<\/p>\n\n\n\n<ul class=\"wp-block-list\">\n\n<li><strong><a href=\"https:\/\/www.stay22.com\/allez\/roam?aid=lukaskonecny&#038;campaign=loudavymkrokemcz&#038;campaign=kam-na-dovolenou-v-unoru&#038;hotelname=Kempinski%20Hotel%20Grand%20Arena%20Bansko&#038;address=Bansko%2C%20Bulharsko\" target=\"_blank\" rel=\"noopener nofollow sponsored\">Kempinski Hotel Grand Arena Bansko<\/a> (Bansko, Bulg\u00e1ria)<\/strong><\/li>\n\n\n\n<li><strong><a href=\"https:\/\/www.stay22.com\/allez\/roam?aid=lukaskonecny&#038;campaign=loudavymkrokemcz&#038;campaign=kam-na-dovolenou-v-unoru&#038;hotelname=Lucky%20Bansko%20Aparthotel%20SPA%20%26%20Relax&#038;address=Bansko%2C%20Bulharsko\" target=\"_blank\" rel=\"noopener nofollow sponsored\">Lucky Bansko Aparthotel SPA &#038; Relax<\/a> (Bansko, Bulg\u00e1ria)<\/strong><\/li>\n\n\n\n<li><strong><a href=\"https:\/\/www.stay22.com\/allez\/roam?aid=lukaskonecny&#038;campaign=loudavymkrokemcz&#038;campaign=kam-na-dovolenou-v-unoru&#038;hotelname=The%20Boutique%20Hotel%20Amman&#038;address=Amm%C3%A1n%2C%20Jord%C3%A1nsko\" target=\"_blank\" rel=\"noopener nofollow sponsored\">The Boutique Hotel Amman<\/a> (Amm\u00e1n, Jord\u00e1nia)<\/strong><\/li>\n\n\n<\/ul>\n\n\n\n<h2 class=\"wp-block-heading\" id=\"Mennyibe_kerul_a_februari_nyaralas_es_mikor_foglalj\"><span class=\"ez-toc-section\" id=\"Mennyibe_kerul_a_februari_nyaralas_es_mikor_foglalj\"><\/span>Mennyibe ker\u00fcl a febru\u00e1ri nyaral\u00e1s \u00e9s mikor foglalj<span class=\"ez-toc-section-end\"><\/span><\/h2>\n\n\n\n<p class=\"wp-block-paragraph\">A t\u00e9li utak k\u00f6lts\u00e9gvet\u00e9se kiss\u00e9 alattomos, mert <strong>az \u00e1rakat f\u0151leg a tavaszi sz\u00fcnet szabja meg<\/strong>. F\u0151leg a hegyekben \u00e9rzed meg az \u00f3ri\u00e1si k\u00fcl\u00f6nbs\u00e9get a sz\u00fcneti \u00e9s a sz\u00fcnet el\u0151tti-ut\u00e1ni h\u00e9t k\u00f6z\u00f6tt, amikor a sz\u00e1ll\u00e1ssz\u00e1mla nyugodtan k\u00e9tszeres\u00e9re ugrik. Egy szok\u00e1sos alpesi panzi\u00f3 \u00edgy ak\u00e1r 150 \u20ac-ba (kb. 57 000 Ft) ker\u00fclhet, egy szebb apartman pedig k\u00f6nnyen \u00e1tbillen a 200 \u20ac-n (nagyj\u00e1b\u00f3l 76 000 Ft) \u00e9jszak\u00e1nk\u00e9nt.<\/p>\n\n\n\n<p class=\"wp-block-paragraph\">Ha meleg ut\u00e1n rep\u00fclsz a Karib-t\u00e9rs\u00e9gbe, Thaif\u00f6ldre vagy a Mald\u00edv-szigetekre, sz\u00e1molj azzal, hogy <strong>a t\u00e1voli \u00fati c\u00e9lok febru\u00e1rban a f\u0151szezonban vannak<\/strong>. A repjegyek ugyan m\u00e1r nincsenek a kar\u00e1csonyi maximumukon, de teljesen olcs\u00f3k sem lesznek. Ellenben a d\u00e9l-eur\u00f3pai j\u00e1ratokat \u00e9ppen fill\u00e9rek\u00e9rt lehet fogni, mivel oda t\u00e9len a hidegebb id\u0151j\u00e1r\u00e1s miatt kevesen mennek.<\/p>\n\n\n\n<h3 class=\"wp-block-heading\" id=\"Min_lehet_februarban_sporolni\"><span class=\"ez-toc-section\" id=\"Min_lehet_februarban_sporolni\"><\/span>Min lehet febru\u00e1rban sp\u00f3rolni<span class=\"ez-toc-section-end\"><\/span><\/h3>\n\n\n\n<p class=\"wp-block-paragraph\">Ebben a ny\u00fczsg\u0151 h\u00f3napban szerencs\u00e9re l\u00e9teznek m\u00f3dszerek, hogyan <strong>szor\u00edts le a k\u00f6lts\u00e9geket \u00e9sszer\u0171 szintre<\/strong> an\u00e9lk\u00fcl, hogy korl\u00e1toznod kellene magad. Csak kicsit okosan kell tervezned, \u00e9s \u00e9lned p\u00e1r bev\u00e1lt utaz\u00f3i tr\u00fckkel, amelyek jelent\u0151sen megk\u00f6nny\u00edtik a p\u00e9nzt\u00e1rc\u00e1dat.<\/p>\n\n\n\n<ul class=\"wp-block-list\">\n\n<li>Pr\u00f3b\u00e1ld meg <strong>a tavaszi sz\u00fcneten k\u00edv\u00fclre tolni az id\u0151pontot<\/strong>.<\/li>\n\n\n\n<li>Indulj s\u00edelni vas\u00e1rnap \u00e9s maradj p\u00e9ntekig, a h\u00e9tv\u00e9g\u00e9k szoktak a hegyekben a legdr\u00e1g\u00e1bbak lenni.<\/li>\n\n\n\n<li>V\u00e1laszd a t\u00e9li \u00f6r\u00f6m\u00f6kh\u00f6z az olcs\u00f3bb Bulg\u00e1ri\u00e1t vagy Szlov\u00e1ki\u00e1t a hagyom\u00e1nyos Alpok helyett.<\/li>\n\n\n\n<li>Sz\u00e1llj meg egy t\u00e1gas, konyh\u00e1s apartmanban, ahol magadnak f\u0151zhetsz.<\/li>\n\n\n\n<li>A tr\u00f3pusi \u00fati c\u00e9lokn\u00e1l <strong>foglald le a repjegyeket nagy el\u0151rel\u00e1t\u00e1ssal<\/strong>.<\/li>\n\n\n<\/ul>\n\n\n\n<p class=\"wp-block-paragraph\">Ha \u00e9rdekel t\u00f6bb gyakorlati tipp a k\u00f6zleked\u00e9shez, mindenk\u00e9pp olvasd el a r\u00e9szletes \u00fatmutat\u00f3nkat arr\u00f3l, <a href=\"https:\/\/loudavymkrokem.cz\/hu\/olcso-repjegyek-tippek\/\">hogyan tal\u00e1lj olcs\u00f3 repjegyet<\/a>.<\/p>\n\n\n\n<h2 class=\"wp-block-heading\" id=\"Mire_figyelj_februarban_7_kockazat\"><span class=\"ez-toc-section\" id=\"Mire_figyelj_februarban_7_kockazat\"><\/span>Mire figyelj febru\u00e1rban: 7 kock\u00e1zat<span class=\"ez-toc-section-end\"><\/span><\/h2>\n\n\n\n<p class=\"wp-block-paragraph\">A t\u00e9li \u00fat tervez\u00e9se p\u00e1r kellemetlen meglepet\u00e9st is hozhat, ha nem t\u00e1j\u00e9koz\u00f3dsz id\u0151ben az <strong>egyes \u00fati c\u00e9lok saj\u00e1toss\u00e1gair\u00f3l<\/strong>. Kiv\u00e1lasztottam neked a leggyakoribb buktat\u00f3kat, amelyeket j\u00f3 messzir\u0151l elker\u00fclni, hogy teljes nyugalomban \u00e9lvezd a szabads\u00e1got.<\/p>\n\n\n\n<p class=\"wp-block-paragraph\">1. <strong>Eur\u00f3p\u00e1ban sehol sem f\u00fcr\u00f6dhetsz meg:<\/strong> M\u00e9g a n\u00e9pszer\u0171 Kan\u00e1ri-szigetek sem alkalmasak t\u00e9len a f\u00fcrd\u00e9sre, mert Tenerif\u00e9n a v\u00edz mind\u00f6ssze 20,1 \u00b0C. 2. <strong>Ciklonszezon a d\u00e9li Indiai-\u00f3ce\u00e1non:<\/strong> A vad tr\u00f3pusi id\u0151j\u00e1r\u00e1s ilyenkor f\u0151leg Mauritiust, R\u00e9uniont \u00e9s Madagaszk\u00e1rt \u00e9rinti. 3. <strong>Es\u0151s \u00e9vszak Balin:<\/strong> \u00c1zsia ezen r\u00e9sz\u00e9n a t\u00e9li h\u00f3napokban nagyon b\u0151s\u00e9ges \u00e9s gyakori csapad\u00e9kkal kell sz\u00e1molnod. 4. <strong>Hold\u00faj\u00e9v \u00c1zsi\u00e1ban:<\/strong> Az olyan \u00fcnnepek, mint a Tet \u00e9s a k\u00ednai \u00faj\u00e9v z\u00e1rt \u00fczleteket \u00e9s teljesen elfogyott k\u00f6zleked\u00e9st jelentenek, az id\u0151pontjuk pedig \u00e9vr\u0151l \u00e9vre v\u00e1ltozik. 5. <strong>Zs\u00fafolt \u00e9s legdr\u00e1g\u00e1bb hegyek:<\/strong> A tavaszi sz\u00fcnet miatt ez az eur\u00f3pai s\u00edk\u00f6zpontok legdr\u00e1g\u00e1bb \u00e9s legzs\u00fafoltabb h\u00f3napja. 6. <strong>Az \u00e9szaki id\u0151j\u00e1r\u00e1s szesz\u00e9lyei:<\/strong> Izlandon \u00e9s Norv\u00e9gi\u00e1ban gyakoriak a v\u00e1ratlan \u00fatlez\u00e1r\u00e1sok \u00e9s a t\u00f6r\u00f6lt j\u00e1ratok az er\u0151s h\u00f3viharok miatt. 7. <strong>R\u00f6vid h\u00f3nap \u00e9s \u00fcnnepek felhalmoz\u00f3d\u00e1sa:<\/strong> A tavaszi sz\u00fcnet id\u0151pontja gyakran \u00e1tfed\u00e9sben van a Valentin-nappal \u00e9s a hossz\u00fa h\u00e9tv\u00e9g\u00e9kkel, \u00edgy el\u0151re elfogy minden k\u00f6zleked\u00e9s is.<\/p>\n\n\n\n<h2 class=\"wp-block-heading\" id=\"Februar_januar_vagy_marcius_Rovid_osszehasonlitas\"><span class=\"ez-toc-section\" id=\"Februar_januar_vagy_marcius_Rovid_osszehasonlitas\"><\/span>Febru\u00e1r, janu\u00e1r vagy m\u00e1rcius? R\u00f6vid \u00f6sszehasonl\u00edt\u00e1s<span class=\"ez-toc-section-end\"><\/span><\/h2>\n\n\n\n<p class=\"wp-block-paragraph\">N\u00e9ha rettent\u0151 neh\u00e9z eld\u00f6nteni, melyik t\u00e9li h\u00f3nap lesz a legjobb a v\u00e1gyott utadhoz. <strong>Minden id\u0151szaknak megvannak a maga saj\u00e1toss\u00e1gai<\/strong>, ez\u00e9rt nagyon sokat sz\u00e1m\u00edt, hogy a lehet\u0151 legalacsonyabb \u00e1rakat keresed-e, t\u00f6k\u00e9letes s\u00edel\u00e9si felt\u00e9teleket a p\u00e1ly\u00e1kon, vagy m\u00e1r t\u00fcrelmetlen\u00fcl v\u00e1rod az els\u0151 tavaszi napsugarakat.<\/p>\n\n\n\n<h3 class=\"wp-block-heading\" id=\"Januar\"><span class=\"ez-toc-section\" id=\"Januar\"><\/span>Janu\u00e1r<span class=\"ez-toc-section-end\"><\/span><\/h3>\n\n\n\n<p class=\"wp-block-paragraph\">Ez a h\u00f3nap a kar\u00e1csonyi rohan\u00e1s ut\u00e1n hagyom\u00e1nyosan a <strong>legolcs\u00f3bb az eg\u00e9sz t\u00e9li szezonban<\/strong>, teh\u00e1t garant\u00e1ltan sp\u00f3rolsz a repjegyeken \u00e9s a sz\u00e1ll\u00e1son. Ha a konkr\u00e9t sz\u00e1mokat n\u00e9zz\u00fck, Tenerife 20,4 \u00b0C-os tengert \u00e9s 20,8 \u00b0C k\u00f6r\u00fcli leveg\u0151t jelent. Egyiptomban a v\u00edz kellemes 21,9 \u00b0C-on marad, ami egy gyors meleg ut\u00e1ni menek\u00fcl\u00e9shez el\u00e9g szolid \u00e9rt\u00e9k.<\/p>\n\n\n\n<h3 class=\"wp-block-heading\" id=\"Februar\"><span class=\"ez-toc-section\" id=\"Februar\"><\/span>Febru\u00e1r<span class=\"ez-toc-section-end\"><\/span><\/h3>\n\n\n\n<p class=\"wp-block-paragraph\">Statisztikailag ez az a h\u00f3nap, amely a <strong>legjobb h\u00f3viszonyokat hozza a hegyekben<\/strong>, teh\u00e1t minden s\u00edel\u0151nek abszol\u00fat cs\u00facs. A Kan\u00e1ri-szigeteken a tenger kiss\u00e9 leh\u0171l 20,1 \u00b0C-ra, de a leveg\u0151 ellenben felk\u00faszik 21,1 \u00b0C-ra. Ellenben Egyiptomban a tenger h\u0151m\u00e9rs\u00e9klete 21,2 \u00b0C-ra esik, ami az eg\u00e9sz t\u00e9lb\u0151l tal\u00e1n a leghidegebb f\u00fcrd\u00e9s, amit ott \u00e1t\u00e9lhetsz.<\/p>\n\n\n\n<h3 class=\"wp-block-heading\" id=\"Marcius\"><span class=\"ez-toc-section\" id=\"Marcius\"><\/span>M\u00e1rcius<span class=\"ez-toc-section-end\"><\/span><\/h3>\n\n\n\n<p class=\"wp-block-paragraph\">A m\u00e1rcius \u00e9rkez\u00e9s\u00e9vel D\u00e9l-Eur\u00f3pa m\u00e1r <strong>az els\u0151 igazi tavaszt k\u00edn\u00e1lja<\/strong>, a napok \u00e9szrevehet\u0151en hosszabbodnak, \u00e9s a nap eg\u00e9szen sz\u00e9pen kezd meleg\u00edteni. Tenerif\u00e9n a leveg\u0151 felmelegszik a sz\u00e9p 21,8 \u00b0C-ra, m\u00e9g ha a v\u00edz a kerek 20,0 \u00b0C-on marad is. Az egyiptomi \u00fcd\u00fcl\u0151helyek ellenben lassan a ny\u00e1rba \u00e9brednek, \u00e9s a tenger h\u0151m\u00e9rs\u00e9klete ott biztons\u00e1gosan visszat\u00e9r a szolid 21,9 \u00b0C-ra.<\/p>\n\n\n\n<h2 class=\"wp-block-heading\" id=\"Mit_csomagolj_a_februari_nyaralasra\"><span class=\"ez-toc-section\" id=\"Mit_csomagolj_a_februari_nyaralasra\"><\/span>Mit csomagolj a febru\u00e1ri nyaral\u00e1sra<span class=\"ez-toc-section-end\"><\/span><\/h2>\n\n\n\n<p class=\"wp-block-paragraph\">A b\u0151r\u00f6nd\u00f6d tartalma term\u00e9szetesen nagyon elt\u00e9r aszerint, hogy melyik \u00e9ghajlati \u00f6vezetbe k\u00e9sz\u00fclsz \u00e9ppen. K\u00e9sz\u00edtettem neked egy <strong>univerz\u00e1lis list\u00e1t a legfontosabb dolgokr\u00f3l<\/strong>, amelyek semmik\u00e9pp sem hi\u00e1nyozhatnak, hogy az \u00faton mindenre felk\u00e9sz\u00fclj.<\/p>\n\n\n\n<ul class=\"wp-block-list\">\n\n<li>A tr\u00f3pusi \u00fati c\u00e9lokhoz pakolj k\u00f6nny\u0171 f\u00fcrd\u0151ruh\u00e1t \u00e9s megb\u00edzhat\u00f3 rovarriaszt\u00f3t.<\/li>\n\n\n\n<li>A hegyekhez biztosan haszn\u00e1lsz majd <strong>min\u0151s\u00e9gi termoruh\u00e1t<\/strong> \u00e9s j\u00f3 napszem\u00fcveget.<\/li>\n\n\n\n<li>Az eur\u00f3pai v\u00e1rosokhoz meg\u00e9ri a ruh\u00e1k okos r\u00e9tegez\u00e9se.<\/li>\n\n\n\n<li>Napoz\u00f3kr\u00e9mre felt\u00e9tlen\u00fcl sz\u00fcks\u00e9ged van a havas lejt\u0151k\u00f6n \u00e9s a tr\u00f3pusokon is.<\/li>\n\n\n\n<li>A t\u00e1pl\u00e1l\u00f3 ajak\u00e1pol\u00f3 megment a kellemetlen kirepedez\u00e9st\u0151l.<\/li>\n\n\n\n<li>Az <strong>er\u0151s powerbank teljesen elengedhetetlen<\/strong>, mert t\u00e9len a telefon akkumul\u00e1tora sokkal gyorsabban lemer\u00fcl.<\/li>\n\n\n\n<li>Az utaz\u00f3 konnektoradapter j\u00f3l j\u00f6n a t\u00e1voli rep\u00fcl\u0151utakhoz.<\/li>\n\n\n\n<li>F\u00fcrd\u0151ruh\u00e1t mindenk\u00e9pp pakolj a hegyekbe is, a hotelwellnessben j\u00f3l j\u00f6n.<\/li>\n\n\n\n<li>A fejl\u00e1mpa jelent\u0151sen megk\u00f6nny\u00edti az esti \u00e1tsz\u00e1ll\u00e1sokat \u00e9s a s\u00f6t\u00e9ted\u00e9s ut\u00e1ni kir\u00e1ndul\u00e1sokat.<\/li>\n\n\n\n<li>A <strong>lemond\u00e1si biztos\u00edt\u00e1ssal kieg\u00e9sz\u00edtett \u00fatibiztos\u00edt\u00e1s<\/strong> minden \u00fat alapja.<\/li>\n\n\n<\/ul>\n\n\n\n<p class=\"wp-block-paragraph\">\u26a0\ufe0f Ne feledd, hogy a szok\u00e1sos biztos\u00edt\u00e1sok nagyon gyakran nem fedezik a s\u00edel\u00e9st, ez\u00e9rt a hegyekn\u00e9l teljesen elengedhetetlen speci\u00e1lis <strong>t\u00e9lisport-kieg\u00e9sz\u00edt\u0151 biztos\u00edt\u00e1st<\/strong> k\u00f6tni. Tov\u00e1bbi r\u00e9szletek\u00e9rt n\u00e9zd meg a cikk\u00fcnket arr\u00f3l, hogyan v\u00e1lassz <a href=\"https:\/\/loudavymkrokem.cz\/jak-vybrat-cestovni-pojisteni-na-dovolenou\/\">\u00fatibiztos\u00edt\u00e1st<\/a>, \u00e9s ne feledkezz meg a specifikus <a href=\"https:\/\/loudavymkrokem.cz\/hu\/utasbiztositas-gyerekeknek-storno\/\">gyerekeknek sz\u00f3l\u00f3 \u00fatibiztos\u00edt\u00e1sr\u00f3l<\/a> sem.<\/p>\n\n\n\n<h2 class=\"wp-block-heading\" id=\"Hova_tovabb_tovabbi_tippek_a_teli_utazashoz\"><span class=\"ez-toc-section\" id=\"Hova_tovabb_tovabbi_tippek_a_teli_utazashoz\"><\/span>Hov\u00e1 tov\u00e1bb: tov\u00e1bbi tippek a t\u00e9li utaz\u00e1shoz<span class=\"ez-toc-section-end\"><\/span><\/h2>\n\n\n\n<p class=\"wp-block-paragraph\">A t\u00e9l \u00f3ri\u00e1si mennyis\u00e9g\u0171 lehet\u0151s\u00e9get k\u00edn\u00e1l \u00faj helyek felfedez\u00e9s\u00e9re, csak ki kell v\u00e1lasztanod a megfelel\u0151 ir\u00e1nyt. Ha m\u00e9g mindig bizonytalan vagy, \u00e9s <strong>egy rak\u00e1s tov\u00e1bbi inspir\u00e1ci\u00f3t keresel<\/strong>, \u00f6ssze\u00e1ll\u00edtottam neked egyb\u0151l n\u00e9h\u00e1ny tematikus cikket, tele gyakorlati tan\u00e1csokkal.<\/p>\n\n\n\n<ul class=\"wp-block-list\">\n\n<li><a href=\"https:\/\/loudavymkrokem.cz\/hu\/teli-udules-melegre\/\">Hov\u00e1 utazz janu\u00e1rban<\/a><\/li>\n\n\n\n<li><a href=\"https:\/\/loudavymkrokem.cz\/hu\/marcius-tenger-nyaralas\/\">Hov\u00e1 utazz m\u00e1rciusban<\/a><\/li>\n\n\n\n<li><a href=\"https:\/\/loudavymkrokem.cz\/hu\/november-utazas-tippek\/\">Hov\u00e1 utazz novemberben<\/a><\/li>\n\n\n\n<li><a href=\"https:\/\/loudavymkrokem.cz\/hu\/termalfurdo-csehorszag\/\">Legjobb csehorsz\u00e1gi term\u00e1lf\u00fcrd\u0151k<\/a><\/li>\n\n\n\n<li><a href=\"https:\/\/loudavymkrokem.cz\/hu\/olcso-repjegyek-tippek\/\">Hogyan tal\u00e1lj olcs\u00f3 repjegyet<\/a><\/li>\n\n\n\n<li><a href=\"https:\/\/loudavymkrokem.cz\/jak-vybrat-cestovni-pojisteni-na-dovolenou\/\">\u00datibiztos\u00edt\u00e1s<\/a><\/li>\n\n\n<\/ul>\n\n\n\n<h2 class=\"wp-block-heading\" id=\"Gyakran_ismetelt_kerdesek\"><span class=\"ez-toc-section\" id=\"Gyakran_ismetelt_kerdesek\"><\/span>Gyakran ism\u00e9telt k\u00e9rd\u00e9sek<span class=\"ez-toc-section-end\"><\/span><\/h2>\n\n\n\n<p class=\"wp-block-paragraph\">A t\u00e9li utaz\u00e1s term\u00e9szetesen sok k\u00e9rd\u00e9st vet fel, mert mind a t\u00f6k\u00e9letes kompromisszumot keress\u00fck a feszes k\u00f6lts\u00e9gvet\u00e9s \u00e9s a sz\u00e9p id\u0151j\u00e1r\u00e1s k\u00f6z\u00f6tt. \u00d6sszefoglaltam neked a <strong>leggyakoribb k\u00e9rd\u00e9seket a febru\u00e1ri nyaral\u00e1sokr\u00f3l<\/strong>, hogy minden fontos inform\u00e1ci\u00f3 sz\u00e9pen \u00e1ttekinthet\u0151en egy helyen legyen.<\/p>\n\n\n<div id=\"rank-math-faq\" class=\"rank-math-block\">\n<div class=\"rank-math-list \">\n<div id=\"faq-question-1787769467000\" class=\"rank-math-list-item\">\n<h3 class=\"rank-math-question \"><span class=\"ez-toc-section\" id=\"Hol_a_legmelegebb_februarban\"><\/span>Hol a legmelegebb febru\u00e1rban?<span class=\"ez-toc-section-end\"><\/span><\/h3>\n<div class=\"rank-math-answer \">\n\n<p>A legmelegebb tengert \u00c1zsia \u00e9s Afrika tr\u00f3pusi ter\u00fcletein tal\u00e1lod, ahov\u00e1 t\u00e9len hagyom\u00e1nyosan menek\u00fclnek a mindenhol jelenlev\u0151 fagy el\u0151l. A hossz\u00fa t\u00e1v\u00fa \u00e1tlagok szerint Bali gy\u00f6ny\u00f6r\u0171 29,6 \u00b0C-kal rendelkezik, szorosan k\u00f6veti Zanzib\u00e1r 29,5 \u00b0C-kal, a Mald\u00edv-szigeteken \u00e9s Thaif\u00f6ld\u00f6n pedig biztosan 28,9 \u00b0C k\u00f6r\u00fcli \u00e9rt\u00e9keket m\u00e9rhetsz. Ezek a t\u00e1voli c\u00e9lpontok garant\u00e1lj\u00e1k, hogy vel\u0151dig \u00e1tmelegedj, \u00e9s a vizet maxim\u00e1lisan \u00e9lvezd. Ha \u00e9ppen nem akarsz f\u00e9lvil\u00e1got \u00e1trep\u00fclni, a k\u00f6zelebbi desztin\u00e1ci\u00f3k k\u00f6z\u00fcl nagyon kellemes alternat\u00edv\u00e1k Dubaj \u00e9s Om\u00e1n.<\/p>\n\n<\/div>\n<\/div>\n<div id=\"faq-question-1787769467001\" class=\"rank-math-list-item\">\n<h3 class=\"rank-math-question \"><span class=\"ez-toc-section\" id=\"Lehet_februarban_valahol_Europaban_furdeni\"><\/span>Lehet febru\u00e1rban valahol Eur\u00f3p\u00e1ban f\u00fcrdeni?<span class=\"ez-toc-section-end\"><\/span><\/h3>\n<div class=\"rank-math-answer \">\n\n<p>Ebben a h\u00f3napban az eur\u00f3pai vizekben re\u00e1lisan nem fogsz t\u00fal sokat \u00faszk\u00e1lni, mert az \u00f3ce\u00e1n a legt\u00f6bb helyen t\u00e9nyleg nagyon hideg marad. M\u00e9g a n\u00e9pszer\u0171 Kan\u00e1ri-szigeteken sem alkalmas eg\u00e9sz napos lubickol\u00e1sra, mivel Tenerif\u00e9n a tenger h\u0151m\u00e9rs\u00e9klete mind\u00f6ssze 20,1 \u00b0C, Gran Canaria pedig m\u00e9g valamivel kevesebbet, pontosan 19,9 \u00b0C-ot jelent. Ezeket az \u00e9rt\u00e9keket t\u00e9nyleg csak tapasztalt j\u00e9gmedv\u00e9k viselik el, akik nem f\u00e9lnek a kicsit hidegebb v\u00edzt\u0151l. Viszont kellemes nappali h\u0151m\u00e9rs\u00e9kletekre sz\u00e1m\u00edthatsz 21 \u00b0C k\u00f6r\u00fcl, \u00e9s folyamatosan s\u00fct a nap, ami kir\u00e1ndul\u00e1sokhoz t\u00f6k\u00e9letes.<\/p>\n\n<\/div>\n<\/div>\n<div id=\"faq-question-1787769467002\" class=\"rank-math-list-item\">\n<h3 class=\"rank-math-question \"><span class=\"ez-toc-section\" id=\"Hova_erdemes_februarban_olcson_tengerpartra_menni\"><\/span>Hova \u00e9rdemes febru\u00e1rban olcs\u00f3n tengerpartra menni?<span class=\"ez-toc-section-end\"><\/span><\/h3>\n<div class=\"rank-math-answer \">\n\n<p>A t\u00e9li tengeri utaz\u00e1sok nem szoktak t\u00fal k\u00edm\u00e9letesek lenni a p\u00e9nzt\u00e1rc\u00e1dhoz, mert f\u0151leg egzotikus c\u00e9lpontokba rep\u00fclsz a cs\u00facsszez\u00f3njukban. Egyiptom \u00e1ltal\u00e1ban a legolcs\u00f3bb lehet\u0151s\u00e9g arra, hogy ler\u00f6vid\u00edtsd a ny\u00e1rra val\u00f3 v\u00e1rakoz\u00e1st. Ott a leveg\u0151 ebben az id\u0151szakban gond n\u00e9lk\u00fcl 23-25 \u00b0C k\u00f6z\u00f6tt mozog, viszont sz\u00e1molnod kell azzal, hogy a tenger csak k\u00f6r\u00fclbel\u00fcl 21-23 \u00b0C-os. Egy\u00e9bk\u00e9nt sajnos egy meglehet\u0151sen k\u00edm\u00e9letlen szab\u00e1ly \u00e9rv\u00e9nyes\u00fcl: febru\u00e1r egyszer\u0171en nem olcs\u00f3 a tengern\u00e9l, \u00e9s a meleg\u00e9rt egy kicsit t\u00f6bbet kell fizetned.<\/p>\n\n<\/div>\n<\/div>\n<div id=\"faq-question-1787769467003\" class=\"rank-math-list-item\">\n<h3 class=\"rank-math-question \"><span class=\"ez-toc-section\" id=\"Hova_erdemes_tavaszi_szunetre_menni\"><\/span>Hova \u00e9rdemes tavaszi sz\u00fcnetre menni?<span class=\"ez-toc-section-end\"><\/span><\/h3>\n<div class=\"rank-math-answer \">\n\n<p>A legnagyobb sl\u00e1ger term\u00e9szetesen a hegyek, ak\u00e1r a naps\u00fct\u00f6tte lejt\u0151ket v\u00e1lasztod az osztr\u00e1k Alpokban, a gy\u00f6ny\u00f6r\u0171 term\u00e9szetet a szlov\u00e1k T\u00e1tr\u00e1ban, vagy ink\u00e1bb h\u0171 maradsz a hazai s\u00edp\u00e1ly\u00e1khoz. Nagyszer\u0171 alternat\u00edva a gyermekes csal\u00e1dok sz\u00e1m\u00e1ra a k\u00fcl\u00f6nf\u00e9le term\u00e1lf\u00fcrd\u0151k \u00e9s \u00f3ri\u00e1si aquaparkok. Ha jelent\u0151sen szeretn\u00e9l sp\u00f3rolni, melegen aj\u00e1nlom, hogy okosan tedd \u00e1t a tart\u00f3zkod\u00e1s id\u0151pontj\u00e1t a lak\u00f3helyed szerinti j\u00e1r\u00e1s sz\u00fcneti het\u00e9n k\u00edv\u00fclre. Ezzel az egyszer\u0171 tr\u00fckkel elker\u00fcl\u00f6d a legnagyobb t\u00f6megeket, \u00e9s a sz\u00e1ll\u00e1sk\u00f6lts\u00e9gek ak\u00e1r a fel\u00e9re is cs\u00f6kkenhetnek.<\/p>\n\n<\/div>\n<\/div>\n<div id=\"faq-question-1787769467004\" class=\"rank-math-list-item\">\n<h3 class=\"rank-math-question \"><span class=\"ez-toc-section\" id=\"Mikor_van_tavaszi_szunet\"><\/span>Mikor van tavaszi sz\u00fcnet?<span class=\"ez-toc-section-end\"><\/span><\/h3>\n<div class=\"rank-math-answer \">\n\n<p>A cseh iskolai sz\u00fcnet rendszere \u00fagy van be\u00e1ll\u00edtva, hogy a tavaszi sz\u00fcnet fokozatosan v\u00e1ltakozik az egyes j\u00e1r\u00e1sok k\u00f6z\u00f6tt. Ez az eg\u00e9sz k\u00f6rhinta hat hossz\u00fa h\u00e9t alatt zajlik, amelyek pontosan febru\u00e1r \u00e9s m\u00e1rcius k\u00f6z\u00e9 esnek. A konkr\u00e9t beoszt\u00e1st mindig nagy el\u0151re hozza nyilv\u00e1noss\u00e1gra az oktat\u00e1si miniszt\u00e9rium, \u00e9s nagyon fontos tudatos\u00edtani, hogy a id\u0151pontok minden \u00e9vben v\u00e1ltoznak, \u00edgy mindig gondosan figyelned kell r\u00e1juk. Pont emiatt az eloszt\u00e1s miatt tart ilyen sok\u00e1ig a f\u0151 t\u00e9li szezon a hegyekben, \u00e9s a sz\u00e1ll\u00e1skapacit\u00e1sok folyamatosan teljesen kihaszn\u00e1ltak.<\/p>\n\n<\/div>\n<\/div>\n<div id=\"faq-question-1787769467005\" class=\"rank-math-list-item\">\n<h3 class=\"rank-math-question \"><span class=\"ez-toc-section\" id=\"Jo_februarban_sielni\"><\/span>J\u00f3 febru\u00e1rban s\u00edelni?<span class=\"ez-toc-section-end\"><\/span><\/h3>\n<div class=\"rank-math-answer \">\n\n<p>Igen, a t\u00e9li sportok szerelmesei sz\u00e1m\u00e1ra ez egy\u00e9rtelm\u0171en az eg\u00e9sz \u00e9v legjobb s\u00edel\u0151s h\u00f3napja. Statisztikailag ugyanis a hegyekben ekkor van a legt\u00f6bb h\u00f3, a s\u00edp\u00e1ly\u00e1k t\u00f6k\u00e9letes \u00e1llapotban vannak, \u00e9s a nappalok a borong\u00f3s decemberhez k\u00e9pest m\u00e1r \u00e9rezhet\u0151en hosszabbodnak. B\u00e1r ez mesebeli hangzik, van \u00e1rnyoldala is. Egy\u00fattal a s\u00edszez\u00f3n legdr\u00e1g\u00e1bb \u00e9s messze legzs\u00fafoltabb id\u0151szak\u00e1r\u00f3l van sz\u00f3, ez\u00e9rt minden s\u00edb\u00e9rletet \u00e9s kedvenc sz\u00e1llod\u00e1t t\u00e9nyleg hatalmas el\u0151re kell lefoglalnod.<\/p>\n\n<\/div>\n<\/div>\n<div id=\"faq-question-1787769467006\" class=\"rank-math-list-item\">\n<h3 class=\"rank-math-question \"><span class=\"ez-toc-section\" id=\"Hova_erdemes_februarban_karnevalra_menni\"><\/span>Hova \u00e9rdemes febru\u00e1rban karnev\u00e1lra menni?<span class=\"ez-toc-section-end\"><\/span><\/h3>\n<div class=\"rank-math-answer \">\n\n<p>A t\u00e9l v\u00e9ge a sz\u00ednpomp\u00e1s \u00fcnneps\u00e9gek \u00e9s vad vid\u00e1ms\u00e1g jegy\u00e9ben telik, amely a vil\u00e1g minden t\u00e1j\u00e1r\u00f3l vonzza az utaz\u00f3kat. Eur\u00f3p\u00e1ban k\u00e9ts\u00e9gk\u00edv\u00fcl a legismertebb az olasz Velence, ahol az utc\u00e1kon gy\u00f6ny\u00f6r\u0171 t\u00f6rt\u00e9nelmi maszkokban s\u00e9t\u00e1lnak az emberek, \u00e9s csod\u00e1latos hangulatot k\u00edn\u00e1l a spanyol Tenerife is nagyszer\u0171 k\u00f6rmenet\u00e9vel. Ezeknek az \u00fcnneps\u00e9geknek a pontos id\u0151pontja mindig a hamvaz\u00f3szerd\u00e1t megel\u0151z\u0151 farsangi id\u0151szakhoz k\u00f6t\u0151dik, ami a gyakorlatban azt jelenti, hogy minden \u00e9vben v\u00e1ltozik a h\u00fasv\u00e9t mozg\u00f3 d\u00e1tuma szerint. Ha ezt az \u00e9lm\u00e9nyt nem akarod kihagyni, tervezd meg az utat kor\u00e1n.<\/p>\n\n<\/div>\n<\/div>\n<div id=\"faq-question-1787769467007\" class=\"rank-math-list-item\">\n<h3 class=\"rank-math-question \"><span class=\"ez-toc-section\" id=\"Jo_februarban_sarki_fenyt_latni\"><\/span>J\u00f3 febru\u00e1rban sarki f\u00e9nyt l\u00e1tni?<span class=\"ez-toc-section-end\"><\/span><\/h3>\n<div class=\"rank-math-answer \">\n\n<p>Ez a h\u00f3nap hat\u00e1rozottan a legjobb id\u0151szakok k\u00f6z\u00e9 tartozik a var\u00e1zslatos \u00e9gi l\u00e1tv\u00e1nyoss\u00e1g megfigyel\u00e9s\u00e9re. Az \u00e9jszak\u00e1k \u00e9szakon m\u00e9g kell\u0151en hossz\u00faak \u00e9s s\u00f6t\u00e9tek, de a nap m\u00e1r az\u00e9rt el\u00e9gg\u00e9 hosszabbodik, \u00edgy az \u00e9jszakai f\u00e9nyles\u00e9s mellett gond n\u00e9lk\u00fcl teljes\u00edted a norm\u00e1l nappali programot \u00e9s a kir\u00e1ndul\u00e1sokat is. A legkedveltebb \u00e9s legmegb\u00edzhat\u00f3bb c\u00e9lpontok k\u00f6z\u00e9 tartozik ehhez az \u00e9lm\u00e9nyhez a v\u00edzes\u00e9sekkel teli izlandi t\u00e1j, a behavazott Norv\u00e9gia, a finn Lappf\u00f6ld \u00e9s \u00c9szak-Sv\u00e9dorsz\u00e1g. A helyi idegenvezet\u0151k egyet\u00e9rtenek abban, hogy ebben az id\u0151szakban \u00f3ri\u00e1si es\u00e9lyed van a sikerre.<\/p>\n\n<\/div>\n<\/div>\n<div id=\"faq-question-1787769467008\" class=\"rank-math-list-item\">\n<h3 class=\"rank-math-question \"><span class=\"ez-toc-section\" id=\"Kell_a_hegyekhez_kulon_biztositas\"><\/span>Kell a hegyekhez k\u00fcl\u00f6n biztos\u00edt\u00e1s?<span class=\"ez-toc-section-end\"><\/span><\/h3>\n<div class=\"rank-math-answer \">\n\n<p>Ez az a dolog, amit rengeteg turista sajnos al\u00e1becs\u00fcl, de a v\u00e1lasz teljesen egy\u00e9rtelm\u0171en igen. A hagyom\u00e1nyos utasbiztos\u00edt\u00e1s, amit a ny\u00e1ri tengerparti utakra k\u00f6tsz, nagyon gyakran nem fedezi a s\u00edel\u00e9st, snowboardoz\u00e1st \u00e9s egy\u00e9b havas tev\u00e9kenys\u00e9geket. Ahhoz, hogy v\u00e9dve legy\u00e9l a s\u00edp\u00e1ly\u00e1n bek\u00f6vetkez\u0151 s\u00e9r\u00fcl\u00e9s eset\u00e9n, felt\u00e9tlen\u00fcl sz\u00fcks\u00e9ges megfizetni a t\u00e9li sportok kieg\u00e9sz\u00edt\u0151 biztos\u00edt\u00e1s\u00e1t. A kezel\u00e9s vagy helikopteres sz\u00e1ll\u00edt\u00e1s k\u00f6lts\u00e9gei az Alpokban hihetetlen \u00f6sszegekre emelkedhetnek, \u00edgy az a p\u00e1r ezer forint extra a speci\u00e1lis csomag\u00e9rt biztosan meg\u00e9ri.<\/p>\n\n<\/div>\n<\/div>\n<\/div>\n<\/div>","protected":false},"excerpt":{"rendered":"<p>Hov\u00e1 utazz febru\u00e1rban? 26 tipp melegre, hegyekre \u00e9s karnev\u00e1lra, tengerv\u00edz-h\u0151m\u00e9rs\u00e9klet t\u00e1bl\u00e1zat, tavaszi sz\u00fcneti tan\u00e1csok, hotelek \u00e9s t\u00e1j\u00e9koztat\u00f3 \u00e1rak.<\/p>\n","protected":false},"author":20,"featured_media":400850,"comment_status":"open","ping_status":"open","sticky":false,"template":"","format":"standard","meta":{"_acf_changed":false,"footnotes":"","rank_math_title":"Hov\u00e1 utazz febru\u00e1rban: 26 tipp melegre \u00e9s hegyekre","rank_math_description":"Hov\u00e1 utazz febru\u00e1rban? 26 tipp melegre, hegyekre \u00e9s karnev\u00e1lra, tengerv\u00edz-t\u00e1bl\u00e1zattal, \u00e1rakkal \u00e9s sz\u00e1ll\u00e1stippekkel. V\u00e1laszd ki a t\u00f6k\u00e9letes \u00fati c\u00e9lt most!","rank_math_focus_keyword":"hov\u00e1 utazz febru\u00e1rban","rank_math_seo_score":""},"categories":[1788],"tags":[],"class_list":["post-284739","post","type-post","status-publish","format-standard","has-post-thumbnail","category-utazas"],"acf":[],"featured_image_src":"https:\/\/loudavymkrokem.cz\/wp-content\/uploads\/2026\/08\/kam-na-dovolenou-v-unoru-hero.jpg","author_info":{"display_name":"Monika Havrdov\u00e1","author_link":"https:\/\/loudavymkrokem.cz\/hu\/author\/monika\/"},"_links":{"self":[{"href":"https:\/\/loudavymkrokem.cz\/hu\/wp-json\/wp\/v2\/posts\/284739","targetHints":{"allow":["GET"]}}],"collection":[{"href":"https:\/\/loudavymkrokem.cz\/hu\/wp-json\/wp\/v2\/posts"}],"about":[{"href":"https:\/\/loudavymkrokem.cz\/hu\/wp-json\/wp\/v2\/types\/post"}],"author":[{"embeddable":true,"href":"https:\/\/loudavymkrokem.cz\/hu\/wp-json\/wp\/v2\/users\/20"}],"replies":[{"embeddable":true,"href":"https:\/\/loudavymkrokem.cz\/hu\/wp-json\/wp\/v2\/comments?post=284739"}],"version-history":[{"count":0,"href":"https:\/\/loudavymkrokem.cz\/hu\/wp-json\/wp\/v2\/posts\/284739\/revisions"}],"wp:featuredmedia":[{"embeddable":true,"href":"https:\/\/loudavymkrokem.cz\/hu\/wp-json\/wp\/v2\/media\/400850"}],"wp:attachment":[{"href":"https:\/\/loudavymkrokem.cz\/hu\/wp-json\/wp\/v2\/media?parent=284739"}],"wp:term":[{"taxonomy":"category","embeddable":true,"href":"https:\/\/loudavymkrokem.cz\/hu\/wp-json\/wp\/v2\/categories?post=284739"},{"taxonomy":"post_tag","embeddable":true,"href":"https:\/\/loudavymkrokem.cz\/hu\/wp-json\/wp\/v2\/tags?post=284739"}],"curies":[{"name":"wp","href":"https:\/\/api.w.org\/{rel}","templated":true}]}}