{"id":282629,"date":"2019-10-24T18:11:19","date_gmt":"2019-10-24T16:11:19","guid":{"rendered":"https:\/\/loudavymkrokem.cz\/tatra-szlovakia-atkeles\/"},"modified":"2026-09-02T05:44:36","modified_gmt":"2026-09-02T03:44:36","slug":"tatra-szlovakia-atkeles","status":"publish","type":"post","link":"https:\/\/loudavymkrokem.cz\/hu\/tatra-szlovakia-atkeles\/","title":{"rendered":"\u00c1tkel\u00e9s a T\u00e1tr\u00e1n: Teljes \u00fatikalauz a szlov\u00e1kiai Magas-T\u00e1tr\u00e1hoz"},"content":{"rendered":"\n<!-- lk-tldr -->\n<div class=\"lk-tldr\" style=\"background:#f7f5f0;border-left:4px solid #c39f76;border-radius:0 10px 10px 0;padding:14px 18px;margin:0 0 26px;font-size:15px;line-height:1.65;\"><strong style=\"display:block;font-size:12px;text-transform:uppercase;letter-spacing:.06em;color:#a9885a;margin-bottom:5px;\">TL;DR<\/strong>A teljes T\u00e1trai Nemzeti Parkon val\u00f3 \u00e1tkel\u00e9s h\u00e9t napig tart, a v\u00e1lasztott \u00fatvonalt\u00f3l f\u00fcgg\u0151en 82\u2013101 km hossz\u00fa, 4655 szintm\u00e9terrel \u00e9s nagyj\u00e1b\u00f3l 40 \u00f3ra gyalogl\u00e1ssal j\u00e1r. Az \u00fatvonal \u017ddiarb\u00f3l indul, olyan mened\u00e9kh\u00e1zakon vezet \u00e1t, mint a <strong>Chata pri Zelenom plese<\/strong>, a <strong>T\u00e9ryho chata<\/strong>, a Sliezsky dom, a \u0160trbsk\u00e9 pleso, a Chata Ore\u0161nica \u00e9s a \u017diarska chata, eg\u00e9szen a Zverovka mened\u00e9kh\u00e1zig, a legnehezebb \u00e9s legkitettebb szakasz pedig a l\u00e1ncokkal t\u0171zdelt \u00e1tkel\u00e9s a Prie\u010dne-nyeregen. A sz\u00e1ll\u00e1s mind a hat mened\u00e9kh\u00e1zban 220,5 EUR-ba ker\u00fcl szem\u00e9lyenk\u00e9nt, a teljes \u00e1tkel\u00e9s k\u00e9t f\u0151nek a Budapestr\u0151l val\u00f3 utaz\u00e1ssal egy\u00fctt nagyj\u00e1b\u00f3l 300 000 Ft. A <strong>t\u00e1tra szlov\u00e1kia<\/strong> t\u00far\u00e1hoz a legjobb id\u0151szak augusztus v\u00e9ge \u00e9s szeptember eleje, amikor stabilabb az id\u0151j\u00e1r\u00e1s, \u00e9s ritk\u00e1bbak a viharok, mint a f\u0151szezonban, j\u00fanius 16. \u00e9s okt\u00f3ber 31. k\u00f6z\u00f6tt.<\/div>\n<!-- \/lk-tldr -->\n\n\n\n<p class=\"wp-block-paragraph\">A teljes T\u00e1trai Nemzeti Parkon val\u00f3 \u00e1tkel\u00e9s nem egy hegym\u00e1sz\u00f3 \u00e1lma. A mi \u00fatiterv\u00fcnkkel h\u00e9t nap alatt kereszt\u00fclv\u00e1gsz a szlov\u00e1kiai T\u00e1tr\u00e1n, megl\u00e1togatod az \u00f6sszes \u00e9rdekes hegyi mened\u00e9kh\u00e1zat, t\u00f6bb gerincet is megpillantasz \u00e9s lek\u00fczdesz, \u00e9s bizony l\u00e1ncokba kapaszkodva is m\u00e1szni kell majd. De mivel az \u00fatvonalat mi is v\u00e9gigj\u00e1rtuk \u00e9s teljes\u00edtett\u00fck \u2014 akkoriban teljesen edzetlen v\u00e1rosi emberekk\u00e9nt \u2014, semmi okod az aggodalomra.<\/p>\n\n\n\n<figure data-wp-context=\"{&quot;imageId&quot;:&quot;6a9ad980ede1f&quot;}\" data-wp-interactive=\"core\/image\" data-wp-key=\"6a9ad980ede1f\" class=\"wp-block-image wp-lightbox-container\"><img decoding=\"async\" width=\"1200\" height=\"800\" data-wp-class--hide=\"state.isContentHidden\" data-wp-class--show=\"state.isContentVisible\" data-wp-init=\"callbacks.setButtonStyles\" data-wp-on--click=\"actions.showLightbox\" data-wp-on--load=\"callbacks.setButtonStyles\" data-wp-on--pointerdown=\"actions.preloadImage\" data-wp-on--pointerenter=\"actions.preloadImageWithDelay\" data-wp-on--pointerleave=\"actions.cancelPreload\" data-wp-on-window--resize=\"callbacks.setButtonStyles\" src=\"https:\/\/www.loudavymkrokem.cz\/wp-content\/uploads\/2023\/05\/vysoke_tatry_prechod.jpg\" alt=\"L\u00e1ny a B\u00e9lai-T\u00e1tr\u00e1n \u00e1tkelve\" class=\"wp-image-55387\" title=\"\"><button\n\t\t\tclass=\"lightbox-trigger\"\n\t\t\ttype=\"button\"\n\t\t\taria-haspopup=\"dialog\"\n\t\t\tdata-wp-bind--aria-label=\"state.thisImage.triggerButtonAriaLabel\"\n\t\t\tdata-wp-init=\"callbacks.initTriggerButton\"\n\t\t\tdata-wp-on--click=\"actions.showLightbox\"\n\t\t\tdata-wp-style--right=\"state.thisImage.buttonRight\"\n\t\t\tdata-wp-style--top=\"state.thisImage.buttonTop\"\n\t\t>\n\t\t\t<svg xmlns=\"http:\/\/www.w3.org\/2000\/svg\" width=\"12\" height=\"12\" fill=\"none\" viewBox=\"0 0 12 12\">\n\t\t\t\t<path fill=\"#fff\" d=\"M2 0a2 2 0 0 0-2 2v2h1.5V2a.5.5 0 0 1 .5-.5h2V0H2Zm2 10.5H2a.5.5 0 0 1-.5-.5V8H0v2a2 2 0 0 0 2 2h2v-1.5ZM8 12v-1.5h2a.5.5 0 0 0 .5-.5V8H12v2a2 2 0 0 1-2 2H8Zm2-12a2 2 0 0 1 2 2v2h-1.5V2a.5.5 0 0 0-.5-.5H8V0h2Z\" \/>\n\t\t\t<\/svg>\n\t\t<\/button><figcaption class=\"wp-element-caption\">A T\u00e1tr\u00e1n h\u00e9t napig gyalogoltunk<\/figcaption><\/figure>\n\n\n\n<!-- lk-navbar -->\n<div class=\"lk-navbar\" style=\"margin:0 0 28px;\"><div style=\"font-size:12px;text-transform:uppercase;letter-spacing:.06em;color:#a9885a;font-weight:700;margin-bottom:9px;\">Gyors linkek<\/div><div style=\"display:flex;flex-wrap:wrap;gap:9px;\"><a href=\"#lk-stays\" style=\"background:#c39f76;color:#fff;border:1px solid #c39f76;padding:9px 15px;border-radius:22px;font-size:14px;font-weight:700;text-decoration:none;display:inline-block;line-height:1;\">\ud83d\udccd Hol sz\u00e1llj meg<\/a><a href=\"#Mikor_indulj_a_Tatraba\" style=\"background:#fff;color:#6b5a44;border:1px solid #e2d6c1;padding:9px 15px;border-radius:22px;font-size:14px;font-weight:600;text-decoration:none;display:inline-block;line-height:1;\">\u2600\ufe0f Mikor menj<\/a><a href=\"#A_leggyakoribb_kerdesek_a_tatrai_atkelesrol\" style=\"background:#fff;color:#6b5a44;border:1px solid #e2d6c1;padding:9px 15px;border-radius:22px;font-size:14px;font-weight:600;text-decoration:none;display:inline-block;line-height:1;\">\u2753 GYIK<\/a><\/div><\/div>\n<!-- \/lk-navbar -->\n\n\n\n<div id=\"ez-toc-container\" class=\"ez-toc-v2_0_87 ez-toc-wrap-left counter-hierarchy ez-toc-counter ez-toc-grey ez-toc-container-direction\">\n<div class=\"ez-toc-title-container\">\n<p class=\"ez-toc-title\" style=\"cursor:inherit\">A cikk tartalma<\/p>\n<span class=\"ez-toc-title-toggle\"><a href=\"#\" class=\"ez-toc-pull-right ez-toc-btn ez-toc-btn-xs ez-toc-btn-default ez-toc-toggle\" aria-label=\"Toggle Table of Content\"><span class=\"ez-toc-js-icon-con\"><span class=\"\"><span class=\"eztoc-hide\" style=\"display:none;\">Toggle<\/span><span class=\"ez-toc-icon-toggle-span\"><svg style=\"fill: #999;color:#999\" xmlns=\"http:\/\/www.w3.org\/2000\/svg\" class=\"list-377408\" width=\"20px\" height=\"20px\" viewBox=\"0 0 24 24\" fill=\"none\"><path d=\"M6 6H4v2h2V6zm14 0H8v2h12V6zM4 11h2v2H4v-2zm16 0H8v2h12v-2zM4 16h2v2H4v-2zm16 0H8v2h12v-2z\" fill=\"currentColor\"><\/path><\/svg><svg style=\"fill: #999;color:#999\" class=\"arrow-unsorted-368013\" xmlns=\"http:\/\/www.w3.org\/2000\/svg\" width=\"10px\" height=\"10px\" viewBox=\"0 0 24 24\" version=\"1.2\" baseProfile=\"tiny\"><path d=\"M18.2 9.3l-6.2-6.3-6.2 6.3c-.2.2-.3.4-.3.7s.1.5.3.7c.2.2.4.3.7.3h11c.3 0 .5-.1.7-.3.2-.2.3-.5.3-.7s-.1-.5-.3-.7zM5.8 14.7l6.2 6.3 6.2-6.3c.2-.2.3-.5.3-.7s-.1-.5-.3-.7c-.2-.2-.4-.3-.7-.3h-11c-.3 0-.5.1-.7.3-.2.2-.3.5-.3.7s.1.5.3.7z\"\/><\/svg><\/span><\/span><\/span><\/a><\/span><\/div>\n<nav><ul class='ez-toc-list ez-toc-list-level-1 ' ><li class='ez-toc-page-1 ez-toc-heading-level-2'><a class=\"ez-toc-link ez-toc-heading-1\" href=\"https:\/\/loudavymkrokem.cz\/hu\/tatra-szlovakia-atkeles\/#A_Tatran_valo_atkeles_het_napig_tart\" >A T\u00e1tr\u00e1n val\u00f3 \u00e1tkel\u00e9s h\u00e9t napig tart<\/a><\/li><li class='ez-toc-page-1 ez-toc-heading-level-2'><a class=\"ez-toc-link ez-toc-heading-2\" href=\"https:\/\/loudavymkrokem.cz\/hu\/tatra-szlovakia-atkeles\/#Mennyibe_kerul\" >Mennyibe ker\u00fcl<\/a><\/li><li class='ez-toc-page-1 ez-toc-heading-level-2'><a class=\"ez-toc-link ez-toc-heading-3\" href=\"https:\/\/loudavymkrokem.cz\/hu\/tatra-szlovakia-atkeles\/#Nap_1_Zdiar_%E2%80%93_Chata_pri_Zelenom_plese\" >Nap 1: \u017ddiar \u2013 Chata pri Zelenom plese<\/a><\/li><li class='ez-toc-page-1 ez-toc-heading-level-2'><a class=\"ez-toc-link ez-toc-heading-4\" href=\"https:\/\/loudavymkrokem.cz\/hu\/tatra-szlovakia-atkeles\/#Nap_2_Chata_pri_Zelenom_plese_%E2%80%93_Teryho_chata\" >Nap 2: Chata pri Zelenom plese \u2013 T\u00e9ryho chata<\/a><\/li><li class='ez-toc-page-1 ez-toc-heading-level-2'><a class=\"ez-toc-link ez-toc-heading-5\" href=\"https:\/\/loudavymkrokem.cz\/hu\/tatra-szlovakia-atkeles\/#Nap_3_Teryho_chata_%E2%80%93_Sliezsky_dom\" >Nap 3: T\u00e9ryho chata \u2013 Sliezsky dom<\/a><\/li><li class='ez-toc-page-1 ez-toc-heading-level-2'><a class=\"ez-toc-link ez-toc-heading-6\" href=\"https:\/\/loudavymkrokem.cz\/hu\/tatra-szlovakia-atkeles\/#Nap_4_Sliezsky_dom_%E2%80%93_Strbske_pleso\" >Nap 4: Sliezsky dom \u2013 \u0160trbsk\u00e9 pleso<\/a><\/li><li class='ez-toc-page-1 ez-toc-heading-level-2'><a class=\"ez-toc-link ez-toc-heading-7\" href=\"https:\/\/loudavymkrokem.cz\/hu\/tatra-szlovakia-atkeles\/#Nap_5_Strbske_pleso_%E2%80%93_Chata_Oresnica_Rackova-volgy\" >Nap 5: \u0160trbsk\u00e9 pleso \u2013 Chata Ore\u0161nica (Ra\u010dkova-v\u00f6lgy)<\/a><\/li><li class='ez-toc-page-1 ez-toc-heading-level-2'><a class=\"ez-toc-link ez-toc-heading-8\" href=\"https:\/\/loudavymkrokem.cz\/hu\/tatra-szlovakia-atkeles\/#Nap_6_Rackova-volgy_%E2%80%93_Ziarska_chata\" >Nap 6: Ra\u010dkova-v\u00f6lgy \u2013 \u017diarska chata<\/a><\/li><li class='ez-toc-page-1 ez-toc-heading-level-2'><a class=\"ez-toc-link ez-toc-heading-9\" href=\"https:\/\/loudavymkrokem.cz\/hu\/tatra-szlovakia-atkeles\/#Nap_7_Ziarska_chata_%E2%80%93_Chata_Zverovka\" >Nap 7: \u017diarska chata \u2013 Chata Zverovka<\/a><\/li><li class='ez-toc-page-1 ez-toc-heading-level-2'><a class=\"ez-toc-link ez-toc-heading-10\" href=\"https:\/\/loudavymkrokem.cz\/hu\/tatra-szlovakia-atkeles\/#Mikor_indulj_a_Tatraba_%E2%80%94_idojaras_Szlovakia_Tatra_videken\" >Mikor indulj a T\u00e1tr\u00e1ba \u2014 id\u0151j\u00e1r\u00e1s Szlov\u00e1kia T\u00e1tra vid\u00e9k\u00e9n<\/a><\/li><li class='ez-toc-page-1 ez-toc-heading-level-2'><a class=\"ez-toc-link ez-toc-heading-11\" href=\"https:\/\/loudavymkrokem.cz\/hu\/tatra-szlovakia-atkeles\/#Milyen_felszerelest_vigyel_magaddal\" >Milyen felszerel\u00e9st vigy\u00e9l magaddal<\/a><\/li><li class='ez-toc-page-1 ez-toc-heading-level-2'><a class=\"ez-toc-link ez-toc-heading-12\" href=\"https:\/\/loudavymkrokem.cz\/hu\/tatra-szlovakia-atkeles\/#A_leggyakoribb_kerdesek_a_tatrai_atkelesrol\" >A leggyakoribb k\u00e9rd\u00e9sek a t\u00e1trai \u00e1tkel\u00e9sr\u0151l<\/a><ul class='ez-toc-list-level-3' ><li class='ez-toc-heading-level-3'><a class=\"ez-toc-link ez-toc-heading-13\" href=\"https:\/\/loudavymkrokem.cz\/hu\/tatra-szlovakia-atkeles\/#Egy_edzetlen_ember_is_vegigjarhatja_a_Tatra-atkelest\" >Egy edzetlen ember is v\u00e9gigj\u00e1rhatja a T\u00e1tra-\u00e1tkel\u00e9st?<\/a><\/li><li class='ez-toc-page-1 ez-toc-heading-level-3'><a class=\"ez-toc-link ez-toc-heading-14\" href=\"https:\/\/loudavymkrokem.cz\/hu\/tatra-szlovakia-atkeles\/#Elore_kell_foglalni_a_szallast\" >El\u0151re kell foglalni a sz\u00e1ll\u00e1st?<\/a><\/li><li class='ez-toc-page-1 ez-toc-heading-level-3'><a class=\"ez-toc-link ez-toc-heading-15\" href=\"https:\/\/loudavymkrokem.cz\/hu\/tatra-szlovakia-atkeles\/#A_hegyi_menedekhazak_biztositanak_vegetarianus_etkezest\" >A hegyi mened\u00e9kh\u00e1zak biztos\u00edtanak veget\u00e1ri\u00e1nus \u00e9tkez\u00e9st?<\/a><\/li><li class='ez-toc-page-1 ez-toc-heading-level-3'><a class=\"ez-toc-link ez-toc-heading-16\" href=\"https:\/\/loudavymkrokem.cz\/hu\/tatra-szlovakia-atkeles\/#Szuksegem_van_halozsakra_az_atkeleshez\" >Sz\u00fcks\u00e9gem van h\u00e1l\u00f3zs\u00e1kra az \u00e1tkel\u00e9shez?<\/a><\/li><li class='ez-toc-page-1 ez-toc-heading-level-3'><a class=\"ez-toc-link ez-toc-heading-17\" href=\"https:\/\/loudavymkrokem.cz\/hu\/tatra-szlovakia-atkeles\/#Mikor_induljunk_el_a_Tatra-atkelesre\" >Mikor induljunk el a T\u00e1tra-\u00e1tkel\u00e9sre?<\/a><\/li><\/ul><\/li><\/ul><\/nav><\/div>\n<h2 class=\"wp-block-heading\"><span class=\"ez-toc-section\" id=\"A_Tatran_valo_atkeles_het_napig_tart\"><\/span>A T\u00e1tr\u00e1n val\u00f3 \u00e1tkel\u00e9s h\u00e9t napig tart<span class=\"ez-toc-section-end\"><\/span><\/h2>\n\n\n\n<p class=\"wp-block-paragraph\">Mivel az \u00e1tkel\u00e9s a T\u00e1tra k\u00e9t ellent\u00e9tes oldal\u00e1n kezd\u0151dik \u00e9s v\u00e9gz\u0151dik, nincs \u00e9rtelme aut\u00f3val menni Szlov\u00e1ki\u00e1ba. Ez\u00e9rt \u00fagy tervezd meg az utat, hogy este \u00e9rkezz meg Szlov\u00e1ki\u00e1ba, \u00e9s csak reggel indulj neki a t\u00far\u00e1nak.<\/p>\n\n\n\n<p class=\"wp-block-paragraph\">Az \u00fatvonal a keleti (B\u00e9lai) T\u00e1tr\u00e1ban, \u017ddiar hegyi falucsk\u00e1j\u00e1ban kezd\u0151dik. Azt aj\u00e1nljuk, hogy vonattal utazz Popr\u00e1dig, onnan pedig 18,5 EUR-\u00e9rt <a href=\"http:\/\/abdtaxi.autodielyabd.sk\/\" target=\"_blank\" rel=\"noopener\">vitesd magad taxival<\/a> egyenesen a sz\u00e1ll\u00e1sodig. Popr\u00e1dr\u00f3l ritk\u00e1n j\u00e1r busz, \u00e9s ha nem indulsz kora reggel Budapestr\u0151l, val\u00f3sz\u00edn\u0171leg \u00fagysem \u00e9rn\u00e9l el egyet sem. Sz\u00e1llj meg a<a class=\"thirstylink\" rel=\"nofollow\" target=\"_blank\" title=\"Penzion \u017ddiar\" href=\"https:\/\/loudavymkrokem.cz\/doporucujeme\/penzion-zdiar\/\" data-shortcode=\"true\"><strong> Penzion \u017ddiarban<\/strong><\/a>, ahol a nyaral\u00e1sodat kezdd egy t\u00e1ny\u00e9r kiv\u00e1l\u00f3 halu\u0161k\u00e1val (juht\u00far\u00f3s galuska)!<\/p>\n\n\n\n<p class=\"wp-block-paragraph\"><strong>Gyors \u00e1ttekint\u00e9s:<\/strong><\/p>\n\n\n\n<ul class=\"wp-block-list\">\n<li>82\u2013101 km, a v\u00e1lasztott \u00fatvonalt\u00f3l f\u00fcgg\u0151en<\/li>\n\n\n\n<li>4655 lek\u00fczd\u00f6tt szintm\u00e9ter<\/li>\n\n\n\n<li>nagyj\u00e1b\u00f3l 40 \u00f3ra gyalogl\u00e1s<\/li>\n\n\n\n<li>6 hegyi mened\u00e9kh\u00e1z<\/li>\n<\/ul>\n\n\n\n<figure data-wp-context=\"{&quot;imageId&quot;:&quot;6a9ad980ef0a5&quot;}\" data-wp-interactive=\"core\/image\" data-wp-key=\"6a9ad980ef0a5\" class=\"wp-block-image wp-lightbox-container\"><img decoding=\"async\" width=\"2048\" height=\"989\" data-wp-class--hide=\"state.isContentHidden\" data-wp-class--show=\"state.isContentVisible\" data-wp-init=\"callbacks.setButtonStyles\" data-wp-on--click=\"actions.showLightbox\" data-wp-on--load=\"callbacks.setButtonStyles\" data-wp-on--pointerdown=\"actions.preloadImage\" data-wp-on--pointerenter=\"actions.preloadImageWithDelay\" data-wp-on--pointerleave=\"actions.cancelPreload\" data-wp-on-window--resize=\"callbacks.setButtonStyles\" src=\"https:\/\/www.loudavymkrokem.cz\/wp-content\/uploads\/2023\/05\/prechod-tater-2048x989.png\" alt=\"A t\u00e1trai \u00e1tkel\u00e9s t\u00e9rk\u00e9pe\" class=\"wp-image-55313\" title=\"\"><button\n\t\t\tclass=\"lightbox-trigger\"\n\t\t\ttype=\"button\"\n\t\t\taria-haspopup=\"dialog\"\n\t\t\tdata-wp-bind--aria-label=\"state.thisImage.triggerButtonAriaLabel\"\n\t\t\tdata-wp-init=\"callbacks.initTriggerButton\"\n\t\t\tdata-wp-on--click=\"actions.showLightbox\"\n\t\t\tdata-wp-style--right=\"state.thisImage.buttonRight\"\n\t\t\tdata-wp-style--top=\"state.thisImage.buttonTop\"\n\t\t>\n\t\t\t<svg xmlns=\"http:\/\/www.w3.org\/2000\/svg\" width=\"12\" height=\"12\" fill=\"none\" viewBox=\"0 0 12 12\">\n\t\t\t\t<path fill=\"#fff\" d=\"M2 0a2 2 0 0 0-2 2v2h1.5V2a.5.5 0 0 1 .5-.5h2V0H2Zm2 10.5H2a.5.5 0 0 1-.5-.5V8H0v2a2 2 0 0 0 2 2h2v-1.5ZM8 12v-1.5h2a.5.5 0 0 0 .5-.5V8H12v2a2 2 0 0 1-2 2H8Zm2-12a2 2 0 0 1 2 2v2h-1.5V2a.5.5 0 0 0-.5-.5H8V0h2Z\" \/>\n\t\t\t<\/svg>\n\t\t<\/button><figcaption class=\"wp-element-caption\">A t\u00e1trai \u00e1tkel\u00e9s interakt\u00edv t\u00e9rk\u00e9p\u00e9t <a href=\"https:\/\/en.mapy.cz\/s\/lokagutohe\" target=\"_blank\" rel=\"noreferrer noopener\" aria-label=\"itt tekintheted meg (\u00faj lapon ny\u00edlik meg)\">itt tekintheted meg<\/a><\/figcaption><\/figure>\n\n\n\n<h2 class=\"wp-block-heading\"><span class=\"ez-toc-section\" id=\"Mennyibe_kerul\"><\/span>Mennyibe ker\u00fcl<span class=\"ez-toc-section-end\"><\/span><\/h2>\n\n\n\n<p class=\"wp-block-paragraph\">A Budapestr\u0151l Popr\u00e1dig tart\u00f3 \u00fat vonattal vagy busszal a napszakt\u00f3l, az oszt\u00e1lyt\u00f3l \u00e9s a fuvaroz\u00f3t\u00f3l f\u00fcgg\u0151en nagyj\u00e1b\u00f3l 6000\u201312 000 Ft. A Popr\u00e1dr\u00f3l \u017ddiarba tart\u00f3 taxi 18,5 EUR, a sz\u00e1ll\u00e1s \u00f6sszesen 220,5 EUR szem\u00e9lyenk\u00e9nt.<\/p>\n\n\n\n<p class=\"wp-block-paragraph\">A legt\u00f6bb sz\u00e1ll\u00e1s f\u00e9lpanzi\u00f3s, teh\u00e1t \u00e1ltal\u00e1ban csak eb\u00e9det kell venned. A finoms\u00e1gokkal \u00e9s te\u00e1kkal egy\u00fctt, amiket \u00fatk\u00f6zben szerezt\u00fcnk be, k\u00f6r\u00fclbel\u00fcl napi 20 EUR-t k\u00f6lt\u00f6tt\u00fcnk.<\/p>\n\n\n\n<p class=\"wp-block-paragraph\"><strong>\u00d6sszess\u00e9g\u00e9ben a t\u00e1trai \u00e1tkel\u00e9s k\u00e9t f\u0151nek \u2014 a Szlov\u00e1ki\u00e1ba oda-vissza utaz\u00e1ssal egy\u00fctt \u2014 nagyj\u00e1b\u00f3l 300 000 Ft-ba ker\u00fcl.<\/strong><\/p>\n\n\n\n<figure class=\"wp-block-table aligncenter\"><table><tbody><tr><td><strong>Sz\u00e1ll\u00e1s<\/strong><\/td><td><strong>\u00c1r szem\u00e9lyenk\u00e9nt (\u00e1ltal\u00e1ban f\u00e9lpanzi\u00f3val)<\/strong><\/td><\/tr><tr><td>Penzion \u017ddiar<\/td><td>44 EUR<\/td><\/tr><tr><td>Chata pri Zelenom plese<\/td><td>23 EUR<\/td><\/tr><tr><td>T\u00e9ryho chata<\/td><td>37 EUR<\/td><\/tr><tr><td>Sliezsky dom<\/td><td>55 EUR<\/td><\/tr><tr><td>SHB \u0160trbsk\u00e9 pleso<\/td><td>21 EUR<\/td><\/tr><tr><td>Chata Ore\u0161nica<\/td><td>38 EUR<\/td><\/tr><tr><td>\u017diarska chata<\/td><td>20,5 EUR<\/td><\/tr><tr><td>Zverovka<\/td><td>26 EUR<\/td><\/tr><tr><td><strong>\u00d6sszesen<\/strong><\/td><td><strong>220,5 EUR \/ kb. 86 500 Ft<\/strong><\/td><\/tr><\/tbody><\/table><\/figure>\n\n\n\n<h2 class=\"wp-block-heading\"><span class=\"ez-toc-section\" id=\"Nap_1_Zdiar_%E2%80%93_Chata_pri_Zelenom_plese\"><\/span>Nap 1: \u017ddiar \u2013 Chata pri Zelenom plese<span class=\"ez-toc-section-end\"><\/span><\/h2>\n\n\n\n<ul class=\"wp-block-list\">\n<li><strong>Szakasz hossza:<\/strong> 12,5 km<\/li>\n\n\n\n<li><strong>Szakasz ideje:<\/strong> 6:59 \u00f3ra, eb\u00e9ddel egy\u00fctt<\/li>\n\n\n\n<li><strong>Teljes szintemelked\u00e9s:<\/strong> 1069 m<\/li>\n<\/ul>\n\n\n\n<p class=\"wp-block-paragraph\">K\u00e9sz\u00fclj fel egy kem\u00e9ny kezd\u00e9sre. \u017ddiarb\u00f3l az alacsonyabb fekv\u00e9s\u0171 r\u00e9szekr\u0151l l\u00e9psz be a T\u00e1tr\u00e1ba, \u00e9s b\u00e1r az els\u0151 kilom\u00e9ter k\u00f6nny\u0171nek t\u0171nik, ut\u00e1na meredek emelked\u0151 k\u00f6vetkezik. \u00c9s ez nem is hagy al\u00e1bb, am\u00edg fel nem kapaszkodsz 1000 m\u00e9tert n\u00e9h\u00e1ny kilom\u00e9teren kereszt\u00fcl. A jutalmad a \u0160irok\u00e9-nyeregb\u0151l ny\u00edl\u00f3 kil\u00e1t\u00e1s, ahov\u00e1 h\u00e1rom \u00f3ra ut\u00e1n csigalass\u00fas\u00e1ggal \u00e9rsz fel.<\/p>\n\n\n\n<p class=\"wp-block-paragraph\">Ut\u00e1na m\u00e1r csak n\u00e9h\u00e1ny t\u00edz szintm\u00e9ter a Vy\u0161n\u00e9 Kopsk\u00e9-nyeregig, onnan pedig m\u00e1r pihentet\u0151 n\u00e9gy kilom\u00e9ter a Chata pri Zelenom plese mened\u00e9kh\u00e1zig.<\/p>\n\n\n<div class=\"wp-block-image\">\n<figure data-wp-context=\"{&quot;imageId&quot;:&quot;6a9ad980efec1&quot;}\" data-wp-interactive=\"core\/image\" data-wp-key=\"6a9ad980efec1\" class=\"aligncenter is-resized wp-lightbox-container\"><img decoding=\"async\" data-wp-class--hide=\"state.isContentHidden\" data-wp-class--show=\"state.isContentVisible\" data-wp-init=\"callbacks.setButtonStyles\" data-wp-on--click=\"actions.showLightbox\" data-wp-on--load=\"callbacks.setButtonStyles\" data-wp-on--pointerdown=\"actions.preloadImage\" data-wp-on--pointerenter=\"actions.preloadImageWithDelay\" data-wp-on--pointerleave=\"actions.cancelPreload\" data-wp-on-window--resize=\"callbacks.setButtonStyles\" src=\"https:\/\/www.loudavymkrokem.cz\/wp-content\/uploads\/2023\/05\/zdiar-chata-pri-zelenom-plese.jpg\" alt=\"A \u017ddiar \u2013 Chata pri Zelenom plese \u00fatvonal magass\u00e1gi profilja\" class=\"wp-image-55301\" style=\"width:544px;height:359px\" title=\"\"><button\n\t\t\tclass=\"lightbox-trigger\"\n\t\t\ttype=\"button\"\n\t\t\taria-haspopup=\"dialog\"\n\t\t\tdata-wp-bind--aria-label=\"state.thisImage.triggerButtonAriaLabel\"\n\t\t\tdata-wp-init=\"callbacks.initTriggerButton\"\n\t\t\tdata-wp-on--click=\"actions.showLightbox\"\n\t\t\tdata-wp-style--right=\"state.thisImage.buttonRight\"\n\t\t\tdata-wp-style--top=\"state.thisImage.buttonTop\"\n\t\t>\n\t\t\t<svg xmlns=\"http:\/\/www.w3.org\/2000\/svg\" width=\"12\" height=\"12\" fill=\"none\" viewBox=\"0 0 12 12\">\n\t\t\t\t<path fill=\"#fff\" d=\"M2 0a2 2 0 0 0-2 2v2h1.5V2a.5.5 0 0 1 .5-.5h2V0H2Zm2 10.5H2a.5.5 0 0 1-.5-.5V8H0v2a2 2 0 0 0 2 2h2v-1.5ZM8 12v-1.5h2a.5.5 0 0 0 .5-.5V8H12v2a2 2 0 0 1-2 2H8Zm2-12a2 2 0 0 1 2 2v2h-1.5V2a.5.5 0 0 0-.5-.5H8V0h2Z\" \/>\n\t\t\t<\/svg>\n\t\t<\/button><figcaption class=\"wp-element-caption\">A \u017ddiar \u2013 Chata pri Zelenom Plese \u00fatvonal magass\u00e1gi profilja<\/figcaption><\/figure>\n<\/div>\n\n<div class=\"su-box su-box-style-soft\" id=\"\" style=\"border-color:#005600;border-radius:0px;max-width:none\"><div class=\"su-box-title\" style=\"background-color:#318912;color:#ffffff;border-top-left-radius:0px;border-top-right-radius:0px\">Chata pri Zelenom plese \u2013 inform\u00e1ci\u00f3k<\/div><div class=\"su-box-content su-u-clearfix su-u-trim\" style=\"border-bottom-left-radius:0px;border-bottom-right-radius:0px\">\n<ul>\n<li><strong>Sz\u00e1ll\u00e1s f\u00e9lpanzi\u00f3val:<\/strong>&nbsp;23 EUR\/f\u0151 (16 EUR K\u010cT-kedvezm\u00e9nnyel)<\/li>\n<li><strong>Foglal\u00e1s: <a href=\"https:\/\/chataprizelenomplese.sk\/cennik-ubytovania-s-online-kalkulackou\/\" target=\"_blank\" rel=\"noopener\">Chata pri Zelenom plese<\/a><\/strong><\/li>\n<li><strong>Sz\u00e1ll\u00e1s t\u00edpusa:<\/strong> A k\u00e9t\u00e1gyas szob\u00e1kt\u00f3l a pajtai k\u00f6z\u00f6s sz\u00e1ll\u00e1sig.<\/li>\n<li><strong>Van zuhany?<\/strong> Igen.<\/li>\n<li><strong>Kell h\u00e1l\u00f3zs\u00e1k?<\/strong> Ha id\u0151ben foglalsz, akkor nem.<\/li>\n<\/ul>\n<\/div><\/div>\n\n\n<h2 class=\"wp-block-heading\"><span class=\"ez-toc-section\" id=\"Nap_2_Chata_pri_Zelenom_plese_%E2%80%93_Teryho_chata\"><\/span>Nap 2: Chata pri Zelenom plese \u2013 T\u00e9ryho chata<span class=\"ez-toc-section-end\"><\/span><\/h2>\n\n\n\n<figure data-wp-context=\"{&quot;imageId&quot;:&quot;6a9ad980f054b&quot;}\" data-wp-interactive=\"core\/image\" data-wp-key=\"6a9ad980f054b\" class=\"wp-block-image wp-lightbox-container\"><img decoding=\"async\" width=\"1200\" height=\"800\" data-wp-class--hide=\"state.isContentHidden\" data-wp-class--show=\"state.isContentVisible\" data-wp-init=\"callbacks.setButtonStyles\" data-wp-on--click=\"actions.showLightbox\" data-wp-on--load=\"callbacks.setButtonStyles\" data-wp-on--pointerdown=\"actions.preloadImage\" data-wp-on--pointerenter=\"actions.preloadImageWithDelay\" data-wp-on--pointerleave=\"actions.cancelPreload\" data-wp-on-window--resize=\"callbacks.setButtonStyles\" src=\"https:\/\/www.loudavymkrokem.cz\/wp-content\/uploads\/2023\/05\/chata_pri_zelenom_plese.jpg\" alt=\"Chata pri Zelenom plese mened\u00e9kh\u00e1z\" class=\"wp-image-55388\" title=\"\"><button\n\t\t\tclass=\"lightbox-trigger\"\n\t\t\ttype=\"button\"\n\t\t\taria-haspopup=\"dialog\"\n\t\t\tdata-wp-bind--aria-label=\"state.thisImage.triggerButtonAriaLabel\"\n\t\t\tdata-wp-init=\"callbacks.initTriggerButton\"\n\t\t\tdata-wp-on--click=\"actions.showLightbox\"\n\t\t\tdata-wp-style--right=\"state.thisImage.buttonRight\"\n\t\t\tdata-wp-style--top=\"state.thisImage.buttonTop\"\n\t\t>\n\t\t\t<svg xmlns=\"http:\/\/www.w3.org\/2000\/svg\" width=\"12\" height=\"12\" fill=\"none\" viewBox=\"0 0 12 12\">\n\t\t\t\t<path fill=\"#fff\" d=\"M2 0a2 2 0 0 0-2 2v2h1.5V2a.5.5 0 0 1 .5-.5h2V0H2Zm2 10.5H2a.5.5 0 0 1-.5-.5V8H0v2a2 2 0 0 0 2 2h2v-1.5ZM8 12v-1.5h2a.5.5 0 0 0 .5-.5V8H12v2a2 2 0 0 1-2 2H8Zm2-12a2 2 0 0 1 2 2v2h-1.5V2a.5.5 0 0 0-.5-.5H8V0h2Z\" \/>\n\t\t\t<\/svg>\n\t\t<\/button><figcaption class=\"wp-element-caption\">A kedvenc mened\u00e9kh\u00e1zunk: a Chata pri Zelenom plese<\/figcaption><\/figure>\n\n\n\n<ul class=\"wp-block-list\">\n<li><strong>Szakasz hossza:<\/strong> 11,4 km<\/li>\n\n\n\n<li><strong>Szakasz ideje:<\/strong> 8:32 \u00f3ra, eb\u00e9ddel egy\u00fctt<\/li>\n\n\n\n<li><strong>Teljes szintemelked\u00e9s:<\/strong> 974 m<\/li>\n<\/ul>\n\n\n\n<p class=\"wp-block-paragraph\">A m\u00e1sodik napot magas tengerszint feletti magass\u00e1gban t\u00f6lt\u00f6d, \u00e9s az \u00fat nagy r\u00e9sz\u00e9t kitett, magashegyi szakaszokon teszed meg. Ez\u00e9rt nyomat\u00e9kosan javasoljuk, hogy figyeld az id\u0151j\u00e1r\u00e1s-el\u0151rejelz\u00e9st, nehogy vihar \u00e9rjen utol egy olyan szakasz k\u00f6zep\u00e9n, ahol ameddig a szem ell\u00e1t, csak k\u0151 van. A mened\u00e9kh\u00e1zt\u00f3l elindulsz a Svi\u0161\u0165ovka cs\u00facsa fel\u00e9, ahov\u00e1 nagyon meredek emelked\u0151 vezet, r\u00e9szben l\u00e1ncokba kapaszkodva.<\/p>\n\n\n\n<p class=\"wp-block-paragraph\">De ne ijedj meg, rengeteg gyerek is j\u00f6tt vel\u00fcnk arra. Az 500 m szintk\u00fcl\u00f6nbs\u00e9get nagyj\u00e1b\u00f3l k\u00e9t \u00f3ra alatt k\u00fczd\u00f6d le, \u00e9s ut\u00e1na m\u00e1r gy\u00f6ny\u00f6r\u0171 s\u00e9ta a Skalnat\u00e9 pleso t\u00f3hoz, ahol megeb\u00e9delhetsz. Az \u00fatvonal tov\u00e1bbra is a piros jelz\u00e9sen halad a Zamkovsk\u00e9ho chata fel\u00e9, ahol lehet\u0151s\u00e9g van felfriss\u00fclni a T\u00e9ryho chat\u00e1ra vezet\u0151 z\u00e1r\u00f3 emelked\u0151 el\u0151tt. Az lassan indul, \u00e9s egy magas hegy l\u00e1b\u00e1n\u00e1l meredek kaptat\u00f3val v\u00e9gz\u0151dik.<\/p>\n\n\n\n<p class=\"wp-block-paragraph\">Az utols\u00f3 k\u00e9t kilom\u00e9teren sz\u00e1molj 400 m szintemelked\u00e9ssel. A jutalom egy sz\u00e1ll\u00e1s a mened\u00e9kh\u00e1zban, ami egy r\u00f6vid s\u00e9t\u00e1ra van a Lomnici-cs\u00facst\u00f3l. A mened\u00e9kh\u00e1zban nincs zuhany, nem folyik meleg v\u00edz, de van kellemes fat\u00fczel\u00e9s\u0171 k\u00e1lyha \u00e9s kiv\u00e1l\u00f3 palacsinta.<\/p>\n\n\n<div class=\"wp-block-image\">\n<figure data-wp-context=\"{&quot;imageId&quot;:&quot;6a9ad980f0d93&quot;}\" data-wp-interactive=\"core\/image\" data-wp-key=\"6a9ad980f0d93\" class=\"aligncenter is-resized wp-lightbox-container\"><img decoding=\"async\" data-wp-class--hide=\"state.isContentHidden\" data-wp-class--show=\"state.isContentVisible\" data-wp-init=\"callbacks.setButtonStyles\" data-wp-on--click=\"actions.showLightbox\" data-wp-on--load=\"callbacks.setButtonStyles\" data-wp-on--pointerdown=\"actions.preloadImage\" data-wp-on--pointerenter=\"actions.preloadImageWithDelay\" data-wp-on--pointerleave=\"actions.cancelPreload\" data-wp-on-window--resize=\"callbacks.setButtonStyles\" src=\"https:\/\/www.loudavymkrokem.cz\/wp-content\/uploads\/2023\/05\/chata-pri-zelenom-plese-terryho-chata.jpg\" alt=\"A Chata pri Zelenom plese \u2013 T\u00e9ryho chata \u00fatvonal magass\u00e1gi profilja\" class=\"wp-image-55302\" style=\"width:549px;height:314px\" title=\"\"><button\n\t\t\tclass=\"lightbox-trigger\"\n\t\t\ttype=\"button\"\n\t\t\taria-haspopup=\"dialog\"\n\t\t\tdata-wp-bind--aria-label=\"state.thisImage.triggerButtonAriaLabel\"\n\t\t\tdata-wp-init=\"callbacks.initTriggerButton\"\n\t\t\tdata-wp-on--click=\"actions.showLightbox\"\n\t\t\tdata-wp-style--right=\"state.thisImage.buttonRight\"\n\t\t\tdata-wp-style--top=\"state.thisImage.buttonTop\"\n\t\t>\n\t\t\t<svg xmlns=\"http:\/\/www.w3.org\/2000\/svg\" width=\"12\" height=\"12\" fill=\"none\" viewBox=\"0 0 12 12\">\n\t\t\t\t<path fill=\"#fff\" d=\"M2 0a2 2 0 0 0-2 2v2h1.5V2a.5.5 0 0 1 .5-.5h2V0H2Zm2 10.5H2a.5.5 0 0 1-.5-.5V8H0v2a2 2 0 0 0 2 2h2v-1.5ZM8 12v-1.5h2a.5.5 0 0 0 .5-.5V8H12v2a2 2 0 0 1-2 2H8Zm2-12a2 2 0 0 1 2 2v2h-1.5V2a.5.5 0 0 0-.5-.5H8V0h2Z\" \/>\n\t\t\t<\/svg>\n\t\t<\/button><figcaption class=\"wp-element-caption\">A Chata pri Zelenom plese \u2013 T\u00e9ryho Chata \u00fatvonal magass\u00e1gi profilja<\/figcaption><\/figure>\n<\/div>\n\n<div class=\"su-box su-box-style-soft\" id=\"\" style=\"border-color:#005600;border-radius:0px;max-width:none\"><div class=\"su-box-title\" style=\"background-color:#318912;color:#ffffff;border-top-left-radius:0px;border-top-right-radius:0px\">T\u00e9ryho chata \u2013 inform\u00e1ci\u00f3k<\/div><div class=\"su-box-content su-u-clearfix su-u-trim\" style=\"border-bottom-left-radius:0px;border-bottom-right-radius:0px\">\n<ul>\n<li><strong>Sz\u00e1ll\u00e1s f\u00e9lpanzi\u00f3val:<\/strong>&nbsp;37 EUR\/f\u0151 (26 EUR K\u010cT-kedvezm\u00e9nnyel)<\/li>\n<li><strong>Foglal\u00e1s: <a href=\"https:\/\/www.teryhochata.sk\/ubytovanie\/\" target=\"_blank\" rel=\"noopener\">T\u00e9ryho chata<\/a><\/strong><\/li>\n<li><strong>Sz\u00e1ll\u00e1s t\u00edpusa:<\/strong>&nbsp;Hat- \u00e9s tizenk\u00e9t\u00e1gyas szob\u00e1k. K\u00e1lyhaf\u0171t\u00e9s.<\/li>\n<li><strong>Van zuhany?<\/strong>&nbsp;Nincs.<\/li>\n<li><strong>Kell h\u00e1l\u00f3zs\u00e1k?<\/strong> Ha id\u0151ben foglalsz, akkor nem. Kapsz a h\u00e1zt\u00f3l. De vidd a saj\u00e1todat.<\/li>\n<\/ul>\n<\/div><\/div>\n\n\n<h2 class=\"wp-block-heading\"><span class=\"ez-toc-section\" id=\"Nap_3_Teryho_chata_%E2%80%93_Sliezsky_dom\"><\/span>Nap 3: T\u00e9ryho chata \u2013 Sliezsky dom<span class=\"ez-toc-section-end\"><\/span><\/h2>\n\n\n\n<figure data-wp-context=\"{&quot;imageId&quot;:&quot;6a9ad980f13c9&quot;}\" data-wp-interactive=\"core\/image\" data-wp-key=\"6a9ad980f13c9\" class=\"wp-block-image wp-lightbox-container\"><img decoding=\"async\" width=\"1200\" height=\"800\" data-wp-class--hide=\"state.isContentHidden\" data-wp-class--show=\"state.isContentVisible\" data-wp-init=\"callbacks.setButtonStyles\" data-wp-on--click=\"actions.showLightbox\" data-wp-on--load=\"callbacks.setButtonStyles\" data-wp-on--pointerdown=\"actions.preloadImage\" data-wp-on--pointerenter=\"actions.preloadImageWithDelay\" data-wp-on--pointerleave=\"actions.cancelPreload\" data-wp-on-window--resize=\"callbacks.setButtonStyles\" src=\"https:\/\/www.loudavymkrokem.cz\/wp-content\/uploads\/2023\/05\/Teryho_chata_terinka.jpg\" alt=\"T\u00e9ryho chata a Magas-T\u00e1tr\u00e1ban\" class=\"wp-image-55389\" title=\"\"><button\n\t\t\tclass=\"lightbox-trigger\"\n\t\t\ttype=\"button\"\n\t\t\taria-haspopup=\"dialog\"\n\t\t\tdata-wp-bind--aria-label=\"state.thisImage.triggerButtonAriaLabel\"\n\t\t\tdata-wp-init=\"callbacks.initTriggerButton\"\n\t\t\tdata-wp-on--click=\"actions.showLightbox\"\n\t\t\tdata-wp-style--right=\"state.thisImage.buttonRight\"\n\t\t\tdata-wp-style--top=\"state.thisImage.buttonTop\"\n\t\t>\n\t\t\t<svg xmlns=\"http:\/\/www.w3.org\/2000\/svg\" width=\"12\" height=\"12\" fill=\"none\" viewBox=\"0 0 12 12\">\n\t\t\t\t<path fill=\"#fff\" d=\"M2 0a2 2 0 0 0-2 2v2h1.5V2a.5.5 0 0 1 .5-.5h2V0H2Zm2 10.5H2a.5.5 0 0 1-.5-.5V8H0v2a2 2 0 0 0 2 2h2v-1.5ZM8 12v-1.5h2a.5.5 0 0 0 .5-.5V8H12v2a2 2 0 0 1-2 2H8Zm2-12a2 2 0 0 1 2 2v2h-1.5V2a.5.5 0 0 0-.5-.5H8V0h2Z\" \/>\n\t\t\t<\/svg>\n\t\t<\/button><figcaption class=\"wp-element-caption\">K\u00e9sz\u00fclj fel a zuhany n\u00e9lk\u00fcli sz\u00e1ll\u00e1sra a gy\u00f6ny\u00f6r\u0171 T\u00e9ryho chat\u00e1ban<\/figcaption><\/figure>\n\n\n\n<ul class=\"wp-block-list\">\n<li><strong>Szakasz hossza:<\/strong> 16,2 km<\/li>\n\n\n\n<li><strong>Szakasz ideje:<\/strong> 9:25 \u00f3ra, eb\u00e9ddel egy\u00fctt<\/li>\n\n\n\n<li><strong>Teljes szintemelked\u00e9s:<\/strong> 760 m<\/li>\n<\/ul>\n\n\n\n<p class=\"wp-block-paragraph\"><em>Ha a Lengyel-gerincen kereszt\u00fcl indulsz, az \u00fatvonal n\u00e9gy kilom\u00e9terrel r\u00f6videbb, de 970 m-t kell felkapaszkodnod.<\/em><\/p>\n\n\n\n<p class=\"wp-block-paragraph\">Ez val\u00f3sz\u00edn\u0171leg a teljes \u00e1tkel\u00e9s legnehezebb szakasza, mert r\u00f6gt\u00f6n k\u00e9t vesz\u00e9lyes, l\u00e1ncokkal t\u0171zdelt r\u00e9sz v\u00e1r r\u00e1d. Itt j\u00f6n el a sisak ideje, mert 60 fokos sz\u00f6gben, meredeken kell felm\u00e1szni a gerinchez, \u00e9s id\u0151nk\u00e9nt k\u00f6vek is rep\u00fclnek. Engem egy ilyen elt\u00e9vedt k\u0151 eltal\u00e1lt a t\u00e9rdem f\u00f6l\u00f6tt, \u00e9s szerencs\u00e9re abban a pillanatban er\u0151sen kapaszkodtam a l\u00e1ncba, k\u00fcl\u00f6nben sz\u00e9pen lezuhantam volna.<\/p>\n\n\n\n<p class=\"wp-block-paragraph\">A Prie\u010dne-nyereg l\u00e1ncainak lek\u00fczd\u00e9se ut\u00e1n (\u00e1ll\u00edt\u00f3lag ez a legnehezebb, amit a T\u00e1tr\u00e1ban t\u00far\u00e1zva \u00e1t\u00e9lhetsz) m\u00e1r enyh\u00e9bb ereszked\u00e9s k\u00f6vetkezik, \u00e9s nagyj\u00e1b\u00f3l m\u00e1sf\u00e9l \u00f3ra gyalogl\u00e1s a Zbojn\u00edcka chata mened\u00e9kh\u00e1zig. Az eg\u00e9sz utat gy\u00f6ny\u00f6r\u0171 kil\u00e1t\u00e1sok \u00e9s sz\u00e1mos t\u00f3 k\u00eds\u00e9ri (Siv\u00e9, Ledov\u00e9 \u00e9s Starolesnianske pleso). Vigy\u00e9l magaddal t\u00e1vcs\u00f6vet, egy kis szerencs\u00e9vel megpillanthatsz egy-egy hegym\u00e1sz\u00f3csoportot, amint az egyik k\u00f6rnyez\u0151 cs\u00facsot ostromolja.<\/p>\n\n\n\n<p class=\"wp-block-paragraph\">A Zbojn\u00edcka chat\u00e1n edd meg a p\u00e1rolt g\u0151zgomb\u00f3cot (paren\u00e9 buchty), \u00e9s d\u00f6ntsd el, merre indulsz \u2014 k\u00e9t lehet\u0151s\u00e9ged van. Ha a Prie\u010dne-nyereg nem ijesztett el, indulj a Lengyel-gerincen \u00e1t vezet\u0151 \u00faton, ahol k\u00e9t l\u00e1ncos szakasz van, hasonl\u00f3ak a Prie\u010dn\u00e9n l\u00e9v\u0151kh\u00f6z. Vagy v\u00e1laszd a hosszabb, de ann\u00e1l biztons\u00e1gosabb utat a Nagy-Tarpataki-v\u00f6lgy\u00f6n kereszt\u00fcl a Rainerova chat\u00e1ig, majd a Hrebienokon \u00e1t a nap c\u00e9lpontj\u00e1hoz, a Sliezsky domhoz.<\/p>\n\n\n\n<p class=\"wp-block-paragraph\">A Sliezsky dom egy luxus, Szlov\u00e1kia legmagasabban fekv\u0151 hegyi hotele. A vacsora \u00e9s a reggeli is sv\u00e9dasztalos form\u00e1ban van a hotel \u00e9tterm\u00e9ben, a turist\u00e1k sz\u00e1ll\u00e1sa pedig a f\u0151\u00e9p\u00fclet oldal\u00e1n tal\u00e1lhat\u00f3.<\/p>\n\n\n<div class=\"wp-block-image\">\n<figure data-wp-context=\"{&quot;imageId&quot;:&quot;6a9ad980f1a29&quot;}\" data-wp-interactive=\"core\/image\" data-wp-key=\"6a9ad980f1a29\" class=\"aligncenter is-resized wp-lightbox-container\"><img decoding=\"async\" data-wp-class--hide=\"state.isContentHidden\" data-wp-class--show=\"state.isContentVisible\" data-wp-init=\"callbacks.setButtonStyles\" data-wp-on--click=\"actions.showLightbox\" data-wp-on--load=\"callbacks.setButtonStyles\" data-wp-on--pointerdown=\"actions.preloadImage\" data-wp-on--pointerenter=\"actions.preloadImageWithDelay\" data-wp-on--pointerleave=\"actions.cancelPreload\" data-wp-on-window--resize=\"callbacks.setButtonStyles\" src=\"https:\/\/www.loudavymkrokem.cz\/wp-content\/uploads\/2023\/05\/teryho-chata-sliezsky-dom.jpg\" alt=\"A T\u00e9ryho chata \u2013 Sliezsky dom \u00fatvonal magass\u00e1gi profilja\" class=\"wp-image-55303\" style=\"width:553px;height:323px\" title=\"\"><button\n\t\t\tclass=\"lightbox-trigger\"\n\t\t\ttype=\"button\"\n\t\t\taria-haspopup=\"dialog\"\n\t\t\tdata-wp-bind--aria-label=\"state.thisImage.triggerButtonAriaLabel\"\n\t\t\tdata-wp-init=\"callbacks.initTriggerButton\"\n\t\t\tdata-wp-on--click=\"actions.showLightbox\"\n\t\t\tdata-wp-style--right=\"state.thisImage.buttonRight\"\n\t\t\tdata-wp-style--top=\"state.thisImage.buttonTop\"\n\t\t>\n\t\t\t<svg xmlns=\"http:\/\/www.w3.org\/2000\/svg\" width=\"12\" height=\"12\" fill=\"none\" viewBox=\"0 0 12 12\">\n\t\t\t\t<path fill=\"#fff\" d=\"M2 0a2 2 0 0 0-2 2v2h1.5V2a.5.5 0 0 1 .5-.5h2V0H2Zm2 10.5H2a.5.5 0 0 1-.5-.5V8H0v2a2 2 0 0 0 2 2h2v-1.5ZM8 12v-1.5h2a.5.5 0 0 0 .5-.5V8H12v2a2 2 0 0 1-2 2H8Zm2-12a2 2 0 0 1 2 2v2h-1.5V2a.5.5 0 0 0-.5-.5H8V0h2Z\" \/>\n\t\t\t<\/svg>\n\t\t<\/button><figcaption class=\"wp-element-caption\">A T\u00e9ryho chata \u2013 Sliezsky dom \u00fatvonal magass\u00e1gi profilja<\/figcaption><\/figure>\n<\/div>\n\n<div class=\"su-box su-box-style-soft\" id=\"\" style=\"border-color:#005600;border-radius:0px;max-width:none\"><div class=\"su-box-title\" style=\"background-color:#318912;color:#ffffff;border-top-left-radius:0px;border-top-right-radius:0px\">Sliezsky dom \u2013 inform\u00e1ci\u00f3k<\/div><div class=\"su-box-content su-u-clearfix su-u-trim\" style=\"border-bottom-left-radius:0px;border-bottom-right-radius:0px\">\n<ul>\n<li><strong>Sz\u00e1ll\u00e1s f\u00e9lpanzi\u00f3val:<\/strong>&nbsp;55 EUR\/f\u0151<\/li>\n<li><strong>Foglal\u00e1s: <a href=\"https:\/\/www.sliezskydom.sk\/ubytovanie\/turisticka-izba\/\" target=\"_blank\" rel=\"noopener\">Sliezsky dom<\/a><\/strong><\/li>\n<li><strong>Sz\u00e1ll\u00e1s t\u00edpusa:<\/strong>&nbsp;12 \u00e1gyas gy\u00f6ny\u00f6r\u0171 h\u00e1l\u00f3terem luxus f\u00fcrd\u0151szob\u00e1val.<\/li>\n<li><strong>Van zuhany?<\/strong>&nbsp;Igen.<\/li>\n<li><strong>Kell h\u00e1l\u00f3zs\u00e1k?<\/strong> Igen.<\/li>\n<\/ul>\n<\/div><\/div>\n\n\n<h2 class=\"wp-block-heading\"><span class=\"ez-toc-section\" id=\"Nap_4_Sliezsky_dom_%E2%80%93_Strbske_pleso\"><\/span>Nap 4: Sliezsky dom \u2013 \u0160trbsk\u00e9 pleso<span class=\"ez-toc-section-end\"><\/span><\/h2>\n\n\n\n<figure data-wp-context=\"{&quot;imageId&quot;:&quot;6a9ad980f21ec&quot;}\" data-wp-interactive=\"core\/image\" data-wp-key=\"6a9ad980f21ec\" class=\"wp-block-image wp-lightbox-container\"><img decoding=\"async\" width=\"1200\" height=\"800\" data-wp-class--hide=\"state.isContentHidden\" data-wp-class--show=\"state.isContentVisible\" data-wp-init=\"callbacks.setButtonStyles\" data-wp-on--click=\"actions.showLightbox\" data-wp-on--load=\"callbacks.setButtonStyles\" data-wp-on--pointerdown=\"actions.preloadImage\" data-wp-on--pointerenter=\"actions.preloadImageWithDelay\" data-wp-on--pointerleave=\"actions.cancelPreload\" data-wp-on-window--resize=\"callbacks.setButtonStyles\" src=\"https:\/\/www.loudavymkrokem.cz\/wp-content\/uploads\/2023\/05\/bile_pleso_vysoke_tatry.jpg\" alt=\"Luk\u00e1\u0161 a gy\u00f6ny\u00f6r\u0171 B\u00edl\u00e9 pleso t\u00f3n\u00e1l \u00fcl a Magas-T\u00e1tr\u00e1ban\" class=\"wp-image-55390\" title=\"\"><button\n\t\t\tclass=\"lightbox-trigger\"\n\t\t\ttype=\"button\"\n\t\t\taria-haspopup=\"dialog\"\n\t\t\tdata-wp-bind--aria-label=\"state.thisImage.triggerButtonAriaLabel\"\n\t\t\tdata-wp-init=\"callbacks.initTriggerButton\"\n\t\t\tdata-wp-on--click=\"actions.showLightbox\"\n\t\t\tdata-wp-style--right=\"state.thisImage.buttonRight\"\n\t\t\tdata-wp-style--top=\"state.thisImage.buttonTop\"\n\t\t>\n\t\t\t<svg xmlns=\"http:\/\/www.w3.org\/2000\/svg\" width=\"12\" height=\"12\" fill=\"none\" viewBox=\"0 0 12 12\">\n\t\t\t\t<path fill=\"#fff\" d=\"M2 0a2 2 0 0 0-2 2v2h1.5V2a.5.5 0 0 1 .5-.5h2V0H2Zm2 10.5H2a.5.5 0 0 1-.5-.5V8H0v2a2 2 0 0 0 2 2h2v-1.5ZM8 12v-1.5h2a.5.5 0 0 0 .5-.5V8H12v2a2 2 0 0 1-2 2H8Zm2-12a2 2 0 0 1 2 2v2h-1.5V2a.5.5 0 0 0-.5-.5H8V0h2Z\" \/>\n\t\t\t<\/svg>\n\t\t<\/button><figcaption class=\"wp-element-caption\">A Batizovsk\u00e9 pleso k\u00f6r\u00fcl az utols\u00f3 er\u0151nkb\u0151l ment\u00fcnk, a Sliezsky domban rosszul aludtunk<\/figcaption><\/figure>\n\n\n\n<ul class=\"wp-block-list\">\n<li><strong>Szakasz hossza:<\/strong> 14 km<\/li>\n\n\n\n<li><strong>Szakasz ideje:<\/strong> 8:28 \u00f3ra, eb\u00e9ddel egy\u00fctt<\/li>\n\n\n\n<li><strong>Teljes szintemelked\u00e9s:<\/strong> 483 m<\/li>\n<\/ul>\n\n\n\n<p class=\"wp-block-paragraph\">A Sliezsky domt\u00f3l a \u0160trbsk\u00e9 ples\u00f3hoz tart\u00f3 eg\u00e9sz napos \u00e1tkel\u00e9st a legjobb kora reggel elkezdeni. Az \u00fat nagy r\u00e9sz\u00e9n k\u00f6zvetlen naps\u00fct\u00e9snek vagy kit\u00e9ve, \u00e1rny\u00e9kba h\u00faz\u00f3d\u00e1s lehet\u0151s\u00e9ge n\u00e9lk\u00fcl. A Sliezsky domt\u00f3l az Ostrva cs\u00facs\u00e1ig tart\u00f3 7,5 km-t a Magas-T\u00e1tra ment\u00e9n tessz\u00fck meg, kil\u00e1t\u00e1ssal az alf\u00f6ldre, Popr\u00e1dra \u00e9s a Szlov\u00e1k Paradicsomra.<\/p>\n\n\n\n<p class=\"wp-block-paragraph\">A Batizovsk\u00e9 pleso, amelyre \u00fatk\u00f6zben r\u00e1bukkansz, kiv\u00e1l\u00f3 alkalom egy uzsonn\u00e1ra \u00e9s pihen\u0151re. Az Ostrva cs\u00facs\u00e1nak el\u00e9r\u00e9se ut\u00e1n m\u00e9lyen a v\u00f6lgyben megpillantod a Popradsk\u00e9 ples\u00f3t, amelyhez 500 szintm\u00e9tert ereszkedsz le r\u00f6vid 2,7 kilom\u00e9teren kereszt\u00fcl. \u00c9s hidd el, lefel\u00e9 nehezebb menni, mint felfel\u00e9! A j\u00f3 h\u00edr, hogy az Ostrva ut\u00e1n m\u00e1r csak m\u00e1sf\u00e9l \u00f3ra k\u00e9nyelmes \u00fat v\u00e1r a \u0160trbsk\u00e9 ples\u00f3ig. Sz\u00e1ll\u00e1snak a <a class=\"thirstylink\" rel=\"nofollow\" target=\"_blank\" title=\"SHB \u0160trbsk\u00e9 Pleso\" href=\"https:\/\/loudavymkrokem.cz\/doporucujeme\/shb-strbske-pleso\/\" data-shortcode=\"true\"><strong>SHB \u0160trbsk\u00e9 Pleso<\/strong><\/a> turistasz\u00e1ll\u00f3t aj\u00e1nljuk.<\/p>\n\n\n<div class=\"wp-block-image\">\n<figure data-wp-context=\"{&quot;imageId&quot;:&quot;6a9ad980f35a1&quot;}\" data-wp-interactive=\"core\/image\" data-wp-key=\"6a9ad980f35a1\" class=\"aligncenter is-resized wp-lightbox-container\"><img decoding=\"async\" data-wp-class--hide=\"state.isContentHidden\" data-wp-class--show=\"state.isContentVisible\" data-wp-init=\"callbacks.setButtonStyles\" data-wp-on--click=\"actions.showLightbox\" data-wp-on--load=\"callbacks.setButtonStyles\" data-wp-on--pointerdown=\"actions.preloadImage\" data-wp-on--pointerenter=\"actions.preloadImageWithDelay\" data-wp-on--pointerleave=\"actions.cancelPreload\" data-wp-on-window--resize=\"callbacks.setButtonStyles\" src=\"https:\/\/www.loudavymkrokem.cz\/wp-content\/uploads\/2023\/05\/sliezsky-dom-strbske-pleso.jpg\" alt=\"A Sliezsky dom \u2013 \u0160trbsk\u00e9 pleso \u00fatvonal magass\u00e1gi profilja\" class=\"wp-image-55304\" style=\"width:548px;height:365px\" title=\"\"><button\n\t\t\tclass=\"lightbox-trigger\"\n\t\t\ttype=\"button\"\n\t\t\taria-haspopup=\"dialog\"\n\t\t\tdata-wp-bind--aria-label=\"state.thisImage.triggerButtonAriaLabel\"\n\t\t\tdata-wp-init=\"callbacks.initTriggerButton\"\n\t\t\tdata-wp-on--click=\"actions.showLightbox\"\n\t\t\tdata-wp-style--right=\"state.thisImage.buttonRight\"\n\t\t\tdata-wp-style--top=\"state.thisImage.buttonTop\"\n\t\t>\n\t\t\t<svg xmlns=\"http:\/\/www.w3.org\/2000\/svg\" width=\"12\" height=\"12\" fill=\"none\" viewBox=\"0 0 12 12\">\n\t\t\t\t<path fill=\"#fff\" d=\"M2 0a2 2 0 0 0-2 2v2h1.5V2a.5.5 0 0 1 .5-.5h2V0H2Zm2 10.5H2a.5.5 0 0 1-.5-.5V8H0v2a2 2 0 0 0 2 2h2v-1.5ZM8 12v-1.5h2a.5.5 0 0 0 .5-.5V8H12v2a2 2 0 0 1-2 2H8Zm2-12a2 2 0 0 1 2 2v2h-1.5V2a.5.5 0 0 0-.5-.5H8V0h2Z\" \/>\n\t\t\t<\/svg>\n\t\t<\/button><figcaption class=\"wp-element-caption\">A Sliezsky dom \u2013 \u0160trbsk\u00e9 pleso \u00fatvonal magass\u00e1gi profilja<\/figcaption><\/figure>\n<\/div>\n\n<div class=\"su-box su-box-style-soft\" id=\"\" style=\"border-color:#005600;border-radius:0px;max-width:none\"><div class=\"su-box-title\" style=\"background-color:#318912;color:#ffffff;border-top-left-radius:0px;border-top-right-radius:0px\">SHB \u0160trbsk\u00e9 Pleso \u2013 inform\u00e1ci\u00f3k<\/div><div class=\"su-box-content su-u-clearfix su-u-trim\" style=\"border-bottom-left-radius:0px;border-bottom-right-radius:0px\">\n<ul>\n<li><strong>Sz\u00e1ll\u00e1s \u00e9tkez\u00e9s n\u00e9lk\u00fcl:<\/strong>&nbsp;21 EUR\/f\u0151<\/li>\n<li><strong>Foglal\u00e1s: <a class=\"undefined\" title=\"SHB \u0160trbsk\u00e9 Pleso\" href=\"https:\/\/loudavymkrokem.cz\/doporucujeme\/shb-strbske-pleso\/\" target=\"_blank\" rel=\"noopener noreferrer\">SHB \u0160trbsk\u00e9 Pleso<\/a><\/strong><\/li>\n<li><strong>Sz\u00e1ll\u00e1s t\u00edpusa:<\/strong>&nbsp;Sz\u00e1ll\u00f3 k\u00e9t- \u00e9s t\u00f6bb\u00e1gyas szob\u00e1kkal.<\/li>\n<li><strong>Van zuhany?<\/strong>&nbsp;Igen.<\/li>\n<li><strong>Kell h\u00e1l\u00f3zs\u00e1k?<\/strong> Nem.<\/li>\n<\/ul>\n<\/div><\/div>\n\n\n<h2 class=\"wp-block-heading\"><span class=\"ez-toc-section\" id=\"Nap_5_Strbske_pleso_%E2%80%93_Chata_Oresnica_Rackova-volgy\"><\/span>Nap 5: \u0160trbsk\u00e9 pleso \u2013 Chata Ore\u0161nica (Ra\u010dkova-v\u00f6lgy)<span class=\"ez-toc-section-end\"><\/span><\/h2>\n\n\n\n<figure data-wp-context=\"{&quot;imageId&quot;:&quot;6a9ad980f3c51&quot;}\" data-wp-interactive=\"core\/image\" data-wp-key=\"6a9ad980f3c51\" class=\"wp-block-image wp-lightbox-container\"><img decoding=\"async\" width=\"1200\" height=\"800\" data-wp-class--hide=\"state.isContentHidden\" data-wp-class--show=\"state.isContentVisible\" data-wp-init=\"callbacks.setButtonStyles\" data-wp-on--click=\"actions.showLightbox\" data-wp-on--load=\"callbacks.setButtonStyles\" data-wp-on--pointerdown=\"actions.preloadImage\" data-wp-on--pointerenter=\"actions.preloadImageWithDelay\" data-wp-on--pointerleave=\"actions.cancelPreload\" data-wp-on-window--resize=\"callbacks.setButtonStyles\" src=\"https:\/\/www.loudavymkrokem.cz\/wp-content\/uploads\/2023\/05\/strbske_pleso_kayakovani.jpg\" alt=\"Luk\u00e1\u0161 cs\u00f3nak\u00e1zik a \u0160trbsk\u00e9 ples\u00f3n. A h\u00e1tt\u00e9rben a Magas-T\u00e1tra\" class=\"wp-image-55391\" title=\"\"><button\n\t\t\tclass=\"lightbox-trigger\"\n\t\t\ttype=\"button\"\n\t\t\taria-haspopup=\"dialog\"\n\t\t\tdata-wp-bind--aria-label=\"state.thisImage.triggerButtonAriaLabel\"\n\t\t\tdata-wp-init=\"callbacks.initTriggerButton\"\n\t\t\tdata-wp-on--click=\"actions.showLightbox\"\n\t\t\tdata-wp-style--right=\"state.thisImage.buttonRight\"\n\t\t\tdata-wp-style--top=\"state.thisImage.buttonTop\"\n\t\t>\n\t\t\t<svg xmlns=\"http:\/\/www.w3.org\/2000\/svg\" width=\"12\" height=\"12\" fill=\"none\" viewBox=\"0 0 12 12\">\n\t\t\t\t<path fill=\"#fff\" d=\"M2 0a2 2 0 0 0-2 2v2h1.5V2a.5.5 0 0 1 .5-.5h2V0H2Zm2 10.5H2a.5.5 0 0 1-.5-.5V8H0v2a2 2 0 0 0 2 2h2v-1.5ZM8 12v-1.5h2a.5.5 0 0 0 .5-.5V8H12v2a2 2 0 0 1-2 2H8Zm2-12a2 2 0 0 1 2 2v2h-1.5V2a.5.5 0 0 0-.5-.5H8V0h2Z\" \/>\n\t\t\t<\/svg>\n\t\t<\/button><figcaption class=\"wp-element-caption\">A \u0160trbsk\u00e9 ples\u00f3n cs\u00f3nakot is k\u00f6lcs\u00f6n\u00f6zhetsz<\/figcaption><\/figure>\n\n\n\n<ul class=\"wp-block-list\">\n<li><strong>Szakasz hossza:<\/strong> 3,8 km<\/li>\n\n\n\n<li><strong>Szakasz ideje:<\/strong> 48 perc, buszoz\u00e1s n\u00e9lk\u00fcl<\/li>\n\n\n\n<li><strong>Teljes szintemelked\u00e9s:<\/strong> 118 m<\/li>\n<\/ul>\n\n\n\n<p class=\"wp-block-paragraph\">A k\u00f6vetkez\u0151 nap egy t\u00f6bb mint h\u00fasz kilom\u00e9teres t\u00fara jegy\u00e9ben telik a Magas-T\u00e1tr\u00e1b\u00f3l a Ra\u010dkova-v\u00f6lgybe. Ha el akarod ker\u00fclni ezt a kiss\u00e9 unalmas szakaszt, csin\u00e1ld \u00fagy, mint mi. Hagytuk a h\u00e1tizs\u00e1kjainkat a \u0161trbsk\u00e9 ples\u00f3i sz\u00e1ll\u00e1son, \u00e9s pihenni indultunk. K\u00f6lcs\u00f6n\u00f6zt\u00fcnk egy cs\u00f3nakot a tavon, kipr\u00f3b\u00e1ltuk mindh\u00e1rom helyi k\u00e1v\u00e9z\u00f3t, k\u00f6zt\u00fck a Zuba\u010dka \u00e9ttermet \u00e9s a palacsint\u00e1z\u00f3t.<\/p>\n\n\n\n<p class=\"wp-block-paragraph\">17:30-kor felsz\u00e1lltunk a buszra (a f\u0151 parkol\u00f3b\u00f3l), \u00e9s 18:00-kor lesz\u00e1lltunk a Pribylina, Ra\u010dkova dolina meg\u00e1ll\u00f3n\u00e1l. Onnan a k\u00f6vetkez\u0151 sz\u00e1ll\u00e1sunkig m\u00e1r csak alig 4 kilom\u00e9ter volt egy forgalommentes aszfalt\u00faton, egy nem eg\u00e9szen egy\u00f3r\u00e1s t\u00fara. Meg\u00e9rkezt\u00fcnk a b\u00e1jos Chata Ore\u0161nica panzi\u00f3hoz, ahol vacsora ut\u00e1n nyitva van a b\u00e1r, a telken pedig egy kis tavacska \u00e9s lovak vannak.<\/p>\n\n\n<div class=\"su-box su-box-style-soft\" id=\"\" style=\"border-color:#005600;border-radius:0px;max-width:none\"><div class=\"su-box-title\" style=\"background-color:#318912;color:#ffffff;border-top-left-radius:0px;border-top-right-radius:0px\">Chata Ore\u0161nica \u2013 inform\u00e1ci\u00f3k<\/div><div class=\"su-box-content su-u-clearfix su-u-trim\" style=\"border-bottom-left-radius:0px;border-bottom-right-radius:0px\">\n<ul>\n<li><strong>Sz\u00e1ll\u00e1s f\u00e9lpanzi\u00f3val:<\/strong>&nbsp;50 EUR\/szoba + 13 EUR f\u00e9lpanzi\u00f3\/f\u0151<\/li>\n<li><strong>Foglal\u00e1s: <a href=\"https:\/\/chataoresnica.sk\/\" target=\"_blank\" rel=\"noopener\">Chata Ore\u0161nica<\/a><\/strong><\/li>\n<li><strong>Sz\u00e1ll\u00e1s t\u00edpusa:<\/strong>&nbsp;Hagyom\u00e1nyos hotelszob\u00e1k.<\/li>\n<li><strong>Van zuhany?<\/strong>&nbsp;Igen.<\/li>\n<li><strong>Kell h\u00e1l\u00f3zs\u00e1k?<\/strong> Nem.<\/li>\n<\/ul>\n<\/div><\/div>\n\n\n<h2 class=\"wp-block-heading\"><span class=\"ez-toc-section\" id=\"Nap_6_Rackova-volgy_%E2%80%93_Ziarska_chata\"><\/span>Nap 6: Ra\u010dkova-v\u00f6lgy \u2013 \u017diarska chata<span class=\"ez-toc-section-end\"><\/span><\/h2>\n\n\n\n<figure data-wp-context=\"{&quot;imageId&quot;:&quot;6a9ad981000f6&quot;}\" data-wp-interactive=\"core\/image\" data-wp-key=\"6a9ad981000f6\" class=\"wp-block-image wp-lightbox-container\"><img decoding=\"async\" width=\"1200\" height=\"800\" data-wp-class--hide=\"state.isContentHidden\" data-wp-class--show=\"state.isContentVisible\" data-wp-init=\"callbacks.setButtonStyles\" data-wp-on--click=\"actions.showLightbox\" data-wp-on--load=\"callbacks.setButtonStyles\" data-wp-on--pointerdown=\"actions.preloadImage\" data-wp-on--pointerenter=\"actions.preloadImageWithDelay\" data-wp-on--pointerleave=\"actions.cancelPreload\" data-wp-on-window--resize=\"callbacks.setButtonStyles\" src=\"https:\/\/www.loudavymkrokem.cz\/wp-content\/uploads\/2023\/05\/rackova_dolina.jpg\" alt=\"Ra\u010dkova dolina t\u00e1bla a Nyugati-T\u00e1tr\u00e1ban\" class=\"wp-image-55392\" title=\"\"><button\n\t\t\tclass=\"lightbox-trigger\"\n\t\t\ttype=\"button\"\n\t\t\taria-haspopup=\"dialog\"\n\t\t\tdata-wp-bind--aria-label=\"state.thisImage.triggerButtonAriaLabel\"\n\t\t\tdata-wp-init=\"callbacks.initTriggerButton\"\n\t\t\tdata-wp-on--click=\"actions.showLightbox\"\n\t\t\tdata-wp-style--right=\"state.thisImage.buttonRight\"\n\t\t\tdata-wp-style--top=\"state.thisImage.buttonTop\"\n\t\t>\n\t\t\t<svg xmlns=\"http:\/\/www.w3.org\/2000\/svg\" width=\"12\" height=\"12\" fill=\"none\" viewBox=\"0 0 12 12\">\n\t\t\t\t<path fill=\"#fff\" d=\"M2 0a2 2 0 0 0-2 2v2h1.5V2a.5.5 0 0 1 .5-.5h2V0H2Zm2 10.5H2a.5.5 0 0 1-.5-.5V8H0v2a2 2 0 0 0 2 2h2v-1.5ZM8 12v-1.5h2a.5.5 0 0 0 .5-.5V8H12v2a2 2 0 0 1-2 2H8Zm2-12a2 2 0 0 1 2 2v2h-1.5V2a.5.5 0 0 0-.5-.5H8V0h2Z\" \/>\n\t\t\t<\/svg>\n\t\t<\/button><figcaption class=\"wp-element-caption\">A Ra\u010dkova-v\u00f6lgy \u00e9s a Nyugati-T\u00e1tra bej\u00e1rata<\/figcaption><\/figure>\n\n\n\n<ul class=\"wp-block-list\">\n<li><strong>Szakasz hossza:<\/strong> 12,4 km<\/li>\n\n\n\n<li><strong>Szakasz ideje:<\/strong> 4:09 \u00f3ra<\/li>\n\n\n\n<li><strong>Teljes szintemelked\u00e9s:<\/strong> 587 m<\/li>\n<\/ul>\n\n\n\n<p class=\"wp-block-paragraph\">A Ra\u010dkova-v\u00f6lgyb\u0151l a \u017diarska chat\u00e1ig az \u00e1tkel\u00e9s valamivel t\u00f6bb mint n\u00e9gy \u00f3r\u00e1t vesz ig\u00e9nybe, mert az \u00fat t\u00f6bb mint fele szinte teljesen s\u00edk. Eg\u00e9szen a \u017eiarai v\u00f6lgyben l\u00e9v\u0151 el\u00e1gaz\u00e1sig, ahol egy nagy parkol\u00f3 van, az \u00fat gyerekes csal\u00e1dok sz\u00e1m\u00e1ra is alkalmasnak van jel\u00f6lve.<\/p>\n\n\n\n<p class=\"wp-block-paragraph\">\u00datk\u00f6zben csak a Baranec mened\u00e9kh\u00e1zn\u00e1l tudsz meg\u00e1llni, ami azonban a l\u00e1togat\u00e1sunk idej\u00e9n nem volt nyitva a nagyk\u00f6z\u00f6ns\u00e9g sz\u00e1m\u00e1ra, csak az ott megsz\u00e1ll\u00f3 vend\u00e9geknek. Ez egyben az egyetlen szakasz, amelynek az online t\u00e9rk\u00e9peken (<a href=\"http:\/\/mapy.cz\/\" target=\"_blank\" rel=\"noopener\">Mapy.cz<\/a>) val\u00f3 \u00e1br\u00e1zol\u00e1sa elt\u00e9r a val\u00f3s\u00e1gt\u00f3l: nagyj\u00e1b\u00f3l h\u00e1rom kilom\u00e9ter ut\u00e1n az \u00fat elej\u00e9t\u0151l kezdve a piros jelz\u00e9sen enyh\u00e9n jobbra kell folytatni az erd\u0151be, b\u00e1r a f\u0151\u00fat, amelyen a bring\u00e1sok mennek, m\u00e1shol vezet.<\/p>\n\n\n\n<p class=\"wp-block-paragraph\">A \u017eiarai v\u00f6lgyt\u0151l folyamatos, helyenk\u00e9nt meredekebb emelked\u0151 v\u00e1r a \u017diarska chat\u00e1ig. Indulhatsz az \u00faj aszfalt\u00faton, amelyen viszont a \u017diarska chat\u00e1t\u00f3l rollerez\u0151k j\u00f6nnek lefel\u00e9, vagy mehetsz a k\u00e9k jelz\u00e9s\u0171 \u00f6sv\u00e9nyen az erd\u0151n kereszt\u00fcl. Mindk\u00e9t \u00fat egyforma hossz\u00fa, \u00e9s az utols\u00f3 k\u00e9t kilom\u00e9teren egyetlen aszfalt\u00fatba futnak \u00f6ssze.<\/p>\n\n\n\n<p class=\"wp-block-paragraph\">A \u017diarska chat\u00e1n sz\u00e1m\u00edts egy morcos \u00farra a p\u00e9nzt\u00e1rn\u00e1l. Ha a turistasz\u00e1ll\u00e1son sz\u00e1llsz meg (padl\u00e1s \u201ef\u00fclk\u00e9kkel&#8221;), ne felejts el zsetont k\u00e9rni a zuhanyhoz. Benne van az \u00e1rban, m\u00e9g ha nem is sz\u00f3l r\u00f3la senki. Ut\u00f3lag nem lehet venni, mert \u201e3 percnek el\u00e9gnek kell lennie a zuhanyz\u00e1shoz&#8221;. Ha \u00fatk\u00f6zben \u2014 hozz\u00e1nk hasonl\u00f3an \u2014 b\u0151rig \u00e1zn\u00e1l, a mened\u00e9kh\u00e1znak van sz\u00e1r\u00edt\u00f3ja, amit a szem\u00e9lyzet ingyen kinyit neked.<\/p>\n\n\n\n<p class=\"wp-block-paragraph\">Ezen a szakaszon els\u0151sorban a szemk\u00f6zti Alacsony-T\u00e1tr\u00e1ra ny\u00edl\u00f3 kil\u00e1t\u00e1sra sz\u00e1m\u00edts.<\/p>\n\n\n<div class=\"su-box su-box-style-soft\" id=\"\" style=\"border-color:#005600;border-radius:0px;max-width:none\"><div class=\"su-box-title\" style=\"background-color:#318912;color:#ffffff;border-top-left-radius:0px;border-top-right-radius:0px\">\u017diarska chata \u2013 inform\u00e1ci\u00f3k<\/div><div class=\"su-box-content su-u-clearfix su-u-trim\" style=\"border-bottom-left-radius:0px;border-bottom-right-radius:0px\">\n<ul>\n<li><strong>Sz\u00e1ll\u00e1s f\u00e9lpanzi\u00f3val:<\/strong>&nbsp;9,5 EUR\/f\u0151 + 5 EUR\/f\u0151 reggeli + vacsora kb. 6 EUR\/f\u0151<\/li>\n<li><strong>Foglal\u00e1s: <a href=\"http:\/\/www.ziarskachata.com\" target=\"_blank\" rel=\"noopener\">\u017diarska chata<\/a><\/strong><\/li>\n<li><strong>Sz\u00e1ll\u00e1s t\u00edpusa:<\/strong>&nbsp;\u201eBoxok&#8221; a padl\u00e1son.<\/li>\n<li><strong>Van zuhany?<\/strong>&nbsp;Igen.<\/li>\n<li><strong>Kell h\u00e1l\u00f3zs\u00e1k? IGEN!<\/strong><\/li>\n<\/ul>\n<\/div><\/div>\n\n\n<div id=\"lk-stays\" class=\"lk-stays-module\">\n<style>\n\/* \u2500\u2500\u2500 RESET PRO GUTENBERG \u2500\u2500\u2500 *\/\n.lk-stays-module * { box-sizing: border-box; margin: 0; padding: 0; }\n\n\/* \u2500\u2500\u2500 WRAPPER \u2500\u2500\u2500 *\/\n.lk-stays-module {\n  font-family: 'DM Sans', Georgia, sans-serif;\n  max-width: 100%;\n  margin: 2.5rem auto;\n  background: linear-gradient(135deg, #fdfaf5 0%, #fcf8f0 100%);\n  border: 1px solid #e8dfd4;\n  border-radius: 16px;\n  overflow: hidden;\n  box-shadow: 0 16px 48px rgba(195, 159, 118, 0.25), 0 4px 12px rgba(0,0,0,0.08);\n}\n\n\/* \u2500\u2500\u2500 HEADER \u2500\u2500\u2500 *\/\n.lk-stays-header {\n  position: relative;\n  padding: 24px 36px 24px;\n  background: linear-gradient(135deg, #c39f76 0%, #d4b188 60%, #c39f76 100%);\n  border-bottom: 1px solid rgba(255,255,255,.15);\n  display: flex;\n  align-items: center;\n  gap: 18px;\n}\n.lk-stays-header::before {\n  content: '';\n  position: absolute;\n  inset: 0;\n  background: url(\"data:image\/svg+xml,%3Csvg width='60' height='60' viewBox='0 0 60 60' xmlns='http:\/\/www.w3.org\/2000\/svg'%3E%3Cg fill='none' fill-rule='evenodd'%3E%3Cg fill='%23ffffff' fill-opacity='0.05'%3E%3Cpath d='M36 34v-4h-2v4h-4v2h4v4h2v-4h4v-2h-4zm0-30V0h-2v4h-4v2h4v4h2V6h4V4h-4zM6 34v-4H4v4H0v2h4v4h2v-4h4v-2H6zM6 4V0H4v4H0v2h4v4h2V6h4V4H6z'\/%3E%3C\/g%3E%3C\/g%3E%3C\/svg%3E\") repeat;\n  pointer-events: none;\n}\n.lk-stays-icon {\n  flex-shrink: 0;\n  width: 68px;\n  height: 68px;\n  border-radius: 14px;\n  background: linear-gradient(135deg, #fff 0%, #f9f6f0 100%);\n  display: flex;\n  align-items: center;\n  justify-content: center;\n  font-size: 26px;\n  box-shadow: 0 4px 12px rgba(0,0,0,0.15);\n}\n.lk-stays-eyebrow {\n  font-size: 10px;\n  font-weight: 500;\n  letter-spacing: 2.5px;\n  text-transform: uppercase;\n  color: rgba(255,255,255,.85);\n  margin: 0 0 5px 0;\n}\n.lk-stays-title {\n  font-family: 'Playfair Display', Georgia, serif;\n  font-size: 24px;\n  font-weight: 700;\n  color: #fff;\n  line-height: 1.2;\n  text-shadow: 0 1px 2px rgba(0,0,0,0.1);\n  margin: 0;\n}\n.lk-stays-subtitle {\n  font-size: 13px;\n  color: rgba(255,255,255,.75);\n  margin: 4px 0 0 0;\n  font-weight: 300;\n}\n\n\/* \u2500\u2500\u2500 CARDS GRID \u2500\u2500\u2500 *\/\n.lk-stays-grid {\n  display: grid;\n  grid-template-columns: 1fr 1fr;\n  gap: 1px;\n  background: rgba(195, 159, 118, 0.12);\n}\n\n\/* \u2500\u2500\u2500 SINGLE CARD \u2500\u2500\u2500 *\/\n.lk-stay-card {\n  background: #ffffff;\n  padding: 26px;\n  display: flex;\n  flex-direction: column;\n  gap: 11px;\n  transition: all 0.3s ease;\n  text-decoration: none;\n  color: inherit;\n  position: relative;\n}\n.lk-stay-card:hover {\n  background: #fffbf5;\n  transform: translateY(-2px);\n  box-shadow: 0 8px 24px rgba(195, 159, 118, 0.18);\n  z-index: 1;\n}\n.lk-stay-card.featured {\n  background: linear-gradient(135deg, #fffdf9 0%, #fff9f0 100%);\n  box-shadow: 0 4px 16px rgba(195, 159, 118, 0.15), inset 0 1px 0 rgba(195, 159, 118, 0.1);\n}\n.lk-stay-card.featured:hover {\n  background: linear-gradient(135deg, #fffbf5 0%, #fff8ed 100%);\n  box-shadow: 0 8px 24px rgba(195, 159, 118, 0.25), inset 0 1px 0 rgba(195, 159, 118, 0.15);\n}\n\n.lk-stay-badge {\n  display: inline-flex;\n  align-items: center;\n  gap: 5px;\n  font-size: 10px;\n  font-weight: 500;\n  letter-spacing: 1.5px;\n  text-transform: uppercase;\n  padding: 5px 11px;\n  border-radius: 20px;\n  width: fit-content;\n}\n.badge-top     { background: linear-gradient(135deg, #c39f76 0%, #d4b188 100%); color: #fff; border: 1px solid #c39f76; font-weight: 600; box-shadow: 0 2px 8px rgba(195,159,118,0.3); }\n.badge-luxury  { background: rgba(195,159,118,.12); color: #c39f76; border: 1px solid rgba(195,159,118,.25); }\n.badge-boutique{ background: rgba(54,133,252,.08); color: #3685fc; border: 1px solid rgba(54,133,252,.2); }\n.badge-nature  { background: rgba(130,190,100,.1); color: #6b9c4a; border: 1px solid rgba(130,190,100,.2); }\n.badge-remote  { background: rgba(195,159,118,.12); color: #a67e50; border: 1px solid rgba(195,159,118,.25); }\n\n.lk-stay-name {\n  font-family: 'Playfair Display', Georgia, serif;\n  font-size: 18px;\n  font-weight: 700;\n  color: #111827;\n  line-height: 1.3;\n}\n.lk-stay-desc {\n  font-size: 13.5px;\n  color: #525252;\n  line-height: 1.65;\n  font-weight: 300;\n  flex: 1;\n}\n\n.lk-stay-meta {\n  display: flex;\n  align-items: center;\n  gap: 12px;\n  flex-wrap: wrap;\n  margin-top: 4px;\n}\n.lk-stay-price {\n  font-size: 13px;\n  color: #6b7280;\n}\n.lk-stay-price strong {\n  color: #c39f76;\n  font-weight: 500;\n}\n.lk-stay-stars {\n  color: #c39f76;\n  font-size: 11px;\n  letter-spacing: 1px;\n}\n\n\/* \u2500\u2500\u2500 CTA BUTTON \u2500\u2500\u2500 *\/\n.lk-stay-cta {\n  display: inline-flex;\n  align-items: center;\n  justify-content: center;\n  gap: 7px;\n  margin-top: 8px;\n  padding: 11px 20px;\n  border-radius: 8px;\n  background: linear-gradient(135deg, #3685fc 0%, #2a6fd9 100%);\n  color: #fff;\n  font-size: 13px;\n  font-weight: 500;\n  text-decoration: none;\n  letter-spacing: .3px;\n  transition: all .2s ease;\n  cursor: pointer;\n  border: none;\n  text-align: center;\n  box-shadow: 0 4px 12px rgba(54, 133, 252, 0.25);\n}\n.lk-stay-cta:hover {\n  background: linear-gradient(135deg, #2a6fd9 0%, #1e5bc4 100%);\n  transform: translateY(-1px);\n  box-shadow: 0 6px 16px rgba(54, 133, 252, 0.35);\n}\n.lk-stay-cta svg { flex-shrink: 0; }\n\n\/* \u2500\u2500\u2500 FOOTER \u2500\u2500\u2500 *\/\n.lk-stays-footer {\n  padding: 18px 36px;\n  background: linear-gradient(to bottom, #fdfaf5 0%, #f9f4ed 100%);\n  border-top: 1px solid rgba(195, 159, 118, 0.15);\n  display: flex;\n  align-items: center;\n  justify-content: space-between;\n  flex-wrap: wrap;\n  gap: 12px;\n}\n.lk-stays-footer-note {\n  font-size: 11.5px;\n  color: #6b7280;\n  font-weight: 300;\n  line-height: 1.5;\n}\n.lk-stays-footer-note a {\n  color: #c39f76;\n  text-decoration: none;\n  font-weight: 400;\n}\n.lk-stays-footer-note a:hover {\n  text-decoration: underline;\n}\n.lk-stays-all-btn {\n  display: inline-flex;\n  align-items: center;\n  gap: 6px;\n  font-size: 12.5px;\n  font-weight: 500;\n  color: #c39f76;\n  text-decoration: none;\n  border: 1px solid rgba(195, 159, 118, 0.35);\n  padding: 8px 18px;\n  border-radius: 8px;\n  transition: all .2s ease;\n}\n.lk-stays-all-btn:hover {\n  background: rgba(195, 159, 118, 0.08);\n  border-color: rgba(195, 159, 118, 0.5);\n}\n\n\/* \u2500\u2500\u2500 RESPONSIVE \u2500\u2500\u2500 *\/\n@media (max-width: 600px) {\n  .lk-stays-grid { grid-template-columns: 1fr; }\n  .lk-stays-header { padding: 24px 20px; }\n  .lk-stays-footer { padding: 16px 20px; }\n  .lk-stay-card { padding: 22px; }\n  .lk-stays-title { font-size: 20px; }\n}\n<\/style>\n\n  <!-- HEADER -->\n  <div class=\"lk-stays-header\">\n    <img decoding=\"async\" src=\"https:\/\/loudavymkrokem.cz\/wp-content\/uploads\/2026\/02\/lukas-a-lucka.jpg\" alt=\"\" style=\"width: 75px; height: 75px; border-radius: 8px; flex-shrink: 0; object-fit: cover; display: block; margin: 4px 0;\" title=\"\">\n    <div class=\"lk-stays-header-text\">\n      <div class=\"lk-stays-eyebrow\">Luk\u00e1\u0161 \u00e9s Lucie aj\u00e1nlja<\/div>\n      <div class=\"lk-stays-title\">Hol sz\u00e1llj meg a T\u00e1tr\u00e1ban<\/div>\n      <div class=\"lk-stays-subtitle\">6 sz\u00e1ll\u00e1s \u2014 kulcsosh\u00e1zak, wellnesshotelek \u00e9s egy\u00e9b lehet\u0151s\u00e9gek<\/div>\n    <\/div>\n  <\/div>\n\n  <!-- CARDS -->\n  <div class=\"lk-stays-grid\">\n\n    <a class=\"lk-stay-card featured\" href=\"https:\/\/loudavymkrokem.cz\/doporucujeme\/penzion-zdiar\/\" target=\"_blank\" rel=\"nofollow noopener\">\n      <span class=\"lk-stay-badge badge-top\">\u2b50 TOP V\u00c1LASZT\u00c1S<\/span>\n      <span class=\"lk-stay-badge badge-nature\">\ud83c\udfe1 Panzi\u00f3<\/span>\n      <div class=\"lk-stay-name\">Penzion \u017ddiar<\/div>\n      <div class=\"lk-stay-desc\">Panzi\u00f3 a keleti T\u00e1tr\u00e1ban, \u017ddiar falucsk\u00e1ban, ahol a t\u00e1trai \u00e1tkel\u00e9s kezd\u0151dik. Sz\u00e1ll\u00e1s kiv\u00e1l\u00f3 halu\u0161k\u00e1val \u00e9s remek \u00e1r-\u00e9rt\u00e9k ar\u00e1nnyal.<\/div>\n      <div class=\"lk-stay-meta\">\n        <span class=\"lk-stay-stars\">\u2605\u2605\u2605\u2605<\/span>\n        <span class=\"lk-stay-price\">44 EUR\/f\u0151<\/span>\n      <\/div>\n      <span class=\"lk-stay-cta\">\n        <svg width=\"14\" height=\"14\" viewBox=\"0 0 24 24\" fill=\"none\" stroke=\"currentColor\" stroke-width=\"2\"><path d=\"M18 13v6a2 2 0 0 1-2 2H5a2 2 0 0 1-2-2V8a2 2 0 0 1 2-2h6\"\/><polyline points=\"15 3 21 3 21 9\"\/><line x1=\"10\" y1=\"14\" x2=\"21\" y2=\"3\"\/><\/svg>\n        El\u00e9rhet\u0151s\u00e9g ellen\u0151rz\u00e9se\n      <\/span>\n    <\/a>\n\n    <a class=\"lk-stay-card\" href=\"https:\/\/chataprizelenomplese.sk\/cennik-ubytovania-s-online-kalkulackou\/\" target=\"_blank\" rel=\"nofollow noopener\">\n      <span class=\"lk-stay-badge badge-nature\">\ud83c\udfd4\ufe0f Mened\u00e9kh\u00e1z<\/span>\n      <div class=\"lk-stay-name\">Chata pri Zelenom plese<\/div>\n      <div class=\"lk-stay-desc\">A kedvenc mened\u00e9kh\u00e1zunk a T\u00e1tr\u00e1ban, k\u00e9t\u00e1gyas szob\u00e1kt\u00f3l a pajtai k\u00f6z\u00f6s sz\u00e1ll\u00e1sig. A mened\u00e9kh\u00e1zban van zuhany \u00e9s f\u00e9lpanzi\u00f3.<\/div>\n      <div class=\"lk-stay-meta\">\n        <span class=\"lk-stay-stars\">\u2605\u2605\u2605\u2605<\/span>\n        <span class=\"lk-stay-price\">23 EUR\/f\u0151 f\u00e9lpanzi\u00f3val (16 EUR K\u010cT-kedvezm\u00e9nnyel)<\/span>\n      <\/div>\n      <span class=\"lk-stay-cta\">\n        <svg width=\"14\" height=\"14\" viewBox=\"0 0 24 24\" fill=\"none\" stroke=\"currentColor\" stroke-width=\"2\"><path d=\"M18 13v6a2 2 0 0 1-2 2H5a2 2 0 0 1-2-2V8a2 2 0 0 1 2-2h6\"\/><polyline points=\"15 3 21 3 21 9\"\/><line x1=\"10\" y1=\"14\" x2=\"21\" y2=\"3\"\/><\/svg>\n        El\u00e9rhet\u0151s\u00e9g ellen\u0151rz\u00e9se\n      <\/span>\n    <\/a>\n\n    <a class=\"lk-stay-card\" href=\"https:\/\/www.teryhochata.sk\/ubytovanie\/\" target=\"_blank\" rel=\"nofollow noopener\">\n      <span class=\"lk-stay-badge badge-nature\">\ud83c\udfd4\ufe0f Mened\u00e9kh\u00e1z<\/span>\n      <div class=\"lk-stay-name\">T\u00e9ryho chata<\/div>\n      <div class=\"lk-stay-desc\">Magashegyi mened\u00e9kh\u00e1z egy r\u00f6vid s\u00e9t\u00e1ra a Lomnici-cs\u00facst\u00f3l, kiv\u00e1l\u00f3 palacsint\u00e1val \u00e9s kellemes fat\u00fczel\u00e9s\u0171 k\u00e1lyh\u00e1val. K\u00e1lyhaf\u0171t\u00e9s, zuhany n\u00e9lk\u00fcl, meleg v\u00edz n\u00e9lk\u00fcl.<\/div>\n      <div class=\"lk-stay-meta\">\n        <span class=\"lk-stay-stars\">\u2605\u2605\u2605\u2605<\/span>\n        <span class=\"lk-stay-price\">37 EUR\/f\u0151 f\u00e9lpanzi\u00f3val (26 EUR K\u010cT-kedvezm\u00e9nnyel)<\/span>\n      <\/div>\n      <span class=\"lk-stay-cta\">\n        <svg width=\"14\" height=\"14\" viewBox=\"0 0 24 24\" fill=\"none\" stroke=\"currentColor\" stroke-width=\"2\"><path d=\"M18 13v6a2 2 0 0 1-2 2H5a2 2 0 0 1-2-2V8a2 2 0 0 1 2-2h6\"\/><polyline points=\"15 3 21 3 21 9\"\/><line x1=\"10\" y1=\"14\" x2=\"21\" y2=\"3\"\/><\/svg>\n        El\u00e9rhet\u0151s\u00e9g ellen\u0151rz\u00e9se\n      <\/span>\n    <\/a>\n\n    <a class=\"lk-stay-card\" href=\"https:\/\/www.stay22.com\/allez\/roam?aid=lukaskonecny&amp;campaign=loudavymkrokemcz&amp;campaign=prechodtatry&amp;hotelname=Horsky%20Hotel%20Sliezsky%20Dom&amp;address=Vysoke%20Tatry%2C%20Slovakia\" target=\"_blank\" rel=\"nofollow noopener sponsored\">\n      <span class=\"lk-stay-badge badge-nature\">\u2b50 Luxus<\/span>\n      <div class=\"lk-stay-name\">Sliezsky dom<\/div>\n      <div class=\"lk-stay-desc\">Luxus, Szlov\u00e1kia legmagasabban fekv\u0151 hegyi hotele, sv\u00e9dasztalos vacsor\u00e1val \u00e9s reggelivel a hotel \u00e9tterm\u00e9ben. 12 \u00e1gyas gy\u00f6ny\u00f6r\u0171 h\u00e1l\u00f3terem luxus f\u00fcrd\u0151szob\u00e1val.<\/div>\n      <div class=\"lk-stay-meta\">\n        <span class=\"lk-stay-stars\">\u2605\u2605\u2605\u2605<\/span>\n        <span class=\"lk-stay-price\">55 EUR\/f\u0151 f\u00e9lpanzi\u00f3val<\/span>\n      <\/div>\n      <span class=\"lk-stay-cta\">\n        <svg width=\"14\" height=\"14\" viewBox=\"0 0 24 24\" fill=\"none\" stroke=\"currentColor\" stroke-width=\"2\"><path d=\"M18 13v6a2 2 0 0 1-2 2H5a2 2 0 0 1-2-2V8a2 2 0 0 1 2-2h6\"\/><polyline points=\"15 3 21 3 21 9\"\/><line x1=\"10\" y1=\"14\" x2=\"21\" y2=\"3\"\/><\/svg>\n        El\u00e9rhet\u0151s\u00e9g ellen\u0151rz\u00e9se\n      <\/span>\n    <\/a>\n\n    <a class=\"lk-stay-card\" href=\"https:\/\/loudavymkrokem.cz\/doporucujeme\/shb-strbske-pleso\/\" target=\"_blank\" rel=\"nofollow noopener\">\n      <span class=\"lk-stay-badge badge-nature\">\ud83c\udfe1 Panzi\u00f3<\/span>\n      <div class=\"lk-stay-name\">SHB \u0160trbsk\u00e9 Pleso<\/div>\n      <div class=\"lk-stay-desc\">Turistasz\u00e1ll\u00f3 a \u0160trbsk\u00e9 ples\u00f3n, k\u00e9t- \u00e9s t\u00f6bb\u00e1gyas szob\u00e1kkal. Sz\u00e1ll\u00e1s zuhannyal, f\u00e9lpanzi\u00f3 n\u00e9lk\u00fcl.<\/div>\n      <div class=\"lk-stay-meta\">\n        <span class=\"lk-stay-stars\">\u2605\u2605\u2605\u2605<\/span>\n        <span class=\"lk-stay-price\">21 EUR\/f\u0151 \u00e9tkez\u00e9s n\u00e9lk\u00fcl<\/span>\n      <\/div>\n      <span class=\"lk-stay-cta\">\n        <svg width=\"14\" height=\"14\" viewBox=\"0 0 24 24\" fill=\"none\" stroke=\"currentColor\" stroke-width=\"2\"><path d=\"M18 13v6a2 2 0 0 1-2 2H5a2 2 0 0 1-2-2V8a2 2 0 0 1 2-2h6\"\/><polyline points=\"15 3 21 3 21 9\"\/><line x1=\"10\" y1=\"14\" x2=\"21\" y2=\"3\"\/><\/svg>\n        El\u00e9rhet\u0151s\u00e9g ellen\u0151rz\u00e9se\n      <\/span>\n    <\/a>\n\n    <a class=\"lk-stay-card\" href=\"https:\/\/chataoresnica.sk\/\" target=\"_blank\" rel=\"nofollow noopener\">\n      <span class=\"lk-stay-badge badge-nature\">\ud83c\udfe1 Panzi\u00f3<\/span>\n      <div class=\"lk-stay-name\">Chata Ore\u0161nica<\/div>\n      <div class=\"lk-stay-desc\">B\u00e1jos panzi\u00f3 a Ra\u010dkova-v\u00f6lgyben, vacsora ut\u00e1n nyitva tart\u00f3 b\u00e1rral, valamint tavacsk\u00e1val \u00e9s lovakkal a telken. Hagyom\u00e1nyos hotelszob\u00e1k zuhannyal.<\/div>\n      <div class=\"lk-stay-meta\">\n        <span class=\"lk-stay-stars\">\u2605\u2605\u2605\u2605<\/span>\n        <span class=\"lk-stay-price\">50 EUR\/szoba + 13 EUR f\u00e9lpanzi\u00f3\/f\u0151<\/span>\n      <\/div>\n      <span class=\"lk-stay-cta\">\n        <svg width=\"14\" height=\"14\" viewBox=\"0 0 24 24\" fill=\"none\" stroke=\"currentColor\" stroke-width=\"2\"><path d=\"M18 13v6a2 2 0 0 1-2 2H5a2 2 0 0 1-2-2V8a2 2 0 0 1 2-2h6\"\/><polyline points=\"15 3 21 3 21 9\"\/><line x1=\"10\" y1=\"14\" x2=\"21\" y2=\"3\"\/><\/svg>\n        El\u00e9rhet\u0151s\u00e9g ellen\u0151rz\u00e9se\n      <\/span>\n    <\/a>\n\n  <\/div>\n\n  \n<\/div>\n\n\n\n<h2 class=\"wp-block-heading\"><span class=\"ez-toc-section\" id=\"Nap_7_Ziarska_chata_%E2%80%93_Chata_Zverovka\"><\/span>Nap 7: \u017diarska chata \u2013 Chata Zverovka<span class=\"ez-toc-section-end\"><\/span><\/h2>\n\n\n\n<figure data-wp-context=\"{&quot;imageId&quot;:&quot;6a9ad98100e62&quot;}\" data-wp-interactive=\"core\/image\" data-wp-key=\"6a9ad98100e62\" class=\"wp-block-image wp-lightbox-container\"><img decoding=\"async\" width=\"1200\" height=\"800\" data-wp-class--hide=\"state.isContentHidden\" data-wp-class--show=\"state.isContentVisible\" data-wp-init=\"callbacks.setButtonStyles\" data-wp-on--click=\"actions.showLightbox\" data-wp-on--load=\"callbacks.setButtonStyles\" data-wp-on--pointerdown=\"actions.preloadImage\" data-wp-on--pointerenter=\"actions.preloadImageWithDelay\" data-wp-on--pointerleave=\"actions.cancelPreload\" data-wp-on-window--resize=\"callbacks.setButtonStyles\" src=\"https:\/\/www.loudavymkrokem.cz\/wp-content\/uploads\/2023\/05\/rohace.jpg\" alt=\"A k\u00e9pen a Roh\u00e1csok l\u00e1that\u00f3k a Nyugati-T\u00e1tr\u00e1ban\" class=\"wp-image-55393\" title=\"\"><button\n\t\t\tclass=\"lightbox-trigger\"\n\t\t\ttype=\"button\"\n\t\t\taria-haspopup=\"dialog\"\n\t\t\tdata-wp-bind--aria-label=\"state.thisImage.triggerButtonAriaLabel\"\n\t\t\tdata-wp-init=\"callbacks.initTriggerButton\"\n\t\t\tdata-wp-on--click=\"actions.showLightbox\"\n\t\t\tdata-wp-style--right=\"state.thisImage.buttonRight\"\n\t\t\tdata-wp-style--top=\"state.thisImage.buttonTop\"\n\t\t>\n\t\t\t<svg xmlns=\"http:\/\/www.w3.org\/2000\/svg\" width=\"12\" height=\"12\" fill=\"none\" viewBox=\"0 0 12 12\">\n\t\t\t\t<path fill=\"#fff\" d=\"M2 0a2 2 0 0 0-2 2v2h1.5V2a.5.5 0 0 1 .5-.5h2V0H2Zm2 10.5H2a.5.5 0 0 1-.5-.5V8H0v2a2 2 0 0 0 2 2h2v-1.5ZM8 12v-1.5h2a.5.5 0 0 0 .5-.5V8H12v2a2 2 0 0 1-2 2H8Zm2-12a2 2 0 0 1 2 2v2h-1.5V2a.5.5 0 0 0-.5-.5H8V0h2Z\" \/>\n\t\t\t<\/svg>\n\t\t<\/button><figcaption class=\"wp-element-caption\">\u00datk\u00f6zben gy\u00f6ny\u00f6r\u0171 kil\u00e1t\u00e1s v\u00e1r a Ban\u00edkovra, a Pla\u010dtiv\u00e9ra, a Roh\u00e1csokra \u00e9s t\u00f6bb t\u00f3ra.<\/figcaption><\/figure>\n\n\n\n<ul class=\"wp-block-list\">\n<li><strong>Szakasz hossza:<\/strong> 10,9 km<\/li>\n\n\n\n<li><strong>Szakasz ideje:<\/strong> 5:15 \u00f3ra, eb\u00e9ddel egy\u00fctt<\/li>\n\n\n\n<li><strong>Teljes szintemelked\u00e9s:<\/strong> 664 m<\/li>\n<\/ul>\n\n\n\n<p class=\"wp-block-paragraph\">Az utols\u00f3 napon k\u00e9sz\u00fclj fel egy meredekebb emelked\u0151re, ami r\u00f6gt\u00f6n a \u017diarska chata m\u00f6g\u00f6tt kezd\u0151dik. Mi a k\u00e9k jelz\u00e9sen indultunk a Smutn\u00e9-nyeregbe, a b\u00e1trabbak v\u00e1laszthatj\u00e1k a z\u00f6ld jelz\u00e9sen a Ban\u00edkov cs\u00facs\u00e1n \u00e1t vezet\u0151 alternat\u00edv \u00fatvonalat, de sz\u00e1molj legal\u00e1bb h\u00e1rom plusz \u00f3r\u00e1val.<\/p>\n\n\n\n<p class=\"wp-block-paragraph\">Az eg\u00e9sz szintemelked\u00e9st az els\u0151 h\u00e1rom kilom\u00e9teren teszed meg, az \u00fatvonal t\u00f6bbi r\u00e9sze kellemes ereszked\u00e9s \u2014 nyolc kilom\u00e9teren kereszt\u00fcl majdnem egy kilom\u00e9tert ereszkedsz le. \u00datk\u00f6zben gy\u00f6ny\u00f6r\u0171 kil\u00e1t\u00e1s v\u00e1r a Ban\u00edkovra, a Pla\u010dtiv\u00e9ra, a Roh\u00e1csokra \u00e9s t\u00f6bb t\u00f3ra. Nagyj\u00e1b\u00f3l f\u00e9l\u00faton r\u00e1bukkansz az \u00faj \u0164atliakova chat\u00e1ra, ahol megeb\u00e9delhetsz, \u00e9s ihatsz csapolt kofol\u00e1t vagy s\u00f6rt.<\/p>\n\n\n\n<p class=\"wp-block-paragraph\">B\u00e1r innen eg\u00e9szen Zverovk\u00e1ig aszfalt\u00fat vezet, rollert itt senki sem k\u00f6lcs\u00f6n\u00f6z, \u00fagyhogy az utols\u00f3 szakaszt is gyalog kell megtenned. \ud83d\ude42 Itt m\u00e1r teljesen a turisztikai z\u00f3n\u00e1ban vagy, mert lefel\u00e9 menet sok anyuk\u00e1val tal\u00e1lkozol, akik rend\u00edthetetlen\u00fcl tolj\u00e1k felfel\u00e9 a babakocsit a hegyen.<\/p>\n\n\n\n<p class=\"wp-block-paragraph\">A teljes t\u00fara a Zverovka mened\u00e9kh\u00e1zban \u00e9r v\u00e9get. Ha viszont \u2014 hozz\u00e1nk hasonl\u00f3an \u2014 m\u00e1r k\u00e9t \u00f3ra k\u00f6r\u00fcl meg\u00e9rkezel Zverovk\u00e1ba, elkaphatsz egy buszt k\u00f6zvetlen\u00fcl a mened\u00e9kh\u00e1zn\u00e1l, amivel elviteted magad a Podbiel vas\u00fat\u00e1llom\u00e1sig. Onnan eljutsz Zsoln\u00e1ba (\u017dilina), \u00e9s \u00e1tsz\u00e1llsz a Magyarorsz\u00e1g fel\u00e9 tart\u00f3 vonatra.<\/p>\n\n\n\n<h2 class=\"wp-block-heading\"><span class=\"ez-toc-section\" id=\"Mikor_indulj_a_Tatraba_%E2%80%94_idojaras_Szlovakia_Tatra_videken\"><\/span><span class=\"ez-toc-section\" id=\"Mikor_indulj_a_Tatraba\"><\/span>Mikor indulj a T\u00e1tr\u00e1ba \u2014 id\u0151j\u00e1r\u00e1s Szlov\u00e1kia T\u00e1tra vid\u00e9k\u00e9n<span class=\"ez-toc-section-end\"><\/span><\/h2>\n\n\n\n<figure data-wp-context=\"{&quot;imageId&quot;:&quot;6a9ad98101893&quot;}\" data-wp-interactive=\"core\/image\" data-wp-key=\"6a9ad98101893\" class=\"wp-block-image wp-lightbox-container\"><img decoding=\"async\" width=\"1200\" height=\"800\" data-wp-class--hide=\"state.isContentHidden\" data-wp-class--show=\"state.isContentVisible\" data-wp-init=\"callbacks.setButtonStyles\" data-wp-on--click=\"actions.showLightbox\" data-wp-on--load=\"callbacks.setButtonStyles\" data-wp-on--pointerdown=\"actions.preloadImage\" data-wp-on--pointerenter=\"actions.preloadImageWithDelay\" data-wp-on--pointerleave=\"actions.cancelPreload\" data-wp-on-window--resize=\"callbacks.setButtonStyles\" src=\"https:\/\/www.loudavymkrokem.cz\/wp-content\/uploads\/2023\/05\/prechod_tater.jpg\" alt=\"Luk\u00e1\u0161 \u00e1tkel a Magas-T\u00e1tr\u00e1n. A h\u00e1tt\u00e9rben vihar\" class=\"wp-image-55394\" title=\"\"><button\n\t\t\tclass=\"lightbox-trigger\"\n\t\t\ttype=\"button\"\n\t\t\taria-haspopup=\"dialog\"\n\t\t\tdata-wp-bind--aria-label=\"state.thisImage.triggerButtonAriaLabel\"\n\t\t\tdata-wp-init=\"callbacks.initTriggerButton\"\n\t\t\tdata-wp-on--click=\"actions.showLightbox\"\n\t\t\tdata-wp-style--right=\"state.thisImage.buttonRight\"\n\t\t\tdata-wp-style--top=\"state.thisImage.buttonTop\"\n\t\t>\n\t\t\t<svg xmlns=\"http:\/\/www.w3.org\/2000\/svg\" width=\"12\" height=\"12\" fill=\"none\" viewBox=\"0 0 12 12\">\n\t\t\t\t<path fill=\"#fff\" d=\"M2 0a2 2 0 0 0-2 2v2h1.5V2a.5.5 0 0 1 .5-.5h2V0H2Zm2 10.5H2a.5.5 0 0 1-.5-.5V8H0v2a2 2 0 0 0 2 2h2v-1.5ZM8 12v-1.5h2a.5.5 0 0 0 .5-.5V8H12v2a2 2 0 0 1-2 2H8Zm2-12a2 2 0 0 1 2 2v2h-1.5V2a.5.5 0 0 0-.5-.5H8V0h2Z\" \/>\n\t\t\t<\/svg>\n\t\t<\/button><figcaption class=\"wp-element-caption\">Mi augusztus v\u00e9g\u00e9n indultunk el<\/figcaption><\/figure>\n\n\n\n<p class=\"wp-block-paragraph\">A f\u0151szezon a T\u00e1tr\u00e1ban j\u00fanius 16-t\u00f3l okt\u00f3ber 31-ig tart, ezen az id\u0151szakon k\u00edv\u00fcl sz\u00e1mos turista\u00fatvonal teljesen z\u00e1rva van, els\u0151sorban a h\u00f3 miatt. Ezek a lez\u00e1r\u00e1sok k\u00e9s\u0151bb, a szezonban is fennmaradhatnak, az aktu\u00e1lis lez\u00e1r\u00e1sokat mindig n\u00e9zd meg a <a href=\"http:\/\/www.tanap.org\/navstevny-poriadok\/\" target=\"_blank\" rel=\"noopener\"><strong>TANAP<\/strong><\/a> weboldal\u00e1n.<\/p>\n\n\n\n<p class=\"wp-block-paragraph\">R\u00f6gt\u00f6n j\u00faniusban nekiv\u00e1gni az \u00e1tkel\u00e9snek viszont nem j\u00f3 \u00f6tlet. A nyergekben m\u00e9g h\u00f3 van, hideg \u00e9s es\u0151s az id\u0151. A legt\u00f6bben j\u00faliusban \u00e9s augusztusban indulnak neki az \u00e1tkel\u00e9snek, ekkor viszont gyakoriak a d\u00e9lut\u00e1ni viharok, \u00e9s a T\u00e1trai Magisztr\u00e1l\u00e9 tele van napi t\u00far\u00e1z\u00f3kkal.<\/p>\n\n\n\n<p class=\"wp-block-paragraph\"><strong>Az \u00e1tkel\u00e9shez mi augusztus v\u00e9ge \u00e9s szeptember eleje k\u00f6z\u00f6tti id\u0151szakot aj\u00e1nljuk<\/strong>, amikor m\u00e1r nem olyan gyakoriak a viharok, \u00e9s stabilabb az id\u0151j\u00e1r\u00e1s. A magasabb r\u00e9gi\u00f3kban h\u0171v\u00f6sebb lehet, de ott am\u00fagy sincs soha meleg. R\u00e1ad\u00e1sul ilyenkor m\u00e9g nem r\u00f6vid\u00fclnek annyira a napok, \u00edgy el\u00e9g napvil\u00e1god van az \u00fatvonal minden szakasz\u00e1hoz.<\/p>\n\n\n\n<h2 class=\"wp-block-heading\"><span class=\"ez-toc-section\" id=\"Milyen_felszerelest_vigyel_magaddal\"><\/span>Milyen felszerel\u00e9st vigy\u00e9l magaddal<span class=\"ez-toc-section-end\"><\/span><\/h2>\n\n\n\n<figure data-wp-context=\"{&quot;imageId&quot;:&quot;6a9ad98101d3e&quot;}\" data-wp-interactive=\"core\/image\" data-wp-key=\"6a9ad98101d3e\" class=\"wp-block-image wp-lightbox-container\"><img decoding=\"async\" width=\"1200\" height=\"800\" data-wp-class--hide=\"state.isContentHidden\" data-wp-class--show=\"state.isContentVisible\" data-wp-init=\"callbacks.setButtonStyles\" data-wp-on--click=\"actions.showLightbox\" data-wp-on--load=\"callbacks.setButtonStyles\" data-wp-on--pointerdown=\"actions.preloadImage\" data-wp-on--pointerenter=\"actions.preloadImageWithDelay\" data-wp-on--pointerleave=\"actions.cancelPreload\" data-wp-on-window--resize=\"callbacks.setButtonStyles\" src=\"https:\/\/www.loudavymkrokem.cz\/wp-content\/uploads\/2023\/05\/vybaveni_na_prechod_tater.jpg\" alt=\"Lucka \u00f3ri\u00e1si h\u00e1tizs\u00e1kkal a h\u00e1t\u00e1n egy dombon \u00e1ll, kil\u00e1t\u00e1ssal a v\u00f6lgyre. A B\u00e9lai-T\u00e1tra kezdete\" class=\"wp-image-55396\" title=\"\"><button\n\t\t\tclass=\"lightbox-trigger\"\n\t\t\ttype=\"button\"\n\t\t\taria-haspopup=\"dialog\"\n\t\t\tdata-wp-bind--aria-label=\"state.thisImage.triggerButtonAriaLabel\"\n\t\t\tdata-wp-init=\"callbacks.initTriggerButton\"\n\t\t\tdata-wp-on--click=\"actions.showLightbox\"\n\t\t\tdata-wp-style--right=\"state.thisImage.buttonRight\"\n\t\t\tdata-wp-style--top=\"state.thisImage.buttonTop\"\n\t\t>\n\t\t\t<svg xmlns=\"http:\/\/www.w3.org\/2000\/svg\" width=\"12\" height=\"12\" fill=\"none\" viewBox=\"0 0 12 12\">\n\t\t\t\t<path fill=\"#fff\" d=\"M2 0a2 2 0 0 0-2 2v2h1.5V2a.5.5 0 0 1 .5-.5h2V0H2Zm2 10.5H2a.5.5 0 0 1-.5-.5V8H0v2a2 2 0 0 0 2 2h2v-1.5ZM8 12v-1.5h2a.5.5 0 0 0 .5-.5V8H12v2a2 2 0 0 1-2 2H8Zm2-12a2 2 0 0 1 2 2v2h-1.5V2a.5.5 0 0 0-.5-.5H8V0h2Z\" \/>\n\t\t\t<\/svg>\n\t\t<\/button><figcaption class=\"wp-element-caption\">A min\u0151s\u00e9gi felszerel\u00e9s az alap<\/figcaption><\/figure>\n\n\n\n<p class=\"wp-block-paragraph\">B\u00e1r lehet, hogy k\u00f6zhelynek hangzik, a min\u0151s\u00e9gi felszerel\u00e9s az alapja annak, hogy eg\u00e9szs\u00e9gben v\u00e9szeld \u00e1t az \u00e1tkel\u00e9st, \u00e9s maxim\u00e1lisan \u00e9lvezd is. M\u00e9g egy olyan apr\u00f3s\u00e1g is, mint az otthon felejtett sebtapasz, r\u00e9m\u00e1lomm\u00e1 teheti a napi t\u00far\u00e1t. Ugyan\u00edgy egy j\u00f3 h\u00e1tizs\u00e1k is \u00f3ri\u00e1si k\u00fcl\u00f6nbs\u00e9get jelent. B\u00e1r mindenki azzal ijesztgetett minket, hogy pont a h\u00e1tizs\u00e1k eg\u00e9sz napos cipel\u00e9se lesz a legrosszabb (\u00e9s ez\u00e9rt el\u0151re edzen\u00fcnk kellene), v\u00e9g\u00fcl sim\u00e1n ment (edz\u00e9s n\u00e9lk\u00fcl). \u00cdme, mir\u0151l ne feledkezz meg:<\/p>\n\n\n\n<ul class=\"wp-block-list\">\n<li><a class=\"thirstylink\" rel=\"nofollow\" target=\"_blank\" title=\"4camping boty\" href=\"https:\/\/loudavymkrokem.cz\/doporucujeme\/4camping-boty\/\" data-shortcode=\"true\"><strong>Strapab\u00edr\u00f3 bakancs<\/strong><\/a><\/li>\n\n\n\n<li><a class=\"thirstylink\" rel=\"nofollow\" target=\"_blank\" title=\"Cestovn\u00ed l\u00e9k\u00e1rni\u010dka\" href=\"https:\/\/loudavymkrokem.cz\/doporucujeme\/cestovni-lekarnicka\/\" data-shortcode=\"true\"><strong>\u00dati els\u0151seg\u00e9lycsomag<\/strong><\/a><\/li>\n\n\n\n<li><a class=\"thirstylink\" rel=\"nofollow\" target=\"_blank\" title=\"Pl\u00e1\u0161t\u011bnka Husky\" href=\"https:\/\/loudavymkrokem.cz\/doporucujeme\/plastenka-husky\/\" data-shortcode=\"true\"><strong>Es\u0151kab\u00e1t<\/strong><\/a> (vagy v\u00edz\u00e1ll\u00f3 ruh\u00e1zat)<\/li>\n\n\n\n<li><a class=\"thirstylink\" rel=\"nofollow\" target=\"_blank\" title=\"Opalovac\u00ed kr\u00e9m\" href=\"https:\/\/loudavymkrokem.cz\/doporucujeme\/opalovaci-krem\/\" data-shortcode=\"true\"><strong>Napkr\u00e9m<\/strong><\/a><\/li>\n\n\n\n<li>Meleg \u00e9s hideg id\u0151re val\u00f3 ruh\u00e1zat (legal\u00e1bb 3 r\u00e9teg)<\/li>\n\n\n\n<li><a class=\"thirstylink\" rel=\"nofollow\" target=\"_blank\" title=\"Trekov\u00e9 hole\" href=\"https:\/\/loudavymkrokem.cz\/doporucujeme\/trekove-hole\/\" data-shortcode=\"true\"><strong>Trekkingbot<\/strong><\/a><\/li>\n\n\n\n<li><a class=\"thirstylink\" rel=\"nofollow\" target=\"_blank\" title=\"Turistick\u00e9 batohy\" href=\"https:\/\/loudavymkrokem.cz\/doporucujeme\/turisticke-batohy\/\" data-shortcode=\"true\"><strong>Min\u0151s\u00e9gi h\u00e1tizs\u00e1k<\/strong><\/a><\/li>\n\n\n\n<li>Szemeteszs\u00e1k<\/li>\n\n\n\n<li>T\u00fal\u00e9l\u0151k\u00e9szlet (<a class=\"thirstylink\" rel=\"nofollow\" target=\"_blank\" title=\"Krabi\u010dka posledn\u00ed z\u00e1chrany\" href=\"https:\/\/loudavymkrokem.cz\/doporucujeme\/krabicka-posledni-zachrany\/\" data-shortcode=\"true\"><strong>v\u00e9gs\u0151 ment\u0151csomag<\/strong><\/a>)<\/li>\n\n\n\n<li><a class=\"thirstylink\" rel=\"nofollow\" target=\"_blank\" title=\"Hydrapak\" href=\"https:\/\/loudavymkrokem.cz\/doporucujeme\/hydrapak\/\" data-shortcode=\"true\"><strong>V\u00edztart\u00e1ly vagy te\u00e1skulacs<\/strong><\/a><\/li>\n<\/ul>\n\n\n\n<p class=\"wp-block-paragraph\"><strong>K\u00edv\u00e1ncsi vagy, mit visz\u00fcnk mi magunkkal az utakra \u00e9s a t\u00far\u00e1kra? N\u00e9zd meg a <\/strong><a href=\"https:\/\/loudavymkrokem.cz\/hu\/utazasi-felszereles-nomad\/\"><strong>felszerel\u00e9s\u00fcnk list\u00e1j\u00e1t!<\/strong><\/a><\/p>\n\n\n\n<p class=\"wp-block-paragraph\">Ne feledd fel\u00edrni a hegyiment\u0151k telefonsz\u00e1m\u00e1t sem.<\/p>\n\n\n\n<h2 class=\"wp-block-heading\"><span class=\"ez-toc-section\" id=\"A_leggyakoribb_kerdesek_a_tatrai_atkelesrol\"><\/span><span class=\"ez-toc-section\" id=\"A_leggyakoribb_kerdesek_a_tatrai_atkelesrol\"><\/span>A leggyakoribb k\u00e9rd\u00e9sek a t\u00e1trai \u00e1tkel\u00e9sr\u0151l<span class=\"ez-toc-section-end\"><\/span><\/h2>\n\n\n<div id=\"rank-math-faq\" class=\"rank-math-block\">\n<div class=\"rank-math-list \">\n<div id=\"faq-question-642430f4e3161\" class=\"rank-math-list-item\">\n<h3 class=\"rank-math-question \"><span class=\"ez-toc-section\" id=\"Egy_edzetlen_ember_is_vegigjarhatja_a_Tatra-atkelest\"><\/span>Egy edzetlen ember is v\u00e9gigj\u00e1rhatja a T\u00e1tra-\u00e1tkel\u00e9st?<span class=\"ez-toc-section-end\"><\/span><\/h3>\n<div class=\"rank-math-answer \">\n\n<p>Igen, ha megfelel\u0151 felszerel\u00e9se van \u00e9s elker\u00fcli a Prie\u010dne sedlo-n \u00e1t\u00edvel\u0151 \u00fatvonalat.<\/p>\n\n<\/div>\n<\/div>\n<div id=\"faq-question-642430f4e3164\" class=\"rank-math-list-item\">\n<h3 class=\"rank-math-question \"><span class=\"ez-toc-section\" id=\"Elore_kell_foglalni_a_szallast\"><\/span>El\u0151re kell foglalni a sz\u00e1ll\u00e1st?<span class=\"ez-toc-section-end\"><\/span><\/h3>\n<div class=\"rank-math-answer \">\n\n<p>Igen, mindenk\u00e9ppen. N\u00e9h\u00e1ny mened\u00e9kh\u00e1z h\u00f3napokkal el\u0151re tele van. Mi majdnem 5 h\u00f3nappal kor\u00e1bban foglaltunk.<\/p>\n\n<\/div>\n<\/div>\n<div id=\"faq-question-642430f4e3165\" class=\"rank-math-list-item\">\n<h3 class=\"rank-math-question \"><span class=\"ez-toc-section\" id=\"A_hegyi_menedekhazak_biztositanak_vegetarianus_etkezest\"><\/span>A hegyi mened\u00e9kh\u00e1zak biztos\u00edtanak veget\u00e1ri\u00e1nus \u00e9tkez\u00e9st?<span class=\"ez-toc-section-end\"><\/span><\/h3>\n<div class=\"rank-math-answer \">\n\n<p>Igen, csak el\u0151re kell jelezni, \u00e9s ide\u00e1lis esetben egy nappal kor\u00e1bban eml\u00e9keztetni is r\u00e1. Legrosszabb esetben mindig f\u0151znek gomb\u00f3cot vagy palacsint\u00e1t.<\/p>\n\n<\/div>\n<\/div>\n<div id=\"faq-question-642430f4e3166\" class=\"rank-math-list-item\">\n<h3 class=\"rank-math-question \"><span class=\"ez-toc-section\" id=\"Szuksegem_van_halozsakra_az_atkeleshez\"><\/span>Sz\u00fcks\u00e9gem van h\u00e1l\u00f3zs\u00e1kra az \u00e1tkel\u00e9shez?<span class=\"ez-toc-section-end\"><\/span><\/h3>\n<div class=\"rank-math-answer \">\n\n<p>Igen. B\u00e1r a mened\u00e9kh\u00e1zak fel vannak szerelve \u00e1gynem\u0171vel \u00e9s takar\u00f3kkal, nem mindig elegend\u0151ek. A h\u00e1l\u00f3zs\u00e1kot m\u00e1r csak higi\u00e9niai okokb\u00f3l is javasoljuk.<\/p>\n\n<\/div>\n<\/div>\n<div id=\"faq-question-642430f4e3167\" class=\"rank-math-list-item\">\n<h3 class=\"rank-math-question \"><span class=\"ez-toc-section\" id=\"Mikor_induljunk_el_a_Tatra-atkelesre\"><\/span>Mikor induljunk el a T\u00e1tra-\u00e1tkel\u00e9sre?<span class=\"ez-toc-section-end\"><\/span><\/h3>\n<div class=\"rank-math-answer \">\n\n<p>Ide\u00e1lis augusztus v\u00e9ge \u00e9s szeptember els\u0151 fele.<\/p>\n\n<\/div>\n<\/div>\n<\/div>\n<\/div>\n\n\n<!-- LKM_GYG_CARD start q=\"vysoke tatry\" lang=\"hu\" --><!-- LKM_GYG_CARD end -->\n","protected":false},"excerpt":{"rendered":"<p>A teljes T\u00e1trai Nemzeti Parkon val\u00f3 \u00e1tkel\u00e9s nem egy hegym\u00e1sz\u00f3 \u00e1lma. A mi \u00fatiterv\u00fcnkkel h\u00e9t nap alatt v\u00e1gsz kereszt\u00fcl a szlov\u00e1kiai T\u00e1tr\u00e1n, megl\u00e1togatod az \u00f6sszes izgalmas mened\u00e9kh\u00e1zat, t\u00f6bb gerincet k\u00fczdesz le, \u00e9s bizony l\u00e1ncokba is kapaszkodni kell majd.<\/p>\n","protected":false},"author":2,"featured_media":55393,"comment_status":"open","ping_status":"closed","sticky":false,"template":"","format":"standard","meta":{"_acf_changed":false,"footnotes":"","rank_math_title":"T\u00e1tra Szlov\u00e1kia: Teljes \u00fatikalauz az \u00e1tkel\u00e9shez","rank_math_description":"T\u00e1tra Szlov\u00e1kia \u00e1tkel\u00e9s 7 nap alatt: \u00fatiterv, mened\u00e9kh\u00e1zak, \u00e1rak \u00e9s a legjobb id\u0151szak. Tervezd meg vel\u00fcnk a t\u00far\u00e1t l\u00e9p\u00e9sr\u0151l l\u00e9p\u00e9sre \u2014 indulj \u00fatnak most!","rank_math_focus_keyword":"t\u00e1tra szlov\u00e1kia","rank_math_seo_score":""},"categories":[1804,1846,1788],"tags":[],"class_list":["post-282629","post","type-post","status-publish","format-standard","has-post-thumbnail","category-europa","category-szlovakia","category-utazas"],"acf":[],"featured_image_src":"https:\/\/loudavymkrokem.cz\/wp-content\/uploads\/2019\/10\/rohace.jpg","author_info":{"display_name":"Luk\u00e1\u0161 Kone\u010dn\u00fd","author_link":"https:\/\/loudavymkrokem.cz\/hu\/author\/lukas-konecny\/"},"_links":{"self":[{"href":"https:\/\/loudavymkrokem.cz\/hu\/wp-json\/wp\/v2\/posts\/282629","targetHints":{"allow":["GET"]}}],"collection":[{"href":"https:\/\/loudavymkrokem.cz\/hu\/wp-json\/wp\/v2\/posts"}],"about":[{"href":"https:\/\/loudavymkrokem.cz\/hu\/wp-json\/wp\/v2\/types\/post"}],"author":[{"embeddable":true,"href":"https:\/\/loudavymkrokem.cz\/hu\/wp-json\/wp\/v2\/users\/2"}],"replies":[{"embeddable":true,"href":"https:\/\/loudavymkrokem.cz\/hu\/wp-json\/wp\/v2\/comments?post=282629"}],"version-history":[{"count":0,"href":"https:\/\/loudavymkrokem.cz\/hu\/wp-json\/wp\/v2\/posts\/282629\/revisions"}],"wp:featuredmedia":[{"embeddable":true,"href":"https:\/\/loudavymkrokem.cz\/hu\/wp-json\/wp\/v2\/media\/55393"}],"wp:attachment":[{"href":"https:\/\/loudavymkrokem.cz\/hu\/wp-json\/wp\/v2\/media?parent=282629"}],"wp:term":[{"taxonomy":"category","embeddable":true,"href":"https:\/\/loudavymkrokem.cz\/hu\/wp-json\/wp\/v2\/categories?post=282629"},{"taxonomy":"post_tag","embeddable":true,"href":"https:\/\/loudavymkrokem.cz\/hu\/wp-json\/wp\/v2\/tags?post=282629"}],"curies":[{"name":"wp","href":"https:\/\/api.w.org\/{rel}","templated":true}]}}