{"id":282172,"date":"2026-08-03T09:30:00","date_gmt":"2026-08-03T07:30:00","guid":{"rendered":"https:\/\/loudavymkrokem.cz\/roma-latnivalok-legjobb-helyek\/"},"modified":"2026-08-27T02:57:05","modified_gmt":"2026-08-27T00:57:05","slug":"roma-latnivalok-legjobb-helyek","status":"publish","type":"post","link":"https:\/\/loudavymkrokem.cz\/hu\/roma-latnivalok-legjobb-helyek\/","title":{"rendered":"R\u00f3ma l\u00e1tnival\u00f3k: a 40 legjobb hely, amit l\u00e1tnod kell"},"content":{"rendered":"\n<!-- lk-tldr -->\n<div class=\"lk-tldr\" style=\"background:#f7f5f0;border-left:4px solid #c39f76;border-radius:0 10px 10px 0;padding:14px 18px;margin:0 0 26px;font-size:15px;line-height:1.65;\"><strong style=\"display:block;font-size:12px;text-transform:uppercase;letter-spacing:.06em;color:#a9885a;margin-bottom:5px;\">TL;DR<\/strong>A r\u00f3mai l\u00e1tnival\u00f3k k\u00f6z\u00f6tt 27 kulcsfontoss\u00e1g\u00fa meg\u00e1ll\u00f3 szerepel: a Colosseum, a Forum Romanum \u00e9s a Pantheon, a Sixtus-k\u00e1poln\u00e1t rejt\u0151 Vatik\u00e1ni M\u00fazeumok \u00e9s a Szent P\u00e9ter-bazilika, valamint a Trevi-k\u00fat, a Piazza Navona, a Trastevere \u00e9s a Testaccio negyed. A l\u00e1togat\u00e1sra ide\u00e1lisan n\u00e9gy teljes napot sz\u00e1nj, a legjobb h\u00f3napok a m\u00e1jus, j\u00fanius, szeptember \u00e9s okt\u00f3ber, k\u00f6r\u00fclbel\u00fcl 22 fokkal. A Colosseumba (kb. 20 eur\u00f3), a Vatik\u00e1ni M\u00fazeumokba (kb. 25 eur\u00f3) \u00e9s a Galleria Borghes\u00e9be (kb. 18 eur\u00f3) sz\u00f3l\u00f3 jegyeket ak\u00e1r egy h\u00f3nappal el\u0151re online kell foglalni. 2026-t\u00f3l fizet\u0151s a <strong>Trevi-k\u00fat<\/strong> medenc\u00e9j\u00e9hez val\u00f3 lejut\u00e1s (2 eur\u00f3) \u00e9s a <strong>Pantheon<\/strong> bel\u00e9p\u0151je (7 eur\u00f3). A vizet ingyen t\u00f6ltheted a v\u00e1rosszerte tal\u00e1lhat\u00f3 ezernyi iv\u00f3k\u00fatb\u00f3l.<\/div>\n<!-- \/lk-tldr -->\n\n\n\n<!-- lk-navbar -->\n<div class=\"lk-navbar\" style=\"margin:0 0 28px;\"><div style=\"font-size:12px;text-transform:uppercase;letter-spacing:.06em;color:#a9885a;font-weight:700;margin-bottom:9px;\">Gyors linkek<\/div><div style=\"display:flex;flex-wrap:wrap;gap:9px;\"><a href=\"#Kde_se_ubytovat_v_Rime\" style=\"background:#c39f76;color:#fff;border:1px solid #c39f76;padding:9px 15px;border-radius:22px;font-size:14px;font-weight:700;text-decoration:none;display:inline-block;line-height:1;\">\ud83d\udccd Hol sz\u00e1llj meg<\/a><a href=\"#Vsech_40_mist_v_Rime_prehledne\" style=\"background:#c39f76;color:#fff;border:1px solid #c39f76;padding:9px 15px;border-radius:22px;font-size:14px;font-weight:700;text-decoration:none;display:inline-block;line-height:1;\">\u2b50 Mit l\u00e1ss<\/a><a href=\"#Kdy_vyrazit_do_Rima\" style=\"background:#fff;color:#6b5a44;border:1px solid #e2d6c1;padding:9px 15px;border-radius:22px;font-size:14px;font-weight:600;text-decoration:none;display:inline-block;line-height:1;\">\u2600\ufe0f Mikor menj<\/a><a href=\"#Kam_dal_z_Rima\" style=\"background:#fff;color:#6b5a44;border:1px solid #e2d6c1;padding:9px 15px;border-radius:22px;font-size:14px;font-weight:600;text-decoration:none;display:inline-block;line-height:1;\">\ud83e\udded K\u00f6rny\u00e9k<\/a><a href=\"#Casto_kladene_otazky\" style=\"background:#fff;color:#6b5a44;border:1px solid #e2d6c1;padding:9px 15px;border-radius:22px;font-size:14px;font-weight:600;text-decoration:none;display:inline-block;line-height:1;\">\u2753 GYIK<\/a><\/div><\/div>\n<!-- \/lk-navbar -->\n\n\n\n\n<p class=\"wp-block-paragraph\">R\u00f3ma a vil\u00e1g egyik legszebb v\u00e1rosa, ehhez tal\u00e1n senkinek sem f\u00e9r k\u00e9ts\u00e9ge. Valah\u00e1nyszor visszat\u00e9rek ide a legjobb r\u00f3mai l\u00e1tnival\u00f3k\u00e9rt, mindig \u00fajra meglep, <strong>micsoda hatalmas energia \u00e1rad ebb\u0151l az \u00d6r\u00f6k V\u00e1rosb\u00f3l<\/strong>. Luk\u00e1\u0161sal a sz\u00fclet\u00e9snapj\u00e1t \u00fcnnepelni ugrottunk ide j\u00faniusban, \u00e9s \u0151szint\u00e9n be kell vallanom, hogy az olasz naps\u00fct\u00e9s alaposan megk\u00ednzott minket.<\/p>\n\n\n\n<p class=\"wp-block-paragraph\">A h\u0151m\u00e9rs\u00e9klet m\u00e1r akkoriban <strong>a harminc\u00f6t fok fel\u00e9 k\u00faszott<\/strong>, az antik k\u00f6vekb\u0151l hihetetlen forr\u00f3s\u00e1g sug\u00e1rzott, mi pedig minden nap becs\u00fcletesen ledar\u00e1ltunk h\u00fasz-harminc\u00f6tezer l\u00e9p\u00e9st. V\u00e9g\u00fcl csak a minden\u00fctt jelenl\u00e9v\u0151 hideg vizet ad\u00f3 iv\u00f3kutaknak \u00e9s a t\u00f6k\u00e9letes olasz gelato hatalmas adagjainak k\u00f6sz\u00f6nhet\u0151en b\u00edrtuk ki, amit napi k\u00e9tszer is bev\u00e1llaltunk. \ud83d\ude05<\/p>\n\n\n\n<p class=\"wp-block-paragraph\">Amikor este m\u00e1r t\u00e9nyleg nem b\u00edrtuk tov\u00e1bb, \u00e9s a l\u00e1bunk azok ut\u00e1n az <strong>\u00e1tkozott r\u00f3mai macskak\u00f6ves utc\u00e1k<\/strong> ut\u00e1n felmondta a szolg\u00e1latot, k\u00f6lcs\u00f6n\u00f6zt\u00fcnk elektromos rollert, \u00e9s a Tevere partj\u00e1n gurultunk. Gy\u00f6ny\u00f6r\u0171 volt, \u00e9s az az enyhe esti szell\u0151 sz\u00f3 szerint megmentett minket. Ez a k\u00e9t \u00e9s f\u00e9l ezer \u00e9ves v\u00e1ros egyszer\u0171en minden egyes l\u00e1togat\u00e1skor leny\u0171g\u00f6z, pedig m\u00e1r eg\u00e9szen j\u00f3l ismerem.<\/p>\n\n\n\n<p class=\"wp-block-paragraph\">Az antikvit\u00e1s itt teljesen term\u00e9szetesen tal\u00e1lkozik a reggeli dug\u00f3val, <strong>barokk sz\u00f6k\u0151kutak d\u00edsz\u00edtik minden m\u00e1sodik teret<\/strong>, \u00e9s folyamatosan az az \u00e9rz\u00e9sed, mintha egy hatalmas \u00e9l\u0151 m\u00fazeumban s\u00e9t\u00e1ln\u00e1l. \u00d6ssze\u00e1ll\u00edtottam neked egy v\u00e9gs\u0151 \u00fatmutat\u00f3t, amelyben huszonh\u00e9t tippet tal\u00e1lsz arra, mit l\u00e1ss \u00e9s mit csin\u00e1lj R\u00f3m\u00e1ban. El\u00e1rulom, hogyan szeress bele ugyan\u00fagy, mint mi, \u00e9s f\u0151leg, hogyan ne \u0151r\u00f6lje fel az idegeidet a v\u00e9gtelen turistat\u00f6meg.<\/p>\n\n\n\n<figure data-wp-context=\"{&quot;imageId&quot;:&quot;6a981d982ef25&quot;}\" data-wp-interactive=\"core\/image\" data-wp-key=\"6a981d982ef25\" class=\"wp-block-image size-full wp-lightbox-container\"><img decoding=\"async\" width=\"1200\" height=\"630\" data-wp-class--hide=\"state.isContentHidden\" data-wp-class--show=\"state.isContentVisible\" data-wp-init=\"callbacks.setButtonStyles\" data-wp-on--click=\"actions.showLightbox\" data-wp-on--load=\"callbacks.setButtonStyles\" data-wp-on--pointerdown=\"actions.preloadImage\" data-wp-on--pointerenter=\"actions.preloadImageWithDelay\" data-wp-on--pointerleave=\"actions.cancelPreload\" data-wp-on-window--resize=\"callbacks.setButtonStyles\" src=\"https:\/\/loudavymkrokem.cz\/wp-content\/uploads\/2022\/07\/co-videt-v-rime.jpg\" alt=\"R\u00f3ma l\u00e1tnival\u00f3k\" class=\"wp-image-92747\" title=\"\" srcset=\"https:\/\/loudavymkrokem.cz\/wp-content\/uploads\/2022\/07\/co-videt-v-rime.jpg 1200w, https:\/\/loudavymkrokem.cz\/wp-content\/uploads\/2022\/07\/co-videt-v-rime-300x158.jpg 300w, https:\/\/loudavymkrokem.cz\/wp-content\/uploads\/2022\/07\/co-videt-v-rime-700x368.jpg 700w, https:\/\/loudavymkrokem.cz\/wp-content\/uploads\/2022\/07\/co-videt-v-rime-768x403.jpg 768w, https:\/\/loudavymkrokem.cz\/wp-content\/uploads\/2022\/07\/co-videt-v-rime-696x365.jpg 696w\" sizes=\"(max-width: 1200px) 100vw, 1200px\" \/><button\n\t\t\tclass=\"lightbox-trigger\"\n\t\t\ttype=\"button\"\n\t\t\taria-haspopup=\"dialog\"\n\t\t\tdata-wp-bind--aria-label=\"state.thisImage.triggerButtonAriaLabel\"\n\t\t\tdata-wp-init=\"callbacks.initTriggerButton\"\n\t\t\tdata-wp-on--click=\"actions.showLightbox\"\n\t\t\tdata-wp-style--right=\"state.thisImage.buttonRight\"\n\t\t\tdata-wp-style--top=\"state.thisImage.buttonTop\"\n\t\t>\n\t\t\t<svg xmlns=\"http:\/\/www.w3.org\/2000\/svg\" width=\"12\" height=\"12\" fill=\"none\" viewBox=\"0 0 12 12\">\n\t\t\t\t<path fill=\"#fff\" d=\"M2 0a2 2 0 0 0-2 2v2h1.5V2a.5.5 0 0 1 .5-.5h2V0H2Zm2 10.5H2a.5.5 0 0 1-.5-.5V8H0v2a2 2 0 0 0 2 2h2v-1.5ZM8 12v-1.5h2a.5.5 0 0 0 .5-.5V8H12v2a2 2 0 0 1-2 2H8Zm2-12a2 2 0 0 1 2 2v2h-1.5V2a.5.5 0 0 0-.5-.5H8V0h2Z\" \/>\n\t\t\t<\/svg>\n\t\t<\/button><figcaption class=\"wp-element-caption\">R\u00f3ma l\u00e1tnival\u00f3k<\/figcaption><\/figure>\n\n\n\n<div id=\"ez-toc-container\" class=\"ez-toc-v2_0_87 ez-toc-wrap-left counter-hierarchy ez-toc-counter ez-toc-grey ez-toc-container-direction\">\n<div class=\"ez-toc-title-container\">\n<p class=\"ez-toc-title\" style=\"cursor:inherit\">A cikk tartalma<\/p>\n<span class=\"ez-toc-title-toggle\"><a href=\"#\" class=\"ez-toc-pull-right ez-toc-btn ez-toc-btn-xs ez-toc-btn-default ez-toc-toggle\" aria-label=\"Toggle Table of Content\"><span class=\"ez-toc-js-icon-con\"><span class=\"\"><span class=\"eztoc-hide\" style=\"display:none;\">Toggle<\/span><span class=\"ez-toc-icon-toggle-span\"><svg style=\"fill: #999;color:#999\" xmlns=\"http:\/\/www.w3.org\/2000\/svg\" class=\"list-377408\" width=\"20px\" height=\"20px\" viewBox=\"0 0 24 24\" fill=\"none\"><path d=\"M6 6H4v2h2V6zm14 0H8v2h12V6zM4 11h2v2H4v-2zm16 0H8v2h12v-2zM4 16h2v2H4v-2zm16 0H8v2h12v-2z\" fill=\"currentColor\"><\/path><\/svg><svg style=\"fill: #999;color:#999\" class=\"arrow-unsorted-368013\" xmlns=\"http:\/\/www.w3.org\/2000\/svg\" width=\"10px\" height=\"10px\" viewBox=\"0 0 24 24\" version=\"1.2\" baseProfile=\"tiny\"><path d=\"M18.2 9.3l-6.2-6.3-6.2 6.3c-.2.2-.3.4-.3.7s.1.5.3.7c.2.2.4.3.7.3h11c.3 0 .5-.1.7-.3.2-.2.3-.5.3-.7s-.1-.5-.3-.7zM5.8 14.7l6.2 6.3 6.2-6.3c.2-.2.3-.5.3-.7s-.1-.5-.3-.7c-.2-.2-.4-.3-.7-.3h-11c-.3 0-.5.1-.7.3-.2.2-.3.5-.3.7s.1.5.3.7z\"\/><\/svg><\/span><\/span><\/span><\/a><\/span><\/div>\n<nav><ul class='ez-toc-list ez-toc-list-level-1 ' ><ul class='ez-toc-list-level-3' ><li class='ez-toc-heading-level-3'><a class=\"ez-toc-link ez-toc-heading-1\" href=\"https:\/\/loudavymkrokem.cz\/hu\/roma-latnivalok-legjobb-helyek\/#Osszefoglalas\" >\u00d6sszefoglal\u00e1s<\/a><\/li><\/ul><\/li><li class='ez-toc-page-1 ez-toc-heading-level-2'><a class=\"ez-toc-link ez-toc-heading-2\" href=\"https:\/\/loudavymkrokem.cz\/hu\/roma-latnivalok-legjobb-helyek\/#Roma_osszes_40_latnivaloja_attekinthetoen\" >R\u00f3ma \u00f6sszes 40 l\u00e1tnival\u00f3ja \u00e1ttekinthet\u0151en<\/a><\/li><li class='ez-toc-page-1 ez-toc-heading-level-2'><a class=\"ez-toc-link ez-toc-heading-3\" href=\"https:\/\/loudavymkrokem.cz\/hu\/roma-latnivalok-legjobb-helyek\/#Mikor_induljunk_Romaba\" >Mikor induljunk R\u00f3m\u00e1ba<\/a><\/li><li class='ez-toc-page-1 ez-toc-heading-level-2'><a class=\"ez-toc-link ez-toc-heading-4\" href=\"https:\/\/loudavymkrokem.cz\/hu\/roma-latnivalok-legjobb-helyek\/#Hol_szallj_meg_Romaban\" >Hol sz\u00e1llj meg R\u00f3m\u00e1ban<\/a><\/li><li class='ez-toc-page-1 ez-toc-heading-level-2'><a class=\"ez-toc-link ez-toc-heading-5\" href=\"https:\/\/loudavymkrokem.cz\/hu\/roma-latnivalok-legjobb-helyek\/#27_leghiresebb_hely_amit_Romaban_nem_hagyhatsz_ki\" >27 legh\u00edresebb hely, amit R\u00f3m\u00e1ban nem hagyhatsz ki<\/a><ul class='ez-toc-list-level-3' ><li class='ez-toc-heading-level-3'><a class=\"ez-toc-link ez-toc-heading-6\" href=\"https:\/\/loudavymkrokem.cz\/hu\/roma-latnivalok-legjobb-helyek\/#1_A_Colosseum_es_arenaja\" >1. A Colosseum \u00e9s ar\u00e9n\u00e1ja<\/a><\/li><li class='ez-toc-page-1 ez-toc-heading-level-3'><a class=\"ez-toc-link ez-toc-heading-7\" href=\"https:\/\/loudavymkrokem.cz\/hu\/roma-latnivalok-legjobb-helyek\/#2_A_Colosseum_alagutrendszere_Hypogeum\" >2. A Colosseum alag\u00fatrendszere (Hypogeum)<\/a><\/li><li class='ez-toc-page-1 ez-toc-heading-level-3'><a class=\"ez-toc-link ez-toc-heading-8\" href=\"https:\/\/loudavymkrokem.cz\/hu\/roma-latnivalok-legjobb-helyek\/#3_A_Romai_Forum_Forum_Romanum\" >3. A R\u00f3mai F\u00f3rum (Forum Romanum)<\/a><\/li><li class='ez-toc-page-1 ez-toc-heading-level-3'><a class=\"ez-toc-link ez-toc-heading-9\" href=\"https:\/\/loudavymkrokem.cz\/hu\/roma-latnivalok-legjobb-helyek\/#4_A_Palatinus-domb_es_a_Farnese-kertek\" >4. A Palatinus-domb \u00e9s a Farnese-kertek<\/a><\/li><li class='ez-toc-page-1 ez-toc-heading-level-3'><a class=\"ez-toc-link ez-toc-heading-10\" href=\"https:\/\/loudavymkrokem.cz\/hu\/roma-latnivalok-legjobb-helyek\/#5_A_Trevi-kut_uj_rendszerben\" >5. A Trevi-k\u00fat \u00faj rendszerben<\/a><\/li><li class='ez-toc-page-1 ez-toc-heading-level-3'><a class=\"ez-toc-link ez-toc-heading-11\" href=\"https:\/\/loudavymkrokem.cz\/hu\/roma-latnivalok-legjobb-helyek\/#6_A_rejtett_Vicus_Caprarius_alagutrendszer\" >6. A rejtett Vicus Caprarius alag\u00fatrendszer<\/a><\/li><li class='ez-toc-page-1 ez-toc-heading-level-3'><a class=\"ez-toc-link ez-toc-heading-12\" href=\"https:\/\/loudavymkrokem.cz\/hu\/roma-latnivalok-legjobb-helyek\/#7_A_Pantheon_es_nyitott_kupolaja\" >7. A Pantheon \u00e9s nyitott kupol\u00e1ja<\/a><\/li><li class='ez-toc-page-1 ez-toc-heading-level-3'><a class=\"ez-toc-link ez-toc-heading-13\" href=\"https:\/\/loudavymkrokem.cz\/hu\/roma-latnivalok-legjobb-helyek\/#8_A_Piazza_Navona_es_a_Negy_Folyo_Kutja\" >8. A Piazza Navona \u00e9s a N\u00e9gy Foly\u00f3 K\u00fatja<\/a><\/li><li class='ez-toc-page-1 ez-toc-heading-level-3'><a class=\"ez-toc-link ez-toc-heading-14\" href=\"https:\/\/loudavymkrokem.cz\/hu\/roma-latnivalok-legjobb-helyek\/#9_A_Vatikani_Muzeumok\" >9. A Vatik\u00e1ni M\u00fazeumok<\/a><\/li><li class='ez-toc-page-1 ez-toc-heading-level-3'><a class=\"ez-toc-link ez-toc-heading-15\" href=\"https:\/\/loudavymkrokem.cz\/hu\/roma-latnivalok-legjobb-helyek\/#10_A_Sixtus-kapolna\" >10. A Sixtus-k\u00e1polna<\/a><\/li><li class='ez-toc-page-1 ez-toc-heading-level-3'><a class=\"ez-toc-link ez-toc-heading-16\" href=\"https:\/\/loudavymkrokem.cz\/hu\/roma-latnivalok-legjobb-helyek\/#11_A_Szent_Peter-bazilika\" >11. A Szent P\u00e9ter-bazilika<\/a><\/li><li class='ez-toc-page-1 ez-toc-heading-level-3'><a class=\"ez-toc-link ez-toc-heading-17\" href=\"https:\/\/loudavymkrokem.cz\/hu\/roma-latnivalok-legjobb-helyek\/#12_Feljutas_a_bazilika_kupolajara\" >12. Feljut\u00e1s a bazilika kupol\u00e1j\u00e1ra<\/a><\/li><li class='ez-toc-page-1 ez-toc-heading-level-3'><a class=\"ez-toc-link ez-toc-heading-18\" href=\"https:\/\/loudavymkrokem.cz\/hu\/roma-latnivalok-legjobb-helyek\/#13_A_Szent_Peter_ter_es_a_papai_audiencia\" >13. A Szent P\u00e9ter t\u00e9r \u00e9s a p\u00e1pai audiencia<\/a><\/li><li class='ez-toc-page-1 ez-toc-heading-level-3'><a class=\"ez-toc-link ez-toc-heading-19\" href=\"https:\/\/loudavymkrokem.cz\/hu\/roma-latnivalok-legjobb-helyek\/#14_Az_Angyalvar_Castel_SantAngelo\" >14. Az Angyalv\u00e1r (Castel Sant&#8217;Angelo)<\/a><\/li><li class='ez-toc-page-1 ez-toc-heading-level-3'><a class=\"ez-toc-link ez-toc-heading-20\" href=\"https:\/\/loudavymkrokem.cz\/hu\/roma-latnivalok-legjobb-helyek\/#15_Az_Angyalhid_Ponte_SantAngelo\" >15. Az Angyalh\u00edd (Ponte Sant&#8217;Angelo)<\/a><\/li><li class='ez-toc-page-1 ez-toc-heading-level-3'><a class=\"ez-toc-link ez-toc-heading-21\" href=\"https:\/\/loudavymkrokem.cz\/hu\/roma-latnivalok-legjobb-helyek\/#16_A_Spanyol_lepcso\" >16. A Spanyol l\u00e9pcs\u0151<\/a><\/li><li class='ez-toc-page-1 ez-toc-heading-level-3'><a class=\"ez-toc-link ez-toc-heading-22\" href=\"https:\/\/loudavymkrokem.cz\/hu\/roma-latnivalok-legjobb-helyek\/#17_A_Via_Condotti_koruli_uzleti_negyed\" >17. A Via Condotti k\u00f6r\u00fcli \u00fczleti negyed<\/a><\/li><li class='ez-toc-page-1 ez-toc-heading-level-3'><a class=\"ez-toc-link ez-toc-heading-23\" href=\"https:\/\/loudavymkrokem.cz\/hu\/roma-latnivalok-legjobb-helyek\/#18_A_romantikus_Trastevere_Tiberis-tulpart\" >18. A romantikus Trastevere (Tiberis-t\u00falpart)<\/a><\/li><li class='ez-toc-page-1 ez-toc-heading-level-3'><a class=\"ez-toc-link ez-toc-heading-24\" href=\"https:\/\/loudavymkrokem.cz\/hu\/roma-latnivalok-legjobb-helyek\/#19_A_Campo_de_Fiori_piaca\" >19. A Campo de&#8217; Fiori piaca<\/a><\/li><li class='ez-toc-page-1 ez-toc-heading-level-3'><a class=\"ez-toc-link ez-toc-heading-25\" href=\"https:\/\/loudavymkrokem.cz\/hu\/roma-latnivalok-legjobb-helyek\/#20_A_zsido_getto_es_az_articsoka\" >20. A zsid\u00f3 gett\u00f3 \u00e9s az artics\u00f3ka<\/a><\/li><li class='ez-toc-page-1 ez-toc-heading-level-3'><a class=\"ez-toc-link ez-toc-heading-26\" href=\"https:\/\/loudavymkrokem.cz\/hu\/roma-latnivalok-legjobb-helyek\/#21_A_Piazza_del_Popolo\" >21. A Piazza del Popolo<\/a><\/li><li class='ez-toc-page-1 ez-toc-heading-level-3'><a class=\"ez-toc-link ez-toc-heading-27\" href=\"https:\/\/loudavymkrokem.cz\/hu\/roma-latnivalok-legjobb-helyek\/#22_A_Pincio-kertek_Pincio\" >22. A Pincio-kertek (Pincio)<\/a><\/li><li class='ez-toc-page-1 ez-toc-heading-level-3'><a class=\"ez-toc-link ez-toc-heading-28\" href=\"https:\/\/loudavymkrokem.cz\/hu\/roma-latnivalok-legjobb-helyek\/#23_A_Villa_Borghese_es_a_park\" >23. A Villa Borghese \u00e9s a park<\/a><\/li><li class='ez-toc-page-1 ez-toc-heading-level-3'><a class=\"ez-toc-link ez-toc-heading-29\" href=\"https:\/\/loudavymkrokem.cz\/hu\/roma-latnivalok-legjobb-helyek\/#24_A_Galleria_Borghese\" >24. A Galleria Borghese<\/a><\/li><li class='ez-toc-page-1 ez-toc-heading-level-3'><a class=\"ez-toc-link ez-toc-heading-30\" href=\"https:\/\/loudavymkrokem.cz\/hu\/roma-latnivalok-legjobb-helyek\/#25_A_Nemzeti_Galeria_GNAM\" >25. A Nemzeti Gal\u00e9ria (GNAM)<\/a><\/li><li class='ez-toc-page-1 ez-toc-heading-level-3'><a class=\"ez-toc-link ez-toc-heading-31\" href=\"https:\/\/loudavymkrokem.cz\/hu\/roma-latnivalok-legjobb-helyek\/#26_Az_Igazsag_Szaja_Bocca_della_Verita\" >26. Az Igazs\u00e1g Sz\u00e1ja (Bocca della Verit\u00e0)<\/a><\/li><li class='ez-toc-page-1 ez-toc-heading-level-3'><a class=\"ez-toc-link ez-toc-heading-32\" href=\"https:\/\/loudavymkrokem.cz\/hu\/roma-latnivalok-legjobb-helyek\/#27_A_Testaccio_negyed_es_a_hagyomanyos_gasztronomia\" >27. A Testaccio negyed \u00e9s a hagyom\u00e1nyos gasztron\u00f3mia<\/a><\/li><\/ul><\/li><li class='ez-toc-page-1 ez-toc-heading-level-2'><a class=\"ez-toc-link ez-toc-heading-33\" href=\"https:\/\/loudavymkrokem.cz\/hu\/roma-latnivalok-legjobb-helyek\/#Roma_a_tomegen_kivul_13_hely_ahova_a_turistak_nem_jarnak\" >R\u00f3ma a t\u00f6megen k\u00edv\u00fcl: 13 hely, ahov\u00e1 a turist\u00e1k nem j\u00e1rnak<\/a><ul class='ez-toc-list-level-3' ><li class='ez-toc-heading-level-3'><a class=\"ez-toc-link ez-toc-heading-34\" href=\"https:\/\/loudavymkrokem.cz\/hu\/roma-latnivalok-legjobb-helyek\/#28_A_San_Clemente-bazilika_es_a_tortenelem_harom_szintje\" >28. A San Clemente-bazilika \u00e9s a t\u00f6rt\u00e9nelem h\u00e1rom szintje<\/a><\/li><li class='ez-toc-page-1 ez-toc-heading-level-3'><a class=\"ez-toc-link ez-toc-heading-35\" href=\"https:\/\/loudavymkrokem.cz\/hu\/roma-latnivalok-legjobb-helyek\/#29_Az_aventinusi_kulcslyuk_es_a_Narancsliget\" >29. Az aventinusi kulcslyuk \u00e9s a Narancsliget<\/a><\/li><li class='ez-toc-page-1 ez-toc-heading-level-3'><a class=\"ez-toc-link ez-toc-heading-36\" href=\"https:\/\/loudavymkrokem.cz\/hu\/roma-latnivalok-legjobb-helyek\/#30_A_Coppede_negyed\" >30. A Copped\u00e8 negyed<\/a><\/li><li class='ez-toc-page-1 ez-toc-heading-level-3'><a class=\"ez-toc-link ez-toc-heading-37\" href=\"https:\/\/loudavymkrokem.cz\/hu\/roma-latnivalok-legjobb-helyek\/#31_Centrale_Montemartini_%E2%80%94_antik_szobrok_a_turbinak_kozott\" >31. Centrale Montemartini \u2014 antik szobrok a turbin\u00e1k k\u00f6z\u00f6tt<\/a><\/li><li class='ez-toc-page-1 ez-toc-heading-level-3'><a class=\"ez-toc-link ez-toc-heading-38\" href=\"https:\/\/loudavymkrokem.cz\/hu\/roma-latnivalok-legjobb-helyek\/#32_A_Galleria_Sciarra\" >32. A Galleria Sciarra<\/a><\/li><li class='ez-toc-page-1 ez-toc-heading-level-3'><a class=\"ez-toc-link ez-toc-heading-39\" href=\"https:\/\/loudavymkrokem.cz\/hu\/roma-latnivalok-legjobb-helyek\/#33_A_Via_Appia_Antica_es_a_katakombak\" >33. A Via Appia Antica \u00e9s a katakomb\u00e1k<\/a><\/li><li class='ez-toc-page-1 ez-toc-heading-level-3'><a class=\"ez-toc-link ez-toc-heading-40\" href=\"https:\/\/loudavymkrokem.cz\/hu\/roma-latnivalok-legjobb-helyek\/#34_Domus_Aurea_%E2%80%94_Nero_aranyhaza\" >34. Domus Aurea \u2014 Nero aranyh\u00e1za<\/a><\/li><li class='ez-toc-page-1 ez-toc-heading-level-3'><a class=\"ez-toc-link ez-toc-heading-41\" href=\"https:\/\/loudavymkrokem.cz\/hu\/roma-latnivalok-legjobb-helyek\/#35_A_Santa_Maria_Maggiore-bazilika\" >35. A Santa Maria Maggiore-bazilika<\/a><\/li><li class='ez-toc-page-1 ez-toc-heading-level-3'><a class=\"ez-toc-link ez-toc-heading-42\" href=\"https:\/\/loudavymkrokem.cz\/hu\/roma-latnivalok-legjobb-helyek\/#36_A_Kapitoliumi_Muzeumok_es_a_Piazza_del_Campidoglio\" >36. A Kapit\u00f3liumi M\u00fazeumok \u00e9s a Piazza del Campidoglio<\/a><\/li><li class='ez-toc-page-1 ez-toc-heading-level-3'><a class=\"ez-toc-link ez-toc-heading-43\" href=\"https:\/\/loudavymkrokem.cz\/hu\/roma-latnivalok-legjobb-helyek\/#37_A_Caracalla-furdo\" >37. A Caracalla-f\u00fcrd\u0151<\/a><\/li><li class='ez-toc-page-1 ez-toc-heading-level-3'><a class=\"ez-toc-link ez-toc-heading-44\" href=\"https:\/\/loudavymkrokem.cz\/hu\/roma-latnivalok-legjobb-helyek\/#38_Gianicolo_%E2%80%94_kilato_es_a_deli_agyu\" >38. Gianicolo \u2014 kil\u00e1t\u00f3 \u00e9s a d\u00e9li \u00e1gy\u00fa<\/a><\/li><li class='ez-toc-page-1 ez-toc-heading-level-3'><a class=\"ez-toc-link ez-toc-heading-45\" href=\"https:\/\/loudavymkrokem.cz\/hu\/roma-latnivalok-legjobb-helyek\/#39_A_falakon_kivuli_Szent_Pal-bazilika\" >39. A falakon k\u00edv\u00fcli Szent P\u00e1l-bazilika<\/a><\/li><li class='ez-toc-page-1 ez-toc-heading-level-3'><a class=\"ez-toc-link ez-toc-heading-46\" href=\"https:\/\/loudavymkrokem.cz\/hu\/roma-latnivalok-legjobb-helyek\/#40_Az_EUR_negyed_es_a_Quadrato_della_Concordia\" >40. Az EUR negyed \u00e9s a Quadrato della Concordia<\/a><\/li><\/ul><\/li><li class='ez-toc-page-1 ez-toc-heading-level-2'><a class=\"ez-toc-link ez-toc-heading-47\" href=\"https:\/\/loudavymkrokem.cz\/hu\/roma-latnivalok-legjobb-helyek\/#Mit_lehet_Romaban_teljesen_ingyen_latni\" >Mit lehet R\u00f3m\u00e1ban teljesen ingyen l\u00e1tni<\/a><\/li><li class='ez-toc-page-1 ez-toc-heading-level-2'><a class=\"ez-toc-link ez-toc-heading-48\" href=\"https:\/\/loudavymkrokem.cz\/hu\/roma-latnivalok-legjobb-helyek\/#Roma_1_2_vagy_3_nap_alatt_gyors_terv\" >R\u00f3ma 1, 2 vagy 3 nap alatt: gyors terv<\/a><\/li><li class='ez-toc-page-1 ez-toc-heading-level-2'><a class=\"ez-toc-link ez-toc-heading-49\" href=\"https:\/\/loudavymkrokem.cz\/hu\/roma-latnivalok-legjobb-helyek\/#Kozlekedes_Romaban_a_repterrol_metroval_es_gyalog_is\" >K\u00f6zleked\u00e9s R\u00f3m\u00e1ban: a rept\u00e9rr\u0151l, metr\u00f3val \u00e9s gyalog is<\/a><\/li><li class='ez-toc-page-1 ez-toc-heading-level-2'><a class=\"ez-toc-link ez-toc-heading-50\" href=\"https:\/\/loudavymkrokem.cz\/hu\/roma-latnivalok-legjobb-helyek\/#Hova_ne_menj_inkabb_Romaban_es_mire_figyelj\" >Hov\u00e1 ne menj ink\u00e1bb R\u00f3m\u00e1ban, \u00e9s mire figyelj<\/a><\/li><li class='ez-toc-page-1 ez-toc-heading-level-2'><a class=\"ez-toc-link ez-toc-heading-51\" href=\"https:\/\/loudavymkrokem.cz\/hu\/roma-latnivalok-legjobb-helyek\/#Hova_tovabb_Romabol\" >Hov\u00e1 tov\u00e1bb R\u00f3m\u00e1b\u00f3l<\/a><\/li><li class='ez-toc-page-1 ez-toc-heading-level-2'><a class=\"ez-toc-link ez-toc-heading-52\" href=\"https:\/\/loudavymkrokem.cz\/hu\/roma-latnivalok-legjobb-helyek\/#Gyakran_ismetelt_kerdesek\" >Gyakran ism\u00e9telt k\u00e9rd\u00e9sek<\/a><ul class='ez-toc-list-level-3' ><li class='ez-toc-heading-level-3'><a class=\"ez-toc-link ez-toc-heading-53\" href=\"https:\/\/loudavymkrokem.cz\/hu\/roma-latnivalok-legjobb-helyek\/#Hany_napra_van_szuksegem_Roma_meglatogatasahoz\" >H\u00e1ny napra van sz\u00fcks\u00e9gem R\u00f3ma megl\u00e1togat\u00e1s\u00e1hoz?<\/a><\/li><li class='ez-toc-page-1 ez-toc-heading-level-3'><a class=\"ez-toc-link ez-toc-heading-54\" href=\"https:\/\/loudavymkrokem.cz\/hu\/roma-latnivalok-legjobb-helyek\/#Ihato_Romaban_a_csapviz\" >Ihat\u00f3 R\u00f3m\u00e1ban a csapv\u00edz?<\/a><\/li><li class='ez-toc-page-1 ez-toc-heading-level-3'><a class=\"ez-toc-link ez-toc-heading-55\" href=\"https:\/\/loudavymkrokem.cz\/hu\/roma-latnivalok-legjobb-helyek\/#Van_oltozkodesi_eloiras_a_latnivaloknal\" >Van \u00f6lt\u00f6zk\u00f6d\u00e9si el\u0151\u00edr\u00e1s a l\u00e1tnival\u00f3kn\u00e1l?<\/a><\/li><li class='ez-toc-page-1 ez-toc-heading-level-3'><a class=\"ez-toc-link ez-toc-heading-56\" href=\"https:\/\/loudavymkrokem.cz\/hu\/roma-latnivalok-legjobb-helyek\/#Hogyan_jutok_el_legkonnyebben_a_Fiumicino_repuloterrol_a_belvarosba\" >Hogyan jutok el legk\u00f6nnyebben a Fiumicino rep\u00fcl\u0151t\u00e9rr\u0151l a belv\u00e1rosba?<\/a><\/li><li class='ez-toc-page-1 ez-toc-heading-level-3'><a class=\"ez-toc-link ez-toc-heading-57\" href=\"https:\/\/loudavymkrokem.cz\/hu\/roma-latnivalok-legjobb-helyek\/#Vihetek_hatizsakot_a_Colosseumba_vagy_a_Vatikanba\" >Vihetek h\u00e1tizs\u00e1kot a Colosseumba vagy a Vatik\u00e1nba?<\/a><\/li><li class='ez-toc-page-1 ez-toc-heading-level-3'><a class=\"ez-toc-link ez-toc-heading-58\" href=\"https:\/\/loudavymkrokem.cz\/hu\/roma-latnivalok-legjobb-helyek\/#Hogyan_mukodik_a_romai_tomegkozlekedes_es_mennyibe_kerul_a_jegy\" >Hogyan m\u0171k\u00f6dik a r\u00f3mai t\u00f6megk\u00f6zleked\u00e9s \u00e9s mennyibe ker\u00fcl a jegy?<\/a><\/li><li class='ez-toc-page-1 ez-toc-heading-level-3'><a class=\"ez-toc-link ez-toc-heading-59\" href=\"https:\/\/loudavymkrokem.cz\/hu\/roma-latnivalok-legjobb-helyek\/#Biztonsagos_a_64-es_busszal_utazni_a_Vatikanhoz\" >Biztons\u00e1gos a 64-es busszal utazni a Vatik\u00e1nhoz?<\/a><\/li><li class='ez-toc-page-1 ez-toc-heading-level-3'><a class=\"ez-toc-link ez-toc-heading-60\" href=\"https:\/\/loudavymkrokem.cz\/hu\/roma-latnivalok-legjobb-helyek\/#Hol_talalok_a_belvarosban_nyilvanos_WC-t\" >Hol tal\u00e1lok a belv\u00e1rosban nyilv\u00e1nos WC-t?<\/a><\/li><\/ul><\/li><\/ul><\/nav><\/div>\n<h3 class=\"wp-block-heading\"><span class=\"ez-toc-section\" id=\"Osszefoglalas\"><\/span>\u00d6sszefoglal\u00e1s<span class=\"ez-toc-section-end\"><\/span><\/h3>\n\n\n\n<ul class=\"wp-block-list\">\n\n<li>  <strong>A jegyeket egy h\u00f3nappal el\u0151re vedd meg.<\/strong> Online foglal\u00e1s n\u00e9lk\u00fcl a Colosseumba, a Vatik\u00e1nba vagy a Galleria Borghes\u00e9be egyszer\u0171en be sem jutsz, csak az id\u0151det vesztegeted.<\/li>\n\n\n<li>  <strong>\u00daj d\u00edjak 2026-ban.<\/strong> A Trevi-k\u00fat medenc\u00e9j\u00e9hez 2026 febru\u00e1rj\u00e1t\u00f3l k\u00e9t eur\u00f3t kell fizetni, a Pantheon pedig 2026 j\u00falius\u00e1t\u00f3l h\u00e9t eur\u00f3ra dr\u00e1gult.<\/li>\n\n\n<li>  <strong>A jubileum m\u00e1r m\u00f6g\u00f6tt\u00fcnk.<\/strong> Az \u0151r\u00fclt 2025-\u00f6s Szent\u00e9v v\u00e9get \u00e9rt, a v\u00e1ros leszedte az \u00e1llv\u00e1nyokat, \u00e9s az utc\u00e1k v\u00e9gre valamivel leveg\u0151sebbek.<\/li>\n\n\n<li>  <strong>Ne vegy\u00e9l palackozott vizet.<\/strong> A v\u00e1rosban ezernyi \u00f6nt\u00f6ttvas iv\u00f3k\u00fat van, j\u00e9ghideg \u00e9s kiv\u00e1l\u00f3 ingyenes iv\u00f3v\u00edzzel, el\u00e9g egy saj\u00e1t palack.<\/li>\n\n\n<li>  <strong>A k\u00e9nyelmes cip\u0151 alapk\u00f6vetelm\u00e9ny.<\/strong> A r\u00f3mai bazaltkock\u00e1k k\u00edm\u00e9letlenek, a magas sark\u00fa vagy v\u00e9kony szand\u00e1l pedig biztosan t\u00f6nkreteszi az eg\u00e9sz kir\u00e1ndul\u00e1st.<\/li>\n\n\n<li>  <strong>Tartsd be a szigor\u00fa dress code-ot.<\/strong> A Vatik\u00e1ni M\u00fazeumokba, a Szent P\u00e9ter-bazilik\u00e1ba \u00e9s a Pantheonba fedetlen v\u00e1llal vagy t\u00e9rddel nem engednek be.<\/li>\n\n\n<li>  <strong>Vigy\u00e1zz a zsebtolvajokra \u00e9s a csal\u00f3kra.<\/strong> \u00d3vd a holmidat a zs\u00fafolt metr\u00f3ban \u00e9s a 64-es buszon, a Colosseum el\u0151tti hamis gladi\u00e1torokat pedig hagyd figyelmen k\u00edv\u00fcl.<\/li>\n\n<\/ul>\n\n\n\n<h2 class=\"wp-block-heading\"><span class=\"ez-toc-section\" id=\"Roma_osszes_40_latnivaloja_attekinthetoen\"><\/span>R\u00f3ma \u00f6sszes 40 l\u00e1tnival\u00f3ja \u00e1ttekinthet\u0151en<span class=\"ez-toc-section-end\"><\/span><\/h2>\n\n\n\n<p class=\"wp-block-paragraph\"><strong>Ez a t\u00e1bl\u00e1zat az eg\u00e9sz cikk di\u00f3h\u00e9jban.<\/strong> Megtal\u00e1lod benne az \u00fatmutat\u00f3 mind a negyven hely\u00e9t, negyedek szerint rendezve, \u00edgy k\u00f6nnyen \u00f6ssze\u00e1ll\u00edthatod bel\u0151le az \u00fatvonalat \u00fagy, hogy ne rohang\u00e1lj feleslegesen kereszt\u00fcl-kasul az eg\u00e9sz v\u00e1roson. Az \u00e1rak a 2026-os feln\u0151tt bel\u00e9p\u0151re vonatkoznak.<\/p>\n\n\n\n<figure class=\"wp-block-table is-style-stripes\"><table><thead><tr><th>Hely<\/th><th>Negyed<\/th><th>Bel\u00e9p\u0151 2026<\/th><th>Mennyi id\u0151<\/th><th>Hogyan jutsz oda<\/th><\/tr><\/thead><tbody><tr><td>Colosseum<\/td><td>Colosseo<\/td><td>18 \u20ac + 2 \u20ac foglal\u00e1s<\/td><td>2 \u00f3<\/td><td>metr\u00f3 Colosseo (B, C)<\/td><\/tr><tr><td>Forum Romanum \u00e9s Palatinus<\/td><td>Colosseo<\/td><td>a Colosseum jegy\u00e9ben<\/td><td>2 \u00f3<\/td><td>metr\u00f3 Colosseo (B)<\/td><\/tr><tr><td>Domus Aurea<\/td><td>Colle Oppio<\/td><td>fizet\u0151s, csak idegenvezet\u0151vel<\/td><td>1,5 \u00f3<\/td><td>metr\u00f3 Colosseo (B, C)<\/td><\/tr><tr><td>San Clemente-bazilika<\/td><td>Monti<\/td><td>a pincer\u00e9sz fizet\u0151s<\/td><td>1 \u00f3<\/td><td>metr\u00f3 Colosseo (B, C)<\/td><\/tr><tr><td>Santa Maria Maggiore-bazilika<\/td><td>Esquilino<\/td><td>ingyenes<\/td><td>45 perc<\/td><td>metr\u00f3 Termini vagy Cavour (B)<\/td><\/tr><tr><td>Kapit\u00f3liumi M\u00fazeumok<\/td><td>Campitelli<\/td><td>fizet\u0151s<\/td><td>2\u20133 \u00f3<\/td><td>gyalog a Piazza Venezi\u00e1r\u00f3l<\/td><\/tr><tr><td>Piazza del Campidoglio<\/td><td>Campitelli<\/td><td>ingyenes<\/td><td>20 perc<\/td><td>gyalog a Piazza Venezi\u00e1r\u00f3l<\/td><\/tr><tr><td>Pantheon<\/td><td>Pigna<\/td><td>7 \u20ac<\/td><td>45 perc<\/td><td>gyalog a Piazza Venezi\u00e1r\u00f3l<\/td><\/tr><tr><td>Piazza Navona<\/td><td>Parione<\/td><td>ingyenes<\/td><td>30 perc<\/td><td>gyalog a Pantheont\u00f3l<\/td><\/tr><tr><td>Campo de&#8217; Fiori<\/td><td>Parione<\/td><td>ingyenes<\/td><td>30 perc<\/td><td>gyalog a Piazza Navon\u00e1r\u00f3l<\/td><\/tr><tr><td>Zsid\u00f3 gett\u00f3<\/td><td>Sant&#8217;Angelo<\/td><td>ingyenes<\/td><td>1 \u00f3<\/td><td>gyalog a Piazza Venezi\u00e1r\u00f3l<\/td><\/tr><tr><td>Trevi-k\u00fat<\/td><td>Trevi<\/td><td>2 \u20ac a medenc\u00e9hez, fentr\u0151l ingyenes<\/td><td>30 perc<\/td><td>metr\u00f3 Barberini (A)<\/td><\/tr><tr><td>Vicus Caprarius<\/td><td>Trevi<\/td><td>fizet\u0151s<\/td><td>30 perc<\/td><td>metr\u00f3 Barberini (A)<\/td><\/tr><tr><td>Galleria Sciarra<\/td><td>Trevi<\/td><td>ingyenes<\/td><td>10 perc<\/td><td>metr\u00f3 Barberini (A)<\/td><\/tr><tr><td>Spanyol l\u00e9pcs\u0151<\/td><td>Campo Marzio<\/td><td>ingyenes (\u00fclni tilos)<\/td><td>20 perc<\/td><td>metr\u00f3 Spagna (A)<\/td><\/tr><tr><td>Via Condotti<\/td><td>Campo Marzio<\/td><td>ingyenes<\/td><td>30 perc<\/td><td>metr\u00f3 Spagna (A)<\/td><\/tr><tr><td>Piazza del Popolo<\/td><td>Campo Marzio<\/td><td>ingyenes<\/td><td>30 perc<\/td><td>metr\u00f3 Flaminio (A)<\/td><\/tr><tr><td>Pincio<\/td><td>Campo Marzio<\/td><td>ingyenes<\/td><td>20 perc<\/td><td>metr\u00f3 Flaminio (A)<\/td><\/tr><tr><td>Villa Borghese<\/td><td>Pinciano<\/td><td>ingyenes<\/td><td>1\u20132 \u00f3<\/td><td>metr\u00f3 Spagna vagy Flaminio (A)<\/td><\/tr><tr><td>Galleria Borghese<\/td><td>Pinciano<\/td><td>16 \u20ac + 2 \u20ac, foglal\u00e1s k\u00f6telez\u0151<\/td><td>2 \u00f3 (fix id\u0151s\u00e1v)<\/td><td>metr\u00f3 Spagna (A)<\/td><\/tr><tr><td>GNAM Nemzeti Gal\u00e9ria<\/td><td>Pinciano<\/td><td>fizet\u0151s<\/td><td>1,5 \u00f3<\/td><td>3-as vagy 19-es villamos<\/td><\/tr><tr><td>Copped\u00e8 negyed<\/td><td>Trieste<\/td><td>ingyenes<\/td><td>30 perc<\/td><td>3-as vagy 19-es villamos<\/td><\/tr><tr><td>Vatik\u00e1ni M\u00fazeumok \u00e9s Sixtus-k\u00e1polna<\/td><td>Vatik\u00e1n<\/td><td>20 \u20ac helyben, 25 \u20ac online<\/td><td>3\u20134 \u00f3<\/td><td>metr\u00f3 Ottaviano (A)<\/td><\/tr><tr><td>Szent P\u00e9ter-bazilika<\/td><td>Vatik\u00e1n<\/td><td>ingyenes<\/td><td>1 \u00f3<\/td><td>metr\u00f3 Ottaviano (A)<\/td><\/tr><tr><td>A Szent P\u00e9ter-bazilika kupol\u00e1ja<\/td><td>Vatik\u00e1n<\/td><td>8 \u20ac gyalog, 10 \u20ac lifttel<\/td><td>1 \u00f3<\/td><td>metr\u00f3 Ottaviano (A)<\/td><\/tr><tr><td>Szent P\u00e9ter t\u00e9r<\/td><td>Vatik\u00e1n<\/td><td>ingyenes<\/td><td>30 perc<\/td><td>metr\u00f3 Ottaviano (A)<\/td><\/tr><tr><td>Angyalv\u00e1r<\/td><td>Borgo<\/td><td>fizet\u0151s<\/td><td>1,5 \u00f3<\/td><td>metr\u00f3 Lepanto (A)<\/td><\/tr><tr><td>Angyalh\u00edd<\/td><td>Ponte<\/td><td>ingyenes<\/td><td>15 perc<\/td><td>metr\u00f3 Lepanto (A)<\/td><\/tr><tr><td>Trastevere<\/td><td>Trastevere<\/td><td>ingyenes<\/td><td>2\u20133 \u00f3<\/td><td>8-as villamos a Largo Argentin\u00e1r\u00f3l<\/td><\/tr><tr><td>Gianicolo<\/td><td>Trastevere<\/td><td>ingyenes<\/td><td>1 \u00f3<\/td><td>gyalog fel Trastever\u00e9b\u0151l<\/td><\/tr><tr><td>Az Igazs\u00e1g Sz\u00e1ja<\/td><td>Ripa<\/td><td>jelk\u00e9pes adom\u00e1ny<\/td><td>20 perc<\/td><td>metr\u00f3 Circo Massimo (B)<\/td><\/tr><tr><td>Circus Maximus<\/td><td>Ripa<\/td><td>ingyenes<\/td><td>20 perc<\/td><td>metr\u00f3 Circo Massimo (B)<\/td><\/tr><tr><td>Aventinusi kulcslyuk<\/td><td>Aventino<\/td><td>ingyenes<\/td><td>30 perc a kerttel<\/td><td>metr\u00f3 Circo Massimo (B)<\/td><\/tr><tr><td>Narancsliget<\/td><td>Aventino<\/td><td>ingyenes<\/td><td>30 perc<\/td><td>metr\u00f3 Circo Massimo (B)<\/td><\/tr><tr><td>Caracalla-f\u00fcrd\u0151<\/td><td>Aventino<\/td><td>fizet\u0151s<\/td><td>1,5 \u00f3<\/td><td>metr\u00f3 Circo Massimo (B)<\/td><\/tr><tr><td>Testaccio negyed<\/td><td>Testaccio<\/td><td>ingyenes<\/td><td>2 \u00f3<\/td><td>metr\u00f3 Piramide (B)<\/td><\/tr><tr><td>Centrale Montemartini<\/td><td>Ostiense<\/td><td>fizet\u0151s<\/td><td>1,5 \u00f3<\/td><td>metr\u00f3 Garbatella (B)<\/td><\/tr><tr><td>Falakon k\u00edv\u00fcli Szent P\u00e1l-bazilika<\/td><td>Ostiense<\/td><td>ingyenes<\/td><td>45 perc<\/td><td>metr\u00f3 Basilica San Paolo (B)<\/td><\/tr><tr><td>Via Appia Antica \u00e9s katakomb\u00e1k<\/td><td>Appio<\/td><td>a katakomb\u00e1k fizet\u0151sek<\/td><td>f\u00e9l nap<\/td><td>118-as busz, h\u00e9tv\u00e9g\u00e9n aut\u00f3mentes<\/td><\/tr><tr><td>EUR negyed<\/td><td>EUR<\/td><td>ingyenes<\/td><td>1\u20132 \u00f3<\/td><td>metr\u00f3 EUR Magliana vagy EUR Fermi (B)<\/td><\/tr><\/tbody><\/table><figcaption class=\"wp-element-caption\">R\u00f3ma mind a 40 l\u00e1tnival\u00f3ja negyedek szerint \u2014 az \u00e1rak \u00e9s a nyitvatart\u00e1s v\u00e1ltozhat, indul\u00e1s el\u0151tt ellen\u0151rizd \u0151ket a l\u00e1tnival\u00f3k hivatalos oldalain.<\/figcaption><\/figure>\n\n\n\n<p class=\"wp-block-paragraph\">\ud83d\udca1 <strong>Tipp:<\/strong> A legdr\u00e1g\u00e1bb t\u00e9teleket foglald le els\u0151k\u00e9nt \u2014 a <a href=\"https:\/\/loudavymkrokem.cz\/hu\/colosseum-roma-belepo-tippek\/\">Colosseum<\/a> jegyei pontosan harminc nappal el\u0151re szabadulnak fel, a <a href=\"https:\/\/loudavymkrokem.cz\/hu\/galleria-borghese-roma-latnivalok\/\">Galleria Borghese<\/a> pedig fix k\u00e9t\u00f3r\u00e1s id\u0151s\u00e1vokban m\u0171k\u00f6dik, amelyek az \u00f6sszes r\u00f3mai l\u00e1tnival\u00f3 k\u00f6z\u00fcl a leggyorsabban fogynak el. Csak ezek k\u00f6r\u00e9 \u00e9p\u00edtsd fel a t\u00f6bbi programot.<\/p>\n\n\n\n<h2 class=\"wp-block-heading\"><span class=\"ez-toc-section\" id=\"Mikor_induljunk_Romaba\"><\/span>Mikor induljunk R\u00f3m\u00e1ba<span class=\"ez-toc-section-end\"><\/span><\/h2>\n\n\n\n<p class=\"wp-block-paragraph\">A v\u00e9gtelen t\u00f6meg n\u00e9lk\u00fcli t\u00f6k\u00e9letes id\u0151j\u00e1r\u00e1s vad\u00e1szata R\u00f3m\u00e1ban amolyan alk\u00edmia, ami nem mindig siker\u00fcl. A l\u00e1togat\u00e1sra a <strong>legjobb h\u00f3napok a m\u00e1jus, j\u00fanius, szeptember \u00e9s okt\u00f3ber<\/strong>. \u0150sszel a h\u0151m\u00e9rs\u00e9klet a kellemes huszonk\u00e9t fok k\u00f6r\u00fcl marad, a leveg\u0151 a ny\u00e1r ut\u00e1n sz\u00e9pen kitisztul, a v\u00e1ros pedig gy\u00f6ny\u00f6r\u0171, l\u00e1gy f\u00e9nyt kap, ami t\u00f6k\u00e9letes a f\u00e9nyk\u00e9pez\u00e9shez.<\/p>\n\n\n\n<p class=\"wp-block-paragraph\">Est\u00e9re n\u00e9ha ugyan m\u00e1r j\u00f3lesik egy v\u00e9kony pul\u00f3ver, de napk\u00f6zben <strong>tizen\u00f6t kilom\u00e9tert is le tudsz gyalogolni<\/strong> an\u00e9lk\u00fcl, hogy folyamatosan az \u00e1jul\u00e1s ker\u00fclgetne. Ennek a luxusk\u00e9nyelemnek azonban meglehet\u0151sen borsos az \u00e1ra, mert az \u0151szi \u00e9s tavaszi h\u00f3napok az abszol\u00fat f\u0151szezont jelentik. A sz\u00e1llod\u00e1k telt h\u00e1zat jelentenek, a belv\u00e1rosi sik\u00e1torok pedig egy nagy hangyabolyra eml\u00e9keztetnek, \u00fagyhogy t\u00fcrelemmel kell felv\u00e9rtezned magad.<\/p>\n\n\n\n<p class=\"wp-block-paragraph\">A ny\u00e1r R\u00f3m\u00e1ban a fizikai \u00e9s lelki \u00e1ll\u00f3k\u00e9pess\u00e9g igazi pr\u00f3bat\u00e9tele, amit <strong>Luk\u00e1\u0161sal a saj\u00e1t b\u0151r\u00fcnk\u00f6n tapasztaltunk meg<\/strong>. J\u00faliusban \u00e9s augusztusban a h\u0151m\u00e9rs\u00e9klet megb\u00edzhat\u00f3an harminc fok f\u00f6l\u00e9 k\u00faszik, a p\u00e1ratartalom pedig a legszebb sz\u0171k sik\u00e1torokat is fullaszt\u00f3 \u00fcvegh\u00e1zz\u00e1 v\u00e1ltoztatja, egy szell\u0151 n\u00e9lk\u00fcl. Ha ny\u00e1ron indulsz \u00fatnak, radik\u00e1lisan meg kell v\u00e1ltoztatnod a napi ritmusodat, \u00e9s felejtsd el az eg\u00e9sz napos rohang\u00e1l\u00e1st.<\/p>\n\n\n\n<p class=\"wp-block-paragraph\">Az \u00e9breszt\u0151t hajnali hatra \u00e1ll\u00edtsd, <strong>a f\u0151bb l\u00e1tnival\u00f3kat t\u00edz \u00f3r\u00e1ig n\u00e9zd meg<\/strong>, \u00e9s amint k\u00f6zeledik a d\u00e9l, h\u00faz\u00f3dj be egy klimatiz\u00e1lt \u00e9tterembe egy hossz\u00fa eb\u00e9dre. A d\u00e9lut\u00e1ni szieszt\u00e1z\u00e1s a sz\u00e1llod\u00e1n egyszer\u0171en nem lustas\u00e1g Olaszorsz\u00e1gban, hanem a t\u00fal\u00e9l\u00e9s puszta felt\u00e9tele. Az augusztusnak van m\u00e9g egy saj\u00e1toss\u00e1ga a Ferragosto \u00fcnnepe form\u00e1j\u00e1ban, amikor sok helyi lakos bez\u00e1rja a lak\u00e1s\u00e1t, \u00e9s t\u00f6megesen menek\u00fcl a tengerhez.<\/p>\n\n\n\n<p class=\"wp-block-paragraph\">A 2026-os \u00e9v szerencs\u00e9re \u00f3ri\u00e1si megk\u00f6nnyebb\u00fcl\u00e9st hoz <strong>az \u0151r\u00fclt 2025-\u00f6s Szent\u00e9v ut\u00e1n<\/strong>, amikor a v\u00e1ros sz\u00f3 szerint \u00f6sszeomlott a vil\u00e1g minden t\u00e1j\u00e1r\u00f3l \u00e9rkez\u0151 milli\u00f3nyi zar\u00e1ndok rohama alatt. A Szent Kaput janu\u00e1rban \u00fcnnep\u00e9lyesen befalazt\u00e1k, a v\u00e1ros rendbe tette az infrastrukt\u00far\u00e1t, \u00e9s az utc\u00e1k v\u00e9gre valamivel leveg\u0151sebbek. Ennek ellen\u00e9re R\u00f3m\u00e1ra ide\u00e1lisan n\u00e9gy teljes napot sz\u00e1nj, hogy igaz\u00e1n \u00e9lvezhesd. Egy hossz\u00fa h\u00e9tv\u00e9ge alatt csak az abszol\u00fat alapokat \u00e9red el, \u00e9s hihetetlen\u00fcl kimer\u00fclten, h\u00f3lyagos l\u00e1bbal t\u00e9rsz haza.<\/p>\n\n\n\n<h2 class=\"wp-block-heading\" id=\"Kde_se_ubytovat_v_Rime\"><span class=\"ez-toc-section\" id=\"Hol_szallj_meg_Romaban\"><\/span>Hol sz\u00e1llj meg R\u00f3m\u00e1ban<span class=\"ez-toc-section-end\"><\/span><\/h2>\n\n\n\n<p class=\"wp-block-paragraph\">A megfelel\u0151 <a href=\"https:\/\/loudavymkrokem.cz\/hu\/roma-szallas-legjobb-keruletek\/\">negyed<\/a> kiv\u00e1laszt\u00e1sa meghat\u00e1rozza az eg\u00e9sz r\u00f3mai \u00e9lm\u00e9nyedet, mert <strong>a v\u00e1ros hatalmas, a mindennapi ing\u00e1z\u00e1s<\/strong> a zs\u00fafolt, l\u00e9gkondi n\u00e9lk\u00fcli buszokon pedig kimer\u00edt, miel\u0151tt egy\u00e1ltal\u00e1n megl\u00e1tn\u00e1d az els\u0151 antik oszlopot. A legjobb, ha strat\u00e9giailag a metr\u00f3vonalak k\u00f6zel\u00e9ben vagy egyenesen a t\u00f6rt\u00e9nelmi belv\u00e1rost\u00f3l s\u00e9tat\u00e1vols\u00e1gra sz\u00e1llsz meg, ez rengeteg idegesked\u00e9st\u0151l megk\u00edm\u00e9l.<\/p>\n\n\n\n<p class=\"wp-block-paragraph\">Mi a legut\u00f3bbi utunkon a <strong>Residenza Cavallini<\/strong> hotelt v\u00e1lasztottuk, ami egy csod\u00e1latos sz\u00e1ll\u00e1s mind\u00f6ssze \u00f6t perc s\u00e9t\u00e1ra a rept\u00e9ri buszexpressz meg\u00e1ll\u00f3j\u00e1t\u00f3l. A Vatik\u00e1nt\u00f3l \u00e9s a Trevi-k\u00fatt\u00f3l is eg\u00e9szen k\u00f6zel tal\u00e1lhat\u00f3, \u00edgy mindenhov\u00e1 t\u00e9nyleg csak egy ugr\u00e1s volt. A szob\u00e1k ugyan apr\u00f3k voltak, de teljesen tiszt\u00e1k, \u00e9s az \u00e1rban benne volt a tipikus olasz reggeli egy k\u00f6zeli k\u00e1v\u00e9z\u00f3ban, ahol minden reggel friss croissant-t \u00e9s t\u00f6k\u00e9letes cappuccin\u00f3t kaptunk. \u263a\ufe0f<\/p>\n\n\n\n<p class=\"wp-block-paragraph\">Ha filmes romantik\u00e1t keresel, \u00e9s nem zavar egy kis \u00e9jszakai zaj, <strong>teljesen elb\u0171v\u00f6l majd a Trastevere negyed<\/strong>, vagyis a Tiberis-t\u00falpart. Sz\u0171k macskak\u00f6ves sik\u00e1torok, borosty\u00e1nnal befuttatott okkers\u00e1rga homlokzatok, est\u00e9nk\u00e9nt pedig hihetetlen m\u00f3don \u00e9l az \u00e9let. Igazi paradicsom minden \u00ednyencnek, csak sz\u00e1m\u00edts r\u00e1, hogy itt nem j\u00e1r metr\u00f3, \u00e9s reggel egy kicsit bonyolultabban, villamossal vagy gyalog kell eljutnod a l\u00e1tnival\u00f3khoz.<\/p>\n\n\n\n<p class=\"wp-block-paragraph\">Remek alternat\u00edva a <strong>Monti negyed, amely strat\u00e9giailag r\u00f6gt\u00f6n a Colosseum m\u00f6g\u00f6tt fekszik<\/strong>, \u00e9s kellemes boh\u00e9m hangulatot \u00e1raszt. Gy\u00f6ny\u00f6r\u0171 vintage \u00fczleteket, f\u00fcggetlen k\u00e1v\u00e9z\u00f3kat, \u00e9s f\u0151leg a B metr\u00f3vonal \u00e1llom\u00e1s\u00e1t tal\u00e1lod itt, ami rendk\u00edv\u00fcl megk\u00f6nny\u00edti a k\u00f6zleked\u00e9st. A t\u00f6rt\u00e9nelmi belv\u00e1rosban, a Pantheon k\u00f6rny\u00e9k\u00e9n megsz\u00e1llni ugyan l\u00e9legzetel\u00e1ll\u00edt\u00f3, hiszen mindenhov\u00e1 gyalog eljutsz, de ez\u00e9rt \u00f3ri\u00e1si fel\u00e1rat fizetsz, \u00e9s nem ker\u00fcl\u00f6d el az eserny\u0151s turistat\u00f6meg \u00f6r\u00f6k\u00f6s tapos\u00e1s\u00e1t.<\/p>\n\n\n\n<p class=\"wp-block-paragraph\">A gyerekes csal\u00e1doknak vagy a nyugalmat kedvel\u0151 utaz\u00f3knak <strong>fantasztikus v\u00e1laszt\u00e1s az eleg\u00e1ns Prati negyed<\/strong> a Vatik\u00e1nt\u00f3l \u00e9szakra. Nem tal\u00e1lsz itt kanyarg\u00f3s k\u00f6z\u00e9pkori sik\u00e1torokat, hanem sz\u00e9les sug\u00e1rutakat \u00e9s s\u00edk terepet, ami ide\u00e1lis a babakocsiknak. \u00d3ri\u00e1si el\u0151ny a Szent P\u00e9ter-bazilika k\u00f6zvetlen k\u00f6zels\u00e9ge, ahov\u00e1 kora reggel indulhatsz, miel\u0151tt kialakuln\u00e1nak a v\u00e9gtelen sorok. B\u00e1rmelyik negyed mellett is d\u00f6ntesz, mindig azt aj\u00e1nlom, hogy a sz\u00e1ll\u00e1sokat el\u00e9g kor\u00e1n foglald le a <a class=\"thirstylink\" rel=\"nofollow\" target=\"_blank\" title=\"Booking.com\" href=\"https:\/\/loudavymkrokem.cz\/doporucujeme\/booking-com\/\" data-shortcode=\"true\">Bookingon<\/a>, mert a legjobb darabok R\u00f3m\u00e1ban vill\u00e1mgyorsan elt\u0171nnek.<\/p>\n\n\n\n<h2 class=\"wp-block-heading\" id=\"Vsech_40_mist_v_Rime_prehledne\"><span class=\"ez-toc-section\" id=\"27_leghiresebb_hely_amit_Romaban_nem_hagyhatsz_ki\"><\/span>27 legh\u00edresebb hely, amit R\u00f3m\u00e1ban nem hagyhatsz ki<span class=\"ez-toc-section-end\"><\/span><\/h2>\n\n\n\n<p class=\"wp-block-paragraph\">Azt mondj\u00e1k, minden \u00fat R\u00f3m\u00e1ba vezet, \u00e9s az \u00f3korban val\u00f3ban <strong>minden \u00fat sugarasan indult ki<\/strong> ebb\u0151l a csod\u00e1latos f\u0151v\u00e1rosb\u00f3l. A k\u00fcl\u00f6nb\u00f6z\u0151 korok kultur\u00e1lis eml\u00e9kei leny\u0171g\u00f6z\u0151 m\u00f3don fon\u00f3dnak \u00f6ssze egyetlen hatalmas eg\u00e9ssz\u00e9. A pog\u00e1ny mauz\u00f3leum p\u00e1pai er\u0151dk\u00e9nt szolg\u00e1l, az \u00f3kori templomok pedig az \u00e9vsz\u00e1zadok sor\u00e1n barokk templomokk\u00e1 v\u00e1ltoztak. N\u00e9zz\u00fck meg egy\u00fctt a legjobbat, amit a l\u00e1togat\u00e1sod sor\u00e1n semmik\u00e9pp sem hagyhatsz ki.<\/p>\n\n\n\n<h3 class=\"wp-block-heading\"><span class=\"ez-toc-section\" id=\"1_A_Colosseum_es_arenaja\"><\/span>1. A Colosseum \u00e9s ar\u00e9n\u00e1ja<span class=\"ez-toc-section-end\"><\/span><\/h3>\n\n\n\n<figure data-wp-context=\"{&quot;imageId&quot;:&quot;6a981d98302d5&quot;}\" data-wp-interactive=\"core\/image\" data-wp-key=\"6a981d98302d5\" class=\"wp-block-image size-full wp-lightbox-container\"><img decoding=\"async\" width=\"1400\" height=\"933\" data-wp-class--hide=\"state.isContentHidden\" data-wp-class--show=\"state.isContentVisible\" data-wp-init=\"callbacks.setButtonStyles\" data-wp-on--click=\"actions.showLightbox\" data-wp-on--load=\"callbacks.setButtonStyles\" data-wp-on--pointerdown=\"actions.preloadImage\" data-wp-on--pointerenter=\"actions.preloadImageWithDelay\" data-wp-on--pointerleave=\"actions.cancelPreload\" data-wp-on-window--resize=\"callbacks.setButtonStyles\" src=\"https:\/\/www.loudavymkrokem.cz\/wp-content\/uploads\/2023\/05\/rim-fotky.jpg\" alt=\"R\u00f3ma t\u00f6rt\u00e9nelmi belv\u00e1ros\u00e1nak sik\u00e1torai\" class=\"wp-image-57920\" title=\"\"><button\n\t\t\tclass=\"lightbox-trigger\"\n\t\t\ttype=\"button\"\n\t\t\taria-haspopup=\"dialog\"\n\t\t\tdata-wp-bind--aria-label=\"state.thisImage.triggerButtonAriaLabel\"\n\t\t\tdata-wp-init=\"callbacks.initTriggerButton\"\n\t\t\tdata-wp-on--click=\"actions.showLightbox\"\n\t\t\tdata-wp-style--right=\"state.thisImage.buttonRight\"\n\t\t\tdata-wp-style--top=\"state.thisImage.buttonTop\"\n\t\t>\n\t\t\t<svg xmlns=\"http:\/\/www.w3.org\/2000\/svg\" width=\"12\" height=\"12\" fill=\"none\" viewBox=\"0 0 12 12\">\n\t\t\t\t<path fill=\"#fff\" d=\"M2 0a2 2 0 0 0-2 2v2h1.5V2a.5.5 0 0 1 .5-.5h2V0H2Zm2 10.5H2a.5.5 0 0 1-.5-.5V8H0v2a2 2 0 0 0 2 2h2v-1.5ZM8 12v-1.5h2a.5.5 0 0 0 .5-.5V8H12v2a2 2 0 0 1-2 2H8Zm2-12a2 2 0 0 1 2 2v2h-1.5V2a.5.5 0 0 0-.5-.5H8V0h2Z\" \/>\n\t\t\t<\/svg>\n\t\t<\/button><figcaption class=\"wp-element-caption\">R\u00f3ma tele van fot\u00f3zhat\u00f3 helyekkel, k\u00e9sz\u00fclj fel \ud83d\ude09<\/figcaption><\/figure>\n\n\n\n<p class=\"wp-block-paragraph\">A Colosseum tal\u00e1n eg\u00e9sz R\u00f3ma legjellegzetesebb \u00e9p\u00fclete, \u00e9s \u0151szint\u00e9n sz\u00f3lva nem is hagyhatod ki, mert <strong>fens\u00e9gesen magasodik a Via dei Fori Imperiali<\/strong> utca v\u00e9g\u00e9n. Ezt az elliptikus, n\u00e9gyszintes amfite\u00e1trumot 72 \u00e9s 80 k\u00f6z\u00f6tt \u00e9p\u00edtett\u00e9k, \u00e9s a maga kor\u00e1ban ak\u00e1r \u00f6tvenezer n\u00e9z\u0151t is befogadott. B\u00e1r be kell vallanom, hogy sz\u00e1momra szem\u00e9ly szerint nem annyira izgalmas, az a leny\u0171g\u00f6z\u0151 m\u00e9ret egyszer\u0171en t\u00e9rdre k\u00e9nyszer\u00edt.<\/p>\n\n\n\n<p class=\"wp-block-paragraph\">A l\u00e1togat\u00e1s alapszab\u00e1lya teljesen megalkuv\u00e1s n\u00e9lk\u00fcli, m\u00e9gpedig az, hogy <strong>a jegyeket online kell megvenned, j\u00f3 el\u0151re<\/strong> a hivatalos ticketing.colosseo.it oldalon (18 eur\u00f3 plusz k\u00e9t eur\u00f3 foglal\u00e1si d\u00edj). Ha helyben pr\u00f3b\u00e1lsz jegyet venni, csak a csal\u00f3d\u00e1s v\u00e1r r\u00e1d, a \u201eminden elkelt\u201d felirat \u00e9s a v\u00e9gtelen v\u00e1rakoz\u00e1s a t\u0171z\u0151 napon. A jegyek pontosan harminc nappal el\u0151re, reggel kilenckor szabadulnak fel, \u00e9s sz\u00f3 szerint a szemed el\u0151tt t\u0171nnek el.<\/p>\n\n\n\n<p class=\"wp-block-paragraph\">Az alapk\u00f6r az els\u0151 \u00e9s a m\u00e1sodik emeletre visz, ahonnan <strong>sz\u00e9p kil\u00e1t\u00e1sod van az \u00e9p\u00fclet felt\u00e1rt belsej\u00e9re<\/strong>. A t\u00f6meg ezeken a f\u0151 \u00fatvonalakon szezonban meglehet\u0151sen frusztr\u00e1l\u00f3 lehet, mert az emberek folyamatosan meg\u00e1llnak egy szelfi kedv\u00e9\u00e9rt, a ny\u00e1ri h\u00f3napokban pedig sz\u00f3 szerint \u00e1ll a leveg\u0151. Ennek ellen\u00e9re olyan \u00e9lm\u00e9ny, ami elv\u00e1laszthatatlanul hozz\u00e1tartozik R\u00f3ma l\u00e1togat\u00e1s\u00e1hoz, \u00e9s ami n\u00e9lk\u00fcl nem szabadna elutaznod.<\/p>\n\n\n\n<p class=\"wp-block-paragraph\">\ud83d\udca1 Tipp: K\u00f6zvetlen\u00fcl a Colosseum el\u0151tt <strong>antik gladi\u00e1tornak \u00f6lt\u00f6z\u00f6tt f\u00e9rfiak<\/strong> csoportjai m\u0171k\u00f6dnek. R\u00e1d akarnak s\u00f3zni egy m\u0171anyag kardot, \u00e9s lef\u00e9nyk\u00e9pezkedn\u00e9nek veled, m\u00e9ghozz\u00e1 nagyon r\u00e1men\u0151sen. Teljesen hagyd \u0151ket figyelmen k\u00edv\u00fcl, \u00e9s ne teremts szemkontaktust, mert amint elk\u00e9sz\u00fcl a fot\u00f3, nagyon agressz\u00edven k\u00f6vetelnek majd ak\u00e1r h\u00fasz eur\u00f3t is egyetlen k\u00e9p\u00e9rt.<\/p>\n\n\n\n<h3 class=\"wp-block-heading\"><span class=\"ez-toc-section\" id=\"2_A_Colosseum_alagutrendszere_Hypogeum\"><\/span>2. A Colosseum alag\u00fatrendszere (Hypogeum)<span class=\"ez-toc-section-end\"><\/span><\/h3>\n\n\n\n<figure data-wp-context=\"{&quot;imageId&quot;:&quot;6a981d9830a22&quot;}\" data-wp-interactive=\"core\/image\" data-wp-key=\"6a981d9830a22\" class=\"wp-block-image size-full wp-lightbox-container\"><img decoding=\"async\" width=\"1400\" height=\"933\" data-wp-class--hide=\"state.isContentHidden\" data-wp-class--show=\"state.isContentVisible\" data-wp-init=\"callbacks.setButtonStyles\" data-wp-on--click=\"actions.showLightbox\" data-wp-on--load=\"callbacks.setButtonStyles\" data-wp-on--pointerdown=\"actions.preloadImage\" data-wp-on--pointerenter=\"actions.preloadImageWithDelay\" data-wp-on--pointerleave=\"actions.cancelPreload\" data-wp-on-window--resize=\"callbacks.setButtonStyles\" src=\"https:\/\/www.loudavymkrokem.cz\/wp-content\/uploads\/2023\/05\/kavarna-v-rime.jpg\" alt=\"Luk\u00e1\u0161 az egyik r\u00f3mai k\u00e1v\u00e9z\u00f3ban\" class=\"wp-image-57922\" title=\"\"><button\n\t\t\tclass=\"lightbox-trigger\"\n\t\t\ttype=\"button\"\n\t\t\taria-haspopup=\"dialog\"\n\t\t\tdata-wp-bind--aria-label=\"state.thisImage.triggerButtonAriaLabel\"\n\t\t\tdata-wp-init=\"callbacks.initTriggerButton\"\n\t\t\tdata-wp-on--click=\"actions.showLightbox\"\n\t\t\tdata-wp-style--right=\"state.thisImage.buttonRight\"\n\t\t\tdata-wp-style--top=\"state.thisImage.buttonTop\"\n\t\t>\n\t\t\t<svg xmlns=\"http:\/\/www.w3.org\/2000\/svg\" width=\"12\" height=\"12\" fill=\"none\" viewBox=\"0 0 12 12\">\n\t\t\t\t<path fill=\"#fff\" d=\"M2 0a2 2 0 0 0-2 2v2h1.5V2a.5.5 0 0 1 .5-.5h2V0H2Zm2 10.5H2a.5.5 0 0 1-.5-.5V8H0v2a2 2 0 0 0 2 2h2v-1.5ZM8 12v-1.5h2a.5.5 0 0 0 .5-.5V8H12v2a2 2 0 0 1-2 2H8Zm2-12a2 2 0 0 1 2 2v2h-1.5V2a.5.5 0 0 0-.5-.5H8V0h2Z\" \/>\n\t\t\t<\/svg>\n\t\t<\/button><figcaption class=\"wp-element-caption\">Luk\u00e1\u0161 az egyik r\u00f3mai k\u00e1v\u00e9z\u00f3ban<\/figcaption><\/figure>\n\n\n\n<p class=\"wp-block-paragraph\">Ha a Colosseumb\u00f3l t\u00e9nyleg a maximumot akarod kihozni, \u00e9s el akarod ker\u00fclni a legrosszabb t\u00f6meget, azt aj\u00e1nlom, hogy <strong>fizess r\u00e1 egy speci\u00e1lis Full Experience jegyre<\/strong> (24 eur\u00f3ba plusz k\u00e9t eur\u00f3 foglal\u00e1si d\u00edjba ker\u00fcl, \u00e9s k\u00e9t egym\u00e1st k\u00f6vet\u0151 napig \u00e9rv\u00e9nyes). Ez nemcsak a rekonstru\u00e1lt ar\u00e9naszinthez ad exkluz\u00edv hozz\u00e1f\u00e9r\u00e9st, hanem a s\u00f6t\u00e9t alag\u00fatrendszerbe, az \u00fagynevezett hypogeumba is levihet. \u00c9ppen itt v\u00e1rtak a gladi\u00e1torok \u00e9s a vad\u00e1llatok teljes f\u00fclledts\u00e9gben a sorsd\u00f6nt\u0151 megjelen\u00e9s\u00fckre az \u00fcv\u00f6lt\u0151 t\u00f6meg el\u0151tt.<\/p>\n\n\n\n<p class=\"wp-block-paragraph\">Ennek a jegynek r\u00e1ad\u00e1sul \u00f3ri\u00e1si el\u0151nye, hogy <strong>eg\u00e9sz k\u00e9t napig \u00e9rv\u00e9nyes<\/strong>, \u00edgy sz\u00e9pen eloszthatod az antikvit\u00e1s felfedez\u00e9s\u00e9t. Nem kell teljesen kik\u00e9sz\u00edtened magad egyetlen d\u00e9lut\u00e1n alatt, amikor egyszerre rohann\u00e1d v\u00e9gig a Colosseumot \u00e9s a Forum Romanumot. Egyik nap nyugodtan bej\u00e1rhatod az amfite\u00e1trumot, m\u00e1snap reggel pedig friss energi\u00e1val indulhatsz felder\u00edteni a k\u00f6rnyez\u0151 romokat.<\/p>\n\n\n\n<p class=\"wp-block-paragraph\">Az alag\u00fatrendszer \u00e9lm\u00e9nye sokkal bens\u0151s\u00e9gesebb, <strong>a t\u00f6meg itt \u00e9rezhet\u0151en megritkul<\/strong>, \u00e9s nyugodtan megn\u00e9zheted az \u00f3kori liftek \u00e9s csap\u00f3ajt\u00f3k zseni\u00e1lis rendszer\u00e9t. Amikor v\u00e9gigm\u00e9sz ezeken a sz\u0171k folyos\u00f3kon, \u00e9s \u00e9rzed a r\u00e9gi k\u00f6vek nedvess\u00e9g\u00e9t, csak akkor eszm\u00e9lsz r\u00e1 igaz\u00e1n a r\u00e9gi r\u00f3maiak technol\u00f3giai zsenialit\u00e1s\u00e1ra, amely k\u00e9tezer \u00e9vvel ezel\u0151tt t\u00f6k\u00e9letes \u00f3ram\u0171k\u00e9nt m\u0171k\u00f6d\u00f6tt.<\/p>\n\n\n\n<h3 class=\"wp-block-heading\"><span class=\"ez-toc-section\" id=\"3_A_Romai_Forum_Forum_Romanum\"><\/span>3. A R\u00f3mai F\u00f3rum (Forum Romanum)<span class=\"ez-toc-section-end\"><\/span><\/h3>\n\n\n\n<figure data-wp-context=\"{&quot;imageId&quot;:&quot;6a981d9831076&quot;}\" data-wp-interactive=\"core\/image\" data-wp-key=\"6a981d9831076\" class=\"wp-block-image size-full wp-lightbox-container\"><img decoding=\"async\" width=\"1400\" height=\"933\" data-wp-class--hide=\"state.isContentHidden\" data-wp-class--show=\"state.isContentVisible\" data-wp-init=\"callbacks.setButtonStyles\" data-wp-on--click=\"actions.showLightbox\" data-wp-on--load=\"callbacks.setButtonStyles\" data-wp-on--pointerdown=\"actions.preloadImage\" data-wp-on--pointerenter=\"actions.preloadImageWithDelay\" data-wp-on--pointerleave=\"actions.cancelPreload\" data-wp-on-window--resize=\"callbacks.setButtonStyles\" src=\"https:\/\/www.loudavymkrokem.cz\/wp-content\/uploads\/2023\/05\/podel-reky-v-rime.jpg\" alt=\"R\u00f3m\u00e1ban gyakran s\u00e9t\u00e1lsz majd a foly\u00f3 ment\u00e9n\" class=\"wp-image-57923\" title=\"\"><button\n\t\t\tclass=\"lightbox-trigger\"\n\t\t\ttype=\"button\"\n\t\t\taria-haspopup=\"dialog\"\n\t\t\tdata-wp-bind--aria-label=\"state.thisImage.triggerButtonAriaLabel\"\n\t\t\tdata-wp-init=\"callbacks.initTriggerButton\"\n\t\t\tdata-wp-on--click=\"actions.showLightbox\"\n\t\t\tdata-wp-style--right=\"state.thisImage.buttonRight\"\n\t\t\tdata-wp-style--top=\"state.thisImage.buttonTop\"\n\t\t>\n\t\t\t<svg xmlns=\"http:\/\/www.w3.org\/2000\/svg\" width=\"12\" height=\"12\" fill=\"none\" viewBox=\"0 0 12 12\">\n\t\t\t\t<path fill=\"#fff\" d=\"M2 0a2 2 0 0 0-2 2v2h1.5V2a.5.5 0 0 1 .5-.5h2V0H2Zm2 10.5H2a.5.5 0 0 1-.5-.5V8H0v2a2 2 0 0 0 2 2h2v-1.5ZM8 12v-1.5h2a.5.5 0 0 0 .5-.5V8H12v2a2 2 0 0 1-2 2H8Zm2-12a2 2 0 0 1 2 2v2h-1.5V2a.5.5 0 0 0-.5-.5H8V0h2Z\" \/>\n\t\t\t<\/svg>\n\t\t<\/button><figcaption class=\"wp-element-caption\">R\u00f3m\u00e1ban gyakran s\u00e9t\u00e1lsz majd a foly\u00f3 ment\u00e9n<\/figcaption><\/figure>\n\n\n\n<p class=\"wp-block-paragraph\">M\u00edg a Colosseum a v\u00e9res sz\u00f3rakoz\u00e1s \u00e9s a j\u00e1t\u00e9kok helysz\u00edne volt, a Forum Romanum <strong>az eg\u00e9sz hatalmas birodalom igazi politikai, vall\u00e1si \u00e9s kereskedelmi k\u00f6zpontj\u00e1t<\/strong> jelentette. Itt tartott\u00e1k a nagyszab\u00e1s\u00fa diadalmeneteket, itt sz\u00f3nokolt a h\u00edres Cicero, \u00e9s \u00e9ppen ezen a helyen \u00e9gett\u00e9k el a meggyilkolt Julius Caesar test\u00e9t. A mocsaras ter\u00fclet, amelyet a Palatinus- \u00e9s a Kapit\u00f3lium-domb \u00f6vezett, valaha a metropolisz b\u00fcszkes\u00e9ge volt feh\u00e9r m\u00e1rv\u00e1nytemplomokkal.<\/p>\n\n\n\n<p class=\"wp-block-paragraph\">Azt aj\u00e1nlom, hogy <strong>r\u00f6gt\u00f6n reggel, kilenc \u00f3ra k\u00f6r\u00fcl indulj ide<\/strong>, hogy elker\u00fcld a d\u00e9li naps\u00fct\u00e9st, ami alaposan megkeser\u00edtheti a l\u00e1togat\u00e1st. Az eg\u00e9sz hatalmas r\u00e9g\u00e9szeti lel\u0151helyen ugyanis szinte semmi \u00e1rny\u00e9k nincs, a hatalmas m\u00e1rv\u00e1nyt\u00f6mb\u00f6k pedig napk\u00f6zben \u00f3ri\u00e1si k\u00e1lyhak\u00e9nt hev\u00fclnek fel. A z\u00e1rt cip\u0151 abszol\u00fat n\u00e9lk\u00fcl\u00f6zhetetlen, mert a felsz\u00edn rendk\u00edv\u00fcl egyenetlen, \u00e9s a Via Sacra \u00f3kori k\u00f6vezet\u00e9n val\u00f3 s\u00e9ta alaposan pr\u00f3b\u00e1ra teszi a bok\u00e1dat.<\/p>\n\n\n\n<p class=\"wp-block-paragraph\">Ne felejts el vinni magaddal egy <strong>\u00fcres vizespalackot<\/strong>, ami itt sz\u00f3 szerint megment. A ter\u00fcleten bel\u00fcl t\u00f6bb nyilv\u00e1nos iv\u00f3kutat tal\u00e1lsz, amelyekb\u0151l folyamatosan folyik a j\u00e9ghideg, friss\u00edt\u0151 v\u00edz teljesen ingyen, ami megv\u00e9d a kisz\u00e1rad\u00e1st\u00f3l. A jegyek a Colosseummal k\u00f6z\u00f6s kombin\u00e1lt jegy r\u00e9szei, de ne feledd, hogy a F\u00f3rumra a jegyed \u00e9rv\u00e9nyess\u00e9gi ideje alatt b\u00e1rmikor bel\u00e9phetsz, \u00e9s nem vagy pontos id\u0151ponthoz k\u00f6tve.<\/p>\n\n\n\n<h3 class=\"wp-block-heading\"><span class=\"ez-toc-section\" id=\"4_A_Palatinus-domb_es_a_Farnese-kertek\"><\/span>4. A Palatinus-domb \u00e9s a Farnese-kertek<span class=\"ez-toc-section-end\"><\/span><\/h3>\n\n\n\n<figure data-wp-context=\"{&quot;imageId&quot;:&quot;6a981d9831746&quot;}\" data-wp-interactive=\"core\/image\" data-wp-key=\"6a981d9831746\" class=\"wp-block-image size-full wp-lightbox-container\"><img decoding=\"async\" width=\"1500\" height=\"1000\" data-wp-class--hide=\"state.isContentHidden\" data-wp-class--show=\"state.isContentVisible\" data-wp-init=\"callbacks.setButtonStyles\" data-wp-on--click=\"actions.showLightbox\" data-wp-on--load=\"callbacks.setButtonStyles\" data-wp-on--pointerdown=\"actions.preloadImage\" data-wp-on--pointerenter=\"actions.preloadImageWithDelay\" data-wp-on--pointerleave=\"actions.cancelPreload\" data-wp-on-window--resize=\"callbacks.setButtonStyles\" src=\"https:\/\/www.loudavymkrokem.cz\/wp-content\/uploads\/2023\/05\/fontana-di-trevi.jpg\" alt=\"Trevi-k\u00fat\" class=\"wp-image-57902\" title=\"\"><button\n\t\t\tclass=\"lightbox-trigger\"\n\t\t\ttype=\"button\"\n\t\t\taria-haspopup=\"dialog\"\n\t\t\tdata-wp-bind--aria-label=\"state.thisImage.triggerButtonAriaLabel\"\n\t\t\tdata-wp-init=\"callbacks.initTriggerButton\"\n\t\t\tdata-wp-on--click=\"actions.showLightbox\"\n\t\t\tdata-wp-style--right=\"state.thisImage.buttonRight\"\n\t\t\tdata-wp-style--top=\"state.thisImage.buttonTop\"\n\t\t>\n\t\t\t<svg xmlns=\"http:\/\/www.w3.org\/2000\/svg\" width=\"12\" height=\"12\" fill=\"none\" viewBox=\"0 0 12 12\">\n\t\t\t\t<path fill=\"#fff\" d=\"M2 0a2 2 0 0 0-2 2v2h1.5V2a.5.5 0 0 1 .5-.5h2V0H2Zm2 10.5H2a.5.5 0 0 1-.5-.5V8H0v2a2 2 0 0 0 2 2h2v-1.5ZM8 12v-1.5h2a.5.5 0 0 0 .5-.5V8H12v2a2 2 0 0 1-2 2H8Zm2-12a2 2 0 0 1 2 2v2h-1.5V2a.5.5 0 0 0-.5-.5H8V0h2Z\" \/>\n\t\t\t<\/svg>\n\t\t<\/button><figcaption class=\"wp-element-caption\">Trevi-k\u00fat<\/figcaption><\/figure>\n\n\n\n<p class=\"wp-block-paragraph\">A Palatinust az \u00fatik\u00f6nyvek gyakran k\u00fcl\u00f6n tippk\u00e9nt eml\u00edtik, ami el\u00e9g zavar\u00f3 lehet, mert <strong>fizikailag \u00f6sszek\u00f6ttet\u00e9sben \u00e1ll a Forum Romanummal<\/strong>, \u00e9s pontosan ugyanaz a jegy \u00e9rv\u00e9nyes r\u00e1. Ez a h\u00e9t r\u00f3mai domb k\u00f6z\u00fcl a legjelent\u0151sebb, ahol egy \u0151si legenda szerint R\u00f3ma eredeti telep\u00fcl\u00e9se kezd\u0151d\u00f6tt, \u00e9s innen terjeszkedett a v\u00e1ros fokozatosan a birodalmi m\u00e9ret\u0171re.<\/p>\n\n\n\n<p class=\"wp-block-paragraph\">Legnagyobb dics\u0151s\u00e9ge idej\u00e9n exkluz\u00edv hely volt, amolyan <strong>antik Beverly Hills<\/strong>, ahol a cs\u00e1sz\u00e1rok \u00e9s a leggazdagabb elit \u00e9p\u00edttette f\u00e9ny\u0171z\u0151 m\u00e1rv\u00e1nypalot\u00e1it. A Palatinus cs\u00facsa igazi r\u00e9g\u00e9szeti \u00e9kszernek sz\u00e1m\u00edt a j\u00f3 \u00e1llapotban meg\u0151rz\u00f6tt antik \u00e9p\u00fcletmaradv\u00e1nyok nagy sz\u00e1ma miatt. A lenti v\u00f6lgyben ny\u00fczsg\u0151 F\u00f3rummal ellent\u00e9tben itt j\u00f3val nagyobb a nyugalom, \u00e9s illatos feny\u0151ligeteket is tal\u00e1lsz, amelyek annyira v\u00e1gyott \u00e1rny\u00e9kot adnak.<\/p>\n\n\n\n<p class=\"wp-block-paragraph\">Semmik\u00e9pp se hagyd ki a <strong>gy\u00f6ny\u00f6r\u0171 Farnese-kerteket<\/strong> (Orti Farnesiani), amelyeket a tizenhatodik sz\u00e1zadban \u00e9p\u00edtettek egyenesen az antik romokra. Ugyanis az egyik legszebb kil\u00e1t\u00e1st ny\u00fajtj\u00e1k az eg\u00e9sz Forum Romanumra \u00e9s a Colosseumra mad\u00e1rt\u00e1vlatb\u00f3l. Ide\u00e1lis hely, ahol egy pillanatra le\u00fclhetsz, megpihentetheted a sajg\u00f3 l\u00e1badat, \u00e9s elk\u00e9pzelheted azt a hajdani ny\u00fczsg\u00e9st.<\/p>\n\n\n\n<h3 class=\"wp-block-heading\"><span class=\"ez-toc-section\" id=\"5_A_Trevi-kut_uj_rendszerben\"><\/span>5. A Trevi-k\u00fat \u00faj rendszerben<span class=\"ez-toc-section-end\"><\/span><\/h3>\n\n\n\n<figure data-wp-context=\"{&quot;imageId&quot;:&quot;6a981d9831d02&quot;}\" data-wp-interactive=\"core\/image\" data-wp-key=\"6a981d9831d02\" class=\"wp-block-image size-full wp-lightbox-container\"><img decoding=\"async\" width=\"1400\" height=\"933\" data-wp-class--hide=\"state.isContentHidden\" data-wp-class--show=\"state.isContentVisible\" data-wp-init=\"callbacks.setButtonStyles\" data-wp-on--click=\"actions.showLightbox\" data-wp-on--load=\"callbacks.setButtonStyles\" data-wp-on--pointerdown=\"actions.preloadImage\" data-wp-on--pointerenter=\"actions.preloadImageWithDelay\" data-wp-on--pointerleave=\"actions.cancelPreload\" data-wp-on-window--resize=\"callbacks.setButtonStyles\" src=\"https:\/\/www.loudavymkrokem.cz\/wp-content\/uploads\/2023\/05\/forum-romanum.jpg\" alt=\"Forum Romanum\" class=\"wp-image-57908\" title=\"\"><button\n\t\t\tclass=\"lightbox-trigger\"\n\t\t\ttype=\"button\"\n\t\t\taria-haspopup=\"dialog\"\n\t\t\tdata-wp-bind--aria-label=\"state.thisImage.triggerButtonAriaLabel\"\n\t\t\tdata-wp-init=\"callbacks.initTriggerButton\"\n\t\t\tdata-wp-on--click=\"actions.showLightbox\"\n\t\t\tdata-wp-style--right=\"state.thisImage.buttonRight\"\n\t\t\tdata-wp-style--top=\"state.thisImage.buttonTop\"\n\t\t>\n\t\t\t<svg xmlns=\"http:\/\/www.w3.org\/2000\/svg\" width=\"12\" height=\"12\" fill=\"none\" viewBox=\"0 0 12 12\">\n\t\t\t\t<path fill=\"#fff\" d=\"M2 0a2 2 0 0 0-2 2v2h1.5V2a.5.5 0 0 1 .5-.5h2V0H2Zm2 10.5H2a.5.5 0 0 1-.5-.5V8H0v2a2 2 0 0 0 2 2h2v-1.5ZM8 12v-1.5h2a.5.5 0 0 0 .5-.5V8H12v2a2 2 0 0 1-2 2H8Zm2-12a2 2 0 0 1 2 2v2h-1.5V2a.5.5 0 0 0-.5-.5H8V0h2Z\" \/>\n\t\t\t<\/svg>\n\t\t<\/button><figcaption class=\"wp-element-caption\">Forum Romanum<\/figcaption><\/figure>\n\n\n\n<p class=\"wp-block-paragraph\">A <a href=\"https:\/\/loudavymkrokem.cz\/hu\/fontana-di-trevi\/\">Trevi-k\u00fat (r\u00f3ma trevi k\u00fat)<\/a> legyen az egyik els\u0151 c\u00e9lpontod, mert <strong>hihetetlen gyorsan megtelik a vil\u00e1g minden t\u00e1j\u00e1r\u00f3l \u00e9rkez\u0151 turist\u00e1val<\/strong>. Ennek a sz\u00f6k\u0151k\u00fatnak a nagyszer\u0171s\u00e9ge, amely az eg\u00e9sz Poli-palota homlokzat\u00e1t elfoglalja, l\u00e9legzetel\u00e1ll\u00edt\u00f3, \u00e9s mindig \u00fajra meglep a leny\u0171g\u00f6z\u0151 fens\u00e9ge. B\u00e1r nem vagyok a barokk legnagyobb rajong\u00f3ja, Nicola Salvi \u00e9p\u00edt\u00e9sz ezen remek\u00e9nek szinte mindenkit el kell b\u0171v\u00f6lnie.<\/p>\n\n\n\n<p class=\"wp-block-paragraph\">A 2026-os \u00e9v azonban gy\u00f6keres v\u00e1ltoz\u00e1st hozott abban, hogyan l\u00e1togasd meg ezt az eml\u00e9km\u0171vet. A turist\u00e1k extr\u00e9m t\u00falnyom\u00e1sa miatt a v\u00e1ros <strong>k\u00e9t eur\u00f3 d\u00edjat vezetett be minden nem helyi lakos sz\u00e1m\u00e1ra<\/strong>, aki le akar menni a l\u00e9pcs\u0151n egyenesen a k\u00fat medenc\u00e9j\u00e9hez. A teret \u00fajonnan elker\u00edtett\u00e9k, \u00e9s forg\u00f3kapuk \u0151rzik, amelyek egyszerre legfeljebb n\u00e9gysz\u00e1z embert engednek be, hogy ne pr\u00e9sel\u0151djenek \u00f6ssze.<\/p>\n\n\n\n<p class=\"wp-block-paragraph\">Ha nem akarsz fizetni vagy sorban \u00e1llni, a kutat <strong>ingyen is megcsod\u00e1lhatod a t\u00e9r fels\u0151 szintj\u00e9r\u0151l<\/strong>, de a s\u00edpol\u00f3 rend\u0151r\u00f6k nem hagynak sok\u00e1ig egy helyben \u00e1llni. A p\u00e9nz\u00e9rme bal v\u00e1llon \u00e1tdob\u00e1s\u00e1nak hagyom\u00e1nyos ritu\u00e1l\u00e9ja term\u00e9szetesen megmarad. Pr\u00f3b\u00e1lj kor\u00e1n kelni, \u00e9s m\u00e1r reggel h\u00e9t k\u00f6r\u00fcl ide\u00e9rni, amikor teljes nyugalomban hallhatod a v\u00edz hatalmas z\u00fag\u00e1s\u00e1t, miel\u0151tt meg\u00e9rkezn\u00e9nek az els\u0151 szervezett t\u00far\u00e1k.<\/p>\n\n\n\n<h3 class=\"wp-block-heading\"><span class=\"ez-toc-section\" id=\"6_A_rejtett_Vicus_Caprarius_alagutrendszer\"><\/span>6. A rejtett Vicus Caprarius alag\u00fatrendszer<span class=\"ez-toc-section-end\"><\/span><\/h3>\n\n\n\n<figure data-wp-context=\"{&quot;imageId&quot;:&quot;6a981d9832236&quot;}\" data-wp-interactive=\"core\/image\" data-wp-key=\"6a981d9832236\" class=\"wp-block-image size-full wp-lightbox-container\"><img decoding=\"async\" width=\"1400\" height=\"933\" data-wp-class--hide=\"state.isContentHidden\" data-wp-class--show=\"state.isContentVisible\" data-wp-init=\"callbacks.setButtonStyles\" data-wp-on--click=\"actions.showLightbox\" data-wp-on--load=\"callbacks.setButtonStyles\" data-wp-on--pointerdown=\"actions.preloadImage\" data-wp-on--pointerenter=\"actions.preloadImageWithDelay\" data-wp-on--pointerleave=\"actions.cancelPreload\" data-wp-on-window--resize=\"callbacks.setButtonStyles\" src=\"https:\/\/www.loudavymkrokem.cz\/wp-content\/uploads\/2023\/05\/palatin.jpg\" alt=\"Palatinus\" class=\"wp-image-57909\" title=\"\"><button\n\t\t\tclass=\"lightbox-trigger\"\n\t\t\ttype=\"button\"\n\t\t\taria-haspopup=\"dialog\"\n\t\t\tdata-wp-bind--aria-label=\"state.thisImage.triggerButtonAriaLabel\"\n\t\t\tdata-wp-init=\"callbacks.initTriggerButton\"\n\t\t\tdata-wp-on--click=\"actions.showLightbox\"\n\t\t\tdata-wp-style--right=\"state.thisImage.buttonRight\"\n\t\t\tdata-wp-style--top=\"state.thisImage.buttonTop\"\n\t\t>\n\t\t\t<svg xmlns=\"http:\/\/www.w3.org\/2000\/svg\" width=\"12\" height=\"12\" fill=\"none\" viewBox=\"0 0 12 12\">\n\t\t\t\t<path fill=\"#fff\" d=\"M2 0a2 2 0 0 0-2 2v2h1.5V2a.5.5 0 0 1 .5-.5h2V0H2Zm2 10.5H2a.5.5 0 0 1-.5-.5V8H0v2a2 2 0 0 0 2 2h2v-1.5ZM8 12v-1.5h2a.5.5 0 0 0 .5-.5V8H12v2a2 2 0 0 1-2 2H8Zm2-12a2 2 0 0 1 2 2v2h-1.5V2a.5.5 0 0 0-.5-.5H8V0h2Z\" \/>\n\t\t\t<\/svg>\n\t\t<\/button><figcaption class=\"wp-element-caption\">Palatinus<\/figcaption><\/figure>\n\n\n\n<p class=\"wp-block-paragraph\">A legt\u00f6bben a Trevi-k\u00fat lefot\u00f3z\u00e1sa ut\u00e1n azonnal elindulnak a Pantheon fel\u00e9, \u00e9s sejtelm\u00fck sincs r\u00f3la, hogy t\u0151l\u00fck csak p\u00e1r l\u00e9p\u00e9sre <strong>igazi unikum rejt\u0151zik<\/strong>. A jelent\u00e9ktelen Vicolo del Puttignani utc\u00e1ban tal\u00e1lhat\u00f3 a Vicus Caprarius r\u00e9g\u00e9szeti lel\u0151hely bej\u00e1rata, amelyet joggal bec\u00e9znek a V\u00edz V\u00e1ros\u00e1nak is.<\/p>\n\n\n\n<p class=\"wp-block-paragraph\">Ez a f\u00f6ld alatti folyos\u00f3k \u00e9s \u00f3kori cisztern\u00e1k leny\u0171g\u00f6z\u0151 labirintusa, amelyeken <strong>a mai napig krist\u00e1lytiszta v\u00edz folyik<\/strong> a k\u00e9tezer \u00e9ves antik Aqua Virgo akveduktusb\u00f3l. \u00c9ppen ez a hihetetlen akvedukt t\u00e1pl\u00e1lja a mai napig a h\u00edres Trevi-kutat k\u00f6zvetlen\u00fcl a fejed f\u00f6l\u00f6tt. Az alag\u00fatrendszerbe val\u00f3 leereszked\u00e9s t\u00f6k\u00e9letes menek\u00fcl\u00e9sk\u00e9nt m\u0171k\u00f6dik a fenti t\u00e9r \u0151r\u00fclt t\u00f6mege el\u0151l.<\/p>\n\n\n\n<p class=\"wp-block-paragraph\">Nagyon kellemes h\u0171v\u00f6s uralkodik itt, abszol\u00fat csend van, \u00e9s csak <strong>az \u00f3kori t\u00e9gl\u00e1kra hull\u00f3 finom cseppeket hallod<\/strong>. A jegyek mind\u00f6ssze p\u00e1r eur\u00f3ba ker\u00fclnek, \u00e9s azt aj\u00e1nlom, el\u0151re foglald le \u0151ket a honlapjukon, mert az alagutak befogad\u00f3k\u00e9pess\u00e9ge biztons\u00e1gi okokb\u00f3l meglehet\u0151sen korl\u00e1tozott, helyben pedig gyakran minden elkel.<\/p>\n\n\n\n<h3 class=\"wp-block-heading\"><span class=\"ez-toc-section\" id=\"7_A_Pantheon_es_nyitott_kupolaja\"><\/span>7. A Pantheon \u00e9s nyitott kupol\u00e1ja<span class=\"ez-toc-section-end\"><\/span><\/h3>\n\n\n\n<figure data-wp-context=\"{&quot;imageId&quot;:&quot;6a981d98328db&quot;}\" data-wp-interactive=\"core\/image\" data-wp-key=\"6a981d98328db\" class=\"wp-block-image size-full wp-lightbox-container\"><img decoding=\"async\" width=\"1400\" height=\"933\" data-wp-class--hide=\"state.isContentHidden\" data-wp-class--show=\"state.isContentVisible\" data-wp-init=\"callbacks.setButtonStyles\" data-wp-on--click=\"actions.showLightbox\" data-wp-on--load=\"callbacks.setButtonStyles\" data-wp-on--pointerdown=\"actions.preloadImage\" data-wp-on--pointerenter=\"actions.preloadImageWithDelay\" data-wp-on--pointerleave=\"actions.cancelPreload\" data-wp-on-window--resize=\"callbacks.setButtonStyles\" src=\"https:\/\/www.loudavymkrokem.cz\/wp-content\/uploads\/2023\/05\/colosseum.jpg\" alt=\"Colosseum\" class=\"wp-image-57907\" title=\"\"><button\n\t\t\tclass=\"lightbox-trigger\"\n\t\t\ttype=\"button\"\n\t\t\taria-haspopup=\"dialog\"\n\t\t\tdata-wp-bind--aria-label=\"state.thisImage.triggerButtonAriaLabel\"\n\t\t\tdata-wp-init=\"callbacks.initTriggerButton\"\n\t\t\tdata-wp-on--click=\"actions.showLightbox\"\n\t\t\tdata-wp-style--right=\"state.thisImage.buttonRight\"\n\t\t\tdata-wp-style--top=\"state.thisImage.buttonTop\"\n\t\t>\n\t\t\t<svg xmlns=\"http:\/\/www.w3.org\/2000\/svg\" width=\"12\" height=\"12\" fill=\"none\" viewBox=\"0 0 12 12\">\n\t\t\t\t<path fill=\"#fff\" d=\"M2 0a2 2 0 0 0-2 2v2h1.5V2a.5.5 0 0 1 .5-.5h2V0H2Zm2 10.5H2a.5.5 0 0 1-.5-.5V8H0v2a2 2 0 0 0 2 2h2v-1.5ZM8 12v-1.5h2a.5.5 0 0 0 .5-.5V8H12v2a2 2 0 0 1-2 2H8Zm2-12a2 2 0 0 1 2 2v2h-1.5V2a.5.5 0 0 0-.5-.5H8V0h2Z\" \/>\n\t\t\t<\/svg>\n\t\t<\/button><figcaption class=\"wp-element-caption\">Colosseum<\/figcaption><\/figure>\n\n\n\n<p class=\"wp-block-paragraph\">Az egyik leger\u0151sebb gyerekkori eml\u00e9kem R\u00f3m\u00e1r\u00f3l \u00e9ppen a <a href=\"https:\/\/loudavymkrokem.cz\/hu\/pantheon-roma-olaszorszag\/\">Pantheonhoz<\/a> k\u00f6t\u0151dik. Eml\u00e9kszem, ahogy sz\u0171k sik\u00e1torokban s\u00e9t\u00e1ltunk, \u00e9s hirtelen a semmib\u0151l el\u0151tt\u00fcnk magasodott egy <strong>hatalmas \u00e9p\u00fclet massz\u00edv gr\u00e1nitoszlopokkal<\/strong>, amelyeket a r\u00f3maiak eg\u00e9szen a t\u00e1voli Egyiptomb\u00f3l hozattak ide. A Pantheon a vil\u00e1g legjobb \u00e1llapotban fennmaradt antik \u00e9p\u00fclete, \u00f3ri\u00e1si betonkupol\u00e1ja pedig a mai napig leny\u0171g\u00f6z\u0151 \u00e9p\u00edt\u00e9szeti csoda.<\/p>\n\n\n\n<p class=\"wp-block-paragraph\">A kupola k\u00f6zep\u00e9n <strong>egy kilencm\u00e9teres, oculusnak nevezett k\u00f6r alak\u00fa ny\u00edl\u00e1s<\/strong> t\u00e1tong, ami az \u00e9p\u00fclet egyetlen term\u00e9szetes f\u00e9nyforr\u00e1sa. Amikor R\u00f3m\u00e1ban esik, a v\u00edz az oculuson \u00e1t egyenesen a m\u00e1rv\u00e1nypadl\u00f3ra hullik, ahonnan azonnal elvezeti egy zseni\u00e1lis \u00f3kori csatornarendszer. Bent tal\u00e1lod a renesz\u00e1nsz zseni, Raffaello Santi s\u00edrj\u00e1t is, amelyhez az emberek tisztelegni j\u00e1rnak.<\/p>\n\n\n\n<p class=\"wp-block-paragraph\">Az az id\u0151, amikor csak \u00fagy bes\u00e9t\u00e1lhatt\u00e1l a Pantheonba az utc\u00e1r\u00f3l, sajnos visszavonhatatlanul elm\u00falt. A bel\u00e9p\u0151 <strong>2026. j\u00falius 1-j\u00e9t\u0151l h\u00e9t eur\u00f3ba ker\u00fcl<\/strong> (az eredeti \u00f6t eur\u00f3hoz k\u00e9pest megdr\u00e1gult), a jegyeket pedig a kultur\u00e1lis miniszt\u00e9rium hivatalos port\u00e1lj\u00e1n kell beszerezned. A 18 \u00e9s 25 \u00e9v k\u00f6z\u00f6tti uni\u00f3s polg\u00e1rok k\u00e9t eur\u00f3t fizetnek, a 18 \u00e9v alatti gyerekeknek \u00e9s a h\u00f3nap els\u0151 vas\u00e1rnapj\u00e1n ingyenes a bel\u00e9p\u00e9s. A legjobb v\u00e1laszt\u00e1s a reggeli nyit\u00e1sra id\u0151z\u00edteni, mert a leveg\u0151 bent m\u00e9g kellemesen h\u0171v\u00f6s, az oculusb\u00f3l besz\u0171r\u0151d\u0151 f\u00e9ny pedig var\u00e1zslatos.<\/p>\n\n\n\n<h3 class=\"wp-block-heading\"><span class=\"ez-toc-section\" id=\"8_A_Piazza_Navona_es_a_Negy_Folyo_Kutja\"><\/span>8. A Piazza Navona \u00e9s a N\u00e9gy Foly\u00f3 K\u00fatja<span class=\"ez-toc-section-end\"><\/span><\/h3>\n\n\n\n<figure data-wp-context=\"{&quot;imageId&quot;:&quot;6a981d983302f&quot;}\" data-wp-interactive=\"core\/image\" data-wp-key=\"6a981d983302f\" class=\"wp-block-image size-full wp-lightbox-container\"><img decoding=\"async\" width=\"1400\" height=\"933\" data-wp-class--hide=\"state.isContentHidden\" data-wp-class--show=\"state.isContentVisible\" data-wp-init=\"callbacks.setButtonStyles\" data-wp-on--click=\"actions.showLightbox\" data-wp-on--load=\"callbacks.setButtonStyles\" data-wp-on--pointerdown=\"actions.preloadImage\" data-wp-on--pointerenter=\"actions.preloadImageWithDelay\" data-wp-on--pointerleave=\"actions.cancelPreload\" data-wp-on-window--resize=\"callbacks.setButtonStyles\" src=\"https:\/\/www.loudavymkrokem.cz\/wp-content\/uploads\/2023\/05\/piazza-venezia.jpg\" alt=\"Piazza Venezia\" class=\"wp-image-57912\" title=\"\"><button\n\t\t\tclass=\"lightbox-trigger\"\n\t\t\ttype=\"button\"\n\t\t\taria-haspopup=\"dialog\"\n\t\t\tdata-wp-bind--aria-label=\"state.thisImage.triggerButtonAriaLabel\"\n\t\t\tdata-wp-init=\"callbacks.initTriggerButton\"\n\t\t\tdata-wp-on--click=\"actions.showLightbox\"\n\t\t\tdata-wp-style--right=\"state.thisImage.buttonRight\"\n\t\t\tdata-wp-style--top=\"state.thisImage.buttonTop\"\n\t\t>\n\t\t\t<svg xmlns=\"http:\/\/www.w3.org\/2000\/svg\" width=\"12\" height=\"12\" fill=\"none\" viewBox=\"0 0 12 12\">\n\t\t\t\t<path fill=\"#fff\" d=\"M2 0a2 2 0 0 0-2 2v2h1.5V2a.5.5 0 0 1 .5-.5h2V0H2Zm2 10.5H2a.5.5 0 0 1-.5-.5V8H0v2a2 2 0 0 0 2 2h2v-1.5ZM8 12v-1.5h2a.5.5 0 0 0 .5-.5V8H12v2a2 2 0 0 1-2 2H8Zm2-12a2 2 0 0 1 2 2v2h-1.5V2a.5.5 0 0 0-.5-.5H8V0h2Z\" \/>\n\t\t\t<\/svg>\n\t\t<\/button><figcaption class=\"wp-element-caption\">Piazza Venezia<\/figcaption><\/figure>\n\n\n\n<p class=\"wp-block-paragraph\">A Pantheont\u00f3l egyenesen elindulhatsz a <a href=\"https:\/\/loudavymkrokem.cz\/hu\/piazza-navona-roma-latnivalok\/\">Piazza Navona<\/a> t\u00e9rhez, amely a mai napig <strong>meg\u0151rizte antik Domitianus-stadion jellegzetes hossz\u00fak\u00e1s form\u00e1j\u00e1t<\/strong>, amelynek romjaira \u00e9p\u00fclt. A k\u00f6z\u00e9pkorban lovagi torn\u00e1kat tartottak itt, a tizenhetedik sz\u00e1zadban pedig a t\u00e9r nagyszab\u00e1s\u00fa v\u00edzi \u00fcnneps\u00e9gek helysz\u00edne volt, amikor a ter\u00fcletet sz\u00e1nd\u00e9kosan el\u00e1rasztott\u00e1k v\u00edzzel, \u00e9s a nemess\u00e9g kis cs\u00f3nakokon evezett rajta.<\/p>\n\n\n\n<p class=\"wp-block-paragraph\">A teret Bernini leny\u0171g\u00f6z\u0151 <strong>N\u00e9gy Foly\u00f3 K\u00fatja<\/strong> (Fontana dei Quattro Fiumi) uralja, amely az akkor ismert n\u00e9gy kontinens nagy foly\u00f3it szimboliz\u00e1lja. Egy csintalan v\u00e1rosi legenda szerint a R\u00edo de la Plata foly\u00f3t \u00e1br\u00e1zol\u00f3 szobor r\u00e9m\u00fclten eltakarja az arc\u00e1t, hogy ne kelljen a Sant\u2019Agnese in Agone templomra n\u00e9znie, amelyet Bernini esk\u00fcdt riv\u00e1lisa, Borromini tervezett. A r\u00f3maiak im\u00e1dj\u00e1k ezt a vicces t\u00f6rt\u00e9netet, \u00e9s sz\u00edvesen mes\u00e9lik el a turist\u00e1knak.<\/p>\n\n\n\n<p class=\"wp-block-paragraph\">A t\u00e9r tele van utcai m\u0171v\u00e9szekkel, karikaturist\u00e1kkal \u00e9s zen\u00e9szekkel, \u00edgy csod\u00e1latos \u00e9l\u0151 hangulat uralkodik, f\u0151leg estefel\u00e9. Gasztron\u00f3miai szempontb\u00f3l azonban ez egy igazi aknamez\u0151, \u00fagyhogy <strong>a t\u00e9rre n\u00e9z\u0151 \u00e9ttermeket nagy \u00edvben ker\u00fcld el<\/strong>. A r\u00f3mai turistacsapd\u00e1k legrosszabbik\u00e1t k\u00e9pviselik, \u00e9s egy egyszer\u0171, asztaln\u00e1l kortyolgatott cappuccino ak\u00e1r h\u00e9t eur\u00f3 k\u00e9ptelens\u00e9g\u00e9be is ker\u00fclhet.<\/p>\n\n\n\n<h3 class=\"wp-block-heading\"><span class=\"ez-toc-section\" id=\"9_A_Vatikani_Muzeumok\"><\/span>9. A Vatik\u00e1ni M\u00fazeumok<span class=\"ez-toc-section-end\"><\/span><\/h3>\n\n\n\n<figure data-wp-context=\"{&quot;imageId&quot;:&quot;6a981d983369b&quot;}\" data-wp-interactive=\"core\/image\" data-wp-key=\"6a981d983369b\" class=\"wp-block-image size-full wp-lightbox-container\"><img decoding=\"async\" width=\"1400\" height=\"933\" data-wp-class--hide=\"state.isContentHidden\" data-wp-class--show=\"state.isContentVisible\" data-wp-init=\"callbacks.setButtonStyles\" data-wp-on--click=\"actions.showLightbox\" data-wp-on--load=\"callbacks.setButtonStyles\" data-wp-on--pointerdown=\"actions.preloadImage\" data-wp-on--pointerenter=\"actions.preloadImageWithDelay\" data-wp-on--pointerleave=\"actions.cancelPreload\" data-wp-on-window--resize=\"callbacks.setButtonStyles\" src=\"https:\/\/www.loudavymkrokem.cz\/wp-content\/uploads\/2023\/05\/pantheon.jpg\" alt=\"Pantheon\" class=\"wp-image-57910\" title=\"\"><button\n\t\t\tclass=\"lightbox-trigger\"\n\t\t\ttype=\"button\"\n\t\t\taria-haspopup=\"dialog\"\n\t\t\tdata-wp-bind--aria-label=\"state.thisImage.triggerButtonAriaLabel\"\n\t\t\tdata-wp-init=\"callbacks.initTriggerButton\"\n\t\t\tdata-wp-on--click=\"actions.showLightbox\"\n\t\t\tdata-wp-style--right=\"state.thisImage.buttonRight\"\n\t\t\tdata-wp-style--top=\"state.thisImage.buttonTop\"\n\t\t>\n\t\t\t<svg xmlns=\"http:\/\/www.w3.org\/2000\/svg\" width=\"12\" height=\"12\" fill=\"none\" viewBox=\"0 0 12 12\">\n\t\t\t\t<path fill=\"#fff\" d=\"M2 0a2 2 0 0 0-2 2v2h1.5V2a.5.5 0 0 1 .5-.5h2V0H2Zm2 10.5H2a.5.5 0 0 1-.5-.5V8H0v2a2 2 0 0 0 2 2h2v-1.5ZM8 12v-1.5h2a.5.5 0 0 0 .5-.5V8H12v2a2 2 0 0 1-2 2H8Zm2-12a2 2 0 0 1 2 2v2h-1.5V2a.5.5 0 0 0-.5-.5H8V0h2Z\" \/>\n\t\t\t<\/svg>\n\t\t<\/button><figcaption class=\"wp-element-caption\">Pantheon<\/figcaption><\/figure>\n\n\n\n<p class=\"wp-block-paragraph\">A Vatik\u00e1n \u00e1llamra ide\u00e1lisan egy teljes napot sz\u00e1nj, \u00e9s egy percet sem fogsz megb\u00e1nni. A Vatik\u00e1ni M\u00fazeumokat \u00e9vente emberek milli\u00f3i l\u00e1togatj\u00e1k, \u00e9s folyos\u00f3k, \u00f6sszek\u00f6t\u00f6tt palot\u00e1k \u00e9s gal\u00e9ri\u00e1k hatalmas labirintus\u00e1t alkotj\u00e1k, amelyek <strong>teljes bej\u00e1r\u00e1si \u00fatvonala majdnem t\u00edz kilom\u00e9tert tesz ki<\/strong>. Felbecs\u00fclhetetlen \u00e9rt\u00e9k\u0171 gy\u0171jtem\u00e9nyeket tal\u00e1lsz itt, az antik Laoko\u00f3n \u00e9s fiai szoborcsoportt\u00f3l kezdve a leny\u0171g\u00f6z\u0151 T\u00e9rk\u00e9pgal\u00e9ri\u00e1ig, gy\u00f6ny\u00f6r\u0171 aranyozott kazett\u00e1s mennyezettel.<\/p>\n\n\n\n<p class=\"wp-block-paragraph\">Ennek tudat\u00e1ban felt\u00e9tlen\u00fcl vedd meg <strong>a jegyet el\u0151re a hivatalos vatik\u00e1ni oldalon<\/strong> (a d\u00edjjal egy\u00fctt nagyj\u00e1b\u00f3l 25 eur\u00f3ba ker\u00fcl), ak\u00e1r hatvan nappal kor\u00e1bban is. Mi a d\u00e9lut\u00e1ni \u00f3r\u00e1kat v\u00e1lasztottuk, hogy elker\u00fclj\u00fck a legnagyobb h\u0151s\u00e9get, de a m\u00fazeumok l\u00e9gkondija nem nagyon b\u00edrta. A tapasztalt utaz\u00f3k ez\u00e9rt azt tan\u00e1csolj\u00e1k, hogy r\u00f6gt\u00f6n a reggeli nyit\u00e1sra menj, nyolc \u00f3ra k\u00f6r\u00fcl, amikor a padl\u00f3k frissen felmosottak, a leveg\u0151 pedig sokkal leveg\u0151sebb.<\/p>\n\n\n\n<p class=\"wp-block-paragraph\">Audiovezet\u0151s t\u00far\u00e1t v\u00e1lasztottunk, \u00e9s b\u00e1r eleinte elt\u00f6k\u00e9lten mindent v\u00e9gig akartunk hallgatni, hamar r\u00e1j\u00f6tt\u00fcnk, hogy ez egyszer\u0171en nem \u00e1ll a hatalmunkban. Legal\u00e1bb t\u00edz \u00f3r\u00e1t kellett volna ott t\u00f6lten\u00fcnk, \u00e9s a l\u00e1bunk m\u00e1r \u00edgy is lassan felmondta a szolg\u00e1latot. <strong>Ez\u00e9rt csak azokat a ki\u00e1ll\u00edt\u00e1sokat v\u00e1laszd ki, amelyek t\u00e9nyleg \u00e9rdekelnek<\/strong>, hogy ne mer\u00fclj ki feleslegesen mindj\u00e1rt a hatalmas komplexum els\u0151 harmad\u00e1ban.<\/p>\n\n\n\n<h3 class=\"wp-block-heading\"><span class=\"ez-toc-section\" id=\"10_A_Sixtus-kapolna\"><\/span>10. A Sixtus-k\u00e1polna<span class=\"ez-toc-section-end\"><\/span><\/h3>\n\n\n\n<figure data-wp-context=\"{&quot;imageId&quot;:&quot;6a981d9833d77&quot;}\" data-wp-interactive=\"core\/image\" data-wp-key=\"6a981d9833d77\" class=\"wp-block-image size-full wp-lightbox-container\"><img decoding=\"async\" width=\"1400\" height=\"933\" data-wp-class--hide=\"state.isContentHidden\" data-wp-class--show=\"state.isContentVisible\" data-wp-init=\"callbacks.setButtonStyles\" data-wp-on--click=\"actions.showLightbox\" data-wp-on--load=\"callbacks.setButtonStyles\" data-wp-on--pointerdown=\"actions.preloadImage\" data-wp-on--pointerenter=\"actions.preloadImageWithDelay\" data-wp-on--pointerleave=\"actions.cancelPreload\" data-wp-on-window--resize=\"callbacks.setButtonStyles\" src=\"https:\/\/www.loudavymkrokem.cz\/wp-content\/uploads\/2023\/05\/fontana-ctyr-rek.jpg\" alt=\"N\u00e9gy Foly\u00f3 K\u00fatja\" class=\"wp-image-57913\" title=\"\"><button\n\t\t\tclass=\"lightbox-trigger\"\n\t\t\ttype=\"button\"\n\t\t\taria-haspopup=\"dialog\"\n\t\t\tdata-wp-bind--aria-label=\"state.thisImage.triggerButtonAriaLabel\"\n\t\t\tdata-wp-init=\"callbacks.initTriggerButton\"\n\t\t\tdata-wp-on--click=\"actions.showLightbox\"\n\t\t\tdata-wp-style--right=\"state.thisImage.buttonRight\"\n\t\t\tdata-wp-style--top=\"state.thisImage.buttonTop\"\n\t\t>\n\t\t\t<svg xmlns=\"http:\/\/www.w3.org\/2000\/svg\" width=\"12\" height=\"12\" fill=\"none\" viewBox=\"0 0 12 12\">\n\t\t\t\t<path fill=\"#fff\" d=\"M2 0a2 2 0 0 0-2 2v2h1.5V2a.5.5 0 0 1 .5-.5h2V0H2Zm2 10.5H2a.5.5 0 0 1-.5-.5V8H0v2a2 2 0 0 0 2 2h2v-1.5ZM8 12v-1.5h2a.5.5 0 0 0 .5-.5V8H12v2a2 2 0 0 1-2 2H8Zm2-12a2 2 0 0 1 2 2v2h-1.5V2a.5.5 0 0 0-.5-.5H8V0h2Z\" \/>\n\t\t\t<\/svg>\n\t\t<\/button><figcaption class=\"wp-element-caption\">N\u00e9gy Foly\u00f3 K\u00fatja<\/figcaption><\/figure>\n\n\n\n<p class=\"wp-block-paragraph\">A Sixtus-k\u00e1polna a Vatik\u00e1ni M\u00fazeumok bej\u00e1r\u00e1si \u00fatvonal\u00e1nak a legv\u00e9g\u00e9n tal\u00e1lhat\u00f3, \u00e9s <strong>nincs semmif\u00e9le hivatalos r\u00f6vid\u00edt\u00e9s<\/strong>, amivel egyenesen odajuthatn\u00e1l. Mindannyian ismerj\u00fck a boltozaton l\u00e1that\u00f3 h\u00edres fresk\u00f3kat Michelangelo Buonarroti kez\u00e9t\u0151l, aki n\u00e9gy \u00e9vet t\u00f6lt\u00f6tt itt kem\u00e9ny munk\u00e1val a fa\u00e1llv\u00e1nyon. Ha viszont szereted a m\u0171v\u00e9szetet, biztosan \u00e9szreveszed a gy\u00f6ny\u00f6r\u0171 oldalfresk\u00f3kat is Botticelli, Perugino vagy Ghirlandaio kez\u00e9t\u0151l.<\/p>\n\n\n\n<p class=\"wp-block-paragraph\">Ez egy felszentelt t\u00e9r, amelynek f\u0151 funkci\u00f3ja a b\u00edborosi koll\u00e9gium \u00f6sszegy\u0171l\u00e9se, akik itt j\u00f6nnek \u00f6ssze az \u00faj p\u00e1pa titkos megv\u00e1laszt\u00e1s\u00e1ra, az \u00fagynevezett konkl\u00e1v\u00e9ra. \u00c9ppen ez\u00e9rt nagyon szigor\u00fa szab\u00e1lyok \u00e9rv\u00e9nyesek itt, \u00e9s <strong>a fot\u00f3z\u00e1s \u00e9s vide\u00f3z\u00e1s tilalma abszol\u00fat mindenkire vonatkozik<\/strong>. Az \u0151r\u00f6k folyamatosan k\u00f6rbej\u00e1rj\u00e1k a k\u00e1poln\u00e1t, hangosan csendre intik a turist\u00e1kat, \u00e9s ha telefonnal kapnak rajta, megsz\u00e9gyen\u00edt\u0151 m\u00f3don a szem\u00fck el\u0151tt t\u00f6r\u00f6ltetik veled a fot\u00f3t.<\/p>\n\n\n\n<p class=\"wp-block-paragraph\">\ud83d\udca1 Tipp: A k\u00e1polna jobb h\u00e1ts\u00f3 sark\u00e1ban van egy jelent\u00e9ktelen ajt\u00f3, amely <strong>egyenesen a Szent P\u00e9ter-bazilik\u00e1hoz vezet\u0151 l\u00e9pcs\u0151h\u00f6z visz<\/strong>. Hivatalosan csak az idegenvezet\u0151s szervezett csoportoknak van fenntartva, de az egy\u00e9ni turist\u00e1knak n\u00e9ha siker\u00fcl \u00e1tcs\u00faszni egy nagy csoporttal. \u00cdgy megsp\u00f3rolsz h\u00fasz perc s\u00e9t\u00e1t \u00e9s a tov\u00e1bbi f\u00e1raszt\u00f3 v\u00e1rakoz\u00e1st a t\u00e9ren k\u00edv\u00fcli biztons\u00e1gi ellen\u0151rz\u00e9sre.<\/p>\n\n\n\n<h3 class=\"wp-block-heading\"><span class=\"ez-toc-section\" id=\"11_A_Szent_Peter-bazilika\"><\/span>11. A Szent P\u00e9ter-bazilika<span class=\"ez-toc-section-end\"><\/span><\/h3>\n\n\n\n<figure data-wp-context=\"{&quot;imageId&quot;:&quot;6a981d9834418&quot;}\" data-wp-interactive=\"core\/image\" data-wp-key=\"6a981d9834418\" class=\"wp-block-image size-full wp-lightbox-container\"><img decoding=\"async\" width=\"1400\" height=\"933\" data-wp-class--hide=\"state.isContentHidden\" data-wp-class--show=\"state.isContentVisible\" data-wp-init=\"callbacks.setButtonStyles\" data-wp-on--click=\"actions.showLightbox\" data-wp-on--load=\"callbacks.setButtonStyles\" data-wp-on--pointerdown=\"actions.preloadImage\" data-wp-on--pointerenter=\"actions.preloadImageWithDelay\" data-wp-on--pointerleave=\"actions.cancelPreload\" data-wp-on-window--resize=\"callbacks.setButtonStyles\" src=\"https:\/\/www.loudavymkrokem.cz\/wp-content\/uploads\/2023\/05\/spanelske-schody.jpg\" alt=\"Spanyol l\u00e9pcs\u0151\" class=\"wp-image-57905\" title=\"\"><button\n\t\t\tclass=\"lightbox-trigger\"\n\t\t\ttype=\"button\"\n\t\t\taria-haspopup=\"dialog\"\n\t\t\tdata-wp-bind--aria-label=\"state.thisImage.triggerButtonAriaLabel\"\n\t\t\tdata-wp-init=\"callbacks.initTriggerButton\"\n\t\t\tdata-wp-on--click=\"actions.showLightbox\"\n\t\t\tdata-wp-style--right=\"state.thisImage.buttonRight\"\n\t\t\tdata-wp-style--top=\"state.thisImage.buttonTop\"\n\t\t>\n\t\t\t<svg xmlns=\"http:\/\/www.w3.org\/2000\/svg\" width=\"12\" height=\"12\" fill=\"none\" viewBox=\"0 0 12 12\">\n\t\t\t\t<path fill=\"#fff\" d=\"M2 0a2 2 0 0 0-2 2v2h1.5V2a.5.5 0 0 1 .5-.5h2V0H2Zm2 10.5H2a.5.5 0 0 1-.5-.5V8H0v2a2 2 0 0 0 2 2h2v-1.5ZM8 12v-1.5h2a.5.5 0 0 0 .5-.5V8H12v2a2 2 0 0 1-2 2H8Zm2-12a2 2 0 0 1 2 2v2h-1.5V2a.5.5 0 0 0-.5-.5H8V0h2Z\" \/>\n\t\t\t<\/svg>\n\t\t<\/button><figcaption class=\"wp-element-caption\">Spanyol l\u00e9pcs\u0151<\/figcaption><\/figure>\n\n\n\n<p class=\"wp-block-paragraph\">Goethe k\u00f6lt\u0151 \u00e1ll\u00edt\u00f3lag egyszer azt mondta, hogy bel\u00e9pni a Szent P\u00e9ter-bazilik\u00e1ba olyan, mintha egyenesen az \u00f6r\u00f6kk\u00e9val\u00f3s\u00e1gba l\u00e9pn\u00e9l, \u00e9s teljesen egyet kell \u00e9rtenem vele. Ez <strong>a vil\u00e1g legnagyobb \u00e9s legpomp\u00e1sabb katolikus \u00e9p\u00fclete<\/strong>, amelynek m\u00e9retei egyszer\u0171en leny\u0171g\u00f6znek. R\u00f6gt\u00f6n a bej\u00e1ratn\u00e1l Michelangelo m\u00e1rv\u00e1ny Piet\u00e0ja fogad, goly\u00f3\u00e1ll\u00f3 \u00fcveggel v\u00e9dve, a hatalmas haj\u00f3 k\u00f6zep\u00e9n pedig Bernini monument\u00e1lis bronz baldachinja magasodik.<\/p>\n\n\n\n<p class=\"wp-block-paragraph\">Mag\u00e1ba a bazilik\u00e1ba a bel\u00e9p\u00e9s teljesen ingyenes, ami viszont logikusan hatalmas embert\u00f6meget vonz a vil\u00e1g minden t\u00e1j\u00e1r\u00f3l. A f\u0151 akad\u00e1ly a <strong>rept\u00e9ri f\u00e9mdetektorokkal ell\u00e1tott biztons\u00e1gi ellen\u0151rz\u00e9s<\/strong>, amely kint a Szent P\u00e9ter t\u00e9ren van. Az emberk\u00edgy\u00f3 szezonban gyakran az egyiptomi obeliszk k\u00f6r\u00fcl kanyarog, a v\u00e1rakoz\u00e1s pedig ak\u00e1r k\u00e9t \u00f3r\u00e1ra is elh\u00faz\u00f3dhat, \u00fagyhogy ha ezt el akarod ker\u00fclni, m\u00e1r reggel h\u00e9t \u00f3ra k\u00f6r\u00fcl ide kell \u00e9rned.<\/p>\n\n\n\n<p class=\"wp-block-paragraph\">Ne feledkezz meg a <strong>k\u00f6ny\u00f6rtelen dress code-r\u00f3l<\/strong>, amit a sv\u00e1jci g\u00e1rda \u00e9s a rendfenntart\u00f3k egy csepp sz\u00e1nalom n\u00e9lk\u00fcl ellen\u0151riznek. A v\u00e1llat \u00e9s a t\u00e9rdet felt\u00e9tlen\u00fcl el kell takarni, f\u00e9rfiaknak \u00e9s n\u0151knek egyar\u00e1nt. Semmif\u00e9le trik\u00f3, r\u00f6vidnadr\u00e1g vagy t\u00e9rd f\u00f6l\u00e9 \u00e9r\u0151 ny\u00e1ri ruha nem megy \u00e1t, m\u00e9g ha egy \u00f3r\u00e1n \u00e1t \u00e1llt\u00e1l is kint a harmincfokos napon. Mindig csomagolj a h\u00e1tizs\u00e1kodba egy k\u00f6nny\u0171, sz\u00e9les kend\u0151t, amivel eleg\u00e1nsan betakarod magad bel\u00e9p\u00e9s el\u0151tt.<\/p>\n\n\n\n<h3 class=\"wp-block-heading\"><span class=\"ez-toc-section\" id=\"12_Feljutas_a_bazilika_kupolajara\"><\/span>12. Feljut\u00e1s a bazilika kupol\u00e1j\u00e1ra<span class=\"ez-toc-section-end\"><\/span><\/h3>\n\n\n\n<figure data-wp-context=\"{&quot;imageId&quot;:&quot;6a981d9834a4e&quot;}\" data-wp-interactive=\"core\/image\" data-wp-key=\"6a981d9834a4e\" class=\"wp-block-image size-full wp-lightbox-container\"><img decoding=\"async\" width=\"1400\" height=\"933\" data-wp-class--hide=\"state.isContentHidden\" data-wp-class--show=\"state.isContentVisible\" data-wp-init=\"callbacks.setButtonStyles\" data-wp-on--click=\"actions.showLightbox\" data-wp-on--load=\"callbacks.setButtonStyles\" data-wp-on--pointerdown=\"actions.preloadImage\" data-wp-on--pointerenter=\"actions.preloadImageWithDelay\" data-wp-on--pointerleave=\"actions.cancelPreload\" data-wp-on-window--resize=\"callbacks.setButtonStyles\" src=\"https:\/\/www.loudavymkrokem.cz\/wp-content\/uploads\/2023\/05\/namesti-popolo.jpg\" alt=\"Piazza del Popolo\" class=\"wp-image-57915\" title=\"\"><button\n\t\t\tclass=\"lightbox-trigger\"\n\t\t\ttype=\"button\"\n\t\t\taria-haspopup=\"dialog\"\n\t\t\tdata-wp-bind--aria-label=\"state.thisImage.triggerButtonAriaLabel\"\n\t\t\tdata-wp-init=\"callbacks.initTriggerButton\"\n\t\t\tdata-wp-on--click=\"actions.showLightbox\"\n\t\t\tdata-wp-style--right=\"state.thisImage.buttonRight\"\n\t\t\tdata-wp-style--top=\"state.thisImage.buttonTop\"\n\t\t>\n\t\t\t<svg xmlns=\"http:\/\/www.w3.org\/2000\/svg\" width=\"12\" height=\"12\" fill=\"none\" viewBox=\"0 0 12 12\">\n\t\t\t\t<path fill=\"#fff\" d=\"M2 0a2 2 0 0 0-2 2v2h1.5V2a.5.5 0 0 1 .5-.5h2V0H2Zm2 10.5H2a.5.5 0 0 1-.5-.5V8H0v2a2 2 0 0 0 2 2h2v-1.5ZM8 12v-1.5h2a.5.5 0 0 0 .5-.5V8H12v2a2 2 0 0 1-2 2H8Zm2-12a2 2 0 0 1 2 2v2h-1.5V2a.5.5 0 0 0-.5-.5H8V0h2Z\" \/>\n\t\t\t<\/svg>\n\t\t<\/button><figcaption class=\"wp-element-caption\">Piazza del Popolo<\/figcaption><\/figure>\n\n\n\n<p class=\"wp-block-paragraph\">A Vatik\u00e1n l\u00e1togat\u00e1sakor semmik\u00e9pp se hagyd ki a meglehet\u0151sen f\u00e1raszt\u00f3 feljut\u00e1st a Szent P\u00e9ter-bazilika kupol\u00e1j\u00e1ra, amely az <strong>egyik legjobb kil\u00e1t\u00e1st ny\u00fajtja a szimmetrikus Szent P\u00e9ter t\u00e9rre<\/strong> \u00e9s a gondosan \u00e1polt vatik\u00e1ni kertekre. A kupol\u00e1ra a bel\u00e9p\u00e9s fizet\u0151s, a jelent\u00e9ktelen bej\u00e1ratot pedig a bazilika portikusz\u00e1nak jobb oldal\u00e1n tal\u00e1lod, k\u00f6zvetlen\u00fcl a f\u0151 templom bej\u00e1rata el\u0151tt.<\/p>\n\n\n\n<p class=\"wp-block-paragraph\">K\u00e9t lehet\u0151s\u00e9ged van, hogyan juss fel. Vagy gyalog m\u00e9sz az eg\u00e9sz \u00faton 551 l\u00e9pcs\u0151n \u00e1t nyolc eur\u00f3\u00e9rt, vagy t\u00edz eur\u00f3\u00e9rt egy kicsit k\u00f6nny\u00edtesz magadon, \u00e9s <strong>lifttel felm\u00e9sz a bazilika tet\u0151szintj\u00e9re<\/strong>. Az utols\u00f3 320 l\u00e9pcs\u0151t viszont mindig gyalog kell megm\u00e1sznod, ak\u00e1rmennyit is fizetsz, mert a lift feljebb egyszer\u0171en nem visz.<\/p>\n\n\n\n<p class=\"wp-block-paragraph\">Ez a z\u00e1r\u00f3 szakasz a kupola h\u00e9j\u00e1n \u00e1t vezet, a falak \u00e9rezhet\u0151en befel\u00e9 d\u0151lnek, a <strong>l\u00e9pcs\u0151 pedig sz\u0171k spir\u00e1lba sz\u0171k\u00fcl<\/strong>, ahol egy er\u0151s k\u00f6t\u00e9lbe kell kapaszkodnod. A t\u00e9r meglehet\u0151sen klausztrof\u00f3bi\u00e1s, a ny\u00e1ri h\u00f3napokban pedig hi\u00e1nyzik a leveg\u0151 cirkul\u00e1ci\u00f3ja, \u00fagyhogy alaposan megizzadsz. Cser\u00e9be viszont felejthetetlen l\u00e1tv\u00e1nnyal jutalmaz a fels\u0151 k\u00f6rfolyos\u00f3r\u00f3l, ahonnan eg\u00e9sz R\u00f3m\u00e1t a Tiberissel egy\u00fctt a tenyereden l\u00e1thatod.<\/p>\n\n\n\n<h3 class=\"wp-block-heading\"><span class=\"ez-toc-section\" id=\"13_A_Szent_Peter_ter_es_a_papai_audiencia\"><\/span>13. A Szent P\u00e9ter t\u00e9r \u00e9s a p\u00e1pai audiencia<span class=\"ez-toc-section-end\"><\/span><\/h3>\n\n\n\n<figure data-wp-context=\"{&quot;imageId&quot;:&quot;6a981d9834f9e&quot;}\" data-wp-interactive=\"core\/image\" data-wp-key=\"6a981d9834f9e\" class=\"wp-block-image size-full wp-lightbox-container\"><img decoding=\"async\" width=\"1400\" height=\"933\" data-wp-class--hide=\"state.isContentHidden\" data-wp-class--show=\"state.isContentVisible\" data-wp-init=\"callbacks.setButtonStyles\" data-wp-on--click=\"actions.showLightbox\" data-wp-on--load=\"callbacks.setButtonStyles\" data-wp-on--pointerdown=\"actions.preloadImage\" data-wp-on--pointerenter=\"actions.preloadImageWithDelay\" data-wp-on--pointerleave=\"actions.cancelPreload\" data-wp-on-window--resize=\"callbacks.setButtonStyles\" src=\"https:\/\/www.loudavymkrokem.cz\/wp-content\/uploads\/2023\/05\/piazza-del-popolo.jpg\" alt=\"Piazza del Popolo\" class=\"wp-image-57914\" title=\"\"><button\n\t\t\tclass=\"lightbox-trigger\"\n\t\t\ttype=\"button\"\n\t\t\taria-haspopup=\"dialog\"\n\t\t\tdata-wp-bind--aria-label=\"state.thisImage.triggerButtonAriaLabel\"\n\t\t\tdata-wp-init=\"callbacks.initTriggerButton\"\n\t\t\tdata-wp-on--click=\"actions.showLightbox\"\n\t\t\tdata-wp-style--right=\"state.thisImage.buttonRight\"\n\t\t\tdata-wp-style--top=\"state.thisImage.buttonTop\"\n\t\t>\n\t\t\t<svg xmlns=\"http:\/\/www.w3.org\/2000\/svg\" width=\"12\" height=\"12\" fill=\"none\" viewBox=\"0 0 12 12\">\n\t\t\t\t<path fill=\"#fff\" d=\"M2 0a2 2 0 0 0-2 2v2h1.5V2a.5.5 0 0 1 .5-.5h2V0H2Zm2 10.5H2a.5.5 0 0 1-.5-.5V8H0v2a2 2 0 0 0 2 2h2v-1.5ZM8 12v-1.5h2a.5.5 0 0 0 .5-.5V8H12v2a2 2 0 0 1-2 2H8Zm2-12a2 2 0 0 1 2 2v2h-1.5V2a.5.5 0 0 0-.5-.5H8V0h2Z\" \/>\n\t\t\t<\/svg>\n\t\t<\/button><figcaption class=\"wp-element-caption\">Kil\u00e1t\u00e1s a Pincio-kertekb\u0151l<\/figcaption><\/figure>\n\n\n\n<p class=\"wp-block-paragraph\">Ha a Vatik\u00e1nba indulsz, a hatalmas Szent P\u00e9ter teret (Piazza San Pietro) biztosan nem ker\u00fcl\u00f6d el. Gian Lorenzo Bernini egyed\u00fcl\u00e1ll\u00f3 \u00e9p\u00edt\u00e9szeti alkot\u00e1sa a tizenhetedik sz\u00e1zad k\u00f6zep\u00e9r\u0151l, m\u00e9retei pedig egyszer\u0171en leny\u0171g\u00f6z\u0151ek, mert <strong>ak\u00e1r n\u00e9gysz\u00e1zezer h\u00edv\u0151t is befogad<\/strong>. A teret hatalmas, elliptikus oszlopcsarnok hat\u00e1rolja t\u00f6bb sz\u00e1z oszloppal, amely az egyh\u00e1z nyitott \u00f6lel\u00e9s\u00e9t hivatott jelk\u00e9pezni.<\/p>\n\n\n\n<p class=\"wp-block-paragraph\">A t\u00e9r k\u00f6zep\u00e9t egy h\u00e1romsz\u00e1zharmincegy tonna s\u00faly\u00fa \u00e9s <strong>huszon\u00f6t m\u00e9ter magas egyiptomi obeliszk<\/strong> uralja, amelyet Caligula cs\u00e1sz\u00e1r hozatott R\u00f3m\u00e1ba, valamint k\u00e9t gy\u00f6ny\u00f6r\u0171, szimmetrikus sz\u00f6k\u0151k\u00fat. Ha r\u00e1\u00e1llsz a k\u00f6vezeten az obeliszk \u00e9s a sz\u00f6k\u0151kutak k\u00f6z\u00f6tti, speci\u00e1lisan megjel\u00f6lt m\u00e1rv\u00e1nykorongokra, optikai csoda t\u00f6rt\u00e9nik, \u00e9s az oszlopcsarnok n\u00e9gy oszlopsora t\u00f6k\u00e9letes takar\u00e1sban egyetlen sorr\u00e1 olvad \u00f6ssze.<\/p>\n\n\n\n<p class=\"wp-block-paragraph\">Minden szerda d\u00e9lel\u0151tt itt tartj\u00e1k a <strong>rendszeres p\u00e1pai audienci\u00e1t<\/strong>, amelynek megism\u00e9telhetetlen hangulata van. A jegyek r\u00e1 teljesen ingyenesek, \u00e9s a sv\u00e1jci g\u00e1rd\u00e1n\u00e1l veheted \u00e1t \u0151ket egy nappal kor\u00e1bban, vagy online is k\u00e9rheted \u0151ket. Jeggyel is kor\u00e1n kell azonban kelned, \u00e9s m\u00e1r reggel f\u00e9l nyolc k\u00f6r\u00fcl el kell foglalnod a helyet a fakorl\u00e1tokn\u00e1l, hogy k\u00f6zvetlen k\u00f6zelr\u0151l l\u00e1sd a Szentaty\u00e1t a p\u00e1pamobilban.<\/p>\n\n\n\n<h3 class=\"wp-block-heading\"><span class=\"ez-toc-section\" id=\"14_Az_Angyalvar_Castel_SantAngelo\"><\/span>14. Az Angyalv\u00e1r (Castel Sant&#8217;Angelo)<span class=\"ez-toc-section-end\"><\/span><\/h3>\n\n\n\n<figure data-wp-context=\"{&quot;imageId&quot;:&quot;6a981d983565d&quot;}\" data-wp-interactive=\"core\/image\" data-wp-key=\"6a981d983565d\" class=\"wp-block-image size-full wp-lightbox-container\"><img decoding=\"async\" data-wp-class--hide=\"state.isContentHidden\" data-wp-class--show=\"state.isContentVisible\" data-wp-init=\"callbacks.setButtonStyles\" data-wp-on--click=\"actions.showLightbox\" data-wp-on--load=\"callbacks.setButtonStyles\" data-wp-on--pointerdown=\"actions.preloadImage\" data-wp-on--pointerenter=\"actions.preloadImageWithDelay\" data-wp-on--pointerleave=\"actions.cancelPreload\" data-wp-on-window--resize=\"callbacks.setButtonStyles\" src=\"https:\/\/www.loudavymkrokem.cz\/wp-content\/uploads\/2023\/05\/andelsky-hrad.jpg\" alt=\"Angyalv\u00e1r\" title=\"\"><button\n\t\t\tclass=\"lightbox-trigger\"\n\t\t\ttype=\"button\"\n\t\t\taria-haspopup=\"dialog\"\n\t\t\tdata-wp-bind--aria-label=\"state.thisImage.triggerButtonAriaLabel\"\n\t\t\tdata-wp-init=\"callbacks.initTriggerButton\"\n\t\t\tdata-wp-on--click=\"actions.showLightbox\"\n\t\t\tdata-wp-style--right=\"state.thisImage.buttonRight\"\n\t\t\tdata-wp-style--top=\"state.thisImage.buttonTop\"\n\t\t>\n\t\t\t<svg xmlns=\"http:\/\/www.w3.org\/2000\/svg\" width=\"12\" height=\"12\" fill=\"none\" viewBox=\"0 0 12 12\">\n\t\t\t\t<path fill=\"#fff\" d=\"M2 0a2 2 0 0 0-2 2v2h1.5V2a.5.5 0 0 1 .5-.5h2V0H2Zm2 10.5H2a.5.5 0 0 1-.5-.5V8H0v2a2 2 0 0 0 2 2h2v-1.5ZM8 12v-1.5h2a.5.5 0 0 0 .5-.5V8H12v2a2 2 0 0 1-2 2H8Zm2-12a2 2 0 0 1 2 2v2h-1.5V2a.5.5 0 0 0-.5-.5H8V0h2Z\" \/>\n\t\t\t<\/svg>\n\t\t<\/button><figcaption class=\"wp-element-caption\">Angyalv\u00e1r<\/figcaption><\/figure>\n\n\n\n<p class=\"wp-block-paragraph\">Az Angyalv\u00e1r egy monument\u00e1lis, k\u00f6r alaprajz\u00fa \u00e9p\u00fclet, amely a Tevere partj\u00e1n fekszik, csak egy ugr\u00e1sra a Vatik\u00e1nt\u00f3l. Eredetileg az \u00f3korban \u00e9p\u00fclt <strong>Hadrianus cs\u00e1sz\u00e1r mauz\u00f3leumak\u00e9nt<\/strong>, de a viharos \u00e9vsz\u00e1zadok sor\u00e1n bevehetetlen er\u0151dd\u00e9, s\u00f6t\u00e9t b\u00f6rt\u00f6nn\u00e9 (ahol a filoz\u00f3fus Giordano Bruno is szenvedett), v\u00e9g\u00fcl f\u00e9ny\u0171z\u0151 p\u00e1pai rezidenci\u00e1v\u00e1 alak\u00edtott\u00e1k \u00e1t, gy\u00f6ny\u00f6r\u0171 fresk\u00f3kkal.<\/p>\n\n\n\n<p class=\"wp-block-paragraph\">A Vatik\u00e1nnal a mai napig \u00f6sszek\u00f6ti egy titkos, magas\u00edtott folyos\u00f3 a falakban, amelyet Passetto di Borg\u00f3nak h\u00edvnak, ahol a p\u00e1p\u00e1k a m\u00faltban R\u00f3ma kifoszt\u00e1sai idej\u00e9n menek\u00fcltek biztons\u00e1gba. A v\u00e1r l\u00e1togat\u00e1sa leny\u0171g\u00f6z\u0151 id\u0151utaz\u00e1s, amikor v\u00e9gigm\u00e9sz az <strong>eredeti antik spir\u00e1lr\u00e1mp\u00e1n<\/strong>, bekukkantasz a t\u00f6ml\u00f6c\u00f6kbe, \u00e9s megn\u00e9zed a renesz\u00e1nsz termeket, amelyekben t\u00f6rt\u00e9nelem \u00edr\u00f3dott.<\/p>\n\n\n\n<p class=\"wp-block-paragraph\">A legjobb azonban eg\u00e9szen fent, a tet\u0151n v\u00e1r r\u00e1d. A fels\u0151 teraszr\u00f3l, k\u00f6zvetlen\u00fcl Szent Mih\u00e1ly arkangyal hatalmas bronzszobra al\u00f3l, aki \u00e9ppen kardj\u00e1t dugja h\u00fcvely\u00e9be, <strong>fantasztikus, 360 fokos kil\u00e1t\u00e1s ny\u00edlik az eg\u00e9sz v\u00e1rosra<\/strong>. Teljesen ide\u00e1lis meg\u00e1ll\u00f3 a Vatik\u00e1n megtekint\u00e9se ut\u00e1n, k\u00fcl\u00f6n\u00f6sen var\u00e1zslatos naplementekor, amikor a Szent P\u00e9ter-bazilika kupol\u00e1ja aranysz\u00edn\u0171re sz\u00ednez\u0151dik.<\/p>\n\n\n\n<h3 class=\"wp-block-heading\"><span class=\"ez-toc-section\" id=\"15_Az_Angyalhid_Ponte_SantAngelo\"><\/span>15. Az Angyalh\u00edd (Ponte Sant&#8217;Angelo)<span class=\"ez-toc-section-end\"><\/span><\/h3>\n\n\n\n<figure data-wp-context=\"{&quot;imageId&quot;:&quot;6a981d9835cf6&quot;}\" data-wp-interactive=\"core\/image\" data-wp-key=\"6a981d9835cf6\" class=\"wp-block-image size-full wp-lightbox-container\"><img decoding=\"async\" width=\"1400\" height=\"933\" data-wp-class--hide=\"state.isContentHidden\" data-wp-class--show=\"state.isContentVisible\" data-wp-init=\"callbacks.setButtonStyles\" data-wp-on--click=\"actions.showLightbox\" data-wp-on--load=\"callbacks.setButtonStyles\" data-wp-on--pointerdown=\"actions.preloadImage\" data-wp-on--pointerenter=\"actions.preloadImageWithDelay\" data-wp-on--pointerleave=\"actions.cancelPreload\" data-wp-on-window--resize=\"callbacks.setButtonStyles\" src=\"https:\/\/www.loudavymkrokem.cz\/wp-content\/uploads\/2023\/05\/vatikan.jpg\" alt=\"Vatik\u00e1n\" class=\"wp-image-57911\" title=\"\"><button\n\t\t\tclass=\"lightbox-trigger\"\n\t\t\ttype=\"button\"\n\t\t\taria-haspopup=\"dialog\"\n\t\t\tdata-wp-bind--aria-label=\"state.thisImage.triggerButtonAriaLabel\"\n\t\t\tdata-wp-init=\"callbacks.initTriggerButton\"\n\t\t\tdata-wp-on--click=\"actions.showLightbox\"\n\t\t\tdata-wp-style--right=\"state.thisImage.buttonRight\"\n\t\t\tdata-wp-style--top=\"state.thisImage.buttonTop\"\n\t\t>\n\t\t\t<svg xmlns=\"http:\/\/www.w3.org\/2000\/svg\" width=\"12\" height=\"12\" fill=\"none\" viewBox=\"0 0 12 12\">\n\t\t\t\t<path fill=\"#fff\" d=\"M2 0a2 2 0 0 0-2 2v2h1.5V2a.5.5 0 0 1 .5-.5h2V0H2Zm2 10.5H2a.5.5 0 0 1-.5-.5V8H0v2a2 2 0 0 0 2 2h2v-1.5ZM8 12v-1.5h2a.5.5 0 0 0 .5-.5V8H12v2a2 2 0 0 1-2 2H8Zm2-12a2 2 0 0 1 2 2v2h-1.5V2a.5.5 0 0 0-.5-.5H8V0h2Z\" \/>\n\t\t\t<\/svg>\n\t\t<\/button><figcaption class=\"wp-element-caption\">Szent P\u00e9ter t\u00e9r<\/figcaption><\/figure>\n\n\n\n<p class=\"wp-block-paragraph\">Egyenesen az Angyalv\u00e1rhoz vezet R\u00f3ma egyik <strong>legszebb \u00e9s legikonikusabb h\u00eddja<\/strong>. Az Angyalhidat (Ponte Sant&#8217;Angelo) eredetileg m\u00e1r a m\u00e1sodik sz\u00e1zadban \u00e9p\u00edtett\u00e9k, hogy \u00f6sszek\u00f6sse Hadrianus mauz\u00f3leum\u00e1t a Tevere m\u00e1sik partj\u00e1n l\u00e9v\u0151 v\u00e1rosk\u00f6zponttal, \u00e9s a mai napig kiz\u00e1r\u00f3lag gyalogosforgalomra szolg\u00e1l, ami remek helysz\u00ednn\u00e9 teszi egy s\u00e9t\u00e1hoz.<\/p>\n\n\n\n<p class=\"wp-block-paragraph\">Ami olyan k\u00fcl\u00f6nlegess\u00e9 teszi ezt a hidat, az a <strong>t\u00edz dr\u00e1mai m\u00e1rv\u00e1ny angyalszobor<\/strong>, amelyek mindk\u00e9t oldalr\u00f3l szeg\u00e9lyezik. Ezeket a szobrokat a zseni\u00e1lis barokk szobr\u00e1sz, Gian Lorenzo Bernini tervezte, \u00e9s mindegyik egy-egy eszk\u00f6zt tart Krisztus k\u00ednszenved\u00e9s\u00e9b\u0151l, p\u00e9ld\u00e1ul a t\u00f6viskoron\u00e1t, a korb\u00e1csot vagy a keresztet. Maga Bernini kett\u0151t faragott k\u00f6z\u00fcl\u00fck, de ezeket v\u00e9g\u00fcl egy templomba helyezt\u00e9k \u00e1t, hogy ne rong\u00e1lja \u0151ket az id\u0151j\u00e1r\u00e1s, a h\u00eddon pedig m\u00e1solataik \u00e1llnak.<\/p>\n\n\n\n<p class=\"wp-block-paragraph\">Ez a v\u00e1ros egyik <strong>legfotog\u00e9nebb helye<\/strong>, ahol mindenki eml\u00e9kfot\u00f3t akar k\u00e9sz\u00edteni a v\u00e1rral a h\u00e1tt\u00e9rben. Ha \u00fagy akarod \u00e9lvezni a hidat, hogy ne szorongjon k\u00f6r\u00fcl\u00f6tted a t\u00f6bb sz\u00e1z turista, aki napk\u00f6zben folyamatosan tolong itt, akkor vagy kora reggel gyere ide egy k\u00e1v\u00e9val a kezedben, vagy \u00e9ppen k\u00e9s\u0151 este, amikor az angyalok gy\u00f6ny\u00f6r\u0171en meg vannak vil\u00e1g\u00edtva, \u00e9s t\u00fckr\u00f6z\u0151dnek a foly\u00f3 s\u00f6t\u00e9t felsz\u00edn\u00e9n.<\/p>\n\n\n\n\n<div class=\"lk-stays-module\">\n<style>\n\/* \u2500\u2500\u2500 RESET PRO GUTENBERG \u2500\u2500\u2500 *\/\n.lk-stays-module * { box-sizing: border-box; margin: 0; padding: 0; }\n\n\/* \u2500\u2500\u2500 WRAPPER \u2500\u2500\u2500 *\/\n.lk-stays-module {\n  font-family: 'DM Sans', Georgia, sans-serif;\n  max-width: 100%;\n  margin: 2.5rem auto;\n  background: linear-gradient(135deg, #fdfaf5 0%, #fcf8f0 100%);\n  border: 1px solid #e8dfd4;\n  border-radius: 16px;\n  overflow: hidden;\n  box-shadow: 0 16px 48px rgba(195, 159, 118, 0.25), 0 4px 12px rgba(0,0,0,0.08);\n}\n\n\/* \u2500\u2500\u2500 HEADER \u2500\u2500\u2500 *\/\n.lk-stays-header {\n  position: relative;\n  padding: 24px 36px 24px;\n  background: linear-gradient(135deg, #c39f76 0%, #d4b188 60%, #c39f76 100%);\n  border-bottom: 1px solid rgba(255,255,255,.15);\n  display: flex;\n  align-items: center;\n  gap: 18px;\n}\n.lk-stays-header::before {\n  content: '';\n  position: absolute;\n  inset: 0;\n  background: url(\"data:image\/svg+xml,%3Csvg width='60' height='60' viewBox='0 0 60 60' xmlns='http:\/\/www.w3.org\/2000\/svg'%3E%3Cg fill='none' fill-rule='evenodd'%3E%3Cg fill='%23ffffff' fill-opacity='0.05'%3E%3Cpath d='M36 34v-4h-2v4h-4v2h4v4h2v-4h4v-2h-4zm0-30V0h-2v4h-4v2h4v4h2V6h4V4h-4zM6 34v-4H4v4H0v2h4v4h2v-4h4v-2H6zM6 4V0H4v4H0v2h4v4h2V6h4V4H6z'\/%3E%3C\/g%3E%3C\/g%3E%3C\/svg%3E\") repeat;\n  pointer-events: none;\n}\n.lk-stays-icon {\n  flex-shrink: 0;\n  width: 68px;\n  height: 68px;\n  border-radius: 14px;\n  background: linear-gradient(135deg, #fff 0%, #f9f6f0 100%);\n  display: flex;\n  align-items: center;\n  justify-content: center;\n  font-size: 26px;\n  box-shadow: 0 4px 12px rgba(0,0,0,0.15);\n}\n.lk-stays-eyebrow {\n  font-size: 10px;\n  font-weight: 500;\n  letter-spacing: 2.5px;\n  text-transform: uppercase;\n  color: rgba(255,255,255,.85);\n  margin: 0 0 5px 0;\n}\n.lk-stays-title {\n  font-family: 'Playfair Display', Georgia, serif;\n  font-size: 24px;\n  font-weight: 700;\n  color: #fff;\n  line-height: 1.2;\n  text-shadow: 0 1px 2px rgba(0,0,0,0.1);\n  margin: 0;\n}\n.lk-stays-subtitle {\n  font-size: 13px;\n  color: rgba(255,255,255,.75);\n  margin: 4px 0 0 0;\n  font-weight: 300;\n}\n\n\/* \u2500\u2500\u2500 CARDS GRID \u2500\u2500\u2500 *\/\n.lk-stays-grid {\n  display: grid;\n  grid-template-columns: 1fr 1fr;\n  gap: 1px;\n  background: rgba(195, 159, 118, 0.12);\n}\n\n\/* \u2500\u2500\u2500 SINGLE CARD \u2500\u2500\u2500 *\/\n.lk-stay-card {\n  background: #ffffff;\n  padding: 26px;\n  display: flex;\n  flex-direction: column;\n  gap: 11px;\n  transition: all 0.3s ease;\n  text-decoration: none;\n  color: inherit;\n  position: relative;\n}\n.lk-stay-card:hover {\n  background: #fffbf5;\n  transform: translateY(-2px);\n  box-shadow: 0 8px 24px rgba(195, 159, 118, 0.18);\n  z-index: 1;\n}\n.lk-stay-card.featured {\n  background: linear-gradient(135deg, #fffdf9 0%, #fff9f0 100%);\n  box-shadow: 0 4px 16px rgba(195, 159, 118, 0.15), inset 0 1px 0 rgba(195, 159, 118, 0.1);\n}\n.lk-stay-card.featured:hover {\n  background: linear-gradient(135deg, #fffbf5 0%, #fff8ed 100%);\n  box-shadow: 0 8px 24px rgba(195, 159, 118, 0.25), inset 0 1px 0 rgba(195, 159, 118, 0.15);\n}\n\n.lk-stay-badge {\n  display: inline-flex;\n  align-items: center;\n  gap: 5px;\n  font-size: 10px;\n  font-weight: 500;\n  letter-spacing: 1.5px;\n  text-transform: uppercase;\n  padding: 5px 11px;\n  border-radius: 20px;\n  width: fit-content;\n}\n.badge-top     { background: linear-gradient(135deg, #c39f76 0%, #d4b188 100%); color: #fff; border: 1px solid #c39f76; font-weight: 600; box-shadow: 0 2px 8px rgba(195,159,118,0.3); }\n.badge-luxury  { background: rgba(195,159,118,.12); color: #c39f76; border: 1px solid rgba(195,159,118,.25); }\n.badge-boutique{ background: rgba(54,133,252,.08); color: #3685fc; border: 1px solid rgba(54,133,252,.2); }\n.badge-nature  { background: rgba(130,190,100,.1); color: #6b9c4a; border: 1px solid rgba(130,190,100,.2); }\n.badge-remote  { background: rgba(195,159,118,.12); color: #a67e50; border: 1px solid rgba(195,159,118,.25); }\n\n.lk-stay-name {\n  font-family: 'Playfair Display', Georgia, serif;\n  font-size: 18px;\n  font-weight: 700;\n  color: #111827;\n  line-height: 1.3;\n}\n.lk-stay-desc {\n  font-size: 13.5px;\n  color: #525252;\n  line-height: 1.65;\n  font-weight: 300;\n  flex: 1;\n}\n\n.lk-stay-meta {\n  display: flex;\n  align-items: center;\n  gap: 12px;\n  flex-wrap: wrap;\n  margin-top: 4px;\n}\n.lk-stay-price {\n  font-size: 13px;\n  color: #6b7280;\n}\n.lk-stay-price strong {\n  color: #c39f76;\n  font-weight: 500;\n}\n.lk-stay-stars {\n  color: #c39f76;\n  font-size: 11px;\n  letter-spacing: 1px;\n}\n\n\/* \u2500\u2500\u2500 CTA BUTTON \u2500\u2500\u2500 *\/\n.lk-stay-cta {\n  display: inline-flex;\n  align-items: center;\n  justify-content: center;\n  gap: 7px;\n  margin-top: 8px;\n  padding: 11px 20px;\n  border-radius: 8px;\n  background: linear-gradient(135deg, #3685fc 0%, #2a6fd9 100%);\n  color: #fff;\n  font-size: 13px;\n  font-weight: 500;\n  text-decoration: none;\n  letter-spacing: .3px;\n  transition: all .2s ease;\n  cursor: pointer;\n  border: none;\n  text-align: center;\n  box-shadow: 0 4px 12px rgba(54, 133, 252, 0.25);\n}\n.lk-stay-cta:hover {\n  background: linear-gradient(135deg, #2a6fd9 0%, #1e5bc4 100%);\n  transform: translateY(-1px);\n  box-shadow: 0 6px 16px rgba(54, 133, 252, 0.35);\n}\n.lk-stay-cta svg { flex-shrink: 0; }\n\n\/* \u2500\u2500\u2500 FOOTER \u2500\u2500\u2500 *\/\n.lk-stays-footer {\n  padding: 18px 36px;\n  background: linear-gradient(to bottom, #fdfaf5 0%, #f9f4ed 100%);\n  border-top: 1px solid rgba(195, 159, 118, 0.15);\n  display: flex;\n  align-items: center;\n  justify-content: space-between;\n  flex-wrap: wrap;\n  gap: 12px;\n}\n.lk-stays-footer-note {\n  font-size: 11.5px;\n  color: #6b7280;\n  font-weight: 300;\n  line-height: 1.5;\n}\n.lk-stays-footer-note a {\n  color: #c39f76;\n  text-decoration: none;\n  font-weight: 400;\n}\n.lk-stays-footer-note a:hover {\n  text-decoration: underline;\n}\n.lk-stays-all-btn {\n  display: inline-flex;\n  align-items: center;\n  gap: 6px;\n  font-size: 12.5px;\n  font-weight: 500;\n  color: #c39f76;\n  text-decoration: none;\n  border: 1px solid rgba(195, 159, 118, 0.35);\n  padding: 8px 18px;\n  border-radius: 8px;\n  transition: all .2s ease;\n}\n.lk-stays-all-btn:hover {\n  background: rgba(195, 159, 118, 0.08);\n  border-color: rgba(195, 159, 118, 0.5);\n}\n\n\/* \u2500\u2500\u2500 RESPONSIVE \u2500\u2500\u2500 *\/\n@media (max-width: 600px) {\n  .lk-stays-grid { grid-template-columns: 1fr; }\n  .lk-stays-header { padding: 24px 20px; }\n  .lk-stays-footer { padding: 16px 20px; }\n  .lk-stay-card { padding: 22px; }\n  .lk-stays-title { font-size: 20px; }\n}\n<\/style>\n\n  <!-- HEADER -->\n  <div class=\"lk-stays-header\">\n    <img decoding=\"async\" src=\"https:\/\/loudavymkrokem.cz\/wp-content\/uploads\/2026\/02\/lukas-a-lucka.jpg\" alt=\"Lucie a Luk\u00e1\u0161 na cest\u00e1ch po \u0158\u00edm\u011b\" style=\"width: 75px; height: 75px; border-radius: 8px; flex-shrink: 0; object-fit: cover; display: block; margin: 4px 0;\" title=\"\">\n    <div class=\"lk-stays-header-text\">\n      <div class=\"lk-stays-eyebrow\">Luk\u00e1\u0161 \u00e9s Lucie aj\u00e1nlj\u00e1k<\/div>\n      <div class=\"lk-stays-title\">Hol sz\u00e1llj meg R\u00f3m\u00e1ban<\/div>\n      <div class=\"lk-stays-subtitle\">2 sz\u00e1ll\u00e1shely \u2014 hotelek \u00e9s egy\u00e9b sz\u00e1ll\u00e1slehet\u0151s\u00e9gek<\/div>\n    <\/div>\n  <\/div>\n\n  <!-- CARDS -->\n  <div class=\"lk-stays-grid\">\n\n    <a class=\"lk-stay-card featured\" href=\"https:\/\/www.stay22.com\/allez\/roam?aid=lukaskonecny&#038;campaign=loudavymkrokemcz&#038;campaign=hu&#038;campaign=covidetvrime&#038;address=%C5%98%C3%ADm&#038;hotelname=Residenza+Cavallini&#038;search=Residenza+Cavallini&#038;category=accommodation\" target=\"_blank\" rel=\"nofollow noopener\">\n      <span class=\"lk-stay-badge badge-top\">\u2b50 TOP V\u00c1LASZT\u00c1S<\/span>\n      <span class=\"lk-stay-badge badge-nature\">\ud83c\udfe8 Hotel<\/span>\n      <div class=\"lk-stay-name\">Residenza Cavallini<\/div>\n      <div class=\"lk-stay-desc\">Fantasztikus sz\u00e1ll\u00e1shely mind\u00f6ssze \u00f6t percre gyalog a rep\u00fcl\u0151t\u00e9ri expressz busz meg\u00e1ll\u00f3j\u00e1t\u00f3l, k\u00f6zel a Vatik\u00e1nhoz \u00e9s a Trevi-k\u00fathoz is. A szob\u00e1k ugyan apr\u00f3k, de teljesen tiszt\u00e1k, az \u00e1rban benne van a tipikus olasz reggeli egy k\u00f6zeli k\u00e1v\u00e9z\u00f3ban friss croissant-nal \u00e9s t\u00f6k\u00e9letes cappuccino-val.<\/div>\n      <div class=\"lk-stay-meta\">\n        <span class=\"lk-stay-stars\">\u2605\u2605\u2605\u2605<\/span>\n        <span class=\"lk-stay-price\">\u00c1rak ellen\u0151rz\u00e9se<\/span>\n      <\/div>\n      <span class=\"lk-stay-cta\">\n        <svg width=\"14\" height=\"14\" viewBox=\"0 0 24 24\" fill=\"none\" stroke=\"currentColor\" stroke-width=\"2\"><path d=\"M18 13v6a2 2 0 0 1-2 2H5a2 2 0 0 1-2-2V8a2 2 0 0 1 2-2h6\"\/><polyline points=\"15 3 21 3 21 9\"\/><line x1=\"10\" y1=\"14\" x2=\"21\" y2=\"3\"\/><\/svg>\n        Ellen\u0151rizd az el\u00e9rhet\u0151s\u00e9get\n      <\/span>\n    <\/a>\n\n    <a class=\"lk-stay-card\" href=\"https:\/\/www.stay22.com\/allez\/roam?aid=lukaskonecny&#038;campaign=loudavymkrokemcz&#038;campaign=hu&#038;campaign=covidetvrime&#038;address=\u0159\u00edm\" target=\"_blank\" rel=\"nofollow noopener\">\n      <span class=\"lk-stay-badge badge-nature\">\ud83d\udd0d Keres\u00e9s<\/span>\n      <div class=\"lk-stay-name\">\u00d6sszes sz\u00e1ll\u00e1shely megtekint\u00e9se R\u00f3m\u00e1ban<\/div>\n      <div class=\"lk-stay-desc\">Fedezze fel az \u00f6sszes el\u00e9rhet\u0151 sz\u00e1ll\u00e1slehet\u0151s\u00e9get R\u00f3m\u00e1ban, \u00e9s tal\u00e1lja meg a legjobbat az \u00d6n preferenci\u00e1i \u00e9s k\u00f6lts\u00e9gvet\u00e9se szerint.<\/div>\n      <div class=\"lk-stay-meta\">\n        <span class=\"lk-stay-stars\">\u2605\u2605\u2605\u2605<\/span>\n        <span class=\"lk-stay-price\">\u00c1rak \u00f6sszehasonl\u00edt\u00e1sa<\/span>\n      <\/div>\n      <span class=\"lk-stay-cta\">\n        <svg width=\"14\" height=\"14\" viewBox=\"0 0 24 24\" fill=\"none\" stroke=\"currentColor\" stroke-width=\"2\"><path d=\"M18 13v6a2 2 0 0 1-2 2H5a2 2 0 0 1-2-2V8a2 2 0 0 1 2-2h6\"\/><polyline points=\"15 3 21 3 21 9\"\/><line x1=\"10\" y1=\"14\" x2=\"21\" y2=\"3\"\/><\/svg>\n        Ellen\u0151rizd az el\u00e9rhet\u0151s\u00e9get\n      <\/span>\n    <\/a>\n\n  <\/div>\n\n  \n<\/div>\n\n\n\n\n<h3 class=\"wp-block-heading\"><span class=\"ez-toc-section\" id=\"16_A_Spanyol_lepcso\"><\/span>16. A Spanyol l\u00e9pcs\u0151<span class=\"ez-toc-section-end\"><\/span><\/h3>\n\n\n\n<figure data-wp-context=\"{&quot;imageId&quot;:&quot;6a981d98362f5&quot;}\" data-wp-interactive=\"core\/image\" data-wp-key=\"6a981d98362f5\" class=\"wp-block-image size-full wp-lightbox-container\"><img decoding=\"async\" width=\"1400\" height=\"933\" data-wp-class--hide=\"state.isContentHidden\" data-wp-class--show=\"state.isContentVisible\" data-wp-init=\"callbacks.setButtonStyles\" data-wp-on--click=\"actions.showLightbox\" data-wp-on--load=\"callbacks.setButtonStyles\" data-wp-on--pointerdown=\"actions.preloadImage\" data-wp-on--pointerenter=\"actions.preloadImageWithDelay\" data-wp-on--pointerleave=\"actions.cancelPreload\" data-wp-on-window--resize=\"callbacks.setButtonStyles\" src=\"https:\/\/www.loudavymkrokem.cz\/wp-content\/uploads\/2023\/05\/vatikanska-muzea.jpg\" alt=\"Vatik\u00e1ni M\u00fazeumok\" class=\"wp-image-57904\" title=\"\"><button\n\t\t\tclass=\"lightbox-trigger\"\n\t\t\ttype=\"button\"\n\t\t\taria-haspopup=\"dialog\"\n\t\t\tdata-wp-bind--aria-label=\"state.thisImage.triggerButtonAriaLabel\"\n\t\t\tdata-wp-init=\"callbacks.initTriggerButton\"\n\t\t\tdata-wp-on--click=\"actions.showLightbox\"\n\t\t\tdata-wp-style--right=\"state.thisImage.buttonRight\"\n\t\t\tdata-wp-style--top=\"state.thisImage.buttonTop\"\n\t\t>\n\t\t\t<svg xmlns=\"http:\/\/www.w3.org\/2000\/svg\" width=\"12\" height=\"12\" fill=\"none\" viewBox=\"0 0 12 12\">\n\t\t\t\t<path fill=\"#fff\" d=\"M2 0a2 2 0 0 0-2 2v2h1.5V2a.5.5 0 0 1 .5-.5h2V0H2Zm2 10.5H2a.5.5 0 0 1-.5-.5V8H0v2a2 2 0 0 0 2 2h2v-1.5ZM8 12v-1.5h2a.5.5 0 0 0 .5-.5V8H12v2a2 2 0 0 1-2 2H8Zm2-12a2 2 0 0 1 2 2v2h-1.5V2a.5.5 0 0 0-.5-.5H8V0h2Z\" \/>\n\t\t\t<\/svg>\n\t\t<\/button><figcaption class=\"wp-element-caption\">Vatik\u00e1ni M\u00fazeumok<\/figcaption><\/figure>\n\n\n\n<p class=\"wp-block-paragraph\">Ha im\u00e1dod a kultikus R\u00f3mai vak\u00e1ci\u00f3 c\u00edm\u0171 filmet Audrey Hepburnnel, biztosan meg akarod majd szerezni a t\u00f6k\u00e9letes fot\u00f3t a <a href=\"https:\/\/loudavymkrokem.cz\/hu\/spanyol-lepcso-roma-olaszorszag\/\">Spanyol l\u00e9pcs\u0151n<\/a>. Ez az eleg\u00e1ns l\u00e9pcs\u0151 Bernini cs\u00f3nakos k\u00fatj\u00e1t\u00f3l (Barcaccia) eg\u00e9szen a francia Trinit\u00e0 dei Monti templomig emelkedik, \u00e9s <strong>tavasszal gy\u00f6ny\u00f6r\u0171en d\u00edsz\u00edtik<\/strong> t\u00f6bb sz\u00e1z tarka vir\u00e1gz\u00f3 az\u00e1lea, ami elk\u00e9peszt\u0151en fest.<\/p>\n\n\n\n<p class=\"wp-block-paragraph\">Messzir\u0151l a l\u00e9pcs\u0151 rendk\u00edv\u00fcl cs\u00e1b\u00edt\u00f3nak t\u0171nik egy hossz\u00fa s\u00e9ta ut\u00e1ni pihen\u00e9shez, de ezt semmik\u00e9pp ne tedd. 2019 \u00f3ta <strong>szigor\u00faan tilos a m\u00e1rv\u00e1nyl\u00e9pcs\u0151k\u00f6n \u00fclni<\/strong>, \u00e9s a f\u00e9nyvisszaver\u0151 mell\u00e9nyt visel\u0151 rend\u0151rs\u00e9g akt\u00edvan be is tartatja. Ha ak\u00e1r csak leguggolsz, azonnal s\u00edp hangj\u00e1t hallod, \u00e9s ha nem engedelmeskedsz, 250-t\u0151l 400 eur\u00f3ig terjed\u0151 b\u00edrs\u00e1g fenyeget, ami sz\u00e9pen megdr\u00e1g\u00edtan\u00e1 a kir\u00e1ndul\u00e1sod.<\/p>\n\n\n\n<p class=\"wp-block-paragraph\">A l\u00e9pcs\u0151 alatti t\u00e9ren nagyon <strong>vigy\u00e1zz a szemtelen csal\u00f3kra<\/strong>. Gyakran sz\u00e9les mosollyal k\u00f6zel\u00edtenek, \u00e9s egy pillanat alatt a n\u0151 kez\u00e9be nyomnak egy r\u00f3zs\u00e1t, vagy kark\u00f6t\u0151t k\u00f6tnek a csukl\u00f3dra azzal, hogy ez aj\u00e1nd\u00e9k. Amint elfogadod, nagyon kitart\u00f3an, n\u00e9ha ak\u00e1r agressz\u00edven kezdenek p\u00e9nzt k\u00f6vetelni, \u00fagyhogy az egyetlen v\u00e9dekez\u00e9s a teljes figyelmen k\u00edv\u00fcl hagy\u00e1s \u00e9s a nulla szemkontaktus.<\/p>\n\n\n\n<h3 class=\"wp-block-heading\"><span class=\"ez-toc-section\" id=\"17_A_Via_Condotti_koruli_uzleti_negyed\"><\/span>17. A Via Condotti k\u00f6r\u00fcli \u00fczleti negyed<span class=\"ez-toc-section-end\"><\/span><\/h3>\n\n\n\n<figure data-wp-context=\"{&quot;imageId&quot;:&quot;6a981d9836843&quot;}\" data-wp-interactive=\"core\/image\" data-wp-key=\"6a981d9836843\" class=\"wp-block-image size-full wp-lightbox-container\"><img decoding=\"async\" width=\"1400\" height=\"933\" data-wp-class--hide=\"state.isContentHidden\" data-wp-class--show=\"state.isContentVisible\" data-wp-init=\"callbacks.setButtonStyles\" data-wp-on--click=\"actions.showLightbox\" data-wp-on--load=\"callbacks.setButtonStyles\" data-wp-on--pointerdown=\"actions.preloadImage\" data-wp-on--pointerenter=\"actions.preloadImageWithDelay\" data-wp-on--pointerleave=\"actions.cancelPreload\" data-wp-on-window--resize=\"callbacks.setButtonStyles\" src=\"https:\/\/www.loudavymkrokem.cz\/wp-content\/uploads\/2023\/05\/vatikanska-muzea-2.jpg\" alt=\"Festm\u00e9nyek az egyik vatik\u00e1ni m\u00fazeumban\" class=\"wp-image-57918\" title=\"\"><button\n\t\t\tclass=\"lightbox-trigger\"\n\t\t\ttype=\"button\"\n\t\t\taria-haspopup=\"dialog\"\n\t\t\tdata-wp-bind--aria-label=\"state.thisImage.triggerButtonAriaLabel\"\n\t\t\tdata-wp-init=\"callbacks.initTriggerButton\"\n\t\t\tdata-wp-on--click=\"actions.showLightbox\"\n\t\t\tdata-wp-style--right=\"state.thisImage.buttonRight\"\n\t\t\tdata-wp-style--top=\"state.thisImage.buttonTop\"\n\t\t>\n\t\t\t<svg xmlns=\"http:\/\/www.w3.org\/2000\/svg\" width=\"12\" height=\"12\" fill=\"none\" viewBox=\"0 0 12 12\">\n\t\t\t\t<path fill=\"#fff\" d=\"M2 0a2 2 0 0 0-2 2v2h1.5V2a.5.5 0 0 1 .5-.5h2V0H2Zm2 10.5H2a.5.5 0 0 1-.5-.5V8H0v2a2 2 0 0 0 2 2h2v-1.5ZM8 12v-1.5h2a.5.5 0 0 0 .5-.5V8H12v2a2 2 0 0 1-2 2H8Zm2-12a2 2 0 0 1 2 2v2h-1.5V2a.5.5 0 0 0-.5-.5H8V0h2Z\" \/>\n\t\t\t<\/svg>\n\t\t<\/button><figcaption class=\"wp-element-caption\">Festm\u00e9nyek az egyik vatik\u00e1ni m\u00fazeumban<\/figcaption><\/figure>\n\n\n\n<p class=\"wp-block-paragraph\">A Spanyol l\u00e9pcs\u0151 mellett, a Piazza di Spagna t\u00e9r k\u00f6r\u00fcl ter\u00fcl el eg\u00e9sz R\u00f3ma <strong>legrangosabb \u00fczleti negyede<\/strong>. Ma a Via Condotti vagy a Via Borgognona utc\u00e1iban a legluxusabb divatm\u00e1rk\u00e1kat tal\u00e1lod a Prad\u00e1t\u00f3l a Gucciig, de ez a ter\u00fclet m\u00e1r r\u00e9ges-r\u00e9g is h\u00edres volt, \u00e9s itt \u00e1lltak meg a gazdag arisztokrata utaz\u00f3k a hagyom\u00e1nyos eur\u00f3pai Grand Tour-juk keret\u00e9ben.<\/p>\n\n\n\n<p class=\"wp-block-paragraph\">A romantika kor\u00e1ban h\u00edres m\u0171v\u00e9szek \u00e9s k\u00f6lt\u0151k zar\u00e1ndokoltak ide. Nyomot hagytak itt olyan \u00f3ri\u00e1sok, mint John Keats, Lord Byron, Balzac vagy Richard Wagner zeneszerz\u0151. Az a h\u00e1z, amelyben a fiatal angol k\u00f6lt\u0151, Keats meghalt, k\u00f6zvetlen\u00fcl a Spanyol l\u00e9pcs\u0151n\u00e9l tal\u00e1lhat\u00f3, \u00e9s ma <strong>egy nagyon sz\u00e9p \u00e9s csendes m\u00fazeumk\u00e9nt<\/strong> m\u0171k\u00f6dik az angol romantikusoknak szentelve, ahov\u00e1 elb\u00fajhatsz az utca ny\u00fczsg\u00e9se el\u0151l.<\/p>\n\n\n\n<p class=\"wp-block-paragraph\">M\u00e9g ha nem is tervezel t\u00f6bb ezer eur\u00f3t elk\u00f6lteni egy \u00faj olasz t\u00e1sk\u00e1ra, egy s\u00e9ta ezekben az utc\u00e1kban mindenk\u00e9pp meg\u00e9ri. A kirakatok gy\u00f6ny\u00f6r\u0171en vannak berendezve, az emberek t\u00f6k\u00e9letesen \u00f6lt\u00f6zve j\u00e1rk\u00e1lnak, \u00e9s <strong>besz\u00edvhatod az igazi olasz eleganci\u00e1t<\/strong>, amit bella figur\u00e1nak neveznek. Csak vigy\u00e1zz az \u00e1rakra a helyi t\u00f6rt\u00e9nelmi k\u00e1v\u00e9z\u00f3kban, mert egy asztaln\u00e1l, a butikokra n\u00e9z\u0151 kil\u00e1t\u00e1ssal kortyolgatott k\u00e1v\u00e9 ak\u00e1r \u00f6t eur\u00f3ba is ker\u00fclhet.<\/p>\n\n\n\n<h3 class=\"wp-block-heading\"><span class=\"ez-toc-section\" id=\"18_A_romantikus_Trastevere_Tiberis-tulpart\"><\/span>18. A romantikus Trastevere (Tiberis-t\u00falpart)<span class=\"ez-toc-section-end\"><\/span><\/h3>\n\n\n\n<p class=\"wp-block-paragraph\">A Tiberis-t\u00falpart, vagyis a <a href=\"https:\/\/loudavymkrokem.cz\/hu\/trastevere-roma-latnivalok\/\">Trastevere<\/a> az igazi, filmes Olaszorsz\u00e1g-elk\u00e9pzel\u00e9s maga a megtestes\u00fcl\u00e9s. Kanyarg\u00f3s k\u00f6z\u00e9pkori sik\u00e1torokat tal\u00e1lsz itt, az ablakok k\u00f6z\u00f6tt k\u00f6t\u00e9len sz\u00e1rad\u00f3 ruh\u00e1t \u00e9s <strong>r\u00e9gi okkers\u00e1rga h\u00e1zakat, amelyeket k\u00fasz\u00f3 borosty\u00e1n fon be<\/strong>. Napk\u00f6zben viszonylag nyugodt, de amint lesz\u00e1ll a s\u00f6t\u00e9t, a negyed hihetetlen m\u00f3don \u00e9led fel, \u00e9s a Piazza Trilussa t\u00e9r k\u00f6rny\u00e9k\u00e9n szinte lehetetlen \u00e1tjutni.<\/p>\n\n\n\n<figure data-wp-context=\"{&quot;imageId&quot;:&quot;6a981d9836de3&quot;}\" data-wp-interactive=\"core\/image\" data-wp-key=\"6a981d9836de3\" class=\"wp-block-image size-full wp-lightbox-container\"><img decoding=\"async\" width=\"1200\" height=\"900\" data-wp-class--hide=\"state.isContentHidden\" data-wp-class--show=\"state.isContentVisible\" data-wp-init=\"callbacks.setButtonStyles\" data-wp-on--click=\"actions.showLightbox\" data-wp-on--load=\"callbacks.setButtonStyles\" data-wp-on--pointerdown=\"actions.preloadImage\" data-wp-on--pointerenter=\"actions.preloadImageWithDelay\" data-wp-on--pointerleave=\"actions.cancelPreload\" data-wp-on-window--resize=\"callbacks.setButtonStyles\" src=\"https:\/\/loudavymkrokem.cz\/wp-content\/uploads\/2026\/05\/181586-4-namesti-piazza-di-santa-maria-in-trastevere-s-barokni-fontan.jpg\" alt=\"A Piazza di Santa Maria in Trastevere t\u00e9r barokk sz\u00f6k\u0151k\u00fattal\" class=\"wp-image-182333\" title=\"\" srcset=\"https:\/\/loudavymkrokem.cz\/wp-content\/uploads\/2026\/05\/181586-4-namesti-piazza-di-santa-maria-in-trastevere-s-barokni-fontan.jpg 1200w, https:\/\/loudavymkrokem.cz\/wp-content\/uploads\/2026\/05\/181586-4-namesti-piazza-di-santa-maria-in-trastevere-s-barokni-fontan-300x225.jpg 300w, https:\/\/loudavymkrokem.cz\/wp-content\/uploads\/2026\/05\/181586-4-namesti-piazza-di-santa-maria-in-trastevere-s-barokni-fontan-700x525.jpg 700w, https:\/\/loudavymkrokem.cz\/wp-content\/uploads\/2026\/05\/181586-4-namesti-piazza-di-santa-maria-in-trastevere-s-barokni-fontan-768x576.jpg 768w, https:\/\/loudavymkrokem.cz\/wp-content\/uploads\/2026\/05\/181586-4-namesti-piazza-di-santa-maria-in-trastevere-s-barokni-fontan-80x60.jpg 80w, https:\/\/loudavymkrokem.cz\/wp-content\/uploads\/2026\/05\/181586-4-namesti-piazza-di-santa-maria-in-trastevere-s-barokni-fontan-160x120.jpg 160w, https:\/\/loudavymkrokem.cz\/wp-content\/uploads\/2026\/05\/181586-4-namesti-piazza-di-santa-maria-in-trastevere-s-barokni-fontan-696x522.jpg 696w\" sizes=\"(max-width: 1200px) 100vw, 1200px\" \/><button\n\t\t\tclass=\"lightbox-trigger\"\n\t\t\ttype=\"button\"\n\t\t\taria-haspopup=\"dialog\"\n\t\t\tdata-wp-bind--aria-label=\"state.thisImage.triggerButtonAriaLabel\"\n\t\t\tdata-wp-init=\"callbacks.initTriggerButton\"\n\t\t\tdata-wp-on--click=\"actions.showLightbox\"\n\t\t\tdata-wp-style--right=\"state.thisImage.buttonRight\"\n\t\t\tdata-wp-style--top=\"state.thisImage.buttonTop\"\n\t\t>\n\t\t\t<svg xmlns=\"http:\/\/www.w3.org\/2000\/svg\" width=\"12\" height=\"12\" fill=\"none\" viewBox=\"0 0 12 12\">\n\t\t\t\t<path fill=\"#fff\" d=\"M2 0a2 2 0 0 0-2 2v2h1.5V2a.5.5 0 0 1 .5-.5h2V0H2Zm2 10.5H2a.5.5 0 0 1-.5-.5V8H0v2a2 2 0 0 0 2 2h2v-1.5ZM8 12v-1.5h2a.5.5 0 0 0 .5-.5V8H12v2a2 2 0 0 1-2 2H8Zm2-12a2 2 0 0 1 2 2v2h-1.5V2a.5.5 0 0 0-.5-.5H8V0h2Z\" \/>\n\t\t\t<\/svg>\n\t\t<\/button><figcaption class=\"wp-element-caption\">Fot\u00f3: daryl_mitchell, CC BY-SA 2.0, Wikimedia Commons<\/figcaption><\/figure>\n\n\n\n\n<p class=\"wp-block-paragraph\">Ez minden \u00ednyenc igazi paradicsoma. Luk\u00e1\u0161sal egy eldugott trattori\u00e1ban megk\u00f3stoltuk a t\u00f6k\u00e9letes sajtos <strong>cacio e pep\u00e9t \u00e9s a ropog\u00f3s r\u00e1ntott suppl\u00ect<\/strong> (mozzarell\u00e1val t\u00f6lt\u00f6tt rizsgoly\u00f3k), ami a veget\u00e1ri\u00e1nusoknak igazi mennyorsz\u00e1g. A h\u00faskedvel\u0151k pedig a vil\u00e1g minden t\u00e1j\u00e1r\u00f3l a hagyom\u00e1nyos r\u00f3mai carbonar\u00e1\u00e9rt vagy amatrician\u00e1\u00e9rt j\u00e1rnak ide, amit tal\u00e1n az eg\u00e9sz v\u00e1rosban itt csin\u00e1lnak a legjobban.<\/p>\n\n\n\n<p class=\"wp-block-paragraph\">A helyi \u00e9ttermek este nyolc ut\u00e1n dugig telnek, \u00fagyhogy ha kin\u00e9zt\u00e9l magadnak egy konkr\u00e9t helyet, <strong>ink\u00e1bb foglalj el\u0151re asztalt<\/strong>. Ha \u00fagy akarod besz\u00edvni a hangulatot, hogy elker\u00fcld a legrosszabb, s\u00f6rrel a k\u00e9zben m\u00e1szk\u00e1l\u00f3 turistat\u00f6meget, indulj a negyed d\u00e9li r\u00e9sze fel\u00e9, a gy\u00f6ny\u00f6r\u0171 Santa Cecilia-bazilika ir\u00e1ny\u00e1ba, ahol j\u00f3val nagyobb a nyugalom \u00e9s autentikusabb a hangulat.<\/p>\n\n\n\n<h3 class=\"wp-block-heading\"><span class=\"ez-toc-section\" id=\"19_A_Campo_de_Fiori_piaca\"><\/span>19. A Campo de&#8217; Fiori piaca<span class=\"ez-toc-section-end\"><\/span><\/h3>\n\n\n\n<p class=\"wp-block-paragraph\">A Campo de&#8217; Fiori az egyetlen jelent\u0151s r\u00f3mai belv\u00e1rosi t\u00e9r, amelyet nem valamif\u00e9le pomp\u00e1s templom ural, hanem az <strong>el\u00e9getett filoz\u00f3fus, Giordano Bruno s\u00f6t\u00e9t \u00e9s kiss\u00e9 balj\u00f3s szobra<\/strong>, aki itt fizetett az \u00e9let\u00e9vel a tizenhetedik sz\u00e1zadban eretnek gondolatai\u00e9rt. Ma ez a t\u00e9r f\u0151leg a mindennapi, friss gy\u00fcm\u00f6lccsel, z\u00f6lds\u00e9ggel, illatos f\u0171szerekkel \u00e9s vir\u00e1ggal teli piac\u00e1r\u00f3l ismert.<\/p>\n\n\n\n<figure data-wp-context=\"{&quot;imageId&quot;:&quot;6a981d983746b&quot;}\" data-wp-interactive=\"core\/image\" data-wp-key=\"6a981d983746b\" class=\"wp-block-image size-full wp-lightbox-container\"><img decoding=\"async\" width=\"1200\" height=\"900\" data-wp-class--hide=\"state.isContentHidden\" data-wp-class--show=\"state.isContentVisible\" data-wp-init=\"callbacks.setButtonStyles\" data-wp-on--click=\"actions.showLightbox\" data-wp-on--load=\"callbacks.setButtonStyles\" data-wp-on--pointerdown=\"actions.preloadImage\" data-wp-on--pointerenter=\"actions.preloadImageWithDelay\" data-wp-on--pointerleave=\"actions.cancelPreload\" data-wp-on-window--resize=\"callbacks.setButtonStyles\" src=\"https:\/\/loudavymkrokem.cz\/wp-content\/uploads\/2026\/05\/181580-10-stanek-s-ovocem-a-zeleninou-na-trznici-campo-de-fiori-v-rime.jpg\" alt=\"Gy\u00fcm\u00f6lcs\u00f6s \u00e9s z\u00f6lds\u00e9ges stand a Campo de&#039; Fiori piac\u00e1n R\u00f3m\u00e1ban\" class=\"wp-image-181899\" title=\"\" srcset=\"https:\/\/loudavymkrokem.cz\/wp-content\/uploads\/2026\/05\/181580-10-stanek-s-ovocem-a-zeleninou-na-trznici-campo-de-fiori-v-rime.jpg 1200w, https:\/\/loudavymkrokem.cz\/wp-content\/uploads\/2026\/05\/181580-10-stanek-s-ovocem-a-zeleninou-na-trznici-campo-de-fiori-v-rime-300x225.jpg 300w, https:\/\/loudavymkrokem.cz\/wp-content\/uploads\/2026\/05\/181580-10-stanek-s-ovocem-a-zeleninou-na-trznici-campo-de-fiori-v-rime-700x525.jpg 700w, https:\/\/loudavymkrokem.cz\/wp-content\/uploads\/2026\/05\/181580-10-stanek-s-ovocem-a-zeleninou-na-trznici-campo-de-fiori-v-rime-768x576.jpg 768w, https:\/\/loudavymkrokem.cz\/wp-content\/uploads\/2026\/05\/181580-10-stanek-s-ovocem-a-zeleninou-na-trznici-campo-de-fiori-v-rime-80x60.jpg 80w, https:\/\/loudavymkrokem.cz\/wp-content\/uploads\/2026\/05\/181580-10-stanek-s-ovocem-a-zeleninou-na-trznici-campo-de-fiori-v-rime-160x120.jpg 160w, https:\/\/loudavymkrokem.cz\/wp-content\/uploads\/2026\/05\/181580-10-stanek-s-ovocem-a-zeleninou-na-trznici-campo-de-fiori-v-rime-696x522.jpg 696w\" sizes=\"(max-width: 1200px) 100vw, 1200px\" \/><button\n\t\t\tclass=\"lightbox-trigger\"\n\t\t\ttype=\"button\"\n\t\t\taria-haspopup=\"dialog\"\n\t\t\tdata-wp-bind--aria-label=\"state.thisImage.triggerButtonAriaLabel\"\n\t\t\tdata-wp-init=\"callbacks.initTriggerButton\"\n\t\t\tdata-wp-on--click=\"actions.showLightbox\"\n\t\t\tdata-wp-style--right=\"state.thisImage.buttonRight\"\n\t\t\tdata-wp-style--top=\"state.thisImage.buttonTop\"\n\t\t>\n\t\t\t<svg xmlns=\"http:\/\/www.w3.org\/2000\/svg\" width=\"12\" height=\"12\" fill=\"none\" viewBox=\"0 0 12 12\">\n\t\t\t\t<path fill=\"#fff\" d=\"M2 0a2 2 0 0 0-2 2v2h1.5V2a.5.5 0 0 1 .5-.5h2V0H2Zm2 10.5H2a.5.5 0 0 1-.5-.5V8H0v2a2 2 0 0 0 2 2h2v-1.5ZM8 12v-1.5h2a.5.5 0 0 0 .5-.5V8H12v2a2 2 0 0 1-2 2H8Zm2-12a2 2 0 0 1 2 2v2h-1.5V2a.5.5 0 0 0-.5-.5H8V0h2Z\" \/>\n\t\t\t<\/svg>\n\t\t<\/button><figcaption class=\"wp-element-caption\">Fot\u00f3: Jordiferrer, CC BY-SA 4.0, Wikimedia Commons<\/figcaption><\/figure>\n\n\n\n\n<p class=\"wp-block-paragraph\">\u00c1ll\u00edt\u00f3lag R\u00f3ma belv\u00e1ros\u00e1nak egyik legautentikusabb helye, b\u00e1r az ut\u00f3bbi \u00e9vekben m\u00e1r itt is rengeteg standot tal\u00e1lsz, amelyek t\u00fal\u00e1razott turistacsomagokat \u00e1rulnak sz\u00ednes t\u00e9szt\u00e1kkal \u00e9s limoncell\u00f3val. Mi \u00e9ppen j\u00f3kor \u00e9rkezt\u00fcnk ide, amikor a hossz\u00fa s\u00e9ta ut\u00e1n friss\u00fcln\u00fcnk kellett, \u00e9s <strong>vett\u00fcnk egy csod\u00e1latosan \u00e9des, felszeletelt g\u00f6r\u00f6gdinny\u00e9t<\/strong>, b\u00e1r h\u00e1rom eur\u00f3\u00e9rt a mi \u00edzl\u00e9s\u00fcnkre egy kicsit kev\u00e9s volt bel\u0151le. \ud83d\ude05<\/p>\n\n\n\n<p class=\"wp-block-paragraph\">Mindenk\u00e9pp \u00e1llj meg a hagyom\u00e1nyos Forno Campo de&#8217; Fiori p\u00e9ks\u00e9gben, amely m\u00e1r a tizenkilencedik sz\u00e1zad \u00f3ta m\u0171k\u00f6dik, \u00e9s <strong>vegy\u00e9l friss pizza bianc\u00e1t<\/strong>. Ez egy teljesen egyszer\u0171 v\u00e9kony t\u00e9szta, csak min\u0151s\u00e9gi ol\u00edvaolajjal megkenve \u00e9s durva s\u00f3val megsz\u00f3rva. Egyszer\u0171en hangzik, de hihetetlen finoms\u00e1g, amit k\u00e9zbe vehetsz, \u00e9s r\u00e1gcs\u00e1lhatsz s\u00e9ta k\u00f6zben a k\u00f6rnyez\u0151 sik\u00e1torokban.<\/p>\n\n\n\n<h3 class=\"wp-block-heading\"><span class=\"ez-toc-section\" id=\"20_A_zsido_getto_es_az_articsoka\"><\/span>20. A zsid\u00f3 gett\u00f3 \u00e9s az artics\u00f3ka<span class=\"ez-toc-section-end\"><\/span><\/h3>\n\n\n\n<p class=\"wp-block-paragraph\">Csak egy ugr\u00e1sra d\u00e9lkeletre a Campo de&#8217; Fiori t\u00e9rt\u0151l tal\u00e1lhat\u00f3 a hajdani zsid\u00f3 negyed, amely Eur\u00f3pa egyik legr\u00e9gebbike. Rendk\u00edv\u00fcl <strong>nyugodt \u00e9s karizmatikus ter\u00fclet<\/strong>, amelynek nagyon viszontags\u00e1gos a t\u00f6rt\u00e9nete, de ma eg\u00e9sz R\u00f3ma egyik legjobb kulin\u00e1ris zug\u00e1hoz tartozik. Itt m\u00e1s az \u00e9p\u00edt\u00e9szet, a sik\u00e1torok m\u00e9g sz\u0171kebbek, mindenek f\u00f6l\u00e9 pedig a Nagy Zsinag\u00f3ga impoz\u00e1ns \u00e9p\u00fclete magasodik.<\/p>\n\n\n\n<figure data-wp-context=\"{&quot;imageId&quot;:&quot;6a981d9837a7b&quot;}\" data-wp-interactive=\"core\/image\" data-wp-key=\"6a981d9837a7b\" class=\"wp-block-image size-full wp-lightbox-container\"><img decoding=\"async\" width=\"900\" height=\"1200\" data-wp-class--hide=\"state.isContentHidden\" data-wp-class--show=\"state.isContentVisible\" data-wp-init=\"callbacks.setButtonStyles\" data-wp-on--click=\"actions.showLightbox\" data-wp-on--load=\"callbacks.setButtonStyles\" data-wp-on--pointerdown=\"actions.preloadImage\" data-wp-on--pointerenter=\"actions.preloadImageWithDelay\" data-wp-on--pointerleave=\"actions.cancelPreload\" data-wp-on-window--resize=\"callbacks.setButtonStyles\" src=\"https:\/\/loudavymkrokem.cz\/wp-content\/uploads\/2026\/08\/portico-ottavia-zidovske-ghetto-rim.jpg\" alt=\"A Portico d&#039;Ottavia antik oszlopai a r\u00f3mai zsid\u00f3 gett\u00f3ban\" class=\"wp-image-374761\" title=\"\" srcset=\"https:\/\/loudavymkrokem.cz\/wp-content\/uploads\/2026\/08\/portico-ottavia-zidovske-ghetto-rim.jpg 900w, https:\/\/loudavymkrokem.cz\/wp-content\/uploads\/2026\/08\/portico-ottavia-zidovske-ghetto-rim-225x300.jpg 225w, https:\/\/loudavymkrokem.cz\/wp-content\/uploads\/2026\/08\/portico-ottavia-zidovske-ghetto-rim-700x933.jpg 700w, https:\/\/loudavymkrokem.cz\/wp-content\/uploads\/2026\/08\/portico-ottavia-zidovske-ghetto-rim-768x1024.jpg 768w, https:\/\/loudavymkrokem.cz\/wp-content\/uploads\/2026\/08\/portico-ottavia-zidovske-ghetto-rim-696x928.jpg 696w\" sizes=\"(max-width: 900px) 100vw, 900px\" \/><button\n\t\t\tclass=\"lightbox-trigger\"\n\t\t\ttype=\"button\"\n\t\t\taria-haspopup=\"dialog\"\n\t\t\tdata-wp-bind--aria-label=\"state.thisImage.triggerButtonAriaLabel\"\n\t\t\tdata-wp-init=\"callbacks.initTriggerButton\"\n\t\t\tdata-wp-on--click=\"actions.showLightbox\"\n\t\t\tdata-wp-style--right=\"state.thisImage.buttonRight\"\n\t\t\tdata-wp-style--top=\"state.thisImage.buttonTop\"\n\t\t>\n\t\t\t<svg xmlns=\"http:\/\/www.w3.org\/2000\/svg\" width=\"12\" height=\"12\" fill=\"none\" viewBox=\"0 0 12 12\">\n\t\t\t\t<path fill=\"#fff\" d=\"M2 0a2 2 0 0 0-2 2v2h1.5V2a.5.5 0 0 1 .5-.5h2V0H2Zm2 10.5H2a.5.5 0 0 1-.5-.5V8H0v2a2 2 0 0 0 2 2h2v-1.5ZM8 12v-1.5h2a.5.5 0 0 0 .5-.5V8H12v2a2 2 0 0 1-2 2H8Zm2-12a2 2 0 0 1 2 2v2h-1.5V2a.5.5 0 0 0-.5-.5H8V0h2Z\" \/>\n\t\t\t<\/svg>\n\t\t<\/button><figcaption class=\"wp-element-caption\">Fot\u00f3: Annie306, CC BY-SA 4.0, Wikimedia Commons<\/figcaption><\/figure>\n\n\n\n\n<p class=\"wp-block-paragraph\">Ha ide indulsz, felt\u00e9tlen\u00fcl k\u00f3stold meg a helyi specialit\u00e1st \u2013 a Carciofi alla Giudi\u00e1t, vagyis a zsid\u00f3 m\u00f3dra k\u00e9sz\u00fclt artics\u00f3k\u00e1t. Luk\u00e1\u0161sal kipr\u00f3b\u00e1ltuk, \u00e9s <strong>igazi veget\u00e1ri\u00e1nus \u00ednyencs\u00e9g<\/strong>. Az eg\u00e9sz artics\u00f3k\u00e1t k\u00e9tszer hirtelen kis\u00fctik forr\u00f3 ol\u00edvaolajban, \u00edgy a levelei aranysz\u00edn\u0171 vir\u00e1gk\u00e9nt ny\u00edlnak sz\u00e9t, \u00e9s hihetetlen\u00fcl ropog\u00f3sak, m\u00edg a k\u00f6zepe gy\u00f6ny\u00f6r\u0171en puha marad.<\/p>\n\n\n\n<p class=\"wp-block-paragraph\">A gett\u00f3ban s\u00e9t\u00e1lva ne felejts el elmenni eg\u00e9szen a kis Piazza Mattei t\u00e9rig, ahol egy <strong>gy\u00f6ny\u00f6r\u0171 Tekn\u0151s\u00f6k K\u00fatja<\/strong> (Fontana delle Tartarughe) rejt\u0151zik a tizenhatodik sz\u00e1zadb\u00f3l. N\u00e9gy fiatal f\u00e9rfit \u00e1br\u00e1zol, akik felfel\u00e9 emelik a kez\u00fcket, \u00e9s finoman a v\u00edzbe tuszkolnak apr\u00f3 bronztekn\u0151s\u00f6ket. A v\u00e1ros egyik legaranyosabb k\u00fatja, \u00e9s a Trevivel ellent\u00e9tben itt nem szorongsz t\u00f6bb ezer emberrel.<\/p>\n\n\n\n<h3 class=\"wp-block-heading\"><span class=\"ez-toc-section\" id=\"21_A_Piazza_del_Popolo\"><\/span>21. A Piazza del Popolo<span class=\"ez-toc-section-end\"><\/span><\/h3>\n\n\n\n<p class=\"wp-block-paragraph\">A Piazza del Popolo t\u00e9r, ford\u00edt\u00e1sban a N\u00e9p Tere, eg\u00e9sz R\u00f3ma egyik <strong>legterjedelmesebb \u00e9s legleny\u0171g\u00f6z\u0151bb tere<\/strong>. A v\u00e1ros f\u0151 \u00e9szaki bej\u00e1ratak\u00e9nt m\u0171k\u00f6d\u00f6tt minden zar\u00e1ndok \u00e9s l\u00e1togat\u00f3 sz\u00e1m\u00e1ra, akik \u00e9vsz\u00e1zadokon \u00e1t \u00e9rkeztek ide a r\u00e9gi r\u00f3mai Via Flaminia \u00faton. Ma t\u00f6k\u00e9letes kiindul\u00f3pont a belv\u00e1ros felfedez\u00e9s\u00e9hez, mert innen \u00e1gazik ki h\u00e1rom f\u0151 \u00fct\u0151\u00e9r, az \u00fagynevezett h\u00e1rom\u00e1g\u00fa szigony.<\/p>\n\n\n\n<figure data-wp-context=\"{&quot;imageId&quot;:&quot;6a981d9837fd5&quot;}\" data-wp-interactive=\"core\/image\" data-wp-key=\"6a981d9837fd5\" class=\"wp-block-image size-full wp-lightbox-container\"><img decoding=\"async\" width=\"1200\" height=\"800\" data-wp-class--hide=\"state.isContentHidden\" data-wp-class--show=\"state.isContentVisible\" data-wp-init=\"callbacks.setButtonStyles\" data-wp-on--click=\"actions.showLightbox\" data-wp-on--load=\"callbacks.setButtonStyles\" data-wp-on--pointerdown=\"actions.preloadImage\" data-wp-on--pointerenter=\"actions.preloadImageWithDelay\" data-wp-on--pointerleave=\"actions.cancelPreload\" data-wp-on-window--resize=\"callbacks.setButtonStyles\" src=\"https:\/\/loudavymkrokem.cz\/wp-content\/uploads\/2026\/08\/piazza-del-popolo-obelisk-rim.jpg\" alt=\"A Piazza del Popolo t\u00e9r egyiptomi obeliszkkel \u00e9s a Pincio-terasszal a h\u00e1tt\u00e9rben\" class=\"wp-image-374762\" title=\"\" srcset=\"https:\/\/loudavymkrokem.cz\/wp-content\/uploads\/2026\/08\/piazza-del-popolo-obelisk-rim.jpg 1200w, https:\/\/loudavymkrokem.cz\/wp-content\/uploads\/2026\/08\/piazza-del-popolo-obelisk-rim-300x200.jpg 300w, https:\/\/loudavymkrokem.cz\/wp-content\/uploads\/2026\/08\/piazza-del-popolo-obelisk-rim-700x467.jpg 700w, https:\/\/loudavymkrokem.cz\/wp-content\/uploads\/2026\/08\/piazza-del-popolo-obelisk-rim-768x512.jpg 768w, https:\/\/loudavymkrokem.cz\/wp-content\/uploads\/2026\/08\/piazza-del-popolo-obelisk-rim-696x464.jpg 696w\" sizes=\"(max-width: 1200px) 100vw, 1200px\" \/><button\n\t\t\tclass=\"lightbox-trigger\"\n\t\t\ttype=\"button\"\n\t\t\taria-haspopup=\"dialog\"\n\t\t\tdata-wp-bind--aria-label=\"state.thisImage.triggerButtonAriaLabel\"\n\t\t\tdata-wp-init=\"callbacks.initTriggerButton\"\n\t\t\tdata-wp-on--click=\"actions.showLightbox\"\n\t\t\tdata-wp-style--right=\"state.thisImage.buttonRight\"\n\t\t\tdata-wp-style--top=\"state.thisImage.buttonTop\"\n\t\t>\n\t\t\t<svg xmlns=\"http:\/\/www.w3.org\/2000\/svg\" width=\"12\" height=\"12\" fill=\"none\" viewBox=\"0 0 12 12\">\n\t\t\t\t<path fill=\"#fff\" d=\"M2 0a2 2 0 0 0-2 2v2h1.5V2a.5.5 0 0 1 .5-.5h2V0H2Zm2 10.5H2a.5.5 0 0 1-.5-.5V8H0v2a2 2 0 0 0 2 2h2v-1.5ZM8 12v-1.5h2a.5.5 0 0 0 .5-.5V8H12v2a2 2 0 0 1-2 2H8Zm2-12a2 2 0 0 1 2 2v2h-1.5V2a.5.5 0 0 0-.5-.5H8V0h2Z\" \/>\n\t\t\t<\/svg>\n\t\t<\/button><figcaption class=\"wp-element-caption\">Fot\u00f3: Wolfgang Moroder, CC BY-SA 3.0, Wikimedia Commons<\/figcaption><\/figure>\n\n\n\n\n<p class=\"wp-block-paragraph\">A t\u00e9r k\u00f6zep\u00e9t egy <strong>hatalmas egyiptomi obeliszk<\/strong> uralja, amely a Krisztus el\u0151tti tizenharmadik sz\u00e1zadb\u00f3l sz\u00e1rmazik, \u00e9s eredetileg az antik Circus Maximusban \u00e1llt, miel\u0151tt ide helyezt\u00e9k. A teret minden oldalr\u00f3l k\u00e1v\u00e9z\u00f3k \u00f6vezik, mindig nagyon \u00e9l\u00e9nk az \u00e9let, d\u00e9li oldal\u00e1n pedig k\u00e9t majdnem egyforma barokk templom \u00e1ll, amelyek sz\u00e9p szimmetri\u00e1t alkotnak.<\/p>\n\n\n\n<p class=\"wp-block-paragraph\">A jelent\u00e9ktelen Santa Maria del Popolo templom belsej\u00e9ben, amely r\u00f6gt\u00f6n a r\u00e9gi v\u00e1roskapun\u00e1l \u00e1ll, igazi m\u0171v\u00e9szeti kincs rejt\u0151zik. Egy oldalk\u00e1poln\u00e1ban k\u00e9t teljesen <strong>leny\u0171g\u00f6z\u0151 v\u00e1szon l\u00f3g a f\u00e9ny-\u00e1rny\u00e9k mestere, Caravaggio kez\u00e9t\u0151l<\/strong> (Szent P\u00e9ter keresztre fesz\u00edt\u00e9se \u00e9s Szent P\u00e1l megt\u00e9r\u00e9se). A templomba a bel\u00e9p\u00e9s ingyenes, csak vigy\u00e9l magaddal p\u00e1r apr\u00f3p\u00e9nzt, amit bedobsz az automat\u00e1ba, hogy ezek a zseni\u00e1lis festm\u00e9nyek egy pillanatra kivil\u00e1gosodjanak.<\/p>\n\n\n\n<h3 class=\"wp-block-heading\"><span class=\"ez-toc-section\" id=\"22_A_Pincio-kertek_Pincio\"><\/span>22. A Pincio-kertek (Pincio)<span class=\"ez-toc-section-end\"><\/span><\/h3>\n\n\n\n<p class=\"wp-block-paragraph\">Amikor a Piazza del Popolo t\u00e9ren \u00e1llsz, \u00e9s keletre n\u00e9zel, monument\u00e1lis z\u00f6ld teraszsorokat l\u00e1tsz magasan a v\u00e1ros f\u00f6l\u00e9 emelkedni. Ez a Pincio-kertek, amely R\u00f3ma egyik <strong>legszebb \u00e9s legromantikusabb parkja<\/strong>. A l\u00e9pcs\u0151n val\u00f3 feljut\u00e1s a ny\u00e1ri h\u0151s\u00e9gben egy kicsit pr\u00f3b\u00e1ra tesz, de a jutalom a tet\u0151n minden verejt\u00e9kcseppet meg\u00e9r.<\/p>\n\n\n\n<figure data-wp-context=\"{&quot;imageId&quot;:&quot;6a981d98386b3&quot;}\" data-wp-interactive=\"core\/image\" data-wp-key=\"6a981d98386b3\" class=\"wp-block-image size-full wp-lightbox-container\"><img decoding=\"async\" width=\"1200\" height=\"675\" data-wp-class--hide=\"state.isContentHidden\" data-wp-class--show=\"state.isContentVisible\" data-wp-init=\"callbacks.setButtonStyles\" data-wp-on--click=\"actions.showLightbox\" data-wp-on--load=\"callbacks.setButtonStyles\" data-wp-on--pointerdown=\"actions.preloadImage\" data-wp-on--pointerenter=\"actions.preloadImageWithDelay\" data-wp-on--pointerleave=\"actions.cancelPreload\" data-wp-on-window--resize=\"callbacks.setButtonStyles\" src=\"https:\/\/loudavymkrokem.cz\/wp-content\/uploads\/2026\/08\/pincio-terasa-vyhled-rim.jpg\" alt=\"A Pincio kil\u00e1t\u00f3terasza a Szent P\u00e9ter-bazilika kupol\u00e1j\u00e1val\" class=\"wp-image-374763\" title=\"\" srcset=\"https:\/\/loudavymkrokem.cz\/wp-content\/uploads\/2026\/08\/pincio-terasa-vyhled-rim.jpg 1200w, https:\/\/loudavymkrokem.cz\/wp-content\/uploads\/2026\/08\/pincio-terasa-vyhled-rim-300x169.jpg 300w, https:\/\/loudavymkrokem.cz\/wp-content\/uploads\/2026\/08\/pincio-terasa-vyhled-rim-700x394.jpg 700w, https:\/\/loudavymkrokem.cz\/wp-content\/uploads\/2026\/08\/pincio-terasa-vyhled-rim-768x432.jpg 768w, https:\/\/loudavymkrokem.cz\/wp-content\/uploads\/2026\/08\/pincio-terasa-vyhled-rim-696x392.jpg 696w\" sizes=\"(max-width: 1200px) 100vw, 1200px\" \/><button\n\t\t\tclass=\"lightbox-trigger\"\n\t\t\ttype=\"button\"\n\t\t\taria-haspopup=\"dialog\"\n\t\t\tdata-wp-bind--aria-label=\"state.thisImage.triggerButtonAriaLabel\"\n\t\t\tdata-wp-init=\"callbacks.initTriggerButton\"\n\t\t\tdata-wp-on--click=\"actions.showLightbox\"\n\t\t\tdata-wp-style--right=\"state.thisImage.buttonRight\"\n\t\t\tdata-wp-style--top=\"state.thisImage.buttonTop\"\n\t\t>\n\t\t\t<svg xmlns=\"http:\/\/www.w3.org\/2000\/svg\" width=\"12\" height=\"12\" fill=\"none\" viewBox=\"0 0 12 12\">\n\t\t\t\t<path fill=\"#fff\" d=\"M2 0a2 2 0 0 0-2 2v2h1.5V2a.5.5 0 0 1 .5-.5h2V0H2Zm2 10.5H2a.5.5 0 0 1-.5-.5V8H0v2a2 2 0 0 0 2 2h2v-1.5ZM8 12v-1.5h2a.5.5 0 0 0 .5-.5V8H12v2a2 2 0 0 1-2 2H8Zm2-12a2 2 0 0 1 2 2v2h-1.5V2a.5.5 0 0 0-.5-.5H8V0h2Z\" \/>\n\t\t\t<\/svg>\n\t\t<\/button><figcaption class=\"wp-element-caption\">Fot\u00f3: Jorge Franganillo, CC BY 2.0, Wikimedia Commons<\/figcaption><\/figure>\n\n\n\n\n<p class=\"wp-block-paragraph\">A t\u00e1gas Terrazza del Pincio kil\u00e1t\u00f3teraszr\u00f3l <strong>sz\u00e9les kil\u00e1t\u00e1s ny\u00edlik az eg\u00e9sz t\u00e9rre<\/strong>, amely k\u00f6zvetlen\u00fcl alattad fekszik, a terrakotta tet\u0151k tenger\u00e9re, valamint a Szent P\u00e9ter-bazilika fens\u00e9ges kupol\u00e1j\u00e1ra, amely a l\u00e1that\u00e1ron magasodik. K\u00e9rdezz meg b\u00e1rmelyik helyi r\u00f3mait, hov\u00e1 vigye a partner\u00e9t randira, \u00e9s ez a terasz biztosan nagyon el\u0151kel\u0151 helyen lesz a list\u00e1j\u00e1n.<\/p>\n\n\n\n<p class=\"wp-block-paragraph\">A legjobb id\u0151, amikor ide \u00e9rdemes indulni, k\u00e9ts\u00e9gtelen\u00fcl a <strong>k\u00e9s\u0151 d\u00e9lut\u00e1n, k\u00f6zvetlen\u00fcl naplemente el\u0151tt<\/strong>. Az \u00e9g narancss\u00e1rga \u00e9s lila \u00e1rnyalatokra v\u00e1lt, az utcazen\u00e9szek git\u00e1rozni kezdenek, a v\u00e1ros pedig k\u00e9sz\u00fcl\u0151dni kezd az est\u00e9re. Rengeteg pad van itt, a magasra n\u0151tt f\u00e1k \u00e1rny\u00e9ka, \u00e9s egy pillanatra megpihenhetsz az odalent, az utc\u00e1kon zajl\u00f3 \u0151r\u00fclt \u00e9s ny\u00fczsg\u0151 forgalom el\u0151l.<\/p>\n\n\n\n<h3 class=\"wp-block-heading\"><span class=\"ez-toc-section\" id=\"23_A_Villa_Borghese_es_a_park\"><\/span>23. A Villa Borghese \u00e9s a park<span class=\"ez-toc-section-end\"><\/span><\/h3>\n\n\n\n<p class=\"wp-block-paragraph\">A Pincio-kertek z\u00f6kken\u0151mentesen mennek \u00e1t a terjedelmes Villa Borghese parkba, amely eg\u00e9sz R\u00f3ma <strong>z\u00f6ld t\u00fcdejek\u00e9nt<\/strong> m\u0171k\u00f6dik, \u00e9s t\u00f6k\u00e9letes menek\u00fcl\u00e9st k\u00edn\u00e1l a nagyv\u00e1ros zaja el\u0151l. Teljesen t\u00f6k\u00e9letes mened\u00e9k a gyerekes csal\u00e1doknak, akiknek m\u00e1r elfogyott a t\u00fcrelm\u00fck az antik romokkal, \u00e9s egy kicsit futkosniuk kell a term\u00e9szetben.<\/p>\n\n\n\n<figure data-wp-context=\"{&quot;imageId&quot;:&quot;6a981d9838e3f&quot;}\" data-wp-interactive=\"core\/image\" data-wp-key=\"6a981d9838e3f\" class=\"wp-block-image size-full wp-lightbox-container\"><img decoding=\"async\" width=\"1200\" height=\"811\" data-wp-class--hide=\"state.isContentHidden\" data-wp-class--show=\"state.isContentVisible\" data-wp-init=\"callbacks.setButtonStyles\" data-wp-on--click=\"actions.showLightbox\" data-wp-on--load=\"callbacks.setButtonStyles\" data-wp-on--pointerdown=\"actions.preloadImage\" data-wp-on--pointerenter=\"actions.preloadImageWithDelay\" data-wp-on--pointerleave=\"actions.cancelPreload\" data-wp-on-window--resize=\"callbacks.setButtonStyles\" src=\"https:\/\/loudavymkrokem.cz\/wp-content\/uploads\/2026\/05\/181581-12-zelen-parku-villa-borghese-s-jezirkem-a-chramkem-aesculapia.jpg\" alt=\"Az Askl\u00e9pion kis temploma a Villa Borghese park tav\u00e1n\u00e1l\" class=\"wp-image-182006\" title=\"\" srcset=\"https:\/\/loudavymkrokem.cz\/wp-content\/uploads\/2026\/05\/181581-12-zelen-parku-villa-borghese-s-jezirkem-a-chramkem-aesculapia.jpg 1200w, https:\/\/loudavymkrokem.cz\/wp-content\/uploads\/2026\/05\/181581-12-zelen-parku-villa-borghese-s-jezirkem-a-chramkem-aesculapia-300x203.jpg 300w, https:\/\/loudavymkrokem.cz\/wp-content\/uploads\/2026\/05\/181581-12-zelen-parku-villa-borghese-s-jezirkem-a-chramkem-aesculapia-700x473.jpg 700w, https:\/\/loudavymkrokem.cz\/wp-content\/uploads\/2026\/05\/181581-12-zelen-parku-villa-borghese-s-jezirkem-a-chramkem-aesculapia-768x519.jpg 768w, https:\/\/loudavymkrokem.cz\/wp-content\/uploads\/2026\/05\/181581-12-zelen-parku-villa-borghese-s-jezirkem-a-chramkem-aesculapia-696x470.jpg 696w\" sizes=\"(max-width: 1200px) 100vw, 1200px\" \/><button\n\t\t\tclass=\"lightbox-trigger\"\n\t\t\ttype=\"button\"\n\t\t\taria-haspopup=\"dialog\"\n\t\t\tdata-wp-bind--aria-label=\"state.thisImage.triggerButtonAriaLabel\"\n\t\t\tdata-wp-init=\"callbacks.initTriggerButton\"\n\t\t\tdata-wp-on--click=\"actions.showLightbox\"\n\t\t\tdata-wp-style--right=\"state.thisImage.buttonRight\"\n\t\t\tdata-wp-style--top=\"state.thisImage.buttonTop\"\n\t\t>\n\t\t\t<svg xmlns=\"http:\/\/www.w3.org\/2000\/svg\" width=\"12\" height=\"12\" fill=\"none\" viewBox=\"0 0 12 12\">\n\t\t\t\t<path fill=\"#fff\" d=\"M2 0a2 2 0 0 0-2 2v2h1.5V2a.5.5 0 0 1 .5-.5h2V0H2Zm2 10.5H2a.5.5 0 0 1-.5-.5V8H0v2a2 2 0 0 0 2 2h2v-1.5ZM8 12v-1.5h2a.5.5 0 0 0 .5-.5V8H12v2a2 2 0 0 1-2 2H8Zm2-12a2 2 0 0 1 2 2v2h-1.5V2a.5.5 0 0 0-.5-.5H8V0h2Z\" \/>\n\t\t\t<\/svg>\n\t\t<\/button><figcaption class=\"wp-element-caption\">Fot\u00f3: Krzysztof Golik, CC BY-SA 4.0, Wikimedia Commons<\/figcaption><\/figure>\n\n\n\n\n<p class=\"wp-block-paragraph\">Itt elb\u00fajtathatod a fejed a t\u0171z\u0151 nap el\u0151l a feny\u0151k sz\u00e9les koron\u00e1ja alatt, <strong>k\u00f6lcs\u00f6n\u00f6zhetsz ped\u00e1los n\u00e9gykerek\u0171t az eg\u00e9sz csal\u00e1dnak<\/strong>, vagy cs\u00f3nak\u00e1zhatsz egy kis fa cs\u00f3nakon a mesters\u00e9ges tavon az Aesculapius istennek szentelt templomn\u00e1l. Egy s\u00e9ta ezekben az \u00e1rny\u00e9kos fasorokban ny\u00e1ron sz\u00f3 szerint balzsam a l\u00e9leknek \u00e9s a f\u00e1radt l\u00e1bnak.<\/p>\n\n\n\n<p class=\"wp-block-paragraph\">A parkban barangolva \u00e9rdekes technikai eml\u00e9kekbe is botlasz, mint amilyen a <strong>tizenkilencedik sz\u00e1zadi r\u00e9gi v\u00edz\u00f3ra<\/strong>, amely a mai napig az \u00e1tfoly\u00f3 v\u00edz elv\u00e9n m\u0171k\u00f6dik. Az eg\u00e9sz z\u00f6ld komplexum sz\u00e9l\u00e9n pedig a Bioparco \u00e1llatkertet is megtal\u00e1lod, ami egy m\u00e1sik remek tipp, ha kisebb gyerekekkel utazol, \u00e9s sz\u00ednes\u00edteni akarod nekik a t\u00f6rt\u00e9nelmi programot.<\/p>\n\n\n\n<h3 class=\"wp-block-heading\"><span class=\"ez-toc-section\" id=\"24_A_Galleria_Borghese\"><\/span>24. A Galleria Borghese<span class=\"ez-toc-section-end\"><\/span><\/h3>\n\n\n\n<p class=\"wp-block-paragraph\">\u00c9ppen a park k\u00f6zep\u00e9n rejt\u0151zik a gy\u00f6ny\u00f6r\u0171, azonos nev\u0171 <a href=\"https:\/\/loudavymkrokem.cz\/hu\/galleria-borghese-roma-latnivalok\/\">Galleria Borghese<\/a> (Galleria Borghese), amely az <strong>egyik legjobb renesz\u00e1nsz \u00e9s barokk m\u0171v\u00e9szeti gy\u0171jtem\u00e9nyt<\/strong> rejti az eg\u00e9sz vil\u00e1gon. Scipione Borghese b\u00edboros a tizenhetedik sz\u00e1zadban leny\u0171g\u00f6z\u0151 alkot\u00e1sokat gy\u0171jt\u00f6tt \u00f6ssze, amelyeket ma a bolyg\u00f3 minden zug\u00e1b\u00f3l \u00e9rkeznek megn\u00e9zni a m\u0171v\u00e9szet szerelmesei.<\/p>\n\n\n\n<figure data-wp-context=\"{&quot;imageId&quot;:&quot;6a981d98394d3&quot;}\" data-wp-interactive=\"core\/image\" data-wp-key=\"6a981d98394d3\" class=\"wp-block-image size-full wp-lightbox-container\"><img decoding=\"async\" width=\"1200\" height=\"859\" data-wp-class--hide=\"state.isContentHidden\" data-wp-class--show=\"state.isContentVisible\" data-wp-init=\"callbacks.setButtonStyles\" data-wp-on--click=\"actions.showLightbox\" data-wp-on--load=\"callbacks.setButtonStyles\" data-wp-on--pointerdown=\"actions.preloadImage\" data-wp-on--pointerenter=\"actions.preloadImageWithDelay\" data-wp-on--pointerleave=\"actions.cancelPreload\" data-wp-on-window--resize=\"callbacks.setButtonStyles\" src=\"https:\/\/loudavymkrokem.cz\/wp-content\/uploads\/2026\/05\/181581-0-berniniho-sousosi-apollo-a-dafne-v-galerii-borghese-detail-p.jpg\" alt=\"Bernini Apoll\u00f3n \u00e9s Daphn\u00e9 szoborcsoportja a Galleria Borghes\u00e9ben\" class=\"wp-image-181972\" title=\"\" srcset=\"https:\/\/loudavymkrokem.cz\/wp-content\/uploads\/2026\/05\/181581-0-berniniho-sousosi-apollo-a-dafne-v-galerii-borghese-detail-p.jpg 1200w, https:\/\/loudavymkrokem.cz\/wp-content\/uploads\/2026\/05\/181581-0-berniniho-sousosi-apollo-a-dafne-v-galerii-borghese-detail-p-300x215.jpg 300w, https:\/\/loudavymkrokem.cz\/wp-content\/uploads\/2026\/05\/181581-0-berniniho-sousosi-apollo-a-dafne-v-galerii-borghese-detail-p-700x501.jpg 700w, https:\/\/loudavymkrokem.cz\/wp-content\/uploads\/2026\/05\/181581-0-berniniho-sousosi-apollo-a-dafne-v-galerii-borghese-detail-p-768x550.jpg 768w, https:\/\/loudavymkrokem.cz\/wp-content\/uploads\/2026\/05\/181581-0-berniniho-sousosi-apollo-a-dafne-v-galerii-borghese-detail-p-696x498.jpg 696w\" sizes=\"(max-width: 1200px) 100vw, 1200px\" \/><button\n\t\t\tclass=\"lightbox-trigger\"\n\t\t\ttype=\"button\"\n\t\t\taria-haspopup=\"dialog\"\n\t\t\tdata-wp-bind--aria-label=\"state.thisImage.triggerButtonAriaLabel\"\n\t\t\tdata-wp-init=\"callbacks.initTriggerButton\"\n\t\t\tdata-wp-on--click=\"actions.showLightbox\"\n\t\t\tdata-wp-style--right=\"state.thisImage.buttonRight\"\n\t\t\tdata-wp-style--top=\"state.thisImage.buttonTop\"\n\t\t>\n\t\t\t<svg xmlns=\"http:\/\/www.w3.org\/2000\/svg\" width=\"12\" height=\"12\" fill=\"none\" viewBox=\"0 0 12 12\">\n\t\t\t\t<path fill=\"#fff\" d=\"M2 0a2 2 0 0 0-2 2v2h1.5V2a.5.5 0 0 1 .5-.5h2V0H2Zm2 10.5H2a.5.5 0 0 1-.5-.5V8H0v2a2 2 0 0 0 2 2h2v-1.5ZM8 12v-1.5h2a.5.5 0 0 0 .5-.5V8H12v2a2 2 0 0 1-2 2H8Zm2-12a2 2 0 0 1 2 2v2h-1.5V2a.5.5 0 0 0-.5-.5H8V0h2Z\" \/>\n\t\t\t<\/svg>\n\t\t<\/button><figcaption class=\"wp-element-caption\">Fot\u00f3: Alvesgaspar, CC BY-SA 4.0, Wikimedia Commons<\/figcaption><\/figure>\n\n\n\n\n<p class=\"wp-block-paragraph\">L\u00e9legzetel\u00e1ll\u00edt\u00f3 <strong>Bernini-m\u00e1rv\u00e1nyszobrokat<\/strong> l\u00e1thatsz itt, mint az Apoll\u00f3n \u00e9s Daphn\u00e9 vagy a Proserpina elrabl\u00e1sa, ahol az alvil\u00e1g isten\u00e9nek keze alatt a k\u0151 puha emberi h\u00fasnak t\u0171nik, valamint s\u00f6t\u00e9t, zseni\u00e1lis v\u00e1sznakat Caravaggi\u00f3t\u00f3l. Itt viszont nincs semmif\u00e9le utols\u00f3 pillanatban hozott d\u00f6nt\u00e9s, mert a gal\u00e9ria szigor\u00faan nem fogad be l\u00e1togat\u00f3kat az utc\u00e1r\u00f3l, a jegyek el\u0151re foglal\u00e1sa pedig teljesen k\u00f6telez\u0151 (a jegy 18 eur\u00f3 k\u00f6r\u00fcl van).<\/p>\n\n\n\n<p class=\"wp-block-paragraph\">A t\u00far\u00e1k szigor\u00fa <strong>k\u00e9t\u00f3r\u00e1s id\u0151s\u00e1vokban m\u0171k\u00f6dnek, a befogad\u00f3k\u00e9pess\u00e9g pedig<\/strong> mind\u00f6ssze 360 f\u0151re korl\u00e1tozott, \u00edgy bent sosem szorongsz, \u00e9s igazi nyugalmad van a cs\u00facsm\u0171v\u00e9szethez. A k\u00e9t \u00f3ra letelte ut\u00e1n azonban a gal\u00e9ria munkat\u00e1rsai k\u00e9rlelhetetlen\u00fcl kizavarnak, hogy helyet adjanak a k\u00f6vetkez\u0151 csoportnak, a jegyek pedig a hivatalos oldalr\u00f3l ak\u00e1r t\u00f6bb h\u00e9ttel el\u0151re is elt\u0171nnek, \u00fagyhogy a v\u00e1s\u00e1rl\u00e1ssal nem szabad k\u00e9slekedned.<\/p>\n\n\n\n<h3 class=\"wp-block-heading\"><span class=\"ez-toc-section\" id=\"25_A_Nemzeti_Galeria_GNAM\"><\/span>25. A Nemzeti Gal\u00e9ria (GNAM)<span class=\"ez-toc-section-end\"><\/span><\/h3>\n\n\n\n<p class=\"wp-block-paragraph\">Egy ugr\u00e1sra a Villa Borghes\u00e9t\u0151l, a park \u00e9szaki sz\u00e9l\u00e9n tal\u00e1lod a Modern M\u0171v\u00e9szetek Nemzeti Gal\u00e9ri\u00e1j\u00e1nak hatalmas, h\u00f3feh\u00e9r \u00e9p\u00fclet\u00e9t (Galleria Nazionale d\u2019Arte Moderna, r\u00f6viden GNAM). A legt\u00f6bb turista R\u00f3m\u00e1ba kiz\u00e1r\u00f3lag az antikvit\u00e1s\u00e9rt \u00e9s a barokk\u00e9rt utazik, \u00edgy ezt a modern m\u00fazeumot gyakran figyelmen k\u00edv\u00fcl hagyj\u00e1k, ami <strong>\u00f3ri\u00e1si k\u00e1r, ha ak\u00e1r csak egy kicsit is \u00e9rdekelnek az \u00fajabb m\u0171v\u00e9szeti ir\u00e1nyzatok<\/strong>.<\/p>\n\n\n\n<figure data-wp-context=\"{&quot;imageId&quot;:&quot;6a981d9839aa0&quot;}\" data-wp-interactive=\"core\/image\" data-wp-key=\"6a981d9839aa0\" class=\"wp-block-image size-full wp-lightbox-container\"><img decoding=\"async\" width=\"1028\" height=\"1200\" data-wp-class--hide=\"state.isContentHidden\" data-wp-class--show=\"state.isContentVisible\" data-wp-init=\"callbacks.setButtonStyles\" data-wp-on--click=\"actions.showLightbox\" data-wp-on--load=\"callbacks.setButtonStyles\" data-wp-on--pointerdown=\"actions.preloadImage\" data-wp-on--pointerenter=\"actions.preloadImageWithDelay\" data-wp-on--pointerleave=\"actions.cancelPreload\" data-wp-on-window--resize=\"callbacks.setButtonStyles\" src=\"https:\/\/loudavymkrokem.cz\/wp-content\/uploads\/2026\/08\/gnam-sogni-corcos-rim.jpg\" alt=\"Vittorio Matteo Corcos \u00c1lmok c\u00edm\u0171 festm\u00e9nye a Modern M\u0171v\u00e9szetek Nemzeti Gal\u00e9ri\u00e1j\u00e1ban R\u00f3m\u00e1ban\" class=\"wp-image-374764\" title=\"\" srcset=\"https:\/\/loudavymkrokem.cz\/wp-content\/uploads\/2026\/08\/gnam-sogni-corcos-rim.jpg 1028w, https:\/\/loudavymkrokem.cz\/wp-content\/uploads\/2026\/08\/gnam-sogni-corcos-rim-257x300.jpg 257w, https:\/\/loudavymkrokem.cz\/wp-content\/uploads\/2026\/08\/gnam-sogni-corcos-rim-700x817.jpg 700w, https:\/\/loudavymkrokem.cz\/wp-content\/uploads\/2026\/08\/gnam-sogni-corcos-rim-768x896.jpg 768w, https:\/\/loudavymkrokem.cz\/wp-content\/uploads\/2026\/08\/gnam-sogni-corcos-rim-696x812.jpg 696w\" sizes=\"(max-width: 1028px) 100vw, 1028px\" \/><button\n\t\t\tclass=\"lightbox-trigger\"\n\t\t\ttype=\"button\"\n\t\t\taria-haspopup=\"dialog\"\n\t\t\tdata-wp-bind--aria-label=\"state.thisImage.triggerButtonAriaLabel\"\n\t\t\tdata-wp-init=\"callbacks.initTriggerButton\"\n\t\t\tdata-wp-on--click=\"actions.showLightbox\"\n\t\t\tdata-wp-style--right=\"state.thisImage.buttonRight\"\n\t\t\tdata-wp-style--top=\"state.thisImage.buttonTop\"\n\t\t>\n\t\t\t<svg xmlns=\"http:\/\/www.w3.org\/2000\/svg\" width=\"12\" height=\"12\" fill=\"none\" viewBox=\"0 0 12 12\">\n\t\t\t\t<path fill=\"#fff\" d=\"M2 0a2 2 0 0 0-2 2v2h1.5V2a.5.5 0 0 1 .5-.5h2V0H2Zm2 10.5H2a.5.5 0 0 1-.5-.5V8H0v2a2 2 0 0 0 2 2h2v-1.5ZM8 12v-1.5h2a.5.5 0 0 0 .5-.5V8H12v2a2 2 0 0 1-2 2H8Zm2-12a2 2 0 0 1 2 2v2h-1.5V2a.5.5 0 0 0-.5-.5H8V0h2Z\" \/>\n\t\t\t<\/svg>\n\t\t<\/button><figcaption class=\"wp-element-caption\">Fot\u00f3: Didier Descouens, CC BY-SA 4.0, Wikimedia Commons<\/figcaption><\/figure>\n\n\n\n\n<p class=\"wp-block-paragraph\">Itt tal\u00e1lhat\u00f3 a <strong>legnagyobb modern olasz \u00e9s k\u00fclf\u00f6ldi m\u0171v\u00e9szeti gy\u0171jtem\u00e9ny<\/strong> Olaszorsz\u00e1gban a tizenkilencedik \u00e9s huszadik sz\u00e1zadb\u00f3l. A t\u00fara sor\u00e1n fantasztikus m\u0171alkot\u00e1sokat l\u00e1thatsz olyan \u00f3ri\u00e1sokt\u00f3l, mint Vincent van Gogh, Gustav Klimt, Paul C\u00e9zanne, Claude Monet vagy Jackson Pollock, \u00e9s mindezt gy\u00f6ny\u00f6r\u0171en berendezett, t\u00e1gas termekben.<\/p>\n\n\n\n<p class=\"wp-block-paragraph\">Ennek a gal\u00e9ri\u00e1nak \u00f3ri\u00e1si el\u0151nye a <strong>teljes nyugalom \u00e9s t\u00e1gass\u00e1g<\/strong>. A zs\u00fafolt Vatik\u00e1ni M\u00fazeumokkal ellent\u00e9tben itt nem tolakszol az eserny\u0151t a fej\u00fck f\u00f6l\u00f6tt tart\u00f3 t\u00f6meggel. Csendben s\u00e9t\u00e1lhatsz a vil\u00e1gos termekben, \u00e9lvezheted a megb\u00edzhat\u00f3an m\u0171k\u00f6d\u0151 l\u00e9gkondit, \u00e9s teljesen saj\u00e1t temp\u00f3dban csod\u00e1lhatod a m\u0171v\u00e9szetet, an\u00e9lk\u00fcl hogy az az \u00e9rz\u00e9sed lenne, valaki folyamatosan el\u0151re n\u00f3gat.<\/p>\n\n\n\n<h3 class=\"wp-block-heading\"><span class=\"ez-toc-section\" id=\"26_Az_Igazsag_Szaja_Bocca_della_Verita\"><\/span>26. Az Igazs\u00e1g Sz\u00e1ja (Bocca della Verit\u00e0)<span class=\"ez-toc-section-end\"><\/span><\/h3>\n\n\n\n<p class=\"wp-block-paragraph\">Egy m\u00e1sik hely, amelyet rendk\u00edv\u00fcl n\u00e9pszer\u0171v\u00e9 tett a romantikus R\u00f3mai vak\u00e1ci\u00f3 c\u00edm\u0171 film, a jelent\u00e9ktelen Santa Maria in Cosmedin templom portikusz\u00e1ban tal\u00e1lhat\u00f3, a Tevere foly\u00f3 k\u00f6zel\u00e9ben. Ez egy <strong>t\u00f6bb mint egytonn\u00e1s m\u00e1rv\u00e1ny arcmaszk<\/strong>, amely val\u00f3sz\u00edn\u0171leg a tengerek pog\u00e1ny isten\u00e9t \u00e1br\u00e1zolja, vagy az \u00f3korban egy antik csatorna d\u00edszes fedelek\u00e9nt funkcion\u00e1lt.<\/p>\n\n\n\n<figure data-wp-context=\"{&quot;imageId&quot;:&quot;6a981d983a0b4&quot;}\" data-wp-interactive=\"core\/image\" data-wp-key=\"6a981d983a0b4\" class=\"wp-block-image size-full wp-lightbox-container\"><img decoding=\"async\" width=\"800\" height=\"1200\" data-wp-class--hide=\"state.isContentHidden\" data-wp-class--show=\"state.isContentVisible\" data-wp-init=\"callbacks.setButtonStyles\" data-wp-on--click=\"actions.showLightbox\" data-wp-on--load=\"callbacks.setButtonStyles\" data-wp-on--pointerdown=\"actions.preloadImage\" data-wp-on--pointerenter=\"actions.preloadImageWithDelay\" data-wp-on--pointerleave=\"actions.cancelPreload\" data-wp-on-window--resize=\"callbacks.setButtonStyles\" src=\"https:\/\/loudavymkrokem.cz\/wp-content\/uploads\/2026\/08\/bocca-della-verita-rim.jpg\" alt=\"Az Igazs\u00e1g Sz\u00e1ja m\u00e1rv\u00e1nymaszk a Santa Maria in Cosmedin templom el\u0151csarnok\u00e1ban\" class=\"wp-image-374765\" title=\"\" srcset=\"https:\/\/loudavymkrokem.cz\/wp-content\/uploads\/2026\/08\/bocca-della-verita-rim.jpg 800w, https:\/\/loudavymkrokem.cz\/wp-content\/uploads\/2026\/08\/bocca-della-verita-rim-200x300.jpg 200w, https:\/\/loudavymkrokem.cz\/wp-content\/uploads\/2026\/08\/bocca-della-verita-rim-700x1050.jpg 700w, https:\/\/loudavymkrokem.cz\/wp-content\/uploads\/2026\/08\/bocca-della-verita-rim-768x1152.jpg 768w, https:\/\/loudavymkrokem.cz\/wp-content\/uploads\/2026\/08\/bocca-della-verita-rim-696x1044.jpg 696w\" sizes=\"(max-width: 800px) 100vw, 800px\" \/><button\n\t\t\tclass=\"lightbox-trigger\"\n\t\t\ttype=\"button\"\n\t\t\taria-haspopup=\"dialog\"\n\t\t\tdata-wp-bind--aria-label=\"state.thisImage.triggerButtonAriaLabel\"\n\t\t\tdata-wp-init=\"callbacks.initTriggerButton\"\n\t\t\tdata-wp-on--click=\"actions.showLightbox\"\n\t\t\tdata-wp-style--right=\"state.thisImage.buttonRight\"\n\t\t\tdata-wp-style--top=\"state.thisImage.buttonTop\"\n\t\t>\n\t\t\t<svg xmlns=\"http:\/\/www.w3.org\/2000\/svg\" width=\"12\" height=\"12\" fill=\"none\" viewBox=\"0 0 12 12\">\n\t\t\t\t<path fill=\"#fff\" d=\"M2 0a2 2 0 0 0-2 2v2h1.5V2a.5.5 0 0 1 .5-.5h2V0H2Zm2 10.5H2a.5.5 0 0 1-.5-.5V8H0v2a2 2 0 0 0 2 2h2v-1.5ZM8 12v-1.5h2a.5.5 0 0 0 .5-.5V8H12v2a2 2 0 0 1-2 2H8Zm2-12a2 2 0 0 1 2 2v2h-1.5V2a.5.5 0 0 0-.5-.5H8V0h2Z\" \/>\n\t\t\t<\/svg>\n\t\t<\/button><figcaption class=\"wp-element-caption\">Fot\u00f3: Dietmar Rabich, CC BY-SA 4.0, Wikimedia Commons<\/figcaption><\/figure>\n\n\n\n\n<p class=\"wp-block-paragraph\">Ma ebb\u0151l a maszkb\u00f3l hatalmas turistal\u00e1tv\u00e1nyoss\u00e1g lett, m\u00e9ghozz\u00e1 f\u0151leg egy k\u00f6z\u00e9pkori legend\u00e1nak k\u00f6sz\u00f6nhet\u0151en, amely <strong>a vil\u00e1g els\u0151 hazugs\u00e1gvizsg\u00e1l\u00f3j\u00e1v\u00e1 tette<\/strong>. A monda szerint az Igazs\u00e1g Sz\u00e1ja leharapja a kez\u00e9t minden hazugnak, aki a f\u00e9lig nyitott k\u0151sz\u00e1jba dugja, amit \u00e9vekkel ezel\u0151tt mosolyogva kipr\u00f3b\u00e1ltak a filmes h\u0151s\u00f6k, Audrey Hepburn \u00e9s Gregory Peck is.<\/p>\n\n\n\n<p class=\"wp-block-paragraph\">Ha ki akarod pr\u00f3b\u00e1lni ezt a vicces ritu\u00e1l\u00e9t a saj\u00e1t b\u0151r\u00f6d\u00f6n, \u00e9s el akarod k\u00e9sz\u00edteni a h\u00edres fot\u00f3t, <strong>k\u00e9sz\u00fclj fel egy meglehet\u0151sen hossz\u00fa sorra<\/strong>, amely a templom el\u0151tt gyakorlatilag eg\u00e9sz nap kialakul. Maga a k\u00e9z bedug\u00e1sa ingyenes, de a templom bej\u00e1rat\u00e1n\u00e1l l\u00e9v\u0151 perselybe elv\u00e1rnak egy kis adom\u00e1nyt, amely egy\u00e9bk\u00e9nt gy\u00f6ny\u00f6r\u0171 k\u00f6z\u00e9pkori mozaikokat rejt, \u00e9s egy r\u00f6vid l\u00e1togat\u00e1s\u00e9rt mindenk\u00e9pp meg\u00e9ri.<\/p>\n\n\n\n<h3 class=\"wp-block-heading\"><span class=\"ez-toc-section\" id=\"27_A_Testaccio_negyed_es_a_hagyomanyos_gasztronomia\"><\/span>27. A Testaccio negyed \u00e9s a hagyom\u00e1nyos gasztron\u00f3mia<span class=\"ez-toc-section-end\"><\/span><\/h3>\n\n\n\n<p class=\"wp-block-paragraph\">Ha m\u00e1r eleged van az antik romokb\u00f3l, \u00e9s v\u00e1gysz megismerni az <strong>igazi, sz\u00e9p\u00edtetlen helyi \u00e9letet<\/strong>, indulj el az Aventinus-dombon t\u00falra, a r\u00e9gi munk\u00e1snegyedbe, Testacci\u00f3ba. Klasszikus l\u00e1tnival\u00f3kat itt ugyan nem sokat tal\u00e1lsz, \u00e9s a belv\u00e1rosb\u00f3l metr\u00f3val kell k\u00f6zel\u00edtened, de minden olasz konyha szerelmes\u00e9nek ez abszol\u00fat k\u00f6telez\u0151.<\/p>\n\n\n\n<figure data-wp-context=\"{&quot;imageId&quot;:&quot;6a981d983a76e&quot;}\" data-wp-interactive=\"core\/image\" data-wp-key=\"6a981d983a76e\" class=\"wp-block-image size-full wp-lightbox-container\"><img decoding=\"async\" width=\"1200\" height=\"862\" data-wp-class--hide=\"state.isContentHidden\" data-wp-class--show=\"state.isContentVisible\" data-wp-init=\"callbacks.setButtonStyles\" data-wp-on--click=\"actions.showLightbox\" data-wp-on--load=\"callbacks.setButtonStyles\" data-wp-on--pointerdown=\"actions.preloadImage\" data-wp-on--pointerenter=\"actions.preloadImageWithDelay\" data-wp-on--pointerleave=\"actions.cancelPreload\" data-wp-on-window--resize=\"callbacks.setButtonStyles\" src=\"https:\/\/loudavymkrokem.cz\/wp-content\/uploads\/2026\/08\/trznice-testaccio-rim.jpg\" alt=\"Az \u00faj Mercato di Testaccio piac a r\u00f3mai Testaccio negyedben\" class=\"wp-image-374766\" title=\"\" srcset=\"https:\/\/loudavymkrokem.cz\/wp-content\/uploads\/2026\/08\/trznice-testaccio-rim.jpg 1200w, https:\/\/loudavymkrokem.cz\/wp-content\/uploads\/2026\/08\/trznice-testaccio-rim-300x216.jpg 300w, https:\/\/loudavymkrokem.cz\/wp-content\/uploads\/2026\/08\/trznice-testaccio-rim-700x503.jpg 700w, https:\/\/loudavymkrokem.cz\/wp-content\/uploads\/2026\/08\/trznice-testaccio-rim-768x552.jpg 768w, https:\/\/loudavymkrokem.cz\/wp-content\/uploads\/2026\/08\/trznice-testaccio-rim-696x500.jpg 696w\" sizes=\"(max-width: 1200px) 100vw, 1200px\" \/><button\n\t\t\tclass=\"lightbox-trigger\"\n\t\t\ttype=\"button\"\n\t\t\taria-haspopup=\"dialog\"\n\t\t\tdata-wp-bind--aria-label=\"state.thisImage.triggerButtonAriaLabel\"\n\t\t\tdata-wp-init=\"callbacks.initTriggerButton\"\n\t\t\tdata-wp-on--click=\"actions.showLightbox\"\n\t\t\tdata-wp-style--right=\"state.thisImage.buttonRight\"\n\t\t\tdata-wp-style--top=\"state.thisImage.buttonTop\"\n\t\t>\n\t\t\t<svg xmlns=\"http:\/\/www.w3.org\/2000\/svg\" width=\"12\" height=\"12\" fill=\"none\" viewBox=\"0 0 12 12\">\n\t\t\t\t<path fill=\"#fff\" d=\"M2 0a2 2 0 0 0-2 2v2h1.5V2a.5.5 0 0 1 .5-.5h2V0H2Zm2 10.5H2a.5.5 0 0 1-.5-.5V8H0v2a2 2 0 0 0 2 2h2v-1.5ZM8 12v-1.5h2a.5.5 0 0 0 .5-.5V8H12v2a2 2 0 0 1-2 2H8Zm2-12a2 2 0 0 1 2 2v2h-1.5V2a.5.5 0 0 0-.5-.5H8V0h2Z\" \/>\n\t\t\t<\/svg>\n\t\t<\/button><figcaption class=\"wp-element-caption\">Fot\u00f3: Lalupa, CC BY-SA 3.0, Wikimedia Commons<\/figcaption><\/figure>\n\n\n\n\n<p class=\"wp-block-paragraph\">Az eg\u00e9sz ter\u00fclet sz\u00edve a <strong>modern, \u00fcvegezett Mercato di Testaccio piac<\/strong>, ahol minden nap hihetetlen\u00fcl \u00e9l az \u00e9let. A helyiek itt v\u00e1s\u00e1rolnak friss z\u00f6lds\u00e9get, besz\u00e9lgetnek a pultok f\u00f6l\u00f6tt, te pedig a standokn\u00e1l remek kaj\u00e1t ehetsz k\u00e9zbe v\u00e9ve, \u00e9s le\u00f6bl\u00edtheted p\u00e1r eur\u00f3\u00e9rt m\u0171anyag poh\u00e1rba t\u00f6lt\u00f6tt borral.<\/p>\n\n\n\n<p class=\"wp-block-paragraph\">Luk\u00e1\u0161sal itt megk\u00f3stoltuk a <strong>t\u00f6k\u00e9letes sajtos cacio e pep\u00e9t \u00e9s az \u00e9des maritozz\u00f3t<\/strong> (ami egy hagyom\u00e1nyos r\u00f3mai zsemle, hatalmas mennyis\u00e9g\u0171 tejsz\u00ednhabbal t\u00f6ltve), m\u00edg a klasszikusok szerelmeseinek ez a bels\u0151s\u00e9gekb\u0151l k\u00e9sz\u00fclt \u00e9telek k\u00f6zpontja. A hagyom\u00e1nyos r\u00f3mai konyha ugyanis eredetileg \u00e9ppen itt, a r\u00e9gi v\u00e1g\u00f3hidakn\u00e1l keletkezett, \u00e9s a vil\u00e1g minden t\u00e1j\u00e1r\u00f3l ide j\u00e1rnak a turist\u00e1k olyan specialit\u00e1sokat pr\u00f3b\u00e1lni, mint a trippa alla romana (pacal) vagy az \u00f6k\u00f6rfarok, b\u00e1r mi ezeket a h\u00fasos dolgokat mosolyogva kihagyjuk. \u263a\ufe0f<\/p>\n\n\n\n<p class=\"wp-block-paragraph\">Este t\u00e9rj be valamelyik helyi zajos pizz\u00e9ri\u00e1ba, ahol <strong>senki sem besz\u00e9l majd hozz\u00e1d angolul<\/strong>, \u00e9s az \u00e9tlapon nem lesznek sz\u00ednes k\u00e9pek. \u00c9ppen itt, messze a Vatik\u00e1n k\u00f6r\u00fcli t\u00fal\u00e1razott turistacsapd\u00e1kt\u00f3l, \u00e9led meg az igazi R\u00f3m\u00e1t, ahova \u00fajra \u00e9s \u00fajra vissza akarsz majd t\u00e9rni.<\/p>\n\n\n\n<h2 class=\"wp-block-heading\" id=\"Rim_mimo_dav\"><span class=\"ez-toc-section\" id=\"Roma_a_tomegen_kivul_13_hely_ahova_a_turistak_nem_jarnak\"><\/span>R\u00f3ma a t\u00f6megen k\u00edv\u00fcl: 13 hely, ahov\u00e1 a turist\u00e1k nem j\u00e1rnak<span class=\"ez-toc-section-end\"><\/span><\/h2>\n\n\n\n<p class=\"wp-block-paragraph\">Amint kipip\u00e1ltad a k\u00f6telez\u0151 klasszikusokat, kezd\u0151dik a sz\u00f3rakoztat\u00f3bb r\u00e9sz. <strong>Ez az a R\u00f3ma, amit ink\u00e1bb a helyiek ismernek, mint a turist\u00e1k<\/strong> \u2014 \u00e9s r\u00e1ad\u00e1sul ezeknek a helyeknek a t\u00f6bbs\u00e9ge s\u00e9tat\u00e1vols\u00e1gra van a t\u00f6megt\u0151l ny\u00fczsg\u0151 meg\u00e1ll\u00f3kt\u00f3l. N\u00e9h\u00e1nyuk pedig egyenesen teljesen ingyenes.<\/p>\n\n\n\n<h3 class=\"wp-block-heading\"><span class=\"ez-toc-section\" id=\"28_A_San_Clemente-bazilika_es_a_tortenelem_harom_szintje\"><\/span>28. A San Clemente-bazilika \u00e9s a t\u00f6rt\u00e9nelem h\u00e1rom szintje<span class=\"ez-toc-section-end\"><\/span><\/h3>\n\n\n\n<p class=\"wp-block-paragraph\">Ha im\u00e1dod a t\u00f6rt\u00e9nelmet, \u00e9s a saj\u00e1t b\u0151r\u00f6d\u00f6n akarod megtapasztalni, hogyan r\u00e9tegz\u0151d\u00f6tt R\u00f3ma sz\u00f3 szerint \u00f6nmag\u00e1ra az \u00e9vsz\u00e1zadok sor\u00e1n, ez a hely teljesen leny\u0171g\u00f6z majd. A <strong>San Clemente-bazilika<\/strong> k\u00edv\u00fclr\u0151l egy\u00e1ltal\u00e1n nem t\u0171nik felt\u0171n\u0151nek, de bel\u00fcl egy hihetetlen id\u0151g\u00e9pet rejt. El\u0151sz\u00f6r egy gy\u00f6ny\u00f6r\u0171, 12. sz\u00e1zadi templomba l\u00e9psz be, amely tele van leny\u0171g\u00f6z\u0151 k\u00f6z\u00e9pkori mozaikkal \u00e9s gy\u00f6ny\u00f6r\u0171 m\u00e1rv\u00e1nyd\u00edsz\u00edt\u00e9ssel.<\/p>\n\n\n\n<figure data-wp-context=\"{&quot;imageId&quot;:&quot;6a981d983afa6&quot;}\" data-wp-interactive=\"core\/image\" data-wp-key=\"6a981d983afa6\" class=\"wp-block-image size-full wp-lightbox-container\"><img decoding=\"async\" width=\"1200\" height=\"798\" data-wp-class--hide=\"state.isContentHidden\" data-wp-class--show=\"state.isContentVisible\" data-wp-init=\"callbacks.setButtonStyles\" data-wp-on--click=\"actions.showLightbox\" data-wp-on--load=\"callbacks.setButtonStyles\" data-wp-on--pointerdown=\"actions.preloadImage\" data-wp-on--pointerenter=\"actions.preloadImageWithDelay\" data-wp-on--pointerleave=\"actions.cancelPreload\" data-wp-on-window--resize=\"callbacks.setButtonStyles\" src=\"https:\/\/loudavymkrokem.cz\/wp-content\/uploads\/2026\/08\/bazilika-san-clemente-rim.jpg\" alt=\"A San Clemente-bazilika belseje R\u00f3m\u00e1ban cosmata-padl\u00f3val \u00e9s arany apszissal\" class=\"wp-image-374704\" title=\"\" srcset=\"https:\/\/loudavymkrokem.cz\/wp-content\/uploads\/2026\/08\/bazilika-san-clemente-rim.jpg 1200w, https:\/\/loudavymkrokem.cz\/wp-content\/uploads\/2026\/08\/bazilika-san-clemente-rim-300x200.jpg 300w, https:\/\/loudavymkrokem.cz\/wp-content\/uploads\/2026\/08\/bazilika-san-clemente-rim-700x466.jpg 700w, https:\/\/loudavymkrokem.cz\/wp-content\/uploads\/2026\/08\/bazilika-san-clemente-rim-768x511.jpg 768w, https:\/\/loudavymkrokem.cz\/wp-content\/uploads\/2026\/08\/bazilika-san-clemente-rim-696x463.jpg 696w\" sizes=\"(max-width: 1200px) 100vw, 1200px\" \/><button\n\t\t\tclass=\"lightbox-trigger\"\n\t\t\ttype=\"button\"\n\t\t\taria-haspopup=\"dialog\"\n\t\t\tdata-wp-bind--aria-label=\"state.thisImage.triggerButtonAriaLabel\"\n\t\t\tdata-wp-init=\"callbacks.initTriggerButton\"\n\t\t\tdata-wp-on--click=\"actions.showLightbox\"\n\t\t\tdata-wp-style--right=\"state.thisImage.buttonRight\"\n\t\t\tdata-wp-style--top=\"state.thisImage.buttonTop\"\n\t\t>\n\t\t\t<svg xmlns=\"http:\/\/www.w3.org\/2000\/svg\" width=\"12\" height=\"12\" fill=\"none\" viewBox=\"0 0 12 12\">\n\t\t\t\t<path fill=\"#fff\" d=\"M2 0a2 2 0 0 0-2 2v2h1.5V2a.5.5 0 0 1 .5-.5h2V0H2Zm2 10.5H2a.5.5 0 0 1-.5-.5V8H0v2a2 2 0 0 0 2 2h2v-1.5ZM8 12v-1.5h2a.5.5 0 0 0 .5-.5V8H12v2a2 2 0 0 1-2 2H8Zm2-12a2 2 0 0 1 2 2v2h-1.5V2a.5.5 0 0 0-.5-.5H8V0h2Z\" \/>\n\t\t\t<\/svg>\n\t\t<\/button><figcaption class=\"wp-element-caption\">Fot\u00f3: Ninfamania, CC BY 4.0, Wikimedia Commons<\/figcaption><\/figure>\n\n\n\n\n<p class=\"wp-block-paragraph\">\u00c1m ezzel csak most kezd\u0151dik, mert a l\u00e9nyeg a f\u00f6ld alatt rejt\u0151zik. Amint lem\u00e9sz a l\u00e9pcs\u0151n, egy r\u00e9gebbi, 4. sz\u00e1zadi bazilik\u00e1ban tal\u00e1lod magad, amelyet hossz\u00fa korokon \u00e1t teljesen betemettek. \u00c9s ha m\u00e9g m\u00e9lyebbre m\u00e9sz, eg\u00e9szen az <strong>els\u0151 sz\u00e1zadig<\/strong> jutsz, ahol felfedezhetsz egy \u00f3kori r\u00f3mai h\u00e1zat \u00e9s Mithras isten titokzatos pog\u00e1ny templom\u00e1t. Teljesen leny\u0171g\u00f6z\u0151 hallgatni a f\u00f6ld alatti forr\u00e1s cs\u00f6rgedez\u00e9s\u00e9t, amely itt m\u00e1r \u00e9vezredek \u00f3ta s\u00f6t\u00e9ten csobog.<\/p>\n\n\n\n<p class=\"wp-block-paragraph\">Mindh\u00e1rom szint bej\u00e1r\u00e1s\u00e1ra nagyj\u00e1b\u00f3l egy \u00f3r\u00e1t sz\u00e1nj. \ud83d\udca1 <strong>Tipp:<\/strong> Az alagsorba a bel\u00e9p\u0151 fizet\u0151s, \u00e9s azt aj\u00e1nlom, hogy a jegyeket el\u0151re vedd meg online a hivatalos oldalon, hogy elker\u00fcld a v\u00e1rakoz\u00e1st. A templom csak egy ugr\u00e1sra van gyalog a Colosseumt\u00f3l, \u00fagyhogy annak megtekint\u00e9se ut\u00e1n k\u00f6nnyen ide juthatsz.<\/p>\n\n\n\n<h3 class=\"wp-block-heading\"><span class=\"ez-toc-section\" id=\"29_Az_aventinusi_kulcslyuk_es_a_Narancsliget\"><\/span>29. Az aventinusi kulcslyuk \u00e9s a Narancsliget<span class=\"ez-toc-section-end\"><\/span><\/h3>\n\n\n\n<p class=\"wp-block-paragraph\">Ki ne akarn\u00e1 l\u00e1tni a legh\u00edresebb olasz kupol\u00e1t egy teljesen m\u00e1s perspekt\u00edv\u00e1b\u00f3l? Az Aventinus-domb tetej\u00e9n egy jelent\u00e9ktelen z\u00f6ld kaput tal\u00e1lsz a M\u00e1ltai Lovagok sz\u00e9khely\u00e9n\u00e9l, amelyn\u00e9l gyakran kialakul egy kis csoport k\u00edv\u00e1ncsiskod\u00f3. Amikor ugyanis <strong>bekukucsk\u00e1lsz a helyi kulcslyukon<\/strong>, t\u00f6k\u00e9letes l\u00e1tv\u00e1ny t\u00e1rul el\u00e9d a Szent P\u00e9ter-bazilik\u00e1ra, amelyet prec\u00edzen keretbe foglal az \u00e9l\u0151 s\u00f6v\u00e9ny. Ez ugyan csak egy gyors j\u00e1t\u00e9k, de \u00f3ri\u00e1si var\u00e1zsa van.<\/p>\n\n\n\n<figure data-wp-context=\"{&quot;imageId&quot;:&quot;6a981d983b637&quot;}\" data-wp-interactive=\"core\/image\" data-wp-key=\"6a981d983b637\" class=\"wp-block-image size-full wp-lightbox-container\"><img decoding=\"async\" width=\"1200\" height=\"801\" data-wp-class--hide=\"state.isContentHidden\" data-wp-class--show=\"state.isContentVisible\" data-wp-init=\"callbacks.setButtonStyles\" data-wp-on--click=\"actions.showLightbox\" data-wp-on--load=\"callbacks.setButtonStyles\" data-wp-on--pointerdown=\"actions.preloadImage\" data-wp-on--pointerenter=\"actions.preloadImageWithDelay\" data-wp-on--pointerleave=\"actions.cancelPreload\" data-wp-on-window--resize=\"callbacks.setButtonStyles\" src=\"https:\/\/loudavymkrokem.cz\/wp-content\/uploads\/2026\/08\/aventinska-klicova-dirka-rim.jpg\" alt=\"Kil\u00e1t\u00e1s az aventinusi kulcslyukon \u00e1t a Szent P\u00e9ter-bazilika kupol\u00e1j\u00e1ra\" class=\"wp-image-374706\" title=\"\" srcset=\"https:\/\/loudavymkrokem.cz\/wp-content\/uploads\/2026\/08\/aventinska-klicova-dirka-rim.jpg 1200w, https:\/\/loudavymkrokem.cz\/wp-content\/uploads\/2026\/08\/aventinska-klicova-dirka-rim-300x200.jpg 300w, https:\/\/loudavymkrokem.cz\/wp-content\/uploads\/2026\/08\/aventinska-klicova-dirka-rim-700x467.jpg 700w, https:\/\/loudavymkrokem.cz\/wp-content\/uploads\/2026\/08\/aventinska-klicova-dirka-rim-768x513.jpg 768w, https:\/\/loudavymkrokem.cz\/wp-content\/uploads\/2026\/08\/aventinska-klicova-dirka-rim-696x465.jpg 696w\" sizes=\"(max-width: 1200px) 100vw, 1200px\" \/><button\n\t\t\tclass=\"lightbox-trigger\"\n\t\t\ttype=\"button\"\n\t\t\taria-haspopup=\"dialog\"\n\t\t\tdata-wp-bind--aria-label=\"state.thisImage.triggerButtonAriaLabel\"\n\t\t\tdata-wp-init=\"callbacks.initTriggerButton\"\n\t\t\tdata-wp-on--click=\"actions.showLightbox\"\n\t\t\tdata-wp-style--right=\"state.thisImage.buttonRight\"\n\t\t\tdata-wp-style--top=\"state.thisImage.buttonTop\"\n\t\t>\n\t\t\t<svg xmlns=\"http:\/\/www.w3.org\/2000\/svg\" width=\"12\" height=\"12\" fill=\"none\" viewBox=\"0 0 12 12\">\n\t\t\t\t<path fill=\"#fff\" d=\"M2 0a2 2 0 0 0-2 2v2h1.5V2a.5.5 0 0 1 .5-.5h2V0H2Zm2 10.5H2a.5.5 0 0 1-.5-.5V8H0v2a2 2 0 0 0 2 2h2v-1.5ZM8 12v-1.5h2a.5.5 0 0 0 .5-.5V8H12v2a2 2 0 0 1-2 2H8Zm2-12a2 2 0 0 1 2 2v2h-1.5V2a.5.5 0 0 0-.5-.5H8V0h2Z\" \/>\n\t\t\t<\/svg>\n\t\t<\/button><figcaption class=\"wp-element-caption\">Fot\u00f3: Galen Crout, CC0, Wikimedia Commons<\/figcaption><\/figure>\n\n\n\n\n<p class=\"wp-block-paragraph\">R\u00f6gt\u00f6n mellette tal\u00e1lhat\u00f3 a <strong>Narancsliget (Giardino degli Aranci)<\/strong>, ami t\u00falz\u00e1s n\u00e9lk\u00fcl az eg\u00e9sz v\u00e1ros egyik legromantikusabb helye. A tikkaszt\u00f3 ny\u00e1rban maguk a r\u00f3maiak is mened\u00e9ket keresnek itt, mert a magasra n\u0151tt f\u00e1k annyira v\u00e1gyott \u00e1rny\u00e9kot adnak, a padokon val\u00f3 \u00fcld\u00f6g\u00e9l\u00e9s pedig egyszer\u0171en balzsam a l\u00e9leknek. K\u00fcl\u00f6n\u00f6sen tavasszal, amikor a f\u00e1k vir\u00e1goznak \u00e9s illatoznak, olyan itt, mint egy mes\u00e9ben.<\/p>\n\n\n\n<p class=\"wp-block-paragraph\">\ud83d\udca1 <strong>Tipp:<\/strong> Ide\u00e1lisan k\u00e9s\u0151 d\u00e9lut\u00e1n indulj ide. A kert kil\u00e1t\u00f3terasz\u00e1r\u00f3l ugyanis <strong>R\u00f3ma egyik legszebb kil\u00e1t\u00e1sa ny\u00edlik napnyugtakor<\/strong>. Kellemes, dombra felfel\u00e9 vezet\u0151 s\u00e9t\u00e1val juthatsz ide a Circo Massimo metr\u00f3meg\u00e1ll\u00f3t\u00f3l, \u00e9s nagyj\u00e1b\u00f3l egy \u00f3r\u00e1t vesz ig\u00e9nybe fot\u00f3z\u00e1ssal egy\u00fctt.<\/p>\n\n\n\n<h3 class=\"wp-block-heading\"><span class=\"ez-toc-section\" id=\"30_A_Coppede_negyed\"><\/span>30. A Copped\u00e8 negyed<span class=\"ez-toc-section-end\"><\/span><\/h3>\n\n\n\n<p class=\"wp-block-paragraph\">Felejtsd el egy pillanatra az antik romokat \u00e9s a h\u00edres renesz\u00e1nsz palot\u00e1kat. A belv\u00e1rost\u00f3l egy ugr\u00e1sra egy \u00e9p\u00edt\u00e9szetileg teljesen egyed\u00fcl\u00e1ll\u00f3 <strong>Copped\u00e8 negyed<\/strong> rejt\u0151zik, amely \u00fagy fest, mintha egy s\u00f6t\u00e9tebb fantasyk\u00f6nyvb\u0151l pottyant volna ki. Gino Copped\u00e8 \u00e9p\u00edt\u00e9sz itt a huszadik sz\u00e1zad elej\u00e9n szabadj\u00e1ra engedte a fant\u00e1zi\u00e1j\u00e1t, \u00e9s a szecesszi\u00f3t, a g\u00f3tik\u00e1t, a barokkot \u00e9s a k\u00f6z\u00e9pkori elemeket egyetlen leny\u0171g\u00f6z\u0151 \u00e9s helyenk\u00e9nt m\u00e1r bizarr eg\u00e9ssz\u00e9 vegy\u00edtette.<\/p>\n\n\n\n<figure data-wp-context=\"{&quot;imageId&quot;:&quot;6a981d983bc9c&quot;}\" data-wp-interactive=\"core\/image\" data-wp-key=\"6a981d983bc9c\" class=\"wp-block-image size-full wp-lightbox-container\"><img decoding=\"async\" width=\"1200\" height=\"795\" data-wp-class--hide=\"state.isContentHidden\" data-wp-class--show=\"state.isContentVisible\" data-wp-init=\"callbacks.setButtonStyles\" data-wp-on--click=\"actions.showLightbox\" data-wp-on--load=\"callbacks.setButtonStyles\" data-wp-on--pointerdown=\"actions.preloadImage\" data-wp-on--pointerenter=\"actions.preloadImageWithDelay\" data-wp-on--pointerleave=\"actions.cancelPreload\" data-wp-on-window--resize=\"callbacks.setButtonStyles\" src=\"https:\/\/loudavymkrokem.cz\/wp-content\/uploads\/2026\/08\/ctvrt-coppede-rim.jpg\" alt=\"D\u00edszes bolt\u00edv a r\u00f3mai Copped\u00e8 negyed bej\u00e1rat\u00e1n\u00e1l\" class=\"wp-image-374707\" title=\"\" srcset=\"https:\/\/loudavymkrokem.cz\/wp-content\/uploads\/2026\/08\/ctvrt-coppede-rim.jpg 1200w, https:\/\/loudavymkrokem.cz\/wp-content\/uploads\/2026\/08\/ctvrt-coppede-rim-300x199.jpg 300w, https:\/\/loudavymkrokem.cz\/wp-content\/uploads\/2026\/08\/ctvrt-coppede-rim-700x464.jpg 700w, https:\/\/loudavymkrokem.cz\/wp-content\/uploads\/2026\/08\/ctvrt-coppede-rim-768x509.jpg 768w, https:\/\/loudavymkrokem.cz\/wp-content\/uploads\/2026\/08\/ctvrt-coppede-rim-696x461.jpg 696w\" sizes=\"(max-width: 1200px) 100vw, 1200px\" \/><button\n\t\t\tclass=\"lightbox-trigger\"\n\t\t\ttype=\"button\"\n\t\t\taria-haspopup=\"dialog\"\n\t\t\tdata-wp-bind--aria-label=\"state.thisImage.triggerButtonAriaLabel\"\n\t\t\tdata-wp-init=\"callbacks.initTriggerButton\"\n\t\t\tdata-wp-on--click=\"actions.showLightbox\"\n\t\t\tdata-wp-style--right=\"state.thisImage.buttonRight\"\n\t\t\tdata-wp-style--top=\"state.thisImage.buttonTop\"\n\t\t>\n\t\t\t<svg xmlns=\"http:\/\/www.w3.org\/2000\/svg\" width=\"12\" height=\"12\" fill=\"none\" viewBox=\"0 0 12 12\">\n\t\t\t\t<path fill=\"#fff\" d=\"M2 0a2 2 0 0 0-2 2v2h1.5V2a.5.5 0 0 1 .5-.5h2V0H2Zm2 10.5H2a.5.5 0 0 1-.5-.5V8H0v2a2 2 0 0 0 2 2h2v-1.5ZM8 12v-1.5h2a.5.5 0 0 0 .5-.5V8H12v2a2 2 0 0 1-2 2H8Zm2-12a2 2 0 0 1 2 2v2h-1.5V2a.5.5 0 0 0-.5-.5H8V0h2Z\" \/>\n\t\t\t<\/svg>\n\t\t<\/button><figcaption class=\"wp-element-caption\">Fot\u00f3: Andrea Bertozzi, CC BY-SA 4.0, Wikimedia Commons<\/figcaption><\/figure>\n\n\n\n\n<p class=\"wp-block-paragraph\">M\u00e1r maga a bej\u00e1rat a negyedbe, a gazdagon d\u00edsz\u00edtett bolt\u00edv alatt, egy hatalmas kov\u00e1csolt csill\u00e1rral l\u00e9legzetel\u00e1ll\u00edt\u00f3. R\u00f6gt\u00f6n m\u00f6g\u00f6tte felfedezed a <strong>B\u00e9k\u00e1k K\u00fatj\u00e1t (Fontana delle Rane)<\/strong>, ahol \u00e1ll\u00edt\u00f3lag egykor egy koncert ut\u00e1n maguk a Beatles-tagok is f\u00fcr\u00f6dtek. A k\u00f6rnyez\u0151 vill\u00e1kat sz\u00ednes mozaikok, fresk\u00f3k, tornyocsk\u00e1k, s\u0151t kov\u00e1csoltvas p\u00f3kh\u00e1l\u00f3k is d\u00edsz\u00edtik.<\/p>\n\n\n\n<p class=\"wp-block-paragraph\">Ez a ter\u00fclet fantasztikus egy nyugodt s\u00e9t\u00e1hoz, mert ide <strong>a h\u00e9tk\u00f6znapi turist\u00e1k szinte egy\u00e1ltal\u00e1n nem j\u00e1rnak<\/strong>, \u00e9s nyugodtan megn\u00e9zhetsz minden bolond r\u00e9szletet a homlokzatokon. \ud83d\udca1 <strong>Tipp:<\/strong> A felfedez\u00e9shez b\u0151ven el\u00e9g k\u00f6r\u00fclbel\u00fcl f\u00e9l \u00f3ra. A legjobb, ha \u00f6sszek\u00f6t\u00f6d a negyedet a k\u00f6zeli Galleria Borghese l\u00e1togat\u00e1s\u00e1val, ahonnan csak \u00fagy negyed \u00f3ra gyalog.<\/p>\n\n\n\n<h3 class=\"wp-block-heading\"><span class=\"ez-toc-section\" id=\"31_Centrale_Montemartini_%E2%80%94_antik_szobrok_a_turbinak_kozott\"><\/span>31. Centrale Montemartini \u2014 antik szobrok a turbin\u00e1k k\u00f6z\u00f6tt<span class=\"ez-toc-section-end\"><\/span><\/h3>\n\n\n\n<p class=\"wp-block-paragraph\">Az \u00f3kori m\u0171v\u00e9szet \u00e9s az ipari \u00e9p\u00edt\u00e9szet \u00f6sszekapcsol\u00e1sa tal\u00e1n egy kicsit furcs\u00e1n hangzik, de hidd el, hogy az eredm\u00e9ny sz\u00f3 szerint l\u00e9legzetel\u00e1ll\u00edt\u00f3. A <strong>Centrale Montemartini<\/strong> egykor R\u00f3ma els\u0151 nyilv\u00e1nos er\u0151m\u0171ve volt, amely energi\u00e1val l\u00e1tta el a v\u00e1rost. Ma a hatalmas, f\u00e9nyben \u00fasz\u00f3 csarnokaiban a Kapit\u00f3liumi M\u00fazeumok kirendelts\u00e9g\u00e9t tal\u00e1lod, ahol az antik szobrok k\u00f6zvetlen\u00fcl massz\u00edv fekete d\u00edzelmotorok \u00e9s g\u0151zturbin\u00e1k mellett vannak ki\u00e1ll\u00edtva.<\/p>\n\n\n\n<figure data-wp-context=\"{&quot;imageId&quot;:&quot;6a981d983c373&quot;}\" data-wp-interactive=\"core\/image\" data-wp-key=\"6a981d983c373\" class=\"wp-block-image size-full wp-lightbox-container\"><img decoding=\"async\" width=\"1200\" height=\"833\" data-wp-class--hide=\"state.isContentHidden\" data-wp-class--show=\"state.isContentVisible\" data-wp-init=\"callbacks.setButtonStyles\" data-wp-on--click=\"actions.showLightbox\" data-wp-on--load=\"callbacks.setButtonStyles\" data-wp-on--pointerdown=\"actions.preloadImage\" data-wp-on--pointerenter=\"actions.preloadImageWithDelay\" data-wp-on--pointerleave=\"actions.cancelPreload\" data-wp-on-window--resize=\"callbacks.setButtonStyles\" src=\"https:\/\/loudavymkrokem.cz\/wp-content\/uploads\/2026\/08\/centrale-montemartini-rim.jpg\" alt=\"Antik szobrok a hajdani er\u0151m\u0171 g\u00e9pei el\u0151tt a Centrale Montemartini m\u00fazeumban\" class=\"wp-image-374708\" title=\"\" srcset=\"https:\/\/loudavymkrokem.cz\/wp-content\/uploads\/2026\/08\/centrale-montemartini-rim.jpg 1200w, https:\/\/loudavymkrokem.cz\/wp-content\/uploads\/2026\/08\/centrale-montemartini-rim-300x208.jpg 300w, https:\/\/loudavymkrokem.cz\/wp-content\/uploads\/2026\/08\/centrale-montemartini-rim-700x486.jpg 700w, https:\/\/loudavymkrokem.cz\/wp-content\/uploads\/2026\/08\/centrale-montemartini-rim-768x533.jpg 768w, https:\/\/loudavymkrokem.cz\/wp-content\/uploads\/2026\/08\/centrale-montemartini-rim-696x483.jpg 696w\" sizes=\"(max-width: 1200px) 100vw, 1200px\" \/><button\n\t\t\tclass=\"lightbox-trigger\"\n\t\t\ttype=\"button\"\n\t\t\taria-haspopup=\"dialog\"\n\t\t\tdata-wp-bind--aria-label=\"state.thisImage.triggerButtonAriaLabel\"\n\t\t\tdata-wp-init=\"callbacks.initTriggerButton\"\n\t\t\tdata-wp-on--click=\"actions.showLightbox\"\n\t\t\tdata-wp-style--right=\"state.thisImage.buttonRight\"\n\t\t\tdata-wp-style--top=\"state.thisImage.buttonTop\"\n\t\t>\n\t\t\t<svg xmlns=\"http:\/\/www.w3.org\/2000\/svg\" width=\"12\" height=\"12\" fill=\"none\" viewBox=\"0 0 12 12\">\n\t\t\t\t<path fill=\"#fff\" d=\"M2 0a2 2 0 0 0-2 2v2h1.5V2a.5.5 0 0 1 .5-.5h2V0H2Zm2 10.5H2a.5.5 0 0 1-.5-.5V8H0v2a2 2 0 0 0 2 2h2v-1.5ZM8 12v-1.5h2a.5.5 0 0 0 .5-.5V8H12v2a2 2 0 0 1-2 2H8Zm2-12a2 2 0 0 1 2 2v2h-1.5V2a.5.5 0 0 0-.5-.5H8V0h2Z\" \/>\n\t\t\t<\/svg>\n\t\t<\/button><figcaption class=\"wp-element-caption\">Fot\u00f3: Gigipe Sorentino, CC BY-SA 3.0, Wikimedia Commons<\/figcaption><\/figure>\n\n\n\n\n<p class=\"wp-block-paragraph\">Ez az <strong>\u00e9les kontraszt a t\u00f6r\u00e9keny feh\u00e9r m\u00e1rv\u00e1ny \u00e9s a neh\u00e9z g\u00e9p\u00e9szet k\u00f6z\u00f6tt<\/strong> teljesen egyed\u00fcl\u00e1ll\u00f3 hangulatot teremt. Olyan \u00e9rz\u00e9sed lesz, mintha egy modern sci-fi filmben tal\u00e1ln\u00e1d magad. Nagy el\u0151ny r\u00e1ad\u00e1sul, hogy a Vatik\u00e1ni M\u00fazeumokkal ellent\u00e9tben itt csak egy maroknyi emberrel tal\u00e1lkozol, \u00edgy nyugodtan megn\u00e9zhetsz mindent tolong\u00e1s n\u00e9lk\u00fcl.<\/p>\n\n\n\n<p class=\"wp-block-paragraph\">\ud83d\udca1 <strong>Tipp:<\/strong> A m\u00fazeum az Ostiense negyedben tal\u00e1lhat\u00f3, ahov\u00e1 k\u00e9nyelmesen eljutsz a B metr\u00f3vonallal (a Garbatella meg\u00e1ll\u00f3n\u00e1l sz\u00e1llj le). Ha szereted a nem hagyom\u00e1nyos fot\u00f3kat, \u00e9s egy pillanatra <strong>menek\u00fclni akarsz a belv\u00e1rosi t\u00f6meg el\u0151l<\/strong>, ez a hely mindenk\u00e9pp meg\u00e9ri. Sz\u00e1nj r\u00e1 nagyj\u00e1b\u00f3l m\u00e1sf\u00e9l \u00f3r\u00e1t, \u00e9s nyugodtan gyere ide nagyobb gyerekekkel is, a technika garant\u00e1ltan leny\u0171g\u00f6zi \u0151ket.<\/p>\n\n\n\n<h3 class=\"wp-block-heading\"><span class=\"ez-toc-section\" id=\"32_A_Galleria_Sciarra\"><\/span>32. A Galleria Sciarra<span class=\"ez-toc-section-end\"><\/span><\/h3>\n\n\n\n<p class=\"wp-block-paragraph\">Amikor a Trevi-k\u00fatn\u00e1l furakszol a t\u00f6megben, \u00e9s felt\u00e9tlen\u00fcl sz\u00fcks\u00e9ged van egy kis nyugalomra, el\u00e9g csak p\u00e1r sz\u0171k sik\u00e1torral od\u00e9bb menned. Ott rejt\u0151zik ugyanis a <strong>Galleria Sciarra<\/strong>, egy gy\u00f6ny\u00f6r\u0171, 19. sz\u00e1zadi bels\u0151 udvar, amely \u00fcvegezett \u00e9s gazdagon d\u00edsz\u00edtett leny\u0171g\u00f6z\u0151 szecesszi\u00f3s st\u00edlus\u00fa fresk\u00f3kkal. A legt\u00f6bb ember \u00e9szrev\u00e9tlen\u00fcl elmegy mellette, mert az utc\u00e1r\u00f3l ez a sz\u00e9ps\u00e9g egy\u00e1ltal\u00e1n nem l\u00e1tszik.<\/p>\n\n\n\n<figure data-wp-context=\"{&quot;imageId&quot;:&quot;6a981d983c969&quot;}\" data-wp-interactive=\"core\/image\" data-wp-key=\"6a981d983c969\" class=\"wp-block-image size-full wp-lightbox-container\"><img decoding=\"async\" width=\"1200\" height=\"795\" data-wp-class--hide=\"state.isContentHidden\" data-wp-class--show=\"state.isContentVisible\" data-wp-init=\"callbacks.setButtonStyles\" data-wp-on--click=\"actions.showLightbox\" data-wp-on--load=\"callbacks.setButtonStyles\" data-wp-on--pointerdown=\"actions.preloadImage\" data-wp-on--pointerenter=\"actions.preloadImageWithDelay\" data-wp-on--pointerleave=\"actions.cancelPreload\" data-wp-on-window--resize=\"callbacks.setButtonStyles\" src=\"https:\/\/loudavymkrokem.cz\/wp-content\/uploads\/2026\/08\/galleria-sciarra-rim.jpg\" alt=\"A Galleria Sciarra fresk\u00f3kkal d\u00edsz\u00edtett udvara R\u00f3m\u00e1ban\" class=\"wp-image-374709\" title=\"\" srcset=\"https:\/\/loudavymkrokem.cz\/wp-content\/uploads\/2026\/08\/galleria-sciarra-rim.jpg 1200w, https:\/\/loudavymkrokem.cz\/wp-content\/uploads\/2026\/08\/galleria-sciarra-rim-300x199.jpg 300w, https:\/\/loudavymkrokem.cz\/wp-content\/uploads\/2026\/08\/galleria-sciarra-rim-700x464.jpg 700w, https:\/\/loudavymkrokem.cz\/wp-content\/uploads\/2026\/08\/galleria-sciarra-rim-768x509.jpg 768w, https:\/\/loudavymkrokem.cz\/wp-content\/uploads\/2026\/08\/galleria-sciarra-rim-696x461.jpg 696w\" sizes=\"(max-width: 1200px) 100vw, 1200px\" \/><button\n\t\t\tclass=\"lightbox-trigger\"\n\t\t\ttype=\"button\"\n\t\t\taria-haspopup=\"dialog\"\n\t\t\tdata-wp-bind--aria-label=\"state.thisImage.triggerButtonAriaLabel\"\n\t\t\tdata-wp-init=\"callbacks.initTriggerButton\"\n\t\t\tdata-wp-on--click=\"actions.showLightbox\"\n\t\t\tdata-wp-style--right=\"state.thisImage.buttonRight\"\n\t\t\tdata-wp-style--top=\"state.thisImage.buttonTop\"\n\t\t>\n\t\t\t<svg xmlns=\"http:\/\/www.w3.org\/2000\/svg\" width=\"12\" height=\"12\" fill=\"none\" viewBox=\"0 0 12 12\">\n\t\t\t\t<path fill=\"#fff\" d=\"M2 0a2 2 0 0 0-2 2v2h1.5V2a.5.5 0 0 1 .5-.5h2V0H2Zm2 10.5H2a.5.5 0 0 1-.5-.5V8H0v2a2 2 0 0 0 2 2h2v-1.5ZM8 12v-1.5h2a.5.5 0 0 0 .5-.5V8H12v2a2 2 0 0 1-2 2H8Zm2-12a2 2 0 0 1 2 2v2h-1.5V2a.5.5 0 0 0-.5-.5H8V0h2Z\" \/>\n\t\t\t<\/svg>\n\t\t<\/button><figcaption class=\"wp-element-caption\">Fot\u00f3: Philosofia, CC BY 2.0, Wikimedia Commons<\/figcaption><\/figure>\n\n\n\n\n<p class=\"wp-block-paragraph\">Az eg\u00e9sz t\u00e9r a n\u0151k sz\u00e9ps\u00e9g\u00e9t, erej\u00e9t \u00e9s t\u00e1rsadalmi szerep\u00e9t \u00fcnnepli. A falakon <strong>olyan er\u00e9nyeket szimboliz\u00e1l\u00f3 alakokat l\u00e1tsz, mint a t\u00fcrelem, az igazs\u00e1goss\u00e1g vagy a h\u0171s\u00e9g<\/strong>, m\u00e9ghozz\u00e1 gy\u00f6ny\u00f6r\u0171 \u00e9l\u00e9nk sz\u00ednekben. Az \u00fcvegtet\u0151nek k\u00f6sz\u00f6nhet\u0151en r\u00e1ad\u00e1sul csod\u00e1latos f\u00e9ny van itt, ami m\u00e9g nagyobb m\u00e9lys\u00e9get ad a fresk\u00f3knak. Egyszer\u0171en t\u00f6k\u00e9letes p\u00e9ld\u00e1ja annak, hogy R\u00f3ma sz\u00f3 szerint minden l\u00e9p\u00e9sn\u00e9l tud meglepet\u00e9st okozni.<\/p>\n\n\n\n<p class=\"wp-block-paragraph\">Az udvar \u00e1tj\u00e1r\u00f3k\u00e9nt szolg\u00e1l az \u00e9p\u00fcletek k\u00f6z\u00f6tt, \u00edgy <strong>a bel\u00e9p\u00e9s teljesen ingyenes<\/strong>. \ud83d\udca1 <strong>Tipp:<\/strong> Csak munkanapokon, hivatali id\u0151ben szokott nyitva lenni, h\u00e9tv\u00e9g\u00e9n sajnos z\u00e1rva vannak a r\u00e1csok. A meg\u00e1ll\u00f3 mind\u00f6ssze t\u00edz percet vesz ig\u00e9nybe, de mindenk\u00e9pp egy gy\u00f6ny\u00f6r\u0171, sorban \u00e1ll\u00e1s n\u00e9lk\u00fcli \u00e9lm\u00e9nnyel gazdag\u00edtja a napodat.<\/p>\n\n\n\n<h3 class=\"wp-block-heading\"><span class=\"ez-toc-section\" id=\"33_A_Via_Appia_Antica_es_a_katakombak\"><\/span>33. A Via Appia Antica \u00e9s a katakomb\u00e1k<span class=\"ez-toc-section-end\"><\/span><\/h3>\n\n\n\n<p class=\"wp-block-paragraph\">Minden \u00fat R\u00f3m\u00e1ba vezet, de ez volt a legels\u0151 \u00e9s a legfontosabb mind k\u00f6z\u00fcl. A <strong>Via Appia Antica<\/strong> egy \u00f3kori sztr\u00e1da, amely azonnal visszar\u00f6p\u00edt az id\u0151ben k\u00e9tezer \u00e9vet. Ma egy csendes, magas feny\u0151kkel szeg\u00e9lyezett \u00fat, eredeti hatalmas k\u0151burkolattal, amely ment\u00e9n antik s\u00edrok, mauz\u00f3leumok \u00e9s szobrok maradv\u00e1nyai magasodnak. Csod\u00e1latos menek\u00fcl\u00e9s a zajos nagyv\u00e1rosb\u00f3l a z\u00f6ldbe.<\/p>\n\n\n\n<figure data-wp-context=\"{&quot;imageId&quot;:&quot;6a981d983ceca&quot;}\" data-wp-interactive=\"core\/image\" data-wp-key=\"6a981d983ceca\" class=\"wp-block-image size-full wp-lightbox-container\"><img decoding=\"async\" width=\"1200\" height=\"857\" data-wp-class--hide=\"state.isContentHidden\" data-wp-class--show=\"state.isContentVisible\" data-wp-init=\"callbacks.setButtonStyles\" data-wp-on--click=\"actions.showLightbox\" data-wp-on--load=\"callbacks.setButtonStyles\" data-wp-on--pointerdown=\"actions.preloadImage\" data-wp-on--pointerenter=\"actions.preloadImageWithDelay\" data-wp-on--pointerleave=\"actions.cancelPreload\" data-wp-on-window--resize=\"callbacks.setButtonStyles\" src=\"https:\/\/loudavymkrokem.cz\/wp-content\/uploads\/2026\/08\/via-appia-antica-rim.jpg\" alt=\"A Via Appia Antica \u00f3kori \u00fat eredeti bazaltburkolata\" class=\"wp-image-374710\" title=\"\" srcset=\"https:\/\/loudavymkrokem.cz\/wp-content\/uploads\/2026\/08\/via-appia-antica-rim.jpg 1200w, https:\/\/loudavymkrokem.cz\/wp-content\/uploads\/2026\/08\/via-appia-antica-rim-300x214.jpg 300w, https:\/\/loudavymkrokem.cz\/wp-content\/uploads\/2026\/08\/via-appia-antica-rim-700x500.jpg 700w, https:\/\/loudavymkrokem.cz\/wp-content\/uploads\/2026\/08\/via-appia-antica-rim-768x548.jpg 768w, https:\/\/loudavymkrokem.cz\/wp-content\/uploads\/2026\/08\/via-appia-antica-rim-696x497.jpg 696w\" sizes=\"(max-width: 1200px) 100vw, 1200px\" \/><button\n\t\t\tclass=\"lightbox-trigger\"\n\t\t\ttype=\"button\"\n\t\t\taria-haspopup=\"dialog\"\n\t\t\tdata-wp-bind--aria-label=\"state.thisImage.triggerButtonAriaLabel\"\n\t\t\tdata-wp-init=\"callbacks.initTriggerButton\"\n\t\t\tdata-wp-on--click=\"actions.showLightbox\"\n\t\t\tdata-wp-style--right=\"state.thisImage.buttonRight\"\n\t\t\tdata-wp-style--top=\"state.thisImage.buttonTop\"\n\t\t>\n\t\t\t<svg xmlns=\"http:\/\/www.w3.org\/2000\/svg\" width=\"12\" height=\"12\" fill=\"none\" viewBox=\"0 0 12 12\">\n\t\t\t\t<path fill=\"#fff\" d=\"M2 0a2 2 0 0 0-2 2v2h1.5V2a.5.5 0 0 1 .5-.5h2V0H2Zm2 10.5H2a.5.5 0 0 1-.5-.5V8H0v2a2 2 0 0 0 2 2h2v-1.5ZM8 12v-1.5h2a.5.5 0 0 0 .5-.5V8H12v2a2 2 0 0 1-2 2H8Zm2-12a2 2 0 0 1 2 2v2h-1.5V2a.5.5 0 0 0-.5-.5H8V0h2Z\" \/>\n\t\t\t<\/svg>\n\t\t<\/button><figcaption class=\"wp-element-caption\">Fot\u00f3: Palickap, CC BY-SA 4.0, Wikimedia Commons<\/figcaption><\/figure>\n\n\n\n\n<p class=\"wp-block-paragraph\">Az \u00fat ment\u00e9n r\u00e1ad\u00e1sul <strong>kiterjedt f\u00f6ld alatti katakomb\u00e1k<\/strong> tal\u00e1lhat\u00f3k, p\u00e9ld\u00e1ul a San Callisto vagy a San Sebastiano, ahol az els\u0151 kereszt\u00e9nyeket temett\u00e9k. A s\u00f6t\u00e9t, sz\u0171k, m\u00e9lyen a f\u00f6ld alatt rejt\u0151z\u0151 folyos\u00f3k megtekint\u00e9se egy kicsit h\u00e1tborzongat\u00f3, de rendk\u00edv\u00fcl lebilincsel\u0151 l\u00e1tv\u00e1ny, amely R\u00f3ma egy teljesen m\u00e1s arc\u00e1t mutatja meg.<\/p>\n\n\n\n<p class=\"wp-block-paragraph\">\ud83d\udca1 <strong>Tipp:<\/strong> A legjobb m\u00f3dja, hogy felfedezd ezt a ter\u00fcletet, ha k\u00f6zvetlen\u00fcl az \u00fatvonal elej\u00e9n k\u00f6lcs\u00f6nz\u00f6l egy biciklit. H\u00e9tv\u00e9g\u00e9n az <strong>utat teljesen lez\u00e1rj\u00e1k a g\u00e9pj\u00e1rm\u0171forgalom el\u0151l<\/strong>, \u00edgy teljesen biztons\u00e1gosan lehet itt ker\u00e9kp\u00e1rozni \u00e9s s\u00e9t\u00e1lni. Erre a kir\u00e1ndul\u00e1sra nyugodtan sz\u00e1nj egy f\u00e9l napot, \u00e9s csomagolj magaddal valami finomat egy kis piknikhez.<\/p>\n\n\n\n<h3 class=\"wp-block-heading\"><span class=\"ez-toc-section\" id=\"34_Domus_Aurea_%E2%80%94_Nero_aranyhaza\"><\/span>34. Domus Aurea \u2014 Nero aranyh\u00e1za<span class=\"ez-toc-section-end\"><\/span><\/h3>\n\n\n\n<p class=\"wp-block-paragraph\">Nero cs\u00e1sz\u00e1r h\u00edres volt az extravaganci\u00e1j\u00e1r\u00f3l, \u00e9s a palot\u00e1ja sem volt kiv\u00e9tel. A <strong>Domus Aurea<\/strong>, vagyis az Aranyh\u00e1z egy hatalmas luxuskomplexum volt, amelyet R\u00f3ma nagy t\u0171zv\u00e9sze ut\u00e1n \u00e9p\u00edttetett. A hal\u00e1la ut\u00e1n azonban a k\u00f6vetkez\u0151 cs\u00e1sz\u00e1rok igyekeztek elt\u00f6r\u00f6lni a hagyat\u00e9k\u00e1t, ez\u00e9rt a palot\u00e1t sz\u00e1nd\u00e9kosan betemett\u00e9k f\u00f6lddel, \u00e9s \u00faj \u00e9p\u00fcleteket emeltek r\u00e1, k\u00f6zt\u00fck a k\u00f6zeli Colosseumot.<\/p>\n\n\n\n<figure data-wp-context=\"{&quot;imageId&quot;:&quot;6a981d983d45e&quot;}\" data-wp-interactive=\"core\/image\" data-wp-key=\"6a981d983d45e\" class=\"wp-block-image size-full wp-lightbox-container\"><img decoding=\"async\" width=\"1200\" height=\"857\" data-wp-class--hide=\"state.isContentHidden\" data-wp-class--show=\"state.isContentVisible\" data-wp-init=\"callbacks.setButtonStyles\" data-wp-on--click=\"actions.showLightbox\" data-wp-on--load=\"callbacks.setButtonStyles\" data-wp-on--pointerdown=\"actions.preloadImage\" data-wp-on--pointerenter=\"actions.preloadImageWithDelay\" data-wp-on--pointerleave=\"actions.cancelPreload\" data-wp-on-window--resize=\"callbacks.setButtonStyles\" src=\"https:\/\/loudavymkrokem.cz\/wp-content\/uploads\/2026\/08\/domus-aurea-rim.jpg\" alt=\"F\u00e9nyk\u00fcrt\u0151 Nero Aranyh\u00e1z\u00e1nak f\u00f6ld alatti term\u00e9nek mennyezet\u00e9ben\" class=\"wp-image-374719\" title=\"\" srcset=\"https:\/\/loudavymkrokem.cz\/wp-content\/uploads\/2026\/08\/domus-aurea-rim.jpg 1200w, https:\/\/loudavymkrokem.cz\/wp-content\/uploads\/2026\/08\/domus-aurea-rim-300x214.jpg 300w, https:\/\/loudavymkrokem.cz\/wp-content\/uploads\/2026\/08\/domus-aurea-rim-700x500.jpg 700w, https:\/\/loudavymkrokem.cz\/wp-content\/uploads\/2026\/08\/domus-aurea-rim-768x548.jpg 768w, https:\/\/loudavymkrokem.cz\/wp-content\/uploads\/2026\/08\/domus-aurea-rim-696x497.jpg 696w\" sizes=\"(max-width: 1200px) 100vw, 1200px\" \/><button\n\t\t\tclass=\"lightbox-trigger\"\n\t\t\ttype=\"button\"\n\t\t\taria-haspopup=\"dialog\"\n\t\t\tdata-wp-bind--aria-label=\"state.thisImage.triggerButtonAriaLabel\"\n\t\t\tdata-wp-init=\"callbacks.initTriggerButton\"\n\t\t\tdata-wp-on--click=\"actions.showLightbox\"\n\t\t\tdata-wp-style--right=\"state.thisImage.buttonRight\"\n\t\t\tdata-wp-style--top=\"state.thisImage.buttonTop\"\n\t\t>\n\t\t\t<svg xmlns=\"http:\/\/www.w3.org\/2000\/svg\" width=\"12\" height=\"12\" fill=\"none\" viewBox=\"0 0 12 12\">\n\t\t\t\t<path fill=\"#fff\" d=\"M2 0a2 2 0 0 0-2 2v2h1.5V2a.5.5 0 0 1 .5-.5h2V0H2Zm2 10.5H2a.5.5 0 0 1-.5-.5V8H0v2a2 2 0 0 0 2 2h2v-1.5ZM8 12v-1.5h2a.5.5 0 0 0 .5-.5V8H12v2a2 2 0 0 1-2 2H8Zm2-12a2 2 0 0 1 2 2v2h-1.5V2a.5.5 0 0 0-.5-.5H8V0h2Z\" \/>\n\t\t\t<\/svg>\n\t\t<\/button><figcaption class=\"wp-element-caption\">Fot\u00f3: Mariordo, CC BY-SA 4.0, Wikimedia Commons<\/figcaption><\/figure>\n\n\n\n\n<p class=\"wp-block-paragraph\">Ma m\u00e9lyen a f\u00f6ld al\u00e1 ereszkedhetsz, \u00e9s bej\u00e1rhatod a hatalmas, s\u00f6t\u00e9t termeket, amelyek egykor aranyt\u00f3l \u00e9s dr\u00e1gak\u00f6vekt\u0151l ragyogtak. Az eg\u00e9sz t\u00fara legjobb r\u00e9sze a <strong>virtu\u00e1lis val\u00f3s\u00e1g haszn\u00e1lata<\/strong>, amely az \u00e1sat\u00e1sok k\u00f6zep\u00e9n pontosan megmutatja, milyen hihetetlen\u00fcl sz\u00ednesen \u00e9s pomp\u00e1san festett a palota k\u00e9tezer \u00e9vvel ezel\u0151tt. Olyan \u00e9lm\u00e9ny, amit\u0151l libab\u0151r\u00f6s leszel.<\/p>\n\n\n\n<p class=\"wp-block-paragraph\">A t\u00far\u00e1k <strong>kiz\u00e1r\u00f3lag idegenvezet\u0151vel zajlanak, \u00e9s felt\u00e9tlen\u00fcl online kell foglalni \u0151ket<\/strong>, mert a befogad\u00f3k\u00e9pess\u00e9g a folyamatban l\u00e9v\u0151 r\u00e9g\u00e9szeti munk\u00e1k miatt nagyon korl\u00e1tozott. \ud83d\udca1 <strong>Tipp:<\/strong> Bent \u00e1lland\u00f3, k\u00f6r\u00fclbel\u00fcl 15 fokos h\u0151m\u00e9rs\u00e9klet uralkodik, \u00fagyhogy a legtikkaszt\u00f3bb ny\u00e1rban se felejts el bepakolni egy pul\u00f3vert vagy egy v\u00e9kony kardig\u00e1nt.<\/p>\n\n\n\n<h3 class=\"wp-block-heading\"><span class=\"ez-toc-section\" id=\"35_A_Santa_Maria_Maggiore-bazilika\"><\/span>35. A Santa Maria Maggiore-bazilika<span class=\"ez-toc-section-end\"><\/span><\/h3>\n\n\n\n<p class=\"wp-block-paragraph\">Ez a gy\u00f6ny\u00f6r\u0171 templom R\u00f3ma n\u00e9gy f\u0151 p\u00e1pai bazilik\u00e1ja k\u00f6z\u00e9 tartozik, \u00e9s b\u00e1r tal\u00e1n nem olyan h\u00edres, mint a vatik\u00e1ni, a belseje elk\u00e9peszt. A <strong>Santa Maria Maggiore-bazilika<\/strong> j\u00f3 \u00e1llapotban meg\u0151rz\u00f6tt, 5. sz\u00e1zadi antik mozaikokkal \u00e9s leny\u0171g\u00f6z\u0151 kazett\u00e1s mennyezettel b\u00fcszk\u00e9lkedik. Ezt \u00e1ll\u00edt\u00f3lag a legels\u0151 arannyal aranyozt\u00e1k, amelyet Kolumbusz Krist\u00f3f hozott Eur\u00f3p\u00e1ba Amerik\u00e1b\u00f3l.<\/p>\n\n\n\n<figure data-wp-context=\"{&quot;imageId&quot;:&quot;6a981d983db8c&quot;}\" data-wp-interactive=\"core\/image\" data-wp-key=\"6a981d983db8c\" class=\"wp-block-image size-full wp-lightbox-container\"><img decoding=\"async\" width=\"1200\" height=\"800\" data-wp-class--hide=\"state.isContentHidden\" data-wp-class--show=\"state.isContentVisible\" data-wp-init=\"callbacks.setButtonStyles\" data-wp-on--click=\"actions.showLightbox\" data-wp-on--load=\"callbacks.setButtonStyles\" data-wp-on--pointerdown=\"actions.preloadImage\" data-wp-on--pointerenter=\"actions.preloadImageWithDelay\" data-wp-on--pointerleave=\"actions.cancelPreload\" data-wp-on-window--resize=\"callbacks.setButtonStyles\" src=\"https:\/\/loudavymkrokem.cz\/wp-content\/uploads\/2026\/08\/santa-maria-maggiore-rim.jpg\" alt=\"A Santa Maria Maggiore-bazilika f\u0151haj\u00f3ja aranyozott kazett\u00e1s mennyezettel\" class=\"wp-image-374724\" title=\"\" srcset=\"https:\/\/loudavymkrokem.cz\/wp-content\/uploads\/2026\/08\/santa-maria-maggiore-rim.jpg 1200w, https:\/\/loudavymkrokem.cz\/wp-content\/uploads\/2026\/08\/santa-maria-maggiore-rim-300x200.jpg 300w, https:\/\/loudavymkrokem.cz\/wp-content\/uploads\/2026\/08\/santa-maria-maggiore-rim-700x467.jpg 700w, https:\/\/loudavymkrokem.cz\/wp-content\/uploads\/2026\/08\/santa-maria-maggiore-rim-768x512.jpg 768w, https:\/\/loudavymkrokem.cz\/wp-content\/uploads\/2026\/08\/santa-maria-maggiore-rim-696x464.jpg 696w\" sizes=\"(max-width: 1200px) 100vw, 1200px\" \/><button\n\t\t\tclass=\"lightbox-trigger\"\n\t\t\ttype=\"button\"\n\t\t\taria-haspopup=\"dialog\"\n\t\t\tdata-wp-bind--aria-label=\"state.thisImage.triggerButtonAriaLabel\"\n\t\t\tdata-wp-init=\"callbacks.initTriggerButton\"\n\t\t\tdata-wp-on--click=\"actions.showLightbox\"\n\t\t\tdata-wp-style--right=\"state.thisImage.buttonRight\"\n\t\t\tdata-wp-style--top=\"state.thisImage.buttonTop\"\n\t\t>\n\t\t\t<svg xmlns=\"http:\/\/www.w3.org\/2000\/svg\" width=\"12\" height=\"12\" fill=\"none\" viewBox=\"0 0 12 12\">\n\t\t\t\t<path fill=\"#fff\" d=\"M2 0a2 2 0 0 0-2 2v2h1.5V2a.5.5 0 0 1 .5-.5h2V0H2Zm2 10.5H2a.5.5 0 0 1-.5-.5V8H0v2a2 2 0 0 0 2 2h2v-1.5ZM8 12v-1.5h2a.5.5 0 0 0 .5-.5V8H12v2a2 2 0 0 1-2 2H8Zm2-12a2 2 0 0 1 2 2v2h-1.5V2a.5.5 0 0 0-.5-.5H8V0h2Z\" \/>\n\t\t\t<\/svg>\n\t\t<\/button><figcaption class=\"wp-element-caption\">Fot\u00f3: Fallaner, CC BY-SA 4.0, Wikimedia Commons<\/figcaption><\/figure>\n\n\n\n\n<p class=\"wp-block-paragraph\">Egy nagyon sz\u00e9p legenda is f\u0171z\u0151dik hozz\u00e1. \u00c1ll\u00edt\u00f3lag pontosan azon a helyen \u00e9p\u00fclt, ahol a forr\u00f3 augusztusban hirtelen leesett a h\u00f3. Ezt a csod\u00e1s esem\u00e9nyt a mai napig minden \u00e9vben augusztus 5-\u00e9n \u00fagy \u00fcnneplik, hogy <strong>a mennyezetr\u0151l t\u00f6bb ezer feh\u00e9r r\u00f3zsaszirmot sz\u00f3rnak al\u00e1<\/strong>, ami hihetetlen\u00fcl romantikus \u00e9s meghat\u00f3 l\u00e1tv\u00e1ny.<\/p>\n\n\n\n<p class=\"wp-block-paragraph\">\ud83d\udca1 <strong>Tipp:<\/strong> A bazilik\u00e1ba a bel\u00e9p\u00e9s ingyenes, \u00e9s a bej\u00e1rat el\u0151tt csak minim\u00e1lis sor szokott lenni a biztons\u00e1gi ellen\u0151rz\u00e9sre. Ne feledkezz meg viszont a <strong>v\u00e1llat \u00e9s t\u00e9rdet takar\u00f3 megfelel\u0151 \u00f6lt\u00f6z\u00e9kr\u0151l<\/strong>. A helyi \u0151r\u00f6k megalkuv\u00e1st nem ismernek, \u00e9s trik\u00f3ban vagy r\u00f6vidnadr\u00e1gban hossz\u00fa r\u00e1besz\u00e9l\u00e9sre sem engednek be.<\/p>\n\n\n\n<h3 class=\"wp-block-heading\"><span class=\"ez-toc-section\" id=\"36_A_Kapitoliumi_Muzeumok_es_a_Piazza_del_Campidoglio\"><\/span>36. A Kapit\u00f3liumi M\u00fazeumok \u00e9s a Piazza del Campidoglio<span class=\"ez-toc-section-end\"><\/span><\/h3>\n\n\n\n<p class=\"wp-block-paragraph\">K\u00f6zvetlen\u00fcl a h\u00edres Forum Romanum felett fekszik a csod\u00e1latos Piazza del Campidoglio t\u00e9r, amelyet nem m\u00e1s tervezett, mint maga Michelangelo. M\u00e1r maga az eleg\u00e1ns, sz\u00e9les l\u00e9pcs\u0151n val\u00f3 felmenetel is \u00f3ri\u00e1si \u00e9lm\u00e9ny. A teret t\u00f6rt\u00e9nelmi palot\u00e1k szeg\u00e9lyezik, amelyekben a <strong>Kapit\u00f3liumi M\u00fazeumok<\/strong> m\u0171k\u00f6dnek, amelyeket a vil\u00e1g legr\u00e9gebbi nyilv\u00e1nos m\u00fazeumainak tartanak.<\/p>\n\n\n\n<figure data-wp-context=\"{&quot;imageId&quot;:&quot;6a981d983e143&quot;}\" data-wp-interactive=\"core\/image\" data-wp-key=\"6a981d983e143\" class=\"wp-block-image size-full wp-lightbox-container\"><img decoding=\"async\" width=\"1200\" height=\"805\" data-wp-class--hide=\"state.isContentHidden\" data-wp-class--show=\"state.isContentVisible\" data-wp-init=\"callbacks.setButtonStyles\" data-wp-on--click=\"actions.showLightbox\" data-wp-on--load=\"callbacks.setButtonStyles\" data-wp-on--pointerdown=\"actions.preloadImage\" data-wp-on--pointerenter=\"actions.preloadImageWithDelay\" data-wp-on--pointerleave=\"actions.cancelPreload\" data-wp-on-window--resize=\"callbacks.setButtonStyles\" src=\"https:\/\/loudavymkrokem.cz\/wp-content\/uploads\/2026\/08\/piazza-del-campidoglio-rim.jpg\" alt=\"Michelangelo Piazza del Campidoglio tere Marcus Aurelius szobr\u00e1val\" class=\"wp-image-374725\" title=\"\" srcset=\"https:\/\/loudavymkrokem.cz\/wp-content\/uploads\/2026\/08\/piazza-del-campidoglio-rim.jpg 1200w, https:\/\/loudavymkrokem.cz\/wp-content\/uploads\/2026\/08\/piazza-del-campidoglio-rim-300x201.jpg 300w, https:\/\/loudavymkrokem.cz\/wp-content\/uploads\/2026\/08\/piazza-del-campidoglio-rim-700x470.jpg 700w, https:\/\/loudavymkrokem.cz\/wp-content\/uploads\/2026\/08\/piazza-del-campidoglio-rim-768x515.jpg 768w, https:\/\/loudavymkrokem.cz\/wp-content\/uploads\/2026\/08\/piazza-del-campidoglio-rim-696x467.jpg 696w\" sizes=\"(max-width: 1200px) 100vw, 1200px\" \/><button\n\t\t\tclass=\"lightbox-trigger\"\n\t\t\ttype=\"button\"\n\t\t\taria-haspopup=\"dialog\"\n\t\t\tdata-wp-bind--aria-label=\"state.thisImage.triggerButtonAriaLabel\"\n\t\t\tdata-wp-init=\"callbacks.initTriggerButton\"\n\t\t\tdata-wp-on--click=\"actions.showLightbox\"\n\t\t\tdata-wp-style--right=\"state.thisImage.buttonRight\"\n\t\t\tdata-wp-style--top=\"state.thisImage.buttonTop\"\n\t\t>\n\t\t\t<svg xmlns=\"http:\/\/www.w3.org\/2000\/svg\" width=\"12\" height=\"12\" fill=\"none\" viewBox=\"0 0 12 12\">\n\t\t\t\t<path fill=\"#fff\" d=\"M2 0a2 2 0 0 0-2 2v2h1.5V2a.5.5 0 0 1 .5-.5h2V0H2Zm2 10.5H2a.5.5 0 0 1-.5-.5V8H0v2a2 2 0 0 0 2 2h2v-1.5ZM8 12v-1.5h2a.5.5 0 0 0 .5-.5V8H12v2a2 2 0 0 1-2 2H8Zm2-12a2 2 0 0 1 2 2v2h-1.5V2a.5.5 0 0 0-.5-.5H8V0h2Z\" \/>\n\t\t\t<\/svg>\n\t\t<\/button><figcaption class=\"wp-element-caption\">Fot\u00f3: Jakub Ha\u0142un, CC BY-SA 4.0, Wikimedia Commons<\/figcaption><\/figure>\n\n\n\n\n<p class=\"wp-block-paragraph\">Bent az antik r\u00f3mai m\u0171v\u00e9szet igazi \u00e9kszereit tal\u00e1lod. Nem hi\u00e1nyzik a h\u00edres <strong>Kapit\u00f3liumi Farkas bronzszobra<\/strong>, amely Romulust \u00e9s Remust szoptatja, valamint Marcus Aurelius cs\u00e1sz\u00e1r hatalmas lovasszobra, amelynek pontos m\u00e1solata kint a t\u00e9ren is \u00e1ll. Az eg\u00e9sz gy\u0171jtem\u00e9ny sokkal bens\u0151s\u00e9gesebb \u00e9s nyugodtabb, mint a vatik\u00e1ni, \u00edgy stressz \u00e9s tolong\u00e1s n\u00e9lk\u00fcl \u00e9lvezheted a m\u0171v\u00e9szetet.<\/p>\n\n\n\n<p class=\"wp-block-paragraph\">A k\u00e9t m\u00fazeum\u00e9p\u00fcletet \u00f6sszek\u00f6t\u0151 f\u00f6ld alatti folyos\u00f3 r\u00e1ad\u00e1sul <strong>fantasztikus kil\u00e1t\u00e1st rejt az eg\u00e9sz Forum Romanumra<\/strong>. \ud83d\udca1 <strong>Tipp:<\/strong> A m\u00fazeumok t\u00e9nyleg hatalmasak, ez\u00e9rt a l\u00e1togat\u00e1sra sz\u00e1nj legal\u00e1bb k\u00e9t-h\u00e1rom \u00f3r\u00e1t. A jegyeket mindenk\u00e9pp jobb el\u0151re megvenni online, hogy ne kelljen feleslegesen a p\u00e9nzt\u00e1rn\u00e1l sorban \u00e1llnod.<\/p>\n\n\n\n<h3 class=\"wp-block-heading\"><span class=\"ez-toc-section\" id=\"37_A_Caracalla-furdo\"><\/span>37. A Caracalla-f\u00fcrd\u0151<span class=\"ez-toc-section-end\"><\/span><\/h3>\n\n\n\n<p class=\"wp-block-paragraph\">Ha igaz\u00e1n meg akarod \u00e9rteni, milyen monument\u00e1lisan \u00e9s nagyszab\u00e1s\u00faan \u00e9p\u00edtkeztek a r\u00f3maiak, nem hagyhatod ki ezt a hatalmas t\u00e9glakomplexumot. A <strong>Caracalla-f\u00fcrd\u0151<\/strong> a maga kor\u00e1ban ak\u00e1r 1600 embert is befogadott, \u00e9s nem csak a higi\u00e9ni\u00e1ra szolg\u00e1lt, hanem t\u00e1rsas\u00e1gi tal\u00e1lkoz\u00f3kra, sportol\u00e1sra \u00e9s olvas\u00e1sra is a helyi kiterjedt k\u00f6nyvt\u00e1rakban.<\/p>\n\n\n\n<figure data-wp-context=\"{&quot;imageId&quot;:&quot;6a981d983e73d&quot;}\" data-wp-interactive=\"core\/image\" data-wp-key=\"6a981d983e73d\" class=\"wp-block-image size-full wp-lightbox-container\"><img decoding=\"async\" width=\"1200\" height=\"800\" data-wp-class--hide=\"state.isContentHidden\" data-wp-class--show=\"state.isContentVisible\" data-wp-init=\"callbacks.setButtonStyles\" data-wp-on--click=\"actions.showLightbox\" data-wp-on--load=\"callbacks.setButtonStyles\" data-wp-on--pointerdown=\"actions.preloadImage\" data-wp-on--pointerenter=\"actions.preloadImageWithDelay\" data-wp-on--pointerleave=\"actions.cancelPreload\" data-wp-on-window--resize=\"callbacks.setButtonStyles\" src=\"https:\/\/loudavymkrokem.cz\/wp-content\/uploads\/2026\/08\/caracallovy-lazne-rim.jpg\" alt=\"A Caracalla-f\u00fcrd\u0151 monument\u00e1lis t\u00e9glafalai R\u00f3m\u00e1ban\" class=\"wp-image-374726\" title=\"\" srcset=\"https:\/\/loudavymkrokem.cz\/wp-content\/uploads\/2026\/08\/caracallovy-lazne-rim.jpg 1200w, https:\/\/loudavymkrokem.cz\/wp-content\/uploads\/2026\/08\/caracallovy-lazne-rim-300x200.jpg 300w, https:\/\/loudavymkrokem.cz\/wp-content\/uploads\/2026\/08\/caracallovy-lazne-rim-700x467.jpg 700w, https:\/\/loudavymkrokem.cz\/wp-content\/uploads\/2026\/08\/caracallovy-lazne-rim-768x512.jpg 768w, https:\/\/loudavymkrokem.cz\/wp-content\/uploads\/2026\/08\/caracallovy-lazne-rim-696x464.jpg 696w\" sizes=\"(max-width: 1200px) 100vw, 1200px\" \/><button\n\t\t\tclass=\"lightbox-trigger\"\n\t\t\ttype=\"button\"\n\t\t\taria-haspopup=\"dialog\"\n\t\t\tdata-wp-bind--aria-label=\"state.thisImage.triggerButtonAriaLabel\"\n\t\t\tdata-wp-init=\"callbacks.initTriggerButton\"\n\t\t\tdata-wp-on--click=\"actions.showLightbox\"\n\t\t\tdata-wp-style--right=\"state.thisImage.buttonRight\"\n\t\t\tdata-wp-style--top=\"state.thisImage.buttonTop\"\n\t\t>\n\t\t\t<svg xmlns=\"http:\/\/www.w3.org\/2000\/svg\" width=\"12\" height=\"12\" fill=\"none\" viewBox=\"0 0 12 12\">\n\t\t\t\t<path fill=\"#fff\" d=\"M2 0a2 2 0 0 0-2 2v2h1.5V2a.5.5 0 0 1 .5-.5h2V0H2Zm2 10.5H2a.5.5 0 0 1-.5-.5V8H0v2a2 2 0 0 0 2 2h2v-1.5ZM8 12v-1.5h2a.5.5 0 0 0 .5-.5V8H12v2a2 2 0 0 1-2 2H8Zm2-12a2 2 0 0 1 2 2v2h-1.5V2a.5.5 0 0 0-.5-.5H8V0h2Z\" \/>\n\t\t\t<\/svg>\n\t\t<\/button><figcaption class=\"wp-element-caption\">Fot\u00f3: Vyacheslav Argenberg, CC BY 4.0, Wikimedia Commons<\/figcaption><\/figure>\n\n\n\n\n<p class=\"wp-block-paragraph\">B\u00e1r ma m\u00e1r csak a hatalmas magass\u00e1gba ny\u00fal\u00f3 csupasz falak maradtak, az <strong>eg\u00e9sz ter\u00fclet m\u00e9rete teljesen leny\u0171g\u00f6z\u0151<\/strong>. Medenc\u00e9k, tornatermek \u00e9s gy\u00f6ny\u00f6r\u0171 padl\u00f3mozaikok maradv\u00e1nyai k\u00f6z\u00f6tt s\u00e9t\u00e1lsz majd, amelyek sok helyen remek\u00fcl meg\u0151rz\u0151dtek. Sokkal nyugodtabb hely, mint a belv\u00e1ros, tele z\u00f6lddel \u00e9s a feny\u0151k kellemes \u00e1rny\u00e9k\u00e1val.<\/p>\n\n\n\n<p class=\"wp-block-paragraph\">\ud83d\udca1 <strong>Tipp:<\/strong> Hogy jobban el tudd k\u00e9pzelni az eredeti sz\u00e9ps\u00e9get a m\u00e1rv\u00e1nyburkolatokkal \u00e9s szobrokkal, azt aj\u00e1nlom, fizess r\u00e1 a bej\u00e1ratn\u00e1l egy virtu\u00e1lis val\u00f3s\u00e1gos audiovezet\u0151re. A komplexum kiterjedt, \u00e9s ny\u00e1ron t\u00e9nyleg nagy h\u0151s\u00e9g lehet itt, <strong>a vizespalack teh\u00e1t n\u00e9lk\u00fcl\u00f6zhetetlen<\/strong>. Szerencs\u00e9re m\u0171k\u00f6dnek itt a klasszikus r\u00f3mai iv\u00f3kutak, az \u00fagynevezett nasoni, amelyekb\u0151l k\u00f6r\u00fclbel\u00fcl k\u00e9t \u00e9s f\u00e9l ezret sz\u00f3rtak sz\u00e9t a v\u00e1rosban.<\/p>\n\n\n\n<h3 class=\"wp-block-heading\"><span class=\"ez-toc-section\" id=\"38_Gianicolo_%E2%80%94_kilato_es_a_deli_agyu\"><\/span>38. Gianicolo \u2014 kil\u00e1t\u00f3 \u00e9s a d\u00e9li \u00e1gy\u00fa<span class=\"ez-toc-section-end\"><\/span><\/h3>\n\n\n\n<p class=\"wp-block-paragraph\">Ez a domb ugyan nem tartozik a h\u00edres h\u00e9t eredeti r\u00f3mai domb k\u00f6z\u00e9, de tal\u00e1n a legjobb panor\u00e1m\u00e1t k\u00edn\u00e1lja az eg\u00e9sz v\u00e1rosra. A <strong>Gianicolo-domb<\/strong> a Trastevere negyed f\u00f6l\u00e9 magasodik, \u00e9s ide\u00e1lis hely egy nyugodt s\u00e9t\u00e1hoz, kil\u00e1t\u00e1ssal mindezekre az ikonikus kupol\u00e1kra, tornyokra \u00e9s t\u00f6rt\u00e9nelmi eml\u00e9kekre. Ny\u00e1ron azonban j\u00f3l id\u0151z\u00edtsd a feljut\u00e1st, mert a harminc\u00f6t fokos h\u0151s\u00e9gben a felfel\u00e9 vezet\u0151 \u00fat alapos hajt\u00e1s m\u00e9g az edzett gyalogosoknak is.<\/p>\n\n\n\n<figure data-wp-context=\"{&quot;imageId&quot;:&quot;6a981d983ec6e&quot;}\" data-wp-interactive=\"core\/image\" data-wp-key=\"6a981d983ec6e\" class=\"wp-block-image size-full wp-lightbox-container\"><img decoding=\"async\" width=\"1200\" height=\"780\" data-wp-class--hide=\"state.isContentHidden\" data-wp-class--show=\"state.isContentVisible\" data-wp-init=\"callbacks.setButtonStyles\" data-wp-on--click=\"actions.showLightbox\" data-wp-on--load=\"callbacks.setButtonStyles\" data-wp-on--pointerdown=\"actions.preloadImage\" data-wp-on--pointerenter=\"actions.preloadImageWithDelay\" data-wp-on--pointerleave=\"actions.cancelPreload\" data-wp-on-window--resize=\"callbacks.setButtonStyles\" src=\"https:\/\/loudavymkrokem.cz\/wp-content\/uploads\/2026\/08\/gianicolo-vyhled-rim.jpg\" alt=\"Panor\u00e1makil\u00e1t\u00e1s a Gianicolo-dombr\u00f3l a Szent P\u00e9ter-bazilika kupol\u00e1j\u00e1ra\" class=\"wp-image-374728\" title=\"\" srcset=\"https:\/\/loudavymkrokem.cz\/wp-content\/uploads\/2026\/08\/gianicolo-vyhled-rim.jpg 1200w, https:\/\/loudavymkrokem.cz\/wp-content\/uploads\/2026\/08\/gianicolo-vyhled-rim-300x195.jpg 300w, https:\/\/loudavymkrokem.cz\/wp-content\/uploads\/2026\/08\/gianicolo-vyhled-rim-700x455.jpg 700w, https:\/\/loudavymkrokem.cz\/wp-content\/uploads\/2026\/08\/gianicolo-vyhled-rim-768x499.jpg 768w, https:\/\/loudavymkrokem.cz\/wp-content\/uploads\/2026\/08\/gianicolo-vyhled-rim-696x452.jpg 696w\" sizes=\"(max-width: 1200px) 100vw, 1200px\" \/><button\n\t\t\tclass=\"lightbox-trigger\"\n\t\t\ttype=\"button\"\n\t\t\taria-haspopup=\"dialog\"\n\t\t\tdata-wp-bind--aria-label=\"state.thisImage.triggerButtonAriaLabel\"\n\t\t\tdata-wp-init=\"callbacks.initTriggerButton\"\n\t\t\tdata-wp-on--click=\"actions.showLightbox\"\n\t\t\tdata-wp-style--right=\"state.thisImage.buttonRight\"\n\t\t\tdata-wp-style--top=\"state.thisImage.buttonTop\"\n\t\t>\n\t\t\t<svg xmlns=\"http:\/\/www.w3.org\/2000\/svg\" width=\"12\" height=\"12\" fill=\"none\" viewBox=\"0 0 12 12\">\n\t\t\t\t<path fill=\"#fff\" d=\"M2 0a2 2 0 0 0-2 2v2h1.5V2a.5.5 0 0 1 .5-.5h2V0H2Zm2 10.5H2a.5.5 0 0 1-.5-.5V8H0v2a2 2 0 0 0 2 2h2v-1.5ZM8 12v-1.5h2a.5.5 0 0 0 .5-.5V8H12v2a2 2 0 0 1-2 2H8Zm2-12a2 2 0 0 1 2 2v2h-1.5V2a.5.5 0 0 0-.5-.5H8V0h2Z\" \/>\n\t\t\t<\/svg>\n\t\t<\/button><figcaption class=\"wp-element-caption\">Fot\u00f3: Amaunet, CC BY-SA 3.0, Wikimedia Commons<\/figcaption><\/figure>\n\n\n\n\n<p class=\"wp-block-paragraph\">Ha d\u00e9lel\u0151tt indulsz ide, pr\u00f3b\u00e1ld a Piazza Garibaldi kil\u00e1t\u00f3t\u00e9rre val\u00f3 \u00e9rkez\u00e9sedet pontosan tizenk\u00e9t \u00f3r\u00e1ra id\u0151z\u00edteni. Minden nap d\u00e9lben ugyanis <strong>hagyom\u00e1nyosan els\u00fctnek egy t\u00f6rt\u00e9nelmi \u00e1gy\u00fat<\/strong>, ami egy \u00e9rdekes ritu\u00e1l\u00e9, amelyet a p\u00e1pa vezetett be m\u00e9g a 19. sz\u00e1zadban, hogy \u00f6sszehangolja R\u00f3ma \u00f6sszes templom\u00e1nak harangoz\u00e1s\u00e1t.<\/p>\n\n\n\n<p class=\"wp-block-paragraph\">\ud83d\udca1 <strong>Tipp:<\/strong> A felfel\u00e9 vezet\u0151 gyalog\u00fat a ny\u00e1ri h\u00f3napokban meglehet\u0151sen pr\u00f3b\u00e1ra tesz. A feljut\u00e1st k\u00f6nnyen megsp\u00f3rolhatod azzal, hogy <strong>ig\u00e9nybe veszed a helyi buszt<\/strong>, amely felvisz eg\u00e9szen a cs\u00facsra, lefel\u00e9 pedig Trastevere fest\u0151i utc\u00e1iba m\u00e1r k\u00e9nyelmesen, minden f\u00e1rads\u00e1g n\u00e9lk\u00fcl gyalog leballagsz.<\/p>\n\n\n\n<h3 class=\"wp-block-heading\"><span class=\"ez-toc-section\" id=\"39_A_falakon_kivuli_Szent_Pal-bazilika\"><\/span>39. A falakon k\u00edv\u00fcli Szent P\u00e1l-bazilika<span class=\"ez-toc-section-end\"><\/span><\/h3>\n\n\n\n<p class=\"wp-block-paragraph\">A legt\u00f6bb turista csak a Vatik\u00e1nt csod\u00e1lni indul, \u00e9s ezt az \u00e9p\u00edt\u00e9szeti \u00e9kszert a belv\u00e1rost\u00f3l egy kiss\u00e9 t\u00e1volabbi elhelyezked\u00e9se miatt megbocs\u00e1thatatlanul kihagyj\u00e1k. A <strong>falakon k\u00edv\u00fcli Szent P\u00e1l-bazilika<\/strong> pedig R\u00f3ma m\u00e1sodik legnagyobb bazilik\u00e1ja, hatalmas belseje oszloperd\u0151vel \u00e9s gy\u00f6ny\u00f6r\u0171 aranymozaikokkal teljesen fens\u00e9gesen \u00e9s emelkedetten hat.<\/p>\n\n\n\n<figure data-wp-context=\"{&quot;imageId&quot;:&quot;6a981d983f365&quot;}\" data-wp-interactive=\"core\/image\" data-wp-key=\"6a981d983f365\" class=\"wp-block-image size-full wp-lightbox-container\"><img decoding=\"async\" width=\"1200\" height=\"1021\" data-wp-class--hide=\"state.isContentHidden\" data-wp-class--show=\"state.isContentVisible\" data-wp-init=\"callbacks.setButtonStyles\" data-wp-on--click=\"actions.showLightbox\" data-wp-on--load=\"callbacks.setButtonStyles\" data-wp-on--pointerdown=\"actions.preloadImage\" data-wp-on--pointerenter=\"actions.preloadImageWithDelay\" data-wp-on--pointerleave=\"actions.cancelPreload\" data-wp-on-window--resize=\"callbacks.setButtonStyles\" src=\"https:\/\/loudavymkrokem.cz\/wp-content\/uploads\/2026\/08\/san-paolo-fuori-le-mura-rim.jpg\" alt=\"A falakon k\u00edv\u00fcli Szent P\u00e1l-bazilika homlokzata aranymozaikkal\" class=\"wp-image-374738\" title=\"\" srcset=\"https:\/\/loudavymkrokem.cz\/wp-content\/uploads\/2026\/08\/san-paolo-fuori-le-mura-rim.jpg 1200w, https:\/\/loudavymkrokem.cz\/wp-content\/uploads\/2026\/08\/san-paolo-fuori-le-mura-rim-300x255.jpg 300w, https:\/\/loudavymkrokem.cz\/wp-content\/uploads\/2026\/08\/san-paolo-fuori-le-mura-rim-700x596.jpg 700w, https:\/\/loudavymkrokem.cz\/wp-content\/uploads\/2026\/08\/san-paolo-fuori-le-mura-rim-768x653.jpg 768w, https:\/\/loudavymkrokem.cz\/wp-content\/uploads\/2026\/08\/san-paolo-fuori-le-mura-rim-696x592.jpg 696w\" sizes=\"(max-width: 1200px) 100vw, 1200px\" \/><button\n\t\t\tclass=\"lightbox-trigger\"\n\t\t\ttype=\"button\"\n\t\t\taria-haspopup=\"dialog\"\n\t\t\tdata-wp-bind--aria-label=\"state.thisImage.triggerButtonAriaLabel\"\n\t\t\tdata-wp-init=\"callbacks.initTriggerButton\"\n\t\t\tdata-wp-on--click=\"actions.showLightbox\"\n\t\t\tdata-wp-style--right=\"state.thisImage.buttonRight\"\n\t\t\tdata-wp-style--top=\"state.thisImage.buttonTop\"\n\t\t>\n\t\t\t<svg xmlns=\"http:\/\/www.w3.org\/2000\/svg\" width=\"12\" height=\"12\" fill=\"none\" viewBox=\"0 0 12 12\">\n\t\t\t\t<path fill=\"#fff\" d=\"M2 0a2 2 0 0 0-2 2v2h1.5V2a.5.5 0 0 1 .5-.5h2V0H2Zm2 10.5H2a.5.5 0 0 1-.5-.5V8H0v2a2 2 0 0 0 2 2h2v-1.5ZM8 12v-1.5h2a.5.5 0 0 0 .5-.5V8H12v2a2 2 0 0 1-2 2H8Zm2-12a2 2 0 0 1 2 2v2h-1.5V2a.5.5 0 0 0-.5-.5H8V0h2Z\" \/>\n\t\t\t<\/svg>\n\t\t<\/button><figcaption class=\"wp-element-caption\">Fot\u00f3: Dnalor 01, CC BY-SA 3.0 AT, Wikimedia Commons<\/figcaption><\/figure>\n\n\n\n\n<p class=\"wp-block-paragraph\">A messze leg\u00e9rdekesebb r\u00e9szlet az <strong>\u00f6sszes eddigi p\u00e1pa arck\u00e9p\u00e9t \u00e1br\u00e1zol\u00f3 medalions\u00e1v<\/strong>, amely magasan a mennyezet alatt h\u00faz\u00f3dik a haj\u00f3 eg\u00e9sz ker\u00fclete ment\u00e9n. Egy r\u00e9gi legenda szerint akkor j\u00f6n el a vil\u00e1g v\u00e9ge, amint a sorban elfogy a hely a k\u00f6vetkez\u0151 p\u00e1pa arck\u00e9p\u00e9nek (b\u00e1r az egyh\u00e1z term\u00e9szetesen mindig tal\u00e1l valamif\u00e9le \u00faj \u00fcres helyet).<\/p>\n\n\n\n<p class=\"wp-block-paragraph\">\ud83d\udca1 <strong>Tipp:<\/strong> A bazilika k\u00f6zvetlen\u00fcl a B metr\u00f3vonal \u00e1llom\u00e1s\u00e1n\u00e1l fekszik, \u00edgy az idejut\u00e1s a belv\u00e1rosb\u00f3l nagyon gyors \u00e9s egyszer\u0171. A bazilik\u00e1ba a bel\u00e9p\u00e9s ingyenes, \u00e9s a f\u0151 \u00fatvonalakon k\u00edv\u00fcli elhelyezked\u00e9s\u00e9nek k\u00f6sz\u00f6nhet\u0151en <strong>kellemes nyugalmat \u00e9lvezhetsz itt t\u00f6meg \u00e9s hossz\u00fa sorok n\u00e9lk\u00fcl<\/strong>, ami R\u00f3m\u00e1ban megfizethetetlen.<\/p>\n\n\n\n<h3 class=\"wp-block-heading\"><span class=\"ez-toc-section\" id=\"40_Az_EUR_negyed_es_a_Quadrato_della_Concordia\"><\/span>40. Az EUR negyed \u00e9s a Quadrato della Concordia<span class=\"ez-toc-section-end\"><\/span><\/h3>\n\n\n\n<p class=\"wp-block-paragraph\">A legv\u00e9g\u00e9re van valamim a modern, b\u00e1r kiss\u00e9 ellentmond\u00e1sos \u00e9p\u00edt\u00e9szet szerelmeseinek. Az <strong>EUR negyedet<\/strong> Mussolini \u00e9p\u00edttette egy tervezett vil\u00e1gki\u00e1ll\u00edt\u00e1sra, amely a h\u00e1bor\u00fa miatt azonban v\u00e9g\u00fcl sosem val\u00f3sult meg. Az eg\u00e9sz ter\u00fclet tele van sz\u00e9les sug\u00e1rutakkal, pontos geometriai form\u00e1kkal \u00e9s feh\u00e9r m\u00e1rv\u00e1nyb\u00f3l k\u00e9sz\u00fclt monument\u00e1lis \u00e9p\u00fcletekkel.<\/p>\n\n\n\n<figure data-wp-context=\"{&quot;imageId&quot;:&quot;6a981d983f99e&quot;}\" data-wp-interactive=\"core\/image\" data-wp-key=\"6a981d983f99e\" class=\"wp-block-image size-full wp-lightbox-container\"><img decoding=\"async\" width=\"1200\" height=\"800\" data-wp-class--hide=\"state.isContentHidden\" data-wp-class--show=\"state.isContentVisible\" data-wp-init=\"callbacks.setButtonStyles\" data-wp-on--click=\"actions.showLightbox\" data-wp-on--load=\"callbacks.setButtonStyles\" data-wp-on--pointerdown=\"actions.preloadImage\" data-wp-on--pointerenter=\"actions.preloadImageWithDelay\" data-wp-on--pointerleave=\"actions.cancelPreload\" data-wp-on-window--resize=\"callbacks.setButtonStyles\" src=\"https:\/\/loudavymkrokem.cz\/wp-content\/uploads\/2026\/08\/ctvrt-eur-ctvercove-koloseum-rim.jpg\" alt=\"A Palazzo della Civilt\u00e0 Italiana, a N\u00e9gyzet Colosseum az EUR negyedben\" class=\"wp-image-374742\" title=\"\" srcset=\"https:\/\/loudavymkrokem.cz\/wp-content\/uploads\/2026\/08\/ctvrt-eur-ctvercove-koloseum-rim.jpg 1200w, https:\/\/loudavymkrokem.cz\/wp-content\/uploads\/2026\/08\/ctvrt-eur-ctvercove-koloseum-rim-300x200.jpg 300w, https:\/\/loudavymkrokem.cz\/wp-content\/uploads\/2026\/08\/ctvrt-eur-ctvercove-koloseum-rim-700x467.jpg 700w, https:\/\/loudavymkrokem.cz\/wp-content\/uploads\/2026\/08\/ctvrt-eur-ctvercove-koloseum-rim-768x512.jpg 768w, https:\/\/loudavymkrokem.cz\/wp-content\/uploads\/2026\/08\/ctvrt-eur-ctvercove-koloseum-rim-696x464.jpg 696w\" sizes=\"(max-width: 1200px) 100vw, 1200px\" \/><button\n\t\t\tclass=\"lightbox-trigger\"\n\t\t\ttype=\"button\"\n\t\t\taria-haspopup=\"dialog\"\n\t\t\tdata-wp-bind--aria-label=\"state.thisImage.triggerButtonAriaLabel\"\n\t\t\tdata-wp-init=\"callbacks.initTriggerButton\"\n\t\t\tdata-wp-on--click=\"actions.showLightbox\"\n\t\t\tdata-wp-style--right=\"state.thisImage.buttonRight\"\n\t\t\tdata-wp-style--top=\"state.thisImage.buttonTop\"\n\t\t>\n\t\t\t<svg xmlns=\"http:\/\/www.w3.org\/2000\/svg\" width=\"12\" height=\"12\" fill=\"none\" viewBox=\"0 0 12 12\">\n\t\t\t\t<path fill=\"#fff\" d=\"M2 0a2 2 0 0 0-2 2v2h1.5V2a.5.5 0 0 1 .5-.5h2V0H2Zm2 10.5H2a.5.5 0 0 1-.5-.5V8H0v2a2 2 0 0 0 2 2h2v-1.5ZM8 12v-1.5h2a.5.5 0 0 0 .5-.5V8H12v2a2 2 0 0 1-2 2H8Zm2-12a2 2 0 0 1 2 2v2h-1.5V2a.5.5 0 0 0-.5-.5H8V0h2Z\" \/>\n\t\t\t<\/svg>\n\t\t<\/button><figcaption class=\"wp-element-caption\">Fot\u00f3: Alberti1492, CC BY-SA 4.0, Wikimedia Commons<\/figcaption><\/figure>\n\n\n\n\n<p class=\"wp-block-paragraph\">A legh\u00edresebb \u00e9p\u00fclet egy\u00e9rtelm\u0171en a Palazzo della Civilt\u00e0 Italiana, amelyet saj\u00e1tos form\u00e1ja miatt <strong>N\u00e9gyzet Colosseumnak (Quadrato della Concordia) bec\u00e9znek<\/strong>. Ma ebben az ikonikus \u00e9p\u00fcletben a Fendi divath\u00e1z sz\u00e9kel, az eg\u00e9sz negyed pedig teljesen m\u00e1sk\u00e9pp hat, mint R\u00f3ma t\u00f6bbi r\u00e9sze, olyannyira, hogy az az \u00e9rz\u00e9sed, mintha egy ut\u00f3pisztikus, filmv\u00e1szonr\u00f3l ismert j\u00f6v\u0151ben tal\u00e1ln\u00e1d magad.<\/p>\n\n\n\n<p class=\"wp-block-paragraph\">\ud83d\udca1 <strong>Tipp:<\/strong> Az EUR negyedbe egyszer\u0171en eljutsz a B metr\u00f3vonallal. Remek hely egy esti s\u00e9t\u00e1hoz, amikor a <strong>N\u00e9gyzet Colosseum gy\u00f6ny\u00f6r\u0171en meg van vil\u00e1g\u00edtva<\/strong>, \u00e9s tal\u00e1lsz itt egy sz\u00e9p parkot is mesters\u00e9ges t\u00f3val, ahov\u00e1 f\u0151leg a helyi lakosok j\u00e1rnak munka ut\u00e1n kikapcsol\u00f3dni.<\/p>\n\n\n\n\n\n<h2 class=\"wp-block-heading\"><span class=\"ez-toc-section\" id=\"Mit_lehet_Romaban_teljesen_ingyen_latni\"><\/span>Mit lehet R\u00f3m\u00e1ban teljesen ingyen l\u00e1tni<span class=\"ez-toc-section-end\"><\/span><\/h2>\n\n\n\n<p class=\"wp-block-paragraph\">Gyakran k\u00e9rdezitek, <strong>mi az, ami R\u00f3m\u00e1ban ingyenes<\/strong> (r\u00f3ma ingyenes l\u00e1tnival\u00f3k), mert az olasz metropolisz n\u00e9ha alaposan meg tudja szell\u0151ztetni a p\u00e9nzt\u00e1rc\u00e1t. Az igazs\u00e1g viszont az, hogy az eg\u00e9sz v\u00e1ros legjobbja egy fill\u00e9rbe sem ker\u00fcl, hiszen maguk az utc\u00e1k hatalmas szabadt\u00e9ri m\u00fazeumk\u00e9nt m\u0171k\u00f6dnek. Ahhoz, hogy teli t\u00fcd\u0151vel \u00e9lvezd az igazi olasz hangulatot, el\u00e9g egy k\u00e9nyelmes cip\u0151 \u00e9s a felfedez\u00e9s v\u00e1gya. \u00cdme a kedvenc helyeim list\u00e1ja, amelyek\u00e9rt egy\u00e1ltal\u00e1n nem kell fizetned:<\/p>\n\n\n\n<ul class=\"wp-block-list\">\n\n<li>  <strong><a href=\"https:\/\/loudavymkrokem.cz\/hu\/pantheon-roma-olaszorszag\/\">Pantheon<\/a> k\u00edv\u00fclr\u0151l \u00e9s a Piazza della Rotonda:<\/strong> B\u00e1r a templomba a bel\u00e9p\u00e9s\u00e9rt 2026 j\u00falius\u00e1t\u00f3l 7 eur\u00f3t kell fizetni, az antik oszlopok fens\u00e9ges l\u00e1tv\u00e1nya a ny\u00fczsg\u0151 t\u00e9rr\u0151l \u00e9s az esti hangulat besz\u00edv\u00e1sa teljesen ingyenes.<\/li>\n\n\n\n<li>  <strong><a href=\"https:\/\/loudavymkrokem.cz\/hu\/vatikan\/\">Szent P\u00e9ter-bazilika<\/a> \u00e9s a Szent P\u00e9ter t\u00e9r:<\/strong> A vil\u00e1g legnagyobb kereszt\u00e9ny templom\u00e1ba a bel\u00e9p\u00e9s nem d\u00edjk\u00f6teles, csak t\u00fcrelemmel kell felv\u00e9rtezned magad, \u00e9s ki kell v\u00e1rnod a hossz\u00fa sort a biztons\u00e1gi ellen\u0151rz\u00e9sre.<\/li>\n\n\n\n<li>  <strong><a href=\"https:\/\/loudavymkrokem.cz\/hu\/fontana-di-trevi\/\">Trevi-k\u00fat<\/a> az utc\u00e1r\u00f3l:<\/strong> 2026 febru\u00e1rj\u00e1t\u00f3l ugyan a lejut\u00e1s\u00e9rt egyenesen az ikonikus medenc\u00e9hez k\u00e9teur\u00f3s d\u00edjat kell fizetni, de a l\u00e9legzetel\u00e1ll\u00edt\u00f3 <strong>fel\u00fcln\u00e9zeti l\u00e1tv\u00e1ny az utc\u00e1r\u00f3l<\/strong> a m\u00e1rv\u00e1nyszobrokon \u00e1t szerencs\u00e9re ingyenes marad.<\/li>\n\n\n\n<li>  <strong><a href=\"https:\/\/loudavymkrokem.cz\/hu\/spanyol-lepcso-roma-olaszorszag\/\">Spanyol l\u00e9pcs\u0151<\/a>:<\/strong> Gy\u00f6ny\u00f6r\u0171 hely fot\u00f3z\u00e1shoz \u00e9s a v\u00e1rosi ny\u00fczsg\u00e9s megfigyel\u00e9s\u00e9hez, csak nagyon vigy\u00e1zz arra, hogy a l\u00e9pcs\u0151n magas b\u00edrs\u00e1g terhe mellett tilos \u00fclni.<\/li>\n\n\n\n<li>  <strong><a href=\"https:\/\/loudavymkrokem.cz\/hu\/piazza-navona-roma-latnivalok\/\">Piazza Navona<\/a> \u00e9s Campo de&#8217; Fiori:<\/strong> K\u00e9t teljesen <strong>ikonikus r\u00f3mai t\u00e9r<\/strong> tele utcai m\u0171v\u00e9szekkel, sz\u00f6k\u0151kutakkal \u00e9s t\u00f6rt\u00e9nelmi palot\u00e1kkal, amelyeket egy lass\u00fa s\u00e9ta k\u00f6zben \u00e9rt\u00e9kelhetsz a legjobban.<\/li>\n\n\n\n<li>  <strong><a href=\"https:\/\/loudavymkrokem.cz\/hu\/trastevere-roma-latnivalok\/\">Trastevere negyed<\/a>:<\/strong> A legvar\u00e1zslatosabb <strong>romantikus, borosty\u00e1nnal befuttatott sik\u00e1torok<\/strong> a legjobb esti hangulattal, ahol Luk\u00e1\u0161sal \u00f3r\u00e1kon \u00e1t elb\u00f3kl\u00e1szunk.<\/li>\n\n\n\n<li>  <strong>Gianicolo-domb:<\/strong> Ha a legszebb <strong>panor\u00e1makil\u00e1t\u00e1st<\/strong> keresed az eg\u00e9sz v\u00e1rosra, pontosan ide kell felkapaszkodnod.<\/li>\n\n\n\n<li>  <strong>Narancsliget \u00e9s a kulcslyuk:<\/strong> A Giardino degli Aranci parkb\u00f3l t\u00f6k\u00e9letes kil\u00e1t\u00e1s ny\u00edlik a Vatik\u00e1nra, r\u00f6gt\u00f6n mellette pedig megtal\u00e1lod a M\u00e1ltai Lovagok kapuj\u00e1ban l\u00e9v\u0151 h\u00edres lyukat, amely var\u00e1zslatosan keretezi a Szent P\u00e9ter kupol\u00e1j\u00e1t.<\/li>\n\n\n\n<li>  <strong>Forum Romanum a Via dei Fori Imperiali utc\u00e1r\u00f3l \u00e9s a Kapit\u00f3liumr\u00f3l:<\/strong> B\u00e1r az \u00e1sat\u00e1sok k\u00f6z\u00f6tti s\u00e9t\u00e1\u00e9rt fizetned kell, ezekr\u0151l a magaslati helyekr\u0151l az <strong>eg\u00e9sz antik k\u00f6zpontot<\/strong> a tenyereden l\u00e1thatod teljesen ingyen.<\/li>\n\n\n\n<li>  <strong><a href=\"https:\/\/loudavymkrokem.cz\/hu\/galleria-borghese-roma-latnivalok\/\">Villa Borghese<\/a> park \u00e9s a Pincio kil\u00e1t\u00f3:<\/strong> Ez a r\u00f3mai z\u00f6ld t\u00fcd\u0151 ide\u00e1lis mened\u00e9k a ny\u00e1ri h\u0151s\u00e9g el\u0151l, a Pincio kil\u00e1t\u00f3 pedig tal\u00e1n a legjobb hely a lemen\u0151 nap megfigyel\u00e9s\u00e9hez.<\/li>\n\n\n\n<li>  <strong><a href=\"https:\/\/loudavymkrokem.cz\/hu\/angyalvar-roma-olaszorszag\/\">Angyalh\u00edd<\/a> (Ponte Sant&#8217;Angelo):<\/strong> S\u00e9ta Bernini angyalszobrai k\u00f6z\u00f6tt, ami\u00e9rt m\u00e1s v\u00e1rosokban sim\u00e1n tekint\u00e9lyes bel\u00e9p\u0151t k\u00e9rn\u00e9nek.<\/li>\n\n\n\n<li>  <strong>Caravaggio-k\u00e9peket rejt\u0151 templomok:<\/strong> A San Luigi dei Francesiben \u00e9s a Santa Maria del Popol\u00f3ban <strong>eredeti alkot\u00e1sok l\u00f3gnak a h\u00edres mesterekt\u0151l<\/strong>, amelyek\u00e9rt a h\u00e9tk\u00f6znapi gal\u00e9ri\u00e1kban rengeteg p\u00e9nzt fizetn\u00e9l.<\/li>\n\n\n\n<li>  <strong>Az Igazs\u00e1g Sz\u00e1ja (Bocca della Verit\u00e0):<\/strong> A k\u00e9z bedug\u00e1sa a legend\u00e1s m\u00e1rv\u00e1nyarcba \u00e9s a vicces eml\u00e9kfot\u00f3 egy\u00e1ltal\u00e1n semmibe sem ker\u00fcl.<\/li>\n\n\n\n<li>  <strong>Nasoni iv\u00f3kutak:<\/strong> Meg kell eml\u00edtenem ezeket a minden\u00fctt jelenl\u00e9v\u0151 \u00f6nt\u00f6ttvas csod\u00e1kat is iv\u00f3v\u00edzzel, amelyek Luk\u00e1\u0161 sz\u00fclet\u00e9snapj\u00e1nak \u00fcnnepl\u00e9se sor\u00e1n a harminc\u00f6t fokos h\u0151s\u00e9gben sz\u00f3 szerint megmentettek minket a megf\u0151v\u00e9st\u0151l.<\/li>\n\n\n<\/ul>\n\n\n\n<p class=\"wp-block-paragraph\">Ha m\u00e9g t\u00f6bbet akarsz sp\u00f3rolni, tervezd a kir\u00e1ndul\u00e1sodat a <strong>h\u00f3nap els\u0151 vas\u00e1rnapj\u00e1ra<\/strong>, amikor az \u00f6sszes olasz \u00e1llami m\u00fazeumba \u00e9s l\u00e1tnival\u00f3ba, k\u00f6zt\u00fck a <a href=\"https:\/\/loudavymkrokem.cz\/hu\/colosseum-roma-belepo-tippek\/\">Colosseumba<\/a> is teljesen ingyenes a bel\u00e9p\u00e9s. \u0150szint\u00e9n figyelmeztetnem kell azonban, mert ezen a napon teljesen <strong>\u0151r\u00fclt \u00e9s v\u00e9gtelen sorok<\/strong> alakulnak ki, \u00fagyhogy meg\u00e9ri t\u00e9nyleg nagyon kor\u00e1n kelni, vagy egyszer\u0171en belenyugodni, hogy rengeteg id\u0151t t\u00f6ltesz a t\u00f6megben v\u00e1rakozva. A tapasztalatom szerint n\u00e9ha egyszer\u0171en jobb fel\u00e1ldozni p\u00e1r eur\u00f3t, mint elvesz\u00edteni a v\u00e1gyott nyaral\u00e1sod f\u00e9l napj\u00e1t.<\/p>\n\n\n\n\n\n<h2 class=\"wp-block-heading\"><span class=\"ez-toc-section\" id=\"Roma_1_2_vagy_3_nap_alatt_gyors_terv\"><\/span>R\u00f3ma 1, 2 vagy 3 nap alatt: gyors terv<span class=\"ez-toc-section-end\"><\/span><\/h2>\n\n\n\n<p class=\"wp-block-paragraph\">Gyakran k\u00e9rdezitek, <strong>h\u00e1ny napot \u00e9rdemes re\u00e1lisan az olasz metropoliszra sz\u00e1nni<\/strong>. A tapasztalatunk szerint ide\u00e1lisan legal\u00e1bb n\u00e9gy nap, hogy legyen id\u0151d t\u00e9nyleg nyugodtan \u00e9lvezni a v\u00e1rost, besz\u00edvni az igazi d\u00e9li hangulatot, \u00e9s ne csak a l\u00e1tnival\u00f3k k\u00f6z\u00f6tti rohang\u00e1l\u00e1ssal t\u00f6ltsd az eg\u00e9szet. Az abszol\u00fat minimum a l\u00e1togat\u00e1sra szerintem k\u00e9t nap. Egyetlen nap alatt ugyan el\u00e9rhet\u0151 a legfontosabb mag, de k\u00e9sz\u00fclj fel egy rendes maratonra. Amikor R\u00f3m\u00e1ban j\u00faniusban Luk\u00e1\u0161 sz\u00fclet\u00e9snapj\u00e1t \u00fcnnepelt\u00fck, kint k\u00f6ny\u00f6rtelen 35 \u00b0C volt, mi pedig sim\u00e1n ledar\u00e1ltunk napi t\u00f6bb mint h\u00faszezer l\u00e9p\u00e9st. Ilyen id\u0151ben csak a minden\u00fctt jelenl\u00e9v\u0151 \u00f6nt\u00f6ttvas iv\u00f3kutak, a nasoni \u00e9s az igazi olasz gelato ment meg, \u00fagyhogy t\u00e9nyleg azt aj\u00e1nlom, hogy ink\u00e1bb oszd el a programot t\u00f6bb napra.<\/p>\n\n\n\n<p class=\"wp-block-paragraph\">Ha t\u00e9nyleg csak <strong>egy napod van R\u00f3m\u00e1ban<\/strong>, strat\u00e9giailag kell elj\u00e1rnod, \u00e9s logikus gyalogos \u00fatvonalat kell v\u00e1lasztanod, hogy ne rohang\u00e1lj feleslegesen kereszt\u00fcl-kasul. Reggel kezdj egyenesen a <strong>Colosseumn\u00e1l<\/strong>, ahol a legnagyobb sorok alakulnak ki, \u00fagyhogy j\u00f3 el\u0151re online megvett jegyek n\u00e9lk\u00fcl ne is indulj oda. Onnan indulj a <strong>R\u00f3mai F\u00f3rum<\/strong> romjai \u00e9s a <strong>Palatinus-domb<\/strong> ment\u00e9n eg\u00e9szen a fens\u00e9ges eml\u00e9km\u0171ig a <strong>Piazza Venezi\u00e1n<\/strong>. Ezut\u00e1n mer\u00fclj el a t\u00f6rt\u00e9nelmi belv\u00e1ros sz\u0171k sik\u00e1torainak sz\u00f6vev\u00e9ny\u00e9ben, amelyek elvezetnek a l\u00e9legzetel\u00e1ll\u00edt\u00f3 <strong>Pantheonhoz<\/strong> \u00e9s az ov\u00e1lis <strong>Piazza Navona<\/strong> t\u00e9rhez. \u00datk\u00f6zben mindenk\u00e9pp vegy\u00e9l a kezedbe egy szelet hagyom\u00e1nyos veget\u00e1ri\u00e1nus margherita pizz\u00e1t \u00e9s egy gomb\u00f3c fagylaltot, mert a hossz\u00fa \u00e9ttermi \u00fcld\u00f6g\u00e9l\u00e9sre nem lesz id\u0151. Gyors barangol\u00e1sodat azt\u00e1n estefel\u00e9 z\u00e1rd a h\u00edres <strong>Trevi-k\u00fatn\u00e1l<\/strong> \u00e9s a ny\u00fczsg\u0151 <strong>Spanyol l\u00e9pcs\u0151n<\/strong>.<\/p>\n\n\n\n<p class=\"wp-block-paragraph\">Ha <strong>k\u00e9t napod van R\u00f3m\u00e1ban<\/strong>, sz\u00e9pen feloszthatod a programot antik \u00e9s barokk r\u00e9szre. Az els\u0151 napot szenteld az \u00f3kornak, \u00e9s a <strong>Colosseum<\/strong>, a <strong>R\u00f3mai F\u00f3rum<\/strong> \u00e9s a <strong>Palatinus<\/strong> megtekint\u00e9se ut\u00e1n folytasd z\u00f6kken\u0151mentesen egy s\u00e9t\u00e1val az <strong>Igazs\u00e1g Sz\u00e1ja<\/strong> domborm\u0171h\u00f6z. Onnan m\u00e1r csak egy ugr\u00e1s a fest\u0151i zsid\u00f3 gett\u00f3ba, ahol \u00e9rdemes meg\u00e1llni eb\u00e9delni, \u00e9s megk\u00f3stolni a kiv\u00e1l\u00f3 r\u00e1ntott artics\u00f3k\u00e1t. Ez egy teljesen zseni\u00e1lis <strong>helyi h\u00fas n\u00e9lk\u00fcli \u00ednyencs\u00e9g<\/strong>, amelybe garant\u00e1ltan beleszeretsz. A m\u00e1sodik napon kelj kor\u00e1n, \u00e9s indulj egyenesen a nyit\u00e1sra a <strong>Vatik\u00e1ni M\u00fazeumokba<\/strong> \u00e9s a <strong>Sixtus-k\u00e1poln\u00e1ba<\/strong>. Itt teljesen brut\u00e1lis szokott lenni a t\u00f6meg, ez\u00e9rt a korai reggeli \u00e9rkez\u00e9s kulcsfontoss\u00e1g\u00fa. Ezut\u00e1n n\u00e9zd meg a leny\u0171g\u00f6z\u0151 <strong>Szent P\u00e9ter-bazilik\u00e1t<\/strong>, \u00e9s menj \u00e1t a h\u00eddon az <strong>Angyalv\u00e1r<\/strong> mellett vissza a belv\u00e1rosba, ahol barokk pompa v\u00e1r r\u00e1d a <strong>Piazza Navona<\/strong>, a <strong>Pantheon<\/strong> \u00e9s a <strong>Trevi-k\u00fat<\/strong> form\u00e1j\u00e1ban.<\/p>\n\n\n\n<p class=\"wp-block-paragraph\">A <strong>h\u00e1rom napra R\u00f3m\u00e1ban<\/strong> ugyanaz az alap \u00e9rv\u00e9nyes, mint az el\u0151z\u0151 v\u00e1ltozatn\u00e1l, de kapsz egy \u00e9rt\u00e9kes id\u0151t arra, hogy felfedezz a f\u0151 turista\u00e1ramlaton egy kicsit k\u00edv\u00fcl es\u0151 helyeket is. A harmadik reggelt a gy\u00f6ny\u00f6r\u0171 <strong>Galleria Borghes\u00e9ben<\/strong> aj\u00e1nlom kezdeni, amelyet z\u00f6kken\u0151mentesen k\u00f6thetsz \u00f6ssze egy nyugodt s\u00e9t\u00e1val a terjedelmes <strong>Villa Borghese parkban<\/strong>. D\u00e9lut\u00e1n pedig indulj a <strong>Testaccio<\/strong> negyedbe, ahol \u00e1t\u00e9led az igazi, hamis\u00edtatlan r\u00f3mai hangulatot turistaseregek n\u00e9lk\u00fcl. \u00c9ppen itt \u00fclhetsz le nyugodtan egy becs\u00fcletes adag cacio e pepe t\u00e9szt\u00e1ra a kiv\u00e1l\u00f3 pecorino sajttal. Naplementekor pedig menj \u00e1t a <strong>Trastevere<\/strong> negyed sik\u00e1toraiba, amely <strong>s\u00f6t\u00e9ted\u00e9s ut\u00e1n hihetetlen\u00fcl fel\u00e9led<\/strong>, \u00e9s a legjobb b\u00e1rokat k\u00edn\u00e1lja egy esti Aperol melletti \u00fcld\u00f6g\u00e9l\u00e9shez.<\/p>\n\n\n\n<p class=\"wp-block-paragraph\">Ha a v\u00e1rosban <strong>a negyedik napon \u00e9s tov\u00e1bb<\/strong> maradsz, mindenk\u00e9pp azt aj\u00e1nlom, hogy fontolj meg valamilyen \u00e9rdekes kir\u00e1ndul\u00e1st a metropolisz hat\u00e1rain t\u00falra. Minket mindig izgat kimenek\u00fclni a felforr\u00f3sodott utc\u00e1kb\u00f3l valahov\u00e1 a term\u00e9szetbe vagy a t\u00f6rt\u00e9nelemhez. Remek v\u00e1laszt\u00e1s egy r\u00f6videbb vonat\u00fat a fest\u0151i kisv\u00e1rosba, <a href=\"https:\/\/loudavymkrokem.cz\/hu\/tivoli-olaszorszag-kirandulas\/\">Tivoliba<\/a>, ahol gy\u00f6ny\u00f6r\u0171 renesz\u00e1nsz kerteket tal\u00e1lsz tele sz\u00f6k\u0151k\u00fattal. Egy m\u00e1sik kedvelt lehet\u0151s\u00e9g felfedezni a hihetetlen\u00fcl j\u00f3 \u00e1llapotban meg\u0151rz\u00f6tt antik romokat a hajdani kik\u00f6t\u0151ben, <a href=\"https:\/\/loudavymkrokem.cz\/hu\/ostia-antica-olaszorszag\/\">Ostia Antic\u00e1ban<\/a>. Azoknak, akiket nem zavar egy kicsit t\u00f6bb id\u0151 a vonaton, egy csod\u00e1latos eg\u00e9sz napos kir\u00e1ndul\u00e1s lehet\u0151s\u00e9ge is k\u00edn\u00e1lkozik d\u00e9lre, a h\u00edres <a href=\"https:\/\/loudavymkrokem.cz\/hu\/pompeji-belepo-jegyek\/\">Pompejibe<\/a>.<\/p>\n\n\n\n<p class=\"wp-block-paragraph\">Ha m\u00e1r megvan a <a class=\"thirstylink\" rel=\"nofollow\" target=\"_blank\" title=\"Yesim eSIM\" href=\"https:\/\/loudavymkrokem.cz\/doporucujeme\/yesim\/\" data-shortcode=\"true\">rep\u00fcl\u0151jegyed<\/a>, \u00e9s mindent az utols\u00f3 r\u00e9szletig meg akarsz tervezni, \u00f6ssze\u00e1ll\u00edtottunk neked egy r\u00e9szletes <a href=\"https:\/\/loudavymkrokem.cz\/hu\/roma-latnivalok-3-nap\/\">\u00fatitervet R\u00f3m\u00e1ra 3 nap alatt<\/a> egy <a href=\"https:\/\/loudavymkrokem.cz\/hu\/roma-latnivalok-3-nap\/\">k\u00fcl\u00f6n cikkben<\/a>. Rengeteg tov\u00e1bbi gyakorlati tan\u00e1csot, \u00e9s f\u0151leg <strong>az aj\u00e1nlott \u00e1tutaz\u00e1sok pontos idej\u00e9t<\/strong> tal\u00e1lod benne.<\/p>\n\n\n\n\n<p class=\"wp-block-paragraph\"><strong>Ezeknek a terveknek mindegyik\u00e9hez k\u00fcl\u00f6n \u00fatmutat\u00f3nk van a blogon.<\/strong> A r\u00e9szletes \u00f3rabeoszt\u00e1st a <a href=\"https:\/\/loudavymkrokem.cz\/hu\/roma-latnivalok-3-nap\/\">R\u00f3ma 3 nap alatt<\/a> cikkben tal\u00e1lod, a sz\u00e1ll\u00e1sv\u00e1laszt\u00e1st negyedek szerint a <a href=\"https:\/\/loudavymkrokem.cz\/hu\/roma-szallas-legjobb-keruletek\/\">hol sz\u00e1llj meg R\u00f3m\u00e1ban<\/a> sz\u00f6vegben boncolgatjuk, a kis utaz\u00f3kkal \u00e9rkez\u0151 csal\u00e1dok pedig a <a href=\"https:\/\/loudavymkrokem.cz\/hu\/roma-olaszorszag-gyerekekkel\/\">R\u00f3ma gyerekekkel<\/a> cikk tippjeit \u00e9rt\u00e9kelik majd.<\/p>\n\n\n\n<h2 class=\"wp-block-heading\"><span class=\"ez-toc-section\" id=\"Kozlekedes_Romaban_a_repterrol_metroval_es_gyalog_is\"><\/span>K\u00f6zleked\u00e9s R\u00f3m\u00e1ban: a rept\u00e9rr\u0151l, metr\u00f3val \u00e9s gyalog is<span class=\"ez-toc-section-end\"><\/span><\/h2>\n\n\n\n<p class=\"wp-block-paragraph\">A <strong>r\u00f3mai k\u00f6zleked\u00e9s<\/strong> els\u0151 pillant\u00e1sra teljes k\u00e1osznak t\u0171nhet, ahol az er\u0151sebb \u00e9s f\u00fcrg\u00e9bb joga \u00e9rv\u00e9nyes\u00fcl. Ennek ellen\u00e9re az \u00d6r\u00f6k V\u00e1rosban eg\u00e9szen k\u00f6nnyen kiigazodsz, ha tudod, <strong>milyen jegyet vegy\u00e9l<\/strong>, \u00e9s mire figyelj k\u00fcl\u00f6n\u00f6sen. N\u00e9zz\u00fck meg, hogyan juss z\u00f6kken\u0151mentesen a rept\u00e9rr\u0151l, hogyan m\u0171k\u00f6dik a helyi metr\u00f3, \u00e9s mi\u00e9rt t\u00f6lt\u00f6d az id\u0151d nagy r\u00e9sz\u00e9t \u00fagyis a l\u00e1badon.<\/p>\n\n\n\n<p class=\"wp-block-paragraph\"><strong>A Fiumicino (FCO) rept\u00e9rr\u0151l a belv\u00e1rosba:<\/strong> A leggyorsabb v\u00e1ltozat biztosan a Leonardo Express vonat, amely 32 perc alatt \u00e9s 14 eur\u00f3\u00e9rt egyenesen a Termini f\u0151p\u00e1lyaudvarra visz. Ha sp\u00f3rolni akarsz, innen olcs\u00f3bb region\u00e1lis vonatok vagy buszok is j\u00e1rnak, amelyekn\u00e9l viszont hosszabb menetid\u0151vel sz\u00e1molj. K\u00e9nyelmes lehet\u0151s\u00e9g a hivatalos taxi, amelynek a belv\u00e1rosba fixen 48\u201350 eur\u00f3 a tarif\u00e1ja. Nagyon vigy\u00e1zz viszont a <strong>csal\u00f3 fekete taxikra<\/strong>, amelyek az \u00fat v\u00e9g\u00e9n ak\u00e1r 75\u2013140 eur\u00f3t is k\u00e9rhetnek t\u0151led, \u00fagyhogy mindig csak feh\u00e9r, taxam\u00e9terrel \u00e9s \u201eComune di Roma\u201d felirattal ell\u00e1tott aut\u00f3t keress.<\/p>\n\n\n\n<p class=\"wp-block-paragraph\"><strong>\u00dat a Ciampino (CIA) rept\u00e9rr\u0151l:<\/strong> Ezt a kisebb repteret f\u0151leg a fapados l\u00e9git\u00e1rsas\u00e1gok haszn\u00e1lj\u00e1k, \u00e9s az idejut\u00e1s a belv\u00e1rosba viszonylag egyszer\u0171. Mi \u00e1ltal\u00e1ban a Terravision c\u00e9g buszait aj\u00e1nljuk, ahol az egyir\u00e1ny\u00fa jegy nagyj\u00e1b\u00f3l 6 eur\u00f3ba ker\u00fcl, \u00e9s megb\u00edzhat\u00f3an elvisznek eg\u00e9szen a Termini p\u00e1lyaudvarra. Ha csoportban utazol, vagy neh\u00e9z b\u0151r\u00f6ndjeid vannak, meg\u00e9ri hivatalos taxit venned. Itt is <strong>fix tarifa<\/strong> \u00e9rv\u00e9nyes a belv\u00e1rosba, ami sima 40 eur\u00f3, \u00fagyhogy nem kell agg\u00f3dnod semmif\u00e9le kellemetlen meglepet\u00e9s miatt a t\u00fal\u00e1razott \u00e1rral kapcsolatban.<\/p>\n\n\n\n<p class=\"wp-block-paragraph\"><strong>V\u00e1rosi t\u00f6megk\u00f6zleked\u00e9s (ATAC):<\/strong> A r\u00f3mai t\u00f6megk\u00f6zleked\u00e9s buszokat, villamosokat \u00e9s metr\u00f3t is mag\u00e1ba foglal, mindenre pedig szerencs\u00e9re ugyanaz a jegy \u00e9rv\u00e9nyes. Az alap BIT jegy <strong>1,50 eur\u00f3ba ker\u00fcl<\/strong>, \u00e9s eg\u00e9sz 100 percig \u00e9rv\u00e9nyes, amely alatt korl\u00e1tlanul \u00e1tsz\u00e1llhatsz, de a metr\u00f3ba csak egyszer l\u00e9phetsz be vele. Ha t\u00f6bbet tervezel utazni, kaphat\u00f3k t\u00f6bbnapos jegyek, 24 \u00f3r\u00e1ra 8,50 eur\u00f3\u00e9rt, 48 \u00f3r\u00e1ra 15 eur\u00f3\u00e9rt vagy 72 \u00f3r\u00e1ra 22 eur\u00f3\u00e9rt, illetve egy heti CIS 29 eur\u00f3\u00e9rt. Nagyon vigy\u00e1zz a <strong>jegy k\u00f6telez\u0151 \u00e9rv\u00e9nyes\u00edt\u00e9s\u00e9re<\/strong> r\u00f6gt\u00f6n felsz\u00e1ll\u00e1s ut\u00e1n, k\u00fcl\u00f6nben megalkuv\u00e1st nem ismer\u0151, tekint\u00e9lyes b\u00edrs\u00e1got kock\u00e1ztatsz helyben.<\/p>\n\n\n\n<p class=\"wp-block-paragraph\"><strong>A r\u00f3mai metr\u00f3 \u00e9s az \u00e1rul\u00f3 64-es busz:<\/strong> A v\u00e1rosnak jelenleg h\u00e1rom metr\u00f3vonala van, A, B \u00e9s C. Tal\u00e1n meglep, hogy az \u00e1llom\u00e1sh\u00e1l\u00f3zat el\u00e9g ritka, de ez egyszer\u0171en abb\u00f3l ad\u00f3dik, hogy minden f\u00f6ldbe kap\u00e1sn\u00e1l a munk\u00e1sok valamilyen \u00e9rt\u00e9kes antik leletbe \u00fctk\u00f6znek. Remek h\u00edr viszont, hogy 2025 decembere \u00f3ta <strong>meghosszabb\u00edtott\u00e1k a C vonalat<\/strong>, amely most a k\u00fclv\u00e1rosb\u00f3l egyenesen a Colosseumig visz. A metr\u00f3ban \u00e9s a zs\u00fafolt buszokban, k\u00fcl\u00f6n\u00f6sen a n\u00e9pszer\u0171 64-es vonalon a Vatik\u00e1n fel\u00e9, gondosan \u00f3vd a holmidat, mert a helyi zsebtolvajok hihetetlen\u00fcl gyorsak, a vonalat pedig nem v\u00e9letlen\u00fcl bec\u00e9zik \u201ePickpocket Expressnek\u201d.<\/p>\n\n\n\n<p class=\"wp-block-paragraph\"><strong>Meg\u00e9ri a Roma Pass turistak\u00e1rtya?<\/strong> Att\u00f3l f\u00fcgg, mennyire k\u00e9sz\u00fclsz sok fizet\u0151s l\u00e1tnival\u00f3t k\u00f6rbej\u00e1rni \u00e9s t\u00f6megk\u00f6zleked\u00e9st haszn\u00e1lni. A k\u00e1rtya 48 \u00f3r\u00e1ra 38 eur\u00f3ba ker\u00fcl, \u00e9s egy ingyenes m\u00fazeumbel\u00e9p\u0151 van benne, m\u00edg a 72 \u00f3r\u00e1s v\u00e1ltozat 62,90 eur\u00f3, \u00e9s k\u00e9t ingyenes bel\u00e9p\u0151t tartalmaz. R\u00e1ad\u00e1sul korl\u00e1tlan v\u00e1rosi k\u00f6zleked\u00e9st \u00e9s apr\u00f3 kedvezm\u00e9nyeket kapsz tov\u00e1bbi l\u00e1tnival\u00f3kra. Van azonban egy b\u00f6kken\u0151, amir\u0151l sokan megfeledkeznek, mert a k\u00e1rtya <strong>nem tartalmazza a Vatik\u00e1ni M\u00fazeumokat<\/strong>, a Sixtus-k\u00e1poln\u00e1t \u00e9s a Szent P\u00e9ter-bazilik\u00e1t.<\/p>\n\n\n\n<p class=\"wp-block-paragraph\"><strong>A t\u00f6rt\u00e9nelmi belv\u00e1rost a legjobb gyalog bej\u00e1rni:<\/strong> R\u00f3ma szerintem az egyik legjobb v\u00e1ros a vil\u00e1gon a gyalogos felfedez\u00e9shez, mert a legfontosabb t\u00f6rt\u00e9nelmi magot teljesen nyugodtan bej\u00e1rhatod egyetlen nap alatt. El\u00e9g a Spanyol l\u00e9pcs\u0151n\u00e9l kezdened, egy \u00e9rm\u00e9t dobnod a Trevi-k\u00fatba, elmenned a Pantheonhoz, \u00e9s d\u00e9lut\u00e1n a gy\u00f6ny\u00f6r\u0171 Piazza Navona t\u00e9ren z\u00e1rnod. Alapvet\u0151 viszont, hogy t\u00e9nyleg <strong>k\u00e9nyelmes cip\u0151d<\/strong> legyen, mert a belv\u00e1ros nagy r\u00e9sze a jellegzetes r\u00f3mai, sanpietrininek nevezett kockak\u0151vel van kik\u00f6vezve. Hidd el, hogy egy eg\u00e9sz napos, kem\u00e9ny f\u00e9lcip\u0151ben vagy ne adj isten magas sark\u00faban val\u00f3 s\u00e9ta ut\u00e1n hamar \u00e1tkozn\u00e1d a v\u00e1ros fest\u0151i utc\u00e1it.<\/p>\n\n\n\n<p class=\"wp-block-paragraph\"><strong>Elektromos rolleren a foly\u00f3 ment\u00e9n:<\/strong> Amikor Luk\u00e1\u0161sal m\u00e1r f\u00e1jt a l\u00e1bunk az eg\u00e9sz napos j\u00e1rk\u00e1l\u00e1st\u00f3l, tal\u00e1ltunk egy teljesen zseni\u00e1lis m\u00f3dot, hogyan mozogjunk a v\u00e1rosban. Este k\u00f6z\u00f6ss\u00e9gi elektromos rollereket k\u00f6lcs\u00f6n\u00f6zt\u00fcnk, \u00e9s csak \u00fagy <strong>gurultunk a Tevere foly\u00f3 ment\u00e9n<\/strong>. Csod\u00e1latosan romantikus \u00e9lm\u00e9ny, \u00edgy elker\u00fcl\u00f6d a turistat\u00f6meget, id\u0151t sp\u00f3rolsz, r\u00e1ad\u00e1sul gy\u00f6ny\u00f6r\u0171en megvil\u00e1g\u00edtott hidakat is l\u00e1tsz. Napk\u00f6zben a belv\u00e1rosban a rollerekn\u00e9l gyakran t\u00fal nagy a z\u0171rzavar, de az esti gurul\u00e1sokra ez egy abszol\u00fat telital\u00e1lat.<\/p>\n\n\n\n<p class=\"wp-block-paragraph\"><strong>A belv\u00e1rosba ink\u00e1bb ne aut\u00f3val menj:<\/strong> Aut\u00f3t b\u00e9relni R\u00f3m\u00e1ban szerintem teljesen \u00e9rtelmetlen, hacsak nem folytatod egy hosszabb olaszorsz\u00e1gi roadtrippel. A k\u00f6zleked\u00e9s itt hihetetlen\u00fcl kaotikus, a robog\u00f3k minden ir\u00e1nyb\u00f3l befurakszanak, parkolni pedig kis csoda. A t\u00f6rt\u00e9nelmi belv\u00e1ros nagy r\u00e9sze r\u00e1ad\u00e1sul <strong>ZTL-k\u00e9nt, azaz korl\u00e1tozott forgalm\u00fa \u00f6vezetk\u00e9nt<\/strong> van megjel\u00f6lve, ahova csak az enged\u00e9llyel rendelkez\u0151 helyi lakosok hajthatnak be. Minden\u00fctt kamer\u00e1k vannak, \u00e9s minden jogosulatlan \u00e1thajt\u00e1s\u00e9rt 84\u2013335 eur\u00f3 b\u00edrs\u00e1g fenyeget, amely megb\u00edzhat\u00f3an megtal\u00e1l otthon, Magyarorsz\u00e1gon is.<\/p>\n\n\n\n\n\n<h2 class=\"wp-block-heading\"><span class=\"ez-toc-section\" id=\"Hova_ne_menj_inkabb_Romaban_es_mire_figyelj\"><\/span>Hov\u00e1 ne menj ink\u00e1bb R\u00f3m\u00e1ban, \u00e9s mire figyelj<span class=\"ez-toc-section-end\"><\/span><\/h2>\n\n\n\n<p class=\"wp-block-paragraph\">Gyakran k\u00e9rdezitek, vannak-e R\u00f3m\u00e1ban olyan helyek, amelyeket nagy \u00edvben el kellene ker\u00fcln\u00f6t\u00f6k. R\u00f3ma val\u00f3j\u00e1ban <strong>nagyon biztons\u00e1gos eur\u00f3pai v\u00e1ros<\/strong>, ahol egy\u00e1ltal\u00e1n nem kell f\u00e9ltened a puszta \u00e9letedet. \u00c1m mint minden m\u00e1s vil\u00e1gv\u00e1ros, az olasz f\u0151v\u00e1ros is rendelkezik a maga tipikus turistacsapd\u00e1ival. Ezek t\u00f6bbnyire csak elrontott hangulatot \u00e9s n\u00e9h\u00e1ny extra eur\u00f3t jelentenek.<\/p>\n\n\n\n<p class=\"wp-block-paragraph\">N\u00e9zz\u00fck meg egy\u00fctt a leggyakoribb tr\u00fckk\u00f6ket, amelyekbe az utc\u00e1kon belefuthatsz. Ha el\u0151re tudsz r\u00f3luk, biztons\u00e1gosan \u00e1tvitorl\u00e1zol rajtuk, \u00e9s a <strong>nyaral\u00e1st felesleges stressz n\u00e9lk\u00fcl \u00e9lvezed<\/strong>.<\/p>\n\n\n\n<p class=\"wp-block-paragraph\"><strong>Vigy\u00e1zz a csal\u00f3 \u00e9ttermekre \u00e9s a rejtett d\u00edjakra.<\/strong> A legt\u00f6bb p\u00e9nzt a f\u0151 l\u00e1tnival\u00f3k k\u00f6zvetlen k\u00f6zel\u00e9ben l\u00e9v\u0151 \u00e9ttermekben vesz\u00edthetsz el, mint amilyen p\u00e9ld\u00e1ul az elb\u0171v\u00f6l\u0151 Piazza Navona. A turistacsapd\u00e1t nagyon k\u00f6nnyen felismered a <strong>n\u00e9gynyelv\u0171 \u00e9tlapr\u00f3l a fak\u00f3 \u00e9telfot\u00f3kkal<\/strong>. Egy m\u00e1sik egy\u00e9rtelm\u0171 v\u00e9szjelz\u00e9s a bej\u00e1rat el\u0151tt leselked\u0151 beh\u00faz\u00f3, aki minden \u00e1ron be akar t\u00e9ged cs\u00e1b\u00edtani. Egy j\u00f3 olasz \u00e9tteremnek ugyanis nincs sz\u00fcks\u00e9ge ilyesmire, \u00e9s tele van a helyi lakosokkal.<\/p>\n\n\n\n<p class=\"wp-block-paragraph\">Fizet\u00e9skor azt\u00e1n kellemetlen\u00fcl meglephet a <strong>k\u00e9ptelen\u00fcl felf\u00fajt coperto<\/strong>, ami a ter\u00edt\u00e9s \u00e9s a p\u00e9k\u00e1ru k\u00f6telez\u0151 d\u00edja. A norm\u00e1lis helyeken szem\u00e9lyenk\u00e9nt k\u00e9t-h\u00e1rom eur\u00f3 k\u00f6r\u00fcl van, de a csapd\u00e1kban ak\u00e1r t\u00f6bbsz\u00f6r\u00f6se is lehet. Teljes katasztr\u00f3fa pedig azok az \u00e9ttermek, amelyek egyes \u00e9telekn\u00e9l <strong>per etto<\/strong> \u00e1rat adnak meg, azaz sz\u00e1z gramm s\u00falyonk\u00e9nt. Miel\u0151tt \u00e9szbe kapn\u00e1l, hoznak egy hatalmas adagot, a v\u00e9g\u00e9n pedig a sz\u00e1mla ak\u00e1r 430 vagy egyenesen 600 eur\u00f3.<\/p>\n\n\n\n<p class=\"wp-block-paragraph\">Hogyan tov\u00e1bb? El\u00e9g k\u00e9t sik\u00e1torral od\u00e9bb menned a f\u0151 ny\u00fczsg\u00e9st\u0151l, \u00e9s olyan jelent\u00e9ktelen helyeket keresned, ahol olaszok vannak. Ha <strong>veget\u00e1ri\u00e1nusan biztos fog\u00e1sokat<\/strong> keresel, R\u00f3ma igazi paradicsom sz\u00e1modra. Luk\u00e1\u0161sal esk\u00fcsz\u00fcnk a hagyom\u00e1nyos cacio e pepe t\u00e9szt\u00e1ra, amely csak pecorino sajtb\u00f3l \u00e9s fekete borsb\u00f3l \u00e1ll. Remek gyors uzsonna a k\u00e9zbe val\u00f3 r\u00f3mai pizza al taglio, a r\u00e1ntott rizsdarab suppl\u00ec vagy a h\u00edres r\u00e1ntott artics\u00f3ka alla giudia. A v\u00e9g\u00e9re pedig term\u00e9szetesen nem hi\u00e1nyozhat az igazi olasz gelato egy becs\u00fcletes k\u00e9zm\u0171ves gelateri\u00e1b\u00f3l.<\/p>\n\n\n\n<p class=\"wp-block-paragraph\"><strong>Hamis gladi\u00e1torok \u00e9s k\u00e9retlen \u201eaj\u00e1nd\u00e9kok\u201d.<\/strong> K\u00f6zvetlen\u00fcl a Colosseumn\u00e1l val\u00f3sz\u00edn\u0171leg tal\u00e1lkozol majd r\u00f3mai centuri\u00f3knak \u00e9s gladi\u00e1toroknak \u00f6lt\u00f6z\u00f6tt f\u00e9rfiakkal. V\u00edgan integetnek majd fel\u00e9d, \u00e9s egy k\u00f6z\u00f6s eml\u00e9kfot\u00f3ra cs\u00e1b\u00edtanak. Ezt viszont biztosan nem j\u00f3 sz\u00edvb\u0151l teszik, \u00e9s <strong>egyetlen k\u00e9p\u00e9rt sim\u00e1n h\u00fasz eur\u00f3t sz\u00e1m\u00edtanak fel<\/strong>. L\u00e9teznek olyan dokument\u00e1lt esetek is, amikor megr\u00e9m\u00fclt turist\u00e1kt\u00f3l agressz\u00edven ak\u00e1r 500 eur\u00f3t is kicsikartak. A legjobb v\u00e9dekez\u00e9s a teljes figyelmen k\u00edv\u00fcl hagy\u00e1s \u00e9s a nulla szemkontaktus.<\/p>\n\n\n\n<p class=\"wp-block-paragraph\">Hasonl\u00f3 elven m\u0171k\u00f6dnek a t\u00f6rt\u00e9nelmi belv\u00e1rosban \u00e9s a Spanyol l\u00e9pcs\u0151 k\u00f6rny\u00e9k\u00e9n az \u00e1rusok. A semmib\u0151l odal\u00e9p hozz\u00e1d egy mosolyg\u00f3s ember, \u00e9s <strong>r\u00e1d akar s\u00f3zni egy r\u00f3zs\u00e1t, vagy kark\u00f6t\u0151t k\u00f6t a kezedre<\/strong> azzal, hogy ez ingyenes aj\u00e1nd\u00e9k. Amint azonban elfogadod a dolgot, azonnal meglehet\u0151sen faragatlanul p\u00e9nzt kezd k\u00f6vetelni. \ud83d\udca1 <strong>Tipp:<\/strong> Ha ez megt\u00f6rt\u00e9nik veled, ne engedd, hogy a kark\u00f6t\u0151t megk\u00f6sse, ne fogadj el semmit, \u00e9s egy hat\u00e1rozott nemmel egyszer\u0171en menj tov\u00e1bb.<\/p>\n\n\n\n<p class=\"wp-block-paragraph\"><strong>Zsebtolvajok \u00e9s az \u00e1rul\u00f3 k\u00f6zleked\u00e9s.<\/strong> A r\u00f3mai t\u00f6megk\u00f6zleked\u00e9s k\u00fcl\u00f6n fejezet. A h\u00edres <strong>64-es busz<\/strong>, amely a Termini p\u00e1lyaudvart\u00f3l a Vatik\u00e1nhoz j\u00e1r, a helyiek k\u00f6r\u00e9ben ki\u00e9rdemelte a tal\u00e1l\u00f3 Pickpocket Express becenevet. A zsebtolvajok teljes term\u00e9szetess\u00e9ggel m\u0171k\u00f6dnek benne, ahogy a zs\u00fafolt A metr\u00f3vonalon is. A p\u00e9nzt\u00e1rc\u00e1t \u00e9s a telefont ez\u00e9rt mindig bels\u0151 zsebbe vagy biztons\u00e1gosan bez\u00e1rt, a hasadon l\u00e9v\u0151 t\u00e1sk\u00e1ba tedd. A t\u00f6megk\u00f6zleked\u00e9sben r\u00e1ad\u00e1sul ne felejtsd el \u00e9rv\u00e9nyes\u00edteni a jegyet, mert az \u00e9rv\u00e9nyes\u00edtetlen jegy azonnali b\u00edrs\u00e1got jelent az ellen\u0151rt\u0151l.<\/p>\n\n\n\n<p class=\"wp-block-paragraph\">A rept\u00e9rr\u0151l val\u00f3 utaz\u00e1skor nagyon vigy\u00e1zz a <strong>csal\u00f3 fekete taxikra<\/strong>, amelyek m\u00e1r az \u00e9rkez\u00e9si csarnokban v\u00e1rnak r\u00e1d. A belv\u00e1rosba vezet\u0151 \u00fat\u00e9rt sim\u00e1n 75\u2013140 eur\u00f3t sz\u00e1m\u00edtanak fel, \u00fagyhogy ink\u00e1bb mindig a hivatalos feh\u00e9r, taxi felirat\u00fa aut\u00f3kat keresd, amelyekn\u00e9l a Fiumicino rept\u00e9rr\u0151l fix 48\u201350 eur\u00f3 a tarifa. Ha b\u00e9relt aut\u00f3t vezetsz, nagyon vigy\u00e1zz a <strong>ZTL-nek nevezett korl\u00e1tozott forgalm\u00fa \u00f6vezetekre<\/strong>. A belv\u00e1rosba enged\u00e9ly n\u00e9lk\u00fcli behajt\u00e1s tekint\u00e9lyes, 84\u2013335 eur\u00f3s b\u00edrs\u00e1gba ker\u00fcl minden egyes \u00e1thajt\u00e1s\u00e9rt a kamera alatt.<\/p>\n\n\n\n<p class=\"wp-block-paragraph\"><strong>Viselked\u00e9si szab\u00e1lyok, amelyek p\u00e9nzedbe ker\u00fclhetnek.<\/strong> R\u00f3ma nagyon komolyan veszi egyed\u00fcl\u00e1ll\u00f3 eml\u00e9keinek v\u00e9delm\u00e9t. Sz\u00e9p p\u00e9lda erre a h\u00edres Spanyol l\u00e9pcs\u0151, amelyen <strong>szigor\u00faan tilos \u00fclni<\/strong>. Ha ott egy t\u00f6lcs\u00e9r fagyival k\u00e9nyelembe helyezed magad, a helyi rend\u0151rs\u00e9g gyorsan elzavar, r\u00e1ad\u00e1sul kiszabhat r\u00e1d egy 250 eur\u00f3 k\u00f6r\u00fcli b\u00edrs\u00e1got.<\/p>\n\n\n\n<p class=\"wp-block-paragraph\">K\u00fcl\u00f6n\u00f6s figyelmet szentelj az \u00f6lt\u00f6z\u00e9kednek is, ha vall\u00e1si helyek l\u00e1togat\u00e1s\u00e1t tervezed. A Vatik\u00e1n, a Pantheon \u00e9s a kisebb templomok is <strong>szigor\u00fa dress code-ot k\u00f6vetelnek meg, amely takart v\u00e1llat \u00e9s t\u00e9rdet \u00edr el\u0151<\/strong>. A bej\u00e1ratn\u00e1l az \u0151r\u00f6k megalkuv\u00e1st nem ismernek, \u00e9s irgalom n\u00e9lk\u00fcl kizavarnak a sorb\u00f3l ak\u00e1r egy \u00f3ra v\u00e1rakoz\u00e1s ut\u00e1n is a t\u0171z\u0151 ny\u00e1ri napon. Ez\u00e9rt mindig legyen n\u00e1lad legal\u00e1bb egy k\u00f6nny\u0171 kend\u0151, amivel bel\u00e9p\u00e9s el\u0151tt gyorsan betakarhatod magad.<\/p>\n\n\n\n<p class=\"wp-block-paragraph\">Ezek a figyelmeztet\u00e9sek tal\u00e1n egy kicsit ijeszt\u0151en hangzanak, de hidd el, hogy csak <strong>teljesen szokv\u00e1nyos turistahigi\u00e9ni\u00e1r\u00f3l<\/strong> van sz\u00f3. Ugyanezek a biztons\u00e1gi szab\u00e1lyok \u00e9rv\u00e9nyesek P\u00e1rizsban, Barcelon\u00e1ban \u00e9s Budapesten is. Ha j\u00f3zan paraszti \u00e9szt haszn\u00e1lsz, \u00e9s nem hagyod, hogy gyan\u00fas helyzetekbe r\u00e1ngassanak, csak a legszebb eml\u00e9keket \u00e9s csod\u00e1latos kulin\u00e1ris \u00e9lm\u00e9nyeket viszed haza R\u00f3m\u00e1b\u00f3l.<\/p>\n\n\n\n\n\n<h2 class=\"wp-block-heading\" id=\"Kam_dal_z_Rima\"><span class=\"ez-toc-section\" id=\"Hova_tovabb_Romabol\"><\/span>Hov\u00e1 tov\u00e1bb R\u00f3m\u00e1b\u00f3l<span class=\"ez-toc-section-end\"><\/span><\/h2>\n\n\n\n<p class=\"wp-block-paragraph\">Ha az \u00d6r\u00f6k V\u00e1rosra egy hossz\u00fa h\u00e9tv\u00e9g\u00e9n\u00e9l t\u00f6bbed van, \u00e9s <strong>menek\u00fclni akarsz a felforr\u00f3sodott kockak\u00f6ves utc\u00e1kb\u00f3l<\/strong>, r\u00f6gt\u00f6n t\u00f6bb remek kir\u00e1ndul\u00e1s k\u00edn\u00e1lkozik a k\u00f6rny\u00e9kre. Alig egy \u00f3ra alatt a H\u00c9V-vel eljutsz az antik kik\u00f6t\u0151be, <a href=\"https:\/\/loudavymkrokem.cz\/hu\/ostia-antica-olaszorszag\/\">Ostia Antic\u00e1ba<\/a>, amelyet gyakran hasonl\u00edtanak Pompejihez, de azzal ellent\u00e9tben itt teljes nyugalom \u00e9s csend uralkodik.<\/p>\n\n\n\n<p class=\"wp-block-paragraph\">Egy m\u00e1sik gy\u00f6ny\u00f6r\u0171 meg\u00e1ll\u00f3 a v\u00e1roson kiss\u00e9 k\u00edv\u00fcl a <a href=\"https:\/\/loudavymkrokem.cz\/hu\/tivoli-olaszorszag-kirandulas\/\">Tivoli<\/a> kisv\u00e1ros, ahol <strong>gy\u00f6ny\u00f6r\u0171 renesz\u00e1nsz kertek ter\u00fclnek el<\/strong> a Villa d&#8217;Est\u00e9ben t\u00f6bb sz\u00e1z csobog\u00f3 sz\u00f6k\u0151k\u00fattal. Ide\u00e1lis hely egy ny\u00e1ri d\u00e9lut\u00e1nra, amikor egy kis \u00e1rny\u00e9kra \u00e9s friss leveg\u0151re van sz\u00fcks\u00e9ged, ami az olasz metropolisz belv\u00e1ros\u00e1ban j\u00faliusban annyira f\u00e1j\u00f3an hi\u00e1nyzik.<\/p>\n\n\n\n<p class=\"wp-block-paragraph\">Ha r\u00e9szletesebb inform\u00e1ci\u00f3t akarsz olvasni a <strong>legnagyobb r\u00f3mai ikonokr\u00f3l, \u00e9s meg akarod sp\u00f3rolni az idegeidet<\/strong>, \u00f6ssze\u00e1ll\u00edtottunk neked egy r\u00e9szletes \u00fatmutat\u00f3t. Olvasd el a <a href=\"https:\/\/loudavymkrokem.cz\/hu\/colosseum-roma-belepo-tippek\/\">Colosseum R\u00f3m\u00e1ban: jegyek \u00e9s tippek<\/a> cikk\u00fcnket, ahol r\u00e9szletesen elmagyar\u00e1zzuk, hogyan szerezd meg a legjobb jegyeket az alag\u00fatrendszerbe. A p\u00e1pai \u00e1llam l\u00e1togat\u00e1s\u00e1hoz pedig mindenk\u00e9pp hasznos lesz a <a href=\"https:\/\/loudavymkrokem.cz\/hu\/vatikan\/\">Vatik\u00e1n: alapinform\u00e1ci\u00f3k \u00e9s bel\u00e9p\u00e9s<\/a> sz\u00f6veg\u00fcnk, valamint a r\u00e9szletes elemz\u00e9s arr\u00f3l, mit rejtenek a h\u00edres <a href=\"https:\/\/loudavymkrokem.cz\/hu\/vatikanska-muzea\/\">Vatik\u00e1ni M\u00fazeumok<\/a>.<\/p>\n\n\n\n<p class=\"wp-block-paragraph\">R\u00f3ma egyben teljesen <strong>t\u00f6k\u00e9letes kiindul\u00f3pont egy d\u00e9l-olaszorsz\u00e1gi \u00fatra<\/strong>. A Termini f\u0151p\u00e1lyaudvarr\u00f3l gyorsvonattal alig valamivel t\u00f6bb mint egy \u00f3ra alatt eljutsz a kaotikus \u00e9s szenved\u00e9lyes N\u00e1polyba. Onnan pedig m\u00e1r csak egy ugr\u00e1s a legh\u00edresebb antik pusztul\u00e1sig, amelyr\u0151l egy gyakorlati cikket \u00edrtunk: <a href=\"https:\/\/loudavymkrokem.cz\/hu\/pompeji-belepo-jegyek\/\">Pompeji: bel\u00e9p\u0151 \u00e9s mit l\u00e1ss<\/a>.<\/p>\n\n\n\n<!-- LKM_GYG_CARD start q=\"rome\" lang=\"hu\" rendered=\"2026-08-27T00:57:04+00:00\" v=\"1\" -->\n<style id=\"lk-gyg-styles\">\n@import url(\"https:\/\/fonts.googleapis.com\/css2?family=Playfair+Display:wght@700&family=DM+Sans:wght@300;400;500;600&display=swap\");\n\/* === LK GYG karty \u2014 CRO redesign 2026-05 (namespace .lkx-) ===\n   C\u00edl: vy\u0161\u0161\u00ed CTR (hero + v\u00fdrazn\u00fd social proof + ak\u010dn\u00ed CTA, m\u00e9n\u011b \"reklamn\u00ed\").\n   Injektuje se inline do prvn\u00edho markeru postu (refresh_cards.py --inline-css). *\/\n.lkx-module, .lkx-module *{box-sizing:border-box;margin:0;padding:0}\n.lkx-module{\n  font-family:'DM Sans',-apple-system,Segoe UI,Roboto,Georgia,sans-serif;\n  max-width:860px;margin:2.5rem auto;color:#1f2328;\n}\n\n\/* HEADER \u2014 lehk\u00fd editorsk\u00fd, \u017e\u00e1dn\u00fd bannerov\u00fd blok; nadpis + popisek pod n\u00edm *\/\n.lkx-head{margin-bottom:16px}\n.lkx-head-main{display:flex;align-items:center;gap:10px}\n.lkx-head-accent{width:26px;height:3px;border-radius:2px;background:#c39f76;flex-shrink:0}\n.lkx-head-title{font-family:'Playfair Display',Georgia,serif;font-size:21px;font-weight:700;color:#1a1a1a;line-height:1.25}\n.lkx-head-meta{display:block;font-size:11px;letter-spacing:.3px;color:#9aa0a6;margin-top:4px;margin-left:36px}\n\n\/* HERO *\/\n.lkx-hero{display:grid;grid-template-columns:300px 1fr;background:#fff;border:1px solid #ece7df;border-radius:14px;overflow:hidden;text-decoration:none!important;color:inherit;box-shadow:0 6px 20px rgba(0,0,0,.06);transition:box-shadow .2s,transform .2s;margin-bottom:14px}\n.lkx-hero:hover{box-shadow:0 12px 30px rgba(0,0,0,.12);transform:translateY(-2px)}\n.lkx-hero-img{position:relative;min-height:230px;background-size:cover;background-position:center;background-color:#eee}\n.lkx-hero-body{padding:22px 24px;display:flex;flex-direction:column}\n.lkx-pick{position:absolute;top:12px;left:12px;background:#1a1a1a;color:#fff;font-size:11px;font-weight:700;letter-spacing:.5px;padding:5px 11px;border-radius:20px}\n\n\/* TITLE *\/\n.lkx-title{font-size:19px;font-weight:700;color:#161616;line-height:1.3}\n.lkx-title-sm{font-size:14.5px;line-height:1.35;display:-webkit-box;-webkit-line-clamp:2;-webkit-box-orient:vertical;overflow:hidden}\n\n\/* SOCIAL PROOF \u2014 v\u00fdrazn\u011b, naho\u0159e *\/\n.lkx-proof{display:flex;align-items:center;gap:7px;margin-top:12px;font-size:15px;color:#3a3a3a}\n.lkx-proof b{font-size:16px;color:#161616}\n.lkx-stars{color:#f5a623;letter-spacing:1px}\n.lkx-proof-sm{font-size:12.5px;margin-top:8px;gap:5px}\n.lkx-proof-sm b{font-size:13px}\n.lkx-proof-new{color:#3685fc;font-weight:600}\n\n\/* PRICE \u2014 n\u00edzk\u00e1 kotva *\/\n.lkx-price{font-size:14px;color:#6b7280}\n.lkx-price b{font-size:20px;color:#161616;font-weight:700}\n.lkx-price-sm b{font-size:15px}\n\n\/* CTA \u2014 tepl\u00e9 ak\u010dn\u00ed tla\u010d\u00edtko *\/\n.lkx-cta{display:inline-flex;align-items:center;justify-content:center;text-decoration:none!important;font-weight:700;color:#fff!important;background:linear-gradient(135deg,#f6743f,#e8552a);border-radius:10px;box-shadow:0 6px 16px rgba(232,85,42,.32);transition:box-shadow .2s}\n.lkx-cta-hero{font-size:15px;padding:13px 22px}\n.lkx-hero:hover .lkx-cta-hero{box-shadow:0 8px 22px rgba(232,85,42,.45)}\n.lkx-cta-sm{font-size:12.5px;padding:9px 14px;width:100%;margin-top:2px}\n.lkx-hero-bottom{margin-top:auto;padding-top:18px;display:flex;align-items:center;justify-content:space-between;gap:14px;flex-wrap:wrap}\n\n\/* BADGE \u2014 jeden v\u00fdrazn\u00fd na fotce *\/\n.lkx-badge{position:absolute;top:12px;right:12px;font-size:10.5px;font-weight:700;letter-spacing:.3px;padding:5px 10px;border-radius:16px;color:#fff}\n.lkx-badge.badge-urgency{background:rgba(214,40,40,.92)}\n.lkx-badge.badge-new{background:rgba(54,133,252,.92)}\n.lkx-badge.badge-top{background:rgba(195,159,118,.95)}\n.lkx-badge.badge-info{background:rgba(40,40,40,.78)}\n\n\/* SECONDARY GRID *\/\n.lkx-grid{display:grid;grid-template-columns:1fr 1fr;gap:14px}\n.lkx-card{background:#fff;border:1px solid #ece7df;border-radius:14px;overflow:hidden;text-decoration:none!important;color:inherit;box-shadow:0 4px 14px rgba(0,0,0,.05);display:flex;flex-direction:column;transition:box-shadow .2s,transform .2s}\n.lkx-card:hover{box-shadow:0 10px 24px rgba(0,0,0,.1);transform:translateY(-2px)}\n.lkx-card-img{position:relative;aspect-ratio:16\/10;background-size:cover;background-position:center;background-color:#eee}\n.lkx-card-body{padding:14px 16px 16px;display:flex;flex-direction:column;gap:7px;flex:1}\n.lkx-card-bottom{margin-top:auto;padding-top:10px;display:flex;align-items:center;justify-content:space-between;gap:8px}\n\n\/* DISCLOSURE \u2014 drobn\u00e1, kv\u016fli d\u016fv\u011b\u0159e\/z\u00e1konu *\/\n.lkx-disclosure{font-size:11px;color:#a7adb3;text-align:center;margin-top:14px;line-height:1.6}\n.lkx-disclosure a{color:#c39f76;text-decoration:none}\n\n@media(max-width:680px){\n  .lkx-hero{grid-template-columns:1fr}\n  .lkx-hero-img{min-height:180px}\n  .lkx-grid{grid-template-columns:1fr}\n  .lkx-head-meta{margin-left:0;width:100%}\n  .lkx-head-title{font-size:19px}\n}\n\n<\/style>\n<div class=\"lkx-module\" data-query=\"rome\">\n  <div class=\"lkx-head\">\n    <div class=\"lkx-head-main\">\n      <span class=\"lkx-head-accent\"><\/span>\n      <span class=\"lkx-head-title\">\u00c9lm\u00e9nyek \u00e9s bel\u00e9p\u0151jegyek<\/span>\n    <\/div>\n    <span class=\"lkx-head-meta\">utaz\u00f3k \u00e1ltal \u00e9rt\u00e9kelve \u00b7 GetYourGuide<\/span>\n  <\/div><a class=\"lkx-hero\" href=\"https:\/\/www.getyourguide.com\/hu-hu\/roma-l33\/skip-the-line-vatikani-muzeumok-es-sixtus-kapolna-jegye-t62214\/?partner_id=MKZ64IS&amp;utm_medium=online_publisher&amp;cmp=roma-latnivalok-legjobb-helyek\" target=\"_blank\" rel=\"sponsored noopener nofollow\">\n    <div class=\"lkx-hero-img\" style=\"background-image:url('https:\/\/cdn.getyourguide.com\/img\/tour\/5f16d60b18470.jpeg\/132.jpg')\" role=\"img\" aria-label=\"Vatik\u00e1n: M\u00fazeumok &amp; Sixtus-k\u00e1polna bel\u00e9p\u0151jegy\">\n      <span class=\"lkx-pick\">\u2605 A mi tipp\u00fcnk<\/span><\/div>\n    <div class=\"lkx-hero-body\">\n      <div class=\"lkx-title\">Vatik\u00e1n: M\u00fazeumok &amp; Sixtus-k\u00e1polna bel\u00e9p\u0151jegy<\/div>\n      <div class=\"lkx-proof\">\n      <span class=\"lkx-stars\">\u2605\u2605\u2605\u2605\u2605<\/span>\n      <b>4.5<\/b> \u00b7 154 565 \u00e9rt\u00e9kel\u00e9s\n    <\/div>\n      <div class=\"lkx-hero-bottom\"><div class=\"lkx-price\">m\u00e1r <b>33\u00a0EUR<\/b><\/div><span class=\"lkx-cta lkx-cta-hero\">Ezt az \u00e9lm\u00e9nyt akarom \u2192<\/span>\n      <\/div>\n    <\/div>\n  <\/a><div class=\"lkx-grid\"><a class=\"lkx-card\" href=\"https:\/\/www.getyourguide.com\/hu-hu\/roma-l33\/colosseum-forum-romanum-es-palatinus-domb-vezetett-tura-t195566\/?partner_id=MKZ64IS&amp;utm_medium=online_publisher&amp;cmp=roma-latnivalok-legjobb-helyek\" target=\"_blank\" rel=\"sponsored noopener nofollow\">\n      <div class=\"lkx-card-img\" style=\"background-image:url('https:\/\/cdn.getyourguide.com\/img\/tour\/33cca66c19886c9f.jpeg\/132.jpg')\" role=\"img\" aria-label=\"Colosseum, Forum Romanum \u00e9s Palatinus-domb \u2013 vezetett t\u00fara\"><\/div>\n      <div class=\"lkx-card-body\">\n        <div class=\"lkx-title lkx-title-sm\">Colosseum, Forum Romanum \u00e9s Palatinus-domb \u2013 vezetett t\u00fara<\/div>\n        <div class=\"lkx-proof lkx-proof-sm\">\n      <span class=\"lkx-stars\">\u2605<\/span>\n      <b>4.8<\/b> \u00b7 88 470\n    <\/div>\n        <div class=\"lkx-card-bottom\"><span class=\"lkx-price lkx-price-sm\">m\u00e1r <b>49\u00a0EUR<\/b><\/span><span class=\"lkx-cta lkx-cta-sm\">Id\u0151pontok megtekint\u00e9se \u2192<\/span>\n        <\/div>\n      <\/div>\n    <\/a><a class=\"lkx-card\" href=\"https:\/\/www.getyourguide.com\/hu-hu\/roma-l33\/roma-big-bus-hop-on-hop-off-open-top-sightseeing-tour-t66064\/?partner_id=MKZ64IS&amp;utm_medium=online_publisher&amp;cmp=roma-latnivalok-legjobb-helyek\" target=\"_blank\" rel=\"sponsored noopener nofollow\">\n      <div class=\"lkx-card-img\" style=\"background-image:url('https:\/\/cdn.getyourguide.com\/img\/tour\/6401f6ad47d64.jpeg\/132.jpg')\" role=\"img\" aria-label=\"R\u00f3ma: Big Bus Hop-on, Hop-off Open-Top Sightseeing Tour\"><\/div>\n      <div class=\"lkx-card-body\">\n        <div class=\"lkx-title lkx-title-sm\">R\u00f3ma: Big Bus Hop-on, Hop-off Open-Top Sightseeing Tour<\/div>\n        <div class=\"lkx-proof lkx-proof-sm\">\n      <span class=\"lkx-stars\">\u2605<\/span>\n      <b>4.1<\/b> \u00b7 12 062\n    <\/div>\n        <div class=\"lkx-card-bottom\"><span class=\"lkx-price lkx-price-sm\">m\u00e1r <b>20\u00a0EUR<\/b><\/span><span class=\"lkx-cta lkx-cta-sm\">Id\u0151pontok megtekint\u00e9se \u2192<\/span>\n        <\/div>\n      <\/div>\n    <\/a><\/div><div class=\"lkx-disclosure\">\ud83d\udd17 A linkek partnerlinkek \u2014 az \u00e1rat nem v\u00e1ltoztatj\u00e1k, nek\u00fcnk viszont seg\u00edtenek a tartalomk\u00e9sz\u00edt\u00e9sben. \u00b7 <a href=\"https:\/\/www.getyourguide.com\/hu-hu\/s\/?q=rome&amp;partner_id=MKZ64IS&amp;utm_medium=online_publisher\" target=\"_blank\" rel=\"sponsored noopener nofollow\">\u00d6sszes \u00e9lm\u00e9ny \u2192<\/a><\/div>\n<\/div>\n<!-- LKM_GYG_CARD end -->\n\n\n\n<h2 class=\"wp-block-heading\" id=\"Casto_kladene_otazky\"><span class=\"ez-toc-section\" id=\"Gyakran_ismetelt_kerdesek\"><\/span>Gyakran ism\u00e9telt k\u00e9rd\u00e9sek<span class=\"ez-toc-section-end\"><\/span><\/h2>\n\n\n<div id=\"rank-math-faq\" class=\"rank-math-block\">\n<div class=\"rank-math-list \">\n<div id=\"faq-question-1780164225000\" class=\"rank-math-list-item\">\n<h3 class=\"rank-math-question \"><span class=\"ez-toc-section\" id=\"Hany_napra_van_szuksegem_Roma_meglatogatasahoz\"><\/span>H\u00e1ny napra van sz\u00fcks\u00e9gem R\u00f3ma megl\u00e1togat\u00e1s\u00e1hoz?<span class=\"ez-toc-section-end\"><\/span><\/h3>\n<div class=\"rank-math-answer \">\n\n<p>H\u00e1rom nap az abszol\u00fat minimum, amely alatt <strong>csak a legfontosabb l\u00e1tnival\u00f3kat tudod megn\u00e9zni hatalmas rohan\u00e1sban<\/strong>. Ide\u00e1lis lenne n\u00e9gy teljes napot sz\u00e1nni R\u00f3m\u00e1ra, hogy nyugodtan bej\u00e1rhasd a Vatik\u00e1nt, az antik eml\u00e9keket, \u00e9s m\u00e9g maradjon id\u0151d a t\u00f6rt\u00e9nelmi belv\u00e1ros utc\u00e1in s\u00e9t\u00e1lni egy k\u00e1v\u00e9val a kezedben.<\/p>\n\n<\/div>\n<\/div>\n<div id=\"faq-question-1780164225001\" class=\"rank-math-list-item\">\n<h3 class=\"rank-math-question \"><span class=\"ez-toc-section\" id=\"Ihato_Romaban_a_csapviz\"><\/span>Ihat\u00f3 R\u00f3m\u00e1ban a csapv\u00edz?<span class=\"ez-toc-section-end\"><\/span><\/h3>\n<div class=\"rank-math-answer \">\n\n<p>Igen, a v\u00edz teljesen biztons\u00e1gos \u00e9s kiv\u00e1l\u00f3 min\u0151s\u00e9g\u0171. Ne v\u00e1s\u00e1rolj t\u00fal\u00e1razott m\u0171anyag palackokat az utcai \u00e1rusokt\u00f3l, hanem <strong>hordj magaddal saj\u00e1t \u00fajrat\u00f6lthet\u0151 kulacsot<\/strong>. A v\u00e1rosban t\u00f6bb ezer \u00f6nt\u00f6ttvas iv\u00f3k\u00fat (\u00fan. nasoni) tal\u00e1lhat\u00f3, amelyekb\u0151l folyamatosan folyik a j\u00e9ghideg \u00e9s rendk\u00edv\u00fcl friss\u00edt\u0151 v\u00edz teljesen ingyen.<\/p>\n\n<\/div>\n<\/div>\n<div id=\"faq-question-1780164225002\" class=\"rank-math-list-item\">\n<h3 class=\"rank-math-question \"><span class=\"ez-toc-section\" id=\"Van_oltozkodesi_eloiras_a_latnivaloknal\"><\/span>Van \u00f6lt\u00f6zk\u00f6d\u00e9si el\u0151\u00edr\u00e1s a l\u00e1tnival\u00f3kn\u00e1l?<span class=\"ez-toc-section-end\"><\/span><\/h3>\n<div class=\"rank-math-answer \">\n\n<p>Igen, \u00e9s nagyon szigor\u00faan be is tartj\u00e1k, \u00fagyhogy nagyon figyelj erre. A Vatik\u00e1ni M\u00fazeumokba, a Szent P\u00e9ter-bazilik\u00e1ba \u00e9s a Pantheonba <strong>felt\u00e9tlen\u00fcl takart v\u00e1llal \u00e9s t\u00e9rdekkel kell \u00e9rkezned<\/strong>. Ha trik\u00f3ban vagy r\u00f6vid sortban j\u00f6ssz, a biztons\u00e1gi szolg\u00e1lat nem enged be m\u00e9g \u00e9rv\u00e9nyes bel\u00e9p\u0151vel sem, ez\u00e9rt ny\u00e1ron mindig pakolj a h\u00e1tizs\u00e1kodba egy k\u00f6nny\u0171 kend\u0151t.<\/p>\n\n<\/div>\n<\/div>\n<div id=\"faq-question-1780164225003\" class=\"rank-math-list-item\">\n<h3 class=\"rank-math-question \"><span class=\"ez-toc-section\" id=\"Hogyan_jutok_el_legkonnyebben_a_Fiumicino_repuloterrol_a_belvarosba\"><\/span>Hogyan jutok el legk\u00f6nnyebben a Fiumicino rep\u00fcl\u0151t\u00e9rr\u0151l a belv\u00e1rosba?<span class=\"ez-toc-section-end\"><\/span><\/h3>\n<div class=\"rank-math-answer \">\n\n<p>A leggyorsabb \u00e9s legk\u00e9nyelmesebb lehet\u0151s\u00e9g a <strong>k\u00f6zvetlen Leonardo Express vonat<\/strong>, amely meg\u00e1ll\u00e1s n\u00e9lk\u00fcl elvisz a Termini f\u0151p\u00e1lyaudvarra pontosan 32 perc alatt. A jegy 14 eur\u00f3ba ker\u00fcl, \u00e9s a vonatok nagyon gyakran j\u00e1rnak, ami megk\u00edm\u00e9l a kisz\u00e1m\u00edthatatlan r\u00f3mai dug\u00f3kt\u00f3l, amelyekben gyakran elakadnak az olcs\u00f3bb rept\u00e9ri buszok.<\/p>\n\n<\/div>\n<\/div>\n<div id=\"faq-question-1780164225004\" class=\"rank-math-list-item\">\n<h3 class=\"rank-math-question \"><span class=\"ez-toc-section\" id=\"Vihetek_hatizsakot_a_Colosseumba_vagy_a_Vatikanba\"><\/span>Vihetek h\u00e1tizs\u00e1kot a Colosseumba vagy a Vatik\u00e1nba?<span class=\"ez-toc-section-end\"><\/span><\/h3>\n<div class=\"rank-math-answer \">\n\n<p>Egy kis v\u00e1rosi h\u00e1tizs\u00e1k vagy k\u00e9zit\u00e1ska nem jelent probl\u00e9m\u00e1t, de <strong>nagy t\u00farah\u00e1tizs\u00e1kkal vagy b\u0151r\u00f6nddel nem engednek be<\/strong>. Minden poggy\u00e1sznak \u00e1t kell mennie a r\u00f6ntgenvizsg\u00e1laton, hasonl\u00f3an a rep\u00fcl\u0151t\u00e9rhez, \u00e9s szigor\u00faan tilos bevinni b\u00e1rmilyen \u00fcvegpalackot, alkoholt vagy zsebk\u00e9st, amelyeket a biztons\u00e1gi szolg\u00e1lat az ellen\u0151rz\u00e9skor kompromisszumok n\u00e9lk\u00fcl elkoboz.<\/p>\n\n<\/div>\n<\/div>\n<div id=\"faq-question-1780164225005\" class=\"rank-math-list-item\">\n<h3 class=\"rank-math-question \"><span class=\"ez-toc-section\" id=\"Hogyan_mukodik_a_romai_tomegkozlekedes_es_mennyibe_kerul_a_jegy\"><\/span>Hogyan m\u0171k\u00f6dik a r\u00f3mai t\u00f6megk\u00f6zleked\u00e9s \u00e9s mennyibe ker\u00fcl a jegy?<span class=\"ez-toc-section-end\"><\/span><\/h3>\n<div class=\"rank-math-answer \">\n\n<p>Az alapvet\u0151 \u00e1tsz\u00e1ll\u00f3jegy jelenleg 1,50 eur\u00f3ba ker\u00fcl, b\u00e1r dr\u00e1g\u00edt\u00e1sr\u00f3l besz\u00e9lnek. A legegyszer\u0171bb a <strong>modern Tap&amp;Go rendszer haszn\u00e1lata<\/strong>, amikor a metr\u00f3n\u00e1l vagy buszn\u00e1l a s\u00e1rga torn\u00e1l egyszer\u0171en csak \u00e9rintesz egy hagyom\u00e1nyos bankk\u00e1rty\u00e1val. A rendszer mindent automatikusan figyel, \u00e9s a napi k\u00f6lts\u00e9gedet 8,50 eur\u00f3ban maxim\u00e1lja, \u00fagyhogy nem kell semmir\u0151l sem gondoskodnod.<\/p>\n\n<\/div>\n<\/div>\n<div id=\"faq-question-1780164225006\" class=\"rank-math-list-item\">\n<h3 class=\"rank-math-question \"><span class=\"ez-toc-section\" id=\"Biztonsagos_a_64-es_busszal_utazni_a_Vatikanhoz\"><\/span>Biztons\u00e1gos a 64-es busszal utazni a Vatik\u00e1nhoz?<span class=\"ez-toc-section-end\"><\/span><\/h3>\n<div class=\"rank-math-answer \">\n\n<p>Ez a vonal, amely \u00f6sszek\u00f6ti a Termini p\u00e1lyaudvart a Vatik\u00e1nnal, <strong>h\u00edrhedten ismert a zsebmetsz\u0151k csoportjair\u00f3l<\/strong>. Rendk\u00edv\u00fcl zs\u00fafolt szokott lenni, \u00e9s a tolvajok mesterien kihaszn\u00e1lj\u00e1k a felsz\u00e1ll\u00e1skor keletkez\u0151 kavarod\u00e1st. Ha musz\u00e1j ezzel utaznod, mindig a hasad el\u0151tt tartsd a h\u00e1tizs\u00e1kot, \u00e9s a p\u00e9nzt\u00e1rc\u00e1dat m\u00e9ly, cipz\u00e1ras zsebben, vagy ink\u00e1bb haszn\u00e1ld a biztons\u00e1gosabb A metr\u00f3vonalat az Ottaviano \u00e1llom\u00e1sig.<\/p>\n\n<\/div>\n<\/div>\n<div id=\"faq-question-1780164225007\" class=\"rank-math-list-item\">\n<h3 class=\"rank-math-question \"><span class=\"ez-toc-section\" id=\"Hol_talalok_a_belvarosban_nyilvanos_WC-t\"><\/span>Hol tal\u00e1lok a belv\u00e1rosban nyilv\u00e1nos WC-t?<span class=\"ez-toc-section-end\"><\/span><\/h3>\n<div class=\"rank-math-answer \">\n\n<p>A klasszikus nyilv\u00e1nos WC-k sz\u00e1ma R\u00f3m\u00e1ban abszol\u00fat minim\u00e1lis, \u00e9s \u00e1ltal\u00e1ban fizet\u0151sek. A legjobb strat\u00e9gia, ha <strong>bes\u00e9t\u00e1lsz b\u00e1rmelyik sarki b\u00e1rba<\/strong>, a p\u00e9nzt\u00e1rn\u00e1l veszel egy pressz\u00f3k\u00e1v\u00e9t a pultn\u00e1l k\u00f6r\u00fclbel\u00fcl egy eur\u00f3\u00e9rt, \u00e9s udvariasan megk\u00e9rdezed a szem\u00e9lyzetet a mosd\u00f3r\u00f3l. A t\u00f6rv\u00e9ny ugyanis el\u0151\u00edrja, hogy a b\u00e1roknak lehet\u0151v\u00e9 kell tenni\u00fck a fizet\u0151 vend\u00e9gek sz\u00e1m\u00e1ra a WC haszn\u00e1lat\u00e1t.<\/p>\n\n<\/div>\n<\/div>\n<\/div>\n<\/div>","protected":false},"excerpt":{"rendered":"<p>Fedezd fel R\u00f3ma 40 legjobb l\u00e1tnival\u00f3j\u00e1t! Gyakorlati \u00fatmutat\u00f3 tele tippekkel, hogyan ker\u00fcld el a t\u00f6meget, hol sz\u00e1llj meg, \u00e9s mit ne hagyj ki az \u00d6r\u00f6k V\u00e1rosban.<\/p>\n","protected":false},"author":3,"featured_media":57924,"comment_status":"open","ping_status":"closed","sticky":false,"template":"","format":"standard","meta":{"_acf_changed":false,"footnotes":"","rank_math_title":"R\u00f3ma l\u00e1tnival\u00f3k: a 40 legjobb hely, amit l\u00e1tnod kell","rank_math_description":"R\u00f3ma l\u00e1tnival\u00f3k: fedezd fel a 40 legjobb helyet, a Colosseumt\u00f3l a Trevi-k\u00fatig! Praktikus tippek a t\u00f6meg elker\u00fcl\u00e9s\u00e9re \u00e9s a sz\u00e1ll\u00e1sra. Olvasd el, tervezz most!","rank_math_focus_keyword":"r\u00f3ma l\u00e1tnival\u00f3k","rank_math_seo_score":""},"categories":[1804,1827,1891,1788],"tags":[],"class_list":["post-282172","post","type-post","status-publish","format-standard","has-post-thumbnail","category-europa","category-olaszorszag","category-roma","category-utazas"],"acf":[],"featured_image_src":"https:\/\/loudavymkrokem.cz\/wp-content\/uploads\/2022\/07\/rim-lucka.jpg","author_info":{"display_name":"Lucie Kone\u010dn\u00e1","author_link":"https:\/\/loudavymkrokem.cz\/hu\/author\/lucie-konecna\/"},"_links":{"self":[{"href":"https:\/\/loudavymkrokem.cz\/hu\/wp-json\/wp\/v2\/posts\/282172","targetHints":{"allow":["GET"]}}],"collection":[{"href":"https:\/\/loudavymkrokem.cz\/hu\/wp-json\/wp\/v2\/posts"}],"about":[{"href":"https:\/\/loudavymkrokem.cz\/hu\/wp-json\/wp\/v2\/types\/post"}],"author":[{"embeddable":true,"href":"https:\/\/loudavymkrokem.cz\/hu\/wp-json\/wp\/v2\/users\/3"}],"replies":[{"embeddable":true,"href":"https:\/\/loudavymkrokem.cz\/hu\/wp-json\/wp\/v2\/comments?post=282172"}],"version-history":[{"count":0,"href":"https:\/\/loudavymkrokem.cz\/hu\/wp-json\/wp\/v2\/posts\/282172\/revisions"}],"wp:featuredmedia":[{"embeddable":true,"href":"https:\/\/loudavymkrokem.cz\/hu\/wp-json\/wp\/v2\/media\/57924"}],"wp:attachment":[{"href":"https:\/\/loudavymkrokem.cz\/hu\/wp-json\/wp\/v2\/media?parent=282172"}],"wp:term":[{"taxonomy":"category","embeddable":true,"href":"https:\/\/loudavymkrokem.cz\/hu\/wp-json\/wp\/v2\/categories?post=282172"},{"taxonomy":"post_tag","embeddable":true,"href":"https:\/\/loudavymkrokem.cz\/hu\/wp-json\/wp\/v2\/tags?post=282172"}],"curies":[{"name":"wp","href":"https:\/\/api.w.org\/{rel}","templated":true}]}}