{"id":417927,"date":"2026-09-04T10:46:03","date_gmt":"2026-09-04T08:46:03","guid":{"rendered":"https:\/\/loudavymkrokem.cz\/cartagena-colombie-choses-voir\/"},"modified":"2026-09-05T19:00:28","modified_gmt":"2026-09-05T17:00:28","slug":"cartagena-colombie-choses-voir","status":"publish","type":"post","link":"https:\/\/loudavymkrokem.cz\/fr\/cartagena-colombie-choses-voir\/","title":{"rendered":"Cartagena, Colombie : 22 choses \u00e0 voir et \u00e0 faire en 2026"},"content":{"rendered":"\n<p class=\"wp-block-paragraph\">Cartagena, en Colombie, est une ville d&rsquo;extr\u00eames absolus et sans doute <strong>l&rsquo;endroit le plus beau mais aussi le plus aga\u00e7ant<\/strong> que tu visiteras en Am\u00e9rique du Sud. D&rsquo;un c\u00f4t\u00e9, t&rsquo;attendent des ruelles coloniales \u00e0 couper le souffle, des balcons ployant sous une avalanche de bougainvilliers color\u00e9s et une ambiance carib\u00e9enne qui t&rsquo;engloutit imm\u00e9diatement. Pr\u00e9pare-toi cependant : <strong>rien de toute cette romance ne te sera offert gratuitement<\/strong> ni sans d\u00e9rangement permanent.<\/p>\n\n\n\n<p class=\"wp-block-paragraph\">D\u00e8s ton arriv\u00e9e, tu d\u00e9couvriras que <strong>la ville regorge de vendeurs ambulants<\/strong> qui te proposeront de tout, des chapeaux aux bracelets \u00ab cadeaux \u00bb en passant par des massages qui ne sont surtout pas gratuits. Celui qui le sait \u00e0 l&rsquo;avance et apprend \u00e0 dire un non ferme avec le sourire repartira de Cartagena avec les meilleurs souvenirs. Mais si \u00e7a te prend au d\u00e9pourvu, <strong>n\u00e9gocier sans arr\u00eat avec des taxis sans compteur peut vraiment t&rsquo;\u00e9puiser<\/strong>, alors mieux vaut te pr\u00e9parer mentalement \u00e0 cette r\u00e9alit\u00e9.<\/p>\n\n\n\n<p class=\"wp-block-paragraph\">Ici, nous avons rassembl\u00e9 pour toi pas moins de <strong>22 conseils<\/strong> \u2014 des vieilles murailles aux coins secrets, en passant par les excursions vers les \u00eeles des Cara\u00efbes. Et oui, nous avons aussi ajout\u00e9 pourquoi il faut faire tr\u00e8s <strong>attention aux applications de rencontre<\/strong>. \ud83d\ude05<\/p>\n\n\n\n<figure data-wp-context=\"{&quot;imageId&quot;:&quot;6a9c5ffc38e67&quot;}\" data-wp-interactive=\"core\/image\" data-wp-key=\"6a9c5ffc38e67\" class=\"wp-block-image size-full wp-lightbox-container\"><img decoding=\"async\" width=\"1920\" height=\"1272\" data-wp-class--hide=\"state.isContentHidden\" data-wp-class--show=\"state.isContentVisible\" data-wp-init=\"callbacks.setButtonStyles\" data-wp-on--click=\"actions.showLightbox\" data-wp-on--load=\"callbacks.setButtonStyles\" data-wp-on--pointerdown=\"actions.preloadImage\" data-wp-on--pointerenter=\"actions.preloadImageWithDelay\" data-wp-on--pointerleave=\"actions.cancelPreload\" data-wp-on-window--resize=\"callbacks.setButtonStyles\" src=\"https:\/\/loudavymkrokem.cz\/wp-content\/uploads\/2026\/09\/street-art-v-getsemani-v-cartagene-e2ad9fff.jpg\" alt=\"Street art \u00e0 Getseman\u00ed \u00e0 Cartagena\" class=\"wp-image-415748\" title=\"\" srcset=\"https:\/\/loudavymkrokem.cz\/wp-content\/uploads\/2026\/09\/street-art-v-getsemani-v-cartagene-e2ad9fff.jpg 1920w, https:\/\/loudavymkrokem.cz\/wp-content\/uploads\/2026\/09\/street-art-v-getsemani-v-cartagene-e2ad9fff-300x199.jpg 300w, https:\/\/loudavymkrokem.cz\/wp-content\/uploads\/2026\/09\/street-art-v-getsemani-v-cartagene-e2ad9fff-700x464.jpg 700w, https:\/\/loudavymkrokem.cz\/wp-content\/uploads\/2026\/09\/street-art-v-getsemani-v-cartagene-e2ad9fff-768x509.jpg 768w, https:\/\/loudavymkrokem.cz\/wp-content\/uploads\/2026\/09\/street-art-v-getsemani-v-cartagene-e2ad9fff-1536x1018.jpg 1536w, https:\/\/loudavymkrokem.cz\/wp-content\/uploads\/2026\/09\/street-art-v-getsemani-v-cartagene-e2ad9fff-696x461.jpg 696w, https:\/\/loudavymkrokem.cz\/wp-content\/uploads\/2026\/09\/street-art-v-getsemani-v-cartagene-e2ad9fff-1392x922.jpg 1392w\" sizes=\"(max-width: 1920px) 100vw, 1920px\" \/><button\n\t\t\tclass=\"lightbox-trigger\"\n\t\t\ttype=\"button\"\n\t\t\taria-haspopup=\"dialog\"\n\t\t\tdata-wp-bind--aria-label=\"state.thisImage.triggerButtonAriaLabel\"\n\t\t\tdata-wp-init=\"callbacks.initTriggerButton\"\n\t\t\tdata-wp-on--click=\"actions.showLightbox\"\n\t\t\tdata-wp-style--right=\"state.thisImage.buttonRight\"\n\t\t\tdata-wp-style--top=\"state.thisImage.buttonTop\"\n\t\t>\n\t\t\t<svg xmlns=\"http:\/\/www.w3.org\/2000\/svg\" width=\"12\" height=\"12\" fill=\"none\" viewBox=\"0 0 12 12\">\n\t\t\t\t<path fill=\"#fff\" d=\"M2 0a2 2 0 0 0-2 2v2h1.5V2a.5.5 0 0 1 .5-.5h2V0H2Zm2 10.5H2a.5.5 0 0 1-.5-.5V8H0v2a2 2 0 0 0 2 2h2v-1.5ZM8 12v-1.5h2a.5.5 0 0 0 .5-.5V8H12v2a2 2 0 0 1-2 2H8Zm2-12a2 2 0 0 1 2 2v2h-1.5V2a.5.5 0 0 0-.5-.5H8V0h2Z\" \/>\n\t\t\t<\/svg>\n\t\t<\/button><figcaption class=\"wp-element-caption\">Photo : Joe Ross from Lansing, Michigan \/ Wikimedia Commons, CC BY-SA 2.0<\/figcaption><\/figure>\n\n\n\n<div id=\"ez-toc-container\" class=\"ez-toc-v2_0_87 ez-toc-wrap-left counter-hierarchy ez-toc-counter ez-toc-grey ez-toc-container-direction\">\n<div class=\"ez-toc-title-container\">\n<p class=\"ez-toc-title\" style=\"cursor:inherit\">Contenu de l&#039;article<\/p>\n<span class=\"ez-toc-title-toggle\"><a href=\"#\" class=\"ez-toc-pull-right ez-toc-btn ez-toc-btn-xs ez-toc-btn-default ez-toc-toggle\" aria-label=\"Toggle Table of Content\"><span class=\"ez-toc-js-icon-con\"><span class=\"\"><span class=\"eztoc-hide\" style=\"display:none;\">Toggle<\/span><span class=\"ez-toc-icon-toggle-span\"><svg style=\"fill: #999;color:#999\" xmlns=\"http:\/\/www.w3.org\/2000\/svg\" class=\"list-377408\" width=\"20px\" height=\"20px\" viewBox=\"0 0 24 24\" fill=\"none\"><path d=\"M6 6H4v2h2V6zm14 0H8v2h12V6zM4 11h2v2H4v-2zm16 0H8v2h12v-2zM4 16h2v2H4v-2zm16 0H8v2h12v-2z\" fill=\"currentColor\"><\/path><\/svg><svg style=\"fill: #999;color:#999\" class=\"arrow-unsorted-368013\" xmlns=\"http:\/\/www.w3.org\/2000\/svg\" width=\"10px\" height=\"10px\" viewBox=\"0 0 24 24\" version=\"1.2\" baseProfile=\"tiny\"><path d=\"M18.2 9.3l-6.2-6.3-6.2 6.3c-.2.2-.3.4-.3.7s.1.5.3.7c.2.2.4.3.7.3h11c.3 0 .5-.1.7-.3.2-.2.3-.5.3-.7s-.1-.5-.3-.7zM5.8 14.7l6.2 6.3 6.2-6.3c.2-.2.3-.5.3-.7s-.1-.5-.3-.7c-.2-.2-.4-.3-.7-.3h-11c-.3 0-.5.1-.7.3-.2.2-.3.5-.3.7s.1.5.3.7z\"\/><\/svg><\/span><\/span><\/span><\/a><\/span><\/div>\n<nav><ul class='ez-toc-list ez-toc-list-level-1 ' ><ul class='ez-toc-list-level-3' ><li class='ez-toc-heading-level-3'><a class=\"ez-toc-link ez-toc-heading-1\" href=\"https:\/\/loudavymkrokem.cz\/fr\/cartagena-colombie-choses-voir\/#Resume\" >R\u00e9sum\u00e9<\/a><\/li><\/ul><\/li><li class='ez-toc-page-1 ez-toc-heading-level-2'><a class=\"ez-toc-link ez-toc-heading-2\" href=\"https:\/\/loudavymkrokem.cz\/fr\/cartagena-colombie-choses-voir\/#Quand_partir_a_Cartagena\" >Quand partir \u00e0 Cartagena<\/a><\/li><li class='ez-toc-page-1 ez-toc-heading-level-2'><a class=\"ez-toc-link ez-toc-heading-3\" href=\"https:\/\/loudavymkrokem.cz\/fr\/cartagena-colombie-choses-voir\/#Ou_se_loger_a_Cartagena\" >O\u00f9 se loger \u00e0 Cartagena<\/a><\/li><li class='ez-toc-page-1 ez-toc-heading-level-2'><a class=\"ez-toc-link ez-toc-heading-4\" href=\"https:\/\/loudavymkrokem.cz\/fr\/cartagena-colombie-choses-voir\/#22_choses_a_voir_et_a_faire_a_Cartagena\" >22 choses \u00e0 voir et \u00e0 faire \u00e0 Cartagena<\/a><ul class='ez-toc-list-level-3' ><li class='ez-toc-heading-level-3'><a class=\"ez-toc-link ez-toc-heading-5\" href=\"https:\/\/loudavymkrokem.cz\/fr\/cartagena-colombie-choses-voir\/#1_Le_Centro_Historico_et_ses_murailles_emblematiques\" >1. Le Centro Hist\u00f3rico et ses murailles embl\u00e9matiques<\/a><\/li><li class='ez-toc-page-1 ez-toc-heading-level-3'><a class=\"ez-toc-link ez-toc-heading-6\" href=\"https:\/\/loudavymkrokem.cz\/fr\/cartagena-colombie-choses-voir\/#2_Castillo_de_San_Felipe_de_Barajas\" >2. Castillo de San Felipe de Barajas<\/a><\/li><li class='ez-toc-page-1 ez-toc-heading-level-3'><a class=\"ez-toc-link ez-toc-heading-7\" href=\"https:\/\/loudavymkrokem.cz\/fr\/cartagena-colombie-choses-voir\/#3_La_place_Plaza_de_Bolivar\" >3. La place Plaza de Bol\u00edvar<\/a><\/li><li class='ez-toc-page-1 ez-toc-heading-level-3'><a class=\"ez-toc-link ez-toc-heading-8\" href=\"https:\/\/loudavymkrokem.cz\/fr\/cartagena-colombie-choses-voir\/#4_Museo_del_Oro_Zenu\" >4. Museo del Oro Zen\u00fa<\/a><\/li><li class='ez-toc-page-1 ez-toc-heading-level-3'><a class=\"ez-toc-link ez-toc-heading-9\" href=\"https:\/\/loudavymkrokem.cz\/fr\/cartagena-colombie-choses-voir\/#5_Palacio_de_la_Inquisicion_Palais_de_lInquisition\" >5. Palacio de la Inquisici\u00f3n (Palais de l&rsquo;Inquisition)<\/a><\/li><li class='ez-toc-page-1 ez-toc-heading-level-3'><a class=\"ez-toc-link ez-toc-heading-10\" href=\"https:\/\/loudavymkrokem.cz\/fr\/cartagena-colombie-choses-voir\/#6_Museo_Naval_del_Caribe\" >6. Museo Naval del Caribe<\/a><\/li><li class='ez-toc-page-1 ez-toc-heading-level-3'><a class=\"ez-toc-link ez-toc-heading-11\" href=\"https:\/\/loudavymkrokem.cz\/fr\/cartagena-colombie-choses-voir\/#7_Plaza_de_los_Coches_et_Torre_del_Reloj\" >7. Plaza de los Coches et Torre del Reloj<\/a><\/li><li class='ez-toc-page-1 ez-toc-heading-level-3'><a class=\"ez-toc-link ez-toc-heading-12\" href=\"https:\/\/loudavymkrokem.cz\/fr\/cartagena-colombie-choses-voir\/#8_Camellon_de_los_Martires\" >8. Camell\u00f3n de los M\u00e1rtires<\/a><\/li><li class='ez-toc-page-1 ez-toc-heading-level-3'><a class=\"ez-toc-link ez-toc-heading-13\" href=\"https:\/\/loudavymkrokem.cz\/fr\/cartagena-colombie-choses-voir\/#9_Getsemani_et_le_street_art\" >9. Getseman\u00ed et le street art<\/a><\/li><li class='ez-toc-page-1 ez-toc-heading-level-3'><a class=\"ez-toc-link ez-toc-heading-14\" href=\"https:\/\/loudavymkrokem.cz\/fr\/cartagena-colombie-choses-voir\/#10_La_Plaza_de_la_Trinidad_le_soir\" >10. La Plaza de la Trinidad le soir<\/a><\/li><li class='ez-toc-page-1 ez-toc-heading-level-3'><a class=\"ez-toc-link ez-toc-heading-15\" href=\"https:\/\/loudavymkrokem.cz\/fr\/cartagena-colombie-choses-voir\/#11_Les_paresseux_du_parc_Centenario\" >11. Les paresseux du parc Centenario<\/a><\/li><li class='ez-toc-page-1 ez-toc-heading-level-3'><a class=\"ez-toc-link ez-toc-heading-16\" href=\"https:\/\/loudavymkrokem.cz\/fr\/cartagena-colombie-choses-voir\/#12_La_vue_depuis_le_Convento_de_la_Popa\" >12. La vue depuis le Convento de la Popa<\/a><\/li><li class='ez-toc-page-1 ez-toc-heading-level-3'><a class=\"ez-toc-link ez-toc-heading-17\" href=\"https:\/\/loudavymkrokem.cz\/fr\/cartagena-colombie-choses-voir\/#13_Bars_sur_les_toits_et_vues_de_luxe\" >13. Bars sur les toits et vues de luxe<\/a><\/li><li class='ez-toc-page-1 ez-toc-heading-level-3'><a class=\"ez-toc-link ez-toc-heading-18\" href=\"https:\/\/loudavymkrokem.cz\/fr\/cartagena-colombie-choses-voir\/#14_Le_coucher_de_soleil_sur_les_murailles_Cafe_del_Mar\" >14. Le coucher de soleil sur les murailles (Caf\u00e9 del Mar)<\/a><\/li><li class='ez-toc-page-1 ez-toc-heading-level-3'><a class=\"ez-toc-link ez-toc-heading-19\" href=\"https:\/\/loudavymkrokem.cz\/fr\/cartagena-colombie-choses-voir\/#15_Les_plages_de_Bocagrande_et_Castillogrande_avis_honnete\" >15. Les plages de Bocagrande et Castillogrande (avis honn\u00eate)<\/a><\/li><li class='ez-toc-page-1 ez-toc-heading-level-3'><a class=\"ez-toc-link ez-toc-heading-20\" href=\"https:\/\/loudavymkrokem.cz\/fr\/cartagena-colombie-choses-voir\/#16_Islas_del_Rosario_et_le_piege_a_argent\" >16. Islas del Rosario et le pi\u00e8ge \u00e0 argent<\/a><\/li><li class='ez-toc-page-1 ez-toc-heading-level-3'><a class=\"ez-toc-link ez-toc-heading-21\" href=\"https:\/\/loudavymkrokem.cz\/fr\/cartagena-colombie-choses-voir\/#17_Les_beach_clubs_des_iles_au_lieu_des_plages_publiques\" >17. Les beach clubs des \u00eeles (au lieu des plages publiques)<\/a><\/li><li class='ez-toc-page-1 ez-toc-heading-level-3'><a class=\"ez-toc-link ez-toc-heading-22\" href=\"https:\/\/loudavymkrokem.cz\/fr\/cartagena-colombie-choses-voir\/#18_Le_village_de_pecheurs_de_La_Boquilla_et_les_mangroves\" >18. Le village de p\u00eacheurs de La Boquilla et les mangroves<\/a><\/li><li class='ez-toc-page-1 ez-toc-heading-level-3'><a class=\"ez-toc-link ez-toc-heading-23\" href=\"https:\/\/loudavymkrokem.cz\/fr\/cartagena-colombie-choses-voir\/#19_Le_marche_Bazurto_uniquement_pour_les_ames_bien_accrochees\" >19. Le march\u00e9 Bazurto (uniquement pour les \u00e2mes bien accroch\u00e9es)<\/a><\/li><li class='ez-toc-page-1 ez-toc-heading-level-3'><a class=\"ez-toc-link ez-toc-heading-24\" href=\"https:\/\/loudavymkrokem.cz\/fr\/cartagena-colombie-choses-voir\/#20_Museo_del_Chocolate_et_le_cacao_colombien\" >20. Museo del Chocolate et le cacao colombien<\/a><\/li><li class='ez-toc-page-1 ez-toc-heading-level-3'><a class=\"ez-toc-link ez-toc-heading-25\" href=\"https:\/\/loudavymkrokem.cz\/fr\/cartagena-colombie-choses-voir\/#21_Cuisine_de_rue_et_saveurs_caribeennes\" >21. Cuisine de rue et saveurs carib\u00e9ennes<\/a><\/li><li class='ez-toc-page-1 ez-toc-heading-level-3'><a class=\"ez-toc-link ez-toc-heading-26\" href=\"https:\/\/loudavymkrokem.cz\/fr\/cartagena-colombie-choses-voir\/#22_Ou_manger_sans_viande_conseils_vegetariens\" >22. O\u00f9 manger sans viande (conseils v\u00e9g\u00e9tariens)<\/a><\/li><\/ul><\/li><li class='ez-toc-page-1 ez-toc-heading-level-2'><a class=\"ez-toc-link ez-toc-heading-27\" href=\"https:\/\/loudavymkrokem.cz\/fr\/cartagena-colombie-choses-voir\/#Ou_aller_depuis_Cartagena_excursions_dans_les_environs\" >O\u00f9 aller depuis Cartagena (excursions dans les environs)<\/a><\/li><li class='ez-toc-page-1 ez-toc-heading-level-2'><a class=\"ez-toc-link ez-toc-heading-28\" href=\"https:\/\/loudavymkrokem.cz\/fr\/cartagena-colombie-choses-voir\/#Questions_frequentes\" >Questions fr\u00e9quentes<\/a><ul class='ez-toc-list-level-3' ><li class='ez-toc-heading-level-3'><a class=\"ez-toc-link ez-toc-heading-29\" href=\"https:\/\/loudavymkrokem.cz\/fr\/cartagena-colombie-choses-voir\/#Cartagena_est-elle_sure\" >Cartagena est-elle s\u00fbre ?<\/a><\/li><li class='ez-toc-page-1 ez-toc-heading-level-3'><a class=\"ez-toc-link ez-toc-heading-30\" href=\"https:\/\/loudavymkrokem.cz\/fr\/cartagena-colombie-choses-voir\/#Comment_ca_se_passe_avec_les_taxis_ont-ils_un_compteur\" >Comment \u00e7a se passe avec les taxis, ont-ils un compteur ?<\/a><\/li><li class='ez-toc-page-1 ez-toc-heading-level-3'><a class=\"ez-toc-link ez-toc-heading-31\" href=\"https:\/\/loudavymkrokem.cz\/fr\/cartagena-colombie-choses-voir\/#Dois-je_aller_aux_iles_Rosario_ou_a_Playa_Blanca\" >Dois-je aller aux \u00eeles Rosario ou \u00e0 Playa Blanca ?<\/a><\/li><li class='ez-toc-page-1 ez-toc-heading-level-3'><a class=\"ez-toc-link ez-toc-heading-32\" href=\"https:\/\/loudavymkrokem.cz\/fr\/cartagena-colombie-choses-voir\/#Comment_se_debarrasser_efficacement_des_vendeurs_de_rue\" >Comment se d\u00e9barrasser efficacement des vendeurs de rue ?<\/a><\/li><li class='ez-toc-page-1 ez-toc-heading-level-3'><a class=\"ez-toc-link ez-toc-heading-33\" href=\"https:\/\/loudavymkrokem.cz\/fr\/cartagena-colombie-choses-voir\/#Peut-on_payer_en_dollars_americains_a_Cartagena\" >Peut-on payer en dollars am\u00e9ricains \u00e0 Cartagena ?<\/a><\/li><li class='ez-toc-page-1 ez-toc-heading-level-3'><a class=\"ez-toc-link ez-toc-heading-34\" href=\"https:\/\/loudavymkrokem.cz\/fr\/cartagena-colombie-choses-voir\/#Peut-on_boire_leau_du_robinet_a_Cartagena\" >Peut-on boire l&rsquo;eau du robinet \u00e0 Cartagena ?<\/a><\/li><li class='ez-toc-page-1 ez-toc-heading-level-3'><a class=\"ez-toc-link ez-toc-heading-35\" href=\"https:\/\/loudavymkrokem.cz\/fr\/cartagena-colombie-choses-voir\/#Combien_de_jours_faut-il_pour_Cartagena\" >Combien de jours faut-il pour Cartagena ?<\/a><\/li><\/ul><\/li><\/ul><\/nav><\/div>\n<h3 class=\"wp-block-heading\"><span class=\"ez-toc-section\" id=\"Resume\"><\/span>R\u00e9sum\u00e9<span class=\"ez-toc-section-end\"><\/span><\/h3>\n\n\n\n<ul class=\"wp-block-list\">\n\n<li><strong>Exon\u00e9ration fiscale pour les \u00e9trangers :<\/strong> Si ton passeport porte le tampon touristique PIP-5, <strong>tu ne paies pas la TVA de 19 % (IVA) dans les h\u00f4tels<\/strong>. V\u00e9rifie toujours \u00e7a sur la facture finale, certains h\u00f4tels tentent quand m\u00eame de te la facturer.<\/li>\n\n\n\n<li><strong>Frais cach\u00e9s pour les \u00eeles :<\/strong> Les excursions vers les Islas del Rosario ont un pi\u00e8ge, <strong>l&rsquo;entr\u00e9e du parc national et l&rsquo;assurance (environ 40 000 COP) se paient en esp\u00e8ces au quai<\/strong> et ne sont pas incluses dans le prix du tour.<\/li>\n\n\n\n<li><strong>Une beaut\u00e9 pay\u00e9e en patience :<\/strong> Cartagena est un paradis visuel, mais <strong>pr\u00e9pare-toi \u00e0 des vendeurs ambulants insistants<\/strong>, qu&rsquo;il faut savoir refuser poliment mais tr\u00e8s fermement.<\/li>\n\n\n\n<li><strong>Des plages en demi-teinte :<\/strong> La plage urbaine de Bocagrande a une eau brune, <strong>pour le sable blanc tu dois aller sur les \u00eeles<\/strong>, mais attention aux foules de midi sur Playa Blanca.<\/li>\n\n\n\n<li><strong>La s\u00e9curit\u00e9 avant tout :<\/strong> N&rsquo;utilise jamais de taxi sans prix convenu \u00e0 l&rsquo;avance (ou choisis plut\u00f4t Uber ou InDriver) et <strong>sois extr\u00eamement prudent lors des sorties nocturnes et des rendez-vous \u00e0 l&rsquo;aveugle<\/strong>.<\/li>\n\n\n\n<li><strong>Transport depuis l&rsquo;a\u00e9roport :<\/strong> L&rsquo;a\u00e9roport Rafael N\u00fa\u00f1ez est <strong>\u00e0 seulement 10 \u00e0 15 minutes du centre<\/strong>, un \u00e9norme avantage par rapport \u00e0 d&rsquo;autres m\u00e9tropoles.<\/li>\n\n\n<\/ul>\n\n\n\n<h2 class=\"wp-block-heading\"><span class=\"ez-toc-section\" id=\"Quand_partir_a_Cartagena\"><\/span>Quand partir \u00e0 Cartagena<span class=\"ez-toc-section-end\"><\/span><\/h2>\n\n\n\n<p class=\"wp-block-paragraph\">Cartagena est une destination carib\u00e9enne typique o\u00f9 r\u00e8gne une <strong>temp\u00e9rature constante de 31 \u00e0 33 \u00b0C toute l&rsquo;ann\u00e9e<\/strong>, alors tu peux laisser tes pulls \u00e0 la maison sans souci. La seule diff\u00e9rence de m\u00e9t\u00e9o r\u00e9side dans le fait que l&rsquo;air stagne lourdement sur place ou qu&rsquo;un agr\u00e9able vent frais souffle de la mer. <strong>La haute saison, la plus pris\u00e9e, va de d\u00e9cembre \u00e0 avril<\/strong>, quand il fait sec, qu&rsquo;un aliz\u00e9 rafra\u00eechissant souffle et que le soleil brille pratiquement tous les jours. Mais \u00e0 cette p\u00e9riode, la ville craque sous l&rsquo;afflux de touristes \u00e9trangers et de Colombiens en vacances, ce qui fait logiquement grimper les prix des h\u00f4tels \u00e0 leur maximum annuel.<\/p>\n\n\n\n<p class=\"wp-block-paragraph\">Si tu n&rsquo;aimes pas la lourdeur \u00e9touffante et l&rsquo;humidit\u00e9 \u00e9lev\u00e9e, <strong>\u00e9vite la p\u00e9riode de septembre \u00e0 novembre<\/strong>, la principale saison des pluies sur la c\u00f4te cara\u00efbe. Septembre en particulier est statistiquement le mois le plus humide de l&rsquo;ann\u00e9e, quand les ruelles historiques peuvent se transformer en profondes flaques en quelques minutes. <strong>L&rsquo;humidit\u00e9 \u00e9lev\u00e9e transforme les simples promenades en v\u00e9ritable performance sportive<\/strong> pendant laquelle tu transpires aussit\u00f4t. On peut \u00e9videmment visiter la ville m\u00eame \u00e0 cette p\u00e9riode, mais attends-toi \u00e0 devoir bien plus souvent te r\u00e9fugier dans des caf\u00e9s et mus\u00e9es climatis\u00e9s.<\/p>\n\n\n\n<p class=\"wp-block-paragraph\">Pour le meilleur rapport possible entre belle m\u00e9t\u00e9o et prix un peu plus supportables, <strong>le tournant novembre-d\u00e9cembre est un excellent compromis<\/strong>, tout comme les mois de printemps juste en dehors des f\u00eates de P\u00e2ques (Semana Santa). Garde toujours \u00e0 l&rsquo;esprit que <strong>le soleil des Cara\u00efbes est vraiment mordant et ne pardonne rien<\/strong>, alors chapeau large, litres d&rsquo;eau en bouteille et une bonne cr\u00e8me solaire sont absolument indispensables en n&rsquo;importe quel mois. Emporte aussi des v\u00eatements l\u00e9gers en lin, dans lesquels tu te sentiras le plus \u00e0 l&rsquo;aise.<\/p>\n\n\n\n<h2 class=\"wp-block-heading\"><span class=\"ez-toc-section\" id=\"Ou_se_loger_a_Cartagena\"><\/span>O\u00f9 se loger \u00e0 Cartagena<span class=\"ez-toc-section-end\"><\/span><\/h2>\n\n\n\n<p class=\"wp-block-paragraph\">Le choix du logement compte vraiment \u2014 et \u00e0 Cartagena plus que partout ailleurs, car la diff\u00e9rence entre les quartiers est brutale. <strong>Le plus charmant est de loger directement dans le Centro Hist\u00f3rico<\/strong>, o\u00f9 tu as tous les monuments c\u00e9l\u00e8bres et d&rsquo;excellents restaurants \u00e0 port\u00e9e de main, mais les prix y sont logiquement les plus \u00e9lev\u00e9s de toute la Colombie. Pour une ambiance un peu plus boh\u00e8me, pleine de street art et de vie nocturne anim\u00e9e, <strong>choisis le quartier pris\u00e9 de Getseman\u00ed<\/strong>, aujourd&rsquo;hui devenu un v\u00e9ritable hit. Si au contraire tu recherches avant tout des h\u00f4tels modernes en hauteur avec piscine et vue directe sur la mer, la presqu&rsquo;\u00eele de Bocagrande sera id\u00e9ale pour toi.<\/p>\n\n\n\n<p class=\"wp-block-paragraph\">Une information essentielle pour ton budget voyage : <strong>les \u00e9trangers en Colombie ne paient pas la TVA de 19 % (IVA) sur l&rsquo;h\u00e9bergement<\/strong>. La condition principale est d&rsquo;entrer dans le pays avec le tampon touristique classique, le fameux PIP-5, que tu re\u00e7ois normalement dans ton passeport d\u00e8s l&rsquo;a\u00e9roport. <strong>Pour appliquer cette r\u00e9duction, l&rsquo;h\u00f4tel doit photocopier ton passeport avec ce tampon<\/strong>, sinon il te facturera la taxe sans \u00e9tat d&rsquo;\u00e2me. La pratique, malheureusement r\u00e9pandue dans toute la ville, est qu&rsquo;environ la moiti\u00e9 des h\u00f4tels d\u00e9duisent la r\u00e9duction automatiquement, tandis que l&rsquo;autre moiti\u00e9 tente de te la facturer discr\u00e8tement. <strong>V\u00e9rifie toujours attentivement la facture finale au d\u00e9part<\/strong> et n&rsquo;h\u00e9site pas \u00e0 le signaler \u00e0 la r\u00e9ception.<\/p>\n\n\n\n<p class=\"wp-block-paragraph\">Parmi les h\u00f4tels r\u00e9put\u00e9s et magnifiques, on trouve par exemple <strong>l&rsquo;Hotel Casa San Agustin<\/strong>, un h\u00f4tel-boutique de luxe en plein c\u0153ur de la vieille ville, qui te charmera avec sa cour int\u00e9rieure paisible et sa piscine int\u00e9gr\u00e9e dans les vieilles murailles. Si tu cherches quelque chose de plus moderne avec une vue panoramique, essaie le <strong>GHL San Lazaro Art Hotel<\/strong>, qui offre une vue imprenable directement sur le ch\u00e2teau San Felipe. Pour un s\u00e9jour totalement paisible dans un style colonial avec un service haut de gamme, le <strong>Sofitel Legend Santa Clara<\/strong> est une v\u00e9ritable l\u00e9gende, install\u00e9 dans un ancien couvent soigneusement r\u00e9nov\u00e9.<\/p>\n\n\n\n<p class=\"wp-block-paragraph\"><em>\ud83d\udca1 <a href=\"https:\/\/www.stay22.com\/allez\/roam?aid=lukaskonecny&#038;campaign=loudavymkrokemcz&#038;campaign=co-videt-v-cartagene&#038;address=Cartagena%2C%20Kolumbie\" target=\"_blank\" rel=\"nofollow noopener sponsored\">Sur cette carte, tu peux comparer ce qui est disponible en ce moment<\/a> \u2014 tu verras tout de suite \u00e0 quel point Getseman\u00ed est moins cher que les murailles.<\/em><\/p>\n\n\n\n<h2 class=\"wp-block-heading\"><span class=\"ez-toc-section\" id=\"22_choses_a_voir_et_a_faire_a_Cartagena\"><\/span>22 choses \u00e0 voir et \u00e0 faire \u00e0 Cartagena<span class=\"ez-toc-section-end\"><\/span><\/h2>\n\n\n\n<p class=\"wp-block-paragraph\">Avant de te jeter dans le tourbillon des ruelles colombiennes, jette un \u0153il \u00e0 notre s\u00e9lection de ce que la ville offre de plus int\u00e9ressant. Ces 22 conseils te montreront Cartagena sous toutes ses facettes, des monuments rutilants aux recoins les plus recul\u00e9s, et t&rsquo;aideront \u00e0 \u00e9viter les inutiles <strong>pi\u00e8ges \u00e0 touristes<\/strong>.<\/p>\n\n\n\n<p class=\"wp-block-paragraph\">Nous avons combin\u00e9 pour toi les classiques <strong>incontournables<\/strong> avec quelques <strong>joyaux cach\u00e9s<\/strong>, afin que tu puisses te concocter le bon cocktail d&rsquo;exp\u00e9riences exactement \u00e0 ton go\u00fbt.<\/p>\n\n\n\n<figure data-wp-context=\"{&quot;imageId&quot;:&quot;6a9c5ffc39734&quot;}\" data-wp-interactive=\"core\/image\" data-wp-key=\"6a9c5ffc39734\" class=\"wp-block-image size-full wp-lightbox-container\"><img decoding=\"async\" width=\"1600\" height=\"1067\" data-wp-class--hide=\"state.isContentHidden\" data-wp-class--show=\"state.isContentVisible\" data-wp-init=\"callbacks.setButtonStyles\" data-wp-on--click=\"actions.showLightbox\" data-wp-on--load=\"callbacks.setButtonStyles\" data-wp-on--pointerdown=\"actions.preloadImage\" data-wp-on--pointerenter=\"actions.preloadImageWithDelay\" data-wp-on--pointerleave=\"actions.cancelPreload\" data-wp-on-window--resize=\"callbacks.setButtonStyles\" src=\"https:\/\/loudavymkrokem.cz\/wp-content\/uploads\/2026\/09\/centro-hist-rico.jpg\" alt=\"Le Centro Hist\u00f3rico et ses murailles embl\u00e9matiques\" class=\"wp-image-415691\" title=\"\" srcset=\"https:\/\/loudavymkrokem.cz\/wp-content\/uploads\/2026\/09\/centro-hist-rico.jpg 1600w, https:\/\/loudavymkrokem.cz\/wp-content\/uploads\/2026\/09\/centro-hist-rico-300x200.jpg 300w, https:\/\/loudavymkrokem.cz\/wp-content\/uploads\/2026\/09\/centro-hist-rico-700x467.jpg 700w, https:\/\/loudavymkrokem.cz\/wp-content\/uploads\/2026\/09\/centro-hist-rico-768x512.jpg 768w, https:\/\/loudavymkrokem.cz\/wp-content\/uploads\/2026\/09\/centro-hist-rico-1536x1024.jpg 1536w, https:\/\/loudavymkrokem.cz\/wp-content\/uploads\/2026\/09\/centro-hist-rico-696x464.jpg 696w, https:\/\/loudavymkrokem.cz\/wp-content\/uploads\/2026\/09\/centro-hist-rico-1392x928.jpg 1392w\" sizes=\"(max-width: 1600px) 100vw, 1600px\" \/><button\n\t\t\tclass=\"lightbox-trigger\"\n\t\t\ttype=\"button\"\n\t\t\taria-haspopup=\"dialog\"\n\t\t\tdata-wp-bind--aria-label=\"state.thisImage.triggerButtonAriaLabel\"\n\t\t\tdata-wp-init=\"callbacks.initTriggerButton\"\n\t\t\tdata-wp-on--click=\"actions.showLightbox\"\n\t\t\tdata-wp-style--right=\"state.thisImage.buttonRight\"\n\t\t\tdata-wp-style--top=\"state.thisImage.buttonTop\"\n\t\t>\n\t\t\t<svg xmlns=\"http:\/\/www.w3.org\/2000\/svg\" width=\"12\" height=\"12\" fill=\"none\" viewBox=\"0 0 12 12\">\n\t\t\t\t<path fill=\"#fff\" d=\"M2 0a2 2 0 0 0-2 2v2h1.5V2a.5.5 0 0 1 .5-.5h2V0H2Zm2 10.5H2a.5.5 0 0 1-.5-.5V8H0v2a2 2 0 0 0 2 2h2v-1.5ZM8 12v-1.5h2a.5.5 0 0 0 .5-.5V8H12v2a2 2 0 0 1-2 2H8Zm2-12a2 2 0 0 1 2 2v2h-1.5V2a.5.5 0 0 0-.5-.5H8V0h2Z\" \/>\n\t\t\t<\/svg>\n\t\t<\/button><figcaption class=\"wp-element-caption\">Photo : Andreas Saxer \/ Google Maps<\/figcaption><\/figure>\n\n\n\n<h3 class=\"wp-block-heading\"><span class=\"ez-toc-section\" id=\"1_Le_Centro_Historico_et_ses_murailles_emblematiques\"><\/span>1. Le Centro Hist\u00f3rico et ses murailles embl\u00e9matiques<span class=\"ez-toc-section-end\"><\/span><\/h3>\n\n\n\n<p class=\"wp-block-paragraph\">La raison principale pour laquelle les voyageurs du monde entier viennent ici, c&rsquo;est le <strong>Centro Hist\u00f3rico de Cartagena, qui affiche une note fantastique de 4,8 sur plus de 4 000 avis<\/strong>. \u00c0 juste titre, ce chef-d&rsquo;\u0153uvre architectural est <a href=\"https:\/\/whc.unesco.org\/en\/list\/285\" rel=\"nofollow noopener\" target=\"_blank\">inscrit au patrimoine mondial de l&rsquo;UNESCO<\/a> depuis 1984. Toute la vieille ville est ceinte d&rsquo;environ <strong>11 kilom\u00e8tres de massives murailles de pierre<\/strong>, qui prot\u00e9geaient autrefois la richesse de la ville des raids de pirates et servent aujourd&rsquo;hui du meilleur parcours panoramique imaginable.<\/p>\n\n\n\n<p class=\"wp-block-paragraph\">Garde vraiment les murailles pour t\u00f4t le matin ou en fin d&rsquo;apr\u00e8s-midi. Vers midi, les pierres historiques chauffent tellement sous le soleil carib\u00e9en qu&rsquo;on n&rsquo;y respire plus, et il n&rsquo;y a absolument aucune ombre. \u00c0 l&rsquo;int\u00e9rieur m\u00eame des murailles, tu trouveras le vrai conte de f\u00e9es carib\u00e9en : <strong>des maisons coloniales color\u00e9es aux balcons de bois<\/strong>, d&rsquo;o\u00f9 pendent des grappes de bougainvilliers \u00e9clatants dans des tons roses, violets et rouge vif.<\/p>\n\n\n\n<p class=\"wp-block-paragraph\">En parcourant ces ruelles pittoresques, tu tomberas sur d&rsquo;innombrables coins photog\u00e9niques, mais aussi sur <strong>une \u00e9norme quantit\u00e9 de vendeurs ambulants et de femmes souriantes en robes color\u00e9es<\/strong>, qu&rsquo;on appelle les palenqueras. Si tu veux faire avec elles une photo traditionnelle avec des fruits sur la t\u00eate, sache qu&rsquo;un pourboire est toujours attendu. \ud83d\udca1 <strong>Astuce :<\/strong> Ne te laisse pas entra\u00eener dans de longues conversations avec les rabatteurs de rue, il suffit de sourire poliment, de dire un ferme \u00ab no, gracias \u00bb et de continuer ton chemin sans t&rsquo;arr\u00eater.<\/p>\n\n\n\n<figure data-wp-context=\"{&quot;imageId&quot;:&quot;6a9c5ffc39ca2&quot;}\" data-wp-interactive=\"core\/image\" data-wp-key=\"6a9c5ffc39ca2\" class=\"wp-block-image size-full wp-lightbox-container\"><img decoding=\"async\" width=\"1600\" height=\"1200\" data-wp-class--hide=\"state.isContentHidden\" data-wp-class--show=\"state.isContentVisible\" data-wp-init=\"callbacks.setButtonStyles\" data-wp-on--click=\"actions.showLightbox\" data-wp-on--load=\"callbacks.setButtonStyles\" data-wp-on--pointerdown=\"actions.preloadImage\" data-wp-on--pointerenter=\"actions.preloadImageWithDelay\" data-wp-on--pointerleave=\"actions.cancelPreload\" data-wp-on-window--resize=\"callbacks.setButtonStyles\" src=\"https:\/\/loudavymkrokem.cz\/wp-content\/uploads\/2026\/09\/castillo-de-san-felipe-de-barajas.jpg\" alt=\"Castillo de San Felipe de Barajas\" class=\"wp-image-415695\" title=\"\" srcset=\"https:\/\/loudavymkrokem.cz\/wp-content\/uploads\/2026\/09\/castillo-de-san-felipe-de-barajas.jpg 1600w, https:\/\/loudavymkrokem.cz\/wp-content\/uploads\/2026\/09\/castillo-de-san-felipe-de-barajas-300x225.jpg 300w, https:\/\/loudavymkrokem.cz\/wp-content\/uploads\/2026\/09\/castillo-de-san-felipe-de-barajas-700x525.jpg 700w, https:\/\/loudavymkrokem.cz\/wp-content\/uploads\/2026\/09\/castillo-de-san-felipe-de-barajas-768x576.jpg 768w, https:\/\/loudavymkrokem.cz\/wp-content\/uploads\/2026\/09\/castillo-de-san-felipe-de-barajas-1536x1152.jpg 1536w, https:\/\/loudavymkrokem.cz\/wp-content\/uploads\/2026\/09\/castillo-de-san-felipe-de-barajas-80x60.jpg 80w, https:\/\/loudavymkrokem.cz\/wp-content\/uploads\/2026\/09\/castillo-de-san-felipe-de-barajas-160x120.jpg 160w, https:\/\/loudavymkrokem.cz\/wp-content\/uploads\/2026\/09\/castillo-de-san-felipe-de-barajas-696x522.jpg 696w, https:\/\/loudavymkrokem.cz\/wp-content\/uploads\/2026\/09\/castillo-de-san-felipe-de-barajas-1392x1044.jpg 1392w\" sizes=\"(max-width: 1600px) 100vw, 1600px\" \/><button\n\t\t\tclass=\"lightbox-trigger\"\n\t\t\ttype=\"button\"\n\t\t\taria-haspopup=\"dialog\"\n\t\t\tdata-wp-bind--aria-label=\"state.thisImage.triggerButtonAriaLabel\"\n\t\t\tdata-wp-init=\"callbacks.initTriggerButton\"\n\t\t\tdata-wp-on--click=\"actions.showLightbox\"\n\t\t\tdata-wp-style--right=\"state.thisImage.buttonRight\"\n\t\t\tdata-wp-style--top=\"state.thisImage.buttonTop\"\n\t\t>\n\t\t\t<svg xmlns=\"http:\/\/www.w3.org\/2000\/svg\" width=\"12\" height=\"12\" fill=\"none\" viewBox=\"0 0 12 12\">\n\t\t\t\t<path fill=\"#fff\" d=\"M2 0a2 2 0 0 0-2 2v2h1.5V2a.5.5 0 0 1 .5-.5h2V0H2Zm2 10.5H2a.5.5 0 0 1-.5-.5V8H0v2a2 2 0 0 0 2 2h2v-1.5ZM8 12v-1.5h2a.5.5 0 0 0 .5-.5V8H12v2a2 2 0 0 1-2 2H8Zm2-12a2 2 0 0 1 2 2v2h-1.5V2a.5.5 0 0 0-.5-.5H8V0h2Z\" \/>\n\t\t\t<\/svg>\n\t\t<\/button><figcaption class=\"wp-element-caption\">Photo : Kelly Ng \/ Google Maps<\/figcaption><\/figure>\n\n\n\n<h3 class=\"wp-block-heading\"><span class=\"ez-toc-section\" id=\"2_Castillo_de_San_Felipe_de_Barajas\"><\/span>2. Castillo de San Felipe de Barajas<span class=\"ez-toc-section-end\"><\/span><\/h3>\n\n\n\n<p class=\"wp-block-paragraph\">C&rsquo;est le monument dominant de toute la ville et <strong>d&rsquo;apr\u00e8s le nombre d&rsquo;avis (pr\u00e8s de 68 000), c&rsquo;est le lieu le plus visit\u00e9 de tout Cartagena<\/strong>. Le Castillo de San Felipe de Barajas est la plus grande forteresse espagnole du continent am\u00e9ricain (et quand tu te tiens l\u00e0, face \u00e0 ces murs de pierre massifs, tu y crois vraiment). Sa construction a commenc\u00e9 d\u00e8s 1657 sur une colline strat\u00e9gique et, gr\u00e2ce \u00e0 un ing\u00e9nieux syst\u00e8me de d\u00e9fense et de tunnels souterrains, aucun ennemi n&rsquo;a jamais r\u00e9ussi \u00e0 la conqu\u00e9rir.<\/p>\n\n\n\n<p class=\"wp-block-paragraph\">Explorer cette immense forteresse peut te prendre facilement deux heures et <strong>la plus grande exp\u00e9rience est de te perdre dans les tunnels sombres et labyrinthiques<\/strong>, con\u00e7us par les architectes pour amplifier d\u00e9lib\u00e9r\u00e9ment le bruit des pas d&rsquo;\u00e9ventuels assaillants. La forteresse est <a href=\"https:\/\/fortificacionescartagena.com.co\/en\/castle-of-san-felipe-de-barajas\/\" rel=\"nofollow noopener\" target=\"_blank\">ouverte au public<\/a> <strong>tous les jours de 8h00 \u00e0 18h00<\/strong>, et l\u00e0 aussi vaut la r\u00e8gle d&rsquo;or : n&rsquo;y va pas en plein midi, car il n&rsquo;y a pratiquement aucun abri contre le soleil sur les remparts.<\/p>\n\n\n\n<p class=\"wp-block-paragraph\"><strong>Le billet de base pour les \u00e9trangers co\u00fbte 25 000 COP<\/strong>, tandis que les habitants locaux paient un peu moins, environ 20 000 COP. Si tu voyages en famille, les enfants de moins de 6 ans et les seniors de plus de 62 ans entrent gratuitement dans tout le site. \ud83d\udca1 <strong>Astuce pour les voyageurs \u00e9conomes :<\/strong> Si \u00e7a tombe bien au niveau des dates, planifie ta visite pour <strong>le dernier dimanche du mois, quand l&rsquo;entr\u00e9e est totalement gratuite pour absolument tous les visiteurs<\/strong> (\u00e0 l&rsquo;exception des mois charg\u00e9s de janvier et d\u00e9cembre).<\/p>\n\n\n\n<figure data-wp-context=\"{&quot;imageId&quot;:&quot;6a9c5ffc3a440&quot;}\" data-wp-interactive=\"core\/image\" data-wp-key=\"6a9c5ffc3a440\" class=\"wp-block-image size-full wp-lightbox-container\"><img decoding=\"async\" width=\"1600\" height=\"2133\" data-wp-class--hide=\"state.isContentHidden\" data-wp-class--show=\"state.isContentVisible\" data-wp-init=\"callbacks.setButtonStyles\" data-wp-on--click=\"actions.showLightbox\" data-wp-on--load=\"callbacks.setButtonStyles\" data-wp-on--pointerdown=\"actions.preloadImage\" data-wp-on--pointerenter=\"actions.preloadImageWithDelay\" data-wp-on--pointerleave=\"actions.cancelPreload\" data-wp-on-window--resize=\"callbacks.setButtonStyles\" src=\"https:\/\/loudavymkrokem.cz\/wp-content\/uploads\/2026\/09\/n-m-st-plaza-de-bol-var.jpg\" alt=\"Place Plaza de Bol\u00edvar\" class=\"wp-image-415697\" title=\"\" srcset=\"https:\/\/loudavymkrokem.cz\/wp-content\/uploads\/2026\/09\/n-m-st-plaza-de-bol-var.jpg 1600w, https:\/\/loudavymkrokem.cz\/wp-content\/uploads\/2026\/09\/n-m-st-plaza-de-bol-var-225x300.jpg 225w, https:\/\/loudavymkrokem.cz\/wp-content\/uploads\/2026\/09\/n-m-st-plaza-de-bol-var-700x933.jpg 700w, https:\/\/loudavymkrokem.cz\/wp-content\/uploads\/2026\/09\/n-m-st-plaza-de-bol-var-768x1024.jpg 768w, https:\/\/loudavymkrokem.cz\/wp-content\/uploads\/2026\/09\/n-m-st-plaza-de-bol-var-1152x1536.jpg 1152w, https:\/\/loudavymkrokem.cz\/wp-content\/uploads\/2026\/09\/n-m-st-plaza-de-bol-var-1536x2048.jpg 1536w, https:\/\/loudavymkrokem.cz\/wp-content\/uploads\/2026\/09\/n-m-st-plaza-de-bol-var-696x928.jpg 696w, https:\/\/loudavymkrokem.cz\/wp-content\/uploads\/2026\/09\/n-m-st-plaza-de-bol-var-1392x1856.jpg 1392w\" sizes=\"(max-width: 1600px) 100vw, 1600px\" \/><button\n\t\t\tclass=\"lightbox-trigger\"\n\t\t\ttype=\"button\"\n\t\t\taria-haspopup=\"dialog\"\n\t\t\tdata-wp-bind--aria-label=\"state.thisImage.triggerButtonAriaLabel\"\n\t\t\tdata-wp-init=\"callbacks.initTriggerButton\"\n\t\t\tdata-wp-on--click=\"actions.showLightbox\"\n\t\t\tdata-wp-style--right=\"state.thisImage.buttonRight\"\n\t\t\tdata-wp-style--top=\"state.thisImage.buttonTop\"\n\t\t>\n\t\t\t<svg xmlns=\"http:\/\/www.w3.org\/2000\/svg\" width=\"12\" height=\"12\" fill=\"none\" viewBox=\"0 0 12 12\">\n\t\t\t\t<path fill=\"#fff\" d=\"M2 0a2 2 0 0 0-2 2v2h1.5V2a.5.5 0 0 1 .5-.5h2V0H2Zm2 10.5H2a.5.5 0 0 1-.5-.5V8H0v2a2 2 0 0 0 2 2h2v-1.5ZM8 12v-1.5h2a.5.5 0 0 0 .5-.5V8H12v2a2 2 0 0 1-2 2H8Zm2-12a2 2 0 0 1 2 2v2h-1.5V2a.5.5 0 0 0-.5-.5H8V0h2Z\" \/>\n\t\t\t<\/svg>\n\t\t<\/button><figcaption class=\"wp-element-caption\">Photo : Kody Kozak \/ Google Maps<\/figcaption><\/figure>\n\n\n\n<h3 class=\"wp-block-heading\"><span class=\"ez-toc-section\" id=\"3_La_place_Plaza_de_Bolivar\"><\/span>3. La place Plaza de Bol\u00edvar<span class=\"ez-toc-section-end\"><\/span><\/h3>\n\n\n\n<p class=\"wp-block-paragraph\">Le c\u0153ur verdoyant de toute la vieille ville est la <strong>Plaza de Bol\u00edvar (superbe note de 4,6), qui fonctionne comme une parfaite oasis de calme<\/strong>. Contrairement aux ruelles de pierre alentour br\u00fbl\u00e9es par le soleil, tu y trouveras plein de bancs bien \u00e0 l&rsquo;abri sous l&rsquo;ombre de grands arbres anciens, o\u00f9 s&rsquo;assoient habitants et voyageurs fatigu\u00e9s du monde entier. Au centre de la place tr\u00f4ne bien s\u00fbr la statue \u00e9questre de Sim\u00f3n Bol\u00edvar lui-m\u00eame, le c\u00e9l\u00e8bre lib\u00e9rateur de l&rsquo;Am\u00e9rique du Sud.<\/p>\n\n\n\n<p class=\"wp-block-paragraph\">Cette place n&rsquo;est pas seulement un endroit parfait pour se reposer apr\u00e8s une longue marche, elle est aussi <strong>un point de d\u00e9part strat\u00e9gique pour visiter les meilleurs mus\u00e9es<\/strong> de la ville. D&rsquo;un c\u00f4t\u00e9, ce parc est bord\u00e9 par la magnifique cath\u00e9drale historique, de l&rsquo;autre par des palais coloniaux orn\u00e9s aux massives portes de bois et aux \u00e9normes heurtoirs m\u00e9talliques en forme d&rsquo;animaux.<\/p>\n\n\n\n<p class=\"wp-block-paragraph\">Quand tu t&rsquo;installes ici un moment, <strong>ach\u00e8te absolument des fruits carib\u00e9ens frais aux vendeurs locaux \u00e0 charrette<\/strong> ou une boisson glac\u00e9e. Choisis simplement les vendeurs qui \u00e9pluchent et coupent les fruits devant toi, au moins tu sais ce que tu obtiens. C&rsquo;est sans conteste le meilleur rafra\u00eechissement apr\u00e8s des heures de marche dans la chaleur tropicale.<\/p>\n\n\n\n<figure data-wp-context=\"{&quot;imageId&quot;:&quot;6a9c5ffc3a8e8&quot;}\" data-wp-interactive=\"core\/image\" data-wp-key=\"6a9c5ffc3a8e8\" class=\"wp-block-image size-full wp-lightbox-container\"><img decoding=\"async\" width=\"1280\" height=\"960\" data-wp-class--hide=\"state.isContentHidden\" data-wp-class--show=\"state.isContentVisible\" data-wp-init=\"callbacks.setButtonStyles\" data-wp-on--click=\"actions.showLightbox\" data-wp-on--load=\"callbacks.setButtonStyles\" data-wp-on--pointerdown=\"actions.preloadImage\" data-wp-on--pointerenter=\"actions.preloadImageWithDelay\" data-wp-on--pointerleave=\"actions.cancelPreload\" data-wp-on-window--resize=\"callbacks.setButtonStyles\" src=\"https:\/\/loudavymkrokem.cz\/wp-content\/uploads\/2026\/09\/museo-del-oro-zen.jpg\" alt=\"Museo del Oro Zen\u00fa\" class=\"wp-image-415699\" title=\"\" srcset=\"https:\/\/loudavymkrokem.cz\/wp-content\/uploads\/2026\/09\/museo-del-oro-zen.jpg 1280w, https:\/\/loudavymkrokem.cz\/wp-content\/uploads\/2026\/09\/museo-del-oro-zen-300x225.jpg 300w, https:\/\/loudavymkrokem.cz\/wp-content\/uploads\/2026\/09\/museo-del-oro-zen-700x525.jpg 700w, https:\/\/loudavymkrokem.cz\/wp-content\/uploads\/2026\/09\/museo-del-oro-zen-768x576.jpg 768w, https:\/\/loudavymkrokem.cz\/wp-content\/uploads\/2026\/09\/museo-del-oro-zen-80x60.jpg 80w, https:\/\/loudavymkrokem.cz\/wp-content\/uploads\/2026\/09\/museo-del-oro-zen-160x120.jpg 160w, https:\/\/loudavymkrokem.cz\/wp-content\/uploads\/2026\/09\/museo-del-oro-zen-696x522.jpg 696w\" sizes=\"(max-width: 1280px) 100vw, 1280px\" \/><button\n\t\t\tclass=\"lightbox-trigger\"\n\t\t\ttype=\"button\"\n\t\t\taria-haspopup=\"dialog\"\n\t\t\tdata-wp-bind--aria-label=\"state.thisImage.triggerButtonAriaLabel\"\n\t\t\tdata-wp-init=\"callbacks.initTriggerButton\"\n\t\t\tdata-wp-on--click=\"actions.showLightbox\"\n\t\t\tdata-wp-style--right=\"state.thisImage.buttonRight\"\n\t\t\tdata-wp-style--top=\"state.thisImage.buttonTop\"\n\t\t>\n\t\t\t<svg xmlns=\"http:\/\/www.w3.org\/2000\/svg\" width=\"12\" height=\"12\" fill=\"none\" viewBox=\"0 0 12 12\">\n\t\t\t\t<path fill=\"#fff\" d=\"M2 0a2 2 0 0 0-2 2v2h1.5V2a.5.5 0 0 1 .5-.5h2V0H2Zm2 10.5H2a.5.5 0 0 1-.5-.5V8H0v2a2 2 0 0 0 2 2h2v-1.5ZM8 12v-1.5h2a.5.5 0 0 0 .5-.5V8H12v2a2 2 0 0 1-2 2H8Zm2-12a2 2 0 0 1 2 2v2h-1.5V2a.5.5 0 0 0-.5-.5H8V0h2Z\" \/>\n\t\t\t<\/svg>\n\t\t<\/button><figcaption class=\"wp-element-caption\">Photo : Museo del Oro Zen\u00fa \/ Google Maps<\/figcaption><\/figure>\n\n\n\n<h3 class=\"wp-block-heading\"><span class=\"ez-toc-section\" id=\"4_Museo_del_Oro_Zenu\"><\/span>4. Museo del Oro Zen\u00fa<span class=\"ez-toc-section-end\"><\/span><\/h3>\n\n\n\n<p class=\"wp-block-paragraph\">Juste au bord de la populaire Plaza de Bol\u00edvar se trouve le <strong>Museo del Oro Zen\u00fa, une fascinante antenne du <a href=\"https:\/\/www.banrepcultural.org\/cartagena\/museo-del-oro-zenu\" rel=\"nofollow noopener\" target=\"_blank\">c\u00e9l\u00e8bre Mus\u00e9e de l&rsquo;Or<\/a><\/strong> de la capitale, Bogot\u00e1. Bien qu&rsquo;il soit un peu plus petit que son immense version principale, l&rsquo;exposition est absolument captivante et, de plus, <strong>l&rsquo;entr\u00e9e dans ce mus\u00e9e fantastique est totalement gratuite<\/strong>, une exception assez rare dans la co\u00fbteuse Cartagena, dont tu devrais profiter.<\/p>\n\n\n\n<p class=\"wp-block-paragraph\">\u00c0 l&rsquo;int\u00e9rieur, tu verras une collection \u00e0 couper le souffle et tr\u00e8s pr\u00e9cieuse d&rsquo;objets en or cr\u00e9\u00e9s par la culture originelle Zen\u00fa bien avant l&rsquo;arriv\u00e9e des colonisateurs espagnols. <strong>Cette culture \u00e9tait connue pour ses techniques d&rsquo;orf\u00e8vrerie parfaitement ma\u00eetris\u00e9es<\/strong> ainsi que pour ses syst\u00e8mes \u00e9labor\u00e9s de canaux de drainage qui leur permettaient de survivre dans des zones inondables. L&rsquo;exposition explique avec brio et clart\u00e9 leur lien profond avec la nature, en particulier avec les amphibiens et le riche monde aquatique.<\/p>\n\n\n\n<p class=\"wp-block-paragraph\">Le mus\u00e9e est de plus agr\u00e9ablement climatis\u00e9, alors si le soleil te tape dessus dehors et que tu en as assez, ce refuge gratuit contre la chaleur de l&rsquo;apr\u00e8s-midi est un vrai cadeau du ciel. \ud83d\udca1 <strong>Astuce :<\/strong> N&rsquo;oublie pas d&rsquo;observer de pr\u00e8s les fameux plastrons pectoraux en or et les bijoux en filigrane d&rsquo;une incroyable finesse, dont la pr\u00e9cision fascine encore les joailliers modernes.<\/p>\n\n\n\n<figure data-wp-context=\"{&quot;imageId&quot;:&quot;6a9c5ffc3ae9c&quot;}\" data-wp-interactive=\"core\/image\" data-wp-key=\"6a9c5ffc3ae9c\" class=\"wp-block-image size-full wp-lightbox-container\"><img decoding=\"async\" width=\"1600\" height=\"1200\" data-wp-class--hide=\"state.isContentHidden\" data-wp-class--show=\"state.isContentVisible\" data-wp-init=\"callbacks.setButtonStyles\" data-wp-on--click=\"actions.showLightbox\" data-wp-on--load=\"callbacks.setButtonStyles\" data-wp-on--pointerdown=\"actions.preloadImage\" data-wp-on--pointerenter=\"actions.preloadImageWithDelay\" data-wp-on--pointerleave=\"actions.cancelPreload\" data-wp-on-window--resize=\"callbacks.setButtonStyles\" src=\"https:\/\/loudavymkrokem.cz\/wp-content\/uploads\/2026\/09\/palacio-de-la-inquisici-n.jpg\" alt=\"Palacio de la Inquisici\u00f3n (Palais de l&#039;Inquisition)\" class=\"wp-image-415704\" title=\"\" srcset=\"https:\/\/loudavymkrokem.cz\/wp-content\/uploads\/2026\/09\/palacio-de-la-inquisici-n.jpg 1600w, https:\/\/loudavymkrokem.cz\/wp-content\/uploads\/2026\/09\/palacio-de-la-inquisici-n-300x225.jpg 300w, https:\/\/loudavymkrokem.cz\/wp-content\/uploads\/2026\/09\/palacio-de-la-inquisici-n-700x525.jpg 700w, https:\/\/loudavymkrokem.cz\/wp-content\/uploads\/2026\/09\/palacio-de-la-inquisici-n-768x576.jpg 768w, https:\/\/loudavymkrokem.cz\/wp-content\/uploads\/2026\/09\/palacio-de-la-inquisici-n-1536x1152.jpg 1536w, https:\/\/loudavymkrokem.cz\/wp-content\/uploads\/2026\/09\/palacio-de-la-inquisici-n-80x60.jpg 80w, https:\/\/loudavymkrokem.cz\/wp-content\/uploads\/2026\/09\/palacio-de-la-inquisici-n-160x120.jpg 160w, https:\/\/loudavymkrokem.cz\/wp-content\/uploads\/2026\/09\/palacio-de-la-inquisici-n-696x522.jpg 696w, https:\/\/loudavymkrokem.cz\/wp-content\/uploads\/2026\/09\/palacio-de-la-inquisici-n-1392x1044.jpg 1392w\" sizes=\"(max-width: 1600px) 100vw, 1600px\" \/><button\n\t\t\tclass=\"lightbox-trigger\"\n\t\t\ttype=\"button\"\n\t\t\taria-haspopup=\"dialog\"\n\t\t\tdata-wp-bind--aria-label=\"state.thisImage.triggerButtonAriaLabel\"\n\t\t\tdata-wp-init=\"callbacks.initTriggerButton\"\n\t\t\tdata-wp-on--click=\"actions.showLightbox\"\n\t\t\tdata-wp-style--right=\"state.thisImage.buttonRight\"\n\t\t\tdata-wp-style--top=\"state.thisImage.buttonTop\"\n\t\t>\n\t\t\t<svg xmlns=\"http:\/\/www.w3.org\/2000\/svg\" width=\"12\" height=\"12\" fill=\"none\" viewBox=\"0 0 12 12\">\n\t\t\t\t<path fill=\"#fff\" d=\"M2 0a2 2 0 0 0-2 2v2h1.5V2a.5.5 0 0 1 .5-.5h2V0H2Zm2 10.5H2a.5.5 0 0 1-.5-.5V8H0v2a2 2 0 0 0 2 2h2v-1.5ZM8 12v-1.5h2a.5.5 0 0 0 .5-.5V8H12v2a2 2 0 0 1-2 2H8Zm2-12a2 2 0 0 1 2 2v2h-1.5V2a.5.5 0 0 0-.5-.5H8V0h2Z\" \/>\n\t\t\t<\/svg>\n\t\t<\/button><figcaption class=\"wp-element-caption\">Photo : Adri\u00e1n S\u00e1nchez Alan\u00eds \/ Google Maps<\/figcaption><\/figure>\n\n\n\n<h3 class=\"wp-block-heading\"><span class=\"ez-toc-section\" id=\"5_Palacio_de_la_Inquisicion_Palais_de_lInquisition\"><\/span>5. Palacio de la Inquisici\u00f3n (Palais de l&rsquo;Inquisition)<span class=\"ez-toc-section-end\"><\/span><\/h3>\n\n\n\n<p class=\"wp-block-paragraph\">Juste en face, sur la m\u00eame place, tu trouveras le <strong>Museum of Cartagena de Indias, plus connu du public sous le nom de Palacio de la Inquisici\u00f3n<\/strong> (note de 4,2). Ce majestueux b\u00e2timent historique au splendide portail baroque de 1770 cache sous sa belle fa\u00e7ade une histoire bien sombre. Il fut en effet le si\u00e8ge principal de l&rsquo;Inquisition espagnole, qui y jugea et y punit durement pendant des si\u00e8cles les accus\u00e9s d&rsquo;h\u00e9r\u00e9sie et de sorcellerie.<\/p>\n\n\n\n<p class=\"wp-block-paragraph\">\u00c0 l&rsquo;int\u00e9rieur t&rsquo;attend une exposition assez gla\u00e7ante mais tr\u00e8s instructive, o\u00f9 <strong>tu peux voir des instruments de torture originaux<\/strong> et d\u00e9couvrir en d\u00e9tail les m\u00e9thodes impitoyables des tribunaux eccl\u00e9siastiques de l&rsquo;\u00e9poque. En m\u00eame temps, les \u00e9tages sup\u00e9rieurs abritent aussi une partie tr\u00e8s compl\u00e8te consacr\u00e9e \u00e0 l&rsquo;histoire globale de la ville depuis sa fondation, si bien que le mus\u00e9e fonctionne comme une excellente introduction compl\u00e8te \u00e0 l&rsquo;histoire complexe de Cartagena.<\/p>\n\n\n\n<p class=\"wp-block-paragraph\">Le prix du billet pour les touristes \u00e9trangers <strong>se situe g\u00e9n\u00e9ralement entre 21 000 et 25 000 COP<\/strong>, mais v\u00e9rifie bien le montant actuel directement sur place \u00e0 la caisse, car il change parfois sans pr\u00e9avis. L&rsquo;exp\u00e9rience de la cour int\u00e9rieure ombrag\u00e9e, o\u00f9 l&rsquo;on pronon\u00e7ait autrefois de cruelles sentences et o\u00f9 pousse ironiquement aujourd&rsquo;hui une v\u00e9g\u00e9tation tropicale luxuriante, est vraiment puissante et vaut le coup d&rsquo;\u0153il.<\/p>\n\n\n\n<figure data-wp-context=\"{&quot;imageId&quot;:&quot;6a9c5ffc3b640&quot;}\" data-wp-interactive=\"core\/image\" data-wp-key=\"6a9c5ffc3b640\" class=\"wp-block-image size-full wp-lightbox-container\"><img decoding=\"async\" width=\"1600\" height=\"1186\" data-wp-class--hide=\"state.isContentHidden\" data-wp-class--show=\"state.isContentVisible\" data-wp-init=\"callbacks.setButtonStyles\" data-wp-on--click=\"actions.showLightbox\" data-wp-on--load=\"callbacks.setButtonStyles\" data-wp-on--pointerdown=\"actions.preloadImage\" data-wp-on--pointerenter=\"actions.preloadImageWithDelay\" data-wp-on--pointerleave=\"actions.cancelPreload\" data-wp-on-window--resize=\"callbacks.setButtonStyles\" src=\"https:\/\/loudavymkrokem.cz\/wp-content\/uploads\/2026\/09\/museo-naval-del-caribe.jpg\" alt=\"Museo Naval del Caribe\" class=\"wp-image-415706\" title=\"\" srcset=\"https:\/\/loudavymkrokem.cz\/wp-content\/uploads\/2026\/09\/museo-naval-del-caribe.jpg 1600w, https:\/\/loudavymkrokem.cz\/wp-content\/uploads\/2026\/09\/museo-naval-del-caribe-300x222.jpg 300w, https:\/\/loudavymkrokem.cz\/wp-content\/uploads\/2026\/09\/museo-naval-del-caribe-700x519.jpg 700w, https:\/\/loudavymkrokem.cz\/wp-content\/uploads\/2026\/09\/museo-naval-del-caribe-768x569.jpg 768w, https:\/\/loudavymkrokem.cz\/wp-content\/uploads\/2026\/09\/museo-naval-del-caribe-1536x1139.jpg 1536w, https:\/\/loudavymkrokem.cz\/wp-content\/uploads\/2026\/09\/museo-naval-del-caribe-80x60.jpg 80w, https:\/\/loudavymkrokem.cz\/wp-content\/uploads\/2026\/09\/museo-naval-del-caribe-160x120.jpg 160w, https:\/\/loudavymkrokem.cz\/wp-content\/uploads\/2026\/09\/museo-naval-del-caribe-696x516.jpg 696w, https:\/\/loudavymkrokem.cz\/wp-content\/uploads\/2026\/09\/museo-naval-del-caribe-1392x1032.jpg 1392w\" sizes=\"(max-width: 1600px) 100vw, 1600px\" \/><button\n\t\t\tclass=\"lightbox-trigger\"\n\t\t\ttype=\"button\"\n\t\t\taria-haspopup=\"dialog\"\n\t\t\tdata-wp-bind--aria-label=\"state.thisImage.triggerButtonAriaLabel\"\n\t\t\tdata-wp-init=\"callbacks.initTriggerButton\"\n\t\t\tdata-wp-on--click=\"actions.showLightbox\"\n\t\t\tdata-wp-style--right=\"state.thisImage.buttonRight\"\n\t\t\tdata-wp-style--top=\"state.thisImage.buttonTop\"\n\t\t>\n\t\t\t<svg xmlns=\"http:\/\/www.w3.org\/2000\/svg\" width=\"12\" height=\"12\" fill=\"none\" viewBox=\"0 0 12 12\">\n\t\t\t\t<path fill=\"#fff\" d=\"M2 0a2 2 0 0 0-2 2v2h1.5V2a.5.5 0 0 1 .5-.5h2V0H2Zm2 10.5H2a.5.5 0 0 1-.5-.5V8H0v2a2 2 0 0 0 2 2h2v-1.5ZM8 12v-1.5h2a.5.5 0 0 0 .5-.5V8H12v2a2 2 0 0 1-2 2H8Zm2-12a2 2 0 0 1 2 2v2h-1.5V2a.5.5 0 0 0-.5-.5H8V0h2Z\" \/>\n\t\t\t<\/svg>\n\t\t<\/button><figcaption class=\"wp-element-caption\">Photo : LATINA VIAJERA [Sam Broxio] \/ Google Maps<\/figcaption><\/figure>\n\n\n\n<h3 class=\"wp-block-heading\"><span class=\"ez-toc-section\" id=\"6_Museo_Naval_del_Caribe\"><\/span>6. Museo Naval del Caribe<span class=\"ez-toc-section-end\"><\/span><\/h3>\n\n\n\n<p class=\"wp-block-paragraph\">Si les vieux navires, les pirates et les batailles navales t&rsquo;int\u00e9ressent ne serait-ce qu&rsquo;un peu, <strong>le Museo Naval del Caribe (excellente note de 4,6) va totalement t&rsquo;enthousiasmer<\/strong>. Tu le trouveras \u00e0 deux pas des principales murailles et sa vaste exposition retrace l&rsquo;histoire fascinante des pirates des Cara\u00efbes, des galions espagnols coul\u00e9s remplis d&rsquo;or et des interminables batailles navales pour la ma\u00eetrise de ce port carib\u00e9en strat\u00e9gique.<\/p>\n\n\n\n<p class=\"wp-block-paragraph\">Le mus\u00e9e est vraiment bien con\u00e7u et moderne, il <strong>propose plein de maquettes interactives int\u00e9ressantes de forteresses et de gigantesques navires<\/strong>, que n&rsquo;appr\u00e9cieront pas seulement les adultes amateurs d&rsquo;histoire, mais aussi les familles avec enfants. Tu y d\u00e9couvriras une foule de d\u00e9tails inattendus sur la fa\u00e7on dont la ville s&rsquo;est h\u00e9ro\u00efquement d\u00e9fendue par le pass\u00e9 contre la c\u00e9l\u00e8bre et d\u00e9vastatrice attaque de l&rsquo;amiral anglais Vernon.<\/p>\n\n\n\n<p class=\"wp-block-paragraph\">\u26a0\ufe0f <strong>Attention aux cartes :<\/strong> En cherchant des informations et l&rsquo;itin\u00e9raire en ligne, m\u00e9fie-toi de la confusion entre villes. Ne le confonds pas avec le \u00ab Naval Museum Cartagena \u00bb que Google te glisse parfois, sauf que celui-l\u00e0 se trouve \u00e0 Murcie, en Espagne, et la navigation t&rsquo;enverra sur un autre continent. \ud83d\ude05 V\u00e9rifie toujours attentivement que l&rsquo;adresse sur Google Maps indique bien Bol\u00edvar, en Colombie.<\/p>\n\n\n\n<figure data-wp-context=\"{&quot;imageId&quot;:&quot;6a9c5ffc3bdcc&quot;}\" data-wp-interactive=\"core\/image\" data-wp-key=\"6a9c5ffc3bdcc\" class=\"wp-block-image size-full wp-lightbox-container\"><img decoding=\"async\" width=\"1600\" height=\"1200\" data-wp-class--hide=\"state.isContentHidden\" data-wp-class--show=\"state.isContentVisible\" data-wp-init=\"callbacks.setButtonStyles\" data-wp-on--click=\"actions.showLightbox\" data-wp-on--load=\"callbacks.setButtonStyles\" data-wp-on--pointerdown=\"actions.preloadImage\" data-wp-on--pointerenter=\"actions.preloadImageWithDelay\" data-wp-on--pointerleave=\"actions.cancelPreload\" data-wp-on-window--resize=\"callbacks.setButtonStyles\" src=\"https:\/\/loudavymkrokem.cz\/wp-content\/uploads\/2026\/09\/plaza-de-los-coches.jpg\" alt=\"Plaza de los Coches et Torre del Reloj\" class=\"wp-image-415708\" title=\"\" srcset=\"https:\/\/loudavymkrokem.cz\/wp-content\/uploads\/2026\/09\/plaza-de-los-coches.jpg 1600w, https:\/\/loudavymkrokem.cz\/wp-content\/uploads\/2026\/09\/plaza-de-los-coches-300x225.jpg 300w, https:\/\/loudavymkrokem.cz\/wp-content\/uploads\/2026\/09\/plaza-de-los-coches-700x525.jpg 700w, https:\/\/loudavymkrokem.cz\/wp-content\/uploads\/2026\/09\/plaza-de-los-coches-768x576.jpg 768w, https:\/\/loudavymkrokem.cz\/wp-content\/uploads\/2026\/09\/plaza-de-los-coches-1536x1152.jpg 1536w, https:\/\/loudavymkrokem.cz\/wp-content\/uploads\/2026\/09\/plaza-de-los-coches-80x60.jpg 80w, https:\/\/loudavymkrokem.cz\/wp-content\/uploads\/2026\/09\/plaza-de-los-coches-160x120.jpg 160w, https:\/\/loudavymkrokem.cz\/wp-content\/uploads\/2026\/09\/plaza-de-los-coches-696x522.jpg 696w, https:\/\/loudavymkrokem.cz\/wp-content\/uploads\/2026\/09\/plaza-de-los-coches-1392x1044.jpg 1392w\" sizes=\"(max-width: 1600px) 100vw, 1600px\" \/><button\n\t\t\tclass=\"lightbox-trigger\"\n\t\t\ttype=\"button\"\n\t\t\taria-haspopup=\"dialog\"\n\t\t\tdata-wp-bind--aria-label=\"state.thisImage.triggerButtonAriaLabel\"\n\t\t\tdata-wp-init=\"callbacks.initTriggerButton\"\n\t\t\tdata-wp-on--click=\"actions.showLightbox\"\n\t\t\tdata-wp-style--right=\"state.thisImage.buttonRight\"\n\t\t\tdata-wp-style--top=\"state.thisImage.buttonTop\"\n\t\t>\n\t\t\t<svg xmlns=\"http:\/\/www.w3.org\/2000\/svg\" width=\"12\" height=\"12\" fill=\"none\" viewBox=\"0 0 12 12\">\n\t\t\t\t<path fill=\"#fff\" d=\"M2 0a2 2 0 0 0-2 2v2h1.5V2a.5.5 0 0 1 .5-.5h2V0H2Zm2 10.5H2a.5.5 0 0 1-.5-.5V8H0v2a2 2 0 0 0 2 2h2v-1.5ZM8 12v-1.5h2a.5.5 0 0 0 .5-.5V8H12v2a2 2 0 0 1-2 2H8Zm2-12a2 2 0 0 1 2 2v2h-1.5V2a.5.5 0 0 0-.5-.5H8V0h2Z\" \/>\n\t\t\t<\/svg>\n\t\t<\/button><figcaption class=\"wp-element-caption\">Photo : Kelly Hewitt \/ Google Maps<\/figcaption><\/figure>\n\n\n\n<h3 class=\"wp-block-heading\"><span class=\"ez-toc-section\" id=\"7_Plaza_de_los_Coches_et_Torre_del_Reloj\"><\/span>7. Plaza de los Coches et Torre del Reloj<span class=\"ez-toc-section-end\"><\/span><\/h3>\n\n\n\n<p class=\"wp-block-paragraph\">Tes tout premiers pas dans la vieille ville te m\u00e8neront probablement directement \u00e0 travers la <strong>Torre del Reloj, l&#8217;embl\u00e9matique tour jaune \u00e0 horloge<\/strong>, qui sert de porte d&rsquo;entr\u00e9e principale et la plus belle \u00e0 travers les murailles. Juste derri\u00e8re cette porte s&rsquo;ouvre largement devant toi la <strong>Plaza de los Coches (note de 4,5)<\/strong>, ou Place des Cal\u00e8ches, qui a un pass\u00e9 tr\u00e8s sombre puisqu&rsquo;elle servait autrefois de principal march\u00e9 aux esclaves, mais qui est aujourd&rsquo;hui pleine de maisons color\u00e9es aux balcons typiques.<\/p>\n\n\n\n<p class=\"wp-block-paragraph\">Sur cette place anim\u00e9e se trouvent les <strong>fameuses arcades ombrag\u00e9es du Portal de los Dulces<\/strong>. Ici se serrent des dizaines de petits stands en bois qui, depuis des g\u00e9n\u00e9rations, vendent des friandises carib\u00e9ennes traditionnelles. Tout y joue de couleurs \u00e9clatantes et l&rsquo;air embaume en permanence la noix de coco fra\u00eeche, le sucre de canne caram\u00e9lis\u00e9 et les fruits tropicaux exotiques.<\/p>\n\n\n\n<p class=\"wp-block-paragraph\">C&rsquo;est un endroit absolument id\u00e9al pour <strong>go\u00fbter les boules de coco locales (les fameuses cocadas) ou les sucreries collantes au tamarin<\/strong>. \ud83d\udca1 <strong>Astuce :<\/strong> Ces douceurs locales sont extr\u00eamement sucr\u00e9es et denses, alors un ou deux morceaux te suffiront amplement avec un caf\u00e9 serr\u00e9 de l&rsquo;apr\u00e8s-midi, ne t&rsquo;attends surtout pas \u00e0 des desserts l\u00e9gers et a\u00e9riens.<\/p>\n\n\n\n<figure data-wp-context=\"{&quot;imageId&quot;:&quot;6a9c5ffc3c4e2&quot;}\" data-wp-interactive=\"core\/image\" data-wp-key=\"6a9c5ffc3c4e2\" class=\"wp-block-image size-full wp-lightbox-container\"><img decoding=\"async\" width=\"1600\" height=\"901\" data-wp-class--hide=\"state.isContentHidden\" data-wp-class--show=\"state.isContentVisible\" data-wp-init=\"callbacks.setButtonStyles\" data-wp-on--click=\"actions.showLightbox\" data-wp-on--load=\"callbacks.setButtonStyles\" data-wp-on--pointerdown=\"actions.preloadImage\" data-wp-on--pointerenter=\"actions.preloadImageWithDelay\" data-wp-on--pointerleave=\"actions.cancelPreload\" data-wp-on-window--resize=\"callbacks.setButtonStyles\" src=\"https:\/\/loudavymkrokem.cz\/wp-content\/uploads\/2026\/09\/camell-n-de-los-m-rtires.jpg\" alt=\"Camell\u00f3n de los M\u00e1rtires\" class=\"wp-image-415710\" title=\"\" srcset=\"https:\/\/loudavymkrokem.cz\/wp-content\/uploads\/2026\/09\/camell-n-de-los-m-rtires.jpg 1600w, https:\/\/loudavymkrokem.cz\/wp-content\/uploads\/2026\/09\/camell-n-de-los-m-rtires-300x169.jpg 300w, https:\/\/loudavymkrokem.cz\/wp-content\/uploads\/2026\/09\/camell-n-de-los-m-rtires-700x394.jpg 700w, https:\/\/loudavymkrokem.cz\/wp-content\/uploads\/2026\/09\/camell-n-de-los-m-rtires-768x432.jpg 768w, https:\/\/loudavymkrokem.cz\/wp-content\/uploads\/2026\/09\/camell-n-de-los-m-rtires-1536x865.jpg 1536w, https:\/\/loudavymkrokem.cz\/wp-content\/uploads\/2026\/09\/camell-n-de-los-m-rtires-696x392.jpg 696w, https:\/\/loudavymkrokem.cz\/wp-content\/uploads\/2026\/09\/camell-n-de-los-m-rtires-1392x784.jpg 1392w\" sizes=\"(max-width: 1600px) 100vw, 1600px\" \/><button\n\t\t\tclass=\"lightbox-trigger\"\n\t\t\ttype=\"button\"\n\t\t\taria-haspopup=\"dialog\"\n\t\t\tdata-wp-bind--aria-label=\"state.thisImage.triggerButtonAriaLabel\"\n\t\t\tdata-wp-init=\"callbacks.initTriggerButton\"\n\t\t\tdata-wp-on--click=\"actions.showLightbox\"\n\t\t\tdata-wp-style--right=\"state.thisImage.buttonRight\"\n\t\t\tdata-wp-style--top=\"state.thisImage.buttonTop\"\n\t\t>\n\t\t\t<svg xmlns=\"http:\/\/www.w3.org\/2000\/svg\" width=\"12\" height=\"12\" fill=\"none\" viewBox=\"0 0 12 12\">\n\t\t\t\t<path fill=\"#fff\" d=\"M2 0a2 2 0 0 0-2 2v2h1.5V2a.5.5 0 0 1 .5-.5h2V0H2Zm2 10.5H2a.5.5 0 0 1-.5-.5V8H0v2a2 2 0 0 0 2 2h2v-1.5ZM8 12v-1.5h2a.5.5 0 0 0 .5-.5V8H12v2a2 2 0 0 1-2 2H8Zm2-12a2 2 0 0 1 2 2v2h-1.5V2a.5.5 0 0 0-.5-.5H8V0h2Z\" \/>\n\t\t\t<\/svg>\n\t\t<\/button><figcaption class=\"wp-element-caption\">Photo : Libor Novotn\u00fd \/ Google Maps<\/figcaption><\/figure>\n\n\n\n<h3 class=\"wp-block-heading\"><span class=\"ez-toc-section\" id=\"8_Camellon_de_los_Martires\"><\/span>8. Camell\u00f3n de los M\u00e1rtires<span class=\"ez-toc-section-end\"><\/span><\/h3>\n\n\n\n<p class=\"wp-block-paragraph\">Juste devant la principale porte jaune \u00e0 horloge, avant m\u00eame d&rsquo;entrer dans la vieille ville, s&rsquo;\u00e9tend une <strong>large promenade connue sous le nom de Camell\u00f3n de los M\u00e1rtires<\/strong> (note de 4,6). Cette promenade tr\u00e8s \u00e9l\u00e9gante et bien entretenue, bord\u00e9e de statues, est l&rsquo;un des tout meilleurs endroits pour une balade en soir\u00e9e, quand elle est magnifiquement \u00e9clair\u00e9e et vibre d&rsquo;une incroyable vie locale.<\/p>\n\n\n\n<p class=\"wp-block-paragraph\">Le nom de cette promenade renvoie directement \u00e0 une histoire sanglante : <strong>on y trouve en effet les bustes de neuf martyrs<\/strong>, les courageux leaders du mouvement colombien pour l&rsquo;ind\u00e9pendance, qui furent ex\u00e9cut\u00e9s sans piti\u00e9 ici en 1816 par les royalistes espagnols. C&rsquo;est un lieu tr\u00e8s important de fiert\u00e9 nationale, qui donne un int\u00e9ressant contraste historique \u00e0 l&rsquo;ambiance carib\u00e9enne par ailleurs insouciante des environs.<\/p>\n\n\n\n<p class=\"wp-block-paragraph\">Pendant la journ\u00e9e, tu y croiseras d&rsquo;innombrables vendeurs souriants de jus frais et d&rsquo;objets artisanaux. <strong>C&rsquo;est aussi l&rsquo;endroit le plus pris\u00e9 pour monter dans les cal\u00e8ches touristiques tir\u00e9es par des chevaux<\/strong>, m\u00eame si, par \u00e9gard pour les animaux dans l&rsquo;\u00e9norme chaleur carib\u00e9enne, mieux vaut se d\u00e9placer en ville sur ses propres jambes.<\/p>\n\n\n\n<figure data-wp-context=\"{&quot;imageId&quot;:&quot;6a9c5ffc3cc5a&quot;}\" data-wp-interactive=\"core\/image\" data-wp-key=\"6a9c5ffc3cc5a\" class=\"wp-block-image size-full wp-lightbox-container\"><img decoding=\"async\" width=\"1600\" height=\"2133\" data-wp-class--hide=\"state.isContentHidden\" data-wp-class--show=\"state.isContentVisible\" data-wp-init=\"callbacks.setButtonStyles\" data-wp-on--click=\"actions.showLightbox\" data-wp-on--load=\"callbacks.setButtonStyles\" data-wp-on--pointerdown=\"actions.preloadImage\" data-wp-on--pointerenter=\"actions.preloadImageWithDelay\" data-wp-on--pointerleave=\"actions.cancelPreload\" data-wp-on-window--resize=\"callbacks.setButtonStyles\" src=\"https:\/\/loudavymkrokem.cz\/wp-content\/uploads\/2026\/09\/getseman.jpg\" alt=\"Getseman\u00ed et son street art\" class=\"wp-image-415712\" title=\"\" srcset=\"https:\/\/loudavymkrokem.cz\/wp-content\/uploads\/2026\/09\/getseman.jpg 1600w, https:\/\/loudavymkrokem.cz\/wp-content\/uploads\/2026\/09\/getseman-225x300.jpg 225w, https:\/\/loudavymkrokem.cz\/wp-content\/uploads\/2026\/09\/getseman-700x933.jpg 700w, https:\/\/loudavymkrokem.cz\/wp-content\/uploads\/2026\/09\/getseman-768x1024.jpg 768w, https:\/\/loudavymkrokem.cz\/wp-content\/uploads\/2026\/09\/getseman-1152x1536.jpg 1152w, https:\/\/loudavymkrokem.cz\/wp-content\/uploads\/2026\/09\/getseman-1536x2048.jpg 1536w, https:\/\/loudavymkrokem.cz\/wp-content\/uploads\/2026\/09\/getseman-696x928.jpg 696w, https:\/\/loudavymkrokem.cz\/wp-content\/uploads\/2026\/09\/getseman-1392x1856.jpg 1392w\" sizes=\"(max-width: 1600px) 100vw, 1600px\" \/><button\n\t\t\tclass=\"lightbox-trigger\"\n\t\t\ttype=\"button\"\n\t\t\taria-haspopup=\"dialog\"\n\t\t\tdata-wp-bind--aria-label=\"state.thisImage.triggerButtonAriaLabel\"\n\t\t\tdata-wp-init=\"callbacks.initTriggerButton\"\n\t\t\tdata-wp-on--click=\"actions.showLightbox\"\n\t\t\tdata-wp-style--right=\"state.thisImage.buttonRight\"\n\t\t\tdata-wp-style--top=\"state.thisImage.buttonTop\"\n\t\t>\n\t\t\t<svg xmlns=\"http:\/\/www.w3.org\/2000\/svg\" width=\"12\" height=\"12\" fill=\"none\" viewBox=\"0 0 12 12\">\n\t\t\t\t<path fill=\"#fff\" d=\"M2 0a2 2 0 0 0-2 2v2h1.5V2a.5.5 0 0 1 .5-.5h2V0H2Zm2 10.5H2a.5.5 0 0 1-.5-.5V8H0v2a2 2 0 0 0 2 2h2v-1.5ZM8 12v-1.5h2a.5.5 0 0 0 .5-.5V8H12v2a2 2 0 0 1-2 2H8Zm2-12a2 2 0 0 1 2 2v2h-1.5V2a.5.5 0 0 0-.5-.5H8V0h2Z\" \/>\n\t\t\t<\/svg>\n\t\t<\/button><figcaption class=\"wp-element-caption\">Photo : Daniel Rivera Pimienta \/ Google Maps<\/figcaption><\/figure>\n\n\n\n<h3 class=\"wp-block-heading\"><span class=\"ez-toc-section\" id=\"9_Getsemani_et_le_street_art\"><\/span>9. Getseman\u00ed et le street art<span class=\"ez-toc-section-end\"><\/span><\/h3>\n\n\n\n<p class=\"wp-block-paragraph\">Alors que le rutilant Centro Hist\u00f3rico est lisse et aristocratique, <strong>le quartier voisin de Getseman\u00ed a une \u00e2me v\u00e9ritable, sauvage et spontan\u00e9e<\/strong>. Il y a peu encore, c&rsquo;\u00e9tait un quartier ouvrier et pauvre assez dangereux hors des murailles, o\u00f9 on d\u00e9conseillait totalement aux touristes de se rendre, mais aujourd&rsquo;hui c&rsquo;est de loin la partie la plus int\u00e9ressante, la plus color\u00e9e et la plus photographi\u00e9e de tout Cartagena.<\/p>\n\n\n\n<p class=\"wp-block-paragraph\">Les ruelles y sont un peu plus \u00e9troites qu&rsquo;au centre et les fa\u00e7ades \u00e9caill\u00e9es des maisons servent d&rsquo;immenses toiles de peintre. <strong>Tu y trouveras un street art de premier ordre et r\u00e9fl\u00e9chi<\/strong>, qui refl\u00e8te les racines africaines de la ville, la culture des palenqueras et la flore locale luxuriante. La plus connue est l&rsquo;\u00e9troite ruelle Calle de la Sierpe, au-dessus de laquelle pendent des centaines de parapluies color\u00e9s, ou encore la ruelle pleine de fanions, o\u00f9 naissent les toutes meilleures photos de vacances.<\/p>\n\n\n\n<p class=\"wp-block-paragraph\">La journ\u00e9e, Getseman\u00ed est \u00e9tonnamment calme (les gens s&rsquo;assoient devant leurs maisons sur des chaises en plastique, jouent passionn\u00e9ment au domino et te remarquent \u00e0 peine, ce qui, apr\u00e8s les rabatteurs incessants du centre, est un vrai soulagement). <strong>C&rsquo;est justement ici que tu ressentiras encore cette v\u00e9ritable atmosph\u00e8re communautaire<\/strong>, qui a malheureusement un peu disparu du centre plus rutilant et plus cher.<\/p>\n\n\n\n<figure data-wp-context=\"{&quot;imageId&quot;:&quot;6a9c5ffc3d5ef&quot;}\" data-wp-interactive=\"core\/image\" data-wp-key=\"6a9c5ffc3d5ef\" class=\"wp-block-image size-full wp-lightbox-container\"><img decoding=\"async\" width=\"1600\" height=\"1200\" data-wp-class--hide=\"state.isContentHidden\" data-wp-class--show=\"state.isContentVisible\" data-wp-init=\"callbacks.setButtonStyles\" data-wp-on--click=\"actions.showLightbox\" data-wp-on--load=\"callbacks.setButtonStyles\" data-wp-on--pointerdown=\"actions.preloadImage\" data-wp-on--pointerenter=\"actions.preloadImageWithDelay\" data-wp-on--pointerleave=\"actions.cancelPreload\" data-wp-on-window--resize=\"callbacks.setButtonStyles\" src=\"https:\/\/loudavymkrokem.cz\/wp-content\/uploads\/2026\/09\/ve-ern-plaza-de-la-trinidad.jpg\" alt=\"La Plaza de la Trinidad le soir\" class=\"wp-image-415715\" title=\"\" srcset=\"https:\/\/loudavymkrokem.cz\/wp-content\/uploads\/2026\/09\/ve-ern-plaza-de-la-trinidad.jpg 1600w, https:\/\/loudavymkrokem.cz\/wp-content\/uploads\/2026\/09\/ve-ern-plaza-de-la-trinidad-300x225.jpg 300w, https:\/\/loudavymkrokem.cz\/wp-content\/uploads\/2026\/09\/ve-ern-plaza-de-la-trinidad-700x525.jpg 700w, https:\/\/loudavymkrokem.cz\/wp-content\/uploads\/2026\/09\/ve-ern-plaza-de-la-trinidad-768x576.jpg 768w, https:\/\/loudavymkrokem.cz\/wp-content\/uploads\/2026\/09\/ve-ern-plaza-de-la-trinidad-1536x1152.jpg 1536w, https:\/\/loudavymkrokem.cz\/wp-content\/uploads\/2026\/09\/ve-ern-plaza-de-la-trinidad-80x60.jpg 80w, https:\/\/loudavymkrokem.cz\/wp-content\/uploads\/2026\/09\/ve-ern-plaza-de-la-trinidad-160x120.jpg 160w, https:\/\/loudavymkrokem.cz\/wp-content\/uploads\/2026\/09\/ve-ern-plaza-de-la-trinidad-696x522.jpg 696w, https:\/\/loudavymkrokem.cz\/wp-content\/uploads\/2026\/09\/ve-ern-plaza-de-la-trinidad-1392x1044.jpg 1392w\" sizes=\"(max-width: 1600px) 100vw, 1600px\" \/><button\n\t\t\tclass=\"lightbox-trigger\"\n\t\t\ttype=\"button\"\n\t\t\taria-haspopup=\"dialog\"\n\t\t\tdata-wp-bind--aria-label=\"state.thisImage.triggerButtonAriaLabel\"\n\t\t\tdata-wp-init=\"callbacks.initTriggerButton\"\n\t\t\tdata-wp-on--click=\"actions.showLightbox\"\n\t\t\tdata-wp-style--right=\"state.thisImage.buttonRight\"\n\t\t\tdata-wp-style--top=\"state.thisImage.buttonTop\"\n\t\t>\n\t\t\t<svg xmlns=\"http:\/\/www.w3.org\/2000\/svg\" width=\"12\" height=\"12\" fill=\"none\" viewBox=\"0 0 12 12\">\n\t\t\t\t<path fill=\"#fff\" d=\"M2 0a2 2 0 0 0-2 2v2h1.5V2a.5.5 0 0 1 .5-.5h2V0H2Zm2 10.5H2a.5.5 0 0 1-.5-.5V8H0v2a2 2 0 0 0 2 2h2v-1.5ZM8 12v-1.5h2a.5.5 0 0 0 .5-.5V8H12v2a2 2 0 0 1-2 2H8Zm2-12a2 2 0 0 1 2 2v2h-1.5V2a.5.5 0 0 0-.5-.5H8V0h2Z\" \/>\n\t\t\t<\/svg>\n\t\t<\/button><figcaption class=\"wp-element-caption\">Photo : Drixdel Prera \/ Google Maps<\/figcaption><\/figure>\n\n\n\n<h3 class=\"wp-block-heading\"><span class=\"ez-toc-section\" id=\"10_La_Plaza_de_la_Trinidad_le_soir\"><\/span>10. La Plaza de la Trinidad le soir<span class=\"ez-toc-section-end\"><\/span><\/h3>\n\n\n\n<p class=\"wp-block-paragraph\">Si tu veux vivre \u00e0 ta mani\u00e8re la vraie f\u00eate carib\u00e9enne authentique, <strong>tu dois te rendre \u00e0 la tomb\u00e9e de la nuit sur la Plaza de la Trinidad<\/strong>, en plein c\u0153ur du color\u00e9 quartier de Getseman\u00ed. La journ\u00e9e, c&rsquo;est un petit espace assez discret devant une vieille \u00e9glise jaune \u00e9caill\u00e9e, mais d\u00e8s que le soleil se couche, le lieu se transforme en un claquement de doigts en \u00e9picentre pulsant de toute la ville.<\/p>\n\n\n\n<p class=\"wp-block-paragraph\"><strong>Chaque soir se rassemble ici pr\u00e8s de la moiti\u00e9 du quartier : familles locales avec enfants, routards du monde entier et talentueux artistes de rue<\/strong>. Les gens s&rsquo;assoient \u00e0 m\u00eame les trottoirs encore chauds, ach\u00e8tent une bi\u00e8re fra\u00eeche bon march\u00e9 dans la boutique voisine et go\u00fbtent l&rsquo;excellente nourriture des charrettes de rue. Vers vingt heures commencent r\u00e9guli\u00e8rement de captivants spectacles de danse improvis\u00e9s, du jonglage de feu ou des concerts bruyants de groupes locaux.<\/p>\n\n\n\n<p class=\"wp-block-paragraph\">Nul besoin de payer une entr\u00e9e co\u00fbteuse dans des clubs de luxe, car <strong>la meilleure et la plus authentique f\u00eate se d\u00e9roule directement dans la rue<\/strong>. \ud83d\udca1 <strong>Astuce :<\/strong> Fais toutefois tr\u00e8s attention \u00e0 tes affaires personnelles, des pickpockets peuvent se d\u00e9placer discr\u00e8tement dans la foule dense, alors garde plut\u00f4t ton sac devant toi et laisse tes objets de valeur et ton passeport dans le coffre de l&rsquo;h\u00f4tel.<\/p>\n\n\n\n<figure data-wp-context=\"{&quot;imageId&quot;:&quot;6a9c5ffc3df54&quot;}\" data-wp-interactive=\"core\/image\" data-wp-key=\"6a9c5ffc3df54\" class=\"wp-block-image size-full wp-lightbox-container\"><img decoding=\"async\" width=\"1600\" height=\"1600\" data-wp-class--hide=\"state.isContentHidden\" data-wp-class--show=\"state.isContentVisible\" data-wp-init=\"callbacks.setButtonStyles\" data-wp-on--click=\"actions.showLightbox\" data-wp-on--load=\"callbacks.setButtonStyles\" data-wp-on--pointerdown=\"actions.preloadImage\" data-wp-on--pointerenter=\"actions.preloadImageWithDelay\" data-wp-on--pointerleave=\"actions.cancelPreload\" data-wp-on-window--resize=\"callbacks.setButtonStyles\" src=\"https:\/\/loudavymkrokem.cz\/wp-content\/uploads\/2026\/09\/lenochodi-v-centenario-parku.jpg\" alt=\"Paresseux dans le parc Centenario\" class=\"wp-image-415716\" title=\"\" srcset=\"https:\/\/loudavymkrokem.cz\/wp-content\/uploads\/2026\/09\/lenochodi-v-centenario-parku.jpg 1600w, https:\/\/loudavymkrokem.cz\/wp-content\/uploads\/2026\/09\/lenochodi-v-centenario-parku-300x300.jpg 300w, https:\/\/loudavymkrokem.cz\/wp-content\/uploads\/2026\/09\/lenochodi-v-centenario-parku-700x700.jpg 700w, https:\/\/loudavymkrokem.cz\/wp-content\/uploads\/2026\/09\/lenochodi-v-centenario-parku-150x150.jpg 150w, https:\/\/loudavymkrokem.cz\/wp-content\/uploads\/2026\/09\/lenochodi-v-centenario-parku-768x768.jpg 768w, https:\/\/loudavymkrokem.cz\/wp-content\/uploads\/2026\/09\/lenochodi-v-centenario-parku-1536x1536.jpg 1536w, https:\/\/loudavymkrokem.cz\/wp-content\/uploads\/2026\/09\/lenochodi-v-centenario-parku-696x696.jpg 696w, https:\/\/loudavymkrokem.cz\/wp-content\/uploads\/2026\/09\/lenochodi-v-centenario-parku-1392x1392.jpg 1392w\" sizes=\"(max-width: 1600px) 100vw, 1600px\" \/><button\n\t\t\tclass=\"lightbox-trigger\"\n\t\t\ttype=\"button\"\n\t\t\taria-haspopup=\"dialog\"\n\t\t\tdata-wp-bind--aria-label=\"state.thisImage.triggerButtonAriaLabel\"\n\t\t\tdata-wp-init=\"callbacks.initTriggerButton\"\n\t\t\tdata-wp-on--click=\"actions.showLightbox\"\n\t\t\tdata-wp-style--right=\"state.thisImage.buttonRight\"\n\t\t\tdata-wp-style--top=\"state.thisImage.buttonTop\"\n\t\t>\n\t\t\t<svg xmlns=\"http:\/\/www.w3.org\/2000\/svg\" width=\"12\" height=\"12\" fill=\"none\" viewBox=\"0 0 12 12\">\n\t\t\t\t<path fill=\"#fff\" d=\"M2 0a2 2 0 0 0-2 2v2h1.5V2a.5.5 0 0 1 .5-.5h2V0H2Zm2 10.5H2a.5.5 0 0 1-.5-.5V8H0v2a2 2 0 0 0 2 2h2v-1.5ZM8 12v-1.5h2a.5.5 0 0 0 .5-.5V8H12v2a2 2 0 0 1-2 2H8Zm2-12a2 2 0 0 1 2 2v2h-1.5V2a.5.5 0 0 0-.5-.5H8V0h2Z\" \/>\n\t\t\t<\/svg>\n\t\t<\/button><figcaption class=\"wp-element-caption\">Photo : Gustavo. A \/ Google Maps<\/figcaption><\/figure>\n\n\n\n<h3 class=\"wp-block-heading\"><span class=\"ez-toc-section\" id=\"11_Les_paresseux_du_parc_Centenario\"><\/span>11. Les paresseux du parc Centenario<span class=\"ez-toc-section-end\"><\/span><\/h3>\n\n\n\n<p class=\"wp-block-paragraph\">Juste \u00e0 la fronti\u00e8re entre Getseman\u00ed et la vieille ville se trouve le <strong>parc Centenario (note de 4,4), apparemment ordinaire mais qui cache une \u00e9norme surprise naturelle inattendue<\/strong>. La plupart des touristes press\u00e9s ne font que le traverser rapidement en direction des murailles, sans se douter de ce qui se cache d&rsquo;extraordinaire juste au-dessus de leur t\u00eate, dans les cimes denses des arbres imposants.<\/p>\n\n\n\n<p class=\"wp-block-paragraph\">En plein centre de cette ville anim\u00e9e et bruyante vivent en effet <strong>en pleine nature des paresseux lents, de mignons petits singes (tamarins) et d&rsquo;\u00e9normes iguanes pr\u00e9historiques<\/strong>. Il te suffit de t&rsquo;arr\u00eater un instant, de rester parfaitement immobile et d&rsquo;examiner attentivement les branches enchev\u00eatr\u00e9es au-dessus de toi. Tu verras souvent les iguanes se pr\u00e9lasser paresseusement au soleil juste au bord du chemin, tandis que les paresseux dorment g\u00e9n\u00e9ralement \u00e0 poings ferm\u00e9s, cach\u00e9s haut dans le feuillage.<\/p>\n\n\n\n<p class=\"wp-block-paragraph\">Si tu n&rsquo;arrives pas \u00e0 trouver les animaux toi-m\u00eame dans la v\u00e9g\u00e9tation dense, <strong>les vendeurs de noix locaux ou les gardiens r\u00e9guliers du parc te renseigneront souvent volontiers<\/strong>, eux qui savent toujours exactement sur quel arbre se repose la famille de paresseux. C&rsquo;est un bout de jungle sauvage absolument fascinant au milieu du trafic de b\u00e9ton anim\u00e9.<\/p>\n\n\n\n<figure data-wp-context=\"{&quot;imageId&quot;:&quot;6a9c5ffc3e627&quot;}\" data-wp-interactive=\"core\/image\" data-wp-key=\"6a9c5ffc3e627\" class=\"wp-block-image size-full wp-lightbox-container\"><img decoding=\"async\" width=\"1600\" height=\"1200\" data-wp-class--hide=\"state.isContentHidden\" data-wp-class--show=\"state.isContentVisible\" data-wp-init=\"callbacks.setButtonStyles\" data-wp-on--click=\"actions.showLightbox\" data-wp-on--load=\"callbacks.setButtonStyles\" data-wp-on--pointerdown=\"actions.preloadImage\" data-wp-on--pointerenter=\"actions.preloadImageWithDelay\" data-wp-on--pointerleave=\"actions.cancelPreload\" data-wp-on-window--resize=\"callbacks.setButtonStyles\" src=\"https:\/\/loudavymkrokem.cz\/wp-content\/uploads\/2026\/09\/z-convento-de-la-popa.jpg\" alt=\"Vue depuis le Convento de la Popa\" class=\"wp-image-415719\" title=\"\" srcset=\"https:\/\/loudavymkrokem.cz\/wp-content\/uploads\/2026\/09\/z-convento-de-la-popa.jpg 1600w, https:\/\/loudavymkrokem.cz\/wp-content\/uploads\/2026\/09\/z-convento-de-la-popa-300x225.jpg 300w, https:\/\/loudavymkrokem.cz\/wp-content\/uploads\/2026\/09\/z-convento-de-la-popa-700x525.jpg 700w, https:\/\/loudavymkrokem.cz\/wp-content\/uploads\/2026\/09\/z-convento-de-la-popa-768x576.jpg 768w, https:\/\/loudavymkrokem.cz\/wp-content\/uploads\/2026\/09\/z-convento-de-la-popa-1536x1152.jpg 1536w, https:\/\/loudavymkrokem.cz\/wp-content\/uploads\/2026\/09\/z-convento-de-la-popa-80x60.jpg 80w, https:\/\/loudavymkrokem.cz\/wp-content\/uploads\/2026\/09\/z-convento-de-la-popa-160x120.jpg 160w, https:\/\/loudavymkrokem.cz\/wp-content\/uploads\/2026\/09\/z-convento-de-la-popa-696x522.jpg 696w, https:\/\/loudavymkrokem.cz\/wp-content\/uploads\/2026\/09\/z-convento-de-la-popa-1392x1044.jpg 1392w\" sizes=\"(max-width: 1600px) 100vw, 1600px\" \/><button\n\t\t\tclass=\"lightbox-trigger\"\n\t\t\ttype=\"button\"\n\t\t\taria-haspopup=\"dialog\"\n\t\t\tdata-wp-bind--aria-label=\"state.thisImage.triggerButtonAriaLabel\"\n\t\t\tdata-wp-init=\"callbacks.initTriggerButton\"\n\t\t\tdata-wp-on--click=\"actions.showLightbox\"\n\t\t\tdata-wp-style--right=\"state.thisImage.buttonRight\"\n\t\t\tdata-wp-style--top=\"state.thisImage.buttonTop\"\n\t\t>\n\t\t\t<svg xmlns=\"http:\/\/www.w3.org\/2000\/svg\" width=\"12\" height=\"12\" fill=\"none\" viewBox=\"0 0 12 12\">\n\t\t\t\t<path fill=\"#fff\" d=\"M2 0a2 2 0 0 0-2 2v2h1.5V2a.5.5 0 0 1 .5-.5h2V0H2Zm2 10.5H2a.5.5 0 0 1-.5-.5V8H0v2a2 2 0 0 0 2 2h2v-1.5ZM8 12v-1.5h2a.5.5 0 0 0 .5-.5V8H12v2a2 2 0 0 1-2 2H8Zm2-12a2 2 0 0 1 2 2v2h-1.5V2a.5.5 0 0 0-.5-.5H8V0h2Z\" \/>\n\t\t\t<\/svg>\n\t\t<\/button><figcaption class=\"wp-element-caption\">Photo : Javier Ruiz \/ Google Maps<\/figcaption><\/figure>\n\n\n\n<h3 class=\"wp-block-heading\"><span class=\"ez-toc-section\" id=\"12_La_vue_depuis_le_Convento_de_la_Popa\"><\/span>12. La vue depuis le Convento de la Popa<span class=\"ez-toc-section-end\"><\/span><\/h3>\n\n\n\n<p class=\"wp-block-paragraph\">La <strong>meilleure vue<\/strong> sur tout Cartagena ? Elle est sur la plus haute colline de la ville, o\u00f9 se dresse le vieux <strong>couvent Convento de la Popa<\/strong>. Ce magnifique couvent date de 1607 et s&rsquo;\u00e9l\u00e8ve \u00e0 environ 150 m\u00e8tres au-dessus de la mer, si bien que de l\u00e0 tu verras comme dans la paume de ta main aussi bien la vieille ville historique que les gratte-ciel modernes de Bocagrande, ainsi que l&rsquo;enchev\u00eatrement de canaux d&rsquo;eau et les quartiers de banlieue plus pauvres.<\/p>\n\n\n\n<p class=\"wp-block-paragraph\">Le couvent lui-m\u00eame a une magnifique cour int\u00e9rieure paisible pleine de fleurs \u00e9panouies et une petite chapelle richement d\u00e9cor\u00e9e. <strong>L&rsquo;entr\u00e9e dans tout le site se situe entre 11 000 et 25 000 COP<\/strong> selon les sources et les saisons, alors v\u00e9rifie bien le prix actuel une fois sur place. L&rsquo;exp\u00e9rience de cette hauteur vertigineuse vaut cependant largement son prix.<\/p>\n\n\n\n<p class=\"wp-block-paragraph\">\u26a0\ufe0f <strong>Avertissement de s\u00e9curit\u00e9 crucial :<\/strong> Le chemin qui monte au couvent traverse des quartiers tr\u00e8s pauvres et probl\u00e9matiques et <strong>la mont\u00e9e \u00e0 pied est fortement d\u00e9conseill\u00e9e aux \u00e9trangers pour des raisons de s\u00e9curit\u00e9<\/strong>. On monte exclusivement dans le cadre d&rsquo;un tour organis\u00e9 ou en taxi jaune, avec lequel tu conviens directement qu&rsquo;il t&rsquo;attende environ 30 minutes en haut et te redescende en s\u00e9curit\u00e9 vers le centre.<\/p>\n\n\n\n<figure data-wp-context=\"{&quot;imageId&quot;:&quot;6a9c5ffc3eec7&quot;}\" data-wp-interactive=\"core\/image\" data-wp-key=\"6a9c5ffc3eec7\" class=\"wp-block-image size-full wp-lightbox-container\"><img decoding=\"async\" width=\"1600\" height=\"1200\" data-wp-class--hide=\"state.isContentHidden\" data-wp-class--show=\"state.isContentVisible\" data-wp-init=\"callbacks.setButtonStyles\" data-wp-on--click=\"actions.showLightbox\" data-wp-on--load=\"callbacks.setButtonStyles\" data-wp-on--pointerdown=\"actions.preloadImage\" data-wp-on--pointerenter=\"actions.preloadImageWithDelay\" data-wp-on--pointerleave=\"actions.cancelPreload\" data-wp-on-window--resize=\"callbacks.setButtonStyles\" src=\"https:\/\/loudavymkrokem.cz\/wp-content\/uploads\/2026\/09\/st-e-n-bary.jpg\" alt=\"Bars sur les toits et vues de luxe\" class=\"wp-image-415721\" title=\"\" srcset=\"https:\/\/loudavymkrokem.cz\/wp-content\/uploads\/2026\/09\/st-e-n-bary.jpg 1600w, https:\/\/loudavymkrokem.cz\/wp-content\/uploads\/2026\/09\/st-e-n-bary-300x225.jpg 300w, https:\/\/loudavymkrokem.cz\/wp-content\/uploads\/2026\/09\/st-e-n-bary-700x525.jpg 700w, https:\/\/loudavymkrokem.cz\/wp-content\/uploads\/2026\/09\/st-e-n-bary-768x576.jpg 768w, https:\/\/loudavymkrokem.cz\/wp-content\/uploads\/2026\/09\/st-e-n-bary-1536x1152.jpg 1536w, https:\/\/loudavymkrokem.cz\/wp-content\/uploads\/2026\/09\/st-e-n-bary-80x60.jpg 80w, https:\/\/loudavymkrokem.cz\/wp-content\/uploads\/2026\/09\/st-e-n-bary-160x120.jpg 160w, https:\/\/loudavymkrokem.cz\/wp-content\/uploads\/2026\/09\/st-e-n-bary-696x522.jpg 696w, https:\/\/loudavymkrokem.cz\/wp-content\/uploads\/2026\/09\/st-e-n-bary-1392x1044.jpg 1392w\" sizes=\"(max-width: 1600px) 100vw, 1600px\" \/><button\n\t\t\tclass=\"lightbox-trigger\"\n\t\t\ttype=\"button\"\n\t\t\taria-haspopup=\"dialog\"\n\t\t\tdata-wp-bind--aria-label=\"state.thisImage.triggerButtonAriaLabel\"\n\t\t\tdata-wp-init=\"callbacks.initTriggerButton\"\n\t\t\tdata-wp-on--click=\"actions.showLightbox\"\n\t\t\tdata-wp-style--right=\"state.thisImage.buttonRight\"\n\t\t\tdata-wp-style--top=\"state.thisImage.buttonTop\"\n\t\t>\n\t\t\t<svg xmlns=\"http:\/\/www.w3.org\/2000\/svg\" width=\"12\" height=\"12\" fill=\"none\" viewBox=\"0 0 12 12\">\n\t\t\t\t<path fill=\"#fff\" d=\"M2 0a2 2 0 0 0-2 2v2h1.5V2a.5.5 0 0 1 .5-.5h2V0H2Zm2 10.5H2a.5.5 0 0 1-.5-.5V8H0v2a2 2 0 0 0 2 2h2v-1.5ZM8 12v-1.5h2a.5.5 0 0 0 .5-.5V8H12v2a2 2 0 0 1-2 2H8Zm2-12a2 2 0 0 1 2 2v2h-1.5V2a.5.5 0 0 0-.5-.5H8V0h2Z\" \/>\n\t\t\t<\/svg>\n\t\t<\/button><figcaption class=\"wp-element-caption\">Photo : Mario Ruiz De Somocurcio \/ Google Maps<\/figcaption><\/figure>\n\n\n\n<!-- LKM_GYG_CARD start q=\"cartagena\" lang=\"fr\" rendered=\"2026-09-05T17:00:06+00:00\" v=\"1\" -->\n<style id=\"lk-gyg-styles\">\n@import url(\"https:\/\/fonts.googleapis.com\/css2?family=Playfair+Display:wght@700&family=DM+Sans:wght@300;400;500;600&display=swap\");\n\/* === LK GYG karty \u2014 CRO redesign 2026-05 (namespace .lkx-) ===\n   C\u00edl: vy\u0161\u0161\u00ed CTR (hero + v\u00fdrazn\u00fd social proof + ak\u010dn\u00ed CTA, m\u00e9n\u011b \"reklamn\u00ed\").\n   Injektuje se inline do prvn\u00edho markeru postu (refresh_cards.py --inline-css). *\/\n.lkx-module, .lkx-module *{box-sizing:border-box;margin:0;padding:0}\n.lkx-module{\n  font-family:'DM Sans',-apple-system,Segoe UI,Roboto,Georgia,sans-serif;\n  max-width:860px;margin:2.5rem auto;color:#1f2328;\n}\n\n\/* HEADER \u2014 lehk\u00fd editorsk\u00fd, \u017e\u00e1dn\u00fd bannerov\u00fd blok; nadpis + popisek pod n\u00edm *\/\n.lkx-head{margin-bottom:16px}\n.lkx-head-main{display:flex;align-items:center;gap:10px}\n.lkx-head-accent{width:26px;height:3px;border-radius:2px;background:#c39f76;flex-shrink:0}\n.lkx-head-title{font-family:'Playfair Display',Georgia,serif;font-size:21px;font-weight:700;color:#1a1a1a;line-height:1.25}\n.lkx-head-meta{display:block;font-size:11px;letter-spacing:.3px;color:#9aa0a6;margin-top:4px;margin-left:36px}\n\n\/* HERO *\/\n.lkx-hero{display:grid;grid-template-columns:300px 1fr;background:#fff;border:1px solid #ece7df;border-radius:14px;overflow:hidden;text-decoration:none!important;color:inherit;box-shadow:0 6px 20px rgba(0,0,0,.06);transition:box-shadow .2s,transform .2s;margin-bottom:14px}\n.lkx-hero:hover{box-shadow:0 12px 30px rgba(0,0,0,.12);transform:translateY(-2px)}\n.lkx-hero-img{position:relative;min-height:230px;background-size:cover;background-position:center;background-color:#eee}\n.lkx-hero-body{padding:22px 24px;display:flex;flex-direction:column}\n.lkx-pick{position:absolute;top:12px;left:12px;background:#1a1a1a;color:#fff;font-size:11px;font-weight:700;letter-spacing:.5px;padding:5px 11px;border-radius:20px}\n\n\/* TITLE *\/\n.lkx-title{font-size:19px;font-weight:700;color:#161616;line-height:1.3}\n.lkx-title-sm{font-size:14.5px;line-height:1.35;display:-webkit-box;-webkit-line-clamp:2;-webkit-box-orient:vertical;overflow:hidden}\n\n\/* SOCIAL PROOF \u2014 v\u00fdrazn\u011b, naho\u0159e *\/\n.lkx-proof{display:flex;align-items:center;gap:7px;margin-top:12px;font-size:15px;color:#3a3a3a}\n.lkx-proof b{font-size:16px;color:#161616}\n.lkx-stars{color:#f5a623;letter-spacing:1px}\n.lkx-proof-sm{font-size:12.5px;margin-top:8px;gap:5px}\n.lkx-proof-sm b{font-size:13px}\n.lkx-proof-new{color:#3685fc;font-weight:600}\n\n\/* PRICE \u2014 n\u00edzk\u00e1 kotva *\/\n.lkx-price{font-size:14px;color:#6b7280}\n.lkx-price b{font-size:20px;color:#161616;font-weight:700}\n.lkx-price-sm b{font-size:15px}\n\n\/* CTA \u2014 tepl\u00e9 ak\u010dn\u00ed tla\u010d\u00edtko *\/\n.lkx-cta{display:inline-flex;align-items:center;justify-content:center;text-decoration:none!important;font-weight:700;color:#fff!important;background:linear-gradient(135deg,#f6743f,#e8552a);border-radius:10px;box-shadow:0 6px 16px rgba(232,85,42,.32);transition:box-shadow .2s}\n.lkx-cta-hero{font-size:15px;padding:13px 22px}\n.lkx-hero:hover .lkx-cta-hero{box-shadow:0 8px 22px rgba(232,85,42,.45)}\n.lkx-cta-sm{font-size:12.5px;padding:9px 14px;width:100%;margin-top:2px}\n.lkx-hero-bottom{margin-top:auto;padding-top:18px;display:flex;align-items:center;justify-content:space-between;gap:14px;flex-wrap:wrap}\n\n\/* BADGE \u2014 jeden v\u00fdrazn\u00fd na fotce *\/\n.lkx-badge{position:absolute;top:12px;right:12px;font-size:10.5px;font-weight:700;letter-spacing:.3px;padding:5px 10px;border-radius:16px;color:#fff}\n.lkx-badge.badge-urgency{background:rgba(214,40,40,.92)}\n.lkx-badge.badge-new{background:rgba(54,133,252,.92)}\n.lkx-badge.badge-top{background:rgba(195,159,118,.95)}\n.lkx-badge.badge-info{background:rgba(40,40,40,.78)}\n\n\/* SECONDARY GRID *\/\n.lkx-grid{display:grid;grid-template-columns:1fr 1fr;gap:14px}\n.lkx-card{background:#fff;border:1px solid #ece7df;border-radius:14px;overflow:hidden;text-decoration:none!important;color:inherit;box-shadow:0 4px 14px rgba(0,0,0,.05);display:flex;flex-direction:column;transition:box-shadow .2s,transform .2s}\n.lkx-card:hover{box-shadow:0 10px 24px rgba(0,0,0,.1);transform:translateY(-2px)}\n.lkx-card-img{position:relative;aspect-ratio:16\/10;background-size:cover;background-position:center;background-color:#eee}\n.lkx-card-body{padding:14px 16px 16px;display:flex;flex-direction:column;gap:7px;flex:1}\n.lkx-card-bottom{margin-top:auto;padding-top:10px;display:flex;align-items:center;justify-content:space-between;gap:8px}\n\n\/* DISCLOSURE \u2014 drobn\u00e1, kv\u016fli d\u016fv\u011b\u0159e\/z\u00e1konu *\/\n.lkx-disclosure{font-size:11px;color:#a7adb3;text-align:center;margin-top:14px;line-height:1.6}\n.lkx-disclosure a{color:#c39f76;text-decoration:none}\n\n@media(max-width:680px){\n  .lkx-hero{grid-template-columns:1fr}\n  .lkx-hero-img{min-height:180px}\n  .lkx-grid{grid-template-columns:1fr}\n  .lkx-head-meta{margin-left:0;width:100%}\n  .lkx-head-title{font-size:19px}\n}\n\n<\/style>\n<div class=\"lkx-module\" data-query=\"cartagena\">\n  <div class=\"lkx-head\">\n    <div class=\"lkx-head-main\">\n      <span class=\"lkx-head-accent\"><\/span>\n      <span class=\"lkx-head-title\">Exp\u00e9riences et billets<\/span>\n    <\/div>\n    <span class=\"lkx-head-meta\">not\u00e9 par les voyageurs \u00b7 GetYourGuide<\/span>\n  <\/div><a class=\"lkx-hero\" href=\"https:\/\/www.getyourguide.com\/fr-fr\/bolivar-l578\/carthagene-des-indes-5-temps-forts-des-iles-du-rosaire-avec-dejeuner-t497946\/?partner_id=MKZ64IS&amp;utm_medium=online_publisher&amp;cmp=cartagena-colombie-choses-voir\" target=\"_blank\" rel=\"sponsored noopener nofollow\">\n    <div class=\"lkx-hero-img\" style=\"background-image:url('https:\/\/cdn.getyourguide.com\/img\/tour\/3e7855e2de9521c901e39203ad7bd9296c10ec69ae845752a4bbca37f24bdcee.png\/132.jpg')\" role=\"img\" aria-label=\"Carthag\u00e8ne des Indes\u00a0: 5\u00a0arr\u00eats dans les \u00eeles des Rosaires, d\u00e9jeuner et clubs de plage\">\n      <span class=\"lkx-pick\">\u2605 Notre choix<\/span><\/div>\n    <div class=\"lkx-hero-body\">\n      <div class=\"lkx-title\">Carthag\u00e8ne des Indes\u00a0: 5\u00a0arr\u00eats dans les \u00eeles des Rosaires, d\u00e9jeuner et clubs de plage<\/div>\n      <div class=\"lkx-proof\">\n      <span class=\"lkx-stars\">\u2605\u2605\u2605\u2605\u2605<\/span>\n      <b>4.6<\/b> \u00b7 6 212 avis\n    <\/div>\n      <div class=\"lkx-hero-bottom\"><div class=\"lkx-price\">\u00e0 partir de <b>63\u00a0\u20ac<\/b><\/div><span class=\"lkx-cta lkx-cta-hero\">Je veux vivre \u00e7a \u2192<\/span>\n      <\/div>\n    <\/div>\n  <\/a><div class=\"lkx-disclosure\">\ud83d\udd17 Liens d&#39;affiliation \u2014 sans surco\u00fbt pour vous, ils nous aident \u00e0 cr\u00e9er du contenu. \u00b7 <a href=\"https:\/\/www.getyourguide.com\/fr-fr\/s\/?q=cartagena&amp;partner_id=MKZ64IS&amp;utm_medium=online_publisher\" target=\"_blank\" rel=\"sponsored noopener nofollow\">Toutes les exp\u00e9riences \u2192<\/a><\/div>\n<\/div>\n<!-- LKM_GYG_CARD end -->\n\n\n\n\n<div class=\"lk-stays-module\">\n<style>\n\/* \u2500\u2500\u2500 RESET PRO GUTENBERG \u2500\u2500\u2500 *\/\n.lk-stays-module * { box-sizing: border-box; margin: 0; padding: 0; }\n\n\/* \u2500\u2500\u2500 WRAPPER \u2500\u2500\u2500 *\/\n.lk-stays-module {\n  font-family: 'DM Sans', Georgia, sans-serif;\n  max-width: 100%;\n  margin: 2.5rem auto;\n  background: linear-gradient(135deg, #fdfaf5 0%, #fcf8f0 100%);\n  border: 1px solid #e8dfd4;\n  border-radius: 16px;\n  overflow: hidden;\n  box-shadow: 0 16px 48px rgba(195, 159, 118, 0.25), 0 4px 12px rgba(0,0,0,0.08);\n}\n\n\/* \u2500\u2500\u2500 HEADER \u2500\u2500\u2500 *\/\n.lk-stays-header {\n  position: relative;\n  padding: 24px 36px 24px;\n  background: linear-gradient(135deg, #c39f76 0%, #d4b188 60%, #c39f76 100%);\n  border-bottom: 1px solid rgba(255,255,255,.15);\n  display: flex;\n  align-items: center;\n  gap: 18px;\n}\n.lk-stays-header::before {\n  content: '';\n  position: absolute;\n  inset: 0;\n  background: url(\"data:image\/svg+xml,%3Csvg width='60' height='60' viewBox='0 0 60 60' xmlns='http:\/\/www.w3.org\/2000\/svg'%3E%3Cg fill='none' fill-rule='evenodd'%3E%3Cg fill='%23ffffff' fill-opacity='0.05'%3E%3Cpath d='M36 34v-4h-2v4h-4v2h4v4h2v-4h4v-2h-4zm0-30V0h-2v4h-4v2h4v4h2V6h4V4h-4zM6 34v-4H4v4H0v2h4v4h2v-4h4v-2H6zM6 4V0H4v4H0v2h4v4h2V6h4V4H6z'\/%3E%3C\/g%3E%3C\/g%3E%3C\/svg%3E\") repeat;\n  pointer-events: none;\n}\n.lk-stays-icon {\n  flex-shrink: 0;\n  width: 68px;\n  height: 68px;\n  border-radius: 14px;\n  background: linear-gradient(135deg, #fff 0%, #f9f6f0 100%);\n  display: flex;\n  align-items: center;\n  justify-content: center;\n  font-size: 26px;\n  box-shadow: 0 4px 12px rgba(0,0,0,0.15);\n}\n.lk-stays-eyebrow {\n  font-size: 10px;\n  font-weight: 500;\n  letter-spacing: 2.5px;\n  text-transform: uppercase;\n  color: rgba(255,255,255,.85);\n  margin: 0 0 5px 0;\n}\n.lk-stays-title {\n  font-family: 'Playfair Display', Georgia, serif;\n  font-size: 24px;\n  font-weight: 700;\n  color: #fff;\n  line-height: 1.2;\n  text-shadow: 0 1px 2px rgba(0,0,0,0.1);\n  margin: 0;\n}\n.lk-stays-subtitle {\n  font-size: 13px;\n  color: rgba(255,255,255,.75);\n  margin: 4px 0 0 0;\n  font-weight: 300;\n}\n\n\/* \u2500\u2500\u2500 CARDS GRID \u2500\u2500\u2500 *\/\n.lk-stays-grid {\n  display: grid;\n  grid-template-columns: 1fr 1fr;\n  gap: 1px;\n  background: rgba(195, 159, 118, 0.12);\n}\n\n\/* \u2500\u2500\u2500 SINGLE CARD \u2500\u2500\u2500 *\/\n.lk-stay-card {\n  background: #ffffff;\n  padding: 26px;\n  display: flex;\n  flex-direction: column;\n  gap: 11px;\n  transition: all 0.3s ease;\n  text-decoration: none;\n  color: inherit;\n  position: relative;\n}\n.lk-stay-card:hover {\n  background: #fffbf5;\n  transform: translateY(-2px);\n  box-shadow: 0 8px 24px rgba(195, 159, 118, 0.18);\n  z-index: 1;\n}\n.lk-stay-card.featured {\n  background: linear-gradient(135deg, #fffdf9 0%, #fff9f0 100%);\n  box-shadow: 0 4px 16px rgba(195, 159, 118, 0.15), inset 0 1px 0 rgba(195, 159, 118, 0.1);\n}\n.lk-stay-card.featured:hover {\n  background: linear-gradient(135deg, #fffbf5 0%, #fff8ed 100%);\n  box-shadow: 0 8px 24px rgba(195, 159, 118, 0.25), inset 0 1px 0 rgba(195, 159, 118, 0.15);\n}\n\n.lk-stay-badge {\n  display: inline-flex;\n  align-items: center;\n  gap: 5px;\n  font-size: 10px;\n  font-weight: 500;\n  letter-spacing: 1.5px;\n  text-transform: uppercase;\n  padding: 5px 11px;\n  border-radius: 20px;\n  width: fit-content;\n}\n.badge-top     { background: linear-gradient(135deg, #c39f76 0%, #d4b188 100%); color: #fff; border: 1px solid #c39f76; font-weight: 600; box-shadow: 0 2px 8px rgba(195,159,118,0.3); }\n.badge-luxury  { background: rgba(195,159,118,.12); color: #c39f76; border: 1px solid rgba(195,159,118,.25); }\n.badge-boutique{ background: rgba(54,133,252,.08); color: #3685fc; border: 1px solid rgba(54,133,252,.2); }\n.badge-nature  { background: rgba(130,190,100,.1); color: #6b9c4a; border: 1px solid rgba(130,190,100,.2); }\n.badge-remote  { background: rgba(195,159,118,.12); color: #a67e50; border: 1px solid rgba(195,159,118,.25); }\n\n.lk-stay-name {\n  font-family: 'Playfair Display', Georgia, serif;\n  font-size: 18px;\n  font-weight: 700;\n  color: #111827;\n  line-height: 1.3;\n}\n.lk-stay-desc {\n  font-size: 13.5px;\n  color: #525252;\n  line-height: 1.65;\n  font-weight: 300;\n  flex: 1;\n}\n\n.lk-stay-meta {\n  display: flex;\n  align-items: center;\n  gap: 12px;\n  flex-wrap: wrap;\n  margin-top: 4px;\n}\n.lk-stay-price {\n  font-size: 13px;\n  color: #6b7280;\n}\n.lk-stay-price strong {\n  color: #c39f76;\n  font-weight: 500;\n}\n.lk-stay-stars {\n  color: #c39f76;\n  font-size: 11px;\n  letter-spacing: 1px;\n}\n\n\/* \u2500\u2500\u2500 CTA BUTTON \u2500\u2500\u2500 *\/\n.lk-stay-cta {\n  display: inline-flex;\n  align-items: center;\n  justify-content: center;\n  gap: 7px;\n  margin-top: 8px;\n  padding: 11px 20px;\n  border-radius: 8px;\n  background: linear-gradient(135deg, #3685fc 0%, #2a6fd9 100%);\n  color: #fff;\n  font-size: 13px;\n  font-weight: 500;\n  text-decoration: none;\n  letter-spacing: .3px;\n  transition: all .2s ease;\n  cursor: pointer;\n  border: none;\n  text-align: center;\n  box-shadow: 0 4px 12px rgba(54, 133, 252, 0.25);\n}\n.lk-stay-cta:hover {\n  background: linear-gradient(135deg, #2a6fd9 0%, #1e5bc4 100%);\n  transform: translateY(-1px);\n  box-shadow: 0 6px 16px rgba(54, 133, 252, 0.35);\n}\n.lk-stay-cta svg { flex-shrink: 0; }\n\n\/* \u2500\u2500\u2500 FOOTER \u2500\u2500\u2500 *\/\n.lk-stays-footer {\n  padding: 18px 36px;\n  background: linear-gradient(to bottom, #fdfaf5 0%, #f9f4ed 100%);\n  border-top: 1px solid rgba(195, 159, 118, 0.15);\n  display: flex;\n  align-items: center;\n  justify-content: space-between;\n  flex-wrap: wrap;\n  gap: 12px;\n}\n.lk-stays-footer-note {\n  font-size: 11.5px;\n  color: #6b7280;\n  font-weight: 300;\n  line-height: 1.5;\n}\n.lk-stays-footer-note a {\n  color: #c39f76;\n  text-decoration: none;\n  font-weight: 400;\n}\n.lk-stays-footer-note a:hover {\n  text-decoration: underline;\n}\n.lk-stays-all-btn {\n  display: inline-flex;\n  align-items: center;\n  gap: 6px;\n  font-size: 12.5px;\n  font-weight: 500;\n  color: #c39f76;\n  text-decoration: none;\n  border: 1px solid rgba(195, 159, 118, 0.35);\n  padding: 8px 18px;\n  border-radius: 8px;\n  transition: all .2s ease;\n}\n.lk-stays-all-btn:hover {\n  background: rgba(195, 159, 118, 0.08);\n  border-color: rgba(195, 159, 118, 0.5);\n}\n\n\/* \u2500\u2500\u2500 RESPONSIVE \u2500\u2500\u2500 *\/\n@media (max-width: 600px) {\n  .lk-stays-grid { grid-template-columns: 1fr; }\n  .lk-stays-header { padding: 24px 20px; }\n  .lk-stays-footer { padding: 16px 20px; }\n  .lk-stay-card { padding: 22px; }\n  .lk-stays-title { font-size: 20px; }\n}\n<\/style>\n\n  <!-- HEADER -->\n  <div class=\"lk-stays-header\">\n    <img decoding=\"async\" src=\"https:\/\/loudavymkrokem.cz\/wp-content\/uploads\/2026\/02\/lukas-a-lucka.jpg\" alt=\"\" style=\"width: 75px; height: 75px; border-radius: 8px; flex-shrink: 0; object-fit: cover; display: block; margin: 4px 0;\" title=\"\">\n    <div class=\"lk-stays-header-text\">\n      <div class=\"lk-stays-eyebrow\">Luk\u00e1\u0161 et Lucie recommandent<\/div>\n      <div class=\"lk-stays-title\">O\u00f9 se loger \u00e0 Carthag\u00e8ne<\/div>\n      <div class=\"lk-stays-subtitle\">4 h\u00e9bergements \u2014 h\u00f4tels wellness, h\u00f4tels et autres options d&rsquo;h\u00e9bergement<\/div>\n    <\/div>\n  <\/div>\n\n  <!-- CARDS -->\n  <div class=\"lk-stays-grid\">\n\n    <a class=\"lk-stay-card featured\" href=\"https:\/\/www.stay22.com\/allez\/roam?aid=lukaskonecny&#038;campaign=loudavymkrokemcz&#038;campaign=fr&#038;campaign=covidetvcartagene&#038;address=Cartagena&#038;hotelname=Hotel+Casa+San+Agustin&#038;search=Hotel+Casa+San+Agustin&#038;category=accommodation\" target=\"_blank\" rel=\"nofollow noopener\">\n      <span class=\"lk-stay-badge badge-top\">\u2b50 TOP CHOIX<\/span>\n      <span class=\"lk-stay-badge badge-nature\">\u2b50 Luxe<\/span>\n      <div class=\"lk-stay-name\">Hotel Casa San Agustin<\/div>\n      <div class=\"lk-stay-desc\">H\u00f4tel boutique de luxe au c\u0153ur de la vieille ville avec une cour int\u00e9rieure paisible et une piscine int\u00e9gr\u00e9e dans les anciennes murailles.<\/div>\n      <div class=\"lk-stay-meta\">\n        <span class=\"lk-stay-stars\">\u2605\u2605\u2605\u2605<\/span>\n        <span class=\"lk-stay-price\">V\u00e9rifier les prix<\/span>\n      <\/div>\n      <span class=\"lk-stay-cta\">\n        <svg width=\"14\" height=\"14\" viewBox=\"0 0 24 24\" fill=\"none\" stroke=\"currentColor\" stroke-width=\"2\"><path d=\"M18 13v6a2 2 0 0 1-2 2H5a2 2 0 0 1-2-2V8a2 2 0 0 1 2-2h6\"\/><polyline points=\"15 3 21 3 21 9\"\/><line x1=\"10\" y1=\"14\" x2=\"21\" y2=\"3\"\/><\/svg>\n        V\u00e9rifier la disponibilit\u00e9\n      <\/span>\n    <\/a>\n\n    <a class=\"lk-stay-card\" href=\"https:\/\/www.stay22.com\/allez\/roam?aid=lukaskonecny&#038;campaign=loudavymkrokemcz&#038;campaign=fr&#038;campaign=covidetvcartagene&#038;address=Cartagena&#038;hotelname=GHL+San+Lazaro+Art+Hotel&#038;search=GHL+San+Lazaro+Art+Hotel&#038;category=accommodation\" target=\"_blank\" rel=\"nofollow noopener\">\n      <span class=\"lk-stay-badge badge-nature\">\ud83c\udfe8 H\u00f4tel<\/span>\n      <div class=\"lk-stay-name\">GHL San Lazaro Art Hotel<\/div>\n      <div class=\"lk-stay-desc\">H\u00f4tel moderne avec une vue panoramique \u00e9poustouflante directement sur le ch\u00e2teau San Felipe.<\/div>\n      <div class=\"lk-stay-meta\">\n        <span class=\"lk-stay-stars\">\u2605\u2605\u2605\u2605<\/span>\n        <span class=\"lk-stay-price\">V\u00e9rifier les prix<\/span>\n      <\/div>\n      <span class=\"lk-stay-cta\">\n        <svg width=\"14\" height=\"14\" viewBox=\"0 0 24 24\" fill=\"none\" stroke=\"currentColor\" stroke-width=\"2\"><path d=\"M18 13v6a2 2 0 0 1-2 2H5a2 2 0 0 1-2-2V8a2 2 0 0 1 2-2h6\"\/><polyline points=\"15 3 21 3 21 9\"\/><line x1=\"10\" y1=\"14\" x2=\"21\" y2=\"3\"\/><\/svg>\n        V\u00e9rifier la disponibilit\u00e9\n      <\/span>\n    <\/a>\n\n    <a class=\"lk-stay-card\" href=\"https:\/\/www.stay22.com\/allez\/roam?aid=lukaskonecny&#038;campaign=loudavymkrokemcz&#038;campaign=fr&#038;campaign=covidetvcartagene&#038;address=Cartagena&#038;hotelname=Sofitel+Legend+Santa+Clara&#038;search=Sofitel+Legend+Santa+Clara&#038;category=accommodation\" target=\"_blank\" rel=\"nofollow noopener\">\n      <span class=\"lk-stay-badge badge-nature\">\u2b50 Luxe<\/span>\n      <div class=\"lk-stay-name\">Sofitel Legend Santa Clara<\/div>\n      <div class=\"lk-stay-desc\">Une v\u00e9ritable l\u00e9gende dans un ancien couvent soigneusement r\u00e9nov\u00e9 avec un service de premi\u00e8re classe et un style colonial.<\/div>\n      <div class=\"lk-stay-meta\">\n        <span class=\"lk-stay-stars\">\u2605\u2605\u2605\u2605<\/span>\n        <span class=\"lk-stay-price\">V\u00e9rifier les prix<\/span>\n      <\/div>\n      <span class=\"lk-stay-cta\">\n        <svg width=\"14\" height=\"14\" viewBox=\"0 0 24 24\" fill=\"none\" stroke=\"currentColor\" stroke-width=\"2\"><path d=\"M18 13v6a2 2 0 0 1-2 2H5a2 2 0 0 1-2-2V8a2 2 0 0 1 2-2h6\"\/><polyline points=\"15 3 21 3 21 9\"\/><line x1=\"10\" y1=\"14\" x2=\"21\" y2=\"3\"\/><\/svg>\n        V\u00e9rifier la disponibilit\u00e9\n      <\/span>\n    <\/a>\n\n    <a class=\"lk-stay-card\" href=\"https:\/\/www.stay22.com\/allez\/roam?aid=lukaskonecny&#038;campaign=loudavymkrokemcz&#038;campaign=fr&#038;campaign=covidetvcartagene&#038;address=cartagena\" target=\"_blank\" rel=\"nofollow noopener\">\n      <span class=\"lk-stay-badge badge-nature\">\ud83d\udd0d Rechercher<\/span>\n      <div class=\"lk-stay-name\">Voir tous les h\u00e9bergements \u00e0 Carthag\u00e8ne<\/div>\n      <div class=\"lk-stay-desc\">Explorez toutes les options d&rsquo;h\u00e9bergement disponibles \u00e0 Carthag\u00e8ne et trouvez la meilleure selon vos pr\u00e9f\u00e9rences et votre budget.<\/div>\n      <div class=\"lk-stay-meta\">\n        <span class=\"lk-stay-stars\">\u2605\u2605\u2605\u2605<\/span>\n        <span class=\"lk-stay-price\">Comparer les prix<\/span>\n      <\/div>\n      <span class=\"lk-stay-cta\">\n        <svg width=\"14\" height=\"14\" viewBox=\"0 0 24 24\" fill=\"none\" stroke=\"currentColor\" stroke-width=\"2\"><path d=\"M18 13v6a2 2 0 0 1-2 2H5a2 2 0 0 1-2-2V8a2 2 0 0 1 2-2h6\"\/><polyline points=\"15 3 21 3 21 9\"\/><line x1=\"10\" y1=\"14\" x2=\"21\" y2=\"3\"\/><\/svg>\n        V\u00e9rifier la disponibilit\u00e9\n      <\/span>\n    <\/a>\n\n  <\/div>\n\n  \n<\/div>\n\n\n\n\n<h3 class=\"wp-block-heading\"><span class=\"ez-toc-section\" id=\"13_Bars_sur_les_toits_et_vues_de_luxe\"><\/span>13. Bars sur les toits et vues de luxe<span class=\"ez-toc-section-end\"><\/span><\/h3>\n\n\n\n<p class=\"wp-block-paragraph\">Cartagena est mondialement r\u00e9put\u00e9e pour sa culture d\u00e9velopp\u00e9e des rooftop bars, d&rsquo;o\u00f9 la vue sur la ville illumin\u00e9e la nuit est absolument \u00e0 couper le souffle. <strong>Le point de vue le mieux not\u00e9 \u00e0 l&rsquo;int\u00e9rieur des vieilles murailles est le Mirador Gastro Bar (excellente note de 4,6)<\/strong>, o\u00f9 tu peux savourer d&rsquo;excellents cocktails signature avec une vue directe et d\u00e9gag\u00e9e sur la Torre del Reloj et sur l&rsquo;animation ininterrompue de la place juste en dessous de toi.<\/p>\n\n\n\n<p class=\"wp-block-paragraph\">Si tu pr\u00e9f\u00e8res l&rsquo;ambiance plus d\u00e9contract\u00e9e et boh\u00e8me du quartier de Getseman\u00ed, <strong>dirige-toi absolument vers le Baroca Sabor Ancestral (note de 4,8) ou vers le styl\u00e9 Casa Pura Rooftop (note de 4,6)<\/strong>. Ici se m\u00ealent tout naturellement les rythmes carib\u00e9ens br\u00fblants et la mixologie moderne, et les couchers de soleil du soir y sont absolument inoubliables.<\/p>\n\n\n\n<p class=\"wp-block-paragraph\">Pour les vrais amoureux des hauteurs extr\u00eames, il y a l&rsquo;<strong>exclusif 51 Sky Bar dans le quartier moderne de Bocagrande (note de 4,2), de loin le bar le plus haut de toute la ville<\/strong>. La vue depuis le 51e \u00e9tage sur la vieille ville scintillante et l&rsquo;oc\u00e9an sombre et infini est irr\u00e9elle, mais attends-toi \u00e0 ce que les prix des boissons correspondent pleinement au luxe et \u00e0 l&rsquo;exclusivit\u00e9 de cet endroit.<\/p>\n\n\n\n<figure data-wp-context=\"{&quot;imageId&quot;:&quot;6a9c5ffc3f87f&quot;}\" data-wp-interactive=\"core\/image\" data-wp-key=\"6a9c5ffc3f87f\" class=\"wp-block-image size-full wp-lightbox-container\"><img decoding=\"async\" width=\"1600\" height=\"1200\" data-wp-class--hide=\"state.isContentHidden\" data-wp-class--show=\"state.isContentVisible\" data-wp-init=\"callbacks.setButtonStyles\" data-wp-on--click=\"actions.showLightbox\" data-wp-on--load=\"callbacks.setButtonStyles\" data-wp-on--pointerdown=\"actions.preloadImage\" data-wp-on--pointerenter=\"actions.preloadImageWithDelay\" data-wp-on--pointerleave=\"actions.cancelPreload\" data-wp-on-window--resize=\"callbacks.setButtonStyles\" src=\"https:\/\/loudavymkrokem.cz\/wp-content\/uploads\/2026\/09\/insert-415557-14.jpg\" alt=\"Coucher de soleil sur les murailles pr\u00e8s du Caf\u00e9 del Mar\" class=\"wp-image-415915\" title=\"\" srcset=\"https:\/\/loudavymkrokem.cz\/wp-content\/uploads\/2026\/09\/insert-415557-14.jpg 1600w, https:\/\/loudavymkrokem.cz\/wp-content\/uploads\/2026\/09\/insert-415557-14-300x225.jpg 300w, https:\/\/loudavymkrokem.cz\/wp-content\/uploads\/2026\/09\/insert-415557-14-700x525.jpg 700w, https:\/\/loudavymkrokem.cz\/wp-content\/uploads\/2026\/09\/insert-415557-14-768x576.jpg 768w, https:\/\/loudavymkrokem.cz\/wp-content\/uploads\/2026\/09\/insert-415557-14-1536x1152.jpg 1536w, https:\/\/loudavymkrokem.cz\/wp-content\/uploads\/2026\/09\/insert-415557-14-80x60.jpg 80w, https:\/\/loudavymkrokem.cz\/wp-content\/uploads\/2026\/09\/insert-415557-14-160x120.jpg 160w, https:\/\/loudavymkrokem.cz\/wp-content\/uploads\/2026\/09\/insert-415557-14-696x522.jpg 696w, https:\/\/loudavymkrokem.cz\/wp-content\/uploads\/2026\/09\/insert-415557-14-1392x1044.jpg 1392w\" sizes=\"(max-width: 1600px) 100vw, 1600px\" \/><button\n\t\t\tclass=\"lightbox-trigger\"\n\t\t\ttype=\"button\"\n\t\t\taria-haspopup=\"dialog\"\n\t\t\tdata-wp-bind--aria-label=\"state.thisImage.triggerButtonAriaLabel\"\n\t\t\tdata-wp-init=\"callbacks.initTriggerButton\"\n\t\t\tdata-wp-on--click=\"actions.showLightbox\"\n\t\t\tdata-wp-style--right=\"state.thisImage.buttonRight\"\n\t\t\tdata-wp-style--top=\"state.thisImage.buttonTop\"\n\t\t>\n\t\t\t<svg xmlns=\"http:\/\/www.w3.org\/2000\/svg\" width=\"12\" height=\"12\" fill=\"none\" viewBox=\"0 0 12 12\">\n\t\t\t\t<path fill=\"#fff\" d=\"M2 0a2 2 0 0 0-2 2v2h1.5V2a.5.5 0 0 1 .5-.5h2V0H2Zm2 10.5H2a.5.5 0 0 1-.5-.5V8H0v2a2 2 0 0 0 2 2h2v-1.5ZM8 12v-1.5h2a.5.5 0 0 0 .5-.5V8H12v2a2 2 0 0 1-2 2H8Zm2-12a2 2 0 0 1 2 2v2h-1.5V2a.5.5 0 0 0-.5-.5H8V0h2Z\" \/>\n\t\t\t<\/svg>\n\t\t<\/button><figcaption class=\"wp-element-caption\">Photo : Teresa Alice Rossell Malinsky \/ Google Maps<\/figcaption><\/figure>\n\n\n\n<h3 class=\"wp-block-heading\"><span class=\"ez-toc-section\" id=\"14_Le_coucher_de_soleil_sur_les_murailles_Cafe_del_Mar\"><\/span>14. Le coucher de soleil sur les murailles (Caf\u00e9 del Mar)<span class=\"ez-toc-section-end\"><\/span><\/h3>\n\n\n\n<p class=\"wp-block-paragraph\">Il n&rsquo;existe sans doute pas de rituel plus connu et embl\u00e9matique dans tout Cartagena que <strong>de regarder le coucher de soleil du soir directement depuis les massives murailles historiques<\/strong>. Le point central traditionnel de ce spectacle quotidien est le c\u00e9l\u00e8bre Caf\u00e9 del Mar, qui occupe un immense et strat\u00e9gique promontoire des fortifications avec la toute meilleure vue sur le vaste oc\u00e9an et sur le disque solaire couchant.<\/p>\n\n\n\n<p class=\"wp-block-paragraph\">Il faut cependant dire la v\u00e9rit\u00e9 franchement, <strong>les boissons et la nourriture y sont fortement surtax\u00e9es<\/strong> et on fait souvent la queue une heure avant le coucher de soleil pour une table libre. Heureusement, la vue elle-m\u00eame n&rsquo;est pas surtax\u00e9e et tout le monde peut en profiter. \ud83d\udca1 <strong>Astuce :<\/strong> Tu n&rsquo;as pas du tout besoin de payer une table ch\u00e8re dans le restaurant. Il te suffit de t&rsquo;asseoir confortablement sur le large muret de pierre des murailles juste \u00e0 c\u00f4t\u00e9 du caf\u00e9, <strong>d&rsquo;acheter une bi\u00e8re glac\u00e9e \u00e0 un vendeur ambulant pour une fraction du prix<\/strong> et de profiter d&rsquo;une exp\u00e9rience absolument identique, voire meilleure et plus authentique, en compagnie des habitants.<\/p>\n\n\n\n<p class=\"wp-block-paragraph\">Que tu choisisses une table confortable dans l&rsquo;\u00e9tablissement ou le muret romantique, <strong>sois toujours sur place au moins une heure avant le coucher de soleil<\/strong>, car les sections avec la meilleure vue se remplissent \u00e0 une vitesse incroyable.<\/p>\n\n\n\n<figure data-wp-context=\"{&quot;imageId&quot;:&quot;6a9c5ffc3ff9d&quot;}\" data-wp-interactive=\"core\/image\" data-wp-key=\"6a9c5ffc3ff9d\" class=\"wp-block-image size-full wp-lightbox-container\"><img decoding=\"async\" width=\"1600\" height=\"1200\" data-wp-class--hide=\"state.isContentHidden\" data-wp-class--show=\"state.isContentVisible\" data-wp-init=\"callbacks.setButtonStyles\" data-wp-on--click=\"actions.showLightbox\" data-wp-on--load=\"callbacks.setButtonStyles\" data-wp-on--pointerdown=\"actions.preloadImage\" data-wp-on--pointerenter=\"actions.preloadImageWithDelay\" data-wp-on--pointerleave=\"actions.cancelPreload\" data-wp-on-window--resize=\"callbacks.setButtonStyles\" src=\"https:\/\/loudavymkrokem.cz\/wp-content\/uploads\/2026\/09\/pl-e-bocagrande.jpg\" alt=\"Plages de Bocagrande et Castillogrande (avis honn\u00eate)\" class=\"wp-image-415723\" title=\"\" srcset=\"https:\/\/loudavymkrokem.cz\/wp-content\/uploads\/2026\/09\/pl-e-bocagrande.jpg 1600w, https:\/\/loudavymkrokem.cz\/wp-content\/uploads\/2026\/09\/pl-e-bocagrande-300x225.jpg 300w, https:\/\/loudavymkrokem.cz\/wp-content\/uploads\/2026\/09\/pl-e-bocagrande-700x525.jpg 700w, https:\/\/loudavymkrokem.cz\/wp-content\/uploads\/2026\/09\/pl-e-bocagrande-768x576.jpg 768w, https:\/\/loudavymkrokem.cz\/wp-content\/uploads\/2026\/09\/pl-e-bocagrande-1536x1152.jpg 1536w, https:\/\/loudavymkrokem.cz\/wp-content\/uploads\/2026\/09\/pl-e-bocagrande-80x60.jpg 80w, https:\/\/loudavymkrokem.cz\/wp-content\/uploads\/2026\/09\/pl-e-bocagrande-160x120.jpg 160w, https:\/\/loudavymkrokem.cz\/wp-content\/uploads\/2026\/09\/pl-e-bocagrande-696x522.jpg 696w, https:\/\/loudavymkrokem.cz\/wp-content\/uploads\/2026\/09\/pl-e-bocagrande-1392x1044.jpg 1392w\" sizes=\"(max-width: 1600px) 100vw, 1600px\" \/><button\n\t\t\tclass=\"lightbox-trigger\"\n\t\t\ttype=\"button\"\n\t\t\taria-haspopup=\"dialog\"\n\t\t\tdata-wp-bind--aria-label=\"state.thisImage.triggerButtonAriaLabel\"\n\t\t\tdata-wp-init=\"callbacks.initTriggerButton\"\n\t\t\tdata-wp-on--click=\"actions.showLightbox\"\n\t\t\tdata-wp-style--right=\"state.thisImage.buttonRight\"\n\t\t\tdata-wp-style--top=\"state.thisImage.buttonTop\"\n\t\t>\n\t\t\t<svg xmlns=\"http:\/\/www.w3.org\/2000\/svg\" width=\"12\" height=\"12\" fill=\"none\" viewBox=\"0 0 12 12\">\n\t\t\t\t<path fill=\"#fff\" d=\"M2 0a2 2 0 0 0-2 2v2h1.5V2a.5.5 0 0 1 .5-.5h2V0H2Zm2 10.5H2a.5.5 0 0 1-.5-.5V8H0v2a2 2 0 0 0 2 2h2v-1.5ZM8 12v-1.5h2a.5.5 0 0 0 .5-.5V8H12v2a2 2 0 0 1-2 2H8Zm2-12a2 2 0 0 1 2 2v2h-1.5V2a.5.5 0 0 0-.5-.5H8V0h2Z\" \/>\n\t\t\t<\/svg>\n\t\t<\/button><figcaption class=\"wp-element-caption\">Photo : Isabel Cristina V\u00e1squez Mej\u00eda \/ Google Maps<\/figcaption><\/figure>\n\n\n\n<h3 class=\"wp-block-heading\"><span class=\"ez-toc-section\" id=\"15_Les_plages_de_Bocagrande_et_Castillogrande_avis_honnete\"><\/span>15. Les plages de Bocagrande et Castillogrande (avis honn\u00eate)<span class=\"ez-toc-section-end\"><\/span><\/h3>\n\n\n\n<p class=\"wp-block-paragraph\">Les guides \u00e9crivent souvent des idylles romantiques assez irr\u00e9elles sur les plages situ\u00e9es directement en ville, alors voici la v\u00e9rit\u00e9 pure et sans fard. <strong>La plage urbaine de Playa de Bocagrande a beau afficher une note de 4,3 sur internet, l&rsquo;eau y est le plus souvent trouble et brune<\/strong>. C&rsquo;est un endroit extr\u00eamement pratique si tu veux juste te rafra\u00eechir rapidement \u00e0 deux pas de ton h\u00f4tel en hauteur, mais visuellement ce n&rsquo;est vraiment pas un paradis carib\u00e9en, et la plage est de plus assi\u00e9g\u00e9e en permanence par des dizaines de vendeurs de massages et de parasols hors de prix.<\/p>\n\n\n\n<p class=\"wp-block-paragraph\">La situation est nettement meilleure et plus supportable un peu plus loin, \u00e0 la <strong>Playa Castillogrande (note de 4,5)<\/strong>. Cette partie sp\u00e9cifique de la presqu&rsquo;\u00eele est bien plus calme, ce sont surtout des familles locales qui viennent y passer du temps, et l&rsquo;eau y est un peu plus propre et plus calme, m\u00eame s&rsquo;il ne faut toujours pas t&rsquo;attendre \u00e0 la vraie couleur turquoise. C&rsquo;est en revanche un endroit id\u00e9al pour une promenade matinale tranquille le long de la mer.<\/p>\n\n\n\n<p class=\"wp-block-paragraph\">Si tu veux passer toute une journ\u00e9e sur une belle plage avec un livre \u00e0 la main, <strong>en ville m\u00eame \u00e7a ne vaut vraiment pas le coup<\/strong>. Pour les vraies plages carib\u00e9ennes des catalogues, tu dois t&rsquo;\u00e9loigner un peu de la ville, soit en bateau vers les \u00eeles coralliennes, soit en voiture vers la populaire presqu&rsquo;\u00eele de Bar\u00fa.<\/p>\n\n\n\n<figure data-wp-context=\"{&quot;imageId&quot;:&quot;6a9c5ffc4070c&quot;}\" data-wp-interactive=\"core\/image\" data-wp-key=\"6a9c5ffc4070c\" class=\"wp-block-image size-full wp-lightbox-container\"><img decoding=\"async\" width=\"1600\" height=\"1200\" data-wp-class--hide=\"state.isContentHidden\" data-wp-class--show=\"state.isContentVisible\" data-wp-init=\"callbacks.setButtonStyles\" data-wp-on--click=\"actions.showLightbox\" data-wp-on--load=\"callbacks.setButtonStyles\" data-wp-on--pointerdown=\"actions.preloadImage\" data-wp-on--pointerenter=\"actions.preloadImageWithDelay\" data-wp-on--pointerleave=\"actions.cancelPreload\" data-wp-on-window--resize=\"callbacks.setButtonStyles\" src=\"https:\/\/loudavymkrokem.cz\/wp-content\/uploads\/2026\/09\/islas-del-rosario.jpg\" alt=\"Islas del Rosario et le pi\u00e8ge \u00e0 argent\" class=\"wp-image-415726\" title=\"\" srcset=\"https:\/\/loudavymkrokem.cz\/wp-content\/uploads\/2026\/09\/islas-del-rosario.jpg 1600w, https:\/\/loudavymkrokem.cz\/wp-content\/uploads\/2026\/09\/islas-del-rosario-300x225.jpg 300w, https:\/\/loudavymkrokem.cz\/wp-content\/uploads\/2026\/09\/islas-del-rosario-700x525.jpg 700w, https:\/\/loudavymkrokem.cz\/wp-content\/uploads\/2026\/09\/islas-del-rosario-768x576.jpg 768w, https:\/\/loudavymkrokem.cz\/wp-content\/uploads\/2026\/09\/islas-del-rosario-1536x1152.jpg 1536w, https:\/\/loudavymkrokem.cz\/wp-content\/uploads\/2026\/09\/islas-del-rosario-80x60.jpg 80w, https:\/\/loudavymkrokem.cz\/wp-content\/uploads\/2026\/09\/islas-del-rosario-160x120.jpg 160w, https:\/\/loudavymkrokem.cz\/wp-content\/uploads\/2026\/09\/islas-del-rosario-696x522.jpg 696w, https:\/\/loudavymkrokem.cz\/wp-content\/uploads\/2026\/09\/islas-del-rosario-1392x1044.jpg 1392w\" sizes=\"(max-width: 1600px) 100vw, 1600px\" \/><button\n\t\t\tclass=\"lightbox-trigger\"\n\t\t\ttype=\"button\"\n\t\t\taria-haspopup=\"dialog\"\n\t\t\tdata-wp-bind--aria-label=\"state.thisImage.triggerButtonAriaLabel\"\n\t\t\tdata-wp-init=\"callbacks.initTriggerButton\"\n\t\t\tdata-wp-on--click=\"actions.showLightbox\"\n\t\t\tdata-wp-style--right=\"state.thisImage.buttonRight\"\n\t\t\tdata-wp-style--top=\"state.thisImage.buttonTop\"\n\t\t>\n\t\t\t<svg xmlns=\"http:\/\/www.w3.org\/2000\/svg\" width=\"12\" height=\"12\" fill=\"none\" viewBox=\"0 0 12 12\">\n\t\t\t\t<path fill=\"#fff\" d=\"M2 0a2 2 0 0 0-2 2v2h1.5V2a.5.5 0 0 1 .5-.5h2V0H2Zm2 10.5H2a.5.5 0 0 1-.5-.5V8H0v2a2 2 0 0 0 2 2h2v-1.5ZM8 12v-1.5h2a.5.5 0 0 0 .5-.5V8H12v2a2 2 0 0 1-2 2H8Zm2-12a2 2 0 0 1 2 2v2h-1.5V2a.5.5 0 0 0-.5-.5H8V0h2Z\" \/>\n\t\t\t<\/svg>\n\t\t<\/button><figcaption class=\"wp-element-caption\">Photo : Frankoys23 \/ Google Maps<\/figcaption><\/figure>\n\n\n\n<h3 class=\"wp-block-heading\"><span class=\"ez-toc-section\" id=\"16_Islas_del_Rosario_et_le_piege_a_argent\"><\/span>16. Islas del Rosario et le pi\u00e8ge \u00e0 argent<span class=\"ez-toc-section-end\"><\/span><\/h3>\n\n\n\n<p class=\"wp-block-paragraph\">Le magnifique archipel des Islas del Rosario se situe dans un <a href=\"https:\/\/www.parquesnacionales.gov.co\/\" rel=\"nofollow noopener\" target=\"_blank\">parc national<\/a> prot\u00e9g\u00e9 \u00e0 moins d&rsquo;une heure de bateau rapide de Cartagena, et c&rsquo;est enfin le vrai r\u00eave carib\u00e9en avec r\u00e9cifs coralliens et sable blanc. <strong>Il y a cependant un \u00e9norme pi\u00e8ge touristique auquel se laisse prendre la plupart des touristes non pr\u00e9par\u00e9s (frais cach\u00e9s inattendus)<\/strong>. Quel que soit le prix auquel tu ach\u00e8tes l&rsquo;excursion en ville, elle n&rsquo;inclut presque jamais les frais portuaires obligatoires.<\/p>\n\n\n\n<p class=\"wp-block-paragraph\"><strong>L&rsquo;entr\u00e9e dans le parc national lui-m\u00eame te co\u00fbtera environ 25 000 \u00e0 31 500 COP par personne, et \u00e0 cela s&rsquo;ajoute une assurance maritime obligatoire d&rsquo;environ 8 800 COP<\/strong>. Au total, cela fait environ 40 000 COP que <strong>tu dois payer exclusivement en esp\u00e8ces directement au quai<\/strong> avant de monter dans le bateau. Si tu n&rsquo;as pas de billets sur toi, on ne te laissera tout simplement pas monter \u00e0 bord et ton excursion tombera \u00e0 l&rsquo;eau. \ud83d\udca1 <strong>Astuce :<\/strong> Retire ton argent aux distributeurs (Bancolombia ou Davivienda sont fiables) tranquillement la veille, car le matin pr\u00e8s du port, les distributeurs sont souvent compl\u00e8tement vides.<\/p>\n\n\n\n<p class=\"wp-block-paragraph\">Les \u00eeles elles-m\u00eames sont magnifiques et absolument id\u00e9ales pour <strong>une journ\u00e9e enti\u00e8re de snorkeling<\/strong>. Tu g\u00e2cheras cependant beaucoup toute l&rsquo;exp\u00e9rience si tu te disputes d\u00e8s le matin pr\u00e8s du port bruyant <strong>\u00e0 cause des frais<\/strong> dont l&rsquo;agence ne t&rsquo;a rien dit \u00e0 l&rsquo;avance.<\/p>\n\n\n\n<figure data-wp-context=\"{&quot;imageId&quot;:&quot;6a9c5ffc40ea1&quot;}\" data-wp-interactive=\"core\/image\" data-wp-key=\"6a9c5ffc40ea1\" class=\"wp-block-image size-full wp-lightbox-container\"><img decoding=\"async\" width=\"1600\" height=\"1200\" data-wp-class--hide=\"state.isContentHidden\" data-wp-class--show=\"state.isContentVisible\" data-wp-init=\"callbacks.setButtonStyles\" data-wp-on--click=\"actions.showLightbox\" data-wp-on--load=\"callbacks.setButtonStyles\" data-wp-on--pointerdown=\"actions.preloadImage\" data-wp-on--pointerenter=\"actions.preloadImageWithDelay\" data-wp-on--pointerleave=\"actions.cancelPreload\" data-wp-on-window--resize=\"callbacks.setButtonStyles\" src=\"https:\/\/loudavymkrokem.cz\/wp-content\/uploads\/2026\/09\/ostrovn-beach-cluby.jpg\" alt=\"Beach clubs sur les \u00eeles (au lieu des plages publiques)\" class=\"wp-image-415727\" title=\"\" srcset=\"https:\/\/loudavymkrokem.cz\/wp-content\/uploads\/2026\/09\/ostrovn-beach-cluby.jpg 1600w, https:\/\/loudavymkrokem.cz\/wp-content\/uploads\/2026\/09\/ostrovn-beach-cluby-300x225.jpg 300w, https:\/\/loudavymkrokem.cz\/wp-content\/uploads\/2026\/09\/ostrovn-beach-cluby-700x525.jpg 700w, https:\/\/loudavymkrokem.cz\/wp-content\/uploads\/2026\/09\/ostrovn-beach-cluby-768x576.jpg 768w, https:\/\/loudavymkrokem.cz\/wp-content\/uploads\/2026\/09\/ostrovn-beach-cluby-1536x1152.jpg 1536w, https:\/\/loudavymkrokem.cz\/wp-content\/uploads\/2026\/09\/ostrovn-beach-cluby-80x60.jpg 80w, https:\/\/loudavymkrokem.cz\/wp-content\/uploads\/2026\/09\/ostrovn-beach-cluby-160x120.jpg 160w, https:\/\/loudavymkrokem.cz\/wp-content\/uploads\/2026\/09\/ostrovn-beach-cluby-696x522.jpg 696w, https:\/\/loudavymkrokem.cz\/wp-content\/uploads\/2026\/09\/ostrovn-beach-cluby-1392x1044.jpg 1392w\" sizes=\"(max-width: 1600px) 100vw, 1600px\" \/><button\n\t\t\tclass=\"lightbox-trigger\"\n\t\t\ttype=\"button\"\n\t\t\taria-haspopup=\"dialog\"\n\t\t\tdata-wp-bind--aria-label=\"state.thisImage.triggerButtonAriaLabel\"\n\t\t\tdata-wp-init=\"callbacks.initTriggerButton\"\n\t\t\tdata-wp-on--click=\"actions.showLightbox\"\n\t\t\tdata-wp-style--right=\"state.thisImage.buttonRight\"\n\t\t\tdata-wp-style--top=\"state.thisImage.buttonTop\"\n\t\t>\n\t\t\t<svg xmlns=\"http:\/\/www.w3.org\/2000\/svg\" width=\"12\" height=\"12\" fill=\"none\" viewBox=\"0 0 12 12\">\n\t\t\t\t<path fill=\"#fff\" d=\"M2 0a2 2 0 0 0-2 2v2h1.5V2a.5.5 0 0 1 .5-.5h2V0H2Zm2 10.5H2a.5.5 0 0 1-.5-.5V8H0v2a2 2 0 0 0 2 2h2v-1.5ZM8 12v-1.5h2a.5.5 0 0 0 .5-.5V8H12v2a2 2 0 0 1-2 2H8Zm2-12a2 2 0 0 1 2 2v2h-1.5V2a.5.5 0 0 0-.5-.5H8V0h2Z\" \/>\n\t\t\t<\/svg>\n\t\t<\/button><figcaption class=\"wp-element-caption\">Photo : IBBIZA ISLAND BEACH CLUB \/ Google Maps<\/figcaption><\/figure>\n\n\n\n<h3 class=\"wp-block-heading\"><span class=\"ez-toc-section\" id=\"17_Les_beach_clubs_des_iles_au_lieu_des_plages_publiques\"><\/span>17. Les beach clubs des \u00eeles (au lieu des plages publiques)<span class=\"ez-toc-section-end\"><\/span><\/h3>\n\n\n\n<p class=\"wp-block-paragraph\">Au lieu d&rsquo;aller sur les plages insulaires publiques ordinaires et souvent extr\u00eamement bond\u00e9es, <strong>je te recommande chaudement de r\u00e9server un day pass dans l&rsquo;un des nombreux beach clubs priv\u00e9s<\/strong>. C&rsquo;est plus cher, mais tu auras ton propre transat, une eau propre et surtout la tranquillit\u00e9 loin des vendeurs qui, autrement, te harc\u00e8lent toutes les deux minutes pour t&rsquo;acheter des souvenirs.<\/p>\n\n\n\n<p class=\"wp-block-paragraph\">Un excellent choix est le <strong>Capri Beach Club (note fantastique de 4,9) sur l&rsquo;\u00eele d&rsquo;Isla Grande<\/strong>, o\u00f9 tu trouveras un calme parfait, un service excellent et une eau turquoise cristalline. Si tu cherches plut\u00f4t une atmosph\u00e8re moderne et styl\u00e9e fa\u00e7on f\u00eate, avec une excellente gastronomie et de super boissons, va absolument \u00e0 <strong>Blue Apple Beach (note de 4,7) sur l&rsquo;\u00eele plus proche d&rsquo;Isla Tierra Bomba<\/strong>.<\/p>\n\n\n\n<p class=\"wp-block-paragraph\">Si tu n&rsquo;as pas du tout envie de voyager loin en bateau, tout en voulant profiter d&rsquo;un confort de plage maximal et de boissons au bord de l&rsquo;eau, il y a en ville, dans le quartier plus calme de Manga, le <strong>club urbain Bendita Beach (note de 4,7) avec sa belle piscine<\/strong>, o\u00f9 l&rsquo;on prend soin de toi toute la journ\u00e9e comme dans du coton.<\/p>\n\n\n\n<figure data-wp-context=\"{&quot;imageId&quot;:&quot;6a9c5ffc417c2&quot;}\" data-wp-interactive=\"core\/image\" data-wp-key=\"6a9c5ffc417c2\" class=\"wp-block-image size-full wp-lightbox-container\"><img decoding=\"async\" width=\"1200\" height=\"675\" data-wp-class--hide=\"state.isContentHidden\" data-wp-class--show=\"state.isContentVisible\" data-wp-init=\"callbacks.setButtonStyles\" data-wp-on--click=\"actions.showLightbox\" data-wp-on--load=\"callbacks.setButtonStyles\" data-wp-on--pointerdown=\"actions.preloadImage\" data-wp-on--pointerenter=\"actions.preloadImageWithDelay\" data-wp-on--pointerleave=\"actions.cancelPreload\" data-wp-on-window--resize=\"callbacks.setButtonStyles\" src=\"https:\/\/loudavymkrokem.cz\/wp-content\/uploads\/2026\/09\/swap-415557-18-1bdf9f8e.png\" alt=\"Mangroves pr\u00e8s du village de p\u00eacheurs de La Boquilla\" class=\"wp-image-415927\" title=\"\" srcset=\"https:\/\/loudavymkrokem.cz\/wp-content\/uploads\/2026\/09\/swap-415557-18-1bdf9f8e.png 1200w, https:\/\/loudavymkrokem.cz\/wp-content\/uploads\/2026\/09\/swap-415557-18-1bdf9f8e-300x169.png 300w, https:\/\/loudavymkrokem.cz\/wp-content\/uploads\/2026\/09\/swap-415557-18-1bdf9f8e-700x394.png 700w, https:\/\/loudavymkrokem.cz\/wp-content\/uploads\/2026\/09\/swap-415557-18-1bdf9f8e-768x432.png 768w, https:\/\/loudavymkrokem.cz\/wp-content\/uploads\/2026\/09\/swap-415557-18-1bdf9f8e-696x392.png 696w\" sizes=\"(max-width: 1200px) 100vw, 1200px\" \/><button\n\t\t\tclass=\"lightbox-trigger\"\n\t\t\ttype=\"button\"\n\t\t\taria-haspopup=\"dialog\"\n\t\t\tdata-wp-bind--aria-label=\"state.thisImage.triggerButtonAriaLabel\"\n\t\t\tdata-wp-init=\"callbacks.initTriggerButton\"\n\t\t\tdata-wp-on--click=\"actions.showLightbox\"\n\t\t\tdata-wp-style--right=\"state.thisImage.buttonRight\"\n\t\t\tdata-wp-style--top=\"state.thisImage.buttonTop\"\n\t\t>\n\t\t\t<svg xmlns=\"http:\/\/www.w3.org\/2000\/svg\" width=\"12\" height=\"12\" fill=\"none\" viewBox=\"0 0 12 12\">\n\t\t\t\t<path fill=\"#fff\" d=\"M2 0a2 2 0 0 0-2 2v2h1.5V2a.5.5 0 0 1 .5-.5h2V0H2Zm2 10.5H2a.5.5 0 0 1-.5-.5V8H0v2a2 2 0 0 0 2 2h2v-1.5ZM8 12v-1.5h2a.5.5 0 0 0 .5-.5V8H12v2a2 2 0 0 1-2 2H8Zm2-12a2 2 0 0 1 2 2v2h-1.5V2a.5.5 0 0 0-.5-.5H8V0h2Z\" \/>\n\t\t\t<\/svg>\n\t\t<\/button><figcaption class=\"wp-element-caption\">Photo : ECOTOURS BOQUILLA \/ Google Maps<\/figcaption><\/figure>\n\n\n\n<h3 class=\"wp-block-heading\"><span class=\"ez-toc-section\" id=\"18_Le_village_de_pecheurs_de_La_Boquilla_et_les_mangroves\"><\/span>18. Le village de p\u00eacheurs de La Boquilla et les mangroves<span class=\"ez-toc-section-end\"><\/span><\/h3>\n\n\n\n<p class=\"wp-block-paragraph\">Si tu veux vivre en ville quelque chose de compl\u00e8tement diff\u00e9rent du centre colonial rutilant, tout en soutenant directement la communaut\u00e9 locale avec ton argent, <strong>rends-toi au nord de la ville, dans l&rsquo;authentique village de p\u00eacheurs de La Boquilla<\/strong>. Ici, tu d\u00e9couvriras enfin le visage plus brut et bien plus traditionnel afro-colombien de toute la r\u00e9gion carib\u00e9enne, qui a disparu du centre.<\/p>\n\n\n\n<p class=\"wp-block-paragraph\">L&rsquo;attraction principale y est une <strong>fascinante balade en pirogue de bois traditionnelle \u00e0 travers de tr\u00e8s denses for\u00eats de mangroves<\/strong>. Les p\u00eacheurs locaux exp\u00e9riment\u00e9s t&#8217;emm\u00e8nent dans l&rsquo;enchev\u00eatrement de canaux d&rsquo;eau silencieux, o\u00f9 tu peux observer de pr\u00e8s d&rsquo;\u00e9l\u00e9gantes aigrettes, des crabes cach\u00e9s dans les racines et \u00e9couter le silence absolu, seulement interrompu par le doux clapotis des pagaies en bois.<\/p>\n\n\n\n<p class=\"wp-block-paragraph\">Cette discr\u00e8te excursion \u00e9cologique est l&rsquo;une des rares exp\u00e9riences \u00e0 Cartagena o\u00f9 <strong>ton argent reste directement entre les mains de la communaut\u00e9 locale<\/strong>, qui s&rsquo;efforce de toutes ses forces de pr\u00e9server son mode de vie traditionnel de p\u00eache face \u00e0 l&rsquo;expansion agressive des h\u00f4tels modernes aux alentours.<\/p>\n\n\n\n<figure data-wp-context=\"{&quot;imageId&quot;:&quot;6a9c5ffc420fb&quot;}\" data-wp-interactive=\"core\/image\" data-wp-key=\"6a9c5ffc420fb\" class=\"wp-block-image size-full wp-lightbox-container\"><img decoding=\"async\" width=\"1600\" height=\"1200\" data-wp-class--hide=\"state.isContentHidden\" data-wp-class--show=\"state.isContentVisible\" data-wp-init=\"callbacks.setButtonStyles\" data-wp-on--click=\"actions.showLightbox\" data-wp-on--load=\"callbacks.setButtonStyles\" data-wp-on--pointerdown=\"actions.preloadImage\" data-wp-on--pointerenter=\"actions.preloadImageWithDelay\" data-wp-on--pointerleave=\"actions.cancelPreload\" data-wp-on-window--resize=\"callbacks.setButtonStyles\" src=\"https:\/\/loudavymkrokem.cz\/wp-content\/uploads\/2026\/09\/swap-415557-19-48814361.jpg\" alt=\"Le march\u00e9 Bazurto \u00e0 Cartagena\" class=\"wp-image-415919\" title=\"\" srcset=\"https:\/\/loudavymkrokem.cz\/wp-content\/uploads\/2026\/09\/swap-415557-19-48814361.jpg 1600w, https:\/\/loudavymkrokem.cz\/wp-content\/uploads\/2026\/09\/swap-415557-19-48814361-300x225.jpg 300w, https:\/\/loudavymkrokem.cz\/wp-content\/uploads\/2026\/09\/swap-415557-19-48814361-700x525.jpg 700w, https:\/\/loudavymkrokem.cz\/wp-content\/uploads\/2026\/09\/swap-415557-19-48814361-768x576.jpg 768w, https:\/\/loudavymkrokem.cz\/wp-content\/uploads\/2026\/09\/swap-415557-19-48814361-1536x1152.jpg 1536w, https:\/\/loudavymkrokem.cz\/wp-content\/uploads\/2026\/09\/swap-415557-19-48814361-80x60.jpg 80w, https:\/\/loudavymkrokem.cz\/wp-content\/uploads\/2026\/09\/swap-415557-19-48814361-160x120.jpg 160w, https:\/\/loudavymkrokem.cz\/wp-content\/uploads\/2026\/09\/swap-415557-19-48814361-696x522.jpg 696w, https:\/\/loudavymkrokem.cz\/wp-content\/uploads\/2026\/09\/swap-415557-19-48814361-1392x1044.jpg 1392w\" sizes=\"(max-width: 1600px) 100vw, 1600px\" \/><button\n\t\t\tclass=\"lightbox-trigger\"\n\t\t\ttype=\"button\"\n\t\t\taria-haspopup=\"dialog\"\n\t\t\tdata-wp-bind--aria-label=\"state.thisImage.triggerButtonAriaLabel\"\n\t\t\tdata-wp-init=\"callbacks.initTriggerButton\"\n\t\t\tdata-wp-on--click=\"actions.showLightbox\"\n\t\t\tdata-wp-style--right=\"state.thisImage.buttonRight\"\n\t\t\tdata-wp-style--top=\"state.thisImage.buttonTop\"\n\t\t>\n\t\t\t<svg xmlns=\"http:\/\/www.w3.org\/2000\/svg\" width=\"12\" height=\"12\" fill=\"none\" viewBox=\"0 0 12 12\">\n\t\t\t\t<path fill=\"#fff\" d=\"M2 0a2 2 0 0 0-2 2v2h1.5V2a.5.5 0 0 1 .5-.5h2V0H2Zm2 10.5H2a.5.5 0 0 1-.5-.5V8H0v2a2 2 0 0 0 2 2h2v-1.5ZM8 12v-1.5h2a.5.5 0 0 0 .5-.5V8H12v2a2 2 0 0 1-2 2H8Zm2-12a2 2 0 0 1 2 2v2h-1.5V2a.5.5 0 0 0-.5-.5H8V0h2Z\" \/>\n\t\t\t<\/svg>\n\t\t<\/button><figcaption class=\"wp-element-caption\">Photo : Juan David \/ Google Maps<\/figcaption><\/figure>\n\n\n\n<h3 class=\"wp-block-heading\"><span class=\"ez-toc-section\" id=\"19_Le_marche_Bazurto_uniquement_pour_les_ames_bien_accrochees\"><\/span>19. Le march\u00e9 Bazurto (uniquement pour les \u00e2mes bien accroch\u00e9es)<span class=\"ez-toc-section-end\"><\/span><\/h3>\n\n\n\n<p class=\"wp-block-paragraph\">Le <strong>march\u00e9 Bazurto<\/strong> est immense, bruyant, chaotique et par endroits franchement assez sale, et sa note moyenne de 3,7 sur plus de 12 000 avis parle d&rsquo;elle-m\u00eame. Ce n&rsquo;est pas une attraction touristique, c&rsquo;est <strong>la r\u00e9alit\u00e9 quotidienne de la vie colombienne<\/strong>. On y vend absolument tout ce qui est imaginable, de la viande crue suspendue \u00e0 des crochets dans une chaleur \u00e9norme aux \u00e9normes montagnes de fruits exotiques, en passant par des v\u00eatements de marque et de l&rsquo;\u00e9lectronique contrefaits.<\/p>\n\n\n\n<p class=\"wp-block-paragraph\"><strong>Il est totalement d\u00e9conseill\u00e9 aux \u00e9trangers d&rsquo;y aller par eux-m\u00eames pour des raisons de s\u00e9curit\u00e9<\/strong>, le labyrinthe de stands est extr\u00eamement confus et des pickpockets organis\u00e9s y op\u00e8rent souvent discr\u00e8tement dans la foule. Si tu veux voir ce march\u00e9 authentique, <strong>vas-y uniquement tr\u00e8s t\u00f4t le matin et exclusivement avec un guide local agr\u00e9\u00e9<\/strong>, qui sait exactement par o\u00f9 passer en toute s\u00e9curit\u00e9.<\/p>\n\n\n\n<p class=\"wp-block-paragraph\"><strong>Avec un bon guide<\/strong>, cela peut cependant \u00eatre une exp\u00e9rience absolument fascinante, o\u00f9 tu go\u00fbteras d&rsquo;\u00e9tranges fruits exotiques jamais vus de ta vie et o\u00f9 tu verras le vrai visage non touristique de la ville, sans clinquant. Mais ne viens surtout pas ici pour de simples achats de jolis souvenirs, pour \u00e7a <strong>les march\u00e9s du centre sont meilleurs<\/strong>.<\/p>\n\n\n\n<figure data-wp-context=\"{&quot;imageId&quot;:&quot;6a9c5ffc42862&quot;}\" data-wp-interactive=\"core\/image\" data-wp-key=\"6a9c5ffc42862\" class=\"wp-block-image size-full wp-lightbox-container\"><img decoding=\"async\" width=\"1600\" height=\"1200\" data-wp-class--hide=\"state.isContentHidden\" data-wp-class--show=\"state.isContentVisible\" data-wp-init=\"callbacks.setButtonStyles\" data-wp-on--click=\"actions.showLightbox\" data-wp-on--load=\"callbacks.setButtonStyles\" data-wp-on--pointerdown=\"actions.preloadImage\" data-wp-on--pointerenter=\"actions.preloadImageWithDelay\" data-wp-on--pointerleave=\"actions.cancelPreload\" data-wp-on-window--resize=\"callbacks.setButtonStyles\" src=\"https:\/\/loudavymkrokem.cz\/wp-content\/uploads\/2026\/09\/museo-del-chocolate.png\" alt=\"Museo del Chocolate et le cacao colombien\" class=\"wp-image-415742\" title=\"\" srcset=\"https:\/\/loudavymkrokem.cz\/wp-content\/uploads\/2026\/09\/museo-del-chocolate.png 1600w, https:\/\/loudavymkrokem.cz\/wp-content\/uploads\/2026\/09\/museo-del-chocolate-300x225.png 300w, https:\/\/loudavymkrokem.cz\/wp-content\/uploads\/2026\/09\/museo-del-chocolate-700x525.png 700w, https:\/\/loudavymkrokem.cz\/wp-content\/uploads\/2026\/09\/museo-del-chocolate-768x576.png 768w, https:\/\/loudavymkrokem.cz\/wp-content\/uploads\/2026\/09\/museo-del-chocolate-1536x1152.png 1536w, https:\/\/loudavymkrokem.cz\/wp-content\/uploads\/2026\/09\/museo-del-chocolate-80x60.png 80w, https:\/\/loudavymkrokem.cz\/wp-content\/uploads\/2026\/09\/museo-del-chocolate-160x120.png 160w, https:\/\/loudavymkrokem.cz\/wp-content\/uploads\/2026\/09\/museo-del-chocolate-696x522.png 696w, https:\/\/loudavymkrokem.cz\/wp-content\/uploads\/2026\/09\/museo-del-chocolate-1392x1044.png 1392w\" sizes=\"(max-width: 1600px) 100vw, 1600px\" \/><button\n\t\t\tclass=\"lightbox-trigger\"\n\t\t\ttype=\"button\"\n\t\t\taria-haspopup=\"dialog\"\n\t\t\tdata-wp-bind--aria-label=\"state.thisImage.triggerButtonAriaLabel\"\n\t\t\tdata-wp-init=\"callbacks.initTriggerButton\"\n\t\t\tdata-wp-on--click=\"actions.showLightbox\"\n\t\t\tdata-wp-style--right=\"state.thisImage.buttonRight\"\n\t\t\tdata-wp-style--top=\"state.thisImage.buttonTop\"\n\t\t>\n\t\t\t<svg xmlns=\"http:\/\/www.w3.org\/2000\/svg\" width=\"12\" height=\"12\" fill=\"none\" viewBox=\"0 0 12 12\">\n\t\t\t\t<path fill=\"#fff\" d=\"M2 0a2 2 0 0 0-2 2v2h1.5V2a.5.5 0 0 1 .5-.5h2V0H2Zm2 10.5H2a.5.5 0 0 1-.5-.5V8H0v2a2 2 0 0 0 2 2h2v-1.5ZM8 12v-1.5h2a.5.5 0 0 0 .5-.5V8H12v2a2 2 0 0 1-2 2H8Zm2-12a2 2 0 0 1 2 2v2h-1.5V2a.5.5 0 0 0-.5-.5H8V0h2Z\" \/>\n\t\t\t<\/svg>\n\t\t<\/button><figcaption class=\"wp-element-caption\">Photo : Museo Del Chocolate Colombia &#8211; Cartagena \/ Google Maps<\/figcaption><\/figure>\n\n\n\n<h3 class=\"wp-block-heading\"><span class=\"ez-toc-section\" id=\"20_Museo_del_Chocolate_et_le_cacao_colombien\"><\/span>20. Museo del Chocolate et le cacao colombien<span class=\"ez-toc-section-end\"><\/span><\/h3>\n\n\n\n<p class=\"wp-block-paragraph\">La Colombie ne produit pas seulement son c\u00e9l\u00e8bre et excellent caf\u00e9 dans le monde entier, mais aussi un cacao de tout premier ordre et de grande qualit\u00e9. <strong>Si tu cherches une belle exp\u00e9rience (pas seulement) pour les familles avec enfants, visite absolument le Museo del Chocolate (excellente note de 4,8)<\/strong>, en plein centre historique de la ville. C&rsquo;est un mus\u00e9e plus petit mais joliment interactif, qui te fait d\u00e9couvrir de mani\u00e8re captivante tout le processus complexe, de la culture des f\u00e8ves de cacao \u00e0 la fabrication d&rsquo;une tablette de d\u00e9licieux chocolat.<\/p>\n\n\n\n<p class=\"wp-block-paragraph\">Pendant la visite parfum\u00e9e, <strong>tu apprendras plein de faits surprenants sur l&rsquo;histoire du chocolat dans les cultures pr\u00e9colombiennes<\/strong> et, \u00e0 la fin, une riche et tr\u00e8s g\u00e9n\u00e9reuse d\u00e9gustation de diff\u00e9rentes vari\u00e9t\u00e9s t&rsquo;attend bien s\u00fbr. Id\u00e9al pour un apr\u00e8s-midi de chaleur, et ni les v\u00e9g\u00e9tariens ni les amateurs de chocolat ne le regrettent.<\/p>\n\n\n\n<p class=\"wp-block-paragraph\">Dans la petite boutique pr\u00e8s de la sortie, tu peux de plus <strong>acheter les tout meilleurs souvenirs comestibles \u00e0 ramener \u00e0 ta famille<\/strong>, des classiques chocolats noirs \u00e0 haut pourcentage de cacao aux d\u00e9licats pralin\u00e9s fourr\u00e9s aux fruits exotiques des Cara\u00efbes.<\/p>\n\n\n\n<figure data-wp-context=\"{&quot;imageId&quot;:&quot;6a9c5ffc430ca&quot;}\" data-wp-interactive=\"core\/image\" data-wp-key=\"6a9c5ffc430ca\" class=\"wp-block-image size-full wp-lightbox-container\"><img decoding=\"async\" width=\"1600\" height=\"1200\" data-wp-class--hide=\"state.isContentHidden\" data-wp-class--show=\"state.isContentVisible\" data-wp-init=\"callbacks.setButtonStyles\" data-wp-on--click=\"actions.showLightbox\" data-wp-on--load=\"callbacks.setButtonStyles\" data-wp-on--pointerdown=\"actions.preloadImage\" data-wp-on--pointerenter=\"actions.preloadImageWithDelay\" data-wp-on--pointerleave=\"actions.cancelPreload\" data-wp-on-window--resize=\"callbacks.setButtonStyles\" src=\"https:\/\/loudavymkrokem.cz\/wp-content\/uploads\/2026\/09\/swap-415557-21-ea1b5cd5.jpg\" alt=\"Cuisine de rue \u00e0 Cartagena\" class=\"wp-image-415922\" title=\"\" srcset=\"https:\/\/loudavymkrokem.cz\/wp-content\/uploads\/2026\/09\/swap-415557-21-ea1b5cd5.jpg 1600w, https:\/\/loudavymkrokem.cz\/wp-content\/uploads\/2026\/09\/swap-415557-21-ea1b5cd5-300x225.jpg 300w, https:\/\/loudavymkrokem.cz\/wp-content\/uploads\/2026\/09\/swap-415557-21-ea1b5cd5-700x525.jpg 700w, https:\/\/loudavymkrokem.cz\/wp-content\/uploads\/2026\/09\/swap-415557-21-ea1b5cd5-768x576.jpg 768w, https:\/\/loudavymkrokem.cz\/wp-content\/uploads\/2026\/09\/swap-415557-21-ea1b5cd5-1536x1152.jpg 1536w, https:\/\/loudavymkrokem.cz\/wp-content\/uploads\/2026\/09\/swap-415557-21-ea1b5cd5-80x60.jpg 80w, https:\/\/loudavymkrokem.cz\/wp-content\/uploads\/2026\/09\/swap-415557-21-ea1b5cd5-160x120.jpg 160w, https:\/\/loudavymkrokem.cz\/wp-content\/uploads\/2026\/09\/swap-415557-21-ea1b5cd5-696x522.jpg 696w, https:\/\/loudavymkrokem.cz\/wp-content\/uploads\/2026\/09\/swap-415557-21-ea1b5cd5-1392x1044.jpg 1392w\" sizes=\"(max-width: 1600px) 100vw, 1600px\" \/><button\n\t\t\tclass=\"lightbox-trigger\"\n\t\t\ttype=\"button\"\n\t\t\taria-haspopup=\"dialog\"\n\t\t\tdata-wp-bind--aria-label=\"state.thisImage.triggerButtonAriaLabel\"\n\t\t\tdata-wp-init=\"callbacks.initTriggerButton\"\n\t\t\tdata-wp-on--click=\"actions.showLightbox\"\n\t\t\tdata-wp-style--right=\"state.thisImage.buttonRight\"\n\t\t\tdata-wp-style--top=\"state.thisImage.buttonTop\"\n\t\t>\n\t\t\t<svg xmlns=\"http:\/\/www.w3.org\/2000\/svg\" width=\"12\" height=\"12\" fill=\"none\" viewBox=\"0 0 12 12\">\n\t\t\t\t<path fill=\"#fff\" d=\"M2 0a2 2 0 0 0-2 2v2h1.5V2a.5.5 0 0 1 .5-.5h2V0H2Zm2 10.5H2a.5.5 0 0 1-.5-.5V8H0v2a2 2 0 0 0 2 2h2v-1.5ZM8 12v-1.5h2a.5.5 0 0 0 .5-.5V8H12v2a2 2 0 0 1-2 2H8Zm2-12a2 2 0 0 1 2 2v2h-1.5V2a.5.5 0 0 0-.5-.5H8V0h2Z\" \/>\n\t\t\t<\/svg>\n\t\t<\/button><figcaption class=\"wp-element-caption\">Photo : Bruno Ara\u00fajo Faria \/ Google Maps<\/figcaption><\/figure>\n\n\n\n<h3 class=\"wp-block-heading\"><span class=\"ez-toc-section\" id=\"21_Cuisine_de_rue_et_saveurs_caribeennes\"><\/span>21. Cuisine de rue et saveurs carib\u00e9ennes<span class=\"ez-toc-section-end\"><\/span><\/h3>\n\n\n\n<p class=\"wp-block-paragraph\">La cuisine carib\u00e9enne de la c\u00f4te est certes tr\u00e8s bas\u00e9e sur le poisson (bar, ceviche) et les fruits de mer, mais <strong>m\u00eame les amateurs convaincus d&rsquo;alimentation v\u00e9g\u00e9tale y trouveront sans probl\u00e8me leur bonheur dans la rue<\/strong>. La valeur s\u00fbre et bon march\u00e9, que tu trouves \u00e0 chaque coin de rue et qui te sauvera de la faim, c&rsquo;est l&rsquo;<strong>arepa de queso (une \u00e9paisse galette de ma\u00efs grill\u00e9e sur le feu jusqu&rsquo;\u00e0 \u00eatre croustillante et fourr\u00e9e d&rsquo;une bonne quantit\u00e9 de fromage fondu)<\/strong>.<\/p>\n\n\n\n<p class=\"wp-block-paragraph\">Un autre accompagnement absolument parfait ou un en-cas sal\u00e9 rapide, ce sont les <strong>patacones, des morceaux de banane plantain verte frits deux fois<\/strong>, souvent servis avec une sauce \u00e0 l&rsquo;ail ou un excellent hogao \u00e0 la tomate. Ils sont incroyablement rassasiants, gras et tr\u00e8s bon march\u00e9.<\/p>\n\n\n\n<p class=\"wp-block-paragraph\">L&rsquo;hydratation indispensable dans cette chaleur \u00e9crasante se r\u00e8gle au mieux avec des <strong>jugos naturales (jus de fruits frais)<\/strong>. Je te recommande chaudement de go\u00fbter le lulo (une \u00e9trange saveur acidul\u00e9e proche du kiwi et des agrumes), le fruit de la passion frais ou la guan\u00e1bana tr\u00e8s sucr\u00e9e. Si tu cherches quelque chose de plus consistant et cr\u00e9meux, la <strong>limonada de coco (limonade \u00e0 la noix de coco avec du citron vert frais)<\/strong> est la meilleure et la plus rafra\u00eechissante invention carib\u00e9enne au monde. Et n&rsquo;oublie \u00e9videmment pas l&rsquo;omnipr\u00e9sente agua de panela (eau avec du sucre de canne et du citron).<\/p>\n\n\n\n<figure data-wp-context=\"{&quot;imageId&quot;:&quot;6a9c5ffc438bf&quot;}\" data-wp-interactive=\"core\/image\" data-wp-key=\"6a9c5ffc438bf\" class=\"wp-block-image size-full wp-lightbox-container\"><img decoding=\"async\" width=\"1600\" height=\"2133\" data-wp-class--hide=\"state.isContentHidden\" data-wp-class--show=\"state.isContentVisible\" data-wp-init=\"callbacks.setButtonStyles\" data-wp-on--click=\"actions.showLightbox\" data-wp-on--load=\"callbacks.setButtonStyles\" data-wp-on--pointerdown=\"actions.preloadImage\" data-wp-on--pointerenter=\"actions.preloadImageWithDelay\" data-wp-on--pointerleave=\"actions.cancelPreload\" data-wp-on-window--resize=\"callbacks.setButtonStyles\" src=\"https:\/\/loudavymkrokem.cz\/wp-content\/uploads\/2026\/09\/ctg22.jpg\" alt=\"Bistrot v\u00e9g\u00e9tarien \u00e0 Getseman\u00ed \u00e0 Cartagena\" class=\"wp-image-415768\" title=\"\" srcset=\"https:\/\/loudavymkrokem.cz\/wp-content\/uploads\/2026\/09\/ctg22.jpg 1600w, https:\/\/loudavymkrokem.cz\/wp-content\/uploads\/2026\/09\/ctg22-225x300.jpg 225w, https:\/\/loudavymkrokem.cz\/wp-content\/uploads\/2026\/09\/ctg22-700x933.jpg 700w, https:\/\/loudavymkrokem.cz\/wp-content\/uploads\/2026\/09\/ctg22-768x1024.jpg 768w, https:\/\/loudavymkrokem.cz\/wp-content\/uploads\/2026\/09\/ctg22-1152x1536.jpg 1152w, https:\/\/loudavymkrokem.cz\/wp-content\/uploads\/2026\/09\/ctg22-1536x2048.jpg 1536w, https:\/\/loudavymkrokem.cz\/wp-content\/uploads\/2026\/09\/ctg22-696x928.jpg 696w, https:\/\/loudavymkrokem.cz\/wp-content\/uploads\/2026\/09\/ctg22-1392x1856.jpg 1392w\" sizes=\"(max-width: 1600px) 100vw, 1600px\" \/><button\n\t\t\tclass=\"lightbox-trigger\"\n\t\t\ttype=\"button\"\n\t\t\taria-haspopup=\"dialog\"\n\t\t\tdata-wp-bind--aria-label=\"state.thisImage.triggerButtonAriaLabel\"\n\t\t\tdata-wp-init=\"callbacks.initTriggerButton\"\n\t\t\tdata-wp-on--click=\"actions.showLightbox\"\n\t\t\tdata-wp-style--right=\"state.thisImage.buttonRight\"\n\t\t\tdata-wp-style--top=\"state.thisImage.buttonTop\"\n\t\t>\n\t\t\t<svg xmlns=\"http:\/\/www.w3.org\/2000\/svg\" width=\"12\" height=\"12\" fill=\"none\" viewBox=\"0 0 12 12\">\n\t\t\t\t<path fill=\"#fff\" d=\"M2 0a2 2 0 0 0-2 2v2h1.5V2a.5.5 0 0 1 .5-.5h2V0H2Zm2 10.5H2a.5.5 0 0 1-.5-.5V8H0v2a2 2 0 0 0 2 2h2v-1.5ZM8 12v-1.5h2a.5.5 0 0 0 .5-.5V8H12v2a2 2 0 0 1-2 2H8Zm2-12a2 2 0 0 1 2 2v2h-1.5V2a.5.5 0 0 0-.5-.5H8V0h2Z\" \/>\n\t\t\t<\/svg>\n\t\t<\/button><figcaption class=\"wp-element-caption\">Photo : laura nebreda \/ Google Maps<\/figcaption><\/figure>\n\n\n\n<h3 class=\"wp-block-heading\"><span class=\"ez-toc-section\" id=\"22_Ou_manger_sans_viande_conseils_vegetariens\"><\/span>22. O\u00f9 manger sans viande (conseils v\u00e9g\u00e9tariens)<span class=\"ez-toc-section-end\"><\/span><\/h3>\n\n\n\n<p class=\"wp-block-paragraph\">Alors que la plupart des restaurants touristiques ordinaires du centre servent surtout des langoustes co\u00fbteuses et du porc frit, <strong>plusieurs \u00e9tablissements fantastiques et modernes \u00e0 orientation purement v\u00e9g\u00e9tale existent en ville<\/strong>. Je te recommande chaudement d&rsquo;essayer le <strong>Restaurante Sambal (note impressionnante de 4,9)<\/strong> \u00e0 Getseman\u00ed, un bistrot carib\u00e9en innovant qui sait r\u00e9inventer avec brio et cr\u00e9ativit\u00e9 les saveurs locales traditionnelles en plats purement v\u00e9g\u00e9taux.<\/p>\n\n\n\n<p class=\"wp-block-paragraph\">Pour un d\u00e9jeuner rapide, color\u00e9 et tr\u00e8s sain, l&rsquo;<strong>El Bolol\u00f3 | Bowls del Caribe (note de 4,8)<\/strong> est parfait, o\u00f9 l&rsquo;on pr\u00e9pare d&rsquo;\u00e9normes bols rassasiants pleins de riz, de haricots, de plantains et de l\u00e9gumes frais. Un autre v\u00e9ritable joyau pour les v\u00e9g\u00e9tariens qui veulent se reposer de la cuisine de rue frite, c&rsquo;est le bistrot <strong>SANATOco (note de 4,9)<\/strong>, dans le quartier plus calme de Manga.<\/p>\n\n\n\n<p class=\"wp-block-paragraph\">Si tu as envie le soir de quelque chose de bien plus moderne, <strong>le r\u00e9put\u00e9 Pezetarian (note de 4,8) est un excellent choix<\/strong> : il propose certes une cuisine asiatico-carib\u00e9enne avec du poisson, mais aussi un \u00e9norme choix de bowls v\u00e9g\u00e9taux fantastiques et bien assaisonn\u00e9s. Pour une belle ambiance romantique en plein centre, visite ensuite <strong>Casa Boh\u00eame (note de 4,7)<\/strong> ou le tr\u00e8s styl\u00e9 <strong>Restaurante Nami (note de 4,9)<\/strong>.<\/p>\n\n\n\n<h2 class=\"wp-block-heading\"><span class=\"ez-toc-section\" id=\"Ou_aller_depuis_Cartagena_excursions_dans_les_environs\"><\/span>O\u00f9 aller depuis Cartagena (excursions dans les environs)<span class=\"ez-toc-section-end\"><\/span><\/h2>\n\n\n\n<p class=\"wp-block-paragraph\">Quand les klaxons incessants des taxis et les rabatteurs de souvenirs te fatiguent, <strong>les environs de Cartagena<\/strong> t&rsquo;offriront un jour ou deux d&rsquo;un monde totalement diff\u00e9rent.<\/p>\n\n\n\n<ul class=\"wp-block-list\">\n\n<li><strong>San Basilio de Palenque :<\/strong> Voici un joyau historique absolu <a href=\"https:\/\/ich.unesco.org\/en\/RL\/cultural-space-of-palenque-de-san-basilio-00102\" rel=\"nofollow noopener\" target=\"_blank\">prot\u00e9g\u00e9 par l&rsquo;UNESCO<\/a>. Il s&rsquo;agit du tout <strong>premier village libre d&rsquo;esclaves africains en fuite de toute l&rsquo;Am\u00e9rique<\/strong>, fi\u00e8rement fond\u00e9 d\u00e8s 1691. Les habitants locaux ont conserv\u00e9 jusqu&rsquo;\u00e0 aujourd&rsquo;hui leur propre langue unique (le palenquero) et des traditions africaines s\u00e9culaires. C&rsquo;est \u00e0 environ une heure et demie de route de la ville, et il faut absolument y aller avec respect et id\u00e9alement avec un guide issu directement de cette communaut\u00e9 locale.<\/li>\n\n\n\n<li><strong>Volc\u00e1n del Totumo :<\/strong> \u00c0 environ une heure de bus au nord, tu trouveras ce \u00ab volcan \u00bb de boue absolument bizarre. Tu grimpes des escaliers de bois branlants sur une petite colline et <strong>tu te plonges dans un crat\u00e8re rempli de boue \u00e9paisse et chaude<\/strong>, dans laquelle on ne peut pas couler tellement elle est dense. C&rsquo;est une affaire tr\u00e8s touristique et de masse, mais les photos qu&rsquo;on en ram\u00e8ne sont incroyablement amusantes.<\/li>\n\n\n\n<li><strong>La presqu&rsquo;\u00eele de Bar\u00fa et Playa Blanca :<\/strong> Pour le vrai sable blanc et fin et l&rsquo;eau turquoise, tu dois t&rsquo;\u00e9loigner d&rsquo;environ une heure de la ville. <strong>Playa Blanca est r\u00e9ellement magnifique, mais \u00e0 midi elle souffre d&rsquo;un afflux \u00e9norme de gens<\/strong> venus par bus et par bateau, alors tu n&rsquo;y trouveras pas le repos. Tu vivras la meilleure exp\u00e9rience en payant un h\u00e9bergement simple sur place et en profitant tranquillement de la plage t\u00f4t le matin ou au coucher du soleil, quand toutes les foules sont reparties en ville.<\/li>\n\n\n\n<li><strong>Santa Marta et le parc national Tayrona :<\/strong> Si tu as plus de temps en Colombie et que tu ne pr\u00e9vois pas juste une escale rapide, prends un bus confortable pendant environ 4 heures vers l&rsquo;est. <strong>Ce n&rsquo;est pas une destination pour une excursion \u00e0 la journ\u00e9e depuis Cartagena<\/strong>, mais une \u00e9tape suivante formidable et incontournable de ton voyage. Tu y auras acc\u00e8s \u00e0 la nature sauvage et indompt\u00e9e des montagnes de la Sierra Nevada et aux toutes plus belles plages du parc national Tayrona.<\/li>\n\n\n<\/ul>\n\n\n\n<p class=\"wp-block-paragraph\">Pour la <strong>planification de ton s\u00e9jour<\/strong>, jette aussi absolument un \u0153il \u00e0 notre article d\u00e9taill\u00e9 <a href=\"https:\/\/loudavymkrokem.cz\/kde-bydlet-v-cartagene\/\">O\u00f9 loger \u00e0 Cartagena<\/a>, o\u00f9 nous d\u00e9cortiquons chaque quartier dans les moindres d\u00e9tails et te conseillons les <strong>meilleurs h\u00f4tels<\/strong>. Regarde aussi notre guide <a href=\"https:\/\/loudavymkrokem.cz\/co-videt-v-kolumbii\/\">Que voir en Colombie<\/a>, pour que tout ton voyage soit bien planifi\u00e9, ou lis nos conseils sur <a href=\"https:\/\/loudavymkrokem.cz\/bezpecnost-v-jizni-americe\/\">la s\u00e9curit\u00e9 en Am\u00e9rique du Sud<\/a>.<\/p>\n\n\n\n<h2 class=\"wp-block-heading\"><span class=\"ez-toc-section\" id=\"Questions_frequentes\"><\/span>Questions fr\u00e9quentes<span class=\"ez-toc-section-end\"><\/span><\/h2>\n\n\n\n<p class=\"wp-block-paragraph\"><strong>Planifier un voyage en Colombie<\/strong> soul\u00e8ve toujours plein de points d&rsquo;interrogation. Voici les r\u00e9ponses aux <strong>questions les plus fr\u00e9quentes<\/strong> qui te traverseront s\u00fbrement l&rsquo;esprit avant le d\u00e9part.<\/p>\n\n\n<div id=\"rank-math-faq\" class=\"rank-math-block\">\n<div class=\"rank-math-list \">\n<div id=\"faq-question-1788422655000\" class=\"rank-math-list-item\">\n<h3 class=\"rank-math-question \"><span class=\"ez-toc-section\" id=\"Cartagena_est-elle_sure\"><\/span>Cartagena est-elle s\u00fbre ?<span class=\"ez-toc-section-end\"><\/span><\/h3>\n<div class=\"rank-math-answer \">\n\n<p>Dans le centre historique et dans l&rsquo;anim\u00e9 Getseman\u00ed (o\u00f9 fonctionne une forte et visible police touristique), vous n&rsquo;avez certainement rien \u00e0 craindre pendant la journ\u00e9e, <strong>les risques se limitent au maximum aux arnaques courantes sur les prix et aux pickpockets habiles<\/strong>. Le probl\u00e8me majeur concerne cependant la vie nocturne d\u00e9brid\u00e9e. <strong>Le fait de droguer les touristes au scopolamine (\u00ab le souffle du diable \u00bb) dans le but de les voler est une menace absolument r\u00e9elle<\/strong>. Comme l&rsquo;a soulign\u00e9 par exemple le gouvernement canadien dans son avertissement de s\u00e9curit\u00e9 du 9 juillet 2026, les applications de rencontre (Tinder, Bumble) repr\u00e9sentent un risque \u00e9norme, car des groupes organis\u00e9s les utilisent pour attirer les \u00e9trangers. Ne laissez jamais votre verre sans surveillance et allez aux rendez-vous exclusivement dans des \u00e9tablissements publics et \u00e9clair\u00e9s.<\/p>\n\n<\/div>\n<\/div>\n<div id=\"faq-question-1788422655001\" class=\"rank-math-list-item\">\n<h3 class=\"rank-math-question \"><span class=\"ez-toc-section\" id=\"Comment_ca_se_passe_avec_les_taxis_ont-ils_un_compteur\"><\/span>Comment \u00e7a se passe avec les taxis, ont-ils un compteur ?<span class=\"ez-toc-section-end\"><\/span><\/h3>\n<div class=\"rank-math-answer \">\n\n<p>Non, <strong>les taxis \u00e0 Cartagena n&rsquo;ont g\u00e9n\u00e9ralement pas de compteur du tout<\/strong> et comptent sur l&rsquo;ignorance des touristes. Si vous ne convenez pas du prix clairement et distinctement avec le chauffeur AVANT de monter dans le v\u00e9hicule, vous paierez certainement \u00e0 la fin du trajet plusieurs fois le tarif local habituel. Une alternative bien meilleure et plus s\u00fbre est <strong>d&rsquo;utiliser les applications modernes Uber, InDriver ou DiDi<\/strong>, o\u00f9 vous voyez le prix exact \u00e0 l&rsquo;avance et \u00e9vitez ainsi le stress de la n\u00e9gociation dans la rue.<\/p>\n\n<\/div>\n<\/div>\n<div id=\"faq-question-1788422655002\" class=\"rank-math-list-item\">\n<h3 class=\"rank-math-question \"><span class=\"ez-toc-section\" id=\"Dois-je_aller_aux_iles_Rosario_ou_a_Playa_Blanca\"><\/span>Dois-je aller aux \u00eeles Rosario ou \u00e0 Playa Blanca ?<span class=\"ez-toc-section-end\"><\/span><\/h3>\n<div class=\"rank-math-answer \">\n\n<p>Cela d\u00e9pend purement de ce que vous recherchez exactement dans votre excursion. <strong>Playa Blanca sur la p\u00e9ninsule de Bar\u00fa est plus longue, globalement moins ch\u00e8re et accessible aussi par voie terrestre<\/strong>, mais \u00e0 midi il y a vraiment foule et la plage est bord\u00e9e de vendeurs. <strong>Les Islas del Rosario sont incomparablement meilleures pour le snorkeling<\/strong> et offrent une atmosph\u00e8re beaucoup plus calme dans les beach clubs priv\u00e9s, mais vous devez vous y rendre en bateau rapide et on y paie ces fameux frais \u00e9lev\u00e9s et d\u00e9sagr\u00e9ables pour le parc national et l&rsquo;assurance.<\/p>\n\n<\/div>\n<\/div>\n<div id=\"faq-question-1788422655003\" class=\"rank-math-list-item\">\n<h3 class=\"rank-math-question \"><span class=\"ez-toc-section\" id=\"Comment_se_debarrasser_efficacement_des_vendeurs_de_rue\"><\/span>Comment se d\u00e9barrasser efficacement des vendeurs de rue ?<span class=\"ez-toc-section-end\"><\/span><\/h3>\n<div class=\"rank-math-answer \">\n\n<p>La base de la survie dans la rue est de ne pas s&rsquo;arr\u00eater et de ne montrer aucun int\u00e9r\u00eat. <strong>Il suffit de dire un \u00ab no, gracias \u00bb tr\u00e8s bref mais ferme et de continuer \u00e0 marcher sans contact visuel<\/strong>. R\u00e8gle fondamentale \u00e0 retenir : ne prenez jamais rien dans vos mains, m\u00eame s&rsquo;ils pr\u00e9tendent que c&rsquo;est juste un petit cadeau gratuit \u00e0 essayer. D\u00e8s que vous avez la marchandise fermement en main, le vendeur consid\u00e8re l&rsquo;affaire conclue et exigera de l&rsquo;argent de mani\u00e8re tr\u00e8s agressive.<\/p>\n\n<\/div>\n<\/div>\n<div id=\"faq-question-1788422655004\" class=\"rank-math-list-item\">\n<h3 class=\"rank-math-question \"><span class=\"ez-toc-section\" id=\"Peut-on_payer_en_dollars_americains_a_Cartagena\"><\/span>Peut-on payer en dollars am\u00e9ricains \u00e0 Cartagena ?<span class=\"ez-toc-section-end\"><\/span><\/h3>\n<div class=\"rank-math-answer \">\n\n<p>Non, <strong>la monnaie officielle est le peso colombien (COP)<\/strong> et tout est converti dans cette devise. M\u00eame si certains vendeurs de rue ou chauffeurs de taxi accepteront peut-\u00eatre volontiers les dollars, le taux de change qu&rsquo;ils vous proposeront sera extr\u00eamement d\u00e9savantageux. Retirez toujours votre argent directement aux distributeurs automatiques (les grandes enseignes comme Bancolombia ou Davivienda sont fiables et s\u00fbres), ou changez-le dans des bureaux de change officiels certifi\u00e9s. <strong>Ne changez jamais d&rsquo;argent avec des personnes directement dans la rue en aucune circonstance<\/strong>.<\/p>\n\n<\/div>\n<\/div>\n<div id=\"faq-question-1788422655005\" class=\"rank-math-list-item\">\n<h3 class=\"rank-math-question \"><span class=\"ez-toc-section\" id=\"Peut-on_boire_leau_du_robinet_a_Cartagena\"><\/span>Peut-on boire l&rsquo;eau du robinet \u00e0 Cartagena ?<span class=\"ez-toc-section-end\"><\/span><\/h3>\n<div class=\"rank-math-answer \">\n\n<p>Non, <strong>l&rsquo;eau du robinet n&rsquo;est pas du tout recommand\u00e9e pour les \u00e9trangers<\/strong> et pourrait g\u00e2cher toutes vos vacances. Achetez toujours de l&rsquo;eau en bouteille et assurez-vous que le bouchon en plastique a un sceau intact. En ce qui concerne les gla\u00e7ons dans les boissons, vous n&rsquo;avez rien \u00e0 craindre dans les restaurants et bars bien not\u00e9s, car ils utilisent exclusivement de l&rsquo;eau purifi\u00e9e s\u00fbre provenant de bidons pour la fabrication des gla\u00e7ons.<\/p>\n\n<\/div>\n<\/div>\n<div id=\"faq-question-1788422655006\" class=\"rank-math-list-item\">\n<h3 class=\"rank-math-question \"><span class=\"ez-toc-section\" id=\"Combien_de_jours_faut-il_pour_Cartagena\"><\/span>Combien de jours faut-il pour Cartagena ?<span class=\"ez-toc-section-end\"><\/span><\/h3>\n<div class=\"rank-math-answer \">\n\n<p>Pour simplement visiter le centre historique, parcourir les remparts et explorer le quartier de Getseman\u00ed, <strong>2 \u00e0 3 jours seront amplement suffisants<\/strong>. Mais si vous voulez ajouter une excursion d&rsquo;une journ\u00e9e compl\u00e8te en bateau vers les \u00eeles coralliennes, une visite de la plage de Bar\u00fa ou une fascinante excursion historique au village de Palenque, <strong>la dur\u00e9e id\u00e9ale et recommand\u00e9e du s\u00e9jour est de 4 \u00e0 5 jours<\/strong>, afin de tout faire \u00e0 un rythme tranquille.<\/p>\n\n<\/div>\n<\/div>\n<\/div>\n<\/div>","protected":false},"excerpt":{"rendered":"<p>Tu pars pour la perle des Cara\u00efbes colombiennes ? D\u00e9couvre 22 choses \u00e0 voir \u00e0 Cartagena, en Colombie, et apprends \u00e0 \u00e9viter les pi\u00e8ges \u00e0 touristes et les frais cach\u00e9s.<\/p>\n","protected":false},"author":3,"featured_media":415750,"comment_status":"open","ping_status":"open","sticky":false,"template":"","format":"standard","meta":{"_acf_changed":false,"footnotes":"","rank_math_title":"Cartagena, Colombie : 22 choses \u00e0 voir en 2026","rank_math_description":"Que voir \u00e0 Cartagena, en Colombie ? 22 conseils pour \u00e9viter les pi\u00e8ges \u00e0 touristes et les frais cach\u00e9s. Murailles, plages et \u00eeles carib\u00e9ennes. Lis notre guide !","rank_math_focus_keyword":"cartagena colombie","rank_math_seo_score":""},"categories":[650],"tags":[],"class_list":["post-417927","post","type-post","status-publish","format-standard","has-post-thumbnail","category-voyages"],"acf":[],"featured_image_src":"https:\/\/loudavymkrokem.cz\/wp-content\/uploads\/2026\/09\/panorama-cartageny-fe41065f.jpg","author_info":{"display_name":"Lucie Kone\u010dn\u00e1","author_link":"https:\/\/loudavymkrokem.cz\/fr\/author\/lucie-konecna\/"},"_links":{"self":[{"href":"https:\/\/loudavymkrokem.cz\/fr\/wp-json\/wp\/v2\/posts\/417927","targetHints":{"allow":["GET"]}}],"collection":[{"href":"https:\/\/loudavymkrokem.cz\/fr\/wp-json\/wp\/v2\/posts"}],"about":[{"href":"https:\/\/loudavymkrokem.cz\/fr\/wp-json\/wp\/v2\/types\/post"}],"author":[{"embeddable":true,"href":"https:\/\/loudavymkrokem.cz\/fr\/wp-json\/wp\/v2\/users\/3"}],"replies":[{"embeddable":true,"href":"https:\/\/loudavymkrokem.cz\/fr\/wp-json\/wp\/v2\/comments?post=417927"}],"version-history":[{"count":2,"href":"https:\/\/loudavymkrokem.cz\/fr\/wp-json\/wp\/v2\/posts\/417927\/revisions"}],"predecessor-version":[{"id":417929,"href":"https:\/\/loudavymkrokem.cz\/fr\/wp-json\/wp\/v2\/posts\/417927\/revisions\/417929"}],"wp:featuredmedia":[{"embeddable":true,"href":"https:\/\/loudavymkrokem.cz\/fr\/wp-json\/wp\/v2\/media\/415750"}],"wp:attachment":[{"href":"https:\/\/loudavymkrokem.cz\/fr\/wp-json\/wp\/v2\/media?parent=417927"}],"wp:term":[{"taxonomy":"category","embeddable":true,"href":"https:\/\/loudavymkrokem.cz\/fr\/wp-json\/wp\/v2\/categories?post=417927"},{"taxonomy":"post_tag","embeddable":true,"href":"https:\/\/loudavymkrokem.cz\/fr\/wp-json\/wp\/v2\/tags?post=417927"}],"curies":[{"name":"wp","href":"https:\/\/api.w.org\/{rel}","templated":true}]}}