{"id":417920,"date":"2026-09-04T20:53:47","date_gmt":"2026-09-04T18:53:47","guid":{"rendered":"https:\/\/loudavymkrokem.cz\/ou-dormir-strasbourg-france\/"},"modified":"2026-09-05T18:58:13","modified_gmt":"2026-09-05T16:58:13","slug":"ou-dormir-strasbourg-france","status":"publish","type":"post","link":"https:\/\/loudavymkrokem.cz\/fr\/ou-dormir-strasbourg-france\/","title":{"rendered":"O\u00f9 dormir \u00e0 Strasbourg : 18 meilleurs h\u00f4tels et quartiers en 2026"},"content":{"rendered":"\n<p class=\"wp-block-paragraph\">Strasbourg, en France, est une ville dont l&rsquo;atmosph\u00e8re t&rsquo;enveloppe compl\u00e8tement, surtout quand ses ruelles s&rsquo;illuminent de milliers de petites lumi\u00e8res et embaument le vin chaud. Mais choisir <strong>le bon h\u00e9bergement<\/strong> fonctionne ici un peu diff\u00e9remment que dans la plupart des m\u00e9tropoles europ\u00e9ennes, car <strong>\u00e0 Strasbourg, c&rsquo;est avant tout la date qui d\u00e9cide<\/strong>, pas l&rsquo;h\u00f4tel lui-m\u00eame.<\/p>\n\n\n\n<p class=\"wp-block-paragraph\">Si tu pr\u00e9vois de venir pendant les c\u00e9l\u00e8bres march\u00e9s de No\u00ebl, pr\u00e9pare-toi : <strong>un h\u00f4tel dans le centre historique peut co\u00fbter jusqu&rsquo;\u00e0 trois fois le prix de janvier<\/strong>. Les meilleures adresses de l&rsquo;\u00eele de la Grande \u00cele disparaissent des plateformes de r\u00e9servation \u00e0 une vitesse incroyable et se retrouvent donc <strong>compl\u00e8tes six \u00e0 neuf mois \u00e0 l&rsquo;avance<\/strong>.<\/p>\n\n\n\n<p class=\"wp-block-paragraph\">Je vais te montrer comment \u00e9viter les plus gros pi\u00e8ges \u00e0 touristes \u2014 et te r\u00e9v\u00e9ler un petit secret gr\u00e2ce auquel tu peux \u00e9conomiser 30 \u00e0 40 % du prix de l&rsquo;Avent, \u00e0 condition de loger \u00e0 seulement dix \u00e0 vingt minutes \u00e0 pied du c\u0153ur historique.<\/p>\n\n\n\n<figure data-wp-context=\"{&quot;imageId&quot;:&quot;6a9c5ff22a9a5&quot;}\" data-wp-interactive=\"core\/image\" data-wp-key=\"6a9c5ff22a9a5\" class=\"wp-block-image size-full wp-lightbox-container\"><img decoding=\"async\" width=\"1920\" height=\"1848\" data-wp-class--hide=\"state.isContentHidden\" data-wp-class--show=\"state.isContentVisible\" data-wp-init=\"callbacks.setButtonStyles\" data-wp-on--click=\"actions.showLightbox\" data-wp-on--load=\"callbacks.setButtonStyles\" data-wp-on--pointerdown=\"actions.preloadImage\" data-wp-on--pointerenter=\"actions.preloadImageWithDelay\" data-wp-on--pointerleave=\"actions.cancelPreload\" data-wp-on-window--resize=\"callbacks.setButtonStyles\" src=\"https:\/\/loudavymkrokem.cz\/wp-content\/uploads\/2026\/09\/grande-ile-historicke-jadro-strasburku-2b97f23a.jpg\" alt=\"La Grande \u00cele, c\u0153ur historique de Strasbourg\" class=\"wp-image-413380\" title=\"\" srcset=\"https:\/\/loudavymkrokem.cz\/wp-content\/uploads\/2026\/09\/grande-ile-historicke-jadro-strasburku-2b97f23a.jpg 1920w, https:\/\/loudavymkrokem.cz\/wp-content\/uploads\/2026\/09\/grande-ile-historicke-jadro-strasburku-2b97f23a-300x289.jpg 300w, https:\/\/loudavymkrokem.cz\/wp-content\/uploads\/2026\/09\/grande-ile-historicke-jadro-strasburku-2b97f23a-700x674.jpg 700w, https:\/\/loudavymkrokem.cz\/wp-content\/uploads\/2026\/09\/grande-ile-historicke-jadro-strasburku-2b97f23a-768x739.jpg 768w, https:\/\/loudavymkrokem.cz\/wp-content\/uploads\/2026\/09\/grande-ile-historicke-jadro-strasburku-2b97f23a-1536x1478.jpg 1536w, https:\/\/loudavymkrokem.cz\/wp-content\/uploads\/2026\/09\/grande-ile-historicke-jadro-strasburku-2b97f23a-696x670.jpg 696w, https:\/\/loudavymkrokem.cz\/wp-content\/uploads\/2026\/09\/grande-ile-historicke-jadro-strasburku-2b97f23a-1392x1340.jpg 1392w\" sizes=\"(max-width: 1920px) 100vw, 1920px\" \/><button\n\t\t\tclass=\"lightbox-trigger\"\n\t\t\ttype=\"button\"\n\t\t\taria-haspopup=\"dialog\"\n\t\t\tdata-wp-bind--aria-label=\"state.thisImage.triggerButtonAriaLabel\"\n\t\t\tdata-wp-init=\"callbacks.initTriggerButton\"\n\t\t\tdata-wp-on--click=\"actions.showLightbox\"\n\t\t\tdata-wp-style--right=\"state.thisImage.buttonRight\"\n\t\t\tdata-wp-style--top=\"state.thisImage.buttonTop\"\n\t\t>\n\t\t\t<svg xmlns=\"http:\/\/www.w3.org\/2000\/svg\" width=\"12\" height=\"12\" fill=\"none\" viewBox=\"0 0 12 12\">\n\t\t\t\t<path fill=\"#fff\" d=\"M2 0a2 2 0 0 0-2 2v2h1.5V2a.5.5 0 0 1 .5-.5h2V0H2Zm2 10.5H2a.5.5 0 0 1-.5-.5V8H0v2a2 2 0 0 0 2 2h2v-1.5ZM8 12v-1.5h2a.5.5 0 0 0 .5-.5V8H12v2a2 2 0 0 1-2 2H8Zm2-12a2 2 0 0 1 2 2v2h-1.5V2a.5.5 0 0 0-.5-.5H8V0h2Z\" \/>\n\t\t\t<\/svg>\n\t\t<\/button><figcaption class=\"wp-element-caption\">Photo : Cayambe \/ Wikimedia Commons, CC BY-SA 3.0<\/figcaption><\/figure>\n\n\n\n<div id=\"ez-toc-container\" class=\"ez-toc-v2_0_87 ez-toc-wrap-left counter-hierarchy ez-toc-counter ez-toc-grey ez-toc-container-direction\">\n<div class=\"ez-toc-title-container\">\n<p class=\"ez-toc-title\" style=\"cursor:inherit\">Contenu de l&#039;article<\/p>\n<span class=\"ez-toc-title-toggle\"><a href=\"#\" class=\"ez-toc-pull-right ez-toc-btn ez-toc-btn-xs ez-toc-btn-default ez-toc-toggle\" aria-label=\"Toggle Table of Content\"><span class=\"ez-toc-js-icon-con\"><span class=\"\"><span class=\"eztoc-hide\" style=\"display:none;\">Toggle<\/span><span class=\"ez-toc-icon-toggle-span\"><svg style=\"fill: #999;color:#999\" xmlns=\"http:\/\/www.w3.org\/2000\/svg\" class=\"list-377408\" width=\"20px\" height=\"20px\" viewBox=\"0 0 24 24\" fill=\"none\"><path d=\"M6 6H4v2h2V6zm14 0H8v2h12V6zM4 11h2v2H4v-2zm16 0H8v2h12v-2zM4 16h2v2H4v-2zm16 0H8v2h12v-2z\" fill=\"currentColor\"><\/path><\/svg><svg style=\"fill: #999;color:#999\" class=\"arrow-unsorted-368013\" xmlns=\"http:\/\/www.w3.org\/2000\/svg\" width=\"10px\" height=\"10px\" viewBox=\"0 0 24 24\" version=\"1.2\" baseProfile=\"tiny\"><path d=\"M18.2 9.3l-6.2-6.3-6.2 6.3c-.2.2-.3.4-.3.7s.1.5.3.7c.2.2.4.3.7.3h11c.3 0 .5-.1.7-.3.2-.2.3-.5.3-.7s-.1-.5-.3-.7zM5.8 14.7l6.2 6.3 6.2-6.3c.2-.2.3-.5.3-.7s-.1-.5-.3-.7c-.2-.2-.4-.3-.7-.3h-11c-.3 0-.5.1-.7.3-.2.2-.3.5-.3.7s.1.5.3.7z\"\/><\/svg><\/span><\/span><\/span><\/a><\/span><\/div>\n<nav><ul class='ez-toc-list ez-toc-list-level-1 ' ><ul class='ez-toc-list-level-3' ><li class='ez-toc-heading-level-3'><a class=\"ez-toc-link ez-toc-heading-1\" href=\"https:\/\/loudavymkrokem.cz\/fr\/ou-dormir-strasbourg-france\/#Resume_pour_ceux_qui_nont_pas_le_temps_de_tout_lire\" >R\u00e9sum\u00e9 pour ceux qui n&rsquo;ont pas le temps de tout lire<\/a><\/li><\/ul><\/li><li class='ez-toc-page-1 ez-toc-heading-level-2'><a class=\"ez-toc-link ez-toc-heading-2\" href=\"https:\/\/loudavymkrokem.cz\/fr\/ou-dormir-strasbourg-france\/#Quel_quartier_choisir_pour_se_loger\" >Quel quartier choisir pour se loger<\/a><\/li><li class='ez-toc-page-1 ez-toc-heading-level-2'><a class=\"ez-toc-link ez-toc-heading-3\" href=\"https:\/\/loudavymkrokem.cz\/fr\/ou-dormir-strasbourg-france\/#Quand_partir_et_quand_reserver_sa_chambre\" >Quand partir et quand r\u00e9server sa chambre<\/a><\/li><li class='ez-toc-page-1 ez-toc-heading-level-2'><a class=\"ez-toc-link ez-toc-heading-4\" href=\"https:\/\/loudavymkrokem.cz\/fr\/ou-dormir-strasbourg-france\/#Ou_dormir_a_Strasbourg_les_18_meilleurs_hotels\" >O\u00f9 dormir \u00e0 Strasbourg : les 18 meilleurs h\u00f4tels<\/a><ul class='ez-toc-list-level-3' ><li class='ez-toc-heading-level-3'><a class=\"ez-toc-link ez-toc-heading-5\" href=\"https:\/\/loudavymkrokem.cz\/fr\/ou-dormir-strasbourg-france\/#1_Cour_du_Corbeau_Hotel_Strasbourg_MGallery\" >1. Cour du Corbeau Hotel Strasbourg MGallery<\/a><\/li><li class='ez-toc-page-1 ez-toc-heading-level-3'><a class=\"ez-toc-link ez-toc-heading-6\" href=\"https:\/\/loudavymkrokem.cz\/fr\/ou-dormir-strasbourg-france\/#2_Les_Haras_Hotel_by_Stay_Collection\" >2. Les Haras H\u00f4tel by Stay Collection<\/a><\/li><li class='ez-toc-page-1 ez-toc-heading-level-3'><a class=\"ez-toc-link ez-toc-heading-7\" href=\"https:\/\/loudavymkrokem.cz\/fr\/ou-dormir-strasbourg-france\/#3_Maison_Rouge_Strasbourg_Hotel_Spa\" >3. Maison Rouge Strasbourg Hotel &#038; Spa<\/a><\/li><li class='ez-toc-page-1 ez-toc-heading-level-3'><a class=\"ez-toc-link ez-toc-heading-8\" href=\"https:\/\/loudavymkrokem.cz\/fr\/ou-dormir-strasbourg-france\/#4_Hotel_Beaucour\" >4. H\u00f4tel Beaucour<\/a><\/li><li class='ez-toc-page-1 ez-toc-heading-level-3'><a class=\"ez-toc-link ez-toc-heading-9\" href=\"https:\/\/loudavymkrokem.cz\/fr\/ou-dormir-strasbourg-france\/#5_LEONOR_Hotel_by_Stay_Collection\" >5. L\u00c9ONOR H\u00f4tel by Stay Collection<\/a><\/li><li class='ez-toc-page-1 ez-toc-heading-level-3'><a class=\"ez-toc-link ez-toc-heading-10\" href=\"https:\/\/loudavymkrokem.cz\/fr\/ou-dormir-strasbourg-france\/#6_Hotel_Tandem\" >6. Hotel Tandem<\/a><\/li><li class='ez-toc-page-1 ez-toc-heading-level-3'><a class=\"ez-toc-link ez-toc-heading-11\" href=\"https:\/\/loudavymkrokem.cz\/fr\/ou-dormir-strasbourg-france\/#7_Sofitel_Strasbourg_Grande_Ile\" >7. Sofitel Strasbourg Grande \u00cele<\/a><\/li><li class='ez-toc-page-1 ez-toc-heading-level-3'><a class=\"ez-toc-link ez-toc-heading-12\" href=\"https:\/\/loudavymkrokem.cz\/fr\/ou-dormir-strasbourg-france\/#8_Hotel_Regent_Contades_by_Stay_Collection\" >8. H\u00f4tel R\u00e9gent Contades by Stay Collection<\/a><\/li><li class='ez-toc-page-1 ez-toc-heading-level-3'><a class=\"ez-toc-link ez-toc-heading-13\" href=\"https:\/\/loudavymkrokem.cz\/fr\/ou-dormir-strasbourg-france\/#9_Pavillon_Regent_Petite_France\" >9. Pavillon R\u00e9gent Petite France<\/a><\/li><li class='ez-toc-page-1 ez-toc-heading-level-3'><a class=\"ez-toc-link ez-toc-heading-14\" href=\"https:\/\/loudavymkrokem.cz\/fr\/ou-dormir-strasbourg-france\/#10_Hannong_Hotel_Wine_Bar\" >10. Hannong H\u00f4tel &#038; Wine Bar<\/a><\/li><li class='ez-toc-page-1 ez-toc-heading-level-3'><a class=\"ez-toc-link ez-toc-heading-15\" href=\"https:\/\/loudavymkrokem.cz\/fr\/ou-dormir-strasbourg-france\/#11_Hotel_Gutenberg\" >11. H\u00f4tel Gutenberg<\/a><\/li><li class='ez-toc-page-1 ez-toc-heading-level-3'><a class=\"ez-toc-link ez-toc-heading-16\" href=\"https:\/\/loudavymkrokem.cz\/fr\/ou-dormir-strasbourg-france\/#12_Hotel_Rohan_Strasbourg\" >12. H\u00f4tel Rohan Strasbourg<\/a><\/li><li class='ez-toc-page-1 ez-toc-heading-level-3'><a class=\"ez-toc-link ez-toc-heading-17\" href=\"https:\/\/loudavymkrokem.cz\/fr\/ou-dormir-strasbourg-france\/#13_Hotel_de_lEurope_by_HappyCulture\" >13. Hotel de l&rsquo;Europe by HappyCulture<\/a><\/li><li class='ez-toc-page-1 ez-toc-heading-level-3'><a class=\"ez-toc-link ez-toc-heading-18\" href=\"https:\/\/loudavymkrokem.cz\/fr\/ou-dormir-strasbourg-france\/#14_Logis_Hotel_Au_Cerf_dOr\" >14. Logis H\u00f4tel Au Cerf d&rsquo;Or<\/a><\/li><li class='ez-toc-page-1 ez-toc-heading-level-3'><a class=\"ez-toc-link ez-toc-heading-19\" href=\"https:\/\/loudavymkrokem.cz\/fr\/ou-dormir-strasbourg-france\/#15_Best_Western_Plus_Hotel_Monopole_Metropole\" >15. Best Western Plus H\u00f4tel Monopole M\u00e9tropole<\/a><\/li><li class='ez-toc-page-1 ez-toc-heading-level-3'><a class=\"ez-toc-link ez-toc-heading-20\" href=\"https:\/\/loudavymkrokem.cz\/fr\/ou-dormir-strasbourg-france\/#16_Hotel_Arok\" >16. H\u00f4tel Arok<\/a><\/li><li class='ez-toc-page-1 ez-toc-heading-level-3'><a class=\"ez-toc-link ez-toc-heading-21\" href=\"https:\/\/loudavymkrokem.cz\/fr\/ou-dormir-strasbourg-france\/#17_Ciarus\" >17. Ciarus<\/a><\/li><li class='ez-toc-page-1 ez-toc-heading-level-3'><a class=\"ez-toc-link ez-toc-heading-22\" href=\"https:\/\/loudavymkrokem.cz\/fr\/ou-dormir-strasbourg-france\/#18_Chateau_de_Pourtales\" >18. Ch\u00e2teau de Pourtal\u00e8s<\/a><\/li><\/ul><\/li><li class='ez-toc-page-1 ez-toc-heading-level-2'><a class=\"ez-toc-link ez-toc-heading-23\" href=\"https:\/\/loudavymkrokem.cz\/fr\/ou-dormir-strasbourg-france\/#Comment_choisir_le_bon_hotel\" >Comment choisir le bon h\u00f4tel<\/a><\/li><li class='ez-toc-page-1 ez-toc-heading-level-2'><a class=\"ez-toc-link ez-toc-heading-24\" href=\"https:\/\/loudavymkrokem.cz\/fr\/ou-dormir-strasbourg-france\/#Pour_aller_plus_loin\" >Pour aller plus loin<\/a><\/li><li class='ez-toc-page-1 ez-toc-heading-level-2'><a class=\"ez-toc-link ez-toc-heading-25\" href=\"https:\/\/loudavymkrokem.cz\/fr\/ou-dormir-strasbourg-france\/#Foire_aux_questions\" >Foire aux questions<\/a><ul class='ez-toc-list-level-3' ><li class='ez-toc-heading-level-3'><a class=\"ez-toc-link ez-toc-heading-26\" href=\"https:\/\/loudavymkrokem.cz\/fr\/ou-dormir-strasbourg-france\/#Quelle_est_la_meilleure_periode_pour_reserver_un_hotel_pour_les_marches_de_Noel\" >Quelle est la meilleure p\u00e9riode pour r\u00e9server un h\u00f4tel pour les march\u00e9s de No\u00ebl ?<\/a><\/li><li class='ez-toc-page-1 ez-toc-heading-level-3'><a class=\"ez-toc-link ez-toc-heading-27\" href=\"https:\/\/loudavymkrokem.cz\/fr\/ou-dormir-strasbourg-france\/#Ou_trouver_lhebergement_le_moins_cher_a_Strasbourg\" >O\u00f9 trouver l&rsquo;h\u00e9bergement le moins cher \u00e0 Strasbourg ?<\/a><\/li><li class='ez-toc-page-1 ez-toc-heading-level-3'><a class=\"ez-toc-link ez-toc-heading-28\" href=\"https:\/\/loudavymkrokem.cz\/fr\/ou-dormir-strasbourg-france\/#Peut-on_se_garer_facilement_pres_de_lhotel_a_Strasbourg\" >Peut-on se garer facilement pr\u00e8s de l&rsquo;h\u00f4tel \u00e0 Strasbourg ?<\/a><\/li><li class='ez-toc-page-1 ez-toc-heading-level-3'><a class=\"ez-toc-link ez-toc-heading-29\" href=\"https:\/\/loudavymkrokem.cz\/fr\/ou-dormir-strasbourg-france\/#Est-ce_interessant_de_loger_dans_le_quartier_de_la_Petite_France\" >Est-ce int\u00e9ressant de loger dans le quartier de la Petite France ?<\/a><\/li><li class='ez-toc-page-1 ez-toc-heading-level-3'><a class=\"ez-toc-link ez-toc-heading-30\" href=\"https:\/\/loudavymkrokem.cz\/fr\/ou-dormir-strasbourg-france\/#Les_prix_des_hotels_augmentent-ils_pendant_les_sessions_du_Parlement_europeen\" >Les prix des h\u00f4tels augmentent-ils pendant les sessions du Parlement europ\u00e9en ?<\/a><\/li><li class='ez-toc-page-1 ez-toc-heading-level-3'><a class=\"ez-toc-link ez-toc-heading-31\" href=\"https:\/\/loudavymkrokem.cz\/fr\/ou-dormir-strasbourg-france\/#Que_gouter_de_la_cuisine_locale_a_Strasbourg\" >Que go\u00fbter de la cuisine locale \u00e0 Strasbourg ?<\/a><\/li><li class='ez-toc-page-1 ez-toc-heading-level-3'><a class=\"ez-toc-link ez-toc-heading-32\" href=\"https:\/\/loudavymkrokem.cz\/fr\/ou-dormir-strasbourg-france\/#Strasbourg_est-elle_une_bonne_base_pour_visiter_lAlsace\" >Strasbourg est-elle une bonne base pour visiter l&rsquo;Alsace ?<\/a><\/li><\/ul><\/li><\/ul><\/nav><\/div>\n<h3 class=\"wp-block-heading\"><span class=\"ez-toc-section\" id=\"Resume_pour_ceux_qui_nont_pas_le_temps_de_tout_lire\"><\/span>R\u00e9sum\u00e9 pour ceux qui n&rsquo;ont pas le temps de tout lire<span class=\"ez-toc-section-end\"><\/span><\/h3>\n\n\n\n<p class=\"wp-block-paragraph\">Pas le temps de lire tout l&rsquo;article ? Aucun stress, voici mes conseils en r\u00e9sum\u00e9 :<\/p>\n\n\n\n<ul class=\"wp-block-list\">\n\n<li><strong>Meilleur h\u00f4tel global :<\/strong> le <strong>Cour du Corbeau Hotel Strasbourg<\/strong> occupe un magnifique b\u00e2timent du XVIe si\u00e8cle et offre la plus belle adresse de la ville.<\/li>\n\n\n\n<li><strong>Meilleur rapport prix\/emplacement :<\/strong> le <strong>Best Western Plus H\u00f4tel Monopole M\u00e9tropole<\/strong> pr\u00e8s de la gare est un choix fiable avec un excellent acc\u00e8s au centre.<\/li>\n\n\n\n<li><strong>Pour les amateurs de luxe et de design :<\/strong> le <strong>L\u00c9ONOR H\u00f4tel<\/strong> marie int\u00e9rieur moderne et architecture historique, avec sa propre p\u00e2tisserie r\u00e9put\u00e9e.<\/li>\n\n\n\n<li><strong>Les vues les plus romantiques :<\/strong> le <strong>Pavillon R\u00e9gent Petite France<\/strong> offre des panoramas dignes d&rsquo;une carte postale, en plein c\u0153ur du pittoresque quartier des canaux.<\/li>\n\n\n\n<li><strong>Id\u00e9al pour les voyageurs en voiture :<\/strong> le <strong>Ch\u00e2teau de Pourtal\u00e8s<\/strong> se trouve en dehors de la ville, au vert, et gr\u00e2ce au syst\u00e8me Park &#038; Ride tu rejoins le centre sans le moindre stress.<\/li>\n\n\n\n<li><strong>Meilleur choix petit budget :<\/strong> l&rsquo;auberge <strong>Ciarus<\/strong> propose des chambres priv\u00e9es et dortoirs propres, \u00e0 distance de marche des principaux monuments.<\/li>\n\n\n<\/ul>\n\n\n\n<p class=\"wp-block-paragraph\"><em>\ud83d\udca1 <a href=\"https:\/\/www.stay22.com\/allez\/roam?aid=lukaskonecny&#038;campaign=loudavymkrokemcz&#038;campaign=kde-bydlet-ve-strasburku&#038;address=%C5%A0trasburk%2C%20Francie\" target=\"_blank\" rel=\"nofollow noopener sponsored\">Sur cette carte, tu compares ce qui est disponible en ce moment<\/a> \u2014 tu verras aussi combien tu \u00e9conomises en logeant \u00e0 quelques arr\u00eats du centre.<\/em><\/p>\n\n\n\n<h2 class=\"wp-block-heading\"><span class=\"ez-toc-section\" id=\"Quel_quartier_choisir_pour_se_loger\"><\/span>Quel quartier choisir pour se loger<span class=\"ez-toc-section-end\"><\/span><\/h2>\n\n\n\n<p class=\"wp-block-paragraph\">Strasbourg est une ville plut\u00f4t compacte, mais ses diff\u00e9rents quartiers diff\u00e8rent radicalement, non seulement par leur ambiance, mais surtout par leur niveau de prix. Avant de parcourir les plateformes de r\u00e9servation, <strong>il est essentiel de bien d\u00e9finir quel emplacement conviendra le mieux \u00e0 ton itin\u00e9raire<\/strong> et \u00e0 ton budget.<\/p>\n\n\n\n<p class=\"wp-block-paragraph\">Le c\u0153ur historique absolu, c&rsquo;est <strong>l&rsquo;\u00eele de la Grande \u00cele<\/strong>, prot\u00e9g\u00e9e de toutes parts par les bras de l&rsquo;Ill et inscrite au <a href=\"https:\/\/whc.unesco.org\/en\/list\/495\/\" rel=\"nofollow noopener\" target=\"_blank\">patrimoine de l&rsquo;UNESCO<\/a> depuis 1988. Tu y trouveras les h\u00f4tels les plus luxueux, cach\u00e9s dans d&rsquo;anciennes maisons de ma\u00eetre, \u00e0 quelques pas de la magnifique cath\u00e9drale Notre-Dame. Sache toutefois que <strong>cet emplacement exclusif se paie tr\u00e8s cher<\/strong>, et qu&rsquo;en p\u00e9riode d&rsquo;Avent, tout est d\u00e9sesp\u00e9r\u00e9ment complet.<\/p>\n\n\n\n<p class=\"wp-block-paragraph\">Si tu r\u00eaves de photos parfaites, direction le <strong>quartier de la Petite France<\/strong>. Ses ruelles sont bord\u00e9es de maisons \u00e0 colombages incroyablement photog\u00e9niques, jadis habit\u00e9es par les tanneurs, qui se refl\u00e8tent romantiquement dans les eaux calmes des canaux. C&rsquo;est un lieu de conte de f\u00e9es pour les couples, mais <strong>pendant les march\u00e9s de No\u00ebl, il devient presque impossible de se frayer un chemin dans ces ruelles \u00e9troites<\/strong> : si tu cherches le calme, tu ne le trouveras certainement pas ici en d\u00e9cembre.<\/p>\n\n\n\n<p class=\"wp-block-paragraph\">Pour les voyageurs qui surveillent leur budget, le grand gagnant est <strong>le secteur autour de la <a href=\"https:\/\/www.garesetconnexions.sncf\/fr\/gares-services\/strasbourg\" rel=\"nofollow noopener\" target=\"_blank\">gare ferroviaire (Gare)<\/a><\/strong>. \u00c0 premi\u00e8re vue, \u00e7a ne ressemble pas \u00e0 un film romantique, mais on y trouve le meilleur rapport prix\/emplacement strat\u00e9gique. Le c\u0153ur historique est \u00e0 moins de dix minutes \u00e0 pied et <strong>les h\u00f4tels de toutes cat\u00e9gories y sont nettement moins chers<\/strong> que sur l&rsquo;\u00eele elle-m\u00eame.<\/p>\n\n\n\n<p class=\"wp-block-paragraph\">Les amateurs de calme appr\u00e9cieront <strong>le quartier \u00e9tudiant de la Krutenau et la monumentale Neustadt allemande voisine<\/strong>, elle aussi class\u00e9e \u00e0 l&rsquo;UNESCO depuis 2017. C&rsquo;est justement ici que tu trouveras un h\u00e9bergement plus tranquille, le centre \u00e9tant accessible par une agr\u00e9able promenade d&rsquo;environ quinze minutes. Gros bonus : <strong>les h\u00f4tels de ces quartiers sont 30 \u00e0 40 % moins chers<\/strong>, ce qui fait une \u00e9norme diff\u00e9rence sur un s\u00e9jour prolong\u00e9.<\/p>\n\n\n\n<p class=\"wp-block-paragraph\">Je dois aussi mentionner <strong>l&rsquo;\u00e9l\u00e9gant Quartier europ\u00e9en et les abords du parc de l&rsquo;Orangerie<\/strong>, qui raviront quiconque cherche \u00e0 fuir les foules. Depuis cette zone verdoyante, tu rejoins facilement et rapidement le centre avec la ligne de tramway E. Les secteurs en p\u00e9riph\u00e9rie, comme <strong>la Robertsau ou la Montagne Verte, n&rsquo;ont de sens que si tu arrives en voiture<\/strong>. Tu t&rsquo;y gares bien plus facilement et tu rejoins ensuite le centre gr\u00e2ce aux parkings-relais.<\/p>\n\n\n\n<h2 class=\"wp-block-heading\"><span class=\"ez-toc-section\" id=\"Quand_partir_et_quand_reserver_sa_chambre\"><\/span>Quand partir et quand r\u00e9server sa chambre<span class=\"ez-toc-section-end\"><\/span><\/h2>\n\n\n\n<p class=\"wp-block-paragraph\">Planifier un voyage dans la capitale alsacienne ob\u00e9it \u00e0 une r\u00e8gle principale. <strong>\u00c0 Strasbourg, c&rsquo;est en effet la date qui d\u00e9termine avant tout le prix de l&rsquo;h\u00e9bergement<\/strong>, l&rsquo;h\u00f4tel lui-m\u00eame ne venant qu&rsquo;en second.<\/p>\n\n\n\n<p class=\"wp-block-paragraph\">Si tu comptes venir pour les c\u00e9l\u00e8bres <a href=\"https:\/\/noel.strasbourg.eu\/en\/accueil\" rel=\"nofollow noopener\" target=\"_blank\">march\u00e9s de No\u00ebl<\/a>, qui <strong>ont lieu en 2026 du 27 novembre au 27 d\u00e9cembre<\/strong>, tu dois commencer \u00e0 planifier tr\u00e8s longtemps \u00e0 l&rsquo;avance. L&rsquo;Avent est de loin la p\u00e9riode la plus ch\u00e8re de toute l&rsquo;ann\u00e9e dans cette ville, et l&rsquo;\u00e9cart de prix est tout simplement vertigineux. <strong>Les tarifs d&rsquo;h\u00e9bergement dans le centre historique grimpent jusqu&rsquo;\u00e0 trois fois les montants habituels de janvier<\/strong>, ce qui fait de Strasbourg l&rsquo;une des destinations de l&rsquo;Avent les plus ch\u00e8res d&rsquo;Europe.<\/p>\n\n\n\n<p class=\"wp-block-paragraph\">Les h\u00f4tels les plus recherch\u00e9s et les mieux not\u00e9s de la Grande \u00cele <strong>affichent complet six \u00e0 neuf mois \u00e0 l&rsquo;avance<\/strong>. Donc si tu veux dormir tout pr\u00e8s de la cath\u00e9drale en d\u00e9cembre, ta r\u00e9servation devrait d\u00e9j\u00e0 \u00eatre boucl\u00e9e au printemps. Mais il existe une excellente astuce pour \u00e9conomiser gros sur l&rsquo;h\u00e9bergement. <strong>Il suffit de choisir un h\u00f4tel \u00e0 une vingtaine de minutes \u00e0 pied du c\u0153ur historique<\/strong>, o\u00f9 les prix de l&rsquo;Avent chutent de 30 \u00e0 40 %.<\/p>\n\n\n\n<p class=\"wp-block-paragraph\">C\u00f4t\u00e9 budget global, le mois le plus \u00e9conomique est <strong>sans h\u00e9siter janvier<\/strong>, quand la ville s&rsquo;endort enfin apr\u00e8s les f\u00eates tr\u00e9pidantes et que tu peux profiter de ses charmes sans les foules omnipr\u00e9sentes. En revanche, si tu r\u00eaves d&rsquo;un temps agr\u00e9able pour de longues promenades le long des canaux et des terrasses de caf\u00e9, <strong>les plus belles conditions se trouvent en mai, juin et septembre<\/strong>. Sur ces mois, les prix d&rsquo;h\u00e9bergement restent en plus tout \u00e0 fait raisonnables.<\/p>\n\n\n\n<p class=\"wp-block-paragraph\">Fais aussi tr\u00e8s attention aux <strong>sessions pl\u00e9ni\u00e8res r\u00e9guli\u00e8res du Parlement europ\u00e9en<\/strong>, qui savent chambouler s\u00e9rieusement les prix des h\u00f4tels. Pendant ces journ\u00e9es, les capacit\u00e9s se remplissent en un \u00e9clair, non seulement dans le Quartier europ\u00e9en, mais dans tout le centre historique. <strong>Les dates des sessions se trouvent facilement \u00e0 l&rsquo;avance sur le <a href=\"https:\/\/www.europarl.europa.eu\/plenary\/en\/home.html\" rel=\"nofollow noopener\" target=\"_blank\">site officiel<\/a><\/strong>, et si tu n&rsquo;es pas contraint par une date pr\u00e9cise, \u00e7a vaut vraiment le coup d&rsquo;organiser ton voyage en dehors de ces jours-l\u00e0.<\/p>\n\n\n\n<h2 class=\"wp-block-heading\"><span class=\"ez-toc-section\" id=\"Ou_dormir_a_Strasbourg_les_18_meilleurs_hotels\"><\/span>O\u00f9 dormir \u00e0 Strasbourg : les 18 meilleurs h\u00f4tels<span class=\"ez-toc-section-end\"><\/span><\/h2>\n\n\n\n<p class=\"wp-block-paragraph\">Passons aux conseils concrets sur <strong>o\u00f9 dormir \u00e0 Strasbourg<\/strong> pour repartir avec les meilleurs souvenirs. J&rsquo;ai s\u00e9lectionn\u00e9 pour toi des h\u00e9bergements de toutes les cat\u00e9gories de prix, <strong>des luxueux palais historiques au choix malin pr\u00e8s de la gare<\/strong>.<\/p>\n\n\n\n<figure data-wp-context=\"{&quot;imageId&quot;:&quot;6a9c5ff22b56c&quot;}\" data-wp-interactive=\"core\/image\" data-wp-key=\"6a9c5ff22b56c\" class=\"wp-block-image size-full wp-lightbox-container\"><img decoding=\"async\" width=\"1600\" height=\"1067\" data-wp-class--hide=\"state.isContentHidden\" data-wp-class--show=\"state.isContentVisible\" data-wp-init=\"callbacks.setButtonStyles\" data-wp-on--click=\"actions.showLightbox\" data-wp-on--load=\"callbacks.setButtonStyles\" data-wp-on--pointerdown=\"actions.preloadImage\" data-wp-on--pointerenter=\"actions.preloadImageWithDelay\" data-wp-on--pointerleave=\"actions.cancelPreload\" data-wp-on-window--resize=\"callbacks.setButtonStyles\" src=\"https:\/\/loudavymkrokem.cz\/wp-content\/uploads\/2026\/09\/cour-du-corbeau-hotel-strasbourg-mgallery.jpg\" alt=\"H\u00f4tel Cour du Corbeau Hotel Strasbourg MGallery\" class=\"wp-image-413030\" title=\"\" srcset=\"https:\/\/loudavymkrokem.cz\/wp-content\/uploads\/2026\/09\/cour-du-corbeau-hotel-strasbourg-mgallery.jpg 1600w, https:\/\/loudavymkrokem.cz\/wp-content\/uploads\/2026\/09\/cour-du-corbeau-hotel-strasbourg-mgallery-300x200.jpg 300w, https:\/\/loudavymkrokem.cz\/wp-content\/uploads\/2026\/09\/cour-du-corbeau-hotel-strasbourg-mgallery-700x467.jpg 700w, https:\/\/loudavymkrokem.cz\/wp-content\/uploads\/2026\/09\/cour-du-corbeau-hotel-strasbourg-mgallery-768x512.jpg 768w, https:\/\/loudavymkrokem.cz\/wp-content\/uploads\/2026\/09\/cour-du-corbeau-hotel-strasbourg-mgallery-1536x1024.jpg 1536w, https:\/\/loudavymkrokem.cz\/wp-content\/uploads\/2026\/09\/cour-du-corbeau-hotel-strasbourg-mgallery-696x464.jpg 696w, https:\/\/loudavymkrokem.cz\/wp-content\/uploads\/2026\/09\/cour-du-corbeau-hotel-strasbourg-mgallery-1392x928.jpg 1392w\" sizes=\"(max-width: 1600px) 100vw, 1600px\" \/><button\n\t\t\tclass=\"lightbox-trigger\"\n\t\t\ttype=\"button\"\n\t\t\taria-haspopup=\"dialog\"\n\t\t\tdata-wp-bind--aria-label=\"state.thisImage.triggerButtonAriaLabel\"\n\t\t\tdata-wp-init=\"callbacks.initTriggerButton\"\n\t\t\tdata-wp-on--click=\"actions.showLightbox\"\n\t\t\tdata-wp-style--right=\"state.thisImage.buttonRight\"\n\t\t\tdata-wp-style--top=\"state.thisImage.buttonTop\"\n\t\t>\n\t\t\t<svg xmlns=\"http:\/\/www.w3.org\/2000\/svg\" width=\"12\" height=\"12\" fill=\"none\" viewBox=\"0 0 12 12\">\n\t\t\t\t<path fill=\"#fff\" d=\"M2 0a2 2 0 0 0-2 2v2h1.5V2a.5.5 0 0 1 .5-.5h2V0H2Zm2 10.5H2a.5.5 0 0 1-.5-.5V8H0v2a2 2 0 0 0 2 2h2v-1.5ZM8 12v-1.5h2a.5.5 0 0 0 .5-.5V8H12v2a2 2 0 0 1-2 2H8Zm2-12a2 2 0 0 1 2 2v2h-1.5V2a.5.5 0 0 0-.5-.5H8V0h2Z\" \/>\n\t\t\t<\/svg>\n\t\t<\/button><figcaption class=\"wp-element-caption\">Photo : Cour du Corbeau Hotel Strasbourg &#8211; MGallery Collection \/ Google Maps<\/figcaption><\/figure>\n\n\n\n<h3 class=\"wp-block-heading\"><span class=\"ez-toc-section\" id=\"1_Cour_du_Corbeau_Hotel_Strasbourg_MGallery\"><\/span>1. Cour du Corbeau Hotel Strasbourg MGallery<span class=\"ez-toc-section-end\"><\/span><\/h3>\n\n\n\n<p class=\"wp-block-paragraph\">Ce charmant h\u00f4tel <strong><a href=\"https:\/\/www.stay22.com\/allez\/roam?aid=lukaskonecny&#038;campaign=loudavymkrokemcz&#038;campaign=kde-bydlet-ve-strasburku&#038;hotelname=Cour%20du%20Corbeau%20Hotel%20Strasbourg%20MGallery&#038;address=%C5%A0trasburk%2C%20Francie\" target=\"_blank\" rel=\"noopener nofollow sponsored\">Cour du Corbeau Hotel Strasbourg MGallery<\/a><\/strong>, qui te convainc d\u00e8s la porte que tu n&rsquo;as pas pay\u00e9 ce prix pour rien, affiche une note fantastique de 4,8 sur plus de mille deux cents avis, ce qui en fait <strong>l&rsquo;h\u00e9bergement le mieux not\u00e9 de toute la ville, sans concurrence<\/strong>. Il occupe un b\u00e2timent soigneusement restaur\u00e9 datant du XVIe si\u00e8cle, qui te charme imm\u00e9diatement d\u00e8s l&rsquo;entr\u00e9e. <strong>La galerie en bois typique et la cour int\u00e9rieure incroyablement paisible<\/strong> cr\u00e9ent une atmosph\u00e8re unique, comme si tu te retrouvais soudain dans une tout autre \u00e9poque.<\/p>\n\n\n\n<p class=\"wp-block-paragraph\">Il se situe \u00e0 seulement quelques minutes de marche agr\u00e9able de la cath\u00e9drale Notre-Dame, tu as donc <strong>tous les grands monuments \u00e0 port\u00e9e de main<\/strong> tout en profitant d&rsquo;un calme parfait \u00e0 l&rsquo;\u00e9cart de la plus grande effervescence touristique. Chaque chambre est ici une pi\u00e8ce unique avec ses propres d\u00e9tails, et <strong>tout le complexe respire une histoire incroyable<\/strong>, que l&rsquo;\u00e9quipement moderne et tr\u00e8s confortable ne fait que compl\u00e9ter avec finesse.<\/p>\n\n\n\n<p class=\"wp-block-paragraph\">Le personnel sait comment prendre soin de ses h\u00f4tes \u2014 et le petit-d\u00e9jeuner ? Viennoiseries alsaciennes fra\u00eeches, fromages locaux, bon caf\u00e9. Le matin, tu ne voudras plus quitter ton lit. Aux alentours, tu trouveras en plus d&rsquo;innombrables excellents restaurants traditionnels pour un d\u00eener romantique.<\/p>\n\n\n\n<p class=\"wp-block-paragraph\">\ud83d\udca1 <strong>Astuce :<\/strong> Si tu cherches <strong>la plus belle adresse de Strasbourg<\/strong> et que \u00e7a ne te d\u00e9range pas de payer un suppl\u00e9ment pour un luxe exceptionnel associ\u00e9 \u00e0 un service parfait, cet h\u00f4tel te s\u00e9duira \u00e0 coup s\u00fbr et le s\u00e9jour deviendra un souvenir inoubliable.<\/p>\n\n\n\n<figure data-wp-context=\"{&quot;imageId&quot;:&quot;6a9c5ff22bc18&quot;}\" data-wp-interactive=\"core\/image\" data-wp-key=\"6a9c5ff22bc18\" class=\"wp-block-image size-full wp-lightbox-container\"><img decoding=\"async\" width=\"1600\" height=\"1067\" data-wp-class--hide=\"state.isContentHidden\" data-wp-class--show=\"state.isContentVisible\" data-wp-init=\"callbacks.setButtonStyles\" data-wp-on--click=\"actions.showLightbox\" data-wp-on--load=\"callbacks.setButtonStyles\" data-wp-on--pointerdown=\"actions.preloadImage\" data-wp-on--pointerenter=\"actions.preloadImageWithDelay\" data-wp-on--pointerleave=\"actions.cancelPreload\" data-wp-on-window--resize=\"callbacks.setButtonStyles\" src=\"https:\/\/loudavymkrokem.cz\/wp-content\/uploads\/2026\/09\/les-haras-h-tel-by-stay-collection.jpg\" alt=\"H\u00f4tel Les Haras H\u00f4tel by Stay Collection\" class=\"wp-image-413036\" title=\"\" srcset=\"https:\/\/loudavymkrokem.cz\/wp-content\/uploads\/2026\/09\/les-haras-h-tel-by-stay-collection.jpg 1600w, https:\/\/loudavymkrokem.cz\/wp-content\/uploads\/2026\/09\/les-haras-h-tel-by-stay-collection-300x200.jpg 300w, https:\/\/loudavymkrokem.cz\/wp-content\/uploads\/2026\/09\/les-haras-h-tel-by-stay-collection-700x467.jpg 700w, https:\/\/loudavymkrokem.cz\/wp-content\/uploads\/2026\/09\/les-haras-h-tel-by-stay-collection-768x512.jpg 768w, https:\/\/loudavymkrokem.cz\/wp-content\/uploads\/2026\/09\/les-haras-h-tel-by-stay-collection-1536x1024.jpg 1536w, https:\/\/loudavymkrokem.cz\/wp-content\/uploads\/2026\/09\/les-haras-h-tel-by-stay-collection-696x464.jpg 696w, https:\/\/loudavymkrokem.cz\/wp-content\/uploads\/2026\/09\/les-haras-h-tel-by-stay-collection-1392x928.jpg 1392w\" sizes=\"(max-width: 1600px) 100vw, 1600px\" \/><button\n\t\t\tclass=\"lightbox-trigger\"\n\t\t\ttype=\"button\"\n\t\t\taria-haspopup=\"dialog\"\n\t\t\tdata-wp-bind--aria-label=\"state.thisImage.triggerButtonAriaLabel\"\n\t\t\tdata-wp-init=\"callbacks.initTriggerButton\"\n\t\t\tdata-wp-on--click=\"actions.showLightbox\"\n\t\t\tdata-wp-style--right=\"state.thisImage.buttonRight\"\n\t\t\tdata-wp-style--top=\"state.thisImage.buttonTop\"\n\t\t>\n\t\t\t<svg xmlns=\"http:\/\/www.w3.org\/2000\/svg\" width=\"12\" height=\"12\" fill=\"none\" viewBox=\"0 0 12 12\">\n\t\t\t\t<path fill=\"#fff\" d=\"M2 0a2 2 0 0 0-2 2v2h1.5V2a.5.5 0 0 1 .5-.5h2V0H2Zm2 10.5H2a.5.5 0 0 1-.5-.5V8H0v2a2 2 0 0 0 2 2h2v-1.5ZM8 12v-1.5h2a.5.5 0 0 0 .5-.5V8H12v2a2 2 0 0 1-2 2H8Zm2-12a2 2 0 0 1 2 2v2h-1.5V2a.5.5 0 0 0-.5-.5H8V0h2Z\" \/>\n\t\t\t<\/svg>\n\t\t<\/button><figcaption class=\"wp-element-caption\">Photo : Les Haras H\u00f4tel by Stay Collection \/ Google Maps<\/figcaption><\/figure>\n\n\n\n<h3 class=\"wp-block-heading\"><span class=\"ez-toc-section\" id=\"2_Les_Haras_Hotel_by_Stay_Collection\"><\/span>2. Les Haras H\u00f4tel by Stay Collection<span class=\"ez-toc-section-end\"><\/span><\/h3>\n\n\n\n<p class=\"wp-block-paragraph\">Imagine loger dans un vaste b\u00e2timent qui servait jadis de prestigieux haras royal du XVIIIe si\u00e8cle, aujourd&rsquo;hui transform\u00e9 en un superbe h\u00f4tel design, le <strong><a href=\"https:\/\/www.stay22.com\/allez\/roam?aid=lukaskonecny&#038;campaign=loudavymkrokemcz&#038;campaign=kde-bydlet-ve-strasburku&#038;hotelname=Les%20Haras%20H%C3%B4tel%20by%20Stay%20Collection&#038;address=%C5%A0trasburk%2C%20Francie\" target=\"_blank\" rel=\"noopener nofollow sponsored\">Les Haras H\u00f4tel by Stay Collection<\/a><\/strong>, avec une superbe note de 4,6. Les architectes ont fait un travail remarquable en <strong>mariant \u00e0 la perfection les anciennes poutres de bois apparentes avec une \u00e9l\u00e9gance moderne<\/strong>, du cuir et des mat\u00e9riaux luxueux.<\/p>\n\n\n\n<p class=\"wp-block-paragraph\">Le grand atout de ce complexe quatre \u00e9toiles est <strong>son magnifique spa avec piscine<\/strong>, o\u00f9 tu peux t&rsquo;offrir un repos bien m\u00e9rit\u00e9 apr\u00e8s une longue journ\u00e9e pass\u00e9e \u00e0 explorer la capitale alsacienne. M\u00e9rite aussi une mention \u00e0 part <strong>le restaurant tr\u00e8s r\u00e9put\u00e9 install\u00e9 dans les \u00e9curies d&rsquo;origine (oui, tu manges l\u00e0 o\u00f9 se tenaient jadis les chevaux, et ce n&rsquo;est pas du tout \u00e9trange, bien au contraire)<\/strong>, qui offre une belle exp\u00e9rience culinaire.<\/p>\n\n\n\n<p class=\"wp-block-paragraph\">L&rsquo;h\u00f4tel se situe dans une partie un peu plus calme de la ville, mais tu rejoins le c\u0153ur historique et la c\u00e9l\u00e8bre Petite France par une agr\u00e9able promenade en moins de dix minutes. <strong>Les chambres sont tr\u00e8s spacieuses, exceptionnellement bien insonoris\u00e9es<\/strong> et dot\u00e9es de lits haut de gamme qui te garantissent des nuits parfaites en voyage.<\/p>\n\n\n\n<p class=\"wp-block-paragraph\">\ud83d\udca1 <strong>Astuce :<\/strong> Cet h\u00f4tel est le <strong>choix id\u00e9al pour les amoureux du design haut de gamme et de l&rsquo;histoire singuli\u00e8re<\/strong>, qui appr\u00e9cieront un emplacement plus calme et un service fantastique. Si tu veux passer une soir\u00e9e opulente, n&rsquo;oublie pas de r\u00e9server ta table au restaurant bien \u00e0 l&rsquo;avance.<\/p>\n\n\n\n<figure data-wp-context=\"{&quot;imageId&quot;:&quot;6a9c5ff22c0ec&quot;}\" data-wp-interactive=\"core\/image\" data-wp-key=\"6a9c5ff22c0ec\" class=\"wp-block-image size-full wp-lightbox-container\"><img decoding=\"async\" width=\"1600\" height=\"1600\" data-wp-class--hide=\"state.isContentHidden\" data-wp-class--show=\"state.isContentVisible\" data-wp-init=\"callbacks.setButtonStyles\" data-wp-on--click=\"actions.showLightbox\" data-wp-on--load=\"callbacks.setButtonStyles\" data-wp-on--pointerdown=\"actions.preloadImage\" data-wp-on--pointerenter=\"actions.preloadImageWithDelay\" data-wp-on--pointerleave=\"actions.cancelPreload\" data-wp-on-window--resize=\"callbacks.setButtonStyles\" src=\"https:\/\/loudavymkrokem.cz\/wp-content\/uploads\/2026\/09\/maison-rouge-strasbourg-hotel-spa.jpg\" alt=\"H\u00f4tel Maison Rouge Strasbourg Hotel &#038; Spa\" class=\"wp-image-413042\" title=\"\" srcset=\"https:\/\/loudavymkrokem.cz\/wp-content\/uploads\/2026\/09\/maison-rouge-strasbourg-hotel-spa.jpg 1600w, https:\/\/loudavymkrokem.cz\/wp-content\/uploads\/2026\/09\/maison-rouge-strasbourg-hotel-spa-300x300.jpg 300w, https:\/\/loudavymkrokem.cz\/wp-content\/uploads\/2026\/09\/maison-rouge-strasbourg-hotel-spa-700x700.jpg 700w, https:\/\/loudavymkrokem.cz\/wp-content\/uploads\/2026\/09\/maison-rouge-strasbourg-hotel-spa-150x150.jpg 150w, https:\/\/loudavymkrokem.cz\/wp-content\/uploads\/2026\/09\/maison-rouge-strasbourg-hotel-spa-768x768.jpg 768w, https:\/\/loudavymkrokem.cz\/wp-content\/uploads\/2026\/09\/maison-rouge-strasbourg-hotel-spa-1536x1536.jpg 1536w, https:\/\/loudavymkrokem.cz\/wp-content\/uploads\/2026\/09\/maison-rouge-strasbourg-hotel-spa-696x696.jpg 696w, https:\/\/loudavymkrokem.cz\/wp-content\/uploads\/2026\/09\/maison-rouge-strasbourg-hotel-spa-1392x1392.jpg 1392w\" sizes=\"(max-width: 1600px) 100vw, 1600px\" \/><button\n\t\t\tclass=\"lightbox-trigger\"\n\t\t\ttype=\"button\"\n\t\t\taria-haspopup=\"dialog\"\n\t\t\tdata-wp-bind--aria-label=\"state.thisImage.triggerButtonAriaLabel\"\n\t\t\tdata-wp-init=\"callbacks.initTriggerButton\"\n\t\t\tdata-wp-on--click=\"actions.showLightbox\"\n\t\t\tdata-wp-style--right=\"state.thisImage.buttonRight\"\n\t\t\tdata-wp-style--top=\"state.thisImage.buttonTop\"\n\t\t>\n\t\t\t<svg xmlns=\"http:\/\/www.w3.org\/2000\/svg\" width=\"12\" height=\"12\" fill=\"none\" viewBox=\"0 0 12 12\">\n\t\t\t\t<path fill=\"#fff\" d=\"M2 0a2 2 0 0 0-2 2v2h1.5V2a.5.5 0 0 1 .5-.5h2V0H2Zm2 10.5H2a.5.5 0 0 1-.5-.5V8H0v2a2 2 0 0 0 2 2h2v-1.5ZM8 12v-1.5h2a.5.5 0 0 0 .5-.5V8H12v2a2 2 0 0 1-2 2H8Zm2-12a2 2 0 0 1 2 2v2h-1.5V2a.5.5 0 0 0-.5-.5H8V0h2Z\" \/>\n\t\t\t<\/svg>\n\t\t<\/button><figcaption class=\"wp-element-caption\">Photo : Taiwan Cherry \/ Google Maps<\/figcaption><\/figure>\n\n\n\n<h3 class=\"wp-block-heading\"><span class=\"ez-toc-section\" id=\"3_Maison_Rouge_Strasbourg_Hotel_Spa\"><\/span>3. Maison Rouge Strasbourg Hotel &#038; Spa<span class=\"ez-toc-section-end\"><\/span><\/h3>\n\n\n\n<p class=\"wp-block-paragraph\">Ce classique strasbourgeois, le <strong><a href=\"https:\/\/www.stay22.com\/allez\/roam?aid=lukaskonecny&#038;campaign=loudavymkrokemcz&#038;campaign=kde-bydlet-ve-strasburku&#038;hotelname=Maison%20Rouge%20Strasbourg%20Hotel%20%26%20Spa&#038;address=%C5%A0trasburk%2C%20Francie\" target=\"_blank\" rel=\"noopener nofollow sponsored\">Maison Rouge Strasbourg Hotel &#038; Spa<\/a><\/strong> de la prestigieuse Autograph Collection, maintient une belle note de 4,5 sur plus de mille sept cents avis. Il occupe un b\u00e2timent de brique remarquable <strong>\u00e0 quelques pas seulement de l&rsquo;imposante cath\u00e9drale Notre-Dame et de la place Kl\u00e9ber<\/strong>, en plein c\u0153ur battant de la ville. Les chambres sont am\u00e9nag\u00e9es dans un style classique et intemporel qui <strong>rend joliment hommage \u00e0 la riche tradition de l&rsquo;hospitalit\u00e9 alsacienne<\/strong>.<\/p>\n\n\n\n<p class=\"wp-block-paragraph\">Les clients appr\u00e9cient particuli\u00e8rement <strong>le magnifique salon petit-d\u00e9jeuner richement orn\u00e9 de fresques d&rsquo;origine<\/strong>, o\u00f9 la journ\u00e9e commence vraiment comme un roi, \u00e0 des tables couvertes de fromages locaux, de baguettes fra\u00eeches et de viennoiseries. Apr\u00e8s de longues promenades dans les ruelles pittoresques, tu appr\u00e9cieras s\u00fbrement <strong>l&rsquo;acc\u00e8s au spa moderne et \u00e0 l&rsquo;espace bien-\u00eatre<\/strong>, parfait pour reposer des jambes fatigu\u00e9es.<\/p>\n\n\n\n<p class=\"wp-block-paragraph\">Malgr\u00e9 son emplacement ultra-central, l&rsquo;h\u00f4tel offre un refuge parfait contre l&rsquo;agitation environnante. <strong>De certaines chambres des \u00e9tages sup\u00e9rieurs, tu as en plus une vue superbe<\/strong> directement sur la fl\u00e8che de la cath\u00e9drale, que tu appr\u00e9cieras surtout lors de l&rsquo;illumination nocturne de la ville.<\/p>\n\n\n\n<p class=\"wp-block-paragraph\">\ud83d\udca1 <strong>Astuce :<\/strong> Choisis cet h\u00f4tel si ta priorit\u00e9 est de loger <strong>en plein \u00e9picentre de l&rsquo;action<\/strong> et si tu tiens \u00e0 l&rsquo;\u00e9l\u00e9gance fran\u00e7aise traditionnelle associ\u00e9e aux services professionnels d&rsquo;un grand h\u00f4tel historique bien \u00e9tabli.<\/p>\n\n\n\n<figure data-wp-context=\"{&quot;imageId&quot;:&quot;6a9c5ff22c814&quot;}\" data-wp-interactive=\"core\/image\" data-wp-key=\"6a9c5ff22c814\" class=\"wp-block-image size-full wp-lightbox-container\"><img decoding=\"async\" width=\"1600\" height=\"2133\" data-wp-class--hide=\"state.isContentHidden\" data-wp-class--show=\"state.isContentVisible\" data-wp-init=\"callbacks.setButtonStyles\" data-wp-on--click=\"actions.showLightbox\" data-wp-on--load=\"callbacks.setButtonStyles\" data-wp-on--pointerdown=\"actions.preloadImage\" data-wp-on--pointerenter=\"actions.preloadImageWithDelay\" data-wp-on--pointerleave=\"actions.cancelPreload\" data-wp-on-window--resize=\"callbacks.setButtonStyles\" src=\"https:\/\/loudavymkrokem.cz\/wp-content\/uploads\/2026\/09\/h-tel-beaucour.jpg\" alt=\"H\u00f4tel Beaucour\" class=\"wp-image-413048\" title=\"\" srcset=\"https:\/\/loudavymkrokem.cz\/wp-content\/uploads\/2026\/09\/h-tel-beaucour.jpg 1600w, https:\/\/loudavymkrokem.cz\/wp-content\/uploads\/2026\/09\/h-tel-beaucour-225x300.jpg 225w, https:\/\/loudavymkrokem.cz\/wp-content\/uploads\/2026\/09\/h-tel-beaucour-700x933.jpg 700w, https:\/\/loudavymkrokem.cz\/wp-content\/uploads\/2026\/09\/h-tel-beaucour-768x1024.jpg 768w, https:\/\/loudavymkrokem.cz\/wp-content\/uploads\/2026\/09\/h-tel-beaucour-1152x1536.jpg 1152w, https:\/\/loudavymkrokem.cz\/wp-content\/uploads\/2026\/09\/h-tel-beaucour-1536x2048.jpg 1536w, https:\/\/loudavymkrokem.cz\/wp-content\/uploads\/2026\/09\/h-tel-beaucour-696x928.jpg 696w, https:\/\/loudavymkrokem.cz\/wp-content\/uploads\/2026\/09\/h-tel-beaucour-1392x1856.jpg 1392w\" sizes=\"(max-width: 1600px) 100vw, 1600px\" \/><button\n\t\t\tclass=\"lightbox-trigger\"\n\t\t\ttype=\"button\"\n\t\t\taria-haspopup=\"dialog\"\n\t\t\tdata-wp-bind--aria-label=\"state.thisImage.triggerButtonAriaLabel\"\n\t\t\tdata-wp-init=\"callbacks.initTriggerButton\"\n\t\t\tdata-wp-on--click=\"actions.showLightbox\"\n\t\t\tdata-wp-style--right=\"state.thisImage.buttonRight\"\n\t\t\tdata-wp-style--top=\"state.thisImage.buttonTop\"\n\t\t>\n\t\t\t<svg xmlns=\"http:\/\/www.w3.org\/2000\/svg\" width=\"12\" height=\"12\" fill=\"none\" viewBox=\"0 0 12 12\">\n\t\t\t\t<path fill=\"#fff\" d=\"M2 0a2 2 0 0 0-2 2v2h1.5V2a.5.5 0 0 1 .5-.5h2V0H2Zm2 10.5H2a.5.5 0 0 1-.5-.5V8H0v2a2 2 0 0 0 2 2h2v-1.5ZM8 12v-1.5h2a.5.5 0 0 0 .5-.5V8H12v2a2 2 0 0 1-2 2H8Zm2-12a2 2 0 0 1 2 2v2h-1.5V2a.5.5 0 0 0-.5-.5H8V0h2Z\" \/>\n\t\t\t<\/svg>\n\t\t<\/button><figcaption class=\"wp-element-caption\">Photo : H\u00f4tel Beaucour \/ Google Maps<\/figcaption><\/figure>\n\n\n\n<h3 class=\"wp-block-heading\"><span class=\"ez-toc-section\" id=\"4_Hotel_Beaucour\"><\/span>4. H\u00f4tel Beaucour<span class=\"ez-toc-section-end\"><\/span><\/h3>\n\n\n\n<p class=\"wp-block-paragraph\">Cet charmant <strong><a href=\"https:\/\/www.stay22.com\/allez\/roam?aid=lukaskonecny&#038;campaign=loudavymkrokemcz&#038;campaign=kde-bydlet-ve-strasburku&#038;hotelname=H%C3%B4tel%20Beaucour&#038;address=%C5%A0trasburk%2C%20Francie\" target=\"_blank\" rel=\"noopener nofollow sponsored\">H\u00f4tel Beaucour<\/a><\/strong>, not\u00e9 4,6, occupe une maison de ville traditionnelle \u00e0 colombages et offre <strong>un excellent rapport entre superbe atmosph\u00e8re d&rsquo;\u00e9poque et prix, en plein c\u0153ur historique<\/strong>. D\u00e8s ton arriv\u00e9e, tu es surpris par le pittoresque c\u0153ur d&rsquo;\u00eelot, qui abrite une belle terrasse tranquille garnie de fleurs. Elle repr\u00e9sente <strong>une parfaite oasis de calme au milieu de la ville anim\u00e9e<\/strong>, o\u00f9 t&rsquo;installer avec un livre pour te reposer des foules de touristes.<\/p>\n\n\n\n<p class=\"wp-block-paragraph\">Les chambres sont am\u00e9nag\u00e9es de fa\u00e7on tr\u00e8s cosy, souvent avec des poutres de bois apparentes et un mobilier d&rsquo;\u00e9poque styl\u00e9. Si tu cherches quelque chose de vraiment sp\u00e9cial, tu seras ravi d&rsquo;apprendre que <strong>certaines chambres s\u00e9lectionn\u00e9es disposent m\u00eame de leur propre grand bain \u00e0 remous<\/strong>. C&rsquo;est un endroit o\u00f9, gr\u00e2ce \u00e0 l&rsquo;ambiance intimiste, tu te sens tout de suite comme \u00e0 la maison, et le personnel local se distingue par une chaleur et une disponibilit\u00e9 remarquables pour t&rsquo;aider \u00e0 planifier ton programme.<\/p>\n\n\n\n<p class=\"wp-block-paragraph\">Le matin, on sert un copieux petit-d\u00e9jeuner dans une salle \u00e0 manger styl\u00e9e, o\u00f9 ne manquent ni les fromages alsaciens frais, ni les viennoiseries croustillantes, ni les confitures locales. Gr\u00e2ce \u00e0 l&#8217;emplacement \u00e0 deux pas de l&rsquo;Ill, <strong>tu as tous les monuments \u00e0 distance de marche<\/strong>, sans dormir directement sur les places les plus anim\u00e9es.<\/p>\n\n\n\n<p class=\"wp-block-paragraph\">\ud83d\udca1 <strong>Astuce :<\/strong> Excellent choix pour les couples qui veulent une maison \u00e0 colombages, une cour tranquille et un bain \u00e0 remous priv\u00e9 \u2014 sans payer comme dans un cinq \u00e9toiles pr\u00e8s de la cath\u00e9drale. \ud83d\ude09<\/p>\n\n\n\n<figure data-wp-context=\"{&quot;imageId&quot;:&quot;6a9c5ff22cd11&quot;}\" data-wp-interactive=\"core\/image\" data-wp-key=\"6a9c5ff22cd11\" class=\"wp-block-image size-full wp-lightbox-container\"><img decoding=\"async\" width=\"1600\" height=\"1068\" data-wp-class--hide=\"state.isContentHidden\" data-wp-class--show=\"state.isContentVisible\" data-wp-init=\"callbacks.setButtonStyles\" data-wp-on--click=\"actions.showLightbox\" data-wp-on--load=\"callbacks.setButtonStyles\" data-wp-on--pointerdown=\"actions.preloadImage\" data-wp-on--pointerenter=\"actions.preloadImageWithDelay\" data-wp-on--pointerleave=\"actions.cancelPreload\" data-wp-on-window--resize=\"callbacks.setButtonStyles\" src=\"https:\/\/loudavymkrokem.cz\/wp-content\/uploads\/2026\/09\/l-onor-h-tel-by-stay-collection.jpg\" alt=\"H\u00f4tel L\u00c9ONOR H\u00f4tel by Stay Collection\" class=\"wp-image-413054\" title=\"\" srcset=\"https:\/\/loudavymkrokem.cz\/wp-content\/uploads\/2026\/09\/l-onor-h-tel-by-stay-collection.jpg 1600w, https:\/\/loudavymkrokem.cz\/wp-content\/uploads\/2026\/09\/l-onor-h-tel-by-stay-collection-300x200.jpg 300w, https:\/\/loudavymkrokem.cz\/wp-content\/uploads\/2026\/09\/l-onor-h-tel-by-stay-collection-700x467.jpg 700w, https:\/\/loudavymkrokem.cz\/wp-content\/uploads\/2026\/09\/l-onor-h-tel-by-stay-collection-768x513.jpg 768w, https:\/\/loudavymkrokem.cz\/wp-content\/uploads\/2026\/09\/l-onor-h-tel-by-stay-collection-1536x1025.jpg 1536w, https:\/\/loudavymkrokem.cz\/wp-content\/uploads\/2026\/09\/l-onor-h-tel-by-stay-collection-696x465.jpg 696w, https:\/\/loudavymkrokem.cz\/wp-content\/uploads\/2026\/09\/l-onor-h-tel-by-stay-collection-1392x929.jpg 1392w\" sizes=\"(max-width: 1600px) 100vw, 1600px\" \/><button\n\t\t\tclass=\"lightbox-trigger\"\n\t\t\ttype=\"button\"\n\t\t\taria-haspopup=\"dialog\"\n\t\t\tdata-wp-bind--aria-label=\"state.thisImage.triggerButtonAriaLabel\"\n\t\t\tdata-wp-init=\"callbacks.initTriggerButton\"\n\t\t\tdata-wp-on--click=\"actions.showLightbox\"\n\t\t\tdata-wp-style--right=\"state.thisImage.buttonRight\"\n\t\t\tdata-wp-style--top=\"state.thisImage.buttonTop\"\n\t\t>\n\t\t\t<svg xmlns=\"http:\/\/www.w3.org\/2000\/svg\" width=\"12\" height=\"12\" fill=\"none\" viewBox=\"0 0 12 12\">\n\t\t\t\t<path fill=\"#fff\" d=\"M2 0a2 2 0 0 0-2 2v2h1.5V2a.5.5 0 0 1 .5-.5h2V0H2Zm2 10.5H2a.5.5 0 0 1-.5-.5V8H0v2a2 2 0 0 0 2 2h2v-1.5ZM8 12v-1.5h2a.5.5 0 0 0 .5-.5V8H12v2a2 2 0 0 1-2 2H8Zm2-12a2 2 0 0 1 2 2v2h-1.5V2a.5.5 0 0 0-.5-.5H8V0h2Z\" \/>\n\t\t\t<\/svg>\n\t\t<\/button><figcaption class=\"wp-element-caption\">Photo : L\u00c9ONOR H\u00f4tel \/ Google Maps<\/figcaption><\/figure>\n\n\n\n<h3 class=\"wp-block-heading\"><span class=\"ez-toc-section\" id=\"5_LEONOR_Hotel_by_Stay_Collection\"><\/span>5. L\u00c9ONOR H\u00f4tel by Stay Collection<span class=\"ez-toc-section-end\"><\/span><\/h3>\n\n\n\n<p class=\"wp-block-paragraph\">Un luxe moderne et r\u00e9fl\u00e9chi install\u00e9 dans un b\u00e2timent historique grandiose : voil\u00e0 comment d\u00e9crire en bref le styl\u00e9 <strong><a href=\"https:\/\/www.stay22.com\/allez\/roam?aid=lukaskonecny&#038;campaign=loudavymkrokemcz&#038;campaign=kde-bydlet-ve-strasburku&#038;hotelname=L%C3%89ONOR%20H%C3%B4tel%20by%20Stay%20Collection&#038;address=%C5%A0trasburk%2C%20Francie\" target=\"_blank\" rel=\"noopener nofollow sponsored\">L\u00c9ONOR H\u00f4tel by Stay Collection<\/a><\/strong>, qui affiche une excellente note de 4,7. Les int\u00e9rieurs sont <strong>l&rsquo;\u0153uvre de grands designers fran\u00e7ais<\/strong> et associent avec beaucoup de go\u00fbt des couleurs vives et audacieuses \u00e0 des lignes \u00e9pur\u00e9es et \u00e9l\u00e9gantes ainsi qu&rsquo;\u00e0 des \u00e9l\u00e9ments architecturaux historiques d&rsquo;origine.<\/p>\n\n\n\n<p class=\"wp-block-paragraph\">L&rsquo;\u00e9norme atout de ce lieu, c&rsquo;est sans conteste <strong>sa propre p\u00e2tisserie et son restaurant r\u00e9put\u00e9<\/strong>, o\u00f9 les habitants eux-m\u00eames aiment venir pour l&rsquo;exp\u00e9rience culinaire. La vaste cour int\u00e9rieure fonctionne pendant les mois plus chauds comme <strong>un v\u00e9ritable c\u0153ur social de l&rsquo;h\u00f4tel<\/strong>, o\u00f9 tu peux tranquillement savourer un caf\u00e9 de sp\u00e9cialit\u00e9 ou un verre en soir\u00e9e avant de sortir en ville.<\/p>\n\n\n\n<p class=\"wp-block-paragraph\">Les chambres sont \u00e9quip\u00e9es des derni\u00e8res technologies, de cosm\u00e9tiques premium et de lits immenses dont tu ne voudras plus sortir le matin. Bien que l&rsquo;h\u00f4tel soit proche du centre, <strong>l&rsquo;agencement malin des b\u00e2timents garantit calme et silence<\/strong> pour un sommeil sans la moindre perturbation.<\/p>\n\n\n\n<p class=\"wp-block-paragraph\">\ud83d\udca1 <strong>Astuce :<\/strong> Le L\u00c9ONOR s\u00e9duira quiconque aime <strong>l&rsquo;alliance d&rsquo;une architecture ancienne noble et d&rsquo;un design tr\u00e8s moderne et frais<\/strong>, tout en exigeant des services gastronomiques haut de gamme sous son propre toit.<\/p>\n\n\n\n<figure data-wp-context=\"{&quot;imageId&quot;:&quot;6a9c5ff22d3d7&quot;}\" data-wp-interactive=\"core\/image\" data-wp-key=\"6a9c5ff22d3d7\" class=\"wp-block-image size-full wp-lightbox-container\"><img decoding=\"async\" width=\"1280\" height=\"853\" data-wp-class--hide=\"state.isContentHidden\" data-wp-class--show=\"state.isContentVisible\" data-wp-init=\"callbacks.setButtonStyles\" data-wp-on--click=\"actions.showLightbox\" data-wp-on--load=\"callbacks.setButtonStyles\" data-wp-on--pointerdown=\"actions.preloadImage\" data-wp-on--pointerenter=\"actions.preloadImageWithDelay\" data-wp-on--pointerleave=\"actions.cancelPreload\" data-wp-on-window--resize=\"callbacks.setButtonStyles\" src=\"https:\/\/loudavymkrokem.cz\/wp-content\/uploads\/2026\/09\/hotel-tandem.jpg\" alt=\"H\u00f4tel Tandem\" class=\"wp-image-413062\" title=\"\" srcset=\"https:\/\/loudavymkrokem.cz\/wp-content\/uploads\/2026\/09\/hotel-tandem.jpg 1280w, https:\/\/loudavymkrokem.cz\/wp-content\/uploads\/2026\/09\/hotel-tandem-300x200.jpg 300w, https:\/\/loudavymkrokem.cz\/wp-content\/uploads\/2026\/09\/hotel-tandem-700x466.jpg 700w, https:\/\/loudavymkrokem.cz\/wp-content\/uploads\/2026\/09\/hotel-tandem-768x512.jpg 768w, https:\/\/loudavymkrokem.cz\/wp-content\/uploads\/2026\/09\/hotel-tandem-696x464.jpg 696w\" sizes=\"(max-width: 1280px) 100vw, 1280px\" \/><button\n\t\t\tclass=\"lightbox-trigger\"\n\t\t\ttype=\"button\"\n\t\t\taria-haspopup=\"dialog\"\n\t\t\tdata-wp-bind--aria-label=\"state.thisImage.triggerButtonAriaLabel\"\n\t\t\tdata-wp-init=\"callbacks.initTriggerButton\"\n\t\t\tdata-wp-on--click=\"actions.showLightbox\"\n\t\t\tdata-wp-style--right=\"state.thisImage.buttonRight\"\n\t\t\tdata-wp-style--top=\"state.thisImage.buttonTop\"\n\t\t>\n\t\t\t<svg xmlns=\"http:\/\/www.w3.org\/2000\/svg\" width=\"12\" height=\"12\" fill=\"none\" viewBox=\"0 0 12 12\">\n\t\t\t\t<path fill=\"#fff\" d=\"M2 0a2 2 0 0 0-2 2v2h1.5V2a.5.5 0 0 1 .5-.5h2V0H2Zm2 10.5H2a.5.5 0 0 1-.5-.5V8H0v2a2 2 0 0 0 2 2h2v-1.5ZM8 12v-1.5h2a.5.5 0 0 0 .5-.5V8H12v2a2 2 0 0 1-2 2H8Zm2-12a2 2 0 0 1 2 2v2h-1.5V2a.5.5 0 0 0-.5-.5H8V0h2Z\" \/>\n\t\t\t<\/svg>\n\t\t<\/button><figcaption class=\"wp-element-caption\">Photo : H\u00f4tel Tandem \/ Google Maps<\/figcaption><\/figure>\n\n\n\n<h3 class=\"wp-block-heading\"><span class=\"ez-toc-section\" id=\"6_Hotel_Tandem\"><\/span>6. Hotel Tandem<span class=\"ez-toc-section-end\"><\/span><\/h3>\n\n\n\n<p class=\"wp-block-paragraph\">Si tu cherches un h\u00e9bergement en dehors du c\u0153ur historique le plus cher, le fantastique <strong><a href=\"https:\/\/www.stay22.com\/allez\/roam?aid=lukaskonecny&#038;campaign=loudavymkrokemcz&#038;campaign=kde-bydlet-ve-strasburku&#038;hotelname=Hotel%20Tandem&#038;address=%C5%A0trasburk%2C%20Francie\" target=\"_blank\" rel=\"noopener nofollow sponsored\">Hotel Tandem<\/a><\/strong>, h\u00f4tel boutique \u00e9coresponsable pr\u00e8s de la gare, not\u00e9 4,7, est <strong>le mieux not\u00e9 de tout le secteur \u00e9largi<\/strong>. Les chambres sont am\u00e9nag\u00e9es dans des tons chauds et naturels, pleins de bois, qui <strong>d\u00e9gagent d\u00e8s le premier instant une impression incroyablement apaisante et cosy<\/strong>.<\/p>\n\n\n\n<p class=\"wp-block-paragraph\">Cet h\u00f4tel se distingue par une approche tr\u00e8s moderne et durable, ce qui se traduit concr\u00e8tement par <strong>un excellent bar \u00e0 vin en soir\u00e9e avec une belle s\u00e9lection de vins biodynamiques locaux et une location de v\u00e9los<\/strong> pour les clients. C&rsquo;est justement \u00e0 v\u00e9lo que tu peux d\u00e9couvrir Strasbourg comme un vrai habitant. Les petits-d\u00e9jeuners sont en plus pr\u00e9par\u00e9s exclusivement \u00e0 partir de produits locaux, et les clients ne tarissent pas d&rsquo;\u00e9loges sur ce rituel matinal dans les avis.<\/p>\n\n\n\n<p class=\"wp-block-paragraph\">Tu rejoins le centre historique \u00e0 pied en dix minutes confortables, ou tu peux sauter dans le tramway qui s&rsquo;arr\u00eate tout pr\u00e8s. <strong>Le personnel y est d\u00e9contract\u00e9 mais tr\u00e8s professionnel<\/strong>, et se fera un plaisir de te recommander de super restaurants v\u00e9g\u00e9tariens aux alentours.<\/p>\n\n\n\n<p class=\"wp-block-paragraph\">\ud83d\udca1 <strong>Astuce :<\/strong> C&rsquo;est tout simplement <strong>le meilleur choix pour les voyageurs qui arrivent en Alsace en train<\/strong>, qui veulent loger dans un cadre moderne et styl\u00e9 et qui tiennent \u00e0 la durabilit\u00e9 et \u00e0 la qualit\u00e9 irr\u00e9prochable des produits locaux.<\/p>\n\n\n\n<figure data-wp-context=\"{&quot;imageId&quot;:&quot;6a9c5ff22db98&quot;}\" data-wp-interactive=\"core\/image\" data-wp-key=\"6a9c5ff22db98\" class=\"wp-block-image size-full wp-lightbox-container\"><img decoding=\"async\" width=\"1600\" height=\"1067\" data-wp-class--hide=\"state.isContentHidden\" data-wp-class--show=\"state.isContentVisible\" data-wp-init=\"callbacks.setButtonStyles\" data-wp-on--click=\"actions.showLightbox\" data-wp-on--load=\"callbacks.setButtonStyles\" data-wp-on--pointerdown=\"actions.preloadImage\" data-wp-on--pointerenter=\"actions.preloadImageWithDelay\" data-wp-on--pointerleave=\"actions.cancelPreload\" data-wp-on-window--resize=\"callbacks.setButtonStyles\" src=\"https:\/\/loudavymkrokem.cz\/wp-content\/uploads\/2026\/09\/sofitel-strasbourg-grande-le.jpg\" alt=\"H\u00f4tel Sofitel Strasbourg Grande \u00cele\" class=\"wp-image-413067\" title=\"\" srcset=\"https:\/\/loudavymkrokem.cz\/wp-content\/uploads\/2026\/09\/sofitel-strasbourg-grande-le.jpg 1600w, https:\/\/loudavymkrokem.cz\/wp-content\/uploads\/2026\/09\/sofitel-strasbourg-grande-le-300x200.jpg 300w, https:\/\/loudavymkrokem.cz\/wp-content\/uploads\/2026\/09\/sofitel-strasbourg-grande-le-700x467.jpg 700w, https:\/\/loudavymkrokem.cz\/wp-content\/uploads\/2026\/09\/sofitel-strasbourg-grande-le-768x512.jpg 768w, https:\/\/loudavymkrokem.cz\/wp-content\/uploads\/2026\/09\/sofitel-strasbourg-grande-le-1536x1024.jpg 1536w, https:\/\/loudavymkrokem.cz\/wp-content\/uploads\/2026\/09\/sofitel-strasbourg-grande-le-696x464.jpg 696w, https:\/\/loudavymkrokem.cz\/wp-content\/uploads\/2026\/09\/sofitel-strasbourg-grande-le-1392x928.jpg 1392w\" sizes=\"(max-width: 1600px) 100vw, 1600px\" \/><button\n\t\t\tclass=\"lightbox-trigger\"\n\t\t\ttype=\"button\"\n\t\t\taria-haspopup=\"dialog\"\n\t\t\tdata-wp-bind--aria-label=\"state.thisImage.triggerButtonAriaLabel\"\n\t\t\tdata-wp-init=\"callbacks.initTriggerButton\"\n\t\t\tdata-wp-on--click=\"actions.showLightbox\"\n\t\t\tdata-wp-style--right=\"state.thisImage.buttonRight\"\n\t\t\tdata-wp-style--top=\"state.thisImage.buttonTop\"\n\t\t>\n\t\t\t<svg xmlns=\"http:\/\/www.w3.org\/2000\/svg\" width=\"12\" height=\"12\" fill=\"none\" viewBox=\"0 0 12 12\">\n\t\t\t\t<path fill=\"#fff\" d=\"M2 0a2 2 0 0 0-2 2v2h1.5V2a.5.5 0 0 1 .5-.5h2V0H2Zm2 10.5H2a.5.5 0 0 1-.5-.5V8H0v2a2 2 0 0 0 2 2h2v-1.5ZM8 12v-1.5h2a.5.5 0 0 0 .5-.5V8H12v2a2 2 0 0 1-2 2H8Zm2-12a2 2 0 0 1 2 2v2h-1.5V2a.5.5 0 0 0-.5-.5H8V0h2Z\" \/>\n\t\t\t<\/svg>\n\t\t<\/button><figcaption class=\"wp-element-caption\">Photo : Sofitel Strasbourg Grande \u00cele \/ Google Maps<\/figcaption><\/figure>\n\n\n\n<h3 class=\"wp-block-heading\"><span class=\"ez-toc-section\" id=\"7_Sofitel_Strasbourg_Grande_Ile\"><\/span>7. Sofitel Strasbourg Grande \u00cele<span class=\"ez-toc-section-end\"><\/span><\/h3>\n\n\n\n<p class=\"wp-block-paragraph\">Avec un nombre incroyable d&rsquo;avis, ce grandiose <strong><a href=\"https:\/\/www.stay22.com\/allez\/roam?aid=lukaskonecny&#038;campaign=loudavymkrokemcz&#038;campaign=kde-bydlet-ve-strasburku&#038;hotelname=Sofitel%20Strasbourg%20Grande%20%C3%8Ele&#038;address=%C5%A0trasburk%2C%20Francie\" target=\"_blank\" rel=\"noopener nofollow sponsored\">Sofitel Strasbourg Grande \u00cele<\/a><\/strong> maintient une belle note de 4,5 et fait ainsi figure d&rsquo;<strong>h\u00f4tel le plus comment\u00e9 de toute la ville<\/strong>. Il se dresse en plein sur l&rsquo;\u00eele historique principale et repr\u00e9sente un classique strasbourgeois r\u00e9put\u00e9, qui <strong>tient depuis longtemps un tr\u00e8s haut standard de services cinq \u00e9toiles \u00e9prouv\u00e9s<\/strong>.<\/p>\n\n\n\n<p class=\"wp-block-paragraph\">Les int\u00e9rieurs sont clairement dans l&rsquo;esprit de l&rsquo;\u00e9l\u00e9gance fran\u00e7aise moderne, domin\u00e9s par des tapis de qualit\u00e9, des couleurs feutr\u00e9es et un mobilier design. Tu y trouveras un excellent restaurant ax\u00e9 sur la gastronomie fran\u00e7aise et surtout <strong>un bar tr\u00e8s styl\u00e9, o\u00f9 t&rsquo;offrir un verre exclusif en soir\u00e9e<\/strong> apr\u00e8s une longue journ\u00e9e dans les rues. Les chambres sont exceptionnellement spacieuses, calmes, et offrent le confort de premier ordre typique de cette marque prestigieuse.<\/p>\n\n\n\n<p class=\"wp-block-paragraph\">Gr\u00e2ce \u00e0 sa taille, l&rsquo;h\u00f4tel dispose d&rsquo;excellents \u00e9quipements, dont une salle de fitness spacieuse. <strong>L&#8217;emplacement est superbe<\/strong> : que tu partes vers la cath\u00e9drale ou vers la pittoresque Petite France, tu arrives partout en dix minutes.<\/p>\n\n\n\n<p class=\"wp-block-paragraph\">\ud83d\udca1 <strong>Astuce :<\/strong> Id\u00e9al pour celles et ceux qui privil\u00e9gient <strong>la garantie et la fiabilit\u00e9 des grandes marques internationales<\/strong> et exigent un service irr\u00e9prochable et tr\u00e8s professionnel, \u00e0 distance de marche de tout l&rsquo;essentiel que la ville offre.<\/p>\n\n\n\n<figure data-wp-context=\"{&quot;imageId&quot;:&quot;6a9c5ff22e188&quot;}\" data-wp-interactive=\"core\/image\" data-wp-key=\"6a9c5ff22e188\" class=\"wp-block-image size-full wp-lightbox-container\"><img decoding=\"async\" width=\"1600\" height=\"1067\" data-wp-class--hide=\"state.isContentHidden\" data-wp-class--show=\"state.isContentVisible\" data-wp-init=\"callbacks.setButtonStyles\" data-wp-on--click=\"actions.showLightbox\" data-wp-on--load=\"callbacks.setButtonStyles\" data-wp-on--pointerdown=\"actions.preloadImage\" data-wp-on--pointerenter=\"actions.preloadImageWithDelay\" data-wp-on--pointerleave=\"actions.cancelPreload\" data-wp-on-window--resize=\"callbacks.setButtonStyles\" src=\"https:\/\/loudavymkrokem.cz\/wp-content\/uploads\/2026\/09\/h-tel-r-gent-contades-by-stay-collection.jpg\" alt=\"H\u00f4tel R\u00e9gent Contades by Stay Collection\" class=\"wp-image-413072\" title=\"\" srcset=\"https:\/\/loudavymkrokem.cz\/wp-content\/uploads\/2026\/09\/h-tel-r-gent-contades-by-stay-collection.jpg 1600w, https:\/\/loudavymkrokem.cz\/wp-content\/uploads\/2026\/09\/h-tel-r-gent-contades-by-stay-collection-300x200.jpg 300w, https:\/\/loudavymkrokem.cz\/wp-content\/uploads\/2026\/09\/h-tel-r-gent-contades-by-stay-collection-700x467.jpg 700w, https:\/\/loudavymkrokem.cz\/wp-content\/uploads\/2026\/09\/h-tel-r-gent-contades-by-stay-collection-768x512.jpg 768w, https:\/\/loudavymkrokem.cz\/wp-content\/uploads\/2026\/09\/h-tel-r-gent-contades-by-stay-collection-1536x1024.jpg 1536w, https:\/\/loudavymkrokem.cz\/wp-content\/uploads\/2026\/09\/h-tel-r-gent-contades-by-stay-collection-696x464.jpg 696w, https:\/\/loudavymkrokem.cz\/wp-content\/uploads\/2026\/09\/h-tel-r-gent-contades-by-stay-collection-1392x928.jpg 1392w\" sizes=\"(max-width: 1600px) 100vw, 1600px\" \/><button\n\t\t\tclass=\"lightbox-trigger\"\n\t\t\ttype=\"button\"\n\t\t\taria-haspopup=\"dialog\"\n\t\t\tdata-wp-bind--aria-label=\"state.thisImage.triggerButtonAriaLabel\"\n\t\t\tdata-wp-init=\"callbacks.initTriggerButton\"\n\t\t\tdata-wp-on--click=\"actions.showLightbox\"\n\t\t\tdata-wp-style--right=\"state.thisImage.buttonRight\"\n\t\t\tdata-wp-style--top=\"state.thisImage.buttonTop\"\n\t\t>\n\t\t\t<svg xmlns=\"http:\/\/www.w3.org\/2000\/svg\" width=\"12\" height=\"12\" fill=\"none\" viewBox=\"0 0 12 12\">\n\t\t\t\t<path fill=\"#fff\" d=\"M2 0a2 2 0 0 0-2 2v2h1.5V2a.5.5 0 0 1 .5-.5h2V0H2Zm2 10.5H2a.5.5 0 0 1-.5-.5V8H0v2a2 2 0 0 0 2 2h2v-1.5ZM8 12v-1.5h2a.5.5 0 0 0 .5-.5V8H12v2a2 2 0 0 1-2 2H8Zm2-12a2 2 0 0 1 2 2v2h-1.5V2a.5.5 0 0 0-.5-.5H8V0h2Z\" \/>\n\t\t\t<\/svg>\n\t\t<\/button><figcaption class=\"wp-element-caption\">Photo : H\u00f4tel R\u00e9gent Contades \/ Google Maps<\/figcaption><\/figure>\n\n\n\n<h3 class=\"wp-block-heading\"><span class=\"ez-toc-section\" id=\"8_Hotel_Regent_Contades_by_Stay_Collection\"><\/span>8. H\u00f4tel R\u00e9gent Contades by Stay Collection<span class=\"ez-toc-section-end\"><\/span><\/h3>\n\n\n\n<p class=\"wp-block-paragraph\">Cet <strong><a href=\"https:\/\/www.stay22.com\/allez\/roam?aid=lukaskonecny&#038;campaign=loudavymkrokemcz&#038;campaign=kde-bydlet-ve-strasburku&#038;hotelname=H%C3%B4tel%20R%C3%A9gent%20Contades%20by%20Stay%20Collection&#038;address=%C5%A0trasburk%2C%20Francie\" target=\"_blank\" rel=\"noopener nofollow sponsored\">H\u00f4tel R\u00e9gent Contades by Stay Collection<\/a><\/strong> extr\u00eamement \u00e9l\u00e9gant, tr\u00e8s bien not\u00e9 4,4, occupe une belle maison de ma\u00eetre du XIXe si\u00e8cle, qui <strong>se dresse directement sur les quais de l&rsquo;Ill, pr\u00e8s de la majestueuse Neustadt<\/strong>. D\u00e8s l&rsquo;entr\u00e9e, tu es accueilli par un magnifique bar lambriss\u00e9 de bois sombre avec des fauteuils en cuir, qui <strong>ressemble \u00e0 un club britannique classique<\/strong>.<\/p>\n\n\n\n<p class=\"wp-block-paragraph\">Apr\u00e8s de longues promenades en ville par temps frais et humide, tu profiteras \u00e0 coup s\u00fbr <strong>du sauna moderne et du hammam traditionnel<\/strong>, enti\u00e8rement \u00e0 disposition des clients pour un r\u00e9chauffement parfait. Les chambres aux hauts plafonds combinent avec gr\u00e2ce le charme d&rsquo;autrefois et tout le confort moderne que tu attends automatiquement d&rsquo;un tel standard.<\/p>\n\n\n\n<p class=\"wp-block-paragraph\">La cath\u00e9drale est \u00e0 une douzaine de minutes d&rsquo;agr\u00e9able promenade le long de l&rsquo;eau, tu profites donc <strong>des avantages d&rsquo;un emplacement central, mais sans le bruit p\u00e9nible des rues anim\u00e9es<\/strong>. Le matin, tu peux te r\u00e9jouir d&rsquo;un copieux buffet de petit-d\u00e9jeuner servi dans un magnifique salon baign\u00e9 de lumi\u00e8re.<\/p>\n\n\n\n<p class=\"wp-block-paragraph\">\ud83d\udca1 <strong>Astuce :<\/strong> Voil\u00e0 tout simplement une excellente adresse pour un s\u00e9jour plus calme et d\u00e9tendu, si tu veux loger <strong>dans un cadre \u00e9l\u00e9gant et raffin\u00e9, \u00e0 la lisi\u00e8re du c\u0153ur historique et du quartier allemand verdoyant<\/strong>.<\/p>\n\n\n\n<figure data-wp-context=\"{&quot;imageId&quot;:&quot;6a9c5ff22e6a9&quot;}\" data-wp-interactive=\"core\/image\" data-wp-key=\"6a9c5ff22e6a9\" class=\"wp-block-image size-full wp-lightbox-container\"><img decoding=\"async\" width=\"1600\" height=\"1084\" data-wp-class--hide=\"state.isContentHidden\" data-wp-class--show=\"state.isContentVisible\" data-wp-init=\"callbacks.setButtonStyles\" data-wp-on--click=\"actions.showLightbox\" data-wp-on--load=\"callbacks.setButtonStyles\" data-wp-on--pointerdown=\"actions.preloadImage\" data-wp-on--pointerenter=\"actions.preloadImageWithDelay\" data-wp-on--pointerleave=\"actions.cancelPreload\" data-wp-on-window--resize=\"callbacks.setButtonStyles\" src=\"https:\/\/loudavymkrokem.cz\/wp-content\/uploads\/2026\/09\/pavillon-r-gent-petite-france.jpg\" alt=\"H\u00f4tel Pavillon R\u00e9gent Petite France\" class=\"wp-image-413077\" title=\"\" srcset=\"https:\/\/loudavymkrokem.cz\/wp-content\/uploads\/2026\/09\/pavillon-r-gent-petite-france.jpg 1600w, https:\/\/loudavymkrokem.cz\/wp-content\/uploads\/2026\/09\/pavillon-r-gent-petite-france-300x203.jpg 300w, https:\/\/loudavymkrokem.cz\/wp-content\/uploads\/2026\/09\/pavillon-r-gent-petite-france-700x474.jpg 700w, https:\/\/loudavymkrokem.cz\/wp-content\/uploads\/2026\/09\/pavillon-r-gent-petite-france-768x520.jpg 768w, https:\/\/loudavymkrokem.cz\/wp-content\/uploads\/2026\/09\/pavillon-r-gent-petite-france-1536x1041.jpg 1536w, https:\/\/loudavymkrokem.cz\/wp-content\/uploads\/2026\/09\/pavillon-r-gent-petite-france-696x472.jpg 696w, https:\/\/loudavymkrokem.cz\/wp-content\/uploads\/2026\/09\/pavillon-r-gent-petite-france-1392x943.jpg 1392w\" sizes=\"(max-width: 1600px) 100vw, 1600px\" \/><button\n\t\t\tclass=\"lightbox-trigger\"\n\t\t\ttype=\"button\"\n\t\t\taria-haspopup=\"dialog\"\n\t\t\tdata-wp-bind--aria-label=\"state.thisImage.triggerButtonAriaLabel\"\n\t\t\tdata-wp-init=\"callbacks.initTriggerButton\"\n\t\t\tdata-wp-on--click=\"actions.showLightbox\"\n\t\t\tdata-wp-style--right=\"state.thisImage.buttonRight\"\n\t\t\tdata-wp-style--top=\"state.thisImage.buttonTop\"\n\t\t>\n\t\t\t<svg xmlns=\"http:\/\/www.w3.org\/2000\/svg\" width=\"12\" height=\"12\" fill=\"none\" viewBox=\"0 0 12 12\">\n\t\t\t\t<path fill=\"#fff\" d=\"M2 0a2 2 0 0 0-2 2v2h1.5V2a.5.5 0 0 1 .5-.5h2V0H2Zm2 10.5H2a.5.5 0 0 1-.5-.5V8H0v2a2 2 0 0 0 2 2h2v-1.5ZM8 12v-1.5h2a.5.5 0 0 0 .5-.5V8H12v2a2 2 0 0 1-2 2H8Zm2-12a2 2 0 0 1 2 2v2h-1.5V2a.5.5 0 0 0-.5-.5H8V0h2Z\" \/>\n\t\t\t<\/svg>\n\t\t<\/button><figcaption class=\"wp-element-caption\">Photo : H\u00f4tel &#038; Spa R\u00e9gent Petite France \/ Google Maps<\/figcaption><\/figure>\n\n\n\n<h3 class=\"wp-block-heading\"><span class=\"ez-toc-section\" id=\"9_Pavillon_Regent_Petite_France\"><\/span>9. Pavillon R\u00e9gent Petite France<span class=\"ez-toc-section-end\"><\/span><\/h3>\n\n\n\n<p class=\"wp-block-paragraph\">Si tu cherches la romance la plus parfaite, le c\u00e9l\u00e8bre <strong><a href=\"https:\/\/www.stay22.com\/allez\/roam?aid=lukaskonecny&#038;campaign=loudavymkrokemcz&#038;campaign=kde-bydlet-ve-strasburku&#038;hotelname=Pavillon%20R%C3%A9gent%20Petite%20France&#038;address=%C5%A0trasburk%2C%20Francie\" target=\"_blank\" rel=\"noopener nofollow sponsored\">Pavillon R\u00e9gent Petite France<\/a><\/strong>, not\u00e9 4,4, occupe une magnifique b\u00e2tisse ancienne \u00e0 colombages <strong>en plein c\u0153ur de l&#8217;embl\u00e9matique et photog\u00e9nique Petite France<\/strong>. De nombreuses chambres douillettes s&rsquo;ouvrent sur <strong>des vues dignes d&rsquo;une carte postale sur l&rsquo;Ill<\/strong> et les maisons historiques alentour, une exp\u00e9rience visuelle qu&rsquo;on ne trouve pas partout.<\/p>\n\n\n\n<p class=\"wp-block-paragraph\">Cet h\u00e9bergement boutique comprend aussi un excellent restaurant et un bar tr\u00e8s agr\u00e9able, tu n&rsquo;as donc m\u00eame pas besoin de sortir pour bien manger et boire en fin de journ\u00e9e. L&#8217;emplacement est vraiment unique et inoubliable, mais souviens-toi d&rsquo;une r\u00e8gle importante. <strong>Pendant les march\u00e9s de l&rsquo;Avent, les abords de l&rsquo;h\u00f4tel sont extr\u00eamement bond\u00e9s<\/strong> et des foules d\u00e9filent en permanence dans les ruelles sous les fen\u00eatres.<\/p>\n\n\n\n<p class=\"wp-block-paragraph\">Les chambres sont am\u00e9nag\u00e9es dans un style \u00e9pur\u00e9 et \u00e9l\u00e9gant qui met joliment en valeur les \u00e9l\u00e9ments historiques d&rsquo;origine du b\u00e2timent. Les petits-d\u00e9jeuners sont servis dans un beau salon aux grandes fen\u00eatres, d&rsquo;o\u00f9 tu peux observer, caf\u00e9 \u00e0 la main, les bateaux-mouches qui passent.<\/p>\n\n\n\n<p class=\"wp-block-paragraph\">\ud83d\udca1 <strong>Astuce :<\/strong> C&rsquo;est <strong>le choix parfait pour les couples amoureux et les passionn\u00e9s de photo<\/strong>, qui veulent avoir les plus beaux d\u00e9cors strasbourgeois directement derri\u00e8re la fen\u00eatre de leur chambre.<\/p>\n\n\n\n<figure data-wp-context=\"{&quot;imageId&quot;:&quot;6a9c5ff22ecc8&quot;}\" data-wp-interactive=\"core\/image\" data-wp-key=\"6a9c5ff22ecc8\" class=\"wp-block-image size-full wp-lightbox-container\"><img decoding=\"async\" width=\"1600\" height=\"1068\" data-wp-class--hide=\"state.isContentHidden\" data-wp-class--show=\"state.isContentVisible\" data-wp-init=\"callbacks.setButtonStyles\" data-wp-on--click=\"actions.showLightbox\" data-wp-on--load=\"callbacks.setButtonStyles\" data-wp-on--pointerdown=\"actions.preloadImage\" data-wp-on--pointerenter=\"actions.preloadImageWithDelay\" data-wp-on--pointerleave=\"actions.cancelPreload\" data-wp-on-window--resize=\"callbacks.setButtonStyles\" src=\"https:\/\/loudavymkrokem.cz\/wp-content\/uploads\/2026\/09\/hannong-h-tel-wine-bar.jpg\" alt=\"H\u00f4tel Hannong H\u00f4tel &#038; Wine Bar\" class=\"wp-image-413081\" title=\"\" srcset=\"https:\/\/loudavymkrokem.cz\/wp-content\/uploads\/2026\/09\/hannong-h-tel-wine-bar.jpg 1600w, https:\/\/loudavymkrokem.cz\/wp-content\/uploads\/2026\/09\/hannong-h-tel-wine-bar-300x200.jpg 300w, https:\/\/loudavymkrokem.cz\/wp-content\/uploads\/2026\/09\/hannong-h-tel-wine-bar-700x467.jpg 700w, https:\/\/loudavymkrokem.cz\/wp-content\/uploads\/2026\/09\/hannong-h-tel-wine-bar-768x513.jpg 768w, https:\/\/loudavymkrokem.cz\/wp-content\/uploads\/2026\/09\/hannong-h-tel-wine-bar-1536x1025.jpg 1536w, https:\/\/loudavymkrokem.cz\/wp-content\/uploads\/2026\/09\/hannong-h-tel-wine-bar-696x465.jpg 696w, https:\/\/loudavymkrokem.cz\/wp-content\/uploads\/2026\/09\/hannong-h-tel-wine-bar-1392x929.jpg 1392w\" sizes=\"(max-width: 1600px) 100vw, 1600px\" \/><button\n\t\t\tclass=\"lightbox-trigger\"\n\t\t\ttype=\"button\"\n\t\t\taria-haspopup=\"dialog\"\n\t\t\tdata-wp-bind--aria-label=\"state.thisImage.triggerButtonAriaLabel\"\n\t\t\tdata-wp-init=\"callbacks.initTriggerButton\"\n\t\t\tdata-wp-on--click=\"actions.showLightbox\"\n\t\t\tdata-wp-style--right=\"state.thisImage.buttonRight\"\n\t\t\tdata-wp-style--top=\"state.thisImage.buttonTop\"\n\t\t>\n\t\t\t<svg xmlns=\"http:\/\/www.w3.org\/2000\/svg\" width=\"12\" height=\"12\" fill=\"none\" viewBox=\"0 0 12 12\">\n\t\t\t\t<path fill=\"#fff\" d=\"M2 0a2 2 0 0 0-2 2v2h1.5V2a.5.5 0 0 1 .5-.5h2V0H2Zm2 10.5H2a.5.5 0 0 1-.5-.5V8H0v2a2 2 0 0 0 2 2h2v-1.5ZM8 12v-1.5h2a.5.5 0 0 0 .5-.5V8H12v2a2 2 0 0 1-2 2H8Zm2-12a2 2 0 0 1 2 2v2h-1.5V2a.5.5 0 0 0-.5-.5H8V0h2Z\" \/>\n\t\t\t<\/svg>\n\t\t<\/button><figcaption class=\"wp-element-caption\">Photo : Hannong H\u00f4tel &#038; Wine Bar \/ Google Maps<\/figcaption><\/figure>\n\n\n\n<!-- LKM_GYG_CARD start q=\"strasbourg\" lang=\"fr\" rendered=\"2026-09-05T16:58:11+00:00\" v=\"1\" -->\n<style id=\"lk-gyg-styles\">\n@import url(\"https:\/\/fonts.googleapis.com\/css2?family=Playfair+Display:wght@700&family=DM+Sans:wght@300;400;500;600&display=swap\");\n\/* === LK GYG karty \u2014 CRO redesign 2026-05 (namespace .lkx-) ===\n   C\u00edl: vy\u0161\u0161\u00ed CTR (hero + v\u00fdrazn\u00fd social proof + ak\u010dn\u00ed CTA, m\u00e9n\u011b \"reklamn\u00ed\").\n   Injektuje se inline do prvn\u00edho markeru postu (refresh_cards.py --inline-css). *\/\n.lkx-module, .lkx-module *{box-sizing:border-box;margin:0;padding:0}\n.lkx-module{\n  font-family:'DM Sans',-apple-system,Segoe UI,Roboto,Georgia,sans-serif;\n  max-width:860px;margin:2.5rem auto;color:#1f2328;\n}\n\n\/* HEADER \u2014 lehk\u00fd editorsk\u00fd, \u017e\u00e1dn\u00fd bannerov\u00fd blok; nadpis + popisek pod n\u00edm *\/\n.lkx-head{margin-bottom:16px}\n.lkx-head-main{display:flex;align-items:center;gap:10px}\n.lkx-head-accent{width:26px;height:3px;border-radius:2px;background:#c39f76;flex-shrink:0}\n.lkx-head-title{font-family:'Playfair Display',Georgia,serif;font-size:21px;font-weight:700;color:#1a1a1a;line-height:1.25}\n.lkx-head-meta{display:block;font-size:11px;letter-spacing:.3px;color:#9aa0a6;margin-top:4px;margin-left:36px}\n\n\/* HERO *\/\n.lkx-hero{display:grid;grid-template-columns:300px 1fr;background:#fff;border:1px solid #ece7df;border-radius:14px;overflow:hidden;text-decoration:none!important;color:inherit;box-shadow:0 6px 20px rgba(0,0,0,.06);transition:box-shadow .2s,transform .2s;margin-bottom:14px}\n.lkx-hero:hover{box-shadow:0 12px 30px rgba(0,0,0,.12);transform:translateY(-2px)}\n.lkx-hero-img{position:relative;min-height:230px;background-size:cover;background-position:center;background-color:#eee}\n.lkx-hero-body{padding:22px 24px;display:flex;flex-direction:column}\n.lkx-pick{position:absolute;top:12px;left:12px;background:#1a1a1a;color:#fff;font-size:11px;font-weight:700;letter-spacing:.5px;padding:5px 11px;border-radius:20px}\n\n\/* TITLE *\/\n.lkx-title{font-size:19px;font-weight:700;color:#161616;line-height:1.3}\n.lkx-title-sm{font-size:14.5px;line-height:1.35;display:-webkit-box;-webkit-line-clamp:2;-webkit-box-orient:vertical;overflow:hidden}\n\n\/* SOCIAL PROOF \u2014 v\u00fdrazn\u011b, naho\u0159e *\/\n.lkx-proof{display:flex;align-items:center;gap:7px;margin-top:12px;font-size:15px;color:#3a3a3a}\n.lkx-proof b{font-size:16px;color:#161616}\n.lkx-stars{color:#f5a623;letter-spacing:1px}\n.lkx-proof-sm{font-size:12.5px;margin-top:8px;gap:5px}\n.lkx-proof-sm b{font-size:13px}\n.lkx-proof-new{color:#3685fc;font-weight:600}\n\n\/* PRICE \u2014 n\u00edzk\u00e1 kotva *\/\n.lkx-price{font-size:14px;color:#6b7280}\n.lkx-price b{font-size:20px;color:#161616;font-weight:700}\n.lkx-price-sm b{font-size:15px}\n\n\/* CTA \u2014 tepl\u00e9 ak\u010dn\u00ed tla\u010d\u00edtko *\/\n.lkx-cta{display:inline-flex;align-items:center;justify-content:center;text-decoration:none!important;font-weight:700;color:#fff!important;background:linear-gradient(135deg,#f6743f,#e8552a);border-radius:10px;box-shadow:0 6px 16px rgba(232,85,42,.32);transition:box-shadow .2s}\n.lkx-cta-hero{font-size:15px;padding:13px 22px}\n.lkx-hero:hover .lkx-cta-hero{box-shadow:0 8px 22px rgba(232,85,42,.45)}\n.lkx-cta-sm{font-size:12.5px;padding:9px 14px;width:100%;margin-top:2px}\n.lkx-hero-bottom{margin-top:auto;padding-top:18px;display:flex;align-items:center;justify-content:space-between;gap:14px;flex-wrap:wrap}\n\n\/* BADGE \u2014 jeden v\u00fdrazn\u00fd na fotce *\/\n.lkx-badge{position:absolute;top:12px;right:12px;font-size:10.5px;font-weight:700;letter-spacing:.3px;padding:5px 10px;border-radius:16px;color:#fff}\n.lkx-badge.badge-urgency{background:rgba(214,40,40,.92)}\n.lkx-badge.badge-new{background:rgba(54,133,252,.92)}\n.lkx-badge.badge-top{background:rgba(195,159,118,.95)}\n.lkx-badge.badge-info{background:rgba(40,40,40,.78)}\n\n\/* SECONDARY GRID *\/\n.lkx-grid{display:grid;grid-template-columns:1fr 1fr;gap:14px}\n.lkx-card{background:#fff;border:1px solid #ece7df;border-radius:14px;overflow:hidden;text-decoration:none!important;color:inherit;box-shadow:0 4px 14px rgba(0,0,0,.05);display:flex;flex-direction:column;transition:box-shadow .2s,transform .2s}\n.lkx-card:hover{box-shadow:0 10px 24px rgba(0,0,0,.1);transform:translateY(-2px)}\n.lkx-card-img{position:relative;aspect-ratio:16\/10;background-size:cover;background-position:center;background-color:#eee}\n.lkx-card-body{padding:14px 16px 16px;display:flex;flex-direction:column;gap:7px;flex:1}\n.lkx-card-bottom{margin-top:auto;padding-top:10px;display:flex;align-items:center;justify-content:space-between;gap:8px}\n\n\/* DISCLOSURE \u2014 drobn\u00e1, kv\u016fli d\u016fv\u011b\u0159e\/z\u00e1konu *\/\n.lkx-disclosure{font-size:11px;color:#a7adb3;text-align:center;margin-top:14px;line-height:1.6}\n.lkx-disclosure a{color:#c39f76;text-decoration:none}\n\n@media(max-width:680px){\n  .lkx-hero{grid-template-columns:1fr}\n  .lkx-hero-img{min-height:180px}\n  .lkx-grid{grid-template-columns:1fr}\n  .lkx-head-meta{margin-left:0;width:100%}\n  .lkx-head-title{font-size:19px}\n}\n\n<\/style>\n<div class=\"lkx-module\" data-query=\"strasbourg\">\n  <div class=\"lkx-head\">\n    <div class=\"lkx-head-main\">\n      <span class=\"lkx-head-accent\"><\/span>\n      <span class=\"lkx-head-title\">Exp\u00e9riences et billets<\/span>\n    <\/div>\n    <span class=\"lkx-head-meta\">not\u00e9 par les voyageurs \u00b7 GetYourGuide<\/span>\n  <\/div><a class=\"lkx-hero\" href=\"https:\/\/www.getyourguide.com\/fr-fr\/strasbourg-l293\/strasbourg-visite-guidee-a-velo-velos-inclus-t487695\/?partner_id=MKZ64IS&amp;utm_medium=online_publisher&amp;cmp=ou-dormir-strasbourg-france\" target=\"_blank\" rel=\"sponsored noopener nofollow\">\n    <div class=\"lkx-hero-img\" style=\"background-image:url('https:\/\/cdn.getyourguide.com\/img\/tour\/64aea1102544f.png\/132.jpg')\" role=\"img\" aria-label=\"Strasbourg : visite guid\u00e9e \u00e0 v\u00e9lo, v\u00e9los inclus\">\n      <span class=\"lkx-pick\">\u2605 Notre choix<\/span><\/div>\n    <div class=\"lkx-hero-body\">\n      <div class=\"lkx-title\">Strasbourg : visite guid\u00e9e \u00e0 v\u00e9lo, v\u00e9los inclus<\/div>\n      <div class=\"lkx-proof\">\n      <span class=\"lkx-stars\">\u2605\u2605\u2605\u2605\u2605<\/span>\n      <b>4.5<\/b> \u00b7 401 avis\n    <\/div>\n      <div class=\"lkx-hero-bottom\"><div class=\"lkx-price\">\u00e0 partir de <b>39\u00a0\u20ac<\/b><\/div><span class=\"lkx-cta lkx-cta-hero\">Je veux vivre \u00e7a \u2192<\/span>\n      <\/div>\n    <\/div>\n  <\/a><div class=\"lkx-grid\"><a class=\"lkx-card\" href=\"https:\/\/www.getyourguide.com\/fr-fr\/strasbourg-l293\/strasbourg-visite-a-pied-privee-des-quartiers-modernes-t1311325\/?partner_id=MKZ64IS&amp;utm_medium=online_publisher&amp;cmp=ou-dormir-strasbourg-france\" target=\"_blank\" rel=\"sponsored noopener nofollow\">\n      <div class=\"lkx-card-img\" style=\"background-image:url('https:\/\/cdn.getyourguide.com\/img\/tour\/2324a29f8b75065ca3368d9bd92aa7710a385d8d4cf02fc62154317de05a1a03.jpg\/132.jpg')\" role=\"img\" aria-label=\"Visite priv\u00e9e \u00e0 pied de Strasbourg\u00a0: joyaux cach\u00e9s et temps forts\"><\/div>\n      <div class=\"lkx-card-body\">\n        <div class=\"lkx-title lkx-title-sm\">Visite priv\u00e9e \u00e0 pied de Strasbourg\u00a0: joyaux cach\u00e9s et temps forts<\/div>\n        <div class=\"lkx-proof lkx-proof-sm\">\n      <span class=\"lkx-stars\">\u2605<\/span>\n      <b>5.0<\/b> \u00b7 1\n    <\/div>\n        <div class=\"lkx-card-bottom\"><span class=\"lkx-price lkx-price-sm\">\u00e0 partir de <b>23\u00a0\u20ac<\/b><\/span><span class=\"lkx-cta lkx-cta-sm\">Voir les dates \u2192<\/span>\n        <\/div>\n      <\/div>\n    <\/a><a class=\"lkx-card\" href=\"https:\/\/www.getyourguide.com\/fr-fr\/strasbourg-l293\/strasbourg-promenade-gourmande-alsacienne-avec-5-degustations-t1458211\/?partner_id=MKZ64IS&amp;utm_medium=online_publisher&amp;cmp=ou-dormir-strasbourg-france\" target=\"_blank\" rel=\"sponsored noopener nofollow\">\n      <div class=\"lkx-card-img\" style=\"background-image:url('https:\/\/cdn.getyourguide.com\/img\/tour\/e965587a48bc449a08b2ef17afbfc818a8ca05db25bccd1e896e40df12dc7ce3.jpg\/132.jpg')\" role=\"img\" aria-label=\"Strasbourg\u00a0: promenade gourmande alsacienne avec 5\u00a0d\u00e9gustations\"><\/div>\n      <div class=\"lkx-card-body\">\n        <div class=\"lkx-title lkx-title-sm\">Strasbourg\u00a0: promenade gourmande alsacienne avec 5\u00a0d\u00e9gustations<\/div>\n        <div class=\"lkx-proof lkx-proof-sm\">\n      <span class=\"lkx-stars\">\u2605<\/span>\n      <b>0.0<\/b> \u00b7 0\n    <\/div>\n        <div class=\"lkx-card-bottom\"><span class=\"lkx-price lkx-price-sm\">\u00e0 partir de <b>45\u00a0\u20ac<\/b><\/span><span class=\"lkx-cta lkx-cta-sm\">Voir les dates \u2192<\/span>\n        <\/div>\n      <\/div>\n    <\/a><\/div><div class=\"lkx-disclosure\">\ud83d\udd17 Liens d&#39;affiliation \u2014 sans surco\u00fbt pour vous, ils nous aident \u00e0 cr\u00e9er du contenu. \u00b7 <a href=\"https:\/\/www.getyourguide.com\/fr-fr\/s\/?q=strasbourg&amp;partner_id=MKZ64IS&amp;utm_medium=online_publisher\" target=\"_blank\" rel=\"sponsored noopener nofollow\">Toutes les exp\u00e9riences \u2192<\/a><\/div>\n<\/div>\n<!-- LKM_GYG_CARD end -->\n\n\n\n\n<div class=\"lk-stays-module\">\n<style>\n\/* \u2500\u2500\u2500 RESET PRO GUTENBERG \u2500\u2500\u2500 *\/\n.lk-stays-module * { box-sizing: border-box; margin: 0; padding: 0; }\n\n\/* \u2500\u2500\u2500 WRAPPER \u2500\u2500\u2500 *\/\n.lk-stays-module {\n  font-family: 'DM Sans', Georgia, sans-serif;\n  max-width: 100%;\n  margin: 2.5rem auto;\n  background: linear-gradient(135deg, #fdfaf5 0%, #fcf8f0 100%);\n  border: 1px solid #e8dfd4;\n  border-radius: 16px;\n  overflow: hidden;\n  box-shadow: 0 16px 48px rgba(195, 159, 118, 0.25), 0 4px 12px rgba(0,0,0,0.08);\n}\n\n\/* \u2500\u2500\u2500 HEADER \u2500\u2500\u2500 *\/\n.lk-stays-header {\n  position: relative;\n  padding: 24px 36px 24px;\n  background: linear-gradient(135deg, #c39f76 0%, #d4b188 60%, #c39f76 100%);\n  border-bottom: 1px solid rgba(255,255,255,.15);\n  display: flex;\n  align-items: center;\n  gap: 18px;\n}\n.lk-stays-header::before {\n  content: '';\n  position: absolute;\n  inset: 0;\n  background: url(\"data:image\/svg+xml,%3Csvg width='60' height='60' viewBox='0 0 60 60' xmlns='http:\/\/www.w3.org\/2000\/svg'%3E%3Cg fill='none' fill-rule='evenodd'%3E%3Cg fill='%23ffffff' fill-opacity='0.05'%3E%3Cpath d='M36 34v-4h-2v4h-4v2h4v4h2v-4h4v-2h-4zm0-30V0h-2v4h-4v2h4v4h2V6h4V4h-4zM6 34v-4H4v4H0v2h4v4h2v-4h4v-2H6zM6 4V0H4v4H0v2h4v4h2V6h4V4H6z'\/%3E%3C\/g%3E%3C\/g%3E%3C\/svg%3E\") repeat;\n  pointer-events: none;\n}\n.lk-stays-icon {\n  flex-shrink: 0;\n  width: 68px;\n  height: 68px;\n  border-radius: 14px;\n  background: linear-gradient(135deg, #fff 0%, #f9f6f0 100%);\n  display: flex;\n  align-items: center;\n  justify-content: center;\n  font-size: 26px;\n  box-shadow: 0 4px 12px rgba(0,0,0,0.15);\n}\n.lk-stays-eyebrow {\n  font-size: 10px;\n  font-weight: 500;\n  letter-spacing: 2.5px;\n  text-transform: uppercase;\n  color: rgba(255,255,255,.85);\n  margin: 0 0 5px 0;\n}\n.lk-stays-title {\n  font-family: 'Playfair Display', Georgia, serif;\n  font-size: 24px;\n  font-weight: 700;\n  color: #fff;\n  line-height: 1.2;\n  text-shadow: 0 1px 2px rgba(0,0,0,0.1);\n  margin: 0;\n}\n.lk-stays-subtitle {\n  font-size: 13px;\n  color: rgba(255,255,255,.75);\n  margin: 4px 0 0 0;\n  font-weight: 300;\n}\n\n\/* \u2500\u2500\u2500 CARDS GRID \u2500\u2500\u2500 *\/\n.lk-stays-grid {\n  display: grid;\n  grid-template-columns: 1fr 1fr;\n  gap: 1px;\n  background: rgba(195, 159, 118, 0.12);\n}\n\n\/* \u2500\u2500\u2500 SINGLE CARD \u2500\u2500\u2500 *\/\n.lk-stay-card {\n  background: #ffffff;\n  padding: 26px;\n  display: flex;\n  flex-direction: column;\n  gap: 11px;\n  transition: all 0.3s ease;\n  text-decoration: none;\n  color: inherit;\n  position: relative;\n}\n.lk-stay-card:hover {\n  background: #fffbf5;\n  transform: translateY(-2px);\n  box-shadow: 0 8px 24px rgba(195, 159, 118, 0.18);\n  z-index: 1;\n}\n.lk-stay-card.featured {\n  background: linear-gradient(135deg, #fffdf9 0%, #fff9f0 100%);\n  box-shadow: 0 4px 16px rgba(195, 159, 118, 0.15), inset 0 1px 0 rgba(195, 159, 118, 0.1);\n}\n.lk-stay-card.featured:hover {\n  background: linear-gradient(135deg, #fffbf5 0%, #fff8ed 100%);\n  box-shadow: 0 8px 24px rgba(195, 159, 118, 0.25), inset 0 1px 0 rgba(195, 159, 118, 0.15);\n}\n\n.lk-stay-badge {\n  display: inline-flex;\n  align-items: center;\n  gap: 5px;\n  font-size: 10px;\n  font-weight: 500;\n  letter-spacing: 1.5px;\n  text-transform: uppercase;\n  padding: 5px 11px;\n  border-radius: 20px;\n  width: fit-content;\n}\n.badge-top     { background: linear-gradient(135deg, #c39f76 0%, #d4b188 100%); color: #fff; border: 1px solid #c39f76; font-weight: 600; box-shadow: 0 2px 8px rgba(195,159,118,0.3); }\n.badge-luxury  { background: rgba(195,159,118,.12); color: #c39f76; border: 1px solid rgba(195,159,118,.25); }\n.badge-boutique{ background: rgba(54,133,252,.08); color: #3685fc; border: 1px solid rgba(54,133,252,.2); }\n.badge-nature  { background: rgba(130,190,100,.1); color: #6b9c4a; border: 1px solid rgba(130,190,100,.2); }\n.badge-remote  { background: rgba(195,159,118,.12); color: #a67e50; border: 1px solid rgba(195,159,118,.25); }\n\n.lk-stay-name {\n  font-family: 'Playfair Display', Georgia, serif;\n  font-size: 18px;\n  font-weight: 700;\n  color: #111827;\n  line-height: 1.3;\n}\n.lk-stay-desc {\n  font-size: 13.5px;\n  color: #525252;\n  line-height: 1.65;\n  font-weight: 300;\n  flex: 1;\n}\n\n.lk-stay-meta {\n  display: flex;\n  align-items: center;\n  gap: 12px;\n  flex-wrap: wrap;\n  margin-top: 4px;\n}\n.lk-stay-price {\n  font-size: 13px;\n  color: #6b7280;\n}\n.lk-stay-price strong {\n  color: #c39f76;\n  font-weight: 500;\n}\n.lk-stay-stars {\n  color: #c39f76;\n  font-size: 11px;\n  letter-spacing: 1px;\n}\n\n\/* \u2500\u2500\u2500 CTA BUTTON \u2500\u2500\u2500 *\/\n.lk-stay-cta {\n  display: inline-flex;\n  align-items: center;\n  justify-content: center;\n  gap: 7px;\n  margin-top: 8px;\n  padding: 11px 20px;\n  border-radius: 8px;\n  background: linear-gradient(135deg, #3685fc 0%, #2a6fd9 100%);\n  color: #fff;\n  font-size: 13px;\n  font-weight: 500;\n  text-decoration: none;\n  letter-spacing: .3px;\n  transition: all .2s ease;\n  cursor: pointer;\n  border: none;\n  text-align: center;\n  box-shadow: 0 4px 12px rgba(54, 133, 252, 0.25);\n}\n.lk-stay-cta:hover {\n  background: linear-gradient(135deg, #2a6fd9 0%, #1e5bc4 100%);\n  transform: translateY(-1px);\n  box-shadow: 0 6px 16px rgba(54, 133, 252, 0.35);\n}\n.lk-stay-cta svg { flex-shrink: 0; }\n\n\/* \u2500\u2500\u2500 FOOTER \u2500\u2500\u2500 *\/\n.lk-stays-footer {\n  padding: 18px 36px;\n  background: linear-gradient(to bottom, #fdfaf5 0%, #f9f4ed 100%);\n  border-top: 1px solid rgba(195, 159, 118, 0.15);\n  display: flex;\n  align-items: center;\n  justify-content: space-between;\n  flex-wrap: wrap;\n  gap: 12px;\n}\n.lk-stays-footer-note {\n  font-size: 11.5px;\n  color: #6b7280;\n  font-weight: 300;\n  line-height: 1.5;\n}\n.lk-stays-footer-note a {\n  color: #c39f76;\n  text-decoration: none;\n  font-weight: 400;\n}\n.lk-stays-footer-note a:hover {\n  text-decoration: underline;\n}\n.lk-stays-all-btn {\n  display: inline-flex;\n  align-items: center;\n  gap: 6px;\n  font-size: 12.5px;\n  font-weight: 500;\n  color: #c39f76;\n  text-decoration: none;\n  border: 1px solid rgba(195, 159, 118, 0.35);\n  padding: 8px 18px;\n  border-radius: 8px;\n  transition: all .2s ease;\n}\n.lk-stays-all-btn:hover {\n  background: rgba(195, 159, 118, 0.08);\n  border-color: rgba(195, 159, 118, 0.5);\n}\n\n\/* \u2500\u2500\u2500 RESPONSIVE \u2500\u2500\u2500 *\/\n@media (max-width: 600px) {\n  .lk-stays-grid { grid-template-columns: 1fr; }\n  .lk-stays-header { padding: 24px 20px; }\n  .lk-stays-footer { padding: 16px 20px; }\n  .lk-stay-card { padding: 22px; }\n  .lk-stays-title { font-size: 20px; }\n}\n<\/style>\n\n  <!-- HEADER -->\n  <div class=\"lk-stays-header\">\n    <img decoding=\"async\" src=\"https:\/\/loudavymkrokem.cz\/wp-content\/uploads\/2026\/02\/lukas-a-lucka.jpg\" alt=\"\" style=\"width: 75px; height: 75px; border-radius: 8px; flex-shrink: 0; object-fit: cover; display: block; margin: 4px 0;\" title=\"\">\n    <div class=\"lk-stays-header-text\">\n      <div class=\"lk-stays-eyebrow\">Luk\u00e1\u0161 et Lucie recommandent<\/div>\n      <div class=\"lk-stays-title\">O\u00f9 se loger \u00e0 Strasbourg<\/div>\n      <div class=\"lk-stays-subtitle\">6 h\u00e9bergements \u2014 h\u00f4tels spa, h\u00f4tels et autres options d&rsquo;h\u00e9bergement<\/div>\n    <\/div>\n  <\/div>\n\n  <!-- CARDS -->\n  <div class=\"lk-stays-grid\">\n\n    <a class=\"lk-stay-card featured\" href=\"https:\/\/www.stay22.com\/allez\/roam?aid=lukaskonecny&#038;campaign=loudavymkrokemcz&#038;campaign=fr&#038;campaign=kde-bydlet-ve-strasburku&#038;hotelname=Cour%20du%20Corbeau%20Hotel%20Strasbourg%20MGallery&#038;address=%C5%A0trasburk%2C%20Francie\" target=\"_blank\" rel=\"nofollow noopener\">\n      <span class=\"lk-stay-badge badge-top\">\u2b50 TOP CHOIX<\/span>\n      <span class=\"lk-stay-badge badge-nature\">\u2b50 Luxe<\/span>\n      <div class=\"lk-stay-name\">Cour du Corbeau Hotel Strasbourg MGallery<\/div>\n      <div class=\"lk-stay-desc\">H\u00f4tel de luxe dans un b\u00e2timent du 16e si\u00e8cle avec une note exceptionnelle de 4,8. Belle galerie en bois et cour paisible. \u00c0 quelques minutes de la cath\u00e9drale.<\/div>\n      <div class=\"lk-stay-meta\">\n        <span class=\"lk-stay-stars\">\u2605\u2605\u2605\u2605<\/span>\n        <span class=\"lk-stay-price\">V\u00e9rifier les prix<\/span>\n      <\/div>\n      <span class=\"lk-stay-cta\">\n        <svg width=\"14\" height=\"14\" viewBox=\"0 0 24 24\" fill=\"none\" stroke=\"currentColor\" stroke-width=\"2\"><path d=\"M18 13v6a2 2 0 0 1-2 2H5a2 2 0 0 1-2-2V8a2 2 0 0 1 2-2h6\"\/><polyline points=\"15 3 21 3 21 9\"\/><line x1=\"10\" y1=\"14\" x2=\"21\" y2=\"3\"\/><\/svg>\n        V\u00e9rifier la disponibilit\u00e9\n      <\/span>\n    <\/a>\n\n    <a class=\"lk-stay-card\" href=\"https:\/\/www.stay22.com\/allez\/roam?aid=lukaskonecny&#038;campaign=loudavymkrokemcz&#038;campaign=fr&#038;campaign=kde-bydlet-ve-strasburku&#038;hotelname=Les%20Haras%20H%C3%B4tel%20by%20Stay%20Collection&#038;address=%C5%A0trasburk%2C%20Francie\" target=\"_blank\" rel=\"nofollow noopener\">\n      <span class=\"lk-stay-badge badge-nature\">\ud83c\udfe8 H\u00f4tel<\/span>\n      <div class=\"lk-stay-name\">Les Haras H\u00f4tel by Stay Collection<\/div>\n      <div class=\"lk-stay-desc\">H\u00f4tel design dans un ancien haras royal du 18e si\u00e8cle. H\u00f4tel spa avec piscine et restaurant r\u00e9put\u00e9. Note de 4,6.<\/div>\n      <div class=\"lk-stay-meta\">\n        <span class=\"lk-stay-stars\">\u2605\u2605\u2605\u2605<\/span>\n        <span class=\"lk-stay-price\">V\u00e9rifier les prix<\/span>\n      <\/div>\n      <span class=\"lk-stay-cta\">\n        <svg width=\"14\" height=\"14\" viewBox=\"0 0 24 24\" fill=\"none\" stroke=\"currentColor\" stroke-width=\"2\"><path d=\"M18 13v6a2 2 0 0 1-2 2H5a2 2 0 0 1-2-2V8a2 2 0 0 1 2-2h6\"\/><polyline points=\"15 3 21 3 21 9\"\/><line x1=\"10\" y1=\"14\" x2=\"21\" y2=\"3\"\/><\/svg>\n        V\u00e9rifier la disponibilit\u00e9\n      <\/span>\n    <\/a>\n\n    <a class=\"lk-stay-card\" href=\"https:\/\/www.stay22.com\/allez\/roam?aid=lukaskonecny&#038;campaign=loudavymkrokemcz&#038;campaign=fr&#038;campaign=kde-bydlet-ve-strasburku&#038;hotelname=Maison%20Rouge%20Strasbourg%20Hotel%20%26%20Spa&#038;address=%C5%A0trasburk%2C%20Francie\" target=\"_blank\" rel=\"nofollow noopener\">\n      <span class=\"lk-stay-badge badge-nature\">\ud83c\udfe8 H\u00f4tel<\/span>\n      <div class=\"lk-stay-name\">Maison Rouge Strasbourg Hotel &#038; Spa<\/div>\n      <div class=\"lk-stay-desc\">H\u00f4tel classique \u00e0 quelques pas de la cath\u00e9drale. Salon de petit-d\u00e9jeuner avec fresques d&rsquo;origine. Spa et bien-\u00eatre. Note de 4,5.<\/div>\n      <div class=\"lk-stay-meta\">\n        <span class=\"lk-stay-stars\">\u2605\u2605\u2605\u2605<\/span>\n        <span class=\"lk-stay-price\">V\u00e9rifier les prix<\/span>\n      <\/div>\n      <span class=\"lk-stay-cta\">\n        <svg width=\"14\" height=\"14\" viewBox=\"0 0 24 24\" fill=\"none\" stroke=\"currentColor\" stroke-width=\"2\"><path d=\"M18 13v6a2 2 0 0 1-2 2H5a2 2 0 0 1-2-2V8a2 2 0 0 1 2-2h6\"\/><polyline points=\"15 3 21 3 21 9\"\/><line x1=\"10\" y1=\"14\" x2=\"21\" y2=\"3\"\/><\/svg>\n        V\u00e9rifier la disponibilit\u00e9\n      <\/span>\n    <\/a>\n\n    <a class=\"lk-stay-card\" href=\"https:\/\/www.stay22.com\/allez\/roam?aid=lukaskonecny&#038;campaign=loudavymkrokemcz&#038;campaign=fr&#038;campaign=kde-bydlet-ve-strasburku&#038;hotelname=H%C3%B4tel%20Beaucour&#038;address=%C5%A0trasburk%2C%20Francie\" target=\"_blank\" rel=\"nofollow noopener\">\n      <span class=\"lk-stay-badge badge-nature\">\ud83c\udfe8 H\u00f4tel<\/span>\n      <div class=\"lk-stay-name\">H\u00f4tel Beaucour<\/div>\n      <div class=\"lk-stay-desc\">Maison \u00e0 colombages traditionnelle avec terrasse pittoresque. Certaines chambres avec jacuzzi priv\u00e9. Excellent rapport qualit\u00e9-prix et atmosph\u00e8re. Note de 4,6.<\/div>\n      <div class=\"lk-stay-meta\">\n        <span class=\"lk-stay-stars\">\u2605\u2605\u2605\u2605<\/span>\n        <span class=\"lk-stay-price\">V\u00e9rifier les prix<\/span>\n      <\/div>\n      <span class=\"lk-stay-cta\">\n        <svg width=\"14\" height=\"14\" viewBox=\"0 0 24 24\" fill=\"none\" stroke=\"currentColor\" stroke-width=\"2\"><path d=\"M18 13v6a2 2 0 0 1-2 2H5a2 2 0 0 1-2-2V8a2 2 0 0 1 2-2h6\"\/><polyline points=\"15 3 21 3 21 9\"\/><line x1=\"10\" y1=\"14\" x2=\"21\" y2=\"3\"\/><\/svg>\n        V\u00e9rifier la disponibilit\u00e9\n      <\/span>\n    <\/a>\n\n    <a class=\"lk-stay-card\" href=\"https:\/\/www.stay22.com\/allez\/roam?aid=lukaskonecny&#038;campaign=loudavymkrokemcz&#038;campaign=fr&#038;campaign=kde-bydlet-ve-strasburku&#038;hotelname=L%C3%89ONOR%20H%C3%B4tel%20by%20Stay%20Collection&#038;address=%C5%A0trasburk%2C%20Francie\" target=\"_blank\" rel=\"nofollow noopener\">\n      <span class=\"lk-stay-badge badge-nature\">\u2b50 Luxe<\/span>\n      <div class=\"lk-stay-name\">L\u00c9ONOR H\u00f4tel by Stay Collection<\/div>\n      <div class=\"lk-stay-desc\">Luxe design moderne dans un b\u00e2timent historique. P\u00e2tisserie et restaurant r\u00e9put\u00e9s sur place. Note de 4,7.<\/div>\n      <div class=\"lk-stay-meta\">\n        <span class=\"lk-stay-stars\">\u2605\u2605\u2605\u2605<\/span>\n        <span class=\"lk-stay-price\">V\u00e9rifier les prix<\/span>\n      <\/div>\n      <span class=\"lk-stay-cta\">\n        <svg width=\"14\" height=\"14\" viewBox=\"0 0 24 24\" fill=\"none\" stroke=\"currentColor\" stroke-width=\"2\"><path d=\"M18 13v6a2 2 0 0 1-2 2H5a2 2 0 0 1-2-2V8a2 2 0 0 1 2-2h6\"\/><polyline points=\"15 3 21 3 21 9\"\/><line x1=\"10\" y1=\"14\" x2=\"21\" y2=\"3\"\/><\/svg>\n        V\u00e9rifier la disponibilit\u00e9\n      <\/span>\n    <\/a>\n\n    <a class=\"lk-stay-card\" href=\"https:\/\/www.stay22.com\/allez\/roam?aid=lukaskonecny&#038;campaign=loudavymkrokemcz&#038;campaign=fr&#038;campaign=kde-bydlet-ve-strasburku&#038;hotelname=Hotel%20Tandem&#038;address=%C5%A0trasburk%2C%20Francie\" target=\"_blank\" rel=\"nofollow noopener\">\n      <span class=\"lk-stay-badge badge-nature\">\ud83c\udfe8 H\u00f4tel<\/span>\n      <div class=\"lk-stay-name\">Hotel Tandem<\/div>\n      <div class=\"lk-stay-desc\">H\u00f4tel boutique \u00e9cologique pr\u00e8s de la gare. Bar \u00e0 vin avec vins biodynamiques et location de v\u00e9los. Note de 4,7.<\/div>\n      <div class=\"lk-stay-meta\">\n        <span class=\"lk-stay-stars\">\u2605\u2605\u2605\u2605<\/span>\n        <span class=\"lk-stay-price\">V\u00e9rifier les prix<\/span>\n      <\/div>\n      <span class=\"lk-stay-cta\">\n        <svg width=\"14\" height=\"14\" viewBox=\"0 0 24 24\" fill=\"none\" stroke=\"currentColor\" stroke-width=\"2\"><path d=\"M18 13v6a2 2 0 0 1-2 2H5a2 2 0 0 1-2-2V8a2 2 0 0 1 2-2h6\"\/><polyline points=\"15 3 21 3 21 9\"\/><line x1=\"10\" y1=\"14\" x2=\"21\" y2=\"3\"\/><\/svg>\n        V\u00e9rifier la disponibilit\u00e9\n      <\/span>\n    <\/a>\n\n  <\/div>\n\n  \n<\/div>\n\n\n\n\n<h3 class=\"wp-block-heading\"><span class=\"ez-toc-section\" id=\"10_Hannong_Hotel_Wine_Bar\"><\/span>10. Hannong H\u00f4tel &#038; Wine Bar<span class=\"ez-toc-section-end\"><\/span><\/h3>\n\n\n\n<p class=\"wp-block-paragraph\">Cet <strong><a href=\"https:\/\/www.stay22.com\/allez\/roam?aid=lukaskonecny&#038;campaign=loudavymkrokemcz&#038;campaign=kde-bydlet-ve-strasburku&#038;hotelname=Hannong%20H%C3%B4tel%20%26%20Wine%20Bar&#038;address=%C5%A0trasburk%2C%20Francie\" target=\"_blank\" rel=\"noopener nofollow sponsored\">Hannong H\u00f4tel &#038; Wine Bar<\/a><\/strong> extr\u00eamement styl\u00e9, not\u00e9 4,5, ravira \u00e0 coup s\u00fbr tous les amateurs de bon vin, car <strong>son c\u0153ur est un fantastique bar \u00e0 vin dot\u00e9 d&rsquo;une belle terrasse sur le toit<\/strong>. L&rsquo;h\u00e9bergement se trouve \u00e0 deux pas de la populaire Petite France et offre <strong>un excellent m\u00e9lange, tr\u00e8s fin, de design moderne et d&rsquo;\u00e9l\u00e9ments historiques d&rsquo;origine<\/strong>.<\/p>\n\n\n\n<p class=\"wp-block-paragraph\">La grande fiert\u00e9 de cet h\u00f4tel est son beau salon vintage dot\u00e9 d&rsquo;une immense verri\u00e8re, o\u00f9 l&rsquo;on sert chaque matin de tr\u00e8s copieux petits-d\u00e9jeuners et o\u00f9 <strong>tu peux, dans la journ\u00e9e, t&rsquo;installer avec un bon livre et un verre d&rsquo;excellent vin d&rsquo;Alsace<\/strong>. Les chambres sont joliment a\u00e9r\u00e9es, parfaitement propres, et dot\u00e9es de lits tr\u00e8s confortables au linge de qualit\u00e9.<\/p>\n\n\n\n<p class=\"wp-block-paragraph\">L&rsquo;h\u00f4tel se situe \u00e0 une distance de marche parfaite de la gare comme du centre, tu n&rsquo;auras donc besoin d&rsquo;aucun transport en commun. Le personnel conseille avec un enthousiasme immense les vignobles des alentours \u00e0 ne surtout pas manquer.<\/p>\n\n\n\n<p class=\"wp-block-paragraph\">\ud83d\udca1 <strong>Astuce :<\/strong> R\u00e9serve ici si tu veux <strong>savourer \u00e0 pleines gorg\u00e9es des d\u00e9gustations de vins locaux de premier plan directement dans le confort de l&rsquo;h\u00f4tel<\/strong> et si tu aimes les cadres au design \u00e9l\u00e9gant et original.<\/p>\n\n\n\n<figure data-wp-context=\"{&quot;imageId&quot;:&quot;6a9c5ff22f34f&quot;}\" data-wp-interactive=\"core\/image\" data-wp-key=\"6a9c5ff22f34f\" class=\"wp-block-image size-full wp-lightbox-container\"><img decoding=\"async\" width=\"1600\" height=\"1067\" data-wp-class--hide=\"state.isContentHidden\" data-wp-class--show=\"state.isContentVisible\" data-wp-init=\"callbacks.setButtonStyles\" data-wp-on--click=\"actions.showLightbox\" data-wp-on--load=\"callbacks.setButtonStyles\" data-wp-on--pointerdown=\"actions.preloadImage\" data-wp-on--pointerenter=\"actions.preloadImageWithDelay\" data-wp-on--pointerleave=\"actions.cancelPreload\" data-wp-on-window--resize=\"callbacks.setButtonStyles\" src=\"https:\/\/loudavymkrokem.cz\/wp-content\/uploads\/2026\/09\/h-tel-gutenberg.jpg\" alt=\"H\u00f4tel Gutenberg\" class=\"wp-image-413085\" title=\"\" srcset=\"https:\/\/loudavymkrokem.cz\/wp-content\/uploads\/2026\/09\/h-tel-gutenberg.jpg 1600w, https:\/\/loudavymkrokem.cz\/wp-content\/uploads\/2026\/09\/h-tel-gutenberg-300x200.jpg 300w, https:\/\/loudavymkrokem.cz\/wp-content\/uploads\/2026\/09\/h-tel-gutenberg-700x467.jpg 700w, https:\/\/loudavymkrokem.cz\/wp-content\/uploads\/2026\/09\/h-tel-gutenberg-768x512.jpg 768w, https:\/\/loudavymkrokem.cz\/wp-content\/uploads\/2026\/09\/h-tel-gutenberg-1536x1024.jpg 1536w, https:\/\/loudavymkrokem.cz\/wp-content\/uploads\/2026\/09\/h-tel-gutenberg-696x464.jpg 696w, https:\/\/loudavymkrokem.cz\/wp-content\/uploads\/2026\/09\/h-tel-gutenberg-1392x928.jpg 1392w\" sizes=\"(max-width: 1600px) 100vw, 1600px\" \/><button\n\t\t\tclass=\"lightbox-trigger\"\n\t\t\ttype=\"button\"\n\t\t\taria-haspopup=\"dialog\"\n\t\t\tdata-wp-bind--aria-label=\"state.thisImage.triggerButtonAriaLabel\"\n\t\t\tdata-wp-init=\"callbacks.initTriggerButton\"\n\t\t\tdata-wp-on--click=\"actions.showLightbox\"\n\t\t\tdata-wp-style--right=\"state.thisImage.buttonRight\"\n\t\t\tdata-wp-style--top=\"state.thisImage.buttonTop\"\n\t\t>\n\t\t\t<svg xmlns=\"http:\/\/www.w3.org\/2000\/svg\" width=\"12\" height=\"12\" fill=\"none\" viewBox=\"0 0 12 12\">\n\t\t\t\t<path fill=\"#fff\" d=\"M2 0a2 2 0 0 0-2 2v2h1.5V2a.5.5 0 0 1 .5-.5h2V0H2Zm2 10.5H2a.5.5 0 0 1-.5-.5V8H0v2a2 2 0 0 0 2 2h2v-1.5ZM8 12v-1.5h2a.5.5 0 0 0 .5-.5V8H12v2a2 2 0 0 1-2 2H8Zm2-12a2 2 0 0 1 2 2v2h-1.5V2a.5.5 0 0 0-.5-.5H8V0h2Z\" \/>\n\t\t\t<\/svg>\n\t\t<\/button><figcaption class=\"wp-element-caption\">Photo : H\u00f4tel Gutenberg \/ Google Maps<\/figcaption><\/figure>\n\n\n\n<h3 class=\"wp-block-heading\"><span class=\"ez-toc-section\" id=\"11_Hotel_Gutenberg\"><\/span>11. H\u00f4tel Gutenberg<span class=\"ez-toc-section-end\"><\/span><\/h3>\n\n\n\n<p class=\"wp-block-paragraph\">Ce tr\u00e8s agr\u00e9able <strong><a href=\"https:\/\/www.stay22.com\/allez\/roam?aid=lukaskonecny&#038;campaign=loudavymkrokemcz&#038;campaign=kde-bydlet-ve-strasburku&#038;hotelname=H%C3%B4tel%20Gutenberg&#038;address=%C5%A0trasburk%2C%20Francie\" target=\"_blank\" rel=\"noopener nofollow sponsored\">H\u00f4tel Gutenberg<\/a><\/strong>, plut\u00f4t petit, maintient une solide note de 4,5 et se trouve \u00e0 un emplacement strat\u00e9gique <strong>\u00e0 deux pas de la cath\u00e9drale principale et de la place Gutenberg<\/strong>. Il propose des chambres plus intimistes mais d&rsquo;autant plus am\u00e9nag\u00e9es avec go\u00fbt et sens pratique, qui <strong>offrent tout le confort moderne n\u00e9cessaire pour une journ\u00e9e enti\u00e8re \u00e0 d\u00e9couvrir la ville<\/strong>.<\/p>\n\n\n\n<p class=\"wp-block-paragraph\">C&rsquo;est tout simplement un excellent choix pour celles et ceux qui veulent loger au c\u0153ur m\u00eame de l&rsquo;action, tout en <strong>cherchant un prix tr\u00e8s bon et acceptable pour un emplacement sur la tr\u00e8s ch\u00e8re Grande \u00cele<\/strong>. De certaines chambres s&rsquo;offre en plus une belle vue directement sur la fl\u00e8che de la cath\u00e9drale, ce qui donne \u00e0 l&rsquo;h\u00e9bergement une atmosph\u00e8re superbe et l&rsquo;impression d&rsquo;\u00eatre vraiment au c\u0153ur de l&rsquo;Alsace.<\/p>\n\n\n\n<p class=\"wp-block-paragraph\">Le personnel local est r\u00e9put\u00e9 pour sa disponibilit\u00e9 maximale et se fera un plaisir de te conseiller pour r\u00e9server les meilleurs restaurants alentour. Chaque matin, on sert un excellent petit-d\u00e9jeuner continental avec jus frais et parfaites viennoiseries fran\u00e7aises des boulangers locaux.<\/p>\n\n\n\n<p class=\"wp-block-paragraph\">\ud83d\udca1 <strong>Astuce :<\/strong> Id\u00e9al juste milieu pour les voyageurs qui tiennent absolument \u00e0 <strong>loger sur l&rsquo;\u00eele historique de la Grande \u00cele<\/strong>, mais qui n&rsquo;ont pas n\u00e9cessairement besoin d&rsquo;un luxe cinq \u00e9toiles.<\/p>\n\n\n\n<figure data-wp-context=\"{&quot;imageId&quot;:&quot;6a9c5ff22f8eb&quot;}\" data-wp-interactive=\"core\/image\" data-wp-key=\"6a9c5ff22f8eb\" class=\"wp-block-image size-full wp-lightbox-container\"><img decoding=\"async\" width=\"1600\" height=\"1063\" data-wp-class--hide=\"state.isContentHidden\" data-wp-class--show=\"state.isContentVisible\" data-wp-init=\"callbacks.setButtonStyles\" data-wp-on--click=\"actions.showLightbox\" data-wp-on--load=\"callbacks.setButtonStyles\" data-wp-on--pointerdown=\"actions.preloadImage\" data-wp-on--pointerenter=\"actions.preloadImageWithDelay\" data-wp-on--pointerleave=\"actions.cancelPreload\" data-wp-on-window--resize=\"callbacks.setButtonStyles\" src=\"https:\/\/loudavymkrokem.cz\/wp-content\/uploads\/2026\/09\/h-tel-rohan-strasbourg.png\" alt=\"H\u00f4tel Rohan Strasbourg\" class=\"wp-image-413091\" title=\"\" srcset=\"https:\/\/loudavymkrokem.cz\/wp-content\/uploads\/2026\/09\/h-tel-rohan-strasbourg.png 1600w, https:\/\/loudavymkrokem.cz\/wp-content\/uploads\/2026\/09\/h-tel-rohan-strasbourg-300x199.png 300w, https:\/\/loudavymkrokem.cz\/wp-content\/uploads\/2026\/09\/h-tel-rohan-strasbourg-700x465.png 700w, https:\/\/loudavymkrokem.cz\/wp-content\/uploads\/2026\/09\/h-tel-rohan-strasbourg-768x510.png 768w, https:\/\/loudavymkrokem.cz\/wp-content\/uploads\/2026\/09\/h-tel-rohan-strasbourg-1536x1020.png 1536w, https:\/\/loudavymkrokem.cz\/wp-content\/uploads\/2026\/09\/h-tel-rohan-strasbourg-696x462.png 696w, https:\/\/loudavymkrokem.cz\/wp-content\/uploads\/2026\/09\/h-tel-rohan-strasbourg-1392x925.png 1392w\" sizes=\"(max-width: 1600px) 100vw, 1600px\" \/><button\n\t\t\tclass=\"lightbox-trigger\"\n\t\t\ttype=\"button\"\n\t\t\taria-haspopup=\"dialog\"\n\t\t\tdata-wp-bind--aria-label=\"state.thisImage.triggerButtonAriaLabel\"\n\t\t\tdata-wp-init=\"callbacks.initTriggerButton\"\n\t\t\tdata-wp-on--click=\"actions.showLightbox\"\n\t\t\tdata-wp-style--right=\"state.thisImage.buttonRight\"\n\t\t\tdata-wp-style--top=\"state.thisImage.buttonTop\"\n\t\t>\n\t\t\t<svg xmlns=\"http:\/\/www.w3.org\/2000\/svg\" width=\"12\" height=\"12\" fill=\"none\" viewBox=\"0 0 12 12\">\n\t\t\t\t<path fill=\"#fff\" d=\"M2 0a2 2 0 0 0-2 2v2h1.5V2a.5.5 0 0 1 .5-.5h2V0H2Zm2 10.5H2a.5.5 0 0 1-.5-.5V8H0v2a2 2 0 0 0 2 2h2v-1.5ZM8 12v-1.5h2a.5.5 0 0 0 .5-.5V8H12v2a2 2 0 0 1-2 2H8Zm2-12a2 2 0 0 1 2 2v2h-1.5V2a.5.5 0 0 0-.5-.5H8V0h2Z\" \/>\n\t\t\t<\/svg>\n\t\t<\/button><figcaption class=\"wp-element-caption\">Photo : H\u00f4tel Rohan Strasbourg \/ Google Maps<\/figcaption><\/figure>\n\n\n\n<h3 class=\"wp-block-heading\"><span class=\"ez-toc-section\" id=\"12_Hotel_Rohan_Strasbourg\"><\/span>12. H\u00f4tel Rohan Strasbourg<span class=\"ez-toc-section-end\"><\/span><\/h3>\n\n\n\n<p class=\"wp-block-paragraph\">Autre excellent choix, juste \u00e0 c\u00f4t\u00e9 de l&rsquo;imposante cath\u00e9drale. Ce populaire <strong><a href=\"https:\/\/www.stay22.com\/allez\/roam?aid=lukaskonecny&#038;campaign=loudavymkrokemcz&#038;campaign=kde-bydlet-ve-strasburku&#038;hotelname=H%C3%B4tel%20Rohan%20Strasbourg&#038;address=%C5%A0trasburk%2C%20Francie\" target=\"_blank\" rel=\"noopener nofollow sponsored\">H\u00f4tel Rohan Strasbourg<\/a><\/strong>, not\u00e9 4,3, se distingue par <strong>une atmosph\u00e8re tr\u00e8s chaleureuse et familiale et un charme fran\u00e7ais classique et inimitable<\/strong>. Les chambres sont agr\u00e9ablement douillettes, souvent avec des vues romantiques sur les ruelles pi\u00e9tonnes pittoresques du centre historique, et offrent \u00e9tonnamment <strong>un calme total m\u00eame pendant les mois d&rsquo;\u00e9t\u00e9 et d&rsquo;hiver les plus anim\u00e9s<\/strong>.<\/p>\n\n\n\n<p class=\"wp-block-paragraph\">Le grand et inestimable avantage de cet h\u00e9bergement est <strong>son propre restaurant alsacien de qualit\u00e9<\/strong>, o\u00f9 tu peux d\u00e9guster tranquillement les sp\u00e9cialit\u00e9s locales sans avoir \u00e0 chercher une table libre ailleurs en ville, ce qui est extr\u00eamement pratique le week-end. L&#8217;emplacement est si central que tu peux revenir absolument \u00e0 tout moment de la journ\u00e9e, d\u00e9poser tes achats et te reposer un instant.<\/p>\n\n\n\n<p class=\"wp-block-paragraph\">Les int\u00e9rieurs combinent \u00e9l\u00e9ments d&rsquo;\u00e9poque traditionnels et mat\u00e9riaux modernes, et le petit-d\u00e9jeuner sous forme de buffet propose une foule de d\u00e9lices locaux de producteurs de la r\u00e9gion. Le personnel prend soin des h\u00f4tes avec une attention sinc\u00e8re et naturelle.<\/p>\n\n\n\n<p class=\"wp-block-paragraph\">\ud83d\udca1 <strong>Astuce :<\/strong> Choisis cet h\u00f4tel en toute tranquillit\u00e9 si ta plus grande priorit\u00e9 est de <strong>loger \u00e0 quelques dizaines de m\u00e8tres seulement de la majestueuse cath\u00e9drale Notre-Dame<\/strong> et d&rsquo;avoir en permanence une gastronomie locale de qualit\u00e9 \u00e0 port\u00e9e de main.<\/p>\n\n\n\n<figure data-wp-context=\"{&quot;imageId&quot;:&quot;6a9c5ff22fec5&quot;}\" data-wp-interactive=\"core\/image\" data-wp-key=\"6a9c5ff22fec5\" class=\"wp-block-image size-full wp-lightbox-container\"><img decoding=\"async\" width=\"1600\" height=\"1067\" data-wp-class--hide=\"state.isContentHidden\" data-wp-class--show=\"state.isContentVisible\" data-wp-init=\"callbacks.setButtonStyles\" data-wp-on--click=\"actions.showLightbox\" data-wp-on--load=\"callbacks.setButtonStyles\" data-wp-on--pointerdown=\"actions.preloadImage\" data-wp-on--pointerenter=\"actions.preloadImageWithDelay\" data-wp-on--pointerleave=\"actions.cancelPreload\" data-wp-on-window--resize=\"callbacks.setButtonStyles\" src=\"https:\/\/loudavymkrokem.cz\/wp-content\/uploads\/2026\/09\/hotel-de-l-europe-by-happyculture.jpg\" alt=\"H\u00f4tel de l&#039;Europe by HappyCulture\" class=\"wp-image-413096\" title=\"\" srcset=\"https:\/\/loudavymkrokem.cz\/wp-content\/uploads\/2026\/09\/hotel-de-l-europe-by-happyculture.jpg 1600w, https:\/\/loudavymkrokem.cz\/wp-content\/uploads\/2026\/09\/hotel-de-l-europe-by-happyculture-300x200.jpg 300w, https:\/\/loudavymkrokem.cz\/wp-content\/uploads\/2026\/09\/hotel-de-l-europe-by-happyculture-700x467.jpg 700w, https:\/\/loudavymkrokem.cz\/wp-content\/uploads\/2026\/09\/hotel-de-l-europe-by-happyculture-768x512.jpg 768w, https:\/\/loudavymkrokem.cz\/wp-content\/uploads\/2026\/09\/hotel-de-l-europe-by-happyculture-1536x1024.jpg 1536w, https:\/\/loudavymkrokem.cz\/wp-content\/uploads\/2026\/09\/hotel-de-l-europe-by-happyculture-696x464.jpg 696w, https:\/\/loudavymkrokem.cz\/wp-content\/uploads\/2026\/09\/hotel-de-l-europe-by-happyculture-1392x928.jpg 1392w\" sizes=\"(max-width: 1600px) 100vw, 1600px\" \/><button\n\t\t\tclass=\"lightbox-trigger\"\n\t\t\ttype=\"button\"\n\t\t\taria-haspopup=\"dialog\"\n\t\t\tdata-wp-bind--aria-label=\"state.thisImage.triggerButtonAriaLabel\"\n\t\t\tdata-wp-init=\"callbacks.initTriggerButton\"\n\t\t\tdata-wp-on--click=\"actions.showLightbox\"\n\t\t\tdata-wp-style--right=\"state.thisImage.buttonRight\"\n\t\t\tdata-wp-style--top=\"state.thisImage.buttonTop\"\n\t\t>\n\t\t\t<svg xmlns=\"http:\/\/www.w3.org\/2000\/svg\" width=\"12\" height=\"12\" fill=\"none\" viewBox=\"0 0 12 12\">\n\t\t\t\t<path fill=\"#fff\" d=\"M2 0a2 2 0 0 0-2 2v2h1.5V2a.5.5 0 0 1 .5-.5h2V0H2Zm2 10.5H2a.5.5 0 0 1-.5-.5V8H0v2a2 2 0 0 0 2 2h2v-1.5ZM8 12v-1.5h2a.5.5 0 0 0 .5-.5V8H12v2a2 2 0 0 1-2 2H8Zm2-12a2 2 0 0 1 2 2v2h-1.5V2a.5.5 0 0 0-.5-.5H8V0h2Z\" \/>\n\t\t\t<\/svg>\n\t\t<\/button><figcaption class=\"wp-element-caption\">Photo : Hotel de l&rsquo;Europe by HappyCulture \/ Google Maps<\/figcaption><\/figure>\n\n\n\n<h3 class=\"wp-block-heading\"><span class=\"ez-toc-section\" id=\"13_Hotel_de_lEurope_by_HappyCulture\"><\/span>13. Hotel de l&rsquo;Europe by HappyCulture<span class=\"ez-toc-section-end\"><\/span><\/h3>\n\n\n\n<p class=\"wp-block-paragraph\">Avec une tr\u00e8s bonne note stable de 4,3, le complexe <strong><a href=\"https:\/\/www.stay22.com\/allez\/roam?aid=lukaskonecny&#038;campaign=loudavymkrokemcz&#038;campaign=kde-bydlet-ve-strasburku&#038;hotelname=Hotel%20de%20l%27Europe%20by%20HappyCulture&#038;address=%C5%A0trasburk%2C%20Francie\" target=\"_blank\" rel=\"noopener nofollow sponsored\">Hotel de l&rsquo;Europe by HappyCulture<\/a><\/strong> propose des chambres \u00e9l\u00e9gantes et spacieuses agr\u00e9ment\u00e9es de beaux \u00e9l\u00e9ments rustiques, comme d&rsquo;anciennes poutres de bois apparentes au plafond. Il se situe dans une petite rue plus calme juste \u00e0 c\u00f4t\u00e9 de la populaire Petite France, il se trouve donc <strong>dans la partie la plus pittoresque de la ville, mais judicieusement un peu \u00e0 l&rsquo;\u00e9cart de la plus grande cohue touristique<\/strong>.<\/p>\n\n\n\n<p class=\"wp-block-paragraph\">L&rsquo;h\u00f4tel comprend un bar tr\u00e8s appr\u00e9ci\u00e9 et agr\u00e9able, o\u00f9 les clients aiment se retrouver le soir autour d&rsquo;un verre de vin, et <strong>l&rsquo;atmosph\u00e8re g\u00e9n\u00e9rale y d\u00e9gage une impression tr\u00e8s d\u00e9tendue, jeune et conviviale<\/strong>. Les petits-d\u00e9jeuners y sont bien copieux et tu te r\u00e9galeras d&rsquo;excellentes viennoiseries fra\u00eeches de boulangers locaux s\u00e9lectionn\u00e9s et de fromages de qualit\u00e9.<\/p>\n\n\n\n<p class=\"wp-block-paragraph\">Le concept de la cha\u00eene HappyCulture veille en plus \u00e0 ce que tu aies, toute la journ\u00e9e, caf\u00e9, th\u00e9 et une petite douceur gratuite \u00e0 disposition dans le lobby, un d\u00e9tail tr\u00e8s sympa apr\u00e8s une promenade en ville.<\/p>\n\n\n\n<p class=\"wp-block-paragraph\">\ud83d\udca1 <strong>Astuce :<\/strong> Choix milieu de gamme tr\u00e8s solide et fiable si tu veux <strong>vivre en personne l&rsquo;ambiance des maisons \u00e0 colombages<\/strong>, tout en ayant besoin d&rsquo;un cadre moderne et fiable pour ton s\u00e9jour.<\/p>\n\n\n\n<figure data-wp-context=\"{&quot;imageId&quot;:&quot;6a9c5ff230483&quot;}\" data-wp-interactive=\"core\/image\" data-wp-key=\"6a9c5ff230483\" class=\"wp-block-image size-full wp-lightbox-container\"><img decoding=\"async\" width=\"1600\" height=\"900\" data-wp-class--hide=\"state.isContentHidden\" data-wp-class--show=\"state.isContentVisible\" data-wp-init=\"callbacks.setButtonStyles\" data-wp-on--click=\"actions.showLightbox\" data-wp-on--load=\"callbacks.setButtonStyles\" data-wp-on--pointerdown=\"actions.preloadImage\" data-wp-on--pointerenter=\"actions.preloadImageWithDelay\" data-wp-on--pointerleave=\"actions.cancelPreload\" data-wp-on-window--resize=\"callbacks.setButtonStyles\" src=\"https:\/\/loudavymkrokem.cz\/wp-content\/uploads\/2026\/09\/logis-h-tel-au-cerf-d-or.jpg\" alt=\"Logis H\u00f4tel Au Cerf d&#039;Or\" class=\"wp-image-413101\" title=\"\" srcset=\"https:\/\/loudavymkrokem.cz\/wp-content\/uploads\/2026\/09\/logis-h-tel-au-cerf-d-or.jpg 1600w, https:\/\/loudavymkrokem.cz\/wp-content\/uploads\/2026\/09\/logis-h-tel-au-cerf-d-or-300x169.jpg 300w, https:\/\/loudavymkrokem.cz\/wp-content\/uploads\/2026\/09\/logis-h-tel-au-cerf-d-or-700x394.jpg 700w, https:\/\/loudavymkrokem.cz\/wp-content\/uploads\/2026\/09\/logis-h-tel-au-cerf-d-or-768x432.jpg 768w, https:\/\/loudavymkrokem.cz\/wp-content\/uploads\/2026\/09\/logis-h-tel-au-cerf-d-or-1536x864.jpg 1536w, https:\/\/loudavymkrokem.cz\/wp-content\/uploads\/2026\/09\/logis-h-tel-au-cerf-d-or-696x392.jpg 696w, https:\/\/loudavymkrokem.cz\/wp-content\/uploads\/2026\/09\/logis-h-tel-au-cerf-d-or-1392x783.jpg 1392w\" sizes=\"(max-width: 1600px) 100vw, 1600px\" \/><button\n\t\t\tclass=\"lightbox-trigger\"\n\t\t\ttype=\"button\"\n\t\t\taria-haspopup=\"dialog\"\n\t\t\tdata-wp-bind--aria-label=\"state.thisImage.triggerButtonAriaLabel\"\n\t\t\tdata-wp-init=\"callbacks.initTriggerButton\"\n\t\t\tdata-wp-on--click=\"actions.showLightbox\"\n\t\t\tdata-wp-style--right=\"state.thisImage.buttonRight\"\n\t\t\tdata-wp-style--top=\"state.thisImage.buttonTop\"\n\t\t>\n\t\t\t<svg xmlns=\"http:\/\/www.w3.org\/2000\/svg\" width=\"12\" height=\"12\" fill=\"none\" viewBox=\"0 0 12 12\">\n\t\t\t\t<path fill=\"#fff\" d=\"M2 0a2 2 0 0 0-2 2v2h1.5V2a.5.5 0 0 1 .5-.5h2V0H2Zm2 10.5H2a.5.5 0 0 1-.5-.5V8H0v2a2 2 0 0 0 2 2h2v-1.5ZM8 12v-1.5h2a.5.5 0 0 0 .5-.5V8H12v2a2 2 0 0 1-2 2H8Zm2-12a2 2 0 0 1 2 2v2h-1.5V2a.5.5 0 0 0-.5-.5H8V0h2Z\" \/>\n\t\t\t<\/svg>\n\t\t<\/button><figcaption class=\"wp-element-caption\">Photo : Logis H\u00f4tel Au Cerf d&rsquo;Or \/ Google Maps<\/figcaption><\/figure>\n\n\n\n<h3 class=\"wp-block-heading\"><span class=\"ez-toc-section\" id=\"14_Logis_Hotel_Au_Cerf_dOr\"><\/span>14. Logis H\u00f4tel Au Cerf d&rsquo;Or<span class=\"ez-toc-section-end\"><\/span><\/h3>\n\n\n\n<p class=\"wp-block-paragraph\">Ce charmant joyau historique, le <strong><a href=\"https:\/\/www.stay22.com\/allez\/roam?aid=lukaskonecny&#038;campaign=loudavymkrokemcz&#038;campaign=kde-bydlet-ve-strasburku&#038;hotelname=Logis%20H%C3%B4tel%20Au%20Cerf%20d%27Or&#038;address=%C5%A0trasburk%2C%20Francie\" target=\"_blank\" rel=\"noopener nofollow sponsored\">Logis H\u00f4tel Au Cerf d&rsquo;Or<\/a><\/strong> not\u00e9 4,3, occupe <strong>une maison traditionnelle du XVe si\u00e8cle magnifiquement r\u00e9nov\u00e9e<\/strong> et te transporte instantan\u00e9ment dans le temps d\u00e8s la porte. Les boiseries anciennes, le style alsacien chaleureux et traditionnel et le personnel incroyablement gentil et familial <strong>font de cet h\u00e9bergement un lieu dot\u00e9 d&rsquo;une vraie \u00e2me<\/strong>, dont tu te souviendras longtemps.<\/p>\n\n\n\n<p class=\"wp-block-paragraph\">Outre son restaurant traditionnel r\u00e9put\u00e9 et excellent, cet h\u00f4tel te surprendra aussi par <strong>un superbe spa moderne avec piscine int\u00e9rieure chauff\u00e9e<\/strong>, une grande raret\u00e9 en plein c\u0153ur historique de la ville. Tu peux ainsi allier pleinement la d\u00e9couverte des monuments en journ\u00e9e \u00e0 un vrai repos le soir, au sauna et au jacuzzi.<\/p>\n\n\n\n<p class=\"wp-block-paragraph\">Les chambres sont plut\u00f4t petites, mais incroyablement cosy et pleines de d\u00e9tails historiques qui distillent la juste romance fran\u00e7aise. Les petits-d\u00e9jeuners sont servis dans un fantastique salon en bois et proposent le meilleur des produits locaux.<\/p>\n\n\n\n<p class=\"wp-block-paragraph\">\ud83d\udca1 <strong>Astuce :<\/strong> Je recommande chaleureusement cet h\u00f4tel \u00e0 tous ceux qui <strong>aiment les b\u00e2timents historiques authentiques \u00e0 la forte histoire<\/strong> et qui appr\u00e9cieront \u00e9norm\u00e9ment de pouvoir nager dans une piscine apr\u00e8s une journ\u00e9e intense dans les rues.<\/p>\n\n\n\n<figure data-wp-context=\"{&quot;imageId&quot;:&quot;6a9c5ff2309a1&quot;}\" data-wp-interactive=\"core\/image\" data-wp-key=\"6a9c5ff2309a1\" class=\"wp-block-image size-full wp-lightbox-container\"><img decoding=\"async\" width=\"1024\" height=\"683\" data-wp-class--hide=\"state.isContentHidden\" data-wp-class--show=\"state.isContentVisible\" data-wp-init=\"callbacks.setButtonStyles\" data-wp-on--click=\"actions.showLightbox\" data-wp-on--load=\"callbacks.setButtonStyles\" data-wp-on--pointerdown=\"actions.preloadImage\" data-wp-on--pointerenter=\"actions.preloadImageWithDelay\" data-wp-on--pointerleave=\"actions.cancelPreload\" data-wp-on-window--resize=\"callbacks.setButtonStyles\" src=\"https:\/\/loudavymkrokem.cz\/wp-content\/uploads\/2026\/09\/best-western-plus-h-tel-monopole-m-tropole.jpg\" alt=\"H\u00f4tel Best Western Plus H\u00f4tel Monopole M\u00e9tropole\" class=\"wp-image-413105\" title=\"\" srcset=\"https:\/\/loudavymkrokem.cz\/wp-content\/uploads\/2026\/09\/best-western-plus-h-tel-monopole-m-tropole.jpg 1024w, https:\/\/loudavymkrokem.cz\/wp-content\/uploads\/2026\/09\/best-western-plus-h-tel-monopole-m-tropole-300x200.jpg 300w, https:\/\/loudavymkrokem.cz\/wp-content\/uploads\/2026\/09\/best-western-plus-h-tel-monopole-m-tropole-700x467.jpg 700w, https:\/\/loudavymkrokem.cz\/wp-content\/uploads\/2026\/09\/best-western-plus-h-tel-monopole-m-tropole-768x512.jpg 768w, https:\/\/loudavymkrokem.cz\/wp-content\/uploads\/2026\/09\/best-western-plus-h-tel-monopole-m-tropole-696x464.jpg 696w\" sizes=\"(max-width: 1024px) 100vw, 1024px\" \/><button\n\t\t\tclass=\"lightbox-trigger\"\n\t\t\ttype=\"button\"\n\t\t\taria-haspopup=\"dialog\"\n\t\t\tdata-wp-bind--aria-label=\"state.thisImage.triggerButtonAriaLabel\"\n\t\t\tdata-wp-init=\"callbacks.initTriggerButton\"\n\t\t\tdata-wp-on--click=\"actions.showLightbox\"\n\t\t\tdata-wp-style--right=\"state.thisImage.buttonRight\"\n\t\t\tdata-wp-style--top=\"state.thisImage.buttonTop\"\n\t\t>\n\t\t\t<svg xmlns=\"http:\/\/www.w3.org\/2000\/svg\" width=\"12\" height=\"12\" fill=\"none\" viewBox=\"0 0 12 12\">\n\t\t\t\t<path fill=\"#fff\" d=\"M2 0a2 2 0 0 0-2 2v2h1.5V2a.5.5 0 0 1 .5-.5h2V0H2Zm2 10.5H2a.5.5 0 0 1-.5-.5V8H0v2a2 2 0 0 0 2 2h2v-1.5ZM8 12v-1.5h2a.5.5 0 0 0 .5-.5V8H12v2a2 2 0 0 1-2 2H8Zm2-12a2 2 0 0 1 2 2v2h-1.5V2a.5.5 0 0 0-.5-.5H8V0h2Z\" \/>\n\t\t\t<\/svg>\n\t\t<\/button><figcaption class=\"wp-element-caption\">Photo : Best Western Plus H\u00f4tel Monopole M\u00e9tropole \/ Google Maps<\/figcaption><\/figure>\n\n\n\n<h3 class=\"wp-block-heading\"><span class=\"ez-toc-section\" id=\"15_Best_Western_Plus_Hotel_Monopole_Metropole\"><\/span>15. Best Western Plus H\u00f4tel Monopole M\u00e9tropole<span class=\"ez-toc-section-end\"><\/span><\/h3>\n\n\n\n<p class=\"wp-block-paragraph\">Si tu cherches une fiabilit\u00e9 \u00e0 cent pour cent avec une excellente note de 4,5 \u00e0 proximit\u00e9 imm\u00e9diate de la gare principale, le <strong><a href=\"https:\/\/www.stay22.com\/allez\/roam?aid=lukaskonecny&#038;campaign=loudavymkrokemcz&#038;campaign=kde-bydlet-ve-strasburku&#038;hotelname=Best%20Western%20Plus%20H%C3%B4tel%20Monopole%20M%C3%A9tropole&#038;address=%C5%A0trasburk%2C%20Francie\" target=\"_blank\" rel=\"noopener nofollow sponsored\">Best Western Plus H\u00f4tel Monopole M\u00e9tropole<\/a><\/strong> est une valeur s\u00fbre dans sa gamme de prix. L&rsquo;h\u00f4tel maintient le standard \u00e9lev\u00e9 et pr\u00e9visible d&rsquo;une grande cha\u00eene, mais <strong>offre en m\u00eame temps un caract\u00e8re unique et singulier gr\u00e2ce \u00e0 un beau salon cocktail<\/strong> avec chemin\u00e9e et \u00e0 de nombreuses \u0153uvres d&rsquo;art r\u00e9parties dans les int\u00e9rieurs.<\/p>\n\n\n\n<p class=\"wp-block-paragraph\">Tous les clients ont \u00e0 disposition une salle de fitness moderne bien \u00e9quip\u00e9e et surtout <strong>des chambres exceptionnellement spacieuses, parfaitement propres, avec les lits les plus confortables<\/strong>. Tu rejoins le centre historique et les bras de la rivi\u00e8re par une promenade agr\u00e9able et plate en moins de dix minutes, ce qui en fait une base excellente et pratique pour ton s\u00e9jour.<\/p>\n\n\n\n<p class=\"wp-block-paragraph\">Le copieux petit-d\u00e9jeuner offre un immense choix de tout, des fruits frais aux \u0153ufs en passant par les fromages locaux. Le personnel de la r\u00e9ception est au top et te fournit toujours volontiers cartes, id\u00e9es d&rsquo;excursions ou tickets de transport.<\/p>\n\n\n\n<p class=\"wp-block-paragraph\">\ud83d\udca1 <strong>Astuce :<\/strong> Choix parfait pour celles et ceux qui <strong>veulent un prix tr\u00e8s raisonnable, une qualit\u00e9 \u00e9lev\u00e9e garantie et un excellent acc\u00e8s<\/strong> aussi bien aux liaisons ferroviaires qu&rsquo;aux principaux monuments du centre.<\/p>\n\n\n\n<figure data-wp-context=\"{&quot;imageId&quot;:&quot;6a9c5ff230ef7&quot;}\" data-wp-interactive=\"core\/image\" data-wp-key=\"6a9c5ff230ef7\" class=\"wp-block-image size-full wp-lightbox-container\"><img decoding=\"async\" width=\"1600\" height=\"900\" data-wp-class--hide=\"state.isContentHidden\" data-wp-class--show=\"state.isContentVisible\" data-wp-init=\"callbacks.setButtonStyles\" data-wp-on--click=\"actions.showLightbox\" data-wp-on--load=\"callbacks.setButtonStyles\" data-wp-on--pointerdown=\"actions.preloadImage\" data-wp-on--pointerenter=\"actions.preloadImageWithDelay\" data-wp-on--pointerleave=\"actions.cancelPreload\" data-wp-on-window--resize=\"callbacks.setButtonStyles\" src=\"https:\/\/loudavymkrokem.cz\/wp-content\/uploads\/2026\/09\/h-tel-arok.jpg\" alt=\"H\u00f4tel Arok\" class=\"wp-image-413109\" title=\"\" srcset=\"https:\/\/loudavymkrokem.cz\/wp-content\/uploads\/2026\/09\/h-tel-arok.jpg 1600w, https:\/\/loudavymkrokem.cz\/wp-content\/uploads\/2026\/09\/h-tel-arok-300x169.jpg 300w, https:\/\/loudavymkrokem.cz\/wp-content\/uploads\/2026\/09\/h-tel-arok-700x394.jpg 700w, https:\/\/loudavymkrokem.cz\/wp-content\/uploads\/2026\/09\/h-tel-arok-768x432.jpg 768w, https:\/\/loudavymkrokem.cz\/wp-content\/uploads\/2026\/09\/h-tel-arok-1536x864.jpg 1536w, https:\/\/loudavymkrokem.cz\/wp-content\/uploads\/2026\/09\/h-tel-arok-696x392.jpg 696w, https:\/\/loudavymkrokem.cz\/wp-content\/uploads\/2026\/09\/h-tel-arok-1392x783.jpg 1392w\" sizes=\"(max-width: 1600px) 100vw, 1600px\" \/><button\n\t\t\tclass=\"lightbox-trigger\"\n\t\t\ttype=\"button\"\n\t\t\taria-haspopup=\"dialog\"\n\t\t\tdata-wp-bind--aria-label=\"state.thisImage.triggerButtonAriaLabel\"\n\t\t\tdata-wp-init=\"callbacks.initTriggerButton\"\n\t\t\tdata-wp-on--click=\"actions.showLightbox\"\n\t\t\tdata-wp-style--right=\"state.thisImage.buttonRight\"\n\t\t\tdata-wp-style--top=\"state.thisImage.buttonTop\"\n\t\t>\n\t\t\t<svg xmlns=\"http:\/\/www.w3.org\/2000\/svg\" width=\"12\" height=\"12\" fill=\"none\" viewBox=\"0 0 12 12\">\n\t\t\t\t<path fill=\"#fff\" d=\"M2 0a2 2 0 0 0-2 2v2h1.5V2a.5.5 0 0 1 .5-.5h2V0H2Zm2 10.5H2a.5.5 0 0 1-.5-.5V8H0v2a2 2 0 0 0 2 2h2v-1.5ZM8 12v-1.5h2a.5.5 0 0 0 .5-.5V8H12v2a2 2 0 0 1-2 2H8Zm2-12a2 2 0 0 1 2 2v2h-1.5V2a.5.5 0 0 0-.5-.5H8V0h2Z\" \/>\n\t\t\t<\/svg>\n\t\t<\/button><figcaption class=\"wp-element-caption\">Photo : Guenter Ditzel \/ Google Maps<\/figcaption><\/figure>\n\n\n\n<h3 class=\"wp-block-heading\"><span class=\"ez-toc-section\" id=\"16_Hotel_Arok\"><\/span>16. H\u00f4tel Arok<span class=\"ez-toc-section-end\"><\/span><\/h3>\n\n\n\n<p class=\"wp-block-paragraph\">Ce tr\u00e8s styl\u00e9 <strong><a href=\"https:\/\/www.stay22.com\/allez\/roam?aid=lukaskonecny&#038;campaign=loudavymkrokemcz&#038;campaign=kde-bydlet-ve-strasburku&#038;hotelname=H%C3%B4tel%20Arok&#038;address=%C5%A0trasburk%2C%20Francie\" target=\"_blank\" rel=\"noopener nofollow sponsored\">H\u00f4tel Arok<\/a><\/strong> pr\u00e8s de la gare principale, avec une superbe note de 4,6, vise surtout les voyageurs plus jeunes et les nomades num\u00e9riques. D\u00e8s l&rsquo;arriv\u00e9e, il t&rsquo;intrigue par <strong>son design non conventionnel, ludique et tr\u00e8s color\u00e9<\/strong>, qui traverse tout le b\u00e2timent. D\u00e8s le hall d&rsquo;entr\u00e9e, tu trouves <strong>une belle biblioth\u00e8que et un spacieux salon arty avec bar<\/strong>, qui fonctionne en journ\u00e9e comme un espace de coworking extr\u00eamement agr\u00e9able pour ceux qui ont besoin d&rsquo;ouvrir leur ordinateur un moment.<\/p>\n\n\n\n<p class=\"wp-block-paragraph\">Les chambres sont certes un peu plus petites, mais am\u00e9nag\u00e9es avec beaucoup d&rsquo;intelligence et de sens pratique, parfaitement propres, et <strong>il ne leur manque aucune technologie moderne<\/strong> n\u00e9cessaire \u00e0 un s\u00e9jour confortable. Une salle de fitness plus petite mais tr\u00e8s bien \u00e9quip\u00e9e est aussi \u00e0 la disposition de tous les clients pour un \u00e9tirement matinal. Le petit-d\u00e9jeuner en buffet propose une foule d&rsquo;options saines et fra\u00eeches, dont d&rsquo;excellentes viennoiseries compl\u00e8tes et des fromages locaux.<\/p>\n\n\n\n<p class=\"wp-block-paragraph\">L&#8217;emplacement juste devant la gare signifie qu&rsquo;\u00e0 la descente du train tu poses directement tes valises dans ta chambre, qu&rsquo;en dix minutes \u00e0 pied tu admires le c\u0153ur historique et que l&rsquo;arr\u00eat de tramway juste devant l&rsquo;h\u00f4tel te conduit sans souci dans le reste de la m\u00e9tropole.<\/p>\n\n\n\n<p class=\"wp-block-paragraph\">\ud83d\udca1 <strong>Astuce :<\/strong> L&rsquo;Arok est tout simplement id\u00e9al pour les couples comme pour les voyageurs solo, qui pr\u00e9f\u00e8rent <strong>une atmosph\u00e8re d\u00e9contract\u00e9e et tr\u00e8s moderne<\/strong> et qui veulent loger dans un cadre styl\u00e9 \u00e0 proximit\u00e9 imm\u00e9diate de la gare.<\/p>\n\n\n\n<figure data-wp-context=\"{&quot;imageId&quot;:&quot;6a9c5ff231423&quot;}\" data-wp-interactive=\"core\/image\" data-wp-key=\"6a9c5ff231423\" class=\"wp-block-image size-full wp-lightbox-container\"><img decoding=\"async\" width=\"1592\" height=\"1063\" data-wp-class--hide=\"state.isContentHidden\" data-wp-class--show=\"state.isContentVisible\" data-wp-init=\"callbacks.setButtonStyles\" data-wp-on--click=\"actions.showLightbox\" data-wp-on--load=\"callbacks.setButtonStyles\" data-wp-on--pointerdown=\"actions.preloadImage\" data-wp-on--pointerenter=\"actions.preloadImageWithDelay\" data-wp-on--pointerleave=\"actions.cancelPreload\" data-wp-on-window--resize=\"callbacks.setButtonStyles\" src=\"https:\/\/loudavymkrokem.cz\/wp-content\/uploads\/2026\/09\/ciarus.jpg\" alt=\"Auberge Ciarus\" class=\"wp-image-413113\" title=\"\" srcset=\"https:\/\/loudavymkrokem.cz\/wp-content\/uploads\/2026\/09\/ciarus.jpg 1592w, https:\/\/loudavymkrokem.cz\/wp-content\/uploads\/2026\/09\/ciarus-300x200.jpg 300w, https:\/\/loudavymkrokem.cz\/wp-content\/uploads\/2026\/09\/ciarus-700x467.jpg 700w, https:\/\/loudavymkrokem.cz\/wp-content\/uploads\/2026\/09\/ciarus-768x513.jpg 768w, https:\/\/loudavymkrokem.cz\/wp-content\/uploads\/2026\/09\/ciarus-1536x1026.jpg 1536w, https:\/\/loudavymkrokem.cz\/wp-content\/uploads\/2026\/09\/ciarus-696x465.jpg 696w, https:\/\/loudavymkrokem.cz\/wp-content\/uploads\/2026\/09\/ciarus-1392x929.jpg 1392w\" sizes=\"(max-width: 1592px) 100vw, 1592px\" \/><button\n\t\t\tclass=\"lightbox-trigger\"\n\t\t\ttype=\"button\"\n\t\t\taria-haspopup=\"dialog\"\n\t\t\tdata-wp-bind--aria-label=\"state.thisImage.triggerButtonAriaLabel\"\n\t\t\tdata-wp-init=\"callbacks.initTriggerButton\"\n\t\t\tdata-wp-on--click=\"actions.showLightbox\"\n\t\t\tdata-wp-style--right=\"state.thisImage.buttonRight\"\n\t\t\tdata-wp-style--top=\"state.thisImage.buttonTop\"\n\t\t>\n\t\t\t<svg xmlns=\"http:\/\/www.w3.org\/2000\/svg\" width=\"12\" height=\"12\" fill=\"none\" viewBox=\"0 0 12 12\">\n\t\t\t\t<path fill=\"#fff\" d=\"M2 0a2 2 0 0 0-2 2v2h1.5V2a.5.5 0 0 1 .5-.5h2V0H2Zm2 10.5H2a.5.5 0 0 1-.5-.5V8H0v2a2 2 0 0 0 2 2h2v-1.5ZM8 12v-1.5h2a.5.5 0 0 0 .5-.5V8H12v2a2 2 0 0 1-2 2H8Zm2-12a2 2 0 0 1 2 2v2h-1.5V2a.5.5 0 0 0-.5-.5H8V0h2Z\" \/>\n\t\t\t<\/svg>\n\t\t<\/button><figcaption class=\"wp-element-caption\">Photo : Ciarus \/ Google Maps<\/figcaption><\/figure>\n\n\n\n<h3 class=\"wp-block-heading\"><span class=\"ez-toc-section\" id=\"17_Ciarus\"><\/span>17. Ciarus<span class=\"ez-toc-section-end\"><\/span><\/h3>\n\n\n\n<p class=\"wp-block-paragraph\">Cette l\u00e9gendaire auberge strasbourgeoise, le <strong><a href=\"https:\/\/www.stay22.com\/allez\/roam?aid=lukaskonecny&#038;campaign=loudavymkrokemcz&#038;campaign=kde-bydlet-ve-strasburku&#038;hotelname=Ciarus&#038;address=%C5%A0trasburk%2C%20Francie\" target=\"_blank\" rel=\"noopener nofollow sponsored\">Ciarus<\/a><\/strong>, avec une solide note de 4,0, prouve clairement que <strong>m\u00eame un voyage \u00e0 petit budget peut \u00eatre tr\u00e8s confortable et styl\u00e9 dans cette m\u00e9tropole ch\u00e8re<\/strong>. Elle propose en effet non seulement des dortoirs partag\u00e9s classiques et propres, mais aussi de belles chambres priv\u00e9es am\u00e9nag\u00e9es avec modernit\u00e9, avec salle de bain, d&rsquo;un standard \u00e9tonnamment \u00e9lev\u00e9. Elle satisfera ainsi sans probl\u00e8me m\u00eame les routards et les couples les plus exigeants qui veulent \u00e9conomiser sur l&rsquo;h\u00e9bergement.<\/p>\n\n\n\n<p class=\"wp-block-paragraph\">Elle se situe \u00e0 une distance de marche tr\u00e8s confortable du centre historique et <strong>abrite un excellent restaurant self-service et un bar en soir\u00e9e<\/strong>, o\u00f9 tu fais tr\u00e8s facilement connaissance avec d&rsquo;autres voyageurs du monde entier dans le m\u00eame \u00e9tat d&rsquo;esprit. Sont aussi \u00e0 disposition de spacieuses salles communes avec billard et une terrasse ext\u00e9rieure qui, en \u00e9t\u00e9, invite carr\u00e9ment aux soir\u00e9es.<\/p>\n\n\n\n<p class=\"wp-block-paragraph\">C&rsquo;est tout simplement le choix id\u00e9al pour ceux qui n&rsquo;ont pas besoin du luxe d&rsquo;un h\u00f4tel mais exigent une propret\u00e9 irr\u00e9prochable, un wifi fiable et un cadre international convivial, la r\u00e9ception ouverte 24 h\/24 avec un personnel pr\u00eat \u00e0 conseiller les excursions venant parfaire le tableau.<\/p>\n\n\n\n<p class=\"wp-block-paragraph\">\ud83d\udca1 <strong>Astuce :<\/strong> Si tu cherches <strong>le budget le plus bas possible \u00e0 une distance de marche confortable du centre<\/strong>, cette auberge moderne aux excellents \u00e9quipements ne te d\u00e9cevra certainement pas.<\/p>\n\n\n\n<figure data-wp-context=\"{&quot;imageId&quot;:&quot;6a9c5ff23199c&quot;}\" data-wp-interactive=\"core\/image\" data-wp-key=\"6a9c5ff23199c\" class=\"wp-block-image size-full wp-lightbox-container\"><img decoding=\"async\" width=\"1600\" height=\"858\" data-wp-class--hide=\"state.isContentHidden\" data-wp-class--show=\"state.isContentVisible\" data-wp-init=\"callbacks.setButtonStyles\" data-wp-on--click=\"actions.showLightbox\" data-wp-on--load=\"callbacks.setButtonStyles\" data-wp-on--pointerdown=\"actions.preloadImage\" data-wp-on--pointerenter=\"actions.preloadImageWithDelay\" data-wp-on--pointerleave=\"actions.cancelPreload\" data-wp-on-window--resize=\"callbacks.setButtonStyles\" src=\"https:\/\/loudavymkrokem.cz\/wp-content\/uploads\/2026\/09\/ch-teau-de-pourtal-s.jpg\" alt=\"Ch\u00e2teau de Pourtal\u00e8s\" class=\"wp-image-413119\" title=\"\" srcset=\"https:\/\/loudavymkrokem.cz\/wp-content\/uploads\/2026\/09\/ch-teau-de-pourtal-s.jpg 1600w, https:\/\/loudavymkrokem.cz\/wp-content\/uploads\/2026\/09\/ch-teau-de-pourtal-s-300x161.jpg 300w, https:\/\/loudavymkrokem.cz\/wp-content\/uploads\/2026\/09\/ch-teau-de-pourtal-s-700x375.jpg 700w, https:\/\/loudavymkrokem.cz\/wp-content\/uploads\/2026\/09\/ch-teau-de-pourtal-s-768x412.jpg 768w, https:\/\/loudavymkrokem.cz\/wp-content\/uploads\/2026\/09\/ch-teau-de-pourtal-s-1536x824.jpg 1536w, https:\/\/loudavymkrokem.cz\/wp-content\/uploads\/2026\/09\/ch-teau-de-pourtal-s-696x373.jpg 696w, https:\/\/loudavymkrokem.cz\/wp-content\/uploads\/2026\/09\/ch-teau-de-pourtal-s-1392x746.jpg 1392w\" sizes=\"(max-width: 1600px) 100vw, 1600px\" \/><button\n\t\t\tclass=\"lightbox-trigger\"\n\t\t\ttype=\"button\"\n\t\t\taria-haspopup=\"dialog\"\n\t\t\tdata-wp-bind--aria-label=\"state.thisImage.triggerButtonAriaLabel\"\n\t\t\tdata-wp-init=\"callbacks.initTriggerButton\"\n\t\t\tdata-wp-on--click=\"actions.showLightbox\"\n\t\t\tdata-wp-style--right=\"state.thisImage.buttonRight\"\n\t\t\tdata-wp-style--top=\"state.thisImage.buttonTop\"\n\t\t>\n\t\t\t<svg xmlns=\"http:\/\/www.w3.org\/2000\/svg\" width=\"12\" height=\"12\" fill=\"none\" viewBox=\"0 0 12 12\">\n\t\t\t\t<path fill=\"#fff\" d=\"M2 0a2 2 0 0 0-2 2v2h1.5V2a.5.5 0 0 1 .5-.5h2V0H2Zm2 10.5H2a.5.5 0 0 1-.5-.5V8H0v2a2 2 0 0 0 2 2h2v-1.5ZM8 12v-1.5h2a.5.5 0 0 0 .5-.5V8H12v2a2 2 0 0 1-2 2H8Zm2-12a2 2 0 0 1 2 2v2h-1.5V2a.5.5 0 0 0-.5-.5H8V0h2Z\" \/>\n\t\t\t<\/svg>\n\t\t<\/button><figcaption class=\"wp-element-caption\">Photo : Ch\u00e2teau de Pourtal\u00e8s \/ Google Maps<\/figcaption><\/figure>\n\n\n\n<h3 class=\"wp-block-heading\"><span class=\"ez-toc-section\" id=\"18_Chateau_de_Pourtales\"><\/span>18. Ch\u00e2teau de Pourtal\u00e8s<span class=\"ez-toc-section-end\"><\/span><\/h3>\n\n\n\n<p class=\"wp-block-paragraph\">Avec une superbe note de 4,5 sur plus de deux mille avis, ce magnifique petit ch\u00e2teau r\u00e9nov\u00e9, le <strong><a href=\"https:\/\/www.stay22.com\/allez\/roam?aid=lukaskonecny&#038;campaign=loudavymkrokemcz&#038;campaign=kde-bydlet-ve-strasburku&#038;hotelname=Ch%C3%A2teau%20de%20Pourtal%C3%A8s&#038;address=%C5%A0trasburk%2C%20Francie\" target=\"_blank\" rel=\"noopener nofollow sponsored\">Ch\u00e2teau de Pourtal\u00e8s<\/a><\/strong> du d\u00e9but du XVIIIe si\u00e8cle, offre quelque chose de tout \u00e0 fait diff\u00e9rent du reste des h\u00f4tels classiques du centre. Il se trouve dans le paisible quartier de la Robertsau, un peu en dehors de la ville, entour\u00e9 de toutes parts par la verdure profonde d&rsquo;un vaste parc, et <strong>offre \u00e0 ses h\u00f4tes m\u00eame un spa priv\u00e9 et son propre court de tennis<\/strong> pour un repos actif.<\/p>\n\n\n\n<p class=\"wp-block-paragraph\">Le copieux petit-d\u00e9jeuner est ici toujours inclus dans le prix de base de l&rsquo;h\u00e9bergement et <strong>les chambres respirent une authentique atmosph\u00e8re aristocratique<\/strong>, si bien que tu te sentiras comme dans une vraie demeure de campagne fran\u00e7aise. Tu peux en plus choisir entre des chambres plus traditionnelles directement dans le b\u00e2timent historique du ch\u00e2teau et des chambres plus modernes dans la d\u00e9pendance attenante.<\/p>\n\n\n\n<p class=\"wp-block-paragraph\">N&rsquo;oublie cependant pas un point cl\u00e9 : depuis ici, tu dois te rendre au centre historique. Tu le fais certes facilement en tramway tout proche ou \u00e0 v\u00e9lo de location, mais l&#8217;emplacement convient surtout aux automobilistes, qui veulent la tranquillit\u00e9 c\u00f4t\u00e9 stationnement et profiter, le soir, du silence total de l&rsquo;immense parc du ch\u00e2teau.<\/p>\n\n\n\n<p class=\"wp-block-paragraph\">\ud83d\udca1 <strong>Astuce :<\/strong> Excellent choix romantique pour celles et ceux <strong>qui viennent en Alsace avec leur propre voiture et veulent loger dans une verdure apaisante<\/strong>, tout en pouvant rejoindre la ville \u00e0 tout moment et confortablement en transports en commun.<\/p>\n\n\n\n<h2 class=\"wp-block-heading\"><span class=\"ez-toc-section\" id=\"Comment_choisir_le_bon_hotel\"><\/span>Comment choisir le bon h\u00f4tel<span class=\"ez-toc-section-end\"><\/span><\/h2>\n\n\n\n<p class=\"wp-block-paragraph\">Pour d\u00e9cider de l&rsquo;h\u00e9bergement id\u00e9al, le r\u00f4le principal revient \u00e0 ton budget, \u00e0 la date pr\u00e9cise du voyage et surtout \u00e0 ton mode de transport. Si tu <strong>voyages en famille et que tu as une voiture<\/strong>, \u00e7a n&rsquo;a aucun sens de payer des sommes \u00e9normes pour des h\u00f4tels hors de prix directement sur la Grande \u00cele (se garer dans les ruelles \u00e9troites est un vrai cauchemar). Il est bien plus malin de choisir des quartiers plus calmes au-del\u00e0 du c\u0153ur, ou carr\u00e9ment un ch\u00e2teau en p\u00e9riph\u00e9rie, et d&rsquo;<strong>utiliser le syst\u00e8me urbain astucieux <a href=\"https:\/\/www.cts-strasbourg.eu\/en\/getting-around\/park-and-ride\/\" rel=\"nofollow noopener\" target=\"_blank\">Park &#038; Ride<\/a><\/strong>. Gr\u00e2ce \u00e0 lui, tu paies une somme d\u00e9risoire pour le parking, et tout l&rsquo;\u00e9quipage de la voiture obtient, avec le stationnement, un billet aller-retour de tram vers le centre, ce qui t&rsquo;\u00e9conomise beaucoup d&rsquo;argent et de nerfs.<\/p>\n\n\n\n<p class=\"wp-block-paragraph\">Pour les couples romantiques qui, au contraire, arrivent en train et veulent seulement admirer sans soucis la beaut\u00e9 des ruelles historiques, <strong>le meilleur choix est la f\u00e9erique Petite France ou les abords imm\u00e9diats de l&rsquo;imposante cath\u00e9drale<\/strong>. L\u00e0, tu profites pleinement de la superbe atmosph\u00e8re de la vieille ville, avec tous les monuments juste derri\u00e8re la porte. Mais <strong>pr\u00e9pare-toi \u00e0 payer un suppl\u00e9ment tr\u00e8s net pour cet emplacement exclusif au c\u0153ur de l&rsquo;action<\/strong>, surtout pendant la haute saison estivale et hivernale.<\/p>\n\n\n\n<p class=\"wp-block-paragraph\">Si ce qui t&rsquo;int\u00e9resse par-dessus tout, c&rsquo;est <strong>le meilleur rapport qualit\u00e9-prix, cherche un h\u00e9bergement surtout autour de la gare<\/strong> (quartier Gare) ou dans le quartier \u00e9tudiant plus calme de la Krutenau. Tu rejoins le centre \u00e0 pied en dix \u00e0 quinze agr\u00e9ables minutes le long de l&rsquo;eau, mais <strong>les prix y sont 30 \u00e0 40 % plus bas que sur l&rsquo;\u00eele<\/strong>, ce qui, sur un s\u00e9jour de plusieurs jours, fait une \u00e9norme diff\u00e9rence dans le budget.<\/p>\n\n\n\n<p class=\"wp-block-paragraph\">\u26a0\ufe0f Fais toutefois tr\u00e8s attention aux noms all\u00e9chants lors de ton choix. <strong>Le mot \u00ab Strasbourg \u00bb dans le nom d&rsquo;un h\u00f4tel ne signifie pas automatiquement que tu dormiras au centre<\/strong>. Par exemple, l&rsquo;<em>Hotel Strasbourg Montagne Verte<\/em> se trouve assez loin en dehors de la ville. De m\u00eame, v\u00e9rifie toujours soigneusement les vrais avis des autres voyageurs. Par exemple, le <em>City R\u00e9sidence Access Strasbourg<\/em> n&rsquo;a qu&rsquo;une note de 3,2, ce qui est tr\u00e8s faible pour la capitale alsacienne, et le <em>ibis Strasbourg Centre Petite France<\/em> de la cha\u00eene n&rsquo;atteint qu&rsquo;un 3,8, la <strong>note la plus basse de tous les h\u00f4tels de cha\u00eene du c\u0153ur historique<\/strong> (son nom sonne tout simplement bien mieux que la r\u00e9alit\u00e9 sur place).<\/p>\n\n\n\n<h2 class=\"wp-block-heading\"><span class=\"ez-toc-section\" id=\"Pour_aller_plus_loin\"><\/span>Pour aller plus loin<span class=\"ez-toc-section-end\"><\/span><\/h2>\n\n\n\n<p class=\"wp-block-paragraph\">Une fois ton h\u00e9bergement r\u00e9gl\u00e9, d&rsquo;autres infos pratiques te seront s\u00fbrement utiles pour planifier ton voyage. J&rsquo;ai pr\u00e9par\u00e9 pour toi <strong>des guides d\u00e9taill\u00e9s qui t&rsquo;aideront \u00e0 d\u00e9couvrir les plus grandes beaut\u00e9s de la r\u00e9gion<\/strong> sans stress inutile.<\/p>\n\n\n\n<p class=\"wp-block-paragraph\">Lis l&rsquo;article <a href=\"https:\/\/loudavymkrokem.cz\/fr\/strasbourg-france-visiter\/\">Que voir \u00e0 Strasbourg<\/a>, o\u00f9 tu trouveras des id\u00e9es sur les plus beaux monuments et lieux \u00e0 ne pas manquer lors d&rsquo;une premi\u00e8re visite. Si tu pars en hiver, ne rate pas le guide <a href=\"https:\/\/loudavymkrokem.cz\/fr\/marches-noel-strasbourg-dates\/\">March\u00e9s de No\u00ebl de Strasbourg<\/a>, qui te <strong>pr\u00e9parera parfaitement \u00e0 la folie de l&rsquo;Avent et te conseillera quelles foules \u00e9viter<\/strong>.<\/p>\n\n\n\n<p class=\"wp-block-paragraph\">Pour celles et ceux qui veulent aussi partir hors des portes de la m\u00e9tropole, je recommande chaleureusement l&rsquo;article <a href=\"https:\/\/loudavymkrokem.cz\/fr\/route-vins-alsace-villages\/\">La Route des vins d&rsquo;Alsace : 12 plus beaux villages<\/a>, car <strong>l&rsquo;Alsace est tout simplement une r\u00e9gion f\u00e9erique pleine de vignes et de maisons \u00e0 colombages<\/strong>. Le guide de la pittoresque petite ville de <a href=\"https:\/\/loudavymkrokem.cz\/fr\/colmar-francia\/\">Colmar, en France<\/a> te donnera aussi une excellente inspiration, tout comme notre grand <a href=\"https:\/\/loudavymkrokem.cz\/fr\/road-trip-france-itineraire-14-jours\/\">Road trip en France : itin\u00e9raire de 14 jours<\/a>, si tu <strong>pr\u00e9vois un voyage plus long en voiture et veux voir le meilleur du pays<\/strong>.<\/p>\n\n\n\n<h2 class=\"wp-block-heading\"><span class=\"ez-toc-section\" id=\"Foire_aux_questions\"><\/span>Foire aux questions<span class=\"ez-toc-section-end\"><\/span><\/h2>\n\n\n\n<p class=\"wp-block-paragraph\">Il te reste encore des doutes avant ton voyage dans la capitale alsacienne ? Nous avons rassembl\u00e9 pour toi les r\u00e9ponses aux questions les plus fr\u00e9quentes, pour faciliter ta planification.<\/p>\n\n\n<div id=\"rank-math-faq\" class=\"rank-math-block\">\n<div class=\"rank-math-list \">\n<div id=\"faq-question-1788283127000\" class=\"rank-math-list-item\">\n<h3 class=\"rank-math-question \"><span class=\"ez-toc-section\" id=\"Quelle_est_la_meilleure_periode_pour_reserver_un_hotel_pour_les_marches_de_Noel\"><\/span>Quelle est la meilleure p\u00e9riode pour r\u00e9server un h\u00f4tel pour les march\u00e9s de No\u00ebl ?<span class=\"ez-toc-section-end\"><\/span><\/h3>\n<div class=\"rank-math-answer \">\n\n<p>Si vous souhaitez loger dans le centre historique sur l&rsquo;\u00eele de la Grande \u00cele, <strong>vous devez r\u00e9server 6 \u00e0 9 mois \u00e0 l&rsquo;avance<\/strong>, car les h\u00f4tels se remplissent \u00e0 une vitesse incroyable pendant la p\u00e9riode de l&rsquo;Avent. Plus vous vous y prendrez t\u00f4t, plus vous aurez de choix et vous \u00e9viterez ainsi de devoir payer des prix astronomiques pour les derni\u00e8res chambres disponibles.<\/p>\n\n<\/div>\n<\/div>\n<div id=\"faq-question-1788283127001\" class=\"rank-math-list-item\">\n<h3 class=\"rank-math-question \"><span class=\"ez-toc-section\" id=\"Ou_trouver_lhebergement_le_moins_cher_a_Strasbourg\"><\/span>O\u00f9 trouver l&rsquo;h\u00e9bergement le moins cher \u00e0 Strasbourg ?<span class=\"ez-toc-section-end\"><\/span><\/h3>\n<div class=\"rank-math-answer \">\n\n<p>Vous trouverez sans aucun doute les meilleurs prix <strong>aux alentours de la gare centrale ou dans le quartier plus calme de la Krutenau<\/strong>, qui se trouvent tous deux \u00e0 quelques minutes \u00e0 pied du centre historique. La r\u00e8gle est simple : <strong>les h\u00f4tels situ\u00e9s \u00e0 10 ou 20 minutes \u00e0 pied de la cath\u00e9drale sont g\u00e9n\u00e9ralement 30 \u00e0 40 % moins chers<\/strong>, donc une petite promenade vers le centre en vaut vraiment la peine.<\/p>\n\n<\/div>\n<\/div>\n<div id=\"faq-question-1788283127002\" class=\"rank-math-list-item\">\n<h3 class=\"rank-math-question \"><span class=\"ez-toc-section\" id=\"Peut-on_se_garer_facilement_pres_de_lhotel_a_Strasbourg\"><\/span>Peut-on se garer facilement pr\u00e8s de l&rsquo;h\u00f4tel \u00e0 Strasbourg ?<span class=\"ez-toc-section-end\"><\/span><\/h3>\n<div class=\"rank-math-answer \">\n\n<p>Dans le centre historique m\u00eame, <strong>se garer en voiture est un v\u00e9ritable cauchemar<\/strong> et les petits h\u00f4tels-boutiques n&rsquo;ont souvent pas de garage du tout. Il est donc beaucoup plus malin <strong>d&rsquo;utiliser les parkings relais du syst\u00e8me Park &amp; Ride tr\u00e8s d\u00e9velopp\u00e9 en p\u00e9riph\u00e9rie de la ville<\/strong>, o\u00f9 le prix d\u00e9risoire du stationnement comprend \u00e9galement un ticket aller-retour en tramway vers le centre pour tous les passagers du v\u00e9hicule.<\/p>\n\n<\/div>\n<\/div>\n<div id=\"faq-question-1788283127003\" class=\"rank-math-list-item\">\n<h3 class=\"rank-math-question \"><span class=\"ez-toc-section\" id=\"Est-ce_interessant_de_loger_dans_le_quartier_de_la_Petite_France\"><\/span>Est-ce int\u00e9ressant de loger dans le quartier de la Petite France ?<span class=\"ez-toc-section-end\"><\/span><\/h3>\n<div class=\"rank-math-answer \">\n\n<p>Le quartier de la Petite France est sans conteste <strong>la partie la plus photog\u00e9nique et la plus romantique de toute la ville<\/strong>, avec ses vieilles maisons \u00e0 colombages et ses canaux enchev\u00eatr\u00e9s. Pendant les mois de printemps hors haute saison, c&rsquo;est un choix f\u00e9erique pour les couples, mais <strong>pendant la p\u00e9riode de l&rsquo;Avent, il y a tellement de foules de touristes qu&rsquo;on peut \u00e0 peine se frayer un chemin dans les ruelles<\/strong>, donc vous ne trouverez certainement pas la tranquillit\u00e9 recherch\u00e9e en d\u00e9cembre.<\/p>\n\n<\/div>\n<\/div>\n<div id=\"faq-question-1788283127004\" class=\"rank-math-list-item\">\n<h3 class=\"rank-math-question \"><span class=\"ez-toc-section\" id=\"Les_prix_des_hotels_augmentent-ils_pendant_les_sessions_du_Parlement_europeen\"><\/span>Les prix des h\u00f4tels augmentent-ils pendant les sessions du Parlement europ\u00e9en ?<span class=\"ez-toc-section-end\"><\/span><\/h3>\n<div class=\"rank-math-answer \">\n\n<p>Oui, et de mani\u00e8re tr\u00e8s significative. <strong>Les sessions pl\u00e9ni\u00e8res du Parlement europ\u00e9en remplissent r\u00e9guli\u00e8rement et \u00e0 une vitesse fulgurante non seulement tous les h\u00f4tels du quartier europ\u00e9en adjacent, mais aussi ceux de tout le centre historique de la ville.<\/strong> Heureusement, les dates pr\u00e9cises de ces sessions peuvent \u00eatre consult\u00e9es en ligne longtemps \u00e0 l&rsquo;avance et <strong>si vous n&rsquo;avez pas de dates fixes, \u00e9vitez absolument ces p\u00e9riodes<\/strong>.<\/p>\n\n<\/div>\n<\/div>\n<div id=\"faq-question-1788283127005\" class=\"rank-math-list-item\">\n<h3 class=\"rank-math-question \"><span class=\"ez-toc-section\" id=\"Que_gouter_de_la_cuisine_locale_a_Strasbourg\"><\/span>Que go\u00fbter de la cuisine locale \u00e0 Strasbourg ?<span class=\"ez-toc-section-end\"><\/span><\/h3>\n<div class=\"rank-math-answer \">\n\n<p>Techniquement, cela ne concerne pas l&rsquo;h\u00f4tel, mais je sais que vous allez me poser la question de toute fa\u00e7on, alors voici la r\u00e9ponse : La cuisine alsacienne est certes r\u00e9put\u00e9e pour ses plats de viande, mais vous trouverez aussi votre bonheur sans viande. <strong>Go\u00fbtez absolument la tarte flamb\u00e9e (flammekueche) traditionnelle dans son excellente version v\u00e9g\u00e9tarienne au fromage blanc et aux oignons<\/strong>, accompagnez-la d&rsquo;un bretzel sal\u00e9 bien frais et pour le dessert, savourez un kougelhopf moelleux. <strong>N&rsquo;oubliez pas d&rsquo;accompagner le tout d&rsquo;un excellent vin blanc d&rsquo;Alsace.<\/strong><\/p>\n\n<\/div>\n<\/div>\n<div id=\"faq-question-1788283127006\" class=\"rank-math-list-item\">\n<h3 class=\"rank-math-question \"><span class=\"ez-toc-section\" id=\"Strasbourg_est-elle_une_bonne_base_pour_visiter_lAlsace\"><\/span>Strasbourg est-elle une bonne base pour visiter l&rsquo;Alsace ?<span class=\"ez-toc-section-end\"><\/span><\/h3>\n<div class=\"rank-math-answer \">\n\n<p>Absolument, Strasbourg repr\u00e9sente <strong>la meilleure base strat\u00e9gique pour d\u00e9couvrir toute cette r\u00e9gion f\u00e9erique<\/strong>. Depuis la gare centrale, vous pouvez <strong>facilement et rapidement rejoindre en train la pittoresque ville de Colmar ainsi que les petits villages de la c\u00e9l\u00e8bre route des vins<\/strong>, ou vous pouvez partir en voiture explorer la magnifique nature des Vosges toutes proches.<\/p>\n\n<\/div>\n<\/div>\n<\/div>\n<\/div>","protected":false},"excerpt":{"rendered":"<p>Tu cherches un h\u00f4tel \u00e0 Strasbourg, en France ? D\u00e9couvre dans quels quartiers tu \u00e9conomises jusqu&rsquo;\u00e0 40 % et pourquoi il vaut mieux loger hors du centre pendant l&rsquo;Avent.<\/p>\n","protected":false},"author":3,"featured_media":413382,"comment_status":"open","ping_status":"open","sticky":false,"template":"","format":"standard","meta":{"_acf_changed":false,"footnotes":"","rank_math_title":"O\u00f9 dormir \u00e0 Strasbourg, France : 18 h\u00f4tels en 2026","rank_math_description":"O\u00f9 dormir \u00e0 Strasbourg, en France ? D\u00e9couvre les 18 meilleurs h\u00f4tels et quartiers, \u00e9conomise jusqu'\u00e0 40 % et r\u00e9serve au bon moment. Lis nos conseils !","rank_math_focus_keyword":"strasbourg france","rank_math_seo_score":""},"categories":[558,579,650],"tags":[],"class_list":["post-417920","post","type-post","status-publish","format-standard","has-post-thumbnail","category-europe","category-france","category-voyages"],"acf":[],"featured_image_src":"https:\/\/loudavymkrokem.cz\/wp-content\/uploads\/2026\/09\/petite-france-po-soumraku-2cf25977.jpg","author_info":{"display_name":"Lucie Kone\u010dn\u00e1","author_link":"https:\/\/loudavymkrokem.cz\/fr\/author\/lucie-konecna\/"},"_links":{"self":[{"href":"https:\/\/loudavymkrokem.cz\/fr\/wp-json\/wp\/v2\/posts\/417920","targetHints":{"allow":["GET"]}}],"collection":[{"href":"https:\/\/loudavymkrokem.cz\/fr\/wp-json\/wp\/v2\/posts"}],"about":[{"href":"https:\/\/loudavymkrokem.cz\/fr\/wp-json\/wp\/v2\/types\/post"}],"author":[{"embeddable":true,"href":"https:\/\/loudavymkrokem.cz\/fr\/wp-json\/wp\/v2\/users\/3"}],"replies":[{"embeddable":true,"href":"https:\/\/loudavymkrokem.cz\/fr\/wp-json\/wp\/v2\/comments?post=417920"}],"version-history":[{"count":2,"href":"https:\/\/loudavymkrokem.cz\/fr\/wp-json\/wp\/v2\/posts\/417920\/revisions"}],"predecessor-version":[{"id":417922,"href":"https:\/\/loudavymkrokem.cz\/fr\/wp-json\/wp\/v2\/posts\/417920\/revisions\/417922"}],"wp:featuredmedia":[{"embeddable":true,"href":"https:\/\/loudavymkrokem.cz\/fr\/wp-json\/wp\/v2\/media\/413382"}],"wp:attachment":[{"href":"https:\/\/loudavymkrokem.cz\/fr\/wp-json\/wp\/v2\/media?parent=417920"}],"wp:term":[{"taxonomy":"category","embeddable":true,"href":"https:\/\/loudavymkrokem.cz\/fr\/wp-json\/wp\/v2\/categories?post=417920"},{"taxonomy":"post_tag","embeddable":true,"href":"https:\/\/loudavymkrokem.cz\/fr\/wp-json\/wp\/v2\/tags?post=417920"}],"curies":[{"name":"wp","href":"https:\/\/api.w.org\/{rel}","templated":true}]}}