{"id":417917,"date":"2026-09-05T09:44:09","date_gmt":"2026-09-05T07:44:09","guid":{"rendered":"https:\/\/loudavymkrokem.cz\/meilleurs-thermes-allemagne\/"},"modified":"2026-09-05T18:57:14","modified_gmt":"2026-09-05T16:57:14","slug":"meilleurs-thermes-allemagne","status":"publish","type":"post","link":"https:\/\/loudavymkrokem.cz\/fr\/meilleurs-thermes-allemagne\/","title":{"rendered":"Thermes en Allemagne : 51 id\u00e9es pour les meilleurs en 2026"},"content":{"rendered":"\n<p class=\"wp-block-paragraph\">Cinq degr\u00e9s dehors et une pluie fine, et toi, tu es plong\u00e9 jusqu&rsquo;\u00e0 la taille dans l&rsquo;eau sous une coupole de verre, avec de vrais palmiers qui bruissent au-dessus de ta t\u00eate. Les <strong>thermes en Allemagne<\/strong> fonctionnent autrement que ceux qu&rsquo;on conna\u00eet en France, et pas seulement \u00e0 cause des d\u00e9cors tropicaux. Deux choses vont surtout te surprendre : dans les saunas on entre sans maillot, et l&rsquo;entr\u00e9e se paie pour un nombre d&rsquo;heures pr\u00e9cis, au-del\u00e0 duquel il faut rajouter.<\/p>\n\n\n\n<p class=\"wp-block-paragraph\">Heureusement, \u00e7a ne pose aucun probl\u00e8me : d\u00e8s que tu comprends leur syst\u00e8me, un <strong>repos absolument luxueux<\/strong> t&rsquo;attend. La plupart du temps, tu re\u00e7ois une puce au poignet avec laquelle tu ouvres ton casier et r\u00e8gles l&rsquo;addition au restaurant, et tu peux laisser ton portefeuille ferm\u00e9 tout le temps. Il faut juste surveiller l&rsquo;heure, car <strong>chaque demi-heure suppl\u00e9mentaire entam\u00e9e<\/strong> est factur\u00e9e automatiquement \u00e0 la caisse au moment de sortir.<\/p>\n\n\n\n<p class=\"wp-block-paragraph\">Dans cet article, tu trouveras 51 thermes allemands r\u00e9partis par Land, de l&rsquo;immense Therme Erding pr\u00e8s de Munich aux <strong>Badewelten tropicaux de Sinsheim et Euskirchen<\/strong>, jusqu&rsquo;aux charmants bains baln\u00e9aires de la mer Baltique. Je vais te dire combien co\u00fbte la baignade, comment fonctionne exactement l&rsquo;<strong>\u00e9tiquette allemande du sauna<\/strong> et o\u00f9 dormir directement en peignoir juste \u00e0 c\u00f4t\u00e9 des thermes.<\/p>\n\n\n\n<figure data-wp-context=\"{&quot;imageId&quot;:&quot;6a9c5ffc223b1&quot;}\" data-wp-interactive=\"core\/image\" data-wp-key=\"6a9c5ffc223b1\" class=\"wp-block-image size-full wp-lightbox-container\"><img decoding=\"async\" width=\"1800\" height=\"1201\" data-wp-class--hide=\"state.isContentHidden\" data-wp-class--show=\"state.isContentVisible\" data-wp-init=\"callbacks.setButtonStyles\" data-wp-on--click=\"actions.showLightbox\" data-wp-on--load=\"callbacks.setButtonStyles\" data-wp-on--pointerdown=\"actions.preloadImage\" data-wp-on--pointerenter=\"actions.preloadImageWithDelay\" data-wp-on--pointerleave=\"actions.cancelPreload\" data-wp-on-window--resize=\"callbacks.setButtonStyles\" src=\"https:\/\/loudavymkrokem.cz\/wp-content\/uploads\/2026\/09\/nemecko-clanky-termaly-nemecko-01-0dcc0000.jpg\" alt=\"Bassin d&#039;eau min\u00e9rale sous une coupole vitr\u00e9e au Thermen &#038; Badewelt Sinsheim\" class=\"wp-image-415288\" title=\"\" srcset=\"https:\/\/loudavymkrokem.cz\/wp-content\/uploads\/2026\/09\/nemecko-clanky-termaly-nemecko-01-0dcc0000.jpg 1800w, https:\/\/loudavymkrokem.cz\/wp-content\/uploads\/2026\/09\/nemecko-clanky-termaly-nemecko-01-0dcc0000-300x200.jpg 300w, https:\/\/loudavymkrokem.cz\/wp-content\/uploads\/2026\/09\/nemecko-clanky-termaly-nemecko-01-0dcc0000-700x467.jpg 700w, https:\/\/loudavymkrokem.cz\/wp-content\/uploads\/2026\/09\/nemecko-clanky-termaly-nemecko-01-0dcc0000-768x512.jpg 768w, https:\/\/loudavymkrokem.cz\/wp-content\/uploads\/2026\/09\/nemecko-clanky-termaly-nemecko-01-0dcc0000-1536x1025.jpg 1536w, https:\/\/loudavymkrokem.cz\/wp-content\/uploads\/2026\/09\/nemecko-clanky-termaly-nemecko-01-0dcc0000-696x464.jpg 696w, https:\/\/loudavymkrokem.cz\/wp-content\/uploads\/2026\/09\/nemecko-clanky-termaly-nemecko-01-0dcc0000-1392x929.jpg 1392w\" sizes=\"(max-width: 1800px) 100vw, 1800px\" \/><button\n\t\t\tclass=\"lightbox-trigger\"\n\t\t\ttype=\"button\"\n\t\t\taria-haspopup=\"dialog\"\n\t\t\tdata-wp-bind--aria-label=\"state.thisImage.triggerButtonAriaLabel\"\n\t\t\tdata-wp-init=\"callbacks.initTriggerButton\"\n\t\t\tdata-wp-on--click=\"actions.showLightbox\"\n\t\t\tdata-wp-style--right=\"state.thisImage.buttonRight\"\n\t\t\tdata-wp-style--top=\"state.thisImage.buttonTop\"\n\t\t>\n\t\t\t<svg xmlns=\"http:\/\/www.w3.org\/2000\/svg\" width=\"12\" height=\"12\" fill=\"none\" viewBox=\"0 0 12 12\">\n\t\t\t\t<path fill=\"#fff\" d=\"M2 0a2 2 0 0 0-2 2v2h1.5V2a.5.5 0 0 1 .5-.5h2V0H2Zm2 10.5H2a.5.5 0 0 1-.5-.5V8H0v2a2 2 0 0 0 2 2h2v-1.5ZM8 12v-1.5h2a.5.5 0 0 0 .5-.5V8H12v2a2 2 0 0 1-2 2H8Zm2-12a2 2 0 0 1 2 2v2h-1.5V2a.5.5 0 0 0-.5-.5H8V0h2Z\" \/>\n\t\t\t<\/svg>\n\t\t<\/button><\/figure>\n\n\n\n<div id=\"ez-toc-container\" class=\"ez-toc-v2_0_87 ez-toc-wrap-left counter-hierarchy ez-toc-counter ez-toc-grey ez-toc-container-direction\">\n<div class=\"ez-toc-title-container\">\n<p class=\"ez-toc-title\" style=\"cursor:inherit\">Contenu de l&#039;article<\/p>\n<span class=\"ez-toc-title-toggle\"><a href=\"#\" class=\"ez-toc-pull-right ez-toc-btn ez-toc-btn-xs ez-toc-btn-default ez-toc-toggle\" aria-label=\"Toggle Table of Content\"><span class=\"ez-toc-js-icon-con\"><span class=\"\"><span class=\"eztoc-hide\" style=\"display:none;\">Toggle<\/span><span class=\"ez-toc-icon-toggle-span\"><svg style=\"fill: #999;color:#999\" xmlns=\"http:\/\/www.w3.org\/2000\/svg\" class=\"list-377408\" width=\"20px\" height=\"20px\" viewBox=\"0 0 24 24\" fill=\"none\"><path d=\"M6 6H4v2h2V6zm14 0H8v2h12V6zM4 11h2v2H4v-2zm16 0H8v2h12v-2zM4 16h2v2H4v-2zm16 0H8v2h12v-2z\" fill=\"currentColor\"><\/path><\/svg><svg style=\"fill: #999;color:#999\" class=\"arrow-unsorted-368013\" xmlns=\"http:\/\/www.w3.org\/2000\/svg\" width=\"10px\" height=\"10px\" viewBox=\"0 0 24 24\" version=\"1.2\" baseProfile=\"tiny\"><path d=\"M18.2 9.3l-6.2-6.3-6.2 6.3c-.2.2-.3.4-.3.7s.1.5.3.7c.2.2.4.3.7.3h11c.3 0 .5-.1.7-.3.2-.2.3-.5.3-.7s-.1-.5-.3-.7zM5.8 14.7l6.2 6.3 6.2-6.3c.2-.2.3-.5.3-.7s-.1-.5-.3-.7c-.2-.2-.4-.3-.7-.3h-11c-.3 0-.5.1-.7.3-.2.2-.3.5-.3.7s.1.5.3.7z\"\/><\/svg><\/span><\/span><\/span><\/a><\/span><\/div>\n<nav><ul class='ez-toc-list ez-toc-list-level-1 ' ><ul class='ez-toc-list-level-3' ><li class='ez-toc-heading-level-3'><a class=\"ez-toc-link ez-toc-heading-1\" href=\"https:\/\/loudavymkrokem.cz\/fr\/meilleurs-thermes-allemagne\/#Resume_pour_ceux_qui_nont_pas_le_temps_de_tout_lire\" >R\u00e9sum\u00e9 pour ceux qui n&rsquo;ont pas le temps de tout lire<\/a><\/li><\/ul><\/li><li class='ez-toc-page-1 ez-toc-heading-level-2'><a class=\"ez-toc-link ez-toc-heading-2\" href=\"https:\/\/loudavymkrokem.cz\/fr\/meilleurs-thermes-allemagne\/#Comment_fonctionnent_les_thermes_en_Allemagne_et_en_quoi_ils_different_des_notres\" >Comment fonctionnent les thermes en Allemagne (et en quoi ils diff\u00e8rent des n\u00f4tres)<\/a><\/li><li class='ez-toc-page-1 ez-toc-heading-level-2'><a class=\"ez-toc-link ez-toc-heading-3\" href=\"https:\/\/loudavymkrokem.cz\/fr\/meilleurs-thermes-allemagne\/#Combien_ca_coute_et_quand_y_aller\" >Combien \u00e7a co\u00fbte et quand y aller<\/a><\/li><li class='ez-toc-page-1 ez-toc-heading-level-2'><a class=\"ez-toc-link ez-toc-heading-4\" href=\"https:\/\/loudavymkrokem.cz\/fr\/meilleurs-thermes-allemagne\/#Ou_loger_lhotel_avec_Bademantelgang\" >O\u00f9 loger : l&rsquo;h\u00f4tel avec Bademantelgang<\/a><\/li><li class='ez-toc-page-1 ez-toc-heading-level-2'><a class=\"ez-toc-link ez-toc-heading-5\" href=\"https:\/\/loudavymkrokem.cz\/fr\/meilleurs-thermes-allemagne\/#Thermes_en_Baviere\" >Thermes en Bavi\u00e8re<\/a><ul class='ez-toc-list-level-3' ><li class='ez-toc-heading-level-3'><a class=\"ez-toc-link ez-toc-heading-6\" href=\"https:\/\/loudavymkrokem.cz\/fr\/meilleurs-thermes-allemagne\/#1_Therme_Erding_Erding\" >1. Therme Erding (Erding)<\/a><\/li><li class='ez-toc-page-1 ez-toc-heading-level-3'><a class=\"ez-toc-link ez-toc-heading-7\" href=\"https:\/\/loudavymkrokem.cz\/fr\/meilleurs-thermes-allemagne\/#2_Therme_Bad_Worishofen_Bad_Worishofen\" >2. Therme Bad W\u00f6rishofen (Bad W\u00f6rishofen)<\/a><\/li><li class='ez-toc-page-1 ez-toc-heading-level-3'><a class=\"ez-toc-link ez-toc-heading-8\" href=\"https:\/\/loudavymkrokem.cz\/fr\/meilleurs-thermes-allemagne\/#3_Therme_Bad_Aibling_Bad_Aibling\" >3. Therme Bad Aibling (Bad Aibling)<\/a><\/li><li class='ez-toc-page-1 ez-toc-heading-level-3'><a class=\"ez-toc-link ez-toc-heading-9\" href=\"https:\/\/loudavymkrokem.cz\/fr\/meilleurs-thermes-allemagne\/#4_KissSalis_Therme_Bad_Kissingen\" >4. KissSalis Therme (Bad Kissingen)<\/a><\/li><li class='ez-toc-page-1 ez-toc-heading-level-3'><a class=\"ez-toc-link ez-toc-heading-10\" href=\"https:\/\/loudavymkrokem.cz\/fr\/meilleurs-thermes-allemagne\/#5_Hotel_Victory_Therme_Erding_Erding\" >5. Hotel Victory Therme Erding (Erding)<\/a><\/li><li class='ez-toc-page-1 ez-toc-heading-level-3'><a class=\"ez-toc-link ez-toc-heading-11\" href=\"https:\/\/loudavymkrokem.cz\/fr\/meilleurs-thermes-allemagne\/#6_Franken-Therme_Bad_Windsheim\" >6. Franken-Therme (Bad Windsheim)<\/a><\/li><li class='ez-toc-page-1 ez-toc-heading-level-3'><a class=\"ez-toc-link ez-toc-heading-12\" href=\"https:\/\/loudavymkrokem.cz\/fr\/meilleurs-thermes-allemagne\/#7_Konigliche_Kristall-Therme_Schwangau\" >7. K\u00f6nigliche Kristall-Therme (Schwangau)<\/a><\/li><li class='ez-toc-page-1 ez-toc-heading-level-3'><a class=\"ez-toc-link ez-toc-heading-13\" href=\"https:\/\/loudavymkrokem.cz\/fr\/meilleurs-thermes-allemagne\/#8_Limes-Therme_Bad_Gogging\" >8. Limes-Therme (Bad G\u00f6gging)<\/a><\/li><li class='ez-toc-page-1 ez-toc-heading-level-3'><a class=\"ez-toc-link ez-toc-heading-14\" href=\"https:\/\/loudavymkrokem.cz\/fr\/meilleurs-thermes-allemagne\/#9_Therme_Bad_Griesbach_Bad_Griesbach\" >9. Therme Bad Griesbach (Bad Griesbach)<\/a><\/li><li class='ez-toc-page-1 ez-toc-heading-level-3'><a class=\"ez-toc-link ez-toc-heading-15\" href=\"https:\/\/loudavymkrokem.cz\/fr\/meilleurs-thermes-allemagne\/#10_Titania_Neusas_Neusas\" >10. Titania Neus\u00e4\u00df (Neus\u00e4\u00df)<\/a><\/li><li class='ez-toc-page-1 ez-toc-heading-level-3'><a class=\"ez-toc-link ez-toc-heading-16\" href=\"https:\/\/loudavymkrokem.cz\/fr\/meilleurs-thermes-allemagne\/#11_Fackelmann_Therme_Hersbruck_Hersbruck\" >11. Fackelmann Therme Hersbruck (Hersbruck)<\/a><\/li><li class='ez-toc-page-1 ez-toc-heading-level-3'><a class=\"ez-toc-link ez-toc-heading-17\" href=\"https:\/\/loudavymkrokem.cz\/fr\/meilleurs-thermes-allemagne\/#12_ThermeNatur_Bad_Rodach\" >12. ThermeNatur (Bad Rodach)<\/a><\/li><li class='ez-toc-page-1 ez-toc-heading-level-3'><a class=\"ez-toc-link ez-toc-heading-18\" href=\"https:\/\/loudavymkrokem.cz\/fr\/meilleurs-thermes-allemagne\/#13_Johannesbad_Therme_Bad_Fussing_Bad_Fussing\" >13. Johannesbad Therme Bad F\u00fcssing (Bad F\u00fcssing)<\/a><\/li><li class='ez-toc-page-1 ez-toc-heading-level-3'><a class=\"ez-toc-link ez-toc-heading-19\" href=\"https:\/\/loudavymkrokem.cz\/fr\/meilleurs-thermes-allemagne\/#14_Europa_Therme_Bad_Fussing\" >14. Europa Therme (Bad F\u00fcssing)<\/a><\/li><li class='ez-toc-page-1 ez-toc-heading-level-3'><a class=\"ez-toc-link ez-toc-heading-20\" href=\"https:\/\/loudavymkrokem.cz\/fr\/meilleurs-thermes-allemagne\/#15_Sibyllenbad_Neualbenreuth\" >15. Sibyllenbad (Neualbenreuth)<\/a><\/li><\/ul><\/li><li class='ez-toc-page-1 ez-toc-heading-level-2'><a class=\"ez-toc-link ez-toc-heading-21\" href=\"https:\/\/loudavymkrokem.cz\/fr\/meilleurs-thermes-allemagne\/#Thermes_dans_le_Bade-Wurtemberg\" >Thermes dans le Bade-Wurtemberg<\/a><ul class='ez-toc-list-level-3' ><li class='ez-toc-heading-level-3'><a class=\"ez-toc-link ez-toc-heading-22\" href=\"https:\/\/loudavymkrokem.cz\/fr\/meilleurs-thermes-allemagne\/#16_Thermen_Badewelt_Sinsheim_Sinsheim\" >16. Thermen &#038; Badewelt Sinsheim (Sinsheim)<\/a><\/li><li class='ez-toc-page-1 ez-toc-heading-level-3'><a class=\"ez-toc-link ez-toc-heading-23\" href=\"https:\/\/loudavymkrokem.cz\/fr\/meilleurs-thermes-allemagne\/#17_Mineraltherme_Boblingen_Boblingen\" >17. Mineraltherme B\u00f6blingen (B\u00f6blingen)<\/a><\/li><li class='ez-toc-page-1 ez-toc-heading-level-3'><a class=\"ez-toc-link ez-toc-heading-24\" href=\"https:\/\/loudavymkrokem.cz\/fr\/meilleurs-thermes-allemagne\/#18_Panorama_Therme_Beuren_Beuren\" >18. Panorama Therme Beuren (Beuren)<\/a><\/li><li class='ez-toc-page-1 ez-toc-heading-level-3'><a class=\"ez-toc-link ez-toc-heading-25\" href=\"https:\/\/loudavymkrokem.cz\/fr\/meilleurs-thermes-allemagne\/#19_Bodensee-Therme_Konstanz_Constance\" >19. Bodensee-Therme Konstanz (Constance)<\/a><\/li><li class='ez-toc-page-1 ez-toc-heading-level-3'><a class=\"ez-toc-link ez-toc-heading-26\" href=\"https:\/\/loudavymkrokem.cz\/fr\/meilleurs-thermes-allemagne\/#20_Adelindis_Therme_Bad_Buchau\" >20. Adelindis Therme (Bad Buchau)<\/a><\/li><li class='ez-toc-page-1 ez-toc-heading-level-3'><a class=\"ez-toc-link ez-toc-heading-27\" href=\"https:\/\/loudavymkrokem.cz\/fr\/meilleurs-thermes-allemagne\/#21_Sonnenhof-Therme_Bad_Saulgau\" >21. Sonnenhof-Therme (Bad Saulgau)<\/a><\/li><li class='ez-toc-page-1 ez-toc-heading-level-3'><a class=\"ez-toc-link ez-toc-heading-28\" href=\"https:\/\/loudavymkrokem.cz\/fr\/meilleurs-thermes-allemagne\/#22_Caracalla_Therme_Baden-Baden\" >22. Caracalla Therme (Baden-Baden)<\/a><\/li><li class='ez-toc-page-1 ez-toc-heading-level-3'><a class=\"ez-toc-link ez-toc-heading-29\" href=\"https:\/\/loudavymkrokem.cz\/fr\/meilleurs-thermes-allemagne\/#23_Solemar_Bad_Durrheim_Bad_Durrheim\" >23. Solemar Bad D\u00fcrrheim (Bad D\u00fcrrheim)<\/a><\/li><li class='ez-toc-page-1 ez-toc-heading-level-3'><a class=\"ez-toc-link ez-toc-heading-30\" href=\"https:\/\/loudavymkrokem.cz\/fr\/meilleurs-thermes-allemagne\/#24_AlbThermen_Bad_Urach\" >24. AlbThermen (Bad Urach)<\/a><\/li><li class='ez-toc-page-1 ez-toc-heading-level-3'><a class=\"ez-toc-link ez-toc-heading-31\" href=\"https:\/\/loudavymkrokem.cz\/fr\/meilleurs-thermes-allemagne\/#25_Friedrichsbad_Baden-Baden\" >25. Friedrichsbad (Baden-Baden)<\/a><\/li><li class='ez-toc-page-1 ez-toc-heading-level-3'><a class=\"ez-toc-link ez-toc-heading-32\" href=\"https:\/\/loudavymkrokem.cz\/fr\/meilleurs-thermes-allemagne\/#26_Vita_Classica_Bad_Krozingen\" >26. Vita Classica (Bad Krozingen)<\/a><\/li><\/ul><\/li><li class='ez-toc-page-1 ez-toc-heading-level-2'><a class=\"ez-toc-link ez-toc-heading-33\" href=\"https:\/\/loudavymkrokem.cz\/fr\/meilleurs-thermes-allemagne\/#Thermes_en_Rhenanie-du-Nord-Westphalie\" >Thermes en Rh\u00e9nanie-du-Nord-Westphalie<\/a><ul class='ez-toc-list-level-3' ><li class='ez-toc-heading-level-3'><a class=\"ez-toc-link ez-toc-heading-34\" href=\"https:\/\/loudavymkrokem.cz\/fr\/meilleurs-thermes-allemagne\/#27_Thermen_Badewelt_Euskirchen_Euskirchen\" >27. Thermen &#038; Badewelt Euskirchen (Euskirchen)<\/a><\/li><li class='ez-toc-page-1 ez-toc-heading-level-3'><a class=\"ez-toc-link ez-toc-heading-35\" href=\"https:\/\/loudavymkrokem.cz\/fr\/meilleurs-thermes-allemagne\/#28_Bali_Therme_Bad_Oeynhausen\" >28. Bali Therme (Bad Oeynhausen)<\/a><\/li><li class='ez-toc-page-1 ez-toc-heading-level-3'><a class=\"ez-toc-link ez-toc-heading-36\" href=\"https:\/\/loudavymkrokem.cz\/fr\/meilleurs-thermes-allemagne\/#29_Carolus_Thermen_Aix-la-Chapelle\" >29. Carolus Thermen (Aix-la-Chapelle)<\/a><\/li><li class='ez-toc-page-1 ez-toc-heading-level-3'><a class=\"ez-toc-link ez-toc-heading-37\" href=\"https:\/\/loudavymkrokem.cz\/fr\/meilleurs-thermes-allemagne\/#30_Mediterana_Bergisch_Gladbach\" >30. Mediterana (Bergisch Gladbach)<\/a><\/li><li class='ez-toc-page-1 ez-toc-heading-level-3'><a class=\"ez-toc-link ez-toc-heading-38\" href=\"https:\/\/loudavymkrokem.cz\/fr\/meilleurs-thermes-allemagne\/#31_Vitasol_Therme_Bad_Salzuflen\" >31. Vitasol Therme (Bad Salzuflen)<\/a><\/li><li class='ez-toc-page-1 ez-toc-heading-level-3'><a class=\"ez-toc-link ez-toc-heading-39\" href=\"https:\/\/loudavymkrokem.cz\/fr\/meilleurs-thermes-allemagne\/#32_Mauritius_Hotel_Therme_Koln_Cologne\" >32. Mauritius Hotel &#038; Therme K\u00f6ln (Cologne)<\/a><\/li><li class='ez-toc-page-1 ez-toc-heading-level-3'><a class=\"ez-toc-link ez-toc-heading-40\" href=\"https:\/\/loudavymkrokem.cz\/fr\/meilleurs-thermes-allemagne\/#33_Claudius_Therme_Cologne\" >33. Claudius Therme (Cologne)<\/a><\/li><\/ul><\/li><li class='ez-toc-page-1 ez-toc-heading-level-2'><a class=\"ez-toc-link ez-toc-heading-41\" href=\"https:\/\/loudavymkrokem.cz\/fr\/meilleurs-thermes-allemagne\/#Thermes_en_Hesse\" >Thermes en Hesse<\/a><ul class='ez-toc-list-level-3' ><li class='ez-toc-heading-level-3'><a class=\"ez-toc-link ez-toc-heading-42\" href=\"https:\/\/loudavymkrokem.cz\/fr\/meilleurs-thermes-allemagne\/#34_Taunus-Therme_Bad_Homburg\" >34. Taunus-Therme (Bad Homburg)<\/a><\/li><li class='ez-toc-page-1 ez-toc-heading-level-3'><a class=\"ez-toc-link ez-toc-heading-43\" href=\"https:\/\/loudavymkrokem.cz\/fr\/meilleurs-thermes-allemagne\/#35_KurhessenTherme_Kassel\" >35. KurhessenTherme (Kassel)<\/a><\/li><li class='ez-toc-page-1 ez-toc-heading-level-3'><a class=\"ez-toc-link ez-toc-heading-44\" href=\"https:\/\/loudavymkrokem.cz\/fr\/meilleurs-thermes-allemagne\/#36_Odenwald-Therme_Bad_Konig\" >36. Odenwald-Therme (Bad K\u00f6nig)<\/a><\/li><li class='ez-toc-page-1 ez-toc-heading-level-3'><a class=\"ez-toc-link ez-toc-heading-45\" href=\"https:\/\/loudavymkrokem.cz\/fr\/meilleurs-thermes-allemagne\/#37_Thermalbad_Aukammtal_Wiesbaden\" >37. Thermalbad Aukammtal (Wiesbaden)<\/a><\/li><li class='ez-toc-page-1 ez-toc-heading-level-3'><a class=\"ez-toc-link ez-toc-heading-46\" href=\"https:\/\/loudavymkrokem.cz\/fr\/meilleurs-thermes-allemagne\/#38_Kaiser-Friedrich-Therme_Wiesbaden\" >38. Kaiser-Friedrich-Therme (Wiesbaden)<\/a><\/li><\/ul><\/li><li class='ez-toc-page-1 ez-toc-heading-level-2'><a class=\"ez-toc-link ez-toc-heading-47\" href=\"https:\/\/loudavymkrokem.cz\/fr\/meilleurs-thermes-allemagne\/#Thermes_dans_le_Brandebourg_et_a_Berlin\" >Thermes dans le Brandebourg et \u00e0 Berlin<\/a><ul class='ez-toc-list-level-3' ><li class='ez-toc-heading-level-3'><a class=\"ez-toc-link ez-toc-heading-48\" href=\"https:\/\/loudavymkrokem.cz\/fr\/meilleurs-thermes-allemagne\/#39_Havel_Therme_Werder_an_der_Havel\" >39. Havel Therme (Werder an der Havel)<\/a><\/li><li class='ez-toc-page-1 ez-toc-heading-level-3'><a class=\"ez-toc-link ez-toc-heading-49\" href=\"https:\/\/loudavymkrokem.cz\/fr\/meilleurs-thermes-allemagne\/#40_Spreewald_Therme_Burg\" >40. Spreewald Therme (Burg)<\/a><\/li><li class='ez-toc-page-1 ez-toc-heading-level-3'><a class=\"ez-toc-link ez-toc-heading-50\" href=\"https:\/\/loudavymkrokem.cz\/fr\/meilleurs-thermes-allemagne\/#41_NaturThermeTemplin_Templin\" >41. NaturThermeTemplin (Templin)<\/a><\/li><li class='ez-toc-page-1 ez-toc-heading-level-3'><a class=\"ez-toc-link ez-toc-heading-51\" href=\"https:\/\/loudavymkrokem.cz\/fr\/meilleurs-thermes-allemagne\/#42_Spreewelten_Bad_Lubbenau_Lubbenau\" >42. Spreewelten Bad L\u00fcbbenau (L\u00fcbbenau)<\/a><\/li><li class='ez-toc-page-1 ez-toc-heading-level-3'><a class=\"ez-toc-link ez-toc-heading-52\" href=\"https:\/\/loudavymkrokem.cz\/fr\/meilleurs-thermes-allemagne\/#43_Kristalltherme_Bad_Wilsnack_Bad_Wilsnack\" >43. Kristalltherme Bad Wilsnack (Bad Wilsnack)<\/a><\/li><li class='ez-toc-page-1 ez-toc-heading-level-3'><a class=\"ez-toc-link ez-toc-heading-53\" href=\"https:\/\/loudavymkrokem.cz\/fr\/meilleurs-thermes-allemagne\/#44_vabali_spa_Berlin_Berlin\" >44. vabali spa Berlin (Berlin)<\/a><\/li><\/ul><\/li><li class='ez-toc-page-1 ez-toc-heading-level-2'><a class=\"ez-toc-link ez-toc-heading-54\" href=\"https:\/\/loudavymkrokem.cz\/fr\/meilleurs-thermes-allemagne\/#Thermes_au_nord_mer_Baltique_et_mer_du_Nord\" >Thermes au nord : mer Baltique et mer du Nord<\/a><ul class='ez-toc-list-level-3' ><li class='ez-toc-heading-level-3'><a class=\"ez-toc-link ez-toc-heading-55\" href=\"https:\/\/loudavymkrokem.cz\/fr\/meilleurs-thermes-allemagne\/#45_Ostsee-Therme_Scharbeutz\" >45. Ostsee-Therme (Scharbeutz)<\/a><\/li><li class='ez-toc-page-1 ez-toc-heading-level-3'><a class=\"ez-toc-link ez-toc-heading-56\" href=\"https:\/\/loudavymkrokem.cz\/fr\/meilleurs-thermes-allemagne\/#46_Dunen-Therme_St_Peter-Ording\" >46. D\u00fcnen-Therme (St. Peter-Ording)<\/a><\/li><li class='ez-toc-page-1 ez-toc-heading-level-3'><a class=\"ez-toc-link ez-toc-heading-57\" href=\"https:\/\/loudavymkrokem.cz\/fr\/meilleurs-thermes-allemagne\/#47_Ostsee_Therme_Usedom_Ahlbeck\" >47. Ostsee Therme Usedom (Ahlbeck)<\/a><\/li><\/ul><\/li><li class='ez-toc-page-1 ez-toc-heading-level-2'><a class=\"ez-toc-link ez-toc-heading-58\" href=\"https:\/\/loudavymkrokem.cz\/fr\/meilleurs-thermes-allemagne\/#Thermes_en_Saxe_et_en_Thuringe\" >Thermes en Saxe et en Thuringe<\/a><ul class='ez-toc-list-level-3' ><li class='ez-toc-heading-level-3'><a class=\"ez-toc-link ez-toc-heading-59\" href=\"https:\/\/loudavymkrokem.cz\/fr\/meilleurs-thermes-allemagne\/#48_Toskana_Therme_Bad_Schandau_Bad_Schandau\" >48. Toskana Therme Bad Schandau (Bad Schandau)<\/a><\/li><li class='ez-toc-page-1 ez-toc-heading-level-3'><a class=\"ez-toc-link ez-toc-heading-60\" href=\"https:\/\/loudavymkrokem.cz\/fr\/meilleurs-thermes-allemagne\/#49_Toskana_Therme_Bad_Sulza_Bad_Sulza\" >49. Toskana Therme Bad Sulza (Bad Sulza)<\/a><\/li><\/ul><\/li><li class='ez-toc-page-1 ez-toc-heading-level-2'><a class=\"ez-toc-link ez-toc-heading-61\" href=\"https:\/\/loudavymkrokem.cz\/fr\/meilleurs-thermes-allemagne\/#Thermes_en_Rhenanie-Palatinat\" >Thermes en Rh\u00e9nanie-Palatinat<\/a><ul class='ez-toc-list-level-3' ><li class='ez-toc-heading-level-3'><a class=\"ez-toc-link ez-toc-heading-62\" href=\"https:\/\/loudavymkrokem.cz\/fr\/meilleurs-thermes-allemagne\/#50_Crucenia_Thermen_Bad_Kreuznach\" >50. Crucenia Thermen (Bad Kreuznach)<\/a><\/li><li class='ez-toc-page-1 ez-toc-heading-level-3'><a class=\"ez-toc-link ez-toc-heading-63\" href=\"https:\/\/loudavymkrokem.cz\/fr\/meilleurs-thermes-allemagne\/#51_Emser_Therme_Bad_Ems\" >51. Emser Therme (Bad Ems)<\/a><\/li><\/ul><\/li><li class='ez-toc-page-1 ez-toc-heading-level-2'><a class=\"ez-toc-link ez-toc-heading-64\" href=\"https:\/\/loudavymkrokem.cz\/fr\/meilleurs-thermes-allemagne\/#Guide_pratique_quoi_emporter_avec_les_enfants_et_en_especes\" >Guide pratique : quoi emporter, avec les enfants et en esp\u00e8ces<\/a><\/li><li class='ez-toc-page-1 ez-toc-heading-level-2'><a class=\"ez-toc-link ez-toc-heading-65\" href=\"https:\/\/loudavymkrokem.cz\/fr\/meilleurs-thermes-allemagne\/#Pour_aller_plus_loin_autres_articles_sur_les_thermes_et_le_bien-etre\" >Pour aller plus loin : autres articles sur les thermes et le bien-\u00eatre<\/a><\/li><li class='ez-toc-page-1 ez-toc-heading-level-2'><a class=\"ez-toc-link ez-toc-heading-66\" href=\"https:\/\/loudavymkrokem.cz\/fr\/meilleurs-thermes-allemagne\/#Questions_frequentes\" >Questions fr\u00e9quentes<\/a><ul class='ez-toc-list-level-3' ><li class='ez-toc-heading-level-3'><a class=\"ez-toc-link ez-toc-heading-67\" href=\"https:\/\/loudavymkrokem.cz\/fr\/meilleurs-thermes-allemagne\/#Quel_est_le_plus_grand_complexe_thermal_dAllemagne\" >Quel est le plus grand complexe thermal d&rsquo;Allemagne ?<\/a><\/li><li class='ez-toc-page-1 ez-toc-heading-level-3'><a class=\"ez-toc-link ez-toc-heading-68\" href=\"https:\/\/loudavymkrokem.cz\/fr\/meilleurs-thermes-allemagne\/#Combien_coute_lentree_dans_un_complexe_thermal_allemand\" >Combien co\u00fbte l&rsquo;entr\u00e9e dans un complexe thermal allemand ?<\/a><\/li><li class='ez-toc-page-1 ez-toc-heading-level-3'><a class=\"ez-toc-link ez-toc-heading-69\" href=\"https:\/\/loudavymkrokem.cz\/fr\/meilleurs-thermes-allemagne\/#Faut-il_etre_nu_dans_les_saunas_allemands\" >Faut-il \u00eatre nu dans les saunas allemands ?<\/a><\/li><li class='ez-toc-page-1 ez-toc-heading-level-3'><a class=\"ez-toc-link ez-toc-heading-70\" href=\"https:\/\/loudavymkrokem.cz\/fr\/meilleurs-thermes-allemagne\/#Quels_complexes_thermaux_allemands_sont_les_plus_proches_de_la_France\" >Quels complexes thermaux allemands sont les plus proches de la France ?<\/a><\/li><li class='ez-toc-page-1 ez-toc-heading-level-3'><a class=\"ez-toc-link ez-toc-heading-71\" href=\"https:\/\/loudavymkrokem.cz\/fr\/meilleurs-thermes-allemagne\/#Les_enfants_peuvent-ils_aller_dans_les_complexes_thermaux_allemands\" >Les enfants peuvent-ils aller dans les complexes thermaux allemands ?<\/a><\/li><li class='ez-toc-page-1 ez-toc-heading-level-3'><a class=\"ez-toc-link ez-toc-heading-72\" href=\"https:\/\/loudavymkrokem.cz\/fr\/meilleurs-thermes-allemagne\/#Que_signifie_Bademantelgang\" >Que signifie Bademantelgang ?<\/a><\/li><li class='ez-toc-page-1 ez-toc-heading-level-3'><a class=\"ez-toc-link ez-toc-heading-73\" href=\"https:\/\/loudavymkrokem.cz\/fr\/meilleurs-thermes-allemagne\/#Dois-je_apporter_ma_propre_serviette_et_mon_propre_peignoir\" >Dois-je apporter ma propre serviette et mon propre peignoir ?<\/a><\/li><li class='ez-toc-page-1 ez-toc-heading-level-3'><a class=\"ez-toc-link ez-toc-heading-74\" href=\"https:\/\/loudavymkrokem.cz\/fr\/meilleurs-thermes-allemagne\/#Quand_y_a-t-il_le_moins_de_monde_dans_les_complexes_thermaux_allemands\" >Quand y a-t-il le moins de monde dans les complexes thermaux allemands ?<\/a><\/li><li class='ez-toc-page-1 ez-toc-heading-level-3'><a class=\"ez-toc-link ez-toc-heading-75\" href=\"https:\/\/loudavymkrokem.cz\/fr\/meilleurs-thermes-allemagne\/#Y_a-t-il_une_taxe_de_sejour_thermal_en_Allemagne\" >Y a-t-il une taxe de s\u00e9jour thermal en Allemagne ?<\/a><\/li><li class='ez-toc-page-1 ez-toc-heading-level-3'><a class=\"ez-toc-link ez-toc-heading-76\" href=\"https:\/\/loudavymkrokem.cz\/fr\/meilleurs-thermes-allemagne\/#Quel_complexe_thermal_allemand_est_le_plus_adapte_aux_familles_avec_enfants\" >Quel complexe thermal allemand est le plus adapt\u00e9 aux familles avec enfants ?<\/a><\/li><\/ul><\/li><\/ul><\/nav><\/div>\n<h3 class=\"wp-block-heading\"><span class=\"ez-toc-section\" id=\"Resume_pour_ceux_qui_nont_pas_le_temps_de_tout_lire\"><\/span>R\u00e9sum\u00e9 pour ceux qui n&rsquo;ont pas le temps de tout lire<span class=\"ez-toc-section-end\"><\/span><\/h3>\n\n\n\n<ul class=\"wp-block-list\">\n\n<li>Le <strong>plus grand et le plus connu<\/strong> est le Therme Erding en Bavi\u00e8re, qui se pr\u00e9sente sur son propre site comme le plus grand complexe thermal du monde : 40 bassins et 38 saunas et bains de vapeur.<\/li>\n\n\n\n<li>Un <strong>paradis tropical<\/strong> avec des centaines de palmiers t&rsquo;attend aux bains Thermen &#038; Badewelt Sinsheim et Thermen &#038; Badewelt Euskirchen.<\/li>\n\n\n\n<li>Parmi les <strong>meilleurs thermes en Allemagne<\/strong> proches, on trouve le populaire Sibyllenbad pr\u00e8s de Cheb ou le superbe Toskana Therme Bad Schandau.<\/li>\n\n\n\n<li><strong>Pour les familles avec enfants<\/strong>, Erding est id\u00e9al, tandis que beaucoup d&rsquo;autres bains (comme Sinsheim) n&rsquo;autorisent l&rsquo;entr\u00e9e qu&rsquo;\u00e0 partir de 16 ans.<\/li>\n\n\n\n<li>Le <strong>style balinais<\/strong> et l&rsquo;ambiance orientale se savourent au Bali Therme ou au vabali spa Berlin.<\/li>\n\n\n\n<li>Le <strong>prix typique<\/strong> pour deux \u00e0 trois heures de baignade se situe entre 15 et 25 euros.<\/li>\n\n\n\n<li>Le <strong>sauna se pratique nu<\/strong> : la zone dite textilfreie est un standard d&rsquo;hygi\u00e8ne en Allemagne, et le maillot n&rsquo;a tout simplement pas sa place dans le sauna.<\/li>\n\n\n\n<li>Les <strong>tarifs horaires<\/strong> sont pi\u00e9geux, car on paie pour un nombre d&rsquo;heures pr\u00e9cis et tout d\u00e9passement est factur\u00e9.<\/li>\n\n\n\n<li>L&rsquo;<strong>h\u00f4tel avec Bademantelgang<\/strong> est la meilleure invention : depuis ta chambre, tu rejoins directement le bassin en simple peignoir.<\/li>\n\n\n<\/ul>\n\n\n\n<figure data-wp-context=\"{&quot;imageId&quot;:&quot;6a9c5ffc22abc&quot;}\" data-wp-interactive=\"core\/image\" data-wp-key=\"6a9c5ffc22abc\" class=\"wp-block-image size-full wp-lightbox-container\"><img decoding=\"async\" width=\"1800\" height=\"1201\" data-wp-class--hide=\"state.isContentHidden\" data-wp-class--show=\"state.isContentVisible\" data-wp-init=\"callbacks.setButtonStyles\" data-wp-on--click=\"actions.showLightbox\" data-wp-on--load=\"callbacks.setButtonStyles\" data-wp-on--pointerdown=\"actions.preloadImage\" data-wp-on--pointerenter=\"actions.preloadImageWithDelay\" data-wp-on--pointerleave=\"actions.cancelPreload\" data-wp-on-window--resize=\"callbacks.setButtonStyles\" src=\"https:\/\/loudavymkrokem.cz\/wp-content\/uploads\/2026\/09\/nemecko-clanky-termaly-nemecko-02-a0bf9c2b.jpg\" alt=\"C\u00e9r\u00e9monie de sauna Aufguss dans l&#039;univers sauna du Thermen &#038; Badewelt Sinsheim\" class=\"wp-image-415289\" title=\"\" srcset=\"https:\/\/loudavymkrokem.cz\/wp-content\/uploads\/2026\/09\/nemecko-clanky-termaly-nemecko-02-a0bf9c2b.jpg 1800w, https:\/\/loudavymkrokem.cz\/wp-content\/uploads\/2026\/09\/nemecko-clanky-termaly-nemecko-02-a0bf9c2b-300x200.jpg 300w, https:\/\/loudavymkrokem.cz\/wp-content\/uploads\/2026\/09\/nemecko-clanky-termaly-nemecko-02-a0bf9c2b-700x467.jpg 700w, https:\/\/loudavymkrokem.cz\/wp-content\/uploads\/2026\/09\/nemecko-clanky-termaly-nemecko-02-a0bf9c2b-768x512.jpg 768w, https:\/\/loudavymkrokem.cz\/wp-content\/uploads\/2026\/09\/nemecko-clanky-termaly-nemecko-02-a0bf9c2b-1536x1025.jpg 1536w, https:\/\/loudavymkrokem.cz\/wp-content\/uploads\/2026\/09\/nemecko-clanky-termaly-nemecko-02-a0bf9c2b-696x464.jpg 696w, https:\/\/loudavymkrokem.cz\/wp-content\/uploads\/2026\/09\/nemecko-clanky-termaly-nemecko-02-a0bf9c2b-1392x929.jpg 1392w\" sizes=\"(max-width: 1800px) 100vw, 1800px\" \/><button\n\t\t\tclass=\"lightbox-trigger\"\n\t\t\ttype=\"button\"\n\t\t\taria-haspopup=\"dialog\"\n\t\t\tdata-wp-bind--aria-label=\"state.thisImage.triggerButtonAriaLabel\"\n\t\t\tdata-wp-init=\"callbacks.initTriggerButton\"\n\t\t\tdata-wp-on--click=\"actions.showLightbox\"\n\t\t\tdata-wp-style--right=\"state.thisImage.buttonRight\"\n\t\t\tdata-wp-style--top=\"state.thisImage.buttonTop\"\n\t\t>\n\t\t\t<svg xmlns=\"http:\/\/www.w3.org\/2000\/svg\" width=\"12\" height=\"12\" fill=\"none\" viewBox=\"0 0 12 12\">\n\t\t\t\t<path fill=\"#fff\" d=\"M2 0a2 2 0 0 0-2 2v2h1.5V2a.5.5 0 0 1 .5-.5h2V0H2Zm2 10.5H2a.5.5 0 0 1-.5-.5V8H0v2a2 2 0 0 0 2 2h2v-1.5ZM8 12v-1.5h2a.5.5 0 0 0 .5-.5V8H12v2a2 2 0 0 1-2 2H8Zm2-12a2 2 0 0 1 2 2v2h-1.5V2a.5.5 0 0 0-.5-.5H8V0h2Z\" \/>\n\t\t\t<\/svg>\n\t\t<\/button><\/figure>\n\n\n\n<h2 class=\"wp-block-heading\"><span class=\"ez-toc-section\" id=\"Comment_fonctionnent_les_thermes_en_Allemagne_et_en_quoi_ils_different_des_notres\"><\/span>Comment fonctionnent les thermes en Allemagne (et en quoi ils diff\u00e8rent des n\u00f4tres)<span class=\"ez-toc-section-end\"><\/span><\/h2>\n\n\n\n<p class=\"wp-block-paragraph\">Chez nos voisins, l&rsquo;entr\u00e9e s&rsquo;ach\u00e8te rarement pour toute la journ\u00e9e. La norme, ce sont les <strong>tarifs de deux \u00e0 quatre heures<\/strong>, sachant que le temps commence \u00e0 courir d\u00e8s le passage du tourniquet. Si tu t&rsquo;attardes dans le jacuzzi, rien de grave, mais attends-toi \u00e0 ce qu&rsquo;on te facture un <strong>suppl\u00e9ment pour le d\u00e9passement<\/strong>. \u00c0 l&rsquo;Europa Therme Bad F\u00fcssing, par exemple, c&rsquo;est un euro pour chaque demi-heure entam\u00e9e.<\/p>\n\n\n\n<p class=\"wp-block-paragraph\">Autre grande diff\u00e9rence : la r\u00e9partition des zones. L&rsquo;entr\u00e9e de base ne donne souvent acc\u00e8s qu&rsquo;aux bassins thermaux, et les saunas sont en suppl\u00e9ment. Tu peux donc acheter soit un <strong>billet s\u00e9par\u00e9, soit un tarif combin\u00e9 plus avantageux<\/strong>. Mais d\u00e8s que tu franchis la porte de l&rsquo;univers sauna, tu dois laisser ton maillot au crochet, car les saunas allemands sont <strong>strictement textilfreie<\/strong> (sans maillot).<\/p>\n\n\n\n<p class=\"wp-block-paragraph\">La r\u00e8gle d&rsquo;or de l&rsquo;hygi\u00e8ne, c&rsquo;est ensuite la <strong>serviette obligatoire sous tout le corps<\/strong>. Tu ne dois pas t&rsquo;asseoir peau nue directement sur le bois, pieds compris, donc une tr\u00e8s grande serviette de bain est indispensable. Si tu n&rsquo;en as pas, la plupart des bains disposent d&rsquo;une <strong>location de peignoirs et de serviettes<\/strong>, o\u00f9 on te les fournit volontiers contre un suppl\u00e9ment et une caution remboursable.<\/p>\n\n\n\n<p class=\"wp-block-paragraph\">Un chapitre \u00e0 part, ce sont les c\u00e9r\u00e9monies de sauna qu&rsquo;on appelle en allemand Aufguss. Elles sont men\u00e9es par un <strong>Saunameister exp\u00e9riment\u00e9<\/strong> selon un planning affich\u00e9 pr\u00e8s de chaque cabine. D\u00e8s que la porte se referme et que l&rsquo;arrosage des pierres commence, <strong>plus personne ne te laisse entrer<\/strong>, mieux vaut donc arriver un peu en avance.<\/p>\n\n\n\n<p class=\"wp-block-paragraph\">Tout le s\u00e9jour est en plus totalement sans souci gr\u00e2ce \u00e0 la technologie. \u00c0 la place du portefeuille, tu <strong>re\u00e7ois une puce ou un bracelet<\/strong> avec lequel tu verrouilles ton casier et paies ton caf\u00e9 ou ton massage. Les femmes doivent savoir que beaucoup de bains, comme le Bodensee-Therme Konstanz, proposent aussi des <strong>journ\u00e9es de sauna r\u00e9serv\u00e9es aux dames<\/strong>, o\u00f9 tout l&rsquo;espace leur est d\u00e9di\u00e9.<\/p>\n\n\n\n<figure data-wp-context=\"{&quot;imageId&quot;:&quot;6a9c5ffc23027&quot;}\" data-wp-interactive=\"core\/image\" data-wp-key=\"6a9c5ffc23027\" class=\"wp-block-image size-full wp-lightbox-container\"><img decoding=\"async\" width=\"1800\" height=\"1012\" data-wp-class--hide=\"state.isContentHidden\" data-wp-class--show=\"state.isContentVisible\" data-wp-init=\"callbacks.setButtonStyles\" data-wp-on--click=\"actions.showLightbox\" data-wp-on--load=\"callbacks.setButtonStyles\" data-wp-on--pointerdown=\"actions.preloadImage\" data-wp-on--pointerenter=\"actions.preloadImageWithDelay\" data-wp-on--pointerleave=\"actions.cancelPreload\" data-wp-on-window--resize=\"callbacks.setButtonStyles\" src=\"https:\/\/loudavymkrokem.cz\/wp-content\/uploads\/2026\/09\/nemecko-clanky-termaly-nemecko-03-ffbe5d3a.jpg\" alt=\"Bassin int\u00e9rieur de style oriental dans l&#039;univers sauna du Mediterana\" class=\"wp-image-415290\" title=\"\" srcset=\"https:\/\/loudavymkrokem.cz\/wp-content\/uploads\/2026\/09\/nemecko-clanky-termaly-nemecko-03-ffbe5d3a.jpg 1800w, https:\/\/loudavymkrokem.cz\/wp-content\/uploads\/2026\/09\/nemecko-clanky-termaly-nemecko-03-ffbe5d3a-300x169.jpg 300w, https:\/\/loudavymkrokem.cz\/wp-content\/uploads\/2026\/09\/nemecko-clanky-termaly-nemecko-03-ffbe5d3a-700x394.jpg 700w, https:\/\/loudavymkrokem.cz\/wp-content\/uploads\/2026\/09\/nemecko-clanky-termaly-nemecko-03-ffbe5d3a-768x432.jpg 768w, https:\/\/loudavymkrokem.cz\/wp-content\/uploads\/2026\/09\/nemecko-clanky-termaly-nemecko-03-ffbe5d3a-1536x864.jpg 1536w, https:\/\/loudavymkrokem.cz\/wp-content\/uploads\/2026\/09\/nemecko-clanky-termaly-nemecko-03-ffbe5d3a-696x391.jpg 696w, https:\/\/loudavymkrokem.cz\/wp-content\/uploads\/2026\/09\/nemecko-clanky-termaly-nemecko-03-ffbe5d3a-1392x783.jpg 1392w\" sizes=\"(max-width: 1800px) 100vw, 1800px\" \/><button\n\t\t\tclass=\"lightbox-trigger\"\n\t\t\ttype=\"button\"\n\t\t\taria-haspopup=\"dialog\"\n\t\t\tdata-wp-bind--aria-label=\"state.thisImage.triggerButtonAriaLabel\"\n\t\t\tdata-wp-init=\"callbacks.initTriggerButton\"\n\t\t\tdata-wp-on--click=\"actions.showLightbox\"\n\t\t\tdata-wp-style--right=\"state.thisImage.buttonRight\"\n\t\t\tdata-wp-style--top=\"state.thisImage.buttonTop\"\n\t\t>\n\t\t\t<svg xmlns=\"http:\/\/www.w3.org\/2000\/svg\" width=\"12\" height=\"12\" fill=\"none\" viewBox=\"0 0 12 12\">\n\t\t\t\t<path fill=\"#fff\" d=\"M2 0a2 2 0 0 0-2 2v2h1.5V2a.5.5 0 0 1 .5-.5h2V0H2Zm2 10.5H2a.5.5 0 0 1-.5-.5V8H0v2a2 2 0 0 0 2 2h2v-1.5ZM8 12v-1.5h2a.5.5 0 0 0 .5-.5V8H12v2a2 2 0 0 1-2 2H8Zm2-12a2 2 0 0 1 2 2v2h-1.5V2a.5.5 0 0 0-.5-.5H8V0h2Z\" \/>\n\t\t\t<\/svg>\n\t\t<\/button><\/figure>\n\n\n\n<h2 class=\"wp-block-heading\"><span class=\"ez-toc-section\" id=\"Combien_ca_coute_et_quand_y_aller\"><\/span>Combien \u00e7a co\u00fbte et quand y aller<span class=\"ez-toc-section-end\"><\/span><\/h2>\n\n\n\n<p class=\"wp-block-paragraph\">Les prix (d&rsquo;apr\u00e8s les tarifs 2026) d\u00e9pendent bien s\u00fbr du luxe que tu t&rsquo;offres. Les <strong>thermes les moins chers<\/strong>, comme le Sibyllenbad, ne te co\u00fbteront que 9 euros pour deux heures. La plupart des bains classiques tournent autour de 15 \u00e0 20 euros pour une entr\u00e9e plus courte. \u00c0 l&rsquo;inverse, pour les <strong>immenses complexes tropicaux<\/strong> comme le Therme Bad W\u00f6rishofen, compte facilement 51 euros pour un billet journ\u00e9e. Les prix peuvent \u00e9videmment \u00e9voluer avec le temps.<\/p>\n\n\n\n<p class=\"wp-block-paragraph\">Si tu veux \u00e9conomiser un peu, \u00e7a vaut le coup d&rsquo;explorer les offres sp\u00e9ciales. Beaucoup d&rsquo;endroits proposent des <strong>tarifs matin ou soir avantageux<\/strong>, souvent appel\u00e9s Feierabendtarif. \u00c0 l&rsquo;inverse, les week-ends et jours f\u00e9ri\u00e9s sont plus chers, car les exploitants ajoutent g\u00e9n\u00e9ralement un <strong>suppl\u00e9ment week-end<\/strong> de deux \u00e0 trois euros au prix de base.<\/p>\n\n\n\n<p class=\"wp-block-paragraph\">Les familles avec enfants devraient v\u00e9rifier \u00e0 l&rsquo;avance si les bains acceptent les jeunes visiteurs. Alors que certains complexes vendent des <strong>tarifs familiaux avantageux<\/strong>, d&rsquo;autres, comme les luxueux Badewelten, appliquent une entr\u00e9e stricte \u00e0 partir de 16 ans. Tu profiteras du plus grand calme lors des <strong>matin\u00e9es en semaine<\/strong>, id\u00e9alement en dehors des vacances scolaires allemandes tr\u00e8s fr\u00e9quent\u00e9es.<\/p>\n\n\n\n<p class=\"wp-block-paragraph\">En saison hivernale, les bassins ext\u00e9rieurs chauds sont \u00e9videmment bond\u00e9s, si bien que les mois d&rsquo;\u00e9t\u00e9 promettent une ambiance bien plus intime. N&rsquo;oublie pas non plus que dans les villes thermales, on paie une taxe de s\u00e9jour appel\u00e9e Kurbeitrag. En \u00e9change, tu <strong>re\u00e7ois une pratique G\u00e4stekarte<\/strong> qui te donne souvent droit \u00e0 d&rsquo;agr\u00e9ables r\u00e9ductions sur l&rsquo;entr\u00e9e.<\/p>\n\n\n\n<figure data-wp-context=\"{&quot;imageId&quot;:&quot;6a9c5ffc23769&quot;}\" data-wp-interactive=\"core\/image\" data-wp-key=\"6a9c5ffc23769\" class=\"wp-block-image size-full wp-lightbox-container\"><img decoding=\"async\" width=\"1800\" height=\"1201\" data-wp-class--hide=\"state.isContentHidden\" data-wp-class--show=\"state.isContentVisible\" data-wp-init=\"callbacks.setButtonStyles\" data-wp-on--click=\"actions.showLightbox\" data-wp-on--load=\"callbacks.setButtonStyles\" data-wp-on--pointerdown=\"actions.preloadImage\" data-wp-on--pointerenter=\"actions.preloadImageWithDelay\" data-wp-on--pointerleave=\"actions.cancelPreload\" data-wp-on-window--resize=\"callbacks.setButtonStyles\" src=\"https:\/\/loudavymkrokem.cz\/wp-content\/uploads\/2026\/09\/nemecko-clanky-termaly-nemecko-04-a6d37903.jpg\" alt=\"Client en peignoir dans le jardin du Thermen &#038; Badewelt Euskirchen\" class=\"wp-image-415291\" title=\"\" srcset=\"https:\/\/loudavymkrokem.cz\/wp-content\/uploads\/2026\/09\/nemecko-clanky-termaly-nemecko-04-a6d37903.jpg 1800w, https:\/\/loudavymkrokem.cz\/wp-content\/uploads\/2026\/09\/nemecko-clanky-termaly-nemecko-04-a6d37903-300x200.jpg 300w, https:\/\/loudavymkrokem.cz\/wp-content\/uploads\/2026\/09\/nemecko-clanky-termaly-nemecko-04-a6d37903-700x467.jpg 700w, https:\/\/loudavymkrokem.cz\/wp-content\/uploads\/2026\/09\/nemecko-clanky-termaly-nemecko-04-a6d37903-768x512.jpg 768w, https:\/\/loudavymkrokem.cz\/wp-content\/uploads\/2026\/09\/nemecko-clanky-termaly-nemecko-04-a6d37903-1536x1025.jpg 1536w, https:\/\/loudavymkrokem.cz\/wp-content\/uploads\/2026\/09\/nemecko-clanky-termaly-nemecko-04-a6d37903-696x464.jpg 696w, https:\/\/loudavymkrokem.cz\/wp-content\/uploads\/2026\/09\/nemecko-clanky-termaly-nemecko-04-a6d37903-1392x929.jpg 1392w\" sizes=\"(max-width: 1800px) 100vw, 1800px\" \/><button\n\t\t\tclass=\"lightbox-trigger\"\n\t\t\ttype=\"button\"\n\t\t\taria-haspopup=\"dialog\"\n\t\t\tdata-wp-bind--aria-label=\"state.thisImage.triggerButtonAriaLabel\"\n\t\t\tdata-wp-init=\"callbacks.initTriggerButton\"\n\t\t\tdata-wp-on--click=\"actions.showLightbox\"\n\t\t\tdata-wp-style--right=\"state.thisImage.buttonRight\"\n\t\t\tdata-wp-style--top=\"state.thisImage.buttonTop\"\n\t\t>\n\t\t\t<svg xmlns=\"http:\/\/www.w3.org\/2000\/svg\" width=\"12\" height=\"12\" fill=\"none\" viewBox=\"0 0 12 12\">\n\t\t\t\t<path fill=\"#fff\" d=\"M2 0a2 2 0 0 0-2 2v2h1.5V2a.5.5 0 0 1 .5-.5h2V0H2Zm2 10.5H2a.5.5 0 0 1-.5-.5V8H0v2a2 2 0 0 0 2 2h2v-1.5ZM8 12v-1.5h2a.5.5 0 0 0 .5-.5V8H12v2a2 2 0 0 1-2 2H8Zm2-12a2 2 0 0 1 2 2v2h-1.5V2a.5.5 0 0 0-.5-.5H8V0h2Z\" \/>\n\t\t\t<\/svg>\n\t\t<\/button><\/figure>\n\n\n\n<h2 class=\"wp-block-heading\"><span class=\"ez-toc-section\" id=\"Ou_loger_lhotel_avec_Bademantelgang\"><\/span>O\u00f9 loger : l&rsquo;h\u00f4tel avec Bademantelgang<span class=\"ez-toc-section-end\"><\/span><\/h2>\n\n\n\n<p class=\"wp-block-paragraph\"><em>\ud83d\udca1 Astuce logement et activit\u00e9s : On compare les logements <a href=\"https:\/\/www.stay22.com\/allez\/roam?aid=lukaskonecny&#038;campaign=loudavymkrokemcz&#038;address=N%C4%9Bmecko\" target=\"_blank\" rel=\"nofollow noopener sponsored\">ici<\/a>, pour voir ce qui est libre et \u00e0 quel prix. On pr\u00e9f\u00e8re chercher sur <a href=\"https:\/\/www.booking.com\/searchresults.html?ss=N%C4%9Bmecko&#038;aid=2397601\" target=\"_blank\" rel=\"nofollow noopener sponsored\">Booking.com<\/a>, o\u00f9 les conditions d&rsquo;annulation sont souvent les meilleures. Les billets, excursions et activit\u00e9s, eux, valent la peine d&rsquo;\u00eatre compar\u00e9s et achet\u00e9s via <a href=\"https:\/\/www.getyourguide.com\/s\/?q=N%C4%9Bmecko&#038;partner_id=MKZ64IS\" target=\"_blank\" rel=\"nofollow noopener sponsored\">GetYourGuide<\/a>.<\/em><\/p>\n\n\n\n<p class=\"wp-block-paragraph\">S&rsquo;il existe une chose qui fait passer un week-end thermal \u00e0 un tout autre niveau, c&rsquo;est bien le fameux Bademantelgang. Litt\u00e9ralement, \u00e7a signifie <strong>couloir des peignoirs<\/strong>, et il s&rsquo;agit d&rsquo;un tunnel vitr\u00e9 ou souterrain qui relie ton h\u00f4tel directement au complexe thermal. Le matin, tu te l\u00e8ves, tu enfiles ton peignoir et <strong>en chaussons tu rejoins directement le bassin<\/strong>.<\/p>\n\n\n\n<p class=\"wp-block-paragraph\">Fini l&rsquo;habillage compliqu\u00e9, le rangement des sacs dans les casiers et la travers\u00e9e de la rue dans le froid hivernal. La plupart de ces h\u00e9bergements incluent en plus l&rsquo;<strong>acc\u00e8s aux bassins directement dans le prix de la nuit<\/strong>, ce qui, au final, est tr\u00e8s avantageux. Tu peux d&rsquo;ailleurs facilement trouver et r\u00e9server tous ces tr\u00e9sors via Booking, o\u00f9 tu vois aussi tout de suite les avis r\u00e9els.<\/p>\n\n\n\n<p class=\"wp-block-paragraph\">L&rsquo;<strong><a href=\"https:\/\/www.stay22.com\/allez\/roam?aid=lukaskonecny&#038;campaign=loudavymkrokemcz&#038;campaign=termaly-nemecko&#038;hotelname=Hotel%20Victory%20Therme%20Erding&#038;address=Erding%2C%20Nemecko\" target=\"_blank\" rel=\"noopener nofollow sponsored\">Hotel Victory Therme Erding<\/a><\/strong> \u00e0 Erding, en Bavi\u00e8re, se dresse directement \u00e0 l&rsquo;int\u00e9rieur de l&rsquo;immense complexe thermal Therme Erding. Les chambres \u00e9voquent une r\u00e9plique du c\u00e9l\u00e8bre navire HMS Victory ou un palazzo v\u00e9nitien, et les clients de l&rsquo;h\u00f4tel b\u00e9n\u00e9ficient <strong>dans le prix de la nuit d&rsquo;un acc\u00e8s direct depuis le lobby<\/strong> aux thermes, y compris les zones VitalOase et VitalTherme &#038; Saunen.<\/p>\n\n\n\n<p class=\"wp-block-paragraph\">Le <strong><a href=\"https:\/\/www.stay22.com\/allez\/roam?aid=lukaskonecny&#038;campaign=loudavymkrokemcz&#038;campaign=termaly-nemecko&#038;hotelname=Thermenhotel%20Gass&#038;address=Bad%20Fussing%2C%20Nemecko\" target=\"_blank\" rel=\"noopener nofollow sponsored\">Thermenhotel Gass<\/a><\/strong> \u00e0 Bad F\u00fcssing, en Bavi\u00e8re, est un h\u00f4tel trois \u00e9toiles sup\u00e9rieur et l&rsquo;un des rares endroits de la ville \u00e0 poss\u00e9der ses propres bassins. Ils sont <strong>remplis d&rsquo;eau thermale sulfureuse<\/strong> puis\u00e9e directement dans le fameux Therme 1, et tu y trouves aussi un superbe espace bien-\u00eatre avec bio-sauna, sauna finlandais, cabine infrarouge et bain de vapeur.<\/p>\n\n\n\n<p class=\"wp-block-paragraph\">L&rsquo;<strong><a href=\"https:\/\/www.stay22.com\/allez\/roam?aid=lukaskonecny&#038;campaign=loudavymkrokemcz&#038;campaign=termaly-nemecko&#038;hotelname=Hotel%20an%20der%20Therme%20Bad%20Sulza&#038;address=Bad%20Sulza%2C%20Nemecko\" target=\"_blank\" rel=\"noopener nofollow sponsored\">Hotel an der Therme Bad Sulza<\/a><\/strong> en Thuringe appartient au groupe Toskanaworld et c&rsquo;est justement le Bademantelgang de r\u00eave qui le relie au Toskana Therme. Dans le prix de la nuit, tu as un <strong>acc\u00e8s imm\u00e9diat aux thermes, univers sauna compris<\/strong>, et l&rsquo;excellent petit-d\u00e9jeuner ou les vastes chambres r\u00e9nov\u00e9es te raviront sans doute.<\/p>\n\n\n\n<p class=\"wp-block-paragraph\">Le <strong><a href=\"https:\/\/www.stay22.com\/allez\/roam?aid=lukaskonecny&#038;campaign=loudavymkrokemcz&#038;campaign=termaly-nemecko&#038;hotelname=Mauritius%20Hotel%20%26%20Therme&#038;address=Kolin%20nad%20Rynem%2C%20Nemecko\" target=\"_blank\" rel=\"noopener nofollow sponsored\">Mauritius Hotel &#038; Therme<\/a><\/strong> se situe en plein Cologne et se targue de quatre \u00e9toiles ainsi que d&rsquo;un immense espace bien-\u00eatre de 3 500 m\u00e8tres carr\u00e9s. Tu y trouves sept saunas, deux jacuzzis et un <strong>bassin ext\u00e9rieur au sel de la mer Morte<\/strong>, sachant que le client de l&rsquo;h\u00f4tel ne paie pour ce luxe qu&rsquo;un symbolique 10 euros par jour (m\u00eame le jour du d\u00e9part).<\/p>\n\n\n\n<p class=\"wp-block-paragraph\">L&rsquo;<strong><a href=\"https:\/\/www.stay22.com\/allez\/roam?aid=lukaskonecny&#038;campaign=loudavymkrokemcz&#038;campaign=termaly-nemecko&#038;hotelname=Hotel%20Zum%20Rittmeister&#038;address=Werder%20Havel%2C%20Nemecko\" target=\"_blank\" rel=\"noopener nofollow sponsored\">Hotel Zum Rittmeister<\/a><\/strong> dans la ville de Werder, dans le Brandebourg, propose 35 chambres cosy et d&rsquo;excellents petits-d\u00e9jeuners \u00e0 base de produits r\u00e9gionaux. Apr\u00e8s avoir r\u00e9gl\u00e9 la taxe de s\u00e9jour et pr\u00e9sent\u00e9 la G\u00e4stekarte, les clients b\u00e9n\u00e9ficient d&rsquo;une <strong>entr\u00e9e \u00e0 prix r\u00e9duit au Havel Therme voisin<\/strong>, surtout en semaine.<\/p>\n\n\n\n<p class=\"wp-block-paragraph\">L&rsquo;<strong><a href=\"https:\/\/www.stay22.com\/allez\/roam?aid=lukaskonecny&#038;campaign=loudavymkrokemcz&#038;campaign=termaly-nemecko&#038;hotelname=Hotel%20Palatin&#038;address=Wiesloch%2C%20Nemecko\" target=\"_blank\" rel=\"noopener nofollow sponsored\">Hotel Palatin<\/a><\/strong> \u00e0 Wiesloch, dans le Bade-Wurtemberg, fonctionne comme h\u00f4tel partenaire officiel du c\u00e9l\u00e8bre complexe Thermen &#038; Badewelt Sinsheim. Il propose des <strong>forfaits nuit et petit-d\u00e9jeuner tr\u00e8s avantageux<\/strong> qui incluent directement l&rsquo;entr\u00e9e aux thermes, \u00e0 partir de 79 euros par personne.<\/p>\n\n\n\n<p class=\"wp-block-paragraph\"><strong>\ud83d\udca1 Astuce :<\/strong> Si tu aimes tester les nouveaut\u00e9s, un <strong>tout nouvel h\u00f4tel quatre \u00e9toiles<\/strong> d&rsquo;une centaine de chambres est en construction depuis l&rsquo;\u00e9t\u00e9 2025 au VitaSol Therme de Bad Salzuflen. Son ach\u00e8vement est pr\u00e9vu pour 2027 et ce sera assur\u00e9ment un bijou.<\/p>\n\n\n\n<figure data-wp-context=\"{&quot;imageId&quot;:&quot;6a9c5ffc242dd&quot;}\" data-wp-interactive=\"core\/image\" data-wp-key=\"6a9c5ffc242dd\" class=\"wp-block-image size-full wp-lightbox-container\"><img decoding=\"async\" width=\"1800\" height=\"1397\" data-wp-class--hide=\"state.isContentHidden\" data-wp-class--show=\"state.isContentVisible\" data-wp-init=\"callbacks.setButtonStyles\" data-wp-on--click=\"actions.showLightbox\" data-wp-on--load=\"callbacks.setButtonStyles\" data-wp-on--pointerdown=\"actions.preloadImage\" data-wp-on--pointerenter=\"actions.preloadImageWithDelay\" data-wp-on--pointerleave=\"actions.cancelPreload\" data-wp-on-window--resize=\"callbacks.setButtonStyles\" src=\"https:\/\/loudavymkrokem.cz\/wp-content\/uploads\/2026\/09\/nemecko-clanky-termaly-nemecko-05-08e1f8c8.jpg\" alt=\"Bassin ext\u00e9rieur avec palmiers au Therme Erding en Bavi\u00e8re\" class=\"wp-image-415292\" title=\"\" srcset=\"https:\/\/loudavymkrokem.cz\/wp-content\/uploads\/2026\/09\/nemecko-clanky-termaly-nemecko-05-08e1f8c8.jpg 1800w, https:\/\/loudavymkrokem.cz\/wp-content\/uploads\/2026\/09\/nemecko-clanky-termaly-nemecko-05-08e1f8c8-300x233.jpg 300w, https:\/\/loudavymkrokem.cz\/wp-content\/uploads\/2026\/09\/nemecko-clanky-termaly-nemecko-05-08e1f8c8-700x543.jpg 700w, https:\/\/loudavymkrokem.cz\/wp-content\/uploads\/2026\/09\/nemecko-clanky-termaly-nemecko-05-08e1f8c8-768x596.jpg 768w, https:\/\/loudavymkrokem.cz\/wp-content\/uploads\/2026\/09\/nemecko-clanky-termaly-nemecko-05-08e1f8c8-1536x1192.jpg 1536w, https:\/\/loudavymkrokem.cz\/wp-content\/uploads\/2026\/09\/nemecko-clanky-termaly-nemecko-05-08e1f8c8-696x540.jpg 696w, https:\/\/loudavymkrokem.cz\/wp-content\/uploads\/2026\/09\/nemecko-clanky-termaly-nemecko-05-08e1f8c8-1392x1080.jpg 1392w\" sizes=\"(max-width: 1800px) 100vw, 1800px\" \/><button\n\t\t\tclass=\"lightbox-trigger\"\n\t\t\ttype=\"button\"\n\t\t\taria-haspopup=\"dialog\"\n\t\t\tdata-wp-bind--aria-label=\"state.thisImage.triggerButtonAriaLabel\"\n\t\t\tdata-wp-init=\"callbacks.initTriggerButton\"\n\t\t\tdata-wp-on--click=\"actions.showLightbox\"\n\t\t\tdata-wp-style--right=\"state.thisImage.buttonRight\"\n\t\t\tdata-wp-style--top=\"state.thisImage.buttonTop\"\n\t\t>\n\t\t\t<svg xmlns=\"http:\/\/www.w3.org\/2000\/svg\" width=\"12\" height=\"12\" fill=\"none\" viewBox=\"0 0 12 12\">\n\t\t\t\t<path fill=\"#fff\" d=\"M2 0a2 2 0 0 0-2 2v2h1.5V2a.5.5 0 0 1 .5-.5h2V0H2Zm2 10.5H2a.5.5 0 0 1-.5-.5V8H0v2a2 2 0 0 0 2 2h2v-1.5ZM8 12v-1.5h2a.5.5 0 0 0 .5-.5V8H12v2a2 2 0 0 1-2 2H8Zm2-12a2 2 0 0 1 2 2v2h-1.5V2a.5.5 0 0 0-.5-.5H8V0h2Z\" \/>\n\t\t\t<\/svg>\n\t\t<\/button><figcaption class=\"wp-element-caption\">Photo : Therme Erding \/ Wikimedia Commons, CC BY-SA 3.0<\/figcaption><\/figure>\n\n\n\n<h2 class=\"wp-block-heading\"><span class=\"ez-toc-section\" id=\"Thermes_en_Baviere\"><\/span>Thermes en Bavi\u00e8re<span class=\"ez-toc-section-end\"><\/span><\/h2>\n\n\n\n<p class=\"wp-block-paragraph\">La Bavi\u00e8re est une puissance thermale : au m\u00eame endroit cohabitent des complexes tropicaux avec toboggans et de paisibles villes d&rsquo;eaux, o\u00f9 l&rsquo;on boit l&rsquo;eau aussi souvent qu&rsquo;on s&rsquo;y baigne. Tu y trouves, selon son exploitant, le plus grand complexe thermal du monde, et des villes d&rsquo;eaux r\u00e9put\u00e9es comme Bad F\u00fcssing, Bad Griesbach ou Bad Kissingen offrent la plus large offre de baignade de toute l&rsquo;Allemagne. Avantage : beaucoup de ces complexes se trouvent parmi les thermes d&rsquo;Allemagne les plus proches de la fronti\u00e8re fran\u00e7aise.<\/p>\n\n\n\n<p class=\"wp-block-paragraph\">La Bavi\u00e8re est aussi une valeur s\u00fbre depuis la France : les complexes de Bad F\u00fcssing et Neualbenreuth sont facilement accessibles pour une escapade. C&rsquo;est un choix parfait si tu songes \u00e0 une \u00e9chapp\u00e9e rapide pour fuir l&rsquo;hiver et le stress le temps d&rsquo;un week-end. Sache que les thermes bavarois sont immenses, modernes et appliquent souvent des r\u00e8gles strictes pour l&rsquo;entr\u00e9e des enfants, alors v\u00e9rifie toujours \u00e0 l&rsquo;avance \u00e0 qui l&rsquo;endroit convient le mieux.<\/p>\n\n\n\n<figure data-wp-context=\"{&quot;imageId&quot;:&quot;6a9c5ffc247c9&quot;}\" data-wp-interactive=\"core\/image\" data-wp-key=\"6a9c5ffc247c9\" class=\"wp-block-image size-full wp-lightbox-container\"><img decoding=\"async\" width=\"1800\" height=\"1350\" data-wp-class--hide=\"state.isContentHidden\" data-wp-class--show=\"state.isContentVisible\" data-wp-init=\"callbacks.setButtonStyles\" data-wp-on--click=\"actions.showLightbox\" data-wp-on--load=\"callbacks.setButtonStyles\" data-wp-on--pointerdown=\"actions.preloadImage\" data-wp-on--pointerenter=\"actions.preloadImageWithDelay\" data-wp-on--pointerleave=\"actions.cancelPreload\" data-wp-on-window--resize=\"callbacks.setButtonStyles\" src=\"https:\/\/loudavymkrokem.cz\/wp-content\/uploads\/2026\/09\/nemecko-clanky-termaly-nemecko-06-89de543b.jpg\" alt=\"Therme Erding (Erding) : bassin tropical avec palmiers\" class=\"wp-image-415293\" title=\"\" srcset=\"https:\/\/loudavymkrokem.cz\/wp-content\/uploads\/2026\/09\/nemecko-clanky-termaly-nemecko-06-89de543b.jpg 1800w, https:\/\/loudavymkrokem.cz\/wp-content\/uploads\/2026\/09\/nemecko-clanky-termaly-nemecko-06-89de543b-300x225.jpg 300w, https:\/\/loudavymkrokem.cz\/wp-content\/uploads\/2026\/09\/nemecko-clanky-termaly-nemecko-06-89de543b-700x525.jpg 700w, https:\/\/loudavymkrokem.cz\/wp-content\/uploads\/2026\/09\/nemecko-clanky-termaly-nemecko-06-89de543b-768x576.jpg 768w, https:\/\/loudavymkrokem.cz\/wp-content\/uploads\/2026\/09\/nemecko-clanky-termaly-nemecko-06-89de543b-1536x1152.jpg 1536w, https:\/\/loudavymkrokem.cz\/wp-content\/uploads\/2026\/09\/nemecko-clanky-termaly-nemecko-06-89de543b-80x60.jpg 80w, https:\/\/loudavymkrokem.cz\/wp-content\/uploads\/2026\/09\/nemecko-clanky-termaly-nemecko-06-89de543b-160x120.jpg 160w, https:\/\/loudavymkrokem.cz\/wp-content\/uploads\/2026\/09\/nemecko-clanky-termaly-nemecko-06-89de543b-696x522.jpg 696w, https:\/\/loudavymkrokem.cz\/wp-content\/uploads\/2026\/09\/nemecko-clanky-termaly-nemecko-06-89de543b-1392x1044.jpg 1392w\" sizes=\"(max-width: 1800px) 100vw, 1800px\" \/><button\n\t\t\tclass=\"lightbox-trigger\"\n\t\t\ttype=\"button\"\n\t\t\taria-haspopup=\"dialog\"\n\t\t\tdata-wp-bind--aria-label=\"state.thisImage.triggerButtonAriaLabel\"\n\t\t\tdata-wp-init=\"callbacks.initTriggerButton\"\n\t\t\tdata-wp-on--click=\"actions.showLightbox\"\n\t\t\tdata-wp-style--right=\"state.thisImage.buttonRight\"\n\t\t\tdata-wp-style--top=\"state.thisImage.buttonTop\"\n\t\t>\n\t\t\t<svg xmlns=\"http:\/\/www.w3.org\/2000\/svg\" width=\"12\" height=\"12\" fill=\"none\" viewBox=\"0 0 12 12\">\n\t\t\t\t<path fill=\"#fff\" d=\"M2 0a2 2 0 0 0-2 2v2h1.5V2a.5.5 0 0 1 .5-.5h2V0H2Zm2 10.5H2a.5.5 0 0 1-.5-.5V8H0v2a2 2 0 0 0 2 2h2v-1.5ZM8 12v-1.5h2a.5.5 0 0 0 .5-.5V8H12v2a2 2 0 0 1-2 2H8Zm2-12a2 2 0 0 1 2 2v2h-1.5V2a.5.5 0 0 0-.5-.5H8V0h2Z\" \/>\n\t\t\t<\/svg>\n\t\t<\/button><figcaption class=\"wp-element-caption\">Photo : Therme Erding \/ Wikimedia Commons, domaine public<\/figcaption><\/figure>\n\n\n\n<h3 class=\"wp-block-heading\"><span class=\"ez-toc-section\" id=\"1_Therme_Erding_Erding\"><\/span>1. Therme Erding (Erding)<span class=\"ez-toc-section-end\"><\/span><\/h3>\n\n\n\n<p class=\"wp-block-paragraph\">Ce complexe situ\u00e9 dans la ville d&rsquo;Erding revendique, selon son exploitant, le titre de <strong>plus grand thermal du monde<\/strong>. Sa surface totale s&rsquo;\u00e9tendait en 2019 sur d&rsquo;incroyables <strong>430 000 m\u00e8tres carr\u00e9s<\/strong>. Sur ce total, 185 000 m\u00e8tres carr\u00e9s bien tass\u00e9s forment la surface utile directement d\u00e9di\u00e9e aux visiteurs. Le complexe se divise en quatre parties principales : la partie thermale classique Thermenparadies, la zone action Galaxy Erding et les zones de d\u00e9tente VitalOase et VitalTherme &#038; Saunen.<\/p>\n\n\n\n<p class=\"wp-block-paragraph\">\u00c0 l&rsquo;int\u00e9rieur t&rsquo;attendent d&rsquo;impressionnants <strong>40 bassins et plans d&rsquo;eau<\/strong>, compl\u00e9t\u00e9s par un total de 38 saunas et bains de vapeur vari\u00e9s. Les temp\u00e9ratures dans les saunas vont d&rsquo;agr\u00e9ables 38 \u00b0C aux 90 \u00b0C infernaux. Pour les amateurs de sensations, il y a <strong>28 toboggans<\/strong> pour une longueur totale de plus de 2 850 m\u00e8tres. Si tu aimes te laisser bercer par les vagues, l&rsquo;immense piscine \u00e0 vagues te ravira, avec une eau \u00e0 34 \u00b0C et des vagues atteignant jusqu&rsquo;\u00e0 deux m\u00e8tres de haut.<\/p>\n\n\n\n<p class=\"wp-block-paragraph\">La temp\u00e9rature moyenne de l&rsquo;air dans tout le complexe se maintient \u00e0 des tropicaux 28 \u00b0C. Tu y trouves aussi une vraie curiosit\u00e9 : Polaris, pr\u00e9tendument le <strong>plus grand bassin froid du monde<\/strong>, avec une eau \u00e0 14-18 \u00b0C. \u00c0 l&rsquo;inverse, dans la zone VitalTherme, tu te r\u00e9chaufferas dans un grand bassin de champagne ou un petit bassin de m\u00e9ditation \u00e0 34 \u00b0C. <strong>\ud83d\udca1 Astuce :<\/strong> R\u00e9serve vraiment une journ\u00e9e enti\u00e8re \u00e0 ta visite, car le complexe est si grand qu&rsquo;en quelques heures tu ne verras qu&rsquo;une fraction des attractions.<\/p>\n\n\n\n<figure data-wp-context=\"{&quot;imageId&quot;:&quot;6a9c5ffc24d7f&quot;}\" data-wp-interactive=\"core\/image\" data-wp-key=\"6a9c5ffc24d7f\" class=\"wp-block-image size-full wp-lightbox-container\"><img decoding=\"async\" width=\"1800\" height=\"1350\" data-wp-class--hide=\"state.isContentHidden\" data-wp-class--show=\"state.isContentVisible\" data-wp-init=\"callbacks.setButtonStyles\" data-wp-on--click=\"actions.showLightbox\" data-wp-on--load=\"callbacks.setButtonStyles\" data-wp-on--pointerdown=\"actions.preloadImage\" data-wp-on--pointerenter=\"actions.preloadImageWithDelay\" data-wp-on--pointerleave=\"actions.cancelPreload\" data-wp-on-window--resize=\"callbacks.setButtonStyles\" src=\"https:\/\/loudavymkrokem.cz\/wp-content\/uploads\/2026\/09\/nemecko-clanky-termaly-nemecko-07-5c780451.jpg\" alt=\"Therme Bad W\u00f6rishofen (Bad W\u00f6rishofen)\" class=\"wp-image-415294\" title=\"\" srcset=\"https:\/\/loudavymkrokem.cz\/wp-content\/uploads\/2026\/09\/nemecko-clanky-termaly-nemecko-07-5c780451.jpg 1800w, https:\/\/loudavymkrokem.cz\/wp-content\/uploads\/2026\/09\/nemecko-clanky-termaly-nemecko-07-5c780451-300x225.jpg 300w, https:\/\/loudavymkrokem.cz\/wp-content\/uploads\/2026\/09\/nemecko-clanky-termaly-nemecko-07-5c780451-700x525.jpg 700w, https:\/\/loudavymkrokem.cz\/wp-content\/uploads\/2026\/09\/nemecko-clanky-termaly-nemecko-07-5c780451-768x576.jpg 768w, https:\/\/loudavymkrokem.cz\/wp-content\/uploads\/2026\/09\/nemecko-clanky-termaly-nemecko-07-5c780451-1536x1152.jpg 1536w, https:\/\/loudavymkrokem.cz\/wp-content\/uploads\/2026\/09\/nemecko-clanky-termaly-nemecko-07-5c780451-80x60.jpg 80w, https:\/\/loudavymkrokem.cz\/wp-content\/uploads\/2026\/09\/nemecko-clanky-termaly-nemecko-07-5c780451-160x120.jpg 160w, https:\/\/loudavymkrokem.cz\/wp-content\/uploads\/2026\/09\/nemecko-clanky-termaly-nemecko-07-5c780451-696x522.jpg 696w, https:\/\/loudavymkrokem.cz\/wp-content\/uploads\/2026\/09\/nemecko-clanky-termaly-nemecko-07-5c780451-1392x1044.jpg 1392w\" sizes=\"(max-width: 1800px) 100vw, 1800px\" \/><button\n\t\t\tclass=\"lightbox-trigger\"\n\t\t\ttype=\"button\"\n\t\t\taria-haspopup=\"dialog\"\n\t\t\tdata-wp-bind--aria-label=\"state.thisImage.triggerButtonAriaLabel\"\n\t\t\tdata-wp-init=\"callbacks.initTriggerButton\"\n\t\t\tdata-wp-on--click=\"actions.showLightbox\"\n\t\t\tdata-wp-style--right=\"state.thisImage.buttonRight\"\n\t\t\tdata-wp-style--top=\"state.thisImage.buttonTop\"\n\t\t>\n\t\t\t<svg xmlns=\"http:\/\/www.w3.org\/2000\/svg\" width=\"12\" height=\"12\" fill=\"none\" viewBox=\"0 0 12 12\">\n\t\t\t\t<path fill=\"#fff\" d=\"M2 0a2 2 0 0 0-2 2v2h1.5V2a.5.5 0 0 1 .5-.5h2V0H2Zm2 10.5H2a.5.5 0 0 1-.5-.5V8H0v2a2 2 0 0 0 2 2h2v-1.5ZM8 12v-1.5h2a.5.5 0 0 0 .5-.5V8H12v2a2 2 0 0 1-2 2H8Zm2-12a2 2 0 0 1 2 2v2h-1.5V2a.5.5 0 0 0-.5-.5H8V0h2Z\" \/>\n\t\t\t<\/svg>\n\t\t<\/button><figcaption class=\"wp-element-caption\">Photo : Therme Bad W\u00f6rishofen 2010 \/ Wikimedia Commons, CC BY-SA 3.0<\/figcaption><\/figure>\n\n\n\n<h3 class=\"wp-block-heading\"><span class=\"ez-toc-section\" id=\"2_Therme_Bad_Worishofen_Bad_Worishofen\"><\/span>2. Therme Bad W\u00f6rishofen (Bad W\u00f6rishofen)<span class=\"ez-toc-section-end\"><\/span><\/h3>\n\n\n\n<p class=\"wp-block-paragraph\">Les thermes de la petite ville de Bad W\u00f6rishofen abritent une curiosit\u00e9 mondiale : l&rsquo;immense sauna rustique <strong>Blockhaus am See pour plus de 150 personnes<\/strong>. Il figure parmi les plus grands saunas du monde et tu y vivras une atmosph\u00e8re absolument unique. Tout le paysage thermal s&rsquo;\u00e9tend ici sur une surface impressionnante de plus de <strong>5 000 m\u00e8tres carr\u00e9s<\/strong> et sa construction s&rsquo;est d\u00e9roul\u00e9e entre 2001 et 2004 sous la houlette de l&rsquo;investisseur Josef Wund.<\/p>\n\n\n\n<p class=\"wp-block-paragraph\">Tu profiteras de la baignade dans huit bassins remplis d&rsquo;une eau thermale bienfaisante. L&rsquo;univers sauna propose <strong>plus de 15 saunas th\u00e9matiques<\/strong>, parmi lesquels se distinguent le superbe Alhambra mauresque, le sauna romain classique ou le sauna de m\u00e9ditation japonais compl\u00e9t\u00e9 par un magnifique aquarium de carpes ko\u00ef. Les enfants disposent d&rsquo;un toboggan et d&rsquo;une grande glissoire rapide, mais ils ne sont accessibles qu&rsquo;\u00e0 des horaires r\u00e9serv\u00e9s dans le bassin sportif.<\/p>\n\n\n\n<p class=\"wp-block-paragraph\">D&rsquo;apr\u00e8s le tarif 2026, tu paieras <strong>27 EUR<\/strong> pour une entr\u00e9e de deux heures, 35 EUR pour quatre heures et 51 EUR pour un billet journ\u00e9e. L&rsquo;acc\u00e8s au sauna co\u00fbte 5 EUR de plus, et les week-ends ou jours f\u00e9ri\u00e9s, compte un suppl\u00e9ment de 3 EUR. L&rsquo;\u00e2ge minimum d&rsquo;entr\u00e9e est ici <strong>strictement fix\u00e9 \u00e0 16 ans<\/strong>. <strong>\ud83d\udca1 Astuce :<\/strong> Si tu veux venir avec de jeunes enfants, tu dois venir exclusivement le samedi entre 9 h et 19 h, lors du fameux Family Samstag, o\u00f9 l&rsquo;entr\u00e9e familiale pour trois personnes revient \u00e0 74 EUR.<\/p>\n\n\n\n<figure data-wp-context=\"{&quot;imageId&quot;:&quot;6a9c5ffc2527d&quot;}\" data-wp-interactive=\"core\/image\" data-wp-key=\"6a9c5ffc2527d\" class=\"wp-block-image size-full wp-lightbox-container\"><img decoding=\"async\" width=\"1800\" height=\"1350\" data-wp-class--hide=\"state.isContentHidden\" data-wp-class--show=\"state.isContentVisible\" data-wp-init=\"callbacks.setButtonStyles\" data-wp-on--click=\"actions.showLightbox\" data-wp-on--load=\"callbacks.setButtonStyles\" data-wp-on--pointerdown=\"actions.preloadImage\" data-wp-on--pointerenter=\"actions.preloadImageWithDelay\" data-wp-on--pointerleave=\"actions.cancelPreload\" data-wp-on-window--resize=\"callbacks.setButtonStyles\" src=\"https:\/\/loudavymkrokem.cz\/wp-content\/uploads\/2026\/09\/nemecko-clanky-termaly-nemecko-08-779c2251.jpg\" alt=\"Entr\u00e9e du Therme Bad Aibling avec sa coupole vitr\u00e9e\" class=\"wp-image-415295\" title=\"\" srcset=\"https:\/\/loudavymkrokem.cz\/wp-content\/uploads\/2026\/09\/nemecko-clanky-termaly-nemecko-08-779c2251.jpg 1800w, https:\/\/loudavymkrokem.cz\/wp-content\/uploads\/2026\/09\/nemecko-clanky-termaly-nemecko-08-779c2251-300x225.jpg 300w, https:\/\/loudavymkrokem.cz\/wp-content\/uploads\/2026\/09\/nemecko-clanky-termaly-nemecko-08-779c2251-700x525.jpg 700w, https:\/\/loudavymkrokem.cz\/wp-content\/uploads\/2026\/09\/nemecko-clanky-termaly-nemecko-08-779c2251-768x576.jpg 768w, https:\/\/loudavymkrokem.cz\/wp-content\/uploads\/2026\/09\/nemecko-clanky-termaly-nemecko-08-779c2251-1536x1152.jpg 1536w, https:\/\/loudavymkrokem.cz\/wp-content\/uploads\/2026\/09\/nemecko-clanky-termaly-nemecko-08-779c2251-80x60.jpg 80w, https:\/\/loudavymkrokem.cz\/wp-content\/uploads\/2026\/09\/nemecko-clanky-termaly-nemecko-08-779c2251-160x120.jpg 160w, https:\/\/loudavymkrokem.cz\/wp-content\/uploads\/2026\/09\/nemecko-clanky-termaly-nemecko-08-779c2251-696x522.jpg 696w, https:\/\/loudavymkrokem.cz\/wp-content\/uploads\/2026\/09\/nemecko-clanky-termaly-nemecko-08-779c2251-1392x1044.jpg 1392w\" sizes=\"(max-width: 1800px) 100vw, 1800px\" \/><button\n\t\t\tclass=\"lightbox-trigger\"\n\t\t\ttype=\"button\"\n\t\t\taria-haspopup=\"dialog\"\n\t\t\tdata-wp-bind--aria-label=\"state.thisImage.triggerButtonAriaLabel\"\n\t\t\tdata-wp-init=\"callbacks.initTriggerButton\"\n\t\t\tdata-wp-on--click=\"actions.showLightbox\"\n\t\t\tdata-wp-style--right=\"state.thisImage.buttonRight\"\n\t\t\tdata-wp-style--top=\"state.thisImage.buttonTop\"\n\t\t>\n\t\t\t<svg xmlns=\"http:\/\/www.w3.org\/2000\/svg\" width=\"12\" height=\"12\" fill=\"none\" viewBox=\"0 0 12 12\">\n\t\t\t\t<path fill=\"#fff\" d=\"M2 0a2 2 0 0 0-2 2v2h1.5V2a.5.5 0 0 1 .5-.5h2V0H2Zm2 10.5H2a.5.5 0 0 1-.5-.5V8H0v2a2 2 0 0 0 2 2h2v-1.5ZM8 12v-1.5h2a.5.5 0 0 0 .5-.5V8H12v2a2 2 0 0 1-2 2H8Zm2-12a2 2 0 0 1 2 2v2h-1.5V2a.5.5 0 0 0-.5-.5H8V0h2Z\" \/>\n\t\t\t<\/svg>\n\t\t<\/button><\/figure>\n\n\n\n<h3 class=\"wp-block-heading\"><span class=\"ez-toc-section\" id=\"3_Therme_Bad_Aibling_Bad_Aibling\"><\/span>3. Therme Bad Aibling (Bad Aibling)<span class=\"ez-toc-section-end\"><\/span><\/h3>\n\n\n\n<p class=\"wp-block-paragraph\">Une exp\u00e9rience tout \u00e0 fait inhabituelle t&rsquo;attend \u00e0 Bad Aibling, o\u00f9 le complexe est construit en forme de coupoles reli\u00e9es entre elles. Dans l&rsquo;une d&rsquo;elles, d&rsquo;un diam\u00e8tre de 11 m\u00e8tres, <strong>7 vid\u00e9oprojecteurs projettent m\u00eame une image de 135 m\u00e8tres carr\u00e9s<\/strong> directement sur la face interne de la vo\u00fbte. Tout le paysage thermal s&rsquo;enfonce d\u00e9licatement dans la topographie du terrain alentour et s&rsquo;\u00e9tend sur d&rsquo;\u00e9tonnants <strong>10 000 m\u00e8tres carr\u00e9s<\/strong>, dont plus de 600 m\u00e8tres carr\u00e9s de plans d&rsquo;eau.<\/p>\n\n\n\n<p class=\"wp-block-paragraph\">Dans les diff\u00e9rentes coupoles plus ou moins closes, tu profiteras d&rsquo;un repos m\u00e9ditatif dans une eau thermale \u00e0 de belles <strong>32 \u00e0 36 \u00b0C<\/strong>. La particularit\u00e9, ici, c&rsquo;est le sauna qui utilise le principe Physiotherm : une transpiration douce, de l&rsquo;int\u00e9rieur vers l&rsquo;ext\u00e9rieur, garantie d\u00e8s 30 \u00b0C. C&rsquo;est sans doute le choix id\u00e9al pour ceux d&rsquo;entre vous dont la circulation supporte mal les saunas chauds classiques.<\/p>\n\n\n\n<p class=\"wp-block-paragraph\">D&rsquo;apr\u00e8s le tarif 2026, une entr\u00e9e de quatre heures co\u00fbte <strong>28 EUR<\/strong> pour un adulte et le billet journ\u00e9e s&rsquo;obtient pour 33 EUR. Si tu veux aussi profiter du sauna, ajoute 6 EUR. Les enfants et adolescents de moins de 14 ans ne peuvent venir qu&rsquo;accompagn\u00e9s d&rsquo;un adulte. <strong>\ud83d\udca1 Astuce :<\/strong> Ajoute sur place la c\u00e9r\u00e9monie de boue (Moorzeremonie) \u00e0 7 EUR ou un agr\u00e9able gommage au sel \u00e0 4 EUR, ta peau te remerciera.<\/p>\n\n\n\n<figure data-wp-context=\"{&quot;imageId&quot;:&quot;6a9c5ffc2587a&quot;}\" data-wp-interactive=\"core\/image\" data-wp-key=\"6a9c5ffc2587a\" class=\"wp-block-image size-full wp-lightbox-container\"><img decoding=\"async\" width=\"1800\" height=\"1800\" data-wp-class--hide=\"state.isContentHidden\" data-wp-class--show=\"state.isContentVisible\" data-wp-init=\"callbacks.setButtonStyles\" data-wp-on--click=\"actions.showLightbox\" data-wp-on--load=\"callbacks.setButtonStyles\" data-wp-on--pointerdown=\"actions.preloadImage\" data-wp-on--pointerenter=\"actions.preloadImageWithDelay\" data-wp-on--pointerleave=\"actions.cancelPreload\" data-wp-on-window--resize=\"callbacks.setButtonStyles\" src=\"https:\/\/loudavymkrokem.cz\/wp-content\/uploads\/2026\/09\/nemecko-clanky-termaly-nemecko-09-cf7ab67f.jpg\" alt=\"KissSalis Therme (Bad Kissingen) : bassin ext\u00e9rieur\" class=\"wp-image-415296\" title=\"\" srcset=\"https:\/\/loudavymkrokem.cz\/wp-content\/uploads\/2026\/09\/nemecko-clanky-termaly-nemecko-09-cf7ab67f.jpg 1800w, https:\/\/loudavymkrokem.cz\/wp-content\/uploads\/2026\/09\/nemecko-clanky-termaly-nemecko-09-cf7ab67f-300x300.jpg 300w, https:\/\/loudavymkrokem.cz\/wp-content\/uploads\/2026\/09\/nemecko-clanky-termaly-nemecko-09-cf7ab67f-700x700.jpg 700w, https:\/\/loudavymkrokem.cz\/wp-content\/uploads\/2026\/09\/nemecko-clanky-termaly-nemecko-09-cf7ab67f-150x150.jpg 150w, https:\/\/loudavymkrokem.cz\/wp-content\/uploads\/2026\/09\/nemecko-clanky-termaly-nemecko-09-cf7ab67f-768x768.jpg 768w, https:\/\/loudavymkrokem.cz\/wp-content\/uploads\/2026\/09\/nemecko-clanky-termaly-nemecko-09-cf7ab67f-1536x1536.jpg 1536w, https:\/\/loudavymkrokem.cz\/wp-content\/uploads\/2026\/09\/nemecko-clanky-termaly-nemecko-09-cf7ab67f-696x696.jpg 696w, https:\/\/loudavymkrokem.cz\/wp-content\/uploads\/2026\/09\/nemecko-clanky-termaly-nemecko-09-cf7ab67f-1392x1392.jpg 1392w\" sizes=\"(max-width: 1800px) 100vw, 1800px\" \/><button\n\t\t\tclass=\"lightbox-trigger\"\n\t\t\ttype=\"button\"\n\t\t\taria-haspopup=\"dialog\"\n\t\t\tdata-wp-bind--aria-label=\"state.thisImage.triggerButtonAriaLabel\"\n\t\t\tdata-wp-init=\"callbacks.initTriggerButton\"\n\t\t\tdata-wp-on--click=\"actions.showLightbox\"\n\t\t\tdata-wp-style--right=\"state.thisImage.buttonRight\"\n\t\t\tdata-wp-style--top=\"state.thisImage.buttonTop\"\n\t\t>\n\t\t\t<svg xmlns=\"http:\/\/www.w3.org\/2000\/svg\" width=\"12\" height=\"12\" fill=\"none\" viewBox=\"0 0 12 12\">\n\t\t\t\t<path fill=\"#fff\" d=\"M2 0a2 2 0 0 0-2 2v2h1.5V2a.5.5 0 0 1 .5-.5h2V0H2Zm2 10.5H2a.5.5 0 0 1-.5-.5V8H0v2a2 2 0 0 0 2 2h2v-1.5ZM8 12v-1.5h2a.5.5 0 0 0 .5-.5V8H12v2a2 2 0 0 1-2 2H8Zm2-12a2 2 0 0 1 2 2v2h-1.5V2a.5.5 0 0 0-.5-.5H8V0h2Z\" \/>\n\t\t\t<\/svg>\n\t\t<\/button><\/figure>\n\n\n\n<h3 class=\"wp-block-heading\"><span class=\"ez-toc-section\" id=\"4_KissSalis_Therme_Bad_Kissingen\"><\/span>4. KissSalis Therme (Bad Kissingen)<span class=\"ez-toc-section-end\"><\/span><\/h3>\n\n\n\n<p class=\"wp-block-paragraph\">Rends-toi dans ces thermes de Bad Kissingen si tu cherches un complexe vraiment vaste et vari\u00e9. Il s&rsquo;\u00e9tend sur une surface de <strong>8 000 m\u00e8tres carr\u00e9s<\/strong> et tu y trouves au total 10 bassins int\u00e9rieurs et ext\u00e9rieurs. La grande majorit\u00e9 est remplie d&rsquo;une pr\u00e9cieuse eau thermale directement issue de Bad Kissingen. Le paysage thermal int\u00e9rieur, qui offre de g\u00e9n\u00e9reux 1 000 m\u00e8tres carr\u00e9s de plans d&rsquo;eau, te r\u00e9chauffera dans une eau \u00e0 <strong>32 \u00e0 38 \u00b0C<\/strong>.<\/p>\n\n\n\n<p class=\"wp-block-paragraph\">Le c\u0153ur du complexe est un grand bassin int\u00e9rieur avec transats de massage et cascade, prolong\u00e9 par deux jacuzzis \u00e0 une temp\u00e9rature allant jusqu&rsquo;\u00e0 38 \u00b0C. Dehors, tu seras conquis par un bassin ext\u00e9rieur chaud, un canal \u00e0 courant et un bassin salin intensif sp\u00e9cial, dont la <strong>concentration en sel de 6 \u00e0 8 %<\/strong> te fait merveilleusement flotter sous le ciel \u00e9toil\u00e9. Pour te rafra\u00eechir, le bassin froid \u00e0 18 \u00b0C ou les chemins de Kneipp en alternance font parfaitement l&rsquo;affaire, les galets massant agr\u00e9ablement les zones r\u00e9flexes des pieds.<\/p>\n\n\n\n<p class=\"wp-block-paragraph\">Le parc sauna est ici une v\u00e9ritable oasis de calme avec un vaste jardin. Il propose au total <strong>9 saunas et bains de vapeur diff\u00e9rents<\/strong>, o\u00f9 se d\u00e9roulent de nombreux rituels. Si tu supportes une forte humidit\u00e9, essaie le bain de vapeur vitr\u00e9 \u00e0 47 \u00b0C et 100 % d&rsquo;humidit\u00e9. <strong>\ud83d\udca1 Astuce :<\/strong> N&rsquo;oublie pas de passer par l&rsquo;inhalation saline, o\u00f9, entre 40 et 45 \u00b0C, coule une saumure naturelle qui d\u00e9gage fantastiquement bien les voies respiratoires.<\/p>\n\n\n\n<figure data-wp-context=\"{&quot;imageId&quot;:&quot;6a9c5ffc25e4e&quot;}\" data-wp-interactive=\"core\/image\" data-wp-key=\"6a9c5ffc25e4e\" class=\"wp-block-image size-full wp-lightbox-container\"><img decoding=\"async\" width=\"1800\" height=\"1200\" data-wp-class--hide=\"state.isContentHidden\" data-wp-class--show=\"state.isContentVisible\" data-wp-init=\"callbacks.setButtonStyles\" data-wp-on--click=\"actions.showLightbox\" data-wp-on--load=\"callbacks.setButtonStyles\" data-wp-on--pointerdown=\"actions.preloadImage\" data-wp-on--pointerenter=\"actions.preloadImageWithDelay\" data-wp-on--pointerleave=\"actions.cancelPreload\" data-wp-on-window--resize=\"callbacks.setButtonStyles\" src=\"https:\/\/loudavymkrokem.cz\/wp-content\/uploads\/2026\/09\/nemecko-clanky-termaly-nemecko-10-62b37e1f.jpg\" alt=\"Hotel Victory Therme Erding (Erding)\" class=\"wp-image-415297\" title=\"\" srcset=\"https:\/\/loudavymkrokem.cz\/wp-content\/uploads\/2026\/09\/nemecko-clanky-termaly-nemecko-10-62b37e1f.jpg 1800w, https:\/\/loudavymkrokem.cz\/wp-content\/uploads\/2026\/09\/nemecko-clanky-termaly-nemecko-10-62b37e1f-300x200.jpg 300w, https:\/\/loudavymkrokem.cz\/wp-content\/uploads\/2026\/09\/nemecko-clanky-termaly-nemecko-10-62b37e1f-700x467.jpg 700w, https:\/\/loudavymkrokem.cz\/wp-content\/uploads\/2026\/09\/nemecko-clanky-termaly-nemecko-10-62b37e1f-768x512.jpg 768w, https:\/\/loudavymkrokem.cz\/wp-content\/uploads\/2026\/09\/nemecko-clanky-termaly-nemecko-10-62b37e1f-1536x1024.jpg 1536w, https:\/\/loudavymkrokem.cz\/wp-content\/uploads\/2026\/09\/nemecko-clanky-termaly-nemecko-10-62b37e1f-696x464.jpg 696w, https:\/\/loudavymkrokem.cz\/wp-content\/uploads\/2026\/09\/nemecko-clanky-termaly-nemecko-10-62b37e1f-1392x928.jpg 1392w\" sizes=\"(max-width: 1800px) 100vw, 1800px\" \/><button\n\t\t\tclass=\"lightbox-trigger\"\n\t\t\ttype=\"button\"\n\t\t\taria-haspopup=\"dialog\"\n\t\t\tdata-wp-bind--aria-label=\"state.thisImage.triggerButtonAriaLabel\"\n\t\t\tdata-wp-init=\"callbacks.initTriggerButton\"\n\t\t\tdata-wp-on--click=\"actions.showLightbox\"\n\t\t\tdata-wp-style--right=\"state.thisImage.buttonRight\"\n\t\t\tdata-wp-style--top=\"state.thisImage.buttonTop\"\n\t\t>\n\t\t\t<svg xmlns=\"http:\/\/www.w3.org\/2000\/svg\" width=\"12\" height=\"12\" fill=\"none\" viewBox=\"0 0 12 12\">\n\t\t\t\t<path fill=\"#fff\" d=\"M2 0a2 2 0 0 0-2 2v2h1.5V2a.5.5 0 0 1 .5-.5h2V0H2Zm2 10.5H2a.5.5 0 0 1-.5-.5V8H0v2a2 2 0 0 0 2 2h2v-1.5ZM8 12v-1.5h2a.5.5 0 0 0 .5-.5V8H12v2a2 2 0 0 1-2 2H8Zm2-12a2 2 0 0 1 2 2v2h-1.5V2a.5.5 0 0 0-.5-.5H8V0h2Z\" \/>\n\t\t\t<\/svg>\n\t\t<\/button><\/figure>\n\n\n\n<h3 class=\"wp-block-heading\"><span class=\"ez-toc-section\" id=\"5_Hotel_Victory_Therme_Erding_Erding\"><\/span>5. Hotel Victory Therme Erding (Erding)<span class=\"ez-toc-section-end\"><\/span><\/h3>\n\n\n\n<p class=\"wp-block-paragraph\">Ici, il faut le dire d&#8217;embl\u00e9e : il ne s&rsquo;agit pas d&rsquo;un thermal public classique, mais d&rsquo;un <strong>h\u00f4tel de luxe situ\u00e9 directement dans l&rsquo;enceinte<\/strong> des c\u00e9l\u00e8bres bains Therme Erding. L&rsquo;architecture du b\u00e2timent est absolument \u00e9poustouflante : de l&rsquo;ext\u00e9rieur, il ressemble \u00e0 une r\u00e9plique parfaite du navire historique HMS Victory associ\u00e9 \u00e0 un fastueux palais v\u00e9nitien. C&rsquo;est sans doute l&rsquo;h\u00e9bergement le plus romantique que tu puisses vivre dans les thermes allemands.<\/p>\n\n\n\n<p class=\"wp-block-paragraph\">Les clients disposent de <strong>128 chambres \u00e0 th\u00e8me<\/strong>, r\u00e9parties en sept cat\u00e9gories diff\u00e9rentes. Tu peux dormir dans les fameuses Captain&rsquo;s Cabins, avec lits de bateau et magnifique vue panoramique directement sur la piscine \u00e0 vagues tropicale. Si tu pr\u00e9f\u00e8res l&rsquo;\u00e9l\u00e9gance italienne, choisis les chambres Serenissima de style v\u00e9nitien avec grandes portes de loggia.<\/p>\n\n\n\n<p class=\"wp-block-paragraph\">\u00c9norme avantage : depuis le lobby de l&rsquo;h\u00f4tel, tu rejoins la piscine \u00e0 vagues directement en peignoir. Le prix de chaque nuit inclut en plus d\u00e9j\u00e0 l&rsquo;<strong>acc\u00e8s aux thermes<\/strong>, zones de d\u00e9tente VitalOase et VitalTherme &#038; Saunen comprises. \u00c7a convient aussi bien aux couples qu&rsquo;aux familles en qu\u00eate d&rsquo;une exp\u00e9rience originale. <strong>\ud83d\udca1 Astuce :<\/strong> Fais tr\u00e8s attention lors de la r\u00e9servation : le site officiel est therme-erding.de, tandis que hotelerding.com n&rsquo;est qu&rsquo;un comparateur d&rsquo;h\u00e9bergements et n&rsquo;appartient pas directement \u00e0 l&rsquo;h\u00f4tel.<\/p>\n\n\n\n<figure data-wp-context=\"{&quot;imageId&quot;:&quot;6a9c5ffc2633f&quot;}\" data-wp-interactive=\"core\/image\" data-wp-key=\"6a9c5ffc2633f\" class=\"wp-block-image size-full wp-lightbox-container\"><img decoding=\"async\" width=\"1800\" height=\"2400\" data-wp-class--hide=\"state.isContentHidden\" data-wp-class--show=\"state.isContentVisible\" data-wp-init=\"callbacks.setButtonStyles\" data-wp-on--click=\"actions.showLightbox\" data-wp-on--load=\"callbacks.setButtonStyles\" data-wp-on--pointerdown=\"actions.preloadImage\" data-wp-on--pointerenter=\"actions.preloadImageWithDelay\" data-wp-on--pointerleave=\"actions.cancelPreload\" data-wp-on-window--resize=\"callbacks.setButtonStyles\" src=\"https:\/\/loudavymkrokem.cz\/wp-content\/uploads\/2026\/09\/nemecko-clanky-termaly-nemecko-11-338dff9e.jpg\" alt=\"Franken-Therme (Bad Windsheim)\" class=\"wp-image-415298\" title=\"\" srcset=\"https:\/\/loudavymkrokem.cz\/wp-content\/uploads\/2026\/09\/nemecko-clanky-termaly-nemecko-11-338dff9e.jpg 1800w, https:\/\/loudavymkrokem.cz\/wp-content\/uploads\/2026\/09\/nemecko-clanky-termaly-nemecko-11-338dff9e-225x300.jpg 225w, https:\/\/loudavymkrokem.cz\/wp-content\/uploads\/2026\/09\/nemecko-clanky-termaly-nemecko-11-338dff9e-700x933.jpg 700w, https:\/\/loudavymkrokem.cz\/wp-content\/uploads\/2026\/09\/nemecko-clanky-termaly-nemecko-11-338dff9e-768x1024.jpg 768w, https:\/\/loudavymkrokem.cz\/wp-content\/uploads\/2026\/09\/nemecko-clanky-termaly-nemecko-11-338dff9e-1152x1536.jpg 1152w, https:\/\/loudavymkrokem.cz\/wp-content\/uploads\/2026\/09\/nemecko-clanky-termaly-nemecko-11-338dff9e-1536x2048.jpg 1536w, https:\/\/loudavymkrokem.cz\/wp-content\/uploads\/2026\/09\/nemecko-clanky-termaly-nemecko-11-338dff9e-696x928.jpg 696w, https:\/\/loudavymkrokem.cz\/wp-content\/uploads\/2026\/09\/nemecko-clanky-termaly-nemecko-11-338dff9e-1392x1856.jpg 1392w\" sizes=\"(max-width: 1800px) 100vw, 1800px\" \/><button\n\t\t\tclass=\"lightbox-trigger\"\n\t\t\ttype=\"button\"\n\t\t\taria-haspopup=\"dialog\"\n\t\t\tdata-wp-bind--aria-label=\"state.thisImage.triggerButtonAriaLabel\"\n\t\t\tdata-wp-init=\"callbacks.initTriggerButton\"\n\t\t\tdata-wp-on--click=\"actions.showLightbox\"\n\t\t\tdata-wp-style--right=\"state.thisImage.buttonRight\"\n\t\t\tdata-wp-style--top=\"state.thisImage.buttonTop\"\n\t\t>\n\t\t\t<svg xmlns=\"http:\/\/www.w3.org\/2000\/svg\" width=\"12\" height=\"12\" fill=\"none\" viewBox=\"0 0 12 12\">\n\t\t\t\t<path fill=\"#fff\" d=\"M2 0a2 2 0 0 0-2 2v2h1.5V2a.5.5 0 0 1 .5-.5h2V0H2Zm2 10.5H2a.5.5 0 0 1-.5-.5V8H0v2a2 2 0 0 0 2 2h2v-1.5ZM8 12v-1.5h2a.5.5 0 0 0 .5-.5V8H12v2a2 2 0 0 1-2 2H8Zm2-12a2 2 0 0 1 2 2v2h-1.5V2a.5.5 0 0 0-.5-.5H8V0h2Z\" \/>\n\t\t\t<\/svg>\n\t\t<\/button><figcaption class=\"wp-element-caption\">Photo : Andreas Wolf 01 \/ Wikimedia Commons, CC BY 4.0<\/figcaption><\/figure>\n\n\n\n<h3 class=\"wp-block-heading\"><span class=\"ez-toc-section\" id=\"6_Franken-Therme_Bad_Windsheim\"><\/span>6. Franken-Therme (Bad Windsheim)<span class=\"ez-toc-section-end\"><\/span><\/h3>\n\n\n\n<p class=\"wp-block-paragraph\">Dans la petite ville bavaroise de Bad Windsheim t&rsquo;attend une exp\u00e9rience digne de la mer Morte. La fiert\u00e9 locale, c&rsquo;est en effet une zone sp\u00e9ciale avec un lac sal\u00e9 artificiel \u00e0 la <strong>salinit\u00e9 extr\u00eame de 26,9 %<\/strong>. L&rsquo;eau est temp\u00e9r\u00e9e \u00e0 d&rsquo;agr\u00e9ables 26 \u00e0 30 \u00b0C et, gr\u00e2ce \u00e0 l&rsquo;\u00e9norme densit\u00e9 en sel, tu y flotteras \u00e0 la surface sans le moindre effort. Cette saumure thermale est puis\u00e9e \u00e0 une source situ\u00e9e \u00e0 seulement 200 m\u00e8tres du complexe.<\/p>\n\n\n\n<p class=\"wp-block-paragraph\">Outre ce lac extr\u00eamement sal\u00e9, tu trouves ici deux autres bassins int\u00e9rieurs \u00e0 12 % de sel et une eau \u00e0 34-36 \u00b0C. Les halls de bain classiques proposent ensuite <strong>trois bassins thermaux salins<\/strong> \u00e0 une concentration de 1,5 \u00e0 4 % de sel, ainsi qu&rsquo;un bassin ext\u00e9rieur. Le complexe, inaugur\u00e9 en d\u00e9cembre 2005 pour pr\u00e8s de 19 millions d&rsquo;euros puis agrandi, d\u00e9gage une impression tr\u00e8s moderne et a\u00e9rienne.<\/p>\n\n\n\n<p class=\"wp-block-paragraph\">On y trouve aussi deux bains de vapeur textiles et de vastes salles de repos. Tu peux en plus t&rsquo;offrir toutes sortes de soins bien-\u00eatre qui durent de <strong>20 \u00e0 120 minutes<\/strong>. L&rsquo;ensemble agit comme un baume prodigieux sur le corps fatigu\u00e9 et la peau. <strong>\ud83d\udca1 Astuce :<\/strong> Apr\u00e8s la baignade dans le lac le plus sal\u00e9, va toujours te doucher directement, car une fois s\u00e8ches, les cristaux de sel peuvent d\u00e9manger d\u00e9sagr\u00e9ablement la peau.<\/p>\n\n\n\n<figure data-wp-context=\"{&quot;imageId&quot;:&quot;6a9c5ffc26808&quot;}\" data-wp-interactive=\"core\/image\" data-wp-key=\"6a9c5ffc26808\" class=\"wp-block-image size-full wp-lightbox-container\"><img decoding=\"async\" width=\"1800\" height=\"1200\" data-wp-class--hide=\"state.isContentHidden\" data-wp-class--show=\"state.isContentVisible\" data-wp-init=\"callbacks.setButtonStyles\" data-wp-on--click=\"actions.showLightbox\" data-wp-on--load=\"callbacks.setButtonStyles\" data-wp-on--pointerdown=\"actions.preloadImage\" data-wp-on--pointerenter=\"actions.preloadImageWithDelay\" data-wp-on--pointerleave=\"actions.cancelPreload\" data-wp-on-window--resize=\"callbacks.setButtonStyles\" src=\"https:\/\/loudavymkrokem.cz\/wp-content\/uploads\/2026\/09\/nemecko-clanky-termaly-nemecko-12-c567f0aa.jpg\" alt=\"Bassin ext\u00e9rieur du K\u00f6nigliche Kristall-Therme \u00e0 Schwangau avec vue sur les Alpes\" class=\"wp-image-415476\" title=\"\" srcset=\"https:\/\/loudavymkrokem.cz\/wp-content\/uploads\/2026\/09\/nemecko-clanky-termaly-nemecko-12-c567f0aa.jpg 1800w, https:\/\/loudavymkrokem.cz\/wp-content\/uploads\/2026\/09\/nemecko-clanky-termaly-nemecko-12-c567f0aa-300x200.jpg 300w, https:\/\/loudavymkrokem.cz\/wp-content\/uploads\/2026\/09\/nemecko-clanky-termaly-nemecko-12-c567f0aa-700x467.jpg 700w, https:\/\/loudavymkrokem.cz\/wp-content\/uploads\/2026\/09\/nemecko-clanky-termaly-nemecko-12-c567f0aa-768x512.jpg 768w, https:\/\/loudavymkrokem.cz\/wp-content\/uploads\/2026\/09\/nemecko-clanky-termaly-nemecko-12-c567f0aa-1536x1024.jpg 1536w, https:\/\/loudavymkrokem.cz\/wp-content\/uploads\/2026\/09\/nemecko-clanky-termaly-nemecko-12-c567f0aa-696x464.jpg 696w, https:\/\/loudavymkrokem.cz\/wp-content\/uploads\/2026\/09\/nemecko-clanky-termaly-nemecko-12-c567f0aa-1392x928.jpg 1392w\" sizes=\"(max-width: 1800px) 100vw, 1800px\" \/><button\n\t\t\tclass=\"lightbox-trigger\"\n\t\t\ttype=\"button\"\n\t\t\taria-haspopup=\"dialog\"\n\t\t\tdata-wp-bind--aria-label=\"state.thisImage.triggerButtonAriaLabel\"\n\t\t\tdata-wp-init=\"callbacks.initTriggerButton\"\n\t\t\tdata-wp-on--click=\"actions.showLightbox\"\n\t\t\tdata-wp-style--right=\"state.thisImage.buttonRight\"\n\t\t\tdata-wp-style--top=\"state.thisImage.buttonTop\"\n\t\t>\n\t\t\t<svg xmlns=\"http:\/\/www.w3.org\/2000\/svg\" width=\"12\" height=\"12\" fill=\"none\" viewBox=\"0 0 12 12\">\n\t\t\t\t<path fill=\"#fff\" d=\"M2 0a2 2 0 0 0-2 2v2h1.5V2a.5.5 0 0 1 .5-.5h2V0H2Zm2 10.5H2a.5.5 0 0 1-.5-.5V8H0v2a2 2 0 0 0 2 2h2v-1.5ZM8 12v-1.5h2a.5.5 0 0 0 .5-.5V8H12v2a2 2 0 0 1-2 2H8Zm2-12a2 2 0 0 1 2 2v2h-1.5V2a.5.5 0 0 0-.5-.5H8V0h2Z\" \/>\n\t\t\t<\/svg>\n\t\t<\/button><\/figure>\n\n\n\n<h3 class=\"wp-block-heading\"><span class=\"ez-toc-section\" id=\"7_Konigliche_Kristall-Therme_Schwangau\"><\/span>7. K\u00f6nigliche Kristall-Therme (Schwangau)<span class=\"ez-toc-section-end\"><\/span><\/h3>\n\n\n\n<p class=\"wp-block-paragraph\">Cet endroit \u00e0 Schwangau te charmera rien que par son emplacement : directement depuis les bassins thermaux, tu profites d&rsquo;une <strong>vue panoramique<\/strong> sur le paysage alentour et, en hiver, sur les Alpes enneig\u00e9es. Toute la surface de d\u00e9tente et thermale s&rsquo;\u00e9tend sur d&rsquo;impressionnants 14 000 m\u00e8tres carr\u00e9s. L&rsquo;eau thermale locale contient 2,5 % de sel et, gr\u00e2ce \u00e0 sa temp\u00e9rature d&rsquo;environ 34 \u00b0C, agit sur la peau comme un doux gommage, si bien que tu la retrouveras nettement plus douce apr\u00e8s le bain.<\/p>\n\n\n\n<p class=\"wp-block-paragraph\">Les bassins ext\u00e9rieurs comme int\u00e9rieurs te r\u00e9chauffent dans une eau \u00e0 32-36 \u00b0C. Les jets de massage locaux sont tout simplement magnifiques et p\u00e9trissent d\u00e9licatement dos, jambes, ventre et fessiers. Les amateurs de sauna sont combl\u00e9s : le complexe abrite <strong>5 saunas th\u00e9matiques<\/strong> \u00e0 des temp\u00e9ratures de 60 \u00e0 100 \u00b0C, trois \u00e0 l&rsquo;int\u00e9rieur et deux \u00e0 l&rsquo;ext\u00e9rieur. Tu y trouves en plus un hammam ottoman et deux bains de vapeur jusqu&rsquo;\u00e0 48 \u00b0C.<\/p>\n\n\n\n<p class=\"wp-block-paragraph\">D&rsquo;apr\u00e8s le tarif 2026, le tarif du soir (Feierabendtarif) \u00e0 partir de 18 h co\u00fbte <strong>19 EUR<\/strong> pour un adulte au seul thermal et <strong>26 EUR<\/strong> dans la formule avec Wohlf\u00fchltherme et Zauberberg. C&rsquo;est un endroit id\u00e9al pour une escapade romantique \u00e0 deux. <strong>\ud83d\udca1 Astuce :<\/strong> Le tarif du soir s&rsquo;applique toute l&rsquo;ann\u00e9e, mais attention, il n&rsquo;est pas valable les week-ends ni pendant les f\u00eates bavaroises.<\/p>\n\n\n\n<figure data-wp-context=\"{&quot;imageId&quot;:&quot;6a9c5ffc26df0&quot;}\" data-wp-interactive=\"core\/image\" data-wp-key=\"6a9c5ffc26df0\" class=\"wp-block-image size-full wp-lightbox-container\"><img decoding=\"async\" width=\"1714\" height=\"2560\" data-wp-class--hide=\"state.isContentHidden\" data-wp-class--show=\"state.isContentVisible\" data-wp-init=\"callbacks.setButtonStyles\" data-wp-on--click=\"actions.showLightbox\" data-wp-on--load=\"callbacks.setButtonStyles\" data-wp-on--pointerdown=\"actions.preloadImage\" data-wp-on--pointerenter=\"actions.preloadImageWithDelay\" data-wp-on--pointerleave=\"actions.cancelPreload\" data-wp-on-window--resize=\"callbacks.setButtonStyles\" src=\"https:\/\/loudavymkrokem.cz\/wp-content\/uploads\/2026\/09\/nemecko-clanky-termaly-nemecko-13-83289bd6-scaled.jpg\" alt=\"Limes-Therme (Bad G\u00f6gging) : partie sauna\" class=\"wp-image-415302\" title=\"\" srcset=\"https:\/\/loudavymkrokem.cz\/wp-content\/uploads\/2026\/09\/nemecko-clanky-termaly-nemecko-13-83289bd6-scaled.jpg 1714w, https:\/\/loudavymkrokem.cz\/wp-content\/uploads\/2026\/09\/nemecko-clanky-termaly-nemecko-13-83289bd6-201x300.jpg 201w, https:\/\/loudavymkrokem.cz\/wp-content\/uploads\/2026\/09\/nemecko-clanky-termaly-nemecko-13-83289bd6-700x1045.jpg 700w, https:\/\/loudavymkrokem.cz\/wp-content\/uploads\/2026\/09\/nemecko-clanky-termaly-nemecko-13-83289bd6-768x1147.jpg 768w, https:\/\/loudavymkrokem.cz\/wp-content\/uploads\/2026\/09\/nemecko-clanky-termaly-nemecko-13-83289bd6-1029x1536.jpg 1029w, https:\/\/loudavymkrokem.cz\/wp-content\/uploads\/2026\/09\/nemecko-clanky-termaly-nemecko-13-83289bd6-1371x2048.jpg 1371w, https:\/\/loudavymkrokem.cz\/wp-content\/uploads\/2026\/09\/nemecko-clanky-termaly-nemecko-13-83289bd6-696x1039.jpg 696w, https:\/\/loudavymkrokem.cz\/wp-content\/uploads\/2026\/09\/nemecko-clanky-termaly-nemecko-13-83289bd6-1392x2079.jpg 1392w\" sizes=\"(max-width: 1714px) 100vw, 1714px\" \/><button\n\t\t\tclass=\"lightbox-trigger\"\n\t\t\ttype=\"button\"\n\t\t\taria-haspopup=\"dialog\"\n\t\t\tdata-wp-bind--aria-label=\"state.thisImage.triggerButtonAriaLabel\"\n\t\t\tdata-wp-init=\"callbacks.initTriggerButton\"\n\t\t\tdata-wp-on--click=\"actions.showLightbox\"\n\t\t\tdata-wp-style--right=\"state.thisImage.buttonRight\"\n\t\t\tdata-wp-style--top=\"state.thisImage.buttonTop\"\n\t\t>\n\t\t\t<svg xmlns=\"http:\/\/www.w3.org\/2000\/svg\" width=\"12\" height=\"12\" fill=\"none\" viewBox=\"0 0 12 12\">\n\t\t\t\t<path fill=\"#fff\" d=\"M2 0a2 2 0 0 0-2 2v2h1.5V2a.5.5 0 0 1 .5-.5h2V0H2Zm2 10.5H2a.5.5 0 0 1-.5-.5V8H0v2a2 2 0 0 0 2 2h2v-1.5ZM8 12v-1.5h2a.5.5 0 0 0 .5-.5V8H12v2a2 2 0 0 1-2 2H8Zm2-12a2 2 0 0 1 2 2v2h-1.5V2a.5.5 0 0 0-.5-.5H8V0h2Z\" \/>\n\t\t\t<\/svg>\n\t\t<\/button><figcaption class=\"wp-element-caption\">Photo : Bad G\u00f6gging from Bad G\u00f6gging, Deutschland \/ Wikimedia Commons, CC BY 2.0<\/figcaption><\/figure>\n\n\n\n<h3 class=\"wp-block-heading\"><span class=\"ez-toc-section\" id=\"8_Limes-Therme_Bad_Gogging\"><\/span>8. Limes-Therme (Bad G\u00f6gging)<span class=\"ez-toc-section-end\"><\/span><\/h3>\n\n\n\n<p class=\"wp-block-paragraph\">\u00c0 Bad G\u00f6gging, tu tomberas sur des thermes aux racines tr\u00e8s profondes. L&rsquo;eau curative y est en effet puis\u00e9e \u00e0 une <strong>profondeur impressionnante de plus de 600 m\u00e8tres<\/strong> et regorge d&rsquo;oligo-\u00e9l\u00e9ments importants. Le complexe se targue en plus d&rsquo;une eau sulfureuse qui jaillit d&rsquo;une profondeur de 120 m\u00e8tres et conserve sa temp\u00e9rature naturelle de 13,5 \u00b0C et sa forte teneur en soufre. C&rsquo;est un complexe tr\u00e8s particulier, qui ravira surtout les amateurs de thermalisme paisible.<\/p>\n\n\n\n<p class=\"wp-block-paragraph\">Les visiteurs disposent au total de <strong>15 bassins int\u00e9rieurs et ext\u00e9rieurs<\/strong>, qui forment ensemble un plan d&rsquo;eau de 1 250 m\u00e8tres carr\u00e9s. Dans les bassins thermaux, la temp\u00e9rature va de rafra\u00eechissants 28 \u00b0C \u00e0 de chauds 36 \u00b0C. Tu y trouves par exemple les trois bassins Nymph\u00e4a \u00e0 diff\u00e9rents niveaux ou un bassin th\u00e9rapeutique sp\u00e9cial. Le clou du spectacle est le sauna romain, avec ses pi\u00e8ces chaudes chauff\u00e9es jusqu&rsquo;\u00e0 90 \u00b0C, ses bassins de refroidissement et ses zones de lavage.<\/p>\n\n\n\n<p class=\"wp-block-paragraph\">D&rsquo;apr\u00e8s le tarif 2026, un billet de trois heures en soir\u00e9e \u00e0 partir de 17 h revient \u00e0 <strong>15 EUR<\/strong>. Si tu veux aussi tester le sauna romain, ajoute 7 EUR au tarif. Le complexe est en plus entour\u00e9 d&rsquo;un jardin idyllique de 600 m\u00e8tres carr\u00e9s. <strong>\ud83d\udca1 Astuce :<\/strong> En \u00e9t\u00e9, r\u00e9serve absolument du temps pour te d\u00e9tendre dans cet immense jardin, le calme et la s\u00e9r\u00e9nit\u00e9 y sont exceptionnels.<\/p>\n\n\n\n<figure data-wp-context=\"{&quot;imageId&quot;:&quot;6a9c5ffc27679&quot;}\" data-wp-interactive=\"core\/image\" data-wp-key=\"6a9c5ffc27679\" class=\"wp-block-image size-full wp-lightbox-container\"><img decoding=\"async\" width=\"1800\" height=\"1200\" data-wp-class--hide=\"state.isContentHidden\" data-wp-class--show=\"state.isContentVisible\" data-wp-init=\"callbacks.setButtonStyles\" data-wp-on--click=\"actions.showLightbox\" data-wp-on--load=\"callbacks.setButtonStyles\" data-wp-on--pointerdown=\"actions.preloadImage\" data-wp-on--pointerenter=\"actions.preloadImageWithDelay\" data-wp-on--pointerleave=\"actions.cancelPreload\" data-wp-on-window--resize=\"callbacks.setButtonStyles\" src=\"https:\/\/loudavymkrokem.cz\/wp-content\/uploads\/2026\/09\/nemecko-clanky-termaly-nemecko-14-1b6f61cf.jpg\" alt=\"Therme Bad Griesbach (Bad Griesbach)\" class=\"wp-image-415303\" title=\"\" srcset=\"https:\/\/loudavymkrokem.cz\/wp-content\/uploads\/2026\/09\/nemecko-clanky-termaly-nemecko-14-1b6f61cf.jpg 1800w, https:\/\/loudavymkrokem.cz\/wp-content\/uploads\/2026\/09\/nemecko-clanky-termaly-nemecko-14-1b6f61cf-300x200.jpg 300w, https:\/\/loudavymkrokem.cz\/wp-content\/uploads\/2026\/09\/nemecko-clanky-termaly-nemecko-14-1b6f61cf-700x467.jpg 700w, https:\/\/loudavymkrokem.cz\/wp-content\/uploads\/2026\/09\/nemecko-clanky-termaly-nemecko-14-1b6f61cf-768x512.jpg 768w, https:\/\/loudavymkrokem.cz\/wp-content\/uploads\/2026\/09\/nemecko-clanky-termaly-nemecko-14-1b6f61cf-1536x1024.jpg 1536w, https:\/\/loudavymkrokem.cz\/wp-content\/uploads\/2026\/09\/nemecko-clanky-termaly-nemecko-14-1b6f61cf-696x464.jpg 696w, https:\/\/loudavymkrokem.cz\/wp-content\/uploads\/2026\/09\/nemecko-clanky-termaly-nemecko-14-1b6f61cf-1392x928.jpg 1392w\" sizes=\"(max-width: 1800px) 100vw, 1800px\" \/><button\n\t\t\tclass=\"lightbox-trigger\"\n\t\t\ttype=\"button\"\n\t\t\taria-haspopup=\"dialog\"\n\t\t\tdata-wp-bind--aria-label=\"state.thisImage.triggerButtonAriaLabel\"\n\t\t\tdata-wp-init=\"callbacks.initTriggerButton\"\n\t\t\tdata-wp-on--click=\"actions.showLightbox\"\n\t\t\tdata-wp-style--right=\"state.thisImage.buttonRight\"\n\t\t\tdata-wp-style--top=\"state.thisImage.buttonTop\"\n\t\t>\n\t\t\t<svg xmlns=\"http:\/\/www.w3.org\/2000\/svg\" width=\"12\" height=\"12\" fill=\"none\" viewBox=\"0 0 12 12\">\n\t\t\t\t<path fill=\"#fff\" d=\"M2 0a2 2 0 0 0-2 2v2h1.5V2a.5.5 0 0 1 .5-.5h2V0H2Zm2 10.5H2a.5.5 0 0 1-.5-.5V8H0v2a2 2 0 0 0 2 2h2v-1.5ZM8 12v-1.5h2a.5.5 0 0 0 .5-.5V8H12v2a2 2 0 0 1-2 2H8Zm2-12a2 2 0 0 1 2 2v2h-1.5V2a.5.5 0 0 0-.5-.5H8V0h2Z\" \/>\n\t\t\t<\/svg>\n\t\t<\/button><\/figure>\n\n\n\n<h3 class=\"wp-block-heading\"><span class=\"ez-toc-section\" id=\"9_Therme_Bad_Griesbach_Bad_Griesbach\"><\/span>9. Therme Bad Griesbach (Bad Griesbach)<span class=\"ez-toc-section-end\"><\/span><\/h3>\n\n\n\n<p class=\"wp-block-paragraph\">On cherche le plus souvent ce complexe sous le nom de la petite ville, mais officiellement il s&rsquo;appelle THERME EINS. Sa grande curiosit\u00e9 est l&rsquo;univers sauna Saunahof, am\u00e9nag\u00e9 dans une <strong>authentique ferme carr\u00e9e du Rottal datant du XVIIIe si\u00e8cle<\/strong>. L&rsquo;alliance de l&rsquo;ancienne architecture rustique et de l&rsquo;exp\u00e9rience wellness moderne fonctionne ici \u00e0 merveille et cr\u00e9e une atmosph\u00e8re incroyablement chaleureuse.<\/p>\n\n\n\n<p class=\"wp-block-paragraph\">La partie baignade proprement dite propose pas moins de <strong>12 bassins thermaux<\/strong>, bourr\u00e9s d&rsquo;attractions aquatiques en tout genre. Tu peux te faire masser sous les cascades, parcourir un circuit de massage ou simplement te d\u00e9tendre dans les jacuzzis. La temp\u00e9rature de l&rsquo;eau satisfera vraiment tout le monde, puisqu&rsquo;elle va d&rsquo;agr\u00e9ables 30 \u00b0C \u00e0 d&rsquo;incroyablement chauds 42 \u00b0C.<\/p>\n\n\n\n<p class=\"wp-block-paragraph\">Dans la ferme historique \u00e9voqu\u00e9e se cachent ensuite sept saunas diff\u00e9rents et un bain de vapeur romain classique. C&rsquo;est un endroit taill\u00e9 pour les couples et les amateurs de sauna traditionnel dans un cadre inhabituel. <strong>\ud83d\udca1 Astuce :<\/strong> Lors de la saisie dans le GPS, cherche vraiment le nom THERME EINS, l&rsquo;appellation officielle te conduira bien plus s\u00fbrement au parking.<\/p>\n\n\n\n<figure data-wp-context=\"{&quot;imageId&quot;:&quot;6a9c5ffc27fa5&quot;}\" data-wp-interactive=\"core\/image\" data-wp-key=\"6a9c5ffc27fa5\" class=\"wp-block-image size-full wp-lightbox-container\"><img decoding=\"async\" width=\"1800\" height=\"843\" data-wp-class--hide=\"state.isContentHidden\" data-wp-class--show=\"state.isContentVisible\" data-wp-init=\"callbacks.setButtonStyles\" data-wp-on--click=\"actions.showLightbox\" data-wp-on--load=\"callbacks.setButtonStyles\" data-wp-on--pointerdown=\"actions.preloadImage\" data-wp-on--pointerenter=\"actions.preloadImageWithDelay\" data-wp-on--pointerleave=\"actions.cancelPreload\" data-wp-on-window--resize=\"callbacks.setButtonStyles\" src=\"https:\/\/loudavymkrokem.cz\/wp-content\/uploads\/2026\/09\/nemecko-clanky-termaly-nemecko-15-c78f7327.jpg\" alt=\"Partie sauna ext\u00e9rieure du thermal Titania \u00e0 Neus\u00e4\u00df\" class=\"wp-image-415478\" title=\"\" srcset=\"https:\/\/loudavymkrokem.cz\/wp-content\/uploads\/2026\/09\/nemecko-clanky-termaly-nemecko-15-c78f7327.jpg 1800w, https:\/\/loudavymkrokem.cz\/wp-content\/uploads\/2026\/09\/nemecko-clanky-termaly-nemecko-15-c78f7327-300x141.jpg 300w, https:\/\/loudavymkrokem.cz\/wp-content\/uploads\/2026\/09\/nemecko-clanky-termaly-nemecko-15-c78f7327-700x328.jpg 700w, https:\/\/loudavymkrokem.cz\/wp-content\/uploads\/2026\/09\/nemecko-clanky-termaly-nemecko-15-c78f7327-768x360.jpg 768w, https:\/\/loudavymkrokem.cz\/wp-content\/uploads\/2026\/09\/nemecko-clanky-termaly-nemecko-15-c78f7327-1536x719.jpg 1536w, https:\/\/loudavymkrokem.cz\/wp-content\/uploads\/2026\/09\/nemecko-clanky-termaly-nemecko-15-c78f7327-696x326.jpg 696w, https:\/\/loudavymkrokem.cz\/wp-content\/uploads\/2026\/09\/nemecko-clanky-termaly-nemecko-15-c78f7327-1392x652.jpg 1392w\" sizes=\"(max-width: 1800px) 100vw, 1800px\" \/><button\n\t\t\tclass=\"lightbox-trigger\"\n\t\t\ttype=\"button\"\n\t\t\taria-haspopup=\"dialog\"\n\t\t\tdata-wp-bind--aria-label=\"state.thisImage.triggerButtonAriaLabel\"\n\t\t\tdata-wp-init=\"callbacks.initTriggerButton\"\n\t\t\tdata-wp-on--click=\"actions.showLightbox\"\n\t\t\tdata-wp-style--right=\"state.thisImage.buttonRight\"\n\t\t\tdata-wp-style--top=\"state.thisImage.buttonTop\"\n\t\t>\n\t\t\t<svg xmlns=\"http:\/\/www.w3.org\/2000\/svg\" width=\"12\" height=\"12\" fill=\"none\" viewBox=\"0 0 12 12\">\n\t\t\t\t<path fill=\"#fff\" d=\"M2 0a2 2 0 0 0-2 2v2h1.5V2a.5.5 0 0 1 .5-.5h2V0H2Zm2 10.5H2a.5.5 0 0 1-.5-.5V8H0v2a2 2 0 0 0 2 2h2v-1.5ZM8 12v-1.5h2a.5.5 0 0 0 .5-.5V8H12v2a2 2 0 0 1-2 2H8Zm2-12a2 2 0 0 1 2 2v2h-1.5V2a.5.5 0 0 0-.5-.5H8V0h2Z\" \/>\n\t\t\t<\/svg>\n\t\t<\/button><\/figure>\n\n\n\n<h3 class=\"wp-block-heading\"><span class=\"ez-toc-section\" id=\"10_Titania_Neusas_Neusas\"><\/span>10. Titania Neus\u00e4\u00df (Neus\u00e4\u00df)<span class=\"ez-toc-section-end\"><\/span><\/h3>\n\n\n\n<p class=\"wp-block-paragraph\">Le complexe de loisirs et thermal de Neus\u00e4\u00df est un paradis pour les amateurs d&rsquo;\u00e9carts de temp\u00e9rature extr\u00eames. L&rsquo;univers sauna y offre une vari\u00e9t\u00e9 impressionnante, qui culmine dans le <strong>Kelosauna nordique \u00e0 95 \u00b0C<\/strong>. \u00c0 c\u00f4t\u00e9, tu trouves un sauna en pierre (85 \u00b0C), un sauna au sel (90 \u00b0C), l&rsquo;Erdsauna terrestre (80 \u00b0C) ou l&rsquo;unique sauna \u00e0 la bi\u00e8re Bierst\u00fcberl. C&rsquo;est sans doute l&rsquo;un des centres sauna les plus cr\u00e9atifs des environs.<\/p>\n\n\n\n<p class=\"wp-block-paragraph\">Outre les saunas, la riche offre de bassins et de bains ravit aussi. Tu peux te r\u00e9chauffer dans un petit bassin hammam \u00e0 34 \u00b0C ou tester un bassin assis chaud. Pour te rafra\u00eechir, le <strong>bassin d&rsquo;immersion \u00e0 20 \u00b0C<\/strong> fait parfaitement l&rsquo;affaire. Si tu pr\u00e9f\u00e8res la chaleur humide, dirige-toi vers le bain de vapeur ou le laconium, o\u00f9 la temp\u00e9rature se maintient \u00e0 d&rsquo;agr\u00e9ables 45 \u00b0C.<\/p>\n\n\n\n<p class=\"wp-block-paragraph\">D&rsquo;apr\u00e8s le tarif 2026, l&rsquo;entr\u00e9e standard pour adulte va de <strong>18,50 EUR<\/strong> pour une entr\u00e9e courte \u00e0 28 EUR. Les billets enfants co\u00fbtent de 12 \u00e0 21,50 EUR selon la dur\u00e9e du s\u00e9jour. Le complexe convient tr\u00e8s bien aux familles avec des enfants plus grands, capables d&rsquo;appr\u00e9cier la vari\u00e9t\u00e9 des attractions. <strong>\ud83d\udca1 Astuce :<\/strong> Si tu comptes venir plus souvent, renseigne-toi sur les conditions de leur club, car avec les fameux Clubtarife, un adulte paie l&rsquo;entr\u00e9e \u00e0 partir de seulement 9,25 EUR.<\/p>\n\n\n\n<figure data-wp-context=\"{&quot;imageId&quot;:&quot;6a9c5ffc2875c&quot;}\" data-wp-interactive=\"core\/image\" data-wp-key=\"6a9c5ffc2875c\" class=\"wp-block-image size-full wp-lightbox-container\"><img decoding=\"async\" width=\"1800\" height=\"1200\" data-wp-class--hide=\"state.isContentHidden\" data-wp-class--show=\"state.isContentVisible\" data-wp-init=\"callbacks.setButtonStyles\" data-wp-on--click=\"actions.showLightbox\" data-wp-on--load=\"callbacks.setButtonStyles\" data-wp-on--pointerdown=\"actions.preloadImage\" data-wp-on--pointerenter=\"actions.preloadImageWithDelay\" data-wp-on--pointerleave=\"actions.cancelPreload\" data-wp-on-window--resize=\"callbacks.setButtonStyles\" src=\"https:\/\/loudavymkrokem.cz\/wp-content\/uploads\/2026\/09\/nemecko-clanky-termaly-nemecko-16-25ba2f69.jpg\" alt=\"Fackelmann Therme Hersbruck (Hersbruck)\" class=\"wp-image-415305\" title=\"\" srcset=\"https:\/\/loudavymkrokem.cz\/wp-content\/uploads\/2026\/09\/nemecko-clanky-termaly-nemecko-16-25ba2f69.jpg 1800w, https:\/\/loudavymkrokem.cz\/wp-content\/uploads\/2026\/09\/nemecko-clanky-termaly-nemecko-16-25ba2f69-300x200.jpg 300w, https:\/\/loudavymkrokem.cz\/wp-content\/uploads\/2026\/09\/nemecko-clanky-termaly-nemecko-16-25ba2f69-700x467.jpg 700w, https:\/\/loudavymkrokem.cz\/wp-content\/uploads\/2026\/09\/nemecko-clanky-termaly-nemecko-16-25ba2f69-768x512.jpg 768w, https:\/\/loudavymkrokem.cz\/wp-content\/uploads\/2026\/09\/nemecko-clanky-termaly-nemecko-16-25ba2f69-1536x1024.jpg 1536w, https:\/\/loudavymkrokem.cz\/wp-content\/uploads\/2026\/09\/nemecko-clanky-termaly-nemecko-16-25ba2f69-696x464.jpg 696w, https:\/\/loudavymkrokem.cz\/wp-content\/uploads\/2026\/09\/nemecko-clanky-termaly-nemecko-16-25ba2f69-1392x928.jpg 1392w\" sizes=\"(max-width: 1800px) 100vw, 1800px\" \/><button\n\t\t\tclass=\"lightbox-trigger\"\n\t\t\ttype=\"button\"\n\t\t\taria-haspopup=\"dialog\"\n\t\t\tdata-wp-bind--aria-label=\"state.thisImage.triggerButtonAriaLabel\"\n\t\t\tdata-wp-init=\"callbacks.initTriggerButton\"\n\t\t\tdata-wp-on--click=\"actions.showLightbox\"\n\t\t\tdata-wp-style--right=\"state.thisImage.buttonRight\"\n\t\t\tdata-wp-style--top=\"state.thisImage.buttonTop\"\n\t\t>\n\t\t\t<svg xmlns=\"http:\/\/www.w3.org\/2000\/svg\" width=\"12\" height=\"12\" fill=\"none\" viewBox=\"0 0 12 12\">\n\t\t\t\t<path fill=\"#fff\" d=\"M2 0a2 2 0 0 0-2 2v2h1.5V2a.5.5 0 0 1 .5-.5h2V0H2Zm2 10.5H2a.5.5 0 0 1-.5-.5V8H0v2a2 2 0 0 0 2 2h2v-1.5ZM8 12v-1.5h2a.5.5 0 0 0 .5-.5V8H12v2a2 2 0 0 1-2 2H8Zm2-12a2 2 0 0 1 2 2v2h-1.5V2a.5.5 0 0 0-.5-.5H8V0h2Z\" \/>\n\t\t\t<\/svg>\n\t\t<\/button><figcaption class=\"wp-element-caption\">Photo : Fackelmann Therme Hersbruck \/ Wikimedia Commons, CC BY-SA 3.0<\/figcaption><\/figure>\n\n\n\n<h3 class=\"wp-block-heading\"><span class=\"ez-toc-section\" id=\"11_Fackelmann_Therme_Hersbruck_Hersbruck\"><\/span>11. Fackelmann Therme Hersbruck (Hersbruck)<span class=\"ez-toc-section-end\"><\/span><\/h3>\n\n\n\n<p class=\"wp-block-paragraph\">Ce complexe, ouvert en d\u00e9cembre 2004 \u00e0 Hersbruck en Franconie, s\u00e9duit surtout par son eau curative reconnue par l&rsquo;\u00c9tat. Elle affiche d&rsquo;excellents param\u00e8tres et atteint d\u00e9j\u00e0 \u00e0 la source une temp\u00e9rature de <strong>29,4 \u00b0C<\/strong>. La partie int\u00e9rieure de l&rsquo;univers thermal est magnifiquement \u00e9clair\u00e9e et propose un bassin \u00e0 34 \u00b0C, o\u00f9 tu peux m\u00eame profiter, sous l&rsquo;eau, d&rsquo;une musique aquatique relaxante.<\/p>\n\n\n\n<p class=\"wp-block-paragraph\">Si tu pr\u00e9f\u00e8res respirer l&rsquo;air frais, dirige-toi vers le bassin thermal ext\u00e9rieur, chauff\u00e9 \u00e0 d&rsquo;excellents <strong>36 \u00b0C<\/strong>. Tu peux t&rsquo;y allonger sur des transats \u00e0 bulles ou te faire masser le dos par les jets locaux. Le complexe respire la s\u00e9r\u00e9nit\u00e9 et, gr\u00e2ce \u00e0 sa taille plus modeste, il para\u00eet moins anonyme que les g\u00e9ants comme Erding.<\/p>\n\n\n\n<p class=\"wp-block-paragraph\">D&rsquo;apr\u00e8s le tarif 2026, en cas de d\u00e9passement du temps pay\u00e9, un suppl\u00e9ment de <strong>1 EUR par demi-heure entam\u00e9e<\/strong> est factur\u00e9. Si tu oublies ton \u00e9quipement \u00e0 la maison, aucun souci : on te loue une serviette pour 2,50 EUR et un peignoir pour 5 EUR. <strong>\ud83d\udca1 Astuce :<\/strong> Profite de la location du peignoir sur place, ton sac \u00e0 dos ou ta valise pourront alors accueillir plein d&rsquo;autres affaires et tu ne te tra\u00eeneras pas de linge encombrant.<\/p>\n\n\n\n<figure data-wp-context=\"{&quot;imageId&quot;:&quot;6a9c5ffc28c6b&quot;}\" data-wp-interactive=\"core\/image\" data-wp-key=\"6a9c5ffc28c6b\" class=\"wp-block-image size-full wp-lightbox-container\"><img decoding=\"async\" width=\"1800\" height=\"1350\" data-wp-class--hide=\"state.isContentHidden\" data-wp-class--show=\"state.isContentVisible\" data-wp-init=\"callbacks.setButtonStyles\" data-wp-on--click=\"actions.showLightbox\" data-wp-on--load=\"callbacks.setButtonStyles\" data-wp-on--pointerdown=\"actions.preloadImage\" data-wp-on--pointerenter=\"actions.preloadImageWithDelay\" data-wp-on--pointerleave=\"actions.cancelPreload\" data-wp-on-window--resize=\"callbacks.setButtonStyles\" src=\"https:\/\/loudavymkrokem.cz\/wp-content\/uploads\/2026\/09\/nemecko-clanky-termaly-nemecko-17-4ae5052a.jpg\" alt=\"ThermeNatur (Bad Rodach)\" class=\"wp-image-415306\" title=\"\" srcset=\"https:\/\/loudavymkrokem.cz\/wp-content\/uploads\/2026\/09\/nemecko-clanky-termaly-nemecko-17-4ae5052a.jpg 1800w, https:\/\/loudavymkrokem.cz\/wp-content\/uploads\/2026\/09\/nemecko-clanky-termaly-nemecko-17-4ae5052a-300x225.jpg 300w, https:\/\/loudavymkrokem.cz\/wp-content\/uploads\/2026\/09\/nemecko-clanky-termaly-nemecko-17-4ae5052a-700x525.jpg 700w, https:\/\/loudavymkrokem.cz\/wp-content\/uploads\/2026\/09\/nemecko-clanky-termaly-nemecko-17-4ae5052a-768x576.jpg 768w, https:\/\/loudavymkrokem.cz\/wp-content\/uploads\/2026\/09\/nemecko-clanky-termaly-nemecko-17-4ae5052a-1536x1152.jpg 1536w, https:\/\/loudavymkrokem.cz\/wp-content\/uploads\/2026\/09\/nemecko-clanky-termaly-nemecko-17-4ae5052a-80x60.jpg 80w, https:\/\/loudavymkrokem.cz\/wp-content\/uploads\/2026\/09\/nemecko-clanky-termaly-nemecko-17-4ae5052a-160x120.jpg 160w, https:\/\/loudavymkrokem.cz\/wp-content\/uploads\/2026\/09\/nemecko-clanky-termaly-nemecko-17-4ae5052a-696x522.jpg 696w, https:\/\/loudavymkrokem.cz\/wp-content\/uploads\/2026\/09\/nemecko-clanky-termaly-nemecko-17-4ae5052a-1392x1044.jpg 1392w\" sizes=\"(max-width: 1800px) 100vw, 1800px\" \/><button\n\t\t\tclass=\"lightbox-trigger\"\n\t\t\ttype=\"button\"\n\t\t\taria-haspopup=\"dialog\"\n\t\t\tdata-wp-bind--aria-label=\"state.thisImage.triggerButtonAriaLabel\"\n\t\t\tdata-wp-init=\"callbacks.initTriggerButton\"\n\t\t\tdata-wp-on--click=\"actions.showLightbox\"\n\t\t\tdata-wp-style--right=\"state.thisImage.buttonRight\"\n\t\t\tdata-wp-style--top=\"state.thisImage.buttonTop\"\n\t\t>\n\t\t\t<svg xmlns=\"http:\/\/www.w3.org\/2000\/svg\" width=\"12\" height=\"12\" fill=\"none\" viewBox=\"0 0 12 12\">\n\t\t\t\t<path fill=\"#fff\" d=\"M2 0a2 2 0 0 0-2 2v2h1.5V2a.5.5 0 0 1 .5-.5h2V0H2Zm2 10.5H2a.5.5 0 0 1-.5-.5V8H0v2a2 2 0 0 0 2 2h2v-1.5ZM8 12v-1.5h2a.5.5 0 0 0 .5-.5V8H12v2a2 2 0 0 1-2 2H8Zm2-12a2 2 0 0 1 2 2v2h-1.5V2a.5.5 0 0 0-.5-.5H8V0h2Z\" \/>\n\t\t\t<\/svg>\n\t\t<\/button><\/figure>\n\n\n\n<h3 class=\"wp-block-heading\"><span class=\"ez-toc-section\" id=\"12_ThermeNatur_Bad_Rodach\"><\/span>12. ThermeNatur (Bad Rodach)<span class=\"ez-toc-section-end\"><\/span><\/h3>\n\n\n\n<p class=\"wp-block-paragraph\">Ce complexe thermal se trouve dans la petite ville de Bad Rodach et est surtout connu pour la qualit\u00e9 exceptionnelle de son eau. La source thermale locale, d\u00e9couverte en 1972, est puis\u00e9e \u00e0 <strong>652 m\u00e8tres de profondeur<\/strong> et se targue du titre de source la plus chaude de toute la vaste r\u00e9gion. Elle jaillit directement des profondeurs \u00e0 une belle temp\u00e9rature de 34 \u00b0C.<\/p>\n\n\n\n<p class=\"wp-block-paragraph\">Le complexe est con\u00e7u plut\u00f4t comme des bains traditionnels et tu n&rsquo;y trouveras pas de foules d\u00e9cha\u00een\u00e9es avides d&rsquo;adr\u00e9naline. Tu disposes d&rsquo;un <strong>paysage de baignade et de sauna<\/strong>, compl\u00e9t\u00e9 par une section bien-\u00eatre sp\u00e9cialis\u00e9e. C&rsquo;est exactement le type d&rsquo;endroit o\u00f9 l&rsquo;on vient recharger ses batteries, ralentir et laisser l&rsquo;eau curative faire son travail sur ton appareil locomoteur.<\/p>\n\n\n\n<p class=\"wp-block-paragraph\">Il convient avant tout aux adultes, aux couples et aux seniors en qu\u00eate de calme et de v\u00e9ritable r\u00e9\u00e9ducation. Si tu envisages donc un week-end tranquille avec un bouquin et une belle chauffe des articulations, tu ne te tromperas pas ici. <strong>\ud83d\udca1 Astuce :<\/strong> Si tu as des probl\u00e8mes de dos, r\u00e9serve \u00e0 l&rsquo;avance l&rsquo;un des soins de la section bien-\u00eatre : ils ont une immense exp\u00e9rience de l&rsquo;eau locale.<\/p>\n\n\n\n<figure data-wp-context=\"{&quot;imageId&quot;:&quot;6a9c5ffc29122&quot;}\" data-wp-interactive=\"core\/image\" data-wp-key=\"6a9c5ffc29122\" class=\"wp-block-image size-full wp-lightbox-container\"><img decoding=\"async\" width=\"1800\" height=\"1200\" data-wp-class--hide=\"state.isContentHidden\" data-wp-class--show=\"state.isContentVisible\" data-wp-init=\"callbacks.setButtonStyles\" data-wp-on--click=\"actions.showLightbox\" data-wp-on--load=\"callbacks.setButtonStyles\" data-wp-on--pointerdown=\"actions.preloadImage\" data-wp-on--pointerenter=\"actions.preloadImageWithDelay\" data-wp-on--pointerleave=\"actions.cancelPreload\" data-wp-on-window--resize=\"callbacks.setButtonStyles\" src=\"https:\/\/loudavymkrokem.cz\/wp-content\/uploads\/2026\/09\/nemecko-clanky-termaly-nemecko-18-1233e231.jpg\" alt=\"Johannesbad Therme Bad F\u00fcssing (Bad F\u00fcssing)\" class=\"wp-image-415307\" title=\"\" srcset=\"https:\/\/loudavymkrokem.cz\/wp-content\/uploads\/2026\/09\/nemecko-clanky-termaly-nemecko-18-1233e231.jpg 1800w, https:\/\/loudavymkrokem.cz\/wp-content\/uploads\/2026\/09\/nemecko-clanky-termaly-nemecko-18-1233e231-300x200.jpg 300w, https:\/\/loudavymkrokem.cz\/wp-content\/uploads\/2026\/09\/nemecko-clanky-termaly-nemecko-18-1233e231-700x467.jpg 700w, https:\/\/loudavymkrokem.cz\/wp-content\/uploads\/2026\/09\/nemecko-clanky-termaly-nemecko-18-1233e231-768x512.jpg 768w, https:\/\/loudavymkrokem.cz\/wp-content\/uploads\/2026\/09\/nemecko-clanky-termaly-nemecko-18-1233e231-1536x1024.jpg 1536w, https:\/\/loudavymkrokem.cz\/wp-content\/uploads\/2026\/09\/nemecko-clanky-termaly-nemecko-18-1233e231-696x464.jpg 696w, https:\/\/loudavymkrokem.cz\/wp-content\/uploads\/2026\/09\/nemecko-clanky-termaly-nemecko-18-1233e231-1392x928.jpg 1392w\" sizes=\"(max-width: 1800px) 100vw, 1800px\" \/><button\n\t\t\tclass=\"lightbox-trigger\"\n\t\t\ttype=\"button\"\n\t\t\taria-haspopup=\"dialog\"\n\t\t\tdata-wp-bind--aria-label=\"state.thisImage.triggerButtonAriaLabel\"\n\t\t\tdata-wp-init=\"callbacks.initTriggerButton\"\n\t\t\tdata-wp-on--click=\"actions.showLightbox\"\n\t\t\tdata-wp-style--right=\"state.thisImage.buttonRight\"\n\t\t\tdata-wp-style--top=\"state.thisImage.buttonTop\"\n\t\t>\n\t\t\t<svg xmlns=\"http:\/\/www.w3.org\/2000\/svg\" width=\"12\" height=\"12\" fill=\"none\" viewBox=\"0 0 12 12\">\n\t\t\t\t<path fill=\"#fff\" d=\"M2 0a2 2 0 0 0-2 2v2h1.5V2a.5.5 0 0 1 .5-.5h2V0H2Zm2 10.5H2a.5.5 0 0 1-.5-.5V8H0v2a2 2 0 0 0 2 2h2v-1.5ZM8 12v-1.5h2a.5.5 0 0 0 .5-.5V8H12v2a2 2 0 0 1-2 2H8Zm2-12a2 2 0 0 1 2 2v2h-1.5V2a.5.5 0 0 0-.5-.5H8V0h2Z\" \/>\n\t\t\t<\/svg>\n\t\t<\/button><\/figure>\n\n\n\n<h3 class=\"wp-block-heading\"><span class=\"ez-toc-section\" id=\"13_Johannesbad_Therme_Bad_Fussing_Bad_Fussing\"><\/span>13. Johannesbad Therme Bad F\u00fcssing (Bad F\u00fcssing)<span class=\"ez-toc-section-end\"><\/span><\/h3>\n\n\n\n<p class=\"wp-block-paragraph\">En visitant Bad F\u00fcssing, tu tomberas sur un complexe qui figure parmi les plus grands thermes de toute l&rsquo;Europe. Il offre en effet d&rsquo;incroyables <strong>4 500 m\u00e8tres carr\u00e9s de plan d&rsquo;eau<\/strong>, r\u00e9partis sur treize immenses bassins. L&rsquo;eau provient de la source Johannesquelle, for\u00e9e ici en 1964 par la famille Zwick, et remonte d&rsquo;une profondeur de mille m\u00e8tres tout ronds.<\/p>\n\n\n\n<p class=\"wp-block-paragraph\">\u00c0 la source, l&rsquo;eau atteint <strong>56 \u00b0C<\/strong>, mais dans les bassins tu en profites refroidie \u00e0 d&rsquo;agr\u00e9ables 27 \u00e0 39 \u00b0C. Le complexe, qui fonctionne depuis 1969 avec la clinique attenante, est entour\u00e9 de gigantesques surfaces d&rsquo;exposition ext\u00e9rieures de 60 000 m\u00e8tres carr\u00e9s. Il ne manque pas non plus une partie sauna de 800 m\u00e8tres carr\u00e9s avec quatre saunas et un bain de vapeur.<\/p>\n\n\n\n<p class=\"wp-block-paragraph\">C&rsquo;est un g\u00e9ant fortement ax\u00e9 sur la sant\u00e9, la pr\u00e9vention et les soins, si bien qu&rsquo;un flot de monde y vient pour la r\u00e9\u00e9ducation. N&rsquo;y attends pas une ambiance intime, mais plut\u00f4t des soins thermaux de premier ordre \u00e0 \u00e9chelle d\u00e9mesur\u00e9e. <strong>\ud83d\udca1 Astuce :<\/strong> En \u00e9t\u00e9, prends absolument une grande couverture : ces immenses pelouses ext\u00e9rieures sont id\u00e9ales pour l\u00e9zarder toute la journ\u00e9e au soleil.<\/p>\n\n\n\n<figure data-wp-context=\"{&quot;imageId&quot;:&quot;6a9c5ffc295f3&quot;}\" data-wp-interactive=\"core\/image\" data-wp-key=\"6a9c5ffc295f3\" class=\"wp-block-image size-full wp-lightbox-container\"><img decoding=\"async\" width=\"1800\" height=\"750\" data-wp-class--hide=\"state.isContentHidden\" data-wp-class--show=\"state.isContentVisible\" data-wp-init=\"callbacks.setButtonStyles\" data-wp-on--click=\"actions.showLightbox\" data-wp-on--load=\"callbacks.setButtonStyles\" data-wp-on--pointerdown=\"actions.preloadImage\" data-wp-on--pointerenter=\"actions.preloadImageWithDelay\" data-wp-on--pointerleave=\"actions.cancelPreload\" data-wp-on-window--resize=\"callbacks.setButtonStyles\" src=\"https:\/\/loudavymkrokem.cz\/wp-content\/uploads\/2026\/09\/nemecko-clanky-termaly-nemecko-19-48dd8934.jpg\" alt=\"Bassin avec attractions aquatiques \u00e0 l&#039;Europa Therme de Bad F\u00fcssing\" class=\"wp-image-415483\" title=\"\" srcset=\"https:\/\/loudavymkrokem.cz\/wp-content\/uploads\/2026\/09\/nemecko-clanky-termaly-nemecko-19-48dd8934.jpg 1800w, https:\/\/loudavymkrokem.cz\/wp-content\/uploads\/2026\/09\/nemecko-clanky-termaly-nemecko-19-48dd8934-300x125.jpg 300w, https:\/\/loudavymkrokem.cz\/wp-content\/uploads\/2026\/09\/nemecko-clanky-termaly-nemecko-19-48dd8934-700x292.jpg 700w, https:\/\/loudavymkrokem.cz\/wp-content\/uploads\/2026\/09\/nemecko-clanky-termaly-nemecko-19-48dd8934-768x320.jpg 768w, https:\/\/loudavymkrokem.cz\/wp-content\/uploads\/2026\/09\/nemecko-clanky-termaly-nemecko-19-48dd8934-1536x640.jpg 1536w, https:\/\/loudavymkrokem.cz\/wp-content\/uploads\/2026\/09\/nemecko-clanky-termaly-nemecko-19-48dd8934-696x290.jpg 696w, https:\/\/loudavymkrokem.cz\/wp-content\/uploads\/2026\/09\/nemecko-clanky-termaly-nemecko-19-48dd8934-1392x580.jpg 1392w\" sizes=\"(max-width: 1800px) 100vw, 1800px\" \/><button\n\t\t\tclass=\"lightbox-trigger\"\n\t\t\ttype=\"button\"\n\t\t\taria-haspopup=\"dialog\"\n\t\t\tdata-wp-bind--aria-label=\"state.thisImage.triggerButtonAriaLabel\"\n\t\t\tdata-wp-init=\"callbacks.initTriggerButton\"\n\t\t\tdata-wp-on--click=\"actions.showLightbox\"\n\t\t\tdata-wp-style--right=\"state.thisImage.buttonRight\"\n\t\t\tdata-wp-style--top=\"state.thisImage.buttonTop\"\n\t\t>\n\t\t\t<svg xmlns=\"http:\/\/www.w3.org\/2000\/svg\" width=\"12\" height=\"12\" fill=\"none\" viewBox=\"0 0 12 12\">\n\t\t\t\t<path fill=\"#fff\" d=\"M2 0a2 2 0 0 0-2 2v2h1.5V2a.5.5 0 0 1 .5-.5h2V0H2Zm2 10.5H2a.5.5 0 0 1-.5-.5V8H0v2a2 2 0 0 0 2 2h2v-1.5ZM8 12v-1.5h2a.5.5 0 0 0 .5-.5V8H12v2a2 2 0 0 1-2 2H8Zm2-12a2 2 0 0 1 2 2v2h-1.5V2a.5.5 0 0 0-.5-.5H8V0h2Z\" \/>\n\t\t\t<\/svg>\n\t\t<\/button><\/figure>\n\n\n\n<h3 class=\"wp-block-heading\"><span class=\"ez-toc-section\" id=\"14_Europa_Therme_Bad_Fussing\"><\/span>14. Europa Therme (Bad F\u00fcssing)<span class=\"ez-toc-section-end\"><\/span><\/h3>\n\n\n\n<p class=\"wp-block-paragraph\">Le deuxi\u00e8me immense complexe thermal de Bad F\u00fcssing s\u00e9duit par un paysage thermal de 3 000 m\u00e8tres carr\u00e9s. Sa dominante absolue est un <strong>canal \u00e0 courant de 120 m\u00e8tres de long<\/strong>, reli\u00e9 \u00e0 l&rsquo;\u00e9norme bassin d&rsquo;attractions Nymph\u00e4um, dont l&rsquo;eau est \u00e0 36 \u00b0C. Les courants, les banquettes \u00e0 bulles et les canons \u00e0 eau peuvent t&rsquo;occuper tr\u00e8s longtemps.<\/p>\n\n\n\n<p class=\"wp-block-paragraph\">Tu y trouves <strong>17 bassins diff\u00e9rents<\/strong> \u00e0 des temp\u00e9ratures de 27 \u00e0 40 \u00b0C. Tu peux te d\u00e9tendre dans un bassin avec musique sous-marine chauff\u00e9 \u00e0 37 \u00b0C, dans une grotte au ciel \u00e9toil\u00e9 ou sur des transats \u00e0 bulles d&rsquo;air. Ceux qui veulent nager appr\u00e9cieront deux bassins pour nage sur le dos, \u00e0 l&rsquo;eau plus fra\u00eeche autour de 29 \u00b0C. Il ne manque pas non plus le populaire bassin ext\u00e9rieur en alternance \u00e0 18 et 40 \u00b0C.<\/p>\n\n\n\n<p class=\"wp-block-paragraph\">D&rsquo;apr\u00e8s le tarif 2026, l&rsquo;entr\u00e9e n&rsquo;est autoris\u00e9e qu&rsquo;aux <strong>enfants \u00e0 partir de 3 ans<\/strong>, on ne te laissera donc malheureusement pas entrer avec des b\u00e9b\u00e9s. Si tu restes plus longtemps que le temps pay\u00e9, un suppl\u00e9ment de 1 EUR par demi-heure entam\u00e9e est factur\u00e9. <strong>\ud83d\udca1 Astuce :<\/strong> Pour un petit suppl\u00e9ment de 2 euros, tu peux ajouter \u00e0 ton entr\u00e9e thermale la visite de l&rsquo;Aerosal, une salle sp\u00e9ciale excellente pour tes poumons.<\/p>\n\n\n\n<figure data-wp-context=\"{&quot;imageId&quot;:&quot;6a9c5ffc29c27&quot;}\" data-wp-interactive=\"core\/image\" data-wp-key=\"6a9c5ffc29c27\" class=\"wp-block-image size-full wp-lightbox-container\"><img decoding=\"async\" width=\"1800\" height=\"1012\" data-wp-class--hide=\"state.isContentHidden\" data-wp-class--show=\"state.isContentVisible\" data-wp-init=\"callbacks.setButtonStyles\" data-wp-on--click=\"actions.showLightbox\" data-wp-on--load=\"callbacks.setButtonStyles\" data-wp-on--pointerdown=\"actions.preloadImage\" data-wp-on--pointerenter=\"actions.preloadImageWithDelay\" data-wp-on--pointerleave=\"actions.cancelPreload\" data-wp-on-window--resize=\"callbacks.setButtonStyles\" src=\"https:\/\/loudavymkrokem.cz\/wp-content\/uploads\/2026\/09\/nemecko-clanky-termaly-nemecko-20-018a6875.jpg\" alt=\"Le complexe thermal Sibyllenbad \u00e0 Neualbenreuth vu d&#039;en haut\" class=\"wp-image-415309\" title=\"\" srcset=\"https:\/\/loudavymkrokem.cz\/wp-content\/uploads\/2026\/09\/nemecko-clanky-termaly-nemecko-20-018a6875.jpg 1800w, https:\/\/loudavymkrokem.cz\/wp-content\/uploads\/2026\/09\/nemecko-clanky-termaly-nemecko-20-018a6875-300x169.jpg 300w, https:\/\/loudavymkrokem.cz\/wp-content\/uploads\/2026\/09\/nemecko-clanky-termaly-nemecko-20-018a6875-700x394.jpg 700w, https:\/\/loudavymkrokem.cz\/wp-content\/uploads\/2026\/09\/nemecko-clanky-termaly-nemecko-20-018a6875-768x432.jpg 768w, https:\/\/loudavymkrokem.cz\/wp-content\/uploads\/2026\/09\/nemecko-clanky-termaly-nemecko-20-018a6875-1536x864.jpg 1536w, https:\/\/loudavymkrokem.cz\/wp-content\/uploads\/2026\/09\/nemecko-clanky-termaly-nemecko-20-018a6875-696x391.jpg 696w, https:\/\/loudavymkrokem.cz\/wp-content\/uploads\/2026\/09\/nemecko-clanky-termaly-nemecko-20-018a6875-1392x783.jpg 1392w\" sizes=\"(max-width: 1800px) 100vw, 1800px\" \/><button\n\t\t\tclass=\"lightbox-trigger\"\n\t\t\ttype=\"button\"\n\t\t\taria-haspopup=\"dialog\"\n\t\t\tdata-wp-bind--aria-label=\"state.thisImage.triggerButtonAriaLabel\"\n\t\t\tdata-wp-init=\"callbacks.initTriggerButton\"\n\t\t\tdata-wp-on--click=\"actions.showLightbox\"\n\t\t\tdata-wp-style--right=\"state.thisImage.buttonRight\"\n\t\t\tdata-wp-style--top=\"state.thisImage.buttonTop\"\n\t\t>\n\t\t\t<svg xmlns=\"http:\/\/www.w3.org\/2000\/svg\" width=\"12\" height=\"12\" fill=\"none\" viewBox=\"0 0 12 12\">\n\t\t\t\t<path fill=\"#fff\" d=\"M2 0a2 2 0 0 0-2 2v2h1.5V2a.5.5 0 0 1 .5-.5h2V0H2Zm2 10.5H2a.5.5 0 0 1-.5-.5V8H0v2a2 2 0 0 0 2 2h2v-1.5ZM8 12v-1.5h2a.5.5 0 0 0 .5-.5V8H12v2a2 2 0 0 1-2 2H8Zm2-12a2 2 0 0 1 2 2v2h-1.5V2a.5.5 0 0 0-.5-.5H8V0h2Z\" \/>\n\t\t\t<\/svg>\n\t\t<\/button><\/figure>\n\n\n\n<h3 class=\"wp-block-heading\"><span class=\"ez-toc-section\" id=\"15_Sibyllenbad_Neualbenreuth\"><\/span>15. Sibyllenbad (Neualbenreuth)<span class=\"ez-toc-section-end\"><\/span><\/h3>\n\n\n\n<p class=\"wp-block-paragraph\">Ce complexe se trouve \u00e0 deux pas de la fronti\u00e8re tch\u00e8que et son principal atout est une <strong>eau curative carbo-min\u00e9rale issue de la source Sibyllenquelle<\/strong>. L&rsquo;eau curative locale te r\u00e9chauffe \u00e0 d&rsquo;excellents 34 \u00e0 36 \u00b0C et tu peux la savourer sous de nombreux jets d&rsquo;eau en forme de cols de cygne ou te faire d\u00e9licatement masser par des bulleurs de fond.<\/p>\n\n\n\n<p class=\"wp-block-paragraph\">Le complexe est tr\u00e8s joliment con\u00e7u et, gr\u00e2ce \u00e0 sa proximit\u00e9, il reste assez populaire, m\u00eame s&rsquo;il ne fait pas partie des plus grands g\u00e9ants. D&rsquo;apr\u00e8s le tarif 2026, tu paieras <strong>9 EUR<\/strong> pour deux heures dans la partie bassins, 12 EUR pour trois heures et 19 EUR pour un billet journ\u00e9e. Si tu veux combiner les bassins et l&rsquo;univers sauna, le billet journ\u00e9e revient \u00e0 29 EUR.<\/p>\n\n\n\n<p class=\"wp-block-paragraph\">De juin \u00e0 ao\u00fbt, ils proposent en plus une entr\u00e9e sp\u00e9ciale au sauna en soir\u00e9e. Elle s&rsquo;applique \u00e0 partir de 17 h et co\u00fbte de sympathiques 15 EUR. C&rsquo;est une option id\u00e9ale et abordable pour se r\u00e9chauffer tranquillement apr\u00e8s une journ\u00e9e de travail \u00e9prouvante. <strong>\ud83d\udca1 Astuce :<\/strong> Si tu vis pr\u00e8s de la fronti\u00e8re, profite justement de ce tarif du soir en \u00e9t\u00e9, \u00e0 ce prix c&rsquo;est sans doute la meilleure d\u00e9tente des environs.<\/p>\n\n\n\n<figure data-wp-context=\"{&quot;imageId&quot;:&quot;6a9c5ffc2a2fd&quot;}\" data-wp-interactive=\"core\/image\" data-wp-key=\"6a9c5ffc2a2fd\" class=\"wp-block-image size-full wp-lightbox-container\"><img decoding=\"async\" width=\"1800\" height=\"1200\" data-wp-class--hide=\"state.isContentHidden\" data-wp-class--show=\"state.isContentVisible\" data-wp-init=\"callbacks.setButtonStyles\" data-wp-on--click=\"actions.showLightbox\" data-wp-on--load=\"callbacks.setButtonStyles\" data-wp-on--pointerdown=\"actions.preloadImage\" data-wp-on--pointerenter=\"actions.preloadImageWithDelay\" data-wp-on--pointerleave=\"actions.cancelPreload\" data-wp-on-window--resize=\"callbacks.setButtonStyles\" src=\"https:\/\/loudavymkrokem.cz\/wp-content\/uploads\/2026\/09\/nemecko-clanky-termaly-nemecko-21-f3489141.jpg\" alt=\"Fa\u00e7ade orn\u00e9e des bains historiques Friedrichsbad \u00e0 Baden-Baden\" class=\"wp-image-415310\" title=\"\" srcset=\"https:\/\/loudavymkrokem.cz\/wp-content\/uploads\/2026\/09\/nemecko-clanky-termaly-nemecko-21-f3489141.jpg 1800w, https:\/\/loudavymkrokem.cz\/wp-content\/uploads\/2026\/09\/nemecko-clanky-termaly-nemecko-21-f3489141-300x200.jpg 300w, https:\/\/loudavymkrokem.cz\/wp-content\/uploads\/2026\/09\/nemecko-clanky-termaly-nemecko-21-f3489141-700x467.jpg 700w, https:\/\/loudavymkrokem.cz\/wp-content\/uploads\/2026\/09\/nemecko-clanky-termaly-nemecko-21-f3489141-768x512.jpg 768w, https:\/\/loudavymkrokem.cz\/wp-content\/uploads\/2026\/09\/nemecko-clanky-termaly-nemecko-21-f3489141-1536x1024.jpg 1536w, https:\/\/loudavymkrokem.cz\/wp-content\/uploads\/2026\/09\/nemecko-clanky-termaly-nemecko-21-f3489141-696x464.jpg 696w, https:\/\/loudavymkrokem.cz\/wp-content\/uploads\/2026\/09\/nemecko-clanky-termaly-nemecko-21-f3489141-1392x928.jpg 1392w\" sizes=\"(max-width: 1800px) 100vw, 1800px\" \/><button\n\t\t\tclass=\"lightbox-trigger\"\n\t\t\ttype=\"button\"\n\t\t\taria-haspopup=\"dialog\"\n\t\t\tdata-wp-bind--aria-label=\"state.thisImage.triggerButtonAriaLabel\"\n\t\t\tdata-wp-init=\"callbacks.initTriggerButton\"\n\t\t\tdata-wp-on--click=\"actions.showLightbox\"\n\t\t\tdata-wp-style--right=\"state.thisImage.buttonRight\"\n\t\t\tdata-wp-style--top=\"state.thisImage.buttonTop\"\n\t\t>\n\t\t\t<svg xmlns=\"http:\/\/www.w3.org\/2000\/svg\" width=\"12\" height=\"12\" fill=\"none\" viewBox=\"0 0 12 12\">\n\t\t\t\t<path fill=\"#fff\" d=\"M2 0a2 2 0 0 0-2 2v2h1.5V2a.5.5 0 0 1 .5-.5h2V0H2Zm2 10.5H2a.5.5 0 0 1-.5-.5V8H0v2a2 2 0 0 0 2 2h2v-1.5ZM8 12v-1.5h2a.5.5 0 0 0 .5-.5V8H12v2a2 2 0 0 1-2 2H8Zm2-12a2 2 0 0 1 2 2v2h-1.5V2a.5.5 0 0 0-.5-.5H8V0h2Z\" \/>\n\t\t\t<\/svg>\n\t\t<\/button><figcaption class=\"wp-element-caption\">Photo : A.Savin \/ Wikimedia Commons, CC BY-SA 3.0<\/figcaption><\/figure>\n\n\n\n<h2 class=\"wp-block-heading\"><span class=\"ez-toc-section\" id=\"Thermes_dans_le_Bade-Wurtemberg\"><\/span>Thermes dans le Bade-Wurtemberg<span class=\"ez-toc-section-end\"><\/span><\/h2>\n\n\n\n<p class=\"wp-block-paragraph\">Le Bade-Wurtemberg est un incontournable si tu cherches la vraie <strong>culture thermale traditionnelle<\/strong>. C&rsquo;est justement ici que tu trouves le c\u00e9l\u00e8bre Baden-Baden et probablement la plus grande concentration de villes pr\u00e9fix\u00e9es \u00ab Bad \u00bb de toute l&rsquo;Allemagne. Crois-moi, les sources min\u00e9rales ne manquent pas ici et les amateurs d&rsquo;histoire comme de d\u00e9tente moderne y trouveront leur compte. C&rsquo;est aussi une r\u00e9gion parfaite parmi les thermes d&rsquo;Allemagne proches de l&rsquo;Alsace et de Strasbourg.<\/p>\n\n\n\n<p class=\"wp-block-paragraph\">Outre les bains historiques, ce Land se targue aussi d&rsquo;une curiosit\u00e9. On y trouve en effet <strong>deux immenses thermes tropicaux<\/strong>, construits par le c\u00e9l\u00e8bre visionnaire Josef Wund. Si tu r\u00eaves donc d&rsquo;exotisme sous un toit vitr\u00e9, tu as de quoi te r\u00e9jouir.<\/p>\n\n\n\n<figure data-wp-context=\"{&quot;imageId&quot;:&quot;6a9c5ffc2aa40&quot;}\" data-wp-interactive=\"core\/image\" data-wp-key=\"6a9c5ffc2aa40\" class=\"wp-block-image size-full wp-lightbox-container\"><img decoding=\"async\" width=\"1800\" height=\"1201\" data-wp-class--hide=\"state.isContentHidden\" data-wp-class--show=\"state.isContentVisible\" data-wp-init=\"callbacks.setButtonStyles\" data-wp-on--click=\"actions.showLightbox\" data-wp-on--load=\"callbacks.setButtonStyles\" data-wp-on--pointerdown=\"actions.preloadImage\" data-wp-on--pointerenter=\"actions.preloadImageWithDelay\" data-wp-on--pointerleave=\"actions.cancelPreload\" data-wp-on-window--resize=\"callbacks.setButtonStyles\" src=\"https:\/\/loudavymkrokem.cz\/wp-content\/uploads\/2026\/09\/nemecko-clanky-termaly-nemecko-22-938982ac.jpg\" alt=\"Thermen &#038; Badewelt Sinsheim (Sinsheim) : bassin sous un toit panoramique\" class=\"wp-image-415311\" title=\"\" srcset=\"https:\/\/loudavymkrokem.cz\/wp-content\/uploads\/2026\/09\/nemecko-clanky-termaly-nemecko-22-938982ac.jpg 1800w, https:\/\/loudavymkrokem.cz\/wp-content\/uploads\/2026\/09\/nemecko-clanky-termaly-nemecko-22-938982ac-300x200.jpg 300w, https:\/\/loudavymkrokem.cz\/wp-content\/uploads\/2026\/09\/nemecko-clanky-termaly-nemecko-22-938982ac-700x467.jpg 700w, https:\/\/loudavymkrokem.cz\/wp-content\/uploads\/2026\/09\/nemecko-clanky-termaly-nemecko-22-938982ac-768x512.jpg 768w, https:\/\/loudavymkrokem.cz\/wp-content\/uploads\/2026\/09\/nemecko-clanky-termaly-nemecko-22-938982ac-1536x1025.jpg 1536w, https:\/\/loudavymkrokem.cz\/wp-content\/uploads\/2026\/09\/nemecko-clanky-termaly-nemecko-22-938982ac-696x464.jpg 696w, https:\/\/loudavymkrokem.cz\/wp-content\/uploads\/2026\/09\/nemecko-clanky-termaly-nemecko-22-938982ac-1392x929.jpg 1392w\" sizes=\"(max-width: 1800px) 100vw, 1800px\" \/><button\n\t\t\tclass=\"lightbox-trigger\"\n\t\t\ttype=\"button\"\n\t\t\taria-haspopup=\"dialog\"\n\t\t\tdata-wp-bind--aria-label=\"state.thisImage.triggerButtonAriaLabel\"\n\t\t\tdata-wp-init=\"callbacks.initTriggerButton\"\n\t\t\tdata-wp-on--click=\"actions.showLightbox\"\n\t\t\tdata-wp-style--right=\"state.thisImage.buttonRight\"\n\t\t\tdata-wp-style--top=\"state.thisImage.buttonTop\"\n\t\t>\n\t\t\t<svg xmlns=\"http:\/\/www.w3.org\/2000\/svg\" width=\"12\" height=\"12\" fill=\"none\" viewBox=\"0 0 12 12\">\n\t\t\t\t<path fill=\"#fff\" d=\"M2 0a2 2 0 0 0-2 2v2h1.5V2a.5.5 0 0 1 .5-.5h2V0H2Zm2 10.5H2a.5.5 0 0 1-.5-.5V8H0v2a2 2 0 0 0 2 2h2v-1.5ZM8 12v-1.5h2a.5.5 0 0 0 .5-.5V8H12v2a2 2 0 0 1-2 2H8Zm2-12a2 2 0 0 1 2 2v2h-1.5V2a.5.5 0 0 0-.5-.5H8V0h2Z\" \/>\n\t\t\t<\/svg>\n\t\t<\/button><\/figure>\n\n\n\n<h3 class=\"wp-block-heading\"><span class=\"ez-toc-section\" id=\"16_Thermen_Badewelt_Sinsheim_Sinsheim\"><\/span>16. Thermen &#038; Badewelt Sinsheim (Sinsheim)<span class=\"ez-toc-section-end\"><\/span><\/h3>\n\n\n\n<p class=\"wp-block-paragraph\">Cet immense complexe de la ville de Sinsheim appartient \u00e0 la c\u00e9l\u00e8bre famille de bains de Josef Wund et, \u00e0 l&rsquo;int\u00e9rieur, on se croirait dans un paradis exotique parfait. L&rsquo;attraction principale est l&rsquo;<strong>impressionnant Palmenparadies<\/strong>, o\u00f9 poussent plus de 400 palmiers tropicaux vivants et plus d&rsquo;un millier de magnifiques orchid\u00e9es. L&rsquo;exp\u00e9rience est vraiment exceptionnelle, surtout quand il fait un temps maussade dehors et que tu te prom\u00e8nes en maillot parmi les palmiers.<\/p>\n\n\n\n<p class=\"wp-block-paragraph\">Les temp\u00e9ratures de l&rsquo;eau te raviront \u00e0 coup s\u00fbr : dans les lagunes tu te r\u00e9chauffes \u00e0 34 \u00b0C et le bassin Quellen der Gesundheit propose d&rsquo;<strong>agr\u00e9ables 36 \u00b0C<\/strong>. Tu peux nager dans le bassin sportif de 25 m\u00e8tres \u00e0 26 \u00b0C, tandis que le bassin d&rsquo;apprentissage est \u00e0 32 \u00b0C. Pour te rafra\u00eechir, un bassin d&rsquo;immersion \u00e0 16 \u00b0C fait l&rsquo;affaire. La zone Vitaltherme &#038; Sauna abrite 13 saunas diff\u00e9rents, dont un sauna sp\u00e9cial en forme de bateau. Dans la lagune aux eaux turquoise, tu peux en plus savourer un cocktail exotique directement au bar de la piscine.<\/p>\n\n\n\n<p class=\"wp-block-paragraph\">Les bains sont accessibles <strong>exclusivement \u00e0 partir de 16 ans<\/strong>, ne pr\u00e9vois donc pas d&rsquo;y venir avec des enfants. V\u00e9rifie l&rsquo;entr\u00e9e actuelle sur le site avant de partir, car elle varie selon le jour et la dur\u00e9e du s\u00e9jour. Si tu comptes venir plusieurs fois, la carte pr\u00e9pay\u00e9e est avantageuse : pour un cr\u00e9dit de 150 euros tu paies 142,50 euros, soit 5 % de r\u00e9duction. <strong>\ud83d\udca1 Astuce :<\/strong> Si tu oublies ton \u00e9quipement, la location du peignoir co\u00fbte 9 euros (plus 40 euros de caution) et la serviette revient \u00e0 6 euros (20 euros de caution).<\/p>\n\n\n\n<figure data-wp-context=\"{&quot;imageId&quot;:&quot;6a9c5ffc2b275&quot;}\" data-wp-interactive=\"core\/image\" data-wp-key=\"6a9c5ffc2b275\" class=\"wp-block-image size-full wp-lightbox-container\"><img decoding=\"async\" width=\"1800\" height=\"1200\" data-wp-class--hide=\"state.isContentHidden\" data-wp-class--show=\"state.isContentVisible\" data-wp-init=\"callbacks.setButtonStyles\" data-wp-on--click=\"actions.showLightbox\" data-wp-on--load=\"callbacks.setButtonStyles\" data-wp-on--pointerdown=\"actions.preloadImage\" data-wp-on--pointerenter=\"actions.preloadImageWithDelay\" data-wp-on--pointerleave=\"actions.cancelPreload\" data-wp-on-window--resize=\"callbacks.setButtonStyles\" src=\"https:\/\/loudavymkrokem.cz\/wp-content\/uploads\/2026\/09\/nemecko-clanky-termaly-nemecko-23-69c5fa9a.jpg\" alt=\"B\u00e2timent du Mineraltherme \u00e0 B\u00f6blingen\" class=\"wp-image-415485\" title=\"\" srcset=\"https:\/\/loudavymkrokem.cz\/wp-content\/uploads\/2026\/09\/nemecko-clanky-termaly-nemecko-23-69c5fa9a.jpg 1800w, https:\/\/loudavymkrokem.cz\/wp-content\/uploads\/2026\/09\/nemecko-clanky-termaly-nemecko-23-69c5fa9a-300x200.jpg 300w, https:\/\/loudavymkrokem.cz\/wp-content\/uploads\/2026\/09\/nemecko-clanky-termaly-nemecko-23-69c5fa9a-700x467.jpg 700w, https:\/\/loudavymkrokem.cz\/wp-content\/uploads\/2026\/09\/nemecko-clanky-termaly-nemecko-23-69c5fa9a-768x512.jpg 768w, https:\/\/loudavymkrokem.cz\/wp-content\/uploads\/2026\/09\/nemecko-clanky-termaly-nemecko-23-69c5fa9a-1536x1024.jpg 1536w, https:\/\/loudavymkrokem.cz\/wp-content\/uploads\/2026\/09\/nemecko-clanky-termaly-nemecko-23-69c5fa9a-696x464.jpg 696w, https:\/\/loudavymkrokem.cz\/wp-content\/uploads\/2026\/09\/nemecko-clanky-termaly-nemecko-23-69c5fa9a-1392x928.jpg 1392w\" sizes=\"(max-width: 1800px) 100vw, 1800px\" \/><button\n\t\t\tclass=\"lightbox-trigger\"\n\t\t\ttype=\"button\"\n\t\t\taria-haspopup=\"dialog\"\n\t\t\tdata-wp-bind--aria-label=\"state.thisImage.triggerButtonAriaLabel\"\n\t\t\tdata-wp-init=\"callbacks.initTriggerButton\"\n\t\t\tdata-wp-on--click=\"actions.showLightbox\"\n\t\t\tdata-wp-style--right=\"state.thisImage.buttonRight\"\n\t\t\tdata-wp-style--top=\"state.thisImage.buttonTop\"\n\t\t>\n\t\t\t<svg xmlns=\"http:\/\/www.w3.org\/2000\/svg\" width=\"12\" height=\"12\" fill=\"none\" viewBox=\"0 0 12 12\">\n\t\t\t\t<path fill=\"#fff\" d=\"M2 0a2 2 0 0 0-2 2v2h1.5V2a.5.5 0 0 1 .5-.5h2V0H2Zm2 10.5H2a.5.5 0 0 1-.5-.5V8H0v2a2 2 0 0 0 2 2h2v-1.5ZM8 12v-1.5h2a.5.5 0 0 0 .5-.5V8H12v2a2 2 0 0 1-2 2H8Zm2-12a2 2 0 0 1 2 2v2h-1.5V2a.5.5 0 0 0-.5-.5H8V0h2Z\" \/>\n\t\t\t<\/svg>\n\t\t<\/button><figcaption class=\"wp-element-caption\">Photo : Giftzwerg 88 \/ Wikimedia Commons, CC BY-SA 3.0<\/figcaption><\/figure>\n\n\n\n<h3 class=\"wp-block-heading\"><span class=\"ez-toc-section\" id=\"17_Mineraltherme_Boblingen_Boblingen\"><\/span>17. Mineraltherme B\u00f6blingen (B\u00f6blingen)<span class=\"ez-toc-section-end\"><\/span><\/h3>\n\n\n\n<p class=\"wp-block-paragraph\">Aux bains de la ville de B\u00f6blingen t&rsquo;attend un univers sauna qui <strong>occupe de g\u00e9n\u00e9reux 3 300 m\u00e8tres carr\u00e9s<\/strong>. Tu te baigneras dans cinq bassins de d\u00e9tente diff\u00e9rents, o\u00f9 la temp\u00e9rature de l&rsquo;eau va de tr\u00e8s agr\u00e9ables 31 \u00e0 36 \u00b0C. Ce complexe convient \u00e0 tous ceux qui cherchent \u00e0 fuir les soucis du quotidien et tiennent \u00e0 un espace bien-\u00eatre de qualit\u00e9 en plein centre-ville.<\/p>\n\n\n\n<p class=\"wp-block-paragraph\">Les amateurs de sauna sont ici vraiment combl\u00e9s, car le vaste complexe propose un sauna finlandais classique, une chauffe aux herbes parfum\u00e9e, un softsauna plus doux, un SinnBad sp\u00e9cial et des bains de vapeur romains traditionnels. C&rsquo;est ouvert aux visiteurs tous les jours de 9 h \u00e0 22 h. Si tu adores les longues baignades du soir, viens le premier vendredi du mois, o\u00f9 tu <strong>peux te d\u00e9tendre jusqu&rsquo;\u00e0 minuit<\/strong>. Les enfants de moins de 5 ans n&rsquo;ont pas acc\u00e8s et les jeunes de moins de 16 ans doivent \u00eatre accompagn\u00e9s d&rsquo;un adulte.<\/p>\n\n\n\n<p class=\"wp-block-paragraph\">D&rsquo;apr\u00e8s le tarif 2026, une entr\u00e9e de trois heures aux thermes et au Classic-Sauna co\u00fbte <strong>17,50 euros en semaine<\/strong> et 19 euros le week-end. Un billet de 4 heures incluant la zone Saunagarten co\u00fbte 26,50 euros, respectivement 28 euros. Le billet journ\u00e9e pour les deux zones sauna revient \u00e0 33,50 euros en semaine. Le tarif familial pour deux adultes et deux enfants (5 \u00e0 16 ans) revient \u00e0 50 euros pour trois heures. <strong>\ud83d\udca1 Astuce :<\/strong> Pour chaque euro d\u00e9pens\u00e9 en massages sur place, tu gagnes une minute de cr\u00e9dit temps suppl\u00e9mentaire. Les personnes f\u00eatant leur anniversaire b\u00e9n\u00e9ficient de 50 % de r\u00e9duction sur l&rsquo;entr\u00e9e sur pr\u00e9sentation d&rsquo;un justificatif.<\/p>\n\n\n\n<figure data-wp-context=\"{&quot;imageId&quot;:&quot;6a9c5ffc2ba31&quot;}\" data-wp-interactive=\"core\/image\" data-wp-key=\"6a9c5ffc2ba31\" class=\"wp-block-image size-full wp-lightbox-container\"><img decoding=\"async\" width=\"1800\" height=\"1350\" data-wp-class--hide=\"state.isContentHidden\" data-wp-class--show=\"state.isContentVisible\" data-wp-init=\"callbacks.setButtonStyles\" data-wp-on--click=\"actions.showLightbox\" data-wp-on--load=\"callbacks.setButtonStyles\" data-wp-on--pointerdown=\"actions.preloadImage\" data-wp-on--pointerenter=\"actions.preloadImageWithDelay\" data-wp-on--pointerleave=\"actions.cancelPreload\" data-wp-on-window--resize=\"callbacks.setButtonStyles\" src=\"https:\/\/loudavymkrokem.cz\/wp-content\/uploads\/2026\/09\/nemecko-clanky-termaly-nemecko-24-fb363786-1.jpg\" alt=\"Panorama Therme Beuren (Beuren)\" class=\"wp-image-415315\" title=\"\" srcset=\"https:\/\/loudavymkrokem.cz\/wp-content\/uploads\/2026\/09\/nemecko-clanky-termaly-nemecko-24-fb363786-1.jpg 1800w, https:\/\/loudavymkrokem.cz\/wp-content\/uploads\/2026\/09\/nemecko-clanky-termaly-nemecko-24-fb363786-1-300x225.jpg 300w, https:\/\/loudavymkrokem.cz\/wp-content\/uploads\/2026\/09\/nemecko-clanky-termaly-nemecko-24-fb363786-1-700x525.jpg 700w, https:\/\/loudavymkrokem.cz\/wp-content\/uploads\/2026\/09\/nemecko-clanky-termaly-nemecko-24-fb363786-1-768x576.jpg 768w, https:\/\/loudavymkrokem.cz\/wp-content\/uploads\/2026\/09\/nemecko-clanky-termaly-nemecko-24-fb363786-1-1536x1152.jpg 1536w, https:\/\/loudavymkrokem.cz\/wp-content\/uploads\/2026\/09\/nemecko-clanky-termaly-nemecko-24-fb363786-1-80x60.jpg 80w, https:\/\/loudavymkrokem.cz\/wp-content\/uploads\/2026\/09\/nemecko-clanky-termaly-nemecko-24-fb363786-1-160x120.jpg 160w, https:\/\/loudavymkrokem.cz\/wp-content\/uploads\/2026\/09\/nemecko-clanky-termaly-nemecko-24-fb363786-1-696x522.jpg 696w, https:\/\/loudavymkrokem.cz\/wp-content\/uploads\/2026\/09\/nemecko-clanky-termaly-nemecko-24-fb363786-1-1392x1044.jpg 1392w\" sizes=\"(max-width: 1800px) 100vw, 1800px\" \/><button\n\t\t\tclass=\"lightbox-trigger\"\n\t\t\ttype=\"button\"\n\t\t\taria-haspopup=\"dialog\"\n\t\t\tdata-wp-bind--aria-label=\"state.thisImage.triggerButtonAriaLabel\"\n\t\t\tdata-wp-init=\"callbacks.initTriggerButton\"\n\t\t\tdata-wp-on--click=\"actions.showLightbox\"\n\t\t\tdata-wp-style--right=\"state.thisImage.buttonRight\"\n\t\t\tdata-wp-style--top=\"state.thisImage.buttonTop\"\n\t\t>\n\t\t\t<svg xmlns=\"http:\/\/www.w3.org\/2000\/svg\" width=\"12\" height=\"12\" fill=\"none\" viewBox=\"0 0 12 12\">\n\t\t\t\t<path fill=\"#fff\" d=\"M2 0a2 2 0 0 0-2 2v2h1.5V2a.5.5 0 0 1 .5-.5h2V0H2Zm2 10.5H2a.5.5 0 0 1-.5-.5V8H0v2a2 2 0 0 0 2 2h2v-1.5ZM8 12v-1.5h2a.5.5 0 0 0 .5-.5V8H12v2a2 2 0 0 1-2 2H8Zm2-12a2 2 0 0 1 2 2v2h-1.5V2a.5.5 0 0 0-.5-.5H8V0h2Z\" \/>\n\t\t\t<\/svg>\n\t\t<\/button><\/figure>\n\n\n\n<h3 class=\"wp-block-heading\"><span class=\"ez-toc-section\" id=\"18_Panorama_Therme_Beuren_Beuren\"><\/span>18. Panorama Therme Beuren (Beuren)<span class=\"ez-toc-section-end\"><\/span><\/h3>\n\n\n\n<p class=\"wp-block-paragraph\">Ces thermes se trouvent dans la charmante ville de Beuren et leur emplacement est unique, car une grande partie du territoire communal <strong>fait partie de la r\u00e9serve de biosph\u00e8re de la Schw\u00e4bische Alb<\/strong>. La nature alentour est donc tout simplement magnifique et tu te reposeras ici au maximum en sachant que tu te trouves dans une zone prot\u00e9g\u00e9e. Les bains conviennent ainsi parfaitement pour conclure une journ\u00e9e active sur le Jura souabe.<\/p>\n\n\n\n<p class=\"wp-block-paragraph\">Tu disposes d&rsquo;une partie thermale classique et de bains de vapeur (Dampfb\u00e4der) tr\u00e8s appr\u00e9ci\u00e9s. L&rsquo;ambiance est globalement plus calme et vise avant tout les visiteurs adultes en qu\u00eate d&rsquo;un vrai repos apr\u00e8s des balades dans la nature environnante. L&rsquo;atmosph\u00e8re y coule \u00e0 un rythme plus lent et tu peux savourer sans remords les bienfaits de l&rsquo;eau chaude.<\/p>\n\n\n\n<p class=\"wp-block-paragraph\">D&rsquo;apr\u00e8s le tarif 2026, un billet pour les bains de vapeur pour 2,5 heures revient \u00e0 <strong>17,50 euros en semaine<\/strong>, et le week-end et les jours f\u00e9ri\u00e9s tu ajoutes 1,50 euro. Les personnes lourdement handicap\u00e9es b\u00e9n\u00e9ficient d&rsquo;une l\u00e9g\u00e8re r\u00e9duction et paient 16,50 euros. La combinaison thermes et vapeur pour 3 heures co\u00fbte 25,50 euros en semaine et 27 euros le week-end. <strong>\ud83d\udca1 Astuce :<\/strong> Si tu as chez toi d&rsquo;anciens billets au format ticket de parking avec code-barres, tu peux encore les utiliser, mais tu paieras un suppl\u00e9ment de 3 \u00e0 3,50 euros. Pour les tr\u00e8s vieux billets \u00e0 bande magn\u00e9tique, le suppl\u00e9ment est de 5 \u00e0 5,50 euros.<\/p>\n\n\n\n<figure data-wp-context=\"{&quot;imageId&quot;:&quot;6a9c5ffc2c0e6&quot;}\" data-wp-interactive=\"core\/image\" data-wp-key=\"6a9c5ffc2c0e6\" class=\"wp-block-image size-full wp-lightbox-container\"><img decoding=\"async\" width=\"1800\" height=\"1200\" data-wp-class--hide=\"state.isContentHidden\" data-wp-class--show=\"state.isContentVisible\" data-wp-init=\"callbacks.setButtonStyles\" data-wp-on--click=\"actions.showLightbox\" data-wp-on--load=\"callbacks.setButtonStyles\" data-wp-on--pointerdown=\"actions.preloadImage\" data-wp-on--pointerenter=\"actions.preloadImageWithDelay\" data-wp-on--pointerleave=\"actions.cancelPreload\" data-wp-on-window--resize=\"callbacks.setButtonStyles\" src=\"https:\/\/loudavymkrokem.cz\/wp-content\/uploads\/2026\/09\/nemecko-clanky-termaly-nemecko-25-92e2b50c.jpg\" alt=\"Bodensee-Therme Konstanz avec restaurant surplombant le lac de Constance\" class=\"wp-image-415489\" title=\"\" srcset=\"https:\/\/loudavymkrokem.cz\/wp-content\/uploads\/2026\/09\/nemecko-clanky-termaly-nemecko-25-92e2b50c.jpg 1800w, https:\/\/loudavymkrokem.cz\/wp-content\/uploads\/2026\/09\/nemecko-clanky-termaly-nemecko-25-92e2b50c-300x200.jpg 300w, https:\/\/loudavymkrokem.cz\/wp-content\/uploads\/2026\/09\/nemecko-clanky-termaly-nemecko-25-92e2b50c-700x467.jpg 700w, https:\/\/loudavymkrokem.cz\/wp-content\/uploads\/2026\/09\/nemecko-clanky-termaly-nemecko-25-92e2b50c-768x512.jpg 768w, https:\/\/loudavymkrokem.cz\/wp-content\/uploads\/2026\/09\/nemecko-clanky-termaly-nemecko-25-92e2b50c-1536x1024.jpg 1536w, https:\/\/loudavymkrokem.cz\/wp-content\/uploads\/2026\/09\/nemecko-clanky-termaly-nemecko-25-92e2b50c-696x464.jpg 696w, https:\/\/loudavymkrokem.cz\/wp-content\/uploads\/2026\/09\/nemecko-clanky-termaly-nemecko-25-92e2b50c-1392x928.jpg 1392w\" sizes=\"(max-width: 1800px) 100vw, 1800px\" \/><button\n\t\t\tclass=\"lightbox-trigger\"\n\t\t\ttype=\"button\"\n\t\t\taria-haspopup=\"dialog\"\n\t\t\tdata-wp-bind--aria-label=\"state.thisImage.triggerButtonAriaLabel\"\n\t\t\tdata-wp-init=\"callbacks.initTriggerButton\"\n\t\t\tdata-wp-on--click=\"actions.showLightbox\"\n\t\t\tdata-wp-style--right=\"state.thisImage.buttonRight\"\n\t\t\tdata-wp-style--top=\"state.thisImage.buttonTop\"\n\t\t>\n\t\t\t<svg xmlns=\"http:\/\/www.w3.org\/2000\/svg\" width=\"12\" height=\"12\" fill=\"none\" viewBox=\"0 0 12 12\">\n\t\t\t\t<path fill=\"#fff\" d=\"M2 0a2 2 0 0 0-2 2v2h1.5V2a.5.5 0 0 1 .5-.5h2V0H2Zm2 10.5H2a.5.5 0 0 1-.5-.5V8H0v2a2 2 0 0 0 2 2h2v-1.5ZM8 12v-1.5h2a.5.5 0 0 0 .5-.5V8H12v2a2 2 0 0 1-2 2H8Zm2-12a2 2 0 0 1 2 2v2h-1.5V2a.5.5 0 0 0-.5-.5H8V0h2Z\" \/>\n\t\t\t<\/svg>\n\t\t<\/button><figcaption class=\"wp-element-caption\">Photo : Rizzo \/ Wikimedia Commons, CC BY-SA 3.0<\/figcaption><\/figure>\n\n\n\n<h3 class=\"wp-block-heading\"><span class=\"ez-toc-section\" id=\"19_Bodensee-Therme_Konstanz_Constance\"><\/span>19. Bodensee-Therme Konstanz (Constance)<span class=\"ez-toc-section-end\"><\/span><\/h3>\n\n\n\n<p class=\"wp-block-paragraph\">Ici, tu te baigneras <strong>directement au bord du c\u00e9l\u00e8bre lac de Constance<\/strong>, dans la ville de Constance. Tout le complexe se divise astucieusement en quatre parties principales : un bassin thermal int\u00e9rieur, un bassin thermal ext\u00e9rieur, un Quelltopf sp\u00e9cial et une piscine d&rsquo;\u00e9t\u00e9 (Freibad), o\u00f9 ne peut manquer un vrai bassin de nage de 50 m\u00e8tres. La combinaison des bassins et du lac est enchanteresse.<\/p>\n\n\n\n<p class=\"wp-block-paragraph\">En \u00e9t\u00e9, les gens profitent ainsi de la baignade directement dans le lac, tandis que pendant les mois plus froids, ce sont les thermes chauff\u00e9s qui les attirent. La partie sauna est ouverte tous les jours de 10 h \u00e0 22 h et chaque mardi fonctionne <strong>exclusivement comme sauna r\u00e9serv\u00e9 aux dames<\/strong>, une excellente nouvelle pour toutes les visiteuses en qu\u00eate d&rsquo;intimit\u00e9. Les enfants ne sont admis au sauna et au Quelltopf qu&rsquo;\u00e0 partir de 6 ans. Dans le Freibad d&rsquo;\u00e9t\u00e9, les tout-petits de moins de 5 ans entrent gratuitement, et aux thermes les enfants de moins de 2 ans ne paient pas.<\/p>\n\n\n\n<p class=\"wp-block-paragraph\">D&rsquo;apr\u00e8s le tarif 2026, tu paieras <strong>16,50 euros en semaine<\/strong> pour 3 heures aux thermes et 19 euros le week-end ou les jours f\u00e9ri\u00e9s. Un s\u00e9jour journ\u00e9e aux bassins co\u00fbte 19,50 euros, respectivement 22 euros. Trois heures de sauna reviennent \u00e0 27,50 euros en semaine et 30,50 euros le week-end. <strong>\ud83d\udca1 Astuce :<\/strong> Le bassin thermal ext\u00e9rieur est en r\u00e9vision et restera hors service jusqu&rsquo;au 25 septembre 2026, tiens-en compte \u00e0 l&rsquo;avance lors de la planification de ton excursion.<\/p>\n\n\n\n<figure data-wp-context=\"{&quot;imageId&quot;:&quot;6a9c5ffc2c7ef&quot;}\" data-wp-interactive=\"core\/image\" data-wp-key=\"6a9c5ffc2c7ef\" class=\"wp-block-image size-full wp-lightbox-container\"><img decoding=\"async\" width=\"1800\" height=\"1200\" data-wp-class--hide=\"state.isContentHidden\" data-wp-class--show=\"state.isContentVisible\" data-wp-init=\"callbacks.setButtonStyles\" data-wp-on--click=\"actions.showLightbox\" data-wp-on--load=\"callbacks.setButtonStyles\" data-wp-on--pointerdown=\"actions.preloadImage\" data-wp-on--pointerenter=\"actions.preloadImageWithDelay\" data-wp-on--pointerleave=\"actions.cancelPreload\" data-wp-on-window--resize=\"callbacks.setButtonStyles\" src=\"https:\/\/loudavymkrokem.cz\/wp-content\/uploads\/2026\/09\/nemecko-clanky-termaly-nemecko-26-4ac25752-1.jpg\" alt=\"Adelindis Therme (Bad Buchau) : bassin de d\u00e9tente\" class=\"wp-image-415319\" title=\"\" srcset=\"https:\/\/loudavymkrokem.cz\/wp-content\/uploads\/2026\/09\/nemecko-clanky-termaly-nemecko-26-4ac25752-1.jpg 1800w, https:\/\/loudavymkrokem.cz\/wp-content\/uploads\/2026\/09\/nemecko-clanky-termaly-nemecko-26-4ac25752-1-300x200.jpg 300w, https:\/\/loudavymkrokem.cz\/wp-content\/uploads\/2026\/09\/nemecko-clanky-termaly-nemecko-26-4ac25752-1-700x467.jpg 700w, https:\/\/loudavymkrokem.cz\/wp-content\/uploads\/2026\/09\/nemecko-clanky-termaly-nemecko-26-4ac25752-1-768x512.jpg 768w, https:\/\/loudavymkrokem.cz\/wp-content\/uploads\/2026\/09\/nemecko-clanky-termaly-nemecko-26-4ac25752-1-1536x1024.jpg 1536w, https:\/\/loudavymkrokem.cz\/wp-content\/uploads\/2026\/09\/nemecko-clanky-termaly-nemecko-26-4ac25752-1-696x464.jpg 696w, https:\/\/loudavymkrokem.cz\/wp-content\/uploads\/2026\/09\/nemecko-clanky-termaly-nemecko-26-4ac25752-1-1392x928.jpg 1392w\" sizes=\"(max-width: 1800px) 100vw, 1800px\" \/><button\n\t\t\tclass=\"lightbox-trigger\"\n\t\t\ttype=\"button\"\n\t\t\taria-haspopup=\"dialog\"\n\t\t\tdata-wp-bind--aria-label=\"state.thisImage.triggerButtonAriaLabel\"\n\t\t\tdata-wp-init=\"callbacks.initTriggerButton\"\n\t\t\tdata-wp-on--click=\"actions.showLightbox\"\n\t\t\tdata-wp-style--right=\"state.thisImage.buttonRight\"\n\t\t\tdata-wp-style--top=\"state.thisImage.buttonTop\"\n\t\t>\n\t\t\t<svg xmlns=\"http:\/\/www.w3.org\/2000\/svg\" width=\"12\" height=\"12\" fill=\"none\" viewBox=\"0 0 12 12\">\n\t\t\t\t<path fill=\"#fff\" d=\"M2 0a2 2 0 0 0-2 2v2h1.5V2a.5.5 0 0 1 .5-.5h2V0H2Zm2 10.5H2a.5.5 0 0 1-.5-.5V8H0v2a2 2 0 0 0 2 2h2v-1.5ZM8 12v-1.5h2a.5.5 0 0 0 .5-.5V8H12v2a2 2 0 0 1-2 2H8Zm2-12a2 2 0 0 1 2 2v2h-1.5V2a.5.5 0 0 0-.5-.5H8V0h2Z\" \/>\n\t\t\t<\/svg>\n\t\t<\/button><\/figure>\n\n\n\n<h3 class=\"wp-block-heading\"><span class=\"ez-toc-section\" id=\"20_Adelindis_Therme_Bad_Buchau\"><\/span>20. Adelindis Therme (Bad Buchau)<span class=\"ez-toc-section-end\"><\/span><\/h3>\n\n\n\n<p class=\"wp-block-paragraph\">Si tu adores une bonne chauffe et que tu tiens \u00e0 la vari\u00e9t\u00e9, tu seras aux anges dans la petite ville thermale de Bad Buchau. L&rsquo;univers sauna local <strong>propose en effet pas moins de 7 saunas diff\u00e9rents<\/strong> \u00e0 divers niveaux de temp\u00e9rature, si bien que chacun y trouvera son pr\u00e9f\u00e9r\u00e9, que tu aimes une chaleur plus douce ou au contraire une transpiration nordique intense.<\/p>\n\n\n\n<p class=\"wp-block-paragraph\">Outre le sauna, tu trouves ici une partie thermale tr\u00e8s agr\u00e9able o\u00f9 tu peux passer une journ\u00e9e enti\u00e8re. L&rsquo;ambiance est tr\u00e8s reposante et le complexe est carr\u00e9ment id\u00e9al pour les couples ou les voyageurs qui veulent se d\u00e9tendre loin du stress quotidien, dans un cadre thermal paisible. Les thermes offrent un refuge parfait, surtout pendant la p\u00e9riode la plus froide de l&rsquo;ann\u00e9e.<\/p>\n\n\n\n<p class=\"wp-block-paragraph\">D&rsquo;apr\u00e8s le tarif 2026, une entr\u00e9e de quatre heures aux thermes co\u00fbte <strong>15 euros en semaine<\/strong> et 16,50 euros le week-end ou les jours f\u00e9ri\u00e9s. Le billet journ\u00e9e aux bassins co\u00fbte 18 euros, avec le suppl\u00e9ment week-end 19,50 euros. Le billet journ\u00e9e incluant thermes et sauna revient \u00e0 23 euros en semaine. <strong>\ud83d\udca1 Astuce :<\/strong> Tu voyages en camping-car ? Profite du tarif sp\u00e9cial d&rsquo;1 heure avec carte de stationnement \u00e0 7 euros. Le tarif du soir apr\u00e8s 18 h est aussi un excellent choix, avec l&rsquo;entr\u00e9e aux thermes r\u00e9duite \u00e0 12,50 euros. Chaque dernier vendredi du mois se tient en plus la populaire Eventsauna \u00e0 32 euros.<\/p>\n\n\n\n<figure data-wp-context=\"{&quot;imageId&quot;:&quot;6a9c5ffc2cc53&quot;}\" data-wp-interactive=\"core\/image\" data-wp-key=\"6a9c5ffc2cc53\" class=\"wp-block-image size-full wp-lightbox-container\"><img decoding=\"async\" width=\"1800\" height=\"1200\" data-wp-class--hide=\"state.isContentHidden\" data-wp-class--show=\"state.isContentVisible\" data-wp-init=\"callbacks.setButtonStyles\" data-wp-on--click=\"actions.showLightbox\" data-wp-on--load=\"callbacks.setButtonStyles\" data-wp-on--pointerdown=\"actions.preloadImage\" data-wp-on--pointerenter=\"actions.preloadImageWithDelay\" data-wp-on--pointerleave=\"actions.cancelPreload\" data-wp-on-window--resize=\"callbacks.setButtonStyles\" src=\"https:\/\/loudavymkrokem.cz\/wp-content\/uploads\/2026\/09\/nemecko-clanky-termaly-nemecko-27-457f21a5.jpg\" alt=\"Bassins ext\u00e9rieurs du Sonnenhof-Therme \u00e0 Bad Saulgau au coucher du soleil\" class=\"wp-image-415493\" title=\"\" srcset=\"https:\/\/loudavymkrokem.cz\/wp-content\/uploads\/2026\/09\/nemecko-clanky-termaly-nemecko-27-457f21a5.jpg 1800w, https:\/\/loudavymkrokem.cz\/wp-content\/uploads\/2026\/09\/nemecko-clanky-termaly-nemecko-27-457f21a5-300x200.jpg 300w, https:\/\/loudavymkrokem.cz\/wp-content\/uploads\/2026\/09\/nemecko-clanky-termaly-nemecko-27-457f21a5-700x467.jpg 700w, https:\/\/loudavymkrokem.cz\/wp-content\/uploads\/2026\/09\/nemecko-clanky-termaly-nemecko-27-457f21a5-768x512.jpg 768w, https:\/\/loudavymkrokem.cz\/wp-content\/uploads\/2026\/09\/nemecko-clanky-termaly-nemecko-27-457f21a5-1536x1024.jpg 1536w, https:\/\/loudavymkrokem.cz\/wp-content\/uploads\/2026\/09\/nemecko-clanky-termaly-nemecko-27-457f21a5-696x464.jpg 696w, https:\/\/loudavymkrokem.cz\/wp-content\/uploads\/2026\/09\/nemecko-clanky-termaly-nemecko-27-457f21a5-1392x928.jpg 1392w\" sizes=\"(max-width: 1800px) 100vw, 1800px\" \/><button\n\t\t\tclass=\"lightbox-trigger\"\n\t\t\ttype=\"button\"\n\t\t\taria-haspopup=\"dialog\"\n\t\t\tdata-wp-bind--aria-label=\"state.thisImage.triggerButtonAriaLabel\"\n\t\t\tdata-wp-init=\"callbacks.initTriggerButton\"\n\t\t\tdata-wp-on--click=\"actions.showLightbox\"\n\t\t\tdata-wp-style--right=\"state.thisImage.buttonRight\"\n\t\t\tdata-wp-style--top=\"state.thisImage.buttonTop\"\n\t\t>\n\t\t\t<svg xmlns=\"http:\/\/www.w3.org\/2000\/svg\" width=\"12\" height=\"12\" fill=\"none\" viewBox=\"0 0 12 12\">\n\t\t\t\t<path fill=\"#fff\" d=\"M2 0a2 2 0 0 0-2 2v2h1.5V2a.5.5 0 0 1 .5-.5h2V0H2Zm2 10.5H2a.5.5 0 0 1-.5-.5V8H0v2a2 2 0 0 0 2 2h2v-1.5ZM8 12v-1.5h2a.5.5 0 0 0 .5-.5V8H12v2a2 2 0 0 1-2 2H8Zm2-12a2 2 0 0 1 2 2v2h-1.5V2a.5.5 0 0 0-.5-.5H8V0h2Z\" \/>\n\t\t\t<\/svg>\n\t\t<\/button><\/figure>\n\n\n\n<h3 class=\"wp-block-heading\"><span class=\"ez-toc-section\" id=\"21_Sonnenhof-Therme_Bad_Saulgau\"><\/span>21. Sonnenhof-Therme (Bad Saulgau)<span class=\"ez-toc-section-end\"><\/span><\/h3>\n\n\n\n<p class=\"wp-block-paragraph\">Ces bains de la ville de Bad Saulgau se targuent d&rsquo;une immense richesse naturelle, pour laquelle on afflue de toute la r\u00e9gion. Chaque jour <strong>jaillit ici, d&rsquo;une profondeur impressionnante de 650 m\u00e8tres, jusqu&rsquo;\u00e0 1,5 million de litres d&rsquo;eau sulfureuse curative<\/strong>, qui remplit sans cesse tous les bassins locaux. L&rsquo;architecture moderne \u00e0 elle seule est d\u00e9j\u00e0 impressionnante, car le b\u00e2timent est baign\u00e9 d&rsquo;une abondante lumi\u00e8re du jour.<\/p>\n\n\n\n<p class=\"wp-block-paragraph\">Sur 900 m\u00e8tres carr\u00e9s, tu d\u00e9couvriras sept bassins int\u00e9rieurs et ext\u00e9rieurs \u00e0 des temp\u00e9ratures de 28 \u00e0 40 \u00b0C. Le plus chaud est le Quellbecken int\u00e9rieur, qui propose <strong>41 \u00b0C<\/strong>. On y trouve un bassin en cascade \u00e0 34 \u00b0C ou un bain de vapeur romain \u00e0 100 % d&rsquo;humidit\u00e9 et une temp\u00e9rature de 40 \u00e0 50 \u00b0C. Dans la salle de sel, tu seras r\u00e9chauff\u00e9 \u00e0 au moins 42 \u00b0C. Les bassins comprennent aussi diverses cascades et jets sous-marins.<\/p>\n\n\n\n<p class=\"wp-block-paragraph\">D&rsquo;apr\u00e8s le tarif 2026, un billet de deux heures aux thermes revient \u00e0 13,80 euros. Une entr\u00e9e de trois heures co\u00fbte 14,80 euros et la formule journ\u00e9e se vend \u00e0 20,40 euros. L&rsquo;acc\u00e8s au sauna, qui inclut d\u00e9j\u00e0 la baignade aux thermes, revient \u00e0 21,60 euros pour 3 heures. <strong>\ud83d\udca1 Astuce :<\/strong> Arr\u00eate-toi aux cascades et aux jets de massage du bassin \u00e0 de tr\u00e8s agr\u00e9ables 37 \u00b0C, car ils d\u00e9tendent parfaitement le dos et les \u00e9paules crisp\u00e9s.<\/p>\n\n\n\n<figure data-wp-context=\"{&quot;imageId&quot;:&quot;6a9c5ffc2d25e&quot;}\" data-wp-interactive=\"core\/image\" data-wp-key=\"6a9c5ffc2d25e\" class=\"wp-block-image size-full wp-lightbox-container\"><img decoding=\"async\" width=\"1800\" height=\"1200\" data-wp-class--hide=\"state.isContentHidden\" data-wp-class--show=\"state.isContentVisible\" data-wp-init=\"callbacks.setButtonStyles\" data-wp-on--click=\"actions.showLightbox\" data-wp-on--load=\"callbacks.setButtonStyles\" data-wp-on--pointerdown=\"actions.preloadImage\" data-wp-on--pointerenter=\"actions.preloadImageWithDelay\" data-wp-on--pointerleave=\"actions.cancelPreload\" data-wp-on-window--resize=\"callbacks.setButtonStyles\" src=\"https:\/\/loudavymkrokem.cz\/wp-content\/uploads\/2026\/09\/nemecko-clanky-termaly-nemecko-28-5b36a3a0-1.jpg\" alt=\"Caracalla Therme (Baden-Baden)\" class=\"wp-image-415324\" title=\"\" srcset=\"https:\/\/loudavymkrokem.cz\/wp-content\/uploads\/2026\/09\/nemecko-clanky-termaly-nemecko-28-5b36a3a0-1.jpg 1800w, https:\/\/loudavymkrokem.cz\/wp-content\/uploads\/2026\/09\/nemecko-clanky-termaly-nemecko-28-5b36a3a0-1-300x200.jpg 300w, https:\/\/loudavymkrokem.cz\/wp-content\/uploads\/2026\/09\/nemecko-clanky-termaly-nemecko-28-5b36a3a0-1-700x467.jpg 700w, https:\/\/loudavymkrokem.cz\/wp-content\/uploads\/2026\/09\/nemecko-clanky-termaly-nemecko-28-5b36a3a0-1-768x512.jpg 768w, https:\/\/loudavymkrokem.cz\/wp-content\/uploads\/2026\/09\/nemecko-clanky-termaly-nemecko-28-5b36a3a0-1-1536x1024.jpg 1536w, https:\/\/loudavymkrokem.cz\/wp-content\/uploads\/2026\/09\/nemecko-clanky-termaly-nemecko-28-5b36a3a0-1-696x464.jpg 696w, https:\/\/loudavymkrokem.cz\/wp-content\/uploads\/2026\/09\/nemecko-clanky-termaly-nemecko-28-5b36a3a0-1-1392x928.jpg 1392w\" sizes=\"(max-width: 1800px) 100vw, 1800px\" \/><button\n\t\t\tclass=\"lightbox-trigger\"\n\t\t\ttype=\"button\"\n\t\t\taria-haspopup=\"dialog\"\n\t\t\tdata-wp-bind--aria-label=\"state.thisImage.triggerButtonAriaLabel\"\n\t\t\tdata-wp-init=\"callbacks.initTriggerButton\"\n\t\t\tdata-wp-on--click=\"actions.showLightbox\"\n\t\t\tdata-wp-style--right=\"state.thisImage.buttonRight\"\n\t\t\tdata-wp-style--top=\"state.thisImage.buttonTop\"\n\t\t>\n\t\t\t<svg xmlns=\"http:\/\/www.w3.org\/2000\/svg\" width=\"12\" height=\"12\" fill=\"none\" viewBox=\"0 0 12 12\">\n\t\t\t\t<path fill=\"#fff\" d=\"M2 0a2 2 0 0 0-2 2v2h1.5V2a.5.5 0 0 1 .5-.5h2V0H2Zm2 10.5H2a.5.5 0 0 1-.5-.5V8H0v2a2 2 0 0 0 2 2h2v-1.5ZM8 12v-1.5h2a.5.5 0 0 0 .5-.5V8H12v2a2 2 0 0 1-2 2H8Zm2-12a2 2 0 0 1 2 2v2h-1.5V2a.5.5 0 0 0-.5-.5H8V0h2Z\" \/>\n\t\t\t<\/svg>\n\t\t<\/button><figcaption class=\"wp-element-caption\">Photo : Gerd Eichmann \/ Wikimedia Commons, CC BY-SA 4.0<\/figcaption><\/figure>\n\n\n\n<h3 class=\"wp-block-heading\"><span class=\"ez-toc-section\" id=\"22_Caracalla_Therme_Baden-Baden\"><\/span>22. Caracalla Therme (Baden-Baden)<span class=\"ez-toc-section-end\"><\/span><\/h3>\n\n\n\n<p class=\"wp-block-paragraph\">Dans le l\u00e9gendaire Baden-Baden, tu trouves ce complexe de luxe d&rsquo;une surface totale de 5 000 m\u00e8tres carr\u00e9s, qui s\u00e9duit par un immense <strong>plan d&rsquo;eau de plus de 900 m\u00e8tres carr\u00e9s<\/strong>. Environ 800 000 litres d&rsquo;eau thermale pure y circulent chaque jour et la profondeur des bassins atteint au maximum 1,35 m\u00e8tre, tu t&rsquo;y sentiras donc en s\u00e9curit\u00e9.<\/p>\n\n\n\n<p class=\"wp-block-paragraph\">Les temp\u00e9ratures de l&rsquo;eau vont de 18 \u00e0 38 \u00b0C. Tu te r\u00e9chaufferas dans le grand bassin int\u00e9rieur (34 \u00b0C) ou dans le grand bassin ext\u00e9rieur (32 \u00b0C). Il y a aussi un petit bassin ext\u00e9rieur \u00e0 35 \u00b0C et deux jacuzzis chauds \u00e0 38 \u00b0C. Une grotte chaude \u00e0 38 \u00b0C (o\u00f9 l&rsquo;on conseille de rester 5 minutes) offre une belle exp\u00e9rience, <strong>imm\u00e9diatement suivie d&rsquo;une grotte froide<\/strong> \u00e0 seulement 18 \u00b0C pour un rafra\u00eechissement rapide de 10 \u00e0 20 secondes. Les plus t\u00e9m\u00e9raires appr\u00e9cieront le bain de vapeur accessible en maillot \u00e0 43 \u00b0C et 100 % d&rsquo;humidit\u00e9, ou la chambre d&rsquo;inhalation saline \u00e0 28-30 \u00b0C.<\/p>\n\n\n\n<p class=\"wp-block-paragraph\">D&rsquo;apr\u00e8s le tarif 2026, un billet aux bassins pour 2 heures co\u00fbte 21 euros, pour 3 heures 25 euros et la journ\u00e9e 35 euros. La combinaison avec le sauna revient \u00e0 26 euros pour 2 heures. Les enfants ne sont admis qu&rsquo;\u00e0 partir de 7 ans, et jusqu&rsquo;\u00e0 14 ans exclusivement avec un adulte. <strong>\ud83d\udca1 Astuce :<\/strong> Si tu te procures le fameux VIP-Chip, tu obtiens jusqu&rsquo;\u00e0 20 % de r\u00e9duction sur l&rsquo;entr\u00e9e non seulement ici, mais aussi aux bains historiques amis du Friedrichsbad.<\/p>\n\n\n\n<figure data-wp-context=\"{&quot;imageId&quot;:&quot;6a9c5ffc2dad4&quot;}\" data-wp-interactive=\"core\/image\" data-wp-key=\"6a9c5ffc2dad4\" class=\"wp-block-image size-full wp-lightbox-container\"><img decoding=\"async\" width=\"1800\" height=\"1083\" data-wp-class--hide=\"state.isContentHidden\" data-wp-class--show=\"state.isContentVisible\" data-wp-init=\"callbacks.setButtonStyles\" data-wp-on--click=\"actions.showLightbox\" data-wp-on--load=\"callbacks.setButtonStyles\" data-wp-on--pointerdown=\"actions.preloadImage\" data-wp-on--pointerenter=\"actions.preloadImageWithDelay\" data-wp-on--pointerleave=\"actions.cancelPreload\" data-wp-on-window--resize=\"callbacks.setButtonStyles\" src=\"https:\/\/loudavymkrokem.cz\/wp-content\/uploads\/2026\/09\/nemecko-clanky-termaly-nemecko-29-aa48ec15.jpg\" alt=\"Toit ondul\u00e9 et bassin ext\u00e9rieur du thermal Solemar \u00e0 Bad D\u00fcrrheim\" class=\"wp-image-415497\" title=\"\" srcset=\"https:\/\/loudavymkrokem.cz\/wp-content\/uploads\/2026\/09\/nemecko-clanky-termaly-nemecko-29-aa48ec15.jpg 1800w, https:\/\/loudavymkrokem.cz\/wp-content\/uploads\/2026\/09\/nemecko-clanky-termaly-nemecko-29-aa48ec15-300x181.jpg 300w, https:\/\/loudavymkrokem.cz\/wp-content\/uploads\/2026\/09\/nemecko-clanky-termaly-nemecko-29-aa48ec15-700x421.jpg 700w, https:\/\/loudavymkrokem.cz\/wp-content\/uploads\/2026\/09\/nemecko-clanky-termaly-nemecko-29-aa48ec15-768x462.jpg 768w, https:\/\/loudavymkrokem.cz\/wp-content\/uploads\/2026\/09\/nemecko-clanky-termaly-nemecko-29-aa48ec15-1536x924.jpg 1536w, https:\/\/loudavymkrokem.cz\/wp-content\/uploads\/2026\/09\/nemecko-clanky-termaly-nemecko-29-aa48ec15-696x419.jpg 696w, https:\/\/loudavymkrokem.cz\/wp-content\/uploads\/2026\/09\/nemecko-clanky-termaly-nemecko-29-aa48ec15-1392x838.jpg 1392w\" sizes=\"(max-width: 1800px) 100vw, 1800px\" \/><button\n\t\t\tclass=\"lightbox-trigger\"\n\t\t\ttype=\"button\"\n\t\t\taria-haspopup=\"dialog\"\n\t\t\tdata-wp-bind--aria-label=\"state.thisImage.triggerButtonAriaLabel\"\n\t\t\tdata-wp-init=\"callbacks.initTriggerButton\"\n\t\t\tdata-wp-on--click=\"actions.showLightbox\"\n\t\t\tdata-wp-style--right=\"state.thisImage.buttonRight\"\n\t\t\tdata-wp-style--top=\"state.thisImage.buttonTop\"\n\t\t>\n\t\t\t<svg xmlns=\"http:\/\/www.w3.org\/2000\/svg\" width=\"12\" height=\"12\" fill=\"none\" viewBox=\"0 0 12 12\">\n\t\t\t\t<path fill=\"#fff\" d=\"M2 0a2 2 0 0 0-2 2v2h1.5V2a.5.5 0 0 1 .5-.5h2V0H2Zm2 10.5H2a.5.5 0 0 1-.5-.5V8H0v2a2 2 0 0 0 2 2h2v-1.5ZM8 12v-1.5h2a.5.5 0 0 0 .5-.5V8H12v2a2 2 0 0 1-2 2H8Zm2-12a2 2 0 0 1 2 2v2h-1.5V2a.5.5 0 0 0-.5-.5H8V0h2Z\" \/>\n\t\t\t<\/svg>\n\t\t<\/button><\/figure>\n\n\n\n<h3 class=\"wp-block-heading\"><span class=\"ez-toc-section\" id=\"23_Solemar_Bad_Durrheim_Bad_Durrheim\"><\/span>23. Solemar Bad D\u00fcrrheim (Bad D\u00fcrrheim)<span class=\"ez-toc-section-end\"><\/span><\/h3>\n\n\n\n<p class=\"wp-block-paragraph\">Dans la ville thermale de Bad D\u00fcrrheim t&rsquo;attend une d\u00e9tente de premier ordre, dont l&rsquo;attrait principal est le <strong>vaste Schwarzwald-Sauna<\/strong>. Dans tout le complexe r\u00e8gne une atmosph\u00e8re exceptionnellement calme, taill\u00e9e pour un week-end de repos sans la moindre pr\u00e9cipitation. Si tu as besoin de te vider la t\u00eate et de simplement paresser, tu y parviendras \u00e0 coup s\u00fbr ici.<\/p>\n\n\n\n<p class=\"wp-block-paragraph\">Les thermes sont ouverts tous les jours de 9 h \u00e0 22 h, le vendredi le service du soir se prolonge m\u00eame jusqu&rsquo;\u00e0 23 h. Outre les bassins thermaux classiques, tu d\u00e9couvriras aussi une grotte de sel sp\u00e9ciale de la mer Morte (Totes-Meer-Salzgrotte), aux excellents effets sur les voies respiratoires. L&rsquo;univers sauna proprement dit ouvre \u00e0 tous les visiteurs d\u00e8s 10 h du matin.<\/p>\n\n\n\n<p class=\"wp-block-paragraph\">D&rsquo;apr\u00e8s le tarif 2026, un billet de trois heures aux thermes co\u00fbte 17,90 euros et la formule journ\u00e9e 19,90 euros. Pour une combinaison de quatre heures avec le sauna, compte 26,50 euros, la journ\u00e9e co\u00fbte alors 29,50 euros. L&rsquo;entr\u00e9e \u00e0 la grotte de sel co\u00fbte 11 euros pour les adultes et 5 euros pour les enfants de moins de 12 ans. Le sauna n&rsquo;est autoris\u00e9 qu&rsquo;aux jeunes \u00e0 partir de 13 ans. Pour les enfants de 3 \u00e0 12 ans, la journ\u00e9e aux thermes co\u00fbte 10,20 euros. <strong>\ud83d\udca1 Astuce :<\/strong> Si tu veux \u00e9conomiser, viens en soir\u00e9e pour le tarif r\u00e9duit valable \u00e0 partir de 19 h, qui revient \u00e0 seulement 14,90 euros aux thermes et 21,50 euros au sauna.<\/p>\n\n\n\n<figure data-wp-context=\"{&quot;imageId&quot;:&quot;6a9c5ffc2e3cb&quot;}\" data-wp-interactive=\"core\/image\" data-wp-key=\"6a9c5ffc2e3cb\" class=\"wp-block-image size-full wp-lightbox-container\"><img decoding=\"async\" width=\"1800\" height=\"1350\" data-wp-class--hide=\"state.isContentHidden\" data-wp-class--show=\"state.isContentVisible\" data-wp-init=\"callbacks.setButtonStyles\" data-wp-on--click=\"actions.showLightbox\" data-wp-on--load=\"callbacks.setButtonStyles\" data-wp-on--pointerdown=\"actions.preloadImage\" data-wp-on--pointerenter=\"actions.preloadImageWithDelay\" data-wp-on--pointerleave=\"actions.cancelPreload\" data-wp-on-window--resize=\"callbacks.setButtonStyles\" src=\"https:\/\/loudavymkrokem.cz\/wp-content\/uploads\/2026\/09\/nemecko-clanky-termaly-nemecko-30-ccda264f-1.jpg\" alt=\"Bassin ext\u00e9rieur de l&#039;AlbThermen \u00e0 Bad Urach dans la vapeur hivernale\" class=\"wp-image-415329\" title=\"\" srcset=\"https:\/\/loudavymkrokem.cz\/wp-content\/uploads\/2026\/09\/nemecko-clanky-termaly-nemecko-30-ccda264f-1.jpg 1800w, https:\/\/loudavymkrokem.cz\/wp-content\/uploads\/2026\/09\/nemecko-clanky-termaly-nemecko-30-ccda264f-1-300x225.jpg 300w, https:\/\/loudavymkrokem.cz\/wp-content\/uploads\/2026\/09\/nemecko-clanky-termaly-nemecko-30-ccda264f-1-700x525.jpg 700w, https:\/\/loudavymkrokem.cz\/wp-content\/uploads\/2026\/09\/nemecko-clanky-termaly-nemecko-30-ccda264f-1-768x576.jpg 768w, https:\/\/loudavymkrokem.cz\/wp-content\/uploads\/2026\/09\/nemecko-clanky-termaly-nemecko-30-ccda264f-1-1536x1152.jpg 1536w, https:\/\/loudavymkrokem.cz\/wp-content\/uploads\/2026\/09\/nemecko-clanky-termaly-nemecko-30-ccda264f-1-80x60.jpg 80w, https:\/\/loudavymkrokem.cz\/wp-content\/uploads\/2026\/09\/nemecko-clanky-termaly-nemecko-30-ccda264f-1-160x120.jpg 160w, https:\/\/loudavymkrokem.cz\/wp-content\/uploads\/2026\/09\/nemecko-clanky-termaly-nemecko-30-ccda264f-1-696x522.jpg 696w, https:\/\/loudavymkrokem.cz\/wp-content\/uploads\/2026\/09\/nemecko-clanky-termaly-nemecko-30-ccda264f-1-1392x1044.jpg 1392w\" sizes=\"(max-width: 1800px) 100vw, 1800px\" \/><button\n\t\t\tclass=\"lightbox-trigger\"\n\t\t\ttype=\"button\"\n\t\t\taria-haspopup=\"dialog\"\n\t\t\tdata-wp-bind--aria-label=\"state.thisImage.triggerButtonAriaLabel\"\n\t\t\tdata-wp-init=\"callbacks.initTriggerButton\"\n\t\t\tdata-wp-on--click=\"actions.showLightbox\"\n\t\t\tdata-wp-style--right=\"state.thisImage.buttonRight\"\n\t\t\tdata-wp-style--top=\"state.thisImage.buttonTop\"\n\t\t>\n\t\t\t<svg xmlns=\"http:\/\/www.w3.org\/2000\/svg\" width=\"12\" height=\"12\" fill=\"none\" viewBox=\"0 0 12 12\">\n\t\t\t\t<path fill=\"#fff\" d=\"M2 0a2 2 0 0 0-2 2v2h1.5V2a.5.5 0 0 1 .5-.5h2V0H2Zm2 10.5H2a.5.5 0 0 1-.5-.5V8H0v2a2 2 0 0 0 2 2h2v-1.5ZM8 12v-1.5h2a.5.5 0 0 0 .5-.5V8H12v2a2 2 0 0 1-2 2H8Zm2-12a2 2 0 0 1 2 2v2h-1.5V2a.5.5 0 0 0-.5-.5H8V0h2Z\" \/>\n\t\t\t<\/svg>\n\t\t<\/button><figcaption class=\"wp-element-caption\">Photo : qwesy qwesy \/ Wikimedia Commons, CC BY 3.0<\/figcaption><\/figure>\n\n\n\n<h3 class=\"wp-block-heading\"><span class=\"ez-toc-section\" id=\"24_AlbThermen_Bad_Urach\"><\/span>24. AlbThermen (Bad Urach)<span class=\"ez-toc-section-end\"><\/span><\/h3>\n\n\n\n<p class=\"wp-block-paragraph\">Cet \u00e9tablissement appr\u00e9ci\u00e9 de la ville de Bad Urach sera ador\u00e9 surtout des visiteurs adultes, car les enfants de moins de 8 ans <strong>n&rsquo;ont pas du tout acc\u00e8s \u00e0 l&rsquo;espace baignade<\/strong>. Gr\u00e2ce \u00e0 cette restriction, le cadre est tr\u00e8s silencieux et offre un calme vraiment sans perturbation. Si tu cherches donc un endroit o\u00f9 te reposer loin des cris d&rsquo;enfants, tu ne te tromperas pas ici.<\/p>\n\n\n\n<p class=\"wp-block-paragraph\">Les portes des thermes ouvrent tous les jours de 9 h \u00e0 22 h, le paysage sauna commence \u00e0 fonctionner \u00e0 partir de 10 h et le restaurant local sert \u00e0 partir de 11 h. Les prix sont ici divis\u00e9s en blocs horaires pr\u00e9cis, il vaut donc la peine de surveiller attentivement sa montre, pour ne pas avoir \u00e0 payer inutilement un suppl\u00e9ment de 2,50 euros pour d\u00e9passement du temps imparti.<\/p>\n\n\n\n<p class=\"wp-block-paragraph\">Les tarifs de base 2026 s&rsquo;appliquent pour exactement 3,5 heures aux bassins, ou pour 4 heures si tu choisis la combinaison bassins et sauna. Le week-end, ajoute \u00e0 chaque tarif de base un petit suppl\u00e9ment de 2 euros. <strong>\ud83d\udca1 Astuce :<\/strong> Tu pr\u00e9vois plusieurs visites ou tu viens en grand groupe ? Procure-toi la carte pr\u00e9pay\u00e9e de 10 entr\u00e9es aux bassins \u00e0 189 euros (ou avec sauna \u00e0 288 euros), avec laquelle tu re\u00e7ois 3 entr\u00e9es libres suppl\u00e9mentaires totalement gratuites.<\/p>\n\n\n\n<figure data-wp-context=\"{&quot;imageId&quot;:&quot;6a9c5ffc2eb3e&quot;}\" data-wp-interactive=\"core\/image\" data-wp-key=\"6a9c5ffc2eb3e\" class=\"wp-block-image size-full wp-lightbox-container\"><img decoding=\"async\" width=\"1800\" height=\"1064\" data-wp-class--hide=\"state.isContentHidden\" data-wp-class--show=\"state.isContentVisible\" data-wp-init=\"callbacks.setButtonStyles\" data-wp-on--click=\"actions.showLightbox\" data-wp-on--load=\"callbacks.setButtonStyles\" data-wp-on--pointerdown=\"actions.preloadImage\" data-wp-on--pointerenter=\"actions.preloadImageWithDelay\" data-wp-on--pointerleave=\"actions.cancelPreload\" data-wp-on-window--resize=\"callbacks.setButtonStyles\" src=\"https:\/\/loudavymkrokem.cz\/wp-content\/uploads\/2026\/09\/nemecko-clanky-termaly-nemecko-31-616f54cf-1.jpg\" alt=\"Friedrichsbad (Baden-Baden)\" class=\"wp-image-415332\" title=\"\" srcset=\"https:\/\/loudavymkrokem.cz\/wp-content\/uploads\/2026\/09\/nemecko-clanky-termaly-nemecko-31-616f54cf-1.jpg 1800w, https:\/\/loudavymkrokem.cz\/wp-content\/uploads\/2026\/09\/nemecko-clanky-termaly-nemecko-31-616f54cf-1-300x177.jpg 300w, https:\/\/loudavymkrokem.cz\/wp-content\/uploads\/2026\/09\/nemecko-clanky-termaly-nemecko-31-616f54cf-1-700x414.jpg 700w, https:\/\/loudavymkrokem.cz\/wp-content\/uploads\/2026\/09\/nemecko-clanky-termaly-nemecko-31-616f54cf-1-768x454.jpg 768w, https:\/\/loudavymkrokem.cz\/wp-content\/uploads\/2026\/09\/nemecko-clanky-termaly-nemecko-31-616f54cf-1-1536x908.jpg 1536w, https:\/\/loudavymkrokem.cz\/wp-content\/uploads\/2026\/09\/nemecko-clanky-termaly-nemecko-31-616f54cf-1-696x411.jpg 696w, https:\/\/loudavymkrokem.cz\/wp-content\/uploads\/2026\/09\/nemecko-clanky-termaly-nemecko-31-616f54cf-1-1392x823.jpg 1392w\" sizes=\"(max-width: 1800px) 100vw, 1800px\" \/><button\n\t\t\tclass=\"lightbox-trigger\"\n\t\t\ttype=\"button\"\n\t\t\taria-haspopup=\"dialog\"\n\t\t\tdata-wp-bind--aria-label=\"state.thisImage.triggerButtonAriaLabel\"\n\t\t\tdata-wp-init=\"callbacks.initTriggerButton\"\n\t\t\tdata-wp-on--click=\"actions.showLightbox\"\n\t\t\tdata-wp-style--right=\"state.thisImage.buttonRight\"\n\t\t\tdata-wp-style--top=\"state.thisImage.buttonTop\"\n\t\t>\n\t\t\t<svg xmlns=\"http:\/\/www.w3.org\/2000\/svg\" width=\"12\" height=\"12\" fill=\"none\" viewBox=\"0 0 12 12\">\n\t\t\t\t<path fill=\"#fff\" d=\"M2 0a2 2 0 0 0-2 2v2h1.5V2a.5.5 0 0 1 .5-.5h2V0H2Zm2 10.5H2a.5.5 0 0 1-.5-.5V8H0v2a2 2 0 0 0 2 2h2v-1.5ZM8 12v-1.5h2a.5.5 0 0 0 .5-.5V8H12v2a2 2 0 0 1-2 2H8Zm2-12a2 2 0 0 1 2 2v2h-1.5V2a.5.5 0 0 0-.5-.5H8V0h2Z\" \/>\n\t\t\t<\/svg>\n\t\t<\/button><figcaption class=\"wp-element-caption\">Photo : Gerd Eichmann \/ Wikimedia Commons, CC BY-SA 4.0<\/figcaption><\/figure>\n\n\n\n<h3 class=\"wp-block-heading\"><span class=\"ez-toc-section\" id=\"25_Friedrichsbad_Baden-Baden\"><\/span>25. Friedrichsbad (Baden-Baden)<span class=\"ez-toc-section-end\"><\/span><\/h3>\n\n\n\n<p class=\"wp-block-paragraph\">Ces bains historiques de Baden-Baden te transportent instantan\u00e9ment dans une tout autre \u00e9poque. Ils ont en effet \u00e9t\u00e9 construits entre 1869 et 1877 <strong>directement sur la colline du Florentinerberg<\/strong>, o\u00f9 se baignaient d\u00e9j\u00e0 les anciens Romains. Dans la seconde moiti\u00e9 du XIXe si\u00e8cle, il s&rsquo;agissait m\u00eame des thermes les plus importants de toute l&rsquo;Allemagne d&rsquo;alors, et ils ont conserv\u00e9 jusqu&rsquo;\u00e0 aujourd&rsquo;hui leur caract\u00e8re fastueux.<\/p>\n\n\n\n<p class=\"wp-block-paragraph\">L&rsquo;imposant b\u00e2timent de gr\u00e8s rouge et blanc mesure 62,5 sur 50 m\u00e8tres. Sa plus grande fiert\u00e9 est une <strong>immense coupole centrale de 17,5 m\u00e8tres de haut<\/strong>, magistralement port\u00e9e par des arcs aveugles sur des colonnes corinthiennes. Toute la construction s&rsquo;est inspir\u00e9e sur le plan architectural des thermes de Caracalla \u00e0 Rome. Ils fonctionnent selon l&rsquo;ancien principe du bain irlando-romain, import\u00e9 en Europe par le diplomate britannique David Urquhart et fond\u00e9 en 1856 par le m\u00e9decin irlandais Richard Barter.<\/p>\n\n\n\n<p class=\"wp-block-paragraph\">La construction et la modernisation de ces bains furent cruciales pour la ville : apr\u00e8s l&rsquo;interdiction g\u00e9n\u00e9rale des jeux de hasard en 1872, ils devaient y attirer une nouvelle \u00e9lite fortun\u00e9e. L&rsquo;endroit est tout simplement id\u00e9al pour les amateurs d&rsquo;histoire et les admirateurs d&rsquo;architecture. <strong>\ud83d\udca1 Astuce :<\/strong> Pendant que tu te d\u00e9tends, observe attentivement la d\u00e9coration. Les peintures d&rsquo;origine ont certes \u00e9t\u00e9 maladroitement recouvertes de blanc dans les ann\u00e9es 1950, mais au d\u00e9but des ann\u00e9es 1980, on a r\u00e9ussi \u00e0 les restaurer au moins partiellement lors de la r\u00e9novation.<\/p>\n\n\n\n<figure data-wp-context=\"{&quot;imageId&quot;:&quot;6a9c5ffc2f24b&quot;}\" data-wp-interactive=\"core\/image\" data-wp-key=\"6a9c5ffc2f24b\" class=\"wp-block-image size-full wp-lightbox-container\"><img decoding=\"async\" width=\"1800\" height=\"1350\" data-wp-class--hide=\"state.isContentHidden\" data-wp-class--show=\"state.isContentVisible\" data-wp-init=\"callbacks.setButtonStyles\" data-wp-on--click=\"actions.showLightbox\" data-wp-on--load=\"callbacks.setButtonStyles\" data-wp-on--pointerdown=\"actions.preloadImage\" data-wp-on--pointerenter=\"actions.preloadImageWithDelay\" data-wp-on--pointerleave=\"actions.cancelPreload\" data-wp-on-window--resize=\"callbacks.setButtonStyles\" src=\"https:\/\/loudavymkrokem.cz\/wp-content\/uploads\/2026\/09\/nemecko-clanky-termaly-nemecko-32-9c1729cf.jpg\" alt=\"Jardin du thermal Vita Classica \u00e0 Bad Krozingen avec arbustes taill\u00e9s\" class=\"wp-image-415500\" title=\"\" srcset=\"https:\/\/loudavymkrokem.cz\/wp-content\/uploads\/2026\/09\/nemecko-clanky-termaly-nemecko-32-9c1729cf.jpg 1800w, https:\/\/loudavymkrokem.cz\/wp-content\/uploads\/2026\/09\/nemecko-clanky-termaly-nemecko-32-9c1729cf-300x225.jpg 300w, https:\/\/loudavymkrokem.cz\/wp-content\/uploads\/2026\/09\/nemecko-clanky-termaly-nemecko-32-9c1729cf-700x525.jpg 700w, https:\/\/loudavymkrokem.cz\/wp-content\/uploads\/2026\/09\/nemecko-clanky-termaly-nemecko-32-9c1729cf-768x576.jpg 768w, https:\/\/loudavymkrokem.cz\/wp-content\/uploads\/2026\/09\/nemecko-clanky-termaly-nemecko-32-9c1729cf-1536x1152.jpg 1536w, https:\/\/loudavymkrokem.cz\/wp-content\/uploads\/2026\/09\/nemecko-clanky-termaly-nemecko-32-9c1729cf-80x60.jpg 80w, https:\/\/loudavymkrokem.cz\/wp-content\/uploads\/2026\/09\/nemecko-clanky-termaly-nemecko-32-9c1729cf-160x120.jpg 160w, https:\/\/loudavymkrokem.cz\/wp-content\/uploads\/2026\/09\/nemecko-clanky-termaly-nemecko-32-9c1729cf-696x522.jpg 696w, https:\/\/loudavymkrokem.cz\/wp-content\/uploads\/2026\/09\/nemecko-clanky-termaly-nemecko-32-9c1729cf-1392x1044.jpg 1392w\" sizes=\"(max-width: 1800px) 100vw, 1800px\" \/><button\n\t\t\tclass=\"lightbox-trigger\"\n\t\t\ttype=\"button\"\n\t\t\taria-haspopup=\"dialog\"\n\t\t\tdata-wp-bind--aria-label=\"state.thisImage.triggerButtonAriaLabel\"\n\t\t\tdata-wp-init=\"callbacks.initTriggerButton\"\n\t\t\tdata-wp-on--click=\"actions.showLightbox\"\n\t\t\tdata-wp-style--right=\"state.thisImage.buttonRight\"\n\t\t\tdata-wp-style--top=\"state.thisImage.buttonTop\"\n\t\t>\n\t\t\t<svg xmlns=\"http:\/\/www.w3.org\/2000\/svg\" width=\"12\" height=\"12\" fill=\"none\" viewBox=\"0 0 12 12\">\n\t\t\t\t<path fill=\"#fff\" d=\"M2 0a2 2 0 0 0-2 2v2h1.5V2a.5.5 0 0 1 .5-.5h2V0H2Zm2 10.5H2a.5.5 0 0 1-.5-.5V8H0v2a2 2 0 0 0 2 2h2v-1.5ZM8 12v-1.5h2a.5.5 0 0 0 .5-.5V8H12v2a2 2 0 0 1-2 2H8Zm2-12a2 2 0 0 1 2 2v2h-1.5V2a.5.5 0 0 0-.5-.5H8V0h2Z\" \/>\n\t\t\t<\/svg>\n\t\t<\/button><figcaption class=\"wp-element-caption\">Photo : Baden de \/ Wikimedia Commons, CC BY 3.0<\/figcaption><\/figure>\n\n\n\n<h3 class=\"wp-block-heading\"><span class=\"ez-toc-section\" id=\"26_Vita_Classica_Bad_Krozingen\"><\/span>26. Vita Classica (Bad Krozingen)<span class=\"ez-toc-section-end\"><\/span><\/h3>\n\n\n\n<p class=\"wp-block-paragraph\">Si tu tiens en vacances \u00e0 des soins vraiment luxueux, tu trouveras exactement ce que tu cherches aux bains Vita Classica, dans la petite ville de Bad Krozingen. Leur plus grande fiert\u00e9 est en effet la <strong>Wohlf\u00fchlhaus sp\u00e9ciale<\/strong>, enti\u00e8rement d\u00e9di\u00e9e aux massages exclusifs et aux meilleurs rituels wellness premium. L&rsquo;atmosph\u00e8re y respire le calme et le personnel professionnel fera en sorte que tu repartes comme r\u00e9g\u00e9n\u00e9r\u00e9.<\/p>\n\n\n\n<p class=\"wp-block-paragraph\">Tu profiteras de la baignade \u00e0 sati\u00e9t\u00e9, car le vaste complexe propose trois bassins ext\u00e9rieurs et six int\u00e9rieurs remplis d&rsquo;une eau thermale agr\u00e9ablement chaude. \u00c0 toi de voir si tu pr\u00e9f\u00e8res nager \u00e0 ciel ouvert ou te r\u00e9fugier \u00e0 l&rsquo;int\u00e9rieur. Le paradis du sauna abrite ensuite huit cabines de sauna diff\u00e9rentes et un grand temple de vapeur, o\u00f9 la chaleur humide te fait facilement oublier tous les soucis du quotidien.<\/p>\n\n\n\n<p class=\"wp-block-paragraph\">Ces thermes sont tout simplement id\u00e9aux pour quiconque cherche une d\u00e9tente profonde et ne rechigne pas \u00e0 payer un peu plus pour des soins de qualit\u00e9 sup\u00e9rieure dans un beau cadre. Ils sont le choix parfait pour un week-end romantique \u00e0 deux. <strong>\ud83d\udca1 Astuce :<\/strong> Je te conseille de r\u00e9server les rituels premium ou les massages populaires de la Wohlf\u00fchlhaus suffisamment \u00e0 l&rsquo;avance en ligne, car les meilleurs cr\u00e9neaux du week-end sont souvent tr\u00e8s vite complets.<\/p>\n\n\n\n<figure data-wp-context=\"{&quot;imageId&quot;:&quot;6a9c5ffc2f9c2&quot;}\" data-wp-interactive=\"core\/image\" data-wp-key=\"6a9c5ffc2f9c2\" class=\"wp-block-image size-full wp-lightbox-container\"><img decoding=\"async\" width=\"1800\" height=\"1198\" data-wp-class--hide=\"state.isContentHidden\" data-wp-class--show=\"state.isContentVisible\" data-wp-init=\"callbacks.setButtonStyles\" data-wp-on--click=\"actions.showLightbox\" data-wp-on--load=\"callbacks.setButtonStyles\" data-wp-on--pointerdown=\"actions.preloadImage\" data-wp-on--pointerenter=\"actions.preloadImageWithDelay\" data-wp-on--pointerleave=\"actions.cancelPreload\" data-wp-on-window--resize=\"callbacks.setButtonStyles\" src=\"https:\/\/loudavymkrokem.cz\/wp-content\/uploads\/2026\/09\/nemecko-clanky-termaly-nemecko-33-009e6b3b.jpg\" alt=\"Bassin nocturne et pavillon balinais au Bali Therme de Bad Oeynhausen\" class=\"wp-image-415504\" title=\"\" srcset=\"https:\/\/loudavymkrokem.cz\/wp-content\/uploads\/2026\/09\/nemecko-clanky-termaly-nemecko-33-009e6b3b.jpg 1800w, https:\/\/loudavymkrokem.cz\/wp-content\/uploads\/2026\/09\/nemecko-clanky-termaly-nemecko-33-009e6b3b-300x200.jpg 300w, https:\/\/loudavymkrokem.cz\/wp-content\/uploads\/2026\/09\/nemecko-clanky-termaly-nemecko-33-009e6b3b-700x466.jpg 700w, https:\/\/loudavymkrokem.cz\/wp-content\/uploads\/2026\/09\/nemecko-clanky-termaly-nemecko-33-009e6b3b-768x511.jpg 768w, https:\/\/loudavymkrokem.cz\/wp-content\/uploads\/2026\/09\/nemecko-clanky-termaly-nemecko-33-009e6b3b-1536x1022.jpg 1536w, https:\/\/loudavymkrokem.cz\/wp-content\/uploads\/2026\/09\/nemecko-clanky-termaly-nemecko-33-009e6b3b-696x463.jpg 696w, https:\/\/loudavymkrokem.cz\/wp-content\/uploads\/2026\/09\/nemecko-clanky-termaly-nemecko-33-009e6b3b-1392x926.jpg 1392w\" sizes=\"(max-width: 1800px) 100vw, 1800px\" \/><button\n\t\t\tclass=\"lightbox-trigger\"\n\t\t\ttype=\"button\"\n\t\t\taria-haspopup=\"dialog\"\n\t\t\tdata-wp-bind--aria-label=\"state.thisImage.triggerButtonAriaLabel\"\n\t\t\tdata-wp-init=\"callbacks.initTriggerButton\"\n\t\t\tdata-wp-on--click=\"actions.showLightbox\"\n\t\t\tdata-wp-style--right=\"state.thisImage.buttonRight\"\n\t\t\tdata-wp-style--top=\"state.thisImage.buttonTop\"\n\t\t>\n\t\t\t<svg xmlns=\"http:\/\/www.w3.org\/2000\/svg\" width=\"12\" height=\"12\" fill=\"none\" viewBox=\"0 0 12 12\">\n\t\t\t\t<path fill=\"#fff\" d=\"M2 0a2 2 0 0 0-2 2v2h1.5V2a.5.5 0 0 1 .5-.5h2V0H2Zm2 10.5H2a.5.5 0 0 1-.5-.5V8H0v2a2 2 0 0 0 2 2h2v-1.5ZM8 12v-1.5h2a.5.5 0 0 0 .5-.5V8H12v2a2 2 0 0 1-2 2H8Zm2-12a2 2 0 0 1 2 2v2h-1.5V2a.5.5 0 0 0-.5-.5H8V0h2Z\" \/>\n\t\t\t<\/svg>\n\t\t<\/button><\/figure>\n\n\n\n<h2 class=\"wp-block-heading\"><span class=\"ez-toc-section\" id=\"Thermes_en_Rhenanie-du-Nord-Westphalie\"><\/span>Thermes en Rh\u00e9nanie-du-Nord-Westphalie<span class=\"ez-toc-section-end\"><\/span><\/h2>\n\n\n\n<p class=\"wp-block-paragraph\">La Rh\u00e9nanie-du-Nord-Westphalie est le Land le plus peupl\u00e9 d&rsquo;Allemagne, si bien que les endroits pour une belle baignade ne manquent pas. La plupart des meilleurs complexes se trouvent \u00e0 port\u00e9e pratique de Cologne, D\u00fcsseldorf ou Aix-la-Chapelle, ce qui en fait une destination id\u00e9ale pour un week-end prolong\u00e9. Si tu adores les vastes univers aquatiques ou l&rsquo;architecture originale, tu y trouveras ton compte.<\/p>\n\n\n\n<p class=\"wp-block-paragraph\">Un th\u00e8me fort de cette r\u00e9gion, ce sont les immenses parcs sauna, comme le c\u00e9l\u00e8bre Mediterana, ainsi que des mises en sc\u00e8ne exotiques uniques. Un excellent exemple est le Bali Therme, o\u00f9 tu auras l&rsquo;impression d&rsquo;\u00eatre en vraies vacances en Asie. D\u00e9couvrons sept endroits que tu ne devrais absolument pas manquer dans cette r\u00e9gion.<\/p>\n\n\n\n<figure data-wp-context=\"{&quot;imageId&quot;:&quot;6a9c5ffc3001a&quot;}\" data-wp-interactive=\"core\/image\" data-wp-key=\"6a9c5ffc3001a\" class=\"wp-block-image size-full wp-lightbox-container\"><img decoding=\"async\" width=\"1800\" height=\"1201\" data-wp-class--hide=\"state.isContentHidden\" data-wp-class--show=\"state.isContentVisible\" data-wp-init=\"callbacks.setButtonStyles\" data-wp-on--click=\"actions.showLightbox\" data-wp-on--load=\"callbacks.setButtonStyles\" data-wp-on--pointerdown=\"actions.preloadImage\" data-wp-on--pointerenter=\"actions.preloadImageWithDelay\" data-wp-on--pointerleave=\"actions.cancelPreload\" data-wp-on-window--resize=\"callbacks.setButtonStyles\" src=\"https:\/\/loudavymkrokem.cz\/wp-content\/uploads\/2026\/09\/nemecko-clanky-termaly-nemecko-34-d5cf2c11-1.jpg\" alt=\"Thermen &#038; Badewelt Euskirchen (Euskirchen) : partie sauna\" class=\"wp-image-415338\" title=\"\" srcset=\"https:\/\/loudavymkrokem.cz\/wp-content\/uploads\/2026\/09\/nemecko-clanky-termaly-nemecko-34-d5cf2c11-1.jpg 1800w, https:\/\/loudavymkrokem.cz\/wp-content\/uploads\/2026\/09\/nemecko-clanky-termaly-nemecko-34-d5cf2c11-1-300x200.jpg 300w, https:\/\/loudavymkrokem.cz\/wp-content\/uploads\/2026\/09\/nemecko-clanky-termaly-nemecko-34-d5cf2c11-1-700x467.jpg 700w, https:\/\/loudavymkrokem.cz\/wp-content\/uploads\/2026\/09\/nemecko-clanky-termaly-nemecko-34-d5cf2c11-1-768x512.jpg 768w, https:\/\/loudavymkrokem.cz\/wp-content\/uploads\/2026\/09\/nemecko-clanky-termaly-nemecko-34-d5cf2c11-1-1536x1025.jpg 1536w, https:\/\/loudavymkrokem.cz\/wp-content\/uploads\/2026\/09\/nemecko-clanky-termaly-nemecko-34-d5cf2c11-1-696x464.jpg 696w, https:\/\/loudavymkrokem.cz\/wp-content\/uploads\/2026\/09\/nemecko-clanky-termaly-nemecko-34-d5cf2c11-1-1392x929.jpg 1392w\" sizes=\"(max-width: 1800px) 100vw, 1800px\" \/><button\n\t\t\tclass=\"lightbox-trigger\"\n\t\t\ttype=\"button\"\n\t\t\taria-haspopup=\"dialog\"\n\t\t\tdata-wp-bind--aria-label=\"state.thisImage.triggerButtonAriaLabel\"\n\t\t\tdata-wp-init=\"callbacks.initTriggerButton\"\n\t\t\tdata-wp-on--click=\"actions.showLightbox\"\n\t\t\tdata-wp-style--right=\"state.thisImage.buttonRight\"\n\t\t\tdata-wp-style--top=\"state.thisImage.buttonTop\"\n\t\t>\n\t\t\t<svg xmlns=\"http:\/\/www.w3.org\/2000\/svg\" width=\"12\" height=\"12\" fill=\"none\" viewBox=\"0 0 12 12\">\n\t\t\t\t<path fill=\"#fff\" d=\"M2 0a2 2 0 0 0-2 2v2h1.5V2a.5.5 0 0 1 .5-.5h2V0H2Zm2 10.5H2a.5.5 0 0 1-.5-.5V8H0v2a2 2 0 0 0 2 2h2v-1.5ZM8 12v-1.5h2a.5.5 0 0 0 .5-.5V8H12v2a2 2 0 0 1-2 2H8Zm2-12a2 2 0 0 1 2 2v2h-1.5V2a.5.5 0 0 0-.5-.5H8V0h2Z\" \/>\n\t\t\t<\/svg>\n\t\t<\/button><\/figure>\n\n\n\n<!-- LKM_GYG_CARD start q=\"germany\" lang=\"fr\" rendered=\"2026-09-05T16:56:52+00:00\" v=\"1\" -->\n<style id=\"lk-gyg-styles\">\n@import url(\"https:\/\/fonts.googleapis.com\/css2?family=Playfair+Display:wght@700&family=DM+Sans:wght@300;400;500;600&display=swap\");\n\/* === LK GYG karty \u2014 CRO redesign 2026-05 (namespace .lkx-) ===\n   C\u00edl: vy\u0161\u0161\u00ed CTR (hero + v\u00fdrazn\u00fd social proof + ak\u010dn\u00ed CTA, m\u00e9n\u011b \"reklamn\u00ed\").\n   Injektuje se inline do prvn\u00edho markeru postu (refresh_cards.py --inline-css). *\/\n.lkx-module, .lkx-module *{box-sizing:border-box;margin:0;padding:0}\n.lkx-module{\n  font-family:'DM Sans',-apple-system,Segoe UI,Roboto,Georgia,sans-serif;\n  max-width:860px;margin:2.5rem auto;color:#1f2328;\n}\n\n\/* HEADER \u2014 lehk\u00fd editorsk\u00fd, \u017e\u00e1dn\u00fd bannerov\u00fd blok; nadpis + popisek pod n\u00edm *\/\n.lkx-head{margin-bottom:16px}\n.lkx-head-main{display:flex;align-items:center;gap:10px}\n.lkx-head-accent{width:26px;height:3px;border-radius:2px;background:#c39f76;flex-shrink:0}\n.lkx-head-title{font-family:'Playfair Display',Georgia,serif;font-size:21px;font-weight:700;color:#1a1a1a;line-height:1.25}\n.lkx-head-meta{display:block;font-size:11px;letter-spacing:.3px;color:#9aa0a6;margin-top:4px;margin-left:36px}\n\n\/* HERO *\/\n.lkx-hero{display:grid;grid-template-columns:300px 1fr;background:#fff;border:1px solid #ece7df;border-radius:14px;overflow:hidden;text-decoration:none!important;color:inherit;box-shadow:0 6px 20px rgba(0,0,0,.06);transition:box-shadow .2s,transform .2s;margin-bottom:14px}\n.lkx-hero:hover{box-shadow:0 12px 30px rgba(0,0,0,.12);transform:translateY(-2px)}\n.lkx-hero-img{position:relative;min-height:230px;background-size:cover;background-position:center;background-color:#eee}\n.lkx-hero-body{padding:22px 24px;display:flex;flex-direction:column}\n.lkx-pick{position:absolute;top:12px;left:12px;background:#1a1a1a;color:#fff;font-size:11px;font-weight:700;letter-spacing:.5px;padding:5px 11px;border-radius:20px}\n\n\/* TITLE *\/\n.lkx-title{font-size:19px;font-weight:700;color:#161616;line-height:1.3}\n.lkx-title-sm{font-size:14.5px;line-height:1.35;display:-webkit-box;-webkit-line-clamp:2;-webkit-box-orient:vertical;overflow:hidden}\n\n\/* SOCIAL PROOF \u2014 v\u00fdrazn\u011b, naho\u0159e *\/\n.lkx-proof{display:flex;align-items:center;gap:7px;margin-top:12px;font-size:15px;color:#3a3a3a}\n.lkx-proof b{font-size:16px;color:#161616}\n.lkx-stars{color:#f5a623;letter-spacing:1px}\n.lkx-proof-sm{font-size:12.5px;margin-top:8px;gap:5px}\n.lkx-proof-sm b{font-size:13px}\n.lkx-proof-new{color:#3685fc;font-weight:600}\n\n\/* PRICE \u2014 n\u00edzk\u00e1 kotva *\/\n.lkx-price{font-size:14px;color:#6b7280}\n.lkx-price b{font-size:20px;color:#161616;font-weight:700}\n.lkx-price-sm b{font-size:15px}\n\n\/* CTA \u2014 tepl\u00e9 ak\u010dn\u00ed tla\u010d\u00edtko *\/\n.lkx-cta{display:inline-flex;align-items:center;justify-content:center;text-decoration:none!important;font-weight:700;color:#fff!important;background:linear-gradient(135deg,#f6743f,#e8552a);border-radius:10px;box-shadow:0 6px 16px rgba(232,85,42,.32);transition:box-shadow .2s}\n.lkx-cta-hero{font-size:15px;padding:13px 22px}\n.lkx-hero:hover .lkx-cta-hero{box-shadow:0 8px 22px rgba(232,85,42,.45)}\n.lkx-cta-sm{font-size:12.5px;padding:9px 14px;width:100%;margin-top:2px}\n.lkx-hero-bottom{margin-top:auto;padding-top:18px;display:flex;align-items:center;justify-content:space-between;gap:14px;flex-wrap:wrap}\n\n\/* BADGE \u2014 jeden v\u00fdrazn\u00fd na fotce *\/\n.lkx-badge{position:absolute;top:12px;right:12px;font-size:10.5px;font-weight:700;letter-spacing:.3px;padding:5px 10px;border-radius:16px;color:#fff}\n.lkx-badge.badge-urgency{background:rgba(214,40,40,.92)}\n.lkx-badge.badge-new{background:rgba(54,133,252,.92)}\n.lkx-badge.badge-top{background:rgba(195,159,118,.95)}\n.lkx-badge.badge-info{background:rgba(40,40,40,.78)}\n\n\/* SECONDARY GRID *\/\n.lkx-grid{display:grid;grid-template-columns:1fr 1fr;gap:14px}\n.lkx-card{background:#fff;border:1px solid #ece7df;border-radius:14px;overflow:hidden;text-decoration:none!important;color:inherit;box-shadow:0 4px 14px rgba(0,0,0,.05);display:flex;flex-direction:column;transition:box-shadow .2s,transform .2s}\n.lkx-card:hover{box-shadow:0 10px 24px rgba(0,0,0,.1);transform:translateY(-2px)}\n.lkx-card-img{position:relative;aspect-ratio:16\/10;background-size:cover;background-position:center;background-color:#eee}\n.lkx-card-body{padding:14px 16px 16px;display:flex;flex-direction:column;gap:7px;flex:1}\n.lkx-card-bottom{margin-top:auto;padding-top:10px;display:flex;align-items:center;justify-content:space-between;gap:8px}\n\n\/* DISCLOSURE \u2014 drobn\u00e1, kv\u016fli d\u016fv\u011b\u0159e\/z\u00e1konu *\/\n.lkx-disclosure{font-size:11px;color:#a7adb3;text-align:center;margin-top:14px;line-height:1.6}\n.lkx-disclosure a{color:#c39f76;text-decoration:none}\n\n@media(max-width:680px){\n  .lkx-hero{grid-template-columns:1fr}\n  .lkx-hero-img{min-height:180px}\n  .lkx-grid{grid-template-columns:1fr}\n  .lkx-head-meta{margin-left:0;width:100%}\n  .lkx-head-title{font-size:19px}\n}\n\n<\/style>\n<div class=\"lkx-module\" data-query=\"germany\">\n  <div class=\"lkx-head\">\n    <div class=\"lkx-head-main\">\n      <span class=\"lkx-head-accent\"><\/span>\n      <span class=\"lkx-head-title\">Exp\u00e9riences et billets<\/span>\n    <\/div>\n    <span class=\"lkx-head-meta\">not\u00e9 par les voyageurs \u00b7 GetYourGuide<\/span>\n  <\/div><a class=\"lkx-hero\" href=\"https:\/\/www.getyourguide.com\/fr-fr\/nurburg-l205841\/nurburgring-nordschleife-co-pilote-d-une-porsche-911-gt3-rs-t495529\/?partner_id=MKZ64IS&amp;utm_medium=online_publisher&amp;cmp=meilleurs-thermes-allemagne\" target=\"_blank\" rel=\"sponsored noopener nofollow\">\n    <div class=\"lkx-hero-img\" style=\"background-image:url('https:\/\/cdn.getyourguide.com\/img\/tour\/1a10f6fe4f788a01014da2da7e6659b8112124c3c675709786e4f057e9b1425b.jpg\/132.jpg')\" role=\"img\" aria-label=\"N\u00fcrburgring Nordschleife : Co-pilote d&#39;une Porsche 911 GT3 RS\">\n      <span class=\"lkx-pick\">\u2605 Notre choix<\/span><\/div>\n    <div class=\"lkx-hero-body\">\n      <div class=\"lkx-title\">N\u00fcrburgring Nordschleife : Co-pilote d&#39;une Porsche 911 GT3 RS<\/div>\n      <div class=\"lkx-proof\">\n      <span class=\"lkx-stars\">\u2605\u2605\u2605\u2605\u2605<\/span>\n      <b>4.9<\/b> \u00b7 36 avis\n    <\/div>\n      <div class=\"lkx-hero-bottom\"><div class=\"lkx-price\">\u00e0 partir de <b>529\u00a0\u20ac<\/b><\/div><span class=\"lkx-cta lkx-cta-hero\">Je veux vivre \u00e7a \u2192<\/span>\n      <\/div>\n    <\/div>\n  <\/a><div class=\"lkx-disclosure\">\ud83d\udd17 Liens d&#39;affiliation \u2014 sans surco\u00fbt pour vous, ils nous aident \u00e0 cr\u00e9er du contenu. \u00b7 <a href=\"https:\/\/www.getyourguide.com\/fr-fr\/s\/?q=germany&amp;partner_id=MKZ64IS&amp;utm_medium=online_publisher\" target=\"_blank\" rel=\"sponsored noopener nofollow\">Toutes les exp\u00e9riences \u2192<\/a><\/div>\n<\/div>\n<!-- LKM_GYG_CARD end -->\n\n\n\n\n<div class=\"lk-stays-module\">\n<style>\n\/* \u2500\u2500\u2500 RESET PRO GUTENBERG \u2500\u2500\u2500 *\/\n.lk-stays-module * { box-sizing: border-box; margin: 0; padding: 0; }\n\n\/* \u2500\u2500\u2500 WRAPPER \u2500\u2500\u2500 *\/\n.lk-stays-module {\n  font-family: 'DM Sans', Georgia, sans-serif;\n  max-width: 100%;\n  margin: 2.5rem auto;\n  background: linear-gradient(135deg, #fdfaf5 0%, #fcf8f0 100%);\n  border: 1px solid #e8dfd4;\n  border-radius: 16px;\n  overflow: hidden;\n  box-shadow: 0 16px 48px rgba(195, 159, 118, 0.25), 0 4px 12px rgba(0,0,0,0.08);\n}\n\n\/* \u2500\u2500\u2500 HEADER \u2500\u2500\u2500 *\/\n.lk-stays-header {\n  position: relative;\n  padding: 24px 36px 24px;\n  background: linear-gradient(135deg, #c39f76 0%, #d4b188 60%, #c39f76 100%);\n  border-bottom: 1px solid rgba(255,255,255,.15);\n  display: flex;\n  align-items: center;\n  gap: 18px;\n}\n.lk-stays-header::before {\n  content: '';\n  position: absolute;\n  inset: 0;\n  background: url(\"data:image\/svg+xml,%3Csvg width='60' height='60' viewBox='0 0 60 60' xmlns='http:\/\/www.w3.org\/2000\/svg'%3E%3Cg fill='none' fill-rule='evenodd'%3E%3Cg fill='%23ffffff' fill-opacity='0.05'%3E%3Cpath d='M36 34v-4h-2v4h-4v2h4v4h2v-4h4v-2h-4zm0-30V0h-2v4h-4v2h4v4h2V6h4V4h-4zM6 34v-4H4v4H0v2h4v4h2v-4h4v-2H6zM6 4V0H4v4H0v2h4v4h2V6h4V4H6z'\/%3E%3C\/g%3E%3C\/g%3E%3C\/svg%3E\") repeat;\n  pointer-events: none;\n}\n.lk-stays-icon {\n  flex-shrink: 0;\n  width: 68px;\n  height: 68px;\n  border-radius: 14px;\n  background: linear-gradient(135deg, #fff 0%, #f9f6f0 100%);\n  display: flex;\n  align-items: center;\n  justify-content: center;\n  font-size: 26px;\n  box-shadow: 0 4px 12px rgba(0,0,0,0.15);\n}\n.lk-stays-eyebrow {\n  font-size: 10px;\n  font-weight: 500;\n  letter-spacing: 2.5px;\n  text-transform: uppercase;\n  color: rgba(255,255,255,.85);\n  margin: 0 0 5px 0;\n}\n.lk-stays-title {\n  font-family: 'Playfair Display', Georgia, serif;\n  font-size: 24px;\n  font-weight: 700;\n  color: #fff;\n  line-height: 1.2;\n  text-shadow: 0 1px 2px rgba(0,0,0,0.1);\n  margin: 0;\n}\n.lk-stays-subtitle {\n  font-size: 13px;\n  color: rgba(255,255,255,.75);\n  margin: 4px 0 0 0;\n  font-weight: 300;\n}\n\n\/* \u2500\u2500\u2500 CARDS GRID \u2500\u2500\u2500 *\/\n.lk-stays-grid {\n  display: grid;\n  grid-template-columns: 1fr 1fr;\n  gap: 1px;\n  background: rgba(195, 159, 118, 0.12);\n}\n\n\/* \u2500\u2500\u2500 SINGLE CARD \u2500\u2500\u2500 *\/\n.lk-stay-card {\n  background: #ffffff;\n  padding: 26px;\n  display: flex;\n  flex-direction: column;\n  gap: 11px;\n  transition: all 0.3s ease;\n  text-decoration: none;\n  color: inherit;\n  position: relative;\n}\n.lk-stay-card:hover {\n  background: #fffbf5;\n  transform: translateY(-2px);\n  box-shadow: 0 8px 24px rgba(195, 159, 118, 0.18);\n  z-index: 1;\n}\n.lk-stay-card.featured {\n  background: linear-gradient(135deg, #fffdf9 0%, #fff9f0 100%);\n  box-shadow: 0 4px 16px rgba(195, 159, 118, 0.15), inset 0 1px 0 rgba(195, 159, 118, 0.1);\n}\n.lk-stay-card.featured:hover {\n  background: linear-gradient(135deg, #fffbf5 0%, #fff8ed 100%);\n  box-shadow: 0 8px 24px rgba(195, 159, 118, 0.25), inset 0 1px 0 rgba(195, 159, 118, 0.15);\n}\n\n.lk-stay-badge {\n  display: inline-flex;\n  align-items: center;\n  gap: 5px;\n  font-size: 10px;\n  font-weight: 500;\n  letter-spacing: 1.5px;\n  text-transform: uppercase;\n  padding: 5px 11px;\n  border-radius: 20px;\n  width: fit-content;\n}\n.badge-top     { background: linear-gradient(135deg, #c39f76 0%, #d4b188 100%); color: #fff; border: 1px solid #c39f76; font-weight: 600; box-shadow: 0 2px 8px rgba(195,159,118,0.3); }\n.badge-luxury  { background: rgba(195,159,118,.12); color: #c39f76; border: 1px solid rgba(195,159,118,.25); }\n.badge-boutique{ background: rgba(54,133,252,.08); color: #3685fc; border: 1px solid rgba(54,133,252,.2); }\n.badge-nature  { background: rgba(130,190,100,.1); color: #6b9c4a; border: 1px solid rgba(130,190,100,.2); }\n.badge-remote  { background: rgba(195,159,118,.12); color: #a67e50; border: 1px solid rgba(195,159,118,.25); }\n\n.lk-stay-name {\n  font-family: 'Playfair Display', Georgia, serif;\n  font-size: 18px;\n  font-weight: 700;\n  color: #111827;\n  line-height: 1.3;\n}\n.lk-stay-desc {\n  font-size: 13.5px;\n  color: #525252;\n  line-height: 1.65;\n  font-weight: 300;\n  flex: 1;\n}\n\n.lk-stay-meta {\n  display: flex;\n  align-items: center;\n  gap: 12px;\n  flex-wrap: wrap;\n  margin-top: 4px;\n}\n.lk-stay-price {\n  font-size: 13px;\n  color: #6b7280;\n}\n.lk-stay-price strong {\n  color: #c39f76;\n  font-weight: 500;\n}\n.lk-stay-stars {\n  color: #c39f76;\n  font-size: 11px;\n  letter-spacing: 1px;\n}\n\n\/* \u2500\u2500\u2500 CTA BUTTON \u2500\u2500\u2500 *\/\n.lk-stay-cta {\n  display: inline-flex;\n  align-items: center;\n  justify-content: center;\n  gap: 7px;\n  margin-top: 8px;\n  padding: 11px 20px;\n  border-radius: 8px;\n  background: linear-gradient(135deg, #3685fc 0%, #2a6fd9 100%);\n  color: #fff;\n  font-size: 13px;\n  font-weight: 500;\n  text-decoration: none;\n  letter-spacing: .3px;\n  transition: all .2s ease;\n  cursor: pointer;\n  border: none;\n  text-align: center;\n  box-shadow: 0 4px 12px rgba(54, 133, 252, 0.25);\n}\n.lk-stay-cta:hover {\n  background: linear-gradient(135deg, #2a6fd9 0%, #1e5bc4 100%);\n  transform: translateY(-1px);\n  box-shadow: 0 6px 16px rgba(54, 133, 252, 0.35);\n}\n.lk-stay-cta svg { flex-shrink: 0; }\n\n\/* \u2500\u2500\u2500 FOOTER \u2500\u2500\u2500 *\/\n.lk-stays-footer {\n  padding: 18px 36px;\n  background: linear-gradient(to bottom, #fdfaf5 0%, #f9f4ed 100%);\n  border-top: 1px solid rgba(195, 159, 118, 0.15);\n  display: flex;\n  align-items: center;\n  justify-content: space-between;\n  flex-wrap: wrap;\n  gap: 12px;\n}\n.lk-stays-footer-note {\n  font-size: 11.5px;\n  color: #6b7280;\n  font-weight: 300;\n  line-height: 1.5;\n}\n.lk-stays-footer-note a {\n  color: #c39f76;\n  text-decoration: none;\n  font-weight: 400;\n}\n.lk-stays-footer-note a:hover {\n  text-decoration: underline;\n}\n.lk-stays-all-btn {\n  display: inline-flex;\n  align-items: center;\n  gap: 6px;\n  font-size: 12.5px;\n  font-weight: 500;\n  color: #c39f76;\n  text-decoration: none;\n  border: 1px solid rgba(195, 159, 118, 0.35);\n  padding: 8px 18px;\n  border-radius: 8px;\n  transition: all .2s ease;\n}\n.lk-stays-all-btn:hover {\n  background: rgba(195, 159, 118, 0.08);\n  border-color: rgba(195, 159, 118, 0.5);\n}\n\n\/* \u2500\u2500\u2500 RESPONSIVE \u2500\u2500\u2500 *\/\n@media (max-width: 600px) {\n  .lk-stays-grid { grid-template-columns: 1fr; }\n  .lk-stays-header { padding: 24px 20px; }\n  .lk-stays-footer { padding: 16px 20px; }\n  .lk-stay-card { padding: 22px; }\n  .lk-stays-title { font-size: 20px; }\n}\n<\/style>\n\n  <!-- HEADER -->\n  <div class=\"lk-stays-header\">\n    <img decoding=\"async\" src=\"https:\/\/loudavymkrokem.cz\/wp-content\/uploads\/2026\/02\/lukas-a-lucka.jpg\" alt=\"\" style=\"width: 75px; height: 75px; border-radius: 8px; flex-shrink: 0; object-fit: cover; display: block; margin: 4px 0;\" title=\"\">\n    <div class=\"lk-stays-header-text\">\n      <div class=\"lk-stays-eyebrow\">Luk\u00e1\u0161 et Lucie recommandent<\/div>\n      <div class=\"lk-stays-title\">O\u00f9 se loger en Allemagne<\/div>\n      <div class=\"lk-stays-subtitle\">6 h\u00e9bergements \u2014 h\u00f4tels bien-\u00eatre, h\u00f4tels et autres options d&rsquo;h\u00e9bergement<\/div>\n    <\/div>\n  <\/div>\n\n  <!-- CARDS -->\n  <div class=\"lk-stays-grid\">\n\n    <a class=\"lk-stay-card featured\" href=\"https:\/\/www.stay22.com\/allez\/roam?aid=lukaskonecny&#038;campaign=loudavymkrokemcz&#038;campaign=fr&#038;campaign=termaly-nemecko&#038;hotelname=Hotel%20Victory%20Therme%20Erding&#038;address=Erding%2C%20Nemecko\" target=\"_blank\" rel=\"nofollow noopener\">\n      <span class=\"lk-stay-badge badge-top\">\u2b50 TOP CHOIX<\/span>\n      <span class=\"lk-stay-badge badge-nature\">\ud83c\udfe8 H\u00f4tel<\/span>\n      <div class=\"lk-stay-name\">Hotel Victory Therme Erding<\/div>\n      <div class=\"lk-stay-desc\">H\u00f4tel de luxe situ\u00e9 directement dans le complexe Therme Erding avec des chambres stylis\u00e9es comme le navire HMS Victory. Entr\u00e9e aux thermes incluse dans le prix de la nuit.<\/div>\n      <div class=\"lk-stay-meta\">\n        <span class=\"lk-stay-stars\">\u2605\u2605\u2605\u2605<\/span>\n        <span class=\"lk-stay-price\">V\u00e9rifier les prix<\/span>\n      <\/div>\n      <span class=\"lk-stay-cta\">\n        <svg width=\"14\" height=\"14\" viewBox=\"0 0 24 24\" fill=\"none\" stroke=\"currentColor\" stroke-width=\"2\"><path d=\"M18 13v6a2 2 0 0 1-2 2H5a2 2 0 0 1-2-2V8a2 2 0 0 1 2-2h6\"\/><polyline points=\"15 3 21 3 21 9\"\/><line x1=\"10\" y1=\"14\" x2=\"21\" y2=\"3\"\/><\/svg>\n        V\u00e9rifier la disponibilit\u00e9\n      <\/span>\n    <\/a>\n\n    <a class=\"lk-stay-card\" href=\"https:\/\/www.stay22.com\/allez\/roam?aid=lukaskonecny&#038;campaign=loudavymkrokemcz&#038;campaign=fr&#038;campaign=termaly-nemecko&#038;hotelname=Thermenhotel%20Gass&#038;address=Bad%20Fussing%2C%20Nemecko\" target=\"_blank\" rel=\"nofollow noopener\">\n      <span class=\"lk-stay-badge badge-nature\">\ud83c\udfe8 H\u00f4tel<\/span>\n      <div class=\"lk-stay-name\">Thermenhotel Gass<\/div>\n      <div class=\"lk-stay-desc\">H\u00f4tel trois \u00e9toiles sup\u00e9rieur avec ses propres piscines remplies d&rsquo;eau thermale sulfureuse directement de Therme 1.<\/div>\n      <div class=\"lk-stay-meta\">\n        <span class=\"lk-stay-stars\">\u2605\u2605\u2605<\/span>\n        <span class=\"lk-stay-price\">V\u00e9rifier les prix<\/span>\n      <\/div>\n      <span class=\"lk-stay-cta\">\n        <svg width=\"14\" height=\"14\" viewBox=\"0 0 24 24\" fill=\"none\" stroke=\"currentColor\" stroke-width=\"2\"><path d=\"M18 13v6a2 2 0 0 1-2 2H5a2 2 0 0 1-2-2V8a2 2 0 0 1 2-2h6\"\/><polyline points=\"15 3 21 3 21 9\"\/><line x1=\"10\" y1=\"14\" x2=\"21\" y2=\"3\"\/><\/svg>\n        V\u00e9rifier la disponibilit\u00e9\n      <\/span>\n    <\/a>\n\n    <a class=\"lk-stay-card\" href=\"https:\/\/www.stay22.com\/allez\/roam?aid=lukaskonecny&#038;campaign=loudavymkrokemcz&#038;campaign=fr&#038;campaign=termaly-nemecko&#038;hotelname=Hotel%20an%20der%20Therme%20Bad%20Sulza&#038;address=Bad%20Sulza%2C%20Nemecko\" target=\"_blank\" rel=\"nofollow noopener\">\n      <span class=\"lk-stay-badge badge-nature\">\ud83c\udfe8 H\u00f4tel<\/span>\n      <div class=\"lk-stay-name\">Hotel an der Therme Bad Sulza<\/div>\n      <div class=\"lk-stay-desc\">H\u00f4tel reli\u00e9 par un couloir en peignoir \u00e0 Toskana Therme. Entr\u00e9e aux thermes incluse dans le prix de la nuit, y compris l&rsquo;espace sauna.<\/div>\n      <div class=\"lk-stay-meta\">\n        <span class=\"lk-stay-stars\">\u2605\u2605\u2605\u2605<\/span>\n        <span class=\"lk-stay-price\">V\u00e9rifier les prix<\/span>\n      <\/div>\n      <span class=\"lk-stay-cta\">\n        <svg width=\"14\" height=\"14\" viewBox=\"0 0 24 24\" fill=\"none\" stroke=\"currentColor\" stroke-width=\"2\"><path d=\"M18 13v6a2 2 0 0 1-2 2H5a2 2 0 0 1-2-2V8a2 2 0 0 1 2-2h6\"\/><polyline points=\"15 3 21 3 21 9\"\/><line x1=\"10\" y1=\"14\" x2=\"21\" y2=\"3\"\/><\/svg>\n        V\u00e9rifier la disponibilit\u00e9\n      <\/span>\n    <\/a>\n\n    <a class=\"lk-stay-card\" href=\"https:\/\/www.stay22.com\/allez\/roam?aid=lukaskonecny&#038;campaign=loudavymkrokemcz&#038;campaign=fr&#038;campaign=termaly-nemecko&#038;hotelname=Mauritius%20Hotel%20%26%20Therme&#038;address=Kolin%20nad%20Rynem%2C%20Nemecko\" target=\"_blank\" rel=\"nofollow noopener\">\n      <span class=\"lk-stay-badge badge-nature\">\u2b50 Luxury<\/span>\n      <div class=\"lk-stay-name\">Mauritius Hotel &#038; Therme<\/div>\n      <div class=\"lk-stay-desc\">H\u00f4tel quatre \u00e9toiles avec un immense espace bien-\u00eatre de 3500 m\u00b2. Sept saunas et une piscine ext\u00e9rieure avec du sel de la Mer Morte.<\/div>\n      <div class=\"lk-stay-meta\">\n        <span class=\"lk-stay-stars\">\u2605\u2605\u2605\u2605<\/span>\n        <span class=\"lk-stay-price\">\u00e0 partir de 10 EUR\/jour bien-\u00eatre<\/span>\n      <\/div>\n      <span class=\"lk-stay-cta\">\n        <svg width=\"14\" height=\"14\" viewBox=\"0 0 24 24\" fill=\"none\" stroke=\"currentColor\" stroke-width=\"2\"><path d=\"M18 13v6a2 2 0 0 1-2 2H5a2 2 0 0 1-2-2V8a2 2 0 0 1 2-2h6\"\/><polyline points=\"15 3 21 3 21 9\"\/><line x1=\"10\" y1=\"14\" x2=\"21\" y2=\"3\"\/><\/svg>\n        V\u00e9rifier la disponibilit\u00e9\n      <\/span>\n    <\/a>\n\n    <a class=\"lk-stay-card\" href=\"https:\/\/www.stay22.com\/allez\/roam?aid=lukaskonecny&#038;campaign=loudavymkrokemcz&#038;campaign=fr&#038;campaign=termaly-nemecko&#038;hotelname=Hotel%20Zum%20Rittmeister&#038;address=Werder%20Havel%2C%20Nemecko\" target=\"_blank\" rel=\"nofollow noopener\">\n      <span class=\"lk-stay-badge badge-nature\">\ud83c\udfe8 H\u00f4tel<\/span>\n      <div class=\"lk-stay-name\">Hotel Zum Rittmeister<\/div>\n      <div class=\"lk-stay-desc\">H\u00f4tel avec 35 chambres confortables. Les clients b\u00e9n\u00e9ficient d&rsquo;une entr\u00e9e \u00e0 tarif r\u00e9duit au Havel Therme voisin sur pr\u00e9sentation de la G\u00e4stekarte.<\/div>\n      <div class=\"lk-stay-meta\">\n        <span class=\"lk-stay-stars\">\u2605\u2605\u2605\u2605<\/span>\n        <span class=\"lk-stay-price\">V\u00e9rifier les prix<\/span>\n      <\/div>\n      <span class=\"lk-stay-cta\">\n        <svg width=\"14\" height=\"14\" viewBox=\"0 0 24 24\" fill=\"none\" stroke=\"currentColor\" stroke-width=\"2\"><path d=\"M18 13v6a2 2 0 0 1-2 2H5a2 2 0 0 1-2-2V8a2 2 0 0 1 2-2h6\"\/><polyline points=\"15 3 21 3 21 9\"\/><line x1=\"10\" y1=\"14\" x2=\"21\" y2=\"3\"\/><\/svg>\n        V\u00e9rifier la disponibilit\u00e9\n      <\/span>\n    <\/a>\n\n    <a class=\"lk-stay-card\" href=\"https:\/\/www.stay22.com\/allez\/roam?aid=lukaskonecny&#038;campaign=loudavymkrokemcz&#038;campaign=fr&#038;campaign=termaly-nemecko&#038;hotelname=Hotel%20Palatin&#038;address=Wiesloch%2C%20Nemecko\" target=\"_blank\" rel=\"nofollow noopener\">\n      <span class=\"lk-stay-badge badge-nature\">\ud83c\udfe8 H\u00f4tel<\/span>\n      <div class=\"lk-stay-name\">Hotel Palatin<\/div>\n      <div class=\"lk-stay-desc\">H\u00f4tel partenaire des thermes de Sinsheim. Forfaits avantageux avec nuit, petit-d\u00e9jeuner et billet d&rsquo;entr\u00e9e aux thermes \u00e0 partir de 79 EUR.<\/div>\n      <div class=\"lk-stay-meta\">\n        <span class=\"lk-stay-stars\">\u2605\u2605\u2605\u2605<\/span>\n        <span class=\"lk-stay-price\">\u00e0 partir de 79 EUR\/personne<\/span>\n      <\/div>\n      <span class=\"lk-stay-cta\">\n        <svg width=\"14\" height=\"14\" viewBox=\"0 0 24 24\" fill=\"none\" stroke=\"currentColor\" stroke-width=\"2\"><path d=\"M18 13v6a2 2 0 0 1-2 2H5a2 2 0 0 1-2-2V8a2 2 0 0 1 2-2h6\"\/><polyline points=\"15 3 21 3 21 9\"\/><line x1=\"10\" y1=\"14\" x2=\"21\" y2=\"3\"\/><\/svg>\n        V\u00e9rifier la disponibilit\u00e9\n      <\/span>\n    <\/a>\n\n  <\/div>\n\n  \n<\/div>\n\n\n\n\n<h3 class=\"wp-block-heading\"><span class=\"ez-toc-section\" id=\"27_Thermen_Badewelt_Euskirchen_Euskirchen\"><\/span>27. Thermen &#038; Badewelt Euskirchen (Euskirchen)<span class=\"ez-toc-section-end\"><\/span><\/h3>\n\n\n\n<p class=\"wp-block-paragraph\">Ce complexe moderne se trouve \u00e0 environ <strong>45 minutes de route de Cologne<\/strong> et d\u00e9pend du m\u00eame exploitant que le c\u00e9l\u00e8bre complexe de Sinsheim. D\u00e8s le premier coup d&rsquo;\u0153il, tu seras conquis par la g\u00e9n\u00e9reuse baignade dans les lagunes, qui s&rsquo;\u00e9tendent au bord d&rsquo;un <strong>lac naturel de 6 500 m\u00b2<\/strong>. Les vues depuis les transats confortables directement sur ce vaste plan d&rsquo;eau ont un effet apaisant.<\/p>\n\n\n\n<p class=\"wp-block-paragraph\">Tu peux te r\u00e9jouir de la <strong>Blaue Lagune \u00e0 l&rsquo;eau chaude de 33 \u00b0C<\/strong>, que tu savoureras en partie int\u00e9rieure comme ext\u00e9rieure. \u00c0 c\u00f4t\u00e9 t&rsquo;attendent diverses oasis de d\u00e9tente, un puits glac\u00e9 rafra\u00eechissant ou une douche tr\u00e8s spectaculaire en forme de fleurs d&rsquo;arum. Si tu d\u00e9butes la chauffe du corps et ne veux pas d&#8217;embl\u00e9e une chaleur extr\u00eame, l&rsquo;exploitant conseille de commencer <strong>dans le sauna \u00e0 d&rsquo;agr\u00e9ables 60 \u00b0C<\/strong>.<\/p>\n\n\n\n<p class=\"wp-block-paragraph\">Le complexe est con\u00e7u avant tout pour un repos paisible : du dimanche au vendredi, seuls les <strong>visiteurs de plus de 16 ans y ont acc\u00e8s<\/strong>. Pour les familles avec de jeunes enfants, ce complexe ne convient donc pas en semaine. <strong>\ud83d\udca1 Astuce :<\/strong> Si tu aimes le vrai calme, profite justement des jours de semaine, o\u00f9 l&rsquo;acc\u00e8s aux cat\u00e9gories d&rsquo;\u00e2ge plus jeunes est limit\u00e9 et o\u00f9 les bains offrent une oasis de silence.<\/p>\n\n\n\n<figure data-wp-context=\"{&quot;imageId&quot;:&quot;6a9c5ffc3086f&quot;}\" data-wp-interactive=\"core\/image\" data-wp-key=\"6a9c5ffc3086f\" class=\"wp-block-image size-full wp-lightbox-container\"><img decoding=\"async\" width=\"1800\" height=\"1012\" data-wp-class--hide=\"state.isContentHidden\" data-wp-class--show=\"state.isContentVisible\" data-wp-init=\"callbacks.setButtonStyles\" data-wp-on--click=\"actions.showLightbox\" data-wp-on--load=\"callbacks.setButtonStyles\" data-wp-on--pointerdown=\"actions.preloadImage\" data-wp-on--pointerenter=\"actions.preloadImageWithDelay\" data-wp-on--pointerleave=\"actions.cancelPreload\" data-wp-on-window--resize=\"callbacks.setButtonStyles\" src=\"https:\/\/loudavymkrokem.cz\/wp-content\/uploads\/2026\/09\/nemecko-clanky-termaly-nemecko-35-2fe13158-1.jpg\" alt=\"Bali Therme (Bad Oeynhausen) : bassin de d\u00e9tente\" class=\"wp-image-415340\" title=\"\" srcset=\"https:\/\/loudavymkrokem.cz\/wp-content\/uploads\/2026\/09\/nemecko-clanky-termaly-nemecko-35-2fe13158-1.jpg 1800w, https:\/\/loudavymkrokem.cz\/wp-content\/uploads\/2026\/09\/nemecko-clanky-termaly-nemecko-35-2fe13158-1-300x169.jpg 300w, https:\/\/loudavymkrokem.cz\/wp-content\/uploads\/2026\/09\/nemecko-clanky-termaly-nemecko-35-2fe13158-1-700x394.jpg 700w, https:\/\/loudavymkrokem.cz\/wp-content\/uploads\/2026\/09\/nemecko-clanky-termaly-nemecko-35-2fe13158-1-768x432.jpg 768w, https:\/\/loudavymkrokem.cz\/wp-content\/uploads\/2026\/09\/nemecko-clanky-termaly-nemecko-35-2fe13158-1-1536x864.jpg 1536w, https:\/\/loudavymkrokem.cz\/wp-content\/uploads\/2026\/09\/nemecko-clanky-termaly-nemecko-35-2fe13158-1-696x391.jpg 696w, https:\/\/loudavymkrokem.cz\/wp-content\/uploads\/2026\/09\/nemecko-clanky-termaly-nemecko-35-2fe13158-1-1392x783.jpg 1392w\" sizes=\"(max-width: 1800px) 100vw, 1800px\" \/><button\n\t\t\tclass=\"lightbox-trigger\"\n\t\t\ttype=\"button\"\n\t\t\taria-haspopup=\"dialog\"\n\t\t\tdata-wp-bind--aria-label=\"state.thisImage.triggerButtonAriaLabel\"\n\t\t\tdata-wp-init=\"callbacks.initTriggerButton\"\n\t\t\tdata-wp-on--click=\"actions.showLightbox\"\n\t\t\tdata-wp-style--right=\"state.thisImage.buttonRight\"\n\t\t\tdata-wp-style--top=\"state.thisImage.buttonTop\"\n\t\t>\n\t\t\t<svg xmlns=\"http:\/\/www.w3.org\/2000\/svg\" width=\"12\" height=\"12\" fill=\"none\" viewBox=\"0 0 12 12\">\n\t\t\t\t<path fill=\"#fff\" d=\"M2 0a2 2 0 0 0-2 2v2h1.5V2a.5.5 0 0 1 .5-.5h2V0H2Zm2 10.5H2a.5.5 0 0 1-.5-.5V8H0v2a2 2 0 0 0 2 2h2v-1.5ZM8 12v-1.5h2a.5.5 0 0 0 .5-.5V8H12v2a2 2 0 0 1-2 2H8Zm2-12a2 2 0 0 1 2 2v2h-1.5V2a.5.5 0 0 0-.5-.5H8V0h2Z\" \/>\n\t\t\t<\/svg>\n\t\t<\/button><\/figure>\n\n\n\n<h3 class=\"wp-block-heading\"><span class=\"ez-toc-section\" id=\"28_Bali_Therme_Bad_Oeynhausen\"><\/span>28. Bali Therme (Bad Oeynhausen)<span class=\"ez-toc-section-end\"><\/span><\/h3>\n\n\n\n<p class=\"wp-block-paragraph\">Comme le nom l&rsquo;indique, ce complexe t&rsquo;offre une architecture balinaise parfaite, pleine de passerelles en bois, de sculptures originales et de gravures traditionnelles. Les bassins locaux sont remplis d&rsquo;une eau curative reconnue par l&rsquo;\u00c9tat, issue d&rsquo;une source <strong>puis\u00e9e \u00e0 une profondeur unique de 1 034 m\u00e8tres<\/strong>. Ce qui m&rsquo;a marqu\u00e9e, c&rsquo;est que cette eau a travers\u00e9 le sous-sol \u00e0 travers calcaire et dolomie pendant <strong>39 000 ans<\/strong> avant de parvenir aux hommes en surface.<\/p>\n\n\n\n<p class=\"wp-block-paragraph\">Les amateurs de chauffe seront au septi\u00e8me ciel, car le complexe propose <strong>pas moins de 14 saunas diff\u00e9rents<\/strong>, dont un sauna de vapeur et un sauna de terre sp\u00e9cial. Mais la curiosit\u00e9 absolue, c&rsquo;est un <strong>sauna sec de 6 m\u00e8tres de haut, vieux de 150 ans<\/strong>, construit sur le mod\u00e8le d&rsquo;un temple. Pour le transporter en Allemagne, il a fallu le d\u00e9monter en 500 pi\u00e8ces individuelles et le remonter pr\u00e9cis\u00e9ment sur place.<\/p>\n\n\n\n<p class=\"wp-block-paragraph\">D&rsquo;apr\u00e8s le tarif 2026, tu paieras <strong>28 EUR pour un billet journ\u00e9e<\/strong>, et 41 EUR avec l&rsquo;acc\u00e8s aux saunas. Le suppl\u00e9ment week-end s&rsquo;\u00e9l\u00e8ve \u00e0 3 \u00e0 5 EUR. Les enfants de moins de 3 ans entrent gratuitement, mais ceux de moins de 12 ans <strong>n&rsquo;ont pas du tout acc\u00e8s \u00e0 la partie sauna<\/strong>. Les jeunes de moins de 16 ans ne sont admis qu&rsquo;accompagn\u00e9s d&rsquo;un adulte. <strong>\ud83d\udca1 Astuce :<\/strong> Repose-toi dans l&rsquo;authentique pavillon balinais, qui souligne parfaitement toute l&rsquo;atmosph\u00e8re exotique de cet endroit.<\/p>\n\n\n\n<figure data-wp-context=\"{&quot;imageId&quot;:&quot;6a9c5ffc30f33&quot;}\" data-wp-interactive=\"core\/image\" data-wp-key=\"6a9c5ffc30f33\" class=\"wp-block-image size-full wp-lightbox-container\"><img decoding=\"async\" width=\"1800\" height=\"1429\" data-wp-class--hide=\"state.isContentHidden\" data-wp-class--show=\"state.isContentVisible\" data-wp-init=\"callbacks.setButtonStyles\" data-wp-on--click=\"actions.showLightbox\" data-wp-on--load=\"callbacks.setButtonStyles\" data-wp-on--pointerdown=\"actions.preloadImage\" data-wp-on--pointerenter=\"actions.preloadImageWithDelay\" data-wp-on--pointerleave=\"actions.cancelPreload\" data-wp-on-window--resize=\"callbacks.setButtonStyles\" src=\"https:\/\/loudavymkrokem.cz\/wp-content\/uploads\/2026\/09\/nemecko-clanky-termaly-nemecko-36-6c0708ca-1.jpg\" alt=\"Carolus Thermen (Aix-la-Chapelle) : partie sauna\" class=\"wp-image-415342\" title=\"\" srcset=\"https:\/\/loudavymkrokem.cz\/wp-content\/uploads\/2026\/09\/nemecko-clanky-termaly-nemecko-36-6c0708ca-1.jpg 1800w, https:\/\/loudavymkrokem.cz\/wp-content\/uploads\/2026\/09\/nemecko-clanky-termaly-nemecko-36-6c0708ca-1-300x238.jpg 300w, https:\/\/loudavymkrokem.cz\/wp-content\/uploads\/2026\/09\/nemecko-clanky-termaly-nemecko-36-6c0708ca-1-700x556.jpg 700w, https:\/\/loudavymkrokem.cz\/wp-content\/uploads\/2026\/09\/nemecko-clanky-termaly-nemecko-36-6c0708ca-1-768x610.jpg 768w, https:\/\/loudavymkrokem.cz\/wp-content\/uploads\/2026\/09\/nemecko-clanky-termaly-nemecko-36-6c0708ca-1-1536x1219.jpg 1536w, https:\/\/loudavymkrokem.cz\/wp-content\/uploads\/2026\/09\/nemecko-clanky-termaly-nemecko-36-6c0708ca-1-696x553.jpg 696w, https:\/\/loudavymkrokem.cz\/wp-content\/uploads\/2026\/09\/nemecko-clanky-termaly-nemecko-36-6c0708ca-1-1392x1105.jpg 1392w\" sizes=\"(max-width: 1800px) 100vw, 1800px\" \/><button\n\t\t\tclass=\"lightbox-trigger\"\n\t\t\ttype=\"button\"\n\t\t\taria-haspopup=\"dialog\"\n\t\t\tdata-wp-bind--aria-label=\"state.thisImage.triggerButtonAriaLabel\"\n\t\t\tdata-wp-init=\"callbacks.initTriggerButton\"\n\t\t\tdata-wp-on--click=\"actions.showLightbox\"\n\t\t\tdata-wp-style--right=\"state.thisImage.buttonRight\"\n\t\t\tdata-wp-style--top=\"state.thisImage.buttonTop\"\n\t\t>\n\t\t\t<svg xmlns=\"http:\/\/www.w3.org\/2000\/svg\" width=\"12\" height=\"12\" fill=\"none\" viewBox=\"0 0 12 12\">\n\t\t\t\t<path fill=\"#fff\" d=\"M2 0a2 2 0 0 0-2 2v2h1.5V2a.5.5 0 0 1 .5-.5h2V0H2Zm2 10.5H2a.5.5 0 0 1-.5-.5V8H0v2a2 2 0 0 0 2 2h2v-1.5ZM8 12v-1.5h2a.5.5 0 0 0 .5-.5V8H12v2a2 2 0 0 1-2 2H8Zm2-12a2 2 0 0 1 2 2v2h-1.5V2a.5.5 0 0 0-.5-.5H8V0h2Z\" \/>\n\t\t\t<\/svg>\n\t\t<\/button><\/figure>\n\n\n\n<h3 class=\"wp-block-heading\"><span class=\"ez-toc-section\" id=\"29_Carolus_Thermen_Aix-la-Chapelle\"><\/span>29. Carolus Thermen (Aix-la-Chapelle)<span class=\"ez-toc-section-end\"><\/span><\/h3>\n\n\n\n<p class=\"wp-block-paragraph\">Cet endroit s&rsquo;inscrit dans une tradition incroyablement longue, car la ville d&rsquo;Aix-la-Chapelle fonctionnait comme les thermes romains Aquae Granni <strong>d\u00e8s l&rsquo;an 85 de notre \u00e8re<\/strong>. Ce joyau architectural local a \u00e9t\u00e9 con\u00e7u par l&rsquo;architecte munichois Rudolf Wienands et le complexe s&rsquo;est <strong>solennellement ouvert le 9 f\u00e9vrier 2001<\/strong>, apr\u00e8s trois ans de travaux. Il a ainsi remplac\u00e9 sans heurt les anciens \u00e9tablissements du centre-ville, ferm\u00e9s au tournant du mill\u00e9naire.<\/p>\n\n\n\n<p class=\"wp-block-paragraph\">La gestion du complexe est assur\u00e9e par la soci\u00e9t\u00e9 thermale municipale, active depuis 1932, qui administre aussi les <strong>bains thermaux reconnus par l&rsquo;\u00c9tat d&rsquo;Aix-la-Chapelle<\/strong>. Il vaut la peine d&rsquo;y tester notamment le populaire bain de vapeur Strokkur, pr\u00e9sent\u00e9 aux visiteurs apr\u00e8s une transformation tr\u00e8s co\u00fbteuse en janvier 2012.<\/p>\n\n\n\n<p class=\"wp-block-paragraph\">D&rsquo;apr\u00e8s le tarif 2026, compte un pratique <strong>forfait de stationnement de 6 EUR<\/strong>. Pour cette somme, tu peux laisser ta voiture au parking couvert pendant toute la dur\u00e9e de ta visite et rejoindre les bains confortablement au sec. Le complexe convient plut\u00f4t \u00e0 une chauffe paisible sans grandes attractions aquatiques. <strong>\ud83d\udca1 Astuce :<\/strong> Le forfait de stationnement est aussi avantageux si tu veux ensuite aller dans le centre d&rsquo;Aix-la-Chapelle, car le parking est \u00e0 quelques minutes \u00e0 pied de la cath\u00e9drale.<\/p>\n\n\n\n<figure data-wp-context=\"{&quot;imageId&quot;:&quot;6a9c5ffc313f0&quot;}\" data-wp-interactive=\"core\/image\" data-wp-key=\"6a9c5ffc313f0\" class=\"wp-block-image size-full wp-lightbox-container\"><img decoding=\"async\" width=\"1800\" height=\"964\" data-wp-class--hide=\"state.isContentHidden\" data-wp-class--show=\"state.isContentVisible\" data-wp-init=\"callbacks.setButtonStyles\" data-wp-on--click=\"actions.showLightbox\" data-wp-on--load=\"callbacks.setButtonStyles\" data-wp-on--pointerdown=\"actions.preloadImage\" data-wp-on--pointerenter=\"actions.preloadImageWithDelay\" data-wp-on--pointerleave=\"actions.cancelPreload\" data-wp-on-window--resize=\"callbacks.setButtonStyles\" src=\"https:\/\/loudavymkrokem.cz\/wp-content\/uploads\/2026\/09\/nemecko-clanky-termaly-nemecko-37-63e6c760-1.jpg\" alt=\"Mediterana (Bergisch Gladbach)\" class=\"wp-image-415345\" title=\"\" srcset=\"https:\/\/loudavymkrokem.cz\/wp-content\/uploads\/2026\/09\/nemecko-clanky-termaly-nemecko-37-63e6c760-1.jpg 1800w, https:\/\/loudavymkrokem.cz\/wp-content\/uploads\/2026\/09\/nemecko-clanky-termaly-nemecko-37-63e6c760-1-300x161.jpg 300w, https:\/\/loudavymkrokem.cz\/wp-content\/uploads\/2026\/09\/nemecko-clanky-termaly-nemecko-37-63e6c760-1-700x375.jpg 700w, https:\/\/loudavymkrokem.cz\/wp-content\/uploads\/2026\/09\/nemecko-clanky-termaly-nemecko-37-63e6c760-1-768x411.jpg 768w, https:\/\/loudavymkrokem.cz\/wp-content\/uploads\/2026\/09\/nemecko-clanky-termaly-nemecko-37-63e6c760-1-1536x823.jpg 1536w, https:\/\/loudavymkrokem.cz\/wp-content\/uploads\/2026\/09\/nemecko-clanky-termaly-nemecko-37-63e6c760-1-696x373.jpg 696w, https:\/\/loudavymkrokem.cz\/wp-content\/uploads\/2026\/09\/nemecko-clanky-termaly-nemecko-37-63e6c760-1-1392x745.jpg 1392w\" sizes=\"(max-width: 1800px) 100vw, 1800px\" \/><button\n\t\t\tclass=\"lightbox-trigger\"\n\t\t\ttype=\"button\"\n\t\t\taria-haspopup=\"dialog\"\n\t\t\tdata-wp-bind--aria-label=\"state.thisImage.triggerButtonAriaLabel\"\n\t\t\tdata-wp-init=\"callbacks.initTriggerButton\"\n\t\t\tdata-wp-on--click=\"actions.showLightbox\"\n\t\t\tdata-wp-style--right=\"state.thisImage.buttonRight\"\n\t\t\tdata-wp-style--top=\"state.thisImage.buttonTop\"\n\t\t>\n\t\t\t<svg xmlns=\"http:\/\/www.w3.org\/2000\/svg\" width=\"12\" height=\"12\" fill=\"none\" viewBox=\"0 0 12 12\">\n\t\t\t\t<path fill=\"#fff\" d=\"M2 0a2 2 0 0 0-2 2v2h1.5V2a.5.5 0 0 1 .5-.5h2V0H2Zm2 10.5H2a.5.5 0 0 1-.5-.5V8H0v2a2 2 0 0 0 2 2h2v-1.5ZM8 12v-1.5h2a.5.5 0 0 0 .5-.5V8H12v2a2 2 0 0 1-2 2H8Zm2-12a2 2 0 0 1 2 2v2h-1.5V2a.5.5 0 0 0-.5-.5H8V0h2Z\" \/>\n\t\t\t<\/svg>\n\t\t<\/button><\/figure>\n\n\n\n<h3 class=\"wp-block-heading\"><span class=\"ez-toc-section\" id=\"30_Mediterana_Bergisch_Gladbach\"><\/span>30. Mediterana (Bergisch Gladbach)<span class=\"ez-toc-section-end\"><\/span><\/h3>\n\n\n\n<p class=\"wp-block-paragraph\">Si tu cherches un immense choix de possibilit\u00e9s de d\u00e9tente, tu seras aux anges ici, car le complexe propose <strong>pas moins de 13 mondes diff\u00e9rents<\/strong>, chacun avec son caract\u00e8re sp\u00e9cifique. Le complexe se trouve \u00e0 Bergisch Gladbach et tu t&rsquo;y r\u00e9chaufferas <strong>dans 12 saunas vari\u00e9s et 1 bain de vapeur<\/strong>. Le tout compl\u00e9t\u00e9 par un beau cadre inspir\u00e9 de l&rsquo;architecture des pays du Sud.<\/p>\n\n\n\n<p class=\"wp-block-paragraph\">Les amateurs d&rsquo;eau disposent au total de <strong>7 bassins et plans d&rsquo;eau<\/strong>, qui invitent directement \u00e0 une longue nage, \u00e0 une immersion paisible ou \u00e0 une cure Kneipp bienfaisante. Les espaces locaux sont immenses, si bien que chacun trouve facilement son coin pr\u00e9f\u00e9r\u00e9 pour un repos sans perturbation apr\u00e8s une semaine de travail \u00e9prouvante.<\/p>\n\n\n\n<p class=\"wp-block-paragraph\">D&rsquo;apr\u00e8s le tarif valable pour 2026, un billet journ\u00e9e co\u00fbte du lundi au jeudi <strong>de tr\u00e8s agr\u00e9ables 19,50 EUR<\/strong>. Si tu ne viens que deux heures, tu paies 16,50 EUR en semaine et 19,50 EUR du vendredi au dimanche. Pour chaque heure suppl\u00e9mentaire entam\u00e9e, ajoute ensuite 1,50 EUR. <strong>\ud83d\udca1 Astuce :<\/strong> Tu es un l\u00e8ve-t\u00f4t ? Profite du tarif sp\u00e9cial pour nageurs matinaux, o\u00f9 l&rsquo;entr\u00e9e de deux heures entre 8 h et 10 h ne te co\u00fbte que 14 EUR.<\/p>\n\n\n\n<figure data-wp-context=\"{&quot;imageId&quot;:&quot;6a9c5ffc318c1&quot;}\" data-wp-interactive=\"core\/image\" data-wp-key=\"6a9c5ffc318c1\" class=\"wp-block-image size-full wp-lightbox-container\"><img decoding=\"async\" width=\"1800\" height=\"900\" data-wp-class--hide=\"state.isContentHidden\" data-wp-class--show=\"state.isContentVisible\" data-wp-init=\"callbacks.setButtonStyles\" data-wp-on--click=\"actions.showLightbox\" data-wp-on--load=\"callbacks.setButtonStyles\" data-wp-on--pointerdown=\"actions.preloadImage\" data-wp-on--pointerenter=\"actions.preloadImageWithDelay\" data-wp-on--pointerleave=\"actions.cancelPreload\" data-wp-on-window--resize=\"callbacks.setButtonStyles\" src=\"https:\/\/loudavymkrokem.cz\/wp-content\/uploads\/2026\/09\/nemecko-clanky-termaly-nemecko-38-d726c943-1.jpg\" alt=\"Vitasol Therme (Bad Salzuflen)\" class=\"wp-image-415347\" title=\"\" srcset=\"https:\/\/loudavymkrokem.cz\/wp-content\/uploads\/2026\/09\/nemecko-clanky-termaly-nemecko-38-d726c943-1.jpg 1800w, https:\/\/loudavymkrokem.cz\/wp-content\/uploads\/2026\/09\/nemecko-clanky-termaly-nemecko-38-d726c943-1-300x150.jpg 300w, https:\/\/loudavymkrokem.cz\/wp-content\/uploads\/2026\/09\/nemecko-clanky-termaly-nemecko-38-d726c943-1-700x350.jpg 700w, https:\/\/loudavymkrokem.cz\/wp-content\/uploads\/2026\/09\/nemecko-clanky-termaly-nemecko-38-d726c943-1-768x384.jpg 768w, https:\/\/loudavymkrokem.cz\/wp-content\/uploads\/2026\/09\/nemecko-clanky-termaly-nemecko-38-d726c943-1-1536x768.jpg 1536w, https:\/\/loudavymkrokem.cz\/wp-content\/uploads\/2026\/09\/nemecko-clanky-termaly-nemecko-38-d726c943-1-696x348.jpg 696w, https:\/\/loudavymkrokem.cz\/wp-content\/uploads\/2026\/09\/nemecko-clanky-termaly-nemecko-38-d726c943-1-1392x696.jpg 1392w\" sizes=\"(max-width: 1800px) 100vw, 1800px\" \/><button\n\t\t\tclass=\"lightbox-trigger\"\n\t\t\ttype=\"button\"\n\t\t\taria-haspopup=\"dialog\"\n\t\t\tdata-wp-bind--aria-label=\"state.thisImage.triggerButtonAriaLabel\"\n\t\t\tdata-wp-init=\"callbacks.initTriggerButton\"\n\t\t\tdata-wp-on--click=\"actions.showLightbox\"\n\t\t\tdata-wp-style--right=\"state.thisImage.buttonRight\"\n\t\t\tdata-wp-style--top=\"state.thisImage.buttonTop\"\n\t\t>\n\t\t\t<svg xmlns=\"http:\/\/www.w3.org\/2000\/svg\" width=\"12\" height=\"12\" fill=\"none\" viewBox=\"0 0 12 12\">\n\t\t\t\t<path fill=\"#fff\" d=\"M2 0a2 2 0 0 0-2 2v2h1.5V2a.5.5 0 0 1 .5-.5h2V0H2Zm2 10.5H2a.5.5 0 0 1-.5-.5V8H0v2a2 2 0 0 0 2 2h2v-1.5ZM8 12v-1.5h2a.5.5 0 0 0 .5-.5V8H12v2a2 2 0 0 1-2 2H8Zm2-12a2 2 0 0 1 2 2v2h-1.5V2a.5.5 0 0 0-.5-.5H8V0h2Z\" \/>\n\t\t\t<\/svg>\n\t\t<\/button><\/figure>\n\n\n\n<h3 class=\"wp-block-heading\"><span class=\"ez-toc-section\" id=\"31_Vitasol_Therme_Bad_Salzuflen\"><\/span>31. Vitasol Therme (Bad Salzuflen)<span class=\"ez-toc-section-end\"><\/span><\/h3>\n\n\n\n<p class=\"wp-block-paragraph\">Dans cette ville thermale t&rsquo;attend un impressionnant complexe qui s&rsquo;\u00e9tend sur une <strong>surface de plus de 6 000 m\u00b2<\/strong>, le plan d&rsquo;eau lui-m\u00eame occupant de beaux 1 700 m\u00b2. La source thermale sal\u00e9e locale, \u00e0 37,5 \u00b0C, jaillit en surface \u00e0 un <strong>d\u00e9bit de 90 000 litres par heure<\/strong>. La salinit\u00e9 originelle de cette eau curative atteignait jadis 12 %.<\/p>\n\n\n\n<p class=\"wp-block-paragraph\">Le chemin vers cette richesse n&rsquo;a pourtant pas \u00e9t\u00e9 facile. Les premi\u00e8res tentatives de forage ont eu lieu d\u00e8s 1919, mais ont \u00e9chou\u00e9 \u00e0 375 m\u00e8tres. Ce n&rsquo;est qu&rsquo;en 1967 que, gr\u00e2ce \u00e0 des foreuses am\u00e9ricaines sp\u00e9ciales, on a r\u00e9ussi \u00e0 <strong>atteindre une profondeur de 1 018 m\u00e8tres<\/strong>. L&rsquo;exploitation fonctionne depuis 1969 et on la conna\u00eet sous son nom actuel depuis 1998.<\/p>\n\n\n\n<p class=\"wp-block-paragraph\">Le complexe est un excellent choix pour tous les amateurs de nage et d&rsquo;eau sal\u00e9e curative. Les exploitants pensent aussi \u00e0 l&rsquo;avenir, car depuis l&rsquo;\u00e9t\u00e9 2025 se construit ici un <strong>nouvel h\u00f4tel quatre \u00e9toiles<\/strong> d&rsquo;une centaine de chambres et deux cents lits. Son ach\u00e8vement est pr\u00e9vu pour 2027. <strong>\ud83d\udca1 Astuce :<\/strong> En attendant la construction de l&rsquo;h\u00f4tel int\u00e9gr\u00e9, cherche un logement dans le centre-ville tout proche, d&rsquo;o\u00f9 tu n&rsquo;auras qu&rsquo;un petit bout de chemin \u00e0 pied jusqu&rsquo;aux bains.<\/p>\n\n\n\n<figure data-wp-context=\"{&quot;imageId&quot;:&quot;6a9c5ffc31d46&quot;}\" data-wp-interactive=\"core\/image\" data-wp-key=\"6a9c5ffc31d46\" class=\"wp-block-image size-full wp-lightbox-container\"><img decoding=\"async\" width=\"1800\" height=\"1350\" data-wp-class--hide=\"state.isContentHidden\" data-wp-class--show=\"state.isContentVisible\" data-wp-init=\"callbacks.setButtonStyles\" data-wp-on--click=\"actions.showLightbox\" data-wp-on--load=\"callbacks.setButtonStyles\" data-wp-on--pointerdown=\"actions.preloadImage\" data-wp-on--pointerenter=\"actions.preloadImageWithDelay\" data-wp-on--pointerleave=\"actions.cancelPreload\" data-wp-on-window--resize=\"callbacks.setButtonStyles\" src=\"https:\/\/loudavymkrokem.cz\/wp-content\/uploads\/2026\/09\/nemecko-clanky-termaly-nemecko-39-605251b4-1.jpg\" alt=\"Mauritius Hotel &#038; Therme K\u00f6ln (Cologne)\" class=\"wp-image-415351\" title=\"\" srcset=\"https:\/\/loudavymkrokem.cz\/wp-content\/uploads\/2026\/09\/nemecko-clanky-termaly-nemecko-39-605251b4-1.jpg 1800w, https:\/\/loudavymkrokem.cz\/wp-content\/uploads\/2026\/09\/nemecko-clanky-termaly-nemecko-39-605251b4-1-300x225.jpg 300w, https:\/\/loudavymkrokem.cz\/wp-content\/uploads\/2026\/09\/nemecko-clanky-termaly-nemecko-39-605251b4-1-700x525.jpg 700w, https:\/\/loudavymkrokem.cz\/wp-content\/uploads\/2026\/09\/nemecko-clanky-termaly-nemecko-39-605251b4-1-768x576.jpg 768w, https:\/\/loudavymkrokem.cz\/wp-content\/uploads\/2026\/09\/nemecko-clanky-termaly-nemecko-39-605251b4-1-1536x1152.jpg 1536w, https:\/\/loudavymkrokem.cz\/wp-content\/uploads\/2026\/09\/nemecko-clanky-termaly-nemecko-39-605251b4-1-80x60.jpg 80w, https:\/\/loudavymkrokem.cz\/wp-content\/uploads\/2026\/09\/nemecko-clanky-termaly-nemecko-39-605251b4-1-160x120.jpg 160w, https:\/\/loudavymkrokem.cz\/wp-content\/uploads\/2026\/09\/nemecko-clanky-termaly-nemecko-39-605251b4-1-696x522.jpg 696w, https:\/\/loudavymkrokem.cz\/wp-content\/uploads\/2026\/09\/nemecko-clanky-termaly-nemecko-39-605251b4-1-1392x1044.jpg 1392w\" sizes=\"(max-width: 1800px) 100vw, 1800px\" \/><button\n\t\t\tclass=\"lightbox-trigger\"\n\t\t\ttype=\"button\"\n\t\t\taria-haspopup=\"dialog\"\n\t\t\tdata-wp-bind--aria-label=\"state.thisImage.triggerButtonAriaLabel\"\n\t\t\tdata-wp-init=\"callbacks.initTriggerButton\"\n\t\t\tdata-wp-on--click=\"actions.showLightbox\"\n\t\t\tdata-wp-style--right=\"state.thisImage.buttonRight\"\n\t\t\tdata-wp-style--top=\"state.thisImage.buttonTop\"\n\t\t>\n\t\t\t<svg xmlns=\"http:\/\/www.w3.org\/2000\/svg\" width=\"12\" height=\"12\" fill=\"none\" viewBox=\"0 0 12 12\">\n\t\t\t\t<path fill=\"#fff\" d=\"M2 0a2 2 0 0 0-2 2v2h1.5V2a.5.5 0 0 1 .5-.5h2V0H2Zm2 10.5H2a.5.5 0 0 1-.5-.5V8H0v2a2 2 0 0 0 2 2h2v-1.5ZM8 12v-1.5h2a.5.5 0 0 0 .5-.5V8H12v2a2 2 0 0 1-2 2H8Zm2-12a2 2 0 0 1 2 2v2h-1.5V2a.5.5 0 0 0-.5-.5H8V0h2Z\" \/>\n\t\t\t<\/svg>\n\t\t<\/button><figcaption class=\"wp-element-caption\">Photo : Duhon \/ Wikimedia Commons, CC BY 3.0<\/figcaption><\/figure>\n\n\n\n<h3 class=\"wp-block-heading\"><span class=\"ez-toc-section\" id=\"32_Mauritius_Hotel_Therme_Koln_Cologne\"><\/span>32. Mauritius Hotel &#038; Therme K\u00f6ln (Cologne)<span class=\"ez-toc-section-end\"><\/span><\/h3>\n\n\n\n<p class=\"wp-block-paragraph\">Dans ce cas, il ne s&rsquo;agit pas d&rsquo;un bain public classique, mais d&rsquo;un <strong>h\u00f4tel de luxe quatre \u00e9toiles avec un immense centre bien-\u00eatre<\/strong>. Tu le trouves nich\u00e9 dans un coin paisible du centre m\u00eame de Cologne, juste \u00e0 c\u00f4t\u00e9 de l&rsquo;\u00e9glise historique Saint-Maurice. L&rsquo;endroit est taill\u00e9 pour les couples qui veulent allier d\u00e9couverte de la grande ville et d\u00e9tente en soir\u00e9e.<\/p>\n\n\n\n<p class=\"wp-block-paragraph\">La partie thermale et de d\u00e9tente proprement dite s&rsquo;\u00e9tend sur une <strong>g\u00e9n\u00e9reuse surface de 3 500 m\u00b2<\/strong>. Tu auras l&#8217;embarras du choix, car on y trouve 7 saunas diff\u00e9rents, 1 bain de vapeur et pas moins de 2 jacuzzis. La sp\u00e9cialit\u00e9 du complexe est ensuite un <strong>bassin ext\u00e9rieur enrichi de sel de la mer Morte<\/strong>. Sache que l&rsquo;on entre dans l&rsquo;univers sauna strictement sans maillot. Tu disposes aussi ici d&rsquo;un centre de fitness et d&rsquo;une riche offre de massages.<\/p>\n\n\n\n<p class=\"wp-block-paragraph\">Si tu loges ici, d&rsquo;apr\u00e8s le tarif 2026 les clients de l&rsquo;h\u00f4tel paient pour l&rsquo;acc\u00e8s \u00e0 la zone bien-\u00eatre un <strong>suppl\u00e9ment de 10 EUR par personne et par jour<\/strong>. Tu peux profiter de ce tarif avantageux m\u00eame le jour de ton d\u00e9part. <strong>\ud83d\udca1 Astuce :<\/strong> Apr\u00e8s une journ\u00e9e enti\u00e8re \u00e0 arpenter les monuments de Cologne, tes pieds appr\u00e9cieront \u00e0 coup s\u00fbr un long bain dans l&rsquo;eau sal\u00e9e curative, alors ne le manque surtout pas.<\/p>\n\n\n\n<figure data-wp-context=\"{&quot;imageId&quot;:&quot;6a9c5ffc32248&quot;}\" data-wp-interactive=\"core\/image\" data-wp-key=\"6a9c5ffc32248\" class=\"wp-block-image size-full wp-lightbox-container\"><img decoding=\"async\" width=\"1800\" height=\"1200\" data-wp-class--hide=\"state.isContentHidden\" data-wp-class--show=\"state.isContentVisible\" data-wp-init=\"callbacks.setButtonStyles\" data-wp-on--click=\"actions.showLightbox\" data-wp-on--load=\"callbacks.setButtonStyles\" data-wp-on--pointerdown=\"actions.preloadImage\" data-wp-on--pointerenter=\"actions.preloadImageWithDelay\" data-wp-on--pointerleave=\"actions.cancelPreload\" data-wp-on-window--resize=\"callbacks.setButtonStyles\" src=\"https:\/\/loudavymkrokem.cz\/wp-content\/uploads\/2026\/09\/nemecko-clanky-termaly-nemecko-40-b4685b4f-1.jpg\" alt=\"Claudius Therme (Cologne)\" class=\"wp-image-415353\" title=\"\" srcset=\"https:\/\/loudavymkrokem.cz\/wp-content\/uploads\/2026\/09\/nemecko-clanky-termaly-nemecko-40-b4685b4f-1.jpg 1800w, https:\/\/loudavymkrokem.cz\/wp-content\/uploads\/2026\/09\/nemecko-clanky-termaly-nemecko-40-b4685b4f-1-300x200.jpg 300w, https:\/\/loudavymkrokem.cz\/wp-content\/uploads\/2026\/09\/nemecko-clanky-termaly-nemecko-40-b4685b4f-1-700x467.jpg 700w, https:\/\/loudavymkrokem.cz\/wp-content\/uploads\/2026\/09\/nemecko-clanky-termaly-nemecko-40-b4685b4f-1-768x512.jpg 768w, https:\/\/loudavymkrokem.cz\/wp-content\/uploads\/2026\/09\/nemecko-clanky-termaly-nemecko-40-b4685b4f-1-1536x1024.jpg 1536w, https:\/\/loudavymkrokem.cz\/wp-content\/uploads\/2026\/09\/nemecko-clanky-termaly-nemecko-40-b4685b4f-1-696x464.jpg 696w, https:\/\/loudavymkrokem.cz\/wp-content\/uploads\/2026\/09\/nemecko-clanky-termaly-nemecko-40-b4685b4f-1-1392x928.jpg 1392w\" sizes=\"(max-width: 1800px) 100vw, 1800px\" \/><button\n\t\t\tclass=\"lightbox-trigger\"\n\t\t\ttype=\"button\"\n\t\t\taria-haspopup=\"dialog\"\n\t\t\tdata-wp-bind--aria-label=\"state.thisImage.triggerButtonAriaLabel\"\n\t\t\tdata-wp-init=\"callbacks.initTriggerButton\"\n\t\t\tdata-wp-on--click=\"actions.showLightbox\"\n\t\t\tdata-wp-style--right=\"state.thisImage.buttonRight\"\n\t\t\tdata-wp-style--top=\"state.thisImage.buttonTop\"\n\t\t>\n\t\t\t<svg xmlns=\"http:\/\/www.w3.org\/2000\/svg\" width=\"12\" height=\"12\" fill=\"none\" viewBox=\"0 0 12 12\">\n\t\t\t\t<path fill=\"#fff\" d=\"M2 0a2 2 0 0 0-2 2v2h1.5V2a.5.5 0 0 1 .5-.5h2V0H2Zm2 10.5H2a.5.5 0 0 1-.5-.5V8H0v2a2 2 0 0 0 2 2h2v-1.5ZM8 12v-1.5h2a.5.5 0 0 0 .5-.5V8H12v2a2 2 0 0 1-2 2H8Zm2-12a2 2 0 0 1 2 2v2h-1.5V2a.5.5 0 0 0-.5-.5H8V0h2Z\" \/>\n\t\t\t<\/svg>\n\t\t<\/button><figcaption class=\"wp-element-caption\">Photo : Maksym Kozlenko \/ Wikimedia Commons, CC BY-SA 4.0<\/figcaption><\/figure>\n\n\n\n<h3 class=\"wp-block-heading\"><span class=\"ez-toc-section\" id=\"33_Claudius_Therme_Cologne\"><\/span>33. Claudius Therme (Cologne)<span class=\"ez-toc-section-end\"><\/span><\/h3>\n\n\n\n<p class=\"wp-block-paragraph\">Tu cherches une baignade \u00e0 la meilleure adresse qui soit ? Ce complexe se trouve en plein Rheinpark de Cologne, sur la rive droite du Rhin, et offre une <strong>vue fantastique sur la c\u00e9l\u00e8bre cath\u00e9drale de Cologne<\/strong>. Les bassins locaux sont aliment\u00e9s par une source min\u00e9rale thermale naturelle de grande qualit\u00e9, reconnue par l&rsquo;\u00c9tat, qui garantit un rel\u00e2chement parfait pour le corps et l&rsquo;esprit.<\/p>\n\n\n\n<p class=\"wp-block-paragraph\">Un immense univers aquatique t&rsquo;attend, form\u00e9 de <strong>12 bassins diff\u00e9rents au total<\/strong>. Si tu pr\u00e9f\u00e8res la bonne chaleur, l&rsquo;offre de 8 saunas et 3 bains de vapeur te ravira. D&rsquo;apr\u00e8s le tarif actuel 2026, tu paieras de 19,50 \u00e0 22,50 EUR pour deux heures de baignade. La formule avec sauna revient \u00e0 27,50 \u00e0 30,50 EUR et <strong>l&rsquo;entr\u00e9e journ\u00e9e co\u00fbte de 36,50 \u00e0 47,50 EUR<\/strong>.<\/p>\n\n\n\n<p class=\"wp-block-paragraph\">L&rsquo;\u00e9tablissement pense aussi aux automobilistes, le forfait journ\u00e9e de <strong>stationnement ne te co\u00fbte donc que d&rsquo;agr\u00e9ables 3 EUR<\/strong>. C\u00f4t\u00e9 limites d&rsquo;\u00e2ge, l&rsquo;entr\u00e9e n&rsquo;est autoris\u00e9e qu&rsquo;aux enfants \u00e0 partir de 6 ans. Les jeunes de moins de 16 ans ne peuvent visiter le complexe qu&rsquo;accompagn\u00e9s d&rsquo;un adulte. <strong>\ud83d\udca1 Astuce :<\/strong> Essaie de planifier ta visite en fin d&rsquo;apr\u00e8s-midi, la vue sur la cath\u00e9drale illumin\u00e9e depuis le bassin thermal ext\u00e9rieur est inoubliable.<\/p>\n\n\n\n<figure data-wp-context=\"{&quot;imageId&quot;:&quot;6a9c5ffc3299a&quot;}\" data-wp-interactive=\"core\/image\" data-wp-key=\"6a9c5ffc3299a\" class=\"wp-block-image size-full wp-lightbox-container\"><img decoding=\"async\" width=\"1800\" height=\"1200\" data-wp-class--hide=\"state.isContentHidden\" data-wp-class--show=\"state.isContentVisible\" data-wp-init=\"callbacks.setButtonStyles\" data-wp-on--click=\"actions.showLightbox\" data-wp-on--load=\"callbacks.setButtonStyles\" data-wp-on--pointerdown=\"actions.preloadImage\" data-wp-on--pointerenter=\"actions.preloadImageWithDelay\" data-wp-on--pointerleave=\"actions.cancelPreload\" data-wp-on-window--resize=\"callbacks.setButtonStyles\" src=\"https:\/\/loudavymkrokem.cz\/wp-content\/uploads\/2026\/09\/nemecko-clanky-termaly-nemecko-41-eecaebfa-1.jpg\" alt=\"Taunus-Therme \u00e0 Bad Homburg\" class=\"wp-image-415356\" title=\"\" srcset=\"https:\/\/loudavymkrokem.cz\/wp-content\/uploads\/2026\/09\/nemecko-clanky-termaly-nemecko-41-eecaebfa-1.jpg 1800w, https:\/\/loudavymkrokem.cz\/wp-content\/uploads\/2026\/09\/nemecko-clanky-termaly-nemecko-41-eecaebfa-1-300x200.jpg 300w, https:\/\/loudavymkrokem.cz\/wp-content\/uploads\/2026\/09\/nemecko-clanky-termaly-nemecko-41-eecaebfa-1-700x467.jpg 700w, https:\/\/loudavymkrokem.cz\/wp-content\/uploads\/2026\/09\/nemecko-clanky-termaly-nemecko-41-eecaebfa-1-768x512.jpg 768w, https:\/\/loudavymkrokem.cz\/wp-content\/uploads\/2026\/09\/nemecko-clanky-termaly-nemecko-41-eecaebfa-1-1536x1024.jpg 1536w, https:\/\/loudavymkrokem.cz\/wp-content\/uploads\/2026\/09\/nemecko-clanky-termaly-nemecko-41-eecaebfa-1-696x464.jpg 696w, https:\/\/loudavymkrokem.cz\/wp-content\/uploads\/2026\/09\/nemecko-clanky-termaly-nemecko-41-eecaebfa-1-1392x928.jpg 1392w\" sizes=\"(max-width: 1800px) 100vw, 1800px\" \/><button\n\t\t\tclass=\"lightbox-trigger\"\n\t\t\ttype=\"button\"\n\t\t\taria-haspopup=\"dialog\"\n\t\t\tdata-wp-bind--aria-label=\"state.thisImage.triggerButtonAriaLabel\"\n\t\t\tdata-wp-init=\"callbacks.initTriggerButton\"\n\t\t\tdata-wp-on--click=\"actions.showLightbox\"\n\t\t\tdata-wp-style--right=\"state.thisImage.buttonRight\"\n\t\t\tdata-wp-style--top=\"state.thisImage.buttonTop\"\n\t\t>\n\t\t\t<svg xmlns=\"http:\/\/www.w3.org\/2000\/svg\" width=\"12\" height=\"12\" fill=\"none\" viewBox=\"0 0 12 12\">\n\t\t\t\t<path fill=\"#fff\" d=\"M2 0a2 2 0 0 0-2 2v2h1.5V2a.5.5 0 0 1 .5-.5h2V0H2Zm2 10.5H2a.5.5 0 0 1-.5-.5V8H0v2a2 2 0 0 0 2 2h2v-1.5ZM8 12v-1.5h2a.5.5 0 0 0 .5-.5V8H12v2a2 2 0 0 1-2 2H8Zm2-12a2 2 0 0 1 2 2v2h-1.5V2a.5.5 0 0 0-.5-.5H8V0h2Z\" \/>\n\t\t\t<\/svg>\n\t\t<\/button><\/figure>\n\n\n\n<h2 class=\"wp-block-heading\"><span class=\"ez-toc-section\" id=\"Thermes_en_Hesse\"><\/span>Thermes en Hesse<span class=\"ez-toc-section-end\"><\/span><\/h2>\n\n\n\n<p class=\"wp-block-paragraph\">Si tu cherches un endroit o\u00f9 une histoire profonde se m\u00eale \u00e0 un vrai repos, le Land de Hesse te s\u00e9duira \u00e0 coup s\u00fbr. Tu y trouves de c\u00e9l\u00e8bres villes thermales comme Wiesbaden ou Bad Homburg, qui se targuent d&rsquo;une riche tradition et de certaines des <strong>sources les plus chaudes de toute l&rsquo;Allemagne<\/strong>. C&rsquo;est une destination id\u00e9ale pour un week-end prolong\u00e9, car depuis la France on y acc\u00e8de assez facilement, surtout en direction de Francfort.<\/p>\n\n\n\n<p class=\"wp-block-paragraph\">Les bains de Hesse ont une atmosph\u00e8re qui rappelle souvent d&rsquo;anciens temples antiques ou de luxueux palais. Que tu aspires \u00e0 une contemplation silencieuse dans un d\u00e9cor historique ou que tu pr\u00e9f\u00e8res les rituels de sauna modernes, tu y trouveras ton compte. Voyons les complexes les plus int\u00e9ressants que tu ne devrais absolument pas manquer en planifiant ton voyage.<\/p>\n\n\n\n<figure data-wp-context=\"{&quot;imageId&quot;:&quot;6a9c5ffc33c22&quot;}\" data-wp-interactive=\"core\/image\" data-wp-key=\"6a9c5ffc33c22\" class=\"wp-block-image size-full wp-lightbox-container\"><img decoding=\"async\" width=\"1800\" height=\"1347\" data-wp-class--hide=\"state.isContentHidden\" data-wp-class--show=\"state.isContentVisible\" data-wp-init=\"callbacks.setButtonStyles\" data-wp-on--click=\"actions.showLightbox\" data-wp-on--load=\"callbacks.setButtonStyles\" data-wp-on--pointerdown=\"actions.preloadImage\" data-wp-on--pointerenter=\"actions.preloadImageWithDelay\" data-wp-on--pointerleave=\"actions.cancelPreload\" data-wp-on-window--resize=\"callbacks.setButtonStyles\" src=\"https:\/\/loudavymkrokem.cz\/wp-content\/uploads\/2026\/09\/nemecko-clanky-termaly-nemecko-42-4670ad94-1.jpg\" alt=\"Taunus-Therme (Bad Homburg) : entr\u00e9e du thermal avec passerelle\" class=\"wp-image-415359\" title=\"\" srcset=\"https:\/\/loudavymkrokem.cz\/wp-content\/uploads\/2026\/09\/nemecko-clanky-termaly-nemecko-42-4670ad94-1.jpg 1800w, https:\/\/loudavymkrokem.cz\/wp-content\/uploads\/2026\/09\/nemecko-clanky-termaly-nemecko-42-4670ad94-1-300x225.jpg 300w, https:\/\/loudavymkrokem.cz\/wp-content\/uploads\/2026\/09\/nemecko-clanky-termaly-nemecko-42-4670ad94-1-700x524.jpg 700w, https:\/\/loudavymkrokem.cz\/wp-content\/uploads\/2026\/09\/nemecko-clanky-termaly-nemecko-42-4670ad94-1-768x575.jpg 768w, https:\/\/loudavymkrokem.cz\/wp-content\/uploads\/2026\/09\/nemecko-clanky-termaly-nemecko-42-4670ad94-1-1536x1149.jpg 1536w, https:\/\/loudavymkrokem.cz\/wp-content\/uploads\/2026\/09\/nemecko-clanky-termaly-nemecko-42-4670ad94-1-80x60.jpg 80w, https:\/\/loudavymkrokem.cz\/wp-content\/uploads\/2026\/09\/nemecko-clanky-termaly-nemecko-42-4670ad94-1-160x120.jpg 160w, https:\/\/loudavymkrokem.cz\/wp-content\/uploads\/2026\/09\/nemecko-clanky-termaly-nemecko-42-4670ad94-1-696x521.jpg 696w, https:\/\/loudavymkrokem.cz\/wp-content\/uploads\/2026\/09\/nemecko-clanky-termaly-nemecko-42-4670ad94-1-1392x1042.jpg 1392w\" sizes=\"(max-width: 1800px) 100vw, 1800px\" \/><button\n\t\t\tclass=\"lightbox-trigger\"\n\t\t\ttype=\"button\"\n\t\t\taria-haspopup=\"dialog\"\n\t\t\tdata-wp-bind--aria-label=\"state.thisImage.triggerButtonAriaLabel\"\n\t\t\tdata-wp-init=\"callbacks.initTriggerButton\"\n\t\t\tdata-wp-on--click=\"actions.showLightbox\"\n\t\t\tdata-wp-style--right=\"state.thisImage.buttonRight\"\n\t\t\tdata-wp-style--top=\"state.thisImage.buttonTop\"\n\t\t>\n\t\t\t<svg xmlns=\"http:\/\/www.w3.org\/2000\/svg\" width=\"12\" height=\"12\" fill=\"none\" viewBox=\"0 0 12 12\">\n\t\t\t\t<path fill=\"#fff\" d=\"M2 0a2 2 0 0 0-2 2v2h1.5V2a.5.5 0 0 1 .5-.5h2V0H2Zm2 10.5H2a.5.5 0 0 1-.5-.5V8H0v2a2 2 0 0 0 2 2h2v-1.5ZM8 12v-1.5h2a.5.5 0 0 0 .5-.5V8H12v2a2 2 0 0 1-2 2H8Zm2-12a2 2 0 0 1 2 2v2h-1.5V2a.5.5 0 0 0-.5-.5H8V0h2Z\" \/>\n\t\t\t<\/svg>\n\t\t<\/button><figcaption class=\"wp-element-caption\">Photo : Karsten11 \/ Wikimedia Commons, domaine public<\/figcaption><\/figure>\n\n\n\n<h3 class=\"wp-block-heading\"><span class=\"ez-toc-section\" id=\"34_Taunus-Therme_Bad_Homburg\"><\/span>34. Taunus-Therme (Bad Homburg)<span class=\"ez-toc-section-end\"><\/span><\/h3>\n\n\n\n<p class=\"wp-block-paragraph\">Le complexe Taunus-Therme de la ville de Bad Homburg est exceptionnel surtout par son immense espace, car il offre <strong>1 200 m\u00e8tres carr\u00e9s de surfaces int\u00e9rieures et ext\u00e9rieures<\/strong> pour une d\u00e9tente parfaite. L&rsquo;eau des bassins provient de la source locale Viktoria-Louise-Quelle, dont la temp\u00e9rature d&rsquo;origine est de 22,4 \u00b0C, mais elle est chauff\u00e9e pour ton confort maximal \u00e0 d&rsquo;<strong>agr\u00e9ables 34,5 \u00b0C<\/strong>.<\/p>\n\n\n\n<p class=\"wp-block-paragraph\">Tu peux te r\u00e9jouir de plein de recoins d&rsquo;eau thermale o\u00f9 le calme t&rsquo;attend. Si tu adores les bulles, tu appr\u00e9cieras pas moins de <strong>quatre jacuzzis chauds \u00e0 37 \u00b0C<\/strong>, qui d\u00e9tendent parfaitement les muscles fatigu\u00e9s. Les amateurs de transpiration appr\u00e9cieront ensuite la riche partie sauna, o\u00f9 tu trouves au total huit saunas th\u00e9matiques \u00e0 des temp\u00e9ratures de 45 \u00b0C \u00e0 100 \u00b0C.<\/p>\n\n\n\n<p class=\"wp-block-paragraph\">Deux de ces huit saunas sont <strong>r\u00e9serv\u00e9s exclusivement aux dames<\/strong>, une excellente nouvelle pour toutes les femmes en qu\u00eate de plus d&rsquo;intimit\u00e9. Le complexe convient globalement plut\u00f4t aux visiteurs adultes en qu\u00eate de calme et de repos silencieux. <strong>\ud83d\udca1 Astuce :<\/strong> M\u00eame si tu n&rsquo;y trouves pas de toboggans d\u00e9cha\u00een\u00e9s, l&rsquo;immense surface garantit que tu ne seras pas serr\u00e9 avec les autres et que tu trouveras toujours ton coin tranquille.<\/p>\n\n\n\n<figure data-wp-context=\"{&quot;imageId&quot;:&quot;6a9c5ffc343a0&quot;}\" data-wp-interactive=\"core\/image\" data-wp-key=\"6a9c5ffc343a0\" class=\"wp-block-image size-full wp-lightbox-container\"><img decoding=\"async\" width=\"1800\" height=\"1350\" data-wp-class--hide=\"state.isContentHidden\" data-wp-class--show=\"state.isContentVisible\" data-wp-init=\"callbacks.setButtonStyles\" data-wp-on--click=\"actions.showLightbox\" data-wp-on--load=\"callbacks.setButtonStyles\" data-wp-on--pointerdown=\"actions.preloadImage\" data-wp-on--pointerenter=\"actions.preloadImageWithDelay\" data-wp-on--pointerleave=\"actions.cancelPreload\" data-wp-on-window--resize=\"callbacks.setButtonStyles\" src=\"https:\/\/loudavymkrokem.cz\/wp-content\/uploads\/2026\/09\/nemecko-clanky-termaly-nemecko-43-b17240b7-1.jpg\" alt=\"KurhessenTherme (Kassel)\" class=\"wp-image-415361\" title=\"\" srcset=\"https:\/\/loudavymkrokem.cz\/wp-content\/uploads\/2026\/09\/nemecko-clanky-termaly-nemecko-43-b17240b7-1.jpg 1800w, https:\/\/loudavymkrokem.cz\/wp-content\/uploads\/2026\/09\/nemecko-clanky-termaly-nemecko-43-b17240b7-1-300x225.jpg 300w, https:\/\/loudavymkrokem.cz\/wp-content\/uploads\/2026\/09\/nemecko-clanky-termaly-nemecko-43-b17240b7-1-700x525.jpg 700w, https:\/\/loudavymkrokem.cz\/wp-content\/uploads\/2026\/09\/nemecko-clanky-termaly-nemecko-43-b17240b7-1-768x576.jpg 768w, https:\/\/loudavymkrokem.cz\/wp-content\/uploads\/2026\/09\/nemecko-clanky-termaly-nemecko-43-b17240b7-1-1536x1152.jpg 1536w, https:\/\/loudavymkrokem.cz\/wp-content\/uploads\/2026\/09\/nemecko-clanky-termaly-nemecko-43-b17240b7-1-80x60.jpg 80w, https:\/\/loudavymkrokem.cz\/wp-content\/uploads\/2026\/09\/nemecko-clanky-termaly-nemecko-43-b17240b7-1-160x120.jpg 160w, https:\/\/loudavymkrokem.cz\/wp-content\/uploads\/2026\/09\/nemecko-clanky-termaly-nemecko-43-b17240b7-1-696x522.jpg 696w, https:\/\/loudavymkrokem.cz\/wp-content\/uploads\/2026\/09\/nemecko-clanky-termaly-nemecko-43-b17240b7-1-1392x1044.jpg 1392w\" sizes=\"(max-width: 1800px) 100vw, 1800px\" \/><button\n\t\t\tclass=\"lightbox-trigger\"\n\t\t\ttype=\"button\"\n\t\t\taria-haspopup=\"dialog\"\n\t\t\tdata-wp-bind--aria-label=\"state.thisImage.triggerButtonAriaLabel\"\n\t\t\tdata-wp-init=\"callbacks.initTriggerButton\"\n\t\t\tdata-wp-on--click=\"actions.showLightbox\"\n\t\t\tdata-wp-style--right=\"state.thisImage.buttonRight\"\n\t\t\tdata-wp-style--top=\"state.thisImage.buttonTop\"\n\t\t>\n\t\t\t<svg xmlns=\"http:\/\/www.w3.org\/2000\/svg\" width=\"12\" height=\"12\" fill=\"none\" viewBox=\"0 0 12 12\">\n\t\t\t\t<path fill=\"#fff\" d=\"M2 0a2 2 0 0 0-2 2v2h1.5V2a.5.5 0 0 1 .5-.5h2V0H2Zm2 10.5H2a.5.5 0 0 1-.5-.5V8H0v2a2 2 0 0 0 2 2h2v-1.5ZM8 12v-1.5h2a.5.5 0 0 0 .5-.5V8H12v2a2 2 0 0 1-2 2H8Zm2-12a2 2 0 0 1 2 2v2h-1.5V2a.5.5 0 0 0-.5-.5H8V0h2Z\" \/>\n\t\t\t<\/svg>\n\t\t<\/button><figcaption class=\"wp-element-caption\">Photo : Pedelecs \/ Wikimedia Commons, CC BY-SA 3.0<\/figcaption><\/figure>\n\n\n\n<h3 class=\"wp-block-heading\"><span class=\"ez-toc-section\" id=\"35_KurhessenTherme_Kassel\"><\/span>35. KurhessenTherme (Kassel)<span class=\"ez-toc-section-end\"><\/span><\/h3>\n\n\n\n<p class=\"wp-block-paragraph\">Si tu te rends dans la ville de Kassel, ne manque pas le complexe KurhessenTherme, qui te surprendra par son unique <strong>lac de sauna de 200 m\u00e8tres carr\u00e9s<\/strong>. Ce lac a une temp\u00e9rature rafra\u00eechissante de 19 \u00e0 21 \u00b0C et est int\u00e9gr\u00e9 au fameux Jardin du Paradis. Celui-ci offre plus de <strong>400 m\u00e8tres carr\u00e9s de repos sans maillot<\/strong>, ce qui ravira tous les adeptes du naturisme.<\/p>\n\n\n\n<p class=\"wp-block-paragraph\">L&rsquo;univers sauna est ici g\u00e9n\u00e9reux, tu y trouves au total huit chauffes diff\u00e9rentes. Les d\u00e9butants peuvent tester le doux sauna lumineux aux cristaux de sel \u00e0 45 \u00b0C, ou le sauna \u00e0 55 \u00b0C, excellent pour les voies respiratoires. Les saunistes chevronn\u00e9s se dirigeront au contraire vers le <strong>sauna aux pierres chaudes chauff\u00e9 \u00e0 100 \u00b0C<\/strong>. Les femmes disposent aussi de leur propre sauna oriental dames.<\/p>\n\n\n\n<p class=\"wp-block-paragraph\">D&rsquo;apr\u00e8s le tarif 2026, tu paieras pour une entr\u00e9e de deux heures aux thermes et saunas <strong>de 23 \u00e0 24,50 euros<\/strong>, le billet journ\u00e9e revient ensuite \u00e0 26,50 \u00e0 28 euros selon le jour de la semaine. Pour chaque quart d&rsquo;heure entam\u00e9 en plus, ajoute 1,50 euro. <strong>\ud83d\udca1 Astuce :<\/strong> Si tu as un creux apr\u00e8s la baignade, le restaurant local propose d&rsquo;excellents gnocchis sans viande ou des spaghettis au pesto vert et l\u00e9gumes grill\u00e9s \u00e0 11,50 euros.<\/p>\n\n\n\n<figure data-wp-context=\"{&quot;imageId&quot;:&quot;6a9c5ffc34ae5&quot;}\" data-wp-interactive=\"core\/image\" data-wp-key=\"6a9c5ffc34ae5\" class=\"wp-block-image size-full wp-lightbox-container\"><img decoding=\"async\" width=\"1800\" height=\"1800\" data-wp-class--hide=\"state.isContentHidden\" data-wp-class--show=\"state.isContentVisible\" data-wp-init=\"callbacks.setButtonStyles\" data-wp-on--click=\"actions.showLightbox\" data-wp-on--load=\"callbacks.setButtonStyles\" data-wp-on--pointerdown=\"actions.preloadImage\" data-wp-on--pointerenter=\"actions.preloadImageWithDelay\" data-wp-on--pointerleave=\"actions.cancelPreload\" data-wp-on-window--resize=\"callbacks.setButtonStyles\" src=\"https:\/\/loudavymkrokem.cz\/wp-content\/uploads\/2026\/09\/nemecko-clanky-termaly-nemecko-44-2d6e2fb5-1.jpg\" alt=\"Odenwald-Therme (Bad K\u00f6nig) : partie sauna\" class=\"wp-image-415363\" title=\"\" srcset=\"https:\/\/loudavymkrokem.cz\/wp-content\/uploads\/2026\/09\/nemecko-clanky-termaly-nemecko-44-2d6e2fb5-1.jpg 1800w, https:\/\/loudavymkrokem.cz\/wp-content\/uploads\/2026\/09\/nemecko-clanky-termaly-nemecko-44-2d6e2fb5-1-300x300.jpg 300w, https:\/\/loudavymkrokem.cz\/wp-content\/uploads\/2026\/09\/nemecko-clanky-termaly-nemecko-44-2d6e2fb5-1-700x700.jpg 700w, https:\/\/loudavymkrokem.cz\/wp-content\/uploads\/2026\/09\/nemecko-clanky-termaly-nemecko-44-2d6e2fb5-1-150x150.jpg 150w, https:\/\/loudavymkrokem.cz\/wp-content\/uploads\/2026\/09\/nemecko-clanky-termaly-nemecko-44-2d6e2fb5-1-768x768.jpg 768w, https:\/\/loudavymkrokem.cz\/wp-content\/uploads\/2026\/09\/nemecko-clanky-termaly-nemecko-44-2d6e2fb5-1-1536x1536.jpg 1536w, https:\/\/loudavymkrokem.cz\/wp-content\/uploads\/2026\/09\/nemecko-clanky-termaly-nemecko-44-2d6e2fb5-1-696x696.jpg 696w, https:\/\/loudavymkrokem.cz\/wp-content\/uploads\/2026\/09\/nemecko-clanky-termaly-nemecko-44-2d6e2fb5-1-1392x1392.jpg 1392w\" sizes=\"(max-width: 1800px) 100vw, 1800px\" \/><button\n\t\t\tclass=\"lightbox-trigger\"\n\t\t\ttype=\"button\"\n\t\t\taria-haspopup=\"dialog\"\n\t\t\tdata-wp-bind--aria-label=\"state.thisImage.triggerButtonAriaLabel\"\n\t\t\tdata-wp-init=\"callbacks.initTriggerButton\"\n\t\t\tdata-wp-on--click=\"actions.showLightbox\"\n\t\t\tdata-wp-style--right=\"state.thisImage.buttonRight\"\n\t\t\tdata-wp-style--top=\"state.thisImage.buttonTop\"\n\t\t>\n\t\t\t<svg xmlns=\"http:\/\/www.w3.org\/2000\/svg\" width=\"12\" height=\"12\" fill=\"none\" viewBox=\"0 0 12 12\">\n\t\t\t\t<path fill=\"#fff\" d=\"M2 0a2 2 0 0 0-2 2v2h1.5V2a.5.5 0 0 1 .5-.5h2V0H2Zm2 10.5H2a.5.5 0 0 1-.5-.5V8H0v2a2 2 0 0 0 2 2h2v-1.5ZM8 12v-1.5h2a.5.5 0 0 0 .5-.5V8H12v2a2 2 0 0 1-2 2H8Zm2-12a2 2 0 0 1 2 2v2h-1.5V2a.5.5 0 0 0-.5-.5H8V0h2Z\" \/>\n\t\t\t<\/svg>\n\t\t<\/button><\/figure>\n\n\n\n<h3 class=\"wp-block-heading\"><span class=\"ez-toc-section\" id=\"36_Odenwald-Therme_Bad_Konig\"><\/span>36. Odenwald-Therme (Bad K\u00f6nig)<span class=\"ez-toc-section-end\"><\/span><\/h3>\n\n\n\n<p class=\"wp-block-paragraph\">Dans la charmante petite ville de Bad K\u00f6nig se trouve l&rsquo;Odenwald-Therme, o\u00f9 sur une surface de <strong>plus de 1 300 m\u00e8tres carr\u00e9s<\/strong> tu trouves un univers sauna tr\u00e8s agr\u00e9able et des bassins thermaux. Ce complexe est un excellent choix pour ceux qui cherchent une atmosph\u00e8re plus intime et plus calme sans foules immenses, et appr\u00e9cieront le <strong>grand bassin ext\u00e9rieur<\/strong> pour nager \u00e0 l&rsquo;air frais.<\/p>\n\n\n\n<p class=\"wp-block-paragraph\">\u00c0 l&rsquo;int\u00e9rieur t&rsquo;attendent quatre saunas \u00e0 temp\u00e9ratures vari\u00e9es. Le plus chaud est l&rsquo;<strong>Odenwald-Sauna \u00e0 90 \u00b0C<\/strong>, o\u00f9 se d\u00e9roulent r\u00e9guli\u00e8rement les c\u00e9r\u00e9monies de sauna appr\u00e9ci\u00e9es, les fameux Aufg\u00fcsse. \u00c0 c\u00f4t\u00e9, tu peux r\u00e9chauffer ton corps dans le sauna aux oiseaux \u00e0 80 \u00b0C, le doux sanarium chauff\u00e9 \u00e0 60 \u00b0C ou le bain de vapeur et aromatique, qui a une agr\u00e9able temp\u00e9rature de 40 \u00b0C. Tu peux ensuite te reposer dans des salles de d\u00e9tente d\u00e9di\u00e9es ou t&rsquo;offrir un gommage corporel.<\/p>\n\n\n\n<p class=\"wp-block-paragraph\">Le billet de base aux thermes et saunas revient d&rsquo;apr\u00e8s le tarif 2026 \u00e0 <strong>22,50 euros<\/strong>, tandis que le billet journ\u00e9e co\u00fbte 28,50 euros. Le complexe est id\u00e9al pour les couples et les adultes qui veulent se reposer au calme. <strong>\ud83d\udca1 Astuce :<\/strong> Si tu prends un plat chaud d&rsquo;au moins 4,90 euros \u00e0 la restauration locale, tu obtiens automatiquement une heure de temps suppl\u00e9mentaire \u00e0 ton entr\u00e9e, totalement gratuite.<\/p>\n\n\n\n<figure data-wp-context=\"{&quot;imageId&quot;:&quot;6a9c5ffc35233&quot;}\" data-wp-interactive=\"core\/image\" data-wp-key=\"6a9c5ffc35233\" class=\"wp-block-image size-full wp-lightbox-container\"><img decoding=\"async\" width=\"1800\" height=\"1200\" data-wp-class--hide=\"state.isContentHidden\" data-wp-class--show=\"state.isContentVisible\" data-wp-init=\"callbacks.setButtonStyles\" data-wp-on--click=\"actions.showLightbox\" data-wp-on--load=\"callbacks.setButtonStyles\" data-wp-on--pointerdown=\"actions.preloadImage\" data-wp-on--pointerenter=\"actions.preloadImageWithDelay\" data-wp-on--pointerleave=\"actions.cancelPreload\" data-wp-on-window--resize=\"callbacks.setButtonStyles\" src=\"https:\/\/loudavymkrokem.cz\/wp-content\/uploads\/2026\/09\/nemecko-clanky-termaly-nemecko-45-cfe756aa.jpg\" alt=\"B\u00e2timent du Thermalbad Aukammtal dans le parc de Wiesbaden\" class=\"wp-image-415508\" title=\"\" srcset=\"https:\/\/loudavymkrokem.cz\/wp-content\/uploads\/2026\/09\/nemecko-clanky-termaly-nemecko-45-cfe756aa.jpg 1800w, https:\/\/loudavymkrokem.cz\/wp-content\/uploads\/2026\/09\/nemecko-clanky-termaly-nemecko-45-cfe756aa-300x200.jpg 300w, https:\/\/loudavymkrokem.cz\/wp-content\/uploads\/2026\/09\/nemecko-clanky-termaly-nemecko-45-cfe756aa-700x467.jpg 700w, https:\/\/loudavymkrokem.cz\/wp-content\/uploads\/2026\/09\/nemecko-clanky-termaly-nemecko-45-cfe756aa-768x512.jpg 768w, https:\/\/loudavymkrokem.cz\/wp-content\/uploads\/2026\/09\/nemecko-clanky-termaly-nemecko-45-cfe756aa-1536x1024.jpg 1536w, https:\/\/loudavymkrokem.cz\/wp-content\/uploads\/2026\/09\/nemecko-clanky-termaly-nemecko-45-cfe756aa-696x464.jpg 696w, https:\/\/loudavymkrokem.cz\/wp-content\/uploads\/2026\/09\/nemecko-clanky-termaly-nemecko-45-cfe756aa-1392x928.jpg 1392w\" sizes=\"(max-width: 1800px) 100vw, 1800px\" \/><button\n\t\t\tclass=\"lightbox-trigger\"\n\t\t\ttype=\"button\"\n\t\t\taria-haspopup=\"dialog\"\n\t\t\tdata-wp-bind--aria-label=\"state.thisImage.triggerButtonAriaLabel\"\n\t\t\tdata-wp-init=\"callbacks.initTriggerButton\"\n\t\t\tdata-wp-on--click=\"actions.showLightbox\"\n\t\t\tdata-wp-style--right=\"state.thisImage.buttonRight\"\n\t\t\tdata-wp-style--top=\"state.thisImage.buttonTop\"\n\t\t>\n\t\t\t<svg xmlns=\"http:\/\/www.w3.org\/2000\/svg\" width=\"12\" height=\"12\" fill=\"none\" viewBox=\"0 0 12 12\">\n\t\t\t\t<path fill=\"#fff\" d=\"M2 0a2 2 0 0 0-2 2v2h1.5V2a.5.5 0 0 1 .5-.5h2V0H2Zm2 10.5H2a.5.5 0 0 1-.5-.5V8H0v2a2 2 0 0 0 2 2h2v-1.5ZM8 12v-1.5h2a.5.5 0 0 0 .5-.5V8H12v2a2 2 0 0 1-2 2H8Zm2-12a2 2 0 0 1 2 2v2h-1.5V2a.5.5 0 0 0-.5-.5H8V0h2Z\" \/>\n\t\t\t<\/svg>\n\t\t<\/button><figcaption class=\"wp-element-caption\">Photo : Renate007 \/ Wikimedia Commons, CC BY-SA 4.0<\/figcaption><\/figure>\n\n\n\n<h3 class=\"wp-block-heading\"><span class=\"ez-toc-section\" id=\"37_Thermalbad_Aukammtal_Wiesbaden\"><\/span>37. Thermalbad Aukammtal (Wiesbaden)<span class=\"ez-toc-section-end\"><\/span><\/h3>\n\n\n\n<p class=\"wp-block-paragraph\">La ville de Wiesbaden est un joyau thermal et le Thermalbad Aukammtal est l&rsquo;une des raisons d&rsquo;y venir. Le complexe se trouve dans le beau cadre d&rsquo;un parc urbain et son plus grand attrait est une <strong>eau \u00e0 tr\u00e8s forte teneur en sel<\/strong>. Elle est traditionnellement recommand\u00e9e pour les probl\u00e8mes orthop\u00e9diques et rhumatismaux, donc si tu souffres des articulations ou du dos, cet endroit te fera du bien.<\/p>\n\n\n\n<p class=\"wp-block-paragraph\">L&rsquo;eau thermale locale a de <strong>tr\u00e8s agr\u00e9ables 32 \u00b0C<\/strong> et tu peux la savourer aussi bien dans le bassin int\u00e9rieur de 435 m\u00e8tres carr\u00e9s que dans le bassin ext\u00e9rieur de taille similaire, d&rsquo;environ 450 m\u00e8tres carr\u00e9s. Pour les amateurs de sauna, un espace \u00e0 l&rsquo;\u00e9quipement diff\u00e9rent est pr\u00e9vu, o\u00f9 se cachent quatre saunas int\u00e9rieurs et trois ext\u00e9rieurs.<\/p>\n\n\n\n<p class=\"wp-block-paragraph\">Les thermes sont ouverts toute l&rsquo;ann\u00e9e, mais les horaires varient l\u00e9g\u00e8rement selon la saison. De d\u00e9but octobre \u00e0 fin avril, tu peux venir tous les jours de neuf heures du matin \u00e0 dix heures du soir, avec le vendredi et le samedi une <strong>ouverture jusqu&rsquo;\u00e0 onze heures du soir<\/strong>. En saison estivale, la fermeture est toujours \u00e0 22 h. <strong>\ud83d\udca1 Astuce :<\/strong> Gr\u00e2ce \u00e0 l&#8217;emplacement en plein parc dans la vall\u00e9e de l&rsquo;Aukammtal, je te conseille d&rsquo;associer la visite des bassins \u00e0 une longue promenade l&rsquo;apr\u00e8s-midi dans la verdure environnante.<\/p>\n\n\n\n<figure data-wp-context=\"{&quot;imageId&quot;:&quot;6a9c5ffc35813&quot;}\" data-wp-interactive=\"core\/image\" data-wp-key=\"6a9c5ffc35813\" class=\"wp-block-image size-full wp-lightbox-container\"><img decoding=\"async\" width=\"1800\" height=\"1350\" data-wp-class--hide=\"state.isContentHidden\" data-wp-class--show=\"state.isContentVisible\" data-wp-init=\"callbacks.setButtonStyles\" data-wp-on--click=\"actions.showLightbox\" data-wp-on--load=\"callbacks.setButtonStyles\" data-wp-on--pointerdown=\"actions.preloadImage\" data-wp-on--pointerenter=\"actions.preloadImageWithDelay\" data-wp-on--pointerleave=\"actions.cancelPreload\" data-wp-on-window--resize=\"callbacks.setButtonStyles\" src=\"https:\/\/loudavymkrokem.cz\/wp-content\/uploads\/2026\/09\/nemecko-clanky-termaly-nemecko-46-fef6372e.jpg\" alt=\"Foyer historique du Kaiser-Friedrich-Therme \u00e0 Wiesbaden\" class=\"wp-image-415512\" title=\"\" srcset=\"https:\/\/loudavymkrokem.cz\/wp-content\/uploads\/2026\/09\/nemecko-clanky-termaly-nemecko-46-fef6372e.jpg 1800w, https:\/\/loudavymkrokem.cz\/wp-content\/uploads\/2026\/09\/nemecko-clanky-termaly-nemecko-46-fef6372e-300x225.jpg 300w, https:\/\/loudavymkrokem.cz\/wp-content\/uploads\/2026\/09\/nemecko-clanky-termaly-nemecko-46-fef6372e-700x525.jpg 700w, https:\/\/loudavymkrokem.cz\/wp-content\/uploads\/2026\/09\/nemecko-clanky-termaly-nemecko-46-fef6372e-768x576.jpg 768w, https:\/\/loudavymkrokem.cz\/wp-content\/uploads\/2026\/09\/nemecko-clanky-termaly-nemecko-46-fef6372e-1536x1152.jpg 1536w, https:\/\/loudavymkrokem.cz\/wp-content\/uploads\/2026\/09\/nemecko-clanky-termaly-nemecko-46-fef6372e-80x60.jpg 80w, https:\/\/loudavymkrokem.cz\/wp-content\/uploads\/2026\/09\/nemecko-clanky-termaly-nemecko-46-fef6372e-160x120.jpg 160w, https:\/\/loudavymkrokem.cz\/wp-content\/uploads\/2026\/09\/nemecko-clanky-termaly-nemecko-46-fef6372e-696x522.jpg 696w, https:\/\/loudavymkrokem.cz\/wp-content\/uploads\/2026\/09\/nemecko-clanky-termaly-nemecko-46-fef6372e-1392x1044.jpg 1392w\" sizes=\"(max-width: 1800px) 100vw, 1800px\" \/><button\n\t\t\tclass=\"lightbox-trigger\"\n\t\t\ttype=\"button\"\n\t\t\taria-haspopup=\"dialog\"\n\t\t\tdata-wp-bind--aria-label=\"state.thisImage.triggerButtonAriaLabel\"\n\t\t\tdata-wp-init=\"callbacks.initTriggerButton\"\n\t\t\tdata-wp-on--click=\"actions.showLightbox\"\n\t\t\tdata-wp-style--right=\"state.thisImage.buttonRight\"\n\t\t\tdata-wp-style--top=\"state.thisImage.buttonTop\"\n\t\t>\n\t\t\t<svg xmlns=\"http:\/\/www.w3.org\/2000\/svg\" width=\"12\" height=\"12\" fill=\"none\" viewBox=\"0 0 12 12\">\n\t\t\t\t<path fill=\"#fff\" d=\"M2 0a2 2 0 0 0-2 2v2h1.5V2a.5.5 0 0 1 .5-.5h2V0H2Zm2 10.5H2a.5.5 0 0 1-.5-.5V8H0v2a2 2 0 0 0 2 2h2v-1.5ZM8 12v-1.5h2a.5.5 0 0 0 .5-.5V8H12v2a2 2 0 0 1-2 2H8Zm2-12a2 2 0 0 1 2 2v2h-1.5V2a.5.5 0 0 0-.5-.5H8V0h2Z\" \/>\n\t\t\t<\/svg>\n\t\t<\/button><figcaption class=\"wp-element-caption\">Photo : WiesbAdler \/ Wikimedia Commons, domaine public<\/figcaption><\/figure>\n\n\n\n<h3 class=\"wp-block-heading\"><span class=\"ez-toc-section\" id=\"38_Kaiser-Friedrich-Therme_Wiesbaden\"><\/span>38. Kaiser-Friedrich-Therme (Wiesbaden)<span class=\"ez-toc-section-end\"><\/span><\/h3>\n\n\n\n<p class=\"wp-block-paragraph\">On reste \u00e0 Wiesbaden, mais on se d\u00e9place vers l&rsquo;unique b\u00e2timent historique du Kaiser-Friedrich-Therme. Ces bains ont \u00e9t\u00e9 construits entre 1910 et 1913 d&rsquo;apr\u00e8s le projet de l&rsquo;architecte August O. Pauly et <strong>ont un fort accent Art nouveau<\/strong>. D\u00e8s l&rsquo;entr\u00e9e, l&rsquo;atmosph\u00e8re des temps anciens t&rsquo;enveloppe et tu te sentiras comme une v\u00e9ritable noblesse au repos.<\/p>\n\n\n\n<p class=\"wp-block-paragraph\">L&rsquo;eau thermale locale est chaude, elle jaillit de la source <strong>\u00e0 une temp\u00e9rature de 64,6 \u00b0C<\/strong>, avant d&rsquo;\u00eatre refroidie pour les besoins des bains. Le c\u0153ur du complexe est un magnifique bain irlando-romain avec ses rev\u00eatements de mosa\u00efque d&rsquo;origine, restaur\u00e9 avec soin en 1999. Aujourd&rsquo;hui, tu trouves ici, sur une surface de 1 450 m\u00e8tres carr\u00e9s, un paysage sauna vari\u00e9.<\/p>\n\n\n\n<p class=\"wp-block-paragraph\">Tu peux te r\u00e9jouir d&rsquo;un sauna finlandais classique, d&rsquo;un tepidarium, d&rsquo;un sudatorium, d&rsquo;un sanarium, mais aussi d&rsquo;un <strong>bain de vapeur russe ou d&rsquo;un bain de vapeur en pierre sp\u00e9cial<\/strong>. Le complexe est con\u00e7u comme des bains historiques, on y vient donc avant tout pour une d\u00e9tente silencieuse et, pour les familles avec de jeunes enfants, ce n&rsquo;est pas le choix id\u00e9al. <strong>\ud83d\udca1 Astuce :<\/strong> Ne manque pas d&rsquo;observer en d\u00e9tail les magnifiques mosa\u00efques historiques de la partie irlando-romaine, qui figurent parmi les plus beaux \u00e9l\u00e9ments architecturaux de toute la Hesse.<\/p>\n\n\n\n<figure data-wp-context=\"{&quot;imageId&quot;:&quot;6a9c5ffc35dc6&quot;}\" data-wp-interactive=\"core\/image\" data-wp-key=\"6a9c5ffc35dc6\" class=\"wp-block-image size-full wp-lightbox-container\"><img decoding=\"async\" width=\"1800\" height=\"1012\" data-wp-class--hide=\"state.isContentHidden\" data-wp-class--show=\"state.isContentVisible\" data-wp-init=\"callbacks.setButtonStyles\" data-wp-on--click=\"actions.showLightbox\" data-wp-on--load=\"callbacks.setButtonStyles\" data-wp-on--pointerdown=\"actions.preloadImage\" data-wp-on--pointerenter=\"actions.preloadImageWithDelay\" data-wp-on--pointerleave=\"actions.cancelPreload\" data-wp-on-window--resize=\"callbacks.setButtonStyles\" src=\"https:\/\/loudavymkrokem.cz\/wp-content\/uploads\/2026\/09\/nemecko-clanky-termaly-nemecko-47-57afd95a-1.jpg\" alt=\"Le thermal Spreewald Therme \u00e0 Burg au coucher du soleil\" class=\"wp-image-415371\" title=\"\" srcset=\"https:\/\/loudavymkrokem.cz\/wp-content\/uploads\/2026\/09\/nemecko-clanky-termaly-nemecko-47-57afd95a-1.jpg 1800w, https:\/\/loudavymkrokem.cz\/wp-content\/uploads\/2026\/09\/nemecko-clanky-termaly-nemecko-47-57afd95a-1-300x169.jpg 300w, https:\/\/loudavymkrokem.cz\/wp-content\/uploads\/2026\/09\/nemecko-clanky-termaly-nemecko-47-57afd95a-1-700x394.jpg 700w, https:\/\/loudavymkrokem.cz\/wp-content\/uploads\/2026\/09\/nemecko-clanky-termaly-nemecko-47-57afd95a-1-768x432.jpg 768w, https:\/\/loudavymkrokem.cz\/wp-content\/uploads\/2026\/09\/nemecko-clanky-termaly-nemecko-47-57afd95a-1-1536x864.jpg 1536w, https:\/\/loudavymkrokem.cz\/wp-content\/uploads\/2026\/09\/nemecko-clanky-termaly-nemecko-47-57afd95a-1-696x391.jpg 696w, https:\/\/loudavymkrokem.cz\/wp-content\/uploads\/2026\/09\/nemecko-clanky-termaly-nemecko-47-57afd95a-1-1392x783.jpg 1392w\" sizes=\"(max-width: 1800px) 100vw, 1800px\" \/><button\n\t\t\tclass=\"lightbox-trigger\"\n\t\t\ttype=\"button\"\n\t\t\taria-haspopup=\"dialog\"\n\t\t\tdata-wp-bind--aria-label=\"state.thisImage.triggerButtonAriaLabel\"\n\t\t\tdata-wp-init=\"callbacks.initTriggerButton\"\n\t\t\tdata-wp-on--click=\"actions.showLightbox\"\n\t\t\tdata-wp-style--right=\"state.thisImage.buttonRight\"\n\t\t\tdata-wp-style--top=\"state.thisImage.buttonTop\"\n\t\t>\n\t\t\t<svg xmlns=\"http:\/\/www.w3.org\/2000\/svg\" width=\"12\" height=\"12\" fill=\"none\" viewBox=\"0 0 12 12\">\n\t\t\t\t<path fill=\"#fff\" d=\"M2 0a2 2 0 0 0-2 2v2h1.5V2a.5.5 0 0 1 .5-.5h2V0H2Zm2 10.5H2a.5.5 0 0 1-.5-.5V8H0v2a2 2 0 0 0 2 2h2v-1.5ZM8 12v-1.5h2a.5.5 0 0 0 .5-.5V8H12v2a2 2 0 0 1-2 2H8Zm2-12a2 2 0 0 1 2 2v2h-1.5V2a.5.5 0 0 0-.5-.5H8V0h2Z\" \/>\n\t\t\t<\/svg>\n\t\t<\/button><\/figure>\n\n\n\n<h2 class=\"wp-block-heading\"><span class=\"ez-toc-section\" id=\"Thermes_dans_le_Brandebourg_et_a_Berlin\"><\/span>Thermes dans le Brandebourg et \u00e0 Berlin<span class=\"ez-toc-section-end\"><\/span><\/h2>\n\n\n\n<p class=\"wp-block-paragraph\">Si tu pr\u00e9vois un week-end prolong\u00e9 dans la capitale allemande, ce serait dommage de ne pas t&rsquo;arr\u00eater dans l&rsquo;un des complexes bien-\u00eatre locaux. Les environs de Berlin et le Brandebourg voisin rec\u00e8lent en effet de v\u00e9ritables tr\u00e9sors, qui feront de ta escapade citadine une exp\u00e9rience de d\u00e9tente parfaite. Le trajet depuis Paris n&rsquo;y prend en plus que quelques heures, tu acc\u00e8des donc facilement \u00e0 l&rsquo;endroit m\u00eame pour une vir\u00e9e courte.<\/p>\n\n\n\n<p class=\"wp-block-paragraph\">Tu peux te r\u00e9jouir d&rsquo;une immense vari\u00e9t\u00e9 et de beaux complexes. Tu trouves ici le c\u00e9l\u00e8bre Spreewald avec sa saumure curative, le magnifique Havel Therme situ\u00e9 juste au bord d&rsquo;un lac, ou le fameux vabali spa berlinois, un immense univers sauna balinais en plein c\u0153ur de la capitale. Les thermes locaux conviennent aussi bien pour une escapade romantique \u00e0 deux que pour les familles avec enfants cherchant, apr\u00e8s une journ\u00e9e enti\u00e8re \u00e0 courir les monuments, un peu de repos m\u00e9rit\u00e9.<\/p>\n\n\n\n<figure data-wp-context=\"{&quot;imageId&quot;:&quot;6a9c5ffc36583&quot;}\" data-wp-interactive=\"core\/image\" data-wp-key=\"6a9c5ffc36583\" class=\"wp-block-image size-full wp-lightbox-container\"><img decoding=\"async\" width=\"1800\" height=\"1200\" data-wp-class--hide=\"state.isContentHidden\" data-wp-class--show=\"state.isContentVisible\" data-wp-init=\"callbacks.setButtonStyles\" data-wp-on--click=\"actions.showLightbox\" data-wp-on--load=\"callbacks.setButtonStyles\" data-wp-on--pointerdown=\"actions.preloadImage\" data-wp-on--pointerenter=\"actions.preloadImageWithDelay\" data-wp-on--pointerleave=\"actions.cancelPreload\" data-wp-on-window--resize=\"callbacks.setButtonStyles\" src=\"https:\/\/loudavymkrokem.cz\/wp-content\/uploads\/2026\/09\/nemecko-clanky-termaly-nemecko-48-a26adcb0-1.jpg\" alt=\"Havel Therme (Werder an der Havel)\" class=\"wp-image-415374\" title=\"\" srcset=\"https:\/\/loudavymkrokem.cz\/wp-content\/uploads\/2026\/09\/nemecko-clanky-termaly-nemecko-48-a26adcb0-1.jpg 1800w, https:\/\/loudavymkrokem.cz\/wp-content\/uploads\/2026\/09\/nemecko-clanky-termaly-nemecko-48-a26adcb0-1-300x200.jpg 300w, https:\/\/loudavymkrokem.cz\/wp-content\/uploads\/2026\/09\/nemecko-clanky-termaly-nemecko-48-a26adcb0-1-700x467.jpg 700w, https:\/\/loudavymkrokem.cz\/wp-content\/uploads\/2026\/09\/nemecko-clanky-termaly-nemecko-48-a26adcb0-1-768x512.jpg 768w, https:\/\/loudavymkrokem.cz\/wp-content\/uploads\/2026\/09\/nemecko-clanky-termaly-nemecko-48-a26adcb0-1-1536x1024.jpg 1536w, https:\/\/loudavymkrokem.cz\/wp-content\/uploads\/2026\/09\/nemecko-clanky-termaly-nemecko-48-a26adcb0-1-696x464.jpg 696w, https:\/\/loudavymkrokem.cz\/wp-content\/uploads\/2026\/09\/nemecko-clanky-termaly-nemecko-48-a26adcb0-1-1392x928.jpg 1392w\" sizes=\"(max-width: 1800px) 100vw, 1800px\" \/><button\n\t\t\tclass=\"lightbox-trigger\"\n\t\t\ttype=\"button\"\n\t\t\taria-haspopup=\"dialog\"\n\t\t\tdata-wp-bind--aria-label=\"state.thisImage.triggerButtonAriaLabel\"\n\t\t\tdata-wp-init=\"callbacks.initTriggerButton\"\n\t\t\tdata-wp-on--click=\"actions.showLightbox\"\n\t\t\tdata-wp-style--right=\"state.thisImage.buttonRight\"\n\t\t\tdata-wp-style--top=\"state.thisImage.buttonTop\"\n\t\t>\n\t\t\t<svg xmlns=\"http:\/\/www.w3.org\/2000\/svg\" width=\"12\" height=\"12\" fill=\"none\" viewBox=\"0 0 12 12\">\n\t\t\t\t<path fill=\"#fff\" d=\"M2 0a2 2 0 0 0-2 2v2h1.5V2a.5.5 0 0 1 .5-.5h2V0H2Zm2 10.5H2a.5.5 0 0 1-.5-.5V8H0v2a2 2 0 0 0 2 2h2v-1.5ZM8 12v-1.5h2a.5.5 0 0 0 .5-.5V8H12v2a2 2 0 0 1-2 2H8Zm2-12a2 2 0 0 1 2 2v2h-1.5V2a.5.5 0 0 0-.5-.5H8V0h2Z\" \/>\n\t\t\t<\/svg>\n\t\t<\/button><\/figure>\n\n\n\n<h3 class=\"wp-block-heading\"><span class=\"ez-toc-section\" id=\"39_Havel_Therme_Werder_an_der_Havel\"><\/span>39. Havel Therme (Werder an der Havel)<span class=\"ez-toc-section-end\"><\/span><\/h3>\n\n\n\n<p class=\"wp-block-paragraph\">Juste au-del\u00e0 des limites de Berlin, dans la petite ville de Werder, se trouve le <strong>Havel Therme<\/strong>, qui te s\u00e9duira par sa magnifique situation. L&rsquo;attrait principal est surtout un <strong>bassin int\u00e9rieur avec bar de piscine \u00e0 36 \u00b0C<\/strong>, o\u00f9 tu peux savourer un verre directement dans l&rsquo;eau. Tout le complexe est con\u00e7u dans un superbe style m\u00e9diterran\u00e9en et il ravira surtout les visiteurs adultes en qu\u00eate de calme et de d\u00e9tente apr\u00e8s une journ\u00e9e \u00e9prouvante.<\/p>\n\n\n\n<p class=\"wp-block-paragraph\">Les bassins locaux offrent plein d&rsquo;espace de repos dehors comme dedans. Par tous les temps, tu peux te plonger dans le grand <strong>bassin thermal ext\u00e9rieur de 235 m\u00b2 \u00e0 34 \u00b0C<\/strong>. Si tu adores la chaleur, ne manque pas non plus les bains de vapeur, o\u00f9 t&rsquo;attendent d&rsquo;agr\u00e9ables 45 \u00b0C, ou le bain sp\u00e9cial \u00e0 43 \u00b0C r\u00e9serv\u00e9 aux gommages r\u00e9g\u00e9n\u00e9rants et aux soins \u00e0 la boue curative.<\/p>\n\n\n\n<p class=\"wp-block-paragraph\">Pour les amateurs de sauna, un vaste univers sauna est pr\u00e9vu. Au milieu du jardin sauna m\u00e9diterran\u00e9en, tu trouves un <strong>bassin ext\u00e9rieur panoramique \u00e0 l&rsquo;eau chaude de 34 \u00b0C<\/strong>, o\u00f9 l&rsquo;on entre par contre strictement sans maillot. <strong>\ud83d\udca1 Astuce :<\/strong> Dans la partie sauna s&rsquo;applique une zone strictement sans maillot, n&rsquo;oublie donc pas de prendre assez de serviettes ou un peignoir, pour te sentir \u00e0 l&rsquo;aise en passant d&rsquo;un soin \u00e0 l&rsquo;autre.<\/p>\n\n\n\n<figure data-wp-context=\"{&quot;imageId&quot;:&quot;6a9c5ffc36c98&quot;}\" data-wp-interactive=\"core\/image\" data-wp-key=\"6a9c5ffc36c98\" class=\"wp-block-image size-full wp-lightbox-container\"><img decoding=\"async\" width=\"1800\" height=\"1199\" data-wp-class--hide=\"state.isContentHidden\" data-wp-class--show=\"state.isContentVisible\" data-wp-init=\"callbacks.setButtonStyles\" data-wp-on--click=\"actions.showLightbox\" data-wp-on--load=\"callbacks.setButtonStyles\" data-wp-on--pointerdown=\"actions.preloadImage\" data-wp-on--pointerenter=\"actions.preloadImageWithDelay\" data-wp-on--pointerleave=\"actions.cancelPreload\" data-wp-on-window--resize=\"callbacks.setButtonStyles\" src=\"https:\/\/loudavymkrokem.cz\/wp-content\/uploads\/2026\/09\/nemecko-clanky-termaly-nemecko-49-71f9a6ee-1.jpg\" alt=\"Spreewald Therme (Burg)\" class=\"wp-image-415377\" title=\"\" srcset=\"https:\/\/loudavymkrokem.cz\/wp-content\/uploads\/2026\/09\/nemecko-clanky-termaly-nemecko-49-71f9a6ee-1.jpg 1800w, https:\/\/loudavymkrokem.cz\/wp-content\/uploads\/2026\/09\/nemecko-clanky-termaly-nemecko-49-71f9a6ee-1-300x200.jpg 300w, https:\/\/loudavymkrokem.cz\/wp-content\/uploads\/2026\/09\/nemecko-clanky-termaly-nemecko-49-71f9a6ee-1-700x466.jpg 700w, https:\/\/loudavymkrokem.cz\/wp-content\/uploads\/2026\/09\/nemecko-clanky-termaly-nemecko-49-71f9a6ee-1-768x512.jpg 768w, https:\/\/loudavymkrokem.cz\/wp-content\/uploads\/2026\/09\/nemecko-clanky-termaly-nemecko-49-71f9a6ee-1-1536x1023.jpg 1536w, https:\/\/loudavymkrokem.cz\/wp-content\/uploads\/2026\/09\/nemecko-clanky-termaly-nemecko-49-71f9a6ee-1-696x464.jpg 696w, https:\/\/loudavymkrokem.cz\/wp-content\/uploads\/2026\/09\/nemecko-clanky-termaly-nemecko-49-71f9a6ee-1-1392x927.jpg 1392w\" sizes=\"(max-width: 1800px) 100vw, 1800px\" \/><button\n\t\t\tclass=\"lightbox-trigger\"\n\t\t\ttype=\"button\"\n\t\t\taria-haspopup=\"dialog\"\n\t\t\tdata-wp-bind--aria-label=\"state.thisImage.triggerButtonAriaLabel\"\n\t\t\tdata-wp-init=\"callbacks.initTriggerButton\"\n\t\t\tdata-wp-on--click=\"actions.showLightbox\"\n\t\t\tdata-wp-style--right=\"state.thisImage.buttonRight\"\n\t\t\tdata-wp-style--top=\"state.thisImage.buttonTop\"\n\t\t>\n\t\t\t<svg xmlns=\"http:\/\/www.w3.org\/2000\/svg\" width=\"12\" height=\"12\" fill=\"none\" viewBox=\"0 0 12 12\">\n\t\t\t\t<path fill=\"#fff\" d=\"M2 0a2 2 0 0 0-2 2v2h1.5V2a.5.5 0 0 1 .5-.5h2V0H2Zm2 10.5H2a.5.5 0 0 1-.5-.5V8H0v2a2 2 0 0 0 2 2h2v-1.5ZM8 12v-1.5h2a.5.5 0 0 0 .5-.5V8H12v2a2 2 0 0 1-2 2H8Zm2-12a2 2 0 0 1 2 2v2h-1.5V2a.5.5 0 0 0-.5-.5H8V0h2Z\" \/>\n\t\t\t<\/svg>\n\t\t<\/button><\/figure>\n\n\n\n<h3 class=\"wp-block-heading\"><span class=\"ez-toc-section\" id=\"40_Spreewald_Therme_Burg\"><\/span>40. Spreewald Therme (Burg)<span class=\"ez-toc-section-end\"><\/span><\/h3>\n\n\n\n<p class=\"wp-block-paragraph\">Si tu te diriges vers cette r\u00e9gion magique pleine de canaux, ne manque pas le <strong>Spreewald Therme<\/strong> dans le village de Burg. Ce complexe se distingue surtout par une <strong>saumure thermale curative<\/strong>, dont la concentration dans les diff\u00e9rents bassins va de 2,5 % \u00e0 d&rsquo;impressionnants 8 %. C&rsquo;est un endroit id\u00e9al pour tous ceux qui veulent allier des excursions dans une nature pittoresque et le soin de leur sant\u00e9 et de leurs voies respiratoires.<\/p>\n\n\n\n<p class=\"wp-block-paragraph\">\u00c0 l&rsquo;int\u00e9rieur t&rsquo;attendent plusieurs bassins \u00e0 temp\u00e9ratures vari\u00e9es, si bien que chacun trouve exactement ce qui lui convient. Tu peux te r\u00e9chauffer dans des bassins \u00e0 une temp\u00e9rature <strong>de 34 \u00b0C jusqu&rsquo;\u00e0 de belles et chaudes 38 \u00b0C<\/strong>, ou au contraire te rafra\u00eechir dans un petit bassin froid, qui n&rsquo;a que 18 \u00b0C. Si tu aimes tester des nouveaut\u00e9s, le sauna de vapeur local t&rsquo;int\u00e9ressera, o\u00f9, \u00e0 une temp\u00e9rature de 47 \u00b0C, une humidit\u00e9 de 100 % est maintenue.<\/p>\n\n\n\n<p class=\"wp-block-paragraph\">D&rsquo;apr\u00e8s le tarif 2026, le billet de base de deux heures aux bassins revient \u00e0 21 \u20ac, tandis que le <strong>billet combin\u00e9 avec les saunas co\u00fbte 27 \u20ac<\/strong>. Les week-ends et jours f\u00e9ri\u00e9s, compte un suppl\u00e9ment de 2 \u20ac et tu peux aussi y louer un peignoir \u00e0 7 \u20ac ou r\u00e9server un transat \u00e0 7,50 \u20ac. <strong>\ud83d\udca1 Astuce :<\/strong> Si tu comptes voyager avec le r\u00e9seau local Cottbusverkehr, renseigne-toi sur le Wellnessticket sp\u00e9cial, qui revient \u00e0 23 \u20ac pour un adulte et \u00e0 17 \u20ac pour les enfants de moins de douze ans.<\/p>\n\n\n\n<figure data-wp-context=\"{&quot;imageId&quot;:&quot;6a9c5ffc374dd&quot;}\" data-wp-interactive=\"core\/image\" data-wp-key=\"6a9c5ffc374dd\" class=\"wp-block-image size-full wp-lightbox-container\"><img decoding=\"async\" width=\"1800\" height=\"881\" data-wp-class--hide=\"state.isContentHidden\" data-wp-class--show=\"state.isContentVisible\" data-wp-init=\"callbacks.setButtonStyles\" data-wp-on--click=\"actions.showLightbox\" data-wp-on--load=\"callbacks.setButtonStyles\" data-wp-on--pointerdown=\"actions.preloadImage\" data-wp-on--pointerenter=\"actions.preloadImageWithDelay\" data-wp-on--pointerleave=\"actions.cancelPreload\" data-wp-on-window--resize=\"callbacks.setButtonStyles\" src=\"https:\/\/loudavymkrokem.cz\/wp-content\/uploads\/2026\/09\/nemecko-clanky-termaly-nemecko-50-ecf98ec5-1.jpg\" alt=\"NaturThermeTemplin (Templin) : partie sauna\" class=\"wp-image-415380\" title=\"\" srcset=\"https:\/\/loudavymkrokem.cz\/wp-content\/uploads\/2026\/09\/nemecko-clanky-termaly-nemecko-50-ecf98ec5-1.jpg 1800w, https:\/\/loudavymkrokem.cz\/wp-content\/uploads\/2026\/09\/nemecko-clanky-termaly-nemecko-50-ecf98ec5-1-300x147.jpg 300w, https:\/\/loudavymkrokem.cz\/wp-content\/uploads\/2026\/09\/nemecko-clanky-termaly-nemecko-50-ecf98ec5-1-700x343.jpg 700w, https:\/\/loudavymkrokem.cz\/wp-content\/uploads\/2026\/09\/nemecko-clanky-termaly-nemecko-50-ecf98ec5-1-768x376.jpg 768w, https:\/\/loudavymkrokem.cz\/wp-content\/uploads\/2026\/09\/nemecko-clanky-termaly-nemecko-50-ecf98ec5-1-1536x752.jpg 1536w, https:\/\/loudavymkrokem.cz\/wp-content\/uploads\/2026\/09\/nemecko-clanky-termaly-nemecko-50-ecf98ec5-1-696x341.jpg 696w, https:\/\/loudavymkrokem.cz\/wp-content\/uploads\/2026\/09\/nemecko-clanky-termaly-nemecko-50-ecf98ec5-1-1392x681.jpg 1392w\" sizes=\"(max-width: 1800px) 100vw, 1800px\" \/><button\n\t\t\tclass=\"lightbox-trigger\"\n\t\t\ttype=\"button\"\n\t\t\taria-haspopup=\"dialog\"\n\t\t\tdata-wp-bind--aria-label=\"state.thisImage.triggerButtonAriaLabel\"\n\t\t\tdata-wp-init=\"callbacks.initTriggerButton\"\n\t\t\tdata-wp-on--click=\"actions.showLightbox\"\n\t\t\tdata-wp-style--right=\"state.thisImage.buttonRight\"\n\t\t\tdata-wp-style--top=\"state.thisImage.buttonTop\"\n\t\t>\n\t\t\t<svg xmlns=\"http:\/\/www.w3.org\/2000\/svg\" width=\"12\" height=\"12\" fill=\"none\" viewBox=\"0 0 12 12\">\n\t\t\t\t<path fill=\"#fff\" d=\"M2 0a2 2 0 0 0-2 2v2h1.5V2a.5.5 0 0 1 .5-.5h2V0H2Zm2 10.5H2a.5.5 0 0 1-.5-.5V8H0v2a2 2 0 0 0 2 2h2v-1.5ZM8 12v-1.5h2a.5.5 0 0 0 .5-.5V8H12v2a2 2 0 0 1-2 2H8Zm2-12a2 2 0 0 1 2 2v2h-1.5V2a.5.5 0 0 0-.5-.5H8V0h2Z\" \/>\n\t\t\t<\/svg>\n\t\t<\/button><\/figure>\n\n\n\n<h3 class=\"wp-block-heading\"><span class=\"ez-toc-section\" id=\"41_NaturThermeTemplin_Templin\"><\/span>41. NaturThermeTemplin (Templin)<span class=\"ez-toc-section-end\"><\/span><\/h3>\n\n\n\n<p class=\"wp-block-paragraph\">Dans la partie nord-est du Brandebourg, le <strong>NaturThermeTemplin<\/strong> invite \u00e0 la visite, un complexe thermal et de loisirs appr\u00e9ci\u00e9 au milieu des for\u00eats de l&rsquo;Uckermark. L&rsquo;attrait principal est ici la <strong>saumure thermale \u00e0 une concentration de 1 \u00e0 6 %<\/strong>, qui jaillit profond\u00e9ment sous terre et atteint des temp\u00e9ratures agr\u00e9ables de 30 \u00e0 36 \u00b0C. C&rsquo;est un excellent choix pour les familles comme pour les couples, car le complexe combine thermalisme paisible et repos plus actif.<\/p>\n\n\n\n<p class=\"wp-block-paragraph\">L&rsquo;eau de la source locale r\u00e9pond aux crit\u00e8res stricts pour l&rsquo;appellation d&rsquo;eau thermale curative, car d\u00e8s le jaillissement elle a une temp\u00e9rature sup\u00e9rieure \u00e0 20 \u00b0C. Apr\u00e8s traitement, tu peux ainsi profiter des <strong>bienfaits de l&rsquo;eau sal\u00e9e chaude<\/strong>, qui porte joliment et d\u00e9tend les muscles fatigu\u00e9s. On peut passer une journ\u00e9e enti\u00e8re dans le complexe, car il offre suffisamment d&rsquo;espace pour nager, se d\u00e9tendre et se r\u00e9chauffer.<\/p>\n\n\n\n<p class=\"wp-block-paragraph\">Le tarif 2026 indique que pour passer \u00e0 l&rsquo;univers sauna tu paieras un <strong>suppl\u00e9ment unique de 4 \u20ac<\/strong>. Si tu viens le week-end ou les jours f\u00e9ri\u00e9s, compte encore un suppl\u00e9ment week-end de 3 \u20ac, qui ne s&rsquo;applique cependant qu&rsquo;aux visiteurs adultes. <strong>\ud83d\udca1 Astuce :<\/strong> Surveille attentivement les pr\u00e9visions m\u00e9t\u00e9o, car si les m\u00e9t\u00e9orologues annoncent 25 \u00b0C ou plus, un tarif d&rsquo;\u00e9t\u00e9 plus avantageux s&rsquo;applique aux thermes.<\/p>\n\n\n\n<figure data-wp-context=\"{&quot;imageId&quot;:&quot;6a9c5ffc37c42&quot;}\" data-wp-interactive=\"core\/image\" data-wp-key=\"6a9c5ffc37c42\" class=\"wp-block-image size-full wp-lightbox-container\"><img decoding=\"async\" width=\"1800\" height=\"900\" data-wp-class--hide=\"state.isContentHidden\" data-wp-class--show=\"state.isContentVisible\" data-wp-init=\"callbacks.setButtonStyles\" data-wp-on--click=\"actions.showLightbox\" data-wp-on--load=\"callbacks.setButtonStyles\" data-wp-on--pointerdown=\"actions.preloadImage\" data-wp-on--pointerenter=\"actions.preloadImageWithDelay\" data-wp-on--pointerleave=\"actions.cancelPreload\" data-wp-on-window--resize=\"callbacks.setButtonStyles\" src=\"https:\/\/loudavymkrokem.cz\/wp-content\/uploads\/2026\/09\/nemecko-clanky-termaly-nemecko-51-a4b55ee4-1.jpg\" alt=\"Partie sauna du Spreewelten Bad \u00e0 L\u00fcbbenau\" class=\"wp-image-415385\" title=\"\" srcset=\"https:\/\/loudavymkrokem.cz\/wp-content\/uploads\/2026\/09\/nemecko-clanky-termaly-nemecko-51-a4b55ee4-1.jpg 1800w, https:\/\/loudavymkrokem.cz\/wp-content\/uploads\/2026\/09\/nemecko-clanky-termaly-nemecko-51-a4b55ee4-1-300x150.jpg 300w, https:\/\/loudavymkrokem.cz\/wp-content\/uploads\/2026\/09\/nemecko-clanky-termaly-nemecko-51-a4b55ee4-1-700x350.jpg 700w, https:\/\/loudavymkrokem.cz\/wp-content\/uploads\/2026\/09\/nemecko-clanky-termaly-nemecko-51-a4b55ee4-1-768x384.jpg 768w, https:\/\/loudavymkrokem.cz\/wp-content\/uploads\/2026\/09\/nemecko-clanky-termaly-nemecko-51-a4b55ee4-1-1536x768.jpg 1536w, https:\/\/loudavymkrokem.cz\/wp-content\/uploads\/2026\/09\/nemecko-clanky-termaly-nemecko-51-a4b55ee4-1-696x348.jpg 696w, https:\/\/loudavymkrokem.cz\/wp-content\/uploads\/2026\/09\/nemecko-clanky-termaly-nemecko-51-a4b55ee4-1-1392x696.jpg 1392w\" sizes=\"(max-width: 1800px) 100vw, 1800px\" \/><button\n\t\t\tclass=\"lightbox-trigger\"\n\t\t\ttype=\"button\"\n\t\t\taria-haspopup=\"dialog\"\n\t\t\tdata-wp-bind--aria-label=\"state.thisImage.triggerButtonAriaLabel\"\n\t\t\tdata-wp-init=\"callbacks.initTriggerButton\"\n\t\t\tdata-wp-on--click=\"actions.showLightbox\"\n\t\t\tdata-wp-style--right=\"state.thisImage.buttonRight\"\n\t\t\tdata-wp-style--top=\"state.thisImage.buttonTop\"\n\t\t>\n\t\t\t<svg xmlns=\"http:\/\/www.w3.org\/2000\/svg\" width=\"12\" height=\"12\" fill=\"none\" viewBox=\"0 0 12 12\">\n\t\t\t\t<path fill=\"#fff\" d=\"M2 0a2 2 0 0 0-2 2v2h1.5V2a.5.5 0 0 1 .5-.5h2V0H2Zm2 10.5H2a.5.5 0 0 1-.5-.5V8H0v2a2 2 0 0 0 2 2h2v-1.5ZM8 12v-1.5h2a.5.5 0 0 0 .5-.5V8H12v2a2 2 0 0 1-2 2H8Zm2-12a2 2 0 0 1 2 2v2h-1.5V2a.5.5 0 0 0-.5-.5H8V0h2Z\" \/>\n\t\t\t<\/svg>\n\t\t<\/button><\/figure>\n\n\n\n<h3 class=\"wp-block-heading\"><span class=\"ez-toc-section\" id=\"42_Spreewelten_Bad_Lubbenau_Lubbenau\"><\/span>42. Spreewelten Bad L\u00fcbbenau (L\u00fcbbenau)<span class=\"ez-toc-section-end\"><\/span><\/h3>\n\n\n\n<p class=\"wp-block-paragraph\">C&rsquo;est le thermal le plus original de tout ce panorama, car les exploitants disent eux-m\u00eames : <strong>\u00ab nous sommes ceux avec les manchots \u00bb<\/strong>. Dans le complexe de L\u00fcbbenau, le bassin jouxte en effet un enclos \u00e0 manchots, s\u00e9par\u00e9s seulement par des parois vitr\u00e9es, si bien qu&rsquo;en nageant tu as ces oiseaux \u00e0 port\u00e9e de main. Pour les familles avec enfants, c&rsquo;est une exp\u00e9rience impossible \u00e0 reproduire ailleurs en Allemagne.<\/p>\n\n\n\n<p class=\"wp-block-paragraph\">Tout un programme est construit autour des manchots : on organise un <strong>nourrissage comment\u00e9 et une visite VIP de l&rsquo;enclos<\/strong>, et les plus jeunes ont leur Pingu Kids Club. Mais outre le bassin d&rsquo;aventure et le toboggan, il fonctionne aussi ici un univers sauna \u00e0 part enti\u00e8re avec une tr\u00e8s large gamme de temp\u00e9ratures, les adultes ne sont donc pas l\u00e9s\u00e9s. Le complexe comprend aussi son propre h\u00f4tel avec espace bien-\u00eatre, si tu veux rester pour la nuit.<\/p>\n\n\n\n<p class=\"wp-block-paragraph\">Tu peux choisir de douces chauffes \u00e0 <strong>40 \u00e0 50 \u00b0C<\/strong>, en passant par des saunas moyennement chauds \u00e0 60, 70 et 80 \u00b0C, jusqu&rsquo;aux vrais fourneaux \u00e0 85 et <strong>95 \u00b0C<\/strong>. Dans l&rsquo;univers sauna, les enfants ne sont admis qu&rsquo;\u00e0 partir de 7 ans et leur entr\u00e9e journ\u00e9e est factur\u00e9e 8 euros. <strong>\ud83d\udca1 Astuce :<\/strong> Si tu veux voir les manchots actifs, planifie ta visite \u00e0 l&rsquo;heure du nourrissage, que l&rsquo;exploitant affiche sur son site.<\/p>\n\n\n\n<figure data-wp-context=\"{&quot;imageId&quot;:&quot;6a9c5ffc383ca&quot;}\" data-wp-interactive=\"core\/image\" data-wp-key=\"6a9c5ffc383ca\" class=\"wp-block-image size-full wp-lightbox-container\"><img decoding=\"async\" width=\"1800\" height=\"852\" data-wp-class--hide=\"state.isContentHidden\" data-wp-class--show=\"state.isContentVisible\" data-wp-init=\"callbacks.setButtonStyles\" data-wp-on--click=\"actions.showLightbox\" data-wp-on--load=\"callbacks.setButtonStyles\" data-wp-on--pointerdown=\"actions.preloadImage\" data-wp-on--pointerenter=\"actions.preloadImageWithDelay\" data-wp-on--pointerleave=\"actions.cancelPreload\" data-wp-on-window--resize=\"callbacks.setButtonStyles\" src=\"https:\/\/loudavymkrokem.cz\/wp-content\/uploads\/2026\/09\/nemecko-clanky-termaly-nemecko-52-6414cd66.jpg\" alt=\"Lac sal\u00e9 ext\u00e9rieur du Kristalltherme \u00e0 Bad Wilsnack\" class=\"wp-image-415515\" title=\"\" srcset=\"https:\/\/loudavymkrokem.cz\/wp-content\/uploads\/2026\/09\/nemecko-clanky-termaly-nemecko-52-6414cd66.jpg 1800w, https:\/\/loudavymkrokem.cz\/wp-content\/uploads\/2026\/09\/nemecko-clanky-termaly-nemecko-52-6414cd66-300x142.jpg 300w, https:\/\/loudavymkrokem.cz\/wp-content\/uploads\/2026\/09\/nemecko-clanky-termaly-nemecko-52-6414cd66-700x331.jpg 700w, https:\/\/loudavymkrokem.cz\/wp-content\/uploads\/2026\/09\/nemecko-clanky-termaly-nemecko-52-6414cd66-768x364.jpg 768w, https:\/\/loudavymkrokem.cz\/wp-content\/uploads\/2026\/09\/nemecko-clanky-termaly-nemecko-52-6414cd66-1536x727.jpg 1536w, https:\/\/loudavymkrokem.cz\/wp-content\/uploads\/2026\/09\/nemecko-clanky-termaly-nemecko-52-6414cd66-696x329.jpg 696w, https:\/\/loudavymkrokem.cz\/wp-content\/uploads\/2026\/09\/nemecko-clanky-termaly-nemecko-52-6414cd66-1392x659.jpg 1392w\" sizes=\"(max-width: 1800px) 100vw, 1800px\" \/><button\n\t\t\tclass=\"lightbox-trigger\"\n\t\t\ttype=\"button\"\n\t\t\taria-haspopup=\"dialog\"\n\t\t\tdata-wp-bind--aria-label=\"state.thisImage.triggerButtonAriaLabel\"\n\t\t\tdata-wp-init=\"callbacks.initTriggerButton\"\n\t\t\tdata-wp-on--click=\"actions.showLightbox\"\n\t\t\tdata-wp-style--right=\"state.thisImage.buttonRight\"\n\t\t\tdata-wp-style--top=\"state.thisImage.buttonTop\"\n\t\t>\n\t\t\t<svg xmlns=\"http:\/\/www.w3.org\/2000\/svg\" width=\"12\" height=\"12\" fill=\"none\" viewBox=\"0 0 12 12\">\n\t\t\t\t<path fill=\"#fff\" d=\"M2 0a2 2 0 0 0-2 2v2h1.5V2a.5.5 0 0 1 .5-.5h2V0H2Zm2 10.5H2a.5.5 0 0 1-.5-.5V8H0v2a2 2 0 0 0 2 2h2v-1.5ZM8 12v-1.5h2a.5.5 0 0 0 .5-.5V8H12v2a2 2 0 0 1-2 2H8Zm2-12a2 2 0 0 1 2 2v2h-1.5V2a.5.5 0 0 0-.5-.5H8V0h2Z\" \/>\n\t\t\t<\/svg>\n\t\t<\/button><\/figure>\n\n\n\n<h3 class=\"wp-block-heading\"><span class=\"ez-toc-section\" id=\"43_Kristalltherme_Bad_Wilsnack_Bad_Wilsnack\"><\/span>43. Kristalltherme Bad Wilsnack (Bad Wilsnack)<span class=\"ez-toc-section-end\"><\/span><\/h3>\n\n\n\n<p class=\"wp-block-paragraph\">Un immense complexe d&rsquo;une surface de pr\u00e8s de 12 000 m\u00b2, c&rsquo;est ce que propose le c\u00e9l\u00e8bre <strong>Kristalltherme Bad Wilsnack<\/strong>. Sa fiert\u00e9 absolue est sa propre source thermale, puis\u00e9e \u00e0 une profondeur impressionnante de 1 018 m\u00e8tres et jaillissant en surface \u00e0 une temp\u00e9rature de 39 \u00b0C. L&rsquo;<strong>eau contient une grande quantit\u00e9 de fer et d&rsquo;iode<\/strong> et, gr\u00e2ce \u00e0 une concentration en sel de 1,5 % \u00e0 24 %, tu te baignes ici litt\u00e9ralement dans la sant\u00e9.<\/p>\n\n\n\n<p class=\"wp-block-paragraph\">Tu trouves ici un bassin \u00e0 24 % de concentration en sel et une temp\u00e9rature de 32 \u00b0C, dans lequel tu flotteras comme dans la mer Morte. Les autres bassins d&rsquo;eau curative ont g\u00e9n\u00e9ralement d&rsquo;agr\u00e9ables 34 \u00e0 36 \u00b0C et les min\u00e9raux y agissent comme un <strong>gommage naturel pour adoucir la peau<\/strong>. Dans l&rsquo;eau \u00e0 34 degr\u00e9s \u00e0 teneur en sel plus faible se d\u00e9roulent m\u00eame des exercices r\u00e9guliers sous la conduite d&rsquo;entra\u00eeneurs exp\u00e9riment\u00e9s.<\/p>\n\n\n\n<p class=\"wp-block-paragraph\">Tu peux te r\u00e9chauffer au total dans 8 saunas th\u00e9matiques \u00e0 des temp\u00e9ratures de 70 \u00e0 100 \u00b0C, trois \u00e0 l&rsquo;int\u00e9rieur et cinq \u00e0 l&rsquo;ext\u00e9rieur. D&rsquo;apr\u00e8s le tarif 2026, tu paieras pour le <strong>suppl\u00e9ment sauna au billet journ\u00e9e 5,50 \u20ac<\/strong>, les enfants de moins de 6 ans payant 4,50 \u20ac. <strong>\ud83d\udca1 Astuce :<\/strong> Si tu ne veux pas transporter un sac plein de linge, tu peux louer sur place une serviette \u00e0 5 \u20ac ou un peignoir \u00e0 7 \u20ac, pr\u00e9vois juste en plus 15 \u20ac de caution remboursable.<\/p>\n\n\n\n<figure data-wp-context=\"{&quot;imageId&quot;:&quot;6a9c5ffc388a0&quot;}\" data-wp-interactive=\"core\/image\" data-wp-key=\"6a9c5ffc388a0\" class=\"wp-block-image size-full wp-lightbox-container\"><img decoding=\"async\" width=\"1800\" height=\"1199\" data-wp-class--hide=\"state.isContentHidden\" data-wp-class--show=\"state.isContentVisible\" data-wp-init=\"callbacks.setButtonStyles\" data-wp-on--click=\"actions.showLightbox\" data-wp-on--load=\"callbacks.setButtonStyles\" data-wp-on--pointerdown=\"actions.preloadImage\" data-wp-on--pointerenter=\"actions.preloadImageWithDelay\" data-wp-on--pointerleave=\"actions.cancelPreload\" data-wp-on-window--resize=\"callbacks.setButtonStyles\" src=\"https:\/\/loudavymkrokem.cz\/wp-content\/uploads\/2026\/09\/nemecko-clanky-termaly-nemecko-53-7b17d971-1.jpg\" alt=\"vabali spa Berlin (Berlin)\" class=\"wp-image-415394\" title=\"\" srcset=\"https:\/\/loudavymkrokem.cz\/wp-content\/uploads\/2026\/09\/nemecko-clanky-termaly-nemecko-53-7b17d971-1.jpg 1800w, https:\/\/loudavymkrokem.cz\/wp-content\/uploads\/2026\/09\/nemecko-clanky-termaly-nemecko-53-7b17d971-1-300x200.jpg 300w, https:\/\/loudavymkrokem.cz\/wp-content\/uploads\/2026\/09\/nemecko-clanky-termaly-nemecko-53-7b17d971-1-700x466.jpg 700w, https:\/\/loudavymkrokem.cz\/wp-content\/uploads\/2026\/09\/nemecko-clanky-termaly-nemecko-53-7b17d971-1-768x512.jpg 768w, https:\/\/loudavymkrokem.cz\/wp-content\/uploads\/2026\/09\/nemecko-clanky-termaly-nemecko-53-7b17d971-1-1536x1023.jpg 1536w, https:\/\/loudavymkrokem.cz\/wp-content\/uploads\/2026\/09\/nemecko-clanky-termaly-nemecko-53-7b17d971-1-696x464.jpg 696w, https:\/\/loudavymkrokem.cz\/wp-content\/uploads\/2026\/09\/nemecko-clanky-termaly-nemecko-53-7b17d971-1-1392x927.jpg 1392w\" sizes=\"(max-width: 1800px) 100vw, 1800px\" \/><button\n\t\t\tclass=\"lightbox-trigger\"\n\t\t\ttype=\"button\"\n\t\t\taria-haspopup=\"dialog\"\n\t\t\tdata-wp-bind--aria-label=\"state.thisImage.triggerButtonAriaLabel\"\n\t\t\tdata-wp-init=\"callbacks.initTriggerButton\"\n\t\t\tdata-wp-on--click=\"actions.showLightbox\"\n\t\t\tdata-wp-style--right=\"state.thisImage.buttonRight\"\n\t\t\tdata-wp-style--top=\"state.thisImage.buttonTop\"\n\t\t>\n\t\t\t<svg xmlns=\"http:\/\/www.w3.org\/2000\/svg\" width=\"12\" height=\"12\" fill=\"none\" viewBox=\"0 0 12 12\">\n\t\t\t\t<path fill=\"#fff\" d=\"M2 0a2 2 0 0 0-2 2v2h1.5V2a.5.5 0 0 1 .5-.5h2V0H2Zm2 10.5H2a.5.5 0 0 1-.5-.5V8H0v2a2 2 0 0 0 2 2h2v-1.5ZM8 12v-1.5h2a.5.5 0 0 0 .5-.5V8H12v2a2 2 0 0 1-2 2H8Zm2-12a2 2 0 0 1 2 2v2h-1.5V2a.5.5 0 0 0-.5-.5H8V0h2Z\" \/>\n\t\t\t<\/svg>\n\t\t<\/button><\/figure>\n\n\n\n<h3 class=\"wp-block-heading\"><span class=\"ez-toc-section\" id=\"44_vabali_spa_Berlin_Berlin\"><\/span>44. vabali spa Berlin (Berlin)<span class=\"ez-toc-section-end\"><\/span><\/h3>\n\n\n\n<p class=\"wp-block-paragraph\">Si tu cherches \u00e0 fuir l&rsquo;agitation de la grande ville, dirige-toi vers le <strong>vabali spa Berlin<\/strong>, situ\u00e9 en plein c\u0153ur de la m\u00e9tropole allemande. Ce complexe unique est con\u00e7u comme une <strong>authentique oasis wellness balinaise<\/strong>, o\u00f9 t&rsquo;entourent des constructions en bois traditionnelles, des sculptures et des mat\u00e9riaux import\u00e9s directement d&rsquo;Indon\u00e9sie. Le cadre local est enti\u00e8rement ax\u00e9 sur le calme et les visiteurs adultes, oublie donc les toboggans et les cris d&rsquo;enfants.<\/p>\n\n\n\n<p class=\"wp-block-paragraph\">Le complexe propose <strong>13 saunas et bains de vapeur<\/strong>, compl\u00e9t\u00e9s par 4 bassins rafra\u00eechissants. Le choix est vari\u00e9 et satisfera tout saunaste. Tu peux tester le sauna panoramique Pandangan ou le sauna de m\u00e9ditation Jiwa \u00e0 d&rsquo;agr\u00e9ables 70 \u00b0C, ou encore le sauna de bouleau Kayu. Pour les amateurs de temp\u00e9ratures plus \u00e9lev\u00e9es, les saunas Aufguss Awan, Di Luar ou Di Dalam sont pr\u00e9vus, o\u00f9 le thermom\u00e8tre indique environ 80 \u00b0C.<\/p>\n\n\n\n<p class=\"wp-block-paragraph\">Pour une chauffe plus douce, le sauna aux herbes Bali Boreh \u00e0 70 \u00b0C ou le doux laconium chauff\u00e9 \u00e0 45 \u00b0C font l&rsquo;affaire. D&rsquo;apr\u00e8s le tarif 2026, une <strong>entr\u00e9e de quatre heures te revient en semaine \u00e0 36,50 \u20ac<\/strong>, tandis que les week-ends et jours f\u00e9ri\u00e9s tu paieras 39,50 \u20ac. <strong>\ud83d\udca1 Astuce :<\/strong> Ce complexe berlinois appr\u00e9ci\u00e9 est souvent tr\u00e8s bond\u00e9 le week-end, viens donc id\u00e9alement d\u00e8s le matin ou en semaine, pour savourer l&rsquo;atmosph\u00e8re balinaise dans un bien plus grand calme.<\/p>\n\n\n\n<figure data-wp-context=\"{&quot;imageId&quot;:&quot;6a9c5ffc38e99&quot;}\" data-wp-interactive=\"core\/image\" data-wp-key=\"6a9c5ffc38e99\" class=\"wp-block-image size-full wp-lightbox-container\"><img decoding=\"async\" width=\"1800\" height=\"1348\" data-wp-class--hide=\"state.isContentHidden\" data-wp-class--show=\"state.isContentVisible\" data-wp-init=\"callbacks.setButtonStyles\" data-wp-on--click=\"actions.showLightbox\" data-wp-on--load=\"callbacks.setButtonStyles\" data-wp-on--pointerdown=\"actions.preloadImage\" data-wp-on--pointerenter=\"actions.preloadImageWithDelay\" data-wp-on--pointerleave=\"actions.cancelPreload\" data-wp-on-window--resize=\"callbacks.setButtonStyles\" src=\"https:\/\/loudavymkrokem.cz\/wp-content\/uploads\/2026\/09\/nemecko-clanky-termaly-nemecko-54-eb39270c-1.jpg\" alt=\"B\u00e2timent de l&#039;Ostsee-Therme \u00e0 Scharbeutz au bord de la mer Baltique\" class=\"wp-image-415398\" title=\"\" srcset=\"https:\/\/loudavymkrokem.cz\/wp-content\/uploads\/2026\/09\/nemecko-clanky-termaly-nemecko-54-eb39270c-1.jpg 1800w, https:\/\/loudavymkrokem.cz\/wp-content\/uploads\/2026\/09\/nemecko-clanky-termaly-nemecko-54-eb39270c-1-300x225.jpg 300w, https:\/\/loudavymkrokem.cz\/wp-content\/uploads\/2026\/09\/nemecko-clanky-termaly-nemecko-54-eb39270c-1-700x524.jpg 700w, https:\/\/loudavymkrokem.cz\/wp-content\/uploads\/2026\/09\/nemecko-clanky-termaly-nemecko-54-eb39270c-1-768x575.jpg 768w, https:\/\/loudavymkrokem.cz\/wp-content\/uploads\/2026\/09\/nemecko-clanky-termaly-nemecko-54-eb39270c-1-1536x1150.jpg 1536w, https:\/\/loudavymkrokem.cz\/wp-content\/uploads\/2026\/09\/nemecko-clanky-termaly-nemecko-54-eb39270c-1-80x60.jpg 80w, https:\/\/loudavymkrokem.cz\/wp-content\/uploads\/2026\/09\/nemecko-clanky-termaly-nemecko-54-eb39270c-1-160x120.jpg 160w, https:\/\/loudavymkrokem.cz\/wp-content\/uploads\/2026\/09\/nemecko-clanky-termaly-nemecko-54-eb39270c-1-696x521.jpg 696w, https:\/\/loudavymkrokem.cz\/wp-content\/uploads\/2026\/09\/nemecko-clanky-termaly-nemecko-54-eb39270c-1-1392x1042.jpg 1392w\" sizes=\"(max-width: 1800px) 100vw, 1800px\" \/><button\n\t\t\tclass=\"lightbox-trigger\"\n\t\t\ttype=\"button\"\n\t\t\taria-haspopup=\"dialog\"\n\t\t\tdata-wp-bind--aria-label=\"state.thisImage.triggerButtonAriaLabel\"\n\t\t\tdata-wp-init=\"callbacks.initTriggerButton\"\n\t\t\tdata-wp-on--click=\"actions.showLightbox\"\n\t\t\tdata-wp-style--right=\"state.thisImage.buttonRight\"\n\t\t\tdata-wp-style--top=\"state.thisImage.buttonTop\"\n\t\t>\n\t\t\t<svg xmlns=\"http:\/\/www.w3.org\/2000\/svg\" width=\"12\" height=\"12\" fill=\"none\" viewBox=\"0 0 12 12\">\n\t\t\t\t<path fill=\"#fff\" d=\"M2 0a2 2 0 0 0-2 2v2h1.5V2a.5.5 0 0 1 .5-.5h2V0H2Zm2 10.5H2a.5.5 0 0 1-.5-.5V8H0v2a2 2 0 0 0 2 2h2v-1.5ZM8 12v-1.5h2a.5.5 0 0 0 .5-.5V8H12v2a2 2 0 0 1-2 2H8Zm2-12a2 2 0 0 1 2 2v2h-1.5V2a.5.5 0 0 0-.5-.5H8V0h2Z\" \/>\n\t\t\t<\/svg>\n\t\t<\/button><figcaption class=\"wp-element-caption\">Photo : qwesy qwesy \/ Wikimedia Commons, CC BY 3.0<\/figcaption><\/figure>\n\n\n\n<h2 class=\"wp-block-heading\"><span class=\"ez-toc-section\" id=\"Thermes_au_nord_mer_Baltique_et_mer_du_Nord\"><\/span>Thermes au nord : mer Baltique et mer du Nord<span class=\"ez-toc-section-end\"><\/span><\/h2>\n\n\n\n<p class=\"wp-block-paragraph\">Le nord de l&rsquo;Allemagne offre une exp\u00e9rience thermale tout \u00e0 fait diff\u00e9rente de celle du sud. Les <strong>thermes du bord de mer<\/strong> profitent ici de leur superbe emplacement et, \u00e0 la place de l&rsquo;eau min\u00e9rale classique, tu y trouves souvent une saumure curative ou du <strong>pr\u00e9cieux sel iod\u00e9<\/strong>. Les vues depuis les bassins donnent en plus fr\u00e9quemment directement sur la surface infinie de la mer ou sur les dunes de sable, une idylle si tu adores l&rsquo;odeur de l&rsquo;oc\u00e9an et l&rsquo;air frais nordique.<\/p>\n\n\n\n<p class=\"wp-block-paragraph\">Ces complexes conviennent parfaitement pour compl\u00e9ter tes <strong>vacances d&rsquo;\u00e9t\u00e9 sur la Baltique<\/strong> ou comme secours lors d&rsquo;un week-end pluvieux dans la populaire station de St. Peter-Ording. Que tu partes en famille ou que tu cherches une escapade wellness paisible \u00e0 deux, les bains du nord de l&rsquo;Allemagne te s\u00e9duiront par leur atmosph\u00e8re d\u00e9tendue. Depuis la France, c&rsquo;est certes un trajet plus long, mais l&rsquo;exp\u00e9rience en vaut vraiment la peine.<\/p>\n\n\n\n<figure data-wp-context=\"{&quot;imageId&quot;:&quot;6a9c5ffc39630&quot;}\" data-wp-interactive=\"core\/image\" data-wp-key=\"6a9c5ffc39630\" class=\"wp-block-image size-full wp-lightbox-container\"><img decoding=\"async\" width=\"1800\" height=\"2400\" data-wp-class--hide=\"state.isContentHidden\" data-wp-class--show=\"state.isContentVisible\" data-wp-init=\"callbacks.setButtonStyles\" data-wp-on--click=\"actions.showLightbox\" data-wp-on--load=\"callbacks.setButtonStyles\" data-wp-on--pointerdown=\"actions.preloadImage\" data-wp-on--pointerenter=\"actions.preloadImageWithDelay\" data-wp-on--pointerleave=\"actions.cancelPreload\" data-wp-on-window--resize=\"callbacks.setButtonStyles\" src=\"https:\/\/loudavymkrokem.cz\/wp-content\/uploads\/2026\/09\/nemecko-clanky-termaly-nemecko-55-47c15516-1.jpg\" alt=\"Ostsee-Therme (Scharbeutz) : tour du thermal\" class=\"wp-image-415401\" title=\"\" srcset=\"https:\/\/loudavymkrokem.cz\/wp-content\/uploads\/2026\/09\/nemecko-clanky-termaly-nemecko-55-47c15516-1.jpg 1800w, https:\/\/loudavymkrokem.cz\/wp-content\/uploads\/2026\/09\/nemecko-clanky-termaly-nemecko-55-47c15516-1-225x300.jpg 225w, https:\/\/loudavymkrokem.cz\/wp-content\/uploads\/2026\/09\/nemecko-clanky-termaly-nemecko-55-47c15516-1-700x933.jpg 700w, https:\/\/loudavymkrokem.cz\/wp-content\/uploads\/2026\/09\/nemecko-clanky-termaly-nemecko-55-47c15516-1-768x1024.jpg 768w, https:\/\/loudavymkrokem.cz\/wp-content\/uploads\/2026\/09\/nemecko-clanky-termaly-nemecko-55-47c15516-1-1152x1536.jpg 1152w, https:\/\/loudavymkrokem.cz\/wp-content\/uploads\/2026\/09\/nemecko-clanky-termaly-nemecko-55-47c15516-1-1536x2048.jpg 1536w, https:\/\/loudavymkrokem.cz\/wp-content\/uploads\/2026\/09\/nemecko-clanky-termaly-nemecko-55-47c15516-1-696x928.jpg 696w, https:\/\/loudavymkrokem.cz\/wp-content\/uploads\/2026\/09\/nemecko-clanky-termaly-nemecko-55-47c15516-1-1392x1856.jpg 1392w\" sizes=\"(max-width: 1800px) 100vw, 1800px\" \/><button\n\t\t\tclass=\"lightbox-trigger\"\n\t\t\ttype=\"button\"\n\t\t\taria-haspopup=\"dialog\"\n\t\t\tdata-wp-bind--aria-label=\"state.thisImage.triggerButtonAriaLabel\"\n\t\t\tdata-wp-init=\"callbacks.initTriggerButton\"\n\t\t\tdata-wp-on--click=\"actions.showLightbox\"\n\t\t\tdata-wp-style--right=\"state.thisImage.buttonRight\"\n\t\t\tdata-wp-style--top=\"state.thisImage.buttonTop\"\n\t\t>\n\t\t\t<svg xmlns=\"http:\/\/www.w3.org\/2000\/svg\" width=\"12\" height=\"12\" fill=\"none\" viewBox=\"0 0 12 12\">\n\t\t\t\t<path fill=\"#fff\" d=\"M2 0a2 2 0 0 0-2 2v2h1.5V2a.5.5 0 0 1 .5-.5h2V0H2Zm2 10.5H2a.5.5 0 0 1-.5-.5V8H0v2a2 2 0 0 0 2 2h2v-1.5ZM8 12v-1.5h2a.5.5 0 0 0 .5-.5V8H12v2a2 2 0 0 1-2 2H8Zm2-12a2 2 0 0 1 2 2v2h-1.5V2a.5.5 0 0 0-.5-.5H8V0h2Z\" \/>\n\t\t\t<\/svg>\n\t\t<\/button><figcaption class=\"wp-element-caption\">Photo : Gerd Fahrenhorst \/ Wikimedia Commons, CC BY 4.0<\/figcaption><\/figure>\n\n\n\n<h3 class=\"wp-block-heading\"><span class=\"ez-toc-section\" id=\"45_Ostsee-Therme_Scharbeutz\"><\/span>45. Ostsee-Therme (Scharbeutz)<span class=\"ez-toc-section-end\"><\/span><\/h3>\n\n\n\n<p class=\"wp-block-paragraph\">Ce grandiose complexe de la station appr\u00e9ci\u00e9e de Scharbeutz t&rsquo;impressionne aussit\u00f4t par sa vaste <strong>zone wellness de 4 000 m\u00b2<\/strong>. Si tu cherches un repos avec acc\u00e8s direct \u00e0 la plage de sable, tu vas tout simplement adorer cet endroit. C&rsquo;est un choix id\u00e9al pour les amateurs de sauna qui veulent, apr\u00e8s la chauffe du corps, courir directement dans les vagues froides de la mer.<\/p>\n\n\n\n<p class=\"wp-block-paragraph\">Dans la partie bassins dite Ostsee-Lagune, tu te reposeras joliment dans une <strong>eau chauff\u00e9e \u00e0 33 \u00b0C<\/strong>, compl\u00e9t\u00e9e en plus par des effets lumineux impressionnants et des transats de massage. Pour une d\u00e9tente encore plus grande, des jacuzzis \u00e0 35 \u00b0C et de <strong>grands bassins ext\u00e9rieurs \u00e0 30 \u00b0C<\/strong> sont pr\u00e9vus, \u00e0 c\u00f4t\u00e9 desquels s&rsquo;\u00e9tend une prairie de bronzage. L&rsquo;univers sauna est ensuite un chapitre \u00e0 part enti\u00e8re. Tu y trouves tout, du doux sauna \u00e0 60 \u00b0C Salzstein ou Frische Brise, en passant par la chauffe \u00e0 80 \u00b0C Wald Sauna, jusqu&rsquo;\u00e0 l&rsquo;<strong>extr\u00eame sauna \u00e0 110 \u00b0C Arctic<\/strong>.<\/p>\n\n\n\n<p class=\"wp-block-paragraph\">Fait notable : la grande Ostsee Arena \u00e0 85 \u00b0C pour les c\u00e9r\u00e9monies de sauna, ou le <strong>sauna textile \u00e0 70 \u00b0C<\/strong> du Breeze Spa, o\u00f9 tu peux venir directement en maillot. L&rsquo;entr\u00e9e diff\u00e8re ici selon la zone et la dur\u00e9e du s\u00e9jour, v\u00e9rifie donc le tarif actuel 2026 directement sur le site des bains. Le complexe convient aussi bien aux couples qu&rsquo;aux familles cherchant des loisirs aquatiques vari\u00e9s. <strong>\ud83d\udca1 Astuce :<\/strong> Pour les amateurs de bois et d&rsquo;herbes, je te conseille de ne pas manquer le sauna sp\u00e9cial en pin cembro odorant appel\u00e9 Zirbenholzsauna.<\/p>\n\n\n\n<figure data-wp-context=\"{&quot;imageId&quot;:&quot;6a9c5ffc39c97&quot;}\" data-wp-interactive=\"core\/image\" data-wp-key=\"6a9c5ffc39c97\" class=\"wp-block-image size-full wp-lightbox-container\"><img decoding=\"async\" width=\"1800\" height=\"1012\" data-wp-class--hide=\"state.isContentHidden\" data-wp-class--show=\"state.isContentVisible\" data-wp-init=\"callbacks.setButtonStyles\" data-wp-on--click=\"actions.showLightbox\" data-wp-on--load=\"callbacks.setButtonStyles\" data-wp-on--pointerdown=\"actions.preloadImage\" data-wp-on--pointerenter=\"actions.preloadImageWithDelay\" data-wp-on--pointerleave=\"actions.cancelPreload\" data-wp-on-window--resize=\"callbacks.setButtonStyles\" src=\"https:\/\/loudavymkrokem.cz\/wp-content\/uploads\/2026\/09\/nemecko-clanky-termaly-nemecko-56-30ed6a22-1.jpg\" alt=\"D\u00fcnen-Therme (St. Peter-Ording)\" class=\"wp-image-415406\" title=\"\" srcset=\"https:\/\/loudavymkrokem.cz\/wp-content\/uploads\/2026\/09\/nemecko-clanky-termaly-nemecko-56-30ed6a22-1.jpg 1800w, https:\/\/loudavymkrokem.cz\/wp-content\/uploads\/2026\/09\/nemecko-clanky-termaly-nemecko-56-30ed6a22-1-300x169.jpg 300w, https:\/\/loudavymkrokem.cz\/wp-content\/uploads\/2026\/09\/nemecko-clanky-termaly-nemecko-56-30ed6a22-1-700x394.jpg 700w, https:\/\/loudavymkrokem.cz\/wp-content\/uploads\/2026\/09\/nemecko-clanky-termaly-nemecko-56-30ed6a22-1-768x432.jpg 768w, https:\/\/loudavymkrokem.cz\/wp-content\/uploads\/2026\/09\/nemecko-clanky-termaly-nemecko-56-30ed6a22-1-1536x864.jpg 1536w, https:\/\/loudavymkrokem.cz\/wp-content\/uploads\/2026\/09\/nemecko-clanky-termaly-nemecko-56-30ed6a22-1-696x391.jpg 696w, https:\/\/loudavymkrokem.cz\/wp-content\/uploads\/2026\/09\/nemecko-clanky-termaly-nemecko-56-30ed6a22-1-1392x783.jpg 1392w\" sizes=\"(max-width: 1800px) 100vw, 1800px\" \/><button\n\t\t\tclass=\"lightbox-trigger\"\n\t\t\ttype=\"button\"\n\t\t\taria-haspopup=\"dialog\"\n\t\t\tdata-wp-bind--aria-label=\"state.thisImage.triggerButtonAriaLabel\"\n\t\t\tdata-wp-init=\"callbacks.initTriggerButton\"\n\t\t\tdata-wp-on--click=\"actions.showLightbox\"\n\t\t\tdata-wp-style--right=\"state.thisImage.buttonRight\"\n\t\t\tdata-wp-style--top=\"state.thisImage.buttonTop\"\n\t\t>\n\t\t\t<svg xmlns=\"http:\/\/www.w3.org\/2000\/svg\" width=\"12\" height=\"12\" fill=\"none\" viewBox=\"0 0 12 12\">\n\t\t\t\t<path fill=\"#fff\" d=\"M2 0a2 2 0 0 0-2 2v2h1.5V2a.5.5 0 0 1 .5-.5h2V0H2Zm2 10.5H2a.5.5 0 0 1-.5-.5V8H0v2a2 2 0 0 0 2 2h2v-1.5ZM8 12v-1.5h2a.5.5 0 0 0 .5-.5V8H12v2a2 2 0 0 1-2 2H8Zm2-12a2 2 0 0 1 2 2v2h-1.5V2a.5.5 0 0 0-.5-.5H8V0h2Z\" \/>\n\t\t\t<\/svg>\n\t\t<\/button><\/figure>\n\n\n\n<h3 class=\"wp-block-heading\"><span class=\"ez-toc-section\" id=\"46_Dunen-Therme_St_Peter-Ording\"><\/span>46. D\u00fcnen-Therme (St. Peter-Ording)<span class=\"ez-toc-section-end\"><\/span><\/h3>\n\n\n\n<p class=\"wp-block-paragraph\">Dans la charmante petite ville de St. Peter-Ording, tu d\u00e9couvriras des bains uniques, o\u00f9 tu <strong>te baignes dans une eau purifi\u00e9e directement issue de la mer du Nord<\/strong>. Cette exp\u00e9rience est exceptionnelle et conf\u00e8re \u00e0 tout le complexe une \u00e9nergie maritime. Le vaste plan d&rsquo;eau <strong>d\u00e9passe ici 1 000 m\u00b2<\/strong>, tu auras donc plein d&rsquo;espace pour nager et pour un repos m\u00e9rit\u00e9 apr\u00e8s une journ\u00e9e \u00e9prouvante sur les plages venteuses.<\/p>\n\n\n\n<p class=\"wp-block-paragraph\">\u00c0 l&rsquo;int\u00e9rieur t&rsquo;attend un agr\u00e9able <strong>bassin d&rsquo;aventure \u00e0 30 \u00b0C<\/strong> et tu te r\u00e9chaufferas aussi dans le bassin ext\u00e9rieur chauff\u00e9, qui a exactement la m\u00eame temp\u00e9rature. Si tu voyages avec des enfants, ils seraient g\u00e9n\u00e9ralement enchant\u00e9s par le bassin \u00e0 vagues artificielles \u00e0 l&rsquo;eau chaude de 28 \u00b0C ou le populaire toboggan Turbo-Rutsche. Mais selon l&rsquo;\u00e9tat de septembre 2026, ces deux <strong>attractions sont hors service pour raisons techniques<\/strong>, tiens-en compte avant la visite.<\/p>\n\n\n\n<p class=\"wp-block-paragraph\">Les thermes conviennent \u00e0 tous ceux qui veulent profiter des bienfaits de l&rsquo;eau de mer, quel que soit le temps dehors. D&rsquo;apr\u00e8s le tarif actuel 2026, les adultes paient pour une entr\u00e9e de deux heures et demie <strong>de tr\u00e8s agr\u00e9ables 13,50 euros<\/strong>, tandis que le billet journ\u00e9e co\u00fbte 18,50 euros. Pour les enfants et jeunes de 3 \u00e0 17 ans, les prix vont de 6,50 \u00e0 8,50 euros selon la dur\u00e9e du s\u00e9jour. <strong>\ud83d\udca1 Astuce :<\/strong> Si tu comptes rester plus longtemps, il vaut mieux choisir l&rsquo;entr\u00e9e prolong\u00e9e de 3,5 heures \u00e0 <strong>16 euros<\/strong>, qui offre un excellent rapport prix-temps.<\/p>\n\n\n\n<figure data-wp-context=\"{&quot;imageId&quot;:&quot;6a9c5ffc3a459&quot;}\" data-wp-interactive=\"core\/image\" data-wp-key=\"6a9c5ffc3a459\" class=\"wp-block-image size-full wp-lightbox-container\"><img decoding=\"async\" width=\"1800\" height=\"1350\" data-wp-class--hide=\"state.isContentHidden\" data-wp-class--show=\"state.isContentVisible\" data-wp-init=\"callbacks.setButtonStyles\" data-wp-on--click=\"actions.showLightbox\" data-wp-on--load=\"callbacks.setButtonStyles\" data-wp-on--pointerdown=\"actions.preloadImage\" data-wp-on--pointerenter=\"actions.preloadImageWithDelay\" data-wp-on--pointerleave=\"actions.cancelPreload\" data-wp-on-window--resize=\"callbacks.setButtonStyles\" src=\"https:\/\/loudavymkrokem.cz\/wp-content\/uploads\/2026\/09\/nemecko-clanky-termaly-nemecko-57-6f96bd47-1.jpg\" alt=\"Ostsee Therme Usedom (Ahlbeck) : partie sauna\" class=\"wp-image-415409\" title=\"\" srcset=\"https:\/\/loudavymkrokem.cz\/wp-content\/uploads\/2026\/09\/nemecko-clanky-termaly-nemecko-57-6f96bd47-1.jpg 1800w, https:\/\/loudavymkrokem.cz\/wp-content\/uploads\/2026\/09\/nemecko-clanky-termaly-nemecko-57-6f96bd47-1-300x225.jpg 300w, https:\/\/loudavymkrokem.cz\/wp-content\/uploads\/2026\/09\/nemecko-clanky-termaly-nemecko-57-6f96bd47-1-700x525.jpg 700w, https:\/\/loudavymkrokem.cz\/wp-content\/uploads\/2026\/09\/nemecko-clanky-termaly-nemecko-57-6f96bd47-1-768x576.jpg 768w, https:\/\/loudavymkrokem.cz\/wp-content\/uploads\/2026\/09\/nemecko-clanky-termaly-nemecko-57-6f96bd47-1-1536x1152.jpg 1536w, https:\/\/loudavymkrokem.cz\/wp-content\/uploads\/2026\/09\/nemecko-clanky-termaly-nemecko-57-6f96bd47-1-80x60.jpg 80w, https:\/\/loudavymkrokem.cz\/wp-content\/uploads\/2026\/09\/nemecko-clanky-termaly-nemecko-57-6f96bd47-1-160x120.jpg 160w, https:\/\/loudavymkrokem.cz\/wp-content\/uploads\/2026\/09\/nemecko-clanky-termaly-nemecko-57-6f96bd47-1-696x522.jpg 696w, https:\/\/loudavymkrokem.cz\/wp-content\/uploads\/2026\/09\/nemecko-clanky-termaly-nemecko-57-6f96bd47-1-1392x1044.jpg 1392w\" sizes=\"(max-width: 1800px) 100vw, 1800px\" \/><button\n\t\t\tclass=\"lightbox-trigger\"\n\t\t\ttype=\"button\"\n\t\t\taria-haspopup=\"dialog\"\n\t\t\tdata-wp-bind--aria-label=\"state.thisImage.triggerButtonAriaLabel\"\n\t\t\tdata-wp-init=\"callbacks.initTriggerButton\"\n\t\t\tdata-wp-on--click=\"actions.showLightbox\"\n\t\t\tdata-wp-style--right=\"state.thisImage.buttonRight\"\n\t\t\tdata-wp-style--top=\"state.thisImage.buttonTop\"\n\t\t>\n\t\t\t<svg xmlns=\"http:\/\/www.w3.org\/2000\/svg\" width=\"12\" height=\"12\" fill=\"none\" viewBox=\"0 0 12 12\">\n\t\t\t\t<path fill=\"#fff\" d=\"M2 0a2 2 0 0 0-2 2v2h1.5V2a.5.5 0 0 1 .5-.5h2V0H2Zm2 10.5H2a.5.5 0 0 1-.5-.5V8H0v2a2 2 0 0 0 2 2h2v-1.5ZM8 12v-1.5h2a.5.5 0 0 0 .5-.5V8H12v2a2 2 0 0 1-2 2H8Zm2-12a2 2 0 0 1 2 2v2h-1.5V2a.5.5 0 0 0-.5-.5H8V0h2Z\" \/>\n\t\t\t<\/svg>\n\t\t<\/button><\/figure>\n\n\n\n<h3 class=\"wp-block-heading\"><span class=\"ez-toc-section\" id=\"47_Ostsee_Therme_Usedom_Ahlbeck\"><\/span>47. Ostsee Therme Usedom (Ahlbeck)<span class=\"ez-toc-section-end\"><\/span><\/h3>\n\n\n\n<p class=\"wp-block-paragraph\">Ce complexe appr\u00e9ci\u00e9 se situe en plein centre du c\u00e9l\u00e8bre trio thermal d&rsquo;Ahlbeck, Heringsdorf et Bansin, pr\u00e9cis\u00e9ment dans le <strong>fameux Kaiserbad Ahlbeck<\/strong> sur la Lindenstra\u00dfe. Depuis son ouverture solennelle en mars 1996, il attire des foules de visiteurs avides de repos et, jusqu&rsquo;\u00e0 aujourd&rsquo;hui, il a vu passer <strong>un impressionnant 3,7 million de clients<\/strong>. C&rsquo;est un endroit tr\u00e8s traditionnel, qui allie \u00e0 merveille une d\u00e9tente baln\u00e9aire d\u00e9contract\u00e9e et des soins thermaux professionnels.<\/p>\n\n\n\n<p class=\"wp-block-paragraph\">Outre l&rsquo;univers sauna et aquatique classique appel\u00e9 Badewelt et Saunawelt, tu trouves aussi ici une <strong>Kurmittelhaus sp\u00e9ciale avec physioth\u00e9rapie<\/strong> et de vrais m\u00e9decins thermaux. Tu peux t&rsquo;y donner \u00e0 fond dans le studio sportif et sant\u00e9, ou simplement admirer le beau paysage depuis la tour panoramique locale. Si tu te diriges vers les espaces int\u00e9rieurs de l&rsquo;univers sauna, le <strong>sauna int\u00e9rieur classique \u00e0 80 \u00b0C<\/strong> te r\u00e9chauffera joliment.<\/p>\n\n\n\n<p class=\"wp-block-paragraph\">L&rsquo;endroit est taill\u00e9 avant tout pour les visiteurs adultes qui, en vacances, cherchent le calme et se concentrent sur le renforcement de leur sant\u00e9. Les soins th\u00e9rapeutiques locaux ont une longue tradition et sont r\u00e9put\u00e9s sur tout le littoral, c&rsquo;est pourquoi les gens y reviennent avec tant de plaisir. <strong>\ud83d\udca1 Astuce :<\/strong> Participe absolument \u00e0 l&rsquo;une des c\u00e9r\u00e9monies de sauna, que les ma\u00eetres locaux font plusieurs fois par jour avec le <strong>pr\u00e9cieux sel iod\u00e9 de Heringsdorf<\/strong>, ce sera une exp\u00e9rience fantastique pour tes voies respiratoires.<\/p>\n\n\n\n<figure data-wp-context=\"{&quot;imageId&quot;:&quot;6a9c5ffc3abc3&quot;}\" data-wp-interactive=\"core\/image\" data-wp-key=\"6a9c5ffc3abc3\" class=\"wp-block-image size-full wp-lightbox-container\"><img decoding=\"async\" width=\"1800\" height=\"1198\" data-wp-class--hide=\"state.isContentHidden\" data-wp-class--show=\"state.isContentVisible\" data-wp-init=\"callbacks.setButtonStyles\" data-wp-on--click=\"actions.showLightbox\" data-wp-on--load=\"callbacks.setButtonStyles\" data-wp-on--pointerdown=\"actions.preloadImage\" data-wp-on--pointerenter=\"actions.preloadImageWithDelay\" data-wp-on--pointerleave=\"actions.cancelPreload\" data-wp-on-window--resize=\"callbacks.setButtonStyles\" src=\"https:\/\/loudavymkrokem.cz\/wp-content\/uploads\/2026\/09\/nemecko-clanky-termaly-nemecko-58-72086aed-1.jpg\" alt=\"Toskana Therme \u00e0 Bad Schandau dans la Suisse saxonne\" class=\"wp-image-415412\" title=\"\" srcset=\"https:\/\/loudavymkrokem.cz\/wp-content\/uploads\/2026\/09\/nemecko-clanky-termaly-nemecko-58-72086aed-1.jpg 1800w, https:\/\/loudavymkrokem.cz\/wp-content\/uploads\/2026\/09\/nemecko-clanky-termaly-nemecko-58-72086aed-1-300x200.jpg 300w, https:\/\/loudavymkrokem.cz\/wp-content\/uploads\/2026\/09\/nemecko-clanky-termaly-nemecko-58-72086aed-1-700x466.jpg 700w, https:\/\/loudavymkrokem.cz\/wp-content\/uploads\/2026\/09\/nemecko-clanky-termaly-nemecko-58-72086aed-1-768x511.jpg 768w, https:\/\/loudavymkrokem.cz\/wp-content\/uploads\/2026\/09\/nemecko-clanky-termaly-nemecko-58-72086aed-1-1536x1022.jpg 1536w, https:\/\/loudavymkrokem.cz\/wp-content\/uploads\/2026\/09\/nemecko-clanky-termaly-nemecko-58-72086aed-1-696x463.jpg 696w, https:\/\/loudavymkrokem.cz\/wp-content\/uploads\/2026\/09\/nemecko-clanky-termaly-nemecko-58-72086aed-1-1392x926.jpg 1392w\" sizes=\"(max-width: 1800px) 100vw, 1800px\" \/><button\n\t\t\tclass=\"lightbox-trigger\"\n\t\t\ttype=\"button\"\n\t\t\taria-haspopup=\"dialog\"\n\t\t\tdata-wp-bind--aria-label=\"state.thisImage.triggerButtonAriaLabel\"\n\t\t\tdata-wp-init=\"callbacks.initTriggerButton\"\n\t\t\tdata-wp-on--click=\"actions.showLightbox\"\n\t\t\tdata-wp-style--right=\"state.thisImage.buttonRight\"\n\t\t\tdata-wp-style--top=\"state.thisImage.buttonTop\"\n\t\t>\n\t\t\t<svg xmlns=\"http:\/\/www.w3.org\/2000\/svg\" width=\"12\" height=\"12\" fill=\"none\" viewBox=\"0 0 12 12\">\n\t\t\t\t<path fill=\"#fff\" d=\"M2 0a2 2 0 0 0-2 2v2h1.5V2a.5.5 0 0 1 .5-.5h2V0H2Zm2 10.5H2a.5.5 0 0 1-.5-.5V8H0v2a2 2 0 0 0 2 2h2v-1.5ZM8 12v-1.5h2a.5.5 0 0 0 .5-.5V8H12v2a2 2 0 0 1-2 2H8Zm2-12a2 2 0 0 1 2 2v2h-1.5V2a.5.5 0 0 0-.5-.5H8V0h2Z\" \/>\n\t\t\t<\/svg>\n\t\t<\/button><\/figure>\n\n\n\n<h2 class=\"wp-block-heading\"><span class=\"ez-toc-section\" id=\"Thermes_en_Saxe_et_en_Thuringe\"><\/span>Thermes en Saxe et en Thuringe<span class=\"ez-toc-section-end\"><\/span><\/h2>\n\n\n\n<p class=\"wp-block-paragraph\">Si tu cherches un repos, ces deux L\u00e4nder ne te d\u00e9cevront pas. Tu y trouves en effet un concept de bains unique, qui allie d\u00e9tente profonde et exp\u00e9rience artistique hors du commun. <strong>L&rsquo;attrait principal ici est le fameux Liquid Sound<\/strong>, c&rsquo;est-\u00e0-dire une baignade dans l&rsquo;eau sal\u00e9e accompagn\u00e9e de musique sous-marine et d&rsquo;un fascinant spectacle de lumi\u00e8res.<\/p>\n\n\n\n<p class=\"wp-block-paragraph\">Tu peux choisir parmi deux endroits proposant ce concept. Les uns se trouvent dans la pittoresque Suisse saxonne, les autres un peu plus loin dans une petite ville thermale de Thuringe. Ils sont id\u00e9aux pour tous ceux qui veulent, le temps d&rsquo;un week-end, d\u00e9connecter et se laisser porter au gr\u00e9 des vagues du calme.<\/p>\n\n\n\n<figure data-wp-context=\"{&quot;imageId&quot;:&quot;6a9c5ffc3b356&quot;}\" data-wp-interactive=\"core\/image\" data-wp-key=\"6a9c5ffc3b356\" class=\"wp-block-image size-full wp-lightbox-container\"><img decoding=\"async\" width=\"1800\" height=\"1342\" data-wp-class--hide=\"state.isContentHidden\" data-wp-class--show=\"state.isContentVisible\" data-wp-init=\"callbacks.setButtonStyles\" data-wp-on--click=\"actions.showLightbox\" data-wp-on--load=\"callbacks.setButtonStyles\" data-wp-on--pointerdown=\"actions.preloadImage\" data-wp-on--pointerenter=\"actions.preloadImageWithDelay\" data-wp-on--pointerleave=\"actions.cancelPreload\" data-wp-on-window--resize=\"callbacks.setButtonStyles\" src=\"https:\/\/loudavymkrokem.cz\/wp-content\/uploads\/2026\/09\/nemecko-clanky-termaly-nemecko-59-fc0e1c55-1.jpg\" alt=\"Toskana Therme Bad Schandau (Bad Schandau)\" class=\"wp-image-415417\" title=\"\" srcset=\"https:\/\/loudavymkrokem.cz\/wp-content\/uploads\/2026\/09\/nemecko-clanky-termaly-nemecko-59-fc0e1c55-1.jpg 1800w, https:\/\/loudavymkrokem.cz\/wp-content\/uploads\/2026\/09\/nemecko-clanky-termaly-nemecko-59-fc0e1c55-1-300x224.jpg 300w, https:\/\/loudavymkrokem.cz\/wp-content\/uploads\/2026\/09\/nemecko-clanky-termaly-nemecko-59-fc0e1c55-1-700x522.jpg 700w, https:\/\/loudavymkrokem.cz\/wp-content\/uploads\/2026\/09\/nemecko-clanky-termaly-nemecko-59-fc0e1c55-1-768x573.jpg 768w, https:\/\/loudavymkrokem.cz\/wp-content\/uploads\/2026\/09\/nemecko-clanky-termaly-nemecko-59-fc0e1c55-1-1536x1145.jpg 1536w, https:\/\/loudavymkrokem.cz\/wp-content\/uploads\/2026\/09\/nemecko-clanky-termaly-nemecko-59-fc0e1c55-1-80x60.jpg 80w, https:\/\/loudavymkrokem.cz\/wp-content\/uploads\/2026\/09\/nemecko-clanky-termaly-nemecko-59-fc0e1c55-1-160x120.jpg 160w, https:\/\/loudavymkrokem.cz\/wp-content\/uploads\/2026\/09\/nemecko-clanky-termaly-nemecko-59-fc0e1c55-1-696x519.jpg 696w, https:\/\/loudavymkrokem.cz\/wp-content\/uploads\/2026\/09\/nemecko-clanky-termaly-nemecko-59-fc0e1c55-1-1392x1038.jpg 1392w\" sizes=\"(max-width: 1800px) 100vw, 1800px\" \/><button\n\t\t\tclass=\"lightbox-trigger\"\n\t\t\ttype=\"button\"\n\t\t\taria-haspopup=\"dialog\"\n\t\t\tdata-wp-bind--aria-label=\"state.thisImage.triggerButtonAriaLabel\"\n\t\t\tdata-wp-init=\"callbacks.initTriggerButton\"\n\t\t\tdata-wp-on--click=\"actions.showLightbox\"\n\t\t\tdata-wp-style--right=\"state.thisImage.buttonRight\"\n\t\t\tdata-wp-style--top=\"state.thisImage.buttonTop\"\n\t\t>\n\t\t\t<svg xmlns=\"http:\/\/www.w3.org\/2000\/svg\" width=\"12\" height=\"12\" fill=\"none\" viewBox=\"0 0 12 12\">\n\t\t\t\t<path fill=\"#fff\" d=\"M2 0a2 2 0 0 0-2 2v2h1.5V2a.5.5 0 0 1 .5-.5h2V0H2Zm2 10.5H2a.5.5 0 0 1-.5-.5V8H0v2a2 2 0 0 0 2 2h2v-1.5ZM8 12v-1.5h2a.5.5 0 0 0 .5-.5V8H12v2a2 2 0 0 1-2 2H8Zm2-12a2 2 0 0 1 2 2v2h-1.5V2a.5.5 0 0 0-.5-.5H8V0h2Z\" \/>\n\t\t\t<\/svg>\n\t\t<\/button><figcaption class=\"wp-element-caption\">Photo : J\u00f6rg Blobelt \/ Wikimedia Commons, CC BY-SA 4.0<\/figcaption><\/figure>\n\n\n\n<h3 class=\"wp-block-heading\"><span class=\"ez-toc-section\" id=\"48_Toskana_Therme_Bad_Schandau_Bad_Schandau\"><\/span>48. Toskana Therme Bad Schandau (Bad Schandau)<span class=\"ez-toc-section-end\"><\/span><\/h3>\n\n\n\n<p class=\"wp-block-paragraph\">Ce complexe appr\u00e9ci\u00e9 se trouve directement au bord de l&rsquo;Elbe et son grand atout est une <strong>vue \u00e0 couper le souffle sur la rivi\u00e8re directement depuis le sauna<\/strong>. Si tu adores la nature de la Suisse saxonne, c&rsquo;est exactement l&rsquo;endroit o\u00f9 soulager tes jambes fatigu\u00e9es apr\u00e8s une journ\u00e9e de randonn\u00e9e.<\/p>\n\n\n\n<p class=\"wp-block-paragraph\">L&rsquo;univers sauna propose ici une palette de temp\u00e9ratures vari\u00e9e pour chacun. Tu peux tester le traditionnel <strong>Laconium de style grec chauff\u00e9 \u00e0 d&rsquo;agr\u00e9ables 55 \u00b0C<\/strong>, ou un bain sp\u00e9cial de chaleur rayonnante qui, \u00e0 65 \u00b0C, r\u00e9chauffe joliment le corps en profondeur. Tu trouves aussi ici une chauffe aux herbes, o\u00f9 le r\u00e9chauffement de l&rsquo;eau d&rsquo;herbes <strong>augmente l&rsquo;humidit\u00e9 de l&rsquo;air \u00e0 une temp\u00e9rature de 65 \u00b0C<\/strong>. Pour les saunistes aguerris, une poti\u00e8re classique \u00e0 po\u00eale en fa\u00efence est ensuite pr\u00e9vue, o\u00f9 tu profiteras d&rsquo;une bonne chaleur \u00e0 96 \u00b0C.<\/p>\n\n\n\n<p class=\"wp-block-paragraph\">Le complexe est surtout parfait pour les adultes et les couples qui cherchent une atmosph\u00e8re paisible sans toboggans d\u00e9cha\u00een\u00e9s. Je te conseille de v\u00e9rifier l&rsquo;entr\u00e9e actuelle sur le site avant de partir, pour savoir pr\u00e9cis\u00e9ment \u00e0 quoi ressemble le tarif 2026. <strong>\ud83d\udca1 Astuce :<\/strong> Ne manque surtout pas de transpirer dans le sauna sp\u00e9cial chauff\u00e9 \u00e0 90 \u00b0C, d&rsquo;o\u00f9 s&rsquo;offre \u00e0 toi <strong>la plus belle vue sur l&rsquo;Elbe qui coule<\/strong>.<\/p>\n\n\n\n<figure data-wp-context=\"{&quot;imageId&quot;:&quot;6a9c5ffc3bb0f&quot;}\" data-wp-interactive=\"core\/image\" data-wp-key=\"6a9c5ffc3bb0f\" class=\"wp-block-image size-full wp-lightbox-container\"><img decoding=\"async\" width=\"1800\" height=\"1200\" data-wp-class--hide=\"state.isContentHidden\" data-wp-class--show=\"state.isContentVisible\" data-wp-init=\"callbacks.setButtonStyles\" data-wp-on--click=\"actions.showLightbox\" data-wp-on--load=\"callbacks.setButtonStyles\" data-wp-on--pointerdown=\"actions.preloadImage\" data-wp-on--pointerenter=\"actions.preloadImageWithDelay\" data-wp-on--pointerleave=\"actions.cancelPreload\" data-wp-on-window--resize=\"callbacks.setButtonStyles\" src=\"https:\/\/loudavymkrokem.cz\/wp-content\/uploads\/2026\/09\/nemecko-clanky-termaly-nemecko-60-42995404-1.jpg\" alt=\"Toskana Therme Bad Sulza (Bad Sulza)\" class=\"wp-image-415421\" title=\"\" srcset=\"https:\/\/loudavymkrokem.cz\/wp-content\/uploads\/2026\/09\/nemecko-clanky-termaly-nemecko-60-42995404-1.jpg 1800w, https:\/\/loudavymkrokem.cz\/wp-content\/uploads\/2026\/09\/nemecko-clanky-termaly-nemecko-60-42995404-1-300x200.jpg 300w, https:\/\/loudavymkrokem.cz\/wp-content\/uploads\/2026\/09\/nemecko-clanky-termaly-nemecko-60-42995404-1-700x467.jpg 700w, https:\/\/loudavymkrokem.cz\/wp-content\/uploads\/2026\/09\/nemecko-clanky-termaly-nemecko-60-42995404-1-768x512.jpg 768w, https:\/\/loudavymkrokem.cz\/wp-content\/uploads\/2026\/09\/nemecko-clanky-termaly-nemecko-60-42995404-1-1536x1024.jpg 1536w, https:\/\/loudavymkrokem.cz\/wp-content\/uploads\/2026\/09\/nemecko-clanky-termaly-nemecko-60-42995404-1-696x464.jpg 696w, https:\/\/loudavymkrokem.cz\/wp-content\/uploads\/2026\/09\/nemecko-clanky-termaly-nemecko-60-42995404-1-1392x928.jpg 1392w\" sizes=\"(max-width: 1800px) 100vw, 1800px\" \/><button\n\t\t\tclass=\"lightbox-trigger\"\n\t\t\ttype=\"button\"\n\t\t\taria-haspopup=\"dialog\"\n\t\t\tdata-wp-bind--aria-label=\"state.thisImage.triggerButtonAriaLabel\"\n\t\t\tdata-wp-init=\"callbacks.initTriggerButton\"\n\t\t\tdata-wp-on--click=\"actions.showLightbox\"\n\t\t\tdata-wp-style--right=\"state.thisImage.buttonRight\"\n\t\t\tdata-wp-style--top=\"state.thisImage.buttonTop\"\n\t\t>\n\t\t\t<svg xmlns=\"http:\/\/www.w3.org\/2000\/svg\" width=\"12\" height=\"12\" fill=\"none\" viewBox=\"0 0 12 12\">\n\t\t\t\t<path fill=\"#fff\" d=\"M2 0a2 2 0 0 0-2 2v2h1.5V2a.5.5 0 0 1 .5-.5h2V0H2Zm2 10.5H2a.5.5 0 0 1-.5-.5V8H0v2a2 2 0 0 0 2 2h2v-1.5ZM8 12v-1.5h2a.5.5 0 0 0 .5-.5V8H12v2a2 2 0 0 1-2 2H8Zm2-12a2 2 0 0 1 2 2v2h-1.5V2a.5.5 0 0 0-.5-.5H8V0h2Z\" \/>\n\t\t\t<\/svg>\n\t\t<\/button><\/figure>\n\n\n\n<h3 class=\"wp-block-heading\"><span class=\"ez-toc-section\" id=\"49_Toskana_Therme_Bad_Sulza_Bad_Sulza\"><\/span>49. Toskana Therme Bad Sulza (Bad Sulza)<span class=\"ez-toc-section-end\"><\/span><\/h3>\n\n\n\n<p class=\"wp-block-paragraph\">La deuxi\u00e8me filiale s\u0153ur des c\u00e9l\u00e8bres bains se cache dans une paisible petite ville de Thuringe et <strong>propose le m\u00eame concept Liquid Sound<\/strong> que celle de la Suisse saxonne. C&rsquo;est un choix id\u00e9al si tu pars pour un road-trip de week-end \u00e0 travers les monuments du centre de l&rsquo;Allemagne et que tu cherches un endroit o\u00f9 bien r\u00e9cup\u00e9rer le soir. L&rsquo;atmosph\u00e8re y est merveilleusement d\u00e9tendue et tout l&rsquo;espace invite \u00e0 un long repos silencieux.<\/p>\n\n\n\n<p class=\"wp-block-paragraph\">Le c\u0153ur du complexe est le <strong>temple Liquid Sound<\/strong>, o\u00f9 tu te laisses porter dans l&rsquo;eau sal\u00e9e au son de la musique sous la surface et de projections lumineuses color\u00e9es sur la coupole. D&rsquo;apr\u00e8s la description de l&rsquo;exploitant, il comprend <strong>cinq bassins salins en cascade<\/strong> avec jets de massage, quatre jacuzzis et un bassin salin ext\u00e9rieur chauff\u00e9, tu peux donc passer d&rsquo;une temp\u00e9rature \u00e0 l&rsquo;autre toute la journ\u00e9e. L&rsquo;univers sauna est ici une \u00e9vidence.<\/p>\n\n\n\n<p class=\"wp-block-paragraph\">Le grand avantage de Bad Sulza est le lien avec l&rsquo;h\u00f4tel : l&rsquo;<strong>Hotel an der Therme Bad Sulza<\/strong> se dresse juste \u00e0 c\u00f4t\u00e9 des bains et un couloir en peignoir le relie \u00e0 eux, l&rsquo;acc\u00e8s aux thermes, univers sauna compris, est donc dans le prix de la nuit. Avant la visite, jette un \u0153il au site, car le tarif 2026 varie selon la saison. <strong>\ud83d\udca1 Astuce :<\/strong> R\u00e9serve le Liquid Sound pour la fin de soir\u00e9e, quand le spectacle musical et lumineux est le plus intense et qu&rsquo;il y a le moins de monde dans le bassin.<\/p>\n\n\n\n<figure data-wp-context=\"{&quot;imageId&quot;:&quot;6a9c5ffc3c2ff&quot;}\" data-wp-interactive=\"core\/image\" data-wp-key=\"6a9c5ffc3c2ff\" class=\"wp-block-image size-full wp-lightbox-container\"><img decoding=\"async\" width=\"1800\" height=\"1800\" data-wp-class--hide=\"state.isContentHidden\" data-wp-class--show=\"state.isContentVisible\" data-wp-init=\"callbacks.setButtonStyles\" data-wp-on--click=\"actions.showLightbox\" data-wp-on--load=\"callbacks.setButtonStyles\" data-wp-on--pointerdown=\"actions.preloadImage\" data-wp-on--pointerenter=\"actions.preloadImageWithDelay\" data-wp-on--pointerleave=\"actions.cancelPreload\" data-wp-on-window--resize=\"callbacks.setButtonStyles\" src=\"https:\/\/loudavymkrokem.cz\/wp-content\/uploads\/2026\/09\/nemecko-clanky-termaly-nemecko-61-82598cd9-1.jpg\" alt=\"Bassin de l&#039;Emser Therme \u00e0 Bad Ems dans l&#039;\u00e9clairage du soir\" class=\"wp-image-415425\" title=\"\" srcset=\"https:\/\/loudavymkrokem.cz\/wp-content\/uploads\/2026\/09\/nemecko-clanky-termaly-nemecko-61-82598cd9-1.jpg 1800w, https:\/\/loudavymkrokem.cz\/wp-content\/uploads\/2026\/09\/nemecko-clanky-termaly-nemecko-61-82598cd9-1-300x300.jpg 300w, https:\/\/loudavymkrokem.cz\/wp-content\/uploads\/2026\/09\/nemecko-clanky-termaly-nemecko-61-82598cd9-1-700x700.jpg 700w, https:\/\/loudavymkrokem.cz\/wp-content\/uploads\/2026\/09\/nemecko-clanky-termaly-nemecko-61-82598cd9-1-150x150.jpg 150w, https:\/\/loudavymkrokem.cz\/wp-content\/uploads\/2026\/09\/nemecko-clanky-termaly-nemecko-61-82598cd9-1-768x768.jpg 768w, https:\/\/loudavymkrokem.cz\/wp-content\/uploads\/2026\/09\/nemecko-clanky-termaly-nemecko-61-82598cd9-1-1536x1536.jpg 1536w, https:\/\/loudavymkrokem.cz\/wp-content\/uploads\/2026\/09\/nemecko-clanky-termaly-nemecko-61-82598cd9-1-696x696.jpg 696w, https:\/\/loudavymkrokem.cz\/wp-content\/uploads\/2026\/09\/nemecko-clanky-termaly-nemecko-61-82598cd9-1-1392x1392.jpg 1392w\" sizes=\"(max-width: 1800px) 100vw, 1800px\" \/><button\n\t\t\tclass=\"lightbox-trigger\"\n\t\t\ttype=\"button\"\n\t\t\taria-haspopup=\"dialog\"\n\t\t\tdata-wp-bind--aria-label=\"state.thisImage.triggerButtonAriaLabel\"\n\t\t\tdata-wp-init=\"callbacks.initTriggerButton\"\n\t\t\tdata-wp-on--click=\"actions.showLightbox\"\n\t\t\tdata-wp-style--right=\"state.thisImage.buttonRight\"\n\t\t\tdata-wp-style--top=\"state.thisImage.buttonTop\"\n\t\t>\n\t\t\t<svg xmlns=\"http:\/\/www.w3.org\/2000\/svg\" width=\"12\" height=\"12\" fill=\"none\" viewBox=\"0 0 12 12\">\n\t\t\t\t<path fill=\"#fff\" d=\"M2 0a2 2 0 0 0-2 2v2h1.5V2a.5.5 0 0 1 .5-.5h2V0H2Zm2 10.5H2a.5.5 0 0 1-.5-.5V8H0v2a2 2 0 0 0 2 2h2v-1.5ZM8 12v-1.5h2a.5.5 0 0 0 .5-.5V8H12v2a2 2 0 0 1-2 2H8Zm2-12a2 2 0 0 1 2 2v2h-1.5V2a.5.5 0 0 0-.5-.5H8V0h2Z\" \/>\n\t\t\t<\/svg>\n\t\t<\/button><\/figure>\n\n\n\n<h2 class=\"wp-block-heading\"><span class=\"ez-toc-section\" id=\"Thermes_en_Rhenanie-Palatinat\"><\/span>Thermes en Rh\u00e9nanie-Palatinat<span class=\"ez-toc-section-end\"><\/span><\/h2>\n\n\n\n<p class=\"wp-block-paragraph\">La Rh\u00e9nanie-Palatinat ne fait peut-\u00eatre pas partie des destinations allemandes les plus connues pour les plaisirs aquatiques, mais elle rec\u00e8le de v\u00e9ritables tr\u00e9sors. Si tu cherches des <strong>bains plus petits mais de tr\u00e8s grande qualit\u00e9<\/strong>, tu trouveras exactement ton compte ici. Face aux immenses parcs aquatiques tropicaux remplis de toboggans, tu trouves ici une atmosph\u00e8re bien plus calme. Les complexes locaux se concentrent plut\u00f4t sur un vrai repos, une eau curative et un sauna authentique dans un cadre silencieux.<\/p>\n\n\n\n<p class=\"wp-block-paragraph\">Rends-toi ici si tu veux profiter des bienfaits des sources naturelles sans pr\u00e9cipitation inutile. Des villes connues comme Bad Kreuznach ou Bad Ems s\u00e9duisent par une <strong>eau au radon ou saline<\/strong>, qui d\u00e9tend les muscles fatigu\u00e9s. Le trajet en voiture depuis la France prend certes un peu plus de temps, mais pour ce calme divin et ces foules r\u00e9duites, \u00e7a en vaut la peine. C&rsquo;est tout simplement un choix id\u00e9al pour un <strong>week-end prolong\u00e9 d\u00e9contract\u00e9<\/strong> plein de d\u00e9tente.<\/p>\n\n\n\n<figure data-wp-context=\"{&quot;imageId&quot;:&quot;6a9c5ffc3c9f3&quot;}\" data-wp-interactive=\"core\/image\" data-wp-key=\"6a9c5ffc3c9f3\" class=\"wp-block-image size-full wp-lightbox-container\"><img decoding=\"async\" width=\"1800\" height=\"1203\" data-wp-class--hide=\"state.isContentHidden\" data-wp-class--show=\"state.isContentVisible\" data-wp-init=\"callbacks.setButtonStyles\" data-wp-on--click=\"actions.showLightbox\" data-wp-on--load=\"callbacks.setButtonStyles\" data-wp-on--pointerdown=\"actions.preloadImage\" data-wp-on--pointerenter=\"actions.preloadImageWithDelay\" data-wp-on--pointerleave=\"actions.cancelPreload\" data-wp-on-window--resize=\"callbacks.setButtonStyles\" src=\"https:\/\/loudavymkrokem.cz\/wp-content\/uploads\/2026\/09\/nemecko-clanky-termaly-nemecko-62-7c30d429.jpg\" alt=\"Crucenia Thermen \u00e0 Bad Kreuznach au-dessus de la Nahe\" class=\"wp-image-415518\" title=\"\" srcset=\"https:\/\/loudavymkrokem.cz\/wp-content\/uploads\/2026\/09\/nemecko-clanky-termaly-nemecko-62-7c30d429.jpg 1800w, https:\/\/loudavymkrokem.cz\/wp-content\/uploads\/2026\/09\/nemecko-clanky-termaly-nemecko-62-7c30d429-300x201.jpg 300w, https:\/\/loudavymkrokem.cz\/wp-content\/uploads\/2026\/09\/nemecko-clanky-termaly-nemecko-62-7c30d429-700x468.jpg 700w, https:\/\/loudavymkrokem.cz\/wp-content\/uploads\/2026\/09\/nemecko-clanky-termaly-nemecko-62-7c30d429-768x513.jpg 768w, https:\/\/loudavymkrokem.cz\/wp-content\/uploads\/2026\/09\/nemecko-clanky-termaly-nemecko-62-7c30d429-1536x1027.jpg 1536w, https:\/\/loudavymkrokem.cz\/wp-content\/uploads\/2026\/09\/nemecko-clanky-termaly-nemecko-62-7c30d429-696x465.jpg 696w, https:\/\/loudavymkrokem.cz\/wp-content\/uploads\/2026\/09\/nemecko-clanky-termaly-nemecko-62-7c30d429-1392x930.jpg 1392w\" sizes=\"(max-width: 1800px) 100vw, 1800px\" \/><button\n\t\t\tclass=\"lightbox-trigger\"\n\t\t\ttype=\"button\"\n\t\t\taria-haspopup=\"dialog\"\n\t\t\tdata-wp-bind--aria-label=\"state.thisImage.triggerButtonAriaLabel\"\n\t\t\tdata-wp-init=\"callbacks.initTriggerButton\"\n\t\t\tdata-wp-on--click=\"actions.showLightbox\"\n\t\t\tdata-wp-style--right=\"state.thisImage.buttonRight\"\n\t\t\tdata-wp-style--top=\"state.thisImage.buttonTop\"\n\t\t>\n\t\t\t<svg xmlns=\"http:\/\/www.w3.org\/2000\/svg\" width=\"12\" height=\"12\" fill=\"none\" viewBox=\"0 0 12 12\">\n\t\t\t\t<path fill=\"#fff\" d=\"M2 0a2 2 0 0 0-2 2v2h1.5V2a.5.5 0 0 1 .5-.5h2V0H2Zm2 10.5H2a.5.5 0 0 1-.5-.5V8H0v2a2 2 0 0 0 2 2h2v-1.5ZM8 12v-1.5h2a.5.5 0 0 0 .5-.5V8H12v2a2 2 0 0 1-2 2H8Zm2-12a2 2 0 0 1 2 2v2h-1.5V2a.5.5 0 0 0-.5-.5H8V0h2Z\" \/>\n\t\t\t<\/svg>\n\t\t<\/button><figcaption class=\"wp-element-caption\">Photo : Pudelek (Marcin Szala) \/ Wikimedia Commons, CC BY-SA 3.0<\/figcaption><\/figure>\n\n\n\n<h3 class=\"wp-block-heading\"><span class=\"ez-toc-section\" id=\"50_Crucenia_Thermen_Bad_Kreuznach\"><\/span>50. Crucenia Thermen (Bad Kreuznach)<span class=\"ez-toc-section-end\"><\/span><\/h3>\n\n\n\n<p class=\"wp-block-paragraph\">Ces agr\u00e9ables bains de la ville de Bad Kreuznach se targuent d&rsquo;un d\u00e9tail tr\u00e8s sympathique : une <strong>accessibilit\u00e9 officiellement certifi\u00e9e<\/strong>. Si tu as toi-m\u00eame une mobilit\u00e9 r\u00e9duite, ou si tu pars pour le week-end avec une personne plus \u00e2g\u00e9e de la famille, les Crucenia Thermen seront pour toi un choix id\u00e9al. Tout le complexe mise globalement plut\u00f4t sur le calme, la sant\u00e9 et un rythme plus lent que sur des attractions aquatiques d\u00e9cha\u00een\u00e9es.<\/p>\n\n\n\n<p class=\"wp-block-paragraph\">Tu peux te r\u00e9jouir de <strong>deux bassins int\u00e9rieurs et un ext\u00e9rieur<\/strong>, dans lesquels s&rsquo;\u00e9coule sans cesse une eau thermale \u00e0 environ 33 \u00b0C. Si tu aimes patauger longtemps, tu appr\u00e9cieras un autre bassin chauff\u00e9 exactement \u00e0 30 \u00b0C, compl\u00e9t\u00e9 par des transats de massage \u00e0 bulles et une salle de repos cosy. L&rsquo;<strong>aquafitness est inclus dans le prix d&rsquo;entr\u00e9e<\/strong>, tu peux donc aussi t&rsquo;\u00e9tirer un peu activement. Pour une chauffe rapide du corps, l&rsquo;infrasauna local fait ensuite parfaitement l&rsquo;affaire.<\/p>\n\n\n\n<p class=\"wp-block-paragraph\">C\u00f4t\u00e9 co\u00fbts, les services compl\u00e9mentaires font plaisir, car tu les obtiens ici \u00e0 des tarifs tr\u00e8s amicaux. D&rsquo;apr\u00e8s le tarif 2026, tu paieras pour un <strong>massage partiel d&rsquo;une demi-heure seulement 8 \u20ac<\/strong>, ce qui, pour l&rsquo;Allemagne, est un prix tr\u00e8s correct. Si tu veux offrir un s\u00e9jour \u00e0 quelqu&rsquo;un, les bons cadeaux commencent d\u00e8s 5 \u20ac. <strong>\ud83d\udca1 Astuce :<\/strong> M\u00eame si tu n&rsquo;attends pas ici un immense parc sauna, l&rsquo;eau curative \u00e0 elle seule suffit largement \u00e0 te r\u00e9chauffer les os apr\u00e8s une journ\u00e9e d&rsquo;excursion.<\/p>\n\n\n\n<figure data-wp-context=\"{&quot;imageId&quot;:&quot;6a9c5ffc3d21a&quot;}\" data-wp-interactive=\"core\/image\" data-wp-key=\"6a9c5ffc3d21a\" class=\"wp-block-image size-full wp-lightbox-container\"><img decoding=\"async\" width=\"1800\" height=\"1800\" data-wp-class--hide=\"state.isContentHidden\" data-wp-class--show=\"state.isContentVisible\" data-wp-init=\"callbacks.setButtonStyles\" data-wp-on--click=\"actions.showLightbox\" data-wp-on--load=\"callbacks.setButtonStyles\" data-wp-on--pointerdown=\"actions.preloadImage\" data-wp-on--pointerenter=\"actions.preloadImageWithDelay\" data-wp-on--pointerleave=\"actions.cancelPreload\" data-wp-on-window--resize=\"callbacks.setButtonStyles\" src=\"https:\/\/loudavymkrokem.cz\/wp-content\/uploads\/2026\/09\/nemecko-clanky-termaly-nemecko-63-ec29e746-1.jpg\" alt=\"Emser Therme (Bad Ems)\" class=\"wp-image-415437\" title=\"\" srcset=\"https:\/\/loudavymkrokem.cz\/wp-content\/uploads\/2026\/09\/nemecko-clanky-termaly-nemecko-63-ec29e746-1.jpg 1800w, https:\/\/loudavymkrokem.cz\/wp-content\/uploads\/2026\/09\/nemecko-clanky-termaly-nemecko-63-ec29e746-1-300x300.jpg 300w, https:\/\/loudavymkrokem.cz\/wp-content\/uploads\/2026\/09\/nemecko-clanky-termaly-nemecko-63-ec29e746-1-700x700.jpg 700w, https:\/\/loudavymkrokem.cz\/wp-content\/uploads\/2026\/09\/nemecko-clanky-termaly-nemecko-63-ec29e746-1-150x150.jpg 150w, https:\/\/loudavymkrokem.cz\/wp-content\/uploads\/2026\/09\/nemecko-clanky-termaly-nemecko-63-ec29e746-1-768x768.jpg 768w, https:\/\/loudavymkrokem.cz\/wp-content\/uploads\/2026\/09\/nemecko-clanky-termaly-nemecko-63-ec29e746-1-1536x1536.jpg 1536w, https:\/\/loudavymkrokem.cz\/wp-content\/uploads\/2026\/09\/nemecko-clanky-termaly-nemecko-63-ec29e746-1-696x696.jpg 696w, https:\/\/loudavymkrokem.cz\/wp-content\/uploads\/2026\/09\/nemecko-clanky-termaly-nemecko-63-ec29e746-1-1392x1392.jpg 1392w\" sizes=\"(max-width: 1800px) 100vw, 1800px\" \/><button\n\t\t\tclass=\"lightbox-trigger\"\n\t\t\ttype=\"button\"\n\t\t\taria-haspopup=\"dialog\"\n\t\t\tdata-wp-bind--aria-label=\"state.thisImage.triggerButtonAriaLabel\"\n\t\t\tdata-wp-init=\"callbacks.initTriggerButton\"\n\t\t\tdata-wp-on--click=\"actions.showLightbox\"\n\t\t\tdata-wp-style--right=\"state.thisImage.buttonRight\"\n\t\t\tdata-wp-style--top=\"state.thisImage.buttonTop\"\n\t\t>\n\t\t\t<svg xmlns=\"http:\/\/www.w3.org\/2000\/svg\" width=\"12\" height=\"12\" fill=\"none\" viewBox=\"0 0 12 12\">\n\t\t\t\t<path fill=\"#fff\" d=\"M2 0a2 2 0 0 0-2 2v2h1.5V2a.5.5 0 0 1 .5-.5h2V0H2Zm2 10.5H2a.5.5 0 0 1-.5-.5V8H0v2a2 2 0 0 0 2 2h2v-1.5ZM8 12v-1.5h2a.5.5 0 0 0 .5-.5V8H12v2a2 2 0 0 1-2 2H8Zm2-12a2 2 0 0 1 2 2v2h-1.5V2a.5.5 0 0 0-.5-.5H8V0h2Z\" \/>\n\t\t\t<\/svg>\n\t\t<\/button><\/figure>\n\n\n\n<h3 class=\"wp-block-heading\"><span class=\"ez-toc-section\" id=\"51_Emser_Therme_Bad_Ems\"><\/span>51. Emser Therme (Bad Ems)<span class=\"ez-toc-section-end\"><\/span><\/h3>\n\n\n\n<p class=\"wp-block-paragraph\">Ces magnifiques bains se trouvent directement au bord de la rivi\u00e8re Lahn et t&rsquo;offriront <strong>6 600 m\u00e8tres carr\u00e9s de surface de d\u00e9tente<\/strong>. Tu y trouves un vaste paysage thermal, un parc sauna, une galerie bien-\u00eatre, un panorama fitness et le restaurant Halberts. L&rsquo;Emser Therme est tout simplement un immense univers de repos complet, o\u00f9 tu passeras facilement une journ\u00e9e enti\u00e8re tout en ayant toujours de quoi d\u00e9couvrir.<\/p>\n\n\n\n<p class=\"wp-block-paragraph\">Tu profiteras des plaisirs aquatiques sur <strong>plus de 700 m\u00e8tres carr\u00e9s de plan d&rsquo;eau<\/strong>. Le bassin thermal int\u00e9rieur principal t&rsquo;accueille \u00e0 33 \u00b0C, mais il est imm\u00e9diatement prolong\u00e9 par une zone encore plus chaude \u00e0 36 \u00b0C. Tu peux aussi nager dehors, o\u00f9 l&rsquo;eau est \u00e0 32-35 \u00b0C et t&rsquo;offre une belle vue sur la rivi\u00e8re. Pour les nageurs plus actifs, le complexe abrite ensuite un <strong>bassin sportif \u00e0 24-28 \u00b0C<\/strong> et un bassin sp\u00e9cial pour les activit\u00e9s physiques.<\/p>\n\n\n\n<p class=\"wp-block-paragraph\">Les amateurs de transpiration seront ravis de l&rsquo;immense complexe, qui offre plus de <strong>1 000 m\u00e8tres carr\u00e9s d&rsquo;espace pour le sauna<\/strong>. C&rsquo;est tout simplement l&rsquo;endroit optimal pour une r\u00e9g\u00e9n\u00e9ration profonde du corps et de l&rsquo;esprit. Pour l&rsquo;endurcissement au sauna, tu utiliseras un petit bassin chaud \u00e0 38 \u00b0C, puis tu te rafra\u00eechiras vite dans une eau glac\u00e9e \u00e0 dix-huit degr\u00e9s. <strong>\ud83d\udca1 Astuce :<\/strong> Si la faim te prend apr\u00e8s la nage, teste directement le restaurant local Halberts, pour ne pas avoir \u00e0 quitter le complexe de la journ\u00e9e.<\/p>\n\n\n\n<figure data-wp-context=\"{&quot;imageId&quot;:&quot;6a9c5ffc3d983&quot;}\" data-wp-interactive=\"core\/image\" data-wp-key=\"6a9c5ffc3d983\" class=\"wp-block-image size-full wp-lightbox-container\"><img decoding=\"async\" width=\"1800\" height=\"1350\" data-wp-class--hide=\"state.isContentHidden\" data-wp-class--show=\"state.isContentVisible\" data-wp-init=\"callbacks.setButtonStyles\" data-wp-on--click=\"actions.showLightbox\" data-wp-on--load=\"callbacks.setButtonStyles\" data-wp-on--pointerdown=\"actions.preloadImage\" data-wp-on--pointerenter=\"actions.preloadImageWithDelay\" data-wp-on--pointerleave=\"actions.cancelPreload\" data-wp-on-window--resize=\"callbacks.setButtonStyles\" src=\"https:\/\/loudavymkrokem.cz\/wp-content\/uploads\/2026\/09\/nemecko-clanky-termaly-nemecko-64-23e551d5-1.jpg\" alt=\"Jardin sauna du vabali spa \u00e0 Berlin\" class=\"wp-image-415441\" title=\"\" srcset=\"https:\/\/loudavymkrokem.cz\/wp-content\/uploads\/2026\/09\/nemecko-clanky-termaly-nemecko-64-23e551d5-1.jpg 1800w, https:\/\/loudavymkrokem.cz\/wp-content\/uploads\/2026\/09\/nemecko-clanky-termaly-nemecko-64-23e551d5-1-300x225.jpg 300w, https:\/\/loudavymkrokem.cz\/wp-content\/uploads\/2026\/09\/nemecko-clanky-termaly-nemecko-64-23e551d5-1-700x525.jpg 700w, https:\/\/loudavymkrokem.cz\/wp-content\/uploads\/2026\/09\/nemecko-clanky-termaly-nemecko-64-23e551d5-1-768x576.jpg 768w, https:\/\/loudavymkrokem.cz\/wp-content\/uploads\/2026\/09\/nemecko-clanky-termaly-nemecko-64-23e551d5-1-1536x1152.jpg 1536w, https:\/\/loudavymkrokem.cz\/wp-content\/uploads\/2026\/09\/nemecko-clanky-termaly-nemecko-64-23e551d5-1-80x60.jpg 80w, https:\/\/loudavymkrokem.cz\/wp-content\/uploads\/2026\/09\/nemecko-clanky-termaly-nemecko-64-23e551d5-1-160x120.jpg 160w, https:\/\/loudavymkrokem.cz\/wp-content\/uploads\/2026\/09\/nemecko-clanky-termaly-nemecko-64-23e551d5-1-696x522.jpg 696w, https:\/\/loudavymkrokem.cz\/wp-content\/uploads\/2026\/09\/nemecko-clanky-termaly-nemecko-64-23e551d5-1-1392x1044.jpg 1392w\" sizes=\"(max-width: 1800px) 100vw, 1800px\" \/><button\n\t\t\tclass=\"lightbox-trigger\"\n\t\t\ttype=\"button\"\n\t\t\taria-haspopup=\"dialog\"\n\t\t\tdata-wp-bind--aria-label=\"state.thisImage.triggerButtonAriaLabel\"\n\t\t\tdata-wp-init=\"callbacks.initTriggerButton\"\n\t\t\tdata-wp-on--click=\"actions.showLightbox\"\n\t\t\tdata-wp-style--right=\"state.thisImage.buttonRight\"\n\t\t\tdata-wp-style--top=\"state.thisImage.buttonTop\"\n\t\t>\n\t\t\t<svg xmlns=\"http:\/\/www.w3.org\/2000\/svg\" width=\"12\" height=\"12\" fill=\"none\" viewBox=\"0 0 12 12\">\n\t\t\t\t<path fill=\"#fff\" d=\"M2 0a2 2 0 0 0-2 2v2h1.5V2a.5.5 0 0 1 .5-.5h2V0H2Zm2 10.5H2a.5.5 0 0 1-.5-.5V8H0v2a2 2 0 0 0 2 2h2v-1.5ZM8 12v-1.5h2a.5.5 0 0 0 .5-.5V8H12v2a2 2 0 0 1-2 2H8Zm2-12a2 2 0 0 1 2 2v2h-1.5V2a.5.5 0 0 0-.5-.5H8V0h2Z\" \/>\n\t\t\t<\/svg>\n\t\t<\/button><\/figure>\n\n\n\n<h2 class=\"wp-block-heading\"><span class=\"ez-toc-section\" id=\"Guide_pratique_quoi_emporter_avec_les_enfants_et_en_especes\"><\/span>Guide pratique : quoi emporter, avec les enfants et en esp\u00e8ces<span class=\"ez-toc-section-end\"><\/span><\/h2>\n\n\n\n<p class=\"wp-block-paragraph\">Avant de partir, glisse dans ton sac une <strong>grande serviette \u00e0 mettre sous toi au sauna<\/strong>, car chez nos voisins on sauna strictement sans maillot et la serviette doit se trouver sous tout le corps. Pour te d\u00e9placer entre les bassins, des tongs seront utiles et, pour la baignade elle-m\u00eame, un maillot bien s\u00fbr. La location d&rsquo;un peignoir ou d&rsquo;une serviette sur place est presque partout payante, au Thermen &#038; Badewelt Sinsheim par exemple tu <strong>paies 9 \u20ac pour le peignoir et 40 \u20ac de caution<\/strong>. Au Kristalltherme Bad Wilsnack, une serviette avec peignoir revient \u00e0 12 \u20ac et pr\u00e9vois en plus 15 \u20ac de caution.<\/p>\n\n\n\n<p class=\"wp-block-paragraph\">Tu peux laisser ton portefeuille tranquillement dans le casier, car \u00e0 l&rsquo;int\u00e9rieur on <strong>paie avec une puce ou un bracelet<\/strong> re\u00e7u \u00e0 l&rsquo;entr\u00e9e. Tu r\u00e9gleras l&rsquo;addition du repas et les \u00e9ventuels suppl\u00e9ments pour s\u00e9jour prolong\u00e9 seulement \u00e0 la fin, \u00e0 la caisse de sortie, sachant que certains complexes fixent des limites de cr\u00e9dit, comme le Titania Neus\u00e4\u00df avec une limite de 50 \u20ac par adulte. <strong>\ud83d\udca1 Astuce :<\/strong> Si tu visites souvent les thermes, renseigne-toi sur les cartes pr\u00e9pay\u00e9es, car \u00e0 Sinsheim par exemple, avec un cr\u00e9dit de 150 \u20ac tu obtiens directement 5 % de r\u00e9duction sur l&rsquo;entr\u00e9e.<\/p>\n\n\n\n<p class=\"wp-block-paragraph\">Le stationnement est g\u00e9n\u00e9ralement r\u00e9gl\u00e9 chez la plupart des complexes par de g\u00e9n\u00e9reux parkings, certains endroits pensant m\u00eame aux camping-cars, comme l&rsquo;Adelindis Therme Bad Buchau. Aux Carolus Thermen Aachen par exemple, tu <strong>paies pour le garage un forfait de 6 \u20ac<\/strong> pour toute la dur\u00e9e de la visite et tu rejoins les bassins confortablement au sec.<\/p>\n\n\n\n<p class=\"wp-block-paragraph\">Tu cherches le calme ? Alors <strong>\u00e9vite les week-ends, les jours f\u00e9ri\u00e9s et les vacances scolaires allemandes<\/strong>, o\u00f9 non seulement c&rsquo;est partout bond\u00e9, mais o\u00f9 l&rsquo;on paie aussi souvent des suppl\u00e9ments week-end de 1,50 \u00e0 5 \u20ac. Certains complexes, comme le VitaSol Therme Bad Salzuflen, <strong>affichent m\u00eame sur leur site le taux d&rsquo;occupation actuel<\/strong>, tu peux donc v\u00e9rifier les places libres avant de partir. Au Spreewald Therme Burg, tu peux ensuite r\u00e9server pour 7,50 \u20ac un transat pr\u00e9cis dans la zone de d\u00e9tente pour toute la journ\u00e9e, et \u00eatre ainsi s\u00fbr d&rsquo;avoir ta place.<\/p>\n\n\n\n<p class=\"wp-block-paragraph\">Les familles avec enfants devraient choisir soigneusement \u00e0 l&rsquo;avance, car <strong>certains complexes ont des limites d&rsquo;\u00e2ge strictes<\/strong> et misent plut\u00f4t sur le repos silencieux des adultes. Au Thermen &#038; Badewelt Sinsheim, on ne te laisse entrer qu&rsquo;\u00e0 partir de 16 ans et le Mineraltherme B\u00f6blingen par exemple ne laisse pas entrer les enfants de moins de cinq ans. \u00c0 l&rsquo;inverse, au Therme Erding ou au Titania Neus\u00e4\u00df avec leurs tarifs familiaux avantageux, les <strong>enfants se d\u00e9fouleront \u00e0 c\u0153ur joie sur les toboggans et les vagues<\/strong>.<\/p>\n\n\n\n<p class=\"wp-block-paragraph\">Avant m\u00eame de partir, je te conseille de <strong>v\u00e9rifier le tarif actuel 2026<\/strong> et les \u00e9ventuelles fermetures techniques directement sur le site des bains choisis. Tu \u00e9viteras ainsi une d\u00e9ception inutile sur place, car par exemple le bassin thermal ext\u00e9rieur du Bodensee-Therme Konstanz est en r\u00e9vision jusqu&rsquo;au 25 septembre 2026. De m\u00eame, il est bon de savoir que <strong>au D\u00fcnen-Therme St. Peter-Ording, la piscine \u00e0 vagues est actuellement hors service<\/strong>, tout comme le populaire Turbo-Rutsche.<\/p>\n\n\n\n<h2 class=\"wp-block-heading\"><span class=\"ez-toc-section\" id=\"Pour_aller_plus_loin_autres_articles_sur_les_thermes_et_le_bien-etre\"><\/span>Pour aller plus loin : autres articles sur les thermes et le bien-\u00eatre<span class=\"ez-toc-section-end\"><\/span><\/h2>\n\n\n\n<ul class=\"wp-block-list\">\n\n<li><strong><a href=\"https:\/\/loudavymkrokem.cz\/fr\/hotels-wellness-allemagne\/\">H\u00f4tels bien-\u00eatre en Allemagne<\/a><\/strong> &#8211; d\u00e9couvre nos id\u00e9es sur les meilleurs endroits pour se d\u00e9tendre chez nos voisins.<\/li>\n\n\n\n<li><strong><a href=\"https:\/\/loudavymkrokem.cz\/fr\/meilleurs-parcs-aquatiques-allemagne\/\">Les meilleurs parcs aquatiques en Allemagne<\/a><\/strong> &#8211; si tu cherches plut\u00f4t de l&rsquo;adr\u00e9naline et des toboggans, ces endroits te raviront.<\/li>\n\n\n\n<li><strong><a href=\"https:\/\/loudavymkrokem.cz\/fr\/thermes-republique-tcheque\/\">Les meilleurs thermes et bains thermaux en Tch\u00e9quie<\/a><\/strong> &#8211; d\u00e9couvre les plus beaux complexes tch\u00e8ques.<\/li>\n\n\n\n<li><strong><a href=\"https:\/\/loudavymkrokem.cz\/fr\/slovaquie-destinations-thermales\/\">Thermes en Slovaquie<\/a><\/strong> &#8211; d\u00e9couvre o\u00f9 partir pour des sources chaudes et du repos en Slovaquie.<\/li>\n\n\n\n<li><strong><a href=\"https:\/\/loudavymkrokem.cz\/fr\/hotels-wellness-autriche\/\">H\u00f4tels bien-\u00eatre en Autriche<\/a><\/strong> &#8211; inspire-toi de magnifiques h\u00f4tels autrichiens qui allient montagnes et soins luxueux.<\/li>\n\n\n\n<li><strong><a href=\"https:\/\/loudavymkrokem.cz\/fr\/chateau-neuschwanstein-allemagne\/\">Ch\u00e2teau de Neuschwanstein<\/a><\/strong> &#8211; lis notre article sur ce ch\u00e2teau de conte de f\u00e9es, car le K\u00f6nigliche Kristall-Therme \u00e0 Schwangau se dresse juste en dessous.<\/li>\n\n\n<\/ul>\n\n\n\n<h2 class=\"wp-block-heading\"><span class=\"ez-toc-section\" id=\"Questions_frequentes\"><\/span>Questions fr\u00e9quentes<span class=\"ez-toc-section-end\"><\/span><\/h2>\n\n\n\n<p class=\"wp-block-paragraph\">Tu as encore des questions compl\u00e9mentaires sur la visite des bains allemands ? Je t&rsquo;ai pr\u00e9par\u00e9 un r\u00e9capitulatif des demandes les plus fr\u00e9quentes, pour te faciliter la planification de ton voyage.<\/p>\n\n\n<div id=\"rank-math-faq\" class=\"rank-math-block\">\n<div class=\"rank-math-list \">\n<div id=\"faq-question-1788420581000\" class=\"rank-math-list-item\">\n<h3 class=\"rank-math-question \"><span class=\"ez-toc-section\" id=\"Quel_est_le_plus_grand_complexe_thermal_dAllemagne\"><\/span>Quel est le plus grand complexe thermal d&rsquo;Allemagne ?<span class=\"ez-toc-section-end\"><\/span><\/h3>\n<div class=\"rank-math-answer \">\n\n<p>Le titre du plus grand complexe thermal d&rsquo;Allemagne revient \u00e0 Therme Erding. Selon le site officiel, vous y trouverez 40 bassins, 38 saunas et bains de vapeur, ainsi que pas moins de 28 toboggans pour une longueur totale de plus de 2 850 m\u00e8tres. C&rsquo;est un complexe immense qui s&rsquo;\u00e9tend sur une superficie \u00e9norme et offre de quoi s&rsquo;occuper toute la journ\u00e9e, pour les adultes comme pour les enfants.<\/p>\n\n<\/div>\n<\/div>\n<div id=\"faq-question-1788420581001\" class=\"rank-math-list-item\">\n<h3 class=\"rank-math-question \"><span class=\"ez-toc-section\" id=\"Combien_coute_lentree_dans_un_complexe_thermal_allemand\"><\/span>Combien co\u00fbte l&rsquo;entr\u00e9e dans un complexe thermal allemand ?<span class=\"ez-toc-section-end\"><\/span><\/h3>\n<div class=\"rank-math-answer \">\n\n<p>Le niveau de prix pour 2026 se situe g\u00e9n\u00e9ralement entre 13 et 21 \u20ac pour deux heures de baignade. Pour une entr\u00e9e \u00e0 la journ\u00e9e, vous paierez le plus souvent entre 18 et 37 \u20ac. Les plus chers de notre s\u00e9lection sont les thermes Bad W\u00f6rishofen, o\u00f9 le billet \u00e0 la journ\u00e9e co\u00fbte 51 \u20ac. Si vous souhaitez \u00e9galement acc\u00e9der \u00e0 l&rsquo;espace sauna, pr\u00e9voyez un suppl\u00e9ment d&rsquo;environ 5 \u00e0 10 \u20ac.<\/p>\n\n<\/div>\n<\/div>\n<div id=\"faq-question-1788420581002\" class=\"rank-math-list-item\">\n<h3 class=\"rank-math-question \"><span class=\"ez-toc-section\" id=\"Faut-il_etre_nu_dans_les_saunas_allemands\"><\/span>Faut-il \u00eatre nu dans les saunas allemands ?<span class=\"ez-toc-section-end\"><\/span><\/h3>\n<div class=\"rank-math-answer \">\n\n<p>Oui, dans les saunas en Allemagne, on entre strictement sans maillot de bain. N&rsquo;oubliez donc pas d&#8217;emporter une grande serviette ou un drap, car vous devez avoir tout le corps pos\u00e9 dessus, y compris les pieds. Si vous \u00eates pudique, vous pouvez vous envelopper dans votre serviette, mais les ma\u00eetres-nageurs ne vous laisseront pas entrer en maillot mouill\u00e9 pour des raisons d&rsquo;hygi\u00e8ne.<\/p>\n\n<\/div>\n<\/div>\n<div id=\"faq-question-1788420581003\" class=\"rank-math-list-item\">\n<h3 class=\"rank-math-question \"><span class=\"ez-toc-section\" id=\"Quels_complexes_thermaux_allemands_sont_les_plus_proches_de_la_France\"><\/span>Quels complexes thermaux allemands sont les plus proches de la France ?<span class=\"ez-toc-section-end\"><\/span><\/h3>\n<div class=\"rank-math-answer \">\n\n<p>Dans le sud-ouest de l&rsquo;Allemagne, vous trouverez plusieurs thermes facilement accessibles depuis la France, notamment depuis Strasbourg ou Mulhouse. En Bade-Wurtemberg, vous pouvez rejoindre des complexes comme Mineraltherme B\u00f6blingen ou Thermen &amp; Badewelt Sinsheim. Plus au sud, pr\u00e8s de la fronti\u00e8re suisse et de l&rsquo;Autriche, les thermes de Bad F\u00fcssing et Bad Griesbach sont \u00e9galement bien accessibles depuis la r\u00e9gion de Mulhouse ou B\u00e2le.<\/p>\n\n<\/div>\n<\/div>\n<div id=\"faq-question-1788420581004\" class=\"rank-math-list-item\">\n<h3 class=\"rank-math-question \"><span class=\"ez-toc-section\" id=\"Les_enfants_peuvent-ils_aller_dans_les_complexes_thermaux_allemands\"><\/span>Les enfants peuvent-ils aller dans les complexes thermaux allemands ?<span class=\"ez-toc-section-end\"><\/span><\/h3>\n<div class=\"rank-math-answer \">\n\n<p>Cela d\u00e9pend du complexe concern\u00e9, car beaucoup d&rsquo;entre eux s&rsquo;adressent plut\u00f4t aux adultes. Par exemple, les Thermen &amp; Badewelt Sinsheim n&rsquo;acceptent les jeunes qu&rsquo;\u00e0 partir de 16 ans et le Mineraltherme B\u00f6blingen n&rsquo;autorise pas les enfants de moins de 5 ans. En revanche, Therme Erding ou Titania Neus\u00e4\u00df sont parfaits pour les familles avec enfants et proposent des tarifs familiaux ainsi que des attractions.<\/p>\n\n<\/div>\n<\/div>\n<div id=\"faq-question-1788420581005\" class=\"rank-math-list-item\">\n<h3 class=\"rank-math-question \"><span class=\"ez-toc-section\" id=\"Que_signifie_Bademantelgang\"><\/span>Que signifie Bademantelgang ?<span class=\"ez-toc-section-end\"><\/span><\/h3>\n<div class=\"rank-math-answer \">\n\n<p>Le mot Bademantelgang d\u00e9signe un couloir chauff\u00e9 qui relie certains h\u00e9bergements directement au complexe thermal. Gr\u00e2ce \u00e0 cela, vous pouvez vous changer et enfiler votre maillot et votre peignoir dans le confort de votre chambre d&rsquo;h\u00f4tel, puis rejoindre les bassins au sec. Vous n&rsquo;avez donc pas besoin d&rsquo;utiliser les vestiaires collectifs et les casiers des thermes.<\/p>\n\n<\/div>\n<\/div>\n<div id=\"faq-question-1788420581006\" class=\"rank-math-list-item\">\n<h3 class=\"rank-math-question \"><span class=\"ez-toc-section\" id=\"Dois-je_apporter_ma_propre_serviette_et_mon_propre_peignoir\"><\/span>Dois-je apporter ma propre serviette et mon propre peignoir ?<span class=\"ez-toc-section-end\"><\/span><\/h3>\n<div class=\"rank-math-answer \">\n\n<p>Apportez votre propre \u00e9quipement, car la location de peignoir et de serviette est presque toujours payante dans les complexes thermaux allemands et n\u00e9cessite une caution. Par exemple, au Kristalltherme Bad Wilsnack, vous paierez 5 \u20ac pour une serviette et 7 \u20ac pour un peignoir, en laissant en plus une caution de 15 \u20ac. Votre visite reviendrait ainsi inutilement plus cher.<\/p>\n\n<\/div>\n<\/div>\n<div id=\"faq-question-1788420581007\" class=\"rank-math-list-item\">\n<h3 class=\"rank-math-question \"><span class=\"ez-toc-section\" id=\"Quand_y_a-t-il_le_moins_de_monde_dans_les_complexes_thermaux_allemands\"><\/span>Quand y a-t-il le moins de monde dans les complexes thermaux allemands ?<span class=\"ez-toc-section-end\"><\/span><\/h3>\n<div class=\"rank-math-answer \">\n\n<p>Vous profiterez du plus grand calme en semaine, id\u00e9alement juste apr\u00e8s l&rsquo;ouverture du matin ou au contraire en soir\u00e9e. \u00c9vitez absolument les week-ends, les jours f\u00e9ri\u00e9s et les p\u00e9riodes de vacances scolaires allemandes. De plus, de nombreux thermes appliquent des suppl\u00e9ments le week-end, g\u00e9n\u00e9ralement entre 1,50 et 5 \u20ac, donc en venant en semaine, vous ferez aussi des \u00e9conomies.<\/p>\n\n<\/div>\n<\/div>\n<div id=\"faq-question-1788420581008\" class=\"rank-math-list-item\">\n<h3 class=\"rank-math-question \"><span class=\"ez-toc-section\" id=\"Y_a-t-il_une_taxe_de_sejour_thermal_en_Allemagne\"><\/span>Y a-t-il une taxe de s\u00e9jour thermal en Allemagne ?<span class=\"ez-toc-section-end\"><\/span><\/h3>\n<div class=\"rank-math-answer \">\n\n<p>Oui, si vous s\u00e9journez dans une ville thermale traditionnelle, vous paierez une taxe de s\u00e9jour ou Kurbeitrag. En \u00e9change, vous recevrez g\u00e9n\u00e9ralement une carte d&rsquo;h\u00f4te qui vous donne droit \u00e0 des r\u00e9ductions sur les entr\u00e9es. Par exemple, les clients h\u00e9berg\u00e9s aux alentours du Havel Therme Werder b\u00e9n\u00e9ficient d&rsquo;un tarif r\u00e9duit en semaine, il suffit de pr\u00e9senter la carte \u00e0 la caisse.<\/p>\n\n<\/div>\n<\/div>\n<div id=\"faq-question-1788420581009\" class=\"rank-math-list-item\">\n<h3 class=\"rank-math-question \"><span class=\"ez-toc-section\" id=\"Quel_complexe_thermal_allemand_est_le_plus_adapte_aux_familles_avec_enfants\"><\/span>Quel complexe thermal allemand est le plus adapt\u00e9 aux familles avec enfants ?<span class=\"ez-toc-section-end\"><\/span><\/h3>\n<div class=\"rank-math-answer \">\n\n<p>Le meilleur choix pour les familles est sans aucun doute Therme Erding, o\u00f9 les enfants peuvent se d\u00e9fouler sur 28 toboggans et dans une grande piscine \u00e0 vagues. Les thermes Spreewelten Bad L\u00fcbbenau sont \u00e9galement formidables, car vous pouvez observer des manchots vivants \u00e0 travers une paroi vitr\u00e9e dans le bassin. Titania Neus\u00e4\u00df ou D\u00fcnen-Therme St. Peter-Ording offrent aussi d&rsquo;excellentes infrastructures avec des tarifs enfants avantageux.<\/p>\n\n<\/div>\n<\/div>\n<\/div>\n<\/div>","protected":false},"excerpt":{"rendered":"<p>Panorama complet de 51 thermes allemands par Land : prix 2026, o\u00f9 l&rsquo;on va sans maillot et o\u00f9 dormir juste \u00e0 c\u00f4t\u00e9 du bassin.<\/p>\n","protected":false},"author":3,"featured_media":415526,"comment_status":"open","ping_status":"open","sticky":false,"template":"","format":"standard","meta":{"_acf_changed":false,"footnotes":"","rank_math_title":"Thermes en Allemagne : 51 meilleurs en 2026","rank_math_description":"D\u00e9couvre les meilleurs thermes en Allemagne : 51 id\u00e9es par Land, prix 2026, \u00e9tiquette du sauna et o\u00f9 dormir en peignoir. Planifie ton escapade d\u00e8s maintenant !","rank_math_focus_keyword":"meilleurs thermes allemagne","rank_math_seo_score":""},"categories":[589,558,650],"tags":[],"class_list":["post-417917","post","type-post","status-publish","format-standard","has-post-thumbnail","category-allemagne","category-europe","category-voyages"],"acf":[],"featured_image_src":"https:\/\/loudavymkrokem.cz\/wp-content\/uploads\/2026\/09\/nemecko-clanky-termaly-nemecko-featured-c2c297a7.jpg","author_info":{"display_name":"Lucie Kone\u010dn\u00e1","author_link":"https:\/\/loudavymkrokem.cz\/fr\/author\/lucie-konecna\/"},"_links":{"self":[{"href":"https:\/\/loudavymkrokem.cz\/fr\/wp-json\/wp\/v2\/posts\/417917","targetHints":{"allow":["GET"]}}],"collection":[{"href":"https:\/\/loudavymkrokem.cz\/fr\/wp-json\/wp\/v2\/posts"}],"about":[{"href":"https:\/\/loudavymkrokem.cz\/fr\/wp-json\/wp\/v2\/types\/post"}],"author":[{"embeddable":true,"href":"https:\/\/loudavymkrokem.cz\/fr\/wp-json\/wp\/v2\/users\/3"}],"replies":[{"embeddable":true,"href":"https:\/\/loudavymkrokem.cz\/fr\/wp-json\/wp\/v2\/comments?post=417917"}],"version-history":[{"count":2,"href":"https:\/\/loudavymkrokem.cz\/fr\/wp-json\/wp\/v2\/posts\/417917\/revisions"}],"predecessor-version":[{"id":417919,"href":"https:\/\/loudavymkrokem.cz\/fr\/wp-json\/wp\/v2\/posts\/417917\/revisions\/417919"}],"wp:featuredmedia":[{"embeddable":true,"href":"https:\/\/loudavymkrokem.cz\/fr\/wp-json\/wp\/v2\/media\/415526"}],"wp:attachment":[{"href":"https:\/\/loudavymkrokem.cz\/fr\/wp-json\/wp\/v2\/media?parent=417917"}],"wp:term":[{"taxonomy":"category","embeddable":true,"href":"https:\/\/loudavymkrokem.cz\/fr\/wp-json\/wp\/v2\/categories?post=417917"},{"taxonomy":"post_tag","embeddable":true,"href":"https:\/\/loudavymkrokem.cz\/fr\/wp-json\/wp\/v2\/tags?post=417917"}],"curies":[{"name":"wp","href":"https:\/\/api.w.org\/{rel}","templated":true}]}}