{"id":417904,"date":"2026-09-01T21:10:41","date_gmt":"2026-09-01T19:10:41","guid":{"rendered":"https:\/\/loudavymkrokem.cz\/rio-de-janeiro-choses-voir\/"},"modified":"2026-09-05T18:52:07","modified_gmt":"2026-09-05T16:52:07","slug":"rio-de-janeiro-choses-voir","status":"publish","type":"post","link":"https:\/\/loudavymkrokem.cz\/fr\/rio-de-janeiro-choses-voir\/","title":{"rendered":"Rio de Janeiro, Br\u00e9sil : 22 choses \u00e0 voir et \u00e0 faire en 2026"},"content":{"rendered":"\n<p class=\"wp-block-paragraph\">Si tu envisages un voyage en Am\u00e9rique du Sud et que tu cherches une destination pleine de couleurs et d&rsquo;\u00e9nergie d\u00e9brid\u00e9e, la m\u00e9tropole br\u00e9silienne va te s\u00e9duire sans le moindre doute. <strong>Rio de Janeiro est une ville de contrastes incroyables<\/strong>, o\u00f9 l&rsquo;architecture moderne se m\u00eale \u00e0 la nature sauvage et o\u00f9 les plages dor\u00e9es se fondent progressivement dans une dense for\u00eat tropicale verdoyante. Tu peux t&rsquo;attendre \u00e0 des panoramas saisissants et \u00e0 une culture riche pleine de musique.<\/p>\n\n\n\n<p class=\"wp-block-paragraph\">Planifier un s\u00e9jour dans cette perle tropicale demande une approche un peu diff\u00e9rente, car <strong>Rio se planifie avant tout selon la m\u00e9t\u00e9o<\/strong>, et non selon une liste fig\u00e9e de monuments. Les deux sites les plus c\u00e9l\u00e8bres sont en effet des points de vue en altitude qui perdent tout leur sens sans une bonne visibilit\u00e9. Je te conseille donc de laisser suffisamment de marge dans ton itin\u00e9raire et de r\u00e9agir avec souplesse \u00e0 la brume matinale ou au ciel d\u00e9gag\u00e9.<\/p>\n\n\n\n<p class=\"wp-block-paragraph\">Des plages iconiques aux mus\u00e9es cach\u00e9s, tu trouveras ici tout ce qu&rsquo;il te faut savoir pour composer ton programme exactement \u00e0 ta fa\u00e7on. Et comme bien s&rsquo;orienter dans les quartiers repr\u00e9sente d\u00e9j\u00e0 la moiti\u00e9 du succ\u00e8s, j&rsquo;ajoute aussi des conseils pratiques sur la s\u00e9curit\u00e9 et l&rsquo;h\u00e9bergement.<\/p>\n\n\n\n<figure data-wp-context=\"{&quot;imageId&quot;:&quot;6a9c65475162d&quot;}\" data-wp-interactive=\"core\/image\" data-wp-key=\"6a9c65475162d\" class=\"wp-block-image size-full wp-lightbox-container\"><img decoding=\"async\" width=\"1920\" height=\"1440\" data-wp-class--hide=\"state.isContentHidden\" data-wp-class--show=\"state.isContentVisible\" data-wp-init=\"callbacks.setButtonStyles\" data-wp-on--click=\"actions.showLightbox\" data-wp-on--load=\"callbacks.setButtonStyles\" data-wp-on--pointerdown=\"actions.preloadImage\" data-wp-on--pointerenter=\"actions.preloadImageWithDelay\" data-wp-on--pointerleave=\"actions.cancelPreload\" data-wp-on-window--resize=\"callbacks.setButtonStyles\" src=\"https:\/\/loudavymkrokem.cz\/wp-content\/uploads\/2026\/09\/panorama-ria-s-cukrovou-homoli-49cf45de.jpg\" alt=\"Panorama de Rio avec le Pain de Sucre\" class=\"wp-image-413354\" title=\"\" srcset=\"https:\/\/loudavymkrokem.cz\/wp-content\/uploads\/2026\/09\/panorama-ria-s-cukrovou-homoli-49cf45de.jpg 1920w, https:\/\/loudavymkrokem.cz\/wp-content\/uploads\/2026\/09\/panorama-ria-s-cukrovou-homoli-49cf45de-300x225.jpg 300w, https:\/\/loudavymkrokem.cz\/wp-content\/uploads\/2026\/09\/panorama-ria-s-cukrovou-homoli-49cf45de-700x525.jpg 700w, https:\/\/loudavymkrokem.cz\/wp-content\/uploads\/2026\/09\/panorama-ria-s-cukrovou-homoli-49cf45de-768x576.jpg 768w, https:\/\/loudavymkrokem.cz\/wp-content\/uploads\/2026\/09\/panorama-ria-s-cukrovou-homoli-49cf45de-1536x1152.jpg 1536w, https:\/\/loudavymkrokem.cz\/wp-content\/uploads\/2026\/09\/panorama-ria-s-cukrovou-homoli-49cf45de-80x60.jpg 80w, https:\/\/loudavymkrokem.cz\/wp-content\/uploads\/2026\/09\/panorama-ria-s-cukrovou-homoli-49cf45de-160x120.jpg 160w, https:\/\/loudavymkrokem.cz\/wp-content\/uploads\/2026\/09\/panorama-ria-s-cukrovou-homoli-49cf45de-696x522.jpg 696w, https:\/\/loudavymkrokem.cz\/wp-content\/uploads\/2026\/09\/panorama-ria-s-cukrovou-homoli-49cf45de-1392x1044.jpg 1392w\" sizes=\"(max-width: 1920px) 100vw, 1920px\" \/><button\n\t\t\tclass=\"lightbox-trigger\"\n\t\t\ttype=\"button\"\n\t\t\taria-haspopup=\"dialog\"\n\t\t\tdata-wp-bind--aria-label=\"state.thisImage.triggerButtonAriaLabel\"\n\t\t\tdata-wp-init=\"callbacks.initTriggerButton\"\n\t\t\tdata-wp-on--click=\"actions.showLightbox\"\n\t\t\tdata-wp-style--right=\"state.thisImage.buttonRight\"\n\t\t\tdata-wp-style--top=\"state.thisImage.buttonTop\"\n\t\t>\n\t\t\t<svg xmlns=\"http:\/\/www.w3.org\/2000\/svg\" width=\"12\" height=\"12\" fill=\"none\" viewBox=\"0 0 12 12\">\n\t\t\t\t<path fill=\"#fff\" d=\"M2 0a2 2 0 0 0-2 2v2h1.5V2a.5.5 0 0 1 .5-.5h2V0H2Zm2 10.5H2a.5.5 0 0 1-.5-.5V8H0v2a2 2 0 0 0 2 2h2v-1.5ZM8 12v-1.5h2a.5.5 0 0 0 .5-.5V8H12v2a2 2 0 0 1-2 2H8Zm2-12a2 2 0 0 1 2 2v2h-1.5V2a.5.5 0 0 0-.5-.5H8V0h2Z\" \/>\n\t\t\t<\/svg>\n\t\t<\/button><figcaption class=\"wp-element-caption\">Photo : Acediscovery \/ Wikimedia Commons, CC BY 4.0<\/figcaption><\/figure>\n\n\n\n<div id=\"ez-toc-container\" class=\"ez-toc-v2_0_87 ez-toc-wrap-left counter-hierarchy ez-toc-counter ez-toc-grey ez-toc-container-direction\">\n<div class=\"ez-toc-title-container\">\n<p class=\"ez-toc-title\" style=\"cursor:inherit\">Contenu de l&#039;article<\/p>\n<span class=\"ez-toc-title-toggle\"><a href=\"#\" class=\"ez-toc-pull-right ez-toc-btn ez-toc-btn-xs ez-toc-btn-default ez-toc-toggle\" aria-label=\"Toggle Table of Content\"><span class=\"ez-toc-js-icon-con\"><span class=\"\"><span class=\"eztoc-hide\" style=\"display:none;\">Toggle<\/span><span class=\"ez-toc-icon-toggle-span\"><svg style=\"fill: #999;color:#999\" xmlns=\"http:\/\/www.w3.org\/2000\/svg\" class=\"list-377408\" width=\"20px\" height=\"20px\" viewBox=\"0 0 24 24\" fill=\"none\"><path d=\"M6 6H4v2h2V6zm14 0H8v2h12V6zM4 11h2v2H4v-2zm16 0H8v2h12v-2zM4 16h2v2H4v-2zm16 0H8v2h12v-2z\" fill=\"currentColor\"><\/path><\/svg><svg style=\"fill: #999;color:#999\" class=\"arrow-unsorted-368013\" xmlns=\"http:\/\/www.w3.org\/2000\/svg\" width=\"10px\" height=\"10px\" viewBox=\"0 0 24 24\" version=\"1.2\" baseProfile=\"tiny\"><path d=\"M18.2 9.3l-6.2-6.3-6.2 6.3c-.2.2-.3.4-.3.7s.1.5.3.7c.2.2.4.3.7.3h11c.3 0 .5-.1.7-.3.2-.2.3-.5.3-.7s-.1-.5-.3-.7zM5.8 14.7l6.2 6.3 6.2-6.3c.2-.2.3-.5.3-.7s-.1-.5-.3-.7c-.2-.2-.4-.3-.7-.3h-11c-.3 0-.5.1-.7.3-.2.2-.3.5-.3.7s.1.5.3.7z\"\/><\/svg><\/span><\/span><\/span><\/a><\/span><\/div>\n<nav><ul class='ez-toc-list ez-toc-list-level-1 ' ><ul class='ez-toc-list-level-3' ><li class='ez-toc-heading-level-3'><a class=\"ez-toc-link ez-toc-heading-1\" href=\"https:\/\/loudavymkrokem.cz\/fr\/rio-de-janeiro-choses-voir\/#Resume_pour_ceux_qui_nont_pas_le_temps_de_tout_lire\" >R\u00e9sum\u00e9 pour ceux qui n&rsquo;ont pas le temps de tout lire<\/a><\/li><\/ul><\/li><li class='ez-toc-page-1 ez-toc-heading-level-2'><a class=\"ez-toc-link ez-toc-heading-2\" href=\"https:\/\/loudavymkrokem.cz\/fr\/rio-de-janeiro-choses-voir\/#Quand_partir_a_Rio_de_Janeiro\" >Quand partir \u00e0 Rio de Janeiro<\/a><\/li><li class='ez-toc-page-1 ez-toc-heading-level-2'><a class=\"ez-toc-link ez-toc-heading-3\" href=\"https:\/\/loudavymkrokem.cz\/fr\/rio-de-janeiro-choses-voir\/#Securite_a_Rio_de_Janeiro_profiter_de_ses_vacances_sans_stress\" >S\u00e9curit\u00e9 \u00e0 Rio de Janeiro : profiter de ses vacances sans stress<\/a><\/li><li class='ez-toc-page-1 ez-toc-heading-level-2'><a class=\"ez-toc-link ez-toc-heading-4\" href=\"https:\/\/loudavymkrokem.cz\/fr\/rio-de-janeiro-choses-voir\/#Ou_loger_a_Rio_de_Janeiro\" >O\u00f9 loger \u00e0 Rio de Janeiro<\/a><\/li><li class='ez-toc-page-1 ez-toc-heading-level-2'><a class=\"ez-toc-link ez-toc-heading-5\" href=\"https:\/\/loudavymkrokem.cz\/fr\/rio-de-janeiro-choses-voir\/#22_choses_a_voir_et_a_faire_a_Rio_de_Janeiro\" >22 choses \u00e0 voir et \u00e0 faire \u00e0 Rio de Janeiro<\/a><ul class='ez-toc-list-level-3' ><li class='ez-toc-heading-level-3'><a class=\"ez-toc-link ez-toc-heading-6\" href=\"https:\/\/loudavymkrokem.cz\/fr\/rio-de-janeiro-choses-voir\/#1_Statue_du_Christ_Redempteur_Christ_the_Redeemer\" >1. Statue du Christ R\u00e9dempteur (Christ the Redeemer)<\/a><\/li><li class='ez-toc-page-1 ez-toc-heading-level-3'><a class=\"ez-toc-link ez-toc-heading-7\" href=\"https:\/\/loudavymkrokem.cz\/fr\/rio-de-janeiro-choses-voir\/#2_Telepherique_du_Pain_de_Sucre_Pao_de_Acucar\" >2. T\u00e9l\u00e9ph\u00e9rique du Pain de Sucre (P\u00e3o de A\u00e7\u00facar)<\/a><\/li><li class='ez-toc-page-1 ez-toc-heading-level-3'><a class=\"ez-toc-link ez-toc-heading-8\" href=\"https:\/\/loudavymkrokem.cz\/fr\/rio-de-janeiro-choses-voir\/#3_Plage_de_Copacabana_et_Forte_de_Copacabana\" >3. Plage de Copacabana et Forte de Copacabana<\/a><\/li><li class='ez-toc-page-1 ez-toc-heading-level-3'><a class=\"ez-toc-link ez-toc-heading-9\" href=\"https:\/\/loudavymkrokem.cz\/fr\/rio-de-janeiro-choses-voir\/#4_Plage_dIpanema_et_le_systeme_des_postes_de_secours\" >4. Plage d&rsquo;Ipanema et le syst\u00e8me des postes de secours<\/a><\/li><li class='ez-toc-page-1 ez-toc-heading-level-3'><a class=\"ez-toc-link ez-toc-heading-10\" href=\"https:\/\/loudavymkrokem.cz\/fr\/rio-de-janeiro-choses-voir\/#5_Plage_de_Leblon_et_le_point_de_vue_Mirante_do_Leblon\" >5. Plage de Leblon et le point de vue Mirante do Leblon<\/a><\/li><li class='ez-toc-page-1 ez-toc-heading-level-3'><a class=\"ez-toc-link ez-toc-heading-11\" href=\"https:\/\/loudavymkrokem.cz\/fr\/rio-de-janeiro-choses-voir\/#6_Eperon_rocheux_Pedra_do_Arpoador\" >6. \u00c9peron rocheux Pedra do Arpoador<\/a><\/li><li class='ez-toc-page-1 ez-toc-heading-level-3'><a class=\"ez-toc-link ez-toc-heading-12\" href=\"https:\/\/loudavymkrokem.cz\/fr\/rio-de-janeiro-choses-voir\/#7_Escalier_Escadaria_Selaron\" >7. Escalier Escadaria Selar\u00f3n<\/a><\/li><li class='ez-toc-page-1 ez-toc-heading-level-3'><a class=\"ez-toc-link ez-toc-heading-13\" href=\"https:\/\/loudavymkrokem.cz\/fr\/rio-de-janeiro-choses-voir\/#8_Quartier_de_Santa_Teresa_et_son_tramway_historique\" >8. Quartier de Santa Teresa et son tramway historique<\/a><\/li><li class='ez-toc-page-1 ez-toc-heading-level-3'><a class=\"ez-toc-link ez-toc-heading-14\" href=\"https:\/\/loudavymkrokem.cz\/fr\/rio-de-janeiro-choses-voir\/#9_Aqueduc_Arcos_da_Lapa\" >9. Aqueduc Arcos da Lapa<\/a><\/li><li class='ez-toc-page-1 ez-toc-heading-level-3'><a class=\"ez-toc-link ez-toc-heading-15\" href=\"https:\/\/loudavymkrokem.cz\/fr\/rio-de-janeiro-choses-voir\/#10_Galerie_Parque_das_Ruinas\" >10. Galerie Parque das Ru\u00ednas<\/a><\/li><li class='ez-toc-page-1 ez-toc-heading-level-3'><a class=\"ez-toc-link ez-toc-heading-16\" href=\"https:\/\/loudavymkrokem.cz\/fr\/rio-de-janeiro-choses-voir\/#11_La_foret_tropicale_urbaine_du_parc_national_de_Tijuca\" >11. La for\u00eat tropicale urbaine du parc national de Tijuca<\/a><\/li><li class='ez-toc-page-1 ez-toc-heading-level-3'><a class=\"ez-toc-link ez-toc-heading-17\" href=\"https:\/\/loudavymkrokem.cz\/fr\/rio-de-janeiro-choses-voir\/#12_Point_de_vue_Mirante_Dona_Marta\" >12. Point de vue Mirante Dona Marta<\/a><\/li><li class='ez-toc-page-1 ez-toc-heading-level-3'><a class=\"ez-toc-link ez-toc-heading-18\" href=\"https:\/\/loudavymkrokem.cz\/fr\/rio-de-janeiro-choses-voir\/#13_Pavillon_chinois_Vista_Chinesa\" >13. Pavillon chinois Vista Chinesa<\/a><\/li><li class='ez-toc-page-1 ez-toc-heading-level-3'><a class=\"ez-toc-link ez-toc-heading-19\" href=\"https:\/\/loudavymkrokem.cz\/fr\/rio-de-janeiro-choses-voir\/#14_Jardins_et_villa_du_Parque_Lage\" >14. Jardins et villa du Parque Lage<\/a><\/li><li class='ez-toc-page-1 ez-toc-heading-level-3'><a class=\"ez-toc-link ez-toc-heading-20\" href=\"https:\/\/loudavymkrokem.cz\/fr\/rio-de-janeiro-choses-voir\/#15_Musee_de_Demain_Museu_do_Amanha\" >15. Mus\u00e9e de Demain (Museu do Amanh\u00e3)<\/a><\/li><li class='ez-toc-page-1 ez-toc-heading-level-3'><a class=\"ez-toc-link ez-toc-heading-21\" href=\"https:\/\/loudavymkrokem.cz\/fr\/rio-de-janeiro-choses-voir\/#16_Musee_dart_MAR_Rio_Museum_of_Art\" >16. Mus\u00e9e d&rsquo;art MAR (Rio Museum of Art)<\/a><\/li><li class='ez-toc-page-1 ez-toc-heading-level-3'><a class=\"ez-toc-link ez-toc-heading-22\" href=\"https:\/\/loudavymkrokem.cz\/fr\/rio-de-janeiro-choses-voir\/#17_Centro_Cultural_Banco_do_Brasil_CCBB\" >17. Centro Cultural Banco do Brasil (CCBB)<\/a><\/li><li class='ez-toc-page-1 ez-toc-heading-level-3'><a class=\"ez-toc-link ez-toc-heading-23\" href=\"https:\/\/loudavymkrokem.cz\/fr\/rio-de-janeiro-choses-voir\/#18_Theatro_Municipal_do_Rio_de_Janeiro\" >18. Theatro Municipal do Rio de Janeiro<\/a><\/li><li class='ez-toc-page-1 ez-toc-heading-level-3'><a class=\"ez-toc-link ez-toc-heading-24\" href=\"https:\/\/loudavymkrokem.cz\/fr\/rio-de-janeiro-choses-voir\/#19_Catedral_Metropolitana_de_Sao_Sebastiao\" >19. Catedral Metropolitana de S\u00e3o Sebasti\u00e3o<\/a><\/li><li class='ez-toc-page-1 ez-toc-heading-level-3'><a class=\"ez-toc-link ez-toc-heading-25\" href=\"https:\/\/loudavymkrokem.cz\/fr\/rio-de-janeiro-choses-voir\/#20_Museu_da_Republica_Palacio_do_Catete\" >20. Museu da Rep\u00fablica (Pal\u00e1cio do Catete)<\/a><\/li><li class='ez-toc-page-1 ez-toc-heading-level-3'><a class=\"ez-toc-link ez-toc-heading-26\" href=\"https:\/\/loudavymkrokem.cz\/fr\/rio-de-janeiro-choses-voir\/#21_Espaco_Cultural_da_Marinha\" >21. Espa\u00e7o Cultural da Marinha<\/a><\/li><li class='ez-toc-page-1 ez-toc-heading-level-3'><a class=\"ez-toc-link ez-toc-heading-27\" href=\"https:\/\/loudavymkrokem.cz\/fr\/rio-de-janeiro-choses-voir\/#22_Plage_Praia_Vermelha_au_pied_du_Pain_de_Sucre\" >22. Plage Praia Vermelha au pied du Pain de Sucre<\/a><\/li><\/ul><\/li><li class='ez-toc-page-1 ez-toc-heading-level-2'><a class=\"ez-toc-link ez-toc-heading-28\" href=\"https:\/\/loudavymkrokem.cz\/fr\/rio-de-janeiro-choses-voir\/#Ou_aller_apres_Rio_de_Janeiro\" >O\u00f9 aller apr\u00e8s Rio de Janeiro<\/a><\/li><li class='ez-toc-page-1 ez-toc-heading-level-2'><a class=\"ez-toc-link ez-toc-heading-29\" href=\"https:\/\/loudavymkrokem.cz\/fr\/rio-de-janeiro-choses-voir\/#Questions_frequentes\" >Questions fr\u00e9quentes<\/a><ul class='ez-toc-list-level-3' ><li class='ez-toc-heading-level-3'><a class=\"ez-toc-link ez-toc-heading-30\" href=\"https:\/\/loudavymkrokem.cz\/fr\/rio-de-janeiro-choses-voir\/#Rio_de_Janeiro_est-il_sur_pour_les_touristes\" >Rio de Janeiro est-il s\u00fbr pour les touristes ?<\/a><\/li><li class='ez-toc-page-1 ez-toc-heading-level-3'><a class=\"ez-toc-link ez-toc-heading-31\" href=\"https:\/\/loudavymkrokem.cz\/fr\/rio-de-janeiro-choses-voir\/#Combien_de_jours_faut-il_pour_visiter_Rio\" >Combien de jours faut-il pour visiter Rio ?<\/a><\/li><li class='ez-toc-page-1 ez-toc-heading-level-3'><a class=\"ez-toc-link ez-toc-heading-32\" href=\"https:\/\/loudavymkrokem.cz\/fr\/rio-de-janeiro-choses-voir\/#Quelle_est_la_meilleure_facon_dacceder_a_la_statue_du_Christ_Redempteur\" >Quelle est la meilleure fa\u00e7on d&rsquo;acc\u00e9der \u00e0 la statue du Christ R\u00e9dempteur ?<\/a><\/li><li class='ez-toc-page-1 ez-toc-heading-level-3'><a class=\"ez-toc-link ez-toc-heading-33\" href=\"https:\/\/loudavymkrokem.cz\/fr\/rio-de-janeiro-choses-voir\/#Quelle_est_la_meilleure_periode_pour_voyager_au_Bresil\" >Quelle est la meilleure p\u00e9riode pour voyager au Br\u00e9sil ?<\/a><\/li><li class='ez-toc-page-1 ez-toc-heading-level-3'><a class=\"ez-toc-link ez-toc-heading-34\" href=\"https:\/\/loudavymkrokem.cz\/fr\/rio-de-janeiro-choses-voir\/#Puis-je_me_baigner_sur_les_plages_de_Rio_apres_la_tombee_de_la_nuit\" >Puis-je me baigner sur les plages de Rio apr\u00e8s la tomb\u00e9e de la nuit ?<\/a><\/li><li class='ez-toc-page-1 ez-toc-heading-level-3'><a class=\"ez-toc-link ez-toc-heading-35\" href=\"https:\/\/loudavymkrokem.cz\/fr\/rio-de-janeiro-choses-voir\/#Comment_se_deplacer_dans_la_ville_et_les_transports_en_commun_sont-ils_surs\" >Comment se d\u00e9placer dans la ville et les transports en commun sont-ils s\u00fbrs ?<\/a><\/li><li class='ez-toc-page-1 ez-toc-heading-level-3'><a class=\"ez-toc-link ez-toc-heading-36\" href=\"https:\/\/loudavymkrokem.cz\/fr\/rio-de-janeiro-choses-voir\/#Que_manger_a_Rio_si_je_ne_mange_pas_de_viande\" >Que manger \u00e0 Rio si je ne mange pas de viande ?<\/a><\/li><li class='ez-toc-page-1 ez-toc-heading-level-3'><a class=\"ez-toc-link ez-toc-heading-37\" href=\"https:\/\/loudavymkrokem.cz\/fr\/rio-de-janeiro-choses-voir\/#Est-il_interessant_dacheter_les_billets_dentree_pour_les_sites_touristiques_longtemps_a_lavance\" >Est-il int\u00e9ressant d&rsquo;acheter les billets d&rsquo;entr\u00e9e pour les sites touristiques longtemps \u00e0 l&rsquo;avance ?<\/a><\/li><\/ul><\/li><\/ul><\/nav><\/div>\n<h3 class=\"wp-block-heading\"><span class=\"ez-toc-section\" id=\"Resume_pour_ceux_qui_nont_pas_le_temps_de_tout_lire\"><\/span>R\u00e9sum\u00e9 pour ceux qui n&rsquo;ont pas le temps de tout lire<span class=\"ez-toc-section-end\"><\/span><\/h3>\n\n\n\n<ul class=\"wp-block-list\">\n\n<li><strong>Planifie selon les nuages :<\/strong> les monuments les plus c\u00e9l\u00e8bres comme la statue du Christ et le Pain de Sucre n&rsquo;ont aucun int\u00e9r\u00eat sous la brume, r\u00e9serve-leur donc la matin\u00e9e la plus d\u00e9gag\u00e9e de ton s\u00e9jour.<\/li>\n\n\n\n<li><strong>La s\u00e9curit\u00e9 a ses r\u00e8gles :<\/strong> reste dans ce qu&rsquo;on appelle la ceinture de s\u00e9curit\u00e9 touristique de la zone sud et, \u00e0 la tomb\u00e9e de la nuit, utilise toujours un Uber fiable pour tes d\u00e9placements.<\/li>\n\n\n\n<li><strong>Trois chemins vers le Christ :<\/strong> tu montes par le train \u00e0 cr\u00e9maill\u00e8re (le plus cher), par un minibus moins on\u00e9reux, ou totalement gratuitement gr\u00e2ce \u00e0 une randonn\u00e9e exigeante \u00e0 travers la for\u00eat depuis le Parque Lage.<\/li>\n\n\n\n<li><strong>Le syst\u00e8me des postes de secours :<\/strong> les plages se rep\u00e8rent gr\u00e2ce \u00e0 des cabanes num\u00e9rot\u00e9es appel\u00e9es postos, le fameux Posto 9 d&rsquo;Ipanema \u00e9tant consid\u00e9r\u00e9 comme le point de rencontre le plus anim\u00e9.<\/li>\n\n\n\n<li><strong>Un Pain de Sucre moins cher :<\/strong> si tu grimpes le premier tron\u00e7on \u00e0 pied par le sentier Trilha do Morro da Urca, tu \u00e9conomises la moiti\u00e9 du prix du t\u00e9l\u00e9ph\u00e9rique.<\/li>\n\n\n\n<li><strong>Une for\u00eat tropicale urbaine :<\/strong> le parc national de Tijuca s&rsquo;\u00e9tend directement dans les limites de la ville et offre une \u00e9chapp\u00e9e fantastique \u00e0 la chaleur, \u00e0 l&rsquo;ombre d&rsquo;arbres gigantesques.<\/li>\n\n\n\n<li><strong>Des sp\u00e9cialit\u00e9s locales sans viande :<\/strong> la cuisine br\u00e9silienne adore la viande, mais tu peux savourer sur la plage un a\u00e7a\u00ed rafra\u00eechissant, des petits pains au fromage p\u00e3o de queijo ou une eau de coco fra\u00eeche.<\/li>\n\n\n<\/ul>\n\n\n\n<h2 class=\"wp-block-heading\"><span class=\"ez-toc-section\" id=\"Quand_partir_a_Rio_de_Janeiro\"><\/span>Quand partir \u00e0 Rio de Janeiro<span class=\"ez-toc-section-end\"><\/span><\/h2>\n\n\n\n<p class=\"wp-block-paragraph\">Le choix de la date de ton voyage influence non seulement ton budget, mais aussi l&rsquo;impression g\u00e9n\u00e9rale que te laissera cette ville br\u00fblante. <strong>La meilleure p\u00e9riode pour visiter s&rsquo;\u00e9tend d&rsquo;avril \u00e0 juin, puis d&rsquo;ao\u00fbt \u00e0 octobre<\/strong>, quand les temp\u00e9ratures sont tr\u00e8s agr\u00e9ables et que tu \u00e9vites les plus grosses averses tropicales. Durant ces mois, le ciel est souvent magnifiquement d\u00e9gag\u00e9, ce qui est absolument crucial pour la visite de tous les points de vue en altitude sur lesquels repose toute l&rsquo;exp\u00e9rience de Rio.<\/p>\n\n\n\n<p class=\"wp-block-paragraph\">Si tu veux vivre la ville \u00e0 son paroxysme, il faut y aller pendant l&rsquo;\u00e9t\u00e9 local, qui correspond \u00e0 nos mois d&rsquo;hiver. <strong>Le carnaval de Rio de Janeiro et le grandiose r\u00e9veillon du Nouvel An sur la plage de Copacabana affichent les prix les plus \u00e9lev\u00e9s de toute l&rsquo;ann\u00e9e<\/strong>, avec des h\u00f4tels et des vols d\u00e9sesp\u00e9r\u00e9ment complets des mois \u00e0 l&rsquo;avance. Il faut aussi te pr\u00e9parer \u00e0 une humidit\u00e9 extr\u00eame et \u00e0 une chaleur \u00e9crasante pouvant d\u00e9passer les quarante degr\u00e9s, ce qui rend les visites de monuments vraiment \u00e9prouvantes.<\/p>\n\n\n\n<p class=\"wp-block-paragraph\">Quel que soit le mois choisi, n&rsquo;oublie pas la r\u00e8gle d&rsquo;or de la planification flexible dont on a d\u00e9j\u00e0 parl\u00e9. <strong>Garde au moins deux ou trois jours en r\u00e9serve<\/strong>, pour pouvoir monter au Corcovado exactement le matin o\u00f9 les nuages se dissipent au-dessus de la ville. Le climat local est fortement influenc\u00e9 par l&rsquo;oc\u00e9an et les montagnes environnantes, si bien que la m\u00e9t\u00e9o peut changer tr\u00e8s vite d&rsquo;une heure \u00e0 l&rsquo;autre. Acheter des billets pour une date pr\u00e9cise longtemps \u00e0 l&rsquo;avance repr\u00e9sente donc un risque \u00e9norme.<\/p>\n\n\n\n<h2 class=\"wp-block-heading\"><span class=\"ez-toc-section\" id=\"Securite_a_Rio_de_Janeiro_profiter_de_ses_vacances_sans_stress\"><\/span>S\u00e9curit\u00e9 \u00e0 Rio de Janeiro : profiter de ses vacances sans stress<span class=\"ez-toc-section-end\"><\/span><\/h2>\n\n\n\n<p class=\"wp-block-paragraph\">La question de la s\u00e9curit\u00e9 est probablement la premi\u00e8re que chaque voyageur cherche sur internet avant de partir au Br\u00e9sil. <strong>Rio de Janeiro n&rsquo;est absolument pas une zone de guerre, mais exige le respect de r\u00e8gles claires<\/strong> qui te permettront de profiter de la ville en toute tranquillit\u00e9. La base absolue est de se d\u00e9placer dans ce qu&rsquo;on appelle la ceinture de s\u00e9curit\u00e9 touristique, compos\u00e9e des quartiers plus ais\u00e9s d&rsquo;Ipanema, Leblon, Copacabana, Botafogo et Urca, o\u00f9 la police touristique est pr\u00e9sente \u00e0 chaque coin de rue.<\/p>\n\n\n\n<p class=\"wp-block-paragraph\">Et les chiffres le confirment : les quartiers de Leblon et Ipanema ont enregistr\u00e9 z\u00e9ro homicide en 2026, ce qui en dit plus long sur leur s\u00e9curit\u00e9 que n&rsquo;importe quel blog de voyage. \u00c0 l&rsquo;inverse, sur la plage anim\u00e9e de Copacabana, il faut s&rsquo;attendre \u00e0 de petits larcins occasionnels, \u00e0 des pickpockets et \u00e0 des arrachages de t\u00e9l\u00e9phone en pleine main, surtout sur la large promenade en bord de mer.<\/p>\n\n\n\n<p class=\"wp-block-paragraph\">\u00c0 la tomb\u00e9e de la nuit, une r\u00e8gle simple s&rsquo;applique : Uber, toujours et partout, m\u00eame sur de courtes distances entre quartiers voisins. Le centre historique se vide tellement apr\u00e8s les heures de bureau qu&rsquo;on n&rsquo;y marche tout simplement pas la nuit, et il en va de m\u00eame pour l&rsquo;interdiction stricte de se promener le soir sur n&rsquo;importe quelle plage, car les \u00e9tendues de sable d\u00e9sertes attirent les probl\u00e8mes.<\/p>\n\n\n\n<h2 class=\"wp-block-heading\"><span class=\"ez-toc-section\" id=\"Ou_loger_a_Rio_de_Janeiro\"><\/span>O\u00f9 loger \u00e0 Rio de Janeiro<span class=\"ez-toc-section-end\"><\/span><\/h2>\n\n\n\n<p class=\"wp-block-paragraph\">Le choix du bon emplacement pour ton h\u00f4tel influence toute ton exp\u00e9rience de la ville, tu devrais donc chercher un h\u00e9bergement exclusivement dans la zone sud. <strong>Le meilleur choix pour une premi\u00e8re visite est le secteur autour des plages d&rsquo;Ipanema et de Leblon<\/strong>, qui offrent une sc\u00e8ne gastronomique fantastique, des rues s\u00fbres pleines de boutiques et une excellente liaison en m\u00e9tro vers le reste de la ville. Ces quartiers sont certes plus chers, mais l&rsquo;investissement dans un sommeil paisible et des promenades du soir sans souci en vaut \u00e0 cent pour cent la peine.<\/p>\n\n\n\n<p class=\"wp-block-paragraph\">Si tu cherches une option un peu plus abordable tout en restant au c\u0153ur de l&rsquo;action, tourne-toi vers la l\u00e9gendaire Copacabana ou Botafogo, juste \u00e0 c\u00f4t\u00e9. <strong>Botafogo conna\u00eet en particulier un immense essor ces derni\u00e8res ann\u00e9es<\/strong> : de nouveaux caf\u00e9s y ouvrent et le quartier offre l&rsquo;une des plus belles vues sur le Pain de Sucre directement depuis le front de mer. Le quartier historique de Santa Teresa, perch\u00e9 sur la colline, s\u00e9duit par son atmosph\u00e8re boh\u00e8me, mais reste logistiquement un peu \u00e0 l&rsquo;\u00e9cart pour les excursions quotidiennes et moins accessible le soir.<\/p>\n\n\n\n<p class=\"wp-block-paragraph\">Pour ta r\u00e9servation via le portail <a class=\"thirstylink\" rel=\"nofollow\" target=\"_blank\" title=\"Booking.com\" href=\"https:\/\/loudavymkrokem.cz\/doporucujeme\/booking-com\/\" data-shortcode=\"true\">Booking.com<\/a>, je te recommande de choisir des h\u00f4tels v\u00e9rifi\u00e9s avec une r\u00e9ception 24h\/24 et de bonnes notes. <strong>L&rsquo;Arena Ipanema Hotel est un excellent choix en bord de plage<\/strong>, avec une superbe piscine sur le toit avec vue sur l&rsquo;oc\u00e9an, \u00e0 quelques pas seulement du fameux Posto 8. <strong>Pour une exp\u00e9rience plus luxueuse, opte pour l&rsquo;iconique Hotel Fasano Rio de Janeiro<\/strong>, dont le design et l&#8217;emplacement n&rsquo;ont aucun concurrent en ville, tandis qu&rsquo;\u00e0 Botafogo, le styl\u00e9 <strong>Yoo2 Rio de Janeiro by Intercity<\/strong> te surprendra agr\u00e9ablement avec sa fantastique vue sur la baie.<\/p>\n\n\n\n<p class=\"wp-block-paragraph\"><em>\ud83d\udca1 <a href=\"https:\/\/www.stay22.com\/allez\/roam?aid=lukaskonecny&#038;campaign=loudavymkrokemcz&#038;campaign=co-videt-v-rio-de-janeiru&#038;address=Rio%20de%20Janeiro%2C%20Braz%C3%ADlie\" target=\"_blank\" rel=\"nofollow noopener sponsored\">Sur cette carte, tu peux comparer les disponibilit\u00e9s du moment<\/a> \u2014 tu verras tout de suite \u00e0 quel point l&rsquo;h\u00e9bergement revient moins cher \u00e0 un p\u00e2t\u00e9 de maisons de l&rsquo;Avenida Atl\u00e2ntica.<\/em><\/p>\n\n<h2 class=\"wp-block-heading\"><span class=\"ez-toc-section\" id=\"22_choses_a_voir_et_a_faire_a_Rio_de_Janeiro\"><\/span>22 choses \u00e0 voir et \u00e0 faire \u00e0 Rio de Janeiro<span class=\"ez-toc-section-end\"><\/span><\/h2>\n\n\n\n<p class=\"wp-block-paragraph\">Et maintenant, place au meilleur \u2014 les lieux qui en valent vraiment la peine. Des ic\u00f4nes c\u00e9l\u00e8bres et quelques tr\u00e9sors cach\u00e9s qui te feront d\u00e9couvrir la ville sous toutes ses facettes.<\/p>\n\n\n\n<figure data-wp-context=\"{&quot;imageId&quot;:&quot;6a9c654752416&quot;}\" data-wp-interactive=\"core\/image\" data-wp-key=\"6a9c654752416\" class=\"wp-block-image size-full wp-lightbox-container\"><img decoding=\"async\" width=\"1600\" height=\"2133\" data-wp-class--hide=\"state.isContentHidden\" data-wp-class--show=\"state.isContentVisible\" data-wp-init=\"callbacks.setButtonStyles\" data-wp-on--click=\"actions.showLightbox\" data-wp-on--load=\"callbacks.setButtonStyles\" data-wp-on--pointerdown=\"actions.preloadImage\" data-wp-on--pointerenter=\"actions.preloadImageWithDelay\" data-wp-on--pointerleave=\"actions.cancelPreload\" data-wp-on-window--resize=\"callbacks.setButtonStyles\" src=\"https:\/\/loudavymkrokem.cz\/wp-content\/uploads\/2026\/09\/krista-spasitele.jpg\" alt=\"Statue du Christ R\u00e9dempteur (Christ the Redeemer)\" class=\"wp-image-413166\" title=\"\" srcset=\"https:\/\/loudavymkrokem.cz\/wp-content\/uploads\/2026\/09\/krista-spasitele.jpg 1600w, https:\/\/loudavymkrokem.cz\/wp-content\/uploads\/2026\/09\/krista-spasitele-225x300.jpg 225w, https:\/\/loudavymkrokem.cz\/wp-content\/uploads\/2026\/09\/krista-spasitele-700x933.jpg 700w, https:\/\/loudavymkrokem.cz\/wp-content\/uploads\/2026\/09\/krista-spasitele-768x1024.jpg 768w, https:\/\/loudavymkrokem.cz\/wp-content\/uploads\/2026\/09\/krista-spasitele-1152x1536.jpg 1152w, https:\/\/loudavymkrokem.cz\/wp-content\/uploads\/2026\/09\/krista-spasitele-1536x2048.jpg 1536w, https:\/\/loudavymkrokem.cz\/wp-content\/uploads\/2026\/09\/krista-spasitele-696x928.jpg 696w, https:\/\/loudavymkrokem.cz\/wp-content\/uploads\/2026\/09\/krista-spasitele-1392x1856.jpg 1392w\" sizes=\"(max-width: 1600px) 100vw, 1600px\" \/><button\n\t\t\tclass=\"lightbox-trigger\"\n\t\t\ttype=\"button\"\n\t\t\taria-haspopup=\"dialog\"\n\t\t\tdata-wp-bind--aria-label=\"state.thisImage.triggerButtonAriaLabel\"\n\t\t\tdata-wp-init=\"callbacks.initTriggerButton\"\n\t\t\tdata-wp-on--click=\"actions.showLightbox\"\n\t\t\tdata-wp-style--right=\"state.thisImage.buttonRight\"\n\t\t\tdata-wp-style--top=\"state.thisImage.buttonTop\"\n\t\t>\n\t\t\t<svg xmlns=\"http:\/\/www.w3.org\/2000\/svg\" width=\"12\" height=\"12\" fill=\"none\" viewBox=\"0 0 12 12\">\n\t\t\t\t<path fill=\"#fff\" d=\"M2 0a2 2 0 0 0-2 2v2h1.5V2a.5.5 0 0 1 .5-.5h2V0H2Zm2 10.5H2a.5.5 0 0 1-.5-.5V8H0v2a2 2 0 0 0 2 2h2v-1.5ZM8 12v-1.5h2a.5.5 0 0 0 .5-.5V8H12v2a2 2 0 0 1-2 2H8Zm2-12a2 2 0 0 1 2 2v2h-1.5V2a.5.5 0 0 0-.5-.5H8V0h2Z\" \/>\n\t\t\t<\/svg>\n\t\t<\/button><figcaption class=\"wp-element-caption\">Photo : Keryson Patrick Oliveira Belarmino \/ Google Maps<\/figcaption><\/figure>\n\n\n\n<h3 class=\"wp-block-heading\"><span class=\"ez-toc-section\" id=\"1_Statue_du_Christ_Redempteur_Christ_the_Redeemer\"><\/span>1. Statue du Christ R\u00e9dempteur (Christ the Redeemer)<span class=\"ez-toc-section-end\"><\/span><\/h3>\n\n\n\n<p class=\"wp-block-paragraph\">Cette ic\u00f4ne de trente m\u00e8tres dress\u00e9e au sommet du mont Corcovado est sans conteste le symbole le plus connu de tout le Br\u00e9sil. <strong>La statue se dresse \u00e0 710 m\u00e8tres d&rsquo;altitude et les nuages peuvent la voiler toute une journ\u00e9e durant<\/strong>, il est donc absolument crucial de n&rsquo;y monter que lorsque le ciel au-dessus de la ville est clair et bleu. Du sommet, tu vois toute la ville d&rsquo;un seul coup \u2014 la baie de Guanabara, les for\u00eats environnantes et les plages lointaines \u2014 et par bon temps, tu comprends pourquoi les gens viennent ici du monde entier.<\/p>\n\n\n\n<p class=\"wp-block-paragraph\">Fait int\u00e9ressant, plusieurs chemins m\u00e8nent au monument et tu peux choisir selon ton budget et ta condition physique. <strong>La variante la plus ch\u00e8re et la plus populaire est le <a href=\"https:\/\/www.tremdocorcovado.rio\/\" rel=\"nofollow noopener\" target=\"_blank\">train \u00e0 cr\u00e9maill\u00e8re historique du Corcovado<\/a><\/strong>, le minibus officiel depuis le centre d&rsquo;accueil de Paineiras revient un peu moins cher, et la mont\u00e9e \u00e0 pied exigeante est de loin la solution la plus \u00e9conomique. La statue elle-m\u00eame, datant de 1931, est un chef-d&rsquo;\u0153uvre de style Art d\u00e9co et ses bras ouverts accueillent symboliquement tous les visiteurs de la ville.<\/p>\n\n\n\n<p class=\"wp-block-paragraph\">\ud83d\udca1 Astuce : <strong>si tu optes pour la randonn\u00e9e, elle d\u00e9marre dans le magnifique Parque Lage<\/strong> et grimpe abruptement \u00e0 travers une dense for\u00eat tropicale. Elle te prendra environ deux \u00e0 trois heures, tu croiseras probablement en chemin des singes curieux, mais elle exige de bonnes chaussures et suffisamment d&rsquo;eau, car grimper dans l&rsquo;humidit\u00e9 tropicale est vraiment \u00e9puisant.<\/p>\n\n\n\n<figure data-wp-context=\"{&quot;imageId&quot;:&quot;6a9c654752a18&quot;}\" data-wp-interactive=\"core\/image\" data-wp-key=\"6a9c654752a18\" class=\"wp-block-image size-full wp-lightbox-container\"><img decoding=\"async\" width=\"640\" height=\"480\" data-wp-class--hide=\"state.isContentHidden\" data-wp-class--show=\"state.isContentVisible\" data-wp-init=\"callbacks.setButtonStyles\" data-wp-on--click=\"actions.showLightbox\" data-wp-on--load=\"callbacks.setButtonStyles\" data-wp-on--pointerdown=\"actions.preloadImage\" data-wp-on--pointerenter=\"actions.preloadImageWithDelay\" data-wp-on--pointerleave=\"actions.cancelPreload\" data-wp-on-window--resize=\"callbacks.setButtonStyles\" src=\"https:\/\/loudavymkrokem.cz\/wp-content\/uploads\/2026\/09\/na-cukrovou-homoli.jpg\" alt=\"T\u00e9l\u00e9ph\u00e9rique du Pain de Sucre (P\u00e3o de A\u00e7\u00facar)\" class=\"wp-image-413170\" title=\"\" srcset=\"https:\/\/loudavymkrokem.cz\/wp-content\/uploads\/2026\/09\/na-cukrovou-homoli.jpg 640w, https:\/\/loudavymkrokem.cz\/wp-content\/uploads\/2026\/09\/na-cukrovou-homoli-300x225.jpg 300w, https:\/\/loudavymkrokem.cz\/wp-content\/uploads\/2026\/09\/na-cukrovou-homoli-80x60.jpg 80w, https:\/\/loudavymkrokem.cz\/wp-content\/uploads\/2026\/09\/na-cukrovou-homoli-160x120.jpg 160w\" sizes=\"(max-width: 640px) 100vw, 640px\" \/><button\n\t\t\tclass=\"lightbox-trigger\"\n\t\t\ttype=\"button\"\n\t\t\taria-haspopup=\"dialog\"\n\t\t\tdata-wp-bind--aria-label=\"state.thisImage.triggerButtonAriaLabel\"\n\t\t\tdata-wp-init=\"callbacks.initTriggerButton\"\n\t\t\tdata-wp-on--click=\"actions.showLightbox\"\n\t\t\tdata-wp-style--right=\"state.thisImage.buttonRight\"\n\t\t\tdata-wp-style--top=\"state.thisImage.buttonTop\"\n\t\t>\n\t\t\t<svg xmlns=\"http:\/\/www.w3.org\/2000\/svg\" width=\"12\" height=\"12\" fill=\"none\" viewBox=\"0 0 12 12\">\n\t\t\t\t<path fill=\"#fff\" d=\"M2 0a2 2 0 0 0-2 2v2h1.5V2a.5.5 0 0 1 .5-.5h2V0H2Zm2 10.5H2a.5.5 0 0 1-.5-.5V8H0v2a2 2 0 0 0 2 2h2v-1.5ZM8 12v-1.5h2a.5.5 0 0 0 .5-.5V8H12v2a2 2 0 0 1-2 2H8Zm2-12a2 2 0 0 1 2 2v2h-1.5V2a.5.5 0 0 0-.5-.5H8V0h2Z\" \/>\n\t\t\t<\/svg>\n\t\t<\/button><figcaption class=\"wp-element-caption\">Photo : S\u00f3 Jesus salvar \/ Google Maps<\/figcaption><\/figure>\n\n\n\n<h3 class=\"wp-block-heading\"><span class=\"ez-toc-section\" id=\"2_Telepherique_du_Pain_de_Sucre_Pao_de_Acucar\"><\/span>2. T\u00e9l\u00e9ph\u00e9rique du Pain de Sucre (P\u00e3o de A\u00e7\u00facar)<span class=\"ez-toc-section-end\"><\/span><\/h3>\n\n\n\n<p class=\"wp-block-paragraph\">Le deuxi\u00e8me point de vue le plus important de la ville est un immense monolithe de granit qui s&rsquo;\u00e9l\u00e8ve abruptement directement depuis les eaux de l&rsquo;oc\u00e9an. <strong>Le <a href=\"https:\/\/bondinho.com.br\/\" rel=\"nofollow noopener\" target=\"_blank\">t\u00e9l\u00e9ph\u00e9rique vitr\u00e9<\/a> te hisse au sommet en deux tron\u00e7ons distincts<\/strong>, et d\u00e8s la premi\u00e8re station de correspondance sur la colline du Morro da Urca, un spectacle fantastique s&rsquo;offre \u00e0 toi sur les yachts \u00e0 l&rsquo;ancre et les avions \u00e0 l&rsquo;atterrissage. Au sommet m\u00eame du Pain de Sucre, tu te retrouves \u00e0 396 m\u00e8tres de hauteur, avec toute la ville et la statue du Christ face \u00e0 toi comme sur la paume de la main.<\/p>\n\n\n\n<p class=\"wp-block-paragraph\">Cette merveille g\u00e9ologique est entour\u00e9e d&rsquo;une v\u00e9g\u00e9tation luxuriante et tu peux souvent y observer de petits ouistitis qui gambadent joyeusement dans la cime des arbres. <strong>Tout le massif fonctionne comme un seul grand monument naturel<\/strong>, si bien que m\u00eame si les cartes montrent souvent le t\u00e9l\u00e9ph\u00e9rique et la colline comme des lieux s\u00e9par\u00e9s, il s&rsquo;agit d&rsquo;une seule et m\u00eame exp\u00e9rience compacte. La vue d&rsquo;ici est absolument magique, surtout en fin d&rsquo;apr\u00e8s-midi, quand le soleil se couche lentement derri\u00e8re les hauts sommets du parc national de Tijuca et que la ville commence \u00e0 s&rsquo;illuminer.<\/p>\n\n\n\n<p class=\"wp-block-paragraph\">\ud83d\udca1 Astuce : <strong>si tu veux \u00e9conomiser nettement sur le billet assez cher, emprunte le sentier Trilha do Morro da Urca<\/strong>, qui te permet de grimper le premier tron\u00e7on \u00e0 pied \u00e0 travers la jungle en environ quarante minutes. En haut, tu n&rsquo;ach\u00e8tes alors qu&rsquo;un billet pour la seconde partie, celle du sommet, ce qui r\u00e9duit le co\u00fbt total de moiti\u00e9 et t&rsquo;\u00e9vite en plus les longues files d&rsquo;attente en bas aux caisses.<\/p>\n\n\n\n<figure data-wp-context=\"{&quot;imageId&quot;:&quot;6a9c654752fcf&quot;}\" data-wp-interactive=\"core\/image\" data-wp-key=\"6a9c654752fcf\" class=\"wp-block-image size-full wp-lightbox-container\"><img decoding=\"async\" width=\"1200\" height=\"675\" data-wp-class--hide=\"state.isContentHidden\" data-wp-class--show=\"state.isContentVisible\" data-wp-init=\"callbacks.setButtonStyles\" data-wp-on--click=\"actions.showLightbox\" data-wp-on--load=\"callbacks.setButtonStyles\" data-wp-on--pointerdown=\"actions.preloadImage\" data-wp-on--pointerenter=\"actions.preloadImageWithDelay\" data-wp-on--pointerleave=\"actions.cancelPreload\" data-wp-on-window--resize=\"callbacks.setButtonStyles\" src=\"https:\/\/loudavymkrokem.cz\/wp-content\/uploads\/2026\/09\/copacabana.jpg\" alt=\"Plage de Copacabana et Forte de Copacabana\" class=\"wp-image-413175\" title=\"\" srcset=\"https:\/\/loudavymkrokem.cz\/wp-content\/uploads\/2026\/09\/copacabana.jpg 1200w, https:\/\/loudavymkrokem.cz\/wp-content\/uploads\/2026\/09\/copacabana-300x169.jpg 300w, https:\/\/loudavymkrokem.cz\/wp-content\/uploads\/2026\/09\/copacabana-700x394.jpg 700w, https:\/\/loudavymkrokem.cz\/wp-content\/uploads\/2026\/09\/copacabana-768x432.jpg 768w, https:\/\/loudavymkrokem.cz\/wp-content\/uploads\/2026\/09\/copacabana-696x392.jpg 696w\" sizes=\"(max-width: 1200px) 100vw, 1200px\" \/><button\n\t\t\tclass=\"lightbox-trigger\"\n\t\t\ttype=\"button\"\n\t\t\taria-haspopup=\"dialog\"\n\t\t\tdata-wp-bind--aria-label=\"state.thisImage.triggerButtonAriaLabel\"\n\t\t\tdata-wp-init=\"callbacks.initTriggerButton\"\n\t\t\tdata-wp-on--click=\"actions.showLightbox\"\n\t\t\tdata-wp-style--right=\"state.thisImage.buttonRight\"\n\t\t\tdata-wp-style--top=\"state.thisImage.buttonTop\"\n\t\t>\n\t\t\t<svg xmlns=\"http:\/\/www.w3.org\/2000\/svg\" width=\"12\" height=\"12\" fill=\"none\" viewBox=\"0 0 12 12\">\n\t\t\t\t<path fill=\"#fff\" d=\"M2 0a2 2 0 0 0-2 2v2h1.5V2a.5.5 0 0 1 .5-.5h2V0H2Zm2 10.5H2a.5.5 0 0 1-.5-.5V8H0v2a2 2 0 0 0 2 2h2v-1.5ZM8 12v-1.5h2a.5.5 0 0 0 .5-.5V8H12v2a2 2 0 0 1-2 2H8Zm2-12a2 2 0 0 1 2 2v2h-1.5V2a.5.5 0 0 0-.5-.5H8V0h2Z\" \/>\n\t\t\t<\/svg>\n\t\t<\/button><figcaption class=\"wp-element-caption\">Photo : Alby Set \/ Google Maps<\/figcaption><\/figure>\n\n\n\n<h3 class=\"wp-block-heading\"><span class=\"ez-toc-section\" id=\"3_Plage_de_Copacabana_et_Forte_de_Copacabana\"><\/span>3. Plage de Copacabana et Forte de Copacabana<span class=\"ez-toc-section-end\"><\/span><\/h3>\n\n\n\n<p class=\"wp-block-paragraph\">Il n&rsquo;existe sans doute pas au monde bande de sable plus c\u00e9l\u00e8bre que ce tron\u00e7on de trois kilom\u00e8tres et demi bord\u00e9 de son iconique dallage ondul\u00e9 noir et blanc. <strong>Copacabana repr\u00e9sente le c\u0153ur battant de tout Rio<\/strong>, o\u00f9, du petit matin jusqu&rsquo;\u00e0 la fin d&rsquo;apr\u00e8s-midi, on joue au beach-volley, on sirote des boissons fra\u00eeches aux kiosques et o\u00f9 les locaux c\u00f4toient les touristes du monde entier. Les vagues y sont assez fortes, mais la large bande de sable fin offre suffisamment d&rsquo;espace pour bronzer confortablement et faire de longues promenades.<\/p>\n\n\n\n<p class=\"wp-block-paragraph\">\u00c0 l&rsquo;extr\u00e9mit\u00e9 sud de la plage se dresse fi\u00e8rement une forteresse militaire historique du d\u00e9but du vingti\u00e8me si\u00e8cle, qui fonctionne aujourd&rsquo;hui comme un mus\u00e9e fascinant. <strong>Le Forte de Copacabana offre une vue absolument parfaite sur toute la longueur de la plage<\/strong>, jusqu&rsquo;au majestueux Pain de Sucre au loin. \u00c0 l&rsquo;int\u00e9rieur du site, tu peux admirer des canons conserv\u00e9s, des uniformes historiques et de vieilles photos qui retracent l&rsquo;histoire militaire complexe de cet immense pays sud-am\u00e9ricain.<\/p>\n\n\n\n<p class=\"wp-block-paragraph\">\ud83d\udca1 Astuce : <strong>\u00e0 l&rsquo;int\u00e9rieur de la forteresse, tu trouveras le c\u00e9l\u00e8bre caf\u00e9 Confeitaria Colombo<\/strong>, o\u00f9 tu peux t&rsquo;installer sur la terrasse ext\u00e9rieure, commander un excellent caf\u00e9 accompagn\u00e9 d&rsquo;un p\u00e3o de queijo au fromage et profiter d&rsquo;un calme absolu, \u00e0 l&rsquo;\u00e9cart de la foule anim\u00e9e des plages. N&rsquo;oublie pas cependant qu&rsquo;on ne marche sur la promenade que de jour ; une fois la nuit tomb\u00e9e, pr\u00e9f\u00e8re le taxi.<\/p>\n\n\n\n<figure data-wp-context=\"{&quot;imageId&quot;:&quot;6a9c654753561&quot;}\" data-wp-interactive=\"core\/image\" data-wp-key=\"6a9c654753561\" class=\"wp-block-image size-full wp-lightbox-container\"><img decoding=\"async\" width=\"1200\" height=\"900\" data-wp-class--hide=\"state.isContentHidden\" data-wp-class--show=\"state.isContentVisible\" data-wp-init=\"callbacks.setButtonStyles\" data-wp-on--click=\"actions.showLightbox\" data-wp-on--load=\"callbacks.setButtonStyles\" data-wp-on--pointerdown=\"actions.preloadImage\" data-wp-on--pointerenter=\"actions.preloadImageWithDelay\" data-wp-on--pointerleave=\"actions.cancelPreload\" data-wp-on-window--resize=\"callbacks.setButtonStyles\" src=\"https:\/\/loudavymkrokem.cz\/wp-content\/uploads\/2026\/09\/ipanema.jpg\" alt=\"Plage d&#039;Ipanema et syst\u00e8me de postes de secours\" class=\"wp-image-413179\" title=\"\" srcset=\"https:\/\/loudavymkrokem.cz\/wp-content\/uploads\/2026\/09\/ipanema.jpg 1200w, https:\/\/loudavymkrokem.cz\/wp-content\/uploads\/2026\/09\/ipanema-300x225.jpg 300w, https:\/\/loudavymkrokem.cz\/wp-content\/uploads\/2026\/09\/ipanema-700x525.jpg 700w, https:\/\/loudavymkrokem.cz\/wp-content\/uploads\/2026\/09\/ipanema-768x576.jpg 768w, https:\/\/loudavymkrokem.cz\/wp-content\/uploads\/2026\/09\/ipanema-80x60.jpg 80w, https:\/\/loudavymkrokem.cz\/wp-content\/uploads\/2026\/09\/ipanema-160x120.jpg 160w, https:\/\/loudavymkrokem.cz\/wp-content\/uploads\/2026\/09\/ipanema-696x522.jpg 696w\" sizes=\"(max-width: 1200px) 100vw, 1200px\" \/><button\n\t\t\tclass=\"lightbox-trigger\"\n\t\t\ttype=\"button\"\n\t\t\taria-haspopup=\"dialog\"\n\t\t\tdata-wp-bind--aria-label=\"state.thisImage.triggerButtonAriaLabel\"\n\t\t\tdata-wp-init=\"callbacks.initTriggerButton\"\n\t\t\tdata-wp-on--click=\"actions.showLightbox\"\n\t\t\tdata-wp-style--right=\"state.thisImage.buttonRight\"\n\t\t\tdata-wp-style--top=\"state.thisImage.buttonTop\"\n\t\t>\n\t\t\t<svg xmlns=\"http:\/\/www.w3.org\/2000\/svg\" width=\"12\" height=\"12\" fill=\"none\" viewBox=\"0 0 12 12\">\n\t\t\t\t<path fill=\"#fff\" d=\"M2 0a2 2 0 0 0-2 2v2h1.5V2a.5.5 0 0 1 .5-.5h2V0H2Zm2 10.5H2a.5.5 0 0 1-.5-.5V8H0v2a2 2 0 0 0 2 2h2v-1.5ZM8 12v-1.5h2a.5.5 0 0 0 .5-.5V8H12v2a2 2 0 0 1-2 2H8Zm2-12a2 2 0 0 1 2 2v2h-1.5V2a.5.5 0 0 0-.5-.5H8V0h2Z\" \/>\n\t\t\t<\/svg>\n\t\t<\/button><figcaption class=\"wp-element-caption\">Photo : Alby Set \/ Google Maps<\/figcaption><\/figure>\n\n\n\n<h3 class=\"wp-block-heading\"><span class=\"ez-toc-section\" id=\"4_Plage_dIpanema_et_le_systeme_des_postes_de_secours\"><\/span>4. Plage d&rsquo;Ipanema et le syst\u00e8me des postes de secours<span class=\"ez-toc-section-end\"><\/span><\/h3>\n\n\n\n<p class=\"wp-block-paragraph\">Si Copacabana repr\u00e9sente le tourisme de masse, Ipanema est le symbole de l&rsquo;\u00e9l\u00e9gance, de la mode et d&rsquo;un mode de vie baln\u00e9aire d\u00e9contract\u00e9. <strong>Cette plage est r\u00e9put\u00e9e pour son eau incroyablement claire et ses vues splendides sur les monts Dois Irm\u00e3os<\/strong>, qui forment un d\u00e9cor parfait pour chaque photo. Le sable y est un peu plus fin et l&rsquo;atmosph\u00e8re g\u00e9n\u00e9rale attire plut\u00f4t la jeune g\u00e9n\u00e9ration, les artistes et les amoureux du design, qui affluent des rues de boutiques voisines.<\/p>\n\n\n\n<p class=\"wp-block-paragraph\">Pour s&rsquo;orienter sur le long littoral, les habitants utilisent ce qu&rsquo;on appelle les postos, des postes de secours num\u00e9rot\u00e9s r\u00e9partis \u00e0 intervalles r\u00e9guliers. <strong>Le point le plus c\u00e9l\u00e8bre est sans conteste le Posto 9 d&rsquo;Ipanema<\/strong>, qui fonctionne historiquement comme le principal lieu de rencontre o\u00f9 les gens viennent s&rsquo;amuser, exhiber leurs nouveaux maillots et refaire le monde. Chaque posto a son atmosph\u00e8re propre et attire un groupe de personnes un peu diff\u00e9rent, des familles avec enfants aux sportifs passionn\u00e9s.<\/p>\n\n\n\n<p class=\"wp-block-paragraph\">\ud83d\udca1 Astuce : <strong>quand la faim te prend, pas besoin de quitter la plage : ach\u00e8te simplement un bol d&rsquo;a\u00e7a\u00ed glac\u00e9 aux vendeurs<\/strong>, cette pulpe violette \u00e9paisse issue de palmiers amazoniens, recouverte de granola croustillant et de banane. C&rsquo;est une gourmandise parfaite, rafra\u00eechissante et enti\u00e8rement sans viande, qui te redonnera aussit\u00f4t l&rsquo;\u00e9nergie n\u00e9cessaire pour une nouvelle baignade dans la chaleur tropicale.<\/p>\n\n\n\n<figure data-wp-context=\"{&quot;imageId&quot;:&quot;6a9c654753a3b&quot;}\" data-wp-interactive=\"core\/image\" data-wp-key=\"6a9c654753a3b\" class=\"wp-block-image size-full wp-lightbox-container\"><img decoding=\"async\" width=\"1600\" height=\"739\" data-wp-class--hide=\"state.isContentHidden\" data-wp-class--show=\"state.isContentVisible\" data-wp-init=\"callbacks.setButtonStyles\" data-wp-on--click=\"actions.showLightbox\" data-wp-on--load=\"callbacks.setButtonStyles\" data-wp-on--pointerdown=\"actions.preloadImage\" data-wp-on--pointerenter=\"actions.preloadImageWithDelay\" data-wp-on--pointerleave=\"actions.cancelPreload\" data-wp-on-window--resize=\"callbacks.setButtonStyles\" src=\"https:\/\/loudavymkrokem.cz\/wp-content\/uploads\/2026\/09\/leblon.jpg\" alt=\"Plage de Leblon et le point de vue Mirante do Leblon\" class=\"wp-image-413183\" title=\"\" srcset=\"https:\/\/loudavymkrokem.cz\/wp-content\/uploads\/2026\/09\/leblon.jpg 1600w, https:\/\/loudavymkrokem.cz\/wp-content\/uploads\/2026\/09\/leblon-300x139.jpg 300w, https:\/\/loudavymkrokem.cz\/wp-content\/uploads\/2026\/09\/leblon-700x323.jpg 700w, https:\/\/loudavymkrokem.cz\/wp-content\/uploads\/2026\/09\/leblon-768x355.jpg 768w, https:\/\/loudavymkrokem.cz\/wp-content\/uploads\/2026\/09\/leblon-1536x709.jpg 1536w, https:\/\/loudavymkrokem.cz\/wp-content\/uploads\/2026\/09\/leblon-696x321.jpg 696w, https:\/\/loudavymkrokem.cz\/wp-content\/uploads\/2026\/09\/leblon-1392x643.jpg 1392w\" sizes=\"(max-width: 1600px) 100vw, 1600px\" \/><button\n\t\t\tclass=\"lightbox-trigger\"\n\t\t\ttype=\"button\"\n\t\t\taria-haspopup=\"dialog\"\n\t\t\tdata-wp-bind--aria-label=\"state.thisImage.triggerButtonAriaLabel\"\n\t\t\tdata-wp-init=\"callbacks.initTriggerButton\"\n\t\t\tdata-wp-on--click=\"actions.showLightbox\"\n\t\t\tdata-wp-style--right=\"state.thisImage.buttonRight\"\n\t\t\tdata-wp-style--top=\"state.thisImage.buttonTop\"\n\t\t>\n\t\t\t<svg xmlns=\"http:\/\/www.w3.org\/2000\/svg\" width=\"12\" height=\"12\" fill=\"none\" viewBox=\"0 0 12 12\">\n\t\t\t\t<path fill=\"#fff\" d=\"M2 0a2 2 0 0 0-2 2v2h1.5V2a.5.5 0 0 1 .5-.5h2V0H2Zm2 10.5H2a.5.5 0 0 1-.5-.5V8H0v2a2 2 0 0 0 2 2h2v-1.5ZM8 12v-1.5h2a.5.5 0 0 0 .5-.5V8H12v2a2 2 0 0 1-2 2H8Zm2-12a2 2 0 0 1 2 2v2h-1.5V2a.5.5 0 0 0-.5-.5H8V0h2Z\" \/>\n\t\t\t<\/svg>\n\t\t<\/button><figcaption class=\"wp-element-caption\">Photo : Cassiano Neto \/ Google Maps<\/figcaption><\/figure>\n\n\n\n<h3 class=\"wp-block-heading\"><span class=\"ez-toc-section\" id=\"5_Plage_de_Leblon_et_le_point_de_vue_Mirante_do_Leblon\"><\/span>5. Plage de Leblon et le point de vue Mirante do Leblon<span class=\"ez-toc-section-end\"><\/span><\/h3>\n\n\n\n<p class=\"wp-block-paragraph\">Juste apr\u00e8s le canal qui s\u00e9pare Ipanema s&rsquo;\u00e9tend le quartier exclusif de Leblon, avec sa propre plage bien plus tranquille. <strong>Leblon est consid\u00e9r\u00e9 comme la partie la plus s\u00fbre et la plus prestigieuse de toute la ville<\/strong>, ce qui se refl\u00e8te non seulement dans une statistique de criminalit\u00e9 grave nulle, mais aussi dans le soin des kiosques locaux et la propret\u00e9 de tout le front de mer. La plage est le domaine des r\u00e9sidents, des familles avec enfants et des personnalit\u00e9s connues, qui viennent y relaxer sous les parasols, loin de l&rsquo;agitation touristique.<\/p>\n\n\n\n<p class=\"wp-block-paragraph\">Tout au bout de la plage, l\u00e0 o\u00f9 la route commence \u00e0 grimper dans les collines abruptes, tu trouveras une magnifique terrasse en bois surplombant l&rsquo;oc\u00e9an grondant. <strong>Le point de vue Mirante do Leblon t&rsquo;offre un regard iconique sur toute la longueur des plages de Leblon et Ipanema<\/strong>, bord\u00e9es de palmiers et de hauts immeubles modernes. C&rsquo;est surtout en fin d&rsquo;apr\u00e8s-midi que les gens y arrivent \u00e0 v\u00e9lo pour acheter, aux petits stands, une eau de coco bien fra\u00eeche et observer la ville qui s&rsquo;endort peu \u00e0 peu.<\/p>\n\n\n\n<p class=\"wp-block-paragraph\">\ud83d\udca1 Astuce : <strong>directement sur le point de vue, plusieurs petits bars te proposent des jus de fruits tropicaux frais<\/strong> tout en \u00e9coutant le fracas des vagues gigantesques qui se brisent contre les rochers juste sous tes pieds. C&rsquo;est l&rsquo;endroit id\u00e9al pour clore romantiquement une longue journ\u00e9e, d&rsquo;autant que tu y acc\u00e8des depuis la plage par une agr\u00e9able promenade le long d&rsquo;un sentier s\u00fbr.<\/p>\n\n\n\n<figure data-wp-context=\"{&quot;imageId&quot;:&quot;6a9c654753fb9&quot;}\" data-wp-interactive=\"core\/image\" data-wp-key=\"6a9c654753fb9\" class=\"wp-block-image size-full wp-lightbox-container\"><img decoding=\"async\" width=\"1600\" height=\"1068\" data-wp-class--hide=\"state.isContentHidden\" data-wp-class--show=\"state.isContentVisible\" data-wp-init=\"callbacks.setButtonStyles\" data-wp-on--click=\"actions.showLightbox\" data-wp-on--load=\"callbacks.setButtonStyles\" data-wp-on--pointerdown=\"actions.preloadImage\" data-wp-on--pointerenter=\"actions.preloadImageWithDelay\" data-wp-on--pointerleave=\"actions.cancelPreload\" data-wp-on-window--resize=\"callbacks.setButtonStyles\" src=\"https:\/\/loudavymkrokem.cz\/wp-content\/uploads\/2026\/09\/pedra-do-arpoador.jpg\" alt=\"\u00c9peron rocheux Pedra do Arpoador\" class=\"wp-image-413187\" title=\"\" srcset=\"https:\/\/loudavymkrokem.cz\/wp-content\/uploads\/2026\/09\/pedra-do-arpoador.jpg 1600w, https:\/\/loudavymkrokem.cz\/wp-content\/uploads\/2026\/09\/pedra-do-arpoador-300x200.jpg 300w, https:\/\/loudavymkrokem.cz\/wp-content\/uploads\/2026\/09\/pedra-do-arpoador-700x467.jpg 700w, https:\/\/loudavymkrokem.cz\/wp-content\/uploads\/2026\/09\/pedra-do-arpoador-768x513.jpg 768w, https:\/\/loudavymkrokem.cz\/wp-content\/uploads\/2026\/09\/pedra-do-arpoador-1536x1025.jpg 1536w, https:\/\/loudavymkrokem.cz\/wp-content\/uploads\/2026\/09\/pedra-do-arpoador-696x465.jpg 696w, https:\/\/loudavymkrokem.cz\/wp-content\/uploads\/2026\/09\/pedra-do-arpoador-1392x929.jpg 1392w\" sizes=\"(max-width: 1600px) 100vw, 1600px\" \/><button\n\t\t\tclass=\"lightbox-trigger\"\n\t\t\ttype=\"button\"\n\t\t\taria-haspopup=\"dialog\"\n\t\t\tdata-wp-bind--aria-label=\"state.thisImage.triggerButtonAriaLabel\"\n\t\t\tdata-wp-init=\"callbacks.initTriggerButton\"\n\t\t\tdata-wp-on--click=\"actions.showLightbox\"\n\t\t\tdata-wp-style--right=\"state.thisImage.buttonRight\"\n\t\t\tdata-wp-style--top=\"state.thisImage.buttonTop\"\n\t\t>\n\t\t\t<svg xmlns=\"http:\/\/www.w3.org\/2000\/svg\" width=\"12\" height=\"12\" fill=\"none\" viewBox=\"0 0 12 12\">\n\t\t\t\t<path fill=\"#fff\" d=\"M2 0a2 2 0 0 0-2 2v2h1.5V2a.5.5 0 0 1 .5-.5h2V0H2Zm2 10.5H2a.5.5 0 0 1-.5-.5V8H0v2a2 2 0 0 0 2 2h2v-1.5ZM8 12v-1.5h2a.5.5 0 0 0 .5-.5V8H12v2a2 2 0 0 1-2 2H8Zm2-12a2 2 0 0 1 2 2v2h-1.5V2a.5.5 0 0 0-.5-.5H8V0h2Z\" \/>\n\t\t\t<\/svg>\n\t\t<\/button><figcaption class=\"wp-element-caption\">Photo : Maur\u00edcio Moreno \/ Google Maps<\/figcaption><\/figure>\n\n\n\n<h3 class=\"wp-block-heading\"><span class=\"ez-toc-section\" id=\"6_Eperon_rocheux_Pedra_do_Arpoador\"><\/span>6. \u00c9peron rocheux Pedra do Arpoador<span class=\"ez-toc-section-end\"><\/span><\/h3>\n\n\n\n<p class=\"wp-block-paragraph\">Entre l&rsquo;anim\u00e9e Copacabana et l&rsquo;\u00e9l\u00e9gante Ipanema, un immense massif rocheux s&rsquo;avance profond\u00e9ment dans l&rsquo;oc\u00e9an et forme la fronti\u00e8re naturelle entre les deux baies. <strong>La Pedra do Arpoador est une v\u00e9ritable l\u00e9gende chez les surfeurs<\/strong>, car c&rsquo;est ici que se brisent les meilleures et les plus r\u00e9guli\u00e8res vagues de toute la ville. En journ\u00e9e, tu peux observer depuis les rochers des dizaines de sportifs dompter avec brio l&rsquo;\u00e9l\u00e9ment marin, pendant que tu t&rsquo;appuies contre la pierre chaude et respires l&rsquo;air sal\u00e9 de l&rsquo;oc\u00e9an.<\/p>\n\n\n\n<p class=\"wp-block-paragraph\">Mais le vrai spectacle ne commence qu&rsquo;en d\u00e9but de soir\u00e9e, quand les rochers se remplissent de centaines de personnes avec un seul objectif commun. <strong>La tradition veut que, d\u00e8s que le soleil se couche derri\u00e8re le majestueux mont Dois Irm\u00e3os, toute la foule se mette \u00e0 applaudir avec enthousiasme<\/strong>, remerciant ainsi la nature pour une nouvelle journ\u00e9e magnifique dans cette ville paradisiaque. C&rsquo;est une exp\u00e9rience incroyablement forte et \u00e9mouvante, qui capture parfaitement le temp\u00e9rament chaleureux et joyeux des Br\u00e9siliens, dont tu tomberas aussit\u00f4t amoureux.<\/p>\n\n\n\n<p class=\"wp-block-paragraph\">\ud83d\udca1 Astuce : <strong>arrive au moins une heure avant le coucher du soleil pour te d\u00e9nicher une bonne place assise<\/strong>, car les rochers sont souvent pleins \u00e0 craquer. Sur le chemin du retour, il vaut la peine de bifurquer vers l&rsquo;un des restaurants japonais ou italiens des environs \u2014 si tu ne raffoles pas de viande, tu y trouveras ton bonheur.<\/p>\n\n\n\n<figure data-wp-context=\"{&quot;imageId&quot;:&quot;6a9c654754625&quot;}\" data-wp-interactive=\"core\/image\" data-wp-key=\"6a9c654754625\" class=\"wp-block-image size-full wp-lightbox-container\"><img decoding=\"async\" width=\"1254\" height=\"836\" data-wp-class--hide=\"state.isContentHidden\" data-wp-class--show=\"state.isContentVisible\" data-wp-init=\"callbacks.setButtonStyles\" data-wp-on--click=\"actions.showLightbox\" data-wp-on--load=\"callbacks.setButtonStyles\" data-wp-on--pointerdown=\"actions.preloadImage\" data-wp-on--pointerenter=\"actions.preloadImageWithDelay\" data-wp-on--pointerleave=\"actions.cancelPreload\" data-wp-on-window--resize=\"callbacks.setButtonStyles\" src=\"https:\/\/loudavymkrokem.cz\/wp-content\/uploads\/2026\/09\/escadaria-selar-n.jpg\" alt=\"Escalier Escadaria Selar\u00f3n\" class=\"wp-image-413192\" title=\"\" srcset=\"https:\/\/loudavymkrokem.cz\/wp-content\/uploads\/2026\/09\/escadaria-selar-n.jpg 1254w, https:\/\/loudavymkrokem.cz\/wp-content\/uploads\/2026\/09\/escadaria-selar-n-300x200.jpg 300w, https:\/\/loudavymkrokem.cz\/wp-content\/uploads\/2026\/09\/escadaria-selar-n-700x467.jpg 700w, https:\/\/loudavymkrokem.cz\/wp-content\/uploads\/2026\/09\/escadaria-selar-n-768x512.jpg 768w, https:\/\/loudavymkrokem.cz\/wp-content\/uploads\/2026\/09\/escadaria-selar-n-696x464.jpg 696w\" sizes=\"(max-width: 1254px) 100vw, 1254px\" \/><button\n\t\t\tclass=\"lightbox-trigger\"\n\t\t\ttype=\"button\"\n\t\t\taria-haspopup=\"dialog\"\n\t\t\tdata-wp-bind--aria-label=\"state.thisImage.triggerButtonAriaLabel\"\n\t\t\tdata-wp-init=\"callbacks.initTriggerButton\"\n\t\t\tdata-wp-on--click=\"actions.showLightbox\"\n\t\t\tdata-wp-style--right=\"state.thisImage.buttonRight\"\n\t\t\tdata-wp-style--top=\"state.thisImage.buttonTop\"\n\t\t>\n\t\t\t<svg xmlns=\"http:\/\/www.w3.org\/2000\/svg\" width=\"12\" height=\"12\" fill=\"none\" viewBox=\"0 0 12 12\">\n\t\t\t\t<path fill=\"#fff\" d=\"M2 0a2 2 0 0 0-2 2v2h1.5V2a.5.5 0 0 1 .5-.5h2V0H2Zm2 10.5H2a.5.5 0 0 1-.5-.5V8H0v2a2 2 0 0 0 2 2h2v-1.5ZM8 12v-1.5h2a.5.5 0 0 0 .5-.5V8H12v2a2 2 0 0 1-2 2H8Zm2-12a2 2 0 0 1 2 2v2h-1.5V2a.5.5 0 0 0-.5-.5H8V0h2Z\" \/>\n\t\t\t<\/svg>\n\t\t<\/button><figcaption class=\"wp-element-caption\">Photo : Imanol Gallego \/ Google Maps<\/figcaption><\/figure>\n\n\n\n<h3 class=\"wp-block-heading\"><span class=\"ez-toc-section\" id=\"7_Escalier_Escadaria_Selaron\"><\/span>7. Escalier Escadaria Selar\u00f3n<span class=\"ez-toc-section-end\"><\/span><\/h3>\n\n\n\n<p class=\"wp-block-paragraph\">Dans le quartier boh\u00e8me de Lapa, tu tomberas sur un escalier que tu reconna\u00eetras aussit\u00f4t sur Instagram \u2014 m\u00eame sans savoir comment il s&rsquo;appelle. <strong>L&rsquo;Escadaria Selar\u00f3n est un escalier monumental de deux cent quinze marches<\/strong>, que l&rsquo;artiste chilien Jorge Selar\u00f3n a recouvert peu \u00e0 peu de milliers de carreaux aux couleurs \u00e9clatantes venus du monde entier. Il a consacr\u00e9 plus de vingt ans \u00e0 cette \u0153uvre de sa vie, en hommage au peuple br\u00e9silien, et ce couloir bariol\u00e9 est aujourd&rsquo;hui incontournable pour tout visiteur de la ville.<\/p>\n\n\n\n<p class=\"wp-block-paragraph\">En regardant attentivement, tu d\u00e9couvriras que les carreaux proviennent de plus de soixante pays et que beaucoup lui ont \u00e9t\u00e9 envoy\u00e9s par les fans de son travail infatigable. <strong>Chaque morceau de c\u00e9ramique raconte sa propre histoire et toute la mosa\u00efque se transforme sans cesse<\/strong>, au fur et \u00e0 mesure que tu montes vers le quartier artistique de Santa Teresa. L&rsquo;atmosph\u00e8re du lieu est souvent rehauss\u00e9e par des musiciens de rue et des vendeurs de petits souvenirs, qui apportent \u00e0 l&rsquo;escalier une authentique couleur locale.<\/p>\n\n\n\n<p class=\"wp-block-paragraph\">\ud83d\udca1 Astuce : <strong>viens ici t\u00f4t le matin, id\u00e9alement vers huit heures, sinon tu auras des foules de touristes sur tes photos<\/strong>, car en journ\u00e9e les marches sont bond\u00e9es. L&rsquo;escalier relie le quartier de Lapa \u00e0 Santa Teresa, si bien qu&rsquo;apr\u00e8s l&rsquo;avoir gravi, tu peux encha\u00eener sans transition avec la visite des ruelles historiques en haut de la colline.<\/p>\n\n\n\n<figure data-wp-context=\"{&quot;imageId&quot;:&quot;6a9c654754dbf&quot;}\" data-wp-interactive=\"core\/image\" data-wp-key=\"6a9c654754dbf\" class=\"wp-block-image size-full wp-lightbox-container\"><img decoding=\"async\" width=\"1080\" height=\"1350\" data-wp-class--hide=\"state.isContentHidden\" data-wp-class--show=\"state.isContentVisible\" data-wp-init=\"callbacks.setButtonStyles\" data-wp-on--click=\"actions.showLightbox\" data-wp-on--load=\"callbacks.setButtonStyles\" data-wp-on--pointerdown=\"actions.preloadImage\" data-wp-on--pointerenter=\"actions.preloadImageWithDelay\" data-wp-on--pointerleave=\"actions.cancelPreload\" data-wp-on-window--resize=\"callbacks.setButtonStyles\" src=\"https:\/\/loudavymkrokem.cz\/wp-content\/uploads\/2026\/09\/santa-teresa.jpg\" alt=\"Quartier de Santa Teresa et son tramway historique\" class=\"wp-image-413195\" title=\"\" srcset=\"https:\/\/loudavymkrokem.cz\/wp-content\/uploads\/2026\/09\/santa-teresa.jpg 1080w, https:\/\/loudavymkrokem.cz\/wp-content\/uploads\/2026\/09\/santa-teresa-240x300.jpg 240w, https:\/\/loudavymkrokem.cz\/wp-content\/uploads\/2026\/09\/santa-teresa-700x875.jpg 700w, https:\/\/loudavymkrokem.cz\/wp-content\/uploads\/2026\/09\/santa-teresa-768x960.jpg 768w, https:\/\/loudavymkrokem.cz\/wp-content\/uploads\/2026\/09\/santa-teresa-696x870.jpg 696w\" sizes=\"(max-width: 1080px) 100vw, 1080px\" \/><button\n\t\t\tclass=\"lightbox-trigger\"\n\t\t\ttype=\"button\"\n\t\t\taria-haspopup=\"dialog\"\n\t\t\tdata-wp-bind--aria-label=\"state.thisImage.triggerButtonAriaLabel\"\n\t\t\tdata-wp-init=\"callbacks.initTriggerButton\"\n\t\t\tdata-wp-on--click=\"actions.showLightbox\"\n\t\t\tdata-wp-style--right=\"state.thisImage.buttonRight\"\n\t\t\tdata-wp-style--top=\"state.thisImage.buttonTop\"\n\t\t>\n\t\t\t<svg xmlns=\"http:\/\/www.w3.org\/2000\/svg\" width=\"12\" height=\"12\" fill=\"none\" viewBox=\"0 0 12 12\">\n\t\t\t\t<path fill=\"#fff\" d=\"M2 0a2 2 0 0 0-2 2v2h1.5V2a.5.5 0 0 1 .5-.5h2V0H2Zm2 10.5H2a.5.5 0 0 1-.5-.5V8H0v2a2 2 0 0 0 2 2h2v-1.5ZM8 12v-1.5h2a.5.5 0 0 0 .5-.5V8H12v2a2 2 0 0 1-2 2H8Zm2-12a2 2 0 0 1 2 2v2h-1.5V2a.5.5 0 0 0-.5-.5H8V0h2Z\" \/>\n\t\t\t<\/svg>\n\t\t<\/button><figcaption class=\"wp-element-caption\">Photo : Guilherme Carvalho \/ Google Maps<\/figcaption><\/figure>\n\n\n\n<h3 class=\"wp-block-heading\"><span class=\"ez-toc-section\" id=\"8_Quartier_de_Santa_Teresa_et_son_tramway_historique\"><\/span>8. Quartier de Santa Teresa et son tramway historique<span class=\"ez-toc-section-end\"><\/span><\/h3>\n\n\n\n<p class=\"wp-block-paragraph\">Perch\u00e9 haut sur les collines au-dessus du centre anim\u00e9 se blottit un quartier pittoresque, comme \u00e9chapp\u00e9 d&rsquo;un tout autre si\u00e8cle. <strong>Santa Teresa regorge de ruelles pav\u00e9es \u00e9troites, de vieilles villas coloniales et d&rsquo;ateliers d&rsquo;artistes ind\u00e9pendants<\/strong>, ce qui lui a valu le surnom de Montmartre br\u00e9silien. Depuis les points de vue locaux s&rsquo;ouvrent des panoramas superbes sur la baie et les gratte-ciels modernes tout en bas, pendant que tu es assis dans un caf\u00e9 tranquille \u00e0 l&rsquo;ombre de grands arbres.<\/p>\n\n\n\n<p class=\"wp-block-paragraph\">La mani\u00e8re la plus iconique de rejoindre ce quartier escarp\u00e9 est de prendre le c\u00e9l\u00e8bre tramway jaune appel\u00e9 bondinho. <strong>Le tramway historique part de la station Santa Teresa dans le centre et grimpe en bringuebalant les pentes raides<\/strong>, traversant en chemin un immense aqueduc blanc. C&rsquo;est une exp\u00e9rience nostalgique formidable, o\u00f9 tu sens le vent dans tes cheveux et d\u00e9couvres la ville sous une perspective absolument unique, l\u00e9g\u00e8rement sur\u00e9lev\u00e9e.<\/p>\n\n\n\n<p class=\"wp-block-paragraph\">\ud83d\udca1 Astuce : <strong>dans les charmants bistrots locaux, commande absolument une excellente tapioca, une cr\u00eape sans gluten \u00e0 base de farine de manioc<\/strong>, qu&rsquo;on te garnira volontiers de fromage, de tomates et d&rsquo;herbes fra\u00eeches. C&rsquo;est un plat traditionnel, nourrissant et pourtant l\u00e9ger, sans viande, qui s&rsquo;int\u00e8gre parfaitement \u00e0 l&rsquo;atmosph\u00e8re paisible de ce quartier artistique.<\/p>\n\n\n\n<figure data-wp-context=\"{&quot;imageId&quot;:&quot;6a9c6547556ad&quot;}\" data-wp-interactive=\"core\/image\" data-wp-key=\"6a9c6547556ad\" class=\"wp-block-image size-full wp-lightbox-container\"><img decoding=\"async\" width=\"1600\" height=\"1600\" data-wp-class--hide=\"state.isContentHidden\" data-wp-class--show=\"state.isContentVisible\" data-wp-init=\"callbacks.setButtonStyles\" data-wp-on--click=\"actions.showLightbox\" data-wp-on--load=\"callbacks.setButtonStyles\" data-wp-on--pointerdown=\"actions.preloadImage\" data-wp-on--pointerenter=\"actions.preloadImageWithDelay\" data-wp-on--pointerleave=\"actions.cancelPreload\" data-wp-on-window--resize=\"callbacks.setButtonStyles\" src=\"https:\/\/loudavymkrokem.cz\/wp-content\/uploads\/2026\/09\/arcos-da-lapa.jpg\" alt=\"Aqueduc Arcos da Lapa\" class=\"wp-image-413198\" title=\"\" srcset=\"https:\/\/loudavymkrokem.cz\/wp-content\/uploads\/2026\/09\/arcos-da-lapa.jpg 1600w, https:\/\/loudavymkrokem.cz\/wp-content\/uploads\/2026\/09\/arcos-da-lapa-300x300.jpg 300w, https:\/\/loudavymkrokem.cz\/wp-content\/uploads\/2026\/09\/arcos-da-lapa-700x700.jpg 700w, https:\/\/loudavymkrokem.cz\/wp-content\/uploads\/2026\/09\/arcos-da-lapa-150x150.jpg 150w, https:\/\/loudavymkrokem.cz\/wp-content\/uploads\/2026\/09\/arcos-da-lapa-768x768.jpg 768w, https:\/\/loudavymkrokem.cz\/wp-content\/uploads\/2026\/09\/arcos-da-lapa-1536x1536.jpg 1536w, https:\/\/loudavymkrokem.cz\/wp-content\/uploads\/2026\/09\/arcos-da-lapa-696x696.jpg 696w, https:\/\/loudavymkrokem.cz\/wp-content\/uploads\/2026\/09\/arcos-da-lapa-1392x1392.jpg 1392w\" sizes=\"(max-width: 1600px) 100vw, 1600px\" \/><button\n\t\t\tclass=\"lightbox-trigger\"\n\t\t\ttype=\"button\"\n\t\t\taria-haspopup=\"dialog\"\n\t\t\tdata-wp-bind--aria-label=\"state.thisImage.triggerButtonAriaLabel\"\n\t\t\tdata-wp-init=\"callbacks.initTriggerButton\"\n\t\t\tdata-wp-on--click=\"actions.showLightbox\"\n\t\t\tdata-wp-style--right=\"state.thisImage.buttonRight\"\n\t\t\tdata-wp-style--top=\"state.thisImage.buttonTop\"\n\t\t>\n\t\t\t<svg xmlns=\"http:\/\/www.w3.org\/2000\/svg\" width=\"12\" height=\"12\" fill=\"none\" viewBox=\"0 0 12 12\">\n\t\t\t\t<path fill=\"#fff\" d=\"M2 0a2 2 0 0 0-2 2v2h1.5V2a.5.5 0 0 1 .5-.5h2V0H2Zm2 10.5H2a.5.5 0 0 1-.5-.5V8H0v2a2 2 0 0 0 2 2h2v-1.5ZM8 12v-1.5h2a.5.5 0 0 0 .5-.5V8H12v2a2 2 0 0 1-2 2H8Zm2-12a2 2 0 0 1 2 2v2h-1.5V2a.5.5 0 0 0-.5-.5H8V0h2Z\" \/>\n\t\t\t<\/svg>\n\t\t<\/button><figcaption class=\"wp-element-caption\">Photo : W Travel \/ Google Maps<\/figcaption><\/figure>\n\n\n\n<h3 class=\"wp-block-heading\"><span class=\"ez-toc-section\" id=\"9_Aqueduc_Arcos_da_Lapa\"><\/span>9. Aqueduc Arcos da Lapa<span class=\"ez-toc-section-end\"><\/span><\/h3>\n\n\n\n<p class=\"wp-block-paragraph\">D\u00e8s que tu arrives \u00e0 Lapa, ton regard est aussit\u00f4t happ\u00e9 par un immense aqueduc blanc qui domine totalement la place. <strong>Les Arcos da Lapa forment un aqueduc monumental du dix-huiti\u00e8me si\u00e8cle qui amenait autrefois l&rsquo;eau potable des collines environnantes<\/strong> directement au centre de cette ville coloniale en pleine expansion. Avec ses quarante-deux arches massives, il repr\u00e9sente l&rsquo;un des plus importants t\u00e9moignages de l&rsquo;architecture portugaise de tout le pays.<\/p>\n\n\n\n<p class=\"wp-block-paragraph\">Si l&rsquo;eau n&rsquo;y coule plus depuis longtemps, la structure a trouv\u00e9 un nouvel usage tout aussi important dans les transports modernes. <strong>C&rsquo;est justement sur le sommet de cet aqueduc historique que ferraille aujourd&rsquo;hui le l\u00e9gendaire tramway jaune en direction de Santa Teresa<\/strong>, ce qui cr\u00e9e un contraste incroyablement photog\u00e9nique entre l&rsquo;ancien et le nouveau. La place sous les arches s&rsquo;anime surtout le vendredi soir, quand les locaux s&rsquo;y rassemblent pour des f\u00eates de rue endiabl\u00e9es, pleines de danse et de musique tonitruante.<\/p>\n\n\n\n<p class=\"wp-block-paragraph\">\ufffd7 Astuce : <strong>tu prendras les plus belles photos de l&rsquo;aqueduc avec un l\u00e9ger recul, depuis la place Pra\u00e7a Cardeal C\u00e2mara<\/strong>, d&rsquo;o\u00f9 toute sa longueur imposante et sa couleur blanche \u00e9clatante ressortent magnifiquement. Si tu veux \u00e9viter les foules nocturnes et l&rsquo;ambiance de f\u00eate, visite plut\u00f4t ce lieu en matin\u00e9e le week-end, quand les environs sont bien calmes.<\/p>\n\n\n\n<figure data-wp-context=\"{&quot;imageId&quot;:&quot;6a9c654755efd&quot;}\" data-wp-interactive=\"core\/image\" data-wp-key=\"6a9c654755efd\" class=\"wp-block-image size-full wp-lightbox-container\"><img decoding=\"async\" width=\"1600\" height=\"1200\" data-wp-class--hide=\"state.isContentHidden\" data-wp-class--show=\"state.isContentVisible\" data-wp-init=\"callbacks.setButtonStyles\" data-wp-on--click=\"actions.showLightbox\" data-wp-on--load=\"callbacks.setButtonStyles\" data-wp-on--pointerdown=\"actions.preloadImage\" data-wp-on--pointerenter=\"actions.preloadImageWithDelay\" data-wp-on--pointerleave=\"actions.cancelPreload\" data-wp-on-window--resize=\"callbacks.setButtonStyles\" src=\"https:\/\/loudavymkrokem.cz\/wp-content\/uploads\/2026\/09\/parque-das-ru-nas.jpg\" alt=\"Galerie Parque das Ru\u00ednas\" class=\"wp-image-413202\" title=\"\" srcset=\"https:\/\/loudavymkrokem.cz\/wp-content\/uploads\/2026\/09\/parque-das-ru-nas.jpg 1600w, https:\/\/loudavymkrokem.cz\/wp-content\/uploads\/2026\/09\/parque-das-ru-nas-300x225.jpg 300w, https:\/\/loudavymkrokem.cz\/wp-content\/uploads\/2026\/09\/parque-das-ru-nas-700x525.jpg 700w, https:\/\/loudavymkrokem.cz\/wp-content\/uploads\/2026\/09\/parque-das-ru-nas-768x576.jpg 768w, https:\/\/loudavymkrokem.cz\/wp-content\/uploads\/2026\/09\/parque-das-ru-nas-1536x1152.jpg 1536w, https:\/\/loudavymkrokem.cz\/wp-content\/uploads\/2026\/09\/parque-das-ru-nas-80x60.jpg 80w, https:\/\/loudavymkrokem.cz\/wp-content\/uploads\/2026\/09\/parque-das-ru-nas-160x120.jpg 160w, https:\/\/loudavymkrokem.cz\/wp-content\/uploads\/2026\/09\/parque-das-ru-nas-696x522.jpg 696w, https:\/\/loudavymkrokem.cz\/wp-content\/uploads\/2026\/09\/parque-das-ru-nas-1392x1044.jpg 1392w\" sizes=\"(max-width: 1600px) 100vw, 1600px\" \/><button\n\t\t\tclass=\"lightbox-trigger\"\n\t\t\ttype=\"button\"\n\t\t\taria-haspopup=\"dialog\"\n\t\t\tdata-wp-bind--aria-label=\"state.thisImage.triggerButtonAriaLabel\"\n\t\t\tdata-wp-init=\"callbacks.initTriggerButton\"\n\t\t\tdata-wp-on--click=\"actions.showLightbox\"\n\t\t\tdata-wp-style--right=\"state.thisImage.buttonRight\"\n\t\t\tdata-wp-style--top=\"state.thisImage.buttonTop\"\n\t\t>\n\t\t\t<svg xmlns=\"http:\/\/www.w3.org\/2000\/svg\" width=\"12\" height=\"12\" fill=\"none\" viewBox=\"0 0 12 12\">\n\t\t\t\t<path fill=\"#fff\" d=\"M2 0a2 2 0 0 0-2 2v2h1.5V2a.5.5 0 0 1 .5-.5h2V0H2Zm2 10.5H2a.5.5 0 0 1-.5-.5V8H0v2a2 2 0 0 0 2 2h2v-1.5ZM8 12v-1.5h2a.5.5 0 0 0 .5-.5V8H12v2a2 2 0 0 1-2 2H8Zm2-12a2 2 0 0 1 2 2v2h-1.5V2a.5.5 0 0 0-.5-.5H8V0h2Z\" \/>\n\t\t\t<\/svg>\n\t\t<\/button><figcaption class=\"wp-element-caption\">Photo : Andr\u00e9 Marcelo de Lourdes \/ Google Maps<\/figcaption><\/figure>\n\n\n\n<h3 class=\"wp-block-heading\"><span class=\"ez-toc-section\" id=\"10_Galerie_Parque_das_Ruinas\"><\/span>10. Galerie Parque das Ru\u00ednas<span class=\"ez-toc-section-end\"><\/span><\/h3>\n\n\n\n<p class=\"wp-block-paragraph\">Au c\u0153ur du quartier historique de Santa Teresa se trouve un joyau architectural qui relie g\u00e9nialement un pass\u00e9 glorieux \u00e0 un design moderne. <strong>Le Parque das Ru\u00ednas est un fascinant parc public et centre culturel b\u00e2ti directement dans les vestiges d&rsquo;une ancienne villa aristocratique<\/strong>, ayant appartenu \u00e0 une riche m\u00e9c\u00e8ne br\u00e9silienne. Les architectes ont conserv\u00e9 les murs de brique \u00e0 nu et les ont compl\u00e9t\u00e9s d&rsquo;un escalier moderne en acier et d&rsquo;immenses panneaux de verre, cr\u00e9ant ainsi un espace absolument unique.<\/p>\n\n\n\n<p class=\"wp-block-paragraph\">Depuis les \u00e9tages sup\u00e9rieurs de cette ruine r\u00e9habilit\u00e9e, une vue s&rsquo;offre \u00e0 toi que tu retiendras jusqu&rsquo;\u00e0 la fin de tes jours. <strong>Les plateformes panoramiques offrent une vue d\u00e9gag\u00e9e sur tout le centre historique, le Pain de Sucre et la baie de Guanabara<\/strong>, et tout cela sans le moindre droit d&rsquo;entr\u00e9e. Le site accueille r\u00e9guli\u00e8rement des concerts en plein air, des repr\u00e9sentations th\u00e9\u00e2trales et des expositions d&rsquo;art contemporain, qui attirent aussi bien les intellectuels locaux que les voyageurs curieux.<\/p>\n\n\n\n<p class=\"wp-block-paragraph\">\ud83d\udca1 Astuce : <strong>au rez-de-chauss\u00e9e du site fonctionne un excellent petit caf\u00e9 avec terrasse ext\u00e9rieure<\/strong>, o\u00f9 tu peux siroter un caf\u00e9 glac\u00e9 et observer l&rsquo;animation autour de toi. Les horaires d&rsquo;ouverture peuvent varier selon les \u00e9v\u00e9nements culturels en cours ; avant ta visite, v\u00e9rifie donc que ce n&rsquo;est pas un lundi, jour o\u00f9 la plupart des mus\u00e9es et galeries de Rio sont strictement ferm\u00e9s.<\/p>\n\n\n\n<figure data-wp-context=\"{&quot;imageId&quot;:&quot;6a9c6547569cf&quot;}\" data-wp-interactive=\"core\/image\" data-wp-key=\"6a9c6547569cf\" class=\"wp-block-image size-full wp-lightbox-container\"><img decoding=\"async\" width=\"1600\" height=\"2125\" data-wp-class--hide=\"state.isContentHidden\" data-wp-class--show=\"state.isContentVisible\" data-wp-init=\"callbacks.setButtonStyles\" data-wp-on--click=\"actions.showLightbox\" data-wp-on--load=\"callbacks.setButtonStyles\" data-wp-on--pointerdown=\"actions.preloadImage\" data-wp-on--pointerenter=\"actions.preloadImageWithDelay\" data-wp-on--pointerleave=\"actions.cancelPreload\" data-wp-on-window--resize=\"callbacks.setButtonStyles\" src=\"https:\/\/loudavymkrokem.cz\/wp-content\/uploads\/2026\/09\/tijuca-national-park.jpg\" alt=\"For\u00eat tropicale urbaine du parc national de Tijuca\" class=\"wp-image-413205\" title=\"\" srcset=\"https:\/\/loudavymkrokem.cz\/wp-content\/uploads\/2026\/09\/tijuca-national-park.jpg 1600w, https:\/\/loudavymkrokem.cz\/wp-content\/uploads\/2026\/09\/tijuca-national-park-226x300.jpg 226w, https:\/\/loudavymkrokem.cz\/wp-content\/uploads\/2026\/09\/tijuca-national-park-700x930.jpg 700w, https:\/\/loudavymkrokem.cz\/wp-content\/uploads\/2026\/09\/tijuca-national-park-768x1020.jpg 768w, https:\/\/loudavymkrokem.cz\/wp-content\/uploads\/2026\/09\/tijuca-national-park-1157x1536.jpg 1157w, https:\/\/loudavymkrokem.cz\/wp-content\/uploads\/2026\/09\/tijuca-national-park-1542x2048.jpg 1542w, https:\/\/loudavymkrokem.cz\/wp-content\/uploads\/2026\/09\/tijuca-national-park-696x924.jpg 696w, https:\/\/loudavymkrokem.cz\/wp-content\/uploads\/2026\/09\/tijuca-national-park-1392x1849.jpg 1392w\" sizes=\"(max-width: 1600px) 100vw, 1600px\" \/><button\n\t\t\tclass=\"lightbox-trigger\"\n\t\t\ttype=\"button\"\n\t\t\taria-haspopup=\"dialog\"\n\t\t\tdata-wp-bind--aria-label=\"state.thisImage.triggerButtonAriaLabel\"\n\t\t\tdata-wp-init=\"callbacks.initTriggerButton\"\n\t\t\tdata-wp-on--click=\"actions.showLightbox\"\n\t\t\tdata-wp-style--right=\"state.thisImage.buttonRight\"\n\t\t\tdata-wp-style--top=\"state.thisImage.buttonTop\"\n\t\t>\n\t\t\t<svg xmlns=\"http:\/\/www.w3.org\/2000\/svg\" width=\"12\" height=\"12\" fill=\"none\" viewBox=\"0 0 12 12\">\n\t\t\t\t<path fill=\"#fff\" d=\"M2 0a2 2 0 0 0-2 2v2h1.5V2a.5.5 0 0 1 .5-.5h2V0H2Zm2 10.5H2a.5.5 0 0 1-.5-.5V8H0v2a2 2 0 0 0 2 2h2v-1.5ZM8 12v-1.5h2a.5.5 0 0 0 .5-.5V8H12v2a2 2 0 0 1-2 2H8Zm2-12a2 2 0 0 1 2 2v2h-1.5V2a.5.5 0 0 0-.5-.5H8V0h2Z\" \/>\n\t\t\t<\/svg>\n\t\t<\/button><figcaption class=\"wp-element-caption\">Photo : Clifford Aldan \/ Google Maps<\/figcaption><\/figure>\n\n\n\n<h3 class=\"wp-block-heading\"><span class=\"ez-toc-section\" id=\"11_La_foret_tropicale_urbaine_du_parc_national_de_Tijuca\"><\/span>11. La for\u00eat tropicale urbaine du parc national de Tijuca<span class=\"ez-toc-section-end\"><\/span><\/h3>\n\n\n\n<p class=\"wp-block-paragraph\">Alors que d&rsquo;autres grandes villes ont de vastes parcs et jardins, Rio de Janeiro peut se targuer de quelque chose de bien plus sauvage et monumental. <strong>Le parc national de Tijuca est une immense for\u00eat tropicale urbaine qui recouvre les massifs montagneux escarp\u00e9s en plein milieu de cette m\u00e9tropole d&rsquo;un million d&rsquo;habitants.<\/strong> Ce poumon vert de la ville ne fait pas que purifier l&rsquo;air et rafra\u00eechir le climat tropical, il offre aussi refuge \u00e0 des milliers d&rsquo;esp\u00e8ces d&rsquo;animaux exotiques, \u00e0 d&rsquo;immenses papillons et \u00e0 des singes effront\u00e9ment curieux.<\/p>\n\n\n\n<p class=\"wp-block-paragraph\">Toute la for\u00eat est parcourue d&rsquo;un r\u00e9seau de sentiers de randonn\u00e9e entretenus, qui te m\u00e8neront \u00e0 des cascades bruissantes, \u00e0 des grottes obscures et \u00e0 des points de vue \u00e0 couper le souffle. <strong>En te promenant sous la cime d&rsquo;arbres mill\u00e9naires, tu oublies compl\u00e8tement que tu te trouves dans l&rsquo;une des villes les plus anim\u00e9es d&rsquo;Am\u00e9rique du Sud<\/strong>, car le bruit de la circulation y est enti\u00e8rement remplac\u00e9 par les cris de perroquets multicolores. L&rsquo;histoire de ce lieu est fascinante : la for\u00eat a \u00e9t\u00e9 rebois\u00e9e \u00e0 la main au dix-neuvi\u00e8me si\u00e8cle, apr\u00e8s que les plantations de caf\u00e9 eurent d\u00e9truit la v\u00e9g\u00e9tation d&rsquo;origine.<\/p>\n\n\n\n<p class=\"wp-block-paragraph\">\ud83d\udca1 Astuce : <strong>pour explorer la for\u00eat, engage id\u00e9alement un guide certifi\u00e9 avec un jeep<\/strong>, car la superficie du parc est immense et l&rsquo;orientation sur les sentiers peut \u00eatre trompeuse. N&rsquo;oublie pas d&#8217;emporter un r\u00e9pulsif puissant contre les insectes tropicaux et une veste imperm\u00e9able l\u00e9g\u00e8re, car le microclimat sous les arbres est nettement plus humide et frais qu&rsquo;en bas sur les plages.<\/p>\n\n\n\n<figure data-wp-context=\"{&quot;imageId&quot;:&quot;6a9c6547571c7&quot;}\" data-wp-interactive=\"core\/image\" data-wp-key=\"6a9c6547571c7\" class=\"wp-block-image size-full wp-lightbox-container\"><img decoding=\"async\" width=\"1600\" height=\"1200\" data-wp-class--hide=\"state.isContentHidden\" data-wp-class--show=\"state.isContentVisible\" data-wp-init=\"callbacks.setButtonStyles\" data-wp-on--click=\"actions.showLightbox\" data-wp-on--load=\"callbacks.setButtonStyles\" data-wp-on--pointerdown=\"actions.preloadImage\" data-wp-on--pointerenter=\"actions.preloadImageWithDelay\" data-wp-on--pointerleave=\"actions.cancelPreload\" data-wp-on-window--resize=\"callbacks.setButtonStyles\" src=\"https:\/\/loudavymkrokem.cz\/wp-content\/uploads\/2026\/09\/mirante-dona-marta.jpg\" alt=\"Point de vue Mirante Dona Marta\" class=\"wp-image-413209\" title=\"\" srcset=\"https:\/\/loudavymkrokem.cz\/wp-content\/uploads\/2026\/09\/mirante-dona-marta.jpg 1600w, https:\/\/loudavymkrokem.cz\/wp-content\/uploads\/2026\/09\/mirante-dona-marta-300x225.jpg 300w, https:\/\/loudavymkrokem.cz\/wp-content\/uploads\/2026\/09\/mirante-dona-marta-700x525.jpg 700w, https:\/\/loudavymkrokem.cz\/wp-content\/uploads\/2026\/09\/mirante-dona-marta-768x576.jpg 768w, https:\/\/loudavymkrokem.cz\/wp-content\/uploads\/2026\/09\/mirante-dona-marta-1536x1152.jpg 1536w, https:\/\/loudavymkrokem.cz\/wp-content\/uploads\/2026\/09\/mirante-dona-marta-80x60.jpg 80w, https:\/\/loudavymkrokem.cz\/wp-content\/uploads\/2026\/09\/mirante-dona-marta-160x120.jpg 160w, https:\/\/loudavymkrokem.cz\/wp-content\/uploads\/2026\/09\/mirante-dona-marta-696x522.jpg 696w, https:\/\/loudavymkrokem.cz\/wp-content\/uploads\/2026\/09\/mirante-dona-marta-1392x1044.jpg 1392w\" sizes=\"(max-width: 1600px) 100vw, 1600px\" \/><button\n\t\t\tclass=\"lightbox-trigger\"\n\t\t\ttype=\"button\"\n\t\t\taria-haspopup=\"dialog\"\n\t\t\tdata-wp-bind--aria-label=\"state.thisImage.triggerButtonAriaLabel\"\n\t\t\tdata-wp-init=\"callbacks.initTriggerButton\"\n\t\t\tdata-wp-on--click=\"actions.showLightbox\"\n\t\t\tdata-wp-style--right=\"state.thisImage.buttonRight\"\n\t\t\tdata-wp-style--top=\"state.thisImage.buttonTop\"\n\t\t>\n\t\t\t<svg xmlns=\"http:\/\/www.w3.org\/2000\/svg\" width=\"12\" height=\"12\" fill=\"none\" viewBox=\"0 0 12 12\">\n\t\t\t\t<path fill=\"#fff\" d=\"M2 0a2 2 0 0 0-2 2v2h1.5V2a.5.5 0 0 1 .5-.5h2V0H2Zm2 10.5H2a.5.5 0 0 1-.5-.5V8H0v2a2 2 0 0 0 2 2h2v-1.5ZM8 12v-1.5h2a.5.5 0 0 0 .5-.5V8H12v2a2 2 0 0 1-2 2H8Zm2-12a2 2 0 0 1 2 2v2h-1.5V2a.5.5 0 0 0-.5-.5H8V0h2Z\" \/>\n\t\t\t<\/svg>\n\t\t<\/button><figcaption class=\"wp-element-caption\">Photo : Leonardo Pessoa \/ Google Maps<\/figcaption><\/figure>\n\n\n\n<!-- LKM_GYG_CARD start q=\"rio de janeiro\" lang=\"fr\" rendered=\"2026-09-05T16:51:45+00:00\" v=\"1\" -->\n<style id=\"lk-gyg-styles\">\n@import url(\"https:\/\/fonts.googleapis.com\/css2?family=Playfair+Display:wght@700&family=DM+Sans:wght@300;400;500;600&display=swap\");\n\/* === LK GYG karty \u2014 CRO redesign 2026-05 (namespace .lkx-) ===\n   C\u00edl: vy\u0161\u0161\u00ed CTR (hero + v\u00fdrazn\u00fd social proof + ak\u010dn\u00ed CTA, m\u00e9n\u011b \"reklamn\u00ed\").\n   Injektuje se inline do prvn\u00edho markeru postu (refresh_cards.py --inline-css). *\/\n.lkx-module, .lkx-module *{box-sizing:border-box;margin:0;padding:0}\n.lkx-module{\n  font-family:'DM Sans',-apple-system,Segoe UI,Roboto,Georgia,sans-serif;\n  max-width:860px;margin:2.5rem auto;color:#1f2328;\n}\n\n\/* HEADER \u2014 lehk\u00fd editorsk\u00fd, \u017e\u00e1dn\u00fd bannerov\u00fd blok; nadpis + popisek pod n\u00edm *\/\n.lkx-head{margin-bottom:16px}\n.lkx-head-main{display:flex;align-items:center;gap:10px}\n.lkx-head-accent{width:26px;height:3px;border-radius:2px;background:#c39f76;flex-shrink:0}\n.lkx-head-title{font-family:'Playfair Display',Georgia,serif;font-size:21px;font-weight:700;color:#1a1a1a;line-height:1.25}\n.lkx-head-meta{display:block;font-size:11px;letter-spacing:.3px;color:#9aa0a6;margin-top:4px;margin-left:36px}\n\n\/* HERO *\/\n.lkx-hero{display:grid;grid-template-columns:300px 1fr;background:#fff;border:1px solid #ece7df;border-radius:14px;overflow:hidden;text-decoration:none!important;color:inherit;box-shadow:0 6px 20px rgba(0,0,0,.06);transition:box-shadow .2s,transform .2s;margin-bottom:14px}\n.lkx-hero:hover{box-shadow:0 12px 30px rgba(0,0,0,.12);transform:translateY(-2px)}\n.lkx-hero-img{position:relative;min-height:230px;background-size:cover;background-position:center;background-color:#eee}\n.lkx-hero-body{padding:22px 24px;display:flex;flex-direction:column}\n.lkx-pick{position:absolute;top:12px;left:12px;background:#1a1a1a;color:#fff;font-size:11px;font-weight:700;letter-spacing:.5px;padding:5px 11px;border-radius:20px}\n\n\/* TITLE *\/\n.lkx-title{font-size:19px;font-weight:700;color:#161616;line-height:1.3}\n.lkx-title-sm{font-size:14.5px;line-height:1.35;display:-webkit-box;-webkit-line-clamp:2;-webkit-box-orient:vertical;overflow:hidden}\n\n\/* SOCIAL PROOF \u2014 v\u00fdrazn\u011b, naho\u0159e *\/\n.lkx-proof{display:flex;align-items:center;gap:7px;margin-top:12px;font-size:15px;color:#3a3a3a}\n.lkx-proof b{font-size:16px;color:#161616}\n.lkx-stars{color:#f5a623;letter-spacing:1px}\n.lkx-proof-sm{font-size:12.5px;margin-top:8px;gap:5px}\n.lkx-proof-sm b{font-size:13px}\n.lkx-proof-new{color:#3685fc;font-weight:600}\n\n\/* PRICE \u2014 n\u00edzk\u00e1 kotva *\/\n.lkx-price{font-size:14px;color:#6b7280}\n.lkx-price b{font-size:20px;color:#161616;font-weight:700}\n.lkx-price-sm b{font-size:15px}\n\n\/* CTA \u2014 tepl\u00e9 ak\u010dn\u00ed tla\u010d\u00edtko *\/\n.lkx-cta{display:inline-flex;align-items:center;justify-content:center;text-decoration:none!important;font-weight:700;color:#fff!important;background:linear-gradient(135deg,#f6743f,#e8552a);border-radius:10px;box-shadow:0 6px 16px rgba(232,85,42,.32);transition:box-shadow .2s}\n.lkx-cta-hero{font-size:15px;padding:13px 22px}\n.lkx-hero:hover .lkx-cta-hero{box-shadow:0 8px 22px rgba(232,85,42,.45)}\n.lkx-cta-sm{font-size:12.5px;padding:9px 14px;width:100%;margin-top:2px}\n.lkx-hero-bottom{margin-top:auto;padding-top:18px;display:flex;align-items:center;justify-content:space-between;gap:14px;flex-wrap:wrap}\n\n\/* BADGE \u2014 jeden v\u00fdrazn\u00fd na fotce *\/\n.lkx-badge{position:absolute;top:12px;right:12px;font-size:10.5px;font-weight:700;letter-spacing:.3px;padding:5px 10px;border-radius:16px;color:#fff}\n.lkx-badge.badge-urgency{background:rgba(214,40,40,.92)}\n.lkx-badge.badge-new{background:rgba(54,133,252,.92)}\n.lkx-badge.badge-top{background:rgba(195,159,118,.95)}\n.lkx-badge.badge-info{background:rgba(40,40,40,.78)}\n\n\/* SECONDARY GRID *\/\n.lkx-grid{display:grid;grid-template-columns:1fr 1fr;gap:14px}\n.lkx-card{background:#fff;border:1px solid #ece7df;border-radius:14px;overflow:hidden;text-decoration:none!important;color:inherit;box-shadow:0 4px 14px rgba(0,0,0,.05);display:flex;flex-direction:column;transition:box-shadow .2s,transform .2s}\n.lkx-card:hover{box-shadow:0 10px 24px rgba(0,0,0,.1);transform:translateY(-2px)}\n.lkx-card-img{position:relative;aspect-ratio:16\/10;background-size:cover;background-position:center;background-color:#eee}\n.lkx-card-body{padding:14px 16px 16px;display:flex;flex-direction:column;gap:7px;flex:1}\n.lkx-card-bottom{margin-top:auto;padding-top:10px;display:flex;align-items:center;justify-content:space-between;gap:8px}\n\n\/* DISCLOSURE \u2014 drobn\u00e1, kv\u016fli d\u016fv\u011b\u0159e\/z\u00e1konu *\/\n.lkx-disclosure{font-size:11px;color:#a7adb3;text-align:center;margin-top:14px;line-height:1.6}\n.lkx-disclosure a{color:#c39f76;text-decoration:none}\n\n@media(max-width:680px){\n  .lkx-hero{grid-template-columns:1fr}\n  .lkx-hero-img{min-height:180px}\n  .lkx-grid{grid-template-columns:1fr}\n  .lkx-head-meta{margin-left:0;width:100%}\n  .lkx-head-title{font-size:19px}\n}\n\n<\/style>\n<div class=\"lkx-module\" data-query=\"rio de janeiro\">\n  <div class=\"lkx-head\">\n    <div class=\"lkx-head-main\">\n      <span class=\"lkx-head-accent\"><\/span>\n      <span class=\"lkx-head-title\">Exp\u00e9riences et billets<\/span>\n    <\/div>\n    <span class=\"lkx-head-meta\">not\u00e9 par les voyageurs \u00b7 GetYourGuide<\/span>\n  <\/div><a class=\"lkx-hero\" href=\"https:\/\/www.getyourguide.com\/fr-fr\/rio-de-janeiro-l9\/rio-billet-pour-un-match-de-football-au-stade-maracana-et-transport-prive-t893524\/?partner_id=MKZ64IS&amp;utm_medium=online_publisher&amp;cmp=rio-de-janeiro-choses-voir\" target=\"_blank\" rel=\"sponsored noopener nofollow\">\n    <div class=\"lkx-hero-img\" style=\"background-image:url('https:\/\/cdn.getyourguide.com\/img\/tour\/471a107ec9ac374bd09030a21d9b9465a51158484f26d775e575020ef1d13d54.png\/132.jpg')\" role=\"img\" aria-label=\"Rio de Janeiro\u00a0: billet de match de football au stade Maracan\u00e3 et transfert priv\u00e9\">\n      <span class=\"lkx-pick\">\u2605 Notre choix<\/span><\/div>\n    <div class=\"lkx-hero-body\">\n      <div class=\"lkx-title\">Rio de Janeiro\u00a0: billet de match de football au stade Maracan\u00e3 et transfert priv\u00e9<\/div>\n      <div class=\"lkx-proof\">\n      <span class=\"lkx-stars\">\u2605\u2605\u2605\u2605\u2605<\/span>\n      <b>4.9<\/b> \u00b7 1 818 avis\n    <\/div>\n      <div class=\"lkx-hero-bottom\"><div class=\"lkx-price\">\u00e0 partir de <b>94\u00a0\u20ac<\/b><\/div><span class=\"lkx-cta lkx-cta-hero\">Je veux vivre \u00e7a \u2192<\/span>\n      <\/div>\n    <\/div>\n  <\/a><div class=\"lkx-grid\"><a class=\"lkx-card\" href=\"https:\/\/www.getyourguide.com\/fr-fr\/rio-de-janeiro-l9\/tour-en-helicoptere-rio-de-janeiro-t511764\/?partner_id=MKZ64IS&amp;utm_medium=online_publisher&amp;cmp=rio-de-janeiro-choses-voir\" target=\"_blank\" rel=\"sponsored noopener nofollow\">\n      <div class=\"lkx-card-img\" style=\"background-image:url('https:\/\/cdn.getyourguide.com\/img\/tour\/606937ebb049a8e3.jpeg\/132.jpg')\" role=\"img\" aria-label=\"Rio de Janeiro\u00a0: visite en h\u00e9licopt\u00e8re\"><\/div>\n      <div class=\"lkx-card-body\">\n        <div class=\"lkx-title lkx-title-sm\">Rio de Janeiro\u00a0: visite en h\u00e9licopt\u00e8re<\/div>\n        <div class=\"lkx-proof lkx-proof-sm\">\n      <span class=\"lkx-stars\">\u2605<\/span>\n      <b>4.6<\/b> \u00b7 779\n    <\/div>\n        <div class=\"lkx-card-bottom\"><span class=\"lkx-price lkx-price-sm\">\u00e0 partir de <b>189\u00a0\u20ac<\/b><\/span><span class=\"lkx-cta lkx-cta-sm\">Voir les dates \u2192<\/span>\n        <\/div>\n      <\/div>\n    <\/a><a class=\"lkx-card\" href=\"https:\/\/www.getyourguide.com\/fr-fr\/rio-de-janeiro-l9\/rio-de-janeiro-escalade-sur-le-pain-de-sucre-via-coringa-t1443442\/?partner_id=MKZ64IS&amp;utm_medium=online_publisher&amp;cmp=rio-de-janeiro-choses-voir\" target=\"_blank\" rel=\"sponsored noopener nofollow\">\n      <div class=\"lkx-card-img\" style=\"background-image:url('https:\/\/cdn.getyourguide.com\/img\/tour\/31ae79c67043a21ea4797e651c99602b72a39d945d201674546a79d39b2f26c3.jpg\/132.jpg')\" role=\"img\" aria-label=\"Rio de Janeiro\u00a0: escalade sur le Pain de Sucre (Via Coringa)\"><\/div>\n      <div class=\"lkx-card-body\">\n        <div class=\"lkx-title lkx-title-sm\">Rio de Janeiro\u00a0: escalade sur le Pain de Sucre (Via Coringa)<\/div>\n        <div class=\"lkx-proof lkx-proof-sm\">\n      <span class=\"lkx-stars\">\u2605<\/span>\n      <b>0.0<\/b> \u00b7 0\n    <\/div>\n        <div class=\"lkx-card-bottom\"><span class=\"lkx-price lkx-price-sm\">\u00e0 partir de <b>86\u00a0\u20ac<\/b><\/span><span class=\"lkx-cta lkx-cta-sm\">Voir les dates \u2192<\/span>\n        <\/div>\n      <\/div>\n    <\/a><\/div><div class=\"lkx-disclosure\">\ud83d\udd17 Liens d&#39;affiliation \u2014 sans surco\u00fbt pour vous, ils nous aident \u00e0 cr\u00e9er du contenu. \u00b7 <a href=\"https:\/\/www.getyourguide.com\/fr-fr\/s\/?q=rio+de+janeiro&amp;partner_id=MKZ64IS&amp;utm_medium=online_publisher\" target=\"_blank\" rel=\"sponsored noopener nofollow\">Toutes les exp\u00e9riences \u2192<\/a><\/div>\n<\/div>\n<!-- LKM_GYG_CARD end -->\n\n\n\n\n<div class=\"lk-stays-module\">\n<style>\n\/* \u2500\u2500\u2500 RESET PRO GUTENBERG \u2500\u2500\u2500 *\/\n.lk-stays-module * { box-sizing: border-box; margin: 0; padding: 0; }\n\n\/* \u2500\u2500\u2500 WRAPPER \u2500\u2500\u2500 *\/\n.lk-stays-module {\n  font-family: 'DM Sans', Georgia, sans-serif;\n  max-width: 100%;\n  margin: 2.5rem auto;\n  background: linear-gradient(135deg, #fdfaf5 0%, #fcf8f0 100%);\n  border: 1px solid #e8dfd4;\n  border-radius: 16px;\n  overflow: hidden;\n  box-shadow: 0 16px 48px rgba(195, 159, 118, 0.25), 0 4px 12px rgba(0,0,0,0.08);\n}\n\n\/* \u2500\u2500\u2500 HEADER \u2500\u2500\u2500 *\/\n.lk-stays-header {\n  position: relative;\n  padding: 24px 36px 24px;\n  background: linear-gradient(135deg, #c39f76 0%, #d4b188 60%, #c39f76 100%);\n  border-bottom: 1px solid rgba(255,255,255,.15);\n  display: flex;\n  align-items: center;\n  gap: 18px;\n}\n.lk-stays-header::before {\n  content: '';\n  position: absolute;\n  inset: 0;\n  background: url(\"data:image\/svg+xml,%3Csvg width='60' height='60' viewBox='0 0 60 60' xmlns='http:\/\/www.w3.org\/2000\/svg'%3E%3Cg fill='none' fill-rule='evenodd'%3E%3Cg fill='%23ffffff' fill-opacity='0.05'%3E%3Cpath d='M36 34v-4h-2v4h-4v2h4v4h2v-4h4v-2h-4zm0-30V0h-2v4h-4v2h4v4h2V6h4V4h-4zM6 34v-4H4v4H0v2h4v4h2v-4h4v-2H6zM6 4V0H4v4H0v2h4v4h2V6h4V4H6z'\/%3E%3C\/g%3E%3C\/g%3E%3C\/svg%3E\") repeat;\n  pointer-events: none;\n}\n.lk-stays-icon {\n  flex-shrink: 0;\n  width: 68px;\n  height: 68px;\n  border-radius: 14px;\n  background: linear-gradient(135deg, #fff 0%, #f9f6f0 100%);\n  display: flex;\n  align-items: center;\n  justify-content: center;\n  font-size: 26px;\n  box-shadow: 0 4px 12px rgba(0,0,0,0.15);\n}\n.lk-stays-eyebrow {\n  font-size: 10px;\n  font-weight: 500;\n  letter-spacing: 2.5px;\n  text-transform: uppercase;\n  color: rgba(255,255,255,.85);\n  margin: 0 0 5px 0;\n}\n.lk-stays-title {\n  font-family: 'Playfair Display', Georgia, serif;\n  font-size: 24px;\n  font-weight: 700;\n  color: #fff;\n  line-height: 1.2;\n  text-shadow: 0 1px 2px rgba(0,0,0,0.1);\n  margin: 0;\n}\n.lk-stays-subtitle {\n  font-size: 13px;\n  color: rgba(255,255,255,.75);\n  margin: 4px 0 0 0;\n  font-weight: 300;\n}\n\n\/* \u2500\u2500\u2500 CARDS GRID \u2500\u2500\u2500 *\/\n.lk-stays-grid {\n  display: grid;\n  grid-template-columns: 1fr 1fr;\n  gap: 1px;\n  background: rgba(195, 159, 118, 0.12);\n}\n\n\/* \u2500\u2500\u2500 SINGLE CARD \u2500\u2500\u2500 *\/\n.lk-stay-card {\n  background: #ffffff;\n  padding: 26px;\n  display: flex;\n  flex-direction: column;\n  gap: 11px;\n  transition: all 0.3s ease;\n  text-decoration: none;\n  color: inherit;\n  position: relative;\n}\n.lk-stay-card:hover {\n  background: #fffbf5;\n  transform: translateY(-2px);\n  box-shadow: 0 8px 24px rgba(195, 159, 118, 0.18);\n  z-index: 1;\n}\n.lk-stay-card.featured {\n  background: linear-gradient(135deg, #fffdf9 0%, #fff9f0 100%);\n  box-shadow: 0 4px 16px rgba(195, 159, 118, 0.15), inset 0 1px 0 rgba(195, 159, 118, 0.1);\n}\n.lk-stay-card.featured:hover {\n  background: linear-gradient(135deg, #fffbf5 0%, #fff8ed 100%);\n  box-shadow: 0 8px 24px rgba(195, 159, 118, 0.25), inset 0 1px 0 rgba(195, 159, 118, 0.15);\n}\n\n.lk-stay-badge {\n  display: inline-flex;\n  align-items: center;\n  gap: 5px;\n  font-size: 10px;\n  font-weight: 500;\n  letter-spacing: 1.5px;\n  text-transform: uppercase;\n  padding: 5px 11px;\n  border-radius: 20px;\n  width: fit-content;\n}\n.badge-top     { background: linear-gradient(135deg, #c39f76 0%, #d4b188 100%); color: #fff; border: 1px solid #c39f76; font-weight: 600; box-shadow: 0 2px 8px rgba(195,159,118,0.3); }\n.badge-luxury  { background: rgba(195,159,118,.12); color: #c39f76; border: 1px solid rgba(195,159,118,.25); }\n.badge-boutique{ background: rgba(54,133,252,.08); color: #3685fc; border: 1px solid rgba(54,133,252,.2); }\n.badge-nature  { background: rgba(130,190,100,.1); color: #6b9c4a; border: 1px solid rgba(130,190,100,.2); }\n.badge-remote  { background: rgba(195,159,118,.12); color: #a67e50; border: 1px solid rgba(195,159,118,.25); }\n\n.lk-stay-name {\n  font-family: 'Playfair Display', Georgia, serif;\n  font-size: 18px;\n  font-weight: 700;\n  color: #111827;\n  line-height: 1.3;\n}\n.lk-stay-desc {\n  font-size: 13.5px;\n  color: #525252;\n  line-height: 1.65;\n  font-weight: 300;\n  flex: 1;\n}\n\n.lk-stay-meta {\n  display: flex;\n  align-items: center;\n  gap: 12px;\n  flex-wrap: wrap;\n  margin-top: 4px;\n}\n.lk-stay-price {\n  font-size: 13px;\n  color: #6b7280;\n}\n.lk-stay-price strong {\n  color: #c39f76;\n  font-weight: 500;\n}\n.lk-stay-stars {\n  color: #c39f76;\n  font-size: 11px;\n  letter-spacing: 1px;\n}\n\n\/* \u2500\u2500\u2500 CTA BUTTON \u2500\u2500\u2500 *\/\n.lk-stay-cta {\n  display: inline-flex;\n  align-items: center;\n  justify-content: center;\n  gap: 7px;\n  margin-top: 8px;\n  padding: 11px 20px;\n  border-radius: 8px;\n  background: linear-gradient(135deg, #3685fc 0%, #2a6fd9 100%);\n  color: #fff;\n  font-size: 13px;\n  font-weight: 500;\n  text-decoration: none;\n  letter-spacing: .3px;\n  transition: all .2s ease;\n  cursor: pointer;\n  border: none;\n  text-align: center;\n  box-shadow: 0 4px 12px rgba(54, 133, 252, 0.25);\n}\n.lk-stay-cta:hover {\n  background: linear-gradient(135deg, #2a6fd9 0%, #1e5bc4 100%);\n  transform: translateY(-1px);\n  box-shadow: 0 6px 16px rgba(54, 133, 252, 0.35);\n}\n.lk-stay-cta svg { flex-shrink: 0; }\n\n\/* \u2500\u2500\u2500 FOOTER \u2500\u2500\u2500 *\/\n.lk-stays-footer {\n  padding: 18px 36px;\n  background: linear-gradient(to bottom, #fdfaf5 0%, #f9f4ed 100%);\n  border-top: 1px solid rgba(195, 159, 118, 0.15);\n  display: flex;\n  align-items: center;\n  justify-content: space-between;\n  flex-wrap: wrap;\n  gap: 12px;\n}\n.lk-stays-footer-note {\n  font-size: 11.5px;\n  color: #6b7280;\n  font-weight: 300;\n  line-height: 1.5;\n}\n.lk-stays-footer-note a {\n  color: #c39f76;\n  text-decoration: none;\n  font-weight: 400;\n}\n.lk-stays-footer-note a:hover {\n  text-decoration: underline;\n}\n.lk-stays-all-btn {\n  display: inline-flex;\n  align-items: center;\n  gap: 6px;\n  font-size: 12.5px;\n  font-weight: 500;\n  color: #c39f76;\n  text-decoration: none;\n  border: 1px solid rgba(195, 159, 118, 0.35);\n  padding: 8px 18px;\n  border-radius: 8px;\n  transition: all .2s ease;\n}\n.lk-stays-all-btn:hover {\n  background: rgba(195, 159, 118, 0.08);\n  border-color: rgba(195, 159, 118, 0.5);\n}\n\n\/* \u2500\u2500\u2500 RESPONSIVE \u2500\u2500\u2500 *\/\n@media (max-width: 600px) {\n  .lk-stays-grid { grid-template-columns: 1fr; }\n  .lk-stays-header { padding: 24px 20px; }\n  .lk-stays-footer { padding: 16px 20px; }\n  .lk-stay-card { padding: 22px; }\n  .lk-stays-title { font-size: 20px; }\n}\n<\/style>\n\n  <!-- HEADER -->\n  <div class=\"lk-stays-header\">\n    <img decoding=\"async\" src=\"https:\/\/loudavymkrokem.cz\/wp-content\/uploads\/2026\/02\/lukas-a-lucka.jpg\" alt=\"\" style=\"width: 75px; height: 75px; border-radius: 8px; flex-shrink: 0; object-fit: cover; display: block; margin: 4px 0;\" title=\"\">\n    <div class=\"lk-stays-header-text\">\n      <div class=\"lk-stays-eyebrow\">Luk\u00e1\u0161 et Lucie recommandent<\/div>\n      <div class=\"lk-stays-title\">O\u00f9 se loger \u00e0 Rio de Janeiro<\/div>\n      <div class=\"lk-stays-subtitle\">4 h\u00e9bergements \u2014 h\u00f4tels bien-\u00eatre, h\u00f4tels et autres options d&rsquo;h\u00e9bergement<\/div>\n    <\/div>\n  <\/div>\n\n  <!-- CARDS -->\n  <div class=\"lk-stays-grid\">\n\n    <a class=\"lk-stay-card featured\" href=\"https:\/\/www.stay22.com\/allez\/roam?aid=lukaskonecny&#038;campaign=loudavymkrokemcz&#038;campaign=fr&#038;campaign=covidetvriodejaneiru&#038;address=Rio+de+Janeiro&#038;hotelname=Arena+Ipanema+Hotel&#038;search=Arena+Ipanema+Hotel&#038;category=accommodation\" target=\"_blank\" rel=\"nofollow noopener\">\n      <span class=\"lk-stay-badge badge-top\">\u2b50 TOP CHOIX<\/span>\n      <span class=\"lk-stay-badge badge-nature\">\ud83c\udfd6\ufe0f Plage<\/span>\n      <div class=\"lk-stay-name\">Arena Ipanema Hotel<\/div>\n      <div class=\"lk-stay-desc\">Excellent choix en bord de plage avec une superbe piscine sur le toit donnant sur l&rsquo;oc\u00e9an, \u00e0 quelques pas du c\u00e9l\u00e8bre Posto 8.<\/div>\n      <div class=\"lk-stay-meta\">\n        <span class=\"lk-stay-stars\">\u2605\u2605\u2605\u2605<\/span>\n        <span class=\"lk-stay-price\">V\u00e9rifier les prix<\/span>\n      <\/div>\n      <span class=\"lk-stay-cta\">\n        <svg width=\"14\" height=\"14\" viewBox=\"0 0 24 24\" fill=\"none\" stroke=\"currentColor\" stroke-width=\"2\"><path d=\"M18 13v6a2 2 0 0 1-2 2H5a2 2 0 0 1-2-2V8a2 2 0 0 1 2-2h6\"\/><polyline points=\"15 3 21 3 21 9\"\/><line x1=\"10\" y1=\"14\" x2=\"21\" y2=\"3\"\/><\/svg>\n        V\u00e9rifier la disponibilit\u00e9\n      <\/span>\n    <\/a>\n\n    <a class=\"lk-stay-card\" href=\"https:\/\/www.stay22.com\/allez\/roam?aid=lukaskonecny&#038;campaign=loudavymkrokemcz&#038;campaign=fr&#038;campaign=covidetvriodejaneiru&#038;address=Rio+de+Janeiro&#038;hotelname=Hotel+Fasano+Rio+de+Janeiro&#038;search=Hotel+Fasano+Rio+de+Janeiro&#038;category=accommodation\" target=\"_blank\" rel=\"nofollow noopener\">\n      <span class=\"lk-stay-badge badge-nature\">\u2b50 Luxe<\/span>\n      <div class=\"lk-stay-name\">Hotel Fasano Rio de Janeiro<\/div>\n      <div class=\"lk-stay-desc\">H\u00f4tel de luxe embl\u00e9matique dont le design et l&#8217;emplacement sont in\u00e9gal\u00e9s dans la ville.<\/div>\n      <div class=\"lk-stay-meta\">\n        <span class=\"lk-stay-stars\">\u2605\u2605\u2605\u2605<\/span>\n        <span class=\"lk-stay-price\">V\u00e9rifier les prix<\/span>\n      <\/div>\n      <span class=\"lk-stay-cta\">\n        <svg width=\"14\" height=\"14\" viewBox=\"0 0 24 24\" fill=\"none\" stroke=\"currentColor\" stroke-width=\"2\"><path d=\"M18 13v6a2 2 0 0 1-2 2H5a2 2 0 0 1-2-2V8a2 2 0 0 1 2-2h6\"\/><polyline points=\"15 3 21 3 21 9\"\/><line x1=\"10\" y1=\"14\" x2=\"21\" y2=\"3\"\/><\/svg>\n        V\u00e9rifier la disponibilit\u00e9\n      <\/span>\n    <\/a>\n\n    <a class=\"lk-stay-card\" href=\"https:\/\/www.stay22.com\/allez\/roam?aid=lukaskonecny&#038;campaign=loudavymkrokemcz&#038;campaign=fr&#038;campaign=covidetvriodejaneiru&#038;address=Rio+de+Janeiro&#038;hotelname=Yoo2+Rio+de+Janeiro+by+Intercity&#038;search=Yoo2+Rio+de+Janeiro+by+Intercity&#038;category=accommodation\" target=\"_blank\" rel=\"nofollow noopener\">\n      <span class=\"lk-stay-badge badge-nature\">\ud83c\udfe8 H\u00f4tel<\/span>\n      <div class=\"lk-stay-name\">Yoo2 Rio de Janeiro by Intercity<\/div>\n      <div class=\"lk-stay-desc\">H\u00f4tel \u00e9l\u00e9gant avec une vue fantastique sur la baie \u00e0 Botafogo.<\/div>\n      <div class=\"lk-stay-meta\">\n        <span class=\"lk-stay-stars\">\u2605\u2605\u2605\u2605<\/span>\n        <span class=\"lk-stay-price\">V\u00e9rifier les prix<\/span>\n      <\/div>\n      <span class=\"lk-stay-cta\">\n        <svg width=\"14\" height=\"14\" viewBox=\"0 0 24 24\" fill=\"none\" stroke=\"currentColor\" stroke-width=\"2\"><path d=\"M18 13v6a2 2 0 0 1-2 2H5a2 2 0 0 1-2-2V8a2 2 0 0 1 2-2h6\"\/><polyline points=\"15 3 21 3 21 9\"\/><line x1=\"10\" y1=\"14\" x2=\"21\" y2=\"3\"\/><\/svg>\n        V\u00e9rifier la disponibilit\u00e9\n      <\/span>\n    <\/a>\n\n    <a class=\"lk-stay-card\" href=\"https:\/\/www.stay22.com\/allez\/roam?aid=lukaskonecny&#038;campaign=loudavymkrokemcz&#038;campaign=fr&#038;campaign=covidetvriodejaneiru&#038;address=rio%20de%20janeiro\" target=\"_blank\" rel=\"nofollow noopener\">\n      <span class=\"lk-stay-badge badge-nature\">\ud83d\udd0d Rechercher<\/span>\n      <div class=\"lk-stay-name\">Voir tous les h\u00e9bergements \u00e0 Rio de Janeiro<\/div>\n      <div class=\"lk-stay-desc\">Explorez toutes les options d&rsquo;h\u00e9bergement disponibles \u00e0 Rio de Janeiro et trouvez ce qui correspond le mieux \u00e0 vos pr\u00e9f\u00e9rences et votre budget.<\/div>\n      <div class=\"lk-stay-meta\">\n        <span class=\"lk-stay-stars\">\u2605\u2605\u2605\u2605<\/span>\n        <span class=\"lk-stay-price\">Comparer les prix<\/span>\n      <\/div>\n      <span class=\"lk-stay-cta\">\n        <svg width=\"14\" height=\"14\" viewBox=\"0 0 24 24\" fill=\"none\" stroke=\"currentColor\" stroke-width=\"2\"><path d=\"M18 13v6a2 2 0 0 1-2 2H5a2 2 0 0 1-2-2V8a2 2 0 0 1 2-2h6\"\/><polyline points=\"15 3 21 3 21 9\"\/><line x1=\"10\" y1=\"14\" x2=\"21\" y2=\"3\"\/><\/svg>\n        V\u00e9rifier la disponibilit\u00e9\n      <\/span>\n    <\/a>\n\n  <\/div>\n\n  \n<\/div>\n\n\n\n\n<h3 class=\"wp-block-heading\"><span class=\"ez-toc-section\" id=\"12_Point_de_vue_Mirante_Dona_Marta\"><\/span>12. Point de vue Mirante Dona Marta<span class=\"ez-toc-section-end\"><\/span><\/h3>\n\n\n\n<p class=\"wp-block-paragraph\">Si tu cherches le meilleur endroit pour photographier la ville sans les foules de touristes, tu viens de le trouver. <strong>Le Mirante Dona Marta est une plateforme panoramique cach\u00e9e d&rsquo;o\u00f9 tu vois la statue du Christ et le Pain de Sucre dans un seul et m\u00eame clich\u00e9 magique<\/strong>, ce qui en fait un tr\u00e9sor confidentiel chez les photographes locaux. Situ\u00e9 \u00e0 plus de trois cent soixante m\u00e8tres d&rsquo;altitude, il offre une vue dite \u00ab en h\u00e9licopt\u00e8re \u00bb sur toute la zone sud de la ville.<\/p>\n\n\n\n<p class=\"wp-block-paragraph\">Contrairement au Corcovado bond\u00e9, un calme magnifique r\u00e8gne ici \u2014 tu te retrouveras souvent seul sur l&rsquo;immense plateforme en b\u00e9ton, uniquement en compagnie de petits singes qui jettent des coups d&rsquo;\u0153il curieux depuis les arbres alentour, et en prime l&rsquo;entr\u00e9e est gratuite. Tu ne payes que le transport pour monter par la route de for\u00eat raide et sinueuse.<\/p>\n\n\n\n<p class=\"wp-block-paragraph\">\ud83d\udca1 Astuce : <strong>aucun transport public r\u00e9gulier ne dessert le point de vue, commande donc un Uber fiable<\/strong>, et n&rsquo;oublie pas de convenir avec le chauffeur qu&rsquo;il t&rsquo;attende ces vingt minutes, sinon tu pourrais avoir bien du mal \u00e0 redescendre en ville. C&rsquo;est aussi un endroit fantastique pour observer le lever du soleil, quand la ville sort tout juste de son sommeil nocturne.<\/p>\n\n\n\n<figure data-wp-context=\"{&quot;imageId&quot;:&quot;6a9c654757a40&quot;}\" data-wp-interactive=\"core\/image\" data-wp-key=\"6a9c654757a40\" class=\"wp-block-image size-full wp-lightbox-container\"><img decoding=\"async\" width=\"1600\" height=\"1200\" data-wp-class--hide=\"state.isContentHidden\" data-wp-class--show=\"state.isContentVisible\" data-wp-init=\"callbacks.setButtonStyles\" data-wp-on--click=\"actions.showLightbox\" data-wp-on--load=\"callbacks.setButtonStyles\" data-wp-on--pointerdown=\"actions.preloadImage\" data-wp-on--pointerenter=\"actions.preloadImageWithDelay\" data-wp-on--pointerleave=\"actions.cancelPreload\" data-wp-on-window--resize=\"callbacks.setButtonStyles\" src=\"https:\/\/loudavymkrokem.cz\/wp-content\/uploads\/2026\/09\/vista-chinesa.jpg\" alt=\"Pavillon chinois Vista Chinesa\" class=\"wp-image-413213\" title=\"\" srcset=\"https:\/\/loudavymkrokem.cz\/wp-content\/uploads\/2026\/09\/vista-chinesa.jpg 1600w, https:\/\/loudavymkrokem.cz\/wp-content\/uploads\/2026\/09\/vista-chinesa-300x225.jpg 300w, https:\/\/loudavymkrokem.cz\/wp-content\/uploads\/2026\/09\/vista-chinesa-700x525.jpg 700w, https:\/\/loudavymkrokem.cz\/wp-content\/uploads\/2026\/09\/vista-chinesa-768x576.jpg 768w, https:\/\/loudavymkrokem.cz\/wp-content\/uploads\/2026\/09\/vista-chinesa-1536x1152.jpg 1536w, https:\/\/loudavymkrokem.cz\/wp-content\/uploads\/2026\/09\/vista-chinesa-80x60.jpg 80w, https:\/\/loudavymkrokem.cz\/wp-content\/uploads\/2026\/09\/vista-chinesa-160x120.jpg 160w, https:\/\/loudavymkrokem.cz\/wp-content\/uploads\/2026\/09\/vista-chinesa-696x522.jpg 696w, https:\/\/loudavymkrokem.cz\/wp-content\/uploads\/2026\/09\/vista-chinesa-1392x1044.jpg 1392w\" sizes=\"(max-width: 1600px) 100vw, 1600px\" \/><button\n\t\t\tclass=\"lightbox-trigger\"\n\t\t\ttype=\"button\"\n\t\t\taria-haspopup=\"dialog\"\n\t\t\tdata-wp-bind--aria-label=\"state.thisImage.triggerButtonAriaLabel\"\n\t\t\tdata-wp-init=\"callbacks.initTriggerButton\"\n\t\t\tdata-wp-on--click=\"actions.showLightbox\"\n\t\t\tdata-wp-style--right=\"state.thisImage.buttonRight\"\n\t\t\tdata-wp-style--top=\"state.thisImage.buttonTop\"\n\t\t>\n\t\t\t<svg xmlns=\"http:\/\/www.w3.org\/2000\/svg\" width=\"12\" height=\"12\" fill=\"none\" viewBox=\"0 0 12 12\">\n\t\t\t\t<path fill=\"#fff\" d=\"M2 0a2 2 0 0 0-2 2v2h1.5V2a.5.5 0 0 1 .5-.5h2V0H2Zm2 10.5H2a.5.5 0 0 1-.5-.5V8H0v2a2 2 0 0 0 2 2h2v-1.5ZM8 12v-1.5h2a.5.5 0 0 0 .5-.5V8H12v2a2 2 0 0 1-2 2H8Zm2-12a2 2 0 0 1 2 2v2h-1.5V2a.5.5 0 0 0-.5-.5H8V0h2Z\" \/>\n\t\t\t<\/svg>\n\t\t<\/button><figcaption class=\"wp-element-caption\">Photo : Ivo Barra \/ Google Maps<\/figcaption><\/figure>\n\n\n\n<h3 class=\"wp-block-heading\"><span class=\"ez-toc-section\" id=\"13_Pavillon_chinois_Vista_Chinesa\"><\/span>13. Pavillon chinois Vista Chinesa<span class=\"ez-toc-section-end\"><\/span><\/h3>\n\n\n\n<p class=\"wp-block-paragraph\">Au fond des for\u00eats du parc national de Tijuca, tu tomberas sur une construction que tu n&rsquo;attendrais certainement pas dans la jungle sud-am\u00e9ricaine. <strong>La Vista Chinesa est un magnifique pavillon oriental de 1903, b\u00e2ti en l&rsquo;honneur des immigrants chinois<\/strong> qui ont apport\u00e9 la culture du th\u00e9 au Br\u00e9sil au dix-neuvi\u00e8me si\u00e8cle. Cette \u00e9l\u00e9gante construction au toit en forme de pagode se dresse \u00e0 380 m\u00e8tres d&rsquo;altitude et forme un contraste incroyablement photog\u00e9nique avec la nature sauvage environnante.<\/p>\n\n\n\n<p class=\"wp-block-paragraph\">La vue depuis ce lieu est souvent qualifi\u00e9e de l&rsquo;une des plus romantiques de toute la ville, car elle encadre parfaitement la baie, les montagnes et les plages. <strong>Par temps clair, tu verras depuis le pavillon toute l&rsquo;Ipanema, la lagune Rodrigo de Freitas et les sommets lointains \u00e0 l&rsquo;horizon<\/strong>, le tout encadr\u00e9 de feuilles de palmiers luxuriantes et d&rsquo;immenses foug\u00e8res. Le lieu est tr\u00e8s pris\u00e9 des cyclistes locaux, pour qui la rude mont\u00e9e jusqu&rsquo;au pavillon repr\u00e9sente le plus grand d\u00e9fi sportif.<\/p>\n\n\n\n<p class=\"wp-block-paragraph\">\ud83d\udca1 Astuce : <strong>associe la visite du pavillon \u00e0 la cascade toute proche de Cachoeira dos Macacos<\/strong>, que tu rejoins par une courte promenade sur un sentier forestier. La r\u00e8gle de prudence pour les transports s&rsquo;applique l\u00e0 encore : la route est \u00e9troite et raide, viens donc ici uniquement en voiture ou avec un tour organis\u00e9, jamais \u00e0 pied depuis le bas.<\/p>\n\n\n\n<figure data-wp-context=\"{&quot;imageId&quot;:&quot;6a9c65475846f&quot;}\" data-wp-interactive=\"core\/image\" data-wp-key=\"6a9c65475846f\" class=\"wp-block-image size-full wp-lightbox-container\"><img decoding=\"async\" width=\"1600\" height=\"2133\" data-wp-class--hide=\"state.isContentHidden\" data-wp-class--show=\"state.isContentVisible\" data-wp-init=\"callbacks.setButtonStyles\" data-wp-on--click=\"actions.showLightbox\" data-wp-on--load=\"callbacks.setButtonStyles\" data-wp-on--pointerdown=\"actions.preloadImage\" data-wp-on--pointerenter=\"actions.preloadImageWithDelay\" data-wp-on--pointerleave=\"actions.cancelPreload\" data-wp-on-window--resize=\"callbacks.setButtonStyles\" src=\"https:\/\/loudavymkrokem.cz\/wp-content\/uploads\/2026\/09\/zahrady.jpg\" alt=\"Jardins et villa du Parque Lage\" class=\"wp-image-413218\" title=\"\" srcset=\"https:\/\/loudavymkrokem.cz\/wp-content\/uploads\/2026\/09\/zahrady.jpg 1600w, https:\/\/loudavymkrokem.cz\/wp-content\/uploads\/2026\/09\/zahrady-225x300.jpg 225w, https:\/\/loudavymkrokem.cz\/wp-content\/uploads\/2026\/09\/zahrady-700x933.jpg 700w, https:\/\/loudavymkrokem.cz\/wp-content\/uploads\/2026\/09\/zahrady-768x1024.jpg 768w, https:\/\/loudavymkrokem.cz\/wp-content\/uploads\/2026\/09\/zahrady-1152x1536.jpg 1152w, https:\/\/loudavymkrokem.cz\/wp-content\/uploads\/2026\/09\/zahrady-1536x2048.jpg 1536w, https:\/\/loudavymkrokem.cz\/wp-content\/uploads\/2026\/09\/zahrady-696x928.jpg 696w, https:\/\/loudavymkrokem.cz\/wp-content\/uploads\/2026\/09\/zahrady-1392x1856.jpg 1392w\" sizes=\"(max-width: 1600px) 100vw, 1600px\" \/><button\n\t\t\tclass=\"lightbox-trigger\"\n\t\t\ttype=\"button\"\n\t\t\taria-haspopup=\"dialog\"\n\t\t\tdata-wp-bind--aria-label=\"state.thisImage.triggerButtonAriaLabel\"\n\t\t\tdata-wp-init=\"callbacks.initTriggerButton\"\n\t\t\tdata-wp-on--click=\"actions.showLightbox\"\n\t\t\tdata-wp-style--right=\"state.thisImage.buttonRight\"\n\t\t\tdata-wp-style--top=\"state.thisImage.buttonTop\"\n\t\t>\n\t\t\t<svg xmlns=\"http:\/\/www.w3.org\/2000\/svg\" width=\"12\" height=\"12\" fill=\"none\" viewBox=\"0 0 12 12\">\n\t\t\t\t<path fill=\"#fff\" d=\"M2 0a2 2 0 0 0-2 2v2h1.5V2a.5.5 0 0 1 .5-.5h2V0H2Zm2 10.5H2a.5.5 0 0 1-.5-.5V8H0v2a2 2 0 0 0 2 2h2v-1.5ZM8 12v-1.5h2a.5.5 0 0 0 .5-.5V8H12v2a2 2 0 0 1-2 2H8Zm2-12a2 2 0 0 1 2 2v2h-1.5V2a.5.5 0 0 0-.5-.5H8V0h2Z\" \/>\n\t\t\t<\/svg>\n\t\t<\/button><figcaption class=\"wp-element-caption\">Photo : Emerson Zanoti \/ Google Maps<\/figcaption><\/figure>\n\n\n\n<h3 class=\"wp-block-heading\"><span class=\"ez-toc-section\" id=\"14_Jardins_et_villa_du_Parque_Lage\"><\/span>14. Jardins et villa du Parque Lage<span class=\"ez-toc-section-end\"><\/span><\/h3>\n\n\n\n<p class=\"wp-block-paragraph\">Au pied du mont Corcovado se trouve l&rsquo;un des plus beaux parcs publics, qui rec\u00e8le une grande dose d&rsquo;\u00e9l\u00e9gance europ\u00e9enne. <strong>Le Parque Lage se compose de superbes jardins subtropicaux entourant une villa saisissante de style palais romain<\/strong>, qui sert aujourd&rsquo;hui de <a href=\"http:\/\/eavparquelage.rj.gov.br\/\" rel=\"nofollow noopener\" target=\"_blank\">prestigieuse \u00e9cole des arts visuels<\/a>. La cour est domin\u00e9e par un bassin peu profond dans lequel, sous le bon angle, se refl\u00e8te la statue du Christ R\u00e9dempteur perch\u00e9e en altitude.<\/p>\n\n\n\n<p class=\"wp-block-paragraph\">Le parc s&rsquo;\u00e9tend sur plus de cinquante hectares et offre une \u00e9chapp\u00e9e parfaite \u00e0 l&rsquo;ombre d&rsquo;arbres mill\u00e9naires, de grottes artificielles et de tourelles romantiques cach\u00e9es dans la verdure. <strong>Pour les amateurs de randonn\u00e9e, ce lieu est cl\u00e9, car c&rsquo;est justement derri\u00e8re la villa que d\u00e9marre le sentier forestier raide menant au sommet du Corcovado<\/strong>, qu&rsquo;utilisent les voyageurs aguerris comme alternative gratuite au train \u00e0 cr\u00e9maill\u00e8re. L&rsquo;atmosph\u00e8re du lieu est incroyablement d\u00e9tendue : les \u00e9tudiants en art y peignent leurs toiles et les familles y organisent des pique-niques du week-end sur la pelouse.<\/p>\n\n\n\n<p class=\"wp-block-paragraph\">\ud83d\udca1 Astuce : <strong>\u00e0 l&rsquo;int\u00e9rieur de la villa historique se trouve le charmant Plage Cafe<\/strong>, o\u00f9 tu peux savourer un excellent petit-d\u00e9jeuner plein de fruits tropicaux frais et de sp\u00e9cialit\u00e9s au fromage, juste au bord du bassin iconique. Je te conseille d&rsquo;y venir d\u00e8s l&rsquo;ouverture \u2014 en journ\u00e9e, l&rsquo;attente pour une table est vraiment longue.<\/p>\n\n\n\n<figure data-wp-context=\"{&quot;imageId&quot;:&quot;6a9c654758dc1&quot;}\" data-wp-interactive=\"core\/image\" data-wp-key=\"6a9c654758dc1\" class=\"wp-block-image size-full wp-lightbox-container\"><img decoding=\"async\" width=\"1600\" height=\"900\" data-wp-class--hide=\"state.isContentHidden\" data-wp-class--show=\"state.isContentVisible\" data-wp-init=\"callbacks.setButtonStyles\" data-wp-on--click=\"actions.showLightbox\" data-wp-on--load=\"callbacks.setButtonStyles\" data-wp-on--pointerdown=\"actions.preloadImage\" data-wp-on--pointerenter=\"actions.preloadImageWithDelay\" data-wp-on--pointerleave=\"actions.cancelPreload\" data-wp-on-window--resize=\"callbacks.setButtonStyles\" src=\"https:\/\/loudavymkrokem.cz\/wp-content\/uploads\/2026\/09\/swap-412735-15.jpg\" alt=\"Mus\u00e9e de Demain \u00e0 Rio de Janeiro\" class=\"wp-image-413416\" title=\"\" srcset=\"https:\/\/loudavymkrokem.cz\/wp-content\/uploads\/2026\/09\/swap-412735-15.jpg 1600w, https:\/\/loudavymkrokem.cz\/wp-content\/uploads\/2026\/09\/swap-412735-15-300x169.jpg 300w, https:\/\/loudavymkrokem.cz\/wp-content\/uploads\/2026\/09\/swap-412735-15-700x394.jpg 700w, https:\/\/loudavymkrokem.cz\/wp-content\/uploads\/2026\/09\/swap-412735-15-768x432.jpg 768w, https:\/\/loudavymkrokem.cz\/wp-content\/uploads\/2026\/09\/swap-412735-15-1536x864.jpg 1536w, https:\/\/loudavymkrokem.cz\/wp-content\/uploads\/2026\/09\/swap-412735-15-696x392.jpg 696w, https:\/\/loudavymkrokem.cz\/wp-content\/uploads\/2026\/09\/swap-412735-15-1392x783.jpg 1392w\" sizes=\"(max-width: 1600px) 100vw, 1600px\" \/><button\n\t\t\tclass=\"lightbox-trigger\"\n\t\t\ttype=\"button\"\n\t\t\taria-haspopup=\"dialog\"\n\t\t\tdata-wp-bind--aria-label=\"state.thisImage.triggerButtonAriaLabel\"\n\t\t\tdata-wp-init=\"callbacks.initTriggerButton\"\n\t\t\tdata-wp-on--click=\"actions.showLightbox\"\n\t\t\tdata-wp-style--right=\"state.thisImage.buttonRight\"\n\t\t\tdata-wp-style--top=\"state.thisImage.buttonTop\"\n\t\t>\n\t\t\t<svg xmlns=\"http:\/\/www.w3.org\/2000\/svg\" width=\"12\" height=\"12\" fill=\"none\" viewBox=\"0 0 12 12\">\n\t\t\t\t<path fill=\"#fff\" d=\"M2 0a2 2 0 0 0-2 2v2h1.5V2a.5.5 0 0 1 .5-.5h2V0H2Zm2 10.5H2a.5.5 0 0 1-.5-.5V8H0v2a2 2 0 0 0 2 2h2v-1.5ZM8 12v-1.5h2a.5.5 0 0 0 .5-.5V8H12v2a2 2 0 0 1-2 2H8Zm2-12a2 2 0 0 1 2 2v2h-1.5V2a.5.5 0 0 0-.5-.5H8V0h2Z\" \/>\n\t\t\t<\/svg>\n\t\t<\/button><figcaption class=\"wp-element-caption\">Photo : Fadul \/ Google Maps<\/figcaption><\/figure>\n\n\n\n<h3 class=\"wp-block-heading\"><span class=\"ez-toc-section\" id=\"15_Musee_de_Demain_Museu_do_Amanha\"><\/span>15. Mus\u00e9e de Demain (Museu do Amanh\u00e3)<span class=\"ez-toc-section-end\"><\/span><\/h3>\n\n\n\n<p class=\"wp-block-paragraph\">Dans le quartier portuaire r\u00e9habilit\u00e9 de Porto Maravilha a pouss\u00e9 une construction qui a instantan\u00e9ment propuls\u00e9 l&rsquo;architecture de la ville dans le vingt-et-uni\u00e8me si\u00e8cle. <strong>Le <a href=\"https:\/\/museudoamanha.org.br\/\" rel=\"nofollow noopener\" target=\"_blank\">Museu do Amanh\u00e3<\/a> est un fascinant mus\u00e9e de science appliqu\u00e9e consacr\u00e9 \u00e0 l&rsquo;avenir de l&rsquo;humanit\u00e9<\/strong>, dont le b\u00e2timent futuriste a \u00e9t\u00e9 con\u00e7u par le c\u00e9l\u00e8bre architecte espagnol Santiago Calatrava. La structure blanche, \u00e9voquant le squelette g\u00e9ant d&rsquo;un oiseau pr\u00e9historique ou un vaisseau spatial, s&rsquo;\u00e9tend dramatiquement au-dessus de l&rsquo;eau et vaut \u00e0 elle seule une longue visite.<\/p>\n\n\n\n<p class=\"wp-block-paragraph\">\u00c0 l&rsquo;int\u00e9rieur, ne t&rsquo;attends \u00e0 aucun artefact historique poussi\u00e9reux, mais \u00e0 des expositions interactives pleines d&rsquo;\u00e9crans g\u00e9ants, de visualisations de donn\u00e9es et de questions stimulantes. <strong>Les expositions te poussent \u00e0 r\u00e9fl\u00e9chir au changement climatique, \u00e0 la croissance de la population et \u00e0 la durabilit\u00e9 de notre plan\u00e8te<\/strong>, ce qui prend tout son sens dans le contexte d&rsquo;un Br\u00e9sil immense et d&rsquo;une richesse naturelle exceptionnelle. Le mus\u00e9e montre que Rio n&rsquo;est pas seulement une ville de plages et de carnaval, mais aussi un centre moderne de science et d&rsquo;innovation.<\/p>\n\n\n\n<p class=\"wp-block-paragraph\">\ud83d\udca1 Astuce : <strong>il faut souvent r\u00e9server les billets en ligne bien \u00e0 l&rsquo;avance<\/strong>, car la capacit\u00e9 journali\u00e8re est vite \u00e9puis\u00e9e, surtout le week-end. Autour du mus\u00e9e s&rsquo;\u00e9tire la large et s\u00fbre promenade Orla Conde, o\u00f9 tu peux te balader agr\u00e9ablement le long de la mer et admirer d&rsquo;immenses fresques de graffiti sign\u00e9es par des artistes locaux.<\/p>\n\n\n\n<figure data-wp-context=\"{&quot;imageId&quot;:&quot;6a9c6547596fa&quot;}\" data-wp-interactive=\"core\/image\" data-wp-key=\"6a9c6547596fa\" class=\"wp-block-image size-full wp-lightbox-container\"><img decoding=\"async\" width=\"1600\" height=\"1200\" data-wp-class--hide=\"state.isContentHidden\" data-wp-class--show=\"state.isContentVisible\" data-wp-init=\"callbacks.setButtonStyles\" data-wp-on--click=\"actions.showLightbox\" data-wp-on--load=\"callbacks.setButtonStyles\" data-wp-on--pointerdown=\"actions.preloadImage\" data-wp-on--pointerenter=\"actions.preloadImageWithDelay\" data-wp-on--pointerleave=\"actions.cancelPreload\" data-wp-on-window--resize=\"callbacks.setButtonStyles\" src=\"https:\/\/loudavymkrokem.cz\/wp-content\/uploads\/2026\/09\/swap-412735-16-f6e8010d.jpg\" alt=\"Mus\u00e9e d&#039;art MAR \u00e0 Rio de Janeiro\" class=\"wp-image-413444\" title=\"\" srcset=\"https:\/\/loudavymkrokem.cz\/wp-content\/uploads\/2026\/09\/swap-412735-16-f6e8010d.jpg 1600w, https:\/\/loudavymkrokem.cz\/wp-content\/uploads\/2026\/09\/swap-412735-16-f6e8010d-300x225.jpg 300w, https:\/\/loudavymkrokem.cz\/wp-content\/uploads\/2026\/09\/swap-412735-16-f6e8010d-700x525.jpg 700w, https:\/\/loudavymkrokem.cz\/wp-content\/uploads\/2026\/09\/swap-412735-16-f6e8010d-768x576.jpg 768w, https:\/\/loudavymkrokem.cz\/wp-content\/uploads\/2026\/09\/swap-412735-16-f6e8010d-1536x1152.jpg 1536w, https:\/\/loudavymkrokem.cz\/wp-content\/uploads\/2026\/09\/swap-412735-16-f6e8010d-80x60.jpg 80w, https:\/\/loudavymkrokem.cz\/wp-content\/uploads\/2026\/09\/swap-412735-16-f6e8010d-160x120.jpg 160w, https:\/\/loudavymkrokem.cz\/wp-content\/uploads\/2026\/09\/swap-412735-16-f6e8010d-696x522.jpg 696w, https:\/\/loudavymkrokem.cz\/wp-content\/uploads\/2026\/09\/swap-412735-16-f6e8010d-1392x1044.jpg 1392w\" sizes=\"(max-width: 1600px) 100vw, 1600px\" \/><button\n\t\t\tclass=\"lightbox-trigger\"\n\t\t\ttype=\"button\"\n\t\t\taria-haspopup=\"dialog\"\n\t\t\tdata-wp-bind--aria-label=\"state.thisImage.triggerButtonAriaLabel\"\n\t\t\tdata-wp-init=\"callbacks.initTriggerButton\"\n\t\t\tdata-wp-on--click=\"actions.showLightbox\"\n\t\t\tdata-wp-style--right=\"state.thisImage.buttonRight\"\n\t\t\tdata-wp-style--top=\"state.thisImage.buttonTop\"\n\t\t>\n\t\t\t<svg xmlns=\"http:\/\/www.w3.org\/2000\/svg\" width=\"12\" height=\"12\" fill=\"none\" viewBox=\"0 0 12 12\">\n\t\t\t\t<path fill=\"#fff\" d=\"M2 0a2 2 0 0 0-2 2v2h1.5V2a.5.5 0 0 1 .5-.5h2V0H2Zm2 10.5H2a.5.5 0 0 1-.5-.5V8H0v2a2 2 0 0 0 2 2h2v-1.5ZM8 12v-1.5h2a.5.5 0 0 0 .5-.5V8H12v2a2 2 0 0 1-2 2H8Zm2-12a2 2 0 0 1 2 2v2h-1.5V2a.5.5 0 0 0-.5-.5H8V0h2Z\" \/>\n\t\t\t<\/svg>\n\t\t<\/button><figcaption class=\"wp-element-caption\">Photo : Leila Mota \/ Google Maps<\/figcaption><\/figure>\n\n\n\n<h3 class=\"wp-block-heading\"><span class=\"ez-toc-section\" id=\"16_Musee_dart_MAR_Rio_Museum_of_Art\"><\/span>16. Mus\u00e9e d&rsquo;art MAR (Rio Museum of Art)<span class=\"ez-toc-section-end\"><\/span><\/h3>\n\n\n\n<p class=\"wp-block-paragraph\"><strong>Le mus\u00e9e d&rsquo;art MAR (Rio Museum of Art) se trouve dans un complexe architectural unique<\/strong>, qui a audacieusement reli\u00e9 un vieux palais classique \u00e0 un b\u00e2timent moderne tout en verre gr\u00e2ce \u00e0 une toiture ondul\u00e9e en b\u00e9ton. Ce contraste visuel capture exactement l&rsquo;essence m\u00eame de la m\u00e9tropole br\u00e9silienne, o\u00f9 l&rsquo;ancien rencontre sans cesse le nouveau.<\/p>\n\n\n\n<p class=\"wp-block-paragraph\">Le mus\u00e9e se concentre avant tout sur l&rsquo;art br\u00e9silien, la culture locale et l&rsquo;histoire complexe de la ville elle-m\u00eame, y compris l&rsquo;histoire et la vie dans les favelas. <strong>Depuis l&rsquo;\u00e9tage le plus haut, sous la toiture ondul\u00e9e, s&rsquo;offre une vue fantastique sur toute la place Pra\u00e7a Mau\u00e1 et le voisin Museu do Amanh\u00e3<\/strong>, une belle occasion de saisir le visage moderne de Rio \u00e0 vol d&rsquo;oiseau. Les expositions sont tr\u00e8s vari\u00e9es, de la peinture classique \u00e0 la photographie en passant par les installations modernes de jeunes cr\u00e9ateurs.<\/p>\n\n\n\n<p class=\"wp-block-paragraph\">\ud83d\udca1 Astuce : <strong>si tu aimes l&rsquo;art, r\u00e9serve une demi-journ\u00e9e enti\u00e8re pour visiter les deux mus\u00e9es de la Pra\u00e7a Mau\u00e1<\/strong>, car ils se compl\u00e8tent \u00e0 merveille. Les restaurants locaux autour du port proposent en plus d&rsquo;excellentes variantes sans viande de plats br\u00e9siliens, comme le pastel de queijo, une chausson frit croustillant garni de fromage fondu.<\/p>\n\n\n\n<figure data-wp-context=\"{&quot;imageId&quot;:&quot;6a9c654759cc8&quot;}\" data-wp-interactive=\"core\/image\" data-wp-key=\"6a9c654759cc8\" class=\"wp-block-image size-full wp-lightbox-container\"><img decoding=\"async\" width=\"1600\" height=\"1067\" data-wp-class--hide=\"state.isContentHidden\" data-wp-class--show=\"state.isContentVisible\" data-wp-init=\"callbacks.setButtonStyles\" data-wp-on--click=\"actions.showLightbox\" data-wp-on--load=\"callbacks.setButtonStyles\" data-wp-on--pointerdown=\"actions.preloadImage\" data-wp-on--pointerenter=\"actions.preloadImageWithDelay\" data-wp-on--pointerleave=\"actions.cancelPreload\" data-wp-on-window--resize=\"callbacks.setButtonStyles\" src=\"https:\/\/loudavymkrokem.cz\/wp-content\/uploads\/2026\/09\/centro-cultural-banco-do-brasil.jpg\" alt=\"Centro Cultural Banco do Brasil (CCBB)\" class=\"wp-image-413229\" title=\"\" srcset=\"https:\/\/loudavymkrokem.cz\/wp-content\/uploads\/2026\/09\/centro-cultural-banco-do-brasil.jpg 1600w, https:\/\/loudavymkrokem.cz\/wp-content\/uploads\/2026\/09\/centro-cultural-banco-do-brasil-300x200.jpg 300w, https:\/\/loudavymkrokem.cz\/wp-content\/uploads\/2026\/09\/centro-cultural-banco-do-brasil-700x467.jpg 700w, https:\/\/loudavymkrokem.cz\/wp-content\/uploads\/2026\/09\/centro-cultural-banco-do-brasil-768x512.jpg 768w, https:\/\/loudavymkrokem.cz\/wp-content\/uploads\/2026\/09\/centro-cultural-banco-do-brasil-1536x1024.jpg 1536w, https:\/\/loudavymkrokem.cz\/wp-content\/uploads\/2026\/09\/centro-cultural-banco-do-brasil-696x464.jpg 696w, https:\/\/loudavymkrokem.cz\/wp-content\/uploads\/2026\/09\/centro-cultural-banco-do-brasil-1392x928.jpg 1392w\" sizes=\"(max-width: 1600px) 100vw, 1600px\" \/><button\n\t\t\tclass=\"lightbox-trigger\"\n\t\t\ttype=\"button\"\n\t\t\taria-haspopup=\"dialog\"\n\t\t\tdata-wp-bind--aria-label=\"state.thisImage.triggerButtonAriaLabel\"\n\t\t\tdata-wp-init=\"callbacks.initTriggerButton\"\n\t\t\tdata-wp-on--click=\"actions.showLightbox\"\n\t\t\tdata-wp-style--right=\"state.thisImage.buttonRight\"\n\t\t\tdata-wp-style--top=\"state.thisImage.buttonTop\"\n\t\t>\n\t\t\t<svg xmlns=\"http:\/\/www.w3.org\/2000\/svg\" width=\"12\" height=\"12\" fill=\"none\" viewBox=\"0 0 12 12\">\n\t\t\t\t<path fill=\"#fff\" d=\"M2 0a2 2 0 0 0-2 2v2h1.5V2a.5.5 0 0 1 .5-.5h2V0H2Zm2 10.5H2a.5.5 0 0 1-.5-.5V8H0v2a2 2 0 0 0 2 2h2v-1.5ZM8 12v-1.5h2a.5.5 0 0 0 .5-.5V8H12v2a2 2 0 0 1-2 2H8Zm2-12a2 2 0 0 1 2 2v2h-1.5V2a.5.5 0 0 0-.5-.5H8V0h2Z\" \/>\n\t\t\t<\/svg>\n\t\t<\/button><figcaption class=\"wp-element-caption\">Photo : Centro Cultural Banco do Brasil (CCBB) \/ Google Maps<\/figcaption><\/figure>\n\n\n\n<h3 class=\"wp-block-heading\"><span class=\"ez-toc-section\" id=\"17_Centro_Cultural_Banco_do_Brasil_CCBB\"><\/span>17. Centro Cultural Banco do Brasil (CCBB)<span class=\"ez-toc-section-end\"><\/span><\/h3>\n\n\n\n<p class=\"wp-block-paragraph\">Au c\u0153ur du quartier des affaires anim\u00e9 de la ville se trouve l&rsquo;un des centres culturels les plus visit\u00e9s et les mieux not\u00e9s au monde. <strong>Le Centro Cultural Banco do Brasil occupe un b\u00e2timent n\u00e9oclassique \u00e0 couper le souffle datant de 1906<\/strong>, qui servait autrefois de si\u00e8ge principal \u00e0 une puissante banque et accueille aujourd&rsquo;hui les expositions internationales les plus prestigieuses. La simple entr\u00e9e dans le grand hall \u00e0 coupole vitr\u00e9e et aux escaliers de marbre orn\u00e9s est d\u00e9j\u00e0 une exp\u00e9rience saisissante, qui te transporte \u00e0 l&rsquo;\u00e9poque de la plus grande opulence.<\/p>\n\n\n\n<p class=\"wp-block-paragraph\">Outre de vastes galeries d&rsquo;art, cet immense complexe abrite aussi son propre cin\u00e9ma, des salles de th\u00e9\u00e2tre et plusieurs \u00e9tages d&rsquo;expositions en perp\u00e9tuelle \u00e9volution. <strong>Le meilleur de tout, c&rsquo;est que l&rsquo;entr\u00e9e \u00e0 la grande majorit\u00e9 des expositions et au b\u00e2timent lui-m\u00eame est totalement gratuite<\/strong>, ce qui en fait un lieu incroyablement accessible pour tous les amoureux de culture. La programmation est toujours soigneusement compos\u00e9e et tu y trouveras souvent de fascinantes r\u00e9trospectives d&rsquo;artistes mondiaux et br\u00e9siliens c\u00e9l\u00e8bres.<\/p>\n\n\n\n<p class=\"wp-block-paragraph\">\ud83d\udca1 Astuce : <strong>apr\u00e8s avoir visit\u00e9 les expositions, arr\u00eate-toi au caf\u00e9 historique du rez-de-chauss\u00e9e<\/strong>, qui a conserv\u00e9 sa d\u00e9coration bancaire d&rsquo;origine, et prends un espresso br\u00e9silien cors\u00e9. Le b\u00e2timent se trouve dans le centre-ville, qui se vide vite apr\u00e8s les heures de bureau ; viens donc absolument de jour et \u00e9vite plut\u00f4t les promenades du soir dans les environs.<\/p>\n\n\n\n<figure data-wp-context=\"{&quot;imageId&quot;:&quot;6a9c65475a1a3&quot;}\" data-wp-interactive=\"core\/image\" data-wp-key=\"6a9c65475a1a3\" class=\"wp-block-image size-full wp-lightbox-container\"><img decoding=\"async\" width=\"490\" height=\"480\" data-wp-class--hide=\"state.isContentHidden\" data-wp-class--show=\"state.isContentVisible\" data-wp-init=\"callbacks.setButtonStyles\" data-wp-on--click=\"actions.showLightbox\" data-wp-on--load=\"callbacks.setButtonStyles\" data-wp-on--pointerdown=\"actions.preloadImage\" data-wp-on--pointerenter=\"actions.preloadImageWithDelay\" data-wp-on--pointerleave=\"actions.cancelPreload\" data-wp-on-window--resize=\"callbacks.setButtonStyles\" src=\"https:\/\/loudavymkrokem.cz\/wp-content\/uploads\/2026\/09\/theatro-municipal-do-rio-de-janeiro.jpg\" alt=\"Theatro Municipal do Rio de Janeiro\" class=\"wp-image-413233\" title=\"\" srcset=\"https:\/\/loudavymkrokem.cz\/wp-content\/uploads\/2026\/09\/theatro-municipal-do-rio-de-janeiro.jpg 490w, https:\/\/loudavymkrokem.cz\/wp-content\/uploads\/2026\/09\/theatro-municipal-do-rio-de-janeiro-300x294.jpg 300w\" sizes=\"(max-width: 490px) 100vw, 490px\" \/><button\n\t\t\tclass=\"lightbox-trigger\"\n\t\t\ttype=\"button\"\n\t\t\taria-haspopup=\"dialog\"\n\t\t\tdata-wp-bind--aria-label=\"state.thisImage.triggerButtonAriaLabel\"\n\t\t\tdata-wp-init=\"callbacks.initTriggerButton\"\n\t\t\tdata-wp-on--click=\"actions.showLightbox\"\n\t\t\tdata-wp-style--right=\"state.thisImage.buttonRight\"\n\t\t\tdata-wp-style--top=\"state.thisImage.buttonTop\"\n\t\t>\n\t\t\t<svg xmlns=\"http:\/\/www.w3.org\/2000\/svg\" width=\"12\" height=\"12\" fill=\"none\" viewBox=\"0 0 12 12\">\n\t\t\t\t<path fill=\"#fff\" d=\"M2 0a2 2 0 0 0-2 2v2h1.5V2a.5.5 0 0 1 .5-.5h2V0H2Zm2 10.5H2a.5.5 0 0 1-.5-.5V8H0v2a2 2 0 0 0 2 2h2v-1.5ZM8 12v-1.5h2a.5.5 0 0 0 .5-.5V8H12v2a2 2 0 0 1-2 2H8Zm2-12a2 2 0 0 1 2 2v2h-1.5V2a.5.5 0 0 0-.5-.5H8V0h2Z\" \/>\n\t\t\t<\/svg>\n\t\t<\/button><figcaption class=\"wp-element-caption\">Photo : Ralph Schmidt \/ Google Maps<\/figcaption><\/figure>\n\n\n\n<h3 class=\"wp-block-heading\"><span class=\"ez-toc-section\" id=\"18_Theatro_Municipal_do_Rio_de_Janeiro\"><\/span>18. Theatro Municipal do Rio de Janeiro<span class=\"ez-toc-section-end\"><\/span><\/h3>\n\n\n\n<p class=\"wp-block-paragraph\">Sur la place Cinel\u00e2ndia se dresse un b\u00e2timent dont l&rsquo;aspect renvoie clairement \u00e0 l&rsquo;immense influence europ\u00e9enne dans l&rsquo;histoire de la ville. <strong>Le <a href=\"http:\/\/theatromunicipal.rj.gov.br\/\" rel=\"nofollow noopener\" target=\"_blank\">Theatro Municipal<\/a> est un fastueux th\u00e9\u00e2tre de 1909 construit dans le style parisien<\/strong>, qui sert de sc\u00e8ne principale pour les repr\u00e9sentations de ballet, d&rsquo;op\u00e9ra et de musique classique dans tout le Br\u00e9sil. Sa fa\u00e7ade est richement orn\u00e9e d&rsquo;or, de colonnes massives et de sculptures complexes, ce qui en fait l&rsquo;un des plus beaux \u00e9difices du pays.<\/p>\n\n\n\n<p class=\"wp-block-paragraph\">M\u00eame si tu ne pr\u00e9vois pas d&rsquo;assister \u00e0 une repr\u00e9sentation en soir\u00e9e, l&rsquo;int\u00e9rieur de ce b\u00e2timent m\u00e9rite absolument ton attention. <strong>Tu peux participer \u00e0 une visite guid\u00e9e qui te fera traverser le foyer saisissant, la salle et les luxueux salons<\/strong>, d\u00e9cor\u00e9s de vitraux magnifiques et de peintures murales. C&rsquo;est un contraste \u00e9norme avec la culture baln\u00e9aire d\u00e9contract\u00e9e, qui te montre Rio comme une ville fi\u00e8re dot\u00e9e d&rsquo;une profonde tradition intellectuelle.<\/p>\n\n\n\n<p class=\"wp-block-paragraph\">\ud83d\udca1 Astuce : <strong>devant le th\u00e9\u00e2tre se rassemblent souvent des artistes et musiciens de rue<\/strong>, si bien que la place Cinel\u00e2ndia offre \u00e0 elle seule un beau spectacle gratuit. Si tu veux malgr\u00e9 tout vivre une repr\u00e9sentation, les places de ballet s&rsquo;obtiennent \u00e0 des prix tr\u00e8s abordables, mais exigent au moins une tenue habill\u00e9e de base \u2014 tes tongs de plage ne passeront pas ici.<\/p>\n\n\n\n<figure data-wp-context=\"{&quot;imageId&quot;:&quot;6a9c65475a78a&quot;}\" data-wp-interactive=\"core\/image\" data-wp-key=\"6a9c65475a78a\" class=\"wp-block-image size-full wp-lightbox-container\"><img decoding=\"async\" width=\"1600\" height=\"1200\" data-wp-class--hide=\"state.isContentHidden\" data-wp-class--show=\"state.isContentVisible\" data-wp-init=\"callbacks.setButtonStyles\" data-wp-on--click=\"actions.showLightbox\" data-wp-on--load=\"callbacks.setButtonStyles\" data-wp-on--pointerdown=\"actions.preloadImage\" data-wp-on--pointerenter=\"actions.preloadImageWithDelay\" data-wp-on--pointerleave=\"actions.cancelPreload\" data-wp-on-window--resize=\"callbacks.setButtonStyles\" src=\"https:\/\/loudavymkrokem.cz\/wp-content\/uploads\/2026\/09\/catedral-metropolitana-de-s-o-sebasti-o.jpg\" alt=\"Catedral Metropolitana de S\u00e3o Sebasti\u00e3o\" class=\"wp-image-413238\" title=\"\" srcset=\"https:\/\/loudavymkrokem.cz\/wp-content\/uploads\/2026\/09\/catedral-metropolitana-de-s-o-sebasti-o.jpg 1600w, https:\/\/loudavymkrokem.cz\/wp-content\/uploads\/2026\/09\/catedral-metropolitana-de-s-o-sebasti-o-300x225.jpg 300w, https:\/\/loudavymkrokem.cz\/wp-content\/uploads\/2026\/09\/catedral-metropolitana-de-s-o-sebasti-o-700x525.jpg 700w, https:\/\/loudavymkrokem.cz\/wp-content\/uploads\/2026\/09\/catedral-metropolitana-de-s-o-sebasti-o-768x576.jpg 768w, https:\/\/loudavymkrokem.cz\/wp-content\/uploads\/2026\/09\/catedral-metropolitana-de-s-o-sebasti-o-1536x1152.jpg 1536w, https:\/\/loudavymkrokem.cz\/wp-content\/uploads\/2026\/09\/catedral-metropolitana-de-s-o-sebasti-o-80x60.jpg 80w, https:\/\/loudavymkrokem.cz\/wp-content\/uploads\/2026\/09\/catedral-metropolitana-de-s-o-sebasti-o-160x120.jpg 160w, https:\/\/loudavymkrokem.cz\/wp-content\/uploads\/2026\/09\/catedral-metropolitana-de-s-o-sebasti-o-696x522.jpg 696w, https:\/\/loudavymkrokem.cz\/wp-content\/uploads\/2026\/09\/catedral-metropolitana-de-s-o-sebasti-o-1392x1044.jpg 1392w\" sizes=\"(max-width: 1600px) 100vw, 1600px\" \/><button\n\t\t\tclass=\"lightbox-trigger\"\n\t\t\ttype=\"button\"\n\t\t\taria-haspopup=\"dialog\"\n\t\t\tdata-wp-bind--aria-label=\"state.thisImage.triggerButtonAriaLabel\"\n\t\t\tdata-wp-init=\"callbacks.initTriggerButton\"\n\t\t\tdata-wp-on--click=\"actions.showLightbox\"\n\t\t\tdata-wp-style--right=\"state.thisImage.buttonRight\"\n\t\t\tdata-wp-style--top=\"state.thisImage.buttonTop\"\n\t\t>\n\t\t\t<svg xmlns=\"http:\/\/www.w3.org\/2000\/svg\" width=\"12\" height=\"12\" fill=\"none\" viewBox=\"0 0 12 12\">\n\t\t\t\t<path fill=\"#fff\" d=\"M2 0a2 2 0 0 0-2 2v2h1.5V2a.5.5 0 0 1 .5-.5h2V0H2Zm2 10.5H2a.5.5 0 0 1-.5-.5V8H0v2a2 2 0 0 0 2 2h2v-1.5ZM8 12v-1.5h2a.5.5 0 0 0 .5-.5V8H12v2a2 2 0 0 1-2 2H8Zm2-12a2 2 0 0 1 2 2v2h-1.5V2a.5.5 0 0 0-.5-.5H8V0h2Z\" \/>\n\t\t\t<\/svg>\n\t\t<\/button><figcaption class=\"wp-element-caption\">Photo : Roberto Fernandes \/ Google Maps<\/figcaption><\/figure>\n\n\n\n<h3 class=\"wp-block-heading\"><span class=\"ez-toc-section\" id=\"19_Catedral_Metropolitana_de_Sao_Sebastiao\"><\/span>19. Catedral Metropolitana de S\u00e3o Sebasti\u00e3o<span class=\"ez-toc-section-end\"><\/span><\/h3>\n\n\n\n<p class=\"wp-block-paragraph\">Les amateurs d&rsquo;architecture insolite ne devraient surtout pas manquer une construction qui, \u00e0 premi\u00e8re vue, ne ressemble pas du tout \u00e0 un temple chr\u00e9tien. <strong>La Catedral Metropolitana est une cath\u00e9drale moderne en b\u00e9ton en forme d&rsquo;immense pyramide maya<\/strong>, inaugur\u00e9e en 1979, qui repr\u00e9sente l&rsquo;\u00e9glise la plus inhabituelle que tu verras en Am\u00e9rique latine. Son ext\u00e9rieur gris para\u00eet certes un peu aust\u00e8re et massif, mais la vraie magie se cache \u00e0 l&rsquo;int\u00e9rieur.<\/p>\n\n\n\n<p class=\"wp-block-paragraph\">D\u00e8s que tu franchis le seuil de ce b\u00e2timent de soixante-quinze m\u00e8tres de haut, tu te retrouves dans un espace immense, inond\u00e9 de soleil, sans le moindre pilier de soutien. <strong>Du sol jusqu&rsquo;au plafond s&rsquo;\u00e9l\u00e8vent quatre gigantesques vitraux color\u00e9s qui forment une croix de lumi\u00e8re saisissante<\/strong>, cr\u00e9ant \u00e0 l&rsquo;int\u00e9rieur une atmosph\u00e8re incroyablement spirituelle et mystique. La cath\u00e9drale peut accueillir vingt mille fid\u00e8les et son acoustique lors des chants en ch\u0153ur est absolument ph\u00e9nom\u00e9nale.<\/p>\n\n\n\n<p class=\"wp-block-paragraph\">\ud83d\udca1 Astuce : <strong>pour photographier l&rsquo;int\u00e9rieur, place-toi exactement au centre du sol et pointe l&rsquo;objectif droit vers le haut<\/strong>, tu obtiendras ainsi un clich\u00e9 parfaitement sym\u00e9trique de la croix color\u00e9e au plafond. La visite de la cath\u00e9drale est rapide et se combine facilement avec l&rsquo;aqueduc Arcos da Lapa tout proche, \u00e0 quelques minutes de marche seulement.<\/p>\n\n\n\n<figure data-wp-context=\"{&quot;imageId&quot;:&quot;6a9c65475ae86&quot;}\" data-wp-interactive=\"core\/image\" data-wp-key=\"6a9c65475ae86\" class=\"wp-block-image size-full wp-lightbox-container\"><img decoding=\"async\" width=\"1600\" height=\"1628\" data-wp-class--hide=\"state.isContentHidden\" data-wp-class--show=\"state.isContentVisible\" data-wp-init=\"callbacks.setButtonStyles\" data-wp-on--click=\"actions.showLightbox\" data-wp-on--load=\"callbacks.setButtonStyles\" data-wp-on--pointerdown=\"actions.preloadImage\" data-wp-on--pointerenter=\"actions.preloadImageWithDelay\" data-wp-on--pointerleave=\"actions.cancelPreload\" data-wp-on-window--resize=\"callbacks.setButtonStyles\" src=\"https:\/\/loudavymkrokem.cz\/wp-content\/uploads\/2026\/09\/museu-da-rep-blica.jpg\" alt=\"Museu da Rep\u00fablica (Pal\u00e1cio do Catete)\" class=\"wp-image-413242\" title=\"\" srcset=\"https:\/\/loudavymkrokem.cz\/wp-content\/uploads\/2026\/09\/museu-da-rep-blica.jpg 1600w, https:\/\/loudavymkrokem.cz\/wp-content\/uploads\/2026\/09\/museu-da-rep-blica-295x300.jpg 295w, https:\/\/loudavymkrokem.cz\/wp-content\/uploads\/2026\/09\/museu-da-rep-blica-700x712.jpg 700w, https:\/\/loudavymkrokem.cz\/wp-content\/uploads\/2026\/09\/museu-da-rep-blica-768x781.jpg 768w, https:\/\/loudavymkrokem.cz\/wp-content\/uploads\/2026\/09\/museu-da-rep-blica-1510x1536.jpg 1510w, https:\/\/loudavymkrokem.cz\/wp-content\/uploads\/2026\/09\/museu-da-rep-blica-696x708.jpg 696w, https:\/\/loudavymkrokem.cz\/wp-content\/uploads\/2026\/09\/museu-da-rep-blica-1392x1416.jpg 1392w\" sizes=\"(max-width: 1600px) 100vw, 1600px\" \/><button\n\t\t\tclass=\"lightbox-trigger\"\n\t\t\ttype=\"button\"\n\t\t\taria-haspopup=\"dialog\"\n\t\t\tdata-wp-bind--aria-label=\"state.thisImage.triggerButtonAriaLabel\"\n\t\t\tdata-wp-init=\"callbacks.initTriggerButton\"\n\t\t\tdata-wp-on--click=\"actions.showLightbox\"\n\t\t\tdata-wp-style--right=\"state.thisImage.buttonRight\"\n\t\t\tdata-wp-style--top=\"state.thisImage.buttonTop\"\n\t\t>\n\t\t\t<svg xmlns=\"http:\/\/www.w3.org\/2000\/svg\" width=\"12\" height=\"12\" fill=\"none\" viewBox=\"0 0 12 12\">\n\t\t\t\t<path fill=\"#fff\" d=\"M2 0a2 2 0 0 0-2 2v2h1.5V2a.5.5 0 0 1 .5-.5h2V0H2Zm2 10.5H2a.5.5 0 0 1-.5-.5V8H0v2a2 2 0 0 0 2 2h2v-1.5ZM8 12v-1.5h2a.5.5 0 0 0 .5-.5V8H12v2a2 2 0 0 1-2 2H8Zm2-12a2 2 0 0 1 2 2v2h-1.5V2a.5.5 0 0 0-.5-.5H8V0h2Z\" \/>\n\t\t\t<\/svg>\n\t\t<\/button><figcaption class=\"wp-element-caption\">Photo : Fabio Alves \/ Google Maps<\/figcaption><\/figure>\n\n\n\n<h3 class=\"wp-block-heading\"><span class=\"ez-toc-section\" id=\"20_Museu_da_Republica_Palacio_do_Catete\"><\/span>20. Museu da Rep\u00fablica (Pal\u00e1cio do Catete)<span class=\"ez-toc-section-end\"><\/span><\/h3>\n\n\n\n<p class=\"wp-block-paragraph\">Pour comprendre l&rsquo;histoire politique complexe de cet immense pays, la visite de l&rsquo;ancienne r\u00e9sidence pr\u00e9sidentielle est absolument indispensable. <strong>Le Museu da Rep\u00fablica occupe le fastueux Pal\u00e1cio do Catete, qui a servi de r\u00e9sidence aux pr\u00e9sidents br\u00e9siliens<\/strong> jusqu&rsquo;en 1960, ann\u00e9e o\u00f9 la capitale a \u00e9t\u00e9 transf\u00e9r\u00e9e dans la ville nouvellement b\u00e2tie de Bras\u00edlia. Le palais est une d\u00e9monstration de luxe incroyable, avec des salles orn\u00e9es de bois pr\u00e9cieux, de miroirs v\u00e9nitiens et d&rsquo;immenses lustres en cristal.<\/p>\n\n\n\n<p class=\"wp-block-paragraph\">L&rsquo;exposition te fait traverser tous les moments cl\u00e9s de la r\u00e9publique br\u00e9silienne, de sa proclamation aux \u00e9v\u00e9nements dramatiques du vingti\u00e8me si\u00e8cle. Ce qui te marquera le plus, c&rsquo;est la chambre conserv\u00e9e du pr\u00e9sident Get\u00falio Vargas, qui s&rsquo;est suicid\u00e9 ici en 1954 \u2014 le mus\u00e9e expose m\u00eame sa lettre d&rsquo;adieu, et c&rsquo;est l&rsquo;un de ces lieux o\u00f9 l&rsquo;histoire devient soudain tr\u00e8s concr\u00e8te devant tes yeux. Derri\u00e8re le palais s&rsquo;\u00e9tendent en outre de vastes jardins \u00e0 la fran\u00e7aise, pleins de hauts palmiers et de bassins artificiels, qui offrent une ombre agr\u00e9able pour se reposer.<\/p>\n\n\n\n<p class=\"wp-block-paragraph\">\ud83d\udca1 Astuce : <strong>l&rsquo;acc\u00e8s aux magnifiques jardins arri\u00e8re est enti\u00e8rement gratuit et les locaux les fr\u00e9quentent beaucoup pour se promener et se d\u00e9tendre<\/strong>, donc m\u00eame si tu n&rsquo;as pas envie d&rsquo;histoire au mus\u00e9e, ne manque surtout pas les jardins. Il se trouve juste \u00e0 la station de m\u00e9tro Catete, l&rsquo;acc\u00e8s depuis les quartiers de plage au sud de la ville est donc parfaitement simple et rapide.<\/p>\n\n\n\n<figure data-wp-context=\"{&quot;imageId&quot;:&quot;6a9c65475b809&quot;}\" data-wp-interactive=\"core\/image\" data-wp-key=\"6a9c65475b809\" class=\"wp-block-image size-full wp-lightbox-container\"><img decoding=\"async\" width=\"1600\" height=\"1200\" data-wp-class--hide=\"state.isContentHidden\" data-wp-class--show=\"state.isContentVisible\" data-wp-init=\"callbacks.setButtonStyles\" data-wp-on--click=\"actions.showLightbox\" data-wp-on--load=\"callbacks.setButtonStyles\" data-wp-on--pointerdown=\"actions.preloadImage\" data-wp-on--pointerenter=\"actions.preloadImageWithDelay\" data-wp-on--pointerleave=\"actions.cancelPreload\" data-wp-on-window--resize=\"callbacks.setButtonStyles\" src=\"https:\/\/loudavymkrokem.cz\/wp-content\/uploads\/2026\/09\/espa-o-cultural-da-marinha.jpg\" alt=\"Espa\u00e7o Cultural da Marinha\" class=\"wp-image-413243\" title=\"\" srcset=\"https:\/\/loudavymkrokem.cz\/wp-content\/uploads\/2026\/09\/espa-o-cultural-da-marinha.jpg 1600w, https:\/\/loudavymkrokem.cz\/wp-content\/uploads\/2026\/09\/espa-o-cultural-da-marinha-300x225.jpg 300w, https:\/\/loudavymkrokem.cz\/wp-content\/uploads\/2026\/09\/espa-o-cultural-da-marinha-700x525.jpg 700w, https:\/\/loudavymkrokem.cz\/wp-content\/uploads\/2026\/09\/espa-o-cultural-da-marinha-768x576.jpg 768w, https:\/\/loudavymkrokem.cz\/wp-content\/uploads\/2026\/09\/espa-o-cultural-da-marinha-1536x1152.jpg 1536w, https:\/\/loudavymkrokem.cz\/wp-content\/uploads\/2026\/09\/espa-o-cultural-da-marinha-80x60.jpg 80w, https:\/\/loudavymkrokem.cz\/wp-content\/uploads\/2026\/09\/espa-o-cultural-da-marinha-160x120.jpg 160w, https:\/\/loudavymkrokem.cz\/wp-content\/uploads\/2026\/09\/espa-o-cultural-da-marinha-696x522.jpg 696w, https:\/\/loudavymkrokem.cz\/wp-content\/uploads\/2026\/09\/espa-o-cultural-da-marinha-1392x1044.jpg 1392w\" sizes=\"(max-width: 1600px) 100vw, 1600px\" \/><button\n\t\t\tclass=\"lightbox-trigger\"\n\t\t\ttype=\"button\"\n\t\t\taria-haspopup=\"dialog\"\n\t\t\tdata-wp-bind--aria-label=\"state.thisImage.triggerButtonAriaLabel\"\n\t\t\tdata-wp-init=\"callbacks.initTriggerButton\"\n\t\t\tdata-wp-on--click=\"actions.showLightbox\"\n\t\t\tdata-wp-style--right=\"state.thisImage.buttonRight\"\n\t\t\tdata-wp-style--top=\"state.thisImage.buttonTop\"\n\t\t>\n\t\t\t<svg xmlns=\"http:\/\/www.w3.org\/2000\/svg\" width=\"12\" height=\"12\" fill=\"none\" viewBox=\"0 0 12 12\">\n\t\t\t\t<path fill=\"#fff\" d=\"M2 0a2 2 0 0 0-2 2v2h1.5V2a.5.5 0 0 1 .5-.5h2V0H2Zm2 10.5H2a.5.5 0 0 1-.5-.5V8H0v2a2 2 0 0 0 2 2h2v-1.5ZM8 12v-1.5h2a.5.5 0 0 0 .5-.5V8H12v2a2 2 0 0 1-2 2H8Zm2-12a2 2 0 0 1 2 2v2h-1.5V2a.5.5 0 0 0-.5-.5H8V0h2Z\" \/>\n\t\t\t<\/svg>\n\t\t<\/button><figcaption class=\"wp-element-caption\">Photo : Heber iba\u00f1ez \/ Google Maps<\/figcaption><\/figure>\n\n\n\n<h3 class=\"wp-block-heading\"><span class=\"ez-toc-section\" id=\"21_Espaco_Cultural_da_Marinha\"><\/span>21. Espa\u00e7o Cultural da Marinha<span class=\"ez-toc-section-end\"><\/span><\/h3>\n\n\n\n<p class=\"wp-block-paragraph\">Si tu te balades dans le centre historique pr\u00e8s du port, tu tomberas sur un mus\u00e9e fascinant qui plaira \u00e0 bien plus qu&rsquo;aux seuls amateurs d&rsquo;histoire militaire. <strong>L&rsquo;Espa\u00e7o Cultural da Marinha est un vaste mus\u00e9e maritime qui te permet de plonger dans la riche tradition navale du Br\u00e9sil<\/strong>, pays dot\u00e9 de l&rsquo;un des plus longs littoraux au monde. L&rsquo;exposition ext\u00e9rieure regorge de canons historiques, de vieilles torpilles et d&rsquo;immenses ancres diss\u00e9min\u00e9es le long du quai inond\u00e9 de soleil.<\/p>\n\n\n\n<p class=\"wp-block-paragraph\">Mais le plus grand attrait du site, ce sont les v\u00e9ritables navires que tu peux explorer, de la cale jusqu&rsquo;\u00e0 la passerelle du capitaine. <strong>La plus belle exp\u00e9rience, c&rsquo;est la visite du sous-marin militaire d\u00e9saffect\u00e9 Riachuelo et de la r\u00e9plique fid\u00e8le d&rsquo;un ancien navire d&rsquo;explorateurs<\/strong>, qui montre dans quelles conditions exigu\u00ebs les premiers Europ\u00e9ens ont accost\u00e9 sur les c\u00f4tes de l&rsquo;Am\u00e9rique du Sud. C&rsquo;est aussi d&rsquo;ici que partent les bateaux de croisi\u00e8re pour des tours de la baie de Guanabara, qui offrent une belle vue sur la ville depuis l&rsquo;eau.<\/p>\n\n\n\n<p class=\"wp-block-paragraph\">\ud83d\udca1 Astuce : <strong>la croisi\u00e8re dans la baie depuis ce port est nettement moins ch\u00e8re et plus authentique que les bateaux touristiques hors de prix partant du sud de la ville.<\/strong> N&rsquo;oublie pas d&#8217;emporter une cr\u00e8me solaire puissante et un chapeau, car sur le pont des vieux navires et sous-marins, rien ne te prot\u00e8ge du soleil br\u00e9silien br\u00fblant et les ponts m\u00e9talliques deviennent tr\u00e8s chauds.<\/p>\n\n\n\n<figure data-wp-context=\"{&quot;imageId&quot;:&quot;6a9c65475c297&quot;}\" data-wp-interactive=\"core\/image\" data-wp-key=\"6a9c65475c297\" class=\"wp-block-image size-full wp-lightbox-container\"><img decoding=\"async\" width=\"1200\" height=\"800\" data-wp-class--hide=\"state.isContentHidden\" data-wp-class--show=\"state.isContentVisible\" data-wp-init=\"callbacks.setButtonStyles\" data-wp-on--click=\"actions.showLightbox\" data-wp-on--load=\"callbacks.setButtonStyles\" data-wp-on--pointerdown=\"actions.preloadImage\" data-wp-on--pointerenter=\"actions.preloadImageWithDelay\" data-wp-on--pointerleave=\"actions.cancelPreload\" data-wp-on-window--resize=\"callbacks.setButtonStyles\" src=\"https:\/\/loudavymkrokem.cz\/wp-content\/uploads\/2026\/09\/praia-vermelha-pod-cukrovou-homol.jpg\" alt=\"Plage Praia Vermelha au pied du Pain de Sucre\" class=\"wp-image-413245\" title=\"\" srcset=\"https:\/\/loudavymkrokem.cz\/wp-content\/uploads\/2026\/09\/praia-vermelha-pod-cukrovou-homol.jpg 1200w, https:\/\/loudavymkrokem.cz\/wp-content\/uploads\/2026\/09\/praia-vermelha-pod-cukrovou-homol-300x200.jpg 300w, https:\/\/loudavymkrokem.cz\/wp-content\/uploads\/2026\/09\/praia-vermelha-pod-cukrovou-homol-700x467.jpg 700w, https:\/\/loudavymkrokem.cz\/wp-content\/uploads\/2026\/09\/praia-vermelha-pod-cukrovou-homol-768x512.jpg 768w, https:\/\/loudavymkrokem.cz\/wp-content\/uploads\/2026\/09\/praia-vermelha-pod-cukrovou-homol-696x464.jpg 696w\" sizes=\"(max-width: 1200px) 100vw, 1200px\" \/><button\n\t\t\tclass=\"lightbox-trigger\"\n\t\t\ttype=\"button\"\n\t\t\taria-haspopup=\"dialog\"\n\t\t\tdata-wp-bind--aria-label=\"state.thisImage.triggerButtonAriaLabel\"\n\t\t\tdata-wp-init=\"callbacks.initTriggerButton\"\n\t\t\tdata-wp-on--click=\"actions.showLightbox\"\n\t\t\tdata-wp-style--right=\"state.thisImage.buttonRight\"\n\t\t\tdata-wp-style--top=\"state.thisImage.buttonTop\"\n\t\t>\n\t\t\t<svg xmlns=\"http:\/\/www.w3.org\/2000\/svg\" width=\"12\" height=\"12\" fill=\"none\" viewBox=\"0 0 12 12\">\n\t\t\t\t<path fill=\"#fff\" d=\"M2 0a2 2 0 0 0-2 2v2h1.5V2a.5.5 0 0 1 .5-.5h2V0H2Zm2 10.5H2a.5.5 0 0 1-.5-.5V8H0v2a2 2 0 0 0 2 2h2v-1.5ZM8 12v-1.5h2a.5.5 0 0 0 .5-.5V8H12v2a2 2 0 0 1-2 2H8Zm2-12a2 2 0 0 1 2 2v2h-1.5V2a.5.5 0 0 0-.5-.5H8V0h2Z\" \/>\n\t\t\t<\/svg>\n\t\t<\/button><figcaption class=\"wp-element-caption\">Photo : Carlos Alberto do Amaral \/ Google Maps<\/figcaption><\/figure>\n\n\n\n<h3 class=\"wp-block-heading\"><span class=\"ez-toc-section\" id=\"22_Plage_Praia_Vermelha_au_pied_du_Pain_de_Sucre\"><\/span>22. Plage Praia Vermelha au pied du Pain de Sucre<span class=\"ez-toc-section-end\"><\/span><\/h3>\n\n\n\n<p class=\"wp-block-paragraph\">Pour clore notre liste, nous avons gard\u00e9 une petite plage, mais d&rsquo;autant plus belle, qui offre une exp\u00e9rience totalement diff\u00e9rente des \u00e9tendues de sable infinies de Copacabana. <strong>La Praia Vermelha, ou plage Rouge, se cache dans une crique tranquille juste au pied du majestueux Pain de Sucre<\/strong>, qui se dresse au-dessus d&rsquo;elle comme une immense muraille de pierre. Son nom vient du sable plus grossier et ros\u00e9, qui prend au coucher du soleil une magnifique teinte chaude.<\/p>\n\n\n\n<p class=\"wp-block-paragraph\">La crique est prot\u00e9g\u00e9e des forts courants oc\u00e9aniques, l&rsquo;eau y est donc incroyablement calme et s\u00fbre, ce qui en fait un endroit id\u00e9al pour les familles et une baignade tranquille. <strong>Gr\u00e2ce \u00e0 l&rsquo;absence de grandes vagues, c&rsquo;est aussi le spot parfait pour louer un paddle ou un kayak de mer<\/strong>, depuis lequel tu peux admirer les falaises escarp\u00e9es environnantes sous un tout nouvel angle. La plage est tr\u00e8s petite et douillette, entour\u00e9e d&rsquo;arbres verdoyants, et offre une atmosph\u00e8re bien plus intime que les grandes plages voisines.<\/p>\n\n\n\n<p class=\"wp-block-paragraph\">\ud83d\udca1 Astuce : <strong>depuis le bord gauche de la plage d\u00e9marre le magnifique sentier am\u00e9nag\u00e9 Pista Cl\u00e1udio Coutinho, qui serpente dans la for\u00eat tout pr\u00e8s des falaises au-dessus de la mer.<\/strong> C&rsquo;est un endroit formidable pour une promenade tranquille, o\u00f9 tu croiseras tr\u00e8s probablement d&rsquo;effront\u00e9s petits ouistitis. Souviens-toi seulement que nourrir la faune sauvage est strictement interdit dans tout le parc, aussi mignons soient-ils. L&rsquo;excursion sur cette plage se combine id\u00e9alement avec la visite du Pain de Sucre lui-m\u00eame \u2014 la station inf\u00e9rieure du t\u00e9l\u00e9ph\u00e9rique se trouve juste de l&rsquo;autre c\u00f4t\u00e9 de la rue.<\/p>\n\n\n\n<h2 class=\"wp-block-heading\"><span class=\"ez-toc-section\" id=\"Ou_aller_apres_Rio_de_Janeiro\"><\/span>O\u00f9 aller apr\u00e8s Rio de Janeiro<span class=\"ez-toc-section-end\"><\/span><\/h2>\n\n\n\n<p class=\"wp-block-paragraph\">Le Br\u00e9sil est un pays immense et Rio de Janeiro n&rsquo;est souvent que la premi\u00e8re \u00e9tape de ton voyage sud-am\u00e9ricain. Si tu veux <strong>approfondir la planification de ton h\u00e9bergement<\/strong>, nous avons r\u00e9dig\u00e9 pour toi un guide plus d\u00e9taill\u00e9 <a href=\"https:\/\/loudavymkrokem.cz\/kde-bydlet-v-rio-de-janeiru\/\">O\u00f9 loger \u00e0 Rio de Janeiro<\/a>. Tu y d\u00e9couvriras les diff\u00e9rences d\u00e9taill\u00e9es entre les quartiers du sud de la ville et choisiras ainsi plus facilement le meilleur emplacement.<\/p>\n\n\n\n<p class=\"wp-block-paragraph\">La plupart des voyageurs se d\u00e9placent ensuite vers la plus grande m\u00e9tropole de tout l&rsquo;h\u00e9misph\u00e8re sud, qui offre <strong>une exp\u00e9rience totalement diff\u00e9rente, tr\u00e8s urbaine<\/strong>. Pour un transfert en douceur, je te recommande de consulter l&rsquo;article <a href=\"https:\/\/loudavymkrokem.cz\/fr\/?p=412732\">Que voir \u00e0 S\u00e3o Paulo<\/a>, o\u00f9 tu trouveras des conseils sur les meilleurs mus\u00e9es, parcs et points de vue en haut des gratte-ciels. Notre guide <a href=\"https:\/\/loudavymkrokem.cz\/fr\/?p=412738\">O\u00f9 loger \u00e0 S\u00e3o Paulo<\/a> offre ensuite des conseils pratiques pour choisir un quartier s\u00fbr dans cette gigantesque ville d&rsquo;affaires.<\/p>\n\n\n\n<h2 class=\"wp-block-heading\"><span class=\"ez-toc-section\" id=\"Questions_frequentes\"><\/span>Questions fr\u00e9quentes<span class=\"ez-toc-section-end\"><\/span><\/h2>\n\n\n<div id=\"rank-math-faq\" class=\"rank-math-block\">\n<div class=\"rank-math-list \">\n<div id=\"faq-question-1788283109000\" class=\"rank-math-list-item\">\n<h3 class=\"rank-math-question \"><span class=\"ez-toc-section\" id=\"Rio_de_Janeiro_est-il_sur_pour_les_touristes\"><\/span>Rio de Janeiro est-il s\u00fbr pour les touristes ?<span class=\"ez-toc-section-end\"><\/span><\/h3>\n<div class=\"rank-math-answer \">\n\n<p>Si vous restez dans la <strong>zone touristique s\u00e9curis\u00e9e autour des quartiers d&rsquo;Ipanema et Leblon<\/strong>, vous n&rsquo;aurez tr\u00e8s probablement aucun probl\u00e8me. En journ\u00e9e, Copacabana est \u00e9galement s\u00fbre, mais apr\u00e8s la tomb\u00e9e de la nuit, \u00e9vitez de vous promener sur la plage et dans les rues d\u00e9sertes du centre. <strong>Utilisez syst\u00e9matiquement Uber<\/strong> et ne portez pas de bijoux ou t\u00e9l\u00e9phones co\u00fbteux de mani\u00e8re ostentatoire.<\/p>\n\n<\/div>\n<\/div>\n<div id=\"faq-question-1788283109001\" class=\"rank-math-list-item\">\n<h3 class=\"rank-math-question \"><span class=\"ez-toc-section\" id=\"Combien_de_jours_faut-il_pour_visiter_Rio\"><\/span>Combien de jours faut-il pour visiter Rio ?<span class=\"ez-toc-section-end\"><\/span><\/h3>\n<div class=\"rank-math-answer \">\n\n<p>La dur\u00e9e id\u00e9ale pour d\u00e9couvrir la ville est de <strong>quatre \u00e0 cinq jours complets<\/strong>, ce qui vous laisse suffisamment de temps pour les sites touristiques et la d\u00e9tente \u00e0 la plage. Pr\u00e9voyez toujours au moins <strong>deux jours de marge comme r\u00e9serve<\/strong>, afin de pouvoir adapter avec flexibilit\u00e9 vos visites aux points de vue en altitude en fonction de la n\u00e9bulosit\u00e9 et de la m\u00e9t\u00e9o.<\/p>\n\n<\/div>\n<\/div>\n<div id=\"faq-question-1788283109002\" class=\"rank-math-list-item\">\n<h3 class=\"rank-math-question \"><span class=\"ez-toc-section\" id=\"Quelle_est_la_meilleure_facon_dacceder_a_la_statue_du_Christ_Redempteur\"><\/span>Quelle est la meilleure fa\u00e7on d&rsquo;acc\u00e9der \u00e0 la statue du Christ R\u00e9dempteur ?<span class=\"ez-toc-section-end\"><\/span><\/h3>\n<div class=\"rank-math-answer \">\n\n<p>Il existe trois moyens, le <strong>plus cher et le plus populaire \u00e9tant le train \u00e0 cr\u00e9maill\u00e8re historique du Corcovado<\/strong>, qui vous emm\u00e8ne \u00e0 travers la for\u00eat tropicale. Une option un peu moins ch\u00e8re est le minibus officiel depuis le centre d&rsquo;accueil de Paineiras. Si vous cherchez l&rsquo;itin\u00e9raire le plus \u00e9conomique et le plus aventureux, <strong>vous pouvez partir \u00e0 pied par le sentier escarp\u00e9<\/strong> depuis le parc Parque Lage, ce qui vous prendra environ deux heures de mont\u00e9e exigeante.<\/p>\n\n<\/div>\n<\/div>\n<div id=\"faq-question-1788283109003\" class=\"rank-math-list-item\">\n<h3 class=\"rank-math-question \"><span class=\"ez-toc-section\" id=\"Quelle_est_la_meilleure_periode_pour_voyager_au_Bresil\"><\/span>Quelle est la meilleure p\u00e9riode pour voyager au Br\u00e9sil ?<span class=\"ez-toc-section-end\"><\/span><\/h3>\n<div class=\"rank-math-answer \">\n\n<p>En termes de m\u00e9t\u00e9o favorable et de prix raisonnables, il est pr\u00e9f\u00e9rable de <strong>partir d&rsquo;avril \u00e0 juin ou d&rsquo;ao\u00fbt \u00e0 octobre<\/strong>. Vous \u00e9viterez ainsi les chaleurs estivales extr\u00eames et les pluies torrentielles r\u00e9guli\u00e8res. Pendant le carnaval et le Nouvel An, la ville conna\u00eet certes une ambiance extraordinaire, mais <strong>les prix de l&rsquo;h\u00e9bergement sont plusieurs fois plus \u00e9lev\u00e9s<\/strong> et vous rencontrerez des foules immenses partout.<\/p>\n\n<\/div>\n<\/div>\n<div id=\"faq-question-1788283109004\" class=\"rank-math-list-item\">\n<h3 class=\"rank-math-question \"><span class=\"ez-toc-section\" id=\"Puis-je_me_baigner_sur_les_plages_de_Rio_apres_la_tombee_de_la_nuit\"><\/span>Puis-je me baigner sur les plages de Rio apr\u00e8s la tomb\u00e9e de la nuit ?<span class=\"ez-toc-section-end\"><\/span><\/h3>\n<div class=\"rank-math-answer \">\n\n<p><strong>Absolument pas, on ne va jamais \u00e0 la plage la nuit.<\/strong> D\u00e8s que le soleil se couche, les longues bandes de sable deviennent dangereuses pour les touristes et attirent des individus douteux. Les habitants se regroupent le soir dans les bars et restaurants bien \u00e9clair\u00e9s des rues anim\u00e9es, c&rsquo;est pourquoi <strong>il vaut mieux \u00e9viter compl\u00e8tement les plages d\u00e9sertes apr\u00e8s la tomb\u00e9e de la nuit<\/strong>.<\/p>\n\n<\/div>\n<\/div>\n<div id=\"faq-question-1788283109005\" class=\"rank-math-list-item\">\n<h3 class=\"rank-math-question \"><span class=\"ez-toc-section\" id=\"Comment_se_deplacer_dans_la_ville_et_les_transports_en_commun_sont-ils_surs\"><\/span>Comment se d\u00e9placer dans la ville et les transports en commun sont-ils s\u00fbrs ?<span class=\"ez-toc-section-end\"><\/span><\/h3>\n<div class=\"rank-math-answer \">\n\n<p>En journ\u00e9e, <strong>le r\u00e9seau de m\u00e9tro fonctionne parfaitement bien et en toute s\u00e9curit\u00e9<\/strong>, reliant les quartiers baln\u00e9aires du sud au centre historique de la ville. Les bus ordinaires sont plut\u00f4t compliqu\u00e9s et ne sont pas vraiment recommand\u00e9s pour les touristes. D\u00e8s que la nuit tombe, <strong>passez sans h\u00e9sitation \u00e0 l&rsquo;application Uber<\/strong>, qui est tr\u00e8s bon march\u00e9, fiable au Br\u00e9sil et vous garantit un retour tranquille \u00e0 l&rsquo;h\u00f4tel.<\/p>\n\n<\/div>\n<\/div>\n<div id=\"faq-question-1788283109006\" class=\"rank-math-list-item\">\n<h3 class=\"rank-math-question \"><span class=\"ez-toc-section\" id=\"Que_manger_a_Rio_si_je_ne_mange_pas_de_viande\"><\/span>Que manger \u00e0 Rio si je ne mange pas de viande ?<span class=\"ez-toc-section-end\"><\/span><\/h3>\n<div class=\"rank-math-answer \">\n\n<p>Bien que la cuisine br\u00e9silienne soit fortement bas\u00e9e sur la viande, vous y trouverez beaucoup de d\u00e9lices v\u00e9g\u00e9tariens. <strong>Le grand succ\u00e8s est l&rsquo;a\u00e7a\u00ed glac\u00e9 avec du granola<\/strong>, qui rafra\u00eechit merveilleusement bien \u00e0 la plage. Dans les stands de rue, cherchez les petites boules de fromage p\u00e3o de queijo ou le tapioca fourr\u00e9 au fromage et aux tomates. Pour un d\u00eener complet, <strong>rendez-vous dans les excellents restaurants italiens d&rsquo;Ipanema<\/strong>.<\/p>\n\n<\/div>\n<\/div>\n<div id=\"faq-question-1788283109007\" class=\"rank-math-list-item\">\n<h3 class=\"rank-math-question \"><span class=\"ez-toc-section\" id=\"Est-il_interessant_dacheter_les_billets_dentree_pour_les_sites_touristiques_longtemps_a_lavance\"><\/span>Est-il int\u00e9ressant d&rsquo;acheter les billets d&rsquo;entr\u00e9e pour les sites touristiques longtemps \u00e0 l&rsquo;avance ?<span class=\"ez-toc-section-end\"><\/span><\/h3>\n<div class=\"rank-math-answer \">\n\n<p>Pour les mus\u00e9es modernes ferm\u00e9s, comme le Mus\u00e9e de demain, l&rsquo;achat de billets en ligne \u00e0 l&rsquo;avance vaut vraiment le coup. <strong>Mais pour les points de vue en plein air comme le Pain de Sucre et le Christ R\u00e9dempteur, soyez prudent.<\/strong> La m\u00e9t\u00e9o sur la c\u00f4te change d&rsquo;heure en heure et en achetant pour une date fixe, <strong>vous risquez de ne rien voir du tout \u00e0 cause d&rsquo;un brouillard \u00e9pais<\/strong>.<\/p>\n\n<\/div>\n<\/div>\n<\/div>\n<\/div>","protected":false},"excerpt":{"rendered":"<p>D\u00e9couvre les plus beaux endroits de Rio de Janeiro, des plages c\u00e9l\u00e8bres aux points de vue cach\u00e9s dans la for\u00eat, et apprends \u00e0 profiter de la ville en toute s\u00e9curit\u00e9.<\/p>\n","protected":false},"author":3,"featured_media":413187,"comment_status":"open","ping_status":"open","sticky":false,"template":"","format":"standard","meta":{"_acf_changed":false,"footnotes":"","rank_math_title":"Rio de Janeiro : 22 choses \u00e0 voir et \u00e0 faire en 2026","rank_math_description":"Que voir \u00e0 Rio de Janeiro ? 22 lieux incontournables, conseils s\u00e9curit\u00e9, m\u00e9t\u00e9o et h\u00e9bergement pour planifier ton voyage au Br\u00e9sil. D\u00e9couvre-les tous !","rank_math_focus_keyword":"rio de janeiro","rank_math_seo_score":""},"categories":[650],"tags":[],"class_list":["post-417904","post","type-post","status-publish","format-standard","has-post-thumbnail","category-voyages"],"acf":[],"featured_image_src":"https:\/\/loudavymkrokem.cz\/wp-content\/uploads\/2026\/09\/pedra-do-arpoador.jpg","author_info":{"display_name":"Lucie Kone\u010dn\u00e1","author_link":"https:\/\/loudavymkrokem.cz\/fr\/author\/lucie-konecna\/"},"_links":{"self":[{"href":"https:\/\/loudavymkrokem.cz\/fr\/wp-json\/wp\/v2\/posts\/417904","targetHints":{"allow":["GET"]}}],"collection":[{"href":"https:\/\/loudavymkrokem.cz\/fr\/wp-json\/wp\/v2\/posts"}],"about":[{"href":"https:\/\/loudavymkrokem.cz\/fr\/wp-json\/wp\/v2\/types\/post"}],"author":[{"embeddable":true,"href":"https:\/\/loudavymkrokem.cz\/fr\/wp-json\/wp\/v2\/users\/3"}],"replies":[{"embeddable":true,"href":"https:\/\/loudavymkrokem.cz\/fr\/wp-json\/wp\/v2\/comments?post=417904"}],"version-history":[{"count":2,"href":"https:\/\/loudavymkrokem.cz\/fr\/wp-json\/wp\/v2\/posts\/417904\/revisions"}],"predecessor-version":[{"id":417906,"href":"https:\/\/loudavymkrokem.cz\/fr\/wp-json\/wp\/v2\/posts\/417904\/revisions\/417906"}],"wp:featuredmedia":[{"embeddable":true,"href":"https:\/\/loudavymkrokem.cz\/fr\/wp-json\/wp\/v2\/media\/413187"}],"wp:attachment":[{"href":"https:\/\/loudavymkrokem.cz\/fr\/wp-json\/wp\/v2\/media?parent=417904"}],"wp:term":[{"taxonomy":"category","embeddable":true,"href":"https:\/\/loudavymkrokem.cz\/fr\/wp-json\/wp\/v2\/categories?post=417904"},{"taxonomy":"post_tag","embeddable":true,"href":"https:\/\/loudavymkrokem.cz\/fr\/wp-json\/wp\/v2\/tags?post=417904"}],"curies":[{"name":"wp","href":"https:\/\/api.w.org\/{rel}","templated":true}]}}