{"id":417894,"date":"2026-09-04T20:50:25","date_gmt":"2026-09-04T18:50:25","guid":{"rendered":"https:\/\/loudavymkrokem.cz\/strasbourg-france-visiter\/"},"modified":"2026-09-05T18:48:25","modified_gmt":"2026-09-05T16:48:25","slug":"strasbourg-france-visiter","status":"publish","type":"post","link":"https:\/\/loudavymkrokem.cz\/fr\/strasbourg-france-visiter\/","title":{"rendered":"Strasbourg (France) : 18 choses \u00e0 voir et \u00e0 faire"},"content":{"rendered":"\n<p class=\"wp-block-paragraph\">La plupart d&rsquo;entre nous associent imm\u00e9diatement Strasbourg, en France, au parfum du vin chaud et \u00e0 la profusion de lumi\u00e8res de f\u00eate. Pourtant, <strong>cette ville a beaucoup \u00e0 offrir pendant les onze autres mois de l&rsquo;ann\u00e9e<\/strong>. Alors qu&rsquo;en d\u00e9cembre elle d\u00e9borde de monde et que les prix s&rsquo;envolent, hors de la p\u00e9riode de l&rsquo;Avent elle se transforme en une destination plus paisible et <strong>nettement moins ch\u00e8re<\/strong>, o\u00f9 l&rsquo;\u00e9l\u00e9gance fran\u00e7aise se marie \u00e0 la pr\u00e9cision allemande. Au cours du dernier si\u00e8cle, sa nationalit\u00e9 a chang\u00e9 pas moins de quatre fois, ce qui a laiss\u00e9 une empreinte ind\u00e9l\u00e9bile sur l&rsquo;architecture, la langue locale et sa gastronomie remarquable.<\/p>\n\n\n\n<p class=\"wp-block-paragraph\">Tu y trouveras un <strong>quartier historique class\u00e9 \u00e0 l&rsquo;UNESCO<\/strong>, une cath\u00e9drale gothique monumentale ainsi que les b\u00e2timents de verre modernes du Parlement europ\u00e9en, qui composent ensemble une atmosph\u00e8re absolument unique. Tu peux fl\u00e2ner dans les ruelles pittoresques bord\u00e9es de maisons \u00e0 colombages, observer les bateaux glissant sur les canaux, ou simplement t&rsquo;installer dans un caf\u00e9 et <strong>savourer cette incroyable douceur de vivre loin des foules de touristes<\/strong>. Strasbourg est en somme une ville aux deux identit\u00e9s, qui te surprendra \u00e0 chaque coin de rue.<\/p>\n\n\n\n<p class=\"wp-block-paragraph\">Si tu cherches l&rsquo;endroit id\u00e9al pour un week-end prolong\u00e9 o\u00f9 <strong>l&rsquo;histoire se m\u00eale \u00e0 une vie moderne tr\u00e9pidante<\/strong>, tu viens de le trouver. J&rsquo;ai pr\u00e9par\u00e9 pour toi un guide d\u00e9taill\u00e9 qui te d\u00e9voile les plus grands tr\u00e9sors de la ville et t&rsquo;explique comment profiter pleinement de ta visite, quelle que soit la saison o\u00f9 tu d\u00e9cides de venir.<\/p>\n\n\n\n<figure data-wp-context=\"{&quot;imageId&quot;:&quot;6a9c6fcbd7c4c&quot;}\" data-wp-interactive=\"core\/image\" data-wp-key=\"6a9c6fcbd7c4c\" class=\"wp-block-image size-full wp-lightbox-container\"><img decoding=\"async\" width=\"1920\" height=\"2454\" data-wp-class--hide=\"state.isContentHidden\" data-wp-class--show=\"state.isContentVisible\" data-wp-init=\"callbacks.setButtonStyles\" data-wp-on--click=\"actions.showLightbox\" data-wp-on--load=\"callbacks.setButtonStyles\" data-wp-on--pointerdown=\"actions.preloadImage\" data-wp-on--pointerenter=\"actions.preloadImageWithDelay\" data-wp-on--pointerleave=\"actions.cancelPreload\" data-wp-on-window--resize=\"callbacks.setButtonStyles\" src=\"https:\/\/loudavymkrokem.cz\/wp-content\/uploads\/2026\/09\/katedrala-notre-dame-ve-strasburku-af4b864e.jpg\" alt=\"Cath\u00e9drale Notre-Dame de Strasbourg\" class=\"wp-image-413376\" title=\"\" srcset=\"https:\/\/loudavymkrokem.cz\/wp-content\/uploads\/2026\/09\/katedrala-notre-dame-ve-strasburku-af4b864e.jpg 1920w, https:\/\/loudavymkrokem.cz\/wp-content\/uploads\/2026\/09\/katedrala-notre-dame-ve-strasburku-af4b864e-235x300.jpg 235w, https:\/\/loudavymkrokem.cz\/wp-content\/uploads\/2026\/09\/katedrala-notre-dame-ve-strasburku-af4b864e-700x895.jpg 700w, https:\/\/loudavymkrokem.cz\/wp-content\/uploads\/2026\/09\/katedrala-notre-dame-ve-strasburku-af4b864e-768x982.jpg 768w, https:\/\/loudavymkrokem.cz\/wp-content\/uploads\/2026\/09\/katedrala-notre-dame-ve-strasburku-af4b864e-1202x1536.jpg 1202w, https:\/\/loudavymkrokem.cz\/wp-content\/uploads\/2026\/09\/katedrala-notre-dame-ve-strasburku-af4b864e-1602x2048.jpg 1602w, https:\/\/loudavymkrokem.cz\/wp-content\/uploads\/2026\/09\/katedrala-notre-dame-ve-strasburku-af4b864e-696x890.jpg 696w, https:\/\/loudavymkrokem.cz\/wp-content\/uploads\/2026\/09\/katedrala-notre-dame-ve-strasburku-af4b864e-1392x1779.jpg 1392w\" sizes=\"(max-width: 1920px) 100vw, 1920px\" \/><button\n\t\t\tclass=\"lightbox-trigger\"\n\t\t\ttype=\"button\"\n\t\t\taria-haspopup=\"dialog\"\n\t\t\tdata-wp-bind--aria-label=\"state.thisImage.triggerButtonAriaLabel\"\n\t\t\tdata-wp-init=\"callbacks.initTriggerButton\"\n\t\t\tdata-wp-on--click=\"actions.showLightbox\"\n\t\t\tdata-wp-style--right=\"state.thisImage.buttonRight\"\n\t\t\tdata-wp-style--top=\"state.thisImage.buttonTop\"\n\t\t>\n\t\t\t<svg xmlns=\"http:\/\/www.w3.org\/2000\/svg\" width=\"12\" height=\"12\" fill=\"none\" viewBox=\"0 0 12 12\">\n\t\t\t\t<path fill=\"#fff\" d=\"M2 0a2 2 0 0 0-2 2v2h1.5V2a.5.5 0 0 1 .5-.5h2V0H2Zm2 10.5H2a.5.5 0 0 1-.5-.5V8H0v2a2 2 0 0 0 2 2h2v-1.5ZM8 12v-1.5h2a.5.5 0 0 0 .5-.5V8H12v2a2 2 0 0 1-2 2H8Zm2-12a2 2 0 0 1 2 2v2h-1.5V2a.5.5 0 0 0-.5-.5H8V0h2Z\" \/>\n\t\t\t<\/svg>\n\t\t<\/button><figcaption class=\"wp-element-caption\">Foto: Diliff \/ Wikimedia Commons, CC BY-SA 3.0<\/figcaption><\/figure>\n\n\n\n<div id=\"ez-toc-container\" class=\"ez-toc-v2_0_87 ez-toc-wrap-left counter-hierarchy ez-toc-counter ez-toc-grey ez-toc-container-direction\">\n<div class=\"ez-toc-title-container\">\n<p class=\"ez-toc-title\" style=\"cursor:inherit\">Contenu de l&#039;article<\/p>\n<span class=\"ez-toc-title-toggle\"><a href=\"#\" class=\"ez-toc-pull-right ez-toc-btn ez-toc-btn-xs ez-toc-btn-default ez-toc-toggle\" aria-label=\"Toggle Table of Content\"><span class=\"ez-toc-js-icon-con\"><span class=\"\"><span class=\"eztoc-hide\" style=\"display:none;\">Toggle<\/span><span class=\"ez-toc-icon-toggle-span\"><svg style=\"fill: #999;color:#999\" xmlns=\"http:\/\/www.w3.org\/2000\/svg\" class=\"list-377408\" width=\"20px\" height=\"20px\" viewBox=\"0 0 24 24\" fill=\"none\"><path d=\"M6 6H4v2h2V6zm14 0H8v2h12V6zM4 11h2v2H4v-2zm16 0H8v2h12v-2zM4 16h2v2H4v-2zm16 0H8v2h12v-2z\" fill=\"currentColor\"><\/path><\/svg><svg style=\"fill: #999;color:#999\" class=\"arrow-unsorted-368013\" xmlns=\"http:\/\/www.w3.org\/2000\/svg\" width=\"10px\" height=\"10px\" viewBox=\"0 0 24 24\" version=\"1.2\" baseProfile=\"tiny\"><path d=\"M18.2 9.3l-6.2-6.3-6.2 6.3c-.2.2-.3.4-.3.7s.1.5.3.7c.2.2.4.3.7.3h11c.3 0 .5-.1.7-.3.2-.2.3-.5.3-.7s-.1-.5-.3-.7zM5.8 14.7l6.2 6.3 6.2-6.3c.2-.2.3-.5.3-.7s-.1-.5-.3-.7c-.2-.2-.4-.3-.7-.3h-11c-.3 0-.5.1-.7.3-.2.2-.3.5-.3.7s.1.5.3.7z\"\/><\/svg><\/span><\/span><\/span><\/a><\/span><\/div>\n<nav><ul class='ez-toc-list ez-toc-list-level-1 ' ><ul class='ez-toc-list-level-3' ><li class='ez-toc-heading-level-3'><a class=\"ez-toc-link ez-toc-heading-1\" href=\"https:\/\/loudavymkrokem.cz\/fr\/strasbourg-france-visiter\/#Resume_pour_ceux_qui_nont_pas_le_temps_de_tout_lire\" >R\u00e9sum\u00e9 pour ceux qui n&rsquo;ont pas le temps de tout lire<\/a><\/li><\/ul><\/li><li class='ez-toc-page-1 ez-toc-heading-level-2'><a class=\"ez-toc-link ez-toc-heading-2\" href=\"https:\/\/loudavymkrokem.cz\/fr\/strasbourg-france-visiter\/#Quand_partir_a_Strasbourg\" >Quand partir \u00e0 Strasbourg<\/a><\/li><li class='ez-toc-page-1 ez-toc-heading-level-2'><a class=\"ez-toc-link ez-toc-heading-3\" href=\"https:\/\/loudavymkrokem.cz\/fr\/strasbourg-france-visiter\/#Ou_loger_a_Strasbourg\" >O\u00f9 loger \u00e0 Strasbourg<\/a><\/li><li class='ez-toc-page-1 ez-toc-heading-level-2'><a class=\"ez-toc-link ez-toc-heading-4\" href=\"https:\/\/loudavymkrokem.cz\/fr\/strasbourg-france-visiter\/#18_choses_a_voir_et_a_faire_a_Strasbourg\" >18 choses \u00e0 voir et \u00e0 faire \u00e0 Strasbourg<\/a><ul class='ez-toc-list-level-3' ><li class='ez-toc-heading-level-3'><a class=\"ez-toc-link ez-toc-heading-5\" href=\"https:\/\/loudavymkrokem.cz\/fr\/strasbourg-france-visiter\/#1_Cathedrale_Notre-Dame_de_Strasbourg\" >1. Cath\u00e9drale Notre-Dame de Strasbourg<\/a><\/li><li class='ez-toc-page-1 ez-toc-heading-level-3'><a class=\"ez-toc-link ez-toc-heading-6\" href=\"https:\/\/loudavymkrokem.cz\/fr\/strasbourg-france-visiter\/#2_Lhorloge_astronomique_du_XVI%E1%B5%89_siecle\" >2. L&rsquo;horloge astronomique du XVI\u1d49 si\u00e8cle<\/a><\/li><li class='ez-toc-page-1 ez-toc-heading-level-3'><a class=\"ez-toc-link ez-toc-heading-7\" href=\"https:\/\/loudavymkrokem.cz\/fr\/strasbourg-france-visiter\/#3_La_montee_a_la_plateforme_panoramique_de_la_cathedrale\" >3. La mont\u00e9e \u00e0 la plateforme panoramique de la cath\u00e9drale<\/a><\/li><li class='ez-toc-page-1 ez-toc-heading-level-3'><a class=\"ez-toc-link ez-toc-heading-8\" href=\"https:\/\/loudavymkrokem.cz\/fr\/strasbourg-france-visiter\/#4_La_Petite_France\" >4. La Petite France<\/a><\/li><li class='ez-toc-page-1 ez-toc-heading-level-3'><a class=\"ez-toc-link ez-toc-heading-9\" href=\"https:\/\/loudavymkrokem.cz\/fr\/strasbourg-france-visiter\/#5_Les_Ponts_Couverts_de_Strasbourg\" >5. Les Ponts Couverts de Strasbourg<\/a><\/li><li class='ez-toc-page-1 ez-toc-heading-level-3'><a class=\"ez-toc-link ez-toc-heading-10\" href=\"https:\/\/loudavymkrokem.cz\/fr\/strasbourg-france-visiter\/#6_Le_Barrage_Vauban\" >6. Le Barrage Vauban<\/a><\/li><li class='ez-toc-page-1 ez-toc-heading-level-3'><a class=\"ez-toc-link ez-toc-heading-11\" href=\"https:\/\/loudavymkrokem.cz\/fr\/strasbourg-france-visiter\/#7_La_croisiere_sur_les_canaux_Batorama\" >7. La croisi\u00e8re sur les canaux Batorama<\/a><\/li><li class='ez-toc-page-1 ez-toc-heading-level-3'><a class=\"ez-toc-link ez-toc-heading-12\" href=\"https:\/\/loudavymkrokem.cz\/fr\/strasbourg-france-visiter\/#8_Le_Parlement_europeen\" >8. Le Parlement europ\u00e9en<\/a><\/li><li class='ez-toc-page-1 ez-toc-heading-level-3'><a class=\"ez-toc-link ez-toc-heading-13\" href=\"https:\/\/loudavymkrokem.cz\/fr\/strasbourg-france-visiter\/#9_Le_Parlamentarium_Simone_Veil\" >9. Le Parlamentarium Simone Veil<\/a><\/li><li class='ez-toc-page-1 ez-toc-heading-level-3'><a class=\"ez-toc-link ez-toc-heading-14\" href=\"https:\/\/loudavymkrokem.cz\/fr\/strasbourg-france-visiter\/#10_Le_Conseil_de_lEurope_et_le_quartier_des_institutions\" >10. Le Conseil de l&rsquo;Europe et le quartier des institutions<\/a><\/li><li class='ez-toc-page-1 ez-toc-heading-level-3'><a class=\"ez-toc-link ez-toc-heading-15\" href=\"https:\/\/loudavymkrokem.cz\/fr\/strasbourg-france-visiter\/#11_La_Grande_Ile_premier_quartier_classe_a_lUNESCO\" >11. La Grande \u00cele (premier quartier class\u00e9 \u00e0 l&rsquo;UNESCO)<\/a><\/li><li class='ez-toc-page-1 ez-toc-heading-level-3'><a class=\"ez-toc-link ez-toc-heading-16\" href=\"https:\/\/loudavymkrokem.cz\/fr\/strasbourg-france-visiter\/#12_La_Neustadt_quartier_imperial_allemand\" >12. La Neustadt (quartier imp\u00e9rial allemand)<\/a><\/li><li class='ez-toc-page-1 ez-toc-heading-level-3'><a class=\"ez-toc-link ez-toc-heading-17\" href=\"https:\/\/loudavymkrokem.cz\/fr\/strasbourg-france-visiter\/#13_La_Place_Kleber\" >13. La Place Kl\u00e9ber<\/a><\/li><li class='ez-toc-page-1 ez-toc-heading-level-3'><a class=\"ez-toc-link ez-toc-heading-18\" href=\"https:\/\/loudavymkrokem.cz\/fr\/strasbourg-france-visiter\/#14_Le_Parc_de_lOrangerie\" >14. Le Parc de l&rsquo;Orangerie<\/a><\/li><li class='ez-toc-page-1 ez-toc-heading-level-3'><a class=\"ez-toc-link ez-toc-heading-19\" href=\"https:\/\/loudavymkrokem.cz\/fr\/strasbourg-france-visiter\/#15_Le_Parc_de_lEtoile\" >15. Le Parc de l&rsquo;\u00c9toile<\/a><\/li><li class='ez-toc-page-1 ez-toc-heading-level-3'><a class=\"ez-toc-link ez-toc-heading-20\" href=\"https:\/\/loudavymkrokem.cz\/fr\/strasbourg-france-visiter\/#16_Le_Palais_Rohan\" >16. Le Palais Rohan<\/a><\/li><li class='ez-toc-page-1 ez-toc-heading-level-3'><a class=\"ez-toc-link ez-toc-heading-21\" href=\"https:\/\/loudavymkrokem.cz\/fr\/strasbourg-france-visiter\/#17_Le_Musee_dArt_moderne_et_contemporain_de_Strasbourg_MAMCS\" >17. Le Mus\u00e9e d&rsquo;Art moderne et contemporain de Strasbourg (MAMCS)<\/a><\/li><li class='ez-toc-page-1 ez-toc-heading-level-3'><a class=\"ez-toc-link ez-toc-heading-22\" href=\"https:\/\/loudavymkrokem.cz\/fr\/strasbourg-france-visiter\/#18_Le_Musee_Alsacien\" >18. Le Mus\u00e9e Alsacien<\/a><\/li><\/ul><\/li><li class='ez-toc-page-1 ez-toc-heading-level-2'><a class=\"ez-toc-link ez-toc-heading-23\" href=\"https:\/\/loudavymkrokem.cz\/fr\/strasbourg-france-visiter\/#Ou_aller_depuis_Strasbourg\" >O\u00f9 aller depuis Strasbourg<\/a><\/li><li class='ez-toc-page-1 ez-toc-heading-level-2'><a class=\"ez-toc-link ez-toc-heading-24\" href=\"https:\/\/loudavymkrokem.cz\/fr\/strasbourg-france-visiter\/#Questions_frequentes\" >Questions fr\u00e9quentes<\/a><ul class='ez-toc-list-level-3' ><li class='ez-toc-heading-level-3'><a class=\"ez-toc-link ez-toc-heading-25\" href=\"https:\/\/loudavymkrokem.cz\/fr\/strasbourg-france-visiter\/#Quand_ont_lieu_les_marches_de_Noel_en_2026\" >Quand ont lieu les march\u00e9s de No\u00ebl en 2026 ?<\/a><\/li><li class='ez-toc-page-1 ez-toc-heading-level-3'><a class=\"ez-toc-link ez-toc-heading-26\" href=\"https:\/\/loudavymkrokem.cz\/fr\/strasbourg-france-visiter\/#Comment_fonctionne_le_systeme_de_stationnement_Park_and_Ride\" >Comment fonctionne le syst\u00e8me de stationnement Park and Ride ?<\/a><\/li><li class='ez-toc-page-1 ez-toc-heading-level-3'><a class=\"ez-toc-link ez-toc-heading-27\" href=\"https:\/\/loudavymkrokem.cz\/fr\/strasbourg-france-visiter\/#Combien_de_jours_prevoir_pour_visiter_la_ville\" >Combien de jours pr\u00e9voir pour visiter la ville ?<\/a><\/li><li class='ez-toc-page-1 ez-toc-heading-level-3'><a class=\"ez-toc-link ez-toc-heading-28\" href=\"https:\/\/loudavymkrokem.cz\/fr\/strasbourg-france-visiter\/#Les_visites_du_Parlement_europeen_sont-elles_payantes\" >Les visites du Parlement europ\u00e9en sont-elles payantes ?<\/a><\/li><li class='ez-toc-page-1 ez-toc-heading-level-3'><a class=\"ez-toc-link ez-toc-heading-29\" href=\"https:\/\/loudavymkrokem.cz\/fr\/strasbourg-france-visiter\/#Quel_est_le_meilleur_moyen_de_se_deplacer_dans_le_centre-ville\" >Quel est le meilleur moyen de se d\u00e9placer dans le centre-ville ?<\/a><\/li><li class='ez-toc-page-1 ez-toc-heading-level-3'><a class=\"ez-toc-link ez-toc-heading-30\" href=\"https:\/\/loudavymkrokem.cz\/fr\/strasbourg-france-visiter\/#Strasbourg_est-elle_une_ville_chere\" >Strasbourg est-elle une ville ch\u00e8re ?<\/a><\/li><li class='ez-toc-page-1 ez-toc-heading-level-3'><a class=\"ez-toc-link ez-toc-heading-31\" href=\"https:\/\/loudavymkrokem.cz\/fr\/strasbourg-france-visiter\/#La_ville_convient-elle_aux_vegetariens\" >La ville convient-elle aux v\u00e9g\u00e9tariens ?<\/a><\/li><li class='ez-toc-page-1 ez-toc-heading-level-3'><a class=\"ez-toc-link ez-toc-heading-32\" href=\"https:\/\/loudavymkrokem.cz\/fr\/strasbourg-france-visiter\/#Quels_sont_les_meilleurs_endroits_pour_prendre_des_photos\" >Quels sont les meilleurs endroits pour prendre des photos ?<\/a><\/li><\/ul><\/li><\/ul><\/nav><\/div>\n<h3 class=\"wp-block-heading\"><span class=\"ez-toc-section\" id=\"Resume_pour_ceux_qui_nont_pas_le_temps_de_tout_lire\"><\/span>R\u00e9sum\u00e9 pour ceux qui n&rsquo;ont pas le temps de tout lire<span class=\"ez-toc-section-end\"><\/span><\/h3>\n\n\n\n<ul class=\"wp-block-list\">\n\n<li><strong>Monument le plus visit\u00e9 :<\/strong> la <a href=\"https:\/\/www.cathedrale-strasbourg.fr\/\" target=\"_blank\" rel=\"nofollow noopener\">Cath\u00e9drale Notre-Dame de Strasbourg<\/a> avec sa c\u00e9l\u00e8bre horloge astronomique du XVI\u1d49 si\u00e8cle.<\/li>\n\n\n\n<li><strong>Lieux les plus photographi\u00e9s :<\/strong> le pittoresque quartier de la Petite France avec ses maisons \u00e0 colombages et ses canaux.<\/li>\n\n\n\n<li><strong>Meilleur point de vue gratuit :<\/strong> la terrasse du barrage historique Barrage Vauban, d&rsquo;o\u00f9 tu prendras les plus belles photos.<\/li>\n\n\n\n<li><strong>Exp\u00e9rience unique :<\/strong> la visite gratuite du Parlement europ\u00e9en et du centre interactif Parlamentarium Simone Veil.<\/li>\n\n\n\n<li><strong>Se d\u00e9placer en ville :<\/strong> le centre est plut\u00f4t hostile aux voitures, donc le mieux est d&rsquo;utiliser le syst\u00e8me de parkings relais Park and Ride combin\u00e9 au tramway.<\/li>\n\n\n\n<li><strong>Quand y aller :<\/strong> pour le meilleur rapport prix\/m\u00e9t\u00e9o, je te recommande mai, juin ou septembre, tandis que pour les tarifs d&rsquo;h\u00f4tel les plus bas, janvier est id\u00e9al.<\/li>\n\n\n\n<li><strong>Patrimoine mondial :<\/strong> tout le quartier historique de la Grande \u00cele, ainsi que la Neustadt allemande plus r\u00e9cente, sont inscrits sur la liste de l&rsquo;UNESCO.<\/li>\n\n\n<\/ul>\n\n\n\n<h2 class=\"wp-block-heading\"><span class=\"ez-toc-section\" id=\"Quand_partir_a_Strasbourg\"><\/span>Quand partir \u00e0 Strasbourg<span class=\"ez-toc-section-end\"><\/span><\/h2>\n\n\n\n<p class=\"wp-block-paragraph\">Bien choisir sa date est absolument crucial pour cette ville, car <strong>la saisonnalit\u00e9 fait \u00e9norm\u00e9ment varier les prix des h\u00e9bergements<\/strong>. Si tu pars en d\u00e9cembre pendant le c\u00e9l\u00e8bre march\u00e9 de No\u00ebl, pr\u00e9pare-toi : les h\u00f4tels du centre peuvent co\u00fbter jusqu&rsquo;\u00e0 trois fois leur tarif habituel d&rsquo;\u00e9t\u00e9. \u00c0 l&rsquo;inverse, en janvier ou en f\u00e9vrier, tu d\u00e9couvriras une ville totalement d\u00e9pourvue de foule et <strong>avec un peu de chance, tu d\u00e9nicheras une chambre luxueuse pour une fraction du prix hivernal<\/strong>. Les mois de printemps et d&rsquo;automne repr\u00e9sentent quant \u00e0 eux le compromis id\u00e9al pour ceux qui veulent \u00e9conomiser tout en profitant d&rsquo;une belle m\u00e9t\u00e9o.<\/p>\n\n\n\n<p class=\"wp-block-paragraph\">La m\u00e9t\u00e9o la plus agr\u00e9able pour de longues promenades le long des canaux t&rsquo;attend <strong>en mai, juin et septembre<\/strong>, quand les temp\u00e9ratures sont tr\u00e8s douces et les journ\u00e9es suffisamment longues. En \u00e9t\u00e9, il peut faire assez chaud dans le centre de pierre, mais gr\u00e2ce \u00e0 l&rsquo;eau omnipr\u00e9sente et aux vastes parcs, cela reste tout \u00e0 fait supportable. Si un temps un peu plus maussade ne te d\u00e9range pas, <strong>le d\u00e9but du printemps r\u00e9v\u00e8le la ville dans une ambiance joliment m\u00e9lancolique<\/strong>, quand les caf\u00e9s locaux se r\u00e9veillent doucement et que les rues n&rsquo;appartiennent qu&rsquo;aux habitants.<\/p>\n\n\n\n<p class=\"wp-block-paragraph\">En 2026, le c\u00e9l\u00e8bre march\u00e9 de No\u00ebl se tient du vendredi 27 novembre au dimanche 27 d\u00e9cembre. Il s&rsquo;\u00e9tend sur onze lieux diff\u00e9rents \u00e0 travers tout le quartier historique de la Grande \u00cele, les plus connus se trouvant sur la Place Broglie, la Place de la Cath\u00e9drale ou dans les ruelles de la Petite France. Si cette p\u00e9riode magique t&rsquo;int\u00e9resse en priorit\u00e9 et qu&rsquo;un budget nettement plus \u00e9lev\u00e9 ne te fait pas peur, <strong>lis absolument notre article d\u00e9di\u00e9 <a href=\"https:\/\/loudavymkrokem.cz\/fr\/marches-noel-strasbourg-dates\/\">March\u00e9 de No\u00ebl de Strasbourg<\/a><\/strong>, o\u00f9 tu trouveras une carte d\u00e9taill\u00e9e des lieux, les coutumes locales et des conseils concrets sur les gourmandises traditionnelles.<\/p>\n\n\n\n<h2 class=\"wp-block-heading\"><span class=\"ez-toc-section\" id=\"Ou_loger_a_Strasbourg\"><\/span>O\u00f9 loger \u00e0 Strasbourg<span class=\"ez-toc-section-end\"><\/span><\/h2>\n\n\n\n<p class=\"wp-block-paragraph\">Bien choisir l&#8217;emplacement de ton h\u00e9bergement te fera gagner beaucoup de temps et d&rsquo;argent en transports. Le plus charmant, mais logiquement aussi le plus cher, c&rsquo;est <strong>le quartier historique de la Grande \u00cele et sa partie de la Petite France<\/strong>, o\u00f9 tu auras tous les monuments principaux \u00e0 quelques pas de ton lit. Si tu cherches quelque chose de nettement plus calme et plus abordable, <strong>je te recommande de regarder du c\u00f4t\u00e9 du quartier de la Neustadt<\/strong>, qui offre une architecture magnifique et te permet de rejoindre le c\u0153ur du centre par une agr\u00e9able promenade de moins de dix minutes.<\/p>\n\n\n\n<p class=\"wp-block-paragraph\">Ne r\u00e9serve surtout pas ta chambre \u00e0 la derni\u00e8re minute et <strong>je te conseille toujours de passer par des plateformes fiables comme <a class=\"thirstylink\" rel=\"nofollow\" target=\"_blank\" title=\"Booking.com\" href=\"https:\/\/loudavymkrokem.cz\/doporucujeme\/booking-com\/\" data-shortcode=\"true\">Booking<\/a><\/strong>, o\u00f9 tu auras la meilleure vue d&rsquo;ensemble des prix actuels. Pendant l&rsquo;Avent en particulier, la plupart des capacit\u00e9s sont r\u00e9serv\u00e9es six mois \u00e0 l&rsquo;avance. En me basant sur les avis d&rsquo;autres voyageurs et une lecture attentive de Booking, j&rsquo;ai s\u00e9lectionn\u00e9 pour toi quelques h\u00f4tels au excellent rapport qualit\u00e9-prix :<\/p>\n\n\n\n<p class=\"wp-block-paragraph\"><strong>L&rsquo;H\u00f4tel Cour du Corbeau Strasbourg \u2013 MGallery<\/strong> est un v\u00e9ritable joyau architectural et l&rsquo;un des plus beaux endroits o\u00f9 dormir dans toute la ville. Install\u00e9 dans une splendide maison historique restaur\u00e9e avec ses galeries de bois du XVI\u1d49 si\u00e8cle, il <strong>offre une atmosph\u00e8re romantique inoubliable<\/strong> directement au bord d&rsquo;un canal. Les clients rapportent avec enthousiasme des petits-d\u00e9jeuners d&rsquo;une richesse presque coupable et un calme \u00e9tonnant, alors m\u00eame que la cath\u00e9drale est \u00e0 cinq minutes \u00e0 pied.<\/p>\n\n\n\n<p class=\"wp-block-paragraph\">Si tu pr\u00e9f\u00e8res un design plus moderne et des lignes \u00e9pur\u00e9es, <strong>l&rsquo;H\u00f4tel L\u00c9ONOR the place to live<\/strong> a quelque chose de sp\u00e9cial. Il propose un int\u00e9rieur moderne dans un b\u00e2timent historique tout pr\u00e8s de la Place Broglie, et surtout une magnifique cour int\u00e9rieure o\u00f9 tu pourras savourer un verre de vin d&rsquo;Alsace apr\u00e8s une journ\u00e9e de marche.<\/p>\n\n\n\n<p class=\"wp-block-paragraph\">Pour les voyageurs au budget un peu plus serr\u00e9, l&rsquo;<strong>H\u00f4tel Gutenberg<\/strong> est un excellent choix : il occupe un emplacement absolument strat\u00e9gique \u00e0 deux pas de la principale zone pi\u00e9tonne. Les chambres sont certes un peu plus petites, mais elles <strong>se distinguent par une propret\u00e9 parfaite et des lits tr\u00e8s confortables<\/strong>. Autre grand atout selon les clients : un personnel extr\u00eamement serviable qui t&rsquo;aidera volontiers \u00e0 t&rsquo;orienter en ville et te recommandera les meilleures boulangeries du coin. Si tu veux explorer davantage d&rsquo;options \u00e0 diff\u00e9rents niveaux de prix, jette un \u0153il \u00e0 notre article d\u00e9taill\u00e9 <a href=\"https:\/\/loudavymkrokem.cz\/kde-bydlet-ve-strasburku\/\">O\u00f9 loger \u00e0 Strasbourg<\/a>.<\/p>\n\n\n\n<p class=\"wp-block-paragraph\"><em>\ud83d\udca1 <a href=\"https:\/\/www.stay22.com\/allez\/roam?aid=lukaskonecny&#038;campaign=loudavymkrokemcz&#038;campaign=co-videt-ve-strasburku&#038;address=%C5%A0trasburk%2C%20Francie\" target=\"_blank\" rel=\"nofollow noopener sponsored\">Sur cette carte, tu compares ce qui est disponible en ce moment<\/a> \u2014 tu verras tout de suite \u00e0 quel point l&rsquo;h\u00e9bergement revient moins cher \u00e0 quelques arr\u00eats du centre.<\/em><\/p>\n\n<h2 class=\"wp-block-heading\"><span class=\"ez-toc-section\" id=\"18_choses_a_voir_et_a_faire_a_Strasbourg\"><\/span>18 choses \u00e0 voir et \u00e0 faire \u00e0 Strasbourg<span class=\"ez-toc-section-end\"><\/span><\/h2>\n\n\n\n<p class=\"wp-block-paragraph\">Que tu ne consacres qu&rsquo;un week-end \u00e0 la ville ou une semaine enti\u00e8re, tu ne t&rsquo;ennuieras certainement pas. J&rsquo;ai pr\u00e9par\u00e9 pour toi une <strong>liste de dix-huit lieux et exp\u00e9riences<\/strong> \u00e0 ne surtout pas manquer lorsque tu planifieras ton itin\u00e9raire. J&rsquo;y ai inclus aussi bien les monuments embl\u00e9matiques les plus connus que quelques recoins plus tranquilles.<\/p>\n\n\n\n<figure data-wp-context=\"{&quot;imageId&quot;:&quot;6a9c6fcbd86b0&quot;}\" data-wp-interactive=\"core\/image\" data-wp-key=\"6a9c6fcbd86b0\" class=\"wp-block-image size-full wp-lightbox-container\"><img decoding=\"async\" width=\"1600\" height=\"2133\" data-wp-class--hide=\"state.isContentHidden\" data-wp-class--show=\"state.isContentVisible\" data-wp-init=\"callbacks.setButtonStyles\" data-wp-on--click=\"actions.showLightbox\" data-wp-on--load=\"callbacks.setButtonStyles\" data-wp-on--pointerdown=\"actions.preloadImage\" data-wp-on--pointerenter=\"actions.preloadImageWithDelay\" data-wp-on--pointerleave=\"actions.cancelPreload\" data-wp-on-window--resize=\"callbacks.setButtonStyles\" src=\"https:\/\/loudavymkrokem.cz\/wp-content\/uploads\/2026\/09\/cath-drale-notre-dame-de-strasbourg.jpg\" alt=\"Cath\u00e9drale Notre-Dame de Strasbourg\" class=\"wp-image-413168\" title=\"\" srcset=\"https:\/\/loudavymkrokem.cz\/wp-content\/uploads\/2026\/09\/cath-drale-notre-dame-de-strasbourg.jpg 1600w, https:\/\/loudavymkrokem.cz\/wp-content\/uploads\/2026\/09\/cath-drale-notre-dame-de-strasbourg-225x300.jpg 225w, https:\/\/loudavymkrokem.cz\/wp-content\/uploads\/2026\/09\/cath-drale-notre-dame-de-strasbourg-700x933.jpg 700w, https:\/\/loudavymkrokem.cz\/wp-content\/uploads\/2026\/09\/cath-drale-notre-dame-de-strasbourg-768x1024.jpg 768w, https:\/\/loudavymkrokem.cz\/wp-content\/uploads\/2026\/09\/cath-drale-notre-dame-de-strasbourg-1152x1536.jpg 1152w, https:\/\/loudavymkrokem.cz\/wp-content\/uploads\/2026\/09\/cath-drale-notre-dame-de-strasbourg-1536x2048.jpg 1536w, https:\/\/loudavymkrokem.cz\/wp-content\/uploads\/2026\/09\/cath-drale-notre-dame-de-strasbourg-696x928.jpg 696w, https:\/\/loudavymkrokem.cz\/wp-content\/uploads\/2026\/09\/cath-drale-notre-dame-de-strasbourg-1392x1856.jpg 1392w\" sizes=\"(max-width: 1600px) 100vw, 1600px\" \/><button\n\t\t\tclass=\"lightbox-trigger\"\n\t\t\ttype=\"button\"\n\t\t\taria-haspopup=\"dialog\"\n\t\t\tdata-wp-bind--aria-label=\"state.thisImage.triggerButtonAriaLabel\"\n\t\t\tdata-wp-init=\"callbacks.initTriggerButton\"\n\t\t\tdata-wp-on--click=\"actions.showLightbox\"\n\t\t\tdata-wp-style--right=\"state.thisImage.buttonRight\"\n\t\t\tdata-wp-style--top=\"state.thisImage.buttonTop\"\n\t\t>\n\t\t\t<svg xmlns=\"http:\/\/www.w3.org\/2000\/svg\" width=\"12\" height=\"12\" fill=\"none\" viewBox=\"0 0 12 12\">\n\t\t\t\t<path fill=\"#fff\" d=\"M2 0a2 2 0 0 0-2 2v2h1.5V2a.5.5 0 0 1 .5-.5h2V0H2Zm2 10.5H2a.5.5 0 0 1-.5-.5V8H0v2a2 2 0 0 0 2 2h2v-1.5ZM8 12v-1.5h2a.5.5 0 0 0 .5-.5V8H12v2a2 2 0 0 1-2 2H8Zm2-12a2 2 0 0 1 2 2v2h-1.5V2a.5.5 0 0 0-.5-.5H8V0h2Z\" \/>\n\t\t\t<\/svg>\n\t\t<\/button><figcaption class=\"wp-element-caption\">Foto: Dorien Van Der Werf \/ Google Maps<\/figcaption><\/figure>\n\n\n\n<h3 class=\"wp-block-heading\"><span class=\"ez-toc-section\" id=\"1_Cathedrale_Notre-Dame_de_Strasbourg\"><\/span>1. Cath\u00e9drale Notre-Dame de Strasbourg<span class=\"ez-toc-section-end\"><\/span><\/h3>\n\n\n\n<p class=\"wp-block-paragraph\">Cette cath\u00e9drale gothique monumentale du XIII\u1d49 si\u00e8cle est \u00e0 juste titre <strong>le lieu le plus visit\u00e9 de toute la ville<\/strong>. Quand tu te tiens pour la premi\u00e8re fois devant elle sur la petite place, son immense fa\u00e7ade en gr\u00e8s rose des Vosges te coupe litt\u00e9ralement le souffle. Ce qui fascine le plus dans l&rsquo;\u00e9difice, c&rsquo;est son asym\u00e9trie : la seconde tour n&rsquo;a jamais \u00e9t\u00e9 achev\u00e9e, ce qui a donn\u00e9 \u00e0 la cath\u00e9drale son allure absolument reconnaissable entre toutes. Sa construction a dur\u00e9 plusieurs si\u00e8cles et sur chaque centim\u00e8tre de pierre transpara\u00eet l&rsquo;incroyable pr\u00e9cision des ma\u00eetres de l&rsquo;\u00e9poque.<\/p>\n\n\n\n<p class=\"wp-block-paragraph\">\u00c0 l&rsquo;int\u00e9rieur t&rsquo;attend un immense espace \u00e9clair\u00e9 par de superbes vitraux, parmi lesquels <strong>l&rsquo;immense rosace au-dessus de l&rsquo;entr\u00e9e principale compte parmi les plus belles de toute l&rsquo;Europe<\/strong>. L&rsquo;entr\u00e9e dans la nef principale est gratuite, mais pr\u00e9pare-toi : il y a souvent une file \u00e0 l&rsquo;entr\u00e9e \u00e0 cause des contr\u00f4les de s\u00e9curit\u00e9. La file avance heureusement assez vite, alors ne te laisse pas d\u00e9courager. L&rsquo;int\u00e9rieur en lui-m\u00eame est incroyablement majestueux et cela vaut vraiment la peine de le parcourir tranquillement, sans se presser.<\/p>\n\n\n\n<p class=\"wp-block-paragraph\">\ud83d\udca1 Astuce : le meilleur moment pour photographier l&rsquo;ext\u00e9rieur est <strong>en fin d&rsquo;apr\u00e8s-midi ou en d\u00e9but de soir\u00e9e<\/strong>, quand le soleil couchant illumine magnifiquement le gr\u00e8s rose et que tout l&rsquo;\u00e9difice prend une superbe teinte chaude. La place autour de la cath\u00e9drale est en plus bord\u00e9e de maisons historiques qui composent un d\u00e9cor parfaitement photog\u00e9nique. Tu peux t&rsquo;installer dans l&rsquo;un des caf\u00e9s voisins et observer tranquillement la m\u00e9tamorphose des couleurs de la pierre.<\/p>\n\n\n\n<figure data-wp-context=\"{&quot;imageId&quot;:&quot;6a9c6fcbd8cfb&quot;}\" data-wp-interactive=\"core\/image\" data-wp-key=\"6a9c6fcbd8cfb\" class=\"wp-block-image size-full wp-lightbox-container\"><img decoding=\"async\" width=\"1171\" height=\"1560\" data-wp-class--hide=\"state.isContentHidden\" data-wp-class--show=\"state.isContentVisible\" data-wp-init=\"callbacks.setButtonStyles\" data-wp-on--click=\"actions.showLightbox\" data-wp-on--load=\"callbacks.setButtonStyles\" data-wp-on--pointerdown=\"actions.preloadImage\" data-wp-on--pointerenter=\"actions.preloadImageWithDelay\" data-wp-on--pointerleave=\"actions.cancelPreload\" data-wp-on-window--resize=\"callbacks.setButtonStyles\" src=\"https:\/\/loudavymkrokem.cz\/wp-content\/uploads\/2026\/09\/astronomick-hodiny-ze-estn-ct-ho-stolet.jpg\" alt=\"Horloge astronomique du XVIe si\u00e8cle\" class=\"wp-image-413172\" title=\"\" srcset=\"https:\/\/loudavymkrokem.cz\/wp-content\/uploads\/2026\/09\/astronomick-hodiny-ze-estn-ct-ho-stolet.jpg 1171w, https:\/\/loudavymkrokem.cz\/wp-content\/uploads\/2026\/09\/astronomick-hodiny-ze-estn-ct-ho-stolet-225x300.jpg 225w, https:\/\/loudavymkrokem.cz\/wp-content\/uploads\/2026\/09\/astronomick-hodiny-ze-estn-ct-ho-stolet-700x933.jpg 700w, https:\/\/loudavymkrokem.cz\/wp-content\/uploads\/2026\/09\/astronomick-hodiny-ze-estn-ct-ho-stolet-768x1023.jpg 768w, https:\/\/loudavymkrokem.cz\/wp-content\/uploads\/2026\/09\/astronomick-hodiny-ze-estn-ct-ho-stolet-1153x1536.jpg 1153w, https:\/\/loudavymkrokem.cz\/wp-content\/uploads\/2026\/09\/astronomick-hodiny-ze-estn-ct-ho-stolet-696x927.jpg 696w\" sizes=\"(max-width: 1171px) 100vw, 1171px\" \/><button\n\t\t\tclass=\"lightbox-trigger\"\n\t\t\ttype=\"button\"\n\t\t\taria-haspopup=\"dialog\"\n\t\t\tdata-wp-bind--aria-label=\"state.thisImage.triggerButtonAriaLabel\"\n\t\t\tdata-wp-init=\"callbacks.initTriggerButton\"\n\t\t\tdata-wp-on--click=\"actions.showLightbox\"\n\t\t\tdata-wp-style--right=\"state.thisImage.buttonRight\"\n\t\t\tdata-wp-style--top=\"state.thisImage.buttonTop\"\n\t\t>\n\t\t\t<svg xmlns=\"http:\/\/www.w3.org\/2000\/svg\" width=\"12\" height=\"12\" fill=\"none\" viewBox=\"0 0 12 12\">\n\t\t\t\t<path fill=\"#fff\" d=\"M2 0a2 2 0 0 0-2 2v2h1.5V2a.5.5 0 0 1 .5-.5h2V0H2Zm2 10.5H2a.5.5 0 0 1-.5-.5V8H0v2a2 2 0 0 0 2 2h2v-1.5ZM8 12v-1.5h2a.5.5 0 0 0 .5-.5V8H12v2a2 2 0 0 1-2 2H8Zm2-12a2 2 0 0 1 2 2v2h-1.5V2a.5.5 0 0 0-.5-.5H8V0h2Z\" \/>\n\t\t\t<\/svg>\n\t\t<\/button><figcaption class=\"wp-element-caption\">Foto: H \/ Google Maps<\/figcaption><\/figure>\n\n\n\n<h3 class=\"wp-block-heading\"><span class=\"ez-toc-section\" id=\"2_Lhorloge_astronomique_du_XVI%E1%B5%89_siecle\"><\/span>2. L&rsquo;horloge astronomique du XVI\u1d49 si\u00e8cle<span class=\"ez-toc-section-end\"><\/span><\/h3>\n\n\n\n<p class=\"wp-block-paragraph\">\u00c0 l&rsquo;int\u00e9rieur m\u00eame de la cath\u00e9drale se cache une merveille technique et artistique : <strong>l&rsquo;horloge astronomique de la Renaissance<\/strong>. Ce m\u00e9canisme complexe date du XVI\u1d49 si\u00e8cle et indique non seulement l&rsquo;heure exacte, mais aussi la position du soleil et de la lune, ou encore le signe du zodiaque en cours. Les d\u00e9tails et la pr\u00e9cision du travail de sculpture sur le bo\u00eetier lui-m\u00eame sont incroyables de pr\u00e8s et t\u00e9moignent de l&rsquo;immense talent des math\u00e9maticiens et artisans de l&rsquo;\u00e9poque.<\/p>\n\n\n\n<p class=\"wp-block-paragraph\">Le spectacle principal a lieu chaque jour pr\u00e9cis\u00e9ment \u00e0 midi et demi, quand <strong>se d\u00e9clenche un d\u00e9fil\u00e9 complexe de figures mobiles<\/strong>. Tu verras les ap\u00f4tres d\u00e9filer devant le Christ et les diff\u00e9rentes \u00e9tapes de la vie humaine, de l&rsquo;enfance \u00e0 la mort, qui mesurent symboliquement l&rsquo;\u00e9coulement du temps. Ce spectacle de midi tr\u00e8s pris\u00e9 donne lieu \u00e0 un petit droit d&rsquo;entr\u00e9e et les billets se vendent au portail sud ; mieux vaut arriver en avance pour avoir ne serait-ce qu&rsquo;une vue correcte.<\/p>\n\n\n\n<p class=\"wp-block-paragraph\">M\u00eame si tu manques le spectacle de midi, l&rsquo;horloge vaut la visite \u00e0 tout moment. De petits mouvements des figures se produisent tous les quarts d&rsquo;heure et l&rsquo;ensemble du m\u00e9canisme est en plus joliment \u00e9clair\u00e9, alors tu ne rateras certainement pas l&rsquo;exp\u00e9rience.<\/p>\n\n\n\n<figure data-wp-context=\"{&quot;imageId&quot;:&quot;6a9c6fcbd9600&quot;}\" data-wp-interactive=\"core\/image\" data-wp-key=\"6a9c6fcbd9600\" class=\"wp-block-image size-full wp-lightbox-container\"><img decoding=\"async\" width=\"1080\" height=\"1397\" data-wp-class--hide=\"state.isContentHidden\" data-wp-class--show=\"state.isContentVisible\" data-wp-init=\"callbacks.setButtonStyles\" data-wp-on--click=\"actions.showLightbox\" data-wp-on--load=\"callbacks.setButtonStyles\" data-wp-on--pointerdown=\"actions.preloadImage\" data-wp-on--pointerenter=\"actions.preloadImageWithDelay\" data-wp-on--pointerleave=\"actions.cancelPreload\" data-wp-on-window--resize=\"callbacks.setButtonStyles\" src=\"https:\/\/loudavymkrokem.cz\/wp-content\/uploads\/2026\/09\/swap-412754-3-f43292b7.jpg\" alt=\"Vue depuis la plateforme de la cath\u00e9drale de Strasbourg\" class=\"wp-image-413447\" title=\"\" srcset=\"https:\/\/loudavymkrokem.cz\/wp-content\/uploads\/2026\/09\/swap-412754-3-f43292b7.jpg 1080w, https:\/\/loudavymkrokem.cz\/wp-content\/uploads\/2026\/09\/swap-412754-3-f43292b7-232x300.jpg 232w, https:\/\/loudavymkrokem.cz\/wp-content\/uploads\/2026\/09\/swap-412754-3-f43292b7-700x905.jpg 700w, https:\/\/loudavymkrokem.cz\/wp-content\/uploads\/2026\/09\/swap-412754-3-f43292b7-768x993.jpg 768w, https:\/\/loudavymkrokem.cz\/wp-content\/uploads\/2026\/09\/swap-412754-3-f43292b7-696x900.jpg 696w\" sizes=\"(max-width: 1080px) 100vw, 1080px\" \/><button\n\t\t\tclass=\"lightbox-trigger\"\n\t\t\ttype=\"button\"\n\t\t\taria-haspopup=\"dialog\"\n\t\t\tdata-wp-bind--aria-label=\"state.thisImage.triggerButtonAriaLabel\"\n\t\t\tdata-wp-init=\"callbacks.initTriggerButton\"\n\t\t\tdata-wp-on--click=\"actions.showLightbox\"\n\t\t\tdata-wp-style--right=\"state.thisImage.buttonRight\"\n\t\t\tdata-wp-style--top=\"state.thisImage.buttonTop\"\n\t\t>\n\t\t\t<svg xmlns=\"http:\/\/www.w3.org\/2000\/svg\" width=\"12\" height=\"12\" fill=\"none\" viewBox=\"0 0 12 12\">\n\t\t\t\t<path fill=\"#fff\" d=\"M2 0a2 2 0 0 0-2 2v2h1.5V2a.5.5 0 0 1 .5-.5h2V0H2Zm2 10.5H2a.5.5 0 0 1-.5-.5V8H0v2a2 2 0 0 0 2 2h2v-1.5ZM8 12v-1.5h2a.5.5 0 0 0 .5-.5V8H12v2a2 2 0 0 1-2 2H8Zm2-12a2 2 0 0 1 2 2v2h-1.5V2a.5.5 0 0 0-.5-.5H8V0h2Z\" \/>\n\t\t\t<\/svg>\n\t\t<\/button><figcaption class=\"wp-element-caption\">Foto: Lydia Bogdanovic \/ Google Maps<\/figcaption><\/figure>\n\n\n\n<h3 class=\"wp-block-heading\"><span class=\"ez-toc-section\" id=\"3_La_montee_a_la_plateforme_panoramique_de_la_cathedrale\"><\/span>3. La mont\u00e9e \u00e0 la plateforme panoramique de la cath\u00e9drale<span class=\"ez-toc-section-end\"><\/span><\/h3>\n\n\n\n<p class=\"wp-block-paragraph\">Si tu ne souffres pas de vertige et que tu as une condition physique au moins correcte, <strong>tu ne dois surtout pas manquer la mont\u00e9e \u00e0 la plateforme panoramique<\/strong>. Elle se trouve \u00e0 une hauteur respectable de soixante-six m\u00e8tres et 332 marches en colima\u00e7on, plut\u00f4t \u00e9troites, y m\u00e8nent. Tu ach\u00e8tes les billets dans une petite maison \u00e0 droite de l&rsquo;entr\u00e9e principale ; on ne laisse monter qu&rsquo;un nombre limit\u00e9 de personnes \u00e0 la fois, alors ne crains pas une courte attente.<\/p>\n\n\n\n<p class=\"wp-block-paragraph\">La r\u00e9compense de ton effort sera <strong>une vue panoramique absolument fantastique sur toute la ville<\/strong>. Tu verras les toits des maisons historiques, le r\u00e9seau enchev\u00eatr\u00e9 des canaux et, par temps clair, tu apercevras jusqu&rsquo;au massif des Vosges du c\u00f4t\u00e9 fran\u00e7ais et la sombre For\u00eat-Noire du c\u00f4t\u00e9 allemand. C&rsquo;est la meilleure fa\u00e7on de comprendre l&rsquo;agencement g\u00e9n\u00e9ral de la ville et de rep\u00e9rer o\u00f9 se trouvent les quartiers les plus int\u00e9ressants.<\/p>\n\n\n\n<p class=\"wp-block-paragraph\">\ud83d\udca1 Astuce : je d\u00e9conseille vraiment cette mont\u00e9e aux personnes claustrophobes, car <strong>l&rsquo;escalier est par endroits tr\u00e8s \u00e9troit et il n&rsquo;est pas facile d&rsquo;y croiser les autres visiteurs<\/strong>. L\u00e0-haut, la plateforme offre heureusement suffisamment d&rsquo;espace pour se reposer et prendre les plus belles photos en vue plongeante.<\/p>\n\n\n\n<figure data-wp-context=\"{&quot;imageId&quot;:&quot;6a9c6fcbda018&quot;}\" data-wp-interactive=\"core\/image\" data-wp-key=\"6a9c6fcbda018\" class=\"wp-block-image size-full wp-lightbox-container\"><img decoding=\"async\" width=\"1600\" height=\"2133\" data-wp-class--hide=\"state.isContentHidden\" data-wp-class--show=\"state.isContentVisible\" data-wp-init=\"callbacks.setButtonStyles\" data-wp-on--click=\"actions.showLightbox\" data-wp-on--load=\"callbacks.setButtonStyles\" data-wp-on--pointerdown=\"actions.preloadImage\" data-wp-on--pointerenter=\"actions.preloadImageWithDelay\" data-wp-on--pointerleave=\"actions.cancelPreload\" data-wp-on-window--resize=\"callbacks.setButtonStyles\" src=\"https:\/\/loudavymkrokem.cz\/wp-content\/uploads\/2026\/09\/petite-france.jpg\" alt=\"Petite France\" class=\"wp-image-413182\" title=\"\" srcset=\"https:\/\/loudavymkrokem.cz\/wp-content\/uploads\/2026\/09\/petite-france.jpg 1600w, https:\/\/loudavymkrokem.cz\/wp-content\/uploads\/2026\/09\/petite-france-225x300.jpg 225w, https:\/\/loudavymkrokem.cz\/wp-content\/uploads\/2026\/09\/petite-france-700x933.jpg 700w, https:\/\/loudavymkrokem.cz\/wp-content\/uploads\/2026\/09\/petite-france-768x1024.jpg 768w, https:\/\/loudavymkrokem.cz\/wp-content\/uploads\/2026\/09\/petite-france-1152x1536.jpg 1152w, https:\/\/loudavymkrokem.cz\/wp-content\/uploads\/2026\/09\/petite-france-1536x2048.jpg 1536w, https:\/\/loudavymkrokem.cz\/wp-content\/uploads\/2026\/09\/petite-france-696x928.jpg 696w, https:\/\/loudavymkrokem.cz\/wp-content\/uploads\/2026\/09\/petite-france-1392x1856.jpg 1392w\" sizes=\"(max-width: 1600px) 100vw, 1600px\" \/><button\n\t\t\tclass=\"lightbox-trigger\"\n\t\t\ttype=\"button\"\n\t\t\taria-haspopup=\"dialog\"\n\t\t\tdata-wp-bind--aria-label=\"state.thisImage.triggerButtonAriaLabel\"\n\t\t\tdata-wp-init=\"callbacks.initTriggerButton\"\n\t\t\tdata-wp-on--click=\"actions.showLightbox\"\n\t\t\tdata-wp-style--right=\"state.thisImage.buttonRight\"\n\t\t\tdata-wp-style--top=\"state.thisImage.buttonTop\"\n\t\t>\n\t\t\t<svg xmlns=\"http:\/\/www.w3.org\/2000\/svg\" width=\"12\" height=\"12\" fill=\"none\" viewBox=\"0 0 12 12\">\n\t\t\t\t<path fill=\"#fff\" d=\"M2 0a2 2 0 0 0-2 2v2h1.5V2a.5.5 0 0 1 .5-.5h2V0H2Zm2 10.5H2a.5.5 0 0 1-.5-.5V8H0v2a2 2 0 0 0 2 2h2v-1.5ZM8 12v-1.5h2a.5.5 0 0 0 .5-.5V8H12v2a2 2 0 0 1-2 2H8Zm2-12a2 2 0 0 1 2 2v2h-1.5V2a.5.5 0 0 0-.5-.5H8V0h2Z\" \/>\n\t\t\t<\/svg>\n\t\t<\/button><figcaption class=\"wp-element-caption\">Foto: Zulfikar CEKIC \/ Google Maps<\/figcaption><\/figure>\n\n\n\n<h3 class=\"wp-block-heading\"><span class=\"ez-toc-section\" id=\"4_La_Petite_France\"><\/span>4. La Petite France<span class=\"ez-toc-section-end\"><\/span><\/h3>\n\n\n\n<p class=\"wp-block-paragraph\">Le quartier le plus photographi\u00e9 et sans conteste le plus romantique de toute la ville est la fameuse Petite France. Autrefois, y vivaient et travaillaient surtout des tanneurs, des meuniers et des p\u00eacheurs, qui avaient besoin d&rsquo;un acc\u00e8s direct \u00e0 l&rsquo;eau courante pour exercer leur m\u00e9tier exigeant. Aujourd&rsquo;hui, c&rsquo;est <strong>un magnifique r\u00e9seau de canaux \u00e9troits bord\u00e9s de maisons \u00e0 colombages parfaitement conserv\u00e9es<\/strong>, aux toits pentus caract\u00e9ristiques sous lesquels on faisait jadis s\u00e9cher les peaux d&rsquo;animaux.<\/p>\n\n\n\n<p class=\"wp-block-paragraph\">La meilleure fa\u00e7on de profiter de ce quartier historique, c&rsquo;est simplement <strong>de se perdre sans h\u00e2te dans ses ruelles<\/strong>. Tu y croiseras une foule de petites boutiques, de boulangeries artisanales et de caf\u00e9s douillets, o\u00f9 tu peux t&rsquo;arr\u00eater pour un caf\u00e9 et observer les bateaux d&rsquo;excursion passer. En \u00e9t\u00e9, toutes les fen\u00eatres et tous les ponts se couvrent en plus d&rsquo;une profusion de g\u00e9raniums color\u00e9s, ce qui cr\u00e9e un d\u00e9cor absolument f\u00e9erique.<\/p>\n\n\n\n<p class=\"wp-block-paragraph\">M\u00eame s&rsquo;il s&rsquo;agit de la partie la plus fr\u00e9quent\u00e9e de la ville, elle conserve un charme immense. <strong>Essaie d&rsquo;y venir tr\u00e8s t\u00f4t le matin, avant que les rues ne se remplissent de monde<\/strong>, et tu vivras la v\u00e9ritable et paisible ambiance alsacienne, quand les vieilles fa\u00e7ades historiques se refl\u00e8tent sur la surface immobile des canaux.<\/p>\n\n\n\n<figure data-wp-context=\"{&quot;imageId&quot;:&quot;6a9c6fcbda853&quot;}\" data-wp-interactive=\"core\/image\" data-wp-key=\"6a9c6fcbda853\" class=\"wp-block-image size-full wp-lightbox-container\"><img decoding=\"async\" width=\"1600\" height=\"1200\" data-wp-class--hide=\"state.isContentHidden\" data-wp-class--show=\"state.isContentVisible\" data-wp-init=\"callbacks.setButtonStyles\" data-wp-on--click=\"actions.showLightbox\" data-wp-on--load=\"callbacks.setButtonStyles\" data-wp-on--pointerdown=\"actions.preloadImage\" data-wp-on--pointerenter=\"actions.preloadImageWithDelay\" data-wp-on--pointerleave=\"actions.cancelPreload\" data-wp-on-window--resize=\"callbacks.setButtonStyles\" src=\"https:\/\/loudavymkrokem.cz\/wp-content\/uploads\/2026\/09\/ponts-couverts-de-strasbourg.jpg\" alt=\"Ponts Couverts de Strasbourg\" class=\"wp-image-413186\" title=\"\" srcset=\"https:\/\/loudavymkrokem.cz\/wp-content\/uploads\/2026\/09\/ponts-couverts-de-strasbourg.jpg 1600w, https:\/\/loudavymkrokem.cz\/wp-content\/uploads\/2026\/09\/ponts-couverts-de-strasbourg-300x225.jpg 300w, https:\/\/loudavymkrokem.cz\/wp-content\/uploads\/2026\/09\/ponts-couverts-de-strasbourg-700x525.jpg 700w, https:\/\/loudavymkrokem.cz\/wp-content\/uploads\/2026\/09\/ponts-couverts-de-strasbourg-768x576.jpg 768w, https:\/\/loudavymkrokem.cz\/wp-content\/uploads\/2026\/09\/ponts-couverts-de-strasbourg-1536x1152.jpg 1536w, https:\/\/loudavymkrokem.cz\/wp-content\/uploads\/2026\/09\/ponts-couverts-de-strasbourg-80x60.jpg 80w, https:\/\/loudavymkrokem.cz\/wp-content\/uploads\/2026\/09\/ponts-couverts-de-strasbourg-160x120.jpg 160w, https:\/\/loudavymkrokem.cz\/wp-content\/uploads\/2026\/09\/ponts-couverts-de-strasbourg-696x522.jpg 696w, https:\/\/loudavymkrokem.cz\/wp-content\/uploads\/2026\/09\/ponts-couverts-de-strasbourg-1392x1044.jpg 1392w\" sizes=\"(max-width: 1600px) 100vw, 1600px\" \/><button\n\t\t\tclass=\"lightbox-trigger\"\n\t\t\ttype=\"button\"\n\t\t\taria-haspopup=\"dialog\"\n\t\t\tdata-wp-bind--aria-label=\"state.thisImage.triggerButtonAriaLabel\"\n\t\t\tdata-wp-init=\"callbacks.initTriggerButton\"\n\t\t\tdata-wp-on--click=\"actions.showLightbox\"\n\t\t\tdata-wp-style--right=\"state.thisImage.buttonRight\"\n\t\t\tdata-wp-style--top=\"state.thisImage.buttonTop\"\n\t\t>\n\t\t\t<svg xmlns=\"http:\/\/www.w3.org\/2000\/svg\" width=\"12\" height=\"12\" fill=\"none\" viewBox=\"0 0 12 12\">\n\t\t\t\t<path fill=\"#fff\" d=\"M2 0a2 2 0 0 0-2 2v2h1.5V2a.5.5 0 0 1 .5-.5h2V0H2Zm2 10.5H2a.5.5 0 0 1-.5-.5V8H0v2a2 2 0 0 0 2 2h2v-1.5ZM8 12v-1.5h2a.5.5 0 0 0 .5-.5V8H12v2a2 2 0 0 1-2 2H8Zm2-12a2 2 0 0 1 2 2v2h-1.5V2a.5.5 0 0 0-.5-.5H8V0h2Z\" \/>\n\t\t\t<\/svg>\n\t\t<\/button><figcaption class=\"wp-element-caption\">Foto: Lukas PL \/ Google Maps<\/figcaption><\/figure>\n\n\n\n<h3 class=\"wp-block-heading\"><span class=\"ez-toc-section\" id=\"5_Les_Ponts_Couverts_de_Strasbourg\"><\/span>5. Les Ponts Couverts de Strasbourg<span class=\"ez-toc-section-end\"><\/span><\/h3>\n\n\n\n<p class=\"wp-block-paragraph\">Juste \u00e0 la lisi\u00e8re du pittoresque quartier de la Petite France, tu tomberas sur les imposants vestiges des fortifications m\u00e9di\u00e9vales que l&rsquo;on appelle les Ponts Couverts. \u00c0 l&rsquo;origine, il s&rsquo;agissait d&rsquo;un ing\u00e9nieux syst\u00e8me de trois ponts et quatre tours de d\u00e9fense du XIII\u1d49 si\u00e8cle qui <strong>servaient \u00e0 prot\u00e9ger la ville des attaques ennemies par la rivi\u00e8re<\/strong>. Bien que les ponts aient depuis longtemps perdu leurs toits de bois d&rsquo;origine, le nom de ponts couverts leur est rest\u00e9 \u00e0 ce jour, \u00e0 la grande surprise de nombreux touristes.<\/p>\n\n\n\n<p class=\"wp-block-paragraph\">Une promenade sur ces ponts de pierre offre de superbes vues sur l&rsquo;eau et loin dans la vieille ville. <strong>Les quatre puissantes tours carr\u00e9es ont vraiment une allure majestueuse<\/strong> et soulignent parfaitement le caract\u00e8re historique plus rude de cette partie de Strasbourg. L&rsquo;ensemble est en outre mis en lumi\u00e8re de nuit de mani\u00e8re tr\u00e8s \u00e9l\u00e9gante et dramatique, si bien qu&rsquo;une promenade en soir\u00e9e poss\u00e8de son charme absolument inimitable et l\u00e9g\u00e8rement myst\u00e9rieux.<\/p>\n\n\n\n<p class=\"wp-block-paragraph\">En te d\u00e9pla\u00e7ant dans cette zone, tu d\u00e9couvriras plein de jolis recoins et de bancs cach\u00e9s o\u00f9 faire une pause. Les abords des ponts sont joliment envahis de verdure et d&rsquo;arbres imposants, si bien qu&rsquo;en plein \u00e9t\u00e9 chaud, au moins tu ne te grilles pas la cervelle pendant ta pause.<\/p>\n\n\n\n<figure data-wp-context=\"{&quot;imageId&quot;:&quot;6a9c6fcbdaf43&quot;}\" data-wp-interactive=\"core\/image\" data-wp-key=\"6a9c6fcbdaf43\" class=\"wp-block-image size-full wp-lightbox-container\"><img decoding=\"async\" width=\"1600\" height=\"1200\" data-wp-class--hide=\"state.isContentHidden\" data-wp-class--show=\"state.isContentVisible\" data-wp-init=\"callbacks.setButtonStyles\" data-wp-on--click=\"actions.showLightbox\" data-wp-on--load=\"callbacks.setButtonStyles\" data-wp-on--pointerdown=\"actions.preloadImage\" data-wp-on--pointerenter=\"actions.preloadImageWithDelay\" data-wp-on--pointerleave=\"actions.cancelPreload\" data-wp-on-window--resize=\"callbacks.setButtonStyles\" src=\"https:\/\/loudavymkrokem.cz\/wp-content\/uploads\/2026\/09\/barrage-vauban.jpg\" alt=\"Barrage Vauban\" class=\"wp-image-413191\" title=\"\" srcset=\"https:\/\/loudavymkrokem.cz\/wp-content\/uploads\/2026\/09\/barrage-vauban.jpg 1600w, https:\/\/loudavymkrokem.cz\/wp-content\/uploads\/2026\/09\/barrage-vauban-300x225.jpg 300w, https:\/\/loudavymkrokem.cz\/wp-content\/uploads\/2026\/09\/barrage-vauban-700x525.jpg 700w, https:\/\/loudavymkrokem.cz\/wp-content\/uploads\/2026\/09\/barrage-vauban-768x576.jpg 768w, https:\/\/loudavymkrokem.cz\/wp-content\/uploads\/2026\/09\/barrage-vauban-1536x1152.jpg 1536w, https:\/\/loudavymkrokem.cz\/wp-content\/uploads\/2026\/09\/barrage-vauban-80x60.jpg 80w, https:\/\/loudavymkrokem.cz\/wp-content\/uploads\/2026\/09\/barrage-vauban-160x120.jpg 160w, https:\/\/loudavymkrokem.cz\/wp-content\/uploads\/2026\/09\/barrage-vauban-696x522.jpg 696w, https:\/\/loudavymkrokem.cz\/wp-content\/uploads\/2026\/09\/barrage-vauban-1392x1044.jpg 1392w\" sizes=\"(max-width: 1600px) 100vw, 1600px\" \/><button\n\t\t\tclass=\"lightbox-trigger\"\n\t\t\ttype=\"button\"\n\t\t\taria-haspopup=\"dialog\"\n\t\t\tdata-wp-bind--aria-label=\"state.thisImage.triggerButtonAriaLabel\"\n\t\t\tdata-wp-init=\"callbacks.initTriggerButton\"\n\t\t\tdata-wp-on--click=\"actions.showLightbox\"\n\t\t\tdata-wp-style--right=\"state.thisImage.buttonRight\"\n\t\t\tdata-wp-style--top=\"state.thisImage.buttonTop\"\n\t\t>\n\t\t\t<svg xmlns=\"http:\/\/www.w3.org\/2000\/svg\" width=\"12\" height=\"12\" fill=\"none\" viewBox=\"0 0 12 12\">\n\t\t\t\t<path fill=\"#fff\" d=\"M2 0a2 2 0 0 0-2 2v2h1.5V2a.5.5 0 0 1 .5-.5h2V0H2Zm2 10.5H2a.5.5 0 0 1-.5-.5V8H0v2a2 2 0 0 0 2 2h2v-1.5ZM8 12v-1.5h2a.5.5 0 0 0 .5-.5V8H12v2a2 2 0 0 1-2 2H8Zm2-12a2 2 0 0 1 2 2v2h-1.5V2a.5.5 0 0 0-.5-.5H8V0h2Z\" \/>\n\t\t\t<\/svg>\n\t\t<\/button><figcaption class=\"wp-element-caption\">Foto: cyril L. \/ Google Maps<\/figcaption><\/figure>\n\n\n\n<h3 class=\"wp-block-heading\"><span class=\"ez-toc-section\" id=\"6_Le_Barrage_Vauban\"><\/span>6. Le Barrage Vauban<span class=\"ez-toc-section-end\"><\/span><\/h3>\n\n\n\n<p class=\"wp-block-paragraph\">Si tu cherches le tout meilleur endroit pour prendre la photo parfaite de Strasbourg, tu dois te rendre au Barrage Vauban. Cet immense barrage-pont en gr\u00e8s rose a \u00e9t\u00e9 construit au XVII\u1d49 si\u00e8cle d&rsquo;apr\u00e8s les plans du c\u00e9l\u00e8bre ing\u00e9nieur militaire Vauban. <strong>Son objectif principal \u00e9tait, en cas de menace, d&rsquo;inonder la partie sud de la ville<\/strong> pour bloquer l&rsquo;avanc\u00e9e des troupes ennemies vers le c\u0153ur du centre.<\/p>\n\n\n\n<p class=\"wp-block-paragraph\">Aujourd&rsquo;hui, il abrite une galerie de sculptures et de gargouilles sauv\u00e9es de la cath\u00e9drale. C&rsquo;est certes int\u00e9ressant, mais franchement, tu es venu pour le toit. <strong>Sur la vaste terrasse se trouve en effet une plateforme panoramique, dont l&rsquo;acc\u00e8s est enti\u00e8rement gratuit pour tous<\/strong>. C&rsquo;est justement d&rsquo;ici que s&rsquo;ouvre la vue embl\u00e9matique la plus connue sur les tours des Ponts Couverts, le quartier \u00e0 colombages de la Petite France et la majestueuse fl\u00e8che de la cath\u00e9drale en arri\u00e8re-plan.<\/p>\n\n\n\n<p class=\"wp-block-paragraph\">\ud83d\udca1 Astuce : l&rsquo;acc\u00e8s \u00e0 la terrasse panoramique se fait normalement par des escaliers, mais <strong>un ascenseur est \u00e9galement disponible \u00e0 l&rsquo;int\u00e9rieur du b\u00e2timent<\/strong>, si bien que les familles avec poussette ou les voyageurs \u00e0 mobilit\u00e9 r\u00e9duite peuvent monter facilement. La terrasse est ferm\u00e9e la nuit pour des raisons de s\u00e9curit\u00e9, alors v\u00e9rifie \u00e0 l&rsquo;avance les horaires d&rsquo;ouverture en vigueur.<\/p>\n\n\n\n<figure data-wp-context=\"{&quot;imageId&quot;:&quot;6a9c6fcbdb957&quot;}\" data-wp-interactive=\"core\/image\" data-wp-key=\"6a9c6fcbdb957\" class=\"wp-block-image size-full wp-lightbox-container\"><img decoding=\"async\" width=\"1600\" height=\"1200\" data-wp-class--hide=\"state.isContentHidden\" data-wp-class--show=\"state.isContentVisible\" data-wp-init=\"callbacks.setButtonStyles\" data-wp-on--click=\"actions.showLightbox\" data-wp-on--load=\"callbacks.setButtonStyles\" data-wp-on--pointerdown=\"actions.preloadImage\" data-wp-on--pointerenter=\"actions.preloadImageWithDelay\" data-wp-on--pointerleave=\"actions.cancelPreload\" data-wp-on-window--resize=\"callbacks.setButtonStyles\" src=\"https:\/\/loudavymkrokem.cz\/wp-content\/uploads\/2026\/09\/swap-412754-7-b98b2d6c.jpg\" alt=\"Croisi\u00e8re panoramique Batorama \u00e0 Strasbourg\" class=\"wp-image-413433\" title=\"\" srcset=\"https:\/\/loudavymkrokem.cz\/wp-content\/uploads\/2026\/09\/swap-412754-7-b98b2d6c.jpg 1600w, https:\/\/loudavymkrokem.cz\/wp-content\/uploads\/2026\/09\/swap-412754-7-b98b2d6c-300x225.jpg 300w, https:\/\/loudavymkrokem.cz\/wp-content\/uploads\/2026\/09\/swap-412754-7-b98b2d6c-700x525.jpg 700w, https:\/\/loudavymkrokem.cz\/wp-content\/uploads\/2026\/09\/swap-412754-7-b98b2d6c-768x576.jpg 768w, https:\/\/loudavymkrokem.cz\/wp-content\/uploads\/2026\/09\/swap-412754-7-b98b2d6c-1536x1152.jpg 1536w, https:\/\/loudavymkrokem.cz\/wp-content\/uploads\/2026\/09\/swap-412754-7-b98b2d6c-80x60.jpg 80w, https:\/\/loudavymkrokem.cz\/wp-content\/uploads\/2026\/09\/swap-412754-7-b98b2d6c-160x120.jpg 160w, https:\/\/loudavymkrokem.cz\/wp-content\/uploads\/2026\/09\/swap-412754-7-b98b2d6c-696x522.jpg 696w, https:\/\/loudavymkrokem.cz\/wp-content\/uploads\/2026\/09\/swap-412754-7-b98b2d6c-1392x1044.jpg 1392w\" sizes=\"(max-width: 1600px) 100vw, 1600px\" \/><button\n\t\t\tclass=\"lightbox-trigger\"\n\t\t\ttype=\"button\"\n\t\t\taria-haspopup=\"dialog\"\n\t\t\tdata-wp-bind--aria-label=\"state.thisImage.triggerButtonAriaLabel\"\n\t\t\tdata-wp-init=\"callbacks.initTriggerButton\"\n\t\t\tdata-wp-on--click=\"actions.showLightbox\"\n\t\t\tdata-wp-style--right=\"state.thisImage.buttonRight\"\n\t\t\tdata-wp-style--top=\"state.thisImage.buttonTop\"\n\t\t>\n\t\t\t<svg xmlns=\"http:\/\/www.w3.org\/2000\/svg\" width=\"12\" height=\"12\" fill=\"none\" viewBox=\"0 0 12 12\">\n\t\t\t\t<path fill=\"#fff\" d=\"M2 0a2 2 0 0 0-2 2v2h1.5V2a.5.5 0 0 1 .5-.5h2V0H2Zm2 10.5H2a.5.5 0 0 1-.5-.5V8H0v2a2 2 0 0 0 2 2h2v-1.5ZM8 12v-1.5h2a.5.5 0 0 0 .5-.5V8H12v2a2 2 0 0 1-2 2H8Zm2-12a2 2 0 0 1 2 2v2h-1.5V2a.5.5 0 0 0-.5-.5H8V0h2Z\" \/>\n\t\t\t<\/svg>\n\t\t<\/button><figcaption class=\"wp-element-caption\">Foto: Chris Jeffery \/ Google Maps<\/figcaption><\/figure>\n\n\n\n<h3 class=\"wp-block-heading\"><span class=\"ez-toc-section\" id=\"7_La_croisiere_sur_les_canaux_Batorama\"><\/span>7. La croisi\u00e8re sur les canaux Batorama<span class=\"ez-toc-section-end\"><\/span><\/h3>\n\n\n\n<p class=\"wp-block-paragraph\">Si tu veux te faire une id\u00e9e rapide et compl\u00e8te de la ville sous un tout autre angle, la <a href=\"https:\/\/www.batorama.com\/\" target=\"_blank\" rel=\"nofollow noopener\">croisi\u00e8re panoramique en bateau Batorama<\/a> est une chose que tu ne veux simplement pas zapper, surtout quand tu commences \u00e0 avoir mal aux jambes. Tu trouveras l&#8217;embarcad\u00e8re tr\u00e8s facilement, juste \u00e0 c\u00f4t\u00e9 de la cath\u00e9drale, \u00e0 l&rsquo;Embarcad\u00e8re Batorama Cath\u00e9drale, d&rsquo;o\u00f9 les bateaux partent r\u00e9guli\u00e8rement pour un parcours de soixante-dix minutes \u00e0 travers tout le centre historique et le quartier europ\u00e9en plus moderne. C&rsquo;est la meilleure fa\u00e7on de comprendre la ville quand tu as justement mal aux jambes.<\/p>\n\n\n\n<p class=\"wp-block-paragraph\">Pendant la croisi\u00e8re, tu traverses le romantique quartier de la Petite France, o\u00f9 le bateau franchit les d\u00e9nivel\u00e9s gr\u00e2ce \u00e0 d&rsquo;\u00e9troites \u00e9cluses anciennes, un spectacle en soi qui ne s&rsquo;oublie pas. <strong>Tu peux choisir entre des bateaux enti\u00e8rement ouverts et des bateaux vitr\u00e9s<\/strong> ; tu appr\u00e9cieras ces derniers surtout lors des mois plus frais du printemps ou de l&rsquo;automne, car ils sont parfaitement chauff\u00e9s et prot\u00e9g\u00e9s de la pluie. Des audioguides avec commentaires sont \u00e9galement disponibles.<\/p>\n\n\n\n<p class=\"wp-block-paragraph\">\ud83d\udca1 Astuce : surtout en haute saison estivale et pendant les week-ends ensoleill\u00e9s, les billets sont souvent vendus tr\u00e8s vite pour toute la journ\u00e9e. <strong>Je te recommande de r\u00e9server tes billets en ligne suffisamment \u00e0 l&rsquo;avance<\/strong>, pour t&rsquo;\u00e9pargner une attente inutile dans les files et \u00eatre s\u00fbr de monter \u00e0 bord \u00e0 l&rsquo;heure exacte que tu as choisie.<\/p>\n\n\n\n<figure data-wp-context=\"{&quot;imageId&quot;:&quot;6a9c6fcbdc3f6&quot;}\" data-wp-interactive=\"core\/image\" data-wp-key=\"6a9c6fcbdc3f6\" class=\"wp-block-image size-full wp-lightbox-container\"><img decoding=\"async\" width=\"1280\" height=\"960\" data-wp-class--hide=\"state.isContentHidden\" data-wp-class--show=\"state.isContentVisible\" data-wp-init=\"callbacks.setButtonStyles\" data-wp-on--click=\"actions.showLightbox\" data-wp-on--load=\"callbacks.setButtonStyles\" data-wp-on--pointerdown=\"actions.preloadImage\" data-wp-on--pointerenter=\"actions.preloadImageWithDelay\" data-wp-on--pointerleave=\"actions.cancelPreload\" data-wp-on-window--resize=\"callbacks.setButtonStyles\" src=\"https:\/\/loudavymkrokem.cz\/wp-content\/uploads\/2026\/09\/evropsk-parlament.jpg\" alt=\"Parlement europ\u00e9en\" class=\"wp-image-413197\" title=\"\" srcset=\"https:\/\/loudavymkrokem.cz\/wp-content\/uploads\/2026\/09\/evropsk-parlament.jpg 1280w, https:\/\/loudavymkrokem.cz\/wp-content\/uploads\/2026\/09\/evropsk-parlament-300x225.jpg 300w, https:\/\/loudavymkrokem.cz\/wp-content\/uploads\/2026\/09\/evropsk-parlament-700x525.jpg 700w, https:\/\/loudavymkrokem.cz\/wp-content\/uploads\/2026\/09\/evropsk-parlament-768x576.jpg 768w, https:\/\/loudavymkrokem.cz\/wp-content\/uploads\/2026\/09\/evropsk-parlament-80x60.jpg 80w, https:\/\/loudavymkrokem.cz\/wp-content\/uploads\/2026\/09\/evropsk-parlament-160x120.jpg 160w, https:\/\/loudavymkrokem.cz\/wp-content\/uploads\/2026\/09\/evropsk-parlament-696x522.jpg 696w\" sizes=\"(max-width: 1280px) 100vw, 1280px\" \/><button\n\t\t\tclass=\"lightbox-trigger\"\n\t\t\ttype=\"button\"\n\t\t\taria-haspopup=\"dialog\"\n\t\t\tdata-wp-bind--aria-label=\"state.thisImage.triggerButtonAriaLabel\"\n\t\t\tdata-wp-init=\"callbacks.initTriggerButton\"\n\t\t\tdata-wp-on--click=\"actions.showLightbox\"\n\t\t\tdata-wp-style--right=\"state.thisImage.buttonRight\"\n\t\t\tdata-wp-style--top=\"state.thisImage.buttonTop\"\n\t\t>\n\t\t\t<svg xmlns=\"http:\/\/www.w3.org\/2000\/svg\" width=\"12\" height=\"12\" fill=\"none\" viewBox=\"0 0 12 12\">\n\t\t\t\t<path fill=\"#fff\" d=\"M2 0a2 2 0 0 0-2 2v2h1.5V2a.5.5 0 0 1 .5-.5h2V0H2Zm2 10.5H2a.5.5 0 0 1-.5-.5V8H0v2a2 2 0 0 0 2 2h2v-1.5ZM8 12v-1.5h2a.5.5 0 0 0 .5-.5V8H12v2a2 2 0 0 1-2 2H8Zm2-12a2 2 0 0 1 2 2v2h-1.5V2a.5.5 0 0 0-.5-.5H8V0h2Z\" \/>\n\t\t\t<\/svg>\n\t\t<\/button><figcaption class=\"wp-element-caption\">Foto: Ryan Jose Ruiz III \/ Google Maps<\/figcaption><\/figure>\n\n\n\n<h3 class=\"wp-block-heading\"><span class=\"ez-toc-section\" id=\"8_Le_Parlement_europeen\"><\/span>8. Le Parlement europ\u00e9en<span class=\"ez-toc-section-end\"><\/span><\/h3>\n\n\n\n<p class=\"wp-block-paragraph\">Strasbourg est le si\u00e8ge officiel du <a href=\"https:\/\/visiting.europarl.europa.eu\/cs\/\" target=\"_blank\" rel=\"nofollow noopener\">Parlement europ\u00e9en<\/a> et la visite de cet imposant b\u00e2timent moderne ne devrait vraiment pas manquer sur ta liste des curiosit\u00e9s. L&rsquo;immense \u00e9difice de verre au plan circulaire et au toit incurv\u00e9 domine tout le quartier et <strong>offre un fascinant contraste visuel avec le centre historique de la ville<\/strong>. Le plus simple pour t&rsquo;y rendre est de prendre le confortable tramway de la ligne E ; il suffit de descendre \u00e0 l&rsquo;arr\u00eat du m\u00eame nom, Parlement Europ\u00e9en.<\/p>\n\n\n\n<p class=\"wp-block-paragraph\">Le meilleur dans tout \u00e7a, c&rsquo;est que <strong>les visites pour le public sont enti\u00e8rement gratuites<\/strong> ; il suffit de pr\u00e9senter \u00e0 l&rsquo;entr\u00e9e une carte d&rsquo;identit\u00e9 valide ou un passeport. Pendant la visite, tu jetteras un \u0153il directement dans le c\u00e9l\u00e8bre h\u00e9micycle o\u00f9 si\u00e8gent les eurod\u00e9put\u00e9s et o\u00f9 se fa\u00e7onne la l\u00e9gislation europ\u00e9enne importante. L&rsquo;atmosph\u00e8re de cet espace immense et moderne est vraiment impressionnante et tu r\u00e9alises soudain que la bureaucratie de Bruxelles a aussi son adresse physique \ud83d\ude04.<\/p>\n\n\n\n<p class=\"wp-block-paragraph\">Planifie ta visite du Parlement suffisamment \u00e0 l&rsquo;avance et <strong>compte environ deux \u00e0 trois heures pour l&rsquo;ensemble de la visite<\/strong>, contr\u00f4le de s\u00e9curit\u00e9 assez pouss\u00e9 \u00e0 l&rsquo;entr\u00e9e compris. Les visites se d\u00e9roulent \u00e0 l&rsquo;aide de guides multim\u00e9dias dans toutes les langues officielles de l&rsquo;Union europ\u00e9enne, tu peux donc \u00e9couter confortablement toutes les informations en fran\u00e7ais.<\/p>\n\n\n\n<figure data-wp-context=\"{&quot;imageId&quot;:&quot;6a9c6fcbdc8ad&quot;}\" data-wp-interactive=\"core\/image\" data-wp-key=\"6a9c6fcbdc8ad\" class=\"wp-block-image size-full wp-lightbox-container\"><img decoding=\"async\" width=\"1440\" height=\"1080\" data-wp-class--hide=\"state.isContentHidden\" data-wp-class--show=\"state.isContentVisible\" data-wp-init=\"callbacks.setButtonStyles\" data-wp-on--click=\"actions.showLightbox\" data-wp-on--load=\"callbacks.setButtonStyles\" data-wp-on--pointerdown=\"actions.preloadImage\" data-wp-on--pointerenter=\"actions.preloadImageWithDelay\" data-wp-on--pointerleave=\"actions.cancelPreload\" data-wp-on-window--resize=\"callbacks.setButtonStyles\" src=\"https:\/\/loudavymkrokem.cz\/wp-content\/uploads\/2026\/09\/parlamentarium-simone-veil.jpg\" alt=\"Parlamentarium Simone Veil\" class=\"wp-image-413201\" title=\"\" srcset=\"https:\/\/loudavymkrokem.cz\/wp-content\/uploads\/2026\/09\/parlamentarium-simone-veil.jpg 1440w, https:\/\/loudavymkrokem.cz\/wp-content\/uploads\/2026\/09\/parlamentarium-simone-veil-300x225.jpg 300w, https:\/\/loudavymkrokem.cz\/wp-content\/uploads\/2026\/09\/parlamentarium-simone-veil-700x525.jpg 700w, https:\/\/loudavymkrokem.cz\/wp-content\/uploads\/2026\/09\/parlamentarium-simone-veil-768x576.jpg 768w, https:\/\/loudavymkrokem.cz\/wp-content\/uploads\/2026\/09\/parlamentarium-simone-veil-80x60.jpg 80w, https:\/\/loudavymkrokem.cz\/wp-content\/uploads\/2026\/09\/parlamentarium-simone-veil-160x120.jpg 160w, https:\/\/loudavymkrokem.cz\/wp-content\/uploads\/2026\/09\/parlamentarium-simone-veil-696x522.jpg 696w, https:\/\/loudavymkrokem.cz\/wp-content\/uploads\/2026\/09\/parlamentarium-simone-veil-1392x1044.jpg 1392w\" sizes=\"(max-width: 1440px) 100vw, 1440px\" \/><button\n\t\t\tclass=\"lightbox-trigger\"\n\t\t\ttype=\"button\"\n\t\t\taria-haspopup=\"dialog\"\n\t\t\tdata-wp-bind--aria-label=\"state.thisImage.triggerButtonAriaLabel\"\n\t\t\tdata-wp-init=\"callbacks.initTriggerButton\"\n\t\t\tdata-wp-on--click=\"actions.showLightbox\"\n\t\t\tdata-wp-style--right=\"state.thisImage.buttonRight\"\n\t\t\tdata-wp-style--top=\"state.thisImage.buttonTop\"\n\t\t>\n\t\t\t<svg xmlns=\"http:\/\/www.w3.org\/2000\/svg\" width=\"12\" height=\"12\" fill=\"none\" viewBox=\"0 0 12 12\">\n\t\t\t\t<path fill=\"#fff\" d=\"M2 0a2 2 0 0 0-2 2v2h1.5V2a.5.5 0 0 1 .5-.5h2V0H2Zm2 10.5H2a.5.5 0 0 1-.5-.5V8H0v2a2 2 0 0 0 2 2h2v-1.5ZM8 12v-1.5h2a.5.5 0 0 0 .5-.5V8H12v2a2 2 0 0 1-2 2H8Zm2-12a2 2 0 0 1 2 2v2h-1.5V2a.5.5 0 0 0-.5-.5H8V0h2Z\" \/>\n\t\t\t<\/svg>\n\t\t<\/button><figcaption class=\"wp-element-caption\">Foto: Bianca K. \/ Google Maps<\/figcaption><\/figure>\n\n\n\n<h3 class=\"wp-block-heading\"><span class=\"ez-toc-section\" id=\"9_Le_Parlamentarium_Simone_Veil\"><\/span>9. Le Parlamentarium Simone Veil<span class=\"ez-toc-section-end\"><\/span><\/h3>\n\n\n\n<p class=\"wp-block-paragraph\">Au sein du vaste complexe du Parlement europ\u00e9en se trouve aussi un espace d&rsquo;accueil r\u00e9cemment ouvert baptis\u00e9 le <a href=\"https:\/\/visiting.europarl.europa.eu\/cs\/visitor-offer\/strasbourg\/parlamentarium-simone-veil\" target=\"_blank\" rel=\"nofollow noopener\">Parlamentarium Simone Veil<\/a>. Le centre est con\u00e7u pour faire para\u00eetre l&rsquo;int\u00e9gration europ\u00e9enne passionnante, et \u00e9tonnamment, \u00e7a marche. C&rsquo;est un endroit formidable non seulement pour les visiteurs adultes, mais aussi pour les enfants plus grands et curieux.<\/p>\n\n\n\n<p class=\"wp-block-paragraph\">Le clou du centre est sans conteste <strong>la spectaculaire salle de projection \u00e0 360\u00b0<\/strong>, o\u00f9 est projet\u00e9 un film dynamique sur le fonctionnement du Parlement europ\u00e9en, gr\u00e2ce auquel tu te retrouves visuellement au c\u0153ur m\u00eame de l&rsquo;action. Diff\u00e9rents modules interactifs et \u00e9crans tactiles sont \u00e9galement \u00e0 disposition, \u00e0 travers lesquels tu peux facilement d\u00e9couvrir quelles d\u00e9cisions ont \u00e9t\u00e9 prises par le pass\u00e9 pour ta propre r\u00e9gion d&rsquo;origine.<\/p>\n\n\n\n<p class=\"wp-block-paragraph\">Pour les groupes organis\u00e9s plus importants, le centre propose aussi <strong>un jeu de r\u00f4le sp\u00e9cial<\/strong>, au cours duquel les participants peuvent exp\u00e9rimenter par eux-m\u00eames ce que c&rsquo;est d&rsquo;\u00eatre un vrai d\u00e9put\u00e9 et de n\u00e9gocier laborieusement de nouvelles lois. Une halte dans ce centre compl\u00e8te parfaitement la visite de l&rsquo;h\u00e9micycle lui-m\u00eame et l&rsquo;entr\u00e9e y est \u00e9galement gratuite pour tous.<\/p>\n\n\n\n<figure data-wp-context=\"{&quot;imageId&quot;:&quot;6a9c6fcbdcd60&quot;}\" data-wp-interactive=\"core\/image\" data-wp-key=\"6a9c6fcbdcd60\" class=\"wp-block-image size-full wp-lightbox-container\"><img decoding=\"async\" width=\"1600\" height=\"1200\" data-wp-class--hide=\"state.isContentHidden\" data-wp-class--show=\"state.isContentVisible\" data-wp-init=\"callbacks.setButtonStyles\" data-wp-on--click=\"actions.showLightbox\" data-wp-on--load=\"callbacks.setButtonStyles\" data-wp-on--pointerdown=\"actions.preloadImage\" data-wp-on--pointerenter=\"actions.preloadImageWithDelay\" data-wp-on--pointerleave=\"actions.cancelPreload\" data-wp-on-window--resize=\"callbacks.setButtonStyles\" src=\"https:\/\/loudavymkrokem.cz\/wp-content\/uploads\/2026\/09\/rada-evropy.jpg\" alt=\"Conseil de l&#039;Europe et quartier des institutions\" class=\"wp-image-413204\" title=\"\" srcset=\"https:\/\/loudavymkrokem.cz\/wp-content\/uploads\/2026\/09\/rada-evropy.jpg 1600w, https:\/\/loudavymkrokem.cz\/wp-content\/uploads\/2026\/09\/rada-evropy-300x225.jpg 300w, https:\/\/loudavymkrokem.cz\/wp-content\/uploads\/2026\/09\/rada-evropy-700x525.jpg 700w, https:\/\/loudavymkrokem.cz\/wp-content\/uploads\/2026\/09\/rada-evropy-768x576.jpg 768w, https:\/\/loudavymkrokem.cz\/wp-content\/uploads\/2026\/09\/rada-evropy-1536x1152.jpg 1536w, https:\/\/loudavymkrokem.cz\/wp-content\/uploads\/2026\/09\/rada-evropy-80x60.jpg 80w, https:\/\/loudavymkrokem.cz\/wp-content\/uploads\/2026\/09\/rada-evropy-160x120.jpg 160w, https:\/\/loudavymkrokem.cz\/wp-content\/uploads\/2026\/09\/rada-evropy-696x522.jpg 696w, https:\/\/loudavymkrokem.cz\/wp-content\/uploads\/2026\/09\/rada-evropy-1392x1044.jpg 1392w\" sizes=\"(max-width: 1600px) 100vw, 1600px\" \/><button\n\t\t\tclass=\"lightbox-trigger\"\n\t\t\ttype=\"button\"\n\t\t\taria-haspopup=\"dialog\"\n\t\t\tdata-wp-bind--aria-label=\"state.thisImage.triggerButtonAriaLabel\"\n\t\t\tdata-wp-init=\"callbacks.initTriggerButton\"\n\t\t\tdata-wp-on--click=\"actions.showLightbox\"\n\t\t\tdata-wp-style--right=\"state.thisImage.buttonRight\"\n\t\t\tdata-wp-style--top=\"state.thisImage.buttonTop\"\n\t\t>\n\t\t\t<svg xmlns=\"http:\/\/www.w3.org\/2000\/svg\" width=\"12\" height=\"12\" fill=\"none\" viewBox=\"0 0 12 12\">\n\t\t\t\t<path fill=\"#fff\" d=\"M2 0a2 2 0 0 0-2 2v2h1.5V2a.5.5 0 0 1 .5-.5h2V0H2Zm2 10.5H2a.5.5 0 0 1-.5-.5V8H0v2a2 2 0 0 0 2 2h2v-1.5ZM8 12v-1.5h2a.5.5 0 0 0 .5-.5V8H12v2a2 2 0 0 1-2 2H8Zm2-12a2 2 0 0 1 2 2v2h-1.5V2a.5.5 0 0 0-.5-.5H8V0h2Z\" \/>\n\t\t\t<\/svg>\n\t\t<\/button><figcaption class=\"wp-element-caption\">Foto: Anton Nyberg \/ Google Maps<\/figcaption><\/figure>\n\n\n\n<!-- LKM_GYG_CARD start q=\"strasbourg\" lang=\"fr\" rendered=\"2026-09-05T16:48:03+00:00\" v=\"1\" -->\n<style id=\"lk-gyg-styles\">\n@import url(\"https:\/\/fonts.googleapis.com\/css2?family=Playfair+Display:wght@700&family=DM+Sans:wght@300;400;500;600&display=swap\");\n\/* === LK GYG karty \u2014 CRO redesign 2026-05 (namespace .lkx-) ===\n   C\u00edl: vy\u0161\u0161\u00ed CTR (hero + v\u00fdrazn\u00fd social proof + ak\u010dn\u00ed CTA, m\u00e9n\u011b \"reklamn\u00ed\").\n   Injektuje se inline do prvn\u00edho markeru postu (refresh_cards.py --inline-css). *\/\n.lkx-module, .lkx-module *{box-sizing:border-box;margin:0;padding:0}\n.lkx-module{\n  font-family:'DM Sans',-apple-system,Segoe UI,Roboto,Georgia,sans-serif;\n  max-width:860px;margin:2.5rem auto;color:#1f2328;\n}\n\n\/* HEADER \u2014 lehk\u00fd editorsk\u00fd, \u017e\u00e1dn\u00fd bannerov\u00fd blok; nadpis + popisek pod n\u00edm *\/\n.lkx-head{margin-bottom:16px}\n.lkx-head-main{display:flex;align-items:center;gap:10px}\n.lkx-head-accent{width:26px;height:3px;border-radius:2px;background:#c39f76;flex-shrink:0}\n.lkx-head-title{font-family:'Playfair Display',Georgia,serif;font-size:21px;font-weight:700;color:#1a1a1a;line-height:1.25}\n.lkx-head-meta{display:block;font-size:11px;letter-spacing:.3px;color:#9aa0a6;margin-top:4px;margin-left:36px}\n\n\/* HERO *\/\n.lkx-hero{display:grid;grid-template-columns:300px 1fr;background:#fff;border:1px solid #ece7df;border-radius:14px;overflow:hidden;text-decoration:none!important;color:inherit;box-shadow:0 6px 20px rgba(0,0,0,.06);transition:box-shadow .2s,transform .2s;margin-bottom:14px}\n.lkx-hero:hover{box-shadow:0 12px 30px rgba(0,0,0,.12);transform:translateY(-2px)}\n.lkx-hero-img{position:relative;min-height:230px;background-size:cover;background-position:center;background-color:#eee}\n.lkx-hero-body{padding:22px 24px;display:flex;flex-direction:column}\n.lkx-pick{position:absolute;top:12px;left:12px;background:#1a1a1a;color:#fff;font-size:11px;font-weight:700;letter-spacing:.5px;padding:5px 11px;border-radius:20px}\n\n\/* TITLE *\/\n.lkx-title{font-size:19px;font-weight:700;color:#161616;line-height:1.3}\n.lkx-title-sm{font-size:14.5px;line-height:1.35;display:-webkit-box;-webkit-line-clamp:2;-webkit-box-orient:vertical;overflow:hidden}\n\n\/* SOCIAL PROOF \u2014 v\u00fdrazn\u011b, naho\u0159e *\/\n.lkx-proof{display:flex;align-items:center;gap:7px;margin-top:12px;font-size:15px;color:#3a3a3a}\n.lkx-proof b{font-size:16px;color:#161616}\n.lkx-stars{color:#f5a623;letter-spacing:1px}\n.lkx-proof-sm{font-size:12.5px;margin-top:8px;gap:5px}\n.lkx-proof-sm b{font-size:13px}\n.lkx-proof-new{color:#3685fc;font-weight:600}\n\n\/* PRICE \u2014 n\u00edzk\u00e1 kotva *\/\n.lkx-price{font-size:14px;color:#6b7280}\n.lkx-price b{font-size:20px;color:#161616;font-weight:700}\n.lkx-price-sm b{font-size:15px}\n\n\/* CTA \u2014 tepl\u00e9 ak\u010dn\u00ed tla\u010d\u00edtko *\/\n.lkx-cta{display:inline-flex;align-items:center;justify-content:center;text-decoration:none!important;font-weight:700;color:#fff!important;background:linear-gradient(135deg,#f6743f,#e8552a);border-radius:10px;box-shadow:0 6px 16px rgba(232,85,42,.32);transition:box-shadow .2s}\n.lkx-cta-hero{font-size:15px;padding:13px 22px}\n.lkx-hero:hover .lkx-cta-hero{box-shadow:0 8px 22px rgba(232,85,42,.45)}\n.lkx-cta-sm{font-size:12.5px;padding:9px 14px;width:100%;margin-top:2px}\n.lkx-hero-bottom{margin-top:auto;padding-top:18px;display:flex;align-items:center;justify-content:space-between;gap:14px;flex-wrap:wrap}\n\n\/* BADGE \u2014 jeden v\u00fdrazn\u00fd na fotce *\/\n.lkx-badge{position:absolute;top:12px;right:12px;font-size:10.5px;font-weight:700;letter-spacing:.3px;padding:5px 10px;border-radius:16px;color:#fff}\n.lkx-badge.badge-urgency{background:rgba(214,40,40,.92)}\n.lkx-badge.badge-new{background:rgba(54,133,252,.92)}\n.lkx-badge.badge-top{background:rgba(195,159,118,.95)}\n.lkx-badge.badge-info{background:rgba(40,40,40,.78)}\n\n\/* SECONDARY GRID *\/\n.lkx-grid{display:grid;grid-template-columns:1fr 1fr;gap:14px}\n.lkx-card{background:#fff;border:1px solid #ece7df;border-radius:14px;overflow:hidden;text-decoration:none!important;color:inherit;box-shadow:0 4px 14px rgba(0,0,0,.05);display:flex;flex-direction:column;transition:box-shadow .2s,transform .2s}\n.lkx-card:hover{box-shadow:0 10px 24px rgba(0,0,0,.1);transform:translateY(-2px)}\n.lkx-card-img{position:relative;aspect-ratio:16\/10;background-size:cover;background-position:center;background-color:#eee}\n.lkx-card-body{padding:14px 16px 16px;display:flex;flex-direction:column;gap:7px;flex:1}\n.lkx-card-bottom{margin-top:auto;padding-top:10px;display:flex;align-items:center;justify-content:space-between;gap:8px}\n\n\/* DISCLOSURE \u2014 drobn\u00e1, kv\u016fli d\u016fv\u011b\u0159e\/z\u00e1konu *\/\n.lkx-disclosure{font-size:11px;color:#a7adb3;text-align:center;margin-top:14px;line-height:1.6}\n.lkx-disclosure a{color:#c39f76;text-decoration:none}\n\n@media(max-width:680px){\n  .lkx-hero{grid-template-columns:1fr}\n  .lkx-hero-img{min-height:180px}\n  .lkx-grid{grid-template-columns:1fr}\n  .lkx-head-meta{margin-left:0;width:100%}\n  .lkx-head-title{font-size:19px}\n}\n\n<\/style>\n<div class=\"lkx-module\" data-query=\"strasbourg\">\n  <div class=\"lkx-head\">\n    <div class=\"lkx-head-main\">\n      <span class=\"lkx-head-accent\"><\/span>\n      <span class=\"lkx-head-title\">Exp\u00e9riences et billets<\/span>\n    <\/div>\n    <span class=\"lkx-head-meta\">not\u00e9 par les voyageurs \u00b7 GetYourGuide<\/span>\n  <\/div><a class=\"lkx-hero\" href=\"https:\/\/www.getyourguide.com\/fr-fr\/strasbourg-l293\/strasbourg-visite-guidee-a-velo-velos-inclus-t487695\/?partner_id=MKZ64IS&amp;utm_medium=online_publisher&amp;cmp=strasbourg-france-visiter\" target=\"_blank\" rel=\"sponsored noopener nofollow\">\n    <div class=\"lkx-hero-img\" style=\"background-image:url('https:\/\/cdn.getyourguide.com\/img\/tour\/64aea1102544f.png\/132.jpg')\" role=\"img\" aria-label=\"Strasbourg : visite guid\u00e9e \u00e0 v\u00e9lo, v\u00e9los inclus\">\n      <span class=\"lkx-pick\">\u2605 Notre choix<\/span><\/div>\n    <div class=\"lkx-hero-body\">\n      <div class=\"lkx-title\">Strasbourg : visite guid\u00e9e \u00e0 v\u00e9lo, v\u00e9los inclus<\/div>\n      <div class=\"lkx-proof\">\n      <span class=\"lkx-stars\">\u2605\u2605\u2605\u2605\u2605<\/span>\n      <b>4.5<\/b> \u00b7 401 avis\n    <\/div>\n      <div class=\"lkx-hero-bottom\"><div class=\"lkx-price\">\u00e0 partir de <b>39\u00a0\u20ac<\/b><\/div><span class=\"lkx-cta lkx-cta-hero\">Je veux vivre \u00e7a \u2192<\/span>\n      <\/div>\n    <\/div>\n  <\/a><div class=\"lkx-grid\"><a class=\"lkx-card\" href=\"https:\/\/www.getyourguide.com\/fr-fr\/strasbourg-l293\/strasbourg-visite-a-pied-privee-des-quartiers-modernes-t1311325\/?partner_id=MKZ64IS&amp;utm_medium=online_publisher&amp;cmp=strasbourg-france-visiter\" target=\"_blank\" rel=\"sponsored noopener nofollow\">\n      <div class=\"lkx-card-img\" style=\"background-image:url('https:\/\/cdn.getyourguide.com\/img\/tour\/2324a29f8b75065ca3368d9bd92aa7710a385d8d4cf02fc62154317de05a1a03.jpg\/132.jpg')\" role=\"img\" aria-label=\"Visite priv\u00e9e \u00e0 pied de Strasbourg\u00a0: joyaux cach\u00e9s et temps forts\"><\/div>\n      <div class=\"lkx-card-body\">\n        <div class=\"lkx-title lkx-title-sm\">Visite priv\u00e9e \u00e0 pied de Strasbourg\u00a0: joyaux cach\u00e9s et temps forts<\/div>\n        <div class=\"lkx-proof lkx-proof-sm\">\n      <span class=\"lkx-stars\">\u2605<\/span>\n      <b>5.0<\/b> \u00b7 1\n    <\/div>\n        <div class=\"lkx-card-bottom\"><span class=\"lkx-price lkx-price-sm\">\u00e0 partir de <b>23\u00a0\u20ac<\/b><\/span><span class=\"lkx-cta lkx-cta-sm\">Voir les dates \u2192<\/span>\n        <\/div>\n      <\/div>\n    <\/a><a class=\"lkx-card\" href=\"https:\/\/www.getyourguide.com\/fr-fr\/strasbourg-l293\/strasbourg-promenade-gourmande-alsacienne-avec-5-degustations-t1458211\/?partner_id=MKZ64IS&amp;utm_medium=online_publisher&amp;cmp=strasbourg-france-visiter\" target=\"_blank\" rel=\"sponsored noopener nofollow\">\n      <div class=\"lkx-card-img\" style=\"background-image:url('https:\/\/cdn.getyourguide.com\/img\/tour\/e965587a48bc449a08b2ef17afbfc818a8ca05db25bccd1e896e40df12dc7ce3.jpg\/132.jpg')\" role=\"img\" aria-label=\"Strasbourg\u00a0: promenade gourmande alsacienne avec 5\u00a0d\u00e9gustations\"><\/div>\n      <div class=\"lkx-card-body\">\n        <div class=\"lkx-title lkx-title-sm\">Strasbourg\u00a0: promenade gourmande alsacienne avec 5\u00a0d\u00e9gustations<\/div>\n        <div class=\"lkx-proof lkx-proof-sm\">\n      <span class=\"lkx-stars\">\u2605<\/span>\n      <b>0.0<\/b> \u00b7 0\n    <\/div>\n        <div class=\"lkx-card-bottom\"><span class=\"lkx-price lkx-price-sm\">\u00e0 partir de <b>45\u00a0\u20ac<\/b><\/span><span class=\"lkx-cta lkx-cta-sm\">Voir les dates \u2192<\/span>\n        <\/div>\n      <\/div>\n    <\/a><\/div><div class=\"lkx-disclosure\">\ud83d\udd17 Liens d&#39;affiliation \u2014 sans surco\u00fbt pour vous, ils nous aident \u00e0 cr\u00e9er du contenu. \u00b7 <a href=\"https:\/\/www.getyourguide.com\/fr-fr\/s\/?q=strasbourg&amp;partner_id=MKZ64IS&amp;utm_medium=online_publisher\" target=\"_blank\" rel=\"sponsored noopener nofollow\">Toutes les exp\u00e9riences \u2192<\/a><\/div>\n<\/div>\n<!-- LKM_GYG_CARD end -->\n\n\n\n\n<div class=\"lk-stays-module\">\n<style>\n\/* \u2500\u2500\u2500 RESET PRO GUTENBERG \u2500\u2500\u2500 *\/\n.lk-stays-module * { box-sizing: border-box; margin: 0; padding: 0; }\n\n\/* \u2500\u2500\u2500 WRAPPER \u2500\u2500\u2500 *\/\n.lk-stays-module {\n  font-family: 'DM Sans', Georgia, sans-serif;\n  max-width: 100%;\n  margin: 2.5rem auto;\n  background: linear-gradient(135deg, #fdfaf5 0%, #fcf8f0 100%);\n  border: 1px solid #e8dfd4;\n  border-radius: 16px;\n  overflow: hidden;\n  box-shadow: 0 16px 48px rgba(195, 159, 118, 0.25), 0 4px 12px rgba(0,0,0,0.08);\n}\n\n\/* \u2500\u2500\u2500 HEADER \u2500\u2500\u2500 *\/\n.lk-stays-header {\n  position: relative;\n  padding: 24px 36px 24px;\n  background: linear-gradient(135deg, #c39f76 0%, #d4b188 60%, #c39f76 100%);\n  border-bottom: 1px solid rgba(255,255,255,.15);\n  display: flex;\n  align-items: center;\n  gap: 18px;\n}\n.lk-stays-header::before {\n  content: '';\n  position: absolute;\n  inset: 0;\n  background: url(\"data:image\/svg+xml,%3Csvg width='60' height='60' viewBox='0 0 60 60' xmlns='http:\/\/www.w3.org\/2000\/svg'%3E%3Cg fill='none' fill-rule='evenodd'%3E%3Cg fill='%23ffffff' fill-opacity='0.05'%3E%3Cpath d='M36 34v-4h-2v4h-4v2h4v4h2v-4h4v-2h-4zm0-30V0h-2v4h-4v2h4v4h2V6h4V4h-4zM6 34v-4H4v4H0v2h4v4h2v-4h4v-2H6zM6 4V0H4v4H0v2h4v4h2V6h4V4H6z'\/%3E%3C\/g%3E%3C\/g%3E%3C\/svg%3E\") repeat;\n  pointer-events: none;\n}\n.lk-stays-icon {\n  flex-shrink: 0;\n  width: 68px;\n  height: 68px;\n  border-radius: 14px;\n  background: linear-gradient(135deg, #fff 0%, #f9f6f0 100%);\n  display: flex;\n  align-items: center;\n  justify-content: center;\n  font-size: 26px;\n  box-shadow: 0 4px 12px rgba(0,0,0,0.15);\n}\n.lk-stays-eyebrow {\n  font-size: 10px;\n  font-weight: 500;\n  letter-spacing: 2.5px;\n  text-transform: uppercase;\n  color: rgba(255,255,255,.85);\n  margin: 0 0 5px 0;\n}\n.lk-stays-title {\n  font-family: 'Playfair Display', Georgia, serif;\n  font-size: 24px;\n  font-weight: 700;\n  color: #fff;\n  line-height: 1.2;\n  text-shadow: 0 1px 2px rgba(0,0,0,0.1);\n  margin: 0;\n}\n.lk-stays-subtitle {\n  font-size: 13px;\n  color: rgba(255,255,255,.75);\n  margin: 4px 0 0 0;\n  font-weight: 300;\n}\n\n\/* \u2500\u2500\u2500 CARDS GRID \u2500\u2500\u2500 *\/\n.lk-stays-grid {\n  display: grid;\n  grid-template-columns: 1fr 1fr;\n  gap: 1px;\n  background: rgba(195, 159, 118, 0.12);\n}\n\n\/* \u2500\u2500\u2500 SINGLE CARD \u2500\u2500\u2500 *\/\n.lk-stay-card {\n  background: #ffffff;\n  padding: 26px;\n  display: flex;\n  flex-direction: column;\n  gap: 11px;\n  transition: all 0.3s ease;\n  text-decoration: none;\n  color: inherit;\n  position: relative;\n}\n.lk-stay-card:hover {\n  background: #fffbf5;\n  transform: translateY(-2px);\n  box-shadow: 0 8px 24px rgba(195, 159, 118, 0.18);\n  z-index: 1;\n}\n.lk-stay-card.featured {\n  background: linear-gradient(135deg, #fffdf9 0%, #fff9f0 100%);\n  box-shadow: 0 4px 16px rgba(195, 159, 118, 0.15), inset 0 1px 0 rgba(195, 159, 118, 0.1);\n}\n.lk-stay-card.featured:hover {\n  background: linear-gradient(135deg, #fffbf5 0%, #fff8ed 100%);\n  box-shadow: 0 8px 24px rgba(195, 159, 118, 0.25), inset 0 1px 0 rgba(195, 159, 118, 0.15);\n}\n\n.lk-stay-badge {\n  display: inline-flex;\n  align-items: center;\n  gap: 5px;\n  font-size: 10px;\n  font-weight: 500;\n  letter-spacing: 1.5px;\n  text-transform: uppercase;\n  padding: 5px 11px;\n  border-radius: 20px;\n  width: fit-content;\n}\n.badge-top     { background: linear-gradient(135deg, #c39f76 0%, #d4b188 100%); color: #fff; border: 1px solid #c39f76; font-weight: 600; box-shadow: 0 2px 8px rgba(195,159,118,0.3); }\n.badge-luxury  { background: rgba(195,159,118,.12); color: #c39f76; border: 1px solid rgba(195,159,118,.25); }\n.badge-boutique{ background: rgba(54,133,252,.08); color: #3685fc; border: 1px solid rgba(54,133,252,.2); }\n.badge-nature  { background: rgba(130,190,100,.1); color: #6b9c4a; border: 1px solid rgba(130,190,100,.2); }\n.badge-remote  { background: rgba(195,159,118,.12); color: #a67e50; border: 1px solid rgba(195,159,118,.25); }\n\n.lk-stay-name {\n  font-family: 'Playfair Display', Georgia, serif;\n  font-size: 18px;\n  font-weight: 700;\n  color: #111827;\n  line-height: 1.3;\n}\n.lk-stay-desc {\n  font-size: 13.5px;\n  color: #525252;\n  line-height: 1.65;\n  font-weight: 300;\n  flex: 1;\n}\n\n.lk-stay-meta {\n  display: flex;\n  align-items: center;\n  gap: 12px;\n  flex-wrap: wrap;\n  margin-top: 4px;\n}\n.lk-stay-price {\n  font-size: 13px;\n  color: #6b7280;\n}\n.lk-stay-price strong {\n  color: #c39f76;\n  font-weight: 500;\n}\n.lk-stay-stars {\n  color: #c39f76;\n  font-size: 11px;\n  letter-spacing: 1px;\n}\n\n\/* \u2500\u2500\u2500 CTA BUTTON \u2500\u2500\u2500 *\/\n.lk-stay-cta {\n  display: inline-flex;\n  align-items: center;\n  justify-content: center;\n  gap: 7px;\n  margin-top: 8px;\n  padding: 11px 20px;\n  border-radius: 8px;\n  background: linear-gradient(135deg, #3685fc 0%, #2a6fd9 100%);\n  color: #fff;\n  font-size: 13px;\n  font-weight: 500;\n  text-decoration: none;\n  letter-spacing: .3px;\n  transition: all .2s ease;\n  cursor: pointer;\n  border: none;\n  text-align: center;\n  box-shadow: 0 4px 12px rgba(54, 133, 252, 0.25);\n}\n.lk-stay-cta:hover {\n  background: linear-gradient(135deg, #2a6fd9 0%, #1e5bc4 100%);\n  transform: translateY(-1px);\n  box-shadow: 0 6px 16px rgba(54, 133, 252, 0.35);\n}\n.lk-stay-cta svg { flex-shrink: 0; }\n\n\/* \u2500\u2500\u2500 FOOTER \u2500\u2500\u2500 *\/\n.lk-stays-footer {\n  padding: 18px 36px;\n  background: linear-gradient(to bottom, #fdfaf5 0%, #f9f4ed 100%);\n  border-top: 1px solid rgba(195, 159, 118, 0.15);\n  display: flex;\n  align-items: center;\n  justify-content: space-between;\n  flex-wrap: wrap;\n  gap: 12px;\n}\n.lk-stays-footer-note {\n  font-size: 11.5px;\n  color: #6b7280;\n  font-weight: 300;\n  line-height: 1.5;\n}\n.lk-stays-footer-note a {\n  color: #c39f76;\n  text-decoration: none;\n  font-weight: 400;\n}\n.lk-stays-footer-note a:hover {\n  text-decoration: underline;\n}\n.lk-stays-all-btn {\n  display: inline-flex;\n  align-items: center;\n  gap: 6px;\n  font-size: 12.5px;\n  font-weight: 500;\n  color: #c39f76;\n  text-decoration: none;\n  border: 1px solid rgba(195, 159, 118, 0.35);\n  padding: 8px 18px;\n  border-radius: 8px;\n  transition: all .2s ease;\n}\n.lk-stays-all-btn:hover {\n  background: rgba(195, 159, 118, 0.08);\n  border-color: rgba(195, 159, 118, 0.5);\n}\n\n\/* \u2500\u2500\u2500 RESPONSIVE \u2500\u2500\u2500 *\/\n@media (max-width: 600px) {\n  .lk-stays-grid { grid-template-columns: 1fr; }\n  .lk-stays-header { padding: 24px 20px; }\n  .lk-stays-footer { padding: 16px 20px; }\n  .lk-stay-card { padding: 22px; }\n  .lk-stays-title { font-size: 20px; }\n}\n<\/style>\n\n  <!-- HEADER -->\n  <div class=\"lk-stays-header\">\n    <img decoding=\"async\" src=\"https:\/\/loudavymkrokem.cz\/wp-content\/uploads\/2026\/02\/lukas-a-lucka.jpg\" alt=\"\" style=\"width: 75px; height: 75px; border-radius: 8px; flex-shrink: 0; object-fit: cover; display: block; margin: 4px 0;\" title=\"\">\n    <div class=\"lk-stays-header-text\">\n      <div class=\"lk-stays-eyebrow\">Luk\u00e1\u0161 et Lucie recommandent<\/div>\n      <div class=\"lk-stays-title\">O\u00f9 se loger \u00e0 Strasbourg<\/div>\n      <div class=\"lk-stays-subtitle\">4 h\u00e9bergements \u2014 h\u00f4tels et autres options d&rsquo;h\u00e9bergement<\/div>\n    <\/div>\n  <\/div>\n\n  <!-- CARDS -->\n  <div class=\"lk-stays-grid\">\n\n    <a class=\"lk-stay-card featured\" href=\"https:\/\/www.stay22.com\/allez\/roam?aid=lukaskonecny&#038;campaign=loudavymkrokemcz&#038;campaign=fr&#038;campaign=covidetvestrasburku&#038;address=%C5%A0trasburk&#038;hotelname=H%C3%B4tel+Cour+du+Corbeau+Strasbourg+-+MGallery&#038;search=H%C3%B4tel+Cour+du+Corbeau+Strasbourg+-+MGallery&#038;category=accommodation\" target=\"_blank\" rel=\"nofollow noopener\">\n      <span class=\"lk-stay-badge badge-top\">\u2b50 TOP CHOIX<\/span>\n      <span class=\"lk-stay-badge badge-nature\">\ud83c\udfe8 H\u00f4tel<\/span>\n      <div class=\"lk-stay-name\">H\u00f4tel Cour du Corbeau Strasbourg &#8211; MGallery<\/div>\n      <div class=\"lk-stay-desc\">Un joyau architectural dans une maison historique r\u00e9nov\u00e9e du XVIe si\u00e8cle avec des galeries en bois, offrant une atmosph\u00e8re romantique au bord du canal.<\/div>\n      <div class=\"lk-stay-meta\">\n        <span class=\"lk-stay-stars\">\u2605\u2605\u2605\u2605<\/span>\n        <span class=\"lk-stay-price\">V\u00e9rifier les prix<\/span>\n      <\/div>\n      <span class=\"lk-stay-cta\">\n        <svg width=\"14\" height=\"14\" viewBox=\"0 0 24 24\" fill=\"none\" stroke=\"currentColor\" stroke-width=\"2\"><path d=\"M18 13v6a2 2 0 0 1-2 2H5a2 2 0 0 1-2-2V8a2 2 0 0 1 2-2h6\"\/><polyline points=\"15 3 21 3 21 9\"\/><line x1=\"10\" y1=\"14\" x2=\"21\" y2=\"3\"\/><\/svg>\n        V\u00e9rifier la disponibilit\u00e9\n      <\/span>\n    <\/a>\n\n    <a class=\"lk-stay-card\" href=\"https:\/\/www.stay22.com\/allez\/roam?aid=lukaskonecny&#038;campaign=loudavymkrokemcz&#038;campaign=fr&#038;campaign=covidetvestrasburku&#038;address=%C5%A0trasburk&#038;hotelname=H%C3%B4tel+L%C3%89ONOR+the+place+to+live&#038;search=H%C3%B4tel+L%C3%89ONOR+the+place+to+live&#038;category=accommodation\" target=\"_blank\" rel=\"nofollow noopener\">\n      <span class=\"lk-stay-badge badge-nature\">\ud83c\udfe8 H\u00f4tel<\/span>\n      <div class=\"lk-stay-name\">H\u00f4tel L\u00c9ONOR the place to live<\/div>\n      <div class=\"lk-stay-desc\">Design moderne dans un b\u00e2timent historique \u00e0 deux pas de la place Broglie avec une magnifique cour int\u00e9rieure pour se d\u00e9tendre.<\/div>\n      <div class=\"lk-stay-meta\">\n        <span class=\"lk-stay-stars\">\u2605\u2605\u2605\u2605<\/span>\n        <span class=\"lk-stay-price\">V\u00e9rifier les prix<\/span>\n      <\/div>\n      <span class=\"lk-stay-cta\">\n        <svg width=\"14\" height=\"14\" viewBox=\"0 0 24 24\" fill=\"none\" stroke=\"currentColor\" stroke-width=\"2\"><path d=\"M18 13v6a2 2 0 0 1-2 2H5a2 2 0 0 1-2-2V8a2 2 0 0 1 2-2h6\"\/><polyline points=\"15 3 21 3 21 9\"\/><line x1=\"10\" y1=\"14\" x2=\"21\" y2=\"3\"\/><\/svg>\n        V\u00e9rifier la disponibilit\u00e9\n      <\/span>\n    <\/a>\n\n    <a class=\"lk-stay-card\" href=\"https:\/\/www.stay22.com\/allez\/roam?aid=lukaskonecny&#038;campaign=loudavymkrokemcz&#038;campaign=fr&#038;campaign=covidetvestrasburku&#038;address=%C5%A0trasburk&#038;hotelname=H%C3%B4tel+Gutenberg&#038;search=H%C3%B4tel+Gutenberg&#038;category=accommodation\" target=\"_blank\" rel=\"nofollow noopener\">\n      <span class=\"lk-stay-badge badge-nature\">\ud83c\udfe8 H\u00f4tel<\/span>\n      <div class=\"lk-stay-name\">H\u00f4tel Gutenberg<\/div>\n      <div class=\"lk-stay-desc\">Emplacement strat\u00e9gique \u00e0 proximit\u00e9 de la zone pi\u00e9tonne principale, petites chambres remarquables par leur propret\u00e9 et leurs lits confortables, personnel tr\u00e8s serviable.<\/div>\n      <div class=\"lk-stay-meta\">\n        <span class=\"lk-stay-stars\">\u2605\u2605\u2605\u2605<\/span>\n        <span class=\"lk-stay-price\">V\u00e9rifier les prix<\/span>\n      <\/div>\n      <span class=\"lk-stay-cta\">\n        <svg width=\"14\" height=\"14\" viewBox=\"0 0 24 24\" fill=\"none\" stroke=\"currentColor\" stroke-width=\"2\"><path d=\"M18 13v6a2 2 0 0 1-2 2H5a2 2 0 0 1-2-2V8a2 2 0 0 1 2-2h6\"\/><polyline points=\"15 3 21 3 21 9\"\/><line x1=\"10\" y1=\"14\" x2=\"21\" y2=\"3\"\/><\/svg>\n        V\u00e9rifier la disponibilit\u00e9\n      <\/span>\n    <\/a>\n\n    <a class=\"lk-stay-card\" href=\"https:\/\/www.stay22.com\/allez\/roam?aid=lukaskonecny&#038;campaign=loudavymkrokemcz&#038;campaign=fr&#038;campaign=covidetvestrasburku&#038;address=\u0161trasburk\" target=\"_blank\" rel=\"nofollow noopener\">\n      <span class=\"lk-stay-badge badge-nature\">\ud83d\udd0d Rechercher<\/span>\n      <div class=\"lk-stay-name\">Voir tous les h\u00e9bergements \u00e0 Strasbourg<\/div>\n      <div class=\"lk-stay-desc\">Explorez toutes les options d&rsquo;h\u00e9bergement disponibles \u00e0 Strasbourg et trouvez la meilleure selon vos pr\u00e9f\u00e9rences et votre budget.<\/div>\n      <div class=\"lk-stay-meta\">\n        <span class=\"lk-stay-stars\">\u2605\u2605\u2605\u2605<\/span>\n        <span class=\"lk-stay-price\">Comparer les prix<\/span>\n      <\/div>\n      <span class=\"lk-stay-cta\">\n        <svg width=\"14\" height=\"14\" viewBox=\"0 0 24 24\" fill=\"none\" stroke=\"currentColor\" stroke-width=\"2\"><path d=\"M18 13v6a2 2 0 0 1-2 2H5a2 2 0 0 1-2-2V8a2 2 0 0 1 2-2h6\"\/><polyline points=\"15 3 21 3 21 9\"\/><line x1=\"10\" y1=\"14\" x2=\"21\" y2=\"3\"\/><\/svg>\n        V\u00e9rifier la disponibilit\u00e9\n      <\/span>\n    <\/a>\n\n  <\/div>\n\n  \n<\/div>\n\n\n\n\n<h3 class=\"wp-block-heading\"><span class=\"ez-toc-section\" id=\"10_Le_Conseil_de_lEurope_et_le_quartier_des_institutions\"><\/span>10. Le Conseil de l&rsquo;Europe et le quartier des institutions<span class=\"ez-toc-section-end\"><\/span><\/h3>\n\n\n\n<p class=\"wp-block-paragraph\">Le Parlement europ\u00e9en n&rsquo;est certainement pas la seule institution importante de cette ville. Juste \u00e0 c\u00f4t\u00e9 se trouvent <strong>l&rsquo;imposant b\u00e2timent du Conseil de l&rsquo;Europe ainsi que la c\u00e9l\u00e8bre Cour europ\u00e9enne des droits de l&rsquo;homme<\/strong>. Tout ce quartier moderne, \u00e9tendu autour du paisible confluent de l&rsquo;Ill et de la Marne, est architecturalement passionnant, et une simple promenade entre ces palais de verre te met dans l&rsquo;ambiance.<\/p>\n\n\n\n<p class=\"wp-block-paragraph\">Le b\u00e2timent de la Cour europ\u00e9enne des droits de l&rsquo;homme lui-m\u00eame, con\u00e7u par le c\u00e9l\u00e8bre architecte Richard Rogers, <strong>\u00e9voque par ses formes audacieuses deux immenses navires d&rsquo;acier sur la rive<\/strong> et compte parmi les constructions modernes les plus remarquables de toute la France. Les visites de ces institutions sp\u00e9cifiques pour les individuels sont certes plus compliqu\u00e9es et exigent souvent une autorisation pr\u00e9alable laborieuse, mais rien que la vue de l&rsquo;ext\u00e9rieur et une promenade sur les larges promenades alentour valent vraiment le d\u00e9tour.<\/p>\n\n\n\n<p class=\"wp-block-paragraph\">Toute cette zone administrative est \u00e9tonnamment entour\u00e9e d&rsquo;une verdure dense et de canaux, si bien que <strong>le contraste entre l&rsquo;architecture moderne aust\u00e8re et la nature paisible y est tr\u00e8s fort<\/strong>. C&rsquo;est un endroit formidable pour une promenade en apr\u00e8s-midi, quand tu veux souffler un moment loin des ruelles historiques parfois anim\u00e9es du centre.<\/p>\n\n\n\n<figure data-wp-context=\"{&quot;imageId&quot;:&quot;6a9c6fcbdd497&quot;}\" data-wp-interactive=\"core\/image\" data-wp-key=\"6a9c6fcbdd497\" class=\"wp-block-image size-full wp-lightbox-container\"><img decoding=\"async\" width=\"1600\" height=\"2400\" data-wp-class--hide=\"state.isContentHidden\" data-wp-class--show=\"state.isContentVisible\" data-wp-init=\"callbacks.setButtonStyles\" data-wp-on--click=\"actions.showLightbox\" data-wp-on--load=\"callbacks.setButtonStyles\" data-wp-on--pointerdown=\"actions.preloadImage\" data-wp-on--pointerenter=\"actions.preloadImageWithDelay\" data-wp-on--pointerleave=\"actions.cancelPreload\" data-wp-on-window--resize=\"callbacks.setButtonStyles\" src=\"https:\/\/loudavymkrokem.cz\/wp-content\/uploads\/2026\/09\/grande-le.jpg\" alt=\"Grande \u00cele (premier quartier class\u00e9 \u00e0 l&#039;UNESCO)\" class=\"wp-image-413208\" title=\"\" srcset=\"https:\/\/loudavymkrokem.cz\/wp-content\/uploads\/2026\/09\/grande-le.jpg 1600w, https:\/\/loudavymkrokem.cz\/wp-content\/uploads\/2026\/09\/grande-le-200x300.jpg 200w, https:\/\/loudavymkrokem.cz\/wp-content\/uploads\/2026\/09\/grande-le-700x1050.jpg 700w, https:\/\/loudavymkrokem.cz\/wp-content\/uploads\/2026\/09\/grande-le-768x1152.jpg 768w, https:\/\/loudavymkrokem.cz\/wp-content\/uploads\/2026\/09\/grande-le-1024x1536.jpg 1024w, https:\/\/loudavymkrokem.cz\/wp-content\/uploads\/2026\/09\/grande-le-1365x2048.jpg 1365w, https:\/\/loudavymkrokem.cz\/wp-content\/uploads\/2026\/09\/grande-le-696x1044.jpg 696w, https:\/\/loudavymkrokem.cz\/wp-content\/uploads\/2026\/09\/grande-le-1392x2088.jpg 1392w\" sizes=\"(max-width: 1600px) 100vw, 1600px\" \/><button\n\t\t\tclass=\"lightbox-trigger\"\n\t\t\ttype=\"button\"\n\t\t\taria-haspopup=\"dialog\"\n\t\t\tdata-wp-bind--aria-label=\"state.thisImage.triggerButtonAriaLabel\"\n\t\t\tdata-wp-init=\"callbacks.initTriggerButton\"\n\t\t\tdata-wp-on--click=\"actions.showLightbox\"\n\t\t\tdata-wp-style--right=\"state.thisImage.buttonRight\"\n\t\t\tdata-wp-style--top=\"state.thisImage.buttonTop\"\n\t\t>\n\t\t\t<svg xmlns=\"http:\/\/www.w3.org\/2000\/svg\" width=\"12\" height=\"12\" fill=\"none\" viewBox=\"0 0 12 12\">\n\t\t\t\t<path fill=\"#fff\" d=\"M2 0a2 2 0 0 0-2 2v2h1.5V2a.5.5 0 0 1 .5-.5h2V0H2Zm2 10.5H2a.5.5 0 0 1-.5-.5V8H0v2a2 2 0 0 0 2 2h2v-1.5ZM8 12v-1.5h2a.5.5 0 0 0 .5-.5V8H12v2a2 2 0 0 1-2 2H8Zm2-12a2 2 0 0 1 2 2v2h-1.5V2a.5.5 0 0 0-.5-.5H8V0h2Z\" \/>\n\t\t\t<\/svg>\n\t\t<\/button><figcaption class=\"wp-element-caption\">Foto: Alberto Belli \/ Google Maps<\/figcaption><\/figure>\n\n\n\n<h3 class=\"wp-block-heading\"><span class=\"ez-toc-section\" id=\"11_La_Grande_Ile_premier_quartier_classe_a_lUNESCO\"><\/span>11. La Grande \u00cele (premier quartier class\u00e9 \u00e0 l&rsquo;UNESCO)<span class=\"ez-toc-section-end\"><\/span><\/h3>\n\n\n\n<p class=\"wp-block-paragraph\">Le c\u0153ur historique de Strasbourg s&rsquo;\u00e9tend sur la magnifique Grande \u00cele, que contournent paresseusement les deux bras de l&rsquo;Ill. Cette \u00eele est un cas absolument unique au monde, car <strong>en 1988, elle a \u00e9t\u00e9 inscrite sur la liste du patrimoine mondial de l&rsquo;UNESCO comme tout premier quartier urbain entier<\/strong> de l&rsquo;histoire. Rien d&rsquo;\u00e9tonnant, car la concentration de superbes monuments historiques sur un si petit espace est ici vraiment tout \u00e0 fait exceptionnelle.<\/p>\n\n\n\n<p class=\"wp-block-paragraph\">En te promenant lentement sur l&rsquo;\u00eele, tu tomberas sur une d\u00e9monstration parfaite de la fa\u00e7on dont la ville a \u00e9volu\u00e9 en douceur du Moyen \u00c2ge \u00e0 la Renaissance jusqu&rsquo;au classicisme soign\u00e9. <strong>Les maisons aux toits anormalement hauts et pentus, cribl\u00e9s de lucarnes, qui servaient \u00e0 l&rsquo;origine \u00e0 faire s\u00e9cher les peaux d&rsquo;animaux et \u00e0 stocker le grain<\/strong>, alternent avec de somptueux palais et de pittoresques petites places cach\u00e9es. Tout est en outre reli\u00e9 par un r\u00e9seau de ruelles pav\u00e9es \u00e9troites qui invitent directement au vagabondage romantique et sans but.<\/p>\n\n\n\n<p class=\"wp-block-paragraph\">La meilleure fa\u00e7on d&rsquo;explorer l&rsquo;\u00eele, c&rsquo;est simplement de partir sans plan. Ici, se perdre est d&rsquo;ailleurs presque impossible. <strong>\u00c0 chaque coin, tu d\u00e9couvriras un d\u00e9tail architectural int\u00e9ressant<\/strong>, une cour verdoyante cach\u00e9e ou une petite boulangerie qui embaume la viennoiserie fra\u00eechement sortie du four. On peut faire tranquillement le tour de toute l&rsquo;\u00eele \u00e0 pied en une agr\u00e9able apr\u00e8s-midi.<\/p>\n\n\n\n<figure data-wp-context=\"{&quot;imageId&quot;:&quot;6a9c6fcbdd9d0&quot;}\" data-wp-interactive=\"core\/image\" data-wp-key=\"6a9c6fcbdd9d0\" class=\"wp-block-image size-full wp-lightbox-container\"><img decoding=\"async\" width=\"1440\" height=\"1080\" data-wp-class--hide=\"state.isContentHidden\" data-wp-class--show=\"state.isContentVisible\" data-wp-init=\"callbacks.setButtonStyles\" data-wp-on--click=\"actions.showLightbox\" data-wp-on--load=\"callbacks.setButtonStyles\" data-wp-on--pointerdown=\"actions.preloadImage\" data-wp-on--pointerenter=\"actions.preloadImageWithDelay\" data-wp-on--pointerleave=\"actions.cancelPreload\" data-wp-on-window--resize=\"callbacks.setButtonStyles\" src=\"https:\/\/loudavymkrokem.cz\/wp-content\/uploads\/2026\/09\/neustadt.jpg\" alt=\"Neustadt (quartier imp\u00e9rial allemand)\" class=\"wp-image-413212\" title=\"\" srcset=\"https:\/\/loudavymkrokem.cz\/wp-content\/uploads\/2026\/09\/neustadt.jpg 1440w, https:\/\/loudavymkrokem.cz\/wp-content\/uploads\/2026\/09\/neustadt-300x225.jpg 300w, https:\/\/loudavymkrokem.cz\/wp-content\/uploads\/2026\/09\/neustadt-700x525.jpg 700w, https:\/\/loudavymkrokem.cz\/wp-content\/uploads\/2026\/09\/neustadt-768x576.jpg 768w, https:\/\/loudavymkrokem.cz\/wp-content\/uploads\/2026\/09\/neustadt-80x60.jpg 80w, https:\/\/loudavymkrokem.cz\/wp-content\/uploads\/2026\/09\/neustadt-160x120.jpg 160w, https:\/\/loudavymkrokem.cz\/wp-content\/uploads\/2026\/09\/neustadt-696x522.jpg 696w, https:\/\/loudavymkrokem.cz\/wp-content\/uploads\/2026\/09\/neustadt-1392x1044.jpg 1392w\" sizes=\"(max-width: 1440px) 100vw, 1440px\" \/><button\n\t\t\tclass=\"lightbox-trigger\"\n\t\t\ttype=\"button\"\n\t\t\taria-haspopup=\"dialog\"\n\t\t\tdata-wp-bind--aria-label=\"state.thisImage.triggerButtonAriaLabel\"\n\t\t\tdata-wp-init=\"callbacks.initTriggerButton\"\n\t\t\tdata-wp-on--click=\"actions.showLightbox\"\n\t\t\tdata-wp-style--right=\"state.thisImage.buttonRight\"\n\t\t\tdata-wp-style--top=\"state.thisImage.buttonTop\"\n\t\t>\n\t\t\t<svg xmlns=\"http:\/\/www.w3.org\/2000\/svg\" width=\"12\" height=\"12\" fill=\"none\" viewBox=\"0 0 12 12\">\n\t\t\t\t<path fill=\"#fff\" d=\"M2 0a2 2 0 0 0-2 2v2h1.5V2a.5.5 0 0 1 .5-.5h2V0H2Zm2 10.5H2a.5.5 0 0 1-.5-.5V8H0v2a2 2 0 0 0 2 2h2v-1.5ZM8 12v-1.5h2a.5.5 0 0 0 .5-.5V8H12v2a2 2 0 0 1-2 2H8Zm2-12a2 2 0 0 1 2 2v2h-1.5V2a.5.5 0 0 0-.5-.5H8V0h2Z\" \/>\n\t\t\t<\/svg>\n\t\t<\/button><figcaption class=\"wp-element-caption\">Foto: M. E. \/ Google Maps<\/figcaption><\/figure>\n\n\n\n<h3 class=\"wp-block-heading\"><span class=\"ez-toc-section\" id=\"12_La_Neustadt_quartier_imperial_allemand\"><\/span>12. La Neustadt (quartier imp\u00e9rial allemand)<span class=\"ez-toc-section-end\"><\/span><\/h3>\n\n\n\n<p class=\"wp-block-paragraph\">Apr\u00e8s que la ville eut \u00e9t\u00e9 rattach\u00e9e de force \u00e0 l&rsquo;Empire allemand \u00e0 la fin du XIX\u1d49 si\u00e8cle, les Allemands d\u00e9cid\u00e8rent de b\u00e2tir un tout nouveau quartier, hautement repr\u00e9sentatif, qui montrerait leur puissance d&rsquo;alors et leur richesse d\u00e9mesur\u00e9e. Ainsi naquit la Neustadt, la \u00ab ville nouvelle \u00bb, qui <strong>est devenue depuis 2017 une nouvelle extension officielle de l&rsquo;inscription sur la prestigieuse liste de l&rsquo;UNESCO<\/strong>. Ce quartier constitue un contraste absolu et fascinant avec les ruelles \u00e9troites de la vieille ville.<\/p>\n\n\n\n<p class=\"wp-block-paragraph\">Tu y trouveras d&rsquo;<strong>immenses et larges boulevards bord\u00e9s d&rsquo;arbres imposants, de gigantesques places circulaires et des b\u00e2timents publics monumentaux<\/strong> construits dans un curieux m\u00e9lange de n\u00e9ogothique, de n\u00e9orenaissance et d&rsquo;Art nouveau orn\u00e9. Le point central de tout ce fastueux quartier est la Place de la R\u00e9publique, avec le b\u00e2timent du Th\u00e9\u00e2tre national et une biblioth\u00e8que universitaire \u00e0 couper le souffle.<\/p>\n\n\n\n<p class=\"wp-block-paragraph\">Une promenade dans ce quartier paisible <strong>illustre parfaitement cette double identit\u00e9 de Strasbourg si souvent \u00e9voqu\u00e9e<\/strong>, quand tu passes du Moyen \u00c2ge typiquement fran\u00e7ais \u00e0 l&rsquo;urbanisme allemand mod\u00e8le de la fin du XIX\u1d49 si\u00e8cle. Beaucoup d&rsquo;immeubles r\u00e9sidentiels ont ici de superbes fa\u00e7ades Art nouveau \u00e0 la riche d\u00e9coration florale, qui valent vraiment la peine d&rsquo;\u00eatre examin\u00e9es de plus pr\u00e8s, appareil photo \u00e0 la main.<\/p>\n\n\n\n<figure data-wp-context=\"{&quot;imageId&quot;:&quot;6a9c6fcbddeff&quot;}\" data-wp-interactive=\"core\/image\" data-wp-key=\"6a9c6fcbddeff\" class=\"wp-block-image size-full wp-lightbox-container\"><img decoding=\"async\" width=\"1600\" height=\"1200\" data-wp-class--hide=\"state.isContentHidden\" data-wp-class--show=\"state.isContentVisible\" data-wp-init=\"callbacks.setButtonStyles\" data-wp-on--click=\"actions.showLightbox\" data-wp-on--load=\"callbacks.setButtonStyles\" data-wp-on--pointerdown=\"actions.preloadImage\" data-wp-on--pointerenter=\"actions.preloadImageWithDelay\" data-wp-on--pointerleave=\"actions.cancelPreload\" data-wp-on-window--resize=\"callbacks.setButtonStyles\" src=\"https:\/\/loudavymkrokem.cz\/wp-content\/uploads\/2026\/09\/place-kl-ber.jpg\" alt=\"Place Kl\u00e9ber\" class=\"wp-image-413217\" title=\"\" srcset=\"https:\/\/loudavymkrokem.cz\/wp-content\/uploads\/2026\/09\/place-kl-ber.jpg 1600w, https:\/\/loudavymkrokem.cz\/wp-content\/uploads\/2026\/09\/place-kl-ber-300x225.jpg 300w, https:\/\/loudavymkrokem.cz\/wp-content\/uploads\/2026\/09\/place-kl-ber-700x525.jpg 700w, https:\/\/loudavymkrokem.cz\/wp-content\/uploads\/2026\/09\/place-kl-ber-768x576.jpg 768w, https:\/\/loudavymkrokem.cz\/wp-content\/uploads\/2026\/09\/place-kl-ber-1536x1152.jpg 1536w, https:\/\/loudavymkrokem.cz\/wp-content\/uploads\/2026\/09\/place-kl-ber-80x60.jpg 80w, https:\/\/loudavymkrokem.cz\/wp-content\/uploads\/2026\/09\/place-kl-ber-160x120.jpg 160w, https:\/\/loudavymkrokem.cz\/wp-content\/uploads\/2026\/09\/place-kl-ber-696x522.jpg 696w, https:\/\/loudavymkrokem.cz\/wp-content\/uploads\/2026\/09\/place-kl-ber-1392x1044.jpg 1392w\" sizes=\"(max-width: 1600px) 100vw, 1600px\" \/><button\n\t\t\tclass=\"lightbox-trigger\"\n\t\t\ttype=\"button\"\n\t\t\taria-haspopup=\"dialog\"\n\t\t\tdata-wp-bind--aria-label=\"state.thisImage.triggerButtonAriaLabel\"\n\t\t\tdata-wp-init=\"callbacks.initTriggerButton\"\n\t\t\tdata-wp-on--click=\"actions.showLightbox\"\n\t\t\tdata-wp-style--right=\"state.thisImage.buttonRight\"\n\t\t\tdata-wp-style--top=\"state.thisImage.buttonTop\"\n\t\t>\n\t\t\t<svg xmlns=\"http:\/\/www.w3.org\/2000\/svg\" width=\"12\" height=\"12\" fill=\"none\" viewBox=\"0 0 12 12\">\n\t\t\t\t<path fill=\"#fff\" d=\"M2 0a2 2 0 0 0-2 2v2h1.5V2a.5.5 0 0 1 .5-.5h2V0H2Zm2 10.5H2a.5.5 0 0 1-.5-.5V8H0v2a2 2 0 0 0 2 2h2v-1.5ZM8 12v-1.5h2a.5.5 0 0 0 .5-.5V8H12v2a2 2 0 0 1-2 2H8Zm2-12a2 2 0 0 1 2 2v2h-1.5V2a.5.5 0 0 0-.5-.5H8V0h2Z\" \/>\n\t\t\t<\/svg>\n\t\t<\/button><figcaption class=\"wp-element-caption\">Foto: Curzio Pinnelli \/ Google Maps<\/figcaption><\/figure>\n\n\n\n<h3 class=\"wp-block-heading\"><span class=\"ez-toc-section\" id=\"13_La_Place_Kleber\"><\/span>13. La Place Kl\u00e9ber<span class=\"ez-toc-section-end\"><\/span><\/h3>\n\n\n\n<p class=\"wp-block-paragraph\">La principale place du centre-ville, et la plus grande par sa superficie, est la Place Kl\u00e9ber, qui sert fid\u00e8lement de lieu de rendez-vous naturel \u00e0 tous les habitants. Cet immense espace fonctionne comme <strong>une vaste zone pi\u00e9tonne entour\u00e9e de belles maisons historiques<\/strong>, qui abritent aujourd&rsquo;hui des boutiques de marques de luxe mondiales, de spacieux caf\u00e9s et des restaurants r\u00e9put\u00e9s. La place porte le nom du c\u00e9l\u00e8bre g\u00e9n\u00e9ral Jean-Baptiste Kl\u00e9ber, dont la statue de bronze se dresse en plein milieu et sous laquelle reposent m\u00eame ses v\u00e9ritables restes.<\/p>\n\n\n\n<p class=\"wp-block-paragraph\">Cette place est vraiment pleine d&rsquo;une vie in\u00e9puisable toute l&rsquo;ann\u00e9e. Les habitants viennent y faire leurs courses, s&rsquo;attarder autour d&rsquo;un caf\u00e9 l&rsquo;apr\u00e8s-midi ou regarder les artistes de rue les plus vari\u00e9s. <strong>Le plus beau b\u00e2timent de la place est sans doute l&rsquo;Aubette<\/strong>, un palais classique du XVIII\u1d49 si\u00e8cle qui servait autrefois de corps de garde militaire et abrite aujourd&rsquo;hui une galerie marchande et des salles historiques \u00e0 la d\u00e9coration avant-gardiste unique des ann\u00e9es 1920.<\/p>\n\n\n\n<p class=\"wp-block-paragraph\">\u00c0 l&rsquo;\u00e9poque de l&rsquo;Avent, la place se transforme comme par magie en c\u0153ur absolu de l&rsquo;animation, car c&rsquo;est justement <strong>ici que l&rsquo;on dresse en grande pompe l&rsquo;immense sapin de No\u00ebl splendidement d\u00e9cor\u00e9<\/strong>, l&rsquo;un des plus grands symboles de toute la ville. Mais m\u00eame hors de l&rsquo;Avent, tu y savoureras pleinement la superbe atmosph\u00e8re d&rsquo;une grande ville europ\u00e9enne moderne et tr\u00e9pidante.<\/p>\n\n\n\n<figure data-wp-context=\"{&quot;imageId&quot;:&quot;6a9c6fcbde406&quot;}\" data-wp-interactive=\"core\/image\" data-wp-key=\"6a9c6fcbde406\" class=\"wp-block-image size-full wp-lightbox-container\"><img decoding=\"async\" width=\"1600\" height=\"1200\" data-wp-class--hide=\"state.isContentHidden\" data-wp-class--show=\"state.isContentVisible\" data-wp-init=\"callbacks.setButtonStyles\" data-wp-on--click=\"actions.showLightbox\" data-wp-on--load=\"callbacks.setButtonStyles\" data-wp-on--pointerdown=\"actions.preloadImage\" data-wp-on--pointerenter=\"actions.preloadImageWithDelay\" data-wp-on--pointerleave=\"actions.cancelPreload\" data-wp-on-window--resize=\"callbacks.setButtonStyles\" src=\"https:\/\/loudavymkrokem.cz\/wp-content\/uploads\/2026\/09\/parc-de-l-orangerie.jpg\" alt=\"Parc de l&#039;Orangerie\" class=\"wp-image-413221\" title=\"\" srcset=\"https:\/\/loudavymkrokem.cz\/wp-content\/uploads\/2026\/09\/parc-de-l-orangerie.jpg 1600w, https:\/\/loudavymkrokem.cz\/wp-content\/uploads\/2026\/09\/parc-de-l-orangerie-300x225.jpg 300w, https:\/\/loudavymkrokem.cz\/wp-content\/uploads\/2026\/09\/parc-de-l-orangerie-700x525.jpg 700w, https:\/\/loudavymkrokem.cz\/wp-content\/uploads\/2026\/09\/parc-de-l-orangerie-768x576.jpg 768w, https:\/\/loudavymkrokem.cz\/wp-content\/uploads\/2026\/09\/parc-de-l-orangerie-1536x1152.jpg 1536w, https:\/\/loudavymkrokem.cz\/wp-content\/uploads\/2026\/09\/parc-de-l-orangerie-80x60.jpg 80w, https:\/\/loudavymkrokem.cz\/wp-content\/uploads\/2026\/09\/parc-de-l-orangerie-160x120.jpg 160w, https:\/\/loudavymkrokem.cz\/wp-content\/uploads\/2026\/09\/parc-de-l-orangerie-696x522.jpg 696w, https:\/\/loudavymkrokem.cz\/wp-content\/uploads\/2026\/09\/parc-de-l-orangerie-1392x1044.jpg 1392w\" sizes=\"(max-width: 1600px) 100vw, 1600px\" \/><button\n\t\t\tclass=\"lightbox-trigger\"\n\t\t\ttype=\"button\"\n\t\t\taria-haspopup=\"dialog\"\n\t\t\tdata-wp-bind--aria-label=\"state.thisImage.triggerButtonAriaLabel\"\n\t\t\tdata-wp-init=\"callbacks.initTriggerButton\"\n\t\t\tdata-wp-on--click=\"actions.showLightbox\"\n\t\t\tdata-wp-style--right=\"state.thisImage.buttonRight\"\n\t\t\tdata-wp-style--top=\"state.thisImage.buttonTop\"\n\t\t>\n\t\t\t<svg xmlns=\"http:\/\/www.w3.org\/2000\/svg\" width=\"12\" height=\"12\" fill=\"none\" viewBox=\"0 0 12 12\">\n\t\t\t\t<path fill=\"#fff\" d=\"M2 0a2 2 0 0 0-2 2v2h1.5V2a.5.5 0 0 1 .5-.5h2V0H2Zm2 10.5H2a.5.5 0 0 1-.5-.5V8H0v2a2 2 0 0 0 2 2h2v-1.5ZM8 12v-1.5h2a.5.5 0 0 0 .5-.5V8H12v2a2 2 0 0 1-2 2H8Zm2-12a2 2 0 0 1 2 2v2h-1.5V2a.5.5 0 0 0-.5-.5H8V0h2Z\" \/>\n\t\t\t<\/svg>\n\t\t<\/button><figcaption class=\"wp-element-caption\">Foto: dante coccia \/ Google Maps<\/figcaption><\/figure>\n\n\n\n<h3 class=\"wp-block-heading\"><span class=\"ez-toc-section\" id=\"14_Le_Parc_de_lOrangerie\"><\/span>14. Le Parc de l&rsquo;Orangerie<span class=\"ez-toc-section-end\"><\/span><\/h3>\n\n\n\n<p class=\"wp-block-paragraph\">Si tu veux souffler un moment loin du bruit de la grande ville et refaire le plein d&rsquo;\u00e9nergie dans la nature, rends-toi au Parc de l&rsquo;Orangerie. Ce parc \u00e9blouissant, qui remonte au XVII\u1d49 si\u00e8cle, est <strong>le plus grand et le plus ancien parc de la ville<\/strong> et se situe \u00e0 proximit\u00e9 imm\u00e9diate du quartier europ\u00e9en moderne. \u00c0 l&rsquo;origine, on y cultivait de rares orangers. Qui aurait cru que cela donnerait un jour le plus grand parc de la ville.<\/p>\n\n\n\n<p class=\"wp-block-paragraph\">Aujourd&rsquo;hui, c&rsquo;est une immense oasis de verdure soigneusement entretenue avec un vaste lac o\u00f9 tu peux, <strong>pendant les mois chauds de l&rsquo;\u00e9t\u00e9, louer une petite barque et voguer sur l&rsquo;eau paisible<\/strong>. Le parc est parcouru d&rsquo;un dense r\u00e9seau de larges all\u00e9es de sable ; tu y croiseras de beaux parterres fleuris, des fontaines murmurantes et m\u00eame un petit parc zoologique. Le pavillon au centre du parc abrite en outre un restaurant chic avec une belle terrasse pour un d\u00e9jeuner de f\u00eate.<\/p>\n\n\n\n<p class=\"wp-block-paragraph\">\ud83d\udca1 Astuce : le parc abrite aussi une multitude de cigognes sauvages, l&rsquo;animal symbole de toute l&rsquo;Alsace. <strong>Tu peux les observer librement construire leurs immenses nids en haut des couronnes d&rsquo;arbres imposants<\/strong>, une exp\u00e9rience qui enchantera \u00e0 coup s\u00fbr non seulement les petits enfants mais aussi les visiteurs adultes.<\/p>\n\n\n\n<figure data-wp-context=\"{&quot;imageId&quot;:&quot;6a9c6fcbde8e1&quot;}\" data-wp-interactive=\"core\/image\" data-wp-key=\"6a9c6fcbde8e1\" class=\"wp-block-image size-full wp-lightbox-container\"><img decoding=\"async\" width=\"1600\" height=\"1183\" data-wp-class--hide=\"state.isContentHidden\" data-wp-class--show=\"state.isContentVisible\" data-wp-init=\"callbacks.setButtonStyles\" data-wp-on--click=\"actions.showLightbox\" data-wp-on--load=\"callbacks.setButtonStyles\" data-wp-on--pointerdown=\"actions.preloadImage\" data-wp-on--pointerenter=\"actions.preloadImageWithDelay\" data-wp-on--pointerleave=\"actions.cancelPreload\" data-wp-on-window--resize=\"callbacks.setButtonStyles\" src=\"https:\/\/loudavymkrokem.cz\/wp-content\/uploads\/2026\/09\/parc-de-l-toile.jpg\" alt=\"Parc de l&#039;\u00c9toile\" class=\"wp-image-413224\" title=\"\" srcset=\"https:\/\/loudavymkrokem.cz\/wp-content\/uploads\/2026\/09\/parc-de-l-toile.jpg 1600w, https:\/\/loudavymkrokem.cz\/wp-content\/uploads\/2026\/09\/parc-de-l-toile-300x222.jpg 300w, https:\/\/loudavymkrokem.cz\/wp-content\/uploads\/2026\/09\/parc-de-l-toile-700x518.jpg 700w, https:\/\/loudavymkrokem.cz\/wp-content\/uploads\/2026\/09\/parc-de-l-toile-768x568.jpg 768w, https:\/\/loudavymkrokem.cz\/wp-content\/uploads\/2026\/09\/parc-de-l-toile-1536x1136.jpg 1536w, https:\/\/loudavymkrokem.cz\/wp-content\/uploads\/2026\/09\/parc-de-l-toile-80x60.jpg 80w, https:\/\/loudavymkrokem.cz\/wp-content\/uploads\/2026\/09\/parc-de-l-toile-696x515.jpg 696w, https:\/\/loudavymkrokem.cz\/wp-content\/uploads\/2026\/09\/parc-de-l-toile-1392x1029.jpg 1392w\" sizes=\"(max-width: 1600px) 100vw, 1600px\" \/><button\n\t\t\tclass=\"lightbox-trigger\"\n\t\t\ttype=\"button\"\n\t\t\taria-haspopup=\"dialog\"\n\t\t\tdata-wp-bind--aria-label=\"state.thisImage.triggerButtonAriaLabel\"\n\t\t\tdata-wp-init=\"callbacks.initTriggerButton\"\n\t\t\tdata-wp-on--click=\"actions.showLightbox\"\n\t\t\tdata-wp-style--right=\"state.thisImage.buttonRight\"\n\t\t\tdata-wp-style--top=\"state.thisImage.buttonTop\"\n\t\t>\n\t\t\t<svg xmlns=\"http:\/\/www.w3.org\/2000\/svg\" width=\"12\" height=\"12\" fill=\"none\" viewBox=\"0 0 12 12\">\n\t\t\t\t<path fill=\"#fff\" d=\"M2 0a2 2 0 0 0-2 2v2h1.5V2a.5.5 0 0 1 .5-.5h2V0H2Zm2 10.5H2a.5.5 0 0 1-.5-.5V8H0v2a2 2 0 0 0 2 2h2v-1.5ZM8 12v-1.5h2a.5.5 0 0 0 .5-.5V8H12v2a2 2 0 0 1-2 2H8Zm2-12a2 2 0 0 1 2 2v2h-1.5V2a.5.5 0 0 0-.5-.5H8V0h2Z\" \/>\n\t\t\t<\/svg>\n\t\t<\/button><figcaption class=\"wp-element-caption\">Foto: Zulfikar CEKIC \/ Google Maps<\/figcaption><\/figure>\n\n\n\n<h3 class=\"wp-block-heading\"><span class=\"ez-toc-section\" id=\"15_Le_Parc_de_lEtoile\"><\/span>15. Le Parc de l&rsquo;\u00c9toile<span class=\"ez-toc-section-end\"><\/span><\/h3>\n\n\n\n<p class=\"wp-block-paragraph\">Un autre espace vert tr\u00e8s int\u00e9ressant qui vaut absolument ta visite est le Parc de l&rsquo;\u00c9toile. Contrairement au style fran\u00e7ais classique et strictement sym\u00e9trique du Parc de l&rsquo;Orangerie, cet espace est con\u00e7u de fa\u00e7on beaucoup plus d\u00e9contract\u00e9e et moderne. <strong>Tu y trouveras de vastes collines herbeuses, des passerelles en bois et de larges all\u00e9es longeant les canaux<\/strong>, ce qui en fait un lieu extr\u00eamement pris\u00e9 pour les pique-niques et la d\u00e9tente en apr\u00e8s-midi des \u00e9tudiants de l&rsquo;universit\u00e9 voisine.<\/p>\n\n\n\n<p class=\"wp-block-paragraph\">L&rsquo;une des principales curiosit\u00e9s artistiques de ce parc est <strong>la statue de bronze du Mahatma Gandhi<\/strong>, offerte officiellement \u00e0 la ville par le gouvernement indien comme symbole durable de paix et de non-violence. Le parc fonctionne comme un magnifique trait d&rsquo;union verdoyant entre le centre historique et les quartiers sud plus modernes, et gr\u00e2ce \u00e0 ses nombreux bancs, il offre un endroit tr\u00e8s agr\u00e9able pour se reposer.<\/p>\n\n\n\n<p class=\"wp-block-paragraph\">Tout l&rsquo;espace est aussi tr\u00e8s pris\u00e9 des cyclistes et des coureurs locaux, car tu peux de l\u00e0 te raccorder en douceur au vaste r\u00e9seau de pistes cyclables am\u00e9nag\u00e9es le long des canaux, jusque bien au-del\u00e0 des limites de la ville. <strong>Si tu comptes louer un v\u00e9lo en ville, je te recommande vraiment de commencer ta balade justement ici<\/strong>.<\/p>\n\n\n\n<figure data-wp-context=\"{&quot;imageId&quot;:&quot;6a9c6fcbdedac&quot;}\" data-wp-interactive=\"core\/image\" data-wp-key=\"6a9c6fcbdedac\" class=\"wp-block-image size-full wp-lightbox-container\"><img decoding=\"async\" width=\"1600\" height=\"1200\" data-wp-class--hide=\"state.isContentHidden\" data-wp-class--show=\"state.isContentVisible\" data-wp-init=\"callbacks.setButtonStyles\" data-wp-on--click=\"actions.showLightbox\" data-wp-on--load=\"callbacks.setButtonStyles\" data-wp-on--pointerdown=\"actions.preloadImage\" data-wp-on--pointerenter=\"actions.preloadImageWithDelay\" data-wp-on--pointerleave=\"actions.cancelPreload\" data-wp-on-window--resize=\"callbacks.setButtonStyles\" src=\"https:\/\/loudavymkrokem.cz\/wp-content\/uploads\/2026\/09\/palais-rohan.jpg\" alt=\"Palais Rohan\" class=\"wp-image-413228\" title=\"\" srcset=\"https:\/\/loudavymkrokem.cz\/wp-content\/uploads\/2026\/09\/palais-rohan.jpg 1600w, https:\/\/loudavymkrokem.cz\/wp-content\/uploads\/2026\/09\/palais-rohan-300x225.jpg 300w, https:\/\/loudavymkrokem.cz\/wp-content\/uploads\/2026\/09\/palais-rohan-700x525.jpg 700w, https:\/\/loudavymkrokem.cz\/wp-content\/uploads\/2026\/09\/palais-rohan-768x576.jpg 768w, https:\/\/loudavymkrokem.cz\/wp-content\/uploads\/2026\/09\/palais-rohan-1536x1152.jpg 1536w, https:\/\/loudavymkrokem.cz\/wp-content\/uploads\/2026\/09\/palais-rohan-80x60.jpg 80w, https:\/\/loudavymkrokem.cz\/wp-content\/uploads\/2026\/09\/palais-rohan-160x120.jpg 160w, https:\/\/loudavymkrokem.cz\/wp-content\/uploads\/2026\/09\/palais-rohan-696x522.jpg 696w, https:\/\/loudavymkrokem.cz\/wp-content\/uploads\/2026\/09\/palais-rohan-1392x1044.jpg 1392w\" sizes=\"(max-width: 1600px) 100vw, 1600px\" \/><button\n\t\t\tclass=\"lightbox-trigger\"\n\t\t\ttype=\"button\"\n\t\t\taria-haspopup=\"dialog\"\n\t\t\tdata-wp-bind--aria-label=\"state.thisImage.triggerButtonAriaLabel\"\n\t\t\tdata-wp-init=\"callbacks.initTriggerButton\"\n\t\t\tdata-wp-on--click=\"actions.showLightbox\"\n\t\t\tdata-wp-style--right=\"state.thisImage.buttonRight\"\n\t\t\tdata-wp-style--top=\"state.thisImage.buttonTop\"\n\t\t>\n\t\t\t<svg xmlns=\"http:\/\/www.w3.org\/2000\/svg\" width=\"12\" height=\"12\" fill=\"none\" viewBox=\"0 0 12 12\">\n\t\t\t\t<path fill=\"#fff\" d=\"M2 0a2 2 0 0 0-2 2v2h1.5V2a.5.5 0 0 1 .5-.5h2V0H2Zm2 10.5H2a.5.5 0 0 1-.5-.5V8H0v2a2 2 0 0 0 2 2h2v-1.5ZM8 12v-1.5h2a.5.5 0 0 0 .5-.5V8H12v2a2 2 0 0 1-2 2H8Zm2-12a2 2 0 0 1 2 2v2h-1.5V2a.5.5 0 0 0-.5-.5H8V0h2Z\" \/>\n\t\t\t<\/svg>\n\t\t<\/button><figcaption class=\"wp-element-caption\">Foto: Kent Wang \/ Google Maps<\/figcaption><\/figure>\n\n\n\n<h3 class=\"wp-block-heading\"><span class=\"ez-toc-section\" id=\"16_Le_Palais_Rohan\"><\/span>16. Le Palais Rohan<span class=\"ez-toc-section-end\"><\/span><\/h3>\n\n\n\n<p class=\"wp-block-paragraph\">\u00c0 un tout petit pas de la cath\u00e9drale principale se dresse majestueusement le <a href=\"https:\/\/en.musees.strasbourg.eu\/palais-rohan\" target=\"_blank\" rel=\"nofollow noopener\">Palais Rohan<\/a>, magnifique et vaste palais baroque du XVIII\u1d49 si\u00e8cle qui servait jadis de somptueuse r\u00e9sidence aux \u00e9v\u00eaques de Strasbourg de la tr\u00e8s influente famille des Rohan. <strong>Cet \u00e9difice saisissant est souvent compar\u00e9 pour sa beaut\u00e9 aux palais parisiens<\/strong> et sa noble fa\u00e7ade se refl\u00e9tant dans les eaux de l&rsquo;Ill compte parmi les plus belles vues de la ville.<\/p>\n\n\n\n<p class=\"wp-block-paragraph\">Aujourd&rsquo;hui, cet immense palais abrite pas moins de trois importants mus\u00e9es municipaux, si bien que tous les amoureux d&rsquo;art et d&rsquo;histoire profonde y trouveront \u00e0 coup s\u00fbr leur bonheur. <strong>Au rez-de-chauss\u00e9e se trouve le Mus\u00e9e des Arts d\u00e9coratifs avec ses appartements \u00e9piscopaux d&rsquo;origine superbement conserv\u00e9s<\/strong>, au sous-sol tu trouveras le vaste Mus\u00e9e arch\u00e9ologique, et au premier \u00e9tage le Mus\u00e9e des Beaux-Arts avec son impressionnante collection de peinture classique europ\u00e9enne.<\/p>\n\n\n\n<p class=\"wp-block-paragraph\">M\u00eame si tu n&rsquo;es pas un grand fan des longues et \u00e9prouvantes visites de mus\u00e9e, va au moins jeter un \u0153il \u00e0 la cour centrale : l&rsquo;entr\u00e9e est gratuite et la fa\u00e7ade en vaut la peine. Tu peux y admirer tranquillement la parfaite sym\u00e9trie et l&rsquo;incroyable richesse ornementale de l&rsquo;architecture palatiale fran\u00e7aise classique.<\/p>\n\n\n\n<figure data-wp-context=\"{&quot;imageId&quot;:&quot;6a9c6fcbdf4b4&quot;}\" data-wp-interactive=\"core\/image\" data-wp-key=\"6a9c6fcbdf4b4\" class=\"wp-block-image size-full wp-lightbox-container\"><img decoding=\"async\" width=\"1600\" height=\"1105\" data-wp-class--hide=\"state.isContentHidden\" data-wp-class--show=\"state.isContentVisible\" data-wp-init=\"callbacks.setButtonStyles\" data-wp-on--click=\"actions.showLightbox\" data-wp-on--load=\"callbacks.setButtonStyles\" data-wp-on--pointerdown=\"actions.preloadImage\" data-wp-on--pointerenter=\"actions.preloadImageWithDelay\" data-wp-on--pointerleave=\"actions.cancelPreload\" data-wp-on-window--resize=\"callbacks.setButtonStyles\" src=\"https:\/\/loudavymkrokem.cz\/wp-content\/uploads\/2026\/09\/strasbourg-museum-of-modern-and-contemporary-art.jpg\" alt=\"Mus\u00e9e d&#039;Art moderne et contemporain de Strasbourg (MAMCS)\" class=\"wp-image-413231\" title=\"\" srcset=\"https:\/\/loudavymkrokem.cz\/wp-content\/uploads\/2026\/09\/strasbourg-museum-of-modern-and-contemporary-art.jpg 1600w, https:\/\/loudavymkrokem.cz\/wp-content\/uploads\/2026\/09\/strasbourg-museum-of-modern-and-contemporary-art-300x207.jpg 300w, https:\/\/loudavymkrokem.cz\/wp-content\/uploads\/2026\/09\/strasbourg-museum-of-modern-and-contemporary-art-700x483.jpg 700w, https:\/\/loudavymkrokem.cz\/wp-content\/uploads\/2026\/09\/strasbourg-museum-of-modern-and-contemporary-art-768x530.jpg 768w, https:\/\/loudavymkrokem.cz\/wp-content\/uploads\/2026\/09\/strasbourg-museum-of-modern-and-contemporary-art-1536x1061.jpg 1536w, https:\/\/loudavymkrokem.cz\/wp-content\/uploads\/2026\/09\/strasbourg-museum-of-modern-and-contemporary-art-696x481.jpg 696w, https:\/\/loudavymkrokem.cz\/wp-content\/uploads\/2026\/09\/strasbourg-museum-of-modern-and-contemporary-art-1392x961.jpg 1392w\" sizes=\"(max-width: 1600px) 100vw, 1600px\" \/><button\n\t\t\tclass=\"lightbox-trigger\"\n\t\t\ttype=\"button\"\n\t\t\taria-haspopup=\"dialog\"\n\t\t\tdata-wp-bind--aria-label=\"state.thisImage.triggerButtonAriaLabel\"\n\t\t\tdata-wp-init=\"callbacks.initTriggerButton\"\n\t\t\tdata-wp-on--click=\"actions.showLightbox\"\n\t\t\tdata-wp-style--right=\"state.thisImage.buttonRight\"\n\t\t\tdata-wp-style--top=\"state.thisImage.buttonTop\"\n\t\t>\n\t\t\t<svg xmlns=\"http:\/\/www.w3.org\/2000\/svg\" width=\"12\" height=\"12\" fill=\"none\" viewBox=\"0 0 12 12\">\n\t\t\t\t<path fill=\"#fff\" d=\"M2 0a2 2 0 0 0-2 2v2h1.5V2a.5.5 0 0 1 .5-.5h2V0H2Zm2 10.5H2a.5.5 0 0 1-.5-.5V8H0v2a2 2 0 0 0 2 2h2v-1.5ZM8 12v-1.5h2a.5.5 0 0 0 .5-.5V8H12v2a2 2 0 0 1-2 2H8Zm2-12a2 2 0 0 1 2 2v2h-1.5V2a.5.5 0 0 0-.5-.5H8V0h2Z\" \/>\n\t\t\t<\/svg>\n\t\t<\/button><figcaption class=\"wp-element-caption\">Foto: Mus\u00e9e d&rsquo;Art Moderne et Contemporain de Strasbourg \/ Google Maps<\/figcaption><\/figure>\n\n\n\n<h3 class=\"wp-block-heading\"><span class=\"ez-toc-section\" id=\"17_Le_Musee_dArt_moderne_et_contemporain_de_Strasbourg_MAMCS\"><\/span>17. Le Mus\u00e9e d&rsquo;Art moderne et contemporain de Strasbourg (MAMCS)<span class=\"ez-toc-section-end\"><\/span><\/h3>\n\n\n\n<p class=\"wp-block-paragraph\">Pour tous les amoureux d&rsquo;art un peu plus moderne, la visite du Mus\u00e9e d&rsquo;Art moderne et contemporain, que les habitants appellent bri\u00e8vement le <a href=\"https:\/\/en.musees.strasbourg.eu\/mamcs\" target=\"_blank\" rel=\"nofollow noopener\">MAMCS<\/a>, est une absolue n\u00e9cessit\u00e9. Le b\u00e2timent lui-m\u00eame est d\u00e9j\u00e0 une grande exp\u00e9rience architecturale. <strong>Il s&rsquo;agit d&rsquo;un immense \u00e9difice de verre pos\u00e9 directement sur la rive du fleuve<\/strong>, qui forme un fantastique et tr\u00e8s photog\u00e9nique contraste visuel avec le quartier historique de la Petite France, tout proche.<\/p>\n\n\n\n<p class=\"wp-block-paragraph\">\u00c0 l&rsquo;int\u00e9rieur t&rsquo;attendent de tr\u00e8s vastes collections d&rsquo;art de la fin du XIX\u1d49 si\u00e8cle \u00e0 nos jours, <strong>dont une tr\u00e8s riche collection de photographie et d&rsquo;art graphique modernes<\/strong>. Tu y trouveras expos\u00e9es des \u0153uvres de grands ma\u00eetres comme Kandinsky, Picasso ou Monet, mais un espace g\u00e9n\u00e9reux est aussi consacr\u00e9 aux installations contemporaines dans l&rsquo;espace et aux prometteurs artistes alsaciens locaux.<\/p>\n\n\n\n<p class=\"wp-block-paragraph\">\ud83d\udca1 Astuce : apr\u00e8s une longue visite des expositions, ne manque surtout pas le caf\u00e9 du mus\u00e9e, situ\u00e9 sur la terrasse ouverte du toit. <strong>Il offre l&rsquo;une des plus belles vues, et parmi les moins connues des touristes, sur le centre historique et les tours des Ponts Couverts<\/strong>, le tout dans un calme absolu, loin des principales foules touristiques dans les rues sous tes pieds.<\/p>\n\n\n\n<figure data-wp-context=\"{&quot;imageId&quot;:&quot;6a9c6fcbdf94e&quot;}\" data-wp-interactive=\"core\/image\" data-wp-key=\"6a9c6fcbdf94e\" class=\"wp-block-image size-full wp-lightbox-container\"><img decoding=\"async\" width=\"1600\" height=\"1066\" data-wp-class--hide=\"state.isContentHidden\" data-wp-class--show=\"state.isContentVisible\" data-wp-init=\"callbacks.setButtonStyles\" data-wp-on--click=\"actions.showLightbox\" data-wp-on--load=\"callbacks.setButtonStyles\" data-wp-on--pointerdown=\"actions.preloadImage\" data-wp-on--pointerenter=\"actions.preloadImageWithDelay\" data-wp-on--pointerleave=\"actions.cancelPreload\" data-wp-on-window--resize=\"callbacks.setButtonStyles\" src=\"https:\/\/loudavymkrokem.cz\/wp-content\/uploads\/2026\/09\/mus-e-alsacien.jpg\" alt=\"Mus\u00e9e Alsacien\" class=\"wp-image-413235\" title=\"\" srcset=\"https:\/\/loudavymkrokem.cz\/wp-content\/uploads\/2026\/09\/mus-e-alsacien.jpg 1600w, https:\/\/loudavymkrokem.cz\/wp-content\/uploads\/2026\/09\/mus-e-alsacien-300x200.jpg 300w, https:\/\/loudavymkrokem.cz\/wp-content\/uploads\/2026\/09\/mus-e-alsacien-700x466.jpg 700w, https:\/\/loudavymkrokem.cz\/wp-content\/uploads\/2026\/09\/mus-e-alsacien-768x512.jpg 768w, https:\/\/loudavymkrokem.cz\/wp-content\/uploads\/2026\/09\/mus-e-alsacien-1536x1023.jpg 1536w, https:\/\/loudavymkrokem.cz\/wp-content\/uploads\/2026\/09\/mus-e-alsacien-696x464.jpg 696w, https:\/\/loudavymkrokem.cz\/wp-content\/uploads\/2026\/09\/mus-e-alsacien-1392x927.jpg 1392w\" sizes=\"(max-width: 1600px) 100vw, 1600px\" \/><button\n\t\t\tclass=\"lightbox-trigger\"\n\t\t\ttype=\"button\"\n\t\t\taria-haspopup=\"dialog\"\n\t\t\tdata-wp-bind--aria-label=\"state.thisImage.triggerButtonAriaLabel\"\n\t\t\tdata-wp-init=\"callbacks.initTriggerButton\"\n\t\t\tdata-wp-on--click=\"actions.showLightbox\"\n\t\t\tdata-wp-style--right=\"state.thisImage.buttonRight\"\n\t\t\tdata-wp-style--top=\"state.thisImage.buttonTop\"\n\t\t>\n\t\t\t<svg xmlns=\"http:\/\/www.w3.org\/2000\/svg\" width=\"12\" height=\"12\" fill=\"none\" viewBox=\"0 0 12 12\">\n\t\t\t\t<path fill=\"#fff\" d=\"M2 0a2 2 0 0 0-2 2v2h1.5V2a.5.5 0 0 1 .5-.5h2V0H2Zm2 10.5H2a.5.5 0 0 1-.5-.5V8H0v2a2 2 0 0 0 2 2h2v-1.5ZM8 12v-1.5h2a.5.5 0 0 0 .5-.5V8H12v2a2 2 0 0 1-2 2H8Zm2-12a2 2 0 0 1 2 2v2h-1.5V2a.5.5 0 0 0-.5-.5H8V0h2Z\" \/>\n\t\t\t<\/svg>\n\t\t<\/button><figcaption class=\"wp-element-caption\">Foto: Bertrand Strasbourg \/ Google Maps<\/figcaption><\/figure>\n\n\n\n<h3 class=\"wp-block-heading\"><span class=\"ez-toc-section\" id=\"18_Le_Musee_Alsacien\"><\/span>18. Le Mus\u00e9e Alsacien<span class=\"ez-toc-section-end\"><\/span><\/h3>\n\n\n\n<p class=\"wp-block-paragraph\">Si tu veux vraiment p\u00e9n\u00e9trer en profondeur l&rsquo;\u00e2me de cette r\u00e9gion, visite d&rsquo;abord le <a href=\"https:\/\/en.musees.strasbourg.eu\/alsatian-museum\" target=\"_blank\" rel=\"nofollow noopener\">Mus\u00e9e Alsacien<\/a>. Install\u00e9 dans plusieurs maisons historiques \u00e0 colombages reli\u00e9es entre elles, il <strong>retrace merveilleusement la vie populaire alsacienne traditionnelle, les coutumes rurales et les m\u00e9tiers d&rsquo;autrefois<\/strong>. Tout est mis en sc\u00e8ne dans un cadre historique parfaitement authentique et l\u00e9g\u00e8rement labyrinthique, plein d&rsquo;escaliers de bois qui craquent.<\/p>\n\n\n\n<p class=\"wp-block-paragraph\">Tu obtiens ainsi un excellent contexte pour ce que tu verras ensuite dans les rues, et tu comprends mieux comment les gens vivaient ici. Tu d\u00e9couvriras quels m\u00e9tiers dominaient dans la r\u00e9gion, tu verras les costumes traditionnels et aussit\u00f4t l&rsquo;architecture environnante prendra encore plus de sens \u00e0 tes yeux.<\/p>\n\n\n\n<h2 class=\"wp-block-heading\"><span class=\"ez-toc-section\" id=\"Ou_aller_depuis_Strasbourg\"><\/span>O\u00f9 aller depuis Strasbourg<span class=\"ez-toc-section-end\"><\/span><\/h2>\n\n\n\n<p class=\"wp-block-paragraph\">Strasbourg fonctionne comme <strong>une base absolument id\u00e9ale pour partir \u00e0 la d\u00e9couverte de toute l&rsquo;Alsace<\/strong>. En moins d&rsquo;une heure de route, tu rejoins des villages de conte de f\u00e9es qui ressemblent \u00e0 des d\u00e9cors de film historique. Si tu disposes d&rsquo;une voiture, <strong>ne manque surtout pas notre itin\u00e9raire dans l&rsquo;article <a href=\"https:\/\/loudavymkrokem.cz\/fr\/route-vins-alsace-villages\/\">La Route des Vins d&rsquo;Alsace : les 12 plus beaux villages<\/a><\/strong>, o\u00f9 nous d\u00e9crivons en d\u00e9tail les \u00e9tapes \u00e0 travers des villes comme Riquewihr ou Kaysersberg.<\/p>\n\n\n\n<p class=\"wp-block-paragraph\">La capitale du vin d&rsquo;Alsace vaut assur\u00e9ment une visite \u00e0 part enti\u00e8re ; nous lui avons consacr\u00e9 un guide dans <a href=\"https:\/\/loudavymkrokem.cz\/fr\/colmar-francia\/\">Colmar, France<\/a>. C&rsquo;est une version plus petite et encore un peu plus concentr\u00e9e de Strasbourg, avec un quartier saisissant appel\u00e9 la Petite Venise.<\/p>\n\n\n\n<p class=\"wp-block-paragraph\">En cherchant d&rsquo;autres id\u00e9es d&rsquo;excursions dans les environs, tu croiseras peut-\u00eatre sur les cartes l&rsquo;\u00c9comus\u00e9e d&rsquo;Alsace ou le mus\u00e9e militaire MM Park, mais ne t&rsquo;y trompe pas. L&rsquo;\u00c9comus\u00e9e se trouve \u00e0 Ungersheim, \u00e0 environ soixante kilom\u00e8tres de la ville, et le MM Park se situe dans la commune de La Wantzenau, si bien que <strong>ces deux lieux n\u00e9cessitent plut\u00f4t une excursion d&rsquo;une demi-journ\u00e9e \u00e0 une journ\u00e9e en voiture<\/strong> et ne se trouvent certainement pas \u00e0 distance de marche du centre-ville.<\/p>\n\n\n\n<p class=\"wp-block-paragraph\">Si tu pr\u00e9vois d&rsquo;explorer plus largement le pays du fromage et du vin, jette un \u0153il \u00e0 notre <a href=\"https:\/\/loudavymkrokem.cz\/fr\/road-trip-france-itineraire-14-jours\/\">Road trip en France : itin\u00e9raire pour 14 jours<\/a>, o\u00f9 tu trouveras plein de conseils pratiques pour les longs trajets. Et si tu d\u00e9cidais malgr\u00e9 tout de partir en fin d&rsquo;ann\u00e9e, n&rsquo;oublie pas de consulter notre sp\u00e9cial <a href=\"https:\/\/loudavymkrokem.cz\/fr\/marches-noel-strasbourg-dates\/\">March\u00e9 de No\u00ebl de Strasbourg<\/a>.<\/p>\n\n\n\n<h2 class=\"wp-block-heading\"><span class=\"ez-toc-section\" id=\"Questions_frequentes\"><\/span>Questions fr\u00e9quentes<span class=\"ez-toc-section-end\"><\/span><\/h2>\n\n\n<div id=\"rank-math-faq\" class=\"rank-math-block\">\n<div class=\"rank-math-list \">\n<div id=\"faq-question-1788283122000\" class=\"rank-math-list-item\">\n<h3 class=\"rank-math-question \"><span class=\"ez-toc-section\" id=\"Quand_ont_lieu_les_marches_de_Noel_en_2026\"><\/span>Quand ont lieu les march\u00e9s de No\u00ebl en 2026 ?<span class=\"ez-toc-section-end\"><\/span><\/h3>\n<div class=\"rank-math-answer \">\n\n<p>En 2026, les c\u00e9l\u00e8bres march\u00e9s de l&rsquo;Avent se d\u00e9roulent du vendredi 27 novembre au dimanche 27 d\u00e9cembre. Ils s&rsquo;\u00e9tendent sur onze emplacements diff\u00e9rents \u00e0 travers le quartier historique de la Grande \u00cele, les plus connus et les plus grands se trouvant sur la Place Broglie et sur la place principale, la Place Kl\u00e9ber.<\/p>\n\n<\/div>\n<\/div>\n<div id=\"faq-question-1788283122001\" class=\"rank-math-list-item\">\n<h3 class=\"rank-math-question \"><span class=\"ez-toc-section\" id=\"Comment_fonctionne_le_systeme_de_stationnement_Park_and_Ride\"><\/span>Comment fonctionne le syst\u00e8me de stationnement Park and Ride ?<span class=\"ez-toc-section-end\"><\/span><\/h3>\n<div class=\"rank-math-answer \">\n\n<p>C&rsquo;est de loin la fa\u00e7on la plus maligne d&rsquo;acc\u00e9der au centre-ville sans stress. Vous payez un tarif unique et tr\u00e8s avantageux pour un stationnement \u00e0 la journ\u00e9e sur un parking relais en p\u00e9riph\u00e9rie de la ville. Pour ce prix, tous les passagers de votre voiture re\u00e7oivent automatiquement un ticket aller-retour de tramway direct vers le centre. Vous \u00e9conomisez ainsi beaucoup d&rsquo;argent sur les parkings souterrains co\u00fbteux et \u00e9vitez le casse-t\u00eate de naviguer dans les ruelles \u00e9troites \u00e0 sens unique.<\/p>\n\n<\/div>\n<\/div>\n<div id=\"faq-question-1788283122002\" class=\"rank-math-list-item\">\n<h3 class=\"rank-math-question \"><span class=\"ez-toc-section\" id=\"Combien_de_jours_prevoir_pour_visiter_la_ville\"><\/span>Combien de jours pr\u00e9voir pour visiter la ville ?<span class=\"ez-toc-section-end\"><\/span><\/h3>\n<div class=\"rank-math-answer \">\n\n<p>Pour vraiment vous impr\u00e9gner de l&rsquo;atmosph\u00e8re paisible et visiter tous les principaux monuments sans vous presser, je recommande de pr\u00e9voir deux \u00e0 trois jours complets sur place. Si vous envisagez de visiter \u00e9galement les mus\u00e9es locaux ou les locaux du Parlement europ\u00e9en, trois jours seront absolument id\u00e9aux.<\/p>\n\n<\/div>\n<\/div>\n<div id=\"faq-question-1788283122003\" class=\"rank-math-list-item\">\n<h3 class=\"rank-math-question \"><span class=\"ez-toc-section\" id=\"Les_visites_du_Parlement_europeen_sont-elles_payantes\"><\/span>Les visites du Parlement europ\u00e9en sont-elles payantes ?<span class=\"ez-toc-section-end\"><\/span><\/h3>\n<div class=\"rank-math-answer \">\n\n<p>Non, les visites pour le public ainsi que l&rsquo;acc\u00e8s au centre interactif moderne Parlamentarium Simone Veil sont enti\u00e8rement gratuits pour tous les visiteurs. Il est cependant n\u00e9cessaire d&rsquo;avoir sur soi une pi\u00e8ce d&rsquo;identit\u00e9 valide sous forme de carte d&rsquo;identit\u00e9 ou de passeport et de pr\u00e9voir un d\u00e9lai aux contr\u00f4les de s\u00e9curit\u00e9 stricts \u00e0 l&rsquo;entr\u00e9e.<\/p>\n\n<\/div>\n<\/div>\n<div id=\"faq-question-1788283122004\" class=\"rank-math-list-item\">\n<h3 class=\"rank-math-question \"><span class=\"ez-toc-section\" id=\"Quel_est_le_meilleur_moyen_de_se_deplacer_dans_le_centre-ville\"><\/span>Quel est le meilleur moyen de se d\u00e9placer dans le centre-ville ?<span class=\"ez-toc-section-end\"><\/span><\/h3>\n<div class=\"rank-math-answer \">\n\n<p>Le c\u0153ur historique sur l&rsquo;\u00eele de la Grande \u00cele est assez compact et se d\u00e9couvre id\u00e9alement \u00e0 pied. Pour les trajets plus longs, par exemple vers le Parlement europ\u00e9en ou les parcs plus \u00e9loign\u00e9s, je recommande d&rsquo;utiliser l&rsquo;excellent r\u00e9seau de tramways, qui compte six lignes couvrant de mani\u00e8re fiable toute la ville.<\/p>\n\n<\/div>\n<\/div>\n<div id=\"faq-question-1788283122005\" class=\"rank-math-list-item\">\n<h3 class=\"rank-math-question \"><span class=\"ez-toc-section\" id=\"Strasbourg_est-elle_une_ville_chere\"><\/span>Strasbourg est-elle une ville ch\u00e8re ?<span class=\"ez-toc-section-end\"><\/span><\/h3>\n<div class=\"rank-math-answer \">\n\n<p>Tout d\u00e9pend de la p\u00e9riode \u00e0 laquelle vous partez. Pendant les march\u00e9s de l&rsquo;Avent, les prix de l&rsquo;h\u00e9bergement en centre-ville grimpent \u00e0 des hauteurs astronomiques. En revanche, si vous venez en dehors du mois de d\u00e9cembre, par exemple en janvier ou en f\u00e9vrier, les prix des h\u00f4tels chutent consid\u00e9rablement et la ville devient tout \u00e0 fait comparable en termes de prix aux autres destinations europ\u00e9ennes classiques.<\/p>\n\n<\/div>\n<\/div>\n<div id=\"faq-question-1788283122006\" class=\"rank-math-list-item\">\n<h3 class=\"rank-math-question \"><span class=\"ez-toc-section\" id=\"La_ville_convient-elle_aux_vegetariens\"><\/span>La ville convient-elle aux v\u00e9g\u00e9tariens ?<span class=\"ez-toc-section-end\"><\/span><\/h3>\n<div class=\"rank-math-answer \">\n\n<p>Absolument. Bien que la cuisine alsacienne soit r\u00e9put\u00e9e pour ses plats carn\u00e9s, les v\u00e9g\u00e9tariens ne mourront certainement pas de faim. Dans chaque restaurant, vous trouverez d&rsquo;excellents sp\u00e4tzle au fromage, dans les boulangeries les bretzels traditionnels embaument, et partout on propose une variante sans viande de la tarte flamb\u00e9e croustillante avec du fromage et des champignons.<\/p>\n\n<\/div>\n<\/div>\n<div id=\"faq-question-1788283122007\" class=\"rank-math-list-item\">\n<h3 class=\"rank-math-question \"><span class=\"ez-toc-section\" id=\"Quels_sont_les_meilleurs_endroits_pour_prendre_des_photos\"><\/span>Quels sont les meilleurs endroits pour prendre des photos ?<span class=\"ez-toc-section-end\"><\/span><\/h3>\n<div class=\"rank-math-answer \">\n\n<p>Les clich\u00e9s de carte postale les plus c\u00e9l\u00e8bres se prennent sans aucun doute depuis la terrasse panoramique du barrage historique Barrage Vauban, d&rsquo;o\u00f9 l&rsquo;on aper\u00e7oit magnifiquement les ponts de pierre des Ponts Couverts et la tour majestueuse de la cath\u00e9drale. D&rsquo;autres lieux tr\u00e8s photog\u00e9niques se trouvent le long des canaux dans le quartier historique de la Petite France.<\/p>\n\n<\/div>\n<\/div>\n<\/div>\n<\/div>","protected":false},"excerpt":{"rendered":"<p>D\u00e9couvre Strasbourg, en France, loin des foules de touristes. Je te dis quand partir, o\u00f9 trouver les meilleurs points de vue gratuits et comment savourer pleinement cette ville alsacienne enchanteresse.<\/p>\n","protected":false},"author":3,"featured_media":413378,"comment_status":"open","ping_status":"open","sticky":false,"template":"","format":"standard","meta":{"_acf_changed":false,"footnotes":"","rank_math_title":"Strasbourg (France) : 18 choses \u00e0 voir absolument","rank_math_description":"Que voir \u00e0 Strasbourg, en France ? 18 lieux incontournables, conseils m\u00e9t\u00e9o, meilleures vues gratuites et astuces pour ta visite. D\u00e9couvre le guide complet !","rank_math_focus_keyword":"strasbourg france","rank_math_seo_score":""},"categories":[558,579,650],"tags":[],"class_list":["post-417894","post","type-post","status-publish","format-standard","has-post-thumbnail","category-europe","category-france","category-voyages"],"acf":[],"featured_image_src":"https:\/\/loudavymkrokem.cz\/wp-content\/uploads\/2026\/09\/strasburska-katedrala-7353a339.jpg","author_info":{"display_name":"Lucie Kone\u010dn\u00e1","author_link":"https:\/\/loudavymkrokem.cz\/fr\/author\/lucie-konecna\/"},"_links":{"self":[{"href":"https:\/\/loudavymkrokem.cz\/fr\/wp-json\/wp\/v2\/posts\/417894","targetHints":{"allow":["GET"]}}],"collection":[{"href":"https:\/\/loudavymkrokem.cz\/fr\/wp-json\/wp\/v2\/posts"}],"about":[{"href":"https:\/\/loudavymkrokem.cz\/fr\/wp-json\/wp\/v2\/types\/post"}],"author":[{"embeddable":true,"href":"https:\/\/loudavymkrokem.cz\/fr\/wp-json\/wp\/v2\/users\/3"}],"replies":[{"embeddable":true,"href":"https:\/\/loudavymkrokem.cz\/fr\/wp-json\/wp\/v2\/comments?post=417894"}],"version-history":[{"count":2,"href":"https:\/\/loudavymkrokem.cz\/fr\/wp-json\/wp\/v2\/posts\/417894\/revisions"}],"predecessor-version":[{"id":417896,"href":"https:\/\/loudavymkrokem.cz\/fr\/wp-json\/wp\/v2\/posts\/417894\/revisions\/417896"}],"wp:featuredmedia":[{"embeddable":true,"href":"https:\/\/loudavymkrokem.cz\/fr\/wp-json\/wp\/v2\/media\/413378"}],"wp:attachment":[{"href":"https:\/\/loudavymkrokem.cz\/fr\/wp-json\/wp\/v2\/media?parent=417894"}],"wp:term":[{"taxonomy":"category","embeddable":true,"href":"https:\/\/loudavymkrokem.cz\/fr\/wp-json\/wp\/v2\/categories?post=417894"},{"taxonomy":"post_tag","embeddable":true,"href":"https:\/\/loudavymkrokem.cz\/fr\/wp-json\/wp\/v2\/tags?post=417894"}],"curies":[{"name":"wp","href":"https:\/\/api.w.org\/{rel}","templated":true}]}}