{"id":417882,"date":"2026-09-04T10:00:00","date_gmt":"2026-09-04T08:00:00","guid":{"rendered":"https:\/\/loudavymkrokem.cz\/varna-bulgarie-que-faire\/"},"modified":"2026-09-05T18:41:09","modified_gmt":"2026-09-05T16:41:09","slug":"varna-bulgarie-que-faire","status":"publish","type":"post","link":"https:\/\/loudavymkrokem.cz\/fr\/varna-bulgarie-que-faire\/","title":{"rendered":"Varna en Bulgarie : 20 choses \u00e0 voir et \u00e0 faire en 2026"},"content":{"rendered":"\n<p class=\"wp-block-paragraph\">Quand on pense \u00e0 la Bulgarie, la plupart des voyageurs imaginent des rang\u00e9es interminables d&rsquo;h\u00f4tels sur la c\u00f4te de Sunny Beach. Mais <strong>Varna en Bulgarie<\/strong> raconte une tout autre histoire, et tu y d\u00e9couvriras bien plus de tr\u00e9sors que tu ne l&rsquo;imagines. Le mus\u00e9e arch\u00e9ologique, qui abrite le plus vieil or travaill\u00e9 au monde, a \u00e9t\u00e9 fond\u00e9 par l&rsquo;arch\u00e9ologue tch\u00e8que <strong>Karel \u0160korpil<\/strong>. L&rsquo;immense Jardin de la Mer, la fiert\u00e9 de tout le littoral, a quant \u00e0 lui \u00e9t\u00e9 dessin\u00e9 par un autre Tch\u00e8que, <strong>Anton Nov\u00e1k<\/strong>. Et si tu attends \u00e0 un arr\u00eat de transport en commun, il y a fort \u00e0 parier qu&rsquo;un vieux <strong>trolleybus \u0160koda<\/strong> vienne te chercher.<\/p>\n\n\n\n<p class=\"wp-block-paragraph\">Varna n&rsquo;est tout simplement pas qu&rsquo;une station baln\u00e9aire estivale artificielle, mais bien la <strong>troisi\u00e8me plus grande ville de Bulgarie<\/strong>, qui vit \u00e0 son propre rythme toute l&rsquo;ann\u00e9e. Tu y trouveras les plus grands thermes romains des Balkans, des boulevards ombrag\u00e9s bord\u00e9s de caf\u00e9s et des plages urbaines que l&rsquo;on rejoint \u00e0 pied directement depuis le centre historique. C&rsquo;est exactement le genre de destination o\u00f9 tu peux admirer des fouilles thraces le matin, savourer une excellente salade chopska dans une mehana traditionnelle \u00e0 midi, puis t&rsquo;allonger l&rsquo;apr\u00e8s-midi sur le sable fin de la mer Noire.<\/p>\n\n\n\n<p class=\"wp-block-paragraph\">Dans ce guide, tu trouveras <strong>20 conseils concrets sur ce qu&rsquo;il faut voir et faire \u00e0 Varna<\/strong>. Je vais t&rsquo;expliquer comment \u00e9viter les pi\u00e8ges \u00e0 touristes li\u00e9s aux transports, o\u00f9 partir pour les meilleures excursions dans les environs, dans quel quartier te loger strat\u00e9giquement et \u00e0 quoi faire attention au moment de choisir un restaurant. Et bonne nouvelle : la Bulgarie a <strong>adopt\u00e9 l&rsquo;euro le 1er janvier 2026<\/strong>, fini donc les soucis de change des levas et les conversions permanentes.<\/p>\n\n\n\n<figure data-wp-context=\"{&quot;imageId&quot;:&quot;6a9c65420cf1c&quot;}\" data-wp-interactive=\"core\/image\" data-wp-key=\"6a9c65420cf1c\" class=\"wp-block-image size-full wp-lightbox-container\"><img decoding=\"async\" width=\"1800\" height=\"1012\" data-wp-class--hide=\"state.isContentHidden\" data-wp-class--show=\"state.isContentVisible\" data-wp-init=\"callbacks.setButtonStyles\" data-wp-on--click=\"actions.showLightbox\" data-wp-on--load=\"callbacks.setButtonStyles\" data-wp-on--pointerdown=\"actions.preloadImage\" data-wp-on--pointerenter=\"actions.preloadImageWithDelay\" data-wp-on--pointerleave=\"actions.cancelPreload\" data-wp-on-window--resize=\"callbacks.setButtonStyles\" src=\"https:\/\/loudavymkrokem.cz\/wp-content\/uploads\/2026\/08\/bulharsko-research-varna-01-3be9ec14.jpg\" alt=\"Vue sur le littoral et les plages de Varna\" class=\"wp-image-407776\" title=\"\" srcset=\"https:\/\/loudavymkrokem.cz\/wp-content\/uploads\/2026\/08\/bulharsko-research-varna-01-3be9ec14.jpg 1800w, https:\/\/loudavymkrokem.cz\/wp-content\/uploads\/2026\/08\/bulharsko-research-varna-01-3be9ec14-300x169.jpg 300w, https:\/\/loudavymkrokem.cz\/wp-content\/uploads\/2026\/08\/bulharsko-research-varna-01-3be9ec14-700x394.jpg 700w, https:\/\/loudavymkrokem.cz\/wp-content\/uploads\/2026\/08\/bulharsko-research-varna-01-3be9ec14-768x432.jpg 768w, https:\/\/loudavymkrokem.cz\/wp-content\/uploads\/2026\/08\/bulharsko-research-varna-01-3be9ec14-1536x864.jpg 1536w, https:\/\/loudavymkrokem.cz\/wp-content\/uploads\/2026\/08\/bulharsko-research-varna-01-3be9ec14-696x391.jpg 696w, https:\/\/loudavymkrokem.cz\/wp-content\/uploads\/2026\/08\/bulharsko-research-varna-01-3be9ec14-1392x783.jpg 1392w\" sizes=\"(max-width: 1800px) 100vw, 1800px\" \/><button\n\t\t\tclass=\"lightbox-trigger\"\n\t\t\ttype=\"button\"\n\t\t\taria-haspopup=\"dialog\"\n\t\t\tdata-wp-bind--aria-label=\"state.thisImage.triggerButtonAriaLabel\"\n\t\t\tdata-wp-init=\"callbacks.initTriggerButton\"\n\t\t\tdata-wp-on--click=\"actions.showLightbox\"\n\t\t\tdata-wp-style--right=\"state.thisImage.buttonRight\"\n\t\t\tdata-wp-style--top=\"state.thisImage.buttonTop\"\n\t\t>\n\t\t\t<svg xmlns=\"http:\/\/www.w3.org\/2000\/svg\" width=\"12\" height=\"12\" fill=\"none\" viewBox=\"0 0 12 12\">\n\t\t\t\t<path fill=\"#fff\" d=\"M2 0a2 2 0 0 0-2 2v2h1.5V2a.5.5 0 0 1 .5-.5h2V0H2Zm2 10.5H2a.5.5 0 0 1-.5-.5V8H0v2a2 2 0 0 0 2 2h2v-1.5ZM8 12v-1.5h2a.5.5 0 0 0 .5-.5V8H12v2a2 2 0 0 1-2 2H8Zm2-12a2 2 0 0 1 2 2v2h-1.5V2a.5.5 0 0 0-.5-.5H8V0h2Z\" \/>\n\t\t\t<\/svg>\n\t\t<\/button><figcaption class=\"wp-element-caption\">Photo : karel291, CC BY 3.0 (Wikimedia Commons)<\/figcaption><\/figure>\n\n\n\n<div id=\"ez-toc-container\" class=\"ez-toc-v2_0_87 ez-toc-wrap-left counter-hierarchy ez-toc-counter ez-toc-grey ez-toc-container-direction\">\n<div class=\"ez-toc-title-container\">\n<p class=\"ez-toc-title\" style=\"cursor:inherit\">Contenu de l&#039;article<\/p>\n<span class=\"ez-toc-title-toggle\"><a href=\"#\" class=\"ez-toc-pull-right ez-toc-btn ez-toc-btn-xs ez-toc-btn-default ez-toc-toggle\" aria-label=\"Toggle Table of Content\"><span class=\"ez-toc-js-icon-con\"><span class=\"\"><span class=\"eztoc-hide\" style=\"display:none;\">Toggle<\/span><span class=\"ez-toc-icon-toggle-span\"><svg style=\"fill: #999;color:#999\" xmlns=\"http:\/\/www.w3.org\/2000\/svg\" class=\"list-377408\" width=\"20px\" height=\"20px\" viewBox=\"0 0 24 24\" fill=\"none\"><path d=\"M6 6H4v2h2V6zm14 0H8v2h12V6zM4 11h2v2H4v-2zm16 0H8v2h12v-2zM4 16h2v2H4v-2zm16 0H8v2h12v-2z\" fill=\"currentColor\"><\/path><\/svg><svg style=\"fill: #999;color:#999\" class=\"arrow-unsorted-368013\" xmlns=\"http:\/\/www.w3.org\/2000\/svg\" width=\"10px\" height=\"10px\" viewBox=\"0 0 24 24\" version=\"1.2\" baseProfile=\"tiny\"><path d=\"M18.2 9.3l-6.2-6.3-6.2 6.3c-.2.2-.3.4-.3.7s.1.5.3.7c.2.2.4.3.7.3h11c.3 0 .5-.1.7-.3.2-.2.3-.5.3-.7s-.1-.5-.3-.7zM5.8 14.7l6.2 6.3 6.2-6.3c.2-.2.3-.5.3-.7s-.1-.5-.3-.7c-.2-.2-.4-.3-.7-.3h-11c-.3 0-.5.1-.7.3-.2.2-.3.5-.3.7s.1.5.3.7z\"\/><\/svg><\/span><\/span><\/span><\/a><\/span><\/div>\n<nav><ul class='ez-toc-list ez-toc-list-level-1 ' ><ul class='ez-toc-list-level-3' ><li class='ez-toc-heading-level-3'><a class=\"ez-toc-link ez-toc-heading-1\" href=\"https:\/\/loudavymkrokem.cz\/fr\/varna-bulgarie-que-faire\/#Resume_pour_ceux_qui_nont_pas_le_temps_de_tout_lire\" >R\u00e9sum\u00e9 pour ceux qui n&rsquo;ont pas le temps de tout lire<\/a><\/li><\/ul><\/li><li class='ez-toc-page-1 ez-toc-heading-level-2'><a class=\"ez-toc-link ez-toc-heading-2\" href=\"https:\/\/loudavymkrokem.cz\/fr\/varna-bulgarie-que-faire\/#Combien_coute_un_sejour_a_Varna\" >Combien co\u00fbte un s\u00e9jour \u00e0 Varna<\/a><\/li><li class='ez-toc-page-1 ez-toc-heading-level-2'><a class=\"ez-toc-link ez-toc-heading-3\" href=\"https:\/\/loudavymkrokem.cz\/fr\/varna-bulgarie-que-faire\/#Comment_se_rendre_a_Varna_et_sy_deplacer\" >Comment se rendre \u00e0 Varna et s&rsquo;y d\u00e9placer<\/a><\/li><li class='ez-toc-page-1 ez-toc-heading-level-2'><a class=\"ez-toc-link ez-toc-heading-4\" href=\"https:\/\/loudavymkrokem.cz\/fr\/varna-bulgarie-que-faire\/#Le_centre_historique_et_les_musees\" >Le centre historique et les mus\u00e9es<\/a><ul class='ez-toc-list-level-3' ><li class='ez-toc-heading-level-3'><a class=\"ez-toc-link ez-toc-heading-5\" href=\"https:\/\/loudavymkrokem.cz\/fr\/varna-bulgarie-que-faire\/#1_Le_musee_archeologique_et_le_plus_vieil_or_du_monde\" >1. Le mus\u00e9e arch\u00e9ologique et le plus vieil or du monde<\/a><\/li><li class='ez-toc-page-1 ez-toc-heading-level-3'><a class=\"ez-toc-link ez-toc-heading-6\" href=\"https:\/\/loudavymkrokem.cz\/fr\/varna-bulgarie-que-faire\/#2_Les_thermes_romains_Odessos\" >2. Les thermes romains (Odessos)<\/a><\/li><li class='ez-toc-page-1 ez-toc-heading-level-3'><a class=\"ez-toc-link ez-toc-heading-7\" href=\"https:\/\/loudavymkrokem.cz\/fr\/varna-bulgarie-que-faire\/#3_La_cathedrale_de_la_Dormition_de_la_Vierge\" >3. La cath\u00e9drale de la Dormition de la Vierge<\/a><\/li><li class='ez-toc-page-1 ez-toc-heading-level-3'><a class=\"ez-toc-link ez-toc-heading-8\" href=\"https:\/\/loudavymkrokem.cz\/fr\/varna-bulgarie-que-faire\/#4_Le_musee_naval_et_le_torpilleur_Drazki\" >4. Le mus\u00e9e naval et le torpilleur Drazki<\/a><\/li><li class='ez-toc-page-1 ez-toc-heading-level-3'><a class=\"ez-toc-link ez-toc-heading-9\" href=\"https:\/\/loudavymkrokem.cz\/fr\/varna-bulgarie-que-faire\/#5_Le_musee_ethnographique\" >5. Le mus\u00e9e ethnographique<\/a><\/li><li class='ez-toc-page-1 ez-toc-heading-level-3'><a class=\"ez-toc-link ez-toc-heading-10\" href=\"https:\/\/loudavymkrokem.cz\/fr\/varna-bulgarie-que-faire\/#6_Le_musee_retro\" >6. Le mus\u00e9e r\u00e9tro<\/a><\/li><li class='ez-toc-page-1 ez-toc-heading-level-3'><a class=\"ez-toc-link ez-toc-heading-11\" href=\"https:\/\/loudavymkrokem.cz\/fr\/varna-bulgarie-que-faire\/#7_La_tour_de_lhorloge\" >7. La tour de l&rsquo;horloge<\/a><\/li><\/ul><\/li><li class='ez-toc-page-1 ez-toc-heading-level-2'><a class=\"ez-toc-link ez-toc-heading-12\" href=\"https:\/\/loudavymkrokem.cz\/fr\/varna-bulgarie-que-faire\/#Le_Jardin_de_la_Mer_et_le_littoral\" >Le Jardin de la Mer et le littoral<\/a><ul class='ez-toc-list-level-3' ><li class='ez-toc-heading-level-3'><a class=\"ez-toc-link ez-toc-heading-13\" href=\"https:\/\/loudavymkrokem.cz\/fr\/varna-bulgarie-que-faire\/#8_Le_Jardin_de_la_Mer\" >8. Le Jardin de la Mer<\/a><\/li><li class='ez-toc-page-1 ez-toc-heading-level-3'><a class=\"ez-toc-link ez-toc-heading-14\" href=\"https:\/\/loudavymkrokem.cz\/fr\/varna-bulgarie-que-faire\/#9_Laquarium_de_Varna\" >9. L&rsquo;aquarium de Varna<\/a><\/li><li class='ez-toc-page-1 ez-toc-heading-level-3'><a class=\"ez-toc-link ez-toc-heading-15\" href=\"https:\/\/loudavymkrokem.cz\/fr\/varna-bulgarie-que-faire\/#10_Le_delphinarium_Festa\" >10. Le delphinarium Festa<\/a><\/li><li class='ez-toc-page-1 ez-toc-heading-level-3'><a class=\"ez-toc-link ez-toc-heading-16\" href=\"https:\/\/loudavymkrokem.cz\/fr\/varna-bulgarie-que-faire\/#11_Le_zoo_de_Varna\" >11. Le zoo de Varna<\/a><\/li><li class='ez-toc-page-1 ez-toc-heading-level-3'><a class=\"ez-toc-link ez-toc-heading-17\" href=\"https:\/\/loudavymkrokem.cz\/fr\/varna-bulgarie-que-faire\/#12_Le_planetarium_N_Copernic\" >12. Le plan\u00e9tarium N. Copernic<\/a><\/li><li class='ez-toc-page-1 ez-toc-heading-level-3'><a class=\"ez-toc-link ez-toc-heading-18\" href=\"https:\/\/loudavymkrokem.cz\/fr\/varna-bulgarie-que-faire\/#13_Les_plages_urbaines_et_la_qualite_de_leau\" >13. Les plages urbaines et la qualit\u00e9 de l&rsquo;eau<\/a><\/li><\/ul><\/li><li class='ez-toc-page-1 ez-toc-heading-level-2'><a class=\"ez-toc-link ez-toc-heading-19\" href=\"https:\/\/loudavymkrokem.cz\/fr\/varna-bulgarie-que-faire\/#Au-dela_du_centre\" >Au-del\u00e0 du centre<\/a><ul class='ez-toc-list-level-3' ><li class='ez-toc-heading-level-3'><a class=\"ez-toc-link ez-toc-heading-20\" href=\"https:\/\/loudavymkrokem.cz\/fr\/varna-bulgarie-que-faire\/#14_Le_parc-musee_Vladislav_Varnenchik\" >14. Le parc-mus\u00e9e Vladislav Varnenchik<\/a><\/li><li class='ez-toc-page-1 ez-toc-heading-level-3'><a class=\"ez-toc-link ez-toc-heading-21\" href=\"https:\/\/loudavymkrokem.cz\/fr\/varna-bulgarie-que-faire\/#15_La_plage_dAsparuhovo\" >15. La plage d&rsquo;Asparuhovo<\/a><\/li><li class='ez-toc-page-1 ez-toc-heading-level-3'><a class=\"ez-toc-link ez-toc-heading-22\" href=\"https:\/\/loudavymkrokem.cz\/fr\/varna-bulgarie-que-faire\/#16_St-Constantin-et-Helene\" >16. St-Constantin-et-H\u00e9l\u00e8ne<\/a><\/li><\/ul><\/li><li class='ez-toc-page-1 ez-toc-heading-level-2'><a class=\"ez-toc-link ez-toc-heading-23\" href=\"https:\/\/loudavymkrokem.cz\/fr\/varna-bulgarie-que-faire\/#Excursions_depuis_Varna\" >Excursions depuis Varna<\/a><ul class='ez-toc-list-level-3' ><li class='ez-toc-heading-level-3'><a class=\"ez-toc-link ez-toc-heading-24\" href=\"https:\/\/loudavymkrokem.cz\/fr\/varna-bulgarie-que-faire\/#17_Le_palais_et_les_jardins_de_Balchik\" >17. Le palais et les jardins de Balchik<\/a><\/li><li class='ez-toc-page-1 ez-toc-heading-level-3'><a class=\"ez-toc-link ez-toc-heading-25\" href=\"https:\/\/loudavymkrokem.cz\/fr\/varna-bulgarie-que-faire\/#18_Le_cap_Kaliakra\" >18. Le cap Kaliakra<\/a><\/li><li class='ez-toc-page-1 ez-toc-heading-level-3'><a class=\"ez-toc-link ez-toc-heading-26\" href=\"https:\/\/loudavymkrokem.cz\/fr\/varna-bulgarie-que-faire\/#19_Le_monastere_dAladzha\" >19. Le monast\u00e8re d&rsquo;Aladzha<\/a><\/li><li class='ez-toc-page-1 ez-toc-heading-level-3'><a class=\"ez-toc-link ez-toc-heading-27\" href=\"https:\/\/loudavymkrokem.cz\/fr\/varna-bulgarie-que-faire\/#20_Pobiti_Kamani_et_le_Cavalier_de_Madara\" >20. Pobiti Kamani et le Cavalier de Madara<\/a><\/li><\/ul><\/li><li class='ez-toc-page-1 ez-toc-heading-level-2'><a class=\"ez-toc-link ez-toc-heading-28\" href=\"https:\/\/loudavymkrokem.cz\/fr\/varna-bulgarie-que-faire\/#Ou_manger_a_Varna\" >O\u00f9 manger \u00e0 Varna<\/a><\/li><li class='ez-toc-page-1 ez-toc-heading-level-2'><a class=\"ez-toc-link ez-toc-heading-29\" href=\"https:\/\/loudavymkrokem.cz\/fr\/varna-bulgarie-que-faire\/#Ou_se_loger_a_Varna\" >O\u00f9 se loger \u00e0 Varna<\/a><\/li><li class='ez-toc-page-1 ez-toc-heading-level-2'><a class=\"ez-toc-link ez-toc-heading-30\" href=\"https:\/\/loudavymkrokem.cz\/fr\/varna-bulgarie-que-faire\/#Quand_aller_a_Varna_la_meteo_en_Bulgarie\" >Quand aller \u00e0 Varna : la m\u00e9t\u00e9o en Bulgarie<\/a><ul class='ez-toc-list-level-3' ><li class='ez-toc-heading-level-3'><a class=\"ez-toc-link ez-toc-heading-31\" href=\"https:\/\/loudavymkrokem.cz\/fr\/varna-bulgarie-que-faire\/#Varna_hors_saison\" >Varna hors saison<\/a><\/li><\/ul><\/li><li class='ez-toc-page-1 ez-toc-heading-level-2'><a class=\"ez-toc-link ez-toc-heading-32\" href=\"https:\/\/loudavymkrokem.cz\/fr\/varna-bulgarie-que-faire\/#A_quoi_faire_attention\" >\u00c0 quoi faire attention<\/a><\/li><li class='ez-toc-page-1 ez-toc-heading-level-2'><a class=\"ez-toc-link ez-toc-heading-33\" href=\"https:\/\/loudavymkrokem.cz\/fr\/varna-bulgarie-que-faire\/#Pour_aller_plus_loin\" >Pour aller plus loin<\/a><\/li><li class='ez-toc-page-1 ez-toc-heading-level-2'><a class=\"ez-toc-link ez-toc-heading-34\" href=\"https:\/\/loudavymkrokem.cz\/fr\/varna-bulgarie-que-faire\/#Foire_aux_questions\" >Foire aux questions<\/a><ul class='ez-toc-list-level-3' ><li class='ez-toc-heading-level-3'><a class=\"ez-toc-link ez-toc-heading-35\" href=\"https:\/\/loudavymkrokem.cz\/fr\/varna-bulgarie-que-faire\/#Paie-t-on_en_euros_ou_en_leva_a_Varna\" >Paie-t-on en euros ou en leva \u00e0 Varna ?<\/a><\/li><li class='ez-toc-page-1 ez-toc-heading-level-3'><a class=\"ez-toc-link ez-toc-heading-36\" href=\"https:\/\/loudavymkrokem.cz\/fr\/varna-bulgarie-que-faire\/#Varna_convient-elle_aux_familles_avec_enfants\" >Varna convient-elle aux familles avec enfants ?<\/a><\/li><li class='ez-toc-page-1 ez-toc-heading-level-3'><a class=\"ez-toc-link ez-toc-heading-37\" href=\"https:\/\/loudavymkrokem.cz\/fr\/varna-bulgarie-que-faire\/#Comment_est_le_stationnement_a_Varna\" >Comment est le stationnement \u00e0 Varna ?<\/a><\/li><li class='ez-toc-page-1 ez-toc-heading-level-3'><a class=\"ez-toc-link ez-toc-heading-38\" href=\"https:\/\/loudavymkrokem.cz\/fr\/varna-bulgarie-que-faire\/#Peut-on_voler_directement_vers_Varna_depuis_la_France\" >Peut-on voler directement vers Varna depuis la France ?<\/a><\/li><li class='ez-toc-page-1 ez-toc-heading-level-3'><a class=\"ez-toc-link ez-toc-heading-39\" href=\"https:\/\/loudavymkrokem.cz\/fr\/varna-bulgarie-que-faire\/#Vaut-il_la_peine_de_se_rendre_a_Varna_en_dehors_des_vacances_dete\" >Vaut-il la peine de se rendre \u00e0 Varna en dehors des vacances d&rsquo;\u00e9t\u00e9 ?<\/a><\/li><li class='ez-toc-page-1 ez-toc-heading-level-3'><a class=\"ez-toc-link ez-toc-heading-40\" href=\"https:\/\/loudavymkrokem.cz\/fr\/varna-bulgarie-que-faire\/#Comment_se_rendre_de_Varna_aux_Sables_dOr\" >Comment se rendre de Varna aux Sables d&rsquo;Or ?<\/a><\/li><li class='ez-toc-page-1 ez-toc-heading-level-3'><a class=\"ez-toc-link ez-toc-heading-41\" href=\"https:\/\/loudavymkrokem.cz\/fr\/varna-bulgarie-que-faire\/#Varna_est-elle_une_ville_sure\" >Varna est-elle une ville s\u00fbre ?<\/a><\/li><\/ul><\/li><\/ul><\/nav><\/div>\n<h3 class=\"wp-block-heading\"><span class=\"ez-toc-section\" id=\"Resume_pour_ceux_qui_nont_pas_le_temps_de_tout_lire\"><\/span>R\u00e9sum\u00e9 pour ceux qui n&rsquo;ont pas le temps de tout lire<span class=\"ez-toc-section-end\"><\/span><\/h3>\n\n\n\n<ul class=\"wp-block-list\">\n\n<li><strong>Qu&rsquo;est-ce que Varna :<\/strong> la troisi\u00e8me plus grande ville de Bulgarie (plus de 322 000 habitants) et un port maritime important qui fonctionne toute l&rsquo;ann\u00e9e, pas seulement en \u00e9t\u00e9.<\/li>\n\n\n\n<li><strong>La plus grande attraction :<\/strong> le tr\u00e9sor d&rsquo;or de Varna, datant de 4600\u20134200 av. J.-C., qui repr\u00e9sente le plus vieil or travaill\u00e9 au monde.<\/li>\n\n\n\n<li><strong>Monnaie et prix :<\/strong> depuis le 1er janvier 2026, on paie en euros dans toute la Bulgarie. L&rsquo;affichage double des prix est d\u00e9sormais termin\u00e9.<\/li>\n\n\n\n<li><strong>Plages :<\/strong> la ville compte plus de 22 plages sur une longueur totale de 32 kilom\u00e8tres. Parmi les meilleures, la vaste plage Sud (Ju\u017een) ou la plus tranquille Asparuhovo.<\/li>\n\n\n\n<li><strong>Transports :<\/strong> l&rsquo;a\u00e9roport n&rsquo;est qu&rsquo;\u00e0 8 kilom\u00e8tres, le bus de la ligne 409 t&#8217;emm\u00e8ne au centre en moins de vingt minutes.<\/li>\n\n\n\n<li><strong>Quand partir :<\/strong> ao\u00fbt est le mois le plus sec et le plus chaud, mais pour la culture et le patrimoine, cela vaut le coup de venir aussi au printemps ou en automne.<\/li>\n\n\n\n<li><strong>Excursions dans les environs :<\/strong> depuis Varna, tu rejoins facilement les falaises du cap Kaliakra, le monast\u00e8re rupestre d&rsquo;Aladzha ou la for\u00eat de pierre unique en son genre (Pobiti Kamani).<\/li>\n\n\n<\/ul>\n\n\n\n<figure class=\"wp-block-table\"><table><thead><tr><th>#<\/th><th>Lieu<\/th><th>Type<\/th><th>Entr\u00e9e 2026<\/th><\/tr><\/thead><tbody><tr><td>1<\/td><td>Mus\u00e9e arch\u00e9ologique<\/td><td>Histoire<\/td><td>10,00 \u20ac<\/td><\/tr><tr><td>2<\/td><td>Thermes romains<\/td><td>Site antique<\/td><td>4,00 \u20ac<\/td><\/tr><tr><td>3<\/td><td>Cath\u00e9drale de la Dormition de la Vierge<\/td><td>\u00c9difice religieux<\/td><td>Gratuit<\/td><\/tr><tr><td>4<\/td><td>Mus\u00e9e naval<\/td><td>Histoire militaire<\/td><td>4,09 \u20ac (combin\u00e9)<\/td><\/tr><tr><td>5<\/td><td>Mus\u00e9e ethnographique<\/td><td>Culture et traditions<\/td><td>5,00 \u20ac<\/td><\/tr><tr><td>6<\/td><td>Mus\u00e9e r\u00e9tro (Grand Mall)<\/td><td>Histoire r\u00e9cente<\/td><td>Env. 15,34 \u20ac<\/td><\/tr><tr><td>7<\/td><td>Tour de l&rsquo;horloge<\/td><td>Architecture<\/td><td>Gratuit (ext\u00e9rieur)<\/td><\/tr><tr><td>8<\/td><td>Jardin de la Mer<\/td><td>Parc et d\u00e9tente<\/td><td>Gratuit<\/td><\/tr><tr><td>9<\/td><td>Aquarium<\/td><td>Nature<\/td><td>2,00 \u20ac<\/td><\/tr><tr><td>10<\/td><td>Delphinarium Festa<\/td><td>Divertissement<\/td><td>14,00 \u2013 26,00 \u20ac (selon saison)<\/td><\/tr><tr><td>11<\/td><td>Zoo de Varna<\/td><td>Nature<\/td><td>3,00 \u20ac<\/td><\/tr><tr><td>12<\/td><td>Plan\u00e9tarium N. Copernic<\/td><td>\u00c9ducation<\/td><td>3,58 \u20ac<\/td><\/tr><tr><td>13<\/td><td>Plages urbaines<\/td><td>Baignade<\/td><td>Gratuit (transats env. 3,5\u20135 \u20ac)<\/td><\/tr><tr><td>14<\/td><td>Parc-mus\u00e9e Vladislav Varnenchik<\/td><td>Histoire<\/td><td>4,09 \u20ac<\/td><\/tr><tr><td>15<\/td><td>Plage d&rsquo;Asparuhovo<\/td><td>Baignade<\/td><td>Gratuit<\/td><\/tr><tr><td>16<\/td><td>St-Constantin-et-H\u00e9l\u00e8ne<\/td><td>Thermes<\/td><td>Selon le resort choisi<\/td><\/tr><tr><td>17<\/td><td>Palais et jardins de Balchik<\/td><td>Excursion (histoire\/nature)<\/td><td>10,00 \u20ac (palais) + 10,00 \u20ac (jardin)<\/td><\/tr><tr><td>18<\/td><td>Cap Kaliakra<\/td><td>Excursion (nature\/histoire)<\/td><td>Env. 3,00 \u20ac<\/td><\/tr><tr><td>19<\/td><td>Monast\u00e8re d&rsquo;Aladzha<\/td><td>Excursion (monast\u00e8re rupestre)<\/td><td>5,00 \u20ac<\/td><\/tr><tr><td>20<\/td><td>Pobiti Kamani et le Cavalier de Madara<\/td><td>Excursion (nature\/UNESCO)<\/td><td>3,00 \u20ac \/ env. 3,58 \u20ac<\/td><\/tr><\/tbody><\/table><\/figure>\n\n\n\n<figure data-wp-context=\"{&quot;imageId&quot;:&quot;6a9c65420db53&quot;}\" data-wp-interactive=\"core\/image\" data-wp-key=\"6a9c65420db53\" class=\"wp-block-image size-full wp-lightbox-container\"><img decoding=\"async\" width=\"1800\" height=\"892\" data-wp-class--hide=\"state.isContentHidden\" data-wp-class--show=\"state.isContentVisible\" data-wp-init=\"callbacks.setButtonStyles\" data-wp-on--click=\"actions.showLightbox\" data-wp-on--load=\"callbacks.setButtonStyles\" data-wp-on--pointerdown=\"actions.preloadImage\" data-wp-on--pointerenter=\"actions.preloadImageWithDelay\" data-wp-on--pointerleave=\"actions.cancelPreload\" data-wp-on-window--resize=\"callbacks.setButtonStyles\" src=\"https:\/\/loudavymkrokem.cz\/wp-content\/uploads\/2026\/08\/bulharsko-research-varna-02-57328bc9.jpg\" alt=\"\u00c9tals de nourriture au march\u00e9 central de Varna\" class=\"wp-image-407777\" title=\"\" srcset=\"https:\/\/loudavymkrokem.cz\/wp-content\/uploads\/2026\/08\/bulharsko-research-varna-02-57328bc9.jpg 1800w, https:\/\/loudavymkrokem.cz\/wp-content\/uploads\/2026\/08\/bulharsko-research-varna-02-57328bc9-300x149.jpg 300w, https:\/\/loudavymkrokem.cz\/wp-content\/uploads\/2026\/08\/bulharsko-research-varna-02-57328bc9-700x347.jpg 700w, https:\/\/loudavymkrokem.cz\/wp-content\/uploads\/2026\/08\/bulharsko-research-varna-02-57328bc9-768x381.jpg 768w, https:\/\/loudavymkrokem.cz\/wp-content\/uploads\/2026\/08\/bulharsko-research-varna-02-57328bc9-1536x761.jpg 1536w, https:\/\/loudavymkrokem.cz\/wp-content\/uploads\/2026\/08\/bulharsko-research-varna-02-57328bc9-696x345.jpg 696w, https:\/\/loudavymkrokem.cz\/wp-content\/uploads\/2026\/08\/bulharsko-research-varna-02-57328bc9-1392x690.jpg 1392w\" sizes=\"(max-width: 1800px) 100vw, 1800px\" \/><button\n\t\t\tclass=\"lightbox-trigger\"\n\t\t\ttype=\"button\"\n\t\t\taria-haspopup=\"dialog\"\n\t\t\tdata-wp-bind--aria-label=\"state.thisImage.triggerButtonAriaLabel\"\n\t\t\tdata-wp-init=\"callbacks.initTriggerButton\"\n\t\t\tdata-wp-on--click=\"actions.showLightbox\"\n\t\t\tdata-wp-style--right=\"state.thisImage.buttonRight\"\n\t\t\tdata-wp-style--top=\"state.thisImage.buttonTop\"\n\t\t>\n\t\t\t<svg xmlns=\"http:\/\/www.w3.org\/2000\/svg\" width=\"12\" height=\"12\" fill=\"none\" viewBox=\"0 0 12 12\">\n\t\t\t\t<path fill=\"#fff\" d=\"M2 0a2 2 0 0 0-2 2v2h1.5V2a.5.5 0 0 1 .5-.5h2V0H2Zm2 10.5H2a.5.5 0 0 1-.5-.5V8H0v2a2 2 0 0 0 2 2h2v-1.5ZM8 12v-1.5h2a.5.5 0 0 0 .5-.5V8H12v2a2 2 0 0 1-2 2H8Zm2-12a2 2 0 0 1 2 2v2h-1.5V2a.5.5 0 0 0-.5-.5H8V0h2Z\" \/>\n\t\t\t<\/svg>\n\t\t<\/button><figcaption class=\"wp-element-caption\">Photo : Victoria Rangelova (Google Maps)<\/figcaption><\/figure>\n\n\n\n<h2 class=\"wp-block-heading\"><span class=\"ez-toc-section\" id=\"Combien_coute_un_sejour_a_Varna\"><\/span>Combien co\u00fbte un s\u00e9jour \u00e0 Varna<span class=\"ez-toc-section-end\"><\/span><\/h2>\n\n\n\n<p class=\"wp-block-paragraph\">La Bulgarie a <strong>officiellement adopt\u00e9 l&rsquo;euro le 1er janvier 2026<\/strong>. Le taux de conversion fixe a \u00e9t\u00e9 fix\u00e9 \u00e0 1 \u20ac = 1,95583 lv. La p\u00e9riode durant laquelle les prix devaient obligatoirement \u00eatre affich\u00e9s dans les deux monnaies s&rsquo;est termin\u00e9e le 8 ao\u00fbt 2026 : aujourd&rsquo;hui, sur les menus des restaurants et dans les boutiques, tu ne verras <strong>plus que des euros<\/strong>. Pour nous, c&rsquo;est un immense soulagement, car fini la chasse au bureau de change honn\u00eate et les conversions de levas.<\/p>\n\n\n\n<p class=\"wp-block-paragraph\">Quand tu pr\u00e9pares ton budget, fais tr\u00e8s attention \u00e0 l&rsquo;endroit o\u00f9 tu manges. <strong>\u00c0 Varna, il existe un foss\u00e9 \u00e9norme entre les \u00e9tablissements pour les habitants et la promenade touristique.<\/strong> Alors que dans une mehana traditionnelle du centre (le fameux quartier grec) tu paieras autour de 9 \u00e0 10 euros pour un plat principal v\u00e9g\u00e9tarien et un peu plus de 6 euros pour une salade chopska, sur la promenade en bord de plage (Krajbrezhna aleya) la m\u00eame salade peut te co\u00fbter jusqu&rsquo;\u00e0 14 euros et le plat principal grimper \u00e0 20, voire 30 euros. <strong>La diff\u00e9rence peut donc atteindre 200 \u00e0 300 pour cent.<\/strong><\/p>\n\n\n\n<p class=\"wp-block-paragraph\"><strong>Tableau des prix indicatifs \u00e0 Varna (2026) :<\/strong><\/p>\n\n\n\n<figure class=\"wp-block-table\"><table><thead><tr><th>Article<\/th><th>Prix en euros<\/th><\/tr><\/thead><tbody><tr><td>Ticket de transport (via l&rsquo;appli)<\/td><td>0,51 \u20ac<\/td><\/tr><tr><td>Prise en charge taxi \/ prix au km<\/td><td>1,58 \u20ac \/ 0,79 \u20ac<\/td><\/tr><tr><td>Espresso au caf\u00e9<\/td><td>1,99 \u20ac<\/td><\/tr><tr><td>Bi\u00e8re pression (0,5 l) au restaurant<\/td><td>2,50 \u2013 2,56 \u20ac<\/td><\/tr><tr><td>D\u00e9jeuner dans une mehana traditionnelle (hors plage)<\/td><td>10,00 \u2013 12,00 \u20ac<\/td><\/tr><tr><td>D\u00eener pour deux dans un resto de gamme moyenne<\/td><td>env. 52,00 \u20ac<\/td><\/tr><tr><td>Location d&rsquo;un transat sur la plage<\/td><td>3,50 \u2013 5,00 \u20ac<\/td><\/tr><tr><td>Entr\u00e9e dans les principaux mus\u00e9es<\/td><td>4,00 \u2013 10,00 \u20ac<\/td><\/tr><\/tbody><\/table><\/figure>\n\n\n\n<figure data-wp-context=\"{&quot;imageId&quot;:&quot;6a9c65420e35d&quot;}\" data-wp-interactive=\"core\/image\" data-wp-key=\"6a9c65420e35d\" class=\"wp-block-image size-full wp-lightbox-container\"><img decoding=\"async\" width=\"1800\" height=\"1350\" data-wp-class--hide=\"state.isContentHidden\" data-wp-class--show=\"state.isContentVisible\" data-wp-init=\"callbacks.setButtonStyles\" data-wp-on--click=\"actions.showLightbox\" data-wp-on--load=\"callbacks.setButtonStyles\" data-wp-on--pointerdown=\"actions.preloadImage\" data-wp-on--pointerenter=\"actions.preloadImageWithDelay\" data-wp-on--pointerleave=\"actions.cancelPreload\" data-wp-on-window--resize=\"callbacks.setButtonStyles\" src=\"https:\/\/loudavymkrokem.cz\/wp-content\/uploads\/2026\/08\/bulharsko-research-varna-03-2c415b95.jpg\" alt=\"Trolleybus \u0160koda \u00e0 Varna\" class=\"wp-image-407778\" title=\"\" srcset=\"https:\/\/loudavymkrokem.cz\/wp-content\/uploads\/2026\/08\/bulharsko-research-varna-03-2c415b95.jpg 1800w, https:\/\/loudavymkrokem.cz\/wp-content\/uploads\/2026\/08\/bulharsko-research-varna-03-2c415b95-300x225.jpg 300w, https:\/\/loudavymkrokem.cz\/wp-content\/uploads\/2026\/08\/bulharsko-research-varna-03-2c415b95-700x525.jpg 700w, https:\/\/loudavymkrokem.cz\/wp-content\/uploads\/2026\/08\/bulharsko-research-varna-03-2c415b95-768x576.jpg 768w, https:\/\/loudavymkrokem.cz\/wp-content\/uploads\/2026\/08\/bulharsko-research-varna-03-2c415b95-1536x1152.jpg 1536w, https:\/\/loudavymkrokem.cz\/wp-content\/uploads\/2026\/08\/bulharsko-research-varna-03-2c415b95-80x60.jpg 80w, https:\/\/loudavymkrokem.cz\/wp-content\/uploads\/2026\/08\/bulharsko-research-varna-03-2c415b95-160x120.jpg 160w, https:\/\/loudavymkrokem.cz\/wp-content\/uploads\/2026\/08\/bulharsko-research-varna-03-2c415b95-696x522.jpg 696w, https:\/\/loudavymkrokem.cz\/wp-content\/uploads\/2026\/08\/bulharsko-research-varna-03-2c415b95-1392x1044.jpg 1392w\" sizes=\"(max-width: 1800px) 100vw, 1800px\" \/><button\n\t\t\tclass=\"lightbox-trigger\"\n\t\t\ttype=\"button\"\n\t\t\taria-haspopup=\"dialog\"\n\t\t\tdata-wp-bind--aria-label=\"state.thisImage.triggerButtonAriaLabel\"\n\t\t\tdata-wp-init=\"callbacks.initTriggerButton\"\n\t\t\tdata-wp-on--click=\"actions.showLightbox\"\n\t\t\tdata-wp-style--right=\"state.thisImage.buttonRight\"\n\t\t\tdata-wp-style--top=\"state.thisImage.buttonTop\"\n\t\t>\n\t\t\t<svg xmlns=\"http:\/\/www.w3.org\/2000\/svg\" width=\"12\" height=\"12\" fill=\"none\" viewBox=\"0 0 12 12\">\n\t\t\t\t<path fill=\"#fff\" d=\"M2 0a2 2 0 0 0-2 2v2h1.5V2a.5.5 0 0 1 .5-.5h2V0H2Zm2 10.5H2a.5.5 0 0 1-.5-.5V8H0v2a2 2 0 0 0 2 2h2v-1.5ZM8 12v-1.5h2a.5.5 0 0 0 .5-.5V8H12v2a2 2 0 0 1-2 2H8Zm2-12a2 2 0 0 1 2 2v2h-1.5V2a.5.5 0 0 0-.5-.5H8V0h2Z\" \/>\n\t\t\t<\/svg>\n\t\t<\/button><figcaption class=\"wp-element-caption\">Photo : Powerfox, CC BY-SA 4.0 (Wikimedia Commons)<\/figcaption><\/figure>\n\n\n\n<h2 class=\"wp-block-heading\"><span class=\"ez-toc-section\" id=\"Comment_se_rendre_a_Varna_et_sy_deplacer\"><\/span>Comment se rendre \u00e0 Varna et s&rsquo;y d\u00e9placer<span class=\"ez-toc-section-end\"><\/span><\/h2>\n\n\n\n<p class=\"wp-block-paragraph\">L&rsquo;<a href=\"https:\/\/varna-airport.bg\/\" rel=\"nofollow noopener\" target=\"_blank\">a\u00e9roport de Varna (VAR)<\/a> se trouve <strong>\u00e0 seulement 8 kilom\u00e8tres \u00e0 l&rsquo;ouest du centre<\/strong>. Il accueille pr\u00e8s de deux millions de passagers par an et, en \u00e9t\u00e9, des compagnies comme easyJet, Transavia ou Ryanair proposent des vols depuis Paris, Lyon ou Marseille (souvent avec une escale, mais aussi quelques liaisons saisonni\u00e8res directes). Le trajet de l&rsquo;a\u00e9roport au centre est ultra rapide et te prendra <strong>moins de 20 minutes<\/strong>.<\/p>\n\n\n\n<p class=\"wp-block-paragraph\">Le moyen le moins cher depuis l&rsquo;a\u00e9roport est la <strong>ligne de bus 409<\/strong>, qui passe par la gare routi\u00e8re avant de rejoindre directement le centre pr\u00e8s de la cath\u00e9drale, puis continue en \u00e9t\u00e9 jusqu&rsquo;\u00e0 Golden Sands. Mais attention, un <strong>gros pi\u00e8ge \u00e0 touristes<\/strong> te guette ici. Cette ligne est desservie en parall\u00e8le par deux compagnies diff\u00e9rentes. Si tu ach\u00e8tes ton ticket au distributeur, il n&rsquo;est valable que dans les bus de la r\u00e9gie municipale Gradski Transport. Si c&rsquo;est un bus du second transporteur qui s&rsquo;arr\u00eate, tu dois racheter un ticket aupr\u00e8s du contr\u00f4leur \u00e0 bord.<\/p>\n\n\n\n<p class=\"wp-block-paragraph\">Pour se d\u00e9placer en ville, les transports en commun sont assez fiables, mais ils ont leurs subtilit\u00e9s. <strong>Les distributeurs aux arr\u00eats n&rsquo;acceptent que les pi\u00e8ces en euros.<\/strong> Aucun billet, aucune carte. Si tu n&rsquo;as pas de monnaie, tu ne pourras tout simplement pas acheter de ticket. La meilleure solution est sans conteste de t\u00e9l\u00e9charger la <strong>nouvelle appli <a href=\"https:\/\/varnatraffic.com\/\" rel=\"nofollow noopener\" target=\"_blank\">TTickets Varna<\/a><\/strong>. Non seulement tu y paies par carte, mais le ticket \u00e9lectronique ne co\u00fbte <strong>que 0,51 \u20ac<\/strong>, alors que le ticket papier au distributeur te revient \u00e0 1 euro tout rond.<\/p>\n\n\n\n<p class=\"wp-block-paragraph\">Si tu pr\u00e9vois de louer une voiture, pr\u00e9pare-toi aux particularit\u00e9s du stationnement local. <strong>La zone bleue du centre de Varna s&rsquo;applique du lundi au dimanche<\/strong>, c&rsquo;est le pi\u00e8ge le plus courant pour les touristes qui pensent stationner gratuitement le week-end. En plus, Varna <strong>n&rsquo;a pas d&rsquo;horodateurs classiques<\/strong>. Le stationnement (0,51 \u20ac de l&rsquo;heure) se paie par SMS, ce qui est souvent peu fiable depuis un num\u00e9ro fran\u00e7ais, ou bien mieux <strong>via l&rsquo;appli MPark<\/strong>. Si tu ne paies pas, le sabot te co\u00fbtera plus de 10 euros \u2014 que tu peux d&rsquo;ailleurs r\u00e9gler directement en ligne sans attendre \u00e0 c\u00f4t\u00e9 de la voiture.<\/p>\n\n\n\n<p class=\"wp-block-paragraph\">Les taxis sont plut\u00f4t bon march\u00e9 \u00e0 Varna, avec un tarif de jour de <strong>0,79 \u20ac le kilom\u00e8tre<\/strong>. Choisis toujours des compagnies s\u00e9rieuses (par exemple Triumf, Omega Trans ou Hippo) et retiens que <strong>ni Bolt ni Uber ne proposent de courses \u00e0 Varna<\/strong> (Bolt n&rsquo;y propose que des trottinettes et la livraison de repas). R\u00e9server un taxi par t\u00e9l\u00e9phone ou via l&rsquo;appli de la compagnie est gratuit, inutile donc de h\u00e9ler une voiture au hasard dans la rue, au risque de te faire surfacturer.<\/p>\n\n\n\n<figure data-wp-context=\"{&quot;imageId&quot;:&quot;6a9c65420ea2d&quot;}\" data-wp-interactive=\"core\/image\" data-wp-key=\"6a9c65420ea2d\" class=\"wp-block-image size-full wp-lightbox-container\"><img decoding=\"async\" width=\"1800\" height=\"1012\" data-wp-class--hide=\"state.isContentHidden\" data-wp-class--show=\"state.isContentVisible\" data-wp-init=\"callbacks.setButtonStyles\" data-wp-on--click=\"actions.showLightbox\" data-wp-on--load=\"callbacks.setButtonStyles\" data-wp-on--pointerdown=\"actions.preloadImage\" data-wp-on--pointerenter=\"actions.preloadImageWithDelay\" data-wp-on--pointerleave=\"actions.cancelPreload\" data-wp-on-window--resize=\"callbacks.setButtonStyles\" src=\"https:\/\/loudavymkrokem.cz\/wp-content\/uploads\/2026\/08\/bulharsko-research-varna-04-0df9e0d1.jpg\" alt=\"B\u00e2timent du mus\u00e9e arch\u00e9ologique de Varna, ancien lyc\u00e9e de jeunes filles\" class=\"wp-image-407779\" title=\"\" srcset=\"https:\/\/loudavymkrokem.cz\/wp-content\/uploads\/2026\/08\/bulharsko-research-varna-04-0df9e0d1.jpg 1800w, https:\/\/loudavymkrokem.cz\/wp-content\/uploads\/2026\/08\/bulharsko-research-varna-04-0df9e0d1-300x169.jpg 300w, https:\/\/loudavymkrokem.cz\/wp-content\/uploads\/2026\/08\/bulharsko-research-varna-04-0df9e0d1-700x394.jpg 700w, https:\/\/loudavymkrokem.cz\/wp-content\/uploads\/2026\/08\/bulharsko-research-varna-04-0df9e0d1-768x432.jpg 768w, https:\/\/loudavymkrokem.cz\/wp-content\/uploads\/2026\/08\/bulharsko-research-varna-04-0df9e0d1-1536x864.jpg 1536w, https:\/\/loudavymkrokem.cz\/wp-content\/uploads\/2026\/08\/bulharsko-research-varna-04-0df9e0d1-696x391.jpg 696w, https:\/\/loudavymkrokem.cz\/wp-content\/uploads\/2026\/08\/bulharsko-research-varna-04-0df9e0d1-1392x783.jpg 1392w\" sizes=\"(max-width: 1800px) 100vw, 1800px\" \/><button\n\t\t\tclass=\"lightbox-trigger\"\n\t\t\ttype=\"button\"\n\t\t\taria-haspopup=\"dialog\"\n\t\t\tdata-wp-bind--aria-label=\"state.thisImage.triggerButtonAriaLabel\"\n\t\t\tdata-wp-init=\"callbacks.initTriggerButton\"\n\t\t\tdata-wp-on--click=\"actions.showLightbox\"\n\t\t\tdata-wp-style--right=\"state.thisImage.buttonRight\"\n\t\t\tdata-wp-style--top=\"state.thisImage.buttonTop\"\n\t\t>\n\t\t\t<svg xmlns=\"http:\/\/www.w3.org\/2000\/svg\" width=\"12\" height=\"12\" fill=\"none\" viewBox=\"0 0 12 12\">\n\t\t\t\t<path fill=\"#fff\" d=\"M2 0a2 2 0 0 0-2 2v2h1.5V2a.5.5 0 0 1 .5-.5h2V0H2Zm2 10.5H2a.5.5 0 0 1-.5-.5V8H0v2a2 2 0 0 0 2 2h2v-1.5ZM8 12v-1.5h2a.5.5 0 0 0 .5-.5V8H12v2a2 2 0 0 1-2 2H8Zm2-12a2 2 0 0 1 2 2v2h-1.5V2a.5.5 0 0 0-.5-.5H8V0h2Z\" \/>\n\t\t\t<\/svg>\n\t\t<\/button><figcaption class=\"wp-element-caption\">Photo : karel291, CC BY 3.0 (Wikimedia Commons)<\/figcaption><\/figure>\n\n\n\n<h2 class=\"wp-block-heading\"><span class=\"ez-toc-section\" id=\"Le_centre_historique_et_les_musees\"><\/span>Le centre historique et les mus\u00e9es<span class=\"ez-toc-section-end\"><\/span><\/h2>\n\n\n\n<p class=\"wp-block-paragraph\">Varna poss\u00e8de un <strong>centre magnifique et compact<\/strong>, qui se <strong>d\u00e9couvre le mieux \u00e0 pied<\/strong>. Tu y croiseras les vestiges de la puissante Rome, des collections stup\u00e9fiantes datant de l&rsquo;aube de l&rsquo;humanit\u00e9, mais aussi des t\u00e9moignages de l&rsquo;histoire r\u00e9cente.<\/p>\n\n\n\n<figure data-wp-context=\"{&quot;imageId&quot;:&quot;6a9c65420f0ba&quot;}\" data-wp-interactive=\"core\/image\" data-wp-key=\"6a9c65420f0ba\" class=\"wp-block-image size-full wp-lightbox-container\"><img decoding=\"async\" width=\"1800\" height=\"1207\" data-wp-class--hide=\"state.isContentHidden\" data-wp-class--show=\"state.isContentVisible\" data-wp-init=\"callbacks.setButtonStyles\" data-wp-on--click=\"actions.showLightbox\" data-wp-on--load=\"callbacks.setButtonStyles\" data-wp-on--pointerdown=\"actions.preloadImage\" data-wp-on--pointerenter=\"actions.preloadImageWithDelay\" data-wp-on--pointerleave=\"actions.cancelPreload\" data-wp-on-window--resize=\"callbacks.setButtonStyles\" src=\"https:\/\/loudavymkrokem.cz\/wp-content\/uploads\/2026\/08\/bulharsko-research-varna-05-d71bfb98.jpg\" alt=\"Le tr\u00e9sor d&#039;or de Varna au mus\u00e9e arch\u00e9ologique\" class=\"wp-image-407780\" title=\"\" srcset=\"https:\/\/loudavymkrokem.cz\/wp-content\/uploads\/2026\/08\/bulharsko-research-varna-05-d71bfb98.jpg 1800w, https:\/\/loudavymkrokem.cz\/wp-content\/uploads\/2026\/08\/bulharsko-research-varna-05-d71bfb98-300x201.jpg 300w, https:\/\/loudavymkrokem.cz\/wp-content\/uploads\/2026\/08\/bulharsko-research-varna-05-d71bfb98-700x469.jpg 700w, https:\/\/loudavymkrokem.cz\/wp-content\/uploads\/2026\/08\/bulharsko-research-varna-05-d71bfb98-768x515.jpg 768w, https:\/\/loudavymkrokem.cz\/wp-content\/uploads\/2026\/08\/bulharsko-research-varna-05-d71bfb98-1536x1030.jpg 1536w, https:\/\/loudavymkrokem.cz\/wp-content\/uploads\/2026\/08\/bulharsko-research-varna-05-d71bfb98-696x467.jpg 696w, https:\/\/loudavymkrokem.cz\/wp-content\/uploads\/2026\/08\/bulharsko-research-varna-05-d71bfb98-1392x933.jpg 1392w\" sizes=\"(max-width: 1800px) 100vw, 1800px\" \/><button\n\t\t\tclass=\"lightbox-trigger\"\n\t\t\ttype=\"button\"\n\t\t\taria-haspopup=\"dialog\"\n\t\t\tdata-wp-bind--aria-label=\"state.thisImage.triggerButtonAriaLabel\"\n\t\t\tdata-wp-init=\"callbacks.initTriggerButton\"\n\t\t\tdata-wp-on--click=\"actions.showLightbox\"\n\t\t\tdata-wp-style--right=\"state.thisImage.buttonRight\"\n\t\t\tdata-wp-style--top=\"state.thisImage.buttonTop\"\n\t\t>\n\t\t\t<svg xmlns=\"http:\/\/www.w3.org\/2000\/svg\" width=\"12\" height=\"12\" fill=\"none\" viewBox=\"0 0 12 12\">\n\t\t\t\t<path fill=\"#fff\" d=\"M2 0a2 2 0 0 0-2 2v2h1.5V2a.5.5 0 0 1 .5-.5h2V0H2Zm2 10.5H2a.5.5 0 0 1-.5-.5V8H0v2a2 2 0 0 0 2 2h2v-1.5ZM8 12v-1.5h2a.5.5 0 0 0 .5-.5V8H12v2a2 2 0 0 1-2 2H8Zm2-12a2 2 0 0 1 2 2v2h-1.5V2a.5.5 0 0 0-.5-.5H8V0h2Z\" \/>\n\t\t\t<\/svg>\n\t\t<\/button><figcaption class=\"wp-element-caption\">Photo : Ivano Giambattista, CC0 (Wikimedia Commons)<\/figcaption><\/figure>\n\n\n\n<h3 class=\"wp-block-heading\"><span class=\"ez-toc-section\" id=\"1_Le_musee_archeologique_et_le_plus_vieil_or_du_monde\"><\/span>1. Le mus\u00e9e arch\u00e9ologique et le plus vieil or du monde<span class=\"ez-toc-section-end\"><\/span><\/h3>\n\n\n\n<p class=\"wp-block-paragraph\">Ce n&rsquo;est pas un simple mus\u00e9e municipal. C&rsquo;est ici qu&rsquo;est expos\u00e9 le c\u00e9l\u00e8bre <strong>tr\u00e9sor d&rsquo;or de Varna<\/strong>, d\u00e9couvert par hasard par un conducteur de pelleteuse en 1972. Les recherches ont montr\u00e9 que ces objets datent d&rsquo;environ <strong>4600\u20134200 av. J.-C.<\/strong>, ce qui en fait le plus vieil or travaill\u00e9 jamais trouv\u00e9 o\u00f9 que ce soit dans le monde. Le poids et le nombre de ces objets en or d\u00e9passent de plusieurs fois l&rsquo;ensemble de tous les objets en or de la m\u00eame \u00e9poque retrouv\u00e9s dans le monde entier, M\u00e9sopotamie et \u00c9gypte comprises.<\/p>\n\n\n\n<p class=\"wp-block-paragraph\">La pi\u00e8ce la plus c\u00e9l\u00e8bre est la r\u00e9plique de la <strong>tombe n\u00b0 43<\/strong>, qui contenait plus de mille objets en or pesant plus de 1,5 kilogramme. On a longtemps cru qu&rsquo;il s&rsquo;agissait des restes d&rsquo;un puissant prince, mais l&rsquo;arch\u00e9ologie moderne penche d\u00e9sormais pour un <strong>forgeron de haut rang<\/strong>. Le mus\u00e9e lui-m\u00eame occupe le magnifique b\u00e2timent d&rsquo;un ancien lyc\u00e9e de jeunes filles. \ud83d\udca1 <strong>Astuce :<\/strong> les billets \u00e0 10 \u20ac s&rsquo;ach\u00e8tent <strong>uniquement \u00e0 la caisse physique<\/strong>, le mus\u00e9e met en garde contre la revente en ligne. En basse saison (d&rsquo;octobre \u00e0 avril), il est en plus ferm\u00e9 le dimanche et le lundi.<\/p>\n\n\n\n<figure data-wp-context=\"{&quot;imageId&quot;:&quot;6a9c65420f66d&quot;}\" data-wp-interactive=\"core\/image\" data-wp-key=\"6a9c65420f66d\" class=\"wp-block-image size-full wp-lightbox-container\"><img decoding=\"async\" width=\"1800\" height=\"1200\" data-wp-class--hide=\"state.isContentHidden\" data-wp-class--show=\"state.isContentVisible\" data-wp-init=\"callbacks.setButtonStyles\" data-wp-on--click=\"actions.showLightbox\" data-wp-on--load=\"callbacks.setButtonStyles\" data-wp-on--pointerdown=\"actions.preloadImage\" data-wp-on--pointerenter=\"actions.preloadImageWithDelay\" data-wp-on--pointerleave=\"actions.cancelPreload\" data-wp-on-window--resize=\"callbacks.setButtonStyles\" src=\"https:\/\/loudavymkrokem.cz\/wp-content\/uploads\/2026\/08\/bulharsko-research-varna-06-51bd3e82.jpg\" alt=\"Les thermes romains de Varna\" class=\"wp-image-407781\" title=\"\" srcset=\"https:\/\/loudavymkrokem.cz\/wp-content\/uploads\/2026\/08\/bulharsko-research-varna-06-51bd3e82.jpg 1800w, https:\/\/loudavymkrokem.cz\/wp-content\/uploads\/2026\/08\/bulharsko-research-varna-06-51bd3e82-300x200.jpg 300w, https:\/\/loudavymkrokem.cz\/wp-content\/uploads\/2026\/08\/bulharsko-research-varna-06-51bd3e82-700x467.jpg 700w, https:\/\/loudavymkrokem.cz\/wp-content\/uploads\/2026\/08\/bulharsko-research-varna-06-51bd3e82-768x512.jpg 768w, https:\/\/loudavymkrokem.cz\/wp-content\/uploads\/2026\/08\/bulharsko-research-varna-06-51bd3e82-1536x1024.jpg 1536w, https:\/\/loudavymkrokem.cz\/wp-content\/uploads\/2026\/08\/bulharsko-research-varna-06-51bd3e82-696x464.jpg 696w, https:\/\/loudavymkrokem.cz\/wp-content\/uploads\/2026\/08\/bulharsko-research-varna-06-51bd3e82-1392x928.jpg 1392w\" sizes=\"(max-width: 1800px) 100vw, 1800px\" \/><button\n\t\t\tclass=\"lightbox-trigger\"\n\t\t\ttype=\"button\"\n\t\t\taria-haspopup=\"dialog\"\n\t\t\tdata-wp-bind--aria-label=\"state.thisImage.triggerButtonAriaLabel\"\n\t\t\tdata-wp-init=\"callbacks.initTriggerButton\"\n\t\t\tdata-wp-on--click=\"actions.showLightbox\"\n\t\t\tdata-wp-style--right=\"state.thisImage.buttonRight\"\n\t\t\tdata-wp-style--top=\"state.thisImage.buttonTop\"\n\t\t>\n\t\t\t<svg xmlns=\"http:\/\/www.w3.org\/2000\/svg\" width=\"12\" height=\"12\" fill=\"none\" viewBox=\"0 0 12 12\">\n\t\t\t\t<path fill=\"#fff\" d=\"M2 0a2 2 0 0 0-2 2v2h1.5V2a.5.5 0 0 1 .5-.5h2V0H2Zm2 10.5H2a.5.5 0 0 1-.5-.5V8H0v2a2 2 0 0 0 2 2h2v-1.5ZM8 12v-1.5h2a.5.5 0 0 0 .5-.5V8H12v2a2 2 0 0 1-2 2H8Zm2-12a2 2 0 0 1 2 2v2h-1.5V2a.5.5 0 0 0-.5-.5H8V0h2Z\" \/>\n\t\t\t<\/svg>\n\t\t<\/button><figcaption class=\"wp-element-caption\">Photo : Dina Rogatnykh, CC BY-SA 4.0 (Wikimedia Commons)<\/figcaption><\/figure>\n\n\n\n<h3 class=\"wp-block-heading\"><span class=\"ez-toc-section\" id=\"2_Les_thermes_romains_Odessos\"><\/span>2. Les thermes romains (Odessos)<span class=\"ez-toc-section-end\"><\/span><\/h3>\n\n\n\n<p class=\"wp-block-paragraph\">En plein c\u0153ur de la ville, dissimul\u00e9es entre des immeubles d&rsquo;habitation, se dressent les ruines de l&rsquo;antique Odessos. Ces thermes, construits au tournant des IIe et IIIe si\u00e8cles de notre \u00e8re, s&rsquo;\u00e9tendent sur une surface impressionnante de plus de 7 000 m\u00e8tres carr\u00e9s. Ce sont les <strong>plus grands thermes romains des Balkans<\/strong> et, selon l&rsquo;office de tourisme de Varna, m\u00eame les quatri\u00e8mes plus grands d&rsquo;Europe.<\/p>\n\n\n\n<p class=\"wp-block-paragraph\">En te promenant entre les murs massifs, qui s&rsquo;\u00e9l\u00e8vent par endroits jusqu&rsquo;\u00e0 22 m\u00e8tres, tu distingueras parfaitement le syst\u00e8me de chauffage par le sol (hypocauste). Leur datation a \u00e9t\u00e9 rendue possible gr\u00e2ce \u00e0 la d\u00e9couverte de pi\u00e8ces datant de l&#8217;empereur Septime S\u00e9v\u00e8re. En \u00e9t\u00e9, les ruines illumin\u00e9es servent de d\u00e9cor absolument magique aux pi\u00e8ces de th\u00e9\u00e2tre et aux concerts. \ud83d\udca1 <strong>Astuce :<\/strong> l&rsquo;entr\u00e9e de base est \u00e0 4 \u20ac. Si tu voyages hors saison, retiens que les <strong>thermes ont un jour de fermeture invers\u00e9 en hiver<\/strong> : tu ne pourras pas y entrer le dimanche et le lundi. (Attention, les plus petits Thermes romains voisins sont souvent ferm\u00e9s, v\u00e9rifie l&rsquo;acc\u00e8s sur place.)<\/p>\n\n\n\n<figure data-wp-context=\"{&quot;imageId&quot;:&quot;6a9c65420fb63&quot;}\" data-wp-interactive=\"core\/image\" data-wp-key=\"6a9c65420fb63\" class=\"wp-block-image size-full wp-lightbox-container\"><img decoding=\"async\" width=\"1800\" height=\"1572\" data-wp-class--hide=\"state.isContentHidden\" data-wp-class--show=\"state.isContentVisible\" data-wp-init=\"callbacks.setButtonStyles\" data-wp-on--click=\"actions.showLightbox\" data-wp-on--load=\"callbacks.setButtonStyles\" data-wp-on--pointerdown=\"actions.preloadImage\" data-wp-on--pointerenter=\"actions.preloadImageWithDelay\" data-wp-on--pointerleave=\"actions.cancelPreload\" data-wp-on-window--resize=\"callbacks.setButtonStyles\" src=\"https:\/\/loudavymkrokem.cz\/wp-content\/uploads\/2026\/08\/bulharsko-research-varna-07-df780fd6.jpg\" alt=\"Cath\u00e9drale de la Dormition de la Vierge \u00e0 Varna\" class=\"wp-image-407782\" title=\"\" srcset=\"https:\/\/loudavymkrokem.cz\/wp-content\/uploads\/2026\/08\/bulharsko-research-varna-07-df780fd6.jpg 1800w, https:\/\/loudavymkrokem.cz\/wp-content\/uploads\/2026\/08\/bulharsko-research-varna-07-df780fd6-300x262.jpg 300w, https:\/\/loudavymkrokem.cz\/wp-content\/uploads\/2026\/08\/bulharsko-research-varna-07-df780fd6-700x611.jpg 700w, https:\/\/loudavymkrokem.cz\/wp-content\/uploads\/2026\/08\/bulharsko-research-varna-07-df780fd6-768x671.jpg 768w, https:\/\/loudavymkrokem.cz\/wp-content\/uploads\/2026\/08\/bulharsko-research-varna-07-df780fd6-1536x1341.jpg 1536w, https:\/\/loudavymkrokem.cz\/wp-content\/uploads\/2026\/08\/bulharsko-research-varna-07-df780fd6-696x608.jpg 696w, https:\/\/loudavymkrokem.cz\/wp-content\/uploads\/2026\/08\/bulharsko-research-varna-07-df780fd6-1392x1216.jpg 1392w\" sizes=\"(max-width: 1800px) 100vw, 1800px\" \/><button\n\t\t\tclass=\"lightbox-trigger\"\n\t\t\ttype=\"button\"\n\t\t\taria-haspopup=\"dialog\"\n\t\t\tdata-wp-bind--aria-label=\"state.thisImage.triggerButtonAriaLabel\"\n\t\t\tdata-wp-init=\"callbacks.initTriggerButton\"\n\t\t\tdata-wp-on--click=\"actions.showLightbox\"\n\t\t\tdata-wp-style--right=\"state.thisImage.buttonRight\"\n\t\t\tdata-wp-style--top=\"state.thisImage.buttonTop\"\n\t\t>\n\t\t\t<svg xmlns=\"http:\/\/www.w3.org\/2000\/svg\" width=\"12\" height=\"12\" fill=\"none\" viewBox=\"0 0 12 12\">\n\t\t\t\t<path fill=\"#fff\" d=\"M2 0a2 2 0 0 0-2 2v2h1.5V2a.5.5 0 0 1 .5-.5h2V0H2Zm2 10.5H2a.5.5 0 0 1-.5-.5V8H0v2a2 2 0 0 0 2 2h2v-1.5ZM8 12v-1.5h2a.5.5 0 0 0 .5-.5V8H12v2a2 2 0 0 1-2 2H8Zm2-12a2 2 0 0 1 2 2v2h-1.5V2a.5.5 0 0 0-.5-.5H8V0h2Z\" \/>\n\t\t\t<\/svg>\n\t\t<\/button><figcaption class=\"wp-element-caption\">Photo : MrPanyGoff, CC BY-SA 3.0 (Wikimedia Commons)<\/figcaption><\/figure>\n\n\n\n<h3 class=\"wp-block-heading\"><span class=\"ez-toc-section\" id=\"3_La_cathedrale_de_la_Dormition_de_la_Vierge\"><\/span>3. La cath\u00e9drale de la Dormition de la Vierge<span class=\"ez-toc-section-end\"><\/span><\/h3>\n\n\n\n<p class=\"wp-block-paragraph\">Les coupoles dor\u00e9es de cet \u00e9difice monumental constituent le principal point de rep\u00e8re de tout Varna. La cath\u00e9drale a \u00e9t\u00e9 construite sur le mod\u00e8le de l&rsquo;\u00e9glise de Peterhof, en Russie, et sa premi\u00e8re pierre a \u00e9t\u00e9 pos\u00e9e par le prince Alexandre Ier de Battenberg en 1880. \u00c0 l&rsquo;int\u00e9rieur, tu seras \u00e9bloui par les fresques richement d\u00e9cor\u00e9es et le superbe iconostase en bois. En ao\u00fbt 2026, la cath\u00e9drale c\u00e9l\u00e8bre exactement <strong>140 ans depuis son premier office<\/strong>. \ud83d\udca1 <strong>Astuce :<\/strong> l&rsquo;entr\u00e9e de la cath\u00e9drale est <strong>enti\u00e8rement gratuite<\/strong> et elle est ouverte tous les jours de 7h00 \u00e0 17h30.<\/p>\n\n\n\n<figure data-wp-context=\"{&quot;imageId&quot;:&quot;6a9c6542100f7&quot;}\" data-wp-interactive=\"core\/image\" data-wp-key=\"6a9c6542100f7\" class=\"wp-block-image size-full wp-lightbox-container\"><img decoding=\"async\" width=\"1800\" height=\"1350\" data-wp-class--hide=\"state.isContentHidden\" data-wp-class--show=\"state.isContentVisible\" data-wp-init=\"callbacks.setButtonStyles\" data-wp-on--click=\"actions.showLightbox\" data-wp-on--load=\"callbacks.setButtonStyles\" data-wp-on--pointerdown=\"actions.preloadImage\" data-wp-on--pointerenter=\"actions.preloadImageWithDelay\" data-wp-on--pointerleave=\"actions.cancelPreload\" data-wp-on-window--resize=\"callbacks.setButtonStyles\" src=\"https:\/\/loudavymkrokem.cz\/wp-content\/uploads\/2026\/08\/bulharsko-research-varna-08-0a22195f.jpg\" alt=\"Le torpilleur Drazki au mus\u00e9e naval de Varna\" class=\"wp-image-407783\" title=\"\" srcset=\"https:\/\/loudavymkrokem.cz\/wp-content\/uploads\/2026\/08\/bulharsko-research-varna-08-0a22195f.jpg 1800w, https:\/\/loudavymkrokem.cz\/wp-content\/uploads\/2026\/08\/bulharsko-research-varna-08-0a22195f-300x225.jpg 300w, https:\/\/loudavymkrokem.cz\/wp-content\/uploads\/2026\/08\/bulharsko-research-varna-08-0a22195f-700x525.jpg 700w, https:\/\/loudavymkrokem.cz\/wp-content\/uploads\/2026\/08\/bulharsko-research-varna-08-0a22195f-768x576.jpg 768w, https:\/\/loudavymkrokem.cz\/wp-content\/uploads\/2026\/08\/bulharsko-research-varna-08-0a22195f-1536x1152.jpg 1536w, https:\/\/loudavymkrokem.cz\/wp-content\/uploads\/2026\/08\/bulharsko-research-varna-08-0a22195f-80x60.jpg 80w, https:\/\/loudavymkrokem.cz\/wp-content\/uploads\/2026\/08\/bulharsko-research-varna-08-0a22195f-160x120.jpg 160w, https:\/\/loudavymkrokem.cz\/wp-content\/uploads\/2026\/08\/bulharsko-research-varna-08-0a22195f-696x522.jpg 696w, https:\/\/loudavymkrokem.cz\/wp-content\/uploads\/2026\/08\/bulharsko-research-varna-08-0a22195f-1392x1044.jpg 1392w\" sizes=\"(max-width: 1800px) 100vw, 1800px\" \/><button\n\t\t\tclass=\"lightbox-trigger\"\n\t\t\ttype=\"button\"\n\t\t\taria-haspopup=\"dialog\"\n\t\t\tdata-wp-bind--aria-label=\"state.thisImage.triggerButtonAriaLabel\"\n\t\t\tdata-wp-init=\"callbacks.initTriggerButton\"\n\t\t\tdata-wp-on--click=\"actions.showLightbox\"\n\t\t\tdata-wp-style--right=\"state.thisImage.buttonRight\"\n\t\t\tdata-wp-style--top=\"state.thisImage.buttonTop\"\n\t\t>\n\t\t\t<svg xmlns=\"http:\/\/www.w3.org\/2000\/svg\" width=\"12\" height=\"12\" fill=\"none\" viewBox=\"0 0 12 12\">\n\t\t\t\t<path fill=\"#fff\" d=\"M2 0a2 2 0 0 0-2 2v2h1.5V2a.5.5 0 0 1 .5-.5h2V0H2Zm2 10.5H2a.5.5 0 0 1-.5-.5V8H0v2a2 2 0 0 0 2 2h2v-1.5ZM8 12v-1.5h2a.5.5 0 0 0 .5-.5V8H12v2a2 2 0 0 1-2 2H8Zm2-12a2 2 0 0 1 2 2v2h-1.5V2a.5.5 0 0 0-.5-.5H8V0h2Z\" \/>\n\t\t\t<\/svg>\n\t\t<\/button><figcaption class=\"wp-element-caption\">Photo : Micha\u0142 Derela, CC BY-SA 4.0 (Wikimedia Commons)<\/figcaption><\/figure>\n\n\n\n<h3 class=\"wp-block-heading\"><span class=\"ez-toc-section\" id=\"4_Le_musee_naval_et_le_torpilleur_Drazki\"><\/span>4. Le mus\u00e9e naval et le torpilleur Drazki<span class=\"ez-toc-section-end\"><\/span><\/h3>\n\n\n\n<p class=\"wp-block-paragraph\">La Bulgarie est fi\u00e8re de son histoire maritime, et Varna est le principal port d&rsquo;attache de sa flotte. La plus grande attraction de ce mus\u00e9e n&rsquo;est pas l&rsquo;exposition int\u00e9rieure, mais le parc ext\u00e9rieur o\u00f9 tr\u00f4ne le <strong>torpilleur Drazki<\/strong>. C&rsquo;est le seul torpilleur de son type conserv\u00e9 au monde. Ce navire discret s&rsquo;est illustr\u00e9 en 1912, lorsqu&rsquo;il a torpill\u00e9 avec succ\u00e8s, \u00e0 seulement cent m\u00e8tres de distance, le puissant croiseur turc Hamidiye. \ud83d\udca1 <strong>Astuce :<\/strong> l&rsquo;impact d&rsquo;un \u00e9clat de cette c\u00e9l\u00e8bre bataille est encore visible aujourd&rsquo;hui sur la deuxi\u00e8me chemin\u00e9e du navire. Le billet combin\u00e9 pour le mus\u00e9e et le pont du bateau co\u00fbte 4,09 \u20ac et <strong>l&rsquo;entr\u00e9e est gratuite le dernier mercredi du mois<\/strong>.<\/p>\n\n\n\n<figure data-wp-context=\"{&quot;imageId&quot;:&quot;6a9c6542105e4&quot;}\" data-wp-interactive=\"core\/image\" data-wp-key=\"6a9c6542105e4\" class=\"wp-block-image size-full wp-lightbox-container\"><img decoding=\"async\" width=\"1800\" height=\"1200\" data-wp-class--hide=\"state.isContentHidden\" data-wp-class--show=\"state.isContentVisible\" data-wp-init=\"callbacks.setButtonStyles\" data-wp-on--click=\"actions.showLightbox\" data-wp-on--load=\"callbacks.setButtonStyles\" data-wp-on--pointerdown=\"actions.preloadImage\" data-wp-on--pointerenter=\"actions.preloadImageWithDelay\" data-wp-on--pointerleave=\"actions.cancelPreload\" data-wp-on-window--resize=\"callbacks.setButtonStyles\" src=\"https:\/\/loudavymkrokem.cz\/wp-content\/uploads\/2026\/08\/bulharsko-research-varna-09-1de3faeb.jpg\" alt=\"Le mus\u00e9e ethnographique de Varna\" class=\"wp-image-407784\" title=\"\" srcset=\"https:\/\/loudavymkrokem.cz\/wp-content\/uploads\/2026\/08\/bulharsko-research-varna-09-1de3faeb.jpg 1800w, https:\/\/loudavymkrokem.cz\/wp-content\/uploads\/2026\/08\/bulharsko-research-varna-09-1de3faeb-300x200.jpg 300w, https:\/\/loudavymkrokem.cz\/wp-content\/uploads\/2026\/08\/bulharsko-research-varna-09-1de3faeb-700x467.jpg 700w, https:\/\/loudavymkrokem.cz\/wp-content\/uploads\/2026\/08\/bulharsko-research-varna-09-1de3faeb-768x512.jpg 768w, https:\/\/loudavymkrokem.cz\/wp-content\/uploads\/2026\/08\/bulharsko-research-varna-09-1de3faeb-1536x1024.jpg 1536w, https:\/\/loudavymkrokem.cz\/wp-content\/uploads\/2026\/08\/bulharsko-research-varna-09-1de3faeb-696x464.jpg 696w, https:\/\/loudavymkrokem.cz\/wp-content\/uploads\/2026\/08\/bulharsko-research-varna-09-1de3faeb-1392x928.jpg 1392w\" sizes=\"(max-width: 1800px) 100vw, 1800px\" \/><button\n\t\t\tclass=\"lightbox-trigger\"\n\t\t\ttype=\"button\"\n\t\t\taria-haspopup=\"dialog\"\n\t\t\tdata-wp-bind--aria-label=\"state.thisImage.triggerButtonAriaLabel\"\n\t\t\tdata-wp-init=\"callbacks.initTriggerButton\"\n\t\t\tdata-wp-on--click=\"actions.showLightbox\"\n\t\t\tdata-wp-style--right=\"state.thisImage.buttonRight\"\n\t\t\tdata-wp-style--top=\"state.thisImage.buttonTop\"\n\t\t>\n\t\t\t<svg xmlns=\"http:\/\/www.w3.org\/2000\/svg\" width=\"12\" height=\"12\" fill=\"none\" viewBox=\"0 0 12 12\">\n\t\t\t\t<path fill=\"#fff\" d=\"M2 0a2 2 0 0 0-2 2v2h1.5V2a.5.5 0 0 1 .5-.5h2V0H2Zm2 10.5H2a.5.5 0 0 1-.5-.5V8H0v2a2 2 0 0 0 2 2h2v-1.5ZM8 12v-1.5h2a.5.5 0 0 0 .5-.5V8H12v2a2 2 0 0 1-2 2H8Zm2-12a2 2 0 0 1 2 2v2h-1.5V2a.5.5 0 0 0-.5-.5H8V0h2Z\" \/>\n\t\t\t<\/svg>\n\t\t<\/button><figcaption class=\"wp-element-caption\">Photo : Ilonamay, CC BY-SA 3.0 (Wikimedia Commons)<\/figcaption><\/figure>\n\n\n\n<h3 class=\"wp-block-heading\"><span class=\"ez-toc-section\" id=\"5_Le_musee_ethnographique\"><\/span>5. Le mus\u00e9e ethnographique<span class=\"ez-toc-section-end\"><\/span><\/h3>\n\n\n\n<p class=\"wp-block-paragraph\">Si tu veux t&rsquo;impr\u00e9gner de l&rsquo;atmosph\u00e8re de la vieille Bulgarie, rends-toi dans ce mus\u00e9e install\u00e9 dans une superbe maison du XIXe si\u00e8cle restaur\u00e9e. Tu y apprendras tout sur les m\u00e9tiers traditionnels, l&rsquo;agriculture et les coutumes de la r\u00e9gion de Varna. La collection de costumes richement brod\u00e9s et de masques rituels est particuli\u00e8rement fascinante. \ud83d\udca1 <strong>Astuce :<\/strong> l&rsquo;entr\u00e9e co\u00fbte 5 \u20ac. Fais tr\u00e8s attention aux horaires d&rsquo;hiver \u2014 <strong>d&rsquo;octobre \u00e0 avril, le mus\u00e9e est ferm\u00e9 le samedi et le dimanche<\/strong>, il n&rsquo;ouvre donc qu&rsquo;en semaine !<\/p>\n\n\n\n<figure data-wp-context=\"{&quot;imageId&quot;:&quot;6a9c654210a7f&quot;}\" data-wp-interactive=\"core\/image\" data-wp-key=\"6a9c654210a7f\" class=\"wp-block-image size-full wp-lightbox-container\"><img decoding=\"async\" width=\"1800\" height=\"1350\" data-wp-class--hide=\"state.isContentHidden\" data-wp-class--show=\"state.isContentVisible\" data-wp-init=\"callbacks.setButtonStyles\" data-wp-on--click=\"actions.showLightbox\" data-wp-on--load=\"callbacks.setButtonStyles\" data-wp-on--pointerdown=\"actions.preloadImage\" data-wp-on--pointerenter=\"actions.preloadImageWithDelay\" data-wp-on--pointerleave=\"actions.cancelPreload\" data-wp-on-window--resize=\"callbacks.setButtonStyles\" src=\"https:\/\/loudavymkrokem.cz\/wp-content\/uploads\/2026\/08\/bulharsko-research-varna-10-562a1f9e.jpg\" alt=\"Voiture officielle Tcha\u00efka GAZ-13 au mus\u00e9e r\u00e9tro de Varna\" class=\"wp-image-407785\" title=\"\" srcset=\"https:\/\/loudavymkrokem.cz\/wp-content\/uploads\/2026\/08\/bulharsko-research-varna-10-562a1f9e.jpg 1800w, https:\/\/loudavymkrokem.cz\/wp-content\/uploads\/2026\/08\/bulharsko-research-varna-10-562a1f9e-300x225.jpg 300w, https:\/\/loudavymkrokem.cz\/wp-content\/uploads\/2026\/08\/bulharsko-research-varna-10-562a1f9e-700x525.jpg 700w, https:\/\/loudavymkrokem.cz\/wp-content\/uploads\/2026\/08\/bulharsko-research-varna-10-562a1f9e-768x576.jpg 768w, https:\/\/loudavymkrokem.cz\/wp-content\/uploads\/2026\/08\/bulharsko-research-varna-10-562a1f9e-1536x1152.jpg 1536w, https:\/\/loudavymkrokem.cz\/wp-content\/uploads\/2026\/08\/bulharsko-research-varna-10-562a1f9e-80x60.jpg 80w, https:\/\/loudavymkrokem.cz\/wp-content\/uploads\/2026\/08\/bulharsko-research-varna-10-562a1f9e-160x120.jpg 160w, https:\/\/loudavymkrokem.cz\/wp-content\/uploads\/2026\/08\/bulharsko-research-varna-10-562a1f9e-696x522.jpg 696w, https:\/\/loudavymkrokem.cz\/wp-content\/uploads\/2026\/08\/bulharsko-research-varna-10-562a1f9e-1392x1044.jpg 1392w\" sizes=\"(max-width: 1800px) 100vw, 1800px\" \/><button\n\t\t\tclass=\"lightbox-trigger\"\n\t\t\ttype=\"button\"\n\t\t\taria-haspopup=\"dialog\"\n\t\t\tdata-wp-bind--aria-label=\"state.thisImage.triggerButtonAriaLabel\"\n\t\t\tdata-wp-init=\"callbacks.initTriggerButton\"\n\t\t\tdata-wp-on--click=\"actions.showLightbox\"\n\t\t\tdata-wp-style--right=\"state.thisImage.buttonRight\"\n\t\t\tdata-wp-style--top=\"state.thisImage.buttonTop\"\n\t\t>\n\t\t\t<svg xmlns=\"http:\/\/www.w3.org\/2000\/svg\" width=\"12\" height=\"12\" fill=\"none\" viewBox=\"0 0 12 12\">\n\t\t\t\t<path fill=\"#fff\" d=\"M2 0a2 2 0 0 0-2 2v2h1.5V2a.5.5 0 0 1 .5-.5h2V0H2Zm2 10.5H2a.5.5 0 0 1-.5-.5V8H0v2a2 2 0 0 0 2 2h2v-1.5ZM8 12v-1.5h2a.5.5 0 0 0 .5-.5V8H12v2a2 2 0 0 1-2 2H8Zm2-12a2 2 0 0 1 2 2v2h-1.5V2a.5.5 0 0 0-.5-.5H8V0h2Z\" \/>\n\t\t\t<\/svg>\n\t\t<\/button><figcaption class=\"wp-element-caption\">Photo : Thomas Peters (Google Maps)<\/figcaption><\/figure>\n\n\n\n<h3 class=\"wp-block-heading\"><span class=\"ez-toc-section\" id=\"6_Le_musee_retro\"><\/span>6. Le mus\u00e9e r\u00e9tro<span class=\"ez-toc-section-end\"><\/span><\/h3>\n\n\n\n<p class=\"wp-block-paragraph\">Pour les amateurs d&rsquo;histoire r\u00e9cente et de nostalgie, le mus\u00e9e r\u00e9tro est un passage oblig\u00e9. Il a ouvert en 2015, devenant le <strong>premier mus\u00e9e de Bulgarie install\u00e9 dans un centre commercial<\/strong> (le Grand Mall). Sur 4 000 m\u00e8tres carr\u00e9s, il rassemble des objets datant de 1944 \u00e0 1989. Les stars de la collection sont plus de 50 voitures d&rsquo;\u00e9poque parfaitement restaur\u00e9es, dont de vieilles \u0160koda, des Moskvitch et une luxueuse Tcha\u00efka GAZ-13, la voiture officielle du gouvernement. \ud83d\udca1 <strong>Astuce :<\/strong> le mus\u00e9e est ouvert tous les jours de 10h00 \u00e0 19h00, c&rsquo;est donc un excellent plan de secours en cas d&rsquo;apr\u00e8s-midi pluvieux. L&rsquo;entr\u00e9e revient \u00e0 environ 15,34 \u20ac.<\/p>\n\n\n\n<figure data-wp-context=\"{&quot;imageId&quot;:&quot;6a9c654211195&quot;}\" data-wp-interactive=\"core\/image\" data-wp-key=\"6a9c654211195\" class=\"wp-block-image size-full wp-lightbox-container\"><img decoding=\"async\" width=\"1800\" height=\"1350\" data-wp-class--hide=\"state.isContentHidden\" data-wp-class--show=\"state.isContentVisible\" data-wp-init=\"callbacks.setButtonStyles\" data-wp-on--click=\"actions.showLightbox\" data-wp-on--load=\"callbacks.setButtonStyles\" data-wp-on--pointerdown=\"actions.preloadImage\" data-wp-on--pointerenter=\"actions.preloadImageWithDelay\" data-wp-on--pointerleave=\"actions.cancelPreload\" data-wp-on-window--resize=\"callbacks.setButtonStyles\" src=\"https:\/\/loudavymkrokem.cz\/wp-content\/uploads\/2026\/08\/bulharsko-research-varna-11-931a6f62.jpg\" alt=\"La tour de l&#039;horloge de Varna illumin\u00e9e le soir\" class=\"wp-image-407786\" title=\"\" srcset=\"https:\/\/loudavymkrokem.cz\/wp-content\/uploads\/2026\/08\/bulharsko-research-varna-11-931a6f62.jpg 1800w, https:\/\/loudavymkrokem.cz\/wp-content\/uploads\/2026\/08\/bulharsko-research-varna-11-931a6f62-300x225.jpg 300w, https:\/\/loudavymkrokem.cz\/wp-content\/uploads\/2026\/08\/bulharsko-research-varna-11-931a6f62-700x525.jpg 700w, https:\/\/loudavymkrokem.cz\/wp-content\/uploads\/2026\/08\/bulharsko-research-varna-11-931a6f62-768x576.jpg 768w, https:\/\/loudavymkrokem.cz\/wp-content\/uploads\/2026\/08\/bulharsko-research-varna-11-931a6f62-1536x1152.jpg 1536w, https:\/\/loudavymkrokem.cz\/wp-content\/uploads\/2026\/08\/bulharsko-research-varna-11-931a6f62-80x60.jpg 80w, https:\/\/loudavymkrokem.cz\/wp-content\/uploads\/2026\/08\/bulharsko-research-varna-11-931a6f62-160x120.jpg 160w, https:\/\/loudavymkrokem.cz\/wp-content\/uploads\/2026\/08\/bulharsko-research-varna-11-931a6f62-696x522.jpg 696w, https:\/\/loudavymkrokem.cz\/wp-content\/uploads\/2026\/08\/bulharsko-research-varna-11-931a6f62-1392x1044.jpg 1392w\" sizes=\"(max-width: 1800px) 100vw, 1800px\" \/><button\n\t\t\tclass=\"lightbox-trigger\"\n\t\t\ttype=\"button\"\n\t\t\taria-haspopup=\"dialog\"\n\t\t\tdata-wp-bind--aria-label=\"state.thisImage.triggerButtonAriaLabel\"\n\t\t\tdata-wp-init=\"callbacks.initTriggerButton\"\n\t\t\tdata-wp-on--click=\"actions.showLightbox\"\n\t\t\tdata-wp-style--right=\"state.thisImage.buttonRight\"\n\t\t\tdata-wp-style--top=\"state.thisImage.buttonTop\"\n\t\t>\n\t\t\t<svg xmlns=\"http:\/\/www.w3.org\/2000\/svg\" width=\"12\" height=\"12\" fill=\"none\" viewBox=\"0 0 12 12\">\n\t\t\t\t<path fill=\"#fff\" d=\"M2 0a2 2 0 0 0-2 2v2h1.5V2a.5.5 0 0 1 .5-.5h2V0H2Zm2 10.5H2a.5.5 0 0 1-.5-.5V8H0v2a2 2 0 0 0 2 2h2v-1.5ZM8 12v-1.5h2a.5.5 0 0 0 .5-.5V8H12v2a2 2 0 0 1-2 2H8Zm2-12a2 2 0 0 1 2 2v2h-1.5V2a.5.5 0 0 0-.5-.5H8V0h2Z\" \/>\n\t\t\t<\/svg>\n\t\t<\/button><figcaption class=\"wp-element-caption\">Photo : Dian1981, CC BY-SA 4.0 (Wikimedia Commons)<\/figcaption><\/figure>\n\n\n\n<h3 class=\"wp-block-heading\"><span class=\"ez-toc-section\" id=\"7_La_tour_de_lhorloge\"><\/span>7. La tour de l&rsquo;horloge<span class=\"ez-toc-section-end\"><\/span><\/h3>\n\n\n\n<p class=\"wp-block-paragraph\">\u00c0 deux pas de la place centrale de l&rsquo;Ind\u00e9pendance, sur un b\u00e2timent accol\u00e9 au th\u00e9\u00e2tre municipal, se dresse la <strong>tour de l&rsquo;horloge, haute de 24 m\u00e8tres<\/strong>. \u00c0 l&rsquo;origine, c&rsquo;\u00e9tait le poste de guet de la caserne des pompiers, car sa hauteur permettait de voir toute la ville de l&rsquo;\u00e9poque. Le m\u00e9canisme d&rsquo;horlogerie, de fabrication anglaise, y a \u00e9t\u00e9 install\u00e9 en 1890, et le service incendie n&rsquo;a quitt\u00e9 les lieux que huit ans plus tard, quand les pompiers ont enfin eu le t\u00e9l\u00e9phone. Dans la salle construite en annexe de la tour, la radio Varna a par ailleurs \u00e9mis pour la premi\u00e8re fois le 9 d\u00e9cembre 1934. \ud83d\udca1 <strong>Astuce :<\/strong> la tour se visite uniquement de l&rsquo;ext\u00e9rieur, donc <strong>gratuitement<\/strong>. Les alentours de la place regorgent de bancs et de caf\u00e9s, l&rsquo;endroit id\u00e9al pour un caf\u00e9 rapide entre la cath\u00e9drale et le Jardin de la Mer.<\/p>\n\n\n\n<figure data-wp-context=\"{&quot;imageId&quot;:&quot;6a9c6542118cf&quot;}\" data-wp-interactive=\"core\/image\" data-wp-key=\"6a9c6542118cf\" class=\"wp-block-image size-full wp-lightbox-container\"><img decoding=\"async\" width=\"1800\" height=\"1350\" data-wp-class--hide=\"state.isContentHidden\" data-wp-class--show=\"state.isContentVisible\" data-wp-init=\"callbacks.setButtonStyles\" data-wp-on--click=\"actions.showLightbox\" data-wp-on--load=\"callbacks.setButtonStyles\" data-wp-on--pointerdown=\"actions.preloadImage\" data-wp-on--pointerenter=\"actions.preloadImageWithDelay\" data-wp-on--pointerleave=\"actions.cancelPreload\" data-wp-on-window--resize=\"callbacks.setButtonStyles\" src=\"https:\/\/loudavymkrokem.cz\/wp-content\/uploads\/2026\/08\/bulharsko-research-varna-12-40e5b778.jpg\" alt=\"All\u00e9e d&#039;arbres et parterres de fleurs au Jardin de la Mer de Varna\" class=\"wp-image-407787\" title=\"\" srcset=\"https:\/\/loudavymkrokem.cz\/wp-content\/uploads\/2026\/08\/bulharsko-research-varna-12-40e5b778.jpg 1800w, https:\/\/loudavymkrokem.cz\/wp-content\/uploads\/2026\/08\/bulharsko-research-varna-12-40e5b778-300x225.jpg 300w, https:\/\/loudavymkrokem.cz\/wp-content\/uploads\/2026\/08\/bulharsko-research-varna-12-40e5b778-700x525.jpg 700w, https:\/\/loudavymkrokem.cz\/wp-content\/uploads\/2026\/08\/bulharsko-research-varna-12-40e5b778-768x576.jpg 768w, https:\/\/loudavymkrokem.cz\/wp-content\/uploads\/2026\/08\/bulharsko-research-varna-12-40e5b778-1536x1152.jpg 1536w, https:\/\/loudavymkrokem.cz\/wp-content\/uploads\/2026\/08\/bulharsko-research-varna-12-40e5b778-80x60.jpg 80w, https:\/\/loudavymkrokem.cz\/wp-content\/uploads\/2026\/08\/bulharsko-research-varna-12-40e5b778-160x120.jpg 160w, https:\/\/loudavymkrokem.cz\/wp-content\/uploads\/2026\/08\/bulharsko-research-varna-12-40e5b778-696x522.jpg 696w, https:\/\/loudavymkrokem.cz\/wp-content\/uploads\/2026\/08\/bulharsko-research-varna-12-40e5b778-1392x1044.jpg 1392w\" sizes=\"(max-width: 1800px) 100vw, 1800px\" \/><button\n\t\t\tclass=\"lightbox-trigger\"\n\t\t\ttype=\"button\"\n\t\t\taria-haspopup=\"dialog\"\n\t\t\tdata-wp-bind--aria-label=\"state.thisImage.triggerButtonAriaLabel\"\n\t\t\tdata-wp-init=\"callbacks.initTriggerButton\"\n\t\t\tdata-wp-on--click=\"actions.showLightbox\"\n\t\t\tdata-wp-style--right=\"state.thisImage.buttonRight\"\n\t\t\tdata-wp-style--top=\"state.thisImage.buttonTop\"\n\t\t>\n\t\t\t<svg xmlns=\"http:\/\/www.w3.org\/2000\/svg\" width=\"12\" height=\"12\" fill=\"none\" viewBox=\"0 0 12 12\">\n\t\t\t\t<path fill=\"#fff\" d=\"M2 0a2 2 0 0 0-2 2v2h1.5V2a.5.5 0 0 1 .5-.5h2V0H2Zm2 10.5H2a.5.5 0 0 1-.5-.5V8H0v2a2 2 0 0 0 2 2h2v-1.5ZM8 12v-1.5h2a.5.5 0 0 0 .5-.5V8H12v2a2 2 0 0 1-2 2H8Zm2-12a2 2 0 0 1 2 2v2h-1.5V2a.5.5 0 0 0-.5-.5H8V0h2Z\" \/>\n\t\t\t<\/svg>\n\t\t<\/button><figcaption class=\"wp-element-caption\">Photo : Petar Petrov (Google Maps)<\/figcaption><\/figure>\n\n\n\n<h2 class=\"wp-block-heading\"><span class=\"ez-toc-section\" id=\"Le_Jardin_de_la_Mer_et_le_littoral\"><\/span>Le Jardin de la Mer et le littoral<span class=\"ez-toc-section-end\"><\/span><\/h2>\n\n\n\n<p class=\"wp-block-paragraph\">Tandis que l&rsquo;histoire se joue dans le centre, le c\u0153ur de la ville bat le long du littoral. Le <strong>Jardin de la Mer (Morska gradina)<\/strong> est le poumon vert de Varna et se prolonge sans transition en <strong>kilom\u00e8tres de plages de sable<\/strong>.<\/p>\n\n\n\n<figure data-wp-context=\"{&quot;imageId&quot;:&quot;6a9c654211fa8&quot;}\" data-wp-interactive=\"core\/image\" data-wp-key=\"6a9c654211fa8\" class=\"wp-block-image size-full wp-lightbox-container\"><img decoding=\"async\" width=\"1800\" height=\"1350\" data-wp-class--hide=\"state.isContentHidden\" data-wp-class--show=\"state.isContentVisible\" data-wp-init=\"callbacks.setButtonStyles\" data-wp-on--click=\"actions.showLightbox\" data-wp-on--load=\"callbacks.setButtonStyles\" data-wp-on--pointerdown=\"actions.preloadImage\" data-wp-on--pointerenter=\"actions.preloadImageWithDelay\" data-wp-on--pointerleave=\"actions.cancelPreload\" data-wp-on-window--resize=\"callbacks.setButtonStyles\" src=\"https:\/\/loudavymkrokem.cz\/wp-content\/uploads\/2026\/08\/bulharsko-research-varna-13-57ac5022.jpg\" alt=\"Parterres de fleurs au Jardin de la Mer de Varna\" class=\"wp-image-407788\" title=\"\" srcset=\"https:\/\/loudavymkrokem.cz\/wp-content\/uploads\/2026\/08\/bulharsko-research-varna-13-57ac5022.jpg 1800w, https:\/\/loudavymkrokem.cz\/wp-content\/uploads\/2026\/08\/bulharsko-research-varna-13-57ac5022-300x225.jpg 300w, https:\/\/loudavymkrokem.cz\/wp-content\/uploads\/2026\/08\/bulharsko-research-varna-13-57ac5022-700x525.jpg 700w, https:\/\/loudavymkrokem.cz\/wp-content\/uploads\/2026\/08\/bulharsko-research-varna-13-57ac5022-768x576.jpg 768w, https:\/\/loudavymkrokem.cz\/wp-content\/uploads\/2026\/08\/bulharsko-research-varna-13-57ac5022-1536x1152.jpg 1536w, https:\/\/loudavymkrokem.cz\/wp-content\/uploads\/2026\/08\/bulharsko-research-varna-13-57ac5022-80x60.jpg 80w, https:\/\/loudavymkrokem.cz\/wp-content\/uploads\/2026\/08\/bulharsko-research-varna-13-57ac5022-160x120.jpg 160w, https:\/\/loudavymkrokem.cz\/wp-content\/uploads\/2026\/08\/bulharsko-research-varna-13-57ac5022-696x522.jpg 696w, https:\/\/loudavymkrokem.cz\/wp-content\/uploads\/2026\/08\/bulharsko-research-varna-13-57ac5022-1392x1044.jpg 1392w\" sizes=\"(max-width: 1800px) 100vw, 1800px\" \/><button\n\t\t\tclass=\"lightbox-trigger\"\n\t\t\ttype=\"button\"\n\t\t\taria-haspopup=\"dialog\"\n\t\t\tdata-wp-bind--aria-label=\"state.thisImage.triggerButtonAriaLabel\"\n\t\t\tdata-wp-init=\"callbacks.initTriggerButton\"\n\t\t\tdata-wp-on--click=\"actions.showLightbox\"\n\t\t\tdata-wp-style--right=\"state.thisImage.buttonRight\"\n\t\t\tdata-wp-style--top=\"state.thisImage.buttonTop\"\n\t\t>\n\t\t\t<svg xmlns=\"http:\/\/www.w3.org\/2000\/svg\" width=\"12\" height=\"12\" fill=\"none\" viewBox=\"0 0 12 12\">\n\t\t\t\t<path fill=\"#fff\" d=\"M2 0a2 2 0 0 0-2 2v2h1.5V2a.5.5 0 0 1 .5-.5h2V0H2Zm2 10.5H2a.5.5 0 0 1-.5-.5V8H0v2a2 2 0 0 0 2 2h2v-1.5ZM8 12v-1.5h2a.5.5 0 0 0 .5-.5V8H12v2a2 2 0 0 1-2 2H8Zm2-12a2 2 0 0 1 2 2v2h-1.5V2a.5.5 0 0 0-.5-.5H8V0h2Z\" \/>\n\t\t\t<\/svg>\n\t\t<\/button><figcaption class=\"wp-element-caption\">Photo : Alicia Fagerving, CC BY-SA 3.0 (Wikimedia Commons)<\/figcaption><\/figure>\n\n\n\n<h3 class=\"wp-block-heading\"><span class=\"ez-toc-section\" id=\"8_Le_Jardin_de_la_Mer\"><\/span>8. Le Jardin de la Mer<span class=\"ez-toc-section-end\"><\/span><\/h3>\n\n\n\n<p class=\"wp-block-paragraph\">Cet immense parc d&rsquo;environ 82 hectares est l&rsquo;\u0153uvre de l&rsquo;architecte paysagiste tch\u00e8que <strong>Anton Nov\u00e1k<\/strong>, venu ici \u00e0 l&rsquo;invitation des fr\u00e8res \u0160korpil. Nov\u00e1k a fait d\u00e9placer la d\u00e9charge et les abattoirs de l&rsquo;\u00e9poque et a cr\u00e9\u00e9 \u00e0 leur place un parc \u00e9blouissant, plant\u00e9 d&rsquo;essences achemin\u00e9es par charrettes depuis tous les Balkans et la M\u00e9diterran\u00e9e. Pour son travail de toute une vie au service de la ville, il a droit \u00e0 un monument m\u00e9rit\u00e9 dans le parc. \ud83d\udca1 <strong>Astuce :<\/strong> l&rsquo;acc\u00e8s au parc est libre 24 heures sur 24. Son c\u0153ur historique de 55 hectares est une zone prot\u00e9g\u00e9e, il a donc conserv\u00e9 son aspect d&rsquo;origine, avec sa monumentale colonnade d&rsquo;entr\u00e9e de 1939.<\/p>\n\n\n\n<figure data-wp-context=\"{&quot;imageId&quot;:&quot;6a9c6542126dd&quot;}\" data-wp-interactive=\"core\/image\" data-wp-key=\"6a9c6542126dd\" class=\"wp-block-image size-full wp-lightbox-container\"><img decoding=\"async\" width=\"1800\" height=\"1350\" data-wp-class--hide=\"state.isContentHidden\" data-wp-class--show=\"state.isContentVisible\" data-wp-init=\"callbacks.setButtonStyles\" data-wp-on--click=\"actions.showLightbox\" data-wp-on--load=\"callbacks.setButtonStyles\" data-wp-on--pointerdown=\"actions.preloadImage\" data-wp-on--pointerenter=\"actions.preloadImageWithDelay\" data-wp-on--pointerleave=\"actions.cancelPreload\" data-wp-on-window--resize=\"callbacks.setButtonStyles\" src=\"https:\/\/loudavymkrokem.cz\/wp-content\/uploads\/2026\/08\/bulharsko-research-varna-14-bf783a56.jpg\" alt=\"L&#039;aquarium de Varna\" class=\"wp-image-407789\" title=\"\" srcset=\"https:\/\/loudavymkrokem.cz\/wp-content\/uploads\/2026\/08\/bulharsko-research-varna-14-bf783a56.jpg 1800w, https:\/\/loudavymkrokem.cz\/wp-content\/uploads\/2026\/08\/bulharsko-research-varna-14-bf783a56-300x225.jpg 300w, https:\/\/loudavymkrokem.cz\/wp-content\/uploads\/2026\/08\/bulharsko-research-varna-14-bf783a56-700x525.jpg 700w, https:\/\/loudavymkrokem.cz\/wp-content\/uploads\/2026\/08\/bulharsko-research-varna-14-bf783a56-768x576.jpg 768w, https:\/\/loudavymkrokem.cz\/wp-content\/uploads\/2026\/08\/bulharsko-research-varna-14-bf783a56-1536x1152.jpg 1536w, https:\/\/loudavymkrokem.cz\/wp-content\/uploads\/2026\/08\/bulharsko-research-varna-14-bf783a56-80x60.jpg 80w, https:\/\/loudavymkrokem.cz\/wp-content\/uploads\/2026\/08\/bulharsko-research-varna-14-bf783a56-160x120.jpg 160w, https:\/\/loudavymkrokem.cz\/wp-content\/uploads\/2026\/08\/bulharsko-research-varna-14-bf783a56-696x522.jpg 696w, https:\/\/loudavymkrokem.cz\/wp-content\/uploads\/2026\/08\/bulharsko-research-varna-14-bf783a56-1392x1044.jpg 1392w\" sizes=\"(max-width: 1800px) 100vw, 1800px\" \/><button\n\t\t\tclass=\"lightbox-trigger\"\n\t\t\ttype=\"button\"\n\t\t\taria-haspopup=\"dialog\"\n\t\t\tdata-wp-bind--aria-label=\"state.thisImage.triggerButtonAriaLabel\"\n\t\t\tdata-wp-init=\"callbacks.initTriggerButton\"\n\t\t\tdata-wp-on--click=\"actions.showLightbox\"\n\t\t\tdata-wp-style--right=\"state.thisImage.buttonRight\"\n\t\t\tdata-wp-style--top=\"state.thisImage.buttonTop\"\n\t\t>\n\t\t\t<svg xmlns=\"http:\/\/www.w3.org\/2000\/svg\" width=\"12\" height=\"12\" fill=\"none\" viewBox=\"0 0 12 12\">\n\t\t\t\t<path fill=\"#fff\" d=\"M2 0a2 2 0 0 0-2 2v2h1.5V2a.5.5 0 0 1 .5-.5h2V0H2Zm2 10.5H2a.5.5 0 0 1-.5-.5V8H0v2a2 2 0 0 0 2 2h2v-1.5ZM8 12v-1.5h2a.5.5 0 0 0 .5-.5V8H12v2a2 2 0 0 1-2 2H8Zm2-12a2 2 0 0 1 2 2v2h-1.5V2a.5.5 0 0 0-.5-.5H8V0h2Z\" \/>\n\t\t\t<\/svg>\n\t\t<\/button><figcaption class=\"wp-element-caption\">Photo : \u0421\u043f\u0430\u0441\u0438\u043c\u0438\u0440 (Spasimir Pilev), CC BY-SA 4.0 (Wikimedia Commons)<\/figcaption><\/figure>\n\n\n\n<h3 class=\"wp-block-heading\"><span class=\"ez-toc-section\" id=\"9_Laquarium_de_Varna\"><\/span>9. L&rsquo;aquarium de Varna<span class=\"ez-toc-section-end\"><\/span><\/h3>\n\n\n\n<p class=\"wp-block-paragraph\">Le b\u00e2timent historique de l&rsquo;aquarium, dont la premi\u00e8re pierre a \u00e9t\u00e9 pos\u00e9e par le prince Ferdinand d\u00e8s 1906, offre un aper\u00e7u fascinant sous la surface de la mer Noire. L&rsquo;institution elle-m\u00eame fonctionne depuis 1932. N&rsquo;attends pas de gigantesques oc\u00e9anariums comme en Europe de l&rsquo;Ouest : il s&rsquo;agit plut\u00f4t d&rsquo;une exposition traditionnelle, pr\u00e9cieuse sur le plan historique, ax\u00e9e sur la faune et la flore locales de la mer Noire. \ud83d\udca1 <strong>Astuce :<\/strong> avec une entr\u00e9e \u00e0 seulement 2 \u20ac, c&rsquo;est <strong>l&rsquo;attraction payante la moins ch\u00e8re de la ville<\/strong>. En hiver, il est ouvert de 9h00 \u00e0 17h00, avec fermeture le lundi.<\/p>\n\n\n\n<figure data-wp-context=\"{&quot;imageId&quot;:&quot;6a9c654212e2b&quot;}\" data-wp-interactive=\"core\/image\" data-wp-key=\"6a9c654212e2b\" class=\"wp-block-image size-full wp-lightbox-container\"><img decoding=\"async\" width=\"1800\" height=\"1195\" data-wp-class--hide=\"state.isContentHidden\" data-wp-class--show=\"state.isContentVisible\" data-wp-init=\"callbacks.setButtonStyles\" data-wp-on--click=\"actions.showLightbox\" data-wp-on--load=\"callbacks.setButtonStyles\" data-wp-on--pointerdown=\"actions.preloadImage\" data-wp-on--pointerenter=\"actions.preloadImageWithDelay\" data-wp-on--pointerleave=\"actions.cancelPreload\" data-wp-on-window--resize=\"callbacks.setButtonStyles\" src=\"https:\/\/loudavymkrokem.cz\/wp-content\/uploads\/2026\/08\/bulharsko-research-varna-15-e0bcc689.jpg\" alt=\"Spectacle de dauphins au delphinarium Festa de Varna\" class=\"wp-image-407790\" title=\"\" srcset=\"https:\/\/loudavymkrokem.cz\/wp-content\/uploads\/2026\/08\/bulharsko-research-varna-15-e0bcc689.jpg 1800w, https:\/\/loudavymkrokem.cz\/wp-content\/uploads\/2026\/08\/bulharsko-research-varna-15-e0bcc689-300x199.jpg 300w, https:\/\/loudavymkrokem.cz\/wp-content\/uploads\/2026\/08\/bulharsko-research-varna-15-e0bcc689-700x465.jpg 700w, https:\/\/loudavymkrokem.cz\/wp-content\/uploads\/2026\/08\/bulharsko-research-varna-15-e0bcc689-768x510.jpg 768w, https:\/\/loudavymkrokem.cz\/wp-content\/uploads\/2026\/08\/bulharsko-research-varna-15-e0bcc689-1536x1020.jpg 1536w, https:\/\/loudavymkrokem.cz\/wp-content\/uploads\/2026\/08\/bulharsko-research-varna-15-e0bcc689-696x462.jpg 696w, https:\/\/loudavymkrokem.cz\/wp-content\/uploads\/2026\/08\/bulharsko-research-varna-15-e0bcc689-1392x924.jpg 1392w\" sizes=\"(max-width: 1800px) 100vw, 1800px\" \/><button\n\t\t\tclass=\"lightbox-trigger\"\n\t\t\ttype=\"button\"\n\t\t\taria-haspopup=\"dialog\"\n\t\t\tdata-wp-bind--aria-label=\"state.thisImage.triggerButtonAriaLabel\"\n\t\t\tdata-wp-init=\"callbacks.initTriggerButton\"\n\t\t\tdata-wp-on--click=\"actions.showLightbox\"\n\t\t\tdata-wp-style--right=\"state.thisImage.buttonRight\"\n\t\t\tdata-wp-style--top=\"state.thisImage.buttonTop\"\n\t\t>\n\t\t\t<svg xmlns=\"http:\/\/www.w3.org\/2000\/svg\" width=\"12\" height=\"12\" fill=\"none\" viewBox=\"0 0 12 12\">\n\t\t\t\t<path fill=\"#fff\" d=\"M2 0a2 2 0 0 0-2 2v2h1.5V2a.5.5 0 0 1 .5-.5h2V0H2Zm2 10.5H2a.5.5 0 0 1-.5-.5V8H0v2a2 2 0 0 0 2 2h2v-1.5ZM8 12v-1.5h2a.5.5 0 0 0 .5-.5V8H12v2a2 2 0 0 1-2 2H8Zm2-12a2 2 0 0 1 2 2v2h-1.5V2a.5.5 0 0 0-.5-.5H8V0h2Z\" \/>\n\t\t\t<\/svg>\n\t\t<\/button><figcaption class=\"wp-element-caption\">Photo : INSAR, CC BY-SA 3.0 (Wikimedia Commons)<\/figcaption><\/figure>\n\n\n\n<h3 class=\"wp-block-heading\"><span class=\"ez-toc-section\" id=\"10_Le_delphinarium_Festa\"><\/span>10. Le delphinarium Festa<span class=\"ez-toc-section-end\"><\/span><\/h3>\n\n\n\n<p class=\"wp-block-paragraph\">L&rsquo;attraction la plus c\u00e9l\u00e8bre du Jardin de la Mer attire les familles avec enfants gr\u00e2ce \u00e0 ses spectacles r\u00e9guliers de dauphins. Le <a href=\"https:\/\/dolphinariumvarna.bg\/\" rel=\"nofollow noopener\" target=\"_blank\">delphinarium<\/a> fonctionne toute l&rsquo;ann\u00e9e, preuve que Varna ne dort vraiment pas, m\u00eame hors saison. En pleine saison estivale, il y a jusqu&rsquo;\u00e0 quatre repr\u00e9sentations par jour, alors qu&rsquo;en hiver il n&rsquo;y a qu&rsquo;un seul spectacle en milieu de journ\u00e9e. \ud83d\udca1 <strong>Astuce :<\/strong> les billets sont assez chers, un adulte paie <strong>26 \u20ac<\/strong> en pleine saison. Si tu y vas en hiver, le prix tombe \u00e0 14 \u20ac. N&rsquo;oublie pas qu&rsquo;en basse saison, le delphinarium est ferm\u00e9 le lundi.<\/p>\n\n\n\n<figure data-wp-context=\"{&quot;imageId&quot;:&quot;6a9c6542135d3&quot;}\" data-wp-interactive=\"core\/image\" data-wp-key=\"6a9c6542135d3\" class=\"wp-block-image size-full wp-lightbox-container\"><img decoding=\"async\" width=\"1800\" height=\"1350\" data-wp-class--hide=\"state.isContentHidden\" data-wp-class--show=\"state.isContentVisible\" data-wp-init=\"callbacks.setButtonStyles\" data-wp-on--click=\"actions.showLightbox\" data-wp-on--load=\"callbacks.setButtonStyles\" data-wp-on--pointerdown=\"actions.preloadImage\" data-wp-on--pointerenter=\"actions.preloadImageWithDelay\" data-wp-on--pointerleave=\"actions.cancelPreload\" data-wp-on-window--resize=\"callbacks.setButtonStyles\" src=\"https:\/\/loudavymkrokem.cz\/wp-content\/uploads\/2026\/08\/bulharsko-research-varna-16-580f258c.jpg\" alt=\"Alpaga dans la zone de contact du zoo de Varna\" class=\"wp-image-407791\" title=\"\" srcset=\"https:\/\/loudavymkrokem.cz\/wp-content\/uploads\/2026\/08\/bulharsko-research-varna-16-580f258c.jpg 1800w, https:\/\/loudavymkrokem.cz\/wp-content\/uploads\/2026\/08\/bulharsko-research-varna-16-580f258c-300x225.jpg 300w, https:\/\/loudavymkrokem.cz\/wp-content\/uploads\/2026\/08\/bulharsko-research-varna-16-580f258c-700x525.jpg 700w, https:\/\/loudavymkrokem.cz\/wp-content\/uploads\/2026\/08\/bulharsko-research-varna-16-580f258c-768x576.jpg 768w, https:\/\/loudavymkrokem.cz\/wp-content\/uploads\/2026\/08\/bulharsko-research-varna-16-580f258c-1536x1152.jpg 1536w, https:\/\/loudavymkrokem.cz\/wp-content\/uploads\/2026\/08\/bulharsko-research-varna-16-580f258c-80x60.jpg 80w, https:\/\/loudavymkrokem.cz\/wp-content\/uploads\/2026\/08\/bulharsko-research-varna-16-580f258c-160x120.jpg 160w, https:\/\/loudavymkrokem.cz\/wp-content\/uploads\/2026\/08\/bulharsko-research-varna-16-580f258c-696x522.jpg 696w, https:\/\/loudavymkrokem.cz\/wp-content\/uploads\/2026\/08\/bulharsko-research-varna-16-580f258c-1392x1044.jpg 1392w\" sizes=\"(max-width: 1800px) 100vw, 1800px\" \/><button\n\t\t\tclass=\"lightbox-trigger\"\n\t\t\ttype=\"button\"\n\t\t\taria-haspopup=\"dialog\"\n\t\t\tdata-wp-bind--aria-label=\"state.thisImage.triggerButtonAriaLabel\"\n\t\t\tdata-wp-init=\"callbacks.initTriggerButton\"\n\t\t\tdata-wp-on--click=\"actions.showLightbox\"\n\t\t\tdata-wp-style--right=\"state.thisImage.buttonRight\"\n\t\t\tdata-wp-style--top=\"state.thisImage.buttonTop\"\n\t\t>\n\t\t\t<svg xmlns=\"http:\/\/www.w3.org\/2000\/svg\" width=\"12\" height=\"12\" fill=\"none\" viewBox=\"0 0 12 12\">\n\t\t\t\t<path fill=\"#fff\" d=\"M2 0a2 2 0 0 0-2 2v2h1.5V2a.5.5 0 0 1 .5-.5h2V0H2Zm2 10.5H2a.5.5 0 0 1-.5-.5V8H0v2a2 2 0 0 0 2 2h2v-1.5ZM8 12v-1.5h2a.5.5 0 0 0 .5-.5V8H12v2a2 2 0 0 1-2 2H8Zm2-12a2 2 0 0 1 2 2v2h-1.5V2a.5.5 0 0 0-.5-.5H8V0h2Z\" \/>\n\t\t\t<\/svg>\n\t\t<\/button><figcaption class=\"wp-element-caption\">Photo : \u041a\u0430\u043b\u043e\u044f\u043d \u041c\u0438\u0446\u0435\u0432 (Google Maps)<\/figcaption><\/figure>\n\n\n\n<h3 class=\"wp-block-heading\"><span class=\"ez-toc-section\" id=\"11_Le_zoo_de_Varna\"><\/span>11. Le zoo de Varna<span class=\"ez-toc-section-end\"><\/span><\/h3>\n\n\n\n<p class=\"wp-block-paragraph\">Juste \u00e0 c\u00f4t\u00e9 du delphinarium, tu trouveras le petit parc zoologique municipal. Il n&rsquo;est pas immense, mais il est absolument id\u00e9al pour une promenade tranquille avec des enfants. Outre les expositions classiques, il y a une zone de contact o\u00f9 les enfants peuvent caresser les animaux. Fait amusant : juste en dessous du zoo, pr\u00e8s de la plage Vtora buna, des centaines de cygnes hivernent chaque ann\u00e9e. \ud83d\udca1 <strong>Astuce :<\/strong> l&rsquo;entr\u00e9e co\u00fbte 3 \u20ac et le zoo est ouvert <strong>sans jour de fermeture toute l&rsquo;ann\u00e9e<\/strong>. En hiver (octobre\u2013mars), il ferme d\u00e8s 16h30.<\/p>\n\n\n\n<figure data-wp-context=\"{&quot;imageId&quot;:&quot;6a9c654213d54&quot;}\" data-wp-interactive=\"core\/image\" data-wp-key=\"6a9c654213d54\" class=\"wp-block-image size-full wp-lightbox-container\"><img decoding=\"async\" width=\"1800\" height=\"1350\" data-wp-class--hide=\"state.isContentHidden\" data-wp-class--show=\"state.isContentVisible\" data-wp-init=\"callbacks.setButtonStyles\" data-wp-on--click=\"actions.showLightbox\" data-wp-on--load=\"callbacks.setButtonStyles\" data-wp-on--pointerdown=\"actions.preloadImage\" data-wp-on--pointerenter=\"actions.preloadImageWithDelay\" data-wp-on--pointerleave=\"actions.cancelPreload\" data-wp-on-window--resize=\"callbacks.setButtonStyles\" src=\"https:\/\/loudavymkrokem.cz\/wp-content\/uploads\/2026\/08\/bulharsko-research-varna-17-df359c79.jpg\" alt=\"Le plan\u00e9tarium Nicolas Copernic \u00e0 Varna\" class=\"wp-image-407792\" title=\"\" srcset=\"https:\/\/loudavymkrokem.cz\/wp-content\/uploads\/2026\/08\/bulharsko-research-varna-17-df359c79.jpg 1800w, https:\/\/loudavymkrokem.cz\/wp-content\/uploads\/2026\/08\/bulharsko-research-varna-17-df359c79-300x225.jpg 300w, https:\/\/loudavymkrokem.cz\/wp-content\/uploads\/2026\/08\/bulharsko-research-varna-17-df359c79-700x525.jpg 700w, https:\/\/loudavymkrokem.cz\/wp-content\/uploads\/2026\/08\/bulharsko-research-varna-17-df359c79-768x576.jpg 768w, https:\/\/loudavymkrokem.cz\/wp-content\/uploads\/2026\/08\/bulharsko-research-varna-17-df359c79-1536x1152.jpg 1536w, https:\/\/loudavymkrokem.cz\/wp-content\/uploads\/2026\/08\/bulharsko-research-varna-17-df359c79-80x60.jpg 80w, https:\/\/loudavymkrokem.cz\/wp-content\/uploads\/2026\/08\/bulharsko-research-varna-17-df359c79-160x120.jpg 160w, https:\/\/loudavymkrokem.cz\/wp-content\/uploads\/2026\/08\/bulharsko-research-varna-17-df359c79-696x522.jpg 696w, https:\/\/loudavymkrokem.cz\/wp-content\/uploads\/2026\/08\/bulharsko-research-varna-17-df359c79-1392x1044.jpg 1392w\" sizes=\"(max-width: 1800px) 100vw, 1800px\" \/><button\n\t\t\tclass=\"lightbox-trigger\"\n\t\t\ttype=\"button\"\n\t\t\taria-haspopup=\"dialog\"\n\t\t\tdata-wp-bind--aria-label=\"state.thisImage.triggerButtonAriaLabel\"\n\t\t\tdata-wp-init=\"callbacks.initTriggerButton\"\n\t\t\tdata-wp-on--click=\"actions.showLightbox\"\n\t\t\tdata-wp-style--right=\"state.thisImage.buttonRight\"\n\t\t\tdata-wp-style--top=\"state.thisImage.buttonTop\"\n\t\t>\n\t\t\t<svg xmlns=\"http:\/\/www.w3.org\/2000\/svg\" width=\"12\" height=\"12\" fill=\"none\" viewBox=\"0 0 12 12\">\n\t\t\t\t<path fill=\"#fff\" d=\"M2 0a2 2 0 0 0-2 2v2h1.5V2a.5.5 0 0 1 .5-.5h2V0H2Zm2 10.5H2a.5.5 0 0 1-.5-.5V8H0v2a2 2 0 0 0 2 2h2v-1.5ZM8 12v-1.5h2a.5.5 0 0 0 .5-.5V8H12v2a2 2 0 0 1-2 2H8Zm2-12a2 2 0 0 1 2 2v2h-1.5V2a.5.5 0 0 0-.5-.5H8V0h2Z\" \/>\n\t\t\t<\/svg>\n\t\t<\/button><figcaption class=\"wp-element-caption\">Photo : Mister No, CC BY 3.0 (Wikimedia Commons)<\/figcaption><\/figure>\n\n\n\n<h3 class=\"wp-block-heading\"><span class=\"ez-toc-section\" id=\"12_Le_planetarium_N_Copernic\"><\/span>12. Le plan\u00e9tarium N. Copernic<span class=\"ez-toc-section-end\"><\/span><\/h3>\n\n\n\n<p class=\"wp-block-paragraph\">Premier complexe astronomique de Bulgarie, ouvert en 1968, il projette plus de 5 500 \u00e9toiles sur son immense coupole gr\u00e2ce \u00e0 un projecteur Zeiss. C&rsquo;est une exp\u00e9rience formidable pour les amateurs d&rsquo;espace, mais l&rsquo;institution a \u00e9mis de <strong>tr\u00e8s strictes mises en garde concernant les visiteurs<\/strong>. \ud83d\udca1 <strong>Astuce :<\/strong> les effets sonores et visuels ne sont absolument pas adapt\u00e9s aux enfants de moins de 10 ans, et l&rsquo;entr\u00e9e avec poussette est fortement d\u00e9conseill\u00e9e. On n&rsquo;entre pas dans la salle de 72 places une fois la s\u00e9ance commenc\u00e9e. L&rsquo;entr\u00e9e est \u00e0 3,58 \u20ac.<\/p>\n\n\n\n<figure data-wp-context=\"{&quot;imageId&quot;:&quot;6a9c6542143e3&quot;}\" data-wp-interactive=\"core\/image\" data-wp-key=\"6a9c6542143e3\" class=\"wp-block-image size-full wp-lightbox-container\"><img decoding=\"async\" width=\"1800\" height=\"706\" data-wp-class--hide=\"state.isContentHidden\" data-wp-class--show=\"state.isContentVisible\" data-wp-init=\"callbacks.setButtonStyles\" data-wp-on--click=\"actions.showLightbox\" data-wp-on--load=\"callbacks.setButtonStyles\" data-wp-on--pointerdown=\"actions.preloadImage\" data-wp-on--pointerenter=\"actions.preloadImageWithDelay\" data-wp-on--pointerleave=\"actions.cancelPreload\" data-wp-on-window--resize=\"callbacks.setButtonStyles\" src=\"https:\/\/loudavymkrokem.cz\/wp-content\/uploads\/2026\/08\/bulharsko-research-varna-18-0e8828ac.jpg\" alt=\"La plage Sud de Varna\" class=\"wp-image-407793\" title=\"\" srcset=\"https:\/\/loudavymkrokem.cz\/wp-content\/uploads\/2026\/08\/bulharsko-research-varna-18-0e8828ac.jpg 1800w, https:\/\/loudavymkrokem.cz\/wp-content\/uploads\/2026\/08\/bulharsko-research-varna-18-0e8828ac-300x118.jpg 300w, https:\/\/loudavymkrokem.cz\/wp-content\/uploads\/2026\/08\/bulharsko-research-varna-18-0e8828ac-700x275.jpg 700w, https:\/\/loudavymkrokem.cz\/wp-content\/uploads\/2026\/08\/bulharsko-research-varna-18-0e8828ac-768x301.jpg 768w, https:\/\/loudavymkrokem.cz\/wp-content\/uploads\/2026\/08\/bulharsko-research-varna-18-0e8828ac-1536x602.jpg 1536w, https:\/\/loudavymkrokem.cz\/wp-content\/uploads\/2026\/08\/bulharsko-research-varna-18-0e8828ac-696x273.jpg 696w, https:\/\/loudavymkrokem.cz\/wp-content\/uploads\/2026\/08\/bulharsko-research-varna-18-0e8828ac-1392x546.jpg 1392w\" sizes=\"(max-width: 1800px) 100vw, 1800px\" \/><button\n\t\t\tclass=\"lightbox-trigger\"\n\t\t\ttype=\"button\"\n\t\t\taria-haspopup=\"dialog\"\n\t\t\tdata-wp-bind--aria-label=\"state.thisImage.triggerButtonAriaLabel\"\n\t\t\tdata-wp-init=\"callbacks.initTriggerButton\"\n\t\t\tdata-wp-on--click=\"actions.showLightbox\"\n\t\t\tdata-wp-style--right=\"state.thisImage.buttonRight\"\n\t\t\tdata-wp-style--top=\"state.thisImage.buttonTop\"\n\t\t>\n\t\t\t<svg xmlns=\"http:\/\/www.w3.org\/2000\/svg\" width=\"12\" height=\"12\" fill=\"none\" viewBox=\"0 0 12 12\">\n\t\t\t\t<path fill=\"#fff\" d=\"M2 0a2 2 0 0 0-2 2v2h1.5V2a.5.5 0 0 1 .5-.5h2V0H2Zm2 10.5H2a.5.5 0 0 1-.5-.5V8H0v2a2 2 0 0 0 2 2h2v-1.5ZM8 12v-1.5h2a.5.5 0 0 0 .5-.5V8H12v2a2 2 0 0 1-2 2H8Zm2-12a2 2 0 0 1 2 2v2h-1.5V2a.5.5 0 0 0-.5-.5H8V0h2Z\" \/>\n\t\t\t<\/svg>\n\t\t<\/button><figcaption class=\"wp-element-caption\">Photo : kuchin ster, CC BY 3.0 (Wikimedia Commons)<\/figcaption><\/figure>\n\n\n\n<h3 class=\"wp-block-heading\"><span class=\"ez-toc-section\" id=\"13_Les_plages_urbaines_et_la_qualite_de_leau\"><\/span>13. Les plages urbaines et la qualit\u00e9 de l&rsquo;eau<span class=\"ez-toc-section-end\"><\/span><\/h3>\n\n\n\n<p class=\"wp-block-paragraph\">Varna s&rsquo;enorgueillit de 32 kilom\u00e8tres de littoral et de plus d&rsquo;une vingtaine de plages. En plein centre, la plus populaire est la <strong>plage Centrale<\/strong>, au sable fin et au fond peu profond sur plusieurs m\u00e8tres, parfaite pour les jeunes enfants. La plage voisine, Ofitserski, a une pente plus abrupte et est connue pour ses bars ouverts tard dans la nuit. Juste \u00e0 c\u00f4t\u00e9 jaillit \u00ab Toplata voda \u00bb, une source d&rsquo;eau thermale curative en libre acc\u00e8s, \u00e0 une temp\u00e9rature de plus de 40 \u00b0C.<\/p>\n\n\n\n<p class=\"wp-block-paragraph\">Bonne nouvelle pour les touristes : en ao\u00fbt 2026, la Commission de protection des consommateurs a interdit la pratique d\u00e9loyale consistant \u00e0 imposer des lots complets. Aujourd&rsquo;hui, tu as <strong>parfaitement le droit de louer s\u00e9par\u00e9ment un parasol et un transat sur les plages de Varna<\/strong> (le prix \u00e0 l&rsquo;unit\u00e9 tourne autour de 3,5 \u00e0 5 \u20ac). De plus, la loi impose qu&rsquo;au moins la moiti\u00e9 de chaque plage reste une zone libre et gratuite pour les serviettes. \ud83d\udca1 <strong>Astuce sur la qualit\u00e9 de l&rsquo;eau :<\/strong> selon le suivi officiel, l&rsquo;eau est propre la majeure partie de l&rsquo;\u00e9t\u00e9, et les meilleurs r\u00e9sultats sur le long terme reviennent \u00e0 la plage Centrale et \u00e0 Asparuhovo. <strong>Apr\u00e8s de fortes pluies torrentielles, \u00e9vite toutefois la plage Ofitserski<\/strong>, o\u00f9 le r\u00e9seau d&rsquo;eaux pluviales d\u00e9borde parfois (les r\u00e9sultats actuels sont toujours affich\u00e9s sur le <a href=\"https:\/\/rzi-varna.com\/\" rel=\"nofollow noopener\" target=\"_blank\">site rzi-varna.com<\/a>).<\/p>\n\n\n\n<figure data-wp-context=\"{&quot;imageId&quot;:&quot;6a9c654214af4&quot;}\" data-wp-interactive=\"core\/image\" data-wp-key=\"6a9c654214af4\" class=\"wp-block-image size-full wp-lightbox-container\"><img decoding=\"async\" width=\"1800\" height=\"1012\" data-wp-class--hide=\"state.isContentHidden\" data-wp-class--show=\"state.isContentVisible\" data-wp-init=\"callbacks.setButtonStyles\" data-wp-on--click=\"actions.showLightbox\" data-wp-on--load=\"callbacks.setButtonStyles\" data-wp-on--pointerdown=\"actions.preloadImage\" data-wp-on--pointerenter=\"actions.preloadImageWithDelay\" data-wp-on--pointerleave=\"actions.cancelPreload\" data-wp-on-window--resize=\"callbacks.setButtonStyles\" src=\"https:\/\/loudavymkrokem.cz\/wp-content\/uploads\/2026\/08\/bulharsko-research-varna-19-fdecea77.jpg\" alt=\"Le cap Galata au sud de Varna\" class=\"wp-image-407794\" title=\"\" srcset=\"https:\/\/loudavymkrokem.cz\/wp-content\/uploads\/2026\/08\/bulharsko-research-varna-19-fdecea77.jpg 1800w, https:\/\/loudavymkrokem.cz\/wp-content\/uploads\/2026\/08\/bulharsko-research-varna-19-fdecea77-300x169.jpg 300w, https:\/\/loudavymkrokem.cz\/wp-content\/uploads\/2026\/08\/bulharsko-research-varna-19-fdecea77-700x394.jpg 700w, https:\/\/loudavymkrokem.cz\/wp-content\/uploads\/2026\/08\/bulharsko-research-varna-19-fdecea77-768x432.jpg 768w, https:\/\/loudavymkrokem.cz\/wp-content\/uploads\/2026\/08\/bulharsko-research-varna-19-fdecea77-1536x864.jpg 1536w, https:\/\/loudavymkrokem.cz\/wp-content\/uploads\/2026\/08\/bulharsko-research-varna-19-fdecea77-696x391.jpg 696w, https:\/\/loudavymkrokem.cz\/wp-content\/uploads\/2026\/08\/bulharsko-research-varna-19-fdecea77-1392x783.jpg 1392w\" sizes=\"(max-width: 1800px) 100vw, 1800px\" \/><button\n\t\t\tclass=\"lightbox-trigger\"\n\t\t\ttype=\"button\"\n\t\t\taria-haspopup=\"dialog\"\n\t\t\tdata-wp-bind--aria-label=\"state.thisImage.triggerButtonAriaLabel\"\n\t\t\tdata-wp-init=\"callbacks.initTriggerButton\"\n\t\t\tdata-wp-on--click=\"actions.showLightbox\"\n\t\t\tdata-wp-style--right=\"state.thisImage.buttonRight\"\n\t\t\tdata-wp-style--top=\"state.thisImage.buttonTop\"\n\t\t>\n\t\t\t<svg xmlns=\"http:\/\/www.w3.org\/2000\/svg\" width=\"12\" height=\"12\" fill=\"none\" viewBox=\"0 0 12 12\">\n\t\t\t\t<path fill=\"#fff\" d=\"M2 0a2 2 0 0 0-2 2v2h1.5V2a.5.5 0 0 1 .5-.5h2V0H2Zm2 10.5H2a.5.5 0 0 1-.5-.5V8H0v2a2 2 0 0 0 2 2h2v-1.5ZM8 12v-1.5h2a.5.5 0 0 0 .5-.5V8H12v2a2 2 0 0 1-2 2H8Zm2-12a2 2 0 0 1 2 2v2h-1.5V2a.5.5 0 0 0-.5-.5H8V0h2Z\" \/>\n\t\t\t<\/svg>\n\t\t<\/button><figcaption class=\"wp-element-caption\">Photo : Spiritia, CC BY-SA 4.0 (Wikimedia Commons)<\/figcaption><\/figure>\n\n\n\n<!-- LKM_GYG_CARD start q=\"varna\" lang=\"fr\" rendered=\"2026-09-05T16:40:47+00:00\" v=\"1\" -->\n<style id=\"lk-gyg-styles\">\n@import url(\"https:\/\/fonts.googleapis.com\/css2?family=Playfair+Display:wght@700&family=DM+Sans:wght@300;400;500;600&display=swap\");\n\/* === LK GYG karty \u2014 CRO redesign 2026-05 (namespace .lkx-) ===\n   C\u00edl: vy\u0161\u0161\u00ed CTR (hero + v\u00fdrazn\u00fd social proof + ak\u010dn\u00ed CTA, m\u00e9n\u011b \"reklamn\u00ed\").\n   Injektuje se inline do prvn\u00edho markeru postu (refresh_cards.py --inline-css). *\/\n.lkx-module, .lkx-module *{box-sizing:border-box;margin:0;padding:0}\n.lkx-module{\n  font-family:'DM Sans',-apple-system,Segoe UI,Roboto,Georgia,sans-serif;\n  max-width:860px;margin:2.5rem auto;color:#1f2328;\n}\n\n\/* HEADER \u2014 lehk\u00fd editorsk\u00fd, \u017e\u00e1dn\u00fd bannerov\u00fd blok; nadpis + popisek pod n\u00edm *\/\n.lkx-head{margin-bottom:16px}\n.lkx-head-main{display:flex;align-items:center;gap:10px}\n.lkx-head-accent{width:26px;height:3px;border-radius:2px;background:#c39f76;flex-shrink:0}\n.lkx-head-title{font-family:'Playfair Display',Georgia,serif;font-size:21px;font-weight:700;color:#1a1a1a;line-height:1.25}\n.lkx-head-meta{display:block;font-size:11px;letter-spacing:.3px;color:#9aa0a6;margin-top:4px;margin-left:36px}\n\n\/* HERO *\/\n.lkx-hero{display:grid;grid-template-columns:300px 1fr;background:#fff;border:1px solid #ece7df;border-radius:14px;overflow:hidden;text-decoration:none!important;color:inherit;box-shadow:0 6px 20px rgba(0,0,0,.06);transition:box-shadow .2s,transform .2s;margin-bottom:14px}\n.lkx-hero:hover{box-shadow:0 12px 30px rgba(0,0,0,.12);transform:translateY(-2px)}\n.lkx-hero-img{position:relative;min-height:230px;background-size:cover;background-position:center;background-color:#eee}\n.lkx-hero-body{padding:22px 24px;display:flex;flex-direction:column}\n.lkx-pick{position:absolute;top:12px;left:12px;background:#1a1a1a;color:#fff;font-size:11px;font-weight:700;letter-spacing:.5px;padding:5px 11px;border-radius:20px}\n\n\/* TITLE *\/\n.lkx-title{font-size:19px;font-weight:700;color:#161616;line-height:1.3}\n.lkx-title-sm{font-size:14.5px;line-height:1.35;display:-webkit-box;-webkit-line-clamp:2;-webkit-box-orient:vertical;overflow:hidden}\n\n\/* SOCIAL PROOF \u2014 v\u00fdrazn\u011b, naho\u0159e *\/\n.lkx-proof{display:flex;align-items:center;gap:7px;margin-top:12px;font-size:15px;color:#3a3a3a}\n.lkx-proof b{font-size:16px;color:#161616}\n.lkx-stars{color:#f5a623;letter-spacing:1px}\n.lkx-proof-sm{font-size:12.5px;margin-top:8px;gap:5px}\n.lkx-proof-sm b{font-size:13px}\n.lkx-proof-new{color:#3685fc;font-weight:600}\n\n\/* PRICE \u2014 n\u00edzk\u00e1 kotva *\/\n.lkx-price{font-size:14px;color:#6b7280}\n.lkx-price b{font-size:20px;color:#161616;font-weight:700}\n.lkx-price-sm b{font-size:15px}\n\n\/* CTA \u2014 tepl\u00e9 ak\u010dn\u00ed tla\u010d\u00edtko *\/\n.lkx-cta{display:inline-flex;align-items:center;justify-content:center;text-decoration:none!important;font-weight:700;color:#fff!important;background:linear-gradient(135deg,#f6743f,#e8552a);border-radius:10px;box-shadow:0 6px 16px rgba(232,85,42,.32);transition:box-shadow .2s}\n.lkx-cta-hero{font-size:15px;padding:13px 22px}\n.lkx-hero:hover .lkx-cta-hero{box-shadow:0 8px 22px rgba(232,85,42,.45)}\n.lkx-cta-sm{font-size:12.5px;padding:9px 14px;width:100%;margin-top:2px}\n.lkx-hero-bottom{margin-top:auto;padding-top:18px;display:flex;align-items:center;justify-content:space-between;gap:14px;flex-wrap:wrap}\n\n\/* BADGE \u2014 jeden v\u00fdrazn\u00fd na fotce *\/\n.lkx-badge{position:absolute;top:12px;right:12px;font-size:10.5px;font-weight:700;letter-spacing:.3px;padding:5px 10px;border-radius:16px;color:#fff}\n.lkx-badge.badge-urgency{background:rgba(214,40,40,.92)}\n.lkx-badge.badge-new{background:rgba(54,133,252,.92)}\n.lkx-badge.badge-top{background:rgba(195,159,118,.95)}\n.lkx-badge.badge-info{background:rgba(40,40,40,.78)}\n\n\/* SECONDARY GRID *\/\n.lkx-grid{display:grid;grid-template-columns:1fr 1fr;gap:14px}\n.lkx-card{background:#fff;border:1px solid #ece7df;border-radius:14px;overflow:hidden;text-decoration:none!important;color:inherit;box-shadow:0 4px 14px rgba(0,0,0,.05);display:flex;flex-direction:column;transition:box-shadow .2s,transform .2s}\n.lkx-card:hover{box-shadow:0 10px 24px rgba(0,0,0,.1);transform:translateY(-2px)}\n.lkx-card-img{position:relative;aspect-ratio:16\/10;background-size:cover;background-position:center;background-color:#eee}\n.lkx-card-body{padding:14px 16px 16px;display:flex;flex-direction:column;gap:7px;flex:1}\n.lkx-card-bottom{margin-top:auto;padding-top:10px;display:flex;align-items:center;justify-content:space-between;gap:8px}\n\n\/* DISCLOSURE \u2014 drobn\u00e1, kv\u016fli d\u016fv\u011b\u0159e\/z\u00e1konu *\/\n.lkx-disclosure{font-size:11px;color:#a7adb3;text-align:center;margin-top:14px;line-height:1.6}\n.lkx-disclosure a{color:#c39f76;text-decoration:none}\n\n@media(max-width:680px){\n  .lkx-hero{grid-template-columns:1fr}\n  .lkx-hero-img{min-height:180px}\n  .lkx-grid{grid-template-columns:1fr}\n  .lkx-head-meta{margin-left:0;width:100%}\n  .lkx-head-title{font-size:19px}\n}\n\n<\/style>\n<div class=\"lkx-module\" data-query=\"varna\">\n  <div class=\"lkx-head\">\n    <div class=\"lkx-head-main\">\n      <span class=\"lkx-head-accent\"><\/span>\n      <span class=\"lkx-head-title\">Exp\u00e9riences et billets<\/span>\n    <\/div>\n    <span class=\"lkx-head-meta\">not\u00e9 par les voyageurs \u00b7 GetYourGuide<\/span>\n  <\/div><a class=\"lkx-hero\" href=\"https:\/\/www.getyourguide.com\/fr-fr\/varna-l412\/varna-croisiere-au-coucher-du-soleil-boissons-et-chasse-au-tresor-des-pirates-t1288459\/?partner_id=MKZ64IS&amp;utm_medium=online_publisher&amp;cmp=varna-bulgarie-que-faire\" target=\"_blank\" rel=\"sponsored noopener nofollow\">\n    <div class=\"lkx-hero-img\" style=\"background-image:url('https:\/\/cdn.getyourguide.com\/img\/tour\/eb41ecd853d11f185e58ecab4209dc5a16d762d19434e10d71e2216479c9508b.jpg\/132.jpg')\" role=\"img\" aria-label=\"Varna\u00a0: croisi\u00e8re au coucher du soleil, boissons et chasse au tr\u00e9sor des pirates\">\n      <span class=\"lkx-pick\">\u2605 Notre choix<\/span><\/div>\n    <div class=\"lkx-hero-body\">\n      <div class=\"lkx-title\">Varna\u00a0: croisi\u00e8re au coucher du soleil, boissons et chasse au tr\u00e9sor des pirates<\/div>\n      <div class=\"lkx-proof\">\n      <span class=\"lkx-stars\">\u2605\u2605\u2605\u2605\u2605<\/span>\n      <b>4.6<\/b> \u00b7 143 avis\n    <\/div>\n      <div class=\"lkx-hero-bottom\"><div class=\"lkx-price\">\u00e0 partir de <b>16\u00a0\u20ac<\/b><\/div><span class=\"lkx-cta lkx-cta-hero\">Je veux vivre \u00e7a \u2192<\/span>\n      <\/div>\n    <\/div>\n  <\/a><div class=\"lkx-grid\"><a class=\"lkx-card\" href=\"https:\/\/www.getyourguide.com\/fr-fr\/varna-l412\/varna-croisiere-pirate-avec-bataille-navale-et-pizza-t1017577\/?partner_id=MKZ64IS&amp;utm_medium=online_publisher&amp;cmp=varna-bulgarie-que-faire\" target=\"_blank\" rel=\"sponsored noopener nofollow\">\n      <div class=\"lkx-card-img\" style=\"background-image:url('https:\/\/cdn.getyourguide.com\/img\/tour\/97bcf2c7a1c149d93ac9d5dca71b723d4c685dd42182d7583334ad88d4d27c9e.jpeg\/132.jpg')\" role=\"img\" aria-label=\"Varna\u00a0: croisi\u00e8re pirate avec bataille navale et pizza\"><\/div>\n      <div class=\"lkx-card-body\">\n        <div class=\"lkx-title lkx-title-sm\">Varna\u00a0: croisi\u00e8re pirate avec bataille navale et pizza<\/div>\n        <div class=\"lkx-proof lkx-proof-sm\">\n      <span class=\"lkx-stars\">\u2605<\/span>\n      <b>4.7<\/b> \u00b7 168\n    <\/div>\n        <div class=\"lkx-card-bottom\"><span class=\"lkx-price lkx-price-sm\">\u00e0 partir de <b>19\u00a0\u20ac<\/b><\/span><span class=\"lkx-cta lkx-cta-sm\">Voir les dates \u2192<\/span>\n        <\/div>\n      <\/div>\n    <\/a><a class=\"lkx-card\" href=\"https:\/\/www.getyourguide.com\/fr-fr\/varna-l412\/varna-excursion-guidee-en-buggy-tout-terrain-avec-casque-et-carburant-t1435626\/?partner_id=MKZ64IS&amp;utm_medium=online_publisher&amp;cmp=varna-bulgarie-que-faire\" target=\"_blank\" rel=\"sponsored noopener nofollow\">\n      <div class=\"lkx-card-img\" style=\"background-image:url('https:\/\/cdn.getyourguide.com\/img\/tour\/961b0688ce775983b95dde9f0d6b6d00e39cf2d673a7ce7be27cca801a26fa0d.jpg\/132.jpg')\" role=\"img\" aria-label=\"Varna\u00a0: excursion guid\u00e9e en buggy tout-terrain avec casque et carburant\"><\/div>\n      <div class=\"lkx-card-body\">\n        <div class=\"lkx-title lkx-title-sm\">Varna\u00a0: excursion guid\u00e9e en buggy tout-terrain avec casque et carburant<\/div>\n        <div class=\"lkx-proof lkx-proof-sm\">\n      <span class=\"lkx-stars\">\u2605<\/span>\n      <b>0.0<\/b> \u00b7 0\n    <\/div>\n        <div class=\"lkx-card-bottom\"><span class=\"lkx-price lkx-price-sm\">\u00e0 partir de <b>145\u00a0\u20ac<\/b><\/span><span class=\"lkx-cta lkx-cta-sm\">Voir les dates \u2192<\/span>\n        <\/div>\n      <\/div>\n    <\/a><\/div><div class=\"lkx-disclosure\">\ud83d\udd17 Liens d&#39;affiliation \u2014 sans surco\u00fbt pour vous, ils nous aident \u00e0 cr\u00e9er du contenu. \u00b7 <a href=\"https:\/\/www.getyourguide.com\/fr-fr\/s\/?q=varna&amp;partner_id=MKZ64IS&amp;utm_medium=online_publisher\" target=\"_blank\" rel=\"sponsored noopener nofollow\">Toutes les exp\u00e9riences \u2192<\/a><\/div>\n<\/div>\n<!-- LKM_GYG_CARD end -->\n\n\n\n\n<div class=\"lk-stays-module\">\n<style>\n\/* \u2500\u2500\u2500 RESET PRO GUTENBERG \u2500\u2500\u2500 *\/\n.lk-stays-module * { box-sizing: border-box; margin: 0; padding: 0; }\n\n\/* \u2500\u2500\u2500 WRAPPER \u2500\u2500\u2500 *\/\n.lk-stays-module {\n  font-family: 'DM Sans', Georgia, sans-serif;\n  max-width: 100%;\n  margin: 2.5rem auto;\n  background: linear-gradient(135deg, #fdfaf5 0%, #fcf8f0 100%);\n  border: 1px solid #e8dfd4;\n  border-radius: 16px;\n  overflow: hidden;\n  box-shadow: 0 16px 48px rgba(195, 159, 118, 0.25), 0 4px 12px rgba(0,0,0,0.08);\n}\n\n\/* \u2500\u2500\u2500 HEADER \u2500\u2500\u2500 *\/\n.lk-stays-header {\n  position: relative;\n  padding: 24px 36px 24px;\n  background: linear-gradient(135deg, #c39f76 0%, #d4b188 60%, #c39f76 100%);\n  border-bottom: 1px solid rgba(255,255,255,.15);\n  display: flex;\n  align-items: center;\n  gap: 18px;\n}\n.lk-stays-header::before {\n  content: '';\n  position: absolute;\n  inset: 0;\n  background: url(\"data:image\/svg+xml,%3Csvg width='60' height='60' viewBox='0 0 60 60' xmlns='http:\/\/www.w3.org\/2000\/svg'%3E%3Cg fill='none' fill-rule='evenodd'%3E%3Cg fill='%23ffffff' fill-opacity='0.05'%3E%3Cpath d='M36 34v-4h-2v4h-4v2h4v4h2v-4h4v-2h-4zm0-30V0h-2v4h-4v2h4v4h2V6h4V4h-4zM6 34v-4H4v4H0v2h4v4h2v-4h4v-2H6zM6 4V0H4v4H0v2h4v4h2V6h4V4H6z'\/%3E%3C\/g%3E%3C\/g%3E%3C\/svg%3E\") repeat;\n  pointer-events: none;\n}\n.lk-stays-icon {\n  flex-shrink: 0;\n  width: 68px;\n  height: 68px;\n  border-radius: 14px;\n  background: linear-gradient(135deg, #fff 0%, #f9f6f0 100%);\n  display: flex;\n  align-items: center;\n  justify-content: center;\n  font-size: 26px;\n  box-shadow: 0 4px 12px rgba(0,0,0,0.15);\n}\n.lk-stays-eyebrow {\n  font-size: 10px;\n  font-weight: 500;\n  letter-spacing: 2.5px;\n  text-transform: uppercase;\n  color: rgba(255,255,255,.85);\n  margin: 0 0 5px 0;\n}\n.lk-stays-title {\n  font-family: 'Playfair Display', Georgia, serif;\n  font-size: 24px;\n  font-weight: 700;\n  color: #fff;\n  line-height: 1.2;\n  text-shadow: 0 1px 2px rgba(0,0,0,0.1);\n  margin: 0;\n}\n.lk-stays-subtitle {\n  font-size: 13px;\n  color: rgba(255,255,255,.75);\n  margin: 4px 0 0 0;\n  font-weight: 300;\n}\n\n\/* \u2500\u2500\u2500 CARDS GRID \u2500\u2500\u2500 *\/\n.lk-stays-grid {\n  display: grid;\n  grid-template-columns: 1fr 1fr;\n  gap: 1px;\n  background: rgba(195, 159, 118, 0.12);\n}\n\n\/* \u2500\u2500\u2500 SINGLE CARD \u2500\u2500\u2500 *\/\n.lk-stay-card {\n  background: #ffffff;\n  padding: 26px;\n  display: flex;\n  flex-direction: column;\n  gap: 11px;\n  transition: all 0.3s ease;\n  text-decoration: none;\n  color: inherit;\n  position: relative;\n}\n.lk-stay-card:hover {\n  background: #fffbf5;\n  transform: translateY(-2px);\n  box-shadow: 0 8px 24px rgba(195, 159, 118, 0.18);\n  z-index: 1;\n}\n.lk-stay-card.featured {\n  background: linear-gradient(135deg, #fffdf9 0%, #fff9f0 100%);\n  box-shadow: 0 4px 16px rgba(195, 159, 118, 0.15), inset 0 1px 0 rgba(195, 159, 118, 0.1);\n}\n.lk-stay-card.featured:hover {\n  background: linear-gradient(135deg, #fffbf5 0%, #fff8ed 100%);\n  box-shadow: 0 8px 24px rgba(195, 159, 118, 0.25), inset 0 1px 0 rgba(195, 159, 118, 0.15);\n}\n\n.lk-stay-badge {\n  display: inline-flex;\n  align-items: center;\n  gap: 5px;\n  font-size: 10px;\n  font-weight: 500;\n  letter-spacing: 1.5px;\n  text-transform: uppercase;\n  padding: 5px 11px;\n  border-radius: 20px;\n  width: fit-content;\n}\n.badge-top     { background: linear-gradient(135deg, #c39f76 0%, #d4b188 100%); color: #fff; border: 1px solid #c39f76; font-weight: 600; box-shadow: 0 2px 8px rgba(195,159,118,0.3); }\n.badge-luxury  { background: rgba(195,159,118,.12); color: #c39f76; border: 1px solid rgba(195,159,118,.25); }\n.badge-boutique{ background: rgba(54,133,252,.08); color: #3685fc; border: 1px solid rgba(54,133,252,.2); }\n.badge-nature  { background: rgba(130,190,100,.1); color: #6b9c4a; border: 1px solid rgba(130,190,100,.2); }\n.badge-remote  { background: rgba(195,159,118,.12); color: #a67e50; border: 1px solid rgba(195,159,118,.25); }\n\n.lk-stay-name {\n  font-family: 'Playfair Display', Georgia, serif;\n  font-size: 18px;\n  font-weight: 700;\n  color: #111827;\n  line-height: 1.3;\n}\n.lk-stay-desc {\n  font-size: 13.5px;\n  color: #525252;\n  line-height: 1.65;\n  font-weight: 300;\n  flex: 1;\n}\n\n.lk-stay-meta {\n  display: flex;\n  align-items: center;\n  gap: 12px;\n  flex-wrap: wrap;\n  margin-top: 4px;\n}\n.lk-stay-price {\n  font-size: 13px;\n  color: #6b7280;\n}\n.lk-stay-price strong {\n  color: #c39f76;\n  font-weight: 500;\n}\n.lk-stay-stars {\n  color: #c39f76;\n  font-size: 11px;\n  letter-spacing: 1px;\n}\n\n\/* \u2500\u2500\u2500 CTA BUTTON \u2500\u2500\u2500 *\/\n.lk-stay-cta {\n  display: inline-flex;\n  align-items: center;\n  justify-content: center;\n  gap: 7px;\n  margin-top: 8px;\n  padding: 11px 20px;\n  border-radius: 8px;\n  background: linear-gradient(135deg, #3685fc 0%, #2a6fd9 100%);\n  color: #fff;\n  font-size: 13px;\n  font-weight: 500;\n  text-decoration: none;\n  letter-spacing: .3px;\n  transition: all .2s ease;\n  cursor: pointer;\n  border: none;\n  text-align: center;\n  box-shadow: 0 4px 12px rgba(54, 133, 252, 0.25);\n}\n.lk-stay-cta:hover {\n  background: linear-gradient(135deg, #2a6fd9 0%, #1e5bc4 100%);\n  transform: translateY(-1px);\n  box-shadow: 0 6px 16px rgba(54, 133, 252, 0.35);\n}\n.lk-stay-cta svg { flex-shrink: 0; }\n\n\/* \u2500\u2500\u2500 FOOTER \u2500\u2500\u2500 *\/\n.lk-stays-footer {\n  padding: 18px 36px;\n  background: linear-gradient(to bottom, #fdfaf5 0%, #f9f4ed 100%);\n  border-top: 1px solid rgba(195, 159, 118, 0.15);\n  display: flex;\n  align-items: center;\n  justify-content: space-between;\n  flex-wrap: wrap;\n  gap: 12px;\n}\n.lk-stays-footer-note {\n  font-size: 11.5px;\n  color: #6b7280;\n  font-weight: 300;\n  line-height: 1.5;\n}\n.lk-stays-footer-note a {\n  color: #c39f76;\n  text-decoration: none;\n  font-weight: 400;\n}\n.lk-stays-footer-note a:hover {\n  text-decoration: underline;\n}\n.lk-stays-all-btn {\n  display: inline-flex;\n  align-items: center;\n  gap: 6px;\n  font-size: 12.5px;\n  font-weight: 500;\n  color: #c39f76;\n  text-decoration: none;\n  border: 1px solid rgba(195, 159, 118, 0.35);\n  padding: 8px 18px;\n  border-radius: 8px;\n  transition: all .2s ease;\n}\n.lk-stays-all-btn:hover {\n  background: rgba(195, 159, 118, 0.08);\n  border-color: rgba(195, 159, 118, 0.5);\n}\n\n\/* \u2500\u2500\u2500 RESPONSIVE \u2500\u2500\u2500 *\/\n@media (max-width: 600px) {\n  .lk-stays-grid { grid-template-columns: 1fr; }\n  .lk-stays-header { padding: 24px 20px; }\n  .lk-stays-footer { padding: 16px 20px; }\n  .lk-stay-card { padding: 22px; }\n  .lk-stays-title { font-size: 20px; }\n}\n<\/style>\n\n  <!-- HEADER -->\n  <div class=\"lk-stays-header\">\n    <img decoding=\"async\" src=\"https:\/\/loudavymkrokem.cz\/wp-content\/uploads\/2026\/02\/lukas-a-lucka.jpg\" alt=\"\" style=\"width: 75px; height: 75px; border-radius: 8px; flex-shrink: 0; object-fit: cover; display: block; margin: 4px 0;\" title=\"\">\n    <div class=\"lk-stays-header-text\">\n      <div class=\"lk-stays-eyebrow\">Luk\u00e1\u0161 et Lucie recommandent<\/div>\n      <div class=\"lk-stays-title\">O\u00f9 se loger \u00e0 Varna<\/div>\n      <div class=\"lk-stays-subtitle\">6 h\u00e9bergements \u2014 h\u00f4tels wellness, h\u00f4tels et autres options d&rsquo;h\u00e9bergement<\/div>\n    <\/div>\n  <\/div>\n\n  <!-- CARDS -->\n  <div class=\"lk-stays-grid\">\n\n    <a class=\"lk-stay-card featured\" href=\"https:\/\/www.stay22.com\/allez\/roam?aid=lukaskonecny&#038;campaign=loudavymkrokemcz&#038;campaign=fr&#038;campaign=varna&#038;hotelname=Modus%20Hotel&#038;address=Varna%2C%20Bulharsko\" target=\"_blank\" rel=\"nofollow noopener\">\n      <span class=\"lk-stay-badge badge-top\">\u2b50 TOP CHOIX<\/span>\n      <span class=\"lk-stay-badge badge-nature\">\u2b50 Luxe<\/span>\n      <div class=\"lk-stay-name\">Modus Hotel<\/div>\n      <div class=\"lk-stay-desc\">H\u00f4tel de premier ordre dans le quartier grec, \u00e0 130 m\u00e8tres du Jardin de la Mer. Les meilleures notes et le meilleur emplacement de la ville.<\/div>\n      <div class=\"lk-stay-meta\">\n        <span class=\"lk-stay-stars\">\u2605\u2605\u2605\u2605<\/span>\n        <span class=\"lk-stay-price\">V\u00e9rifier les prix<\/span>\n      <\/div>\n      <span class=\"lk-stay-cta\">\n        <svg width=\"14\" height=\"14\" viewBox=\"0 0 24 24\" fill=\"none\" stroke=\"currentColor\" stroke-width=\"2\"><path d=\"M18 13v6a2 2 0 0 1-2 2H5a2 2 0 0 1-2-2V8a2 2 0 0 1 2-2h6\"\/><polyline points=\"15 3 21 3 21 9\"\/><line x1=\"10\" y1=\"14\" x2=\"21\" y2=\"3\"\/><\/svg>\n        V\u00e9rifier la disponibilit\u00e9\n      <\/span>\n    <\/a>\n\n    <a class=\"lk-stay-card\" href=\"https:\/\/www.stay22.com\/allez\/roam?aid=lukaskonecny&#038;campaign=loudavymkrokemcz&#038;campaign=fr&#038;campaign=varna&#038;hotelname=Grand%20Hotel%20London&#038;address=Varna%2C%20Bulharsko\" target=\"_blank\" rel=\"nofollow noopener\">\n      <span class=\"lk-stay-badge badge-nature\">\ud83c\udfe8 H\u00f4tel<\/span>\n      <div class=\"lk-stay-name\">Grand Hotel London<\/div>\n      <div class=\"lk-stay-desc\">Magnifique b\u00e2timent Art nouveau de 1912 en plein centre de Varna. Pour les amateurs d&rsquo;histoire.<\/div>\n      <div class=\"lk-stay-meta\">\n        <span class=\"lk-stay-stars\">\u2605\u2605\u2605\u2605<\/span>\n        <span class=\"lk-stay-price\">V\u00e9rifier les prix<\/span>\n      <\/div>\n      <span class=\"lk-stay-cta\">\n        <svg width=\"14\" height=\"14\" viewBox=\"0 0 24 24\" fill=\"none\" stroke=\"currentColor\" stroke-width=\"2\"><path d=\"M18 13v6a2 2 0 0 1-2 2H5a2 2 0 0 1-2-2V8a2 2 0 0 1 2-2h6\"\/><polyline points=\"15 3 21 3 21 9\"\/><line x1=\"10\" y1=\"14\" x2=\"21\" y2=\"3\"\/><\/svg>\n        V\u00e9rifier la disponibilit\u00e9\n      <\/span>\n    <\/a>\n\n    <a class=\"lk-stay-card\" href=\"https:\/\/www.stay22.com\/allez\/roam?aid=lukaskonecny&#038;campaign=loudavymkrokemcz&#038;campaign=fr&#038;campaign=varna&#038;hotelname=Hotel%20Cherno%20More&#038;address=Varna%2C%20Bulharsko\" target=\"_blank\" rel=\"nofollow noopener\">\n      <span class=\"lk-stay-badge badge-nature\">\ud83c\udfe8 H\u00f4tel<\/span>\n      <div class=\"lk-stay-name\">Hotel Cherno More<\/div>\n      <div class=\"lk-stay-desc\">Un excellent compromis avec des balcons donnant sur la mer. Situ\u00e9 \u00e0 l&rsquo;entr\u00e9e du parc.<\/div>\n      <div class=\"lk-stay-meta\">\n        <span class=\"lk-stay-stars\">\u2605\u2605\u2605\u2605<\/span>\n        <span class=\"lk-stay-price\">V\u00e9rifier les prix<\/span>\n      <\/div>\n      <span class=\"lk-stay-cta\">\n        <svg width=\"14\" height=\"14\" viewBox=\"0 0 24 24\" fill=\"none\" stroke=\"currentColor\" stroke-width=\"2\"><path d=\"M18 13v6a2 2 0 0 1-2 2H5a2 2 0 0 1-2-2V8a2 2 0 0 1 2-2h6\"\/><polyline points=\"15 3 21 3 21 9\"\/><line x1=\"10\" y1=\"14\" x2=\"21\" y2=\"3\"\/><\/svg>\n        V\u00e9rifier la disponibilit\u00e9\n      <\/span>\n    <\/a>\n\n    <a class=\"lk-stay-card\" href=\"https:\/\/www.stay22.com\/allez\/roam?aid=lukaskonecny&#038;campaign=loudavymkrokemcz&#038;campaign=fr&#038;campaign=varna&#038;hotelname=Boutique%20Splendid&#038;address=Varna%2C%20Bulharsko\" target=\"_blank\" rel=\"nofollow noopener\">\n      <span class=\"lk-stay-badge badge-nature\">\ud83c\udfe8 H\u00f4tel<\/span>\n      <div class=\"lk-stay-name\">Boutique Splendid<\/div>\n      <div class=\"lk-stay-desc\">Au plus pr\u00e8s des monuments, \u00e0 moins de cent m\u00e8tres de la cath\u00e9drale de l&rsquo;Assomption.<\/div>\n      <div class=\"lk-stay-meta\">\n        <span class=\"lk-stay-stars\">\u2605\u2605\u2605\u2605<\/span>\n        <span class=\"lk-stay-price\">V\u00e9rifier les prix<\/span>\n      <\/div>\n      <span class=\"lk-stay-cta\">\n        <svg width=\"14\" height=\"14\" viewBox=\"0 0 24 24\" fill=\"none\" stroke=\"currentColor\" stroke-width=\"2\"><path d=\"M18 13v6a2 2 0 0 1-2 2H5a2 2 0 0 1-2-2V8a2 2 0 0 1 2-2h6\"\/><polyline points=\"15 3 21 3 21 9\"\/><line x1=\"10\" y1=\"14\" x2=\"21\" y2=\"3\"\/><\/svg>\n        V\u00e9rifier la disponibilit\u00e9\n      <\/span>\n    <\/a>\n\n    <a class=\"lk-stay-card\" href=\"https:\/\/www.stay22.com\/allez\/roam?aid=lukaskonecny&#038;campaign=loudavymkrokemcz&#038;campaign=fr&#038;campaign=varna&#038;hotelname=Nomado%20hostel&#038;address=Varna%2C%20Bulharsko\" target=\"_blank\" rel=\"nofollow noopener\">\n      <span class=\"lk-stay-badge badge-nature\">\ud83c\udfe1 Pension\/B&#038;B<\/span>\n      <div class=\"lk-stay-name\">Nomado hostel<\/div>\n      <div class=\"lk-stay-desc\">Auberge de jeunesse \u00e9conomique tr\u00e8s bien not\u00e9e au centre-ville pour les voyageurs \u00e0 petit budget.<\/div>\n      <div class=\"lk-stay-meta\">\n        <span class=\"lk-stay-stars\">\u2605\u2605\u2605\u2605<\/span>\n        <span class=\"lk-stay-price\">V\u00e9rifier les prix<\/span>\n      <\/div>\n      <span class=\"lk-stay-cta\">\n        <svg width=\"14\" height=\"14\" viewBox=\"0 0 24 24\" fill=\"none\" stroke=\"currentColor\" stroke-width=\"2\"><path d=\"M18 13v6a2 2 0 0 1-2 2H5a2 2 0 0 1-2-2V8a2 2 0 0 1 2-2h6\"\/><polyline points=\"15 3 21 3 21 9\"\/><line x1=\"10\" y1=\"14\" x2=\"21\" y2=\"3\"\/><\/svg>\n        V\u00e9rifier la disponibilit\u00e9\n      <\/span>\n    <\/a>\n\n    <a class=\"lk-stay-card\" href=\"https:\/\/www.stay22.com\/allez\/roam?aid=lukaskonecny&#038;campaign=loudavymkrokemcz&#038;campaign=fr&#038;campaign=varna&#038;address=Varna&#038;hotelname=Ensana+Aquahouse&#038;search=Ensana+Aquahouse&#038;category=accommodation\" target=\"_blank\" rel=\"nofollow noopener\">\n      <span class=\"lk-stay-badge badge-nature\">\u2b50 Luxe<\/span>\n      <div class=\"lk-stay-name\">Ensana Aquahouse<\/div>\n      <div class=\"lk-stay-desc\">Premier h\u00f4tel de Varna class\u00e9 dans le Guide Michelin 2026. Sources thermales jusqu&rsquo;\u00e0 42\u00b0C.<\/div>\n      <div class=\"lk-stay-meta\">\n        <span class=\"lk-stay-stars\">\u2605\u2605\u2605\u2605<\/span>\n        <span class=\"lk-stay-price\">V\u00e9rifier les prix<\/span>\n      <\/div>\n      <span class=\"lk-stay-cta\">\n        <svg width=\"14\" height=\"14\" viewBox=\"0 0 24 24\" fill=\"none\" stroke=\"currentColor\" stroke-width=\"2\"><path d=\"M18 13v6a2 2 0 0 1-2 2H5a2 2 0 0 1-2-2V8a2 2 0 0 1 2-2h6\"\/><polyline points=\"15 3 21 3 21 9\"\/><line x1=\"10\" y1=\"14\" x2=\"21\" y2=\"3\"\/><\/svg>\n        V\u00e9rifier la disponibilit\u00e9\n      <\/span>\n    <\/a>\n\n  <\/div>\n\n  \n<\/div>\n\n\n\n\n<h2 class=\"wp-block-heading\"><span class=\"ez-toc-section\" id=\"Au-dela_du_centre\"><\/span>Au-del\u00e0 du centre<span class=\"ez-toc-section-end\"><\/span><\/h2>\n\n\n\n<p class=\"wp-block-paragraph\">Si tu t&rsquo;aventures un peu plus loin du c\u0153ur historique, Varna te d\u00e9voilera d&rsquo;autres facettes, qu&rsquo;il s&rsquo;agisse de son <strong>histoire militaire mouvement\u00e9e<\/strong> ou de ses <strong>paisibles stations baln\u00e9aires de banlieue<\/strong>.<\/p>\n\n\n\n<figure data-wp-context=\"{&quot;imageId&quot;:&quot;6a9c6542153d3&quot;}\" data-wp-interactive=\"core\/image\" data-wp-key=\"6a9c6542153d3\" class=\"wp-block-image size-full wp-lightbox-container\"><img decoding=\"async\" width=\"1800\" height=\"1355\" data-wp-class--hide=\"state.isContentHidden\" data-wp-class--show=\"state.isContentVisible\" data-wp-init=\"callbacks.setButtonStyles\" data-wp-on--click=\"actions.showLightbox\" data-wp-on--load=\"callbacks.setButtonStyles\" data-wp-on--pointerdown=\"actions.preloadImage\" data-wp-on--pointerenter=\"actions.preloadImageWithDelay\" data-wp-on--pointerleave=\"actions.cancelPreload\" data-wp-on-window--resize=\"callbacks.setButtonStyles\" src=\"https:\/\/loudavymkrokem.cz\/wp-content\/uploads\/2026\/08\/bulharsko-research-varna-20-7df8a708.jpg\" alt=\"Le parc-mus\u00e9e Vladislav Varnenchik \u00e0 Varna\" class=\"wp-image-407795\" title=\"\" srcset=\"https:\/\/loudavymkrokem.cz\/wp-content\/uploads\/2026\/08\/bulharsko-research-varna-20-7df8a708.jpg 1800w, https:\/\/loudavymkrokem.cz\/wp-content\/uploads\/2026\/08\/bulharsko-research-varna-20-7df8a708-300x226.jpg 300w, https:\/\/loudavymkrokem.cz\/wp-content\/uploads\/2026\/08\/bulharsko-research-varna-20-7df8a708-700x527.jpg 700w, https:\/\/loudavymkrokem.cz\/wp-content\/uploads\/2026\/08\/bulharsko-research-varna-20-7df8a708-768x578.jpg 768w, https:\/\/loudavymkrokem.cz\/wp-content\/uploads\/2026\/08\/bulharsko-research-varna-20-7df8a708-1536x1156.jpg 1536w, https:\/\/loudavymkrokem.cz\/wp-content\/uploads\/2026\/08\/bulharsko-research-varna-20-7df8a708-80x60.jpg 80w, https:\/\/loudavymkrokem.cz\/wp-content\/uploads\/2026\/08\/bulharsko-research-varna-20-7df8a708-160x120.jpg 160w, https:\/\/loudavymkrokem.cz\/wp-content\/uploads\/2026\/08\/bulharsko-research-varna-20-7df8a708-696x524.jpg 696w, https:\/\/loudavymkrokem.cz\/wp-content\/uploads\/2026\/08\/bulharsko-research-varna-20-7df8a708-1392x1048.jpg 1392w\" sizes=\"(max-width: 1800px) 100vw, 1800px\" \/><button\n\t\t\tclass=\"lightbox-trigger\"\n\t\t\ttype=\"button\"\n\t\t\taria-haspopup=\"dialog\"\n\t\t\tdata-wp-bind--aria-label=\"state.thisImage.triggerButtonAriaLabel\"\n\t\t\tdata-wp-init=\"callbacks.initTriggerButton\"\n\t\t\tdata-wp-on--click=\"actions.showLightbox\"\n\t\t\tdata-wp-style--right=\"state.thisImage.buttonRight\"\n\t\t\tdata-wp-style--top=\"state.thisImage.buttonTop\"\n\t\t>\n\t\t\t<svg xmlns=\"http:\/\/www.w3.org\/2000\/svg\" width=\"12\" height=\"12\" fill=\"none\" viewBox=\"0 0 12 12\">\n\t\t\t\t<path fill=\"#fff\" d=\"M2 0a2 2 0 0 0-2 2v2h1.5V2a.5.5 0 0 1 .5-.5h2V0H2Zm2 10.5H2a.5.5 0 0 1-.5-.5V8H0v2a2 2 0 0 0 2 2h2v-1.5ZM8 12v-1.5h2a.5.5 0 0 0 .5-.5V8H12v2a2 2 0 0 1-2 2H8Zm2-12a2 2 0 0 1 2 2v2h-1.5V2a.5.5 0 0 0-.5-.5H8V0h2Z\" \/>\n\t\t\t<\/svg>\n\t\t<\/button><figcaption class=\"wp-element-caption\">Photo : Micha\u0142 Derela, CC BY-SA 4.0 (Wikimedia Commons)<\/figcaption><\/figure>\n\n\n\n<h3 class=\"wp-block-heading\"><span class=\"ez-toc-section\" id=\"14_Le_parc-musee_Vladislav_Varnenchik\"><\/span>14. Le parc-mus\u00e9e Vladislav Varnenchik<span class=\"ez-toc-section-end\"><\/span><\/h3>\n\n\n\n<p class=\"wp-block-paragraph\">Ce parc de trente hectares s&rsquo;\u00e9tend pr\u00e9cis\u00e9ment sur le lieu du sanglant champ de bataille du 10 novembre 1444, o\u00f9 les arm\u00e9es de l&rsquo;alliance chr\u00e9tienne succomb\u00e8rent \u00e0 la sup\u00e9riorit\u00e9 ottomane. Dans cette bataille tomba le roi de Pologne et de Hongrie Ladislas III, \u00e2g\u00e9 de seulement vingt ans, qui doit \u00e0 ce lieu son surnom de Varnenchik. Des mercenaires tch\u00e8ques et ruth\u00e8nes combattirent \u00e9galement ici, utilisant pour se d\u00e9fendre la traditionnelle barri\u00e8re de chariots hussite \u00e9quip\u00e9e de bombardes. \ud83d\udca1 <strong>Astuce :<\/strong> le corps du jeune roi n&rsquo;a jamais \u00e9t\u00e9 retrouv\u00e9. Un mausol\u00e9e symbolique, am\u00e9nag\u00e9 dans un tumulus thrace abandonn\u00e9, se dresse donc dans le parc. L&rsquo;entr\u00e9e co\u00fbte 4,09 \u20ac et certaines pi\u00e8ces ont \u00e9t\u00e9 offertes directement par des mus\u00e9es de Prague.<\/p>\n\n\n\n<figure data-wp-context=\"{&quot;imageId&quot;:&quot;6a9c654215b45&quot;}\" data-wp-interactive=\"core\/image\" data-wp-key=\"6a9c654215b45\" class=\"wp-block-image size-full wp-lightbox-container\"><img decoding=\"async\" width=\"1800\" height=\"1350\" data-wp-class--hide=\"state.isContentHidden\" data-wp-class--show=\"state.isContentVisible\" data-wp-init=\"callbacks.setButtonStyles\" data-wp-on--click=\"actions.showLightbox\" data-wp-on--load=\"callbacks.setButtonStyles\" data-wp-on--pointerdown=\"actions.preloadImage\" data-wp-on--pointerenter=\"actions.preloadImageWithDelay\" data-wp-on--pointerleave=\"actions.cancelPreload\" data-wp-on-window--resize=\"callbacks.setButtonStyles\" src=\"https:\/\/loudavymkrokem.cz\/wp-content\/uploads\/2026\/08\/bulharsko-research-varna-21-f5e596df.jpg\" alt=\"Large plage de sable dans le quartier d&#039;Asparuhovo \u00e0 Varna\" class=\"wp-image-407796\" title=\"\" srcset=\"https:\/\/loudavymkrokem.cz\/wp-content\/uploads\/2026\/08\/bulharsko-research-varna-21-f5e596df.jpg 1800w, https:\/\/loudavymkrokem.cz\/wp-content\/uploads\/2026\/08\/bulharsko-research-varna-21-f5e596df-300x225.jpg 300w, https:\/\/loudavymkrokem.cz\/wp-content\/uploads\/2026\/08\/bulharsko-research-varna-21-f5e596df-700x525.jpg 700w, https:\/\/loudavymkrokem.cz\/wp-content\/uploads\/2026\/08\/bulharsko-research-varna-21-f5e596df-768x576.jpg 768w, https:\/\/loudavymkrokem.cz\/wp-content\/uploads\/2026\/08\/bulharsko-research-varna-21-f5e596df-1536x1152.jpg 1536w, https:\/\/loudavymkrokem.cz\/wp-content\/uploads\/2026\/08\/bulharsko-research-varna-21-f5e596df-80x60.jpg 80w, https:\/\/loudavymkrokem.cz\/wp-content\/uploads\/2026\/08\/bulharsko-research-varna-21-f5e596df-160x120.jpg 160w, https:\/\/loudavymkrokem.cz\/wp-content\/uploads\/2026\/08\/bulharsko-research-varna-21-f5e596df-696x522.jpg 696w, https:\/\/loudavymkrokem.cz\/wp-content\/uploads\/2026\/08\/bulharsko-research-varna-21-f5e596df-1392x1044.jpg 1392w\" sizes=\"(max-width: 1800px) 100vw, 1800px\" \/><button\n\t\t\tclass=\"lightbox-trigger\"\n\t\t\ttype=\"button\"\n\t\t\taria-haspopup=\"dialog\"\n\t\t\tdata-wp-bind--aria-label=\"state.thisImage.triggerButtonAriaLabel\"\n\t\t\tdata-wp-init=\"callbacks.initTriggerButton\"\n\t\t\tdata-wp-on--click=\"actions.showLightbox\"\n\t\t\tdata-wp-style--right=\"state.thisImage.buttonRight\"\n\t\t\tdata-wp-style--top=\"state.thisImage.buttonTop\"\n\t\t>\n\t\t\t<svg xmlns=\"http:\/\/www.w3.org\/2000\/svg\" width=\"12\" height=\"12\" fill=\"none\" viewBox=\"0 0 12 12\">\n\t\t\t\t<path fill=\"#fff\" d=\"M2 0a2 2 0 0 0-2 2v2h1.5V2a.5.5 0 0 1 .5-.5h2V0H2Zm2 10.5H2a.5.5 0 0 1-.5-.5V8H0v2a2 2 0 0 0 2 2h2v-1.5ZM8 12v-1.5h2a.5.5 0 0 0 .5-.5V8H12v2a2 2 0 0 1-2 2H8Zm2-12a2 2 0 0 1 2 2v2h-1.5V2a.5.5 0 0 0-.5-.5H8V0h2Z\" \/>\n\t\t\t<\/svg>\n\t\t<\/button><figcaption class=\"wp-element-caption\">Photo : Dobrin Gueorguiev (Google Maps)<\/figcaption><\/figure>\n\n\n\n<h3 class=\"wp-block-heading\"><span class=\"ez-toc-section\" id=\"15_La_plage_dAsparuhovo\"><\/span>15. La plage d&rsquo;Asparuhovo<span class=\"ez-toc-section-end\"><\/span><\/h3>\n\n\n\n<p class=\"wp-block-paragraph\">Si l&rsquo;agitation des plages centrales te fatigue, traverse le grand pont vers le sud jusqu&rsquo;au quartier d&rsquo;Asparuhovo. La plage locale fait <strong>plus d&rsquo;un kilom\u00e8tre de long et jusqu&rsquo;\u00e0 cent m\u00e8tres de large<\/strong> par endroits. Loin du tourisme de masse, elle offre un sable magnifiquement fin, du calme et beaucoup de verdure. Elle compte depuis longtemps parmi les plus propres de toute la ville. Asparuhovo a aussi une empreinte tch\u00e8que inattendue. C&rsquo;est ici qu&rsquo;est enterr\u00e9 <strong>Hermenegild \u0160korpil<\/strong> (1858 \u2013 1923 Varna), naturaliste et fr\u00e8re de Karel \u0160korpil, avec qui il a fond\u00e9 le mus\u00e9e arch\u00e9ologique de Varna. Il repose au c\u0153ur m\u00eame du site arch\u00e9ologique qu&rsquo;il a lui-m\u00eame explor\u00e9. \ud83d\udca1 <strong>Astuce :<\/strong> c&rsquo;est justement \u00e0 Asparuhovo que tu trouveras les restaurants de poisson les moins chers et les mieux not\u00e9s, o\u00f9 mangent surtout les habitants du coin.<\/p>\n\n\n\n<figure data-wp-context=\"{&quot;imageId&quot;:&quot;6a9c6542161c1&quot;}\" data-wp-interactive=\"core\/image\" data-wp-key=\"6a9c6542161c1\" class=\"wp-block-image size-full wp-lightbox-container\"><img decoding=\"async\" width=\"1800\" height=\"1350\" data-wp-class--hide=\"state.isContentHidden\" data-wp-class--show=\"state.isContentVisible\" data-wp-init=\"callbacks.setButtonStyles\" data-wp-on--click=\"actions.showLightbox\" data-wp-on--load=\"callbacks.setButtonStyles\" data-wp-on--pointerdown=\"actions.preloadImage\" data-wp-on--pointerenter=\"actions.preloadImageWithDelay\" data-wp-on--pointerleave=\"actions.cancelPreload\" data-wp-on-window--resize=\"callbacks.setButtonStyles\" src=\"https:\/\/loudavymkrokem.cz\/wp-content\/uploads\/2026\/08\/bulharsko-research-varna-22-19b9282d.jpg\" alt=\"Plage et h\u00f4tels de la station de St-Constantin-et-H\u00e9l\u00e8ne pr\u00e8s de Varna\" class=\"wp-image-407797\" title=\"\" srcset=\"https:\/\/loudavymkrokem.cz\/wp-content\/uploads\/2026\/08\/bulharsko-research-varna-22-19b9282d.jpg 1800w, https:\/\/loudavymkrokem.cz\/wp-content\/uploads\/2026\/08\/bulharsko-research-varna-22-19b9282d-300x225.jpg 300w, https:\/\/loudavymkrokem.cz\/wp-content\/uploads\/2026\/08\/bulharsko-research-varna-22-19b9282d-700x525.jpg 700w, https:\/\/loudavymkrokem.cz\/wp-content\/uploads\/2026\/08\/bulharsko-research-varna-22-19b9282d-768x576.jpg 768w, https:\/\/loudavymkrokem.cz\/wp-content\/uploads\/2026\/08\/bulharsko-research-varna-22-19b9282d-1536x1152.jpg 1536w, https:\/\/loudavymkrokem.cz\/wp-content\/uploads\/2026\/08\/bulharsko-research-varna-22-19b9282d-80x60.jpg 80w, https:\/\/loudavymkrokem.cz\/wp-content\/uploads\/2026\/08\/bulharsko-research-varna-22-19b9282d-160x120.jpg 160w, https:\/\/loudavymkrokem.cz\/wp-content\/uploads\/2026\/08\/bulharsko-research-varna-22-19b9282d-696x522.jpg 696w, https:\/\/loudavymkrokem.cz\/wp-content\/uploads\/2026\/08\/bulharsko-research-varna-22-19b9282d-1392x1044.jpg 1392w\" sizes=\"(max-width: 1800px) 100vw, 1800px\" \/><button\n\t\t\tclass=\"lightbox-trigger\"\n\t\t\ttype=\"button\"\n\t\t\taria-haspopup=\"dialog\"\n\t\t\tdata-wp-bind--aria-label=\"state.thisImage.triggerButtonAriaLabel\"\n\t\t\tdata-wp-init=\"callbacks.initTriggerButton\"\n\t\t\tdata-wp-on--click=\"actions.showLightbox\"\n\t\t\tdata-wp-style--right=\"state.thisImage.buttonRight\"\n\t\t\tdata-wp-style--top=\"state.thisImage.buttonTop\"\n\t\t>\n\t\t\t<svg xmlns=\"http:\/\/www.w3.org\/2000\/svg\" width=\"12\" height=\"12\" fill=\"none\" viewBox=\"0 0 12 12\">\n\t\t\t\t<path fill=\"#fff\" d=\"M2 0a2 2 0 0 0-2 2v2h1.5V2a.5.5 0 0 1 .5-.5h2V0H2Zm2 10.5H2a.5.5 0 0 1-.5-.5V8H0v2a2 2 0 0 0 2 2h2v-1.5ZM8 12v-1.5h2a.5.5 0 0 0 .5-.5V8H12v2a2 2 0 0 1-2 2H8Zm2-12a2 2 0 0 1 2 2v2h-1.5V2a.5.5 0 0 0-.5-.5H8V0h2Z\" \/>\n\t\t\t<\/svg>\n\t\t<\/button><figcaption class=\"wp-element-caption\">Photo : Mariana Negrea (Google Maps)<\/figcaption><\/figure>\n\n\n\n<h3 class=\"wp-block-heading\"><span class=\"ez-toc-section\" id=\"16_St-Constantin-et-Helene\"><\/span>16. St-Constantin-et-H\u00e9l\u00e8ne<span class=\"ez-toc-section-end\"><\/span><\/h3>\n\n\n\n<p class=\"wp-block-paragraph\">\u00c0 seulement 9 kilom\u00e8tres au nord du centre se trouve la toute premi\u00e8re station baln\u00e9aire de Bulgarie. Elle s&rsquo;appelait autrefois Druzhba et est aujourd&rsquo;hui r\u00e9put\u00e9e surtout pour ses sources thermales. Tu y trouveras le vaste Aquahouse Thermal &#038; Beach avec ses quatorze bassins et une eau chauff\u00e9e jusqu&rsquo;\u00e0 42 \u00b0C. La station est entour\u00e9e de parcs verdoyants et offre un calme absolu. \ud83d\udca1 <strong>Astuce :<\/strong> la qualit\u00e9 des services locaux est telle que l&rsquo;h\u00f4tel Ensana Aquahouse est devenu, en ao\u00fbt 2026, le <strong>premier h\u00f4tel de Varna \u00e0 figurer dans le prestigieux Guide Michelin<\/strong> (alors que la capitale, Sofia, n&rsquo;en compte toujours aucun \u00e0 ce jour).<\/p>\n\n\n\n<figure data-wp-context=\"{&quot;imageId&quot;:&quot;6a9c6542167fe&quot;}\" data-wp-interactive=\"core\/image\" data-wp-key=\"6a9c6542167fe\" class=\"wp-block-image size-full wp-lightbox-container\"><img decoding=\"async\" width=\"1800\" height=\"1350\" data-wp-class--hide=\"state.isContentHidden\" data-wp-class--show=\"state.isContentVisible\" data-wp-init=\"callbacks.setButtonStyles\" data-wp-on--click=\"actions.showLightbox\" data-wp-on--load=\"callbacks.setButtonStyles\" data-wp-on--pointerdown=\"actions.preloadImage\" data-wp-on--pointerenter=\"actions.preloadImageWithDelay\" data-wp-on--pointerleave=\"actions.cancelPreload\" data-wp-on-window--resize=\"callbacks.setButtonStyles\" src=\"https:\/\/loudavymkrokem.cz\/wp-content\/uploads\/2026\/08\/bulharsko-research-varna-23-e2205d32.jpg\" alt=\"Massif rocheux pr\u00e8s de Madara o\u00f9 est sculpt\u00e9 le Cavalier de Madara\" class=\"wp-image-407798\" title=\"\" srcset=\"https:\/\/loudavymkrokem.cz\/wp-content\/uploads\/2026\/08\/bulharsko-research-varna-23-e2205d32.jpg 1800w, https:\/\/loudavymkrokem.cz\/wp-content\/uploads\/2026\/08\/bulharsko-research-varna-23-e2205d32-300x225.jpg 300w, https:\/\/loudavymkrokem.cz\/wp-content\/uploads\/2026\/08\/bulharsko-research-varna-23-e2205d32-700x525.jpg 700w, https:\/\/loudavymkrokem.cz\/wp-content\/uploads\/2026\/08\/bulharsko-research-varna-23-e2205d32-768x576.jpg 768w, https:\/\/loudavymkrokem.cz\/wp-content\/uploads\/2026\/08\/bulharsko-research-varna-23-e2205d32-1536x1152.jpg 1536w, https:\/\/loudavymkrokem.cz\/wp-content\/uploads\/2026\/08\/bulharsko-research-varna-23-e2205d32-80x60.jpg 80w, https:\/\/loudavymkrokem.cz\/wp-content\/uploads\/2026\/08\/bulharsko-research-varna-23-e2205d32-160x120.jpg 160w, https:\/\/loudavymkrokem.cz\/wp-content\/uploads\/2026\/08\/bulharsko-research-varna-23-e2205d32-696x522.jpg 696w, https:\/\/loudavymkrokem.cz\/wp-content\/uploads\/2026\/08\/bulharsko-research-varna-23-e2205d32-1392x1044.jpg 1392w\" sizes=\"(max-width: 1800px) 100vw, 1800px\" \/><button\n\t\t\tclass=\"lightbox-trigger\"\n\t\t\ttype=\"button\"\n\t\t\taria-haspopup=\"dialog\"\n\t\t\tdata-wp-bind--aria-label=\"state.thisImage.triggerButtonAriaLabel\"\n\t\t\tdata-wp-init=\"callbacks.initTriggerButton\"\n\t\t\tdata-wp-on--click=\"actions.showLightbox\"\n\t\t\tdata-wp-style--right=\"state.thisImage.buttonRight\"\n\t\t\tdata-wp-style--top=\"state.thisImage.buttonTop\"\n\t\t>\n\t\t\t<svg xmlns=\"http:\/\/www.w3.org\/2000\/svg\" width=\"12\" height=\"12\" fill=\"none\" viewBox=\"0 0 12 12\">\n\t\t\t\t<path fill=\"#fff\" d=\"M2 0a2 2 0 0 0-2 2v2h1.5V2a.5.5 0 0 1 .5-.5h2V0H2Zm2 10.5H2a.5.5 0 0 1-.5-.5V8H0v2a2 2 0 0 0 2 2h2v-1.5ZM8 12v-1.5h2a.5.5 0 0 0 .5-.5V8H12v2a2 2 0 0 1-2 2H8Zm2-12a2 2 0 0 1 2 2v2h-1.5V2a.5.5 0 0 0-.5-.5H8V0h2Z\" \/>\n\t\t\t<\/svg>\n\t\t<\/button><figcaption class=\"wp-element-caption\">Photo : valeri mladenov (Google Maps)<\/figcaption><\/figure>\n\n\n\n<h2 class=\"wp-block-heading\"><span class=\"ez-toc-section\" id=\"Excursions_depuis_Varna\"><\/span>Excursions depuis Varna<span class=\"ez-toc-section-end\"><\/span><\/h2>\n\n\n\n<p class=\"wp-block-paragraph\">Une fois la ville visit\u00e9e, cela vaut vraiment le coup de <strong>louer une voiture<\/strong>. Les environs de Varna rec\u00e8lent des <strong>ph\u00e9nom\u00e8nes naturels et des monuments<\/strong> qui n&rsquo;ont pas leur \u00e9quivalent en Europe.<\/p>\n\n\n\n<figure data-wp-context=\"{&quot;imageId&quot;:&quot;6a9c654216f68&quot;}\" data-wp-interactive=\"core\/image\" data-wp-key=\"6a9c654216f68\" class=\"wp-block-image size-full wp-lightbox-container\"><img decoding=\"async\" width=\"1800\" height=\"1200\" data-wp-class--hide=\"state.isContentHidden\" data-wp-class--show=\"state.isContentVisible\" data-wp-init=\"callbacks.setButtonStyles\" data-wp-on--click=\"actions.showLightbox\" data-wp-on--load=\"callbacks.setButtonStyles\" data-wp-on--pointerdown=\"actions.preloadImage\" data-wp-on--pointerenter=\"actions.preloadImageWithDelay\" data-wp-on--pointerleave=\"actions.cancelPreload\" data-wp-on-window--resize=\"callbacks.setButtonStyles\" src=\"https:\/\/loudavymkrokem.cz\/wp-content\/uploads\/2026\/08\/bulharsko-research-varna-24-368732fd.jpg\" alt=\"Le palais et le jardin botanique de Balchik\" class=\"wp-image-407799\" title=\"\" srcset=\"https:\/\/loudavymkrokem.cz\/wp-content\/uploads\/2026\/08\/bulharsko-research-varna-24-368732fd.jpg 1800w, https:\/\/loudavymkrokem.cz\/wp-content\/uploads\/2026\/08\/bulharsko-research-varna-24-368732fd-300x200.jpg 300w, https:\/\/loudavymkrokem.cz\/wp-content\/uploads\/2026\/08\/bulharsko-research-varna-24-368732fd-700x467.jpg 700w, https:\/\/loudavymkrokem.cz\/wp-content\/uploads\/2026\/08\/bulharsko-research-varna-24-368732fd-768x512.jpg 768w, https:\/\/loudavymkrokem.cz\/wp-content\/uploads\/2026\/08\/bulharsko-research-varna-24-368732fd-1536x1024.jpg 1536w, https:\/\/loudavymkrokem.cz\/wp-content\/uploads\/2026\/08\/bulharsko-research-varna-24-368732fd-696x464.jpg 696w, https:\/\/loudavymkrokem.cz\/wp-content\/uploads\/2026\/08\/bulharsko-research-varna-24-368732fd-1392x928.jpg 1392w\" sizes=\"(max-width: 1800px) 100vw, 1800px\" \/><button\n\t\t\tclass=\"lightbox-trigger\"\n\t\t\ttype=\"button\"\n\t\t\taria-haspopup=\"dialog\"\n\t\t\tdata-wp-bind--aria-label=\"state.thisImage.triggerButtonAriaLabel\"\n\t\t\tdata-wp-init=\"callbacks.initTriggerButton\"\n\t\t\tdata-wp-on--click=\"actions.showLightbox\"\n\t\t\tdata-wp-style--right=\"state.thisImage.buttonRight\"\n\t\t\tdata-wp-style--top=\"state.thisImage.buttonTop\"\n\t\t>\n\t\t\t<svg xmlns=\"http:\/\/www.w3.org\/2000\/svg\" width=\"12\" height=\"12\" fill=\"none\" viewBox=\"0 0 12 12\">\n\t\t\t\t<path fill=\"#fff\" d=\"M2 0a2 2 0 0 0-2 2v2h1.5V2a.5.5 0 0 1 .5-.5h2V0H2Zm2 10.5H2a.5.5 0 0 1-.5-.5V8H0v2a2 2 0 0 0 2 2h2v-1.5ZM8 12v-1.5h2a.5.5 0 0 0 .5-.5V8H12v2a2 2 0 0 1-2 2H8Zm2-12a2 2 0 0 1 2 2v2h-1.5V2a.5.5 0 0 0-.5-.5H8V0h2Z\" \/>\n\t\t\t<\/svg>\n\t\t<\/button><figcaption class=\"wp-element-caption\">Photo : Dan Kollmann, CC BY-SA 4.0 (Wikimedia Commons)<\/figcaption><\/figure>\n\n\n\n<h3 class=\"wp-block-heading\"><span class=\"ez-toc-section\" id=\"17_Le_palais_et_les_jardins_de_Balchik\"><\/span>17. Le palais et les jardins de Balchik<span class=\"ez-toc-section-end\"><\/span><\/h3>\n\n\n\n<p class=\"wp-block-paragraph\">\u00c0 environ 40 minutes de route au nord de Varna se trouve la charmante petite ville de Balchik. La reine Marie de Roumanie l&rsquo;a tellement aim\u00e9e qu&rsquo;elle s&rsquo;y est fait construire une r\u00e9sidence d&rsquo;\u00e9t\u00e9 qu&rsquo;elle appelait le Nid tranquille. La villa est entour\u00e9e d&rsquo;un jardin botanique absolument sublime, qui descend en terrasses jusqu&rsquo;\u00e0 la mer. Sa vaste collection de cactus est souvent pr\u00e9sent\u00e9e dans les guides comme l&rsquo;une des plus grandes d&rsquo;Europe. \ud83d\udca1 <strong>Astuce :<\/strong> <strong>le billet combin\u00e9 n&rsquo;existe pas !<\/strong> Tu dois acheter s\u00e9par\u00e9ment l&rsquo;entr\u00e9e du palais (10 \u20ac) et celle des jardins (10 \u20ac). Attention aux r\u00e9ductions pour enfants : le palais est gratuit jusqu&rsquo;\u00e0 6 ans, mais le jardin n&rsquo;est gratuit que jusqu&rsquo;\u00e0 4 ans.<\/p>\n\n\n\n<figure data-wp-context=\"{&quot;imageId&quot;:&quot;6a9c65421763c&quot;}\" data-wp-interactive=\"core\/image\" data-wp-key=\"6a9c65421763c\" class=\"wp-block-image size-full wp-lightbox-container\"><img decoding=\"async\" width=\"1800\" height=\"1080\" data-wp-class--hide=\"state.isContentHidden\" data-wp-class--show=\"state.isContentVisible\" data-wp-init=\"callbacks.setButtonStyles\" data-wp-on--click=\"actions.showLightbox\" data-wp-on--load=\"callbacks.setButtonStyles\" data-wp-on--pointerdown=\"actions.preloadImage\" data-wp-on--pointerenter=\"actions.preloadImageWithDelay\" data-wp-on--pointerleave=\"actions.cancelPreload\" data-wp-on-window--resize=\"callbacks.setButtonStyles\" src=\"https:\/\/loudavymkrokem.cz\/wp-content\/uploads\/2026\/08\/bulharsko-research-varna-25-5c253189.jpg\" alt=\"Les falaises du cap Kaliakra\" class=\"wp-image-407800\" title=\"\" srcset=\"https:\/\/loudavymkrokem.cz\/wp-content\/uploads\/2026\/08\/bulharsko-research-varna-25-5c253189.jpg 1800w, https:\/\/loudavymkrokem.cz\/wp-content\/uploads\/2026\/08\/bulharsko-research-varna-25-5c253189-300x180.jpg 300w, https:\/\/loudavymkrokem.cz\/wp-content\/uploads\/2026\/08\/bulharsko-research-varna-25-5c253189-700x420.jpg 700w, https:\/\/loudavymkrokem.cz\/wp-content\/uploads\/2026\/08\/bulharsko-research-varna-25-5c253189-768x461.jpg 768w, https:\/\/loudavymkrokem.cz\/wp-content\/uploads\/2026\/08\/bulharsko-research-varna-25-5c253189-1536x922.jpg 1536w, https:\/\/loudavymkrokem.cz\/wp-content\/uploads\/2026\/08\/bulharsko-research-varna-25-5c253189-696x418.jpg 696w, https:\/\/loudavymkrokem.cz\/wp-content\/uploads\/2026\/08\/bulharsko-research-varna-25-5c253189-1392x835.jpg 1392w\" sizes=\"(max-width: 1800px) 100vw, 1800px\" \/><button\n\t\t\tclass=\"lightbox-trigger\"\n\t\t\ttype=\"button\"\n\t\t\taria-haspopup=\"dialog\"\n\t\t\tdata-wp-bind--aria-label=\"state.thisImage.triggerButtonAriaLabel\"\n\t\t\tdata-wp-init=\"callbacks.initTriggerButton\"\n\t\t\tdata-wp-on--click=\"actions.showLightbox\"\n\t\t\tdata-wp-style--right=\"state.thisImage.buttonRight\"\n\t\t\tdata-wp-style--top=\"state.thisImage.buttonTop\"\n\t\t>\n\t\t\t<svg xmlns=\"http:\/\/www.w3.org\/2000\/svg\" width=\"12\" height=\"12\" fill=\"none\" viewBox=\"0 0 12 12\">\n\t\t\t\t<path fill=\"#fff\" d=\"M2 0a2 2 0 0 0-2 2v2h1.5V2a.5.5 0 0 1 .5-.5h2V0H2Zm2 10.5H2a.5.5 0 0 1-.5-.5V8H0v2a2 2 0 0 0 2 2h2v-1.5ZM8 12v-1.5h2a.5.5 0 0 0 .5-.5V8H12v2a2 2 0 0 1-2 2H8Zm2-12a2 2 0 0 1 2 2v2h-1.5V2a.5.5 0 0 0-.5-.5H8V0h2Z\" \/>\n\t\t\t<\/svg>\n\t\t<\/button><figcaption class=\"wp-element-caption\">Photo : Dan Kollmann, CC BY-SA 4.0 (Wikimedia Commons)<\/figcaption><\/figure>\n\n\n\n<h3 class=\"wp-block-heading\"><span class=\"ez-toc-section\" id=\"18_Le_cap_Kaliakra\"><\/span>18. Le cap Kaliakra<span class=\"ez-toc-section-end\"><\/span><\/h3>\n\n\n\n<p class=\"wp-block-paragraph\">Un peu apr\u00e8s Balchik, un \u00e9peron rocheux de deux kilom\u00e8tres, le cap Kaliakra, s&rsquo;avance dans la mer. Des falaises pourpres, hautes de 70 m\u00e8tres, plongent \u00e0 la verticale dans les vagues et forment l&rsquo;un des endroits les plus photog\u00e9niques du littoral bulgare. Le lieu a une histoire riche, depuis l&rsquo;occupation thrace jusqu&rsquo;\u00e0 la capitale du despotat m\u00e9di\u00e9val de Dobroudja. Selon la l\u00e9gende, 40 jeunes filles se sont jet\u00e9es de ces falaises, les cheveux li\u00e9s ensemble, pour \u00e9chapper \u00e0 la captivit\u00e9 ottomane. \ud83d\udca1 <strong>Astuce :<\/strong> l&rsquo;entr\u00e9e du site co\u00fbte, selon les visiteurs, environ 3 \u20ac. Sans voiture, l&rsquo;acc\u00e8s est tr\u00e8s difficile : le bus depuis Varna ne va que jusqu&rsquo;\u00e0 Kavarna, et il faut faire le reste en taxi. Garde l&rsquo;\u0153il ouvert : depuis les falaises, on peut souvent observer des dauphins.<\/p>\n\n\n\n<figure data-wp-context=\"{&quot;imageId&quot;:&quot;6a9c654217d41&quot;}\" data-wp-interactive=\"core\/image\" data-wp-key=\"6a9c654217d41\" class=\"wp-block-image size-full wp-lightbox-container\"><img decoding=\"async\" width=\"1800\" height=\"1350\" data-wp-class--hide=\"state.isContentHidden\" data-wp-class--show=\"state.isContentVisible\" data-wp-init=\"callbacks.setButtonStyles\" data-wp-on--click=\"actions.showLightbox\" data-wp-on--load=\"callbacks.setButtonStyles\" data-wp-on--pointerdown=\"actions.preloadImage\" data-wp-on--pointerenter=\"actions.preloadImageWithDelay\" data-wp-on--pointerleave=\"actions.cancelPreload\" data-wp-on-window--resize=\"callbacks.setButtonStyles\" src=\"https:\/\/loudavymkrokem.cz\/wp-content\/uploads\/2026\/08\/bulharsko-research-varna-26-0919ed51.jpg\" alt=\"Le monast\u00e8re rupestre d&#039;Aladzha pr\u00e8s de Varna\" class=\"wp-image-407801\" title=\"\" srcset=\"https:\/\/loudavymkrokem.cz\/wp-content\/uploads\/2026\/08\/bulharsko-research-varna-26-0919ed51.jpg 1800w, https:\/\/loudavymkrokem.cz\/wp-content\/uploads\/2026\/08\/bulharsko-research-varna-26-0919ed51-300x225.jpg 300w, https:\/\/loudavymkrokem.cz\/wp-content\/uploads\/2026\/08\/bulharsko-research-varna-26-0919ed51-700x525.jpg 700w, https:\/\/loudavymkrokem.cz\/wp-content\/uploads\/2026\/08\/bulharsko-research-varna-26-0919ed51-768x576.jpg 768w, https:\/\/loudavymkrokem.cz\/wp-content\/uploads\/2026\/08\/bulharsko-research-varna-26-0919ed51-1536x1152.jpg 1536w, https:\/\/loudavymkrokem.cz\/wp-content\/uploads\/2026\/08\/bulharsko-research-varna-26-0919ed51-80x60.jpg 80w, https:\/\/loudavymkrokem.cz\/wp-content\/uploads\/2026\/08\/bulharsko-research-varna-26-0919ed51-160x120.jpg 160w, https:\/\/loudavymkrokem.cz\/wp-content\/uploads\/2026\/08\/bulharsko-research-varna-26-0919ed51-696x522.jpg 696w, https:\/\/loudavymkrokem.cz\/wp-content\/uploads\/2026\/08\/bulharsko-research-varna-26-0919ed51-1392x1044.jpg 1392w\" sizes=\"(max-width: 1800px) 100vw, 1800px\" \/><button\n\t\t\tclass=\"lightbox-trigger\"\n\t\t\ttype=\"button\"\n\t\t\taria-haspopup=\"dialog\"\n\t\t\tdata-wp-bind--aria-label=\"state.thisImage.triggerButtonAriaLabel\"\n\t\t\tdata-wp-init=\"callbacks.initTriggerButton\"\n\t\t\tdata-wp-on--click=\"actions.showLightbox\"\n\t\t\tdata-wp-style--right=\"state.thisImage.buttonRight\"\n\t\t\tdata-wp-style--top=\"state.thisImage.buttonTop\"\n\t\t>\n\t\t\t<svg xmlns=\"http:\/\/www.w3.org\/2000\/svg\" width=\"12\" height=\"12\" fill=\"none\" viewBox=\"0 0 12 12\">\n\t\t\t\t<path fill=\"#fff\" d=\"M2 0a2 2 0 0 0-2 2v2h1.5V2a.5.5 0 0 1 .5-.5h2V0H2Zm2 10.5H2a.5.5 0 0 1-.5-.5V8H0v2a2 2 0 0 0 2 2h2v-1.5ZM8 12v-1.5h2a.5.5 0 0 0 .5-.5V8H12v2a2 2 0 0 1-2 2H8Zm2-12a2 2 0 0 1 2 2v2h-1.5V2a.5.5 0 0 0-.5-.5H8V0h2Z\" \/>\n\t\t\t<\/svg>\n\t\t<\/button><figcaption class=\"wp-element-caption\">Photo : Utilizator:\u021aetcu Mircea Rare\u0219 at ro.wikipedia, CC BY-SA 2.5 (Wikimedia Commons)<\/figcaption><\/figure>\n\n\n\n<h3 class=\"wp-block-heading\"><span class=\"ez-toc-section\" id=\"19_Le_monastere_dAladzha\"><\/span>19. Le monast\u00e8re d&rsquo;Aladzha<span class=\"ez-toc-section-end\"><\/span><\/h3>\n\n\n\n<p class=\"wp-block-paragraph\">\u00c0 seulement 16 kilom\u00e8tres de Varna, un monast\u00e8re rupestre m\u00e9di\u00e9val se cache dans une falaise calcaire de 40 m\u00e8tres de haut. Du XIIe au XIVe si\u00e8cle, une communaut\u00e9 monastique h\u00e9sychaste y vivait, taillant ses cellules et ses chapelles directement dans la roche, sur deux niveaux. Le nom vient d&rsquo;un mot turc signifiant \u00ab bariol\u00e9 \u00bb, en r\u00e9f\u00e9rence aux fresques color\u00e9es aujourd&rsquo;hui disparues. \ud83d\udca1 <strong>Astuce :<\/strong> l&rsquo;entr\u00e9e est \u00e0 5 \u20ac. Si tu viens \u00e0 Varna en hiver, raye cette excursion de ta liste \u2014 <strong>de d\u00e9cembre \u00e0 f\u00e9vrier, le monast\u00e8re est enti\u00e8rement ferm\u00e9<\/strong> au public.<\/p>\n\n\n\n<figure data-wp-context=\"{&quot;imageId&quot;:&quot;6a9c654218408&quot;}\" data-wp-interactive=\"core\/image\" data-wp-key=\"6a9c654218408\" class=\"wp-block-image size-full wp-lightbox-container\"><img decoding=\"async\" width=\"1800\" height=\"813\" data-wp-class--hide=\"state.isContentHidden\" data-wp-class--show=\"state.isContentVisible\" data-wp-init=\"callbacks.setButtonStyles\" data-wp-on--click=\"actions.showLightbox\" data-wp-on--load=\"callbacks.setButtonStyles\" data-wp-on--pointerdown=\"actions.preloadImage\" data-wp-on--pointerenter=\"actions.preloadImageWithDelay\" data-wp-on--pointerleave=\"actions.cancelPreload\" data-wp-on-window--resize=\"callbacks.setButtonStyles\" src=\"https:\/\/loudavymkrokem.cz\/wp-content\/uploads\/2026\/08\/bulharsko-research-varna-27-1a79dd3a.jpg\" alt=\"La for\u00eat de pierre Pobiti Kamani pr\u00e8s de Varna\" class=\"wp-image-407802\" title=\"\" srcset=\"https:\/\/loudavymkrokem.cz\/wp-content\/uploads\/2026\/08\/bulharsko-research-varna-27-1a79dd3a.jpg 1800w, https:\/\/loudavymkrokem.cz\/wp-content\/uploads\/2026\/08\/bulharsko-research-varna-27-1a79dd3a-300x136.jpg 300w, https:\/\/loudavymkrokem.cz\/wp-content\/uploads\/2026\/08\/bulharsko-research-varna-27-1a79dd3a-700x316.jpg 700w, https:\/\/loudavymkrokem.cz\/wp-content\/uploads\/2026\/08\/bulharsko-research-varna-27-1a79dd3a-768x347.jpg 768w, https:\/\/loudavymkrokem.cz\/wp-content\/uploads\/2026\/08\/bulharsko-research-varna-27-1a79dd3a-1536x694.jpg 1536w, https:\/\/loudavymkrokem.cz\/wp-content\/uploads\/2026\/08\/bulharsko-research-varna-27-1a79dd3a-696x314.jpg 696w, https:\/\/loudavymkrokem.cz\/wp-content\/uploads\/2026\/08\/bulharsko-research-varna-27-1a79dd3a-1392x629.jpg 1392w\" sizes=\"(max-width: 1800px) 100vw, 1800px\" \/><button\n\t\t\tclass=\"lightbox-trigger\"\n\t\t\ttype=\"button\"\n\t\t\taria-haspopup=\"dialog\"\n\t\t\tdata-wp-bind--aria-label=\"state.thisImage.triggerButtonAriaLabel\"\n\t\t\tdata-wp-init=\"callbacks.initTriggerButton\"\n\t\t\tdata-wp-on--click=\"actions.showLightbox\"\n\t\t\tdata-wp-style--right=\"state.thisImage.buttonRight\"\n\t\t\tdata-wp-style--top=\"state.thisImage.buttonTop\"\n\t\t>\n\t\t\t<svg xmlns=\"http:\/\/www.w3.org\/2000\/svg\" width=\"12\" height=\"12\" fill=\"none\" viewBox=\"0 0 12 12\">\n\t\t\t\t<path fill=\"#fff\" d=\"M2 0a2 2 0 0 0-2 2v2h1.5V2a.5.5 0 0 1 .5-.5h2V0H2Zm2 10.5H2a.5.5 0 0 1-.5-.5V8H0v2a2 2 0 0 0 2 2h2v-1.5ZM8 12v-1.5h2a.5.5 0 0 0 .5-.5V8H12v2a2 2 0 0 1-2 2H8Zm2-12a2 2 0 0 1 2 2v2h-1.5V2a.5.5 0 0 0-.5-.5H8V0h2Z\" \/>\n\t\t\t<\/svg>\n\t\t<\/button><figcaption class=\"wp-element-caption\">Photo : Diego Delso, CC BY-SA 4.0 (Wikimedia Commons)<\/figcaption><\/figure>\n\n\n\n<h3 class=\"wp-block-heading\"><span class=\"ez-toc-section\" id=\"20_Pobiti_Kamani_et_le_Cavalier_de_Madara\"><\/span>20. Pobiti Kamani et le Cavalier de Madara<span class=\"ez-toc-section-end\"><\/span><\/h3>\n\n\n\n<p class=\"wp-block-paragraph\">\u00c0 environ vingt minutes de route vers l&rsquo;int\u00e9rieur des terres, tu tomberas sur la for\u00eat de pierre (Pobiti Kamani). D&rsquo;un paysage sec et sableux surgissent des centaines de colonnes de pierre hautes de jusqu&rsquo;\u00e0 6 m\u00e8tres. Comment elles se sont exactement form\u00e9es, personne ne le sait avec certitude \u00e0 ce jour, mais les recherches modernes penchent pour la th\u00e9orie de chemin\u00e9es p\u00e9trifi\u00e9es li\u00e9es \u00e0 d&rsquo;anciennes fuites de m\u00e9thane depuis le fond marin. L&rsquo;entr\u00e9e co\u00fbte 3 \u20ac. \ud83d\udca1 <strong>Astuce pour une excursion \u00e0 la journ\u00e9e :<\/strong> si tu as une voiture, combine Pobiti Kamani avec la visite du <strong>Cavalier de Madara<\/strong> (env. 75 km de Varna). Ce relief m\u00e9di\u00e9val unique, taill\u00e9 \u00e0 23 m\u00e8tres de hauteur dans la roche, est class\u00e9 au patrimoine de l&rsquo;UNESCO ; on y acc\u00e8de par un escalier avec environ cent m\u00e8tres de d\u00e9nivel\u00e9. L&rsquo;entr\u00e9e tourne autour de 3,58 \u20ac.<\/p>\n\n\n\n<figure data-wp-context=\"{&quot;imageId&quot;:&quot;6a9c654218aca&quot;}\" data-wp-interactive=\"core\/image\" data-wp-key=\"6a9c654218aca\" class=\"wp-block-image size-full wp-lightbox-container\"><img decoding=\"async\" width=\"1800\" height=\"1014\" data-wp-class--hide=\"state.isContentHidden\" data-wp-class--show=\"state.isContentVisible\" data-wp-init=\"callbacks.setButtonStyles\" data-wp-on--click=\"actions.showLightbox\" data-wp-on--load=\"callbacks.setButtonStyles\" data-wp-on--pointerdown=\"actions.preloadImage\" data-wp-on--pointerenter=\"actions.preloadImageWithDelay\" data-wp-on--pointerleave=\"actions.cancelPreload\" data-wp-on-window--resize=\"callbacks.setButtonStyles\" src=\"https:\/\/loudavymkrokem.cz\/wp-content\/uploads\/2026\/08\/bulharsko-research-varna-28-8417c058.jpg\" alt=\"Salade chopska, un classique de la cuisine bulgare\" class=\"wp-image-407803\" title=\"\" srcset=\"https:\/\/loudavymkrokem.cz\/wp-content\/uploads\/2026\/08\/bulharsko-research-varna-28-8417c058.jpg 1800w, https:\/\/loudavymkrokem.cz\/wp-content\/uploads\/2026\/08\/bulharsko-research-varna-28-8417c058-300x169.jpg 300w, https:\/\/loudavymkrokem.cz\/wp-content\/uploads\/2026\/08\/bulharsko-research-varna-28-8417c058-700x394.jpg 700w, https:\/\/loudavymkrokem.cz\/wp-content\/uploads\/2026\/08\/bulharsko-research-varna-28-8417c058-768x433.jpg 768w, https:\/\/loudavymkrokem.cz\/wp-content\/uploads\/2026\/08\/bulharsko-research-varna-28-8417c058-1536x865.jpg 1536w, https:\/\/loudavymkrokem.cz\/wp-content\/uploads\/2026\/08\/bulharsko-research-varna-28-8417c058-696x392.jpg 696w, https:\/\/loudavymkrokem.cz\/wp-content\/uploads\/2026\/08\/bulharsko-research-varna-28-8417c058-1392x784.jpg 1392w\" sizes=\"(max-width: 1800px) 100vw, 1800px\" \/><button\n\t\t\tclass=\"lightbox-trigger\"\n\t\t\ttype=\"button\"\n\t\t\taria-haspopup=\"dialog\"\n\t\t\tdata-wp-bind--aria-label=\"state.thisImage.triggerButtonAriaLabel\"\n\t\t\tdata-wp-init=\"callbacks.initTriggerButton\"\n\t\t\tdata-wp-on--click=\"actions.showLightbox\"\n\t\t\tdata-wp-style--right=\"state.thisImage.buttonRight\"\n\t\t\tdata-wp-style--top=\"state.thisImage.buttonTop\"\n\t\t>\n\t\t\t<svg xmlns=\"http:\/\/www.w3.org\/2000\/svg\" width=\"12\" height=\"12\" fill=\"none\" viewBox=\"0 0 12 12\">\n\t\t\t\t<path fill=\"#fff\" d=\"M2 0a2 2 0 0 0-2 2v2h1.5V2a.5.5 0 0 1 .5-.5h2V0H2Zm2 10.5H2a.5.5 0 0 1-.5-.5V8H0v2a2 2 0 0 0 2 2h2v-1.5ZM8 12v-1.5h2a.5.5 0 0 0 .5-.5V8H12v2a2 2 0 0 1-2 2H8Zm2-12a2 2 0 0 1 2 2v2h-1.5V2a.5.5 0 0 0-.5-.5H8V0h2Z\" \/>\n\t\t\t<\/svg>\n\t\t<\/button><figcaption class=\"wp-element-caption\">Photo : Viktorija N. Ivanov, CC BY-SA 4.0 (Wikimedia Commons)<\/figcaption><\/figure>\n\n\n\n<h2 class=\"wp-block-heading\"><span class=\"ez-toc-section\" id=\"Ou_manger_a_Varna\"><\/span>O\u00f9 manger \u00e0 Varna<span class=\"ez-toc-section-end\"><\/span><\/h2>\n\n\n\n<p class=\"wp-block-paragraph\">La gastronomie \u00e0 Varna est excellente, \u00e0 condition de savoir o\u00f9 aller. Une valeur s\u00fbre depuis longtemps pour les amateurs de bonne cuisine est la <strong>cha\u00eene de restaurants Starija Chinar<\/strong>. Elle compte cinq adresses en ville (celles pr\u00e8s de Port Varna ou Cherno More sont tr\u00e8s bien not\u00e9es) et offre un rapport qualit\u00e9-prix parfait. Si tu veux manger exactement l\u00e0 o\u00f9 vont les habitants du quartier grec historique, va au <strong>restaurant familial Erato<\/strong>, o\u00f9 tu manges pour moins de 15 euros. Pour le caf\u00e9 et le petit-d\u00e9jeuner, les caf\u00e9s Blend Coffee et Stretto sont tr\u00e8s bien not\u00e9s.<\/p>\n\n\n\n<p class=\"wp-block-paragraph\"><strong>Pour les v\u00e9g\u00e9tariens, la cuisine bulgare est plut\u00f4t accueillante, \u00e0 condition de savoir quoi commander.<\/strong> Cherche les classiques : <strong>la salade chopska, le tarator (soupe froide au concombre), le sirene po shopski (fromage gratin\u00e9), le mish-mash de l\u00e9gumes ou le kyopoolu \u00e0 l&rsquo;aubergine<\/strong>. Le restaurant Starija Chinar a m\u00eame une section d\u00e9di\u00e9e aux plats sans viande sur sa carte, o\u00f9 tu trouveras d&rsquo;excellents poivrons byurek farcis au fromage ou un risotto. Pour du 100 % v\u00e9g\u00e9tarien au centre de Varna, mise sur les \u00e9tablissements <strong>SUPA<\/strong> ou <strong>Zhiva priroda<\/strong>. En revanche, le restaurant v\u00e9gan Vege Joy, autrefois recommand\u00e9, est d\u00e9sormais ferm\u00e9 d\u00e9finitivement.<\/p>\n\n\n\n<p class=\"wp-block-paragraph\"><strong>Les pi\u00e8ges gastronomiques pour les v\u00e9g\u00e9tariens :<\/strong> ne te laisse pas tromper par les noms ! Le <strong>tarama<\/strong> a l&rsquo;air app\u00e9tissant, mais c&rsquo;est une p\u00e2te \u00e0 base d&rsquo;\u0153ufs de poisson. La <strong>ovcharska salata<\/strong> ressemble \u00e0 une salade innocente, mais elle contient toujours du lard. La c\u00e9l\u00e8bre <strong>moussaka<\/strong> des Balkans, les toasts gratin\u00e9s <strong>princesi<\/strong> ainsi que le traditionnel <strong>drob sarma<\/strong> sont toujours \u00e0 la viande ou aux abats, et leurs versions v\u00e9g\u00e9tariennes ne se font pratiquement jamais dans les mehanas ordinaires.<\/p>\n\n\n\n<figure data-wp-context=\"{&quot;imageId&quot;:&quot;6a9c654219339&quot;}\" data-wp-interactive=\"core\/image\" data-wp-key=\"6a9c654219339\" class=\"wp-block-image size-full wp-lightbox-container\"><img decoding=\"async\" width=\"1800\" height=\"1199\" data-wp-class--hide=\"state.isContentHidden\" data-wp-class--show=\"state.isContentVisible\" data-wp-init=\"callbacks.setButtonStyles\" data-wp-on--click=\"actions.showLightbox\" data-wp-on--load=\"callbacks.setButtonStyles\" data-wp-on--pointerdown=\"actions.preloadImage\" data-wp-on--pointerenter=\"actions.preloadImageWithDelay\" data-wp-on--pointerleave=\"actions.cancelPreload\" data-wp-on-window--resize=\"callbacks.setButtonStyles\" src=\"https:\/\/loudavymkrokem.cz\/wp-content\/uploads\/2026\/08\/bulharsko-research-varna-29-7619f99e.jpg\" alt=\"Chambre du Grand Hotel London \u00e0 Varna\" class=\"wp-image-407804\" title=\"\" srcset=\"https:\/\/loudavymkrokem.cz\/wp-content\/uploads\/2026\/08\/bulharsko-research-varna-29-7619f99e.jpg 1800w, https:\/\/loudavymkrokem.cz\/wp-content\/uploads\/2026\/08\/bulharsko-research-varna-29-7619f99e-300x200.jpg 300w, https:\/\/loudavymkrokem.cz\/wp-content\/uploads\/2026\/08\/bulharsko-research-varna-29-7619f99e-700x466.jpg 700w, https:\/\/loudavymkrokem.cz\/wp-content\/uploads\/2026\/08\/bulharsko-research-varna-29-7619f99e-768x512.jpg 768w, https:\/\/loudavymkrokem.cz\/wp-content\/uploads\/2026\/08\/bulharsko-research-varna-29-7619f99e-1536x1023.jpg 1536w, https:\/\/loudavymkrokem.cz\/wp-content\/uploads\/2026\/08\/bulharsko-research-varna-29-7619f99e-696x464.jpg 696w, https:\/\/loudavymkrokem.cz\/wp-content\/uploads\/2026\/08\/bulharsko-research-varna-29-7619f99e-1392x927.jpg 1392w\" sizes=\"(max-width: 1800px) 100vw, 1800px\" \/><button\n\t\t\tclass=\"lightbox-trigger\"\n\t\t\ttype=\"button\"\n\t\t\taria-haspopup=\"dialog\"\n\t\t\tdata-wp-bind--aria-label=\"state.thisImage.triggerButtonAriaLabel\"\n\t\t\tdata-wp-init=\"callbacks.initTriggerButton\"\n\t\t\tdata-wp-on--click=\"actions.showLightbox\"\n\t\t\tdata-wp-style--right=\"state.thisImage.buttonRight\"\n\t\t\tdata-wp-style--top=\"state.thisImage.buttonTop\"\n\t\t>\n\t\t\t<svg xmlns=\"http:\/\/www.w3.org\/2000\/svg\" width=\"12\" height=\"12\" fill=\"none\" viewBox=\"0 0 12 12\">\n\t\t\t\t<path fill=\"#fff\" d=\"M2 0a2 2 0 0 0-2 2v2h1.5V2a.5.5 0 0 1 .5-.5h2V0H2Zm2 10.5H2a.5.5 0 0 1-.5-.5V8H0v2a2 2 0 0 0 2 2h2v-1.5ZM8 12v-1.5h2a.5.5 0 0 0 .5-.5V8H12v2a2 2 0 0 1-2 2H8Zm2-12a2 2 0 0 1 2 2v2h-1.5V2a.5.5 0 0 0-.5-.5H8V0h2Z\" \/>\n\t\t\t<\/svg>\n\t\t<\/button><figcaption class=\"wp-element-caption\">Photo : Grand Hotel London (Google Maps)<\/figcaption><\/figure>\n\n\n\n<h2 class=\"wp-block-heading\"><span class=\"ez-toc-section\" id=\"Ou_se_loger_a_Varna\"><\/span>O\u00f9 se loger \u00e0 Varna<span class=\"ez-toc-section-end\"><\/span><\/h2>\n\n\n\n<p class=\"wp-block-paragraph\"><em>\ud83d\udca1 Astuce h\u00e9bergement et activit\u00e9s : on compare les logements sur place <a href=\"https:\/\/www.stay22.com\/allez\/roam?aid=lukaskonecny&#038;campaign=loudavymkrokemcz&#038;address=Varna\" target=\"_blank\" rel=\"nofollow noopener sponsored\">ici<\/a>, pour voir ce qui est disponible et \u00e0 quel prix. On pr\u00e9f\u00e8re chercher sur <a class=\"thirstylink\" rel=\"nofollow\" target=\"_blank\" title=\"Booking.com\" href=\"https:\/\/loudavymkrokem.cz\/doporucujeme\/booking-com\/\" data-shortcode=\"true\">Booking.com<\/a>, o\u00f9 les conditions d&rsquo;annulation sont souvent les meilleures. Pour les billets, excursions et activit\u00e9s, cela vaut le coup de comparer et de r\u00e9server via <a class=\"thirstylink\" rel=\"nofollow\" target=\"_blank\" title=\"GetYourGuide\" href=\"https:\/\/loudavymkrokem.cz\/doporucujeme\/getyourguide\/\" data-shortcode=\"true\">GetYourGuide<\/a>.<\/em><\/p>\n\n\n\n<p class=\"wp-block-paragraph\">Au moment de <strong>choisir ton h\u00e9bergement<\/strong>, tu dois d&rsquo;abord d\u00e9finir ce que tu attends de ton s\u00e9jour. Voici un bref aper\u00e7u des <strong>meilleurs quartiers<\/strong> :<\/p>\n\n\n\n<ul class=\"wp-block-list\">\n\n<li><strong>Le quartier grec (Gratska mahala) :<\/strong> la partie la plus ancienne de la ville. Tu es \u00e0 quelques centaines de m\u00e8tres de la plage et tu profites du meilleur rapport qualit\u00e9-prix c\u00f4t\u00e9 gastronomie. Le point n\u00e9gatif, ce sont les bars ouverts jusqu&rsquo;au petit matin. Id\u00e9al pour les couples et les gourmets.<\/li>\n\n\n\n<li><strong>Autour de la cath\u00e9drale :<\/strong> centre plus anim\u00e9, mais tout est \u00e0 distance de marche. Parfait pour une premi\u00e8re visite.<\/li>\n\n\n\n<li><strong>Chayka :<\/strong> quartier vert un peu \u00e0 l&rsquo;\u00e9cart du centre, tout pr\u00e8s du delphinarium et du Jardin de la Mer. Zone tranquille avec des appartements modernes, id\u00e9ale pour les familles avec enfants.<\/li>\n\n\n\n<li><strong>Asparuhovo :<\/strong> logement moins cher de l&rsquo;autre c\u00f4t\u00e9 du pont, immense plage tranquille et excellents restaurants de poisson. Adapt\u00e9 \u00e0 ceux qui sont venus en voiture.<\/li>\n\n\n<\/ul>\n\n\n\n<p class=\"wp-block-paragraph\"><strong>Conseils d&rsquo;h\u00e9bergement concrets :<\/strong> si tu cherches le top du top, avec la meilleure note et le meilleur emplacement, choisis le <strong><a href=\"https:\/\/www.stay22.com\/allez\/roam?aid=lukaskonecny&#038;campaign=loudavymkrokemcz&#038;campaign=varna&#038;hotelname=Modus%20Hotel&#038;address=Varna%2C%20Bulharsko\" target=\"_blank\" rel=\"noopener nofollow sponsored\">Modus Hotel<\/a><\/strong>, en plein quartier grec. Tu es \u00e0 130 m\u00e8tres du Jardin de la Mer, et \u00e0 peine plus loin de la plage. Les amateurs d&rsquo;histoire appr\u00e9cieront le <strong><a href=\"https:\/\/www.stay22.com\/allez\/roam?aid=lukaskonecny&#038;campaign=loudavymkrokemcz&#038;campaign=varna&#038;hotelname=Grand%20Hotel%20London&#038;address=Varna%2C%20Bulharsko\" target=\"_blank\" rel=\"noopener nofollow sponsored\">Grand Hotel London<\/a><\/strong>, superbe b\u00e2timent Art nouveau de 1912 en plein centre (pr\u00e9vois toutefois des escaliers). Si tu cherches un juste milieu avec vue, l&rsquo;immense <strong><a href=\"https:\/\/www.stay22.com\/allez\/roam?aid=lukaskonecny&#038;campaign=loudavymkrokemcz&#038;campaign=varna&#038;hotelname=Hotel%20Cherno%20More&#038;address=Varna%2C%20Bulharsko\" target=\"_blank\" rel=\"noopener nofollow sponsored\">Hotel Cherno More<\/a><\/strong> offre des balcons avec vue sur la mer et se trouve juste \u00e0 l&rsquo;entr\u00e9e du parc. Pour \u00eatre au plus pr\u00e8s des monuments, loge-toi au <strong><a href=\"https:\/\/www.stay22.com\/allez\/roam?aid=lukaskonecny&#038;campaign=loudavymkrokemcz&#038;campaign=varna&#038;hotelname=Boutique%20Splendid&#038;address=Varna%2C%20Bulharsko\" target=\"_blank\" rel=\"noopener nofollow sponsored\">Boutique Splendid<\/a><\/strong>, \u00e0 moins de cent m\u00e8tres de la cath\u00e9drale. Pour les voyageurs \u00e0 petit budget, le <strong><a href=\"https:\/\/www.stay22.com\/allez\/roam?aid=lukaskonecny&#038;campaign=loudavymkrokemcz&#038;campaign=varna&#038;hotelname=Nomado%20hostel&#038;address=Varna%2C%20Bulharsko\" target=\"_blank\" rel=\"noopener nofollow sponsored\">Nomado hostel<\/a><\/strong>, en centre-ville, est excellemment not\u00e9.<\/p>\n\n\n\n<figure data-wp-context=\"{&quot;imageId&quot;:&quot;6a9c654219b8e&quot;}\" data-wp-interactive=\"core\/image\" data-wp-key=\"6a9c654219b8e\" class=\"wp-block-image size-full wp-lightbox-container\"><img decoding=\"async\" width=\"1800\" height=\"1190\" data-wp-class--hide=\"state.isContentHidden\" data-wp-class--show=\"state.isContentVisible\" data-wp-init=\"callbacks.setButtonStyles\" data-wp-on--click=\"actions.showLightbox\" data-wp-on--load=\"callbacks.setButtonStyles\" data-wp-on--pointerdown=\"actions.preloadImage\" data-wp-on--pointerenter=\"actions.preloadImageWithDelay\" data-wp-on--pointerleave=\"actions.cancelPreload\" data-wp-on-window--resize=\"callbacks.setButtonStyles\" src=\"https:\/\/loudavymkrokem.cz\/wp-content\/uploads\/2026\/08\/bulharsko-research-varna-30-0ccc3d89.jpg\" alt=\"Coucher de soleil sur les plages de Varna\" class=\"wp-image-407805\" title=\"\" srcset=\"https:\/\/loudavymkrokem.cz\/wp-content\/uploads\/2026\/08\/bulharsko-research-varna-30-0ccc3d89.jpg 1800w, https:\/\/loudavymkrokem.cz\/wp-content\/uploads\/2026\/08\/bulharsko-research-varna-30-0ccc3d89-300x198.jpg 300w, https:\/\/loudavymkrokem.cz\/wp-content\/uploads\/2026\/08\/bulharsko-research-varna-30-0ccc3d89-700x463.jpg 700w, https:\/\/loudavymkrokem.cz\/wp-content\/uploads\/2026\/08\/bulharsko-research-varna-30-0ccc3d89-768x508.jpg 768w, https:\/\/loudavymkrokem.cz\/wp-content\/uploads\/2026\/08\/bulharsko-research-varna-30-0ccc3d89-1536x1015.jpg 1536w, https:\/\/loudavymkrokem.cz\/wp-content\/uploads\/2026\/08\/bulharsko-research-varna-30-0ccc3d89-696x460.jpg 696w, https:\/\/loudavymkrokem.cz\/wp-content\/uploads\/2026\/08\/bulharsko-research-varna-30-0ccc3d89-1392x920.jpg 1392w\" sizes=\"(max-width: 1800px) 100vw, 1800px\" \/><button\n\t\t\tclass=\"lightbox-trigger\"\n\t\t\ttype=\"button\"\n\t\t\taria-haspopup=\"dialog\"\n\t\t\tdata-wp-bind--aria-label=\"state.thisImage.triggerButtonAriaLabel\"\n\t\t\tdata-wp-init=\"callbacks.initTriggerButton\"\n\t\t\tdata-wp-on--click=\"actions.showLightbox\"\n\t\t\tdata-wp-style--right=\"state.thisImage.buttonRight\"\n\t\t\tdata-wp-style--top=\"state.thisImage.buttonTop\"\n\t\t>\n\t\t\t<svg xmlns=\"http:\/\/www.w3.org\/2000\/svg\" width=\"12\" height=\"12\" fill=\"none\" viewBox=\"0 0 12 12\">\n\t\t\t\t<path fill=\"#fff\" d=\"M2 0a2 2 0 0 0-2 2v2h1.5V2a.5.5 0 0 1 .5-.5h2V0H2Zm2 10.5H2a.5.5 0 0 1-.5-.5V8H0v2a2 2 0 0 0 2 2h2v-1.5ZM8 12v-1.5h2a.5.5 0 0 0 .5-.5V8H12v2a2 2 0 0 1-2 2H8Zm2-12a2 2 0 0 1 2 2v2h-1.5V2a.5.5 0 0 0-.5-.5H8V0h2Z\" \/>\n\t\t\t<\/svg>\n\t\t<\/button><figcaption class=\"wp-element-caption\">Photo : Alex Yosifov, CC BY-SA 2.0 (Wikimedia Commons)<\/figcaption><\/figure>\n\n\n\n<p class=\"wp-block-paragraph\">\ud83d\udc49 <a href=\"https:\/\/www.stay22.com\/allez\/roam?aid=lukaskonecny&#038;campaign=loudavymkrokemcz&#038;campaign=varna&#038;address=Varna%2C%20Bulharsko\" target=\"_blank\" rel=\"nofollow noopener\"><strong>Comparer les prix des h\u00e9bergements \u00e0 Varna<\/strong><\/a><\/p>\n\n\n\n<h2 class=\"wp-block-heading\"><span class=\"ez-toc-section\" id=\"Quand_aller_a_Varna_la_meteo_en_Bulgarie\"><\/span>Quand aller \u00e0 Varna : la m\u00e9t\u00e9o en Bulgarie<span class=\"ez-toc-section-end\"><\/span><\/h2>\n\n\n\n<p class=\"wp-block-paragraph\">Varna a un climat classique de la mer Noire. Les \u00e9t\u00e9s sont chauds et les hivers doux, m\u00eame si le vent souffle. La m\u00e9t\u00e9o \u00e0 Varna, en Bulgarie, est particuli\u00e8rement cl\u00e9mente en fin d&rsquo;\u00e9t\u00e9 : <strong>ao\u00fbt est statistiquement le mois le plus sec et le plus ensoleill\u00e9 de l&rsquo;ann\u00e9e<\/strong> (seulement 3 jours de pluie et en moyenne plus de 318 heures d&rsquo;ensoleillement). En ao\u00fbt, la mer se r\u00e9chauffe pour atteindre de d\u00e9licieux 24,8 \u00b0C. C&rsquo;est en octobre qu&rsquo;il pleut le plus.<\/p>\n\n\n\n<figure class=\"wp-block-table\"><table><thead><tr><th>Mois<\/th><th>Temp. max. moy. (\u00b0C)<\/th><th>Pr\u00e9cipitations (mm)<\/th><\/tr><\/thead><tbody><tr><td>Mai<\/td><td>21,2<\/td><td>38<\/td><\/tr><tr><td>Juin<\/td><td>26,1<\/td><td>52<\/td><\/tr><tr><td>Juillet<\/td><td>28,9<\/td><td>48<\/td><\/tr><tr><td>Ao\u00fbt<\/td><td>29,4<\/td><td>29<\/td><\/tr><tr><td>Septembre<\/td><td>24,8<\/td><td>49<\/td><\/tr><tr><td>Octobre<\/td><td>19,0<\/td><td>56<\/td><\/tr><\/tbody><\/table><\/figure>\n\n\n\n<p class=\"wp-block-paragraph\">L&rsquo;\u00e9t\u00e9 \u00e0 Varna est plac\u00e9 sous le signe de la culture. En 2026, le <strong>plus ancien festival de musique de Bulgarie \u2014 l&rsquo;\u00c9t\u00e9 de Varna \u2014 c\u00e9l\u00e8bre son 100e anniversaire<\/strong>. De juin \u00e0 octobre, des concerts de musique classique ont lieu dans la cour du mus\u00e9e arch\u00e9ologique et \u00e0 l&rsquo;op\u00e9ra. En ao\u00fbt se tient le c\u00e9l\u00e8bre festival de jazz, et le 15 ao\u00fbt marque le <strong>Jour de Varna<\/strong>, qui culmine par un feu d&rsquo;artifice \u00e0 23h00. (Attention : le fameux Concours international de ballet ne s&rsquo;est pas tenu en 2026 ; apr\u00e8s une longue pause, sa reprise a seulement \u00e9t\u00e9 annonc\u00e9e, sans date pr\u00e9cise.)<\/p>\n\n\n\n<figure data-wp-context=\"{&quot;imageId&quot;:&quot;6a9c65421a461&quot;}\" data-wp-interactive=\"core\/image\" data-wp-key=\"6a9c65421a461\" class=\"wp-block-image size-full wp-lightbox-container\"><img decoding=\"async\" width=\"1800\" height=\"1012\" data-wp-class--hide=\"state.isContentHidden\" data-wp-class--show=\"state.isContentVisible\" data-wp-init=\"callbacks.setButtonStyles\" data-wp-on--click=\"actions.showLightbox\" data-wp-on--load=\"callbacks.setButtonStyles\" data-wp-on--pointerdown=\"actions.preloadImage\" data-wp-on--pointerenter=\"actions.preloadImageWithDelay\" data-wp-on--pointerleave=\"actions.cancelPreload\" data-wp-on-window--resize=\"callbacks.setButtonStyles\" src=\"https:\/\/loudavymkrokem.cz\/wp-content\/uploads\/2026\/08\/bulharsko-research-varna-31-3a8e6131.jpg\" alt=\"Le littoral gel\u00e9 de Varna en hiver\" class=\"wp-image-407806\" title=\"\" srcset=\"https:\/\/loudavymkrokem.cz\/wp-content\/uploads\/2026\/08\/bulharsko-research-varna-31-3a8e6131.jpg 1800w, https:\/\/loudavymkrokem.cz\/wp-content\/uploads\/2026\/08\/bulharsko-research-varna-31-3a8e6131-300x169.jpg 300w, https:\/\/loudavymkrokem.cz\/wp-content\/uploads\/2026\/08\/bulharsko-research-varna-31-3a8e6131-700x394.jpg 700w, https:\/\/loudavymkrokem.cz\/wp-content\/uploads\/2026\/08\/bulharsko-research-varna-31-3a8e6131-768x432.jpg 768w, https:\/\/loudavymkrokem.cz\/wp-content\/uploads\/2026\/08\/bulharsko-research-varna-31-3a8e6131-1536x864.jpg 1536w, https:\/\/loudavymkrokem.cz\/wp-content\/uploads\/2026\/08\/bulharsko-research-varna-31-3a8e6131-696x391.jpg 696w, https:\/\/loudavymkrokem.cz\/wp-content\/uploads\/2026\/08\/bulharsko-research-varna-31-3a8e6131-1392x783.jpg 1392w\" sizes=\"(max-width: 1800px) 100vw, 1800px\" \/><button\n\t\t\tclass=\"lightbox-trigger\"\n\t\t\ttype=\"button\"\n\t\t\taria-haspopup=\"dialog\"\n\t\t\tdata-wp-bind--aria-label=\"state.thisImage.triggerButtonAriaLabel\"\n\t\t\tdata-wp-init=\"callbacks.initTriggerButton\"\n\t\t\tdata-wp-on--click=\"actions.showLightbox\"\n\t\t\tdata-wp-style--right=\"state.thisImage.buttonRight\"\n\t\t\tdata-wp-style--top=\"state.thisImage.buttonTop\"\n\t\t>\n\t\t\t<svg xmlns=\"http:\/\/www.w3.org\/2000\/svg\" width=\"12\" height=\"12\" fill=\"none\" viewBox=\"0 0 12 12\">\n\t\t\t\t<path fill=\"#fff\" d=\"M2 0a2 2 0 0 0-2 2v2h1.5V2a.5.5 0 0 1 .5-.5h2V0H2Zm2 10.5H2a.5.5 0 0 1-.5-.5V8H0v2a2 2 0 0 0 2 2h2v-1.5ZM8 12v-1.5h2a.5.5 0 0 0 .5-.5V8H12v2a2 2 0 0 1-2 2H8Zm2-12a2 2 0 0 1 2 2v2h-1.5V2a.5.5 0 0 0-.5-.5H8V0h2Z\" \/>\n\t\t\t<\/svg>\n\t\t<\/button><figcaption class=\"wp-element-caption\">Photo : Shtilian Shterev, CC BY-SA 3.0 (Wikimedia Commons)<\/figcaption><\/figure>\n\n\n\n<h3 class=\"wp-block-heading\"><span class=\"ez-toc-section\" id=\"Varna_hors_saison\"><\/span>Varna hors saison<span class=\"ez-toc-section-end\"><\/span><\/h3>\n\n\n\n<p class=\"wp-block-paragraph\">Contrairement aux stations artificielles comme Sunny Beach, <strong>Varna ne dort pas en hiver<\/strong>. C&rsquo;est une ville qui vit. Le delphinarium, l&rsquo;aquarium et le zoo restent ouverts toute l&rsquo;ann\u00e9e (avec des horaires r\u00e9duits, certes). \ud83d\udca1 <strong>Conseil hivernal important pour les mus\u00e9es :<\/strong> les grandes institutions comme le mus\u00e9e arch\u00e9ologique ou les thermes romains sont g\u00e9n\u00e9ralement ferm\u00e9es le dimanche et le lundi en hiver. \u00c0 l&rsquo;inverse, le mus\u00e9e ethnographique et le mus\u00e9e d&rsquo;histoire de Varna sont <strong>ferm\u00e9s le week-end en hiver et ne fonctionnent qu&rsquo;en semaine !<\/strong> Pour te baigner en hiver, mise sur les bassins thermaux de St-Constantin ou la source chaude naturelle pr\u00e8s de la plage Ofitserski.<\/p>\n\n\n\n<figure data-wp-context=\"{&quot;imageId&quot;:&quot;6a9c65421acbd&quot;}\" data-wp-interactive=\"core\/image\" data-wp-key=\"6a9c65421acbd\" class=\"wp-block-image size-full wp-lightbox-container\"><img decoding=\"async\" width=\"1800\" height=\"1350\" data-wp-class--hide=\"state.isContentHidden\" data-wp-class--show=\"state.isContentVisible\" data-wp-init=\"callbacks.setButtonStyles\" data-wp-on--click=\"actions.showLightbox\" data-wp-on--load=\"callbacks.setButtonStyles\" data-wp-on--pointerdown=\"actions.preloadImage\" data-wp-on--pointerenter=\"actions.preloadImageWithDelay\" data-wp-on--pointerleave=\"actions.cancelPreload\" data-wp-on-window--resize=\"callbacks.setButtonStyles\" src=\"https:\/\/loudavymkrokem.cz\/wp-content\/uploads\/2026\/08\/bulharsko-research-varna-32-f1c3d69e.jpg\" alt=\"Quai en soir\u00e9e dans le port de Varna\" class=\"wp-image-407807\" title=\"\" srcset=\"https:\/\/loudavymkrokem.cz\/wp-content\/uploads\/2026\/08\/bulharsko-research-varna-32-f1c3d69e.jpg 1800w, https:\/\/loudavymkrokem.cz\/wp-content\/uploads\/2026\/08\/bulharsko-research-varna-32-f1c3d69e-300x225.jpg 300w, https:\/\/loudavymkrokem.cz\/wp-content\/uploads\/2026\/08\/bulharsko-research-varna-32-f1c3d69e-700x525.jpg 700w, https:\/\/loudavymkrokem.cz\/wp-content\/uploads\/2026\/08\/bulharsko-research-varna-32-f1c3d69e-768x576.jpg 768w, https:\/\/loudavymkrokem.cz\/wp-content\/uploads\/2026\/08\/bulharsko-research-varna-32-f1c3d69e-1536x1152.jpg 1536w, https:\/\/loudavymkrokem.cz\/wp-content\/uploads\/2026\/08\/bulharsko-research-varna-32-f1c3d69e-80x60.jpg 80w, https:\/\/loudavymkrokem.cz\/wp-content\/uploads\/2026\/08\/bulharsko-research-varna-32-f1c3d69e-160x120.jpg 160w, https:\/\/loudavymkrokem.cz\/wp-content\/uploads\/2026\/08\/bulharsko-research-varna-32-f1c3d69e-696x522.jpg 696w, https:\/\/loudavymkrokem.cz\/wp-content\/uploads\/2026\/08\/bulharsko-research-varna-32-f1c3d69e-1392x1044.jpg 1392w\" sizes=\"(max-width: 1800px) 100vw, 1800px\" \/><button\n\t\t\tclass=\"lightbox-trigger\"\n\t\t\ttype=\"button\"\n\t\t\taria-haspopup=\"dialog\"\n\t\t\tdata-wp-bind--aria-label=\"state.thisImage.triggerButtonAriaLabel\"\n\t\t\tdata-wp-init=\"callbacks.initTriggerButton\"\n\t\t\tdata-wp-on--click=\"actions.showLightbox\"\n\t\t\tdata-wp-style--right=\"state.thisImage.buttonRight\"\n\t\t\tdata-wp-style--top=\"state.thisImage.buttonTop\"\n\t\t>\n\t\t\t<svg xmlns=\"http:\/\/www.w3.org\/2000\/svg\" width=\"12\" height=\"12\" fill=\"none\" viewBox=\"0 0 12 12\">\n\t\t\t\t<path fill=\"#fff\" d=\"M2 0a2 2 0 0 0-2 2v2h1.5V2a.5.5 0 0 1 .5-.5h2V0H2Zm2 10.5H2a.5.5 0 0 1-.5-.5V8H0v2a2 2 0 0 0 2 2h2v-1.5ZM8 12v-1.5h2a.5.5 0 0 0 .5-.5V8H12v2a2 2 0 0 1-2 2H8Zm2-12a2 2 0 0 1 2 2v2h-1.5V2a.5.5 0 0 0-.5-.5H8V0h2Z\" \/>\n\t\t\t<\/svg>\n\t\t<\/button><figcaption class=\"wp-element-caption\">Photo : Claudiu Balta (Google Maps)<\/figcaption><\/figure>\n\n\n\n<h2 class=\"wp-block-heading\"><span class=\"ez-toc-section\" id=\"A_quoi_faire_attention\"><\/span>\u00c0 quoi faire attention<span class=\"ez-toc-section-end\"><\/span><\/h2>\n\n\n\n<p class=\"wp-block-paragraph\">Varna est globalement une <strong>ville tr\u00e8s s\u00fbre<\/strong> (selon les indices de s\u00e9curit\u00e9, m\u00eame nettement plus s\u00fbre que la capitale Sofia), mais l&rsquo;affluence touristique s&rsquo;accompagne toujours de quelques <strong>ph\u00e9nom\u00e8nes n\u00e9gatifs<\/strong>.<\/p>\n\n\n\n<ul class=\"wp-block-list\">\n\n<li><strong>Pickpockets aux arr\u00eats :<\/strong> en ao\u00fbt 2026, l&rsquo;Union des guides de Bulgarie a lanc\u00e9 une s\u00e9v\u00e8re mise en garde contre des groupes organis\u00e9s de pickpockets qui op\u00e8rent <strong>juste devant le mus\u00e9e arch\u00e9ologique<\/strong>. Ils rep\u00e8rent les circuits touristiques et frappent pr\u00e9cis\u00e9ment au moment o\u00f9 un groupe descend du bus. Surveille ton sac \u00e0 dos et ne mets pas d&rsquo;objets de valeur dans les poches lat\u00e9rales.<\/li>\n\n\n\n<li><strong>Pi\u00e8ges aux distributeurs et au paiement :<\/strong> les bureaux de change classiques, aux taux d\u00e9favorables, ont perdu tout int\u00e9r\u00eat avec l&rsquo;adoption de l&rsquo;euro. Le nouveau pi\u00e8ge principal, ce sont les <strong>distributeurs du r\u00e9seau Euronet<\/strong>, qui peuvent facturer des frais absurdes (par exemple 1,95 \u20ac pour un retrait de 20 \u20ac, soit 10 % de commission). De m\u00eame, <strong>refuse toujours le service DCC<\/strong> (Dynamic Currency Conversion) sur les terminaux de paiement \u2014 si un terminal en Bulgarie te propose de d\u00e9biter en euros de ta banque fran\u00e7aise avec sa propre conversion, la majoration peut grimper jusqu&rsquo;\u00e0 18 %.<\/li>\n\n\n\n<li><strong>Eau du robinet :<\/strong> l&rsquo;eau du robinet est bact\u00e9riologiquement saine, mais les m\u00e9decins d\u00e9conseillent d&rsquo;en boire \u00e0 long terme en raison de sa forte duret\u00e9. \u00c9vite en revanche compl\u00e8tement de <strong>boire aux fontaines et bornes d&rsquo;eau min\u00e9rale de rue<\/strong>.<\/li>\n\n\n\n<li><strong>Attention aux vagues et aux courants :<\/strong> la mer Noire peut se montrer tra\u00eetre. M\u00eame pr\u00e8s du rivage, de forts courants sous-marins peuvent se former, respecte donc toujours la couleur du drapeau des ma\u00eetres-nageurs. Tu croiseras bien quelques m\u00e9duses (Rhizostoma pulmo), mais elles ne mettent pas la vie en danger et ne provoquent qu&rsquo;une l\u00e9g\u00e8re br\u00fblure.<\/li>\n\n\n<\/ul>\n\n\n\n<h2 class=\"wp-block-heading\"><span class=\"ez-toc-section\" id=\"Pour_aller_plus_loin\"><\/span>Pour aller plus loin<span class=\"ez-toc-section-end\"><\/span><\/h2>\n\n\n\n<p class=\"wp-block-paragraph\">Si la Bulgarie t&rsquo;a s\u00e9duit et que tu veux explorer d&rsquo;autres endroits le long du littoral ou te faire une meilleure id\u00e9e des prix locaux depuis l&rsquo;introduction de la nouvelle monnaie, jette un \u0153il \u00e0 nos autres articles :<\/p>\n\n\n\n<ul class=\"wp-block-list\">\n\n<li><a href=\"https:\/\/loudavymkrokem.cz\/fr\/vacances-bulgarie-2026\/\">Vacances en Bulgarie : 30 plus beaux endroits<\/a><\/li>\n\n\n\n<li><a href=\"https:\/\/loudavymkrokem.cz\/zlate-pisky\/\">Golden Sands : 15 conseils et comparaison avec Sunny Beach<\/a><\/li>\n\n\n\n<li><a href=\"https:\/\/loudavymkrokem.cz\/plaze-bulharsko\/\">Les plus belles plages de Bulgarie : 20 conseils<\/a><\/li>\n\n\n\n<li><a href=\"https:\/\/loudavymkrokem.cz\/nesebar\/\">Nessebar : que voir dans cette ville class\u00e9e \u00e0 l&rsquo;UNESCO<\/a><\/li>\n\n\n\n<li><a href=\"https:\/\/loudavymkrokem.cz\/fr\/prix-bulgarie-2026\/\">Les prix en Bulgarie apr\u00e8s le passage \u00e0 l&rsquo;euro<\/a><\/li>\n\n\n\n<li><a href=\"https:\/\/loudavymkrokem.cz\/fr\/bulgarie-all-inclusive-resorts\/\">Bulgarie all inclusive : 22 meilleurs resorts<\/a><\/li>\n\n\n<\/ul>\n\n\n\n<h2 class=\"wp-block-heading\"><span class=\"ez-toc-section\" id=\"Foire_aux_questions\"><\/span>Foire aux questions<span class=\"ez-toc-section-end\"><\/span><\/h2>\n\n\n<div id=\"rank-math-faq\" class=\"rank-math-block\">\n<div class=\"rank-math-list \">\n<div id=\"faq-question-1788110183000\" class=\"rank-math-list-item\">\n<h3 class=\"rank-math-question \"><span class=\"ez-toc-section\" id=\"Paie-t-on_en_euros_ou_en_leva_a_Varna\"><\/span>Paie-t-on en euros ou en leva \u00e0 Varna ?<span class=\"ez-toc-section-end\"><\/span><\/h3>\n<div class=\"rank-math-answer \">\n\n<p>Depuis le 1er janvier 2026, la Bulgarie a adopt\u00e9 l&rsquo;euro comme monnaie officielle. Les anciens leva ne sont plus en circulation et la p\u00e9riode d&rsquo;affichage des doubles prix s&rsquo;est termin\u00e9e en ao\u00fbt 2026. Vous pouvez payer partout facilement en euros, faites juste attention aux distributeurs Euronet et \u00e0 leurs frais de retrait \u00e9lev\u00e9s.<\/p>\n\n<\/div>\n<\/div>\n<div id=\"faq-question-1788110183001\" class=\"rank-math-list-item\">\n<h3 class=\"rank-math-question \"><span class=\"ez-toc-section\" id=\"Varna_convient-elle_aux_familles_avec_enfants\"><\/span>Varna convient-elle aux familles avec enfants ?<span class=\"ez-toc-section-end\"><\/span><\/h3>\n<div class=\"rank-math-answer \">\n\n<p>Absolument ! Vous y trouverez l&rsquo;immense Jardin maritime avec un espace pour enfants, un delphinarium et un zoo. La plage centrale et la plage Ju\u017een ont du sable fin et le fond descend tr\u00e8s progressivement, ce qui est absolument id\u00e9al pour les jeunes enfants. De plus, vous pouvez trouver des appartements \u00e9loign\u00e9s du centre bruyant.<\/p>\n\n<\/div>\n<\/div>\n<div id=\"faq-question-1788110183002\" class=\"rank-math-list-item\">\n<h3 class=\"rank-math-question \"><span class=\"ez-toc-section\" id=\"Comment_est_le_stationnement_a_Varna\"><\/span>Comment est le stationnement \u00e0 Varna ?<span class=\"ez-toc-section-end\"><\/span><\/h3>\n<div class=\"rank-math-answer \">\n\n<p>Si vous venez en voiture, pr\u00e9parez-vous au fait que la zone bleue du centre est payante tous les jours, y compris le dimanche (contrairement \u00e0 la zone verte, qui ne l&rsquo;est que les jours ouvrables). La ville n&rsquo;a pas de parcm\u00e8tres physiques. Pour les touristes, le plus simple est de t\u00e9l\u00e9charger l&rsquo;application MPark et de payer le stationnement facilement depuis votre t\u00e9l\u00e9phone.<\/p>\n\n<\/div>\n<\/div>\n<div id=\"faq-question-1788110183003\" class=\"rank-math-list-item\">\n<h3 class=\"rank-math-question \"><span class=\"ez-toc-section\" id=\"Peut-on_voler_directement_vers_Varna_depuis_la_France\"><\/span>Peut-on voler directement vers Varna depuis la France ?<span class=\"ez-toc-section-end\"><\/span><\/h3>\n<div class=\"rank-math-answer \">\n\n<p>Oui, l&rsquo;a\u00e9roport de Varna est accessible par des vols saisonniers directs depuis Paris. Le vol dure environ deux heures et l&rsquo;a\u00e9roport lui-m\u00eame se trouve \u00e0 environ 20 minutes du centre historique en bus (ligne 409).<\/p>\n\n<\/div>\n<\/div>\n<div id=\"faq-question-1788110183004\" class=\"rank-math-list-item\">\n<h3 class=\"rank-math-question \"><span class=\"ez-toc-section\" id=\"Vaut-il_la_peine_de_se_rendre_a_Varna_en_dehors_des_vacances_dete\"><\/span>Vaut-il la peine de se rendre \u00e0 Varna en dehors des vacances d&rsquo;\u00e9t\u00e9 ?<span class=\"ez-toc-section-end\"><\/span><\/h3>\n<div class=\"rank-math-answer \">\n\n<p>Certainement. Varna est la troisi\u00e8me plus grande ville du pays et fonctionne toute l&rsquo;ann\u00e9e. Les mus\u00e9es, galeries et excellents restaurants ne ferment pas. Au printemps et \u00e0 l&rsquo;automne, vous \u00e9viterez en plus les plus grandes foules et la chaleur, ce qui est un temps id\u00e9al pour explorer les fouilles antiques ou faire une excursion au cap Kaliakra.<\/p>\n\n<\/div>\n<\/div>\n<div id=\"faq-question-1788110183005\" class=\"rank-math-list-item\">\n<h3 class=\"rank-math-question \"><span class=\"ez-toc-section\" id=\"Comment_se_rendre_de_Varna_aux_Sables_dOr\"><\/span>Comment se rendre de Varna aux Sables d&rsquo;Or ?<span class=\"ez-toc-section-end\"><\/span><\/h3>\n<div class=\"rank-math-answer \">\n\n<p>Le plus simple est la ligne de bus 409, qui relie l&rsquo;a\u00e9roport, le centre et les stations baln\u00e9aires le long de la c\u00f4te. Depuis le centre de Varna jusqu&rsquo;aux Sables d&rsquo;Or, le trajet dure environ une demi-heure, depuis l&rsquo;a\u00e9roport c&rsquo;est un peu moins d&rsquo;une heure. Notez cependant que le tron\u00e7on jusqu&rsquo;aux Sables d&rsquo;Or ne circule qu&rsquo;en saison, approximativement de mai \u00e0 octobre.<\/p>\n\n<\/div>\n<\/div>\n<div id=\"faq-question-1788110183006\" class=\"rank-math-list-item\">\n<h3 class=\"rank-math-question \"><span class=\"ez-toc-section\" id=\"Varna_est-elle_une_ville_sure\"><\/span>Varna est-elle une ville s\u00fbre ?<span class=\"ez-toc-section-end\"><\/span><\/h3>\n<div class=\"rank-math-answer \">\n\n<p>Selon les indices de s\u00e9curit\u00e9 internationaux, Varna s&rsquo;en sort m\u00eame l\u00e9g\u00e8rement mieux que Sofia et les promenades nocturnes dans le centre sont consid\u00e9r\u00e9es comme s\u00fbres. Le principal risque reste les vols \u00e0 la tire : en ao\u00fbt 2026, l&rsquo;Association des guides bulgares a mis en garde contre des pickpockets organis\u00e9s qui op\u00e8rent directement devant le Mus\u00e9e arch\u00e9ologique au moment o\u00f9 les touristes descendent des bus.<\/p>\n\n<\/div>\n<\/div>\n<\/div>\n<\/div>","protected":false},"excerpt":{"rendered":"<p>Varna en Bulgarie n&rsquo;est pas qu&rsquo;une simple escale vers Golden Sands. C&rsquo;est la troisi\u00e8me plus grande ville du pays : on y admire le plus vieil or travaill\u00e9 au monde, les plus grands thermes romains des Balkans, et un Jardin de la Mer dessin\u00e9 par un Tch\u00e8que. Voici 20 conseils, des prix indicatifs en euros et les pi\u00e8ges \u00e0 \u00e9viter.<\/p>\n","protected":false},"author":3,"featured_media":407810,"comment_status":"open","ping_status":"open","sticky":false,"template":"","format":"standard","meta":{"_acf_changed":false,"footnotes":"","rank_math_title":"Varna en Bulgarie : 20 choses \u00e0 voir et faire en 2026","rank_math_description":"Varna en Bulgarie : 20 choses \u00e0 voir et \u00e0 faire, prix en euros, plages, excursions et pi\u00e8ges \u00e0 \u00e9viter. Pr\u00e9pare ton s\u00e9jour d\u00e8s maintenant avec notre guide 2026 !","rank_math_focus_keyword":"varna en bulgarie","rank_math_seo_score":""},"categories":[82],"tags":[],"class_list":["post-417882","post","type-post","status-publish","format-standard","has-post-thumbnail","category-cestovani"],"acf":[],"featured_image_src":"https:\/\/loudavymkrokem.cz\/wp-content\/uploads\/2026\/08\/varna-majak-pri-zapadu-slunce.jpg","author_info":{"display_name":"Lucie Kone\u010dn\u00e1","author_link":"https:\/\/loudavymkrokem.cz\/fr\/author\/lucie-konecna\/"},"_links":{"self":[{"href":"https:\/\/loudavymkrokem.cz\/fr\/wp-json\/wp\/v2\/posts\/417882","targetHints":{"allow":["GET"]}}],"collection":[{"href":"https:\/\/loudavymkrokem.cz\/fr\/wp-json\/wp\/v2\/posts"}],"about":[{"href":"https:\/\/loudavymkrokem.cz\/fr\/wp-json\/wp\/v2\/types\/post"}],"author":[{"embeddable":true,"href":"https:\/\/loudavymkrokem.cz\/fr\/wp-json\/wp\/v2\/users\/3"}],"replies":[{"embeddable":true,"href":"https:\/\/loudavymkrokem.cz\/fr\/wp-json\/wp\/v2\/comments?post=417882"}],"version-history":[{"count":2,"href":"https:\/\/loudavymkrokem.cz\/fr\/wp-json\/wp\/v2\/posts\/417882\/revisions"}],"predecessor-version":[{"id":417884,"href":"https:\/\/loudavymkrokem.cz\/fr\/wp-json\/wp\/v2\/posts\/417882\/revisions\/417884"}],"wp:featuredmedia":[{"embeddable":true,"href":"https:\/\/loudavymkrokem.cz\/fr\/wp-json\/wp\/v2\/media\/407810"}],"wp:attachment":[{"href":"https:\/\/loudavymkrokem.cz\/fr\/wp-json\/wp\/v2\/media?parent=417882"}],"wp:term":[{"taxonomy":"category","embeddable":true,"href":"https:\/\/loudavymkrokem.cz\/fr\/wp-json\/wp\/v2\/categories?post=417882"},{"taxonomy":"post_tag","embeddable":true,"href":"https:\/\/loudavymkrokem.cz\/fr\/wp-json\/wp\/v2\/tags?post=417882"}],"curies":[{"name":"wp","href":"https:\/\/api.w.org\/{rel}","templated":true}]}}