{"id":417879,"date":"2026-09-05T09:32:23","date_gmt":"2026-09-05T07:32:23","guid":{"rendered":"https:\/\/loudavymkrokem.cz\/ou-dormir-vienne-autriche\/"},"modified":"2026-09-05T18:39:54","modified_gmt":"2026-09-05T16:39:54","slug":"ou-dormir-vienne-autriche","status":"publish","type":"post","link":"https:\/\/loudavymkrokem.cz\/fr\/ou-dormir-vienne-autriche\/","title":{"rendered":"O\u00f9 dormir \u00e0 Vienne en Autriche : 26 h\u00f4tels et quartiers s\u00fbrs en 2026"},"content":{"rendered":"\n<p class=\"wp-block-paragraph\">Vienne, en Autriche, est une destination si accessible qu&rsquo;elle est devenue notre <strong>escapade id\u00e9ale pour un week-end prolong\u00e9<\/strong>. Peu de capitales europ\u00e9ennes offrent une combinaison aussi magique de majest\u00e9 imp\u00e9riale, de parcs impeccablement entretenus et d&rsquo;une culture des caf\u00e9s o\u00f9 tu peux facilement passer tout un apr\u00e8s-midi. Luk\u00e1\u0161 et moi adorons y revenir souvent, car depuis la France, un vol direct depuis Paris ne prend que quelques heures et nous y d\u00e9couvrons toujours quelque chose de nouveau.<\/p>\n\n\n\n<p class=\"wp-block-paragraph\">Au moment de planifier ton voyage, tu te demandes peut-\u00eatre <strong>o\u00f9 poser ta valise et combien cela va te co\u00fbter<\/strong>. La m\u00e9tropole autrichienne est immense et, \u00e0 premi\u00e8re vue, on pourrait croire qu&rsquo;il est absolument indispensable de loger juste \u00e0 c\u00f4t\u00e9 de la cath\u00e9drale Saint-\u00c9tienne. C&rsquo;est tout le contraire, car la ville dispose d&rsquo;un <strong>syst\u00e8me de transports en commun absolument g\u00e9nial<\/strong>, qui te conduit des quartiers p\u00e9riph\u00e9riques jusqu&rsquo;au centre en quelques minutes.<\/p>\n\n\n\n<p class=\"wp-block-paragraph\">J&rsquo;ai pr\u00e9par\u00e9 pour toi un guide d\u00e9taill\u00e9 sur l&rsquo;h\u00e9bergement, bas\u00e9 sur une <strong>analyse minutieuse des exp\u00e9riences r\u00e9elles des voyageurs<\/strong>. Tu y trouveras des palaces iconiques pour les grandes occasions, des pensions familiales et des auberges de jeunesse abordables qui <strong>ne ruineront pas ton porte-monnaie<\/strong>. Nous allons passer en revue ensemble les diff\u00e9rents arrondissements viennois, pour que tu saches exactement quel quartier correspond le mieux \u00e0 ta fa\u00e7on de voyager.<\/p>\n\n\n\n<figure data-wp-context=\"{&quot;imageId&quot;:&quot;6a9c59773d394&quot;}\" data-wp-interactive=\"core\/image\" data-wp-key=\"6a9c59773d394\" class=\"wp-block-image size-full wp-lightbox-container\"><img decoding=\"async\" width=\"1600\" height=\"2133\" data-wp-class--hide=\"state.isContentHidden\" data-wp-class--show=\"state.isContentVisible\" data-wp-init=\"callbacks.setButtonStyles\" data-wp-on--click=\"actions.showLightbox\" data-wp-on--load=\"callbacks.setButtonStyles\" data-wp-on--pointerdown=\"actions.preloadImage\" data-wp-on--pointerenter=\"actions.preloadImageWithDelay\" data-wp-on--pointerleave=\"actions.cancelPreload\" data-wp-on-window--resize=\"callbacks.setButtonStyles\" src=\"https:\/\/loudavymkrokem.cz\/wp-content\/uploads\/2026\/08\/viden-neubau.jpg\" alt=\"Ruelles du septi\u00e8me arrondissement viennois de Neubau\" class=\"wp-image-407200\" title=\"\" srcset=\"https:\/\/loudavymkrokem.cz\/wp-content\/uploads\/2026\/08\/viden-neubau.jpg 1600w, https:\/\/loudavymkrokem.cz\/wp-content\/uploads\/2026\/08\/viden-neubau-225x300.jpg 225w, https:\/\/loudavymkrokem.cz\/wp-content\/uploads\/2026\/08\/viden-neubau-700x933.jpg 700w, https:\/\/loudavymkrokem.cz\/wp-content\/uploads\/2026\/08\/viden-neubau-768x1024.jpg 768w, https:\/\/loudavymkrokem.cz\/wp-content\/uploads\/2026\/08\/viden-neubau-1152x1536.jpg 1152w, https:\/\/loudavymkrokem.cz\/wp-content\/uploads\/2026\/08\/viden-neubau-1536x2048.jpg 1536w, https:\/\/loudavymkrokem.cz\/wp-content\/uploads\/2026\/08\/viden-neubau-696x928.jpg 696w, https:\/\/loudavymkrokem.cz\/wp-content\/uploads\/2026\/08\/viden-neubau-1392x1856.jpg 1392w\" sizes=\"(max-width: 1600px) 100vw, 1600px\" \/><button\n\t\t\tclass=\"lightbox-trigger\"\n\t\t\ttype=\"button\"\n\t\t\taria-haspopup=\"dialog\"\n\t\t\tdata-wp-bind--aria-label=\"state.thisImage.triggerButtonAriaLabel\"\n\t\t\tdata-wp-init=\"callbacks.initTriggerButton\"\n\t\t\tdata-wp-on--click=\"actions.showLightbox\"\n\t\t\tdata-wp-style--right=\"state.thisImage.buttonRight\"\n\t\t\tdata-wp-style--top=\"state.thisImage.buttonTop\"\n\t\t>\n\t\t\t<svg xmlns=\"http:\/\/www.w3.org\/2000\/svg\" width=\"12\" height=\"12\" fill=\"none\" viewBox=\"0 0 12 12\">\n\t\t\t\t<path fill=\"#fff\" d=\"M2 0a2 2 0 0 0-2 2v2h1.5V2a.5.5 0 0 1 .5-.5h2V0H2Zm2 10.5H2a.5.5 0 0 1-.5-.5V8H0v2a2 2 0 0 0 2 2h2v-1.5ZM8 12v-1.5h2a.5.5 0 0 0 .5-.5V8H12v2a2 2 0 0 1-2 2H8Zm2-12a2 2 0 0 1 2 2v2h-1.5V2a.5.5 0 0 0-.5-.5H8V0h2Z\" \/>\n\t\t\t<\/svg>\n\t\t<\/button><figcaption class=\"wp-element-caption\">Foto: Thorsten Schreiber \/ Google Maps<\/figcaption><\/figure>\n\n\n\n<div id=\"ez-toc-container\" class=\"ez-toc-v2_0_87 ez-toc-wrap-left counter-hierarchy ez-toc-counter ez-toc-grey ez-toc-container-direction\">\n<div class=\"ez-toc-title-container\">\n<p class=\"ez-toc-title\" style=\"cursor:inherit\">Contenu de l&#039;article<\/p>\n<span class=\"ez-toc-title-toggle\"><a href=\"#\" class=\"ez-toc-pull-right ez-toc-btn ez-toc-btn-xs ez-toc-btn-default ez-toc-toggle\" aria-label=\"Toggle Table of Content\"><span class=\"ez-toc-js-icon-con\"><span class=\"\"><span class=\"eztoc-hide\" style=\"display:none;\">Toggle<\/span><span class=\"ez-toc-icon-toggle-span\"><svg style=\"fill: #999;color:#999\" xmlns=\"http:\/\/www.w3.org\/2000\/svg\" class=\"list-377408\" width=\"20px\" height=\"20px\" viewBox=\"0 0 24 24\" fill=\"none\"><path d=\"M6 6H4v2h2V6zm14 0H8v2h12V6zM4 11h2v2H4v-2zm16 0H8v2h12v-2zM4 16h2v2H4v-2zm16 0H8v2h12v-2z\" fill=\"currentColor\"><\/path><\/svg><svg style=\"fill: #999;color:#999\" class=\"arrow-unsorted-368013\" xmlns=\"http:\/\/www.w3.org\/2000\/svg\" width=\"10px\" height=\"10px\" viewBox=\"0 0 24 24\" version=\"1.2\" baseProfile=\"tiny\"><path d=\"M18.2 9.3l-6.2-6.3-6.2 6.3c-.2.2-.3.4-.3.7s.1.5.3.7c.2.2.4.3.7.3h11c.3 0 .5-.1.7-.3.2-.2.3-.5.3-.7s-.1-.5-.3-.7zM5.8 14.7l6.2 6.3 6.2-6.3c.2-.2.3-.5.3-.7s-.1-.5-.3-.7c-.2-.2-.4-.3-.7-.3h-11c-.3 0-.5.1-.7.3-.2.2-.3.5-.3.7s.1.5.3.7z\"\/><\/svg><\/span><\/span><\/span><\/a><\/span><\/div>\n<nav><ul class='ez-toc-list ez-toc-list-level-1 ' ><ul class='ez-toc-list-level-3' ><li class='ez-toc-heading-level-3'><a class=\"ez-toc-link ez-toc-heading-1\" href=\"https:\/\/loudavymkrokem.cz\/fr\/ou-dormir-vienne-autriche\/#Resume\" >R\u00e9sum\u00e9<\/a><\/li><\/ul><\/li><li class='ez-toc-page-1 ez-toc-heading-level-2'><a class=\"ez-toc-link ez-toc-heading-2\" href=\"https:\/\/loudavymkrokem.cz\/fr\/ou-dormir-vienne-autriche\/#Quel_quartier_choisir\" >Quel quartier choisir<\/a><\/li><li class='ez-toc-page-1 ez-toc-heading-level-2'><a class=\"ez-toc-link ez-toc-heading-3\" href=\"https:\/\/loudavymkrokem.cz\/fr\/ou-dormir-vienne-autriche\/#Quand_partir_et_quand_reserver\" >Quand partir et quand r\u00e9server<\/a><\/li><li class='ez-toc-page-1 ez-toc-heading-level-2'><a class=\"ez-toc-link ez-toc-heading-4\" href=\"https:\/\/loudavymkrokem.cz\/fr\/ou-dormir-vienne-autriche\/#Les_26_meilleurs_hotels_de_Vienne\" >Les 26 meilleurs h\u00f4tels de Vienne<\/a><ul class='ez-toc-list-level-3' ><li class='ez-toc-heading-level-3'><a class=\"ez-toc-link ez-toc-heading-5\" href=\"https:\/\/loudavymkrokem.cz\/fr\/ou-dormir-vienne-autriche\/#1_Hotel_Sacher_Vienna\" >1. Hotel Sacher Vienna<\/a><\/li><li class='ez-toc-page-1 ez-toc-heading-level-3'><a class=\"ez-toc-link ez-toc-heading-6\" href=\"https:\/\/loudavymkrokem.cz\/fr\/ou-dormir-vienne-autriche\/#2_Hotel_Imperial\" >2. Hotel Imperial<\/a><\/li><li class='ez-toc-page-1 ez-toc-heading-level-3'><a class=\"ez-toc-link ez-toc-heading-7\" href=\"https:\/\/loudavymkrokem.cz\/fr\/ou-dormir-vienne-autriche\/#3_Park_Hyatt_Vienna\" >3. Park Hyatt Vienna<\/a><\/li><li class='ez-toc-page-1 ez-toc-heading-level-3'><a class=\"ez-toc-link ez-toc-heading-8\" href=\"https:\/\/loudavymkrokem.cz\/fr\/ou-dormir-vienne-autriche\/#4_The_Ritz-Carlton_Vienna\" >4. The Ritz-Carlton Vienna<\/a><\/li><li class='ez-toc-page-1 ez-toc-heading-level-3'><a class=\"ez-toc-link ez-toc-heading-9\" href=\"https:\/\/loudavymkrokem.cz\/fr\/ou-dormir-vienne-autriche\/#5_Hotel_Bristol\" >5. Hotel Bristol<\/a><\/li><li class='ez-toc-page-1 ez-toc-heading-level-3'><a class=\"ez-toc-link ez-toc-heading-10\" href=\"https:\/\/loudavymkrokem.cz\/fr\/ou-dormir-vienne-autriche\/#6_Rosewood_Vienna\" >6. Rosewood Vienna<\/a><\/li><li class='ez-toc-page-1 ez-toc-heading-level-3'><a class=\"ez-toc-link ez-toc-heading-11\" href=\"https:\/\/loudavymkrokem.cz\/fr\/ou-dormir-vienne-autriche\/#7_Eurostars_Grand_Hotel_Wien\" >7. Eurostars Grand Hotel Wien<\/a><\/li><li class='ez-toc-page-1 ez-toc-heading-level-3'><a class=\"ez-toc-link ez-toc-heading-12\" href=\"https:\/\/loudavymkrokem.cz\/fr\/ou-dormir-vienne-autriche\/#8_HOTEL_KAISERHOF_WIEN\" >8. HOTEL KAISERHOF WIEN<\/a><\/li><li class='ez-toc-page-1 ez-toc-heading-level-3'><a class=\"ez-toc-link ez-toc-heading-13\" href=\"https:\/\/loudavymkrokem.cz\/fr\/ou-dormir-vienne-autriche\/#9_Cocoon_Wien_Westbahnhof_%E2%80%94_Boutiquehotel_Stadthalle\" >9. Cocoon Wien Westbahnhof \u2014 Boutiquehotel Stadthalle<\/a><\/li><li class='ez-toc-page-1 ez-toc-heading-level-3'><a class=\"ez-toc-link ez-toc-heading-14\" href=\"https:\/\/loudavymkrokem.cz\/fr\/ou-dormir-vienne-autriche\/#10_Hotel_MOTTO\" >10. Hotel MOTTO<\/a><\/li><li class='ez-toc-page-1 ez-toc-heading-level-3'><a class=\"ez-toc-link ez-toc-heading-15\" href=\"https:\/\/loudavymkrokem.cz\/fr\/ou-dormir-vienne-autriche\/#11_Altstadt_Vienna_an_SLH_Hotel\" >11. Altstadt Vienna, an SLH Hotel<\/a><\/li><li class='ez-toc-page-1 ez-toc-heading-level-3'><a class=\"ez-toc-link ez-toc-heading-16\" href=\"https:\/\/loudavymkrokem.cz\/fr\/ou-dormir-vienne-autriche\/#12_Hotel_Beethoven_Wien\" >12. Hotel Beethoven Wien<\/a><\/li><li class='ez-toc-page-1 ez-toc-heading-level-3'><a class=\"ez-toc-link ez-toc-heading-17\" href=\"https:\/\/loudavymkrokem.cz\/fr\/ou-dormir-vienne-autriche\/#13_magdas_HOTEL_Vienna_City\" >13. magdas HOTEL Vienna City<\/a><\/li><li class='ez-toc-page-1 ez-toc-heading-level-3'><a class=\"ez-toc-link ez-toc-heading-18\" href=\"https:\/\/loudavymkrokem.cz\/fr\/ou-dormir-vienne-autriche\/#14_Hotel_am_Brillantengrund\" >14. Hotel am Brillantengrund<\/a><\/li><li class='ez-toc-page-1 ez-toc-heading-level-3'><a class=\"ez-toc-link ez-toc-heading-19\" href=\"https:\/\/loudavymkrokem.cz\/fr\/ou-dormir-vienne-autriche\/#15_25hours_Hotel_Vienna_at_MuseumsQuartier\" >15. 25hours Hotel Vienna at MuseumsQuartier<\/a><\/li><li class='ez-toc-page-1 ez-toc-heading-level-3'><a class=\"ez-toc-link ez-toc-heading-20\" href=\"https:\/\/loudavymkrokem.cz\/fr\/ou-dormir-vienne-autriche\/#16_Hotel_Am_Konzerthaus_%E2%80%94_MGallery\" >16. Hotel Am Konzerthaus \u2014 MGallery<\/a><\/li><li class='ez-toc-page-1 ez-toc-heading-level-3'><a class=\"ez-toc-link ez-toc-heading-21\" href=\"https:\/\/loudavymkrokem.cz\/fr\/ou-dormir-vienne-autriche\/#17_Hotel_Gilbert\" >17. Hotel Gilbert<\/a><\/li><li class='ez-toc-page-1 ez-toc-heading-level-3'><a class=\"ez-toc-link ez-toc-heading-22\" href=\"https:\/\/loudavymkrokem.cz\/fr\/ou-dormir-vienne-autriche\/#18_Hotel_Schani\" >18. Hotel Schani<\/a><\/li><li class='ez-toc-page-1 ez-toc-heading-level-3'><a class=\"ez-toc-link ez-toc-heading-23\" href=\"https:\/\/loudavymkrokem.cz\/fr\/ou-dormir-vienne-autriche\/#19_Ruby_Marie_Hotel_Vienna\" >19. Ruby Marie Hotel Vienna<\/a><\/li><li class='ez-toc-page-1 ez-toc-heading-level-3'><a class=\"ez-toc-link ez-toc-heading-24\" href=\"https:\/\/loudavymkrokem.cz\/fr\/ou-dormir-vienne-autriche\/#20_Hotel_Josefshof_am_Rathaus\" >20. Hotel Josefshof am Rathaus<\/a><\/li><li class='ez-toc-page-1 ez-toc-heading-level-3'><a class=\"ez-toc-link ez-toc-heading-25\" href=\"https:\/\/loudavymkrokem.cz\/fr\/ou-dormir-vienne-autriche\/#21_Hotel_Rathauspark_Wien_%E2%80%94_Handwritten_Collection\" >21. Hotel Rathauspark Wien \u2014 Handwritten Collection<\/a><\/li><li class='ez-toc-page-1 ez-toc-heading-level-3'><a class=\"ez-toc-link ez-toc-heading-26\" href=\"https:\/\/loudavymkrokem.cz\/fr\/ou-dormir-vienne-autriche\/#22_Ruby_Lissi_Hotel_Vienna\" >22. Ruby Lissi Hotel Vienna<\/a><\/li><li class='ez-toc-page-1 ez-toc-heading-level-3'><a class=\"ez-toc-link ez-toc-heading-27\" href=\"https:\/\/loudavymkrokem.cz\/fr\/ou-dormir-vienne-autriche\/#23_Hotel_Zipser\" >23. Hotel Zipser<\/a><\/li><li class='ez-toc-page-1 ez-toc-heading-level-3'><a class=\"ez-toc-link ez-toc-heading-28\" href=\"https:\/\/loudavymkrokem.cz\/fr\/ou-dormir-vienne-autriche\/#24_Vienna_Hostel_Ruthensteiner\" >24. Vienna Hostel Ruthensteiner<\/a><\/li><li class='ez-toc-page-1 ez-toc-heading-level-3'><a class=\"ez-toc-link ez-toc-heading-29\" href=\"https:\/\/loudavymkrokem.cz\/fr\/ou-dormir-vienne-autriche\/#25_Wombats_City_Hostel_Vienna_Naschmarkt\" >25. Wombat&rsquo;s City Hostel Vienna Naschmarkt<\/a><\/li><li class='ez-toc-page-1 ez-toc-heading-level-3'><a class=\"ez-toc-link ez-toc-heading-30\" href=\"https:\/\/loudavymkrokem.cz\/fr\/ou-dormir-vienne-autriche\/#26_MEININGER_Hotel_Wien_Downtown_Sissi\" >26. MEININGER Hotel Wien Downtown Sissi<\/a><\/li><\/ul><\/li><li class='ez-toc-page-1 ez-toc-heading-level-2'><a class=\"ez-toc-link ez-toc-heading-31\" href=\"https:\/\/loudavymkrokem.cz\/fr\/ou-dormir-vienne-autriche\/#Comment_choisir_le_bon_hotel\" >Comment choisir le bon h\u00f4tel<\/a><\/li><li class='ez-toc-page-1 ez-toc-heading-level-2'><a class=\"ez-toc-link ez-toc-heading-32\" href=\"https:\/\/loudavymkrokem.cz\/fr\/ou-dormir-vienne-autriche\/#Pour_aller_plus_loin\" >Pour aller plus loin<\/a><\/li><li class='ez-toc-page-1 ez-toc-heading-level-2'><a class=\"ez-toc-link ez-toc-heading-33\" href=\"https:\/\/loudavymkrokem.cz\/fr\/ou-dormir-vienne-autriche\/#Questions_frequentes\" >Questions fr\u00e9quentes<\/a><ul class='ez-toc-list-level-3' ><li class='ez-toc-heading-level-3'><a class=\"ez-toc-link ez-toc-heading-34\" href=\"https:\/\/loudavymkrokem.cz\/fr\/ou-dormir-vienne-autriche\/#Dois-je_absolument_loger_dans_le_centre_de_Vienne\" >Dois-je absolument loger dans le centre de Vienne ?<\/a><\/li><li class='ez-toc-page-1 ez-toc-heading-level-3'><a class=\"ez-toc-link ez-toc-heading-35\" href=\"https:\/\/loudavymkrokem.cz\/fr\/ou-dormir-vienne-autriche\/#Ou_se_loger_si_je_viens_pour_les_marches_de_Noel\" >O\u00f9 se loger si je viens pour les march\u00e9s de No\u00ebl ?<\/a><\/li><li class='ez-toc-page-1 ez-toc-heading-level-3'><a class=\"ez-toc-link ez-toc-heading-36\" href=\"https:\/\/loudavymkrokem.cz\/fr\/ou-dormir-vienne-autriche\/#Comment_ca_se_passe_a_Vienne_pour_le_stationnement_a_lhotel\" >Comment \u00e7a se passe \u00e0 Vienne pour le stationnement \u00e0 l&rsquo;h\u00f4tel ?<\/a><\/li><li class='ez-toc-page-1 ez-toc-heading-level-3'><a class=\"ez-toc-link ez-toc-heading-37\" href=\"https:\/\/loudavymkrokem.cz\/fr\/ou-dormir-vienne-autriche\/#Les_hotels_a_Vienne_sont-ils_chers\" >Les h\u00f4tels \u00e0 Vienne sont-ils chers ?<\/a><\/li><li class='ez-toc-page-1 ez-toc-heading-level-3'><a class=\"ez-toc-link ez-toc-heading-38\" href=\"https:\/\/loudavymkrokem.cz\/fr\/ou-dormir-vienne-autriche\/#Quel_quartier_viennois_est_le_meilleur_pour_les_amateurs_de_gastronomie\" >Quel quartier viennois est le meilleur pour les amateurs de gastronomie ?<\/a><\/li><li class='ez-toc-page-1 ez-toc-heading-level-3'><a class=\"ez-toc-link ez-toc-heading-39\" href=\"https:\/\/loudavymkrokem.cz\/fr\/ou-dormir-vienne-autriche\/#Quelle_est_la_meilleure_periode_pour_reserver_un_hotel\" >Quelle est la meilleure p\u00e9riode pour r\u00e9server un h\u00f4tel ?<\/a><\/li><li class='ez-toc-page-1 ez-toc-heading-level-3'><a class=\"ez-toc-link ez-toc-heading-40\" href=\"https:\/\/loudavymkrokem.cz\/fr\/ou-dormir-vienne-autriche\/#Ou_se_loger_a_Vienne_avec_des_enfants\" >O\u00f9 se loger \u00e0 Vienne avec des enfants ?<\/a><\/li><\/ul><\/li><\/ul><\/nav><\/div>\n<h3 class=\"wp-block-heading\"><span class=\"ez-toc-section\" id=\"Resume\"><\/span>R\u00e9sum\u00e9<span class=\"ez-toc-section-end\"><\/span><\/h3>\n\n\n\n<ul class=\"wp-block-list\">\n\n<li><strong>Meilleur rapport qualit\u00e9-emplacement :<\/strong> Si tu veux vivre une v\u00e9ritable ambiance locale, <strong>cherche un h\u00e9bergement dans l&rsquo;arrondissement de Neubau<\/strong>, d&rsquo;o\u00f9 tu peux rejoindre \u00e0 pied les principaux mus\u00e9es tout en payant une fraction du prix du centre.<\/li>\n\n\n\n<li><strong>Pour les amoureux du luxe :<\/strong> Une exp\u00e9rience inoubliable charg\u00e9e d&rsquo;histoire t&rsquo;attend au l\u00e9gendaire <strong>Hotel Sacher Vienna<\/strong> ou \u00e0 l&rsquo;ancien palais <strong>Hotel Imperial<\/strong>, qui satisferont m\u00eame les clients les plus exigeants.<\/li>\n\n\n\n<li><strong>Meilleure exp\u00e9rience boutique :<\/strong> Le mieux not\u00e9 est sans conteste l&rsquo;<strong>HOTEL KAISERHOF WIEN<\/strong>, mais l&rsquo;unique <strong>Altstadt Vienna<\/strong> et ses fantastiques petits d\u00e9jeuners m\u00e9ritent aussi le d\u00e9tour.<\/li>\n\n\n\n<li><strong>Un h\u00e9bergement avec une histoire :<\/strong> Soutiens une bonne cause en s\u00e9journant au <strong>magdas HOTEL Vienna City<\/strong>, qui emploie des personnes ayant un parcours de r\u00e9fugi\u00e9, ou essaie l&rsquo;ancien couvent <strong>Hotel am Brillantengrund<\/strong>.<\/li>\n\n\n\n<li><strong>Pour les familles avec enfants :<\/strong> Le paisible <strong>Hotel Zipser<\/strong> dans le tranquille arrondissement de Josefstadt est un excellent choix, tout comme les h\u00f4tels pr\u00e8s du verdoyant Prater \u00e0 Leopoldstadt.<\/li>\n\n\n\n<li><strong>Le meilleur pour petit budget :<\/strong> Les routards et les \u00e9tudiants vont adorer le <strong>Vienna Hostel Ruthensteiner<\/strong>, qui offre une ambiance conviviale et de superbes \u00e9quipements \u00e0 prix minime.<\/li>\n\n\n\n<li><strong>Pratique si tu viens en voiture :<\/strong> Choisis un h\u00f4tel autour des gares de Westbahnhof ou de Hauptbahnhof, comme le <strong>Hotel Schani<\/strong>, pour \u00e9viter la navigation compliqu\u00e9e dans le centre historique.<\/li>\n\n\n<\/ul>\n\n\n\n\n<p class=\"wp-block-paragraph\"><em>\ud83d\udca1 Les transports viennois sont si efficaces que, depuis les arrondissements p\u00e9riph\u00e9riques, tu es au centre en dix minutes \u2014 cela vaut donc la peine de comparer aussi les h\u00e9bergements en dehors du Ring. <a href=\"https:\/\/www.stay22.com\/allez\/roam?aid=lukaskonecny&#038;campaign=loudavymkrokemcz&#038;campaign=kde-bydlet-ve-vidni&#038;address=V%C3%ADde%C5%88%2C%20Rakousko\" target=\"_blank\" rel=\"nofollow noopener sponsored\">Sur cette carte tu verras toute l&rsquo;offre en un coup d&rsquo;\u0153il<\/a>, y compris \u00e0 quel point le septi\u00e8me ou le huiti\u00e8me arrondissement est plus abordable.<\/em><\/p>\n\n\n\n<h2 class=\"wp-block-heading\"><span class=\"ez-toc-section\" id=\"Quel_quartier_choisir\"><\/span>Quel quartier choisir<span class=\"ez-toc-section-end\"><\/span><\/h2>\n\n\n\n<p class=\"wp-block-paragraph\">Vienne est administrativement divis\u00e9e en vingt-trois arrondissements num\u00e9rot\u00e9s, que les habitants appellent les Bezirke. <strong>Conna\u00eetre ces num\u00e9ros est absolument essentiel<\/strong>, car tu les retrouveras sur chaque plaque de rue et ils te faciliteront grandement l&rsquo;orientation au moment de choisir ton h\u00f4tel. Si tu p\u00e8ses tes options, garde en t\u00eate que Vienne est l&rsquo;une des rares grandes villes europ\u00e9ennes o\u00f9 <strong>il ne sert \u00e0 rien de payer des sommes exorbitantes pour le centre historique<\/strong>. Le r\u00e9seau de m\u00e9tro et de tramways y est en effet si dense et si pr\u00e9cis que, depuis les quartiers p\u00e9riph\u00e9riques, tu arrives directement sur la Stephansplatz en seulement dix minutes. Tu peux ainsi t&rsquo;offrir une chambre bien plus agr\u00e9able et int\u00e9ressante dans le septi\u00e8me ou le huiti\u00e8me arrondissement pour le prix d&rsquo;un h\u00e9bergement moyen sur le c\u00e9l\u00e8bre Ring.<\/p>\n\n\n\n<p class=\"wp-block-paragraph\"><strong>1. Innere Stadt (premier arrondissement)<\/strong> est le c\u0153ur historique absolu de la ville, avec la majestueuse Hofburg, l&rsquo;Op\u00e9ra et la c\u00e9l\u00e8bre rue commer\u00e7ante Graben. C&rsquo;est un <strong>excellent choix pour une toute premi\u00e8re visite<\/strong>, si tu disposes de tr\u00e8s peu de temps et que payer plus cher l&rsquo;exclusivit\u00e9 ne te d\u00e9range pas. Mais attends-toi \u00e0 ce que les prix des h\u00e9bergements et des restaurants y soient de loin les plus \u00e9lev\u00e9s de toute la ville, et \u00e0 croiser des foules de touristes partout.<\/p>\n\n\n\n<p class=\"wp-block-paragraph\"><strong>7. Neubau<\/strong> est, selon de nombreux voyageurs et \u00e9valuations ind\u00e9pendantes, le quartier au <strong>meilleur rapport ambiance g\u00e9n\u00e9rale \/ prix<\/strong>. Les Viennois eux-m\u00eames viennent y passer leur temps libre et tu y trouveras des dizaines de caf\u00e9s ind\u00e9pendants et de boutiques design. Un grand avantage : l&rsquo;immense quartier culturel du MuseumsQuartier se trouve litt\u00e9ralement au coin de la rue.<\/p>\n\n\n\n<p class=\"wp-block-paragraph\"><strong>6. Mariahilf<\/strong> jouxte directement Neubau et son art\u00e8re principale est la longue Mariahilfer Stra\u00dfe. C&rsquo;est la <strong>plus longue et la plus c\u00e9l\u00e8bre avenue commer\u00e7ante<\/strong> de toute l&rsquo;Autriche. Si le but de ton voyage est avant tout de renouveler ta garde-robe et que tu veux \u00eatre proche du c\u00e9l\u00e8bre march\u00e9 Naschmarkt, tu seras ici absolument combl\u00e9.<\/p>\n\n\n\n<p class=\"wp-block-paragraph\"><strong>8. Josefstadt<\/strong> est le plus petit arrondissement de Vienne, mais il offre au visiteur attentif un <strong>calme incroyable et des ruelles silencieuses<\/strong> pleines de caf\u00e9s litt\u00e9raires traditionnels. Depuis ce beau quartier r\u00e9sidentiel, une agr\u00e9able promenade te m\u00e8ne directement jusqu&rsquo;au magnifique h\u00f4tel de ville n\u00e9ogothique.<\/p>\n\n\n\n<p class=\"wp-block-paragraph\"><strong>4. Wieden<\/strong>, au contraire, ravira surtout les gourmands passionn\u00e9s et les amateurs de bonne cuisine. Il se trouve juste \u00e0 c\u00f4t\u00e9 du c\u00e9l\u00e8bre Naschmarkt et est litt\u00e9ralement <strong>parsem\u00e9 d&rsquo;excellents restaurants modernes et de bistrots chaleureux<\/strong>. Du point de vue des transports, c&rsquo;est en plus un emplacement tr\u00e8s strat\u00e9gique, parfaitement reli\u00e9 au r\u00e9seau de m\u00e9tro.<\/p>\n\n\n\n<p class=\"wp-block-paragraph\"><strong>2. Leopoldstadt<\/strong> s&rsquo;\u00e9tend juste de l&rsquo;autre c\u00f4t\u00e9 du canal par rapport au centre historique et son immense atout est la <strong>proximit\u00e9 du vaste parc verdoyant du Prater<\/strong>. Cela en fait un choix fantastique et tr\u00e8s pris\u00e9 des familles avec enfants. Tu y trouveras la verdure si pr\u00e9cieuse, de larges boulevards et une ambiance tr\u00e8s calme le soir.<\/p>\n\n\n\n<p class=\"wp-block-paragraph\"><strong>15. L&rsquo;arrondissement de Westbahnhof<\/strong> est une base id\u00e9ale pour tous les voyageurs au budget plus limit\u00e9. Il convient aussi parfaitement \u00e0 ceux qui <strong>arrivent dans la m\u00e9tropole autrichienne en voiture<\/strong>. Les h\u00f4tels de ce secteur sont g\u00e9n\u00e9ralement nettement moins chers, proposent souvent un parking priv\u00e9 s\u00e9curis\u00e9 et, gr\u00e2ce \u00e0 la gare toute proche, tu es au centre en m\u00e9tro en quelques minutes.<\/p>\n\n\n\n<h2 class=\"wp-block-heading\"><span class=\"ez-toc-section\" id=\"Quand_partir_et_quand_reserver\"><\/span>Quand partir et quand r\u00e9server<span class=\"ez-toc-section-end\"><\/span><\/h2>\n\n\n\n<p class=\"wp-block-paragraph\">Le timing de ta visite joue un r\u00f4le \u00e9norme dans <strong>les prix finaux des h\u00e9bergements que tu peux esp\u00e9rer trouver<\/strong> dans les syst\u00e8mes de r\u00e9servation. La m\u00e9tropole autrichienne fait partie des destinations tr\u00e8s pris\u00e9es toute l&rsquo;ann\u00e9e, mais certains mois sont extr\u00eamement charg\u00e9s c\u00f4t\u00e9 tourisme et exigent donc une planification soign\u00e9e et bien anticip\u00e9e.<\/p>\n\n\n\n<p class=\"wp-block-paragraph\">Le pic absolu, c&rsquo;est la <strong>p\u00e9riode de l&rsquo;Avent, de fin novembre \u00e0 fin d\u00e9cembre<\/strong>, quand toute la ville se transforme comme par magie en un royaume hivernal f\u00e9erique rempli de lumi\u00e8res. Les c\u00e9l\u00e8bres march\u00e9s de No\u00ebl attirent des visiteurs enthousiastes de toute l&rsquo;Europe centrale. C&rsquo;est pourquoi les h\u00f4tels sont logiquement les plus chers \u00e0 cette p\u00e9riode et les meilleures chambres <strong>se vendent parfois plusieurs mois \u00e0 l&rsquo;avance<\/strong>.<\/p>\n\n\n\n<p class=\"wp-block-paragraph\">Les mois de printemps \u2014 <strong>d&rsquo;avril \u00e0 juin<\/strong> \u2014 et l&rsquo;automne, en <strong>septembre et octobre<\/strong>, sont sans doute les plus agr\u00e9ables pour d\u00e9couvrir les beaut\u00e9s de la ville. Les temp\u00e9ratures sont id\u00e9ales pour de longues balades entre les monuments et pour fl\u00e2ner tranquillement en terrasse des caf\u00e9s locaux. Les prix des h\u00f4tels restent certes assez \u00e9lev\u00e9s, mais le spectacle des parcs en fleurs te le rendra largement.<\/p>\n\n\n\n<p class=\"wp-block-paragraph\">Si tu veux vraiment \u00e9conomiser sur ton voyage, <strong>pars en janvier ou en f\u00e9vrier, quand il fait froid<\/strong>. Les prix de tous les h\u00e9bergements tombent alors \u00e0 leur minimum annuel et tu peux profiter de rues moins bond\u00e9es. Tu devras certes composer avec un temps glacial et une tomb\u00e9e de la nuit tr\u00e8s pr\u00e9coce, mais cette p\u00e9riode hivernale correspond au sommet de la c\u00e9l\u00e8bre saison des bals, dont le charme mondain est absolument unique.<\/p>\n\n\n\n<p class=\"wp-block-paragraph\">Fais bien attention aux <strong>week-ends prolong\u00e9s et aux jours f\u00e9ri\u00e9s<\/strong>. Vienne reste l&rsquo;une des escapades les plus faciles depuis la France, et beaucoup de gens en profitent pendant leurs cong\u00e9s. \u00c0 ces dates, les chambres disponibles disparaissent \u00e0 une vitesse folle et les prix grimpent en fl\u00e8che, alors n&rsquo;attends surtout pas trop longtemps pour finaliser ta r\u00e9servation.<\/p>\n\n\n\n<h2 class=\"wp-block-heading\"><span class=\"ez-toc-section\" id=\"Les_26_meilleurs_hotels_de_Vienne\"><\/span>Les 26 meilleurs h\u00f4tels de Vienne<span class=\"ez-toc-section-end\"><\/span><\/h2>\n\n\n\n<p class=\"wp-block-paragraph\">Le choix d&rsquo;un h\u00f4tel d\u00e9pend toujours de ton budget et de tes pr\u00e9f\u00e9rences, c&rsquo;est pourquoi j&rsquo;ai class\u00e9 les h\u00e9bergements des ic\u00f4nes les plus luxueuses jusqu&rsquo;aux auberges les moins ch\u00e8res. Toutes les notes et le nombre d&rsquo;avis <strong>correspondent aux exp\u00e9riences r\u00e9elles des voyageurs<\/strong> et t&rsquo;aideront \u00e0 prendre la meilleure d\u00e9cision.<\/p>\n\n\n\n<figure data-wp-context=\"{&quot;imageId&quot;:&quot;6a9c59773e401&quot;}\" data-wp-interactive=\"core\/image\" data-wp-key=\"6a9c59773e401\" class=\"wp-block-image size-full wp-lightbox-container\"><img decoding=\"async\" width=\"1800\" height=\"1200\" data-wp-class--hide=\"state.isContentHidden\" data-wp-class--show=\"state.isContentVisible\" data-wp-init=\"callbacks.setButtonStyles\" data-wp-on--click=\"actions.showLightbox\" data-wp-on--load=\"callbacks.setButtonStyles\" data-wp-on--pointerdown=\"actions.preloadImage\" data-wp-on--pointerenter=\"actions.preloadImageWithDelay\" data-wp-on--pointerleave=\"actions.cancelPreload\" data-wp-on-window--resize=\"callbacks.setButtonStyles\" src=\"https:\/\/loudavymkrokem.cz\/wp-content\/uploads\/2026\/08\/hotel-sacher-vienna-1-1.jpg\" alt=\"Salon de l&#039;Hotel Sacher face \u00e0 l&#039;Op\u00e9ra de Vienne\" class=\"wp-image-407103\" title=\"\" srcset=\"https:\/\/loudavymkrokem.cz\/wp-content\/uploads\/2026\/08\/hotel-sacher-vienna-1-1.jpg 1800w, https:\/\/loudavymkrokem.cz\/wp-content\/uploads\/2026\/08\/hotel-sacher-vienna-1-1-300x200.jpg 300w, https:\/\/loudavymkrokem.cz\/wp-content\/uploads\/2026\/08\/hotel-sacher-vienna-1-1-700x467.jpg 700w, https:\/\/loudavymkrokem.cz\/wp-content\/uploads\/2026\/08\/hotel-sacher-vienna-1-1-768x512.jpg 768w, https:\/\/loudavymkrokem.cz\/wp-content\/uploads\/2026\/08\/hotel-sacher-vienna-1-1-1536x1024.jpg 1536w, https:\/\/loudavymkrokem.cz\/wp-content\/uploads\/2026\/08\/hotel-sacher-vienna-1-1-696x464.jpg 696w, https:\/\/loudavymkrokem.cz\/wp-content\/uploads\/2026\/08\/hotel-sacher-vienna-1-1-1392x928.jpg 1392w\" sizes=\"(max-width: 1800px) 100vw, 1800px\" \/><button\n\t\t\tclass=\"lightbox-trigger\"\n\t\t\ttype=\"button\"\n\t\t\taria-haspopup=\"dialog\"\n\t\t\tdata-wp-bind--aria-label=\"state.thisImage.triggerButtonAriaLabel\"\n\t\t\tdata-wp-init=\"callbacks.initTriggerButton\"\n\t\t\tdata-wp-on--click=\"actions.showLightbox\"\n\t\t\tdata-wp-style--right=\"state.thisImage.buttonRight\"\n\t\t\tdata-wp-style--top=\"state.thisImage.buttonTop\"\n\t\t>\n\t\t\t<svg xmlns=\"http:\/\/www.w3.org\/2000\/svg\" width=\"12\" height=\"12\" fill=\"none\" viewBox=\"0 0 12 12\">\n\t\t\t\t<path fill=\"#fff\" d=\"M2 0a2 2 0 0 0-2 2v2h1.5V2a.5.5 0 0 1 .5-.5h2V0H2Zm2 10.5H2a.5.5 0 0 1-.5-.5V8H0v2a2 2 0 0 0 2 2h2v-1.5ZM8 12v-1.5h2a.5.5 0 0 0 .5-.5V8H12v2a2 2 0 0 1-2 2H8Zm2-12a2 2 0 0 1 2 2v2h-1.5V2a.5.5 0 0 0-.5-.5H8V0h2Z\" \/>\n\t\t\t<\/svg>\n\t\t<\/button><figcaption class=\"wp-element-caption\">Foto: Hotel Sacher \/ ofici\u00e1ln\u00ed web<\/figcaption><\/figure>\n\n\n\n<h3 class=\"wp-block-heading\"><span class=\"ez-toc-section\" id=\"1_Hotel_Sacher_Vienna\"><\/span>1. Hotel Sacher Vienna<span class=\"ez-toc-section-end\"><\/span><\/h3>\n\n\n\n<p class=\"wp-block-paragraph\">Ce l\u00e9gendaire h\u00f4tel cinq \u00e9toiles remonte \u00e0 1876 et se trouve en plein premier arrondissement, l&rsquo;Innere Stadt, juste en face de l&rsquo;Op\u00e9ra national. Avec une note absolument excellente de <strong>4,5 sur plus de 14 088 avis<\/strong>, il d\u00e9tient le record du nombre d&rsquo;\u00e9valuations de toute Vienne et incarne le luxe autrichien traditionnel.<\/p>\n\n\n\n<figure data-wp-context=\"{&quot;galleryId&quot;:&quot;6a9c59773e65a&quot;}\" data-wp-interactive=\"core\/gallery\" class=\"wp-block-gallery has-nested-images columns-2 is-cropped wp-block-gallery-is-layout-flex wp-block-gallery-1 is-layout-flex\">\n\n<figure data-wp-context=\"{&quot;imageId&quot;:&quot;6a9c59773e929&quot;}\" data-wp-interactive=\"core\/image\" data-wp-key=\"6a9c59773e929\" class=\"wp-block-image size-large wp-lightbox-container\"><img decoding=\"async\" width=\"1800\" height=\"1201\" data-wp-class--hide=\"state.isContentHidden\" data-wp-class--show=\"state.isContentVisible\" data-wp-init=\"callbacks.setButtonStyles\" data-wp-on--click=\"actions.showLightbox\" data-wp-on--load=\"callbacks.setButtonStyles\" data-wp-on--pointerdown=\"actions.preloadImage\" data-wp-on--pointerenter=\"actions.preloadImageWithDelay\" data-wp-on--pointerleave=\"actions.cancelPreload\" data-wp-on-window--resize=\"callbacks.setButtonStyles\" data-id=\"407107\" src=\"https:\/\/loudavymkrokem.cz\/wp-content\/uploads\/2026\/08\/hotel-sacher-vienna-2-1.jpg\" alt=\"Le Rote Bar dress\u00e9 avec \u00e9l\u00e9gance \u00e0 l&#039;Hotel Sacher\" class=\"wp-image-407107\" title=\"\" srcset=\"https:\/\/loudavymkrokem.cz\/wp-content\/uploads\/2026\/08\/hotel-sacher-vienna-2-1.jpg 1800w, https:\/\/loudavymkrokem.cz\/wp-content\/uploads\/2026\/08\/hotel-sacher-vienna-2-1-300x200.jpg 300w, https:\/\/loudavymkrokem.cz\/wp-content\/uploads\/2026\/08\/hotel-sacher-vienna-2-1-700x467.jpg 700w, https:\/\/loudavymkrokem.cz\/wp-content\/uploads\/2026\/08\/hotel-sacher-vienna-2-1-768x512.jpg 768w, https:\/\/loudavymkrokem.cz\/wp-content\/uploads\/2026\/08\/hotel-sacher-vienna-2-1-1536x1025.jpg 1536w, https:\/\/loudavymkrokem.cz\/wp-content\/uploads\/2026\/08\/hotel-sacher-vienna-2-1-696x464.jpg 696w, https:\/\/loudavymkrokem.cz\/wp-content\/uploads\/2026\/08\/hotel-sacher-vienna-2-1-1392x929.jpg 1392w\" sizes=\"(max-width: 1800px) 100vw, 1800px\" \/><button\n\t\t\tclass=\"lightbox-trigger\"\n\t\t\ttype=\"button\"\n\t\t\taria-haspopup=\"dialog\"\n\t\t\tdata-wp-bind--aria-label=\"state.thisImage.triggerButtonAriaLabel\"\n\t\t\tdata-wp-init=\"callbacks.initTriggerButton\"\n\t\t\tdata-wp-on--click=\"actions.showLightbox\"\n\t\t\tdata-wp-style--right=\"state.thisImage.buttonRight\"\n\t\t\tdata-wp-style--top=\"state.thisImage.buttonTop\"\n\t\t>\n\t\t\t<svg xmlns=\"http:\/\/www.w3.org\/2000\/svg\" width=\"12\" height=\"12\" fill=\"none\" viewBox=\"0 0 12 12\">\n\t\t\t\t<path fill=\"#fff\" d=\"M2 0a2 2 0 0 0-2 2v2h1.5V2a.5.5 0 0 1 .5-.5h2V0H2Zm2 10.5H2a.5.5 0 0 1-.5-.5V8H0v2a2 2 0 0 0 2 2h2v-1.5ZM8 12v-1.5h2a.5.5 0 0 0 .5-.5V8H12v2a2 2 0 0 1-2 2H8Zm2-12a2 2 0 0 1 2 2v2h-1.5V2a.5.5 0 0 0-.5-.5H8V0h2Z\" \/>\n\t\t\t<\/svg>\n\t\t<\/button><figcaption class=\"wp-element-caption\">Foto: Hotel Sacher \/ ofici\u00e1ln\u00ed web<\/figcaption><\/figure>\n\n\n<figure data-wp-context=\"{&quot;imageId&quot;:&quot;6a9c59773ed4f&quot;}\" data-wp-interactive=\"core\/image\" data-wp-key=\"6a9c59773ed4f\" class=\"wp-block-image size-large wp-lightbox-container\"><img decoding=\"async\" width=\"1800\" height=\"1201\" data-wp-class--hide=\"state.isContentHidden\" data-wp-class--show=\"state.isContentVisible\" data-wp-init=\"callbacks.setButtonStyles\" data-wp-on--click=\"actions.showLightbox\" data-wp-on--load=\"callbacks.setButtonStyles\" data-wp-on--pointerdown=\"actions.preloadImage\" data-wp-on--pointerenter=\"actions.preloadImageWithDelay\" data-wp-on--pointerleave=\"actions.cancelPreload\" data-wp-on-window--resize=\"callbacks.setButtonStyles\" data-id=\"407111\" src=\"https:\/\/loudavymkrokem.cz\/wp-content\/uploads\/2026\/08\/hotel-sacher-vienna-3-1.jpg\" alt=\"Chambre de l&#039;Hotel Sacher\" class=\"wp-image-407111\" title=\"\" srcset=\"https:\/\/loudavymkrokem.cz\/wp-content\/uploads\/2026\/08\/hotel-sacher-vienna-3-1.jpg 1800w, https:\/\/loudavymkrokem.cz\/wp-content\/uploads\/2026\/08\/hotel-sacher-vienna-3-1-300x200.jpg 300w, https:\/\/loudavymkrokem.cz\/wp-content\/uploads\/2026\/08\/hotel-sacher-vienna-3-1-700x467.jpg 700w, https:\/\/loudavymkrokem.cz\/wp-content\/uploads\/2026\/08\/hotel-sacher-vienna-3-1-768x512.jpg 768w, https:\/\/loudavymkrokem.cz\/wp-content\/uploads\/2026\/08\/hotel-sacher-vienna-3-1-1536x1025.jpg 1536w, https:\/\/loudavymkrokem.cz\/wp-content\/uploads\/2026\/08\/hotel-sacher-vienna-3-1-696x464.jpg 696w, https:\/\/loudavymkrokem.cz\/wp-content\/uploads\/2026\/08\/hotel-sacher-vienna-3-1-1392x929.jpg 1392w\" sizes=\"(max-width: 1800px) 100vw, 1800px\" \/><button\n\t\t\tclass=\"lightbox-trigger\"\n\t\t\ttype=\"button\"\n\t\t\taria-haspopup=\"dialog\"\n\t\t\tdata-wp-bind--aria-label=\"state.thisImage.triggerButtonAriaLabel\"\n\t\t\tdata-wp-init=\"callbacks.initTriggerButton\"\n\t\t\tdata-wp-on--click=\"actions.showLightbox\"\n\t\t\tdata-wp-style--right=\"state.thisImage.buttonRight\"\n\t\t\tdata-wp-style--top=\"state.thisImage.buttonTop\"\n\t\t>\n\t\t\t<svg xmlns=\"http:\/\/www.w3.org\/2000\/svg\" width=\"12\" height=\"12\" fill=\"none\" viewBox=\"0 0 12 12\">\n\t\t\t\t<path fill=\"#fff\" d=\"M2 0a2 2 0 0 0-2 2v2h1.5V2a.5.5 0 0 1 .5-.5h2V0H2Zm2 10.5H2a.5.5 0 0 1-.5-.5V8H0v2a2 2 0 0 0 2 2h2v-1.5ZM8 12v-1.5h2a.5.5 0 0 0 .5-.5V8H12v2a2 2 0 0 1-2 2H8Zm2-12a2 2 0 0 1 2 2v2h-1.5V2a.5.5 0 0 0-.5-.5H8V0h2Z\" \/>\n\t\t\t<\/svg>\n\t\t<\/button><figcaption class=\"wp-element-caption\">Foto: Hotel Sacher \/ ofici\u00e1ln\u00ed web<\/figcaption><\/figure>\n\n\n<figure data-wp-context=\"{&quot;imageId&quot;:&quot;6a9c59773f1a4&quot;}\" data-wp-interactive=\"core\/image\" data-wp-key=\"6a9c59773f1a4\" class=\"wp-block-image size-large wp-lightbox-container\"><img decoding=\"async\" width=\"1800\" height=\"1201\" data-wp-class--hide=\"state.isContentHidden\" data-wp-class--show=\"state.isContentVisible\" data-wp-init=\"callbacks.setButtonStyles\" data-wp-on--click=\"actions.showLightbox\" data-wp-on--load=\"callbacks.setButtonStyles\" data-wp-on--pointerdown=\"actions.preloadImage\" data-wp-on--pointerenter=\"actions.preloadImageWithDelay\" data-wp-on--pointerleave=\"actions.cancelPreload\" data-wp-on-window--resize=\"callbacks.setButtonStyles\" data-id=\"407115\" src=\"https:\/\/loudavymkrokem.cz\/wp-content\/uploads\/2026\/08\/hotel-sacher-vienna-4-1.jpg\" alt=\"Salon de l&#039;Hotel Sacher face \u00e0 l&#039;Op\u00e9ra de Vienne\" class=\"wp-image-407115\" title=\"\" srcset=\"https:\/\/loudavymkrokem.cz\/wp-content\/uploads\/2026\/08\/hotel-sacher-vienna-4-1.jpg 1800w, https:\/\/loudavymkrokem.cz\/wp-content\/uploads\/2026\/08\/hotel-sacher-vienna-4-1-300x200.jpg 300w, https:\/\/loudavymkrokem.cz\/wp-content\/uploads\/2026\/08\/hotel-sacher-vienna-4-1-700x467.jpg 700w, https:\/\/loudavymkrokem.cz\/wp-content\/uploads\/2026\/08\/hotel-sacher-vienna-4-1-768x512.jpg 768w, https:\/\/loudavymkrokem.cz\/wp-content\/uploads\/2026\/08\/hotel-sacher-vienna-4-1-1536x1025.jpg 1536w, https:\/\/loudavymkrokem.cz\/wp-content\/uploads\/2026\/08\/hotel-sacher-vienna-4-1-696x464.jpg 696w, https:\/\/loudavymkrokem.cz\/wp-content\/uploads\/2026\/08\/hotel-sacher-vienna-4-1-1392x929.jpg 1392w\" sizes=\"(max-width: 1800px) 100vw, 1800px\" \/><button\n\t\t\tclass=\"lightbox-trigger\"\n\t\t\ttype=\"button\"\n\t\t\taria-haspopup=\"dialog\"\n\t\t\tdata-wp-bind--aria-label=\"state.thisImage.triggerButtonAriaLabel\"\n\t\t\tdata-wp-init=\"callbacks.initTriggerButton\"\n\t\t\tdata-wp-on--click=\"actions.showLightbox\"\n\t\t\tdata-wp-style--right=\"state.thisImage.buttonRight\"\n\t\t\tdata-wp-style--top=\"state.thisImage.buttonTop\"\n\t\t>\n\t\t\t<svg xmlns=\"http:\/\/www.w3.org\/2000\/svg\" width=\"12\" height=\"12\" fill=\"none\" viewBox=\"0 0 12 12\">\n\t\t\t\t<path fill=\"#fff\" d=\"M2 0a2 2 0 0 0-2 2v2h1.5V2a.5.5 0 0 1 .5-.5h2V0H2Zm2 10.5H2a.5.5 0 0 1-.5-.5V8H0v2a2 2 0 0 0 2 2h2v-1.5ZM8 12v-1.5h2a.5.5 0 0 0 .5-.5V8H12v2a2 2 0 0 1-2 2H8Zm2-12a2 2 0 0 1 2 2v2h-1.5V2a.5.5 0 0 0-.5-.5H8V0h2Z\" \/>\n\t\t\t<\/svg>\n\t\t<\/button><figcaption class=\"wp-element-caption\">Foto: Hotel Sacher \/ ofici\u00e1ln\u00ed web<\/figcaption><\/figure>\n\n<\/figure>\n\n\n\n<p class=\"wp-block-paragraph\">Dans les avis, les voyageurs appr\u00e9cient par-dessus tout le service personnalis\u00e9 irr\u00e9prochable, les int\u00e9rieurs opulents remplis d&rsquo;antiquit\u00e9s rares et l&rsquo;atmosph\u00e8re unique d&rsquo;antan. Bien entendu, tu peux go\u00fbter la c\u00e9l\u00e8bre Sachertorte originale directement \u00e0 la source, un <strong>plaisir sucr\u00e9 que nous adorons personnellement<\/strong>.<\/p>\n\n\n\n<p class=\"wp-block-paragraph\">Le b\u00e2timent se situe en plein centre historique, donc tu rejoins \u00e0 pied tous les monuments les plus importants en fl\u00e2nant dans de superbes rues. <strong>Les connaisseurs de musique classique appr\u00e9cieront la proximit\u00e9 imm\u00e9diate de l&rsquo;Op\u00e9ra<\/strong>, o\u00f9 ils peuvent revenir le soir apr\u00e8s le spectacle sans avoir \u00e0 composer avec les transports de nuit.<\/p>\n\n\n\n<p class=\"wp-block-paragraph\">\ud83d\udca1 Astuce : choisis cet h\u00f4tel si tu cherches <strong>le nec plus ultra pour un \u00e9v\u00e9nement d&rsquo;exception<\/strong>, comme un anniversaire marquant ou une lune de miel de luxe. Le prix correspond bien s\u00fbr \u00e0 l&rsquo;exclusivit\u00e9, mais le souvenir d&rsquo;un s\u00e9jour dans une institution aussi iconique restera grav\u00e9 \u00e0 vie. <em><a href=\"https:\/\/www.stay22.com\/allez\/roam?aid=lukaskonecny&#038;campaign=loudavymkrokemcz&#038;campaign=kde-bydlet-ve-vidni&#038;hotelname=Hotel%20Sacher%20Vienna&#038;address=V%C3%ADde%C5%88%2C%20Rakousko\" target=\"_blank\" rel=\"nofollow noopener sponsored\">v\u00e9rifier les prix et la disponibilit\u00e9<\/a><\/em><\/p>\n\n\n\n<figure data-wp-context=\"{&quot;imageId&quot;:&quot;6a9c59773f946&quot;}\" data-wp-interactive=\"core\/image\" data-wp-key=\"6a9c59773f946\" class=\"wp-block-image size-full wp-lightbox-container\"><img decoding=\"async\" width=\"569\" height=\"320\" data-wp-class--hide=\"state.isContentHidden\" data-wp-class--show=\"state.isContentVisible\" data-wp-init=\"callbacks.setButtonStyles\" data-wp-on--click=\"actions.showLightbox\" data-wp-on--load=\"callbacks.setButtonStyles\" data-wp-on--pointerdown=\"actions.preloadImage\" data-wp-on--pointerenter=\"actions.preloadImageWithDelay\" data-wp-on--pointerleave=\"actions.cancelPreload\" data-wp-on-window--resize=\"callbacks.setButtonStyles\" src=\"https:\/\/loudavymkrokem.cz\/wp-content\/uploads\/2026\/08\/hotel-imperial-na-v-de-sk-ringstra-e.jpg\" alt=\"Hotel Imperial sur la Ringstra\u00dfe viennoise\" class=\"wp-image-407165\" title=\"\" srcset=\"https:\/\/loudavymkrokem.cz\/wp-content\/uploads\/2026\/08\/hotel-imperial-na-v-de-sk-ringstra-e.jpg 569w, https:\/\/loudavymkrokem.cz\/wp-content\/uploads\/2026\/08\/hotel-imperial-na-v-de-sk-ringstra-e-300x169.jpg 300w\" sizes=\"(max-width: 569px) 100vw, 569px\" \/><button\n\t\t\tclass=\"lightbox-trigger\"\n\t\t\ttype=\"button\"\n\t\t\taria-haspopup=\"dialog\"\n\t\t\tdata-wp-bind--aria-label=\"state.thisImage.triggerButtonAriaLabel\"\n\t\t\tdata-wp-init=\"callbacks.initTriggerButton\"\n\t\t\tdata-wp-on--click=\"actions.showLightbox\"\n\t\t\tdata-wp-style--right=\"state.thisImage.buttonRight\"\n\t\t\tdata-wp-style--top=\"state.thisImage.buttonTop\"\n\t\t>\n\t\t\t<svg xmlns=\"http:\/\/www.w3.org\/2000\/svg\" width=\"12\" height=\"12\" fill=\"none\" viewBox=\"0 0 12 12\">\n\t\t\t\t<path fill=\"#fff\" d=\"M2 0a2 2 0 0 0-2 2v2h1.5V2a.5.5 0 0 1 .5-.5h2V0H2Zm2 10.5H2a.5.5 0 0 1-.5-.5V8H0v2a2 2 0 0 0 2 2h2v-1.5ZM8 12v-1.5h2a.5.5 0 0 0 .5-.5V8H12v2a2 2 0 0 1-2 2H8Zm2-12a2 2 0 0 1 2 2v2h-1.5V2a.5.5 0 0 0-.5-.5H8V0h2Z\" \/>\n\t\t\t<\/svg>\n\t\t<\/button><figcaption class=\"wp-element-caption\">Foto: Hotel Imperial, a Luxury Collection Hotel, Vienna \/ Google Maps<\/figcaption><\/figure>\n\n\n\n<h3 class=\"wp-block-heading\"><span class=\"ez-toc-section\" id=\"2_Hotel_Imperial\"><\/span>2. Hotel Imperial<span class=\"ez-toc-section-end\"><\/span><\/h3>\n\n\n\n<p class=\"wp-block-paragraph\">Cet ancien palais aristocratique saisissant, sur la c\u00e9l\u00e8bre Ringstra\u00dfe, affiche une note tr\u00e8s prestigieuse de <strong>4,7 sur 1 877 avis<\/strong> et figure \u00e0 juste titre parmi ce que la m\u00e9tropole autrichienne offre de plus grandiose. D\u00e8s l&rsquo;entr\u00e9e dans le majestueux hall aux colonnes de marbre et aux immenses lustres en cristal, tu te sentiras comme un membre de la famille imp\u00e9riale.<\/p>\n\n\n\n<p class=\"wp-block-paragraph\">Toutes les chambres sont meubl\u00e9es avec un incroyable souci du d\u00e9tail historique et les murs sont souvent orn\u00e9s de tapisseries de soie luxueuses. Les clients soulignent tr\u00e8s souvent dans les avis <strong>le service haut de gamme du majordome personnel<\/strong>, qui s&rsquo;occupe avec le sourire de chacun de tes moindres souhaits durant tout le s\u00e9jour.<\/p>\n\n\n\n<p class=\"wp-block-paragraph\">Ce b\u00e2timent unique respire l&rsquo;histoire \u00e0 chaque pas, et y s\u00e9journer s&rsquo;apparente davantage \u00e0 la visite d&rsquo;un mus\u00e9e vivant qu&rsquo;\u00e0 un simple h\u00f4tel. <strong>Le service est pouss\u00e9 \u00e0 la perfection absolue<\/strong> et le personnel fait le maximum pour que chaque client se sente vraiment exceptionnel.<\/p>\n\n\n\n<p class=\"wp-block-paragraph\">\ud83d\udca1 Astuce : loge ici si tu aimes vraiment <strong>l&rsquo;histoire riche et l&rsquo;architecture classique des palais<\/strong>. L&rsquo;h\u00f4tel se trouve en plein premier arrondissement, donc les monuments les plus c\u00e9l\u00e8bres ne sont qu&rsquo;\u00e0 quelques pas romantiques dans les magnifiques rues viennoises. <em><a href=\"https:\/\/www.stay22.com\/allez\/roam?aid=lukaskonecny&#038;campaign=loudavymkrokemcz&#038;campaign=kde-bydlet-ve-vidni&#038;hotelname=Hotel%20Imperial&#038;address=V%C3%ADde%C5%88%2C%20Rakousko\" target=\"_blank\" rel=\"nofollow noopener sponsored\">v\u00e9rifier les prix et la disponibilit\u00e9<\/a><\/em><\/p>\n\n\n\n<figure data-wp-context=\"{&quot;imageId&quot;:&quot;6a9c59773fef3&quot;}\" data-wp-interactive=\"core\/image\" data-wp-key=\"6a9c59773fef3\" class=\"wp-block-image size-full wp-lightbox-container\"><img decoding=\"async\" width=\"1600\" height=\"1116\" data-wp-class--hide=\"state.isContentHidden\" data-wp-class--show=\"state.isContentVisible\" data-wp-init=\"callbacks.setButtonStyles\" data-wp-on--click=\"actions.showLightbox\" data-wp-on--load=\"callbacks.setButtonStyles\" data-wp-on--pointerdown=\"actions.preloadImage\" data-wp-on--pointerenter=\"actions.preloadImageWithDelay\" data-wp-on--pointerleave=\"actions.cancelPreload\" data-wp-on-window--resize=\"callbacks.setButtonStyles\" src=\"https:\/\/loudavymkrokem.cz\/wp-content\/uploads\/2026\/08\/park-hyatt-vienna-v-budov-b-val-banky.jpg\" alt=\"Park Hyatt Vienna dans l&#039;ancien b\u00e2timent d&#039;une banque\" class=\"wp-image-407161\" title=\"\" srcset=\"https:\/\/loudavymkrokem.cz\/wp-content\/uploads\/2026\/08\/park-hyatt-vienna-v-budov-b-val-banky.jpg 1600w, https:\/\/loudavymkrokem.cz\/wp-content\/uploads\/2026\/08\/park-hyatt-vienna-v-budov-b-val-banky-300x209.jpg 300w, https:\/\/loudavymkrokem.cz\/wp-content\/uploads\/2026\/08\/park-hyatt-vienna-v-budov-b-val-banky-700x488.jpg 700w, https:\/\/loudavymkrokem.cz\/wp-content\/uploads\/2026\/08\/park-hyatt-vienna-v-budov-b-val-banky-768x536.jpg 768w, https:\/\/loudavymkrokem.cz\/wp-content\/uploads\/2026\/08\/park-hyatt-vienna-v-budov-b-val-banky-1536x1071.jpg 1536w, https:\/\/loudavymkrokem.cz\/wp-content\/uploads\/2026\/08\/park-hyatt-vienna-v-budov-b-val-banky-696x485.jpg 696w, https:\/\/loudavymkrokem.cz\/wp-content\/uploads\/2026\/08\/park-hyatt-vienna-v-budov-b-val-banky-1392x971.jpg 1392w\" sizes=\"(max-width: 1600px) 100vw, 1600px\" \/><button\n\t\t\tclass=\"lightbox-trigger\"\n\t\t\ttype=\"button\"\n\t\t\taria-haspopup=\"dialog\"\n\t\t\tdata-wp-bind--aria-label=\"state.thisImage.triggerButtonAriaLabel\"\n\t\t\tdata-wp-init=\"callbacks.initTriggerButton\"\n\t\t\tdata-wp-on--click=\"actions.showLightbox\"\n\t\t\tdata-wp-style--right=\"state.thisImage.buttonRight\"\n\t\t\tdata-wp-style--top=\"state.thisImage.buttonTop\"\n\t\t>\n\t\t\t<svg xmlns=\"http:\/\/www.w3.org\/2000\/svg\" width=\"12\" height=\"12\" fill=\"none\" viewBox=\"0 0 12 12\">\n\t\t\t\t<path fill=\"#fff\" d=\"M2 0a2 2 0 0 0-2 2v2h1.5V2a.5.5 0 0 1 .5-.5h2V0H2Zm2 10.5H2a.5.5 0 0 1-.5-.5V8H0v2a2 2 0 0 0 2 2h2v-1.5ZM8 12v-1.5h2a.5.5 0 0 0 .5-.5V8H12v2a2 2 0 0 1-2 2H8Zm2-12a2 2 0 0 1 2 2v2h-1.5V2a.5.5 0 0 0-.5-.5H8V0h2Z\" \/>\n\t\t\t<\/svg>\n\t\t<\/button><figcaption class=\"wp-element-caption\">Foto: Park Hyatt Vienna \/ Google Maps<\/figcaption><\/figure>\n\n\n\n<h3 class=\"wp-block-heading\"><span class=\"ez-toc-section\" id=\"3_Park_Hyatt_Vienna\"><\/span>3. Park Hyatt Vienna<span class=\"ez-toc-section-end\"><\/span><\/h3>\n\n\n\n<p class=\"wp-block-paragraph\">Au c\u0153ur m\u00eame du premier arrondissement, dans le b\u00e2timent superbement r\u00e9nov\u00e9 d&rsquo;une ancienne banque, se trouve cet h\u00f4tel de luxe moderne qui conserve une excellente note de <strong>4,7 sur 2 846 avis<\/strong>. Les architectes ont r\u00e9ussi ici \u00e0 marier magistralement la fa\u00e7ade historique prot\u00e9g\u00e9e avec un design int\u00e9rieur tr\u00e8s \u00e9l\u00e9gant et r\u00e9solument contemporain.<\/p>\n\n\n\n<p class=\"wp-block-paragraph\">Le plus grand atout pour les clients est sans conteste la <strong>piscine de quinze m\u00e8tres install\u00e9e dans l&rsquo;ancienne chambre forte g\u00e9ante de la banque<\/strong>, un d\u00e9tail architectural qui, selon les avis, coupe litt\u00e9ralement le souffle. Le spa et la vaste zone bien-\u00eatre font partie des lieux de d\u00e9tente les mieux not\u00e9s de toute la ville.<\/p>\n\n\n\n<p class=\"wp-block-paragraph\">Les voyageurs vantent l&rsquo;espace des chambres et l&rsquo;isolation phonique parfaite des fen\u00eatres, qui garantit un sommeil paisible m\u00eame au c\u0153ur d&rsquo;un centre anim\u00e9. <strong>Les rues alentour regorgent des boutiques de luxe les plus prestigieuses au monde<\/strong>, donc si tu comptes allier d\u00e9couverte de la ville et shopping, tu trouveras difficilement meilleur point de d\u00e9part.<\/p>\n\n\n\n<p class=\"wp-block-paragraph\">\ud83d\udca1 Astuce : ce fantastique h\u00f4tel est id\u00e9al pour les voyageurs qui pr\u00e9f\u00e8rent <strong>une vision plus moderne du luxe<\/strong> aux lourds rideaux et tapis historiques. Il se trouve en plein quartier commer\u00e7ant r\u00e9put\u00e9, donc les passionn\u00e9s de mode seront ici litt\u00e9ralement au septi\u00e8me ciel. <em><a href=\"https:\/\/www.stay22.com\/allez\/roam?aid=lukaskonecny&#038;campaign=loudavymkrokemcz&#038;campaign=kde-bydlet-ve-vidni&#038;hotelname=Park%20Hyatt%20Vienna&#038;address=V%C3%ADde%C5%88%2C%20Rakousko\" target=\"_blank\" rel=\"nofollow noopener sponsored\">v\u00e9rifier les prix et la disponibilit\u00e9<\/a><\/em><\/p>\n\n\n\n<figure data-wp-context=\"{&quot;imageId&quot;:&quot;6a9c597740473&quot;}\" data-wp-interactive=\"core\/image\" data-wp-key=\"6a9c597740473\" class=\"wp-block-image size-full wp-lightbox-container\"><img decoding=\"async\" width=\"1336\" height=\"752\" data-wp-class--hide=\"state.isContentHidden\" data-wp-class--show=\"state.isContentVisible\" data-wp-init=\"callbacks.setButtonStyles\" data-wp-on--click=\"actions.showLightbox\" data-wp-on--load=\"callbacks.setButtonStyles\" data-wp-on--pointerdown=\"actions.preloadImage\" data-wp-on--pointerenter=\"actions.preloadImageWithDelay\" data-wp-on--pointerleave=\"actions.cancelPreload\" data-wp-on-window--resize=\"callbacks.setButtonStyles\" src=\"https:\/\/loudavymkrokem.cz\/wp-content\/uploads\/2026\/08\/the-ritz-carlton-vienna-1.jpg\" alt=\"Entr\u00e9e du The Ritz-Carlton sur le Schubertring\" class=\"wp-image-407090\" title=\"\" srcset=\"https:\/\/loudavymkrokem.cz\/wp-content\/uploads\/2026\/08\/the-ritz-carlton-vienna-1.jpg 1336w, https:\/\/loudavymkrokem.cz\/wp-content\/uploads\/2026\/08\/the-ritz-carlton-vienna-1-300x169.jpg 300w, https:\/\/loudavymkrokem.cz\/wp-content\/uploads\/2026\/08\/the-ritz-carlton-vienna-1-700x394.jpg 700w, https:\/\/loudavymkrokem.cz\/wp-content\/uploads\/2026\/08\/the-ritz-carlton-vienna-1-768x432.jpg 768w, https:\/\/loudavymkrokem.cz\/wp-content\/uploads\/2026\/08\/the-ritz-carlton-vienna-1-696x392.jpg 696w\" sizes=\"(max-width: 1336px) 100vw, 1336px\" \/><button\n\t\t\tclass=\"lightbox-trigger\"\n\t\t\ttype=\"button\"\n\t\t\taria-haspopup=\"dialog\"\n\t\t\tdata-wp-bind--aria-label=\"state.thisImage.triggerButtonAriaLabel\"\n\t\t\tdata-wp-init=\"callbacks.initTriggerButton\"\n\t\t\tdata-wp-on--click=\"actions.showLightbox\"\n\t\t\tdata-wp-style--right=\"state.thisImage.buttonRight\"\n\t\t\tdata-wp-style--top=\"state.thisImage.buttonTop\"\n\t\t>\n\t\t\t<svg xmlns=\"http:\/\/www.w3.org\/2000\/svg\" width=\"12\" height=\"12\" fill=\"none\" viewBox=\"0 0 12 12\">\n\t\t\t\t<path fill=\"#fff\" d=\"M2 0a2 2 0 0 0-2 2v2h1.5V2a.5.5 0 0 1 .5-.5h2V0H2Zm2 10.5H2a.5.5 0 0 1-.5-.5V8H0v2a2 2 0 0 0 2 2h2v-1.5ZM8 12v-1.5h2a.5.5 0 0 0 .5-.5V8H12v2a2 2 0 0 1-2 2H8Zm2-12a2 2 0 0 1 2 2v2h-1.5V2a.5.5 0 0 0-.5-.5H8V0h2Z\" \/>\n\t\t\t<\/svg>\n\t\t<\/button><figcaption class=\"wp-element-caption\">Foto: The Ritz-Carlton Vienna \/ ofici\u00e1ln\u00ed web<\/figcaption><\/figure>\n\n\n\n<h3 class=\"wp-block-heading\"><span class=\"ez-toc-section\" id=\"4_The_Ritz-Carlton_Vienna\"><\/span>4. The Ritz-Carlton Vienna<span class=\"ez-toc-section-end\"><\/span><\/h3>\n\n\n\n<p class=\"wp-block-paragraph\">Quatre palais du XIXe si\u00e8cle m\u00e9ticuleusement restaur\u00e9s forment aujourd&rsquo;hui ce complexe de luxe, avec une excellente note de <strong>4,6 sur 2 624 avis<\/strong>. Il se dresse sur la prestigieuse avenue Schubertring et offre un superbe mariage entre h\u00e9ritage historique et standard de service international de premier ordre.<\/p>\n\n\n\n<figure data-wp-context=\"{&quot;galleryId&quot;:&quot;6a9c597740669&quot;}\" data-wp-interactive=\"core\/gallery\" class=\"wp-block-gallery has-nested-images columns-2 is-cropped wp-block-gallery-is-layout-flex wp-block-gallery-2 is-layout-flex\">\n\n<figure data-wp-context=\"{&quot;imageId&quot;:&quot;6a9c5977409f4&quot;}\" data-wp-interactive=\"core\/image\" data-wp-key=\"6a9c5977409f4\" class=\"wp-block-image size-large wp-lightbox-container\"><img decoding=\"async\" width=\"1800\" height=\"600\" data-wp-class--hide=\"state.isContentHidden\" data-wp-class--show=\"state.isContentVisible\" data-wp-init=\"callbacks.setButtonStyles\" data-wp-on--click=\"actions.showLightbox\" data-wp-on--load=\"callbacks.setButtonStyles\" data-wp-on--pointerdown=\"actions.preloadImage\" data-wp-on--pointerenter=\"actions.preloadImageWithDelay\" data-wp-on--pointerleave=\"actions.cancelPreload\" data-wp-on-window--resize=\"callbacks.setButtonStyles\" data-id=\"407093\" src=\"https:\/\/loudavymkrokem.cz\/wp-content\/uploads\/2026\/08\/the-ritz-carlton-vienna-2.jpg\" alt=\"The Ritz-Carlton Vienna le soir\" class=\"wp-image-407093\" title=\"\" srcset=\"https:\/\/loudavymkrokem.cz\/wp-content\/uploads\/2026\/08\/the-ritz-carlton-vienna-2.jpg 1800w, https:\/\/loudavymkrokem.cz\/wp-content\/uploads\/2026\/08\/the-ritz-carlton-vienna-2-300x100.jpg 300w, https:\/\/loudavymkrokem.cz\/wp-content\/uploads\/2026\/08\/the-ritz-carlton-vienna-2-700x233.jpg 700w, https:\/\/loudavymkrokem.cz\/wp-content\/uploads\/2026\/08\/the-ritz-carlton-vienna-2-768x256.jpg 768w, https:\/\/loudavymkrokem.cz\/wp-content\/uploads\/2026\/08\/the-ritz-carlton-vienna-2-1536x512.jpg 1536w, https:\/\/loudavymkrokem.cz\/wp-content\/uploads\/2026\/08\/the-ritz-carlton-vienna-2-696x232.jpg 696w, https:\/\/loudavymkrokem.cz\/wp-content\/uploads\/2026\/08\/the-ritz-carlton-vienna-2-1392x464.jpg 1392w\" sizes=\"(max-width: 1800px) 100vw, 1800px\" \/><button\n\t\t\tclass=\"lightbox-trigger\"\n\t\t\ttype=\"button\"\n\t\t\taria-haspopup=\"dialog\"\n\t\t\tdata-wp-bind--aria-label=\"state.thisImage.triggerButtonAriaLabel\"\n\t\t\tdata-wp-init=\"callbacks.initTriggerButton\"\n\t\t\tdata-wp-on--click=\"actions.showLightbox\"\n\t\t\tdata-wp-style--right=\"state.thisImage.buttonRight\"\n\t\t\tdata-wp-style--top=\"state.thisImage.buttonTop\"\n\t\t>\n\t\t\t<svg xmlns=\"http:\/\/www.w3.org\/2000\/svg\" width=\"12\" height=\"12\" fill=\"none\" viewBox=\"0 0 12 12\">\n\t\t\t\t<path fill=\"#fff\" d=\"M2 0a2 2 0 0 0-2 2v2h1.5V2a.5.5 0 0 1 .5-.5h2V0H2Zm2 10.5H2a.5.5 0 0 1-.5-.5V8H0v2a2 2 0 0 0 2 2h2v-1.5ZM8 12v-1.5h2a.5.5 0 0 0 .5-.5V8H12v2a2 2 0 0 1-2 2H8Zm2-12a2 2 0 0 1 2 2v2h-1.5V2a.5.5 0 0 0-.5-.5H8V0h2Z\" \/>\n\t\t\t<\/svg>\n\t\t<\/button><figcaption class=\"wp-element-caption\">Foto: The Ritz-Carlton Vienna \/ ofici\u00e1ln\u00ed web<\/figcaption><\/figure>\n\n\n<figure data-wp-context=\"{&quot;imageId&quot;:&quot;6a9c597740d1a&quot;}\" data-wp-interactive=\"core\/image\" data-wp-key=\"6a9c597740d1a\" class=\"wp-block-image size-large wp-lightbox-container\"><img decoding=\"async\" width=\"1800\" height=\"599\" data-wp-class--hide=\"state.isContentHidden\" data-wp-class--show=\"state.isContentVisible\" data-wp-init=\"callbacks.setButtonStyles\" data-wp-on--click=\"actions.showLightbox\" data-wp-on--load=\"callbacks.setButtonStyles\" data-wp-on--pointerdown=\"actions.preloadImage\" data-wp-on--pointerenter=\"actions.preloadImageWithDelay\" data-wp-on--pointerleave=\"actions.cancelPreload\" data-wp-on-window--resize=\"callbacks.setButtonStyles\" data-id=\"407096\" src=\"https:\/\/loudavymkrokem.cz\/wp-content\/uploads\/2026\/08\/the-ritz-carlton-vienna-3.jpg\" alt=\"Suite du The Ritz-Carlton Vienna\" class=\"wp-image-407096\" title=\"\" srcset=\"https:\/\/loudavymkrokem.cz\/wp-content\/uploads\/2026\/08\/the-ritz-carlton-vienna-3.jpg 1800w, https:\/\/loudavymkrokem.cz\/wp-content\/uploads\/2026\/08\/the-ritz-carlton-vienna-3-300x100.jpg 300w, https:\/\/loudavymkrokem.cz\/wp-content\/uploads\/2026\/08\/the-ritz-carlton-vienna-3-700x233.jpg 700w, https:\/\/loudavymkrokem.cz\/wp-content\/uploads\/2026\/08\/the-ritz-carlton-vienna-3-768x256.jpg 768w, https:\/\/loudavymkrokem.cz\/wp-content\/uploads\/2026\/08\/the-ritz-carlton-vienna-3-1536x511.jpg 1536w, https:\/\/loudavymkrokem.cz\/wp-content\/uploads\/2026\/08\/the-ritz-carlton-vienna-3-696x232.jpg 696w, https:\/\/loudavymkrokem.cz\/wp-content\/uploads\/2026\/08\/the-ritz-carlton-vienna-3-1392x463.jpg 1392w\" sizes=\"(max-width: 1800px) 100vw, 1800px\" \/><button\n\t\t\tclass=\"lightbox-trigger\"\n\t\t\ttype=\"button\"\n\t\t\taria-haspopup=\"dialog\"\n\t\t\tdata-wp-bind--aria-label=\"state.thisImage.triggerButtonAriaLabel\"\n\t\t\tdata-wp-init=\"callbacks.initTriggerButton\"\n\t\t\tdata-wp-on--click=\"actions.showLightbox\"\n\t\t\tdata-wp-style--right=\"state.thisImage.buttonRight\"\n\t\t\tdata-wp-style--top=\"state.thisImage.buttonTop\"\n\t\t>\n\t\t\t<svg xmlns=\"http:\/\/www.w3.org\/2000\/svg\" width=\"12\" height=\"12\" fill=\"none\" viewBox=\"0 0 12 12\">\n\t\t\t\t<path fill=\"#fff\" d=\"M2 0a2 2 0 0 0-2 2v2h1.5V2a.5.5 0 0 1 .5-.5h2V0H2Zm2 10.5H2a.5.5 0 0 1-.5-.5V8H0v2a2 2 0 0 0 2 2h2v-1.5ZM8 12v-1.5h2a.5.5 0 0 0 .5-.5V8H12v2a2 2 0 0 1-2 2H8Zm2-12a2 2 0 0 1 2 2v2h-1.5V2a.5.5 0 0 0-.5-.5H8V0h2Z\" \/>\n\t\t\t<\/svg>\n\t\t<\/button><figcaption class=\"wp-element-caption\">Foto: The Ritz-Carlton Vienna \/ ofici\u00e1ln\u00ed web<\/figcaption><\/figure>\n\n\n<figure data-wp-context=\"{&quot;imageId&quot;:&quot;6a9c5977411df&quot;}\" data-wp-interactive=\"core\/image\" data-wp-key=\"6a9c5977411df\" class=\"wp-block-image size-large wp-lightbox-container\"><img decoding=\"async\" width=\"1800\" height=\"599\" data-wp-class--hide=\"state.isContentHidden\" data-wp-class--show=\"state.isContentVisible\" data-wp-init=\"callbacks.setButtonStyles\" data-wp-on--click=\"actions.showLightbox\" data-wp-on--load=\"callbacks.setButtonStyles\" data-wp-on--pointerdown=\"actions.preloadImage\" data-wp-on--pointerenter=\"actions.preloadImageWithDelay\" data-wp-on--pointerleave=\"actions.cancelPreload\" data-wp-on-window--resize=\"callbacks.setButtonStyles\" data-id=\"407100\" src=\"https:\/\/loudavymkrokem.cz\/wp-content\/uploads\/2026\/08\/the-ritz-carlton-vienna-4.jpg\" alt=\"Entr\u00e9e du The Ritz-Carlton sur le Schubertring\" class=\"wp-image-407100\" title=\"\" srcset=\"https:\/\/loudavymkrokem.cz\/wp-content\/uploads\/2026\/08\/the-ritz-carlton-vienna-4.jpg 1800w, https:\/\/loudavymkrokem.cz\/wp-content\/uploads\/2026\/08\/the-ritz-carlton-vienna-4-300x100.jpg 300w, https:\/\/loudavymkrokem.cz\/wp-content\/uploads\/2026\/08\/the-ritz-carlton-vienna-4-700x233.jpg 700w, https:\/\/loudavymkrokem.cz\/wp-content\/uploads\/2026\/08\/the-ritz-carlton-vienna-4-768x256.jpg 768w, https:\/\/loudavymkrokem.cz\/wp-content\/uploads\/2026\/08\/the-ritz-carlton-vienna-4-1536x511.jpg 1536w, https:\/\/loudavymkrokem.cz\/wp-content\/uploads\/2026\/08\/the-ritz-carlton-vienna-4-696x232.jpg 696w, https:\/\/loudavymkrokem.cz\/wp-content\/uploads\/2026\/08\/the-ritz-carlton-vienna-4-1392x463.jpg 1392w\" sizes=\"(max-width: 1800px) 100vw, 1800px\" \/><button\n\t\t\tclass=\"lightbox-trigger\"\n\t\t\ttype=\"button\"\n\t\t\taria-haspopup=\"dialog\"\n\t\t\tdata-wp-bind--aria-label=\"state.thisImage.triggerButtonAriaLabel\"\n\t\t\tdata-wp-init=\"callbacks.initTriggerButton\"\n\t\t\tdata-wp-on--click=\"actions.showLightbox\"\n\t\t\tdata-wp-style--right=\"state.thisImage.buttonRight\"\n\t\t\tdata-wp-style--top=\"state.thisImage.buttonTop\"\n\t\t>\n\t\t\t<svg xmlns=\"http:\/\/www.w3.org\/2000\/svg\" width=\"12\" height=\"12\" fill=\"none\" viewBox=\"0 0 12 12\">\n\t\t\t\t<path fill=\"#fff\" d=\"M2 0a2 2 0 0 0-2 2v2h1.5V2a.5.5 0 0 1 .5-.5h2V0H2Zm2 10.5H2a.5.5 0 0 1-.5-.5V8H0v2a2 2 0 0 0 2 2h2v-1.5ZM8 12v-1.5h2a.5.5 0 0 0 .5-.5V8H12v2a2 2 0 0 1-2 2H8Zm2-12a2 2 0 0 1 2 2v2h-1.5V2a.5.5 0 0 0-.5-.5H8V0h2Z\" \/>\n\t\t\t<\/svg>\n\t\t<\/button><figcaption class=\"wp-element-caption\">Foto: The Ritz-Carlton Vienna \/ ofici\u00e1ln\u00ed web<\/figcaption><\/figure>\n\n<\/figure>\n\n\n\n<p class=\"wp-block-paragraph\">Dans les avis, les clients vantent \u00e9norm\u00e9ment les chambres particuli\u00e8rement spacieuses, l&rsquo;isolation phonique parfaite et surtout <strong>des lits tr\u00e8s confortables qui garantissent le meilleur repos possible<\/strong>. Selon les voyageurs, le personnel est toujours d&rsquo;une discr\u00e9tion et d&rsquo;un professionnalisme absolus en toute situation.<\/p>\n\n\n\n<p class=\"wp-block-paragraph\">Mais la v\u00e9ritable sensation de cet \u00e9tablissement, c&rsquo;est son <strong>bar sur le toit au style \u00e9l\u00e9gant avec une vue panoramique sur toute la ville<\/strong>, que les visiteurs d\u00e9crivent comme l&rsquo;endroit parfait pour un verre du soir au moment d&rsquo;un coucher de soleil romantique sur les toits viennois. L&rsquo;exp\u00e9rience de ce lieu fait partie des points positifs les plus souvent cit\u00e9s.<\/p>\n\n\n\n<p class=\"wp-block-paragraph\">\ud83d\udca1 Astuce : si tu cherches en voyage <strong>la combinaison parfaite entre service haut de gamme et vues \u00e0 couper le souffle<\/strong>, c&rsquo;est le bon choix. L&rsquo;excellente position centrale te permet d&rsquo;explorer le c\u0153ur de la ville \u00e0 pied, puis de te d\u00e9tendre le soir dans un luxe absolu. <em><a href=\"https:\/\/www.stay22.com\/allez\/roam?aid=lukaskonecny&#038;campaign=loudavymkrokemcz&#038;campaign=kde-bydlet-ve-vidni&#038;hotelname=The%20Ritz-Carlton%20Vienna&#038;address=V%C3%ADde%C5%88%2C%20Rakousko\" target=\"_blank\" rel=\"nofollow noopener sponsored\">v\u00e9rifier les prix et la disponibilit\u00e9<\/a><\/em><\/p>\n\n\n\n<figure data-wp-context=\"{&quot;imageId&quot;:&quot;6a9c5977417d5&quot;}\" data-wp-interactive=\"core\/image\" data-wp-key=\"6a9c5977417d5\" class=\"wp-block-image size-full wp-lightbox-container\"><img decoding=\"async\" width=\"480\" height=\"320\" data-wp-class--hide=\"state.isContentHidden\" data-wp-class--show=\"state.isContentVisible\" data-wp-init=\"callbacks.setButtonStyles\" data-wp-on--click=\"actions.showLightbox\" data-wp-on--load=\"callbacks.setButtonStyles\" data-wp-on--pointerdown=\"actions.preloadImage\" data-wp-on--pointerenter=\"actions.preloadImageWithDelay\" data-wp-on--pointerleave=\"actions.cancelPreload\" data-wp-on-window--resize=\"callbacks.setButtonStyles\" src=\"https:\/\/loudavymkrokem.cz\/wp-content\/uploads\/2026\/08\/hotel-bristol-naproti-st-tn-ope-e.jpg\" alt=\"Hotel Bristol face \u00e0 l&#039;Op\u00e9ra national\" class=\"wp-image-407158\" title=\"\" srcset=\"https:\/\/loudavymkrokem.cz\/wp-content\/uploads\/2026\/08\/hotel-bristol-naproti-st-tn-ope-e.jpg 480w, https:\/\/loudavymkrokem.cz\/wp-content\/uploads\/2026\/08\/hotel-bristol-naproti-st-tn-ope-e-300x200.jpg 300w\" sizes=\"(max-width: 480px) 100vw, 480px\" \/><button\n\t\t\tclass=\"lightbox-trigger\"\n\t\t\ttype=\"button\"\n\t\t\taria-haspopup=\"dialog\"\n\t\t\tdata-wp-bind--aria-label=\"state.thisImage.triggerButtonAriaLabel\"\n\t\t\tdata-wp-init=\"callbacks.initTriggerButton\"\n\t\t\tdata-wp-on--click=\"actions.showLightbox\"\n\t\t\tdata-wp-style--right=\"state.thisImage.buttonRight\"\n\t\t\tdata-wp-style--top=\"state.thisImage.buttonTop\"\n\t\t>\n\t\t\t<svg xmlns=\"http:\/\/www.w3.org\/2000\/svg\" width=\"12\" height=\"12\" fill=\"none\" viewBox=\"0 0 12 12\">\n\t\t\t\t<path fill=\"#fff\" d=\"M2 0a2 2 0 0 0-2 2v2h1.5V2a.5.5 0 0 1 .5-.5h2V0H2Zm2 10.5H2a.5.5 0 0 1-.5-.5V8H0v2a2 2 0 0 0 2 2h2v-1.5ZM8 12v-1.5h2a.5.5 0 0 0 .5-.5V8H12v2a2 2 0 0 1-2 2H8Zm2-12a2 2 0 0 1 2 2v2h-1.5V2a.5.5 0 0 0-.5-.5H8V0h2Z\" \/>\n\t\t\t<\/svg>\n\t\t<\/button><figcaption class=\"wp-element-caption\">Foto: Hotel Bristol, a Luxury Collection Hotel, Vienna \/ Google Maps<\/figcaption><\/figure>\n\n\n\n<h3 class=\"wp-block-heading\"><span class=\"ez-toc-section\" id=\"5_Hotel_Bristol\"><\/span>5. Hotel Bristol<span class=\"ez-toc-section-end\"><\/span><\/h3>\n\n\n\n<p class=\"wp-block-paragraph\">Ce magnifique b\u00e2timent historique, avec une note tr\u00e8s solide de <strong>4,6 sur 1 104 avis<\/strong>, se dresse juste en face de l&rsquo;Op\u00e9ra national, ce qui lui conf\u00e8re d&#8217;embl\u00e9e un prestige incroyable. Ses int\u00e9rieurs d\u00e9clin\u00e9s dans un superbe style Art d\u00e9co respirent l&rsquo;\u00e9l\u00e9gance de la premi\u00e8re moiti\u00e9 du XXe si\u00e8cle et conservent leur charme d&rsquo;origine.<\/p>\n\n\n\n<p class=\"wp-block-paragraph\">Dans les avis, les clients mettent surtout en avant <strong>la vue unique de certaines chambres donnant directement sur le grandiose b\u00e2timent de l&rsquo;Op\u00e9ra<\/strong>, une exp\u00e9rience culturelle qu&rsquo;un h\u00f4tel viennois ordinaire ne t&rsquo;offrira tout simplement pas. L&rsquo;ambiance du soir dans ces chambres serait absolument in\u00e9galable.<\/p>\n\n\n\n<p class=\"wp-block-paragraph\">Le personnel serait extr\u00eamement courtois, serviable et toujours pr\u00eat \u00e0 aider pour la r\u00e9servation de billets ou le choix d&rsquo;un bon restaurant. <strong>Le restaurant et le bar \u00e9l\u00e9gant de l&rsquo;h\u00f4tel jouissent en plus d&rsquo;une excellente r\u00e9putation<\/strong> m\u00eame aupr\u00e8s des Viennois, qui aiment y venir prendre le caf\u00e9 l&rsquo;apr\u00e8s-midi.<\/p>\n\n\n\n<p class=\"wp-block-paragraph\">\ud83d\udca1 Astuce : r\u00e9serve une chambre ici si le point fort de ton programme est <strong>une repr\u00e9sentation d&rsquo;op\u00e9ra ou un concert de musique classique<\/strong>. La position m\u00eame du b\u00e2timent ne peut, par la force des choses, pas \u00eatre meilleure pour cela. <em><a href=\"https:\/\/www.stay22.com\/allez\/roam?aid=lukaskonecny&#038;campaign=loudavymkrokemcz&#038;campaign=kde-bydlet-ve-vidni&#038;hotelname=Hotel%20Bristol&#038;address=V%C3%ADde%C5%88%2C%20Rakousko\" target=\"_blank\" rel=\"nofollow noopener sponsored\">v\u00e9rifier les prix et la disponibilit\u00e9<\/a><\/em><\/p>\n\n\n\n<figure data-wp-context=\"{&quot;imageId&quot;:&quot;6a9c597741d12&quot;}\" data-wp-interactive=\"core\/image\" data-wp-key=\"6a9c597741d12\" class=\"wp-block-image size-full wp-lightbox-container\"><img decoding=\"async\" width=\"1800\" height=\"1200\" data-wp-class--hide=\"state.isContentHidden\" data-wp-class--show=\"state.isContentVisible\" data-wp-init=\"callbacks.setButtonStyles\" data-wp-on--click=\"actions.showLightbox\" data-wp-on--load=\"callbacks.setButtonStyles\" data-wp-on--pointerdown=\"actions.preloadImage\" data-wp-on--pointerenter=\"actions.preloadImageWithDelay\" data-wp-on--pointerleave=\"actions.cancelPreload\" data-wp-on-window--resize=\"callbacks.setButtonStyles\" src=\"https:\/\/loudavymkrokem.cz\/wp-content\/uploads\/2026\/08\/rosewood-vienna-1.jpg\" alt=\"Fa\u00e7ade historique de l&#039;h\u00f4tel Rosewood Vienna\" class=\"wp-image-407087\" title=\"\" srcset=\"https:\/\/loudavymkrokem.cz\/wp-content\/uploads\/2026\/08\/rosewood-vienna-1.jpg 1800w, https:\/\/loudavymkrokem.cz\/wp-content\/uploads\/2026\/08\/rosewood-vienna-1-300x200.jpg 300w, https:\/\/loudavymkrokem.cz\/wp-content\/uploads\/2026\/08\/rosewood-vienna-1-700x467.jpg 700w, https:\/\/loudavymkrokem.cz\/wp-content\/uploads\/2026\/08\/rosewood-vienna-1-768x512.jpg 768w, https:\/\/loudavymkrokem.cz\/wp-content\/uploads\/2026\/08\/rosewood-vienna-1-1536x1024.jpg 1536w, https:\/\/loudavymkrokem.cz\/wp-content\/uploads\/2026\/08\/rosewood-vienna-1-696x464.jpg 696w, https:\/\/loudavymkrokem.cz\/wp-content\/uploads\/2026\/08\/rosewood-vienna-1-1392x928.jpg 1392w\" sizes=\"(max-width: 1800px) 100vw, 1800px\" \/><button\n\t\t\tclass=\"lightbox-trigger\"\n\t\t\ttype=\"button\"\n\t\t\taria-haspopup=\"dialog\"\n\t\t\tdata-wp-bind--aria-label=\"state.thisImage.triggerButtonAriaLabel\"\n\t\t\tdata-wp-init=\"callbacks.initTriggerButton\"\n\t\t\tdata-wp-on--click=\"actions.showLightbox\"\n\t\t\tdata-wp-style--right=\"state.thisImage.buttonRight\"\n\t\t\tdata-wp-style--top=\"state.thisImage.buttonTop\"\n\t\t>\n\t\t\t<svg xmlns=\"http:\/\/www.w3.org\/2000\/svg\" width=\"12\" height=\"12\" fill=\"none\" viewBox=\"0 0 12 12\">\n\t\t\t\t<path fill=\"#fff\" d=\"M2 0a2 2 0 0 0-2 2v2h1.5V2a.5.5 0 0 1 .5-.5h2V0H2Zm2 10.5H2a.5.5 0 0 1-.5-.5V8H0v2a2 2 0 0 0 2 2h2v-1.5ZM8 12v-1.5h2a.5.5 0 0 0 .5-.5V8H12v2a2 2 0 0 1-2 2H8Zm2-12a2 2 0 0 1 2 2v2h-1.5V2a.5.5 0 0 0-.5-.5H8V0h2Z\" \/>\n\t\t\t<\/svg>\n\t\t<\/button><figcaption class=\"wp-element-caption\">Foto: Rosewood Vienna \/ ofici\u00e1ln\u00ed web<\/figcaption><\/figure>\n\n\n\n<h3 class=\"wp-block-heading\"><span class=\"ez-toc-section\" id=\"6_Rosewood_Vienna\"><\/span>6. Rosewood Vienna<span class=\"ez-toc-section-end\"><\/span><\/h3>\n\n\n\n<p class=\"wp-block-paragraph\">En tant que l&rsquo;un des tout derniers venus sur la sc\u00e8ne du luxe viennois, cet h\u00f4tel a rapidement conquis le c\u0153ur des clients et affiche une belle note de <strong>4,6 sur 513 avis<\/strong>. Il se trouve sur la pittoresque place Petersplatz, \u00e0 quelques dizaines de m\u00e8tres seulement de la c\u00e9l\u00e8bre rue commer\u00e7ante Graben, et propose une atmosph\u00e8re tr\u00e8s intime et boutique.<\/p>\n\n\n\n<p class=\"wp-block-paragraph\">Les designers exp\u00e9riment\u00e9s ont sciemment mis\u00e9 ici sur la l\u00e9g\u00e8ret\u00e9, les couleurs pastel claires et l&rsquo;art moderne omnipr\u00e9sent. Ils ont ainsi cr\u00e9\u00e9 <strong>un contraste tr\u00e8s frais et agr\u00e9able avec les h\u00f4tels viennois traditionnels aux tons sombres<\/strong>, qui peuvent parfois sembler un peu lourds. Cette approche s\u00e9duit surtout la jeune g\u00e9n\u00e9ration de voyageurs.<\/p>\n\n\n\n<p class=\"wp-block-paragraph\">Dans leurs avis, des clients du monde entier appr\u00e9cient surtout <strong>le silence total et l&rsquo;intimit\u00e9 parfaite<\/strong> que l&rsquo;h\u00f4tel offre \u00e9tonnamment malgr\u00e9 sa position au c\u0153ur battant de la m\u00e9tropole. Un excellent restaurant avec terrasse d&rsquo;\u00e9t\u00e9 est \u00e9galement \u00e0 disposition.<\/p>\n\n\n\n<p class=\"wp-block-paragraph\">\ud83d\udca1 Astuce : c&rsquo;est l&rsquo;endroit parfait pour les voyageurs qui exigent en vacances <strong>les \u00e9quipements les plus modernes et un design clair irr\u00e9prochable<\/strong> combin\u00e9s \u00e0 l&rsquo;atmosph\u00e8re intime et calme d&rsquo;un petit \u00e9tablissement de luxe. <em><a href=\"https:\/\/www.stay22.com\/allez\/roam?aid=lukaskonecny&#038;campaign=loudavymkrokemcz&#038;campaign=kde-bydlet-ve-vidni&#038;hotelname=Rosewood%20Vienna&#038;address=V%C3%ADde%C5%88%2C%20Rakousko\" target=\"_blank\" rel=\"nofollow noopener sponsored\">v\u00e9rifier les prix et la disponibilit\u00e9<\/a><\/em><\/p>\n\n\n\n<figure data-wp-context=\"{&quot;imageId&quot;:&quot;6a9c59774233a&quot;}\" data-wp-interactive=\"core\/image\" data-wp-key=\"6a9c59774233a\" class=\"wp-block-image size-full wp-lightbox-container\"><img decoding=\"async\" width=\"1600\" height=\"1066\" data-wp-class--hide=\"state.isContentHidden\" data-wp-class--show=\"state.isContentVisible\" data-wp-init=\"callbacks.setButtonStyles\" data-wp-on--click=\"actions.showLightbox\" data-wp-on--load=\"callbacks.setButtonStyles\" data-wp-on--pointerdown=\"actions.preloadImage\" data-wp-on--pointerenter=\"actions.preloadImageWithDelay\" data-wp-on--pointerleave=\"actions.cancelPreload\" data-wp-on-window--resize=\"callbacks.setButtonStyles\" src=\"https:\/\/loudavymkrokem.cz\/wp-content\/uploads\/2026\/08\/eurostars-grand-hotel-na-k-rntner-ringu.jpg\" alt=\"Eurostars Grand Hotel sur le K\u00e4rntner Ring\" class=\"wp-image-407141\" title=\"\" srcset=\"https:\/\/loudavymkrokem.cz\/wp-content\/uploads\/2026\/08\/eurostars-grand-hotel-na-k-rntner-ringu.jpg 1600w, https:\/\/loudavymkrokem.cz\/wp-content\/uploads\/2026\/08\/eurostars-grand-hotel-na-k-rntner-ringu-300x200.jpg 300w, https:\/\/loudavymkrokem.cz\/wp-content\/uploads\/2026\/08\/eurostars-grand-hotel-na-k-rntner-ringu-700x466.jpg 700w, https:\/\/loudavymkrokem.cz\/wp-content\/uploads\/2026\/08\/eurostars-grand-hotel-na-k-rntner-ringu-768x512.jpg 768w, https:\/\/loudavymkrokem.cz\/wp-content\/uploads\/2026\/08\/eurostars-grand-hotel-na-k-rntner-ringu-1536x1023.jpg 1536w, https:\/\/loudavymkrokem.cz\/wp-content\/uploads\/2026\/08\/eurostars-grand-hotel-na-k-rntner-ringu-696x464.jpg 696w, https:\/\/loudavymkrokem.cz\/wp-content\/uploads\/2026\/08\/eurostars-grand-hotel-na-k-rntner-ringu-1392x927.jpg 1392w\" sizes=\"(max-width: 1600px) 100vw, 1600px\" \/><button\n\t\t\tclass=\"lightbox-trigger\"\n\t\t\ttype=\"button\"\n\t\t\taria-haspopup=\"dialog\"\n\t\t\tdata-wp-bind--aria-label=\"state.thisImage.triggerButtonAriaLabel\"\n\t\t\tdata-wp-init=\"callbacks.initTriggerButton\"\n\t\t\tdata-wp-on--click=\"actions.showLightbox\"\n\t\t\tdata-wp-style--right=\"state.thisImage.buttonRight\"\n\t\t\tdata-wp-style--top=\"state.thisImage.buttonTop\"\n\t\t>\n\t\t\t<svg xmlns=\"http:\/\/www.w3.org\/2000\/svg\" width=\"12\" height=\"12\" fill=\"none\" viewBox=\"0 0 12 12\">\n\t\t\t\t<path fill=\"#fff\" d=\"M2 0a2 2 0 0 0-2 2v2h1.5V2a.5.5 0 0 1 .5-.5h2V0H2Zm2 10.5H2a.5.5 0 0 1-.5-.5V8H0v2a2 2 0 0 0 2 2h2v-1.5ZM8 12v-1.5h2a.5.5 0 0 0 .5-.5V8H12v2a2 2 0 0 1-2 2H8Zm2-12a2 2 0 0 1 2 2v2h-1.5V2a.5.5 0 0 0-.5-.5H8V0h2Z\" \/>\n\t\t\t<\/svg>\n\t\t<\/button><figcaption class=\"wp-element-caption\">Foto: Eurostars Grand Hotel Wien \/ Google Maps<\/figcaption><\/figure>\n\n\n\n<h3 class=\"wp-block-heading\"><span class=\"ez-toc-section\" id=\"7_Eurostars_Grand_Hotel_Wien\"><\/span>7. Eurostars Grand Hotel Wien<span class=\"ez-toc-section-end\"><\/span><\/h3>\n\n\n\n<p class=\"wp-block-paragraph\">Cet h\u00f4tel tr\u00e8s appr\u00e9ci\u00e9, sur la prestigieuse K\u00e4rntner Ring, atteint une excellente note de <strong>4,6 sur 1 986 avis<\/strong> et propose le style viennois classique \u00e0 un tarif un peu plus accessible que les ic\u00f4nes palatiales les plus c\u00e9l\u00e8bres. Le b\u00e2timent combine tr\u00e8s intelligemment un charme historique pr\u00e9serv\u00e9 et tout le confort moderne recherch\u00e9.<\/p>\n\n\n\n<p class=\"wp-block-paragraph\">Dans les avis, les voyageurs vantent souvent <strong>les petits d\u00e9jeuners buffet extr\u00eamement copieux et des salles de bain \u00e9tonnamment spacieuses<\/strong>, ce qui est souvent un vrai probl\u00e8me dans les b\u00e2timents historiques du centre de Vienne. Ici, en revanche, tu ne te plaindras certainement pas d&rsquo;un manque d&rsquo;espace.<\/p>\n\n\n\n<p class=\"wp-block-paragraph\">Un \u00e9norme avantage logistique r\u00e9side aussi dans la proximit\u00e9 imm\u00e9diate de la station de m\u00e9tro Karlsplatz. <strong>Ce grand n\u0153ud de transport t&rsquo;assure une liaison rapide et pratique<\/strong> vers absolument tous les coins de la ville, y compris un trajet direct vers le ch\u00e2teau de Sch\u00f6nbrunn.<\/p>\n\n\n\n<p class=\"wp-block-paragraph\">\ud83d\udca1 Astuce : si tu veux \u00e0 tout prix loger sur le prestigieux Ring, mais que tu n&rsquo;as pas besoin des services on\u00e9reux d&rsquo;un majordome personnel, cet h\u00f4tel t&rsquo;offre <strong>un excellent compromis raisonnable entre vrai luxe et prix acceptable<\/strong>. <em><a href=\"https:\/\/www.stay22.com\/allez\/roam?aid=lukaskonecny&#038;campaign=loudavymkrokemcz&#038;campaign=kde-bydlet-ve-vidni&#038;hotelname=Eurostars%20Grand%20Hotel%20Wien&#038;address=V%C3%ADde%C5%88%2C%20Rakousko\" target=\"_blank\" rel=\"nofollow noopener sponsored\">v\u00e9rifier les prix et la disponibilit\u00e9<\/a><\/em><\/p>\n\n\n\n<figure data-wp-context=\"{&quot;imageId&quot;:&quot;6a9c5977427e8&quot;}\" data-wp-interactive=\"core\/image\" data-wp-key=\"6a9c5977427e8\" class=\"wp-block-image size-full wp-lightbox-container\"><img decoding=\"async\" width=\"1800\" height=\"1199\" data-wp-class--hide=\"state.isContentHidden\" data-wp-class--show=\"state.isContentVisible\" data-wp-init=\"callbacks.setButtonStyles\" data-wp-on--click=\"actions.showLightbox\" data-wp-on--load=\"callbacks.setButtonStyles\" data-wp-on--pointerdown=\"actions.preloadImage\" data-wp-on--pointerenter=\"actions.preloadImageWithDelay\" data-wp-on--pointerleave=\"actions.cancelPreload\" data-wp-on-window--resize=\"callbacks.setButtonStyles\" src=\"https:\/\/loudavymkrokem.cz\/wp-content\/uploads\/2026\/08\/hotel-kaiserhof-wien-1.jpg\" alt=\"Chambre de l&#039;Hotel Kaiserhof Wien\" class=\"wp-image-407082\" title=\"\" srcset=\"https:\/\/loudavymkrokem.cz\/wp-content\/uploads\/2026\/08\/hotel-kaiserhof-wien-1.jpg 1800w, https:\/\/loudavymkrokem.cz\/wp-content\/uploads\/2026\/08\/hotel-kaiserhof-wien-1-300x200.jpg 300w, https:\/\/loudavymkrokem.cz\/wp-content\/uploads\/2026\/08\/hotel-kaiserhof-wien-1-700x466.jpg 700w, https:\/\/loudavymkrokem.cz\/wp-content\/uploads\/2026\/08\/hotel-kaiserhof-wien-1-768x512.jpg 768w, https:\/\/loudavymkrokem.cz\/wp-content\/uploads\/2026\/08\/hotel-kaiserhof-wien-1-1536x1023.jpg 1536w, https:\/\/loudavymkrokem.cz\/wp-content\/uploads\/2026\/08\/hotel-kaiserhof-wien-1-696x464.jpg 696w, https:\/\/loudavymkrokem.cz\/wp-content\/uploads\/2026\/08\/hotel-kaiserhof-wien-1-1392x927.jpg 1392w\" sizes=\"(max-width: 1800px) 100vw, 1800px\" \/><button\n\t\t\tclass=\"lightbox-trigger\"\n\t\t\ttype=\"button\"\n\t\t\taria-haspopup=\"dialog\"\n\t\t\tdata-wp-bind--aria-label=\"state.thisImage.triggerButtonAriaLabel\"\n\t\t\tdata-wp-init=\"callbacks.initTriggerButton\"\n\t\t\tdata-wp-on--click=\"actions.showLightbox\"\n\t\t\tdata-wp-style--right=\"state.thisImage.buttonRight\"\n\t\t\tdata-wp-style--top=\"state.thisImage.buttonTop\"\n\t\t>\n\t\t\t<svg xmlns=\"http:\/\/www.w3.org\/2000\/svg\" width=\"12\" height=\"12\" fill=\"none\" viewBox=\"0 0 12 12\">\n\t\t\t\t<path fill=\"#fff\" d=\"M2 0a2 2 0 0 0-2 2v2h1.5V2a.5.5 0 0 1 .5-.5h2V0H2Zm2 10.5H2a.5.5 0 0 1-.5-.5V8H0v2a2 2 0 0 0 2 2h2v-1.5ZM8 12v-1.5h2a.5.5 0 0 0 .5-.5V8H12v2a2 2 0 0 1-2 2H8Zm2-12a2 2 0 0 1 2 2v2h-1.5V2a.5.5 0 0 0-.5-.5H8V0h2Z\" \/>\n\t\t\t<\/svg>\n\t\t<\/button><figcaption class=\"wp-element-caption\">Foto: Hotel Kaiserhof Wien \/ ofici\u00e1ln\u00ed web<\/figcaption><\/figure>\n\n\n\n<h3 class=\"wp-block-heading\"><span class=\"ez-toc-section\" id=\"8_HOTEL_KAISERHOF_WIEN\"><\/span>8. HOTEL KAISERHOF WIEN<span class=\"ez-toc-section-end\"><\/span><\/h3>\n\n\n\n<p class=\"wp-block-paragraph\">Avec une note absolument fantastique et rarissime de <strong>4,8 sur 1 364 avis, c&rsquo;est l&rsquo;h\u00f4tel le mieux not\u00e9 de toute notre vaste s\u00e9lection<\/strong>. Cet h\u00f4tel boutique familial et traditionnel se trouve pr\u00e8s de l&rsquo;anim\u00e9e Karlsplatz et s\u00e9duit les clients avant tout par l&rsquo;approche incroyablement chaleureuse et personnelle de tout son personnel.<\/p>\n\n\n\n<figure data-wp-context=\"{&quot;galleryId&quot;:&quot;6a9c59774297a&quot;}\" data-wp-interactive=\"core\/gallery\" class=\"wp-block-gallery has-nested-images columns-2 is-cropped wp-block-gallery-is-layout-flex wp-block-gallery-3 is-layout-flex\">\n\n<figure data-wp-context=\"{&quot;imageId&quot;:&quot;6a9c597742c3d&quot;}\" data-wp-interactive=\"core\/image\" data-wp-key=\"6a9c597742c3d\" class=\"wp-block-image size-large wp-lightbox-container\"><img decoding=\"async\" width=\"1800\" height=\"1199\" data-wp-class--hide=\"state.isContentHidden\" data-wp-class--show=\"state.isContentVisible\" data-wp-init=\"callbacks.setButtonStyles\" data-wp-on--click=\"actions.showLightbox\" data-wp-on--load=\"callbacks.setButtonStyles\" data-wp-on--pointerdown=\"actions.preloadImage\" data-wp-on--pointerenter=\"actions.preloadImageWithDelay\" data-wp-on--pointerleave=\"actions.cancelPreload\" data-wp-on-window--resize=\"callbacks.setButtonStyles\" data-id=\"407085\" src=\"https:\/\/loudavymkrokem.cz\/wp-content\/uploads\/2026\/08\/hotel-kaiserhof-wien-2.jpg\" alt=\"Int\u00e9rieur de l&#039;Hotel Kaiserhof Wien\" class=\"wp-image-407085\" title=\"\" srcset=\"https:\/\/loudavymkrokem.cz\/wp-content\/uploads\/2026\/08\/hotel-kaiserhof-wien-2.jpg 1800w, https:\/\/loudavymkrokem.cz\/wp-content\/uploads\/2026\/08\/hotel-kaiserhof-wien-2-300x200.jpg 300w, https:\/\/loudavymkrokem.cz\/wp-content\/uploads\/2026\/08\/hotel-kaiserhof-wien-2-700x466.jpg 700w, https:\/\/loudavymkrokem.cz\/wp-content\/uploads\/2026\/08\/hotel-kaiserhof-wien-2-768x512.jpg 768w, https:\/\/loudavymkrokem.cz\/wp-content\/uploads\/2026\/08\/hotel-kaiserhof-wien-2-1536x1023.jpg 1536w, https:\/\/loudavymkrokem.cz\/wp-content\/uploads\/2026\/08\/hotel-kaiserhof-wien-2-696x464.jpg 696w, https:\/\/loudavymkrokem.cz\/wp-content\/uploads\/2026\/08\/hotel-kaiserhof-wien-2-1392x927.jpg 1392w\" sizes=\"(max-width: 1800px) 100vw, 1800px\" \/><button\n\t\t\tclass=\"lightbox-trigger\"\n\t\t\ttype=\"button\"\n\t\t\taria-haspopup=\"dialog\"\n\t\t\tdata-wp-bind--aria-label=\"state.thisImage.triggerButtonAriaLabel\"\n\t\t\tdata-wp-init=\"callbacks.initTriggerButton\"\n\t\t\tdata-wp-on--click=\"actions.showLightbox\"\n\t\t\tdata-wp-style--right=\"state.thisImage.buttonRight\"\n\t\t\tdata-wp-style--top=\"state.thisImage.buttonTop\"\n\t\t>\n\t\t\t<svg xmlns=\"http:\/\/www.w3.org\/2000\/svg\" width=\"12\" height=\"12\" fill=\"none\" viewBox=\"0 0 12 12\">\n\t\t\t\t<path fill=\"#fff\" d=\"M2 0a2 2 0 0 0-2 2v2h1.5V2a.5.5 0 0 1 .5-.5h2V0H2Zm2 10.5H2a.5.5 0 0 1-.5-.5V8H0v2a2 2 0 0 0 2 2h2v-1.5ZM8 12v-1.5h2a.5.5 0 0 0 .5-.5V8H12v2a2 2 0 0 1-2 2H8Zm2-12a2 2 0 0 1 2 2v2h-1.5V2a.5.5 0 0 0-.5-.5H8V0h2Z\" \/>\n\t\t\t<\/svg>\n\t\t<\/button><figcaption class=\"wp-element-caption\">Foto: Hotel Kaiserhof Wien \/ ofici\u00e1ln\u00ed web<\/figcaption><\/figure>\n\n<\/figure>\n\n\n\n<p class=\"wp-block-paragraph\">Dans les avis enthousiastes reviennent sans cesse les \u00e9loges sur les fameux petits d\u00e9jeuners du matin, la propret\u00e9 impeccable de tous les espaces et l&rsquo;am\u00e9nagement tr\u00e8s douillet des chambres, qui m\u00ealent avec naturel tradition et \u00e9l\u00e9ments modernes. <strong>Ici, chaque d\u00e9tail est soigneusement pens\u00e9 pour le confort maximal du client<\/strong>.<\/p>\n\n\n\n<p class=\"wp-block-paragraph\">L&#8217;emplacement est tr\u00e8s calme, mais se trouve pourtant <strong>\u00e0 seulement quelques minutes de marche agr\u00e9able de l&rsquo;Op\u00e9ra<\/strong> et du centre historique. Les visiteurs disposent aussi d&rsquo;un agr\u00e9able centre de bien-\u00eatre, bien utile apr\u00e8s une longue journ\u00e9e \u00e0 arpenter la ville.<\/p>\n\n\n\n<p class=\"wp-block-paragraph\">\ud83d\udca1 Astuce : c&rsquo;est le choix absolument id\u00e9al pour les voyageurs qui pr\u00e9f\u00e8rent <strong>une atmosph\u00e8re familiale et une approche personnelle<\/strong> \u00e0 l&rsquo;anonymat froid des grandes cha\u00eenes h\u00f4teli\u00e8res. Tu y trouveras une attention sinc\u00e8re, devenue bien rare de nos jours. <em><a href=\"https:\/\/www.stay22.com\/allez\/roam?aid=lukaskonecny&#038;campaign=loudavymkrokemcz&#038;campaign=kde-bydlet-ve-vidni&#038;hotelname=HOTEL%20KAISERHOF%20WIEN&#038;address=V%C3%ADde%C5%88%2C%20Rakousko\" target=\"_blank\" rel=\"nofollow noopener sponsored\">v\u00e9rifier les prix et la disponibilit\u00e9<\/a><\/em><\/p>\n\n\n\n<figure data-wp-context=\"{&quot;imageId&quot;:&quot;6a9c597743256&quot;}\" data-wp-interactive=\"core\/image\" data-wp-key=\"6a9c597743256\" class=\"wp-block-image size-full wp-lightbox-container\"><img decoding=\"async\" width=\"1800\" height=\"1201\" data-wp-class--hide=\"state.isContentHidden\" data-wp-class--show=\"state.isContentVisible\" data-wp-init=\"callbacks.setButtonStyles\" data-wp-on--click=\"actions.showLightbox\" data-wp-on--load=\"callbacks.setButtonStyles\" data-wp-on--pointerdown=\"actions.preloadImage\" data-wp-on--pointerenter=\"actions.preloadImageWithDelay\" data-wp-on--pointerleave=\"actions.cancelPreload\" data-wp-on-window--resize=\"callbacks.setButtonStyles\" src=\"https:\/\/loudavymkrokem.cz\/wp-content\/uploads\/2026\/08\/cocoon-wien-westbahnhof-boutiquehotel-stadth-1.jpg\" alt=\"Fa\u00e7ade verte du Boutiquehotel Stadthalle pr\u00e8s de Westbahnhof\" class=\"wp-image-407077\" title=\"\" srcset=\"https:\/\/loudavymkrokem.cz\/wp-content\/uploads\/2026\/08\/cocoon-wien-westbahnhof-boutiquehotel-stadth-1.jpg 1800w, https:\/\/loudavymkrokem.cz\/wp-content\/uploads\/2026\/08\/cocoon-wien-westbahnhof-boutiquehotel-stadth-1-300x200.jpg 300w, https:\/\/loudavymkrokem.cz\/wp-content\/uploads\/2026\/08\/cocoon-wien-westbahnhof-boutiquehotel-stadth-1-700x467.jpg 700w, https:\/\/loudavymkrokem.cz\/wp-content\/uploads\/2026\/08\/cocoon-wien-westbahnhof-boutiquehotel-stadth-1-768x512.jpg 768w, https:\/\/loudavymkrokem.cz\/wp-content\/uploads\/2026\/08\/cocoon-wien-westbahnhof-boutiquehotel-stadth-1-1536x1025.jpg 1536w, https:\/\/loudavymkrokem.cz\/wp-content\/uploads\/2026\/08\/cocoon-wien-westbahnhof-boutiquehotel-stadth-1-696x464.jpg 696w, https:\/\/loudavymkrokem.cz\/wp-content\/uploads\/2026\/08\/cocoon-wien-westbahnhof-boutiquehotel-stadth-1-1392x929.jpg 1392w\" sizes=\"(max-width: 1800px) 100vw, 1800px\" \/><button\n\t\t\tclass=\"lightbox-trigger\"\n\t\t\ttype=\"button\"\n\t\t\taria-haspopup=\"dialog\"\n\t\t\tdata-wp-bind--aria-label=\"state.thisImage.triggerButtonAriaLabel\"\n\t\t\tdata-wp-init=\"callbacks.initTriggerButton\"\n\t\t\tdata-wp-on--click=\"actions.showLightbox\"\n\t\t\tdata-wp-style--right=\"state.thisImage.buttonRight\"\n\t\t\tdata-wp-style--top=\"state.thisImage.buttonTop\"\n\t\t>\n\t\t\t<svg xmlns=\"http:\/\/www.w3.org\/2000\/svg\" width=\"12\" height=\"12\" fill=\"none\" viewBox=\"0 0 12 12\">\n\t\t\t\t<path fill=\"#fff\" d=\"M2 0a2 2 0 0 0-2 2v2h1.5V2a.5.5 0 0 1 .5-.5h2V0H2Zm2 10.5H2a.5.5 0 0 1-.5-.5V8H0v2a2 2 0 0 0 2 2h2v-1.5ZM8 12v-1.5h2a.5.5 0 0 0 .5-.5V8H12v2a2 2 0 0 1-2 2H8Zm2-12a2 2 0 0 1 2 2v2h-1.5V2a.5.5 0 0 0-.5-.5H8V0h2Z\" \/>\n\t\t\t<\/svg>\n\t\t<\/button><figcaption class=\"wp-element-caption\">Foto: Boutiquehotel Stadthalle \/ ofici\u00e1ln\u00ed web<\/figcaption><\/figure>\n\n\n\n<h3 class=\"wp-block-heading\"><span class=\"ez-toc-section\" id=\"9_Cocoon_Wien_Westbahnhof_%E2%80%94_Boutiquehotel_Stadthalle\"><\/span>9. Cocoon Wien Westbahnhof \u2014 Boutiquehotel Stadthalle<span class=\"ez-toc-section-end\"><\/span><\/h3>\n\n\n\n<p class=\"wp-block-paragraph\">Cet int\u00e9ressant h\u00f4tel \u00e0 vocation \u00e9cologique occupe une belle maison du d\u00e9but du XXe si\u00e8cle. Tu le trouveras non loin de l&rsquo;importante gare de Westbahnhof et il affiche \u00e0 juste titre une superbe note de <strong>4,8 sur 1 369 avis<\/strong>. Tout le concept repose sur un profond respect de la nature et un voyage durable.<\/p>\n\n\n\n<figure data-wp-context=\"{&quot;galleryId&quot;:&quot;6a9c59774344a&quot;}\" data-wp-interactive=\"core\/gallery\" class=\"wp-block-gallery has-nested-images columns-2 is-cropped wp-block-gallery-is-layout-flex wp-block-gallery-4 is-layout-flex\">\n\n<figure data-wp-context=\"{&quot;imageId&quot;:&quot;6a9c5977436b6&quot;}\" data-wp-interactive=\"core\/image\" data-wp-key=\"6a9c5977436b6\" class=\"wp-block-image size-large wp-lightbox-container\"><img decoding=\"async\" width=\"1707\" height=\"2560\" data-wp-class--hide=\"state.isContentHidden\" data-wp-class--show=\"state.isContentVisible\" data-wp-init=\"callbacks.setButtonStyles\" data-wp-on--click=\"actions.showLightbox\" data-wp-on--load=\"callbacks.setButtonStyles\" data-wp-on--pointerdown=\"actions.preloadImage\" data-wp-on--pointerenter=\"actions.preloadImageWithDelay\" data-wp-on--pointerleave=\"actions.cancelPreload\" data-wp-on-window--resize=\"callbacks.setButtonStyles\" data-id=\"407080\" src=\"https:\/\/loudavymkrokem.cz\/wp-content\/uploads\/2026\/08\/cocoon-wien-westbahnhof-boutiquehotel-stadth-3.jpg\" alt=\"Espace petit d\u00e9jeuner du Boutiquehotel Stadthalle\" class=\"wp-image-407080\" title=\"\" srcset=\"https:\/\/loudavymkrokem.cz\/wp-content\/uploads\/2026\/08\/cocoon-wien-westbahnhof-boutiquehotel-stadth-3.jpg 1707w, https:\/\/loudavymkrokem.cz\/wp-content\/uploads\/2026\/08\/cocoon-wien-westbahnhof-boutiquehotel-stadth-3-200x300.jpg 200w, https:\/\/loudavymkrokem.cz\/wp-content\/uploads\/2026\/08\/cocoon-wien-westbahnhof-boutiquehotel-stadth-3-700x1050.jpg 700w, https:\/\/loudavymkrokem.cz\/wp-content\/uploads\/2026\/08\/cocoon-wien-westbahnhof-boutiquehotel-stadth-3-768x1152.jpg 768w, https:\/\/loudavymkrokem.cz\/wp-content\/uploads\/2026\/08\/cocoon-wien-westbahnhof-boutiquehotel-stadth-3-1024x1536.jpg 1024w, https:\/\/loudavymkrokem.cz\/wp-content\/uploads\/2026\/08\/cocoon-wien-westbahnhof-boutiquehotel-stadth-3-1366x2048.jpg 1366w, https:\/\/loudavymkrokem.cz\/wp-content\/uploads\/2026\/08\/cocoon-wien-westbahnhof-boutiquehotel-stadth-3-696x1044.jpg 696w, https:\/\/loudavymkrokem.cz\/wp-content\/uploads\/2026\/08\/cocoon-wien-westbahnhof-boutiquehotel-stadth-3-1392x2088.jpg 1392w\" sizes=\"(max-width: 1707px) 100vw, 1707px\" \/><button\n\t\t\tclass=\"lightbox-trigger\"\n\t\t\ttype=\"button\"\n\t\t\taria-haspopup=\"dialog\"\n\t\t\tdata-wp-bind--aria-label=\"state.thisImage.triggerButtonAriaLabel\"\n\t\t\tdata-wp-init=\"callbacks.initTriggerButton\"\n\t\t\tdata-wp-on--click=\"actions.showLightbox\"\n\t\t\tdata-wp-style--right=\"state.thisImage.buttonRight\"\n\t\t\tdata-wp-style--top=\"state.thisImage.buttonTop\"\n\t\t>\n\t\t\t<svg xmlns=\"http:\/\/www.w3.org\/2000\/svg\" width=\"12\" height=\"12\" fill=\"none\" viewBox=\"0 0 12 12\">\n\t\t\t\t<path fill=\"#fff\" d=\"M2 0a2 2 0 0 0-2 2v2h1.5V2a.5.5 0 0 1 .5-.5h2V0H2Zm2 10.5H2a.5.5 0 0 1-.5-.5V8H0v2a2 2 0 0 0 2 2h2v-1.5ZM8 12v-1.5h2a.5.5 0 0 0 .5-.5V8H12v2a2 2 0 0 1-2 2H8Zm2-12a2 2 0 0 1 2 2v2h-1.5V2a.5.5 0 0 0-.5-.5H8V0h2Z\" \/>\n\t\t\t<\/svg>\n\t\t<\/button><figcaption class=\"wp-element-caption\">Foto: Boutiquehotel Stadthalle \/ ofici\u00e1ln\u00ed web<\/figcaption><\/figure>\n\n<\/figure>\n\n\n\n<p class=\"wp-block-paragraph\">L&rsquo;\u00e9l\u00e9ment unique de tout l&rsquo;ensemble est la magnifique cour int\u00e9rieure et le jardin de lavande fleuri soigneusement entretenu. Il offre aux clients <strong>une superbe oasis de calme verdoyant en pleine ville<\/strong>, o\u00f9 tu peux te r\u00e9fugier confortablement apr\u00e8s une journ\u00e9e pass\u00e9e \u00e0 courir les monuments. Les clients ont en plus ador\u00e9 les petits d\u00e9jeuners \u00e0 base de produits bio locaux.<\/p>\n\n\n\n<p class=\"wp-block-paragraph\">\u26a0\ufe0f Attention d&rsquo;apr\u00e8s les avis : avant de r\u00e9server ta chambre ici, tu dois savoir une chose importante. Si tu choisis d\u00e9lib\u00e9r\u00e9ment <strong>les chambres avec vue sur le jardin, sache qu&rsquo;elles se trouvent dans un b\u00e2timent historique sans ascenseur<\/strong>, ce qui peut \u00eatre un vrai probl\u00e8me pour les personnes \u00e0 mobilit\u00e9 r\u00e9duite ou avec des valises lourdes.<\/p>\n\n\n\n<p class=\"wp-block-paragraph\">\ud83d\udca1 Astuce : choisis cet h\u00f4tel si tu arrives en ville par le train \u00e0 Westbahnhof et que tu appr\u00e9cies vraiment <strong>une approche \u00e9cologique alli\u00e9e au calme du jardin int\u00e9rieur<\/strong>. Le centre est en plus facilement accessible d&rsquo;ici par une ligne de m\u00e9tro directe en un court instant. <em><a href=\"https:\/\/www.stay22.com\/allez\/roam?aid=lukaskonecny&#038;campaign=loudavymkrokemcz&#038;campaign=kde-bydlet-ve-vidni&#038;hotelname=Cocoon%20Wien%20Westbahnhof&#038;address=V%C3%ADde%C5%88%2C%20Rakousko\" target=\"_blank\" rel=\"nofollow noopener sponsored\">v\u00e9rifier les prix et la disponibilit\u00e9<\/a><\/em><\/p>\n\n\n\n<figure data-wp-context=\"{&quot;imageId&quot;:&quot;6a9c597743bd4&quot;}\" data-wp-interactive=\"core\/image\" data-wp-key=\"6a9c597743bd4\" class=\"wp-block-image size-full wp-lightbox-container\"><img decoding=\"async\" width=\"1800\" height=\"1200\" data-wp-class--hide=\"state.isContentHidden\" data-wp-class--show=\"state.isContentVisible\" data-wp-init=\"callbacks.setButtonStyles\" data-wp-on--click=\"actions.showLightbox\" data-wp-on--load=\"callbacks.setButtonStyles\" data-wp-on--pointerdown=\"actions.preloadImage\" data-wp-on--pointerenter=\"actions.preloadImageWithDelay\" data-wp-on--pointerleave=\"actions.cancelPreload\" data-wp-on-window--resize=\"callbacks.setButtonStyles\" src=\"https:\/\/loudavymkrokem.cz\/wp-content\/uploads\/2026\/08\/hotel-motto-2.jpg\" alt=\"Hotel MOTTO dans le quartier viennois de Mariahilf\" class=\"wp-image-407072\" title=\"\" srcset=\"https:\/\/loudavymkrokem.cz\/wp-content\/uploads\/2026\/08\/hotel-motto-2.jpg 1800w, https:\/\/loudavymkrokem.cz\/wp-content\/uploads\/2026\/08\/hotel-motto-2-300x200.jpg 300w, https:\/\/loudavymkrokem.cz\/wp-content\/uploads\/2026\/08\/hotel-motto-2-700x467.jpg 700w, https:\/\/loudavymkrokem.cz\/wp-content\/uploads\/2026\/08\/hotel-motto-2-768x512.jpg 768w, https:\/\/loudavymkrokem.cz\/wp-content\/uploads\/2026\/08\/hotel-motto-2-1536x1024.jpg 1536w, https:\/\/loudavymkrokem.cz\/wp-content\/uploads\/2026\/08\/hotel-motto-2-696x464.jpg 696w, https:\/\/loudavymkrokem.cz\/wp-content\/uploads\/2026\/08\/hotel-motto-2-1392x928.jpg 1392w\" sizes=\"(max-width: 1800px) 100vw, 1800px\" \/><button\n\t\t\tclass=\"lightbox-trigger\"\n\t\t\ttype=\"button\"\n\t\t\taria-haspopup=\"dialog\"\n\t\t\tdata-wp-bind--aria-label=\"state.thisImage.triggerButtonAriaLabel\"\n\t\t\tdata-wp-init=\"callbacks.initTriggerButton\"\n\t\t\tdata-wp-on--click=\"actions.showLightbox\"\n\t\t\tdata-wp-style--right=\"state.thisImage.buttonRight\"\n\t\t\tdata-wp-style--top=\"state.thisImage.buttonTop\"\n\t\t>\n\t\t\t<svg xmlns=\"http:\/\/www.w3.org\/2000\/svg\" width=\"12\" height=\"12\" fill=\"none\" viewBox=\"0 0 12 12\">\n\t\t\t\t<path fill=\"#fff\" d=\"M2 0a2 2 0 0 0-2 2v2h1.5V2a.5.5 0 0 1 .5-.5h2V0H2Zm2 10.5H2a.5.5 0 0 1-.5-.5V8H0v2a2 2 0 0 0 2 2h2v-1.5ZM8 12v-1.5h2a.5.5 0 0 0 .5-.5V8H12v2a2 2 0 0 1-2 2H8Zm2-12a2 2 0 0 1 2 2v2h-1.5V2a.5.5 0 0 0-.5-.5H8V0h2Z\" \/>\n\t\t\t<\/svg>\n\t\t<\/button><figcaption class=\"wp-element-caption\">Foto: Hotel MOTTO \/ ofici\u00e1ln\u00ed web<\/figcaption><\/figure>\n\n\n\n<h3 class=\"wp-block-heading\"><span class=\"ez-toc-section\" id=\"10_Hotel_MOTTO\"><\/span>10. Hotel MOTTO<span class=\"ez-toc-section-end\"><\/span><\/h3>\n\n\n\n<p class=\"wp-block-paragraph\">En plein arrondissement de Mariahilf, sur la c\u00e9l\u00e8bre et anim\u00e9e avenue commer\u00e7ante, tu trouveras cet h\u00f4tel boutique incroyablement \u00e9l\u00e9gant, avec une excellente note de <strong>4,7 sur 1 154 avis<\/strong>. Les int\u00e9rieurs sont ici fortement inspir\u00e9s de la boh\u00e8me parisienne des ann\u00e9es 1920 et chaque recoin ressemble vraiment \u00e0 une page arrach\u00e9e d&rsquo;un magazine de design de luxe.<\/p>\n\n\n\n<figure data-wp-context=\"{&quot;galleryId&quot;:&quot;6a9c597743e15&quot;}\" data-wp-interactive=\"core\/gallery\" class=\"wp-block-gallery has-nested-images columns-2 is-cropped wp-block-gallery-is-layout-flex wp-block-gallery-5 is-layout-flex\">\n\n<figure data-wp-context=\"{&quot;imageId&quot;:&quot;6a9c5977440e0&quot;}\" data-wp-interactive=\"core\/image\" data-wp-key=\"6a9c5977440e0\" class=\"wp-block-image size-large wp-lightbox-container\"><img decoding=\"async\" width=\"1286\" height=\"730\" data-wp-class--hide=\"state.isContentHidden\" data-wp-class--show=\"state.isContentVisible\" data-wp-init=\"callbacks.setButtonStyles\" data-wp-on--click=\"actions.showLightbox\" data-wp-on--load=\"callbacks.setButtonStyles\" data-wp-on--pointerdown=\"actions.preloadImage\" data-wp-on--pointerenter=\"actions.preloadImageWithDelay\" data-wp-on--pointerleave=\"actions.cancelPreload\" data-wp-on-window--resize=\"callbacks.setButtonStyles\" data-id=\"407074\" src=\"https:\/\/loudavymkrokem.cz\/wp-content\/uploads\/2026\/08\/hotel-motto-3.jpg\" alt=\"Restaurant de l&#039;h\u00f4tel MOTTO\" class=\"wp-image-407074\" title=\"\" srcset=\"https:\/\/loudavymkrokem.cz\/wp-content\/uploads\/2026\/08\/hotel-motto-3.jpg 1286w, https:\/\/loudavymkrokem.cz\/wp-content\/uploads\/2026\/08\/hotel-motto-3-300x170.jpg 300w, https:\/\/loudavymkrokem.cz\/wp-content\/uploads\/2026\/08\/hotel-motto-3-700x397.jpg 700w, https:\/\/loudavymkrokem.cz\/wp-content\/uploads\/2026\/08\/hotel-motto-3-768x436.jpg 768w, https:\/\/loudavymkrokem.cz\/wp-content\/uploads\/2026\/08\/hotel-motto-3-696x395.jpg 696w\" sizes=\"(max-width: 1286px) 100vw, 1286px\" \/><button\n\t\t\tclass=\"lightbox-trigger\"\n\t\t\ttype=\"button\"\n\t\t\taria-haspopup=\"dialog\"\n\t\t\tdata-wp-bind--aria-label=\"state.thisImage.triggerButtonAriaLabel\"\n\t\t\tdata-wp-init=\"callbacks.initTriggerButton\"\n\t\t\tdata-wp-on--click=\"actions.showLightbox\"\n\t\t\tdata-wp-style--right=\"state.thisImage.buttonRight\"\n\t\t\tdata-wp-style--top=\"state.thisImage.buttonTop\"\n\t\t>\n\t\t\t<svg xmlns=\"http:\/\/www.w3.org\/2000\/svg\" width=\"12\" height=\"12\" fill=\"none\" viewBox=\"0 0 12 12\">\n\t\t\t\t<path fill=\"#fff\" d=\"M2 0a2 2 0 0 0-2 2v2h1.5V2a.5.5 0 0 1 .5-.5h2V0H2Zm2 10.5H2a.5.5 0 0 1-.5-.5V8H0v2a2 2 0 0 0 2 2h2v-1.5ZM8 12v-1.5h2a.5.5 0 0 0 .5-.5V8H12v2a2 2 0 0 1-2 2H8Zm2-12a2 2 0 0 1 2 2v2h-1.5V2a.5.5 0 0 0-.5-.5H8V0h2Z\" \/>\n\t\t\t<\/svg>\n\t\t<\/button><figcaption class=\"wp-element-caption\">Foto: Hotel MOTTO \/ ofici\u00e1ln\u00ed web<\/figcaption><\/figure>\n\n<\/figure>\n\n\n\n<p class=\"wp-block-paragraph\">Les clients aiment non seulement les chambres au d\u00e9cor tr\u00e8s original, mais surtout <strong>le c\u00e9l\u00e8bre restaurant de l&rsquo;h\u00f4tel avec sa propre boulangerie<\/strong>, o\u00f9 m\u00eame les habitants aiment venir pour du pain frais. La qualit\u00e9 de la cuisine y atteint vraiment un tr\u00e8s haut niveau.<\/p>\n\n\n\n<p class=\"wp-block-paragraph\">Un excellent bonus pour les clients : <strong>une magnifique zone de d\u00e9tente avec sauna chauffant<\/strong>, o\u00f9 tu peux te reposer parfaitement apr\u00e8s une journ\u00e9e intense de shopping et de visites par temps frais.<\/p>\n\n\n\n<p class=\"wp-block-paragraph\">\ud83d\udca1 Astuce : loge \u00e0 l&rsquo;h\u00f4tel MOTTO si tu aimes <strong>un design visuel marquant, une superbe gastronomie locale et si tu veux les meilleures boutiques juste devant ta porte<\/strong>. C&rsquo;est un endroit absolument parfait pour les couples en qu\u00eate d&rsquo;un week-end romantique et styl\u00e9. <em><a href=\"https:\/\/www.stay22.com\/allez\/roam?aid=lukaskonecny&#038;campaign=loudavymkrokemcz&#038;campaign=kde-bydlet-ve-vidni&#038;hotelname=Hotel%20MOTTO&#038;address=V%C3%ADde%C5%88%2C%20Rakousko\" target=\"_blank\" rel=\"nofollow noopener sponsored\">v\u00e9rifier les prix et la disponibilit\u00e9<\/a><\/em><\/p>\n\n\n\n<figure data-wp-context=\"{&quot;imageId&quot;:&quot;6a9c597744747&quot;}\" data-wp-interactive=\"core\/image\" data-wp-key=\"6a9c597744747\" class=\"wp-block-image size-full wp-lightbox-container\"><img decoding=\"async\" width=\"1200\" height=\"628\" data-wp-class--hide=\"state.isContentHidden\" data-wp-class--show=\"state.isContentVisible\" data-wp-init=\"callbacks.setButtonStyles\" data-wp-on--click=\"actions.showLightbox\" data-wp-on--load=\"callbacks.setButtonStyles\" data-wp-on--pointerdown=\"actions.preloadImage\" data-wp-on--pointerenter=\"actions.preloadImageWithDelay\" data-wp-on--pointerleave=\"actions.cancelPreload\" data-wp-on-window--resize=\"callbacks.setButtonStyles\" src=\"https:\/\/loudavymkrokem.cz\/wp-content\/uploads\/2026\/08\/altstadt-vienna-an-slh-hotel-1.jpg\" alt=\"Chambre au d\u00e9cor individuel de l&#039;Altstadt Vienna\" class=\"wp-image-407063\" title=\"\" srcset=\"https:\/\/loudavymkrokem.cz\/wp-content\/uploads\/2026\/08\/altstadt-vienna-an-slh-hotel-1.jpg 1200w, https:\/\/loudavymkrokem.cz\/wp-content\/uploads\/2026\/08\/altstadt-vienna-an-slh-hotel-1-300x157.jpg 300w, https:\/\/loudavymkrokem.cz\/wp-content\/uploads\/2026\/08\/altstadt-vienna-an-slh-hotel-1-700x366.jpg 700w, https:\/\/loudavymkrokem.cz\/wp-content\/uploads\/2026\/08\/altstadt-vienna-an-slh-hotel-1-768x402.jpg 768w, https:\/\/loudavymkrokem.cz\/wp-content\/uploads\/2026\/08\/altstadt-vienna-an-slh-hotel-1-696x364.jpg 696w\" sizes=\"(max-width: 1200px) 100vw, 1200px\" \/><button\n\t\t\tclass=\"lightbox-trigger\"\n\t\t\ttype=\"button\"\n\t\t\taria-haspopup=\"dialog\"\n\t\t\tdata-wp-bind--aria-label=\"state.thisImage.triggerButtonAriaLabel\"\n\t\t\tdata-wp-init=\"callbacks.initTriggerButton\"\n\t\t\tdata-wp-on--click=\"actions.showLightbox\"\n\t\t\tdata-wp-style--right=\"state.thisImage.buttonRight\"\n\t\t\tdata-wp-style--top=\"state.thisImage.buttonTop\"\n\t\t>\n\t\t\t<svg xmlns=\"http:\/\/www.w3.org\/2000\/svg\" width=\"12\" height=\"12\" fill=\"none\" viewBox=\"0 0 12 12\">\n\t\t\t\t<path fill=\"#fff\" d=\"M2 0a2 2 0 0 0-2 2v2h1.5V2a.5.5 0 0 1 .5-.5h2V0H2Zm2 10.5H2a.5.5 0 0 1-.5-.5V8H0v2a2 2 0 0 0 2 2h2v-1.5ZM8 12v-1.5h2a.5.5 0 0 0 .5-.5V8H12v2a2 2 0 0 1-2 2H8Zm2-12a2 2 0 0 1 2 2v2h-1.5V2a.5.5 0 0 0-.5-.5H8V0h2Z\" \/>\n\t\t\t<\/svg>\n\t\t<\/button><figcaption class=\"wp-element-caption\">Foto: Altstadt Vienna \/ ofici\u00e1ln\u00ed web<\/figcaption><\/figure>\n\n\n\n<h3 class=\"wp-block-heading\"><span class=\"ez-toc-section\" id=\"11_Altstadt_Vienna_an_SLH_Hotel\"><\/span>11. Altstadt Vienna, an SLH Hotel<span class=\"ez-toc-section-end\"><\/span><\/h3>\n\n\n\n<p class=\"wp-block-paragraph\">Cet h\u00f4tel boutique unique, dans le populaire septi\u00e8me arrondissement de Neubau, affiche une note remarquable de <strong>4,7 sur 715 avis<\/strong> et est largement connu pour le fait que chacune de ses chambres est d\u00e9cor\u00e9e dans un style totalement diff\u00e9rent. De c\u00e9l\u00e8bres architectes et des cr\u00e9ateurs de mode reconnus ont particip\u00e9 au design, si bien que le s\u00e9jour est ici une v\u00e9ritable exp\u00e9rience artistique visuelle.<\/p>\n\n\n\n<figure data-wp-context=\"{&quot;galleryId&quot;:&quot;6a9c5977449ba&quot;}\" data-wp-interactive=\"core\/gallery\" class=\"wp-block-gallery has-nested-images columns-2 is-cropped wp-block-gallery-is-layout-flex wp-block-gallery-6 is-layout-flex\">\n\n<figure data-wp-context=\"{&quot;imageId&quot;:&quot;6a9c597744c38&quot;}\" data-wp-interactive=\"core\/image\" data-wp-key=\"6a9c597744c38\" class=\"wp-block-image size-large wp-lightbox-container\"><img decoding=\"async\" width=\"1600\" height=\"2400\" data-wp-class--hide=\"state.isContentHidden\" data-wp-class--show=\"state.isContentVisible\" data-wp-init=\"callbacks.setButtonStyles\" data-wp-on--click=\"actions.showLightbox\" data-wp-on--load=\"callbacks.setButtonStyles\" data-wp-on--pointerdown=\"actions.preloadImage\" data-wp-on--pointerenter=\"actions.preloadImageWithDelay\" data-wp-on--pointerleave=\"actions.cancelPreload\" data-wp-on-window--resize=\"callbacks.setButtonStyles\" data-id=\"407066\" src=\"https:\/\/loudavymkrokem.cz\/wp-content\/uploads\/2026\/08\/altstadt-vienna-an-slh-hotel-2.jpg\" alt=\"Chambre de l&#039;Altstadt Vienna\" class=\"wp-image-407066\" title=\"\" srcset=\"https:\/\/loudavymkrokem.cz\/wp-content\/uploads\/2026\/08\/altstadt-vienna-an-slh-hotel-2.jpg 1600w, https:\/\/loudavymkrokem.cz\/wp-content\/uploads\/2026\/08\/altstadt-vienna-an-slh-hotel-2-200x300.jpg 200w, https:\/\/loudavymkrokem.cz\/wp-content\/uploads\/2026\/08\/altstadt-vienna-an-slh-hotel-2-700x1050.jpg 700w, https:\/\/loudavymkrokem.cz\/wp-content\/uploads\/2026\/08\/altstadt-vienna-an-slh-hotel-2-768x1152.jpg 768w, https:\/\/loudavymkrokem.cz\/wp-content\/uploads\/2026\/08\/altstadt-vienna-an-slh-hotel-2-1024x1536.jpg 1024w, https:\/\/loudavymkrokem.cz\/wp-content\/uploads\/2026\/08\/altstadt-vienna-an-slh-hotel-2-1365x2048.jpg 1365w, https:\/\/loudavymkrokem.cz\/wp-content\/uploads\/2026\/08\/altstadt-vienna-an-slh-hotel-2-696x1044.jpg 696w, https:\/\/loudavymkrokem.cz\/wp-content\/uploads\/2026\/08\/altstadt-vienna-an-slh-hotel-2-1392x2088.jpg 1392w\" sizes=\"(max-width: 1600px) 100vw, 1600px\" \/><button\n\t\t\tclass=\"lightbox-trigger\"\n\t\t\ttype=\"button\"\n\t\t\taria-haspopup=\"dialog\"\n\t\t\tdata-wp-bind--aria-label=\"state.thisImage.triggerButtonAriaLabel\"\n\t\t\tdata-wp-init=\"callbacks.initTriggerButton\"\n\t\t\tdata-wp-on--click=\"actions.showLightbox\"\n\t\t\tdata-wp-style--right=\"state.thisImage.buttonRight\"\n\t\t\tdata-wp-style--top=\"state.thisImage.buttonTop\"\n\t\t>\n\t\t\t<svg xmlns=\"http:\/\/www.w3.org\/2000\/svg\" width=\"12\" height=\"12\" fill=\"none\" viewBox=\"0 0 12 12\">\n\t\t\t\t<path fill=\"#fff\" d=\"M2 0a2 2 0 0 0-2 2v2h1.5V2a.5.5 0 0 1 .5-.5h2V0H2Zm2 10.5H2a.5.5 0 0 1-.5-.5V8H0v2a2 2 0 0 0 2 2h2v-1.5ZM8 12v-1.5h2a.5.5 0 0 0 .5-.5V8H12v2a2 2 0 0 1-2 2H8Zm2-12a2 2 0 0 1 2 2v2h-1.5V2a.5.5 0 0 0-.5-.5H8V0h2Z\" \/>\n\t\t\t<\/svg>\n\t\t<\/button><figcaption class=\"wp-element-caption\">Foto: Altstadt Vienna \/ ofici\u00e1ln\u00ed web<\/figcaption><\/figure>\n\n\n<figure data-wp-context=\"{&quot;imageId&quot;:&quot;6a9c597744f01&quot;}\" data-wp-interactive=\"core\/image\" data-wp-key=\"6a9c597744f01\" class=\"wp-block-image size-large wp-lightbox-container\"><img decoding=\"async\" width=\"1800\" height=\"1350\" data-wp-class--hide=\"state.isContentHidden\" data-wp-class--show=\"state.isContentVisible\" data-wp-init=\"callbacks.setButtonStyles\" data-wp-on--click=\"actions.showLightbox\" data-wp-on--load=\"callbacks.setButtonStyles\" data-wp-on--pointerdown=\"actions.preloadImage\" data-wp-on--pointerenter=\"actions.preloadImageWithDelay\" data-wp-on--pointerleave=\"actions.cancelPreload\" data-wp-on-window--resize=\"callbacks.setButtonStyles\" data-id=\"407069\" src=\"https:\/\/loudavymkrokem.cz\/wp-content\/uploads\/2026\/08\/altstadt-vienna-an-slh-hotel-3.jpg\" alt=\"Int\u00e9rieur de l&#039;Altstadt Vienna\" class=\"wp-image-407069\" title=\"\" srcset=\"https:\/\/loudavymkrokem.cz\/wp-content\/uploads\/2026\/08\/altstadt-vienna-an-slh-hotel-3.jpg 1800w, https:\/\/loudavymkrokem.cz\/wp-content\/uploads\/2026\/08\/altstadt-vienna-an-slh-hotel-3-300x225.jpg 300w, https:\/\/loudavymkrokem.cz\/wp-content\/uploads\/2026\/08\/altstadt-vienna-an-slh-hotel-3-700x525.jpg 700w, https:\/\/loudavymkrokem.cz\/wp-content\/uploads\/2026\/08\/altstadt-vienna-an-slh-hotel-3-768x576.jpg 768w, https:\/\/loudavymkrokem.cz\/wp-content\/uploads\/2026\/08\/altstadt-vienna-an-slh-hotel-3-1536x1152.jpg 1536w, https:\/\/loudavymkrokem.cz\/wp-content\/uploads\/2026\/08\/altstadt-vienna-an-slh-hotel-3-80x60.jpg 80w, https:\/\/loudavymkrokem.cz\/wp-content\/uploads\/2026\/08\/altstadt-vienna-an-slh-hotel-3-160x120.jpg 160w, https:\/\/loudavymkrokem.cz\/wp-content\/uploads\/2026\/08\/altstadt-vienna-an-slh-hotel-3-696x522.jpg 696w, https:\/\/loudavymkrokem.cz\/wp-content\/uploads\/2026\/08\/altstadt-vienna-an-slh-hotel-3-1392x1044.jpg 1392w\" sizes=\"(max-width: 1800px) 100vw, 1800px\" \/><button\n\t\t\tclass=\"lightbox-trigger\"\n\t\t\ttype=\"button\"\n\t\t\taria-haspopup=\"dialog\"\n\t\t\tdata-wp-bind--aria-label=\"state.thisImage.triggerButtonAriaLabel\"\n\t\t\tdata-wp-init=\"callbacks.initTriggerButton\"\n\t\t\tdata-wp-on--click=\"actions.showLightbox\"\n\t\t\tdata-wp-style--right=\"state.thisImage.buttonRight\"\n\t\t\tdata-wp-style--top=\"state.thisImage.buttonTop\"\n\t\t>\n\t\t\t<svg xmlns=\"http:\/\/www.w3.org\/2000\/svg\" width=\"12\" height=\"12\" fill=\"none\" viewBox=\"0 0 12 12\">\n\t\t\t\t<path fill=\"#fff\" d=\"M2 0a2 2 0 0 0-2 2v2h1.5V2a.5.5 0 0 1 .5-.5h2V0H2Zm2 10.5H2a.5.5 0 0 1-.5-.5V8H0v2a2 2 0 0 0 2 2h2v-1.5ZM8 12v-1.5h2a.5.5 0 0 0 .5-.5V8H12v2a2 2 0 0 1-2 2H8Zm2-12a2 2 0 0 1 2 2v2h-1.5V2a.5.5 0 0 0-.5-.5H8V0h2Z\" \/>\n\t\t\t<\/svg>\n\t\t<\/button><figcaption class=\"wp-element-caption\">Foto: Altstadt Vienna \/ ofici\u00e1ln\u00ed web<\/figcaption><\/figure>\n\n<\/figure>\n\n\n\n<p class=\"wp-block-paragraph\">Mais ce sont les fantastiques petits d\u00e9jeuners, inclus dans le prix de base de l&rsquo;h\u00e9bergement, qui r\u00e9coltent le plus d&rsquo;\u00e9loges dans les nombreux avis. L&rsquo;h\u00f4tel r\u00e9pond au maximum \u00e0 toutes les exigences alimentaires possibles et les clients saluent avec enthousiasme <strong>les excellentes options sans gluten, v\u00e9g\u00e9taliennes et sans lactose<\/strong>.<\/p>\n\n\n\n<p class=\"wp-block-paragraph\">Gr\u00e2ce \u00e0 cette approche culinaire g\u00e9n\u00e9reuse, l&rsquo;\u00e9tablissement est devenu un v\u00e9ritable <strong>paradis pour tous les voyageurs ayant des restrictions alimentaires<\/strong>, qui ailleurs doivent p\u00e9niblement chercher \u00e0 manger en dehors de l&rsquo;h\u00f4tel. L&rsquo;offre du buffet du matin serait sans concurrence.<\/p>\n\n\n\n<p class=\"wp-block-paragraph\">\ud83d\udca1 Astuce : r\u00e9serve ici si tu cherches tout simplement <strong>un h\u00e9bergement avec une \u00e2me, un concept artistique unique, et que tu tiens aux petits d\u00e9jeuners copieux et s\u00fbrs<\/strong>. Le quartier de Neubau est en plus absolument parfait pour fl\u00e2ner le soir sans but et d\u00e9couvrir les caf\u00e9s. <em><a href=\"https:\/\/www.stay22.com\/allez\/roam?aid=lukaskonecny&#038;campaign=loudavymkrokemcz&#038;campaign=kde-bydlet-ve-vidni&#038;hotelname=Altstadt%20Vienna&#038;address=V%C3%ADde%C5%88%2C%20Rakousko\" target=\"_blank\" rel=\"nofollow noopener sponsored\">v\u00e9rifier les prix et la disponibilit\u00e9<\/a><\/em><\/p>\n\n\n\n<figure data-wp-context=\"{&quot;imageId&quot;:&quot;6a9c59774537b&quot;}\" data-wp-interactive=\"core\/image\" data-wp-key=\"6a9c59774537b\" class=\"wp-block-image size-full wp-lightbox-container\"><img decoding=\"async\" width=\"1800\" height=\"1198\" data-wp-class--hide=\"state.isContentHidden\" data-wp-class--show=\"state.isContentVisible\" data-wp-init=\"callbacks.setButtonStyles\" data-wp-on--click=\"actions.showLightbox\" data-wp-on--load=\"callbacks.setButtonStyles\" data-wp-on--pointerdown=\"actions.preloadImage\" data-wp-on--pointerenter=\"actions.preloadImageWithDelay\" data-wp-on--pointerleave=\"actions.cancelPreload\" data-wp-on-window--resize=\"callbacks.setButtonStyles\" src=\"https:\/\/loudavymkrokem.cz\/wp-content\/uploads\/2026\/08\/hotel-beethoven-wien-1.jpg\" alt=\"Lobby de l&#039;Hotel Beethoven pr\u00e8s du Theater an der Wien\" class=\"wp-image-407060\" title=\"\" srcset=\"https:\/\/loudavymkrokem.cz\/wp-content\/uploads\/2026\/08\/hotel-beethoven-wien-1.jpg 1800w, https:\/\/loudavymkrokem.cz\/wp-content\/uploads\/2026\/08\/hotel-beethoven-wien-1-300x200.jpg 300w, https:\/\/loudavymkrokem.cz\/wp-content\/uploads\/2026\/08\/hotel-beethoven-wien-1-700x466.jpg 700w, https:\/\/loudavymkrokem.cz\/wp-content\/uploads\/2026\/08\/hotel-beethoven-wien-1-768x511.jpg 768w, https:\/\/loudavymkrokem.cz\/wp-content\/uploads\/2026\/08\/hotel-beethoven-wien-1-1536x1022.jpg 1536w, https:\/\/loudavymkrokem.cz\/wp-content\/uploads\/2026\/08\/hotel-beethoven-wien-1-696x463.jpg 696w, https:\/\/loudavymkrokem.cz\/wp-content\/uploads\/2026\/08\/hotel-beethoven-wien-1-1392x926.jpg 1392w\" sizes=\"(max-width: 1800px) 100vw, 1800px\" \/><button\n\t\t\tclass=\"lightbox-trigger\"\n\t\t\ttype=\"button\"\n\t\t\taria-haspopup=\"dialog\"\n\t\t\tdata-wp-bind--aria-label=\"state.thisImage.triggerButtonAriaLabel\"\n\t\t\tdata-wp-init=\"callbacks.initTriggerButton\"\n\t\t\tdata-wp-on--click=\"actions.showLightbox\"\n\t\t\tdata-wp-style--right=\"state.thisImage.buttonRight\"\n\t\t\tdata-wp-style--top=\"state.thisImage.buttonTop\"\n\t\t>\n\t\t\t<svg xmlns=\"http:\/\/www.w3.org\/2000\/svg\" width=\"12\" height=\"12\" fill=\"none\" viewBox=\"0 0 12 12\">\n\t\t\t\t<path fill=\"#fff\" d=\"M2 0a2 2 0 0 0-2 2v2h1.5V2a.5.5 0 0 1 .5-.5h2V0H2Zm2 10.5H2a.5.5 0 0 1-.5-.5V8H0v2a2 2 0 0 0 2 2h2v-1.5ZM8 12v-1.5h2a.5.5 0 0 0 .5-.5V8H12v2a2 2 0 0 1-2 2H8Zm2-12a2 2 0 0 1 2 2v2h-1.5V2a.5.5 0 0 0-.5-.5H8V0h2Z\" \/>\n\t\t\t<\/svg>\n\t\t<\/button><figcaption class=\"wp-element-caption\">Foto: Hotel Beethoven Wien \/ ofici\u00e1ln\u00ed web<\/figcaption><\/figure>\n\n\n\n<h3 class=\"wp-block-heading\"><span class=\"ez-toc-section\" id=\"12_Hotel_Beethoven_Wien\"><\/span>12. Hotel Beethoven Wien<span class=\"ez-toc-section-end\"><\/span><\/h3>\n\n\n\n<p class=\"wp-block-paragraph\">Cet h\u00f4tel familial tr\u00e8s \u00e9l\u00e9gant, avec une belle note de <strong>4,7 sur 776 avis<\/strong>, se trouve \u00e0 quelques pas seulement du march\u00e9 anim\u00e9 Naschmarkt et du Theater an der Wien. Ce b\u00e2timent historique de six \u00e9tages est am\u00e9nag\u00e9 de fa\u00e7on tr\u00e8s ing\u00e9nieuse par th\u00e8me et chacun de ses \u00e9tages raconte une histoire un peu diff\u00e9rente de la riche histoire viennoise.<\/p>\n\n\n\n<p class=\"wp-block-paragraph\">Dans les avis, les visiteurs vantent le th\u00e9 de l&rsquo;apr\u00e8s-midi gratuit et l&rsquo;excellent caf\u00e9, servis dans un beau salon de l&rsquo;h\u00f4tel. <strong>Est \u00e9galement mentionn\u00e9e l&rsquo;isolation phonique \u00e9tonnamment excellente des chambres<\/strong>, qui garantit aux clients un sommeil sans le moindre d\u00e9rangement, m\u00eame pr\u00e8s du centre.<\/p>\n\n\n\n<p class=\"wp-block-paragraph\">L&rsquo;atmosph\u00e8re est globalement tr\u00e8s intime et conviviale. <strong>Le personnel conna\u00eet tr\u00e8s bien le quartier et te conseille volontiers pour choisir les meilleurs restaurants<\/strong>, ce qui t&rsquo;\u00e9vite les pi\u00e8ges \u00e0 touristes classiques.<\/p>\n\n\n\n<p class=\"wp-block-paragraph\">\ud83d\udca1 Astuce : c&rsquo;est un endroit absolument parfait pour <strong>tous les amateurs de culture et de bonne cuisine<\/strong>. La position m\u00eame pr\u00e8s du march\u00e9 Naschmarkt t&rsquo;assure chaque jour une dose des meilleures exp\u00e9riences gastronomiques juste au coin de la rue. <em><a href=\"https:\/\/www.stay22.com\/allez\/roam?aid=lukaskonecny&#038;campaign=loudavymkrokemcz&#038;campaign=kde-bydlet-ve-vidni&#038;hotelname=Hotel%20Beethoven%20Wien&#038;address=V%C3%ADde%C5%88%2C%20Rakousko\" target=\"_blank\" rel=\"nofollow noopener sponsored\">v\u00e9rifier les prix et la disponibilit\u00e9<\/a><\/em><\/p>\n\n\n\n<figure data-wp-context=\"{&quot;imageId&quot;:&quot;6a9c59774585e&quot;}\" data-wp-interactive=\"core\/image\" data-wp-key=\"6a9c59774585e\" class=\"wp-block-image size-full wp-lightbox-container\"><img decoding=\"async\" width=\"1800\" height=\"1199\" data-wp-class--hide=\"state.isContentHidden\" data-wp-class--show=\"state.isContentVisible\" data-wp-init=\"callbacks.setButtonStyles\" data-wp-on--click=\"actions.showLightbox\" data-wp-on--load=\"callbacks.setButtonStyles\" data-wp-on--pointerdown=\"actions.preloadImage\" data-wp-on--pointerenter=\"actions.preloadImageWithDelay\" data-wp-on--pointerleave=\"actions.cancelPreload\" data-wp-on-window--resize=\"callbacks.setButtonStyles\" src=\"https:\/\/loudavymkrokem.cz\/wp-content\/uploads\/2026\/08\/magdas-hotel-vienna-city-1.jpg\" alt=\"R\u00e9ception de l&#039;h\u00f4tel magdas, qui emploie des personnes ayant un parcours de r\u00e9fugi\u00e9\" class=\"wp-image-407055\" title=\"\" srcset=\"https:\/\/loudavymkrokem.cz\/wp-content\/uploads\/2026\/08\/magdas-hotel-vienna-city-1.jpg 1800w, https:\/\/loudavymkrokem.cz\/wp-content\/uploads\/2026\/08\/magdas-hotel-vienna-city-1-300x200.jpg 300w, https:\/\/loudavymkrokem.cz\/wp-content\/uploads\/2026\/08\/magdas-hotel-vienna-city-1-700x466.jpg 700w, https:\/\/loudavymkrokem.cz\/wp-content\/uploads\/2026\/08\/magdas-hotel-vienna-city-1-768x512.jpg 768w, https:\/\/loudavymkrokem.cz\/wp-content\/uploads\/2026\/08\/magdas-hotel-vienna-city-1-1536x1023.jpg 1536w, https:\/\/loudavymkrokem.cz\/wp-content\/uploads\/2026\/08\/magdas-hotel-vienna-city-1-696x464.jpg 696w, https:\/\/loudavymkrokem.cz\/wp-content\/uploads\/2026\/08\/magdas-hotel-vienna-city-1-1392x927.jpg 1392w\" sizes=\"(max-width: 1800px) 100vw, 1800px\" \/><button\n\t\t\tclass=\"lightbox-trigger\"\n\t\t\ttype=\"button\"\n\t\t\taria-haspopup=\"dialog\"\n\t\t\tdata-wp-bind--aria-label=\"state.thisImage.triggerButtonAriaLabel\"\n\t\t\tdata-wp-init=\"callbacks.initTriggerButton\"\n\t\t\tdata-wp-on--click=\"actions.showLightbox\"\n\t\t\tdata-wp-style--right=\"state.thisImage.buttonRight\"\n\t\t\tdata-wp-style--top=\"state.thisImage.buttonTop\"\n\t\t>\n\t\t\t<svg xmlns=\"http:\/\/www.w3.org\/2000\/svg\" width=\"12\" height=\"12\" fill=\"none\" viewBox=\"0 0 12 12\">\n\t\t\t\t<path fill=\"#fff\" d=\"M2 0a2 2 0 0 0-2 2v2h1.5V2a.5.5 0 0 1 .5-.5h2V0H2Zm2 10.5H2a.5.5 0 0 1-.5-.5V8H0v2a2 2 0 0 0 2 2h2v-1.5ZM8 12v-1.5h2a.5.5 0 0 0 .5-.5V8H12v2a2 2 0 0 1-2 2H8Zm2-12a2 2 0 0 1 2 2v2h-1.5V2a.5.5 0 0 0-.5-.5H8V0h2Z\" \/>\n\t\t\t<\/svg>\n\t\t<\/button><figcaption class=\"wp-element-caption\">Foto: magdas HOTEL \/ ofici\u00e1ln\u00ed web<\/figcaption><\/figure>\n\n\n\n<h3 class=\"wp-block-heading\"><span class=\"ez-toc-section\" id=\"13_magdas_HOTEL_Vienna_City\"><\/span>13. magdas HOTEL Vienna City<span class=\"ez-toc-section-end\"><\/span><\/h3>\n\n\n\n<p class=\"wp-block-paragraph\">Cet h\u00f4tel hors du commun n&rsquo;est pas qu&rsquo;un simple endroit o\u00f9 dormir : c&rsquo;est avant tout un projet bien vivant, dot\u00e9 d&rsquo;un immense c\u0153ur. Avec sa note de <strong>4,7 sur 578 avis<\/strong>, il s&rsquo;agit d&rsquo;une entreprise sociale absolument unique, qui <strong>emploie sciemment des personnes ayant un parcours de r\u00e9fugi\u00e9<\/strong> et les aide ainsi activement \u00e0 s&rsquo;int\u00e9grer dans notre soci\u00e9t\u00e9.<\/p>\n\n\n\n<figure data-wp-context=\"{&quot;galleryId&quot;:&quot;6a9c597745a28&quot;}\" data-wp-interactive=\"core\/gallery\" class=\"wp-block-gallery has-nested-images columns-2 is-cropped wp-block-gallery-is-layout-flex wp-block-gallery-7 is-layout-flex\">\n\n<figure data-wp-context=\"{&quot;imageId&quot;:&quot;6a9c597745c8a&quot;}\" data-wp-interactive=\"core\/image\" data-wp-key=\"6a9c597745c8a\" class=\"wp-block-image size-large wp-lightbox-container\"><img decoding=\"async\" width=\"1263\" height=\"1800\" data-wp-class--hide=\"state.isContentHidden\" data-wp-class--show=\"state.isContentVisible\" data-wp-init=\"callbacks.setButtonStyles\" data-wp-on--click=\"actions.showLightbox\" data-wp-on--load=\"callbacks.setButtonStyles\" data-wp-on--pointerdown=\"actions.preloadImage\" data-wp-on--pointerenter=\"actions.preloadImageWithDelay\" data-wp-on--pointerleave=\"actions.cancelPreload\" data-wp-on-window--resize=\"callbacks.setButtonStyles\" data-id=\"407058\" src=\"https:\/\/loudavymkrokem.cz\/wp-content\/uploads\/2026\/08\/magdas-hotel-vienna-city-3.jpg\" alt=\"Chambre de l&#039;h\u00f4tel magdas\" class=\"wp-image-407058\" title=\"\" srcset=\"https:\/\/loudavymkrokem.cz\/wp-content\/uploads\/2026\/08\/magdas-hotel-vienna-city-3.jpg 1263w, https:\/\/loudavymkrokem.cz\/wp-content\/uploads\/2026\/08\/magdas-hotel-vienna-city-3-211x300.jpg 211w, https:\/\/loudavymkrokem.cz\/wp-content\/uploads\/2026\/08\/magdas-hotel-vienna-city-3-700x998.jpg 700w, https:\/\/loudavymkrokem.cz\/wp-content\/uploads\/2026\/08\/magdas-hotel-vienna-city-3-768x1095.jpg 768w, https:\/\/loudavymkrokem.cz\/wp-content\/uploads\/2026\/08\/magdas-hotel-vienna-city-3-1078x1536.jpg 1078w, https:\/\/loudavymkrokem.cz\/wp-content\/uploads\/2026\/08\/magdas-hotel-vienna-city-3-696x992.jpg 696w\" sizes=\"(max-width: 1263px) 100vw, 1263px\" \/><button\n\t\t\tclass=\"lightbox-trigger\"\n\t\t\ttype=\"button\"\n\t\t\taria-haspopup=\"dialog\"\n\t\t\tdata-wp-bind--aria-label=\"state.thisImage.triggerButtonAriaLabel\"\n\t\t\tdata-wp-init=\"callbacks.initTriggerButton\"\n\t\t\tdata-wp-on--click=\"actions.showLightbox\"\n\t\t\tdata-wp-style--right=\"state.thisImage.buttonRight\"\n\t\t\tdata-wp-style--top=\"state.thisImage.buttonTop\"\n\t\t>\n\t\t\t<svg xmlns=\"http:\/\/www.w3.org\/2000\/svg\" width=\"12\" height=\"12\" fill=\"none\" viewBox=\"0 0 12 12\">\n\t\t\t\t<path fill=\"#fff\" d=\"M2 0a2 2 0 0 0-2 2v2h1.5V2a.5.5 0 0 1 .5-.5h2V0H2Zm2 10.5H2a.5.5 0 0 1-.5-.5V8H0v2a2 2 0 0 0 2 2h2v-1.5ZM8 12v-1.5h2a.5.5 0 0 0 .5-.5V8H12v2a2 2 0 0 1-2 2H8Zm2-12a2 2 0 0 1 2 2v2h-1.5V2a.5.5 0 0 0-.5-.5H8V0h2Z\" \/>\n\t\t\t<\/svg>\n\t\t<\/button><figcaption class=\"wp-element-caption\">Foto: magdas HOTEL \/ ofici\u00e1ln\u00ed web<\/figcaption><\/figure>\n\n<\/figure>\n\n\n\n<p class=\"wp-block-paragraph\">L&rsquo;h\u00f4tel occupe un <strong>beau b\u00e2timent r\u00e9tro<\/strong> des ann\u00e9es 1960, que les architectes ont r\u00e9nov\u00e9 avec beaucoup de sensibilit\u00e9 et de modernit\u00e9. Les voyageurs avertis adorent surtout le mobilier astucieusement upcycl\u00e9, <strong>le magnifique jardin paisible<\/strong> et le style visuel d\u00e9contract\u00e9 de tout l&rsquo;espace.<\/p>\n\n\n\n<p class=\"wp-block-paragraph\">Mais ce que les clients mentionnent le plus souvent, c&rsquo;est <strong>l&rsquo;ambiance incroyablement chaleureuse et authentique<\/strong> cr\u00e9\u00e9e par un personnel bigarr\u00e9 venu litt\u00e9ralement du monde entier. Chaque membre de l&rsquo;\u00e9quipe a sa propre histoire, ce qui donne au s\u00e9jour une profondeur et une dimension humaine toutes nouvelles.<\/p>\n\n\n\n<p class=\"wp-block-paragraph\">\ud83d\udca1 Astuce : choisis le magdas si tu veux vraiment que <strong>ton argent de vacances soutienne directement une cause qui a du sens<\/strong>. Tu obtiendras non seulement une belle chambre propre, mais aussi la belle sensation de soutenir concr\u00e8tement un projet qui change r\u00e9ellement des vies. <em><a href=\"https:\/\/www.stay22.com\/allez\/roam?aid=lukaskonecny&#038;campaign=loudavymkrokemcz&#038;campaign=kde-bydlet-ve-vidni&#038;hotelname=magdas%20HOTEL%20Vienna%20City&#038;address=V%C3%ADde%C5%88%2C%20Rakousko\" target=\"_blank\" rel=\"nofollow noopener sponsored\">v\u00e9rifier les prix et la disponibilit\u00e9<\/a><\/em><\/p>\n\n\n\n<figure data-wp-context=\"{&quot;imageId&quot;:&quot;6a9c5977461dd&quot;}\" data-wp-interactive=\"core\/image\" data-wp-key=\"6a9c5977461dd\" class=\"wp-block-image size-full wp-lightbox-container\"><img decoding=\"async\" width=\"1800\" height=\"1193\" data-wp-class--hide=\"state.isContentHidden\" data-wp-class--show=\"state.isContentVisible\" data-wp-init=\"callbacks.setButtonStyles\" data-wp-on--click=\"actions.showLightbox\" data-wp-on--load=\"callbacks.setButtonStyles\" data-wp-on--pointerdown=\"actions.preloadImage\" data-wp-on--pointerenter=\"actions.preloadImageWithDelay\" data-wp-on--pointerleave=\"actions.cancelPreload\" data-wp-on-window--resize=\"callbacks.setButtonStyles\" src=\"https:\/\/loudavymkrokem.cz\/wp-content\/uploads\/2026\/08\/hotel-am-brillantengrund-2.jpg\" alt=\"Cour de l&#039;Hotel am Brillantengrund dans un ancien couvent\" class=\"wp-image-407049\" title=\"\" srcset=\"https:\/\/loudavymkrokem.cz\/wp-content\/uploads\/2026\/08\/hotel-am-brillantengrund-2.jpg 1800w, https:\/\/loudavymkrokem.cz\/wp-content\/uploads\/2026\/08\/hotel-am-brillantengrund-2-300x199.jpg 300w, https:\/\/loudavymkrokem.cz\/wp-content\/uploads\/2026\/08\/hotel-am-brillantengrund-2-700x464.jpg 700w, https:\/\/loudavymkrokem.cz\/wp-content\/uploads\/2026\/08\/hotel-am-brillantengrund-2-768x509.jpg 768w, https:\/\/loudavymkrokem.cz\/wp-content\/uploads\/2026\/08\/hotel-am-brillantengrund-2-1536x1018.jpg 1536w, https:\/\/loudavymkrokem.cz\/wp-content\/uploads\/2026\/08\/hotel-am-brillantengrund-2-696x461.jpg 696w, https:\/\/loudavymkrokem.cz\/wp-content\/uploads\/2026\/08\/hotel-am-brillantengrund-2-1392x923.jpg 1392w\" sizes=\"(max-width: 1800px) 100vw, 1800px\" \/><button\n\t\t\tclass=\"lightbox-trigger\"\n\t\t\ttype=\"button\"\n\t\t\taria-haspopup=\"dialog\"\n\t\t\tdata-wp-bind--aria-label=\"state.thisImage.triggerButtonAriaLabel\"\n\t\t\tdata-wp-init=\"callbacks.initTriggerButton\"\n\t\t\tdata-wp-on--click=\"actions.showLightbox\"\n\t\t\tdata-wp-style--right=\"state.thisImage.buttonRight\"\n\t\t\tdata-wp-style--top=\"state.thisImage.buttonTop\"\n\t\t>\n\t\t\t<svg xmlns=\"http:\/\/www.w3.org\/2000\/svg\" width=\"12\" height=\"12\" fill=\"none\" viewBox=\"0 0 12 12\">\n\t\t\t\t<path fill=\"#fff\" d=\"M2 0a2 2 0 0 0-2 2v2h1.5V2a.5.5 0 0 1 .5-.5h2V0H2Zm2 10.5H2a.5.5 0 0 1-.5-.5V8H0v2a2 2 0 0 0 2 2h2v-1.5ZM8 12v-1.5h2a.5.5 0 0 0 .5-.5V8H12v2a2 2 0 0 1-2 2H8Zm2-12a2 2 0 0 1 2 2v2h-1.5V2a.5.5 0 0 0-.5-.5H8V0h2Z\" \/>\n\t\t\t<\/svg>\n\t\t<\/button><figcaption class=\"wp-element-caption\">Foto: Hotel am Brillantengrund \/ ofici\u00e1ln\u00ed web<\/figcaption><\/figure>\n\n\n\n<!-- LKM_GYG_CARD start q=\"vienna\" lang=\"fr\" rendered=\"2026-09-05T16:39:32+00:00\" v=\"1\" -->\n<style id=\"lk-gyg-styles\">\n@import url(\"https:\/\/fonts.googleapis.com\/css2?family=Playfair+Display:wght@700&family=DM+Sans:wght@300;400;500;600&display=swap\");\n\/* === LK GYG karty \u2014 CRO redesign 2026-05 (namespace .lkx-) ===\n   C\u00edl: vy\u0161\u0161\u00ed CTR (hero + v\u00fdrazn\u00fd social proof + ak\u010dn\u00ed CTA, m\u00e9n\u011b \"reklamn\u00ed\").\n   Injektuje se inline do prvn\u00edho markeru postu (refresh_cards.py --inline-css). *\/\n.lkx-module, .lkx-module *{box-sizing:border-box;margin:0;padding:0}\n.lkx-module{\n  font-family:'DM Sans',-apple-system,Segoe UI,Roboto,Georgia,sans-serif;\n  max-width:860px;margin:2.5rem auto;color:#1f2328;\n}\n\n\/* HEADER \u2014 lehk\u00fd editorsk\u00fd, \u017e\u00e1dn\u00fd bannerov\u00fd blok; nadpis + popisek pod n\u00edm *\/\n.lkx-head{margin-bottom:16px}\n.lkx-head-main{display:flex;align-items:center;gap:10px}\n.lkx-head-accent{width:26px;height:3px;border-radius:2px;background:#c39f76;flex-shrink:0}\n.lkx-head-title{font-family:'Playfair Display',Georgia,serif;font-size:21px;font-weight:700;color:#1a1a1a;line-height:1.25}\n.lkx-head-meta{display:block;font-size:11px;letter-spacing:.3px;color:#9aa0a6;margin-top:4px;margin-left:36px}\n\n\/* HERO *\/\n.lkx-hero{display:grid;grid-template-columns:300px 1fr;background:#fff;border:1px solid #ece7df;border-radius:14px;overflow:hidden;text-decoration:none!important;color:inherit;box-shadow:0 6px 20px rgba(0,0,0,.06);transition:box-shadow .2s,transform .2s;margin-bottom:14px}\n.lkx-hero:hover{box-shadow:0 12px 30px rgba(0,0,0,.12);transform:translateY(-2px)}\n.lkx-hero-img{position:relative;min-height:230px;background-size:cover;background-position:center;background-color:#eee}\n.lkx-hero-body{padding:22px 24px;display:flex;flex-direction:column}\n.lkx-pick{position:absolute;top:12px;left:12px;background:#1a1a1a;color:#fff;font-size:11px;font-weight:700;letter-spacing:.5px;padding:5px 11px;border-radius:20px}\n\n\/* TITLE *\/\n.lkx-title{font-size:19px;font-weight:700;color:#161616;line-height:1.3}\n.lkx-title-sm{font-size:14.5px;line-height:1.35;display:-webkit-box;-webkit-line-clamp:2;-webkit-box-orient:vertical;overflow:hidden}\n\n\/* SOCIAL PROOF \u2014 v\u00fdrazn\u011b, naho\u0159e *\/\n.lkx-proof{display:flex;align-items:center;gap:7px;margin-top:12px;font-size:15px;color:#3a3a3a}\n.lkx-proof b{font-size:16px;color:#161616}\n.lkx-stars{color:#f5a623;letter-spacing:1px}\n.lkx-proof-sm{font-size:12.5px;margin-top:8px;gap:5px}\n.lkx-proof-sm b{font-size:13px}\n.lkx-proof-new{color:#3685fc;font-weight:600}\n\n\/* PRICE \u2014 n\u00edzk\u00e1 kotva *\/\n.lkx-price{font-size:14px;color:#6b7280}\n.lkx-price b{font-size:20px;color:#161616;font-weight:700}\n.lkx-price-sm b{font-size:15px}\n\n\/* CTA \u2014 tepl\u00e9 ak\u010dn\u00ed tla\u010d\u00edtko *\/\n.lkx-cta{display:inline-flex;align-items:center;justify-content:center;text-decoration:none!important;font-weight:700;color:#fff!important;background:linear-gradient(135deg,#f6743f,#e8552a);border-radius:10px;box-shadow:0 6px 16px rgba(232,85,42,.32);transition:box-shadow .2s}\n.lkx-cta-hero{font-size:15px;padding:13px 22px}\n.lkx-hero:hover .lkx-cta-hero{box-shadow:0 8px 22px rgba(232,85,42,.45)}\n.lkx-cta-sm{font-size:12.5px;padding:9px 14px;width:100%;margin-top:2px}\n.lkx-hero-bottom{margin-top:auto;padding-top:18px;display:flex;align-items:center;justify-content:space-between;gap:14px;flex-wrap:wrap}\n\n\/* BADGE \u2014 jeden v\u00fdrazn\u00fd na fotce *\/\n.lkx-badge{position:absolute;top:12px;right:12px;font-size:10.5px;font-weight:700;letter-spacing:.3px;padding:5px 10px;border-radius:16px;color:#fff}\n.lkx-badge.badge-urgency{background:rgba(214,40,40,.92)}\n.lkx-badge.badge-new{background:rgba(54,133,252,.92)}\n.lkx-badge.badge-top{background:rgba(195,159,118,.95)}\n.lkx-badge.badge-info{background:rgba(40,40,40,.78)}\n\n\/* SECONDARY GRID *\/\n.lkx-grid{display:grid;grid-template-columns:1fr 1fr;gap:14px}\n.lkx-card{background:#fff;border:1px solid #ece7df;border-radius:14px;overflow:hidden;text-decoration:none!important;color:inherit;box-shadow:0 4px 14px rgba(0,0,0,.05);display:flex;flex-direction:column;transition:box-shadow .2s,transform .2s}\n.lkx-card:hover{box-shadow:0 10px 24px rgba(0,0,0,.1);transform:translateY(-2px)}\n.lkx-card-img{position:relative;aspect-ratio:16\/10;background-size:cover;background-position:center;background-color:#eee}\n.lkx-card-body{padding:14px 16px 16px;display:flex;flex-direction:column;gap:7px;flex:1}\n.lkx-card-bottom{margin-top:auto;padding-top:10px;display:flex;align-items:center;justify-content:space-between;gap:8px}\n\n\/* DISCLOSURE \u2014 drobn\u00e1, kv\u016fli d\u016fv\u011b\u0159e\/z\u00e1konu *\/\n.lkx-disclosure{font-size:11px;color:#a7adb3;text-align:center;margin-top:14px;line-height:1.6}\n.lkx-disclosure a{color:#c39f76;text-decoration:none}\n\n@media(max-width:680px){\n  .lkx-hero{grid-template-columns:1fr}\n  .lkx-hero-img{min-height:180px}\n  .lkx-grid{grid-template-columns:1fr}\n  .lkx-head-meta{margin-left:0;width:100%}\n  .lkx-head-title{font-size:19px}\n}\n\n<\/style>\n<div class=\"lkx-module\" data-query=\"vienna\">\n  <div class=\"lkx-head\">\n    <div class=\"lkx-head-main\">\n      <span class=\"lkx-head-accent\"><\/span>\n      <span class=\"lkx-head-title\">Exp\u00e9riences et billets<\/span>\n    <\/div>\n    <span class=\"lkx-head-meta\">not\u00e9 par les voyageurs \u00b7 GetYourGuide<\/span>\n  <\/div><a class=\"lkx-hero\" href=\"https:\/\/www.getyourguide.com\/fr-fr\/vienne-l7\/concert-a-vienne-les-quatre-saisons-de-vivaldi-a-la-karlskirche-t44883\/?partner_id=MKZ64IS&amp;utm_medium=online_publisher&amp;cmp=ou-dormir-vienne-autriche\" target=\"_blank\" rel=\"sponsored noopener nofollow\">\n    <div class=\"lkx-hero-img\" style=\"background-image:url('https:\/\/cdn.getyourguide.com\/img\/tour\/5a26559595c52.jpeg\/132.jpg')\" role=\"img\" aria-label=\"Vienne : Concert des Quatre Saisons de Vivaldi \u00e0 la Karlskirche\">\n      <span class=\"lkx-pick\">\u2605 Notre choix<\/span><\/div>\n    <div class=\"lkx-hero-body\">\n      <div class=\"lkx-title\">Vienne : Concert des Quatre Saisons de Vivaldi \u00e0 la Karlskirche<\/div>\n      <div class=\"lkx-proof\">\n      <span class=\"lkx-stars\">\u2605\u2605\u2605\u2605\u2605<\/span>\n      <b>4.7<\/b> \u00b7 17 270 avis\n    <\/div>\n      <div class=\"lkx-hero-bottom\"><div class=\"lkx-price\">\u00e0 partir de <b>38\u00a0\u20ac<\/b><\/div><span class=\"lkx-cta lkx-cta-hero\">Je veux vivre \u00e7a \u2192<\/span>\n      <\/div>\n    <\/div>\n  <\/a><div class=\"lkx-grid\"><a class=\"lkx-card\" href=\"https:\/\/www.getyourguide.com\/fr-fr\/vienne-l7\/coupe-file-visite-du-musee-sisi-de-la-hofburg-et-des-jardins-de-vienne-t471440\/?partner_id=MKZ64IS&amp;utm_medium=online_publisher&amp;cmp=ou-dormir-vienne-autriche\" target=\"_blank\" rel=\"sponsored noopener nofollow\">\n      <div class=\"lkx-card-img\" style=\"background-image:url('https:\/\/cdn.getyourguide.com\/img\/tour\/92f086dc82e47451456221cb659e757b3400549ccef1072b77a5ee41948d3f9c.jpg\/132.jpg')\" role=\"img\" aria-label=\"Vienne : visite guid\u00e9e du mus\u00e9e Sisi, de la Hofburg et des jardins\"><\/div>\n      <div class=\"lkx-card-body\">\n        <div class=\"lkx-title lkx-title-sm\">Vienne : visite guid\u00e9e du mus\u00e9e Sisi, de la Hofburg et des jardins<\/div>\n        <div class=\"lkx-proof lkx-proof-sm\">\n      <span class=\"lkx-stars\">\u2605<\/span>\n      <b>4.8<\/b> \u00b7 7 655\n    <\/div>\n        <div class=\"lkx-card-bottom\"><span class=\"lkx-price lkx-price-sm\">\u00e0 partir de <b>52\u00a0\u20ac<\/b><\/span><span class=\"lkx-cta lkx-cta-sm\">Voir les dates \u2192<\/span>\n        <\/div>\n      <\/div>\n    <\/a><a class=\"lkx-card\" href=\"https:\/\/www.getyourguide.com\/fr-fr\/vienne-l7\/vienne-visite-guidee-avec-un-guide-local-t631964\/?partner_id=MKZ64IS&amp;utm_medium=online_publisher&amp;cmp=ou-dormir-vienne-autriche\" target=\"_blank\" rel=\"sponsored noopener nofollow\">\n      <div class=\"lkx-card-img\" style=\"background-image:url('https:\/\/cdn.getyourguide.com\/img\/tour\/62a185bc04a2de6921dc058c04e4cc0fb863d8b1a546904409a6e2284bb9364a.jpg\/132.jpg')\" role=\"img\" aria-label=\"Vienne : visite guid\u00e9e avec un guide local\"><\/div>\n      <div class=\"lkx-card-body\">\n        <div class=\"lkx-title lkx-title-sm\">Vienne : visite guid\u00e9e avec un guide local<\/div>\n        <div class=\"lkx-proof lkx-proof-sm\">\n      <span class=\"lkx-stars\">\u2605<\/span>\n      <b>4.7<\/b> \u00b7 152\n    <\/div>\n        <div class=\"lkx-card-bottom\"><span class=\"lkx-price lkx-price-sm\">\u00e0 partir de <b>33\u00a0\u20ac<\/b><\/span><span class=\"lkx-cta lkx-cta-sm\">Voir les dates \u2192<\/span>\n        <\/div>\n      <\/div>\n    <\/a><\/div><div class=\"lkx-disclosure\">\ud83d\udd17 Liens d&#39;affiliation \u2014 sans surco\u00fbt pour vous, ils nous aident \u00e0 cr\u00e9er du contenu. \u00b7 <a href=\"https:\/\/www.getyourguide.com\/fr-fr\/s\/?q=vienna&amp;partner_id=MKZ64IS&amp;utm_medium=online_publisher\" target=\"_blank\" rel=\"sponsored noopener nofollow\">Toutes les exp\u00e9riences \u2192<\/a><\/div>\n<\/div>\n<!-- LKM_GYG_CARD end -->\n\n\n\n\n<div class=\"lk-stays-module\">\n<style>\n\/* \u2500\u2500\u2500 RESET PRO GUTENBERG \u2500\u2500\u2500 *\/\n.lk-stays-module * { box-sizing: border-box; margin: 0; padding: 0; }\n\n\/* \u2500\u2500\u2500 WRAPPER \u2500\u2500\u2500 *\/\n.lk-stays-module {\n  font-family: 'DM Sans', Georgia, sans-serif;\n  max-width: 100%;\n  margin: 2.5rem auto;\n  background: linear-gradient(135deg, #fdfaf5 0%, #fcf8f0 100%);\n  border: 1px solid #e8dfd4;\n  border-radius: 16px;\n  overflow: hidden;\n  box-shadow: 0 16px 48px rgba(195, 159, 118, 0.25), 0 4px 12px rgba(0,0,0,0.08);\n}\n\n\/* \u2500\u2500\u2500 HEADER \u2500\u2500\u2500 *\/\n.lk-stays-header {\n  position: relative;\n  padding: 24px 36px 24px;\n  background: linear-gradient(135deg, #c39f76 0%, #d4b188 60%, #c39f76 100%);\n  border-bottom: 1px solid rgba(255,255,255,.15);\n  display: flex;\n  align-items: center;\n  gap: 18px;\n}\n.lk-stays-header::before {\n  content: '';\n  position: absolute;\n  inset: 0;\n  background: url(\"data:image\/svg+xml,%3Csvg width='60' height='60' viewBox='0 0 60 60' xmlns='http:\/\/www.w3.org\/2000\/svg'%3E%3Cg fill='none' fill-rule='evenodd'%3E%3Cg fill='%23ffffff' fill-opacity='0.05'%3E%3Cpath d='M36 34v-4h-2v4h-4v2h4v4h2v-4h4v-2h-4zm0-30V0h-2v4h-4v2h4v4h2V6h4V4h-4zM6 34v-4H4v4H0v2h4v4h2v-4h4v-2H6zM6 4V0H4v4H0v2h4v4h2V6h4V4H6z'\/%3E%3C\/g%3E%3C\/g%3E%3C\/svg%3E\") repeat;\n  pointer-events: none;\n}\n.lk-stays-icon {\n  flex-shrink: 0;\n  width: 68px;\n  height: 68px;\n  border-radius: 14px;\n  background: linear-gradient(135deg, #fff 0%, #f9f6f0 100%);\n  display: flex;\n  align-items: center;\n  justify-content: center;\n  font-size: 26px;\n  box-shadow: 0 4px 12px rgba(0,0,0,0.15);\n}\n.lk-stays-eyebrow {\n  font-size: 10px;\n  font-weight: 500;\n  letter-spacing: 2.5px;\n  text-transform: uppercase;\n  color: rgba(255,255,255,.85);\n  margin: 0 0 5px 0;\n}\n.lk-stays-title {\n  font-family: 'Playfair Display', Georgia, serif;\n  font-size: 24px;\n  font-weight: 700;\n  color: #fff;\n  line-height: 1.2;\n  text-shadow: 0 1px 2px rgba(0,0,0,0.1);\n  margin: 0;\n}\n.lk-stays-subtitle {\n  font-size: 13px;\n  color: rgba(255,255,255,.75);\n  margin: 4px 0 0 0;\n  font-weight: 300;\n}\n\n\/* \u2500\u2500\u2500 CARDS GRID \u2500\u2500\u2500 *\/\n.lk-stays-grid {\n  display: grid;\n  grid-template-columns: 1fr 1fr;\n  gap: 1px;\n  background: rgba(195, 159, 118, 0.12);\n}\n\n\/* \u2500\u2500\u2500 SINGLE CARD \u2500\u2500\u2500 *\/\n.lk-stay-card {\n  background: #ffffff;\n  padding: 26px;\n  display: flex;\n  flex-direction: column;\n  gap: 11px;\n  transition: all 0.3s ease;\n  text-decoration: none;\n  color: inherit;\n  position: relative;\n}\n.lk-stay-card:hover {\n  background: #fffbf5;\n  transform: translateY(-2px);\n  box-shadow: 0 8px 24px rgba(195, 159, 118, 0.18);\n  z-index: 1;\n}\n.lk-stay-card.featured {\n  background: linear-gradient(135deg, #fffdf9 0%, #fff9f0 100%);\n  box-shadow: 0 4px 16px rgba(195, 159, 118, 0.15), inset 0 1px 0 rgba(195, 159, 118, 0.1);\n}\n.lk-stay-card.featured:hover {\n  background: linear-gradient(135deg, #fffbf5 0%, #fff8ed 100%);\n  box-shadow: 0 8px 24px rgba(195, 159, 118, 0.25), inset 0 1px 0 rgba(195, 159, 118, 0.15);\n}\n\n.lk-stay-badge {\n  display: inline-flex;\n  align-items: center;\n  gap: 5px;\n  font-size: 10px;\n  font-weight: 500;\n  letter-spacing: 1.5px;\n  text-transform: uppercase;\n  padding: 5px 11px;\n  border-radius: 20px;\n  width: fit-content;\n}\n.badge-top     { background: linear-gradient(135deg, #c39f76 0%, #d4b188 100%); color: #fff; border: 1px solid #c39f76; font-weight: 600; box-shadow: 0 2px 8px rgba(195,159,118,0.3); }\n.badge-luxury  { background: rgba(195,159,118,.12); color: #c39f76; border: 1px solid rgba(195,159,118,.25); }\n.badge-boutique{ background: rgba(54,133,252,.08); color: #3685fc; border: 1px solid rgba(54,133,252,.2); }\n.badge-nature  { background: rgba(130,190,100,.1); color: #6b9c4a; border: 1px solid rgba(130,190,100,.2); }\n.badge-remote  { background: rgba(195,159,118,.12); color: #a67e50; border: 1px solid rgba(195,159,118,.25); }\n\n.lk-stay-name {\n  font-family: 'Playfair Display', Georgia, serif;\n  font-size: 18px;\n  font-weight: 700;\n  color: #111827;\n  line-height: 1.3;\n}\n.lk-stay-desc {\n  font-size: 13.5px;\n  color: #525252;\n  line-height: 1.65;\n  font-weight: 300;\n  flex: 1;\n}\n\n.lk-stay-meta {\n  display: flex;\n  align-items: center;\n  gap: 12px;\n  flex-wrap: wrap;\n  margin-top: 4px;\n}\n.lk-stay-price {\n  font-size: 13px;\n  color: #6b7280;\n}\n.lk-stay-price strong {\n  color: #c39f76;\n  font-weight: 500;\n}\n.lk-stay-stars {\n  color: #c39f76;\n  font-size: 11px;\n  letter-spacing: 1px;\n}\n\n\/* \u2500\u2500\u2500 CTA BUTTON \u2500\u2500\u2500 *\/\n.lk-stay-cta {\n  display: inline-flex;\n  align-items: center;\n  justify-content: center;\n  gap: 7px;\n  margin-top: 8px;\n  padding: 11px 20px;\n  border-radius: 8px;\n  background: linear-gradient(135deg, #3685fc 0%, #2a6fd9 100%);\n  color: #fff;\n  font-size: 13px;\n  font-weight: 500;\n  text-decoration: none;\n  letter-spacing: .3px;\n  transition: all .2s ease;\n  cursor: pointer;\n  border: none;\n  text-align: center;\n  box-shadow: 0 4px 12px rgba(54, 133, 252, 0.25);\n}\n.lk-stay-cta:hover {\n  background: linear-gradient(135deg, #2a6fd9 0%, #1e5bc4 100%);\n  transform: translateY(-1px);\n  box-shadow: 0 6px 16px rgba(54, 133, 252, 0.35);\n}\n.lk-stay-cta svg { flex-shrink: 0; }\n\n\/* \u2500\u2500\u2500 FOOTER \u2500\u2500\u2500 *\/\n.lk-stays-footer {\n  padding: 18px 36px;\n  background: linear-gradient(to bottom, #fdfaf5 0%, #f9f4ed 100%);\n  border-top: 1px solid rgba(195, 159, 118, 0.15);\n  display: flex;\n  align-items: center;\n  justify-content: space-between;\n  flex-wrap: wrap;\n  gap: 12px;\n}\n.lk-stays-footer-note {\n  font-size: 11.5px;\n  color: #6b7280;\n  font-weight: 300;\n  line-height: 1.5;\n}\n.lk-stays-footer-note a {\n  color: #c39f76;\n  text-decoration: none;\n  font-weight: 400;\n}\n.lk-stays-footer-note a:hover {\n  text-decoration: underline;\n}\n.lk-stays-all-btn {\n  display: inline-flex;\n  align-items: center;\n  gap: 6px;\n  font-size: 12.5px;\n  font-weight: 500;\n  color: #c39f76;\n  text-decoration: none;\n  border: 1px solid rgba(195, 159, 118, 0.35);\n  padding: 8px 18px;\n  border-radius: 8px;\n  transition: all .2s ease;\n}\n.lk-stays-all-btn:hover {\n  background: rgba(195, 159, 118, 0.08);\n  border-color: rgba(195, 159, 118, 0.5);\n}\n\n\/* \u2500\u2500\u2500 RESPONSIVE \u2500\u2500\u2500 *\/\n@media (max-width: 600px) {\n  .lk-stays-grid { grid-template-columns: 1fr; }\n  .lk-stays-header { padding: 24px 20px; }\n  .lk-stays-footer { padding: 16px 20px; }\n  .lk-stay-card { padding: 22px; }\n  .lk-stays-title { font-size: 20px; }\n}\n<\/style>\n\n  <!-- HEADER -->\n  <div class=\"lk-stays-header\">\n    <img decoding=\"async\" src=\"https:\/\/loudavymkrokem.cz\/wp-content\/uploads\/2026\/02\/lukas-a-lucka.jpg\" alt=\"\" style=\"width: 75px; height: 75px; border-radius: 8px; flex-shrink: 0; object-fit: cover; display: block; margin: 4px 0;\" title=\"\">\n    <div class=\"lk-stays-header-text\">\n      <div class=\"lk-stays-eyebrow\">Luk\u00e1\u0161 et Lucie recommandent<\/div>\n      <div class=\"lk-stays-title\">O\u00f9 se loger \u00e0 Vienne<\/div>\n      <div class=\"lk-stays-subtitle\">6 h\u00e9bergements \u2014 h\u00f4tels wellness et autres options d&rsquo;h\u00e9bergement<\/div>\n    <\/div>\n  <\/div>\n\n  <!-- CARDS -->\n  <div class=\"lk-stays-grid\">\n\n    <a class=\"lk-stay-card featured\" href=\"https:\/\/www.stay22.com\/allez\/roam?aid=lukaskonecny&#038;campaign=loudavymkrokemcz&#038;campaign=fr&#038;campaign=kde-bydlet-ve-vidni&#038;hotelname=Hotel%20Sacher%20Vienna&#038;address=V%C3%ADde%C5%88%2C%20Rakousko\" target=\"_blank\" rel=\"nofollow noopener\">\n      <span class=\"lk-stay-badge badge-top\">\u2b50 TOP CHOIX<\/span>\n      <span class=\"lk-stay-badge badge-nature\">\u2b50 Luxury<\/span>\n      <div class=\"lk-stay-name\">Hotel Sacher Vienna<\/div>\n      <div class=\"lk-stay-desc\">H\u00f4tel cinq \u00e9toiles l\u00e9gendaire de 1876 situ\u00e9 directement en face de l&rsquo;op\u00e9ra avec un luxe absolu et l&rsquo;authentique Sachertorte.<\/div>\n      <div class=\"lk-stay-meta\">\n        <span class=\"lk-stay-stars\">\u2605\u2605\u2605\u2605\u2605<\/span>\n        <span class=\"lk-stay-price\">V\u00e9rifier les prix<\/span>\n      <\/div>\n      <span class=\"lk-stay-cta\">\n        <svg width=\"14\" height=\"14\" viewBox=\"0 0 24 24\" fill=\"none\" stroke=\"currentColor\" stroke-width=\"2\"><path d=\"M18 13v6a2 2 0 0 1-2 2H5a2 2 0 0 1-2-2V8a2 2 0 0 1 2-2h6\"\/><polyline points=\"15 3 21 3 21 9\"\/><line x1=\"10\" y1=\"14\" x2=\"21\" y2=\"3\"\/><\/svg>\n        V\u00e9rifier la disponibilit\u00e9\n      <\/span>\n    <\/a>\n\n    <a class=\"lk-stay-card\" href=\"https:\/\/www.stay22.com\/allez\/roam?aid=lukaskonecny&#038;campaign=loudavymkrokemcz&#038;campaign=fr&#038;campaign=kde-bydlet-ve-vidni&#038;hotelname=Hotel%20Imperial&#038;address=V%C3%ADde%C5%88%2C%20Rakousko\" target=\"_blank\" rel=\"nofollow noopener\">\n      <span class=\"lk-stay-badge badge-nature\">\u2b50 Luxury<\/span>\n      <div class=\"lk-stay-name\">Hotel Imperial<\/div>\n      <div class=\"lk-stay-desc\">Ancien palais aristocratique sur la Ringstra\u00dfe avec colonnes en marbre et services de majordome personnel.<\/div>\n      <div class=\"lk-stay-meta\">\n        <span class=\"lk-stay-stars\">\u2605\u2605\u2605\u2605\u2605<\/span>\n        <span class=\"lk-stay-price\">V\u00e9rifier les prix<\/span>\n      <\/div>\n      <span class=\"lk-stay-cta\">\n        <svg width=\"14\" height=\"14\" viewBox=\"0 0 24 24\" fill=\"none\" stroke=\"currentColor\" stroke-width=\"2\"><path d=\"M18 13v6a2 2 0 0 1-2 2H5a2 2 0 0 1-2-2V8a2 2 0 0 1 2-2h6\"\/><polyline points=\"15 3 21 3 21 9\"\/><line x1=\"10\" y1=\"14\" x2=\"21\" y2=\"3\"\/><\/svg>\n        V\u00e9rifier la disponibilit\u00e9\n      <\/span>\n    <\/a>\n\n    <a class=\"lk-stay-card\" href=\"https:\/\/www.stay22.com\/allez\/roam?aid=lukaskonecny&#038;campaign=loudavymkrokemcz&#038;campaign=fr&#038;campaign=kde-bydlet-ve-vidni&#038;hotelname=Park%20Hyatt%20Vienna&#038;address=V%C3%ADde%C5%88%2C%20Rakousko\" target=\"_blank\" rel=\"nofollow noopener\">\n      <span class=\"lk-stay-badge badge-nature\">\u2b50 Luxury<\/span>\n      <div class=\"lk-stay-name\">Park Hyatt Vienna<\/div>\n      <div class=\"lk-stay-desc\">H\u00f4tel de luxe moderne dans une ancienne banque avec piscine dans le coffre-fort historique et spa excellent.<\/div>\n      <div class=\"lk-stay-meta\">\n        <span class=\"lk-stay-stars\">\u2605\u2605\u2605\u2605\u2605<\/span>\n        <span class=\"lk-stay-price\">V\u00e9rifier les prix<\/span>\n      <\/div>\n      <span class=\"lk-stay-cta\">\n        <svg width=\"14\" height=\"14\" viewBox=\"0 0 24 24\" fill=\"none\" stroke=\"currentColor\" stroke-width=\"2\"><path d=\"M18 13v6a2 2 0 0 1-2 2H5a2 2 0 0 1-2-2V8a2 2 0 0 1 2-2h6\"\/><polyline points=\"15 3 21 3 21 9\"\/><line x1=\"10\" y1=\"14\" x2=\"21\" y2=\"3\"\/><\/svg>\n        V\u00e9rifier la disponibilit\u00e9\n      <\/span>\n    <\/a>\n\n    <a class=\"lk-stay-card\" href=\"https:\/\/www.stay22.com\/allez\/roam?aid=lukaskonecny&#038;campaign=loudavymkrokemcz&#038;campaign=fr&#038;campaign=kde-bydlet-ve-vidni&#038;hotelname=The%20Ritz-Carlton%20Vienna&#038;address=V%C3%ADde%C5%88%2C%20Rakousko\" target=\"_blank\" rel=\"nofollow noopener\">\n      <span class=\"lk-stay-badge badge-nature\">\u2b50 Luxury<\/span>\n      <div class=\"lk-stay-name\">The Ritz-Carlton Vienna<\/div>\n      <div class=\"lk-stay-desc\">Quatre palais historiques sur le Schubertring avec bar sur le toit offrant une vue panoramique.<\/div>\n      <div class=\"lk-stay-meta\">\n        <span class=\"lk-stay-stars\">\u2605\u2605\u2605\u2605\u2605<\/span>\n        <span class=\"lk-stay-price\">V\u00e9rifier les prix<\/span>\n      <\/div>\n      <span class=\"lk-stay-cta\">\n        <svg width=\"14\" height=\"14\" viewBox=\"0 0 24 24\" fill=\"none\" stroke=\"currentColor\" stroke-width=\"2\"><path d=\"M18 13v6a2 2 0 0 1-2 2H5a2 2 0 0 1-2-2V8a2 2 0 0 1 2-2h6\"\/><polyline points=\"15 3 21 3 21 9\"\/><line x1=\"10\" y1=\"14\" x2=\"21\" y2=\"3\"\/><\/svg>\n        V\u00e9rifier la disponibilit\u00e9\n      <\/span>\n    <\/a>\n\n    <a class=\"lk-stay-card\" href=\"https:\/\/www.stay22.com\/allez\/roam?aid=lukaskonecny&#038;campaign=loudavymkrokemcz&#038;campaign=fr&#038;campaign=kde-bydlet-ve-vidni&#038;hotelname=Hotel%20Bristol&#038;address=V%C3%ADde%C5%88%2C%20Rakousko\" target=\"_blank\" rel=\"nofollow noopener\">\n      <span class=\"lk-stay-badge badge-nature\">\u2b50 Luxury<\/span>\n      <div class=\"lk-stay-name\">Hotel Bristol<\/div>\n      <div class=\"lk-stay-desc\">B\u00e2timent historique de style Art D\u00e9co en face de l&rsquo;Op\u00e9ra national avec vue sur le b\u00e2timent de l&rsquo;op\u00e9ra.<\/div>\n      <div class=\"lk-stay-meta\">\n        <span class=\"lk-stay-stars\">\u2605\u2605\u2605\u2605\u2605<\/span>\n        <span class=\"lk-stay-price\">V\u00e9rifier les prix<\/span>\n      <\/div>\n      <span class=\"lk-stay-cta\">\n        <svg width=\"14\" height=\"14\" viewBox=\"0 0 24 24\" fill=\"none\" stroke=\"currentColor\" stroke-width=\"2\"><path d=\"M18 13v6a2 2 0 0 1-2 2H5a2 2 0 0 1-2-2V8a2 2 0 0 1 2-2h6\"\/><polyline points=\"15 3 21 3 21 9\"\/><line x1=\"10\" y1=\"14\" x2=\"21\" y2=\"3\"\/><\/svg>\n        V\u00e9rifier la disponibilit\u00e9\n      <\/span>\n    <\/a>\n\n    <a class=\"lk-stay-card\" href=\"https:\/\/www.stay22.com\/allez\/roam?aid=lukaskonecny&#038;campaign=loudavymkrokemcz&#038;campaign=fr&#038;campaign=kde-bydlet-ve-vidni&#038;hotelname=Rosewood%20Vienna&#038;address=V%C3%ADde%C5%88%2C%20Rakousko\" target=\"_blank\" rel=\"nofollow noopener\">\n      <span class=\"lk-stay-badge badge-nature\">\u2b50 Luxury<\/span>\n      <div class=\"lk-stay-name\">Rosewood Vienna<\/div>\n      <div class=\"lk-stay-desc\">Nouvel h\u00f4tel boutique sur la Petersplatz avec design moderne lumineux et atmosph\u00e8re intime.<\/div>\n      <div class=\"lk-stay-meta\">\n        <span class=\"lk-stay-stars\">\u2605\u2605\u2605\u2605\u2605<\/span>\n        <span class=\"lk-stay-price\">V\u00e9rifier les prix<\/span>\n      <\/div>\n      <span class=\"lk-stay-cta\">\n        <svg width=\"14\" height=\"14\" viewBox=\"0 0 24 24\" fill=\"none\" stroke=\"currentColor\" stroke-width=\"2\"><path d=\"M18 13v6a2 2 0 0 1-2 2H5a2 2 0 0 1-2-2V8a2 2 0 0 1 2-2h6\"\/><polyline points=\"15 3 21 3 21 9\"\/><line x1=\"10\" y1=\"14\" x2=\"21\" y2=\"3\"\/><\/svg>\n        V\u00e9rifier la disponibilit\u00e9\n      <\/span>\n    <\/a>\n\n  <\/div>\n\n  \n<\/div>\n\n\n\n\n<h3 class=\"wp-block-heading\"><span class=\"ez-toc-section\" id=\"14_Hotel_am_Brillantengrund\"><\/span>14. Hotel am Brillantengrund<span class=\"ez-toc-section-end\"><\/span><\/h3>\n\n\n\n<p class=\"wp-block-paragraph\">Au c\u0153ur m\u00eame du boh\u00e8me arrondissement de Neubau, tu trouveras cet h\u00f4tel absolument unique, avec une belle note de <strong>4,5 sur 863 avis<\/strong>, qui occupe de fa\u00e7on tr\u00e8s inhabituelle les vastes espaces d&rsquo;un ancien couvent. \u00c0 l&rsquo;int\u00e9rieur se cache une cour magique bord\u00e9e de vieilles galeries, qui fait office d&rsquo;oasis de calme parfaite pendant les mois les plus chauds.<\/p>\n\n\n\n<figure data-wp-context=\"{&quot;galleryId&quot;:&quot;6a9c597746517&quot;}\" data-wp-interactive=\"core\/gallery\" class=\"wp-block-gallery has-nested-images columns-2 is-cropped wp-block-gallery-is-layout-flex wp-block-gallery-8 is-layout-flex\">\n\n<figure data-wp-context=\"{&quot;imageId&quot;:&quot;6a9c597746752&quot;}\" data-wp-interactive=\"core\/image\" data-wp-key=\"6a9c597746752\" class=\"wp-block-image size-large wp-lightbox-container\"><img decoding=\"async\" width=\"1800\" height=\"1193\" data-wp-class--hide=\"state.isContentHidden\" data-wp-class--show=\"state.isContentVisible\" data-wp-init=\"callbacks.setButtonStyles\" data-wp-on--click=\"actions.showLightbox\" data-wp-on--load=\"callbacks.setButtonStyles\" data-wp-on--pointerdown=\"actions.preloadImage\" data-wp-on--pointerenter=\"actions.preloadImageWithDelay\" data-wp-on--pointerleave=\"actions.cancelPreload\" data-wp-on-window--resize=\"callbacks.setButtonStyles\" data-id=\"407052\" src=\"https:\/\/loudavymkrokem.cz\/wp-content\/uploads\/2026\/08\/hotel-am-brillantengrund-3.jpg\" alt=\"Chambre de l&#039;Hotel am Brillantengrund\" class=\"wp-image-407052\" title=\"\" srcset=\"https:\/\/loudavymkrokem.cz\/wp-content\/uploads\/2026\/08\/hotel-am-brillantengrund-3.jpg 1800w, https:\/\/loudavymkrokem.cz\/wp-content\/uploads\/2026\/08\/hotel-am-brillantengrund-3-300x199.jpg 300w, https:\/\/loudavymkrokem.cz\/wp-content\/uploads\/2026\/08\/hotel-am-brillantengrund-3-700x464.jpg 700w, https:\/\/loudavymkrokem.cz\/wp-content\/uploads\/2026\/08\/hotel-am-brillantengrund-3-768x509.jpg 768w, https:\/\/loudavymkrokem.cz\/wp-content\/uploads\/2026\/08\/hotel-am-brillantengrund-3-1536x1018.jpg 1536w, https:\/\/loudavymkrokem.cz\/wp-content\/uploads\/2026\/08\/hotel-am-brillantengrund-3-696x461.jpg 696w, https:\/\/loudavymkrokem.cz\/wp-content\/uploads\/2026\/08\/hotel-am-brillantengrund-3-1392x923.jpg 1392w\" sizes=\"(max-width: 1800px) 100vw, 1800px\" \/><button\n\t\t\tclass=\"lightbox-trigger\"\n\t\t\ttype=\"button\"\n\t\t\taria-haspopup=\"dialog\"\n\t\t\tdata-wp-bind--aria-label=\"state.thisImage.triggerButtonAriaLabel\"\n\t\t\tdata-wp-init=\"callbacks.initTriggerButton\"\n\t\t\tdata-wp-on--click=\"actions.showLightbox\"\n\t\t\tdata-wp-style--right=\"state.thisImage.buttonRight\"\n\t\t\tdata-wp-style--top=\"state.thisImage.buttonTop\"\n\t\t>\n\t\t\t<svg xmlns=\"http:\/\/www.w3.org\/2000\/svg\" width=\"12\" height=\"12\" fill=\"none\" viewBox=\"0 0 12 12\">\n\t\t\t\t<path fill=\"#fff\" d=\"M2 0a2 2 0 0 0-2 2v2h1.5V2a.5.5 0 0 1 .5-.5h2V0H2Zm2 10.5H2a.5.5 0 0 1-.5-.5V8H0v2a2 2 0 0 0 2 2h2v-1.5ZM8 12v-1.5h2a.5.5 0 0 0 .5-.5V8H12v2a2 2 0 0 1-2 2H8Zm2-12a2 2 0 0 1 2 2v2h-1.5V2a.5.5 0 0 0-.5-.5H8V0h2Z\" \/>\n\t\t\t<\/svg>\n\t\t<\/button><figcaption class=\"wp-element-caption\">Foto: Hotel am Brillantengrund \/ ofici\u00e1ln\u00ed web<\/figcaption><\/figure>\n\n<\/figure>\n\n\n\n<p class=\"wp-block-paragraph\">Ce qui rend ce lieu si exceptionnel et appr\u00e9ci\u00e9, c&rsquo;est <strong>son excellent restaurant philippin et sa musique live r\u00e9guli\u00e8re<\/strong>. Les concerts et \u00e9v\u00e9nements du soir attirent non seulement les touristes curieux, mais aussi beaucoup d&rsquo;habitants, de sorte que les cultures s&rsquo;y m\u00e9langent naturellement.<\/p>\n\n\n\n<p class=\"wp-block-paragraph\">L&rsquo;ensemble vit tout simplement de sa propre vie et propose quelque chose que tu ne trouveras pas dans les h\u00f4tels classiques. <strong>C&rsquo;est un lieu plein d&rsquo;\u00e9nergie d\u00e9brid\u00e9e, de cr\u00e9ativit\u00e9 et d&rsquo;une ambiance tr\u00e8s d\u00e9contract\u00e9e<\/strong>, o\u00f9 chaque client se sent imm\u00e9diatement le bienvenu.<\/p>\n\n\n\n<p class=\"wp-block-paragraph\">\ud83d\udca1 Astuce : c&rsquo;est le choix absolument id\u00e9al pour <strong>les voyageurs qui recherchent d\u00e9lib\u00e9r\u00e9ment une ambiance hipster et des exp\u00e9riences locales atypiques<\/strong>. Tu ne t&rsquo;y sentiras pas coinc\u00e9 comme dans un h\u00f4tel classique, mais plut\u00f4t en joyeuse visite chez des amis tr\u00e8s cr\u00e9atifs. <em><a href=\"https:\/\/www.stay22.com\/allez\/roam?aid=lukaskonecny&#038;campaign=loudavymkrokemcz&#038;campaign=kde-bydlet-ve-vidni&#038;hotelname=Hotel%20am%20Brillantengrund&#038;address=V%C3%ADde%C5%88%2C%20Rakousko\" target=\"_blank\" rel=\"nofollow noopener sponsored\">v\u00e9rifier les prix et la disponibilit\u00e9<\/a><\/em><\/p>\n\n\n\n<figure data-wp-context=\"{&quot;imageId&quot;:&quot;6a9c597746c50&quot;}\" data-wp-interactive=\"core\/image\" data-wp-key=\"6a9c597746c50\" class=\"wp-block-image size-full wp-lightbox-container\"><img decoding=\"async\" width=\"1139\" height=\"660\" data-wp-class--hide=\"state.isContentHidden\" data-wp-class--show=\"state.isContentVisible\" data-wp-init=\"callbacks.setButtonStyles\" data-wp-on--click=\"actions.showLightbox\" data-wp-on--load=\"callbacks.setButtonStyles\" data-wp-on--pointerdown=\"actions.preloadImage\" data-wp-on--pointerenter=\"actions.preloadImageWithDelay\" data-wp-on--pointerleave=\"actions.cancelPreload\" data-wp-on-window--resize=\"callbacks.setButtonStyles\" src=\"https:\/\/loudavymkrokem.cz\/wp-content\/uploads\/2026\/08\/25hours-hotel-vienna-at-museumsquartier-1.jpg\" alt=\"Bar sur le toit du 25hours Hotel pr\u00e8s du MuseumsQuartier\" class=\"wp-image-407044\" title=\"\" srcset=\"https:\/\/loudavymkrokem.cz\/wp-content\/uploads\/2026\/08\/25hours-hotel-vienna-at-museumsquartier-1.jpg 1139w, https:\/\/loudavymkrokem.cz\/wp-content\/uploads\/2026\/08\/25hours-hotel-vienna-at-museumsquartier-1-300x174.jpg 300w, https:\/\/loudavymkrokem.cz\/wp-content\/uploads\/2026\/08\/25hours-hotel-vienna-at-museumsquartier-1-700x406.jpg 700w, https:\/\/loudavymkrokem.cz\/wp-content\/uploads\/2026\/08\/25hours-hotel-vienna-at-museumsquartier-1-768x445.jpg 768w, https:\/\/loudavymkrokem.cz\/wp-content\/uploads\/2026\/08\/25hours-hotel-vienna-at-museumsquartier-1-696x403.jpg 696w\" sizes=\"(max-width: 1139px) 100vw, 1139px\" \/><button\n\t\t\tclass=\"lightbox-trigger\"\n\t\t\ttype=\"button\"\n\t\t\taria-haspopup=\"dialog\"\n\t\t\tdata-wp-bind--aria-label=\"state.thisImage.triggerButtonAriaLabel\"\n\t\t\tdata-wp-init=\"callbacks.initTriggerButton\"\n\t\t\tdata-wp-on--click=\"actions.showLightbox\"\n\t\t\tdata-wp-style--right=\"state.thisImage.buttonRight\"\n\t\t\tdata-wp-style--top=\"state.thisImage.buttonTop\"\n\t\t>\n\t\t\t<svg xmlns=\"http:\/\/www.w3.org\/2000\/svg\" width=\"12\" height=\"12\" fill=\"none\" viewBox=\"0 0 12 12\">\n\t\t\t\t<path fill=\"#fff\" d=\"M2 0a2 2 0 0 0-2 2v2h1.5V2a.5.5 0 0 1 .5-.5h2V0H2Zm2 10.5H2a.5.5 0 0 1-.5-.5V8H0v2a2 2 0 0 0 2 2h2v-1.5ZM8 12v-1.5h2a.5.5 0 0 0 .5-.5V8H12v2a2 2 0 0 1-2 2H8Zm2-12a2 2 0 0 1 2 2v2h-1.5V2a.5.5 0 0 0-.5-.5H8V0h2Z\" \/>\n\t\t\t<\/svg>\n\t\t<\/button><figcaption class=\"wp-element-caption\">Foto: 25hours Hotel Vienna \/ ofici\u00e1ln\u00ed web<\/figcaption><\/figure>\n\n\n\n<h3 class=\"wp-block-heading\"><span class=\"ez-toc-section\" id=\"15_25hours_Hotel_Vienna_at_MuseumsQuartier\"><\/span>15. 25hours Hotel Vienna at MuseumsQuartier<span class=\"ez-toc-section-end\"><\/span><\/h3>\n\n\n\n<p class=\"wp-block-paragraph\">Amusant, color\u00e9 et un brin fou au premier regard \u2013 voil\u00e0 exactement \u00e0 quoi ressemble ce grand h\u00f4tel, avec une note tr\u00e8s solide de <strong>4,5 sur pas moins de 4 906 avis<\/strong>. Ses int\u00e9rieurs sont enti\u00e8rement inspir\u00e9s du th\u00e8me ludique d&rsquo;un vieux cirque et il se trouve dans le septi\u00e8me arrondissement, \u00e0 proximit\u00e9 imm\u00e9diate de l&rsquo;immense centre culturel du MuseumsQuartier.<\/p>\n\n\n\n<figure data-wp-context=\"{&quot;galleryId&quot;:&quot;6a9c597746f06&quot;}\" data-wp-interactive=\"core\/gallery\" class=\"wp-block-gallery has-nested-images columns-2 is-cropped wp-block-gallery-is-layout-flex wp-block-gallery-9 is-layout-flex\">\n\n<figure data-wp-context=\"{&quot;imageId&quot;:&quot;6a9c597747163&quot;}\" data-wp-interactive=\"core\/image\" data-wp-key=\"6a9c597747163\" class=\"wp-block-image size-large wp-lightbox-container\"><img decoding=\"async\" width=\"1800\" height=\"1012\" data-wp-class--hide=\"state.isContentHidden\" data-wp-class--show=\"state.isContentVisible\" data-wp-init=\"callbacks.setButtonStyles\" data-wp-on--click=\"actions.showLightbox\" data-wp-on--load=\"callbacks.setButtonStyles\" data-wp-on--pointerdown=\"actions.preloadImage\" data-wp-on--pointerenter=\"actions.preloadImageWithDelay\" data-wp-on--pointerleave=\"actions.cancelPreload\" data-wp-on-window--resize=\"callbacks.setButtonStyles\" data-id=\"407046\" src=\"https:\/\/loudavymkrokem.cz\/wp-content\/uploads\/2026\/08\/25hours-hotel-vienna-at-museumsquartier-2.jpg\" alt=\"Chambre au th\u00e8me cirque du 25hours Hotel\" class=\"wp-image-407046\" title=\"\" srcset=\"https:\/\/loudavymkrokem.cz\/wp-content\/uploads\/2026\/08\/25hours-hotel-vienna-at-museumsquartier-2.jpg 1800w, https:\/\/loudavymkrokem.cz\/wp-content\/uploads\/2026\/08\/25hours-hotel-vienna-at-museumsquartier-2-300x169.jpg 300w, https:\/\/loudavymkrokem.cz\/wp-content\/uploads\/2026\/08\/25hours-hotel-vienna-at-museumsquartier-2-700x394.jpg 700w, https:\/\/loudavymkrokem.cz\/wp-content\/uploads\/2026\/08\/25hours-hotel-vienna-at-museumsquartier-2-768x432.jpg 768w, https:\/\/loudavymkrokem.cz\/wp-content\/uploads\/2026\/08\/25hours-hotel-vienna-at-museumsquartier-2-1536x864.jpg 1536w, https:\/\/loudavymkrokem.cz\/wp-content\/uploads\/2026\/08\/25hours-hotel-vienna-at-museumsquartier-2-696x391.jpg 696w, https:\/\/loudavymkrokem.cz\/wp-content\/uploads\/2026\/08\/25hours-hotel-vienna-at-museumsquartier-2-1392x783.jpg 1392w\" sizes=\"(max-width: 1800px) 100vw, 1800px\" \/><button\n\t\t\tclass=\"lightbox-trigger\"\n\t\t\ttype=\"button\"\n\t\t\taria-haspopup=\"dialog\"\n\t\t\tdata-wp-bind--aria-label=\"state.thisImage.triggerButtonAriaLabel\"\n\t\t\tdata-wp-init=\"callbacks.initTriggerButton\"\n\t\t\tdata-wp-on--click=\"actions.showLightbox\"\n\t\t\tdata-wp-style--right=\"state.thisImage.buttonRight\"\n\t\t\tdata-wp-style--top=\"state.thisImage.buttonTop\"\n\t\t>\n\t\t\t<svg xmlns=\"http:\/\/www.w3.org\/2000\/svg\" width=\"12\" height=\"12\" fill=\"none\" viewBox=\"0 0 12 12\">\n\t\t\t\t<path fill=\"#fff\" d=\"M2 0a2 2 0 0 0-2 2v2h1.5V2a.5.5 0 0 1 .5-.5h2V0H2Zm2 10.5H2a.5.5 0 0 1-.5-.5V8H0v2a2 2 0 0 0 2 2h2v-1.5ZM8 12v-1.5h2a.5.5 0 0 0 .5-.5V8H12v2a2 2 0 0 1-2 2H8Zm2-12a2 2 0 0 1 2 2v2h-1.5V2a.5.5 0 0 0-.5-.5H8V0h2Z\" \/>\n\t\t\t<\/svg>\n\t\t<\/button><figcaption class=\"wp-element-caption\">Foto: 25hours Hotel Vienna \/ ofici\u00e1ln\u00ed web<\/figcaption><\/figure>\n\n<\/figure>\n\n\n\n<p class=\"wp-block-paragraph\">Dans les avis, les clients ont ador\u00e9 les d\u00e9tails dr\u00f4les et inattendus dans les chambres, ainsi que la possibilit\u00e9 d&#8217;emprunter gratuitement des v\u00e9los de ville pour explorer Vienne plus facilement. <strong>Le design de cirque se refl\u00e8te dans chaque d\u00e9tail imaginable<\/strong> et tu ne t&rsquo;ennuieras certainement pas ici.<\/p>\n\n\n\n<p class=\"wp-block-paragraph\">Mais le plus grand tube de ce lieu est <strong>l&rsquo;excellent bar sur le toit Dachboden<\/strong>, d&rsquo;o\u00f9 s&rsquo;ouvre une magnifique vue sur toute la ville le soir et o\u00f9 se retrouve r\u00e9guli\u00e8rement la jeunesse viennoise branch\u00e9e autour d&rsquo;un verre.<\/p>\n\n\n\n<p class=\"wp-block-paragraph\">\ud83d\udca1 Astuce : loge ici la conscience tranquille si les classiques cha\u00eenes h\u00f4teli\u00e8res grises t&rsquo;ennuient et que tu <strong>cherches un h\u00e9bergement moderne avec une bonne dose d&rsquo;humour et un design visuel original<\/strong>. L&#8217;emplacement est en plus absolument id\u00e9al pour explorer la ville. <em><a href=\"https:\/\/www.stay22.com\/allez\/roam?aid=lukaskonecny&#038;campaign=loudavymkrokemcz&#038;campaign=kde-bydlet-ve-vidni&#038;hotelname=25hours%20Hotel%20Vienna%20at%20MuseumsQuartier&#038;address=V%C3%ADde%C5%88%2C%20Rakousko\" target=\"_blank\" rel=\"nofollow noopener sponsored\">v\u00e9rifier les prix et la disponibilit\u00e9<\/a><\/em><\/p>\n\n\n\n<figure data-wp-context=\"{&quot;imageId&quot;:&quot;6a9c597747860&quot;}\" data-wp-interactive=\"core\/image\" data-wp-key=\"6a9c597747860\" class=\"wp-block-image size-full wp-lightbox-container\"><img decoding=\"async\" width=\"1024\" height=\"768\" data-wp-class--hide=\"state.isContentHidden\" data-wp-class--show=\"state.isContentVisible\" data-wp-init=\"callbacks.setButtonStyles\" data-wp-on--click=\"actions.showLightbox\" data-wp-on--load=\"callbacks.setButtonStyles\" data-wp-on--pointerdown=\"actions.preloadImage\" data-wp-on--pointerenter=\"actions.preloadImageWithDelay\" data-wp-on--pointerleave=\"actions.cancelPreload\" data-wp-on-window--resize=\"callbacks.setButtonStyles\" src=\"https:\/\/loudavymkrokem.cz\/wp-content\/uploads\/2026\/08\/hotel-am-konzerthaus-pobl-v-de-sk-ho-konzertha.jpg\" alt=\"Hotel Am Konzerthaus pr\u00e8s du Konzerthaus de Vienne\" class=\"wp-image-407137\" title=\"\" srcset=\"https:\/\/loudavymkrokem.cz\/wp-content\/uploads\/2026\/08\/hotel-am-konzerthaus-pobl-v-de-sk-ho-konzertha.jpg 1024w, https:\/\/loudavymkrokem.cz\/wp-content\/uploads\/2026\/08\/hotel-am-konzerthaus-pobl-v-de-sk-ho-konzertha-300x225.jpg 300w, https:\/\/loudavymkrokem.cz\/wp-content\/uploads\/2026\/08\/hotel-am-konzerthaus-pobl-v-de-sk-ho-konzertha-700x525.jpg 700w, https:\/\/loudavymkrokem.cz\/wp-content\/uploads\/2026\/08\/hotel-am-konzerthaus-pobl-v-de-sk-ho-konzertha-768x576.jpg 768w, https:\/\/loudavymkrokem.cz\/wp-content\/uploads\/2026\/08\/hotel-am-konzerthaus-pobl-v-de-sk-ho-konzertha-80x60.jpg 80w, https:\/\/loudavymkrokem.cz\/wp-content\/uploads\/2026\/08\/hotel-am-konzerthaus-pobl-v-de-sk-ho-konzertha-160x120.jpg 160w, https:\/\/loudavymkrokem.cz\/wp-content\/uploads\/2026\/08\/hotel-am-konzerthaus-pobl-v-de-sk-ho-konzertha-696x522.jpg 696w\" sizes=\"(max-width: 1024px) 100vw, 1024px\" \/><button\n\t\t\tclass=\"lightbox-trigger\"\n\t\t\ttype=\"button\"\n\t\t\taria-haspopup=\"dialog\"\n\t\t\tdata-wp-bind--aria-label=\"state.thisImage.triggerButtonAriaLabel\"\n\t\t\tdata-wp-init=\"callbacks.initTriggerButton\"\n\t\t\tdata-wp-on--click=\"actions.showLightbox\"\n\t\t\tdata-wp-style--right=\"state.thisImage.buttonRight\"\n\t\t\tdata-wp-style--top=\"state.thisImage.buttonTop\"\n\t\t>\n\t\t\t<svg xmlns=\"http:\/\/www.w3.org\/2000\/svg\" width=\"12\" height=\"12\" fill=\"none\" viewBox=\"0 0 12 12\">\n\t\t\t\t<path fill=\"#fff\" d=\"M2 0a2 2 0 0 0-2 2v2h1.5V2a.5.5 0 0 1 .5-.5h2V0H2Zm2 10.5H2a.5.5 0 0 1-.5-.5V8H0v2a2 2 0 0 0 2 2h2v-1.5ZM8 12v-1.5h2a.5.5 0 0 0 .5-.5V8H12v2a2 2 0 0 1-2 2H8Zm2-12a2 2 0 0 1 2 2v2h-1.5V2a.5.5 0 0 0-.5-.5H8V0h2Z\" \/>\n\t\t\t<\/svg>\n\t\t<\/button><figcaption class=\"wp-element-caption\">Foto: Hotel Am Konzerthaus &#8211; MGallery Collection \/ Google Maps<\/figcaption><\/figure>\n\n\n\n<h3 class=\"wp-block-heading\"><span class=\"ez-toc-section\" id=\"16_Hotel_Am_Konzerthaus_%E2%80%94_MGallery\"><\/span>16. Hotel Am Konzerthaus \u2014 MGallery<span class=\"ez-toc-section-end\"><\/span><\/h3>\n\n\n\n<p class=\"wp-block-paragraph\">Cet h\u00f4tel tr\u00e8s \u00e9l\u00e9gant, avec une belle note de <strong>4,5 sur 2 396 avis<\/strong>, se trouve \u00e0 deux pas du c\u00e9l\u00e8bre palais du Belv\u00e9d\u00e8re et jouxte directement la fameuse salle de concert Konzerthaus. Les int\u00e9rieurs sont fortement inspir\u00e9s de la p\u00e9riode Art nouveau et des c\u00e9l\u00e8bres \u0153uvres du peintre Gustav Klimt, ce qui conf\u00e8re \u00e0 tout l&rsquo;h\u00f4tel une atmosph\u00e8re tr\u00e8s sophistiqu\u00e9e et artistique.<\/p>\n\n\n\n<p class=\"wp-block-paragraph\">Dans les avis positifs, les clients mentionnent tr\u00e8s souvent <strong>des lits \u00e9tonnamment confortables, une propret\u00e9 irr\u00e9prochable de tous les espaces et un petit d\u00e9jeuner tr\u00e8s vari\u00e9<\/strong>, qui ravira sans faute tout gourmet exigeant. L&rsquo;accent est mis ici sur l&rsquo;\u00e9l\u00e9gance classique, sans fioritures inutiles.<\/p>\n\n\n\n<p class=\"wp-block-paragraph\">La position dans le troisi\u00e8me arrondissement garantit aux dormeurs un calme nocturne suffisant. <strong>Le centre historique reste pourtant tr\u00e8s facilement accessible \u00e0 pied<\/strong> ou par un court trajet en tramway, donc tu ne rateras aucune attraction majeure.<\/p>\n\n\n\n<p class=\"wp-block-paragraph\">\ud83d\udca1 Astuce : c&rsquo;est vraiment un excellent choix pour les voyageurs qui pr\u00e9f\u00e8rent <strong>un style d&rsquo;h\u00e9bergement plus classique avec une nette touche d&rsquo;art<\/strong> et qui appr\u00e9cient un quartier plus calme avec une excellente accessibilit\u00e9 aux monuments culturels. <em><a href=\"https:\/\/www.stay22.com\/allez\/roam?aid=lukaskonecny&#038;campaign=loudavymkrokemcz&#038;campaign=kde-bydlet-ve-vidni&#038;hotelname=Hotel%20Am%20Konzerthaus&#038;address=V%C3%ADde%C5%88%2C%20Rakousko\" target=\"_blank\" rel=\"nofollow noopener sponsored\">v\u00e9rifier les prix et la disponibilit\u00e9<\/a><\/em><\/p>\n\n\n\n<figure data-wp-context=\"{&quot;imageId&quot;:&quot;6a9c597747e53&quot;}\" data-wp-interactive=\"core\/image\" data-wp-key=\"6a9c597747e53\" class=\"wp-block-image size-full wp-lightbox-container\"><img decoding=\"async\" width=\"1800\" height=\"937\" data-wp-class--hide=\"state.isContentHidden\" data-wp-class--show=\"state.isContentVisible\" data-wp-init=\"callbacks.setButtonStyles\" data-wp-on--click=\"actions.showLightbox\" data-wp-on--load=\"callbacks.setButtonStyles\" data-wp-on--pointerdown=\"actions.preloadImage\" data-wp-on--pointerenter=\"actions.preloadImageWithDelay\" data-wp-on--pointerleave=\"actions.cancelPreload\" data-wp-on-window--resize=\"callbacks.setButtonStyles\" src=\"https:\/\/loudavymkrokem.cz\/wp-content\/uploads\/2026\/08\/hotel-gilbert-3.jpg\" alt=\"Chambre de l&#039;Hotel Gilbert\" class=\"wp-image-407038\" title=\"\" srcset=\"https:\/\/loudavymkrokem.cz\/wp-content\/uploads\/2026\/08\/hotel-gilbert-3.jpg 1800w, https:\/\/loudavymkrokem.cz\/wp-content\/uploads\/2026\/08\/hotel-gilbert-3-300x156.jpg 300w, https:\/\/loudavymkrokem.cz\/wp-content\/uploads\/2026\/08\/hotel-gilbert-3-700x364.jpg 700w, https:\/\/loudavymkrokem.cz\/wp-content\/uploads\/2026\/08\/hotel-gilbert-3-768x400.jpg 768w, https:\/\/loudavymkrokem.cz\/wp-content\/uploads\/2026\/08\/hotel-gilbert-3-1536x800.jpg 1536w, https:\/\/loudavymkrokem.cz\/wp-content\/uploads\/2026\/08\/hotel-gilbert-3-696x362.jpg 696w, https:\/\/loudavymkrokem.cz\/wp-content\/uploads\/2026\/08\/hotel-gilbert-3-1392x725.jpg 1392w\" sizes=\"(max-width: 1800px) 100vw, 1800px\" \/><button\n\t\t\tclass=\"lightbox-trigger\"\n\t\t\ttype=\"button\"\n\t\t\taria-haspopup=\"dialog\"\n\t\t\tdata-wp-bind--aria-label=\"state.thisImage.triggerButtonAriaLabel\"\n\t\t\tdata-wp-init=\"callbacks.initTriggerButton\"\n\t\t\tdata-wp-on--click=\"actions.showLightbox\"\n\t\t\tdata-wp-style--right=\"state.thisImage.buttonRight\"\n\t\t\tdata-wp-style--top=\"state.thisImage.buttonTop\"\n\t\t>\n\t\t\t<svg xmlns=\"http:\/\/www.w3.org\/2000\/svg\" width=\"12\" height=\"12\" fill=\"none\" viewBox=\"0 0 12 12\">\n\t\t\t\t<path fill=\"#fff\" d=\"M2 0a2 2 0 0 0-2 2v2h1.5V2a.5.5 0 0 1 .5-.5h2V0H2Zm2 10.5H2a.5.5 0 0 1-.5-.5V8H0v2a2 2 0 0 0 2 2h2v-1.5ZM8 12v-1.5h2a.5.5 0 0 0 .5-.5V8H12v2a2 2 0 0 1-2 2H8Zm2-12a2 2 0 0 1 2 2v2h-1.5V2a.5.5 0 0 0-.5-.5H8V0h2Z\" \/>\n\t\t\t<\/svg>\n\t\t<\/button><figcaption class=\"wp-element-caption\">Foto: Hotel Gilbert \/ ofici\u00e1ln\u00ed web<\/figcaption><\/figure>\n\n\n\n<h3 class=\"wp-block-heading\"><span class=\"ez-toc-section\" id=\"17_Hotel_Gilbert\"><\/span>17. Hotel Gilbert<span class=\"ez-toc-section-end\"><\/span><\/h3>\n\n\n\n<p class=\"wp-block-paragraph\">Cet h\u00f4tel moderne et visuellement tr\u00e8s frais, non loin du MuseumsQuartier culturel, affiche une note de <strong>4,5 sur 1 073 avis<\/strong>. Son principal signe distinctif et atout est l&rsquo;immense quantit\u00e9 de plantes vivantes qui ornent g\u00e9n\u00e9reusement l&rsquo;ext\u00e9rieur comme tous les espaces int\u00e9rieurs. Tout le concept repose en effet sur la durabilit\u00e9 et le lien avec la nature.<\/p>\n\n\n\n<figure data-wp-context=\"{&quot;galleryId&quot;:&quot;6a9c59774805a&quot;}\" data-wp-interactive=\"core\/gallery\" class=\"wp-block-gallery has-nested-images columns-2 is-cropped wp-block-gallery-is-layout-flex wp-block-gallery-10 is-layout-flex\">\n\n<figure data-wp-context=\"{&quot;imageId&quot;:&quot;6a9c5977482c9&quot;}\" data-wp-interactive=\"core\/image\" data-wp-key=\"6a9c5977482c9\" class=\"wp-block-image size-large wp-lightbox-container\"><img decoding=\"async\" width=\"1800\" height=\"937\" data-wp-class--hide=\"state.isContentHidden\" data-wp-class--show=\"state.isContentVisible\" data-wp-init=\"callbacks.setButtonStyles\" data-wp-on--click=\"actions.showLightbox\" data-wp-on--load=\"callbacks.setButtonStyles\" data-wp-on--pointerdown=\"actions.preloadImage\" data-wp-on--pointerenter=\"actions.preloadImageWithDelay\" data-wp-on--pointerleave=\"actions.cancelPreload\" data-wp-on-window--resize=\"callbacks.setButtonStyles\" data-id=\"407041\" src=\"https:\/\/loudavymkrokem.cz\/wp-content\/uploads\/2026\/08\/hotel-gilbert-4.jpg\" alt=\"Int\u00e9rieur de l&#039;Hotel Gilbert\" class=\"wp-image-407041\" title=\"\" srcset=\"https:\/\/loudavymkrokem.cz\/wp-content\/uploads\/2026\/08\/hotel-gilbert-4.jpg 1800w, https:\/\/loudavymkrokem.cz\/wp-content\/uploads\/2026\/08\/hotel-gilbert-4-300x156.jpg 300w, https:\/\/loudavymkrokem.cz\/wp-content\/uploads\/2026\/08\/hotel-gilbert-4-700x364.jpg 700w, https:\/\/loudavymkrokem.cz\/wp-content\/uploads\/2026\/08\/hotel-gilbert-4-768x400.jpg 768w, https:\/\/loudavymkrokem.cz\/wp-content\/uploads\/2026\/08\/hotel-gilbert-4-1536x800.jpg 1536w, https:\/\/loudavymkrokem.cz\/wp-content\/uploads\/2026\/08\/hotel-gilbert-4-696x362.jpg 696w, https:\/\/loudavymkrokem.cz\/wp-content\/uploads\/2026\/08\/hotel-gilbert-4-1392x725.jpg 1392w\" sizes=\"(max-width: 1800px) 100vw, 1800px\" \/><button\n\t\t\tclass=\"lightbox-trigger\"\n\t\t\ttype=\"button\"\n\t\t\taria-haspopup=\"dialog\"\n\t\t\tdata-wp-bind--aria-label=\"state.thisImage.triggerButtonAriaLabel\"\n\t\t\tdata-wp-init=\"callbacks.initTriggerButton\"\n\t\t\tdata-wp-on--click=\"actions.showLightbox\"\n\t\t\tdata-wp-style--right=\"state.thisImage.buttonRight\"\n\t\t\tdata-wp-style--top=\"state.thisImage.buttonTop\"\n\t\t>\n\t\t\t<svg xmlns=\"http:\/\/www.w3.org\/2000\/svg\" width=\"12\" height=\"12\" fill=\"none\" viewBox=\"0 0 12 12\">\n\t\t\t\t<path fill=\"#fff\" d=\"M2 0a2 2 0 0 0-2 2v2h1.5V2a.5.5 0 0 1 .5-.5h2V0H2Zm2 10.5H2a.5.5 0 0 1-.5-.5V8H0v2a2 2 0 0 0 2 2h2v-1.5ZM8 12v-1.5h2a.5.5 0 0 0 .5-.5V8H12v2a2 2 0 0 1-2 2H8Zm2-12a2 2 0 0 1 2 2v2h-1.5V2a.5.5 0 0 0-.5-.5H8V0h2Z\" \/>\n\t\t\t<\/svg>\n\t\t<\/button><figcaption class=\"wp-element-caption\">Foto: Hotel Gilbert \/ ofici\u00e1ln\u00ed web<\/figcaption><\/figure>\n\n<\/figure>\n\n\n\n<p class=\"wp-block-paragraph\">Dans les nombreux avis, les clients vantent les chambres am\u00e9nag\u00e9es de fa\u00e7on moderne et fonctionnelle dans un style scandinave \u00e9pur\u00e9. <strong>L&rsquo;excellent caf\u00e9 du rez-de-chauss\u00e9e est un endroit parfait pour bien d\u00e9marrer la journ\u00e9e<\/strong> et propose un excellent caf\u00e9 de sp\u00e9cialit\u00e9.<\/p>\n\n\n\n<p class=\"wp-block-paragraph\">Un grand \u00e9loge revient aussi pour <strong>le personnel tr\u00e8s sympathique et jeune, qui contribue \u00e0 cr\u00e9er une ambiance d\u00e9tendue et totalement d\u00e9contract\u00e9e<\/strong> pendant tout le s\u00e9jour. Personne ne se prend au s\u00e9rieux ici et l&rsquo;atmosph\u00e8re est merveilleusement relax.<\/p>\n\n\n\n<p class=\"wp-block-paragraph\">\ud83d\udca1 Astuce : cet h\u00f4tel vert est fait pour tous ceux qui aiment sinc\u00e8rement <strong>le design minimaliste et \u00e9pur\u00e9, la verdure vivante et veulent loger dans un quartier moderne plein de bonnes adresses<\/strong>, sans avoir \u00e0 payer les prix premium du premier arrondissement. <em><a href=\"https:\/\/www.stay22.com\/allez\/roam?aid=lukaskonecny&#038;campaign=loudavymkrokemcz&#038;campaign=kde-bydlet-ve-vidni&#038;hotelname=Hotel%20Gilbert&#038;address=V%C3%ADde%C5%88%2C%20Rakousko\" target=\"_blank\" rel=\"nofollow noopener sponsored\">v\u00e9rifier les prix et la disponibilit\u00e9<\/a><\/em><\/p>\n\n\n\n<figure data-wp-context=\"{&quot;imageId&quot;:&quot;6a9c5977488a1&quot;}\" data-wp-interactive=\"core\/image\" data-wp-key=\"6a9c5977488a1\" class=\"wp-block-image size-full wp-lightbox-container\"><img decoding=\"async\" width=\"1650\" height=\"1000\" data-wp-class--hide=\"state.isContentHidden\" data-wp-class--show=\"state.isContentVisible\" data-wp-init=\"callbacks.setButtonStyles\" data-wp-on--click=\"actions.showLightbox\" data-wp-on--load=\"callbacks.setButtonStyles\" data-wp-on--pointerdown=\"actions.preloadImage\" data-wp-on--pointerenter=\"actions.preloadImageWithDelay\" data-wp-on--pointerleave=\"actions.cancelPreload\" data-wp-on-window--resize=\"callbacks.setButtonStyles\" src=\"https:\/\/loudavymkrokem.cz\/wp-content\/uploads\/2026\/08\/hotel-schani-1.jpg\" alt=\"Lobby de l&#039;Hotel Schani pr\u00e8s de la gare centrale\" class=\"wp-image-407035\" title=\"\" srcset=\"https:\/\/loudavymkrokem.cz\/wp-content\/uploads\/2026\/08\/hotel-schani-1.jpg 1650w, https:\/\/loudavymkrokem.cz\/wp-content\/uploads\/2026\/08\/hotel-schani-1-300x182.jpg 300w, https:\/\/loudavymkrokem.cz\/wp-content\/uploads\/2026\/08\/hotel-schani-1-700x424.jpg 700w, https:\/\/loudavymkrokem.cz\/wp-content\/uploads\/2026\/08\/hotel-schani-1-768x465.jpg 768w, https:\/\/loudavymkrokem.cz\/wp-content\/uploads\/2026\/08\/hotel-schani-1-1536x931.jpg 1536w, https:\/\/loudavymkrokem.cz\/wp-content\/uploads\/2026\/08\/hotel-schani-1-696x422.jpg 696w, https:\/\/loudavymkrokem.cz\/wp-content\/uploads\/2026\/08\/hotel-schani-1-1392x844.jpg 1392w\" sizes=\"(max-width: 1650px) 100vw, 1650px\" \/><button\n\t\t\tclass=\"lightbox-trigger\"\n\t\t\ttype=\"button\"\n\t\t\taria-haspopup=\"dialog\"\n\t\t\tdata-wp-bind--aria-label=\"state.thisImage.triggerButtonAriaLabel\"\n\t\t\tdata-wp-init=\"callbacks.initTriggerButton\"\n\t\t\tdata-wp-on--click=\"actions.showLightbox\"\n\t\t\tdata-wp-style--right=\"state.thisImage.buttonRight\"\n\t\t\tdata-wp-style--top=\"state.thisImage.buttonTop\"\n\t\t>\n\t\t\t<svg xmlns=\"http:\/\/www.w3.org\/2000\/svg\" width=\"12\" height=\"12\" fill=\"none\" viewBox=\"0 0 12 12\">\n\t\t\t\t<path fill=\"#fff\" d=\"M2 0a2 2 0 0 0-2 2v2h1.5V2a.5.5 0 0 1 .5-.5h2V0H2Zm2 10.5H2a.5.5 0 0 1-.5-.5V8H0v2a2 2 0 0 0 2 2h2v-1.5ZM8 12v-1.5h2a.5.5 0 0 0 .5-.5V8H12v2a2 2 0 0 1-2 2H8Zm2-12a2 2 0 0 1 2 2v2h-1.5V2a.5.5 0 0 0-.5-.5H8V0h2Z\" \/>\n\t\t\t<\/svg>\n\t\t<\/button><figcaption class=\"wp-element-caption\">Foto: Hotel Schani \/ ofici\u00e1ln\u00ed web<\/figcaption><\/figure>\n\n\n\n<h3 class=\"wp-block-heading\"><span class=\"ez-toc-section\" id=\"18_Hotel_Schani\"><\/span>18. Hotel Schani<span class=\"ez-toc-section-end\"><\/span><\/h3>\n\n\n\n<p class=\"wp-block-paragraph\">Si tu arrives \u00e0 Vienne confortablement en train, cet h\u00f4tel malin, avec une note de <strong>4,5 sur 1 690 avis<\/strong>, se trouve juste \u00e0 c\u00f4t\u00e9 de la gare centrale (Hauptbahnhof) et repr\u00e9sente un h\u00e9bergement technologiquement tr\u00e8s avanc\u00e9. Tout le long processus, de l&rsquo;enregistrement initial jusqu&rsquo;au d\u00e9verrouillage de la chambre, peut se g\u00e9rer enti\u00e8rement via l&rsquo;appli sur ton smartphone.<\/p>\n\n\n\n<p class=\"wp-block-paragraph\">Dans les avis, les voyageurs appr\u00e9cient beaucoup <strong>les espaces de travail confortables et bien pens\u00e9s dans le vaste lobby<\/strong>, qui font de l&rsquo;h\u00f4tel un endroit id\u00e9al pour les nomades num\u00e9riques. Les chambres modernes sont certes plus petites, mais parfaitement et tr\u00e8s logiquement agenc\u00e9es.<\/p>\n\n\n\n<p class=\"wp-block-paragraph\">Un \u00e9norme plus, bien s\u00fbr : <strong>l&rsquo;excellente accessibilit\u00e9 en transports<\/strong>, car la gare voisine est aussi un n\u0153ud majeur de m\u00e9tro et de tramways. Depuis ce point de d\u00e9part, tu rejoins en un \u00e9clair absolument n&rsquo;importe quel coin de la ville.<\/p>\n\n\n\n<p class=\"wp-block-paragraph\">\ud83d\udca1 Astuce : je recommande vivement cet h\u00f4tel pour <strong>les voyages d&rsquo;affaires ou les courts s\u00e9jours de week-end o\u00f9 tu voyages en train<\/strong> et o\u00f9 tu ne veux pas perdre un temps pr\u00e9cieux \u00e0 traverser toute la ville avec des valises lourdes. La gare est juste en face et tu peux t&rsquo;installer aussit\u00f4t arriv\u00e9 pour partir d\u00e9couvrir les beaut\u00e9s de la m\u00e9tropole autrichienne. <em><a href=\"https:\/\/www.stay22.com\/allez\/roam?aid=lukaskonecny&#038;campaign=loudavymkrokemcz&#038;campaign=kde-bydlet-ve-vidni&#038;hotelname=Hotel%20Schani&#038;address=V%C3%ADde%C5%88%2C%20Rakousko\" target=\"_blank\" rel=\"nofollow noopener sponsored\">v\u00e9rifier les prix et la disponibilit\u00e9<\/a><\/em><\/p>\n\n\n\n<figure data-wp-context=\"{&quot;imageId&quot;:&quot;6a9c597748e8f&quot;}\" data-wp-interactive=\"core\/image\" data-wp-key=\"6a9c597748e8f\" class=\"wp-block-image size-full wp-lightbox-container\"><img decoding=\"async\" width=\"1600\" height=\"1067\" data-wp-class--hide=\"state.isContentHidden\" data-wp-class--show=\"state.isContentVisible\" data-wp-init=\"callbacks.setButtonStyles\" data-wp-on--click=\"actions.showLightbox\" data-wp-on--load=\"callbacks.setButtonStyles\" data-wp-on--pointerdown=\"actions.preloadImage\" data-wp-on--pointerenter=\"actions.preloadImageWithDelay\" data-wp-on--pointerleave=\"actions.cancelPreload\" data-wp-on-window--resize=\"callbacks.setButtonStyles\" src=\"https:\/\/loudavymkrokem.cz\/wp-content\/uploads\/2026\/08\/ruby-marie-hotel-u-mariahilfer-stra-e.jpg\" alt=\"Ruby Marie Hotel pr\u00e8s de la Mariahilfer Stra\u00dfe\" class=\"wp-image-407134\" title=\"\" srcset=\"https:\/\/loudavymkrokem.cz\/wp-content\/uploads\/2026\/08\/ruby-marie-hotel-u-mariahilfer-stra-e.jpg 1600w, https:\/\/loudavymkrokem.cz\/wp-content\/uploads\/2026\/08\/ruby-marie-hotel-u-mariahilfer-stra-e-300x200.jpg 300w, https:\/\/loudavymkrokem.cz\/wp-content\/uploads\/2026\/08\/ruby-marie-hotel-u-mariahilfer-stra-e-700x467.jpg 700w, https:\/\/loudavymkrokem.cz\/wp-content\/uploads\/2026\/08\/ruby-marie-hotel-u-mariahilfer-stra-e-768x512.jpg 768w, https:\/\/loudavymkrokem.cz\/wp-content\/uploads\/2026\/08\/ruby-marie-hotel-u-mariahilfer-stra-e-1536x1024.jpg 1536w, https:\/\/loudavymkrokem.cz\/wp-content\/uploads\/2026\/08\/ruby-marie-hotel-u-mariahilfer-stra-e-696x464.jpg 696w, https:\/\/loudavymkrokem.cz\/wp-content\/uploads\/2026\/08\/ruby-marie-hotel-u-mariahilfer-stra-e-1392x928.jpg 1392w\" sizes=\"(max-width: 1600px) 100vw, 1600px\" \/><button\n\t\t\tclass=\"lightbox-trigger\"\n\t\t\ttype=\"button\"\n\t\t\taria-haspopup=\"dialog\"\n\t\t\tdata-wp-bind--aria-label=\"state.thisImage.triggerButtonAriaLabel\"\n\t\t\tdata-wp-init=\"callbacks.initTriggerButton\"\n\t\t\tdata-wp-on--click=\"actions.showLightbox\"\n\t\t\tdata-wp-style--right=\"state.thisImage.buttonRight\"\n\t\t\tdata-wp-style--top=\"state.thisImage.buttonTop\"\n\t\t>\n\t\t\t<svg xmlns=\"http:\/\/www.w3.org\/2000\/svg\" width=\"12\" height=\"12\" fill=\"none\" viewBox=\"0 0 12 12\">\n\t\t\t\t<path fill=\"#fff\" d=\"M2 0a2 2 0 0 0-2 2v2h1.5V2a.5.5 0 0 1 .5-.5h2V0H2Zm2 10.5H2a.5.5 0 0 1-.5-.5V8H0v2a2 2 0 0 0 2 2h2v-1.5ZM8 12v-1.5h2a.5.5 0 0 0 .5-.5V8H12v2a2 2 0 0 1-2 2H8Zm2-12a2 2 0 0 1 2 2v2h-1.5V2a.5.5 0 0 0-.5-.5H8V0h2Z\" \/>\n\t\t\t<\/svg>\n\t\t<\/button><figcaption class=\"wp-element-caption\">Foto: Ruby Marie Hotel Vienna by IHG \/ Google Maps<\/figcaption><\/figure>\n\n\n\n<h3 class=\"wp-block-heading\"><span class=\"ez-toc-section\" id=\"19_Ruby_Marie_Hotel_Vienna\"><\/span>19. Ruby Marie Hotel Vienna<span class=\"ez-toc-section-end\"><\/span><\/h3>\n\n\n\n<p class=\"wp-block-paragraph\">Cet h\u00f4tel immense et extr\u00eamement populaire se dresse directement sur la c\u00e9l\u00e8bre avenue commer\u00e7ante Mariahilfer Stra\u00dfe et affiche une superbe note de <strong>4,6 sur 3 579 avis<\/strong>. Tout le concept de la marque \u00e0 succ\u00e8s Ruby repose sur l&rsquo;id\u00e9e int\u00e9ressante du \u00ab lean luxury \u00bb. En pratique, tu payes pour un lit confortable fantastique, une douche puissante et un emplacement exceptionnel, mais pas pour des services h\u00f4teliers superflus dont tu ne te servirais de toute fa\u00e7on pas.<\/p>\n\n\n\n<p class=\"wp-block-paragraph\">De nombreux avis laissent transpara\u00eetre un \u00e9norme enthousiasme pour <strong>la magnifique terrasse sur le toit et le bar styl\u00e9 ouvert non-stop<\/strong>. Ce bar ne sert pas seulement les petits d\u00e9jeuners du matin, il fait aussi office d&rsquo;endroit id\u00e9al pour une soir\u00e9e d\u00e9tendue, cocktail en main. Les chambres modernes sont certes plut\u00f4t petites, mais tr\u00e8s intelligemment et pratiquement agenc\u00e9es.<\/p>\n\n\n\n<p class=\"wp-block-paragraph\">Gr\u00e2ce \u00e0 sa position dans le sixi\u00e8me arrondissement de Mariahilf, tu as les meilleures boutiques litt\u00e9ralement devant ta porte d&rsquo;entr\u00e9e. <strong>La station de m\u00e9tro se trouve \u00e0 quelques pas de la r\u00e9ception<\/strong>, donc apr\u00e8s une journ\u00e9e intense de shopping, tu n&rsquo;as pas \u00e0 tra\u00eener tes sacs bien loin.<\/p>\n\n\n\n<p class=\"wp-block-paragraph\">\ud83d\udca1 Astuce : c&rsquo;est une base parfaite et strat\u00e9gique pour <strong>les passionn\u00e9s de shopping et les jeunes couples<\/strong> qui veulent loger dans un environnement moderne et tr\u00e8s anim\u00e9, avec une excellente accessibilit\u00e9 \u00e0 toute la vie nocturne. <em><a href=\"https:\/\/www.stay22.com\/allez\/roam?aid=lukaskonecny&#038;campaign=loudavymkrokemcz&#038;campaign=kde-bydlet-ve-vidni&#038;hotelname=Ruby%20Marie%20Hotel%20Vienna&#038;address=V%C3%ADde%C5%88%2C%20Rakousko\" target=\"_blank\" rel=\"nofollow noopener sponsored\">v\u00e9rifier les prix et la disponibilit\u00e9<\/a><\/em><\/p>\n\n\n\n<figure data-wp-context=\"{&quot;imageId&quot;:&quot;6a9c597749413&quot;}\" data-wp-interactive=\"core\/image\" data-wp-key=\"6a9c597749413\" class=\"wp-block-image size-full wp-lightbox-container\"><img decoding=\"async\" width=\"1800\" height=\"945\" data-wp-class--hide=\"state.isContentHidden\" data-wp-class--show=\"state.isContentVisible\" data-wp-init=\"callbacks.setButtonStyles\" data-wp-on--click=\"actions.showLightbox\" data-wp-on--load=\"callbacks.setButtonStyles\" data-wp-on--pointerdown=\"actions.preloadImage\" data-wp-on--pointerenter=\"actions.preloadImageWithDelay\" data-wp-on--pointerleave=\"actions.cancelPreload\" data-wp-on-window--resize=\"callbacks.setButtonStyles\" src=\"https:\/\/loudavymkrokem.cz\/wp-content\/uploads\/2026\/08\/hotel-josefshof-am-rathaus-1.jpg\" alt=\"Hotel Josefshof am Rathaus \u00e0 Josefstadt\" class=\"wp-image-407032\" title=\"\" srcset=\"https:\/\/loudavymkrokem.cz\/wp-content\/uploads\/2026\/08\/hotel-josefshof-am-rathaus-1.jpg 1800w, https:\/\/loudavymkrokem.cz\/wp-content\/uploads\/2026\/08\/hotel-josefshof-am-rathaus-1-300x158.jpg 300w, https:\/\/loudavymkrokem.cz\/wp-content\/uploads\/2026\/08\/hotel-josefshof-am-rathaus-1-700x368.jpg 700w, https:\/\/loudavymkrokem.cz\/wp-content\/uploads\/2026\/08\/hotel-josefshof-am-rathaus-1-768x403.jpg 768w, https:\/\/loudavymkrokem.cz\/wp-content\/uploads\/2026\/08\/hotel-josefshof-am-rathaus-1-1536x806.jpg 1536w, https:\/\/loudavymkrokem.cz\/wp-content\/uploads\/2026\/08\/hotel-josefshof-am-rathaus-1-696x365.jpg 696w, https:\/\/loudavymkrokem.cz\/wp-content\/uploads\/2026\/08\/hotel-josefshof-am-rathaus-1-1392x731.jpg 1392w\" sizes=\"(max-width: 1800px) 100vw, 1800px\" \/><button\n\t\t\tclass=\"lightbox-trigger\"\n\t\t\ttype=\"button\"\n\t\t\taria-haspopup=\"dialog\"\n\t\t\tdata-wp-bind--aria-label=\"state.thisImage.triggerButtonAriaLabel\"\n\t\t\tdata-wp-init=\"callbacks.initTriggerButton\"\n\t\t\tdata-wp-on--click=\"actions.showLightbox\"\n\t\t\tdata-wp-style--right=\"state.thisImage.buttonRight\"\n\t\t\tdata-wp-style--top=\"state.thisImage.buttonTop\"\n\t\t>\n\t\t\t<svg xmlns=\"http:\/\/www.w3.org\/2000\/svg\" width=\"12\" height=\"12\" fill=\"none\" viewBox=\"0 0 12 12\">\n\t\t\t\t<path fill=\"#fff\" d=\"M2 0a2 2 0 0 0-2 2v2h1.5V2a.5.5 0 0 1 .5-.5h2V0H2Zm2 10.5H2a.5.5 0 0 1-.5-.5V8H0v2a2 2 0 0 0 2 2h2v-1.5ZM8 12v-1.5h2a.5.5 0 0 0 .5-.5V8H12v2a2 2 0 0 1-2 2H8Zm2-12a2 2 0 0 1 2 2v2h-1.5V2a.5.5 0 0 0-.5-.5H8V0h2Z\" \/>\n\t\t\t<\/svg>\n\t\t<\/button><figcaption class=\"wp-element-caption\">Foto: Hotel Josefshof am Rathaus \/ ofici\u00e1ln\u00ed web<\/figcaption><\/figure>\n\n\n\n<h3 class=\"wp-block-heading\"><span class=\"ez-toc-section\" id=\"20_Hotel_Josefshof_am_Rathaus\"><\/span>20. Hotel Josefshof am Rathaus<span class=\"ez-toc-section-end\"><\/span><\/h3>\n\n\n\n<p class=\"wp-block-paragraph\">Dans le beau et incroyablement calme huiti\u00e8me arrondissement de Josefstadt se dresse cet h\u00f4tel tr\u00e8s traditionnel, avec une note de <strong>4,5 sur 2 310 avis<\/strong>. Ce vaste b\u00e2timent propose de belles chambres am\u00e9nag\u00e9es soit dans le style de l&rsquo;\u00e9l\u00e9gance historique viennoise classique, soit dans un design Art nouveau tr\u00e8s frais et moderne. L&rsquo;imposant h\u00f4tel de ville et le c\u00e9l\u00e8bre Burgtheater ne sont qu&rsquo;\u00e0 quelques minutes d&rsquo;une agr\u00e9able promenade par des rues tranquilles.<\/p>\n\n\n\n<p class=\"wp-block-paragraph\">Dans les avis, les visiteurs vantent avant tout <strong>la magnifique cour int\u00e9rieure parfaitement silencieuse, o\u00f9 l&rsquo;on sert les petits d\u00e9jeuners l&rsquo;\u00e9t\u00e9<\/strong>. Autre \u00e9norme avantage : les tr\u00e8s g\u00e9n\u00e9reux horaires du d\u00e9licieux buffet du petit d\u00e9jeuner, ouvert ici jusqu&rsquo;\u00e0 midi, ce qui ravira \u00e0 coup s\u00fbr tous les l\u00e8ve-tard.<\/p>\n\n\n\n<p class=\"wp-block-paragraph\">Cet arrondissement est r\u00e9put\u00e9 pour ses petits caf\u00e9s ind\u00e9pendants et son rythme de vie globalement tr\u00e8s lent. <strong>Le personnel de l&rsquo;h\u00f4tel est renomm\u00e9 pour son hospitalit\u00e9 autrichienne traditionnelle<\/strong> et te conseillera toujours volontiers une adresse locale tranquille pour un bon verre en soir\u00e9e.<\/p>\n\n\n\n<p class=\"wp-block-paragraph\">\ud83d\udca1 Astuce : loge ici sans h\u00e9siter si tu cherches <strong>le calme absolu dans un magnifique quartier r\u00e9sidentiel, tout en voulant garder le centre-ville constamment \u00e0 port\u00e9e de main<\/strong>. Le huiti\u00e8me arrondissement est parfaitement adapt\u00e9 \u00e0 cela et tr\u00e8s authentique. <em><a href=\"https:\/\/www.stay22.com\/allez\/roam?aid=lukaskonecny&#038;campaign=loudavymkrokemcz&#038;campaign=kde-bydlet-ve-vidni&#038;hotelname=Hotel%20Josefshof%20am%20Rathaus&#038;address=V%C3%ADde%C5%88%2C%20Rakousko\" target=\"_blank\" rel=\"nofollow noopener sponsored\">v\u00e9rifier les prix et la disponibilit\u00e9<\/a><\/em><\/p>\n\n\n\n<figure data-wp-context=\"{&quot;imageId&quot;:&quot;6a9c597749927&quot;}\" data-wp-interactive=\"core\/image\" data-wp-key=\"6a9c597749927\" class=\"wp-block-image size-full wp-lightbox-container\"><img decoding=\"async\" width=\"1600\" height=\"900\" data-wp-class--hide=\"state.isContentHidden\" data-wp-class--show=\"state.isContentVisible\" data-wp-init=\"callbacks.setButtonStyles\" data-wp-on--click=\"actions.showLightbox\" data-wp-on--load=\"callbacks.setButtonStyles\" data-wp-on--pointerdown=\"actions.preloadImage\" data-wp-on--pointerenter=\"actions.preloadImageWithDelay\" data-wp-on--pointerleave=\"actions.cancelPreload\" data-wp-on-window--resize=\"callbacks.setButtonStyles\" src=\"https:\/\/loudavymkrokem.cz\/wp-content\/uploads\/2026\/08\/hotel-rathauspark-u-v-de-sk-radnice.jpg\" alt=\"Hotel Rathauspark pr\u00e8s de l&#039;h\u00f4tel de ville de Vienne\" class=\"wp-image-407130\" title=\"\" srcset=\"https:\/\/loudavymkrokem.cz\/wp-content\/uploads\/2026\/08\/hotel-rathauspark-u-v-de-sk-radnice.jpg 1600w, https:\/\/loudavymkrokem.cz\/wp-content\/uploads\/2026\/08\/hotel-rathauspark-u-v-de-sk-radnice-300x169.jpg 300w, https:\/\/loudavymkrokem.cz\/wp-content\/uploads\/2026\/08\/hotel-rathauspark-u-v-de-sk-radnice-700x394.jpg 700w, https:\/\/loudavymkrokem.cz\/wp-content\/uploads\/2026\/08\/hotel-rathauspark-u-v-de-sk-radnice-768x432.jpg 768w, https:\/\/loudavymkrokem.cz\/wp-content\/uploads\/2026\/08\/hotel-rathauspark-u-v-de-sk-radnice-1536x864.jpg 1536w, https:\/\/loudavymkrokem.cz\/wp-content\/uploads\/2026\/08\/hotel-rathauspark-u-v-de-sk-radnice-696x392.jpg 696w, https:\/\/loudavymkrokem.cz\/wp-content\/uploads\/2026\/08\/hotel-rathauspark-u-v-de-sk-radnice-1392x783.jpg 1392w\" sizes=\"(max-width: 1600px) 100vw, 1600px\" \/><button\n\t\t\tclass=\"lightbox-trigger\"\n\t\t\ttype=\"button\"\n\t\t\taria-haspopup=\"dialog\"\n\t\t\tdata-wp-bind--aria-label=\"state.thisImage.triggerButtonAriaLabel\"\n\t\t\tdata-wp-init=\"callbacks.initTriggerButton\"\n\t\t\tdata-wp-on--click=\"actions.showLightbox\"\n\t\t\tdata-wp-style--right=\"state.thisImage.buttonRight\"\n\t\t\tdata-wp-style--top=\"state.thisImage.buttonTop\"\n\t\t>\n\t\t\t<svg xmlns=\"http:\/\/www.w3.org\/2000\/svg\" width=\"12\" height=\"12\" fill=\"none\" viewBox=\"0 0 12 12\">\n\t\t\t\t<path fill=\"#fff\" d=\"M2 0a2 2 0 0 0-2 2v2h1.5V2a.5.5 0 0 1 .5-.5h2V0H2Zm2 10.5H2a.5.5 0 0 1-.5-.5V8H0v2a2 2 0 0 0 2 2h2v-1.5ZM8 12v-1.5h2a.5.5 0 0 0 .5-.5V8H12v2a2 2 0 0 1-2 2H8Zm2-12a2 2 0 0 1 2 2v2h-1.5V2a.5.5 0 0 0-.5-.5H8V0h2Z\" \/>\n\t\t\t<\/svg>\n\t\t<\/button><figcaption class=\"wp-element-caption\">Foto: Hotel Rathauspark Wien &#8211; Handwritten Collection \/ Google Maps<\/figcaption><\/figure>\n\n\n\n<h3 class=\"wp-block-heading\"><span class=\"ez-toc-section\" id=\"21_Hotel_Rathauspark_Wien_%E2%80%94_Handwritten_Collection\"><\/span>21. Hotel Rathauspark Wien \u2014 Handwritten Collection<span class=\"ez-toc-section-end\"><\/span><\/h3>\n\n\n\n<p class=\"wp-block-paragraph\">Cet h\u00f4tel de cat\u00e9gorie moyenne, tr\u00e8s agr\u00e9able et fiable, avec une belle note de <strong>4,4 sur 1 300 avis<\/strong>, occupe un palais bourgeois du XIXe si\u00e8cle soigneusement r\u00e9nov\u00e9. Tu le trouveras \u00e0 deux pas de l&rsquo;imposant h\u00f4tel de ville et du b\u00e2timent principal de l&rsquo;universit\u00e9 de Vienne. Toutes les chambres associent avec go\u00fbt des \u00e9l\u00e9ments historiques d&rsquo;origine et un design moderne \u00e9pur\u00e9.<\/p>\n\n\n\n<p class=\"wp-block-paragraph\">D&rsquo;apr\u00e8s de nombreux avis ind\u00e9pendants de clients, le plus grand atout de cet h\u00f4tel est <strong>l&rsquo;excellent rapport qualit\u00e9-prix, des chambres tr\u00e8s spacieuses et une atmosph\u00e8re \u00e9tonnamment calme<\/strong>. Ce calme contraste, de fa\u00e7on tr\u00e8s agr\u00e9able, avec l&rsquo;animation permanente du centre historique tout proche, o\u00f9 l&rsquo;on va admirer les monuments dans la journ\u00e9e.<\/p>\n\n\n\n<p class=\"wp-block-paragraph\">Gr\u00e2ce \u00e0 la proximit\u00e9 du campus universitaire, tu trouveras dans les rues alentour plein de bistrots et de caf\u00e9s excellents et abordables, o\u00f9 les \u00e9tudiants locaux aiment aller. <strong>La desserte en tramway est ici absolument exemplaire<\/strong>, donc tu acc\u00e8des facilement \u00e0 n&rsquo;importe quelle attraction plus \u00e9loign\u00e9e.<\/p>\n\n\n\n<p class=\"wp-block-paragraph\">\ud83d\udca1 Astuce : choisis cet h\u00f4tel \u00e9prouv\u00e9 si tu cherches tout simplement <strong>un h\u00e9bergement solide et tr\u00e8s fiable dans un beau b\u00e2timent historique<\/strong>, d&rsquo;o\u00f9 tu rejoins tr\u00e8s confortablement \u00e0 pied les principaux mus\u00e9es et monuments du c\u00e9l\u00e8bre Ring. <em><a href=\"https:\/\/www.stay22.com\/allez\/roam?aid=lukaskonecny&#038;campaign=loudavymkrokemcz&#038;campaign=kde-bydlet-ve-vidni&#038;hotelname=Hotel%20Rathauspark%20Wien&#038;address=V%C3%ADde%C5%88%2C%20Rakousko\" target=\"_blank\" rel=\"nofollow noopener sponsored\">v\u00e9rifier les prix et la disponibilit\u00e9<\/a><\/em><\/p>\n\n\n\n<figure data-wp-context=\"{&quot;imageId&quot;:&quot;6a9c597749f06&quot;}\" data-wp-interactive=\"core\/image\" data-wp-key=\"6a9c597749f06\" class=\"wp-block-image size-full wp-lightbox-container\"><img decoding=\"async\" width=\"1600\" height=\"900\" data-wp-class--hide=\"state.isContentHidden\" data-wp-class--show=\"state.isContentVisible\" data-wp-init=\"callbacks.setButtonStyles\" data-wp-on--click=\"actions.showLightbox\" data-wp-on--load=\"callbacks.setButtonStyles\" data-wp-on--pointerdown=\"actions.preloadImage\" data-wp-on--pointerenter=\"actions.preloadImageWithDelay\" data-wp-on--pointerleave=\"actions.cancelPreload\" data-wp-on-window--resize=\"callbacks.setButtonStyles\" src=\"https:\/\/loudavymkrokem.cz\/wp-content\/uploads\/2026\/08\/ruby-lissi-hotel-pobl-stephansdomu.jpg\" alt=\"Ruby Lissi Hotel pr\u00e8s du Stephansdom\" class=\"wp-image-407127\" title=\"\" srcset=\"https:\/\/loudavymkrokem.cz\/wp-content\/uploads\/2026\/08\/ruby-lissi-hotel-pobl-stephansdomu.jpg 1600w, https:\/\/loudavymkrokem.cz\/wp-content\/uploads\/2026\/08\/ruby-lissi-hotel-pobl-stephansdomu-300x169.jpg 300w, https:\/\/loudavymkrokem.cz\/wp-content\/uploads\/2026\/08\/ruby-lissi-hotel-pobl-stephansdomu-700x394.jpg 700w, https:\/\/loudavymkrokem.cz\/wp-content\/uploads\/2026\/08\/ruby-lissi-hotel-pobl-stephansdomu-768x432.jpg 768w, https:\/\/loudavymkrokem.cz\/wp-content\/uploads\/2026\/08\/ruby-lissi-hotel-pobl-stephansdomu-1536x864.jpg 1536w, https:\/\/loudavymkrokem.cz\/wp-content\/uploads\/2026\/08\/ruby-lissi-hotel-pobl-stephansdomu-696x392.jpg 696w, https:\/\/loudavymkrokem.cz\/wp-content\/uploads\/2026\/08\/ruby-lissi-hotel-pobl-stephansdomu-1392x783.jpg 1392w\" sizes=\"(max-width: 1600px) 100vw, 1600px\" \/><button\n\t\t\tclass=\"lightbox-trigger\"\n\t\t\ttype=\"button\"\n\t\t\taria-haspopup=\"dialog\"\n\t\t\tdata-wp-bind--aria-label=\"state.thisImage.triggerButtonAriaLabel\"\n\t\t\tdata-wp-init=\"callbacks.initTriggerButton\"\n\t\t\tdata-wp-on--click=\"actions.showLightbox\"\n\t\t\tdata-wp-style--right=\"state.thisImage.buttonRight\"\n\t\t\tdata-wp-style--top=\"state.thisImage.buttonTop\"\n\t\t>\n\t\t\t<svg xmlns=\"http:\/\/www.w3.org\/2000\/svg\" width=\"12\" height=\"12\" fill=\"none\" viewBox=\"0 0 12 12\">\n\t\t\t\t<path fill=\"#fff\" d=\"M2 0a2 2 0 0 0-2 2v2h1.5V2a.5.5 0 0 1 .5-.5h2V0H2Zm2 10.5H2a.5.5 0 0 1-.5-.5V8H0v2a2 2 0 0 0 2 2h2v-1.5ZM8 12v-1.5h2a.5.5 0 0 0 .5-.5V8H12v2a2 2 0 0 1-2 2H8Zm2-12a2 2 0 0 1 2 2v2h-1.5V2a.5.5 0 0 0-.5-.5H8V0h2Z\" \/>\n\t\t\t<\/svg>\n\t\t<\/button><figcaption class=\"wp-element-caption\">Foto: Ruby Lissi Hotel Vienna by IHG \/ Google Maps<\/figcaption><\/figure>\n\n\n\n<h3 class=\"wp-block-heading\"><span class=\"ez-toc-section\" id=\"22_Ruby_Lissi_Hotel_Vienna\"><\/span>22. Ruby Lissi Hotel Vienna<span class=\"ez-toc-section-end\"><\/span><\/h3>\n\n\n\n<p class=\"wp-block-paragraph\">Cet autre repr\u00e9sentant appr\u00e9ci\u00e9 du fameux concept de \u00ab lean luxury \u00bb se trouve en plein premier arrondissement, non loin de la cath\u00e9drale Stephansdom, et affiche une note tr\u00e8s solide de <strong>4,3 sur 1 600 avis<\/strong>. Ses int\u00e9rieurs sont fortement inspir\u00e9s des voyages du XIXe si\u00e8cle et de l&rsquo;imp\u00e9ratrice ador\u00e9e Sissi, ce qui conf\u00e8re \u00e0 tout l&rsquo;h\u00f4tel un caract\u00e8re tr\u00e8s singulier et inoubliable.<\/p>\n\n\n\n<p class=\"wp-block-paragraph\">Des clients du monde entier appr\u00e9cient surtout <strong>l&#8217;emplacement fantastique et absolument imbattable au c\u0153ur historique de la ville, ainsi que le bar styl\u00e9 ouvert non-stop<\/strong>, o\u00f9 l&rsquo;on sert en plus de bons petits d\u00e9jeuners sains \u00e0 base de produits bio locaux. Les chambres sont tr\u00e8s fonctionnelles et intelligemment am\u00e9nag\u00e9es, avec un grand accent mis sur la qualit\u00e9 de ton sommeil.<\/p>\n\n\n\n<p class=\"wp-block-paragraph\">M\u00eame si certaines chambres sont plus petites en surface, tu y trouveras absolument tout le n\u00e9cessaire, y compris d&rsquo;excellents produits de toilette et une sonorisation haut de gamme. <strong>La combinaison de l&rsquo;h\u00e9ritage de l&rsquo;imp\u00e9ratrice et des technologies modernes<\/strong> fonctionne ici, d&rsquo;apr\u00e8s les avis, \u00e0 la perfection et cr\u00e9e un environnement tr\u00e8s ludique.<\/p>\n\n\n\n<p class=\"wp-block-paragraph\">\ud83d\udca1 Astuce : si tu veux \u00e0 tout prix <strong>loger en plein centre historique pour un prix raisonnable et que tu n&rsquo;as pas absolument besoin d&rsquo;une grande chambre spacieuse<\/strong>, cet h\u00f4tel t&rsquo;offre une base parfaite et styl\u00e9e pour explorer la ville au quotidien. <em><a href=\"https:\/\/www.stay22.com\/allez\/roam?aid=lukaskonecny&#038;campaign=loudavymkrokemcz&#038;campaign=kde-bydlet-ve-vidni&#038;hotelname=Ruby%20Lissi%20Hotel%20Vienna&#038;address=V%C3%ADde%C5%88%2C%20Rakousko\" target=\"_blank\" rel=\"nofollow noopener sponsored\">v\u00e9rifier les prix et la disponibilit\u00e9<\/a><\/em><\/p>\n\n\n\n<figure data-wp-context=\"{&quot;imageId&quot;:&quot;6a9c59774a4e9&quot;}\" data-wp-interactive=\"core\/image\" data-wp-key=\"6a9c59774a4e9\" class=\"wp-block-image size-full wp-lightbox-container\"><img decoding=\"async\" width=\"1800\" height=\"1350\" data-wp-class--hide=\"state.isContentHidden\" data-wp-class--show=\"state.isContentVisible\" data-wp-init=\"callbacks.setButtonStyles\" data-wp-on--click=\"actions.showLightbox\" data-wp-on--load=\"callbacks.setButtonStyles\" data-wp-on--pointerdown=\"actions.preloadImage\" data-wp-on--pointerenter=\"actions.preloadImageWithDelay\" data-wp-on--pointerleave=\"actions.cancelPreload\" data-wp-on-window--resize=\"callbacks.setButtonStyles\" src=\"https:\/\/loudavymkrokem.cz\/wp-content\/uploads\/2026\/08\/hotel-zipser-1.jpg\" alt=\"Chambre du familial Hotel Zipser \u00e0 Josefstadt\" class=\"wp-image-407019\" title=\"\" srcset=\"https:\/\/loudavymkrokem.cz\/wp-content\/uploads\/2026\/08\/hotel-zipser-1.jpg 1800w, https:\/\/loudavymkrokem.cz\/wp-content\/uploads\/2026\/08\/hotel-zipser-1-300x225.jpg 300w, https:\/\/loudavymkrokem.cz\/wp-content\/uploads\/2026\/08\/hotel-zipser-1-700x525.jpg 700w, https:\/\/loudavymkrokem.cz\/wp-content\/uploads\/2026\/08\/hotel-zipser-1-768x576.jpg 768w, https:\/\/loudavymkrokem.cz\/wp-content\/uploads\/2026\/08\/hotel-zipser-1-1536x1152.jpg 1536w, https:\/\/loudavymkrokem.cz\/wp-content\/uploads\/2026\/08\/hotel-zipser-1-80x60.jpg 80w, https:\/\/loudavymkrokem.cz\/wp-content\/uploads\/2026\/08\/hotel-zipser-1-160x120.jpg 160w, https:\/\/loudavymkrokem.cz\/wp-content\/uploads\/2026\/08\/hotel-zipser-1-696x522.jpg 696w, https:\/\/loudavymkrokem.cz\/wp-content\/uploads\/2026\/08\/hotel-zipser-1-1392x1044.jpg 1392w\" sizes=\"(max-width: 1800px) 100vw, 1800px\" \/><button\n\t\t\tclass=\"lightbox-trigger\"\n\t\t\ttype=\"button\"\n\t\t\taria-haspopup=\"dialog\"\n\t\t\tdata-wp-bind--aria-label=\"state.thisImage.triggerButtonAriaLabel\"\n\t\t\tdata-wp-init=\"callbacks.initTriggerButton\"\n\t\t\tdata-wp-on--click=\"actions.showLightbox\"\n\t\t\tdata-wp-style--right=\"state.thisImage.buttonRight\"\n\t\t\tdata-wp-style--top=\"state.thisImage.buttonTop\"\n\t\t>\n\t\t\t<svg xmlns=\"http:\/\/www.w3.org\/2000\/svg\" width=\"12\" height=\"12\" fill=\"none\" viewBox=\"0 0 12 12\">\n\t\t\t\t<path fill=\"#fff\" d=\"M2 0a2 2 0 0 0-2 2v2h1.5V2a.5.5 0 0 1 .5-.5h2V0H2Zm2 10.5H2a.5.5 0 0 1-.5-.5V8H0v2a2 2 0 0 0 2 2h2v-1.5ZM8 12v-1.5h2a.5.5 0 0 0 .5-.5V8H12v2a2 2 0 0 1-2 2H8Zm2-12a2 2 0 0 1 2 2v2h-1.5V2a.5.5 0 0 0-.5-.5H8V0h2Z\" \/>\n\t\t\t<\/svg>\n\t\t<\/button><figcaption class=\"wp-element-caption\">Foto: Hotel Zipser \/ ofici\u00e1ln\u00ed web<\/figcaption><\/figure>\n\n\n\n<h3 class=\"wp-block-heading\"><span class=\"ez-toc-section\" id=\"23_Hotel_Zipser\"><\/span>23. Hotel Zipser<span class=\"ez-toc-section-end\"><\/span><\/h3>\n\n\n\n<p class=\"wp-block-paragraph\">Ce charmant h\u00f4tel familial d&rsquo;apparence tr\u00e8s traditionnelle, avec une jolie note de <strong>4,3 sur 713 avis<\/strong>, se trouve dans l&rsquo;incroyablement paisible arrondissement de Josefstadt. Depuis plusieurs d\u00e9cennies d\u00e9j\u00e0, il conserve fid\u00e8lement sa r\u00e9putation d&rsquo;h\u00e9bergement tr\u00e8s douillet, appr\u00e9ci\u00e9 par le pass\u00e9 par certains artistes et \u00e9crivains autrichiens c\u00e9l\u00e8bres.<\/p>\n\n\n\n<figure data-wp-context=\"{&quot;galleryId&quot;:&quot;6a9c59774a6e7&quot;}\" data-wp-interactive=\"core\/gallery\" class=\"wp-block-gallery has-nested-images columns-2 is-cropped wp-block-gallery-is-layout-flex wp-block-gallery-11 is-layout-flex\">\n\n<figure data-wp-context=\"{&quot;imageId&quot;:&quot;6a9c59774a911&quot;}\" data-wp-interactive=\"core\/image\" data-wp-key=\"6a9c59774a911\" class=\"wp-block-image size-large wp-lightbox-container\"><img decoding=\"async\" width=\"1800\" height=\"1343\" data-wp-class--hide=\"state.isContentHidden\" data-wp-class--show=\"state.isContentVisible\" data-wp-init=\"callbacks.setButtonStyles\" data-wp-on--click=\"actions.showLightbox\" data-wp-on--load=\"callbacks.setButtonStyles\" data-wp-on--pointerdown=\"actions.preloadImage\" data-wp-on--pointerenter=\"actions.preloadImageWithDelay\" data-wp-on--pointerleave=\"actions.cancelPreload\" data-wp-on-window--resize=\"callbacks.setButtonStyles\" data-id=\"407023\" src=\"https:\/\/loudavymkrokem.cz\/wp-content\/uploads\/2026\/08\/hotel-zipser-2.jpg\" alt=\"Autre chambre de l&#039;Hotel Zipser\" class=\"wp-image-407023\" title=\"\" srcset=\"https:\/\/loudavymkrokem.cz\/wp-content\/uploads\/2026\/08\/hotel-zipser-2.jpg 1800w, https:\/\/loudavymkrokem.cz\/wp-content\/uploads\/2026\/08\/hotel-zipser-2-300x224.jpg 300w, https:\/\/loudavymkrokem.cz\/wp-content\/uploads\/2026\/08\/hotel-zipser-2-700x522.jpg 700w, https:\/\/loudavymkrokem.cz\/wp-content\/uploads\/2026\/08\/hotel-zipser-2-768x573.jpg 768w, https:\/\/loudavymkrokem.cz\/wp-content\/uploads\/2026\/08\/hotel-zipser-2-1536x1146.jpg 1536w, https:\/\/loudavymkrokem.cz\/wp-content\/uploads\/2026\/08\/hotel-zipser-2-80x60.jpg 80w, https:\/\/loudavymkrokem.cz\/wp-content\/uploads\/2026\/08\/hotel-zipser-2-160x120.jpg 160w, https:\/\/loudavymkrokem.cz\/wp-content\/uploads\/2026\/08\/hotel-zipser-2-696x519.jpg 696w, https:\/\/loudavymkrokem.cz\/wp-content\/uploads\/2026\/08\/hotel-zipser-2-1392x1039.jpg 1392w\" sizes=\"(max-width: 1800px) 100vw, 1800px\" \/><button\n\t\t\tclass=\"lightbox-trigger\"\n\t\t\ttype=\"button\"\n\t\t\taria-haspopup=\"dialog\"\n\t\t\tdata-wp-bind--aria-label=\"state.thisImage.triggerButtonAriaLabel\"\n\t\t\tdata-wp-init=\"callbacks.initTriggerButton\"\n\t\t\tdata-wp-on--click=\"actions.showLightbox\"\n\t\t\tdata-wp-style--right=\"state.thisImage.buttonRight\"\n\t\t\tdata-wp-style--top=\"state.thisImage.buttonTop\"\n\t\t>\n\t\t\t<svg xmlns=\"http:\/\/www.w3.org\/2000\/svg\" width=\"12\" height=\"12\" fill=\"none\" viewBox=\"0 0 12 12\">\n\t\t\t\t<path fill=\"#fff\" d=\"M2 0a2 2 0 0 0-2 2v2h1.5V2a.5.5 0 0 1 .5-.5h2V0H2Zm2 10.5H2a.5.5 0 0 1-.5-.5V8H0v2a2 2 0 0 0 2 2h2v-1.5ZM8 12v-1.5h2a.5.5 0 0 0 .5-.5V8H12v2a2 2 0 0 1-2 2H8Zm2-12a2 2 0 0 1 2 2v2h-1.5V2a.5.5 0 0 0-.5-.5H8V0h2Z\" \/>\n\t\t\t<\/svg>\n\t\t<\/button><figcaption class=\"wp-element-caption\">Foto: Hotel Zipser \/ ofici\u00e1ln\u00ed web<\/figcaption><\/figure>\n\n\n<figure data-wp-context=\"{&quot;imageId&quot;:&quot;6a9c59774ac06&quot;}\" data-wp-interactive=\"core\/image\" data-wp-key=\"6a9c59774ac06\" class=\"wp-block-image size-large wp-lightbox-container\"><img decoding=\"async\" width=\"1800\" height=\"1350\" data-wp-class--hide=\"state.isContentHidden\" data-wp-class--show=\"state.isContentVisible\" data-wp-init=\"callbacks.setButtonStyles\" data-wp-on--click=\"actions.showLightbox\" data-wp-on--load=\"callbacks.setButtonStyles\" data-wp-on--pointerdown=\"actions.preloadImage\" data-wp-on--pointerenter=\"actions.preloadImageWithDelay\" data-wp-on--pointerleave=\"actions.cancelPreload\" data-wp-on-window--resize=\"callbacks.setButtonStyles\" data-id=\"407026\" src=\"https:\/\/loudavymkrokem.cz\/wp-content\/uploads\/2026\/08\/hotel-zipser-3.jpg\" alt=\"Int\u00e9rieur de l&#039;Hotel Zipser\" class=\"wp-image-407026\" title=\"\" srcset=\"https:\/\/loudavymkrokem.cz\/wp-content\/uploads\/2026\/08\/hotel-zipser-3.jpg 1800w, https:\/\/loudavymkrokem.cz\/wp-content\/uploads\/2026\/08\/hotel-zipser-3-300x225.jpg 300w, https:\/\/loudavymkrokem.cz\/wp-content\/uploads\/2026\/08\/hotel-zipser-3-700x525.jpg 700w, https:\/\/loudavymkrokem.cz\/wp-content\/uploads\/2026\/08\/hotel-zipser-3-768x576.jpg 768w, https:\/\/loudavymkrokem.cz\/wp-content\/uploads\/2026\/08\/hotel-zipser-3-1536x1152.jpg 1536w, https:\/\/loudavymkrokem.cz\/wp-content\/uploads\/2026\/08\/hotel-zipser-3-80x60.jpg 80w, https:\/\/loudavymkrokem.cz\/wp-content\/uploads\/2026\/08\/hotel-zipser-3-160x120.jpg 160w, https:\/\/loudavymkrokem.cz\/wp-content\/uploads\/2026\/08\/hotel-zipser-3-696x522.jpg 696w, https:\/\/loudavymkrokem.cz\/wp-content\/uploads\/2026\/08\/hotel-zipser-3-1392x1044.jpg 1392w\" sizes=\"(max-width: 1800px) 100vw, 1800px\" \/><button\n\t\t\tclass=\"lightbox-trigger\"\n\t\t\ttype=\"button\"\n\t\t\taria-haspopup=\"dialog\"\n\t\t\tdata-wp-bind--aria-label=\"state.thisImage.triggerButtonAriaLabel\"\n\t\t\tdata-wp-init=\"callbacks.initTriggerButton\"\n\t\t\tdata-wp-on--click=\"actions.showLightbox\"\n\t\t\tdata-wp-style--right=\"state.thisImage.buttonRight\"\n\t\t\tdata-wp-style--top=\"state.thisImage.buttonTop\"\n\t\t>\n\t\t\t<svg xmlns=\"http:\/\/www.w3.org\/2000\/svg\" width=\"12\" height=\"12\" fill=\"none\" viewBox=\"0 0 12 12\">\n\t\t\t\t<path fill=\"#fff\" d=\"M2 0a2 2 0 0 0-2 2v2h1.5V2a.5.5 0 0 1 .5-.5h2V0H2Zm2 10.5H2a.5.5 0 0 1-.5-.5V8H0v2a2 2 0 0 0 2 2h2v-1.5ZM8 12v-1.5h2a.5.5 0 0 0 .5-.5V8H12v2a2 2 0 0 1-2 2H8Zm2-12a2 2 0 0 1 2 2v2h-1.5V2a.5.5 0 0 0-.5-.5H8V0h2Z\" \/>\n\t\t\t<\/svg>\n\t\t<\/button><figcaption class=\"wp-element-caption\">Foto: Hotel Zipser \/ ofici\u00e1ln\u00ed web<\/figcaption><\/figure>\n\n\n<figure data-wp-context=\"{&quot;imageId&quot;:&quot;6a9c59774af0c&quot;}\" data-wp-interactive=\"core\/image\" data-wp-key=\"6a9c59774af0c\" class=\"wp-block-image size-large wp-lightbox-container\"><img decoding=\"async\" width=\"1800\" height=\"1350\" data-wp-class--hide=\"state.isContentHidden\" data-wp-class--show=\"state.isContentVisible\" data-wp-init=\"callbacks.setButtonStyles\" data-wp-on--click=\"actions.showLightbox\" data-wp-on--load=\"callbacks.setButtonStyles\" data-wp-on--pointerdown=\"actions.preloadImage\" data-wp-on--pointerenter=\"actions.preloadImageWithDelay\" data-wp-on--pointerleave=\"actions.cancelPreload\" data-wp-on-window--resize=\"callbacks.setButtonStyles\" data-id=\"407029\" src=\"https:\/\/loudavymkrokem.cz\/wp-content\/uploads\/2026\/08\/hotel-zipser-4.jpg\" alt=\"Chambre du familial Hotel Zipser \u00e0 Josefstadt\" class=\"wp-image-407029\" title=\"\" srcset=\"https:\/\/loudavymkrokem.cz\/wp-content\/uploads\/2026\/08\/hotel-zipser-4.jpg 1800w, https:\/\/loudavymkrokem.cz\/wp-content\/uploads\/2026\/08\/hotel-zipser-4-300x225.jpg 300w, https:\/\/loudavymkrokem.cz\/wp-content\/uploads\/2026\/08\/hotel-zipser-4-700x525.jpg 700w, https:\/\/loudavymkrokem.cz\/wp-content\/uploads\/2026\/08\/hotel-zipser-4-768x576.jpg 768w, https:\/\/loudavymkrokem.cz\/wp-content\/uploads\/2026\/08\/hotel-zipser-4-1536x1152.jpg 1536w, https:\/\/loudavymkrokem.cz\/wp-content\/uploads\/2026\/08\/hotel-zipser-4-80x60.jpg 80w, https:\/\/loudavymkrokem.cz\/wp-content\/uploads\/2026\/08\/hotel-zipser-4-160x120.jpg 160w, https:\/\/loudavymkrokem.cz\/wp-content\/uploads\/2026\/08\/hotel-zipser-4-696x522.jpg 696w, https:\/\/loudavymkrokem.cz\/wp-content\/uploads\/2026\/08\/hotel-zipser-4-1392x1044.jpg 1392w\" sizes=\"(max-width: 1800px) 100vw, 1800px\" \/><button\n\t\t\tclass=\"lightbox-trigger\"\n\t\t\ttype=\"button\"\n\t\t\taria-haspopup=\"dialog\"\n\t\t\tdata-wp-bind--aria-label=\"state.thisImage.triggerButtonAriaLabel\"\n\t\t\tdata-wp-init=\"callbacks.initTriggerButton\"\n\t\t\tdata-wp-on--click=\"actions.showLightbox\"\n\t\t\tdata-wp-style--right=\"state.thisImage.buttonRight\"\n\t\t\tdata-wp-style--top=\"state.thisImage.buttonTop\"\n\t\t>\n\t\t\t<svg xmlns=\"http:\/\/www.w3.org\/2000\/svg\" width=\"12\" height=\"12\" fill=\"none\" viewBox=\"0 0 12 12\">\n\t\t\t\t<path fill=\"#fff\" d=\"M2 0a2 2 0 0 0-2 2v2h1.5V2a.5.5 0 0 1 .5-.5h2V0H2Zm2 10.5H2a.5.5 0 0 1-.5-.5V8H0v2a2 2 0 0 0 2 2h2v-1.5ZM8 12v-1.5h2a.5.5 0 0 0 .5-.5V8H12v2a2 2 0 0 1-2 2H8Zm2-12a2 2 0 0 1 2 2v2h-1.5V2a.5.5 0 0 0-.5-.5H8V0h2Z\" \/>\n\t\t\t<\/svg>\n\t\t<\/button><figcaption class=\"wp-element-caption\">Foto: Hotel Zipser \/ ofici\u00e1ln\u00ed web<\/figcaption><\/figure>\n\n<\/figure>\n\n\n\n<p class=\"wp-block-paragraph\">Dans les avis r\u00e9dig\u00e9s, les voyageurs mettent le plus souvent en avant <strong>l&rsquo;atmosph\u00e8re parfaitement calme, le personnel familial tr\u00e8s gentil et la belle cour int\u00e9rieure silencieuse<\/strong>. Ce n&rsquo;est certes pas la derni\u00e8re folie design des pages de couverture des magazines, mais le b\u00e2timent offre une hospitalit\u00e9 viennoise absolument authentique \u00e0 des prix vraiment tr\u00e8s corrects.<\/p>\n\n\n\n<p class=\"wp-block-paragraph\">Le personnel se comporte avec les clients de fa\u00e7on tr\u00e8s chaleureuse et donne l&rsquo;impression d&rsquo;\u00eatre venu en visite estivale chez de bons amis. <strong>Les petits d\u00e9jeuners se d\u00e9roulent ici \u00e0 un rythme tr\u00e8s tranquille<\/strong> et tout le b\u00e2timent respire une agr\u00e9able nostalgie d&rsquo;antan, qui fait tout simplement partie de Vienne.<\/p>\n\n\n\n<p class=\"wp-block-paragraph\">\ud83d\udca1 Astuce : c&rsquo;est un choix absolument excellent et s\u00fbr pour <strong>les familles avec enfants ou les couples plus \u00e2g\u00e9s<\/strong> qui cherchent un environnement tranquille dans un beau quartier plein de caf\u00e9s locaux et veulent loger un peu \u00e0 l&rsquo;\u00e9cart des principales routes touristiques. <em><a href=\"https:\/\/www.stay22.com\/allez\/roam?aid=lukaskonecny&#038;campaign=loudavymkrokemcz&#038;campaign=kde-bydlet-ve-vidni&#038;hotelname=Hotel%20Zipser&#038;address=V%C3%ADde%C5%88%2C%20Rakousko\" target=\"_blank\" rel=\"nofollow noopener sponsored\">v\u00e9rifier les prix et la disponibilit\u00e9<\/a><\/em><\/p>\n\n\n\n<figure data-wp-context=\"{&quot;imageId&quot;:&quot;6a9c59774b426&quot;}\" data-wp-interactive=\"core\/image\" data-wp-key=\"6a9c59774b426\" class=\"wp-block-image size-full wp-lightbox-container\"><img decoding=\"async\" width=\"1800\" height=\"1200\" data-wp-class--hide=\"state.isContentHidden\" data-wp-class--show=\"state.isContentVisible\" data-wp-init=\"callbacks.setButtonStyles\" data-wp-on--click=\"actions.showLightbox\" data-wp-on--load=\"callbacks.setButtonStyles\" data-wp-on--pointerdown=\"actions.preloadImage\" data-wp-on--pointerenter=\"actions.preloadImageWithDelay\" data-wp-on--pointerleave=\"actions.cancelPreload\" data-wp-on-window--resize=\"callbacks.setButtonStyles\" src=\"https:\/\/loudavymkrokem.cz\/wp-content\/uploads\/2026\/08\/vienna-hostel-ruthensteiner-1.jpg\" alt=\"Chambre de l&#039;auberge Ruthensteiner\" class=\"wp-image-407002\" title=\"\" srcset=\"https:\/\/loudavymkrokem.cz\/wp-content\/uploads\/2026\/08\/vienna-hostel-ruthensteiner-1.jpg 1800w, https:\/\/loudavymkrokem.cz\/wp-content\/uploads\/2026\/08\/vienna-hostel-ruthensteiner-1-300x200.jpg 300w, https:\/\/loudavymkrokem.cz\/wp-content\/uploads\/2026\/08\/vienna-hostel-ruthensteiner-1-700x467.jpg 700w, https:\/\/loudavymkrokem.cz\/wp-content\/uploads\/2026\/08\/vienna-hostel-ruthensteiner-1-768x512.jpg 768w, https:\/\/loudavymkrokem.cz\/wp-content\/uploads\/2026\/08\/vienna-hostel-ruthensteiner-1-1536x1024.jpg 1536w, https:\/\/loudavymkrokem.cz\/wp-content\/uploads\/2026\/08\/vienna-hostel-ruthensteiner-1-696x464.jpg 696w, https:\/\/loudavymkrokem.cz\/wp-content\/uploads\/2026\/08\/vienna-hostel-ruthensteiner-1-1392x928.jpg 1392w\" sizes=\"(max-width: 1800px) 100vw, 1800px\" \/><button\n\t\t\tclass=\"lightbox-trigger\"\n\t\t\ttype=\"button\"\n\t\t\taria-haspopup=\"dialog\"\n\t\t\tdata-wp-bind--aria-label=\"state.thisImage.triggerButtonAriaLabel\"\n\t\t\tdata-wp-init=\"callbacks.initTriggerButton\"\n\t\t\tdata-wp-on--click=\"actions.showLightbox\"\n\t\t\tdata-wp-style--right=\"state.thisImage.buttonRight\"\n\t\t\tdata-wp-style--top=\"state.thisImage.buttonTop\"\n\t\t>\n\t\t\t<svg xmlns=\"http:\/\/www.w3.org\/2000\/svg\" width=\"12\" height=\"12\" fill=\"none\" viewBox=\"0 0 12 12\">\n\t\t\t\t<path fill=\"#fff\" d=\"M2 0a2 2 0 0 0-2 2v2h1.5V2a.5.5 0 0 1 .5-.5h2V0H2Zm2 10.5H2a.5.5 0 0 1-.5-.5V8H0v2a2 2 0 0 0 2 2h2v-1.5ZM8 12v-1.5h2a.5.5 0 0 0 .5-.5V8H12v2a2 2 0 0 1-2 2H8Zm2-12a2 2 0 0 1 2 2v2h-1.5V2a.5.5 0 0 0-.5-.5H8V0h2Z\" \/>\n\t\t\t<\/svg>\n\t\t<\/button><figcaption class=\"wp-element-caption\">Foto: Vienna Hostel Ruthensteiner \/ ofici\u00e1ln\u00ed web<\/figcaption><\/figure>\n\n\n\n<h3 class=\"wp-block-heading\"><span class=\"ez-toc-section\" id=\"24_Vienna_Hostel_Ruthensteiner\"><\/span>24. Vienna Hostel Ruthensteiner<span class=\"ez-toc-section-end\"><\/span><\/h3>\n\n\n\n<p class=\"wp-block-paragraph\">Avec une note absolument excellente et tr\u00e8s rare de <strong>4,7 sur 1 932 avis, il s&rsquo;agit de l&rsquo;auberge de jeunesse la mieux not\u00e9e de toute notre vaste s\u00e9lection<\/strong>. Elle se trouve \u00e0 deux pas de la gare de Westbahnhof et fonctionne avec succ\u00e8s depuis de longues d\u00e9cennies comme une entreprise familiale ind\u00e9pendante, qui mise \u00e9norm\u00e9ment sur une atmosph\u00e8re communautaire incroyablement conviviale.<\/p>\n\n\n\n<figure data-wp-context=\"{&quot;galleryId&quot;:&quot;6a9c59774b632&quot;}\" data-wp-interactive=\"core\/gallery\" class=\"wp-block-gallery has-nested-images columns-2 is-cropped wp-block-gallery-is-layout-flex wp-block-gallery-12 is-layout-flex\">\n\n<figure data-wp-context=\"{&quot;imageId&quot;:&quot;6a9c59774b883&quot;}\" data-wp-interactive=\"core\/image\" data-wp-key=\"6a9c59774b883\" class=\"wp-block-image size-large wp-lightbox-container\"><img decoding=\"async\" width=\"1800\" height=\"1200\" data-wp-class--hide=\"state.isContentHidden\" data-wp-class--show=\"state.isContentVisible\" data-wp-init=\"callbacks.setButtonStyles\" data-wp-on--click=\"actions.showLightbox\" data-wp-on--load=\"callbacks.setButtonStyles\" data-wp-on--pointerdown=\"actions.preloadImage\" data-wp-on--pointerenter=\"actions.preloadImageWithDelay\" data-wp-on--pointerleave=\"actions.cancelPreload\" data-wp-on-window--resize=\"callbacks.setButtonStyles\" data-id=\"407007\" src=\"https:\/\/loudavymkrokem.cz\/wp-content\/uploads\/2026\/08\/vienna-hostel-ruthensteiner-2.jpg\" alt=\"Int\u00e9rieur color\u00e9 de l&#039;auberge Ruthensteiner\" class=\"wp-image-407007\" title=\"\" srcset=\"https:\/\/loudavymkrokem.cz\/wp-content\/uploads\/2026\/08\/vienna-hostel-ruthensteiner-2.jpg 1800w, https:\/\/loudavymkrokem.cz\/wp-content\/uploads\/2026\/08\/vienna-hostel-ruthensteiner-2-300x200.jpg 300w, https:\/\/loudavymkrokem.cz\/wp-content\/uploads\/2026\/08\/vienna-hostel-ruthensteiner-2-700x467.jpg 700w, https:\/\/loudavymkrokem.cz\/wp-content\/uploads\/2026\/08\/vienna-hostel-ruthensteiner-2-768x512.jpg 768w, https:\/\/loudavymkrokem.cz\/wp-content\/uploads\/2026\/08\/vienna-hostel-ruthensteiner-2-1536x1024.jpg 1536w, https:\/\/loudavymkrokem.cz\/wp-content\/uploads\/2026\/08\/vienna-hostel-ruthensteiner-2-696x464.jpg 696w, https:\/\/loudavymkrokem.cz\/wp-content\/uploads\/2026\/08\/vienna-hostel-ruthensteiner-2-1392x928.jpg 1392w\" sizes=\"(max-width: 1800px) 100vw, 1800px\" \/><button\n\t\t\tclass=\"lightbox-trigger\"\n\t\t\ttype=\"button\"\n\t\t\taria-haspopup=\"dialog\"\n\t\t\tdata-wp-bind--aria-label=\"state.thisImage.triggerButtonAriaLabel\"\n\t\t\tdata-wp-init=\"callbacks.initTriggerButton\"\n\t\t\tdata-wp-on--click=\"actions.showLightbox\"\n\t\t\tdata-wp-style--right=\"state.thisImage.buttonRight\"\n\t\t\tdata-wp-style--top=\"state.thisImage.buttonTop\"\n\t\t>\n\t\t\t<svg xmlns=\"http:\/\/www.w3.org\/2000\/svg\" width=\"12\" height=\"12\" fill=\"none\" viewBox=\"0 0 12 12\">\n\t\t\t\t<path fill=\"#fff\" d=\"M2 0a2 2 0 0 0-2 2v2h1.5V2a.5.5 0 0 1 .5-.5h2V0H2Zm2 10.5H2a.5.5 0 0 1-.5-.5V8H0v2a2 2 0 0 0 2 2h2v-1.5ZM8 12v-1.5h2a.5.5 0 0 0 .5-.5V8H12v2a2 2 0 0 1-2 2H8Zm2-12a2 2 0 0 1 2 2v2h-1.5V2a.5.5 0 0 0-.5-.5H8V0h2Z\" \/>\n\t\t\t<\/svg>\n\t\t<\/button><figcaption class=\"wp-element-caption\">Foto: Vienna Hostel Ruthensteiner \/ ofici\u00e1ln\u00ed web<\/figcaption><\/figure>\n\n\n<figure data-wp-context=\"{&quot;imageId&quot;:&quot;6a9c59774bc61&quot;}\" data-wp-interactive=\"core\/image\" data-wp-key=\"6a9c59774bc61\" class=\"wp-block-image size-large wp-lightbox-container\"><img decoding=\"async\" width=\"1800\" height=\"1200\" data-wp-class--hide=\"state.isContentHidden\" data-wp-class--show=\"state.isContentVisible\" data-wp-init=\"callbacks.setButtonStyles\" data-wp-on--click=\"actions.showLightbox\" data-wp-on--load=\"callbacks.setButtonStyles\" data-wp-on--pointerdown=\"actions.preloadImage\" data-wp-on--pointerenter=\"actions.preloadImageWithDelay\" data-wp-on--pointerleave=\"actions.cancelPreload\" data-wp-on-window--resize=\"callbacks.setButtonStyles\" data-id=\"407011\" src=\"https:\/\/loudavymkrokem.cz\/wp-content\/uploads\/2026\/08\/vienna-hostel-ruthensteiner-3.jpg\" alt=\"Dortoir de l&#039;auberge Ruthensteiner\" class=\"wp-image-407011\" title=\"\" srcset=\"https:\/\/loudavymkrokem.cz\/wp-content\/uploads\/2026\/08\/vienna-hostel-ruthensteiner-3.jpg 1800w, https:\/\/loudavymkrokem.cz\/wp-content\/uploads\/2026\/08\/vienna-hostel-ruthensteiner-3-300x200.jpg 300w, https:\/\/loudavymkrokem.cz\/wp-content\/uploads\/2026\/08\/vienna-hostel-ruthensteiner-3-700x467.jpg 700w, https:\/\/loudavymkrokem.cz\/wp-content\/uploads\/2026\/08\/vienna-hostel-ruthensteiner-3-768x512.jpg 768w, https:\/\/loudavymkrokem.cz\/wp-content\/uploads\/2026\/08\/vienna-hostel-ruthensteiner-3-1536x1024.jpg 1536w, https:\/\/loudavymkrokem.cz\/wp-content\/uploads\/2026\/08\/vienna-hostel-ruthensteiner-3-696x464.jpg 696w, https:\/\/loudavymkrokem.cz\/wp-content\/uploads\/2026\/08\/vienna-hostel-ruthensteiner-3-1392x928.jpg 1392w\" sizes=\"(max-width: 1800px) 100vw, 1800px\" \/><button\n\t\t\tclass=\"lightbox-trigger\"\n\t\t\ttype=\"button\"\n\t\t\taria-haspopup=\"dialog\"\n\t\t\tdata-wp-bind--aria-label=\"state.thisImage.triggerButtonAriaLabel\"\n\t\t\tdata-wp-init=\"callbacks.initTriggerButton\"\n\t\t\tdata-wp-on--click=\"actions.showLightbox\"\n\t\t\tdata-wp-style--right=\"state.thisImage.buttonRight\"\n\t\t\tdata-wp-style--top=\"state.thisImage.buttonTop\"\n\t\t>\n\t\t\t<svg xmlns=\"http:\/\/www.w3.org\/2000\/svg\" width=\"12\" height=\"12\" fill=\"none\" viewBox=\"0 0 12 12\">\n\t\t\t\t<path fill=\"#fff\" d=\"M2 0a2 2 0 0 0-2 2v2h1.5V2a.5.5 0 0 1 .5-.5h2V0H2Zm2 10.5H2a.5.5 0 0 1-.5-.5V8H0v2a2 2 0 0 0 2 2h2v-1.5ZM8 12v-1.5h2a.5.5 0 0 0 .5-.5V8H12v2a2 2 0 0 1-2 2H8Zm2-12a2 2 0 0 1 2 2v2h-1.5V2a.5.5 0 0 0-.5-.5H8V0h2Z\" \/>\n\t\t\t<\/svg>\n\t\t<\/button><figcaption class=\"wp-element-caption\">Foto: Vienna Hostel Ruthensteiner \/ ofici\u00e1ln\u00ed web<\/figcaption><\/figure>\n\n\n<figure data-wp-context=\"{&quot;imageId&quot;:&quot;6a9c59774c03d&quot;}\" data-wp-interactive=\"core\/image\" data-wp-key=\"6a9c59774c03d\" class=\"wp-block-image size-large wp-lightbox-container\"><img decoding=\"async\" width=\"1160\" height=\"1160\" data-wp-class--hide=\"state.isContentHidden\" data-wp-class--show=\"state.isContentVisible\" data-wp-init=\"callbacks.setButtonStyles\" data-wp-on--click=\"actions.showLightbox\" data-wp-on--load=\"callbacks.setButtonStyles\" data-wp-on--pointerdown=\"actions.preloadImage\" data-wp-on--pointerenter=\"actions.preloadImageWithDelay\" data-wp-on--pointerleave=\"actions.cancelPreload\" data-wp-on-window--resize=\"callbacks.setButtonStyles\" data-id=\"407015\" src=\"https:\/\/loudavymkrokem.cz\/wp-content\/uploads\/2026\/08\/vienna-hostel-ruthensteiner-4.jpg\" alt=\"Chambre de l&#039;auberge Ruthensteiner\" class=\"wp-image-407015\" title=\"\" srcset=\"https:\/\/loudavymkrokem.cz\/wp-content\/uploads\/2026\/08\/vienna-hostel-ruthensteiner-4.jpg 1160w, https:\/\/loudavymkrokem.cz\/wp-content\/uploads\/2026\/08\/vienna-hostel-ruthensteiner-4-300x300.jpg 300w, https:\/\/loudavymkrokem.cz\/wp-content\/uploads\/2026\/08\/vienna-hostel-ruthensteiner-4-700x700.jpg 700w, https:\/\/loudavymkrokem.cz\/wp-content\/uploads\/2026\/08\/vienna-hostel-ruthensteiner-4-150x150.jpg 150w, https:\/\/loudavymkrokem.cz\/wp-content\/uploads\/2026\/08\/vienna-hostel-ruthensteiner-4-768x768.jpg 768w, https:\/\/loudavymkrokem.cz\/wp-content\/uploads\/2026\/08\/vienna-hostel-ruthensteiner-4-696x696.jpg 696w\" sizes=\"(max-width: 1160px) 100vw, 1160px\" \/><button\n\t\t\tclass=\"lightbox-trigger\"\n\t\t\ttype=\"button\"\n\t\t\taria-haspopup=\"dialog\"\n\t\t\tdata-wp-bind--aria-label=\"state.thisImage.triggerButtonAriaLabel\"\n\t\t\tdata-wp-init=\"callbacks.initTriggerButton\"\n\t\t\tdata-wp-on--click=\"actions.showLightbox\"\n\t\t\tdata-wp-style--right=\"state.thisImage.buttonRight\"\n\t\t\tdata-wp-style--top=\"state.thisImage.buttonTop\"\n\t\t>\n\t\t\t<svg xmlns=\"http:\/\/www.w3.org\/2000\/svg\" width=\"12\" height=\"12\" fill=\"none\" viewBox=\"0 0 12 12\">\n\t\t\t\t<path fill=\"#fff\" d=\"M2 0a2 2 0 0 0-2 2v2h1.5V2a.5.5 0 0 1 .5-.5h2V0H2Zm2 10.5H2a.5.5 0 0 1-.5-.5V8H0v2a2 2 0 0 0 2 2h2v-1.5ZM8 12v-1.5h2a.5.5 0 0 0 .5-.5V8H12v2a2 2 0 0 1-2 2H8Zm2-12a2 2 0 0 1 2 2v2h-1.5V2a.5.5 0 0 0-.5-.5H8V0h2Z\" \/>\n\t\t\t<\/svg>\n\t\t<\/button><figcaption class=\"wp-element-caption\">Foto: Vienna Hostel Ruthensteiner \/ ofici\u00e1ln\u00ed web<\/figcaption><\/figure>\n\n<\/figure>\n\n\n\n<p class=\"wp-block-paragraph\">Les clients adorent litt\u00e9ralement le beau jardin ext\u00e9rieur avec de nombreux endroits o\u00f9 s&rsquo;asseoir le soir, les divers instruments de musique disponibles librement en pr\u00eat et l&rsquo;immense cuisine commune parfaitement \u00e9quip\u00e9e. <strong>La propret\u00e9 de tous les espaces atteint, d&rsquo;apr\u00e8s de nombreux avis, le niveau d&rsquo;h\u00f4tels classiques bien plus chers<\/strong>, ce qui n&rsquo;est certainement pas une \u00e9vidence pour ce type d&rsquo;h\u00e9bergement.<\/p>\n\n\n\n<p class=\"wp-block-paragraph\">C&rsquo;est un endroit absolument id\u00e9al pour rencontrer des gens des quatre coins de la plan\u00e8te. <strong>Le personnel de l&rsquo;auberge organise r\u00e9guli\u00e8rement des \u00e9v\u00e9nements communs et des barbecues<\/strong>, donc tu fais facilement connaissance et r\u00e9coltes de pr\u00e9cieux conseils sur des lieux int\u00e9ressants directement aupr\u00e8s d&rsquo;autres routards baroudeurs.<\/p>\n\n\n\n<p class=\"wp-block-paragraph\">\ud83d\udca1 Astuce : si tu voyages l\u00e9ger avec un sac \u00e0 dos, que tu cherches un h\u00e9bergement abordable de haute qualit\u00e9 et que tu <strong>veux rencontrer d&rsquo;autres voyageurs du monde entier sur la m\u00eame longueur d&rsquo;onde<\/strong>, cet endroit te ravira par son ambiance d\u00e9tendue et d\u00e9contract\u00e9e. <em><a href=\"https:\/\/www.stay22.com\/allez\/roam?aid=lukaskonecny&#038;campaign=loudavymkrokemcz&#038;campaign=kde-bydlet-ve-vidni&#038;hotelname=Vienna%20Hostel%20Ruthensteiner&#038;address=V%C3%ADde%C5%88%2C%20Rakousko\" target=\"_blank\" rel=\"nofollow noopener sponsored\">v\u00e9rifier les prix et la disponibilit\u00e9<\/a><\/em><\/p>\n\n\n\n<figure data-wp-context=\"{&quot;imageId&quot;:&quot;6a9c59774c642&quot;}\" data-wp-interactive=\"core\/image\" data-wp-key=\"6a9c59774c642\" class=\"wp-block-image size-full wp-lightbox-container\"><img decoding=\"async\" width=\"1600\" height=\"1067\" data-wp-class--hide=\"state.isContentHidden\" data-wp-class--show=\"state.isContentVisible\" data-wp-init=\"callbacks.setButtonStyles\" data-wp-on--click=\"actions.showLightbox\" data-wp-on--load=\"callbacks.setButtonStyles\" data-wp-on--pointerdown=\"actions.preloadImage\" data-wp-on--pointerenter=\"actions.preloadImageWithDelay\" data-wp-on--pointerleave=\"actions.cancelPreload\" data-wp-on-window--resize=\"callbacks.setButtonStyles\" src=\"https:\/\/loudavymkrokem.cz\/wp-content\/uploads\/2026\/08\/hostel-wombat-s-u-v-de-sk-ho-naschmarktu.jpg\" alt=\"Auberge Wombat&#039;s pr\u00e8s du Naschmarkt de Vienne\" class=\"wp-image-407124\" title=\"\" srcset=\"https:\/\/loudavymkrokem.cz\/wp-content\/uploads\/2026\/08\/hostel-wombat-s-u-v-de-sk-ho-naschmarktu.jpg 1600w, https:\/\/loudavymkrokem.cz\/wp-content\/uploads\/2026\/08\/hostel-wombat-s-u-v-de-sk-ho-naschmarktu-300x200.jpg 300w, https:\/\/loudavymkrokem.cz\/wp-content\/uploads\/2026\/08\/hostel-wombat-s-u-v-de-sk-ho-naschmarktu-700x467.jpg 700w, https:\/\/loudavymkrokem.cz\/wp-content\/uploads\/2026\/08\/hostel-wombat-s-u-v-de-sk-ho-naschmarktu-768x512.jpg 768w, https:\/\/loudavymkrokem.cz\/wp-content\/uploads\/2026\/08\/hostel-wombat-s-u-v-de-sk-ho-naschmarktu-1536x1024.jpg 1536w, https:\/\/loudavymkrokem.cz\/wp-content\/uploads\/2026\/08\/hostel-wombat-s-u-v-de-sk-ho-naschmarktu-696x464.jpg 696w, https:\/\/loudavymkrokem.cz\/wp-content\/uploads\/2026\/08\/hostel-wombat-s-u-v-de-sk-ho-naschmarktu-1392x928.jpg 1392w\" sizes=\"(max-width: 1600px) 100vw, 1600px\" \/><button\n\t\t\tclass=\"lightbox-trigger\"\n\t\t\ttype=\"button\"\n\t\t\taria-haspopup=\"dialog\"\n\t\t\tdata-wp-bind--aria-label=\"state.thisImage.triggerButtonAriaLabel\"\n\t\t\tdata-wp-init=\"callbacks.initTriggerButton\"\n\t\t\tdata-wp-on--click=\"actions.showLightbox\"\n\t\t\tdata-wp-style--right=\"state.thisImage.buttonRight\"\n\t\t\tdata-wp-style--top=\"state.thisImage.buttonTop\"\n\t\t>\n\t\t\t<svg xmlns=\"http:\/\/www.w3.org\/2000\/svg\" width=\"12\" height=\"12\" fill=\"none\" viewBox=\"0 0 12 12\">\n\t\t\t\t<path fill=\"#fff\" d=\"M2 0a2 2 0 0 0-2 2v2h1.5V2a.5.5 0 0 1 .5-.5h2V0H2Zm2 10.5H2a.5.5 0 0 1-.5-.5V8H0v2a2 2 0 0 0 2 2h2v-1.5ZM8 12v-1.5h2a.5.5 0 0 0 .5-.5V8H12v2a2 2 0 0 1-2 2H8Zm2-12a2 2 0 0 1 2 2v2h-1.5V2a.5.5 0 0 0-.5-.5H8V0h2Z\" \/>\n\t\t\t<\/svg>\n\t\t<\/button><figcaption class=\"wp-element-caption\">Foto: Wombat&rsquo;s City Hostel Vienna Naschmarkt \/ Google Maps<\/figcaption><\/figure>\n\n\n\n<h3 class=\"wp-block-heading\"><span class=\"ez-toc-section\" id=\"25_Wombats_City_Hostel_Vienna_Naschmarkt\"><\/span>25. Wombat&rsquo;s City Hostel Vienna Naschmarkt<span class=\"ez-toc-section-end\"><\/span><\/h3>\n\n\n\n<p class=\"wp-block-paragraph\">Cette immense auberge moderne, tr\u00e8s populaire chez les jeunes, affiche une excellente note de <strong>4,4 sur 4 227 avis<\/strong>. Tu la trouveras \u00e0 un emplacement absolument fantastique et strat\u00e9gique, juste \u00e0 c\u00f4t\u00e9 du c\u00e9l\u00e8bre et toujours vivant march\u00e9 Naschmarkt. Elle propose des dortoirs modernes tr\u00e8s propres, mais aussi, \u00e9tonnamment, des chambres priv\u00e9es spacieuses avec sanitaires priv\u00e9s.<\/p>\n\n\n\n<p class=\"wp-block-paragraph\">Dans des milliers d&rsquo;avis, les visiteurs vantent surtout <strong>l&rsquo;immense bar tr\u00e8s anim\u00e9 au rez-de-chauss\u00e9e, l&rsquo;excellente s\u00e9curit\u00e9 de tout l&rsquo;\u00e9tablissement et la superbe position<\/strong>. Depuis ce lieu, tu rejoins sans probl\u00e8me \u00e0 pied la plupart des monuments majeurs et tu es en m\u00eame temps \u00e0 quelques minutes de marche des meilleurs clubs de nuit de la ville.<\/p>\n\n\n\n<p class=\"wp-block-paragraph\">Gr\u00e2ce \u00e0 son \u00e9norme capacit\u00e9, il y r\u00e8gne en permanence une ambiance tr\u00e8s cosmopolite et anim\u00e9e, donc tu ne te sentiras jamais seul ici. <strong>Le march\u00e9 voisin t&rsquo;offre en plus des possibilit\u00e9s illimit\u00e9es de repas bon march\u00e9 et incroyablement vari\u00e9s<\/strong>, du petit matin jusque tard le soir.<\/p>\n\n\n\n<p class=\"wp-block-paragraph\">\ud83d\udca1 Astuce : cet h\u00e9bergement repr\u00e9sente une base absolument id\u00e9ale pour <strong>les jeunes voyageurs et les \u00e9tudiants enthousiastes qui veulent \u00eatre au c\u0153ur de l&rsquo;action<\/strong>, adorent la f\u00eate et veulent avoir les meilleurs bars viennois litt\u00e9ralement sous leurs fen\u00eatres. <em><a href=\"https:\/\/www.stay22.com\/allez\/roam?aid=lukaskonecny&#038;campaign=loudavymkrokemcz&#038;campaign=kde-bydlet-ve-vidni&#038;hotelname=Wombat%27s%20City%20Hostel%20Vienna%20Naschmarkt&#038;address=V%C3%ADde%C5%88%2C%20Rakousko\" target=\"_blank\" rel=\"nofollow noopener sponsored\">v\u00e9rifier les prix et la disponibilit\u00e9<\/a><\/em><\/p>\n\n\n\n<figure data-wp-context=\"{&quot;imageId&quot;:&quot;6a9c59774cd12&quot;}\" data-wp-interactive=\"core\/image\" data-wp-key=\"6a9c59774cd12\" class=\"wp-block-image size-full wp-lightbox-container\"><img decoding=\"async\" width=\"1800\" height=\"945\" data-wp-class--hide=\"state.isContentHidden\" data-wp-class--show=\"state.isContentVisible\" data-wp-init=\"callbacks.setButtonStyles\" data-wp-on--click=\"actions.showLightbox\" data-wp-on--load=\"callbacks.setButtonStyles\" data-wp-on--pointerdown=\"actions.preloadImage\" data-wp-on--pointerenter=\"actions.preloadImageWithDelay\" data-wp-on--pointerleave=\"actions.cancelPreload\" data-wp-on-window--resize=\"callbacks.setButtonStyles\" src=\"https:\/\/loudavymkrokem.cz\/wp-content\/uploads\/2026\/08\/meininger-hotel-wien-downtown-sissi-1.jpg\" alt=\"Chambre du MEININGER Hotel Wien Downtown Sissi\" class=\"wp-image-406994\" title=\"\" srcset=\"https:\/\/loudavymkrokem.cz\/wp-content\/uploads\/2026\/08\/meininger-hotel-wien-downtown-sissi-1.jpg 1800w, https:\/\/loudavymkrokem.cz\/wp-content\/uploads\/2026\/08\/meininger-hotel-wien-downtown-sissi-1-300x158.jpg 300w, https:\/\/loudavymkrokem.cz\/wp-content\/uploads\/2026\/08\/meininger-hotel-wien-downtown-sissi-1-700x368.jpg 700w, https:\/\/loudavymkrokem.cz\/wp-content\/uploads\/2026\/08\/meininger-hotel-wien-downtown-sissi-1-768x403.jpg 768w, https:\/\/loudavymkrokem.cz\/wp-content\/uploads\/2026\/08\/meininger-hotel-wien-downtown-sissi-1-1536x806.jpg 1536w, https:\/\/loudavymkrokem.cz\/wp-content\/uploads\/2026\/08\/meininger-hotel-wien-downtown-sissi-1-696x365.jpg 696w, https:\/\/loudavymkrokem.cz\/wp-content\/uploads\/2026\/08\/meininger-hotel-wien-downtown-sissi-1-1392x731.jpg 1392w\" sizes=\"(max-width: 1800px) 100vw, 1800px\" \/><button\n\t\t\tclass=\"lightbox-trigger\"\n\t\t\ttype=\"button\"\n\t\t\taria-haspopup=\"dialog\"\n\t\t\tdata-wp-bind--aria-label=\"state.thisImage.triggerButtonAriaLabel\"\n\t\t\tdata-wp-init=\"callbacks.initTriggerButton\"\n\t\t\tdata-wp-on--click=\"actions.showLightbox\"\n\t\t\tdata-wp-style--right=\"state.thisImage.buttonRight\"\n\t\t\tdata-wp-style--top=\"state.thisImage.buttonTop\"\n\t\t>\n\t\t\t<svg xmlns=\"http:\/\/www.w3.org\/2000\/svg\" width=\"12\" height=\"12\" fill=\"none\" viewBox=\"0 0 12 12\">\n\t\t\t\t<path fill=\"#fff\" d=\"M2 0a2 2 0 0 0-2 2v2h1.5V2a.5.5 0 0 1 .5-.5h2V0H2Zm2 10.5H2a.5.5 0 0 1-.5-.5V8H0v2a2 2 0 0 0 2 2h2v-1.5ZM8 12v-1.5h2a.5.5 0 0 0 .5-.5V8H12v2a2 2 0 0 1-2 2H8Zm2-12a2 2 0 0 1 2 2v2h-1.5V2a.5.5 0 0 0-.5-.5H8V0h2Z\" \/>\n\t\t\t<\/svg>\n\t\t<\/button><figcaption class=\"wp-element-caption\">Foto: MEININGER Hotel Wien \/ ofici\u00e1ln\u00ed web<\/figcaption><\/figure>\n\n\n\n<h3 class=\"wp-block-heading\"><span class=\"ez-toc-section\" id=\"26_MEININGER_Hotel_Wien_Downtown_Sissi\"><\/span>26. MEININGER Hotel Wien Downtown Sissi<span class=\"ez-toc-section-end\"><\/span><\/h3>\n\n\n\n<p class=\"wp-block-paragraph\">Ce croisement bien connu et tr\u00e8s abordable entre un h\u00f4tel classique et une grande auberge se trouve dans le populaire et verdoyant deuxi\u00e8me arrondissement de Leopoldstadt. Avec une note moyenne de <strong>4,1 sur 3 169 avis, il a certes la note la plus basse de toute notre s\u00e9lection<\/strong>, mais gr\u00e2ce \u00e0 son prix tr\u00e8s avantageux, il continue d&rsquo;attirer beaucoup de voyageurs \u00e9conomes et de grands groupes organis\u00e9s.<\/p>\n\n\n\n<figure data-wp-context=\"{&quot;galleryId&quot;:&quot;6a9c59774ceb4&quot;}\" data-wp-interactive=\"core\/gallery\" class=\"wp-block-gallery has-nested-images columns-2 is-cropped wp-block-gallery-is-layout-flex wp-block-gallery-13 is-layout-flex\">\n\n<figure data-wp-context=\"{&quot;imageId&quot;:&quot;6a9c59774d11c&quot;}\" data-wp-interactive=\"core\/image\" data-wp-key=\"6a9c59774d11c\" class=\"wp-block-image size-large wp-lightbox-container\"><img decoding=\"async\" width=\"1700\" height=\"1112\" data-wp-class--hide=\"state.isContentHidden\" data-wp-class--show=\"state.isContentVisible\" data-wp-init=\"callbacks.setButtonStyles\" data-wp-on--click=\"actions.showLightbox\" data-wp-on--load=\"callbacks.setButtonStyles\" data-wp-on--pointerdown=\"actions.preloadImage\" data-wp-on--pointerenter=\"actions.preloadImageWithDelay\" data-wp-on--pointerleave=\"actions.cancelPreload\" data-wp-on-window--resize=\"callbacks.setButtonStyles\" data-id=\"406998\" src=\"https:\/\/loudavymkrokem.cz\/wp-content\/uploads\/2026\/08\/meininger-hotel-wien-downtown-sissi-2.jpg\" alt=\"Int\u00e9rieur du MEININGER Hotel Wien\" class=\"wp-image-406998\" title=\"\" srcset=\"https:\/\/loudavymkrokem.cz\/wp-content\/uploads\/2026\/08\/meininger-hotel-wien-downtown-sissi-2.jpg 1700w, https:\/\/loudavymkrokem.cz\/wp-content\/uploads\/2026\/08\/meininger-hotel-wien-downtown-sissi-2-300x196.jpg 300w, https:\/\/loudavymkrokem.cz\/wp-content\/uploads\/2026\/08\/meininger-hotel-wien-downtown-sissi-2-700x458.jpg 700w, https:\/\/loudavymkrokem.cz\/wp-content\/uploads\/2026\/08\/meininger-hotel-wien-downtown-sissi-2-768x502.jpg 768w, https:\/\/loudavymkrokem.cz\/wp-content\/uploads\/2026\/08\/meininger-hotel-wien-downtown-sissi-2-1536x1005.jpg 1536w, https:\/\/loudavymkrokem.cz\/wp-content\/uploads\/2026\/08\/meininger-hotel-wien-downtown-sissi-2-696x455.jpg 696w, https:\/\/loudavymkrokem.cz\/wp-content\/uploads\/2026\/08\/meininger-hotel-wien-downtown-sissi-2-1392x911.jpg 1392w\" sizes=\"(max-width: 1700px) 100vw, 1700px\" \/><button\n\t\t\tclass=\"lightbox-trigger\"\n\t\t\ttype=\"button\"\n\t\t\taria-haspopup=\"dialog\"\n\t\t\tdata-wp-bind--aria-label=\"state.thisImage.triggerButtonAriaLabel\"\n\t\t\tdata-wp-init=\"callbacks.initTriggerButton\"\n\t\t\tdata-wp-on--click=\"actions.showLightbox\"\n\t\t\tdata-wp-style--right=\"state.thisImage.buttonRight\"\n\t\t\tdata-wp-style--top=\"state.thisImage.buttonTop\"\n\t\t>\n\t\t\t<svg xmlns=\"http:\/\/www.w3.org\/2000\/svg\" width=\"12\" height=\"12\" fill=\"none\" viewBox=\"0 0 12 12\">\n\t\t\t\t<path fill=\"#fff\" d=\"M2 0a2 2 0 0 0-2 2v2h1.5V2a.5.5 0 0 1 .5-.5h2V0H2Zm2 10.5H2a.5.5 0 0 1-.5-.5V8H0v2a2 2 0 0 0 2 2h2v-1.5ZM8 12v-1.5h2a.5.5 0 0 0 .5-.5V8H12v2a2 2 0 0 1-2 2H8Zm2-12a2 2 0 0 1 2 2v2h-1.5V2a.5.5 0 0 0-.5-.5H8V0h2Z\" \/>\n\t\t\t<\/svg>\n\t\t<\/button><figcaption class=\"wp-element-caption\">Foto: MEININGER Hotel Wien \/ ofici\u00e1ln\u00ed web<\/figcaption><\/figure>\n\n<\/figure>\n\n\n\n<p class=\"wp-block-paragraph\">\u26a0\ufe0f Attention d&rsquo;apr\u00e8s les avis : avant de r\u00e9server fermement ta chambre bon march\u00e9 ici, tu dois savoir plusieurs informations importantes. L&rsquo;h\u00f4tel a r\u00e9cemment fait l&rsquo;objet d&rsquo;une <strong>vaste r\u00e9novation en pleine activit\u00e9, ce qui causait un bruit d\u00e9sagr\u00e9able aux clients<\/strong>. Les avis critiques mentionnent aussi souvent et avec insistance des <strong>lits doubles plus \u00e9troits de seulement 160 centim\u00e8tres de large<\/strong>, ce qui, logiquement, ne convient pas forc\u00e9ment \u00e0 chaque voyageur adulte.<\/p>\n\n\n\n<p class=\"wp-block-paragraph\">D&rsquo;un autre c\u00f4t\u00e9, l&#8217;emplacement verdoyant, non loin du populaire <strong>parc d&rsquo;attractions du Prater<\/strong>, est absolument excellent, et la liaison vers le <strong>centre historique en m\u00e9tro<\/strong> fonctionne parfaitement.<\/p>\n\n\n\n<p class=\"wp-block-paragraph\">\ud83d\udca1 Astuce : n&rsquo;envisage s\u00e9rieusement un s\u00e9jour ici que si <strong>ton budget de voyage est vraiment tr\u00e8s serr\u00e9 et que tu cherches une chambre priv\u00e9e \u00e0 distance de marche du centre<\/strong>, mais que tu es pr\u00eat, pour un bon prix, \u00e0 faire un net compromis sur la taille du lit et le confort global du s\u00e9jour.<\/p>\n\n\n\n<h2 class=\"wp-block-heading\"><span class=\"ez-toc-section\" id=\"Comment_choisir_le_bon_hotel\"><\/span>Comment choisir le bon h\u00f4tel<span class=\"ez-toc-section-end\"><\/span><\/h2>\n\n\n\n<p class=\"wp-block-paragraph\">Au moment de d\u00e9cider o\u00f9 poser ta valise \u00e0 Vienne, r\u00e9fl\u00e9chis surtout \u00e0 <strong>la fa\u00e7on dont tu voyages jusqu&rsquo;\u00e0 la ville et avec qui exactement tu pars<\/strong>. Cela t&rsquo;aidera grandement \u00e0 affiner ton choix parmi ces vingt-six excellentes possibilit\u00e9s. Comme nous n&rsquo;y allons souvent que pour un court week-end prolong\u00e9, le transport joue un r\u00f4le essentiel dans la r\u00e9ussite de tout le s\u00e9jour.<\/p>\n\n\n\n<p class=\"wp-block-paragraph\">Si tu pars <strong>avec ta propre voiture<\/strong>, \u00e9vite absolument le centre historique de l&rsquo;Innere Stadt, o\u00f9 le stationnement en rue est extr\u00eamement cher et o\u00f9 la navigation dans les \u00e9troites rues \u00e0 sens unique est un stress inutile. Cherche plut\u00f4t un h\u00e9bergement dans les arrondissements p\u00e9riph\u00e9riques, comme les environs de la gare de Westbahnhof ou le verdoyant Leopoldstadt. Choisis id\u00e9alement directement les h\u00f4tels qui proposent leur propre garage de stationnement s\u00e9curis\u00e9. Laisse la voiture stationn\u00e9e \u00e0 l&rsquo;arriv\u00e9e et d\u00e9place-toi plut\u00f4t en ville avec l&rsquo;excellent m\u00e9tro, tu t&rsquo;\u00e9pargneras ainsi beaucoup de contrari\u00e9t\u00e9s. N&rsquo;oublie pas non plus la vignette autorouti\u00e8re (Suisse\/Autriche) si tu traverses ces pays en route.<\/p>\n\n\n\n<p class=\"wp-block-paragraph\">Les voyageurs qui d\u00e9cident d&rsquo;arriver confortablement <strong>en train direct depuis la France<\/strong> feront au mieux de loger juste \u00e0 c\u00f4t\u00e9 de la gare centrale (Hauptbahnhof) ou \u00e9ventuellement pr\u00e8s de la gare de Meidling. Cela t&rsquo;\u00e9vitera de tra\u00eener p\u00e9niblement de lourdes valises sur les escalators du m\u00e9tro et, d\u00e8s l&rsquo;arriv\u00e9e, tu peux t&rsquo;installer rapidement et partir l\u00e9ger explorer la ville.<\/p>\n\n\n\n<p class=\"wp-block-paragraph\">Pour les <strong>familles avec de jeunes enfants<\/strong>, l&rsquo;espace suffisant et la proximit\u00e9 de la verdure sont au contraire absolument essentiels. Le meilleur choix reste justement l&rsquo;arrondissement de Leopoldstadt, car l&rsquo;immense parc du Prater offre des possibilit\u00e9s infinies pour les enfants de tous \u00e2ges. \u00c9vite en revanche les avenues commer\u00e7antes anim\u00e9es et les quartiers bruyants \u00e0 la vie nocturne d\u00e9brid\u00e9e.<\/p>\n\n\n\n<p class=\"wp-block-paragraph\">Si tu pr\u00e9vois un <strong>week-end romantique tranquille \u00e0 deux<\/strong>, dirige-toi directement vers les jolis h\u00f4tels boutiques du septi\u00e8me arrondissement de Neubau ou du huiti\u00e8me, Josefstadt. Ces quartiers ont un charme local incroyable, ils sont litt\u00e9ralement remplis de petits bistrots, de boutiques design int\u00e9ressantes et de vieux caf\u00e9s. Nous adorons personnellement fl\u00e2ner en terrasse, l\u00e0 o\u00f9 l&rsquo;on pr\u00e9pare un d\u00e9licieux Kaiserschmarrn (la fameuse cr\u00eape imp\u00e9riale \u00e9miett\u00e9e) et d&rsquo;autres excellentes gourmandises sans viande. Au passage, les sp\u00e9cialit\u00e9s traditionnelles \u00e0 base de viande, comme le c\u00e9l\u00e8bre Wiener Schnitzel, le Tafelspitz ou les saucisses locales, se trouvent bien s\u00fbr \u00e0 chaque coin de rue, car c&rsquo;est une sp\u00e9cialit\u00e9 locale r\u00e9put\u00e9e que l&rsquo;on d\u00e9guste dans la plupart des restaurants traditionnels d&rsquo;Autriche. En bref, ces quartiers offrent exactement le type d&rsquo;atmosph\u00e8re d\u00e9licieusement d\u00e9contract\u00e9e pour laquelle on vient \u00e0 Vienne.<\/p>\n\n\n\n<h2 class=\"wp-block-heading\"><span class=\"ez-toc-section\" id=\"Pour_aller_plus_loin\"><\/span>Pour aller plus loin<span class=\"ez-toc-section-end\"><\/span><\/h2>\n\n\n\n<p class=\"wp-block-paragraph\">Si tu as d\u00e9j\u00e0 choisi ton h\u00e9bergement et que tu te r\u00e9jouis du voyage, d&rsquo;autres informations te seront certainement utiles. Nous avons r\u00e9dig\u00e9 pour toi un article complet avec des conseils sur <a href=\"https:\/\/loudavymkrokem.cz\/fr\/vienne-autriche\/\">quoi voir \u00e0 Vienne<\/a>, o\u00f9 tu trouveras les meilleurs monuments et des lieux cach\u00e9s loin des foules de touristes.<\/p>\n\n\n\n<p class=\"wp-block-paragraph\">Si tu pr\u00e9vois une visite pendant les mois d&rsquo;hiver, ne manque pas notre guide des <a href=\"https:\/\/loudavymkrokem.cz\/fr\/marches-noel-vienne-autriche\/\">march\u00e9s de No\u00ebl de Vienne<\/a>, o\u00f9 nous te conseillons quels march\u00e9s valent le d\u00e9tour et lesquels mieux vaut \u00e9viter.<\/p>\n\n\n\n<p class=\"wp-block-paragraph\">Si Vienne n&rsquo;est pour toi qu&rsquo;une \u00e9tape sur un plus long voyage en voiture, lis absolument \u00e0 l&rsquo;avance tout sur le fonctionnement de la <a href=\"https:\/\/loudavymkrokem.cz\/fr\/vignette-autoroutiere-autriche\/\">vignette autorouti\u00e8re en Autriche<\/a>, pour \u00e9viter les amendes inutiles. Tu trouveras ensuite de l&rsquo;inspiration pour la suite dans notre article sur le <a href=\"https:\/\/loudavymkrokem.cz\/fr\/road-trip-autriche-7-jours\/\">road trip en Autriche en 7 jours<\/a>, ou tu peux d\u00e9couvrir les plus beaux <a href=\"https:\/\/loudavymkrokem.cz\/fr\/lacs-autrichiens\/\">lacs autrichiens<\/a> et nos conseils sur les meilleurs <a href=\"https:\/\/loudavymkrokem.cz\/fr\/hotels-wellness-autriche\/\">h\u00f4tels wellness en Autriche<\/a>. <em><a href=\"https:\/\/www.stay22.com\/allez\/roam?aid=lukaskonecny&#038;campaign=loudavymkrokemcz&#038;campaign=kde-bydlet-ve-vidni&#038;hotelname=MEININGER%20Hotel%20Wien%20Downtown%20Sissi&#038;address=V%C3%ADde%C5%88%2C%20Rakousko\" target=\"_blank\" rel=\"nofollow noopener sponsored\">v\u00e9rifier les prix et la disponibilit\u00e9<\/a><\/em><\/p>\n\n\n\n<h2 class=\"wp-block-heading\"><span class=\"ez-toc-section\" id=\"Questions_frequentes\"><\/span>Questions fr\u00e9quentes<span class=\"ez-toc-section-end\"><\/span><\/h2>\n\n\n<div id=\"rank-math-faq\" class=\"rank-math-block\">\n<div class=\"rank-math-list \">\n<div id=\"faq-question-1788071086000\" class=\"rank-math-list-item\">\n<h3 class=\"rank-math-question \"><span class=\"ez-toc-section\" id=\"Dois-je_absolument_loger_dans_le_centre_de_Vienne\"><\/span>Dois-je absolument loger dans le centre de Vienne ?<span class=\"ez-toc-section-end\"><\/span><\/h3>\n<div class=\"rank-math-answer \">\n\n<p>Ce n&rsquo;est absolument pas n\u00e9cessaire. Vienne dispose d&rsquo;un r\u00e9seau de m\u00e9tro et de tramways extr\u00eamement fiable, propre et tr\u00e8s dense. Si vous vous logez dans les arrondissements adjacents comme le populaire Neubau, Mariahilf ou Wieden, vous paierez nettement moins cher pour un magnifique h\u00f4tel et vous rejoindrez le centre historique en transports en commun de mani\u00e8re fiable en dix minutes.<\/p>\n\n<\/div>\n<\/div>\n<div id=\"faq-question-1788071086001\" class=\"rank-math-list-item\">\n<h3 class=\"rank-math-question \"><span class=\"ez-toc-section\" id=\"Ou_se_loger_si_je_viens_pour_les_marches_de_Noel\"><\/span>O\u00f9 se loger si je viens pour les march\u00e9s de No\u00ebl ?<span class=\"ez-toc-section-end\"><\/span><\/h3>\n<div class=\"rank-math-answer \">\n\n<p>Les march\u00e9s de No\u00ebl les plus grands et les plus c\u00e9l\u00e8bres se trouvent devant l&rsquo;h\u00f4tel de ville et pr\u00e8s du majestueux ch\u00e2teau de Sch\u00f6nbrunn. Le plus strat\u00e9gique est de se loger dans les arrondissements Innere Stadt, Josefstadt ou Neubau, d&rsquo;o\u00f9 vous pourrez rejoindre les plus beaux march\u00e9s \u00e0 pied \u00e0 travers des rues magnifiquement d\u00e9cor\u00e9es et profiter de la v\u00e9ritable atmosph\u00e8re festive.<\/p>\n\n<\/div>\n<\/div>\n<div id=\"faq-question-1788071086002\" class=\"rank-math-list-item\">\n<h3 class=\"rank-math-question \"><span class=\"ez-toc-section\" id=\"Comment_ca_se_passe_a_Vienne_pour_le_stationnement_a_lhotel\"><\/span>Comment \u00e7a se passe \u00e0 Vienne pour le stationnement \u00e0 l&rsquo;h\u00f4tel ?<span class=\"ez-toc-section-end\"><\/span><\/h3>\n<div class=\"rank-math-answer \">\n\n<p>Le stationnement dans la rue \u00e0 Vienne est strictement r\u00e9glement\u00e9 et tr\u00e8s d\u00e9favorable pour les touristes ordinaires. V\u00e9rifiez donc toujours au pr\u00e9alable si votre h\u00f4tel propose ses propres places de parking surveill\u00e9es, et comptez sur des frais de l&rsquo;ordre de plusieurs dizaines d&rsquo;euros pour une seule nuit. Une excellente alternative moins ch\u00e8re sont les parkings relais P+R en p\u00e9riph\u00e9rie de la ville.<\/p>\n\n<\/div>\n<\/div>\n<div id=\"faq-question-1788071086003\" class=\"rank-math-list-item\">\n<h3 class=\"rank-math-question \"><span class=\"ez-toc-section\" id=\"Les_hotels_a_Vienne_sont-ils_chers\"><\/span>Les h\u00f4tels \u00e0 Vienne sont-ils chers ?<span class=\"ez-toc-section-end\"><\/span><\/h3>\n<div class=\"rank-math-answer \">\n\n<p>La gamme de prix est vraiment \u00e9norme. Alors que dans le premier arrondissement vous trouverez des palais historiques luxueux o\u00f9 une nuit co\u00fbte litt\u00e9ralement une fortune, dans les quartiers autour des gares et pr\u00e8s du march\u00e9 Naschmarkt vous d\u00e9couvrirez de nombreux h\u00f4tels-boutiques abordables et des auberges modernes. Ceux-ci offrent un rapport qualit\u00e9-prix absolument excellent.<\/p>\n\n<\/div>\n<\/div>\n<div id=\"faq-question-1788071086004\" class=\"rank-math-list-item\">\n<h3 class=\"rank-math-question \"><span class=\"ez-toc-section\" id=\"Quel_quartier_viennois_est_le_meilleur_pour_les_amateurs_de_gastronomie\"><\/span>Quel quartier viennois est le meilleur pour les amateurs de gastronomie ?<span class=\"ez-toc-section-end\"><\/span><\/h3>\n<div class=\"rank-math-answer \">\n\n<p>Si vous voyagez principalement pour la gastronomie, cherchez un logement dans l&rsquo;arrondissement Wieden ou Mariahilf pr\u00e8s du c\u00e9l\u00e8bre march\u00e9 Naschmarkt. Vous y trouverez une quantit\u00e9 \u00e9norme de bistrots modernes, d&rsquo;\u00e9tals avec des produits locaux frais, d&rsquo;excellents restaurants v\u00e9g\u00e9tariens et d&rsquo;authentiques petits caf\u00e9s avec le meilleur caf\u00e9.<\/p>\n\n<\/div>\n<\/div>\n<div id=\"faq-question-1788071086005\" class=\"rank-math-list-item\">\n<h3 class=\"rank-math-question \"><span class=\"ez-toc-section\" id=\"Quelle_est_la_meilleure_periode_pour_reserver_un_hotel\"><\/span>Quelle est la meilleure p\u00e9riode pour r\u00e9server un h\u00f4tel ?<span class=\"ez-toc-section-end\"><\/span><\/h3>\n<div class=\"rank-math-answer \">\n\n<p>Pour les belles dates de printemps et d&rsquo;automne, je recommande de r\u00e9server une chambre au moins deux mois \u00e0 l&rsquo;avance. Mais si vous pr\u00e9voyez de vous rendre \u00e0 Vienne en d\u00e9cembre pour le c\u00e9l\u00e8bre week-end de l&rsquo;Avent, r\u00e9glez l&rsquo;h\u00e9bergement id\u00e9alement d\u00e8s la fin de l&rsquo;\u00e9t\u00e9. Les meilleurs h\u00f4tels les plus abordables sont tr\u00e8s rapidement complets.<\/p>\n\n<\/div>\n<\/div>\n<div id=\"faq-question-1788071086006\" class=\"rank-math-list-item\">\n<h3 class=\"rank-math-question \"><span class=\"ez-toc-section\" id=\"Ou_se_loger_a_Vienne_avec_des_enfants\"><\/span>O\u00f9 se loger \u00e0 Vienne avec des enfants ?<span class=\"ez-toc-section-end\"><\/span><\/h3>\n<div class=\"rank-math-answer \">\n\n<p>Pour les familles avec de jeunes enfants, l&rsquo;arrondissement Leopoldstadt num\u00e9ro deux est un choix absolument fantastique. C&rsquo;est un quartier tr\u00e8s calme qui offre beaucoup d&rsquo;espaces verts n\u00e9cessaires pour se d\u00e9tendre. Mais surtout, vous avez \u00e0 port\u00e9e de main l&rsquo;immense parc d&rsquo;attractions du Prater, o\u00f9 les enfants s&rsquo;amuseront absolument \u00e0 merveille sur des dizaines d&rsquo;attractions.<\/p>\n\n<\/div>\n<\/div>\n<\/div>\n<\/div>","protected":false},"excerpt":{"rendered":"<p>Tu pars \u00e0 Vienne en Autriche et tu ne sais pas quel quartier choisir ? J&rsquo;ai pr\u00e9par\u00e9 pour toi un panorama des 26 meilleurs h\u00f4tels pour tous les budgets.<\/p>\n","protected":false},"author":3,"featured_media":407188,"comment_status":"open","ping_status":"open","sticky":false,"template":"","format":"standard","meta":{"_acf_changed":false,"footnotes":"","rank_math_title":"O\u00f9 dormir \u00e0 Vienne en Autriche : 26 h\u00f4tels 2026","rank_math_description":"O\u00f9 dormir \u00e0 Vienne en Autriche ? D\u00e9couvre 26 h\u00f4tels et quartiers s\u00fbrs pour tous les budgets en 2026. Compare les prix et r\u00e9serve ton s\u00e9jour d\u00e8s maintenant !","rank_math_focus_keyword":"vienne autriche","rank_math_seo_score":""},"categories":[566,558,650],"tags":[],"class_list":["post-417879","post","type-post","status-publish","format-standard","has-post-thumbnail","category-autriche","category-europe","category-voyages"],"acf":[],"featured_image_src":"https:\/\/loudavymkrokem.cz\/wp-content\/uploads\/2026\/08\/viden-stephansdom.jpg","author_info":{"display_name":"Lucie Kone\u010dn\u00e1","author_link":"https:\/\/loudavymkrokem.cz\/fr\/author\/lucie-konecna\/"},"_links":{"self":[{"href":"https:\/\/loudavymkrokem.cz\/fr\/wp-json\/wp\/v2\/posts\/417879","targetHints":{"allow":["GET"]}}],"collection":[{"href":"https:\/\/loudavymkrokem.cz\/fr\/wp-json\/wp\/v2\/posts"}],"about":[{"href":"https:\/\/loudavymkrokem.cz\/fr\/wp-json\/wp\/v2\/types\/post"}],"author":[{"embeddable":true,"href":"https:\/\/loudavymkrokem.cz\/fr\/wp-json\/wp\/v2\/users\/3"}],"replies":[{"embeddable":true,"href":"https:\/\/loudavymkrokem.cz\/fr\/wp-json\/wp\/v2\/comments?post=417879"}],"version-history":[{"count":2,"href":"https:\/\/loudavymkrokem.cz\/fr\/wp-json\/wp\/v2\/posts\/417879\/revisions"}],"predecessor-version":[{"id":417881,"href":"https:\/\/loudavymkrokem.cz\/fr\/wp-json\/wp\/v2\/posts\/417879\/revisions\/417881"}],"wp:featuredmedia":[{"embeddable":true,"href":"https:\/\/loudavymkrokem.cz\/fr\/wp-json\/wp\/v2\/media\/407188"}],"wp:attachment":[{"href":"https:\/\/loudavymkrokem.cz\/fr\/wp-json\/wp\/v2\/media?parent=417879"}],"wp:term":[{"taxonomy":"category","embeddable":true,"href":"https:\/\/loudavymkrokem.cz\/fr\/wp-json\/wp\/v2\/categories?post=417879"},{"taxonomy":"post_tag","embeddable":true,"href":"https:\/\/loudavymkrokem.cz\/fr\/wp-json\/wp\/v2\/tags?post=417879"}],"curies":[{"name":"wp","href":"https:\/\/api.w.org\/{rel}","templated":true}]}}