{"id":409304,"date":"2026-08-30T09:00:18","date_gmt":"2026-08-30T07:00:18","guid":{"rendered":"https:\/\/loudavymkrokem.cz\/bonigen-suisse-lac-brienz\/"},"modified":"2026-08-31T09:17:56","modified_gmt":"2026-08-31T07:17:56","slug":"bonigen-suisse-lac-brienz","status":"publish","type":"post","link":"https:\/\/loudavymkrokem.cz\/fr\/bonigen-suisse-lac-brienz\/","title":{"rendered":"B\u00f6nigen : 24 id\u00e9es d&rsquo;activit\u00e9s au bord du lac de Brienz 2026"},"content":{"rendered":"\n<p class=\"wp-block-paragraph\">L&rsquo;Oberland bernois suisse peut \u00eatre sauvage et bond\u00e9 de touristes, mais il suffit de rouler un peu plus loin pour se retrouver dans une v\u00e9ritable oasis de calme. C&rsquo;est exactement ce qu&rsquo;est <strong>B\u00f6nigen<\/strong> (qui se prononce b\u00e9ningen), un magnifique village situ\u00e9 directement au bord d&rsquo;un lac glaciaire. Alors que l&rsquo;Interlaken voisin d\u00e9borde de monde, ici le temps s&rsquo;est arr\u00eat\u00e9 entre les <strong>maisons en bois richement sculpt\u00e9es<\/strong> et une nature \u00e0 couper le souffle. \u263a\ufe0f<\/p>\n\n\n\n<p class=\"wp-block-paragraph\">L&rsquo;eau a une <strong>incroyable couleur \u00e9meraude turquoise<\/strong> et les sommets montagneux s&rsquo;y refl\u00e8tent comme dans un miroir parfait. Le <strong>lac de Brienz<\/strong> constitue justement l&rsquo;attraction principale de toute la r\u00e9gion et offre d&rsquo;innombrables possibilit\u00e9s <strong>d&rsquo;activit\u00e9s<\/strong> du printemps jusqu&rsquo;\u00e0 la fin de l&rsquo;automne. Tu peux y monter \u00e0 bord d&rsquo;un bateau \u00e0 aubes historique, louer un kayak ou simplement paresser sur la plage.<\/p>\n\n\n\n<p class=\"wp-block-paragraph\">Pour que tu puisses planifier tes vacances au mieux, j&rsquo;ai r\u00e9dig\u00e9 pour toi un guide d\u00e9taill\u00e9. Dans cet article, tu trouveras <strong>24 id\u00e9es de choses \u00e0 voir et \u00e0 faire, o\u00f9 loger, quels itin\u00e9raires emprunter, o\u00f9 monter en t\u00e9l\u00e9ph\u00e9rique et quoi entreprendre avec les enfants<\/strong>. La Suisse, c&rsquo;est un amour pour la vie enti\u00e8re et je parie qu&rsquo;apr\u00e8s avoir visit\u00e9 cette r\u00e9gion, tu r\u00e9fl\u00e9chiras chaque \u00e9t\u00e9 \u00e0 comment y retourner. \u263a\ufe0f<\/p>\n\n\n\n<figure data-wp-context=\"{&quot;imageId&quot;:&quot;6a95407e755c6&quot;}\" data-wp-interactive=\"core\/image\" data-wp-key=\"6a95407e755c6\" class=\"wp-block-image size-full wp-lightbox-container\"><img decoding=\"async\" width=\"1800\" height=\"1012\" data-wp-class--hide=\"state.isContentHidden\" data-wp-class--show=\"state.isContentVisible\" data-wp-init=\"callbacks.setButtonStyles\" data-wp-on--click=\"actions.showLightbox\" data-wp-on--load=\"callbacks.setButtonStyles\" data-wp-on--pointerdown=\"actions.preloadImage\" data-wp-on--pointerenter=\"actions.preloadImageWithDelay\" data-wp-on--pointerleave=\"actions.cancelPreload\" data-wp-on-window--resize=\"callbacks.setButtonStyles\" src=\"https:\/\/loudavymkrokem.cz\/wp-content\/uploads\/2026\/08\/articles-bonigen-01.jpg\" alt=\"B\u00f6nigen et le lac de Brienz vus d&#039;en haut\" class=\"wp-image-404460\" title=\"\" srcset=\"https:\/\/loudavymkrokem.cz\/wp-content\/uploads\/2026\/08\/articles-bonigen-01.jpg 1800w, https:\/\/loudavymkrokem.cz\/wp-content\/uploads\/2026\/08\/articles-bonigen-01-300x169.jpg 300w, https:\/\/loudavymkrokem.cz\/wp-content\/uploads\/2026\/08\/articles-bonigen-01-700x394.jpg 700w, https:\/\/loudavymkrokem.cz\/wp-content\/uploads\/2026\/08\/articles-bonigen-01-768x432.jpg 768w, https:\/\/loudavymkrokem.cz\/wp-content\/uploads\/2026\/08\/articles-bonigen-01-1536x864.jpg 1536w, https:\/\/loudavymkrokem.cz\/wp-content\/uploads\/2026\/08\/articles-bonigen-01-696x391.jpg 696w, https:\/\/loudavymkrokem.cz\/wp-content\/uploads\/2026\/08\/articles-bonigen-01-1392x783.jpg 1392w\" sizes=\"(max-width: 1800px) 100vw, 1800px\" \/><button\n\t\t\tclass=\"lightbox-trigger\"\n\t\t\ttype=\"button\"\n\t\t\taria-haspopup=\"dialog\"\n\t\t\tdata-wp-bind--aria-label=\"state.thisImage.triggerButtonAriaLabel\"\n\t\t\tdata-wp-init=\"callbacks.initTriggerButton\"\n\t\t\tdata-wp-on--click=\"actions.showLightbox\"\n\t\t\tdata-wp-style--right=\"state.thisImage.buttonRight\"\n\t\t\tdata-wp-style--top=\"state.thisImage.buttonTop\"\n\t\t>\n\t\t\t<svg xmlns=\"http:\/\/www.w3.org\/2000\/svg\" width=\"12\" height=\"12\" fill=\"none\" viewBox=\"0 0 12 12\">\n\t\t\t\t<path fill=\"#fff\" d=\"M2 0a2 2 0 0 0-2 2v2h1.5V2a.5.5 0 0 1 .5-.5h2V0H2Zm2 10.5H2a.5.5 0 0 1-.5-.5V8H0v2a2 2 0 0 0 2 2h2v-1.5ZM8 12v-1.5h2a.5.5 0 0 0 .5-.5V8H12v2a2 2 0 0 1-2 2H8Zm2-12a2 2 0 0 1 2 2v2h-1.5V2a.5.5 0 0 0-.5-.5H8V0h2Z\" \/>\n\t\t\t<\/svg>\n\t\t<\/button><figcaption class=\"wp-element-caption\">Photo : Christian David \/ Wikimedia Commons, CC BY-SA 4.0<\/figcaption><\/figure>\n\n\n\n<div id=\"ez-toc-container\" class=\"ez-toc-v2_0_86 ez-toc-wrap-left counter-hierarchy ez-toc-counter ez-toc-grey ez-toc-container-direction\">\n<div class=\"ez-toc-title-container\">\n<p class=\"ez-toc-title\" style=\"cursor:inherit\">Contenu de l&#039;article<\/p>\n<span class=\"ez-toc-title-toggle\"><a href=\"#\" class=\"ez-toc-pull-right ez-toc-btn ez-toc-btn-xs ez-toc-btn-default ez-toc-toggle\" aria-label=\"Toggle Table of Content\"><span class=\"ez-toc-js-icon-con\"><span class=\"\"><span class=\"eztoc-hide\" style=\"display:none;\">Toggle<\/span><span class=\"ez-toc-icon-toggle-span\"><svg style=\"fill: #999;color:#999\" xmlns=\"http:\/\/www.w3.org\/2000\/svg\" class=\"list-377408\" width=\"20px\" height=\"20px\" viewBox=\"0 0 24 24\" fill=\"none\"><path d=\"M6 6H4v2h2V6zm14 0H8v2h12V6zM4 11h2v2H4v-2zm16 0H8v2h12v-2zM4 16h2v2H4v-2zm16 0H8v2h12v-2z\" fill=\"currentColor\"><\/path><\/svg><svg style=\"fill: #999;color:#999\" class=\"arrow-unsorted-368013\" xmlns=\"http:\/\/www.w3.org\/2000\/svg\" width=\"10px\" height=\"10px\" viewBox=\"0 0 24 24\" version=\"1.2\" baseProfile=\"tiny\"><path d=\"M18.2 9.3l-6.2-6.3-6.2 6.3c-.2.2-.3.4-.3.7s.1.5.3.7c.2.2.4.3.7.3h11c.3 0 .5-.1.7-.3.2-.2.3-.5.3-.7s-.1-.5-.3-.7zM5.8 14.7l6.2 6.3 6.2-6.3c.2-.2.3-.5.3-.7s-.1-.5-.3-.7c-.2-.2-.4-.3-.7-.3h-11c-.3 0-.5.1-.7.3-.2.2-.3.5-.3.7s.1.5.3.7z\"\/><\/svg><\/span><\/span><\/span><\/a><\/span><\/div>\n<nav><ul class='ez-toc-list ez-toc-list-level-1 ' ><ul class='ez-toc-list-level-3' ><li class='ez-toc-heading-level-3'><a class=\"ez-toc-link ez-toc-heading-1\" href=\"https:\/\/loudavymkrokem.cz\/fr\/bonigen-suisse-lac-brienz\/#Resume_pour_ceux_qui_nont_pas_le_temps_de_tout_lire\" >R\u00e9sum\u00e9 pour ceux qui n&rsquo;ont pas le temps de tout lire<\/a><\/li><\/ul><\/li><li class='ez-toc-page-1 ez-toc-heading-level-2'><a class=\"ez-toc-link ez-toc-heading-2\" href=\"https:\/\/loudavymkrokem.cz\/fr\/bonigen-suisse-lac-brienz\/#Quand_partir_a_Bonigen_et_comment_sy_rendre\" >Quand partir \u00e0 B\u00f6nigen et comment s&rsquo;y rendre<\/a><\/li><li class='ez-toc-page-1 ez-toc-heading-level-2'><a class=\"ez-toc-link ez-toc-heading-3\" href=\"https:\/\/loudavymkrokem.cz\/fr\/bonigen-suisse-lac-brienz\/#Ou_se_loger_a_Bonigen_et_combien_ca_coute\" >O\u00f9 se loger \u00e0 B\u00f6nigen et combien \u00e7a co\u00fbte<\/a><\/li><li class='ez-toc-page-1 ez-toc-heading-level-2'><a class=\"ez-toc-link ez-toc-heading-4\" href=\"https:\/\/loudavymkrokem.cz\/fr\/bonigen-suisse-lac-brienz\/#Directement_a_Bonigen_6_idees_de_choses_a_voir_et_faire_au_bord_de_leau\" >Directement \u00e0 B\u00f6nigen : 6 id\u00e9es de choses \u00e0 voir et faire au bord de l&rsquo;eau<\/a><ul class='ez-toc-list-level-3' ><li class='ez-toc-heading-level-3'><a class=\"ez-toc-link ez-toc-heading-5\" href=\"https:\/\/loudavymkrokem.cz\/fr\/bonigen-suisse-lac-brienz\/#1_Les_maisons_en_bois_historiques_et_le_Hauserweg\" >1. Les maisons en bois historiques et le H\u00e4userweg<\/a><\/li><li class='ez-toc-page-1 ez-toc-heading-level-3'><a class=\"ez-toc-link ez-toc-heading-6\" href=\"https:\/\/loudavymkrokem.cz\/fr\/bonigen-suisse-lac-brienz\/#2_Le_musee_du_village_%C2%AB_alte_Pinte_%C2%BB\" >2. Le mus\u00e9e du village \u00ab alte Pinte \u00bb<\/a><\/li><li class='ez-toc-page-1 ez-toc-heading-level-3'><a class=\"ez-toc-link ez-toc-heading-7\" href=\"https:\/\/loudavymkrokem.cz\/fr\/bonigen-suisse-lac-brienz\/#3_Le_quai_lembarcadere_et_le_Brienzersee_Lakewalk\" >3. Le quai, l&#8217;embarcad\u00e8re et le Brienzersee Lakewalk<\/a><\/li><li class='ez-toc-page-1 ez-toc-heading-level-3'><a class=\"ez-toc-link ez-toc-heading-8\" href=\"https:\/\/loudavymkrokem.cz\/fr\/bonigen-suisse-lac-brienz\/#4_La_plage_et_le_complexe_de_baignade_The_Beach\" >4. La plage et le complexe de baignade The Beach<\/a><\/li><li class='ez-toc-page-1 ez-toc-heading-level-3'><a class=\"ez-toc-link ez-toc-heading-9\" href=\"https:\/\/loudavymkrokem.cz\/fr\/bonigen-suisse-lac-brienz\/#5_Kayak_et_SUP_sur_les_eaux_du_lac\" >5. Kayak et SUP sur les eaux du lac<\/a><\/li><li class='ez-toc-page-1 ez-toc-heading-level-3'><a class=\"ez-toc-link ez-toc-heading-10\" href=\"https:\/\/loudavymkrokem.cz\/fr\/bonigen-suisse-lac-brienz\/#6_Croisiere_sur_le_bateau_a_aubes_historique_Lotschberg\" >6. Croisi\u00e8re sur le bateau \u00e0 aubes historique L\u00f6tschberg<\/a><\/li><\/ul><\/li><li class='ez-toc-page-1 ez-toc-heading-level-2'><a class=\"ez-toc-link ez-toc-heading-11\" href=\"https:\/\/loudavymkrokem.cz\/fr\/bonigen-suisse-lac-brienz\/#Randonnee_depuis_Bonigen_6_itineraires_qui_en_valent_la_peine\" >Randonn\u00e9e depuis B\u00f6nigen : 6 itin\u00e9raires qui en valent la peine<\/a><ul class='ez-toc-list-level-3' ><li class='ez-toc-heading-level-3'><a class=\"ez-toc-link ez-toc-heading-12\" href=\"https:\/\/loudavymkrokem.cz\/fr\/bonigen-suisse-lac-brienz\/#7_Le_sentier_des_trois_cascades_par_etapes\" >7. Le sentier des trois cascades par \u00e9tapes<\/a><\/li><li class='ez-toc-page-1 ez-toc-heading-level-3'><a class=\"ez-toc-link ez-toc-heading-13\" href=\"https:\/\/loudavymkrokem.cz\/fr\/bonigen-suisse-lac-brienz\/#8_La_boucle_du_Sytiberg_55_km_meme_avec_poussette_tout-terrain\" >8. La boucle du Sytiberg : 5,5 km m\u00eame avec poussette tout-terrain<\/a><\/li><li class='ez-toc-page-1 ez-toc-heading-level-3'><a class=\"ez-toc-link ez-toc-heading-14\" href=\"https:\/\/loudavymkrokem.cz\/fr\/bonigen-suisse-lac-brienz\/#9_La_boucle_du_Haslerenegg_854_m_avec_livre_de_sommet\" >9. La boucle du Haslerenegg (854 m) avec livre de sommet<\/a><\/li><li class='ez-toc-page-1 ez-toc-heading-level-3'><a class=\"ez-toc-link ez-toc-heading-15\" href=\"https:\/\/loudavymkrokem.cz\/fr\/bonigen-suisse-lac-brienz\/#10_La_boucle_vers_la_cascade_Erschwandenbach\" >10. La boucle vers la cascade Erschwandenbach<\/a><\/li><li class='ez-toc-page-1 ez-toc-heading-level-3'><a class=\"ez-toc-link ez-toc-heading-16\" href=\"https:\/\/loudavymkrokem.cz\/fr\/bonigen-suisse-lac-brienz\/#11_Le_sentier_cotier_Uferweg_dIseltwald_au_Giessbach\" >11. Le sentier c\u00f4tier Uferweg d&rsquo;Iseltwald au Giessbach<\/a><\/li><li class='ez-toc-page-1 ez-toc-heading-level-3'><a class=\"ez-toc-link ez-toc-heading-17\" href=\"https:\/\/loudavymkrokem.cz\/fr\/bonigen-suisse-lac-brienz\/#12_Defi_a_pied_lascension_du_Harder_Kulm\" >12. D\u00e9fi \u00e0 pied : l&rsquo;ascension du Harder Kulm<\/a><\/li><\/ul><\/li><li class='ez-toc-page-1 ez-toc-heading-level-2'><a class=\"ez-toc-link ez-toc-heading-18\" href=\"https:\/\/loudavymkrokem.cz\/fr\/bonigen-suisse-lac-brienz\/#Randonnees_accessibles_en_telepherique_6_itineraires_au-dessus_de_la_vallee\" >Randonn\u00e9es accessibles en t\u00e9l\u00e9ph\u00e9rique : 6 itin\u00e9raires au-dessus de la vall\u00e9e<\/a><ul class='ez-toc-list-level-3' ><li class='ez-toc-heading-level-3'><a class=\"ez-toc-link ez-toc-heading-19\" href=\"https:\/\/loudavymkrokem.cz\/fr\/bonigen-suisse-lac-brienz\/#13_Du_First_au_lac_Bachalpsee\" >13. Du First au lac Bachalpsee<\/a><\/li><li class='ez-toc-page-1 ez-toc-heading-level-3'><a class=\"ez-toc-link ez-toc-heading-20\" href=\"https:\/\/loudavymkrokem.cz\/fr\/bonigen-suisse-lac-brienz\/#14_La_randonnee_royale_de_crete_Schynige_Platte_%E2%80%93_Faulhorn_%E2%80%93_First\" >14. La randonn\u00e9e royale de cr\u00eate Schynige Platte \u2013 Faulhorn \u2013 First<\/a><\/li><li class='ez-toc-page-1 ez-toc-heading-level-3'><a class=\"ez-toc-link ez-toc-heading-21\" href=\"https:\/\/loudavymkrokem.cz\/fr\/bonigen-suisse-lac-brienz\/#15_Le_Mannlichen_et_le_chemin_panoramique_vers_la_Kleine_Scheidegg\" >15. Le M\u00e4nnlichen et le chemin panoramique vers la Kleine Scheidegg<\/a><\/li><li class='ez-toc-page-1 ez-toc-heading-level-3'><a class=\"ez-toc-link ez-toc-heading-22\" href=\"https:\/\/loudavymkrokem.cz\/fr\/bonigen-suisse-lac-brienz\/#16_LEiger_Trail_juste_sous_la_face_nord\" >16. L&rsquo;Eiger Trail juste sous la face nord<\/a><\/li><li class='ez-toc-page-1 ez-toc-heading-level-3'><a class=\"ez-toc-link ez-toc-heading-23\" href=\"https:\/\/loudavymkrokem.cz\/fr\/bonigen-suisse-lac-brienz\/#17_Le_Niederhorn_et_les_bouquetins_au-dessus_du_lac_de_Thoune\" >17. Le Niederhorn et les bouquetins au-dessus du lac de Thoune<\/a><\/li><li class='ez-toc-page-1 ez-toc-heading-level-3'><a class=\"ez-toc-link ez-toc-heading-24\" href=\"https:\/\/loudavymkrokem.cz\/fr\/bonigen-suisse-lac-brienz\/#18_En_train_a_cremaillere_a_vapeur_jusquau_Brienzer_Rothorn\" >18. En train \u00e0 cr\u00e9maill\u00e8re \u00e0 vapeur jusqu&rsquo;au Brienzer Rothorn<\/a><\/li><\/ul><\/li><li class='ez-toc-page-1 ez-toc-heading-level-2'><a class=\"ez-toc-link ez-toc-heading-25\" href=\"https:\/\/loudavymkrokem.cz\/fr\/bonigen-suisse-lac-brienz\/#Excursions_depuis_Bonigen_6_idees_pour_les_environs\" >Excursions depuis B\u00f6nigen : 6 id\u00e9es pour les environs<\/a><ul class='ez-toc-list-level-3' ><li class='ez-toc-heading-level-3'><a class=\"ez-toc-link ez-toc-heading-26\" href=\"https:\/\/loudavymkrokem.cz\/fr\/bonigen-suisse-lac-brienz\/#19_Harder_Kulm_la_montagne_emblematique_dInterlaken\" >19. Harder Kulm : la montagne embl\u00e9matique d&rsquo;Interlaken<\/a><\/li><li class='ez-toc-page-1 ez-toc-heading-level-3'><a class=\"ez-toc-link ez-toc-heading-27\" href=\"https:\/\/loudavymkrokem.cz\/fr\/bonigen-suisse-lac-brienz\/#20_Les_chutes_du_Giessbach_et_le_passage_derriere_leau\" >20. Les chutes du Giessbach et le passage derri\u00e8re l&rsquo;eau<\/a><\/li><li class='ez-toc-page-1 ez-toc-heading-level-3'><a class=\"ez-toc-link ez-toc-heading-28\" href=\"https:\/\/loudavymkrokem.cz\/fr\/bonigen-suisse-lac-brienz\/#21_Le_plus_ancien_funiculaire_touristique_suisse_et_le_Grandhotel\" >21. Le plus ancien funiculaire touristique suisse et le Grandhotel<\/a><\/li><li class='ez-toc-page-1 ez-toc-heading-level-3'><a class=\"ez-toc-link ez-toc-heading-29\" href=\"https:\/\/loudavymkrokem.cz\/fr\/bonigen-suisse-lac-brienz\/#22_Iseltwald_et_le_ponton_iconique_de_la_serie\" >22. Iseltwald et le ponton iconique de la s\u00e9rie<\/a><\/li><li class='ez-toc-page-1 ez-toc-heading-level-3'><a class=\"ez-toc-link ez-toc-heading-30\" href=\"https:\/\/loudavymkrokem.cz\/fr\/bonigen-suisse-lac-brienz\/#23_Schynige_Platte_train_a_cremaillere_et_jardin_alpin\" >23. Schynige Platte : train \u00e0 cr\u00e9maill\u00e8re et jardin alpin<\/a><\/li><li class='ez-toc-page-1 ez-toc-heading-level-3'><a class=\"ez-toc-link ez-toc-heading-31\" href=\"https:\/\/loudavymkrokem.cz\/fr\/bonigen-suisse-lac-brienz\/#24_Interlaken_la_base_touristique_voisine\" >24. Interlaken : la base touristique voisine<\/a><\/li><\/ul><\/li><li class='ez-toc-page-1 ez-toc-heading-level-2'><a class=\"ez-toc-link ez-toc-heading-32\" href=\"https:\/\/loudavymkrokem.cz\/fr\/bonigen-suisse-lac-brienz\/#Bonigen_en_famille_que_faire_avec_les_enfants\" >B\u00f6nigen en famille : que faire avec les enfants<\/a><ul class='ez-toc-list-level-3' ><li class='ez-toc-heading-level-3'><a class=\"ez-toc-link ez-toc-heading-33\" href=\"https:\/\/loudavymkrokem.cz\/fr\/bonigen-suisse-lac-brienz\/#La_plage_The_Beach_et_sa_genereuse_aire_de_jeux\" >La plage The Beach et sa g\u00e9n\u00e9reuse aire de jeux<\/a><\/li><li class='ez-toc-page-1 ez-toc-heading-level-3'><a class=\"ez-toc-link ez-toc-heading-34\" href=\"https:\/\/loudavymkrokem.cz\/fr\/bonigen-suisse-lac-brienz\/#Chasse_au_tresor_et_jeu_de_detective_a_Iseltwald\" >Chasse au tr\u00e9sor et jeu de d\u00e9tective \u00e0 Iseltwald<\/a><\/li><li class='ez-toc-page-1 ez-toc-heading-level-3'><a class=\"ez-toc-link ez-toc-heading-35\" href=\"https:\/\/loudavymkrokem.cz\/fr\/bonigen-suisse-lac-brienz\/#Le_camping_TCS_excellente_situation_mais_avec_une_grosse_reserve\" >Le camping TCS : excellente situation, mais avec une grosse r\u00e9serve<\/a><\/li><li class='ez-toc-page-1 ez-toc-heading-level-3'><a class=\"ez-toc-link ez-toc-heading-36\" href=\"https:\/\/loudavymkrokem.cz\/fr\/bonigen-suisse-lac-brienz\/#Lilys_Alpenspielplatz_et_le_Panoramaweg_de_la_Schynige_Platte\" >Lily&rsquo;s Alpenspielplatz et le Panoramaweg de la Schynige Platte<\/a><\/li><li class='ez-toc-page-1 ez-toc-heading-level-3'><a class=\"ez-toc-link ez-toc-heading-37\" href=\"https:\/\/loudavymkrokem.cz\/fr\/bonigen-suisse-lac-brienz\/#Le_bateau_et_la_promenade_sans_obstacle_avec_poussette\" >Le bateau et la promenade sans obstacle avec poussette<\/a><\/li><\/ul><\/li><li class='ez-toc-page-1 ez-toc-heading-level-2'><a class=\"ez-toc-link ez-toc-heading-38\" href=\"https:\/\/loudavymkrokem.cz\/fr\/bonigen-suisse-lac-brienz\/#Ou_manger_a_Bonigen\" >O\u00f9 manger \u00e0 B\u00f6nigen<\/a><ul class='ez-toc-list-level-3' ><li class='ez-toc-heading-level-3'><a class=\"ez-toc-link ez-toc-heading-39\" href=\"https:\/\/loudavymkrokem.cz\/fr\/bonigen-suisse-lac-brienz\/#Pizzeria_La_Boheme\" >Pizzeria La Boh\u00e8me<\/a><\/li><li class='ez-toc-page-1 ez-toc-heading-level-3'><a class=\"ez-toc-link ez-toc-heading-40\" href=\"https:\/\/loudavymkrokem.cz\/fr\/bonigen-suisse-lac-brienz\/#Sweet_Ride\" >Sweet Ride<\/a><\/li><li class='ez-toc-page-1 ez-toc-heading-level-3'><a class=\"ez-toc-link ez-toc-heading-41\" href=\"https:\/\/loudavymkrokem.cz\/fr\/bonigen-suisse-lac-brienz\/#Restaurant_Baren_Bonigen\" >Restaurant B\u00e4ren B\u00f6nigen<\/a><\/li><\/ul><\/li><li class='ez-toc-page-1 ez-toc-heading-level-2'><a class=\"ez-toc-link ez-toc-heading-42\" href=\"https:\/\/loudavymkrokem.cz\/fr\/bonigen-suisse-lac-brienz\/#Ou_aller_ensuite_depuis_Bonigen\" >O\u00f9 aller ensuite depuis B\u00f6nigen<\/a><\/li><li class='ez-toc-page-1 ez-toc-heading-level-2'><a class=\"ez-toc-link ez-toc-heading-43\" href=\"https:\/\/loudavymkrokem.cz\/fr\/bonigen-suisse-lac-brienz\/#Questions_frequentes\" >Questions fr\u00e9quentes<\/a><ul class='ez-toc-list-level-3' ><li class='ez-toc-heading-level-3'><a class=\"ez-toc-link ez-toc-heading-44\" href=\"https:\/\/loudavymkrokem.cz\/fr\/bonigen-suisse-lac-brienz\/#Est-ce_que_ca_vaut_le_coup_de_loger_a_Bonigen_plutot_qua_Interlaken\" >Est-ce que \u00e7a vaut le coup de loger \u00e0 B\u00f6nigen plut\u00f4t qu&rsquo;\u00e0 Interlaken ?<\/a><\/li><li class='ez-toc-page-1 ez-toc-heading-level-3'><a class=\"ez-toc-link ez-toc-heading-45\" href=\"https:\/\/loudavymkrokem.cz\/fr\/bonigen-suisse-lac-brienz\/#Comment_y_aller_depuis_Interlaken\" >Comment y aller depuis Interlaken ?<\/a><\/li><li class='ez-toc-page-1 ez-toc-heading-level-3'><a class=\"ez-toc-link ez-toc-heading-46\" href=\"https:\/\/loudavymkrokem.cz\/fr\/bonigen-suisse-lac-brienz\/#Est-ce_quon_peut_se_baigner_dans_le_lac_de_Brienz\" >Est-ce qu&rsquo;on peut se baigner dans le lac de Brienz ?<\/a><\/li><li class='ez-toc-page-1 ez-toc-heading-level-3'><a class=\"ez-toc-link ez-toc-heading-47\" href=\"https:\/\/loudavymkrokem.cz\/fr\/bonigen-suisse-lac-brienz\/#Combien_de_jours_faut-il_pour_la_visite\" >Combien de jours faut-il pour la visite ?<\/a><\/li><li class='ez-toc-page-1 ez-toc-heading-level-3'><a class=\"ez-toc-link ez-toc-heading-48\" href=\"https:\/\/loudavymkrokem.cz\/fr\/bonigen-suisse-lac-brienz\/#Que_faire_quand_il_pleut\" >Que faire quand il pleut ?<\/a><\/li><li class='ez-toc-page-1 ez-toc-heading-level-3'><a class=\"ez-toc-link ez-toc-heading-49\" href=\"https:\/\/loudavymkrokem.cz\/fr\/bonigen-suisse-lac-brienz\/#Est-ce_adapte_pour_les_enfants\" >Est-ce adapt\u00e9 pour les enfants ?<\/a><\/li><li class='ez-toc-page-1 ez-toc-heading-level-3'><a class=\"ez-toc-link ez-toc-heading-50\" href=\"https:\/\/loudavymkrokem.cz\/fr\/bonigen-suisse-lac-brienz\/#Combien_coute_lexcursion_au_Harder_Kulm\" >Combien co\u00fbte l&rsquo;excursion au Harder Kulm ?<\/a><\/li><li class='ez-toc-page-1 ez-toc-heading-level-3'><a class=\"ez-toc-link ez-toc-heading-51\" href=\"https:\/\/loudavymkrokem.cz\/fr\/bonigen-suisse-lac-brienz\/#Lembarcadere_dIseltwald_est-il_payant\" >L&#8217;embarcad\u00e8re d&rsquo;Iseltwald est-il payant ?<\/a><\/li><\/ul><\/li><\/ul><\/nav><\/div>\n<h3 class=\"wp-block-heading\"><span class=\"ez-toc-section\" id=\"Resume_pour_ceux_qui_nont_pas_le_temps_de_tout_lire\"><\/span>R\u00e9sum\u00e9 pour ceux qui n&rsquo;ont pas le temps de tout lire<span class=\"ez-toc-section-end\"><\/span><\/h3>\n\n\n\n<ul class=\"wp-block-list\">\n<li><strong>B\u00f6nigen se trouve au bord du lac de Brienz<\/strong> et c&rsquo;est une base parfaite et tranquille pour d\u00e9couvrir l&rsquo;Oberland bernois.<\/li>\n\n\n\n<li>La <strong>Interlaken Guest Card<\/strong>, que tu re\u00e7ois avec ton h\u00e9bergement, te permet de prendre les bus des environs enti\u00e8rement gratuitement.<\/li>\n\n\n\n<li>Le <strong>centre historique<\/strong> regorge de maisons en bois prot\u00e9g\u00e9es datant du XVI\u1d49 au XVIII\u1d49 si\u00e8cle.<\/li>\n\n\n\n<li>La <strong>baignade dans le lac est r\u00e9serv\u00e9e aux plus courageux<\/strong> : l&rsquo;eau est en g\u00e9n\u00e9ral autour de 20 \u00b0C en \u00e9t\u00e9, mais la plage locale dispose d&rsquo;une piscine chauff\u00e9e.<\/li>\n\n\n\n<li><strong>La randonn\u00e9e y est ph\u00e9nom\u00e9nale<\/strong> : depuis le village, tu peux partir sur le sentier des trois cascades ou faire la boucle du Sytiberg.<\/li>\n\n\n\n<li>Pour <strong>les plus belles randonn\u00e9es, tu montes en t\u00e9l\u00e9ph\u00e9rique<\/strong> \u2014 jusqu&rsquo;au lac Bachalpsee, au M\u00e4nnlichen ou en train \u00e0 cr\u00e9maill\u00e8re \u00e0 vapeur jusqu&rsquo;au Brienzer Rothorn.<\/li>\n\n\n\n<li>Un <strong>h\u00e9bergement avec cuisine<\/strong> te fera \u00e9conomiser \u00e9norm\u00e9ment d&rsquo;argent sur les restaurants chers en Suisse.<\/li>\n\n\n\n<li><strong>Les meilleures excursions dans les environs<\/strong> comprennent le t\u00e9l\u00e9ph\u00e9rique du Harder Kulm, les chutes du Giessbach et le tr\u00e8s photog\u00e9nique Iseltwald.<\/li>\n<\/ul>\n\n\n\n<figure data-wp-context=\"{&quot;imageId&quot;:&quot;6a95407e75d64&quot;}\" data-wp-interactive=\"core\/image\" data-wp-key=\"6a95407e75d64\" class=\"wp-block-image size-full wp-lightbox-container\"><img decoding=\"async\" width=\"1800\" height=\"785\" data-wp-class--hide=\"state.isContentHidden\" data-wp-class--show=\"state.isContentVisible\" data-wp-init=\"callbacks.setButtonStyles\" data-wp-on--click=\"actions.showLightbox\" data-wp-on--load=\"callbacks.setButtonStyles\" data-wp-on--pointerdown=\"actions.preloadImage\" data-wp-on--pointerenter=\"actions.preloadImageWithDelay\" data-wp-on--pointerleave=\"actions.cancelPreload\" data-wp-on-window--resize=\"callbacks.setButtonStyles\" src=\"https:\/\/loudavymkrokem.cz\/wp-content\/uploads\/2026\/08\/articles-bonigen-02.jpg\" alt=\"Le lac de Brienz avec ses sommets montagneux\" class=\"wp-image-404462\" title=\"\" srcset=\"https:\/\/loudavymkrokem.cz\/wp-content\/uploads\/2026\/08\/articles-bonigen-02.jpg 1800w, https:\/\/loudavymkrokem.cz\/wp-content\/uploads\/2026\/08\/articles-bonigen-02-300x131.jpg 300w, https:\/\/loudavymkrokem.cz\/wp-content\/uploads\/2026\/08\/articles-bonigen-02-700x305.jpg 700w, https:\/\/loudavymkrokem.cz\/wp-content\/uploads\/2026\/08\/articles-bonigen-02-768x335.jpg 768w, https:\/\/loudavymkrokem.cz\/wp-content\/uploads\/2026\/08\/articles-bonigen-02-1536x670.jpg 1536w, https:\/\/loudavymkrokem.cz\/wp-content\/uploads\/2026\/08\/articles-bonigen-02-696x304.jpg 696w, https:\/\/loudavymkrokem.cz\/wp-content\/uploads\/2026\/08\/articles-bonigen-02-1392x607.jpg 1392w\" sizes=\"(max-width: 1800px) 100vw, 1800px\" \/><button\n\t\t\tclass=\"lightbox-trigger\"\n\t\t\ttype=\"button\"\n\t\t\taria-haspopup=\"dialog\"\n\t\t\tdata-wp-bind--aria-label=\"state.thisImage.triggerButtonAriaLabel\"\n\t\t\tdata-wp-init=\"callbacks.initTriggerButton\"\n\t\t\tdata-wp-on--click=\"actions.showLightbox\"\n\t\t\tdata-wp-style--right=\"state.thisImage.buttonRight\"\n\t\t\tdata-wp-style--top=\"state.thisImage.buttonTop\"\n\t\t>\n\t\t\t<svg xmlns=\"http:\/\/www.w3.org\/2000\/svg\" width=\"12\" height=\"12\" fill=\"none\" viewBox=\"0 0 12 12\">\n\t\t\t\t<path fill=\"#fff\" d=\"M2 0a2 2 0 0 0-2 2v2h1.5V2a.5.5 0 0 1 .5-.5h2V0H2Zm2 10.5H2a.5.5 0 0 1-.5-.5V8H0v2a2 2 0 0 0 2 2h2v-1.5ZM8 12v-1.5h2a.5.5 0 0 0 .5-.5V8H12v2a2 2 0 0 1-2 2H8Zm2-12a2 2 0 0 1 2 2v2h-1.5V2a.5.5 0 0 0-.5-.5H8V0h2Z\" \/>\n\t\t\t<\/svg>\n\t\t<\/button><figcaption class=\"wp-element-caption\">Photo : Adrian Farwell \/ Wikimedia Commons, CC BY 3.0<\/figcaption><\/figure>\n\n\n\n<h2 class=\"wp-block-heading\"><span class=\"ez-toc-section\" id=\"Quand_partir_a_Bonigen_et_comment_sy_rendre\"><\/span>Quand partir \u00e0 B\u00f6nigen et comment s&rsquo;y rendre<span class=\"ez-toc-section-end\"><\/span><\/h2>\n\n\n\n<p class=\"wp-block-paragraph\">La haute saison touristique dans l&rsquo;Oberland bernois s&rsquo;\u00e9tend de <strong>mai \u00e0 septembre<\/strong>, lorsque les temp\u00e9ratures diurnes dans la vall\u00e9e grimpent jusqu&rsquo;\u00e0 d&rsquo;agr\u00e9ables <strong>24 \u00b0C<\/strong>. Tu dois cependant garder \u00e0 l&rsquo;esprit que tu es en montagne, donc m\u00eame en plein \u00e9t\u00e9, quelques gouttes de pluie tomberont. Statistiquement, il pleut ici environ <strong>9 \u00e0 12 jours par mois<\/strong>, il est donc utile d&rsquo;avoir toujours une veste imperm\u00e9able dans ton sac.<\/p>\n\n\n\n<p class=\"wp-block-paragraph\">Si tu te r\u00e9jouis de te baigner, la <strong>temp\u00e9rature de l&rsquo;eau du lac de Brienz<\/strong> risque de te surprendre un peu. Le lac est d&rsquo;origine glaciaire, il est tr\u00e8s profond et m\u00eame au plus chaud du mois d&rsquo;ao\u00fbt, l&rsquo;eau n&rsquo;atteint g\u00e9n\u00e9ralement que <strong>18 \u00e0 22 \u00b0C<\/strong>. En septembre, avec ses 15 \u00e0 19 \u00b0C, c&rsquo;est plut\u00f4t r\u00e9serv\u00e9 aux courageux. Heureusement, la plage The Beach est ouverte de mi-mai \u00e0 mi-septembre et propose aussi une alternative chauff\u00e9e.<\/p>\n\n\n\n<p class=\"wp-block-paragraph\">Se rendre au village est incroyablement facile gr\u00e2ce \u00e0 la pr\u00e9cision suisse. En train, tu arrives depuis Zurich (en moins de deux heures) ou depuis Berne directement \u00e0 la gare d&rsquo;<strong>Interlaken Ost<\/strong>. De l\u00e0 part la <strong>ligne de bus 103<\/strong>, qui te d\u00e9pose au centre de B\u00f6nigen en seulement 9 minutes. Les bus circulent toutes les demi-heures et s&rsquo;arr\u00eatent directement sur le quai et au centre du village.<\/p>\n\n\n\n<p class=\"wp-block-paragraph\">Et maintenant la meilleure nouvelle : la <strong>Interlaken Guest Card<\/strong>, que tu re\u00e7ois avec ton h\u00e9bergement, te donne les transports publics locaux <strong>enti\u00e8rement gratuits<\/strong>, y compris le fameux bus num\u00e9ro 103. Ainsi, qui loge \u00e0 B\u00f6nigen se rend \u00e0 Interlaken ou dans l&rsquo;Iseltwald voisin sans rien payer.<\/p>\n\n\n\n<figure data-wp-context=\"{&quot;imageId&quot;:&quot;6a95407e762c6&quot;}\" data-wp-interactive=\"core\/image\" data-wp-key=\"6a95407e762c6\" class=\"wp-block-image size-full wp-lightbox-container\"><img decoding=\"async\" width=\"1800\" height=\"1125\" data-wp-class--hide=\"state.isContentHidden\" data-wp-class--show=\"state.isContentVisible\" data-wp-init=\"callbacks.setButtonStyles\" data-wp-on--click=\"actions.showLightbox\" data-wp-on--load=\"callbacks.setButtonStyles\" data-wp-on--pointerdown=\"actions.preloadImage\" data-wp-on--pointerenter=\"actions.preloadImageWithDelay\" data-wp-on--pointerleave=\"actions.cancelPreload\" data-wp-on-window--resize=\"callbacks.setButtonStyles\" src=\"https:\/\/loudavymkrokem.cz\/wp-content\/uploads\/2026\/08\/articles-bonigen-03.jpg\" alt=\"Le quai de B\u00f6nigen au bord du lac de Brienz\" class=\"wp-image-404464\" title=\"\" srcset=\"https:\/\/loudavymkrokem.cz\/wp-content\/uploads\/2026\/08\/articles-bonigen-03.jpg 1800w, https:\/\/loudavymkrokem.cz\/wp-content\/uploads\/2026\/08\/articles-bonigen-03-300x188.jpg 300w, https:\/\/loudavymkrokem.cz\/wp-content\/uploads\/2026\/08\/articles-bonigen-03-700x438.jpg 700w, https:\/\/loudavymkrokem.cz\/wp-content\/uploads\/2026\/08\/articles-bonigen-03-768x480.jpg 768w, https:\/\/loudavymkrokem.cz\/wp-content\/uploads\/2026\/08\/articles-bonigen-03-1536x960.jpg 1536w, https:\/\/loudavymkrokem.cz\/wp-content\/uploads\/2026\/08\/articles-bonigen-03-696x435.jpg 696w, https:\/\/loudavymkrokem.cz\/wp-content\/uploads\/2026\/08\/articles-bonigen-03-1392x870.jpg 1392w\" sizes=\"(max-width: 1800px) 100vw, 1800px\" \/><button\n\t\t\tclass=\"lightbox-trigger\"\n\t\t\ttype=\"button\"\n\t\t\taria-haspopup=\"dialog\"\n\t\t\tdata-wp-bind--aria-label=\"state.thisImage.triggerButtonAriaLabel\"\n\t\t\tdata-wp-init=\"callbacks.initTriggerButton\"\n\t\t\tdata-wp-on--click=\"actions.showLightbox\"\n\t\t\tdata-wp-style--right=\"state.thisImage.buttonRight\"\n\t\t\tdata-wp-style--top=\"state.thisImage.buttonTop\"\n\t\t>\n\t\t\t<svg xmlns=\"http:\/\/www.w3.org\/2000\/svg\" width=\"12\" height=\"12\" fill=\"none\" viewBox=\"0 0 12 12\">\n\t\t\t\t<path fill=\"#fff\" d=\"M2 0a2 2 0 0 0-2 2v2h1.5V2a.5.5 0 0 1 .5-.5h2V0H2Zm2 10.5H2a.5.5 0 0 1-.5-.5V8H0v2a2 2 0 0 0 2 2h2v-1.5ZM8 12v-1.5h2a.5.5 0 0 0 .5-.5V8H12v2a2 2 0 0 1-2 2H8Zm2-12a2 2 0 0 1 2 2v2h-1.5V2a.5.5 0 0 0-.5-.5H8V0h2Z\" \/>\n\t\t\t<\/svg>\n\t\t<\/button><figcaption class=\"wp-element-caption\">Photo : JoachimKohler-HB \/ Wikimedia Commons, CC BY-SA 4.0<\/figcaption><\/figure>\n\n\n\n<h2 class=\"wp-block-heading\"><span class=\"ez-toc-section\" id=\"Ou_se_loger_a_Bonigen_et_combien_ca_coute\"><\/span>O\u00f9 se loger \u00e0 B\u00f6nigen et combien \u00e7a co\u00fbte<span class=\"ez-toc-section-end\"><\/span><\/h2>\n\n\n\n<p class=\"wp-block-paragraph\"><em>\ud83d\udca1 Astuce h\u00e9bergement et exp\u00e9riences : nous comparons les h\u00e9bergements sur place <a href=\"https:\/\/www.stay22.com\/allez\/roam?aid=lukaskonecny&amp;campaign=loudavymkrokemcz&amp;address=Bonigen\" target=\"_blank\" rel=\"nofollow noopener sponsored\">ici<\/a>, pour voir ce qui est disponible et \u00e0 quel prix. Nous pr\u00e9f\u00e9rons chercher sur <a href=\"https:\/\/www.booking.com\/searchresults.html?ss=Bonigen&amp;aid=2397601\" target=\"_blank\" rel=\"nofollow noopener sponsored\">Booking.com<\/a>, o\u00f9 les conditions d&rsquo;annulation sont souvent les meilleures. Pour les billets, excursions et activit\u00e9s, mieux vaut comparer et r\u00e9server via <a href=\"https:\/\/www.getyourguide.com\/s\/?q=Bonigen&amp;partner_id=MKZ64IS\" target=\"_blank\" rel=\"nofollow noopener sponsored\">GetYourGuide<\/a>.<\/em><\/p>\n\n\n\n<p class=\"wp-block-paragraph\">Loger directement \u00e0 B\u00f6nigen est le choix le plus malin que tu puisses faire en planifiant tes vacances en Suisse. Alors qu&rsquo;Interlaken, la voisine, est souvent hors de prix et pleine de groupes de touristes bruyants, ici tu trouveras un <strong>calme authentique et des prix bien plus doux<\/strong>. Et tu es pourtant au c\u0153ur de l&rsquo;action en moins de dix minutes de bus.<\/p>\n\n\n\n<p class=\"wp-block-paragraph\">En Suisse, il est aussi incroyablement <strong>rentable de choisir un h\u00e9bergement avec sa propre cuisine<\/strong>. Les prix dans les restaurants sont astronomiques, alors pouvoir se cuisiner son propre d\u00eener ou pr\u00e9parer un en-cas pour la randonn\u00e9e fera fondre ton budget de plusieurs centaines d&rsquo;euros. N&rsquo;oublie pas de <strong>r\u00e9server tr\u00e8s longtemps \u00e0 l&rsquo;avance<\/strong>, car en haute saison estivale, les meilleures adresses sont compl\u00e8tes des mois \u00e0 l&rsquo;avance.<\/p>\n\n\n\n<p class=\"wp-block-paragraph\">Voici des suggestions concr\u00e8tes d&rsquo;excellents h\u00e9bergements selon les avis des voyageurs :<\/p>\n\n\n\n<ul class=\"wp-block-list\">\n<li><strong><a href=\"https:\/\/www.stay22.com\/allez\/roam?aid=lukaskonecny&amp;campaign=loudavymkrokemcz&amp;campaign=bonigen&amp;hotelname=Hotel%20Seiler%20au%20Lac&amp;address=B%C3%B6nigen%2C%20%C5%A0v%C3%BDcarsko\" target=\"_blank\" rel=\"noopener nofollow sponsored\">Hotel Seiler au Lac<\/a> :<\/strong> l&rsquo;Hotel Seiler au Lac est directement au bord de l&rsquo;eau et le bateau \u00e0 aubes s&rsquo;arr\u00eate juste devant sa porte, tu n&rsquo;as donc m\u00eame pas \u00e0 te soucier de comment atteindre l&#8217;embarcad\u00e8re. Quarante chambres, vue sur les montagnes et l&rsquo;eau \u2014 c&rsquo;est la bonne adresse si tu veux \u00eatre au c\u0153ur de l&rsquo;action.<\/li>\n\n\n\n<li><strong><a href=\"https:\/\/www.stay22.com\/allez\/roam?aid=lukaskonecny&amp;campaign=loudavymkrokemcz&amp;campaign=bonigen&amp;hotelname=Seehotel%20B%C3%B6nigen&amp;address=B%C3%B6nigen%2C%20%C5%A0v%C3%BDcarsko\" target=\"_blank\" rel=\"noopener nofollow sponsored\">Seehotel B\u00f6nigen<\/a> :<\/strong> un excellent <strong>choix familial avec vue panoramique<\/strong>, qui offre une ambiance plus tranquille et son propre restaurant r\u00e9put\u00e9. Les h\u00f4tes appr\u00e9cient beaucoup l&rsquo;accueil personnel des propri\u00e9taires et les copieux petits-d\u00e9jeuners.<\/li>\n\n\n\n<li><strong><a href=\"https:\/\/www.stay22.com\/allez\/roam?aid=lukaskonecny&amp;campaign=loudavymkrokemcz&amp;campaign=bonigen&amp;hotelname=TCS%20Camping%20B%C3%B6nigen%20Brienzersee&amp;address=B%C3%B6nigen%2C%20%C5%A0v%C3%BDcarsko\" target=\"_blank\" rel=\"noopener nofollow sponsored\">TCS Camping B\u00f6nigen Brienzersee<\/a> :<\/strong> une <strong>option \u00e9conomique parfaite avec la meilleure situation du village<\/strong> \u2014 directement au bord du lac et \u00e0 200 m\u00e8tres de la plage. Attention toutefois \u00e0 deux choses : <strong>le camping n&rsquo;a ni piscine ni toboggan<\/strong> (juste une pataugeoire) et nous avons une mauvaise exp\u00e9rience personnelle avec l&rsquo;attitude du personnel envers les familles avec tout-petits, que je d\u00e9cris plus bas.<\/li>\n\n\n\n<li><strong><a href=\"https:\/\/www.stay22.com\/allez\/roam?aid=lukaskonecny&amp;campaign=loudavymkrokemcz&amp;campaign=bonigen&amp;hotelname=Mountain%20and%20Lake&amp;address=B%C3%B6nigen%2C%20%C5%A0v%C3%BDcarsko\" target=\"_blank\" rel=\"noopener nofollow sponsored\">Mountain and Lake<\/a> :<\/strong> un <strong>appartement priv\u00e9 formidablement not\u00e9 avec cuisine enti\u00e8rement \u00e9quip\u00e9e<\/strong>, qui te garantit une ind\u00e9pendance maximale. Il poss\u00e8de une belle terrasse et, selon les avis, c&rsquo;est l&rsquo;endroit id\u00e9al pour un s\u00e9jour prolong\u00e9 avec repas maison.<\/li>\n\n\n\n<li><strong><a href=\"https:\/\/www.stay22.com\/allez\/roam?aid=lukaskonecny&amp;campaign=loudavymkrokemcz&amp;campaign=bonigen&amp;hotelname=Walida&amp;address=B%C3%B6nigen%2C%20%C5%A0v%C3%BDcarsko\" target=\"_blank\" rel=\"noopener nofollow sponsored\">Walida<\/a> :<\/strong> un h\u00f4tel plus simple mais tr\u00e8s <strong>agr\u00e9able \u00e0 prix raisonnable<\/strong>, o\u00f9 tu appr\u00e9cieras les balcons avec vue sur les sommets alpins. Les h\u00f4tes soulignent la propret\u00e9 et l&rsquo;atmosph\u00e8re chaleureuse et familiale.<\/li>\n<\/ul>\n\n\n\n<figure data-wp-context=\"{&quot;imageId&quot;:&quot;6a95407e76919&quot;}\" data-wp-interactive=\"core\/image\" data-wp-key=\"6a95407e76919\" class=\"wp-block-image size-full wp-lightbox-container\"><img decoding=\"async\" width=\"1800\" height=\"1350\" data-wp-class--hide=\"state.isContentHidden\" data-wp-class--show=\"state.isContentVisible\" data-wp-init=\"callbacks.setButtonStyles\" data-wp-on--click=\"actions.showLightbox\" data-wp-on--load=\"callbacks.setButtonStyles\" data-wp-on--pointerdown=\"actions.preloadImage\" data-wp-on--pointerenter=\"actions.preloadImageWithDelay\" data-wp-on--pointerleave=\"actions.cancelPreload\" data-wp-on-window--resize=\"callbacks.setButtonStyles\" src=\"https:\/\/loudavymkrokem.cz\/wp-content\/uploads\/2026\/08\/articles-bonigen-04.jpg\" alt=\"B\u00f6nigen et son quai au bord du lac de Brienz\" class=\"wp-image-404465\" title=\"\" srcset=\"https:\/\/loudavymkrokem.cz\/wp-content\/uploads\/2026\/08\/articles-bonigen-04.jpg 1800w, https:\/\/loudavymkrokem.cz\/wp-content\/uploads\/2026\/08\/articles-bonigen-04-300x225.jpg 300w, https:\/\/loudavymkrokem.cz\/wp-content\/uploads\/2026\/08\/articles-bonigen-04-700x525.jpg 700w, https:\/\/loudavymkrokem.cz\/wp-content\/uploads\/2026\/08\/articles-bonigen-04-768x576.jpg 768w, https:\/\/loudavymkrokem.cz\/wp-content\/uploads\/2026\/08\/articles-bonigen-04-1536x1152.jpg 1536w, https:\/\/loudavymkrokem.cz\/wp-content\/uploads\/2026\/08\/articles-bonigen-04-80x60.jpg 80w, https:\/\/loudavymkrokem.cz\/wp-content\/uploads\/2026\/08\/articles-bonigen-04-160x120.jpg 160w, https:\/\/loudavymkrokem.cz\/wp-content\/uploads\/2026\/08\/articles-bonigen-04-696x522.jpg 696w, https:\/\/loudavymkrokem.cz\/wp-content\/uploads\/2026\/08\/articles-bonigen-04-1392x1044.jpg 1392w\" sizes=\"(max-width: 1800px) 100vw, 1800px\" \/><button\n\t\t\tclass=\"lightbox-trigger\"\n\t\t\ttype=\"button\"\n\t\t\taria-haspopup=\"dialog\"\n\t\t\tdata-wp-bind--aria-label=\"state.thisImage.triggerButtonAriaLabel\"\n\t\t\tdata-wp-init=\"callbacks.initTriggerButton\"\n\t\t\tdata-wp-on--click=\"actions.showLightbox\"\n\t\t\tdata-wp-style--right=\"state.thisImage.buttonRight\"\n\t\t\tdata-wp-style--top=\"state.thisImage.buttonTop\"\n\t\t>\n\t\t\t<svg xmlns=\"http:\/\/www.w3.org\/2000\/svg\" width=\"12\" height=\"12\" fill=\"none\" viewBox=\"0 0 12 12\">\n\t\t\t\t<path fill=\"#fff\" d=\"M2 0a2 2 0 0 0-2 2v2h1.5V2a.5.5 0 0 1 .5-.5h2V0H2Zm2 10.5H2a.5.5 0 0 1-.5-.5V8H0v2a2 2 0 0 0 2 2h2v-1.5ZM8 12v-1.5h2a.5.5 0 0 0 .5-.5V8H12v2a2 2 0 0 1-2 2H8Zm2-12a2 2 0 0 1 2 2v2h-1.5V2a.5.5 0 0 0-.5-.5H8V0h2Z\" \/>\n\t\t\t<\/svg>\n\t\t<\/button><figcaption class=\"wp-element-caption\">Photo : Sven Huls \/ Pexels<\/figcaption><\/figure>\n\n\n\n<h2 class=\"wp-block-heading\"><span class=\"ez-toc-section\" id=\"Directement_a_Bonigen_6_idees_de_choses_a_voir_et_faire_au_bord_de_leau\"><\/span>Directement \u00e0 B\u00f6nigen : 6 id\u00e9es de choses \u00e0 voir et faire au bord de l&rsquo;eau<span class=\"ez-toc-section-end\"><\/span><\/h2>\n\n\n\n<p class=\"wp-block-paragraph\">Le village lui-m\u00eame est l&rsquo;endroit id\u00e9al pour les <strong>journ\u00e9es tranquilles<\/strong>, quand tu n&rsquo;as pas envie de grimper dans les hautes montagnes. Tu peux simplement fl\u00e2ner dans les ruelles \u00e9troites, admirer le savoir-faire artisanal des anciens ma\u00eetres charpentiers ou passer du temps directement au <strong>bord du lac turquoise<\/strong>.<\/p>\n\n\n\n<p class=\"wp-block-paragraph\">Tu y trouveras un m\u00e9lange parfait d&rsquo;histoire et d&rsquo;activit\u00e9s nautiques qui t&rsquo;occupera au moins tout un week-end. Et tout est ici <strong>joliment \u00e0 port\u00e9e de main et accessible \u00e0 pied<\/strong>, tu peux donc laisser ta voiture tranquillement gar\u00e9e \u00e0 l&rsquo;h\u00f4tel.<\/p>\n\n\n\n<p class=\"wp-block-paragraph\">\ud83d\udca1 Astuce : la plupart des exp\u00e9riences des environs (croisi\u00e8res sur le lac, sorties en kayak, tours en jet-boat et excursions au Jungfraujoch) peuvent \u00eatre r\u00e9serv\u00e9es \u00e0 l&rsquo;avance sur <a href=\"https:\/\/www.getyourguide.com\/s\/?q=Interlaken%20Lake%20Brienz&amp;partner_id=MKZ64IS\" target=\"_blank\" rel=\"nofollow noopener sponsored\">GetYourGuide<\/a>. En haute saison, les cr\u00e9neaux populaires se remplissent plusieurs jours \u00e0 l&rsquo;avance.<\/p>\n\n\n\n<figure data-wp-context=\"{&quot;imageId&quot;:&quot;6a95407e76e37&quot;}\" data-wp-interactive=\"core\/image\" data-wp-key=\"6a95407e76e37\" class=\"wp-block-image size-full wp-lightbox-container\"><img decoding=\"async\" width=\"1800\" height=\"1350\" data-wp-class--hide=\"state.isContentHidden\" data-wp-class--show=\"state.isContentVisible\" data-wp-init=\"callbacks.setButtonStyles\" data-wp-on--click=\"actions.showLightbox\" data-wp-on--load=\"callbacks.setButtonStyles\" data-wp-on--pointerdown=\"actions.preloadImage\" data-wp-on--pointerenter=\"actions.preloadImageWithDelay\" data-wp-on--pointerleave=\"actions.cancelPreload\" data-wp-on-window--resize=\"callbacks.setButtonStyles\" src=\"https:\/\/loudavymkrokem.cz\/wp-content\/uploads\/2026\/08\/articles-bonigen-05.jpg\" alt=\"Maison en bois sculpt\u00e9e historique \u00e0 B\u00f6nigen\" class=\"wp-image-404467\" title=\"\" srcset=\"https:\/\/loudavymkrokem.cz\/wp-content\/uploads\/2026\/08\/articles-bonigen-05.jpg 1800w, https:\/\/loudavymkrokem.cz\/wp-content\/uploads\/2026\/08\/articles-bonigen-05-300x225.jpg 300w, https:\/\/loudavymkrokem.cz\/wp-content\/uploads\/2026\/08\/articles-bonigen-05-700x525.jpg 700w, https:\/\/loudavymkrokem.cz\/wp-content\/uploads\/2026\/08\/articles-bonigen-05-768x576.jpg 768w, https:\/\/loudavymkrokem.cz\/wp-content\/uploads\/2026\/08\/articles-bonigen-05-1536x1152.jpg 1536w, https:\/\/loudavymkrokem.cz\/wp-content\/uploads\/2026\/08\/articles-bonigen-05-80x60.jpg 80w, https:\/\/loudavymkrokem.cz\/wp-content\/uploads\/2026\/08\/articles-bonigen-05-160x120.jpg 160w, https:\/\/loudavymkrokem.cz\/wp-content\/uploads\/2026\/08\/articles-bonigen-05-696x522.jpg 696w, https:\/\/loudavymkrokem.cz\/wp-content\/uploads\/2026\/08\/articles-bonigen-05-1392x1044.jpg 1392w\" sizes=\"(max-width: 1800px) 100vw, 1800px\" \/><button\n\t\t\tclass=\"lightbox-trigger\"\n\t\t\ttype=\"button\"\n\t\t\taria-haspopup=\"dialog\"\n\t\t\tdata-wp-bind--aria-label=\"state.thisImage.triggerButtonAriaLabel\"\n\t\t\tdata-wp-init=\"callbacks.initTriggerButton\"\n\t\t\tdata-wp-on--click=\"actions.showLightbox\"\n\t\t\tdata-wp-style--right=\"state.thisImage.buttonRight\"\n\t\t\tdata-wp-style--top=\"state.thisImage.buttonTop\"\n\t\t>\n\t\t\t<svg xmlns=\"http:\/\/www.w3.org\/2000\/svg\" width=\"12\" height=\"12\" fill=\"none\" viewBox=\"0 0 12 12\">\n\t\t\t\t<path fill=\"#fff\" d=\"M2 0a2 2 0 0 0-2 2v2h1.5V2a.5.5 0 0 1 .5-.5h2V0H2Zm2 10.5H2a.5.5 0 0 1-.5-.5V8H0v2a2 2 0 0 0 2 2h2v-1.5ZM8 12v-1.5h2a.5.5 0 0 0 .5-.5V8H12v2a2 2 0 0 1-2 2H8Zm2-12a2 2 0 0 1 2 2v2h-1.5V2a.5.5 0 0 0-.5-.5H8V0h2Z\" \/>\n\t\t\t<\/svg>\n\t\t<\/button><figcaption class=\"wp-element-caption\">Photo : Freek Wolsink \/ Pexels<\/figcaption><\/figure>\n\n\n\n<h3 class=\"wp-block-heading\"><span class=\"ez-toc-section\" id=\"1_Les_maisons_en_bois_historiques_et_le_Hauserweg\"><\/span>1. Les maisons en bois historiques et le H\u00e4userweg<span class=\"ez-toc-section-end\"><\/span><\/h3>\n\n\n\n<p class=\"wp-block-paragraph\">Le c\u0153ur du village est constitu\u00e9 d&rsquo;un ensemble unique de <strong>maisons en bois sculpt\u00e9es du XVI\u1d49 au XIX\u1d49 si\u00e8cle<\/strong>. B\u00f6nigen a eu une chance immense au cours de son histoire de n&rsquo;avoir jamais \u00e9t\u00e9 frapp\u00e9 par un grand incendie destructeur. Gr\u00e2ce \u00e0 cela, on y trouve un tissu b\u00e2ti continu de chaque p\u00e9riode de construction depuis 1549, ce qui est d&rsquo;une raret\u00e9 extr\u00eame en Suisse.<\/p>\n\n\n\n<p class=\"wp-block-paragraph\">En te promenant sur le sentier th\u00e9matique <strong>Historischer H\u00e4userweg<\/strong>, le travail de sculpture d\u00e9taill\u00e9 sur les fa\u00e7ades te subjuguera. Tu verras des ornements complexes, de vieilles inscriptions et des balcons aux formes pr\u00e9cises. Un guide interactif SmartTrail est disponible sur le parcours, que tu t\u00e9l\u00e9charges facilement sur ton t\u00e9l\u00e9phone et qui te raconte les histoires des diff\u00e9rentes familles.<\/p>\n\n\n\n<p class=\"wp-block-paragraph\">Le b\u00e2timent le plus c\u00e9l\u00e8bre est le fameux <strong>Housihuus de 1757<\/strong>, qui servait de premi\u00e8re auberge locale. Il a m\u00eame une histoire royale, car en 1808 le roi Fr\u00e9d\u00e9ric de Wurtemberg y a pass\u00e9 la nuit. L&rsquo;ancien grenier Christi&rsquo;s Spycher de 1746 m\u00e9rite aussi l&rsquo;attention : il montre comment on stockait autrefois les pr\u00e9cieuses r\u00e9serves de nourriture.<\/p>\n\n\n\n<p class=\"wp-block-paragraph\">\ud83d\udca1 Astuce : chaque matin \u00e0 9h15, des <strong>visites guid\u00e9es comment\u00e9es du village<\/strong> se d\u00e9roulent devant l&rsquo;<a href=\"https:\/\/www.boenigen-iseltwald.ch\" target=\"_blank\" rel=\"nofollow noopener\">office de tourisme<\/a>. C&rsquo;est une belle occasion d&rsquo;apprendre des habitants des anecdotes que tu ne trouveras dans aucun guide imprim\u00e9.<\/p>\n\n\n\n<figure data-wp-context=\"{&quot;imageId&quot;:&quot;6a95407e773ea&quot;}\" data-wp-interactive=\"core\/image\" data-wp-key=\"6a95407e773ea\" class=\"wp-block-image size-full wp-lightbox-container\"><img decoding=\"async\" width=\"1800\" height=\"1341\" data-wp-class--hide=\"state.isContentHidden\" data-wp-class--show=\"state.isContentVisible\" data-wp-init=\"callbacks.setButtonStyles\" data-wp-on--click=\"actions.showLightbox\" data-wp-on--load=\"callbacks.setButtonStyles\" data-wp-on--pointerdown=\"actions.preloadImage\" data-wp-on--pointerenter=\"actions.preloadImageWithDelay\" data-wp-on--pointerleave=\"actions.cancelPreload\" data-wp-on-window--resize=\"callbacks.setButtonStyles\" src=\"https:\/\/loudavymkrokem.cz\/wp-content\/uploads\/2026\/08\/articles-bonigen-06.jpg\" alt=\"Int\u00e9rieur d&#039;une maison traditionnelle de l&#039;Oberland\" class=\"wp-image-404469\" title=\"\" srcset=\"https:\/\/loudavymkrokem.cz\/wp-content\/uploads\/2026\/08\/articles-bonigen-06.jpg 1800w, https:\/\/loudavymkrokem.cz\/wp-content\/uploads\/2026\/08\/articles-bonigen-06-300x224.jpg 300w, https:\/\/loudavymkrokem.cz\/wp-content\/uploads\/2026\/08\/articles-bonigen-06-700x522.jpg 700w, https:\/\/loudavymkrokem.cz\/wp-content\/uploads\/2026\/08\/articles-bonigen-06-768x572.jpg 768w, https:\/\/loudavymkrokem.cz\/wp-content\/uploads\/2026\/08\/articles-bonigen-06-1536x1144.jpg 1536w, https:\/\/loudavymkrokem.cz\/wp-content\/uploads\/2026\/08\/articles-bonigen-06-80x60.jpg 80w, https:\/\/loudavymkrokem.cz\/wp-content\/uploads\/2026\/08\/articles-bonigen-06-160x120.jpg 160w, https:\/\/loudavymkrokem.cz\/wp-content\/uploads\/2026\/08\/articles-bonigen-06-696x519.jpg 696w, https:\/\/loudavymkrokem.cz\/wp-content\/uploads\/2026\/08\/articles-bonigen-06-1392x1037.jpg 1392w\" sizes=\"(max-width: 1800px) 100vw, 1800px\" \/><button\n\t\t\tclass=\"lightbox-trigger\"\n\t\t\ttype=\"button\"\n\t\t\taria-haspopup=\"dialog\"\n\t\t\tdata-wp-bind--aria-label=\"state.thisImage.triggerButtonAriaLabel\"\n\t\t\tdata-wp-init=\"callbacks.initTriggerButton\"\n\t\t\tdata-wp-on--click=\"actions.showLightbox\"\n\t\t\tdata-wp-style--right=\"state.thisImage.buttonRight\"\n\t\t\tdata-wp-style--top=\"state.thisImage.buttonTop\"\n\t\t>\n\t\t\t<svg xmlns=\"http:\/\/www.w3.org\/2000\/svg\" width=\"12\" height=\"12\" fill=\"none\" viewBox=\"0 0 12 12\">\n\t\t\t\t<path fill=\"#fff\" d=\"M2 0a2 2 0 0 0-2 2v2h1.5V2a.5.5 0 0 1 .5-.5h2V0H2Zm2 10.5H2a.5.5 0 0 1-.5-.5V8H0v2a2 2 0 0 0 2 2h2v-1.5ZM8 12v-1.5h2a.5.5 0 0 0 .5-.5V8H12v2a2 2 0 0 1-2 2H8Zm2-12a2 2 0 0 1 2 2v2h-1.5V2a.5.5 0 0 0-.5-.5H8V0h2Z\" \/>\n\t\t\t<\/svg>\n\t\t<\/button><figcaption class=\"wp-element-caption\">Photo : Abhishek Navlakha \/ Pexels<\/figcaption><\/figure>\n\n\n\n<h3 class=\"wp-block-heading\"><span class=\"ez-toc-section\" id=\"2_Le_musee_du_village_%C2%AB_alte_Pinte_%C2%BB\"><\/span>2. Le mus\u00e9e du village \u00ab alte Pinte \u00bb<span class=\"ez-toc-section-end\"><\/span><\/h3>\n\n\n\n<p class=\"wp-block-paragraph\">Si tu veux voir comment on vivait r\u00e9ellement dans ces maisons en bois, tu dois visiter le mus\u00e9e local. Il est install\u00e9 dans une <strong>maison magnifiquement conserv\u00e9e de 1772<\/strong> et te plonge dans l&rsquo;atmosph\u00e8re d&rsquo;autrefois, quand la vie en montagne \u00e9tait bien plus rude qu&rsquo;aujourd&rsquo;hui.<\/p>\n\n\n\n<p class=\"wp-block-paragraph\">L&rsquo;exposition montre une habitation typique de l&rsquo;Oberland jusque dans les moindres d\u00e9tails. Tu y trouveras du <strong>mobilier historique et des objets datant de 1730 \u00e0 1920<\/strong>, des vieux rouets aux coffres de mariage peints \u00e0 la main. Il est fascinant de voir avec quelle ma\u00eetrise les artisans locaux savaient travailler le bois.<\/p>\n\n\n\n<p class=\"wp-block-paragraph\">La visite ne te prendra pas plus d&rsquo;une heure, mais elle te donnera un immense <strong>respect pour la culture et les traditions locales<\/strong>. Tu d\u00e9couvriras comment on se chauffait autrefois, comment on transformait le lait des alpages et \u00e0 quoi ressemblait le quotidien d&rsquo;une famille suisse ordinaire.<\/p>\n\n\n\n<p class=\"wp-block-paragraph\">\ud83d\udca1 Astuce : les <strong>horaires d&rsquo;ouverture du mus\u00e9e<\/strong> sont souvent <strong>assez limit\u00e9s hors saison<\/strong>, v\u00e9rifie donc \u00e0 l&rsquo;avance sur le site quels jours il est ouvert, pour ne pas te retrouver devant une porte close.<\/p>\n\n\n\n<figure data-wp-context=\"{&quot;imageId&quot;:&quot;6a95407e77acd&quot;}\" data-wp-interactive=\"core\/image\" data-wp-key=\"6a95407e77acd\" class=\"wp-block-image size-full wp-lightbox-container\"><img decoding=\"async\" width=\"1800\" height=\"1350\" data-wp-class--hide=\"state.isContentHidden\" data-wp-class--show=\"state.isContentVisible\" data-wp-init=\"callbacks.setButtonStyles\" data-wp-on--click=\"actions.showLightbox\" data-wp-on--load=\"callbacks.setButtonStyles\" data-wp-on--pointerdown=\"actions.preloadImage\" data-wp-on--pointerenter=\"actions.preloadImageWithDelay\" data-wp-on--pointerleave=\"actions.cancelPreload\" data-wp-on-window--resize=\"callbacks.setButtonStyles\" src=\"https:\/\/loudavymkrokem.cz\/wp-content\/uploads\/2026\/08\/articles-bonigen-07.jpg\" alt=\"B\u00f6nigen vu depuis le pont d&#039;un bateau sur le lac de Brienz\" class=\"wp-image-404470\" title=\"\" srcset=\"https:\/\/loudavymkrokem.cz\/wp-content\/uploads\/2026\/08\/articles-bonigen-07.jpg 1800w, https:\/\/loudavymkrokem.cz\/wp-content\/uploads\/2026\/08\/articles-bonigen-07-300x225.jpg 300w, https:\/\/loudavymkrokem.cz\/wp-content\/uploads\/2026\/08\/articles-bonigen-07-700x525.jpg 700w, https:\/\/loudavymkrokem.cz\/wp-content\/uploads\/2026\/08\/articles-bonigen-07-768x576.jpg 768w, https:\/\/loudavymkrokem.cz\/wp-content\/uploads\/2026\/08\/articles-bonigen-07-1536x1152.jpg 1536w, https:\/\/loudavymkrokem.cz\/wp-content\/uploads\/2026\/08\/articles-bonigen-07-80x60.jpg 80w, https:\/\/loudavymkrokem.cz\/wp-content\/uploads\/2026\/08\/articles-bonigen-07-160x120.jpg 160w, https:\/\/loudavymkrokem.cz\/wp-content\/uploads\/2026\/08\/articles-bonigen-07-696x522.jpg 696w, https:\/\/loudavymkrokem.cz\/wp-content\/uploads\/2026\/08\/articles-bonigen-07-1392x1044.jpg 1392w\" sizes=\"(max-width: 1800px) 100vw, 1800px\" \/><button\n\t\t\tclass=\"lightbox-trigger\"\n\t\t\ttype=\"button\"\n\t\t\taria-haspopup=\"dialog\"\n\t\t\tdata-wp-bind--aria-label=\"state.thisImage.triggerButtonAriaLabel\"\n\t\t\tdata-wp-init=\"callbacks.initTriggerButton\"\n\t\t\tdata-wp-on--click=\"actions.showLightbox\"\n\t\t\tdata-wp-style--right=\"state.thisImage.buttonRight\"\n\t\t\tdata-wp-style--top=\"state.thisImage.buttonTop\"\n\t\t>\n\t\t\t<svg xmlns=\"http:\/\/www.w3.org\/2000\/svg\" width=\"12\" height=\"12\" fill=\"none\" viewBox=\"0 0 12 12\">\n\t\t\t\t<path fill=\"#fff\" d=\"M2 0a2 2 0 0 0-2 2v2h1.5V2a.5.5 0 0 1 .5-.5h2V0H2Zm2 10.5H2a.5.5 0 0 1-.5-.5V8H0v2a2 2 0 0 0 2 2h2v-1.5ZM8 12v-1.5h2a.5.5 0 0 0 .5-.5V8H12v2a2 2 0 0 1-2 2H8Zm2-12a2 2 0 0 1 2 2v2h-1.5V2a.5.5 0 0 0-.5-.5H8V0h2Z\" \/>\n\t\t\t<\/svg>\n\t\t<\/button><figcaption class=\"wp-element-caption\">Photo : Andrew Bossi \/ Wikimedia Commons, CC BY-SA 2.5<\/figcaption><\/figure>\n\n\n\n<h3 class=\"wp-block-heading\"><span class=\"ez-toc-section\" id=\"3_Le_quai_lembarcadere_et_le_Brienzersee_Lakewalk\"><\/span>3. Le quai, l&#8217;embarcad\u00e8re et le Brienzersee Lakewalk<span class=\"ez-toc-section-end\"><\/span><\/h3>\n\n\n\n<p class=\"wp-block-paragraph\">Le c\u0153ur de tout B\u00f6nigen, c&rsquo;est sans conteste son quai. Le <strong>Brienzersee Lakewalk<\/strong> affiche sur Google une note fantastique de 4,8 sur pr\u00e8s de mille avis et c&rsquo;est le premier endroit o\u00f9 tes pas devraient te mener \u00e0 l&rsquo;arriv\u00e9e. La vue depuis l&#8217;embarcad\u00e8re sur les sommets environnants et la surface turquoise est tout simplement iconique.<\/p>\n\n\n\n<p class=\"wp-block-paragraph\">Toute la promenade est con\u00e7ue comme un <strong>chemin sans obstacle le long du lac et de la rivi\u00e8re Aar<\/strong>. Elle est absolument id\u00e9ale pour les familles avec poussettes, les personnes en fauteuil roulant ou pour une lente balade du soir, quand les jambes te font d\u00e9j\u00e0 mal apr\u00e8s une journ\u00e9e de randonn\u00e9e. L&rsquo;eau y a une couleur incroyable, caus\u00e9e par ce qu&rsquo;on appelle la farine glaciaire charri\u00e9e depuis les massifs environnants.<\/p>\n\n\n\n<p class=\"wp-block-paragraph\">En haute saison estivale, le quai s&rsquo;anime de culture. Juste au niveau de l&#8217;embarcad\u00e8re principal se tiennent r\u00e9guli\u00e8rement des <strong>concerts folkloriques traditionnels<\/strong>, o\u00f9 tu peux entendre jouer en direct des cors des Alpes et voir les habitants dans leurs magnifiques costumes historiques. C&rsquo;est une exp\u00e9rience indissociable d&rsquo;un s\u00e9jour dans l&rsquo;Oberland bernois.<\/p>\n\n\n\n<p class=\"wp-block-paragraph\">\ud83d\udca1 Astuce : \u00e0 deux pas de la promenade se trouve le <strong>petit \u00e9tang Depotseeli<\/strong>, cr\u00e9\u00e9 de fa\u00e7on curieuse artificiellement lors de la construction historique du chemin de fer. Il sert aujourd&rsquo;hui surtout aux p\u00eacheurs locaux, mais c&rsquo;est un joli endroit tranquille pour une courte halte.<\/p>\n\n\n\n<figure data-wp-context=\"{&quot;imageId&quot;:&quot;6a95407e78064&quot;}\" data-wp-interactive=\"core\/image\" data-wp-key=\"6a95407e78064\" class=\"wp-block-image size-full wp-lightbox-container\"><img decoding=\"async\" width=\"1800\" height=\"1199\" data-wp-class--hide=\"state.isContentHidden\" data-wp-class--show=\"state.isContentVisible\" data-wp-init=\"callbacks.setButtonStyles\" data-wp-on--click=\"actions.showLightbox\" data-wp-on--load=\"callbacks.setButtonStyles\" data-wp-on--pointerdown=\"actions.preloadImage\" data-wp-on--pointerenter=\"actions.preloadImageWithDelay\" data-wp-on--pointerleave=\"actions.cancelPreload\" data-wp-on-window--resize=\"callbacks.setButtonStyles\" src=\"https:\/\/loudavymkrokem.cz\/wp-content\/uploads\/2026\/08\/articles-bonigen-08.jpg\" alt=\"Complexe de baignade au bord du lac avec piscine\" class=\"wp-image-404472\" title=\"\" srcset=\"https:\/\/loudavymkrokem.cz\/wp-content\/uploads\/2026\/08\/articles-bonigen-08.jpg 1800w, https:\/\/loudavymkrokem.cz\/wp-content\/uploads\/2026\/08\/articles-bonigen-08-300x200.jpg 300w, https:\/\/loudavymkrokem.cz\/wp-content\/uploads\/2026\/08\/articles-bonigen-08-700x466.jpg 700w, https:\/\/loudavymkrokem.cz\/wp-content\/uploads\/2026\/08\/articles-bonigen-08-768x512.jpg 768w, https:\/\/loudavymkrokem.cz\/wp-content\/uploads\/2026\/08\/articles-bonigen-08-1536x1023.jpg 1536w, https:\/\/loudavymkrokem.cz\/wp-content\/uploads\/2026\/08\/articles-bonigen-08-696x464.jpg 696w, https:\/\/loudavymkrokem.cz\/wp-content\/uploads\/2026\/08\/articles-bonigen-08-1392x927.jpg 1392w\" sizes=\"(max-width: 1800px) 100vw, 1800px\" \/><button\n\t\t\tclass=\"lightbox-trigger\"\n\t\t\ttype=\"button\"\n\t\t\taria-haspopup=\"dialog\"\n\t\t\tdata-wp-bind--aria-label=\"state.thisImage.triggerButtonAriaLabel\"\n\t\t\tdata-wp-init=\"callbacks.initTriggerButton\"\n\t\t\tdata-wp-on--click=\"actions.showLightbox\"\n\t\t\tdata-wp-style--right=\"state.thisImage.buttonRight\"\n\t\t\tdata-wp-style--top=\"state.thisImage.buttonTop\"\n\t\t>\n\t\t\t<svg xmlns=\"http:\/\/www.w3.org\/2000\/svg\" width=\"12\" height=\"12\" fill=\"none\" viewBox=\"0 0 12 12\">\n\t\t\t\t<path fill=\"#fff\" d=\"M2 0a2 2 0 0 0-2 2v2h1.5V2a.5.5 0 0 1 .5-.5h2V0H2Zm2 10.5H2a.5.5 0 0 1-.5-.5V8H0v2a2 2 0 0 0 2 2h2v-1.5ZM8 12v-1.5h2a.5.5 0 0 0 .5-.5V8H12v2a2 2 0 0 1-2 2H8Zm2-12a2 2 0 0 1 2 2v2h-1.5V2a.5.5 0 0 0-.5-.5H8V0h2Z\" \/>\n\t\t\t<\/svg>\n\t\t<\/button><figcaption class=\"wp-element-caption\">Photo : Jean-Paul Wettstein \/ Pexels<\/figcaption><\/figure>\n\n\n\n<h3 class=\"wp-block-heading\"><span class=\"ez-toc-section\" id=\"4_La_plage_et_le_complexe_de_baignade_The_Beach\"><\/span>4. La plage et le complexe de baignade The Beach<span class=\"ez-toc-section-end\"><\/span><\/h3>\n\n\n\n<p class=\"wp-block-paragraph\">Bien que le lac soit froid, B\u00f6nigen a pr\u00e9par\u00e9 un plan de secours parfait pour les amoureux de l&rsquo;eau. Le complexe de baignade local The Beach (Strandbad B\u00f6nigen) fonctionne environ de mi-mai \u00e0 mi-septembre et le billet pour 2026 co\u00fbte <strong>seulement 6 CHF pour un adulte<\/strong>, un prix tr\u00e8s agr\u00e9able.<\/p>\n\n\n\n<p class=\"wp-block-paragraph\">Outre l&rsquo;acc\u00e8s au lac, le site propose aussi une <strong>piscine chauff\u00e9e de 25 m\u00e8tres<\/strong>, ce que tu appr\u00e9cieras les jours o\u00f9 tu n&rsquo;as vraiment pas envie de te jeter dans l&rsquo;eau glaciaire. Pour les nageurs, une zone d\u00e9limit\u00e9e est r\u00e9serv\u00e9e dans le lac, et tout autour s&rsquo;\u00e9tend une vaste pelouse avec de grands arbres qui offrent suffisamment d&rsquo;ombre naturelle.<\/p>\n\n\n\n<p class=\"wp-block-paragraph\">Les \u00e9quipements sont ici de qualit\u00e9 sup\u00e9rieure pour la Suisse. Tu y trouveras des vestiaires, des toilettes propres, un terrain de p\u00e9tanque et un restaurant agr\u00e9able. Tout le site est en outre <strong>enti\u00e8rement accessible avec poussette et en fauteuil roulant<\/strong>, tout le monde peut donc s&rsquo;y installer confortablement. \u00c0 partir de 17h, un tarif d&rsquo;entr\u00e9e r\u00e9duit en soir\u00e9e s&rsquo;applique.<\/p>\n\n\n\n<p class=\"wp-block-paragraph\">\ud83d\udca1 Astuce : les <strong>horaires d&rsquo;ouverture actuels<\/strong>, qui varient selon les mois et la m\u00e9t\u00e9o, sont toujours indiqu\u00e9s sur le site officiel de <a href=\"https:\/\/www.strandbadboenigen.ch\" target=\"_blank\" rel=\"nofollow noopener\">The Beach<\/a>. Par forte pluie, le site est souvent <strong>ferm\u00e9 pour des raisons de s\u00e9curit\u00e9<\/strong>.<\/p>\n\n\n\n<figure data-wp-context=\"{&quot;imageId&quot;:&quot;6a95407e787a1&quot;}\" data-wp-interactive=\"core\/image\" data-wp-key=\"6a95407e787a1\" class=\"wp-block-image size-full wp-lightbox-container\"><img decoding=\"async\" width=\"1800\" height=\"1011\" data-wp-class--hide=\"state.isContentHidden\" data-wp-class--show=\"state.isContentVisible\" data-wp-init=\"callbacks.setButtonStyles\" data-wp-on--click=\"actions.showLightbox\" data-wp-on--load=\"callbacks.setButtonStyles\" data-wp-on--pointerdown=\"actions.preloadImage\" data-wp-on--pointerenter=\"actions.preloadImageWithDelay\" data-wp-on--pointerleave=\"actions.cancelPreload\" data-wp-on-window--resize=\"callbacks.setButtonStyles\" src=\"https:\/\/loudavymkrokem.cz\/wp-content\/uploads\/2026\/08\/articles-bonigen-09.jpg\" alt=\"Kayak sur un lac de montagne\" class=\"wp-image-404475\" title=\"\" srcset=\"https:\/\/loudavymkrokem.cz\/wp-content\/uploads\/2026\/08\/articles-bonigen-09.jpg 1800w, https:\/\/loudavymkrokem.cz\/wp-content\/uploads\/2026\/08\/articles-bonigen-09-300x169.jpg 300w, https:\/\/loudavymkrokem.cz\/wp-content\/uploads\/2026\/08\/articles-bonigen-09-700x393.jpg 700w, https:\/\/loudavymkrokem.cz\/wp-content\/uploads\/2026\/08\/articles-bonigen-09-768x431.jpg 768w, https:\/\/loudavymkrokem.cz\/wp-content\/uploads\/2026\/08\/articles-bonigen-09-1536x863.jpg 1536w, https:\/\/loudavymkrokem.cz\/wp-content\/uploads\/2026\/08\/articles-bonigen-09-696x391.jpg 696w, https:\/\/loudavymkrokem.cz\/wp-content\/uploads\/2026\/08\/articles-bonigen-09-1392x782.jpg 1392w\" sizes=\"(max-width: 1800px) 100vw, 1800px\" \/><button\n\t\t\tclass=\"lightbox-trigger\"\n\t\t\ttype=\"button\"\n\t\t\taria-haspopup=\"dialog\"\n\t\t\tdata-wp-bind--aria-label=\"state.thisImage.triggerButtonAriaLabel\"\n\t\t\tdata-wp-init=\"callbacks.initTriggerButton\"\n\t\t\tdata-wp-on--click=\"actions.showLightbox\"\n\t\t\tdata-wp-style--right=\"state.thisImage.buttonRight\"\n\t\t\tdata-wp-style--top=\"state.thisImage.buttonTop\"\n\t\t>\n\t\t\t<svg xmlns=\"http:\/\/www.w3.org\/2000\/svg\" width=\"12\" height=\"12\" fill=\"none\" viewBox=\"0 0 12 12\">\n\t\t\t\t<path fill=\"#fff\" d=\"M2 0a2 2 0 0 0-2 2v2h1.5V2a.5.5 0 0 1 .5-.5h2V0H2Zm2 10.5H2a.5.5 0 0 1-.5-.5V8H0v2a2 2 0 0 0 2 2h2v-1.5ZM8 12v-1.5h2a.5.5 0 0 0 .5-.5V8H12v2a2 2 0 0 1-2 2H8Zm2-12a2 2 0 0 1 2 2v2h-1.5V2a.5.5 0 0 0-.5-.5H8V0h2Z\" \/>\n\t\t\t<\/svg>\n\t\t<\/button><figcaption class=\"wp-element-caption\">Photo : K \/ Pexels<\/figcaption><\/figure>\n\n\n\n<h3 class=\"wp-block-heading\"><span class=\"ez-toc-section\" id=\"5_Kayak_et_SUP_sur_les_eaux_du_lac\"><\/span>5. Kayak et SUP sur les eaux du lac<span class=\"ez-toc-section-end\"><\/span><\/h3>\n\n\n\n<p class=\"wp-block-paragraph\">La meilleure fa\u00e7on de s&rsquo;impr\u00e9gner de l&rsquo;atmosph\u00e8re du lac de Brienz est de partir directement sur ses eaux. Juste au bord (en face de l&rsquo;arr\u00eat du bus 103), tu trouveras la base <strong>Hightide Kayak School<\/strong>, qui loue de mai \u00e0 octobre du mat\u00e9riel de sports nautiques de haut niveau.<\/p>\n\n\n\n<p class=\"wp-block-paragraph\">Les prix pour 2026 sont raisonnables. Pour un <strong>kayak monoplace, tu paieras \u00e0 partir de 30 CHF de l&rsquo;heure<\/strong>, la version deux places revient \u00e0 45 CHF. Si tu te sens de faire une exp\u00e9dition plus longue, tu peux louer un solide kayak de mer pour sept heures compl\u00e8tes \u00e0 70 CHF et explorer les criques plus lointaines. Bien s\u00fbr, les populaires paddleboards (SUP) sont aussi disponibles.<\/p>\n\n\n\n<p class=\"wp-block-paragraph\">Si tu n&rsquo;as pas d&rsquo;exp\u00e9rience du pagayage, je te recommande de te payer une <strong>sortie kayak organis\u00e9e avec un moniteur<\/strong>. Ils te montreront les plus belles criques cach\u00e9es, t&rsquo;apprendront la bonne technique et veilleront \u00e0 ta s\u00e9curit\u00e9, car la m\u00e9t\u00e9o sur le lac peut changer de fa\u00e7on inattendue et rapide en montagne.<\/p>\n\n\n\n<p class=\"wp-block-paragraph\">\ud83d\udca1 Astuce : le grand hit parmi les kayakistes est le <strong>parcours de B\u00f6nigen le long de la rive sud jusqu&rsquo;aux chutes du Giessbach<\/strong>. R\u00e9serve ton mat\u00e9riel plut\u00f4t \u00e0 l&rsquo;avance via le site <a href=\"https:\/\/www.hightide.ch\" target=\"_blank\" rel=\"nofollow noopener\">Hightide<\/a>, en juillet et ao\u00fbt c&rsquo;est souvent complet.<\/p>\n\n\n\n<figure data-wp-context=\"{&quot;imageId&quot;:&quot;6a95407e78cf5&quot;}\" data-wp-interactive=\"core\/image\" data-wp-key=\"6a95407e78cf5\" class=\"wp-block-image size-full wp-lightbox-container\"><img decoding=\"async\" width=\"1800\" height=\"1200\" data-wp-class--hide=\"state.isContentHidden\" data-wp-class--show=\"state.isContentVisible\" data-wp-init=\"callbacks.setButtonStyles\" data-wp-on--click=\"actions.showLightbox\" data-wp-on--load=\"callbacks.setButtonStyles\" data-wp-on--pointerdown=\"actions.preloadImage\" data-wp-on--pointerenter=\"actions.preloadImageWithDelay\" data-wp-on--pointerleave=\"actions.cancelPreload\" data-wp-on-window--resize=\"callbacks.setButtonStyles\" src=\"https:\/\/loudavymkrokem.cz\/wp-content\/uploads\/2026\/08\/articles-bonigen-10.jpg\" alt=\"Bateau \u00e0 aubes historique L\u00f6tschberg\" class=\"wp-image-404478\" title=\"\" srcset=\"https:\/\/loudavymkrokem.cz\/wp-content\/uploads\/2026\/08\/articles-bonigen-10.jpg 1800w, https:\/\/loudavymkrokem.cz\/wp-content\/uploads\/2026\/08\/articles-bonigen-10-300x200.jpg 300w, https:\/\/loudavymkrokem.cz\/wp-content\/uploads\/2026\/08\/articles-bonigen-10-700x467.jpg 700w, https:\/\/loudavymkrokem.cz\/wp-content\/uploads\/2026\/08\/articles-bonigen-10-768x512.jpg 768w, https:\/\/loudavymkrokem.cz\/wp-content\/uploads\/2026\/08\/articles-bonigen-10-1536x1024.jpg 1536w, https:\/\/loudavymkrokem.cz\/wp-content\/uploads\/2026\/08\/articles-bonigen-10-696x464.jpg 696w, https:\/\/loudavymkrokem.cz\/wp-content\/uploads\/2026\/08\/articles-bonigen-10-1392x928.jpg 1392w\" sizes=\"(max-width: 1800px) 100vw, 1800px\" \/><button\n\t\t\tclass=\"lightbox-trigger\"\n\t\t\ttype=\"button\"\n\t\t\taria-haspopup=\"dialog\"\n\t\t\tdata-wp-bind--aria-label=\"state.thisImage.triggerButtonAriaLabel\"\n\t\t\tdata-wp-init=\"callbacks.initTriggerButton\"\n\t\t\tdata-wp-on--click=\"actions.showLightbox\"\n\t\t\tdata-wp-style--right=\"state.thisImage.buttonRight\"\n\t\t\tdata-wp-style--top=\"state.thisImage.buttonTop\"\n\t\t>\n\t\t\t<svg xmlns=\"http:\/\/www.w3.org\/2000\/svg\" width=\"12\" height=\"12\" fill=\"none\" viewBox=\"0 0 12 12\">\n\t\t\t\t<path fill=\"#fff\" d=\"M2 0a2 2 0 0 0-2 2v2h1.5V2a.5.5 0 0 1 .5-.5h2V0H2Zm2 10.5H2a.5.5 0 0 1-.5-.5V8H0v2a2 2 0 0 0 2 2h2v-1.5ZM8 12v-1.5h2a.5.5 0 0 0 .5-.5V8H12v2a2 2 0 0 1-2 2H8Zm2-12a2 2 0 0 1 2 2v2h-1.5V2a.5.5 0 0 0-.5-.5H8V0h2Z\" \/>\n\t\t\t<\/svg>\n\t\t<\/button><figcaption class=\"wp-element-caption\">Photo : Martin Abegglen from Bern, Switzerland \/ Wikimedia Commons, CC BY-SA 2.0<\/figcaption><\/figure>\n\n\n\n<h3 class=\"wp-block-heading\"><span class=\"ez-toc-section\" id=\"6_Croisiere_sur_le_bateau_a_aubes_historique_Lotschberg\"><\/span>6. Croisi\u00e8re sur le bateau \u00e0 aubes historique L\u00f6tschberg<span class=\"ez-toc-section-end\"><\/span><\/h3>\n\n\n\n<p class=\"wp-block-paragraph\">Si tu pr\u00e9f\u00e8res le confort \u00e0 l&rsquo;effort physique, tu dois faire un tour en bateau. Une flotte de la compagnie BLS op\u00e8re sur le lac, dont la plus grande fiert\u00e9 est le <strong>bateau \u00e0 aubes DS L\u00f6tschberg de 1914<\/strong>. Une croisi\u00e8re sur ce navire magnifiquement restaur\u00e9 te transporte imm\u00e9diatement \u00e0 l&rsquo;\u00e9poque insouciante de la Belle \u00c9poque.<\/p>\n\n\n\n<p class=\"wp-block-paragraph\">La flotte sillonne le lac de d\u00e9but avril \u00e0 d\u00e9but d\u00e9cembre 2026. L&rsquo;itin\u00e9raire habituel va d&rsquo;Interlaken en passant par B\u00f6nigen, Iseltwald et Giessbach jusqu&rsquo;\u00e0 la ville de Brienz. Le <strong>billet de base revient \u00e0 39 CHF<\/strong>, mais si tu poss\u00e8des le Bernese Oberland Pass ou le Swiss Travel Pass, la croisi\u00e8re est enti\u00e8rement gratuite. Les enfants de 6 \u00e0 15 ans voyagent \u00e0 moiti\u00e9 prix.<\/p>\n\n\n\n<p class=\"wp-block-paragraph\">En plus des liaisons de jour habituelles, en juillet et ao\u00fbt sont organis\u00e9es des <strong>croisi\u00e8res sp\u00e9ciales du samedi soir<\/strong>. Regarder le coucher de soleil depuis le pont d&rsquo;un bateau \u00e0 aubes historique, tandis que d\u00e9filent autour de toi de spectaculaires parois montagneuses \u2014 c&rsquo;est l&rsquo;exp\u00e9rience la plus romantique que tu puisses t&rsquo;offrir ici.<\/p>\n\n\n\n<p class=\"wp-block-paragraph\">\ud83d\udca1 Astuce : les <strong>horaires et l&rsquo;achat de billets<\/strong> se r\u00e8glent \u00e0 l&rsquo;avance sur le portail des <a href=\"https:\/\/www.bls-schiff.ch\" target=\"_blank\" rel=\"nofollow noopener\">bateaux BLS<\/a>. Je te recommande d&rsquo;<strong>embarquer d\u00e8s Interlaken<\/strong>, pour \u00eatre s\u00fbr de prendre les meilleures places sur le pont sup\u00e9rieur avant que le bateau n&rsquo;arrive \u00e0 B\u00f6nigen.<\/p>\n\n\n\n<figure data-wp-context=\"{&quot;imageId&quot;:&quot;6a95407e7943f&quot;}\" data-wp-interactive=\"core\/image\" data-wp-key=\"6a95407e7943f\" class=\"wp-block-image size-full wp-lightbox-container\"><img decoding=\"async\" width=\"1800\" height=\"1013\" data-wp-class--hide=\"state.isContentHidden\" data-wp-class--show=\"state.isContentVisible\" data-wp-init=\"callbacks.setButtonStyles\" data-wp-on--click=\"actions.showLightbox\" data-wp-on--load=\"callbacks.setButtonStyles\" data-wp-on--pointerdown=\"actions.preloadImage\" data-wp-on--pointerenter=\"actions.preloadImageWithDelay\" data-wp-on--pointerleave=\"actions.cancelPreload\" data-wp-on-window--resize=\"callbacks.setButtonStyles\" src=\"https:\/\/loudavymkrokem.cz\/wp-content\/uploads\/2026\/08\/articles-bonigen-11.jpg\" alt=\"Sentier de randonn\u00e9e balis\u00e9 au-dessus du lac\" class=\"wp-image-404479\" title=\"\" srcset=\"https:\/\/loudavymkrokem.cz\/wp-content\/uploads\/2026\/08\/articles-bonigen-11.jpg 1800w, https:\/\/loudavymkrokem.cz\/wp-content\/uploads\/2026\/08\/articles-bonigen-11-300x169.jpg 300w, https:\/\/loudavymkrokem.cz\/wp-content\/uploads\/2026\/08\/articles-bonigen-11-700x394.jpg 700w, https:\/\/loudavymkrokem.cz\/wp-content\/uploads\/2026\/08\/articles-bonigen-11-768x432.jpg 768w, https:\/\/loudavymkrokem.cz\/wp-content\/uploads\/2026\/08\/articles-bonigen-11-1536x864.jpg 1536w, https:\/\/loudavymkrokem.cz\/wp-content\/uploads\/2026\/08\/articles-bonigen-11-696x392.jpg 696w, https:\/\/loudavymkrokem.cz\/wp-content\/uploads\/2026\/08\/articles-bonigen-11-1392x783.jpg 1392w\" sizes=\"(max-width: 1800px) 100vw, 1800px\" \/><button\n\t\t\tclass=\"lightbox-trigger\"\n\t\t\ttype=\"button\"\n\t\t\taria-haspopup=\"dialog\"\n\t\t\tdata-wp-bind--aria-label=\"state.thisImage.triggerButtonAriaLabel\"\n\t\t\tdata-wp-init=\"callbacks.initTriggerButton\"\n\t\t\tdata-wp-on--click=\"actions.showLightbox\"\n\t\t\tdata-wp-style--right=\"state.thisImage.buttonRight\"\n\t\t\tdata-wp-style--top=\"state.thisImage.buttonTop\"\n\t\t>\n\t\t\t<svg xmlns=\"http:\/\/www.w3.org\/2000\/svg\" width=\"12\" height=\"12\" fill=\"none\" viewBox=\"0 0 12 12\">\n\t\t\t\t<path fill=\"#fff\" d=\"M2 0a2 2 0 0 0-2 2v2h1.5V2a.5.5 0 0 1 .5-.5h2V0H2Zm2 10.5H2a.5.5 0 0 1-.5-.5V8H0v2a2 2 0 0 0 2 2h2v-1.5ZM8 12v-1.5h2a.5.5 0 0 0 .5-.5V8H12v2a2 2 0 0 1-2 2H8Zm2-12a2 2 0 0 1 2 2v2h-1.5V2a.5.5 0 0 0-.5-.5H8V0h2Z\" \/>\n\t\t\t<\/svg>\n\t\t<\/button><figcaption class=\"wp-element-caption\">Photo : Tina P. \/ Pexels<\/figcaption><\/figure>\n\n\n\n<h2 class=\"wp-block-heading\"><span class=\"ez-toc-section\" id=\"Randonnee_depuis_Bonigen_6_itineraires_qui_en_valent_la_peine\"><\/span>Randonn\u00e9e depuis B\u00f6nigen : 6 itin\u00e9raires qui en valent la peine<span class=\"ez-toc-section-end\"><\/span><\/h2>\n\n\n\n<p class=\"wp-block-paragraph\">Si tu fais partie de ceux qui aiment attaquer leur balade directement depuis l&rsquo;h\u00f4tel sans devoir se d\u00e9placer, B\u00f6nigen est ton endroit. Des dizaines de kilom\u00e8tres de <strong>sentiers parfaitement balis\u00e9s<\/strong> commencent juste devant ta porte. La r\u00e9gion offre tout, des promenades faciles le long de la rive jusqu&rsquo;aux <strong>ascensions d&rsquo;une journ\u00e9e enti\u00e8re avec un d\u00e9nivel\u00e9 brutal<\/strong>.<\/p>\n\n\n\n<p class=\"wp-block-paragraph\">Le balisage suisse est pr\u00e9cis, mais n&rsquo;oublie pas que tu es dans les Alpes. Emporte toujours <strong>assez d&rsquo;eau<\/strong>, une bonne carte sur ton t\u00e9l\u00e9phone (par exemple l&rsquo;application Komoot ou Maps.me) et de <strong>bonnes chaussures<\/strong>. La m\u00e9t\u00e9o peut montrer son visage le plus rude de mani\u00e8re tr\u00e8s inattendue.<\/p>\n\n\n\n<figure data-wp-context=\"{&quot;imageId&quot;:&quot;6a95407e79b42&quot;}\" data-wp-interactive=\"core\/image\" data-wp-key=\"6a95407e79b42\" class=\"wp-block-image size-full wp-lightbox-container\"><img decoding=\"async\" width=\"1800\" height=\"1200\" data-wp-class--hide=\"state.isContentHidden\" data-wp-class--show=\"state.isContentVisible\" data-wp-init=\"callbacks.setButtonStyles\" data-wp-on--click=\"actions.showLightbox\" data-wp-on--load=\"callbacks.setButtonStyles\" data-wp-on--pointerdown=\"actions.preloadImage\" data-wp-on--pointerenter=\"actions.preloadImageWithDelay\" data-wp-on--pointerleave=\"actions.cancelPreload\" data-wp-on-window--resize=\"callbacks.setButtonStyles\" src=\"https:\/\/loudavymkrokem.cz\/wp-content\/uploads\/2026\/08\/articles-bonigen-12.jpg\" alt=\"Cascade tombant vers le lac de Brienz\" class=\"wp-image-404480\" title=\"\" srcset=\"https:\/\/loudavymkrokem.cz\/wp-content\/uploads\/2026\/08\/articles-bonigen-12.jpg 1800w, https:\/\/loudavymkrokem.cz\/wp-content\/uploads\/2026\/08\/articles-bonigen-12-300x200.jpg 300w, https:\/\/loudavymkrokem.cz\/wp-content\/uploads\/2026\/08\/articles-bonigen-12-700x467.jpg 700w, https:\/\/loudavymkrokem.cz\/wp-content\/uploads\/2026\/08\/articles-bonigen-12-768x512.jpg 768w, https:\/\/loudavymkrokem.cz\/wp-content\/uploads\/2026\/08\/articles-bonigen-12-1536x1024.jpg 1536w, https:\/\/loudavymkrokem.cz\/wp-content\/uploads\/2026\/08\/articles-bonigen-12-696x464.jpg 696w, https:\/\/loudavymkrokem.cz\/wp-content\/uploads\/2026\/08\/articles-bonigen-12-1392x928.jpg 1392w\" sizes=\"(max-width: 1800px) 100vw, 1800px\" \/><button\n\t\t\tclass=\"lightbox-trigger\"\n\t\t\ttype=\"button\"\n\t\t\taria-haspopup=\"dialog\"\n\t\t\tdata-wp-bind--aria-label=\"state.thisImage.triggerButtonAriaLabel\"\n\t\t\tdata-wp-init=\"callbacks.initTriggerButton\"\n\t\t\tdata-wp-on--click=\"actions.showLightbox\"\n\t\t\tdata-wp-style--right=\"state.thisImage.buttonRight\"\n\t\t\tdata-wp-style--top=\"state.thisImage.buttonTop\"\n\t\t>\n\t\t\t<svg xmlns=\"http:\/\/www.w3.org\/2000\/svg\" width=\"12\" height=\"12\" fill=\"none\" viewBox=\"0 0 12 12\">\n\t\t\t\t<path fill=\"#fff\" d=\"M2 0a2 2 0 0 0-2 2v2h1.5V2a.5.5 0 0 1 .5-.5h2V0H2Zm2 10.5H2a.5.5 0 0 1-.5-.5V8H0v2a2 2 0 0 0 2 2h2v-1.5ZM8 12v-1.5h2a.5.5 0 0 0 .5-.5V8H12v2a2 2 0 0 1-2 2H8Zm2-12a2 2 0 0 1 2 2v2h-1.5V2a.5.5 0 0 0-.5-.5H8V0h2Z\" \/>\n\t\t\t<\/svg>\n\t\t<\/button><figcaption class=\"wp-element-caption\">Photo : Tommes Frites \/ Pexels<\/figcaption><\/figure>\n\n\n\n<h3 class=\"wp-block-heading\"><span class=\"ez-toc-section\" id=\"7_Le_sentier_des_trois_cascades_par_etapes\"><\/span>7. Le sentier des trois cascades par \u00e9tapes<span class=\"ez-toc-section-end\"><\/span><\/h3>\n\n\n\n<p class=\"wp-block-paragraph\">C&rsquo;est clairement l&rsquo;<strong>itin\u00e9raire le plus c\u00e9l\u00e8bre de toute la r\u00e9gion<\/strong>, qui longe directement la rive du lac de Brienz depuis B\u00f6nigen en passant par Iseltwald jusqu&rsquo;\u00e0 Brienz. En chemin, tu croiseras <strong>trois cascades \u00e9poustouflantes<\/strong> : l&rsquo;Erschwandenbachfall, le M\u00fclibachfall et enfin les plus connues, les Giessbachf\u00e4lle.<\/p>\n\n\n\n<p class=\"wp-block-paragraph\">Les caract\u00e9ristiques de tout le parcours imposent le respect. Il mesure <strong>18,2 kilom\u00e8tres avec un d\u00e9nivel\u00e9 de 466 m\u00e8tres<\/strong> et te prend environ 5 heures et 15 minutes de marche effective. Le sentier ondule de haut en bas le long de la rive entre 565 et 775 m\u00e8tres et offre de fantastiques \u00e9chapp\u00e9es sur la surface turquoise \u00e0 travers les for\u00eats denses.<\/p>\n\n\n\n<p class=\"wp-block-paragraph\">Le g\u00e9nie de ce parcours, c&rsquo;est qu&rsquo;il <strong>peut facilement \u00eatre divis\u00e9 en petites \u00e9tapes<\/strong> : de B\u00f6nigen \u00e0 Iseltwald 1h50, jusqu&rsquo;\u00e0 la cascade M\u00fclibach 35 minutes de plus, de l\u00e0 au Giessbach un peu moins de 2 heures et jusqu&rsquo;\u00e0 Brienz la derni\u00e8re heure et 20 minutes. La meilleure astuce est de partir \u00e0 pied, d&rsquo;atteindre la premi\u00e8re ou la deuxi\u00e8me cascade puis de sauter dans un bateau ou un bus pour le retour.<\/p>\n\n\n\n<p class=\"wp-block-paragraph\">\ud83d\udca1 Astuce : si tu cherches l&rsquo;excursion id\u00e9ale d&rsquo;une demi-journ\u00e9e, essaie la <strong>premi\u00e8re \u00e9tape depuis l&#8217;embarcad\u00e8re de B\u00f6nigen jusqu&rsquo;\u00e0 la cascade Erschwandenbach et plus loin jusqu&rsquo;\u00e0 Iseltwald<\/strong>. Apr\u00e8s Iseltwald attention toutefois : <strong>le balisage direction \u00ab Isch \u00bb manque<\/strong> et il est facile de rater les deux derni\u00e8res cascades.<\/p>\n\n\n\n<figure data-wp-context=\"{&quot;imageId&quot;:&quot;6a95407e7a0a3&quot;}\" data-wp-interactive=\"core\/image\" data-wp-key=\"6a95407e7a0a3\" class=\"wp-block-image size-full wp-lightbox-container\"><img decoding=\"async\" width=\"1800\" height=\"1350\" data-wp-class--hide=\"state.isContentHidden\" data-wp-class--show=\"state.isContentVisible\" data-wp-init=\"callbacks.setButtonStyles\" data-wp-on--click=\"actions.showLightbox\" data-wp-on--load=\"callbacks.setButtonStyles\" data-wp-on--pointerdown=\"actions.preloadImage\" data-wp-on--pointerenter=\"actions.preloadImageWithDelay\" data-wp-on--pointerleave=\"actions.cancelPreload\" data-wp-on-window--resize=\"callbacks.setButtonStyles\" src=\"https:\/\/loudavymkrokem.cz\/wp-content\/uploads\/2026\/08\/articles-bonigen-13.jpg\" alt=\"Vue sur B\u00f6nigen et le lac depuis les collines environnantes\" class=\"wp-image-404482\" title=\"\" srcset=\"https:\/\/loudavymkrokem.cz\/wp-content\/uploads\/2026\/08\/articles-bonigen-13.jpg 1800w, https:\/\/loudavymkrokem.cz\/wp-content\/uploads\/2026\/08\/articles-bonigen-13-300x225.jpg 300w, https:\/\/loudavymkrokem.cz\/wp-content\/uploads\/2026\/08\/articles-bonigen-13-700x525.jpg 700w, https:\/\/loudavymkrokem.cz\/wp-content\/uploads\/2026\/08\/articles-bonigen-13-768x576.jpg 768w, https:\/\/loudavymkrokem.cz\/wp-content\/uploads\/2026\/08\/articles-bonigen-13-1536x1152.jpg 1536w, https:\/\/loudavymkrokem.cz\/wp-content\/uploads\/2026\/08\/articles-bonigen-13-80x60.jpg 80w, https:\/\/loudavymkrokem.cz\/wp-content\/uploads\/2026\/08\/articles-bonigen-13-160x120.jpg 160w, https:\/\/loudavymkrokem.cz\/wp-content\/uploads\/2026\/08\/articles-bonigen-13-696x522.jpg 696w, https:\/\/loudavymkrokem.cz\/wp-content\/uploads\/2026\/08\/articles-bonigen-13-1392x1044.jpg 1392w\" sizes=\"(max-width: 1800px) 100vw, 1800px\" \/><button\n\t\t\tclass=\"lightbox-trigger\"\n\t\t\ttype=\"button\"\n\t\t\taria-haspopup=\"dialog\"\n\t\t\tdata-wp-bind--aria-label=\"state.thisImage.triggerButtonAriaLabel\"\n\t\t\tdata-wp-init=\"callbacks.initTriggerButton\"\n\t\t\tdata-wp-on--click=\"actions.showLightbox\"\n\t\t\tdata-wp-style--right=\"state.thisImage.buttonRight\"\n\t\t\tdata-wp-style--top=\"state.thisImage.buttonTop\"\n\t\t>\n\t\t\t<svg xmlns=\"http:\/\/www.w3.org\/2000\/svg\" width=\"12\" height=\"12\" fill=\"none\" viewBox=\"0 0 12 12\">\n\t\t\t\t<path fill=\"#fff\" d=\"M2 0a2 2 0 0 0-2 2v2h1.5V2a.5.5 0 0 1 .5-.5h2V0H2Zm2 10.5H2a.5.5 0 0 1-.5-.5V8H0v2a2 2 0 0 0 2 2h2v-1.5ZM8 12v-1.5h2a.5.5 0 0 0 .5-.5V8H12v2a2 2 0 0 1-2 2H8Zm2-12a2 2 0 0 1 2 2v2h-1.5V2a.5.5 0 0 0-.5-.5H8V0h2Z\" \/>\n\t\t\t<\/svg>\n\t\t<\/button><figcaption class=\"wp-element-caption\">Photo : Diacius \/ Wikimedia Commons, CC BY 4.0<\/figcaption><\/figure>\n\n\n\n<h3 class=\"wp-block-heading\"><span class=\"ez-toc-section\" id=\"8_La_boucle_du_Sytiberg_55_km_meme_avec_poussette_tout-terrain\"><\/span>8. La boucle du Sytiberg : 5,5 km m\u00eame avec poussette tout-terrain<span class=\"ez-toc-section-end\"><\/span><\/h3>\n\n\n\n<p class=\"wp-block-paragraph\">Quand tu veux fuir l&rsquo;eau plus haut dans les collines sans avoir \u00e0 te d\u00e9placer loin, essaie cette <strong>boucle locale (Rundwanderung Sytiberg)<\/strong>. Elle d\u00e9marre <strong>directement de l&rsquo;office de tourisme<\/strong> et te fait traverser la partie haute du village, o\u00f9 tu apercevras au passage d&rsquo;autres maisons historiques.<\/p>\n\n\n\n<p class=\"wp-block-paragraph\">Selon les donn\u00e9es officielles de la r\u00e9gion, la boucle mesure <strong>5,5 kilom\u00e8tres, dure une heure et demie et compte 146 m\u00e8tres de mont\u00e9e<\/strong>. Le point culminant se situe \u00e0 712 m\u00e8tres, donc il ne s&rsquo;agit d&rsquo;aucun terrain de haute montagne. Le chemin te fait traverser une for\u00eat dense ainsi que des prairies de montagne photog\u00e9niques.<\/p>\n\n\n\n<p class=\"wp-block-paragraph\">En route, tu passes le <strong>coin barbecue Oberallmi avec vue<\/strong> et tu traverses le pont couvert en bois Aenderbergbr\u00fcgg, l&rsquo;un des endroits les plus photog\u00e9niques des environs. Le retour se fait le long de la rivi\u00e8re L\u00fctschine. C&rsquo;est un <strong>parcours parfait pour la matin\u00e9e<\/strong>, quand tu ne veux pas passer toute la journ\u00e9e sur tes jambes.<\/p>\n\n\n\n<p class=\"wp-block-paragraph\">\ud83d\udca1 Astuce : c&rsquo;est le <strong>seul itin\u00e9raire de B\u00f6nigen officiellement praticable avec une poussette tout-terrain<\/strong>, c&rsquo;est donc un choix \u00e9vident quand tu as les plus petits avec toi. Le sol en for\u00eat est souvent glissant apr\u00e8s la pluie, mets plut\u00f4t des chaussures de randonn\u00e9e \u00e0 semelle solide.<\/p>\n\n\n\n<figure data-wp-context=\"{&quot;imageId&quot;:&quot;6a95407e7a5dc&quot;}\" data-wp-interactive=\"core\/image\" data-wp-key=\"6a95407e7a5dc\" class=\"wp-block-image size-full wp-lightbox-container\"><img decoding=\"async\" width=\"1800\" height=\"1013\" data-wp-class--hide=\"state.isContentHidden\" data-wp-class--show=\"state.isContentVisible\" data-wp-init=\"callbacks.setButtonStyles\" data-wp-on--click=\"actions.showLightbox\" data-wp-on--load=\"callbacks.setButtonStyles\" data-wp-on--pointerdown=\"actions.preloadImage\" data-wp-on--pointerenter=\"actions.preloadImageWithDelay\" data-wp-on--pointerleave=\"actions.cancelPreload\" data-wp-on-window--resize=\"callbacks.setButtonStyles\" src=\"https:\/\/loudavymkrokem.cz\/wp-content\/uploads\/2026\/08\/articles-bonigen-14.jpg\" alt=\"Vue panoramique depuis un sommet au-dessus du lac\" class=\"wp-image-404484\" title=\"\" srcset=\"https:\/\/loudavymkrokem.cz\/wp-content\/uploads\/2026\/08\/articles-bonigen-14.jpg 1800w, https:\/\/loudavymkrokem.cz\/wp-content\/uploads\/2026\/08\/articles-bonigen-14-300x169.jpg 300w, https:\/\/loudavymkrokem.cz\/wp-content\/uploads\/2026\/08\/articles-bonigen-14-700x394.jpg 700w, https:\/\/loudavymkrokem.cz\/wp-content\/uploads\/2026\/08\/articles-bonigen-14-768x432.jpg 768w, https:\/\/loudavymkrokem.cz\/wp-content\/uploads\/2026\/08\/articles-bonigen-14-1536x864.jpg 1536w, https:\/\/loudavymkrokem.cz\/wp-content\/uploads\/2026\/08\/articles-bonigen-14-696x392.jpg 696w, https:\/\/loudavymkrokem.cz\/wp-content\/uploads\/2026\/08\/articles-bonigen-14-1392x783.jpg 1392w\" sizes=\"(max-width: 1800px) 100vw, 1800px\" \/><button\n\t\t\tclass=\"lightbox-trigger\"\n\t\t\ttype=\"button\"\n\t\t\taria-haspopup=\"dialog\"\n\t\t\tdata-wp-bind--aria-label=\"state.thisImage.triggerButtonAriaLabel\"\n\t\t\tdata-wp-init=\"callbacks.initTriggerButton\"\n\t\t\tdata-wp-on--click=\"actions.showLightbox\"\n\t\t\tdata-wp-style--right=\"state.thisImage.buttonRight\"\n\t\t\tdata-wp-style--top=\"state.thisImage.buttonTop\"\n\t\t>\n\t\t\t<svg xmlns=\"http:\/\/www.w3.org\/2000\/svg\" width=\"12\" height=\"12\" fill=\"none\" viewBox=\"0 0 12 12\">\n\t\t\t\t<path fill=\"#fff\" d=\"M2 0a2 2 0 0 0-2 2v2h1.5V2a.5.5 0 0 1 .5-.5h2V0H2Zm2 10.5H2a.5.5 0 0 1-.5-.5V8H0v2a2 2 0 0 0 2 2h2v-1.5ZM8 12v-1.5h2a.5.5 0 0 0 .5-.5V8H12v2a2 2 0 0 1-2 2H8Zm2-12a2 2 0 0 1 2 2v2h-1.5V2a.5.5 0 0 0-.5-.5H8V0h2Z\" \/>\n\t\t\t<\/svg>\n\t\t<\/button><figcaption class=\"wp-element-caption\">Photo : Sam Teano \/ Pexels<\/figcaption><\/figure>\n\n\n\n<h3 class=\"wp-block-heading\"><span class=\"ez-toc-section\" id=\"9_La_boucle_du_Haslerenegg_854_m_avec_livre_de_sommet\"><\/span>9. La boucle du Haslerenegg (854 m) avec livre de sommet<span class=\"ez-toc-section-end\"><\/span><\/h3>\n\n\n\n<p class=\"wp-block-paragraph\">Une autre superbe boucle commence \u00e0 nouveau \u00e0 l&rsquo;office de tourisme et m\u00e8ne \u00e0 travers les hameaux de Ried et Stockeren jusqu&rsquo;\u00e0 la myst\u00e9rieuse for\u00eat de Bannwald. Le but est la <strong>cr\u00eate bois\u00e9e du Haslerenegg \u00e0 854 m\u00e8tres d&rsquo;altitude<\/strong>. Le parcours mesure <strong>6 kilom\u00e8tres, tu montes de 287 m\u00e8tres et cela te prend deux heures<\/strong>.<\/p>\n\n\n\n<p class=\"wp-block-paragraph\">La colline rec\u00e8le aussi un pan d&rsquo;histoire rude. Dans les <strong>ann\u00e9es 1330<\/strong>, les montagnards du Hasli s&rsquo;y sont affront\u00e9s \u00e0 l&rsquo;arm\u00e9e des seigneurs de Weissenburg-Unspunnen et ont perdu la bataille. Le toponyme \u00ab in den Grebinen \u00bb indique encore aujourd&rsquo;hui les tombes des morts et en 1924 on y a trouv\u00e9 une lance en fer. Aujourd&rsquo;hui r\u00e8gne ici le calme et sur la cr\u00eate tu trouveras un <strong>livre de sommet<\/strong>, dans lequel tu peux signer.<\/p>\n\n\n\n<p class=\"wp-block-paragraph\">Le chemin du retour te ram\u00e8ne par le Sytiberg et le long du coin barbecue Oberallmi jusqu&rsquo;au lac. Le parcours combine des <strong>sentiers forestiers ombrag\u00e9s<\/strong> avec des tron\u00e7ons ensoleill\u00e9s et c&rsquo;est l&rsquo;un de ces chemins o\u00f9, <strong>au lieu des foules de touristes<\/strong>, tu ne croises que des habitants en promenade dominicale avec leur chien.<\/p>\n\n\n\n<p class=\"wp-block-paragraph\">\ud83d\udca1 Astuce : emporte ton propre stylo pour laisser un message en fran\u00e7ais dans le livre de sommet. Et prends au s\u00e9rieux l&rsquo;<strong>avertissement officiel de ne pas venir ici sous la pluie ni par terrain gel\u00e9<\/strong> \u2014 la mont\u00e9e vers la cr\u00eate est raide et un quart du parcours passe par un sentier \u00e9troit.<\/p>\n\n\n\n<figure data-wp-context=\"{&quot;imageId&quot;:&quot;6a95407e7ab41&quot;}\" data-wp-interactive=\"core\/image\" data-wp-key=\"6a95407e7ab41\" class=\"wp-block-image size-full wp-lightbox-container\"><img decoding=\"async\" width=\"1800\" height=\"1200\" data-wp-class--hide=\"state.isContentHidden\" data-wp-class--show=\"state.isContentVisible\" data-wp-init=\"callbacks.setButtonStyles\" data-wp-on--click=\"actions.showLightbox\" data-wp-on--load=\"callbacks.setButtonStyles\" data-wp-on--pointerdown=\"actions.preloadImage\" data-wp-on--pointerenter=\"actions.preloadImageWithDelay\" data-wp-on--pointerleave=\"actions.cancelPreload\" data-wp-on-window--resize=\"callbacks.setButtonStyles\" src=\"https:\/\/loudavymkrokem.cz\/wp-content\/uploads\/2026\/08\/articles-bonigen-15.jpg\" alt=\"Cascade cach\u00e9e dans la for\u00eat au-dessus de B\u00f6nigen\" class=\"wp-image-404489\" title=\"\" srcset=\"https:\/\/loudavymkrokem.cz\/wp-content\/uploads\/2026\/08\/articles-bonigen-15.jpg 1800w, https:\/\/loudavymkrokem.cz\/wp-content\/uploads\/2026\/08\/articles-bonigen-15-300x200.jpg 300w, https:\/\/loudavymkrokem.cz\/wp-content\/uploads\/2026\/08\/articles-bonigen-15-700x467.jpg 700w, https:\/\/loudavymkrokem.cz\/wp-content\/uploads\/2026\/08\/articles-bonigen-15-768x512.jpg 768w, https:\/\/loudavymkrokem.cz\/wp-content\/uploads\/2026\/08\/articles-bonigen-15-1536x1024.jpg 1536w, https:\/\/loudavymkrokem.cz\/wp-content\/uploads\/2026\/08\/articles-bonigen-15-696x464.jpg 696w, https:\/\/loudavymkrokem.cz\/wp-content\/uploads\/2026\/08\/articles-bonigen-15-1392x928.jpg 1392w\" sizes=\"(max-width: 1800px) 100vw, 1800px\" \/><button\n\t\t\tclass=\"lightbox-trigger\"\n\t\t\ttype=\"button\"\n\t\t\taria-haspopup=\"dialog\"\n\t\t\tdata-wp-bind--aria-label=\"state.thisImage.triggerButtonAriaLabel\"\n\t\t\tdata-wp-init=\"callbacks.initTriggerButton\"\n\t\t\tdata-wp-on--click=\"actions.showLightbox\"\n\t\t\tdata-wp-style--right=\"state.thisImage.buttonRight\"\n\t\t\tdata-wp-style--top=\"state.thisImage.buttonTop\"\n\t\t>\n\t\t\t<svg xmlns=\"http:\/\/www.w3.org\/2000\/svg\" width=\"12\" height=\"12\" fill=\"none\" viewBox=\"0 0 12 12\">\n\t\t\t\t<path fill=\"#fff\" d=\"M2 0a2 2 0 0 0-2 2v2h1.5V2a.5.5 0 0 1 .5-.5h2V0H2Zm2 10.5H2a.5.5 0 0 1-.5-.5V8H0v2a2 2 0 0 0 2 2h2v-1.5ZM8 12v-1.5h2a.5.5 0 0 0 .5-.5V8H12v2a2 2 0 0 1-2 2H8Zm2-12a2 2 0 0 1 2 2v2h-1.5V2a.5.5 0 0 0-.5-.5H8V0h2Z\" \/>\n\t\t\t<\/svg>\n\t\t<\/button><figcaption class=\"wp-element-caption\">Photo : Fez Brook \/ Pexels<\/figcaption><\/figure>\n\n\n\n<h3 class=\"wp-block-heading\"><span class=\"ez-toc-section\" id=\"10_La_boucle_vers_la_cascade_Erschwandenbach\"><\/span>10. La boucle vers la cascade Erschwandenbach<span class=\"ez-toc-section-end\"><\/span><\/h3>\n\n\n\n<p class=\"wp-block-paragraph\">Si tu ne veux pas te lancer sur tout le sentier des trois cascades, tu peux faire une belle boucle ferm\u00e9e seulement jusqu&rsquo;\u00e0 la premi\u00e8re d&rsquo;entre elles. L&rsquo;officiel <strong>Rundwanderung Erschwandenfall mesure 8,7 kilom\u00e8tres et te prend environ 2 heures et 35 minutes<\/strong> de marche normale.<\/p>\n\n\n\n<p class=\"wp-block-paragraph\">En chemin, tu ne montes que de <strong>211 m\u00e8tres et le parcours est officiellement class\u00e9 facile<\/strong>, tu n&rsquo;as donc pas \u00e0 le craindre m\u00eame avec des enfants plus grands. La cascade Erschwandenbach est magnifiquement cach\u00e9e dans une for\u00eat profonde et l&rsquo;eau tombe ici par-dessus des surplombs rocheux. Par une chaude journ\u00e9e d&rsquo;\u00e9t\u00e9, les abords de la cascade font office de climatisation naturelle parfaite.<\/p>\n\n\n\n<p class=\"wp-block-paragraph\">Cette boucle est formidable en ce qu&rsquo;elle te fait traverser <strong>diff\u00e9rents types de paysages<\/strong>. Tu marches un moment le long de la rive, puis tu commences \u00e0 monter dans les collines et enfin tu reviens par des chemins forestiers avec des <strong>\u00e9chapp\u00e9es sur le lac glaciaire<\/strong> loin en contrebas. Tu passes en chemin devant une ferme avec une petite boutique, sinon tu n&rsquo;ach\u00e8tes rien sur le parcours.<\/p>\n\n\n\n<p class=\"wp-block-paragraph\">\ud83d\udca1 Astuce : jusqu&rsquo;\u00e0 la cascade elle-m\u00eame, on monte par un <strong>sentier forestier \u00e9troit<\/strong>, donc les <strong>b\u00e2tons de trek sont utiles<\/strong> : ils soulagent tes genoux lors de la descente vers le village.<\/p>\n\n\n\n<figure data-wp-context=\"{&quot;imageId&quot;:&quot;6a95407e7b012&quot;}\" data-wp-interactive=\"core\/image\" data-wp-key=\"6a95407e7b012\" class=\"wp-block-image size-full wp-lightbox-container\"><img decoding=\"async\" width=\"1800\" height=\"1199\" data-wp-class--hide=\"state.isContentHidden\" data-wp-class--show=\"state.isContentVisible\" data-wp-init=\"callbacks.setButtonStyles\" data-wp-on--click=\"actions.showLightbox\" data-wp-on--load=\"callbacks.setButtonStyles\" data-wp-on--pointerdown=\"actions.preloadImage\" data-wp-on--pointerenter=\"actions.preloadImageWithDelay\" data-wp-on--pointerleave=\"actions.cancelPreload\" data-wp-on-window--resize=\"callbacks.setButtonStyles\" src=\"https:\/\/loudavymkrokem.cz\/wp-content\/uploads\/2026\/08\/articles-bonigen-16.jpg\" alt=\"Sentier c\u00f4tier pr\u00e8s d&#039;Iseltwald\" class=\"wp-image-404490\" title=\"\" srcset=\"https:\/\/loudavymkrokem.cz\/wp-content\/uploads\/2026\/08\/articles-bonigen-16.jpg 1800w, https:\/\/loudavymkrokem.cz\/wp-content\/uploads\/2026\/08\/articles-bonigen-16-300x200.jpg 300w, https:\/\/loudavymkrokem.cz\/wp-content\/uploads\/2026\/08\/articles-bonigen-16-700x466.jpg 700w, https:\/\/loudavymkrokem.cz\/wp-content\/uploads\/2026\/08\/articles-bonigen-16-768x512.jpg 768w, https:\/\/loudavymkrokem.cz\/wp-content\/uploads\/2026\/08\/articles-bonigen-16-1536x1023.jpg 1536w, https:\/\/loudavymkrokem.cz\/wp-content\/uploads\/2026\/08\/articles-bonigen-16-696x464.jpg 696w, https:\/\/loudavymkrokem.cz\/wp-content\/uploads\/2026\/08\/articles-bonigen-16-1392x927.jpg 1392w\" sizes=\"(max-width: 1800px) 100vw, 1800px\" \/><button\n\t\t\tclass=\"lightbox-trigger\"\n\t\t\ttype=\"button\"\n\t\t\taria-haspopup=\"dialog\"\n\t\t\tdata-wp-bind--aria-label=\"state.thisImage.triggerButtonAriaLabel\"\n\t\t\tdata-wp-init=\"callbacks.initTriggerButton\"\n\t\t\tdata-wp-on--click=\"actions.showLightbox\"\n\t\t\tdata-wp-style--right=\"state.thisImage.buttonRight\"\n\t\t\tdata-wp-style--top=\"state.thisImage.buttonTop\"\n\t\t>\n\t\t\t<svg xmlns=\"http:\/\/www.w3.org\/2000\/svg\" width=\"12\" height=\"12\" fill=\"none\" viewBox=\"0 0 12 12\">\n\t\t\t\t<path fill=\"#fff\" d=\"M2 0a2 2 0 0 0-2 2v2h1.5V2a.5.5 0 0 1 .5-.5h2V0H2Zm2 10.5H2a.5.5 0 0 1-.5-.5V8H0v2a2 2 0 0 0 2 2h2v-1.5ZM8 12v-1.5h2a.5.5 0 0 0 .5-.5V8H12v2a2 2 0 0 1-2 2H8Zm2-12a2 2 0 0 1 2 2v2h-1.5V2a.5.5 0 0 0-.5-.5H8V0h2Z\" \/>\n\t\t\t<\/svg>\n\t\t<\/button><figcaption class=\"wp-element-caption\">Photo : Jean-Paul Wettstein \/ Pexels<\/figcaption><\/figure>\n\n\n\n<h3 class=\"wp-block-heading\"><span class=\"ez-toc-section\" id=\"11_Le_sentier_cotier_Uferweg_dIseltwald_au_Giessbach\"><\/span>11. Le sentier c\u00f4tier Uferweg d&rsquo;Iseltwald au Giessbach<span class=\"ez-toc-section-end\"><\/span><\/h3>\n\n\n\n<p class=\"wp-block-paragraph\">Ce parcours ne commence certes pas directement \u00e0 B\u00f6nigen, mais c&rsquo;est l&rsquo;une des plus belles balades de toute la Suisse, qu&rsquo;il serait un p\u00e9ch\u00e9 de rater. Le matin, tu montes simplement dans le <strong>bus 103 (gratuit avec la Guest Card)<\/strong> ou dans un bateau et tu te fais d\u00e9poser dans l&rsquo;Iseltwald voisin, o\u00f9 d\u00e9marre le sentier.<\/p>\n\n\n\n<p class=\"wp-block-paragraph\">De l\u00e0 part le fameux <strong>Uferweg qui longe directement la c\u00f4te rocheuse jusqu&rsquo;aux chutes du Giessbach<\/strong>. <strong>Ne t&rsquo;attends pourtant pas \u00e0 une promenade plate<\/strong> \u2014 d\u00e8s le premier kilom\u00e8tre tu montes d&rsquo;environ cent cinquante m\u00e8tres, le chemin se r\u00e9tr\u00e9cit par endroits et certains tron\u00e7ons sont taill\u00e9s dans la roche. En r\u00e9compense, des criques romantiques o\u00f9 l&rsquo;on peut se rafra\u00eechir les pieds en \u00e9t\u00e9.<\/p>\n\n\n\n<p class=\"wp-block-paragraph\">Le parcours mesure <strong>environ 5,3 kilom\u00e8tres et prend une heure et demie<\/strong>, mais les lacets pr\u00e8s des cascades sont vraiment raides et sans b\u00e2tons, la descente est d\u00e9sagr\u00e9able. Tu n&rsquo;ach\u00e8tes rien \u00e0 manger en chemin, emporte ton en-cas. Tu peux ensuite te r\u00e9compenser d&rsquo;un caf\u00e9 sur la terrasse de l&rsquo;h\u00f4tel historique et revenir \u00e0 B\u00f6nigen par le bateau \u00e0 aubes de l&rsquo;apr\u00e8s-midi.<\/p>\n\n\n\n<p class=\"wp-block-paragraph\">\ud83d\udca1 Astuce : le <strong>sentier est souvent ferm\u00e9 l&rsquo;hiver \u00e0 cause des chutes de pierres<\/strong> et rouvre en g\u00e9n\u00e9ral fin mars \u2014 pour la saison 2026 il est praticable, mais avant ta sortie, v\u00e9rifie plut\u00f4t l&rsquo;\u00e9tat actuel sur les sites des communes d&rsquo;Iseltwald ou de Brienz. Et pars <strong>le plus t\u00f4t possible le matin<\/strong>, l&rsquo;apr\u00e8s-midi c&rsquo;est souvent bond\u00e9.<\/p>\n\n\n\n<figure data-wp-context=\"{&quot;imageId&quot;:&quot;6a95407e7b59f&quot;}\" data-wp-interactive=\"core\/image\" data-wp-key=\"6a95407e7b59f\" class=\"wp-block-image size-full wp-lightbox-container\"><img decoding=\"async\" width=\"1800\" height=\"1200\" data-wp-class--hide=\"state.isContentHidden\" data-wp-class--show=\"state.isContentVisible\" data-wp-init=\"callbacks.setButtonStyles\" data-wp-on--click=\"actions.showLightbox\" data-wp-on--load=\"callbacks.setButtonStyles\" data-wp-on--pointerdown=\"actions.preloadImage\" data-wp-on--pointerenter=\"actions.preloadImageWithDelay\" data-wp-on--pointerleave=\"actions.cancelPreload\" data-wp-on-window--resize=\"callbacks.setButtonStyles\" src=\"https:\/\/loudavymkrokem.cz\/wp-content\/uploads\/2026\/08\/articles-bonigen-17.jpg\" alt=\"Sentier forestier montant vers le Harder Kulm\" class=\"wp-image-404495\" title=\"\" srcset=\"https:\/\/loudavymkrokem.cz\/wp-content\/uploads\/2026\/08\/articles-bonigen-17.jpg 1800w, https:\/\/loudavymkrokem.cz\/wp-content\/uploads\/2026\/08\/articles-bonigen-17-300x200.jpg 300w, https:\/\/loudavymkrokem.cz\/wp-content\/uploads\/2026\/08\/articles-bonigen-17-700x467.jpg 700w, https:\/\/loudavymkrokem.cz\/wp-content\/uploads\/2026\/08\/articles-bonigen-17-768x512.jpg 768w, https:\/\/loudavymkrokem.cz\/wp-content\/uploads\/2026\/08\/articles-bonigen-17-1536x1024.jpg 1536w, https:\/\/loudavymkrokem.cz\/wp-content\/uploads\/2026\/08\/articles-bonigen-17-696x464.jpg 696w, https:\/\/loudavymkrokem.cz\/wp-content\/uploads\/2026\/08\/articles-bonigen-17-1392x928.jpg 1392w\" sizes=\"(max-width: 1800px) 100vw, 1800px\" \/><button\n\t\t\tclass=\"lightbox-trigger\"\n\t\t\ttype=\"button\"\n\t\t\taria-haspopup=\"dialog\"\n\t\t\tdata-wp-bind--aria-label=\"state.thisImage.triggerButtonAriaLabel\"\n\t\t\tdata-wp-init=\"callbacks.initTriggerButton\"\n\t\t\tdata-wp-on--click=\"actions.showLightbox\"\n\t\t\tdata-wp-style--right=\"state.thisImage.buttonRight\"\n\t\t\tdata-wp-style--top=\"state.thisImage.buttonTop\"\n\t\t>\n\t\t\t<svg xmlns=\"http:\/\/www.w3.org\/2000\/svg\" width=\"12\" height=\"12\" fill=\"none\" viewBox=\"0 0 12 12\">\n\t\t\t\t<path fill=\"#fff\" d=\"M2 0a2 2 0 0 0-2 2v2h1.5V2a.5.5 0 0 1 .5-.5h2V0H2Zm2 10.5H2a.5.5 0 0 1-.5-.5V8H0v2a2 2 0 0 0 2 2h2v-1.5ZM8 12v-1.5h2a.5.5 0 0 0 .5-.5V8H12v2a2 2 0 0 1-2 2H8Zm2-12a2 2 0 0 1 2 2v2h-1.5V2a.5.5 0 0 0-.5-.5H8V0h2Z\" \/>\n\t\t\t<\/svg>\n\t\t<\/button><figcaption class=\"wp-element-caption\">Photo : \u041f\u0430\u0432\u0435\u043b \u0413\u0430\u0432\u0440\u0438\u043a\u043e\u0432 \/ Pexels<\/figcaption><\/figure>\n\n\n\n<h3 class=\"wp-block-heading\"><span class=\"ez-toc-section\" id=\"12_Defi_a_pied_lascension_du_Harder_Kulm\"><\/span>12. D\u00e9fi \u00e0 pied : l&rsquo;ascension du Harder Kulm<span class=\"ez-toc-section-end\"><\/span><\/h3>\n\n\n\n<p class=\"wp-block-paragraph\">La plupart des touristes montent confortablement au <strong>belv\u00e9d\u00e8re du Harder Kulm<\/strong> en funiculaire, mais pour les marcheurs aguerris, un bien plus grand d\u00e9fi existe ici. Depuis B\u00f6nigen, tu peux faire honn\u00eatement toute la mont\u00e9e jusqu&rsquo;au sommet \u00e0 pied. Pr\u00e9pare-toi cependant \u00e0 ce que ce soit un <strong>vrai tueur pour tes mollets<\/strong>.<\/p>\n\n\n\n<p class=\"wp-block-paragraph\">Selon les relev\u00e9s Komoot, cette boucle d&rsquo;une journ\u00e9e mesure <strong>13,5 kilom\u00e8tres et le temps de marche effectif est de 5 heures et 16 minutes<\/strong>. En chemin, tu dois vaincre un rude <strong>d\u00e9nivel\u00e9 de 750 m\u00e8tres<\/strong>, ce qui classe clairement le parcours dans la cat\u00e9gorie difficile. La mont\u00e9e est certes s\u00fbre, mais tr\u00e8s raide et interminable.<\/p>\n\n\n\n<p class=\"wp-block-paragraph\">La r\u00e9compense de cet effort est douce. Tu ressentiras une satisfaction incomparable quand tu <strong>arriveras sur la plateforme panoramique<\/strong> parmi les touristes qui viennent tout juste de descendre du funiculaire. Sur le chemin de la mont\u00e9e, tu <strong>croiseras en outre un minimum de gens<\/strong> et tu profiteras du silence de la for\u00eat, que tu ne trouveras certainement pas au sommet.<\/p>\n\n\n\n<p class=\"wp-block-paragraph\">\ud83d\udca1 Astuce : si tes forces te l\u00e2chent l\u00e0-haut, ce n&rsquo;est pas grave du tout. Tu peux acheter au restaurant un <strong>billet aller simple pour le funiculaire<\/strong> jusqu&rsquo;\u00e0 Interlaken et <strong>faire le reste du trajet en bus<\/strong>.<\/p>\n\n\n\n<figure data-wp-context=\"{&quot;imageId&quot;:&quot;6a95407e7ba68&quot;}\" data-wp-interactive=\"core\/image\" data-wp-key=\"6a95407e7ba68\" class=\"wp-block-image size-full wp-lightbox-container\"><img decoding=\"async\" width=\"1920\" height=\"1280\" data-wp-class--hide=\"state.isContentHidden\" data-wp-class--show=\"state.isContentVisible\" data-wp-init=\"callbacks.setButtonStyles\" data-wp-on--click=\"actions.showLightbox\" data-wp-on--load=\"callbacks.setButtonStyles\" data-wp-on--pointerdown=\"actions.preloadImage\" data-wp-on--pointerenter=\"actions.preloadImageWithDelay\" data-wp-on--pointerleave=\"actions.cancelPreload\" data-wp-on-window--resize=\"callbacks.setButtonStyles\" src=\"https:\/\/loudavymkrokem.cz\/wp-content\/uploads\/2026\/08\/bonigen-lanovka-grindelwald-first.jpg\" alt=\"T\u00e9l\u00e9cabine de Grindelwald au First au-dessus des alpages\" class=\"wp-image-407333\" title=\"\" srcset=\"https:\/\/loudavymkrokem.cz\/wp-content\/uploads\/2026\/08\/bonigen-lanovka-grindelwald-first.jpg 1920w, https:\/\/loudavymkrokem.cz\/wp-content\/uploads\/2026\/08\/bonigen-lanovka-grindelwald-first-300x200.jpg 300w, https:\/\/loudavymkrokem.cz\/wp-content\/uploads\/2026\/08\/bonigen-lanovka-grindelwald-first-700x467.jpg 700w, https:\/\/loudavymkrokem.cz\/wp-content\/uploads\/2026\/08\/bonigen-lanovka-grindelwald-first-768x512.jpg 768w, https:\/\/loudavymkrokem.cz\/wp-content\/uploads\/2026\/08\/bonigen-lanovka-grindelwald-first-1536x1024.jpg 1536w, https:\/\/loudavymkrokem.cz\/wp-content\/uploads\/2026\/08\/bonigen-lanovka-grindelwald-first-696x464.jpg 696w, https:\/\/loudavymkrokem.cz\/wp-content\/uploads\/2026\/08\/bonigen-lanovka-grindelwald-first-1392x928.jpg 1392w\" sizes=\"(max-width: 1920px) 100vw, 1920px\" \/><button\n\t\t\tclass=\"lightbox-trigger\"\n\t\t\ttype=\"button\"\n\t\t\taria-haspopup=\"dialog\"\n\t\t\tdata-wp-bind--aria-label=\"state.thisImage.triggerButtonAriaLabel\"\n\t\t\tdata-wp-init=\"callbacks.initTriggerButton\"\n\t\t\tdata-wp-on--click=\"actions.showLightbox\"\n\t\t\tdata-wp-style--right=\"state.thisImage.buttonRight\"\n\t\t\tdata-wp-style--top=\"state.thisImage.buttonTop\"\n\t\t>\n\t\t\t<svg xmlns=\"http:\/\/www.w3.org\/2000\/svg\" width=\"12\" height=\"12\" fill=\"none\" viewBox=\"0 0 12 12\">\n\t\t\t\t<path fill=\"#fff\" d=\"M2 0a2 2 0 0 0-2 2v2h1.5V2a.5.5 0 0 1 .5-.5h2V0H2Zm2 10.5H2a.5.5 0 0 1-.5-.5V8H0v2a2 2 0 0 0 2 2h2v-1.5ZM8 12v-1.5h2a.5.5 0 0 0 .5-.5V8H12v2a2 2 0 0 1-2 2H8Zm2-12a2 2 0 0 1 2 2v2h-1.5V2a.5.5 0 0 0-.5-.5H8V0h2Z\" \/>\n\t\t\t<\/svg>\n\t\t<\/button><figcaption class=\"wp-element-caption\">Photo : W. Bulach \/ Wikimedia Commons, CC BY-SA 4.0<\/figcaption><\/figure>\n\n\n\n<h2 class=\"wp-block-heading\"><span class=\"ez-toc-section\" id=\"Randonnees_accessibles_en_telepherique_6_itineraires_au-dessus_de_la_vallee\"><\/span>Randonn\u00e9es accessibles en t\u00e9l\u00e9ph\u00e9rique : 6 itin\u00e9raires au-dessus de la vall\u00e9e<span class=\"ez-toc-section-end\"><\/span><\/h2>\n\n\n\n<p class=\"wp-block-paragraph\">Voici une chose que j&rsquo;ai comprise moi-m\u00eame seulement une fois sur place : <strong>dans l&rsquo;Oberland bernois, on ne part presque jamais d&rsquo;en bas<\/strong>. Le classique, c&rsquo;est de monter en t\u00e9l\u00e9ph\u00e9rique ou en train \u00e0 cr\u00e9maill\u00e8re au-dessus de la limite des arbres et de commencer \u00e0 marcher seulement l\u00e0. Tu t&rsquo;\u00e9pargnes mille m\u00e8tres de d\u00e9nivel\u00e9 et tu te retrouves directement dans les paysages pour lesquels tu es venu ici.<\/p>\n\n\n\n<p class=\"wp-block-paragraph\">Sache toutefois que les <strong>t\u00e9l\u00e9ph\u00e9riques suisses sont horriblement chers<\/strong>. Si tu pr\u00e9vois plus de deux de ces excursions, calcule le <strong>Bernese Oberland Pass<\/strong> \u2014 trois jours co\u00fbtent 240 francs et de nombreuses remont\u00e9es sont gratuites ou \u00e0 moiti\u00e9 prix avec lui. Et ne va aux belv\u00e9d\u00e8res co\u00fbteux que par temps clair, sinon tu paieras des dizaines de francs pour un regard dans le brouillard.<\/p>\n\n\n\n<figure data-wp-context=\"{&quot;imageId&quot;:&quot;6a95407e7beaf&quot;}\" data-wp-interactive=\"core\/image\" data-wp-key=\"6a95407e7beaf\" class=\"wp-block-image size-full wp-lightbox-container\"><img decoding=\"async\" width=\"1920\" height=\"1080\" data-wp-class--hide=\"state.isContentHidden\" data-wp-class--show=\"state.isContentVisible\" data-wp-init=\"callbacks.setButtonStyles\" data-wp-on--click=\"actions.showLightbox\" data-wp-on--load=\"callbacks.setButtonStyles\" data-wp-on--pointerdown=\"actions.preloadImage\" data-wp-on--pointerenter=\"actions.preloadImageWithDelay\" data-wp-on--pointerleave=\"actions.cancelPreload\" data-wp-on-window--resize=\"callbacks.setButtonStyles\" src=\"https:\/\/loudavymkrokem.cz\/wp-content\/uploads\/2026\/08\/bonigen-bachalpsee-jezero-first-1.jpg\" alt=\"Le lac de montagne Bachalpsee au-dessus de Grindelwald avec le reflet des sommets glaciaires\" class=\"wp-image-407122\" title=\"\" srcset=\"https:\/\/loudavymkrokem.cz\/wp-content\/uploads\/2026\/08\/bonigen-bachalpsee-jezero-first-1.jpg 1920w, https:\/\/loudavymkrokem.cz\/wp-content\/uploads\/2026\/08\/bonigen-bachalpsee-jezero-first-1-300x169.jpg 300w, https:\/\/loudavymkrokem.cz\/wp-content\/uploads\/2026\/08\/bonigen-bachalpsee-jezero-first-1-700x394.jpg 700w, https:\/\/loudavymkrokem.cz\/wp-content\/uploads\/2026\/08\/bonigen-bachalpsee-jezero-first-1-768x432.jpg 768w, https:\/\/loudavymkrokem.cz\/wp-content\/uploads\/2026\/08\/bonigen-bachalpsee-jezero-first-1-1536x864.jpg 1536w, https:\/\/loudavymkrokem.cz\/wp-content\/uploads\/2026\/08\/bonigen-bachalpsee-jezero-first-1-696x392.jpg 696w, https:\/\/loudavymkrokem.cz\/wp-content\/uploads\/2026\/08\/bonigen-bachalpsee-jezero-first-1-1392x783.jpg 1392w\" sizes=\"(max-width: 1920px) 100vw, 1920px\" \/><button\n\t\t\tclass=\"lightbox-trigger\"\n\t\t\ttype=\"button\"\n\t\t\taria-haspopup=\"dialog\"\n\t\t\tdata-wp-bind--aria-label=\"state.thisImage.triggerButtonAriaLabel\"\n\t\t\tdata-wp-init=\"callbacks.initTriggerButton\"\n\t\t\tdata-wp-on--click=\"actions.showLightbox\"\n\t\t\tdata-wp-style--right=\"state.thisImage.buttonRight\"\n\t\t\tdata-wp-style--top=\"state.thisImage.buttonTop\"\n\t\t>\n\t\t\t<svg xmlns=\"http:\/\/www.w3.org\/2000\/svg\" width=\"12\" height=\"12\" fill=\"none\" viewBox=\"0 0 12 12\">\n\t\t\t\t<path fill=\"#fff\" d=\"M2 0a2 2 0 0 0-2 2v2h1.5V2a.5.5 0 0 1 .5-.5h2V0H2Zm2 10.5H2a.5.5 0 0 1-.5-.5V8H0v2a2 2 0 0 0 2 2h2v-1.5ZM8 12v-1.5h2a.5.5 0 0 0 .5-.5V8H12v2a2 2 0 0 1-2 2H8Zm2-12a2 2 0 0 1 2 2v2h-1.5V2a.5.5 0 0 0-.5-.5H8V0h2Z\" \/>\n\t\t\t<\/svg>\n\t\t<\/button><figcaption class=\"wp-element-caption\">Photo : Chnebelh\u00e4x \/ Wikimedia Commons, CC BY-SA 4.0<\/figcaption><\/figure>\n\n\n\n<h3 class=\"wp-block-heading\"><span class=\"ez-toc-section\" id=\"13_Du_First_au_lac_Bachalpsee\"><\/span>13. Du First au lac Bachalpsee<span class=\"ez-toc-section-end\"><\/span><\/h3>\n\n\n\n<p class=\"wp-block-paragraph\">Si tu n&rsquo;as le temps que pour une seule randonn\u00e9e de montagne dans les environs, que ce soit celle-l\u00e0. Depuis Grindelwald, la t\u00e9l\u00e9cabine te monte au <strong>First \u00e0 2 167 m\u00e8tres d&rsquo;altitude<\/strong> et de l\u00e0 on marche par un large chemin entretenu jusqu&rsquo;au <strong>lac Bachalpsee \u00e0 2 265 m\u00e8tres<\/strong>. L&rsquo;aller-retour dure <strong>un peu moins de deux heures et tu ne montes qu&rsquo;un peu plus de 200 m\u00e8tres<\/strong>.<\/p>\n\n\n\n<p class=\"wp-block-paragraph\">Ce lac est la raison pour laquelle on vient ici. Par temps calme, s&rsquo;y refl\u00e8tent le <strong>Wetterhorn, le Schreckhorn et le Finsteraarhorn<\/strong>, c&rsquo;est-\u00e0-dire des quatre-mille glaciaires que tu as d&rsquo;un coup en entier sur la surface sous tes yeux. C&rsquo;est l&rsquo;une des sc\u00e8nes les plus photographi\u00e9es des Alpes suisses et en vrai, \u00e7a marche encore mieux que sur les photos.<\/p>\n\n\n\n<p class=\"wp-block-paragraph\">Depuis Interlaken, tu arrives ici en train jusqu&rsquo;\u00e0 Grindelwald en environ 35 minutes, puis en t\u00e9l\u00e9cabine 25 minutes de plus. Le <strong>billet aller-retour pour le First co\u00fbte 76 francs en haute saison<\/strong>, avec un demi-tarif ou le Swiss Travel Pass tu paieras 38.<\/p>\n\n\n\n<p class=\"wp-block-paragraph\">\ud83d\udca1 Astuce : pars d\u00e8s la premi\u00e8re liaison du matin \u2014 vers dix heures, le chemin vers le lac se transforme en file qui avance au ralenti et <strong>la surface est souvent rid\u00e9e par le vent apr\u00e8s midi<\/strong>, tu ne captures alors plus le reflet des montagnes. Et dans le train depuis Interlaken, <strong>assieds-toi dans la partie arri\u00e8re de la rame<\/strong> : \u00e0 Zweil\u00fctschinen le train se scinde et la moiti\u00e9 avant part vers Lauterbrunnen.<\/p>\n\n\n\n<figure data-wp-context=\"{&quot;imageId&quot;:&quot;6a95407e7c346&quot;}\" data-wp-interactive=\"core\/image\" data-wp-key=\"6a95407e7c346\" class=\"wp-block-image size-full wp-lightbox-container\"><img decoding=\"async\" width=\"1920\" height=\"1440\" data-wp-class--hide=\"state.isContentHidden\" data-wp-class--show=\"state.isContentVisible\" data-wp-init=\"callbacks.setButtonStyles\" data-wp-on--click=\"actions.showLightbox\" data-wp-on--load=\"callbacks.setButtonStyles\" data-wp-on--pointerdown=\"actions.preloadImage\" data-wp-on--pointerenter=\"actions.preloadImageWithDelay\" data-wp-on--pointerleave=\"actions.cancelPreload\" data-wp-on-window--resize=\"callbacks.setButtonStyles\" src=\"https:\/\/loudavymkrokem.cz\/wp-content\/uploads\/2026\/08\/bonigen-faulhorn-horsky-hotel-1.jpg\" alt=\"Le sommet du Faulhorn avec son h\u00f4tel de montagne historique de 1832\" class=\"wp-image-407129\" title=\"\" srcset=\"https:\/\/loudavymkrokem.cz\/wp-content\/uploads\/2026\/08\/bonigen-faulhorn-horsky-hotel-1.jpg 1920w, https:\/\/loudavymkrokem.cz\/wp-content\/uploads\/2026\/08\/bonigen-faulhorn-horsky-hotel-1-300x225.jpg 300w, https:\/\/loudavymkrokem.cz\/wp-content\/uploads\/2026\/08\/bonigen-faulhorn-horsky-hotel-1-700x525.jpg 700w, https:\/\/loudavymkrokem.cz\/wp-content\/uploads\/2026\/08\/bonigen-faulhorn-horsky-hotel-1-768x576.jpg 768w, https:\/\/loudavymkrokem.cz\/wp-content\/uploads\/2026\/08\/bonigen-faulhorn-horsky-hotel-1-1536x1152.jpg 1536w, https:\/\/loudavymkrokem.cz\/wp-content\/uploads\/2026\/08\/bonigen-faulhorn-horsky-hotel-1-80x60.jpg 80w, https:\/\/loudavymkrokem.cz\/wp-content\/uploads\/2026\/08\/bonigen-faulhorn-horsky-hotel-1-160x120.jpg 160w, https:\/\/loudavymkrokem.cz\/wp-content\/uploads\/2026\/08\/bonigen-faulhorn-horsky-hotel-1-696x522.jpg 696w, https:\/\/loudavymkrokem.cz\/wp-content\/uploads\/2026\/08\/bonigen-faulhorn-horsky-hotel-1-1392x1044.jpg 1392w\" sizes=\"(max-width: 1920px) 100vw, 1920px\" \/><button\n\t\t\tclass=\"lightbox-trigger\"\n\t\t\ttype=\"button\"\n\t\t\taria-haspopup=\"dialog\"\n\t\t\tdata-wp-bind--aria-label=\"state.thisImage.triggerButtonAriaLabel\"\n\t\t\tdata-wp-init=\"callbacks.initTriggerButton\"\n\t\t\tdata-wp-on--click=\"actions.showLightbox\"\n\t\t\tdata-wp-style--right=\"state.thisImage.buttonRight\"\n\t\t\tdata-wp-style--top=\"state.thisImage.buttonTop\"\n\t\t>\n\t\t\t<svg xmlns=\"http:\/\/www.w3.org\/2000\/svg\" width=\"12\" height=\"12\" fill=\"none\" viewBox=\"0 0 12 12\">\n\t\t\t\t<path fill=\"#fff\" d=\"M2 0a2 2 0 0 0-2 2v2h1.5V2a.5.5 0 0 1 .5-.5h2V0H2Zm2 10.5H2a.5.5 0 0 1-.5-.5V8H0v2a2 2 0 0 0 2 2h2v-1.5ZM8 12v-1.5h2a.5.5 0 0 0 .5-.5V8H12v2a2 2 0 0 1-2 2H8Zm2-12a2 2 0 0 1 2 2v2h-1.5V2a.5.5 0 0 0-.5-.5H8V0h2Z\" \/>\n\t\t\t<\/svg>\n\t\t<\/button><figcaption class=\"wp-element-caption\">Photo : Whgler \/ Wikimedia Commons, CC BY-SA 3.0<\/figcaption><\/figure>\n\n\n\n<h3 class=\"wp-block-heading\"><span class=\"ez-toc-section\" id=\"14_La_randonnee_royale_de_crete_Schynige_Platte_%E2%80%93_Faulhorn_%E2%80%93_First\"><\/span>14. La randonn\u00e9e royale de cr\u00eate Schynige Platte \u2013 Faulhorn \u2013 First<span class=\"ez-toc-section-end\"><\/span><\/h3>\n\n\n\n<p class=\"wp-block-paragraph\">C&rsquo;est la randonn\u00e9e \u00e0 la journ\u00e9e la plus c\u00e9l\u00e8bre de toute la r\u00e9gion et les sources fran\u00e7aises comme anglaises la classent unanimement parmi les plus belles de Suisse. Tu montes en train \u00e0 cr\u00e9maill\u00e8re \u00e0 la <strong>Schynige Platte<\/strong>, tu marches toute la journ\u00e9e le long de la cr\u00eate avec les lacs de Thoune et de Brienz d&rsquo;un c\u00f4t\u00e9 et l&rsquo;Eiger, le M\u00f6nch et la Jungfrau de l&rsquo;autre, et tu redescends en t\u00e9l\u00e9cabine du First.<\/p>\n\n\n\n<p class=\"wp-block-paragraph\">Cela fait <strong>environ 16 \u00e0 17 kilom\u00e8tres et compte six \u00e0 huit heures<\/strong> selon la fr\u00e9quence de tes arr\u00eats. Le point culminant est le <strong>Faulhorn \u00e0 2 681 m\u00e8tres<\/strong>, o\u00f9 tu montes depuis la Schynige Platte en 4 heures et 10 minutes. En chemin, tu passes le lac S\u00e4gistalsee et, tout \u00e0 la fin, tu descends le long du Bachalpsee.<\/p>\n\n\n\n<p class=\"wp-block-paragraph\">Au sommet du Faulhorn se dresse un <strong>h\u00f4tel de montagne de 1832<\/strong> \u2014 il n&rsquo;y en a que deux plus anciens en Suisse. On peut y dormir et c&rsquo;est une option que je conseillerais \u00e0 quiconque ne veut pas parcourir tout l&rsquo;itin\u00e9raire d&rsquo;une traite. Tu le divises en deux journ\u00e9es tranquilles et tu as en prime le lever de soleil au-dessus des glaciers.<\/p>\n\n\n\n<p class=\"wp-block-paragraph\">\ud83d\udca1 Astuce : surveille les horaires \u2014 <strong>le train \u00e0 cr\u00e9maill\u00e8re de la Schynige Platte ne circule que du 13 juin au 25 octobre<\/strong> et la derni\u00e8re t\u00e9l\u00e9cabine du First part l&rsquo;apr\u00e8s-midi. Une nuit au Faulhorn revient <strong>\u00e0 partir de 80 francs, demi-pension comprise<\/strong>, mais garde \u00e0 l&rsquo;esprit qu&rsquo;il n&rsquo;y a l\u00e0-haut <strong>ni douches ni eau potable<\/strong> et qu&rsquo;un sac \u00e0 viande est obligatoire dans le dortoir.<\/p>\n\n\n\n<figure data-wp-context=\"{&quot;imageId&quot;:&quot;6a95407e7c90a&quot;}\" data-wp-interactive=\"core\/image\" data-wp-key=\"6a95407e7c90a\" class=\"wp-block-image size-full wp-lightbox-container\"><img decoding=\"async\" width=\"1600\" height=\"1200\" data-wp-class--hide=\"state.isContentHidden\" data-wp-class--show=\"state.isContentVisible\" data-wp-init=\"callbacks.setButtonStyles\" data-wp-on--click=\"actions.showLightbox\" data-wp-on--load=\"callbacks.setButtonStyles\" data-wp-on--pointerdown=\"actions.preloadImage\" data-wp-on--pointerenter=\"actions.preloadImageWithDelay\" data-wp-on--pointerleave=\"actions.cancelPreload\" data-wp-on-window--resize=\"callbacks.setButtonStyles\" src=\"https:\/\/loudavymkrokem.cz\/wp-content\/uploads\/2026\/08\/bonigen-mannlichen-kleine-scheidegg-1.jpg\" alt=\"Le chemin panoramique du M\u00e4nnlichen \u00e0 la Kleine Scheidegg avec le massif de la Jungfrau\" class=\"wp-image-407132\" title=\"\" srcset=\"https:\/\/loudavymkrokem.cz\/wp-content\/uploads\/2026\/08\/bonigen-mannlichen-kleine-scheidegg-1.jpg 1600w, https:\/\/loudavymkrokem.cz\/wp-content\/uploads\/2026\/08\/bonigen-mannlichen-kleine-scheidegg-1-300x225.jpg 300w, https:\/\/loudavymkrokem.cz\/wp-content\/uploads\/2026\/08\/bonigen-mannlichen-kleine-scheidegg-1-700x525.jpg 700w, https:\/\/loudavymkrokem.cz\/wp-content\/uploads\/2026\/08\/bonigen-mannlichen-kleine-scheidegg-1-768x576.jpg 768w, https:\/\/loudavymkrokem.cz\/wp-content\/uploads\/2026\/08\/bonigen-mannlichen-kleine-scheidegg-1-1536x1152.jpg 1536w, https:\/\/loudavymkrokem.cz\/wp-content\/uploads\/2026\/08\/bonigen-mannlichen-kleine-scheidegg-1-80x60.jpg 80w, https:\/\/loudavymkrokem.cz\/wp-content\/uploads\/2026\/08\/bonigen-mannlichen-kleine-scheidegg-1-160x120.jpg 160w, https:\/\/loudavymkrokem.cz\/wp-content\/uploads\/2026\/08\/bonigen-mannlichen-kleine-scheidegg-1-696x522.jpg 696w, https:\/\/loudavymkrokem.cz\/wp-content\/uploads\/2026\/08\/bonigen-mannlichen-kleine-scheidegg-1-1392x1044.jpg 1392w\" sizes=\"(max-width: 1600px) 100vw, 1600px\" \/><button\n\t\t\tclass=\"lightbox-trigger\"\n\t\t\ttype=\"button\"\n\t\t\taria-haspopup=\"dialog\"\n\t\t\tdata-wp-bind--aria-label=\"state.thisImage.triggerButtonAriaLabel\"\n\t\t\tdata-wp-init=\"callbacks.initTriggerButton\"\n\t\t\tdata-wp-on--click=\"actions.showLightbox\"\n\t\t\tdata-wp-style--right=\"state.thisImage.buttonRight\"\n\t\t\tdata-wp-style--top=\"state.thisImage.buttonTop\"\n\t\t>\n\t\t\t<svg xmlns=\"http:\/\/www.w3.org\/2000\/svg\" width=\"12\" height=\"12\" fill=\"none\" viewBox=\"0 0 12 12\">\n\t\t\t\t<path fill=\"#fff\" d=\"M2 0a2 2 0 0 0-2 2v2h1.5V2a.5.5 0 0 1 .5-.5h2V0H2Zm2 10.5H2a.5.5 0 0 1-.5-.5V8H0v2a2 2 0 0 0 2 2h2v-1.5ZM8 12v-1.5h2a.5.5 0 0 0 .5-.5V8H12v2a2 2 0 0 1-2 2H8Zm2-12a2 2 0 0 1 2 2v2h-1.5V2a.5.5 0 0 0-.5-.5H8V0h2Z\" \/>\n\t\t\t<\/svg>\n\t\t<\/button><figcaption class=\"wp-element-caption\">Photo : Timo Newton-Syms \/ Wikimedia Commons, CC BY-SA 2.0<\/figcaption><\/figure>\n\n\n\n<!-- LKM_GYG_CARD start q=\"bonigen\" lang=\"fr\" rendered=\"2026-08-31T07:17:33+00:00\" v=\"1\" -->\n<style id=\"lk-gyg-styles\">\n@import url(\"https:\/\/fonts.googleapis.com\/css2?family=Playfair+Display:wght@700&family=DM+Sans:wght@300;400;500;600&display=swap\");\n\/* === LK GYG karty \u2014 CRO redesign 2026-05 (namespace .lkx-) ===\n   C\u00edl: vy\u0161\u0161\u00ed CTR (hero + v\u00fdrazn\u00fd social proof + ak\u010dn\u00ed CTA, m\u00e9n\u011b \"reklamn\u00ed\").\n   Injektuje se inline do prvn\u00edho markeru postu (refresh_cards.py --inline-css). *\/\n.lkx-module, .lkx-module *{box-sizing:border-box;margin:0;padding:0}\n.lkx-module{\n  font-family:'DM Sans',-apple-system,Segoe UI,Roboto,Georgia,sans-serif;\n  max-width:860px;margin:2.5rem auto;color:#1f2328;\n}\n\n\/* HEADER \u2014 lehk\u00fd editorsk\u00fd, \u017e\u00e1dn\u00fd bannerov\u00fd blok; nadpis + popisek pod n\u00edm *\/\n.lkx-head{margin-bottom:16px}\n.lkx-head-main{display:flex;align-items:center;gap:10px}\n.lkx-head-accent{width:26px;height:3px;border-radius:2px;background:#c39f76;flex-shrink:0}\n.lkx-head-title{font-family:'Playfair Display',Georgia,serif;font-size:21px;font-weight:700;color:#1a1a1a;line-height:1.25}\n.lkx-head-meta{display:block;font-size:11px;letter-spacing:.3px;color:#9aa0a6;margin-top:4px;margin-left:36px}\n\n\/* HERO *\/\n.lkx-hero{display:grid;grid-template-columns:300px 1fr;background:#fff;border:1px solid #ece7df;border-radius:14px;overflow:hidden;text-decoration:none!important;color:inherit;box-shadow:0 6px 20px rgba(0,0,0,.06);transition:box-shadow .2s,transform .2s;margin-bottom:14px}\n.lkx-hero:hover{box-shadow:0 12px 30px rgba(0,0,0,.12);transform:translateY(-2px)}\n.lkx-hero-img{position:relative;min-height:230px;background-size:cover;background-position:center;background-color:#eee}\n.lkx-hero-body{padding:22px 24px;display:flex;flex-direction:column}\n.lkx-pick{position:absolute;top:12px;left:12px;background:#1a1a1a;color:#fff;font-size:11px;font-weight:700;letter-spacing:.5px;padding:5px 11px;border-radius:20px}\n\n\/* TITLE *\/\n.lkx-title{font-size:19px;font-weight:700;color:#161616;line-height:1.3}\n.lkx-title-sm{font-size:14.5px;line-height:1.35;display:-webkit-box;-webkit-line-clamp:2;-webkit-box-orient:vertical;overflow:hidden}\n\n\/* SOCIAL PROOF \u2014 v\u00fdrazn\u011b, naho\u0159e *\/\n.lkx-proof{display:flex;align-items:center;gap:7px;margin-top:12px;font-size:15px;color:#3a3a3a}\n.lkx-proof b{font-size:16px;color:#161616}\n.lkx-stars{color:#f5a623;letter-spacing:1px}\n.lkx-proof-sm{font-size:12.5px;margin-top:8px;gap:5px}\n.lkx-proof-sm b{font-size:13px}\n.lkx-proof-new{color:#3685fc;font-weight:600}\n\n\/* PRICE \u2014 n\u00edzk\u00e1 kotva *\/\n.lkx-price{font-size:14px;color:#6b7280}\n.lkx-price b{font-size:20px;color:#161616;font-weight:700}\n.lkx-price-sm b{font-size:15px}\n\n\/* CTA \u2014 tepl\u00e9 ak\u010dn\u00ed tla\u010d\u00edtko *\/\n.lkx-cta{display:inline-flex;align-items:center;justify-content:center;text-decoration:none!important;font-weight:700;color:#fff!important;background:linear-gradient(135deg,#f6743f,#e8552a);border-radius:10px;box-shadow:0 6px 16px rgba(232,85,42,.32);transition:box-shadow .2s}\n.lkx-cta-hero{font-size:15px;padding:13px 22px}\n.lkx-hero:hover .lkx-cta-hero{box-shadow:0 8px 22px rgba(232,85,42,.45)}\n.lkx-cta-sm{font-size:12.5px;padding:9px 14px;width:100%;margin-top:2px}\n.lkx-hero-bottom{margin-top:auto;padding-top:18px;display:flex;align-items:center;justify-content:space-between;gap:14px;flex-wrap:wrap}\n\n\/* BADGE \u2014 jeden v\u00fdrazn\u00fd na fotce *\/\n.lkx-badge{position:absolute;top:12px;right:12px;font-size:10.5px;font-weight:700;letter-spacing:.3px;padding:5px 10px;border-radius:16px;color:#fff}\n.lkx-badge.badge-urgency{background:rgba(214,40,40,.92)}\n.lkx-badge.badge-new{background:rgba(54,133,252,.92)}\n.lkx-badge.badge-top{background:rgba(195,159,118,.95)}\n.lkx-badge.badge-info{background:rgba(40,40,40,.78)}\n\n\/* SECONDARY GRID *\/\n.lkx-grid{display:grid;grid-template-columns:1fr 1fr;gap:14px}\n.lkx-card{background:#fff;border:1px solid #ece7df;border-radius:14px;overflow:hidden;text-decoration:none!important;color:inherit;box-shadow:0 4px 14px rgba(0,0,0,.05);display:flex;flex-direction:column;transition:box-shadow .2s,transform .2s}\n.lkx-card:hover{box-shadow:0 10px 24px rgba(0,0,0,.1);transform:translateY(-2px)}\n.lkx-card-img{position:relative;aspect-ratio:16\/10;background-size:cover;background-position:center;background-color:#eee}\n.lkx-card-body{padding:14px 16px 16px;display:flex;flex-direction:column;gap:7px;flex:1}\n.lkx-card-bottom{margin-top:auto;padding-top:10px;display:flex;align-items:center;justify-content:space-between;gap:8px}\n\n\/* DISCLOSURE \u2014 drobn\u00e1, kv\u016fli d\u016fv\u011b\u0159e\/z\u00e1konu *\/\n.lkx-disclosure{font-size:11px;color:#a7adb3;text-align:center;margin-top:14px;line-height:1.6}\n.lkx-disclosure a{color:#c39f76;text-decoration:none}\n\n@media(max-width:680px){\n  .lkx-hero{grid-template-columns:1fr}\n  .lkx-hero-img{min-height:180px}\n  .lkx-grid{grid-template-columns:1fr}\n  .lkx-head-meta{margin-left:0;width:100%}\n  .lkx-head-title{font-size:19px}\n}\n\n<\/style>\n<div class=\"lkx-module\" data-query=\"bonigen\">\n  <div class=\"lkx-head\">\n    <div class=\"lkx-head-main\">\n      <span class=\"lkx-head-accent\"><\/span>\n      <span class=\"lkx-head-title\">Exp\u00e9riences et billets<\/span>\n    <\/div>\n    <span class=\"lkx-head-meta\">not\u00e9 par les voyageurs \u00b7 GetYourGuide<\/span>\n  <\/div><a class=\"lkx-hero\" href=\"https:\/\/www.getyourguide.com\/fr-fr\/bonn-l132\/croisiere-panoramique-entre-bonn-et-konigswinter-siebengebirge-t770170\/?partner_id=MKZ64IS&amp;utm_medium=online_publisher&amp;cmp=bonigen-suisse-lac-brienz\" target=\"_blank\" rel=\"sponsored noopener nofollow\">\n    <div class=\"lkx-hero-img\" style=\"background-image:url('https:\/\/cdn.getyourguide.com\/img\/tour\/622ebc7c2d84a3aa3b1f101d6c43b8cdc7fe6a43e72e0fa5c011d7b9f179e034.jpg\/132.jpg')\" role=\"img\" aria-label=\"Croisi\u00e8re panoramique entre Bonn et K\u00f6nigswinter (Siebengebirge)\">\n      <span class=\"lkx-pick\">\u2605 Notre choix<\/span><\/div>\n    <div class=\"lkx-hero-body\">\n      <div class=\"lkx-title\">Croisi\u00e8re panoramique entre Bonn et K\u00f6nigswinter (Siebengebirge)<\/div>\n      <div class=\"lkx-proof\">\n      <span class=\"lkx-stars\">\u2605\u2605\u2605\u2605\u2605<\/span>\n      <b>4.5<\/b> \u00b7 421 avis\n    <\/div>\n      <div class=\"lkx-hero-bottom\"><div class=\"lkx-price\">\u00e0 partir de <b>21\u00a0\u20ac<\/b><\/div><span class=\"lkx-cta lkx-cta-hero\">Je veux vivre \u00e7a \u2192<\/span>\n      <\/div>\n    <\/div>\n  <\/a><div class=\"lkx-grid\"><a class=\"lkx-card\" href=\"https:\/\/www.getyourguide.com\/fr-fr\/bonn-l132\/bonn-croisiere-sur-le-rhin-jusqu-a-konigswinter-t1005732\/?partner_id=MKZ64IS&amp;utm_medium=online_publisher&amp;cmp=bonigen-suisse-lac-brienz\" target=\"_blank\" rel=\"sponsored noopener nofollow\">\n      <div class=\"lkx-card-img\" style=\"background-image:url('https:\/\/cdn.getyourguide.com\/img\/tour\/e56fd598e01d88c5827c88068ba667e859fe12e43851fe35b538c7e17499bfae.jpg\/132.jpg')\" role=\"img\" aria-label=\"Bonn : croisi\u00e8re sur le Rhin jusqu&#39;\u00e0 K\u00f6nigswinter\"><\/div>\n      <div class=\"lkx-card-body\">\n        <div class=\"lkx-title lkx-title-sm\">Bonn : croisi\u00e8re sur le Rhin jusqu&#39;\u00e0 K\u00f6nigswinter<\/div>\n        <div class=\"lkx-proof lkx-proof-sm\">\n      <span class=\"lkx-stars\">\u2605<\/span>\n      <b>4.2<\/b> \u00b7 88\n    <\/div>\n        <div class=\"lkx-card-bottom\"><span class=\"lkx-price lkx-price-sm\">\u00e0 partir de <b>20\u00a0\u20ac<\/b><\/span><span class=\"lkx-cta lkx-cta-sm\">Voir les dates \u2192<\/span>\n        <\/div>\n      <\/div>\n    <\/a><a class=\"lkx-card\" href=\"https:\/\/www.getyourguide.com\/fr-fr\/bonn-l132\/ab-bonn-schiffstour-auf-dem-rhein-nach-linz-t456064\/?partner_id=MKZ64IS&amp;utm_medium=online_publisher&amp;cmp=bonigen-suisse-lac-brienz\" target=\"_blank\" rel=\"sponsored noopener nofollow\">\n      <div class=\"lkx-card-img\" style=\"background-image:url('https:\/\/cdn.getyourguide.com\/img\/tour\/209491d995414e2a8c4c065c3f66a783addbfef4385b86bbaca2442ee19d6e42.jpg\/132.jpg')\" role=\"img\" aria-label=\"Au d\u00e9part de Bonn : Excursion en bateau sur le Rhin jusqu&#39;\u00e0 Linz\"><\/div>\n      <div class=\"lkx-card-body\">\n        <div class=\"lkx-title lkx-title-sm\">Au d\u00e9part de Bonn : Excursion en bateau sur le Rhin jusqu&#39;\u00e0 Linz<\/div>\n        <div class=\"lkx-proof lkx-proof-sm\">\n      <span class=\"lkx-stars\">\u2605<\/span>\n      <b>4.5<\/b> \u00b7 528\n    <\/div>\n        <div class=\"lkx-card-bottom\"><span class=\"lkx-price lkx-price-sm\">\u00e0 partir de <b>26\u00a0\u20ac<\/b><\/span><span class=\"lkx-cta lkx-cta-sm\">Voir les dates \u2192<\/span>\n        <\/div>\n      <\/div>\n    <\/a><\/div><div class=\"lkx-disclosure\">\ud83d\udd17 Liens d&#39;affiliation \u2014 sans surco\u00fbt pour vous, ils nous aident \u00e0 cr\u00e9er du contenu. \u00b7 <a href=\"https:\/\/www.getyourguide.com\/fr-fr\/s\/?q=bonigen&amp;partner_id=MKZ64IS&amp;utm_medium=online_publisher\" target=\"_blank\" rel=\"sponsored noopener nofollow\">Toutes les exp\u00e9riences \u2192<\/a><\/div>\n<\/div>\n<!-- LKM_GYG_CARD end -->\n\n\n\n\n<div class=\"lk-stays-module\">\n<style>\n\/* \u2500\u2500\u2500 RESET PRO GUTENBERG \u2500\u2500\u2500 *\/\n.lk-stays-module * { box-sizing: border-box; margin: 0; padding: 0; }\n\n\/* \u2500\u2500\u2500 WRAPPER \u2500\u2500\u2500 *\/\n.lk-stays-module {\n  font-family: 'DM Sans', Georgia, sans-serif;\n  max-width: 100%;\n  margin: 2.5rem auto;\n  background: linear-gradient(135deg, #fdfaf5 0%, #fcf8f0 100%);\n  border: 1px solid #e8dfd4;\n  border-radius: 16px;\n  overflow: hidden;\n  box-shadow: 0 16px 48px rgba(195, 159, 118, 0.25), 0 4px 12px rgba(0,0,0,0.08);\n}\n\n\/* \u2500\u2500\u2500 HEADER \u2500\u2500\u2500 *\/\n.lk-stays-header {\n  position: relative;\n  padding: 24px 36px 24px;\n  background: linear-gradient(135deg, #c39f76 0%, #d4b188 60%, #c39f76 100%);\n  border-bottom: 1px solid rgba(255,255,255,.15);\n  display: flex;\n  align-items: center;\n  gap: 18px;\n}\n.lk-stays-header::before {\n  content: '';\n  position: absolute;\n  inset: 0;\n  background: url(\"data:image\/svg+xml,%3Csvg width='60' height='60' viewBox='0 0 60 60' xmlns='http:\/\/www.w3.org\/2000\/svg'%3E%3Cg fill='none' fill-rule='evenodd'%3E%3Cg fill='%23ffffff' fill-opacity='0.05'%3E%3Cpath d='M36 34v-4h-2v4h-4v2h4v4h2v-4h4v-2h-4zm0-30V0h-2v4h-4v2h4v4h2V6h4V4h-4zM6 34v-4H4v4H0v2h4v4h2v-4h4v-2H6zM6 4V0H4v4H0v2h4v4h2V6h4V4H6z'\/%3E%3C\/g%3E%3C\/g%3E%3C\/svg%3E\") repeat;\n  pointer-events: none;\n}\n.lk-stays-icon {\n  flex-shrink: 0;\n  width: 68px;\n  height: 68px;\n  border-radius: 14px;\n  background: linear-gradient(135deg, #fff 0%, #f9f6f0 100%);\n  display: flex;\n  align-items: center;\n  justify-content: center;\n  font-size: 26px;\n  box-shadow: 0 4px 12px rgba(0,0,0,0.15);\n}\n.lk-stays-eyebrow {\n  font-size: 10px;\n  font-weight: 500;\n  letter-spacing: 2.5px;\n  text-transform: uppercase;\n  color: rgba(255,255,255,.85);\n  margin: 0 0 5px 0;\n}\n.lk-stays-title {\n  font-family: 'Playfair Display', Georgia, serif;\n  font-size: 24px;\n  font-weight: 700;\n  color: #fff;\n  line-height: 1.2;\n  text-shadow: 0 1px 2px rgba(0,0,0,0.1);\n  margin: 0;\n}\n.lk-stays-subtitle {\n  font-size: 13px;\n  color: rgba(255,255,255,.75);\n  margin: 4px 0 0 0;\n  font-weight: 300;\n}\n\n\/* \u2500\u2500\u2500 CARDS GRID \u2500\u2500\u2500 *\/\n.lk-stays-grid {\n  display: grid;\n  grid-template-columns: 1fr 1fr;\n  gap: 1px;\n  background: rgba(195, 159, 118, 0.12);\n}\n\n\/* \u2500\u2500\u2500 SINGLE CARD \u2500\u2500\u2500 *\/\n.lk-stay-card {\n  background: #ffffff;\n  padding: 26px;\n  display: flex;\n  flex-direction: column;\n  gap: 11px;\n  transition: all 0.3s ease;\n  text-decoration: none;\n  color: inherit;\n  position: relative;\n}\n.lk-stay-card:hover {\n  background: #fffbf5;\n  transform: translateY(-2px);\n  box-shadow: 0 8px 24px rgba(195, 159, 118, 0.18);\n  z-index: 1;\n}\n.lk-stay-card.featured {\n  background: linear-gradient(135deg, #fffdf9 0%, #fff9f0 100%);\n  box-shadow: 0 4px 16px rgba(195, 159, 118, 0.15), inset 0 1px 0 rgba(195, 159, 118, 0.1);\n}\n.lk-stay-card.featured:hover {\n  background: linear-gradient(135deg, #fffbf5 0%, #fff8ed 100%);\n  box-shadow: 0 8px 24px rgba(195, 159, 118, 0.25), inset 0 1px 0 rgba(195, 159, 118, 0.15);\n}\n\n.lk-stay-badge {\n  display: inline-flex;\n  align-items: center;\n  gap: 5px;\n  font-size: 10px;\n  font-weight: 500;\n  letter-spacing: 1.5px;\n  text-transform: uppercase;\n  padding: 5px 11px;\n  border-radius: 20px;\n  width: fit-content;\n}\n.badge-top     { background: linear-gradient(135deg, #c39f76 0%, #d4b188 100%); color: #fff; border: 1px solid #c39f76; font-weight: 600; box-shadow: 0 2px 8px rgba(195,159,118,0.3); }\n.badge-luxury  { background: rgba(195,159,118,.12); color: #c39f76; border: 1px solid rgba(195,159,118,.25); }\n.badge-boutique{ background: rgba(54,133,252,.08); color: #3685fc; border: 1px solid rgba(54,133,252,.2); }\n.badge-nature  { background: rgba(130,190,100,.1); color: #6b9c4a; border: 1px solid rgba(130,190,100,.2); }\n.badge-remote  { background: rgba(195,159,118,.12); color: #a67e50; border: 1px solid rgba(195,159,118,.25); }\n\n.lk-stay-name {\n  font-family: 'Playfair Display', Georgia, serif;\n  font-size: 18px;\n  font-weight: 700;\n  color: #111827;\n  line-height: 1.3;\n}\n.lk-stay-desc {\n  font-size: 13.5px;\n  color: #525252;\n  line-height: 1.65;\n  font-weight: 300;\n  flex: 1;\n}\n\n.lk-stay-meta {\n  display: flex;\n  align-items: center;\n  gap: 12px;\n  flex-wrap: wrap;\n  margin-top: 4px;\n}\n.lk-stay-price {\n  font-size: 13px;\n  color: #6b7280;\n}\n.lk-stay-price strong {\n  color: #c39f76;\n  font-weight: 500;\n}\n.lk-stay-stars {\n  color: #c39f76;\n  font-size: 11px;\n  letter-spacing: 1px;\n}\n\n\/* \u2500\u2500\u2500 CTA BUTTON \u2500\u2500\u2500 *\/\n.lk-stay-cta {\n  display: inline-flex;\n  align-items: center;\n  justify-content: center;\n  gap: 7px;\n  margin-top: 8px;\n  padding: 11px 20px;\n  border-radius: 8px;\n  background: linear-gradient(135deg, #3685fc 0%, #2a6fd9 100%);\n  color: #fff;\n  font-size: 13px;\n  font-weight: 500;\n  text-decoration: none;\n  letter-spacing: .3px;\n  transition: all .2s ease;\n  cursor: pointer;\n  border: none;\n  text-align: center;\n  box-shadow: 0 4px 12px rgba(54, 133, 252, 0.25);\n}\n.lk-stay-cta:hover {\n  background: linear-gradient(135deg, #2a6fd9 0%, #1e5bc4 100%);\n  transform: translateY(-1px);\n  box-shadow: 0 6px 16px rgba(54, 133, 252, 0.35);\n}\n.lk-stay-cta svg { flex-shrink: 0; }\n\n\/* \u2500\u2500\u2500 FOOTER \u2500\u2500\u2500 *\/\n.lk-stays-footer {\n  padding: 18px 36px;\n  background: linear-gradient(to bottom, #fdfaf5 0%, #f9f4ed 100%);\n  border-top: 1px solid rgba(195, 159, 118, 0.15);\n  display: flex;\n  align-items: center;\n  justify-content: space-between;\n  flex-wrap: wrap;\n  gap: 12px;\n}\n.lk-stays-footer-note {\n  font-size: 11.5px;\n  color: #6b7280;\n  font-weight: 300;\n  line-height: 1.5;\n}\n.lk-stays-footer-note a {\n  color: #c39f76;\n  text-decoration: none;\n  font-weight: 400;\n}\n.lk-stays-footer-note a:hover {\n  text-decoration: underline;\n}\n.lk-stays-all-btn {\n  display: inline-flex;\n  align-items: center;\n  gap: 6px;\n  font-size: 12.5px;\n  font-weight: 500;\n  color: #c39f76;\n  text-decoration: none;\n  border: 1px solid rgba(195, 159, 118, 0.35);\n  padding: 8px 18px;\n  border-radius: 8px;\n  transition: all .2s ease;\n}\n.lk-stays-all-btn:hover {\n  background: rgba(195, 159, 118, 0.08);\n  border-color: rgba(195, 159, 118, 0.5);\n}\n\n\/* \u2500\u2500\u2500 RESPONSIVE \u2500\u2500\u2500 *\/\n@media (max-width: 600px) {\n  .lk-stays-grid { grid-template-columns: 1fr; }\n  .lk-stays-header { padding: 24px 20px; }\n  .lk-stays-footer { padding: 16px 20px; }\n  .lk-stay-card { padding: 22px; }\n  .lk-stays-title { font-size: 20px; }\n}\n<\/style>\n\n  <!-- HEADER -->\n  <div class=\"lk-stays-header\">\n    <img decoding=\"async\" src=\"https:\/\/loudavymkrokem.cz\/wp-content\/uploads\/2026\/02\/lukas-a-lucka.jpg\" alt=\"\" style=\"width: 75px; height: 75px; border-radius: 8px; flex-shrink: 0; object-fit: cover; display: block; margin: 4px 0;\" title=\"\">\n    <div class=\"lk-stays-header-text\">\n      <div class=\"lk-stays-eyebrow\">Luk\u00e1\u0161 et Lucie recommandent<\/div>\n      <div class=\"lk-stays-title\">O\u00f9 se loger \u00e0 B\u00f6nigen<\/div>\n      <div class=\"lk-stays-subtitle\">6 h\u00e9bergements \u2014 h\u00f4tels, campings et autres options d&rsquo;h\u00e9bergement<\/div>\n    <\/div>\n  <\/div>\n\n  <!-- CARDS -->\n  <div class=\"lk-stays-grid\">\n\n    <a class=\"lk-stay-card featured\" href=\"https:\/\/www.stay22.com\/allez\/roam?aid=lukaskonecny&#038;campaign=loudavymkrokemcz&#038;campaign=fr&#038;campaign=bonigen&#038;hotelname=Hotel%20Seiler%20au%20Lac&#038;address=B%C3%B6nigen%2C%20%C5%A0v%C3%BDcarsko\" target=\"_blank\" rel=\"nofollow noopener\">\n      <span class=\"lk-stay-badge badge-top\">\u2b50 TOP CHOIX<\/span>\n      <span class=\"lk-stay-badge badge-nature\">\ud83c\udfe8 H\u00f4tel<\/span>\n      <div class=\"lk-stay-name\">Hotel Seiler au Lac<\/div>\n      <div class=\"lk-stay-desc\">Situ\u00e9 directement au bord du lac et le bateau \u00e0 vapeur s&rsquo;arr\u00eate juste devant la porte. Quarante chambres, vue sur les montagnes et l&rsquo;eau.<\/div>\n      <div class=\"lk-stay-meta\">\n        <span class=\"lk-stay-stars\">\u2605\u2605\u2605\u2605<\/span>\n        <span class=\"lk-stay-price\">V\u00e9rifier les prix<\/span>\n      <\/div>\n      <span class=\"lk-stay-cta\">\n        <svg width=\"14\" height=\"14\" viewBox=\"0 0 24 24\" fill=\"none\" stroke=\"currentColor\" stroke-width=\"2\"><path d=\"M18 13v6a2 2 0 0 1-2 2H5a2 2 0 0 1-2-2V8a2 2 0 0 1 2-2h6\"\/><polyline points=\"15 3 21 3 21 9\"\/><line x1=\"10\" y1=\"14\" x2=\"21\" y2=\"3\"\/><\/svg>\n        V\u00e9rifier la disponibilit\u00e9\n      <\/span>\n    <\/a>\n\n    <a class=\"lk-stay-card\" href=\"https:\/\/www.stay22.com\/allez\/roam?aid=lukaskonecny&#038;campaign=loudavymkrokemcz&#038;campaign=fr&#038;campaign=bonigen&#038;hotelname=Seehotel%20B%C3%B6nigen&#038;address=B%C3%B6nigen%2C%20%C5%A0v%C3%BDcarsko\" target=\"_blank\" rel=\"nofollow noopener\">\n      <span class=\"lk-stay-badge badge-nature\">\ud83c\udfe8 H\u00f4tel<\/span>\n      <div class=\"lk-stay-name\">Seehotel B\u00f6nigen<\/div>\n      <div class=\"lk-stay-desc\">Excellent choix familial avec vue panoramique, son propre restaurant r\u00e9put\u00e9 et petits d\u00e9jeuners copieux.<\/div>\n      <div class=\"lk-stay-meta\">\n        <span class=\"lk-stay-stars\">\u2605\u2605\u2605\u2605<\/span>\n        <span class=\"lk-stay-price\">V\u00e9rifier les prix<\/span>\n      <\/div>\n      <span class=\"lk-stay-cta\">\n        <svg width=\"14\" height=\"14\" viewBox=\"0 0 24 24\" fill=\"none\" stroke=\"currentColor\" stroke-width=\"2\"><path d=\"M18 13v6a2 2 0 0 1-2 2H5a2 2 0 0 1-2-2V8a2 2 0 0 1 2-2h6\"\/><polyline points=\"15 3 21 3 21 9\"\/><line x1=\"10\" y1=\"14\" x2=\"21\" y2=\"3\"\/><\/svg>\n        V\u00e9rifier la disponibilit\u00e9\n      <\/span>\n    <\/a>\n\n    <a class=\"lk-stay-card\" href=\"https:\/\/www.stay22.com\/allez\/roam?aid=lukaskonecny&#038;campaign=loudavymkrokemcz&#038;campaign=fr&#038;campaign=bonigen&#038;hotelname=TCS%20Camping%20B%C3%B6nigen%20Brienzersee&#038;address=B%C3%B6nigen%2C%20%C5%A0v%C3%BDcarsko\" target=\"_blank\" rel=\"nofollow noopener\">\n      <span class=\"lk-stay-badge badge-nature\">\u26fa Camping<\/span>\n      <div class=\"lk-stay-name\">TCS Camping B\u00f6nigen Brienzersee<\/div>\n      <div class=\"lk-stay-desc\">Option \u00e9conomique parfaite directement au bord du lac \u00e0 200 m de la plage. Sans piscine, juste une pataugeoire.<\/div>\n      <div class=\"lk-stay-meta\">\n        <span class=\"lk-stay-stars\">\u2605\u2605\u2605\u2605<\/span>\n        <span class=\"lk-stay-price\">\u00e0 partir de 72-80 EUR\/nuit<\/span>\n      <\/div>\n      <span class=\"lk-stay-cta\">\n        <svg width=\"14\" height=\"14\" viewBox=\"0 0 24 24\" fill=\"none\" stroke=\"currentColor\" stroke-width=\"2\"><path d=\"M18 13v6a2 2 0 0 1-2 2H5a2 2 0 0 1-2-2V8a2 2 0 0 1 2-2h6\"\/><polyline points=\"15 3 21 3 21 9\"\/><line x1=\"10\" y1=\"14\" x2=\"21\" y2=\"3\"\/><\/svg>\n        V\u00e9rifier la disponibilit\u00e9\n      <\/span>\n    <\/a>\n\n    <a class=\"lk-stay-card\" href=\"https:\/\/www.stay22.com\/allez\/roam?aid=lukaskonecny&#038;campaign=loudavymkrokemcz&#038;campaign=fr&#038;campaign=bonigen&#038;hotelname=Mountain%20and%20Lake&#038;address=B%C3%B6nigen%2C%20%C5%A0v%C3%BDcarsko\" target=\"_blank\" rel=\"nofollow noopener\">\n      <span class=\"lk-stay-badge badge-nature\">\ud83c\udfe1 Appartement<\/span>\n      <div class=\"lk-stay-name\">Mountain and Lake<\/div>\n      <div class=\"lk-stay-desc\">Appartement priv\u00e9 fantastiquement not\u00e9 avec cuisine enti\u00e8rement \u00e9quip\u00e9e et belle terrasse pour un s\u00e9jour prolong\u00e9.<\/div>\n      <div class=\"lk-stay-meta\">\n        <span class=\"lk-stay-stars\">\u2605\u2605\u2605\u2605<\/span>\n        <span class=\"lk-stay-price\">V\u00e9rifier les prix<\/span>\n      <\/div>\n      <span class=\"lk-stay-cta\">\n        <svg width=\"14\" height=\"14\" viewBox=\"0 0 24 24\" fill=\"none\" stroke=\"currentColor\" stroke-width=\"2\"><path d=\"M18 13v6a2 2 0 0 1-2 2H5a2 2 0 0 1-2-2V8a2 2 0 0 1 2-2h6\"\/><polyline points=\"15 3 21 3 21 9\"\/><line x1=\"10\" y1=\"14\" x2=\"21\" y2=\"3\"\/><\/svg>\n        V\u00e9rifier la disponibilit\u00e9\n      <\/span>\n    <\/a>\n\n    <a class=\"lk-stay-card\" href=\"https:\/\/www.stay22.com\/allez\/roam?aid=lukaskonecny&#038;campaign=loudavymkrokemcz&#038;campaign=fr&#038;campaign=bonigen&#038;hotelname=Walida&#038;address=B%C3%B6nigen%2C%20%C5%A0v%C3%BDcarsko\" target=\"_blank\" rel=\"nofollow noopener\">\n      <span class=\"lk-stay-badge badge-nature\">\ud83c\udfe8 H\u00f4tel<\/span>\n      <div class=\"lk-stay-name\">Walida<\/div>\n      <div class=\"lk-stay-desc\">H\u00f4tel plus simple mais agr\u00e9able \u00e0 prix raisonnable, balcons avec vue sur les sommets alpins.<\/div>\n      <div class=\"lk-stay-meta\">\n        <span class=\"lk-stay-stars\">\u2605\u2605\u2605\u2605<\/span>\n        <span class=\"lk-stay-price\">V\u00e9rifier les prix<\/span>\n      <\/div>\n      <span class=\"lk-stay-cta\">\n        <svg width=\"14\" height=\"14\" viewBox=\"0 0 24 24\" fill=\"none\" stroke=\"currentColor\" stroke-width=\"2\"><path d=\"M18 13v6a2 2 0 0 1-2 2H5a2 2 0 0 1-2-2V8a2 2 0 0 1 2-2h6\"\/><polyline points=\"15 3 21 3 21 9\"\/><line x1=\"10\" y1=\"14\" x2=\"21\" y2=\"3\"\/><\/svg>\n        V\u00e9rifier la disponibilit\u00e9\n      <\/span>\n    <\/a>\n\n    <a class=\"lk-stay-card\" href=\"https:\/\/www.stay22.com\/allez\/roam?aid=lukaskonecny&#038;campaign=loudavymkrokemcz&#038;campaign=fr&#038;campaign=bonigen&#038;address=B%C3%B6nigen&#038;hotelname=Grandhotel+Giessbach&#038;search=Grandhotel+Giessbach&#038;category=accommodation\" target=\"_blank\" rel=\"nofollow noopener\">\n      <span class=\"lk-stay-badge badge-nature\">\u2b50 Luxe<\/span>\n      <div class=\"lk-stay-name\">Grandhotel Giessbach<\/div>\n      <div class=\"lk-stay-desc\">Palais de luxe du 19\u00e8me si\u00e8cle au-dessus des chutes de Giessbach avec 22 hectares de parc et terrasse panoramique.<\/div>\n      <div class=\"lk-stay-meta\">\n        <span class=\"lk-stay-stars\">\u2605\u2605\u2605\u2605<\/span>\n        <span class=\"lk-stay-price\">V\u00e9rifier les prix<\/span>\n      <\/div>\n      <span class=\"lk-stay-cta\">\n        <svg width=\"14\" height=\"14\" viewBox=\"0 0 24 24\" fill=\"none\" stroke=\"currentColor\" stroke-width=\"2\"><path d=\"M18 13v6a2 2 0 0 1-2 2H5a2 2 0 0 1-2-2V8a2 2 0 0 1 2-2h6\"\/><polyline points=\"15 3 21 3 21 9\"\/><line x1=\"10\" y1=\"14\" x2=\"21\" y2=\"3\"\/><\/svg>\n        V\u00e9rifier la disponibilit\u00e9\n      <\/span>\n    <\/a>\n\n  <\/div>\n\n  \n<\/div>\n\n\n\n\n<h3 class=\"wp-block-heading\"><span class=\"ez-toc-section\" id=\"15_Le_Mannlichen_et_le_chemin_panoramique_vers_la_Kleine_Scheidegg\"><\/span>15. Le M\u00e4nnlichen et le chemin panoramique vers la Kleine Scheidegg<span class=\"ez-toc-section-end\"><\/span><\/h3>\n\n\n\n<p class=\"wp-block-paragraph\">C&rsquo;est mon choix \u00e9vident quand je pars en montagne avec de jeunes enfants. Le t\u00e9l\u00e9ph\u00e9rique te monte au <strong>M\u00e4nnlichen \u00e0 2 222 m\u00e8tres<\/strong> et de l\u00e0 part vers la Kleine Scheidegg un <strong>chemin panoramique de 4,5 kilom\u00e8tres<\/strong>, qui prend une heure \u00e0 une heure et demie. On descend presque tout le temps et <strong>c&rsquo;est un large chemin de gravier praticable m\u00eame avec une poussette tout-terrain<\/strong>.<\/p>\n\n\n\n<p class=\"wp-block-paragraph\">Tu as tout le temps directement devant toi l&rsquo;<strong>Eiger, le M\u00f6nch et la Jungfrau<\/strong>, c&rsquo;est donc le meilleur rapport vue\/effort que tu trouveras dans la r\u00e9gion. \u00c0 l&rsquo;arriv\u00e9e, \u00e0 la <strong>Kleine Scheidegg \u00e0 2 061 m\u00e8tres<\/strong>, tu montes dans le train et tu te laisses redescendre en bas.<\/p>\n\n\n\n<p class=\"wp-block-paragraph\">Avant de partir, fais encore le <strong>Royal Walk<\/strong> \u2014 c&rsquo;est une bifurcation depuis la station sup\u00e9rieure jusqu&rsquo;au sommet m\u00eame du M\u00e4nnlichen \u00e0 2 345 m\u00e8tres. Tu ne montes qu&rsquo;un peu plus de cent m\u00e8tres et cela te prend <strong>une demi-heure<\/strong>, mais le panorama l\u00e0-haut est d&rsquo;une tout autre classe que depuis la station.<\/p>\n\n\n\n<p class=\"wp-block-paragraph\">\ud83d\udca1 Astuce : les t\u00e9l\u00e9ph\u00e9riques du M\u00e4nnlichen circulent <strong>du 23 mai au 25 octobre<\/strong>. Depuis Wengen, tu peux ajouter pour cinq francs de suppl\u00e9ment le \u00ab Royal Ride \u00bb et voyager <strong>sur le balcon ouvert sur le toit de la cabine<\/strong> \u2014 les enfants en sont compl\u00e8tement fous.<\/p>\n\n\n\n<figure data-wp-context=\"{&quot;imageId&quot;:&quot;6a95407e7d04d&quot;}\" data-wp-interactive=\"core\/image\" data-wp-key=\"6a95407e7d04d\" class=\"wp-block-image size-full wp-lightbox-container\"><img decoding=\"async\" width=\"1920\" height=\"1289\" data-wp-class--hide=\"state.isContentHidden\" data-wp-class--show=\"state.isContentVisible\" data-wp-init=\"callbacks.setButtonStyles\" data-wp-on--click=\"actions.showLightbox\" data-wp-on--load=\"callbacks.setButtonStyles\" data-wp-on--pointerdown=\"actions.preloadImage\" data-wp-on--pointerenter=\"actions.preloadImageWithDelay\" data-wp-on--pointerleave=\"actions.cancelPreload\" data-wp-on-window--resize=\"callbacks.setButtonStyles\" src=\"https:\/\/loudavymkrokem.cz\/wp-content\/uploads\/2026\/08\/bonigen-eiger-severni-stena-1.jpg\" alt=\"La face nord de l&#039;Eiger, sous laquelle passe l&#039;Eiger Trail\" class=\"wp-image-407136\" title=\"\" srcset=\"https:\/\/loudavymkrokem.cz\/wp-content\/uploads\/2026\/08\/bonigen-eiger-severni-stena-1.jpg 1920w, https:\/\/loudavymkrokem.cz\/wp-content\/uploads\/2026\/08\/bonigen-eiger-severni-stena-1-300x201.jpg 300w, https:\/\/loudavymkrokem.cz\/wp-content\/uploads\/2026\/08\/bonigen-eiger-severni-stena-1-700x470.jpg 700w, https:\/\/loudavymkrokem.cz\/wp-content\/uploads\/2026\/08\/bonigen-eiger-severni-stena-1-768x516.jpg 768w, https:\/\/loudavymkrokem.cz\/wp-content\/uploads\/2026\/08\/bonigen-eiger-severni-stena-1-1536x1031.jpg 1536w, https:\/\/loudavymkrokem.cz\/wp-content\/uploads\/2026\/08\/bonigen-eiger-severni-stena-1-696x467.jpg 696w, https:\/\/loudavymkrokem.cz\/wp-content\/uploads\/2026\/08\/bonigen-eiger-severni-stena-1-1392x935.jpg 1392w\" sizes=\"(max-width: 1920px) 100vw, 1920px\" \/><button\n\t\t\tclass=\"lightbox-trigger\"\n\t\t\ttype=\"button\"\n\t\t\taria-haspopup=\"dialog\"\n\t\t\tdata-wp-bind--aria-label=\"state.thisImage.triggerButtonAriaLabel\"\n\t\t\tdata-wp-init=\"callbacks.initTriggerButton\"\n\t\t\tdata-wp-on--click=\"actions.showLightbox\"\n\t\t\tdata-wp-style--right=\"state.thisImage.buttonRight\"\n\t\t\tdata-wp-style--top=\"state.thisImage.buttonTop\"\n\t\t>\n\t\t\t<svg xmlns=\"http:\/\/www.w3.org\/2000\/svg\" width=\"12\" height=\"12\" fill=\"none\" viewBox=\"0 0 12 12\">\n\t\t\t\t<path fill=\"#fff\" d=\"M2 0a2 2 0 0 0-2 2v2h1.5V2a.5.5 0 0 1 .5-.5h2V0H2Zm2 10.5H2a.5.5 0 0 1-.5-.5V8H0v2a2 2 0 0 0 2 2h2v-1.5ZM8 12v-1.5h2a.5.5 0 0 0 .5-.5V8H12v2a2 2 0 0 1-2 2H8Zm2-12a2 2 0 0 1 2 2v2h-1.5V2a.5.5 0 0 0-.5-.5H8V0h2Z\" \/>\n\t\t\t<\/svg>\n\t\t<\/button><figcaption class=\"wp-element-caption\">Photo : Kurt Ritschard \/ Wikimedia Commons, CC BY-SA 2.0<\/figcaption><\/figure>\n\n\n\n<h3 class=\"wp-block-heading\"><span class=\"ez-toc-section\" id=\"16_LEiger_Trail_juste_sous_la_face_nord\"><\/span>16. L&rsquo;Eiger Trail juste sous la face nord<span class=\"ez-toc-section-end\"><\/span><\/h3>\n\n\n\n<p class=\"wp-block-paragraph\">Si les montagnes t&rsquo;int\u00e9ressent aussi comme un r\u00e9cit, voici le bon parcours. Tu montes \u00e0 l&rsquo;<strong>Eigergletscher \u00e0 2 348 m\u00e8tres<\/strong> et de l\u00e0 tu descends <strong>environ six kilom\u00e8tres jusqu&rsquo;\u00e0 Alpiglen \u00e0 1 616 m\u00e8tres<\/strong>. Pendant deux heures enti\u00e8res, tu \u00e9volues directement sous la <strong>face nord de l&rsquo;Eiger<\/strong>, qui se dresse au-dessus de toi sur plus de 1 600 m\u00e8tres.<\/p>\n\n\n\n<p class=\"wp-block-paragraph\">C&rsquo;est un lieu o\u00f9 se sont \u00e9crits et achev\u00e9s des destins d&rsquo;alpinistes, et sur le parcours tu trouveras aussi une plaque avec des \u00e9cussons comm\u00e9moratifs. Le chemin est class\u00e9 <strong>moyennement difficile, tu descends d&rsquo;environ 780 m\u00e8tres<\/strong> et dans les passages les plus expos\u00e9s, des c\u00e2bles d&rsquo;assurage sont tendus. On peut se restaurer au d\u00e9but comme \u00e0 la fin.<\/p>\n\n\n\n<p class=\"wp-block-paragraph\">Attention \u00e0 la saison, car ce sentier est celui qui ouvre le plus tard de tous. <strong>La neige le maintient souvent ferm\u00e9 jusqu&rsquo;\u00e0 d\u00e9but juillet<\/strong> et il est en g\u00e9n\u00e9ral praticable jusqu&rsquo;\u00e0 la mi-octobre. Avant ta sortie, v\u00e9rifie toujours l&rsquo;\u00e9tat actuel \u2014 il peut changer d&rsquo;un jour \u00e0 l&rsquo;autre.<\/p>\n\n\n\n<p class=\"wp-block-paragraph\">\ud83d\udca1 Astuce : <strong>tu ne peux pas venir ici avec une poussette<\/strong> et les plus jeunes enfants auront besoin d&rsquo;aide dans les passages caillouteux. Au retour, un train part d&rsquo;Alpiglen vers Grindelwald, mais c&rsquo;est un <strong>arr\u00eat sur demande<\/strong>, alors n&rsquo;oublie pas de faire signe au conducteur.<\/p>\n\n\n\n<figure data-wp-context=\"{&quot;imageId&quot;:&quot;6a95407e7d549&quot;}\" data-wp-interactive=\"core\/image\" data-wp-key=\"6a95407e7d549\" class=\"wp-block-image size-full wp-lightbox-container\"><img decoding=\"async\" width=\"1920\" height=\"1282\" data-wp-class--hide=\"state.isContentHidden\" data-wp-class--show=\"state.isContentVisible\" data-wp-init=\"callbacks.setButtonStyles\" data-wp-on--click=\"actions.showLightbox\" data-wp-on--load=\"callbacks.setButtonStyles\" data-wp-on--pointerdown=\"actions.preloadImage\" data-wp-on--pointerenter=\"actions.preloadImageWithDelay\" data-wp-on--pointerleave=\"actions.cancelPreload\" data-wp-on-window--resize=\"callbacks.setButtonStyles\" src=\"https:\/\/loudavymkrokem.cz\/wp-content\/uploads\/2026\/08\/bonigen-niederhorn-kozorozec-1.jpg\" alt=\"De jeunes bouquetins sur la cr\u00eate du Niederhorn au cr\u00e9puscule\" class=\"wp-image-407139\" title=\"\" srcset=\"https:\/\/loudavymkrokem.cz\/wp-content\/uploads\/2026\/08\/bonigen-niederhorn-kozorozec-1.jpg 1920w, https:\/\/loudavymkrokem.cz\/wp-content\/uploads\/2026\/08\/bonigen-niederhorn-kozorozec-1-300x200.jpg 300w, https:\/\/loudavymkrokem.cz\/wp-content\/uploads\/2026\/08\/bonigen-niederhorn-kozorozec-1-700x467.jpg 700w, https:\/\/loudavymkrokem.cz\/wp-content\/uploads\/2026\/08\/bonigen-niederhorn-kozorozec-1-768x513.jpg 768w, https:\/\/loudavymkrokem.cz\/wp-content\/uploads\/2026\/08\/bonigen-niederhorn-kozorozec-1-1536x1026.jpg 1536w, https:\/\/loudavymkrokem.cz\/wp-content\/uploads\/2026\/08\/bonigen-niederhorn-kozorozec-1-696x465.jpg 696w, https:\/\/loudavymkrokem.cz\/wp-content\/uploads\/2026\/08\/bonigen-niederhorn-kozorozec-1-1392x929.jpg 1392w\" sizes=\"(max-width: 1920px) 100vw, 1920px\" \/><button\n\t\t\tclass=\"lightbox-trigger\"\n\t\t\ttype=\"button\"\n\t\t\taria-haspopup=\"dialog\"\n\t\t\tdata-wp-bind--aria-label=\"state.thisImage.triggerButtonAriaLabel\"\n\t\t\tdata-wp-init=\"callbacks.initTriggerButton\"\n\t\t\tdata-wp-on--click=\"actions.showLightbox\"\n\t\t\tdata-wp-style--right=\"state.thisImage.buttonRight\"\n\t\t\tdata-wp-style--top=\"state.thisImage.buttonTop\"\n\t\t>\n\t\t\t<svg xmlns=\"http:\/\/www.w3.org\/2000\/svg\" width=\"12\" height=\"12\" fill=\"none\" viewBox=\"0 0 12 12\">\n\t\t\t\t<path fill=\"#fff\" d=\"M2 0a2 2 0 0 0-2 2v2h1.5V2a.5.5 0 0 1 .5-.5h2V0H2Zm2 10.5H2a.5.5 0 0 1-.5-.5V8H0v2a2 2 0 0 0 2 2h2v-1.5ZM8 12v-1.5h2a.5.5 0 0 0 .5-.5V8H12v2a2 2 0 0 1-2 2H8Zm2-12a2 2 0 0 1 2 2v2h-1.5V2a.5.5 0 0 0-.5-.5H8V0h2Z\" \/>\n\t\t\t<\/svg>\n\t\t<\/button><figcaption class=\"wp-element-caption\">Photo : Ostaehli \/ Wikimedia Commons, CC BY-SA 4.0<\/figcaption><\/figure>\n\n\n\n<h3 class=\"wp-block-heading\"><span class=\"ez-toc-section\" id=\"17_Le_Niederhorn_et_les_bouquetins_au-dessus_du_lac_de_Thoune\"><\/span>17. Le Niederhorn et les bouquetins au-dessus du lac de Thoune<span class=\"ez-toc-section-end\"><\/span><\/h3>\n\n\n\n<p class=\"wp-block-paragraph\">Alors que tout le monde se rend \u00e0 Grindelwald, de l&rsquo;autre c\u00f4t\u00e9 d&rsquo;Interlaken se trouve le <strong>Niederhorn \u00e0 1 950 m\u00e8tres<\/strong> et c&rsquo;est nettement plus tranquille. Pour monter, tu prends depuis la rive du lac de Thoune un funiculaire puis une t\u00e9l\u00e9cabine, l&rsquo;ensemble dure <strong>environ une demi-heure<\/strong>.<\/p>\n\n\n\n<p class=\"wp-block-paragraph\">L&rsquo;attraction principale ici, ce sont les <strong>bouquetins<\/strong>. La colonie locale a \u00e9t\u00e9 fond\u00e9e en 1949 par le l\u00e2cher de trois boucs et aujourd&rsquo;hui il y en a <strong>soixante-quinze \u00e0 cent<\/strong>. De juillet \u00e0 septembre, chaque jeudi matin part en plus une sortie comment\u00e9e avec un sp\u00e9cialiste local directement vers les troupeaux.<\/p>\n\n\n\n<p class=\"wp-block-paragraph\">La randonn\u00e9e de cr\u00eate d&rsquo;ici jusqu&rsquo;au <strong>Gemmenalphorn \u00e0 2 061 m\u00e8tres<\/strong> a re\u00e7u la m\u00e9daille d&rsquo;or du plus beau sentier de randonn\u00e9e de Suisse, mais c&rsquo;est une affaire d&rsquo;une journ\u00e9e pour les marcheurs aguerris. Avec des enfants, contente-toi de la <strong>boucle de six cents m\u00e8tres juste \u00e0 c\u00f4t\u00e9 de la station<\/strong>, que tu boucles en une demi-heure et o\u00f9 il y a en haut un restaurant avec aire de jeux.<\/p>\n\n\n\n<p class=\"wp-block-paragraph\">\ud83d\udca1 Astuce : les remont\u00e9es circulent <strong>du 1er mai au 15 novembre<\/strong>. Le billet aller-retour depuis le lac revient \u00e0 65 francs, mais si tu montes en bus jusqu&rsquo;\u00e0 Beatenberg et que tu prends la remont\u00e9e l\u00e0-bas, tu <strong>ne paieras que 49<\/strong>. Le Niederhorn offre en plus une <strong>r\u00e9duction famille \u2014 tu ne paies que pour le premier enfant<\/strong>.<\/p>\n\n\n\n<figure data-wp-context=\"{&quot;imageId&quot;:&quot;6a95407e7da3d&quot;}\" data-wp-interactive=\"core\/image\" data-wp-key=\"6a95407e7da3d\" class=\"wp-block-image size-full wp-lightbox-container\"><img decoding=\"async\" width=\"1920\" height=\"1280\" data-wp-class--hide=\"state.isContentHidden\" data-wp-class--show=\"state.isContentVisible\" data-wp-init=\"callbacks.setButtonStyles\" data-wp-on--click=\"actions.showLightbox\" data-wp-on--load=\"callbacks.setButtonStyles\" data-wp-on--pointerdown=\"actions.preloadImage\" data-wp-on--pointerenter=\"actions.preloadImageWithDelay\" data-wp-on--pointerleave=\"actions.cancelPreload\" data-wp-on-window--resize=\"callbacks.setButtonStyles\" src=\"https:\/\/loudavymkrokem.cz\/wp-content\/uploads\/2026\/08\/bonigen-brienzer-rothorn-parni-lokomotiva.jpg\" alt=\"Locomotive \u00e0 vapeur du chemin de fer \u00e0 cr\u00e9maill\u00e8re \u00e0 la station sommitale du Brienzer Rothorn\" class=\"wp-image-407156\" title=\"\" srcset=\"https:\/\/loudavymkrokem.cz\/wp-content\/uploads\/2026\/08\/bonigen-brienzer-rothorn-parni-lokomotiva.jpg 1920w, https:\/\/loudavymkrokem.cz\/wp-content\/uploads\/2026\/08\/bonigen-brienzer-rothorn-parni-lokomotiva-300x200.jpg 300w, https:\/\/loudavymkrokem.cz\/wp-content\/uploads\/2026\/08\/bonigen-brienzer-rothorn-parni-lokomotiva-700x467.jpg 700w, https:\/\/loudavymkrokem.cz\/wp-content\/uploads\/2026\/08\/bonigen-brienzer-rothorn-parni-lokomotiva-768x512.jpg 768w, https:\/\/loudavymkrokem.cz\/wp-content\/uploads\/2026\/08\/bonigen-brienzer-rothorn-parni-lokomotiva-1536x1024.jpg 1536w, https:\/\/loudavymkrokem.cz\/wp-content\/uploads\/2026\/08\/bonigen-brienzer-rothorn-parni-lokomotiva-696x464.jpg 696w, https:\/\/loudavymkrokem.cz\/wp-content\/uploads\/2026\/08\/bonigen-brienzer-rothorn-parni-lokomotiva-1392x928.jpg 1392w\" sizes=\"(max-width: 1920px) 100vw, 1920px\" \/><button\n\t\t\tclass=\"lightbox-trigger\"\n\t\t\ttype=\"button\"\n\t\t\taria-haspopup=\"dialog\"\n\t\t\tdata-wp-bind--aria-label=\"state.thisImage.triggerButtonAriaLabel\"\n\t\t\tdata-wp-init=\"callbacks.initTriggerButton\"\n\t\t\tdata-wp-on--click=\"actions.showLightbox\"\n\t\t\tdata-wp-style--right=\"state.thisImage.buttonRight\"\n\t\t\tdata-wp-style--top=\"state.thisImage.buttonTop\"\n\t\t>\n\t\t\t<svg xmlns=\"http:\/\/www.w3.org\/2000\/svg\" width=\"12\" height=\"12\" fill=\"none\" viewBox=\"0 0 12 12\">\n\t\t\t\t<path fill=\"#fff\" d=\"M2 0a2 2 0 0 0-2 2v2h1.5V2a.5.5 0 0 1 .5-.5h2V0H2Zm2 10.5H2a.5.5 0 0 1-.5-.5V8H0v2a2 2 0 0 0 2 2h2v-1.5ZM8 12v-1.5h2a.5.5 0 0 0 .5-.5V8H12v2a2 2 0 0 1-2 2H8Zm2-12a2 2 0 0 1 2 2v2h-1.5V2a.5.5 0 0 0-.5-.5H8V0h2Z\" \/>\n\t\t\t<\/svg>\n\t\t<\/button><figcaption class=\"wp-element-caption\">Photo : Uwelino \/ Wikimedia Commons, CC BY-SA 4.0<\/figcaption><\/figure>\n\n\n\n<h3 class=\"wp-block-heading\"><span class=\"ez-toc-section\" id=\"18_En_train_a_cremaillere_a_vapeur_jusquau_Brienzer_Rothorn\"><\/span>18. En train \u00e0 cr\u00e9maill\u00e8re \u00e0 vapeur jusqu&rsquo;au Brienzer Rothorn<span class=\"ez-toc-section-end\"><\/span><\/h3>\n\n\n\n<p class=\"wp-block-paragraph\">Cette excursion est d\u00e9j\u00e0 une exp\u00e9rience par le trajet lui-m\u00eame. De Brienz, \u00e0 l&rsquo;autre bout du lac, part un <strong>chemin de fer \u00e0 cr\u00e9maill\u00e8re \u00e0 vapeur de 1892<\/strong>, qui est, avec la ligne de la Furka, la <strong>seule ligne ferroviaire r\u00e9guli\u00e8rement exploit\u00e9e \u00e0 la vapeur en Suisse<\/strong>. En une heure, il grimpe le long de sept kilom\u00e8tres et demi de voie de <strong>1 678 m\u00e8tres de d\u00e9nivel\u00e9<\/strong>.<\/p>\n\n\n\n<p class=\"wp-block-paragraph\">La station sup\u00e9rieure se trouve \u00e0 <strong>2 244 m\u00e8tres<\/strong> et jusqu&rsquo;au sommet m\u00eame du Brienzer Rothorn \u00e0 2 350 m\u00e8tres, tu montes <strong>en quinze minutes<\/strong>. Le panorama d&rsquo;ici est exceptionnel \u2014 on dit qu&rsquo;on peut voir <strong>693 sommets<\/strong>. En haut, il y a deux restaurants et on peut aussi dormir dans l&rsquo;h\u00f4tel de montagne.<\/p>\n\n\n\n<p class=\"wp-block-paragraph\">Qui veut marcher peut descendre jusqu&rsquo;\u00e0 la station interm\u00e9diaire de <strong>Planalp en deux heures et demie<\/strong> et de l\u00e0 repartir en train. On descend au passage d&rsquo;environ mille m\u00e8tres, ce qui met les genoux \u00e0 rude \u00e9preuve. Depuis B\u00f6nigen, tu arrives ici via Interlaken Ost, d&rsquo;o\u00f9 le train jusqu&rsquo;\u00e0 Brienz met <strong>un peu moins de vingt minutes<\/strong>.<\/p>\n\n\n\n<p class=\"wp-block-paragraph\">\ud83d\udca1 Astuce : jusqu&rsquo;au sommet, on ne circule <strong>que du 6 juin au 25 octobre<\/strong>, avant la ligne s&rsquo;arr\u00eate \u00e0 Planalp. Le billet aller-retour co\u00fbte 98 francs, mais <strong>les enfants de six \u00e0 quinze ans voyagent pour dix francs<\/strong> et avec le Bernese Oberland Pass la course est gratuite. Pour huit francs, tu peux r\u00e9server une place pr\u00e9cise.<\/p>\n\n\n\n<figure data-wp-context=\"{&quot;imageId&quot;:&quot;6a95407e7df6f&quot;}\" data-wp-interactive=\"core\/image\" data-wp-key=\"6a95407e7df6f\" class=\"wp-block-image size-full wp-lightbox-container\"><img decoding=\"async\" width=\"1800\" height=\"1224\" data-wp-class--hide=\"state.isContentHidden\" data-wp-class--show=\"state.isContentVisible\" data-wp-init=\"callbacks.setButtonStyles\" data-wp-on--click=\"actions.showLightbox\" data-wp-on--load=\"callbacks.setButtonStyles\" data-wp-on--pointerdown=\"actions.preloadImage\" data-wp-on--pointerenter=\"actions.preloadImageWithDelay\" data-wp-on--pointerleave=\"actions.cancelPreload\" data-wp-on-window--resize=\"callbacks.setButtonStyles\" src=\"https:\/\/loudavymkrokem.cz\/wp-content\/uploads\/2026\/08\/articles-bonigen-18.jpg\" alt=\"Le lac de Brienz vu \u00e0 vol d&#039;oiseau\" class=\"wp-image-404497\" title=\"\" srcset=\"https:\/\/loudavymkrokem.cz\/wp-content\/uploads\/2026\/08\/articles-bonigen-18.jpg 1800w, https:\/\/loudavymkrokem.cz\/wp-content\/uploads\/2026\/08\/articles-bonigen-18-300x204.jpg 300w, https:\/\/loudavymkrokem.cz\/wp-content\/uploads\/2026\/08\/articles-bonigen-18-700x476.jpg 700w, https:\/\/loudavymkrokem.cz\/wp-content\/uploads\/2026\/08\/articles-bonigen-18-768x522.jpg 768w, https:\/\/loudavymkrokem.cz\/wp-content\/uploads\/2026\/08\/articles-bonigen-18-1536x1044.jpg 1536w, https:\/\/loudavymkrokem.cz\/wp-content\/uploads\/2026\/08\/articles-bonigen-18-696x473.jpg 696w, https:\/\/loudavymkrokem.cz\/wp-content\/uploads\/2026\/08\/articles-bonigen-18-1392x947.jpg 1392w\" sizes=\"(max-width: 1800px) 100vw, 1800px\" \/><button\n\t\t\tclass=\"lightbox-trigger\"\n\t\t\ttype=\"button\"\n\t\t\taria-haspopup=\"dialog\"\n\t\t\tdata-wp-bind--aria-label=\"state.thisImage.triggerButtonAriaLabel\"\n\t\t\tdata-wp-init=\"callbacks.initTriggerButton\"\n\t\t\tdata-wp-on--click=\"actions.showLightbox\"\n\t\t\tdata-wp-style--right=\"state.thisImage.buttonRight\"\n\t\t\tdata-wp-style--top=\"state.thisImage.buttonTop\"\n\t\t>\n\t\t\t<svg xmlns=\"http:\/\/www.w3.org\/2000\/svg\" width=\"12\" height=\"12\" fill=\"none\" viewBox=\"0 0 12 12\">\n\t\t\t\t<path fill=\"#fff\" d=\"M2 0a2 2 0 0 0-2 2v2h1.5V2a.5.5 0 0 1 .5-.5h2V0H2Zm2 10.5H2a.5.5 0 0 1-.5-.5V8H0v2a2 2 0 0 0 2 2h2v-1.5ZM8 12v-1.5h2a.5.5 0 0 0 .5-.5V8H12v2a2 2 0 0 1-2 2H8Zm2-12a2 2 0 0 1 2 2v2h-1.5V2a.5.5 0 0 0-.5-.5H8V0h2Z\" \/>\n\t\t\t<\/svg>\n\t\t<\/button><figcaption class=\"wp-element-caption\">Photo : Carsten Steger \/ Wikimedia Commons, CC BY-SA 4.0<\/figcaption><\/figure>\n\n\n\n<h2 class=\"wp-block-heading\"><span class=\"ez-toc-section\" id=\"Excursions_depuis_Bonigen_6_idees_pour_les_environs\"><\/span>Excursions depuis B\u00f6nigen : 6 id\u00e9es pour les environs<span class=\"ez-toc-section-end\"><\/span><\/h2>\n\n\n\n<p class=\"wp-block-paragraph\">Si tu as B\u00f6nigen comme camp de base, tout l&rsquo;<strong>Oberland bernois<\/strong> s&rsquo;ouvre \u00e0 toi comme sur un plateau. Ici, tu auras besoin d&rsquo;un <strong>budget un peu plus important<\/strong>, car les t\u00e9l\u00e9ph\u00e9riques et trains de montagne suisses ne sont pas bon march\u00e9, mais les souvenirs qu&rsquo;ils te laisseront resteront grav\u00e9s dans ta m\u00e9moire \u00e0 jamais.<\/p>\n\n\n\n<p class=\"wp-block-paragraph\">Je te recommande de planifier tes excursions selon les <strong>pr\u00e9visions m\u00e9t\u00e9o actuelles<\/strong>. Aller aux belv\u00e9d\u00e8res de montagne co\u00fbteux n&rsquo;a de sens que les jours o\u00f9 le <strong>ciel est parfaitement d\u00e9gag\u00e9<\/strong>, sinon tu paieras des dizaines de francs pour un regard dans un brouillard gris opaque.<\/p>\n\n\n\n<figure data-wp-context=\"{&quot;imageId&quot;:&quot;6a95407e7e3f4&quot;}\" data-wp-interactive=\"core\/image\" data-wp-key=\"6a95407e7e3f4\" class=\"wp-block-image size-full wp-lightbox-container\"><img decoding=\"async\" width=\"1800\" height=\"1011\" data-wp-class--hide=\"state.isContentHidden\" data-wp-class--show=\"state.isContentVisible\" data-wp-init=\"callbacks.setButtonStyles\" data-wp-on--click=\"actions.showLightbox\" data-wp-on--load=\"callbacks.setButtonStyles\" data-wp-on--pointerdown=\"actions.preloadImage\" data-wp-on--pointerenter=\"actions.preloadImageWithDelay\" data-wp-on--pointerleave=\"actions.cancelPreload\" data-wp-on-window--resize=\"callbacks.setButtonStyles\" src=\"https:\/\/loudavymkrokem.cz\/wp-content\/uploads\/2026\/08\/articles-bonigen-19.jpg\" alt=\"Le belv\u00e9d\u00e8re du Harder Kulm au-dessus d&#039;Interlaken\" class=\"wp-image-404500\" title=\"\" srcset=\"https:\/\/loudavymkrokem.cz\/wp-content\/uploads\/2026\/08\/articles-bonigen-19.jpg 1800w, https:\/\/loudavymkrokem.cz\/wp-content\/uploads\/2026\/08\/articles-bonigen-19-300x169.jpg 300w, https:\/\/loudavymkrokem.cz\/wp-content\/uploads\/2026\/08\/articles-bonigen-19-700x393.jpg 700w, https:\/\/loudavymkrokem.cz\/wp-content\/uploads\/2026\/08\/articles-bonigen-19-768x431.jpg 768w, https:\/\/loudavymkrokem.cz\/wp-content\/uploads\/2026\/08\/articles-bonigen-19-1536x863.jpg 1536w, https:\/\/loudavymkrokem.cz\/wp-content\/uploads\/2026\/08\/articles-bonigen-19-696x391.jpg 696w, https:\/\/loudavymkrokem.cz\/wp-content\/uploads\/2026\/08\/articles-bonigen-19-1392x782.jpg 1392w\" sizes=\"(max-width: 1800px) 100vw, 1800px\" \/><button\n\t\t\tclass=\"lightbox-trigger\"\n\t\t\ttype=\"button\"\n\t\t\taria-haspopup=\"dialog\"\n\t\t\tdata-wp-bind--aria-label=\"state.thisImage.triggerButtonAriaLabel\"\n\t\t\tdata-wp-init=\"callbacks.initTriggerButton\"\n\t\t\tdata-wp-on--click=\"actions.showLightbox\"\n\t\t\tdata-wp-style--right=\"state.thisImage.buttonRight\"\n\t\t\tdata-wp-style--top=\"state.thisImage.buttonTop\"\n\t\t>\n\t\t\t<svg xmlns=\"http:\/\/www.w3.org\/2000\/svg\" width=\"12\" height=\"12\" fill=\"none\" viewBox=\"0 0 12 12\">\n\t\t\t\t<path fill=\"#fff\" d=\"M2 0a2 2 0 0 0-2 2v2h1.5V2a.5.5 0 0 1 .5-.5h2V0H2Zm2 10.5H2a.5.5 0 0 1-.5-.5V8H0v2a2 2 0 0 0 2 2h2v-1.5ZM8 12v-1.5h2a.5.5 0 0 0 .5-.5V8H12v2a2 2 0 0 1-2 2H8Zm2-12a2 2 0 0 1 2 2v2h-1.5V2a.5.5 0 0 0-.5-.5H8V0h2Z\" \/>\n\t\t\t<\/svg>\n\t\t<\/button><figcaption class=\"wp-element-caption\">Photo : Ollie Craig \/ Pexels<\/figcaption><\/figure>\n\n\n\n<h3 class=\"wp-block-heading\"><span class=\"ez-toc-section\" id=\"19_Harder_Kulm_la_montagne_emblematique_dInterlaken\"><\/span>19. Harder Kulm : la montagne embl\u00e9matique d&rsquo;Interlaken<span class=\"ez-toc-section-end\"><\/span><\/h3>\n\n\n\n<p class=\"wp-block-paragraph\">C&rsquo;est un incontournable absolu. Le <strong>Harder Kulm \u00e0 1 322 m\u00e8tres d&rsquo;altitude<\/strong> est connu comme la montagne embl\u00e9matique d&rsquo;Interlaken et offre la vue la plus iconique de toute la r\u00e9gion. Le funiculaire historique te monte de la vall\u00e9e en seulement 10 minutes, durant lesquelles il franchit 755 m\u00e8tres de d\u00e9nivel\u00e9 sur une voie longue de seulement 1,4 kilom\u00e8tre.<\/p>\n\n\n\n<p class=\"wp-block-paragraph\">Pour 2026, le <strong>billet aller-retour pour un adulte co\u00fbte 44 CHF<\/strong>. Si tu as le Swiss Travel Pass ou le Bernese Oberland Pass, tu obtiens une r\u00e9duction de 50 %. Le funiculaire circule du 3 avril au 29 novembre toutes les demi-heures, et en \u00e9t\u00e9 tu peux redescendre jusque tard dans la nuit.<\/p>\n\n\n\n<p class=\"wp-block-paragraph\">En haut t&rsquo;attend la c\u00e9l\u00e8bre <strong>plateforme panoramique Two Lakes Bridge<\/strong>, qui s&rsquo;avance de fa\u00e7on spectaculaire au-dessus d&rsquo;un pr\u00e9cipice. Tu te tiens dessus et sous toi tu vois en m\u00eame temps les deux lacs (Thunersee et Brienzersee) et directement devant toi le majestueux trio alpin Eiger, M\u00f6nch et Jungfrau. On dirait vraiment un d\u00e9cor de cin\u00e9ma.<\/p>\n\n\n\n<p class=\"wp-block-paragraph\">\ud83d\udca1 Astuce : <strong>\u00e9vite les files d&rsquo;attente<\/strong> et ach\u00e8te ton <strong>billet en ligne \u00e0 l&rsquo;avance<\/strong> directement sur le site du <a href=\"https:\/\/www.harder-kulm.com\" target=\"_blank\" rel=\"nofollow noopener\">Harder Kulm<\/a>. Tu obtiens un QR code sur ton t\u00e9l\u00e9phone et tu passes directement aux tourniquets.<\/p>\n\n\n\n<figure data-wp-context=\"{&quot;imageId&quot;:&quot;6a95407e7e902&quot;}\" data-wp-interactive=\"core\/image\" data-wp-key=\"6a95407e7e902\" class=\"wp-block-image size-full wp-lightbox-container\"><img decoding=\"async\" width=\"1800\" height=\"1350\" data-wp-class--hide=\"state.isContentHidden\" data-wp-class--show=\"state.isContentVisible\" data-wp-init=\"callbacks.setButtonStyles\" data-wp-on--click=\"actions.showLightbox\" data-wp-on--load=\"callbacks.setButtonStyles\" data-wp-on--pointerdown=\"actions.preloadImage\" data-wp-on--pointerenter=\"actions.preloadImageWithDelay\" data-wp-on--pointerleave=\"actions.cancelPreload\" data-wp-on-window--resize=\"callbacks.setButtonStyles\" src=\"https:\/\/loudavymkrokem.cz\/wp-content\/uploads\/2026\/08\/articles-bonigen-20.jpg\" alt=\"Les cascades du Giessbach\" class=\"wp-image-404502\" title=\"\" srcset=\"https:\/\/loudavymkrokem.cz\/wp-content\/uploads\/2026\/08\/articles-bonigen-20.jpg 1800w, https:\/\/loudavymkrokem.cz\/wp-content\/uploads\/2026\/08\/articles-bonigen-20-300x225.jpg 300w, https:\/\/loudavymkrokem.cz\/wp-content\/uploads\/2026\/08\/articles-bonigen-20-700x525.jpg 700w, https:\/\/loudavymkrokem.cz\/wp-content\/uploads\/2026\/08\/articles-bonigen-20-768x576.jpg 768w, https:\/\/loudavymkrokem.cz\/wp-content\/uploads\/2026\/08\/articles-bonigen-20-1536x1152.jpg 1536w, https:\/\/loudavymkrokem.cz\/wp-content\/uploads\/2026\/08\/articles-bonigen-20-80x60.jpg 80w, https:\/\/loudavymkrokem.cz\/wp-content\/uploads\/2026\/08\/articles-bonigen-20-160x120.jpg 160w, https:\/\/loudavymkrokem.cz\/wp-content\/uploads\/2026\/08\/articles-bonigen-20-696x522.jpg 696w, https:\/\/loudavymkrokem.cz\/wp-content\/uploads\/2026\/08\/articles-bonigen-20-1392x1044.jpg 1392w\" sizes=\"(max-width: 1800px) 100vw, 1800px\" \/><button\n\t\t\tclass=\"lightbox-trigger\"\n\t\t\ttype=\"button\"\n\t\t\taria-haspopup=\"dialog\"\n\t\t\tdata-wp-bind--aria-label=\"state.thisImage.triggerButtonAriaLabel\"\n\t\t\tdata-wp-init=\"callbacks.initTriggerButton\"\n\t\t\tdata-wp-on--click=\"actions.showLightbox\"\n\t\t\tdata-wp-style--right=\"state.thisImage.buttonRight\"\n\t\t\tdata-wp-style--top=\"state.thisImage.buttonTop\"\n\t\t>\n\t\t\t<svg xmlns=\"http:\/\/www.w3.org\/2000\/svg\" width=\"12\" height=\"12\" fill=\"none\" viewBox=\"0 0 12 12\">\n\t\t\t\t<path fill=\"#fff\" d=\"M2 0a2 2 0 0 0-2 2v2h1.5V2a.5.5 0 0 1 .5-.5h2V0H2Zm2 10.5H2a.5.5 0 0 1-.5-.5V8H0v2a2 2 0 0 0 2 2h2v-1.5ZM8 12v-1.5h2a.5.5 0 0 0 .5-.5V8H12v2a2 2 0 0 1-2 2H8Zm2-12a2 2 0 0 1 2 2v2h-1.5V2a.5.5 0 0 0-.5-.5H8V0h2Z\" \/>\n\t\t\t<\/svg>\n\t\t<\/button><figcaption class=\"wp-element-caption\">Photo : Metehan \u015eeker \/ Pexels<\/figcaption><\/figure>\n\n\n\n<h3 class=\"wp-block-heading\"><span class=\"ez-toc-section\" id=\"20_Les_chutes_du_Giessbach_et_le_passage_derriere_leau\"><\/span>20. Les chutes du Giessbach et le passage derri\u00e8re l&rsquo;eau<span class=\"ez-toc-section-end\"><\/span><\/h3>\n\n\n\n<p class=\"wp-block-paragraph\">L&rsquo;eau tombe ici <strong>en 14 cascades<\/strong> depuis environ 400 m\u00e8tres directement dans le lac et avant de te dire que tu as d\u00e9j\u00e0 vu des cascades ailleurs, attends de voir la suite. Autour des chutes court un <strong>r\u00e9seau de sentiers parfaitement entretenus<\/strong>, qui te m\u00e8nent jusqu&rsquo;aux tron\u00e7ons les plus bruyants et les plus sauvages.<\/p>\n\n\n\n<p class=\"wp-block-paragraph\">La plus grande attraction est le <strong>sentier qui passe directement DERRI\u00c8RE l&rsquo;une des cascades<\/strong>. Tu peux passer sous un imposant surplomb rocheux et regarder \u00e0 travers le mur d&rsquo;eau qui tombe le lac turquoise et les montagnes environnantes en contrebas. C&rsquo;est une boucle s\u00fbre d&rsquo;environ 20 minutes, qui te subjuguera totalement.<\/p>\n\n\n\n<p class=\"wp-block-paragraph\">Tu peux venir ici en voiture (le <strong>parking revient \u00e0 15 CHF<\/strong> par jour en haute saison), mais bien plus styl\u00e9, c&rsquo;est <strong>d&rsquo;arriver en bateau \u00e0 l&rsquo;arr\u00eat<\/strong> Giessbach See. De l\u00e0, le chemin m\u00e8ne soit \u00e0 pied, soit par un funiculaire historique directement au d\u00e9but des sentiers.<\/p>\n\n\n\n<p class=\"wp-block-paragraph\">\ud83d\udca1 Astuce : si tu comptes venir ici au printemps lors de la fonte des neiges ou apr\u00e8s de fortes pluies, sache que sur le sentier derri\u00e8re la cascade tu <strong>prendras une bonne douche<\/strong>. La <strong>veste imperm\u00e9able est indispensable<\/strong>.<\/p>\n\n\n\n<figure data-wp-context=\"{&quot;imageId&quot;:&quot;6a95407e7ee6c&quot;}\" data-wp-interactive=\"core\/image\" data-wp-key=\"6a95407e7ee6c\" class=\"wp-block-image size-full wp-lightbox-container\"><img decoding=\"async\" width=\"1800\" height=\"1350\" data-wp-class--hide=\"state.isContentHidden\" data-wp-class--show=\"state.isContentVisible\" data-wp-init=\"callbacks.setButtonStyles\" data-wp-on--click=\"actions.showLightbox\" data-wp-on--load=\"callbacks.setButtonStyles\" data-wp-on--pointerdown=\"actions.preloadImage\" data-wp-on--pointerenter=\"actions.preloadImageWithDelay\" data-wp-on--pointerleave=\"actions.cancelPreload\" data-wp-on-window--resize=\"callbacks.setButtonStyles\" src=\"https:\/\/loudavymkrokem.cz\/wp-content\/uploads\/2026\/08\/articles-bonigen-21.jpg\" alt=\"Le Grandhotel Giessbach et le funiculaire historique\" class=\"wp-image-404504\" title=\"\" srcset=\"https:\/\/loudavymkrokem.cz\/wp-content\/uploads\/2026\/08\/articles-bonigen-21.jpg 1800w, https:\/\/loudavymkrokem.cz\/wp-content\/uploads\/2026\/08\/articles-bonigen-21-300x225.jpg 300w, https:\/\/loudavymkrokem.cz\/wp-content\/uploads\/2026\/08\/articles-bonigen-21-700x525.jpg 700w, https:\/\/loudavymkrokem.cz\/wp-content\/uploads\/2026\/08\/articles-bonigen-21-768x576.jpg 768w, https:\/\/loudavymkrokem.cz\/wp-content\/uploads\/2026\/08\/articles-bonigen-21-1536x1152.jpg 1536w, https:\/\/loudavymkrokem.cz\/wp-content\/uploads\/2026\/08\/articles-bonigen-21-80x60.jpg 80w, https:\/\/loudavymkrokem.cz\/wp-content\/uploads\/2026\/08\/articles-bonigen-21-160x120.jpg 160w, https:\/\/loudavymkrokem.cz\/wp-content\/uploads\/2026\/08\/articles-bonigen-21-696x522.jpg 696w, https:\/\/loudavymkrokem.cz\/wp-content\/uploads\/2026\/08\/articles-bonigen-21-1392x1044.jpg 1392w\" sizes=\"(max-width: 1800px) 100vw, 1800px\" \/><button\n\t\t\tclass=\"lightbox-trigger\"\n\t\t\ttype=\"button\"\n\t\t\taria-haspopup=\"dialog\"\n\t\t\tdata-wp-bind--aria-label=\"state.thisImage.triggerButtonAriaLabel\"\n\t\t\tdata-wp-init=\"callbacks.initTriggerButton\"\n\t\t\tdata-wp-on--click=\"actions.showLightbox\"\n\t\t\tdata-wp-style--right=\"state.thisImage.buttonRight\"\n\t\t\tdata-wp-style--top=\"state.thisImage.buttonTop\"\n\t\t>\n\t\t\t<svg xmlns=\"http:\/\/www.w3.org\/2000\/svg\" width=\"12\" height=\"12\" fill=\"none\" viewBox=\"0 0 12 12\">\n\t\t\t\t<path fill=\"#fff\" d=\"M2 0a2 2 0 0 0-2 2v2h1.5V2a.5.5 0 0 1 .5-.5h2V0H2Zm2 10.5H2a.5.5 0 0 1-.5-.5V8H0v2a2 2 0 0 0 2 2h2v-1.5ZM8 12v-1.5h2a.5.5 0 0 0 .5-.5V8H12v2a2 2 0 0 1-2 2H8Zm2-12a2 2 0 0 1 2 2v2h-1.5V2a.5.5 0 0 0-.5-.5H8V0h2Z\" \/>\n\t\t\t<\/svg>\n\t\t<\/button><figcaption class=\"wp-element-caption\">Photo : JoachimKohler-HB \/ Wikimedia Commons, CC BY-SA 4.0<\/figcaption><\/figure>\n\n\n\n<h3 class=\"wp-block-heading\"><span class=\"ez-toc-section\" id=\"21_Le_plus_ancien_funiculaire_touristique_suisse_et_le_Grandhotel\"><\/span>21. Le plus ancien funiculaire touristique suisse et le Grandhotel<span class=\"ez-toc-section-end\"><\/span><\/h3>\n\n\n\n<p class=\"wp-block-paragraph\">Puisque tu arrives en bateau sous les chutes du Giessbach, ne rate pas cette curiosit\u00e9 technique. De l&#8217;embarcad\u00e8re jusqu&rsquo;\u00e0 l&rsquo;h\u00f4tel circule le <strong>Giessbachbahn \u2014 le plus ancien funiculaire encore en service en Suisse<\/strong>. Il fonctionne depuis 1879 et fut le tout premier funiculaire suisse construit uniquement pour les touristes. Ses wagons rouges historiques sont incroyablement photog\u00e9niques.<\/p>\n\n\n\n<p class=\"wp-block-paragraph\">La station sup\u00e9rieure te d\u00e9pose juste devant les portes de l&rsquo;\u00e9poustouflant <strong>Grandhotel Giessbach<\/strong>. Ce palace de luxe du XIX\u1d49 si\u00e8cle a h\u00e9berg\u00e9 la haute soci\u00e9t\u00e9 du monde entier et a conserv\u00e9 jusqu&rsquo;\u00e0 aujourd&rsquo;hui son atmosph\u00e8re aristocratique. Autour de l&rsquo;h\u00f4tel s&rsquo;\u00e9tend un <strong>parc soigneusement entretenu de la superficie incroyable de 22 hectares<\/strong>, dans lequel tu peux te promener librement.<\/p>\n\n\n\n<p class=\"wp-block-paragraph\">M\u00eame si tu ne loges pas \u00e0 l&rsquo;h\u00f4tel, je te recommande vivement de t&rsquo;asseoir sur leur <strong>immense terrasse panoramique<\/strong>. Le <strong>caf\u00e9 co\u00fbte certes une petite fortune<\/strong>, mais avec les cascades en toile de fond et cette atmosph\u00e8re aristocratique, tu te croiras dans un roman d&rsquo;Agatha Christie, et \u00e7a, \u00e7a n&rsquo;a pas de prix. \u263a\ufe0f<\/p>\n\n\n\n<p class=\"wp-block-paragraph\">\ud83d\udca1 Astuce : tu peux en lire plus sur l&rsquo;<strong>histoire de l&rsquo;h\u00f4tel<\/strong> et les <strong>horaires actuels du funiculaire<\/strong> sur le beau site du <a href=\"https:\/\/www.giessbach.ch\" target=\"_blank\" rel=\"nofollow noopener\">Grandhotel Giessbach<\/a>.<\/p>\n\n\n\n<figure data-wp-context=\"{&quot;imageId&quot;:&quot;6a95407e7f385&quot;}\" data-wp-interactive=\"core\/image\" data-wp-key=\"6a95407e7f385\" class=\"wp-block-image size-full wp-lightbox-container\"><img decoding=\"async\" width=\"1800\" height=\"1350\" data-wp-class--hide=\"state.isContentHidden\" data-wp-class--show=\"state.isContentVisible\" data-wp-init=\"callbacks.setButtonStyles\" data-wp-on--click=\"actions.showLightbox\" data-wp-on--load=\"callbacks.setButtonStyles\" data-wp-on--pointerdown=\"actions.preloadImage\" data-wp-on--pointerenter=\"actions.preloadImageWithDelay\" data-wp-on--pointerleave=\"actions.cancelPreload\" data-wp-on-window--resize=\"callbacks.setButtonStyles\" src=\"https:\/\/loudavymkrokem.cz\/wp-content\/uploads\/2026\/08\/articles-bonigen-22.jpg\" alt=\"Le village d&#039;Iseltwald sur une presqu&#039;\u00eele dans le lac\" class=\"wp-image-404505\" title=\"\" srcset=\"https:\/\/loudavymkrokem.cz\/wp-content\/uploads\/2026\/08\/articles-bonigen-22.jpg 1800w, https:\/\/loudavymkrokem.cz\/wp-content\/uploads\/2026\/08\/articles-bonigen-22-300x225.jpg 300w, https:\/\/loudavymkrokem.cz\/wp-content\/uploads\/2026\/08\/articles-bonigen-22-700x525.jpg 700w, https:\/\/loudavymkrokem.cz\/wp-content\/uploads\/2026\/08\/articles-bonigen-22-768x576.jpg 768w, https:\/\/loudavymkrokem.cz\/wp-content\/uploads\/2026\/08\/articles-bonigen-22-1536x1152.jpg 1536w, https:\/\/loudavymkrokem.cz\/wp-content\/uploads\/2026\/08\/articles-bonigen-22-80x60.jpg 80w, https:\/\/loudavymkrokem.cz\/wp-content\/uploads\/2026\/08\/articles-bonigen-22-160x120.jpg 160w, https:\/\/loudavymkrokem.cz\/wp-content\/uploads\/2026\/08\/articles-bonigen-22-696x522.jpg 696w, https:\/\/loudavymkrokem.cz\/wp-content\/uploads\/2026\/08\/articles-bonigen-22-1392x1044.jpg 1392w\" sizes=\"(max-width: 1800px) 100vw, 1800px\" \/><button\n\t\t\tclass=\"lightbox-trigger\"\n\t\t\ttype=\"button\"\n\t\t\taria-haspopup=\"dialog\"\n\t\t\tdata-wp-bind--aria-label=\"state.thisImage.triggerButtonAriaLabel\"\n\t\t\tdata-wp-init=\"callbacks.initTriggerButton\"\n\t\t\tdata-wp-on--click=\"actions.showLightbox\"\n\t\t\tdata-wp-style--right=\"state.thisImage.buttonRight\"\n\t\t\tdata-wp-style--top=\"state.thisImage.buttonTop\"\n\t\t>\n\t\t\t<svg xmlns=\"http:\/\/www.w3.org\/2000\/svg\" width=\"12\" height=\"12\" fill=\"none\" viewBox=\"0 0 12 12\">\n\t\t\t\t<path fill=\"#fff\" d=\"M2 0a2 2 0 0 0-2 2v2h1.5V2a.5.5 0 0 1 .5-.5h2V0H2Zm2 10.5H2a.5.5 0 0 1-.5-.5V8H0v2a2 2 0 0 0 2 2h2v-1.5ZM8 12v-1.5h2a.5.5 0 0 0 .5-.5V8H12v2a2 2 0 0 1-2 2H8Zm2-12a2 2 0 0 1 2 2v2h-1.5V2a.5.5 0 0 0-.5-.5H8V0h2Z\" \/>\n\t\t\t<\/svg>\n\t\t<\/button><figcaption class=\"wp-element-caption\">Photo : PKurmannCH \/ Wikimedia Commons, CC BY-SA 4.0<\/figcaption><\/figure>\n\n\n\n<h3 class=\"wp-block-heading\"><span class=\"ez-toc-section\" id=\"22_Iseltwald_et_le_ponton_iconique_de_la_serie\"><\/span>22. Iseltwald et le ponton iconique de la s\u00e9rie<span class=\"ez-toc-section-end\"><\/span><\/h3>\n\n\n\n<p class=\"wp-block-paragraph\">Le village voisin d&rsquo;Iseltwald est un pittoresque hameau situ\u00e9 sur une petite presqu&rsquo;\u00eele, o\u00f9 t&#8217;emm\u00e8ne depuis B\u00f6nigen le bateau ou le bus 103. Le ponton en bois local est cependant r\u00e9cemment devenu une sensation virale, car une sc\u00e8ne cl\u00e9 de la <strong>c\u00e9l\u00e8bre s\u00e9rie cor\u00e9enne Netflix Crash Landing on You<\/strong> y a \u00e9t\u00e9 tourn\u00e9e.<\/p>\n\n\n\n<p class=\"wp-block-paragraph\">Depuis, des foules de touristes asiatiques affluent ici pour prendre une photo au m\u00eame endroit que leurs h\u00e9ros de s\u00e9rie. La commune a r\u00e9solu la situation avec habilet\u00e9 et a <strong>install\u00e9 devant le ponton un tourniquet qui per\u00e7oit une \u00ab taxe selfie \u00bb de 5 CHF<\/strong>. Les recettes servent au nettoyage du village et \u00e0 l&rsquo;enl\u00e8vement des d\u00e9chets laiss\u00e9s par les foules de touristes. Rien qu&rsquo;en 2024, pr\u00e8s de 50 000 personnes ont franchi le tourniquet et la commune a r\u00e9colt\u00e9 environ 245 000 francs. Les toilettes publiques \u00e0 un franc ont ajout\u00e9 58 000 francs de plus.<\/p>\n\n\n\n<p class=\"wp-block-paragraph\">Outre le ponton, tu verras aussi le <strong>joli petit ch\u00e2teau Seeburg de 1907<\/strong>, qui fait office de symbole du village (malheureusement il est priv\u00e9 et tu ne peux l&rsquo;admirer que de l&rsquo;ext\u00e9rieur). Dans le lac, un peu \u00e0 l&rsquo;\u00e9cart de la rive, se trouve Schn\u00e4ggeninseli, la seule \u00eele du lac de Brienz o\u00f9, selon la l\u00e9gende, des moines \u00e9levaient des escargots.<\/p>\n\n\n\n<p class=\"wp-block-paragraph\">\ud83d\udca1 Astuce : si tu veux <strong>\u00e9viter les foules pr\u00e8s du tourniquet<\/strong> et visiter le village au calme, consulte les informations sur le <a href=\"https:\/\/www.boenigen-iseltwald.ch\" target=\"_blank\" rel=\"nofollow noopener\">site touristique<\/a> et planifie ta visite d&rsquo;Iseltwald <strong>t\u00f4t le matin<\/strong>.<\/p>\n\n\n\n<figure data-wp-context=\"{&quot;imageId&quot;:&quot;6a95407e7f977&quot;}\" data-wp-interactive=\"core\/image\" data-wp-key=\"6a95407e7f977\" class=\"wp-block-image size-full wp-lightbox-container\"><img decoding=\"async\" width=\"1800\" height=\"1221\" data-wp-class--hide=\"state.isContentHidden\" data-wp-class--show=\"state.isContentVisible\" data-wp-init=\"callbacks.setButtonStyles\" data-wp-on--click=\"actions.showLightbox\" data-wp-on--load=\"callbacks.setButtonStyles\" data-wp-on--pointerdown=\"actions.preloadImage\" data-wp-on--pointerenter=\"actions.preloadImageWithDelay\" data-wp-on--pointerleave=\"actions.cancelPreload\" data-wp-on-window--resize=\"callbacks.setButtonStyles\" src=\"https:\/\/loudavymkrokem.cz\/wp-content\/uploads\/2026\/08\/articles-bonigen-23.jpg\" alt=\"Le train \u00e0 cr\u00e9maill\u00e8re de la Schynige Platte\" class=\"wp-image-404508\" title=\"\" srcset=\"https:\/\/loudavymkrokem.cz\/wp-content\/uploads\/2026\/08\/articles-bonigen-23.jpg 1800w, https:\/\/loudavymkrokem.cz\/wp-content\/uploads\/2026\/08\/articles-bonigen-23-300x204.jpg 300w, https:\/\/loudavymkrokem.cz\/wp-content\/uploads\/2026\/08\/articles-bonigen-23-700x475.jpg 700w, https:\/\/loudavymkrokem.cz\/wp-content\/uploads\/2026\/08\/articles-bonigen-23-768x521.jpg 768w, https:\/\/loudavymkrokem.cz\/wp-content\/uploads\/2026\/08\/articles-bonigen-23-1536x1042.jpg 1536w, https:\/\/loudavymkrokem.cz\/wp-content\/uploads\/2026\/08\/articles-bonigen-23-696x472.jpg 696w, https:\/\/loudavymkrokem.cz\/wp-content\/uploads\/2026\/08\/articles-bonigen-23-1392x944.jpg 1392w\" sizes=\"(max-width: 1800px) 100vw, 1800px\" \/><button\n\t\t\tclass=\"lightbox-trigger\"\n\t\t\ttype=\"button\"\n\t\t\taria-haspopup=\"dialog\"\n\t\t\tdata-wp-bind--aria-label=\"state.thisImage.triggerButtonAriaLabel\"\n\t\t\tdata-wp-init=\"callbacks.initTriggerButton\"\n\t\t\tdata-wp-on--click=\"actions.showLightbox\"\n\t\t\tdata-wp-style--right=\"state.thisImage.buttonRight\"\n\t\t\tdata-wp-style--top=\"state.thisImage.buttonTop\"\n\t\t>\n\t\t\t<svg xmlns=\"http:\/\/www.w3.org\/2000\/svg\" width=\"12\" height=\"12\" fill=\"none\" viewBox=\"0 0 12 12\">\n\t\t\t\t<path fill=\"#fff\" d=\"M2 0a2 2 0 0 0-2 2v2h1.5V2a.5.5 0 0 1 .5-.5h2V0H2Zm2 10.5H2a.5.5 0 0 1-.5-.5V8H0v2a2 2 0 0 0 2 2h2v-1.5ZM8 12v-1.5h2a.5.5 0 0 0 .5-.5V8H12v2a2 2 0 0 1-2 2H8Zm2-12a2 2 0 0 1 2 2v2h-1.5V2a.5.5 0 0 0-.5-.5H8V0h2Z\" \/>\n\t\t\t<\/svg>\n\t\t<\/button><figcaption class=\"wp-element-caption\">Photo : JoachimKohler-HB \/ Wikimedia Commons, CC BY-SA 4.0<\/figcaption><\/figure>\n\n\n\n<h3 class=\"wp-block-heading\"><span class=\"ez-toc-section\" id=\"23_Schynige_Platte_train_a_cremaillere_et_jardin_alpin\"><\/span>23. Schynige Platte : train \u00e0 cr\u00e9maill\u00e8re et jardin alpin<span class=\"ez-toc-section-end\"><\/span><\/h3>\n\n\n\n<p class=\"wp-block-paragraph\">Pour cette excursion, il suffit de se d\u00e9placer jusqu&rsquo;au proche Wilderswil, d&rsquo;o\u00f9 part le chemin de fer \u00e0 cr\u00e9maill\u00e8re historique vers la <strong>Schynige Platte \u00e0 1 967 m\u00e8tres d&rsquo;altitude<\/strong>. Le trajet dans les vieux wagons en bois dure presque une heure et c&rsquo;est de la pure romance. Le billet aller-retour revient en 2026 \u00e0 <strong>68 CHF pour un adulte<\/strong>, avec un demi-tarif ou le Swiss Travel Pass \u00e0 34 CHF et <strong>avec le Bernese Oberland Pass la course est gratuite<\/strong>. Le train \u00e0 cr\u00e9maill\u00e8re circule du 13 juin au 25 octobre.<\/p>\n\n\n\n<p class=\"wp-block-paragraph\">En haut, tu es accueilli par un \u00e9poustouflant <strong>jardin botanique alpin<\/strong>, o\u00f9 poussent le long d&rsquo;un parcours circulaire soigneusement entretenu environ <strong>800 esp\u00e8ces de plantes de haute montagne<\/strong>, dont de rares edelweiss alpins. Tout est joliment \u00e9tiquet\u00e9 et class\u00e9 selon les biotopes naturels.<\/p>\n\n\n\n<p class=\"wp-block-paragraph\">La meilleure exp\u00e9rience reste cependant la boucle du <strong>Panoramaweg<\/strong>. C&rsquo;est une randonn\u00e9e tranquille d&rsquo;environ 2h30, qui te m\u00e8ne \u00e0 deux fantastiques belv\u00e9d\u00e8res sur les rochers du Daube et de l&rsquo;Oberberghorn. C&rsquo;est un parcours adapt\u00e9 \u00e0 toute la famille, qui ne requiert aucune comp\u00e9tence d&rsquo;alpinisme, mais offre des vues dignes de professionnels.<\/p>\n\n\n\n<p class=\"wp-block-paragraph\">\ud83d\udca1 Astuce : en 2026, \u00e0 certaines dates (g\u00e9n\u00e9ralement de mi-juin \u00e0 octobre) s&rsquo;appliquent <strong>diverses offres sp\u00e9ciales<\/strong>, alors n&rsquo;oublie pas de v\u00e9rifier \u00e0 la caisse lors de l&rsquo;achat si tu n&rsquo;as pas <strong>droit \u00e0 un billet moins cher<\/strong>.<\/p>\n\n\n\n<figure data-wp-context=\"{&quot;imageId&quot;:&quot;6a95407e7fe4c&quot;}\" data-wp-interactive=\"core\/image\" data-wp-key=\"6a95407e7fe4c\" class=\"wp-block-image size-full wp-lightbox-container\"><img decoding=\"async\" width=\"1800\" height=\"1350\" data-wp-class--hide=\"state.isContentHidden\" data-wp-class--show=\"state.isContentVisible\" data-wp-init=\"callbacks.setButtonStyles\" data-wp-on--click=\"actions.showLightbox\" data-wp-on--load=\"callbacks.setButtonStyles\" data-wp-on--pointerdown=\"actions.preloadImage\" data-wp-on--pointerenter=\"actions.preloadImageWithDelay\" data-wp-on--pointerleave=\"actions.cancelPreload\" data-wp-on-window--resize=\"callbacks.setButtonStyles\" src=\"https:\/\/loudavymkrokem.cz\/wp-content\/uploads\/2026\/08\/articles-bonigen-24.jpg\" alt=\"Interlaken avec vue sur la Jungfrau\" class=\"wp-image-404509\" title=\"\" srcset=\"https:\/\/loudavymkrokem.cz\/wp-content\/uploads\/2026\/08\/articles-bonigen-24.jpg 1800w, https:\/\/loudavymkrokem.cz\/wp-content\/uploads\/2026\/08\/articles-bonigen-24-300x225.jpg 300w, https:\/\/loudavymkrokem.cz\/wp-content\/uploads\/2026\/08\/articles-bonigen-24-700x525.jpg 700w, https:\/\/loudavymkrokem.cz\/wp-content\/uploads\/2026\/08\/articles-bonigen-24-768x576.jpg 768w, https:\/\/loudavymkrokem.cz\/wp-content\/uploads\/2026\/08\/articles-bonigen-24-1536x1152.jpg 1536w, https:\/\/loudavymkrokem.cz\/wp-content\/uploads\/2026\/08\/articles-bonigen-24-80x60.jpg 80w, https:\/\/loudavymkrokem.cz\/wp-content\/uploads\/2026\/08\/articles-bonigen-24-160x120.jpg 160w, https:\/\/loudavymkrokem.cz\/wp-content\/uploads\/2026\/08\/articles-bonigen-24-696x522.jpg 696w, https:\/\/loudavymkrokem.cz\/wp-content\/uploads\/2026\/08\/articles-bonigen-24-1392x1044.jpg 1392w\" sizes=\"(max-width: 1800px) 100vw, 1800px\" \/><button\n\t\t\tclass=\"lightbox-trigger\"\n\t\t\ttype=\"button\"\n\t\t\taria-haspopup=\"dialog\"\n\t\t\tdata-wp-bind--aria-label=\"state.thisImage.triggerButtonAriaLabel\"\n\t\t\tdata-wp-init=\"callbacks.initTriggerButton\"\n\t\t\tdata-wp-on--click=\"actions.showLightbox\"\n\t\t\tdata-wp-style--right=\"state.thisImage.buttonRight\"\n\t\t\tdata-wp-style--top=\"state.thisImage.buttonTop\"\n\t\t>\n\t\t\t<svg xmlns=\"http:\/\/www.w3.org\/2000\/svg\" width=\"12\" height=\"12\" fill=\"none\" viewBox=\"0 0 12 12\">\n\t\t\t\t<path fill=\"#fff\" d=\"M2 0a2 2 0 0 0-2 2v2h1.5V2a.5.5 0 0 1 .5-.5h2V0H2Zm2 10.5H2a.5.5 0 0 1-.5-.5V8H0v2a2 2 0 0 0 2 2h2v-1.5ZM8 12v-1.5h2a.5.5 0 0 0 .5-.5V8H12v2a2 2 0 0 1-2 2H8Zm2-12a2 2 0 0 1 2 2v2h-1.5V2a.5.5 0 0 0-.5-.5H8V0h2Z\" \/>\n\t\t\t<\/svg>\n\t\t<\/button><figcaption class=\"wp-element-caption\">Photo : Paebi \/ Wikimedia Commons, CC BY-SA 4.0<\/figcaption><\/figure>\n\n\n\n<h3 class=\"wp-block-heading\"><span class=\"ez-toc-section\" id=\"24_Interlaken_la_base_touristique_voisine\"><\/span>24. Interlaken : la base touristique voisine<span class=\"ez-toc-section-end\"><\/span><\/h3>\n\n\n\n<p class=\"wp-block-paragraph\">Quand le calme de B\u00f6nigen te lasse, il suffit de sauter dans le bus 103 et en moins de 10 minutes tu es au centre d&rsquo;Interlaken. Cette ville est tout le contraire. Elle est <strong>anim\u00e9e, pleine de boutiques de souvenirs, de boutiques de luxe d&rsquo;horlogerie<\/strong> et des dizaines de parapentistes tournent en permanence au-dessus de ta t\u00eate, atterrissant sur la grande pelouse H\u00f6hematte en plein centre.<\/p>\n\n\n\n<p class=\"wp-block-paragraph\">Tu y trouveras les meilleurs supermarch\u00e9s pour faire tes provisions, une foule de restaurants du monde entier et un immense casino. Interlaken fait en outre office de <strong>principal n\u0153ud de transport<\/strong> pour les plus grandes excursions de la r\u00e9gion, y compris le <strong>tr\u00e8s cher train \u00e0 cr\u00e9maill\u00e8re du Jungfraujoch<\/strong> (Top of Europe).<\/p>\n\n\n\n<p class=\"wp-block-paragraph\">C&rsquo;est sympa de parcourir la ville, d&rsquo;acheter du chocolat et de s&rsquo;impr\u00e9gner de cette atmosph\u00e8re internationale, mais tu verras que le soir, tu reviendras avec une immense joie <strong>dans le village tranquille<\/strong> au bord du lac. Interlaken est un excellent serviteur, mais comme base pour loger, c&rsquo;est \u00e0 mon go\u00fbt <strong>un peu trop chaotique<\/strong>.<\/p>\n\n\n\n<p class=\"wp-block-paragraph\">\ud83d\udca1 Astuce : toutes les <strong>informations sur les \u00e9v\u00e9nements actuels<\/strong>, festivals et t\u00e9l\u00e9ph\u00e9riques des environs plus larges sont le mieux pr\u00e9sent\u00e9es sur le portail <a href=\"https:\/\/www.interlaken.swiss\" target=\"_blank\" rel=\"nofollow noopener\">Interlaken<\/a>, que tu ferais bien de <strong>mettre dans tes favoris<\/strong>.<\/p>\n\n\n\n<figure data-wp-context=\"{&quot;imageId&quot;:&quot;6a95407e80347&quot;}\" data-wp-interactive=\"core\/image\" data-wp-key=\"6a95407e80347\" class=\"wp-block-image size-full wp-lightbox-container\"><img decoding=\"async\" width=\"1800\" height=\"1200\" data-wp-class--hide=\"state.isContentHidden\" data-wp-class--show=\"state.isContentVisible\" data-wp-init=\"callbacks.setButtonStyles\" data-wp-on--click=\"actions.showLightbox\" data-wp-on--load=\"callbacks.setButtonStyles\" data-wp-on--pointerdown=\"actions.preloadImage\" data-wp-on--pointerenter=\"actions.preloadImageWithDelay\" data-wp-on--pointerleave=\"actions.cancelPreload\" data-wp-on-window--resize=\"callbacks.setButtonStyles\" src=\"https:\/\/loudavymkrokem.cz\/wp-content\/uploads\/2026\/08\/articles-bonigen-25.jpg\" alt=\"Sortie en famille au lac de Brienz\" class=\"wp-image-404513\" title=\"\" srcset=\"https:\/\/loudavymkrokem.cz\/wp-content\/uploads\/2026\/08\/articles-bonigen-25.jpg 1800w, https:\/\/loudavymkrokem.cz\/wp-content\/uploads\/2026\/08\/articles-bonigen-25-300x200.jpg 300w, https:\/\/loudavymkrokem.cz\/wp-content\/uploads\/2026\/08\/articles-bonigen-25-700x467.jpg 700w, https:\/\/loudavymkrokem.cz\/wp-content\/uploads\/2026\/08\/articles-bonigen-25-768x512.jpg 768w, https:\/\/loudavymkrokem.cz\/wp-content\/uploads\/2026\/08\/articles-bonigen-25-1536x1024.jpg 1536w, https:\/\/loudavymkrokem.cz\/wp-content\/uploads\/2026\/08\/articles-bonigen-25-696x464.jpg 696w, https:\/\/loudavymkrokem.cz\/wp-content\/uploads\/2026\/08\/articles-bonigen-25-1392x928.jpg 1392w\" sizes=\"(max-width: 1800px) 100vw, 1800px\" \/><button\n\t\t\tclass=\"lightbox-trigger\"\n\t\t\ttype=\"button\"\n\t\t\taria-haspopup=\"dialog\"\n\t\t\tdata-wp-bind--aria-label=\"state.thisImage.triggerButtonAriaLabel\"\n\t\t\tdata-wp-init=\"callbacks.initTriggerButton\"\n\t\t\tdata-wp-on--click=\"actions.showLightbox\"\n\t\t\tdata-wp-style--right=\"state.thisImage.buttonRight\"\n\t\t\tdata-wp-style--top=\"state.thisImage.buttonTop\"\n\t\t>\n\t\t\t<svg xmlns=\"http:\/\/www.w3.org\/2000\/svg\" width=\"12\" height=\"12\" fill=\"none\" viewBox=\"0 0 12 12\">\n\t\t\t\t<path fill=\"#fff\" d=\"M2 0a2 2 0 0 0-2 2v2h1.5V2a.5.5 0 0 1 .5-.5h2V0H2Zm2 10.5H2a.5.5 0 0 1-.5-.5V8H0v2a2 2 0 0 0 2 2h2v-1.5ZM8 12v-1.5h2a.5.5 0 0 0 .5-.5V8H12v2a2 2 0 0 1-2 2H8Zm2-12a2 2 0 0 1 2 2v2h-1.5V2a.5.5 0 0 0-.5-.5H8V0h2Z\" \/>\n\t\t\t<\/svg>\n\t\t<\/button><figcaption class=\"wp-element-caption\">Photo : Nicojonesgodel \/ Wikimedia Commons, CC BY-SA 4.0<\/figcaption><\/figure>\n\n\n\n<h2 class=\"wp-block-heading\"><span class=\"ez-toc-section\" id=\"Bonigen_en_famille_que_faire_avec_les_enfants\"><\/span>B\u00f6nigen en famille : que faire avec les enfants<span class=\"ez-toc-section-end\"><\/span><\/h2>\n\n\n\n<p class=\"wp-block-paragraph\">L&rsquo;Oberland bernois peut \u00eatre assez impitoyable pour le portefeuille familial, mais B\u00f6nigen est \u00e9tonnamment accueillant \u00e0 cet \u00e9gard et poss\u00e8de un \u00e9norme avantage. Beaucoup d&rsquo;activit\u00e9s se font directement autour de l&rsquo;eau <strong>sans devoir payer les chers t\u00e9l\u00e9ph\u00e9riques<\/strong>, et le terrain est ici suffisamment plat pour que <strong>m\u00eame les plus petits le ma\u00eetrisent<\/strong> sans r\u00e2ler inutilement.<\/p>\n\n\n\n<p class=\"wp-block-paragraph\">L&rsquo;office de tourisme local sait en outre tr\u00e8s bien que les familles constituent une part importante des visiteurs, tu trouveras donc ici <strong>plein d&rsquo;attractions ing\u00e9nieuses<\/strong> qui gardent les enfants en mouvement sans les lasser. Voici <strong>cinq id\u00e9es \u00e9prouv\u00e9es<\/strong> de ce que faire avec les enfants :<\/p>\n\n\n\n<figure data-wp-context=\"{&quot;imageId&quot;:&quot;6a95407e80818&quot;}\" data-wp-interactive=\"core\/image\" data-wp-key=\"6a95407e80818\" class=\"wp-block-image size-full wp-lightbox-container\"><img decoding=\"async\" width=\"1800\" height=\"1321\" data-wp-class--hide=\"state.isContentHidden\" data-wp-class--show=\"state.isContentVisible\" data-wp-init=\"callbacks.setButtonStyles\" data-wp-on--click=\"actions.showLightbox\" data-wp-on--load=\"callbacks.setButtonStyles\" data-wp-on--pointerdown=\"actions.preloadImage\" data-wp-on--pointerenter=\"actions.preloadImageWithDelay\" data-wp-on--pointerleave=\"actions.cancelPreload\" data-wp-on-window--resize=\"callbacks.setButtonStyles\" src=\"https:\/\/loudavymkrokem.cz\/wp-content\/uploads\/2026\/08\/articles-bonigen-26.jpg\" alt=\"Complexe de baignade au bord du lac avec espace pour enfants\" class=\"wp-image-404514\" title=\"\" srcset=\"https:\/\/loudavymkrokem.cz\/wp-content\/uploads\/2026\/08\/articles-bonigen-26.jpg 1800w, https:\/\/loudavymkrokem.cz\/wp-content\/uploads\/2026\/08\/articles-bonigen-26-300x220.jpg 300w, https:\/\/loudavymkrokem.cz\/wp-content\/uploads\/2026\/08\/articles-bonigen-26-700x514.jpg 700w, https:\/\/loudavymkrokem.cz\/wp-content\/uploads\/2026\/08\/articles-bonigen-26-768x564.jpg 768w, https:\/\/loudavymkrokem.cz\/wp-content\/uploads\/2026\/08\/articles-bonigen-26-1536x1127.jpg 1536w, https:\/\/loudavymkrokem.cz\/wp-content\/uploads\/2026\/08\/articles-bonigen-26-80x60.jpg 80w, https:\/\/loudavymkrokem.cz\/wp-content\/uploads\/2026\/08\/articles-bonigen-26-696x511.jpg 696w, https:\/\/loudavymkrokem.cz\/wp-content\/uploads\/2026\/08\/articles-bonigen-26-1392x1022.jpg 1392w\" sizes=\"(max-width: 1800px) 100vw, 1800px\" \/><button\n\t\t\tclass=\"lightbox-trigger\"\n\t\t\ttype=\"button\"\n\t\t\taria-haspopup=\"dialog\"\n\t\t\tdata-wp-bind--aria-label=\"state.thisImage.triggerButtonAriaLabel\"\n\t\t\tdata-wp-init=\"callbacks.initTriggerButton\"\n\t\t\tdata-wp-on--click=\"actions.showLightbox\"\n\t\t\tdata-wp-style--right=\"state.thisImage.buttonRight\"\n\t\t\tdata-wp-style--top=\"state.thisImage.buttonTop\"\n\t\t>\n\t\t\t<svg xmlns=\"http:\/\/www.w3.org\/2000\/svg\" width=\"12\" height=\"12\" fill=\"none\" viewBox=\"0 0 12 12\">\n\t\t\t\t<path fill=\"#fff\" d=\"M2 0a2 2 0 0 0-2 2v2h1.5V2a.5.5 0 0 1 .5-.5h2V0H2Zm2 10.5H2a.5.5 0 0 1-.5-.5V8H0v2a2 2 0 0 0 2 2h2v-1.5ZM8 12v-1.5h2a.5.5 0 0 0 .5-.5V8H12v2a2 2 0 0 1-2 2H8Zm2-12a2 2 0 0 1 2 2v2h-1.5V2a.5.5 0 0 0-.5-.5H8V0h2Z\" \/>\n\t\t\t<\/svg>\n\t\t<\/button><figcaption class=\"wp-element-caption\">Photo : Patrick Nouhailler \/ Wikimedia Commons, CC BY-SA 3.0<\/figcaption><\/figure>\n\n\n\n<h3 class=\"wp-block-heading\"><span class=\"ez-toc-section\" id=\"La_plage_The_Beach_et_sa_genereuse_aire_de_jeux\"><\/span>La plage The Beach et sa g\u00e9n\u00e9reuse aire de jeux<span class=\"ez-toc-section-end\"><\/span><\/h3>\n\n\n\n<p class=\"wp-block-paragraph\">Quand il fait chaud dehors, c&rsquo;est une valeur s\u00fbre absolue. L&rsquo;<strong>entr\u00e9e \u00e0 4 CHF par enfant<\/strong> (jusqu&rsquo;\u00e0 15 ans) est une somme d\u00e9risoire pour la Suisse. Les enfants peuvent se d\u00e9fouler dans la <strong>piscine chauff\u00e9e \u00e0 la profondeur id\u00e9ale pour jouer<\/strong>, ou dans la pataugeoire s\u00e9curis\u00e9e.<\/p>\n\n\n\n<p class=\"wp-block-paragraph\">Le site comprend une <strong>grande aire de jeux avec attractions aquatiques<\/strong>, o\u00f9 les bambins s&rsquo;aspergent d&rsquo;eau sans probl\u00e8me et construisent des ch\u00e2teaux de sable. Tout l&rsquo;espace est en outre <strong>facilement accessible avec poussette<\/strong>, tu y arrives donc sans souci m\u00eame avec les plus petits vacanciers.<\/p>\n\n\n\n<figure data-wp-context=\"{&quot;imageId&quot;:&quot;6a95407e80c7d&quot;}\" data-wp-interactive=\"core\/image\" data-wp-key=\"6a95407e80c7d\" class=\"wp-block-image size-full wp-lightbox-container\"><img decoding=\"async\" width=\"1800\" height=\"1199\" data-wp-class--hide=\"state.isContentHidden\" data-wp-class--show=\"state.isContentVisible\" data-wp-init=\"callbacks.setButtonStyles\" data-wp-on--click=\"actions.showLightbox\" data-wp-on--load=\"callbacks.setButtonStyles\" data-wp-on--pointerdown=\"actions.preloadImage\" data-wp-on--pointerenter=\"actions.preloadImageWithDelay\" data-wp-on--pointerleave=\"actions.cancelPreload\" data-wp-on-window--resize=\"callbacks.setButtonStyles\" src=\"https:\/\/loudavymkrokem.cz\/wp-content\/uploads\/2026\/08\/articles-bonigen-27.jpg\" alt=\"Les ruelles du village d&#039;Iseltwald\" class=\"wp-image-404516\" title=\"\" srcset=\"https:\/\/loudavymkrokem.cz\/wp-content\/uploads\/2026\/08\/articles-bonigen-27.jpg 1800w, https:\/\/loudavymkrokem.cz\/wp-content\/uploads\/2026\/08\/articles-bonigen-27-300x200.jpg 300w, https:\/\/loudavymkrokem.cz\/wp-content\/uploads\/2026\/08\/articles-bonigen-27-700x466.jpg 700w, https:\/\/loudavymkrokem.cz\/wp-content\/uploads\/2026\/08\/articles-bonigen-27-768x512.jpg 768w, https:\/\/loudavymkrokem.cz\/wp-content\/uploads\/2026\/08\/articles-bonigen-27-1536x1023.jpg 1536w, https:\/\/loudavymkrokem.cz\/wp-content\/uploads\/2026\/08\/articles-bonigen-27-696x464.jpg 696w, https:\/\/loudavymkrokem.cz\/wp-content\/uploads\/2026\/08\/articles-bonigen-27-1392x927.jpg 1392w\" sizes=\"(max-width: 1800px) 100vw, 1800px\" \/><button\n\t\t\tclass=\"lightbox-trigger\"\n\t\t\ttype=\"button\"\n\t\t\taria-haspopup=\"dialog\"\n\t\t\tdata-wp-bind--aria-label=\"state.thisImage.triggerButtonAriaLabel\"\n\t\t\tdata-wp-init=\"callbacks.initTriggerButton\"\n\t\t\tdata-wp-on--click=\"actions.showLightbox\"\n\t\t\tdata-wp-style--right=\"state.thisImage.buttonRight\"\n\t\t\tdata-wp-style--top=\"state.thisImage.buttonTop\"\n\t\t>\n\t\t\t<svg xmlns=\"http:\/\/www.w3.org\/2000\/svg\" width=\"12\" height=\"12\" fill=\"none\" viewBox=\"0 0 12 12\">\n\t\t\t\t<path fill=\"#fff\" d=\"M2 0a2 2 0 0 0-2 2v2h1.5V2a.5.5 0 0 1 .5-.5h2V0H2Zm2 10.5H2a.5.5 0 0 1-.5-.5V8H0v2a2 2 0 0 0 2 2h2v-1.5ZM8 12v-1.5h2a.5.5 0 0 0 .5-.5V8H12v2a2 2 0 0 1-2 2H8Zm2-12a2 2 0 0 1 2 2v2h-1.5V2a.5.5 0 0 0-.5-.5H8V0h2Z\" \/>\n\t\t\t<\/svg>\n\t\t<\/button><figcaption class=\"wp-element-caption\">Photo : Jean-Paul Wettstein \/ Pexels<\/figcaption><\/figure>\n\n\n\n<h3 class=\"wp-block-heading\"><span class=\"ez-toc-section\" id=\"Chasse_au_tresor_et_jeu_de_detective_a_Iseltwald\"><\/span>Chasse au tr\u00e9sor et jeu de d\u00e9tective \u00e0 Iseltwald<span class=\"ez-toc-section-end\"><\/span><\/h3>\n\n\n\n<p class=\"wp-block-paragraph\">Comment forcer les enfants \u00e0 marcher sans se plaindre ? Par le jeu ! Directement \u00e0 B\u00f6nigen, tu peux partir avec les enfants pour la <strong>Schatzsuche B\u00f6nigen (chasse au tr\u00e9sor pour les familles)<\/strong>, une forme ludique de visite du village avec des d\u00e9fis \u00e0 relever. Les \u00e9tapes sont astucieusement con\u00e7ues pour amuser toutes les g\u00e9n\u00e9rations.<\/p>\n\n\n\n<p class=\"wp-block-paragraph\">Dans l&rsquo;Iseltwald voisin fonctionne quant \u00e0 lui le <strong>KrimiSpass Iseltwald<\/strong>, un jeu de d\u00e9tective num\u00e9rique pour smartphones, o\u00f9 les enfants r\u00e9solvent une affaire myst\u00e9rieuse en se promenant dans les environs. Cela dure juste assez longtemps pour retenir leur attention sans que les petites jambes ne fatiguent.<\/p>\n\n\n\n<figure data-wp-context=\"{&quot;imageId&quot;:&quot;6a95407e810ff&quot;}\" data-wp-interactive=\"core\/image\" data-wp-key=\"6a95407e810ff\" class=\"wp-block-image size-full wp-lightbox-container\"><img decoding=\"async\" width=\"1800\" height=\"1073\" data-wp-class--hide=\"state.isContentHidden\" data-wp-class--show=\"state.isContentVisible\" data-wp-init=\"callbacks.setButtonStyles\" data-wp-on--click=\"actions.showLightbox\" data-wp-on--load=\"callbacks.setButtonStyles\" data-wp-on--pointerdown=\"actions.preloadImage\" data-wp-on--pointerenter=\"actions.preloadImageWithDelay\" data-wp-on--pointerleave=\"actions.cancelPreload\" data-wp-on-window--resize=\"callbacks.setButtonStyles\" src=\"https:\/\/loudavymkrokem.cz\/wp-content\/uploads\/2026\/08\/articles-bonigen-28.jpg\" alt=\"Camping au bord d&#039;un lac en montagne\" class=\"wp-image-404519\" title=\"\" srcset=\"https:\/\/loudavymkrokem.cz\/wp-content\/uploads\/2026\/08\/articles-bonigen-28.jpg 1800w, https:\/\/loudavymkrokem.cz\/wp-content\/uploads\/2026\/08\/articles-bonigen-28-300x179.jpg 300w, https:\/\/loudavymkrokem.cz\/wp-content\/uploads\/2026\/08\/articles-bonigen-28-700x417.jpg 700w, https:\/\/loudavymkrokem.cz\/wp-content\/uploads\/2026\/08\/articles-bonigen-28-768x458.jpg 768w, https:\/\/loudavymkrokem.cz\/wp-content\/uploads\/2026\/08\/articles-bonigen-28-1536x916.jpg 1536w, https:\/\/loudavymkrokem.cz\/wp-content\/uploads\/2026\/08\/articles-bonigen-28-696x415.jpg 696w, https:\/\/loudavymkrokem.cz\/wp-content\/uploads\/2026\/08\/articles-bonigen-28-1392x830.jpg 1392w\" sizes=\"(max-width: 1800px) 100vw, 1800px\" \/><button\n\t\t\tclass=\"lightbox-trigger\"\n\t\t\ttype=\"button\"\n\t\t\taria-haspopup=\"dialog\"\n\t\t\tdata-wp-bind--aria-label=\"state.thisImage.triggerButtonAriaLabel\"\n\t\t\tdata-wp-init=\"callbacks.initTriggerButton\"\n\t\t\tdata-wp-on--click=\"actions.showLightbox\"\n\t\t\tdata-wp-style--right=\"state.thisImage.buttonRight\"\n\t\t\tdata-wp-style--top=\"state.thisImage.buttonTop\"\n\t\t>\n\t\t\t<svg xmlns=\"http:\/\/www.w3.org\/2000\/svg\" width=\"12\" height=\"12\" fill=\"none\" viewBox=\"0 0 12 12\">\n\t\t\t\t<path fill=\"#fff\" d=\"M2 0a2 2 0 0 0-2 2v2h1.5V2a.5.5 0 0 1 .5-.5h2V0H2Zm2 10.5H2a.5.5 0 0 1-.5-.5V8H0v2a2 2 0 0 0 2 2h2v-1.5ZM8 12v-1.5h2a.5.5 0 0 0 .5-.5V8H12v2a2 2 0 0 1-2 2H8Zm2-12a2 2 0 0 1 2 2v2h-1.5V2a.5.5 0 0 0-.5-.5H8V0h2Z\" \/>\n\t\t\t<\/svg>\n\t\t<\/button><figcaption class=\"wp-element-caption\">Photo : Syed Qaarif Andrabi \/ Pexels<\/figcaption><\/figure>\n\n\n\n<h3 class=\"wp-block-heading\"><span class=\"ez-toc-section\" id=\"Le_camping_TCS_excellente_situation_mais_avec_une_grosse_reserve\"><\/span>Le camping TCS : excellente situation, mais avec une grosse r\u00e9serve<span class=\"ez-toc-section-end\"><\/span><\/h3>\n\n\n\n<p class=\"wp-block-paragraph\">Le <strong>TCS Camping B\u00f6nigen Brienzersee<\/strong>, au Campingstrasse 14, se trouve directement au bord du lac et \u00e0 deux cents m\u00e8tres de la plage. L&#8217;emplacement est vraiment excellent et c&rsquo;est une chose que personne ne pourra lui enlever. La saison s&rsquo;\u00e9tend <strong>du 2 avril au 18 octobre<\/strong> et en \u00e9t\u00e9 tu paieras environ 72 \u00e0 80 euros la nuit.<\/p>\n\n\n\n<p class=\"wp-block-paragraph\">D\u00e8s le d\u00e9part, je dois cependant rectifier une chose que recopient de nombreux sites fran\u00e7ais et \u00e9trangers : <strong>le camping n&rsquo;a ni piscine avec toboggan ni \u00e9quitation<\/strong>. Il y a seulement une pataugeoire pour enfants, une aire de jeux et un enclos avec lapins et poules. La piscine chauff\u00e9e et les toboggans sont au <strong>complexe de baignade voisin The Beach, o\u00f9 les h\u00f4tes du camping vont gratuitement<\/strong> \u2014 sauf qu&rsquo;il n&rsquo;est ouvert que de mi-mai \u00e0 mi-septembre, donc une partie de la saison du camping il est ferm\u00e9.<\/p>\n\n\n\n<p class=\"wp-block-paragraph\">Et maintenant, le c\u00f4t\u00e9 d\u00e9sagr\u00e9able. Nous \u00e9tions ici <strong>avec notre fils de deux ans, qui \u00e9tait justement en apprentissage du pot<\/strong>, et d\u00e8s le premier jour il a eu un accident. Nous lui avons enlev\u00e9 son pantalon mouill\u00e9 et l&rsquo;avons assis sur l&rsquo;herbe, au cas o\u00f9 il aurait besoin de finir ce qu&rsquo;il avait commenc\u00e9. En un instant, un employ\u00e9 du camping s&rsquo;est plant\u00e9 devant nous et a qualifi\u00e9 \u00e7a de \u00ab disgusting \u00bb, disant qu&rsquo;on ne fait pas pipi sur l&rsquo;herbe quand des toilettes sont disponibles.<\/p>\n\n\n\n<p class=\"wp-block-paragraph\">Cinq minutes plus tard est arriv\u00e9 un deuxi\u00e8me employ\u00e9, disant que le manager l&rsquo;avait signal\u00e9, et nous expliquant \u00e0 nouveau que <strong>chaque enfant sait pourtant utiliser les toilettes<\/strong> et que rien de tel ne s&rsquo;\u00e9tait jamais produit ici. Mais un enfant de deux ans en apprentissage du pot a tout simplement des accidents, et nous \u00e9tions l\u00e0 pour g\u00e9rer \u00e7a sur le champ. Ce n&rsquo;est pas le rappel des r\u00e8gles qui nous a d\u00e9rang\u00e9s, mais ce <strong>ton hostile et humiliant<\/strong>.<\/p>\n\n\n\n<p class=\"wp-block-paragraph\">Le reste du s\u00e9jour, nous nous y sommes sentis ind\u00e9sirables. Au personnel, je mettrais <strong>un sur cinq, \u00e0 l&#8217;emplacement cinq sur cinq<\/strong>. Et nous ne sommes pas les seuls : sur TripAdvisor, le camping ne tient que 3,9 sur 5 et le score du service est le plus bas de toute l&rsquo;\u00e9valuation. En avril 2026, une autre famille a intitul\u00e9 son avis directement \u00ab Familien nicht willkommen \u00bb (les familles pas les bienvenues) apr\u00e8s que le personnel a r\u00e9agi de mani\u00e8re disproportionn\u00e9e \u00e0 des miettes laiss\u00e9es par leurs enfants d&rsquo;un an et de quatre ans.<\/p>\n\n\n\n<p class=\"wp-block-paragraph\">\ud83d\udca1 Astuce : si tu veux camper \u00e0 B\u00f6nigen et que tu as un bambin avec toi, prends en compte le fonctionnement des lieux \u2014 <strong>apr\u00e8s notre propre exp\u00e9rience, je ne recommande pas ce camping aux familles avec de tr\u00e8s jeunes enfants<\/strong>. Envisage plut\u00f4t un appartement avec cuisine, qui de toute fa\u00e7on revient mieux en Suisse que les repas au restaurant. Qui y ira quand m\u00eame devrait demander l&rsquo;<strong>emplacement num\u00e9ro 22<\/strong> \u2014 c&rsquo;est le seul o\u00f9 la haie laisse la vue sur le lac.<\/p>\n\n\n\n<figure data-wp-context=\"{&quot;imageId&quot;:&quot;6a95407e8192b&quot;}\" data-wp-interactive=\"core\/image\" data-wp-key=\"6a95407e8192b\" class=\"wp-block-image size-full wp-lightbox-container\"><img decoding=\"async\" width=\"1800\" height=\"1275\" data-wp-class--hide=\"state.isContentHidden\" data-wp-class--show=\"state.isContentVisible\" data-wp-init=\"callbacks.setButtonStyles\" data-wp-on--click=\"actions.showLightbox\" data-wp-on--load=\"callbacks.setButtonStyles\" data-wp-on--pointerdown=\"actions.preloadImage\" data-wp-on--pointerenter=\"actions.preloadImageWithDelay\" data-wp-on--pointerleave=\"actions.cancelPreload\" data-wp-on-window--resize=\"callbacks.setButtonStyles\" src=\"https:\/\/loudavymkrokem.cz\/wp-content\/uploads\/2026\/08\/articles-bonigen-29.jpg\" alt=\"Jardin alpin sur la Schynige Platte\" class=\"wp-image-404524\" title=\"\" srcset=\"https:\/\/loudavymkrokem.cz\/wp-content\/uploads\/2026\/08\/articles-bonigen-29.jpg 1800w, https:\/\/loudavymkrokem.cz\/wp-content\/uploads\/2026\/08\/articles-bonigen-29-300x213.jpg 300w, https:\/\/loudavymkrokem.cz\/wp-content\/uploads\/2026\/08\/articles-bonigen-29-700x496.jpg 700w, https:\/\/loudavymkrokem.cz\/wp-content\/uploads\/2026\/08\/articles-bonigen-29-768x544.jpg 768w, https:\/\/loudavymkrokem.cz\/wp-content\/uploads\/2026\/08\/articles-bonigen-29-1536x1088.jpg 1536w, https:\/\/loudavymkrokem.cz\/wp-content\/uploads\/2026\/08\/articles-bonigen-29-696x493.jpg 696w, https:\/\/loudavymkrokem.cz\/wp-content\/uploads\/2026\/08\/articles-bonigen-29-1392x986.jpg 1392w\" sizes=\"(max-width: 1800px) 100vw, 1800px\" \/><button\n\t\t\tclass=\"lightbox-trigger\"\n\t\t\ttype=\"button\"\n\t\t\taria-haspopup=\"dialog\"\n\t\t\tdata-wp-bind--aria-label=\"state.thisImage.triggerButtonAriaLabel\"\n\t\t\tdata-wp-init=\"callbacks.initTriggerButton\"\n\t\t\tdata-wp-on--click=\"actions.showLightbox\"\n\t\t\tdata-wp-style--right=\"state.thisImage.buttonRight\"\n\t\t\tdata-wp-style--top=\"state.thisImage.buttonTop\"\n\t\t>\n\t\t\t<svg xmlns=\"http:\/\/www.w3.org\/2000\/svg\" width=\"12\" height=\"12\" fill=\"none\" viewBox=\"0 0 12 12\">\n\t\t\t\t<path fill=\"#fff\" d=\"M2 0a2 2 0 0 0-2 2v2h1.5V2a.5.5 0 0 1 .5-.5h2V0H2Zm2 10.5H2a.5.5 0 0 1-.5-.5V8H0v2a2 2 0 0 0 2 2h2v-1.5ZM8 12v-1.5h2a.5.5 0 0 0 .5-.5V8H12v2a2 2 0 0 1-2 2H8Zm2-12a2 2 0 0 1 2 2v2h-1.5V2a.5.5 0 0 0-.5-.5H8V0h2Z\" \/>\n\t\t\t<\/svg>\n\t\t<\/button><figcaption class=\"wp-element-caption\">Photo : Murray Foubister \/ Wikimedia Commons, CC BY-SA 2.0<\/figcaption><\/figure>\n\n\n\n<h3 class=\"wp-block-heading\"><span class=\"ez-toc-section\" id=\"Lilys_Alpenspielplatz_et_le_Panoramaweg_de_la_Schynige_Platte\"><\/span>Lily&rsquo;s Alpenspielplatz et le Panoramaweg de la Schynige Platte<span class=\"ez-toc-section-end\"><\/span><\/h3>\n\n\n\n<p class=\"wp-block-paragraph\">Quand tu prendras le train \u00e0 cr\u00e9maill\u00e8re pour la Schynige Platte, les enfants seront enchant\u00e9s par l&rsquo;aire de jeux alpine locale Lily&rsquo;s Alpenspielplatz. Ils y trouveront un <strong>parcours d&rsquo;\u00e9quilibre aventureux, un immense toboggan et une structure en forme de nid d&rsquo;aigle<\/strong> avec vue sur les majestueuses montagnes enneig\u00e9es.<\/p>\n\n\n\n<p class=\"wp-block-paragraph\">La randonn\u00e9e qui suit sur la boucle du Panoramaweg <strong>prend environ 2h30<\/strong> et le terrain est si accueillant que m\u00eame des enfants d&rsquo;\u00e2ge pr\u00e9scolaire le ma\u00eetrisent <strong>avec un peu d&rsquo;aide<\/strong>. Le chemin est large, s\u00fbr et rempli de bancs o\u00f9 l&rsquo;on peut s&rsquo;arr\u00eater \u00e0 tout moment pour un en-cas.<\/p>\n\n\n\n<figure data-wp-context=\"{&quot;imageId&quot;:&quot;6a95407e81fb0&quot;}\" data-wp-interactive=\"core\/image\" data-wp-key=\"6a95407e81fb0\" class=\"wp-block-image size-full wp-lightbox-container\"><img decoding=\"async\" width=\"1800\" height=\"1800\" data-wp-class--hide=\"state.isContentHidden\" data-wp-class--show=\"state.isContentVisible\" data-wp-init=\"callbacks.setButtonStyles\" data-wp-on--click=\"actions.showLightbox\" data-wp-on--load=\"callbacks.setButtonStyles\" data-wp-on--pointerdown=\"actions.preloadImage\" data-wp-on--pointerenter=\"actions.preloadImageWithDelay\" data-wp-on--pointerleave=\"actions.cancelPreload\" data-wp-on-window--resize=\"callbacks.setButtonStyles\" src=\"https:\/\/loudavymkrokem.cz\/wp-content\/uploads\/2026\/08\/articles-bonigen-30.jpg\" alt=\"Bateau BLS sur le lac de Brienz\" class=\"wp-image-404528\" title=\"\" srcset=\"https:\/\/loudavymkrokem.cz\/wp-content\/uploads\/2026\/08\/articles-bonigen-30.jpg 1800w, https:\/\/loudavymkrokem.cz\/wp-content\/uploads\/2026\/08\/articles-bonigen-30-300x300.jpg 300w, https:\/\/loudavymkrokem.cz\/wp-content\/uploads\/2026\/08\/articles-bonigen-30-700x700.jpg 700w, https:\/\/loudavymkrokem.cz\/wp-content\/uploads\/2026\/08\/articles-bonigen-30-150x150.jpg 150w, https:\/\/loudavymkrokem.cz\/wp-content\/uploads\/2026\/08\/articles-bonigen-30-768x768.jpg 768w, https:\/\/loudavymkrokem.cz\/wp-content\/uploads\/2026\/08\/articles-bonigen-30-1536x1536.jpg 1536w, https:\/\/loudavymkrokem.cz\/wp-content\/uploads\/2026\/08\/articles-bonigen-30-696x696.jpg 696w, https:\/\/loudavymkrokem.cz\/wp-content\/uploads\/2026\/08\/articles-bonigen-30-1392x1392.jpg 1392w\" sizes=\"(max-width: 1800px) 100vw, 1800px\" \/><button\n\t\t\tclass=\"lightbox-trigger\"\n\t\t\ttype=\"button\"\n\t\t\taria-haspopup=\"dialog\"\n\t\t\tdata-wp-bind--aria-label=\"state.thisImage.triggerButtonAriaLabel\"\n\t\t\tdata-wp-init=\"callbacks.initTriggerButton\"\n\t\t\tdata-wp-on--click=\"actions.showLightbox\"\n\t\t\tdata-wp-style--right=\"state.thisImage.buttonRight\"\n\t\t\tdata-wp-style--top=\"state.thisImage.buttonTop\"\n\t\t>\n\t\t\t<svg xmlns=\"http:\/\/www.w3.org\/2000\/svg\" width=\"12\" height=\"12\" fill=\"none\" viewBox=\"0 0 12 12\">\n\t\t\t\t<path fill=\"#fff\" d=\"M2 0a2 2 0 0 0-2 2v2h1.5V2a.5.5 0 0 1 .5-.5h2V0H2Zm2 10.5H2a.5.5 0 0 1-.5-.5V8H0v2a2 2 0 0 0 2 2h2v-1.5ZM8 12v-1.5h2a.5.5 0 0 0 .5-.5V8H12v2a2 2 0 0 1-2 2H8Zm2-12a2 2 0 0 1 2 2v2h-1.5V2a.5.5 0 0 0-.5-.5H8V0h2Z\" \/>\n\t\t\t<\/svg>\n\t\t<\/button><figcaption class=\"wp-element-caption\">Photo : JoachimKohler-HB \/ Wikimedia Commons, CC BY-SA 4.0<\/figcaption><\/figure>\n\n\n\n<h3 class=\"wp-block-heading\"><span class=\"ez-toc-section\" id=\"Le_bateau_et_la_promenade_sans_obstacle_avec_poussette\"><\/span>Le bateau et la promenade sans obstacle avec poussette<span class=\"ez-toc-section-end\"><\/span><\/h3>\n\n\n\n<p class=\"wp-block-paragraph\">Le trajet en bateau \u00e0 aubes historique est en soi une \u00e9norme exp\u00e9rience pour les enfants (et souviens-toi que <strong>les enfants de moins de 6 ans voyagent enti\u00e8rement gratuitement sur les bateaux BLS<\/strong>, les plus grands jusqu&rsquo;\u00e0 15 ans ont un demi-tarif). \u00c0 bord, ils peuvent observer l&rsquo;immense roue \u00e0 aubes en mouvement, ce qui les occupe sans faute une bonne demi-heure.<\/p>\n\n\n\n<p class=\"wp-block-paragraph\">Avec une poussette, tu peux en outre partir sur le <strong>Seepromenadeweg<\/strong>, une belle balade large et enti\u00e8rement sans obstacle le long du lac et de la rivi\u00e8re Aar en direction d&rsquo;Interlaken. Nulle part en chemin tu ne rencontres de f\u00e2cheuses marches et le rev\u00eatement est joliment lisse.<\/p>\n\n\n\n<figure data-wp-context=\"{&quot;imageId&quot;:&quot;6a95407e82424&quot;}\" data-wp-interactive=\"core\/image\" data-wp-key=\"6a95407e82424\" class=\"wp-block-image size-full wp-lightbox-container\"><img decoding=\"async\" width=\"1800\" height=\"1200\" data-wp-class--hide=\"state.isContentHidden\" data-wp-class--show=\"state.isContentVisible\" data-wp-init=\"callbacks.setButtonStyles\" data-wp-on--click=\"actions.showLightbox\" data-wp-on--load=\"callbacks.setButtonStyles\" data-wp-on--pointerdown=\"actions.preloadImage\" data-wp-on--pointerenter=\"actions.preloadImageWithDelay\" data-wp-on--pointerleave=\"actions.cancelPreload\" data-wp-on-window--resize=\"callbacks.setButtonStyles\" src=\"https:\/\/loudavymkrokem.cz\/wp-content\/uploads\/2026\/08\/articles-bonigen-31.jpg\" alt=\"Le village de B\u00f6nigen et ses restaurants\" class=\"wp-image-404530\" title=\"\" srcset=\"https:\/\/loudavymkrokem.cz\/wp-content\/uploads\/2026\/08\/articles-bonigen-31.jpg 1800w, https:\/\/loudavymkrokem.cz\/wp-content\/uploads\/2026\/08\/articles-bonigen-31-300x200.jpg 300w, https:\/\/loudavymkrokem.cz\/wp-content\/uploads\/2026\/08\/articles-bonigen-31-700x467.jpg 700w, https:\/\/loudavymkrokem.cz\/wp-content\/uploads\/2026\/08\/articles-bonigen-31-768x512.jpg 768w, https:\/\/loudavymkrokem.cz\/wp-content\/uploads\/2026\/08\/articles-bonigen-31-1536x1024.jpg 1536w, https:\/\/loudavymkrokem.cz\/wp-content\/uploads\/2026\/08\/articles-bonigen-31-696x464.jpg 696w, https:\/\/loudavymkrokem.cz\/wp-content\/uploads\/2026\/08\/articles-bonigen-31-1392x928.jpg 1392w\" sizes=\"(max-width: 1800px) 100vw, 1800px\" \/><button\n\t\t\tclass=\"lightbox-trigger\"\n\t\t\ttype=\"button\"\n\t\t\taria-haspopup=\"dialog\"\n\t\t\tdata-wp-bind--aria-label=\"state.thisImage.triggerButtonAriaLabel\"\n\t\t\tdata-wp-init=\"callbacks.initTriggerButton\"\n\t\t\tdata-wp-on--click=\"actions.showLightbox\"\n\t\t\tdata-wp-style--right=\"state.thisImage.buttonRight\"\n\t\t\tdata-wp-style--top=\"state.thisImage.buttonTop\"\n\t\t>\n\t\t\t<svg xmlns=\"http:\/\/www.w3.org\/2000\/svg\" width=\"12\" height=\"12\" fill=\"none\" viewBox=\"0 0 12 12\">\n\t\t\t\t<path fill=\"#fff\" d=\"M2 0a2 2 0 0 0-2 2v2h1.5V2a.5.5 0 0 1 .5-.5h2V0H2Zm2 10.5H2a.5.5 0 0 1-.5-.5V8H0v2a2 2 0 0 0 2 2h2v-1.5ZM8 12v-1.5h2a.5.5 0 0 0 .5-.5V8H12v2a2 2 0 0 1-2 2H8Zm2-12a2 2 0 0 1 2 2v2h-1.5V2a.5.5 0 0 0-.5-.5H8V0h2Z\" \/>\n\t\t\t<\/svg>\n\t\t<\/button><figcaption class=\"wp-element-caption\">Photo : Freek Wolsink \/ Pexels<\/figcaption><\/figure>\n\n\n\n<h2 class=\"wp-block-heading\"><span class=\"ez-toc-section\" id=\"Ou_manger_a_Bonigen\"><\/span>O\u00f9 manger \u00e0 B\u00f6nigen<span class=\"ez-toc-section-end\"><\/span><\/h2>\n\n\n\n<p class=\"wp-block-paragraph\">La sc\u00e8ne gastronomique du village lui-m\u00eame est plut\u00f4t intimiste, ce n&rsquo;est apr\u00e8s tout pas une grande ville. La plupart des gens vont chercher un grand choix de cuisines en bus dans le proche Interlaken, mais m\u00eame directement au bord du lac tu trouveras quelques \u00e9tablissements tr\u00e8s agr\u00e9ables o\u00f9 te reposer apr\u00e8s une randonn\u00e9e. Les restaurants locaux servent souvent du <strong>poisson frais du lac de Brienz<\/strong>, une <strong>sp\u00e9cialit\u00e9 locale r\u00e9put\u00e9e<\/strong> pour laquelle affluent les voyageurs de toute la r\u00e9gion.<\/p>\n\n\n\n<p class=\"wp-block-paragraph\">Si tu cherches une valeur s\u00fbre apr\u00e8s une journ\u00e9e intense, voici des \u00e9tablissements avec d&rsquo;excellentes notes :<\/p>\n\n\n\n<figure data-wp-context=\"{&quot;imageId&quot;:&quot;6a95407e82875&quot;}\" data-wp-interactive=\"core\/image\" data-wp-key=\"6a95407e82875\" class=\"wp-block-image size-full wp-lightbox-container\"><img decoding=\"async\" width=\"1800\" height=\"1200\" data-wp-class--hide=\"state.isContentHidden\" data-wp-class--show=\"state.isContentVisible\" data-wp-init=\"callbacks.setButtonStyles\" data-wp-on--click=\"actions.showLightbox\" data-wp-on--load=\"callbacks.setButtonStyles\" data-wp-on--pointerdown=\"actions.preloadImage\" data-wp-on--pointerenter=\"actions.preloadImageWithDelay\" data-wp-on--pointerleave=\"actions.cancelPreload\" data-wp-on-window--resize=\"callbacks.setButtonStyles\" src=\"https:\/\/loudavymkrokem.cz\/wp-content\/uploads\/2026\/08\/articles-bonigen-32.jpg\" alt=\"Pizza dans un restaurant au bord du lac\" class=\"wp-image-404535\" title=\"\" srcset=\"https:\/\/loudavymkrokem.cz\/wp-content\/uploads\/2026\/08\/articles-bonigen-32.jpg 1800w, https:\/\/loudavymkrokem.cz\/wp-content\/uploads\/2026\/08\/articles-bonigen-32-300x200.jpg 300w, https:\/\/loudavymkrokem.cz\/wp-content\/uploads\/2026\/08\/articles-bonigen-32-700x467.jpg 700w, https:\/\/loudavymkrokem.cz\/wp-content\/uploads\/2026\/08\/articles-bonigen-32-768x512.jpg 768w, https:\/\/loudavymkrokem.cz\/wp-content\/uploads\/2026\/08\/articles-bonigen-32-1536x1024.jpg 1536w, https:\/\/loudavymkrokem.cz\/wp-content\/uploads\/2026\/08\/articles-bonigen-32-696x464.jpg 696w, https:\/\/loudavymkrokem.cz\/wp-content\/uploads\/2026\/08\/articles-bonigen-32-1392x928.jpg 1392w\" sizes=\"(max-width: 1800px) 100vw, 1800px\" \/><button\n\t\t\tclass=\"lightbox-trigger\"\n\t\t\ttype=\"button\"\n\t\t\taria-haspopup=\"dialog\"\n\t\t\tdata-wp-bind--aria-label=\"state.thisImage.triggerButtonAriaLabel\"\n\t\t\tdata-wp-init=\"callbacks.initTriggerButton\"\n\t\t\tdata-wp-on--click=\"actions.showLightbox\"\n\t\t\tdata-wp-style--right=\"state.thisImage.buttonRight\"\n\t\t\tdata-wp-style--top=\"state.thisImage.buttonTop\"\n\t\t>\n\t\t\t<svg xmlns=\"http:\/\/www.w3.org\/2000\/svg\" width=\"12\" height=\"12\" fill=\"none\" viewBox=\"0 0 12 12\">\n\t\t\t\t<path fill=\"#fff\" d=\"M2 0a2 2 0 0 0-2 2v2h1.5V2a.5.5 0 0 1 .5-.5h2V0H2Zm2 10.5H2a.5.5 0 0 1-.5-.5V8H0v2a2 2 0 0 0 2 2h2v-1.5ZM8 12v-1.5h2a.5.5 0 0 0 .5-.5V8H12v2a2 2 0 0 1-2 2H8Zm2-12a2 2 0 0 1 2 2v2h-1.5V2a.5.5 0 0 0-.5-.5H8V0h2Z\" \/>\n\t\t\t<\/svg>\n\t\t<\/button><figcaption class=\"wp-element-caption\">Photo : Cup of Couple \/ Pexels<\/figcaption><\/figure>\n\n\n\n<h3 class=\"wp-block-heading\"><span class=\"ez-toc-section\" id=\"Pizzeria_La_Boheme\"><\/span>Pizzeria La Boh\u00e8me<span class=\"ez-toc-section-end\"><\/span><\/h3>\n\n\n\n<p class=\"wp-block-paragraph\">Tu la trouveras directement dans le b\u00e2timent de l&rsquo;Hotel Seiler au Lac sur le quai (Am Quai 3). Sur Google, elle tient une note tr\u00e8s solide de 4,4 et c&rsquo;est un <strong>choix absolument s\u00fbr et nourrissant, si justement tu ne veux pas exp\u00e9rimenter longuement<\/strong> avec la carte apr\u00e8s une journ\u00e9e intense.<\/p>\n\n\n\n<p class=\"wp-block-paragraph\">Ne rate surtout pas leur <strong>excellente pizza Margherita<\/strong> avec du fromage en suppl\u00e9ment ou leurs d\u00e9licieuses p\u00e2tes. On est assis <strong>joliment pr\u00e8s de l&rsquo;eau<\/strong>, l&rsquo;ambiance est agr\u00e9ablement d\u00e9tendue et le personnel est tout \u00e0 fait habitu\u00e9 aux touristes en sueur en grosses chaussures de randonn\u00e9e.<\/p>\n\n\n\n<figure data-wp-context=\"{&quot;imageId&quot;:&quot;6a95407e82d47&quot;}\" data-wp-interactive=\"core\/image\" data-wp-key=\"6a95407e82d47\" class=\"wp-block-image size-full wp-lightbox-container\"><img decoding=\"async\" width=\"1800\" height=\"1200\" data-wp-class--hide=\"state.isContentHidden\" data-wp-class--show=\"state.isContentVisible\" data-wp-init=\"callbacks.setButtonStyles\" data-wp-on--click=\"actions.showLightbox\" data-wp-on--load=\"callbacks.setButtonStyles\" data-wp-on--pointerdown=\"actions.preloadImage\" data-wp-on--pointerenter=\"actions.preloadImageWithDelay\" data-wp-on--pointerleave=\"actions.cancelPreload\" data-wp-on-window--resize=\"callbacks.setButtonStyles\" src=\"https:\/\/loudavymkrokem.cz\/wp-content\/uploads\/2026\/08\/articles-bonigen-33.jpg\" alt=\"Glace apr\u00e8s la randonn\u00e9e au bord du lac\" class=\"wp-image-404537\" title=\"\" srcset=\"https:\/\/loudavymkrokem.cz\/wp-content\/uploads\/2026\/08\/articles-bonigen-33.jpg 1800w, https:\/\/loudavymkrokem.cz\/wp-content\/uploads\/2026\/08\/articles-bonigen-33-300x200.jpg 300w, https:\/\/loudavymkrokem.cz\/wp-content\/uploads\/2026\/08\/articles-bonigen-33-700x467.jpg 700w, https:\/\/loudavymkrokem.cz\/wp-content\/uploads\/2026\/08\/articles-bonigen-33-768x512.jpg 768w, https:\/\/loudavymkrokem.cz\/wp-content\/uploads\/2026\/08\/articles-bonigen-33-1536x1024.jpg 1536w, https:\/\/loudavymkrokem.cz\/wp-content\/uploads\/2026\/08\/articles-bonigen-33-696x464.jpg 696w, https:\/\/loudavymkrokem.cz\/wp-content\/uploads\/2026\/08\/articles-bonigen-33-1392x928.jpg 1392w\" sizes=\"(max-width: 1800px) 100vw, 1800px\" \/><button\n\t\t\tclass=\"lightbox-trigger\"\n\t\t\ttype=\"button\"\n\t\t\taria-haspopup=\"dialog\"\n\t\t\tdata-wp-bind--aria-label=\"state.thisImage.triggerButtonAriaLabel\"\n\t\t\tdata-wp-init=\"callbacks.initTriggerButton\"\n\t\t\tdata-wp-on--click=\"actions.showLightbox\"\n\t\t\tdata-wp-style--right=\"state.thisImage.buttonRight\"\n\t\t\tdata-wp-style--top=\"state.thisImage.buttonTop\"\n\t\t>\n\t\t\t<svg xmlns=\"http:\/\/www.w3.org\/2000\/svg\" width=\"12\" height=\"12\" fill=\"none\" viewBox=\"0 0 12 12\">\n\t\t\t\t<path fill=\"#fff\" d=\"M2 0a2 2 0 0 0-2 2v2h1.5V2a.5.5 0 0 1 .5-.5h2V0H2Zm2 10.5H2a.5.5 0 0 1-.5-.5V8H0v2a2 2 0 0 0 2 2h2v-1.5ZM8 12v-1.5h2a.5.5 0 0 0 .5-.5V8H12v2a2 2 0 0 1-2 2H8Zm2-12a2 2 0 0 1 2 2v2h-1.5V2a.5.5 0 0 0-.5-.5H8V0h2Z\" \/>\n\t\t\t<\/svg>\n\t\t<\/button><figcaption class=\"wp-element-caption\">Photo : Maria Orlova \/ Pexels<\/figcaption><\/figure>\n\n\n\n<h3 class=\"wp-block-heading\"><span class=\"ez-toc-section\" id=\"Sweet_Ride\"><\/span>Sweet Ride<span class=\"ez-toc-section-end\"><\/span><\/h3>\n\n\n\n<p class=\"wp-block-paragraph\">C&rsquo;est l&rsquo;<strong>\u00e9tablissement le mieux not\u00e9 de toute la commune<\/strong> (score de 4,9 sur pr\u00e8s de deux cents avis). Il s&rsquo;agit d&rsquo;un petit caf\u00e9-glacier extr\u00eamement sympathique au bord de l&rsquo;eau, o\u00f9 tu dois tout simplement aller chercher une douce r\u00e9compense de l&rsquo;apr\u00e8s-midi pour les kilom\u00e8tres parcourus.<\/p>\n\n\n\n<p class=\"wp-block-paragraph\">Go\u00fbte leur caf\u00e9 de sp\u00e9cialit\u00e9 et surtout leur <strong>fantastique glace artisanale<\/strong>, que les touristes locaux comme \u00e9trangers adorent. C&rsquo;est exactement l&rsquo;endroit o\u00f9 tu veux t&rsquo;asseoir tranquillement apr\u00e8s une excursion d&rsquo;une journ\u00e9e au soleil et simplement <strong>contempler la surface du lac<\/strong>.<\/p>\n\n\n\n<figure data-wp-context=\"{&quot;imageId&quot;:&quot;6a95407e833c7&quot;}\" data-wp-interactive=\"core\/image\" data-wp-key=\"6a95407e833c7\" class=\"wp-block-image size-full wp-lightbox-container\"><img decoding=\"async\" width=\"1800\" height=\"1185\" data-wp-class--hide=\"state.isContentHidden\" data-wp-class--show=\"state.isContentVisible\" data-wp-init=\"callbacks.setButtonStyles\" data-wp-on--click=\"actions.showLightbox\" data-wp-on--load=\"callbacks.setButtonStyles\" data-wp-on--pointerdown=\"actions.preloadImage\" data-wp-on--pointerenter=\"actions.preloadImageWithDelay\" data-wp-on--pointerleave=\"actions.cancelPreload\" data-wp-on-window--resize=\"callbacks.setButtonStyles\" src=\"https:\/\/loudavymkrokem.cz\/wp-content\/uploads\/2026\/08\/articles-bonigen-34.jpg\" alt=\"Restaurant suisse chaleureux\" class=\"wp-image-404541\" title=\"\" srcset=\"https:\/\/loudavymkrokem.cz\/wp-content\/uploads\/2026\/08\/articles-bonigen-34.jpg 1800w, https:\/\/loudavymkrokem.cz\/wp-content\/uploads\/2026\/08\/articles-bonigen-34-300x198.jpg 300w, https:\/\/loudavymkrokem.cz\/wp-content\/uploads\/2026\/08\/articles-bonigen-34-700x461.jpg 700w, https:\/\/loudavymkrokem.cz\/wp-content\/uploads\/2026\/08\/articles-bonigen-34-768x506.jpg 768w, https:\/\/loudavymkrokem.cz\/wp-content\/uploads\/2026\/08\/articles-bonigen-34-1536x1011.jpg 1536w, https:\/\/loudavymkrokem.cz\/wp-content\/uploads\/2026\/08\/articles-bonigen-34-696x458.jpg 696w, https:\/\/loudavymkrokem.cz\/wp-content\/uploads\/2026\/08\/articles-bonigen-34-1392x916.jpg 1392w\" sizes=\"(max-width: 1800px) 100vw, 1800px\" \/><button\n\t\t\tclass=\"lightbox-trigger\"\n\t\t\ttype=\"button\"\n\t\t\taria-haspopup=\"dialog\"\n\t\t\tdata-wp-bind--aria-label=\"state.thisImage.triggerButtonAriaLabel\"\n\t\t\tdata-wp-init=\"callbacks.initTriggerButton\"\n\t\t\tdata-wp-on--click=\"actions.showLightbox\"\n\t\t\tdata-wp-style--right=\"state.thisImage.buttonRight\"\n\t\t\tdata-wp-style--top=\"state.thisImage.buttonTop\"\n\t\t>\n\t\t\t<svg xmlns=\"http:\/\/www.w3.org\/2000\/svg\" width=\"12\" height=\"12\" fill=\"none\" viewBox=\"0 0 12 12\">\n\t\t\t\t<path fill=\"#fff\" d=\"M2 0a2 2 0 0 0-2 2v2h1.5V2a.5.5 0 0 1 .5-.5h2V0H2Zm2 10.5H2a.5.5 0 0 1-.5-.5V8H0v2a2 2 0 0 0 2 2h2v-1.5ZM8 12v-1.5h2a.5.5 0 0 0 .5-.5V8H12v2a2 2 0 0 1-2 2H8Zm2-12a2 2 0 0 1 2 2v2h-1.5V2a.5.5 0 0 0-.5-.5H8V0h2Z\" \/>\n\t\t\t<\/svg>\n\t\t<\/button><figcaption class=\"wp-element-caption\">Photo : Lucia Barreiros Silva \/ Pexels<\/figcaption><\/figure>\n\n\n\n<h3 class=\"wp-block-heading\"><span class=\"ez-toc-section\" id=\"Restaurant_Baren_Bonigen\"><\/span>Restaurant B\u00e4ren B\u00f6nigen<span class=\"ez-toc-section-end\"><\/span><\/h3>\n\n\n\n<p class=\"wp-block-paragraph\">Cet \u00e9tablissement suisse traditionnel de la rue principale Hauptstrasse t&rsquo;enchantera par son atmosph\u00e8re locale authentique et son architecture typique. Dans les avis, les h\u00f4tes mentionnent souvent que ce sont directement leurs logeurs qui les y ont envoy\u00e9s comme <strong>tuyau d&rsquo;initi\u00e9 pour une nourriture garantie bonne<\/strong>.<\/p>\n\n\n\n<p class=\"wp-block-paragraph\">Le personnel y est tr\u00e8s amical et attentionn\u00e9, la <strong>gamme de prix moyenne<\/strong> et \u00e0 la carte figurent plein de <strong>classiques suisses authentiques<\/strong>, comme les sp\u00e9cialit\u00e9s au fromage et de copieuses soupes maison. Un choix id\u00e9al pour se r\u00e9chauffer quand il tombe une averse.<\/p>\n\n\n\n<h2 class=\"wp-block-heading\"><span class=\"ez-toc-section\" id=\"Ou_aller_ensuite_depuis_Bonigen\"><\/span>O\u00f9 aller ensuite depuis B\u00f6nigen<span class=\"ez-toc-section-end\"><\/span><\/h2>\n\n\n\n<p class=\"wp-block-paragraph\">La Suisse est un immense terrain de jeu et depuis l&rsquo;Oberland bernois, tu es <strong>proche d&rsquo;autres destinations fantastiques<\/strong>. Si tu as encore quelques jours de libre dans ton itin\u00e9raire, jette absolument un \u0153il \u00e0 ces <strong>autres guides \u00e0 moi<\/strong> :<\/p>\n\n\n\n<ul class=\"wp-block-list\">\n<li><a href=\"https:\/\/loudavymkrokem.cz\/fr\/interlaken-suisse-que-faire\/\">Interlaken et le Jungfraujoch<\/a> : guide d\u00e9taill\u00e9 de la voisine anim\u00e9e et de l&rsquo;excursion sur le toit de l&rsquo;Europe.<\/li>\n\n\n\n<li><a href=\"https:\/\/loudavymkrokem.cz\/fr\/grindelwald-suisse-choses-voir\/\">Grindelwald<\/a> : le village glaciaire blotti sous la face nord de l&rsquo;Eiger, o\u00f9 tu arrives en train en un rien de temps.<\/li>\n\n\n\n<li><a href=\"https:\/\/loudavymkrokem.cz\/fr\/lauterbrunnen-suisse-vallee-cascades\/\">Lauterbrunnen<\/a> : la vall\u00e9e aux 72 cascades, qui aurait inspir\u00e9 Tolkien pour l&rsquo;\u00e9criture du Seigneur des Anneaux.<\/li>\n\n\n\n<li><a href=\"https:\/\/loudavymkrokem.cz\/fr\/vacances-suisse-lieux-voir\/\">Vacances en Suisse<\/a> : un immense article r\u00e9capitulatif rempli de conseils pratiques pour voyager \u00e0 travers tout le pays.<\/li>\n<\/ul>\n\n\n\n<h2 class=\"wp-block-heading\"><span class=\"ez-toc-section\" id=\"Questions_frequentes\"><\/span>Questions fr\u00e9quentes<span class=\"ez-toc-section-end\"><\/span><\/h2>\n\n\n<div id=\"rank-math-faq\" class=\"rank-math-block\">\n<div class=\"rank-math-list \">\n<div id=\"faq-question-1787934924000\" class=\"rank-math-list-item\">\n<h3 class=\"rank-math-question \"><span class=\"ez-toc-section\" id=\"Est-ce_que_ca_vaut_le_coup_de_loger_a_Bonigen_plutot_qua_Interlaken\"><\/span>Est-ce que \u00e7a vaut le coup de loger \u00e0 B\u00f6nigen plut\u00f4t qu&rsquo;\u00e0 Interlaken ?<span class=\"ez-toc-section-end\"><\/span><\/h3>\n<div class=\"rank-math-answer \">\n\n<p>Absolument. <strong>B\u00f6nigen offre beaucoup plus de tranquillit\u00e9<\/strong>, l&rsquo;atmosph\u00e8re authentique d&rsquo;un village traditionnel et les h\u00e9bergements y sont nettement moins chers que dans le centre anim\u00e9 d&rsquo;Interlaken. Et gr\u00e2ce \u00e0 la Guest Card, tu peux te rendre en ville gratuitement, le trajet ne dure que 9 minutes.<\/p>\n\n<\/div>\n<\/div>\n<div id=\"faq-question-1787934924001\" class=\"rank-math-list-item\">\n<h3 class=\"rank-math-question \"><span class=\"ez-toc-section\" id=\"Comment_y_aller_depuis_Interlaken\"><\/span>Comment y aller depuis Interlaken ?<span class=\"ez-toc-section-end\"><\/span><\/h3>\n<div class=\"rank-math-answer \">\n\n<p>Le plus simple est de prendre la <strong>ligne de bus 103<\/strong> juste devant la gare d&rsquo;Interlaken Ost. Elle circule toutes les demi-heures. Autre belle option : arriver en bateau \u00e0 vapeur historique sur le lac (environ 10 minutes de travers\u00e9e), ou faire une balade facile de 40 minutes \u00e0 pied le long de la rive.<\/p>\n\n<\/div>\n<\/div>\n<div id=\"faq-question-1787934924002\" class=\"rank-math-list-item\">\n<h3 class=\"rank-math-question \"><span class=\"ez-toc-section\" id=\"Est-ce_quon_peut_se_baigner_dans_le_lac_de_Brienz\"><\/span>Est-ce qu&rsquo;on peut se baigner dans le lac de Brienz ?<span class=\"ez-toc-section-end\"><\/span><\/h3>\n<div class=\"rank-math-answer \">\n\n<p>Oui, mais c&rsquo;est plut\u00f4t <strong>pour les natures endurcies<\/strong>. Le lac est d&rsquo;origine glaciaire, donc m\u00eame au plus chaud du mois d&rsquo;ao\u00fbt, l&rsquo;eau n&rsquo;atteint g\u00e9n\u00e9ralement que 18 \u00e0 22 \u00b0C. Si l&rsquo;eau froide te d\u00e9range, heureusement la piscine locale The Beach propose un magnifique bassin chauff\u00e9.<\/p>\n\n<\/div>\n<\/div>\n<div id=\"faq-question-1787934924003\" class=\"rank-math-list-item\">\n<h3 class=\"rank-math-question \"><span class=\"ez-toc-section\" id=\"Combien_de_jours_faut-il_pour_la_visite\"><\/span>Combien de jours faut-il pour la visite ?<span class=\"ez-toc-section-end\"><\/span><\/h3>\n<div class=\"rank-math-answer \">\n\n<p>Tu peux visiter le village lui-m\u00eame en un apr\u00e8s-midi, mais <strong>comme base pour des excursions, 3 \u00e0 5 jours sont id\u00e9aux<\/strong>. Tu auras le temps de monter au Harder Kulm, de parcourir le Chemin des Trois Cascades jusqu&rsquo;\u00e0 Giessbach, de louer un kayak et de prendre le train \u00e0 cr\u00e9maill\u00e8re pour la Schynige Platte.<\/p>\n\n<\/div>\n<\/div>\n<div id=\"faq-question-1787934924004\" class=\"rank-math-list-item\">\n<h3 class=\"rank-math-question \"><span class=\"ez-toc-section\" id=\"Que_faire_quand_il_pleut\"><\/span>Que faire quand il pleut ?<span class=\"ez-toc-section-end\"><\/span><\/h3>\n<div class=\"rank-math-answer \">\n\n<p>Les jours de pluie (qui sont environ 10 par mois m\u00eame en \u00e9t\u00e9), \u00e7a vaut le coup de se r\u00e9fugier au <strong>mus\u00e9e du village \u00ab alte Pinte \u00bb<\/strong>, ou de prendre le bus pour Interlaken, o\u00f9 il y a plein d&rsquo;attractions couvertes, des boutiques, des caf\u00e9s, et tu trouveras m\u00eame un grand complexe aquatique ou un casino.<\/p>\n\n<\/div>\n<\/div>\n<div id=\"faq-question-1787934924005\" class=\"rank-math-list-item\">\n<h3 class=\"rank-math-question \"><span class=\"ez-toc-section\" id=\"Est-ce_adapte_pour_les_enfants\"><\/span>Est-ce adapt\u00e9 pour les enfants ?<span class=\"ez-toc-section-end\"><\/span><\/h3>\n<div class=\"rank-math-answer \">\n\n<p>B\u00f6nigen est <strong>absolument fantastique pour les familles<\/strong>. Il y a d&rsquo;excellentes aires de jeux pr\u00e8s de la plage, des campings familiaux avec piscine, des sentiers plats et accessibles pour les poussettes le long de la rivi\u00e8re, et les enfants adorent la travers\u00e9e en bateau \u00e0 vapeur historique. La chasse au tr\u00e9sor interactive les occupera tout l&rsquo;apr\u00e8s-midi.<\/p>\n\n<\/div>\n<\/div>\n<div id=\"faq-question-1787934924006\" class=\"rank-math-list-item\">\n<h3 class=\"rank-math-question \"><span class=\"ez-toc-section\" id=\"Combien_coute_lexcursion_au_Harder_Kulm\"><\/span>Combien co\u00fbte l&rsquo;excursion au Harder Kulm ?<span class=\"ez-toc-section-end\"><\/span><\/h3>\n<div class=\"rank-math-answer \">\n\n<p>Pour la saison 2026, le <strong>billet aller-retour en t\u00e9l\u00e9ph\u00e9rique pour un adulte co\u00fbte 44 CHF<\/strong>. Si tu as des enfants de 6 \u00e0 15 ans, ils ne paient que la moiti\u00e9 (gratuit jusqu&rsquo;\u00e0 6 ans). Avec des cartes comme le Swiss Travel Pass ou le Bernese Oberland Pass, tu obtiens une r\u00e9duction tr\u00e8s appr\u00e9ciable de 50 %.<\/p>\n\n<\/div>\n<\/div>\n<div id=\"faq-question-1787934924007\" class=\"rank-math-list-item\">\n<h3 class=\"rank-math-question \"><span class=\"ez-toc-section\" id=\"Lembarcadere_dIseltwald_est-il_payant\"><\/span>L&#8217;embarcad\u00e8re d&rsquo;Iseltwald est-il payant ?<span class=\"ez-toc-section-end\"><\/span><\/h3>\n<div class=\"rank-math-answer \">\n\n<p>Oui, en raison de l&rsquo;afflux massif de touristes asiatiques apr\u00e8s le succ\u00e8s de la s\u00e9rie Crash Landing on You, la commune a install\u00e9 un <strong>tourniquet<\/strong> devant l&#8217;embarcad\u00e8re. Pour prendre le fameux \u00ab selfie \u00bb sur la jet\u00e9e en bois, il faut maintenant payer un droit de 5 CHF, qui sert \u00e0 l&rsquo;entretien du village.<\/p>\n\n<\/div>\n<\/div>\n<\/div>\n<\/div>","protected":false},"excerpt":{"rendered":"<p>D\u00e9couvre la perle cach\u00e9e de B\u00f6nigen en Suisse, au bord du lac de Brienz, avec ses maisons en bois superbes, son eau turquoise et de fantastiques randonn\u00e9es loin des foules.<\/p>\n","protected":false},"author":3,"featured_media":404497,"comment_status":"open","ping_status":"open","sticky":false,"template":"","format":"standard","meta":{"_acf_changed":false,"footnotes":"","rank_math_title":"B\u00f6nigen Suisse : 24 id\u00e9es au bord du lac de Brienz","rank_math_description":"B\u00f6nigen en Suisse : maisons en bois, eau turquoise, randonn\u00e9es et t\u00e9l\u00e9ph\u00e9riques au bord du lac de Brienz. D\u00e9couvre nos 24 meilleures id\u00e9es et planifie ton s\u00e9jour !","rank_math_focus_keyword":"b\u00f6nigen suisse","rank_math_seo_score":""},"categories":[558,594,650],"tags":[],"class_list":["post-409304","post","type-post","status-publish","format-standard","has-post-thumbnail","category-europe","category-suisse","category-voyages"],"acf":[],"featured_image_src":"https:\/\/loudavymkrokem.cz\/wp-content\/uploads\/2026\/08\/articles-bonigen-18.jpg","author_info":{"display_name":"Lucie Kone\u010dn\u00e1","author_link":"https:\/\/loudavymkrokem.cz\/fr\/author\/lucie-konecna\/"},"_links":{"self":[{"href":"https:\/\/loudavymkrokem.cz\/fr\/wp-json\/wp\/v2\/posts\/409304","targetHints":{"allow":["GET"]}}],"collection":[{"href":"https:\/\/loudavymkrokem.cz\/fr\/wp-json\/wp\/v2\/posts"}],"about":[{"href":"https:\/\/loudavymkrokem.cz\/fr\/wp-json\/wp\/v2\/types\/post"}],"author":[{"embeddable":true,"href":"https:\/\/loudavymkrokem.cz\/fr\/wp-json\/wp\/v2\/users\/3"}],"replies":[{"embeddable":true,"href":"https:\/\/loudavymkrokem.cz\/fr\/wp-json\/wp\/v2\/comments?post=409304"}],"version-history":[{"count":2,"href":"https:\/\/loudavymkrokem.cz\/fr\/wp-json\/wp\/v2\/posts\/409304\/revisions"}],"predecessor-version":[{"id":409306,"href":"https:\/\/loudavymkrokem.cz\/fr\/wp-json\/wp\/v2\/posts\/409304\/revisions\/409306"}],"wp:featuredmedia":[{"embeddable":true,"href":"https:\/\/loudavymkrokem.cz\/fr\/wp-json\/wp\/v2\/media\/404497"}],"wp:attachment":[{"href":"https:\/\/loudavymkrokem.cz\/fr\/wp-json\/wp\/v2\/media?parent=409304"}],"wp:term":[{"taxonomy":"category","embeddable":true,"href":"https:\/\/loudavymkrokem.cz\/fr\/wp-json\/wp\/v2\/categories?post=409304"},{"taxonomy":"post_tag","embeddable":true,"href":"https:\/\/loudavymkrokem.cz\/fr\/wp-json\/wp\/v2\/tags?post=409304"}],"curies":[{"name":"wp","href":"https:\/\/api.w.org\/{rel}","templated":true}]}}