{"id":409262,"date":"2026-08-29T02:00:00","date_gmt":"2026-08-29T00:00:00","guid":{"rendered":"https:\/\/loudavymkrokem.cz\/rejoindre-barcelone-espagne-vols\/"},"modified":"2026-08-31T08:59:19","modified_gmt":"2026-08-31T06:59:19","slug":"rejoindre-barcelone-espagne-vols","status":"publish","type":"post","link":"https:\/\/loudavymkrokem.cz\/fr\/rejoindre-barcelone-espagne-vols\/","title":{"rendered":"Comment rejoindre Barcelone en Espagne depuis la France : vols, prix et train 2026"},"content":{"rendered":"\n<p class=\"wp-block-paragraph\">Quand Luk\u00e1\u0161 et moi sommes partis d\u00e9couvrir Barcelone, en Espagne, d\u00e9but mars, nous avions un plan bien clair : arpenter les incontournables de la ville \u00e0 pied. Nous avons log\u00e9 au superbe <strong>H\u00f4tel Gaud\u00ed, \u00e0 deux pas du c\u00e9l\u00e8bre Palau G\u00fcell<\/strong>, un choix qui s&rsquo;est r\u00e9v\u00e9l\u00e9 parfaitement strat\u00e9gique pour explorer le centre \u00e0 pied. Au d\u00e9part, nous voulions aussi grimper la fameuse colline du Tibidabo, mais entre la m\u00e9t\u00e9o assez pourrie et les avis effrayants sur les voitures sans cesse cambriol\u00e9es, nous avons finalement laiss\u00e9 tomber le c\u0153ur l\u00e9ger. Que tu pr\u00e9voies de fl\u00e2ner dans les ruelles myst\u00e9rieuses du quartier gothique ou simplement de bronzer sur la plage, la toute premi\u00e8re chose \u00e0 r\u00e9gler reste le <strong>trajet depuis la France jusqu&rsquo;\u00e0 la c\u00f4te catalane<\/strong>. Le mode de transport d\u00e9termine en effet radicalement l&rsquo;humeur et le budget avec lesquels d\u00e9marrera tes vacances.<\/p>\n\n\n\n<figure data-wp-context=\"{&quot;imageId&quot;:&quot;6a953a95a5da7&quot;}\" data-wp-interactive=\"core\/image\" data-wp-key=\"6a953a95a5da7\" class=\"wp-block-image size-full wp-lightbox-container\"><img decoding=\"async\" width=\"1920\" height=\"1440\" data-wp-class--hide=\"state.isContentHidden\" data-wp-class--show=\"state.isContentVisible\" data-wp-init=\"callbacks.setButtonStyles\" data-wp-on--click=\"actions.showLightbox\" data-wp-on--load=\"callbacks.setButtonStyles\" data-wp-on--pointerdown=\"actions.preloadImage\" data-wp-on--pointerenter=\"actions.preloadImageWithDelay\" data-wp-on--pointerleave=\"actions.cancelPreload\" data-wp-on-window--resize=\"callbacks.setButtonStyles\" src=\"https:\/\/loudavymkrokem.cz\/wp-content\/uploads\/2026\/08\/barcelona-tri-ruzne-systemy-metra-te-zmatou.jpg\" alt=\"Autobus interurbain Sagal\u00e9s \u00e0 l&#039;arr\u00eat\" class=\"wp-image-376460\" title=\"\" srcset=\"https:\/\/loudavymkrokem.cz\/wp-content\/uploads\/2026\/08\/barcelona-tri-ruzne-systemy-metra-te-zmatou.jpg 1920w, https:\/\/loudavymkrokem.cz\/wp-content\/uploads\/2026\/08\/barcelona-tri-ruzne-systemy-metra-te-zmatou-300x225.jpg 300w, https:\/\/loudavymkrokem.cz\/wp-content\/uploads\/2026\/08\/barcelona-tri-ruzne-systemy-metra-te-zmatou-700x525.jpg 700w, https:\/\/loudavymkrokem.cz\/wp-content\/uploads\/2026\/08\/barcelona-tri-ruzne-systemy-metra-te-zmatou-768x576.jpg 768w, https:\/\/loudavymkrokem.cz\/wp-content\/uploads\/2026\/08\/barcelona-tri-ruzne-systemy-metra-te-zmatou-1536x1152.jpg 1536w, https:\/\/loudavymkrokem.cz\/wp-content\/uploads\/2026\/08\/barcelona-tri-ruzne-systemy-metra-te-zmatou-80x60.jpg 80w, https:\/\/loudavymkrokem.cz\/wp-content\/uploads\/2026\/08\/barcelona-tri-ruzne-systemy-metra-te-zmatou-160x120.jpg 160w, https:\/\/loudavymkrokem.cz\/wp-content\/uploads\/2026\/08\/barcelona-tri-ruzne-systemy-metra-te-zmatou-696x522.jpg 696w, https:\/\/loudavymkrokem.cz\/wp-content\/uploads\/2026\/08\/barcelona-tri-ruzne-systemy-metra-te-zmatou-1392x1044.jpg 1392w\" sizes=\"(max-width: 1920px) 100vw, 1920px\" \/><button\n\t\t\tclass=\"lightbox-trigger\"\n\t\t\ttype=\"button\"\n\t\t\taria-haspopup=\"dialog\"\n\t\t\tdata-wp-bind--aria-label=\"state.thisImage.triggerButtonAriaLabel\"\n\t\t\tdata-wp-init=\"callbacks.initTriggerButton\"\n\t\t\tdata-wp-on--click=\"actions.showLightbox\"\n\t\t\tdata-wp-style--right=\"state.thisImage.buttonRight\"\n\t\t\tdata-wp-style--top=\"state.thisImage.buttonTop\"\n\t\t>\n\t\t\t<svg xmlns=\"http:\/\/www.w3.org\/2000\/svg\" width=\"12\" height=\"12\" fill=\"none\" viewBox=\"0 0 12 12\">\n\t\t\t\t<path fill=\"#fff\" d=\"M2 0a2 2 0 0 0-2 2v2h1.5V2a.5.5 0 0 1 .5-.5h2V0H2Zm2 10.5H2a.5.5 0 0 1-.5-.5V8H0v2a2 2 0 0 0 2 2h2v-1.5ZM8 12v-1.5h2a.5.5 0 0 0 .5-.5V8H12v2a2 2 0 0 1-2 2H8Zm2-12a2 2 0 0 1 2 2v2h-1.5V2a.5.5 0 0 0-.5-.5H8V0h2Z\" \/>\n\t\t\t<\/svg>\n\t\t<\/button><\/figure>\n\n\n\n<div id=\"ez-toc-container\" class=\"ez-toc-v2_0_86 ez-toc-wrap-left counter-hierarchy ez-toc-counter ez-toc-grey ez-toc-container-direction\">\n<div class=\"ez-toc-title-container\">\n<p class=\"ez-toc-title\" style=\"cursor:inherit\">Contenu de l&#039;article<\/p>\n<span class=\"ez-toc-title-toggle\"><a href=\"#\" class=\"ez-toc-pull-right ez-toc-btn ez-toc-btn-xs ez-toc-btn-default ez-toc-toggle\" aria-label=\"Toggle Table of Content\"><span class=\"ez-toc-js-icon-con\"><span class=\"\"><span class=\"eztoc-hide\" style=\"display:none;\">Toggle<\/span><span class=\"ez-toc-icon-toggle-span\"><svg style=\"fill: #999;color:#999\" xmlns=\"http:\/\/www.w3.org\/2000\/svg\" class=\"list-377408\" width=\"20px\" height=\"20px\" viewBox=\"0 0 24 24\" fill=\"none\"><path d=\"M6 6H4v2h2V6zm14 0H8v2h12V6zM4 11h2v2H4v-2zm16 0H8v2h12v-2zM4 16h2v2H4v-2zm16 0H8v2h12v-2z\" fill=\"currentColor\"><\/path><\/svg><svg style=\"fill: #999;color:#999\" class=\"arrow-unsorted-368013\" xmlns=\"http:\/\/www.w3.org\/2000\/svg\" width=\"10px\" height=\"10px\" viewBox=\"0 0 24 24\" version=\"1.2\" baseProfile=\"tiny\"><path d=\"M18.2 9.3l-6.2-6.3-6.2 6.3c-.2.2-.3.4-.3.7s.1.5.3.7c.2.2.4.3.7.3h11c.3 0 .5-.1.7-.3.2-.2.3-.5.3-.7s-.1-.5-.3-.7zM5.8 14.7l6.2 6.3 6.2-6.3c.2-.2.3-.5.3-.7s-.1-.5-.3-.7c-.2-.2-.4-.3-.7-.3h-11c-.3 0-.5.1-.7.3-.2.2-.3.5-.3.7s.1.5.3.7z\"\/><\/svg><\/span><\/span><\/span><\/a><\/span><\/div>\n<nav><ul class='ez-toc-list ez-toc-list-level-1 ' ><ul class='ez-toc-list-level-3' ><li class='ez-toc-heading-level-3'><a class=\"ez-toc-link ez-toc-heading-1\" href=\"https:\/\/loudavymkrokem.cz\/fr\/rejoindre-barcelone-espagne-vols\/#Resume_pour_ceux_qui_nont_pas_le_temps_de_tout_lire\" >R\u00e9sum\u00e9 pour ceux qui n&rsquo;ont pas le temps de tout lire<\/a><\/li><\/ul><\/li><li class='ez-toc-page-1 ez-toc-heading-level-2'><a class=\"ez-toc-link ez-toc-heading-2\" href=\"https:\/\/loudavymkrokem.cz\/fr\/rejoindre-barcelone-espagne-vols\/#Ou_se_loger_a_Barcelone_et_combien_coute_la_taxe_de_sejour\" >O\u00f9 se loger \u00e0 Barcelone et combien co\u00fbte la taxe de s\u00e9jour<\/a><\/li><li class='ez-toc-page-1 ez-toc-heading-level-2'><a class=\"ez-toc-link ez-toc-heading-3\" href=\"https:\/\/loudavymkrokem.cz\/fr\/rejoindre-barcelone-espagne-vols\/#11_choses_a_savoir_sur_le_trajet_vers_Barcelone\" >11 choses \u00e0 savoir sur le trajet vers Barcelone<\/a><ul class='ez-toc-list-level-3' ><li class='ez-toc-heading-level-3'><a class=\"ez-toc-link ez-toc-heading-4\" href=\"https:\/\/loudavymkrokem.cz\/fr\/rejoindre-barcelone-espagne-vols\/#1_Vols_directs_vers_Barcelone_et_qui_les_opere\" >1. Vols directs vers Barcelone et qui les op\u00e8re<\/a><\/li><li class='ez-toc-page-1 ez-toc-heading-level-3'><a class=\"ez-toc-link ez-toc-heading-5\" href=\"https:\/\/loudavymkrokem.cz\/fr\/rejoindre-barcelone-espagne-vols\/#2_Prix_indicatifs_des_billets_et_quand_les_acheter\" >2. Prix indicatifs des billets et quand les acheter<\/a><\/li><li class='ez-toc-page-1 ez-toc-heading-level-3'><a class=\"ez-toc-link ez-toc-heading-6\" href=\"https:\/\/loudavymkrokem.cz\/fr\/rejoindre-barcelone-espagne-vols\/#3_Ryanair_et_les_pieges_des_bagages_low_cost\" >3. Ryanair et les pi\u00e8ges des bagages low cost<\/a><\/li><li class='ez-toc-page-1 ez-toc-heading-level-3'><a class=\"ez-toc-link ez-toc-heading-7\" href=\"https:\/\/loudavymkrokem.cz\/fr\/rejoindre-barcelone-espagne-vols\/#4_Vueling_et_ses_kilos_par_paliers\" >4. Vueling et ses kilos par paliers<\/a><\/li><li class='ez-toc-page-1 ez-toc-heading-level-3'><a class=\"ez-toc-link ez-toc-heading-8\" href=\"https:\/\/loudavymkrokem.cz\/fr\/rejoindre-barcelone-espagne-vols\/#5_Attention_aux_coupes_de_vols_estivales\" >5. Attention aux coupes de vols estivales<\/a><\/li><li class='ez-toc-page-1 ez-toc-heading-level-3'><a class=\"ez-toc-link ez-toc-heading-9\" href=\"https:\/\/loudavymkrokem.cz\/fr\/rejoindre-barcelone-espagne-vols\/#6_Les_faux_aeroports_de_Gerone_et_Reus\" >6. Les faux a\u00e9roports de G\u00e9rone et Reus<\/a><\/li><li class='ez-toc-page-1 ez-toc-heading-level-3'><a class=\"ez-toc-link ez-toc-heading-10\" href=\"https:\/\/loudavymkrokem.cz\/fr\/rejoindre-barcelone-espagne-vols\/#7_En_train_depuis_la_France_pour_les_femmes_enceintes_et_ceux_qui_ne_prennent_pas_lavion\" >7. En train depuis la France : pour les femmes enceintes et ceux qui ne prennent pas l&rsquo;avion<\/a><\/li><li class='ez-toc-page-1 ez-toc-heading-level-3'><a class=\"ez-toc-link ez-toc-heading-11\" href=\"https:\/\/loudavymkrokem.cz\/fr\/rejoindre-barcelone-espagne-vols\/#8_Itineraire_ferroviaire_alternatif_par_Paris\" >8. Itin\u00e9raire ferroviaire alternatif par Paris<\/a><\/li><li class='ez-toc-page-1 ez-toc-heading-level-3'><a class=\"ez-toc-link ez-toc-heading-12\" href=\"https:\/\/loudavymkrokem.cz\/fr\/rejoindre-barcelone-espagne-vols\/#9_En_voiture_a_Barcelone_Prepare-toi_a_la_zone_ZBE\" >9. En voiture \u00e0 Barcelone ? Pr\u00e9pare-toi \u00e0 la zone ZBE<\/a><\/li><li class='ez-toc-page-1 ez-toc-heading-level-3'><a class=\"ez-toc-link ez-toc-heading-13\" href=\"https:\/\/loudavymkrokem.cz\/fr\/rejoindre-barcelone-espagne-vols\/#10_Comment_rejoindre_le_centre_depuis_laeroport_El_Prat\" >10. Comment rejoindre le centre depuis l&rsquo;a\u00e9roport El Prat<\/a><\/li><li class='ez-toc-page-1 ez-toc-heading-level-3'><a class=\"ez-toc-link ez-toc-heading-14\" href=\"https:\/\/loudavymkrokem.cz\/fr\/rejoindre-barcelone-espagne-vols\/#11_Sejour_organise_vs_voyage_en_solo\" >11. S\u00e9jour organis\u00e9 vs. voyage en solo<\/a><\/li><\/ul><\/li><li class='ez-toc-page-1 ez-toc-heading-level-2'><a class=\"ez-toc-link ez-toc-heading-15\" href=\"https:\/\/loudavymkrokem.cz\/fr\/rejoindre-barcelone-espagne-vols\/#Recapitulatif_pratique_et_prix_indicatifs\" >R\u00e9capitulatif pratique et prix indicatifs<\/a><\/li><li class='ez-toc-page-1 ez-toc-heading-level-2'><a class=\"ez-toc-link ez-toc-heading-16\" href=\"https:\/\/loudavymkrokem.cz\/fr\/rejoindre-barcelone-espagne-vols\/#Pour_aller_plus_loin\" >Pour aller plus loin<\/a><\/li><li class='ez-toc-page-1 ez-toc-heading-level-2'><a class=\"ez-toc-link ez-toc-heading-17\" href=\"https:\/\/loudavymkrokem.cz\/fr\/rejoindre-barcelone-espagne-vols\/#Questions_frequentes\" >Questions fr\u00e9quentes<\/a><ul class='ez-toc-list-level-3' ><li class='ez-toc-heading-level-3'><a class=\"ez-toc-link ez-toc-heading-18\" href=\"https:\/\/loudavymkrokem.cz\/fr\/rejoindre-barcelone-espagne-vols\/#Combien_de_temps_dure_le_vol_pour_Barcelone_depuis_Paris\" >Combien de temps dure le vol pour Barcelone depuis Paris ?<\/a><\/li><li class='ez-toc-page-1 ez-toc-heading-level-3'><a class=\"ez-toc-link ez-toc-heading-19\" href=\"https:\/\/loudavymkrokem.cz\/fr\/rejoindre-barcelone-espagne-vols\/#Combien_coute_approximativement_un_billet_davion\" >Combien co\u00fbte approximativement un billet d&rsquo;avion ?<\/a><\/li><li class='ez-toc-page-1 ez-toc-heading-level-3'><a class=\"ez-toc-link ez-toc-heading-20\" href=\"https:\/\/loudavymkrokem.cz\/fr\/rejoindre-barcelone-espagne-vols\/#Le_ticket_de_metro_classique_fonctionne-t-il_depuis_laeroport\" >Le ticket de m\u00e9tro classique fonctionne-t-il depuis l&rsquo;a\u00e9roport ?<\/a><\/li><li class='ez-toc-page-1 ez-toc-heading-level-3'><a class=\"ez-toc-link ez-toc-heading-21\" href=\"https:\/\/loudavymkrokem.cz\/fr\/rejoindre-barcelone-espagne-vols\/#Puis-je_aller_au_centre_de_Barcelone_en_voiture\" >Puis-je aller au centre de Barcelone en voiture ?<\/a><\/li><li class='ez-toc-page-1 ez-toc-heading-level-3'><a class=\"ez-toc-link ez-toc-heading-22\" href=\"https:\/\/loudavymkrokem.cz\/fr\/rejoindre-barcelone-espagne-vols\/#Peut-on_aller_a_Barcelone_confortablement_en_train\" >Peut-on aller \u00e0 Barcelone confortablement en train ?<\/a><\/li><li class='ez-toc-page-1 ez-toc-heading-level-3'><a class=\"ez-toc-link ez-toc-heading-23\" href=\"https:\/\/loudavymkrokem.cz\/fr\/rejoindre-barcelone-espagne-vols\/#A_quoi_faire_attention_avec_les_compagnies_low-cost_comme_Ryanair\" >\u00c0 quoi faire attention avec les compagnies low-cost comme Ryanair ?<\/a><\/li><li class='ez-toc-page-1 ez-toc-heading-level-3'><a class=\"ez-toc-link ez-toc-heading-24\" href=\"https:\/\/loudavymkrokem.cz\/fr\/rejoindre-barcelone-espagne-vols\/#Est-ce_rentable_de_voler_vers_les_aeroports_plus_eloignes_de_Gerone_ou_Reus\" >Est-ce rentable de voler vers les a\u00e9roports plus \u00e9loign\u00e9s de G\u00e9rone ou Reus ?<\/a><\/li><\/ul><\/li><\/ul><\/nav><\/div>\n<h3 class=\"wp-block-heading\"><span class=\"ez-toc-section\" id=\"Resume_pour_ceux_qui_nont_pas_le_temps_de_tout_lire\"><\/span>R\u00e9sum\u00e9 pour ceux qui n&rsquo;ont pas le temps de tout lire<span class=\"ez-toc-section-end\"><\/span><\/h3>\n\n\n\n<ul class=\"wp-block-list\">\n\n<li>  <strong>Barcelone est desservie en vol direct depuis la France<\/strong> et, en haute saison 2026, tu peux choisir en moyenne parmi 4 vols par jour.<\/li>\n\n\n\n<li>  <strong>Le vol dure environ 2 heures<\/strong>, avec des compagnies comme Vueling, Ryanair, easyJet et Transavia qui se disputent la ligne.<\/li>\n\n\n\n<li>  <strong>Les billets d\u00e9marrent autour de 50 \u20ac<\/strong>, mais en \u00e9t\u00e9, avec une valise, pr\u00e9vois plut\u00f4t plus de 100 \u20ac l&rsquo;aller.<\/li>\n\n\n\n<li>  <strong>Depuis l&rsquo;a\u00e9roport d&rsquo;El Prat, l&rsquo;Aerob\u00fas rejoint le centre pour 7,45 \u20ac<\/strong>, alors que le ticket classique T-casual ne fonctionne pas sur le m\u00e9tro de l&rsquo;a\u00e9roport.<\/li>\n\n\n\n<li>  <strong>Le train depuis la France a \u00e9norm\u00e9ment de sens<\/strong> si tu ne peux pas prendre l&rsquo;avion pour raison de sant\u00e9 ou si tu attends un b\u00e9b\u00e9.<\/li>\n\n\n\n<li>  <strong>\u00c9vite d&rsquo;aller au centre de Barcelone en voiture<\/strong>, car la ville est surveill\u00e9e par une stricte zone \u00e0 faibles \u00e9missions (ZBE) sous peine d&rsquo;une amende de 200 \u20ac.<\/li>\n\n\n\n<li>  <strong>M\u00e9fie-toi des a\u00e9roports de G\u00e9rone et de Reus<\/strong>, d&rsquo;o\u00f9 t&rsquo;attend un long et co\u00fbteux trajet en bus, sauf si tu vises directement la c\u00f4te environnante.<\/li>\n\n\n<\/ul>\n\n\n\n<figure data-wp-context=\"{&quot;imageId&quot;:&quot;6a953a95a63a9&quot;}\" data-wp-interactive=\"core\/image\" data-wp-key=\"6a953a95a63a9\" class=\"wp-block-image size-full wp-lightbox-container\"><img decoding=\"async\" width=\"1034\" height=\"2560\" data-wp-class--hide=\"state.isContentHidden\" data-wp-class--show=\"state.isContentVisible\" data-wp-init=\"callbacks.setButtonStyles\" data-wp-on--click=\"actions.showLightbox\" data-wp-on--load=\"callbacks.setButtonStyles\" data-wp-on--pointerdown=\"actions.preloadImage\" data-wp-on--pointerenter=\"actions.preloadImageWithDelay\" data-wp-on--pointerleave=\"actions.cancelPreload\" data-wp-on-window--resize=\"callbacks.setButtonStyles\" src=\"https:\/\/loudavymkrokem.cz\/wp-content\/uploads\/2026\/08\/barcelona-kde-se-ubytovat-v-barcelone-a-kolik--scaled.jpg\" alt=\"Tour Torre Gl\u00f2ries \u00e0 Barcelone\" class=\"wp-image-376472\" title=\"\" srcset=\"https:\/\/loudavymkrokem.cz\/wp-content\/uploads\/2026\/08\/barcelona-kde-se-ubytovat-v-barcelone-a-kolik--scaled.jpg 1034w, https:\/\/loudavymkrokem.cz\/wp-content\/uploads\/2026\/08\/barcelona-kde-se-ubytovat-v-barcelone-a-kolik--121x300.jpg 121w, https:\/\/loudavymkrokem.cz\/wp-content\/uploads\/2026\/08\/barcelona-kde-se-ubytovat-v-barcelone-a-kolik--700x1733.jpg 700w, https:\/\/loudavymkrokem.cz\/wp-content\/uploads\/2026\/08\/barcelona-kde-se-ubytovat-v-barcelone-a-kolik--768x1902.jpg 768w, https:\/\/loudavymkrokem.cz\/wp-content\/uploads\/2026\/08\/barcelona-kde-se-ubytovat-v-barcelone-a-kolik--620x1536.jpg 620w, https:\/\/loudavymkrokem.cz\/wp-content\/uploads\/2026\/08\/barcelona-kde-se-ubytovat-v-barcelone-a-kolik--827x2048.jpg 827w, https:\/\/loudavymkrokem.cz\/wp-content\/uploads\/2026\/08\/barcelona-kde-se-ubytovat-v-barcelone-a-kolik--696x1723.jpg 696w, https:\/\/loudavymkrokem.cz\/wp-content\/uploads\/2026\/08\/barcelona-kde-se-ubytovat-v-barcelone-a-kolik--1392x3447.jpg 1392w\" sizes=\"(max-width: 1034px) 100vw, 1034px\" \/><button\n\t\t\tclass=\"lightbox-trigger\"\n\t\t\ttype=\"button\"\n\t\t\taria-haspopup=\"dialog\"\n\t\t\tdata-wp-bind--aria-label=\"state.thisImage.triggerButtonAriaLabel\"\n\t\t\tdata-wp-init=\"callbacks.initTriggerButton\"\n\t\t\tdata-wp-on--click=\"actions.showLightbox\"\n\t\t\tdata-wp-style--right=\"state.thisImage.buttonRight\"\n\t\t\tdata-wp-style--top=\"state.thisImage.buttonTop\"\n\t\t>\n\t\t\t<svg xmlns=\"http:\/\/www.w3.org\/2000\/svg\" width=\"12\" height=\"12\" fill=\"none\" viewBox=\"0 0 12 12\">\n\t\t\t\t<path fill=\"#fff\" d=\"M2 0a2 2 0 0 0-2 2v2h1.5V2a.5.5 0 0 1 .5-.5h2V0H2Zm2 10.5H2a.5.5 0 0 1-.5-.5V8H0v2a2 2 0 0 0 2 2h2v-1.5ZM8 12v-1.5h2a.5.5 0 0 0 .5-.5V8H12v2a2 2 0 0 1-2 2H8Zm2-12a2 2 0 0 1 2 2v2h-1.5V2a.5.5 0 0 0-.5-.5H8V0h2Z\" \/>\n\t\t\t<\/svg>\n\t\t<\/button><figcaption class=\"wp-element-caption\">Photo : Diliff \/ Wikimedia Commons, CC BY 2.5<\/figcaption><\/figure>\n\n\n\n<h2 class=\"wp-block-heading\"><span class=\"ez-toc-section\" id=\"Ou_se_loger_a_Barcelone_et_combien_coute_la_taxe_de_sejour\"><\/span>O\u00f9 se loger \u00e0 Barcelone et combien co\u00fbte la taxe de s\u00e9jour<span class=\"ez-toc-section-end\"><\/span><\/h2>\n\n\n\n<p class=\"wp-block-paragraph\"><em>\ud83d\udca1 <strong>Conseil h\u00e9bergement et activit\u00e9s<\/strong> : nous pr\u00e9f\u00e9rons chercher notre h\u00e9bergement sur <a class=\"thirstylink\" rel=\"nofollow\" target=\"_blank\" title=\"Booking.com\" href=\"https:\/\/loudavymkrokem.cz\/doporucujeme\/booking-com\/\" data-shortcode=\"true\">Booking.com<\/a>, o\u00f9 l&rsquo;on trouve les <strong>meilleures conditions d&rsquo;annulation<\/strong>. Pour les billets, excursions et activit\u00e9s, \u00e7a vaut le coup de comparer et r\u00e9server via <a class=\"thirstylink\" rel=\"nofollow\" target=\"_blank\" title=\"GetYourGuide\" href=\"https:\/\/loudavymkrokem.cz\/doporucujeme\/getyourguide\/\" data-shortcode=\"true\">GetYourGuide<\/a>.<\/em><\/p>\n\n\n\n<p class=\"wp-block-paragraph\">Trouver un h\u00e9bergement dans la m\u00e9tropole catalane est devenu un vrai casse-t\u00eate, car la ville pr\u00e9voit de <strong>supprimer totalement toutes les licences d&rsquo;appartements touristiques d&rsquo;ici 2028<\/strong>. Les prix des h\u00f4tels classiques s&rsquo;envolent donc logiquement et l&rsquo;offre d&rsquo;h\u00e9bergements abordables se r\u00e9duit d\u00e9sagr\u00e9ablement. \u00c0 ton budget, il faut aussi ajouter la nouvelle taxe de s\u00e9jour, en vigueur depuis avril 2026, qui peut s\u00e9rieusement alourdir la note. Dans un cinq \u00e9toiles de luxe, tu paieras 12 \u20ac par personne et par nuit, dans un quatre \u00e9toiles standard c&rsquo;est 8,40 \u20ac, et <strong>dans les appartements touristiques pris\u00e9s on te facturera 9,50 \u20ac par nuit<\/strong>. Elle s&rsquo;applique au maximum pour les sept premi\u00e8res nuits, mais \u00e7a finit par chiffrer sur un long s\u00e9jour.<\/p>\n\n\n\n<p class=\"wp-block-paragraph\">Lors de notre visite, nous avons mis\u00e9 sur l&rsquo;<strong>H\u00f4tel Gaud\u00ed<\/strong>, \u00e0 quelques pas seulement du c\u00e9l\u00e8bre Palau G\u00fcell et tout pr\u00e8s de la fameuse Rambla. C&rsquo;\u00e9tait un choix parfaitement strat\u00e9gique pour d\u00e9couvrir la ville \u00e0 pied, et en plus ils ont une magnifique terrasse sur le toit avec piscine, offrant une belle vue sur les chemin\u00e9es du palais de Gaud\u00ed.<\/p>\n\n\n\n<p class=\"wp-block-paragraph\">Si tu cherches quelque chose de visuellement bluffant, jette un \u0153il \u00e0 l&rsquo;<strong>H\u00f4tel Ayre Rosell\u00f3n<\/strong>, qui offre une vue absolument \u00e9poustouflante sur la Sagrada Fam\u00edlia en chantier depuis son bar sur le toit. Pour les voyageurs \u00e0 plus petit budget, le <strong>Motel One Barcelona-Ciutadella<\/strong> est parfait : chambre moderne et jolie juste \u00e0 c\u00f4t\u00e9 d&rsquo;un immense parc et \u00e0 distance de marche de la plage. Si tu veux vivre le luxe absolu et te r\u00e9veiller au son des vagues, regarde l&rsquo;iconique <strong>W Barcelona<\/strong>, ce fameux b\u00e2timent en forme de voile qui domine tout le littoral. Pour les routards et voyageurs solo, selon les avis, le <strong>Hostel One Paralelo<\/strong> fonctionne \u00e0 merveille, avec une ambiance conviviale et des soir\u00e9es communes organis\u00e9es.<\/p>\n\n\n\n<figure data-wp-context=\"{&quot;imageId&quot;:&quot;6a953a95a688a&quot;}\" data-wp-interactive=\"core\/image\" data-wp-key=\"6a953a95a688a\" class=\"wp-block-image size-full wp-lightbox-container\"><img decoding=\"async\" width=\"1600\" height=\"1067\" data-wp-class--hide=\"state.isContentHidden\" data-wp-class--show=\"state.isContentVisible\" data-wp-init=\"callbacks.setButtonStyles\" data-wp-on--click=\"actions.showLightbox\" data-wp-on--load=\"callbacks.setButtonStyles\" data-wp-on--pointerdown=\"actions.preloadImage\" data-wp-on--pointerenter=\"actions.preloadImageWithDelay\" data-wp-on--pointerleave=\"actions.cancelPreload\" data-wp-on-window--resize=\"callbacks.setButtonStyles\" src=\"https:\/\/loudavymkrokem.cz\/wp-content\/uploads\/2026\/08\/barcelona-uber-a-bolt-tady-radeji-ani-nezapine-px.jpg\" alt=\"Taxi jaune et noir de Barcelone\" class=\"wp-image-376459\" title=\"\" srcset=\"https:\/\/loudavymkrokem.cz\/wp-content\/uploads\/2026\/08\/barcelona-uber-a-bolt-tady-radeji-ani-nezapine-px.jpg 1600w, https:\/\/loudavymkrokem.cz\/wp-content\/uploads\/2026\/08\/barcelona-uber-a-bolt-tady-radeji-ani-nezapine-px-300x200.jpg 300w, https:\/\/loudavymkrokem.cz\/wp-content\/uploads\/2026\/08\/barcelona-uber-a-bolt-tady-radeji-ani-nezapine-px-700x467.jpg 700w, https:\/\/loudavymkrokem.cz\/wp-content\/uploads\/2026\/08\/barcelona-uber-a-bolt-tady-radeji-ani-nezapine-px-768x512.jpg 768w, https:\/\/loudavymkrokem.cz\/wp-content\/uploads\/2026\/08\/barcelona-uber-a-bolt-tady-radeji-ani-nezapine-px-1536x1024.jpg 1536w, https:\/\/loudavymkrokem.cz\/wp-content\/uploads\/2026\/08\/barcelona-uber-a-bolt-tady-radeji-ani-nezapine-px-696x464.jpg 696w, https:\/\/loudavymkrokem.cz\/wp-content\/uploads\/2026\/08\/barcelona-uber-a-bolt-tady-radeji-ani-nezapine-px-1392x928.jpg 1392w\" sizes=\"(max-width: 1600px) 100vw, 1600px\" \/><button\n\t\t\tclass=\"lightbox-trigger\"\n\t\t\ttype=\"button\"\n\t\t\taria-haspopup=\"dialog\"\n\t\t\tdata-wp-bind--aria-label=\"state.thisImage.triggerButtonAriaLabel\"\n\t\t\tdata-wp-init=\"callbacks.initTriggerButton\"\n\t\t\tdata-wp-on--click=\"actions.showLightbox\"\n\t\t\tdata-wp-style--right=\"state.thisImage.buttonRight\"\n\t\t\tdata-wp-style--top=\"state.thisImage.buttonTop\"\n\t\t>\n\t\t\t<svg xmlns=\"http:\/\/www.w3.org\/2000\/svg\" width=\"12\" height=\"12\" fill=\"none\" viewBox=\"0 0 12 12\">\n\t\t\t\t<path fill=\"#fff\" d=\"M2 0a2 2 0 0 0-2 2v2h1.5V2a.5.5 0 0 1 .5-.5h2V0H2Zm2 10.5H2a.5.5 0 0 1-.5-.5V8H0v2a2 2 0 0 0 2 2h2v-1.5ZM8 12v-1.5h2a.5.5 0 0 0 .5-.5V8H12v2a2 2 0 0 1-2 2H8Zm2-12a2 2 0 0 1 2 2v2h-1.5V2a.5.5 0 0 0-.5-.5H8V0h2Z\" \/>\n\t\t\t<\/svg>\n\t\t<\/button><\/figure>\n\n\n\n<h2 class=\"wp-block-heading\"><span class=\"ez-toc-section\" id=\"11_choses_a_savoir_sur_le_trajet_vers_Barcelone\"><\/span>11 choses \u00e0 savoir sur le trajet vers Barcelone<span class=\"ez-toc-section-end\"><\/span><\/h2>\n\n\n\n<figure data-wp-context=\"{&quot;imageId&quot;:&quot;6a953a95a6c4f&quot;}\" data-wp-interactive=\"core\/image\" data-wp-key=\"6a953a95a6c4f\" class=\"wp-block-image size-full wp-lightbox-container\"><img decoding=\"async\" width=\"1920\" height=\"1252\" data-wp-class--hide=\"state.isContentHidden\" data-wp-class--show=\"state.isContentVisible\" data-wp-init=\"callbacks.setButtonStyles\" data-wp-on--click=\"actions.showLightbox\" data-wp-on--load=\"callbacks.setButtonStyles\" data-wp-on--pointerdown=\"actions.preloadImage\" data-wp-on--pointerenter=\"actions.preloadImageWithDelay\" data-wp-on--pointerleave=\"actions.cancelPreload\" data-wp-on-window--resize=\"callbacks.setButtonStyles\" src=\"https:\/\/loudavymkrokem.cz\/wp-content\/uploads\/2026\/08\/barcelona-aerobus-je-sice-drazsi-ale-usetri-ne.jpg\" alt=\"Bus Aerob\u00fas \u00e0 l&#039;arr\u00eat \u00e0 Barcelone\" class=\"wp-image-376457\" title=\"\" srcset=\"https:\/\/loudavymkrokem.cz\/wp-content\/uploads\/2026\/08\/barcelona-aerobus-je-sice-drazsi-ale-usetri-ne.jpg 1920w, https:\/\/loudavymkrokem.cz\/wp-content\/uploads\/2026\/08\/barcelona-aerobus-je-sice-drazsi-ale-usetri-ne-300x196.jpg 300w, https:\/\/loudavymkrokem.cz\/wp-content\/uploads\/2026\/08\/barcelona-aerobus-je-sice-drazsi-ale-usetri-ne-700x456.jpg 700w, https:\/\/loudavymkrokem.cz\/wp-content\/uploads\/2026\/08\/barcelona-aerobus-je-sice-drazsi-ale-usetri-ne-768x501.jpg 768w, https:\/\/loudavymkrokem.cz\/wp-content\/uploads\/2026\/08\/barcelona-aerobus-je-sice-drazsi-ale-usetri-ne-1536x1002.jpg 1536w, https:\/\/loudavymkrokem.cz\/wp-content\/uploads\/2026\/08\/barcelona-aerobus-je-sice-drazsi-ale-usetri-ne-696x454.jpg 696w, https:\/\/loudavymkrokem.cz\/wp-content\/uploads\/2026\/08\/barcelona-aerobus-je-sice-drazsi-ale-usetri-ne-1392x908.jpg 1392w\" sizes=\"(max-width: 1920px) 100vw, 1920px\" \/><button\n\t\t\tclass=\"lightbox-trigger\"\n\t\t\ttype=\"button\"\n\t\t\taria-haspopup=\"dialog\"\n\t\t\tdata-wp-bind--aria-label=\"state.thisImage.triggerButtonAriaLabel\"\n\t\t\tdata-wp-init=\"callbacks.initTriggerButton\"\n\t\t\tdata-wp-on--click=\"actions.showLightbox\"\n\t\t\tdata-wp-style--right=\"state.thisImage.buttonRight\"\n\t\t\tdata-wp-style--top=\"state.thisImage.buttonTop\"\n\t\t>\n\t\t\t<svg xmlns=\"http:\/\/www.w3.org\/2000\/svg\" width=\"12\" height=\"12\" fill=\"none\" viewBox=\"0 0 12 12\">\n\t\t\t\t<path fill=\"#fff\" d=\"M2 0a2 2 0 0 0-2 2v2h1.5V2a.5.5 0 0 1 .5-.5h2V0H2Zm2 10.5H2a.5.5 0 0 1-.5-.5V8H0v2a2 2 0 0 0 2 2h2v-1.5ZM8 12v-1.5h2a.5.5 0 0 0 .5-.5V8H12v2a2 2 0 0 1-2 2H8Zm2-12a2 2 0 0 1 2 2v2h-1.5V2a.5.5 0 0 0-.5-.5H8V0h2Z\" \/>\n\t\t\t<\/svg>\n\t\t<\/button><\/figure>\n\n\n\n<h3 class=\"wp-block-heading\"><span class=\"ez-toc-section\" id=\"1_Vols_directs_vers_Barcelone_et_qui_les_opere\"><\/span>1. Vols directs vers Barcelone et qui les op\u00e8re<span class=\"ez-toc-section-end\"><\/span><\/h3>\n\n\n\n<p class=\"wp-block-paragraph\">Rejoindre la m\u00e9tropole catalane depuis la France n&rsquo;a jamais \u00e9t\u00e9 aussi simple, car cette ligne a\u00e9rienne tourne \u00e0 plein r\u00e9gime en 2026. Depuis Paris, l&rsquo;a\u00e9roport El Prat de Barcelone est desservi par de nombreux vols quotidiens, si bien que tu as en moyenne plusieurs d\u00e9parts par jour au choix. Le vol lui-m\u00eame est tr\u00e8s court : compte environ 2 heures pour te retrouver sur la c\u00f4te m\u00e9diterran\u00e9enne.<\/p>\n\n\n\n<p class=\"wp-block-paragraph\">Le march\u00e9 est actuellement partag\u00e9 entre plusieurs acteurs qui se livrent une rude bataille pour chaque passager. Sur les lignes au d\u00e9part de France, tu trouves notamment <strong>Vueling, Air France, easyJet, Transavia et Ryanair<\/strong>, qui multiplient les fr\u00e9quences en \u00e9t\u00e9. Les premiers vols matinaux d\u00e9collent t\u00f4t, ce qui est id\u00e9al pour les voyageurs qui veulent siroter leur caf\u00e9 de l&rsquo;apr\u00e8s-midi directement sur la plage. Si au contraire tu pr\u00e9f\u00e8res partir apr\u00e8s le travail, les derni\u00e8res liaisons du soir te d\u00e9posent \u00e0 Barcelone en soir\u00e9e.<\/p>\n\n\n\n<p class=\"wp-block-paragraph\">La concurrence pousse heureusement les prix vers le bas et te donne une immense libert\u00e9 de planification, mais elle exige aussi une grande vigilance dans le choix du transporteur. Chaque compagnie a en effet des <strong>r\u00e8gles totalement diff\u00e9rentes pour les bagages et des frais cach\u00e9s<\/strong> qui peuvent d\u00e9sagr\u00e9ablement gonfler la facture.<\/p>\n\n\n\n<p class=\"wp-block-paragraph\">\ud83d\udca1 Conseil : v\u00e9rifie toujours soigneusement de quel terminal tu pars, car les <strong>compagnies low cost enregistrent souvent depuis des endroits diff\u00e9rents<\/strong>, et une confusion \u00e0 l&rsquo;a\u00e9roport peut te co\u00fbter beaucoup de nerfs et d&rsquo;argent en taxis.<\/p>\n\n\n\n<figure data-wp-context=\"{&quot;imageId&quot;:&quot;6a953a95a70fa&quot;}\" data-wp-interactive=\"core\/image\" data-wp-key=\"6a953a95a70fa\" class=\"wp-block-image size-full wp-lightbox-container\"><img decoding=\"async\" width=\"1600\" height=\"1067\" data-wp-class--hide=\"state.isContentHidden\" data-wp-class--show=\"state.isContentVisible\" data-wp-init=\"callbacks.setButtonStyles\" data-wp-on--click=\"actions.showLightbox\" data-wp-on--load=\"callbacks.setButtonStyles\" data-wp-on--pointerdown=\"actions.preloadImage\" data-wp-on--pointerenter=\"actions.preloadImageWithDelay\" data-wp-on--pointerleave=\"actions.cancelPreload\" data-wp-on-window--resize=\"callbacks.setButtonStyles\" src=\"https:\/\/loudavymkrokem.cz\/wp-content\/uploads\/2026\/08\/barcelona-vlak-r2-nord-je-nejlevnejsi-zachrana-px.jpg\" alt=\"B\u00e2timent historique de gare en Espagne\" class=\"wp-image-376455\" title=\"\" srcset=\"https:\/\/loudavymkrokem.cz\/wp-content\/uploads\/2026\/08\/barcelona-vlak-r2-nord-je-nejlevnejsi-zachrana-px.jpg 1600w, https:\/\/loudavymkrokem.cz\/wp-content\/uploads\/2026\/08\/barcelona-vlak-r2-nord-je-nejlevnejsi-zachrana-px-300x200.jpg 300w, https:\/\/loudavymkrokem.cz\/wp-content\/uploads\/2026\/08\/barcelona-vlak-r2-nord-je-nejlevnejsi-zachrana-px-700x467.jpg 700w, https:\/\/loudavymkrokem.cz\/wp-content\/uploads\/2026\/08\/barcelona-vlak-r2-nord-je-nejlevnejsi-zachrana-px-768x512.jpg 768w, https:\/\/loudavymkrokem.cz\/wp-content\/uploads\/2026\/08\/barcelona-vlak-r2-nord-je-nejlevnejsi-zachrana-px-1536x1024.jpg 1536w, https:\/\/loudavymkrokem.cz\/wp-content\/uploads\/2026\/08\/barcelona-vlak-r2-nord-je-nejlevnejsi-zachrana-px-696x464.jpg 696w, https:\/\/loudavymkrokem.cz\/wp-content\/uploads\/2026\/08\/barcelona-vlak-r2-nord-je-nejlevnejsi-zachrana-px-1392x928.jpg 1392w\" sizes=\"(max-width: 1600px) 100vw, 1600px\" \/><button\n\t\t\tclass=\"lightbox-trigger\"\n\t\t\ttype=\"button\"\n\t\t\taria-haspopup=\"dialog\"\n\t\t\tdata-wp-bind--aria-label=\"state.thisImage.triggerButtonAriaLabel\"\n\t\t\tdata-wp-init=\"callbacks.initTriggerButton\"\n\t\t\tdata-wp-on--click=\"actions.showLightbox\"\n\t\t\tdata-wp-style--right=\"state.thisImage.buttonRight\"\n\t\t\tdata-wp-style--top=\"state.thisImage.buttonTop\"\n\t\t>\n\t\t\t<svg xmlns=\"http:\/\/www.w3.org\/2000\/svg\" width=\"12\" height=\"12\" fill=\"none\" viewBox=\"0 0 12 12\">\n\t\t\t\t<path fill=\"#fff\" d=\"M2 0a2 2 0 0 0-2 2v2h1.5V2a.5.5 0 0 1 .5-.5h2V0H2Zm2 10.5H2a.5.5 0 0 1-.5-.5V8H0v2a2 2 0 0 0 2 2h2v-1.5ZM8 12v-1.5h2a.5.5 0 0 0 .5-.5V8H12v2a2 2 0 0 1-2 2H8Zm2-12a2 2 0 0 1 2 2v2h-1.5V2a.5.5 0 0 0-.5-.5H8V0h2Z\" \/>\n\t\t\t<\/svg>\n\t\t<\/button><\/figure>\n\n\n\n<h3 class=\"wp-block-heading\"><span class=\"ez-toc-section\" id=\"2_Prix_indicatifs_des_billets_et_quand_les_acheter\"><\/span>2. Prix indicatifs des billets et quand les acheter<span class=\"ez-toc-section-end\"><\/span><\/h3>\n\n\n\n<p class=\"wp-block-paragraph\">Quand tu commences \u00e0 chercher des billets pour Barcelone, les moteurs de recherche vont probablement t&rsquo;afficher des chiffres incroyablement all\u00e9chants face auxquels il faut rester tr\u00e8s prudent. Certains comparateurs affichent des <strong>billets d\u00e8s 50 \u20ac<\/strong>, tandis que d&rsquo;autres annoncent des lignes r\u00e9guli\u00e8res \u00e0 partir d&rsquo;une centaine d&rsquo;euros. \u00c7a ressemble \u00e0 un r\u00eave de vacances pas ch\u00e8res, mais la r\u00e9alit\u00e9 de la haute saison est malheureusement bien diff\u00e9rente.<\/p>\n\n\n\n<p class=\"wp-block-paragraph\">Ne te laisse pas berner par les prospectus marketing, car ces montants magiques ne valent le plus souvent que pour les dates les moins attractives, en plein mois de novembre maussade. Le prix moyen d&rsquo;un billet Paris\u2013Barcelone tourne plut\u00f4t <strong>autour de 90 \u20ac l&rsquo;aller<\/strong>, et on parle uniquement d&rsquo;un sens, sans le moindre bagage. D\u00e8s qu&rsquo;en juillet ou ao\u00fbt tu ajoutes une valise cabine classique et que tu veux \u00eatre assis \u00e0 c\u00f4t\u00e9 de ton partenaire, pr\u00e9vois plut\u00f4t plus de 140 \u20ac l&rsquo;aller.<\/p>\n\n\n\n<p class=\"wp-block-paragraph\">La pire erreur est d&rsquo;acheter les billets \u00e0 la derni\u00e8re minute, quand les tarifs low cost peuvent tripler par rapport \u00e0 leur valeur normale. <strong>Le moment id\u00e9al pour acheter, c&rsquo;est environ deux \u00e0 trois mois avant le d\u00e9part<\/strong>, quand les compagnies n&rsquo;ont pas encore rempli leur capacit\u00e9 et proposent des tarifs raisonnables pour le commun des mortels.<\/p>\n\n\n\n<p class=\"wp-block-paragraph\">\ud83d\udca1 Conseil : si tu es flexible sur les dates de tes vacances, essaie de voler en milieu de semaine plut\u00f4t que le vendredi soir, car les <strong>vols du mardi et du mercredi sont statistiquement les moins chers<\/strong> de toute la semaine, et tu \u00e9conomiseras aussi sur l&rsquo;h\u00e9bergement.<\/p>\n\n\n\n<figure data-wp-context=\"{&quot;imageId&quot;:&quot;6a953a95a7654&quot;}\" data-wp-interactive=\"core\/image\" data-wp-key=\"6a953a95a7654\" class=\"wp-block-image size-full wp-lightbox-container\"><img decoding=\"async\" width=\"1600\" height=\"900\" data-wp-class--hide=\"state.isContentHidden\" data-wp-class--show=\"state.isContentVisible\" data-wp-init=\"callbacks.setButtonStyles\" data-wp-on--click=\"actions.showLightbox\" data-wp-on--load=\"callbacks.setButtonStyles\" data-wp-on--pointerdown=\"actions.preloadImage\" data-wp-on--pointerenter=\"actions.preloadImageWithDelay\" data-wp-on--pointerleave=\"actions.cancelPreload\" data-wp-on-window--resize=\"callbacks.setButtonStyles\" src=\"https:\/\/loudavymkrokem.cz\/wp-content\/uploads\/2026\/08\/barcelona-ryanair-a-nizkonakladove-pasti-se-za-px.jpg\" alt=\"Avion Ryanair au d\u00e9collage\" class=\"wp-image-376473\" title=\"\" srcset=\"https:\/\/loudavymkrokem.cz\/wp-content\/uploads\/2026\/08\/barcelona-ryanair-a-nizkonakladove-pasti-se-za-px.jpg 1600w, https:\/\/loudavymkrokem.cz\/wp-content\/uploads\/2026\/08\/barcelona-ryanair-a-nizkonakladove-pasti-se-za-px-300x169.jpg 300w, https:\/\/loudavymkrokem.cz\/wp-content\/uploads\/2026\/08\/barcelona-ryanair-a-nizkonakladove-pasti-se-za-px-700x394.jpg 700w, https:\/\/loudavymkrokem.cz\/wp-content\/uploads\/2026\/08\/barcelona-ryanair-a-nizkonakladove-pasti-se-za-px-768x432.jpg 768w, https:\/\/loudavymkrokem.cz\/wp-content\/uploads\/2026\/08\/barcelona-ryanair-a-nizkonakladove-pasti-se-za-px-1536x864.jpg 1536w, https:\/\/loudavymkrokem.cz\/wp-content\/uploads\/2026\/08\/barcelona-ryanair-a-nizkonakladove-pasti-se-za-px-696x392.jpg 696w, https:\/\/loudavymkrokem.cz\/wp-content\/uploads\/2026\/08\/barcelona-ryanair-a-nizkonakladove-pasti-se-za-px-1392x783.jpg 1392w\" sizes=\"(max-width: 1600px) 100vw, 1600px\" \/><button\n\t\t\tclass=\"lightbox-trigger\"\n\t\t\ttype=\"button\"\n\t\t\taria-haspopup=\"dialog\"\n\t\t\tdata-wp-bind--aria-label=\"state.thisImage.triggerButtonAriaLabel\"\n\t\t\tdata-wp-init=\"callbacks.initTriggerButton\"\n\t\t\tdata-wp-on--click=\"actions.showLightbox\"\n\t\t\tdata-wp-style--right=\"state.thisImage.buttonRight\"\n\t\t\tdata-wp-style--top=\"state.thisImage.buttonTop\"\n\t\t>\n\t\t\t<svg xmlns=\"http:\/\/www.w3.org\/2000\/svg\" width=\"12\" height=\"12\" fill=\"none\" viewBox=\"0 0 12 12\">\n\t\t\t\t<path fill=\"#fff\" d=\"M2 0a2 2 0 0 0-2 2v2h1.5V2a.5.5 0 0 1 .5-.5h2V0H2Zm2 10.5H2a.5.5 0 0 1-.5-.5V8H0v2a2 2 0 0 0 2 2h2v-1.5ZM8 12v-1.5h2a.5.5 0 0 0 .5-.5V8H12v2a2 2 0 0 1-2 2H8Zm2-12a2 2 0 0 1 2 2v2h-1.5V2a.5.5 0 0 0-.5-.5H8V0h2Z\" \/>\n\t\t\t<\/svg>\n\t\t<\/button><figcaption class=\"wp-element-caption\">Photo : Grzegorz Lewandowski \/ Pexels<\/figcaption><\/figure>\n\n\n\n<h3 class=\"wp-block-heading\"><span class=\"ez-toc-section\" id=\"3_Ryanair_et_les_pieges_des_bagages_low_cost\"><\/span>3. Ryanair et les pi\u00e8ges des bagages low cost<span class=\"ez-toc-section-end\"><\/span><\/h3>\n\n\n\n<p class=\"wp-block-paragraph\">Tu ach\u00e8tes un billet \u00e0 quelques dizaines d&rsquo;euros et tu as l&rsquo;impression d&rsquo;avoir enfin d\u00e9jou\u00e9 tout le syst\u00e8me du transport a\u00e9rien. Puis tu arrives \u00e0 la porte d&#8217;embarquement et la compagnie irlandaise te pr\u00e9sente une facture qui te fait carr\u00e9ment tomber des nues. Chez Ryanair en particulier, la <strong>politique bagages est un jeu impitoyable<\/strong>, sciemment con\u00e7u pour pi\u00e9ger la moindre erreur des voyageurs distraits.<\/p>\n\n\n\n<p class=\"wp-block-paragraph\">Dans le tarif de base du billet, tu n&rsquo;as droit qu&rsquo;\u00e0 un petit sac personnel, dont les <strong>dimensions sont strictement limit\u00e9es \u00e0 40 \u00d7 20 \u00d7 25 centim\u00e8tres<\/strong>. Ce petit sac doit imp\u00e9rativement rentrer sous le si\u00e8ge devant toi, et le personnel de l&rsquo;a\u00e9roport le remesure souvent sans la moindre indulgence \u00e0 la porte. Si tu veux emporter une valise cabine classique jusqu&rsquo;\u00e0 dix kilos, de dimensions 55 \u00d7 40 \u00d7 20 centim\u00e8tres, tu dois payer un suppl\u00e9ment Priority d\u00e8s l&rsquo;achat du billet.<\/p>\n\n\n\n<p class=\"wp-block-paragraph\">C&rsquo;est l\u00e0 que se referme le pi\u00e8ge pour tous ceux qui ne lisent pas les r\u00e8gles jusqu&rsquo;au bout. Qui n&rsquo;ach\u00e8te pas Priority \u00e0 temps et se pr\u00e9sente avec une valise plus grande \u00e0 la porte <strong>paie sur place une amende sal\u00e9e de 35 \u20ac<\/strong> pour bagage non conforme. Et si ta valise d\u00e9passe carr\u00e9ment les limites autoris\u00e9es, cette p\u00e9nalit\u00e9 grimpe aussit\u00f4t \u00e0 69,99 \u20ac.<\/p>\n\n\n\n<p class=\"wp-block-paragraph\">\ud83d\udca1 Conseil : mesure toujours ton sac au m\u00e8tre \u00e0 la maison et ne compte pas <strong>le faire passer discr\u00e8tement \u00e0 la porte<\/strong>, car les contr\u00f4les inopin\u00e9s des dimensions sont particuli\u00e8rement fr\u00e9quents sur les vols vers l&rsquo;Espagne.<\/p>\n\n\n\n<figure data-wp-context=\"{&quot;imageId&quot;:&quot;6a953a95a7b35&quot;}\" data-wp-interactive=\"core\/image\" data-wp-key=\"6a953a95a7b35\" class=\"wp-block-image size-full wp-lightbox-container\"><img decoding=\"async\" width=\"1600\" height=\"1067\" data-wp-class--hide=\"state.isContentHidden\" data-wp-class--show=\"state.isContentVisible\" data-wp-init=\"callbacks.setButtonStyles\" data-wp-on--click=\"actions.showLightbox\" data-wp-on--load=\"callbacks.setButtonStyles\" data-wp-on--pointerdown=\"actions.preloadImage\" data-wp-on--pointerenter=\"actions.preloadImageWithDelay\" data-wp-on--pointerleave=\"actions.cancelPreload\" data-wp-on-window--resize=\"callbacks.setButtonStyles\" src=\"https:\/\/loudavymkrokem.cz\/wp-content\/uploads\/2026\/08\/barcelona-vueling-a-jejich-odstupnovana-kila-px.jpg\" alt=\"Avions sur le tarmac de l&#039;a\u00e9roport de Barcelone El Prat\" class=\"wp-image-376474\" title=\"\" srcset=\"https:\/\/loudavymkrokem.cz\/wp-content\/uploads\/2026\/08\/barcelona-vueling-a-jejich-odstupnovana-kila-px.jpg 1600w, https:\/\/loudavymkrokem.cz\/wp-content\/uploads\/2026\/08\/barcelona-vueling-a-jejich-odstupnovana-kila-px-300x200.jpg 300w, https:\/\/loudavymkrokem.cz\/wp-content\/uploads\/2026\/08\/barcelona-vueling-a-jejich-odstupnovana-kila-px-700x467.jpg 700w, https:\/\/loudavymkrokem.cz\/wp-content\/uploads\/2026\/08\/barcelona-vueling-a-jejich-odstupnovana-kila-px-768x512.jpg 768w, https:\/\/loudavymkrokem.cz\/wp-content\/uploads\/2026\/08\/barcelona-vueling-a-jejich-odstupnovana-kila-px-1536x1024.jpg 1536w, https:\/\/loudavymkrokem.cz\/wp-content\/uploads\/2026\/08\/barcelona-vueling-a-jejich-odstupnovana-kila-px-696x464.jpg 696w, https:\/\/loudavymkrokem.cz\/wp-content\/uploads\/2026\/08\/barcelona-vueling-a-jejich-odstupnovana-kila-px-1392x928.jpg 1392w\" sizes=\"(max-width: 1600px) 100vw, 1600px\" \/><button\n\t\t\tclass=\"lightbox-trigger\"\n\t\t\ttype=\"button\"\n\t\t\taria-haspopup=\"dialog\"\n\t\t\tdata-wp-bind--aria-label=\"state.thisImage.triggerButtonAriaLabel\"\n\t\t\tdata-wp-init=\"callbacks.initTriggerButton\"\n\t\t\tdata-wp-on--click=\"actions.showLightbox\"\n\t\t\tdata-wp-style--right=\"state.thisImage.buttonRight\"\n\t\t\tdata-wp-style--top=\"state.thisImage.buttonTop\"\n\t\t>\n\t\t\t<svg xmlns=\"http:\/\/www.w3.org\/2000\/svg\" width=\"12\" height=\"12\" fill=\"none\" viewBox=\"0 0 12 12\">\n\t\t\t\t<path fill=\"#fff\" d=\"M2 0a2 2 0 0 0-2 2v2h1.5V2a.5.5 0 0 1 .5-.5h2V0H2Zm2 10.5H2a.5.5 0 0 1-.5-.5V8H0v2a2 2 0 0 0 2 2h2v-1.5ZM8 12v-1.5h2a.5.5 0 0 0 .5-.5V8H12v2a2 2 0 0 1-2 2H8Zm2-12a2 2 0 0 1 2 2v2h-1.5V2a.5.5 0 0 0-.5-.5H8V0h2Z\" \/>\n\t\t\t<\/svg>\n\t\t<\/button><figcaption class=\"wp-element-caption\">Photo : Noland Live \/ Pexels<\/figcaption><\/figure>\n\n\n\n<h3 class=\"wp-block-heading\"><span class=\"ez-toc-section\" id=\"4_Vueling_et_ses_kilos_par_paliers\"><\/span>4. Vueling et ses kilos par paliers<span class=\"ez-toc-section-end\"><\/span><\/h3>\n\n\n\n<p class=\"wp-block-paragraph\">La compagnie low cost espagnole Vueling, dont la principale base se trouve justement \u00e0 Barcelone, joue avec les voyageurs un jeu un peu diff\u00e9rent et, \u00e0 premi\u00e8re vue, plus sympathique. Elle mise en effet sur un <strong>d\u00e9coupage tr\u00e8s d\u00e9taill\u00e9 du poids des bagages enregistr\u00e9s<\/strong>, ce qui te donne en th\u00e9orie la belle possibilit\u00e9 de payer exactement pour ce dont tu as r\u00e9ellement besoin.<\/p>\n\n\n\n<p class=\"wp-block-paragraph\">Si tu voyages l\u00e9ger et n&rsquo;as pas besoin de trimballer des inutilit\u00e9s, tu <strong>obtiens une valise de quinze kilos d\u00e8s 5 \u20ac en pr\u00e9vente<\/strong>. Un bagage de vingt kilos te co\u00fbtera environ 6 \u20ac et, pour une valise de vingt-cinq kilos, tu paieras \u00e0 partir de 9 \u20ac. \u00c7a para\u00eet parfaitement \u00e9quitable et transparent, jusqu&rsquo;au moment o\u00f9, \u00e0 l&rsquo;a\u00e9roport, tu d\u00e9passes ta limite achet\u00e9e ne serait-ce que d&rsquo;un seul kilo.<\/p>\n\n\n\n<p class=\"wp-block-paragraph\">D\u00e8s que la balance au comptoir affiche plus que ce que tu as officiellement pay\u00e9, les sourires du personnel s&rsquo;\u00e9vaporent et <strong>suivent de grosses p\u00e9nalit\u00e9s d&rsquo;exc\u00e9dent factur\u00e9es au kilogramme<\/strong>. \u00c7a vaut donc vraiment la peine de peser ta valise pleine \u00e0 la maison sur un p\u00e8se-personne et de plut\u00f4t acheter d&#8217;embl\u00e9e cinq kilos de marge en plus pour quelques euros suppl\u00e9mentaires.<\/p>\n\n\n\n<p class=\"wp-block-paragraph\">\ud83d\udca1 Conseil : Vueling propose sur ses tarifs plus chers la modification gratuite du vol, ce qui <strong>peut s&rsquo;av\u00e9rer utile face \u00e0 l&rsquo;impr\u00e9visibilit\u00e9 des vacances d&rsquo;\u00e9t\u00e9<\/strong>, quand les plans familiaux changent litt\u00e9ralement du jour au lendemain.<\/p>\n\n\n\n<figure data-wp-context=\"{&quot;imageId&quot;:&quot;6a953a95a8018&quot;}\" data-wp-interactive=\"core\/image\" data-wp-key=\"6a953a95a8018\" class=\"wp-block-image size-full wp-lightbox-container\"><img decoding=\"async\" width=\"1600\" height=\"900\" data-wp-class--hide=\"state.isContentHidden\" data-wp-class--show=\"state.isContentVisible\" data-wp-init=\"callbacks.setButtonStyles\" data-wp-on--click=\"actions.showLightbox\" data-wp-on--load=\"callbacks.setButtonStyles\" data-wp-on--pointerdown=\"actions.preloadImage\" data-wp-on--pointerenter=\"actions.preloadImageWithDelay\" data-wp-on--pointerleave=\"actions.cancelPreload\" data-wp-on-window--resize=\"callbacks.setButtonStyles\" src=\"https:\/\/loudavymkrokem.cz\/wp-content\/uploads\/2026\/08\/barcelona-pozor-na-letni-skrty-u-smartwings-px.jpg\" alt=\"Avion sur le tarmac de l&#039;a\u00e9roport\" class=\"wp-image-376475\" title=\"\" srcset=\"https:\/\/loudavymkrokem.cz\/wp-content\/uploads\/2026\/08\/barcelona-pozor-na-letni-skrty-u-smartwings-px.jpg 1600w, https:\/\/loudavymkrokem.cz\/wp-content\/uploads\/2026\/08\/barcelona-pozor-na-letni-skrty-u-smartwings-px-300x169.jpg 300w, https:\/\/loudavymkrokem.cz\/wp-content\/uploads\/2026\/08\/barcelona-pozor-na-letni-skrty-u-smartwings-px-700x394.jpg 700w, https:\/\/loudavymkrokem.cz\/wp-content\/uploads\/2026\/08\/barcelona-pozor-na-letni-skrty-u-smartwings-px-768x432.jpg 768w, https:\/\/loudavymkrokem.cz\/wp-content\/uploads\/2026\/08\/barcelona-pozor-na-letni-skrty-u-smartwings-px-1536x864.jpg 1536w, https:\/\/loudavymkrokem.cz\/wp-content\/uploads\/2026\/08\/barcelona-pozor-na-letni-skrty-u-smartwings-px-696x392.jpg 696w, https:\/\/loudavymkrokem.cz\/wp-content\/uploads\/2026\/08\/barcelona-pozor-na-letni-skrty-u-smartwings-px-1392x783.jpg 1392w\" sizes=\"(max-width: 1600px) 100vw, 1600px\" \/><button\n\t\t\tclass=\"lightbox-trigger\"\n\t\t\ttype=\"button\"\n\t\t\taria-haspopup=\"dialog\"\n\t\t\tdata-wp-bind--aria-label=\"state.thisImage.triggerButtonAriaLabel\"\n\t\t\tdata-wp-init=\"callbacks.initTriggerButton\"\n\t\t\tdata-wp-on--click=\"actions.showLightbox\"\n\t\t\tdata-wp-style--right=\"state.thisImage.buttonRight\"\n\t\t\tdata-wp-style--top=\"state.thisImage.buttonTop\"\n\t\t>\n\t\t\t<svg xmlns=\"http:\/\/www.w3.org\/2000\/svg\" width=\"12\" height=\"12\" fill=\"none\" viewBox=\"0 0 12 12\">\n\t\t\t\t<path fill=\"#fff\" d=\"M2 0a2 2 0 0 0-2 2v2h1.5V2a.5.5 0 0 1 .5-.5h2V0H2Zm2 10.5H2a.5.5 0 0 1-.5-.5V8H0v2a2 2 0 0 0 2 2h2v-1.5ZM8 12v-1.5h2a.5.5 0 0 0 .5-.5V8H12v2a2 2 0 0 1-2 2H8Zm2-12a2 2 0 0 1 2 2v2h-1.5V2a.5.5 0 0 0-.5-.5H8V0h2Z\" \/>\n\t\t\t<\/svg>\n\t\t<\/button><figcaption class=\"wp-element-caption\">Photo : Dan Wright \/ Pexels<\/figcaption><\/figure>\n\n\n\n<h3 class=\"wp-block-heading\"><span class=\"ez-toc-section\" id=\"5_Attention_aux_coupes_de_vols_estivales\"><\/span>5. Attention aux coupes de vols estivales<span class=\"ez-toc-section-end\"><\/span><\/h3>\n\n\n\n<p class=\"wp-block-paragraph\">Les compagnies a\u00e9riennes sont souvent une valeur s\u00fbre pour beaucoup de voyageurs, mais en 2026 il faut \u00eatre particuli\u00e8rement vigilant au moment de r\u00e9server ses vacances. Certaines compagnies ont en effet <strong>fortement r\u00e9duit leurs fr\u00e9quences sur plusieurs lignes pris\u00e9es en \u00e9t\u00e9<\/strong> et ont m\u00eame totalement supprim\u00e9 des liaisons vers certaines destinations.<\/p>\n\n\n\n<p class=\"wp-block-paragraph\">M\u00eame si Barcelone reste heureusement bien desservie, c&rsquo;est un signal clair que les <strong>horaires estivaux peuvent \u00e9voluer de fa\u00e7on tr\u00e8s dynamique<\/strong> selon le taux de remplissage. Il n&rsquo;y a rien de pire que de r\u00e9server un h\u00f4tel cher pr\u00e8s de la plage et de d\u00e9couvrir quelques semaines avant le d\u00e9part que ton vol du mardi a \u00e9t\u00e9 soudainement d\u00e9plac\u00e9 au jeudi matin.<\/p>\n\n\n\n<p class=\"wp-block-paragraph\">V\u00e9rifie donc toujours soigneusement tous les horaires indicatifs et les jours de d\u00e9part pr\u00e9cis <strong>directement sur le site officiel du transporteur<\/strong> juste avant l&rsquo;achat final du billet. Ne te fie jamais uniquement aux anciennes donn\u00e9es des grands comparateurs de vols, qui peuvent avoir un l\u00e9ger retard dans la mise \u00e0 jour de leurs syst\u00e8mes et proposer des vols qui n&rsquo;existent plus.<\/p>\n\n\n\n<p class=\"wp-block-paragraph\">\ud83d\udca1 Conseil : si la compagnie annule ton vol moins de quatorze jours avant le d\u00e9part, tu <strong>as droit selon les r\u00e8gles europ\u00e9ennes \u00e0 une g\u00e9n\u00e9reuse compensation financi\u00e8re<\/strong>, alors surveille bien tes droits.<\/p>\n\n\n\n<figure data-wp-context=\"{&quot;imageId&quot;:&quot;6a953a95a8567&quot;}\" data-wp-interactive=\"core\/image\" data-wp-key=\"6a953a95a8567\" class=\"wp-block-image size-full wp-lightbox-container\"><img decoding=\"async\" width=\"2000\" height=\"1333\" data-wp-class--hide=\"state.isContentHidden\" data-wp-class--show=\"state.isContentVisible\" data-wp-init=\"callbacks.setButtonStyles\" data-wp-on--click=\"actions.showLightbox\" data-wp-on--load=\"callbacks.setButtonStyles\" data-wp-on--pointerdown=\"actions.preloadImage\" data-wp-on--pointerenter=\"actions.preloadImageWithDelay\" data-wp-on--pointerleave=\"actions.cancelPreload\" data-wp-on-window--resize=\"callbacks.setButtonStyles\" src=\"https:\/\/loudavymkrokem.cz\/wp-content\/uploads\/2026\/08\/barcelona-strecha-vyhled.jpg\" alt=\"Vue sur les toits de la vieille ville de Barcelone depuis une terrasse\" class=\"wp-image-376351\" title=\"\" srcset=\"https:\/\/loudavymkrokem.cz\/wp-content\/uploads\/2026\/08\/barcelona-strecha-vyhled.jpg 2000w, https:\/\/loudavymkrokem.cz\/wp-content\/uploads\/2026\/08\/barcelona-strecha-vyhled-300x200.jpg 300w, https:\/\/loudavymkrokem.cz\/wp-content\/uploads\/2026\/08\/barcelona-strecha-vyhled-700x467.jpg 700w, https:\/\/loudavymkrokem.cz\/wp-content\/uploads\/2026\/08\/barcelona-strecha-vyhled-768x512.jpg 768w, https:\/\/loudavymkrokem.cz\/wp-content\/uploads\/2026\/08\/barcelona-strecha-vyhled-1536x1024.jpg 1536w, https:\/\/loudavymkrokem.cz\/wp-content\/uploads\/2026\/08\/barcelona-strecha-vyhled-696x464.jpg 696w, https:\/\/loudavymkrokem.cz\/wp-content\/uploads\/2026\/08\/barcelona-strecha-vyhled-1392x928.jpg 1392w, https:\/\/loudavymkrokem.cz\/wp-content\/uploads\/2026\/08\/barcelona-strecha-vyhled-1920x1280.jpg 1920w\" sizes=\"(max-width: 2000px) 100vw, 2000px\" \/><button\n\t\t\tclass=\"lightbox-trigger\"\n\t\t\ttype=\"button\"\n\t\t\taria-haspopup=\"dialog\"\n\t\t\tdata-wp-bind--aria-label=\"state.thisImage.triggerButtonAriaLabel\"\n\t\t\tdata-wp-init=\"callbacks.initTriggerButton\"\n\t\t\tdata-wp-on--click=\"actions.showLightbox\"\n\t\t\tdata-wp-style--right=\"state.thisImage.buttonRight\"\n\t\t\tdata-wp-style--top=\"state.thisImage.buttonTop\"\n\t\t>\n\t\t\t<svg xmlns=\"http:\/\/www.w3.org\/2000\/svg\" width=\"12\" height=\"12\" fill=\"none\" viewBox=\"0 0 12 12\">\n\t\t\t\t<path fill=\"#fff\" d=\"M2 0a2 2 0 0 0-2 2v2h1.5V2a.5.5 0 0 1 .5-.5h2V0H2Zm2 10.5H2a.5.5 0 0 1-.5-.5V8H0v2a2 2 0 0 0 2 2h2v-1.5ZM8 12v-1.5h2a.5.5 0 0 0 .5-.5V8H12v2a2 2 0 0 1-2 2H8Zm2-12a2 2 0 0 1 2 2v2h-1.5V2a.5.5 0 0 0-.5-.5H8V0h2Z\" \/>\n\t\t\t<\/svg>\n\t\t<\/button><\/figure>\n\n\n\n<h3 class=\"wp-block-heading\"><span class=\"ez-toc-section\" id=\"6_Les_faux_aeroports_de_Gerone_et_Reus\"><\/span>6. Les faux a\u00e9roports de G\u00e9rone et Reus<span class=\"ez-toc-section-end\"><\/span><\/h3>\n\n\n\n<p class=\"wp-block-paragraph\">Pendant des ann\u00e9es, une r\u00e8gle bien perfide s&rsquo;appliquait : les billets les moins chers portant en gros la mention \u00ab Barcelone \u00bb ne t&#8217;emmenaient en r\u00e9alit\u00e9 pas du tout \u00e0 Barcelone. Les compagnies low cost adorent en effet utiliser <strong>l&rsquo;a\u00e9roport de G\u00e9rone\u2013Costa Brava au nord et celui de Reus au sud<\/strong>, tous deux situ\u00e9s \u00e0 une centaine de kilom\u00e8tres de la m\u00e9tropole catalane et n\u00e9cessitant un transport suppl\u00e9mentaire.<\/p>\n\n\n\n<p class=\"wp-block-paragraph\">L&rsquo;avertissement essentiel pour 2026 : depuis la France, ces a\u00e9roports secondaires sont rarement desservis en direct, et les comparateurs peuvent afficher des liaisons avec des prix de 90 \u00e0 135 dollars qui, apr\u00e8s clic, se r\u00e9v\u00e8lent toujours \u00eatre de tr\u00e8s longs vols avec escale, sans aucun sens pour de courtes vacances.<\/p>\n\n\n\n<p class=\"wp-block-paragraph\">M\u00eame si tu d\u00e9nichais un tel vol via une autre ville, calcule bien \u00e0 l&rsquo;avance le pi\u00e8ge brutal du transfert. Les bus de la ligne 604 de la compagnie Sagal\u00e9s depuis G\u00e9rone jusqu&rsquo;\u00e0 la gare d&rsquo;Estaci\u00f3 del Nord <strong>co\u00fbtent 22 \u20ac l&rsquo;aller<\/strong> et le trajet dure plus d&rsquo;une heure et quart. Depuis Reus, la compagnie Hispano Igualadina roule pour environ 15 \u20ac l&rsquo;aller et le trajet s&rsquo;\u00e9tire sur une heure vingt. Ces bus attendent bien les arriv\u00e9es, mais au retour tu dois surveiller toi-m\u00eame ta correspondance.<\/p>\n\n\n\n<p class=\"wp-block-paragraph\">\ud83d\udca1 Conseil : ces a\u00e9roports \u00e9loign\u00e9s n&rsquo;ont de sens que si <strong>tes vacances visent avant tout les plages de la Costa Brava ou le parc d&rsquo;attractions PortAventura<\/strong> ; sinon, \u00e9vite-les soigneusement.<\/p>\n\n\n\n<figure data-wp-context=\"{&quot;imageId&quot;:&quot;6a953a95a8b98&quot;}\" data-wp-interactive=\"core\/image\" data-wp-key=\"6a953a95a8b98\" class=\"wp-block-image size-full wp-lightbox-container\"><img decoding=\"async\" width=\"1600\" height=\"1065\" data-wp-class--hide=\"state.isContentHidden\" data-wp-class--show=\"state.isContentVisible\" data-wp-init=\"callbacks.setButtonStyles\" data-wp-on--click=\"actions.showLightbox\" data-wp-on--load=\"callbacks.setButtonStyles\" data-wp-on--pointerdown=\"actions.preloadImage\" data-wp-on--pointerenter=\"actions.preloadImageWithDelay\" data-wp-on--pointerleave=\"actions.cancelPreload\" data-wp-on-window--resize=\"callbacks.setButtonStyles\" src=\"https:\/\/loudavymkrokem.cz\/wp-content\/uploads\/2026\/08\/barcelona-den-1-a-2-to-nejdulezitejsi-z-metrop-px.jpg\" alt=\"Quai du m\u00e9tro de Barcelone\" class=\"wp-image-376542\" title=\"\" srcset=\"https:\/\/loudavymkrokem.cz\/wp-content\/uploads\/2026\/08\/barcelona-den-1-a-2-to-nejdulezitejsi-z-metrop-px.jpg 1600w, https:\/\/loudavymkrokem.cz\/wp-content\/uploads\/2026\/08\/barcelona-den-1-a-2-to-nejdulezitejsi-z-metrop-px-300x200.jpg 300w, https:\/\/loudavymkrokem.cz\/wp-content\/uploads\/2026\/08\/barcelona-den-1-a-2-to-nejdulezitejsi-z-metrop-px-700x466.jpg 700w, https:\/\/loudavymkrokem.cz\/wp-content\/uploads\/2026\/08\/barcelona-den-1-a-2-to-nejdulezitejsi-z-metrop-px-768x511.jpg 768w, https:\/\/loudavymkrokem.cz\/wp-content\/uploads\/2026\/08\/barcelona-den-1-a-2-to-nejdulezitejsi-z-metrop-px-1536x1022.jpg 1536w, https:\/\/loudavymkrokem.cz\/wp-content\/uploads\/2026\/08\/barcelona-den-1-a-2-to-nejdulezitejsi-z-metrop-px-696x463.jpg 696w, https:\/\/loudavymkrokem.cz\/wp-content\/uploads\/2026\/08\/barcelona-den-1-a-2-to-nejdulezitejsi-z-metrop-px-1392x927.jpg 1392w\" sizes=\"(max-width: 1600px) 100vw, 1600px\" \/><button\n\t\t\tclass=\"lightbox-trigger\"\n\t\t\ttype=\"button\"\n\t\t\taria-haspopup=\"dialog\"\n\t\t\tdata-wp-bind--aria-label=\"state.thisImage.triggerButtonAriaLabel\"\n\t\t\tdata-wp-init=\"callbacks.initTriggerButton\"\n\t\t\tdata-wp-on--click=\"actions.showLightbox\"\n\t\t\tdata-wp-style--right=\"state.thisImage.buttonRight\"\n\t\t\tdata-wp-style--top=\"state.thisImage.buttonTop\"\n\t\t>\n\t\t\t<svg xmlns=\"http:\/\/www.w3.org\/2000\/svg\" width=\"12\" height=\"12\" fill=\"none\" viewBox=\"0 0 12 12\">\n\t\t\t\t<path fill=\"#fff\" d=\"M2 0a2 2 0 0 0-2 2v2h1.5V2a.5.5 0 0 1 .5-.5h2V0H2Zm2 10.5H2a.5.5 0 0 1-.5-.5V8H0v2a2 2 0 0 0 2 2h2v-1.5ZM8 12v-1.5h2a.5.5 0 0 0 .5-.5V8H12v2a2 2 0 0 1-2 2H8Zm2-12a2 2 0 0 1 2 2v2h-1.5V2a.5.5 0 0 0-.5-.5H8V0h2Z\" \/>\n\t\t\t<\/svg>\n\t\t<\/button><\/figure>\n\n\n\n<!-- LKM_GYG_CARD start q=\"letenky barcelona\" lang=\"fr\" rendered=\"2026-08-31T06:58:56+00:00\" v=\"1\" -->\n<style id=\"lk-gyg-styles\">\n@import url(\"https:\/\/fonts.googleapis.com\/css2?family=Playfair+Display:wght@700&family=DM+Sans:wght@300;400;500;600&display=swap\");\n\/* === LK GYG karty \u2014 CRO redesign 2026-05 (namespace .lkx-) ===\n   C\u00edl: vy\u0161\u0161\u00ed CTR (hero + v\u00fdrazn\u00fd social proof + ak\u010dn\u00ed CTA, m\u00e9n\u011b \"reklamn\u00ed\").\n   Injektuje se inline do prvn\u00edho markeru postu (refresh_cards.py --inline-css). *\/\n.lkx-module, .lkx-module *{box-sizing:border-box;margin:0;padding:0}\n.lkx-module{\n  font-family:'DM Sans',-apple-system,Segoe UI,Roboto,Georgia,sans-serif;\n  max-width:860px;margin:2.5rem auto;color:#1f2328;\n}\n\n\/* HEADER \u2014 lehk\u00fd editorsk\u00fd, \u017e\u00e1dn\u00fd bannerov\u00fd blok; nadpis + popisek pod n\u00edm *\/\n.lkx-head{margin-bottom:16px}\n.lkx-head-main{display:flex;align-items:center;gap:10px}\n.lkx-head-accent{width:26px;height:3px;border-radius:2px;background:#c39f76;flex-shrink:0}\n.lkx-head-title{font-family:'Playfair Display',Georgia,serif;font-size:21px;font-weight:700;color:#1a1a1a;line-height:1.25}\n.lkx-head-meta{display:block;font-size:11px;letter-spacing:.3px;color:#9aa0a6;margin-top:4px;margin-left:36px}\n\n\/* HERO *\/\n.lkx-hero{display:grid;grid-template-columns:300px 1fr;background:#fff;border:1px solid #ece7df;border-radius:14px;overflow:hidden;text-decoration:none!important;color:inherit;box-shadow:0 6px 20px rgba(0,0,0,.06);transition:box-shadow .2s,transform .2s;margin-bottom:14px}\n.lkx-hero:hover{box-shadow:0 12px 30px rgba(0,0,0,.12);transform:translateY(-2px)}\n.lkx-hero-img{position:relative;min-height:230px;background-size:cover;background-position:center;background-color:#eee}\n.lkx-hero-body{padding:22px 24px;display:flex;flex-direction:column}\n.lkx-pick{position:absolute;top:12px;left:12px;background:#1a1a1a;color:#fff;font-size:11px;font-weight:700;letter-spacing:.5px;padding:5px 11px;border-radius:20px}\n\n\/* TITLE *\/\n.lkx-title{font-size:19px;font-weight:700;color:#161616;line-height:1.3}\n.lkx-title-sm{font-size:14.5px;line-height:1.35;display:-webkit-box;-webkit-line-clamp:2;-webkit-box-orient:vertical;overflow:hidden}\n\n\/* SOCIAL PROOF \u2014 v\u00fdrazn\u011b, naho\u0159e *\/\n.lkx-proof{display:flex;align-items:center;gap:7px;margin-top:12px;font-size:15px;color:#3a3a3a}\n.lkx-proof b{font-size:16px;color:#161616}\n.lkx-stars{color:#f5a623;letter-spacing:1px}\n.lkx-proof-sm{font-size:12.5px;margin-top:8px;gap:5px}\n.lkx-proof-sm b{font-size:13px}\n.lkx-proof-new{color:#3685fc;font-weight:600}\n\n\/* PRICE \u2014 n\u00edzk\u00e1 kotva *\/\n.lkx-price{font-size:14px;color:#6b7280}\n.lkx-price b{font-size:20px;color:#161616;font-weight:700}\n.lkx-price-sm b{font-size:15px}\n\n\/* CTA \u2014 tepl\u00e9 ak\u010dn\u00ed tla\u010d\u00edtko *\/\n.lkx-cta{display:inline-flex;align-items:center;justify-content:center;text-decoration:none!important;font-weight:700;color:#fff!important;background:linear-gradient(135deg,#f6743f,#e8552a);border-radius:10px;box-shadow:0 6px 16px rgba(232,85,42,.32);transition:box-shadow .2s}\n.lkx-cta-hero{font-size:15px;padding:13px 22px}\n.lkx-hero:hover .lkx-cta-hero{box-shadow:0 8px 22px rgba(232,85,42,.45)}\n.lkx-cta-sm{font-size:12.5px;padding:9px 14px;width:100%;margin-top:2px}\n.lkx-hero-bottom{margin-top:auto;padding-top:18px;display:flex;align-items:center;justify-content:space-between;gap:14px;flex-wrap:wrap}\n\n\/* BADGE \u2014 jeden v\u00fdrazn\u00fd na fotce *\/\n.lkx-badge{position:absolute;top:12px;right:12px;font-size:10.5px;font-weight:700;letter-spacing:.3px;padding:5px 10px;border-radius:16px;color:#fff}\n.lkx-badge.badge-urgency{background:rgba(214,40,40,.92)}\n.lkx-badge.badge-new{background:rgba(54,133,252,.92)}\n.lkx-badge.badge-top{background:rgba(195,159,118,.95)}\n.lkx-badge.badge-info{background:rgba(40,40,40,.78)}\n\n\/* SECONDARY GRID *\/\n.lkx-grid{display:grid;grid-template-columns:1fr 1fr;gap:14px}\n.lkx-card{background:#fff;border:1px solid #ece7df;border-radius:14px;overflow:hidden;text-decoration:none!important;color:inherit;box-shadow:0 4px 14px rgba(0,0,0,.05);display:flex;flex-direction:column;transition:box-shadow .2s,transform .2s}\n.lkx-card:hover{box-shadow:0 10px 24px rgba(0,0,0,.1);transform:translateY(-2px)}\n.lkx-card-img{position:relative;aspect-ratio:16\/10;background-size:cover;background-position:center;background-color:#eee}\n.lkx-card-body{padding:14px 16px 16px;display:flex;flex-direction:column;gap:7px;flex:1}\n.lkx-card-bottom{margin-top:auto;padding-top:10px;display:flex;align-items:center;justify-content:space-between;gap:8px}\n\n\/* DISCLOSURE \u2014 drobn\u00e1, kv\u016fli d\u016fv\u011b\u0159e\/z\u00e1konu *\/\n.lkx-disclosure{font-size:11px;color:#a7adb3;text-align:center;margin-top:14px;line-height:1.6}\n.lkx-disclosure a{color:#c39f76;text-decoration:none}\n\n@media(max-width:680px){\n  .lkx-hero{grid-template-columns:1fr}\n  .lkx-hero-img{min-height:180px}\n  .lkx-grid{grid-template-columns:1fr}\n  .lkx-head-meta{margin-left:0;width:100%}\n  .lkx-head-title{font-size:19px}\n}\n\n<\/style>\n<div class=\"lkx-module\" data-query=\"letenky barcelona\">\n  <div class=\"lkx-head\">\n    <div class=\"lkx-head-main\">\n      <span class=\"lkx-head-accent\"><\/span>\n      <span class=\"lkx-head-title\">Exp\u00e9riences et billets<\/span>\n    <\/div>\n    <span class=\"lkx-head-meta\">not\u00e9 par les voyageurs \u00b7 GetYourGuide<\/span>\n  <\/div><a class=\"lkx-hero\" href=\"https:\/\/www.getyourguide.com\/fr-fr\/barcelone-l45\/billet-coupe-file-pour-la-sagrada-familia-t50027\/?partner_id=MKZ64IS&amp;utm_medium=online_publisher&amp;cmp=rejoindre-barcelone-espagne-vols\" target=\"_blank\" rel=\"sponsored noopener nofollow\">\n    <div class=\"lkx-hero-img\" style=\"background-image:url('https:\/\/cdn.getyourguide.com\/img\/tour\/62bacf6a87bba.jpeg\/132.jpg')\" role=\"img\" aria-label=\"Barcelone\u00a0: billet d&#39;entr\u00e9e pour la Sagrada Fam\u00edlia avec audioguide\">\n      <span class=\"lkx-pick\">\u2605 Notre choix<\/span><\/div>\n    <div class=\"lkx-hero-body\">\n      <div class=\"lkx-title\">Barcelone\u00a0: billet d&#39;entr\u00e9e pour la Sagrada Fam\u00edlia avec audioguide<\/div>\n      <div class=\"lkx-proof\">\n      <span class=\"lkx-stars\">\u2605\u2605\u2605\u2605\u2605<\/span>\n      <b>4.6<\/b> \u00b7 117 939 avis\n    <\/div>\n      <div class=\"lkx-hero-bottom\"><div class=\"lkx-price\">\u00e0 partir de <b>34\u00a0\u20ac<\/b><\/div><span class=\"lkx-cta lkx-cta-hero\">Je veux vivre \u00e7a \u2192<\/span>\n      <\/div>\n    <\/div>\n  <\/a><div class=\"lkx-grid\"><a class=\"lkx-card\" href=\"https:\/\/www.getyourguide.com\/fr-fr\/barcelone-l45\/hola-bcn-barcelona-travel-card-t50000\/?partner_id=MKZ64IS&amp;utm_medium=online_publisher&amp;cmp=rejoindre-barcelone-espagne-vols\" target=\"_blank\" rel=\"sponsored noopener nofollow\">\n      <div class=\"lkx-card-img\" style=\"background-image:url('https:\/\/cdn.getyourguide.com\/img\/tour\/88b8b216ab478b32.jpeg\/132.jpg')\" role=\"img\" aria-label=\"Barcelone : carte de transport en commun Hola Barcelona\"><\/div>\n      <div class=\"lkx-card-body\">\n        <div class=\"lkx-title lkx-title-sm\">Barcelone : carte de transport en commun Hola Barcelona<\/div>\n        <div class=\"lkx-proof lkx-proof-sm\">\n      <span class=\"lkx-stars\">\u2605<\/span>\n      <b>4.5<\/b> \u00b7 22 187\n    <\/div>\n        <div class=\"lkx-card-bottom\"><span class=\"lkx-price lkx-price-sm\">\u00e0 partir de <b>19\u00a0\u20ac<\/b><\/span><span class=\"lkx-cta lkx-cta-sm\">Voir les dates \u2192<\/span>\n        <\/div>\n      <\/div>\n    <\/a><a class=\"lkx-card\" href=\"https:\/\/www.getyourguide.com\/fr-fr\/barcelone-l45\/barcelone-visite-privative-sur-l-histoire-de-la-guerre-civile-a-barcelone-t1456670\/?partner_id=MKZ64IS&amp;utm_medium=online_publisher&amp;cmp=rejoindre-barcelone-espagne-vols\" target=\"_blank\" rel=\"sponsored noopener nofollow\">\n      <div class=\"lkx-card-img\" style=\"background-image:url('https:\/\/cdn.getyourguide.com\/img\/tour\/84bf4bf323d86bfa6d1f5bccf7ca15397beea40fd7650c7ff820b776b8746b57.png\/132.jpg')\" role=\"img\" aria-label=\"Barcelone\u00a0: visite privative sur l&#39;histoire de la guerre civile \u00e0 Barcelone\"><\/div>\n      <div class=\"lkx-card-body\">\n        <div class=\"lkx-title lkx-title-sm\">Barcelone\u00a0: visite privative sur l&#39;histoire de la guerre civile \u00e0 Barcelone<\/div>\n        <div class=\"lkx-proof lkx-proof-sm\">\n      <span class=\"lkx-stars\">\u2605<\/span>\n      <b>0.0<\/b> \u00b7 0\n    <\/div>\n        <div class=\"lkx-card-bottom\"><span class=\"lkx-price lkx-price-sm\">\u00e0 partir de <b>311\u00a0\u20ac<\/b><\/span><span class=\"lkx-cta lkx-cta-sm\">Voir les dates \u2192<\/span>\n        <\/div>\n      <\/div>\n    <\/a><\/div><div class=\"lkx-disclosure\">\ud83d\udd17 Liens d&#39;affiliation \u2014 sans surco\u00fbt pour vous, ils nous aident \u00e0 cr\u00e9er du contenu. \u00b7 <a href=\"https:\/\/www.getyourguide.com\/fr-fr\/s\/?q=letenky+barcelona&amp;partner_id=MKZ64IS&amp;utm_medium=online_publisher\" target=\"_blank\" rel=\"sponsored noopener nofollow\">Toutes les exp\u00e9riences \u2192<\/a><\/div>\n<\/div>\n<!-- LKM_GYG_CARD end -->\n\n\n\n\n<div class=\"lk-stays-module\">\n<style>\n\/* \u2500\u2500\u2500 RESET PRO GUTENBERG \u2500\u2500\u2500 *\/\n.lk-stays-module * { box-sizing: border-box; margin: 0; padding: 0; }\n\n\/* \u2500\u2500\u2500 WRAPPER \u2500\u2500\u2500 *\/\n.lk-stays-module {\n  font-family: 'DM Sans', Georgia, sans-serif;\n  max-width: 100%;\n  margin: 2.5rem auto;\n  background: linear-gradient(135deg, #fdfaf5 0%, #fcf8f0 100%);\n  border: 1px solid #e8dfd4;\n  border-radius: 16px;\n  overflow: hidden;\n  box-shadow: 0 16px 48px rgba(195, 159, 118, 0.25), 0 4px 12px rgba(0,0,0,0.08);\n}\n\n\/* \u2500\u2500\u2500 HEADER \u2500\u2500\u2500 *\/\n.lk-stays-header {\n  position: relative;\n  padding: 24px 36px 24px;\n  background: linear-gradient(135deg, #c39f76 0%, #d4b188 60%, #c39f76 100%);\n  border-bottom: 1px solid rgba(255,255,255,.15);\n  display: flex;\n  align-items: center;\n  gap: 18px;\n}\n.lk-stays-header::before {\n  content: '';\n  position: absolute;\n  inset: 0;\n  background: url(\"data:image\/svg+xml,%3Csvg width='60' height='60' viewBox='0 0 60 60' xmlns='http:\/\/www.w3.org\/2000\/svg'%3E%3Cg fill='none' fill-rule='evenodd'%3E%3Cg fill='%23ffffff' fill-opacity='0.05'%3E%3Cpath d='M36 34v-4h-2v4h-4v2h4v4h2v-4h4v-2h-4zm0-30V0h-2v4h-4v2h4v4h2V6h4V4h-4zM6 34v-4H4v4H0v2h4v4h2v-4h4v-2H6zM6 4V0H4v4H0v2h4v4h2V6h4V4H6z'\/%3E%3C\/g%3E%3C\/g%3E%3C\/svg%3E\") repeat;\n  pointer-events: none;\n}\n.lk-stays-icon {\n  flex-shrink: 0;\n  width: 68px;\n  height: 68px;\n  border-radius: 14px;\n  background: linear-gradient(135deg, #fff 0%, #f9f6f0 100%);\n  display: flex;\n  align-items: center;\n  justify-content: center;\n  font-size: 26px;\n  box-shadow: 0 4px 12px rgba(0,0,0,0.15);\n}\n.lk-stays-eyebrow {\n  font-size: 10px;\n  font-weight: 500;\n  letter-spacing: 2.5px;\n  text-transform: uppercase;\n  color: rgba(255,255,255,.85);\n  margin: 0 0 5px 0;\n}\n.lk-stays-title {\n  font-family: 'Playfair Display', Georgia, serif;\n  font-size: 24px;\n  font-weight: 700;\n  color: #fff;\n  line-height: 1.2;\n  text-shadow: 0 1px 2px rgba(0,0,0,0.1);\n  margin: 0;\n}\n.lk-stays-subtitle {\n  font-size: 13px;\n  color: rgba(255,255,255,.75);\n  margin: 4px 0 0 0;\n  font-weight: 300;\n}\n\n\/* \u2500\u2500\u2500 CARDS GRID \u2500\u2500\u2500 *\/\n.lk-stays-grid {\n  display: grid;\n  grid-template-columns: 1fr 1fr;\n  gap: 1px;\n  background: rgba(195, 159, 118, 0.12);\n}\n\n\/* \u2500\u2500\u2500 SINGLE CARD \u2500\u2500\u2500 *\/\n.lk-stay-card {\n  background: #ffffff;\n  padding: 26px;\n  display: flex;\n  flex-direction: column;\n  gap: 11px;\n  transition: all 0.3s ease;\n  text-decoration: none;\n  color: inherit;\n  position: relative;\n}\n.lk-stay-card:hover {\n  background: #fffbf5;\n  transform: translateY(-2px);\n  box-shadow: 0 8px 24px rgba(195, 159, 118, 0.18);\n  z-index: 1;\n}\n.lk-stay-card.featured {\n  background: linear-gradient(135deg, #fffdf9 0%, #fff9f0 100%);\n  box-shadow: 0 4px 16px rgba(195, 159, 118, 0.15), inset 0 1px 0 rgba(195, 159, 118, 0.1);\n}\n.lk-stay-card.featured:hover {\n  background: linear-gradient(135deg, #fffbf5 0%, #fff8ed 100%);\n  box-shadow: 0 8px 24px rgba(195, 159, 118, 0.25), inset 0 1px 0 rgba(195, 159, 118, 0.15);\n}\n\n.lk-stay-badge {\n  display: inline-flex;\n  align-items: center;\n  gap: 5px;\n  font-size: 10px;\n  font-weight: 500;\n  letter-spacing: 1.5px;\n  text-transform: uppercase;\n  padding: 5px 11px;\n  border-radius: 20px;\n  width: fit-content;\n}\n.badge-top     { background: linear-gradient(135deg, #c39f76 0%, #d4b188 100%); color: #fff; border: 1px solid #c39f76; font-weight: 600; box-shadow: 0 2px 8px rgba(195,159,118,0.3); }\n.badge-luxury  { background: rgba(195,159,118,.12); color: #c39f76; border: 1px solid rgba(195,159,118,.25); }\n.badge-boutique{ background: rgba(54,133,252,.08); color: #3685fc; border: 1px solid rgba(54,133,252,.2); }\n.badge-nature  { background: rgba(130,190,100,.1); color: #6b9c4a; border: 1px solid rgba(130,190,100,.2); }\n.badge-remote  { background: rgba(195,159,118,.12); color: #a67e50; border: 1px solid rgba(195,159,118,.25); }\n\n.lk-stay-name {\n  font-family: 'Playfair Display', Georgia, serif;\n  font-size: 18px;\n  font-weight: 700;\n  color: #111827;\n  line-height: 1.3;\n}\n.lk-stay-desc {\n  font-size: 13.5px;\n  color: #525252;\n  line-height: 1.65;\n  font-weight: 300;\n  flex: 1;\n}\n\n.lk-stay-meta {\n  display: flex;\n  align-items: center;\n  gap: 12px;\n  flex-wrap: wrap;\n  margin-top: 4px;\n}\n.lk-stay-price {\n  font-size: 13px;\n  color: #6b7280;\n}\n.lk-stay-price strong {\n  color: #c39f76;\n  font-weight: 500;\n}\n.lk-stay-stars {\n  color: #c39f76;\n  font-size: 11px;\n  letter-spacing: 1px;\n}\n\n\/* \u2500\u2500\u2500 CTA BUTTON \u2500\u2500\u2500 *\/\n.lk-stay-cta {\n  display: inline-flex;\n  align-items: center;\n  justify-content: center;\n  gap: 7px;\n  margin-top: 8px;\n  padding: 11px 20px;\n  border-radius: 8px;\n  background: linear-gradient(135deg, #3685fc 0%, #2a6fd9 100%);\n  color: #fff;\n  font-size: 13px;\n  font-weight: 500;\n  text-decoration: none;\n  letter-spacing: .3px;\n  transition: all .2s ease;\n  cursor: pointer;\n  border: none;\n  text-align: center;\n  box-shadow: 0 4px 12px rgba(54, 133, 252, 0.25);\n}\n.lk-stay-cta:hover {\n  background: linear-gradient(135deg, #2a6fd9 0%, #1e5bc4 100%);\n  transform: translateY(-1px);\n  box-shadow: 0 6px 16px rgba(54, 133, 252, 0.35);\n}\n.lk-stay-cta svg { flex-shrink: 0; }\n\n\/* \u2500\u2500\u2500 FOOTER \u2500\u2500\u2500 *\/\n.lk-stays-footer {\n  padding: 18px 36px;\n  background: linear-gradient(to bottom, #fdfaf5 0%, #f9f4ed 100%);\n  border-top: 1px solid rgba(195, 159, 118, 0.15);\n  display: flex;\n  align-items: center;\n  justify-content: space-between;\n  flex-wrap: wrap;\n  gap: 12px;\n}\n.lk-stays-footer-note {\n  font-size: 11.5px;\n  color: #6b7280;\n  font-weight: 300;\n  line-height: 1.5;\n}\n.lk-stays-footer-note a {\n  color: #c39f76;\n  text-decoration: none;\n  font-weight: 400;\n}\n.lk-stays-footer-note a:hover {\n  text-decoration: underline;\n}\n.lk-stays-all-btn {\n  display: inline-flex;\n  align-items: center;\n  gap: 6px;\n  font-size: 12.5px;\n  font-weight: 500;\n  color: #c39f76;\n  text-decoration: none;\n  border: 1px solid rgba(195, 159, 118, 0.35);\n  padding: 8px 18px;\n  border-radius: 8px;\n  transition: all .2s ease;\n}\n.lk-stays-all-btn:hover {\n  background: rgba(195, 159, 118, 0.08);\n  border-color: rgba(195, 159, 118, 0.5);\n}\n\n\/* \u2500\u2500\u2500 RESPONSIVE \u2500\u2500\u2500 *\/\n@media (max-width: 600px) {\n  .lk-stays-grid { grid-template-columns: 1fr; }\n  .lk-stays-header { padding: 24px 20px; }\n  .lk-stays-footer { padding: 16px 20px; }\n  .lk-stay-card { padding: 22px; }\n  .lk-stays-title { font-size: 20px; }\n}\n<\/style>\n\n  <!-- HEADER -->\n  <div class=\"lk-stays-header\">\n    <img decoding=\"async\" src=\"https:\/\/loudavymkrokem.cz\/wp-content\/uploads\/2026\/02\/lukas-a-lucka.jpg\" alt=\"\" style=\"width: 75px; height: 75px; border-radius: 8px; flex-shrink: 0; object-fit: cover; display: block; margin: 4px 0;\" title=\"\">\n    <div class=\"lk-stays-header-text\">\n      <div class=\"lk-stays-eyebrow\">Luk\u00e1\u0161 et Lucie recommandent<\/div>\n      <div class=\"lk-stays-title\">O\u00f9 se loger \u00e0 Barcelone<\/div>\n      <div class=\"lk-stays-subtitle\">6 h\u00e9bergements \u2014 h\u00f4tels, h\u00f4tels wellness et autres options d&rsquo;h\u00e9bergement<\/div>\n    <\/div>\n  <\/div>\n\n  <!-- CARDS -->\n  <div class=\"lk-stays-grid\">\n\n    <a class=\"lk-stay-card featured\" href=\"https:\/\/www.stay22.com\/allez\/roam?aid=lukaskonecny&#038;campaign=loudavymkrokemcz&#038;campaign=fr&#038;campaign=letenkydobarcelony&#038;address=Barcelona&#038;hotelname=Hotel+Gaud%C3%AD&#038;search=Hotel+Gaud%C3%AD&#038;category=accommodation\" target=\"_blank\" rel=\"nofollow noopener\">\n      <span class=\"lk-stay-badge badge-top\">\u2b50 TOP CHOIX<\/span>\n      <span class=\"lk-stay-badge badge-nature\">\ud83c\udfe8 H\u00f4tel<\/span>\n      <div class=\"lk-stay-name\">Hotel Gaud\u00ed<\/div>\n      <div class=\"lk-stay-desc\">Choix strat\u00e9gique \u00e0 quelques pas du Palau G\u00fcell et de La Rambla. Terrasse sur le toit avec piscine et vue sur les chemin\u00e9es de Gaud\u00ed.<\/div>\n      <div class=\"lk-stay-meta\">\n        <span class=\"lk-stay-stars\">\u2605\u2605\u2605\u2605<\/span>\n        <span class=\"lk-stay-price\">V\u00e9rifier les prix<\/span>\n      <\/div>\n      <span class=\"lk-stay-cta\">\n        <svg width=\"14\" height=\"14\" viewBox=\"0 0 24 24\" fill=\"none\" stroke=\"currentColor\" stroke-width=\"2\"><path d=\"M18 13v6a2 2 0 0 1-2 2H5a2 2 0 0 1-2-2V8a2 2 0 0 1 2-2h6\"\/><polyline points=\"15 3 21 3 21 9\"\/><line x1=\"10\" y1=\"14\" x2=\"21\" y2=\"3\"\/><\/svg>\n        V\u00e9rifier la disponibilit\u00e9\n      <\/span>\n    <\/a>\n\n    <a class=\"lk-stay-card\" href=\"https:\/\/www.stay22.com\/allez\/roam?aid=lukaskonecny&#038;campaign=loudavymkrokemcz&#038;campaign=fr&#038;campaign=letenkydobarcelony&#038;address=Barcelona&#038;hotelname=Hotel+Ayre+Rosell%C3%B3n&#038;search=Hotel+Ayre+Rosell%C3%B3n&#038;category=accommodation\" target=\"_blank\" rel=\"nofollow noopener\">\n      <span class=\"lk-stay-badge badge-nature\">\ud83c\udfe8 H\u00f4tel<\/span>\n      <div class=\"lk-stay-name\">Hotel Ayre Rosell\u00f3n<\/div>\n      <div class=\"lk-stay-desc\">Vue \u00e0 couper le souffle directement sur la Sagrada Fam\u00edlia en construction depuis le bar sur le toit. Choix visuellement \u00e9poustouflant.<\/div>\n      <div class=\"lk-stay-meta\">\n        <span class=\"lk-stay-stars\">\u2605\u2605\u2605\u2605<\/span>\n        <span class=\"lk-stay-price\">V\u00e9rifier les prix<\/span>\n      <\/div>\n      <span class=\"lk-stay-cta\">\n        <svg width=\"14\" height=\"14\" viewBox=\"0 0 24 24\" fill=\"none\" stroke=\"currentColor\" stroke-width=\"2\"><path d=\"M18 13v6a2 2 0 0 1-2 2H5a2 2 0 0 1-2-2V8a2 2 0 0 1 2-2h6\"\/><polyline points=\"15 3 21 3 21 9\"\/><line x1=\"10\" y1=\"14\" x2=\"21\" y2=\"3\"\/><\/svg>\n        V\u00e9rifier la disponibilit\u00e9\n      <\/span>\n    <\/a>\n\n    <a class=\"lk-stay-card\" href=\"https:\/\/www.stay22.com\/allez\/roam?aid=lukaskonecny&#038;campaign=loudavymkrokemcz&#038;campaign=fr&#038;campaign=letenkydobarcelony&#038;address=Barcelona&#038;hotelname=Motel+One+Barcelona-Ciutadella&#038;search=Motel+One+Barcelona-Ciutadella&#038;category=accommodation\" target=\"_blank\" rel=\"nofollow noopener\">\n      <span class=\"lk-stay-badge badge-nature\">\ud83c\udfe8 H\u00f4tel<\/span>\n      <div class=\"lk-stay-name\">Motel One Barcelona-Ciutadella<\/div>\n      <div class=\"lk-stay-desc\">Chambres modernes \u00e0 c\u00f4t\u00e9 d&rsquo;un immense parc \u00e0 distance de marche de la plage. Excellent choix pour petit budget.<\/div>\n      <div class=\"lk-stay-meta\">\n        <span class=\"lk-stay-stars\">\u2605\u2605\u2605\u2605<\/span>\n        <span class=\"lk-stay-price\">V\u00e9rifier les prix<\/span>\n      <\/div>\n      <span class=\"lk-stay-cta\">\n        <svg width=\"14\" height=\"14\" viewBox=\"0 0 24 24\" fill=\"none\" stroke=\"currentColor\" stroke-width=\"2\"><path d=\"M18 13v6a2 2 0 0 1-2 2H5a2 2 0 0 1-2-2V8a2 2 0 0 1 2-2h6\"\/><polyline points=\"15 3 21 3 21 9\"\/><line x1=\"10\" y1=\"14\" x2=\"21\" y2=\"3\"\/><\/svg>\n        V\u00e9rifier la disponibilit\u00e9\n      <\/span>\n    <\/a>\n\n    <a class=\"lk-stay-card\" href=\"https:\/\/www.stay22.com\/allez\/roam?aid=lukaskonecny&#038;campaign=loudavymkrokemcz&#038;campaign=fr&#038;campaign=letenkydobarcelony&#038;address=Barcelona&#038;hotelname=W+Barcelona&#038;search=W+Barcelona&#038;category=accommodation\" target=\"_blank\" rel=\"nofollow noopener\">\n      <span class=\"lk-stay-badge badge-nature\">\u2b50 Luxury<\/span>\n      <div class=\"lk-stay-name\">W Barcelona<\/div>\n      <div class=\"lk-stay-desc\">B\u00e2timent iconique en forme de voile dominant le littoral. Luxe absolu avec r\u00e9veil au bruit des vagues.<\/div>\n      <div class=\"lk-stay-meta\">\n        <span class=\"lk-stay-stars\">\u2605\u2605\u2605\u2605<\/span>\n        <span class=\"lk-stay-price\">V\u00e9rifier les prix<\/span>\n      <\/div>\n      <span class=\"lk-stay-cta\">\n        <svg width=\"14\" height=\"14\" viewBox=\"0 0 24 24\" fill=\"none\" stroke=\"currentColor\" stroke-width=\"2\"><path d=\"M18 13v6a2 2 0 0 1-2 2H5a2 2 0 0 1-2-2V8a2 2 0 0 1 2-2h6\"\/><polyline points=\"15 3 21 3 21 9\"\/><line x1=\"10\" y1=\"14\" x2=\"21\" y2=\"3\"\/><\/svg>\n        V\u00e9rifier la disponibilit\u00e9\n      <\/span>\n    <\/a>\n\n    <a class=\"lk-stay-card\" href=\"https:\/\/www.stay22.com\/allez\/roam?aid=lukaskonecny&#038;campaign=loudavymkrokemcz&#038;campaign=fr&#038;campaign=letenkydobarcelony&#038;address=Barcelona&#038;hotelname=Hostel+One+Paralelo&#038;search=Hostel+One+Paralelo&#038;category=accommodation\" target=\"_blank\" rel=\"nofollow noopener\">\n      <span class=\"lk-stay-badge badge-nature\">\ud83c\udfe1 Auberge<\/span>\n      <div class=\"lk-stay-name\">Hostel One Paralelo<\/div>\n      <div class=\"lk-stay-desc\">Ambiance conviviale formidable et soir\u00e9es communes. Id\u00e9al pour les routards et voyageurs solo selon les avis.<\/div>\n      <div class=\"lk-stay-meta\">\n        <span class=\"lk-stay-stars\">\u2605\u2605\u2605\u2605<\/span>\n        <span class=\"lk-stay-price\">V\u00e9rifier les prix<\/span>\n      <\/div>\n      <span class=\"lk-stay-cta\">\n        <svg width=\"14\" height=\"14\" viewBox=\"0 0 24 24\" fill=\"none\" stroke=\"currentColor\" stroke-width=\"2\"><path d=\"M18 13v6a2 2 0 0 1-2 2H5a2 2 0 0 1-2-2V8a2 2 0 0 1 2-2h6\"\/><polyline points=\"15 3 21 3 21 9\"\/><line x1=\"10\" y1=\"14\" x2=\"21\" y2=\"3\"\/><\/svg>\n        V\u00e9rifier la disponibilit\u00e9\n      <\/span>\n    <\/a>\n\n    <a class=\"lk-stay-card\" href=\"https:\/\/www.stay22.com\/allez\/roam?aid=lukaskonecny&#038;campaign=loudavymkrokemcz&#038;campaign=fr&#038;campaign=letenkydobarcelony&#038;address=barcelona\" target=\"_blank\" rel=\"nofollow noopener\">\n      <span class=\"lk-stay-badge badge-nature\">\ud83d\udd0d Rechercher<\/span>\n      <div class=\"lk-stay-name\">Voir tous les h\u00e9bergements \u00e0 Barcelone<\/div>\n      <div class=\"lk-stay-desc\">Explorez toutes les options d&rsquo;h\u00e9bergement disponibles \u00e0 Barcelone et trouvez la meilleure selon vos pr\u00e9f\u00e9rences et votre budget.<\/div>\n      <div class=\"lk-stay-meta\">\n        <span class=\"lk-stay-stars\">\u2605\u2605\u2605\u2605<\/span>\n        <span class=\"lk-stay-price\">Comparer les prix<\/span>\n      <\/div>\n      <span class=\"lk-stay-cta\">\n        <svg width=\"14\" height=\"14\" viewBox=\"0 0 24 24\" fill=\"none\" stroke=\"currentColor\" stroke-width=\"2\"><path d=\"M18 13v6a2 2 0 0 1-2 2H5a2 2 0 0 1-2-2V8a2 2 0 0 1 2-2h6\"\/><polyline points=\"15 3 21 3 21 9\"\/><line x1=\"10\" y1=\"14\" x2=\"21\" y2=\"3\"\/><\/svg>\n        V\u00e9rifier la disponibilit\u00e9\n      <\/span>\n    <\/a>\n\n  <\/div>\n\n  \n<\/div>\n\n\n\n\n<h3 class=\"wp-block-heading\"><span class=\"ez-toc-section\" id=\"7_En_train_depuis_la_France_pour_les_femmes_enceintes_et_ceux_qui_ne_prennent_pas_lavion\"><\/span>7. En train depuis la France : pour les femmes enceintes et ceux qui ne prennent pas l&rsquo;avion<span class=\"ez-toc-section-end\"><\/span><\/h3>\n\n\n\n<p class=\"wp-block-paragraph\">Ce sujet fascinant est totalement ignor\u00e9 par les guides classiques, alors qu&rsquo;il existe un immense groupe de voyageurs qui ne peuvent tout simplement pas \u2013 ou ne veulent pas \u2013 prendre les airs. La raison est tr\u00e8s souvent une <strong>grossesse avanc\u00e9e, une peur panique de l&rsquo;avion ou encore un voyage avec de gros animaux de compagnie<\/strong>. Pour eux, les vacances se transforment souvent en un grand casse-t\u00eate logistique \u00e9puisant.<\/p>\n\n\n\n<p class=\"wp-block-paragraph\">Les forums de voyage regorgent d&rsquo;exp\u00e9riences concr\u00e8tes sur le sujet. Une voyageuse qui devait absolument organiser son trajet pendant sa grossesse, face au scepticisme des autres, a finalement trouv\u00e9 une solution parfaitement fonctionnelle. Son exp\u00e9rience prouve que <strong>rejoindre confortablement la mer par le rail est tout \u00e0 fait possible<\/strong>, \u00e0 condition de bien planifier.<\/p>\n\n\n\n<p class=\"wp-block-paragraph\">\u00c0 quoi ressemble concr\u00e8tement un tel long trajet ? Ce n&rsquo;est pas une affaire \u00e0 faire d&rsquo;une traite, sauf \u00e0 vouloir t&rsquo;\u00e9puiser compl\u00e8tement. <strong>Depuis Paris, tu rejoins facilement Lyon puis la fronti\u00e8re espagnole en TGV<\/strong>, avec une possible \u00e9tape pour te reposer. Certaines personnes optent aussi pour un itin\u00e9raire par Strasbourg, un point id\u00e9al pour une nuit paisible \u00e0 l&rsquo;h\u00f4tel et pour refaire le plein d&rsquo;\u00e9nergie.<\/p>\n\n\n\n<p class=\"wp-block-paragraph\">Le lendemain matin, tu montes simplement dans les rapides trains fran\u00e7ais qui <strong>te conduisent en douceur jusqu&rsquo;\u00e0 la gare principale de Barcelone, Sants<\/strong>. C&rsquo;est le slow travel dans sa forme la plus pure : \u00e7a demande plus de temps, mais \u00e7a offre de magnifiques panoramas sur les paysages et un stress absolument minimal.<\/p>\n\n\n\n<p class=\"wp-block-paragraph\">\ud83d\udca1 Conseil : ach\u00e8te id\u00e9alement tes billets de train europ\u00e9ens sur les <strong>sites officiels de la SNCF ou de la Renfe<\/strong>, o\u00f9 tu trouveras les meilleurs tarifs anticip\u00e9s sans les \u00e9normes suppl\u00e9ments des interm\u00e9diaires.<\/p>\n\n\n\n<figure data-wp-context=\"{&quot;imageId&quot;:&quot;6a953a95a911e&quot;}\" data-wp-interactive=\"core\/image\" data-wp-key=\"6a953a95a911e\" class=\"wp-block-image size-full wp-lightbox-container\"><img decoding=\"async\" width=\"1600\" height=\"1067\" data-wp-class--hide=\"state.isContentHidden\" data-wp-class--show=\"state.isContentVisible\" data-wp-init=\"callbacks.setButtonStyles\" data-wp-on--click=\"actions.showLightbox\" data-wp-on--load=\"callbacks.setButtonStyles\" data-wp-on--pointerdown=\"actions.preloadImage\" data-wp-on--pointerenter=\"actions.preloadImageWithDelay\" data-wp-on--pointerleave=\"actions.cancelPreload\" data-wp-on-window--resize=\"callbacks.setButtonStyles\" src=\"https:\/\/loudavymkrokem.cz\/wp-content\/uploads\/2026\/08\/barcelona-sant-andreu-px.jpg\" alt=\"Panorama de Barcelone avec la tour Torre Gl\u00f2ries\" class=\"wp-image-376450\" title=\"\" srcset=\"https:\/\/loudavymkrokem.cz\/wp-content\/uploads\/2026\/08\/barcelona-sant-andreu-px.jpg 1600w, https:\/\/loudavymkrokem.cz\/wp-content\/uploads\/2026\/08\/barcelona-sant-andreu-px-300x200.jpg 300w, https:\/\/loudavymkrokem.cz\/wp-content\/uploads\/2026\/08\/barcelona-sant-andreu-px-700x467.jpg 700w, https:\/\/loudavymkrokem.cz\/wp-content\/uploads\/2026\/08\/barcelona-sant-andreu-px-768x512.jpg 768w, https:\/\/loudavymkrokem.cz\/wp-content\/uploads\/2026\/08\/barcelona-sant-andreu-px-1536x1024.jpg 1536w, https:\/\/loudavymkrokem.cz\/wp-content\/uploads\/2026\/08\/barcelona-sant-andreu-px-696x464.jpg 696w, https:\/\/loudavymkrokem.cz\/wp-content\/uploads\/2026\/08\/barcelona-sant-andreu-px-1392x928.jpg 1392w\" sizes=\"(max-width: 1600px) 100vw, 1600px\" \/><button\n\t\t\tclass=\"lightbox-trigger\"\n\t\t\ttype=\"button\"\n\t\t\taria-haspopup=\"dialog\"\n\t\t\tdata-wp-bind--aria-label=\"state.thisImage.triggerButtonAriaLabel\"\n\t\t\tdata-wp-init=\"callbacks.initTriggerButton\"\n\t\t\tdata-wp-on--click=\"actions.showLightbox\"\n\t\t\tdata-wp-style--right=\"state.thisImage.buttonRight\"\n\t\t\tdata-wp-style--top=\"state.thisImage.buttonTop\"\n\t\t>\n\t\t\t<svg xmlns=\"http:\/\/www.w3.org\/2000\/svg\" width=\"12\" height=\"12\" fill=\"none\" viewBox=\"0 0 12 12\">\n\t\t\t\t<path fill=\"#fff\" d=\"M2 0a2 2 0 0 0-2 2v2h1.5V2a.5.5 0 0 1 .5-.5h2V0H2Zm2 10.5H2a.5.5 0 0 1-.5-.5V8H0v2a2 2 0 0 0 2 2h2v-1.5ZM8 12v-1.5h2a.5.5 0 0 0 .5-.5V8H12v2a2 2 0 0 1-2 2H8Zm2-12a2 2 0 0 1 2 2v2h-1.5V2a.5.5 0 0 0-.5-.5H8V0h2Z\" \/>\n\t\t\t<\/svg>\n\t\t<\/button><\/figure>\n\n\n\n<h3 class=\"wp-block-heading\"><span class=\"ez-toc-section\" id=\"8_Itineraire_ferroviaire_alternatif_par_Paris\"><\/span>8. Itin\u00e9raire ferroviaire alternatif par Paris<span class=\"ez-toc-section-end\"><\/span><\/h3>\n\n\n\n<p class=\"wp-block-paragraph\">Pour ceux qui partent d&rsquo;autres r\u00e9gions de France, la capitale reste le point de d\u00e9part le plus \u00e9l\u00e9gant vers l&rsquo;Espagne, avec tout le charme fran\u00e7ais. Depuis Paris, <strong>part une liaison directe \u00e0 grande vitesse jusqu&rsquo;\u00e0 la c\u00f4te espagnole ensoleill\u00e9e<\/strong>.<\/p>\n\n\n\n<p class=\"wp-block-paragraph\">De la gare parisienne anim\u00e9e de Gare de Lyon partent en effet r\u00e9guli\u00e8rement des TGV directs, exploit\u00e9s par la coop\u00e9ration r\u00e9ussie des compagnies espagnole et fran\u00e7aise Renfe et SNCF. Ce superbe train a\u00e9rodynamique <strong>avale le trajet Paris\u2013Barcelone en un incroyable 6 heures et 15 minutes<\/strong>, un temps absolument fabuleux pour une aussi grande distance.<\/p>\n\n\n\n<p class=\"wp-block-paragraph\">Cette liaison directe circule actuellement deux fois par jour, g\u00e9n\u00e9ralement t\u00f4t le matin et en d\u00e9but d&rsquo;apr\u00e8s-midi, mais retiens que le train de nuit couchette classique n&rsquo;existe plus sur cette ligne. Cette option est absolument parfaite si tu pr\u00e9vois des vacances de deux semaines et que tu <strong>veux faire en route une pause romantique autour d&rsquo;un caf\u00e9 sous la tour Eiffel<\/strong>.<\/p>\n\n\n\n<p class=\"wp-block-paragraph\">\ud83d\udca1 Conseil : les r\u00e9servations des TGV fran\u00e7ais partent en un \u00e9clair les mois d&rsquo;\u00e9t\u00e9, alors <strong>r\u00e9serve d\u00e8s l&rsquo;ouverture de la vente<\/strong> par le transporteur, ce qui a g\u00e9n\u00e9ralement lieu trois mois \u00e0 l&rsquo;avance.<\/p>\n\n\n\n<figure data-wp-context=\"{&quot;imageId&quot;:&quot;6a953a95a95af&quot;}\" data-wp-interactive=\"core\/image\" data-wp-key=\"6a953a95a95af\" class=\"wp-block-image size-full wp-lightbox-container\"><img decoding=\"async\" width=\"1600\" height=\"2060\" data-wp-class--hide=\"state.isContentHidden\" data-wp-class--show=\"state.isContentVisible\" data-wp-init=\"callbacks.setButtonStyles\" data-wp-on--click=\"actions.showLightbox\" data-wp-on--load=\"callbacks.setButtonStyles\" data-wp-on--pointerdown=\"actions.preloadImage\" data-wp-on--pointerenter=\"actions.preloadImageWithDelay\" data-wp-on--pointerleave=\"actions.cancelPreload\" data-wp-on-window--resize=\"callbacks.setButtonStyles\" src=\"https:\/\/loudavymkrokem.cz\/wp-content\/uploads\/2026\/08\/barcelona-kdy-jet-do-barcelony-podle-typu-dovo.jpg\" alt=\"Cath\u00e9drale de Barcelone sur la place Pla de la Seu\" class=\"wp-image-376378\" title=\"\" srcset=\"https:\/\/loudavymkrokem.cz\/wp-content\/uploads\/2026\/08\/barcelona-kdy-jet-do-barcelony-podle-typu-dovo.jpg 1600w, https:\/\/loudavymkrokem.cz\/wp-content\/uploads\/2026\/08\/barcelona-kdy-jet-do-barcelony-podle-typu-dovo-233x300.jpg 233w, https:\/\/loudavymkrokem.cz\/wp-content\/uploads\/2026\/08\/barcelona-kdy-jet-do-barcelony-podle-typu-dovo-700x901.jpg 700w, https:\/\/loudavymkrokem.cz\/wp-content\/uploads\/2026\/08\/barcelona-kdy-jet-do-barcelony-podle-typu-dovo-768x989.jpg 768w, https:\/\/loudavymkrokem.cz\/wp-content\/uploads\/2026\/08\/barcelona-kdy-jet-do-barcelony-podle-typu-dovo-1193x1536.jpg 1193w, https:\/\/loudavymkrokem.cz\/wp-content\/uploads\/2026\/08\/barcelona-kdy-jet-do-barcelony-podle-typu-dovo-1591x2048.jpg 1591w, https:\/\/loudavymkrokem.cz\/wp-content\/uploads\/2026\/08\/barcelona-kdy-jet-do-barcelony-podle-typu-dovo-696x896.jpg 696w, https:\/\/loudavymkrokem.cz\/wp-content\/uploads\/2026\/08\/barcelona-kdy-jet-do-barcelony-podle-typu-dovo-1392x1792.jpg 1392w\" sizes=\"(max-width: 1600px) 100vw, 1600px\" \/><button\n\t\t\tclass=\"lightbox-trigger\"\n\t\t\ttype=\"button\"\n\t\t\taria-haspopup=\"dialog\"\n\t\t\tdata-wp-bind--aria-label=\"state.thisImage.triggerButtonAriaLabel\"\n\t\t\tdata-wp-init=\"callbacks.initTriggerButton\"\n\t\t\tdata-wp-on--click=\"actions.showLightbox\"\n\t\t\tdata-wp-style--right=\"state.thisImage.buttonRight\"\n\t\t\tdata-wp-style--top=\"state.thisImage.buttonTop\"\n\t\t>\n\t\t\t<svg xmlns=\"http:\/\/www.w3.org\/2000\/svg\" width=\"12\" height=\"12\" fill=\"none\" viewBox=\"0 0 12 12\">\n\t\t\t\t<path fill=\"#fff\" d=\"M2 0a2 2 0 0 0-2 2v2h1.5V2a.5.5 0 0 1 .5-.5h2V0H2Zm2 10.5H2a.5.5 0 0 1-.5-.5V8H0v2a2 2 0 0 0 2 2h2v-1.5ZM8 12v-1.5h2a.5.5 0 0 0 .5-.5V8H12v2a2 2 0 0 1-2 2H8Zm2-12a2 2 0 0 1 2 2v2h-1.5V2a.5.5 0 0 0-.5-.5H8V0h2Z\" \/>\n\t\t\t<\/svg>\n\t\t<\/button><\/figure>\n\n\n\n<h3 class=\"wp-block-heading\"><span class=\"ez-toc-section\" id=\"9_En_voiture_a_Barcelone_Prepare-toi_a_la_zone_ZBE\"><\/span>9. En voiture \u00e0 Barcelone ? Pr\u00e9pare-toi \u00e0 la zone ZBE<span class=\"ez-toc-section-end\"><\/span><\/h3>\n\n\n\n<p class=\"wp-block-paragraph\">L&rsquo;id\u00e9e de charger la voiture jusqu&rsquo;au toit et de rejoindre la mer par tes propres moyens semble terriblement tentante, surtout si tu pr\u00e9vois de camper en route quelque part sur les falaises de la Costa Brava. Mais si tu vises directement le centre-ville et que tu y as r\u00e9serv\u00e9 un h\u00f4tel cher, <strong>laisse plut\u00f4t ta voiture \u00e0 la maison ou gar\u00e9e loin en p\u00e9riph\u00e9rie<\/strong>.<\/p>\n\n\n\n<p class=\"wp-block-paragraph\">Barcelone a en effet instaur\u00e9 des restrictions absolument brutales contre les \u00e9missions, et le centre est devenu un v\u00e9ritable champ de mines pour le conducteur ordinaire. Toute la ville \u00e0 l&rsquo;int\u00e9rieur des immenses rocades Ronda de Dalt et Ronda Litoral rel\u00e8ve de la <strong>zone \u00e0 faibles \u00e9missions appel\u00e9e ZBE Rondes Barcelona<\/strong>, o\u00f9 les contr\u00f4leurs ne te laissent entrer que si ta voiture respecte au moins la norme Euro 3 pour l&rsquo;essence ou Euro 4 pour le diesel.<\/p>\n\n\n\n<p class=\"wp-block-paragraph\">Mais voici le plus gros pi\u00e8ge bureaucratique pour tous les Fran\u00e7ais. Ne compte pas sur ta vignette Crit&rsquo;Air coll\u00e9e sur la vitre, car elle ne te garantit pas l&rsquo;acc\u00e8s \u00e0 elle seule. Les v\u00e9hicules immatricul\u00e9s \u00e0 l&rsquo;\u00e9tranger <strong>doivent s&rsquo;enregistrer au pr\u00e9alable, en ligne et gratuitement, dans le registre de l&rsquo;AMB<\/strong>, g\u00e9r\u00e9 directement par la m\u00e9tropole catalane.<\/p>\n\n\n\n<p class=\"wp-block-paragraph\">Au-dessus des routes sont en effet suspendues des cam\u00e9ras intelligentes qui scannent automatiquement les plaques de toutes les voitures qui passent. Si tu entres dans la zone sans figurer au registre, <strong>le syst\u00e8me t&rsquo;inflige sans la moindre indulgence une amende de 200 \u20ac<\/strong>. Si tu la paies dans les vingt jours, elle est ramen\u00e9e \u00e0 une centaine d&rsquo;euros, mais \u00e7a fait quand m\u00eame mal inutilement.<\/p>\n\n\n\n<p class=\"wp-block-paragraph\">\ud83d\udca1 Conseil : le stationnement au centre est en plus extr\u00eamement cher et les places dans la rue quasi introuvables, alors <strong>le mieux est de laisser ta voiture sur les parkings-relais<\/strong> et de continuer avec le m\u00e9tro, qui fonctionne \u00e0 merveille.<\/p>\n\n\n\n<figure data-wp-context=\"{&quot;imageId&quot;:&quot;6a953a95a9b65&quot;}\" data-wp-interactive=\"core\/image\" data-wp-key=\"6a953a95a9b65\" class=\"wp-block-image size-full wp-lightbox-container\"><img decoding=\"async\" width=\"1920\" height=\"1717\" data-wp-class--hide=\"state.isContentHidden\" data-wp-class--show=\"state.isContentVisible\" data-wp-init=\"callbacks.setButtonStyles\" data-wp-on--click=\"actions.showLightbox\" data-wp-on--load=\"callbacks.setButtonStyles\" data-wp-on--pointerdown=\"actions.preloadImage\" data-wp-on--pointerenter=\"actions.preloadImageWithDelay\" data-wp-on--pointerleave=\"actions.cancelPreload\" data-wp-on-window--resize=\"callbacks.setButtonStyles\" src=\"https:\/\/loudavymkrokem.cz\/wp-content\/uploads\/2026\/08\/barcelona-jak-se-dostat-z-letiste-el-prat-do-c.jpg\" alt=\"Comment rejoindre le centre depuis l&#039;a\u00e9roport El Prat\" class=\"wp-image-376476\" title=\"\" srcset=\"https:\/\/loudavymkrokem.cz\/wp-content\/uploads\/2026\/08\/barcelona-jak-se-dostat-z-letiste-el-prat-do-c.jpg 1920w, https:\/\/loudavymkrokem.cz\/wp-content\/uploads\/2026\/08\/barcelona-jak-se-dostat-z-letiste-el-prat-do-c-300x268.jpg 300w, https:\/\/loudavymkrokem.cz\/wp-content\/uploads\/2026\/08\/barcelona-jak-se-dostat-z-letiste-el-prat-do-c-700x626.jpg 700w, https:\/\/loudavymkrokem.cz\/wp-content\/uploads\/2026\/08\/barcelona-jak-se-dostat-z-letiste-el-prat-do-c-768x687.jpg 768w, https:\/\/loudavymkrokem.cz\/wp-content\/uploads\/2026\/08\/barcelona-jak-se-dostat-z-letiste-el-prat-do-c-1536x1374.jpg 1536w, https:\/\/loudavymkrokem.cz\/wp-content\/uploads\/2026\/08\/barcelona-jak-se-dostat-z-letiste-el-prat-do-c-696x622.jpg 696w, https:\/\/loudavymkrokem.cz\/wp-content\/uploads\/2026\/08\/barcelona-jak-se-dostat-z-letiste-el-prat-do-c-1392x1245.jpg 1392w\" sizes=\"(max-width: 1920px) 100vw, 1920px\" \/><button\n\t\t\tclass=\"lightbox-trigger\"\n\t\t\ttype=\"button\"\n\t\t\taria-haspopup=\"dialog\"\n\t\t\tdata-wp-bind--aria-label=\"state.thisImage.triggerButtonAriaLabel\"\n\t\t\tdata-wp-init=\"callbacks.initTriggerButton\"\n\t\t\tdata-wp-on--click=\"actions.showLightbox\"\n\t\t\tdata-wp-style--right=\"state.thisImage.buttonRight\"\n\t\t\tdata-wp-style--top=\"state.thisImage.buttonTop\"\n\t\t>\n\t\t\t<svg xmlns=\"http:\/\/www.w3.org\/2000\/svg\" width=\"12\" height=\"12\" fill=\"none\" viewBox=\"0 0 12 12\">\n\t\t\t\t<path fill=\"#fff\" d=\"M2 0a2 2 0 0 0-2 2v2h1.5V2a.5.5 0 0 1 .5-.5h2V0H2Zm2 10.5H2a.5.5 0 0 1-.5-.5V8H0v2a2 2 0 0 0 2 2h2v-1.5ZM8 12v-1.5h2a.5.5 0 0 0 .5-.5V8H12v2a2 2 0 0 1-2 2H8Zm2-12a2 2 0 0 1 2 2v2h-1.5V2a.5.5 0 0 0-.5-.5H8V0h2Z\" \/>\n\t\t\t<\/svg>\n\t\t<\/button><figcaption class=\"wp-element-caption\">Photo : Didier Descouens \/ Wikimedia Commons, Domaine public<\/figcaption><\/figure>\n\n\n\n<h3 class=\"wp-block-heading\"><span class=\"ez-toc-section\" id=\"10_Comment_rejoindre_le_centre_depuis_laeroport_El_Prat\"><\/span>10. Comment rejoindre le centre depuis l&rsquo;a\u00e9roport El Prat<span class=\"ez-toc-section-end\"><\/span><\/h3>\n\n\n\n<p class=\"wp-block-paragraph\">Une fois que tu te poses enfin sur le br\u00fblant a\u00e9roport barcelonais d&rsquo;El Prat, t&rsquo;attend un dernier casse-t\u00eate logistique qui te s\u00e9pare des balades tant d\u00e9sir\u00e9es dans le vieux quartier gothique. La variante la plus rapide et la plus confortable est sans conteste le <strong>bus bleu de l&rsquo;a\u00e9roport appel\u00e9 Aerob\u00fas<\/strong>, qui te d\u00e9pose directement sur la place centrale de la Pla\u00e7a de Catalunya sans arr\u00eats inutiles.<\/p>\n\n\n\n<p class=\"wp-block-paragraph\">Apr\u00e8s la r\u00e9cente hausse, ce ticket te co\u00fbte <strong>7,45 \u20ac l&rsquo;aller<\/strong>, et les bus circulent depuis les deux terminaux T1 et T2 avec une r\u00e9gularit\u00e9 de fer. C&rsquo;est un peu plus cher que les transports urbains classiques, mais au moins tu n&rsquo;as pas \u00e0 tra\u00eener tes lourdes valises dans d&rsquo;interminables escaliers d&rsquo;un sous-sol sombre.<\/p>\n\n\n\n<p class=\"wp-block-paragraph\">Si tu pr\u00e9f\u00e8res voyager sous terre, tu peux emprunter la moderne ligne de m\u00e9tro L9 Sud. Mais attention ici, car le <strong>ticket T-casual, si populaire, ne fonctionne pas du tout sur le m\u00e9tro de l&rsquo;a\u00e9roport<\/strong> et les tourniquets modernes ne te laisseront simplement pas passer avec. Pour le trajet depuis l&rsquo;a\u00e9roport, tu dois acheter au distributeur le Bitllet Aeroport sp\u00e9cial, qui co\u00fbte actuellement 5,90 \u20ac. Pour les couples, il est bien plus rentable d&rsquo;acheter le ticket T-familiar, qui, contrairement au T-casual, est transf\u00e9rable entre plusieurs personnes.<\/p>\n\n\n\n<p class=\"wp-block-paragraph\">\ud83d\udca1 Conseil : depuis le terminal T2 circule aussi le train de banlieue classique RENFE, sur lequel <strong>tu peux au contraire utiliser sans probl\u00e8me ton ticket habituel<\/strong>, ce qui en fait de loin le moyen de transport le moins cher.<\/p>\n\n\n\n<figure data-wp-context=\"{&quot;imageId&quot;:&quot;6a953a95a9fb6&quot;}\" data-wp-interactive=\"core\/image\" data-wp-key=\"6a953a95a9fb6\" class=\"wp-block-image size-full wp-lightbox-container\"><img decoding=\"async\" width=\"1600\" height=\"900\" data-wp-class--hide=\"state.isContentHidden\" data-wp-class--show=\"state.isContentVisible\" data-wp-init=\"callbacks.setButtonStyles\" data-wp-on--click=\"actions.showLightbox\" data-wp-on--load=\"callbacks.setButtonStyles\" data-wp-on--pointerdown=\"actions.preloadImage\" data-wp-on--pointerenter=\"actions.preloadImageWithDelay\" data-wp-on--pointerleave=\"actions.cancelPreload\" data-wp-on-window--resize=\"callbacks.setButtonStyles\" src=\"https:\/\/loudavymkrokem.cz\/wp-content\/uploads\/2026\/08\/barcelona-sarria-sant-gervasi-px.jpg\" alt=\"Rue de Barcelone avec une station de v\u00e9los en libre-service\" class=\"wp-image-376449\" title=\"\" srcset=\"https:\/\/loudavymkrokem.cz\/wp-content\/uploads\/2026\/08\/barcelona-sarria-sant-gervasi-px.jpg 1600w, https:\/\/loudavymkrokem.cz\/wp-content\/uploads\/2026\/08\/barcelona-sarria-sant-gervasi-px-300x169.jpg 300w, https:\/\/loudavymkrokem.cz\/wp-content\/uploads\/2026\/08\/barcelona-sarria-sant-gervasi-px-700x394.jpg 700w, https:\/\/loudavymkrokem.cz\/wp-content\/uploads\/2026\/08\/barcelona-sarria-sant-gervasi-px-768x432.jpg 768w, https:\/\/loudavymkrokem.cz\/wp-content\/uploads\/2026\/08\/barcelona-sarria-sant-gervasi-px-1536x864.jpg 1536w, https:\/\/loudavymkrokem.cz\/wp-content\/uploads\/2026\/08\/barcelona-sarria-sant-gervasi-px-696x392.jpg 696w, https:\/\/loudavymkrokem.cz\/wp-content\/uploads\/2026\/08\/barcelona-sarria-sant-gervasi-px-1392x783.jpg 1392w\" sizes=\"(max-width: 1600px) 100vw, 1600px\" \/><button\n\t\t\tclass=\"lightbox-trigger\"\n\t\t\ttype=\"button\"\n\t\t\taria-haspopup=\"dialog\"\n\t\t\tdata-wp-bind--aria-label=\"state.thisImage.triggerButtonAriaLabel\"\n\t\t\tdata-wp-init=\"callbacks.initTriggerButton\"\n\t\t\tdata-wp-on--click=\"actions.showLightbox\"\n\t\t\tdata-wp-style--right=\"state.thisImage.buttonRight\"\n\t\t\tdata-wp-style--top=\"state.thisImage.buttonTop\"\n\t\t>\n\t\t\t<svg xmlns=\"http:\/\/www.w3.org\/2000\/svg\" width=\"12\" height=\"12\" fill=\"none\" viewBox=\"0 0 12 12\">\n\t\t\t\t<path fill=\"#fff\" d=\"M2 0a2 2 0 0 0-2 2v2h1.5V2a.5.5 0 0 1 .5-.5h2V0H2Zm2 10.5H2a.5.5 0 0 1-.5-.5V8H0v2a2 2 0 0 0 2 2h2v-1.5ZM8 12v-1.5h2a.5.5 0 0 0 .5-.5V8H12v2a2 2 0 0 1-2 2H8Zm2-12a2 2 0 0 1 2 2v2h-1.5V2a.5.5 0 0 0-.5-.5H8V0h2Z\" \/>\n\t\t\t<\/svg>\n\t\t<\/button><\/figure>\n\n\n\n<h3 class=\"wp-block-heading\"><span class=\"ez-toc-section\" id=\"11_Sejour_organise_vs_voyage_en_solo\"><\/span>11. S\u00e9jour organis\u00e9 vs. voyage en solo<span class=\"ez-toc-section-end\"><\/span><\/h3>\n\n\n\n<p class=\"wp-block-paragraph\">Pour voyager dans le sud de l&rsquo;Europe, beaucoup d&rsquo;entre nous ont depuis longtemps l&rsquo;habitude que le tourisme individuel batte toujours l&rsquo;agence de voyages sur le prix total. Un voyageur low cost exp\u00e9riment\u00e9 peut passer trois jours \u00e0 Barcelone pour environ 270 \u20ac, un touriste moyen tient dans les 600 \u20ac, tandis qu&rsquo;une <strong>agence vend un week-end prolong\u00e9 \u00e0 partir de 780 \u20ac<\/strong> par personne. Des vacances compl\u00e8tes pour deux te reviendront donc facilement \u00e0 1 600 \u20ac avec une agence.<\/p>\n\n\n\n<p class=\"wp-block-paragraph\">Cela signifie-t-il que les gens ne savent pas chercher des billets pas chers sur Internet ? Pas du tout. Le principal argument de vente d&rsquo;une agence pour Barcelone ne r\u00e9side pas seulement dans le prix, mais plut\u00f4t dans le <strong>fait de se d\u00e9barrasser totalement de toute la charge de d\u00e9cision<\/strong>. La ville est en effet l&rsquo;un des endroits les plus \u00e9puisants d&rsquo;Europe \u00e0 planifier, o\u00f9 tu dois sans cesse surveiller une quantit\u00e9 \u00e9norme de d\u00e9tails et de syst\u00e8mes de r\u00e9servation.<\/p>\n\n\n\n<p class=\"wp-block-paragraph\">Tu dois anticiper que les billets pour la Sagrada Fam\u00edlia sont souvent complets deux semaines \u00e0 l&rsquo;avance, que le populaire Park G\u00fcell impose des cr\u00e9neaux horaires stricts sans aucune tol\u00e9rance pour le retard, et qu&rsquo;<strong>\u00e0 l&rsquo;h\u00f4tel, au moment de payer, la taxe de s\u00e9jour te surprend avec 12 \u20ac par personne et par nuit<\/strong>, que tu n&rsquo;avais pas du tout vue sur Booking.<\/p>\n\n\n\n<p class=\"wp-block-paragraph\">Le sentiment de ne devoir se soucier de rien et de savoir que ta guide a d\u00e9j\u00e0 tous les billets chers bien \u00e0 l&rsquo;abri en poche est tout simplement inestimable pour un travailleur fatigu\u00e9. <strong>Si tu cherches une libert\u00e9 absolue, organise tout toi-m\u00eame<\/strong>, mais si tu veux juste d\u00e9compresser et savourer des tapas, le s\u00e9jour organis\u00e9 a \u00e9norm\u00e9ment de sens.<\/p>\n\n\n\n<p class=\"wp-block-paragraph\">\ud83d\udca1 Conseil : renseigne-toi \u00e0 l&rsquo;avance sur le montant exact de la taxe de s\u00e9jour selon ton type d&rsquo;h\u00e9bergement, car les h\u00f4tels cinq \u00e9toiles paient les 12 \u20ac \u00e9voqu\u00e9s, tandis que <strong>dans un appartement touristique classique tu paieras 9,50 \u20ac par nuit<\/strong>.<\/p>\n\n\n\n<figure data-wp-context=\"{&quot;imageId&quot;:&quot;6a953a95aa4cf&quot;}\" data-wp-interactive=\"core\/image\" data-wp-key=\"6a953a95aa4cf\" class=\"wp-block-image size-full wp-lightbox-container\"><img decoding=\"async\" width=\"1333\" height=\"2000\" data-wp-class--hide=\"state.isContentHidden\" data-wp-class--show=\"state.isContentVisible\" data-wp-init=\"callbacks.setButtonStyles\" data-wp-on--click=\"actions.showLightbox\" data-wp-on--load=\"callbacks.setButtonStyles\" data-wp-on--pointerdown=\"actions.preloadImage\" data-wp-on--pointerenter=\"actions.preloadImageWithDelay\" data-wp-on--pointerleave=\"actions.cancelPreload\" data-wp-on-window--resize=\"callbacks.setButtonStyles\" src=\"https:\/\/loudavymkrokem.cz\/wp-content\/uploads\/2026\/08\/barcelona-rooftop-panorama.jpg\" alt=\"Panorama de Barcelone depuis la terrasse d&#039;un h\u00f4tel\" class=\"wp-image-376354\" title=\"\" srcset=\"https:\/\/loudavymkrokem.cz\/wp-content\/uploads\/2026\/08\/barcelona-rooftop-panorama.jpg 1333w, https:\/\/loudavymkrokem.cz\/wp-content\/uploads\/2026\/08\/barcelona-rooftop-panorama-200x300.jpg 200w, https:\/\/loudavymkrokem.cz\/wp-content\/uploads\/2026\/08\/barcelona-rooftop-panorama-700x1050.jpg 700w, https:\/\/loudavymkrokem.cz\/wp-content\/uploads\/2026\/08\/barcelona-rooftop-panorama-768x1152.jpg 768w, https:\/\/loudavymkrokem.cz\/wp-content\/uploads\/2026\/08\/barcelona-rooftop-panorama-1024x1536.jpg 1024w, https:\/\/loudavymkrokem.cz\/wp-content\/uploads\/2026\/08\/barcelona-rooftop-panorama-696x1044.jpg 696w\" sizes=\"(max-width: 1333px) 100vw, 1333px\" \/><button\n\t\t\tclass=\"lightbox-trigger\"\n\t\t\ttype=\"button\"\n\t\t\taria-haspopup=\"dialog\"\n\t\t\tdata-wp-bind--aria-label=\"state.thisImage.triggerButtonAriaLabel\"\n\t\t\tdata-wp-init=\"callbacks.initTriggerButton\"\n\t\t\tdata-wp-on--click=\"actions.showLightbox\"\n\t\t\tdata-wp-style--right=\"state.thisImage.buttonRight\"\n\t\t\tdata-wp-style--top=\"state.thisImage.buttonTop\"\n\t\t>\n\t\t\t<svg xmlns=\"http:\/\/www.w3.org\/2000\/svg\" width=\"12\" height=\"12\" fill=\"none\" viewBox=\"0 0 12 12\">\n\t\t\t\t<path fill=\"#fff\" d=\"M2 0a2 2 0 0 0-2 2v2h1.5V2a.5.5 0 0 1 .5-.5h2V0H2Zm2 10.5H2a.5.5 0 0 1-.5-.5V8H0v2a2 2 0 0 0 2 2h2v-1.5ZM8 12v-1.5h2a.5.5 0 0 0 .5-.5V8H12v2a2 2 0 0 1-2 2H8Zm2-12a2 2 0 0 1 2 2v2h-1.5V2a.5.5 0 0 0-.5-.5H8V0h2Z\" \/>\n\t\t\t<\/svg>\n\t\t<\/button><\/figure>\n\n\n\n<h2 class=\"wp-block-heading\"><span class=\"ez-toc-section\" id=\"Recapitulatif_pratique_et_prix_indicatifs\"><\/span>R\u00e9capitulatif pratique et prix indicatifs<span class=\"ez-toc-section-end\"><\/span><\/h2>\n\n\n\n<p class=\"wp-block-paragraph\"><strong>Planifier son budget<\/strong> est la base du succ\u00e8s, c&rsquo;est pourquoi nous avons r\u00e9uni pour toi les <strong>montants les plus importants<\/strong> avec lesquels tu dois r\u00e9ellement compter en 2026.<\/p>\n\n\n\n<ul class=\"wp-block-list\">\n\n<li>  <strong>Billet aller moyen (en \u00e9t\u00e9) :<\/strong> environ 90 \u20ac (\u00e0 titre indicatif)<\/li>\n\n\n\n<li>  <strong>Amende Ryanair pour valise trop grande :<\/strong> 35 \u20ac \u00e0 69,99 \u20ac<\/li>\n\n\n\n<li>  <strong>Bus de l&rsquo;a\u00e9roport de G\u00e9rone vers le centre :<\/strong> 22 \u20ac<\/li>\n\n\n\n<li>  <strong>Ticket Aerob\u00fas (a\u00e9roport El Prat) :<\/strong> 7,45 \u20ac<\/li>\n\n\n\n<li>  <strong>Ticket sp\u00e9cial m\u00e9tro de l&rsquo;a\u00e9roport L9 Sud :<\/strong> 5,90 \u20ac<\/li>\n\n\n\n<li>  <strong>Amende pour entr\u00e9e en voiture dans la zone ZBE sans enregistrement :<\/strong> 200 \u20ac<\/li>\n\n\n\n<li>  <strong>Taxe de s\u00e9jour en h\u00f4tel 5* :<\/strong> 12 \u20ac \/ personne \/ nuit<\/li>\n\n\n\n<li>  <strong>Taxe de s\u00e9jour en appartement :<\/strong> 9,50 \u20ac \/ personne \/ nuit<\/li>\n\n\n<\/ul>\n\n\n\n<figure data-wp-context=\"{&quot;imageId&quot;:&quot;6a953a95aaa01&quot;}\" data-wp-interactive=\"core\/image\" data-wp-key=\"6a953a95aaa01\" class=\"wp-block-image size-full wp-lightbox-container\"><img decoding=\"async\" width=\"1333\" height=\"2000\" data-wp-class--hide=\"state.isContentHidden\" data-wp-class--show=\"state.isContentVisible\" data-wp-init=\"callbacks.setButtonStyles\" data-wp-on--click=\"actions.showLightbox\" data-wp-on--load=\"callbacks.setButtonStyles\" data-wp-on--pointerdown=\"actions.preloadImage\" data-wp-on--pointerenter=\"actions.preloadImageWithDelay\" data-wp-on--pointerleave=\"actions.cancelPreload\" data-wp-on-window--resize=\"callbacks.setButtonStyles\" src=\"https:\/\/loudavymkrokem.cz\/wp-content\/uploads\/2026\/08\/park-guell-panorama-domky.jpg\" alt=\"Park G\u00fcell, maisons et panorama de Barcelone\" class=\"wp-image-376305\" title=\"\" srcset=\"https:\/\/loudavymkrokem.cz\/wp-content\/uploads\/2026\/08\/park-guell-panorama-domky.jpg 1333w, https:\/\/loudavymkrokem.cz\/wp-content\/uploads\/2026\/08\/park-guell-panorama-domky-200x300.jpg 200w, https:\/\/loudavymkrokem.cz\/wp-content\/uploads\/2026\/08\/park-guell-panorama-domky-700x1050.jpg 700w, https:\/\/loudavymkrokem.cz\/wp-content\/uploads\/2026\/08\/park-guell-panorama-domky-768x1152.jpg 768w, https:\/\/loudavymkrokem.cz\/wp-content\/uploads\/2026\/08\/park-guell-panorama-domky-1024x1536.jpg 1024w, https:\/\/loudavymkrokem.cz\/wp-content\/uploads\/2026\/08\/park-guell-panorama-domky-696x1044.jpg 696w\" sizes=\"(max-width: 1333px) 100vw, 1333px\" \/><button\n\t\t\tclass=\"lightbox-trigger\"\n\t\t\ttype=\"button\"\n\t\t\taria-haspopup=\"dialog\"\n\t\t\tdata-wp-bind--aria-label=\"state.thisImage.triggerButtonAriaLabel\"\n\t\t\tdata-wp-init=\"callbacks.initTriggerButton\"\n\t\t\tdata-wp-on--click=\"actions.showLightbox\"\n\t\t\tdata-wp-style--right=\"state.thisImage.buttonRight\"\n\t\t\tdata-wp-style--top=\"state.thisImage.buttonTop\"\n\t\t>\n\t\t\t<svg xmlns=\"http:\/\/www.w3.org\/2000\/svg\" width=\"12\" height=\"12\" fill=\"none\" viewBox=\"0 0 12 12\">\n\t\t\t\t<path fill=\"#fff\" d=\"M2 0a2 2 0 0 0-2 2v2h1.5V2a.5.5 0 0 1 .5-.5h2V0H2Zm2 10.5H2a.5.5 0 0 1-.5-.5V8H0v2a2 2 0 0 0 2 2h2v-1.5ZM8 12v-1.5h2a.5.5 0 0 0 .5-.5V8H12v2a2 2 0 0 1-2 2H8Zm2-12a2 2 0 0 1 2 2v2h-1.5V2a.5.5 0 0 0-.5-.5H8V0h2Z\" \/>\n\t\t\t<\/svg>\n\t\t<\/button><\/figure>\n\n\n\n<h2 class=\"wp-block-heading\"><span class=\"ez-toc-section\" id=\"Pour_aller_plus_loin\"><\/span>Pour aller plus loin<span class=\"ez-toc-section-end\"><\/span><\/h2>\n\n\n\n<p class=\"wp-block-paragraph\">Sur Barcelone, nous avons aussi ces guides d\u00e9taill\u00e9s :<\/p>\n\n\n\n<ul class=\"wp-block-list\">\n\n<li><a href=\"https:\/\/loudavymkrokem.cz\/fr\/?p=376361\">Les prix \u00e0 Barcelone : budget et taxe de s\u00e9jour<\/a><\/li>\n\n\n<\/ul>\n\n\n\n<p class=\"wp-block-paragraph\">Si tu t&rsquo;int\u00e9resses \u00e0 d&rsquo;autres d\u00e9tails pour des vacances parfaites en Espagne, jette un \u0153il \u00e0 nos autres articles, o\u00f9 nous passons tout en revue, de l&rsquo;h\u00e9bergement aux plus beaux monuments.<\/p>\n\n\n\n<ul class=\"wp-block-list\">\n\n<li>  <a href=\"https:\/\/loudavymkrokem.cz\/fr\/que-voir-barcelone-incontournables\/\">Que voir \u00e0 Barcelone : plus de 25 id\u00e9es<\/a><\/li>\n\n\n\n<li>  <a href=\"https:\/\/loudavymkrokem.cz\/fr\/?p=376277\">M\u00e9t\u00e9o \u00e0 Barcelone : temp\u00e9ratures par mois et quand partir<\/a><\/li>\n\n\n\n<li>  <a href=\"https:\/\/loudavymkrokem.cz\/fr\/?p=376352\">Transports \u00e0 Barcelone : m\u00e9tro, tickets et a\u00e9roport<\/a><\/li>\n\n\n\n<li>  <a href=\"https:\/\/loudavymkrokem.cz\/fr\/ou-dormir-barcelone-espagne\/\">O\u00f9 loger \u00e0 Barcelone : 10 quartiers<\/a><\/li>\n\n\n\n<li>  <a href=\"https:\/\/loudavymkrokem.cz\/fr\/gerone-espagne-que-faire\/\">G\u00e9rone, Espagne : 16 id\u00e9es \u00e0 voir<\/a><\/li>\n\n\n\n<li>  <a href=\"https:\/\/loudavymkrokem.cz\/fr\/espagne-destinations-vacances\/\">Vacances en Espagne : 17 id\u00e9es de destinations<\/a><\/li>\n\n\n<\/ul>\n\n\n\n<figure data-wp-context=\"{&quot;imageId&quot;:&quot;6a953a95ab1b9&quot;}\" data-wp-interactive=\"core\/image\" data-wp-key=\"6a953a95ab1b9\" class=\"wp-block-image size-full wp-lightbox-container\"><img decoding=\"async\" width=\"2000\" height=\"1333\" data-wp-class--hide=\"state.isContentHidden\" data-wp-class--show=\"state.isContentVisible\" data-wp-init=\"callbacks.setButtonStyles\" data-wp-on--click=\"actions.showLightbox\" data-wp-on--load=\"callbacks.setButtonStyles\" data-wp-on--pointerdown=\"actions.preloadImage\" data-wp-on--pointerenter=\"actions.preloadImageWithDelay\" data-wp-on--pointerleave=\"actions.cancelPreload\" data-wp-on-window--resize=\"callbacks.setButtonStyles\" src=\"https:\/\/loudavymkrokem.cz\/wp-content\/uploads\/2026\/08\/arc-de-triomf-palmy.jpg\" alt=\"Arc de Triomf \u00e0 Barcelone parmi les palmiers\" class=\"wp-image-376340\" title=\"\" srcset=\"https:\/\/loudavymkrokem.cz\/wp-content\/uploads\/2026\/08\/arc-de-triomf-palmy.jpg 2000w, https:\/\/loudavymkrokem.cz\/wp-content\/uploads\/2026\/08\/arc-de-triomf-palmy-300x200.jpg 300w, https:\/\/loudavymkrokem.cz\/wp-content\/uploads\/2026\/08\/arc-de-triomf-palmy-700x467.jpg 700w, https:\/\/loudavymkrokem.cz\/wp-content\/uploads\/2026\/08\/arc-de-triomf-palmy-768x512.jpg 768w, https:\/\/loudavymkrokem.cz\/wp-content\/uploads\/2026\/08\/arc-de-triomf-palmy-1536x1024.jpg 1536w, https:\/\/loudavymkrokem.cz\/wp-content\/uploads\/2026\/08\/arc-de-triomf-palmy-696x464.jpg 696w, https:\/\/loudavymkrokem.cz\/wp-content\/uploads\/2026\/08\/arc-de-triomf-palmy-1392x928.jpg 1392w, https:\/\/loudavymkrokem.cz\/wp-content\/uploads\/2026\/08\/arc-de-triomf-palmy-1920x1280.jpg 1920w\" sizes=\"(max-width: 2000px) 100vw, 2000px\" \/><button\n\t\t\tclass=\"lightbox-trigger\"\n\t\t\ttype=\"button\"\n\t\t\taria-haspopup=\"dialog\"\n\t\t\tdata-wp-bind--aria-label=\"state.thisImage.triggerButtonAriaLabel\"\n\t\t\tdata-wp-init=\"callbacks.initTriggerButton\"\n\t\t\tdata-wp-on--click=\"actions.showLightbox\"\n\t\t\tdata-wp-style--right=\"state.thisImage.buttonRight\"\n\t\t\tdata-wp-style--top=\"state.thisImage.buttonTop\"\n\t\t>\n\t\t\t<svg xmlns=\"http:\/\/www.w3.org\/2000\/svg\" width=\"12\" height=\"12\" fill=\"none\" viewBox=\"0 0 12 12\">\n\t\t\t\t<path fill=\"#fff\" d=\"M2 0a2 2 0 0 0-2 2v2h1.5V2a.5.5 0 0 1 .5-.5h2V0H2Zm2 10.5H2a.5.5 0 0 1-.5-.5V8H0v2a2 2 0 0 0 2 2h2v-1.5ZM8 12v-1.5h2a.5.5 0 0 0 .5-.5V8H12v2a2 2 0 0 1-2 2H8Zm2-12a2 2 0 0 1 2 2v2h-1.5V2a.5.5 0 0 0-.5-.5H8V0h2Z\" \/>\n\t\t\t<\/svg>\n\t\t<\/button><\/figure>\n\n\n\n<h2 class=\"wp-block-heading\"><span class=\"ez-toc-section\" id=\"Questions_frequentes\"><\/span>Questions fr\u00e9quentes<span class=\"ez-toc-section-end\"><\/span><\/h2>\n\n\n<div id=\"rank-math-faq\" class=\"rank-math-block\">\n<div class=\"rank-math-list \">\n<div id=\"faq-question-1785837102000\" class=\"rank-math-list-item\">\n<h3 class=\"rank-math-question \"><span class=\"ez-toc-section\" id=\"Combien_de_temps_dure_le_vol_pour_Barcelone_depuis_Paris\"><\/span>Combien de temps dure le vol pour Barcelone depuis Paris ?<span class=\"ez-toc-section-end\"><\/span><\/h3>\n<div class=\"rank-math-answer \">\n\n<p>Un vol direct depuis l&rsquo;a\u00e9roport de Paris vers l&rsquo;a\u00e9roport barcelonais El Prat dure environ 2 heures, au cours desquelles tu parcours une distance de 1 100 kilom\u00e8tres. En haute saison estivale, tu peux en plus choisir parmi plusieurs vols quotidiens, ce qui offre une grande flexibilit\u00e9 pour planifier ton voyage.<\/p>\n\n<\/div>\n<\/div>\n<div id=\"faq-question-1785837102001\" class=\"rank-math-list-item\">\n<h3 class=\"rank-math-question \"><span class=\"ez-toc-section\" id=\"Combien_coute_approximativement_un_billet_davion\"><\/span>Combien co\u00fbte approximativement un billet d&rsquo;avion ?<span class=\"ez-toc-section-end\"><\/span><\/h3>\n<div class=\"rank-math-answer \">\n\n<p>Les prix varient beaucoup selon l&rsquo;anticipation et la saison, mais en \u00e9t\u00e9 compte sur un prix moyen d&rsquo;environ 95 \u20ac pour un aller simple sans aucun bagage. Bien que les comparateurs puissent afficher des billets \u00e0 partir de 55 \u20ac, ces tarifs sont g\u00e9n\u00e9ralement disponibles plut\u00f4t en dehors de la haute saison estivale et les jours moins attractifs.<\/p>\n\n<\/div>\n<\/div>\n<div id=\"faq-question-1785837102002\" class=\"rank-math-list-item\">\n<h3 class=\"rank-math-question \"><span class=\"ez-toc-section\" id=\"Le_ticket_de_metro_classique_fonctionne-t-il_depuis_laeroport\"><\/span>Le ticket de m\u00e9tro classique fonctionne-t-il depuis l&rsquo;a\u00e9roport ?<span class=\"ez-toc-section-end\"><\/span><\/h3>\n<div class=\"rank-math-answer \">\n\n<p>Malheureusement non, le ticket classique T-casual ne te laissera pas passer les tourniquets de la ligne moderne d&rsquo;a\u00e9roport L9 Sud. Tu dois acheter un Bitllet Aeroport sp\u00e9cial, qui co\u00fbte actuellement 5,90 \u20ac. Si tu veux \u00e9conomiser, prends le train de banlieue RENFE depuis le terminal T2, o\u00f9 le ticket classique est accept\u00e9 normalement.<\/p>\n\n<\/div>\n<\/div>\n<div id=\"faq-question-1785837102003\" class=\"rank-math-list-item\">\n<h3 class=\"rank-math-question \"><span class=\"ez-toc-section\" id=\"Puis-je_aller_au_centre_de_Barcelone_en_voiture\"><\/span>Puis-je aller au centre de Barcelone en voiture ?<span class=\"ez-toc-section-end\"><\/span><\/h3>\n<div class=\"rank-math-answer \">\n\n<p>Th\u00e9oriquement tu peux, mais en pratique nous le d\u00e9conseillons fortement \u00e0 cause de la zone \u00e0 faibles \u00e9missions stricte ZBE qui couvre tout le centre. Les voitures \u00e9trang\u00e8res doivent s&rsquo;enregistrer au pr\u00e9alable gratuitement en ligne dans le syst\u00e8me AMB et respecter les normes d&rsquo;\u00e9missions, sinon elles risquent une amende automatique de 200 \u20ac du syst\u00e8me de cam\u00e9ras intelligentes.<\/p>\n\n<\/div>\n<\/div>\n<div id=\"faq-question-1785837102004\" class=\"rank-math-list-item\">\n<h3 class=\"rank-math-question \"><span class=\"ez-toc-section\" id=\"Peut-on_aller_a_Barcelone_confortablement_en_train\"><\/span>Peut-on aller \u00e0 Barcelone confortablement en train ?<span class=\"ez-toc-section-end\"><\/span><\/h3>\n<div class=\"rank-math-answer \">\n\n<p>Absolument oui et c&rsquo;est une excellente option, notamment si pour des raisons de sant\u00e9 tu ne peux pas prendre l&rsquo;avion. Le plus simple depuis la France est de prendre un TGV direct depuis Paris, qui fait le trajet jusqu&rsquo;\u00e0 la mer en 6 heures et 15 minutes. Tu peux aussi passer par Lyon avec diff\u00e9rentes correspondances selon ton point de d\u00e9part.<\/p>\n\n<\/div>\n<\/div>\n<div id=\"faq-question-1785837102005\" class=\"rank-math-list-item\">\n<h3 class=\"rank-math-question \"><span class=\"ez-toc-section\" id=\"A_quoi_faire_attention_avec_les_compagnies_low-cost_comme_Ryanair\"><\/span>\u00c0 quoi faire attention avec les compagnies low-cost comme Ryanair ?<span class=\"ez-toc-section-end\"><\/span><\/h3>\n<div class=\"rank-math-answer \">\n\n<p>Le plus gros probl\u00e8me, ce sont les frais cach\u00e9s pour les bagages directement \u00e0 la porte d&#8217;embarquement. Si tu n&rsquo;ach\u00e8tes pas le service Priority et que tu arrives avec une grosse valise cabine qui ne rentre pas dans la limite de 40 \u00d7 20 \u00d7 25 centim\u00e8tres, tu paies une lourde amende de 35 \u20ac, qui peut grimper jusqu&rsquo;\u00e0 70 \u20ac pour les bagages encore plus gros.<\/p>\n\n<\/div>\n<\/div>\n<div id=\"faq-question-1785837102006\" class=\"rank-math-list-item\">\n<h3 class=\"rank-math-question \"><span class=\"ez-toc-section\" id=\"Est-ce_rentable_de_voler_vers_les_aeroports_plus_eloignes_de_Gerone_ou_Reus\"><\/span>Est-ce rentable de voler vers les a\u00e9roports plus \u00e9loign\u00e9s de G\u00e9rone ou Reus ?<span class=\"ez-toc-section-end\"><\/span><\/h3>\n<div class=\"rank-math-answer \">\n\n<p>Si tu vises directement Barcelone, \u00e7a ne vaut g\u00e9n\u00e9ralement pas du tout le coup. Le transfert en bus depuis ces a\u00e9roports co\u00fbte 15 \u00e0 22 \u20ac suppl\u00e9mentaires par trajet et le voyage dure plus d&rsquo;une heure et quart, donc l&rsquo;argent \u00e9conomis\u00e9 sur un billet moins cher, tu finis par le d\u00e9penser dans un transport interminable jusqu&rsquo;au centre et tu perds \u00e9norm\u00e9ment de temps.<\/p>\n\n<\/div>\n<\/div>\n<\/div>\n<\/div>","protected":false},"excerpt":{"rendered":"<p>Tu pr\u00e9pares un voyage \u00e0 Barcelone, en Espagne ? On te conseille sur les billets d&rsquo;avion \u00e0 choisir, les pi\u00e8ges des bagages et comment y aller en train si tu ne voles pas.<\/p>\n","protected":false},"author":3,"featured_media":376474,"comment_status":"open","ping_status":"open","sticky":false,"template":"","format":"standard","meta":{"_acf_changed":false,"footnotes":"","rank_math_title":"Barcelone Espagne : vols, prix et train 2026","rank_math_description":"Comment rejoindre Barcelone en Espagne depuis la France : vols directs, prix des billets, pi\u00e8ges des bagages et train. Pr\u00e9pare ton voyage 2026 d\u00e8s maintenant !","rank_math_focus_keyword":"barcelone espagne","rank_math_seo_score":""},"categories":[1476,578,558,650],"tags":[],"class_list":["post-409262","post","type-post","status-publish","format-standard","has-post-thumbnail","category-catalogne","category-espagne","category-europe","category-voyages"],"acf":[],"featured_image_src":"https:\/\/loudavymkrokem.cz\/wp-content\/uploads\/2026\/08\/barcelona-vueling-a-jejich-odstupnovana-kila-px.jpg","author_info":{"display_name":"Lucie Kone\u010dn\u00e1","author_link":"https:\/\/loudavymkrokem.cz\/fr\/author\/lucie-konecna\/"},"_links":{"self":[{"href":"https:\/\/loudavymkrokem.cz\/fr\/wp-json\/wp\/v2\/posts\/409262","targetHints":{"allow":["GET"]}}],"collection":[{"href":"https:\/\/loudavymkrokem.cz\/fr\/wp-json\/wp\/v2\/posts"}],"about":[{"href":"https:\/\/loudavymkrokem.cz\/fr\/wp-json\/wp\/v2\/types\/post"}],"author":[{"embeddable":true,"href":"https:\/\/loudavymkrokem.cz\/fr\/wp-json\/wp\/v2\/users\/3"}],"replies":[{"embeddable":true,"href":"https:\/\/loudavymkrokem.cz\/fr\/wp-json\/wp\/v2\/comments?post=409262"}],"version-history":[{"count":2,"href":"https:\/\/loudavymkrokem.cz\/fr\/wp-json\/wp\/v2\/posts\/409262\/revisions"}],"predecessor-version":[{"id":409264,"href":"https:\/\/loudavymkrokem.cz\/fr\/wp-json\/wp\/v2\/posts\/409262\/revisions\/409264"}],"wp:featuredmedia":[{"embeddable":true,"href":"https:\/\/loudavymkrokem.cz\/fr\/wp-json\/wp\/v2\/media\/376474"}],"wp:attachment":[{"href":"https:\/\/loudavymkrokem.cz\/fr\/wp-json\/wp\/v2\/media?parent=409262"}],"wp:term":[{"taxonomy":"category","embeddable":true,"href":"https:\/\/loudavymkrokem.cz\/fr\/wp-json\/wp\/v2\/categories?post=409262"},{"taxonomy":"post_tag","embeddable":true,"href":"https:\/\/loudavymkrokem.cz\/fr\/wp-json\/wp\/v2\/tags?post=409262"}],"curies":[{"name":"wp","href":"https:\/\/api.w.org\/{rel}","templated":true}]}}