{"id":409241,"date":"2026-08-27T20:49:13","date_gmt":"2026-08-27T18:49:13","guid":{"rendered":"https:\/\/loudavymkrokem.cz\/salzbourg-autriche-lieux-tournage\/"},"modified":"2026-08-31T23:27:04","modified_gmt":"2026-08-31T21:27:04","slug":"salzbourg-autriche-lieux-tournage","status":"publish","type":"post","link":"https:\/\/loudavymkrokem.cz\/fr\/salzbourg-autriche-lieux-tournage\/","title":{"rendered":"La M\u00e9lodie du bonheur : 11 lieux de tournage \u00e0 Salzbourg (Autriche) en 2026"},"content":{"rendered":"\n<p class=\"wp-block-paragraph\">Si tu t&rsquo;appr\u00eates \u00e0 d\u00e9couvrir les merveilles de Salzbourg, en Autriche, et que tu attends avec impatience les lieux du l\u00e9gendaire film La M\u00e9lodie du bonheur, laisse-moi te surprendre d\u00e8s le d\u00e9part. <strong>La c\u00e9l\u00e8bre villa de la famille von Trapp n&rsquo;existe tout simplement pas<\/strong>. Les cin\u00e9astes ont compos\u00e9 cette demeure imposante \u00e0 partir de deux ch\u00e2teaux diff\u00e9rents, et toutes les sc\u00e8nes d&rsquo;int\u00e9rieur ont en plus \u00e9t\u00e9 tourn\u00e9es dans des studios hollywoodiens. Pourtant, la chasse \u00e0 ces petits fragments \u00e0 travers la ville va compl\u00e8tement te captiver.<\/p>\n\n\n\n<p class=\"wp-block-paragraph\">Un choc encore plus grand t&rsquo;attend \u00e0 la toute fin de l&rsquo;histoire. Tu te souviens de cette <strong>fuite dramatique de la famille par-dessus les cr\u00eates alpines vers la Suisse<\/strong> ? C&rsquo;\u00e9tait de la pure fantaisie hollywoodienne, car en r\u00e9alit\u00e9 cet itin\u00e9raire les aurait men\u00e9s directement en Allemagne nazie. La vraie famille von Trapp a simplement fait ses valises, march\u00e9 jusqu&rsquo;\u00e0 la gare voisine d&rsquo;Aigen et <strong>gagn\u00e9 confortablement la s\u00e9curit\u00e9 en train<\/strong>.<\/p>\n\n\n\n<p class=\"wp-block-paragraph\">Salzbourg est en somme une ville o\u00f9 la <strong>r\u00e9alit\u00e9 historique se m\u00eale sans cesse \u00e0 la magie du cin\u00e9ma<\/strong>. Et d\u00e8s que tu commences \u00e0 arpenter ses pav\u00e9s \u00e0 la recherche des bonnes maisons, portails et pavillons, tu d\u00e9couvres que cette tension entre le mythe et la v\u00e9rit\u00e9 est justement ce qu&rsquo;elle peut t&rsquo;offrir de mieux.<\/p>\n\n\n\n<figure data-wp-context=\"{&quot;imageId&quot;:&quot;6a96697976baf&quot;}\" data-wp-interactive=\"core\/image\" data-wp-key=\"6a96697976baf\" class=\"wp-block-image size-full wp-lightbox-container\"><img decoding=\"async\" width=\"1200\" height=\"800\" data-wp-class--hide=\"state.isContentHidden\" data-wp-class--show=\"state.isContentVisible\" data-wp-init=\"callbacks.setButtonStyles\" data-wp-on--click=\"actions.showLightbox\" data-wp-on--load=\"callbacks.setButtonStyles\" data-wp-on--pointerdown=\"actions.preloadImage\" data-wp-on--pointerenter=\"actions.preloadImageWithDelay\" data-wp-on--pointerleave=\"actions.cancelPreload\" data-wp-on-window--resize=\"callbacks.setButtonStyles\" src=\"https:\/\/loudavymkrokem.cz\/wp-content\/uploads\/2025\/05\/co-videt-v-salzburgu-54.jpg\" alt=\"La vieille ville de Salzbourg sous la forteresse de Hohensalzburg\" class=\"wp-image-96659\" title=\"\" srcset=\"https:\/\/loudavymkrokem.cz\/wp-content\/uploads\/2025\/05\/co-videt-v-salzburgu-54.jpg 1200w, https:\/\/loudavymkrokem.cz\/wp-content\/uploads\/2025\/05\/co-videt-v-salzburgu-54-300x200.jpg 300w, https:\/\/loudavymkrokem.cz\/wp-content\/uploads\/2025\/05\/co-videt-v-salzburgu-54-700x467.jpg 700w, https:\/\/loudavymkrokem.cz\/wp-content\/uploads\/2025\/05\/co-videt-v-salzburgu-54-768x512.jpg 768w, https:\/\/loudavymkrokem.cz\/wp-content\/uploads\/2025\/05\/co-videt-v-salzburgu-54-696x464.jpg 696w\" sizes=\"(max-width: 1200px) 100vw, 1200px\" \/><button\n\t\t\tclass=\"lightbox-trigger\"\n\t\t\ttype=\"button\"\n\t\t\taria-haspopup=\"dialog\"\n\t\t\tdata-wp-bind--aria-label=\"state.thisImage.triggerButtonAriaLabel\"\n\t\t\tdata-wp-init=\"callbacks.initTriggerButton\"\n\t\t\tdata-wp-on--click=\"actions.showLightbox\"\n\t\t\tdata-wp-style--right=\"state.thisImage.buttonRight\"\n\t\t\tdata-wp-style--top=\"state.thisImage.buttonTop\"\n\t\t>\n\t\t\t<svg xmlns=\"http:\/\/www.w3.org\/2000\/svg\" width=\"12\" height=\"12\" fill=\"none\" viewBox=\"0 0 12 12\">\n\t\t\t\t<path fill=\"#fff\" d=\"M2 0a2 2 0 0 0-2 2v2h1.5V2a.5.5 0 0 1 .5-.5h2V0H2Zm2 10.5H2a.5.5 0 0 1-.5-.5V8H0v2a2 2 0 0 0 2 2h2v-1.5ZM8 12v-1.5h2a.5.5 0 0 0 .5-.5V8H12v2a2 2 0 0 1-2 2H8Zm2-12a2 2 0 0 1 2 2v2h-1.5V2a.5.5 0 0 0-.5-.5H8V0h2Z\" \/>\n\t\t\t<\/svg>\n\t\t<\/button><\/figure>\n\n\n\n<div id=\"ez-toc-container\" class=\"ez-toc-v2_0_86 ez-toc-wrap-left counter-hierarchy ez-toc-counter ez-toc-grey ez-toc-container-direction\">\n<div class=\"ez-toc-title-container\">\n<p class=\"ez-toc-title\" style=\"cursor:inherit\">Contenu de l&#039;article<\/p>\n<span class=\"ez-toc-title-toggle\"><a href=\"#\" class=\"ez-toc-pull-right ez-toc-btn ez-toc-btn-xs ez-toc-btn-default ez-toc-toggle\" aria-label=\"Toggle Table of Content\"><span class=\"ez-toc-js-icon-con\"><span class=\"\"><span class=\"eztoc-hide\" style=\"display:none;\">Toggle<\/span><span class=\"ez-toc-icon-toggle-span\"><svg style=\"fill: #999;color:#999\" xmlns=\"http:\/\/www.w3.org\/2000\/svg\" class=\"list-377408\" width=\"20px\" height=\"20px\" viewBox=\"0 0 24 24\" fill=\"none\"><path d=\"M6 6H4v2h2V6zm14 0H8v2h12V6zM4 11h2v2H4v-2zm16 0H8v2h12v-2zM4 16h2v2H4v-2zm16 0H8v2h12v-2z\" fill=\"currentColor\"><\/path><\/svg><svg style=\"fill: #999;color:#999\" class=\"arrow-unsorted-368013\" xmlns=\"http:\/\/www.w3.org\/2000\/svg\" width=\"10px\" height=\"10px\" viewBox=\"0 0 24 24\" version=\"1.2\" baseProfile=\"tiny\"><path d=\"M18.2 9.3l-6.2-6.3-6.2 6.3c-.2.2-.3.4-.3.7s.1.5.3.7c.2.2.4.3.7.3h11c.3 0 .5-.1.7-.3.2-.2.3-.5.3-.7s-.1-.5-.3-.7zM5.8 14.7l6.2 6.3 6.2-6.3c.2-.2.3-.5.3-.7s-.1-.5-.3-.7c-.2-.2-.4-.3-.7-.3h-11c-.3 0-.5.1-.7.3-.2.2-.3.5-.3.7s.1.5.3.7z\"\/><\/svg><\/span><\/span><\/span><\/a><\/span><\/div>\n<nav><ul class='ez-toc-list ez-toc-list-level-1 ' ><ul class='ez-toc-list-level-3' ><li class='ez-toc-heading-level-3'><a class=\"ez-toc-link ez-toc-heading-1\" href=\"https:\/\/loudavymkrokem.cz\/fr\/salzbourg-autriche-lieux-tournage\/#Resume_pour_ceux_qui_nont_pas_le_temps_de_tout_lire\" >R\u00e9sum\u00e9 pour ceux qui n&rsquo;ont pas le temps de tout lire<\/a><\/li><\/ul><\/li><li class='ez-toc-page-1 ez-toc-heading-level-2'><a class=\"ez-toc-link ez-toc-heading-2\" href=\"https:\/\/loudavymkrokem.cz\/fr\/salzbourg-autriche-lieux-tournage\/#Salzbourg_en_pratique_comment_sy_rendre_et_quand_partir\" >Salzbourg en pratique : comment s&rsquo;y rendre et quand partir<\/a><\/li><li class='ez-toc-page-1 ez-toc-heading-level-2'><a class=\"ez-toc-link ez-toc-heading-3\" href=\"https:\/\/loudavymkrokem.cz\/fr\/salzbourg-autriche-lieux-tournage\/#11_lieux_de_tournage_a_Salzbourg_et_dans_ses_environs\" >11 lieux de tournage \u00e0 Salzbourg et dans ses environs<\/a><ul class='ez-toc-list-level-3' ><li class='ez-toc-heading-level-3'><a class=\"ez-toc-link ez-toc-heading-4\" href=\"https:\/\/loudavymkrokem.cz\/fr\/salzbourg-autriche-lieux-tournage\/#1_Les_jardins_Mirabell_et_lescalier_de_Do-Re-Mi\" >1. Les jardins Mirabell et l&rsquo;escalier de Do-R\u00e9-Mi<\/a><\/li><li class='ez-toc-page-1 ez-toc-heading-level-3'><a class=\"ez-toc-link ez-toc-heading-5\" href=\"https:\/\/loudavymkrokem.cz\/fr\/salzbourg-autriche-lieux-tournage\/#2_Le_couvent_de_Nonnberg_et_la_vraie_vie_de_Maria\" >2. Le couvent de Nonnberg et la vraie vie de Maria<\/a><\/li><li class='ez-toc-page-1 ez-toc-heading-level-3'><a class=\"ez-toc-link ez-toc-heading-6\" href=\"https:\/\/loudavymkrokem.cz\/fr\/salzbourg-autriche-lieux-tournage\/#3_Le_pavillon_de_la_chanson_Sixteen_Going_on_Seventeen\" >3. Le pavillon de la chanson Sixteen Going on Seventeen<\/a><\/li><li class='ez-toc-page-1 ez-toc-heading-level-3'><a class=\"ez-toc-link ez-toc-heading-7\" href=\"https:\/\/loudavymkrokem.cz\/fr\/salzbourg-autriche-lieux-tournage\/#4_Le_chateau_de_Hellbrunn_et_ses_fontaines-surprises\" >4. Le ch\u00e2teau de Hellbrunn et ses fontaines-surprises<\/a><\/li><li class='ez-toc-page-1 ez-toc-heading-level-3'><a class=\"ez-toc-link ez-toc-heading-8\" href=\"https:\/\/loudavymkrokem.cz\/fr\/salzbourg-autriche-lieux-tournage\/#5_Schloss_Leopoldskron_et_les_scenes_au_bord_du_lac\" >5. Schloss Leopoldskron et les sc\u00e8nes au bord du lac<\/a><\/li><li class='ez-toc-page-1 ez-toc-heading-level-3'><a class=\"ez-toc-link ez-toc-heading-9\" href=\"https:\/\/loudavymkrokem.cz\/fr\/salzbourg-autriche-lieux-tournage\/#6_Schloss_Frohnburg_et_la_facade_de_la_villa_au_cinema\" >6. Schloss Frohnburg et la fa\u00e7ade de la villa au cin\u00e9ma<\/a><\/li><li class='ez-toc-page-1 ez-toc-heading-level-3'><a class=\"ez-toc-link ez-toc-heading-10\" href=\"https:\/\/loudavymkrokem.cz\/fr\/salzbourg-autriche-lieux-tournage\/#7_La_Villa_Trapp_a_Aigen_la_vraie_maison_de_la_famille\" >7. La Villa Trapp \u00e0 Aigen : la vraie maison de la famille<\/a><\/li><li class='ez-toc-page-1 ez-toc-heading-level-3'><a class=\"ez-toc-link ez-toc-heading-11\" href=\"https:\/\/loudavymkrokem.cz\/fr\/salzbourg-autriche-lieux-tournage\/#8_La_basilique_de_Mondsee_et_le_celebre_mariage\" >8. La basilique de Mondsee et le c\u00e9l\u00e8bre mariage<\/a><\/li><li class='ez-toc-page-1 ez-toc-heading-level-3'><a class=\"ez-toc-link ez-toc-heading-12\" href=\"https:\/\/loudavymkrokem.cz\/fr\/salzbourg-autriche-lieux-tournage\/#9_Le_Felsenreitschule_et_le_concert_dramatique\" >9. Le Felsenreitschule et le concert dramatique<\/a><\/li><li class='ez-toc-page-1 ez-toc-heading-level-3'><a class=\"ez-toc-link ez-toc-heading-13\" href=\"https:\/\/loudavymkrokem.cz\/fr\/salzbourg-autriche-lieux-tournage\/#10_La_Residenzplatz_et_la_fontaine_pleine_dassurance\" >10. La Residenzplatz et la fontaine pleine d&rsquo;assurance<\/a><\/li><li class='ez-toc-page-1 ez-toc-heading-level-3'><a class=\"ez-toc-link ez-toc-heading-14\" href=\"https:\/\/loudavymkrokem.cz\/fr\/salzbourg-autriche-lieux-tournage\/#11_Excursion_a_Werfen_et_sur_les_prairies_de_montagne\" >11. Excursion \u00e0 Werfen et sur les prairies de montagne<\/a><\/li><\/ul><\/li><li class='ez-toc-page-1 ez-toc-heading-level-2'><a class=\"ez-toc-link ez-toc-heading-15\" href=\"https:\/\/loudavymkrokem.cz\/fr\/salzbourg-autriche-lieux-tournage\/#La_Melodie_du_bonheur_le_vrai_du_faux_hollywoodien\" >La M\u00e9lodie du bonheur : le vrai du faux hollywoodien<\/a><\/li><li class='ez-toc-page-1 ez-toc-heading-level-2'><a class=\"ez-toc-link ez-toc-heading-16\" href=\"https:\/\/loudavymkrokem.cz\/fr\/salzbourg-autriche-lieux-tournage\/#Ou_se_loger_les_meilleurs_hotels_a_Salzbourg_Autriche\" >O\u00f9 se loger : les meilleurs h\u00f4tels \u00e0 Salzbourg (Autriche)<\/a><\/li><li class='ez-toc-page-1 ez-toc-heading-level-2'><a class=\"ez-toc-link ez-toc-heading-17\" href=\"https:\/\/loudavymkrokem.cz\/fr\/salzbourg-autriche-lieux-tournage\/#Ou_manger\" >O\u00f9 manger<\/a><\/li><li class='ez-toc-page-1 ez-toc-heading-level-2'><a class=\"ez-toc-link ez-toc-heading-18\" href=\"https:\/\/loudavymkrokem.cz\/fr\/salzbourg-autriche-lieux-tournage\/#Antiseche_rapide_les_lieux_de_tournage_a_Salzbourg_et_alentour\" >Antis\u00e8che rapide : les lieux de tournage \u00e0 Salzbourg et alentour<\/a><\/li><li class='ez-toc-page-1 ez-toc-heading-level-2'><a class=\"ez-toc-link ez-toc-heading-19\" href=\"https:\/\/loudavymkrokem.cz\/fr\/salzbourg-autriche-lieux-tournage\/#Ou_aller_ensuite\" >O\u00f9 aller ensuite<\/a><\/li><li class='ez-toc-page-1 ez-toc-heading-level-2'><a class=\"ez-toc-link ez-toc-heading-20\" href=\"https:\/\/loudavymkrokem.cz\/fr\/salzbourg-autriche-lieux-tournage\/#Questions_frequentes\" >Questions fr\u00e9quentes<\/a><ul class='ez-toc-list-level-3' ><li class='ez-toc-heading-level-3'><a class=\"ez-toc-link ez-toc-heading-21\" href=\"https:\/\/loudavymkrokem.cz\/fr\/salzbourg-autriche-lieux-tournage\/#Peut-on_entrer_dans_le_celebre_pavillon_du_film\" >Peut-on entrer dans le c\u00e9l\u00e8bre pavillon du film ?<\/a><\/li><li class='ez-toc-page-1 ez-toc-heading-level-3'><a class=\"ez-toc-link ez-toc-heading-22\" href=\"https:\/\/loudavymkrokem.cz\/fr\/salzbourg-autriche-lieux-tournage\/#Ou_se_trouvait_la_vraie_villa_de_la_famille_von_Trapp\" >O\u00f9 se trouvait la vraie villa de la famille von Trapp ?<\/a><\/li><li class='ez-toc-page-1 ez-toc-heading-level-3'><a class=\"ez-toc-link ez-toc-heading-23\" href=\"https:\/\/loudavymkrokem.cz\/fr\/salzbourg-autriche-lieux-tournage\/#Combien_coute_une_visite_organisee_Sound_of_Music\" >Combien co\u00fbte une visite organis\u00e9e Sound of Music ?<\/a><\/li><li class='ez-toc-page-1 ez-toc-heading-level-3'><a class=\"ez-toc-link ez-toc-heading-24\" href=\"https:\/\/loudavymkrokem.cz\/fr\/salzbourg-autriche-lieux-tournage\/#Ai-je_besoin_dune_vignette_autoroutiere_pour_lAutriche\" >Ai-je besoin d&rsquo;une vignette autorouti\u00e8re pour l&rsquo;Autriche ?<\/a><\/li><li class='ez-toc-page-1 ez-toc-heading-level-3'><a class=\"ez-toc-link ez-toc-heading-25\" href=\"https:\/\/loudavymkrokem.cz\/fr\/salzbourg-autriche-lieux-tournage\/#Le_couvent_de_Nonnberg_est-il_une_attraction_touristique_ordinaire\" >Le couvent de Nonnberg est-il une attraction touristique ordinaire ?<\/a><\/li><li class='ez-toc-page-1 ez-toc-heading-level-3'><a class=\"ez-toc-link ez-toc-heading-26\" href=\"https:\/\/loudavymkrokem.cz\/fr\/salzbourg-autriche-lieux-tournage\/#Puis-je_visiter_le_chateau_de_Leopoldskron\" >Puis-je visiter le ch\u00e2teau de Leopoldskron ?<\/a><\/li><li class='ez-toc-page-1 ez-toc-heading-level-3'><a class=\"ez-toc-link ez-toc-heading-27\" href=\"https:\/\/loudavymkrokem.cz\/fr\/salzbourg-autriche-lieux-tournage\/#Ou_la_famille_sest-elle_reellement_enfuie\" >O\u00f9 la famille s&rsquo;est-elle r\u00e9ellement enfuie ?<\/a><\/li><li class='ez-toc-page-1 ez-toc-heading-level-3'><a class=\"ez-toc-link ez-toc-heading-28\" href=\"https:\/\/loudavymkrokem.cz\/fr\/salzbourg-autriche-lieux-tournage\/#Quelle_est_la_meilleure_periode_pour_visiter_Salzbourg\" >Quelle est la meilleure p\u00e9riode pour visiter Salzbourg ?<\/a><\/li><\/ul><\/li><\/ul><\/nav><\/div>\n<h3 class=\"wp-block-heading\"><span class=\"ez-toc-section\" id=\"Resume_pour_ceux_qui_nont_pas_le_temps_de_tout_lire\"><\/span>R\u00e9sum\u00e9 pour ceux qui n&rsquo;ont pas le temps de tout lire<span class=\"ez-toc-section-end\"><\/span><\/h3>\n\n\n\n<ul class=\"wp-block-list\">\n\n<li>  <strong>La villa du film est une illusion :<\/strong> elle combine la fa\u00e7ade du ch\u00e2teau Schloss Frohnburg et la terrasse arri\u00e8re au bord du lac du ch\u00e2teau Schloss Leopoldskron.<\/li>\n\n\n\n<li>  <strong>Le c\u00e9l\u00e8bre pavillon a d\u00e9m\u00e9nag\u00e9 :<\/strong> il ne se trouve plus au bord du lac, mais dans le parc du ch\u00e2teau de Hellbrunn, et l&rsquo;entr\u00e9e y est interdite pour des raisons de s\u00e9curit\u00e9.<\/li>\n\n\n\n<li>  <strong>La v\u00e9ritable maison de la famille :<\/strong> la vraie Villa Trapp se situe dans le quartier d&rsquo;Aigen et fonctionne aujourd&rsquo;hui comme h\u00f4tel \u2014 tu peux m\u00eame dormir dans la chambre de Maria.<\/li>\n\n\n\n<li>  <strong>Visites organis\u00e9es :<\/strong> le classique tour en bus \u00ab Sound of Music \u00bb dure environ 4 heures et te co\u00fbtera \u00e0 peu pr\u00e8s 80 \u20ac par personne.<\/li>\n\n\n\n<li>  <strong>Quand y aller :<\/strong> la meilleure m\u00e9t\u00e9o pour les excursions va de mai \u00e0 septembre ; l&rsquo;Avent est \u00e9galement magnifique, mais attends-toi aux foules.<\/li>\n\n\n\n<li>  <strong>\u00c0 quoi faire attention :<\/strong> pendant le festival estival Salzburger Festspiele (juillet et ao\u00fbt), la ville d\u00e9borde et les prix de l&rsquo;h\u00e9bergement s&rsquo;envolent.<\/li>\n\n\n\n<li>  <strong>Le conseil principal pour la visite :<\/strong> le couvent de Nonnberg reste un foyer de religieuses en activit\u00e9, un calme et un respect absolus sont donc exig\u00e9s dans la cour et la chapelle.<\/li>\n\n\n<\/ul>\n\n\n\n<figure data-wp-context=\"{&quot;imageId&quot;:&quot;6a96697977418&quot;}\" data-wp-interactive=\"core\/image\" data-wp-key=\"6a96697977418\" class=\"wp-block-image size-full wp-lightbox-container\"><img decoding=\"async\" width=\"1200\" height=\"630\" data-wp-class--hide=\"state.isContentHidden\" data-wp-class--show=\"state.isContentVisible\" data-wp-init=\"callbacks.setButtonStyles\" data-wp-on--click=\"actions.showLightbox\" data-wp-on--load=\"callbacks.setButtonStyles\" data-wp-on--pointerdown=\"actions.preloadImage\" data-wp-on--pointerenter=\"actions.preloadImageWithDelay\" data-wp-on--pointerleave=\"actions.cancelPreload\" data-wp-on-window--resize=\"callbacks.setButtonStyles\" src=\"https:\/\/loudavymkrokem.cz\/wp-content\/uploads\/2025\/05\/salzburg.jpg\" alt=\"Vue de Salzbourg avec la forteresse de Hohensalzburg\" class=\"wp-image-96716\" title=\"\" srcset=\"https:\/\/loudavymkrokem.cz\/wp-content\/uploads\/2025\/05\/salzburg.jpg 1200w, https:\/\/loudavymkrokem.cz\/wp-content\/uploads\/2025\/05\/salzburg-300x158.jpg 300w, https:\/\/loudavymkrokem.cz\/wp-content\/uploads\/2025\/05\/salzburg-700x368.jpg 700w, https:\/\/loudavymkrokem.cz\/wp-content\/uploads\/2025\/05\/salzburg-768x403.jpg 768w, https:\/\/loudavymkrokem.cz\/wp-content\/uploads\/2025\/05\/salzburg-696x365.jpg 696w\" sizes=\"(max-width: 1200px) 100vw, 1200px\" \/><button\n\t\t\tclass=\"lightbox-trigger\"\n\t\t\ttype=\"button\"\n\t\t\taria-haspopup=\"dialog\"\n\t\t\tdata-wp-bind--aria-label=\"state.thisImage.triggerButtonAriaLabel\"\n\t\t\tdata-wp-init=\"callbacks.initTriggerButton\"\n\t\t\tdata-wp-on--click=\"actions.showLightbox\"\n\t\t\tdata-wp-style--right=\"state.thisImage.buttonRight\"\n\t\t\tdata-wp-style--top=\"state.thisImage.buttonTop\"\n\t\t>\n\t\t\t<svg xmlns=\"http:\/\/www.w3.org\/2000\/svg\" width=\"12\" height=\"12\" fill=\"none\" viewBox=\"0 0 12 12\">\n\t\t\t\t<path fill=\"#fff\" d=\"M2 0a2 2 0 0 0-2 2v2h1.5V2a.5.5 0 0 1 .5-.5h2V0H2Zm2 10.5H2a.5.5 0 0 1-.5-.5V8H0v2a2 2 0 0 0 2 2h2v-1.5ZM8 12v-1.5h2a.5.5 0 0 0 .5-.5V8H12v2a2 2 0 0 1-2 2H8Zm2-12a2 2 0 0 1 2 2v2h-1.5V2a.5.5 0 0 0-.5-.5H8V0h2Z\" \/>\n\t\t\t<\/svg>\n\t\t<\/button><\/figure>\n\n\n\n<h2 class=\"wp-block-heading\"><span class=\"ez-toc-section\" id=\"Salzbourg_en_pratique_comment_sy_rendre_et_quand_partir\"><\/span>Salzbourg en pratique : comment s&rsquo;y rendre et quand partir<span class=\"ez-toc-section-end\"><\/span><\/h2>\n\n\n\n<p class=\"wp-block-paragraph\">Depuis la France, la fa\u00e7on la plus simple de rejoindre Salzbourg, en Autriche, est l&rsquo;avion. Plusieurs compagnies comme easyJet, Transavia ou Ryanair proposent des vols vers Munich ou Vienne au d\u00e9part de Paris, Lyon ou Marseille. <strong>Salzbourg dispose aussi de son propre a\u00e9roport international<\/strong>. Depuis Munich, la ville de Mozart n&rsquo;est qu&rsquo;\u00e0 moins de deux heures en voiture ou en train. Si tu voyages en voiture depuis la France, n&rsquo;oublie pas de te procurer la vignette autorouti\u00e8re (Autriche et \u00e9ventuellement Suisse) avant de franchir la fronti\u00e8re \u2014 tu l&rsquo;ach\u00e8tes d\u00e9sormais facilement en ligne.<\/p>\n\n\n\n<p class=\"wp-block-paragraph\">La ville elle-m\u00eame est assez compacte et tu peux parcourir une grande partie des monuments \u00e0 pied. Pour les distances plus longues jusqu&rsquo;aux ch\u00e2teaux en p\u00e9riph\u00e9rie, <strong>les trolleybus et bus locaux sont parfaits<\/strong> : ils circulent tr\u00e8s souvent et avec une grande ponctualit\u00e9. Une fois sur place, tu n&rsquo;auras donc pas vraiment besoin de voiture pour l&rsquo;essentiel des lieux de tournage.<\/p>\n\n\n\n<p class=\"wp-block-paragraph\">Quant au moment id\u00e9al pour la visite, <strong>tout d\u00e9pend surtout de tes attentes et de ton budget<\/strong>. De mai \u00e0 septembre, la m\u00e9t\u00e9o \u00e0 Salzbourg (Autriche) est la meilleure pour fl\u00e2ner dans les jardins et partir en excursion vers les lacs. La p\u00e9riode de l&rsquo;Avent est extr\u00eamement populaire, car les march\u00e9s de Salzbourg comptent parmi les plus f\u00e9eriques de toute l&rsquo;Europe, mais pr\u00e9pare-toi \u00e0 des prix \u00e9lev\u00e9s et \u00e0 des foules de touristes. \u00c0 l&rsquo;inverse, <strong>les mois les plus chers sont juillet et ao\u00fbt<\/strong>, pendant le c\u00e9l\u00e8bre festival estival, o\u00f9 l&rsquo;h\u00e9bergement est souvent complet longtemps \u00e0 l&rsquo;avance.<\/p>\n\n\n\n<h2 class=\"wp-block-heading\"><span class=\"ez-toc-section\" id=\"11_lieux_de_tournage_a_Salzbourg_et_dans_ses_environs\"><\/span>11 lieux de tournage \u00e0 Salzbourg et dans ses environs<span class=\"ez-toc-section-end\"><\/span><\/h2>\n\n\n\n<p class=\"wp-block-paragraph\">Les lieux de tournage sont \u00e9tonnamment nombreux et diss\u00e9min\u00e9s dans toute la ville. Voici ceux qui valent vraiment le d\u00e9tour, et aussi ceux pour lesquels je te pr\u00e9viens honn\u00eatement de ne pas t&rsquo;attendre \u00e0 des miracles.<\/p>\n\n\n\n<figure data-wp-context=\"{&quot;imageId&quot;:&quot;6a96697977b34&quot;}\" data-wp-interactive=\"core\/image\" data-wp-key=\"6a96697977b34\" class=\"wp-block-image size-full wp-lightbox-container\"><img decoding=\"async\" width=\"1280\" height=\"1920\" data-wp-class--hide=\"state.isContentHidden\" data-wp-class--show=\"state.isContentVisible\" data-wp-init=\"callbacks.setButtonStyles\" data-wp-on--click=\"actions.showLightbox\" data-wp-on--load=\"callbacks.setButtonStyles\" data-wp-on--pointerdown=\"actions.preloadImage\" data-wp-on--pointerenter=\"actions.preloadImageWithDelay\" data-wp-on--pointerleave=\"actions.cancelPreload\" data-wp-on-window--resize=\"callbacks.setButtonStyles\" src=\"https:\/\/loudavymkrokem.cz\/wp-content\/uploads\/2026\/07\/mirabell-0.jpg\" alt=\"Les jardins Mirabell avec vue sur la forteresse de Hohensalzburg\" class=\"wp-image-350700\" title=\"\" srcset=\"https:\/\/loudavymkrokem.cz\/wp-content\/uploads\/2026\/07\/mirabell-0.jpg 1280w, https:\/\/loudavymkrokem.cz\/wp-content\/uploads\/2026\/07\/mirabell-0-200x300.jpg 200w, https:\/\/loudavymkrokem.cz\/wp-content\/uploads\/2026\/07\/mirabell-0-700x1050.jpg 700w, https:\/\/loudavymkrokem.cz\/wp-content\/uploads\/2026\/07\/mirabell-0-768x1152.jpg 768w, https:\/\/loudavymkrokem.cz\/wp-content\/uploads\/2026\/07\/mirabell-0-1024x1536.jpg 1024w, https:\/\/loudavymkrokem.cz\/wp-content\/uploads\/2026\/07\/mirabell-0-696x1044.jpg 696w\" sizes=\"(max-width: 1280px) 100vw, 1280px\" \/><button\n\t\t\tclass=\"lightbox-trigger\"\n\t\t\ttype=\"button\"\n\t\t\taria-haspopup=\"dialog\"\n\t\t\tdata-wp-bind--aria-label=\"state.thisImage.triggerButtonAriaLabel\"\n\t\t\tdata-wp-init=\"callbacks.initTriggerButton\"\n\t\t\tdata-wp-on--click=\"actions.showLightbox\"\n\t\t\tdata-wp-style--right=\"state.thisImage.buttonRight\"\n\t\t\tdata-wp-style--top=\"state.thisImage.buttonTop\"\n\t\t>\n\t\t\t<svg xmlns=\"http:\/\/www.w3.org\/2000\/svg\" width=\"12\" height=\"12\" fill=\"none\" viewBox=\"0 0 12 12\">\n\t\t\t\t<path fill=\"#fff\" d=\"M2 0a2 2 0 0 0-2 2v2h1.5V2a.5.5 0 0 1 .5-.5h2V0H2Zm2 10.5H2a.5.5 0 0 1-.5-.5V8H0v2a2 2 0 0 0 2 2h2v-1.5ZM8 12v-1.5h2a.5.5 0 0 0 .5-.5V8H12v2a2 2 0 0 1-2 2H8Zm2-12a2 2 0 0 1 2 2v2h-1.5V2a.5.5 0 0 0-.5-.5H8V0h2Z\" \/>\n\t\t\t<\/svg>\n\t\t<\/button><figcaption class=\"wp-element-caption\">Photo : Raimond Spekking, CC BY-SA 4.0, Wikimedia Commons<\/figcaption><\/figure>\n\n\n\n<h3 class=\"wp-block-heading\"><span class=\"ez-toc-section\" id=\"1_Les_jardins_Mirabell_et_lescalier_de_Do-Re-Mi\"><\/span>1. Les jardins Mirabell et l&rsquo;escalier de Do-R\u00e9-Mi<span class=\"ez-toc-section-end\"><\/span><\/h3>\n\n\n\n<p class=\"wp-block-paragraph\">Quand on parle de Salzbourg et du film La M\u00e9lodie du bonheur, la plupart des gens pensent imm\u00e9diatement aux <strong>jardins Mirabell et \u00e0 leur escalier embl\u00e9matique<\/strong>. Ces jardins baroques se trouvent en plein c\u0153ur de la ville et repr\u00e9sentent l&rsquo;une des plus belles zones de d\u00e9tente de toute l&rsquo;Autriche. Tu peux te promener entre des haies parfaitement taill\u00e9es, admirer les ornements floraux color\u00e9s et profiter d&rsquo;une <strong>magnifique vue d\u00e9gag\u00e9e sur la forteresse de Hohensalzburg<\/strong>, qui domine la ville de toute sa hauteur.<\/p>\n\n\n\n<p class=\"wp-block-paragraph\">Pour les fans du film, c&rsquo;est un incontournable absolu, car c&rsquo;est ici qu&rsquo;a \u00e9t\u00e9 tourn\u00e9 le <strong>grandiose final de la c\u00e9l\u00e8bre chanson Do-R\u00e9-Mi<\/strong>. Dans cette sc\u00e8ne, Maria et les enfants sautillent sur l&rsquo;escalier de pierre, situ\u00e9 dans l&rsquo;angle nord-ouest des jardins, en s&rsquo;en servant comme d&rsquo;un piano g\u00e9ant. Cette joyeuse s\u00e9quence inclut aussi la <strong>fontaine de P\u00e9gase<\/strong> toute proche, autour de laquelle les personnages courent gaiement. Tous ces endroits ressemblent exactement \u00e0 ce que tu as gard\u00e9 en m\u00e9moire de l&rsquo;\u00e9cran.<\/p>\n\n\n\n<p class=\"wp-block-paragraph\">C\u00f4t\u00e9 pratique, tu seras ravi d&rsquo;apprendre que <strong>les jardins sont en acc\u00e8s libre et enti\u00e8rement gratuits<\/strong> : tu peux donc y venir plusieurs fois par jour. La meilleure lumi\u00e8re pour les photos se trouve t\u00f4t le matin, quand tu \u00e9vites les plus grandes foules descendues des bus touristiques. Et si tu as d\u00e9j\u00e0 les jambes fatigu\u00e9es, ces jardins sont l&rsquo;endroit id\u00e9al pour s&rsquo;asseoir sur un banc, d\u00e9baller un sandwich et contempler tranquillement la forteresse.<\/p>\n\n\n\n<p class=\"wp-block-paragraph\">\ud83d\udca1 Astuce : si tu pr\u00e9vois de venir \u00e0 Salzbourg en hiver, sache que <strong>les jardins Mirabell perdent une partie de leur charme<\/strong>, car les statues sont souvent b\u00e2ch\u00e9es contre le gel et les massifs de fleurs sont vides. Cela vaut tout de m\u00eame la peine d&rsquo;y jeter un \u0153il, ne serait-ce que pour l&rsquo;atmosph\u00e8re paisible d&rsquo;une ville fig\u00e9e par le froid.<\/p>\n\n\n\n<figure data-wp-context=\"{&quot;imageId&quot;:&quot;6a96697978403&quot;}\" data-wp-interactive=\"core\/image\" data-wp-key=\"6a96697978403\" class=\"wp-block-image size-full wp-lightbox-container\"><img decoding=\"async\" width=\"1280\" height=\"1924\" data-wp-class--hide=\"state.isContentHidden\" data-wp-class--show=\"state.isContentVisible\" data-wp-init=\"callbacks.setButtonStyles\" data-wp-on--click=\"actions.showLightbox\" data-wp-on--load=\"callbacks.setButtonStyles\" data-wp-on--pointerdown=\"actions.preloadImage\" data-wp-on--pointerenter=\"actions.preloadImageWithDelay\" data-wp-on--pointerleave=\"actions.cancelPreload\" data-wp-on-window--resize=\"callbacks.setButtonStyles\" src=\"https:\/\/loudavymkrokem.cz\/wp-content\/uploads\/2026\/07\/nonnberg-0.jpg\" alt=\"Le couvent b\u00e9n\u00e9dictin de Nonnberg au-dessus de la vieille ville de Salzbourg\" class=\"wp-image-350708\" title=\"\" srcset=\"https:\/\/loudavymkrokem.cz\/wp-content\/uploads\/2026\/07\/nonnberg-0.jpg 1280w, https:\/\/loudavymkrokem.cz\/wp-content\/uploads\/2026\/07\/nonnberg-0-200x300.jpg 200w, https:\/\/loudavymkrokem.cz\/wp-content\/uploads\/2026\/07\/nonnberg-0-700x1052.jpg 700w, https:\/\/loudavymkrokem.cz\/wp-content\/uploads\/2026\/07\/nonnberg-0-768x1154.jpg 768w, https:\/\/loudavymkrokem.cz\/wp-content\/uploads\/2026\/07\/nonnberg-0-1022x1536.jpg 1022w, https:\/\/loudavymkrokem.cz\/wp-content\/uploads\/2026\/07\/nonnberg-0-696x1046.jpg 696w\" sizes=\"(max-width: 1280px) 100vw, 1280px\" \/><button\n\t\t\tclass=\"lightbox-trigger\"\n\t\t\ttype=\"button\"\n\t\t\taria-haspopup=\"dialog\"\n\t\t\tdata-wp-bind--aria-label=\"state.thisImage.triggerButtonAriaLabel\"\n\t\t\tdata-wp-init=\"callbacks.initTriggerButton\"\n\t\t\tdata-wp-on--click=\"actions.showLightbox\"\n\t\t\tdata-wp-style--right=\"state.thisImage.buttonRight\"\n\t\t\tdata-wp-style--top=\"state.thisImage.buttonTop\"\n\t\t>\n\t\t\t<svg xmlns=\"http:\/\/www.w3.org\/2000\/svg\" width=\"12\" height=\"12\" fill=\"none\" viewBox=\"0 0 12 12\">\n\t\t\t\t<path fill=\"#fff\" d=\"M2 0a2 2 0 0 0-2 2v2h1.5V2a.5.5 0 0 1 .5-.5h2V0H2Zm2 10.5H2a.5.5 0 0 1-.5-.5V8H0v2a2 2 0 0 0 2 2h2v-1.5ZM8 12v-1.5h2a.5.5 0 0 0 .5-.5V8H12v2a2 2 0 0 1-2 2H8Zm2-12a2 2 0 0 1 2 2v2h-1.5V2a.5.5 0 0 0-.5-.5H8V0h2Z\" \/>\n\t\t\t<\/svg>\n\t\t<\/button><figcaption class=\"wp-element-caption\">Photo : Isiwal, CC BY-SA 4.0, Wikimedia Commons<\/figcaption><\/figure>\n\n\n\n<h3 class=\"wp-block-heading\"><span class=\"ez-toc-section\" id=\"2_Le_couvent_de_Nonnberg_et_la_vraie_vie_de_Maria\"><\/span>2. Le couvent de Nonnberg et la vraie vie de Maria<span class=\"ez-toc-section-end\"><\/span><\/h3>\n\n\n\n<p class=\"wp-block-paragraph\">Le couvent b\u00e9n\u00e9dictin perch\u00e9 sur le rocher au-dessus de la vieille ville est le <strong>plus ancien couvent de femmes de l&rsquo;espace germanophone<\/strong>. C&rsquo;est ici que la jeune Maria est arriv\u00e9e comme postulante et d&rsquo;ici qu&rsquo;elle a \u00e9t\u00e9 envoy\u00e9e dans la famille von Trapp pour s&rsquo;occuper des enfants. L&rsquo;atmosph\u00e8re de ce lieu est totalement enveloppante et tu y ressens des si\u00e8cles d&rsquo;histoire. Si tu arrives t\u00f4t le matin, tu as une chance d&rsquo;assister \u00e0 la messe matinale, ponctu\u00e9e du chant des religieuses \u2014 une exp\u00e9rience qu&rsquo;on n&rsquo;oublie pas de sit\u00f4t.<\/p>\n\n\n\n<p class=\"wp-block-paragraph\">Lors de ta visite, il est essentiel de garder \u00e0 l&rsquo;esprit qu&rsquo;il ne s&rsquo;agit pas d&rsquo;une <strong>attraction cin\u00e9matographique, mais d&rsquo;un v\u00e9ritable foyer de religieuses<\/strong>. Seules la pittoresque cour et la belle chapelle ancienne sont accessibles, tandis que le reste du vaste complexe reste derri\u00e8re des portes closes. Tu trouveras les informations officielles sur les offices sur le <a href=\"https:\/\/www.stiftnonnberg.at\" target=\"_blank\" rel=\"nofollow noopener\">site officiel du couvent de Nonnberg<\/a>, que je te recommande de consulter avant ta visite.<\/p>\n\n\n\n<p class=\"wp-block-paragraph\">La mont\u00e9e jusqu&rsquo;aux portes demande un certain effort, car il faut <strong>gravir \u00e0 pied de raides escaliers depuis la vieille ville<\/strong>. Mais les vues depuis la terrasse devant le couvent, sur la partie sud de Salzbourg et les sommets enneig\u00e9s des Alpes, r\u00e9compensent largement l&rsquo;effort. Aucun droit d&rsquo;entr\u00e9e n&rsquo;est demand\u00e9 ici, mais le respect du caract\u00e8re sacr\u00e9 du lieu, lui, est de rigueur.<\/p>\n\n\n\n<p class=\"wp-block-paragraph\">\ud83d\udca1 Astuce : pense \u00e0 porter une tenue adapt\u00e9e, car <strong>on ne te laissera pas entrer dans la chapelle avec les \u00e9paules d\u00e9nud\u00e9es ou un short trop court<\/strong>. Il est toujours bon d&rsquo;avoir un foulard sur soi pour se couvrir avant d&rsquo;entrer et ne pas troubler la tranquillit\u00e9 de la communaut\u00e9.<\/p>\n\n\n\n<figure data-wp-context=\"{&quot;imageId&quot;:&quot;6a96697978a5b&quot;}\" data-wp-interactive=\"core\/image\" data-wp-key=\"6a96697978a5b\" class=\"wp-block-image size-full wp-lightbox-container\"><img decoding=\"async\" width=\"1280\" height=\"853\" data-wp-class--hide=\"state.isContentHidden\" data-wp-class--show=\"state.isContentVisible\" data-wp-init=\"callbacks.setButtonStyles\" data-wp-on--click=\"actions.showLightbox\" data-wp-on--load=\"callbacks.setButtonStyles\" data-wp-on--pointerdown=\"actions.preloadImage\" data-wp-on--pointerenter=\"actions.preloadImageWithDelay\" data-wp-on--pointerleave=\"actions.cancelPreload\" data-wp-on-window--resize=\"callbacks.setButtonStyles\" src=\"https:\/\/loudavymkrokem.cz\/wp-content\/uploads\/2026\/07\/gazebo-0.jpg\" alt=\"Le pavillon vitr\u00e9 du film La M\u00e9lodie du bonheur dans le parc de Hellbrunn\" class=\"wp-image-350714\" title=\"\" srcset=\"https:\/\/loudavymkrokem.cz\/wp-content\/uploads\/2026\/07\/gazebo-0.jpg 1280w, https:\/\/loudavymkrokem.cz\/wp-content\/uploads\/2026\/07\/gazebo-0-300x200.jpg 300w, https:\/\/loudavymkrokem.cz\/wp-content\/uploads\/2026\/07\/gazebo-0-700x466.jpg 700w, https:\/\/loudavymkrokem.cz\/wp-content\/uploads\/2026\/07\/gazebo-0-768x512.jpg 768w, https:\/\/loudavymkrokem.cz\/wp-content\/uploads\/2026\/07\/gazebo-0-696x464.jpg 696w\" sizes=\"(max-width: 1280px) 100vw, 1280px\" \/><button\n\t\t\tclass=\"lightbox-trigger\"\n\t\t\ttype=\"button\"\n\t\t\taria-haspopup=\"dialog\"\n\t\t\tdata-wp-bind--aria-label=\"state.thisImage.triggerButtonAriaLabel\"\n\t\t\tdata-wp-init=\"callbacks.initTriggerButton\"\n\t\t\tdata-wp-on--click=\"actions.showLightbox\"\n\t\t\tdata-wp-style--right=\"state.thisImage.buttonRight\"\n\t\t\tdata-wp-style--top=\"state.thisImage.buttonTop\"\n\t\t>\n\t\t\t<svg xmlns=\"http:\/\/www.w3.org\/2000\/svg\" width=\"12\" height=\"12\" fill=\"none\" viewBox=\"0 0 12 12\">\n\t\t\t\t<path fill=\"#fff\" d=\"M2 0a2 2 0 0 0-2 2v2h1.5V2a.5.5 0 0 1 .5-.5h2V0H2Zm2 10.5H2a.5.5 0 0 1-.5-.5V8H0v2a2 2 0 0 0 2 2h2v-1.5ZM8 12v-1.5h2a.5.5 0 0 0 .5-.5V8H12v2a2 2 0 0 1-2 2H8Zm2-12a2 2 0 0 1 2 2v2h-1.5V2a.5.5 0 0 0-.5-.5H8V0h2Z\" \/>\n\t\t\t<\/svg>\n\t\t<\/button><figcaption class=\"wp-element-caption\">Photo : Bede735, CC BY-SA 4.0, Wikimedia Commons<\/figcaption><\/figure>\n\n\n\n<h3 class=\"wp-block-heading\"><span class=\"ez-toc-section\" id=\"3_Le_pavillon_de_la_chanson_Sixteen_Going_on_Seventeen\"><\/span>3. Le pavillon de la chanson Sixteen Going on Seventeen<span class=\"ez-toc-section-end\"><\/span><\/h3>\n\n\n\n<p class=\"wp-block-paragraph\">Le c\u00e9l\u00e8bre pavillon de verre dans lequel Liesl et Rolf dansent sous la pluie est, pour beaucoup de fans, le point culminant absolu de la visite. Il se dressait \u00e0 l&rsquo;origine au bord du lac, sur les terres du ch\u00e2teau de Leopoldskron, mais en raison de l&rsquo;\u00e9norme affluence de touristes, <strong>il a d\u00fb \u00eatre d\u00e9plac\u00e9 dans un endroit plus tranquille<\/strong>. Aujourd&rsquo;hui, tu le trouveras dans le vaste parc public juste \u00e0 c\u00f4t\u00e9 du ch\u00e2teau de Hellbrunn, \u00e0 la limite sud de la ville. Les environs du pavillon sont entour\u00e9s de verdure et offrent une composition parfaite pour tes photos.<\/p>\n\n\n\n<p class=\"wp-block-paragraph\">Juste \u00e0 c\u00f4t\u00e9 de ce pavillon iconique a r\u00e9cemment vu le jour un <strong>nouveau mus\u00e9e multim\u00e9dia consacr\u00e9 au tournage du film<\/strong>. Tu y trouveras une foule d&rsquo;accessoires int\u00e9ressants, des expositions interactives et des anecdotes de coulisses qui raviront chaque passionn\u00e9. Il est fascinant de voir tout le travail n\u00e9cessaire pour cr\u00e9er l&rsquo;illusion d&rsquo;une nuit pluvieuse, alors qu&rsquo;en r\u00e9alit\u00e9 le tournage a eu lieu par une chaude journ\u00e9e d&rsquo;\u00e9t\u00e9.<\/p>\n\n\n\n<p class=\"wp-block-paragraph\">Malheureusement, je dois ajouter une note triste : l&rsquo;entr\u00e9e du pavillon est interdite pour des raisons de s\u00e9curit\u00e9. Il y a quelques ann\u00e9es, une visiteuse a tent\u00e9 de reproduire le saut dans\u00e9 sur les bancs, s&rsquo;est gravement bless\u00e9e, et la ville a pr\u00e9f\u00e9r\u00e9 le fermer \u00e0 cl\u00e9. Aujourd&rsquo;hui, tu ne peux donc le voir et le photographier que de l&rsquo;ext\u00e9rieur.<\/p>\n\n\n\n<p class=\"wp-block-paragraph\">\ud83d\udca1 Astuce : m\u00eame si tu ne peux pas entrer, <strong>le parc de Hellbrunn est en acc\u00e8s gratuit<\/strong> et offre assez d&rsquo;espace pour prendre de belles photos du pavillon sans une foule d&rsquo;inconnus dans le cadre. L&rsquo;id\u00e9al est de combiner la visite avec celle des jeux d&rsquo;eau tout proches.<\/p>\n\n\n\n<figure data-wp-context=\"{&quot;imageId&quot;:&quot;6a96697979067&quot;}\" data-wp-interactive=\"core\/image\" data-wp-key=\"6a96697979067\" class=\"wp-block-image size-full wp-lightbox-container\"><img decoding=\"async\" width=\"1280\" height=\"933\" data-wp-class--hide=\"state.isContentHidden\" data-wp-class--show=\"state.isContentVisible\" data-wp-init=\"callbacks.setButtonStyles\" data-wp-on--click=\"actions.showLightbox\" data-wp-on--load=\"callbacks.setButtonStyles\" data-wp-on--pointerdown=\"actions.preloadImage\" data-wp-on--pointerenter=\"actions.preloadImageWithDelay\" data-wp-on--pointerleave=\"actions.cancelPreload\" data-wp-on-window--resize=\"callbacks.setButtonStyles\" src=\"https:\/\/loudavymkrokem.cz\/wp-content\/uploads\/2026\/07\/hellbrunn-2.jpg\" alt=\"Les fontaines-surprises du parc du ch\u00e2teau de Hellbrunn\" class=\"wp-image-350719\" title=\"\" srcset=\"https:\/\/loudavymkrokem.cz\/wp-content\/uploads\/2026\/07\/hellbrunn-2.jpg 1280w, https:\/\/loudavymkrokem.cz\/wp-content\/uploads\/2026\/07\/hellbrunn-2-300x219.jpg 300w, https:\/\/loudavymkrokem.cz\/wp-content\/uploads\/2026\/07\/hellbrunn-2-700x510.jpg 700w, https:\/\/loudavymkrokem.cz\/wp-content\/uploads\/2026\/07\/hellbrunn-2-768x560.jpg 768w, https:\/\/loudavymkrokem.cz\/wp-content\/uploads\/2026\/07\/hellbrunn-2-696x507.jpg 696w\" sizes=\"(max-width: 1280px) 100vw, 1280px\" \/><button\n\t\t\tclass=\"lightbox-trigger\"\n\t\t\ttype=\"button\"\n\t\t\taria-haspopup=\"dialog\"\n\t\t\tdata-wp-bind--aria-label=\"state.thisImage.triggerButtonAriaLabel\"\n\t\t\tdata-wp-init=\"callbacks.initTriggerButton\"\n\t\t\tdata-wp-on--click=\"actions.showLightbox\"\n\t\t\tdata-wp-style--right=\"state.thisImage.buttonRight\"\n\t\t\tdata-wp-style--top=\"state.thisImage.buttonTop\"\n\t\t>\n\t\t\t<svg xmlns=\"http:\/\/www.w3.org\/2000\/svg\" width=\"12\" height=\"12\" fill=\"none\" viewBox=\"0 0 12 12\">\n\t\t\t\t<path fill=\"#fff\" d=\"M2 0a2 2 0 0 0-2 2v2h1.5V2a.5.5 0 0 1 .5-.5h2V0H2Zm2 10.5H2a.5.5 0 0 1-.5-.5V8H0v2a2 2 0 0 0 2 2h2v-1.5ZM8 12v-1.5h2a.5.5 0 0 0 .5-.5V8H12v2a2 2 0 0 1-2 2H8Zm2-12a2 2 0 0 1 2 2v2h-1.5V2a.5.5 0 0 0-.5-.5H8V0h2Z\" \/>\n\t\t\t<\/svg>\n\t\t<\/button><figcaption class=\"wp-element-caption\">Photo : Zairon, CC BY-SA 4.0, Wikimedia Commons<\/figcaption><\/figure>\n\n\n\n<h3 class=\"wp-block-heading\"><span class=\"ez-toc-section\" id=\"4_Le_chateau_de_Hellbrunn_et_ses_fontaines-surprises\"><\/span>4. Le ch\u00e2teau de Hellbrunn et ses fontaines-surprises<span class=\"ez-toc-section-end\"><\/span><\/h3>\n\n\n\n<p class=\"wp-block-paragraph\">Puisque tu seras d\u00e9j\u00e0 pr\u00e8s du pavillon, ne manque surtout pas le <strong>ch\u00e2teau baroque de Hellbrunn et ses fameux jeux d&rsquo;eau<\/strong>. Ce palais d&rsquo;\u00e9t\u00e9 a \u00e9t\u00e9 construit par l&rsquo;archev\u00eaque de Salzbourg dans un but bien pr\u00e9cis : il voulait s&rsquo;amuser et surprendre ses invit\u00e9s. Pendant le tournage du film, les jeunes acteurs y ont pass\u00e9 beaucoup de temps et, selon les t\u00e9moins de l&rsquo;\u00e9poque, ils y ont bien chahut\u00e9 entre les fontaines.<\/p>\n\n\n\n<p class=\"wp-block-paragraph\">L&rsquo;attrait principal, ce sont sans conteste les <strong>fontaines-surprises, qui fonctionnent de fa\u00e7on fiable depuis plus de 400 ans<\/strong>. Pendant la visite guid\u00e9e, ton guide te fera traverser un jardin rempli de jets cach\u00e9s, de th\u00e9\u00e2tres m\u00e9caniques et de fac\u00e9ties aquatiques. L&rsquo;eau y jaillit de cerfs de pierre, des marches et de trous discrets dans le pav\u00e9. La visite dure un peu moins d&rsquo;une heure et c&rsquo;est un plaisir incroyable, pour les adultes comme pour les enfants.<\/p>\n\n\n\n<p class=\"wp-block-paragraph\">Tu peux v\u00e9rifier les horaires d&rsquo;ouverture et les prix des billets directement sur le <a href=\"https:\/\/www.hellbrunn.at\" target=\"_blank\" rel=\"nofollow noopener\">site du ch\u00e2teau de Hellbrunn<\/a>. Le billet comprend \u00e0 la fois les jeux d&rsquo;eau, la visite du palais lui-m\u00eame et l&rsquo;immense parc. Sache que les jeux d&rsquo;eau ne fonctionnent que <strong>de fa\u00e7on saisonni\u00e8re, d&rsquo;avril \u00e0 d\u00e9but novembre<\/strong>.<\/p>\n\n\n\n<p class=\"wp-block-paragraph\">\ud83d\udca1 Astuce : si tu ne veux pas ressortir compl\u00e8tement tremp\u00e9 de la visite des fontaines, <strong>observe bien o\u00f9 le guide met les pieds<\/strong>. Il sait exactement o\u00f9 se cachent les jets et se place toujours sur le seul endroit s\u00fbr. Malgr\u00e9 tout, mieux vaut ranger appareils photo et t\u00e9l\u00e9phones.<\/p>\n\n\n\n<figure data-wp-context=\"{&quot;imageId&quot;:&quot;6a966979794f7&quot;}\" data-wp-interactive=\"core\/image\" data-wp-key=\"6a966979794f7\" class=\"wp-block-image size-full wp-lightbox-container\"><img decoding=\"async\" width=\"1280\" height=\"853\" data-wp-class--hide=\"state.isContentHidden\" data-wp-class--show=\"state.isContentVisible\" data-wp-init=\"callbacks.setButtonStyles\" data-wp-on--click=\"actions.showLightbox\" data-wp-on--load=\"callbacks.setButtonStyles\" data-wp-on--pointerdown=\"actions.preloadImage\" data-wp-on--pointerenter=\"actions.preloadImageWithDelay\" data-wp-on--pointerleave=\"actions.cancelPreload\" data-wp-on-window--resize=\"callbacks.setButtonStyles\" src=\"https:\/\/loudavymkrokem.cz\/wp-content\/uploads\/2026\/07\/leopoldskron-2.jpg\" alt=\"Le ch\u00e2teau de Leopoldskron au-dessus du lac Leopoldskroner Weiher\" class=\"wp-image-350726\" title=\"\" srcset=\"https:\/\/loudavymkrokem.cz\/wp-content\/uploads\/2026\/07\/leopoldskron-2.jpg 1280w, https:\/\/loudavymkrokem.cz\/wp-content\/uploads\/2026\/07\/leopoldskron-2-300x200.jpg 300w, https:\/\/loudavymkrokem.cz\/wp-content\/uploads\/2026\/07\/leopoldskron-2-700x466.jpg 700w, https:\/\/loudavymkrokem.cz\/wp-content\/uploads\/2026\/07\/leopoldskron-2-768x512.jpg 768w, https:\/\/loudavymkrokem.cz\/wp-content\/uploads\/2026\/07\/leopoldskron-2-696x464.jpg 696w\" sizes=\"(max-width: 1280px) 100vw, 1280px\" \/><button\n\t\t\tclass=\"lightbox-trigger\"\n\t\t\ttype=\"button\"\n\t\t\taria-haspopup=\"dialog\"\n\t\t\tdata-wp-bind--aria-label=\"state.thisImage.triggerButtonAriaLabel\"\n\t\t\tdata-wp-init=\"callbacks.initTriggerButton\"\n\t\t\tdata-wp-on--click=\"actions.showLightbox\"\n\t\t\tdata-wp-style--right=\"state.thisImage.buttonRight\"\n\t\t\tdata-wp-style--top=\"state.thisImage.buttonTop\"\n\t\t>\n\t\t\t<svg xmlns=\"http:\/\/www.w3.org\/2000\/svg\" width=\"12\" height=\"12\" fill=\"none\" viewBox=\"0 0 12 12\">\n\t\t\t\t<path fill=\"#fff\" d=\"M2 0a2 2 0 0 0-2 2v2h1.5V2a.5.5 0 0 1 .5-.5h2V0H2Zm2 10.5H2a.5.5 0 0 1-.5-.5V8H0v2a2 2 0 0 0 2 2h2v-1.5ZM8 12v-1.5h2a.5.5 0 0 0 .5-.5V8H12v2a2 2 0 0 1-2 2H8Zm2-12a2 2 0 0 1 2 2v2h-1.5V2a.5.5 0 0 0-.5-.5H8V0h2Z\" \/>\n\t\t\t<\/svg>\n\t\t<\/button><figcaption class=\"wp-element-caption\">Photo : ManfredK, CC BY-SA 4.0, Wikimedia Commons<\/figcaption><\/figure>\n\n\n\n<h3 class=\"wp-block-heading\"><span class=\"ez-toc-section\" id=\"5_Schloss_Leopoldskron_et_les_scenes_au_bord_du_lac\"><\/span>5. Schloss Leopoldskron et les sc\u00e8nes au bord du lac<span class=\"ez-toc-section-end\"><\/span><\/h3>\n\n\n\n<p class=\"wp-block-paragraph\">Ce ch\u00e2teau majestueux a servi aux cin\u00e9astes de <strong>face arri\u00e8re de la villa familiale des von Trapp<\/strong>. C&rsquo;est ici que se trouve la fameuse terrasse d&rsquo;o\u00f9 les enfants et Maria tombent de la barque dans l&rsquo;eau en essayant d&rsquo;accueillir le baron. \u00c0 l&rsquo;origine, le c\u00e9l\u00e8bre pavillon se dressait aussi au bord de ce lac, avant que la ville ne pr\u00e9f\u00e8re le d\u00e9placer ailleurs. La vue sur le ch\u00e2teau, avec la surface paisible du lac et les cimes alpines en toile de fond, est tout simplement \u00e0 couper le souffle.<\/p>\n\n\n\n<p class=\"wp-block-paragraph\">Le ch\u00e2teau est aujourd&rsquo;hui un <strong>h\u00f4tel de luxe et un centre de conf\u00e9rences<\/strong>. Il propose des dizaines de chambres dans l&rsquo;annexe voisine du Meierhof et douze suites exclusives directement dans le palais historique. \u00c0 titre indicatif, les prix commencent autour de 399 \u20ac pour une chambre double hors saison, tandis qu&rsquo;une nuit dans le palais lui-m\u00eame te co\u00fbtera environ 600 \u20ac. Si tu y s\u00e9journes, tu auras acc\u00e8s \u00e0 la magnifique biblioth\u00e8que de Max Reinhardt, qui a fortement inspir\u00e9 les int\u00e9rieurs du film.<\/p>\n\n\n\n<p class=\"wp-block-paragraph\">L&rsquo;information essentielle pour tous les voyageurs est la suivante : <strong>sans r\u00e9servation d&rsquo;h\u00e9bergement valide ou \u00e9v\u00e9nement payant, tu ne pourras pas entrer<\/strong>. Le ch\u00e2teau n&rsquo;est tout simplement pas une attraction publique ordinaire. Tu trouveras les d\u00e9tails sur les possibilit\u00e9s d&rsquo;h\u00e9bergement sur le <a href=\"https:\/\/www.schloss-leopoldskron.com\" target=\"_blank\" rel=\"nofollow noopener\">site de Schloss Leopoldskron<\/a>. Si tu n&rsquo;y dors pas, tu devras te contenter de la vue depuis la rive oppos\u00e9e du lac.<\/p>\n\n\n\n<p class=\"wp-block-paragraph\">\ud83d\udca1 Astuce : m\u00eame sans \u00eatre client de l&rsquo;h\u00f4tel, tu peux te promener sur le chemin public qui longe le lac Leopoldskroner Weiher. <strong>C&rsquo;est depuis la rive oppos\u00e9e que tu prendras les toutes meilleures photos du ch\u00e2teau<\/strong> avec les montagnes en arri\u00e8re-plan, et cela enti\u00e8rement gratuitement.<\/p>\n\n\n\n<figure data-wp-context=\"{&quot;imageId&quot;:&quot;6a96697979c29&quot;}\" data-wp-interactive=\"core\/image\" data-wp-key=\"6a96697979c29\" class=\"wp-block-image size-full wp-lightbox-container\"><img decoding=\"async\" width=\"1280\" height=\"1071\" data-wp-class--hide=\"state.isContentHidden\" data-wp-class--show=\"state.isContentVisible\" data-wp-init=\"callbacks.setButtonStyles\" data-wp-on--click=\"actions.showLightbox\" data-wp-on--load=\"callbacks.setButtonStyles\" data-wp-on--pointerdown=\"actions.preloadImage\" data-wp-on--pointerenter=\"actions.preloadImageWithDelay\" data-wp-on--pointerleave=\"actions.cancelPreload\" data-wp-on-window--resize=\"callbacks.setButtonStyles\" src=\"https:\/\/loudavymkrokem.cz\/wp-content\/uploads\/2026\/07\/frohnburg-1.jpg\" alt=\"La fa\u00e7ade du ch\u00e2teau de Frohnburg, la fa\u00e7ade film\u00e9e de la villa von Trapp\" class=\"wp-image-350731\" title=\"\" srcset=\"https:\/\/loudavymkrokem.cz\/wp-content\/uploads\/2026\/07\/frohnburg-1.jpg 1280w, https:\/\/loudavymkrokem.cz\/wp-content\/uploads\/2026\/07\/frohnburg-1-300x251.jpg 300w, https:\/\/loudavymkrokem.cz\/wp-content\/uploads\/2026\/07\/frohnburg-1-700x586.jpg 700w, https:\/\/loudavymkrokem.cz\/wp-content\/uploads\/2026\/07\/frohnburg-1-768x643.jpg 768w, https:\/\/loudavymkrokem.cz\/wp-content\/uploads\/2026\/07\/frohnburg-1-696x582.jpg 696w\" sizes=\"(max-width: 1280px) 100vw, 1280px\" \/><button\n\t\t\tclass=\"lightbox-trigger\"\n\t\t\ttype=\"button\"\n\t\t\taria-haspopup=\"dialog\"\n\t\t\tdata-wp-bind--aria-label=\"state.thisImage.triggerButtonAriaLabel\"\n\t\t\tdata-wp-init=\"callbacks.initTriggerButton\"\n\t\t\tdata-wp-on--click=\"actions.showLightbox\"\n\t\t\tdata-wp-style--right=\"state.thisImage.buttonRight\"\n\t\t\tdata-wp-style--top=\"state.thisImage.buttonTop\"\n\t\t>\n\t\t\t<svg xmlns=\"http:\/\/www.w3.org\/2000\/svg\" width=\"12\" height=\"12\" fill=\"none\" viewBox=\"0 0 12 12\">\n\t\t\t\t<path fill=\"#fff\" d=\"M2 0a2 2 0 0 0-2 2v2h1.5V2a.5.5 0 0 1 .5-.5h2V0H2Zm2 10.5H2a.5.5 0 0 1-.5-.5V8H0v2a2 2 0 0 0 2 2h2v-1.5ZM8 12v-1.5h2a.5.5 0 0 0 .5-.5V8H12v2a2 2 0 0 1-2 2H8Zm2-12a2 2 0 0 1 2 2v2h-1.5V2a.5.5 0 0 0-.5-.5H8V0h2Z\" \/>\n\t\t\t<\/svg>\n\t\t<\/button><figcaption class=\"wp-element-caption\">Photo : Erge123 (talk), CC BY-SA 3.0 at, Wikimedia Commons<\/figcaption><\/figure>\n\n\n\n<h3 class=\"wp-block-heading\"><span class=\"ez-toc-section\" id=\"6_Schloss_Frohnburg_et_la_facade_de_la_villa_au_cinema\"><\/span>6. Schloss Frohnburg et la fa\u00e7ade de la villa au cin\u00e9ma<span class=\"ez-toc-section-end\"><\/span><\/h3>\n\n\n\n<p class=\"wp-block-paragraph\">Si Leopoldskron repr\u00e9sentait l&rsquo;arri\u00e8re de la maison, alors <strong>le Schloss Frohnburg du XVIIe si\u00e8cle a servi de fa\u00e7ade principale<\/strong>. C&rsquo;est ici qu&rsquo;ont \u00e9t\u00e9 tourn\u00e9es les sc\u00e8nes avec le grand portail en fer forg\u00e9, celui devant lequel Maria arrive pour la premi\u00e8re fois, guitare \u00e0 la main, en chantant I Have Confidence. C&rsquo;est aussi par l\u00e0 que la famille pousse discr\u00e8tement la voiture en tentant d&rsquo;\u00e9chapper aux nazis lors de la haletante fuite nocturne.<\/p>\n\n\n\n<p class=\"wp-block-paragraph\">Ce petit ch\u00e2teau se trouve dans un quartier r\u00e9sidentiel tranquille non loin du centre. Aujourd&rsquo;hui, ses murs <strong>abritent l&rsquo;universit\u00e9 de musique du Mozarteum et servent de r\u00e9sidence \u00e9tudiante<\/strong>. Pour cette raison, l&rsquo;int\u00e9rieur du b\u00e2timent et le jardin attenant sont en principe totalement ferm\u00e9s au public. Tu devras donc te contenter de la vue depuis la rue principale.<\/p>\n\n\n\n<p class=\"wp-block-paragraph\">Le chemin jusqu&rsquo;au ch\u00e2teau est tr\u00e8s agr\u00e9able : il passe par une <strong>magnifique all\u00e9e de marronniers appel\u00e9e Hellbrunner Allee<\/strong>. Tu peux t&rsquo;y rendre \u00e0 pied ou \u00e0 v\u00e9lo en descendant du centre vers le ch\u00e2teau de Hellbrunn. C&rsquo;est un endroit id\u00e9al pour une halte rapide et photographier le c\u00e9l\u00e8bre portail.<\/p>\n\n\n\n<p class=\"wp-block-paragraph\">\ud83d\udca1 Astuce : essaie de tomber sur un moment o\u00f9 les \u00e9tudiants ont les fen\u00eatres ouvertes. Souvent, tu les <strong>entendras s&rsquo;exercer, futurs chanteurs d&rsquo;op\u00e9ra ou violonistes<\/strong>, ce qui donne \u00e0 la visite de ce lieu de tournage une superbe dimension musicale suppl\u00e9mentaire.<\/p>\n\n\n\n<figure data-wp-context=\"{&quot;imageId&quot;:&quot;6a9669797a284&quot;}\" data-wp-interactive=\"core\/image\" data-wp-key=\"6a9669797a284\" class=\"wp-block-image size-full wp-lightbox-container\"><img decoding=\"async\" width=\"1280\" height=\"719\" data-wp-class--hide=\"state.isContentHidden\" data-wp-class--show=\"state.isContentVisible\" data-wp-init=\"callbacks.setButtonStyles\" data-wp-on--click=\"actions.showLightbox\" data-wp-on--load=\"callbacks.setButtonStyles\" data-wp-on--pointerdown=\"actions.preloadImage\" data-wp-on--pointerenter=\"actions.preloadImageWithDelay\" data-wp-on--pointerleave=\"actions.cancelPreload\" data-wp-on-window--resize=\"callbacks.setButtonStyles\" src=\"https:\/\/loudavymkrokem.cz\/wp-content\/uploads\/2026\/07\/leopoldskron-1.jpg\" alt=\"Salzbourg avec le panorama alpin en arri\u00e8re-plan\" class=\"wp-image-350739\" title=\"\" srcset=\"https:\/\/loudavymkrokem.cz\/wp-content\/uploads\/2026\/07\/leopoldskron-1.jpg 1280w, https:\/\/loudavymkrokem.cz\/wp-content\/uploads\/2026\/07\/leopoldskron-1-300x169.jpg 300w, https:\/\/loudavymkrokem.cz\/wp-content\/uploads\/2026\/07\/leopoldskron-1-700x393.jpg 700w, https:\/\/loudavymkrokem.cz\/wp-content\/uploads\/2026\/07\/leopoldskron-1-768x431.jpg 768w, https:\/\/loudavymkrokem.cz\/wp-content\/uploads\/2026\/07\/leopoldskron-1-696x391.jpg 696w\" sizes=\"(max-width: 1280px) 100vw, 1280px\" \/><button\n\t\t\tclass=\"lightbox-trigger\"\n\t\t\ttype=\"button\"\n\t\t\taria-haspopup=\"dialog\"\n\t\t\tdata-wp-bind--aria-label=\"state.thisImage.triggerButtonAriaLabel\"\n\t\t\tdata-wp-init=\"callbacks.initTriggerButton\"\n\t\t\tdata-wp-on--click=\"actions.showLightbox\"\n\t\t\tdata-wp-style--right=\"state.thisImage.buttonRight\"\n\t\t\tdata-wp-style--top=\"state.thisImage.buttonTop\"\n\t\t>\n\t\t\t<svg xmlns=\"http:\/\/www.w3.org\/2000\/svg\" width=\"12\" height=\"12\" fill=\"none\" viewBox=\"0 0 12 12\">\n\t\t\t\t<path fill=\"#fff\" d=\"M2 0a2 2 0 0 0-2 2v2h1.5V2a.5.5 0 0 1 .5-.5h2V0H2Zm2 10.5H2a.5.5 0 0 1-.5-.5V8H0v2a2 2 0 0 0 2 2h2v-1.5ZM8 12v-1.5h2a.5.5 0 0 0 .5-.5V8H12v2a2 2 0 0 1-2 2H8Zm2-12a2 2 0 0 1 2 2v2h-1.5V2a.5.5 0 0 0-.5-.5H8V0h2Z\" \/>\n\t\t\t<\/svg>\n\t\t<\/button><figcaption class=\"wp-element-caption\">Photo : Arne M\u00fcseler, CC BY-SA 3.0 de, Wikimedia Commons<\/figcaption><\/figure>\n\n\n\n<h3 class=\"wp-block-heading\"><span class=\"ez-toc-section\" id=\"7_La_Villa_Trapp_a_Aigen_la_vraie_maison_de_la_famille\"><\/span>7. La Villa Trapp \u00e0 Aigen : la vraie maison de la famille<span class=\"ez-toc-section-end\"><\/span><\/h3>\n\n\n\n<p class=\"wp-block-paragraph\">Alors que la villa du film est une illusion hollywoodienne, <strong>la v\u00e9ritable Villa Trapp existe r\u00e9ellement et se dresse dans le quartier d&rsquo;Aigen<\/strong>. Dans cette spacieuse demeure entour\u00e9e d&rsquo;un grand parc a v\u00e9cu la vraie famille von Trapp de 1923 \u00e0 1938. Le b\u00e2timent a une histoire fascinante et \u00e0 la fois sombre, car apr\u00e8s la fuite de la famille en Am\u00e9rique, la villa a \u00e9t\u00e9 confisqu\u00e9e par le dignitaire nazi Heinrich Himmler, qui en a fait sa r\u00e9sidence d&rsquo;\u00e9t\u00e9.<\/p>\n\n\n\n<p class=\"wp-block-paragraph\">De la fin de la guerre jusqu&rsquo;en 2008, la villa est rest\u00e9e strictement ferm\u00e9e au public. Elle est ensuite devenue un <strong>h\u00f4tel de charme<\/strong>, o\u00f9 l&rsquo;on pouvait dormir dans les chambres d&rsquo;origine de la famille, y compris dans la suite occup\u00e9e par Maria Augusta von Trapp elle-m\u00eame lorsqu&rsquo;elle est arriv\u00e9e dans la maison comme jeune gouvernante.<\/p>\n\n\n\n<p class=\"wp-block-paragraph\">\u26a0\ufe0f <strong>V\u00e9rifie l&rsquo;ouverture avant de partir.<\/strong> Les informations divergent actuellement : les portails de r\u00e9servation proposent toujours la villa, d&rsquo;autres sources l&rsquo;indiquent comme ferm\u00e9e au public. Si tu planifies ton voyage \u00e0 cause d&rsquo;elle, \u00e9cris \u00e0 l&rsquo;avance directement aux propri\u00e9taires et ne te fie pas aux portails.<\/p>\n\n\n\n<p class=\"wp-block-paragraph\">Pour rejoindre la villa, c&rsquo;est tr\u00e8s simple : il suffit de prendre le train local et de descendre \u00e0 l&rsquo;arr\u00eat Aigen, juste \u00e0 c\u00f4t\u00e9 du parc. C&rsquo;est justement de cette petite gare que <strong>la vraie famille est partie en train vers l&rsquo;Italie<\/strong>, ce qui d\u00e9truit compl\u00e8tement le mythe cin\u00e9matographique de la dramatique marche nocturne par-dessus les montagnes enneig\u00e9es.<\/p>\n\n\n\n<p class=\"wp-block-paragraph\">\ud83d\udca1 Astuce : si tu ne souhaites pas s\u00e9journer directement \u00e0 l&rsquo;h\u00f4tel, <strong>tu peux payer une visite guid\u00e9e de la maison et du parc<\/strong>. Ces visites ont lieu r\u00e9guli\u00e8rement et tu y apprendras d&rsquo;incroyables d\u00e9tails sur la vraie vie de la famille, qui n&rsquo;ont jamais figur\u00e9 dans le film.<\/p>\n\n\n\n<figure data-wp-context=\"{&quot;imageId&quot;:&quot;6a9669797a97a&quot;}\" data-wp-interactive=\"core\/image\" data-wp-key=\"6a9669797a97a\" class=\"wp-block-image size-full wp-lightbox-container\"><img decoding=\"async\" width=\"1280\" height=\"853\" data-wp-class--hide=\"state.isContentHidden\" data-wp-class--show=\"state.isContentVisible\" data-wp-init=\"callbacks.setButtonStyles\" data-wp-on--click=\"actions.showLightbox\" data-wp-on--load=\"callbacks.setButtonStyles\" data-wp-on--pointerdown=\"actions.preloadImage\" data-wp-on--pointerenter=\"actions.preloadImageWithDelay\" data-wp-on--pointerleave=\"actions.cancelPreload\" data-wp-on-window--resize=\"callbacks.setButtonStyles\" src=\"https:\/\/loudavymkrokem.cz\/wp-content\/uploads\/2026\/07\/mondsee-0.jpg\" alt=\"La basilique Saint-Michel de Mondsee, o\u00f9 fut tourn\u00e9 le mariage du film\" class=\"wp-image-350749\" title=\"\" srcset=\"https:\/\/loudavymkrokem.cz\/wp-content\/uploads\/2026\/07\/mondsee-0.jpg 1280w, https:\/\/loudavymkrokem.cz\/wp-content\/uploads\/2026\/07\/mondsee-0-300x200.jpg 300w, https:\/\/loudavymkrokem.cz\/wp-content\/uploads\/2026\/07\/mondsee-0-700x466.jpg 700w, https:\/\/loudavymkrokem.cz\/wp-content\/uploads\/2026\/07\/mondsee-0-768x512.jpg 768w, https:\/\/loudavymkrokem.cz\/wp-content\/uploads\/2026\/07\/mondsee-0-696x464.jpg 696w\" sizes=\"(max-width: 1280px) 100vw, 1280px\" \/><button\n\t\t\tclass=\"lightbox-trigger\"\n\t\t\ttype=\"button\"\n\t\t\taria-haspopup=\"dialog\"\n\t\t\tdata-wp-bind--aria-label=\"state.thisImage.triggerButtonAriaLabel\"\n\t\t\tdata-wp-init=\"callbacks.initTriggerButton\"\n\t\t\tdata-wp-on--click=\"actions.showLightbox\"\n\t\t\tdata-wp-style--right=\"state.thisImage.buttonRight\"\n\t\t\tdata-wp-style--top=\"state.thisImage.buttonTop\"\n\t\t>\n\t\t\t<svg xmlns=\"http:\/\/www.w3.org\/2000\/svg\" width=\"12\" height=\"12\" fill=\"none\" viewBox=\"0 0 12 12\">\n\t\t\t\t<path fill=\"#fff\" d=\"M2 0a2 2 0 0 0-2 2v2h1.5V2a.5.5 0 0 1 .5-.5h2V0H2Zm2 10.5H2a.5.5 0 0 1-.5-.5V8H0v2a2 2 0 0 0 2 2h2v-1.5ZM8 12v-1.5h2a.5.5 0 0 0 .5-.5V8H12v2a2 2 0 0 1-2 2H8Zm2-12a2 2 0 0 1 2 2v2h-1.5V2a.5.5 0 0 0-.5-.5H8V0h2Z\" \/>\n\t\t\t<\/svg>\n\t\t<\/button><figcaption class=\"wp-element-caption\">Photo : Thomas Ledl, CC BY-SA 4.0, Wikimedia Commons<\/figcaption><\/figure>\n\n\n\n<h3 class=\"wp-block-heading\"><span class=\"ez-toc-section\" id=\"8_La_basilique_de_Mondsee_et_le_celebre_mariage\"><\/span>8. La basilique de Mondsee et le c\u00e9l\u00e8bre mariage<span class=\"ez-toc-section-end\"><\/span><\/h3>\n\n\n\n<p class=\"wp-block-paragraph\">Bien que la majeure partie de l&rsquo;action se d\u00e9roule \u00e0 Salzbourg m\u00eame, pour tourner la romantique sc\u00e8ne du mariage, les cin\u00e9astes se sont rendus une trentaine de kilom\u00e8tres \u00e0 l&rsquo;est. Dans une charmante petite ville au bord du lac homonyme se dresse la <strong>splendide basilique Saint-Michel de Mondsee<\/strong>, dont la fa\u00e7ade jaune et l&rsquo;int\u00e9rieur richement d\u00e9cor\u00e9 te reviendront certainement en m\u00e9moire gr\u00e2ce \u00e0 la grandiose sc\u00e8ne o\u00f9 Maria remonte l&rsquo;all\u00e9e vers le baron.<\/p>\n\n\n\n<p class=\"wp-block-paragraph\">L&rsquo;\u00e9glise est tr\u00e8s bien entretenue et <strong>ouverte gratuitement au public toute l&rsquo;ann\u00e9e<\/strong>. \u00c0 l&rsquo;int\u00e9rieur, tu peux admirer de somptueux autels et marcher exactement l\u00e0 o\u00f9 passait l&rsquo;h\u00e9ro\u00efne du film. La petite ville de Mondsee est elle-m\u00eame infiniment charmante et regorge de caf\u00e9s agr\u00e9ables o\u00f9 savourer un caf\u00e9 et le fameux strudel aux pommes autrichien.<\/p>\n\n\n\n<p class=\"wp-block-paragraph\">Si tu viens en \u00e9t\u00e9, <strong>emporte absolument ton maillot de bain<\/strong>. Le lac de Mondsee est l&rsquo;un des plus chauds de toute la r\u00e9gion, et se baigner dans son eau limpide avec vue sur le majestueux mont Schafberg est une exp\u00e9rience \u00e0 ne pas manquer.<\/p>\n\n\n\n<p class=\"wp-block-paragraph\">\ud83d\udca1 Astuce : tu rejoins la basilique en voiture par l&rsquo;autoroute en environ une demi-heure. Si tu n&rsquo;as pas de voiture, des <strong>lignes de bus r\u00e9guli\u00e8res partent directement de la gare centrale de Salzbourg<\/strong>. Le trajet en bus dure un peu moins d&rsquo;une heure et offre de belles vues sur le paysage.<\/p>\n\n\n\n<figure data-wp-context=\"{&quot;imageId&quot;:&quot;6a9669797afa8&quot;}\" data-wp-interactive=\"core\/image\" data-wp-key=\"6a9669797afa8\" class=\"wp-block-image size-full wp-lightbox-container\"><img decoding=\"async\" width=\"1280\" height=\"431\" data-wp-class--hide=\"state.isContentHidden\" data-wp-class--show=\"state.isContentVisible\" data-wp-init=\"callbacks.setButtonStyles\" data-wp-on--click=\"actions.showLightbox\" data-wp-on--load=\"callbacks.setButtonStyles\" data-wp-on--pointerdown=\"actions.preloadImage\" data-wp-on--pointerenter=\"actions.preloadImageWithDelay\" data-wp-on--pointerleave=\"actions.cancelPreload\" data-wp-on-window--resize=\"callbacks.setButtonStyles\" src=\"https:\/\/loudavymkrokem.cz\/wp-content\/uploads\/2026\/07\/felsenb-1.jpg\" alt=\"Le b\u00e2timent du festival de Salzbourg dans la Hofstallgasse\" class=\"wp-image-350759\" title=\"\" srcset=\"https:\/\/loudavymkrokem.cz\/wp-content\/uploads\/2026\/07\/felsenb-1.jpg 1280w, https:\/\/loudavymkrokem.cz\/wp-content\/uploads\/2026\/07\/felsenb-1-300x101.jpg 300w, https:\/\/loudavymkrokem.cz\/wp-content\/uploads\/2026\/07\/felsenb-1-700x236.jpg 700w, https:\/\/loudavymkrokem.cz\/wp-content\/uploads\/2026\/07\/felsenb-1-768x259.jpg 768w, https:\/\/loudavymkrokem.cz\/wp-content\/uploads\/2026\/07\/felsenb-1-696x234.jpg 696w\" sizes=\"(max-width: 1280px) 100vw, 1280px\" \/><button\n\t\t\tclass=\"lightbox-trigger\"\n\t\t\ttype=\"button\"\n\t\t\taria-haspopup=\"dialog\"\n\t\t\tdata-wp-bind--aria-label=\"state.thisImage.triggerButtonAriaLabel\"\n\t\t\tdata-wp-init=\"callbacks.initTriggerButton\"\n\t\t\tdata-wp-on--click=\"actions.showLightbox\"\n\t\t\tdata-wp-style--right=\"state.thisImage.buttonRight\"\n\t\t\tdata-wp-style--top=\"state.thisImage.buttonTop\"\n\t\t>\n\t\t\t<svg xmlns=\"http:\/\/www.w3.org\/2000\/svg\" width=\"12\" height=\"12\" fill=\"none\" viewBox=\"0 0 12 12\">\n\t\t\t\t<path fill=\"#fff\" d=\"M2 0a2 2 0 0 0-2 2v2h1.5V2a.5.5 0 0 1 .5-.5h2V0H2Zm2 10.5H2a.5.5 0 0 1-.5-.5V8H0v2a2 2 0 0 0 2 2h2v-1.5ZM8 12v-1.5h2a.5.5 0 0 0 .5-.5V8H12v2a2 2 0 0 1-2 2H8Zm2-12a2 2 0 0 1 2 2v2h-1.5V2a.5.5 0 0 0-.5-.5H8V0h2Z\" \/>\n\t\t\t<\/svg>\n\t\t<\/button><figcaption class=\"wp-element-caption\">Photo : User:Mateus2019, CC BY-SA 4.0, Wikimedia Commons<\/figcaption><\/figure>\n\n\n\n<!-- LKM_GYG_CARD start q=\"music lokace\" lang=\"fr\" rendered=\"2026-08-31T21:26:41+00:00\" v=\"1\" -->\n<style id=\"lk-gyg-styles\">\n@import url(\"https:\/\/fonts.googleapis.com\/css2?family=Playfair+Display:wght@700&family=DM+Sans:wght@300;400;500;600&display=swap\");\n\/* === LK GYG karty \u2014 CRO redesign 2026-05 (namespace .lkx-) ===\n   C\u00edl: vy\u0161\u0161\u00ed CTR (hero + v\u00fdrazn\u00fd social proof + ak\u010dn\u00ed CTA, m\u00e9n\u011b \"reklamn\u00ed\").\n   Injektuje se inline do prvn\u00edho markeru postu (refresh_cards.py --inline-css). *\/\n.lkx-module, .lkx-module *{box-sizing:border-box;margin:0;padding:0}\n.lkx-module{\n  font-family:'DM Sans',-apple-system,Segoe UI,Roboto,Georgia,sans-serif;\n  max-width:860px;margin:2.5rem auto;color:#1f2328;\n}\n\n\/* HEADER \u2014 lehk\u00fd editorsk\u00fd, \u017e\u00e1dn\u00fd bannerov\u00fd blok; nadpis + popisek pod n\u00edm *\/\n.lkx-head{margin-bottom:16px}\n.lkx-head-main{display:flex;align-items:center;gap:10px}\n.lkx-head-accent{width:26px;height:3px;border-radius:2px;background:#c39f76;flex-shrink:0}\n.lkx-head-title{font-family:'Playfair Display',Georgia,serif;font-size:21px;font-weight:700;color:#1a1a1a;line-height:1.25}\n.lkx-head-meta{display:block;font-size:11px;letter-spacing:.3px;color:#9aa0a6;margin-top:4px;margin-left:36px}\n\n\/* HERO *\/\n.lkx-hero{display:grid;grid-template-columns:300px 1fr;background:#fff;border:1px solid #ece7df;border-radius:14px;overflow:hidden;text-decoration:none!important;color:inherit;box-shadow:0 6px 20px rgba(0,0,0,.06);transition:box-shadow .2s,transform .2s;margin-bottom:14px}\n.lkx-hero:hover{box-shadow:0 12px 30px rgba(0,0,0,.12);transform:translateY(-2px)}\n.lkx-hero-img{position:relative;min-height:230px;background-size:cover;background-position:center;background-color:#eee}\n.lkx-hero-body{padding:22px 24px;display:flex;flex-direction:column}\n.lkx-pick{position:absolute;top:12px;left:12px;background:#1a1a1a;color:#fff;font-size:11px;font-weight:700;letter-spacing:.5px;padding:5px 11px;border-radius:20px}\n\n\/* TITLE *\/\n.lkx-title{font-size:19px;font-weight:700;color:#161616;line-height:1.3}\n.lkx-title-sm{font-size:14.5px;line-height:1.35;display:-webkit-box;-webkit-line-clamp:2;-webkit-box-orient:vertical;overflow:hidden}\n\n\/* SOCIAL PROOF \u2014 v\u00fdrazn\u011b, naho\u0159e *\/\n.lkx-proof{display:flex;align-items:center;gap:7px;margin-top:12px;font-size:15px;color:#3a3a3a}\n.lkx-proof b{font-size:16px;color:#161616}\n.lkx-stars{color:#f5a623;letter-spacing:1px}\n.lkx-proof-sm{font-size:12.5px;margin-top:8px;gap:5px}\n.lkx-proof-sm b{font-size:13px}\n.lkx-proof-new{color:#3685fc;font-weight:600}\n\n\/* PRICE \u2014 n\u00edzk\u00e1 kotva *\/\n.lkx-price{font-size:14px;color:#6b7280}\n.lkx-price b{font-size:20px;color:#161616;font-weight:700}\n.lkx-price-sm b{font-size:15px}\n\n\/* CTA \u2014 tepl\u00e9 ak\u010dn\u00ed tla\u010d\u00edtko *\/\n.lkx-cta{display:inline-flex;align-items:center;justify-content:center;text-decoration:none!important;font-weight:700;color:#fff!important;background:linear-gradient(135deg,#f6743f,#e8552a);border-radius:10px;box-shadow:0 6px 16px rgba(232,85,42,.32);transition:box-shadow .2s}\n.lkx-cta-hero{font-size:15px;padding:13px 22px}\n.lkx-hero:hover .lkx-cta-hero{box-shadow:0 8px 22px rgba(232,85,42,.45)}\n.lkx-cta-sm{font-size:12.5px;padding:9px 14px;width:100%;margin-top:2px}\n.lkx-hero-bottom{margin-top:auto;padding-top:18px;display:flex;align-items:center;justify-content:space-between;gap:14px;flex-wrap:wrap}\n\n\/* BADGE \u2014 jeden v\u00fdrazn\u00fd na fotce *\/\n.lkx-badge{position:absolute;top:12px;right:12px;font-size:10.5px;font-weight:700;letter-spacing:.3px;padding:5px 10px;border-radius:16px;color:#fff}\n.lkx-badge.badge-urgency{background:rgba(214,40,40,.92)}\n.lkx-badge.badge-new{background:rgba(54,133,252,.92)}\n.lkx-badge.badge-top{background:rgba(195,159,118,.95)}\n.lkx-badge.badge-info{background:rgba(40,40,40,.78)}\n\n\/* SECONDARY GRID *\/\n.lkx-grid{display:grid;grid-template-columns:1fr 1fr;gap:14px}\n.lkx-card{background:#fff;border:1px solid #ece7df;border-radius:14px;overflow:hidden;text-decoration:none!important;color:inherit;box-shadow:0 4px 14px rgba(0,0,0,.05);display:flex;flex-direction:column;transition:box-shadow .2s,transform .2s}\n.lkx-card:hover{box-shadow:0 10px 24px rgba(0,0,0,.1);transform:translateY(-2px)}\n.lkx-card-img{position:relative;aspect-ratio:16\/10;background-size:cover;background-position:center;background-color:#eee}\n.lkx-card-body{padding:14px 16px 16px;display:flex;flex-direction:column;gap:7px;flex:1}\n.lkx-card-bottom{margin-top:auto;padding-top:10px;display:flex;align-items:center;justify-content:space-between;gap:8px}\n\n\/* DISCLOSURE \u2014 drobn\u00e1, kv\u016fli d\u016fv\u011b\u0159e\/z\u00e1konu *\/\n.lkx-disclosure{font-size:11px;color:#a7adb3;text-align:center;margin-top:14px;line-height:1.6}\n.lkx-disclosure a{color:#c39f76;text-decoration:none}\n\n@media(max-width:680px){\n  .lkx-hero{grid-template-columns:1fr}\n  .lkx-hero-img{min-height:180px}\n  .lkx-grid{grid-template-columns:1fr}\n  .lkx-head-meta{margin-left:0;width:100%}\n  .lkx-head-title{font-size:19px}\n}\n\n<\/style>\n<div class=\"lkx-module\" data-query=\"music lokace\">\n  <div class=\"lkx-head\">\n    <div class=\"lkx-head-main\">\n      <span class=\"lkx-head-accent\"><\/span>\n      <span class=\"lkx-head-title\">Exp\u00e9riences et billets<\/span>\n    <\/div>\n    <span class=\"lkx-head-meta\">not\u00e9 par les voyageurs \u00b7 GetYourGuide<\/span>\n  <\/div><a class=\"lkx-hero\" href=\"https:\/\/www.getyourguide.com\/fr-fr\/salzbourg-l4\/tournee-originale-de-la-melodie-du-bonheur-t722\/?partner_id=MKZ64IS&amp;utm_medium=online_publisher&amp;cmp=salzbourg-autriche-lieux-tournage\" target=\"_blank\" rel=\"sponsored noopener nofollow\">\n    <div class=\"lkx-hero-img\" style=\"background-image:url('https:\/\/cdn.getyourguide.com\/img\/tour\/c85ae41b3f4ffc84.jpeg\/132.jpg')\" role=\"img\" aria-label=\"Salzbourg : Tourn\u00e9e originale de la M\u00e9lodie du Bonheur\">\n      <span class=\"lkx-pick\">\u2605 Notre choix<\/span><\/div>\n    <div class=\"lkx-hero-body\">\n      <div class=\"lkx-title\">Salzbourg : Tourn\u00e9e originale de la M\u00e9lodie du Bonheur<\/div>\n      <div class=\"lkx-proof\">\n      <span class=\"lkx-stars\">\u2605\u2605\u2605\u2605\u2605<\/span>\n      <b>4.8<\/b> \u00b7 5 984 avis\n    <\/div>\n      <div class=\"lkx-hero-bottom\"><div class=\"lkx-price\">\u00e0 partir de <b>75\u00a0\u20ac<\/b><\/div><span class=\"lkx-cta lkx-cta-hero\">Je veux vivre \u00e7a \u2192<\/span>\n      <\/div>\n    <\/div>\n  <\/a><div class=\"lkx-disclosure\">\ud83d\udd17 Liens d&#39;affiliation \u2014 sans surco\u00fbt pour vous, ils nous aident \u00e0 cr\u00e9er du contenu. \u00b7 <a href=\"https:\/\/www.getyourguide.com\/fr-fr\/s\/?q=music+lokace&amp;partner_id=MKZ64IS&amp;utm_medium=online_publisher\" target=\"_blank\" rel=\"sponsored noopener nofollow\">Toutes les exp\u00e9riences \u2192<\/a><\/div>\n<\/div>\n<!-- LKM_GYG_CARD end -->\n\n\n\n\n<div class=\"lk-stays-module\">\n<style>\n\/* \u2500\u2500\u2500 RESET PRO GUTENBERG \u2500\u2500\u2500 *\/\n.lk-stays-module * { box-sizing: border-box; margin: 0; padding: 0; }\n\n\/* \u2500\u2500\u2500 WRAPPER \u2500\u2500\u2500 *\/\n.lk-stays-module {\n  font-family: 'DM Sans', Georgia, sans-serif;\n  max-width: 100%;\n  margin: 2.5rem auto;\n  background: linear-gradient(135deg, #fdfaf5 0%, #fcf8f0 100%);\n  border: 1px solid #e8dfd4;\n  border-radius: 16px;\n  overflow: hidden;\n  box-shadow: 0 16px 48px rgba(195, 159, 118, 0.25), 0 4px 12px rgba(0,0,0,0.08);\n}\n\n\/* \u2500\u2500\u2500 HEADER \u2500\u2500\u2500 *\/\n.lk-stays-header {\n  position: relative;\n  padding: 24px 36px 24px;\n  background: linear-gradient(135deg, #c39f76 0%, #d4b188 60%, #c39f76 100%);\n  border-bottom: 1px solid rgba(255,255,255,.15);\n  display: flex;\n  align-items: center;\n  gap: 18px;\n}\n.lk-stays-header::before {\n  content: '';\n  position: absolute;\n  inset: 0;\n  background: url(\"data:image\/svg+xml,%3Csvg width='60' height='60' viewBox='0 0 60 60' xmlns='http:\/\/www.w3.org\/2000\/svg'%3E%3Cg fill='none' fill-rule='evenodd'%3E%3Cg fill='%23ffffff' fill-opacity='0.05'%3E%3Cpath d='M36 34v-4h-2v4h-4v2h4v4h2v-4h4v-2h-4zm0-30V0h-2v4h-4v2h4v4h2V6h4V4h-4zM6 34v-4H4v4H0v2h4v4h2v-4h4v-2H6zM6 4V0H4v4H0v2h4v4h2V6h4V4H6z'\/%3E%3C\/g%3E%3C\/g%3E%3C\/svg%3E\") repeat;\n  pointer-events: none;\n}\n.lk-stays-icon {\n  flex-shrink: 0;\n  width: 68px;\n  height: 68px;\n  border-radius: 14px;\n  background: linear-gradient(135deg, #fff 0%, #f9f6f0 100%);\n  display: flex;\n  align-items: center;\n  justify-content: center;\n  font-size: 26px;\n  box-shadow: 0 4px 12px rgba(0,0,0,0.15);\n}\n.lk-stays-eyebrow {\n  font-size: 10px;\n  font-weight: 500;\n  letter-spacing: 2.5px;\n  text-transform: uppercase;\n  color: rgba(255,255,255,.85);\n  margin: 0 0 5px 0;\n}\n.lk-stays-title {\n  font-family: 'Playfair Display', Georgia, serif;\n  font-size: 24px;\n  font-weight: 700;\n  color: #fff;\n  line-height: 1.2;\n  text-shadow: 0 1px 2px rgba(0,0,0,0.1);\n  margin: 0;\n}\n.lk-stays-subtitle {\n  font-size: 13px;\n  color: rgba(255,255,255,.75);\n  margin: 4px 0 0 0;\n  font-weight: 300;\n}\n\n\/* \u2500\u2500\u2500 CARDS GRID \u2500\u2500\u2500 *\/\n.lk-stays-grid {\n  display: grid;\n  grid-template-columns: 1fr 1fr;\n  gap: 1px;\n  background: rgba(195, 159, 118, 0.12);\n}\n\n\/* \u2500\u2500\u2500 SINGLE CARD \u2500\u2500\u2500 *\/\n.lk-stay-card {\n  background: #ffffff;\n  padding: 26px;\n  display: flex;\n  flex-direction: column;\n  gap: 11px;\n  transition: all 0.3s ease;\n  text-decoration: none;\n  color: inherit;\n  position: relative;\n}\n.lk-stay-card:hover {\n  background: #fffbf5;\n  transform: translateY(-2px);\n  box-shadow: 0 8px 24px rgba(195, 159, 118, 0.18);\n  z-index: 1;\n}\n.lk-stay-card.featured {\n  background: linear-gradient(135deg, #fffdf9 0%, #fff9f0 100%);\n  box-shadow: 0 4px 16px rgba(195, 159, 118, 0.15), inset 0 1px 0 rgba(195, 159, 118, 0.1);\n}\n.lk-stay-card.featured:hover {\n  background: linear-gradient(135deg, #fffbf5 0%, #fff8ed 100%);\n  box-shadow: 0 8px 24px rgba(195, 159, 118, 0.25), inset 0 1px 0 rgba(195, 159, 118, 0.15);\n}\n\n.lk-stay-badge {\n  display: inline-flex;\n  align-items: center;\n  gap: 5px;\n  font-size: 10px;\n  font-weight: 500;\n  letter-spacing: 1.5px;\n  text-transform: uppercase;\n  padding: 5px 11px;\n  border-radius: 20px;\n  width: fit-content;\n}\n.badge-top     { background: linear-gradient(135deg, #c39f76 0%, #d4b188 100%); color: #fff; border: 1px solid #c39f76; font-weight: 600; box-shadow: 0 2px 8px rgba(195,159,118,0.3); }\n.badge-luxury  { background: rgba(195,159,118,.12); color: #c39f76; border: 1px solid rgba(195,159,118,.25); }\n.badge-boutique{ background: rgba(54,133,252,.08); color: #3685fc; border: 1px solid rgba(54,133,252,.2); }\n.badge-nature  { background: rgba(130,190,100,.1); color: #6b9c4a; border: 1px solid rgba(130,190,100,.2); }\n.badge-remote  { background: rgba(195,159,118,.12); color: #a67e50; border: 1px solid rgba(195,159,118,.25); }\n\n.lk-stay-name {\n  font-family: 'Playfair Display', Georgia, serif;\n  font-size: 18px;\n  font-weight: 700;\n  color: #111827;\n  line-height: 1.3;\n}\n.lk-stay-desc {\n  font-size: 13.5px;\n  color: #525252;\n  line-height: 1.65;\n  font-weight: 300;\n  flex: 1;\n}\n\n.lk-stay-meta {\n  display: flex;\n  align-items: center;\n  gap: 12px;\n  flex-wrap: wrap;\n  margin-top: 4px;\n}\n.lk-stay-price {\n  font-size: 13px;\n  color: #6b7280;\n}\n.lk-stay-price strong {\n  color: #c39f76;\n  font-weight: 500;\n}\n.lk-stay-stars {\n  color: #c39f76;\n  font-size: 11px;\n  letter-spacing: 1px;\n}\n\n\/* \u2500\u2500\u2500 CTA BUTTON \u2500\u2500\u2500 *\/\n.lk-stay-cta {\n  display: inline-flex;\n  align-items: center;\n  justify-content: center;\n  gap: 7px;\n  margin-top: 8px;\n  padding: 11px 20px;\n  border-radius: 8px;\n  background: linear-gradient(135deg, #3685fc 0%, #2a6fd9 100%);\n  color: #fff;\n  font-size: 13px;\n  font-weight: 500;\n  text-decoration: none;\n  letter-spacing: .3px;\n  transition: all .2s ease;\n  cursor: pointer;\n  border: none;\n  text-align: center;\n  box-shadow: 0 4px 12px rgba(54, 133, 252, 0.25);\n}\n.lk-stay-cta:hover {\n  background: linear-gradient(135deg, #2a6fd9 0%, #1e5bc4 100%);\n  transform: translateY(-1px);\n  box-shadow: 0 6px 16px rgba(54, 133, 252, 0.35);\n}\n.lk-stay-cta svg { flex-shrink: 0; }\n\n\/* \u2500\u2500\u2500 FOOTER \u2500\u2500\u2500 *\/\n.lk-stays-footer {\n  padding: 18px 36px;\n  background: linear-gradient(to bottom, #fdfaf5 0%, #f9f4ed 100%);\n  border-top: 1px solid rgba(195, 159, 118, 0.15);\n  display: flex;\n  align-items: center;\n  justify-content: space-between;\n  flex-wrap: wrap;\n  gap: 12px;\n}\n.lk-stays-footer-note {\n  font-size: 11.5px;\n  color: #6b7280;\n  font-weight: 300;\n  line-height: 1.5;\n}\n.lk-stays-footer-note a {\n  color: #c39f76;\n  text-decoration: none;\n  font-weight: 400;\n}\n.lk-stays-footer-note a:hover {\n  text-decoration: underline;\n}\n.lk-stays-all-btn {\n  display: inline-flex;\n  align-items: center;\n  gap: 6px;\n  font-size: 12.5px;\n  font-weight: 500;\n  color: #c39f76;\n  text-decoration: none;\n  border: 1px solid rgba(195, 159, 118, 0.35);\n  padding: 8px 18px;\n  border-radius: 8px;\n  transition: all .2s ease;\n}\n.lk-stays-all-btn:hover {\n  background: rgba(195, 159, 118, 0.08);\n  border-color: rgba(195, 159, 118, 0.5);\n}\n\n\/* \u2500\u2500\u2500 RESPONSIVE \u2500\u2500\u2500 *\/\n@media (max-width: 600px) {\n  .lk-stays-grid { grid-template-columns: 1fr; }\n  .lk-stays-header { padding: 24px 20px; }\n  .lk-stays-footer { padding: 16px 20px; }\n  .lk-stay-card { padding: 22px; }\n  .lk-stays-title { font-size: 20px; }\n}\n<\/style>\n\n  <!-- HEADER -->\n  <div class=\"lk-stays-header\">\n    <img decoding=\"async\" src=\"https:\/\/loudavymkrokem.cz\/wp-content\/uploads\/2026\/02\/lukas-a-lucka.jpg\" alt=\"\" style=\"width: 75px; height: 75px; border-radius: 8px; flex-shrink: 0; object-fit: cover; display: block; margin: 4px 0;\" title=\"\">\n    <div class=\"lk-stays-header-text\">\n      <div class=\"lk-stays-eyebrow\">Luk\u00e1\u0161 et Lucie recommandent<\/div>\n      <div class=\"lk-stays-title\">O\u00f9 se loger \u00e0 Salzbourg<\/div>\n      <div class=\"lk-stays-subtitle\">6 h\u00e9bergements \u2014 h\u00f4tels, h\u00f4tels spa et autres options d&rsquo;h\u00e9bergement<\/div>\n    <\/div>\n  <\/div>\n\n  <!-- CARDS -->\n  <div class=\"lk-stays-grid\">\n\n    <a class=\"lk-stay-card featured\" href=\"https:\/\/www.stay22.com\/allez\/roam?aid=lukaskonecny&#038;campaign=loudavymkrokemcz&#038;campaign=fr&#038;campaign=soundofmusiclokace&#038;address=Salcburk&#038;hotelname=Schloss+Leopoldskron&#038;search=Schloss+Leopoldskron&#038;category=accommodation\" target=\"_blank\" rel=\"nofollow noopener\">\n      <span class=\"lk-stay-badge badge-top\">\u2b50 TOP CHOIX<\/span>\n      <span class=\"lk-stay-badge badge-nature\">\u2b50 Luxe<\/span>\n      <div class=\"lk-stay-name\">Schloss Leopoldskron<\/div>\n      <div class=\"lk-stay-desc\">H\u00f4tel de luxe dans un ch\u00e2teau utilis\u00e9 comme d\u00e9cor de film. Petit-d\u00e9jeuner dans des salles d\u00e9cor\u00e9es, acc\u00e8s \u00e0 la biblioth\u00e8que de Max Reinhardt.<\/div>\n      <div class=\"lk-stay-meta\">\n        <span class=\"lk-stay-stars\">\u2605\u2605\u2605\u2605<\/span>\n        <span class=\"lk-stay-price\">\u00e0 partir de 399 EUR\/nuit<\/span>\n      <\/div>\n      <span class=\"lk-stay-cta\">\n        <svg width=\"14\" height=\"14\" viewBox=\"0 0 24 24\" fill=\"none\" stroke=\"currentColor\" stroke-width=\"2\"><path d=\"M18 13v6a2 2 0 0 1-2 2H5a2 2 0 0 1-2-2V8a2 2 0 0 1 2-2h6\"\/><polyline points=\"15 3 21 3 21 9\"\/><line x1=\"10\" y1=\"14\" x2=\"21\" y2=\"3\"\/><\/svg>\n        V\u00e9rifier la disponibilit\u00e9\n      <\/span>\n    <\/a>\n\n    <a class=\"lk-stay-card\" href=\"https:\/\/www.stay22.com\/allez\/roam?aid=lukaskonecny&#038;campaign=loudavymkrokemcz&#038;campaign=fr&#038;campaign=soundofmusiclokace&#038;address=Salcburk&#038;hotelname=Villa+Trapp&#038;search=Villa+Trapp&#038;category=accommodation\" target=\"_blank\" rel=\"nofollow noopener\">\n      <span class=\"lk-stay-badge badge-nature\">\ud83c\udfe8 H\u00f4tel<\/span>\n      <div class=\"lk-stay-name\">Villa Trapp<\/div>\n      <div class=\"lk-stay-desc\">H\u00f4tel boutique dans la v\u00e9ritable maison de la famille von Trapp. Nuit\u00e9e dans les chambres d&rsquo;origine, y compris l&rsquo;appartement de Maria.<\/div>\n      <div class=\"lk-stay-meta\">\n        <span class=\"lk-stay-stars\">\u2605\u2605\u2605\u2605<\/span>\n        <span class=\"lk-stay-price\">V\u00e9rifier les prix<\/span>\n      <\/div>\n      <span class=\"lk-stay-cta\">\n        <svg width=\"14\" height=\"14\" viewBox=\"0 0 24 24\" fill=\"none\" stroke=\"currentColor\" stroke-width=\"2\"><path d=\"M18 13v6a2 2 0 0 1-2 2H5a2 2 0 0 1-2-2V8a2 2 0 0 1 2-2h6\"\/><polyline points=\"15 3 21 3 21 9\"\/><line x1=\"10\" y1=\"14\" x2=\"21\" y2=\"3\"\/><\/svg>\n        V\u00e9rifier la disponibilit\u00e9\n      <\/span>\n    <\/a>\n\n    <a class=\"lk-stay-card\" href=\"https:\/\/www.stay22.com\/allez\/roam?aid=lukaskonecny&#038;campaign=loudavymkrokemcz&#038;campaign=fr&#038;campaign=soundofmusiclokace&#038;address=Salcburk&#038;hotelname=Hotel+Sacher+Salzburg&#038;search=Hotel+Sacher+Salzburg&#038;category=accommodation\" target=\"_blank\" rel=\"nofollow noopener\">\n      <span class=\"lk-stay-badge badge-nature\">\u2b50 Luxe<\/span>\n      <div class=\"lk-stay-name\">Hotel Sacher Salzburg<\/div>\n      <div class=\"lk-stay-desc\">H\u00f4tel cinq \u00e9toiles embl\u00e9matique sur les rives de la Salzach avec son c\u00e9l\u00e8bre caf\u00e9 et ses vues sur la vieille ville.<\/div>\n      <div class=\"lk-stay-meta\">\n        <span class=\"lk-stay-stars\">\u2605\u2605\u2605\u2605\u2605<\/span>\n        <span class=\"lk-stay-price\">V\u00e9rifier les prix<\/span>\n      <\/div>\n      <span class=\"lk-stay-cta\">\n        <svg width=\"14\" height=\"14\" viewBox=\"0 0 24 24\" fill=\"none\" stroke=\"currentColor\" stroke-width=\"2\"><path d=\"M18 13v6a2 2 0 0 1-2 2H5a2 2 0 0 1-2-2V8a2 2 0 0 1 2-2h6\"\/><polyline points=\"15 3 21 3 21 9\"\/><line x1=\"10\" y1=\"14\" x2=\"21\" y2=\"3\"\/><\/svg>\n        V\u00e9rifier la disponibilit\u00e9\n      <\/span>\n    <\/a>\n\n    <a class=\"lk-stay-card\" href=\"https:\/\/www.stay22.com\/allez\/roam?aid=lukaskonecny&#038;campaign=loudavymkrokemcz&#038;campaign=fr&#038;campaign=soundofmusiclokace&#038;address=Salcburk&#038;hotelname=Boutiquehotel+Am+Dom&#038;search=Boutiquehotel+Am+Dom&#038;category=accommodation\" target=\"_blank\" rel=\"nofollow noopener\">\n      <span class=\"lk-stay-badge badge-nature\">\ud83c\udfe8 H\u00f4tel<\/span>\n      <div class=\"lk-stay-name\">Boutiquehotel Am Dom<\/div>\n      <div class=\"lk-stay-desc\">H\u00f4tel design au c\u0153ur du centre historique. M\u00e9lange harmonieux de poutres historiques et de design italien moderne.<\/div>\n      <div class=\"lk-stay-meta\">\n        <span class=\"lk-stay-stars\">\u2605\u2605\u2605\u2605<\/span>\n        <span class=\"lk-stay-price\">V\u00e9rifier les prix<\/span>\n      <\/div>\n      <span class=\"lk-stay-cta\">\n        <svg width=\"14\" height=\"14\" viewBox=\"0 0 24 24\" fill=\"none\" stroke=\"currentColor\" stroke-width=\"2\"><path d=\"M18 13v6a2 2 0 0 1-2 2H5a2 2 0 0 1-2-2V8a2 2 0 0 1 2-2h6\"\/><polyline points=\"15 3 21 3 21 9\"\/><line x1=\"10\" y1=\"14\" x2=\"21\" y2=\"3\"\/><\/svg>\n        V\u00e9rifier la disponibilit\u00e9\n      <\/span>\n    <\/a>\n\n    <a class=\"lk-stay-card\" href=\"https:\/\/www.stay22.com\/allez\/roam?aid=lukaskonecny&#038;campaign=loudavymkrokemcz&#038;campaign=fr&#038;campaign=soundofmusiclokace&#038;address=Salcburk&#038;hotelname=Hotel+Goldgasse&#038;search=Hotel+Goldgasse&#038;category=accommodation\" target=\"_blank\" rel=\"nofollow noopener\">\n      <span class=\"lk-stay-badge badge-nature\">\ud83c\udfe8 H\u00f4tel<\/span>\n      <div class=\"lk-stay-name\">Hotel Goldgasse<\/div>\n      <div class=\"lk-stay-desc\">Petit h\u00f4tel boutique dans une ruelle historique. Chaque chambre a un th\u00e8me diff\u00e9rent, se distingue par le souci du d\u00e9tail.<\/div>\n      <div class=\"lk-stay-meta\">\n        <span class=\"lk-stay-stars\">\u2605\u2605\u2605\u2605<\/span>\n        <span class=\"lk-stay-price\">V\u00e9rifier les prix<\/span>\n      <\/div>\n      <span class=\"lk-stay-cta\">\n        <svg width=\"14\" height=\"14\" viewBox=\"0 0 24 24\" fill=\"none\" stroke=\"currentColor\" stroke-width=\"2\"><path d=\"M18 13v6a2 2 0 0 1-2 2H5a2 2 0 0 1-2-2V8a2 2 0 0 1 2-2h6\"\/><polyline points=\"15 3 21 3 21 9\"\/><line x1=\"10\" y1=\"14\" x2=\"21\" y2=\"3\"\/><\/svg>\n        V\u00e9rifier la disponibilit\u00e9\n      <\/span>\n    <\/a>\n\n    <a class=\"lk-stay-card\" href=\"https:\/\/www.stay22.com\/allez\/roam?aid=lukaskonecny&#038;campaign=loudavymkrokemcz&#038;campaign=fr&#038;campaign=soundofmusiclokace&#038;address=Salcburk&#038;hotelname=IMLAUER+Hotel+Pitter&#038;search=IMLAUER+Hotel+Pitter&#038;category=accommodation\" target=\"_blank\" rel=\"nofollow noopener\">\n      <span class=\"lk-stay-badge badge-nature\">\ud83c\udfe8 H\u00f4tel<\/span>\n      <div class=\"lk-stay-name\">IMLAUER Hotel Pitter<\/div>\n      <div class=\"lk-stay-desc\">H\u00f4tel moderne pr\u00e8s des jardins de Mirabell avec un superbe bar sur le toit et une vue panoramique sur la ville.<\/div>\n      <div class=\"lk-stay-meta\">\n        <span class=\"lk-stay-stars\">\u2605\u2605\u2605\u2605<\/span>\n        <span class=\"lk-stay-price\">V\u00e9rifier les prix<\/span>\n      <\/div>\n      <span class=\"lk-stay-cta\">\n        <svg width=\"14\" height=\"14\" viewBox=\"0 0 24 24\" fill=\"none\" stroke=\"currentColor\" stroke-width=\"2\"><path d=\"M18 13v6a2 2 0 0 1-2 2H5a2 2 0 0 1-2-2V8a2 2 0 0 1 2-2h6\"\/><polyline points=\"15 3 21 3 21 9\"\/><line x1=\"10\" y1=\"14\" x2=\"21\" y2=\"3\"\/><\/svg>\n        V\u00e9rifier la disponibilit\u00e9\n      <\/span>\n    <\/a>\n\n  <\/div>\n\n  \n<\/div>\n\n\n\n\n<h3 class=\"wp-block-heading\"><span class=\"ez-toc-section\" id=\"9_Le_Felsenreitschule_et_le_concert_dramatique\"><\/span>9. Le Felsenreitschule et le concert dramatique<span class=\"ez-toc-section-end\"><\/span><\/h3>\n\n\n\n<p class=\"wp-block-paragraph\">Le man\u00e8ge rocheux est l&rsquo;un des espaces th\u00e9\u00e2traux les plus remarquables au monde. Ces <strong>fascinantes arcades taill\u00e9es directement dans le rocher du M\u00f6nchsberg<\/strong> servaient \u00e0 l&rsquo;origine \u00e0 l&rsquo;entra\u00eenement des chevaux des archev\u00eaques de Salzbourg. Dans le film, s&rsquo;y d\u00e9roule la sc\u00e8ne extr\u00eamement tendue du concert final du festival, apr\u00e8s lequel la famille von Trapp dispara\u00eet dans les coulisses et entame sa fuite.<\/p>\n\n\n\n<p class=\"wp-block-paragraph\">Contrairement \u00e0 beaucoup d&rsquo;autres lieux, le Felsenreitschule est une <strong>v\u00e9ritable sc\u00e8ne de festival, tr\u00e8s prestigieuse<\/strong>. Chaque \u00e9t\u00e9 s&rsquo;y tiennent les premi\u00e8res d&rsquo;op\u00e9ra et de th\u00e9\u00e2tre les plus importantes du Festival de Salzbourg. Obtenir des billets pour un spectacle n\u00e9cessite de s&rsquo;y prendre des mois \u00e0 l&rsquo;avance et un compte en banque assez garni.<\/p>\n\n\n\n<p class=\"wp-block-paragraph\">Heureusement, tu peux voir l&rsquo;int\u00e9rieur m\u00eame sans le co\u00fbteux billet d&rsquo;op\u00e9ra : la ville organise chaque jour des visites guid\u00e9es des b\u00e2timents du festival, ce qui te permet de d\u00e9couvrir tranquillement le man\u00e8ge rocheux et l&rsquo;immense Grande Maison du festival avec un guide. Ces visites se r\u00e9servent facilement sur place ou \u00e0 l&rsquo;avance en ligne, notamment via des plateformes comme <a class=\"thirstylink\" rel=\"nofollow\" target=\"_blank\" title=\"GetYourGuide\" href=\"https:\/\/loudavymkrokem.cz\/doporucujeme\/getyourguide\/\" data-shortcode=\"true\">GetYourGuide<\/a>.<\/p>\n\n\n\n<p class=\"wp-block-paragraph\">\ud83d\udca1 Astuce : les visites ont lieu en plusieurs langues et durent environ cinquante minutes. <strong>Je te recommande de v\u00e9rifier les horaires \u00e0 l&rsquo;office de tourisme d\u00e8s le matin<\/strong>, car pendant les r\u00e9p\u00e9titions les parcours des visites sont parfois modifi\u00e9s ou restreints.<\/p>\n\n\n\n<figure data-wp-context=\"{&quot;imageId&quot;:&quot;6a9669797b53c&quot;}\" data-wp-interactive=\"core\/image\" data-wp-key=\"6a9669797b53c\" class=\"wp-block-image size-full wp-lightbox-container\"><img decoding=\"async\" width=\"1280\" height=\"853\" data-wp-class--hide=\"state.isContentHidden\" data-wp-class--show=\"state.isContentVisible\" data-wp-init=\"callbacks.setButtonStyles\" data-wp-on--click=\"actions.showLightbox\" data-wp-on--load=\"callbacks.setButtonStyles\" data-wp-on--pointerdown=\"actions.preloadImage\" data-wp-on--pointerenter=\"actions.preloadImageWithDelay\" data-wp-on--pointerleave=\"actions.cancelPreload\" data-wp-on-window--resize=\"callbacks.setButtonStyles\" src=\"https:\/\/loudavymkrokem.cz\/wp-content\/uploads\/2026\/07\/residenz-1.jpg\" alt=\"La fontaine baroque Residenzbrunnen sur la Residenzplatz\" class=\"wp-image-350766\" title=\"\" srcset=\"https:\/\/loudavymkrokem.cz\/wp-content\/uploads\/2026\/07\/residenz-1.jpg 1280w, https:\/\/loudavymkrokem.cz\/wp-content\/uploads\/2026\/07\/residenz-1-300x200.jpg 300w, https:\/\/loudavymkrokem.cz\/wp-content\/uploads\/2026\/07\/residenz-1-700x466.jpg 700w, https:\/\/loudavymkrokem.cz\/wp-content\/uploads\/2026\/07\/residenz-1-768x512.jpg 768w, https:\/\/loudavymkrokem.cz\/wp-content\/uploads\/2026\/07\/residenz-1-696x464.jpg 696w\" sizes=\"(max-width: 1280px) 100vw, 1280px\" \/><button\n\t\t\tclass=\"lightbox-trigger\"\n\t\t\ttype=\"button\"\n\t\t\taria-haspopup=\"dialog\"\n\t\t\tdata-wp-bind--aria-label=\"state.thisImage.triggerButtonAriaLabel\"\n\t\t\tdata-wp-init=\"callbacks.initTriggerButton\"\n\t\t\tdata-wp-on--click=\"actions.showLightbox\"\n\t\t\tdata-wp-style--right=\"state.thisImage.buttonRight\"\n\t\t\tdata-wp-style--top=\"state.thisImage.buttonTop\"\n\t\t>\n\t\t\t<svg xmlns=\"http:\/\/www.w3.org\/2000\/svg\" width=\"12\" height=\"12\" fill=\"none\" viewBox=\"0 0 12 12\">\n\t\t\t\t<path fill=\"#fff\" d=\"M2 0a2 2 0 0 0-2 2v2h1.5V2a.5.5 0 0 1 .5-.5h2V0H2Zm2 10.5H2a.5.5 0 0 1-.5-.5V8H0v2a2 2 0 0 0 2 2h2v-1.5ZM8 12v-1.5h2a.5.5 0 0 0 .5-.5V8H12v2a2 2 0 0 1-2 2H8Zm2-12a2 2 0 0 1 2 2v2h-1.5V2a.5.5 0 0 0-.5-.5H8V0h2Z\" \/>\n\t\t\t<\/svg>\n\t\t<\/button><figcaption class=\"wp-element-caption\">Photo : Ank Kumar, CC BY-SA 4.0, Wikimedia Commons<\/figcaption><\/figure>\n\n\n\n<h3 class=\"wp-block-heading\"><span class=\"ez-toc-section\" id=\"10_La_Residenzplatz_et_la_fontaine_pleine_dassurance\"><\/span>10. La Residenzplatz et la fontaine pleine d&rsquo;assurance<span class=\"ez-toc-section-end\"><\/span><\/h3>\n\n\n\n<p class=\"wp-block-paragraph\">En plein c\u0153ur historique de la ville, entour\u00e9e de palais et d&rsquo;un mus\u00e9e, s&rsquo;\u00e9tend la vaste place Residenzplatz. En son centre se dresse une <strong>imposante fontaine baroque aux chevaux cabr\u00e9s<\/strong>, autour de laquelle Maria, valise \u00e0 la main, sautille joyeusement et \u00e9clabousse l&rsquo;eau en chantant I Have Confidence sur le chemin du couvent vers son nouveau travail.<\/p>\n\n\n\n<p class=\"wp-block-paragraph\">Cette place est le point n\u00e9vralgique de Salzbourg et <strong>reste enti\u00e8rement en acc\u00e8s libre \u00e0 toute heure de la journ\u00e9e<\/strong>. Outre la c\u00e9l\u00e8bre fontaine, tu y verras aussi la station des traditionnels fiacres \u00e0 cheval, qui donnent au lieu une superbe atmosph\u00e8re historique. Le carillon voisin joue en plus r\u00e9guli\u00e8rement des m\u00e9lodies, dont celles de Mozart.<\/p>\n\n\n\n<p class=\"wp-block-paragraph\">Au mois de d\u00e9cembre, cette place se m\u00e9tamorphose compl\u00e8tement. <strong>C&rsquo;est ici que se tient le plus grand march\u00e9 de l&rsquo;Avent de Salzbourg<\/strong>, embaumant le vin chaud, le pain d&rsquo;\u00e9pices et les marrons grill\u00e9s. C&rsquo;est un magnifique spectacle, mais \u00e0 cause des chalets en bois, on ne voit presque plus la fontaine elle-m\u00eame.<\/p>\n\n\n\n<p class=\"wp-block-paragraph\">\ud83d\udca1 Astuce : essaie de passer sur la place t\u00f4t le matin, avant que les premi\u00e8res cal\u00e8ches touristiques ne circulent et que les mus\u00e9es alentour n&rsquo;ouvrent. Tu <strong>savoureras l&rsquo;atmosph\u00e8re extraordinaire d&rsquo;une ville d\u00e9serte<\/strong> et prendras de superbes photos de l&rsquo;immense fontaine sans la foule.<\/p>\n\n\n\n<figure data-wp-context=\"{&quot;imageId&quot;:&quot;6a9669797bb7d&quot;}\" data-wp-interactive=\"core\/image\" data-wp-key=\"6a9669797bb7d\" class=\"wp-block-image size-full wp-lightbox-container\"><img decoding=\"async\" width=\"1280\" height=\"846\" data-wp-class--hide=\"state.isContentHidden\" data-wp-class--show=\"state.isContentVisible\" data-wp-init=\"callbacks.setButtonStyles\" data-wp-on--click=\"actions.showLightbox\" data-wp-on--load=\"callbacks.setButtonStyles\" data-wp-on--pointerdown=\"actions.preloadImage\" data-wp-on--pointerenter=\"actions.preloadImageWithDelay\" data-wp-on--pointerleave=\"actions.cancelPreload\" data-wp-on-window--resize=\"callbacks.setButtonStyles\" src=\"https:\/\/loudavymkrokem.cz\/wp-content\/uploads\/2026\/07\/werfen-2.jpg\" alt=\"La forteresse de Hohenwerfen dominant la vall\u00e9e dans les montagnes pr\u00e8s de Werfen\" class=\"wp-image-350791\" title=\"\" srcset=\"https:\/\/loudavymkrokem.cz\/wp-content\/uploads\/2026\/07\/werfen-2.jpg 1280w, https:\/\/loudavymkrokem.cz\/wp-content\/uploads\/2026\/07\/werfen-2-300x198.jpg 300w, https:\/\/loudavymkrokem.cz\/wp-content\/uploads\/2026\/07\/werfen-2-700x463.jpg 700w, https:\/\/loudavymkrokem.cz\/wp-content\/uploads\/2026\/07\/werfen-2-768x508.jpg 768w, https:\/\/loudavymkrokem.cz\/wp-content\/uploads\/2026\/07\/werfen-2-696x460.jpg 696w\" sizes=\"(max-width: 1280px) 100vw, 1280px\" \/><button\n\t\t\tclass=\"lightbox-trigger\"\n\t\t\ttype=\"button\"\n\t\t\taria-haspopup=\"dialog\"\n\t\t\tdata-wp-bind--aria-label=\"state.thisImage.triggerButtonAriaLabel\"\n\t\t\tdata-wp-init=\"callbacks.initTriggerButton\"\n\t\t\tdata-wp-on--click=\"actions.showLightbox\"\n\t\t\tdata-wp-style--right=\"state.thisImage.buttonRight\"\n\t\t\tdata-wp-style--top=\"state.thisImage.buttonTop\"\n\t\t>\n\t\t\t<svg xmlns=\"http:\/\/www.w3.org\/2000\/svg\" width=\"12\" height=\"12\" fill=\"none\" viewBox=\"0 0 12 12\">\n\t\t\t\t<path fill=\"#fff\" d=\"M2 0a2 2 0 0 0-2 2v2h1.5V2a.5.5 0 0 1 .5-.5h2V0H2Zm2 10.5H2a.5.5 0 0 1-.5-.5V8H0v2a2 2 0 0 0 2 2h2v-1.5ZM8 12v-1.5h2a.5.5 0 0 0 .5-.5V8H12v2a2 2 0 0 1-2 2H8Zm2-12a2 2 0 0 1 2 2v2h-1.5V2a.5.5 0 0 0-.5-.5H8V0h2Z\" \/>\n\t\t\t<\/svg>\n\t\t<\/button><figcaption class=\"wp-element-caption\">Photo : Diego Delso, CC BY-SA 4.0, Wikimedia Commons<\/figcaption><\/figure>\n\n\n\n<h3 class=\"wp-block-heading\"><span class=\"ez-toc-section\" id=\"11_Excursion_a_Werfen_et_sur_les_prairies_de_montagne\"><\/span>11. Excursion \u00e0 Werfen et sur les prairies de montagne<span class=\"ez-toc-section-end\"><\/span><\/h3>\n\n\n\n<p class=\"wp-block-paragraph\">Si tu as une voiture et que tu veux vivre la vraie atmosph\u00e8re alpine de l&rsquo;ouverture du film, tu dois partir vers le sud. \u00c0 une quarantaine de kilom\u00e8tres de Salzbourg, pr\u00e8s de la petite ville de Werfen, se trouve le fameux The Sound of Music Trail. C&rsquo;est exactement la r\u00e9gion o\u00f9 <strong>Maria chante la chanson-titre de toute la com\u00e9die musicale sur une prairie de montagne<\/strong>, en tournoyant les bras \u00e9cart\u00e9s.<\/p>\n\n\n\n<p class=\"wp-block-paragraph\">Le chemin t&#8217;emm\u00e8ne par de magnifiques points de vue sur la vall\u00e9e alpine et la <strong>puissante forteresse de Hohenwerfen, dress\u00e9e sur un rocher au milieu de la vall\u00e9e<\/strong>. La prairie elle-m\u00eame, avec le banc du film, est parfaitement balis\u00e9e et un sentier de randonn\u00e9e facile y m\u00e8ne. C&rsquo;est un lieu absolument parfait pour un pique-nique avec vue sur le massif du Tennengebirge.<\/p>\n\n\n\n<p class=\"wp-block-paragraph\">Une fois \u00e0 Werfen, ne manque surtout pas non plus la visite de la <strong>plus grande grotte de glace du monde, l&rsquo;Eisriesenwelt<\/strong>. Elle se situe haut dans les montagnes et il faut monter en t\u00e9l\u00e9ph\u00e9rique puis marcher encore un bon moment, mais les formations de glace \u00e0 l&rsquo;int\u00e9rieur sont incroyables.<\/p>\n\n\n\n<p class=\"wp-block-paragraph\">\ud83d\udca1 Astuce : habille-toi chaudement. M\u00eame s&rsquo;il fait une chaleur estivale en bas \u00e0 Salzbourg, <strong>\u00e0 l&rsquo;int\u00e9rieur de la grotte de glace il g\u00e8le toute l&rsquo;ann\u00e9e<\/strong> et un vent froid souffle souvent sur les prairies de montagne. Des chaussures solides sont une n\u00e9cessit\u00e9 absolue pour cette excursion.<\/p>\n\n\n\n<figure data-wp-context=\"{&quot;imageId&quot;:&quot;6a9669797c32d&quot;}\" data-wp-interactive=\"core\/image\" data-wp-key=\"6a9669797c32d\" class=\"wp-block-image size-full wp-lightbox-container\"><img decoding=\"async\" width=\"640\" height=\"480\" data-wp-class--hide=\"state.isContentHidden\" data-wp-class--show=\"state.isContentVisible\" data-wp-init=\"callbacks.setButtonStyles\" data-wp-on--click=\"actions.showLightbox\" data-wp-on--load=\"callbacks.setButtonStyles\" data-wp-on--pointerdown=\"actions.preloadImage\" data-wp-on--pointerenter=\"actions.preloadImageWithDelay\" data-wp-on--pointerleave=\"actions.cancelPreload\" data-wp-on-window--resize=\"callbacks.setButtonStyles\" src=\"https:\/\/loudavymkrokem.cz\/wp-content\/uploads\/2026\/07\/frohnburg-0.jpg\" alt=\"Le ch\u00e2teau de Frohnburg entre les arbres \u00e0 la p\u00e9riph\u00e9rie de Salzbourg\" class=\"wp-image-350825\" title=\"\" srcset=\"https:\/\/loudavymkrokem.cz\/wp-content\/uploads\/2026\/07\/frohnburg-0.jpg 640w, https:\/\/loudavymkrokem.cz\/wp-content\/uploads\/2026\/07\/frohnburg-0-300x225.jpg 300w, https:\/\/loudavymkrokem.cz\/wp-content\/uploads\/2026\/07\/frohnburg-0-80x60.jpg 80w, https:\/\/loudavymkrokem.cz\/wp-content\/uploads\/2026\/07\/frohnburg-0-160x120.jpg 160w\" sizes=\"(max-width: 640px) 100vw, 640px\" \/><button\n\t\t\tclass=\"lightbox-trigger\"\n\t\t\ttype=\"button\"\n\t\t\taria-haspopup=\"dialog\"\n\t\t\tdata-wp-bind--aria-label=\"state.thisImage.triggerButtonAriaLabel\"\n\t\t\tdata-wp-init=\"callbacks.initTriggerButton\"\n\t\t\tdata-wp-on--click=\"actions.showLightbox\"\n\t\t\tdata-wp-style--right=\"state.thisImage.buttonRight\"\n\t\t\tdata-wp-style--top=\"state.thisImage.buttonTop\"\n\t\t>\n\t\t\t<svg xmlns=\"http:\/\/www.w3.org\/2000\/svg\" width=\"12\" height=\"12\" fill=\"none\" viewBox=\"0 0 12 12\">\n\t\t\t\t<path fill=\"#fff\" d=\"M2 0a2 2 0 0 0-2 2v2h1.5V2a.5.5 0 0 1 .5-.5h2V0H2Zm2 10.5H2a.5.5 0 0 1-.5-.5V8H0v2a2 2 0 0 0 2 2h2v-1.5ZM8 12v-1.5h2a.5.5 0 0 0 .5-.5V8H12v2a2 2 0 0 1-2 2H8Zm2-12a2 2 0 0 1 2 2v2h-1.5V2a.5.5 0 0 0-.5-.5H8V0h2Z\" \/>\n\t\t\t<\/svg>\n\t\t<\/button><figcaption class=\"wp-element-caption\">Photo : Luckyprof (talk), CC BY-SA 3.0 at, Wikimedia Commons<\/figcaption><\/figure>\n\n\n\n<h2 class=\"wp-block-heading\"><span class=\"ez-toc-section\" id=\"La_Melodie_du_bonheur_le_vrai_du_faux_hollywoodien\"><\/span>La M\u00e9lodie du bonheur : le vrai du faux hollywoodien<span class=\"ez-toc-section-end\"><\/span><\/h2>\n\n\n\n<p class=\"wp-block-paragraph\">Quand on commence \u00e0 creuser l&rsquo;histoire v\u00e9ritable, on d\u00e9couvre que les cin\u00e9astes ont vraiment jou\u00e9 avec la r\u00e9alit\u00e9. La plus grande illusion est la villa de la famille von Trapp elle-m\u00eame. Comme je l&rsquo;ai d\u00e9j\u00e0 mentionn\u00e9 en introduction, <strong>la maison de l&rsquo;\u00e9cran n&rsquo;existe pas en r\u00e9alit\u00e9<\/strong>. La fa\u00e7ade avec le portail en fer forg\u00e9 appartient au ch\u00e2teau de Frohnburg, la terrasse arri\u00e8re avec le lac fait partie du ch\u00e2teau de Leopoldskron, et tous les vastes int\u00e9rieurs avec l&rsquo;escalier g\u00e9ant ont \u00e9t\u00e9 construits par des charpentiers dans les studios hollywoodiens.<\/p>\n\n\n\n<p class=\"wp-block-paragraph\">Encore plus int\u00e9ressant : la fameuse fuite. Dans le film, la famille, sac au dos, franchit dramatiquement les montagnes enneig\u00e9es de l&rsquo;Untersberg en direction de la Suisse. Cela sonne bien, mais il y a un gros hic g\u00e9ographique. <strong>Le passage par ces montagnes pr\u00e9cises les aurait men\u00e9s directement en Allemagne<\/strong>, \u00e0 seulement quelques kilom\u00e8tres de la r\u00e9sidence de montagne d&rsquo;Hitler \u00e0 l&rsquo;Obersalzberg, \u00e0 Berchtesgaden. La vraie famille a simplement ferm\u00e9 \u00e0 cl\u00e9 la porte de sa maison du quartier d&rsquo;Aigen, march\u00e9 jusqu&rsquo;\u00e0 la gare voisine et pris tranquillement le train pour l&rsquo;Italie, puis l&rsquo;Am\u00e9rique.<\/p>\n\n\n\n<p class=\"wp-block-paragraph\">Autre exemple de logistique cin\u00e9matographique : le c\u00e9l\u00e8bre pavillon de verre. Pendant le tournage, il se dressait bel et bien au bord du lac du ch\u00e2teau de Leopoldskron. Mais apr\u00e8s la sortie du film, des milliers de fans ont commenc\u00e9 \u00e0 affluer, ce qui n&rsquo;a pas du tout enchant\u00e9 les propri\u00e9taires du terrain. <strong>La ville a donc d\u00e9plac\u00e9 le pavillon<\/strong> dans le parc public du ch\u00e2teau de Hellbrunn, o\u00f9 il se trouve encore aujourd&rsquo;hui, quoique verrouill\u00e9 pour la s\u00e9curit\u00e9 des touristes qui tentaient d&rsquo;y imiter les figures de danse.<\/p>\n\n\n\n<p class=\"wp-block-paragraph\">Un paradoxe amusant tient \u00e0 la fa\u00e7on dont les habitants de la ville per\u00e7oivent le film. Alors que des centaines de milliers d&rsquo;Am\u00e9ricains et de Britanniques se rendent chaque ann\u00e9e \u00e0 Salzbourg rien que pour cette com\u00e9die musicale, <strong>la plupart des Autrichiens locaux n&rsquo;ont en r\u00e9alit\u00e9 jamais vu le film<\/strong>. Pour eux, Salzbourg reste avant tout la ville de Mozart et de la musique classique. Ce n&rsquo;est que ces derni\u00e8res ann\u00e9es que la ville a pleinement pris conscience de l&rsquo;\u00e9norme potentiel touristique et a commenc\u00e9 \u00e0 davantage promouvoir et prot\u00e9ger son h\u00e9ritage cin\u00e9matographique.<\/p>\n\n\n\n<figure data-wp-context=\"{&quot;imageId&quot;:&quot;6a9669797c808&quot;}\" data-wp-interactive=\"core\/image\" data-wp-key=\"6a9669797c808\" class=\"wp-block-image size-full wp-lightbox-container\"><img decoding=\"async\" width=\"1280\" height=\"853\" data-wp-class--hide=\"state.isContentHidden\" data-wp-class--show=\"state.isContentVisible\" data-wp-init=\"callbacks.setButtonStyles\" data-wp-on--click=\"actions.showLightbox\" data-wp-on--load=\"callbacks.setButtonStyles\" data-wp-on--pointerdown=\"actions.preloadImage\" data-wp-on--pointerenter=\"actions.preloadImageWithDelay\" data-wp-on--pointerleave=\"actions.cancelPreload\" data-wp-on-window--resize=\"callbacks.setButtonStyles\" src=\"https:\/\/loudavymkrokem.cz\/wp-content\/uploads\/2024\/11\/ubytovani-salzburg.jpg\" alt=\"H\u00e9bergement dans le centre historique de Salzbourg\" class=\"wp-image-90026\" title=\"\" srcset=\"https:\/\/loudavymkrokem.cz\/wp-content\/uploads\/2024\/11\/ubytovani-salzburg.jpg 1280w, https:\/\/loudavymkrokem.cz\/wp-content\/uploads\/2024\/11\/ubytovani-salzburg-300x200.jpg 300w, https:\/\/loudavymkrokem.cz\/wp-content\/uploads\/2024\/11\/ubytovani-salzburg-700x466.jpg 700w, https:\/\/loudavymkrokem.cz\/wp-content\/uploads\/2024\/11\/ubytovani-salzburg-768x512.jpg 768w, https:\/\/loudavymkrokem.cz\/wp-content\/uploads\/2024\/11\/ubytovani-salzburg-696x464.jpg 696w\" sizes=\"(max-width: 1280px) 100vw, 1280px\" \/><button\n\t\t\tclass=\"lightbox-trigger\"\n\t\t\ttype=\"button\"\n\t\t\taria-haspopup=\"dialog\"\n\t\t\tdata-wp-bind--aria-label=\"state.thisImage.triggerButtonAriaLabel\"\n\t\t\tdata-wp-init=\"callbacks.initTriggerButton\"\n\t\t\tdata-wp-on--click=\"actions.showLightbox\"\n\t\t\tdata-wp-style--right=\"state.thisImage.buttonRight\"\n\t\t\tdata-wp-style--top=\"state.thisImage.buttonTop\"\n\t\t>\n\t\t\t<svg xmlns=\"http:\/\/www.w3.org\/2000\/svg\" width=\"12\" height=\"12\" fill=\"none\" viewBox=\"0 0 12 12\">\n\t\t\t\t<path fill=\"#fff\" d=\"M2 0a2 2 0 0 0-2 2v2h1.5V2a.5.5 0 0 1 .5-.5h2V0H2Zm2 10.5H2a.5.5 0 0 1-.5-.5V8H0v2a2 2 0 0 0 2 2h2v-1.5ZM8 12v-1.5h2a.5.5 0 0 0 .5-.5V8H12v2a2 2 0 0 1-2 2H8Zm2-12a2 2 0 0 1 2 2v2h-1.5V2a.5.5 0 0 0-.5-.5H8V0h2Z\" \/>\n\t\t\t<\/svg>\n\t\t<\/button><\/figure>\n\n\n\n<h2 class=\"wp-block-heading\"><span class=\"ez-toc-section\" id=\"Ou_se_loger_les_meilleurs_hotels_a_Salzbourg_Autriche\"><\/span>O\u00f9 se loger : les meilleurs h\u00f4tels \u00e0 Salzbourg (Autriche)<span class=\"ez-toc-section-end\"><\/span><\/h2>\n\n\n\n<p class=\"wp-block-paragraph\">L&rsquo;h\u00e9bergement \u00e0 Salzbourg peut s\u00e9rieusement peser sur le budget, surtout en \u00e9t\u00e9 et pendant l&rsquo;Avent. Mais si tu veux tirer le maximum de ta visite, il vaut la peine de payer un peu pour l&#8217;emplacement, car on marche vraiment beaucoup. La vieille ville offre les plus beaux h\u00f4tels historiques, mais compte avec des prix plus \u00e9lev\u00e9s et un stationnement limit\u00e9. Si tu cherches des options moins ch\u00e8res, regarde du c\u00f4t\u00e9 des quartiers autour de la gare centrale ou vers les jardins Mirabell. <strong>L&rsquo;exp\u00e9rience la plus unique reste de dormir directement dans les lieux de tournage<\/strong>.<\/p>\n\n\n\n<p class=\"wp-block-paragraph\">Voici une liste d&rsquo;h\u00f4tels pr\u00e9cis et excellemment not\u00e9s que je peux te recommander pour ta visite :<\/p>\n\n\n\n<ul class=\"wp-block-list\">\n\n<li>  <strong>Schloss Leopoldskron :<\/strong> tu peux dormir directement dans le ch\u00e2teau qui formait le d\u00e9cor du film c\u00f4t\u00e9 lac. Une exp\u00e9rience de luxe pour les plus exigeants, avec de superbes petits-d\u00e9jeuners dans des salles orn\u00e9es.<\/li>\n\n\n\n<li>  <strong>Villa Trapp :<\/strong> cet h\u00f4tel de charme se situe dans le quartier tranquille d&rsquo;Aigen et te permet de dormir dans les chambres d&rsquo;origine de la vraie famille von Trapp, y compris la suite de Maria.<\/li>\n\n\n\n<li>  <strong>Hotel Sacher Salzburg :<\/strong> cet h\u00f4tel cinq \u00e9toiles embl\u00e9matique se dresse directement sur les rives de la Salzach et, outre son service de luxe, il est c\u00e9l\u00e8bre pour son caf\u00e9 absolument parfait et ses vues sur la vieille ville.<\/li>\n\n\n\n<li>  <strong>Boutiquehotel Am Dom :<\/strong> tu trouveras ce magnifique h\u00f4tel design en plein c\u0153ur du centre historique, \u00e0 c\u00f4t\u00e9 de la cath\u00e9drale. Il se distingue par un m\u00e9lange subtil de poutres historiques et de design italien moderne.<\/li>\n\n\n\n<li>  <strong>Hotel Goldgasse :<\/strong> ce petit h\u00f4tel de charme se cache dans la ruelle du m\u00eame nom. Chaque chambre a son propre th\u00e8me et il excelle surtout par son souci du d\u00e9tail et sa propret\u00e9 irr\u00e9prochable.<\/li>\n\n\n\n<li>  <strong>IMLAUER Hotel Pitter :<\/strong> ce grand h\u00f4tel moderne se trouve \u00e0 deux pas des jardins Mirabell. Il s\u00e9duit surtout par son superbe bar sur le toit et son restaurant offrant une vue panoramique sur la ville.<\/li>\n\n\n\n<li>  <strong>Motel One Salzburg-Mirabell :<\/strong> un choix fiable et plus abordable, \u00e0 deux pas de la rivi\u00e8re. Il propose des chambres modernes, quoique plus petites, et sert parfaitement de base pour explorer la ville \u00e0 pied.<\/li>\n\n\n<\/ul>\n\n\n\n<p class=\"wp-block-paragraph\">Pour comparer facilement les prix actuels et la disponibilit\u00e9 de tous ces h\u00f4tels, <strong>je te recommande d&rsquo;utiliser<\/strong> <a class=\"thirstylink\" rel=\"nofollow\" target=\"_blank\" title=\"Booking.com\" href=\"https:\/\/loudavymkrokem.cz\/doporucujeme\/booking-com\/\" data-shortcode=\"true\">Booking.com<\/a>, o\u00f9 tu trouveras aussi des avis d\u00e9taill\u00e9s d&rsquo;anciens clients.<\/p>\n\n\n\n\n<figure data-wp-context=\"{&quot;imageId&quot;:&quot;6a9669797d51b&quot;}\" data-wp-interactive=\"core\/image\" data-wp-key=\"6a9669797d51b\" class=\"wp-block-image size-full wp-lightbox-container\"><img decoding=\"async\" width=\"1200\" height=\"800\" data-wp-class--hide=\"state.isContentHidden\" data-wp-class--show=\"state.isContentVisible\" data-wp-init=\"callbacks.setButtonStyles\" data-wp-on--click=\"actions.showLightbox\" data-wp-on--load=\"callbacks.setButtonStyles\" data-wp-on--pointerdown=\"actions.preloadImage\" data-wp-on--pointerenter=\"actions.preloadImageWithDelay\" data-wp-on--pointerleave=\"actions.cancelPreload\" data-wp-on-window--resize=\"callbacks.setButtonStyles\" src=\"https:\/\/loudavymkrokem.cz\/wp-content\/uploads\/2025\/05\/co-videt-v-salzburgu-72.jpg\" alt=\"Les ruelles de la vieille ville de Salzbourg\" class=\"wp-image-96634\" title=\"\" srcset=\"https:\/\/loudavymkrokem.cz\/wp-content\/uploads\/2025\/05\/co-videt-v-salzburgu-72.jpg 1200w, https:\/\/loudavymkrokem.cz\/wp-content\/uploads\/2025\/05\/co-videt-v-salzburgu-72-300x200.jpg 300w, https:\/\/loudavymkrokem.cz\/wp-content\/uploads\/2025\/05\/co-videt-v-salzburgu-72-700x467.jpg 700w, https:\/\/loudavymkrokem.cz\/wp-content\/uploads\/2025\/05\/co-videt-v-salzburgu-72-768x512.jpg 768w, https:\/\/loudavymkrokem.cz\/wp-content\/uploads\/2025\/05\/co-videt-v-salzburgu-72-696x464.jpg 696w\" sizes=\"(max-width: 1200px) 100vw, 1200px\" \/><button\n\t\t\tclass=\"lightbox-trigger\"\n\t\t\ttype=\"button\"\n\t\t\taria-haspopup=\"dialog\"\n\t\t\tdata-wp-bind--aria-label=\"state.thisImage.triggerButtonAriaLabel\"\n\t\t\tdata-wp-init=\"callbacks.initTriggerButton\"\n\t\t\tdata-wp-on--click=\"actions.showLightbox\"\n\t\t\tdata-wp-style--right=\"state.thisImage.buttonRight\"\n\t\t\tdata-wp-style--top=\"state.thisImage.buttonTop\"\n\t\t>\n\t\t\t<svg xmlns=\"http:\/\/www.w3.org\/2000\/svg\" width=\"12\" height=\"12\" fill=\"none\" viewBox=\"0 0 12 12\">\n\t\t\t\t<path fill=\"#fff\" d=\"M2 0a2 2 0 0 0-2 2v2h1.5V2a.5.5 0 0 1 .5-.5h2V0H2Zm2 10.5H2a.5.5 0 0 1-.5-.5V8H0v2a2 2 0 0 0 2 2h2v-1.5ZM8 12v-1.5h2a.5.5 0 0 0 .5-.5V8H12v2a2 2 0 0 1-2 2H8Zm2-12a2 2 0 0 1 2 2v2h-1.5V2a.5.5 0 0 0-.5-.5H8V0h2Z\" \/>\n\t\t\t<\/svg>\n\t\t<\/button><\/figure>\n\n\n\n<h2 class=\"wp-block-heading\"><span class=\"ez-toc-section\" id=\"Ou_manger\"><\/span>O\u00f9 manger<span class=\"ez-toc-section-end\"><\/span><\/h2>\n\n\n\n<p class=\"wp-block-paragraph\">Un avertissement pour tous ceux qui arrivent en tenue l\u00e9g\u00e8re : la cuisine autrichienne ne fait pas dans la demi-mesure c\u00f4t\u00e9 portions. Les <strong>K\u00e4sesp\u00e4tzle<\/strong> (de d\u00e9licieuses sp\u00e4tzle au fromage filant, parsem\u00e9es d&rsquo;oignons frits) sont exactement aussi fromag\u00e8res et copieuses que le nom le laisse deviner, et te rassasieront pour toute la journ\u00e9e. Et c\u00f4t\u00e9 dessert, les l\u00e9gendaires <strong>Salzburger Nockerl<\/strong> sont si grands qu&rsquo;ils t&rsquo;effraient presque avant la premi\u00e8re bouch\u00e9e (ils sont d&rsquo;ailleurs cuits en forme de trois sommets alpins). Le traditionnel Kaiserschmarrn, une cr\u00eape d\u00e9chir\u00e9e servie avec de la compote de pommes, ou le classique strudel aux pommes, sont aussi excellents.<\/p>\n\n\n\n<p class=\"wp-block-paragraph\">Les amateurs de viande recherchent quant \u00e0 eux couramment dans les restaurants locaux la gigantesque <strong>escalope viennoise (Wiener Schnitzel) avec sa salade de pommes de terre<\/strong> ou le traditionnel festin paysan Bauernschmaus, une assiette d\u00e9bordant de viandes r\u00f4ties et fum\u00e9es avec du chou et une quenelle. Toutes ces sp\u00e9cialit\u00e9s locales sont propos\u00e9es au c\u00e9l\u00e8bre restaurant <strong>B\u00e4renwirt<\/strong>, l&rsquo;une des plus anciennes auberges de la ville, o\u00f9 l&rsquo;on cuisine avec une honn\u00eatet\u00e9 incroyable.<\/p>\n\n\n\n<p class=\"wp-block-paragraph\">Si tu cherches une exp\u00e9rience exceptionnelle, essaie de r\u00e9server une table au <strong>St. Peter Stiftskulinarium<\/strong>. On dit que c&rsquo;est tout simplement le plus ancien restaurant en activit\u00e9 d&rsquo;Europe ; il si\u00e8ge directement dans des caves creus\u00e9es dans le rocher et son atmosph\u00e8re ancienne a un charme vraiment immense. Pour le caf\u00e9 de l&rsquo;apr\u00e8s-midi et le fameux g\u00e2teau, il faut te rendre au caf\u00e9 historique <strong>Cafe Tomaselli<\/strong>, sur la place Alter Markt, o\u00f9 Mozart lui-m\u00eame venait d\u00e9j\u00e0 prendre son caf\u00e9. Pour un d\u00eener classique avec une excellente bi\u00e8re locale et une superbe ambiance, je recommande le grand complexe <strong>Sternbr\u00e4u<\/strong>, qui propose un immense choix de plats et une agr\u00e9able terrasse ext\u00e9rieure.<\/p>\n\n\n\n<h2 class=\"wp-block-heading\"><span class=\"ez-toc-section\" id=\"Antiseche_rapide_les_lieux_de_tournage_a_Salzbourg_et_alentour\"><\/span>Antis\u00e8che rapide : les lieux de tournage \u00e0 Salzbourg et alentour<span class=\"ez-toc-section-end\"><\/span><\/h2>\n\n\n\n<p class=\"wp-block-paragraph\">Pour t&rsquo;y retrouver plus facilement dans tous ces lieux, j&rsquo;ai pr\u00e9par\u00e9 pour toi un tableau clair avec les principaux lieux de tournage.<\/p>\n\n\n\n<figure class=\"wp-block-table\"><table><thead><tr><th>Sc\u00e8ne ou chanson<\/th><th>Lieu r\u00e9el<\/th><th>O\u00f9 c&rsquo;est<\/th><th>Accessibilit\u00e9<\/th><\/tr><\/thead>\n<tbody><tr><td>Chanson Do-R\u00e9-Mi (final)<\/td><td>Jardins Mirabell<\/td><td>Centre, pr\u00e8s de la rivi\u00e8re<\/td><td>Gratuit, acc\u00e8s public<\/td><\/tr>\n<tr><td>Maria quitte le couvent<\/td><td>Couvent de Nonnberg<\/td><td>Sur le rocher au-dessus de la vieille ville<\/td><td>Cour et chapelle gratuites, le reste ferm\u00e9<\/td><\/tr>\n<tr><td>Sixteen Going on Seventeen<\/td><td>Pavillon de verre<\/td><td>Parc du ch\u00e2teau de Hellbrunn<\/td><td>Parc gratuit, pavillon verrouill\u00e9<\/td><\/tr>\n<tr><td>Les enfants tombent de la barque<\/td><td>Schloss Leopoldskron<\/td><td>P\u00e9riph\u00e9rie sud de Salzbourg<\/td><td>Acc\u00e8s r\u00e9serv\u00e9 aux clients de l&rsquo;h\u00f4tel<\/td><\/tr>\n<tr><td>Arriv\u00e9e \u00e0 la villa (portail)<\/td><td>Schloss Frohnburg<\/td><td>Pr\u00e8s de la Hellbrunner Allee<\/td><td>Inaccessible (universit\u00e9 de musique)<\/td><\/tr>\n<tr><td>Refuge avant la fuite<\/td><td>Felsenreitschule<\/td><td>Centre-ville<\/td><td>Visites guid\u00e9es avec un guide<\/td><\/tr>\n<tr><td>Chanson I Have Confidence<\/td><td>Residenzplatz et fontaine<\/td><td>C\u0153ur de la vieille ville<\/td><td>Gratuit, acc\u00e8s public<\/td><\/tr>\n<tr><td>C\u00e9r\u00e9monie du mariage<\/td><td>Basilique Saint-Michel<\/td><td>Ville de Mondsee (30 km)<\/td><td>Gratuit, acc\u00e8s public<\/td><\/tr>\n<tr><td>Chanson d&rsquo;ouverture sur la prairie<\/td><td>The Sound of Music Trail<\/td><td>Ville de Werfen (40 km)<\/td><td>Gratuit le long du sentier<\/td><\/tr>\n<\/tbody><\/table><\/figure>\n\n\n\n<h2 class=\"wp-block-heading\"><span class=\"ez-toc-section\" id=\"Ou_aller_ensuite\"><\/span>O\u00f9 aller ensuite<span class=\"ez-toc-section-end\"><\/span><\/h2>\n\n\n\n<p class=\"wp-block-paragraph\">Si les paysages autrichiens t&rsquo;ont enthousiasm\u00e9, tu n&rsquo;es surtout pas oblig\u00e9 de rester seulement \u00e0 Salzbourg. Toute la r\u00e9gion du Salzkammergut, dont Salzbourg constitue la porte d&rsquo;entr\u00e9e symbolique, offre une infinit\u00e9 de superbes excursions. Les <a href=\"https:\/\/loudavymkrokem.cz\/fr\/lacs-autrichiens\/\">lacs autrichiens<\/a> aux eaux cristallines ne sont qu&rsquo;\u00e0 quelques dizaines de minutes en voiture et offrent une fra\u00eecheur estivale parfaite ainsi que des panoramas de montagne \u00e0 couper le souffle.<\/p>\n\n\n\n<p class=\"wp-block-paragraph\">Si tu pr\u00e9vois des vacances plus longues et que tu veux vraiment d\u00e9couvrir le pays en profondeur, jette un \u0153il \u00e0 notre <a href=\"https:\/\/loudavymkrokem.cz\/fr\/road-trip-autriche-itineraire-14-jours\/\">road trip en Autriche : itin\u00e9raire de 14 jours<\/a>, qui te m\u00e8ne de Vienne aux Alpes en passant par les plus beaux cols de montagne. L&rsquo;Autriche est en somme un pays qui offre bien plus que ce que la plupart des gens imaginent avant de partir.<\/p>\n\n\n\n\n<p class=\"wp-block-paragraph\">Cet article se concentre sur les lieux de tournage. Si tu cherches un guide classique de la ville avec la forteresse, la maison natale de Mozart, la cath\u00e9drale et des id\u00e9es d&rsquo;excursions dans les environs, va voir <a href=\"https:\/\/loudavymkrokem.cz\/fr\/salzbourg-autriche\/\">Salzbourg : 23 choses \u00e0 voir<\/a>.<\/p>\n\n\n\n<h2 class=\"wp-block-heading\"><span class=\"ez-toc-section\" id=\"Questions_frequentes\"><\/span>Questions fr\u00e9quentes<span class=\"ez-toc-section-end\"><\/span><\/h2>\n\n\n\n<p class=\"wp-block-paragraph\">Lors de la pr\u00e9paration d&rsquo;un tel voyage, une foule de questions pratiques surgit toujours. J&rsquo;ai donc pr\u00e9par\u00e9 pour toi des r\u00e9ponses rapides aux questions les plus fr\u00e9quentes, qu&rsquo;il s&rsquo;agisse de l&rsquo;acc\u00e8s aux monuments ou des d\u00e9placements dans les environs.<\/p>\n\n\n<div id=\"rank-math-faq\" class=\"rank-math-block\">\n<div class=\"rank-math-list \">\n<div id=\"faq-question-1785261183000\" class=\"rank-math-list-item\">\n<h3 class=\"rank-math-question \"><span class=\"ez-toc-section\" id=\"Peut-on_entrer_dans_le_celebre_pavillon_du_film\"><\/span>Peut-on entrer dans le c\u00e9l\u00e8bre pavillon du film ?<span class=\"ez-toc-section-end\"><\/span><\/h3>\n<div class=\"rank-math-answer \">\n\n<p>Malheureusement, ce n&rsquo;est plus possible. Pour des raisons de s\u00e9curit\u00e9, la ville a ferm\u00e9 le pavillon \u00e0 cl\u00e9 de mani\u00e8re permanente, car une touriste s&rsquo;y est bless\u00e9e en essayant de reproduire les chor\u00e9graphies du film. Vous pouvez cependant l&rsquo;admirer de pr\u00e8s et le photographier dans le parc du ch\u00e2teau de Hellbrunn.<\/p>\n\n<\/div>\n<\/div>\n<div id=\"faq-question-1785261183001\" class=\"rank-math-list-item\">\n<h3 class=\"rank-math-question \"><span class=\"ez-toc-section\" id=\"Ou_se_trouvait_la_vraie_villa_de_la_famille_von_Trapp\"><\/span>O\u00f9 se trouvait la vraie villa de la famille von Trapp ?<span class=\"ez-toc-section-end\"><\/span><\/h3>\n<div class=\"rank-math-answer \">\n\n<p>La v\u00e9ritable Villa Trapp se trouve dans le quartier d&rsquo;Aigen (Traunstra\u00dfe 34). Elle fonctionne aujourd&rsquo;hui comme un magnifique h\u00f4tel boutique, o\u00f9 vous pouvez r\u00e9server un s\u00e9jour et dormir directement dans les chambres d&rsquo;origine de la famille, y compris dans l&rsquo;appartement de Maria.<\/p>\n\n<\/div>\n<\/div>\n<div id=\"faq-question-1785261183002\" class=\"rank-math-list-item\">\n<h3 class=\"rank-math-question \"><span class=\"ez-toc-section\" id=\"Combien_coute_une_visite_organisee_Sound_of_Music\"><\/span>Combien co\u00fbte une visite organis\u00e9e Sound of Music ?<span class=\"ez-toc-section-end\"><\/span><\/h3>\n<div class=\"rank-math-answer \">\n\n<p>La visite classique en bus, qui vous emm\u00e8ne sur les principaux lieux de tournage \u00e0 Salzbourg et dans la r\u00e9gion des lacs, dure environ quatre heures. Le prix commence \u00e0 partir de 87 dollars am\u00e9ricains, soit environ 80 \u20ac par personne.<\/p>\n\n<\/div>\n<\/div>\n<div id=\"faq-question-1785261183003\" class=\"rank-math-list-item\">\n<h3 class=\"rank-math-question \"><span class=\"ez-toc-section\" id=\"Ai-je_besoin_dune_vignette_autoroutiere_pour_lAutriche\"><\/span>Ai-je besoin d&rsquo;une vignette autorouti\u00e8re pour l&rsquo;Autriche ?<span class=\"ez-toc-section-end\"><\/span><\/h3>\n<div class=\"rank-math-answer \">\n\n<p>Oui, la vignette autorouti\u00e8re autrichienne est absolument obligatoire pour circuler sur les autoroutes. Si vous pr\u00e9voyez de voyager depuis la France, n&rsquo;oubliez pas de l&rsquo;acheter id\u00e9alement \u00e0 l&rsquo;avance en ligne sur le site officiel d&rsquo;ASFINAG.<\/p>\n\n<\/div>\n<\/div>\n<div id=\"faq-question-1785261183004\" class=\"rank-math-list-item\">\n<h3 class=\"rank-math-question \"><span class=\"ez-toc-section\" id=\"Le_couvent_de_Nonnberg_est-il_une_attraction_touristique_ordinaire\"><\/span>Le couvent de Nonnberg est-il une attraction touristique ordinaire ?<span class=\"ez-toc-section-end\"><\/span><\/h3>\n<div class=\"rank-math-answer \">\n\n<p>Non, il s&rsquo;agit d&rsquo;un couvent b\u00e9n\u00e9dictin toujours en activit\u00e9. Seules la cour ext\u00e9rieure pittoresque et la chapelle historique sont librement accessibles. Lors de la visite, un comportement silencieux et une tenue vestimentaire appropri\u00e9e couvrant les \u00e9paules sont strictement exig\u00e9s.<\/p>\n\n<\/div>\n<\/div>\n<div id=\"faq-question-1785261183005\" class=\"rank-math-list-item\">\n<h3 class=\"rank-math-question \"><span class=\"ez-toc-section\" id=\"Puis-je_visiter_le_chateau_de_Leopoldskron\"><\/span>Puis-je visiter le ch\u00e2teau de Leopoldskron ?<span class=\"ez-toc-section-end\"><\/span><\/h3>\n<div class=\"rank-math-answer \">\n\n<p>Le ch\u00e2teau et son jardin sont ferm\u00e9s au grand public. \u00c0 l&rsquo;int\u00e9rieur fonctionne un h\u00f4tel de luxe priv\u00e9 et un centre de conf\u00e9rences. Pour entrer et voir la c\u00e9l\u00e8bre terrasse au bord du lac, vous devez y r\u00e9server un h\u00e9bergement ou participer \u00e0 un \u00e9v\u00e9nement payant.<\/p>\n\n<\/div>\n<\/div>\n<div id=\"faq-question-1785261183006\" class=\"rank-math-list-item\">\n<h3 class=\"rank-math-question \"><span class=\"ez-toc-section\" id=\"Ou_la_famille_sest-elle_reellement_enfuie\"><\/span>O\u00f9 la famille s&rsquo;est-elle r\u00e9ellement enfuie ?<span class=\"ez-toc-section-end\"><\/span><\/h3>\n<div class=\"rank-math-answer \">\n\n<p>Contrairement au film, ils ne se sont pas \u00e9chapp\u00e9s de mani\u00e8re dramatique \u00e0 pied \u00e0 travers les hautes montagnes, car cela les aurait men\u00e9s directement en Allemagne nazie. La vraie famille a simplement ferm\u00e9 la maison \u00e0 cl\u00e9, s&rsquo;est rendue \u00e0 l&rsquo;arr\u00eat d&rsquo;Aigen et a pris le train en direction de l&rsquo;Italie.<\/p>\n\n<\/div>\n<\/div>\n<div id=\"faq-question-1785261183007\" class=\"rank-math-list-item\">\n<h3 class=\"rank-math-question \"><span class=\"ez-toc-section\" id=\"Quelle_est_la_meilleure_periode_pour_visiter_Salzbourg\"><\/span>Quelle est la meilleure p\u00e9riode pour visiter Salzbourg ?<span class=\"ez-toc-section-end\"><\/span><\/h3>\n<div class=\"rank-math-answer \">\n\n<p>Pour visiter les lieux de tournage et les jardins, la p\u00e9riode id\u00e9ale s&rsquo;\u00e9tend de mai \u00e0 septembre. La p\u00e9riode de l&rsquo;Avent est \u00e9galement tr\u00e8s populaire gr\u00e2ce aux magnifiques march\u00e9s de No\u00ebl. \u00c9vitez en revanche juillet et ao\u00fbt, quand la ville accueille un immense festival et que les prix de l&rsquo;h\u00e9bergement sont extr\u00eamement \u00e9lev\u00e9s.<\/p>\n\n<\/div>\n<\/div>\n<\/div>\n<\/div>","protected":false},"excerpt":{"rendered":"<p>Pars avec nous \u00e0 Salzbourg, en Autriche, sur les traces de La M\u00e9lodie du bonheur et d\u00e9couvre les lieux o\u00f9 s&rsquo;arr\u00eate l&rsquo;illusion du cin\u00e9ma et o\u00f9 commence une r\u00e9alit\u00e9 fascinante.<\/p>\n","protected":false},"author":3,"featured_media":350851,"comment_status":"open","ping_status":"open","sticky":false,"template":"","format":"standard","meta":{"_acf_changed":false,"footnotes":"","rank_math_title":"Salzbourg (Autriche) : 11 lieux du film culte 2026","rank_math_description":"D\u00e9couvre 11 lieux de tournage de La M\u00e9lodie du bonheur \u00e0 Salzbourg, en Autriche : jardins, ch\u00e2teaux et vraie villa des von Trapp. Pr\u00e9pare ton voyage d\u00e8s maintenant !","rank_math_focus_keyword":"salzbourg autriche","rank_math_seo_score":""},"categories":[566,558,650],"tags":[],"class_list":["post-409241","post","type-post","status-publish","format-standard","has-post-thumbnail","category-autriche","category-europe","category-voyages"],"acf":[],"featured_image_src":"https:\/\/loudavymkrokem.cz\/wp-content\/uploads\/2026\/07\/pevnost-1.jpg","author_info":{"display_name":"Lucie Kone\u010dn\u00e1","author_link":"https:\/\/loudavymkrokem.cz\/fr\/author\/lucie-konecna\/"},"_links":{"self":[{"href":"https:\/\/loudavymkrokem.cz\/fr\/wp-json\/wp\/v2\/posts\/409241","targetHints":{"allow":["GET"]}}],"collection":[{"href":"https:\/\/loudavymkrokem.cz\/fr\/wp-json\/wp\/v2\/posts"}],"about":[{"href":"https:\/\/loudavymkrokem.cz\/fr\/wp-json\/wp\/v2\/types\/post"}],"author":[{"embeddable":true,"href":"https:\/\/loudavymkrokem.cz\/fr\/wp-json\/wp\/v2\/users\/3"}],"replies":[{"embeddable":true,"href":"https:\/\/loudavymkrokem.cz\/fr\/wp-json\/wp\/v2\/comments?post=409241"}],"version-history":[{"count":0,"href":"https:\/\/loudavymkrokem.cz\/fr\/wp-json\/wp\/v2\/posts\/409241\/revisions"}],"wp:featuredmedia":[{"embeddable":true,"href":"https:\/\/loudavymkrokem.cz\/fr\/wp-json\/wp\/v2\/media\/350851"}],"wp:attachment":[{"href":"https:\/\/loudavymkrokem.cz\/fr\/wp-json\/wp\/v2\/media?parent=409241"}],"wp:term":[{"taxonomy":"category","embeddable":true,"href":"https:\/\/loudavymkrokem.cz\/fr\/wp-json\/wp\/v2\/categories?post=409241"},{"taxonomy":"post_tag","embeddable":true,"href":"https:\/\/loudavymkrokem.cz\/fr\/wp-json\/wp\/v2\/tags?post=409241"}],"curies":[{"name":"wp","href":"https:\/\/api.w.org\/{rel}","templated":true}]}}