{"id":409238,"date":"2026-08-27T11:40:20","date_gmt":"2026-08-27T09:40:20","guid":{"rendered":"https:\/\/loudavymkrokem.cz\/olomouc-republique-tcheque-enfants\/"},"modified":"2026-08-31T08:50:21","modified_gmt":"2026-08-31T06:50:21","slug":"olomouc-republique-tcheque-enfants","status":"publish","type":"post","link":"https:\/\/loudavymkrokem.cz\/fr\/olomouc-republique-tcheque-enfants\/","title":{"rendered":"Olomouc avec des enfants : 34 id\u00e9es de sorties en 2026"},"content":{"rendered":"\n<p class=\"wp-block-paragraph\"><strong>Olomouc, en R\u00e9publique tch\u00e8que, avec des enfants<\/strong> peut, au premier abord, sembler \u00eatre un plan un peu risqu\u00e9. D\u00e8s qu&rsquo;on \u00e9voque la deuxi\u00e8me plus grande r\u00e9serve urbaine class\u00e9e de Tch\u00e9quie, beaucoup de parents imaginent aussit\u00f4t des enfants qui s&rsquo;ennuient, tra\u00eenent les pieds sur les pav\u00e9s et demandent toutes les cinq minutes quand ils iront enfin au parc de jeux. Mais Olomouc trompe son monde. C&rsquo;est une ville incroyablement compacte, o\u00f9 tout l&rsquo;essentiel se trouve \u00e0 distance de marche, o\u00f9 le centre historique fonctionne comme une vaste zone pi\u00e9tonne et, surtout, qui propose tant d&rsquo;activit\u00e9s interactives que tu ne sauras plus o\u00f9 donner de la t\u00eate. Alors si tu te demandes <strong>o\u00f9 aller avec tes enfants \u00e0 Olomouc<\/strong>, pr\u00e9pare-toi : un seul week-end risque bien de ne pas suffire.<\/p>\n\n\n\n<p class=\"wp-block-paragraph\">Notre famille a compl\u00e8tement craqu\u00e9 pour cette ville, car du point de vue d&rsquo;un parent, c&rsquo;est tout simplement une destination id\u00e9ale. Pas besoin de se d\u00e9placer sans cesse dans des transports bond\u00e9s, la manipulation d&rsquo;une poussette y est \u00e9tonnamment facile et la culture des caf\u00e9s locaux est r\u00e9put\u00e9e. J&rsquo;ai donc rassembl\u00e9 mes id\u00e9es pour visiter <strong>Olomouc avec des enfants<\/strong> par tous les temps : quoi faire dehors quand le soleil brille, o\u00f9 se r\u00e9fugier quand il commence \u00e0 pleuvoir, et o\u00f9 aller si tu as encore une journ\u00e9e en rab.<\/p>\n\n\n\n<p class=\"wp-block-paragraph\">Que tu voyages avec un tout-petit qui a surtout besoin d&rsquo;un espace s\u00fbr pour courir, ou avec un \u00e9colier plus grand qui pr\u00e9f\u00e8re l&rsquo;adr\u00e9naline et les exp\u00e9riences scientifiques, chacun y trouvera son compte. Tu d\u00e9couvriras ici les meilleures attractions, les aires de jeux couvertes les plus appr\u00e9ci\u00e9es, un zoo sur la colline dominant la ville, et des adresses o\u00f9 manger en famille sans stress.<\/p>\n\n\n\n<figure data-wp-context=\"{&quot;imageId&quot;:&quot;6a9540806fef2&quot;}\" data-wp-interactive=\"core\/image\" data-wp-key=\"6a9540806fef2\" class=\"wp-block-image size-full wp-lightbox-container\"><img decoding=\"async\" width=\"1650\" height=\"2200\" data-wp-class--hide=\"state.isContentHidden\" data-wp-class--show=\"state.isContentVisible\" data-wp-init=\"callbacks.setButtonStyles\" data-wp-on--click=\"actions.showLightbox\" data-wp-on--load=\"callbacks.setButtonStyles\" data-wp-on--pointerdown=\"actions.preloadImage\" data-wp-on--pointerenter=\"actions.preloadImageWithDelay\" data-wp-on--pointerleave=\"actions.cancelPreload\" data-wp-on-window--resize=\"callbacks.setButtonStyles\" src=\"https:\/\/loudavymkrokem.cz\/wp-content\/uploads\/2026\/08\/olomouc-s-detmi-hernicka-drevene-hracky.jpg\" alt=\"Aire de jeux pour enfants dans le centre d&#039;Olomouc avec des jouets en bois et une maisonnette\" class=\"wp-image-401018\" title=\"\" srcset=\"https:\/\/loudavymkrokem.cz\/wp-content\/uploads\/2026\/08\/olomouc-s-detmi-hernicka-drevene-hracky.jpg 1650w, https:\/\/loudavymkrokem.cz\/wp-content\/uploads\/2026\/08\/olomouc-s-detmi-hernicka-drevene-hracky-225x300.jpg 225w, https:\/\/loudavymkrokem.cz\/wp-content\/uploads\/2026\/08\/olomouc-s-detmi-hernicka-drevene-hracky-700x933.jpg 700w, https:\/\/loudavymkrokem.cz\/wp-content\/uploads\/2026\/08\/olomouc-s-detmi-hernicka-drevene-hracky-768x1024.jpg 768w, https:\/\/loudavymkrokem.cz\/wp-content\/uploads\/2026\/08\/olomouc-s-detmi-hernicka-drevene-hracky-1152x1536.jpg 1152w, https:\/\/loudavymkrokem.cz\/wp-content\/uploads\/2026\/08\/olomouc-s-detmi-hernicka-drevene-hracky-1536x2048.jpg 1536w, https:\/\/loudavymkrokem.cz\/wp-content\/uploads\/2026\/08\/olomouc-s-detmi-hernicka-drevene-hracky-696x928.jpg 696w, https:\/\/loudavymkrokem.cz\/wp-content\/uploads\/2026\/08\/olomouc-s-detmi-hernicka-drevene-hracky-1392x1856.jpg 1392w\" sizes=\"(max-width: 1650px) 100vw, 1650px\" \/><button\n\t\t\tclass=\"lightbox-trigger\"\n\t\t\ttype=\"button\"\n\t\t\taria-haspopup=\"dialog\"\n\t\t\tdata-wp-bind--aria-label=\"state.thisImage.triggerButtonAriaLabel\"\n\t\t\tdata-wp-init=\"callbacks.initTriggerButton\"\n\t\t\tdata-wp-on--click=\"actions.showLightbox\"\n\t\t\tdata-wp-style--right=\"state.thisImage.buttonRight\"\n\t\t\tdata-wp-style--top=\"state.thisImage.buttonTop\"\n\t\t>\n\t\t\t<svg xmlns=\"http:\/\/www.w3.org\/2000\/svg\" width=\"12\" height=\"12\" fill=\"none\" viewBox=\"0 0 12 12\">\n\t\t\t\t<path fill=\"#fff\" d=\"M2 0a2 2 0 0 0-2 2v2h1.5V2a.5.5 0 0 1 .5-.5h2V0H2Zm2 10.5H2a.5.5 0 0 1-.5-.5V8H0v2a2 2 0 0 0 2 2h2v-1.5ZM8 12v-1.5h2a.5.5 0 0 0 .5-.5V8H12v2a2 2 0 0 1-2 2H8Zm2-12a2 2 0 0 1 2 2v2h-1.5V2a.5.5 0 0 0-.5-.5H8V0h2Z\" \/>\n\t\t\t<\/svg>\n\t\t<\/button><figcaption class=\"wp-element-caption\">Les aires de jeux couvertes du centre d&rsquo;Olomouc sauvent chaque journ\u00e9e pluvieuse<\/figcaption><\/figure>\n\n\n\n<div id=\"ez-toc-container\" class=\"ez-toc-v2_0_86 ez-toc-wrap-left counter-hierarchy ez-toc-counter ez-toc-grey ez-toc-container-direction\">\n<div class=\"ez-toc-title-container\">\n<p class=\"ez-toc-title\" style=\"cursor:inherit\">Contenu de l&#039;article<\/p>\n<span class=\"ez-toc-title-toggle\"><a href=\"#\" class=\"ez-toc-pull-right ez-toc-btn ez-toc-btn-xs ez-toc-btn-default ez-toc-toggle\" aria-label=\"Toggle Table of Content\"><span class=\"ez-toc-js-icon-con\"><span class=\"\"><span class=\"eztoc-hide\" style=\"display:none;\">Toggle<\/span><span class=\"ez-toc-icon-toggle-span\"><svg style=\"fill: #999;color:#999\" xmlns=\"http:\/\/www.w3.org\/2000\/svg\" class=\"list-377408\" width=\"20px\" height=\"20px\" viewBox=\"0 0 24 24\" fill=\"none\"><path d=\"M6 6H4v2h2V6zm14 0H8v2h12V6zM4 11h2v2H4v-2zm16 0H8v2h12v-2zM4 16h2v2H4v-2zm16 0H8v2h12v-2z\" fill=\"currentColor\"><\/path><\/svg><svg style=\"fill: #999;color:#999\" class=\"arrow-unsorted-368013\" xmlns=\"http:\/\/www.w3.org\/2000\/svg\" width=\"10px\" height=\"10px\" viewBox=\"0 0 24 24\" version=\"1.2\" baseProfile=\"tiny\"><path d=\"M18.2 9.3l-6.2-6.3-6.2 6.3c-.2.2-.3.4-.3.7s.1.5.3.7c.2.2.4.3.7.3h11c.3 0 .5-.1.7-.3.2-.2.3-.5.3-.7s-.1-.5-.3-.7zM5.8 14.7l6.2 6.3 6.2-6.3c.2-.2.3-.5.3-.7s-.1-.5-.3-.7c-.2-.2-.4-.3-.7-.3h-11c-.3 0-.5.1-.7.3-.2.2-.3.5-.3.7s.1.5.3.7z\"\/><\/svg><\/span><\/span><\/span><\/a><\/span><\/div>\n<nav><ul class='ez-toc-list ez-toc-list-level-1 ' ><ul class='ez-toc-list-level-3' ><li class='ez-toc-heading-level-3'><a class=\"ez-toc-link ez-toc-heading-1\" href=\"https:\/\/loudavymkrokem.cz\/fr\/olomouc-republique-tcheque-enfants\/#Resume_Olomouc_avec_des_enfants_en_bref\" >R\u00e9sum\u00e9 : Olomouc avec des enfants en bref<\/a><\/li><\/ul><\/li><li class='ez-toc-page-1 ez-toc-heading-level-2'><a class=\"ez-toc-link ez-toc-heading-2\" href=\"https:\/\/loudavymkrokem.cz\/fr\/olomouc-republique-tcheque-enfants\/#Quand_partir_a_Olomouc_avec_des_enfants\" >Quand partir \u00e0 Olomouc avec des enfants<\/a><\/li><li class='ez-toc-page-1 ez-toc-heading-level-2'><a class=\"ez-toc-link ez-toc-heading-3\" href=\"https:\/\/loudavymkrokem.cz\/fr\/olomouc-republique-tcheque-enfants\/#Ou_loger_a_Olomouc_avec_des_enfants\" >O\u00f9 loger \u00e0 Olomouc avec des enfants<\/a><\/li><li class='ez-toc-page-1 ez-toc-heading-level-2'><a class=\"ez-toc-link ez-toc-heading-4\" href=\"https:\/\/loudavymkrokem.cz\/fr\/olomouc-republique-tcheque-enfants\/#Que_faire_dehors_a_Olomouc_avec_des_enfants\" >Que faire dehors \u00e0 Olomouc avec des enfants<\/a><ul class='ez-toc-list-level-3' ><li class='ez-toc-heading-level-3'><a class=\"ez-toc-link ez-toc-heading-5\" href=\"https:\/\/loudavymkrokem.cz\/fr\/olomouc-republique-tcheque-enfants\/#1_Lhorloge_astronomique_dOlomouc\" >1. L&rsquo;horloge astronomique d&rsquo;Olomouc<\/a><\/li><li class='ez-toc-page-1 ez-toc-heading-level-3'><a class=\"ez-toc-link ez-toc-heading-6\" href=\"https:\/\/loudavymkrokem.cz\/fr\/olomouc-republique-tcheque-enfants\/#2_La_colonne_de_la_Sainte-Trinite\" >2. La colonne de la Sainte-Trinit\u00e9<\/a><\/li><li class='ez-toc-page-1 ez-toc-heading-level-3'><a class=\"ez-toc-link ez-toc-heading-7\" href=\"https:\/\/loudavymkrokem.cz\/fr\/olomouc-republique-tcheque-enfants\/#3_La_chasse_aux_fontaines_baroques\" >3. La chasse aux fontaines baroques<\/a><\/li><li class='ez-toc-page-1 ez-toc-heading-level-3'><a class=\"ez-toc-link ez-toc-heading-8\" href=\"https:\/\/loudavymkrokem.cz\/fr\/olomouc-republique-tcheque-enfants\/#4_La_tour_de_lhotel_de_ville\" >4. La tour de l&rsquo;h\u00f4tel de ville<\/a><\/li><li class='ez-toc-page-1 ez-toc-heading-level-3'><a class=\"ez-toc-link ez-toc-heading-9\" href=\"https:\/\/loudavymkrokem.cz\/fr\/olomouc-republique-tcheque-enfants\/#5_Leglise_Saint-Maurice_et_la_montee_a_la_tour\" >5. L&rsquo;\u00e9glise Saint-Maurice et la mont\u00e9e \u00e0 la tour<\/a><\/li><li class='ez-toc-page-1 ez-toc-heading-level-3'><a class=\"ez-toc-link ez-toc-heading-10\" href=\"https:\/\/loudavymkrokem.cz\/fr\/olomouc-republique-tcheque-enfants\/#6_Les_jardins_Smetana\" >6. Les jardins Smetana<\/a><\/li><li class='ez-toc-page-1 ez-toc-heading-level-3'><a class=\"ez-toc-link ez-toc-heading-11\" href=\"https:\/\/loudavymkrokem.cz\/fr\/olomouc-republique-tcheque-enfants\/#7_Les_jardins_Bezruc_et_les_remparts\" >7. Les jardins Bezru\u010d et les remparts<\/a><\/li><li class='ez-toc-page-1 ez-toc-heading-level-3'><a class=\"ez-toc-link ez-toc-heading-12\" href=\"https:\/\/loudavymkrokem.cz\/fr\/olomouc-republique-tcheque-enfants\/#8_La_Roseraie\" >8. La Roseraie<\/a><\/li><li class='ez-toc-page-1 ez-toc-heading-level-3'><a class=\"ez-toc-link ez-toc-heading-13\" href=\"https:\/\/loudavymkrokem.cz\/fr\/olomouc-republique-tcheque-enfants\/#9_Le_Fortin_de_la_Couronne\" >9. Le Fortin de la Couronne<\/a><\/li><li class='ez-toc-page-1 ez-toc-heading-level-3'><a class=\"ez-toc-link ez-toc-heading-14\" href=\"https:\/\/loudavymkrokem.cz\/fr\/olomouc-republique-tcheque-enfants\/#10_Les_fresques_et_le_street_art_dans_les_passages\" >10. Les fresques et le street art dans les passages<\/a><\/li><\/ul><\/li><li class='ez-toc-page-1 ez-toc-heading-level-2'><a class=\"ez-toc-link ez-toc-heading-15\" href=\"https:\/\/loudavymkrokem.cz\/fr\/olomouc-republique-tcheque-enfants\/#Quand_il_pleut_aires_de_jeux_musees_et_centres_de_loisirs\" >Quand il pleut : aires de jeux, mus\u00e9es et centres de loisirs<\/a><ul class='ez-toc-list-level-3' ><li class='ez-toc-heading-level-3'><a class=\"ez-toc-link ez-toc-heading-16\" href=\"https:\/\/loudavymkrokem.cz\/fr\/olomouc-republique-tcheque-enfants\/#11_La_Forteresse_de_la_Connaissance\" >11. La Forteresse de la Connaissance<\/a><\/li><li class='ez-toc-page-1 ez-toc-heading-level-3'><a class=\"ez-toc-link ez-toc-heading-17\" href=\"https:\/\/loudavymkrokem.cz\/fr\/olomouc-republique-tcheque-enfants\/#12_JaSam\" >12. J\u00e1S\u00e1m<\/a><\/li><li class='ez-toc-page-1 ez-toc-heading-level-3'><a class=\"ez-toc-link ez-toc-heading-18\" href=\"https:\/\/loudavymkrokem.cz\/fr\/olomouc-republique-tcheque-enfants\/#13_V_lese\" >13. V lese<\/a><\/li><li class='ez-toc-page-1 ez-toc-heading-level-3'><a class=\"ez-toc-link ez-toc-heading-19\" href=\"https:\/\/loudavymkrokem.cz\/fr\/olomouc-republique-tcheque-enfants\/#14_Clovickov\" >14. \u010clov\u00ed\u010dkov<\/a><\/li><li class='ez-toc-page-1 ez-toc-heading-level-3'><a class=\"ez-toc-link ez-toc-heading-20\" href=\"https:\/\/loudavymkrokem.cz\/fr\/olomouc-republique-tcheque-enfants\/#15_Snoezelen_Olomouc\" >15. Snoezelen Olomouc<\/a><\/li><li class='ez-toc-page-1 ez-toc-heading-level-3'><a class=\"ez-toc-link ez-toc-heading-21\" href=\"https:\/\/loudavymkrokem.cz\/fr\/olomouc-republique-tcheque-enfants\/#16_Le_parc_de_loisirs_familial_Krokodylek\" >16. Le parc de loisirs familial Krokod\u00fdlek<\/a><\/li><li class='ez-toc-page-1 ez-toc-heading-level-3'><a class=\"ez-toc-link ez-toc-heading-22\" href=\"https:\/\/loudavymkrokem.cz\/fr\/olomouc-republique-tcheque-enfants\/#17_Amazonie_Olomouc\" >17. Amazonie Olomouc<\/a><\/li><li class='ez-toc-page-1 ez-toc-heading-level-3'><a class=\"ez-toc-link ez-toc-heading-23\" href=\"https:\/\/loudavymkrokem.cz\/fr\/olomouc-republique-tcheque-enfants\/#18_Le_parc_daccrobranche_PROUD\" >18. Le parc d&rsquo;accrobranche PROUD<\/a><\/li><li class='ez-toc-page-1 ez-toc-heading-level-3'><a class=\"ez-toc-link ez-toc-heading-24\" href=\"https:\/\/loudavymkrokem.cz\/fr\/olomouc-republique-tcheque-enfants\/#19_Le_musee_regional_dOlomouc\" >19. Le mus\u00e9e r\u00e9gional d&rsquo;Olomouc<\/a><\/li><li class='ez-toc-page-1 ez-toc-heading-level-3'><a class=\"ez-toc-link ez-toc-heading-25\" href=\"https:\/\/loudavymkrokem.cz\/fr\/olomouc-republique-tcheque-enfants\/#20_La_Maison_hantee\" >20. La Maison hant\u00e9e<\/a><\/li><\/ul><\/li><li class='ez-toc-page-1 ez-toc-heading-level-2'><a class=\"ez-toc-link ez-toc-heading-26\" href=\"https:\/\/loudavymkrokem.cz\/fr\/olomouc-republique-tcheque-enfants\/#Eau_sport_et_defoulement\" >Eau, sport et d\u00e9foulement<\/a><ul class='ez-toc-list-level-3' ><li class='ez-toc-heading-level-3'><a class=\"ez-toc-link ez-toc-heading-27\" href=\"https:\/\/loudavymkrokem.cz\/fr\/olomouc-republique-tcheque-enfants\/#21_LAquapark_dOlomouc\" >21. L&rsquo;Aquapark d&rsquo;Olomouc<\/a><\/li><li class='ez-toc-page-1 ez-toc-heading-level-3'><a class=\"ez-toc-link ez-toc-heading-28\" href=\"https:\/\/loudavymkrokem.cz\/fr\/olomouc-republique-tcheque-enfants\/#22_Le_Centre_Semafor\" >22. Le Centre Semafor<\/a><\/li><li class='ez-toc-page-1 ez-toc-heading-level-3'><a class=\"ez-toc-link ez-toc-heading-29\" href=\"https:\/\/loudavymkrokem.cz\/fr\/olomouc-republique-tcheque-enfants\/#23_Le_parc_aventure_Veverak\" >23. Le parc aventure Vever\u00e1k<\/a><\/li><li class='ez-toc-page-1 ez-toc-heading-level-3'><a class=\"ez-toc-link ez-toc-heading-30\" href=\"https:\/\/loudavymkrokem.cz\/fr\/olomouc-republique-tcheque-enfants\/#24_Les_aires_de_jeux_dans_les_parcs\" >24. Les aires de jeux dans les parcs<\/a><\/li><\/ul><\/li><li class='ez-toc-page-1 ez-toc-heading-level-2'><a class=\"ez-toc-link ez-toc-heading-31\" href=\"https:\/\/loudavymkrokem.cz\/fr\/olomouc-republique-tcheque-enfants\/#Svaty_Kopecek_le_zoo_et_une_journee_entiere_au-dessus_de_la_ville\" >Svat\u00fd Kope\u010dek : le zoo et une journ\u00e9e enti\u00e8re au-dessus de la ville<\/a><ul class='ez-toc-list-level-3' ><li class='ez-toc-heading-level-3'><a class=\"ez-toc-link ez-toc-heading-32\" href=\"https:\/\/loudavymkrokem.cz\/fr\/olomouc-republique-tcheque-enfants\/#25_Le_zoo_dOlomouc_a_Svaty_Kopecek\" >25. Le zoo d&rsquo;Olomouc \u00e0 Svat\u00fd Kope\u010dek<\/a><\/li><li class='ez-toc-page-1 ez-toc-heading-level-3'><a class=\"ez-toc-link ez-toc-heading-33\" href=\"https:\/\/loudavymkrokem.cz\/fr\/olomouc-republique-tcheque-enfants\/#26_La_tour_panoramique_du_zoo\" >26. La tour panoramique du zoo<\/a><\/li><li class='ez-toc-page-1 ez-toc-heading-level-3'><a class=\"ez-toc-link ez-toc-heading-34\" href=\"https:\/\/loudavymkrokem.cz\/fr\/olomouc-republique-tcheque-enfants\/#27_La_basilique_de_la_Visitation_de_la_Vierge_Marie\" >27. La basilique de la Visitation de la Vierge Marie<\/a><\/li><\/ul><\/li><li class='ez-toc-page-1 ez-toc-heading-level-2'><a class=\"ez-toc-link ez-toc-heading-35\" href=\"https:\/\/loudavymkrokem.cz\/fr\/olomouc-republique-tcheque-enfants\/#Excursions_au_depart_dOlomouc_avec_des_enfants\" >Excursions au d\u00e9part d&rsquo;Olomouc avec des enfants<\/a><ul class='ez-toc-list-level-3' ><li class='ez-toc-heading-level-3'><a class=\"ez-toc-link ez-toc-heading-36\" href=\"https:\/\/loudavymkrokem.cz\/fr\/olomouc-republique-tcheque-enfants\/#28_Le_DinoPark_et_le_ZOO_Park_de_Vyskov\" >28. Le DinoPark et le ZOO Park de Vy\u0161kov<\/a><\/li><li class='ez-toc-page-1 ez-toc-heading-level-3'><a class=\"ez-toc-link ez-toc-heading-37\" href=\"https:\/\/loudavymkrokem.cz\/fr\/olomouc-republique-tcheque-enfants\/#29_Le_chateau_de_Bouzov\" >29. Le ch\u00e2teau de Bouzov<\/a><\/li><li class='ez-toc-page-1 ez-toc-heading-level-3'><a class=\"ez-toc-link ez-toc-heading-38\" href=\"https:\/\/loudavymkrokem.cz\/fr\/olomouc-republique-tcheque-enfants\/#30_Les_grottes_de_Mladec\" >30. Les grottes de Mlade\u010d<\/a><\/li><li class='ez-toc-page-1 ez-toc-heading-level-3'><a class=\"ez-toc-link ez-toc-heading-39\" href=\"https:\/\/loudavymkrokem.cz\/fr\/olomouc-republique-tcheque-enfants\/#31_Les_grottes_de_Javoricko\" >31. Les grottes de Javo\u0159\u00ed\u010dko<\/a><\/li><li class='ez-toc-page-1 ez-toc-heading-level-3'><a class=\"ez-toc-link ez-toc-heading-40\" href=\"https:\/\/loudavymkrokem.cz\/fr\/olomouc-republique-tcheque-enfants\/#32_Le_musee_du_fromage_tvaruzky_dOlomouc_a_Lostice\" >32. Le mus\u00e9e du fromage tvar\u016f\u017eky d&rsquo;Olomouc \u00e0 Lo\u0161tice<\/a><\/li><li class='ez-toc-page-1 ez-toc-heading-level-3'><a class=\"ez-toc-link ez-toc-heading-41\" href=\"https:\/\/loudavymkrokem.cz\/fr\/olomouc-republique-tcheque-enfants\/#33_Le_musee_pour_enfants_Praded_a_Bludov\" >33. Le mus\u00e9e pour enfants Prad\u011bd \u00e0 Bludov<\/a><\/li><li class='ez-toc-page-1 ez-toc-heading-level-3'><a class=\"ez-toc-link ez-toc-heading-42\" href=\"https:\/\/loudavymkrokem.cz\/fr\/olomouc-republique-tcheque-enfants\/#34_Le_Fort_Radikov\" >34. Le Fort Rad\u00edkov<\/a><\/li><\/ul><\/li><li class='ez-toc-page-1 ez-toc-heading-level-2'><a class=\"ez-toc-link ez-toc-heading-43\" href=\"https:\/\/loudavymkrokem.cz\/fr\/olomouc-republique-tcheque-enfants\/#Ou_manger_avec_des_enfants\" >O\u00f9 manger avec des enfants<\/a><\/li><li class='ez-toc-page-1 ez-toc-heading-level-2'><a class=\"ez-toc-link ez-toc-heading-44\" href=\"https:\/\/loudavymkrokem.cz\/fr\/olomouc-republique-tcheque-enfants\/#Infos_pratiques\" >Infos pratiques<\/a><\/li><li class='ez-toc-page-1 ez-toc-heading-level-2'><a class=\"ez-toc-link ez-toc-heading-45\" href=\"https:\/\/loudavymkrokem.cz\/fr\/olomouc-republique-tcheque-enfants\/#Pour_aller_plus_loin\" >Pour aller plus loin<\/a><\/li><li class='ez-toc-page-1 ez-toc-heading-level-2'><a class=\"ez-toc-link ez-toc-heading-46\" href=\"https:\/\/loudavymkrokem.cz\/fr\/olomouc-republique-tcheque-enfants\/#Foire_aux_questions\" >Foire aux questions<\/a><ul class='ez-toc-list-level-3' ><li class='ez-toc-heading-level-3'><a class=\"ez-toc-link ez-toc-heading-47\" href=\"https:\/\/loudavymkrokem.cz\/fr\/olomouc-republique-tcheque-enfants\/#Ou_aller_a_Olomouc_avec_des_enfants_quand_il_pleut\" >O\u00f9 aller \u00e0 Olomouc avec des enfants quand il pleut ?<\/a><\/li><li class='ez-toc-page-1 ez-toc-heading-level-3'><a class=\"ez-toc-link ez-toc-heading-48\" href=\"https:\/\/loudavymkrokem.cz\/fr\/olomouc-republique-tcheque-enfants\/#Combien_coute_le_ZOO_dOlomouc\" >Combien co\u00fbte le ZOO d&rsquo;Olomouc ?<\/a><\/li><li class='ez-toc-page-1 ez-toc-heading-level-3'><a class=\"ez-toc-link ez-toc-heading-49\" href=\"https:\/\/loudavymkrokem.cz\/fr\/olomouc-republique-tcheque-enfants\/#Comment_se_rendre_a_Svaty_Kopecek\" >Comment se rendre \u00e0 Svat\u00fd Kope\u010dek ?<\/a><\/li><li class='ez-toc-page-1 ez-toc-heading-level-3'><a class=\"ez-toc-link ez-toc-heading-50\" href=\"https:\/\/loudavymkrokem.cz\/fr\/olomouc-republique-tcheque-enfants\/#Olomouc_est-elle_adaptee_avec_une_poussette\" >Olomouc est-elle adapt\u00e9e avec une poussette ?<\/a><\/li><li class='ez-toc-page-1 ez-toc-heading-level-3'><a class=\"ez-toc-link ez-toc-heading-51\" href=\"https:\/\/loudavymkrokem.cz\/fr\/olomouc-republique-tcheque-enfants\/#Ou_aller_avec_des_enfants_a_Olomouc_gratuitement\" >O\u00f9 aller avec des enfants \u00e0 Olomouc gratuitement ?<\/a><\/li><li class='ez-toc-page-1 ez-toc-heading-level-3'><a class=\"ez-toc-link ez-toc-heading-52\" href=\"https:\/\/loudavymkrokem.cz\/fr\/olomouc-republique-tcheque-enfants\/#Combien_de_jours_faut-il_pour_visiter_Olomouc_avec_des_enfants\" >Combien de jours faut-il pour visiter Olomouc avec des enfants ?<\/a><\/li><li class='ez-toc-page-1 ez-toc-heading-level-3'><a class=\"ez-toc-link ez-toc-heading-53\" href=\"https:\/\/loudavymkrokem.cz\/fr\/olomouc-republique-tcheque-enfants\/#Ou_faire_une_excursion_depuis_Olomouc_avec_des_enfants\" >O\u00f9 faire une excursion depuis Olomouc avec des enfants ?<\/a><\/li><li class='ez-toc-page-1 ez-toc-heading-level-3'><a class=\"ez-toc-link ez-toc-heading-54\" href=\"https:\/\/loudavymkrokem.cz\/fr\/olomouc-republique-tcheque-enfants\/#A_quelle_distance_se_trouve_le_DinoPark_de_Vyskov_depuis_Olomouc\" >\u00c0 quelle distance se trouve le DinoPark de Vy\u0161kov depuis Olomouc ?<\/a><\/li><\/ul><\/li><\/ul><\/nav><\/div>\n<h3 class=\"wp-block-heading\"><span class=\"ez-toc-section\" id=\"Resume_Olomouc_avec_des_enfants_en_bref\"><\/span>R\u00e9sum\u00e9 : Olomouc avec des enfants en bref<span class=\"ez-toc-section-end\"><\/span><\/h3>\n\n\n\n<ul class=\"wp-block-list\">\n\n<li><strong>Par beau temps :<\/strong> lance une chasse aux fontaines baroques dans le centre, attends le carillon de midi de l&rsquo;horloge astronomique atypique, file dans les vastes jardins Smetana ou pars explorer le Fortin de la Couronne.<\/li>\n\n\n\n<li><strong>Quand il pleut :<\/strong> Olomouc est un paradis pour les jours pluvieux. Tu y trouveras l&rsquo;immense Forteresse de la Connaissance remplie de science, le gigantesque parc de loisirs Krokod\u00fdlek et une concentration in\u00e9dite de magnifiques aires de jeux en plein centre, avec du caf\u00e9 de sp\u00e9cialit\u00e9 pour les parents.<\/li>\n\n\n\n<li><strong>O\u00f9 faire une excursion :<\/strong> Svat\u00fd Kope\u010dek et son zoo sont incontournables, mais si tu as une voiture, envisage aussi le fantastique DinoPark de Vy\u0161kov ou le ch\u00e2teau de conte de f\u00e9es de Bouzov.<\/li>\n\n\n\n<li><strong>O\u00f9 loger :<\/strong> un excellent choix en centre-ville est l&rsquo;OREA Hotel Arigone, o\u00f9 les enfants de moins de 5,99 ans logent gratuitement et o\u00f9 les parents, une fois les petits endormis, peuvent se glisser dans le jacuzzi de la chambre.<\/li>\n\n\n\n<li><strong>Combien de jours pr\u00e9voir :<\/strong> le c\u0153ur historique se parcourt en une journ\u00e9e, mais si tu veux aussi voir le zoo et profiter des aires de jeux ou de l&rsquo;aquapark, l&rsquo;id\u00e9al est de compter 2 \u00e0 3 jours.<\/li>\n\n\n<\/ul>\n\n\n\n<h2 class=\"wp-block-heading\"><span class=\"ez-toc-section\" id=\"Quand_partir_a_Olomouc_avec_des_enfants\"><\/span>Quand partir \u00e0 Olomouc avec des enfants<span class=\"ez-toc-section-end\"><\/span><\/h2>\n\n\n\n<figure data-wp-context=\"{&quot;imageId&quot;:&quot;6a954080704e5&quot;}\" data-wp-interactive=\"core\/image\" data-wp-key=\"6a954080704e5\" class=\"wp-block-image size-full wp-lightbox-container\"><img decoding=\"async\" width=\"2200\" height=\"1467\" data-wp-class--hide=\"state.isContentHidden\" data-wp-class--show=\"state.isContentVisible\" data-wp-init=\"callbacks.setButtonStyles\" data-wp-on--click=\"actions.showLightbox\" data-wp-on--load=\"callbacks.setButtonStyles\" data-wp-on--pointerdown=\"actions.preloadImage\" data-wp-on--pointerenter=\"actions.preloadImageWithDelay\" data-wp-on--pointerleave=\"actions.cancelPreload\" data-wp-on-window--resize=\"callbacks.setButtonStyles\" src=\"https:\/\/loudavymkrokem.cz\/wp-content\/uploads\/2026\/08\/olomouc-s-detmi-namesti-se-stromy.jpg\" alt=\"Maison baroque et statue sur une place d&#039;Olomouc avec des arbres\" class=\"wp-image-401042\" title=\"\" srcset=\"https:\/\/loudavymkrokem.cz\/wp-content\/uploads\/2026\/08\/olomouc-s-detmi-namesti-se-stromy.jpg 2200w, https:\/\/loudavymkrokem.cz\/wp-content\/uploads\/2026\/08\/olomouc-s-detmi-namesti-se-stromy-300x200.jpg 300w, https:\/\/loudavymkrokem.cz\/wp-content\/uploads\/2026\/08\/olomouc-s-detmi-namesti-se-stromy-700x467.jpg 700w, https:\/\/loudavymkrokem.cz\/wp-content\/uploads\/2026\/08\/olomouc-s-detmi-namesti-se-stromy-768x512.jpg 768w, https:\/\/loudavymkrokem.cz\/wp-content\/uploads\/2026\/08\/olomouc-s-detmi-namesti-se-stromy-1536x1024.jpg 1536w, https:\/\/loudavymkrokem.cz\/wp-content\/uploads\/2026\/08\/olomouc-s-detmi-namesti-se-stromy-2048x1366.jpg 2048w, https:\/\/loudavymkrokem.cz\/wp-content\/uploads\/2026\/08\/olomouc-s-detmi-namesti-se-stromy-696x464.jpg 696w, https:\/\/loudavymkrokem.cz\/wp-content\/uploads\/2026\/08\/olomouc-s-detmi-namesti-se-stromy-1392x928.jpg 1392w, https:\/\/loudavymkrokem.cz\/wp-content\/uploads\/2026\/08\/olomouc-s-detmi-namesti-se-stromy-1920x1280.jpg 1920w\" sizes=\"(max-width: 2200px) 100vw, 2200px\" \/><button\n\t\t\tclass=\"lightbox-trigger\"\n\t\t\ttype=\"button\"\n\t\t\taria-haspopup=\"dialog\"\n\t\t\tdata-wp-bind--aria-label=\"state.thisImage.triggerButtonAriaLabel\"\n\t\t\tdata-wp-init=\"callbacks.initTriggerButton\"\n\t\t\tdata-wp-on--click=\"actions.showLightbox\"\n\t\t\tdata-wp-style--right=\"state.thisImage.buttonRight\"\n\t\t\tdata-wp-style--top=\"state.thisImage.buttonTop\"\n\t\t>\n\t\t\t<svg xmlns=\"http:\/\/www.w3.org\/2000\/svg\" width=\"12\" height=\"12\" fill=\"none\" viewBox=\"0 0 12 12\">\n\t\t\t\t<path fill=\"#fff\" d=\"M2 0a2 2 0 0 0-2 2v2h1.5V2a.5.5 0 0 1 .5-.5h2V0H2Zm2 10.5H2a.5.5 0 0 1-.5-.5V8H0v2a2 2 0 0 0 2 2h2v-1.5ZM8 12v-1.5h2a.5.5 0 0 0 .5-.5V8H12v2a2 2 0 0 1-2 2H8Zm2-12a2 2 0 0 1 2 2v2h-1.5V2a.5.5 0 0 0-.5-.5H8V0h2Z\" \/>\n\t\t\t<\/svg>\n\t\t<\/button><figcaption class=\"wp-element-caption\">Les places tranquilles et arbor\u00e9es d&rsquo;Olomouc, o\u00f9 l&rsquo;on peut souffler avec les enfants<\/figcaption><\/figure>\n\n\n\n<p class=\"wp-block-paragraph\">Olomouc a un \u00e9norme atout : c&rsquo;est une destination pour toute l&rsquo;ann\u00e9e, qui ne ferme pas ses portes d\u00e8s la fin des vacances d&rsquo;\u00e9t\u00e9. Alors, quand vaut-il le plus la peine d&rsquo;y aller ? Tout d\u00e9pend surtout de ce que tu attends du s\u00e9jour et de l&rsquo;\u00e2ge des enfants que tu emm\u00e8nes. Cela d\u00e9pend avant tout des activit\u00e9s que tu pr\u00e9f\u00e8res faire en famille.<\/p>\n\n\n\n<p class=\"wp-block-paragraph\">Le printemps est absolument magique \u00e0 Olomouc, en particulier en avril et en mai. Si tu tombes sur la bonne semaine, tu verras les magnolias en fleurs dans les jardins Bezru\u010d, au pied des remparts, un spectacle qui s\u00e9duit m\u00eame les plus r\u00e9fractaires au romantisme, tandis qu&rsquo;un peu plus loin la superbe Roseraie commence doucement \u00e0 se r\u00e9veiller. L&rsquo;\u00e9t\u00e9, lui, permet de se rafra\u00eechir \u00e0 l&rsquo;aquapark local, de passer de longues journ\u00e9es au zoo de Svat\u00fd Kope\u010dek et de savourer les balades du soir dans un centre d\u00e9sert, une glace italienne \u00e0 la main.<\/p>\n\n\n\n<p class=\"wp-block-paragraph\">L&rsquo;automne pare les vastes parcs d&rsquo;Olomouc de couleurs dor\u00e9es et c&rsquo;est le moment id\u00e9al pour arpenter mus\u00e9es et aires de jeux couvertes, qui abondent ici. Et je ne peux pas oublier l&rsquo;hiver, plus pr\u00e9cis\u00e9ment l&rsquo;avent. Les march\u00e9s de No\u00ebl d&rsquo;Olomouc, sur la place Haute et la place Basse, comptent r\u00e9guli\u00e8rement parmi les plus beaux de tout le pays : le vin chaud embaume, les illuminations s&rsquo;allument et, pour les enfants, c&rsquo;est un vrai conte de f\u00e9es. Deux jours te suffiront pour l&rsquo;essentiel, c&rsquo;est-\u00e0-dire le centre et le zoo, mais si tu veux ajouter des excursions dans les environs, r\u00e9serve-toi un week-end prolong\u00e9.<\/p>\n\n\n\n<h2 class=\"wp-block-heading\"><span class=\"ez-toc-section\" id=\"Ou_loger_a_Olomouc_avec_des_enfants\"><\/span>O\u00f9 loger \u00e0 Olomouc avec des enfants<span class=\"ez-toc-section-end\"><\/span><\/h2>\n\n\n\n<figure data-wp-context=\"{&quot;imageId&quot;:&quot;6a954080709d1&quot;}\" data-wp-interactive=\"core\/image\" data-wp-key=\"6a954080709d1\" class=\"wp-block-image size-full wp-lightbox-container\"><img decoding=\"async\" width=\"2200\" height=\"1467\" data-wp-class--hide=\"state.isContentHidden\" data-wp-class--show=\"state.isContentVisible\" data-wp-init=\"callbacks.setButtonStyles\" data-wp-on--click=\"actions.showLightbox\" data-wp-on--load=\"callbacks.setButtonStyles\" data-wp-on--pointerdown=\"actions.preloadImage\" data-wp-on--pointerenter=\"actions.preloadImageWithDelay\" data-wp-on--pointerleave=\"actions.cancelPreload\" data-wp-on-window--resize=\"callbacks.setButtonStyles\" src=\"https:\/\/loudavymkrokem.cz\/wp-content\/uploads\/2026\/08\/olomouc-s-detmi-hotel-arigone-wellness.jpg\" alt=\"Enfant sur un transat dans la chambre wellness de l&#039;h\u00f4tel Arigone \u00e0 Olomouc\" class=\"wp-image-401101\" title=\"\" srcset=\"https:\/\/loudavymkrokem.cz\/wp-content\/uploads\/2026\/08\/olomouc-s-detmi-hotel-arigone-wellness.jpg 2200w, https:\/\/loudavymkrokem.cz\/wp-content\/uploads\/2026\/08\/olomouc-s-detmi-hotel-arigone-wellness-300x200.jpg 300w, https:\/\/loudavymkrokem.cz\/wp-content\/uploads\/2026\/08\/olomouc-s-detmi-hotel-arigone-wellness-700x467.jpg 700w, https:\/\/loudavymkrokem.cz\/wp-content\/uploads\/2026\/08\/olomouc-s-detmi-hotel-arigone-wellness-768x512.jpg 768w, https:\/\/loudavymkrokem.cz\/wp-content\/uploads\/2026\/08\/olomouc-s-detmi-hotel-arigone-wellness-1536x1024.jpg 1536w, https:\/\/loudavymkrokem.cz\/wp-content\/uploads\/2026\/08\/olomouc-s-detmi-hotel-arigone-wellness-2048x1366.jpg 2048w, https:\/\/loudavymkrokem.cz\/wp-content\/uploads\/2026\/08\/olomouc-s-detmi-hotel-arigone-wellness-696x464.jpg 696w, https:\/\/loudavymkrokem.cz\/wp-content\/uploads\/2026\/08\/olomouc-s-detmi-hotel-arigone-wellness-1392x928.jpg 1392w, https:\/\/loudavymkrokem.cz\/wp-content\/uploads\/2026\/08\/olomouc-s-detmi-hotel-arigone-wellness-1920x1280.jpg 1920w\" sizes=\"(max-width: 2200px) 100vw, 2200px\" \/><button\n\t\t\tclass=\"lightbox-trigger\"\n\t\t\ttype=\"button\"\n\t\t\taria-haspopup=\"dialog\"\n\t\t\tdata-wp-bind--aria-label=\"state.thisImage.triggerButtonAriaLabel\"\n\t\t\tdata-wp-init=\"callbacks.initTriggerButton\"\n\t\t\tdata-wp-on--click=\"actions.showLightbox\"\n\t\t\tdata-wp-style--right=\"state.thisImage.buttonRight\"\n\t\t\tdata-wp-style--top=\"state.thisImage.buttonTop\"\n\t\t>\n\t\t\t<svg xmlns=\"http:\/\/www.w3.org\/2000\/svg\" width=\"12\" height=\"12\" fill=\"none\" viewBox=\"0 0 12 12\">\n\t\t\t\t<path fill=\"#fff\" d=\"M2 0a2 2 0 0 0-2 2v2h1.5V2a.5.5 0 0 1 .5-.5h2V0H2Zm2 10.5H2a.5.5 0 0 1-.5-.5V8H0v2a2 2 0 0 0 2 2h2v-1.5ZM8 12v-1.5h2a.5.5 0 0 0 .5-.5V8H12v2a2 2 0 0 1-2 2H8Zm2-12a2 2 0 0 1 2 2v2h-1.5V2a.5.5 0 0 0-.5-.5H8V0h2Z\" \/>\n\t\t\t<\/svg>\n\t\t<\/button><figcaption class=\"wp-element-caption\">La chambre wellness de l&rsquo;h\u00f4tel Arigone : l&rsquo;enfant s&rsquo;endort et les parents ont enfin un moment pour eux<\/figcaption><\/figure>\n\n\n\n<p class=\"wp-block-paragraph\">Se loger avec des enfants dans une ville historique tient parfois du casse-t\u00eate, car il faut concilier la proximit\u00e9 des monuments avec le confort, un bon parking et, si possible, une petite dose de luxe pour les parents. Lors de notre visite, nous avons eu \u00e9norm\u00e9ment de chance avec le choix de l&rsquo;h\u00f4tel, et je dois dire que cela a rendu notre s\u00e9jour incroyablement agr\u00e9able.<\/p>\n\n\n\n<p class=\"wp-block-paragraph\">Nous avons log\u00e9 \u00e0 l&rsquo;<strong>OREA Hotel Arigone<\/strong>, en plein c\u0153ur historique, et c&rsquo;\u00e9tait un carton plein. Ce n&rsquo;est pas un h\u00f4tel typique avec un programme d&rsquo;animation bruyant et des mascottes au petit-d\u00e9jeuner, mais pour nous, parents, il a fonctionn\u00e9 comme une th\u00e9rapie parfaite. Nous avions en effet une chambre wellness avec son propre jacuzzi et son sauna. Tu imagines le soulagement, quand nous avons enfin endormi le petit Jon\u00e1\u0161 le soir et que Luk\u00e1\u0161 et moi avons pu nous plonger dans les bulles sans m\u00eame sortir de la chambre. En prime, les petits-d\u00e9jeuners y sont absolument fantastiques, les enfants de moins de 5,99 ans logent totalement gratuitement, et les meilleures aires de jeux et caf\u00e9s se trouvent \u00e0 quelques minutes \u00e0 pied.<\/p>\n\n\n\n<p class=\"wp-block-paragraph\">\ud83d\udc49 <strong><a href=\"https:\/\/www.stay22.com\/allez\/roam?aid=lukaskonecny&#038;campaign=loudavymkrokemcz&#038;campaign=olomoucsdetmi&#038;hotelname=OREA%20Hotel%20Arigone%20Olomouc&#038;address=Olomouc%2C%20Cesko&#038;category=accommodation\" target=\"_blank\" rel=\"nofollow sponsored noopener\">V\u00e9rifier les prix et disponibilit\u00e9s de l&rsquo;h\u00f4tel Arigone<\/a><\/strong> \u00b7 nous l&rsquo;avons d\u00e9crit en d\u00e9tail dans notre <a href=\"https:\/\/loudavymkrokem.cz\/orea-hotel-arigone\/\">avis sur l&rsquo;OREA Hotel Arigone<\/a>.<\/p>\n\n\n\n<p class=\"wp-block-paragraph\">Si cet h\u00f4tel est complet, <strong><a href=\"https:\/\/www.stay22.com\/allez\/roam?aid=lukaskonecny&amp;campaign=loudavymkrokemcz&amp;campaign=olomouc-s-detmi&amp;address=Olomouc%2C%20Cesko\" target=\"_blank\" rel=\"nofollow sponsored noopener\">jette un \u0153il aux autres h\u00e9bergements \u00e0 Olomouc<\/a><\/strong>, les possibilit\u00e9s sont nombreuses. Dans les avis, les parents appr\u00e9cient souvent les divers appartements familiaux diss\u00e9min\u00e9s dans le centre, qui te permettent de cuisiner toi-m\u00eame, ce qui est toujours pratique avec de jeunes enfants. V\u00e9rifie simplement bien, au moment de r\u00e9server un logement en plein c\u0153ur de la ville, comment se passe le stationnement, car la zone pi\u00e9tonne a ses r\u00e8gles strictes et les parkings publics alentour peuvent s\u00e9rieusement mettre \u00e0 mal le budget familial.<\/p>\n\n\n\n<h2 class=\"wp-block-heading\"><span class=\"ez-toc-section\" id=\"Que_faire_dehors_a_Olomouc_avec_des_enfants\"><\/span>Que faire dehors \u00e0 Olomouc avec des enfants<span class=\"ez-toc-section-end\"><\/span><\/h2>\n\n\n\n<p class=\"wp-block-paragraph\">Quand le soleil pointe le bout de son nez et que le temps t&rsquo;est favorable, le centre historique d&rsquo;Olomouc se transforme en une grande aire de jeux \u00e0 ciel ouvert pleine de surprises. Il ne s&rsquo;agit pas seulement de contempler de vieilles fa\u00e7ades : la ville a une \u00e2me joueuse et une foule de recoins qui amuseront m\u00eame les plus petits voyageurs. J&rsquo;ai pr\u00e9par\u00e9 pour toi dix id\u00e9es d&rsquo;activit\u00e9s en ext\u00e9rieur qui feront d&rsquo;<strong>Olomouc pour les enfants<\/strong> une aventure plut\u00f4t qu&rsquo;une punition.<\/p>\n\n\n\n<h3 class=\"wp-block-heading\"><span class=\"ez-toc-section\" id=\"1_Lhorloge_astronomique_dOlomouc\"><\/span>1. L&rsquo;horloge astronomique d&rsquo;Olomouc<span class=\"ez-toc-section-end\"><\/span><\/h3>\n\n\n\n<figure data-wp-context=\"{&quot;imageId&quot;:&quot;6a95408070f78&quot;}\" data-wp-interactive=\"core\/image\" data-wp-key=\"6a95408070f78\" class=\"wp-block-image size-full wp-lightbox-container\"><img decoding=\"async\" width=\"2200\" height=\"1467\" data-wp-class--hide=\"state.isContentHidden\" data-wp-class--show=\"state.isContentVisible\" data-wp-init=\"callbacks.setButtonStyles\" data-wp-on--click=\"actions.showLightbox\" data-wp-on--load=\"callbacks.setButtonStyles\" data-wp-on--pointerdown=\"actions.preloadImage\" data-wp-on--pointerenter=\"actions.preloadImageWithDelay\" data-wp-on--pointerleave=\"actions.cancelPreload\" data-wp-on-window--resize=\"callbacks.setButtonStyles\" src=\"https:\/\/loudavymkrokem.cz\/wp-content\/uploads\/2026\/08\/olomouc-s-detmi-orloj-detail.jpg\" alt=\"D\u00e9tail de l&#039;horloge astronomique d&#039;Olomouc avec des figures d&#039;ouvriers et des cadrans\" class=\"wp-image-401020\" title=\"\" srcset=\"https:\/\/loudavymkrokem.cz\/wp-content\/uploads\/2026\/08\/olomouc-s-detmi-orloj-detail.jpg 2200w, https:\/\/loudavymkrokem.cz\/wp-content\/uploads\/2026\/08\/olomouc-s-detmi-orloj-detail-300x200.jpg 300w, https:\/\/loudavymkrokem.cz\/wp-content\/uploads\/2026\/08\/olomouc-s-detmi-orloj-detail-700x467.jpg 700w, https:\/\/loudavymkrokem.cz\/wp-content\/uploads\/2026\/08\/olomouc-s-detmi-orloj-detail-768x512.jpg 768w, https:\/\/loudavymkrokem.cz\/wp-content\/uploads\/2026\/08\/olomouc-s-detmi-orloj-detail-1536x1024.jpg 1536w, https:\/\/loudavymkrokem.cz\/wp-content\/uploads\/2026\/08\/olomouc-s-detmi-orloj-detail-2048x1366.jpg 2048w, https:\/\/loudavymkrokem.cz\/wp-content\/uploads\/2026\/08\/olomouc-s-detmi-orloj-detail-696x464.jpg 696w, https:\/\/loudavymkrokem.cz\/wp-content\/uploads\/2026\/08\/olomouc-s-detmi-orloj-detail-1392x928.jpg 1392w, https:\/\/loudavymkrokem.cz\/wp-content\/uploads\/2026\/08\/olomouc-s-detmi-orloj-detail-1920x1280.jpg 1920w\" sizes=\"(max-width: 2200px) 100vw, 2200px\" \/><button\n\t\t\tclass=\"lightbox-trigger\"\n\t\t\ttype=\"button\"\n\t\t\taria-haspopup=\"dialog\"\n\t\t\tdata-wp-bind--aria-label=\"state.thisImage.triggerButtonAriaLabel\"\n\t\t\tdata-wp-init=\"callbacks.initTriggerButton\"\n\t\t\tdata-wp-on--click=\"actions.showLightbox\"\n\t\t\tdata-wp-style--right=\"state.thisImage.buttonRight\"\n\t\t\tdata-wp-style--top=\"state.thisImage.buttonTop\"\n\t\t>\n\t\t\t<svg xmlns=\"http:\/\/www.w3.org\/2000\/svg\" width=\"12\" height=\"12\" fill=\"none\" viewBox=\"0 0 12 12\">\n\t\t\t\t<path fill=\"#fff\" d=\"M2 0a2 2 0 0 0-2 2v2h1.5V2a.5.5 0 0 1 .5-.5h2V0H2Zm2 10.5H2a.5.5 0 0 1-.5-.5V8H0v2a2 2 0 0 0 2 2h2v-1.5ZM8 12v-1.5h2a.5.5 0 0 0 .5-.5V8H12v2a2 2 0 0 1-2 2H8Zm2-12a2 2 0 0 1 2 2v2h-1.5V2a.5.5 0 0 0-.5-.5H8V0h2Z\" \/>\n\t\t\t<\/svg>\n\t\t<\/button><figcaption class=\"wp-element-caption\">Sur l&rsquo;horloge d\u00e9filent des ouvriers \u00e0 la place des ap\u00f4tres. Les enfants trouvent \u00e7a souvent amusant.<\/figcaption><\/figure>\n\n\n\n<p class=\"wp-block-paragraph\">Alors que l&rsquo;horloge astronomique de Prague montre les ap\u00f4tres tout l\u00e0-haut, au-dessus des t\u00eates de la foule, celle d&rsquo;Olomouc, sur la place Haute, directement sur le b\u00e2timent de l&rsquo;h\u00f4tel de ville, pr\u00e9sente deux \u00e9normes avantages pour les familles. D&rsquo;une part, elle se trouve joliment \u00e0 hauteur des yeux, si bien que m\u00eame les petits peuvent voir sans probl\u00e8me toutes ces figurines en mouvement, et d&rsquo;autre part, c&rsquo;est tout simplement une curiosit\u00e9 unique au monde. C&rsquo;est en effet l&rsquo;une des rares horloges de ce type \u00e0 avoir \u00e9t\u00e9 reconstruite, apr\u00e8s sa destruction \u00e0 la fin de la guerre, entre 1947 et 1955 dans l&rsquo;esprit du r\u00e9alisme socialiste, selon les plans de Karel Svolinsk\u00fd.<\/p>\n\n\n\n<p class=\"wp-block-paragraph\">\u00c0 la place des saints, tu verras donc d\u00e9filer forgerons, boulangers, chimistes et autres honn\u00eates prol\u00e9taires, ce qui amuse g\u00e9n\u00e9ralement \u00e9norm\u00e9ment les enfants, car ils comprennent ces m\u00e9tiers mieux que des personnages historiques. Toute cette merveille se met en mouvement chaque jour <strong>pr\u00e9cis\u00e9ment \u00e0 midi pile<\/strong>, alors planifie ta balade pour \u00eatre pr\u00eat sur place avant douze heures.<\/p>\n\n\n\n<h3 class=\"wp-block-heading\"><span class=\"ez-toc-section\" id=\"2_La_colonne_de_la_Sainte-Trinite\"><\/span>2. La colonne de la Sainte-Trinit\u00e9<span class=\"ez-toc-section-end\"><\/span><\/h3>\n\n\n\n<figure data-wp-context=\"{&quot;imageId&quot;:&quot;6a95408071446&quot;}\" data-wp-interactive=\"core\/image\" data-wp-key=\"6a95408071446\" class=\"wp-block-image size-full wp-lightbox-container\"><img decoding=\"async\" width=\"1800\" height=\"1208\" data-wp-class--hide=\"state.isContentHidden\" data-wp-class--show=\"state.isContentVisible\" data-wp-init=\"callbacks.setButtonStyles\" data-wp-on--click=\"actions.showLightbox\" data-wp-on--load=\"callbacks.setButtonStyles\" data-wp-on--pointerdown=\"actions.preloadImage\" data-wp-on--pointerenter=\"actions.preloadImageWithDelay\" data-wp-on--pointerleave=\"actions.cancelPreload\" data-wp-on-window--resize=\"callbacks.setButtonStyles\" src=\"https:\/\/loudavymkrokem.cz\/wp-content\/uploads\/2026\/08\/olomouc-s-detmi-sloup-horni-namesti.jpg\" alt=\"Colonne de la Sainte-Trinit\u00e9 sur la place Haute \u00e0 Olomouc\" class=\"wp-image-401195\" title=\"\" srcset=\"https:\/\/loudavymkrokem.cz\/wp-content\/uploads\/2026\/08\/olomouc-s-detmi-sloup-horni-namesti.jpg 1800w, https:\/\/loudavymkrokem.cz\/wp-content\/uploads\/2026\/08\/olomouc-s-detmi-sloup-horni-namesti-300x201.jpg 300w, https:\/\/loudavymkrokem.cz\/wp-content\/uploads\/2026\/08\/olomouc-s-detmi-sloup-horni-namesti-700x470.jpg 700w, https:\/\/loudavymkrokem.cz\/wp-content\/uploads\/2026\/08\/olomouc-s-detmi-sloup-horni-namesti-768x515.jpg 768w, https:\/\/loudavymkrokem.cz\/wp-content\/uploads\/2026\/08\/olomouc-s-detmi-sloup-horni-namesti-1536x1031.jpg 1536w, https:\/\/loudavymkrokem.cz\/wp-content\/uploads\/2026\/08\/olomouc-s-detmi-sloup-horni-namesti-696x467.jpg 696w, https:\/\/loudavymkrokem.cz\/wp-content\/uploads\/2026\/08\/olomouc-s-detmi-sloup-horni-namesti-1392x934.jpg 1392w\" sizes=\"(max-width: 1800px) 100vw, 1800px\" \/><button\n\t\t\tclass=\"lightbox-trigger\"\n\t\t\ttype=\"button\"\n\t\t\taria-haspopup=\"dialog\"\n\t\t\tdata-wp-bind--aria-label=\"state.thisImage.triggerButtonAriaLabel\"\n\t\t\tdata-wp-init=\"callbacks.initTriggerButton\"\n\t\t\tdata-wp-on--click=\"actions.showLightbox\"\n\t\t\tdata-wp-style--right=\"state.thisImage.buttonRight\"\n\t\t\tdata-wp-style--top=\"state.thisImage.buttonTop\"\n\t\t>\n\t\t\t<svg xmlns=\"http:\/\/www.w3.org\/2000\/svg\" width=\"12\" height=\"12\" fill=\"none\" viewBox=\"0 0 12 12\">\n\t\t\t\t<path fill=\"#fff\" d=\"M2 0a2 2 0 0 0-2 2v2h1.5V2a.5.5 0 0 1 .5-.5h2V0H2Zm2 10.5H2a.5.5 0 0 1-.5-.5V8H0v2a2 2 0 0 0 2 2h2v-1.5ZM8 12v-1.5h2a.5.5 0 0 0 .5-.5V8H12v2a2 2 0 0 1-2 2H8Zm2-12a2 2 0 0 1 2 2v2h-1.5V2a.5.5 0 0 0-.5-.5H8V0h2Z\" \/>\n\t\t\t<\/svg>\n\t\t<\/button><figcaption class=\"wp-element-caption\">La colonne de la Sainte-Trinit\u00e9 est le plus grand groupe sculpt\u00e9 baroque d&rsquo;Europe centrale<\/figcaption><\/figure>\n\n\n\n<p class=\"wp-block-paragraph\">Juste \u00e0 c\u00f4t\u00e9 de l&rsquo;horloge, sur la place Haute, tr\u00f4ne un monument qu&rsquo;il serait dommage de manquer, car il figure au patrimoine de l&rsquo;<strong>UNESCO depuis l&rsquo;an 2000<\/strong>. Il s&rsquo;agit d&rsquo;une immense colonne de la peste d&rsquo;environ 32 m\u00e8tres de haut, qui constitue le plus grand groupe sculpt\u00e9 baroque en une seule sculpture de toute l&rsquo;Europe centrale.<\/p>\n\n\n\n<p class=\"wp-block-paragraph\">Pour les enfants, la taille de la colonne \u00e0 elle seule produit un effet impressionnant, et mieux encore : une petite chapelle se cache dans son puissant socle. M\u00eame si l&rsquo;on ne peut pas entrer \u00e0 l&rsquo;int\u00e9rieur \u00e0 toute heure, la simple id\u00e9e qu&rsquo;une \u00ab maisonnette est cach\u00e9e dans la grande colonne \u00bb fonctionne \u00e0 coup s\u00fbr sur l&rsquo;imagination des enfants.<\/p>\n\n\n\n<h3 class=\"wp-block-heading\"><span class=\"ez-toc-section\" id=\"3_La_chasse_aux_fontaines_baroques\"><\/span>3. La chasse aux fontaines baroques<span class=\"ez-toc-section-end\"><\/span><\/h3>\n\n\n\n<figure data-wp-context=\"{&quot;imageId&quot;:&quot;6a954080718dd&quot;}\" data-wp-interactive=\"core\/image\" data-wp-key=\"6a954080718dd\" class=\"wp-block-image size-full wp-lightbox-container\"><img decoding=\"async\" width=\"2200\" height=\"1467\" data-wp-class--hide=\"state.isContentHidden\" data-wp-class--show=\"state.isContentVisible\" data-wp-init=\"callbacks.setButtonStyles\" data-wp-on--click=\"actions.showLightbox\" data-wp-on--load=\"callbacks.setButtonStyles\" data-wp-on--pointerdown=\"actions.preloadImage\" data-wp-on--pointerenter=\"actions.preloadImageWithDelay\" data-wp-on--pointerleave=\"actions.cancelPreload\" data-wp-on-window--resize=\"callbacks.setButtonStyles\" src=\"https:\/\/loudavymkrokem.cz\/wp-content\/uploads\/2026\/08\/olomouc-s-detmi-caesarova-kasna.jpg\" alt=\"Fontaine de C\u00e9sar sur la place Haute \u00e0 Olomouc\" class=\"wp-image-401030\" title=\"\" srcset=\"https:\/\/loudavymkrokem.cz\/wp-content\/uploads\/2026\/08\/olomouc-s-detmi-caesarova-kasna.jpg 2200w, https:\/\/loudavymkrokem.cz\/wp-content\/uploads\/2026\/08\/olomouc-s-detmi-caesarova-kasna-300x200.jpg 300w, https:\/\/loudavymkrokem.cz\/wp-content\/uploads\/2026\/08\/olomouc-s-detmi-caesarova-kasna-700x467.jpg 700w, https:\/\/loudavymkrokem.cz\/wp-content\/uploads\/2026\/08\/olomouc-s-detmi-caesarova-kasna-768x512.jpg 768w, https:\/\/loudavymkrokem.cz\/wp-content\/uploads\/2026\/08\/olomouc-s-detmi-caesarova-kasna-1536x1024.jpg 1536w, https:\/\/loudavymkrokem.cz\/wp-content\/uploads\/2026\/08\/olomouc-s-detmi-caesarova-kasna-2048x1366.jpg 2048w, https:\/\/loudavymkrokem.cz\/wp-content\/uploads\/2026\/08\/olomouc-s-detmi-caesarova-kasna-696x464.jpg 696w, https:\/\/loudavymkrokem.cz\/wp-content\/uploads\/2026\/08\/olomouc-s-detmi-caesarova-kasna-1392x928.jpg 1392w, https:\/\/loudavymkrokem.cz\/wp-content\/uploads\/2026\/08\/olomouc-s-detmi-caesarova-kasna-1920x1280.jpg 1920w\" sizes=\"(max-width: 2200px) 100vw, 2200px\" \/><button\n\t\t\tclass=\"lightbox-trigger\"\n\t\t\ttype=\"button\"\n\t\t\taria-haspopup=\"dialog\"\n\t\t\tdata-wp-bind--aria-label=\"state.thisImage.triggerButtonAriaLabel\"\n\t\t\tdata-wp-init=\"callbacks.initTriggerButton\"\n\t\t\tdata-wp-on--click=\"actions.showLightbox\"\n\t\t\tdata-wp-style--right=\"state.thisImage.buttonRight\"\n\t\t\tdata-wp-style--top=\"state.thisImage.buttonTop\"\n\t\t>\n\t\t\t<svg xmlns=\"http:\/\/www.w3.org\/2000\/svg\" width=\"12\" height=\"12\" fill=\"none\" viewBox=\"0 0 12 12\">\n\t\t\t\t<path fill=\"#fff\" d=\"M2 0a2 2 0 0 0-2 2v2h1.5V2a.5.5 0 0 1 .5-.5h2V0H2Zm2 10.5H2a.5.5 0 0 1-.5-.5V8H0v2a2 2 0 0 0 2 2h2v-1.5ZM8 12v-1.5h2a.5.5 0 0 0 .5-.5V8H12v2a2 2 0 0 1-2 2H8Zm2-12a2 2 0 0 1 2 2v2h-1.5V2a.5.5 0 0 0-.5-.5H8V0h2Z\" \/>\n\t\t\t<\/svg>\n\t\t<\/button><figcaption class=\"wp-element-caption\">La fontaine de C\u00e9sar sur la place Haute. Cherche le chien sous le cheval, symbole de la fid\u00e9lit\u00e9 de la ville.<\/figcaption><\/figure>\n\n\n\n<p class=\"wp-block-paragraph\">C&rsquo;est, \u00e0 mon avis, la meilleure fa\u00e7on de faire visiter tout le centre historique aux enfants sans qu&rsquo;ils remarquent qu&rsquo;ils sont en train de \u00ab voir des monuments \u00bb. Olomouc poss\u00e8de en effet le seul ensemble aussi vaste de fontaines baroques conserv\u00e9es de R\u00e9publique tch\u00e8que, et tu peux en faire un super jeu familial.<\/p>\n\n\n\n<p class=\"wp-block-paragraph\">Distribue un plan aux enfants et laisse-les chercher la fontaine de Neptune de 1683, la toute plus ancienne, celles d&rsquo;Hercule, de Jupiter, de Mercure, la fontaine des Tritons et la majestueuse <strong>fontaine de C\u00e9sar<\/strong>, o\u00f9 ils doivent trouver le chien sous le cheval, qui symbolise la fid\u00e9lit\u00e9 de la ville au souverain. Mais le vrai coup de c\u0153ur des enfants, c&rsquo;est la moderne <strong>fontaine d&rsquo;Arion<\/strong> de 2002, \u0153uvre du sculpteur Ivan Theimer. Elle comporte en effet une grande strong>tortue<\/strong> en bronze, devant laquelle s&rsquo;arr\u00eate sans doute chaque enfant qui passe.<\/p>\n\n\n\n<h3 class=\"wp-block-heading\"><span class=\"ez-toc-section\" id=\"4_La_tour_de_lhotel_de_ville\"><\/span>4. La tour de l&rsquo;h\u00f4tel de ville<span class=\"ez-toc-section-end\"><\/span><\/h3>\n\n\n\n<figure data-wp-context=\"{&quot;imageId&quot;:&quot;6a95408071e02&quot;}\" data-wp-interactive=\"core\/image\" data-wp-key=\"6a95408071e02\" class=\"wp-block-image size-full wp-lightbox-container\"><img decoding=\"async\" width=\"2200\" height=\"1467\" data-wp-class--hide=\"state.isContentHidden\" data-wp-class--show=\"state.isContentVisible\" data-wp-init=\"callbacks.setButtonStyles\" data-wp-on--click=\"actions.showLightbox\" data-wp-on--load=\"callbacks.setButtonStyles\" data-wp-on--pointerdown=\"actions.preloadImage\" data-wp-on--pointerenter=\"actions.preloadImageWithDelay\" data-wp-on--pointerleave=\"actions.cancelPreload\" data-wp-on-window--resize=\"callbacks.setButtonStyles\" src=\"https:\/\/loudavymkrokem.cz\/wp-content\/uploads\/2026\/08\/olomouc-s-detmi-radnice-orloj.jpg\" alt=\"H\u00f4tel de ville d&#039;Olomouc avec son horloge astronomique sur la place Haute\" class=\"wp-image-401026\" title=\"\" srcset=\"https:\/\/loudavymkrokem.cz\/wp-content\/uploads\/2026\/08\/olomouc-s-detmi-radnice-orloj.jpg 2200w, https:\/\/loudavymkrokem.cz\/wp-content\/uploads\/2026\/08\/olomouc-s-detmi-radnice-orloj-300x200.jpg 300w, https:\/\/loudavymkrokem.cz\/wp-content\/uploads\/2026\/08\/olomouc-s-detmi-radnice-orloj-700x467.jpg 700w, https:\/\/loudavymkrokem.cz\/wp-content\/uploads\/2026\/08\/olomouc-s-detmi-radnice-orloj-768x512.jpg 768w, https:\/\/loudavymkrokem.cz\/wp-content\/uploads\/2026\/08\/olomouc-s-detmi-radnice-orloj-1536x1024.jpg 1536w, https:\/\/loudavymkrokem.cz\/wp-content\/uploads\/2026\/08\/olomouc-s-detmi-radnice-orloj-2048x1366.jpg 2048w, https:\/\/loudavymkrokem.cz\/wp-content\/uploads\/2026\/08\/olomouc-s-detmi-radnice-orloj-696x464.jpg 696w, https:\/\/loudavymkrokem.cz\/wp-content\/uploads\/2026\/08\/olomouc-s-detmi-radnice-orloj-1392x928.jpg 1392w, https:\/\/loudavymkrokem.cz\/wp-content\/uploads\/2026\/08\/olomouc-s-detmi-radnice-orloj-1920x1280.jpg 1920w\" sizes=\"(max-width: 2200px) 100vw, 2200px\" \/><button\n\t\t\tclass=\"lightbox-trigger\"\n\t\t\ttype=\"button\"\n\t\t\taria-haspopup=\"dialog\"\n\t\t\tdata-wp-bind--aria-label=\"state.thisImage.triggerButtonAriaLabel\"\n\t\t\tdata-wp-init=\"callbacks.initTriggerButton\"\n\t\t\tdata-wp-on--click=\"actions.showLightbox\"\n\t\t\tdata-wp-style--right=\"state.thisImage.buttonRight\"\n\t\t\tdata-wp-style--top=\"state.thisImage.buttonTop\"\n\t\t>\n\t\t\t<svg xmlns=\"http:\/\/www.w3.org\/2000\/svg\" width=\"12\" height=\"12\" fill=\"none\" viewBox=\"0 0 12 12\">\n\t\t\t\t<path fill=\"#fff\" d=\"M2 0a2 2 0 0 0-2 2v2h1.5V2a.5.5 0 0 1 .5-.5h2V0H2Zm2 10.5H2a.5.5 0 0 1-.5-.5V8H0v2a2 2 0 0 0 2 2h2v-1.5ZM8 12v-1.5h2a.5.5 0 0 0 .5-.5V8H12v2a2 2 0 0 1-2 2H8Zm2-12a2 2 0 0 1 2 2v2h-1.5V2a.5.5 0 0 0-.5-.5H8V0h2Z\" \/>\n\t\t\t<\/svg>\n\t\t<\/button><figcaption class=\"wp-element-caption\">L&rsquo;h\u00f4tel de ville avec son horloge et sa tour, accessible avec un guide<\/figcaption><\/figure>\n\n\n\n<p class=\"wp-block-paragraph\">Si tu voyages avec des enfants un peu plus grands, capables de grimper quelques marches, ne manque surtout pas la vue de la ville \u00e0 vol d&rsquo;oiseau. La tour de l&rsquo;h\u00f4tel de ville mesure un respectable 75 m\u00e8tres et s&rsquo;\u00e9l\u00e8ve directement au-dessus de la place Haute, juste \u00e0 c\u00f4t\u00e9 de la c\u00e9l\u00e8bre horloge.<\/p>\n\n\n\n<p class=\"wp-block-paragraph\">La mont\u00e9e s&rsquo;effectue de fa\u00e7on saisonni\u00e8re et toujours avec un guide, ce qui te permet aussi d&rsquo;apprendre des choses int\u00e9ressantes sur l&rsquo;histoire. La vue depuis la galerie est absolument \u00e0 couper le souffle : tu verras tous ces toits rouges, les ruelles enchev\u00eatr\u00e9es et les collines environnantes, et \u00e7a vaut vraiment l&rsquo;effort des jambes.<\/p>\n\n\n\n<h3 class=\"wp-block-heading\"><span class=\"ez-toc-section\" id=\"5_Leglise_Saint-Maurice_et_la_montee_a_la_tour\"><\/span>5. L&rsquo;\u00e9glise Saint-Maurice et la mont\u00e9e \u00e0 la tour<span class=\"ez-toc-section-end\"><\/span><\/h3>\n\n\n\n<figure data-wp-context=\"{&quot;imageId&quot;:&quot;6a9540807227e&quot;}\" data-wp-interactive=\"core\/image\" data-wp-key=\"6a9540807227e\" class=\"wp-block-image size-full wp-lightbox-container\"><img decoding=\"async\" width=\"1467\" height=\"2200\" data-wp-class--hide=\"state.isContentHidden\" data-wp-class--show=\"state.isContentVisible\" data-wp-init=\"callbacks.setButtonStyles\" data-wp-on--click=\"actions.showLightbox\" data-wp-on--load=\"callbacks.setButtonStyles\" data-wp-on--pointerdown=\"actions.preloadImage\" data-wp-on--pointerenter=\"actions.preloadImageWithDelay\" data-wp-on--pointerleave=\"actions.cancelPreload\" data-wp-on-window--resize=\"callbacks.setButtonStyles\" src=\"https:\/\/loudavymkrokem.cz\/wp-content\/uploads\/2026\/08\/olomouc-s-detmi-ulicka-s-vezi.jpg\" alt=\"Ruelle d&#039;Olomouc avec une tour d&#039;\u00e9glise en arri\u00e8re-plan\" class=\"wp-image-401159\" title=\"\" srcset=\"https:\/\/loudavymkrokem.cz\/wp-content\/uploads\/2026\/08\/olomouc-s-detmi-ulicka-s-vezi.jpg 1467w, https:\/\/loudavymkrokem.cz\/wp-content\/uploads\/2026\/08\/olomouc-s-detmi-ulicka-s-vezi-200x300.jpg 200w, https:\/\/loudavymkrokem.cz\/wp-content\/uploads\/2026\/08\/olomouc-s-detmi-ulicka-s-vezi-700x1050.jpg 700w, https:\/\/loudavymkrokem.cz\/wp-content\/uploads\/2026\/08\/olomouc-s-detmi-ulicka-s-vezi-768x1152.jpg 768w, https:\/\/loudavymkrokem.cz\/wp-content\/uploads\/2026\/08\/olomouc-s-detmi-ulicka-s-vezi-1024x1536.jpg 1024w, https:\/\/loudavymkrokem.cz\/wp-content\/uploads\/2026\/08\/olomouc-s-detmi-ulicka-s-vezi-1366x2048.jpg 1366w, https:\/\/loudavymkrokem.cz\/wp-content\/uploads\/2026\/08\/olomouc-s-detmi-ulicka-s-vezi-696x1044.jpg 696w, https:\/\/loudavymkrokem.cz\/wp-content\/uploads\/2026\/08\/olomouc-s-detmi-ulicka-s-vezi-1392x2088.jpg 1392w\" sizes=\"(max-width: 1467px) 100vw, 1467px\" \/><button\n\t\t\tclass=\"lightbox-trigger\"\n\t\t\ttype=\"button\"\n\t\t\taria-haspopup=\"dialog\"\n\t\t\tdata-wp-bind--aria-label=\"state.thisImage.triggerButtonAriaLabel\"\n\t\t\tdata-wp-init=\"callbacks.initTriggerButton\"\n\t\t\tdata-wp-on--click=\"actions.showLightbox\"\n\t\t\tdata-wp-style--right=\"state.thisImage.buttonRight\"\n\t\t\tdata-wp-style--top=\"state.thisImage.buttonTop\"\n\t\t>\n\t\t\t<svg xmlns=\"http:\/\/www.w3.org\/2000\/svg\" width=\"12\" height=\"12\" fill=\"none\" viewBox=\"0 0 12 12\">\n\t\t\t\t<path fill=\"#fff\" d=\"M2 0a2 2 0 0 0-2 2v2h1.5V2a.5.5 0 0 1 .5-.5h2V0H2Zm2 10.5H2a.5.5 0 0 1-.5-.5V8H0v2a2 2 0 0 0 2 2h2v-1.5ZM8 12v-1.5h2a.5.5 0 0 0 .5-.5V8H12v2a2 2 0 0 1-2 2H8Zm2-12a2 2 0 0 1 2 2v2h-1.5V2a.5.5 0 0 0-.5-.5H8V0h2Z\" \/>\n\t\t\t<\/svg>\n\t\t<\/button><figcaption class=\"wp-element-caption\">Les tours d&rsquo;\u00e9glise pointent au-dessus des ruelles d&rsquo;Olomouc \u00e0 presque chaque coin de rue<\/figcaption><\/figure>\n\n\n\n<p class=\"wp-block-paragraph\">Une vue encore meilleure s&rsquo;offre para\u00eet-il depuis la tour de l&rsquo;\u00e9glise Saint-Maurice, qui mesure 46 m\u00e8tres et \u00e0 laquelle m\u00e8ne un bel et vieil escalier en colima\u00e7on, qui a lui-m\u00eame un petit air de film d&rsquo;aventure. Elle est g\u00e9n\u00e9ralement ouverte de mai \u00e0 septembre environ, et uniquement par beau temps, pour des raisons de s\u00e9curit\u00e9.<\/p>\n\n\n\n<p class=\"wp-block-paragraph\">Outre son magnifique panorama, cette \u00e9glise r\u00e9serve un autre grand attrait. Elle abrite en effet le <strong>plus grand orgue d&rsquo;Europe centrale<\/strong>. Si tu as de la chance et que quelqu&rsquo;un est justement en train de r\u00e9p\u00e9ter ou qu&rsquo;un concert a lieu, le son majestueux qui r\u00e9sonne dans l&rsquo;immense nef de l&rsquo;\u00e9glise te clouera \u00e0 coup s\u00fbr sur place.<\/p>\n\n\n\n<h3 class=\"wp-block-heading\"><span class=\"ez-toc-section\" id=\"6_Les_jardins_Smetana\"><\/span>6. Les jardins Smetana<span class=\"ez-toc-section-end\"><\/span><\/h3>\n\n\n\n<figure data-wp-context=\"{&quot;imageId&quot;:&quot;6a954080726e0&quot;}\" data-wp-interactive=\"core\/image\" data-wp-key=\"6a954080726e0\" class=\"wp-block-image size-full wp-lightbox-container\"><img decoding=\"async\" width=\"1350\" height=\"1800\" data-wp-class--hide=\"state.isContentHidden\" data-wp-class--show=\"state.isContentVisible\" data-wp-init=\"callbacks.setButtonStyles\" data-wp-on--click=\"actions.showLightbox\" data-wp-on--load=\"callbacks.setButtonStyles\" data-wp-on--pointerdown=\"actions.preloadImage\" data-wp-on--pointerenter=\"actions.preloadImageWithDelay\" data-wp-on--pointerleave=\"actions.cancelPreload\" data-wp-on-window--resize=\"callbacks.setButtonStyles\" src=\"https:\/\/loudavymkrokem.cz\/wp-content\/uploads\/2026\/08\/olomouc-s-detmi-smetanovy-sady.jpg\" alt=\"All\u00e9e et parterres dans les jardins Smetana \u00e0 Olomouc\" class=\"wp-image-401155\" title=\"\" srcset=\"https:\/\/loudavymkrokem.cz\/wp-content\/uploads\/2026\/08\/olomouc-s-detmi-smetanovy-sady.jpg 1350w, https:\/\/loudavymkrokem.cz\/wp-content\/uploads\/2026\/08\/olomouc-s-detmi-smetanovy-sady-225x300.jpg 225w, https:\/\/loudavymkrokem.cz\/wp-content\/uploads\/2026\/08\/olomouc-s-detmi-smetanovy-sady-700x933.jpg 700w, https:\/\/loudavymkrokem.cz\/wp-content\/uploads\/2026\/08\/olomouc-s-detmi-smetanovy-sady-768x1024.jpg 768w, https:\/\/loudavymkrokem.cz\/wp-content\/uploads\/2026\/08\/olomouc-s-detmi-smetanovy-sady-1152x1536.jpg 1152w, https:\/\/loudavymkrokem.cz\/wp-content\/uploads\/2026\/08\/olomouc-s-detmi-smetanovy-sady-696x928.jpg 696w\" sizes=\"(max-width: 1350px) 100vw, 1350px\" \/><button\n\t\t\tclass=\"lightbox-trigger\"\n\t\t\ttype=\"button\"\n\t\t\taria-haspopup=\"dialog\"\n\t\t\tdata-wp-bind--aria-label=\"state.thisImage.triggerButtonAriaLabel\"\n\t\t\tdata-wp-init=\"callbacks.initTriggerButton\"\n\t\t\tdata-wp-on--click=\"actions.showLightbox\"\n\t\t\tdata-wp-style--right=\"state.thisImage.buttonRight\"\n\t\t\tdata-wp-style--top=\"state.thisImage.buttonTop\"\n\t\t>\n\t\t\t<svg xmlns=\"http:\/\/www.w3.org\/2000\/svg\" width=\"12\" height=\"12\" fill=\"none\" viewBox=\"0 0 12 12\">\n\t\t\t\t<path fill=\"#fff\" d=\"M2 0a2 2 0 0 0-2 2v2h1.5V2a.5.5 0 0 1 .5-.5h2V0H2Zm2 10.5H2a.5.5 0 0 1-.5-.5V8H0v2a2 2 0 0 0 2 2h2v-1.5ZM8 12v-1.5h2a.5.5 0 0 0 .5-.5V8H12v2a2 2 0 0 1-2 2H8Zm2-12a2 2 0 0 1 2 2v2h-1.5V2a.5.5 0 0 0-.5-.5H8V0h2Z\" \/>\n\t\t\t<\/svg>\n\t\t<\/button><figcaption class=\"wp-element-caption\">Les larges all\u00e9es des jardins Smetana sont parfaites pour la draisienne et la poussette<\/figcaption><\/figure>\n\n\n\n<p class=\"wp-block-paragraph\">Quand tout le monde en a assez des pav\u00e9s et que tu as besoin de laisser les enfants se d\u00e9fouler un peu, mets le cap sur les jardins Smetana. C&rsquo;est un parc vaste et magnifiquement entretenu, \u00e0 deux pas du centre, qui affiche sur les cartes une excellente note de 4,6 \u00e9toiles. Tu y trouveras une foule de grands arbres offrant une ombre bienfaisante lors des chaudes journ\u00e9es d&rsquo;\u00e9t\u00e9, et d&rsquo;interminables all\u00e9es goudronn\u00e9es id\u00e9ales pour la draisienne.<\/p>\n\n\n\n<p class=\"wp-block-paragraph\">Il y r\u00e8gne un calme immense et beaucoup d&rsquo;espace pour un pique-nique sur l&rsquo;herbe. Dans les avis, les parents signalent toutefois honn\u00eatement un petit inconv\u00e9nient : pour un parc aussi vaste, il n&rsquo;y a qu&rsquo;une seule aire de jeux, si bien qu&rsquo;aux heures de pointe elle peut \u00eatre assez bond\u00e9e.<\/p>\n\n\n\n<h3 class=\"wp-block-heading\"><span class=\"ez-toc-section\" id=\"7_Les_jardins_Bezruc_et_les_remparts\"><\/span>7. Les jardins Bezru\u010d et les remparts<span class=\"ez-toc-section-end\"><\/span><\/h3>\n\n\n\n<figure data-wp-context=\"{&quot;imageId&quot;:&quot;6a95408072b68&quot;}\" data-wp-interactive=\"core\/image\" data-wp-key=\"6a95408072b68\" class=\"wp-block-image size-full wp-lightbox-container\"><img decoding=\"async\" width=\"1800\" height=\"1350\" data-wp-class--hide=\"state.isContentHidden\" data-wp-class--show=\"state.isContentVisible\" data-wp-init=\"callbacks.setButtonStyles\" data-wp-on--click=\"actions.showLightbox\" data-wp-on--load=\"callbacks.setButtonStyles\" data-wp-on--pointerdown=\"actions.preloadImage\" data-wp-on--pointerenter=\"actions.preloadImageWithDelay\" data-wp-on--pointerleave=\"actions.cancelPreload\" data-wp-on-window--resize=\"callbacks.setButtonStyles\" src=\"https:\/\/loudavymkrokem.cz\/wp-content\/uploads\/2026\/08\/olomouc-s-detmi-bezrucovy-sady.jpg\" alt=\"Remparts de la ville avec une tourelle dans les jardins Bezru\u010d \u00e0 Olomouc\" class=\"wp-image-401121\" title=\"\" srcset=\"https:\/\/loudavymkrokem.cz\/wp-content\/uploads\/2026\/08\/olomouc-s-detmi-bezrucovy-sady.jpg 1800w, https:\/\/loudavymkrokem.cz\/wp-content\/uploads\/2026\/08\/olomouc-s-detmi-bezrucovy-sady-300x225.jpg 300w, https:\/\/loudavymkrokem.cz\/wp-content\/uploads\/2026\/08\/olomouc-s-detmi-bezrucovy-sady-700x525.jpg 700w, https:\/\/loudavymkrokem.cz\/wp-content\/uploads\/2026\/08\/olomouc-s-detmi-bezrucovy-sady-768x576.jpg 768w, https:\/\/loudavymkrokem.cz\/wp-content\/uploads\/2026\/08\/olomouc-s-detmi-bezrucovy-sady-1536x1152.jpg 1536w, https:\/\/loudavymkrokem.cz\/wp-content\/uploads\/2026\/08\/olomouc-s-detmi-bezrucovy-sady-80x60.jpg 80w, https:\/\/loudavymkrokem.cz\/wp-content\/uploads\/2026\/08\/olomouc-s-detmi-bezrucovy-sady-160x120.jpg 160w, https:\/\/loudavymkrokem.cz\/wp-content\/uploads\/2026\/08\/olomouc-s-detmi-bezrucovy-sady-696x522.jpg 696w, https:\/\/loudavymkrokem.cz\/wp-content\/uploads\/2026\/08\/olomouc-s-detmi-bezrucovy-sady-1392x1044.jpg 1392w\" sizes=\"(max-width: 1800px) 100vw, 1800px\" \/><button\n\t\t\tclass=\"lightbox-trigger\"\n\t\t\ttype=\"button\"\n\t\t\taria-haspopup=\"dialog\"\n\t\t\tdata-wp-bind--aria-label=\"state.thisImage.triggerButtonAriaLabel\"\n\t\t\tdata-wp-init=\"callbacks.initTriggerButton\"\n\t\t\tdata-wp-on--click=\"actions.showLightbox\"\n\t\t\tdata-wp-style--right=\"state.thisImage.buttonRight\"\n\t\t\tdata-wp-style--top=\"state.thisImage.buttonTop\"\n\t\t>\n\t\t\t<svg xmlns=\"http:\/\/www.w3.org\/2000\/svg\" width=\"12\" height=\"12\" fill=\"none\" viewBox=\"0 0 12 12\">\n\t\t\t\t<path fill=\"#fff\" d=\"M2 0a2 2 0 0 0-2 2v2h1.5V2a.5.5 0 0 1 .5-.5h2V0H2Zm2 10.5H2a.5.5 0 0 1-.5-.5V8H0v2a2 2 0 0 0 2 2h2v-1.5ZM8 12v-1.5h2a.5.5 0 0 0 .5-.5V8H12v2a2 2 0 0 1-2 2H8Zm2-12a2 2 0 0 1 2 2v2h-1.5V2a.5.5 0 0 0-.5-.5H8V0h2Z\" \/>\n\t\t\t<\/svg>\n\t\t<\/button><figcaption class=\"wp-element-caption\">Les remparts avec tourelle dans les jardins Bezru\u010d, d\u00e9cor id\u00e9al pour les jeux de chevaliers<\/figcaption><\/figure>\n\n\n\n<p class=\"wp-block-paragraph\">Juste en vue des jardins Smetana, s&rsquo;\u00e9tirant au pied des anciens remparts de la ville, s&rsquo;\u00e9tendent les jardins Bezru\u010d. Si tu t&rsquo;y rends au printemps, tu assisteras \u00e0 un spectacle incroyable, car tout le parc s&rsquo;illumine de magnifiques magnolias en fleurs, sous lesquels se photographie sans doute chaque visiteur de la ville.<\/p>\n\n\n\n<p class=\"wp-block-paragraph\">Pour les enfants, il y a ici une super attraction : un sentier p\u00e9dagogique longeant les anciens fortins baroques. L&rsquo;histoire de la vieille ville fortifi\u00e9e y flotte dans l&rsquo;air, et pour les gar\u00e7ons qui adorent les chevaliers et les ch\u00e2teaux, ces puissants murs de brique sont parfaits pour toutes sortes de jeux de bataille pleins d&rsquo;imagination.<\/p>\n\n\n\n<h3 class=\"wp-block-heading\"><span class=\"ez-toc-section\" id=\"8_La_Roseraie\"><\/span>8. La Roseraie<span class=\"ez-toc-section-end\"><\/span><\/h3>\n\n\n\n<figure data-wp-context=\"{&quot;imageId&quot;:&quot;6a95408072f6f&quot;}\" data-wp-interactive=\"core\/image\" data-wp-key=\"6a95408072f6f\" class=\"wp-block-image size-full wp-lightbox-container\"><img decoding=\"async\" width=\"1800\" height=\"1347\" data-wp-class--hide=\"state.isContentHidden\" data-wp-class--show=\"state.isContentVisible\" data-wp-init=\"callbacks.setButtonStyles\" data-wp-on--click=\"actions.showLightbox\" data-wp-on--load=\"callbacks.setButtonStyles\" data-wp-on--pointerdown=\"actions.preloadImage\" data-wp-on--pointerenter=\"actions.preloadImageWithDelay\" data-wp-on--pointerleave=\"actions.cancelPreload\" data-wp-on-window--resize=\"callbacks.setButtonStyles\" src=\"https:\/\/loudavymkrokem.cz\/wp-content\/uploads\/2026\/08\/olomouc-s-detmi-rozarium.jpg\" alt=\"La Roseraie d&#039;Olomouc avec ses parterres de roses en fleurs\" class=\"wp-image-401109\" title=\"\" srcset=\"https:\/\/loudavymkrokem.cz\/wp-content\/uploads\/2026\/08\/olomouc-s-detmi-rozarium.jpg 1800w, https:\/\/loudavymkrokem.cz\/wp-content\/uploads\/2026\/08\/olomouc-s-detmi-rozarium-300x225.jpg 300w, https:\/\/loudavymkrokem.cz\/wp-content\/uploads\/2026\/08\/olomouc-s-detmi-rozarium-700x524.jpg 700w, https:\/\/loudavymkrokem.cz\/wp-content\/uploads\/2026\/08\/olomouc-s-detmi-rozarium-768x575.jpg 768w, https:\/\/loudavymkrokem.cz\/wp-content\/uploads\/2026\/08\/olomouc-s-detmi-rozarium-1536x1149.jpg 1536w, https:\/\/loudavymkrokem.cz\/wp-content\/uploads\/2026\/08\/olomouc-s-detmi-rozarium-80x60.jpg 80w, https:\/\/loudavymkrokem.cz\/wp-content\/uploads\/2026\/08\/olomouc-s-detmi-rozarium-160x120.jpg 160w, https:\/\/loudavymkrokem.cz\/wp-content\/uploads\/2026\/08\/olomouc-s-detmi-rozarium-696x521.jpg 696w, https:\/\/loudavymkrokem.cz\/wp-content\/uploads\/2026\/08\/olomouc-s-detmi-rozarium-1392x1042.jpg 1392w\" sizes=\"(max-width: 1800px) 100vw, 1800px\" \/><button\n\t\t\tclass=\"lightbox-trigger\"\n\t\t\ttype=\"button\"\n\t\t\taria-haspopup=\"dialog\"\n\t\t\tdata-wp-bind--aria-label=\"state.thisImage.triggerButtonAriaLabel\"\n\t\t\tdata-wp-init=\"callbacks.initTriggerButton\"\n\t\t\tdata-wp-on--click=\"actions.showLightbox\"\n\t\t\tdata-wp-style--right=\"state.thisImage.buttonRight\"\n\t\t\tdata-wp-style--top=\"state.thisImage.buttonTop\"\n\t\t>\n\t\t\t<svg xmlns=\"http:\/\/www.w3.org\/2000\/svg\" width=\"12\" height=\"12\" fill=\"none\" viewBox=\"0 0 12 12\">\n\t\t\t\t<path fill=\"#fff\" d=\"M2 0a2 2 0 0 0-2 2v2h1.5V2a.5.5 0 0 1 .5-.5h2V0H2Zm2 10.5H2a.5.5 0 0 1-.5-.5V8H0v2a2 2 0 0 0 2 2h2v-1.5ZM8 12v-1.5h2a.5.5 0 0 0 .5-.5V8H12v2a2 2 0 0 1-2 2H8Zm2-12a2 2 0 0 1 2 2v2h-1.5V2a.5.5 0 0 0-.5-.5H8V0h2Z\" \/>\n\t\t\t<\/svg>\n\t\t<\/button><figcaption class=\"wp-element-caption\">La Roseraie a de larges all\u00e9es droites, tr\u00e8s pratiques pour la poussette<\/figcaption><\/figure>\n\n\n\n<p class=\"wp-block-paragraph\">Dans la rue 17. listopadu, tu trouveras une autre oasis de verdure : la Roseraie d&rsquo;Olomouc, qui fait \u00e0 la fois office de jardin botanique et de roseraie. C&rsquo;est un lieu extr\u00eamement appr\u00e9ci\u00e9, comme en t\u00e9moigne sa note de <strong>4,7 sur 1 877 avis<\/strong>, et les habitants aiment beaucoup y venir se promener le week-end.<\/p>\n\n\n\n<p class=\"wp-block-paragraph\">Un \u00e9norme atout pour les familles, c&rsquo;est que le site est en partie sans obstacles et qu&rsquo;il se distingue par de larges all\u00e9es bien droites : un vrai r\u00e9gal si tu te d\u00e9places <strong>avec une poussette<\/strong>. En p\u00e9riode de floraison des roses, le parfum est en plus tel que tu n&rsquo;auras plus du tout envie de repartir.<\/p>\n\n\n\n<h3 class=\"wp-block-heading\"><span class=\"ez-toc-section\" id=\"9_Le_Fortin_de_la_Couronne\"><\/span>9. Le Fortin de la Couronne<span class=\"ez-toc-section-end\"><\/span><\/h3>\n\n\n\n<figure data-wp-context=\"{&quot;imageId&quot;:&quot;6a95408073366&quot;}\" data-wp-interactive=\"core\/image\" data-wp-key=\"6a95408073366\" class=\"wp-block-image size-full wp-lightbox-container\"><img decoding=\"async\" width=\"1800\" height=\"1350\" data-wp-class--hide=\"state.isContentHidden\" data-wp-class--show=\"state.isContentVisible\" data-wp-init=\"callbacks.setButtonStyles\" data-wp-on--click=\"actions.showLightbox\" data-wp-on--load=\"callbacks.setButtonStyles\" data-wp-on--pointerdown=\"actions.preloadImage\" data-wp-on--pointerenter=\"actions.preloadImageWithDelay\" data-wp-on--pointerleave=\"actions.cancelPreload\" data-wp-on-window--resize=\"callbacks.setButtonStyles\" src=\"https:\/\/loudavymkrokem.cz\/wp-content\/uploads\/2026\/08\/olomouc-s-detmi-korunni-pevnustka.jpg\" alt=\"Remparts du Fortin de la Couronne \u00e0 Olomouc\" class=\"wp-image-401103\" title=\"\" srcset=\"https:\/\/loudavymkrokem.cz\/wp-content\/uploads\/2026\/08\/olomouc-s-detmi-korunni-pevnustka.jpg 1800w, https:\/\/loudavymkrokem.cz\/wp-content\/uploads\/2026\/08\/olomouc-s-detmi-korunni-pevnustka-300x225.jpg 300w, https:\/\/loudavymkrokem.cz\/wp-content\/uploads\/2026\/08\/olomouc-s-detmi-korunni-pevnustka-700x525.jpg 700w, https:\/\/loudavymkrokem.cz\/wp-content\/uploads\/2026\/08\/olomouc-s-detmi-korunni-pevnustka-768x576.jpg 768w, https:\/\/loudavymkrokem.cz\/wp-content\/uploads\/2026\/08\/olomouc-s-detmi-korunni-pevnustka-1536x1152.jpg 1536w, https:\/\/loudavymkrokem.cz\/wp-content\/uploads\/2026\/08\/olomouc-s-detmi-korunni-pevnustka-80x60.jpg 80w, https:\/\/loudavymkrokem.cz\/wp-content\/uploads\/2026\/08\/olomouc-s-detmi-korunni-pevnustka-160x120.jpg 160w, https:\/\/loudavymkrokem.cz\/wp-content\/uploads\/2026\/08\/olomouc-s-detmi-korunni-pevnustka-696x522.jpg 696w, https:\/\/loudavymkrokem.cz\/wp-content\/uploads\/2026\/08\/olomouc-s-detmi-korunni-pevnustka-1392x1044.jpg 1392w\" sizes=\"(max-width: 1800px) 100vw, 1800px\" \/><button\n\t\t\tclass=\"lightbox-trigger\"\n\t\t\ttype=\"button\"\n\t\t\taria-haspopup=\"dialog\"\n\t\t\tdata-wp-bind--aria-label=\"state.thisImage.triggerButtonAriaLabel\"\n\t\t\tdata-wp-init=\"callbacks.initTriggerButton\"\n\t\t\tdata-wp-on--click=\"actions.showLightbox\"\n\t\t\tdata-wp-style--right=\"state.thisImage.buttonRight\"\n\t\t\tdata-wp-style--top=\"state.thisImage.buttonTop\"\n\t\t>\n\t\t\t<svg xmlns=\"http:\/\/www.w3.org\/2000\/svg\" width=\"12\" height=\"12\" fill=\"none\" viewBox=\"0 0 12 12\">\n\t\t\t\t<path fill=\"#fff\" d=\"M2 0a2 2 0 0 0-2 2v2h1.5V2a.5.5 0 0 1 .5-.5h2V0H2Zm2 10.5H2a.5.5 0 0 1-.5-.5V8H0v2a2 2 0 0 0 2 2h2v-1.5ZM8 12v-1.5h2a.5.5 0 0 0 .5-.5V8H12v2a2 2 0 0 1-2 2H8Zm2-12a2 2 0 0 1 2 2v2h-1.5V2a.5.5 0 0 0-.5-.5H8V0h2Z\" \/>\n\t\t\t<\/svg>\n\t\t<\/button><figcaption class=\"wp-element-caption\">Les remparts du Fortin de la Couronne, o\u00f9 se trouve aussi la Forteresse de la Connaissance<\/figcaption><\/figure>\n\n\n\n<p class=\"wp-block-paragraph\">Olomouc fut jadis une puissante forteresse, et tu peux toucher du doigt un morceau de cette histoire militaire au sein du Fortin de la Couronne, situ\u00e9 au 8 de la rue Michalsk\u00e1. On y trouve un fragment bien conserv\u00e9 de la forteresse baroque th\u00e9r\u00e9sienne, et l&rsquo;ancienne poudri\u00e8re abrite aujourd&rsquo;hui un mus\u00e9e o\u00f9 tu peux admirer un immense mod\u00e8le en pl\u00e2tre des fortifications d&rsquo;origine de la ville. Les gens aiment beaucoup cet endroit et lui donnent une belle note de <strong>4,6 sur 733 avis<\/strong>.<\/p>\n\n\n\n<p class=\"wp-block-paragraph\">Le site est ouvert d&rsquo;avril \u00e0 octobre (ferm\u00e9 le lundi, sinon du mardi au vendredi de 9 h \u00e0 17 h, et le week-end de 10 h \u00e0 17 h), la derni\u00e8re visite \u00e9tant possible \u00e0 16 h 30. L&rsquo;entr\u00e9e est tr\u00e8s abordable : les adultes paient <strong>60 CZK (environ 2,50 \u20ac)<\/strong>, les enfants de 6 \u00e0 15 ans <strong>30 CZK (environ 1,20 \u20ac)<\/strong>, tandis que les tout-petits de moins de 6 ans entrent gratuitement. Il existe aussi des billets famille avantageux \u00e0 120 CZK (environ 5 \u20ac, formule 2+1) ou 150 CZK (environ 6 \u20ac) pour les familles plus nombreuses.<\/p>\n\n\n\n<h3 class=\"wp-block-heading\"><span class=\"ez-toc-section\" id=\"10_Les_fresques_et_le_street_art_dans_les_passages\"><\/span>10. Les fresques et le street art dans les passages<span class=\"ez-toc-section-end\"><\/span><\/h3>\n\n\n\n<figure data-wp-context=\"{&quot;imageId&quot;:&quot;6a954080737cb&quot;}\" data-wp-interactive=\"core\/image\" data-wp-key=\"6a954080737cb\" class=\"wp-block-image size-full wp-lightbox-container\"><img decoding=\"async\" width=\"2200\" height=\"1467\" data-wp-class--hide=\"state.isContentHidden\" data-wp-class--show=\"state.isContentVisible\" data-wp-init=\"callbacks.setButtonStyles\" data-wp-on--click=\"actions.showLightbox\" data-wp-on--load=\"callbacks.setButtonStyles\" data-wp-on--pointerdown=\"actions.preloadImage\" data-wp-on--pointerenter=\"actions.preloadImageWithDelay\" data-wp-on--pointerleave=\"actions.cancelPreload\" data-wp-on-window--resize=\"callbacks.setButtonStyles\" src=\"https:\/\/loudavymkrokem.cz\/wp-content\/uploads\/2026\/08\/olomouc-s-detmi-mural-detail-klenba.jpg\" alt=\"Peinture bleue sur la vo\u00fbte d&#039;un passage dans le centre d&#039;Olomouc\" class=\"wp-image-401048\" title=\"\" srcset=\"https:\/\/loudavymkrokem.cz\/wp-content\/uploads\/2026\/08\/olomouc-s-detmi-mural-detail-klenba.jpg 2200w, https:\/\/loudavymkrokem.cz\/wp-content\/uploads\/2026\/08\/olomouc-s-detmi-mural-detail-klenba-300x200.jpg 300w, https:\/\/loudavymkrokem.cz\/wp-content\/uploads\/2026\/08\/olomouc-s-detmi-mural-detail-klenba-700x467.jpg 700w, https:\/\/loudavymkrokem.cz\/wp-content\/uploads\/2026\/08\/olomouc-s-detmi-mural-detail-klenba-768x512.jpg 768w, https:\/\/loudavymkrokem.cz\/wp-content\/uploads\/2026\/08\/olomouc-s-detmi-mural-detail-klenba-1536x1024.jpg 1536w, https:\/\/loudavymkrokem.cz\/wp-content\/uploads\/2026\/08\/olomouc-s-detmi-mural-detail-klenba-2048x1366.jpg 2048w, https:\/\/loudavymkrokem.cz\/wp-content\/uploads\/2026\/08\/olomouc-s-detmi-mural-detail-klenba-696x464.jpg 696w, https:\/\/loudavymkrokem.cz\/wp-content\/uploads\/2026\/08\/olomouc-s-detmi-mural-detail-klenba-1392x928.jpg 1392w, https:\/\/loudavymkrokem.cz\/wp-content\/uploads\/2026\/08\/olomouc-s-detmi-mural-detail-klenba-1920x1280.jpg 1920w\" sizes=\"(max-width: 2200px) 100vw, 2200px\" \/><button\n\t\t\tclass=\"lightbox-trigger\"\n\t\t\ttype=\"button\"\n\t\t\taria-haspopup=\"dialog\"\n\t\t\tdata-wp-bind--aria-label=\"state.thisImage.triggerButtonAriaLabel\"\n\t\t\tdata-wp-init=\"callbacks.initTriggerButton\"\n\t\t\tdata-wp-on--click=\"actions.showLightbox\"\n\t\t\tdata-wp-style--right=\"state.thisImage.buttonRight\"\n\t\t\tdata-wp-style--top=\"state.thisImage.buttonTop\"\n\t\t>\n\t\t\t<svg xmlns=\"http:\/\/www.w3.org\/2000\/svg\" width=\"12\" height=\"12\" fill=\"none\" viewBox=\"0 0 12 12\">\n\t\t\t\t<path fill=\"#fff\" d=\"M2 0a2 2 0 0 0-2 2v2h1.5V2a.5.5 0 0 1 .5-.5h2V0H2Zm2 10.5H2a.5.5 0 0 1-.5-.5V8H0v2a2 2 0 0 0 2 2h2v-1.5ZM8 12v-1.5h2a.5.5 0 0 0 .5-.5V8H12v2a2 2 0 0 1-2 2H8Zm2-12a2 2 0 0 1 2 2v2h-1.5V2a.5.5 0 0 0-.5-.5H8V0h2Z\" \/>\n\t\t\t<\/svg>\n\t\t<\/button><figcaption class=\"wp-element-caption\">Les passages orn\u00e9s de peintures sont, pour les enfants, la meilleure partie de la balade dans le centre<\/figcaption><\/figure>\n\n\n\n<figure data-wp-context=\"{&quot;imageId&quot;:&quot;6a95408073b44&quot;}\" data-wp-interactive=\"core\/image\" data-wp-key=\"6a95408073b44\" class=\"wp-block-image size-full wp-lightbox-container\"><img decoding=\"async\" width=\"2200\" height=\"1467\" data-wp-class--hide=\"state.isContentHidden\" data-wp-class--show=\"state.isContentVisible\" data-wp-init=\"callbacks.setButtonStyles\" data-wp-on--click=\"actions.showLightbox\" data-wp-on--load=\"callbacks.setButtonStyles\" data-wp-on--pointerdown=\"actions.preloadImage\" data-wp-on--pointerenter=\"actions.preloadImageWithDelay\" data-wp-on--pointerleave=\"actions.cancelPreload\" data-wp-on-window--resize=\"callbacks.setButtonStyles\" src=\"https:\/\/loudavymkrokem.cz\/wp-content\/uploads\/2026\/08\/olomouc-s-detmi-mural-stit-domu.jpg\" alt=\"Peinture grand format sur le pignon d&#039;une maison \u00e0 Olomouc\" class=\"wp-image-401040\" title=\"\" srcset=\"https:\/\/loudavymkrokem.cz\/wp-content\/uploads\/2026\/08\/olomouc-s-detmi-mural-stit-domu.jpg 2200w, https:\/\/loudavymkrokem.cz\/wp-content\/uploads\/2026\/08\/olomouc-s-detmi-mural-stit-domu-300x200.jpg 300w, https:\/\/loudavymkrokem.cz\/wp-content\/uploads\/2026\/08\/olomouc-s-detmi-mural-stit-domu-700x467.jpg 700w, https:\/\/loudavymkrokem.cz\/wp-content\/uploads\/2026\/08\/olomouc-s-detmi-mural-stit-domu-768x512.jpg 768w, https:\/\/loudavymkrokem.cz\/wp-content\/uploads\/2026\/08\/olomouc-s-detmi-mural-stit-domu-1536x1024.jpg 1536w, https:\/\/loudavymkrokem.cz\/wp-content\/uploads\/2026\/08\/olomouc-s-detmi-mural-stit-domu-2048x1366.jpg 2048w, https:\/\/loudavymkrokem.cz\/wp-content\/uploads\/2026\/08\/olomouc-s-detmi-mural-stit-domu-696x464.jpg 696w, https:\/\/loudavymkrokem.cz\/wp-content\/uploads\/2026\/08\/olomouc-s-detmi-mural-stit-domu-1392x928.jpg 1392w, https:\/\/loudavymkrokem.cz\/wp-content\/uploads\/2026\/08\/olomouc-s-detmi-mural-stit-domu-1920x1280.jpg 1920w\" sizes=\"(max-width: 2200px) 100vw, 2200px\" \/><button\n\t\t\tclass=\"lightbox-trigger\"\n\t\t\ttype=\"button\"\n\t\t\taria-haspopup=\"dialog\"\n\t\t\tdata-wp-bind--aria-label=\"state.thisImage.triggerButtonAriaLabel\"\n\t\t\tdata-wp-init=\"callbacks.initTriggerButton\"\n\t\t\tdata-wp-on--click=\"actions.showLightbox\"\n\t\t\tdata-wp-style--right=\"state.thisImage.buttonRight\"\n\t\t\tdata-wp-style--top=\"state.thisImage.buttonTop\"\n\t\t>\n\t\t\t<svg xmlns=\"http:\/\/www.w3.org\/2000\/svg\" width=\"12\" height=\"12\" fill=\"none\" viewBox=\"0 0 12 12\">\n\t\t\t\t<path fill=\"#fff\" d=\"M2 0a2 2 0 0 0-2 2v2h1.5V2a.5.5 0 0 1 .5-.5h2V0H2Zm2 10.5H2a.5.5 0 0 1-.5-.5V8H0v2a2 2 0 0 0 2 2h2v-1.5ZM8 12v-1.5h2a.5.5 0 0 0 .5-.5V8H12v2a2 2 0 0 1-2 2H8Zm2-12a2 2 0 0 1 2 2v2h-1.5V2a.5.5 0 0 0-.5-.5H8V0h2Z\" \/>\n\t\t\t<\/svg>\n\t\t<\/button><figcaption class=\"wp-element-caption\">On trouve aussi des peintures grand format sur les pignons de maisons ordinaires<\/figcaption><\/figure>\n\n\n\n<p class=\"wp-block-paragraph\">Ma derni\u00e8re id\u00e9e d&rsquo;activit\u00e9 en ext\u00e9rieur est une sorte de jeu de piste urbain. Olomouc respire certes l&rsquo;histoire, mais elle n&rsquo;a pas peur de l&rsquo;art moderne. En plein centre, souvent cach\u00e9es dans les passages, sous les arcades ou sur les hauts pignons de vieilles maisons, se trouvent plusieurs saisissantes peintures grand format, les fameuses fresques murales.<\/p>\n\n\n\n<p class=\"wp-block-paragraph\">Essaie de rep\u00e9rer leurs emplacements \u00e0 l&rsquo;avance et transforme la promenade en ville en jeu d&rsquo;enqu\u00eateurs. Les enfants d\u00e9couvrent g\u00e9n\u00e9ralement ces immenses tableaux color\u00e9s avec un enthousiasme fou, et cela se combine id\u00e9alement, par exemple, avec la fameuse chasse aux fontaines baroques \u00e9voqu\u00e9e plus haut.<\/p>\n\n\n\n<h2 class=\"wp-block-heading\"><span class=\"ez-toc-section\" id=\"Quand_il_pleut_aires_de_jeux_musees_et_centres_de_loisirs\"><\/span>Quand il pleut : aires de jeux, mus\u00e9es et centres de loisirs<span class=\"ez-toc-section-end\"><\/span><\/h2>\n\n\n\n<p class=\"wp-block-paragraph\">Si tu te demandes <strong>o\u00f9 aller \u00e0 Olomouc avec des enfants quand il pleut<\/strong>, j&rsquo;ai une excellente nouvelle pour toi. Cette ville est sans doute la mieux \u00e9quip\u00e9e de tout le pays pour les jours pluvieux. La concentration d&rsquo;aires de jeux couvertes de qualit\u00e9 et d&rsquo;expositions interactives y est tout simplement in\u00e9dite, et l&rsquo;une de ces magnifiques aires du centre nous a nous-m\u00eames sauv\u00e9 tout un apr\u00e8s-midi. Passons en revue les meilleures options.<\/p>\n\n\n\n<h3 class=\"wp-block-heading\"><span class=\"ez-toc-section\" id=\"11_La_Forteresse_de_la_Connaissance\"><\/span>11. La Forteresse de la Connaissance<span class=\"ez-toc-section-end\"><\/span><\/h3>\n\n\n\n<figure data-wp-context=\"{&quot;imageId&quot;:&quot;6a95408073ff7&quot;}\" data-wp-interactive=\"core\/image\" data-wp-key=\"6a95408073ff7\" class=\"wp-block-image size-full wp-lightbox-container\"><img decoding=\"async\" width=\"1800\" height=\"1347\" data-wp-class--hide=\"state.isContentHidden\" data-wp-class--show=\"state.isContentVisible\" data-wp-init=\"callbacks.setButtonStyles\" data-wp-on--click=\"actions.showLightbox\" data-wp-on--load=\"callbacks.setButtonStyles\" data-wp-on--pointerdown=\"actions.preloadImage\" data-wp-on--pointerenter=\"actions.preloadImageWithDelay\" data-wp-on--pointerleave=\"actions.cancelPreload\" data-wp-on-window--resize=\"callbacks.setButtonStyles\" src=\"https:\/\/loudavymkrokem.cz\/wp-content\/uploads\/2026\/08\/olomouc-s-detmi-pevnost-poznani.jpg\" alt=\"Exposition interactive \u00e0 la Forteresse de la Connaissance \u00e0 Olomouc\" class=\"wp-image-401123\" title=\"\" srcset=\"https:\/\/loudavymkrokem.cz\/wp-content\/uploads\/2026\/08\/olomouc-s-detmi-pevnost-poznani.jpg 1800w, https:\/\/loudavymkrokem.cz\/wp-content\/uploads\/2026\/08\/olomouc-s-detmi-pevnost-poznani-300x225.jpg 300w, https:\/\/loudavymkrokem.cz\/wp-content\/uploads\/2026\/08\/olomouc-s-detmi-pevnost-poznani-700x524.jpg 700w, https:\/\/loudavymkrokem.cz\/wp-content\/uploads\/2026\/08\/olomouc-s-detmi-pevnost-poznani-768x575.jpg 768w, https:\/\/loudavymkrokem.cz\/wp-content\/uploads\/2026\/08\/olomouc-s-detmi-pevnost-poznani-1536x1149.jpg 1536w, https:\/\/loudavymkrokem.cz\/wp-content\/uploads\/2026\/08\/olomouc-s-detmi-pevnost-poznani-80x60.jpg 80w, https:\/\/loudavymkrokem.cz\/wp-content\/uploads\/2026\/08\/olomouc-s-detmi-pevnost-poznani-160x120.jpg 160w, https:\/\/loudavymkrokem.cz\/wp-content\/uploads\/2026\/08\/olomouc-s-detmi-pevnost-poznani-696x521.jpg 696w, https:\/\/loudavymkrokem.cz\/wp-content\/uploads\/2026\/08\/olomouc-s-detmi-pevnost-poznani-1392x1042.jpg 1392w\" sizes=\"(max-width: 1800px) 100vw, 1800px\" \/><button\n\t\t\tclass=\"lightbox-trigger\"\n\t\t\ttype=\"button\"\n\t\t\taria-haspopup=\"dialog\"\n\t\t\tdata-wp-bind--aria-label=\"state.thisImage.triggerButtonAriaLabel\"\n\t\t\tdata-wp-init=\"callbacks.initTriggerButton\"\n\t\t\tdata-wp-on--click=\"actions.showLightbox\"\n\t\t\tdata-wp-style--right=\"state.thisImage.buttonRight\"\n\t\t\tdata-wp-style--top=\"state.thisImage.buttonTop\"\n\t\t>\n\t\t\t<svg xmlns=\"http:\/\/www.w3.org\/2000\/svg\" width=\"12\" height=\"12\" fill=\"none\" viewBox=\"0 0 12 12\">\n\t\t\t\t<path fill=\"#fff\" d=\"M2 0a2 2 0 0 0-2 2v2h1.5V2a.5.5 0 0 1 .5-.5h2V0H2Zm2 10.5H2a.5.5 0 0 1-.5-.5V8H0v2a2 2 0 0 0 2 2h2v-1.5ZM8 12v-1.5h2a.5.5 0 0 0 .5-.5V8H12v2a2 2 0 0 1-2 2H8Zm2-12a2 2 0 0 1 2 2v2h-1.5V2a.5.5 0 0 0-.5-.5H8V0h2Z\" \/>\n\t\t\t<\/svg>\n\t\t<\/button><figcaption class=\"wp-element-caption\">Plus de cent expositions interactives que les enfants peuvent toucher \u00e0 volont\u00e9<\/figcaption><\/figure>\n\n\n\n<p class=\"wp-block-paragraph\">Si tu cherches un programme pour tout un apr\u00e8s-midi pluvieux, le centre de sciences interactif de l&rsquo;universit\u00e9 Palack\u00fd, <a href=\"https:\/\/www.pevnostpoznani.cz\/\" target=\"_blank\" rel=\"nofollow noopener\">la Forteresse de la Connaissance<\/a>, install\u00e9 dans l&rsquo;enceinte du Fortin de la Couronne (17. listopadu 939), est le num\u00e9ro un absolu. Il affiche une note incroyable de <strong>4,7 sur pr\u00e8s de trois mille avis<\/strong> et, dans un ancien b\u00e2timent militaire, s&rsquo;y d\u00e9ploient quatre grandes expositions : Dans l&rsquo;histoire !, L&rsquo;eau vive, La raison en main et Lumi\u00e8re et t\u00e9n\u00e8bres.<\/p>\n\n\n\n<p class=\"wp-block-paragraph\">Au total, plus de <strong>100 dispositifs interactifs<\/strong> t&rsquo;y attendent, que les enfants peuvent toucher, tester et explorer, plus un formidable <strong>plan\u00e9tarium num\u00e9rique<\/strong>. Il est ouvert en semaine de 9 h \u00e0 17 h et le week-end de 10 h \u00e0 18 h (attention, de septembre \u00e0 mai il est ferm\u00e9 le lundi). Un adulte paie <strong>190 CZK (environ 7,80 \u20ac)<\/strong>, le tarif r\u00e9duit pour les enfants, \u00e9tudiants et seniors est de <strong>160 CZK (environ 6,60 \u20ac)<\/strong>, tandis que les billets famille vont de 460 \u00e0 775 CZK (environ 19 \u00e0 32 \u20ac) selon le nombre de personnes. Si tu ne veux visiter qu&rsquo;une seule exposition pr\u00e9cise, cela te co\u00fbtera 70 CZK (environ 3 \u20ac).<\/p>\n\n\n\n<h3 class=\"wp-block-heading\"><span class=\"ez-toc-section\" id=\"12_JaSam\"><\/span>12. J\u00e1S\u00e1m<span class=\"ez-toc-section-end\"><\/span><\/h3>\n\n\n\n<p class=\"wp-block-paragraph\">En plein c\u0153ur de la ville, au <strong>7 de la place Haute<\/strong>, \u00e0 quelques pas en face de l&rsquo;horloge, entre un bistrot \u00e0 la lavande et une boutique de fromage de tvar\u016f\u017eky, se cache une aire de jeux avec caf\u00e9 baptis\u00e9e J\u00e1S\u00e1m. C&rsquo;est l&rsquo;incarnation du r\u00eave de tout parent qui veut boire tranquillement un caf\u00e9 chaud pendant que son enfant joue en toute s\u00e9curit\u00e9. La note de <strong>4,7 attribu\u00e9e par 219 visiteurs<\/strong> parle d&rsquo;elle-m\u00eame.<\/p>\n\n\n\n<p class=\"wp-block-paragraph\">L&rsquo;endroit est extr\u00eamement chaleureux, rempli de jouets en bois de qualit\u00e9. Les enfants y trouvent une cuisinette, une petite boutique, une panoplie de docteur, un super \u00e9tabli pour les petits bricoleurs et de grandes structures \u00e0 grimper avec \u00e9chelles et toboggans. Les parents, eux, peuvent savourer un caf\u00e9 de sp\u00e9cialit\u00e9 de la torr\u00e9faction locale ou de d\u00e9licieux g\u00e2teaux maison et des menus petit-d\u00e9jeuner. C&rsquo;est ouvert tous les jours de semaine de 8 h \u00e0 19 h et le week-end de 9 h \u00e0 19 h. \u00c9norme atout : l&rsquo;entr\u00e9e ne se paie que pour les enfants qui jouent, l&rsquo;accompagnateur adulte ne paie rien.<\/p>\n\n\n\n<h3 class=\"wp-block-heading\"><span class=\"ez-toc-section\" id=\"13_V_lese\"><\/span>13. V lese<span class=\"ez-toc-section-end\"><\/span><\/h3>\n\n\n\n<figure data-wp-context=\"{&quot;imageId&quot;:&quot;6a95408074590&quot;}\" data-wp-interactive=\"core\/image\" data-wp-key=\"6a95408074590\" class=\"wp-block-image size-full wp-lightbox-container\"><img decoding=\"async\" width=\"2200\" height=\"1467\" data-wp-class--hide=\"state.isContentHidden\" data-wp-class--show=\"state.isContentVisible\" data-wp-init=\"callbacks.setButtonStyles\" data-wp-on--click=\"actions.showLightbox\" data-wp-on--load=\"callbacks.setButtonStyles\" data-wp-on--pointerdown=\"actions.preloadImage\" data-wp-on--pointerenter=\"actions.preloadImageWithDelay\" data-wp-on--pointerleave=\"actions.cancelPreload\" data-wp-on-window--resize=\"callbacks.setButtonStyles\" src=\"https:\/\/loudavymkrokem.cz\/wp-content\/uploads\/2026\/08\/olomouc-s-detmi-zerotinovo-namesti.jpg\" alt=\"Maisons de la place \u017derot\u00edn \u00e0 Olomouc\" class=\"wp-image-401044\" title=\"\" srcset=\"https:\/\/loudavymkrokem.cz\/wp-content\/uploads\/2026\/08\/olomouc-s-detmi-zerotinovo-namesti.jpg 2200w, https:\/\/loudavymkrokem.cz\/wp-content\/uploads\/2026\/08\/olomouc-s-detmi-zerotinovo-namesti-300x200.jpg 300w, https:\/\/loudavymkrokem.cz\/wp-content\/uploads\/2026\/08\/olomouc-s-detmi-zerotinovo-namesti-700x467.jpg 700w, https:\/\/loudavymkrokem.cz\/wp-content\/uploads\/2026\/08\/olomouc-s-detmi-zerotinovo-namesti-768x512.jpg 768w, https:\/\/loudavymkrokem.cz\/wp-content\/uploads\/2026\/08\/olomouc-s-detmi-zerotinovo-namesti-1536x1024.jpg 1536w, https:\/\/loudavymkrokem.cz\/wp-content\/uploads\/2026\/08\/olomouc-s-detmi-zerotinovo-namesti-2048x1366.jpg 2048w, https:\/\/loudavymkrokem.cz\/wp-content\/uploads\/2026\/08\/olomouc-s-detmi-zerotinovo-namesti-696x464.jpg 696w, https:\/\/loudavymkrokem.cz\/wp-content\/uploads\/2026\/08\/olomouc-s-detmi-zerotinovo-namesti-1392x928.jpg 1392w, https:\/\/loudavymkrokem.cz\/wp-content\/uploads\/2026\/08\/olomouc-s-detmi-zerotinovo-namesti-1920x1280.jpg 1920w\" sizes=\"(max-width: 2200px) 100vw, 2200px\" \/><button\n\t\t\tclass=\"lightbox-trigger\"\n\t\t\ttype=\"button\"\n\t\t\taria-haspopup=\"dialog\"\n\t\t\tdata-wp-bind--aria-label=\"state.thisImage.triggerButtonAriaLabel\"\n\t\t\tdata-wp-init=\"callbacks.initTriggerButton\"\n\t\t\tdata-wp-on--click=\"actions.showLightbox\"\n\t\t\tdata-wp-style--right=\"state.thisImage.buttonRight\"\n\t\t\tdata-wp-style--top=\"state.thisImage.buttonTop\"\n\t\t>\n\t\t\t<svg xmlns=\"http:\/\/www.w3.org\/2000\/svg\" width=\"12\" height=\"12\" fill=\"none\" viewBox=\"0 0 12 12\">\n\t\t\t\t<path fill=\"#fff\" d=\"M2 0a2 2 0 0 0-2 2v2h1.5V2a.5.5 0 0 1 .5-.5h2V0H2Zm2 10.5H2a.5.5 0 0 1-.5-.5V8H0v2a2 2 0 0 0 2 2h2v-1.5ZM8 12v-1.5h2a.5.5 0 0 0 .5-.5V8H12v2a2 2 0 0 1-2 2H8Zm2-12a2 2 0 0 1 2 2v2h-1.5V2a.5.5 0 0 0-.5-.5H8V0h2Z\" \/>\n\t\t\t<\/svg>\n\t\t<\/button><figcaption class=\"wp-element-caption\">La place \u017derot\u00edn, o\u00f9 tu trouveras un caf\u00e9 avec une aire de jeux Montessori<\/figcaption><\/figure>\n\n\n\n<figure data-wp-context=\"{&quot;imageId&quot;:&quot;6a95408074a88&quot;}\" data-wp-interactive=\"core\/image\" data-wp-key=\"6a95408074a88\" class=\"wp-block-image size-full wp-lightbox-container\"><img decoding=\"async\" width=\"2200\" height=\"1467\" data-wp-class--hide=\"state.isContentHidden\" data-wp-class--show=\"state.isContentVisible\" data-wp-init=\"callbacks.setButtonStyles\" data-wp-on--click=\"actions.showLightbox\" data-wp-on--load=\"callbacks.setButtonStyles\" data-wp-on--pointerdown=\"actions.preloadImage\" data-wp-on--pointerenter=\"actions.preloadImageWithDelay\" data-wp-on--pointerleave=\"actions.cancelPreload\" data-wp-on-window--resize=\"callbacks.setButtonStyles\" src=\"https:\/\/loudavymkrokem.cz\/wp-content\/uploads\/2026\/08\/olomouc-s-detmi-kavarna-interier.jpg\" alt=\"Int\u00e9rieur d&#039;un caf\u00e9 d&#039;Olomouc au design naturel\" class=\"wp-image-401023\" title=\"\" srcset=\"https:\/\/loudavymkrokem.cz\/wp-content\/uploads\/2026\/08\/olomouc-s-detmi-kavarna-interier.jpg 2200w, https:\/\/loudavymkrokem.cz\/wp-content\/uploads\/2026\/08\/olomouc-s-detmi-kavarna-interier-300x200.jpg 300w, https:\/\/loudavymkrokem.cz\/wp-content\/uploads\/2026\/08\/olomouc-s-detmi-kavarna-interier-700x467.jpg 700w, https:\/\/loudavymkrokem.cz\/wp-content\/uploads\/2026\/08\/olomouc-s-detmi-kavarna-interier-768x512.jpg 768w, https:\/\/loudavymkrokem.cz\/wp-content\/uploads\/2026\/08\/olomouc-s-detmi-kavarna-interier-1536x1024.jpg 1536w, https:\/\/loudavymkrokem.cz\/wp-content\/uploads\/2026\/08\/olomouc-s-detmi-kavarna-interier-2048x1366.jpg 2048w, https:\/\/loudavymkrokem.cz\/wp-content\/uploads\/2026\/08\/olomouc-s-detmi-kavarna-interier-696x464.jpg 696w, https:\/\/loudavymkrokem.cz\/wp-content\/uploads\/2026\/08\/olomouc-s-detmi-kavarna-interier-1392x928.jpg 1392w, https:\/\/loudavymkrokem.cz\/wp-content\/uploads\/2026\/08\/olomouc-s-detmi-kavarna-interier-1920x1280.jpg 1920w\" sizes=\"(max-width: 2200px) 100vw, 2200px\" \/><button\n\t\t\tclass=\"lightbox-trigger\"\n\t\t\ttype=\"button\"\n\t\t\taria-haspopup=\"dialog\"\n\t\t\tdata-wp-bind--aria-label=\"state.thisImage.triggerButtonAriaLabel\"\n\t\t\tdata-wp-init=\"callbacks.initTriggerButton\"\n\t\t\tdata-wp-on--click=\"actions.showLightbox\"\n\t\t\tdata-wp-style--right=\"state.thisImage.buttonRight\"\n\t\t\tdata-wp-style--top=\"state.thisImage.buttonTop\"\n\t\t>\n\t\t\t<svg xmlns=\"http:\/\/www.w3.org\/2000\/svg\" width=\"12\" height=\"12\" fill=\"none\" viewBox=\"0 0 12 12\">\n\t\t\t\t<path fill=\"#fff\" d=\"M2 0a2 2 0 0 0-2 2v2h1.5V2a.5.5 0 0 1 .5-.5h2V0H2Zm2 10.5H2a.5.5 0 0 1-.5-.5V8H0v2a2 2 0 0 0 2 2h2v-1.5ZM8 12v-1.5h2a.5.5 0 0 0 .5-.5V8H12v2a2 2 0 0 1-2 2H8Zm2-12a2 2 0 0 1 2 2v2h-1.5V2a.5.5 0 0 0-.5-.5H8V0h2Z\" \/>\n\t\t\t<\/svg>\n\t\t<\/button><figcaption class=\"wp-element-caption\">Les caf\u00e9s du centre d&rsquo;Olomouc pensent aux enfants comme aux parents<\/figcaption><\/figure>\n\n\n\n<p class=\"wp-block-paragraph\">Un peu plus loin, au 3 de la place \u017derot\u00edn, tu trouveras un autre joyau parmi les caf\u00e9s avec aire de jeux. L&rsquo;\u00e9tablissement V lese cultive une sympathique approche Montessori et z\u00e9ro d\u00e9chet, et \u00e0 en juger par ses avis affichant une moyenne de <strong>4,7 attribu\u00e9e par plus de cinq cents personnes<\/strong>, ils s&rsquo;en sortent \u00e0 merveille. \u00c0 la place des jouets en plastique criards, le calme r\u00e8gne ici, avec une montagne de bons <strong>jouets en bois tch\u00e8ques<\/strong>.<\/p>\n\n\n\n<p class=\"wp-block-paragraph\">Les enfants peuvent y se d\u00e9cha\u00eener sur une balan\u00e7oire, d\u00e9couvrir un arbre \u00e0 sons, jouer avec un arc-en-ciel en bois, explorer un immense panneau d&rsquo;activit\u00e9s ou un memory tactile. L&rsquo;entr\u00e9e \u00e0 la journ\u00e9e co\u00fbte des modestes <strong>60 CZK (environ 2,50 \u20ac)<\/strong> (tarif r\u00e9duit 30 CZK, environ 1,20 \u20ac) et le grand avantage, c&rsquo;est qu&rsquo;avec un bracelet au poignet tu peux sortir dans la journ\u00e9e et revenir. Vu sa popularit\u00e9, il arrive toutefois que ce soit complet. C&rsquo;est ouvert du lundi au vendredi de 9 h \u00e0 19 h et le week-end de 10 h \u00e0 19 h.<\/p>\n\n\n\n<h3 class=\"wp-block-heading\"><span class=\"ez-toc-section\" id=\"14_Clovickov\"><\/span>14. \u010clov\u00ed\u010dkov<span class=\"ez-toc-section-end\"><\/span><\/h3>\n\n\n\n<p class=\"wp-block-paragraph\">Si tu as vraiment besoin d&rsquo;une grande surface pour que les enfants br\u00fblent leur \u00e9nergie accumul\u00e9e, tu trouveras au 24 de la rue 8. kv\u011btna l&rsquo;aire de jeux tr\u00e8s appr\u00e9ci\u00e9e \u010clov\u00ed\u010dkov (note de 4,1). C&rsquo;est un grand espace de jeu classique avec des structures \u00e0 grimper, o\u00f9 les plus petits s&rsquo;occupent \u00e0 coup s\u00fbr pendant plusieurs heures.<\/p>\n\n\n\n<p class=\"wp-block-paragraph\">Les parents disposent d&rsquo;un coin d\u00e9tente avec caf\u00e9 et th\u00e9s, et le grand argument est sans conteste le prix. L&rsquo;entr\u00e9e s&rsquo;\u00e9l\u00e8ve en effet \u00e0 un joli <strong>59 CZK par enfant pour une dur\u00e9e illimit\u00e9e (environ 2,40 \u20ac)<\/strong>, ce qui, de nos jours, est vraiment une somme tr\u00e8s agr\u00e9able pour sauver un apr\u00e8s-midi pluvieux.<\/p>\n\n\n\n<h3 class=\"wp-block-heading\"><span class=\"ez-toc-section\" id=\"15_Snoezelen_Olomouc\"><\/span>15. Snoezelen Olomouc<span class=\"ez-toc-section-end\"><\/span><\/h3>\n\n\n\n<figure data-wp-context=\"{&quot;imageId&quot;:&quot;6a954080750de&quot;}\" data-wp-interactive=\"core\/image\" data-wp-key=\"6a954080750de\" class=\"wp-block-image size-full wp-lightbox-container\"><img decoding=\"async\" width=\"1200\" height=\"800\" data-wp-class--hide=\"state.isContentHidden\" data-wp-class--show=\"state.isContentVisible\" data-wp-init=\"callbacks.setButtonStyles\" data-wp-on--click=\"actions.showLightbox\" data-wp-on--load=\"callbacks.setButtonStyles\" data-wp-on--pointerdown=\"actions.preloadImage\" data-wp-on--pointerenter=\"actions.preloadImageWithDelay\" data-wp-on--pointerleave=\"actions.cancelPreload\" data-wp-on-window--resize=\"callbacks.setButtonStyles\" src=\"https:\/\/loudavymkrokem.cz\/wp-content\/uploads\/2026\/08\/olomouc-s-detmi-snoezelen.jpg\" alt=\"Salle multisensorielle Snoezelen Olomouc avec \u00e9clairage color\u00e9\" class=\"wp-image-403598\" title=\"\" srcset=\"https:\/\/loudavymkrokem.cz\/wp-content\/uploads\/2026\/08\/olomouc-s-detmi-snoezelen.jpg 1200w, https:\/\/loudavymkrokem.cz\/wp-content\/uploads\/2026\/08\/olomouc-s-detmi-snoezelen-300x200.jpg 300w, https:\/\/loudavymkrokem.cz\/wp-content\/uploads\/2026\/08\/olomouc-s-detmi-snoezelen-700x467.jpg 700w, https:\/\/loudavymkrokem.cz\/wp-content\/uploads\/2026\/08\/olomouc-s-detmi-snoezelen-768x512.jpg 768w, https:\/\/loudavymkrokem.cz\/wp-content\/uploads\/2026\/08\/olomouc-s-detmi-snoezelen-696x464.jpg 696w\" sizes=\"(max-width: 1200px) 100vw, 1200px\" \/><button\n\t\t\tclass=\"lightbox-trigger\"\n\t\t\ttype=\"button\"\n\t\t\taria-haspopup=\"dialog\"\n\t\t\tdata-wp-bind--aria-label=\"state.thisImage.triggerButtonAriaLabel\"\n\t\t\tdata-wp-init=\"callbacks.initTriggerButton\"\n\t\t\tdata-wp-on--click=\"actions.showLightbox\"\n\t\t\tdata-wp-style--right=\"state.thisImage.buttonRight\"\n\t\t\tdata-wp-style--top=\"state.thisImage.buttonTop\"\n\t\t>\n\t\t\t<svg xmlns=\"http:\/\/www.w3.org\/2000\/svg\" width=\"12\" height=\"12\" fill=\"none\" viewBox=\"0 0 12 12\">\n\t\t\t\t<path fill=\"#fff\" d=\"M2 0a2 2 0 0 0-2 2v2h1.5V2a.5.5 0 0 1 .5-.5h2V0H2Zm2 10.5H2a.5.5 0 0 1-.5-.5V8H0v2a2 2 0 0 0 2 2h2v-1.5ZM8 12v-1.5h2a.5.5 0 0 0 .5-.5V8H12v2a2 2 0 0 1-2 2H8Zm2-12a2 2 0 0 1 2 2v2h-1.5V2a.5.5 0 0 0-.5-.5H8V0h2Z\" \/>\n\t\t\t<\/svg>\n\t\t<\/button><figcaption class=\"wp-element-caption\">La salle multisensorielle Snoezelen fonctionne \u00e0 un tout autre rythme que les aires de jeux ordinaires | Photo : Snoezelen Olomouc<\/figcaption><\/figure>\n\n\n\n<p class=\"wp-block-paragraph\">Au 7 de la rue Mari\u00e1nsk\u00e1 se cache un type d&rsquo;espace de jeu un peu diff\u00e9rent, que tu appr\u00e9cieras surtout si tu as de tr\u00e8s jeunes enfants ou des enfants aux besoins particuliers, qui supportent mal le vacarme habituel des grandes aires de jeux. Snoezelen est en effet une salle multisensorielle relaxante, con\u00e7ue pour apaiser et stimuler doucement les sens (note de 4,5).<\/p>\n\n\n\n<p class=\"wp-block-paragraph\">Tu y trouveras toutes sortes d&rsquo;\u00e9l\u00e9ments lumineux, des colonnes \u00e0 bulles, de la musique relaxante et d&rsquo;agr\u00e9ables mati\u00e8res tactiles. C&rsquo;est une oasis de calme au milieu de la ville, o\u00f9 l&rsquo;on vient vraiment se reposer et percevoir le monde \u00e0 un rythme diff\u00e9rent, plus lent.<\/p>\n\n\n\n<h3 class=\"wp-block-heading\"><span class=\"ez-toc-section\" id=\"16_Le_parc_de_loisirs_familial_Krokodylek\"><\/span>16. Le parc de loisirs familial Krokod\u00fdlek<span class=\"ez-toc-section-end\"><\/span><\/h3>\n\n\n\n<figure data-wp-context=\"{&quot;imageId&quot;:&quot;6a95408075523&quot;}\" data-wp-interactive=\"core\/image\" data-wp-key=\"6a95408075523\" class=\"wp-block-image size-full wp-lightbox-container\"><img decoding=\"async\" width=\"1498\" height=\"1000\" data-wp-class--hide=\"state.isContentHidden\" data-wp-class--show=\"state.isContentVisible\" data-wp-init=\"callbacks.setButtonStyles\" data-wp-on--click=\"actions.showLightbox\" data-wp-on--load=\"callbacks.setButtonStyles\" data-wp-on--pointerdown=\"actions.preloadImage\" data-wp-on--pointerenter=\"actions.preloadImageWithDelay\" data-wp-on--pointerleave=\"actions.cancelPreload\" data-wp-on-window--resize=\"callbacks.setButtonStyles\" src=\"https:\/\/loudavymkrokem.cz\/wp-content\/uploads\/2026\/08\/olomouc-s-detmi-krokodylek.jpg\" alt=\"Enfants sur une attraction gonflable au parc de loisirs Krokod\u00fdlek \u00e0 Olomouc\" class=\"wp-image-403596\" title=\"\" srcset=\"https:\/\/loudavymkrokem.cz\/wp-content\/uploads\/2026\/08\/olomouc-s-detmi-krokodylek.jpg 1498w, https:\/\/loudavymkrokem.cz\/wp-content\/uploads\/2026\/08\/olomouc-s-detmi-krokodylek-300x200.jpg 300w, https:\/\/loudavymkrokem.cz\/wp-content\/uploads\/2026\/08\/olomouc-s-detmi-krokodylek-700x467.jpg 700w, https:\/\/loudavymkrokem.cz\/wp-content\/uploads\/2026\/08\/olomouc-s-detmi-krokodylek-768x513.jpg 768w, https:\/\/loudavymkrokem.cz\/wp-content\/uploads\/2026\/08\/olomouc-s-detmi-krokodylek-696x465.jpg 696w, https:\/\/loudavymkrokem.cz\/wp-content\/uploads\/2026\/08\/olomouc-s-detmi-krokodylek-1392x929.jpg 1392w\" sizes=\"(max-width: 1498px) 100vw, 1498px\" \/><button\n\t\t\tclass=\"lightbox-trigger\"\n\t\t\ttype=\"button\"\n\t\t\taria-haspopup=\"dialog\"\n\t\t\tdata-wp-bind--aria-label=\"state.thisImage.triggerButtonAriaLabel\"\n\t\t\tdata-wp-init=\"callbacks.initTriggerButton\"\n\t\t\tdata-wp-on--click=\"actions.showLightbox\"\n\t\t\tdata-wp-style--right=\"state.thisImage.buttonRight\"\n\t\t\tdata-wp-style--top=\"state.thisImage.buttonTop\"\n\t\t>\n\t\t\t<svg xmlns=\"http:\/\/www.w3.org\/2000\/svg\" width=\"12\" height=\"12\" fill=\"none\" viewBox=\"0 0 12 12\">\n\t\t\t\t<path fill=\"#fff\" d=\"M2 0a2 2 0 0 0-2 2v2h1.5V2a.5.5 0 0 1 .5-.5h2V0H2Zm2 10.5H2a.5.5 0 0 1-.5-.5V8H0v2a2 2 0 0 0 2 2h2v-1.5ZM8 12v-1.5h2a.5.5 0 0 0 .5-.5V8H12v2a2 2 0 0 1-2 2H8Zm2-12a2 2 0 0 1 2 2v2h-1.5V2a.5.5 0 0 0-.5-.5H8V0h2Z\" \/>\n\t\t\t<\/svg>\n\t\t<\/button><figcaption class=\"wp-element-caption\">Krokod\u00fdlek compte 25 attractions sur 3 000 m\u00b2 | Photo : Krokod\u00fdlek Olomouc<\/figcaption><\/figure>\n\n\n\n<p class=\"wp-block-paragraph\">Quand il faut sortir l&rsquo;artillerie lourde contre l&rsquo;ennui des enfants, direction le quartier de Lazce, au 556 de la rue Florykova. C&rsquo;est l\u00e0 que se dresse en effet le <a href=\"https:\/\/www.krokodylek-olomouc.cz\/\" target=\"_blank\" rel=\"nofollow noopener\">Krokod\u00fdlek<\/a>, l&rsquo;un des plus grands parcs de loisirs pour enfants de toute la Moravie, qui affiche une note respectable de <strong>4,5 sur 1 659 avis<\/strong>. Sur plus de <strong>3 000 m\u00e8tres carr\u00e9s<\/strong> s&rsquo;\u00e9talent d&rsquo;incroyables <strong>25 attractions g\u00e9antes<\/strong>.<\/p>\n\n\n\n<p class=\"wp-block-paragraph\">Les enfants ne sauront plus o\u00f9 donner de la t\u00eate. Il y a un imposant bateau pirate en bois, des structures \u00e0 grimper sur trois \u00e9tages avec toboggans, des trampolines, un mur d&rsquo;escalade, un petit lac avec attractions, une ar\u00e8ne \u00e0 canons pour les batailles de balles en mousse, une piste de motos et un panneau pin-art unique de 40 000 tiges pour imprimer son corps. On trouve aussi un restaurant et un coin plus calme avec jeux de soci\u00e9t\u00e9. L&rsquo;entr\u00e9e \u00e0 la journ\u00e9e du vendredi au dimanche revient \u00e0 <strong>339 CZK par enfant et 139 CZK par adulte (environ 14 \u20ac et 5,70 \u20ac)<\/strong> (billet famille 879 CZK, environ 36 \u20ac), et du lundi au jeudi c&rsquo;est moins cher : <strong>259 CZK par enfant et 119 CZK par adulte (environ 10,60 \u20ac et 4,90 \u20ac)<\/strong> (billet famille 699 CZK, environ 29 \u20ac). Tu peux aussi opter pour une entr\u00e9e \u00e0 l&rsquo;heure \u00e0 partir de 109 CZK par enfant (environ 4,50 \u20ac).<\/p>\n\n\n\n<h3 class=\"wp-block-heading\"><span class=\"ez-toc-section\" id=\"17_Amazonie_Olomouc\"><\/span>17. Amazonie Olomouc<span class=\"ez-toc-section-end\"><\/span><\/h3>\n\n\n\n<p class=\"wp-block-paragraph\">Autre valeur s\u00fbre sur la carte des jours pluvieux : le centre pour enfants Amazonie, au 255\/41 de la rue Pra\u017esk\u00e1 (note de 4,3). C&rsquo;est une aire de jeux couverte classique, mais tr\u00e8s bien \u00e9quip\u00e9e, id\u00e9ale pour ces journ\u00e9es o\u00f9 les enfants ont tout simplement besoin de grimper, sauter et glisser.<\/p>\n\n\n\n<p class=\"wp-block-paragraph\">\u00c0 l&rsquo;int\u00e9rieur les attendent une immense structure \u00e0 grimper qui s&rsquo;\u00e9tend sur plusieurs \u00e9tages, un ch\u00e2teau gonflable pour les amateurs de rebonds, une foule de balan\u00e7oires bien rembourr\u00e9es, des toboggans rapides et, bien s\u00fbr, le tant appr\u00e9ci\u00e9 grand bassin rempli de balles en plastique color\u00e9es, dont on ne peut g\u00e9n\u00e9ralement plus faire sortir les enfants.<\/p>\n\n\n\n<h3 class=\"wp-block-heading\"><span class=\"ez-toc-section\" id=\"18_Le_parc_daccrobranche_PROUD\"><\/span>18. Le parc d&rsquo;accrobranche PROUD<span class=\"ez-toc-section-end\"><\/span><\/h3>\n\n\n\n<p class=\"wp-block-paragraph\">Tu te dis peut-\u00eatre qu&rsquo;un parc d&rsquo;accrobranche avec de jeunes enfants n&rsquo;a pas de sens, mais la succursale PROUD, au 50\/49 de la rue Lazeck\u00e1, te d\u00e9trompera (excellente note de <strong>4,6 sur 347 avis<\/strong>). Les activit\u00e9s y sont en effet con\u00e7ues pour que toutes les tranches d&rsquo;\u00e2ge y trouvent leur compte.<\/p>\n\n\n\n<p class=\"wp-block-paragraph\">Outre les obstacles en hauteur pour les plus grands et les adultes, tu y trouveras toutes sortes de balan\u00e7oires, d&rsquo;immenses trampolines \u00e0 air encastr\u00e9s dans le sol, des coussins d&rsquo;eau et surtout des parcours d&rsquo;obstacles bas au ras du sol, s\u00fbrs et <strong>adapt\u00e9s d\u00e8s 1 an<\/strong>. C&rsquo;est un endroit formidable pour travailler la motricit\u00e9 globale et l&rsquo;\u00e9quilibre.<\/p>\n\n\n\n<h3 class=\"wp-block-heading\"><span class=\"ez-toc-section\" id=\"19_Le_musee_regional_dOlomouc\"><\/span>19. Le mus\u00e9e r\u00e9gional d&rsquo;Olomouc<span class=\"ez-toc-section-end\"><\/span><\/h3>\n\n\n\n<figure data-wp-context=\"{&quot;imageId&quot;:&quot;6a95408075bdf&quot;}\" data-wp-interactive=\"core\/image\" data-wp-key=\"6a95408075bdf\" class=\"wp-block-image size-full wp-lightbox-container\"><img decoding=\"async\" width=\"2200\" height=\"1467\" data-wp-class--hide=\"state.isContentHidden\" data-wp-class--show=\"state.isContentVisible\" data-wp-init=\"callbacks.setButtonStyles\" data-wp-on--click=\"actions.showLightbox\" data-wp-on--load=\"callbacks.setButtonStyles\" data-wp-on--pointerdown=\"actions.preloadImage\" data-wp-on--pointerenter=\"actions.preloadImageWithDelay\" data-wp-on--pointerleave=\"actions.cancelPreload\" data-wp-on-window--resize=\"callbacks.setButtonStyles\" src=\"https:\/\/loudavymkrokem.cz\/wp-content\/uploads\/2026\/08\/olomouc-s-detmi-muzeum-umeni.jpg\" alt=\"B\u00e2timent du mus\u00e9e d&#039;art d&#039;Olomouc\" class=\"wp-image-401036\" title=\"\" srcset=\"https:\/\/loudavymkrokem.cz\/wp-content\/uploads\/2026\/08\/olomouc-s-detmi-muzeum-umeni.jpg 2200w, https:\/\/loudavymkrokem.cz\/wp-content\/uploads\/2026\/08\/olomouc-s-detmi-muzeum-umeni-300x200.jpg 300w, https:\/\/loudavymkrokem.cz\/wp-content\/uploads\/2026\/08\/olomouc-s-detmi-muzeum-umeni-700x467.jpg 700w, https:\/\/loudavymkrokem.cz\/wp-content\/uploads\/2026\/08\/olomouc-s-detmi-muzeum-umeni-768x512.jpg 768w, https:\/\/loudavymkrokem.cz\/wp-content\/uploads\/2026\/08\/olomouc-s-detmi-muzeum-umeni-1536x1024.jpg 1536w, https:\/\/loudavymkrokem.cz\/wp-content\/uploads\/2026\/08\/olomouc-s-detmi-muzeum-umeni-2048x1366.jpg 2048w, https:\/\/loudavymkrokem.cz\/wp-content\/uploads\/2026\/08\/olomouc-s-detmi-muzeum-umeni-696x464.jpg 696w, https:\/\/loudavymkrokem.cz\/wp-content\/uploads\/2026\/08\/olomouc-s-detmi-muzeum-umeni-1392x928.jpg 1392w, https:\/\/loudavymkrokem.cz\/wp-content\/uploads\/2026\/08\/olomouc-s-detmi-muzeum-umeni-1920x1280.jpg 1920w\" sizes=\"(max-width: 2200px) 100vw, 2200px\" \/><button\n\t\t\tclass=\"lightbox-trigger\"\n\t\t\ttype=\"button\"\n\t\t\taria-haspopup=\"dialog\"\n\t\t\tdata-wp-bind--aria-label=\"state.thisImage.triggerButtonAriaLabel\"\n\t\t\tdata-wp-init=\"callbacks.initTriggerButton\"\n\t\t\tdata-wp-on--click=\"actions.showLightbox\"\n\t\t\tdata-wp-style--right=\"state.thisImage.buttonRight\"\n\t\t\tdata-wp-style--top=\"state.thisImage.buttonTop\"\n\t\t>\n\t\t\t<svg xmlns=\"http:\/\/www.w3.org\/2000\/svg\" width=\"12\" height=\"12\" fill=\"none\" viewBox=\"0 0 12 12\">\n\t\t\t\t<path fill=\"#fff\" d=\"M2 0a2 2 0 0 0-2 2v2h1.5V2a.5.5 0 0 1 .5-.5h2V0H2Zm2 10.5H2a.5.5 0 0 1-.5-.5V8H0v2a2 2 0 0 0 2 2h2v-1.5ZM8 12v-1.5h2a.5.5 0 0 0 .5-.5V8H12v2a2 2 0 0 1-2 2H8Zm2-12a2 2 0 0 1 2 2v2h-1.5V2a.5.5 0 0 0-.5-.5H8V0h2Z\" \/>\n\t\t\t<\/svg>\n\t\t<\/button><figcaption class=\"wp-element-caption\">Les mus\u00e9es d&rsquo;Olomouc occupent des b\u00e2timents historiques en plein centre<\/figcaption><\/figure>\n\n\n\n<p class=\"wp-block-paragraph\">Si tu pr\u00e9f\u00e8res un peu de culture et d&rsquo;apprentissage au sec, le mus\u00e9e r\u00e9gional, au 5 de la place de la R\u00e9publique, est un excellent choix, salu\u00e9 par plus de 900 visiteurs avec une note moyenne de 4,5. Ce n&rsquo;est pas un endroit poussi\u00e9reux et ennuyeux plein d&rsquo;interdictions de toucher les vitrines.<\/p>\n\n\n\n<p class=\"wp-block-paragraph\">Le mus\u00e9e retrace de fa\u00e7on tr\u00e8s belle et captivante l&rsquo;histoire de la ville et de toute la r\u00e9gion, et propose une superbe exposition sur la nature. Les expositions s&rsquo;efforcent d&rsquo;\u00eatre dans l&rsquo;air du temps, si bien qu&rsquo;on y trouve une foule d&rsquo;\u00e9l\u00e9ments interactifs, d&rsquo;\u00e9crans tactiles et de d\u00e9monstrations qui parviennent sans probl\u00e8me \u00e0 retenir l&rsquo;attention des enfants.<\/p>\n\n\n\n<h3 class=\"wp-block-heading\"><span class=\"ez-toc-section\" id=\"20_La_Maison_hantee\"><\/span>20. La Maison hant\u00e9e<span class=\"ez-toc-section-end\"><\/span><\/h3>\n\n\n\n<figure data-wp-context=\"{&quot;imageId&quot;:&quot;6a9540807603e&quot;}\" data-wp-interactive=\"core\/image\" data-wp-key=\"6a9540807603e\" class=\"wp-block-image size-full wp-lightbox-container\"><img decoding=\"async\" width=\"1024\" height=\"1536\" data-wp-class--hide=\"state.isContentHidden\" data-wp-class--show=\"state.isContentVisible\" data-wp-init=\"callbacks.setButtonStyles\" data-wp-on--click=\"actions.showLightbox\" data-wp-on--load=\"callbacks.setButtonStyles\" data-wp-on--pointerdown=\"actions.preloadImage\" data-wp-on--pointerenter=\"actions.preloadImageWithDelay\" data-wp-on--pointerleave=\"actions.cancelPreload\" data-wp-on-window--resize=\"callbacks.setButtonStyles\" src=\"https:\/\/loudavymkrokem.cz\/wp-content\/uploads\/2026\/08\/olomouc-s-detmi-strasidelny-dum.jpg\" alt=\"Personnage effrayant dans la Maison hant\u00e9e d&#039;Olomouc\" class=\"wp-image-403603\" title=\"\" srcset=\"https:\/\/loudavymkrokem.cz\/wp-content\/uploads\/2026\/08\/olomouc-s-detmi-strasidelny-dum.jpg 1024w, https:\/\/loudavymkrokem.cz\/wp-content\/uploads\/2026\/08\/olomouc-s-detmi-strasidelny-dum-200x300.jpg 200w, https:\/\/loudavymkrokem.cz\/wp-content\/uploads\/2026\/08\/olomouc-s-detmi-strasidelny-dum-700x1050.jpg 700w, https:\/\/loudavymkrokem.cz\/wp-content\/uploads\/2026\/08\/olomouc-s-detmi-strasidelny-dum-768x1152.jpg 768w, https:\/\/loudavymkrokem.cz\/wp-content\/uploads\/2026\/08\/olomouc-s-detmi-strasidelny-dum-696x1044.jpg 696w\" sizes=\"(max-width: 1024px) 100vw, 1024px\" \/><button\n\t\t\tclass=\"lightbox-trigger\"\n\t\t\ttype=\"button\"\n\t\t\taria-haspopup=\"dialog\"\n\t\t\tdata-wp-bind--aria-label=\"state.thisImage.triggerButtonAriaLabel\"\n\t\t\tdata-wp-init=\"callbacks.initTriggerButton\"\n\t\t\tdata-wp-on--click=\"actions.showLightbox\"\n\t\t\tdata-wp-style--right=\"state.thisImage.buttonRight\"\n\t\t\tdata-wp-style--top=\"state.thisImage.buttonTop\"\n\t\t>\n\t\t\t<svg xmlns=\"http:\/\/www.w3.org\/2000\/svg\" width=\"12\" height=\"12\" fill=\"none\" viewBox=\"0 0 12 12\">\n\t\t\t\t<path fill=\"#fff\" d=\"M2 0a2 2 0 0 0-2 2v2h1.5V2a.5.5 0 0 1 .5-.5h2V0H2Zm2 10.5H2a.5.5 0 0 1-.5-.5V8H0v2a2 2 0 0 0 2 2h2v-1.5ZM8 12v-1.5h2a.5.5 0 0 0 .5-.5V8H12v2a2 2 0 0 1-2 2H8Zm2-12a2 2 0 0 1 2 2v2h-1.5V2a.5.5 0 0 0-.5-.5H8V0h2Z\" \/>\n\t\t\t<\/svg>\n\t\t<\/button><figcaption class=\"wp-element-caption\">La Maison hant\u00e9e est vraiment r\u00e9serv\u00e9e aux plus grands | Photo : Stra\u0161ideln\u00fd d\u016fm Olomouc<\/figcaption><\/figure>\n\n\n\n<p class=\"wp-block-paragraph\">Tu as \u00e0 la maison des enfants un peu plus \u00e2g\u00e9s que les aires de jeux classiques ennuient et qui recherchent plut\u00f4t l&rsquo;adr\u00e9naline ? Alors file au 865 de la rue Komensk\u00e9ho, o\u00f9 tu trouveras la Maison hant\u00e9e avec une note absolument incroyable de <strong>4,9 sur plus de 400 avis<\/strong>. Mais je le r\u00e9p\u00e8te honn\u00eatement : c&rsquo;est <strong>vraiment r\u00e9serv\u00e9 aux grands et aux plus courageux<\/strong>, les petits en seraient \u00e0 coup s\u00fbr terrifi\u00e9s aux larmes.<\/p>\n\n\n\n<p class=\"wp-block-paragraph\">Il s&rsquo;agit d&rsquo;une visite d&rsquo;horreur dans le noir, avec un sc\u00e9nario d&rsquo;\u00e9pouvante \u00e9labor\u00e9 dont le th\u00e8me est en plus renouvel\u00e9 et modifi\u00e9 chaque ann\u00e9e, si bien qu&rsquo;on ne s&rsquo;en lasse pas. Si tu cherches encore d&rsquo;autres activit\u00e9s pour les ados, un peu plus loin dans la ville fonctionne aussi l&rsquo;excellente escape room <strong>Mistr \u00faniku<\/strong>, o\u00f9 il faut se creuser la t\u00eate pour sortir dans le temps imparti.<\/p>\n\n\n\n<!-- LKM_GYG_CARD start q=\"olomouc detmi\" lang=\"fr\" rendered=\"2026-08-31T06:50:00+00:00\" v=\"1\" -->\n\n<!-- LKM_GYG_CARD end -->\n\n\n\n\n<div class=\"lk-stays-module\">\n<style>\n\/* \u2500\u2500\u2500 RESET PRO GUTENBERG \u2500\u2500\u2500 *\/\n.lk-stays-module * { box-sizing: border-box; margin: 0; padding: 0; }\n\n\/* \u2500\u2500\u2500 WRAPPER \u2500\u2500\u2500 *\/\n.lk-stays-module {\n  font-family: 'DM Sans', Georgia, sans-serif;\n  max-width: 100%;\n  margin: 2.5rem auto;\n  background: linear-gradient(135deg, #fdfaf5 0%, #fcf8f0 100%);\n  border: 1px solid #e8dfd4;\n  border-radius: 16px;\n  overflow: hidden;\n  box-shadow: 0 16px 48px rgba(195, 159, 118, 0.25), 0 4px 12px rgba(0,0,0,0.08);\n}\n\n\/* \u2500\u2500\u2500 HEADER \u2500\u2500\u2500 *\/\n.lk-stays-header {\n  position: relative;\n  padding: 24px 36px 24px;\n  background: linear-gradient(135deg, #c39f76 0%, #d4b188 60%, #c39f76 100%);\n  border-bottom: 1px solid rgba(255,255,255,.15);\n  display: flex;\n  align-items: center;\n  gap: 18px;\n}\n.lk-stays-header::before {\n  content: '';\n  position: absolute;\n  inset: 0;\n  background: url(\"data:image\/svg+xml,%3Csvg width='60' height='60' viewBox='0 0 60 60' xmlns='http:\/\/www.w3.org\/2000\/svg'%3E%3Cg fill='none' fill-rule='evenodd'%3E%3Cg fill='%23ffffff' fill-opacity='0.05'%3E%3Cpath d='M36 34v-4h-2v4h-4v2h4v4h2v-4h4v-2h-4zm0-30V0h-2v4h-4v2h4v4h2V6h4V4h-4zM6 34v-4H4v4H0v2h4v4h2v-4h4v-2H6zM6 4V0H4v4H0v2h4v4h2V6h4V4H6z'\/%3E%3C\/g%3E%3C\/g%3E%3C\/svg%3E\") repeat;\n  pointer-events: none;\n}\n.lk-stays-icon {\n  flex-shrink: 0;\n  width: 68px;\n  height: 68px;\n  border-radius: 14px;\n  background: linear-gradient(135deg, #fff 0%, #f9f6f0 100%);\n  display: flex;\n  align-items: center;\n  justify-content: center;\n  font-size: 26px;\n  box-shadow: 0 4px 12px rgba(0,0,0,0.15);\n}\n.lk-stays-eyebrow {\n  font-size: 10px;\n  font-weight: 500;\n  letter-spacing: 2.5px;\n  text-transform: uppercase;\n  color: rgba(255,255,255,.85);\n  margin: 0 0 5px 0;\n}\n.lk-stays-title {\n  font-family: 'Playfair Display', Georgia, serif;\n  font-size: 24px;\n  font-weight: 700;\n  color: #fff;\n  line-height: 1.2;\n  text-shadow: 0 1px 2px rgba(0,0,0,0.1);\n  margin: 0;\n}\n.lk-stays-subtitle {\n  font-size: 13px;\n  color: rgba(255,255,255,.75);\n  margin: 4px 0 0 0;\n  font-weight: 300;\n}\n\n\/* \u2500\u2500\u2500 CARDS GRID \u2500\u2500\u2500 *\/\n.lk-stays-grid {\n  display: grid;\n  grid-template-columns: 1fr 1fr;\n  gap: 1px;\n  background: rgba(195, 159, 118, 0.12);\n}\n\n\/* \u2500\u2500\u2500 SINGLE CARD \u2500\u2500\u2500 *\/\n.lk-stay-card {\n  background: #ffffff;\n  padding: 26px;\n  display: flex;\n  flex-direction: column;\n  gap: 11px;\n  transition: all 0.3s ease;\n  text-decoration: none;\n  color: inherit;\n  position: relative;\n}\n.lk-stay-card:hover {\n  background: #fffbf5;\n  transform: translateY(-2px);\n  box-shadow: 0 8px 24px rgba(195, 159, 118, 0.18);\n  z-index: 1;\n}\n.lk-stay-card.featured {\n  background: linear-gradient(135deg, #fffdf9 0%, #fff9f0 100%);\n  box-shadow: 0 4px 16px rgba(195, 159, 118, 0.15), inset 0 1px 0 rgba(195, 159, 118, 0.1);\n}\n.lk-stay-card.featured:hover {\n  background: linear-gradient(135deg, #fffbf5 0%, #fff8ed 100%);\n  box-shadow: 0 8px 24px rgba(195, 159, 118, 0.25), inset 0 1px 0 rgba(195, 159, 118, 0.15);\n}\n\n.lk-stay-badge {\n  display: inline-flex;\n  align-items: center;\n  gap: 5px;\n  font-size: 10px;\n  font-weight: 500;\n  letter-spacing: 1.5px;\n  text-transform: uppercase;\n  padding: 5px 11px;\n  border-radius: 20px;\n  width: fit-content;\n}\n.badge-top     { background: linear-gradient(135deg, #c39f76 0%, #d4b188 100%); color: #fff; border: 1px solid #c39f76; font-weight: 600; box-shadow: 0 2px 8px rgba(195,159,118,0.3); }\n.badge-luxury  { background: rgba(195,159,118,.12); color: #c39f76; border: 1px solid rgba(195,159,118,.25); }\n.badge-boutique{ background: rgba(54,133,252,.08); color: #3685fc; border: 1px solid rgba(54,133,252,.2); }\n.badge-nature  { background: rgba(130,190,100,.1); color: #6b9c4a; border: 1px solid rgba(130,190,100,.2); }\n.badge-remote  { background: rgba(195,159,118,.12); color: #a67e50; border: 1px solid rgba(195,159,118,.25); }\n\n.lk-stay-name {\n  font-family: 'Playfair Display', Georgia, serif;\n  font-size: 18px;\n  font-weight: 700;\n  color: #111827;\n  line-height: 1.3;\n}\n.lk-stay-desc {\n  font-size: 13.5px;\n  color: #525252;\n  line-height: 1.65;\n  font-weight: 300;\n  flex: 1;\n}\n\n.lk-stay-meta {\n  display: flex;\n  align-items: center;\n  gap: 12px;\n  flex-wrap: wrap;\n  margin-top: 4px;\n}\n.lk-stay-price {\n  font-size: 13px;\n  color: #6b7280;\n}\n.lk-stay-price strong {\n  color: #c39f76;\n  font-weight: 500;\n}\n.lk-stay-stars {\n  color: #c39f76;\n  font-size: 11px;\n  letter-spacing: 1px;\n}\n\n\/* \u2500\u2500\u2500 CTA BUTTON \u2500\u2500\u2500 *\/\n.lk-stay-cta {\n  display: inline-flex;\n  align-items: center;\n  justify-content: center;\n  gap: 7px;\n  margin-top: 8px;\n  padding: 11px 20px;\n  border-radius: 8px;\n  background: linear-gradient(135deg, #3685fc 0%, #2a6fd9 100%);\n  color: #fff;\n  font-size: 13px;\n  font-weight: 500;\n  text-decoration: none;\n  letter-spacing: .3px;\n  transition: all .2s ease;\n  cursor: pointer;\n  border: none;\n  text-align: center;\n  box-shadow: 0 4px 12px rgba(54, 133, 252, 0.25);\n}\n.lk-stay-cta:hover {\n  background: linear-gradient(135deg, #2a6fd9 0%, #1e5bc4 100%);\n  transform: translateY(-1px);\n  box-shadow: 0 6px 16px rgba(54, 133, 252, 0.35);\n}\n.lk-stay-cta svg { flex-shrink: 0; }\n\n\/* \u2500\u2500\u2500 FOOTER \u2500\u2500\u2500 *\/\n.lk-stays-footer {\n  padding: 18px 36px;\n  background: linear-gradient(to bottom, #fdfaf5 0%, #f9f4ed 100%);\n  border-top: 1px solid rgba(195, 159, 118, 0.15);\n  display: flex;\n  align-items: center;\n  justify-content: space-between;\n  flex-wrap: wrap;\n  gap: 12px;\n}\n.lk-stays-footer-note {\n  font-size: 11.5px;\n  color: #6b7280;\n  font-weight: 300;\n  line-height: 1.5;\n}\n.lk-stays-footer-note a {\n  color: #c39f76;\n  text-decoration: none;\n  font-weight: 400;\n}\n.lk-stays-footer-note a:hover {\n  text-decoration: underline;\n}\n.lk-stays-all-btn {\n  display: inline-flex;\n  align-items: center;\n  gap: 6px;\n  font-size: 12.5px;\n  font-weight: 500;\n  color: #c39f76;\n  text-decoration: none;\n  border: 1px solid rgba(195, 159, 118, 0.35);\n  padding: 8px 18px;\n  border-radius: 8px;\n  transition: all .2s ease;\n}\n.lk-stays-all-btn:hover {\n  background: rgba(195, 159, 118, 0.08);\n  border-color: rgba(195, 159, 118, 0.5);\n}\n\n\/* \u2500\u2500\u2500 RESPONSIVE \u2500\u2500\u2500 *\/\n@media (max-width: 600px) {\n  .lk-stays-grid { grid-template-columns: 1fr; }\n  .lk-stays-header { padding: 24px 20px; }\n  .lk-stays-footer { padding: 16px 20px; }\n  .lk-stay-card { padding: 22px; }\n  .lk-stays-title { font-size: 20px; }\n}\n<\/style>\n\n  <!-- HEADER -->\n  <div class=\"lk-stays-header\">\n    <img decoding=\"async\" src=\"https:\/\/loudavymkrokem.cz\/wp-content\/uploads\/2026\/02\/lukas-a-lucka.jpg\" alt=\"\" style=\"width: 75px; height: 75px; border-radius: 8px; flex-shrink: 0; object-fit: cover; display: block; margin: 4px 0;\" title=\"\">\n    <div class=\"lk-stays-header-text\">\n      <div class=\"lk-stays-eyebrow\">Luk\u00e1\u0161 et Lucie recommandent<\/div>\n      <div class=\"lk-stays-title\">O\u00f9 se loger \u00e0 Olomouc<\/div>\n      <div class=\"lk-stays-subtitle\">2 h\u00e9bergements \u2014 h\u00f4tels wellness et autres options d&rsquo;h\u00e9bergement<\/div>\n    <\/div>\n  <\/div>\n\n  <!-- CARDS -->\n  <div class=\"lk-stays-grid\">\n\n    <a class=\"lk-stay-card featured\" href=\"https:\/\/www.stay22.com\/allez\/roam?aid=lukaskonecny&#038;campaign=loudavymkrokemcz&#038;campaign=fr&#038;campaign=olomoucsdetmi&#038;hotelname=OREA%20Hotel%20Arigone%20Olomouc&#038;address=Olomouc%2C%20Cesko&#038;category=accommodation\" target=\"_blank\" rel=\"nofollow noopener\">\n      <span class=\"lk-stay-badge badge-top\">\u2b50 TOP CHOIX<\/span>\n      <span class=\"lk-stay-badge badge-nature\">\u2b50 Luxury<\/span>\n      <div class=\"lk-stay-name\">OREA Hotel Arigone<\/div>\n      <div class=\"lk-stay-desc\">H\u00f4tel dans le centre historique avec chambres wellness, jacuzzi priv\u00e9 et sauna. Enfants jusqu&rsquo;\u00e0 5,99 ans gratuits, petits-d\u00e9jeuners fantastiques.<\/div>\n      <div class=\"lk-stay-meta\">\n        <span class=\"lk-stay-stars\">\u2605\u2605\u2605\u2605<\/span>\n        <span class=\"lk-stay-price\">V\u00e9rifier les prix<\/span>\n      <\/div>\n      <span class=\"lk-stay-cta\">\n        <svg width=\"14\" height=\"14\" viewBox=\"0 0 24 24\" fill=\"none\" stroke=\"currentColor\" stroke-width=\"2\"><path d=\"M18 13v6a2 2 0 0 1-2 2H5a2 2 0 0 1-2-2V8a2 2 0 0 1 2-2h6\"\/><polyline points=\"15 3 21 3 21 9\"\/><line x1=\"10\" y1=\"14\" x2=\"21\" y2=\"3\"\/><\/svg>\n        V\u00e9rifier la disponibilit\u00e9\n      <\/span>\n    <\/a>\n\n    <a class=\"lk-stay-card\" href=\"https:\/\/www.stay22.com\/allez\/roam?aid=lukaskonecny&#038;campaign=loudavymkrokemcz&#038;campaign=fr&#038;campaign=olomouc-s-detmi&#038;address=Olomouc%2C%20Cesko\" target=\"_blank\" rel=\"nofollow noopener\">\n      <span class=\"lk-stay-badge badge-nature\">\ud83c\udfe1 Pension\/B&#038;B<\/span>\n      <div class=\"lk-stay-name\">Autres h\u00e9bergements \u00e0 Olomouc<\/div>\n      <div class=\"lk-stay-desc\">Appartements familiaux au centre avec possibilit\u00e9 de cuisiner. Id\u00e9al pour les familles avec jeunes enfants.<\/div>\n      <div class=\"lk-stay-meta\">\n        <span class=\"lk-stay-stars\">\u2605\u2605\u2605\u2605<\/span>\n        <span class=\"lk-stay-price\">V\u00e9rifier les prix<\/span>\n      <\/div>\n      <span class=\"lk-stay-cta\">\n        <svg width=\"14\" height=\"14\" viewBox=\"0 0 24 24\" fill=\"none\" stroke=\"currentColor\" stroke-width=\"2\"><path d=\"M18 13v6a2 2 0 0 1-2 2H5a2 2 0 0 1-2-2V8a2 2 0 0 1 2-2h6\"\/><polyline points=\"15 3 21 3 21 9\"\/><line x1=\"10\" y1=\"14\" x2=\"21\" y2=\"3\"\/><\/svg>\n        V\u00e9rifier la disponibilit\u00e9\n      <\/span>\n    <\/a>\n\n  <\/div>\n\n  \n<\/div>\n\n\n\n\n<h2 class=\"wp-block-heading\"><span class=\"ez-toc-section\" id=\"Eau_sport_et_defoulement\"><\/span>Eau, sport et d\u00e9foulement<span class=\"ez-toc-section-end\"><\/span><\/h2>\n\n\n\n<p class=\"wp-block-paragraph\">Quand le mercure grimpe haut ou, au contraire, quand tu as besoin de fatiguer les enfants par le sport, Olomouc offre de superbes possibilit\u00e9s pour se d\u00e9fouler. Que tu sois amateur de toboggans ou que tu pr\u00e9f\u00e8res plut\u00f4t les v\u00e9los et les structures \u00e0 grimper, tu ne t&rsquo;y ennuieras vraiment pas.<\/p>\n\n\n\n<h3 class=\"wp-block-heading\"><span class=\"ez-toc-section\" id=\"21_LAquapark_dOlomouc\"><\/span>21. L&rsquo;Aquapark d&rsquo;Olomouc<span class=\"ez-toc-section-end\"><\/span><\/h3>\n\n\n\n<figure data-wp-context=\"{&quot;imageId&quot;:&quot;6a9540807669d&quot;}\" data-wp-interactive=\"core\/image\" data-wp-key=\"6a9540807669d\" class=\"wp-block-image size-full wp-lightbox-container\"><img decoding=\"async\" width=\"1800\" height=\"1013\" data-wp-class--hide=\"state.isContentHidden\" data-wp-class--show=\"state.isContentVisible\" data-wp-init=\"callbacks.setButtonStyles\" data-wp-on--click=\"actions.showLightbox\" data-wp-on--load=\"callbacks.setButtonStyles\" data-wp-on--pointerdown=\"actions.preloadImage\" data-wp-on--pointerenter=\"actions.preloadImageWithDelay\" data-wp-on--pointerleave=\"actions.cancelPreload\" data-wp-on-window--resize=\"callbacks.setButtonStyles\" src=\"https:\/\/loudavymkrokem.cz\/wp-content\/uploads\/2026\/08\/olomouc-s-detmi-aquapark.jpg\" alt=\"B\u00e2timent de l&#039;aquapark d&#039;Olomouc \u00e0 Slavon\u00edn\" class=\"wp-image-401126\" title=\"\" srcset=\"https:\/\/loudavymkrokem.cz\/wp-content\/uploads\/2026\/08\/olomouc-s-detmi-aquapark.jpg 1800w, https:\/\/loudavymkrokem.cz\/wp-content\/uploads\/2026\/08\/olomouc-s-detmi-aquapark-300x169.jpg 300w, https:\/\/loudavymkrokem.cz\/wp-content\/uploads\/2026\/08\/olomouc-s-detmi-aquapark-700x394.jpg 700w, https:\/\/loudavymkrokem.cz\/wp-content\/uploads\/2026\/08\/olomouc-s-detmi-aquapark-768x432.jpg 768w, https:\/\/loudavymkrokem.cz\/wp-content\/uploads\/2026\/08\/olomouc-s-detmi-aquapark-1536x864.jpg 1536w, https:\/\/loudavymkrokem.cz\/wp-content\/uploads\/2026\/08\/olomouc-s-detmi-aquapark-696x392.jpg 696w, https:\/\/loudavymkrokem.cz\/wp-content\/uploads\/2026\/08\/olomouc-s-detmi-aquapark-1392x783.jpg 1392w\" sizes=\"(max-width: 1800px) 100vw, 1800px\" \/><button\n\t\t\tclass=\"lightbox-trigger\"\n\t\t\ttype=\"button\"\n\t\t\taria-haspopup=\"dialog\"\n\t\t\tdata-wp-bind--aria-label=\"state.thisImage.triggerButtonAriaLabel\"\n\t\t\tdata-wp-init=\"callbacks.initTriggerButton\"\n\t\t\tdata-wp-on--click=\"actions.showLightbox\"\n\t\t\tdata-wp-style--right=\"state.thisImage.buttonRight\"\n\t\t\tdata-wp-style--top=\"state.thisImage.buttonTop\"\n\t\t>\n\t\t\t<svg xmlns=\"http:\/\/www.w3.org\/2000\/svg\" width=\"12\" height=\"12\" fill=\"none\" viewBox=\"0 0 12 12\">\n\t\t\t\t<path fill=\"#fff\" d=\"M2 0a2 2 0 0 0-2 2v2h1.5V2a.5.5 0 0 1 .5-.5h2V0H2Zm2 10.5H2a.5.5 0 0 1-.5-.5V8H0v2a2 2 0 0 0 2 2h2v-1.5ZM8 12v-1.5h2a.5.5 0 0 0 .5-.5V8H12v2a2 2 0 0 1-2 2H8Zm2-12a2 2 0 0 1 2 2v2h-1.5V2a.5.5 0 0 0-.5-.5H8V0h2Z\" \/>\n\t\t\t<\/svg>\n\t\t<\/button><figcaption class=\"wp-element-caption\">L&rsquo;aquapark de Slavon\u00edn poss\u00e8de une partie couverte et une partie ext\u00e9rieure, ainsi que l&rsquo;espace enfants Akv\u00e1rko<\/figcaption><\/figure>\n\n\n\n<p class=\"wp-block-paragraph\">Le grand <a href=\"https:\/\/www.aqua-olomouc.cz\/\" target=\"_blank\" rel=\"nofollow noopener\">monde aquatique d&rsquo;Olomouc<\/a> se trouve au 526\/21 de la rue Kafkova, dans le quartier de Slavon\u00edn. C&rsquo;est un immense complexe not\u00e9 4,2 par pr\u00e8s de quatre mille personnes, qui combine une vaste partie couverte pour l&rsquo;hiver et un superbe espace ext\u00e9rieur pour l&rsquo;\u00e9t\u00e9. Tu y trouveras de vrais toboggans, une foule de glissades rapides, une zone de saunas pour les adultes, un parc d&rsquo;activit\u00e9s et un restaurant o\u00f9 assouvir facilement la faim de loup qui suit la baignade.<\/p>\n\n\n\n<p class=\"wp-block-paragraph\">Pour les plus petits, un monde enfants sp\u00e9cial, <strong>Akv\u00e1rko<\/strong>, a \u00e9t\u00e9 am\u00e9nag\u00e9. C\u00f4t\u00e9 temp\u00e9rature de l&rsquo;eau, le <strong>bassin enfants est \u00e0 un agr\u00e9able 32 \u00b0C<\/strong>, le bassin de massage aussi \u00e0 32 \u00b0C, et les whirlpools chauffent jusqu&rsquo;\u00e0 34\u201336 \u00b0C. Un avertissement important ressort toutefois des avis de parents : le grand bassin de loisirs n&rsquo;est qu&rsquo;\u00e0 28 \u00b0C, ce qui peut vite para\u00eetre frais aux plus petits, mieux vaut donc passer l&rsquo;essentiel du temps, avec les tout-petits, dans l&rsquo;espace s\u00e9par\u00e9 Akv\u00e1rko. L&rsquo;aquapark a un avantage pratique que tu appr\u00e9cieras avec des enfants en voiture : on y acc\u00e8de directement depuis l&rsquo;autoroute et l&rsquo;on se gare sans chercher de place.<\/p>\n\n\n\n<h3 class=\"wp-block-heading\"><span class=\"ez-toc-section\" id=\"22_Le_Centre_Semafor\"><\/span>22. Le Centre Semafor<span class=\"ez-toc-section-end\"><\/span><\/h3>\n\n\n\n<figure data-wp-context=\"{&quot;imageId&quot;:&quot;6a95408076b5e&quot;}\" data-wp-interactive=\"core\/image\" data-wp-key=\"6a95408076b5e\" class=\"wp-block-image size-full wp-lightbox-container\"><img decoding=\"async\" width=\"1216\" height=\"913\" data-wp-class--hide=\"state.isContentHidden\" data-wp-class--show=\"state.isContentVisible\" data-wp-init=\"callbacks.setButtonStyles\" data-wp-on--click=\"actions.showLightbox\" data-wp-on--load=\"callbacks.setButtonStyles\" data-wp-on--pointerdown=\"actions.preloadImage\" data-wp-on--pointerenter=\"actions.preloadImageWithDelay\" data-wp-on--pointerleave=\"actions.cancelPreload\" data-wp-on-window--resize=\"callbacks.setButtonStyles\" src=\"https:\/\/loudavymkrokem.cz\/wp-content\/uploads\/2026\/08\/olomouc-s-detmi-centrum-semafor.jpg\" alt=\"Circuit routier \u00e9ducatif du Centre Semafor \u00e0 Olomouc avec feux et panneaux\" class=\"wp-image-403597\" title=\"\" srcset=\"https:\/\/loudavymkrokem.cz\/wp-content\/uploads\/2026\/08\/olomouc-s-detmi-centrum-semafor.jpg 1216w, https:\/\/loudavymkrokem.cz\/wp-content\/uploads\/2026\/08\/olomouc-s-detmi-centrum-semafor-300x225.jpg 300w, https:\/\/loudavymkrokem.cz\/wp-content\/uploads\/2026\/08\/olomouc-s-detmi-centrum-semafor-700x526.jpg 700w, https:\/\/loudavymkrokem.cz\/wp-content\/uploads\/2026\/08\/olomouc-s-detmi-centrum-semafor-768x577.jpg 768w, https:\/\/loudavymkrokem.cz\/wp-content\/uploads\/2026\/08\/olomouc-s-detmi-centrum-semafor-80x60.jpg 80w, https:\/\/loudavymkrokem.cz\/wp-content\/uploads\/2026\/08\/olomouc-s-detmi-centrum-semafor-160x120.jpg 160w, https:\/\/loudavymkrokem.cz\/wp-content\/uploads\/2026\/08\/olomouc-s-detmi-centrum-semafor-696x523.jpg 696w\" sizes=\"(max-width: 1216px) 100vw, 1216px\" \/><button\n\t\t\tclass=\"lightbox-trigger\"\n\t\t\ttype=\"button\"\n\t\t\taria-haspopup=\"dialog\"\n\t\t\tdata-wp-bind--aria-label=\"state.thisImage.triggerButtonAriaLabel\"\n\t\t\tdata-wp-init=\"callbacks.initTriggerButton\"\n\t\t\tdata-wp-on--click=\"actions.showLightbox\"\n\t\t\tdata-wp-style--right=\"state.thisImage.buttonRight\"\n\t\t\tdata-wp-style--top=\"state.thisImage.buttonTop\"\n\t\t>\n\t\t\t<svg xmlns=\"http:\/\/www.w3.org\/2000\/svg\" width=\"12\" height=\"12\" fill=\"none\" viewBox=\"0 0 12 12\">\n\t\t\t\t<path fill=\"#fff\" d=\"M2 0a2 2 0 0 0-2 2v2h1.5V2a.5.5 0 0 1 .5-.5h2V0H2Zm2 10.5H2a.5.5 0 0 1-.5-.5V8H0v2a2 2 0 0 0 2 2h2v-1.5ZM8 12v-1.5h2a.5.5 0 0 0 .5-.5V8H12v2a2 2 0 0 1-2 2H8Zm2-12a2 2 0 0 1 2 2v2h-1.5V2a.5.5 0 0 0-.5-.5H8V0h2Z\" \/>\n\t\t\t<\/svg>\n\t\t<\/button><figcaption class=\"wp-element-caption\">Le seul circuit routier \u00e9ducatif d&rsquo;Olomouc dispose de feux et d&rsquo;un passage \u00e0 niveau fonctionnels | Photo : Centrum Semafor Olomouc<\/figcaption><\/figure>\n\n\n\n<p class=\"wp-block-paragraph\">Si tes enfants adorent rouler sur tout ce qui a des roues, ne manque pas le Centre Semafor, au 15 de la rue Legion\u00e1\u0159sk\u00e1 (fantastique note de <strong>4,8 sur 140 avis<\/strong>). C&rsquo;est le <strong>seul circuit routier \u00e9ducatif sp\u00e9cialis\u00e9 de tout Olomouc<\/strong>, et il est vraiment de haut niveau. Les routes y sont bord\u00e9es de vrais panneaux, des feux fonctionnels clignotent aux carrefours, sans oublier les passages pi\u00e9tons ni un passage \u00e0 niveau avec signaux sonores et lumineux.<\/p>\n\n\n\n<p class=\"wp-block-paragraph\">Si tu n&rsquo;as pas apport\u00e9 ton propre parc de v\u00e9hicules, ce n&rsquo;est pas grave du tout. Il y a ici une super <strong>location \u00e0 50 CZK de l&rsquo;heure ou 200 CZK la journ\u00e9e (environ 2 \u20ac et 8 \u20ac)<\/strong>. Louer des v\u00e9los enfants jusqu&rsquo;\u00e0 24 pouces revient m\u00eame \u00e0 moiti\u00e9 prix, et ils disposent d&rsquo;une cinquantaine de v\u00e9los, ainsi que de trottinettes, des populaires karts \u00e0 p\u00e9dales et m\u00eame de handbikes. C&rsquo;est ouvert d&rsquo;avril \u00e0 juin et \u00e0 l&rsquo;automne en septembre et octobre (en semaine de 14 h \u00e0 18 h, week-ends et jours f\u00e9ri\u00e9s de 10 h \u00e0 12 h et de 14 h \u00e0 18 h) ; pendant les vacances d&rsquo;\u00e9t\u00e9, les horaires diff\u00e8rent l\u00e9g\u00e8rement, mieux vaut donc les v\u00e9rifier.<\/p>\n\n\n\n<h3 class=\"wp-block-heading\"><span class=\"ez-toc-section\" id=\"23_Le_parc_aventure_Veverak\"><\/span>23. Le parc aventure Vever\u00e1k<span class=\"ez-toc-section-end\"><\/span><\/h3>\n\n\n\n<figure data-wp-context=\"{&quot;imageId&quot;:&quot;6a95408076fdc&quot;}\" data-wp-interactive=\"core\/image\" data-wp-key=\"6a95408076fdc\" class=\"wp-block-image size-full wp-lightbox-container\"><img decoding=\"async\" width=\"1800\" height=\"1013\" data-wp-class--hide=\"state.isContentHidden\" data-wp-class--show=\"state.isContentVisible\" data-wp-init=\"callbacks.setButtonStyles\" data-wp-on--click=\"actions.showLightbox\" data-wp-on--load=\"callbacks.setButtonStyles\" data-wp-on--pointerdown=\"actions.preloadImage\" data-wp-on--pointerenter=\"actions.preloadImageWithDelay\" data-wp-on--pointerleave=\"actions.cancelPreload\" data-wp-on-window--resize=\"callbacks.setButtonStyles\" src=\"https:\/\/loudavymkrokem.cz\/wp-content\/uploads\/2026\/08\/olomouc-s-detmi-lanovy-park-veverak.jpg\" alt=\"Enfant sur un parcours d&#039;accrobranche au parc aventure Vever\u00e1k \u00e0 Svat\u00fd Kope\u010dek\" class=\"wp-image-403608\" title=\"\" srcset=\"https:\/\/loudavymkrokem.cz\/wp-content\/uploads\/2026\/08\/olomouc-s-detmi-lanovy-park-veverak.jpg 1800w, https:\/\/loudavymkrokem.cz\/wp-content\/uploads\/2026\/08\/olomouc-s-detmi-lanovy-park-veverak-300x169.jpg 300w, https:\/\/loudavymkrokem.cz\/wp-content\/uploads\/2026\/08\/olomouc-s-detmi-lanovy-park-veverak-700x394.jpg 700w, https:\/\/loudavymkrokem.cz\/wp-content\/uploads\/2026\/08\/olomouc-s-detmi-lanovy-park-veverak-768x432.jpg 768w, https:\/\/loudavymkrokem.cz\/wp-content\/uploads\/2026\/08\/olomouc-s-detmi-lanovy-park-veverak-1536x864.jpg 1536w, https:\/\/loudavymkrokem.cz\/wp-content\/uploads\/2026\/08\/olomouc-s-detmi-lanovy-park-veverak-696x392.jpg 696w, https:\/\/loudavymkrokem.cz\/wp-content\/uploads\/2026\/08\/olomouc-s-detmi-lanovy-park-veverak-1392x783.jpg 1392w\" sizes=\"(max-width: 1800px) 100vw, 1800px\" \/><button\n\t\t\tclass=\"lightbox-trigger\"\n\t\t\ttype=\"button\"\n\t\t\taria-haspopup=\"dialog\"\n\t\t\tdata-wp-bind--aria-label=\"state.thisImage.triggerButtonAriaLabel\"\n\t\t\tdata-wp-init=\"callbacks.initTriggerButton\"\n\t\t\tdata-wp-on--click=\"actions.showLightbox\"\n\t\t\tdata-wp-style--right=\"state.thisImage.buttonRight\"\n\t\t\tdata-wp-style--top=\"state.thisImage.buttonTop\"\n\t\t>\n\t\t\t<svg xmlns=\"http:\/\/www.w3.org\/2000\/svg\" width=\"12\" height=\"12\" fill=\"none\" viewBox=\"0 0 12 12\">\n\t\t\t\t<path fill=\"#fff\" d=\"M2 0a2 2 0 0 0-2 2v2h1.5V2a.5.5 0 0 1 .5-.5h2V0H2Zm2 10.5H2a.5.5 0 0 1-.5-.5V8H0v2a2 2 0 0 0 2 2h2v-1.5ZM8 12v-1.5h2a.5.5 0 0 0 .5-.5V8H12v2a2 2 0 0 1-2 2H8Zm2-12a2 2 0 0 1 2 2v2h-1.5V2a.5.5 0 0 0-.5-.5H8V0h2Z\" \/>\n\t\t\t<\/svg>\n\t\t<\/button><figcaption class=\"wp-element-caption\">Le parc aventure Vever\u00e1k se combine parfaitement avec une visite du zoo | Photo : Lanov\u00fd park Vever\u00e1k<\/figcaption><\/figure>\n\n\n\n<p class=\"wp-block-paragraph\">Autre belle dose d&rsquo;activit\u00e9 physique : le parc aventure Vever\u00e1k, situ\u00e9 pr\u00e8s de la rue Darwinova, directement \u00e0 Svat\u00fd Kope\u010dek. Les parents le saluent d&rsquo;une tr\u00e8s haute note de <strong>4,7<\/strong>, car il propose des parcours r\u00e9partis selon leur difficult\u00e9, de sorte que les plus petits comme les adultes en qu\u00eate d&rsquo;un peu d&rsquo;adr\u00e9naline en hauteur y trouvent leur bonheur.<\/p>\n\n\n\n<p class=\"wp-block-paragraph\">Des instructeurs pros veillent en plus sur tout, expliquent la s\u00e9curit\u00e9 et aident quand quelqu&rsquo;un se retrouve bloqu\u00e9 sur un obstacle plus cors\u00e9. L&rsquo;\u00e9norme avantage de ce parc, c&rsquo;est son emplacement : la visite se combine en effet \u00e0 merveille avec une journ\u00e9e enti\u00e8re au zoo tout proche.<\/p>\n\n\n\n<h3 class=\"wp-block-heading\"><span class=\"ez-toc-section\" id=\"24_Les_aires_de_jeux_dans_les_parcs\"><\/span>24. Les aires de jeux dans les parcs<span class=\"ez-toc-section-end\"><\/span><\/h3>\n\n\n\n<p class=\"wp-block-paragraph\">Quand tu n&rsquo;as pas besoin de grandes activit\u00e9s organis\u00e9es et que tu veux juste t&rsquo;asseoir un moment sur un banc pendant que les enfants se balancent, Olomouc propose plusieurs aires de jeux publiques classiques. Les plus appr\u00e9ci\u00e9es et les mieux entretenues se trouvent dans les jardins Smetana et Bezru\u010d d\u00e9j\u00e0 cit\u00e9s, mais de plus petites structures \u00e0 grimper et des bacs \u00e0 sable sont aussi diss\u00e9min\u00e9s dans d&rsquo;autres parties du centre et des environs, si bien que tu tomberas dessus t\u00f4t ou tard au fil de tes d\u00e9ambulations.<\/p>\n\n\n\n<h2 class=\"wp-block-heading\"><span class=\"ez-toc-section\" id=\"Svaty_Kopecek_le_zoo_et_une_journee_entiere_au-dessus_de_la_ville\"><\/span>Svat\u00fd Kope\u010dek : le zoo et une journ\u00e9e enti\u00e8re au-dessus de la ville<span class=\"ez-toc-section-end\"><\/span><\/h2>\n\n\n\n<p class=\"wp-block-paragraph\">Si tu pr\u00e9vois de venir \u00e0 Olomouc plus d&rsquo;une journ\u00e9e, tu dois absolument inscrire Svat\u00fd Kope\u010dek \u00e0 ton itin\u00e9raire. Ce quartier bois\u00e9 qui s&rsquo;\u00e9l\u00e8ve au-dessus de la ville est en effet synonyme de journ\u00e9e familiale parfaite, pleine d&rsquo;animaux, de belles vues et de balades en pleine nature.<\/p>\n\n\n\n<h3 class=\"wp-block-heading\"><span class=\"ez-toc-section\" id=\"25_Le_zoo_dOlomouc_a_Svaty_Kopecek\"><\/span>25. Le zoo d&rsquo;Olomouc \u00e0 Svat\u00fd Kope\u010dek<span class=\"ez-toc-section-end\"><\/span><\/h3>\n\n\n\n<figure data-wp-context=\"{&quot;imageId&quot;:&quot;6a95408077758&quot;}\" data-wp-interactive=\"core\/image\" data-wp-key=\"6a95408077758\" class=\"wp-block-image size-full wp-lightbox-container\"><img decoding=\"async\" width=\"1800\" height=\"1350\" data-wp-class--hide=\"state.isContentHidden\" data-wp-class--show=\"state.isContentVisible\" data-wp-init=\"callbacks.setButtonStyles\" data-wp-on--click=\"actions.showLightbox\" data-wp-on--load=\"callbacks.setButtonStyles\" data-wp-on--pointerdown=\"actions.preloadImage\" data-wp-on--pointerenter=\"actions.preloadImageWithDelay\" data-wp-on--pointerleave=\"actions.cancelPreload\" data-wp-on-window--resize=\"callbacks.setButtonStyles\" src=\"https:\/\/loudavymkrokem.cz\/wp-content\/uploads\/2026\/08\/olomouc-s-detmi-zoo-voliera.jpg\" alt=\"Grues dans une voli\u00e8re du zoo d&#039;Olomouc \u00e0 Svat\u00fd Kope\u010dek\" class=\"wp-image-401082\" title=\"\" srcset=\"https:\/\/loudavymkrokem.cz\/wp-content\/uploads\/2026\/08\/olomouc-s-detmi-zoo-voliera.jpg 1800w, https:\/\/loudavymkrokem.cz\/wp-content\/uploads\/2026\/08\/olomouc-s-detmi-zoo-voliera-300x225.jpg 300w, https:\/\/loudavymkrokem.cz\/wp-content\/uploads\/2026\/08\/olomouc-s-detmi-zoo-voliera-700x525.jpg 700w, https:\/\/loudavymkrokem.cz\/wp-content\/uploads\/2026\/08\/olomouc-s-detmi-zoo-voliera-768x576.jpg 768w, https:\/\/loudavymkrokem.cz\/wp-content\/uploads\/2026\/08\/olomouc-s-detmi-zoo-voliera-1536x1152.jpg 1536w, https:\/\/loudavymkrokem.cz\/wp-content\/uploads\/2026\/08\/olomouc-s-detmi-zoo-voliera-80x60.jpg 80w, https:\/\/loudavymkrokem.cz\/wp-content\/uploads\/2026\/08\/olomouc-s-detmi-zoo-voliera-160x120.jpg 160w, https:\/\/loudavymkrokem.cz\/wp-content\/uploads\/2026\/08\/olomouc-s-detmi-zoo-voliera-696x522.jpg 696w, https:\/\/loudavymkrokem.cz\/wp-content\/uploads\/2026\/08\/olomouc-s-detmi-zoo-voliera-1392x1044.jpg 1392w\" sizes=\"(max-width: 1800px) 100vw, 1800px\" \/><button\n\t\t\tclass=\"lightbox-trigger\"\n\t\t\ttype=\"button\"\n\t\t\taria-haspopup=\"dialog\"\n\t\t\tdata-wp-bind--aria-label=\"state.thisImage.triggerButtonAriaLabel\"\n\t\t\tdata-wp-init=\"callbacks.initTriggerButton\"\n\t\t\tdata-wp-on--click=\"actions.showLightbox\"\n\t\t\tdata-wp-style--right=\"state.thisImage.buttonRight\"\n\t\t\tdata-wp-style--top=\"state.thisImage.buttonTop\"\n\t\t>\n\t\t\t<svg xmlns=\"http:\/\/www.w3.org\/2000\/svg\" width=\"12\" height=\"12\" fill=\"none\" viewBox=\"0 0 12 12\">\n\t\t\t\t<path fill=\"#fff\" d=\"M2 0a2 2 0 0 0-2 2v2h1.5V2a.5.5 0 0 1 .5-.5h2V0H2Zm2 10.5H2a.5.5 0 0 1-.5-.5V8H0v2a2 2 0 0 0 2 2h2v-1.5ZM8 12v-1.5h2a.5.5 0 0 0 .5-.5V8H12v2a2 2 0 0 1-2 2H8Zm2-12a2 2 0 0 1 2 2v2h-1.5V2a.5.5 0 0 0-.5-.5H8V0h2Z\" \/>\n\t\t\t<\/svg>\n\t\t<\/button><figcaption class=\"wp-element-caption\">Les enclos sont int\u00e9gr\u00e9s directement dans le terrain forestier<\/figcaption><\/figure>\n\n\n\n<figure data-wp-context=\"{&quot;imageId&quot;:&quot;6a95408077d99&quot;}\" data-wp-interactive=\"core\/image\" data-wp-key=\"6a95408077d99\" class=\"wp-block-image size-full wp-lightbox-container\"><img decoding=\"async\" width=\"1800\" height=\"1195\" data-wp-class--hide=\"state.isContentHidden\" data-wp-class--show=\"state.isContentVisible\" data-wp-init=\"callbacks.setButtonStyles\" data-wp-on--click=\"actions.showLightbox\" data-wp-on--load=\"callbacks.setButtonStyles\" data-wp-on--pointerdown=\"actions.preloadImage\" data-wp-on--pointerenter=\"actions.preloadImageWithDelay\" data-wp-on--pointerleave=\"actions.cancelPreload\" data-wp-on-window--resize=\"callbacks.setButtonStyles\" src=\"https:\/\/loudavymkrokem.cz\/wp-content\/uploads\/2026\/08\/olomouc-s-detmi-zoo-vstup.jpg\" alt=\"B\u00e2timent d&#039;entr\u00e9e du zoo d&#039;Olomouc \u00e0 Svat\u00fd Kope\u010dek\" class=\"wp-image-401078\" title=\"\" srcset=\"https:\/\/loudavymkrokem.cz\/wp-content\/uploads\/2026\/08\/olomouc-s-detmi-zoo-vstup.jpg 1800w, https:\/\/loudavymkrokem.cz\/wp-content\/uploads\/2026\/08\/olomouc-s-detmi-zoo-vstup-300x199.jpg 300w, https:\/\/loudavymkrokem.cz\/wp-content\/uploads\/2026\/08\/olomouc-s-detmi-zoo-vstup-700x465.jpg 700w, https:\/\/loudavymkrokem.cz\/wp-content\/uploads\/2026\/08\/olomouc-s-detmi-zoo-vstup-768x510.jpg 768w, https:\/\/loudavymkrokem.cz\/wp-content\/uploads\/2026\/08\/olomouc-s-detmi-zoo-vstup-1536x1020.jpg 1536w, https:\/\/loudavymkrokem.cz\/wp-content\/uploads\/2026\/08\/olomouc-s-detmi-zoo-vstup-696x462.jpg 696w, https:\/\/loudavymkrokem.cz\/wp-content\/uploads\/2026\/08\/olomouc-s-detmi-zoo-vstup-1392x924.jpg 1392w\" sizes=\"(max-width: 1800px) 100vw, 1800px\" \/><button\n\t\t\tclass=\"lightbox-trigger\"\n\t\t\ttype=\"button\"\n\t\t\taria-haspopup=\"dialog\"\n\t\t\tdata-wp-bind--aria-label=\"state.thisImage.triggerButtonAriaLabel\"\n\t\t\tdata-wp-init=\"callbacks.initTriggerButton\"\n\t\t\tdata-wp-on--click=\"actions.showLightbox\"\n\t\t\tdata-wp-style--right=\"state.thisImage.buttonRight\"\n\t\t\tdata-wp-style--top=\"state.thisImage.buttonTop\"\n\t\t>\n\t\t\t<svg xmlns=\"http:\/\/www.w3.org\/2000\/svg\" width=\"12\" height=\"12\" fill=\"none\" viewBox=\"0 0 12 12\">\n\t\t\t\t<path fill=\"#fff\" d=\"M2 0a2 2 0 0 0-2 2v2h1.5V2a.5.5 0 0 1 .5-.5h2V0H2Zm2 10.5H2a.5.5 0 0 1-.5-.5V8H0v2a2 2 0 0 0 2 2h2v-1.5ZM8 12v-1.5h2a.5.5 0 0 0 .5-.5V8H12v2a2 2 0 0 1-2 2H8Zm2-12a2 2 0 0 1 2 2v2h-1.5V2a.5.5 0 0 0-.5-.5H8V0h2Z\" \/>\n\t\t\t<\/svg>\n\t\t<\/button><figcaption class=\"wp-element-caption\">L&rsquo;entr\u00e9e du zoo d&rsquo;Olomouc, cach\u00e9 dans la for\u00eat au-dessus de la ville<\/figcaption><\/figure>\n\n\n\n<p class=\"wp-block-paragraph\">C&rsquo;est, sans discussion, la principale attraction familiale de toute la r\u00e9gion. Le <a href=\"https:\/\/www.zoo-olomouc.cz\/\" target=\"_blank\" rel=\"nofollow noopener\">zoo d&rsquo;Olomouc<\/a>, nich\u00e9 dans une belle for\u00eat de conif\u00e8res, r\u00e9colte des avis enthousiastes, et son score de <strong>4,4 sur plus de 16 500 avis<\/strong> montre \u00e0 quel point il est appr\u00e9ci\u00e9. Les animaux y disposent de vastes enclos int\u00e9gr\u00e9s directement dans un terrain forestier en pente, si bien que la visite est en m\u00eame temps une agr\u00e9able promenade entre les arbres, o\u00f9 l&rsquo;ombre est plaisante m\u00eame en \u00e9t\u00e9.<\/p>\n\n\n\n<p class=\"wp-block-paragraph\">Les prix d&rsquo;entr\u00e9e varient selon la saison. En haute saison (de mars \u00e0 octobre), un adulte paie <strong>180 CZK (environ 7,40 \u20ac)<\/strong> et les enfants, \u00e9tudiants ou seniors <strong>140 CZK (environ 5,70 \u20ac)<\/strong>. Hors saison, en hiver (de novembre \u00e0 f\u00e9vrier), les tarifs sont plus doux : 150 CZK (environ 6,20 \u20ac) pour un adulte et 120 CZK (environ 4,90 \u20ac) en tarif r\u00e9duit. Les tout-petits de moins de 3 ans entrent totalement gratuitement, et le billet famille (2+2) revient \u00e0 un juste <strong>600 CZK (environ 25 \u20ac)<\/strong>. Les horaires changent aussi selon la saison. En janvier et f\u00e9vrier, c&rsquo;est ouvert de 9 h \u00e0 16 h, en mars et septembre de 9 h \u00e0 17 h, d&rsquo;avril \u00e0 ao\u00fbt c&rsquo;est prolong\u00e9 de 9 h \u00e0 18 h, et d&rsquo;octobre \u00e0 d\u00e9cembre les portes referment \u00e0 16 h.<\/p>\n\n\n\n<p class=\"wp-block-paragraph\">Et comment y aller si tu ne veux pas payer le parking du zoo ? Tout simplement. Depuis la gare principale (quai D) part r\u00e9guli\u00e8rement le <strong>bus n\u00b0 11<\/strong>. Les correspondances s&rsquo;encha\u00eenent \u00e0 un rythme parfait de 10 \u00e0 15 minutes, le trajet lui-m\u00eame dure une vingtaine de minutes, et depuis l&rsquo;arr\u00eat ne t&rsquo;attend plus qu&rsquo;une courte marche de cinq \u00e0 dix minutes, en l\u00e9g\u00e8re mont\u00e9e, jusqu&rsquo;\u00e0 l&rsquo;entr\u00e9e du site.<\/p>\n\n\n\n<h3 class=\"wp-block-heading\"><span class=\"ez-toc-section\" id=\"26_La_tour_panoramique_du_zoo\"><\/span>26. La tour panoramique du zoo<span class=\"ez-toc-section-end\"><\/span><\/h3>\n\n\n\n<figure data-wp-context=\"{&quot;imageId&quot;:&quot;6a95408078615&quot;}\" data-wp-interactive=\"core\/image\" data-wp-key=\"6a95408078615\" class=\"wp-block-image size-full wp-lightbox-container\"><img decoding=\"async\" width=\"1800\" height=\"1202\" data-wp-class--hide=\"state.isContentHidden\" data-wp-class--show=\"state.isContentVisible\" data-wp-init=\"callbacks.setButtonStyles\" data-wp-on--click=\"actions.showLightbox\" data-wp-on--load=\"callbacks.setButtonStyles\" data-wp-on--pointerdown=\"actions.preloadImage\" data-wp-on--pointerenter=\"actions.preloadImageWithDelay\" data-wp-on--pointerleave=\"actions.cancelPreload\" data-wp-on-window--resize=\"callbacks.setButtonStyles\" src=\"https:\/\/loudavymkrokem.cz\/wp-content\/uploads\/2026\/08\/olomouc-s-detmi-vyhlidkova-vez-zoo.jpg\" alt=\"Tour panoramique du zoo d&#039;Olomouc \u00e0 Svat\u00fd Kope\u010dek\" class=\"wp-image-403612\" title=\"\" srcset=\"https:\/\/loudavymkrokem.cz\/wp-content\/uploads\/2026\/08\/olomouc-s-detmi-vyhlidkova-vez-zoo.jpg 1800w, https:\/\/loudavymkrokem.cz\/wp-content\/uploads\/2026\/08\/olomouc-s-detmi-vyhlidkova-vez-zoo-300x200.jpg 300w, https:\/\/loudavymkrokem.cz\/wp-content\/uploads\/2026\/08\/olomouc-s-detmi-vyhlidkova-vez-zoo-700x467.jpg 700w, https:\/\/loudavymkrokem.cz\/wp-content\/uploads\/2026\/08\/olomouc-s-detmi-vyhlidkova-vez-zoo-768x513.jpg 768w, https:\/\/loudavymkrokem.cz\/wp-content\/uploads\/2026\/08\/olomouc-s-detmi-vyhlidkova-vez-zoo-1536x1026.jpg 1536w, https:\/\/loudavymkrokem.cz\/wp-content\/uploads\/2026\/08\/olomouc-s-detmi-vyhlidkova-vez-zoo-696x465.jpg 696w, https:\/\/loudavymkrokem.cz\/wp-content\/uploads\/2026\/08\/olomouc-s-detmi-vyhlidkova-vez-zoo-1392x930.jpg 1392w\" sizes=\"(max-width: 1800px) 100vw, 1800px\" \/><button\n\t\t\tclass=\"lightbox-trigger\"\n\t\t\ttype=\"button\"\n\t\t\taria-haspopup=\"dialog\"\n\t\t\tdata-wp-bind--aria-label=\"state.thisImage.triggerButtonAriaLabel\"\n\t\t\tdata-wp-init=\"callbacks.initTriggerButton\"\n\t\t\tdata-wp-on--click=\"actions.showLightbox\"\n\t\t\tdata-wp-style--right=\"state.thisImage.buttonRight\"\n\t\t\tdata-wp-style--top=\"state.thisImage.buttonTop\"\n\t\t>\n\t\t\t<svg xmlns=\"http:\/\/www.w3.org\/2000\/svg\" width=\"12\" height=\"12\" fill=\"none\" viewBox=\"0 0 12 12\">\n\t\t\t\t<path fill=\"#fff\" d=\"M2 0a2 2 0 0 0-2 2v2h1.5V2a.5.5 0 0 1 .5-.5h2V0H2Zm2 10.5H2a.5.5 0 0 1-.5-.5V8H0v2a2 2 0 0 0 2 2h2v-1.5ZM8 12v-1.5h2a.5.5 0 0 0 .5-.5V8H12v2a2 2 0 0 1-2 2H8Zm2-12a2 2 0 0 1 2 2v2h-1.5V2a.5.5 0 0 0-.5-.5H8V0h2Z\" \/>\n\t\t\t<\/svg>\n\t\t<\/button><figcaption class=\"wp-element-caption\">Par temps clair, la tour panoramique offre une vue jusqu&rsquo;aux Jesen\u00edky | Photo : Zoo Olomouc<\/figcaption><\/figure>\n\n\n\n<p class=\"wp-block-paragraph\">Directement au sein du zoo se dresse une immense tour panoramique en acier (note de 4,6), que tu ne devrais surtout pas manquer si tu ne souffres pas de vertige. La mont\u00e9e sur les marches grillag\u00e9es est certes un peu \u00e9prouvante, mais en haut t&rsquo;attend une r\u00e9compense sous la forme d&rsquo;une vue que tu ne verras nulle part ailleurs.<\/p>\n\n\n\n<p class=\"wp-block-paragraph\">Par bonne visibilit\u00e9, un panorama \u00e0 couper le souffle s&rsquo;ouvre sur tout Olomouc \u00e9tal\u00e9e dans la plaine en contrebas, et si tu te retournes de l&rsquo;autre c\u00f4t\u00e9, tu apercevras jusqu&rsquo;aux cr\u00eates des majestueux Jesen\u00edky. Et pour ceux qui ont besoin de se restaurer apr\u00e8s l&rsquo;effort, un agr\u00e9able caf\u00e9 fonctionne juste au pied de la tour.<\/p>\n\n\n\n<h3 class=\"wp-block-heading\"><span class=\"ez-toc-section\" id=\"27_La_basilique_de_la_Visitation_de_la_Vierge_Marie\"><\/span>27. La basilique de la Visitation de la Vierge Marie<span class=\"ez-toc-section-end\"><\/span><\/h3>\n\n\n\n<figure data-wp-context=\"{&quot;imageId&quot;:&quot;6a95408078d3e&quot;}\" data-wp-interactive=\"core\/image\" data-wp-key=\"6a95408078d3e\" class=\"wp-block-image size-full wp-lightbox-container\"><img decoding=\"async\" width=\"1800\" height=\"1350\" data-wp-class--hide=\"state.isContentHidden\" data-wp-class--show=\"state.isContentVisible\" data-wp-init=\"callbacks.setButtonStyles\" data-wp-on--click=\"actions.showLightbox\" data-wp-on--load=\"callbacks.setButtonStyles\" data-wp-on--pointerdown=\"actions.preloadImage\" data-wp-on--pointerenter=\"actions.preloadImageWithDelay\" data-wp-on--pointerleave=\"actions.cancelPreload\" data-wp-on-window--resize=\"callbacks.setButtonStyles\" src=\"https:\/\/loudavymkrokem.cz\/wp-content\/uploads\/2026\/08\/olomouc-s-detmi-bazilika-svaty-kopecek.jpg\" alt=\"Basilique de la Visitation de la Vierge Marie \u00e0 Svat\u00fd Kope\u010dek pr\u00e8s d&#039;Olomouc\" class=\"wp-image-401087\" title=\"\" srcset=\"https:\/\/loudavymkrokem.cz\/wp-content\/uploads\/2026\/08\/olomouc-s-detmi-bazilika-svaty-kopecek.jpg 1800w, https:\/\/loudavymkrokem.cz\/wp-content\/uploads\/2026\/08\/olomouc-s-detmi-bazilika-svaty-kopecek-300x225.jpg 300w, https:\/\/loudavymkrokem.cz\/wp-content\/uploads\/2026\/08\/olomouc-s-detmi-bazilika-svaty-kopecek-700x525.jpg 700w, https:\/\/loudavymkrokem.cz\/wp-content\/uploads\/2026\/08\/olomouc-s-detmi-bazilika-svaty-kopecek-768x576.jpg 768w, https:\/\/loudavymkrokem.cz\/wp-content\/uploads\/2026\/08\/olomouc-s-detmi-bazilika-svaty-kopecek-1536x1152.jpg 1536w, https:\/\/loudavymkrokem.cz\/wp-content\/uploads\/2026\/08\/olomouc-s-detmi-bazilika-svaty-kopecek-80x60.jpg 80w, https:\/\/loudavymkrokem.cz\/wp-content\/uploads\/2026\/08\/olomouc-s-detmi-bazilika-svaty-kopecek-160x120.jpg 160w, https:\/\/loudavymkrokem.cz\/wp-content\/uploads\/2026\/08\/olomouc-s-detmi-bazilika-svaty-kopecek-696x522.jpg 696w, https:\/\/loudavymkrokem.cz\/wp-content\/uploads\/2026\/08\/olomouc-s-detmi-bazilika-svaty-kopecek-1392x1044.jpg 1392w\" sizes=\"(max-width: 1800px) 100vw, 1800px\" \/><button\n\t\t\tclass=\"lightbox-trigger\"\n\t\t\ttype=\"button\"\n\t\t\taria-haspopup=\"dialog\"\n\t\t\tdata-wp-bind--aria-label=\"state.thisImage.triggerButtonAriaLabel\"\n\t\t\tdata-wp-init=\"callbacks.initTriggerButton\"\n\t\t\tdata-wp-on--click=\"actions.showLightbox\"\n\t\t\tdata-wp-style--right=\"state.thisImage.buttonRight\"\n\t\t\tdata-wp-style--top=\"state.thisImage.buttonTop\"\n\t\t>\n\t\t\t<svg xmlns=\"http:\/\/www.w3.org\/2000\/svg\" width=\"12\" height=\"12\" fill=\"none\" viewBox=\"0 0 12 12\">\n\t\t\t\t<path fill=\"#fff\" d=\"M2 0a2 2 0 0 0-2 2v2h1.5V2a.5.5 0 0 1 .5-.5h2V0H2Zm2 10.5H2a.5.5 0 0 1-.5-.5V8H0v2a2 2 0 0 0 2 2h2v-1.5ZM8 12v-1.5h2a.5.5 0 0 0 .5-.5V8H12v2a2 2 0 0 1-2 2H8Zm2-12a2 2 0 0 1 2 2v2h-1.5V2a.5.5 0 0 0-.5-.5H8V0h2Z\" \/>\n\t\t\t<\/svg>\n\t\t<\/button><figcaption class=\"wp-element-caption\">La basilique de p\u00e8lerinage de Svat\u00fd Kope\u010dek se voit d\u00e9j\u00e0 en arrivant \u00e0 Olomouc<\/figcaption><\/figure>\n\n\n\n<p class=\"wp-block-paragraph\">Une fois \u00e0 Svat\u00fd Kope\u010dek, avance un peu jusqu&rsquo;\u00e0 la place Sadov\u00e9 1, o\u00f9 se trouve l&rsquo;impressionnante basilique de p\u00e8lerinage de la Visitation de la Vierge Marie (fantastique note de <strong>4,8 sur 2 572 avis<\/strong>). C&rsquo;est un point de rep\u00e8re que tu verras rayonner sur toute la r\u00e9gion d\u00e8s ton arriv\u00e9e \u00e0 Olomouc.<\/p>\n\n\n\n<p class=\"wp-block-paragraph\">Cette magnifique construction baroque a d&rsquo;ailleurs \u00e9t\u00e9 visit\u00e9e par le pape Jean-Paul II en personne. M\u00eame si, au premier abord, cela ne ressemble pas \u00e0 une attraction typiquement pour enfants, l&rsquo;\u00e9difice est si vaste et majestueux qu&rsquo;il parvient \u00e0 captiver m\u00eame les petits explorateurs, et l&rsquo;on peut en plus faire de tr\u00e8s jolies balades tranquilles dans les environs.<\/p>\n\n\n\n<h2 class=\"wp-block-heading\"><span class=\"ez-toc-section\" id=\"Excursions_au_depart_dOlomouc_avec_des_enfants\"><\/span>Excursions au d\u00e9part d&rsquo;Olomouc avec des enfants<span class=\"ez-toc-section-end\"><\/span><\/h2>\n\n\n\n<p class=\"wp-block-paragraph\">Olomouc est strat\u00e9giquement situ\u00e9e au c\u0153ur de la Moravie, ce qui signifie que si tu disposes d&rsquo;une voiture, une quantit\u00e9 incroyable d&rsquo;autres destinations attrayantes s&rsquo;ouvre \u00e0 toi \u00e0 moins d&rsquo;une heure de route. Alors s&rsquo;il te reste du temps et que tu as envie de sortir un peu des limites de la ville, voici les meilleures id\u00e9es de sorties d&rsquo;une demi-journ\u00e9e ou d&rsquo;une journ\u00e9e enti\u00e8re.<\/p>\n\n\n\n<h3 class=\"wp-block-heading\"><span class=\"ez-toc-section\" id=\"28_Le_DinoPark_et_le_ZOO_Park_de_Vyskov\"><\/span>28. Le DinoPark et le ZOO Park de Vy\u0161kov<span class=\"ez-toc-section-end\"><\/span><\/h3>\n\n\n\n<figure data-wp-context=\"{&quot;imageId&quot;:&quot;6a95408079505&quot;}\" data-wp-interactive=\"core\/image\" data-wp-key=\"6a95408079505\" class=\"wp-block-image size-full wp-lightbox-container\"><img decoding=\"async\" width=\"1800\" height=\"1209\" data-wp-class--hide=\"state.isContentHidden\" data-wp-class--show=\"state.isContentVisible\" data-wp-init=\"callbacks.setButtonStyles\" data-wp-on--click=\"actions.showLightbox\" data-wp-on--load=\"callbacks.setButtonStyles\" data-wp-on--pointerdown=\"actions.preloadImage\" data-wp-on--pointerenter=\"actions.preloadImageWithDelay\" data-wp-on--pointerleave=\"actions.cancelPreload\" data-wp-on-window--resize=\"callbacks.setButtonStyles\" src=\"https:\/\/loudavymkrokem.cz\/wp-content\/uploads\/2026\/08\/olomouc-s-detmi-zoopark-vyskov.jpg\" alt=\"Dromadaire au ZOO Park de Vy\u0161kov\" class=\"wp-image-401131\" title=\"\" srcset=\"https:\/\/loudavymkrokem.cz\/wp-content\/uploads\/2026\/08\/olomouc-s-detmi-zoopark-vyskov.jpg 1800w, https:\/\/loudavymkrokem.cz\/wp-content\/uploads\/2026\/08\/olomouc-s-detmi-zoopark-vyskov-300x202.jpg 300w, https:\/\/loudavymkrokem.cz\/wp-content\/uploads\/2026\/08\/olomouc-s-detmi-zoopark-vyskov-700x470.jpg 700w, https:\/\/loudavymkrokem.cz\/wp-content\/uploads\/2026\/08\/olomouc-s-detmi-zoopark-vyskov-768x516.jpg 768w, https:\/\/loudavymkrokem.cz\/wp-content\/uploads\/2026\/08\/olomouc-s-detmi-zoopark-vyskov-1536x1032.jpg 1536w, https:\/\/loudavymkrokem.cz\/wp-content\/uploads\/2026\/08\/olomouc-s-detmi-zoopark-vyskov-696x467.jpg 696w, https:\/\/loudavymkrokem.cz\/wp-content\/uploads\/2026\/08\/olomouc-s-detmi-zoopark-vyskov-1392x935.jpg 1392w\" sizes=\"(max-width: 1800px) 100vw, 1800px\" \/><button\n\t\t\tclass=\"lightbox-trigger\"\n\t\t\ttype=\"button\"\n\t\t\taria-haspopup=\"dialog\"\n\t\t\tdata-wp-bind--aria-label=\"state.thisImage.triggerButtonAriaLabel\"\n\t\t\tdata-wp-init=\"callbacks.initTriggerButton\"\n\t\t\tdata-wp-on--click=\"actions.showLightbox\"\n\t\t\tdata-wp-style--right=\"state.thisImage.buttonRight\"\n\t\t\tdata-wp-style--top=\"state.thisImage.buttonTop\"\n\t\t>\n\t\t\t<svg xmlns=\"http:\/\/www.w3.org\/2000\/svg\" width=\"12\" height=\"12\" fill=\"none\" viewBox=\"0 0 12 12\">\n\t\t\t\t<path fill=\"#fff\" d=\"M2 0a2 2 0 0 0-2 2v2h1.5V2a.5.5 0 0 1 .5-.5h2V0H2Zm2 10.5H2a.5.5 0 0 1-.5-.5V8H0v2a2 2 0 0 0 2 2h2v-1.5ZM8 12v-1.5h2a.5.5 0 0 0 .5-.5V8H12v2a2 2 0 0 1-2 2H8Zm2-12a2 2 0 0 1 2 2v2h-1.5V2a.5.5 0 0 0-.5-.5H8V0h2Z\" \/>\n\t\t\t<\/svg>\n\t\t<\/button><figcaption class=\"wp-element-caption\">Le m\u00eame billet donne aussi acc\u00e8s au ZOO Park de Vy\u0161kov, avec ses chameaux et ses animaux de ferme<\/figcaption><\/figure>\n\n\n\n<figure data-wp-context=\"{&quot;imageId&quot;:&quot;6a95408079aa9&quot;}\" data-wp-interactive=\"core\/image\" data-wp-key=\"6a95408079aa9\" class=\"wp-block-image size-full wp-lightbox-container\"><img decoding=\"async\" width=\"1800\" height=\"1350\" data-wp-class--hide=\"state.isContentHidden\" data-wp-class--show=\"state.isContentVisible\" data-wp-init=\"callbacks.setButtonStyles\" data-wp-on--click=\"actions.showLightbox\" data-wp-on--load=\"callbacks.setButtonStyles\" data-wp-on--pointerdown=\"actions.preloadImage\" data-wp-on--pointerenter=\"actions.preloadImageWithDelay\" data-wp-on--pointerleave=\"actions.cancelPreload\" data-wp-on-window--resize=\"callbacks.setButtonStyles\" src=\"https:\/\/loudavymkrokem.cz\/wp-content\/uploads\/2026\/08\/olomouc-s-detmi-dinopark-vyskov.jpg\" alt=\"Mod\u00e8le de dinosaure au DinoPark de Vy\u0161kov\" class=\"wp-image-401129\" title=\"\" srcset=\"https:\/\/loudavymkrokem.cz\/wp-content\/uploads\/2026\/08\/olomouc-s-detmi-dinopark-vyskov.jpg 1800w, https:\/\/loudavymkrokem.cz\/wp-content\/uploads\/2026\/08\/olomouc-s-detmi-dinopark-vyskov-300x225.jpg 300w, https:\/\/loudavymkrokem.cz\/wp-content\/uploads\/2026\/08\/olomouc-s-detmi-dinopark-vyskov-700x525.jpg 700w, https:\/\/loudavymkrokem.cz\/wp-content\/uploads\/2026\/08\/olomouc-s-detmi-dinopark-vyskov-768x576.jpg 768w, https:\/\/loudavymkrokem.cz\/wp-content\/uploads\/2026\/08\/olomouc-s-detmi-dinopark-vyskov-1536x1152.jpg 1536w, https:\/\/loudavymkrokem.cz\/wp-content\/uploads\/2026\/08\/olomouc-s-detmi-dinopark-vyskov-80x60.jpg 80w, https:\/\/loudavymkrokem.cz\/wp-content\/uploads\/2026\/08\/olomouc-s-detmi-dinopark-vyskov-160x120.jpg 160w, https:\/\/loudavymkrokem.cz\/wp-content\/uploads\/2026\/08\/olomouc-s-detmi-dinopark-vyskov-696x522.jpg 696w, https:\/\/loudavymkrokem.cz\/wp-content\/uploads\/2026\/08\/olomouc-s-detmi-dinopark-vyskov-1392x1044.jpg 1392w\" sizes=\"(max-width: 1800px) 100vw, 1800px\" \/><button\n\t\t\tclass=\"lightbox-trigger\"\n\t\t\ttype=\"button\"\n\t\t\taria-haspopup=\"dialog\"\n\t\t\tdata-wp-bind--aria-label=\"state.thisImage.triggerButtonAriaLabel\"\n\t\t\tdata-wp-init=\"callbacks.initTriggerButton\"\n\t\t\tdata-wp-on--click=\"actions.showLightbox\"\n\t\t\tdata-wp-style--right=\"state.thisImage.buttonRight\"\n\t\t\tdata-wp-style--top=\"state.thisImage.buttonTop\"\n\t\t>\n\t\t\t<svg xmlns=\"http:\/\/www.w3.org\/2000\/svg\" width=\"12\" height=\"12\" fill=\"none\" viewBox=\"0 0 12 12\">\n\t\t\t\t<path fill=\"#fff\" d=\"M2 0a2 2 0 0 0-2 2v2h1.5V2a.5.5 0 0 1 .5-.5h2V0H2Zm2 10.5H2a.5.5 0 0 1-.5-.5V8H0v2a2 2 0 0 0 2 2h2v-1.5ZM8 12v-1.5h2a.5.5 0 0 0 .5-.5V8H12v2a2 2 0 0 1-2 2H8Zm2-12a2 2 0 0 1 2 2v2h-1.5V2a.5.5 0 0 0-.5-.5H8V0h2Z\" \/>\n\t\t\t<\/svg>\n\t\t<\/button><figcaption class=\"wp-element-caption\">Le DinoPark de Vy\u0161kov compte plus de cent dinosaures, dont certains bougent et rugissent<\/figcaption><\/figure>\n\n\n\n<p class=\"wp-block-paragraph\">Cette excursion au <a href=\"https:\/\/www.dinopark.cz\/vyskov\" target=\"_blank\" rel=\"nofollow noopener\">DinoPark de Vy\u0161kov<\/a>, \u00e0 environ 45 kilom\u00e8tres d&rsquo;Olomouc (Cukrovarsk\u00e1 9, Vy\u0161kov), je dois tout simplement la recommander \u00e0 cent pour cent, car nous y sommes all\u00e9s en personne avec Luk\u00e1\u0161 et Jon\u00e1\u0161 et ce fut un carton absolu. Tu connais ces moments o\u00f9 les yeux d&rsquo;un enfant brillent d&rsquo;\u00e9merveillement ? C&rsquo;est exactement ce qui s&rsquo;est pass\u00e9 quand nous avons d\u00e9couvert un immense st\u00e9gosaure robotique qui marchait. Le site compte en effet plus de <strong>100 dinosaures<\/strong> : certains sont statiques, mais beaucoup sont formidablement sonoris\u00e9s et mobiles. Tu y trouveras aussi un <strong>cin\u00e9ma 4D<\/strong>, le DinoOuragan venteux, une super aire de jeux pal\u00e9ontologique pour les petits explorateurs, une sc\u00e8ne \u00e9labor\u00e9e avec un avion \u00e9cras\u00e9 et des arbres \u00e0 brume, qui rafra\u00eechissent merveilleusement en \u00e9t\u00e9.<\/p>\n\n\n\n<p class=\"wp-block-paragraph\">Fait int\u00e9ressant : le billet est valable aussi pour le <strong>ZOO Park de Vy\u0161kov<\/strong> attenant, plus petit et centr\u00e9 surtout sur les animaux de ferme et de basse-cour, mais o\u00f9 tu croiseras aussi des chameaux, des singes curieux ou des autruches. Entre les dinosaures et le zoo circule un petit train sp\u00e9cial appel\u00e9 <strong>DinoExpres<\/strong>, qui est en soi une attraction pour les enfants. Les gens adorent ces sites : le DinoPark affiche une note de <strong>4,5 sur pr\u00e8s de 7 000 avis<\/strong> et le ZOO Park m\u00eame de <strong>4,5 sur plus de 7 700 \u00e9valuations<\/strong>. \ud83d\udca1 D&rsquo;un point de vue pratique, je dois toutefois confirmer une chose que soulignent souvent les avis : l&rsquo;offre de restauration sur place est assez maigre et, \u00e0 certains endroits du ZOO Park, on ne peut pas payer par carte. Glisse donc \u00e0 coup s\u00fbr un bon en-cas maison dans ton sac \u00e0 dos et n&rsquo;oublie pas d&rsquo;avoir du liquide, histoire de ne pas \u00eatre pris au d\u00e9pourvu par une envie de glace.<\/p>\n\n\n\n<h3 class=\"wp-block-heading\"><span class=\"ez-toc-section\" id=\"29_Le_chateau_de_Bouzov\"><\/span>29. Le ch\u00e2teau de Bouzov<span class=\"ez-toc-section-end\"><\/span><\/h3>\n\n\n\n<figure data-wp-context=\"{&quot;imageId&quot;:&quot;6a9540807a146&quot;}\" data-wp-interactive=\"core\/image\" data-wp-key=\"6a9540807a146\" class=\"wp-block-image size-full wp-lightbox-container\"><img decoding=\"async\" width=\"1800\" height=\"1056\" data-wp-class--hide=\"state.isContentHidden\" data-wp-class--show=\"state.isContentVisible\" data-wp-init=\"callbacks.setButtonStyles\" data-wp-on--click=\"actions.showLightbox\" data-wp-on--load=\"callbacks.setButtonStyles\" data-wp-on--pointerdown=\"actions.preloadImage\" data-wp-on--pointerenter=\"actions.preloadImageWithDelay\" data-wp-on--pointerleave=\"actions.cancelPreload\" data-wp-on-window--resize=\"callbacks.setButtonStyles\" src=\"https:\/\/loudavymkrokem.cz\/wp-content\/uploads\/2026\/08\/olomouc-s-detmi-hrad-bouzov.jpg\" alt=\"Ch\u00e2teau de conte de f\u00e9es de Bouzov dominant le paysage pr\u00e8s d&#039;Olomouc\" class=\"wp-image-401093\" title=\"\" srcset=\"https:\/\/loudavymkrokem.cz\/wp-content\/uploads\/2026\/08\/olomouc-s-detmi-hrad-bouzov.jpg 1800w, https:\/\/loudavymkrokem.cz\/wp-content\/uploads\/2026\/08\/olomouc-s-detmi-hrad-bouzov-300x176.jpg 300w, https:\/\/loudavymkrokem.cz\/wp-content\/uploads\/2026\/08\/olomouc-s-detmi-hrad-bouzov-700x411.jpg 700w, https:\/\/loudavymkrokem.cz\/wp-content\/uploads\/2026\/08\/olomouc-s-detmi-hrad-bouzov-768x451.jpg 768w, https:\/\/loudavymkrokem.cz\/wp-content\/uploads\/2026\/08\/olomouc-s-detmi-hrad-bouzov-1536x901.jpg 1536w, https:\/\/loudavymkrokem.cz\/wp-content\/uploads\/2026\/08\/olomouc-s-detmi-hrad-bouzov-696x408.jpg 696w, https:\/\/loudavymkrokem.cz\/wp-content\/uploads\/2026\/08\/olomouc-s-detmi-hrad-bouzov-1392x817.jpg 1392w\" sizes=\"(max-width: 1800px) 100vw, 1800px\" \/><button\n\t\t\tclass=\"lightbox-trigger\"\n\t\t\ttype=\"button\"\n\t\t\taria-haspopup=\"dialog\"\n\t\t\tdata-wp-bind--aria-label=\"state.thisImage.triggerButtonAriaLabel\"\n\t\t\tdata-wp-init=\"callbacks.initTriggerButton\"\n\t\t\tdata-wp-on--click=\"actions.showLightbox\"\n\t\t\tdata-wp-style--right=\"state.thisImage.buttonRight\"\n\t\t\tdata-wp-style--top=\"state.thisImage.buttonTop\"\n\t\t>\n\t\t\t<svg xmlns=\"http:\/\/www.w3.org\/2000\/svg\" width=\"12\" height=\"12\" fill=\"none\" viewBox=\"0 0 12 12\">\n\t\t\t\t<path fill=\"#fff\" d=\"M2 0a2 2 0 0 0-2 2v2h1.5V2a.5.5 0 0 1 .5-.5h2V0H2Zm2 10.5H2a.5.5 0 0 1-.5-.5V8H0v2a2 2 0 0 0 2 2h2v-1.5ZM8 12v-1.5h2a.5.5 0 0 0 .5-.5V8H12v2a2 2 0 0 1-2 2H8Zm2-12a2 2 0 0 1 2 2v2h-1.5V2a.5.5 0 0 0-.5-.5H8V0h2Z\" \/>\n\t\t\t<\/svg>\n\t\t<\/button><figcaption class=\"wp-element-caption\">Bouzov ressemble \u00e0 un conte de f\u00e9es. D&rsquo;ailleurs, on en a tourn\u00e9 beaucoup ici.<\/figcaption><\/figure>\n\n\n\n<p class=\"wp-block-paragraph\">\u00c0 environ 30 kilom\u00e8tres d&rsquo;Olomouc se dresse un ch\u00e2teau qui a l&rsquo;air d&rsquo;avoir \u00e9t\u00e9 d\u00e9coup\u00e9 tout droit d&rsquo;un livre d&rsquo;images. Pas \u00e9tonnant qu&rsquo;une foule de contes de f\u00e9es tch\u00e8ques aient \u00e9t\u00e9 tourn\u00e9s au f\u00e9\u00e9rique Bouzov. Les visiteurs l&rsquo;adorent et lui ont attribu\u00e9 un incroyable score de <strong>4,8 sur pr\u00e8s de 12 000 avis<\/strong>.<\/p>\n\n\n\n<p class=\"wp-block-paragraph\">Avec de jeunes enfants que le long expos\u00e9 du guide n&rsquo;amuserait pas, une bonne nouvelle : tu peux acc\u00e9der \u00e0 la premi\u00e8re cour du ch\u00e2teau tout \u00e0 fait librement, sans m\u00eame acheter de billet. Tu peux ainsi voir le ch\u00e2teau, t&rsquo;impr\u00e9gner de cette atmosph\u00e8re chevaleresque magique, te faire prendre en photo devant le pont-levis, puis poursuivre tranquillement ton chemin.<\/p>\n\n\n\n<h3 class=\"wp-block-heading\"><span class=\"ez-toc-section\" id=\"30_Les_grottes_de_Mladec\"><\/span>30. Les grottes de Mlade\u010d<span class=\"ez-toc-section-end\"><\/span><\/h3>\n\n\n\n<figure data-wp-context=\"{&quot;imageId&quot;:&quot;6a9540807a832&quot;}\" data-wp-interactive=\"core\/image\" data-wp-key=\"6a9540807a832\" class=\"wp-block-image size-full wp-lightbox-container\"><img decoding=\"async\" width=\"1350\" height=\"1800\" data-wp-class--hide=\"state.isContentHidden\" data-wp-class--show=\"state.isContentVisible\" data-wp-init=\"callbacks.setButtonStyles\" data-wp-on--click=\"actions.showLightbox\" data-wp-on--load=\"callbacks.setButtonStyles\" data-wp-on--pointerdown=\"actions.preloadImage\" data-wp-on--pointerenter=\"actions.preloadImageWithDelay\" data-wp-on--pointerleave=\"actions.cancelPreload\" data-wp-on-window--resize=\"callbacks.setButtonStyles\" src=\"https:\/\/loudavymkrokem.cz\/wp-content\/uploads\/2026\/08\/olomouc-s-detmi-mladecske-jeskyne.jpg\" alt=\"Stalactite \u00e9clair\u00e9e dans les grottes de Mlade\u010d\" class=\"wp-image-401100\" title=\"\" srcset=\"https:\/\/loudavymkrokem.cz\/wp-content\/uploads\/2026\/08\/olomouc-s-detmi-mladecske-jeskyne.jpg 1350w, https:\/\/loudavymkrokem.cz\/wp-content\/uploads\/2026\/08\/olomouc-s-detmi-mladecske-jeskyne-225x300.jpg 225w, https:\/\/loudavymkrokem.cz\/wp-content\/uploads\/2026\/08\/olomouc-s-detmi-mladecske-jeskyne-700x933.jpg 700w, https:\/\/loudavymkrokem.cz\/wp-content\/uploads\/2026\/08\/olomouc-s-detmi-mladecske-jeskyne-768x1024.jpg 768w, https:\/\/loudavymkrokem.cz\/wp-content\/uploads\/2026\/08\/olomouc-s-detmi-mladecske-jeskyne-1152x1536.jpg 1152w, https:\/\/loudavymkrokem.cz\/wp-content\/uploads\/2026\/08\/olomouc-s-detmi-mladecske-jeskyne-696x928.jpg 696w\" sizes=\"(max-width: 1350px) 100vw, 1350px\" \/><button\n\t\t\tclass=\"lightbox-trigger\"\n\t\t\ttype=\"button\"\n\t\t\taria-haspopup=\"dialog\"\n\t\t\tdata-wp-bind--aria-label=\"state.thisImage.triggerButtonAriaLabel\"\n\t\t\tdata-wp-init=\"callbacks.initTriggerButton\"\n\t\t\tdata-wp-on--click=\"actions.showLightbox\"\n\t\t\tdata-wp-style--right=\"state.thisImage.buttonRight\"\n\t\t\tdata-wp-style--top=\"state.thisImage.buttonTop\"\n\t\t>\n\t\t\t<svg xmlns=\"http:\/\/www.w3.org\/2000\/svg\" width=\"12\" height=\"12\" fill=\"none\" viewBox=\"0 0 12 12\">\n\t\t\t\t<path fill=\"#fff\" d=\"M2 0a2 2 0 0 0-2 2v2h1.5V2a.5.5 0 0 1 .5-.5h2V0H2Zm2 10.5H2a.5.5 0 0 1-.5-.5V8H0v2a2 2 0 0 0 2 2h2v-1.5ZM8 12v-1.5h2a.5.5 0 0 0 .5-.5V8H12v2a2 2 0 0 1-2 2H8Zm2-12a2 2 0 0 1 2 2v2h-1.5V2a.5.5 0 0 0-.5-.5H8V0h2Z\" \/>\n\t\t\t<\/svg>\n\t\t<\/button><figcaption class=\"wp-element-caption\">La visite des grottes de Mlade\u010d dure moins d&rsquo;une heure et convient m\u00eame aux plus petits<\/figcaption><\/figure>\n\n\n\n<p class=\"wp-block-paragraph\">Si tu cherches une aventure souterraine plus courte, \u00e0 environ 25 kilom\u00e8tres, dans le village de Mlade\u010d, se trouvent de belles grottes karstiques not\u00e9es <strong>4,7<\/strong>. Elles sont notamment connues pour les d\u00e9couvertes arch\u00e9ologiques d&rsquo;ossements d&rsquo;hommes pr\u00e9historiques.<\/p>\n\n\n\n<p class=\"wp-block-paragraph\">Mais pourquoi sont-elles g\u00e9niales pour les familles ? Le parcours de visite lui-m\u00eame dure en effet \u00e0 peine une heure, il n&rsquo;est pas particuli\u00e8rement \u00e9prouvant physiquement et, d&rsquo;apr\u00e8s l&rsquo;exp\u00e9rience de nombreux visiteurs, il est <strong>tr\u00e8s adapt\u00e9 m\u00eame aux jeunes enfants<\/strong>, qui supporteraient mal un s\u00e9jour plus long dans le froid du sous-sol.<\/p>\n\n\n\n<h3 class=\"wp-block-heading\"><span class=\"ez-toc-section\" id=\"31_Les_grottes_de_Javoricko\"><\/span>31. Les grottes de Javo\u0159\u00ed\u010dko<span class=\"ez-toc-section-end\"><\/span><\/h3>\n\n\n\n<figure data-wp-context=\"{&quot;imageId&quot;:&quot;6a9540807af02&quot;}\" data-wp-interactive=\"core\/image\" data-wp-key=\"6a9540807af02\" class=\"wp-block-image size-full wp-lightbox-container\"><img decoding=\"async\" width=\"1350\" height=\"1800\" data-wp-class--hide=\"state.isContentHidden\" data-wp-class--show=\"state.isContentVisible\" data-wp-init=\"callbacks.setButtonStyles\" data-wp-on--click=\"actions.showLightbox\" data-wp-on--load=\"callbacks.setButtonStyles\" data-wp-on--pointerdown=\"actions.preloadImage\" data-wp-on--pointerenter=\"actions.preloadImageWithDelay\" data-wp-on--pointerleave=\"actions.cancelPreload\" data-wp-on-window--resize=\"callbacks.setButtonStyles\" src=\"https:\/\/loudavymkrokem.cz\/wp-content\/uploads\/2026\/08\/olomouc-s-detmi-javoricske-jeskyne.jpg\" alt=\"Concr\u00e9tions dans les grottes de Javo\u0159\u00ed\u010dko\" class=\"wp-image-401096\" title=\"\" srcset=\"https:\/\/loudavymkrokem.cz\/wp-content\/uploads\/2026\/08\/olomouc-s-detmi-javoricske-jeskyne.jpg 1350w, https:\/\/loudavymkrokem.cz\/wp-content\/uploads\/2026\/08\/olomouc-s-detmi-javoricske-jeskyne-225x300.jpg 225w, https:\/\/loudavymkrokem.cz\/wp-content\/uploads\/2026\/08\/olomouc-s-detmi-javoricske-jeskyne-700x933.jpg 700w, https:\/\/loudavymkrokem.cz\/wp-content\/uploads\/2026\/08\/olomouc-s-detmi-javoricske-jeskyne-768x1024.jpg 768w, https:\/\/loudavymkrokem.cz\/wp-content\/uploads\/2026\/08\/olomouc-s-detmi-javoricske-jeskyne-1152x1536.jpg 1152w, https:\/\/loudavymkrokem.cz\/wp-content\/uploads\/2026\/08\/olomouc-s-detmi-javoricske-jeskyne-696x928.jpg 696w\" sizes=\"(max-width: 1350px) 100vw, 1350px\" \/><button\n\t\t\tclass=\"lightbox-trigger\"\n\t\t\ttype=\"button\"\n\t\t\taria-haspopup=\"dialog\"\n\t\t\tdata-wp-bind--aria-label=\"state.thisImage.triggerButtonAriaLabel\"\n\t\t\tdata-wp-init=\"callbacks.initTriggerButton\"\n\t\t\tdata-wp-on--click=\"actions.showLightbox\"\n\t\t\tdata-wp-style--right=\"state.thisImage.buttonRight\"\n\t\t\tdata-wp-style--top=\"state.thisImage.buttonTop\"\n\t\t>\n\t\t\t<svg xmlns=\"http:\/\/www.w3.org\/2000\/svg\" width=\"12\" height=\"12\" fill=\"none\" viewBox=\"0 0 12 12\">\n\t\t\t\t<path fill=\"#fff\" d=\"M2 0a2 2 0 0 0-2 2v2h1.5V2a.5.5 0 0 1 .5-.5h2V0H2Zm2 10.5H2a.5.5 0 0 1-.5-.5V8H0v2a2 2 0 0 0 2 2h2v-1.5ZM8 12v-1.5h2a.5.5 0 0 0 .5-.5V8H12v2a2 2 0 0 1-2 2H8Zm2-12a2 2 0 0 1 2 2v2h-1.5V2a.5.5 0 0 0-.5-.5H8V0h2Z\" \/>\n\t\t\t<\/svg>\n\t\t<\/button><figcaption class=\"wp-element-caption\">Les grottes de Javo\u0159\u00ed\u010dko ont de superbes concr\u00e9tions, mais aussi 250 marches<\/figcaption><\/figure>\n\n\n\n<p class=\"wp-block-paragraph\">Un peu plus loin, \u00e0 environ 35 kilom\u00e8tres de la ville, se cache un autre joyau souterrain, encore plus grand : les grottes de Javo\u0159\u00ed\u010dko et leurs concr\u00e9tions \u00e0 couper le souffle (excellente note de <strong>4,8 sur pr\u00e8s de 3 000 avis<\/strong>). La visite de ce lieu est une immense exp\u00e9rience, mais je te pr\u00e9viens honn\u00eatement que c&rsquo;est une sortie plut\u00f4t adapt\u00e9e aux enfants plus grands et physiquement en forme.<\/p>\n\n\n\n<p class=\"wp-block-paragraph\">Si tu empruntes en effet le parcours non raccourci, long de pr\u00e8s de 800 m\u00e8tres, tu passeras plus d&rsquo;une heure dans la grotte, tu te faufileras par endroits dans des couloirs assez \u00e9troits et surtout tu devras gravir, au cours de la visite, environ <strong>250 marches<\/strong>. Avec un bambin dans les bras, ce serait vraiment un calvaire.<\/p>\n\n\n\n<h3 class=\"wp-block-heading\"><span class=\"ez-toc-section\" id=\"32_Le_musee_du_fromage_tvaruzky_dOlomouc_a_Lostice\"><\/span>32. Le mus\u00e9e du fromage tvar\u016f\u017eky d&rsquo;Olomouc \u00e0 Lo\u0161tice<span class=\"ez-toc-section-end\"><\/span><\/h3>\n\n\n\n<figure data-wp-context=\"{&quot;imageId&quot;:&quot;6a9540807b5f4&quot;}\" data-wp-interactive=\"core\/image\" data-wp-key=\"6a9540807b5f4\" class=\"wp-block-image size-full wp-lightbox-container\"><img decoding=\"async\" width=\"1800\" height=\"1246\" data-wp-class--hide=\"state.isContentHidden\" data-wp-class--show=\"state.isContentVisible\" data-wp-init=\"callbacks.setButtonStyles\" data-wp-on--click=\"actions.showLightbox\" data-wp-on--load=\"callbacks.setButtonStyles\" data-wp-on--pointerdown=\"actions.preloadImage\" data-wp-on--pointerenter=\"actions.preloadImageWithDelay\" data-wp-on--pointerleave=\"actions.cancelPreload\" data-wp-on-window--resize=\"callbacks.setButtonStyles\" src=\"https:\/\/loudavymkrokem.cz\/wp-content\/uploads\/2026\/08\/olomouc-s-detmi-muzeum-tvaruzku.jpg\" alt=\"Exposition au mus\u00e9e du fromage tvar\u016f\u017eky d&#039;Olomouc \u00e0 Lo\u0161tice\" class=\"wp-image-401116\" title=\"\" srcset=\"https:\/\/loudavymkrokem.cz\/wp-content\/uploads\/2026\/08\/olomouc-s-detmi-muzeum-tvaruzku.jpg 1800w, https:\/\/loudavymkrokem.cz\/wp-content\/uploads\/2026\/08\/olomouc-s-detmi-muzeum-tvaruzku-300x208.jpg 300w, https:\/\/loudavymkrokem.cz\/wp-content\/uploads\/2026\/08\/olomouc-s-detmi-muzeum-tvaruzku-700x485.jpg 700w, https:\/\/loudavymkrokem.cz\/wp-content\/uploads\/2026\/08\/olomouc-s-detmi-muzeum-tvaruzku-768x532.jpg 768w, https:\/\/loudavymkrokem.cz\/wp-content\/uploads\/2026\/08\/olomouc-s-detmi-muzeum-tvaruzku-1536x1063.jpg 1536w, https:\/\/loudavymkrokem.cz\/wp-content\/uploads\/2026\/08\/olomouc-s-detmi-muzeum-tvaruzku-696x482.jpg 696w, https:\/\/loudavymkrokem.cz\/wp-content\/uploads\/2026\/08\/olomouc-s-detmi-muzeum-tvaruzku-1392x964.jpg 1392w\" sizes=\"(max-width: 1800px) 100vw, 1800px\" \/><button\n\t\t\tclass=\"lightbox-trigger\"\n\t\t\ttype=\"button\"\n\t\t\taria-haspopup=\"dialog\"\n\t\t\tdata-wp-bind--aria-label=\"state.thisImage.triggerButtonAriaLabel\"\n\t\t\tdata-wp-init=\"callbacks.initTriggerButton\"\n\t\t\tdata-wp-on--click=\"actions.showLightbox\"\n\t\t\tdata-wp-style--right=\"state.thisImage.buttonRight\"\n\t\t\tdata-wp-style--top=\"state.thisImage.buttonTop\"\n\t\t>\n\t\t\t<svg xmlns=\"http:\/\/www.w3.org\/2000\/svg\" width=\"12\" height=\"12\" fill=\"none\" viewBox=\"0 0 12 12\">\n\t\t\t\t<path fill=\"#fff\" d=\"M2 0a2 2 0 0 0-2 2v2h1.5V2a.5.5 0 0 1 .5-.5h2V0H2Zm2 10.5H2a.5.5 0 0 1-.5-.5V8H0v2a2 2 0 0 0 2 2h2v-1.5ZM8 12v-1.5h2a.5.5 0 0 0 .5-.5V8H12v2a2 2 0 0 1-2 2H8Zm2-12a2 2 0 0 1 2 2v2h-1.5V2a.5.5 0 0 0-.5-.5H8V0h2Z\" \/>\n\t\t\t<\/svg>\n\t\t<\/button><figcaption class=\"wp-element-caption\">\u00c0 Lo\u0161tice, tu verras comment on fabrique le tvar\u016f\u017eky depuis plus de 400 ans<\/figcaption><\/figure>\n\n\n\n<p class=\"wp-block-paragraph\">Le fromage tvar\u016f\u017eky fait tout simplement partie de cette r\u00e9gion, et si tu veux voir comment se fabrique ce tr\u00e9sor odorant (voire, pour certains, plut\u00f4t malodorant), rends-toi \u00e0 environ 35 kilom\u00e8tres, \u00e0 Lo\u0161tice, rue Palack\u00e9ho num\u00e9ro 56. Le mus\u00e9e local (note de <strong>4,8<\/strong>) est consacr\u00e9 au seul fromage tch\u00e8que d&rsquo;origine, fabriqu\u00e9 ici sans interruption depuis un respectable 400 ans.<\/p>\n\n\n\n<p class=\"wp-block-paragraph\">M\u00eame si cela peut para\u00eetre ennuyeux pour les adultes, cette visite amuse g\u00e9n\u00e9ralement \u00e9norm\u00e9ment les enfants, surtout \u00e0 cause de cette odeur d&rsquo;affinage si particuli\u00e8re et omnipr\u00e9sente, qui les fait se chamailler et rire. \ud83d\ude05 Le fromage est bien s\u00fbr, du point de vue des ingr\u00e9dients, parfaitement compatible avec un r\u00e9gime v\u00e9g\u00e9tarien, tu peux donc l&rsquo;acheter pour la maison apr\u00e8s la visite sans le moindre remords.<\/p>\n\n\n\n<h3 class=\"wp-block-heading\"><span class=\"ez-toc-section\" id=\"33_Le_musee_pour_enfants_Praded_a_Bludov\"><\/span>33. Le mus\u00e9e pour enfants Prad\u011bd \u00e0 Bludov<span class=\"ez-toc-section-end\"><\/span><\/h3>\n\n\n\n<figure data-wp-context=\"{&quot;imageId&quot;:&quot;6a9540807bce6&quot;}\" data-wp-interactive=\"core\/image\" data-wp-key=\"6a9540807bce6\" class=\"wp-block-image size-full wp-lightbox-container\"><img decoding=\"async\" width=\"800\" height=\"533\" data-wp-class--hide=\"state.isContentHidden\" data-wp-class--show=\"state.isContentVisible\" data-wp-init=\"callbacks.setButtonStyles\" data-wp-on--click=\"actions.showLightbox\" data-wp-on--load=\"callbacks.setButtonStyles\" data-wp-on--pointerdown=\"actions.preloadImage\" data-wp-on--pointerenter=\"actions.preloadImageWithDelay\" data-wp-on--pointerleave=\"actions.cancelPreload\" data-wp-on-window--resize=\"callbacks.setButtonStyles\" src=\"https:\/\/loudavymkrokem.cz\/wp-content\/uploads\/2026\/08\/olomouc-s-detmi-pradedovo-muzeum.jpg\" alt=\"Maisonnette en bois au mus\u00e9e pour enfants Prad\u011bd \u00e0 Bludov\" class=\"wp-image-403605\" title=\"\" srcset=\"https:\/\/loudavymkrokem.cz\/wp-content\/uploads\/2026\/08\/olomouc-s-detmi-pradedovo-muzeum.jpg 800w, https:\/\/loudavymkrokem.cz\/wp-content\/uploads\/2026\/08\/olomouc-s-detmi-pradedovo-muzeum-300x200.jpg 300w, https:\/\/loudavymkrokem.cz\/wp-content\/uploads\/2026\/08\/olomouc-s-detmi-pradedovo-muzeum-700x466.jpg 700w, https:\/\/loudavymkrokem.cz\/wp-content\/uploads\/2026\/08\/olomouc-s-detmi-pradedovo-muzeum-768x512.jpg 768w, https:\/\/loudavymkrokem.cz\/wp-content\/uploads\/2026\/08\/olomouc-s-detmi-pradedovo-muzeum-696x464.jpg 696w\" sizes=\"(max-width: 800px) 100vw, 800px\" \/><button\n\t\t\tclass=\"lightbox-trigger\"\n\t\t\ttype=\"button\"\n\t\t\taria-haspopup=\"dialog\"\n\t\t\tdata-wp-bind--aria-label=\"state.thisImage.triggerButtonAriaLabel\"\n\t\t\tdata-wp-init=\"callbacks.initTriggerButton\"\n\t\t\tdata-wp-on--click=\"actions.showLightbox\"\n\t\t\tdata-wp-style--right=\"state.thisImage.buttonRight\"\n\t\t\tdata-wp-style--top=\"state.thisImage.buttonTop\"\n\t\t>\n\t\t\t<svg xmlns=\"http:\/\/www.w3.org\/2000\/svg\" width=\"12\" height=\"12\" fill=\"none\" viewBox=\"0 0 12 12\">\n\t\t\t\t<path fill=\"#fff\" d=\"M2 0a2 2 0 0 0-2 2v2h1.5V2a.5.5 0 0 1 .5-.5h2V0H2Zm2 10.5H2a.5.5 0 0 1-.5-.5V8H0v2a2 2 0 0 0 2 2h2v-1.5ZM8 12v-1.5h2a.5.5 0 0 0 .5-.5V8H12v2a2 2 0 0 1-2 2H8Zm2-12a2 2 0 0 1 2 2v2h-1.5V2a.5.5 0 0 0-.5-.5H8V0h2Z\" \/>\n\t\t\t<\/svg>\n\t\t<\/button><figcaption class=\"wp-element-caption\">Le mus\u00e9e Prad\u011bd est con\u00e7u pour que les enfants puissent tout manipuler | Photo : Prad\u011bdovo d\u011btsk\u00e9 muzeum<\/figcaption><\/figure>\n\n\n\n<p class=\"wp-block-paragraph\">Si tu fais une sortie un peu plus longue, d&rsquo;environ 45 kilom\u00e8tres vers le nord, \u00e0 Bludov, tu tomberas sur un paradis cr\u00e9\u00e9 uniquement pour les plus petits. Le mus\u00e9e pour enfants Prad\u011bd tient une superbe note de <strong>4,7 sur pr\u00e8s d&rsquo;un millier d&rsquo;avis<\/strong>, et c&rsquo;est un endroit o\u00f9 l&rsquo;on a vraiment pens\u00e9 au moindre caprice enfantin.<\/p>\n\n\n\n<p class=\"wp-block-paragraph\">Toute l&rsquo;exposition et le site ext\u00e9rieur attenant sont con\u00e7us pour que les enfants puissent tout manipuler, d\u00e9couvrir la nature des Jesen\u00edky de fa\u00e7on ludique, courir et profiter d&rsquo;une libert\u00e9 sans se faire sans cesse rappeler qu&rsquo;on ne touche pas aux objets du mus\u00e9e.<\/p>\n\n\n\n<h3 class=\"wp-block-heading\"><span class=\"ez-toc-section\" id=\"34_Le_Fort_Radikov\"><\/span>34. Le Fort Rad\u00edkov<span class=\"ez-toc-section-end\"><\/span><\/h3>\n\n\n\n<figure data-wp-context=\"{&quot;imageId&quot;:&quot;6a9540807c37e&quot;}\" data-wp-interactive=\"core\/image\" data-wp-key=\"6a9540807c37e\" class=\"wp-block-image size-full wp-lightbox-container\"><img decoding=\"async\" width=\"1800\" height=\"1350\" data-wp-class--hide=\"state.isContentHidden\" data-wp-class--show=\"state.isContentVisible\" data-wp-init=\"callbacks.setButtonStyles\" data-wp-on--click=\"actions.showLightbox\" data-wp-on--load=\"callbacks.setButtonStyles\" data-wp-on--pointerdown=\"actions.preloadImage\" data-wp-on--pointerenter=\"actions.preloadImageWithDelay\" data-wp-on--pointerleave=\"actions.cancelPreload\" data-wp-on-window--resize=\"callbacks.setButtonStyles\" src=\"https:\/\/loudavymkrokem.cz\/wp-content\/uploads\/2026\/08\/olomouc-s-detmi-fort-radikov.jpg\" alt=\"Entr\u00e9e du Fort Rad\u00edkov \u00e0 la p\u00e9riph\u00e9rie d&#039;Olomouc\" class=\"wp-image-401112\" title=\"\" srcset=\"https:\/\/loudavymkrokem.cz\/wp-content\/uploads\/2026\/08\/olomouc-s-detmi-fort-radikov.jpg 1800w, https:\/\/loudavymkrokem.cz\/wp-content\/uploads\/2026\/08\/olomouc-s-detmi-fort-radikov-300x225.jpg 300w, https:\/\/loudavymkrokem.cz\/wp-content\/uploads\/2026\/08\/olomouc-s-detmi-fort-radikov-700x525.jpg 700w, https:\/\/loudavymkrokem.cz\/wp-content\/uploads\/2026\/08\/olomouc-s-detmi-fort-radikov-768x576.jpg 768w, https:\/\/loudavymkrokem.cz\/wp-content\/uploads\/2026\/08\/olomouc-s-detmi-fort-radikov-1536x1152.jpg 1536w, https:\/\/loudavymkrokem.cz\/wp-content\/uploads\/2026\/08\/olomouc-s-detmi-fort-radikov-80x60.jpg 80w, https:\/\/loudavymkrokem.cz\/wp-content\/uploads\/2026\/08\/olomouc-s-detmi-fort-radikov-160x120.jpg 160w, https:\/\/loudavymkrokem.cz\/wp-content\/uploads\/2026\/08\/olomouc-s-detmi-fort-radikov-696x522.jpg 696w, https:\/\/loudavymkrokem.cz\/wp-content\/uploads\/2026\/08\/olomouc-s-detmi-fort-radikov-1392x1044.jpg 1392w\" sizes=\"(max-width: 1800px) 100vw, 1800px\" \/><button\n\t\t\tclass=\"lightbox-trigger\"\n\t\t\ttype=\"button\"\n\t\t\taria-haspopup=\"dialog\"\n\t\t\tdata-wp-bind--aria-label=\"state.thisImage.triggerButtonAriaLabel\"\n\t\t\tdata-wp-init=\"callbacks.initTriggerButton\"\n\t\t\tdata-wp-on--click=\"actions.showLightbox\"\n\t\t\tdata-wp-style--right=\"state.thisImage.buttonRight\"\n\t\t\tdata-wp-style--top=\"state.thisImage.buttonTop\"\n\t\t>\n\t\t\t<svg xmlns=\"http:\/\/www.w3.org\/2000\/svg\" width=\"12\" height=\"12\" fill=\"none\" viewBox=\"0 0 12 12\">\n\t\t\t\t<path fill=\"#fff\" d=\"M2 0a2 2 0 0 0-2 2v2h1.5V2a.5.5 0 0 1 .5-.5h2V0H2Zm2 10.5H2a.5.5 0 0 1-.5-.5V8H0v2a2 2 0 0 0 2 2h2v-1.5ZM8 12v-1.5h2a.5.5 0 0 0 .5-.5V8H12v2a2 2 0 0 1-2 2H8Zm2-12a2 2 0 0 1 2 2v2h-1.5V2a.5.5 0 0 0-.5-.5H8V0h2Z\" \/>\n\t\t\t<\/svg>\n\t\t<\/button><figcaption class=\"wp-element-caption\">Le Fort Rad\u00edkov \u00e0 la p\u00e9riph\u00e9rie de la ville, autour duquel passe une jolie balade en for\u00eat<\/figcaption><\/figure>\n\n\n\n<p class=\"wp-block-paragraph\">Et ma derni\u00e8re id\u00e9e te ram\u00e8ne \u00e0 la p\u00e9riph\u00e9rie m\u00eame d&rsquo;Olomouc. Si le Fortin de la Couronne du centre t&rsquo;a plu, va absolument voir aussi le Fort Rad\u00edkov (note de 4,3), qui est l&rsquo;un des autres fortins conserv\u00e9s ayant jadis form\u00e9 un ing\u00e9nieux anneau d\u00e9fensif autour de la ville.<\/p>\n\n\n\n<p class=\"wp-block-paragraph\">Outre l&rsquo;int\u00e9ressante construction militaire elle-m\u00eame, le principal attrait ici, c&rsquo;est la belle nature. Autour des fortifications passe une tr\u00e8s jolie balade en for\u00eat, facile, o\u00f9 tu peux ramasser des pommes de pin, construire une maisonnette pour les lutins et savourer un moment de calme loin de l&rsquo;agitation de la ville.<\/p>\n\n\n\n<h2 class=\"wp-block-heading\"><span class=\"ez-toc-section\" id=\"Ou_manger_avec_des_enfants\"><\/span>O\u00f9 manger avec des enfants<span class=\"ez-toc-section-end\"><\/span><\/h2>\n\n\n\n<p class=\"wp-block-paragraph\">En tant que v\u00e9g\u00e9tariens avec un bambin, nous avons des exigences assez particuli\u00e8res concernant les restaurants, et \u00e0 Olomouc nous n&rsquo;avons eu absolument aucun probl\u00e8me. Comme famille qui ne mange pas de viande, j&rsquo;ai pour toi des adresses que les convives locaux, et surtout les v\u00e9g\u00e9tariens, portent aux nues dans les avis. Et avec une pizza, avec des enfants, tu ne te trompes tout simplement jamais.<\/p>\n\n\n\n<ul class=\"wp-block-list\">\n\n<li><strong>Koza z\u016fstala cel\u00e1<\/strong> (Ml\u00fdnsk\u00e1 952) : un restaurant v\u00e9g\u00e9tarien absolument fantastique et r\u00e9put\u00e9, qui tient une note de premier ordre de <strong>4,8 sur 517 avis<\/strong>. Les convives y louent l&rsquo;\u00e9norme cr\u00e9ativit\u00e9 dans l&rsquo;assiette, et en \u00e9t\u00e9 tu peux en plus t&rsquo;installer sur une belle terrasse paisible, o\u00f9 les enfants ne g\u00eaneront personne.<\/li>\n\n\n\n<li><strong>Bistro ROZMAR\u00ddNY<\/strong> (Masarykova t\u0159. 61) : un autre \u00e9tablissement purement v\u00e9g\u00e9tarien (note de <strong>4,8 sur 184<\/strong>), qui fonctionne comme un bistrot. C&rsquo;est le choix id\u00e9al quand tu as besoin de faire avaler aux enfants un d\u00e9jeuner rapide, mais \u00e9quilibr\u00e9 et sain, plein de l\u00e9gumes et de l\u00e9gumineuses.<\/li>\n\n\n\n<li><strong>GREEN BAR<\/strong> (Ztracen\u00e1 3) : si la faim te prend au milieu d&rsquo;une balade matinale dans le centre, cet endroit te sauvera (note de 4,6 sur 379). Il ouvre d\u00e8s 10 h et propose une excellente cuisine v\u00e9g\u00e9tarienne, surtout rapide, sous forme de buffet, si bien que tu vois exactement ce que tu mets dans ton assiette.<\/li>\n\n\n\n<li><strong>Kathmandu<\/strong> (Doln\u00ed n\u00e1m. 25) : tu aimes un peu d&rsquo;exotisme ? Ce restaurant n\u00e9palais est un \u00e9norme succ\u00e8s \u00e0 Olomouc (un fantastique <strong>4,7 sur 1 789 \u00e9valuations<\/strong>). Les parents mentionnent tr\u00e8s souvent le personnel extr\u00eamement serviable, qui te conseille avec plaisir et patience les meilleures variantes v\u00e9g\u00e9tariennes, pour qu&rsquo;elles ne soient pas trop \u00e9pic\u00e9es et plaisent aussi aux petits gourmands.<\/li>\n\n\n\n<li><strong>Pizza Hradlo<\/strong> (Mr\u0161t\u00edkovo n\u00e1m. 6) : une note de 4,7 sur plus d&rsquo;un millier d&rsquo;avis, \u00e7a parle clairement. Avec des enfants, la pizza est tout simplement toujours une valeur s\u00fbre, et si tu prends une Margherita classique, tout le monde se r\u00e9galera.<\/li>\n\n\n\n<li><strong>Buon Gusto<\/strong> (Velkomoravsk\u00e1 8) et <strong>La Scala<\/strong> (Masarykova t\u0159. 15) : deux autres superbes pizzerias aux excellentes notes (4,9 et 4,7). Elles proposent une foule de d\u00e9licieuses p\u00e2tes et pizzas sans viande, qui sentent bon la vraie Italie.<\/li>\n\n\n\n<li><strong>Zmrzlin\u00e1rium Caf\u00e9 Centro<\/strong> (Na St\u0159elnici 37) : aucune sortie en famille ne se passe d&rsquo;une touche sucr\u00e9e. Cet endroit affiche une note de 4,7 sur pr\u00e8s de 1 700 \u00e9valuations et, d&rsquo;apr\u00e8s les habitants, on y fait les meilleurs desserts et glaces des environs.<\/li>\n\n\n\n<li><strong>Le tvar\u016f\u017eky d&rsquo;Olomouc<\/strong> : pour finir, je ne peux pas oublier la fiert\u00e9 locale. Le seul fromage tch\u00e8que d&rsquo;origine avec une appellation prot\u00e9g\u00e9e par l&rsquo;UE est bien s\u00fbr sans viande, tu peux donc le go\u00fbter en toute tranquillit\u00e9. Tu trouveras en plein centre une boutique sp\u00e9cialis\u00e9e. S&rsquo;il te para\u00eet trop aromatique \u00e0 froid, essaie-le dans un petit resto, frit ou fondu dans une soupe \u00e0 l&rsquo;ail bien chaude, on dit qu&rsquo;il a un go\u00fbt nettement plus doux.<\/li>\n\n\n<\/ul>\n\n\n\n<h2 class=\"wp-block-heading\"><span class=\"ez-toc-section\" id=\"Infos_pratiques\"><\/span>Infos pratiques<span class=\"ez-toc-section-end\"><\/span><\/h2>\n\n\n\n<figure data-wp-context=\"{&quot;imageId&quot;:&quot;6a9540807cd2e&quot;}\" data-wp-interactive=\"core\/image\" data-wp-key=\"6a9540807cd2e\" class=\"wp-block-image size-full wp-lightbox-container\"><img decoding=\"async\" width=\"2200\" height=\"1467\" data-wp-class--hide=\"state.isContentHidden\" data-wp-class--show=\"state.isContentVisible\" data-wp-init=\"callbacks.setButtonStyles\" data-wp-on--click=\"actions.showLightbox\" data-wp-on--load=\"callbacks.setButtonStyles\" data-wp-on--pointerdown=\"actions.preloadImage\" data-wp-on--pointerenter=\"actions.preloadImageWithDelay\" data-wp-on--pointerleave=\"actions.cancelPreload\" data-wp-on-window--resize=\"callbacks.setButtonStyles\" src=\"https:\/\/loudavymkrokem.cz\/wp-content\/uploads\/2026\/08\/olomouc-s-detmi-ulice-tramvaj.jpg\" alt=\"Rue d&#039;Olomouc avec des rails de tramway dans le centre-ville\" class=\"wp-image-401032\" title=\"\" srcset=\"https:\/\/loudavymkrokem.cz\/wp-content\/uploads\/2026\/08\/olomouc-s-detmi-ulice-tramvaj.jpg 2200w, https:\/\/loudavymkrokem.cz\/wp-content\/uploads\/2026\/08\/olomouc-s-detmi-ulice-tramvaj-300x200.jpg 300w, https:\/\/loudavymkrokem.cz\/wp-content\/uploads\/2026\/08\/olomouc-s-detmi-ulice-tramvaj-700x467.jpg 700w, https:\/\/loudavymkrokem.cz\/wp-content\/uploads\/2026\/08\/olomouc-s-detmi-ulice-tramvaj-768x512.jpg 768w, https:\/\/loudavymkrokem.cz\/wp-content\/uploads\/2026\/08\/olomouc-s-detmi-ulice-tramvaj-1536x1024.jpg 1536w, https:\/\/loudavymkrokem.cz\/wp-content\/uploads\/2026\/08\/olomouc-s-detmi-ulice-tramvaj-2048x1366.jpg 2048w, https:\/\/loudavymkrokem.cz\/wp-content\/uploads\/2026\/08\/olomouc-s-detmi-ulice-tramvaj-696x464.jpg 696w, https:\/\/loudavymkrokem.cz\/wp-content\/uploads\/2026\/08\/olomouc-s-detmi-ulice-tramvaj-1392x928.jpg 1392w, https:\/\/loudavymkrokem.cz\/wp-content\/uploads\/2026\/08\/olomouc-s-detmi-ulice-tramvaj-1920x1280.jpg 1920w\" sizes=\"(max-width: 2200px) 100vw, 2200px\" \/><button\n\t\t\tclass=\"lightbox-trigger\"\n\t\t\ttype=\"button\"\n\t\t\taria-haspopup=\"dialog\"\n\t\t\tdata-wp-bind--aria-label=\"state.thisImage.triggerButtonAriaLabel\"\n\t\t\tdata-wp-init=\"callbacks.initTriggerButton\"\n\t\t\tdata-wp-on--click=\"actions.showLightbox\"\n\t\t\tdata-wp-style--right=\"state.thisImage.buttonRight\"\n\t\t\tdata-wp-style--top=\"state.thisImage.buttonTop\"\n\t\t>\n\t\t\t<svg xmlns=\"http:\/\/www.w3.org\/2000\/svg\" width=\"12\" height=\"12\" fill=\"none\" viewBox=\"0 0 12 12\">\n\t\t\t\t<path fill=\"#fff\" d=\"M2 0a2 2 0 0 0-2 2v2h1.5V2a.5.5 0 0 1 .5-.5h2V0H2Zm2 10.5H2a.5.5 0 0 1-.5-.5V8H0v2a2 2 0 0 0 2 2h2v-1.5ZM8 12v-1.5h2a.5.5 0 0 0 .5-.5V8H12v2a2 2 0 0 1-2 2H8Zm2-12a2 2 0 0 1 2 2v2h-1.5V2a.5.5 0 0 0-.5-.5H8V0h2Z\" \/>\n\t\t\t<\/svg>\n\t\t<\/button><figcaption class=\"wp-element-caption\">Le centre est une zone pi\u00e9tonne, on y circule donc bien avec une poussette<\/figcaption><\/figure>\n\n\n\n<p class=\"wp-block-paragraph\">Avant de partir, il est bon de conna\u00eetre quelques d\u00e9tails pratiques qui t&rsquo;\u00e9pargneront bien des tracas et de l&rsquo;argent d\u00e8s l&rsquo;arriv\u00e9e. Olomouc est tr\u00e8s bien desservie, surtout si tu d\u00e9cides de laisser la voiture \u00e0 la maison et de prendre le train. Depuis Prague, tu y arrives en un train express confortable en environ <strong>2 heures et 15 minutes<\/strong>, et depuis Brno le trajet ne prend qu&rsquo;<strong>1 h 30<\/strong>. Un voyage en train avec des enfants est en plus, en soi, bien plus tranquille que de stresser dans les bouchons sur l&rsquo;autoroute.<\/p>\n\n\n\n<p class=\"wp-block-paragraph\">Concernant les d\u00e9placements en ville, le centre historique fonctionne comme une grande zone pi\u00e9tonne et il est de superficie tr\u00e8s compacte, si bien que tu y parcours tout \u00e0 pied sans probl\u00e8me. On y circule assez bien et confortablement avec une poussette, il faut juste faire un peu attention aux pav\u00e9s cahoteux qui recouvrent la place principale, ce qui peut d&rsquo;ailleurs servir de super endormissement pour les plus petits b\u00e9b\u00e9s. \u263a\ufe0f<\/p>\n\n\n\n<p class=\"wp-block-paragraph\">Si malgr\u00e9 tout tu voyages en voiture, pr\u00e9pare-toi au fait que le stationnement en plein c\u0153ur historique est tr\u00e8s cher et que les places manquent cruellement. Mieux vaut vraiment chercher l&rsquo;un des parkings couverts en p\u00e9riph\u00e9rie du centre, ou encore mieux, r\u00e9server un h\u00f4tel qui propose son propre parking pour les clients. Pour les endroits plus \u00e9loign\u00e9s, les transports en commun locaux, fiables, avec leur r\u00e9seau de tramways et de bus, fonctionnent \u00e0 merveille, et le fameux <strong>bus n\u00b0 11<\/strong>, au d\u00e9part de la gare principale, t&#8217;emm\u00e8ne \u00e0 coup s\u00fbr jusqu&rsquo;au populaire Svat\u00fd Kope\u010dek.<\/p>\n\n\n\n<h2 class=\"wp-block-heading\"><span class=\"ez-toc-section\" id=\"Pour_aller_plus_loin\"><\/span>Pour aller plus loin<span class=\"ez-toc-section-end\"><\/span><\/h2>\n\n\n\n<p class=\"wp-block-paragraph\">Tu pr\u00e9pares un voyage en Moravie ou tu cherches d&rsquo;autres id\u00e9es de sorties avec des enfants ? Jette un \u0153il \u00e0 nos autres articles :<\/p>\n\n\n\n<ul class=\"wp-block-list\">\n\n<li><a href=\"https:\/\/loudavymkrokem.cz\/fr\/visiter-olomouc-tchequie\/\">Que voir \u00e0 Olomouc<\/a> : 14 id\u00e9es de monuments qui valent le d\u00e9tour, m\u00eame sans enfants.<\/li>\n\n\n\n<li><a href=\"https:\/\/loudavymkrokem.cz\/orea-hotel-arigone\/\">Avis sur l&rsquo;OREA Hotel Arigone<\/a> : un h\u00f4tel en centre-ville avec jacuzzi et sauna directement dans la chambre.<\/li>\n\n\n\n<li><a href=\"https:\/\/loudavymkrokem.cz\/fr\/meilleurs-parcs-aquatiques-tchequie\/\">Les meilleurs aquaparks de Tch\u00e9quie<\/a> : 13 id\u00e9es de sorties aquatiques avec les enfants.<\/li>\n\n\n\n<li><a href=\"https:\/\/loudavymkrokem.cz\/fr\/vacances-moravie-centrale-tcheque\/\">O\u00f9 partir en vacances en Moravie centrale<\/a> : 15 id\u00e9es entre Han\u00e1 et Valachie.<\/li>\n\n\n\n<li><a href=\"https:\/\/loudavymkrokem.cz\/pisek-s-detmi\/\">P\u00edsek avec des enfants<\/a> : une autre ville tch\u00e8que compacte o\u00f9 les enfants ne s&rsquo;ennuient pas.<\/li>\n\n\n<\/ul>\n\n\n\n<h2 class=\"wp-block-heading\"><span class=\"ez-toc-section\" id=\"Foire_aux_questions\"><\/span>Foire aux questions<span class=\"ez-toc-section-end\"><\/span><\/h2>\n\n\n\n<p class=\"wp-block-paragraph\">Pour finir, j&rsquo;ai rassembl\u00e9 les questions que les parents se posent le plus souvent avant de partir \u00e0 Olomouc. <strong>Les prix et les horaires changent toutefois, alors mieux vaut les v\u00e9rifier une derni\u00e8re fois avant ton excursion.<\/strong><\/p>\n\n\n<div id=\"rank-math-faq\" class=\"rank-math-block\">\n<div class=\"rank-math-list \">\n<div id=\"faq-question-1787773774000\" class=\"rank-math-list-item\">\n<h3 class=\"rank-math-question \"><span class=\"ez-toc-section\" id=\"Ou_aller_a_Olomouc_avec_des_enfants_quand_il_pleut\"><\/span>O\u00f9 aller \u00e0 Olomouc avec des enfants quand il pleut ?<span class=\"ez-toc-section-end\"><\/span><\/h3>\n<div class=\"rank-math-answer \">\n\n<p>Olomouc est parfaitement \u00e9quip\u00e9e pour la pluie. Le plus grand succ\u00e8s est le centre scientifique interactif Pevnost pozn\u00e1n\u00ed dans la forteresse Korunn\u00ed, pour les plus petits je recommande les magnifiques caf\u00e9s avec espaces de jeux en plein centre-ville (J\u00e1S\u00e1m ou l&rsquo;espace de jeu montessori V lese). Les enfants plus \u00e2g\u00e9s s&rsquo;amuseront pendant des heures dans l&rsquo;immense parc d&rsquo;attractions Krokod\u00fdlek ou \u00e0 l&rsquo;Amazonia.<\/p>\n\n<\/div>\n<\/div>\n<div id=\"faq-question-1787773774001\" class=\"rank-math-list-item\">\n<h3 class=\"rank-math-question \"><span class=\"ez-toc-section\" id=\"Combien_coute_le_ZOO_dOlomouc\"><\/span>Combien co\u00fbte le ZOO d&rsquo;Olomouc ?<span class=\"ez-toc-section-end\"><\/span><\/h3>\n<div class=\"rank-math-answer \">\n\n<p>Les prix du ZOO de Svat\u00fd Kope\u010dek varient selon la saison en cours. En haute saison (de mars \u00e0 octobre), les adultes paient 7 \u20ac (180 K\u010d), le tarif r\u00e9duit pour les enfants et \u00e9tudiants est de 6 \u20ac (140 K\u010d). Hors saison (de novembre \u00e0 f\u00e9vrier), les prix sont de 6 \u20ac (150 K\u010d) et 5 \u20ac (120 K\u010d). Les enfants de moins de 3 ans ont toujours l&rsquo;entr\u00e9e gratuite et le billet familial pour deux adultes et deux enfants revient avantageusement \u00e0 24 \u20ac (600 K\u010d).<\/p>\n\n<\/div>\n<\/div>\n<div id=\"faq-question-1787773774002\" class=\"rank-math-list-item\">\n<h3 class=\"rank-math-question \"><span class=\"ez-toc-section\" id=\"Comment_se_rendre_a_Svaty_Kopecek\"><\/span>Comment se rendre \u00e0 Svat\u00fd Kope\u010dek ?<span class=\"ez-toc-section-end\"><\/span><\/h3>\n<div class=\"rank-math-answer \">\n\n<p>Le moyen le plus simple et le plus confortable est d&rsquo;utiliser les transports en commun. Depuis la gare principale d&rsquo;Olomouc (plus pr\u00e9cis\u00e9ment depuis le quai D), le bus num\u00e9ro 11 circule r\u00e9guli\u00e8rement. Les bus passent toutes les 10 \u00e0 15 minutes, le trajet lui-m\u00eame dure environ 20 minutes et depuis l&rsquo;arr\u00eat sur la colline vous rejoindrez le ZOO \u00e0 pied en moins de dix minutes.<\/p>\n\n<\/div>\n<\/div>\n<div id=\"faq-question-1787773774003\" class=\"rank-math-list-item\">\n<h3 class=\"rank-math-question \"><span class=\"ez-toc-section\" id=\"Olomouc_est-elle_adaptee_avec_une_poussette\"><\/span>Olomouc est-elle adapt\u00e9e avec une poussette ?<span class=\"ez-toc-section-end\"><\/span><\/h3>\n<div class=\"rank-math-answer \">\n\n<p>Oui, tr\u00e8s bien. Tout le centre historique est en r\u00e9alit\u00e9 une grande zone pi\u00e9tonne compacte, donc vous n&rsquo;avez pas besoin d&rsquo;\u00e9viter constamment les voitures. Le seul obstacle pour les petites roues peut \u00eatre les pav\u00e9s et les pierres de pavage sur les places principales. Les promenades avec poussette sont ensuite absolument id\u00e9ales dans les vastes parcs urbains plats, comme les jardins Smetanovy ou le magnifique Roz\u00e1rium.<\/p>\n\n<\/div>\n<\/div>\n<div id=\"faq-question-1787773774004\" class=\"rank-math-list-item\">\n<h3 class=\"rank-math-question \"><span class=\"ez-toc-section\" id=\"Ou_aller_avec_des_enfants_a_Olomouc_gratuitement\"><\/span>O\u00f9 aller avec des enfants \u00e0 Olomouc gratuitement ?<span class=\"ez-toc-section-end\"><\/span><\/h3>\n<div class=\"rank-math-answer \">\n\n<p>Vous pouvez profiter enti\u00e8rement gratuitement de la chasse au tr\u00e9sor de toutes les fontaines baroques du centre-ville, assister \u00e0 midi \u00e0 la sonnerie de la c\u00e9l\u00e8bre horloge astronomique de l&rsquo;h\u00f4tel de ville ou chercher les fresques murales g\u00e9antes color\u00e9es et le street art sur les fa\u00e7ades des maisons. Tous les vastes parcs urbains sont \u00e9galement en acc\u00e8s libre, y compris le magnifique Roz\u00e1rium et les jardins Bezru\u010dovy sous les remparts.<\/p>\n\n<\/div>\n<\/div>\n<div id=\"faq-question-1787773774005\" class=\"rank-math-list-item\">\n<h3 class=\"rank-math-question \"><span class=\"ez-toc-section\" id=\"Combien_de_jours_faut-il_pour_visiter_Olomouc_avec_des_enfants\"><\/span>Combien de jours faut-il pour visiter Olomouc avec des enfants ?<span class=\"ez-toc-section-end\"><\/span><\/h3>\n<div class=\"rank-math-answer \">\n\n<p>Vous pouvez tranquillement explorer le centre historique de la ville avec toutes ses fontaines et son horloge astronomique en une journ\u00e9e. Mais si vous voulez combiner la visite avec une excursion d&rsquo;une demi-journ\u00e9e \u00e0 Svat\u00fd Kope\u010dek pour le ZOO, la visite de la Pevnost pozn\u00e1n\u00ed ou une baignade au parc aquatique, la dur\u00e9e id\u00e9ale pour une visite est de 2 \u00e0 3 jours, donc un long week-end parfait.<\/p>\n\n<\/div>\n<\/div>\n<div id=\"faq-question-1787773774006\" class=\"rank-math-list-item\">\n<h3 class=\"rank-math-question \"><span class=\"ez-toc-section\" id=\"Ou_faire_une_excursion_depuis_Olomouc_avec_des_enfants\"><\/span>O\u00f9 faire une excursion depuis Olomouc avec des enfants ?<span class=\"ez-toc-section-end\"><\/span><\/h3>\n<div class=\"rank-math-answer \">\n\n<p>Si vous avez une voiture, \u00e0 environ 45 minutes de route d&rsquo;Olomouc, de nombreux endroits magnifiques s&rsquo;offrent \u00e0 vous. Le grand succ\u00e8s est le DinoPark et le ZOO Park de Vy\u0161kov, pour l&rsquo;histoire vous pouvez partir au ch\u00e2teau f\u00e9erique de Bouzov et pour explorer le monde souterrain, rendez-vous aux grottes de Mlade\u010dsk\u00e9, plus courtes et moins exigeantes. Pour les plus petits, le mus\u00e9e pour enfants Prad\u011bdovo \u00e0 Bludov est \u00e9galement fantastique.<\/p>\n\n<\/div>\n<\/div>\n<div id=\"faq-question-1787773774007\" class=\"rank-math-list-item\">\n<h3 class=\"rank-math-question \"><span class=\"ez-toc-section\" id=\"A_quelle_distance_se_trouve_le_DinoPark_de_Vyskov_depuis_Olomouc\"><\/span>\u00c0 quelle distance se trouve le DinoPark de Vy\u0161kov depuis Olomouc ?<span class=\"ez-toc-section-end\"><\/span><\/h3>\n<div class=\"rank-math-answer \">\n\n<p>Le DinoPark et le ZOO Park de Vy\u0161kov se trouvent \u00e0 environ 45 kilom\u00e8tres d&rsquo;Olomouc. Le trajet en voiture par l&rsquo;autoroute vous prendra environ une demi-heure, ce qui en fait une destination absolument id\u00e9ale et facile pour une excellente excursion familiale d&rsquo;une demi-journ\u00e9e.<\/p>\n\n<\/div>\n<\/div>\n<\/div>\n<\/div>","protected":false},"excerpt":{"rendered":"<p>Des aires de jeux en plein centre, la Forteresse de la Connaissance, le zoo de Svat\u00fd Kope\u010dek et le DinoPark de Vy\u0161kov. 34 id\u00e9es de sorties \u00e0 Olomouc avec des enfants, par beau temps comme sous la pluie, avec prix et horaires.<\/p>\n","protected":false},"author":3,"featured_media":401014,"comment_status":"open","ping_status":"open","sticky":false,"template":"","format":"standard","meta":{"_acf_changed":false,"footnotes":"","rank_math_title":"Olomouc (R\u00e9p. tch\u00e8que) avec enfants : 34 id\u00e9es 2026","rank_math_description":"Olomouc en R\u00e9publique tch\u00e8que avec des enfants : 34 id\u00e9es par beau temps et sous la pluie, zoo, aquapark, aires de jeux, prix et horaires. Pr\u00e9pare ta visite !","rank_math_focus_keyword":"olomouc r\u00e9publique tch\u00e8que","rank_math_seo_score":""},"categories":[558,559,650],"tags":[],"class_list":["post-409238","post","type-post","status-publish","format-standard","has-post-thumbnail","category-europe","category-republique-tcheque","category-voyages"],"acf":[],"featured_image_src":"https:\/\/loudavymkrokem.cz\/wp-content\/uploads\/2026\/08\/olomouc-s-detmi-mural-prujezd.jpg","author_info":{"display_name":"Lucie Kone\u010dn\u00e1","author_link":"https:\/\/loudavymkrokem.cz\/fr\/author\/lucie-konecna\/"},"_links":{"self":[{"href":"https:\/\/loudavymkrokem.cz\/fr\/wp-json\/wp\/v2\/posts\/409238","targetHints":{"allow":["GET"]}}],"collection":[{"href":"https:\/\/loudavymkrokem.cz\/fr\/wp-json\/wp\/v2\/posts"}],"about":[{"href":"https:\/\/loudavymkrokem.cz\/fr\/wp-json\/wp\/v2\/types\/post"}],"author":[{"embeddable":true,"href":"https:\/\/loudavymkrokem.cz\/fr\/wp-json\/wp\/v2\/users\/3"}],"replies":[{"embeddable":true,"href":"https:\/\/loudavymkrokem.cz\/fr\/wp-json\/wp\/v2\/comments?post=409238"}],"version-history":[{"count":2,"href":"https:\/\/loudavymkrokem.cz\/fr\/wp-json\/wp\/v2\/posts\/409238\/revisions"}],"predecessor-version":[{"id":409240,"href":"https:\/\/loudavymkrokem.cz\/fr\/wp-json\/wp\/v2\/posts\/409238\/revisions\/409240"}],"wp:featuredmedia":[{"embeddable":true,"href":"https:\/\/loudavymkrokem.cz\/fr\/wp-json\/wp\/v2\/media\/401014"}],"wp:attachment":[{"href":"https:\/\/loudavymkrokem.cz\/fr\/wp-json\/wp\/v2\/media?parent=409238"}],"wp:term":[{"taxonomy":"category","embeddable":true,"href":"https:\/\/loudavymkrokem.cz\/fr\/wp-json\/wp\/v2\/categories?post=409238"},{"taxonomy":"post_tag","embeddable":true,"href":"https:\/\/loudavymkrokem.cz\/fr\/wp-json\/wp\/v2\/tags?post=409238"}],"curies":[{"name":"wp","href":"https:\/\/api.w.org\/{rel}","templated":true}]}}