{"id":409214,"date":"2026-08-26T17:25:43","date_gmt":"2026-08-26T15:25:43","guid":{"rendered":"https:\/\/loudavymkrokem.cz\/vacances-chypre\/"},"modified":"2026-08-31T23:31:09","modified_gmt":"2026-08-31T21:31:09","slug":"vacances-chypre","status":"publish","type":"post","link":"https:\/\/loudavymkrokem.cz\/fr\/vacances-chypre\/","title":{"rendered":"Vacances \u00e0 Chypre : 24 id\u00e9es de visites et de plages en 2026"},"content":{"rendered":"\n<!-- lk-tldr -->\n<div class=\"lk-tldr\" style=\"background:#f7f5f0;border-left:4px solid #c39f76;border-radius:0 10px 10px 0;padding:14px 18px;margin:0 0 26px;font-size:15px;line-height:1.65;\"><strong style=\"display:block;font-size:12px;text-transform:uppercase;letter-spacing:.06em;color:#a9885a;margin-bottom:5px;\">TL;DR<\/strong>Chypre a <strong>la plus longue saison de baignade d&rsquo;Europe<\/strong> : en juin la mer d&rsquo;Ayia Napa affiche 25,7 \u00b0C et encore 24,5 \u00b0C en novembre. En juillet et ao\u00fbt il fait plus de 32 \u00b0C et il ne pleut que 0,1 jour par mois. <strong>Paphos<\/strong>, c&rsquo;est l&rsquo;Antiquit\u00e9 et l&rsquo;UNESCO, <strong>Ayia Napa<\/strong> les plages et la f\u00eate, <strong>Protaras<\/strong> le calme familial et les <strong>montagnes du Troodos<\/strong> sont 8 \u00e0 10 degr\u00e9s plus fra\u00eeches \u2014 on y skie en hiver. \u26a0\ufe0f L&rsquo;\u00eele est divis\u00e9e : on peut passer au nord par les points de passage officiels, mais il te faut <strong>un passeport<\/strong>, et avec une voiture de location seulement avec l&rsquo;accord de l&rsquo;agence et une assurance compl\u00e9mentaire. On roule \u00e0 gauche, on paie en euros et le halloumi vient pr\u00e9cis\u00e9ment d&rsquo;ici.<\/div>\n<!-- \/lk-tldr -->\n\n\n\n<!-- lk-navbar -->\n<div class=\"lk-navbar\" style=\"margin:0 0 28px;\"><div style=\"font-size:12px;text-transform:uppercase;letter-spacing:.06em;color:#a9885a;font-weight:700;margin-bottom:9px;\">Liens rapides<\/div><div style=\"display:flex;flex-wrap:wrap;gap:9px;\"><a href=\"#Kdy_jet_na_Kypr_pocasi_mesic_po_mesici\" style=\"background:#c39f76;color:#fff;border:1px solid #c39f76;font-weight:700;padding:9px 15px;border-radius:22px;font-size:14px;text-decoration:none;display:inline-block;line-height:1;\">\ud83c\udf21\ufe0f Quand partir<\/a><a href=\"#Co_videt_na_Kypru_24_tipu_od_antickych_mozaik_po_hory\" style=\"background:#fff;color:#6b5a44;border:1px solid #e2d6c1;font-weight:600;padding:9px 15px;border-radius:22px;font-size:14px;text-decoration:none;display:inline-block;line-height:1;\">\ud83d\udccd 24 id\u00e9es<\/a><a href=\"#Kde_se_ubytovat_na_Kypru_ktera_oblast_sedne_komu\" style=\"background:#fff;color:#6b5a44;border:1px solid #e2d6c1;font-weight:600;padding:9px 15px;border-radius:22px;font-size:14px;text-decoration:none;display:inline-block;line-height:1;\">\ud83c\udfe8 O\u00f9 loger<\/a><a href=\"#Co_jist_na_Kypru_raj_pro_vegetariany\" style=\"background:#fff;color:#6b5a44;border:1px solid #e2d6c1;font-weight:600;padding:9px 15px;border-radius:22px;font-size:14px;text-decoration:none;display:inline-block;line-height:1;\">\ud83c\udf7d\ufe0f Que manger<\/a><a href=\"#Doprava_po_Kypru_auto_autobusy_a_prechod_na_sever\" style=\"background:#fff;color:#6b5a44;border:1px solid #e2d6c1;font-weight:600;padding:9px 15px;border-radius:22px;font-size:14px;text-decoration:none;display:inline-block;line-height:1;\">\ud83d\ude97 Transports<\/a><a href=\"#Kolik_stoji_dovolena_na_Kypru\" style=\"background:#fff;color:#6b5a44;border:1px solid #e2d6c1;font-weight:600;padding:9px 15px;border-radius:22px;font-size:14px;text-decoration:none;display:inline-block;line-height:1;\">\ud83d\udcb0 Prix<\/a><a href=\"#Casto_kladene_otazky\" style=\"background:#fff;color:#6b5a44;border:1px solid #e2d6c1;font-weight:600;padding:9px 15px;border-radius:22px;font-size:14px;text-decoration:none;display:inline-block;line-height:1;\">\u2753 FAQ<\/a><\/div><\/div>\n<!-- \/lk-navbar -->\n\n\n\n<p class=\"wp-block-paragraph\">Savais-tu que cette \u00eele m\u00e9diterran\u00e9enne poss\u00e8de tout simplement <strong>la plus longue saison de baignade de toute l&rsquo;Europe<\/strong> ? Tu plonges d\u00e9j\u00e0 dans les vagues en mai et, encore en novembre, la mer affiche d&rsquo;incroyables 23 \u00b0C. Mais ce paradis estival est aussi une terre de contrastes profonds, car un fil barbel\u00e9 la traverse encore aujourd&rsquo;hui et elle abrite actuellement <strong>la derni\u00e8re capitale divis\u00e9e d&rsquo;Europe<\/strong>. Le farniente sur la plage se m\u00eale donc tout naturellement \u00e0 la d\u00e9couverte d&rsquo;une histoire r\u00e9cente et complexe, ce qui fait de cette destination une escale fascinante pour tout voyageur curieux.<\/p>\n\n\n\n<p class=\"wp-block-paragraph\">Si des <strong>vacances \u00e0 Chypre<\/strong> te tentent en ce moment, tu ne le regretteras vraiment pas : ce lieu comblera aussi bien les amateurs de monuments que les randonneurs en montagne ou les adeptes de la paresse infinie sur le sable. En pr\u00e9parant ton itin\u00e9raire et en cherchant quoi voir sur place, tu seras peut-\u00eatre un peu surpris par la taille de l&rsquo;\u00eele, car la traverser d&rsquo;un bout \u00e0 l&rsquo;autre peut facilement prendre plusieurs heures. Les voyageurs se demandent souvent comment fonctionne cette fronti\u00e8re entre le nord et le sud, et c&rsquo;est justement pour \u00e7a que j&rsquo;ai d\u00e9cid\u00e9 de te pr\u00e9parer un guide complet qui r\u00e9pondra \u00e0 toutes tes questions pratiques.<\/p>\n\n\n\n<p class=\"wp-block-paragraph\">Dans cet article, tu trouveras pas moins de <strong>24 id\u00e9es concr\u00e8tes<\/strong> de lieux \u00e0 d\u00e9couvrir et de choses \u00e0 ne surtout pas manquer. J&rsquo;ai pr\u00e9par\u00e9 pour toi des <strong>tableaux m\u00e9t\u00e9o d\u00e9taill\u00e9s mois par mois<\/strong>, bas\u00e9s sur de vraies donn\u00e9es sur dix ans, et nous explorerons en d\u00e9tail le sud comme le nord de l&rsquo;\u00eele. Tu d\u00e9couvriras aussi o\u00f9 loger, et sache que des vols directs partent de Paris vers Larnaca et Paphos, avec un temps de vol d&rsquo;environ 4 heures, et comment fonctionne le transport local. La R\u00e9publique de Chypre est un membre \u00e0 part enti\u00e8re de l&rsquo;UE et on y paie en euros, donc tu auras une id\u00e9e claire des prix auxquels t&rsquo;attendre et de l&rsquo;endroit o\u00f9 trouver les meilleurs plats pour les v\u00e9g\u00e9tariens. \u263a\ufe0f<\/p>\n\n\n\n<figure data-wp-context=\"{&quot;imageId&quot;:&quot;6a9944f47a4a4&quot;}\" data-wp-interactive=\"core\/image\" data-wp-key=\"6a9944f47a4a4\" class=\"wp-block-image size-full wp-lightbox-container\"><img decoding=\"async\" width=\"1500\" height=\"1124\" data-wp-class--hide=\"state.isContentHidden\" data-wp-class--show=\"state.isContentVisible\" data-wp-init=\"callbacks.setButtonStyles\" data-wp-on--click=\"actions.showLightbox\" data-wp-on--load=\"callbacks.setButtonStyles\" data-wp-on--pointerdown=\"actions.preloadImage\" data-wp-on--pointerenter=\"actions.preloadImageWithDelay\" data-wp-on--pointerleave=\"actions.cancelPreload\" data-wp-on-window--resize=\"callbacks.setButtonStyles\" src=\"https:\/\/loudavymkrokem.cz\/wp-content\/uploads\/2026\/08\/dovolena-kypr-uvod.jpg\" alt=\"Mer turquoise pr\u00e8s d&#039;Ayia Napa \u00e0 Chypre\" class=\"wp-image-399836\" title=\"\" srcset=\"https:\/\/loudavymkrokem.cz\/wp-content\/uploads\/2026\/08\/dovolena-kypr-uvod.jpg 1500w, https:\/\/loudavymkrokem.cz\/wp-content\/uploads\/2026\/08\/dovolena-kypr-uvod-300x225.jpg 300w, https:\/\/loudavymkrokem.cz\/wp-content\/uploads\/2026\/08\/dovolena-kypr-uvod-700x525.jpg 700w, https:\/\/loudavymkrokem.cz\/wp-content\/uploads\/2026\/08\/dovolena-kypr-uvod-768x575.jpg 768w, https:\/\/loudavymkrokem.cz\/wp-content\/uploads\/2026\/08\/dovolena-kypr-uvod-80x60.jpg 80w, https:\/\/loudavymkrokem.cz\/wp-content\/uploads\/2026\/08\/dovolena-kypr-uvod-160x120.jpg 160w, https:\/\/loudavymkrokem.cz\/wp-content\/uploads\/2026\/08\/dovolena-kypr-uvod-696x522.jpg 696w, https:\/\/loudavymkrokem.cz\/wp-content\/uploads\/2026\/08\/dovolena-kypr-uvod-1392x1043.jpg 1392w\" sizes=\"(max-width: 1500px) 100vw, 1500px\" \/><button\n\t\t\tclass=\"lightbox-trigger\"\n\t\t\ttype=\"button\"\n\t\t\taria-haspopup=\"dialog\"\n\t\t\tdata-wp-bind--aria-label=\"state.thisImage.triggerButtonAriaLabel\"\n\t\t\tdata-wp-init=\"callbacks.initTriggerButton\"\n\t\t\tdata-wp-on--click=\"actions.showLightbox\"\n\t\t\tdata-wp-style--right=\"state.thisImage.buttonRight\"\n\t\t\tdata-wp-style--top=\"state.thisImage.buttonTop\"\n\t\t>\n\t\t\t<svg xmlns=\"http:\/\/www.w3.org\/2000\/svg\" width=\"12\" height=\"12\" fill=\"none\" viewBox=\"0 0 12 12\">\n\t\t\t\t<path fill=\"#fff\" d=\"M2 0a2 2 0 0 0-2 2v2h1.5V2a.5.5 0 0 1 .5-.5h2V0H2Zm2 10.5H2a.5.5 0 0 1-.5-.5V8H0v2a2 2 0 0 0 2 2h2v-1.5ZM8 12v-1.5h2a.5.5 0 0 0 .5-.5V8H12v2a2 2 0 0 1-2 2H8Zm2-12a2 2 0 0 1 2 2v2h-1.5V2a.5.5 0 0 0-.5-.5H8V0h2Z\" \/>\n\t\t\t<\/svg>\n\t\t<\/button><figcaption class=\"wp-element-caption\">Mer turquoise pr\u00e8s d&rsquo;Ayia Napa (Photo : Gerda Arendt \/ Wikimedia Commons, CC0)<\/figcaption><\/figure>\n\n\n\n<div id=\"ez-toc-container\" class=\"ez-toc-v2_0_87 ez-toc-wrap-left counter-hierarchy ez-toc-counter ez-toc-grey ez-toc-container-direction\">\n<div class=\"ez-toc-title-container\">\n<p class=\"ez-toc-title\" style=\"cursor:inherit\">Contenu de l&#039;article<\/p>\n<span class=\"ez-toc-title-toggle\"><a href=\"#\" class=\"ez-toc-pull-right ez-toc-btn ez-toc-btn-xs ez-toc-btn-default ez-toc-toggle\" aria-label=\"Toggle Table of Content\"><span class=\"ez-toc-js-icon-con\"><span class=\"\"><span class=\"eztoc-hide\" style=\"display:none;\">Toggle<\/span><span class=\"ez-toc-icon-toggle-span\"><svg style=\"fill: #999;color:#999\" xmlns=\"http:\/\/www.w3.org\/2000\/svg\" class=\"list-377408\" width=\"20px\" height=\"20px\" viewBox=\"0 0 24 24\" fill=\"none\"><path d=\"M6 6H4v2h2V6zm14 0H8v2h12V6zM4 11h2v2H4v-2zm16 0H8v2h12v-2zM4 16h2v2H4v-2zm16 0H8v2h12v-2z\" fill=\"currentColor\"><\/path><\/svg><svg style=\"fill: #999;color:#999\" class=\"arrow-unsorted-368013\" xmlns=\"http:\/\/www.w3.org\/2000\/svg\" width=\"10px\" height=\"10px\" viewBox=\"0 0 24 24\" version=\"1.2\" baseProfile=\"tiny\"><path d=\"M18.2 9.3l-6.2-6.3-6.2 6.3c-.2.2-.3.4-.3.7s.1.5.3.7c.2.2.4.3.7.3h11c.3 0 .5-.1.7-.3.2-.2.3-.5.3-.7s-.1-.5-.3-.7zM5.8 14.7l6.2 6.3 6.2-6.3c.2-.2.3-.5.3-.7s-.1-.5-.3-.7c-.2-.2-.4-.3-.7-.3h-11c-.3 0-.5.1-.7.3-.2.2-.3.5-.3.7s.1.5.3.7z\"\/><\/svg><\/span><\/span><\/span><\/a><\/span><\/div>\n<nav><ul class='ez-toc-list ez-toc-list-level-1 ' ><li class='ez-toc-page-1 ez-toc-heading-level-2'><a class=\"ez-toc-link ez-toc-heading-1\" href=\"https:\/\/loudavymkrokem.cz\/fr\/vacances-chypre\/#Resume\" >R\u00e9sum\u00e9<\/a><\/li><li class='ez-toc-page-1 ez-toc-heading-level-2'><a class=\"ez-toc-link ez-toc-heading-2\" href=\"https:\/\/loudavymkrokem.cz\/fr\/vacances-chypre\/#Pourquoi_partir_a_Chypre_et_pour_qui_ce_nest_pas_fait\" >Pourquoi partir \u00e0 Chypre (et pour qui ce n&rsquo;est pas fait)<\/a><ul class='ez-toc-list-level-3' ><li class='ez-toc-heading-level-3'><a class=\"ez-toc-link ez-toc-heading-3\" href=\"https:\/\/loudavymkrokem.cz\/fr\/vacances-chypre\/#6_raisons_pour_lesquelles_Chypre_vaut_le_voyage\" >6 raisons pour lesquelles Chypre vaut le voyage<\/a><\/li><li class='ez-toc-page-1 ez-toc-heading-level-3'><a class=\"ez-toc-link ez-toc-heading-4\" href=\"https:\/\/loudavymkrokem.cz\/fr\/vacances-chypre\/#A_qui_Chypre_ne_convient_pas\" >\u00c0 qui Chypre ne convient pas<\/a><\/li><\/ul><\/li><li class='ez-toc-page-1 ez-toc-heading-level-2'><a class=\"ez-toc-link ez-toc-heading-5\" href=\"https:\/\/loudavymkrokem.cz\/fr\/vacances-chypre\/#Quand_partir_a_Chypre_la_meteo_mois_par_mois\" >Quand partir \u00e0 Chypre : la m\u00e9t\u00e9o mois par mois<\/a><ul class='ez-toc-list-level-3' ><li class='ez-toc-heading-level-3'><a class=\"ez-toc-link ez-toc-heading-6\" href=\"https:\/\/loudavymkrokem.cz\/fr\/vacances-chypre\/#Paphos_louest_de_lile_est_un_peu_plus_doux\" >Paphos : l&rsquo;ouest de l&rsquo;\u00eele est un peu plus doux<\/a><\/li><li class='ez-toc-page-1 ez-toc-heading-level-3'><a class=\"ez-toc-link ez-toc-heading-7\" href=\"https:\/\/loudavymkrokem.cz\/fr\/vacances-chypre\/#Les_montagnes_du_Troodos_une_tout_autre_ile\" >Les montagnes du Troodos : une tout autre \u00eele<\/a><\/li><li class='ez-toc-page-1 ez-toc-heading-level-3'><a class=\"ez-toc-link ez-toc-heading-8\" href=\"https:\/\/loudavymkrokem.cz\/fr\/vacances-chypre\/#Les_meilleurs_mois_selon_le_type_de_vacances\" >Les meilleurs mois selon le type de vacances<\/a><\/li><\/ul><\/li><li class='ez-toc-page-1 ez-toc-heading-level-2'><a class=\"ez-toc-link ez-toc-heading-9\" href=\"https:\/\/loudavymkrokem.cz\/fr\/vacances-chypre\/#Que_voir_a_Chypre_24_idees_des_mosaiques_antiques_aux_montagnes\" >Que voir \u00e0 Chypre : 24 id\u00e9es, des mosa\u00efques antiques aux montagnes<\/a><ul class='ez-toc-list-level-3' ><li class='ez-toc-heading-level-3'><a class=\"ez-toc-link ez-toc-heading-10\" href=\"https:\/\/loudavymkrokem.cz\/fr\/vacances-chypre\/#1_Le_parc_archeologique_de_Paphos_les_mosaiques_pour_lesquelles_on_vient\" >1. Le parc arch\u00e9ologique de Paphos : les mosa\u00efques pour lesquelles on vient<\/a><\/li><li class='ez-toc-page-1 ez-toc-heading-level-3'><a class=\"ez-toc-link ez-toc-heading-11\" href=\"https:\/\/loudavymkrokem.cz\/fr\/vacances-chypre\/#2_Les_Tombeaux_des_Rois_Tombs_of_the_Kings\" >2. Les Tombeaux des Rois (Tombs of the Kings)<\/a><\/li><li class='ez-toc-page-1 ez-toc-heading-level-3'><a class=\"ez-toc-link ez-toc-heading-12\" href=\"https:\/\/loudavymkrokem.cz\/fr\/vacances-chypre\/#3_Petra_tou_Romiou_le_rocher_ou_serait_nee_Aphrodite\" >3. Petra tou Romiou : le rocher o\u00f9 serait n\u00e9e Aphrodite<\/a><\/li><li class='ez-toc-page-1 ez-toc-heading-level-3'><a class=\"ez-toc-link ez-toc-heading-13\" href=\"https:\/\/loudavymkrokem.cz\/fr\/vacances-chypre\/#4_La_peninsule_dAkamas_et_le_Lagon_Bleu\" >4. La p\u00e9ninsule d&rsquo;Akamas et le Lagon Bleu<\/a><\/li><li class='ez-toc-page-1 ez-toc-heading-level-3'><a class=\"ez-toc-link ez-toc-heading-14\" href=\"https:\/\/loudavymkrokem.cz\/fr\/vacances-chypre\/#5_Les_gorges_dAvakas\" >5. Les gorges d&rsquo;Avakas<\/a><\/li><li class='ez-toc-page-1 ez-toc-heading-level-3'><a class=\"ez-toc-link ez-toc-heading-15\" href=\"https:\/\/loudavymkrokem.cz\/fr\/vacances-chypre\/#6_Lara_Bay_et_les_tortues_marines\" >6. Lara Bay et les tortues marines<\/a><\/li><li class='ez-toc-page-1 ez-toc-heading-level-3'><a class=\"ez-toc-link ez-toc-heading-16\" href=\"https:\/\/loudavymkrokem.cz\/fr\/vacances-chypre\/#7_Les_grottes_marines_de_Peyia_et_Coral_Bay\" >7. Les grottes marines de Peyia et Coral Bay<\/a><\/li><li class='ez-toc-page-1 ez-toc-heading-level-3'><a class=\"ez-toc-link ez-toc-heading-17\" href=\"https:\/\/loudavymkrokem.cz\/fr\/vacances-chypre\/#8_Limassol_la_promenade_le_chateau_et_la_ville_la_plus_animee_du_sud\" >8. Limassol : la promenade, le ch\u00e2teau et la ville la plus anim\u00e9e du sud<\/a><\/li><li class='ez-toc-page-1 ez-toc-heading-level-3'><a class=\"ez-toc-link ez-toc-heading-18\" href=\"https:\/\/loudavymkrokem.cz\/fr\/vacances-chypre\/#9_Kourion_le_theatre_antique_au-dessus_de_la_mer\" >9. Kourion : le th\u00e9\u00e2tre antique au-dessus de la mer<\/a><\/li><li class='ez-toc-page-1 ez-toc-heading-level-3'><a class=\"ez-toc-link ez-toc-heading-19\" href=\"https:\/\/loudavymkrokem.cz\/fr\/vacances-chypre\/#10_Le_chateau_de_Kolossi\" >10. Le ch\u00e2teau de Kolossi<\/a><\/li><li class='ez-toc-page-1 ez-toc-heading-level-3'><a class=\"ez-toc-link ez-toc-heading-20\" href=\"https:\/\/loudavymkrokem.cz\/fr\/vacances-chypre\/#11_Le_cap_Greco_et_Kamara_tou_Koraka\" >11. Le cap Greco et Kamara tou Koraka<\/a><\/li><li class='ez-toc-page-1 ez-toc-heading-level-3'><a class=\"ez-toc-link ez-toc-heading-21\" href=\"https:\/\/loudavymkrokem.cz\/fr\/vacances-chypre\/#12_Larnaca_le_lac_sale_et_les_flamants_roses\" >12. Larnaca : le lac sal\u00e9 et les flamants roses<\/a><\/li><li class='ez-toc-page-1 ez-toc-heading-level-3'><a class=\"ez-toc-link ez-toc-heading-22\" href=\"https:\/\/loudavymkrokem.cz\/fr\/vacances-chypre\/#13_Nissi_Beach_la_plage_la_plus_celebre_de_Chypre\" >13. Nissi Beach : la plage la plus c\u00e9l\u00e8bre de Chypre<\/a><\/li><li class='ez-toc-page-1 ez-toc-heading-level-3'><a class=\"ez-toc-link ez-toc-heading-23\" href=\"https:\/\/loudavymkrokem.cz\/fr\/vacances-chypre\/#14_Ayia_Napa_la_fete_mais_aussi_un_monastere_et_des_grottes_marines\" >14. Ayia Napa : la f\u00eate, mais aussi un monast\u00e8re et des grottes marines<\/a><\/li><li class='ez-toc-page-1 ez-toc-heading-level-3'><a class=\"ez-toc-link ez-toc-heading-24\" href=\"https:\/\/loudavymkrokem.cz\/fr\/vacances-chypre\/#15_Protaras_et_Fig_Tree_Bay\" >15. Protaras et Fig Tree Bay<\/a><\/li><li class='ez-toc-page-1 ez-toc-heading-level-3'><a class=\"ez-toc-link ez-toc-heading-25\" href=\"https:\/\/loudavymkrokem.cz\/fr\/vacances-chypre\/#16_Le_parc_de_sculptures_dAyia_Napa_et_les_sentiers_du_cap_Greco\" >16. Le parc de sculptures d&rsquo;Ayia Napa et les sentiers du cap Greco<\/a><\/li><li class='ez-toc-page-1 ez-toc-heading-level-3'><a class=\"ez-toc-link ez-toc-heading-26\" href=\"https:\/\/loudavymkrokem.cz\/fr\/vacances-chypre\/#17_Le_parc_aquatique_WaterWorld_a_Ayia_Napa\" >17. Le parc aquatique WaterWorld \u00e0 Ayia Napa<\/a><\/li><li class='ez-toc-page-1 ez-toc-heading-level-3'><a class=\"ez-toc-link ez-toc-heading-27\" href=\"https:\/\/loudavymkrokem.cz\/fr\/vacances-chypre\/#18_Les_villages_du_Troodos_Omodos_Lefkara_et_Kakopetria\" >18. Les villages du Troodos : Omodos, Lefkara et Kakopetria<\/a><\/li><li class='ez-toc-page-1 ez-toc-heading-level-3'><a class=\"ez-toc-link ez-toc-heading-28\" href=\"https:\/\/loudavymkrokem.cz\/fr\/vacances-chypre\/#19_Les_eglises_byzantines_classees_a_lUNESCO\" >19. Les \u00e9glises byzantines class\u00e9es \u00e0 l&rsquo;UNESCO<\/a><\/li><li class='ez-toc-page-1 ez-toc-heading-level-3'><a class=\"ez-toc-link ez-toc-heading-29\" href=\"https:\/\/loudavymkrokem.cz\/fr\/vacances-chypre\/#20_Les_cascades_de_Caledonia_et_le_mont_Olympe\" >20. Les cascades de Caledonia et le mont Olympe<\/a><\/li><li class='ez-toc-page-1 ez-toc-heading-level-3'><a class=\"ez-toc-link ez-toc-heading-30\" href=\"https:\/\/loudavymkrokem.cz\/fr\/vacances-chypre\/#21_Les_domaines_viticoles_chypriotes_et_les_routes_des_vins\" >21. Les domaines viticoles chypriotes et les routes des vins<\/a><\/li><li class='ez-toc-page-1 ez-toc-heading-level-3'><a class=\"ez-toc-link ez-toc-heading-31\" href=\"https:\/\/loudavymkrokem.cz\/fr\/vacances-chypre\/#22_Nicosie_la_derniere_capitale_divisee_dEurope\" >22. Nicosie : la derni\u00e8re capitale divis\u00e9e d&rsquo;Europe<\/a><\/li><li class='ez-toc-page-1 ez-toc-heading-level-3'><a class=\"ez-toc-link ez-toc-heading-32\" href=\"https:\/\/loudavymkrokem.cz\/fr\/vacances-chypre\/#23_Kyrenia_Girne_et_le_chateau_au-dessus_du_port\" >23. Kyrenia (Girne) et le ch\u00e2teau au-dessus du port<\/a><\/li><li class='ez-toc-page-1 ez-toc-heading-level-3'><a class=\"ez-toc-link ez-toc-heading-33\" href=\"https:\/\/loudavymkrokem.cz\/fr\/vacances-chypre\/#24_Famagouste_et_la_ville_fantome_de_Varosha\" >24. Famagouste et la ville fant\u00f4me de Varosha<\/a><\/li><\/ul><\/li><li class='ez-toc-page-1 ez-toc-heading-level-2'><a class=\"ez-toc-link ez-toc-heading-34\" href=\"https:\/\/loudavymkrokem.cz\/fr\/vacances-chypre\/#Ou_loger_a_Chypre_quelle_region_convient_a_qui\" >O\u00f9 loger \u00e0 Chypre : quelle r\u00e9gion convient \u00e0 qui<\/a><ul class='ez-toc-list-level-3' ><li class='ez-toc-heading-level-3'><a class=\"ez-toc-link ez-toc-heading-35\" href=\"https:\/\/loudavymkrokem.cz\/fr\/vacances-chypre\/#Apercu_des_regions\" >Aper\u00e7u des r\u00e9gions<\/a><\/li><li class='ez-toc-page-1 ez-toc-heading-level-3'><a class=\"ez-toc-link ez-toc-heading-36\" href=\"https:\/\/loudavymkrokem.cz\/fr\/vacances-chypre\/#Idees_dhebergement_concretes\" >Id\u00e9es d&rsquo;h\u00e9bergement concr\u00e8tes<\/a><\/li><\/ul><\/li><li class='ez-toc-page-1 ez-toc-heading-level-2'><a class=\"ez-toc-link ez-toc-heading-37\" href=\"https:\/\/loudavymkrokem.cz\/fr\/vacances-chypre\/#Que_manger_a_Chypre_un_paradis_pour_les_vegetariens\" >Que manger \u00e0 Chypre : un paradis pour les v\u00e9g\u00e9tariens<\/a><\/li><li class='ez-toc-page-1 ez-toc-heading-level-2'><a class=\"ez-toc-link ez-toc-heading-38\" href=\"https:\/\/loudavymkrokem.cz\/fr\/vacances-chypre\/#Se_deplacer_a_Chypre_voiture_bus_et_passage_vers_le_nord\" >Se d\u00e9placer \u00e0 Chypre : voiture, bus et passage vers le nord<\/a><ul class='ez-toc-list-level-3' ><li class='ez-toc-heading-level-3'><a class=\"ez-toc-link ez-toc-heading-39\" href=\"https:\/\/loudavymkrokem.cz\/fr\/vacances-chypre\/#On_roule_a_gauche\" >On roule \u00e0 gauche<\/a><\/li><li class='ez-toc-page-1 ez-toc-heading-level-3'><a class=\"ez-toc-link ez-toc-heading-40\" href=\"https:\/\/loudavymkrokem.cz\/fr\/vacances-chypre\/#Le_bus_face_a_la_voiture_de_location\" >Le bus face \u00e0 la voiture de location<\/a><\/li><li class='ez-toc-page-1 ez-toc-heading-level-3'><a class=\"ez-toc-link ez-toc-heading-41\" href=\"https:\/\/loudavymkrokem.cz\/fr\/vacances-chypre\/#Comment_franchir_la_Ligne_verte_vers_le_nord\" >Comment franchir la Ligne verte vers le nord<\/a><\/li><\/ul><\/li><li class='ez-toc-page-1 ez-toc-heading-level-2'><a class=\"ez-toc-link ez-toc-heading-42\" href=\"https:\/\/loudavymkrokem.cz\/fr\/vacances-chypre\/#Combien_coutent_des_vacances_a_Chypre\" >Combien co\u00fbtent des vacances \u00e0 Chypre<\/a><\/li><li class='ez-toc-page-1 ez-toc-heading-level-2'><a class=\"ez-toc-link ez-toc-heading-43\" href=\"https:\/\/loudavymkrokem.cz\/fr\/vacances-chypre\/#A_quoi_faire_attention_a_Chypre\" >\u00c0 quoi faire attention \u00e0 Chypre<\/a><\/li><li class='ez-toc-page-1 ez-toc-heading-level-2'><a class=\"ez-toc-link ez-toc-heading-44\" href=\"https:\/\/loudavymkrokem.cz\/fr\/vacances-chypre\/#Chypre_avec_des_enfants\" >Chypre avec des enfants<\/a><\/li><li class='ez-toc-page-1 ez-toc-heading-level-2'><a class=\"ez-toc-link ez-toc-heading-45\" href=\"https:\/\/loudavymkrokem.cz\/fr\/vacances-chypre\/#Et_apres_dautres_idees_de_vacances_a_la_mer\" >Et apr\u00e8s : d&rsquo;autres id\u00e9es de vacances \u00e0 la mer<\/a><\/li><li class='ez-toc-page-1 ez-toc-heading-level-2'><a class=\"ez-toc-link ez-toc-heading-46\" href=\"https:\/\/loudavymkrokem.cz\/fr\/vacances-chypre\/#Foire_aux_questions\" >Foire aux questions<\/a><ul class='ez-toc-list-level-3' ><li class='ez-toc-heading-level-3'><a class=\"ez-toc-link ez-toc-heading-47\" href=\"https:\/\/loudavymkrokem.cz\/fr\/vacances-chypre\/#Quelle_est_la_meilleure_periode_pour_aller_a_Chypre\" >Quelle est la meilleure p\u00e9riode pour aller \u00e0 Chypre ?<\/a><\/li><li class='ez-toc-page-1 ez-toc-heading-level-3'><a class=\"ez-toc-link ez-toc-heading-48\" href=\"https:\/\/loudavymkrokem.cz\/fr\/vacances-chypre\/#Combien_de_temps_faut-il_pour_Chypre\" >Combien de temps faut-il pour Chypre ?<\/a><\/li><li class='ez-toc-page-1 ez-toc-heading-level-3'><a class=\"ez-toc-link ez-toc-heading-49\" href=\"https:\/\/loudavymkrokem.cz\/fr\/vacances-chypre\/#Peut-on_se_baigner_a_Chypre_en_octobre_et_novembre\" >Peut-on se baigner \u00e0 Chypre en octobre et novembre ?<\/a><\/li><li class='ez-toc-page-1 ez-toc-heading-level-3'><a class=\"ez-toc-link ez-toc-heading-50\" href=\"https:\/\/loudavymkrokem.cz\/fr\/vacances-chypre\/#Ai-je_besoin_dune_voiture_a_Chypre\" >Ai-je besoin d&rsquo;une voiture \u00e0 Chypre ?<\/a><\/li><li class='ez-toc-page-1 ez-toc-heading-level-3'><a class=\"ez-toc-link ez-toc-heading-51\" href=\"https:\/\/loudavymkrokem.cz\/fr\/vacances-chypre\/#Puis-je_aller_du_sud_au_nord_de_Chypre\" >Puis-je aller du sud au nord de Chypre ?<\/a><\/li><li class='ez-toc-page-1 ez-toc-heading-level-3'><a class=\"ez-toc-link ez-toc-heading-52\" href=\"https:\/\/loudavymkrokem.cz\/fr\/vacances-chypre\/#Chypre_est-elle_chere\" >Chypre est-elle ch\u00e8re ?<\/a><\/li><li class='ez-toc-page-1 ez-toc-heading-level-3'><a class=\"ez-toc-link ez-toc-heading-53\" href=\"https:\/\/loudavymkrokem.cz\/fr\/vacances-chypre\/#Quelle_est_la_nourriture_pour_les_vegetariens_a_Chypre\" >Quelle est la nourriture pour les v\u00e9g\u00e9tariens \u00e0 Chypre ?<\/a><\/li><li class='ez-toc-page-1 ez-toc-heading-level-3'><a class=\"ez-toc-link ez-toc-heading-54\" href=\"https:\/\/loudavymkrokem.cz\/fr\/vacances-chypre\/#Chypre_est-elle_sure\" >Chypre est-elle s\u00fbre ?<\/a><\/li><\/ul><\/li><\/ul><\/nav><\/div>\n<h2 id=\"Shrnuti_pokud_nestihate_cist_cely_clanek\" class=\"wp-block-heading\"><span class=\"ez-toc-section\" id=\"Resume\"><\/span>R\u00e9sum\u00e9<span class=\"ez-toc-section-end\"><\/span><\/h2>\n\n\n\n<p class=\"wp-block-paragraph\">Si tu n&rsquo;as pas le temps de parcourir tout ce guide d\u00e9taill\u00e9, voici un condens\u00e9 de l&rsquo;essentiel. Voil\u00e0 les faits de base \u00e0 conna\u00eetre absolument avant de partir :<\/p>\n\n\n\n<ul class=\"wp-block-list\">\n<li>L&rsquo;\u00eele se targue de la <strong>plus longue saison de baignade d&rsquo;Europe<\/strong> : \u00e0 Ayia Napa, la mer affiche encore 24,5 \u00b0C en novembre.<\/li>\n\n\n\n<li>Si tu y vas en juillet et ao\u00fbt, attends-toi \u00e0 Ayia Napa \u00e0 des temp\u00e9ratures de <strong>32,1 et 32,4 \u00b0C<\/strong>, avec en moyenne 0,1 jour de pluie par mois.<\/li>\n\n\n\n<li>Selon les habitants, la p\u00e9riode la plus belle est <strong>le printemps (avril, mai)<\/strong>, quand toute l&rsquo;\u00eele est magnifiquement verte et couverte de fleurs.<\/li>\n\n\n\n<li>L&rsquo;\u00eele est politiquement divis\u00e9e : la Ligne verte se franchit couramment, mais il te faut toujours <strong>UN PASSEPORT<\/strong>, car la carte d&rsquo;identit\u00e9 ne suffit pas.<\/li>\n\n\n\n<li>H\u00e9ritage colonial britannique oblige, on y <strong>roule \u00e0 gauche<\/strong>, ce qui surprend \u00e9norm\u00e9ment les touristes mal pr\u00e9par\u00e9s apr\u00e8s avoir lou\u00e9 une voiture \u00e0 l&rsquo;a\u00e9roport.<\/li>\n\n\n\n<li>Les montagnes du Troodos, \u00e0 l&rsquo;int\u00e9rieur des terres, sont couramment <strong>8 \u00e0 10 degr\u00e9s plus fra\u00eeches<\/strong> que le littoral, et on y skie m\u00eame sur neige naturelle en hiver.<\/li>\n\n\n\n<li>Alors que <strong>Paphos regorge d&rsquo;arch\u00e9ologie<\/strong> et de sites UNESCO, Ayia Napa s\u00e9duit avec ses plages et ses f\u00eates, et Protaras offre un calme familial.<\/li>\n\n\n\n<li>Le c\u00e9l\u00e8bre fromage <strong>halloumi vient justement de Chypre<\/strong> et les meze v\u00e9g\u00e9tariens remplis de petites bouch\u00e9es sans viande sont ici tout \u00e0 fait courants.<\/li>\n<\/ul>\n\n\n\n<h2 id=\"Proc_jet_na_Kypr_a_pro_koho_se_nehodi\" class=\"wp-block-heading\"><span class=\"ez-toc-section\" id=\"Pourquoi_partir_a_Chypre_et_pour_qui_ce_nest_pas_fait\"><\/span>Pourquoi partir \u00e0 Chypre (et pour qui ce n&rsquo;est pas fait)<span class=\"ez-toc-section-end\"><\/span><\/h2>\n\n\n\n<p class=\"wp-block-paragraph\">Si tu h\u00e9sites encore \u00e0 savoir si cette \u00eele ensoleill\u00e9e de M\u00e9diterran\u00e9e est le bon choix pour tes vacances de cette ann\u00e9e, d\u00e9cortiquons un peu la question. La destination offre <strong>un m\u00e9lange d&rsquo;exp\u00e9riences vraiment unique<\/strong>, qui comblera aussi bien les touristes actifs que ceux qui veulent juste s&rsquo;allonger sur un transat avec un bon livre. En m\u00eame temps, mieux vaut conna\u00eetre quelques sp\u00e9cificit\u00e9s qui pourraient plut\u00f4t g\u00e2cher les vacances de certains.<\/p>\n\n\n\n<h3 id=\"6_duvodu_proc_Kypr_stoji_za_cestu\" class=\"wp-block-heading\"><span class=\"ez-toc-section\" id=\"6_raisons_pour_lesquelles_Chypre_vaut_le_voyage\"><\/span>6 raisons pour lesquelles Chypre vaut le voyage<span class=\"ez-toc-section-end\"><\/span><\/h3>\n\n\n\n<p class=\"wp-block-paragraph\"><strong>La plus longue saison de baignade :<\/strong> D&rsquo;apr\u00e8s les relev\u00e9s \u00e0 long terme, une chaleur stable r\u00e8gne ici du d\u00e9but du printemps jusqu&rsquo;\u00e0 la fin de l&rsquo;automne, un \u00e9norme avantage \u00e0 l&rsquo;\u00e9chelle europ\u00e9enne. Alors qu&rsquo;en Gr\u00e8ce ou en Espagne tu ressors souvent les pulls d\u00e8s octobre, ici les habitants comme les touristes <strong>se baignent encore dans une mer bien chaude<\/strong>.<\/p>\n\n\n\n<p class=\"wp-block-paragraph\"><strong>Des monuments antiques class\u00e9s \u00e0 l&rsquo;UNESCO :<\/strong> Si tu aimes l&rsquo;histoire, tu seras dans ton \u00e9l\u00e9ment, car toute l&rsquo;\u00eele fonctionne comme un immense mus\u00e9e \u00e0 ciel ouvert. La R\u00e9publique de Chypre s&rsquo;enorgueillit de <strong>magnifiques parcs arch\u00e9ologiques<\/strong>, de mosa\u00efques pr\u00e9serv\u00e9es et de tombes antiques qui raviront tout amateur de vieilles histoires.<\/p>\n\n\n\n<p class=\"wp-block-paragraph\"><strong>La montagne et la mer dans la m\u00eame journ\u00e9e :<\/strong> Le matin, tu peux te promener dans de profondes for\u00eats de pins, d\u00e9couvrir des cascades cach\u00e9es et respirer l&rsquo;air frais de la montagne. L&rsquo;apr\u00e8s-midi, tu descends en voiture jusqu&rsquo;au littoral et tu <strong>plonges dans les vagues turquoise<\/strong>, un contraste incroyablement rafra\u00eechissant dont on ne se lasse pas de sit\u00f4t.<\/p>\n\n\n\n<p class=\"wp-block-paragraph\"><strong>L&rsquo;anglais et la conduite \u00e0 gauche :<\/strong> L&rsquo;\u00eele a longtemps \u00e9t\u00e9 sous administration britannique, donc tu te d\u00e9brouilles parfaitement en anglais, m\u00eame dans le plus petit village recul\u00e9. Cet h\u00e9ritage britannique s&rsquo;accompagne aussi de la conduite \u00e0 gauche et des traditionnelles prises \u00e0 trois broches de type G, pour lesquelles <strong>il te faudra imp\u00e9rativement un adaptateur<\/strong>. Et souviens-toi que, m\u00eame si les transports publics relient les grandes villes, les montagnes du Troodos, la p\u00e9ninsule d&rsquo;Akamas et la plupart des randonn\u00e9es ne sont r\u00e9ellement accessibles qu&rsquo;en voiture.<\/p>\n\n\n\n<p class=\"wp-block-paragraph\"><strong>Une excellente cuisine v\u00e9g\u00e9tarienne et le halloumi :<\/strong> La nourriture est tout simplement fabuleuse et ravira aussi ceux qui ne mangent pas de viande, car les tavernes traditionnelles proposent une \u00e9norme vari\u00e9t\u00e9 de plats sans viande. Le <strong>fromage grill\u00e9 halloumi<\/strong> te s\u00e9duira \u00e0 coup s\u00fbr : c&rsquo;est un tr\u00e9sor local qui, associ\u00e9 \u00e0 des l\u00e9gumes frais et de l&rsquo;huile d&rsquo;olive, a un go\u00fbt absolument divin.<\/p>\n\n\n\n<p class=\"wp-block-paragraph\"><strong>Deux cultures sur une m\u00eame \u00eele :<\/strong> Franchir la Ligne verte vers la partie nord te transporte dans un tout autre monde, plein de mosqu\u00e9es, de th\u00e9 turc et de march\u00e9s, o\u00f9 l&rsquo;on <strong>paie d&rsquo;ailleurs couramment en livre turque<\/strong>, m\u00eame si l&rsquo;euro est souvent accept\u00e9. Pouvoir explorer la culture grecque et la culture turque en une seule fois est un \u00e9norme bonus, mais souviens-toi qu&rsquo;avec une voiture lou\u00e9e au sud, on ne va au nord qu&rsquo;avec l&rsquo;accord de l&rsquo;agence, et il faut <strong>acheter au point de passage une assurance turque temporaire<\/strong>, car l&rsquo;assurance du sud n&rsquo;y est pas valable (et une voiture lou\u00e9e au nord ne peut pas du tout aller au sud).<\/p>\n\n\n\n<h3 id=\"Komu_Kypr_nesedne\" class=\"wp-block-heading\"><span class=\"ez-toc-section\" id=\"A_qui_Chypre_ne_convient_pas\"><\/span>\u00c0 qui Chypre ne convient pas<span class=\"ez-toc-section-end\"><\/span><\/h3>\n\n\n\n<p class=\"wp-block-paragraph\">Aussi magnifique soit-elle, l&rsquo;\u00eele n&rsquo;est absolument pas un paradis universel pour tout le monde et a ses \u00e9cueils bien r\u00e9els. Si tu te reconnais dans l&rsquo;un des points suivants, tu devrais peut-\u00eatre envisager une autre destination pour <strong>t&rsquo;\u00e9viter une d\u00e9ception inutile<\/strong>.<\/p>\n\n\n\n<ul class=\"wp-block-list\">\n<li>Ceux qui <strong>d\u00e9testent la grosse chaleur<\/strong>, car l&rsquo;\u00e9t\u00e9 les temp\u00e9ratures grimpent couramment au-del\u00e0 de 32 \u00b0C et fr\u00f4lent m\u00eame 33,4 \u00b0C \u00e0 Larnaca.<\/li>\n\n\n\n<li>Ceux qui cherchent une <strong>nature verdoyante m\u00eame en \u00e9t\u00e9<\/strong>, car sous le soleil de plomb l&rsquo;\u00eele est tr\u00e8s s\u00e8che et jaune de juin \u00e0 l&rsquo;automne.<\/li>\n\n\n\n<li>Ceux qui ont une <strong>peur panique de conduire \u00e0 gauche<\/strong> et ne veulent pas d\u00e9pendre uniquement des bus longue distance, qui ne desservent pas la nature.<\/li>\n\n\n\n<li>Ceux qui cherchent <strong>uniquement des vacances bon march\u00e9<\/strong>, car cette destination est plut\u00f4t dans le haut du panier en M\u00e9diterran\u00e9e et les prix des services le refl\u00e8tent clairement.<\/li>\n\n\n\n<li>Ceux qui veulent <strong>un calme absolu \u00e0 Ayia Napa<\/strong> en pleine saison estivale, quand cette zone se transforme en un immense et bruyant centre de f\u00eate.<\/li>\n<\/ul>\n\n\n\n<h2 id=\"Kdy_jet_na_Kypr_pocasi_mesic_po_mesici\" class=\"wp-block-heading\"><span class=\"ez-toc-section\" id=\"Quand_partir_a_Chypre_la_meteo_mois_par_mois\"><\/span>Quand partir \u00e0 Chypre : la m\u00e9t\u00e9o mois par mois<span class=\"ez-toc-section-end\"><\/span><\/h2>\n\n\n\n<p class=\"wp-block-paragraph\">Choisir la p\u00e9riode id\u00e9ale est essentiel, car la m\u00e9t\u00e9o \u00e0 Chypre change \u00e9norm\u00e9ment au fil de l&rsquo;ann\u00e9e et d\u00e9termine les activit\u00e9s que tu pourras r\u00e9ellement faire. Pour te donner les informations les plus pr\u00e9cises, nous avons rassembl\u00e9 des donn\u00e9es qui <strong>ne reposent sur aucune impression<\/strong>, mais sur de vrais relev\u00e9s m\u00e9t\u00e9orologiques.<\/p>\n\n\n\n<p class=\"wp-block-paragraph\">Toutes les temp\u00e9ratures de l&rsquo;air des tableaux suivants repr\u00e9sentent des <strong>moyennes sur dix ans, de 2015 \u00e0 2024<\/strong>, tir\u00e9es de la r\u00e9analyse climatique pr\u00e9cise ERA5. Quant \u00e0 la temp\u00e9rature de la mer, elle provient d&rsquo;un mod\u00e8le marin moderne pour les ann\u00e9es 2019 \u00e0 2024 : tu as donc sous les yeux les valeurs les plus r\u00e9centes et les plus fiables que l&rsquo;on puisse trouver.<\/p>\n\n\n\n<figure class=\"wp-block-table is-style-stripes\" style=\"overflow-x:auto\"><table><thead><tr><th>Mois<\/th><th>Jour<\/th><th>Nuit<\/th><th>Mer<\/th><th>Jours de pluie<\/th><th>Soleil\/jour<\/th><\/tr><\/thead><tbody><tr><td><strong>janvier<\/strong><\/td><td>16 \u00b0C<\/td><td>10 \u00b0C<\/td><td>19 \u00b0C<\/td><td>8,8<\/td><td>8,6 h<\/td><\/tr><tr><td><strong>f\u00e9vrier<\/strong><\/td><td>17 \u00b0C<\/td><td>10 \u00b0C<\/td><td>18 \u00b0C<\/td><td>5,6<\/td><td>9,0 h<\/td><\/tr><tr><td><strong>mars<\/strong><\/td><td>19 \u00b0C<\/td><td>12 \u00b0C<\/td><td>18 \u00b0C<\/td><td>5,1<\/td><td>10,4 h<\/td><\/tr><tr><td><strong>avril<\/strong><\/td><td>22 \u00b0C<\/td><td>14 \u00b0C<\/td><td>19 \u00b0C<\/td><td>3,8<\/td><td>11,6 h<\/td><\/tr><tr><td><strong>mai<\/strong><\/td><td>26 \u00b0C<\/td><td>18 \u00b0C<\/td><td>21 \u00b0C<\/td><td>2,8<\/td><td>12,7 h<\/td><\/tr><tr><td><strong>juin<\/strong><\/td><td>29 \u00b0C<\/td><td>22 \u00b0C<\/td><td>26 \u00b0C<\/td><td>1,1<\/td><td>13,7 h<\/td><\/tr><tr><td><strong>juillet<\/strong><\/td><td>32 \u00b0C<\/td><td>24 \u00b0C<\/td><td>29 \u00b0C<\/td><td>0,0<\/td><td>13,8 h<\/td><\/tr><tr><td><strong>ao\u00fbt<\/strong><\/td><td>32 \u00b0C<\/td><td>25 \u00b0C<\/td><td>30 \u00b0C<\/td><td>0,3<\/td><td>12,8 h<\/td><\/tr><tr><td><strong>septembre<\/strong><\/td><td>31 \u00b0C<\/td><td>23 \u00b0C<\/td><td>29 \u00b0C<\/td><td>1,1<\/td><td>11,6 h<\/td><\/tr><tr><td><strong>octobre<\/strong><\/td><td>27 \u00b0C<\/td><td>20 \u00b0C<\/td><td>27 \u00b0C<\/td><td>3,6<\/td><td>10,6 h<\/td><\/tr><tr><td><strong>novembre<\/strong><\/td><td>22 \u00b0C<\/td><td>16 \u00b0C<\/td><td>24 \u00b0C<\/td><td>6,7<\/td><td>8,9 h<\/td><\/tr><tr><td><strong>d\u00e9cembre<\/strong><\/td><td>18 \u00b0C<\/td><td>12 \u00b0C<\/td><td>21 \u00b0C<\/td><td>9,5<\/td><td>8,0 h<\/td><\/tr><\/tbody><\/table><figcaption class=\"wp-element-caption\">Temp\u00e9ratures moyennes \u00e0 Ayia Napa mois par mois. L&rsquo;air et les pr\u00e9cipitations sont des moyennes sur dix ans (2015\u20132024, r\u00e9analyse ERA5), la temp\u00e9rature de la mer provient d&rsquo;un mod\u00e8le marin 2019\u20132024.<\/figcaption><\/figure>\n\n\n\n<p class=\"wp-block-paragraph\">Pour t&rsquo;en faire une meilleure id\u00e9e, penchons-nous sur les chiffres concrets de la station d&rsquo;Ayia Napa, sur la fameuse c\u00f4te est r\u00e9put\u00e9e pour ses plus belles plages. <strong>Voici les valeurs moyennes pr\u00e9cises<\/strong> pour chaque mois :<\/p>\n\n\n\n<ul class=\"wp-block-list\">\n<li><strong>Janvier :<\/strong> jour 15,9 \u00b0C, nuit 10,3 \u00b0C, mer 18,8 \u00b0C, jours de pluie 8,8, soleil 8,6 h\/jour.<\/li>\n\n\n\n<li><strong>F\u00e9vrier :<\/strong> jour 16,7 \u00b0C, nuit 10,3 \u00b0C, mer 18,0 \u00b0C, jours de pluie 5,6, soleil 9,0 h\/jour.<\/li>\n\n\n\n<li><strong>Mars :<\/strong> jour 18,6 \u00b0C, nuit 11,6 \u00b0C, mer 18,0 \u00b0C, jours de pluie 5,1, soleil 10,4 h\/jour.<\/li>\n\n\n\n<li><strong>Avril :<\/strong> jour 22,1 \u00b0C, nuit 14,0 \u00b0C, mer 19,3 \u00b0C, jours de pluie 3,8, soleil 11,6 h\/jour.<\/li>\n\n\n\n<li><strong>Mai :<\/strong> jour 25,8 \u00b0C, nuit 17,9 \u00b0C, mer 21,4 \u00b0C, jours de pluie 2,8, soleil 12,7 h\/jour.<\/li>\n\n\n\n<li><strong>Juin :<\/strong> jour 29,1 \u00b0C, nuit 21,5 \u00b0C, mer 25,5 \u00b0C, jours de pluie 1,1, soleil 13,7 h\/jour.<\/li>\n\n\n\n<li><strong>Juillet :<\/strong> jour 32,1 \u00b0C, nuit 24,4 \u00b0C, mer 28,6 \u00b0C, jours de pluie 0,0, soleil 13,8 h\/jour.<\/li>\n\n\n\n<li><strong>Ao\u00fbt :<\/strong> jour 32,2 \u00b0C, nuit 24,9 \u00b0C, mer 29,8 \u00b0C, jours de pluie 0,3, soleil 12,8 h\/jour.<\/li>\n\n\n\n<li><strong>Septembre :<\/strong> jour 30,7 \u00b0C, nuit 23,0 \u00b0C, mer 28,7 \u00b0C, jours de pluie 1,1, soleil 11,6 h\/jour.<\/li>\n\n\n\n<li><strong>Octobre :<\/strong> jour 27,3 \u00b0C, nuit 20,0 \u00b0C, mer 26,8 \u00b0C, jours de pluie 3,6, soleil 10,6 h\/jour.<\/li>\n\n\n\n<li><strong>Novembre :<\/strong> jour 22,2 \u00b0C, nuit 16,3 \u00b0C, mer 23,8 \u00b0C, jours de pluie 6,7, soleil 8,9 h\/jour.<\/li>\n\n\n\n<li><strong>D\u00e9cembre :<\/strong> jour 18,1 \u00b0C, nuit 12,4 \u00b0C, mer 20,6 \u00b0C, jours de pluie 9,5, soleil 8,0 h\/jour.<\/li>\n<\/ul>\n\n\n\n<h3 id=\"Paphos_zapad_ostrova_je_o_neco_mirnejsi\" class=\"wp-block-heading\"><span class=\"ez-toc-section\" id=\"Paphos_louest_de_lile_est_un_peu_plus_doux\"><\/span>Paphos : l&rsquo;ouest de l&rsquo;\u00eele est un peu plus doux<span class=\"ez-toc-section-end\"><\/span><\/h3>\n\n\n\n<p class=\"wp-block-paragraph\">La c\u00f4te ouest a un microclimat l\u00e9g\u00e8rement diff\u00e9rent : dans la r\u00e9gion de Paphos, il fait un poil plus frais et il pleut un peu plus souvent, ce qui signifie en revanche que <strong>le paysage reste vert plus longtemps<\/strong>. \u00c0 titre de comparaison, en janvier tu mesures ici 15,6 \u00b0C le jour (nuit 9,4 \u00b0C, mer 19,4 \u00b0C, pluie 13,6 jours, soleil 8,5 h\/jour) et 16,5 \u00b0C en f\u00e9vrier (nuit 9,5 \u00b0C, mer 18,1 \u00b0C, pluie 8,2 jours, soleil 9,1 h\/jour). Le mois de mars printanier apporte 17,9 \u00b0C le jour (nuit 10,9 \u00b0C, mer 17,8 \u00b0C, pluie 9,6 jours, soleil 10,6 h\/jour) et avril d\u00e9j\u00e0 de tr\u00e8s agr\u00e9ables 21,3 \u00b0C (nuit 13,3 \u00b0C, mer 18,9 \u00b0C, pluie 4,8 jours, soleil 11,6 h\/jour). Les journ\u00e9es de mai se r\u00e9chauffent \u00e0 24,8 \u00b0C (nuit 17,0 \u00b0C, mer 20,8 \u00b0C, pluie 4,4 jours, soleil 12,8 h\/jour) et celles de juin \u00e0 27,8 \u00b0C (nuit 20,6 \u00b0C, mer 24,8 \u00b0C, pluie 1,4 jours, soleil 13,9 h\/jour). Dans le juillet caniculaire, compte 31,0 \u00b0C (nuit 23,4 \u00b0C, mer 27,4 \u00b0C, pluie 0,4 jours, soleil 13,9 h\/jour) et en ao\u00fbt 30,7 \u00b0C (nuit 23,8 \u00b0C, mer 28,8 \u00b0C, pluie 0,7 jours, soleil 12,7 h\/jour). Septembre promet encore un estival 29,2 \u00b0C (nuit 22,0 \u00b0C, mer 27,7 \u00b0C, pluie 1,5 jours, soleil 11,7 h\/jour) et octobre descend \u00e0 26,3 \u00b0C (nuit 18,5 \u00b0C, mer 26,0 \u00b0C, pluie 4,0 jours, soleil 10,6 h\/jour). Novembre offre ensuite 22,3 \u00b0C (nuit 14,7 \u00b0C, mer 23,3 \u00b0C, pluie 5,9 jours, soleil 9,2 h\/jour) et l&rsquo;ann\u00e9e se cl\u00f4t en d\u00e9cembre avec 17,9 \u00b0C (nuit 11,4 \u00b0C, mer 20,8 \u00b0C, pluie 10,9 jours, soleil 8,3 h\/jour).<\/p>\n\n\n\n<h3 id=\"Hory_Troodos_uplne_jiny_ostrov\" class=\"wp-block-heading\"><span class=\"ez-toc-section\" id=\"Les_montagnes_du_Troodos_une_tout_autre_ile\"><\/span>Les montagnes du Troodos : une tout autre \u00eele<span class=\"ez-toc-section-end\"><\/span><\/h3>\n\n\n\n<p class=\"wp-block-paragraph\">Quand tu quittes le littoral br\u00fblant pour l&rsquo;int\u00e9rieur des terres, tu te retrouves dans une zone climatique totalement diff\u00e9rente qui te surprendra par sa fra\u00eecheur inattendue. Les relev\u00e9s \u00e0 une altitude d&rsquo;environ 1 830 m\u00e8tres montrent clairement que, tandis qu&rsquo;en bord de mer les gens se prom\u00e8nent en t-shirt \u00e0 15 \u00b0C, <strong>l\u00e0-haut dans les montagnes la neige est bien pr\u00e9sente<\/strong>. En janvier, le maximum diurne moyen n&rsquo;y est que de 4,0 \u00b0C, et une station de ski y fonctionne m\u00eame de fa\u00e7on fiable, ce qui est plut\u00f4t cocasse pour une \u00eele m\u00e9diterran\u00e9enne.<\/p>\n\n\n\n<figure class=\"wp-block-table is-style-stripes\"><table class=\"has-fixed-layout\"><thead><tr><th>Mois<\/th><th>Jour<\/th><th>Nuit<\/th><th>Jours de pluie<\/th><th>Soleil\/jour<\/th><\/tr><\/thead><tbody><tr><td><strong>janvier<\/strong><\/td><td>4 \u00b0C<\/td><td>-3 \u00b0C<\/td><td>12,9<\/td><td>7,9 h<\/td><\/tr><tr><td><strong>f\u00e9vrier<\/strong><\/td><td>6 \u00b0C<\/td><td>-2 \u00b0C<\/td><td>10,7<\/td><td>8,6 h<\/td><\/tr><tr><td><strong>mars<\/strong><\/td><td>8 \u00b0C<\/td><td>-0 \u00b0C<\/td><td>10,4<\/td><td>10,2 h<\/td><\/tr><tr><td><strong>avril<\/strong><\/td><td>13 \u00b0C<\/td><td>4 \u00b0C<\/td><td>6,9<\/td><td>11,5 h<\/td><\/tr><tr><td><strong>mai<\/strong><\/td><td>18 \u00b0C<\/td><td>8 \u00b0C<\/td><td>6,4<\/td><td>12,8 h<\/td><\/tr><tr><td><strong>juin<\/strong><\/td><td>22 \u00b0C<\/td><td>11 \u00b0C<\/td><td>3,8<\/td><td>13,8 h<\/td><\/tr><tr><td><strong>juillet<\/strong><\/td><td>26 \u00b0C<\/td><td>15 \u00b0C<\/td><td>0,8<\/td><td>13,9 h<\/td><\/tr><tr><td><strong>ao\u00fbt<\/strong><\/td><td>26 \u00b0C<\/td><td>15 \u00b0C<\/td><td>1,1<\/td><td>12,9 h<\/td><\/tr><tr><td><strong>septembre<\/strong><\/td><td>23 \u00b0C<\/td><td>12 \u00b0C<\/td><td>3,3<\/td><td>11,7 h<\/td><\/tr><tr><td><strong>octobre<\/strong><\/td><td>18 \u00b0C<\/td><td>8 \u00b0C<\/td><td>5,4<\/td><td>10,6 h<\/td><\/tr><tr><td><strong>novembre<\/strong><\/td><td>12 \u00b0C<\/td><td>3 \u00b0C<\/td><td>6,7<\/td><td>9,1 h<\/td><\/tr><tr><td><strong>d\u00e9cembre<\/strong><\/td><td>7 \u00b0C<\/td><td>-0 \u00b0C<\/td><td>11,1<\/td><td>7,9 h<\/td><\/tr><\/tbody><\/table><figcaption class=\"wp-element-caption\">Massif du Troodos \u00e0 une altitude d&rsquo;environ 1 830 m. Les valeurs de septembre comme d&rsquo;hiver montrent \u00e0 quel point il fait plus frais en altitude qu&rsquo;au bord de mer (moyennes 2015\u20132024, ERA5).<\/figcaption><\/figure>\n\n\n\n<p class=\"wp-block-paragraph\">Voici les donn\u00e9es pr\u00e9cises pour les zones montagneuses, pour savoir <strong>quels v\u00eatements emporter avec toi<\/strong> :<\/p>\n\n\n\n<ul class=\"wp-block-list\">\n<li><strong>Janvier :<\/strong> jour 4,0 \u00b0C, nuit -2,9 \u00b0C, jours de pluie 12,9, soleil 7,9 h\/jour.<\/li>\n\n\n\n<li><strong>F\u00e9vrier :<\/strong> jour 5,9 \u00b0C, nuit -2,1 \u00b0C, jours de pluie 10,7, soleil 8,6 h\/jour.<\/li>\n\n\n\n<li><strong>Mars :<\/strong> jour 8,2 \u00b0C, nuit -0,5 \u00b0C, jours de pluie 10,4, soleil 10,2 h\/jour.<\/li>\n\n\n\n<li><strong>Avril :<\/strong> jour 13,4 \u00b0C, nuit 3,6 \u00b0C, jours de pluie 6,9, soleil 11,5 h\/jour.<\/li>\n\n\n\n<li><strong>Mai :<\/strong> jour 18,1 \u00b0C, nuit 7,7 \u00b0C, jours de pluie 6,4, soleil 12,8 h\/jour.<\/li>\n\n\n\n<li><strong>Juin :<\/strong> jour 22,1 \u00b0C, nuit 11,3 \u00b0C, jours de pluie 3,8, soleil 13,8 h\/jour.<\/li>\n\n\n\n<li><strong>Juillet :<\/strong> jour 26,1 \u00b0C, nuit 14,8 \u00b0C, jours de pluie 0,8, soleil 13,9 h\/jour.<\/li>\n\n\n\n<li><strong>Ao\u00fbt :<\/strong> jour 25,7 \u00b0C, nuit 14,8 \u00b0C, jours de pluie 1,1, soleil 12,9 h\/jour.<\/li>\n\n\n\n<li><strong>Septembre :<\/strong> jour 22,6 \u00b0C, nuit 12,0 \u00b0C, jours de pluie 3,3, soleil 11,7 h\/jour.<\/li>\n\n\n\n<li><strong>Octobre :<\/strong> jour 17,6 \u00b0C, nuit 7,9 \u00b0C, jours de pluie 5,4, soleil 10,6 h\/jour.<\/li>\n\n\n\n<li><strong>Novembre :<\/strong> jour 11,6 \u00b0C, nuit 3,1 \u00b0C, jours de pluie 6,7, soleil 9,1 h\/jour.<\/li>\n\n\n\n<li><strong>D\u00e9cembre :<\/strong> jour 6,7 \u00b0C, nuit -0,5 \u00b0C, jours de pluie 11,1, soleil 7,9 h\/jour.<\/li>\n<\/ul>\n\n\n\n<h3 id=\"Nejlepsi_mesice_podle_typu_dovolene\" class=\"wp-block-heading\"><span class=\"ez-toc-section\" id=\"Les_meilleurs_mois_selon_le_type_de_vacances\"><\/span>Les meilleurs mois selon le type de vacances<span class=\"ez-toc-section-end\"><\/span><\/h3>\n\n\n\n<ul class=\"wp-block-list\">\n<li><strong>Pour une baignade parfaite :<\/strong> l&rsquo;id\u00e9al est de partir de juin \u00e0 novembre, quand la mer affiche d&rsquo;incroyables 25 \u00e0 29 \u00b0C et que l&rsquo;eau est d\u00e9licieusement chaude.<\/li>\n\n\n\n<li><strong>Pour la d\u00e9couverte et les randonn\u00e9es :<\/strong> tu profites le mieux des visites en avril, mai ou octobre, car les temp\u00e9ratures sont supportables et la nature printani\u00e8re est en pleine floraison.<\/li>\n\n\n\n<li><strong>Pour les p\u00e9riodes les moins ch\u00e8res :<\/strong> si tu veux vraiment \u00e9conomiser, planifie ton voyage entre novembre et mars, quand les prix des billets d&rsquo;avion et de l&rsquo;h\u00e9bergement baissent.<\/li>\n\n\n\n<li><strong>Quand mieux vaut \u00e9viter :<\/strong> ao\u00fbt est le mois o\u00f9 l&rsquo;\u00eele d\u00e9borde de monde, o\u00f9 r\u00e8gne une chaleur \u00e9crasante et o\u00f9 les prix des services grimpent en fl\u00e8che.<\/li>\n<\/ul>\n\n\n\n<h2 id=\"Co_videt_na_Kypru_24_tipu_od_antickych_mozaik_po_hory\" class=\"wp-block-heading\"><span class=\"ez-toc-section\" id=\"Que_voir_a_Chypre_24_idees_des_mosaiques_antiques_aux_montagnes\"><\/span>Que voir \u00e0 Chypre : 24 id\u00e9es, des mosa\u00efques antiques aux montagnes<span class=\"ez-toc-section-end\"><\/span><\/h2>\n\n\n\n<p class=\"wp-block-paragraph\">La R\u00e9publique de Chypre offre une immense diversit\u00e9 et la division de l&rsquo;\u00eele facilite la planification de tout ton voyage. La partie ouest autour de Paphos s\u00e9duit par ses monuments antiques et sa nature sauvage, tandis que le sud avec Limassol forme un centre culturel et historique plus anim\u00e9. \u00c0 l&rsquo;est, autour de la station d&rsquo;Ayia Napa, tu trouves les plus belles plages de sable, et l&rsquo;int\u00e9rieur des terres abrite le massif verdoyant du Troodos. L&rsquo;\u00eele est divis\u00e9e depuis 1974 par une zone tampon de l&rsquo;ONU entre la R\u00e9publique de Chypre au sud, membre de l&rsquo;UE et de la zone euro, et Chypre du Nord, que <strong>seule la Turquie reconna\u00eet comme \u00c9tat<\/strong>. Heureusement, on peut faire le tour de toute l&rsquo;\u00eele en voiture en quelques jours, ce qui est, selon de nombreux voyageurs, de loin la meilleure fa\u00e7on de voyager.<\/p>\n\n\n\n<p class=\"wp-block-paragraph\">M\u00eame si les transports publics relient de fa\u00e7on fiable les grandes villes, sans ta propre voiture tu n&rsquo;atteindras pas r\u00e9ellement les montagnes du Troodos ni la p\u00e9ninsule recul\u00e9e d&rsquo;Akamas. De Paris, des vols directs desservent les a\u00e9roports de Larnaca et de Paphos, avec un trajet d&rsquo;environ 4 heures, donc si tu cherches <a href=\"https:\/\/loudavymkrokem.cz\/fr\/trouver-vols-pas-chers-astuces\/\">comment trouver des billets d&rsquo;avion pas chers<\/a>, Chypre est une destination tr\u00e8s accessible. Souviens-toi cependant qu&rsquo;<strong>\u00e0 Chypre on roule \u00e0 gauche<\/strong>, que tu auras besoin des prises britanniques \u00e0 trois broches de type G et qu&rsquo;on y paie couramment en euros.<\/p>\n\n\n\n<h3 id=\"1_Archeologicky_park_v_Paphosu_mozaiky_kvuli_kterym_sem_lide_jezdi\" class=\"wp-block-heading\"><span class=\"ez-toc-section\" id=\"1_Le_parc_archeologique_de_Paphos_les_mosaiques_pour_lesquelles_on_vient\"><\/span>1. Le parc arch\u00e9ologique de Paphos : les mosa\u00efques pour lesquelles on vient<span class=\"ez-toc-section-end\"><\/span><\/h3>\n\n\n\n<p class=\"wp-block-paragraph\">Le parc arch\u00e9ologique de Paphos figure sur la liste du patrimoine mondial de l&rsquo;UNESCO et c&rsquo;est un incontournable absolu pour les amateurs d&rsquo;histoire. Le principal attrait, ce sont les <strong>villas romaines aux mosa\u00efques de sol incroyablement bien conserv\u00e9es<\/strong>, qui repr\u00e9sentent des sc\u00e8nes de la mythologie grecque. La plus c\u00e9l\u00e8bre est la Maison de Dionysos, o\u00f9 tu peux admirer des \u0153uvres d&rsquo;art d\u00e9taill\u00e9es vieilles de milliers d&rsquo;ann\u00e9es, mais le grandiose th\u00e9\u00e2tre antique Od\u00e9on vaut aussi la d\u00e9couverte. Le site est tr\u00e8s vaste et offre de belles vues sur les eaux bleues de la M\u00e9diterran\u00e9e.<\/p>\n\n\n\n<figure data-wp-context=\"{&quot;imageId&quot;:&quot;6a9944f47be12&quot;}\" data-wp-interactive=\"core\/image\" data-wp-key=\"6a9944f47be12\" class=\"wp-block-image size-full wp-lightbox-container\"><img decoding=\"async\" width=\"1500\" height=\"1023\" data-wp-class--hide=\"state.isContentHidden\" data-wp-class--show=\"state.isContentVisible\" data-wp-init=\"callbacks.setButtonStyles\" data-wp-on--click=\"actions.showLightbox\" data-wp-on--load=\"callbacks.setButtonStyles\" data-wp-on--pointerdown=\"actions.preloadImage\" data-wp-on--pointerenter=\"actions.preloadImageWithDelay\" data-wp-on--pointerleave=\"actions.cancelPreload\" data-wp-on-window--resize=\"callbacks.setButtonStyles\" src=\"https:\/\/loudavymkrokem.cz\/wp-content\/uploads\/2026\/08\/dovolena-kypr-t01.jpg\" alt=\"Mosa\u00efques antiques dans le parc arch\u00e9ologique de Paphos\" class=\"wp-image-399841\" title=\"\" srcset=\"https:\/\/loudavymkrokem.cz\/wp-content\/uploads\/2026\/08\/dovolena-kypr-t01.jpg 1500w, https:\/\/loudavymkrokem.cz\/wp-content\/uploads\/2026\/08\/dovolena-kypr-t01-300x205.jpg 300w, https:\/\/loudavymkrokem.cz\/wp-content\/uploads\/2026\/08\/dovolena-kypr-t01-700x477.jpg 700w, https:\/\/loudavymkrokem.cz\/wp-content\/uploads\/2026\/08\/dovolena-kypr-t01-768x524.jpg 768w, https:\/\/loudavymkrokem.cz\/wp-content\/uploads\/2026\/08\/dovolena-kypr-t01-696x475.jpg 696w, https:\/\/loudavymkrokem.cz\/wp-content\/uploads\/2026\/08\/dovolena-kypr-t01-1392x949.jpg 1392w\" sizes=\"(max-width: 1500px) 100vw, 1500px\" \/><button\n\t\t\tclass=\"lightbox-trigger\"\n\t\t\ttype=\"button\"\n\t\t\taria-haspopup=\"dialog\"\n\t\t\tdata-wp-bind--aria-label=\"state.thisImage.triggerButtonAriaLabel\"\n\t\t\tdata-wp-init=\"callbacks.initTriggerButton\"\n\t\t\tdata-wp-on--click=\"actions.showLightbox\"\n\t\t\tdata-wp-style--right=\"state.thisImage.buttonRight\"\n\t\t\tdata-wp-style--top=\"state.thisImage.buttonTop\"\n\t\t>\n\t\t\t<svg xmlns=\"http:\/\/www.w3.org\/2000\/svg\" width=\"12\" height=\"12\" fill=\"none\" viewBox=\"0 0 12 12\">\n\t\t\t\t<path fill=\"#fff\" d=\"M2 0a2 2 0 0 0-2 2v2h1.5V2a.5.5 0 0 1 .5-.5h2V0H2Zm2 10.5H2a.5.5 0 0 1-.5-.5V8H0v2a2 2 0 0 0 2 2h2v-1.5ZM8 12v-1.5h2a.5.5 0 0 0 .5-.5V8H12v2a2 2 0 0 1-2 2H8Zm2-12a2 2 0 0 1 2 2v2h-1.5V2a.5.5 0 0 0-.5-.5H8V0h2Z\" \/>\n\t\t\t<\/svg>\n\t\t<\/button><figcaption class=\"wp-element-caption\">Mosa\u00efques antiques dans le parc arch\u00e9ologique de Paphos (Photo : Institute for the Study of the Ancient World from New York \/ Wikimedia Commons, CC BY 2.0)<\/figcaption><\/figure>\n\n\n\n<p class=\"wp-block-paragraph\">D&rsquo;apr\u00e8s les avis des voyageurs, le mieux est de partir en visite t\u00f4t le matin ou, au contraire, en fin d&rsquo;apr\u00e8s-midi. Dans ce vaste site, tu <strong>ne trouveras quasiment aucune ombre<\/strong> et, \u00e0 midi, la promenade entre les pierres br\u00fblantes se transforme en un v\u00e9ritable exploit sportif. Prends absolument assez d&rsquo;eau, des chaussures confortables et une bonne cr\u00e8me solaire pour profiter de la visite dans le plus grand confort.<\/p>\n\n\n\n<h3 id=\"2_Kralovske_hrobky_Tombs_of_the_Kings\" class=\"wp-block-heading\"><span class=\"ez-toc-section\" id=\"2_Les_Tombeaux_des_Rois_Tombs_of_the_Kings\"><\/span>2. Les Tombeaux des Rois (Tombs of the Kings)<span class=\"ez-toc-section-end\"><\/span><\/h3>\n\n\n\n<p class=\"wp-block-paragraph\">Les Tombeaux des Rois forment un fascinant complexe souterrain taill\u00e9 directement dans la roche massive, non loin du centre de Paphos. M\u00eame si le nom sonne tr\u00e8s noble, en r\u00e9alit\u00e9 <strong>aucun roi n&rsquo;y a jamais \u00e9t\u00e9 enterr\u00e9<\/strong> : le lieu servait de derni\u00e8re demeure aux hauts fonctionnaires et \u00e0 l&rsquo;aristocratie locale. Ce nom prestigieux vient plut\u00f4t de l&rsquo;architecture grandiose, et tu peux te promener librement entre de puissantes colonnes doriques et descendre dans de myst\u00e9rieux atriums souterrains.<\/p>\n\n\n\n<figure data-wp-context=\"{&quot;imageId&quot;:&quot;6a9944f47c1b8&quot;}\" data-wp-interactive=\"core\/image\" data-wp-key=\"6a9944f47c1b8\" class=\"wp-block-image size-full wp-lightbox-container\"><img decoding=\"async\" width=\"1500\" height=\"894\" data-wp-class--hide=\"state.isContentHidden\" data-wp-class--show=\"state.isContentVisible\" data-wp-init=\"callbacks.setButtonStyles\" data-wp-on--click=\"actions.showLightbox\" data-wp-on--load=\"callbacks.setButtonStyles\" data-wp-on--pointerdown=\"actions.preloadImage\" data-wp-on--pointerenter=\"actions.preloadImageWithDelay\" data-wp-on--pointerleave=\"actions.cancelPreload\" data-wp-on-window--resize=\"callbacks.setButtonStyles\" src=\"https:\/\/loudavymkrokem.cz\/wp-content\/uploads\/2026\/08\/dovolena-kypr-t02.jpg\" alt=\"Les Tombeaux des Rois \u00e0 Paphos\" class=\"wp-image-399844\" title=\"\" srcset=\"https:\/\/loudavymkrokem.cz\/wp-content\/uploads\/2026\/08\/dovolena-kypr-t02.jpg 1500w, https:\/\/loudavymkrokem.cz\/wp-content\/uploads\/2026\/08\/dovolena-kypr-t02-300x179.jpg 300w, https:\/\/loudavymkrokem.cz\/wp-content\/uploads\/2026\/08\/dovolena-kypr-t02-700x417.jpg 700w, https:\/\/loudavymkrokem.cz\/wp-content\/uploads\/2026\/08\/dovolena-kypr-t02-768x458.jpg 768w, https:\/\/loudavymkrokem.cz\/wp-content\/uploads\/2026\/08\/dovolena-kypr-t02-696x415.jpg 696w, https:\/\/loudavymkrokem.cz\/wp-content\/uploads\/2026\/08\/dovolena-kypr-t02-1392x830.jpg 1392w\" sizes=\"(max-width: 1500px) 100vw, 1500px\" \/><button\n\t\t\tclass=\"lightbox-trigger\"\n\t\t\ttype=\"button\"\n\t\t\taria-haspopup=\"dialog\"\n\t\t\tdata-wp-bind--aria-label=\"state.thisImage.triggerButtonAriaLabel\"\n\t\t\tdata-wp-init=\"callbacks.initTriggerButton\"\n\t\t\tdata-wp-on--click=\"actions.showLightbox\"\n\t\t\tdata-wp-style--right=\"state.thisImage.buttonRight\"\n\t\t\tdata-wp-style--top=\"state.thisImage.buttonTop\"\n\t\t>\n\t\t\t<svg xmlns=\"http:\/\/www.w3.org\/2000\/svg\" width=\"12\" height=\"12\" fill=\"none\" viewBox=\"0 0 12 12\">\n\t\t\t\t<path fill=\"#fff\" d=\"M2 0a2 2 0 0 0-2 2v2h1.5V2a.5.5 0 0 1 .5-.5h2V0H2Zm2 10.5H2a.5.5 0 0 1-.5-.5V8H0v2a2 2 0 0 0 2 2h2v-1.5ZM8 12v-1.5h2a.5.5 0 0 0 .5-.5V8H12v2a2 2 0 0 1-2 2H8Zm2-12a2 2 0 0 1 2 2v2h-1.5V2a.5.5 0 0 0-.5-.5H8V0h2Z\" \/>\n\t\t\t<\/svg>\n\t\t<\/button><figcaption class=\"wp-element-caption\">Les Tombeaux des Rois \u00e0 Paphos (Photo : Nikodem Nijaki \/ Wikimedia Commons, CC BY-SA 3.0)<\/figcaption><\/figure>\n\n\n\n<p class=\"wp-block-paragraph\">Ce site arch\u00e9ologique est \u00e9tonnamment vaste et l&rsquo;exploration des galeries souterraines labyrinthiques prend au moins une \u00e0 deux heures. Les guides locaux recommandent de <strong>combiner la visite des tombeaux avec le parc arch\u00e9ologique voisin<\/strong>, car ils sont tr\u00e8s proches l&rsquo;un de l&rsquo;autre. La plus belle ambiance se vit en fin de journ\u00e9e, quand le soleil couchant teinte les roches de gr\u00e8s de nuances dor\u00e9es et cr\u00e9e de superbes ombres entre les colonnes.<\/p>\n\n\n\n<h3 id=\"3_Petra_tou_Romiou_skala_kde_se_podle_mytu_zrodila_Afrodita\" class=\"wp-block-heading\"><span class=\"ez-toc-section\" id=\"3_Petra_tou_Romiou_le_rocher_ou_serait_nee_Aphrodite\"><\/span>3. Petra tou Romiou : le rocher o\u00f9 serait n\u00e9e Aphrodite<span class=\"ez-toc-section-end\"><\/span><\/h3>\n\n\n\n<p class=\"wp-block-paragraph\">Petra tou Romiou est une plage de galets embl\u00e9matique parsem\u00e9e de rochers, o\u00f9, selon un mythe ancien, la d\u00e9esse de l&rsquo;amour et de la beaut\u00e9 Aphrodite serait n\u00e9e de l&rsquo;\u00e9cume de la mer. Le lieu aurait une atmosph\u00e8re magique, et la l\u00e9gende dit que quiconque nage trois fois autour du rocher principal obtient jeunesse et beaut\u00e9 \u00e9ternelles. Tu n&rsquo;es \u00e9videmment pas oblig\u00e9 de croire aux l\u00e9gendes, mais la <strong>vue sur les puissantes falaises calcaires surgissant de l&rsquo;eau turquoise<\/strong> figure parmi les motifs les plus photographi\u00e9s de toute l&rsquo;\u00eele.<\/p>\n\n\n\n<figure data-wp-context=\"{&quot;imageId&quot;:&quot;6a9944f47c568&quot;}\" data-wp-interactive=\"core\/image\" data-wp-key=\"6a9944f47c568\" class=\"wp-block-image size-full wp-lightbox-container\"><img decoding=\"async\" width=\"1500\" height=\"999\" data-wp-class--hide=\"state.isContentHidden\" data-wp-class--show=\"state.isContentVisible\" data-wp-init=\"callbacks.setButtonStyles\" data-wp-on--click=\"actions.showLightbox\" data-wp-on--load=\"callbacks.setButtonStyles\" data-wp-on--pointerdown=\"actions.preloadImage\" data-wp-on--pointerenter=\"actions.preloadImageWithDelay\" data-wp-on--pointerleave=\"actions.cancelPreload\" data-wp-on-window--resize=\"callbacks.setButtonStyles\" src=\"https:\/\/loudavymkrokem.cz\/wp-content\/uploads\/2026\/08\/dovolena-kypr-t03.jpg\" alt=\"Le rocher Petra tou Romiou, lieu de naissance d&#039;Aphrodite\" class=\"wp-image-399849\" title=\"\" srcset=\"https:\/\/loudavymkrokem.cz\/wp-content\/uploads\/2026\/08\/dovolena-kypr-t03.jpg 1500w, https:\/\/loudavymkrokem.cz\/wp-content\/uploads\/2026\/08\/dovolena-kypr-t03-300x200.jpg 300w, https:\/\/loudavymkrokem.cz\/wp-content\/uploads\/2026\/08\/dovolena-kypr-t03-700x466.jpg 700w, https:\/\/loudavymkrokem.cz\/wp-content\/uploads\/2026\/08\/dovolena-kypr-t03-768x511.jpg 768w, https:\/\/loudavymkrokem.cz\/wp-content\/uploads\/2026\/08\/dovolena-kypr-t03-696x464.jpg 696w, https:\/\/loudavymkrokem.cz\/wp-content\/uploads\/2026\/08\/dovolena-kypr-t03-1392x927.jpg 1392w\" sizes=\"(max-width: 1500px) 100vw, 1500px\" \/><button\n\t\t\tclass=\"lightbox-trigger\"\n\t\t\ttype=\"button\"\n\t\t\taria-haspopup=\"dialog\"\n\t\t\tdata-wp-bind--aria-label=\"state.thisImage.triggerButtonAriaLabel\"\n\t\t\tdata-wp-init=\"callbacks.initTriggerButton\"\n\t\t\tdata-wp-on--click=\"actions.showLightbox\"\n\t\t\tdata-wp-style--right=\"state.thisImage.buttonRight\"\n\t\t\tdata-wp-style--top=\"state.thisImage.buttonTop\"\n\t\t>\n\t\t\t<svg xmlns=\"http:\/\/www.w3.org\/2000\/svg\" width=\"12\" height=\"12\" fill=\"none\" viewBox=\"0 0 12 12\">\n\t\t\t\t<path fill=\"#fff\" d=\"M2 0a2 2 0 0 0-2 2v2h1.5V2a.5.5 0 0 1 .5-.5h2V0H2Zm2 10.5H2a.5.5 0 0 1-.5-.5V8H0v2a2 2 0 0 0 2 2h2v-1.5ZM8 12v-1.5h2a.5.5 0 0 0 .5-.5V8H12v2a2 2 0 0 1-2 2H8Zm2-12a2 2 0 0 1 2 2v2h-1.5V2a.5.5 0 0 0-.5-.5H8V0h2Z\" \/>\n\t\t\t<\/svg>\n\t\t<\/button><figcaption class=\"wp-element-caption\">Le rocher Petra tou Romiou, lieu de naissance d&rsquo;Aphrodite (Photo : Anton Zelenov \/ Wikimedia Commons, CC BY-SA 4.0)<\/figcaption><\/figure>\n\n\n\n<p class=\"wp-block-paragraph\">La baignade est ici parfois plus difficile en raison des courants plus forts et des vagues plus grosses, donc ce n&rsquo;est g\u00e9n\u00e9ralement pas id\u00e9al pour une nage familiale tranquille. Le mieux est de <strong>venir sur cette plage au coucher du soleil<\/strong>, quand les foules des bus de tourisme se dispersent un peu et que toute la sc\u00e8ne prend une magnifique teinte romantique. Les voyageurs appr\u00e9cient aussi le point de vue tout proche sur la falaise au-dessus de la plage, d&rsquo;o\u00f9 tu prendras les meilleurs clich\u00e9s panoramiques.<\/p>\n\n\n\n<h3 id=\"4_Poloostrov_Akamas_a_Modra_laguna\" class=\"wp-block-heading\"><span class=\"ez-toc-section\" id=\"4_La_peninsule_dAkamas_et_le_Lagon_Bleu\"><\/span>4. La p\u00e9ninsule d&rsquo;Akamas et le Lagon Bleu<span class=\"ez-toc-section-end\"><\/span><\/h3>\n\n\n\n<p class=\"wp-block-paragraph\">La p\u00e9ninsule d&rsquo;Akamas et le Lagon Bleu constituent la zone prot\u00e9g\u00e9e la plus sauvage et la plus pr\u00e9serv\u00e9e de la pointe ouest de l&rsquo;\u00eele. Tu y trouves des for\u00eats denses, des criques d\u00e9sertes et surtout le c\u00e9l\u00e8bre Lagon Bleu \u00e0 l&rsquo;eau si <strong>limpide et cristalline<\/strong> que tu te croiras plut\u00f4t quelque part dans les Cara\u00efbes exotiques. La nature est ici prot\u00e9g\u00e9e d&rsquo;une urbanisation massive, donc n&rsquo;attends aucun grand complexe h\u00f4telier, mais plut\u00f4t des chemins poussi\u00e9reux et un calme absolu.<\/p>\n\n\n\n<figure data-wp-context=\"{&quot;imageId&quot;:&quot;6a9944f47c978&quot;}\" data-wp-interactive=\"core\/image\" data-wp-key=\"6a9944f47c978\" class=\"wp-block-image size-full wp-lightbox-container\"><img decoding=\"async\" width=\"1500\" height=\"959\" data-wp-class--hide=\"state.isContentHidden\" data-wp-class--show=\"state.isContentVisible\" data-wp-init=\"callbacks.setButtonStyles\" data-wp-on--click=\"actions.showLightbox\" data-wp-on--load=\"callbacks.setButtonStyles\" data-wp-on--pointerdown=\"actions.preloadImage\" data-wp-on--pointerenter=\"actions.preloadImageWithDelay\" data-wp-on--pointerleave=\"actions.cancelPreload\" data-wp-on-window--resize=\"callbacks.setButtonStyles\" src=\"https:\/\/loudavymkrokem.cz\/wp-content\/uploads\/2026\/08\/dovolena-kypr-t04.jpg\" alt=\"Le Lagon Bleu sur la p\u00e9ninsule d&#039;Akamas\" class=\"wp-image-399854\" title=\"\" srcset=\"https:\/\/loudavymkrokem.cz\/wp-content\/uploads\/2026\/08\/dovolena-kypr-t04.jpg 1500w, https:\/\/loudavymkrokem.cz\/wp-content\/uploads\/2026\/08\/dovolena-kypr-t04-300x192.jpg 300w, https:\/\/loudavymkrokem.cz\/wp-content\/uploads\/2026\/08\/dovolena-kypr-t04-700x448.jpg 700w, https:\/\/loudavymkrokem.cz\/wp-content\/uploads\/2026\/08\/dovolena-kypr-t04-768x491.jpg 768w, https:\/\/loudavymkrokem.cz\/wp-content\/uploads\/2026\/08\/dovolena-kypr-t04-696x445.jpg 696w, https:\/\/loudavymkrokem.cz\/wp-content\/uploads\/2026\/08\/dovolena-kypr-t04-1392x890.jpg 1392w\" sizes=\"(max-width: 1500px) 100vw, 1500px\" \/><button\n\t\t\tclass=\"lightbox-trigger\"\n\t\t\ttype=\"button\"\n\t\t\taria-haspopup=\"dialog\"\n\t\t\tdata-wp-bind--aria-label=\"state.thisImage.triggerButtonAriaLabel\"\n\t\t\tdata-wp-init=\"callbacks.initTriggerButton\"\n\t\t\tdata-wp-on--click=\"actions.showLightbox\"\n\t\t\tdata-wp-style--right=\"state.thisImage.buttonRight\"\n\t\t\tdata-wp-style--top=\"state.thisImage.buttonTop\"\n\t\t>\n\t\t\t<svg xmlns=\"http:\/\/www.w3.org\/2000\/svg\" width=\"12\" height=\"12\" fill=\"none\" viewBox=\"0 0 12 12\">\n\t\t\t\t<path fill=\"#fff\" d=\"M2 0a2 2 0 0 0-2 2v2h1.5V2a.5.5 0 0 1 .5-.5h2V0H2Zm2 10.5H2a.5.5 0 0 1-.5-.5V8H0v2a2 2 0 0 0 2 2h2v-1.5ZM8 12v-1.5h2a.5.5 0 0 0 .5-.5V8H12v2a2 2 0 0 1-2 2H8Zm2-12a2 2 0 0 1 2 2v2h-1.5V2a.5.5 0 0 0-.5-.5H8V0h2Z\" \/>\n\t\t\t<\/svg>\n\t\t<\/button><figcaption class=\"wp-element-caption\">Le Lagon Bleu sur la p\u00e9ninsule d&rsquo;Akamas (Photo : Michal Klajban \/ Wikimedia Commons, CC BY-SA 4.0)<\/figcaption><\/figure>\n\n\n\n<p class=\"wp-block-paragraph\">On n&rsquo;atteint malheureusement pas le Lagon Bleu avec une voiture de location classique, car les chemins non rev\u00eatus sont pleins de profondes orni\u00e8res et de pierres tranchantes. La solution pratique est de <strong>louer un 4&#215;4 ou de faire une agr\u00e9able excursion en bateau<\/strong> depuis le port voisin de Latchi. Les excursions en bateau incluent souvent une longue pause baignade directement dans le lagon, ce qui est, selon de nombreux visiteurs, la fa\u00e7on la plus agr\u00e9able de d\u00e9couvrir cette r\u00e9gion.<\/p>\n\n\n\n<h3 id=\"5_Souteska_Avakas\" class=\"wp-block-heading\"><span class=\"ez-toc-section\" id=\"5_Les_gorges_dAvakas\"><\/span>5. Les gorges d&rsquo;Avakas<span class=\"ez-toc-section-end\"><\/span><\/h3>\n\n\n\n<p class=\"wp-block-paragraph\">Les gorges d&rsquo;Avakas sont un ph\u00e9nom\u00e8ne naturel superbe, un canyon \u00e9troit taill\u00e9 dans la roche calcaire qui attire les amateurs d&rsquo;activit\u00e9 physique et de nature. Les parois des gorges atteignent jusqu&rsquo;\u00e0 trente m\u00e8tres de haut et, aux endroits les plus resserr\u00e9s, elles se rapprochent tellement que tu peux les toucher des deux mains en m\u00eame temps. La <strong>randonn\u00e9e dans le canyon dure environ deux heures<\/strong> et offre une agr\u00e9able fra\u00eecheur m\u00eame par les journ\u00e9es d&rsquo;\u00e9t\u00e9 les plus torrides, car le soleil de plomb n&rsquo;y p\u00e9n\u00e8tre que rarement.<\/p>\n\n\n\n<figure data-wp-context=\"{&quot;imageId&quot;:&quot;6a9944f47d223&quot;}\" data-wp-interactive=\"core\/image\" data-wp-key=\"6a9944f47d223\" class=\"wp-block-image size-full wp-lightbox-container\"><img decoding=\"async\" width=\"1500\" height=\"1000\" data-wp-class--hide=\"state.isContentHidden\" data-wp-class--show=\"state.isContentVisible\" data-wp-init=\"callbacks.setButtonStyles\" data-wp-on--click=\"actions.showLightbox\" data-wp-on--load=\"callbacks.setButtonStyles\" data-wp-on--pointerdown=\"actions.preloadImage\" data-wp-on--pointerenter=\"actions.preloadImageWithDelay\" data-wp-on--pointerleave=\"actions.cancelPreload\" data-wp-on-window--resize=\"callbacks.setButtonStyles\" src=\"https:\/\/loudavymkrokem.cz\/wp-content\/uploads\/2026\/08\/dovolena-kypr-t05.jpg\" alt=\"Les gorges d&#039;Avakas \u00e0 l&#039;ouest de Chypre\" class=\"wp-image-399859\" title=\"\" srcset=\"https:\/\/loudavymkrokem.cz\/wp-content\/uploads\/2026\/08\/dovolena-kypr-t05.jpg 1500w, https:\/\/loudavymkrokem.cz\/wp-content\/uploads\/2026\/08\/dovolena-kypr-t05-300x200.jpg 300w, https:\/\/loudavymkrokem.cz\/wp-content\/uploads\/2026\/08\/dovolena-kypr-t05-700x467.jpg 700w, https:\/\/loudavymkrokem.cz\/wp-content\/uploads\/2026\/08\/dovolena-kypr-t05-768x512.jpg 768w, https:\/\/loudavymkrokem.cz\/wp-content\/uploads\/2026\/08\/dovolena-kypr-t05-696x464.jpg 696w, https:\/\/loudavymkrokem.cz\/wp-content\/uploads\/2026\/08\/dovolena-kypr-t05-1392x928.jpg 1392w\" sizes=\"(max-width: 1500px) 100vw, 1500px\" \/><button\n\t\t\tclass=\"lightbox-trigger\"\n\t\t\ttype=\"button\"\n\t\t\taria-haspopup=\"dialog\"\n\t\t\tdata-wp-bind--aria-label=\"state.thisImage.triggerButtonAriaLabel\"\n\t\t\tdata-wp-init=\"callbacks.initTriggerButton\"\n\t\t\tdata-wp-on--click=\"actions.showLightbox\"\n\t\t\tdata-wp-style--right=\"state.thisImage.buttonRight\"\n\t\t\tdata-wp-style--top=\"state.thisImage.buttonTop\"\n\t\t>\n\t\t\t<svg xmlns=\"http:\/\/www.w3.org\/2000\/svg\" width=\"12\" height=\"12\" fill=\"none\" viewBox=\"0 0 12 12\">\n\t\t\t\t<path fill=\"#fff\" d=\"M2 0a2 2 0 0 0-2 2v2h1.5V2a.5.5 0 0 1 .5-.5h2V0H2Zm2 10.5H2a.5.5 0 0 1-.5-.5V8H0v2a2 2 0 0 0 2 2h2v-1.5ZM8 12v-1.5h2a.5.5 0 0 0 .5-.5V8H12v2a2 2 0 0 1-2 2H8Zm2-12a2 2 0 0 1 2 2v2h-1.5V2a.5.5 0 0 0-.5-.5H8V0h2Z\" \/>\n\t\t\t<\/svg>\n\t\t<\/button><figcaption class=\"wp-element-caption\">Les gorges d&rsquo;Avakas \u00e0 l&rsquo;ouest de Chypre (Photo : Krzysztof Ziarnek, Kenraiz \/ Wikimedia Commons, CC BY-SA 4.0)<\/figcaption><\/figure>\n\n\n\n<p class=\"wp-block-paragraph\">Avant de partir, v\u00e9rifie toujours tr\u00e8s attentivement les pr\u00e9visions m\u00e9t\u00e9o actuelles, car apr\u00e8s de fortes pluies les gorges sont ferm\u00e9es en raison du risque de chutes de pierres et de crues soudaines. L&rsquo;itin\u00e9raire suit en grande partie le lit du ruisseau sur des pierres mouill\u00e9es et glissantes, donc une bonne <a href=\"https:\/\/loudavymkrokem.cz\/jak-vybrat-cestovni-pojisteni-na-dovolenou\/\">assurance voyage<\/a> te sera utile, car une petite glissade te guette pratiquement en permanence.<\/p>\n\n\n\n<h3 id=\"6_Lara_Bay_a_morske_zelvy\" class=\"wp-block-heading\"><span class=\"ez-toc-section\" id=\"6_Lara_Bay_et_les_tortues_marines\"><\/span>6. Lara Bay et les tortues marines<span class=\"ez-toc-section-end\"><\/span><\/h3>\n\n\n\n<p class=\"wp-block-paragraph\">Lara Bay est une belle plage strictement prot\u00e9g\u00e9e, devenue c\u00e9l\u00e8bre comme refuge s\u00fbr pour les tortues marines menac\u00e9es. De juin \u00e0 octobre, <strong>d&rsquo;\u00e9normes tortues caouannes et tortues vertes viennent y pondre leurs \u0153ufs<\/strong>, ce qui fait de ce lieu un site \u00e9cologique extr\u00eamement important dans toute la M\u00e9diterran\u00e9e. Des b\u00e9n\u00e9voles marquent soigneusement les nids dans le sable avec des cages m\u00e9talliques sp\u00e9ciales, pour les prot\u00e9ger des pr\u00e9dateurs et des touristes imprudents.<\/p>\n\n\n\n<figure data-wp-context=\"{&quot;imageId&quot;:&quot;6a9944f47d963&quot;}\" data-wp-interactive=\"core\/image\" data-wp-key=\"6a9944f47d963\" class=\"wp-block-image size-full wp-lightbox-container\"><img decoding=\"async\" width=\"1500\" height=\"1000\" data-wp-class--hide=\"state.isContentHidden\" data-wp-class--show=\"state.isContentVisible\" data-wp-init=\"callbacks.setButtonStyles\" data-wp-on--click=\"actions.showLightbox\" data-wp-on--load=\"callbacks.setButtonStyles\" data-wp-on--pointerdown=\"actions.preloadImage\" data-wp-on--pointerenter=\"actions.preloadImageWithDelay\" data-wp-on--pointerleave=\"actions.cancelPreload\" data-wp-on-window--resize=\"callbacks.setButtonStyles\" src=\"https:\/\/loudavymkrokem.cz\/wp-content\/uploads\/2026\/08\/dovolena-kypr-t06.jpg\" alt=\"La plage prot\u00e9g\u00e9e de Lara Bay\" class=\"wp-image-399863\" title=\"\" srcset=\"https:\/\/loudavymkrokem.cz\/wp-content\/uploads\/2026\/08\/dovolena-kypr-t06.jpg 1500w, https:\/\/loudavymkrokem.cz\/wp-content\/uploads\/2026\/08\/dovolena-kypr-t06-300x200.jpg 300w, https:\/\/loudavymkrokem.cz\/wp-content\/uploads\/2026\/08\/dovolena-kypr-t06-700x467.jpg 700w, https:\/\/loudavymkrokem.cz\/wp-content\/uploads\/2026\/08\/dovolena-kypr-t06-768x512.jpg 768w, https:\/\/loudavymkrokem.cz\/wp-content\/uploads\/2026\/08\/dovolena-kypr-t06-696x464.jpg 696w, https:\/\/loudavymkrokem.cz\/wp-content\/uploads\/2026\/08\/dovolena-kypr-t06-1392x928.jpg 1392w\" sizes=\"(max-width: 1500px) 100vw, 1500px\" \/><button\n\t\t\tclass=\"lightbox-trigger\"\n\t\t\ttype=\"button\"\n\t\t\taria-haspopup=\"dialog\"\n\t\t\tdata-wp-bind--aria-label=\"state.thisImage.triggerButtonAriaLabel\"\n\t\t\tdata-wp-init=\"callbacks.initTriggerButton\"\n\t\t\tdata-wp-on--click=\"actions.showLightbox\"\n\t\t\tdata-wp-style--right=\"state.thisImage.buttonRight\"\n\t\t\tdata-wp-style--top=\"state.thisImage.buttonTop\"\n\t\t>\n\t\t\t<svg xmlns=\"http:\/\/www.w3.org\/2000\/svg\" width=\"12\" height=\"12\" fill=\"none\" viewBox=\"0 0 12 12\">\n\t\t\t\t<path fill=\"#fff\" d=\"M2 0a2 2 0 0 0-2 2v2h1.5V2a.5.5 0 0 1 .5-.5h2V0H2Zm2 10.5H2a.5.5 0 0 1-.5-.5V8H0v2a2 2 0 0 0 2 2h2v-1.5ZM8 12v-1.5h2a.5.5 0 0 0 .5-.5V8H12v2a2 2 0 0 1-2 2H8Zm2-12a2 2 0 0 1 2 2v2h-1.5V2a.5.5 0 0 0-.5-.5H8V0h2Z\" \/>\n\t\t\t<\/svg>\n\t\t<\/button><figcaption class=\"wp-element-caption\">La plage prot\u00e9g\u00e9e de Lara Bay (Photo : Dm Bsg \/ Wikimedia Commons, CC BY 3.0)<\/figcaption><\/figure>\n\n\n\n<p class=\"wp-block-paragraph\">Les r\u00e8gles de visite sont ici assez strictes et il faut absolument les respecter sans exception. On <strong>ne peut pas acc\u00e9der \u00e0 la plage la nuit et l&rsquo;\u00e9clairage y est strictement interdit<\/strong>, car la lumi\u00e8re artificielle d\u00e9soriente les jeunes tortues fra\u00eechement \u00e9closes, qui ne retrouveraient alors pas le chemin de la mer. Oublie aussi de planter des parasols dans le sable, car tu pourrais d\u00e9truire par m\u00e9garde des \u0153ufs de tortue enfouis profond\u00e9ment sous la surface.<\/p>\n\n\n\n<h3 id=\"7_Morske_jeskyne_u_Peyie_a_Coral_Bay\" class=\"wp-block-heading\"><span class=\"ez-toc-section\" id=\"7_Les_grottes_marines_de_Peyia_et_Coral_Bay\"><\/span>7. Les grottes marines de Peyia et Coral Bay<span class=\"ez-toc-section-end\"><\/span><\/h3>\n\n\n\n<p class=\"wp-block-paragraph\">Les grottes marines de Peyia et la station voisine de Coral Bay forment un superbe contraste entre c\u00f4te rocheuse sauvage et baignade confortable. La zone des sea caves regorge de formations rocheuses bizarres, d&rsquo;arches et de grottes contre lesquelles les vagues viennent inlassablement se briser, offrant un spectacle dramatique. Juste \u00e0 c\u00f4t\u00e9 se trouve Coral Bay, l&rsquo;une des <strong>rares plages de sable vraiment belles<\/strong> de cette c\u00f4te ouest par ailleurs surtout rocailleuse.<\/p>\n\n\n\n<figure data-wp-context=\"{&quot;imageId&quot;:&quot;6a9944f47dfbb&quot;}\" data-wp-interactive=\"core\/image\" data-wp-key=\"6a9944f47dfbb\" class=\"wp-block-image size-full wp-lightbox-container\"><img decoding=\"async\" width=\"1500\" height=\"1125\" data-wp-class--hide=\"state.isContentHidden\" data-wp-class--show=\"state.isContentVisible\" data-wp-init=\"callbacks.setButtonStyles\" data-wp-on--click=\"actions.showLightbox\" data-wp-on--load=\"callbacks.setButtonStyles\" data-wp-on--pointerdown=\"actions.preloadImage\" data-wp-on--pointerenter=\"actions.preloadImageWithDelay\" data-wp-on--pointerleave=\"actions.cancelPreload\" data-wp-on-window--resize=\"callbacks.setButtonStyles\" src=\"https:\/\/loudavymkrokem.cz\/wp-content\/uploads\/2026\/08\/dovolena-kypr-t07.jpg\" alt=\"La plage de Coral Bay pr\u00e8s de Paphos\" class=\"wp-image-399867\" title=\"\" srcset=\"https:\/\/loudavymkrokem.cz\/wp-content\/uploads\/2026\/08\/dovolena-kypr-t07.jpg 1500w, https:\/\/loudavymkrokem.cz\/wp-content\/uploads\/2026\/08\/dovolena-kypr-t07-300x225.jpg 300w, https:\/\/loudavymkrokem.cz\/wp-content\/uploads\/2026\/08\/dovolena-kypr-t07-700x525.jpg 700w, https:\/\/loudavymkrokem.cz\/wp-content\/uploads\/2026\/08\/dovolena-kypr-t07-768x576.jpg 768w, https:\/\/loudavymkrokem.cz\/wp-content\/uploads\/2026\/08\/dovolena-kypr-t07-80x60.jpg 80w, https:\/\/loudavymkrokem.cz\/wp-content\/uploads\/2026\/08\/dovolena-kypr-t07-160x120.jpg 160w, https:\/\/loudavymkrokem.cz\/wp-content\/uploads\/2026\/08\/dovolena-kypr-t07-696x522.jpg 696w, https:\/\/loudavymkrokem.cz\/wp-content\/uploads\/2026\/08\/dovolena-kypr-t07-1392x1044.jpg 1392w\" sizes=\"(max-width: 1500px) 100vw, 1500px\" \/><button\n\t\t\tclass=\"lightbox-trigger\"\n\t\t\ttype=\"button\"\n\t\t\taria-haspopup=\"dialog\"\n\t\t\tdata-wp-bind--aria-label=\"state.thisImage.triggerButtonAriaLabel\"\n\t\t\tdata-wp-init=\"callbacks.initTriggerButton\"\n\t\t\tdata-wp-on--click=\"actions.showLightbox\"\n\t\t\tdata-wp-style--right=\"state.thisImage.buttonRight\"\n\t\t\tdata-wp-style--top=\"state.thisImage.buttonTop\"\n\t\t>\n\t\t\t<svg xmlns=\"http:\/\/www.w3.org\/2000\/svg\" width=\"12\" height=\"12\" fill=\"none\" viewBox=\"0 0 12 12\">\n\t\t\t\t<path fill=\"#fff\" d=\"M2 0a2 2 0 0 0-2 2v2h1.5V2a.5.5 0 0 1 .5-.5h2V0H2Zm2 10.5H2a.5.5 0 0 1-.5-.5V8H0v2a2 2 0 0 0 2 2h2v-1.5ZM8 12v-1.5h2a.5.5 0 0 0 .5-.5V8H12v2a2 2 0 0 1-2 2H8Zm2-12a2 2 0 0 1 2 2v2h-1.5V2a.5.5 0 0 0-.5-.5H8V0h2Z\" \/>\n\t\t\t<\/svg>\n\t\t<\/button><figcaption class=\"wp-element-caption\">La plage de Coral Bay pr\u00e8s de Paphos (Photo : TomasNY \/ Wikimedia Commons, CC BY-SA 3.0)<\/figcaption><\/figure>\n\n\n\n<p class=\"wp-block-paragraph\">Alors que les grottes marines s&rsquo;admirent plut\u00f4t en photo depuis les falaises, Coral Bay offre une infrastructure parfaite avec transats, sable propre et entr\u00e9e dans la mer tr\u00e8s progressive. Les locaux recommandent de combiner astucieusement les deux lieux : tu peux ainsi <strong>d&rsquo;abord te baigner tranquillement sur la plage de sable<\/strong>, puis rouler quelques kilom\u00e8tres jusqu&rsquo;aux grottes, o\u00f9 t&rsquo;attend un fantastique coucher de soleil.<\/p>\n\n\n\n<h3 id=\"8_Limassol_nabrezi_hrad_a_nejzivejsi_mesto_jihu\" class=\"wp-block-heading\"><span class=\"ez-toc-section\" id=\"8_Limassol_la_promenade_le_chateau_et_la_ville_la_plus_animee_du_sud\"><\/span>8. Limassol : la promenade, le ch\u00e2teau et la ville la plus anim\u00e9e du sud<span class=\"ez-toc-section-end\"><\/span><\/h3>\n\n\n\n<p class=\"wp-block-paragraph\">Limassol est sans conteste la ville la plus anim\u00e9e et la plus cosmopolite de tout le sud grec, qui m\u00e9lange \u00e0 merveille histoire et vie moderne. Son c\u0153ur, c&rsquo;est la longue et populaire promenade Molos, qui borde le littoral et offre une multitude de verdure, de bancs, de sculptures modernes et de petits caf\u00e9s avec vue sur la mer. Le centre historique de la ville est ensuite le vieux ch\u00e2teau m\u00e9di\u00e9val o\u00f9, <strong>selon les sources d&rsquo;\u00e9poque, le c\u00e9l\u00e8bre roi Richard C\u0153ur de Lion se serait mari\u00e9<\/strong> avec sa fianc\u00e9e B\u00e9reng\u00e8re de Navarre.<\/p>\n\n\n\n<figure data-wp-context=\"{&quot;imageId&quot;:&quot;6a9944f47e63f&quot;}\" data-wp-interactive=\"core\/image\" data-wp-key=\"6a9944f47e63f\" class=\"wp-block-image size-full wp-lightbox-container\"><img decoding=\"async\" width=\"1500\" height=\"1125\" data-wp-class--hide=\"state.isContentHidden\" data-wp-class--show=\"state.isContentVisible\" data-wp-init=\"callbacks.setButtonStyles\" data-wp-on--click=\"actions.showLightbox\" data-wp-on--load=\"callbacks.setButtonStyles\" data-wp-on--pointerdown=\"actions.preloadImage\" data-wp-on--pointerenter=\"actions.preloadImageWithDelay\" data-wp-on--pointerleave=\"actions.cancelPreload\" data-wp-on-window--resize=\"callbacks.setButtonStyles\" src=\"https:\/\/loudavymkrokem.cz\/wp-content\/uploads\/2026\/08\/dovolena-kypr-t08.jpg\" alt=\"La promenade Molos \u00e0 Limassol\" class=\"wp-image-399872\" title=\"\" srcset=\"https:\/\/loudavymkrokem.cz\/wp-content\/uploads\/2026\/08\/dovolena-kypr-t08.jpg 1500w, https:\/\/loudavymkrokem.cz\/wp-content\/uploads\/2026\/08\/dovolena-kypr-t08-300x225.jpg 300w, https:\/\/loudavymkrokem.cz\/wp-content\/uploads\/2026\/08\/dovolena-kypr-t08-700x525.jpg 700w, https:\/\/loudavymkrokem.cz\/wp-content\/uploads\/2026\/08\/dovolena-kypr-t08-768x576.jpg 768w, https:\/\/loudavymkrokem.cz\/wp-content\/uploads\/2026\/08\/dovolena-kypr-t08-80x60.jpg 80w, https:\/\/loudavymkrokem.cz\/wp-content\/uploads\/2026\/08\/dovolena-kypr-t08-160x120.jpg 160w, https:\/\/loudavymkrokem.cz\/wp-content\/uploads\/2026\/08\/dovolena-kypr-t08-696x522.jpg 696w, https:\/\/loudavymkrokem.cz\/wp-content\/uploads\/2026\/08\/dovolena-kypr-t08-1392x1044.jpg 1392w\" sizes=\"(max-width: 1500px) 100vw, 1500px\" \/><button\n\t\t\tclass=\"lightbox-trigger\"\n\t\t\ttype=\"button\"\n\t\t\taria-haspopup=\"dialog\"\n\t\t\tdata-wp-bind--aria-label=\"state.thisImage.triggerButtonAriaLabel\"\n\t\t\tdata-wp-init=\"callbacks.initTriggerButton\"\n\t\t\tdata-wp-on--click=\"actions.showLightbox\"\n\t\t\tdata-wp-style--right=\"state.thisImage.buttonRight\"\n\t\t\tdata-wp-style--top=\"state.thisImage.buttonTop\"\n\t\t>\n\t\t\t<svg xmlns=\"http:\/\/www.w3.org\/2000\/svg\" width=\"12\" height=\"12\" fill=\"none\" viewBox=\"0 0 12 12\">\n\t\t\t\t<path fill=\"#fff\" d=\"M2 0a2 2 0 0 0-2 2v2h1.5V2a.5.5 0 0 1 .5-.5h2V0H2Zm2 10.5H2a.5.5 0 0 1-.5-.5V8H0v2a2 2 0 0 0 2 2h2v-1.5ZM8 12v-1.5h2a.5.5 0 0 0 .5-.5V8H12v2a2 2 0 0 1-2 2H8Zm2-12a2 2 0 0 1 2 2v2h-1.5V2a.5.5 0 0 0-.5-.5H8V0h2Z\" \/>\n\t\t\t<\/svg>\n\t\t<\/button><figcaption class=\"wp-element-caption\">La promenade Molos \u00e0 Limassol (Photo : A.Savin \/ Wikimedia Commons, FAL)<\/figcaption><\/figure>\n\n\n\n<p class=\"wp-block-paragraph\">Autour du ch\u00e2teau s&rsquo;\u00e9tend un r\u00e9seau de ruelles \u00e9troites pleines de restaurants traditionnels, de petites boutiques d&rsquo;artisanat et de bars qui s&rsquo;animent surtout \u00e0 la tomb\u00e9e de la nuit. Limassol fait un excellent point de d\u00e9part pour explorer l&rsquo;\u00eele, car elle est strat\u00e9giquement situ\u00e9e pile au milieu de la c\u00f4te sud. Si tu cherches une <strong>combinaison de vie urbaine anim\u00e9e, de bonne cuisine et d&rsquo;histoire<\/strong>, cette ville ne te d\u00e9cevra pas.<\/p>\n\n\n\n<h3 id=\"9_Kourion_anticke_divadlo_nad_morem\" class=\"wp-block-heading\"><span class=\"ez-toc-section\" id=\"9_Kourion_le_theatre_antique_au-dessus_de_la_mer\"><\/span>9. Kourion : le th\u00e9\u00e2tre antique au-dessus de la mer<span class=\"ez-toc-section-end\"><\/span><\/h3>\n\n\n\n<p class=\"wp-block-paragraph\">Kourion est une vaste cit\u00e9 antique gr\u00e9co-romaine qui se dresse de fa\u00e7on totalement spectaculaire sur une haute falaise, juste au-dessus de la mer d\u00e9cha\u00een\u00e9e. La construction la plus c\u00e9l\u00e8bre de tout le complexe est le th\u00e9\u00e2tre antique magnifiquement restaur\u00e9 qui, gr\u00e2ce \u00e0 son acoustique parfaite, sert encore aujourd&rsquo;hui pour des concerts d&rsquo;\u00e9t\u00e9 en plein air. Pendant la visite, tu peux te promener entre les vestiges des bains publics et <strong>examiner les mosa\u00efques de sol pr\u00e9serv\u00e9es dans les maisons des citoyens riches<\/strong>, parmi les plus belles de l&rsquo;\u00eele.<\/p>\n\n\n\n<figure data-wp-context=\"{&quot;imageId&quot;:&quot;6a9944f47ebcb&quot;}\" data-wp-interactive=\"core\/image\" data-wp-key=\"6a9944f47ebcb\" class=\"wp-block-image size-full wp-lightbox-container\"><img decoding=\"async\" width=\"1500\" height=\"937\" data-wp-class--hide=\"state.isContentHidden\" data-wp-class--show=\"state.isContentVisible\" data-wp-init=\"callbacks.setButtonStyles\" data-wp-on--click=\"actions.showLightbox\" data-wp-on--load=\"callbacks.setButtonStyles\" data-wp-on--pointerdown=\"actions.preloadImage\" data-wp-on--pointerenter=\"actions.preloadImageWithDelay\" data-wp-on--pointerleave=\"actions.cancelPreload\" data-wp-on-window--resize=\"callbacks.setButtonStyles\" src=\"https:\/\/loudavymkrokem.cz\/wp-content\/uploads\/2026\/08\/dovolena-kypr-t09.jpg\" alt=\"Le th\u00e9\u00e2tre antique de Kourion\" class=\"wp-image-399874\" title=\"\" srcset=\"https:\/\/loudavymkrokem.cz\/wp-content\/uploads\/2026\/08\/dovolena-kypr-t09.jpg 1500w, https:\/\/loudavymkrokem.cz\/wp-content\/uploads\/2026\/08\/dovolena-kypr-t09-300x187.jpg 300w, https:\/\/loudavymkrokem.cz\/wp-content\/uploads\/2026\/08\/dovolena-kypr-t09-700x437.jpg 700w, https:\/\/loudavymkrokem.cz\/wp-content\/uploads\/2026\/08\/dovolena-kypr-t09-768x480.jpg 768w, https:\/\/loudavymkrokem.cz\/wp-content\/uploads\/2026\/08\/dovolena-kypr-t09-696x435.jpg 696w, https:\/\/loudavymkrokem.cz\/wp-content\/uploads\/2026\/08\/dovolena-kypr-t09-1392x870.jpg 1392w\" sizes=\"(max-width: 1500px) 100vw, 1500px\" \/><button\n\t\t\tclass=\"lightbox-trigger\"\n\t\t\ttype=\"button\"\n\t\t\taria-haspopup=\"dialog\"\n\t\t\tdata-wp-bind--aria-label=\"state.thisImage.triggerButtonAriaLabel\"\n\t\t\tdata-wp-init=\"callbacks.initTriggerButton\"\n\t\t\tdata-wp-on--click=\"actions.showLightbox\"\n\t\t\tdata-wp-style--right=\"state.thisImage.buttonRight\"\n\t\t\tdata-wp-style--top=\"state.thisImage.buttonTop\"\n\t\t>\n\t\t\t<svg xmlns=\"http:\/\/www.w3.org\/2000\/svg\" width=\"12\" height=\"12\" fill=\"none\" viewBox=\"0 0 12 12\">\n\t\t\t\t<path fill=\"#fff\" d=\"M2 0a2 2 0 0 0-2 2v2h1.5V2a.5.5 0 0 1 .5-.5h2V0H2Zm2 10.5H2a.5.5 0 0 1-.5-.5V8H0v2a2 2 0 0 0 2 2h2v-1.5ZM8 12v-1.5h2a.5.5 0 0 0 .5-.5V8H12v2a2 2 0 0 1-2 2H8Zm2-12a2 2 0 0 1 2 2v2h-1.5V2a.5.5 0 0 0-.5-.5H8V0h2Z\" \/>\n\t\t\t<\/svg>\n\t\t<\/button><figcaption class=\"wp-element-caption\">Le th\u00e9\u00e2tre antique de Kourion (Photo : A.Savin \/ Wikimedia Commons, FAL)<\/figcaption><\/figure>\n\n\n\n<p class=\"wp-block-paragraph\">Le site arch\u00e9ologique est assez grand et \u00e9parpill\u00e9 sur une vaste colline, donc pr\u00e9vois une longue promenade en plein soleil. Ici aussi vaut la r\u00e8gle \u00e9prouv\u00e9e de l&rsquo;arriv\u00e9e matinale, qui te permet d&rsquo;\u00e9viter la plus grosse chaleur et les grandes foules des bus de tourisme. De la falaise, tu peux ensuite <strong>descendre directement \u00e0 la plage de Kourion<\/strong> du m\u00eame nom, tr\u00e8s pris\u00e9e des locaux et offrant d&rsquo;excellentes conditions pour une baignade rafra\u00eechissante l&rsquo;apr\u00e8s-midi.<\/p>\n\n\n\n<h3 id=\"10_Hrad_Kolossi\" class=\"wp-block-heading\"><span class=\"ez-toc-section\" id=\"10_Le_chateau_de_Kolossi\"><\/span>10. Le ch\u00e2teau de Kolossi<span class=\"ez-toc-section-end\"><\/span><\/h3>\n\n\n\n<p class=\"wp-block-paragraph\">Le ch\u00e2teau de Kolossi est une massive forteresse crois\u00e9e du XIIIe si\u00e8cle qui, au premier regard, fait l&rsquo;effet d&rsquo;un cube de pierre imprenable entour\u00e9 de vergers et de vignes. Cet \u00e9difice servit jadis d&rsquo;important centre de commandement aux puissants Hospitaliers et Templiers, qui g\u00e9raient d&rsquo;ici leurs immenses domaines sur l&rsquo;\u00eele. Le lieu est surtout c\u00e9l\u00e8bre parce que c&rsquo;est ici qu&rsquo;a commenc\u00e9 l&rsquo;<strong>histoire du l\u00e9gendaire vin doux Commandaria<\/strong>, que les chevaliers produisaient et exportaient volontiers vers les cours royales europ\u00e9ennes.<\/p>\n\n\n\n<figure data-wp-context=\"{&quot;imageId&quot;:&quot;6a9944f47efc8&quot;}\" data-wp-interactive=\"core\/image\" data-wp-key=\"6a9944f47efc8\" class=\"wp-block-image size-full wp-lightbox-container\"><img decoding=\"async\" width=\"1500\" height=\"1000\" data-wp-class--hide=\"state.isContentHidden\" data-wp-class--show=\"state.isContentVisible\" data-wp-init=\"callbacks.setButtonStyles\" data-wp-on--click=\"actions.showLightbox\" data-wp-on--load=\"callbacks.setButtonStyles\" data-wp-on--pointerdown=\"actions.preloadImage\" data-wp-on--pointerenter=\"actions.preloadImageWithDelay\" data-wp-on--pointerleave=\"actions.cancelPreload\" data-wp-on-window--resize=\"callbacks.setButtonStyles\" src=\"https:\/\/loudavymkrokem.cz\/wp-content\/uploads\/2026\/08\/dovolena-kypr-t10.jpg\" alt=\"La forteresse crois\u00e9e de Kolossi\" class=\"wp-image-399877\" title=\"\" srcset=\"https:\/\/loudavymkrokem.cz\/wp-content\/uploads\/2026\/08\/dovolena-kypr-t10.jpg 1500w, https:\/\/loudavymkrokem.cz\/wp-content\/uploads\/2026\/08\/dovolena-kypr-t10-300x200.jpg 300w, https:\/\/loudavymkrokem.cz\/wp-content\/uploads\/2026\/08\/dovolena-kypr-t10-700x467.jpg 700w, https:\/\/loudavymkrokem.cz\/wp-content\/uploads\/2026\/08\/dovolena-kypr-t10-768x512.jpg 768w, https:\/\/loudavymkrokem.cz\/wp-content\/uploads\/2026\/08\/dovolena-kypr-t10-696x464.jpg 696w, https:\/\/loudavymkrokem.cz\/wp-content\/uploads\/2026\/08\/dovolena-kypr-t10-1392x928.jpg 1392w\" sizes=\"(max-width: 1500px) 100vw, 1500px\" \/><button\n\t\t\tclass=\"lightbox-trigger\"\n\t\t\ttype=\"button\"\n\t\t\taria-haspopup=\"dialog\"\n\t\t\tdata-wp-bind--aria-label=\"state.thisImage.triggerButtonAriaLabel\"\n\t\t\tdata-wp-init=\"callbacks.initTriggerButton\"\n\t\t\tdata-wp-on--click=\"actions.showLightbox\"\n\t\t\tdata-wp-style--right=\"state.thisImage.buttonRight\"\n\t\t\tdata-wp-style--top=\"state.thisImage.buttonTop\"\n\t\t>\n\t\t\t<svg xmlns=\"http:\/\/www.w3.org\/2000\/svg\" width=\"12\" height=\"12\" fill=\"none\" viewBox=\"0 0 12 12\">\n\t\t\t\t<path fill=\"#fff\" d=\"M2 0a2 2 0 0 0-2 2v2h1.5V2a.5.5 0 0 1 .5-.5h2V0H2Zm2 10.5H2a.5.5 0 0 1-.5-.5V8H0v2a2 2 0 0 0 2 2h2v-1.5ZM8 12v-1.5h2a.5.5 0 0 0 .5-.5V8H12v2a2 2 0 0 1-2 2H8Zm2-12a2 2 0 0 1 2 2v2h-1.5V2a.5.5 0 0 0-.5-.5H8V0h2Z\" \/>\n\t\t\t<\/svg>\n\t\t<\/button><figcaption class=\"wp-element-caption\">La forteresse crois\u00e9e de Kolossi (Photo : Diego Delso \/ Wikimedia Commons, CC BY-SA 4.0)<\/figcaption><\/figure>\n\n\n\n<p class=\"wp-block-paragraph\">\u00c0 l&rsquo;int\u00e9rieur de la forteresse, tu verras d&rsquo;immenses vieilles chemin\u00e9es, des fresques pr\u00e9serv\u00e9es, et tu peux monter en toute s\u00e9curit\u00e9 par l&rsquo;escalier de pierre en colima\u00e7on jusqu&rsquo;au toit lui-m\u00eame. De l\u00e0 s&rsquo;offre une <strong>belle vue sur les plantations d&rsquo;agrumes environnantes<\/strong> et sur les ruines de l&rsquo;ancienne sucrerie m\u00e9di\u00e9vale, qui jouxte directement le ch\u00e2teau. La visite de ce lieu ne prend pas trop de temps, ce qui en fait une courte halte historique id\u00e9ale lors d&rsquo;un plus long trajet le long du littoral.<\/p>\n\n\n\n<h3 id=\"11_Mys_Cape_Greco_a_Kamara_tou_Koraka\" class=\"wp-block-heading\"><span class=\"ez-toc-section\" id=\"11_Le_cap_Greco_et_Kamara_tou_Koraka\"><\/span>11. Le cap Greco et Kamara tou Koraka<span class=\"ez-toc-section-end\"><\/span><\/h3>\n\n\n\n<p class=\"wp-block-paragraph\">Le cap Greco forme une fronti\u00e8re rocheuse imaginaire entre les c\u00f4tes sud et est, et tu y trouves parmi les falaises les plus spectaculaires de toute l&rsquo;\u00eele. Le parc naturel rec\u00e8le une foule de curiosit\u00e9s, dont la plus connue est sans conteste l&rsquo;immense arche rocheuse Kamara tou Koraka, en \u00e9quilibre juste au-dessus d&rsquo;un pr\u00e9cipice abrupt. L&rsquo;eau autour de toute la p\u00e9ninsule a une incroyable couleur turquoise et les <strong>profondes grottes marines invitent \u00e0 l&rsquo;exploration<\/strong>, surtout si tu t&rsquo;y aventures en petit bateau d&rsquo;excursion ou en snorkeling.<\/p>\n\n\n\n<figure data-wp-context=\"{&quot;imageId&quot;:&quot;6a9944f47f45f&quot;}\" data-wp-interactive=\"core\/image\" data-wp-key=\"6a9944f47f45f\" class=\"wp-block-image size-full wp-lightbox-container\"><img decoding=\"async\" width=\"1500\" height=\"1125\" data-wp-class--hide=\"state.isContentHidden\" data-wp-class--show=\"state.isContentVisible\" data-wp-init=\"callbacks.setButtonStyles\" data-wp-on--click=\"actions.showLightbox\" data-wp-on--load=\"callbacks.setButtonStyles\" data-wp-on--pointerdown=\"actions.preloadImage\" data-wp-on--pointerenter=\"actions.preloadImageWithDelay\" data-wp-on--pointerleave=\"actions.cancelPreload\" data-wp-on-window--resize=\"callbacks.setButtonStyles\" src=\"https:\/\/loudavymkrokem.cz\/wp-content\/uploads\/2026\/08\/dovolena-kypr-t11.jpg\" alt=\"L&#039;arche rocheuse au cap Greco\" class=\"wp-image-399881\" title=\"\" srcset=\"https:\/\/loudavymkrokem.cz\/wp-content\/uploads\/2026\/08\/dovolena-kypr-t11.jpg 1500w, https:\/\/loudavymkrokem.cz\/wp-content\/uploads\/2026\/08\/dovolena-kypr-t11-300x225.jpg 300w, https:\/\/loudavymkrokem.cz\/wp-content\/uploads\/2026\/08\/dovolena-kypr-t11-700x525.jpg 700w, https:\/\/loudavymkrokem.cz\/wp-content\/uploads\/2026\/08\/dovolena-kypr-t11-768x576.jpg 768w, https:\/\/loudavymkrokem.cz\/wp-content\/uploads\/2026\/08\/dovolena-kypr-t11-80x60.jpg 80w, https:\/\/loudavymkrokem.cz\/wp-content\/uploads\/2026\/08\/dovolena-kypr-t11-160x120.jpg 160w, https:\/\/loudavymkrokem.cz\/wp-content\/uploads\/2026\/08\/dovolena-kypr-t11-696x522.jpg 696w, https:\/\/loudavymkrokem.cz\/wp-content\/uploads\/2026\/08\/dovolena-kypr-t11-1392x1044.jpg 1392w\" sizes=\"(max-width: 1500px) 100vw, 1500px\" \/><button\n\t\t\tclass=\"lightbox-trigger\"\n\t\t\ttype=\"button\"\n\t\t\taria-haspopup=\"dialog\"\n\t\t\tdata-wp-bind--aria-label=\"state.thisImage.triggerButtonAriaLabel\"\n\t\t\tdata-wp-init=\"callbacks.initTriggerButton\"\n\t\t\tdata-wp-on--click=\"actions.showLightbox\"\n\t\t\tdata-wp-style--right=\"state.thisImage.buttonRight\"\n\t\t\tdata-wp-style--top=\"state.thisImage.buttonTop\"\n\t\t>\n\t\t\t<svg xmlns=\"http:\/\/www.w3.org\/2000\/svg\" width=\"12\" height=\"12\" fill=\"none\" viewBox=\"0 0 12 12\">\n\t\t\t\t<path fill=\"#fff\" d=\"M2 0a2 2 0 0 0-2 2v2h1.5V2a.5.5 0 0 1 .5-.5h2V0H2Zm2 10.5H2a.5.5 0 0 1-.5-.5V8H0v2a2 2 0 0 0 2 2h2v-1.5ZM8 12v-1.5h2a.5.5 0 0 0 .5-.5V8H12v2a2 2 0 0 1-2 2H8Zm2-12a2 2 0 0 1 2 2v2h-1.5V2a.5.5 0 0 0-.5-.5H8V0h2Z\" \/>\n\t\t\t<\/svg>\n\t\t<\/button><figcaption class=\"wp-element-caption\">L&rsquo;arche rocheuse au cap Greco (Photo : Knowledge2need \/ Wikimedia Commons, CC BY-SA 4.0)<\/figcaption><\/figure>\n\n\n\n<p class=\"wp-block-paragraph\">Ce lieu est absolument fantastique pour les amateurs du monde sous-marin, car la visibilit\u00e9 sous la surface y est excellente toute l&rsquo;ann\u00e9e. Le cap Greco est sillonn\u00e9 de nombreux sentiers de randonn\u00e9e bien entretenus avec des bancs, parfaits pour des escapades nature en soir\u00e9e. Les voyageurs s&rsquo;accordent \u00e0 dire que ce sont justement les falaises de ce cap qui offrent <strong>parmi les plus belles vues sur le coucher de soleil magique<\/strong> de toute la partie est de Chypre.<\/p>\n\n\n\n<h3 id=\"12_Larnaka_Slane_jezero_a_plamenaci\" class=\"wp-block-heading\"><span class=\"ez-toc-section\" id=\"12_Larnaca_le_lac_sale_et_les_flamants_roses\"><\/span>12. Larnaca : le lac sal\u00e9 et les flamants roses<span class=\"ez-toc-section-end\"><\/span><\/h3>\n\n\n\n<p class=\"wp-block-paragraph\">Larnaca associe l&rsquo;atmosph\u00e8re d\u00e9tendue d&rsquo;une station baln\u00e9aire \u00e0 une riche histoire et \u00e0 d&rsquo;int\u00e9ressants ph\u00e9nom\u00e8nes naturels tout proches. Juste derri\u00e8re la ville s&rsquo;\u00e9tend le vaste lac sal\u00e9 o\u00f9, pendant les mois d&rsquo;hiver et de printemps, <strong>d&rsquo;immenses vol\u00e9es de superbes flamants roses font halte<\/strong>, offrant un spectacle incroyablement photog\u00e9nique. Sur la rive de ce lac se blottit un important sanctuaire islamique, la mosqu\u00e9e Hala Sultan Tekke, et dans le centre m\u00eame de la ville, tu ne dois pas manquer la magnifique \u00e9glise en pierre de Saint-Lazare, datant du IXe si\u00e8cle.<\/p>\n\n\n\n<figure data-wp-context=\"{&quot;imageId&quot;:&quot;6a9944f47f838&quot;}\" data-wp-interactive=\"core\/image\" data-wp-key=\"6a9944f47f838\" class=\"wp-block-image size-full wp-lightbox-container\"><img decoding=\"async\" width=\"1500\" height=\"1124\" data-wp-class--hide=\"state.isContentHidden\" data-wp-class--show=\"state.isContentVisible\" data-wp-init=\"callbacks.setButtonStyles\" data-wp-on--click=\"actions.showLightbox\" data-wp-on--load=\"callbacks.setButtonStyles\" data-wp-on--pointerdown=\"actions.preloadImage\" data-wp-on--pointerenter=\"actions.preloadImageWithDelay\" data-wp-on--pointerleave=\"actions.cancelPreload\" data-wp-on-window--resize=\"callbacks.setButtonStyles\" src=\"https:\/\/loudavymkrokem.cz\/wp-content\/uploads\/2026\/08\/dovolena-kypr-t12.jpg\" alt=\"Le lac sal\u00e9 pr\u00e8s de Larnaca\" class=\"wp-image-399885\" title=\"\" srcset=\"https:\/\/loudavymkrokem.cz\/wp-content\/uploads\/2026\/08\/dovolena-kypr-t12.jpg 1500w, https:\/\/loudavymkrokem.cz\/wp-content\/uploads\/2026\/08\/dovolena-kypr-t12-300x225.jpg 300w, https:\/\/loudavymkrokem.cz\/wp-content\/uploads\/2026\/08\/dovolena-kypr-t12-700x525.jpg 700w, https:\/\/loudavymkrokem.cz\/wp-content\/uploads\/2026\/08\/dovolena-kypr-t12-768x575.jpg 768w, https:\/\/loudavymkrokem.cz\/wp-content\/uploads\/2026\/08\/dovolena-kypr-t12-80x60.jpg 80w, https:\/\/loudavymkrokem.cz\/wp-content\/uploads\/2026\/08\/dovolena-kypr-t12-160x120.jpg 160w, https:\/\/loudavymkrokem.cz\/wp-content\/uploads\/2026\/08\/dovolena-kypr-t12-696x522.jpg 696w, https:\/\/loudavymkrokem.cz\/wp-content\/uploads\/2026\/08\/dovolena-kypr-t12-1392x1043.jpg 1392w\" sizes=\"(max-width: 1500px) 100vw, 1500px\" \/><button\n\t\t\tclass=\"lightbox-trigger\"\n\t\t\ttype=\"button\"\n\t\t\taria-haspopup=\"dialog\"\n\t\t\tdata-wp-bind--aria-label=\"state.thisImage.triggerButtonAriaLabel\"\n\t\t\tdata-wp-init=\"callbacks.initTriggerButton\"\n\t\t\tdata-wp-on--click=\"actions.showLightbox\"\n\t\t\tdata-wp-style--right=\"state.thisImage.buttonRight\"\n\t\t\tdata-wp-style--top=\"state.thisImage.buttonTop\"\n\t\t>\n\t\t\t<svg xmlns=\"http:\/\/www.w3.org\/2000\/svg\" width=\"12\" height=\"12\" fill=\"none\" viewBox=\"0 0 12 12\">\n\t\t\t\t<path fill=\"#fff\" d=\"M2 0a2 2 0 0 0-2 2v2h1.5V2a.5.5 0 0 1 .5-.5h2V0H2Zm2 10.5H2a.5.5 0 0 1-.5-.5V8H0v2a2 2 0 0 0 2 2h2v-1.5ZM8 12v-1.5h2a.5.5 0 0 0 .5-.5V8H12v2a2 2 0 0 1-2 2H8Zm2-12a2 2 0 0 1 2 2v2h-1.5V2a.5.5 0 0 0-.5-.5H8V0h2Z\" \/>\n\t\t\t<\/svg>\n\t\t<\/button><figcaption class=\"wp-element-caption\">Le lac sal\u00e9 pr\u00e8s de Larnaca (Photo : Gerda Arendt \/ Wikimedia Commons, CC0)<\/figcaption><\/figure>\n\n\n\n<p class=\"wp-block-paragraph\">Si tu r\u00e9fl\u00e9chis justement \u00e0 <a href=\"https:\/\/loudavymkrokem.cz\/fr\/septembre-meilleures-destinations-vacances\/\">o\u00f9 partir en vacances en septembre<\/a>, les environs de Larnaca sont un excellent choix, avec des temp\u00e9ratures id\u00e9ales et une mer toujours bien chaude. La plupart des touristes ne font que traverser rapidement la ville apr\u00e8s leur arriv\u00e9e \u00e0 l&rsquo;a\u00e9roport, mais <strong>Larnaca m\u00e9rite au moins une halte d&rsquo;une demi-journ\u00e9e<\/strong>. Tu peux te promener tranquillement le long de la promenade bord\u00e9e de palmiers Finikoudes, t&rsquo;attarder dans les caf\u00e9s locaux et t&rsquo;impr\u00e9gner de la vraie tranquillit\u00e9 chypriote.<\/p>\n\n\n\n<h3 id=\"13_Nissi_Beach_nejslavnejsi_plaz_Kypru\" class=\"wp-block-heading\"><span class=\"ez-toc-section\" id=\"13_Nissi_Beach_la_plage_la_plus_celebre_de_Chypre\"><\/span>13. Nissi Beach : la plage la plus c\u00e9l\u00e8bre de Chypre<span class=\"ez-toc-section-end\"><\/span><\/h3>\n\n\n\n<p class=\"wp-block-paragraph\">Nissi Beach est probablement la plage la plus c\u00e9l\u00e8bre et la plus photographi\u00e9e de tout Chypre, qui remporte tout \u00e0 fait r\u00e9guli\u00e8rement les classements de beaut\u00e9. Elle s\u00e9duit par son sable fin d&rsquo;un blanc \u00e9blouissant, son eau incroyablement peu profonde et son cordon de sable typique, qui permet d&rsquo;atteindre \u00e0 pied sec un petit \u00eelot \u00e0 quelques pas de la rive. L&rsquo;eau y est <strong>agr\u00e9ablement chaude et la plupart du temps tr\u00e8s calme<\/strong>, ce qui en fait, au premier regard, un parfait paradis carib\u00e9en pour tous les amateurs de baignade.<\/p>\n\n\n\n<figure data-wp-context=\"{&quot;imageId&quot;:&quot;6a9944f47fbff&quot;}\" data-wp-interactive=\"core\/image\" data-wp-key=\"6a9944f47fbff\" class=\"wp-block-image size-full wp-lightbox-container\"><img decoding=\"async\" width=\"1500\" height=\"1000\" data-wp-class--hide=\"state.isContentHidden\" data-wp-class--show=\"state.isContentVisible\" data-wp-init=\"callbacks.setButtonStyles\" data-wp-on--click=\"actions.showLightbox\" data-wp-on--load=\"callbacks.setButtonStyles\" data-wp-on--pointerdown=\"actions.preloadImage\" data-wp-on--pointerenter=\"actions.preloadImageWithDelay\" data-wp-on--pointerleave=\"actions.cancelPreload\" data-wp-on-window--resize=\"callbacks.setButtonStyles\" src=\"https:\/\/loudavymkrokem.cz\/wp-content\/uploads\/2026\/08\/dovolena-kypr-t13.jpg\" alt=\"La plage Nissi Beach \u00e0 Ayia Napa\" class=\"wp-image-399888\" title=\"\" srcset=\"https:\/\/loudavymkrokem.cz\/wp-content\/uploads\/2026\/08\/dovolena-kypr-t13.jpg 1500w, https:\/\/loudavymkrokem.cz\/wp-content\/uploads\/2026\/08\/dovolena-kypr-t13-300x200.jpg 300w, https:\/\/loudavymkrokem.cz\/wp-content\/uploads\/2026\/08\/dovolena-kypr-t13-700x467.jpg 700w, https:\/\/loudavymkrokem.cz\/wp-content\/uploads\/2026\/08\/dovolena-kypr-t13-768x512.jpg 768w, https:\/\/loudavymkrokem.cz\/wp-content\/uploads\/2026\/08\/dovolena-kypr-t13-696x464.jpg 696w, https:\/\/loudavymkrokem.cz\/wp-content\/uploads\/2026\/08\/dovolena-kypr-t13-1392x928.jpg 1392w\" sizes=\"(max-width: 1500px) 100vw, 1500px\" \/><button\n\t\t\tclass=\"lightbox-trigger\"\n\t\t\ttype=\"button\"\n\t\t\taria-haspopup=\"dialog\"\n\t\t\tdata-wp-bind--aria-label=\"state.thisImage.triggerButtonAriaLabel\"\n\t\t\tdata-wp-init=\"callbacks.initTriggerButton\"\n\t\t\tdata-wp-on--click=\"actions.showLightbox\"\n\t\t\tdata-wp-style--right=\"state.thisImage.buttonRight\"\n\t\t\tdata-wp-style--top=\"state.thisImage.buttonTop\"\n\t\t>\n\t\t\t<svg xmlns=\"http:\/\/www.w3.org\/2000\/svg\" width=\"12\" height=\"12\" fill=\"none\" viewBox=\"0 0 12 12\">\n\t\t\t\t<path fill=\"#fff\" d=\"M2 0a2 2 0 0 0-2 2v2h1.5V2a.5.5 0 0 1 .5-.5h2V0H2Zm2 10.5H2a.5.5 0 0 1-.5-.5V8H0v2a2 2 0 0 0 2 2h2v-1.5ZM8 12v-1.5h2a.5.5 0 0 0 .5-.5V8H12v2a2 2 0 0 1-2 2H8Zm2-12a2 2 0 0 1 2 2v2h-1.5V2a.5.5 0 0 0-.5-.5H8V0h2Z\" \/>\n\t\t\t<\/svg>\n\t\t<\/button><figcaption class=\"wp-element-caption\">La plage Nissi Beach \u00e0 Ayia Napa (Photo : Dmitry Panov \/ Wikimedia Commons, CC BY 3.0)<\/figcaption><\/figure>\n\n\n\n<p class=\"wp-block-paragraph\">Je dois cependant te pr\u00e9venir honn\u00eatement qu&rsquo;en pleine saison estivale, c&rsquo;est l&rsquo;une des plages les plus bond\u00e9es de toute l&rsquo;\u00eele, et n&rsquo;y cherche vraiment pas le calme. En journ\u00e9e, une <strong>musique tr\u00e8s forte r\u00e9sonne souvent depuis les beach clubs<\/strong>, des f\u00eates endiabl\u00e9es s&rsquo;y organisent et trouver un transat libre apr\u00e8s dix heures du matin rel\u00e8ve de l&rsquo;exploit surhumain. Si tu veux profiter de sa beaut\u00e9 dans un calme relatif, arrive plut\u00f4t vraiment t\u00f4t le matin, quand la plage se r\u00e9veille \u00e0 peine.<\/p>\n\n\n\n<h3 id=\"14_Ayia_Napa_party_ale_i_klaster_a_morske_jeskyne\" class=\"wp-block-heading\"><span class=\"ez-toc-section\" id=\"14_Ayia_Napa_la_fete_mais_aussi_un_monastere_et_des_grottes_marines\"><\/span>14. Ayia Napa : la f\u00eate, mais aussi un monast\u00e8re et des grottes marines<span class=\"ez-toc-section-end\"><\/span><\/h3>\n\n\n\n<p class=\"wp-block-paragraph\">Ayia Napa s&rsquo;est forg\u00e9 une r\u00e9putation internationale de ville de f\u00eate effr\u00e9n\u00e9e qui ne dort jamais et qui, l&rsquo;\u00e9t\u00e9, se transforme en une immense piste de danse pour les jeunes de toute l&rsquo;Europe. L&rsquo;\u00e9picentre de toute la vie nocturne est la fameuse rue Nissi Avenue, o\u00f9 tu trouves des dizaines de bars \u00e0 th\u00e8me et d&rsquo;immenses discoth\u00e8ques. La ville a pourtant aussi un visage tr\u00e8s calme, car au beau milieu de toute cette folie moderne <strong>se dresse un vieux monast\u00e8re v\u00e9nitien du XVe si\u00e8cle<\/strong>, qui fait l&rsquo;effet d&rsquo;une oasis inattendue de silence absolu.<\/p>\n\n\n\n<figure data-wp-context=\"{&quot;imageId&quot;:&quot;6a9944f47ffc9&quot;}\" data-wp-interactive=\"core\/image\" data-wp-key=\"6a9944f47ffc9\" class=\"wp-block-image size-full wp-lightbox-container\"><img decoding=\"async\" width=\"1500\" height=\"1086\" data-wp-class--hide=\"state.isContentHidden\" data-wp-class--show=\"state.isContentVisible\" data-wp-init=\"callbacks.setButtonStyles\" data-wp-on--click=\"actions.showLightbox\" data-wp-on--load=\"callbacks.setButtonStyles\" data-wp-on--pointerdown=\"actions.preloadImage\" data-wp-on--pointerenter=\"actions.preloadImageWithDelay\" data-wp-on--pointerleave=\"actions.cancelPreload\" data-wp-on-window--resize=\"callbacks.setButtonStyles\" src=\"https:\/\/loudavymkrokem.cz\/wp-content\/uploads\/2026\/08\/dovolena-kypr-t14.jpg\" alt=\"Le monast\u00e8re d&#039;Ayia Napa\" class=\"wp-image-399893\" title=\"\" srcset=\"https:\/\/loudavymkrokem.cz\/wp-content\/uploads\/2026\/08\/dovolena-kypr-t14.jpg 1500w, https:\/\/loudavymkrokem.cz\/wp-content\/uploads\/2026\/08\/dovolena-kypr-t14-300x217.jpg 300w, https:\/\/loudavymkrokem.cz\/wp-content\/uploads\/2026\/08\/dovolena-kypr-t14-700x507.jpg 700w, https:\/\/loudavymkrokem.cz\/wp-content\/uploads\/2026\/08\/dovolena-kypr-t14-768x556.jpg 768w, https:\/\/loudavymkrokem.cz\/wp-content\/uploads\/2026\/08\/dovolena-kypr-t14-696x504.jpg 696w, https:\/\/loudavymkrokem.cz\/wp-content\/uploads\/2026\/08\/dovolena-kypr-t14-1392x1008.jpg 1392w\" sizes=\"(max-width: 1500px) 100vw, 1500px\" \/><button\n\t\t\tclass=\"lightbox-trigger\"\n\t\t\ttype=\"button\"\n\t\t\taria-haspopup=\"dialog\"\n\t\t\tdata-wp-bind--aria-label=\"state.thisImage.triggerButtonAriaLabel\"\n\t\t\tdata-wp-init=\"callbacks.initTriggerButton\"\n\t\t\tdata-wp-on--click=\"actions.showLightbox\"\n\t\t\tdata-wp-style--right=\"state.thisImage.buttonRight\"\n\t\t\tdata-wp-style--top=\"state.thisImage.buttonTop\"\n\t\t>\n\t\t\t<svg xmlns=\"http:\/\/www.w3.org\/2000\/svg\" width=\"12\" height=\"12\" fill=\"none\" viewBox=\"0 0 12 12\">\n\t\t\t\t<path fill=\"#fff\" d=\"M2 0a2 2 0 0 0-2 2v2h1.5V2a.5.5 0 0 1 .5-.5h2V0H2Zm2 10.5H2a.5.5 0 0 1-.5-.5V8H0v2a2 2 0 0 0 2 2h2v-1.5ZM8 12v-1.5h2a.5.5 0 0 0 .5-.5V8H12v2a2 2 0 0 1-2 2H8Zm2-12a2 2 0 0 1 2 2v2h-1.5V2a.5.5 0 0 0-.5-.5H8V0h2Z\" \/>\n\t\t\t<\/svg>\n\t\t<\/button><figcaption class=\"wp-element-caption\">Le monast\u00e8re d&rsquo;Ayia Napa (Photo : Zairon \/ Wikimedia Commons, CC BY-SA 4.0)<\/figcaption><\/figure>\n\n\n\n<p class=\"wp-block-paragraph\">Au-del\u00e0 de la vie nocturne, Ayia Napa se distingue par un excellent acc\u00e8s \u00e0 la mer et une foule de superbes criques \u00e0 l&rsquo;eau cristalline. Du port anim\u00e9, de <strong>petits bateaux d&rsquo;excursion partent chaque jour vers les grottes marines<\/strong> et de nombreux beaux sentiers de randonn\u00e9e longent le littoral. La ville fonctionne donc \u00e9tonnamment bien aussi bien pour les amateurs de f\u00eates sans fin que pour les voyageurs qui veulent explorer de jolis ph\u00e9nom\u00e8nes naturels dans la journ\u00e9e.<\/p>\n\n\n\n<!-- LKM_GYG_CARD start q=\"kypr\" lang=\"fr\" rendered=\"2026-08-31T21:30:46+00:00\" v=\"1\" -->\n\n<!-- LKM_GYG_CARD end -->\n\n\n\n\n<div class=\"lk-stays-module\">\n<style>\n\/* \u2500\u2500\u2500 RESET PRO GUTENBERG \u2500\u2500\u2500 *\/\n.lk-stays-module * { box-sizing: border-box; margin: 0; padding: 0; }\n\n\/* \u2500\u2500\u2500 WRAPPER \u2500\u2500\u2500 *\/\n.lk-stays-module {\n  font-family: 'DM Sans', Georgia, sans-serif;\n  max-width: 100%;\n  margin: 2.5rem auto;\n  background: linear-gradient(135deg, #fdfaf5 0%, #fcf8f0 100%);\n  border: 1px solid #e8dfd4;\n  border-radius: 16px;\n  overflow: hidden;\n  box-shadow: 0 16px 48px rgba(195, 159, 118, 0.25), 0 4px 12px rgba(0,0,0,0.08);\n}\n\n\/* \u2500\u2500\u2500 HEADER \u2500\u2500\u2500 *\/\n.lk-stays-header {\n  position: relative;\n  padding: 24px 36px 24px;\n  background: linear-gradient(135deg, #c39f76 0%, #d4b188 60%, #c39f76 100%);\n  border-bottom: 1px solid rgba(255,255,255,.15);\n  display: flex;\n  align-items: center;\n  gap: 18px;\n}\n.lk-stays-header::before {\n  content: '';\n  position: absolute;\n  inset: 0;\n  background: url(\"data:image\/svg+xml,%3Csvg width='60' height='60' viewBox='0 0 60 60' xmlns='http:\/\/www.w3.org\/2000\/svg'%3E%3Cg fill='none' fill-rule='evenodd'%3E%3Cg fill='%23ffffff' fill-opacity='0.05'%3E%3Cpath d='M36 34v-4h-2v4h-4v2h4v4h2v-4h4v-2h-4zm0-30V0h-2v4h-4v2h4v4h2V6h4V4h-4zM6 34v-4H4v4H0v2h4v4h2v-4h4v-2H6zM6 4V0H4v4H0v2h4v4h2V6h4V4H6z'\/%3E%3C\/g%3E%3C\/g%3E%3C\/svg%3E\") repeat;\n  pointer-events: none;\n}\n.lk-stays-icon {\n  flex-shrink: 0;\n  width: 68px;\n  height: 68px;\n  border-radius: 14px;\n  background: linear-gradient(135deg, #fff 0%, #f9f6f0 100%);\n  display: flex;\n  align-items: center;\n  justify-content: center;\n  font-size: 26px;\n  box-shadow: 0 4px 12px rgba(0,0,0,0.15);\n}\n.lk-stays-eyebrow {\n  font-size: 10px;\n  font-weight: 500;\n  letter-spacing: 2.5px;\n  text-transform: uppercase;\n  color: rgba(255,255,255,.85);\n  margin: 0 0 5px 0;\n}\n.lk-stays-title {\n  font-family: 'Playfair Display', Georgia, serif;\n  font-size: 24px;\n  font-weight: 700;\n  color: #fff;\n  line-height: 1.2;\n  text-shadow: 0 1px 2px rgba(0,0,0,0.1);\n  margin: 0;\n}\n.lk-stays-subtitle {\n  font-size: 13px;\n  color: rgba(255,255,255,.75);\n  margin: 4px 0 0 0;\n  font-weight: 300;\n}\n\n\/* \u2500\u2500\u2500 CARDS GRID \u2500\u2500\u2500 *\/\n.lk-stays-grid {\n  display: grid;\n  grid-template-columns: 1fr 1fr;\n  gap: 1px;\n  background: rgba(195, 159, 118, 0.12);\n}\n\n\/* \u2500\u2500\u2500 SINGLE CARD \u2500\u2500\u2500 *\/\n.lk-stay-card {\n  background: #ffffff;\n  padding: 26px;\n  display: flex;\n  flex-direction: column;\n  gap: 11px;\n  transition: all 0.3s ease;\n  text-decoration: none;\n  color: inherit;\n  position: relative;\n}\n.lk-stay-card:hover {\n  background: #fffbf5;\n  transform: translateY(-2px);\n  box-shadow: 0 8px 24px rgba(195, 159, 118, 0.18);\n  z-index: 1;\n}\n.lk-stay-card.featured {\n  background: linear-gradient(135deg, #fffdf9 0%, #fff9f0 100%);\n  box-shadow: 0 4px 16px rgba(195, 159, 118, 0.15), inset 0 1px 0 rgba(195, 159, 118, 0.1);\n}\n.lk-stay-card.featured:hover {\n  background: linear-gradient(135deg, #fffbf5 0%, #fff8ed 100%);\n  box-shadow: 0 8px 24px rgba(195, 159, 118, 0.25), inset 0 1px 0 rgba(195, 159, 118, 0.15);\n}\n\n.lk-stay-badge {\n  display: inline-flex;\n  align-items: center;\n  gap: 5px;\n  font-size: 10px;\n  font-weight: 500;\n  letter-spacing: 1.5px;\n  text-transform: uppercase;\n  padding: 5px 11px;\n  border-radius: 20px;\n  width: fit-content;\n}\n.badge-top     { background: linear-gradient(135deg, #c39f76 0%, #d4b188 100%); color: #fff; border: 1px solid #c39f76; font-weight: 600; box-shadow: 0 2px 8px rgba(195,159,118,0.3); }\n.badge-luxury  { background: rgba(195,159,118,.12); color: #c39f76; border: 1px solid rgba(195,159,118,.25); }\n.badge-boutique{ background: rgba(54,133,252,.08); color: #3685fc; border: 1px solid rgba(54,133,252,.2); }\n.badge-nature  { background: rgba(130,190,100,.1); color: #6b9c4a; border: 1px solid rgba(130,190,100,.2); }\n.badge-remote  { background: rgba(195,159,118,.12); color: #a67e50; border: 1px solid rgba(195,159,118,.25); }\n\n.lk-stay-name {\n  font-family: 'Playfair Display', Georgia, serif;\n  font-size: 18px;\n  font-weight: 700;\n  color: #111827;\n  line-height: 1.3;\n}\n.lk-stay-desc {\n  font-size: 13.5px;\n  color: #525252;\n  line-height: 1.65;\n  font-weight: 300;\n  flex: 1;\n}\n\n.lk-stay-meta {\n  display: flex;\n  align-items: center;\n  gap: 12px;\n  flex-wrap: wrap;\n  margin-top: 4px;\n}\n.lk-stay-price {\n  font-size: 13px;\n  color: #6b7280;\n}\n.lk-stay-price strong {\n  color: #c39f76;\n  font-weight: 500;\n}\n.lk-stay-stars {\n  color: #c39f76;\n  font-size: 11px;\n  letter-spacing: 1px;\n}\n\n\/* \u2500\u2500\u2500 CTA BUTTON \u2500\u2500\u2500 *\/\n.lk-stay-cta {\n  display: inline-flex;\n  align-items: center;\n  justify-content: center;\n  gap: 7px;\n  margin-top: 8px;\n  padding: 11px 20px;\n  border-radius: 8px;\n  background: linear-gradient(135deg, #3685fc 0%, #2a6fd9 100%);\n  color: #fff;\n  font-size: 13px;\n  font-weight: 500;\n  text-decoration: none;\n  letter-spacing: .3px;\n  transition: all .2s ease;\n  cursor: pointer;\n  border: none;\n  text-align: center;\n  box-shadow: 0 4px 12px rgba(54, 133, 252, 0.25);\n}\n.lk-stay-cta:hover {\n  background: linear-gradient(135deg, #2a6fd9 0%, #1e5bc4 100%);\n  transform: translateY(-1px);\n  box-shadow: 0 6px 16px rgba(54, 133, 252, 0.35);\n}\n.lk-stay-cta svg { flex-shrink: 0; }\n\n\/* \u2500\u2500\u2500 FOOTER \u2500\u2500\u2500 *\/\n.lk-stays-footer {\n  padding: 18px 36px;\n  background: linear-gradient(to bottom, #fdfaf5 0%, #f9f4ed 100%);\n  border-top: 1px solid rgba(195, 159, 118, 0.15);\n  display: flex;\n  align-items: center;\n  justify-content: space-between;\n  flex-wrap: wrap;\n  gap: 12px;\n}\n.lk-stays-footer-note {\n  font-size: 11.5px;\n  color: #6b7280;\n  font-weight: 300;\n  line-height: 1.5;\n}\n.lk-stays-footer-note a {\n  color: #c39f76;\n  text-decoration: none;\n  font-weight: 400;\n}\n.lk-stays-footer-note a:hover {\n  text-decoration: underline;\n}\n.lk-stays-all-btn {\n  display: inline-flex;\n  align-items: center;\n  gap: 6px;\n  font-size: 12.5px;\n  font-weight: 500;\n  color: #c39f76;\n  text-decoration: none;\n  border: 1px solid rgba(195, 159, 118, 0.35);\n  padding: 8px 18px;\n  border-radius: 8px;\n  transition: all .2s ease;\n}\n.lk-stays-all-btn:hover {\n  background: rgba(195, 159, 118, 0.08);\n  border-color: rgba(195, 159, 118, 0.5);\n}\n\n\/* \u2500\u2500\u2500 RESPONSIVE \u2500\u2500\u2500 *\/\n@media (max-width: 600px) {\n  .lk-stays-grid { grid-template-columns: 1fr; }\n  .lk-stays-header { padding: 24px 20px; }\n  .lk-stays-footer { padding: 16px 20px; }\n  .lk-stay-card { padding: 22px; }\n  .lk-stays-title { font-size: 20px; }\n}\n<\/style>\n\n  <!-- HEADER -->\n  <div class=\"lk-stays-header\">\n    <img decoding=\"async\" src=\"https:\/\/loudavymkrokem.cz\/wp-content\/uploads\/2026\/02\/lukas-a-lucka.jpg\" alt=\"\" style=\"width: 75px; height: 75px; border-radius: 8px; flex-shrink: 0; object-fit: cover; display: block; margin: 4px 0;\" title=\"\">\n    <div class=\"lk-stays-header-text\">\n      <div class=\"lk-stays-eyebrow\">Luk\u00e1\u0161 et Lucie recommandent<\/div>\n      <div class=\"lk-stays-title\">O\u00f9 se loger \u00e0 Chypre<\/div>\n      <div class=\"lk-stays-subtitle\">6 h\u00e9bergements \u2014 resorts, h\u00f4tels et autres options de logement<\/div>\n    <\/div>\n  <\/div>\n\n  <!-- CARDS -->\n  <div class=\"lk-stays-grid\">\n\n    <a class=\"lk-stay-card featured\" href=\"https:\/\/www.stay22.com\/allez\/roam?aid=lukaskonecny&#038;campaign=loudavymkrokemcz&#038;campaign=fr&#038;campaign=dovolena-kypr&#038;hotelname=Almyra%20Hotel&#038;address=Paphos%2C%20Kypr\" target=\"_blank\" rel=\"nofollow noopener\">\n      <span class=\"lk-stay-badge badge-top\">\u2b50 TOP CHOIX<\/span>\n      <span class=\"lk-stay-badge badge-nature\">\ud83c\udfe8 H\u00f4tel<\/span>\n      <div class=\"lk-stay-name\">Almyra Hotel<\/div>\n      <div class=\"lk-stay-desc\">Magnifique h\u00f4tel design en bord de mer, tr\u00e8s appr\u00e9ci\u00e9 des couples en qu\u00eate de romantisme et de services haut de gamme.<\/div>\n      <div class=\"lk-stay-meta\">\n        <span class=\"lk-stay-stars\">\u2605\u2605\u2605\u2605<\/span>\n        <span class=\"lk-stay-price\">V\u00e9rifier les prix<\/span>\n      <\/div>\n      <span class=\"lk-stay-cta\">\n        <svg width=\"14\" height=\"14\" viewBox=\"0 0 24 24\" fill=\"none\" stroke=\"currentColor\" stroke-width=\"2\"><path d=\"M18 13v6a2 2 0 0 1-2 2H5a2 2 0 0 1-2-2V8a2 2 0 0 1 2-2h6\"\/><polyline points=\"15 3 21 3 21 9\"\/><line x1=\"10\" y1=\"14\" x2=\"21\" y2=\"3\"\/><\/svg>\n        V\u00e9rifier la disponibilit\u00e9\n      <\/span>\n    <\/a>\n\n    <a class=\"lk-stay-card\" href=\"https:\/\/www.stay22.com\/allez\/roam?aid=lukaskonecny&#038;campaign=loudavymkrokemcz&#038;campaign=fr&#038;campaign=dovolena-kypr&#038;hotelname=Elysium%20Hotel&#038;address=Paphos%2C%20Kypr\" target=\"_blank\" rel=\"nofollow noopener\">\n      <span class=\"lk-stay-badge badge-nature\">\u2b50 Luxury<\/span>\n      <div class=\"lk-stay-name\">Elysium Hotel<\/div>\n      <div class=\"lk-stay-desc\">Resort de luxe construit \u00e0 c\u00f4t\u00e9 des Tombeaux des Rois, o\u00f9 vous vous sentirez comme dans un v\u00e9ritable palais.<\/div>\n      <div class=\"lk-stay-meta\">\n        <span class=\"lk-stay-stars\">\u2605\u2605\u2605\u2605<\/span>\n        <span class=\"lk-stay-price\">V\u00e9rifier les prix<\/span>\n      <\/div>\n      <span class=\"lk-stay-cta\">\n        <svg width=\"14\" height=\"14\" viewBox=\"0 0 24 24\" fill=\"none\" stroke=\"currentColor\" stroke-width=\"2\"><path d=\"M18 13v6a2 2 0 0 1-2 2H5a2 2 0 0 1-2-2V8a2 2 0 0 1 2-2h6\"\/><polyline points=\"15 3 21 3 21 9\"\/><line x1=\"10\" y1=\"14\" x2=\"21\" y2=\"3\"\/><\/svg>\n        V\u00e9rifier la disponibilit\u00e9\n      <\/span>\n    <\/a>\n\n    <a class=\"lk-stay-card\" href=\"https:\/\/www.stay22.com\/allez\/roam?aid=lukaskonecny&#038;campaign=loudavymkrokemcz&#038;campaign=fr&#038;campaign=dovolena-kypr&#038;hotelname=Olympic%20Lagoon%20Resort%20Paphos&#038;address=Paphos%2C%20Kypr\" target=\"_blank\" rel=\"nofollow noopener\">\n      <span class=\"lk-stay-badge badge-nature\">\ud83c\udf32 Resort<\/span>\n      <div class=\"lk-stay-name\">Olympic Lagoon Resort Paphos<\/div>\n      <div class=\"lk-stay-desc\">Immense complexe avec formule tout compris, parfait pour les familles avec enfants.<\/div>\n      <div class=\"lk-stay-meta\">\n        <span class=\"lk-stay-stars\">\u2605\u2605\u2605\u2605<\/span>\n        <span class=\"lk-stay-price\">V\u00e9rifier les prix<\/span>\n      <\/div>\n      <span class=\"lk-stay-cta\">\n        <svg width=\"14\" height=\"14\" viewBox=\"0 0 24 24\" fill=\"none\" stroke=\"currentColor\" stroke-width=\"2\"><path d=\"M18 13v6a2 2 0 0 1-2 2H5a2 2 0 0 1-2-2V8a2 2 0 0 1 2-2h6\"\/><polyline points=\"15 3 21 3 21 9\"\/><line x1=\"10\" y1=\"14\" x2=\"21\" y2=\"3\"\/><\/svg>\n        V\u00e9rifier la disponibilit\u00e9\n      <\/span>\n    <\/a>\n\n    <a class=\"lk-stay-card\" href=\"https:\/\/www.stay22.com\/allez\/roam?aid=lukaskonecny&#038;campaign=loudavymkrokemcz&#038;campaign=fr&#038;campaign=dovolena-kypr&#038;hotelname=Nissiblu%20Beach%20Resort&#038;address=Ayia%20Napa%2C%20Kypr\" target=\"_blank\" rel=\"nofollow noopener\">\n      <span class=\"lk-stay-badge badge-nature\">\ud83c\udfd6\ufe0f Beach<\/span>\n      <div class=\"lk-stay-name\">Nissiblu Beach Resort<\/div>\n      <div class=\"lk-stay-desc\">H\u00f4tel cinq \u00e9toiles moderne directement sur la c\u00e9l\u00e8bre plage de Nissi Beach, \u00e0 quelques pas de l&rsquo;eau.<\/div>\n      <div class=\"lk-stay-meta\">\n        <span class=\"lk-stay-stars\">\u2605\u2605\u2605\u2605\u2605<\/span>\n        <span class=\"lk-stay-price\">V\u00e9rifier les prix<\/span>\n      <\/div>\n      <span class=\"lk-stay-cta\">\n        <svg width=\"14\" height=\"14\" viewBox=\"0 0 24 24\" fill=\"none\" stroke=\"currentColor\" stroke-width=\"2\"><path d=\"M18 13v6a2 2 0 0 1-2 2H5a2 2 0 0 1-2-2V8a2 2 0 0 1 2-2h6\"\/><polyline points=\"15 3 21 3 21 9\"\/><line x1=\"10\" y1=\"14\" x2=\"21\" y2=\"3\"\/><\/svg>\n        V\u00e9rifier la disponibilit\u00e9\n      <\/span>\n    <\/a>\n\n    <a class=\"lk-stay-card\" href=\"https:\/\/www.stay22.com\/allez\/roam?aid=lukaskonecny&#038;campaign=loudavymkrokemcz&#038;campaign=fr&#038;campaign=dovolena-kypr&#038;hotelname=Adams%20Beach%20Hotel%20%26%20Spa&#038;address=Ayia%20Napa%2C%20Kypr\" target=\"_blank\" rel=\"nofollow noopener\">\n      <span class=\"lk-stay-badge badge-nature\">\ud83c\udf32 Resort<\/span>\n      <div class=\"lk-stay-name\">Adams Beach Hotel &#038; Spa<\/div>\n      <div class=\"lk-stay-desc\">Vaste resort avec sa propre plage priv\u00e9e, refuge id\u00e9al loin de la foule estivale.<\/div>\n      <div class=\"lk-stay-meta\">\n        <span class=\"lk-stay-stars\">\u2605\u2605\u2605\u2605<\/span>\n        <span class=\"lk-stay-price\">V\u00e9rifier les prix<\/span>\n      <\/div>\n      <span class=\"lk-stay-cta\">\n        <svg width=\"14\" height=\"14\" viewBox=\"0 0 24 24\" fill=\"none\" stroke=\"currentColor\" stroke-width=\"2\"><path d=\"M18 13v6a2 2 0 0 1-2 2H5a2 2 0 0 1-2-2V8a2 2 0 0 1 2-2h6\"\/><polyline points=\"15 3 21 3 21 9\"\/><line x1=\"10\" y1=\"14\" x2=\"21\" y2=\"3\"\/><\/svg>\n        V\u00e9rifier la disponibilit\u00e9\n      <\/span>\n    <\/a>\n\n    <a class=\"lk-stay-card\" href=\"https:\/\/www.stay22.com\/allez\/roam?aid=lukaskonecny&#038;campaign=loudavymkrokemcz&#038;campaign=fr&#038;campaign=dovolena-kypr&#038;hotelname=Parklane%2C%20a%20Luxury%20Collection%20Resort%20%26%20Spa&#038;address=Limassol%2C%20Kypr\" target=\"_blank\" rel=\"nofollow noopener\">\n      <span class=\"lk-stay-badge badge-nature\">\u2b50 Luxury<\/span>\n      <div class=\"lk-stay-name\">Parklane, a Luxury Collection Resort &#038; Spa<\/div>\n      <div class=\"lk-stay-desc\">Resort \u00e9l\u00e9gant de premier ordre avec une magnifique lagune pour les clients les plus exigeants.<\/div>\n      <div class=\"lk-stay-meta\">\n        <span class=\"lk-stay-stars\">\u2605\u2605\u2605\u2605<\/span>\n        <span class=\"lk-stay-price\">V\u00e9rifier les prix<\/span>\n      <\/div>\n      <span class=\"lk-stay-cta\">\n        <svg width=\"14\" height=\"14\" viewBox=\"0 0 24 24\" fill=\"none\" stroke=\"currentColor\" stroke-width=\"2\"><path d=\"M18 13v6a2 2 0 0 1-2 2H5a2 2 0 0 1-2-2V8a2 2 0 0 1 2-2h6\"\/><polyline points=\"15 3 21 3 21 9\"\/><line x1=\"10\" y1=\"14\" x2=\"21\" y2=\"3\"\/><\/svg>\n        V\u00e9rifier la disponibilit\u00e9\n      <\/span>\n    <\/a>\n\n  <\/div>\n\n  \n<\/div>\n\n\n\n\n<h3 id=\"15_Protaras_a_Fig_Tree_Bay\" class=\"wp-block-heading\"><span class=\"ez-toc-section\" id=\"15_Protaras_et_Fig_Tree_Bay\"><\/span>15. Protaras et Fig Tree Bay<span class=\"ez-toc-section-end\"><\/span><\/h3>\n\n\n\n<p class=\"wp-block-paragraph\">Protaras est une station familiale pris\u00e9e de la c\u00f4te est, bien plus calme et globalement plus d\u00e9tendue que sa bruyante voisine Ayia Napa. Son plus grand joyau est la superbe plage de Fig Tree Bay, nomm\u00e9e d&rsquo;apr\u00e8s ses vieux figuiers, qui offre une baie magnifiquement peu profonde et un sable parfaitement dor\u00e9. \u00c0 une centaine de m\u00e8tres de la plage s&rsquo;\u00e9l\u00e8ve un petit \u00eelot rocheux vers lequel <strong>tu peux facilement nager pour faire tranquillement du snorkeling<\/strong> tout autour.<\/p>\n\n\n\n<figure data-wp-context=\"{&quot;imageId&quot;:&quot;6a9944f480443&quot;}\" data-wp-interactive=\"core\/image\" data-wp-key=\"6a9944f480443\" class=\"wp-block-image size-full wp-lightbox-container\"><img decoding=\"async\" width=\"1500\" height=\"1124\" data-wp-class--hide=\"state.isContentHidden\" data-wp-class--show=\"state.isContentVisible\" data-wp-init=\"callbacks.setButtonStyles\" data-wp-on--click=\"actions.showLightbox\" data-wp-on--load=\"callbacks.setButtonStyles\" data-wp-on--pointerdown=\"actions.preloadImage\" data-wp-on--pointerenter=\"actions.preloadImageWithDelay\" data-wp-on--pointerleave=\"actions.cancelPreload\" data-wp-on-window--resize=\"callbacks.setButtonStyles\" src=\"https:\/\/loudavymkrokem.cz\/wp-content\/uploads\/2026\/08\/dovolena-kypr-t15.jpg\" alt=\"La baie de Fig Tree Bay \u00e0 Protaras\" class=\"wp-image-399898\" title=\"\" srcset=\"https:\/\/loudavymkrokem.cz\/wp-content\/uploads\/2026\/08\/dovolena-kypr-t15.jpg 1500w, https:\/\/loudavymkrokem.cz\/wp-content\/uploads\/2026\/08\/dovolena-kypr-t15-300x225.jpg 300w, https:\/\/loudavymkrokem.cz\/wp-content\/uploads\/2026\/08\/dovolena-kypr-t15-700x525.jpg 700w, https:\/\/loudavymkrokem.cz\/wp-content\/uploads\/2026\/08\/dovolena-kypr-t15-768x575.jpg 768w, https:\/\/loudavymkrokem.cz\/wp-content\/uploads\/2026\/08\/dovolena-kypr-t15-80x60.jpg 80w, https:\/\/loudavymkrokem.cz\/wp-content\/uploads\/2026\/08\/dovolena-kypr-t15-160x120.jpg 160w, https:\/\/loudavymkrokem.cz\/wp-content\/uploads\/2026\/08\/dovolena-kypr-t15-696x522.jpg 696w, https:\/\/loudavymkrokem.cz\/wp-content\/uploads\/2026\/08\/dovolena-kypr-t15-1392x1043.jpg 1392w\" sizes=\"(max-width: 1500px) 100vw, 1500px\" \/><button\n\t\t\tclass=\"lightbox-trigger\"\n\t\t\ttype=\"button\"\n\t\t\taria-haspopup=\"dialog\"\n\t\t\tdata-wp-bind--aria-label=\"state.thisImage.triggerButtonAriaLabel\"\n\t\t\tdata-wp-init=\"callbacks.initTriggerButton\"\n\t\t\tdata-wp-on--click=\"actions.showLightbox\"\n\t\t\tdata-wp-style--right=\"state.thisImage.buttonRight\"\n\t\t\tdata-wp-style--top=\"state.thisImage.buttonTop\"\n\t\t>\n\t\t\t<svg xmlns=\"http:\/\/www.w3.org\/2000\/svg\" width=\"12\" height=\"12\" fill=\"none\" viewBox=\"0 0 12 12\">\n\t\t\t\t<path fill=\"#fff\" d=\"M2 0a2 2 0 0 0-2 2v2h1.5V2a.5.5 0 0 1 .5-.5h2V0H2Zm2 10.5H2a.5.5 0 0 1-.5-.5V8H0v2a2 2 0 0 0 2 2h2v-1.5ZM8 12v-1.5h2a.5.5 0 0 0 .5-.5V8H12v2a2 2 0 0 1-2 2H8Zm2-12a2 2 0 0 1 2 2v2h-1.5V2a.5.5 0 0 0-.5-.5H8V0h2Z\" \/>\n\t\t\t<\/svg>\n\t\t<\/button><figcaption class=\"wp-element-caption\">La baie de Fig Tree Bay \u00e0 Protaras (Photo : Gerda Arendt \/ Wikimedia Commons, CC0)<\/figcaption><\/figure>\n\n\n\n<p class=\"wp-block-paragraph\">Au-dessus de toute la station, sur une colline rocheuse abrupte, se dresse la pittoresque petite \u00e9glise Profitis Ilias, \u00e0 laquelle m\u00e8ne un escalier assez long et raide. La mont\u00e9e donne un peu de fil \u00e0 retordre par les chaudes journ\u00e9es d&rsquo;\u00e9t\u00e9, mais la <strong>vue panoramique sur tout le littoral et la mer scintillante<\/strong> vaut vraiment cet effort physique. Les locaux recommandent d&rsquo;y venir en fin de journ\u00e9e, quand la lumi\u00e8re est la plus douce et que les arbres autour de l&rsquo;\u00e9glise sont romantiquement par\u00e9s de centaines de rubans de v\u0153ux.<\/p>\n\n\n\n<h3 id=\"16_Ayia_Napa_Sculpture_Park_a_Cape_Greco_stezky\" class=\"wp-block-heading\"><span class=\"ez-toc-section\" id=\"16_Le_parc_de_sculptures_dAyia_Napa_et_les_sentiers_du_cap_Greco\"><\/span>16. Le parc de sculptures d&rsquo;Ayia Napa et les sentiers du cap Greco<span class=\"ez-toc-section-end\"><\/span><\/h3>\n\n\n\n<p class=\"wp-block-paragraph\">Le parc de sculptures d&rsquo;Ayia Napa est une galerie en plein air unique, install\u00e9e sur une douce pente d&rsquo;o\u00f9 s&rsquo;ouvre une vue fantastique sur les eaux bleues de la mer. Tu y trouves des dizaines de sculptures modernes et d&rsquo;installations int\u00e9ressantes sign\u00e9es par des artistes du monde entier, qui <strong>contrastent joliment avec le paysage rocailleux et rude<\/strong> et ses buissons bas. Juste \u00e0 c\u00f4t\u00e9 se trouve en plus un parc entretenu de cactus et de plantes grasses, si bien que l&rsquo;alliance de l&rsquo;art et de cette flore particuli\u00e8re de milieux secs cr\u00e9e un cadre tr\u00e8s photog\u00e9nique.<\/p>\n\n\n\n<figure data-wp-context=\"{&quot;imageId&quot;:&quot;6a9944f4808eb&quot;}\" data-wp-interactive=\"core\/image\" data-wp-key=\"6a9944f4808eb\" class=\"wp-block-image size-full wp-lightbox-container\"><img decoding=\"async\" width=\"1500\" height=\"843\" data-wp-class--hide=\"state.isContentHidden\" data-wp-class--show=\"state.isContentVisible\" data-wp-init=\"callbacks.setButtonStyles\" data-wp-on--click=\"actions.showLightbox\" data-wp-on--load=\"callbacks.setButtonStyles\" data-wp-on--pointerdown=\"actions.preloadImage\" data-wp-on--pointerenter=\"actions.preloadImageWithDelay\" data-wp-on--pointerleave=\"actions.cancelPreload\" data-wp-on-window--resize=\"callbacks.setButtonStyles\" src=\"https:\/\/loudavymkrokem.cz\/wp-content\/uploads\/2026\/08\/dovolena-kypr-t16.jpg\" alt=\"Le parc de sculptures au-dessus de la mer \u00e0 Ayia Napa\" class=\"wp-image-399902\" title=\"\" srcset=\"https:\/\/loudavymkrokem.cz\/wp-content\/uploads\/2026\/08\/dovolena-kypr-t16.jpg 1500w, https:\/\/loudavymkrokem.cz\/wp-content\/uploads\/2026\/08\/dovolena-kypr-t16-300x169.jpg 300w, https:\/\/loudavymkrokem.cz\/wp-content\/uploads\/2026\/08\/dovolena-kypr-t16-700x393.jpg 700w, https:\/\/loudavymkrokem.cz\/wp-content\/uploads\/2026\/08\/dovolena-kypr-t16-768x432.jpg 768w, https:\/\/loudavymkrokem.cz\/wp-content\/uploads\/2026\/08\/dovolena-kypr-t16-696x391.jpg 696w, https:\/\/loudavymkrokem.cz\/wp-content\/uploads\/2026\/08\/dovolena-kypr-t16-1392x782.jpg 1392w\" sizes=\"(max-width: 1500px) 100vw, 1500px\" \/><button\n\t\t\tclass=\"lightbox-trigger\"\n\t\t\ttype=\"button\"\n\t\t\taria-haspopup=\"dialog\"\n\t\t\tdata-wp-bind--aria-label=\"state.thisImage.triggerButtonAriaLabel\"\n\t\t\tdata-wp-init=\"callbacks.initTriggerButton\"\n\t\t\tdata-wp-on--click=\"actions.showLightbox\"\n\t\t\tdata-wp-style--right=\"state.thisImage.buttonRight\"\n\t\t\tdata-wp-style--top=\"state.thisImage.buttonTop\"\n\t\t>\n\t\t\t<svg xmlns=\"http:\/\/www.w3.org\/2000\/svg\" width=\"12\" height=\"12\" fill=\"none\" viewBox=\"0 0 12 12\">\n\t\t\t\t<path fill=\"#fff\" d=\"M2 0a2 2 0 0 0-2 2v2h1.5V2a.5.5 0 0 1 .5-.5h2V0H2Zm2 10.5H2a.5.5 0 0 1-.5-.5V8H0v2a2 2 0 0 0 2 2h2v-1.5ZM8 12v-1.5h2a.5.5 0 0 0 .5-.5V8H12v2a2 2 0 0 1-2 2H8Zm2-12a2 2 0 0 1 2 2v2h-1.5V2a.5.5 0 0 0-.5-.5H8V0h2Z\" \/>\n\t\t\t<\/svg>\n\t\t<\/button><figcaption class=\"wp-element-caption\">Le parc de sculptures au-dessus de la mer \u00e0 Ayia Napa (Photo : Qasinka \/ Wikimedia Commons, CC0)<\/figcaption><\/figure>\n\n\n\n<p class=\"wp-block-paragraph\">Le parc se prolonge ensuite librement par des sentiers c\u00f4tiers am\u00e9nag\u00e9s qui te m\u00e8nent confortablement jusqu&rsquo;au parc national du cap Greco. L&rsquo;entr\u00e9e de cet immense mus\u00e9e de sculptures \u00e0 ciel ouvert est totalement gratuite et le site n&rsquo;a aucun horaire d&rsquo;ouverture contraignant. Tu vivras la meilleure exp\u00e9rience artistique <strong>en visitant le parc juste avant le coucher du soleil<\/strong>, quand les sculptures de pierre et de m\u00e9tal projettent de longues ombres.<\/p>\n\n\n\n<h3 id=\"17_Vodni_park_WaterWorld_v_Ayia_Nape\" class=\"wp-block-heading\"><span class=\"ez-toc-section\" id=\"17_Le_parc_aquatique_WaterWorld_a_Ayia_Napa\"><\/span>17. Le parc aquatique WaterWorld \u00e0 Ayia Napa<span class=\"ez-toc-section-end\"><\/span><\/h3>\n\n\n\n<p class=\"wp-block-paragraph\">Le parc aquatique WaterWorld \u00e0 Ayia Napa se classe depuis longtemps parmi les plus grands et les mieux not\u00e9s d&rsquo;Europe. Tout le vaste site est tr\u00e8s dr\u00f4lement mis en sc\u00e8ne sur le th\u00e8me de la Gr\u00e8ce antique, donc tu peux te r\u00e9jouir de toboggans nomm\u00e9s d&rsquo;apr\u00e8s des dieux, de puissantes colonnes et de bassins stylis\u00e9s en thermes romains. Tu y trouves <strong>de tout, des toboggans \u00e0 sensations en chute libre jusqu&rsquo;\u00e0 d&rsquo;immenses vagues<\/strong> et une longue rivi\u00e8re paresseuse, o\u00f9 tu te reposeras \u00e0 merveille sur une bou\u00e9e gonflable.<\/p>\n\n\n\n<figure data-wp-context=\"{&quot;imageId&quot;:&quot;6a9944f480dd3&quot;}\" data-wp-interactive=\"core\/image\" data-wp-key=\"6a9944f480dd3\" class=\"wp-block-image size-full wp-lightbox-container\"><img decoding=\"async\" width=\"1500\" height=\"1125\" data-wp-class--hide=\"state.isContentHidden\" data-wp-class--show=\"state.isContentVisible\" data-wp-init=\"callbacks.setButtonStyles\" data-wp-on--click=\"actions.showLightbox\" data-wp-on--load=\"callbacks.setButtonStyles\" data-wp-on--pointerdown=\"actions.preloadImage\" data-wp-on--pointerenter=\"actions.preloadImageWithDelay\" data-wp-on--pointerleave=\"actions.cancelPreload\" data-wp-on-window--resize=\"callbacks.setButtonStyles\" src=\"https:\/\/loudavymkrokem.cz\/wp-content\/uploads\/2026\/08\/dovolena-kypr-t17.jpg\" alt=\"Le parc aquatique d&#039;Ayia Napa\" class=\"wp-image-399905\" title=\"\" srcset=\"https:\/\/loudavymkrokem.cz\/wp-content\/uploads\/2026\/08\/dovolena-kypr-t17.jpg 1500w, https:\/\/loudavymkrokem.cz\/wp-content\/uploads\/2026\/08\/dovolena-kypr-t17-300x225.jpg 300w, https:\/\/loudavymkrokem.cz\/wp-content\/uploads\/2026\/08\/dovolena-kypr-t17-700x525.jpg 700w, https:\/\/loudavymkrokem.cz\/wp-content\/uploads\/2026\/08\/dovolena-kypr-t17-768x576.jpg 768w, https:\/\/loudavymkrokem.cz\/wp-content\/uploads\/2026\/08\/dovolena-kypr-t17-80x60.jpg 80w, https:\/\/loudavymkrokem.cz\/wp-content\/uploads\/2026\/08\/dovolena-kypr-t17-160x120.jpg 160w, https:\/\/loudavymkrokem.cz\/wp-content\/uploads\/2026\/08\/dovolena-kypr-t17-696x522.jpg 696w, https:\/\/loudavymkrokem.cz\/wp-content\/uploads\/2026\/08\/dovolena-kypr-t17-1392x1044.jpg 1392w\" sizes=\"(max-width: 1500px) 100vw, 1500px\" \/><button\n\t\t\tclass=\"lightbox-trigger\"\n\t\t\ttype=\"button\"\n\t\t\taria-haspopup=\"dialog\"\n\t\t\tdata-wp-bind--aria-label=\"state.thisImage.triggerButtonAriaLabel\"\n\t\t\tdata-wp-init=\"callbacks.initTriggerButton\"\n\t\t\tdata-wp-on--click=\"actions.showLightbox\"\n\t\t\tdata-wp-style--right=\"state.thisImage.buttonRight\"\n\t\t\tdata-wp-style--top=\"state.thisImage.buttonTop\"\n\t\t>\n\t\t\t<svg xmlns=\"http:\/\/www.w3.org\/2000\/svg\" width=\"12\" height=\"12\" fill=\"none\" viewBox=\"0 0 12 12\">\n\t\t\t\t<path fill=\"#fff\" d=\"M2 0a2 2 0 0 0-2 2v2h1.5V2a.5.5 0 0 1 .5-.5h2V0H2Zm2 10.5H2a.5.5 0 0 1-.5-.5V8H0v2a2 2 0 0 0 2 2h2v-1.5ZM8 12v-1.5h2a.5.5 0 0 0 .5-.5V8H12v2a2 2 0 0 1-2 2H8Zm2-12a2 2 0 0 1 2 2v2h-1.5V2a.5.5 0 0 0-.5-.5H8V0h2Z\" \/>\n\t\t\t<\/svg>\n\t\t<\/button><figcaption class=\"wp-element-caption\">Le parc aquatique d&rsquo;Ayia Napa (Photo : Vsatinet \/ Wikimedia Commons, CC BY-SA 4.0)<\/figcaption><\/figure>\n\n\n\n<p class=\"wp-block-paragraph\">D&rsquo;apr\u00e8s les avis des voyageurs, c&rsquo;est un endroit absolument fantastique pour les familles avec enfants, mais les adultes qui aiment un peu d&rsquo;adr\u00e9naline aquatique s&rsquo;y amuseront aussi \u00e0 merveille. On peut sans probl\u00e8me y passer une longue journ\u00e9e enti\u00e8re, car le site propose de nombreux bons restaurants, des coins ombrag\u00e9s pour se reposer et des transats gratuits. Les billets se <strong>r\u00e9servent nettement mieux \u00e0 l&rsquo;avance en ligne<\/strong>, car ils sont un peu moins chers et tu \u00e9vites ainsi les files \u00e9puisantes aux caisses.<\/p>\n\n\n\n<h3 id=\"18_Vesnice_Troodosu_Omodos_Lefkara_a_Kakopetria\" class=\"wp-block-heading\"><span class=\"ez-toc-section\" id=\"18_Les_villages_du_Troodos_Omodos_Lefkara_et_Kakopetria\"><\/span>18. Les villages du Troodos : Omodos, Lefkara et Kakopetria<span class=\"ez-toc-section-end\"><\/span><\/h3>\n\n\n\n<p class=\"wp-block-paragraph\">Les villages du Troodos repr\u00e9sentent un tout autre Chypre que celui que tu connais du littoral br\u00fblant plein de complexes h\u00f4teliers et de parasols. Ces pittoresques petits villages de pierre sont nich\u00e9s haut dans les collines verdoyantes et se distinguent par leurs ruelles \u00e9troites, leurs maisons aux toits rouges et un calme incroyable. Le village de Lefkara vaut absolument la visite : il est <strong>c\u00e9l\u00e8bre dans le monde entier pour sa dentelle traditionnelle<\/strong> et son orf\u00e8vrerie, tout comme la Kakopetria historique avec ses vieilles maisons pr\u00e9serv\u00e9es le long d&rsquo;une rivi\u00e8re de montagne.<\/p>\n\n\n\n<figure data-wp-context=\"{&quot;imageId&quot;:&quot;6a9944f4815bf&quot;}\" data-wp-interactive=\"core\/image\" data-wp-key=\"6a9944f4815bf\" class=\"wp-block-image size-full wp-lightbox-container\"><img decoding=\"async\" width=\"1500\" height=\"1000\" data-wp-class--hide=\"state.isContentHidden\" data-wp-class--show=\"state.isContentVisible\" data-wp-init=\"callbacks.setButtonStyles\" data-wp-on--click=\"actions.showLightbox\" data-wp-on--load=\"callbacks.setButtonStyles\" data-wp-on--pointerdown=\"actions.preloadImage\" data-wp-on--pointerenter=\"actions.preloadImageWithDelay\" data-wp-on--pointerleave=\"actions.cancelPreload\" data-wp-on-window--resize=\"callbacks.setButtonStyles\" src=\"https:\/\/loudavymkrokem.cz\/wp-content\/uploads\/2026\/08\/dovolena-kypr-t18.jpg\" alt=\"Un village de montagne dans le massif du Troodos\" class=\"wp-image-399910\" title=\"\" srcset=\"https:\/\/loudavymkrokem.cz\/wp-content\/uploads\/2026\/08\/dovolena-kypr-t18.jpg 1500w, https:\/\/loudavymkrokem.cz\/wp-content\/uploads\/2026\/08\/dovolena-kypr-t18-300x200.jpg 300w, https:\/\/loudavymkrokem.cz\/wp-content\/uploads\/2026\/08\/dovolena-kypr-t18-700x467.jpg 700w, https:\/\/loudavymkrokem.cz\/wp-content\/uploads\/2026\/08\/dovolena-kypr-t18-768x512.jpg 768w, https:\/\/loudavymkrokem.cz\/wp-content\/uploads\/2026\/08\/dovolena-kypr-t18-696x464.jpg 696w, https:\/\/loudavymkrokem.cz\/wp-content\/uploads\/2026\/08\/dovolena-kypr-t18-1392x928.jpg 1392w\" sizes=\"(max-width: 1500px) 100vw, 1500px\" \/><button\n\t\t\tclass=\"lightbox-trigger\"\n\t\t\ttype=\"button\"\n\t\t\taria-haspopup=\"dialog\"\n\t\t\tdata-wp-bind--aria-label=\"state.thisImage.triggerButtonAriaLabel\"\n\t\t\tdata-wp-init=\"callbacks.initTriggerButton\"\n\t\t\tdata-wp-on--click=\"actions.showLightbox\"\n\t\t\tdata-wp-style--right=\"state.thisImage.buttonRight\"\n\t\t\tdata-wp-style--top=\"state.thisImage.buttonTop\"\n\t\t>\n\t\t\t<svg xmlns=\"http:\/\/www.w3.org\/2000\/svg\" width=\"12\" height=\"12\" fill=\"none\" viewBox=\"0 0 12 12\">\n\t\t\t\t<path fill=\"#fff\" d=\"M2 0a2 2 0 0 0-2 2v2h1.5V2a.5.5 0 0 1 .5-.5h2V0H2Zm2 10.5H2a.5.5 0 0 1-.5-.5V8H0v2a2 2 0 0 0 2 2h2v-1.5ZM8 12v-1.5h2a.5.5 0 0 0 .5-.5V8H12v2a2 2 0 0 1-2 2H8Zm2-12a2 2 0 0 1 2 2v2h-1.5V2a.5.5 0 0 0-.5-.5H8V0h2Z\" \/>\n\t\t\t<\/svg>\n\t\t<\/button><figcaption class=\"wp-element-caption\">Un village de montagne dans le massif du Troodos (Photo : Hagai Agmon-Snir \/ Wikimedia Commons, CC BY-SA 4.0)<\/figcaption><\/figure>\n\n\n\n<p class=\"wp-block-paragraph\">Ne rate surtout pas non plus le bourg d&rsquo;Omodos, qui fait office de centre traditionnel de la viticulture locale et o\u00f9 tu trouveras une foule de petites caves familiales aux immenses tonneaux. Dans les villages de montagne, il fait toute l&rsquo;ann\u00e9e nettement plus frais que sur les plages, donc <strong>n&rsquo;oublie pas d&#8217;emporter un pull l\u00e9ger m\u00eame en plein \u00e9t\u00e9<\/strong>. Les gens y vantent beaucoup l&rsquo;incroyable hospitalit\u00e9 et les excellentes tavernes familiales.<\/p>\n\n\n\n<h3 id=\"19_Byzantske_kostely_na_seznamu_UNESCO\" class=\"wp-block-heading\"><span class=\"ez-toc-section\" id=\"19_Les_eglises_byzantines_classees_a_lUNESCO\"><\/span>19. Les \u00e9glises byzantines class\u00e9es \u00e0 l&rsquo;UNESCO<span class=\"ez-toc-section-end\"><\/span><\/h3>\n\n\n\n<p class=\"wp-block-paragraph\">Les \u00e9glises byzantines dissimul\u00e9es au plus profond du massif du Troodos comptent parmi les monuments culturels les plus importants de l&rsquo;\u00eele, et neuf d&rsquo;entre elles se targuent d&rsquo;une inscription prestigieuse sur la liste de l&rsquo;UNESCO. De l&rsquo;ext\u00e9rieur, elles ressemblent souvent \u00e0 de simples granges de pierre aux toits de bois pentus cens\u00e9s les prot\u00e9ger de la neige hivernale en montagne. Mais \u00e0 l&rsquo;int\u00e9rieur, elles <strong>rec\u00e8lent des fresques absolument fantastiques et remarquablement pr\u00e9serv\u00e9es<\/strong>, dont beaucoup datent d\u00e9j\u00e0 du XIe si\u00e8cle et racontent des r\u00e9cits bibliques dans des couleurs \u00e9clatantes.<\/p>\n\n\n\n<figure data-wp-context=\"{&quot;imageId&quot;:&quot;6a9944f481b9b&quot;}\" data-wp-interactive=\"core\/image\" data-wp-key=\"6a9944f481b9b\" class=\"wp-block-image size-full wp-lightbox-container\"><img decoding=\"async\" width=\"1500\" height=\"751\" data-wp-class--hide=\"state.isContentHidden\" data-wp-class--show=\"state.isContentVisible\" data-wp-init=\"callbacks.setButtonStyles\" data-wp-on--click=\"actions.showLightbox\" data-wp-on--load=\"callbacks.setButtonStyles\" data-wp-on--pointerdown=\"actions.preloadImage\" data-wp-on--pointerenter=\"actions.preloadImageWithDelay\" data-wp-on--pointerleave=\"actions.cancelPreload\" data-wp-on-window--resize=\"callbacks.setButtonStyles\" src=\"https:\/\/loudavymkrokem.cz\/wp-content\/uploads\/2026\/08\/dovolena-kypr-t19.jpg\" alt=\"Une petite \u00e9glise byzantine dans le massif du Troodos\" class=\"wp-image-399914\" title=\"\" srcset=\"https:\/\/loudavymkrokem.cz\/wp-content\/uploads\/2026\/08\/dovolena-kypr-t19.jpg 1500w, https:\/\/loudavymkrokem.cz\/wp-content\/uploads\/2026\/08\/dovolena-kypr-t19-300x150.jpg 300w, https:\/\/loudavymkrokem.cz\/wp-content\/uploads\/2026\/08\/dovolena-kypr-t19-700x350.jpg 700w, https:\/\/loudavymkrokem.cz\/wp-content\/uploads\/2026\/08\/dovolena-kypr-t19-768x385.jpg 768w, https:\/\/loudavymkrokem.cz\/wp-content\/uploads\/2026\/08\/dovolena-kypr-t19-696x348.jpg 696w, https:\/\/loudavymkrokem.cz\/wp-content\/uploads\/2026\/08\/dovolena-kypr-t19-1392x697.jpg 1392w\" sizes=\"(max-width: 1500px) 100vw, 1500px\" \/><button\n\t\t\tclass=\"lightbox-trigger\"\n\t\t\ttype=\"button\"\n\t\t\taria-haspopup=\"dialog\"\n\t\t\tdata-wp-bind--aria-label=\"state.thisImage.triggerButtonAriaLabel\"\n\t\t\tdata-wp-init=\"callbacks.initTriggerButton\"\n\t\t\tdata-wp-on--click=\"actions.showLightbox\"\n\t\t\tdata-wp-style--right=\"state.thisImage.buttonRight\"\n\t\t\tdata-wp-style--top=\"state.thisImage.buttonTop\"\n\t\t>\n\t\t\t<svg xmlns=\"http:\/\/www.w3.org\/2000\/svg\" width=\"12\" height=\"12\" fill=\"none\" viewBox=\"0 0 12 12\">\n\t\t\t\t<path fill=\"#fff\" d=\"M2 0a2 2 0 0 0-2 2v2h1.5V2a.5.5 0 0 1 .5-.5h2V0H2Zm2 10.5H2a.5.5 0 0 1-.5-.5V8H0v2a2 2 0 0 0 2 2h2v-1.5ZM8 12v-1.5h2a.5.5 0 0 0 .5-.5V8H12v2a2 2 0 0 1-2 2H8Zm2-12a2 2 0 0 1 2 2v2h-1.5V2a.5.5 0 0 0-.5-.5H8V0h2Z\" \/>\n\t\t\t<\/svg>\n\t\t<\/button><figcaption class=\"wp-element-caption\">Une petite \u00e9glise byzantine dans le massif du Troodos (Photo : Zairon \/ Wikimedia Commons, CC BY-SA 4.0)<\/figcaption><\/figure>\n\n\n\n<p class=\"wp-block-paragraph\">Parmi les plus int\u00e9ressantes figurent la petite \u00e9glise d&rsquo;Asinou ou le monast\u00e8re isol\u00e9 de Panagia tou Araka, situ\u00e9s dans de beaux endroits au milieu de for\u00eats de pins odorantes. La plupart de ces monuments religieux sont assez petits et gard\u00e9s attentivement par des gardiens locaux munis de cl\u00e9s, avec qui tu t&rsquo;entends souvent juste par un sourire et des gestes. \u00c0 l&rsquo;int\u00e9rieur des \u00e9glises, la <strong>photographie avec flash est strictement interdite<\/strong> et une tenue appropri\u00e9e couvrant les \u00e9paules et les genoux est exig\u00e9e.<\/p>\n\n\n\n<h3 id=\"20_Vodopady_Kalidonia_a_Mount_Olympus\" class=\"wp-block-heading\"><span class=\"ez-toc-section\" id=\"20_Les_cascades_de_Caledonia_et_le_mont_Olympe\"><\/span>20. Les cascades de Caledonia et le mont Olympe<span class=\"ez-toc-section-end\"><\/span><\/h3>\n\n\n\n<p class=\"wp-block-paragraph\">Les cascades de Caledonia et le sommet voisin du mont Olympe prouvent clairement que Chypre n&rsquo;est pas seulement une terre dess\u00e9ch\u00e9e avec des plages, mais offre aussi une nature de montagne verdoyante et fra\u00eeche au climat agr\u00e9able. La randonn\u00e9e vers les cascades traverse une dense for\u00eat de pins le long d&rsquo;un ruisseau frais et l&rsquo;itin\u00e9raire lui-m\u00eame mesure \u00e0 peine trois kilom\u00e8tres, que tu couvres \u00e0 un rythme tranquille en moins d&rsquo;une heure. Le point culminant de l&rsquo;\u00eele, l&rsquo;Olympe, <strong>mesure d&rsquo;imposants 1 952 m\u00e8tres<\/strong> et offre de belles vues panoramiques loin dans la vall\u00e9e verdoyante.<\/p>\n\n\n\n<figure data-wp-context=\"{&quot;imageId&quot;:&quot;6a9944f481fad&quot;}\" data-wp-interactive=\"core\/image\" data-wp-key=\"6a9944f481fad\" class=\"wp-block-image size-full wp-lightbox-container\"><img decoding=\"async\" width=\"1500\" height=\"1000\" data-wp-class--hide=\"state.isContentHidden\" data-wp-class--show=\"state.isContentVisible\" data-wp-init=\"callbacks.setButtonStyles\" data-wp-on--click=\"actions.showLightbox\" data-wp-on--load=\"callbacks.setButtonStyles\" data-wp-on--pointerdown=\"actions.preloadImage\" data-wp-on--pointerenter=\"actions.preloadImageWithDelay\" data-wp-on--pointerleave=\"actions.cancelPreload\" data-wp-on-window--resize=\"callbacks.setButtonStyles\" src=\"https:\/\/loudavymkrokem.cz\/wp-content\/uploads\/2026\/08\/dovolena-kypr-t20.jpg\" alt=\"Le massif du Troodos et ses for\u00eats de pins\" class=\"wp-image-399933\" title=\"\" srcset=\"https:\/\/loudavymkrokem.cz\/wp-content\/uploads\/2026\/08\/dovolena-kypr-t20.jpg 1500w, https:\/\/loudavymkrokem.cz\/wp-content\/uploads\/2026\/08\/dovolena-kypr-t20-300x200.jpg 300w, https:\/\/loudavymkrokem.cz\/wp-content\/uploads\/2026\/08\/dovolena-kypr-t20-700x467.jpg 700w, https:\/\/loudavymkrokem.cz\/wp-content\/uploads\/2026\/08\/dovolena-kypr-t20-768x512.jpg 768w, https:\/\/loudavymkrokem.cz\/wp-content\/uploads\/2026\/08\/dovolena-kypr-t20-696x464.jpg 696w, https:\/\/loudavymkrokem.cz\/wp-content\/uploads\/2026\/08\/dovolena-kypr-t20-1392x928.jpg 1392w\" sizes=\"(max-width: 1500px) 100vw, 1500px\" \/><button\n\t\t\tclass=\"lightbox-trigger\"\n\t\t\ttype=\"button\"\n\t\t\taria-haspopup=\"dialog\"\n\t\t\tdata-wp-bind--aria-label=\"state.thisImage.triggerButtonAriaLabel\"\n\t\t\tdata-wp-init=\"callbacks.initTriggerButton\"\n\t\t\tdata-wp-on--click=\"actions.showLightbox\"\n\t\t\tdata-wp-style--right=\"state.thisImage.buttonRight\"\n\t\t\tdata-wp-style--top=\"state.thisImage.buttonTop\"\n\t\t>\n\t\t\t<svg xmlns=\"http:\/\/www.w3.org\/2000\/svg\" width=\"12\" height=\"12\" fill=\"none\" viewBox=\"0 0 12 12\">\n\t\t\t\t<path fill=\"#fff\" d=\"M2 0a2 2 0 0 0-2 2v2h1.5V2a.5.5 0 0 1 .5-.5h2V0H2Zm2 10.5H2a.5.5 0 0 1-.5-.5V8H0v2a2 2 0 0 0 2 2h2v-1.5ZM8 12v-1.5h2a.5.5 0 0 0 .5-.5V8H12v2a2 2 0 0 1-2 2H8Zm2-12a2 2 0 0 1 2 2v2h-1.5V2a.5.5 0 0 0-.5-.5H8V0h2Z\" \/>\n\t\t\t<\/svg>\n\t\t<\/button><figcaption class=\"wp-element-caption\">Le massif du Troodos et ses for\u00eats de pins (Photo : Michal Klajban \/ Wikimedia Commons, CC BY-SA 4.0)<\/figcaption><\/figure>\n\n\n\n<p class=\"wp-block-paragraph\">Fait int\u00e9ressant, sur les pentes de l&rsquo;Olympe la neige tient assez couramment en janvier et f\u00e9vrier, et de petits remonte-pentes y fonctionnent m\u00eame pour les passionn\u00e9s locaux. Au cours d&rsquo;une m\u00eame journ\u00e9e de printemps, tu peux donc th\u00e9oriquement <strong>skier en montagne le matin et te baigner dans une mer chaude l&rsquo;apr\u00e8s-midi<\/strong> en bas sur le littoral. La route de montagne est assez sinueuse et raide, donc si tu souffres parfois du mal des transports, mieux vaut te pr\u00e9parer un peu \u00e0 ces lacets sans fin.<\/p>\n\n\n\n<h3 id=\"21_Kyperska_vinarstvi_a_trasy_vin\" class=\"wp-block-heading\"><span class=\"ez-toc-section\" id=\"21_Les_domaines_viticoles_chypriotes_et_les_routes_des_vins\"><\/span>21. Les domaines viticoles chypriotes et les routes des vins<span class=\"ez-toc-section-end\"><\/span><\/h3>\n\n\n\n<p class=\"wp-block-paragraph\">Les domaines viticoles chypriotes et les routes des vins sont un immense attrait pour tous les voyageurs qui aiment d\u00e9couvrir la gastronomie locale et les traditions agricoles. Tout le fertile pi\u00e9mont du Troodos est dens\u00e9ment parcouru de routes des vins balis\u00e9es, qui te m\u00e8nent \u00e0 de petits domaines familiaux comme \u00e0 de grands producteurs traditionnels. La grande vedette est le vin de dessert doux Commandaria, dont on dit que ce serait le <strong>plus vieux vin encore produit au monde<\/strong> sous le m\u00eame nom et selon la recette originale.<\/p>\n\n\n\n<figure data-wp-context=\"{&quot;imageId&quot;:&quot;6a9944f4823be&quot;}\" data-wp-interactive=\"core\/image\" data-wp-key=\"6a9944f4823be\" class=\"wp-block-image size-full wp-lightbox-container\"><img decoding=\"async\" width=\"1500\" height=\"993\" data-wp-class--hide=\"state.isContentHidden\" data-wp-class--show=\"state.isContentVisible\" data-wp-init=\"callbacks.setButtonStyles\" data-wp-on--click=\"actions.showLightbox\" data-wp-on--load=\"callbacks.setButtonStyles\" data-wp-on--pointerdown=\"actions.preloadImage\" data-wp-on--pointerenter=\"actions.preloadImageWithDelay\" data-wp-on--pointerleave=\"actions.cancelPreload\" data-wp-on-window--resize=\"callbacks.setButtonStyles\" src=\"https:\/\/loudavymkrokem.cz\/wp-content\/uploads\/2026\/08\/dovolena-kypr-t21.jpg\" alt=\"Vignoble au pied du massif du Troodos\" class=\"wp-image-399927\" title=\"\" srcset=\"https:\/\/loudavymkrokem.cz\/wp-content\/uploads\/2026\/08\/dovolena-kypr-t21.jpg 1500w, https:\/\/loudavymkrokem.cz\/wp-content\/uploads\/2026\/08\/dovolena-kypr-t21-300x199.jpg 300w, https:\/\/loudavymkrokem.cz\/wp-content\/uploads\/2026\/08\/dovolena-kypr-t21-700x463.jpg 700w, https:\/\/loudavymkrokem.cz\/wp-content\/uploads\/2026\/08\/dovolena-kypr-t21-768x508.jpg 768w, https:\/\/loudavymkrokem.cz\/wp-content\/uploads\/2026\/08\/dovolena-kypr-t21-696x461.jpg 696w, https:\/\/loudavymkrokem.cz\/wp-content\/uploads\/2026\/08\/dovolena-kypr-t21-1392x922.jpg 1392w\" sizes=\"(max-width: 1500px) 100vw, 1500px\" \/><button\n\t\t\tclass=\"lightbox-trigger\"\n\t\t\ttype=\"button\"\n\t\t\taria-haspopup=\"dialog\"\n\t\t\tdata-wp-bind--aria-label=\"state.thisImage.triggerButtonAriaLabel\"\n\t\t\tdata-wp-init=\"callbacks.initTriggerButton\"\n\t\t\tdata-wp-on--click=\"actions.showLightbox\"\n\t\t\tdata-wp-style--right=\"state.thisImage.buttonRight\"\n\t\t\tdata-wp-style--top=\"state.thisImage.buttonTop\"\n\t\t>\n\t\t\t<svg xmlns=\"http:\/\/www.w3.org\/2000\/svg\" width=\"12\" height=\"12\" fill=\"none\" viewBox=\"0 0 12 12\">\n\t\t\t\t<path fill=\"#fff\" d=\"M2 0a2 2 0 0 0-2 2v2h1.5V2a.5.5 0 0 1 .5-.5h2V0H2Zm2 10.5H2a.5.5 0 0 1-.5-.5V8H0v2a2 2 0 0 0 2 2h2v-1.5ZM8 12v-1.5h2a.5.5 0 0 0 .5-.5V8H12v2a2 2 0 0 1-2 2H8Zm2-12a2 2 0 0 1 2 2v2h-1.5V2a.5.5 0 0 0-.5-.5H8V0h2Z\" \/>\n\t\t\t<\/svg>\n\t\t<\/button><figcaption class=\"wp-element-caption\">Vignoble au pied du massif du Troodos (Photo : Serhio Magpie \/ Wikimedia Commons, CC BY 4.0)<\/figcaption><\/figure>\n\n\n\n<p class=\"wp-block-paragraph\">La plupart des domaines familiaux proposent, sur rendez-vous, des visites de leurs caves avec d\u00e9gustations, o\u00f9 les vignerons locaux t&rsquo;expliquent volontiers tout le processus exigeant de culture et de transformation du raisin. Les voyageurs exp\u00e9riment\u00e9s recommandent de partir sur une route des vins id\u00e9alement en excursion organis\u00e9e ou de convenir d&rsquo;un chauffeur fiable, car <strong>la police chypriote surveille tr\u00e8s strictement l&rsquo;alcool au volant<\/strong>. Les vins locaux sont \u00e9tonnamment de qualit\u00e9 et une bouteille de vraie Commandaria fait un parfait souvenir de vacances.<\/p>\n\n\n\n<h3 id=\"22_Nikosie_posledni_rozdelene_hlavni_mesto_Evropy\" class=\"wp-block-heading\"><span class=\"ez-toc-section\" id=\"22_Nicosie_la_derniere_capitale_divisee_dEurope\"><\/span>22. Nicosie : la derni\u00e8re capitale divis\u00e9e d&rsquo;Europe<span class=\"ez-toc-section-end\"><\/span><\/h3>\n\n\n\n<p class=\"wp-block-paragraph\">Nicosie est une m\u00e9tropole incroyablement fascinante qui d\u00e9tient un triste record, puisqu&rsquo;elle est la <strong>derni\u00e8re capitale militairement divis\u00e9e d&rsquo;Europe<\/strong>. La principale art\u00e8re commer\u00e7ante, la rue Ledra, est coup\u00e9e sans compromis par la Ligne verte \u00e9troitement surveill\u00e9e sous contr\u00f4le de l&rsquo;ONU, qui divise la ville entre le sud grec et le nord turc. Tu peux te promener librement sur les puissants remparts v\u00e9nitiens en forme d&rsquo;\u00e9toile r\u00e9guli\u00e8re, admirer la vieille ville et ressentir dans ta chair cet immense contraste culturel.<\/p>\n\n\n\n<figure data-wp-context=\"{&quot;imageId&quot;:&quot;6a9944f482805&quot;}\" data-wp-interactive=\"core\/image\" data-wp-key=\"6a9944f482805\" class=\"wp-block-image size-full wp-lightbox-container\"><img decoding=\"async\" width=\"1500\" height=\"937\" data-wp-class--hide=\"state.isContentHidden\" data-wp-class--show=\"state.isContentVisible\" data-wp-init=\"callbacks.setButtonStyles\" data-wp-on--click=\"actions.showLightbox\" data-wp-on--load=\"callbacks.setButtonStyles\" data-wp-on--pointerdown=\"actions.preloadImage\" data-wp-on--pointerenter=\"actions.preloadImageWithDelay\" data-wp-on--pointerleave=\"actions.cancelPreload\" data-wp-on-window--resize=\"callbacks.setButtonStyles\" src=\"https:\/\/loudavymkrokem.cz\/wp-content\/uploads\/2026\/08\/dovolena-kypr-t22.jpg\" alt=\"La rue Ledra dans Nicosie divis\u00e9e\" class=\"wp-image-399918\" title=\"\" srcset=\"https:\/\/loudavymkrokem.cz\/wp-content\/uploads\/2026\/08\/dovolena-kypr-t22.jpg 1500w, https:\/\/loudavymkrokem.cz\/wp-content\/uploads\/2026\/08\/dovolena-kypr-t22-300x187.jpg 300w, https:\/\/loudavymkrokem.cz\/wp-content\/uploads\/2026\/08\/dovolena-kypr-t22-700x437.jpg 700w, https:\/\/loudavymkrokem.cz\/wp-content\/uploads\/2026\/08\/dovolena-kypr-t22-768x480.jpg 768w, https:\/\/loudavymkrokem.cz\/wp-content\/uploads\/2026\/08\/dovolena-kypr-t22-696x435.jpg 696w, https:\/\/loudavymkrokem.cz\/wp-content\/uploads\/2026\/08\/dovolena-kypr-t22-1392x870.jpg 1392w\" sizes=\"(max-width: 1500px) 100vw, 1500px\" \/><button\n\t\t\tclass=\"lightbox-trigger\"\n\t\t\ttype=\"button\"\n\t\t\taria-haspopup=\"dialog\"\n\t\t\tdata-wp-bind--aria-label=\"state.thisImage.triggerButtonAriaLabel\"\n\t\t\tdata-wp-init=\"callbacks.initTriggerButton\"\n\t\t\tdata-wp-on--click=\"actions.showLightbox\"\n\t\t\tdata-wp-style--right=\"state.thisImage.buttonRight\"\n\t\t\tdata-wp-style--top=\"state.thisImage.buttonTop\"\n\t\t>\n\t\t\t<svg xmlns=\"http:\/\/www.w3.org\/2000\/svg\" width=\"12\" height=\"12\" fill=\"none\" viewBox=\"0 0 12 12\">\n\t\t\t\t<path fill=\"#fff\" d=\"M2 0a2 2 0 0 0-2 2v2h1.5V2a.5.5 0 0 1 .5-.5h2V0H2Zm2 10.5H2a.5.5 0 0 1-.5-.5V8H0v2a2 2 0 0 0 2 2h2v-1.5ZM8 12v-1.5h2a.5.5 0 0 0 .5-.5V8H12v2a2 2 0 0 1-2 2H8Zm2-12a2 2 0 0 1 2 2v2h-1.5V2a.5.5 0 0 0-.5-.5H8V0h2Z\" \/>\n\t\t\t<\/svg>\n\t\t<\/button><figcaption class=\"wp-element-caption\">La rue Ledra dans Nicosie divis\u00e9e (Photo : A.Savin \/ Wikimedia Commons, FAL)<\/figcaption><\/figure>\n\n\n\n<p class=\"wp-block-paragraph\">Pour passer dans la partie nord de Nicosie, tu dois franchir un point de passage officiel pour pi\u00e9tons et <strong>il te faut imp\u00e9rativement un passeport en cours de validit\u00e9<\/strong>, car la carte d&rsquo;identit\u00e9 ne suffit pas de fa\u00e7on fiable. Tout le processus de contr\u00f4le est g\u00e9n\u00e9ralement rapide et sans souci, mais c&rsquo;est une exp\u00e9rience vraiment forte pour un Europ\u00e9en. En franchissant la fronti\u00e8re, tu te retrouves d&rsquo;un coup dans un univers de march\u00e9s orientaux, de mosqu\u00e9es et de parfums d&rsquo;\u00e9pices, o\u00f9 un tout autre mode de vie saute aux yeux d\u00e8s le premier regard.<\/p>\n\n\n\n<h3 id=\"23_Kyrenia_Girne_a_hrad_nad_pristavem\" class=\"wp-block-heading\"><span class=\"ez-toc-section\" id=\"23_Kyrenia_Girne_et_le_chateau_au-dessus_du_port\"><\/span>23. Kyrenia (Girne) et le ch\u00e2teau au-dessus du port<span class=\"ez-toc-section-end\"><\/span><\/h3>\n\n\n\n<p class=\"wp-block-paragraph\">Kyrenia se trouve sur la c\u00f4te nord et de nombreux voyageurs la consid\u00e8rent \u00e0 juste titre comme le port le plus photog\u00e9nique de toute l&rsquo;\u00eele divis\u00e9e. La baie en forme de fer \u00e0 cheval parfait est bord\u00e9e de vieilles maisons de pierre, des bateaux de bois d&rsquo;aspect ancien y mouillent et, au-dessus de tout cela, <strong>se dresse majestueusement un immense ch\u00e2teau byzantin<\/strong>, qui prot\u00e9geait autrefois la ville des invasions. Un peu au-dessus de la ville, dans les collines, se cachent les magnifiques ruines gothiques de l&rsquo;abbaye de Bellapais, avec une superbe vue sur la mer.<\/p>\n\n\n\n<figure data-wp-context=\"{&quot;imageId&quot;:&quot;6a9944f482c0d&quot;}\" data-wp-interactive=\"core\/image\" data-wp-key=\"6a9944f482c0d\" class=\"wp-block-image size-full wp-lightbox-container\"><img decoding=\"async\" width=\"1500\" height=\"937\" data-wp-class--hide=\"state.isContentHidden\" data-wp-class--show=\"state.isContentVisible\" data-wp-init=\"callbacks.setButtonStyles\" data-wp-on--click=\"actions.showLightbox\" data-wp-on--load=\"callbacks.setButtonStyles\" data-wp-on--pointerdown=\"actions.preloadImage\" data-wp-on--pointerenter=\"actions.preloadImageWithDelay\" data-wp-on--pointerleave=\"actions.cancelPreload\" data-wp-on-window--resize=\"callbacks.setButtonStyles\" src=\"https:\/\/loudavymkrokem.cz\/wp-content\/uploads\/2026\/08\/dovolena-kypr-t23.jpg\" alt=\"Le port et le ch\u00e2teau de Kyrenia\" class=\"wp-image-399919\" title=\"\" srcset=\"https:\/\/loudavymkrokem.cz\/wp-content\/uploads\/2026\/08\/dovolena-kypr-t23.jpg 1500w, https:\/\/loudavymkrokem.cz\/wp-content\/uploads\/2026\/08\/dovolena-kypr-t23-300x187.jpg 300w, https:\/\/loudavymkrokem.cz\/wp-content\/uploads\/2026\/08\/dovolena-kypr-t23-700x437.jpg 700w, https:\/\/loudavymkrokem.cz\/wp-content\/uploads\/2026\/08\/dovolena-kypr-t23-768x480.jpg 768w, https:\/\/loudavymkrokem.cz\/wp-content\/uploads\/2026\/08\/dovolena-kypr-t23-696x435.jpg 696w, https:\/\/loudavymkrokem.cz\/wp-content\/uploads\/2026\/08\/dovolena-kypr-t23-1392x870.jpg 1392w\" sizes=\"(max-width: 1500px) 100vw, 1500px\" \/><button\n\t\t\tclass=\"lightbox-trigger\"\n\t\t\ttype=\"button\"\n\t\t\taria-haspopup=\"dialog\"\n\t\t\tdata-wp-bind--aria-label=\"state.thisImage.triggerButtonAriaLabel\"\n\t\t\tdata-wp-init=\"callbacks.initTriggerButton\"\n\t\t\tdata-wp-on--click=\"actions.showLightbox\"\n\t\t\tdata-wp-style--right=\"state.thisImage.buttonRight\"\n\t\t\tdata-wp-style--top=\"state.thisImage.buttonTop\"\n\t\t>\n\t\t\t<svg xmlns=\"http:\/\/www.w3.org\/2000\/svg\" width=\"12\" height=\"12\" fill=\"none\" viewBox=\"0 0 12 12\">\n\t\t\t\t<path fill=\"#fff\" d=\"M2 0a2 2 0 0 0-2 2v2h1.5V2a.5.5 0 0 1 .5-.5h2V0H2Zm2 10.5H2a.5.5 0 0 1-.5-.5V8H0v2a2 2 0 0 0 2 2h2v-1.5ZM8 12v-1.5h2a.5.5 0 0 0 .5-.5V8H12v2a2 2 0 0 1-2 2H8Zm2-12a2 2 0 0 1 2 2v2h-1.5V2a.5.5 0 0 0-.5-.5H8V0h2Z\" \/>\n\t\t\t<\/svg>\n\t\t<\/button><figcaption class=\"wp-element-caption\">Le port et le ch\u00e2teau de Kyrenia (Photo : A.Savin \/ Wikimedia Commons, FAL)<\/figcaption><\/figure>\n\n\n\n<p class=\"wp-block-paragraph\">Comme ce monument historique se trouve \u00e0 Chypre du Nord, tu dois t&rsquo;y rendre par un point de passage officiel, passeport valide en main. J&rsquo;attire ton attention sur un point tr\u00e8s important : au nord, on ne peut aller <strong>avec une voiture lou\u00e9e au sud qu&rsquo;avec l&rsquo;accord explicite de l&rsquo;agence<\/strong> et avec l&rsquo;obligation d&rsquo;acheter directement \u00e0 la fronti\u00e8re une assurance turque temporaire. Si, au contraire, tu louais b\u00eatement une voiture au nord, tu ne pourrais absolument pas entrer avec elle du c\u00f4t\u00e9 sud, ce qui est, selon les locaux, la m\u00e9saventure la plus fr\u00e9quente des touristes mal inform\u00e9s.<\/p>\n\n\n\n<h3 id=\"24_Famagusta_a_duchem_opustene_Varosha\" class=\"wp-block-heading\"><span class=\"ez-toc-section\" id=\"24_Famagouste_et_la_ville_fantome_de_Varosha\"><\/span>24. Famagouste et la ville fant\u00f4me de Varosha<span class=\"ez-toc-section-end\"><\/span><\/h3>\n\n\n\n<p class=\"wp-block-paragraph\">Famagouste et la station fant\u00f4me abandonn\u00e9e de Varosha repr\u00e9sentent l&rsquo;une des exp\u00e9riences les plus fortes et les plus \u00e9tranges que tu puisses vivre lors de ton p\u00e9riple dans la partie nord de l&rsquo;\u00eele. Dans le centre historique de Famagouste, tu seras \u00e0 coup s\u00fbr surpris par l&rsquo;immense cath\u00e9drale gothique transform\u00e9e en mosqu\u00e9e par l&rsquo;ajout d&rsquo;un minaret \u00e9lanc\u00e9 et par de puissants remparts antiques. Juste \u00e0 c\u00f4t\u00e9 se trouve pourtant le quartier de Varosha, autrefois une station baln\u00e9aire de luxe des stars de cin\u00e9ma, qui est <strong>compl\u00e8tement abandonn\u00e9e depuis la guerre de 1974<\/strong> et se d\u00e9labre derri\u00e8re un fil barbel\u00e9.<\/p>\n\n\n\n<figure data-wp-context=\"{&quot;imageId&quot;:&quot;6a9944f482feb&quot;}\" data-wp-interactive=\"core\/image\" data-wp-key=\"6a9944f482feb\" class=\"wp-block-image size-full wp-lightbox-container\"><img decoding=\"async\" width=\"1500\" height=\"999\" data-wp-class--hide=\"state.isContentHidden\" data-wp-class--show=\"state.isContentVisible\" data-wp-init=\"callbacks.setButtonStyles\" data-wp-on--click=\"actions.showLightbox\" data-wp-on--load=\"callbacks.setButtonStyles\" data-wp-on--pointerdown=\"actions.preloadImage\" data-wp-on--pointerenter=\"actions.preloadImageWithDelay\" data-wp-on--pointerleave=\"actions.cancelPreload\" data-wp-on-window--resize=\"callbacks.setButtonStyles\" src=\"https:\/\/loudavymkrokem.cz\/wp-content\/uploads\/2026\/08\/dovolena-kypr-t24.jpg\" alt=\"La cath\u00e9drale gothique de Famagouste\" class=\"wp-image-399923\" title=\"\" srcset=\"https:\/\/loudavymkrokem.cz\/wp-content\/uploads\/2026\/08\/dovolena-kypr-t24.jpg 1500w, https:\/\/loudavymkrokem.cz\/wp-content\/uploads\/2026\/08\/dovolena-kypr-t24-300x200.jpg 300w, https:\/\/loudavymkrokem.cz\/wp-content\/uploads\/2026\/08\/dovolena-kypr-t24-700x466.jpg 700w, https:\/\/loudavymkrokem.cz\/wp-content\/uploads\/2026\/08\/dovolena-kypr-t24-768x511.jpg 768w, https:\/\/loudavymkrokem.cz\/wp-content\/uploads\/2026\/08\/dovolena-kypr-t24-696x464.jpg 696w, https:\/\/loudavymkrokem.cz\/wp-content\/uploads\/2026\/08\/dovolena-kypr-t24-1392x927.jpg 1392w\" sizes=\"(max-width: 1500px) 100vw, 1500px\" \/><button\n\t\t\tclass=\"lightbox-trigger\"\n\t\t\ttype=\"button\"\n\t\t\taria-haspopup=\"dialog\"\n\t\t\tdata-wp-bind--aria-label=\"state.thisImage.triggerButtonAriaLabel\"\n\t\t\tdata-wp-init=\"callbacks.initTriggerButton\"\n\t\t\tdata-wp-on--click=\"actions.showLightbox\"\n\t\t\tdata-wp-style--right=\"state.thisImage.buttonRight\"\n\t\t\tdata-wp-style--top=\"state.thisImage.buttonTop\"\n\t\t>\n\t\t\t<svg xmlns=\"http:\/\/www.w3.org\/2000\/svg\" width=\"12\" height=\"12\" fill=\"none\" viewBox=\"0 0 12 12\">\n\t\t\t\t<path fill=\"#fff\" d=\"M2 0a2 2 0 0 0-2 2v2h1.5V2a.5.5 0 0 1 .5-.5h2V0H2Zm2 10.5H2a.5.5 0 0 1-.5-.5V8H0v2a2 2 0 0 0 2 2h2v-1.5ZM8 12v-1.5h2a.5.5 0 0 0 .5-.5V8H12v2a2 2 0 0 1-2 2H8Zm2-12a2 2 0 0 1 2 2v2h-1.5V2a.5.5 0 0 0-.5-.5H8V0h2Z\" \/>\n\t\t\t<\/svg>\n\t\t<\/button><figcaption class=\"wp-element-caption\">La cath\u00e9drale gothique de Famagouste (Photo : A.Savin \/ Wikimedia Commons, FAL)<\/figcaption><\/figure>\n\n\n\n<p class=\"wp-block-paragraph\">Cette \u00ab ville des fant\u00f4mes \u00bb s&rsquo;est r\u00e9cemment partiellement ouverte aux visiteurs, donc tu peux te promener sur des chemins goudronn\u00e9s directement entre les h\u00f4tels en ruine et les villas envahies par la v\u00e9g\u00e9tation. Comme pour Kyrenia, tu dois passer par un point de passage officiel, alors <strong>n&rsquo;oublie pas ton passeport et fais tr\u00e8s attention \u00e0 l&rsquo;assurance<\/strong> de ta voiture de location. L&rsquo;euro est certes accept\u00e9 dans de nombreux lieux touristiques, mais on paie officiellement ici en livre turque, alors pr\u00e9pare-toi bien pour ton excursion de l&rsquo;autre c\u00f4t\u00e9 de la fronti\u00e8re.<\/p>\n\n\n\n<h2 id=\"Kde_se_ubytovat_na_Kypru_ktera_oblast_sedne_komu\" class=\"wp-block-heading\"><span class=\"ez-toc-section\" id=\"Ou_loger_a_Chypre_quelle_region_convient_a_qui\"><\/span>O\u00f9 loger \u00e0 Chypre : quelle r\u00e9gion convient \u00e0 qui<span class=\"ez-toc-section-end\"><\/span><\/h2>\n\n\n\n<p class=\"wp-block-paragraph\">Choisir la bonne base est absolument essentiel pour que tes vacances \u00e0 Chypre soient une r\u00e9ussite totale. L&rsquo;\u00eele est assez grande et chaque littoral offre une atmosph\u00e8re compl\u00e8tement diff\u00e9rente, donc il vaut la peine de r\u00e9fl\u00e9chir un instant \u00e0 ce que tu attends vraiment de ton voyage. Alors que la partie ouest s\u00e9duit par son histoire et ses criques un peu plus calmes, l&rsquo;est de l&rsquo;\u00eele vibre au rythme de la vie nocturne et se targue des plages de sable blanc les plus connues.<\/p>\n\n\n\n<p class=\"wp-block-paragraph\"><strong>La plupart des voyageurs recommandent de choisir un seul lieu strat\u00e9gique<\/strong>, d&rsquo;o\u00f9 tu peux ensuite partir en excursion, ou bien de partager ton s\u00e9jour en deux. Les trajets \u00e0 travers toute l&rsquo;\u00eele te priveraient inutilement d&rsquo;un temps que tu pourrais passer un verre de vin \u00e0 la main dans une taverne perdue.<\/p>\n\n\n\n<p class=\"wp-block-paragraph\">\ud83d\udca1 <strong>Astuce :<\/strong> avant de te d\u00e9cider pour un h\u00f4tel pr\u00e9cis, parcours <a href=\"https:\/\/www.stay22.com\/allez\/roam?aid=lukaskonecny&amp;campaign=loudavymkrokemcz&amp;campaign=dovolena-kypr&amp;address=Kypr\" target=\"_blank\" rel=\"nofollow noopener sponsored\">l&rsquo;offre actuelle d&rsquo;h\u00e9bergements \u00e0 Chypre<\/a> et filtre par annulation gratuite. \u00c0 Chypre, les prix varient parfois du simple au double entre haute et basse saison.<\/p>\n\n\n\n<h3 id=\"Prehled_oblasti\" class=\"wp-block-heading\"><span class=\"ez-toc-section\" id=\"Apercu_des_regions\"><\/span>Aper\u00e7u des r\u00e9gions<span class=\"ez-toc-section-end\"><\/span><\/h3>\n\n\n\n<ul class=\"wp-block-list\">\n<li><strong>Paphos<\/strong> est le choix id\u00e9al pour les couples et les amateurs de d\u00e9couverte, car tu y trouves d&rsquo;incroyables monuments arch\u00e9ologiques UNESCO et une atmosph\u00e8re un peu plus calme.<\/li>\n\n\n\n<li><strong>Coral Bay<\/strong> se trouve \u00e0 deux pas de Paphos et offre une belle plage de sable, ce qui en fait un \u00e9norme attrait surtout pour les familles avec de jeunes enfants.<\/li>\n\n\n\n<li><strong>Limassol<\/strong> est la plus grande ville du sud, avec une superbe promenade et une foule de restaurants, o\u00f9 \u00e7a bouge toute l&rsquo;ann\u00e9e, mais compte sur un endroit plus cher.<\/li>\n\n\n\n<li><strong>Ayia Napa<\/strong> se targue des toutes meilleures plages et d&rsquo;une vie nocturne bouillonnante, donc c&rsquo;est plut\u00f4t bruyant et tr\u00e8s anim\u00e9 en pleine saison estivale.<\/li>\n\n\n\n<li><strong>Protaras<\/strong> est \u00e0 deux pas d&rsquo;Ayia Napa, mais offre un bien plus grand calme familial et abrite la fameuse baie de Fig Tree Bay \u00e0 l&rsquo;eau magnifiquement peu profonde.<\/li>\n\n\n\n<li><strong>Larnaca<\/strong> est une excellente base pour les excursions, avec son a\u00e9roport international et son fameux lac sal\u00e9, et c&rsquo;est globalement l&rsquo;option d&rsquo;h\u00e9bergement la moins ch\u00e8re.<\/li>\n<\/ul>\n\n\n\n<h3 id=\"Konkretni_tipy_na_ubytovani\" class=\"wp-block-heading\"><span class=\"ez-toc-section\" id=\"Idees_dhebergement_concretes\"><\/span>Id\u00e9es d&rsquo;h\u00e9bergement concr\u00e8tes<span class=\"ez-toc-section-end\"><\/span><\/h3>\n\n\n\n<ul class=\"wp-block-list\">\n<li><strong><a href=\"https:\/\/www.stay22.com\/allez\/roam?aid=lukaskonecny&amp;campaign=loudavymkrokemcz&amp;campaign=dovolena-kypr&amp;hotelname=Almyra%20Hotel&amp;address=Paphos%2C%20Kypr\" target=\"_blank\" rel=\"noopener nofollow sponsored\">Almyra Hotel<\/a><\/strong> (Paphos) : bel h\u00f4tel design juste au bord de la mer, tr\u00e8s pris\u00e9 des couples en qu\u00eate de romantisme et de services haut de gamme.<\/li>\n\n\n\n<li><strong><a href=\"https:\/\/www.stay22.com\/allez\/roam?aid=lukaskonecny&amp;campaign=loudavymkrokemcz&amp;campaign=dovolena-kypr&amp;hotelname=Elysium%20Hotel&amp;address=Paphos%2C%20Kypr\" target=\"_blank\" rel=\"noopener nofollow sponsored\">Elysium Hotel<\/a><\/strong> (Paphos) : resort de luxe construit juste \u00e0 c\u00f4t\u00e9 des Tombeaux des Rois, o\u00f9 tu te sentiras comme dans un vrai palais.<\/li>\n\n\n\n<li><strong><a href=\"https:\/\/www.stay22.com\/allez\/roam?aid=lukaskonecny&amp;campaign=loudavymkrokemcz&amp;campaign=dovolena-kypr&amp;hotelname=Olympic%20Lagoon%20Resort%20Paphos&amp;address=Paphos%2C%20Kypr\" target=\"_blank\" rel=\"noopener nofollow sponsored\">Olympic Lagoon Resort Paphos<\/a><\/strong> (Paphos) : immense complexe en formule all inclusive, que les voyageurs jugent absolument parfait pour les familles avec enfants.<\/li>\n\n\n\n<li><strong><a href=\"https:\/\/www.stay22.com\/allez\/roam?aid=lukaskonecny&amp;campaign=loudavymkrokemcz&amp;campaign=dovolena-kypr&amp;hotelname=Nissiblu%20Beach%20Resort&amp;address=Ayia%20Napa%2C%20Kypr\" target=\"_blank\" rel=\"noopener nofollow sponsored\">Nissiblu Beach Resort<\/a><\/strong> (Ayia Napa) : joyau moderne cinq \u00e9toiles situ\u00e9 juste au bord de la fameuse plage Nissi Beach, \u00e0 quelques pas seulement de l&rsquo;eau.<\/li>\n\n\n\n<li><strong><a href=\"https:\/\/www.stay22.com\/allez\/roam?aid=lukaskonecny&amp;campaign=loudavymkrokemcz&amp;campaign=dovolena-kypr&amp;hotelname=Adams%20Beach%20Hotel%20%26%20Spa&amp;address=Ayia%20Napa%2C%20Kypr\" target=\"_blank\" rel=\"noopener nofollow sponsored\">Adams Beach Hotel &amp; Spa<\/a><\/strong> (Ayia Napa) : tr\u00e8s vaste resort avec sa propre plage priv\u00e9e, o\u00f9 tu \u00e9chapperas \u00e0 merveille aux foules estivales.<\/li>\n\n\n\n<li><strong><a href=\"https:\/\/www.stay22.com\/allez\/roam?aid=lukaskonecny&amp;campaign=loudavymkrokemcz&amp;campaign=dovolena-kypr&amp;hotelname=Parklane%2C%20a%20Luxury%20Collection%20Resort%20%26%20Spa&amp;address=Limassol%2C%20Kypr\" target=\"_blank\" rel=\"noopener nofollow sponsored\">Parklane, a Luxury Collection Resort &amp; Spa<\/a><\/strong> (Limassol) : resort haut de gamme et tr\u00e8s \u00e9l\u00e9gant avec un superbe lagon, qui comblera m\u00eame les h\u00f4tes les plus exigeants.<\/li>\n<\/ul>\n\n\n\n<h2 id=\"Co_jist_na_Kypru_raj_pro_vegetariany\" class=\"wp-block-heading\"><span class=\"ez-toc-section\" id=\"Que_manger_a_Chypre_un_paradis_pour_les_vegetariens\"><\/span>Que manger \u00e0 Chypre : un paradis pour les v\u00e9g\u00e9tariens<span class=\"ez-toc-section-end\"><\/span><\/h2>\n\n\n\n<p class=\"wp-block-paragraph\">La cuisine chypriote combine avec brio les meilleures influences grecques et proche-orientales, si bien que ton assiette d\u00e9borde toujours de soleil et d&rsquo;herbes fra\u00eeches. <strong>Un \u00e9norme avantage est l&rsquo;accent mis sur les l\u00e9gumes et les fromages locaux<\/strong>, ce qui fait de l&rsquo;\u00eele une destination absolument fantastique pour tous ceux qui ne mangent pas de viande. Bien s\u00fbr, l&rsquo;\u00eele est aussi r\u00e9put\u00e9e pour ses sp\u00e9cialit\u00e9s carn\u00e9es comme l&rsquo;agneau kleftiko cuit lentement ou les traditionnelles saucisses sheftalia qui, para\u00eet-il, embaument \u00e0 chaque coin de rue, mais nous nous concentrons ici sur ce qui ravira les v\u00e9g\u00e9tariens.<\/p>\n\n\n\n<figure data-wp-context=\"{&quot;imageId&quot;:&quot;6a9944f48381b&quot;}\" data-wp-interactive=\"core\/image\" data-wp-key=\"6a9944f48381b\" class=\"wp-block-image size-full wp-lightbox-container\"><img decoding=\"async\" width=\"1500\" height=\"1125\" data-wp-class--hide=\"state.isContentHidden\" data-wp-class--show=\"state.isContentVisible\" data-wp-init=\"callbacks.setButtonStyles\" data-wp-on--click=\"actions.showLightbox\" data-wp-on--load=\"callbacks.setButtonStyles\" data-wp-on--pointerdown=\"actions.preloadImage\" data-wp-on--pointerenter=\"actions.preloadImageWithDelay\" data-wp-on--pointerleave=\"actions.cancelPreload\" data-wp-on-window--resize=\"callbacks.setButtonStyles\" src=\"https:\/\/loudavymkrokem.cz\/wp-content\/uploads\/2026\/08\/dovolena-kypr-food.jpg\" alt=\"Le halloumi, le fromage qui vient de Chypre\" class=\"wp-image-399930\" title=\"\" srcset=\"https:\/\/loudavymkrokem.cz\/wp-content\/uploads\/2026\/08\/dovolena-kypr-food.jpg 1500w, https:\/\/loudavymkrokem.cz\/wp-content\/uploads\/2026\/08\/dovolena-kypr-food-300x225.jpg 300w, https:\/\/loudavymkrokem.cz\/wp-content\/uploads\/2026\/08\/dovolena-kypr-food-700x525.jpg 700w, https:\/\/loudavymkrokem.cz\/wp-content\/uploads\/2026\/08\/dovolena-kypr-food-768x576.jpg 768w, https:\/\/loudavymkrokem.cz\/wp-content\/uploads\/2026\/08\/dovolena-kypr-food-80x60.jpg 80w, https:\/\/loudavymkrokem.cz\/wp-content\/uploads\/2026\/08\/dovolena-kypr-food-160x120.jpg 160w, https:\/\/loudavymkrokem.cz\/wp-content\/uploads\/2026\/08\/dovolena-kypr-food-696x522.jpg 696w, https:\/\/loudavymkrokem.cz\/wp-content\/uploads\/2026\/08\/dovolena-kypr-food-1392x1044.jpg 1392w\" sizes=\"(max-width: 1500px) 100vw, 1500px\" \/><button\n\t\t\tclass=\"lightbox-trigger\"\n\t\t\ttype=\"button\"\n\t\t\taria-haspopup=\"dialog\"\n\t\t\tdata-wp-bind--aria-label=\"state.thisImage.triggerButtonAriaLabel\"\n\t\t\tdata-wp-init=\"callbacks.initTriggerButton\"\n\t\t\tdata-wp-on--click=\"actions.showLightbox\"\n\t\t\tdata-wp-style--right=\"state.thisImage.buttonRight\"\n\t\t\tdata-wp-style--top=\"state.thisImage.buttonTop\"\n\t\t>\n\t\t\t<svg xmlns=\"http:\/\/www.w3.org\/2000\/svg\" width=\"12\" height=\"12\" fill=\"none\" viewBox=\"0 0 12 12\">\n\t\t\t\t<path fill=\"#fff\" d=\"M2 0a2 2 0 0 0-2 2v2h1.5V2a.5.5 0 0 1 .5-.5h2V0H2Zm2 10.5H2a.5.5 0 0 1-.5-.5V8H0v2a2 2 0 0 0 2 2h2v-1.5ZM8 12v-1.5h2a.5.5 0 0 0 .5-.5V8H12v2a2 2 0 0 1-2 2H8Zm2-12a2 2 0 0 1 2 2v2h-1.5V2a.5.5 0 0 0-.5-.5H8V0h2Z\" \/>\n\t\t\t<\/svg>\n\t\t<\/button><figcaption class=\"wp-element-caption\">Le halloumi, le fromage qui vient de Chypre (Photo : Hmioannou \/ Wikimedia Commons, CC BY 3.0)<\/figcaption><\/figure>\n\n\n\n<p class=\"wp-block-paragraph\">En visitant les tavernes locales, tu ne te tromperas pas en go\u00fbtant divers petits amuse-bouches \u00e0 partager avec tes amis \u00e0 table. <strong>L&rsquo;hospitalit\u00e9 est ici prise tr\u00e8s au s\u00e9rieux<\/strong>, donc les portions sont vraiment g\u00e9n\u00e9reuses et on y ajoute souvent une petite attention de la maison.<\/p>\n\n\n\n<ul class=\"wp-block-list\">\n<li><strong>halloumi<\/strong> : ce c\u00e9l\u00e8bre fromage au lait de brebis et de ch\u00e8vre vient directement de Chypre, se grille \u00e0 merveille, ne fond pas du tout et a un go\u00fbt absolument divin.<\/li>\n\n\n\n<li><strong>meze<\/strong> : festin traditionnel compos\u00e9 de vingt petites assiettes ou plus, et beaucoup de tavernes proposent aussi un meze enti\u00e8rement v\u00e9g\u00e9tarien plein de sauces et de fromages.<\/li>\n\n\n\n<li><strong>kolokotes<\/strong> : chaussons traditionnels et purement v\u00e9g\u00e9tariens, garnis de courge sucr\u00e9e, de raisins secs et de bl\u00e9, ce qui cr\u00e9e une combinaison de saveurs tr\u00e8s int\u00e9ressante.<\/li>\n\n\n\n<li><strong>louvi<\/strong> : plat sain et nourrissant \u00e0 base de haricots \u00e0 \u0153il noir cuits avec des l\u00e9gumes-feuilles frais, g\u00e9n\u00e9reusement arros\u00e9 de citron et d&rsquo;huile d&rsquo;olive.<\/li>\n\n\n\n<li><strong>gemista<\/strong> : l\u00e9gumes fondants cuits au four et farcis de riz et d&rsquo;herbes, le plus souvent de grosses tomates, des poivrons ou des courgettes.<\/li>\n\n\n\n<li><strong>kolokythokeftedes<\/strong> : d\u00e9licieuses galettes de courgette frites \u00e0 la feta et \u00e0 la menthe fra\u00eeche, qui se marient \u00e0 merveille avec une sauce au yaourt.<\/li>\n\n\n\n<li><strong>anari au sirop de caroube<\/strong> : fromage de lactos\u00e9rum frais au go\u00fbt d\u00e9licat, napp\u00e9 de sirop de caroube et servi comme dessert l\u00e9ger typique.<\/li>\n\n\n\n<li><strong>Commandaria<\/strong> : vin de dessert doux de couleur ambr\u00e9e, dont on dit volontiers qu&rsquo;il s&rsquo;agit du plus vieux vin encore produit au monde.<\/li>\n<\/ul>\n\n\n\n<p class=\"wp-block-paragraph\">\ud83d\udca1 ASTUCE : si tu commandes un meze v\u00e9g\u00e9tarien au restaurant, il arrive toujours pour toute la table et en quantit\u00e9 absolument \u00e9norme. Ne commande surtout pas de plat principal en plus, car tu ne finirais jamais tout. \ud83d\ude05<\/p>\n\n\n\n<h2 id=\"Doprava_po_Kypru_auto_autobusy_a_prechod_na_sever\" class=\"wp-block-heading\"><span class=\"ez-toc-section\" id=\"Se_deplacer_a_Chypre_voiture_bus_et_passage_vers_le_nord\"><\/span>Se d\u00e9placer \u00e0 Chypre : voiture, bus et passage vers le nord<span class=\"ez-toc-section-end\"><\/span><\/h2>\n\n\n\n<p class=\"wp-block-paragraph\">Se d\u00e9placer sur l&rsquo;\u00eele a ses sp\u00e9cificit\u00e9s et mieux vaut s&rsquo;y pr\u00e9parer \u00e0 l&rsquo;avance pour ne pas \u00eatre pris au d\u00e9pourvu sur place. <strong>Le plus grand pi\u00e8ge pour nous, c&rsquo;est la conduite<\/strong>, car Chypre a conserv\u00e9 de l&rsquo;\u00e9poque britannique une foule d&rsquo;habitudes qui se retrouvent dans la vie quotidienne. D\u00e8s ton arriv\u00e9e, tu d\u00e9couvriras aussi qu&rsquo;il te faut un adaptateur pour ton \u00e9lectronique, car les prises britanniques classiques \u00e0 trois broches de type G sont la norme.<\/p>\n\n\n\n<h3 id=\"Jezdi_se_vlevo\" class=\"wp-block-heading\"><span class=\"ez-toc-section\" id=\"On_roule_a_gauche\"><\/span>On roule \u00e0 gauche<span class=\"ez-toc-section-end\"><\/span><\/h3>\n\n\n\n<p class=\"wp-block-paragraph\">H\u00e9ritage des Britanniques, on roule strictement \u00e0 gauche sur toute l&rsquo;\u00eele, ce dont il faut tenir compte d\u00e8s la prise en main du v\u00e9hicule \u00e0 l&rsquo;agence. Toutes les voitures ont le volant \u00e0 droite et tu passeras les vitesses de la main gauche, donc les voyageurs recommandent souvent de payer un suppl\u00e9ment pour une bo\u00eete automatique, ce qui t&rsquo;\u00e9pargnera beaucoup de stress. <strong>Accorde une attention particuli\u00e8re aux ronds-points<\/strong>, sur lesquels on tourne dans le sens des aiguilles d&rsquo;une montre, ce que le cerveau a d&rsquo;abord un peu de mal \u00e0 assimiler.<\/p>\n\n\n\n<h3 id=\"Autobusy_versus_pujcene_auto\" class=\"wp-block-heading\"><span class=\"ez-toc-section\" id=\"Le_bus_face_a_la_voiture_de_location\"><\/span>Le bus face \u00e0 la voiture de location<span class=\"ez-toc-section-end\"><\/span><\/h3>\n\n\n\n<p class=\"wp-block-paragraph\">Les bus interurbains fonctionnent assez bien dans le sud de l&rsquo;\u00eele et, pour un prix raisonnable, ils relient toutes les grandes villes le long du littoral. Mais si tu pr\u00e9vois de partir vers les montagnes fra\u00eeches du Troodos, la p\u00e9ninsule sauvage d&rsquo;Akamas ou les d\u00e9parts des meilleures randonn\u00e9es, tu <strong>ne les atteindras r\u00e9ellement qu&rsquo;avec une voiture de location<\/strong>. Les transports publics vers les endroits plus recul\u00e9s ne circulent soit pas du tout, soit une seule fois par jour, donc sans ton propre v\u00e9hicule tu passeras \u00e0 c\u00f4t\u00e9 des plus beaux paysages naturels.<\/p>\n\n\n\n<h3 id=\"Jak_prejit_Zelenou_linii_na_sever\" class=\"wp-block-heading\"><span class=\"ez-toc-section\" id=\"Comment_franchir_la_Ligne_verte_vers_le_nord\"><\/span>Comment franchir la Ligne verte vers le nord<span class=\"ez-toc-section-end\"><\/span><\/h3>\n\n\n\n<p class=\"wp-block-paragraph\">L&rsquo;\u00eele est divis\u00e9e depuis 1974 par une zone tampon de l&rsquo;ONU entre la R\u00e9publique de Chypre au sud et Chypre du Nord, Nicosie \u00e9tant la derni\u00e8re capitale divis\u00e9e d&rsquo;Europe. Cette Ligne verte se franchit aux points de passage officiels, mais tu as <strong>toujours besoin d&rsquo;un passeport valide sur toi<\/strong>, car une simple carte d&rsquo;identit\u00e9 ne suffit parfois pas aux fonctionnaires, qui pourraient te renvoyer. Au nord, on paie aussi en livre turque et, m\u00eame si l&rsquo;euro est accept\u00e9 \u00e0 de nombreux endroits, le taux est tr\u00e8s d\u00e9favorable.<\/p>\n\n\n\n<p class=\"wp-block-paragraph\">La plus grosse m\u00e9saventure des touristes concerne les voitures de location, car avec une voiture lou\u00e9e au sud tu ne peux aller au nord qu&rsquo;avec l&rsquo;accord explicite de ton agence. De plus, ton assurance du sud n&rsquo;est en aucun cas valable au nord et tu <strong>dois acheter directement au point de passage une assurance turque temporaire<\/strong>. Avec une voiture lou\u00e9e au nord, on ne peut ensuite absolument pas aller au sud : fais-y tr\u00e8s attention.<\/p>\n\n\n\n<h2 id=\"Kolik_stoji_dovolena_na_Kypru\" class=\"wp-block-heading\"><span class=\"ez-toc-section\" id=\"Combien_coutent_des_vacances_a_Chypre\"><\/span>Combien co\u00fbtent des vacances \u00e0 Chypre<span class=\"ez-toc-section-end\"><\/span><\/h2>\n\n\n\n<p class=\"wp-block-paragraph\">Le budget du voyage d\u00e9pend surtout du mois o\u00f9 tu d\u00e9cides de partir, car en juillet et ao\u00fbt les prix de l&rsquo;h\u00e9bergement s&rsquo;envolent. <strong>Chypre est globalement plus ch\u00e8re que la Gr\u00e8ce continentale<\/strong> et revient nettement plus cher que la Croatie tr\u00e8s pris\u00e9e, mais hors haute saison, les prix savent redescendre agr\u00e9ablement. Tous les services se paient au sud en euros et, dans les zones touristiques, tu te d\u00e9brouilles sans probl\u00e8me avec une carte bancaire.<\/p>\n\n\n\n<p class=\"wp-block-paragraph\">Ci-dessous, je te donne une estimation indicative des co\u00fbts pour deux personnes sur une semaine, afin que tu te fasses une meilleure id\u00e9e du budget global. Prends ces montants avec des pincettes, car beaucoup d\u00e9pend de ton style de voyage.<\/p>\n\n\n\n<ul class=\"wp-block-list\">\n<li><strong>Billets d&rsquo;avion :<\/strong> de Paris, des vols directs desservent Larnaca et Paphos en environ 4 heures ; un aller-retour co\u00fbte g\u00e9n\u00e9ralement de 100 \u00e0 250 \u20ac par personne.<\/li>\n\n\n\n<li><strong>H\u00e9bergement :<\/strong> pour une chambre correcte pour deux, tu paies de 60 \u00e0 150 \u20ac la nuit, les resorts de luxe co\u00fbtant facilement le triple.<\/li>\n\n\n\n<li><strong>Nourriture :<\/strong> un d\u00e9jeuner ou un d\u00eener dans une taverne moyenne revient \u00e0 15\u201325 \u20ac par personne, donc sur une semaine tu d\u00e9penseras environ 350 \u00e0 500 \u20ac.<\/li>\n\n\n\n<li><strong>Location de voiture :<\/strong> une petite voiture avec assurance co\u00fbte autour de 30 \u00e0 50 \u20ac par jour, une location \u00e0 la semaine avec l&rsquo;essence engloutit environ 300 \u20ac.<\/li>\n\n\n\n<li><strong>Entr\u00e9es et activit\u00e9s :<\/strong> l&rsquo;entr\u00e9e des parcs arch\u00e9ologiques est tr\u00e8s bon march\u00e9, g\u00e9n\u00e9ralement 4 \u00e0 5 \u20ac, donc sur une semaine un budget d&rsquo;environ 40 \u20ac te suffira.<\/li>\n<\/ul>\n\n\n\n<p class=\"wp-block-paragraph\">\ud83d\udca1 ASTUCE : si tu veux \u00e9conomiser une part importante de ton budget d\u00e8s le d\u00e9part, jette un \u0153il \u00e0 notre guide d\u00e9taill\u00e9 <a href=\"https:\/\/loudavymkrokem.cz\/fr\/trouver-vols-pas-chers-astuces\/\">pour trouver des billets d&rsquo;avion pas chers<\/a>, o\u00f9 tu trouveras une foule de conseils utiles.<\/p>\n\n\n\n<h2 id=\"Na_co_si_dat_na_Kypru_pozor\" class=\"wp-block-heading\"><span class=\"ez-toc-section\" id=\"A_quoi_faire_attention_a_Chypre\"><\/span>\u00c0 quoi faire attention \u00e0 Chypre<span class=\"ez-toc-section-end\"><\/span><\/h2>\n\n\n\n<p class=\"wp-block-paragraph\">Chaque pays a ses petits pi\u00e8ges et mieux vaut les conna\u00eetre \u00e0 l&rsquo;avance plut\u00f4t que de laisser g\u00e2cher tes jours de repos bien m\u00e9rit\u00e9s. <strong>Les plus grands risques ne viennent pas ici de la criminalit\u00e9<\/strong>, car l&rsquo;\u00eele fait partie des endroits les plus s\u00fbrs qui soient, mais plut\u00f4t des r\u00e8gles locales et du climat sans concession. Les langues officielles sont le grec et le turc, mais gr\u00e2ce \u00e0 la forte histoire britannique tu te d\u00e9brouilles partout en anglais tout \u00e0 fait couramment.<\/p>\n\n\n\n<ul class=\"wp-block-list\">\n<li><strong>Conduite \u00e0 gauche :<\/strong> le cerveau oublie parfois que tu roules \u00e0 gauche, donc une vigilance maximale s&rsquo;impose surtout en abordant les ronds-points et en traversant la rue.<\/li>\n\n\n\n<li><strong>Assurance et voiture au nord :<\/strong> ne va jamais au nord avec une voiture de location sans l&rsquo;accord de l&rsquo;agence et ach\u00e8te toujours l&rsquo;assurance turque \u00e0 la fronti\u00e8re, sinon en cas d&rsquo;accident tu paies tout de ta poche.<\/li>\n\n\n\n<li><strong>Passeport pour franchir la Ligne verte :<\/strong> pour visiter la partie nord de l&rsquo;\u00eele, il te faut un passeport, la seule carte d&rsquo;identit\u00e9 ne suffit souvent pas et les douaniers te font demi-tour au point de contr\u00f4le.<\/li>\n\n\n\n<li><strong>Chaleur extr\u00eame en \u00e9t\u00e9 :<\/strong> en juillet et ao\u00fbt r\u00e8gnent des temp\u00e9ratures vraiment \u00e9crasantes, Larnaca affichant couramment une moyenne de 33,4 \u00b0C, ce qui peut \u00eatre insupportable pour les plus sensibles.<\/li>\n\n\n\n<li><strong>Soleil intense sur les sites :<\/strong> les sites arch\u00e9ologiques comme Paphos ou Kourion n&rsquo;ont quasiment aucune ombre, alors pars-y t\u00f4t le matin avec une grande r\u00e9serve d&rsquo;eau et un couvre-chef.<\/li>\n\n\n\n<li><strong>M\u00e9duses et oursins :<\/strong> autour des pointes rocheuses tu croises parfois des oursins, donc des chaussures d&rsquo;eau ne seront pas de trop, et en \u00e9t\u00e9 des m\u00e9duses peuvent exceptionnellement appara\u00eetre pr\u00e8s du littoral.<\/li>\n\n\n\n<li><strong>Fermetures des gorges d&rsquo;Avakas :<\/strong> s&rsquo;il pleut, les gorges d&rsquo;Avakas tr\u00e8s pris\u00e9es sont ferm\u00e9es sans compromis \u00e0 tous les touristes en raison du risque de chutes de pierres et de crues soudaines.<\/li>\n<\/ul>\n\n\n\n<h2 id=\"Kypr_s_detmi\" class=\"wp-block-heading\"><span class=\"ez-toc-section\" id=\"Chypre_avec_des_enfants\"><\/span>Chypre avec des enfants<span class=\"ez-toc-section-end\"><\/span><\/h2>\n\n\n\n<p class=\"wp-block-paragraph\">Les habitants adorent tout simplement les familles avec enfants et, au restaurant, ils ne te regarderont jamais de travers si ta prog\u00e9niture n&rsquo;a pas son bon jour. <strong>L&rsquo;\u00eele offre une excellente infrastructure pour les petits voyageurs<\/strong>, des resorts s\u00fbrs aux attractions int\u00e9ressantes qui amusent toute la famille. Comme tu trouves partout les articles de base pour b\u00e9b\u00e9 et les couches, tu n&rsquo;as pas \u00e0 tra\u00eener de valises inutilement bourr\u00e9es depuis chez toi.<\/p>\n\n\n\n<ul class=\"wp-block-list\">\n<li><strong>Fig Tree Bay et Nissi Beach :<\/strong> ces deux plages r\u00e9put\u00e9es ont une eau merveilleusement peu profonde et un sable fin, donc les enfants peuvent y jouer en s\u00e9curit\u00e9 des heures durant.<\/li>\n\n\n\n<li><strong>WaterWorld \u00e0 Ayia Napa :<\/strong> cet immense parc aquatique sur le th\u00e8me de la Gr\u00e8ce antique compterait parmi les meilleurs d&rsquo;Europe et occupe sans probl\u00e8me les enfants, grands comme petits, toute la journ\u00e9e.<\/li>\n\n\n\n<li><strong>Les tortues marines de Lara Bay :<\/strong> en saison d&rsquo;\u00e9closion, tu peux observer avec pr\u00e9caution les nids de tortues prot\u00e9g\u00e9s sur la plage semi-sauvage de Lara Bay, un immense moment pour les enfants.<\/li>\n\n\n\n<li><strong>Courtes distances et anglais :<\/strong> les enfants ne s&rsquo;ennuieront pas lors de longs trajets en voiture et un \u00e9ventuel souci chez le m\u00e9decin se r\u00e8gle facilement en anglais courant.<\/li>\n\n\n\n<li><strong>Les montagnes du Troodos comme \u00e9chappatoire \u00e0 la chaleur :<\/strong> quand il fait trop chaud au bord de mer, il fait toujours quelques degr\u00e9s de moins dans les montagnes bois\u00e9es, o\u00f9 tu trouves une foule de petites promenades.<\/li>\n<\/ul>\n\n\n\n<h2 id=\"Kam_dal_dalsi_tipy_na_dovolenou_u_more\" class=\"wp-block-heading\"><span class=\"ez-toc-section\" id=\"Et_apres_dautres_idees_de_vacances_a_la_mer\"><\/span>Et apr\u00e8s : d&rsquo;autres id\u00e9es de vacances \u00e0 la mer<span class=\"ez-toc-section-end\"><\/span><\/h2>\n\n\n\n<p class=\"wp-block-paragraph\">Si tu ne sais pas encore tout \u00e0 fait o\u00f9 partir cette ann\u00e9e et que tu envisages plusieurs options, nous avons pr\u00e9par\u00e9 pour toi une foule d&rsquo;autres guides. <strong>La M\u00e9diterran\u00e9e offre une infinit\u00e9 de belles \u00eeles<\/strong>, donc tu choisiras \u00e0 coup s\u00fbr le bon coin de plage selon tes envies. Jette un \u0153il \u00e0 nos articles favoris, qui t&rsquo;aideront \u00e0 planifier et t&rsquo;\u00e9pargneront des heures de recherche sur Internet.<\/p>\n\n\n\n<ul class=\"wp-block-list\">\n<li><a href=\"https:\/\/loudavymkrokem.cz\/fr\/septembre-meilleures-destinations-vacances\/\">O\u00f9 partir en vacances en septembre<\/a><\/li>\n\n\n\n<li><a href=\"https:\/\/loudavymkrokem.cz\/fr\/quand-partir-grece-meteo\/\">Quand partir en Gr\u00e8ce<\/a><\/li>\n\n\n\n<li><a href=\"https:\/\/loudavymkrokem.cz\/fr\/vacances-rhodes-grece\/\">Vacances \u00e0 Rhodes<\/a><\/li>\n\n\n\n<li><a href=\"https:\/\/loudavymkrokem.cz\/fr\/trouver-vols-pas-chers-astuces\/\">Trouver des billets d&rsquo;avion pas chers<\/a><\/li>\n\n\n\n<li><a href=\"https:\/\/loudavymkrokem.cz\/jak-vybrat-cestovni-pojisteni-na-dovolenou\/\">Assurance voyage<\/a><\/li>\n<\/ul>\n\n\n\n<h2 id=\"Casto_kladene_otazky\" class=\"wp-block-heading\"><span class=\"ez-toc-section\" id=\"Foire_aux_questions\"><\/span>Foire aux questions<span class=\"ez-toc-section-end\"><\/span><\/h2>\n\n\n\n<p class=\"wp-block-paragraph\">En pr\u00e9parant un voyage, une foule de petites questions surgissent parfois, qu&rsquo;il faut vite trancher. Nous avons donc rassembl\u00e9 les choses les plus fr\u00e9quemment demand\u00e9es avant le d\u00e9part, pour que tu aies toutes les infos importantes bien r\u00e9unies et ne perdes pas de temps \u00e0 chercher sur les forums.<\/p>\n\n\n<div id=\"rank-math-faq\" class=\"rank-math-block\">\n<div class=\"rank-math-list \">\n<div id=\"faq-question-1787756940000\" class=\"rank-math-list-item\">\n<h3 class=\"rank-math-question \"><span class=\"ez-toc-section\" id=\"Quelle_est_la_meilleure_periode_pour_aller_a_Chypre\"><\/span>Quelle est la meilleure p\u00e9riode pour aller \u00e0 Chypre ?<span class=\"ez-toc-section-end\"><\/span><\/h3>\n<div class=\"rank-math-answer \">\n\n<p>La p\u00e9riode id\u00e9ale pour visiter l&rsquo;\u00eele s&rsquo;\u00e9tend d&rsquo;avril \u00e0 juin puis de septembre \u00e0 novembre, lorsque vous \u00e9vitez les plus grandes extr\u00eames estivales. Selon les statistiques de long terme, il fait vraiment une chaleur accablante en ao\u00fbt, lorsque les temp\u00e9ratures moyennes grimpent \u00e0 32,4 \u00b0C, ce qui rend la visite des monuments tr\u00e8s difficile. En revanche, les voyageurs ne tarissent pas d&rsquo;\u00e9loges sur les mois d&rsquo;automne, car la mer est merveilleusement r\u00e9chauff\u00e9e apr\u00e8s tout l&rsquo;\u00e9t\u00e9. M\u00eame en novembre, l&rsquo;eau affiche encore une agr\u00e9able temp\u00e9rature de 24,5 \u00b0C, vous pouvez donc vous r\u00e9chauffer sans probl\u00e8me et profiter de la baignade sans les foules.<\/p>\n\n<\/div>\n<\/div>\n<div id=\"faq-question-1787756940001\" class=\"rank-math-list-item\">\n<h3 class=\"rank-math-question \"><span class=\"ez-toc-section\" id=\"Combien_de_temps_faut-il_pour_Chypre\"><\/span>Combien de temps faut-il pour Chypre ?<span class=\"ez-toc-section-end\"><\/span><\/h3>\n<div class=\"rank-math-answer \">\n\n<p>Si vous souhaitez vous d\u00e9tendre dans une seule r\u00e9gion et explorer ses environs imm\u00e9diats, cinq jours vous suffiront amplement. Pour des vacances classiques, lorsque vous pr\u00e9voyez de parcourir tout le sud de l&rsquo;\u00eele de Paphos jusqu&rsquo;\u00e0 Ayia Napa, r\u00e9servez id\u00e9alement une semaine enti\u00e8re pour ne pas avoir \u00e0 vous presser inutilement. Les voyageurs qui souhaitent inclure \u00e9galement les pittoresques villages de montagne dans les montagnes du Troodos et faire une excursion sur le c\u00f4t\u00e9 nord choisissent le plus souvent un itin\u00e9raire de dix jours. En dix jours, vous aurez le temps de vous impr\u00e9gner de l&rsquo;atmosph\u00e8re locale et de visiter les monuments historiques les plus int\u00e9ressants en toute tranquillit\u00e9.<\/p>\n\n<\/div>\n<\/div>\n<div id=\"faq-question-1787756940002\" class=\"rank-math-list-item\">\n<h3 class=\"rank-math-question \"><span class=\"ez-toc-section\" id=\"Peut-on_se_baigner_a_Chypre_en_octobre_et_novembre\"><\/span>Peut-on se baigner \u00e0 Chypre en octobre et novembre ?<span class=\"ez-toc-section-end\"><\/span><\/h3>\n<div class=\"rank-math-answer \">\n\n<p>Oui, l&rsquo;\u00eele se vante de poss\u00e9der probablement la saison de baignade la plus longue de toute l&rsquo;Europe et la baignade automnale y est absolument fantastique. En octobre, la mer affiche une magnifique temp\u00e9rature de 26,7 \u00b0C, ce qui est bien plus agr\u00e9able pour beaucoup de gens qu&rsquo;une baignoire chauff\u00e9e en plein \u00e9t\u00e9. En novembre, la temp\u00e9rature de l&rsquo;eau baisse l\u00e9g\u00e8rement, mais se maintient encore \u00e0 un beau 24,5 \u00b0C, de sorte que les natures les plus endurcies se jettent dans les vagues avec une immense joie. L&rsquo;air n&rsquo;est certes plus aussi chaud, mais le soleil r\u00e9chauffe toujours agr\u00e9ablement et les plages affichent un vide r\u00e9jouissant.<\/p>\n\n<\/div>\n<\/div>\n<div id=\"faq-question-1787756940003\" class=\"rank-math-list-item\">\n<h3 class=\"rank-math-question \"><span class=\"ez-toc-section\" id=\"Ai-je_besoin_dune_voiture_a_Chypre\"><\/span>Ai-je besoin d&rsquo;une voiture \u00e0 Chypre ?<span class=\"ez-toc-section-end\"><\/span><\/h3>\n<div class=\"rank-math-answer \">\n\n<p>Cela d\u00e9pend principalement du type de vacances que vous pr\u00e9voyez de passer. Si vous comptez rester uniquement sur la c\u00f4te et vous d\u00e9placer occasionnellement entre les grandes villes, vous n&rsquo;avez pas n\u00e9cessairement besoin d&rsquo;une voiture, car les bus fonctionnent assez bien. Mais si vous souhaitez partir dans les montagnes du Troodos, explorer la p\u00e9ninsule isol\u00e9e d&rsquo;Akamas ou d\u00e9couvrir des plages perdues, vous ne pourrez vraiment pas vous passer d&rsquo;une voiture de location. N&rsquo;oubliez cependant pas que l&rsquo;on conduit strictement \u00e0 gauche ici, ce qui peut \u00eatre un peu stressant au d\u00e9but pour certains conducteurs.<\/p>\n\n<\/div>\n<\/div>\n<div id=\"faq-question-1787756940004\" class=\"rank-math-list-item\">\n<h3 class=\"rank-math-question \"><span class=\"ez-toc-section\" id=\"Puis-je_aller_du_sud_au_nord_de_Chypre\"><\/span>Puis-je aller du sud au nord de Chypre ?<span class=\"ez-toc-section-end\"><\/span><\/h3>\n<div class=\"rank-math-answer \">\n\n<p>Le passage de la Ligne verte est possible via les postes fronti\u00e8res officiels, mais vous avez toujours besoin d&rsquo;un passeport valide pour cela, car avec une carte d&rsquo;identit\u00e9 vous pourriez rencontrer des probl\u00e8mes. Avec une voiture lou\u00e9e au sud, vous pouvez traverser vers le nord uniquement avec le consentement explicite de votre loueur et vous devez acheter une assurance turque temporaire \u00e0 la fronti\u00e8re. Dans l&rsquo;autre sens, cela ne fonctionne toutefois pas du tout, avec une voiture lou\u00e9e au nord vous ne devez en aucun cas aller au sud, faites-y vraiment tr\u00e8s attention.<\/p>\n\n<\/div>\n<\/div>\n<div id=\"faq-question-1787756940005\" class=\"rank-math-list-item\">\n<h3 class=\"rank-math-question \"><span class=\"ez-toc-section\" id=\"Chypre_est-elle_chere\"><\/span>Chypre est-elle ch\u00e8re ?<span class=\"ez-toc-section-end\"><\/span><\/h3>\n<div class=\"rank-math-answer \">\n\n<p>On peut g\u00e9n\u00e9ralement dire que l&rsquo;\u00eele est un peu plus ch\u00e8re que la Gr\u00e8ce continentale et nettement plus ch\u00e8re que la Bulgarie, destination pris\u00e9e. Le principal poste de d\u00e9pense dans le budget est g\u00e9n\u00e9ralement l&rsquo;h\u00e9bergement pendant la haute saison estivale, lorsque les prix des h\u00f4tels grimpent \u00e0 des hauteurs vertigineuses, et la location de voiture engloutit \u00e9galement pas mal d&rsquo;argent. Mais si vous partez en dehors des mois les plus charg\u00e9s, les prix des h\u00e9bergements baissent agr\u00e9ablement et les vacances peuvent \u00eatre obtenues pour un prix tr\u00e8s raisonnable. La nourriture dans les tavernes maintient des prix plus ou moins stables et la qualit\u00e9 des portions vaut assur\u00e9ment l&rsquo;argent d\u00e9pens\u00e9.<\/p>\n\n<\/div>\n<\/div>\n<div id=\"faq-question-1787756940006\" class=\"rank-math-list-item\">\n<h3 class=\"rank-math-question \"><span class=\"ez-toc-section\" id=\"Quelle_est_la_nourriture_pour_les_vegetariens_a_Chypre\"><\/span>Quelle est la nourriture pour les v\u00e9g\u00e9tariens \u00e0 Chypre ?<span class=\"ez-toc-section-end\"><\/span><\/h3>\n<div class=\"rank-math-answer \">\n\n<p>La cuisine locale est absolument fantastique pour les personnes qui ne mangent pas de viande et vous ne souffrirez certainement pas de la faim ici. L&rsquo;\u00eele est le berceau du c\u00e9l\u00e8bre fromage halloumi, qui se grille \u00e0 merveille, et chaque bonne taverne vous pr\u00e9parera volontiers un g\u00e9n\u00e9reux meze v\u00e9g\u00e9tarien rempli de trempettes et de salades. Vous devriez apparemment go\u00fbter \u00e9galement les kolokotes traditionnels fourr\u00e9s \u00e0 la citrouille, le plat copieux louvi \u00e0 base de haricots cornille ou la populaire gemistu, qui sont des l\u00e9gumes farcis au riz. L&rsquo;offre de plats sans viande est si large ici que vous ne saurez pas quoi choisir en premier sur le menu.<\/p>\n\n<\/div>\n<\/div>\n<div id=\"faq-question-1787756940007\" class=\"rank-math-list-item\">\n<h3 class=\"rank-math-question \"><span class=\"ez-toc-section\" id=\"Chypre_est-elle_sure\"><\/span>Chypre est-elle s\u00fbre ?<span class=\"ez-toc-section-end\"><\/span><\/h3>\n<div class=\"rank-math-answer \">\n\n<p>L&rsquo;\u00eele fait r\u00e9guli\u00e8rement partie des pays les plus s\u00fbrs de toute l&rsquo;Europe et en termes de criminalit\u00e9 ordinaire, vous n&rsquo;avez vraiment rien \u00e0 craindre ici. Paradoxalement, les plus grands risques pour les touristes sont repr\u00e9sent\u00e9s par la circulation elle-m\u00eame, car le trafic \u00e0 gauche peut d\u00e9sagr\u00e9ablement surprendre les pi\u00e9tons non pr\u00e9par\u00e9s lors de la travers\u00e9e de la rue. Un autre grand \u00e9pouvantail est le soleil d&rsquo;\u00e9t\u00e9 tra\u00eetre, qui a une force incroyable, donc vous ne devriez absolument pas sortir sans cr\u00e8me solaire de qualit\u00e9 et sans chapeau. Si vous faites attention \u00e0 ces deux choses, vous profiterez d&rsquo;un s\u00e9jour totalement d\u00e9tendu et sans perturbations.<\/p>\n\n<\/div>\n<\/div>\n<\/div>\n<\/div>","protected":false},"excerpt":{"rendered":"<p>Tu pr\u00e9vois un voyage en M\u00e9diterran\u00e9e et tu veux savoir combien co\u00fbtent des vacances \u00e0 Chypre, ce qu&rsquo;il faut absolument voir et quels pi\u00e8ges \u00e9viter en pr\u00e9parant ton s\u00e9jour ?<\/p>\n","protected":false},"author":3,"featured_media":399834,"comment_status":"open","ping_status":"open","sticky":false,"template":"","format":"standard","meta":{"_acf_changed":false,"footnotes":"","rank_math_title":"Vacances \u00e0 Chypre : 24 id\u00e9es de visites en 2026","rank_math_description":"Vacances \u00e0 Chypre : 24 lieux \u00e0 voir, m\u00e9t\u00e9o mois par mois, plages, o\u00f9 loger et prix. Pr\u00e9pare ton voyage 2026 en toute s\u00e9r\u00e9nit\u00e9, d\u00e9couvre nos conseils !","rank_math_focus_keyword":"chypre","rank_math_seo_score":""},"categories":[558,650],"tags":[],"class_list":["post-409214","post","type-post","status-publish","format-standard","has-post-thumbnail","category-europe","category-voyages"],"acf":[],"featured_image_src":"https:\/\/loudavymkrokem.cz\/wp-content\/uploads\/2026\/08\/dovolena-kypr-hero.jpg","author_info":{"display_name":"Lucie Kone\u010dn\u00e1","author_link":"https:\/\/loudavymkrokem.cz\/fr\/author\/lucie-konecna\/"},"_links":{"self":[{"href":"https:\/\/loudavymkrokem.cz\/fr\/wp-json\/wp\/v2\/posts\/409214","targetHints":{"allow":["GET"]}}],"collection":[{"href":"https:\/\/loudavymkrokem.cz\/fr\/wp-json\/wp\/v2\/posts"}],"about":[{"href":"https:\/\/loudavymkrokem.cz\/fr\/wp-json\/wp\/v2\/types\/post"}],"author":[{"embeddable":true,"href":"https:\/\/loudavymkrokem.cz\/fr\/wp-json\/wp\/v2\/users\/3"}],"replies":[{"embeddable":true,"href":"https:\/\/loudavymkrokem.cz\/fr\/wp-json\/wp\/v2\/comments?post=409214"}],"version-history":[{"count":0,"href":"https:\/\/loudavymkrokem.cz\/fr\/wp-json\/wp\/v2\/posts\/409214\/revisions"}],"wp:featuredmedia":[{"embeddable":true,"href":"https:\/\/loudavymkrokem.cz\/fr\/wp-json\/wp\/v2\/media\/399834"}],"wp:attachment":[{"href":"https:\/\/loudavymkrokem.cz\/fr\/wp-json\/wp\/v2\/media?parent=409214"}],"wp:term":[{"taxonomy":"category","embeddable":true,"href":"https:\/\/loudavymkrokem.cz\/fr\/wp-json\/wp\/v2\/categories?post=409214"},{"taxonomy":"post_tag","embeddable":true,"href":"https:\/\/loudavymkrokem.cz\/fr\/wp-json\/wp\/v2\/tags?post=409214"}],"curies":[{"name":"wp","href":"https:\/\/api.w.org\/{rel}","templated":true}]}}