{"id":226319,"date":"2026-06-06T02:00:00","date_gmt":"2026-06-06T00:00:00","guid":{"rendered":"https:\/\/loudavymkrokem.cz\/?p=226319"},"modified":"2026-09-02T05:55:00","modified_gmt":"2026-09-02T03:55:00","slug":"etretat-france-falaises-craie","status":"publish","type":"post","link":"https:\/\/loudavymkrokem.cz\/fr\/etretat-france-falaises-craie\/","title":{"rendered":"\u00c9tretat, France : 11 conseils pour d\u00e9couvrir les falaises de craie en 2026"},"content":{"rendered":"\n<!-- lk-tldr -->\n<div class=\"lk-tldr\" style=\"background:#f7f5f0;border-left:4px solid #c39f76;border-radius:0 10px 10px 0;padding:14px 18px;margin:0 0 26px;font-size:15px;line-height:1.65;\"><strong style=\"display:block;font-size:12px;text-transform:uppercase;letter-spacing:.06em;color:#a9885a;margin-bottom:5px;\">TL;DR<\/strong>\u00c9tretat, sur la c\u00f4te normande, est c\u00e9l\u00e8bre pour ses falaises de craie et ses arches rocheuses <strong>Porte d&#x27;Aval<\/strong>, <strong>Manneporte<\/strong> et pour l&#x27;aiguille rocheuse <strong>L&#x27;Aiguille<\/strong> haute de 70 m\u00e8tres, auxquelles cet article consacre 11 conseils concrets. La meilleure p\u00e9riode pour visiter est avril, mai ou la fin septembre-d\u00e9but octobre, quand il y a moins de touristes et un temps plus agr\u00e9able, ou bien la p\u00e9riode mai\u2013septembre pour un climat plus stable. Une journ\u00e9e bien remplie suffit pour visiter le village, faire la randonn\u00e9e sur les falaises et voir <strong>Les Jardins d&#x27;\u00c9tretat<\/strong>, mais l&#x27;id\u00e9al reste une journ\u00e9e et demie avec une nuit sur place. Le plus simple pour rejoindre \u00c9tretat est la voiture ou le bus ligne 13 depuis Le Havre (environ 50 minutes de trajet). En haute saison, l&#x27;h\u00e9bergement co\u00fbte entre 120 et 250 \u20ac la nuit pour deux.<\/div>\n<!-- \/lk-tldr -->\n\n\n\n<!-- lk-navbar -->\n<div class=\"lk-navbar\" style=\"margin:0 0 28px;\"><div style=\"font-size:12px;text-transform:uppercase;letter-spacing:.06em;color:#a9885a;font-weight:700;margin-bottom:9px;\">Liens rapides<\/div><div style=\"display:flex;flex-wrap:wrap;gap:9px;\"><a href=\"#Kde_se_ubytovat_v_Etretatu\" style=\"background:#c39f76;color:#fff;border:1px solid #c39f76;padding:9px 15px;border-radius:22px;font-size:14px;font-weight:700;text-decoration:none;display:inline-block;line-height:1;\">\ud83d\udccd O\u00f9 loger<\/a><a href=\"#11_tipu_co_videt_a_delat_v_Etretatu\" style=\"background:#c39f76;color:#fff;border:1px solid #c39f76;padding:9px 15px;border-radius:22px;font-size:14px;font-weight:700;text-decoration:none;display:inline-block;line-height:1;\">\u2b50 Que voir<\/a><a href=\"#Kdy_vyrazit_do_Etretatu\" style=\"background:#fff;color:#6b5a44;border:1px solid #e2d6c1;padding:9px 15px;border-radius:22px;font-size:14px;font-weight:600;text-decoration:none;display:inline-block;line-height:1;\">\u2600\ufe0f Quand partir<\/a><a href=\"#Jak_se_dostat_do_Etretatu_a_logistika\" style=\"background:#fff;color:#6b5a44;border:1px solid #e2d6c1;padding:9px 15px;border-radius:22px;font-size:14px;font-weight:600;text-decoration:none;display:inline-block;line-height:1;\">\u2708\ufe0f Transport<\/a><a href=\"#Kam_dal_z_Etretatu\" style=\"background:#fff;color:#6b5a44;border:1px solid #e2d6c1;padding:9px 15px;border-radius:22px;font-size:14px;font-weight:600;text-decoration:none;display:inline-block;line-height:1;\">\ud83e\udded Aux alentours<\/a><a href=\"#Casto_kladene_otazky\" style=\"background:#fff;color:#6b5a44;border:1px solid #e2d6c1;padding:9px 15px;border-radius:22px;font-size:14px;font-weight:600;text-decoration:none;display:inline-block;line-height:1;\">\u2753 FAQ<\/a><\/div><\/div>\n<!-- \/lk-navbar -->\n\n\n\n\n<p class=\"wp-block-paragraph\">\u00c9tretat, sur la c\u00f4te de Normandie, n&rsquo;est pas une destination baln\u00e9aire classique o\u00f9 l&rsquo;on vient bronzer sur un transat. Tu y trouveras plut\u00f4t un paysage de <strong>forces d\u00e9cha\u00een\u00e9es et d&rsquo;une beaut\u00e9 brute<\/strong>, qui a jadis envo\u00fbt\u00e9 les plus grands peintres impressionnistes. Si tu cherches des panoramas \u00e0 couper le souffle, ce petit village d&rsquo;\u00c9tretat en France va totalement te captiver.<\/p>\n\n\n\n<p class=\"wp-block-paragraph\">L&rsquo;air y sent le sel, le cidre de pomme en fermentation et les cr\u00eapes tout juste sorties de la po\u00eale, tandis que les mouettes tournoient haut au-dessus des falaises tra\u00eetresses. M\u00eame si le village lui-m\u00eame est plut\u00f4t petit, il renferme une <strong>atmosph\u00e8re de vieille France<\/strong> que l&rsquo;agitation moderne n&rsquo;a pas encore compl\u00e8tement balay\u00e9e. Que tu partes en randonn\u00e9e sur les sommets des massifs de craie ou que tu te prom\u00e8nes simplement sur la plage de galets avec un caf\u00e9 chaud \u00e0 la main, \u00c9tretat restera grav\u00e9 dans ta m\u00e9moire comme l&rsquo;un des endroits les plus photog\u00e9niques de toute l&rsquo;Europe.<\/p>\n\n\n\n<p class=\"wp-block-paragraph\">Pr\u00e9pare-toi toutefois : ici, la nature dicte des r\u00e8gles strictes, car <strong>tout tourne autour de la mar\u00e9e<\/strong>. En une seule journ\u00e9e, tu peux vivre un soleil chaleureux, un \u00e9pais brouillard et un vent puissant qui te fera remonter la fermeture \u00e9clair jusqu&rsquo;au menton. Dans ce guide, on va voir ensemble comment planifier ta visite de ce joyau normand dans les moindres d\u00e9tails, pour en tirer le maximum.<\/p>\n\n\n\n<figure data-wp-context=\"{&quot;imageId&quot;:&quot;6a9931b634da8&quot;}\" data-wp-interactive=\"core\/image\" data-wp-key=\"6a9931b634da8\" class=\"wp-block-image size-full wp-lightbox-container\"><img decoding=\"async\" width=\"1920\" height=\"1080\" data-wp-class--hide=\"state.isContentHidden\" data-wp-class--show=\"state.isContentVisible\" data-wp-init=\"callbacks.setButtonStyles\" data-wp-on--click=\"actions.showLightbox\" data-wp-on--load=\"callbacks.setButtonStyles\" data-wp-on--pointerdown=\"actions.preloadImage\" data-wp-on--pointerenter=\"actions.preloadImageWithDelay\" data-wp-on--pointerleave=\"actions.cancelPreload\" data-wp-on-window--resize=\"callbacks.setButtonStyles\" src=\"https:\/\/loudavymkrokem.cz\/wp-content\/uploads\/2026\/06\/209392-kridove-utesy-etretat-s-obloukem-porte-a5197412.jpg\" alt=\"Falaises de craie d&#039;\u00c9tretat avec l&#039;arche Porte d&#039;Aval et l&#039;aiguille L&#039;Aiguille\" class=\"wp-image-213327\" title=\"\" srcset=\"https:\/\/loudavymkrokem.cz\/wp-content\/uploads\/2026\/06\/209392-kridove-utesy-etretat-s-obloukem-porte-a5197412.jpg 1920w, https:\/\/loudavymkrokem.cz\/wp-content\/uploads\/2026\/06\/209392-kridove-utesy-etretat-s-obloukem-porte-a5197412-300x169.jpg 300w, https:\/\/loudavymkrokem.cz\/wp-content\/uploads\/2026\/06\/209392-kridove-utesy-etretat-s-obloukem-porte-a5197412-700x394.jpg 700w, https:\/\/loudavymkrokem.cz\/wp-content\/uploads\/2026\/06\/209392-kridove-utesy-etretat-s-obloukem-porte-a5197412-768x432.jpg 768w, https:\/\/loudavymkrokem.cz\/wp-content\/uploads\/2026\/06\/209392-kridove-utesy-etretat-s-obloukem-porte-a5197412-1536x864.jpg 1536w, https:\/\/loudavymkrokem.cz\/wp-content\/uploads\/2026\/06\/209392-kridove-utesy-etretat-s-obloukem-porte-a5197412-696x392.jpg 696w, https:\/\/loudavymkrokem.cz\/wp-content\/uploads\/2026\/06\/209392-kridove-utesy-etretat-s-obloukem-porte-a5197412-1392x783.jpg 1392w\" sizes=\"(max-width: 1920px) 100vw, 1920px\" \/><button\n\t\t\tclass=\"lightbox-trigger\"\n\t\t\ttype=\"button\"\n\t\t\taria-haspopup=\"dialog\"\n\t\t\tdata-wp-bind--aria-label=\"state.thisImage.triggerButtonAriaLabel\"\n\t\t\tdata-wp-init=\"callbacks.initTriggerButton\"\n\t\t\tdata-wp-on--click=\"actions.showLightbox\"\n\t\t\tdata-wp-style--right=\"state.thisImage.buttonRight\"\n\t\t\tdata-wp-style--top=\"state.thisImage.buttonTop\"\n\t\t>\n\t\t\t<svg xmlns=\"http:\/\/www.w3.org\/2000\/svg\" width=\"12\" height=\"12\" fill=\"none\" viewBox=\"0 0 12 12\">\n\t\t\t\t<path fill=\"#fff\" d=\"M2 0a2 2 0 0 0-2 2v2h1.5V2a.5.5 0 0 1 .5-.5h2V0H2Zm2 10.5H2a.5.5 0 0 1-.5-.5V8H0v2a2 2 0 0 0 2 2h2v-1.5ZM8 12v-1.5h2a.5.5 0 0 0 .5-.5V8H12v2a2 2 0 0 1-2 2H8Zm2-12a2 2 0 0 1 2 2v2h-1.5V2a.5.5 0 0 0-.5-.5H8V0h2Z\" \/>\n\t\t\t<\/svg>\n\t\t<\/button><figcaption class=\"wp-element-caption\">Photo : J\u00f6rg Braukmann \/ Wikimedia Commons, CC BY-SA 4.0<\/figcaption><\/figure>\n\n\n\n<div id=\"ez-toc-container\" class=\"ez-toc-v2_0_87 ez-toc-wrap-left counter-hierarchy ez-toc-counter ez-toc-grey ez-toc-container-direction\">\n<div class=\"ez-toc-title-container\">\n<p class=\"ez-toc-title\" style=\"cursor:inherit\">Contenu de l&#039;article<\/p>\n<span class=\"ez-toc-title-toggle\"><a href=\"#\" class=\"ez-toc-pull-right ez-toc-btn ez-toc-btn-xs ez-toc-btn-default ez-toc-toggle\" aria-label=\"Toggle Table of Content\"><span class=\"ez-toc-js-icon-con\"><span class=\"\"><span class=\"eztoc-hide\" style=\"display:none;\">Toggle<\/span><span class=\"ez-toc-icon-toggle-span\"><svg style=\"fill: #999;color:#999\" xmlns=\"http:\/\/www.w3.org\/2000\/svg\" class=\"list-377408\" width=\"20px\" height=\"20px\" viewBox=\"0 0 24 24\" fill=\"none\"><path d=\"M6 6H4v2h2V6zm14 0H8v2h12V6zM4 11h2v2H4v-2zm16 0H8v2h12v-2zM4 16h2v2H4v-2zm16 0H8v2h12v-2z\" fill=\"currentColor\"><\/path><\/svg><svg style=\"fill: #999;color:#999\" class=\"arrow-unsorted-368013\" xmlns=\"http:\/\/www.w3.org\/2000\/svg\" width=\"10px\" height=\"10px\" viewBox=\"0 0 24 24\" version=\"1.2\" baseProfile=\"tiny\"><path d=\"M18.2 9.3l-6.2-6.3-6.2 6.3c-.2.2-.3.4-.3.7s.1.5.3.7c.2.2.4.3.7.3h11c.3 0 .5-.1.7-.3.2-.2.3-.5.3-.7s-.1-.5-.3-.7zM5.8 14.7l6.2 6.3 6.2-6.3c.2-.2.3-.5.3-.7s-.1-.5-.3-.7c-.2-.2-.4-.3-.7-.3h-11c-.3 0-.5.1-.7.3-.2.2-.3.5-.3.7s.1.5.3.7z\"\/><\/svg><\/span><\/span><\/span><\/a><\/span><\/div>\n<nav><ul class='ez-toc-list ez-toc-list-level-1 ' ><ul class='ez-toc-list-level-3' ><li class='ez-toc-heading-level-3'><a class=\"ez-toc-link ez-toc-heading-1\" href=\"https:\/\/loudavymkrokem.cz\/fr\/etretat-france-falaises-craie\/#Resume\" >R\u00e9sum\u00e9<\/a><\/li><\/ul><\/li><li class='ez-toc-page-1 ez-toc-heading-level-2'><a class=\"ez-toc-link ez-toc-heading-2\" href=\"https:\/\/loudavymkrokem.cz\/fr\/etretat-france-falaises-craie\/#Quand_partir_a_Etretat\" >Quand partir \u00e0 \u00c9tretat<\/a><\/li><li class='ez-toc-page-1 ez-toc-heading-level-2'><a class=\"ez-toc-link ez-toc-heading-3\" href=\"https:\/\/loudavymkrokem.cz\/fr\/etretat-france-falaises-craie\/#Ou_loger_a_Etretat\" >O\u00f9 loger \u00e0 \u00c9tretat<\/a><\/li><li class='ez-toc-page-1 ez-toc-heading-level-2'><a class=\"ez-toc-link ez-toc-heading-4\" href=\"https:\/\/loudavymkrokem.cz\/fr\/etretat-france-falaises-craie\/#11_conseils_que_voir_et_faire_a_Etretat\" >11 conseils : que voir et faire \u00e0 \u00c9tretat<\/a><ul class='ez-toc-list-level-3' ><li class='ez-toc-heading-level-3'><a class=\"ez-toc-link ez-toc-heading-5\" href=\"https:\/\/loudavymkrokem.cz\/fr\/etretat-france-falaises-craie\/#1_Admire_la_celebre_arche_Porte_dAval\" >1. Admire la c\u00e9l\u00e8bre arche Porte d&rsquo;Aval<\/a><\/li><li class='ez-toc-page-1 ez-toc-heading-level-3'><a class=\"ez-toc-link ez-toc-heading-6\" href=\"https:\/\/loudavymkrokem.cz\/fr\/etretat-france-falaises-craie\/#2_Repere_la_mysterieuse_aiguille_LAiguille\" >2. Rep\u00e8re la myst\u00e9rieuse aiguille L&rsquo;Aiguille<\/a><\/li><li class='ez-toc-page-1 ez-toc-heading-level-3'><a class=\"ez-toc-link ez-toc-heading-7\" href=\"https:\/\/loudavymkrokem.cz\/fr\/etretat-france-falaises-craie\/#3_Grimpe_la_falaise_et_larche_Porte_dAmont\" >3. Grimpe la falaise et l&rsquo;arche Porte d&rsquo;Amont<\/a><\/li><li class='ez-toc-page-1 ez-toc-heading-level-3'><a class=\"ez-toc-link ez-toc-heading-8\" href=\"https:\/\/loudavymkrokem.cz\/fr\/etretat-france-falaises-craie\/#4_Decouvre_la_majestueuse_Manneporte\" >4. D\u00e9couvre la majestueuse Manneporte<\/a><\/li><li class='ez-toc-page-1 ez-toc-heading-level-3'><a class=\"ez-toc-link ez-toc-heading-9\" href=\"https:\/\/loudavymkrokem.cz\/fr\/etretat-france-falaises-craie\/#5_Pars_marcher_sur_le_bord_des_falaises\" >5. Pars marcher sur le bord des falaises<\/a><\/li><li class='ez-toc-page-1 ez-toc-heading-level-3'><a class=\"ez-toc-link ez-toc-heading-10\" href=\"https:\/\/loudavymkrokem.cz\/fr\/etretat-france-falaises-craie\/#6_Detends-toi_dans_Les_Jardins_dEtretat\" >6. D\u00e9tends-toi dans Les Jardins d&rsquo;\u00c9tretat<\/a><\/li><li class='ez-toc-page-1 ez-toc-heading-level-3'><a class=\"ez-toc-link ez-toc-heading-11\" href=\"https:\/\/loudavymkrokem.cz\/fr\/etretat-france-falaises-craie\/#7_Ecoute_le_son_de_la_plage_de_galets\" >7. \u00c9coute le son de la plage de galets<\/a><\/li><li class='ez-toc-page-1 ez-toc-heading-level-3'><a class=\"ez-toc-link ez-toc-heading-12\" href=\"https:\/\/loudavymkrokem.cz\/fr\/etretat-france-falaises-craie\/#8_Flane_dans_les_ruelles_du_vieux_village\" >8. Fl\u00e2ne dans les ruelles du vieux village<\/a><\/li><li class='ez-toc-page-1 ez-toc-heading-level-3'><a class=\"ez-toc-link ez-toc-heading-13\" href=\"https:\/\/loudavymkrokem.cz\/fr\/etretat-france-falaises-craie\/#9_Marche_sur_les_traces_des_peintres_celebres\" >9. Marche sur les traces des peintres c\u00e9l\u00e8bres<\/a><\/li><li class='ez-toc-page-1 ez-toc-heading-level-3'><a class=\"ez-toc-link ez-toc-heading-14\" href=\"https:\/\/loudavymkrokem.cz\/fr\/etretat-france-falaises-craie\/#10_Surveille_la_maree_et_explore_les_grottes\" >10. Surveille la mar\u00e9e et explore les grottes<\/a><\/li><li class='ez-toc-page-1 ez-toc-heading-level-3'><a class=\"ez-toc-link ez-toc-heading-15\" href=\"https:\/\/loudavymkrokem.cz\/fr\/etretat-france-falaises-craie\/#11_Goute_le_meilleur_de_la_gastronomie_normande\" >11. Go\u00fbte le meilleur de la gastronomie normande<\/a><\/li><\/ul><\/li><li class='ez-toc-page-1 ez-toc-heading-level-2'><a class=\"ez-toc-link ez-toc-heading-16\" href=\"https:\/\/loudavymkrokem.cz\/fr\/etretat-france-falaises-craie\/#Comment_se_rendre_a_Etretat_et_logistique\" >Comment se rendre \u00e0 \u00c9tretat et logistique<\/a><\/li><li class='ez-toc-page-1 ez-toc-heading-level-2'><a class=\"ez-toc-link ez-toc-heading-17\" href=\"https:\/\/loudavymkrokem.cz\/fr\/etretat-france-falaises-craie\/#Ou_aller_depuis_Etretat\" >O\u00f9 aller depuis \u00c9tretat<\/a><\/li><li class='ez-toc-page-1 ez-toc-heading-level-2'><a class=\"ez-toc-link ez-toc-heading-18\" href=\"https:\/\/loudavymkrokem.cz\/fr\/etretat-france-falaises-craie\/#Questions_frequentes\" >Questions fr\u00e9quentes<\/a><ul class='ez-toc-list-level-3' ><li class='ez-toc-heading-level-3'><a class=\"ez-toc-link ez-toc-heading-19\" href=\"https:\/\/loudavymkrokem.cz\/fr\/etretat-france-falaises-craie\/#Combien_de_temps_faut-il_pour_visiter_Etretat\" >Combien de temps faut-il pour visiter \u00c9tretat ?<\/a><\/li><li class='ez-toc-page-1 ez-toc-heading-level-3'><a class=\"ez-toc-link ez-toc-heading-20\" href=\"https:\/\/loudavymkrokem.cz\/fr\/etretat-france-falaises-craie\/#Les_falaises_sont-elles_sures_pour_les_enfants\" >Les falaises sont-elles s\u00fbres pour les enfants ?<\/a><\/li><li class='ez-toc-page-1 ez-toc-heading-level-3'><a class=\"ez-toc-link ez-toc-heading-21\" href=\"https:\/\/loudavymkrokem.cz\/fr\/etretat-france-falaises-craie\/#Peut-on_se_baigner_dans_la_mer_a_Etretat\" >Peut-on se baigner dans la mer \u00e0 \u00c9tretat ?<\/a><\/li><li class='ez-toc-page-1 ez-toc-heading-level-3'><a class=\"ez-toc-link ez-toc-heading-22\" href=\"https:\/\/loudavymkrokem.cz\/fr\/etretat-france-falaises-craie\/#Est-il_possible_de_visiter_les_grottes_a_tout_moment\" >Est-il possible de visiter les grottes \u00e0 tout moment ?<\/a><\/li><li class='ez-toc-page-1 ez-toc-heading-level-3'><a class=\"ez-toc-link ez-toc-heading-23\" href=\"https:\/\/loudavymkrokem.cz\/fr\/etretat-france-falaises-craie\/#Les_chiens_ont-ils_acces_a_la_zone\" >Les chiens ont-ils acc\u00e8s \u00e0 la zone ?<\/a><\/li><li class='ez-toc-page-1 ez-toc-heading-level-3'><a class=\"ez-toc-link ez-toc-heading-24\" href=\"https:\/\/loudavymkrokem.cz\/fr\/etretat-france-falaises-craie\/#Quelle_est_la_difficulte_physique_des_montees\" >Quelle est la difficult\u00e9 physique des mont\u00e9es ?<\/a><\/li><li class='ez-toc-page-1 ez-toc-heading-level-3'><a class=\"ez-toc-link ez-toc-heading-25\" href=\"https:\/\/loudavymkrokem.cz\/fr\/etretat-france-falaises-craie\/#Peut-on_visiter_Etretat_en_fauteuil_roulant\" >Peut-on visiter \u00c9tretat en fauteuil roulant ?<\/a><\/li><\/ul><\/li><\/ul><\/nav><\/div>\n<h3 class=\"wp-block-heading\"><span class=\"ez-toc-section\" id=\"Resume\"><\/span>R\u00e9sum\u00e9<span class=\"ez-toc-section-end\"><\/span><\/h3>\n\n\n\n<ul class=\"wp-block-list\">\n<li>  <strong>L&rsquo;attraction principale :<\/strong> des falaises de craie et des arches rocheuses \u00e9poustouflantes, fa\u00e7onn\u00e9es par la mer et le vent pendant des milliers d&rsquo;ann\u00e9es.<\/li>\n\n\n\n<li>  <strong>Comment s&rsquo;y rendre :<\/strong> le mieux est la voiture, sinon tu peux prendre le bus direct depuis la ville voisine du Havre.<\/li>\n\n\n\n<li>  <strong>Quand partir :<\/strong> l&rsquo;id\u00e9al est le printemps ou le d\u00e9but de l&rsquo;automne, quand tu \u00e9vites les grosses foules estivales et profites de temp\u00e9ratures plus agr\u00e9ables.<\/li>\n\n\n\n<li>  <strong>S\u00e9curit\u00e9 :<\/strong> il n&rsquo;y a pas de garde-corps au sommet des falaises, alors ne t&rsquo;approche jamais du bord et respecte les panneaux d&rsquo;avertissement.<\/li>\n\n\n\n<li>  <strong>La mar\u00e9e :<\/strong> avant de descendre sur la plage au pied des falaises, v\u00e9rifie toujours les horaires de mar\u00e9e basse pour ne pas te retrouver coinc\u00e9 par l&rsquo;eau.<\/li>\n\n\n\n<li>  <strong>\u00c0 go\u00fbter :<\/strong> le camembert normand, les galettes de sarrasin et un bon cidre de pomme.<\/li>\n<\/ul>\n\n\n\n<figure data-wp-context=\"{&quot;imageId&quot;:&quot;6a9931b635639&quot;}\" data-wp-interactive=\"core\/image\" data-wp-key=\"6a9931b635639\" class=\"wp-block-image size-full wp-lightbox-container\"><img decoding=\"async\" width=\"1600\" height=\"1065\" data-wp-class--hide=\"state.isContentHidden\" data-wp-class--show=\"state.isContentVisible\" data-wp-init=\"callbacks.setButtonStyles\" data-wp-on--click=\"actions.showLightbox\" data-wp-on--load=\"callbacks.setButtonStyles\" data-wp-on--pointerdown=\"actions.preloadImage\" data-wp-on--pointerenter=\"actions.preloadImageWithDelay\" data-wp-on--pointerleave=\"actions.cancelPreload\" data-wp-on-window--resize=\"callbacks.setButtonStyles\" src=\"https:\/\/loudavymkrokem.cz\/wp-content\/uploads\/2026\/06\/rp392_213328.jpg\" alt=\"Plage de galets et falaises \u00e0 \u00c9tretat\" class=\"wp-image-216470\" title=\"\" srcset=\"https:\/\/loudavymkrokem.cz\/wp-content\/uploads\/2026\/06\/rp392_213328.jpg 1600w, https:\/\/loudavymkrokem.cz\/wp-content\/uploads\/2026\/06\/rp392_213328-300x200.jpg 300w, https:\/\/loudavymkrokem.cz\/wp-content\/uploads\/2026\/06\/rp392_213328-700x466.jpg 700w, https:\/\/loudavymkrokem.cz\/wp-content\/uploads\/2026\/06\/rp392_213328-768x511.jpg 768w, https:\/\/loudavymkrokem.cz\/wp-content\/uploads\/2026\/06\/rp392_213328-1536x1022.jpg 1536w, https:\/\/loudavymkrokem.cz\/wp-content\/uploads\/2026\/06\/rp392_213328-696x463.jpg 696w, https:\/\/loudavymkrokem.cz\/wp-content\/uploads\/2026\/06\/rp392_213328-1392x927.jpg 1392w\" sizes=\"(max-width: 1600px) 100vw, 1600px\" \/><button\n\t\t\tclass=\"lightbox-trigger\"\n\t\t\ttype=\"button\"\n\t\t\taria-haspopup=\"dialog\"\n\t\t\tdata-wp-bind--aria-label=\"state.thisImage.triggerButtonAriaLabel\"\n\t\t\tdata-wp-init=\"callbacks.initTriggerButton\"\n\t\t\tdata-wp-on--click=\"actions.showLightbox\"\n\t\t\tdata-wp-style--right=\"state.thisImage.buttonRight\"\n\t\t\tdata-wp-style--top=\"state.thisImage.buttonTop\"\n\t\t>\n\t\t\t<svg xmlns=\"http:\/\/www.w3.org\/2000\/svg\" width=\"12\" height=\"12\" fill=\"none\" viewBox=\"0 0 12 12\">\n\t\t\t\t<path fill=\"#fff\" d=\"M2 0a2 2 0 0 0-2 2v2h1.5V2a.5.5 0 0 1 .5-.5h2V0H2Zm2 10.5H2a.5.5 0 0 1-.5-.5V8H0v2a2 2 0 0 0 2 2h2v-1.5ZM8 12v-1.5h2a.5.5 0 0 0 .5-.5V8H12v2a2 2 0 0 1-2 2H8Zm2-12a2 2 0 0 1 2 2v2h-1.5V2a.5.5 0 0 0-.5-.5H8V0h2Z\" \/>\n\t\t\t<\/svg>\n\t\t<\/button><figcaption class=\"wp-element-caption\">Photo : Adrien Olichon \/ Pexels<\/figcaption><\/figure>\n\n\n\n<h2 class=\"wp-block-heading\"><span class=\"ez-toc-section\" id=\"Quand_partir_a_Etretat\"><\/span><span class=\"ez-toc-section\" id=\"Kdy_vyrazit_do_Etretatu\"><\/span>Quand partir \u00e0 \u00c9tretat<span class=\"ez-toc-section-end\"><\/span><span class=\"ez-toc-section-end\"><\/span><\/h2>\n\n\n\n<p class=\"wp-block-paragraph\">La Normandie est mondialement connue pour sa m\u00e9t\u00e9o totalement impr\u00e9visible, capable de changer plusieurs fois en un seul apr\u00e8s-midi. Si tu veux maximiser tes chances d&rsquo;avoir des journ\u00e9es ensoleill\u00e9es, <strong>viens entre mai et septembre<\/strong>, quand les temp\u00e9ratures sont tr\u00e8s agr\u00e9ables. Les mois d&rsquo;\u00e9t\u00e9 apportent certes le temps le plus stable, mais aussi d&rsquo;\u00e9normes foules de touristes et des parkings bond\u00e9s. La Normandie n&rsquo;est tout simplement pas la Riviera : on y vient plut\u00f4t pour un romantisme un peu plus rude et des paysages naturels saisissants.<\/p>\n\n\n\n<p class=\"wp-block-paragraph\">Le compromis id\u00e9al se situe donc en <strong>avril, mai ou \u00e0 la charni\u00e8re entre septembre et octobre<\/strong>. \u00c0 cette p\u00e9riode, tu auras probablement besoin d&rsquo;une bonne veste imperm\u00e9able, mais tu profiteras de beaucoup plus de calme et d&rsquo;une atmosph\u00e8re plus intime sur les falaises. Un ciel couvert et dramatique offre en plus un magnifique contraste aux roches blanches, que presque tous les photographes adorent, et le soleil d&rsquo;automne teinte la craie de superbes tons dor\u00e9s. Le matin, tu seras r\u00e9veill\u00e9 par le cri des mouettes, et le soir tu pourras te promener tranquillement sur la plage sans avoir \u00e0 te faufiler entre les foules de visiteurs du week-end venues de la Paris toute proche.<\/p>\n\n\n\n<p class=\"wp-block-paragraph\">Les mois d&rsquo;hiver ont aussi leur charme m\u00e9lancolique bien particulier, il faut juste te pr\u00e9parer au vent fort et au froid qui te transperce jusqu&rsquo;aux os. Quelle que soit la p\u00e9riode choisie, <strong>emporte toujours plusieurs couches de v\u00eatements<\/strong>. M\u00eame en plein mois de juillet, une bourrasque oc\u00e9anique glaciale peut te surprendre au sommet des falaises et te forcer \u00e0 enfiler un pull. Fais particuli\u00e8rement attention \u00e0 l&rsquo;ann\u00e9e 2026, o\u00f9 toute la Normandie c\u00e9l\u00e8bre le centenaire de la mort de Claude Monet et le 82e anniversaire du D\u00e9barquement, ce qui attirera \u00e0 coup s\u00fbr une foule immense de visiteurs internationaux dans toute la r\u00e9gion.<\/p>\n\n\n\n<figure data-wp-context=\"{&quot;imageId&quot;:&quot;6a9931b635d62&quot;}\" data-wp-interactive=\"core\/image\" data-wp-key=\"6a9931b635d62\" class=\"wp-block-image size-full wp-lightbox-container\"><img decoding=\"async\" width=\"1600\" height=\"1067\" data-wp-class--hide=\"state.isContentHidden\" data-wp-class--show=\"state.isContentVisible\" data-wp-init=\"callbacks.setButtonStyles\" data-wp-on--click=\"actions.showLightbox\" data-wp-on--load=\"callbacks.setButtonStyles\" data-wp-on--pointerdown=\"actions.preloadImage\" data-wp-on--pointerenter=\"actions.preloadImageWithDelay\" data-wp-on--pointerleave=\"actions.cancelPreload\" data-wp-on-window--resize=\"callbacks.setButtonStyles\" src=\"https:\/\/loudavymkrokem.cz\/wp-content\/uploads\/2026\/06\/rp392_213329.jpg\" alt=\"Vue sur le village d&#039;\u00c9tretat entre les falaises\" class=\"wp-image-216471\" title=\"\" srcset=\"https:\/\/loudavymkrokem.cz\/wp-content\/uploads\/2026\/06\/rp392_213329.jpg 1600w, https:\/\/loudavymkrokem.cz\/wp-content\/uploads\/2026\/06\/rp392_213329-300x200.jpg 300w, https:\/\/loudavymkrokem.cz\/wp-content\/uploads\/2026\/06\/rp392_213329-700x467.jpg 700w, https:\/\/loudavymkrokem.cz\/wp-content\/uploads\/2026\/06\/rp392_213329-768x512.jpg 768w, https:\/\/loudavymkrokem.cz\/wp-content\/uploads\/2026\/06\/rp392_213329-1536x1024.jpg 1536w, https:\/\/loudavymkrokem.cz\/wp-content\/uploads\/2026\/06\/rp392_213329-696x464.jpg 696w, https:\/\/loudavymkrokem.cz\/wp-content\/uploads\/2026\/06\/rp392_213329-1392x928.jpg 1392w\" sizes=\"(max-width: 1600px) 100vw, 1600px\" \/><button\n\t\t\tclass=\"lightbox-trigger\"\n\t\t\ttype=\"button\"\n\t\t\taria-haspopup=\"dialog\"\n\t\t\tdata-wp-bind--aria-label=\"state.thisImage.triggerButtonAriaLabel\"\n\t\t\tdata-wp-init=\"callbacks.initTriggerButton\"\n\t\t\tdata-wp-on--click=\"actions.showLightbox\"\n\t\t\tdata-wp-style--right=\"state.thisImage.buttonRight\"\n\t\t\tdata-wp-style--top=\"state.thisImage.buttonTop\"\n\t\t>\n\t\t\t<svg xmlns=\"http:\/\/www.w3.org\/2000\/svg\" width=\"12\" height=\"12\" fill=\"none\" viewBox=\"0 0 12 12\">\n\t\t\t\t<path fill=\"#fff\" d=\"M2 0a2 2 0 0 0-2 2v2h1.5V2a.5.5 0 0 1 .5-.5h2V0H2Zm2 10.5H2a.5.5 0 0 1-.5-.5V8H0v2a2 2 0 0 0 2 2h2v-1.5ZM8 12v-1.5h2a.5.5 0 0 0 .5-.5V8H12v2a2 2 0 0 1-2 2H8Zm2-12a2 2 0 0 1 2 2v2h-1.5V2a.5.5 0 0 0-.5-.5H8V0h2Z\" \/>\n\t\t\t<\/svg>\n\t\t<\/button><figcaption class=\"wp-element-caption\">Photo : Bingqian Li \/ Pexels<\/figcaption><\/figure>\n\n\n\n<h2 class=\"wp-block-heading\"><span class=\"ez-toc-section\" id=\"Ou_loger_a_Etretat\"><\/span><span class=\"ez-toc-section\" id=\"Kde_se_ubytovat_v_Etretatu\"><\/span>O\u00f9 loger \u00e0 \u00c9tretat<span class=\"ez-toc-section-end\"><\/span><span class=\"ez-toc-section-end\"><\/span><\/h2>\n\n\n\n<p class=\"wp-block-paragraph\"><em>\ud83d\udca1 Conseil h\u00e9bergement et activit\u00e9s : nous pr\u00e9f\u00e9rons chercher notre h\u00e9bergement sur <a class=\"thirstylink\" rel=\"nofollow\" target=\"_blank\" title=\"Booking.com\" href=\"https:\/\/loudavymkrokem.cz\/doporucujeme\/booking-com\/\" data-shortcode=\"true\">Booking.com<\/a>, o\u00f9 l&rsquo;on trouve les meilleures conditions d&rsquo;annulation. Pour les billets, excursions et activit\u00e9s, mieux vaut comparer et r\u00e9server via <a class=\"thirstylink\" rel=\"nofollow\" target=\"_blank\" title=\"GetYourGuide\" href=\"https:\/\/loudavymkrokem.cz\/doporucujeme\/getyourguide\/\" data-shortcode=\"true\">GetYourGuide<\/a>.<\/em><\/p>\n\n\n\n<p class=\"wp-block-paragraph\">M\u00eame si \u00c9tretat est un village assez petit, il offre un \u00e9ventail \u00e9tonnamment large d&rsquo;h\u00e9bergements pour tous les budgets. Tu y trouveras de tout, des villas historiques de luxe avec vue sur la mer aux chambres d&rsquo;h\u00f4tes familiales et chaleureuses cach\u00e9es dans d&rsquo;\u00e9troites ruelles pav\u00e9es. Vu l&rsquo;immense popularit\u00e9 du lieu, je te recommande tr\u00e8s vivement de <strong>r\u00e9server ton h\u00e9bergement m\u00eame six mois \u00e0 l&rsquo;avance<\/strong>. Si tu pr\u00e9vois de venir pendant les vacances d&rsquo;\u00e9t\u00e9 ou pendant les grandes c\u00e9l\u00e9brations culturelles de 2026, cherche des chambres encore plus t\u00f4t, id\u00e9alement pr\u00e8s d&rsquo;un an avant. Loger directement au centre t&rsquo;\u00e9vitera en plus bien des tracas dans la recherche quotidienne d&rsquo;une place de stationnement, un vrai cauchemar \u00e9puisant \u00e0 \u00c9tretat.<\/p>\n\n\n\n<p class=\"wp-block-paragraph\">Les prix par nuit pour deux personnes en haute saison oscillent <strong>environ entre 120 et 250 \u20ac<\/strong>, les h\u00f4tels avec vue directe sur la mer \u00e9tant \u00e9videmment les plus chers. Un choix excellent et fiable pour chercher reste la plateforme Booking, o\u00f9 tu trouveras facilement de petits appartements avec cuisine \u00e9quip\u00e9e. C&rsquo;est super pratique si tu veux \u00e9conomiser sur les d\u00eeners au restaurant ou si tu aimes tout simplement pr\u00e9parer tes propres petits-d\u00e9jeuners avec les fantastiques produits locaux achet\u00e9s au march\u00e9.<\/p>\n\n\n\n<p class=\"wp-block-paragraph\">Si tu cherches des adresses pr\u00e9cises et que tu veux t&rsquo;offrir quelque chose d&rsquo;exceptionnel, le <strong><a href=\"https:\/\/www.stay22.com\/allez\/roam?aid=lukaskonecny&amp;campaign=loudavymkrokemcz&amp;campaign=etretat-francie&amp;hotelname=Domaine%20Saint%20Clair&amp;address=%C3%89tretat%2C%20Francie\" target=\"_blank\" rel=\"noopener nofollow sponsored\">Domaine Saint Clair<\/a> (Le Donjon)<\/strong> est un magnifique h\u00f4tel de charme perch\u00e9 sur la colline, offrant des vues fantastiques et une atmosph\u00e8re romantique inoubliable de vieux ch\u00e2teau. Directement sur la promenade du bord de mer, tu trouveras le tr\u00e8s confortable <strong><a href=\"https:\/\/www.stay22.com\/allez\/roam?aid=lukaskonecny&amp;campaign=loudavymkrokemcz&amp;campaign=etretat-francie&amp;hotelname=Hotel%20Le%20Rayon%20Vert&amp;address=%C3%89tretat%2C%20Francie\" target=\"_blank\" rel=\"noopener nofollow sponsored\">H\u00f4tel Le Rayon Vert<\/a><\/strong>, d&rsquo;o\u00f9 tu pourras paresseusement observer les vagues depuis le confort de ton lit d\u00e8s le matin. Pour les amateurs d&rsquo;un style plus classique, il y a le tr\u00e8s populaire <strong><a href=\"https:\/\/www.stay22.com\/allez\/roam?aid=lukaskonecny&amp;campaign=loudavymkrokemcz&amp;campaign=etretatfrancie&amp;hotelname=Dormy%20House&amp;address=%C3%89tretat%2C%20Francie\" target=\"_blank\" rel=\"noopener nofollow sponsored\">Dormy House<\/a><\/strong>, situ\u00e9 juste au bord de la falaise et dot\u00e9 d&rsquo;un beau jardin verdoyant. Si \u00c9tretat \u00e9tait d\u00e9sesp\u00e9r\u00e9ment complet, essaie de te tourner vers un h\u00e9bergement dans la ville voisine de F\u00e9camp ou dans la plus grande ville portuaire du Havre.<\/p>\n\n\n<p><!-- UBYTOVANI:ETRETAT --><\/p>\n\n\n\n<div class=\"lk-stays-module\">\n<style>\n\/* \u2500\u2500\u2500 RESET PRO GUTENBERG \u2500\u2500\u2500 *\/\n.lk-stays-module * { box-sizing: border-box; margin: 0; padding: 0; }\n\n\/* \u2500\u2500\u2500 WRAPPER \u2500\u2500\u2500 *\/\n.lk-stays-module {\n  font-family: 'DM Sans', Georgia, sans-serif;\n  max-width: 100%;\n  margin: 2.5rem auto;\n  background: linear-gradient(135deg, #fdfaf5 0%, #fcf8f0 100%);\n  border: 1px solid #e8dfd4;\n  border-radius: 16px;\n  overflow: hidden;\n  box-shadow: 0 16px 48px rgba(195, 159, 118, 0.25), 0 4px 12px rgba(0,0,0,0.08);\n}\n\n\/* \u2500\u2500\u2500 HEADER \u2500\u2500\u2500 *\/\n.lk-stays-header {\n  position: relative;\n  padding: 24px 36px 24px;\n  background: linear-gradient(135deg, #c39f76 0%, #d4b188 60%, #c39f76 100%);\n  border-bottom: 1px solid rgba(255,255,255,.15);\n  display: flex;\n  align-items: center;\n  gap: 18px;\n}\n.lk-stays-header::before {\n  content: '';\n  position: absolute;\n  inset: 0;\n  background: url(\"data:image\/svg+xml,%3Csvg width='60' height='60' viewBox='0 0 60 60' xmlns='http:\/\/www.w3.org\/2000\/svg'%3E%3Cg fill='none' fill-rule='evenodd'%3E%3Cg fill='%23ffffff' fill-opacity='0.05'%3E%3Cpath d='M36 34v-4h-2v4h-4v2h4v4h2v-4h4v-2h-4zm0-30V0h-2v4h-4v2h4v4h2V6h4V4h-4zM6 34v-4H4v4H0v2h4v4h2v-4h4v-2H6zM6 4V0H4v4H0v2h4v4h2V6h4V4H6z'\/%3E%3C\/g%3E%3C\/g%3E%3C\/svg%3E\") repeat;\n  pointer-events: none;\n}\n.lk-stays-icon {\n  flex-shrink: 0;\n  width: 68px;\n  height: 68px;\n  border-radius: 14px;\n  background: linear-gradient(135deg, #fff 0%, #f9f6f0 100%);\n  display: flex;\n  align-items: center;\n  justify-content: center;\n  font-size: 26px;\n  box-shadow: 0 4px 12px rgba(0,0,0,0.15);\n}\n.lk-stays-eyebrow {\n  font-size: 10px;\n  font-weight: 500;\n  letter-spacing: 2.5px;\n  text-transform: uppercase;\n  color: rgba(255,255,255,.85);\n  margin: 0 0 5px 0;\n}\n.lk-stays-title {\n  font-family: 'Playfair Display', Georgia, serif;\n  font-size: 24px;\n  font-weight: 700;\n  color: #fff;\n  line-height: 1.2;\n  text-shadow: 0 1px 2px rgba(0,0,0,0.1);\n  margin: 0;\n}\n.lk-stays-subtitle {\n  font-size: 13px;\n  color: rgba(255,255,255,.75);\n  margin: 4px 0 0 0;\n  font-weight: 300;\n}\n\n\/* \u2500\u2500\u2500 CARDS GRID \u2500\u2500\u2500 *\/\n.lk-stays-grid {\n  display: grid;\n  grid-template-columns: 1fr 1fr;\n  gap: 1px;\n  background: rgba(195, 159, 118, 0.12);\n}\n\n\/* \u2500\u2500\u2500 SINGLE CARD \u2500\u2500\u2500 *\/\n.lk-stay-card {\n  background: #ffffff;\n  padding: 26px;\n  display: flex;\n  flex-direction: column;\n  gap: 11px;\n  transition: all 0.3s ease;\n  text-decoration: none;\n  color: inherit;\n  position: relative;\n}\n.lk-stay-card:hover {\n  background: #fffbf5;\n  transform: translateY(-2px);\n  box-shadow: 0 8px 24px rgba(195, 159, 118, 0.18);\n  z-index: 1;\n}\n.lk-stay-card.featured {\n  background: linear-gradient(135deg, #fffdf9 0%, #fff9f0 100%);\n  box-shadow: 0 4px 16px rgba(195, 159, 118, 0.15), inset 0 1px 0 rgba(195, 159, 118, 0.1);\n}\n.lk-stay-card.featured:hover {\n  background: linear-gradient(135deg, #fffbf5 0%, #fff8ed 100%);\n  box-shadow: 0 8px 24px rgba(195, 159, 118, 0.25), inset 0 1px 0 rgba(195, 159, 118, 0.15);\n}\n\n.lk-stay-badge {\n  display: inline-flex;\n  align-items: center;\n  gap: 5px;\n  font-size: 10px;\n  font-weight: 500;\n  letter-spacing: 1.5px;\n  text-transform: uppercase;\n  padding: 5px 11px;\n  border-radius: 20px;\n  width: fit-content;\n}\n.badge-top     { background: linear-gradient(135deg, #c39f76 0%, #d4b188 100%); color: #fff; border: 1px solid #c39f76; font-weight: 600; box-shadow: 0 2px 8px rgba(195,159,118,0.3); }\n.badge-luxury  { background: rgba(195,159,118,.12); color: #c39f76; border: 1px solid rgba(195,159,118,.25); }\n.badge-boutique{ background: rgba(54,133,252,.08); color: #3685fc; border: 1px solid rgba(54,133,252,.2); }\n.badge-nature  { background: rgba(130,190,100,.1); color: #6b9c4a; border: 1px solid rgba(130,190,100,.2); }\n.badge-remote  { background: rgba(195,159,118,.12); color: #a67e50; border: 1px solid rgba(195,159,118,.25); }\n\n.lk-stay-name {\n  font-family: 'Playfair Display', Georgia, serif;\n  font-size: 18px;\n  font-weight: 700;\n  color: #111827;\n  line-height: 1.3;\n}\n.lk-stay-desc {\n  font-size: 13.5px;\n  color: #525252;\n  line-height: 1.65;\n  font-weight: 300;\n  flex: 1;\n}\n\n.lk-stay-meta {\n  display: flex;\n  align-items: center;\n  gap: 12px;\n  flex-wrap: wrap;\n  margin-top: 4px;\n}\n.lk-stay-price {\n  font-size: 13px;\n  color: #6b7280;\n}\n.lk-stay-price strong {\n  color: #c39f76;\n  font-weight: 500;\n}\n.lk-stay-stars {\n  color: #c39f76;\n  font-size: 11px;\n  letter-spacing: 1px;\n}\n\n\/* \u2500\u2500\u2500 CTA BUTTON \u2500\u2500\u2500 *\/\n.lk-stay-cta {\n  display: inline-flex;\n  align-items: center;\n  justify-content: center;\n  gap: 7px;\n  margin-top: 8px;\n  padding: 11px 20px;\n  border-radius: 8px;\n  background: linear-gradient(135deg, #3685fc 0%, #2a6fd9 100%);\n  color: #fff;\n  font-size: 13px;\n  font-weight: 500;\n  text-decoration: none;\n  letter-spacing: .3px;\n  transition: all .2s ease;\n  cursor: pointer;\n  border: none;\n  text-align: center;\n  box-shadow: 0 4px 12px rgba(54, 133, 252, 0.25);\n}\n.lk-stay-cta:hover {\n  background: linear-gradient(135deg, #2a6fd9 0%, #1e5bc4 100%);\n  transform: translateY(-1px);\n  box-shadow: 0 6px 16px rgba(54, 133, 252, 0.35);\n}\n.lk-stay-cta svg { flex-shrink: 0; }\n\n\/* \u2500\u2500\u2500 FOOTER \u2500\u2500\u2500 *\/\n.lk-stays-footer {\n  padding: 18px 36px;\n  background: linear-gradient(to bottom, #fdfaf5 0%, #f9f4ed 100%);\n  border-top: 1px solid rgba(195, 159, 118, 0.15);\n  display: flex;\n  align-items: center;\n  justify-content: space-between;\n  flex-wrap: wrap;\n  gap: 12px;\n}\n.lk-stays-footer-note {\n  font-size: 11.5px;\n  color: #6b7280;\n  font-weight: 300;\n  line-height: 1.5;\n}\n.lk-stays-footer-note a {\n  color: #c39f76;\n  text-decoration: none;\n  font-weight: 400;\n}\n.lk-stays-footer-note a:hover {\n  text-decoration: underline;\n}\n.lk-stays-all-btn {\n  display: inline-flex;\n  align-items: center;\n  gap: 6px;\n  font-size: 12.5px;\n  font-weight: 500;\n  color: #c39f76;\n  text-decoration: none;\n  border: 1px solid rgba(195, 159, 118, 0.35);\n  padding: 8px 18px;\n  border-radius: 8px;\n  transition: all .2s ease;\n}\n.lk-stays-all-btn:hover {\n  background: rgba(195, 159, 118, 0.08);\n  border-color: rgba(195, 159, 118, 0.5);\n}\n\n\/* \u2500\u2500\u2500 RESPONSIVE \u2500\u2500\u2500 *\/\n@media (max-width: 600px) {\n  .lk-stays-grid { grid-template-columns: 1fr; }\n  .lk-stays-header { padding: 24px 20px; }\n  .lk-stays-footer { padding: 16px 20px; }\n  .lk-stay-card { padding: 22px; }\n  .lk-stays-title { font-size: 20px; }\n}\n<\/style>\n\n  <!-- HEADER -->\n  <div class=\"lk-stays-header\">\n    <img decoding=\"async\" src=\"https:\/\/loudavymkrokem.cz\/wp-content\/uploads\/2026\/02\/lukas-a-lucka.jpg\" alt=\"\" style=\"width: 75px; height: 75px; border-radius: 8px; flex-shrink: 0; object-fit: cover; display: block; margin: 4px 0;\" title=\"\">\n    <div class=\"lk-stays-header-text\">\n      <div class=\"lk-stays-eyebrow\">Luk\u00e1\u0161 et Lucie recommandent<\/div>\n      <div class=\"lk-stays-title\">O\u00f9 se loger \u00e0 \u00c9tretat<\/div>\n      <div class=\"lk-stays-subtitle\">4 h\u00e9bergements \u2014 h\u00f4tels bien-\u00eatre, h\u00f4tels et autres options d&rsquo;h\u00e9bergement<\/div>\n    <\/div>\n  <\/div>\n\n  <!-- CARDS -->\n  <div class=\"lk-stays-grid\">\n\n    <a class=\"lk-stay-card featured\" href=\"https:\/\/www.stay22.com\/allez\/roam?aid=lukaskonecny&#038;campaign=loudavymkrokemcz&#038;campaign=fr&#038;campaign=etretat-francie&#038;hotelname=Domaine%20Saint%20Clair&#038;address=%C3%89tretat%2C%20Francie\" target=\"_blank\" rel=\"nofollow noopener\">\n      <span class=\"lk-stay-badge badge-top\">\u2b50 TOP CHOIX<\/span>\n      <span class=\"lk-stay-badge badge-nature\">\u2b50 Luxe<\/span>\n      <div class=\"lk-stay-name\">Domaine Saint Clair (Le Donjon)<\/div>\n      <div class=\"lk-stay-desc\">Magnifique h\u00f4tel boutique sur la colline, offrant des vues fantastiques et une atmosph\u00e8re romantique inoubliable d&rsquo;un vieux ch\u00e2teau.<\/div>\n      <div class=\"lk-stay-meta\">\n        <span class=\"lk-stay-stars\">\u2605\u2605\u2605\u2605<\/span>\n        <span class=\"lk-stay-price\">V\u00e9rifier les prix<\/span>\n      <\/div>\n      <span class=\"lk-stay-cta\">\n        <svg width=\"14\" height=\"14\" viewBox=\"0 0 24 24\" fill=\"none\" stroke=\"currentColor\" stroke-width=\"2\"><path d=\"M18 13v6a2 2 0 0 1-2 2H5a2 2 0 0 1-2-2V8a2 2 0 0 1 2-2h6\"\/><polyline points=\"15 3 21 3 21 9\"\/><line x1=\"10\" y1=\"14\" x2=\"21\" y2=\"3\"\/><\/svg>\n        V\u00e9rifier la disponibilit\u00e9\n      <\/span>\n    <\/a>\n\n    <a class=\"lk-stay-card\" href=\"https:\/\/www.stay22.com\/allez\/roam?aid=lukaskonecny&#038;campaign=loudavymkrokemcz&#038;campaign=fr&#038;campaign=etretat-francie&#038;hotelname=Hotel%20Le%20Rayon%20Vert&#038;address=%C3%89tretat%2C%20Francie\" target=\"_blank\" rel=\"nofollow noopener\">\n      <span class=\"lk-stay-badge badge-nature\">\ud83c\udfd6\ufe0f Plage<\/span>\n      <div class=\"lk-stay-name\">Hotel Le Rayon Vert<\/div>\n      <div class=\"lk-stay-desc\">H\u00f4tel tr\u00e8s confortable directement sur la promenade de la plage, d&rsquo;o\u00f9 vous pouvez paresseusement observer les vagues le matin depuis le confort de votre lit.<\/div>\n      <div class=\"lk-stay-meta\">\n        <span class=\"lk-stay-stars\">\u2605\u2605\u2605\u2605<\/span>\n        <span class=\"lk-stay-price\">V\u00e9rifier les prix<\/span>\n      <\/div>\n      <span class=\"lk-stay-cta\">\n        <svg width=\"14\" height=\"14\" viewBox=\"0 0 24 24\" fill=\"none\" stroke=\"currentColor\" stroke-width=\"2\"><path d=\"M18 13v6a2 2 0 0 1-2 2H5a2 2 0 0 1-2-2V8a2 2 0 0 1 2-2h6\"\/><polyline points=\"15 3 21 3 21 9\"\/><line x1=\"10\" y1=\"14\" x2=\"21\" y2=\"3\"\/><\/svg>\n        V\u00e9rifier la disponibilit\u00e9\n      <\/span>\n    <\/a>\n\n    <a class=\"lk-stay-card\" href=\"https:\/\/www.stay22.com\/allez\/roam?aid=lukaskonecny&#038;campaign=loudavymkrokemcz&#038;campaign=fr&#038;campaign=etretatfrancie&#038;address=%C3%89tretat&#038;hotelname=Dormy+House&#038;search=Dormy+House&#038;category=accommodation\" target=\"_blank\" rel=\"nofollow noopener\">\n      <span class=\"lk-stay-badge badge-nature\">\ud83c\udfe8 H\u00f4tel<\/span>\n      <div class=\"lk-stay-name\">Dormy House<\/div>\n      <div class=\"lk-stay-desc\">H\u00f4tel tr\u00e8s appr\u00e9ci\u00e9 dans un style plus classique, situ\u00e9 au bord de la falaise et dot\u00e9 d&rsquo;un beau jardin verdoyant.<\/div>\n      <div class=\"lk-stay-meta\">\n        <span class=\"lk-stay-stars\">\u2605\u2605\u2605\u2605<\/span>\n        <span class=\"lk-stay-price\">V\u00e9rifier les prix<\/span>\n      <\/div>\n      <span class=\"lk-stay-cta\">\n        <svg width=\"14\" height=\"14\" viewBox=\"0 0 24 24\" fill=\"none\" stroke=\"currentColor\" stroke-width=\"2\"><path d=\"M18 13v6a2 2 0 0 1-2 2H5a2 2 0 0 1-2-2V8a2 2 0 0 1 2-2h6\"\/><polyline points=\"15 3 21 3 21 9\"\/><line x1=\"10\" y1=\"14\" x2=\"21\" y2=\"3\"\/><\/svg>\n        V\u00e9rifier la disponibilit\u00e9\n      <\/span>\n    <\/a>\n\n    <a class=\"lk-stay-card\" href=\"https:\/\/www.stay22.com\/allez\/roam?aid=lukaskonecny&#038;campaign=loudavymkrokemcz&#038;campaign=fr&#038;campaign=etretatfrancie&#038;address=\u00e9tretat\" target=\"_blank\" rel=\"nofollow noopener\">\n      <span class=\"lk-stay-badge badge-nature\">\ud83d\udd0d Rechercher<\/span>\n      <div class=\"lk-stay-name\">Voir tous les h\u00e9bergements \u00e0 \u00c9tretat<\/div>\n      <div class=\"lk-stay-desc\">Explorez toutes les options d&rsquo;h\u00e9bergement disponibles \u00e0 \u00c9tretat et trouvez la meilleure selon vos pr\u00e9f\u00e9rences et votre budget.<\/div>\n      <div class=\"lk-stay-meta\">\n        <span class=\"lk-stay-stars\">\u2605\u2605\u2605\u2605<\/span>\n        <span class=\"lk-stay-price\">Comparer les prix<\/span>\n      <\/div>\n      <span class=\"lk-stay-cta\">\n        <svg width=\"14\" height=\"14\" viewBox=\"0 0 24 24\" fill=\"none\" stroke=\"currentColor\" stroke-width=\"2\"><path d=\"M18 13v6a2 2 0 0 1-2 2H5a2 2 0 0 1-2-2V8a2 2 0 0 1 2-2h6\"\/><polyline points=\"15 3 21 3 21 9\"\/><line x1=\"10\" y1=\"14\" x2=\"21\" y2=\"3\"\/><\/svg>\n        V\u00e9rifier la disponibilit\u00e9\n      <\/span>\n    <\/a>\n\n  <\/div>\n\n  \n<\/div>\n\n\n\n\n<figure data-wp-context=\"{&quot;imageId&quot;:&quot;6a9931b636547&quot;}\" data-wp-interactive=\"core\/image\" data-wp-key=\"6a9931b636547\" class=\"wp-block-image size-full wp-lightbox-container\"><img decoding=\"async\" width=\"1600\" height=\"900\" data-wp-class--hide=\"state.isContentHidden\" data-wp-class--show=\"state.isContentVisible\" data-wp-init=\"callbacks.setButtonStyles\" data-wp-on--click=\"actions.showLightbox\" data-wp-on--load=\"callbacks.setButtonStyles\" data-wp-on--pointerdown=\"actions.preloadImage\" data-wp-on--pointerenter=\"actions.preloadImageWithDelay\" data-wp-on--pointerleave=\"actions.cancelPreload\" data-wp-on-window--resize=\"callbacks.setButtonStyles\" src=\"https:\/\/loudavymkrokem.cz\/wp-content\/uploads\/2026\/06\/rp392_213331.jpg\" alt=\"Vue a\u00e9rienne des falaises d&#039;\u00c9tretat\" class=\"wp-image-216472\" title=\"\" srcset=\"https:\/\/loudavymkrokem.cz\/wp-content\/uploads\/2026\/06\/rp392_213331.jpg 1600w, https:\/\/loudavymkrokem.cz\/wp-content\/uploads\/2026\/06\/rp392_213331-300x169.jpg 300w, https:\/\/loudavymkrokem.cz\/wp-content\/uploads\/2026\/06\/rp392_213331-700x394.jpg 700w, https:\/\/loudavymkrokem.cz\/wp-content\/uploads\/2026\/06\/rp392_213331-768x432.jpg 768w, https:\/\/loudavymkrokem.cz\/wp-content\/uploads\/2026\/06\/rp392_213331-1536x864.jpg 1536w, https:\/\/loudavymkrokem.cz\/wp-content\/uploads\/2026\/06\/rp392_213331-696x392.jpg 696w, https:\/\/loudavymkrokem.cz\/wp-content\/uploads\/2026\/06\/rp392_213331-1392x783.jpg 1392w\" sizes=\"(max-width: 1600px) 100vw, 1600px\" \/><button\n\t\t\tclass=\"lightbox-trigger\"\n\t\t\ttype=\"button\"\n\t\t\taria-haspopup=\"dialog\"\n\t\t\tdata-wp-bind--aria-label=\"state.thisImage.triggerButtonAriaLabel\"\n\t\t\tdata-wp-init=\"callbacks.initTriggerButton\"\n\t\t\tdata-wp-on--click=\"actions.showLightbox\"\n\t\t\tdata-wp-style--right=\"state.thisImage.buttonRight\"\n\t\t\tdata-wp-style--top=\"state.thisImage.buttonTop\"\n\t\t>\n\t\t\t<svg xmlns=\"http:\/\/www.w3.org\/2000\/svg\" width=\"12\" height=\"12\" fill=\"none\" viewBox=\"0 0 12 12\">\n\t\t\t\t<path fill=\"#fff\" d=\"M2 0a2 2 0 0 0-2 2v2h1.5V2a.5.5 0 0 1 .5-.5h2V0H2Zm2 10.5H2a.5.5 0 0 1-.5-.5V8H0v2a2 2 0 0 0 2 2h2v-1.5ZM8 12v-1.5h2a.5.5 0 0 0 .5-.5V8H12v2a2 2 0 0 1-2 2H8Zm2-12a2 2 0 0 1 2 2v2h-1.5V2a.5.5 0 0 0-.5-.5H8V0h2Z\" \/>\n\t\t\t<\/svg>\n\t\t<\/button><figcaption class=\"wp-element-caption\">Photo : Idriss Cha\u00efr \/ Pexels<\/figcaption><\/figure>\n\n\n\n<h2 class=\"wp-block-heading\"><span class=\"ez-toc-section\" id=\"11_conseils_que_voir_et_faire_a_Etretat\"><\/span><span class=\"ez-toc-section\" id=\"11_tipu_co_videt_a_delat_v_Etretatu\"><\/span>11 conseils : que voir et faire \u00e0 \u00c9tretat<span class=\"ez-toc-section-end\"><\/span><span class=\"ez-toc-section-end\"><\/span><\/h2>\n\n\n\n<p class=\"wp-block-paragraph\">D\u00e9couvrons ensemble les plus beaux points de vue et les meilleures exp\u00e9riences que ce village normand peut t&rsquo;offrir. Je vais te conseiller sur la fa\u00e7on d&rsquo;\u00e9viter les grosses foules, o\u00f9 trouver les meilleurs angles pour photographier les c\u00e9l\u00e8bres falaises et \u00e0 quoi faire attention en \u00e9voluant au bord de l&rsquo;oc\u00e9an impr\u00e9visible.<\/p>\n\n\n\n<figure data-wp-context=\"{&quot;imageId&quot;:&quot;6a9931b636c28&quot;}\" data-wp-interactive=\"core\/image\" data-wp-key=\"6a9931b636c28\" class=\"wp-block-image size-full wp-lightbox-container\"><img decoding=\"async\" width=\"1920\" height=\"1252\" data-wp-class--hide=\"state.isContentHidden\" data-wp-class--show=\"state.isContentVisible\" data-wp-init=\"callbacks.setButtonStyles\" data-wp-on--click=\"actions.showLightbox\" data-wp-on--load=\"callbacks.setButtonStyles\" data-wp-on--pointerdown=\"actions.preloadImage\" data-wp-on--pointerenter=\"actions.preloadImageWithDelay\" data-wp-on--pointerleave=\"actions.cancelPreload\" data-wp-on-window--resize=\"callbacks.setButtonStyles\" src=\"https:\/\/loudavymkrokem.cz\/wp-content\/uploads\/2026\/06\/209392-skalni-oblouk-porte-d-aval-za-vecerniho-7fedf48b.jpg\" alt=\"Arche rocheuse Porte d&#039;Aval dans la lumi\u00e8re du soir\" class=\"wp-image-213334\" title=\"\" srcset=\"https:\/\/loudavymkrokem.cz\/wp-content\/uploads\/2026\/06\/209392-skalni-oblouk-porte-d-aval-za-vecerniho-7fedf48b.jpg 1920w, https:\/\/loudavymkrokem.cz\/wp-content\/uploads\/2026\/06\/209392-skalni-oblouk-porte-d-aval-za-vecerniho-7fedf48b-300x196.jpg 300w, https:\/\/loudavymkrokem.cz\/wp-content\/uploads\/2026\/06\/209392-skalni-oblouk-porte-d-aval-za-vecerniho-7fedf48b-700x456.jpg 700w, https:\/\/loudavymkrokem.cz\/wp-content\/uploads\/2026\/06\/209392-skalni-oblouk-porte-d-aval-za-vecerniho-7fedf48b-768x501.jpg 768w, https:\/\/loudavymkrokem.cz\/wp-content\/uploads\/2026\/06\/209392-skalni-oblouk-porte-d-aval-za-vecerniho-7fedf48b-1536x1002.jpg 1536w, https:\/\/loudavymkrokem.cz\/wp-content\/uploads\/2026\/06\/209392-skalni-oblouk-porte-d-aval-za-vecerniho-7fedf48b-696x454.jpg 696w, https:\/\/loudavymkrokem.cz\/wp-content\/uploads\/2026\/06\/209392-skalni-oblouk-porte-d-aval-za-vecerniho-7fedf48b-1392x908.jpg 1392w\" sizes=\"(max-width: 1920px) 100vw, 1920px\" \/><button\n\t\t\tclass=\"lightbox-trigger\"\n\t\t\ttype=\"button\"\n\t\t\taria-haspopup=\"dialog\"\n\t\t\tdata-wp-bind--aria-label=\"state.thisImage.triggerButtonAriaLabel\"\n\t\t\tdata-wp-init=\"callbacks.initTriggerButton\"\n\t\t\tdata-wp-on--click=\"actions.showLightbox\"\n\t\t\tdata-wp-style--right=\"state.thisImage.buttonRight\"\n\t\t\tdata-wp-style--top=\"state.thisImage.buttonTop\"\n\t\t>\n\t\t\t<svg xmlns=\"http:\/\/www.w3.org\/2000\/svg\" width=\"12\" height=\"12\" fill=\"none\" viewBox=\"0 0 12 12\">\n\t\t\t\t<path fill=\"#fff\" d=\"M2 0a2 2 0 0 0-2 2v2h1.5V2a.5.5 0 0 1 .5-.5h2V0H2Zm2 10.5H2a.5.5 0 0 1-.5-.5V8H0v2a2 2 0 0 0 2 2h2v-1.5ZM8 12v-1.5h2a.5.5 0 0 0 .5-.5V8H12v2a2 2 0 0 1-2 2H8Zm2-12a2 2 0 0 1 2 2v2h-1.5V2a.5.5 0 0 0-.5-.5H8V0h2Z\" \/>\n\t\t\t<\/svg>\n\t\t<\/button><figcaption class=\"wp-element-caption\">Photo : J\u00f6rg Braukmann \/ Wikimedia Commons, CC BY-SA 4.0<\/figcaption><\/figure>\n\n\n\n<h3 class=\"wp-block-heading\"><span class=\"ez-toc-section\" id=\"1_Admire_la_celebre_arche_Porte_dAval\"><\/span>1. Admire la c\u00e9l\u00e8bre arche Porte d&rsquo;Aval<span class=\"ez-toc-section-end\"><\/span><\/h3>\n\n\n\n<p class=\"wp-block-paragraph\">En regardant depuis la plage principale vers la gauche, tu verras surgir la formation rocheuse la plus connue de toutes, celle qui orne presque toutes les cartes postales de Normandie. La Porte d&rsquo;Aval est une massive arche de craie dont le c\u00e9l\u00e8bre \u00e9crivain fran\u00e7ais Guy de Maupassant disait avec justesse qu&rsquo;elle <strong>ressemble \u00e0 un gigantesque \u00e9l\u00e9phant plongeant sa trompe dans les vagues<\/strong>. Et quand tu la regardes sous le bon angle depuis la plage de galets, tu vois vraiment cette fascinante silhouette d&rsquo;animal tr\u00e8s nettement.<\/p>\n\n\n\n<p class=\"wp-block-paragraph\">Cette merveille naturelle s&rsquo;est form\u00e9e pendant des milliers d&rsquo;ann\u00e9es par une \u00e9rosion tenace, les rudes vagues et le vent puissant creusant sans cesse les parties les plus tendres de la paroi crayeuse. Malheureusement, on ne peut pas atteindre l&rsquo;arche \u00e0 pied sec m\u00eame \u00e0 la mar\u00e9e la plus basse, donc tu la <strong>verras le mieux depuis le sentier panoramique<\/strong> qui longe le sommet des falaises. La vue d&rsquo;en haut t&rsquo;offre en plus un magnifique contraste visuel entre la roche d&rsquo;un blanc \u00e9clatant, l&rsquo;herbe d&rsquo;un vert frais et l&rsquo;eau \u00e9meraude de la Manche. La roche travaille pourtant sans cesse et s&rsquo;effrite de fa\u00e7on inattendue, alors garde toujours une distance parfaitement s\u00fbre du pr\u00e9cipice quand tu prends des photos.<\/p>\n\n\n\n<p class=\"wp-block-paragraph\">\ud83d\udca1 Astuce : la meilleure lumi\u00e8re pour photographier la Porte d&rsquo;Aval s&rsquo;obtient en fin d&rsquo;apr\u00e8s-midi et en soir\u00e9e. Le soleil couchant <strong>teinte la craie blanche de chauds tons orang\u00e9s et dor\u00e9s<\/strong>, ce qui cr\u00e9e une atmosph\u00e8re magique, celle-l\u00e0 m\u00eame qu&rsquo;ont ador\u00e9e les c\u00e9l\u00e8bres impressionnistes fran\u00e7ais il y a des si\u00e8cles.<\/p>\n\n\n\n<figure data-wp-context=\"{&quot;imageId&quot;:&quot;6a9931b637694&quot;}\" data-wp-interactive=\"core\/image\" data-wp-key=\"6a9931b637694\" class=\"wp-block-image size-full wp-lightbox-container\"><img decoding=\"async\" width=\"1920\" height=\"1155\" data-wp-class--hide=\"state.isContentHidden\" data-wp-class--show=\"state.isContentVisible\" data-wp-init=\"callbacks.setButtonStyles\" data-wp-on--click=\"actions.showLightbox\" data-wp-on--load=\"callbacks.setButtonStyles\" data-wp-on--pointerdown=\"actions.preloadImage\" data-wp-on--pointerenter=\"actions.preloadImageWithDelay\" data-wp-on--pointerleave=\"actions.cancelPreload\" data-wp-on-window--resize=\"callbacks.setButtonStyles\" src=\"https:\/\/loudavymkrokem.cz\/wp-content\/uploads\/2026\/06\/209392-jehla-l-aiguille-u-utesu-etretatu-bbfe2268.jpg\" alt=\"L&#039;Aiguille pr\u00e8s des falaises d&#039;\u00c9tretat\" class=\"wp-image-213335\" title=\"\" srcset=\"https:\/\/loudavymkrokem.cz\/wp-content\/uploads\/2026\/06\/209392-jehla-l-aiguille-u-utesu-etretatu-bbfe2268.jpg 1920w, https:\/\/loudavymkrokem.cz\/wp-content\/uploads\/2026\/06\/209392-jehla-l-aiguille-u-utesu-etretatu-bbfe2268-300x180.jpg 300w, https:\/\/loudavymkrokem.cz\/wp-content\/uploads\/2026\/06\/209392-jehla-l-aiguille-u-utesu-etretatu-bbfe2268-700x421.jpg 700w, https:\/\/loudavymkrokem.cz\/wp-content\/uploads\/2026\/06\/209392-jehla-l-aiguille-u-utesu-etretatu-bbfe2268-768x462.jpg 768w, https:\/\/loudavymkrokem.cz\/wp-content\/uploads\/2026\/06\/209392-jehla-l-aiguille-u-utesu-etretatu-bbfe2268-1536x924.jpg 1536w, https:\/\/loudavymkrokem.cz\/wp-content\/uploads\/2026\/06\/209392-jehla-l-aiguille-u-utesu-etretatu-bbfe2268-696x419.jpg 696w, https:\/\/loudavymkrokem.cz\/wp-content\/uploads\/2026\/06\/209392-jehla-l-aiguille-u-utesu-etretatu-bbfe2268-1392x837.jpg 1392w\" sizes=\"(max-width: 1920px) 100vw, 1920px\" \/><button\n\t\t\tclass=\"lightbox-trigger\"\n\t\t\ttype=\"button\"\n\t\t\taria-haspopup=\"dialog\"\n\t\t\tdata-wp-bind--aria-label=\"state.thisImage.triggerButtonAriaLabel\"\n\t\t\tdata-wp-init=\"callbacks.initTriggerButton\"\n\t\t\tdata-wp-on--click=\"actions.showLightbox\"\n\t\t\tdata-wp-style--right=\"state.thisImage.buttonRight\"\n\t\t\tdata-wp-style--top=\"state.thisImage.buttonTop\"\n\t\t>\n\t\t\t<svg xmlns=\"http:\/\/www.w3.org\/2000\/svg\" width=\"12\" height=\"12\" fill=\"none\" viewBox=\"0 0 12 12\">\n\t\t\t\t<path fill=\"#fff\" d=\"M2 0a2 2 0 0 0-2 2v2h1.5V2a.5.5 0 0 1 .5-.5h2V0H2Zm2 10.5H2a.5.5 0 0 1-.5-.5V8H0v2a2 2 0 0 0 2 2h2v-1.5ZM8 12v-1.5h2a.5.5 0 0 0 .5-.5V8H12v2a2 2 0 0 1-2 2H8Zm2-12a2 2 0 0 1 2 2v2h-1.5V2a.5.5 0 0 0-.5-.5H8V0h2Z\" \/>\n\t\t\t<\/svg>\n\t\t<\/button><figcaption class=\"wp-element-caption\">Photo : Zairon \/ Wikimedia Commons, CC BY-SA 4.0<\/figcaption><\/figure>\n\n\n\n<h3 class=\"wp-block-heading\"><span class=\"ez-toc-section\" id=\"2_Repere_la_mysterieuse_aiguille_LAiguille\"><\/span>2. Rep\u00e8re la myst\u00e9rieuse aiguille L&rsquo;Aiguille<span class=\"ez-toc-section-end\"><\/span><\/h3>\n\n\n\n<p class=\"wp-block-paragraph\">Juste derri\u00e8re l&rsquo;arche en forme d&rsquo;\u00e9l\u00e9phant qu&rsquo;est la Porte d&rsquo;Aval, une tour rocheuse solitaire jaillit de la mer de fa\u00e7on totalement spectaculaire : on l&rsquo;appelle L&rsquo;Aiguille. Cet impressionnant ob\u00e9lisque calcaire <strong>s&rsquo;\u00e9l\u00e8ve \u00e0 une hauteur respectable de 70 m\u00e8tres<\/strong> et donne l&rsquo;impression de garder l&rsquo;entr\u00e9e d&rsquo;un royaume sous-marin oubli\u00e9. Tu r\u00e9aliseras le mieux sa taille \u00e9norme au moment o\u00f9 un petit voilier passe \u00e0 c\u00f4t\u00e9 d&rsquo;elle : il ressemble alors \u00e0 un simple jouet de baignoire face \u00e0 la roche massive.<\/p>\n\n\n\n<p class=\"wp-block-paragraph\">Dans toute la France, l&rsquo;Aiguille est indissociablement li\u00e9e \u00e0 la culture populaire locale, plus pr\u00e9cis\u00e9ment au personnage du g\u00e9nial gentleman cambrioleur Ars\u00e8ne Lupin. Dans le roman L&rsquo;Aiguille creuse du c\u00e9l\u00e8bre \u00e9crivain Maurice Leblanc, on lit en effet qu&rsquo;<strong>\u00e0 l&rsquo;int\u00e9rieur de la roche se cache une grotte secr\u00e8te renfermant un immense tr\u00e9sor<\/strong> des anciens rois de France. Cette histoire d&rsquo;aventure attire encore aujourd&rsquo;hui des milliers de fid\u00e8les fans qui, jumelles en main, scrutent les falaises \u00e0 la recherche de l&rsquo;hypoth\u00e9tique entr\u00e9e secr\u00e8te vers le c\u0153ur de la roche.<\/p>\n\n\n\n<p class=\"wp-block-paragraph\">\ud83d\udca1 Astuce : m\u00eame si l&rsquo;histoire du tr\u00e9sor cach\u00e9 n&rsquo;est qu&rsquo;une fiction litt\u00e9raire, tu trouveras en plein centre-ville le beau <strong>mus\u00e9e Le Clos Lupin<\/strong>. Il occupe l&rsquo;ancienne maison historique de l&rsquo;auteur lui-m\u00eame, la visite te co\u00fbte un peu moins de neuf euros et te plonge parfaitement dans l&rsquo;atmosph\u00e8re polici\u00e8re du d\u00e9but du XXe si\u00e8cle.<\/p>\n\n\n\n<figure data-wp-context=\"{&quot;imageId&quot;:&quot;6a9931b637e2f&quot;}\" data-wp-interactive=\"core\/image\" data-wp-key=\"6a9931b637e2f\" class=\"wp-block-image size-full wp-lightbox-container\"><img decoding=\"async\" width=\"1920\" height=\"1440\" data-wp-class--hide=\"state.isContentHidden\" data-wp-class--show=\"state.isContentVisible\" data-wp-init=\"callbacks.setButtonStyles\" data-wp-on--click=\"actions.showLightbox\" data-wp-on--load=\"callbacks.setButtonStyles\" data-wp-on--pointerdown=\"actions.preloadImage\" data-wp-on--pointerenter=\"actions.preloadImageWithDelay\" data-wp-on--pointerleave=\"actions.cancelPreload\" data-wp-on-window--resize=\"callbacks.setButtonStyles\" src=\"https:\/\/loudavymkrokem.cz\/wp-content\/uploads\/2026\/06\/209392-oblouk-porte-d-amont-s-kapli-nad-utesem-c46d4cdd.jpg\" alt=\"Arche Porte d&#039;Amont avec la chapelle au-dessus de la falaise\" class=\"wp-image-213336\" title=\"\" srcset=\"https:\/\/loudavymkrokem.cz\/wp-content\/uploads\/2026\/06\/209392-oblouk-porte-d-amont-s-kapli-nad-utesem-c46d4cdd.jpg 1920w, https:\/\/loudavymkrokem.cz\/wp-content\/uploads\/2026\/06\/209392-oblouk-porte-d-amont-s-kapli-nad-utesem-c46d4cdd-300x225.jpg 300w, https:\/\/loudavymkrokem.cz\/wp-content\/uploads\/2026\/06\/209392-oblouk-porte-d-amont-s-kapli-nad-utesem-c46d4cdd-700x525.jpg 700w, https:\/\/loudavymkrokem.cz\/wp-content\/uploads\/2026\/06\/209392-oblouk-porte-d-amont-s-kapli-nad-utesem-c46d4cdd-768x576.jpg 768w, https:\/\/loudavymkrokem.cz\/wp-content\/uploads\/2026\/06\/209392-oblouk-porte-d-amont-s-kapli-nad-utesem-c46d4cdd-1536x1152.jpg 1536w, https:\/\/loudavymkrokem.cz\/wp-content\/uploads\/2026\/06\/209392-oblouk-porte-d-amont-s-kapli-nad-utesem-c46d4cdd-80x60.jpg 80w, https:\/\/loudavymkrokem.cz\/wp-content\/uploads\/2026\/06\/209392-oblouk-porte-d-amont-s-kapli-nad-utesem-c46d4cdd-160x120.jpg 160w, https:\/\/loudavymkrokem.cz\/wp-content\/uploads\/2026\/06\/209392-oblouk-porte-d-amont-s-kapli-nad-utesem-c46d4cdd-696x522.jpg 696w, https:\/\/loudavymkrokem.cz\/wp-content\/uploads\/2026\/06\/209392-oblouk-porte-d-amont-s-kapli-nad-utesem-c46d4cdd-1392x1044.jpg 1392w\" sizes=\"(max-width: 1920px) 100vw, 1920px\" \/><button\n\t\t\tclass=\"lightbox-trigger\"\n\t\t\ttype=\"button\"\n\t\t\taria-haspopup=\"dialog\"\n\t\t\tdata-wp-bind--aria-label=\"state.thisImage.triggerButtonAriaLabel\"\n\t\t\tdata-wp-init=\"callbacks.initTriggerButton\"\n\t\t\tdata-wp-on--click=\"actions.showLightbox\"\n\t\t\tdata-wp-style--right=\"state.thisImage.buttonRight\"\n\t\t\tdata-wp-style--top=\"state.thisImage.buttonTop\"\n\t\t>\n\t\t\t<svg xmlns=\"http:\/\/www.w3.org\/2000\/svg\" width=\"12\" height=\"12\" fill=\"none\" viewBox=\"0 0 12 12\">\n\t\t\t\t<path fill=\"#fff\" d=\"M2 0a2 2 0 0 0-2 2v2h1.5V2a.5.5 0 0 1 .5-.5h2V0H2Zm2 10.5H2a.5.5 0 0 1-.5-.5V8H0v2a2 2 0 0 0 2 2h2v-1.5ZM8 12v-1.5h2a.5.5 0 0 0 .5-.5V8H12v2a2 2 0 0 1-2 2H8Zm2-12a2 2 0 0 1 2 2v2h-1.5V2a.5.5 0 0 0-.5-.5H8V0h2Z\" \/>\n\t\t\t<\/svg>\n\t\t<\/button><figcaption class=\"wp-element-caption\">Photo : J\u00f6rg Braukmann \/ Wikimedia Commons, CC BY-SA 4.0<\/figcaption><\/figure>\n\n\n\n<h3 class=\"wp-block-heading\"><span class=\"ez-toc-section\" id=\"3_Grimpe_la_falaise_et_larche_Porte_dAmont\"><\/span>3. Grimpe la falaise et l&rsquo;arche Porte d&rsquo;Amont<span class=\"ez-toc-section-end\"><\/span><\/h3>\n\n\n\n<p class=\"wp-block-paragraph\">Si, depuis la plage principale de galets, tu tournes ton regard vers la droite, tu verras une falaise un peu plus petite mais tout aussi belle, appel\u00e9e la Porte d&rsquo;Amont. Ce tron\u00e7on est <strong>bien plus accessible aux randonneurs ordinaires<\/strong> et le chemin vers le haut commence commod\u00e9ment juste au bout de la promenade du village. De l\u00e0, un sentier assez raide mais tr\u00e8s bien am\u00e9nag\u00e9 et une s\u00e9rie de marches en b\u00e9ton te m\u00e8neront jusqu&rsquo;au sommet herbeux. En r\u00e9compense de quelques gouttes de sueur, tu auras la plus belle vue \u00e0 vol d&rsquo;oiseau sur tout le village.<\/p>\n\n\n\n<p class=\"wp-block-paragraph\">Au sommet m\u00eame de cette falaise se dresse fi\u00e8rement la <strong>ravissante petite chapelle Notre-Dame de la Garde<\/strong>, patronne et protectrice spirituelle de tous les marins et p\u00eacheurs locaux. L&rsquo;\u00e9difice historique d&rsquo;origine a malheureusement \u00e9t\u00e9 enti\u00e8rement d\u00e9truit pendant la Seconde Guerre mondiale, mais les habitants l&rsquo;ont reconstruit au milieu du XXe si\u00e8cle avec un immense amour et beaucoup de soin, pour qu&rsquo;elle continue de veiller symboliquement sur toute la baie.<\/p>\n\n\n\n<p class=\"wp-block-paragraph\">\ud83d\udca1 Astuce : un peu plus loin apr\u00e8s la chapelle se trouve le tr\u00e8s original <strong>monument \u00e0 Nungesser et Coli<\/strong>. Sa forme de longue fl\u00e8che blanche rappelle les deux aviateurs audacieux qui tent\u00e8rent en 1927 d&rsquo;\u00eatre les premiers \u00e0 traverser l&rsquo;Atlantique \u00e0 bord de leur avion L&rsquo;Oiseau blanc : c&rsquo;est pr\u00e9cis\u00e9ment au-dessus d&rsquo;\u00c9tretat qu&rsquo;ils furent aper\u00e7us pour la derni\u00e8re fois avant leur myst\u00e9rieuse disparition.<\/p>\n\n\n\n<figure data-wp-context=\"{&quot;imageId&quot;:&quot;6a9931b638613&quot;}\" data-wp-interactive=\"core\/image\" data-wp-key=\"6a9931b638613\" class=\"wp-block-image size-full wp-lightbox-container\"><img decoding=\"async\" width=\"1920\" height=\"1132\" data-wp-class--hide=\"state.isContentHidden\" data-wp-class--show=\"state.isContentVisible\" data-wp-init=\"callbacks.setButtonStyles\" data-wp-on--click=\"actions.showLightbox\" data-wp-on--load=\"callbacks.setButtonStyles\" data-wp-on--pointerdown=\"actions.preloadImage\" data-wp-on--pointerenter=\"actions.preloadImageWithDelay\" data-wp-on--pointerleave=\"actions.cancelPreload\" data-wp-on-window--resize=\"callbacks.setButtonStyles\" src=\"https:\/\/loudavymkrokem.cz\/wp-content\/uploads\/2026\/06\/209392-majestatni-skalni-oblouk-manneporte-809d9125.jpg\" alt=\"Majestueuse arche rocheuse de la Manneporte\" class=\"wp-image-213337\" title=\"\" srcset=\"https:\/\/loudavymkrokem.cz\/wp-content\/uploads\/2026\/06\/209392-majestatni-skalni-oblouk-manneporte-809d9125.jpg 1920w, https:\/\/loudavymkrokem.cz\/wp-content\/uploads\/2026\/06\/209392-majestatni-skalni-oblouk-manneporte-809d9125-300x177.jpg 300w, https:\/\/loudavymkrokem.cz\/wp-content\/uploads\/2026\/06\/209392-majestatni-skalni-oblouk-manneporte-809d9125-700x413.jpg 700w, https:\/\/loudavymkrokem.cz\/wp-content\/uploads\/2026\/06\/209392-majestatni-skalni-oblouk-manneporte-809d9125-768x453.jpg 768w, https:\/\/loudavymkrokem.cz\/wp-content\/uploads\/2026\/06\/209392-majestatni-skalni-oblouk-manneporte-809d9125-1536x906.jpg 1536w, https:\/\/loudavymkrokem.cz\/wp-content\/uploads\/2026\/06\/209392-majestatni-skalni-oblouk-manneporte-809d9125-696x410.jpg 696w, https:\/\/loudavymkrokem.cz\/wp-content\/uploads\/2026\/06\/209392-majestatni-skalni-oblouk-manneporte-809d9125-1392x821.jpg 1392w\" sizes=\"(max-width: 1920px) 100vw, 1920px\" \/><button\n\t\t\tclass=\"lightbox-trigger\"\n\t\t\ttype=\"button\"\n\t\t\taria-haspopup=\"dialog\"\n\t\t\tdata-wp-bind--aria-label=\"state.thisImage.triggerButtonAriaLabel\"\n\t\t\tdata-wp-init=\"callbacks.initTriggerButton\"\n\t\t\tdata-wp-on--click=\"actions.showLightbox\"\n\t\t\tdata-wp-style--right=\"state.thisImage.buttonRight\"\n\t\t\tdata-wp-style--top=\"state.thisImage.buttonTop\"\n\t\t>\n\t\t\t<svg xmlns=\"http:\/\/www.w3.org\/2000\/svg\" width=\"12\" height=\"12\" fill=\"none\" viewBox=\"0 0 12 12\">\n\t\t\t\t<path fill=\"#fff\" d=\"M2 0a2 2 0 0 0-2 2v2h1.5V2a.5.5 0 0 1 .5-.5h2V0H2Zm2 10.5H2a.5.5 0 0 1-.5-.5V8H0v2a2 2 0 0 0 2 2h2v-1.5ZM8 12v-1.5h2a.5.5 0 0 0 .5-.5V8H12v2a2 2 0 0 1-2 2H8Zm2-12a2 2 0 0 1 2 2v2h-1.5V2a.5.5 0 0 0-.5-.5H8V0h2Z\" \/>\n\t\t\t<\/svg>\n\t\t<\/button><figcaption class=\"wp-element-caption\">Photo : Tobi 87 \/ Wikimedia Commons, CC BY-SA 4.0<\/figcaption><\/figure>\n\n\n\n<h3 class=\"wp-block-heading\"><span class=\"ez-toc-section\" id=\"4_Decouvre_la_majestueuse_Manneporte\"><\/span>4. D\u00e9couvre la majestueuse Manneporte<span class=\"ez-toc-section-end\"><\/span><\/h3>\n\n\n\n<p class=\"wp-block-paragraph\">M\u00eame si l&rsquo;arche en forme d&rsquo;\u00e9l\u00e9phant qu&rsquo;est la Porte d&rsquo;Aval est de loin la plus connue des touristes, elle n&rsquo;est paradoxalement pas du tout la plus grande de cette c\u00f4te. Si tu continues courageusement le long des falaises encore plus loin vers l&rsquo;ouest sur les sentiers battus, tu tomberas sur la Manneporte. C&rsquo;est une <strong>arche de craie absolument gigantesque<\/strong>, sous laquelle, selon une vieille l\u00e9gende de marins, m\u00eame un grand navire enti\u00e8rement charg\u00e9 pourrait passer sans probl\u00e8me.<\/p>\n\n\n\n<p class=\"wp-block-paragraph\">Cette formation g\u00e9ologique est incroyablement immense, brute, et d\u00e9gage une impression tr\u00e8s majestueuse, car elle se trouve \u00e0 l&rsquo;\u00e9cart de l&rsquo;agitation touristique autour du village. Depuis les points de vue juste au-dessus, tu prends pleinement conscience de <strong>l&rsquo;\u00e9norme force de la nature et de la petitesse de l&rsquo;homme<\/strong>, quand tu observes dans le silence total l&rsquo;oc\u00e9an se ruer sur les piliers de pierre dans un fracas assourdissant. L&rsquo;eau a creus\u00e9 des sillons si profonds dans la roche que toute cette structure colossale semble \u00eatre l&rsquo;\u0153uvre d&rsquo;un architecte extraterrestre.<\/p>\n\n\n\n<p class=\"wp-block-paragraph\">\ud83d\udca1 Astuce : c&rsquo;est justement l&rsquo;immense arche de la Manneporte qui fut <strong>l&rsquo;un des motifs pr\u00e9f\u00e9r\u00e9s du peintre Claude Monet<\/strong>. Il l&rsquo;a peinte une cinquantaine de fois sous diff\u00e9rentes conditions de lumi\u00e8re, pour capter parfaitement sur la toile l&rsquo;ambiance fugace de l&rsquo;instant et les reflets sans cesse changeants de la surface de la mer.<\/p>\n\n\n\n<figure data-wp-context=\"{&quot;imageId&quot;:&quot;6a9931b638aa2&quot;}\" data-wp-interactive=\"core\/image\" data-wp-key=\"6a9931b638aa2\" class=\"wp-block-image size-full wp-lightbox-container\"><img decoding=\"async\" width=\"1600\" height=\"1060\" data-wp-class--hide=\"state.isContentHidden\" data-wp-class--show=\"state.isContentVisible\" data-wp-init=\"callbacks.setButtonStyles\" data-wp-on--click=\"actions.showLightbox\" data-wp-on--load=\"callbacks.setButtonStyles\" data-wp-on--pointerdown=\"actions.preloadImage\" data-wp-on--pointerenter=\"actions.preloadImageWithDelay\" data-wp-on--pointerleave=\"actions.cancelPreload\" data-wp-on-window--resize=\"callbacks.setButtonStyles\" src=\"https:\/\/loudavymkrokem.cz\/wp-content\/uploads\/2026\/06\/rp392_213338.jpg\" alt=\"Balade sur le bord des falaises au-dessus d&#039;\u00c9tretat \u00e0 l&#039;aube\" class=\"wp-image-216473\" title=\"\" srcset=\"https:\/\/loudavymkrokem.cz\/wp-content\/uploads\/2026\/06\/rp392_213338.jpg 1600w, https:\/\/loudavymkrokem.cz\/wp-content\/uploads\/2026\/06\/rp392_213338-300x199.jpg 300w, https:\/\/loudavymkrokem.cz\/wp-content\/uploads\/2026\/06\/rp392_213338-700x464.jpg 700w, https:\/\/loudavymkrokem.cz\/wp-content\/uploads\/2026\/06\/rp392_213338-768x509.jpg 768w, https:\/\/loudavymkrokem.cz\/wp-content\/uploads\/2026\/06\/rp392_213338-1536x1018.jpg 1536w, https:\/\/loudavymkrokem.cz\/wp-content\/uploads\/2026\/06\/rp392_213338-696x461.jpg 696w, https:\/\/loudavymkrokem.cz\/wp-content\/uploads\/2026\/06\/rp392_213338-1392x922.jpg 1392w\" sizes=\"(max-width: 1600px) 100vw, 1600px\" \/><button\n\t\t\tclass=\"lightbox-trigger\"\n\t\t\ttype=\"button\"\n\t\t\taria-haspopup=\"dialog\"\n\t\t\tdata-wp-bind--aria-label=\"state.thisImage.triggerButtonAriaLabel\"\n\t\t\tdata-wp-init=\"callbacks.initTriggerButton\"\n\t\t\tdata-wp-on--click=\"actions.showLightbox\"\n\t\t\tdata-wp-style--right=\"state.thisImage.buttonRight\"\n\t\t\tdata-wp-style--top=\"state.thisImage.buttonTop\"\n\t\t>\n\t\t\t<svg xmlns=\"http:\/\/www.w3.org\/2000\/svg\" width=\"12\" height=\"12\" fill=\"none\" viewBox=\"0 0 12 12\">\n\t\t\t\t<path fill=\"#fff\" d=\"M2 0a2 2 0 0 0-2 2v2h1.5V2a.5.5 0 0 1 .5-.5h2V0H2Zm2 10.5H2a.5.5 0 0 1-.5-.5V8H0v2a2 2 0 0 0 2 2h2v-1.5ZM8 12v-1.5h2a.5.5 0 0 0 .5-.5V8H12v2a2 2 0 0 1-2 2H8Zm2-12a2 2 0 0 1 2 2v2h-1.5V2a.5.5 0 0 0-.5-.5H8V0h2Z\" \/>\n\t\t\t<\/svg>\n\t\t<\/button><figcaption class=\"wp-element-caption\">Photo : Kei Scampa \/ Pexels<\/figcaption><\/figure>\n\n\n\n<h3 class=\"wp-block-heading\"><span class=\"ez-toc-section\" id=\"5_Pars_marcher_sur_le_bord_des_falaises\"><\/span>5. Pars marcher sur le bord des falaises<span class=\"ez-toc-section-end\"><\/span><\/h3>\n\n\n\n<p class=\"wp-block-paragraph\">La meilleure fa\u00e7on d&rsquo;absorber vraiment la beaut\u00e9 brute de toute la c\u00f4te normande est de partir en vraie randonn\u00e9e sur le sentier de grande randonn\u00e9e balis\u00e9 GR21. Ce c\u00e9l\u00e8bre itin\u00e9raire longe toute la c\u00f4te et <strong>son tron\u00e7on autour d&rsquo;\u00c9tretat compte parmi les plus beaux<\/strong> de tout le pays. Tu peux le suivre des deux c\u00f4t\u00e9s du village et marcher le long du bord des falaises aussi loin que tes jambes et tes r\u00e9serves d&rsquo;eau te le permettent.<\/p>\n\n\n\n<p class=\"wp-block-paragraph\">Les prairies herbeuses d&rsquo;un vert frais au sommet des falaises contrastent violemment avec la craie d&rsquo;un blanc \u00e9clatant et l&rsquo;oc\u00e9an d&rsquo;un bleu profond, cr\u00e9ant des paysages \u00e0 couper le souffle, litt\u00e9ralement venus d&rsquo;un autre monde. Le sentier est l\u00e9g\u00e8rement vallonn\u00e9 et facile \u00e0 suivre, donc tout randonneur moyennement en forme le fera sans grande difficult\u00e9. <strong>Tu auras cependant absolument besoin de chaussures ferm\u00e9es et solides<\/strong>, car la surface crayeuse devient extr\u00eamement glissante apr\u00e8s la ros\u00e9e du matin ou la pluie, et le moindre faux pas peut y \u00eatre tr\u00e8s dangereux.<\/p>\n\n\n\n<p class=\"wp-block-paragraph\">\ud83d\udca1 Astuce : les falaises sont incroyablement tra\u00eetresses et la pierre travaille sans cesse, alors <strong>n&rsquo;enjambe jamais les barri\u00e8res de s\u00e9curit\u00e9<\/strong> et n&rsquo;essaie pas de prendre des photos spectaculaires tout au bord du pr\u00e9cipice. Il n&rsquo;y a aucun garde-corps de retenue et les glissements de terrain soudains ne sont malheureusement pas rares.<\/p>\n\n\n\n<figure data-wp-context=\"{&quot;imageId&quot;:&quot;6a9931b63919c&quot;}\" data-wp-interactive=\"core\/image\" data-wp-key=\"6a9931b63919c\" class=\"wp-block-image size-full wp-lightbox-container\"><img decoding=\"async\" width=\"1600\" height=\"1067\" data-wp-class--hide=\"state.isContentHidden\" data-wp-class--show=\"state.isContentVisible\" data-wp-init=\"callbacks.setButtonStyles\" data-wp-on--click=\"actions.showLightbox\" data-wp-on--load=\"callbacks.setButtonStyles\" data-wp-on--pointerdown=\"actions.preloadImage\" data-wp-on--pointerenter=\"actions.preloadImageWithDelay\" data-wp-on--pointerleave=\"actions.cancelPreload\" data-wp-on-window--resize=\"callbacks.setButtonStyles\" src=\"https:\/\/loudavymkrokem.cz\/wp-content\/uploads\/2026\/06\/rp392_213340.jpg\" alt=\"Jardins sculpt\u00e9s Les Jardins d&#039;\u00c9tretat\" class=\"wp-image-216474\" title=\"\" srcset=\"https:\/\/loudavymkrokem.cz\/wp-content\/uploads\/2026\/06\/rp392_213340.jpg 1600w, https:\/\/loudavymkrokem.cz\/wp-content\/uploads\/2026\/06\/rp392_213340-300x200.jpg 300w, https:\/\/loudavymkrokem.cz\/wp-content\/uploads\/2026\/06\/rp392_213340-700x467.jpg 700w, https:\/\/loudavymkrokem.cz\/wp-content\/uploads\/2026\/06\/rp392_213340-768x512.jpg 768w, https:\/\/loudavymkrokem.cz\/wp-content\/uploads\/2026\/06\/rp392_213340-1536x1024.jpg 1536w, https:\/\/loudavymkrokem.cz\/wp-content\/uploads\/2026\/06\/rp392_213340-696x464.jpg 696w, https:\/\/loudavymkrokem.cz\/wp-content\/uploads\/2026\/06\/rp392_213340-1392x928.jpg 1392w\" sizes=\"(max-width: 1600px) 100vw, 1600px\" \/><button\n\t\t\tclass=\"lightbox-trigger\"\n\t\t\ttype=\"button\"\n\t\t\taria-haspopup=\"dialog\"\n\t\t\tdata-wp-bind--aria-label=\"state.thisImage.triggerButtonAriaLabel\"\n\t\t\tdata-wp-init=\"callbacks.initTriggerButton\"\n\t\t\tdata-wp-on--click=\"actions.showLightbox\"\n\t\t\tdata-wp-style--right=\"state.thisImage.buttonRight\"\n\t\t\tdata-wp-style--top=\"state.thisImage.buttonTop\"\n\t\t>\n\t\t\t<svg xmlns=\"http:\/\/www.w3.org\/2000\/svg\" width=\"12\" height=\"12\" fill=\"none\" viewBox=\"0 0 12 12\">\n\t\t\t\t<path fill=\"#fff\" d=\"M2 0a2 2 0 0 0-2 2v2h1.5V2a.5.5 0 0 1 .5-.5h2V0H2Zm2 10.5H2a.5.5 0 0 1-.5-.5V8H0v2a2 2 0 0 0 2 2h2v-1.5ZM8 12v-1.5h2a.5.5 0 0 0 .5-.5V8H12v2a2 2 0 0 1-2 2H8Zm2-12a2 2 0 0 1 2 2v2h-1.5V2a.5.5 0 0 0-.5-.5H8V0h2Z\" \/>\n\t\t\t<\/svg>\n\t\t<\/button><figcaption class=\"wp-element-caption\">Photo : Alex Dos Santos \/ Pexels<\/figcaption><\/figure>\n\n\n\n<h3 class=\"wp-block-heading\"><span class=\"ez-toc-section\" id=\"6_Detends-toi_dans_Les_Jardins_dEtretat\"><\/span>6. D\u00e9tends-toi dans Les Jardins d&rsquo;\u00c9tretat<span class=\"ez-toc-section-end\"><\/span><\/h3>\n\n\n\n<p class=\"wp-block-paragraph\">Quand le vent fort sur les falaises te fatiguera, dirige-toi absolument vers les fascinants Jardins d&rsquo;\u00c9tretat, joliment pos\u00e9s sur la pente abrupte de la falaise Porte d&rsquo;Amont. Ne t&rsquo;attends toutefois pas \u00e0 un parc fran\u00e7ais classique et romantique rempli de parterres de roses sym\u00e9triques. Cet endroit unique fonctionne plut\u00f4t comme une <strong>galerie \u00e0 ciel ouvert d&rsquo;art n\u00e9o-futuriste<\/strong>, o\u00f9 des arbustes soigneusement taill\u00e9s se m\u00ealent en douceur \u00e0 des sculptures modernes et aux sons apaisants de l&rsquo;oc\u00e9an.<\/p>\n\n\n\n<p class=\"wp-block-paragraph\">La partie la plus photographi\u00e9e et la plus connue est le Jardin des \u00c9motions, o\u00f9 des <strong>\u00e9normes visages en caoutchouc aux expressions vari\u00e9es<\/strong> surgissent de fa\u00e7on surprenante des buis verts, cens\u00e9s symboliser les humeurs sans cesse changeantes de l&rsquo;oc\u00e9an. Les jardins sont con\u00e7us en terrasses et, depuis leurs \u00e9tages les plus hauts, s&rsquo;offre une vue imbattable et paisible sur toute la baie ainsi que sur la falaise d&rsquo;en face avec sa c\u00e9l\u00e8bre aiguille. C&rsquo;est l&rsquo;endroit parfait pour un moment de m\u00e9ditation silencieuse ou un repos bien m\u00e9rit\u00e9 apr\u00e8s une randonn\u00e9e \u00e9prouvante.<\/p>\n\n\n\n<p class=\"wp-block-paragraph\">\ud83d\udca1 Astuce : mieux vaut <strong>acheter tes billets en ligne suffisamment \u00e0 l&rsquo;avance<\/strong>, car la capacit\u00e9 des jardins est strictement limit\u00e9e et on ne laisse pas entrer plus de monde que le nombre autoris\u00e9. En \u00e9t\u00e9, de vraies longues files se forment \u00e0 la caisse et l&rsquo;entr\u00e9e te co\u00fbte environ 15 \u20ac.<\/p>\n\n\n\n<!-- LKM_GYG_CARD start q=\"etretat francie\" lang=\"fr\" --><!-- LKM_GYG_CARD end -->\n\n\n\n<h3 class=\"wp-block-heading\"><span class=\"ez-toc-section\" id=\"7_Ecoute_le_son_de_la_plage_de_galets\"><\/span>7. \u00c9coute le son de la plage de galets<span class=\"ez-toc-section-end\"><\/span><\/h3>\n\n\n\n<figure data-wp-context=\"{&quot;imageId&quot;:&quot;6a9931b639dd4&quot;}\" data-wp-interactive=\"core\/image\" data-wp-key=\"6a9931b639dd4\" class=\"wp-block-image size-full wp-lightbox-container\"><img decoding=\"async\" width=\"1920\" height=\"1281\" data-wp-class--hide=\"state.isContentHidden\" data-wp-class--show=\"state.isContentVisible\" data-wp-init=\"callbacks.setButtonStyles\" data-wp-on--click=\"actions.showLightbox\" data-wp-on--load=\"callbacks.setButtonStyles\" data-wp-on--pointerdown=\"actions.preloadImage\" data-wp-on--pointerenter=\"actions.preloadImageWithDelay\" data-wp-on--pointerleave=\"actions.cancelPreload\" data-wp-on-window--resize=\"callbacks.setButtonStyles\" src=\"https:\/\/loudavymkrokem.cz\/wp-content\/uploads\/2026\/06\/209392-rybarske-lodky-na-oblazkove-plazi-v-etr-7e6ad9dd.jpg\" alt=\"Barques de p\u00eache sur la plage de galets d&#039;\u00c9tretat\" class=\"wp-image-213342\" title=\"\" srcset=\"https:\/\/loudavymkrokem.cz\/wp-content\/uploads\/2026\/06\/209392-rybarske-lodky-na-oblazkove-plazi-v-etr-7e6ad9dd.jpg 1920w, https:\/\/loudavymkrokem.cz\/wp-content\/uploads\/2026\/06\/209392-rybarske-lodky-na-oblazkove-plazi-v-etr-7e6ad9dd-300x200.jpg 300w, https:\/\/loudavymkrokem.cz\/wp-content\/uploads\/2026\/06\/209392-rybarske-lodky-na-oblazkove-plazi-v-etr-7e6ad9dd-700x467.jpg 700w, https:\/\/loudavymkrokem.cz\/wp-content\/uploads\/2026\/06\/209392-rybarske-lodky-na-oblazkove-plazi-v-etr-7e6ad9dd-768x512.jpg 768w, https:\/\/loudavymkrokem.cz\/wp-content\/uploads\/2026\/06\/209392-rybarske-lodky-na-oblazkove-plazi-v-etr-7e6ad9dd-1536x1025.jpg 1536w, https:\/\/loudavymkrokem.cz\/wp-content\/uploads\/2026\/06\/209392-rybarske-lodky-na-oblazkove-plazi-v-etr-7e6ad9dd-696x464.jpg 696w, https:\/\/loudavymkrokem.cz\/wp-content\/uploads\/2026\/06\/209392-rybarske-lodky-na-oblazkove-plazi-v-etr-7e6ad9dd-1392x929.jpg 1392w\" sizes=\"(max-width: 1920px) 100vw, 1920px\" \/><button\n\t\t\tclass=\"lightbox-trigger\"\n\t\t\ttype=\"button\"\n\t\t\taria-haspopup=\"dialog\"\n\t\t\tdata-wp-bind--aria-label=\"state.thisImage.triggerButtonAriaLabel\"\n\t\t\tdata-wp-init=\"callbacks.initTriggerButton\"\n\t\t\tdata-wp-on--click=\"actions.showLightbox\"\n\t\t\tdata-wp-style--right=\"state.thisImage.buttonRight\"\n\t\t\tdata-wp-style--top=\"state.thisImage.buttonTop\"\n\t\t>\n\t\t\t<svg xmlns=\"http:\/\/www.w3.org\/2000\/svg\" width=\"12\" height=\"12\" fill=\"none\" viewBox=\"0 0 12 12\">\n\t\t\t\t<path fill=\"#fff\" d=\"M2 0a2 2 0 0 0-2 2v2h1.5V2a.5.5 0 0 1 .5-.5h2V0H2Zm2 10.5H2a.5.5 0 0 1-.5-.5V8H0v2a2 2 0 0 0 2 2h2v-1.5ZM8 12v-1.5h2a.5.5 0 0 0 .5-.5V8H12v2a2 2 0 0 1-2 2H8Zm2-12a2 2 0 0 1 2 2v2h-1.5V2a.5.5 0 0 0-.5-.5H8V0h2Z\" \/>\n\t\t\t<\/svg>\n\t\t<\/button><figcaption class=\"wp-element-caption\">Photo : Fred 76 \/ Wikimedia Commons, CC BY 3.0<\/figcaption><\/figure>\n\n\n\n<p class=\"wp-block-paragraph\">La plage principale d&rsquo;\u00c9tretat s&rsquo;\u00e9tire en un large arc de cercle le long de tout le village, mais si tu t&rsquo;attends \u00e0 du sable blanc et fin comme aux Cara\u00efbes, tu risques d&rsquo;\u00eatre tr\u00e8s surpris. La plage est en effet <strong>constitu\u00e9e de millions de galets gris et lisses<\/strong>, que les Fran\u00e7ais d&rsquo;ici appellent tout simplement des galets. Ces pierres ne sont pourtant pas l\u00e0 que pour la d\u00e9co : elles ont une fonction protectrice absolument irrempla\u00e7able et d\u00e9fendent efficacement le village contre la force d\u00e9vastatrice des fortes houles hivernales.<\/p>\n\n\n\n<p class=\"wp-block-paragraph\">Quand une mar\u00e9e montante plus forte arrive, les vagues soul\u00e8vent ces lourdes pierres et, lors de leur lent reflux, un <strong>magnifique bruit apaisant de galets qui s&rsquo;entrechoquent<\/strong> r\u00e9sonne dans toute la baie, rappelant tr\u00e8s fortement la respiration profonde de l&rsquo;oc\u00e9an. Pour cette raison, marcher sur la plage sollicite pas mal les chevilles, et se baigner dans la Manche froide y est plut\u00f4t r\u00e9serv\u00e9 aux vrais amateurs de bains d&rsquo;eau glac\u00e9e : le fond descend en plus tr\u00e8s vite en profondeur et les courants sont souvent puissants.<\/p>\n\n\n\n<p class=\"wp-block-paragraph\">\ud83d\udca1 Astuce : sous peine d&rsquo;une tr\u00e8s grosse amende, il est strictement <strong>interdit d&#8217;emporter des galets chez soi comme souvenir de voyage<\/strong>. Ils forment en effet un brise-lames tout \u00e0 fait naturel et leur disparition continue menacerait \u00e0 long terme s\u00e9rieusement la s\u00e9curit\u00e9 de tout le village historique.<\/p>\n\n\n\n<h3 class=\"wp-block-heading\"><span class=\"ez-toc-section\" id=\"8_Flane_dans_les_ruelles_du_vieux_village\"><\/span>8. Fl\u00e2ne dans les ruelles du vieux village<span class=\"ez-toc-section-end\"><\/span><\/h3>\n\n\n\n<figure data-wp-context=\"{&quot;imageId&quot;:&quot;6a9931b63a652&quot;}\" data-wp-interactive=\"core\/image\" data-wp-key=\"6a9931b63a652\" class=\"wp-block-image size-full wp-lightbox-container\"><img decoding=\"async\" width=\"1600\" height=\"1065\" data-wp-class--hide=\"state.isContentHidden\" data-wp-class--show=\"state.isContentVisible\" data-wp-init=\"callbacks.setButtonStyles\" data-wp-on--click=\"actions.showLightbox\" data-wp-on--load=\"callbacks.setButtonStyles\" data-wp-on--pointerdown=\"actions.preloadImage\" data-wp-on--pointerenter=\"actions.preloadImageWithDelay\" data-wp-on--pointerleave=\"actions.cancelPreload\" data-wp-on-window--resize=\"callbacks.setButtonStyles\" src=\"https:\/\/loudavymkrokem.cz\/wp-content\/uploads\/2026\/06\/rp392_213343.jpg\" alt=\"Vieux village d&#039;\u00c9tretat\" class=\"wp-image-216475\" title=\"\" srcset=\"https:\/\/loudavymkrokem.cz\/wp-content\/uploads\/2026\/06\/rp392_213343.jpg 1600w, https:\/\/loudavymkrokem.cz\/wp-content\/uploads\/2026\/06\/rp392_213343-300x200.jpg 300w, https:\/\/loudavymkrokem.cz\/wp-content\/uploads\/2026\/06\/rp392_213343-700x466.jpg 700w, https:\/\/loudavymkrokem.cz\/wp-content\/uploads\/2026\/06\/rp392_213343-768x511.jpg 768w, https:\/\/loudavymkrokem.cz\/wp-content\/uploads\/2026\/06\/rp392_213343-1536x1022.jpg 1536w, https:\/\/loudavymkrokem.cz\/wp-content\/uploads\/2026\/06\/rp392_213343-696x463.jpg 696w, https:\/\/loudavymkrokem.cz\/wp-content\/uploads\/2026\/06\/rp392_213343-1392x927.jpg 1392w\" sizes=\"(max-width: 1600px) 100vw, 1600px\" \/><button\n\t\t\tclass=\"lightbox-trigger\"\n\t\t\ttype=\"button\"\n\t\t\taria-haspopup=\"dialog\"\n\t\t\tdata-wp-bind--aria-label=\"state.thisImage.triggerButtonAriaLabel\"\n\t\t\tdata-wp-init=\"callbacks.initTriggerButton\"\n\t\t\tdata-wp-on--click=\"actions.showLightbox\"\n\t\t\tdata-wp-style--right=\"state.thisImage.buttonRight\"\n\t\t\tdata-wp-style--top=\"state.thisImage.buttonTop\"\n\t\t>\n\t\t\t<svg xmlns=\"http:\/\/www.w3.org\/2000\/svg\" width=\"12\" height=\"12\" fill=\"none\" viewBox=\"0 0 12 12\">\n\t\t\t\t<path fill=\"#fff\" d=\"M2 0a2 2 0 0 0-2 2v2h1.5V2a.5.5 0 0 1 .5-.5h2V0H2Zm2 10.5H2a.5.5 0 0 1-.5-.5V8H0v2a2 2 0 0 0 2 2h2v-1.5ZM8 12v-1.5h2a.5.5 0 0 0 .5-.5V8H12v2a2 2 0 0 1-2 2H8Zm2-12a2 2 0 0 1 2 2v2h-1.5V2a.5.5 0 0 0-.5-.5H8V0h2Z\" \/>\n\t\t\t<\/svg>\n\t\t<\/button><figcaption class=\"wp-element-caption\">Photo : Adrien Olichon \/ Pexels<\/figcaption><\/figure>\n\n\n\n<p class=\"wp-block-paragraph\">M\u00eame si l&rsquo;\u00e9crasante majorit\u00e9 des gens vient ici avant tout pour les merveilles naturelles des falaises de craie, \u00c9tretat lui-m\u00eame a un charme ind\u00e9niable qui m\u00e9rite vraiment toute ton attention. Le centre historique est parsem\u00e9 de charmantes maisons normandes qui s&rsquo;enorgueillissent de <strong>fa\u00e7ades traditionnelles \u00e0 colombages de bois sombre<\/strong> et de typiques toits d&rsquo;ardoise pentus. Tout le village embaume en permanence l&rsquo;air sal\u00e9, les cr\u00eapes fra\u00eechement cuites et le cidre qu&rsquo;on verse.<\/p>\n\n\n\n<p class=\"wp-block-paragraph\">Le c\u0153ur du village est la belle vieille halle en bois, Les Halles, o\u00f9 l&rsquo;on vendait autrefois du poisson frais et des l\u00e9gumes, tandis qu&rsquo;aujourd&rsquo;hui tu trouves \u00e0 son ombre <strong>de nombreuses petites boutiques de souvenirs et de produits fermiers locaux<\/strong>. Dans les \u00e9troites ruelles pav\u00e9es, tu croiseras aussi d&rsquo;innombrables caf\u00e9s cosy, o\u00f9 tu peux d\u00e9guster un excellent caf\u00e9 avec un croissant croustillant et observer tranquillement l&rsquo;agitation nonchalante de la campagne fran\u00e7aise pittoresque. Vu l&rsquo;interdiction stricte de stationner au centre, il r\u00e8gne en plus un calme relatif, sans bruit de voitures.<\/p>\n\n\n\n<p class=\"wp-block-paragraph\">\ud83d\udca1 Astuce : si tu aimes l&rsquo;architecture historique, remarque la magnifique demeure du Manoir de la Salamandre, qui se dresse juste \u00e0 c\u00f4t\u00e9 de la halle principale. Elle compte parmi les <strong>plus beaux exemples d&rsquo;architecture m\u00e9di\u00e9vale<\/strong> de toute la r\u00e9gion et ses d\u00e9tails en bois richement sculpt\u00e9s sont absolument superbes.<\/p>\n\n\n\n<h3 class=\"wp-block-heading\"><span class=\"ez-toc-section\" id=\"9_Marche_sur_les_traces_des_peintres_celebres\"><\/span>9. Marche sur les traces des peintres c\u00e9l\u00e8bres<span class=\"ez-toc-section-end\"><\/span><\/h3>\n\n\n\n<figure data-wp-context=\"{&quot;imageId&quot;:&quot;6a9931b63ad16&quot;}\" data-wp-interactive=\"core\/image\" data-wp-key=\"6a9931b63ad16\" class=\"wp-block-image size-full wp-lightbox-container\"><img decoding=\"async\" width=\"1920\" height=\"1532\" data-wp-class--hide=\"state.isContentHidden\" data-wp-class--show=\"state.isContentVisible\" data-wp-init=\"callbacks.setButtonStyles\" data-wp-on--click=\"actions.showLightbox\" data-wp-on--load=\"callbacks.setButtonStyles\" data-wp-on--pointerdown=\"actions.preloadImage\" data-wp-on--pointerenter=\"actions.preloadImageWithDelay\" data-wp-on--pointerleave=\"actions.cancelPreload\" data-wp-on-window--resize=\"callbacks.setButtonStyles\" src=\"https:\/\/loudavymkrokem.cz\/wp-content\/uploads\/2026\/06\/209392-etretat-ocima-malire-clauda-moneta-rozb-442a1d06.jpg\" alt=\"\u00c9tretat vu par le peintre Claude Monet (Mer agit\u00e9e)\" class=\"wp-image-213344\" title=\"\" srcset=\"https:\/\/loudavymkrokem.cz\/wp-content\/uploads\/2026\/06\/209392-etretat-ocima-malire-clauda-moneta-rozb-442a1d06.jpg 1920w, https:\/\/loudavymkrokem.cz\/wp-content\/uploads\/2026\/06\/209392-etretat-ocima-malire-clauda-moneta-rozb-442a1d06-300x239.jpg 300w, https:\/\/loudavymkrokem.cz\/wp-content\/uploads\/2026\/06\/209392-etretat-ocima-malire-clauda-moneta-rozb-442a1d06-700x559.jpg 700w, https:\/\/loudavymkrokem.cz\/wp-content\/uploads\/2026\/06\/209392-etretat-ocima-malire-clauda-moneta-rozb-442a1d06-768x613.jpg 768w, https:\/\/loudavymkrokem.cz\/wp-content\/uploads\/2026\/06\/209392-etretat-ocima-malire-clauda-moneta-rozb-442a1d06-1536x1226.jpg 1536w, https:\/\/loudavymkrokem.cz\/wp-content\/uploads\/2026\/06\/209392-etretat-ocima-malire-clauda-moneta-rozb-442a1d06-696x555.jpg 696w, https:\/\/loudavymkrokem.cz\/wp-content\/uploads\/2026\/06\/209392-etretat-ocima-malire-clauda-moneta-rozb-442a1d06-1392x1111.jpg 1392w\" sizes=\"(max-width: 1920px) 100vw, 1920px\" \/><button\n\t\t\tclass=\"lightbox-trigger\"\n\t\t\ttype=\"button\"\n\t\t\taria-haspopup=\"dialog\"\n\t\t\tdata-wp-bind--aria-label=\"state.thisImage.triggerButtonAriaLabel\"\n\t\t\tdata-wp-init=\"callbacks.initTriggerButton\"\n\t\t\tdata-wp-on--click=\"actions.showLightbox\"\n\t\t\tdata-wp-style--right=\"state.thisImage.buttonRight\"\n\t\t\tdata-wp-style--top=\"state.thisImage.buttonTop\"\n\t\t>\n\t\t\t<svg xmlns=\"http:\/\/www.w3.org\/2000\/svg\" width=\"12\" height=\"12\" fill=\"none\" viewBox=\"0 0 12 12\">\n\t\t\t\t<path fill=\"#fff\" d=\"M2 0a2 2 0 0 0-2 2v2h1.5V2a.5.5 0 0 1 .5-.5h2V0H2Zm2 10.5H2a.5.5 0 0 1-.5-.5V8H0v2a2 2 0 0 0 2 2h2v-1.5ZM8 12v-1.5h2a.5.5 0 0 0 .5-.5V8H12v2a2 2 0 0 1-2 2H8Zm2-12a2 2 0 0 1 2 2v2h-1.5V2a.5.5 0 0 0-.5-.5H8V0h2Z\" \/>\n\t\t\t<\/svg>\n\t\t<\/button><figcaption class=\"wp-element-caption\">Photo : Claude Monet \/ Wikimedia Commons, domaine public<\/figcaption><\/figure>\n\n\n\n<p class=\"wp-block-paragraph\">\u00c9tretat a jou\u00e9 un r\u00f4le absolument capital dans l&rsquo;\u00e9volution de l&rsquo;art pictural mondial, car c&rsquo;est pr\u00e9cis\u00e9ment ici que les artistes affluaient en masse pour capter la magie de la lumi\u00e8re locale sur la mer agit\u00e9e. Au XIXe si\u00e8cle, quand fut enfin construite la ligne de chemin de fer directe depuis Paris, le village devint aussit\u00f4t <strong>un refuge de pr\u00e9dilection pour des peintres c\u00e9l\u00e8bres comme Gustave Courbet, Eug\u00e8ne Boudin ou Claude Monet<\/strong>. Ce sont eux qui y fond\u00e8rent pleinement la tradition de la peinture en plein air.<\/p>\n\n\n\n<p class=\"wp-block-paragraph\">Claude Monet, en particulier, \u00e9tait litt\u00e9ralement obs\u00e9d\u00e9 par cette c\u00f4te sauvage et, au fil de ses s\u00e9jours r\u00e9p\u00e9t\u00e9s, il cr\u00e9a <strong>des dizaines de toiles \u00e9poustouflantes sur le th\u00e8me des falaises de craie et de la mer d\u00e9cha\u00een\u00e9e<\/strong>. Quand tu te prom\u00e8nes aujourd&rsquo;hui lentement sur la promenade du bord de mer, tu tomberas sur plusieurs panneaux d&rsquo;information tr\u00e8s bien faits, qui montrent les endroits exacts o\u00f9 ces ma\u00eetres l\u00e9gendaires se tenaient il y a des si\u00e8cles avec leurs chevalets en bois, m\u00e9langeant leurs couleurs.<\/p>\n\n\n\n<p class=\"wp-block-paragraph\">\ud83d\udca1 Astuce : l&rsquo;ann\u00e9e 2026 est absolument charni\u00e8re pour toute la Normandie, car on c\u00e9l\u00e8bre <strong>exactement cent ans depuis la mort de Claude Monet<\/strong>. Attends-toi \u00e0 des expositions sp\u00e9ciales, des promenades th\u00e9matiques et un \u00e9norme engouement des amateurs d&rsquo;impressionnisme du monde entier, alors r\u00e9serve tr\u00e8s t\u00f4t d&rsquo;\u00e9ventuelles visites guid\u00e9es.<\/p>\n\n\n\n<h3 class=\"wp-block-heading\"><span class=\"ez-toc-section\" id=\"10_Surveille_la_maree_et_explore_les_grottes\"><\/span>10. Surveille la mar\u00e9e et explore les grottes<span class=\"ez-toc-section-end\"><\/span><\/h3>\n\n\n\n<figure data-wp-context=\"{&quot;imageId&quot;:&quot;6a9931b63b5fc&quot;}\" data-wp-interactive=\"core\/image\" data-wp-key=\"6a9931b63b5fc\" class=\"wp-block-image size-full wp-lightbox-container\"><img decoding=\"async\" width=\"1600\" height=\"1067\" data-wp-class--hide=\"state.isContentHidden\" data-wp-class--show=\"state.isContentVisible\" data-wp-init=\"callbacks.setButtonStyles\" data-wp-on--click=\"actions.showLightbox\" data-wp-on--load=\"callbacks.setButtonStyles\" data-wp-on--pointerdown=\"actions.preloadImage\" data-wp-on--pointerenter=\"actions.preloadImageWithDelay\" data-wp-on--pointerleave=\"actions.cancelPreload\" data-wp-on-window--resize=\"callbacks.setButtonStyles\" src=\"https:\/\/loudavymkrokem.cz\/wp-content\/uploads\/2026\/06\/rp392_213345.jpg\" alt=\"Falaise d&#039;Aval \u00e0 mar\u00e9e basse\" class=\"wp-image-216476\" title=\"\" srcset=\"https:\/\/loudavymkrokem.cz\/wp-content\/uploads\/2026\/06\/rp392_213345.jpg 1600w, https:\/\/loudavymkrokem.cz\/wp-content\/uploads\/2026\/06\/rp392_213345-300x200.jpg 300w, https:\/\/loudavymkrokem.cz\/wp-content\/uploads\/2026\/06\/rp392_213345-700x467.jpg 700w, https:\/\/loudavymkrokem.cz\/wp-content\/uploads\/2026\/06\/rp392_213345-768x512.jpg 768w, https:\/\/loudavymkrokem.cz\/wp-content\/uploads\/2026\/06\/rp392_213345-1536x1024.jpg 1536w, https:\/\/loudavymkrokem.cz\/wp-content\/uploads\/2026\/06\/rp392_213345-696x464.jpg 696w, https:\/\/loudavymkrokem.cz\/wp-content\/uploads\/2026\/06\/rp392_213345-1392x928.jpg 1392w\" sizes=\"(max-width: 1600px) 100vw, 1600px\" \/><button\n\t\t\tclass=\"lightbox-trigger\"\n\t\t\ttype=\"button\"\n\t\t\taria-haspopup=\"dialog\"\n\t\t\tdata-wp-bind--aria-label=\"state.thisImage.triggerButtonAriaLabel\"\n\t\t\tdata-wp-init=\"callbacks.initTriggerButton\"\n\t\t\tdata-wp-on--click=\"actions.showLightbox\"\n\t\t\tdata-wp-style--right=\"state.thisImage.buttonRight\"\n\t\t\tdata-wp-style--top=\"state.thisImage.buttonTop\"\n\t\t>\n\t\t\t<svg xmlns=\"http:\/\/www.w3.org\/2000\/svg\" width=\"12\" height=\"12\" fill=\"none\" viewBox=\"0 0 12 12\">\n\t\t\t\t<path fill=\"#fff\" d=\"M2 0a2 2 0 0 0-2 2v2h1.5V2a.5.5 0 0 1 .5-.5h2V0H2Zm2 10.5H2a.5.5 0 0 1-.5-.5V8H0v2a2 2 0 0 0 2 2h2v-1.5ZM8 12v-1.5h2a.5.5 0 0 0 .5-.5V8H12v2a2 2 0 0 1-2 2H8Zm2-12a2 2 0 0 1 2 2v2h-1.5V2a.5.5 0 0 0-.5-.5H8V0h2Z\" \/>\n\t\t\t<\/svg>\n\t\t<\/button><figcaption class=\"wp-element-caption\">Photo : PHILIPPE SERRAND \/ Pexels<\/figcaption><\/figure>\n\n\n\n<p class=\"wp-block-paragraph\">L&rsquo;oc\u00e9an en Normandie suit un rythme strict et les diff\u00e9rences entre mar\u00e9e haute et mar\u00e9e basse y sont \u00e9normes, surtout pendant ce qu&rsquo;on appelle les grandes mar\u00e9es de printemps et d&rsquo;automne. Quand l&rsquo;eau se retire enfin au bout de quelques heures, un chemin secret s&rsquo;ouvre juste sous la falaise Porte d&rsquo;Aval sur le fond marin humide, qui te m\u00e8ne prudemment jusqu&rsquo;\u00e0 la <strong>fascinante grotte naturelle du Trou \u00e0 l&rsquo;Homme<\/strong>.<\/p>\n\n\n\n<p class=\"wp-block-paragraph\">Elle tient ce nom original d&rsquo;un ancien marin naufrag\u00e9 venu de Su\u00e8de que, dit-on, une temp\u00eate furieuse rejeta pr\u00e9cis\u00e9ment dans cette grotte, o\u00f9 il fut le seul de tout l&rsquo;\u00e9quipage \u00e0 survivre par miracle. Traverser la grotte sombre jusqu&rsquo;\u00e0 l&rsquo;autre c\u00f4t\u00e9 de la falaise est une immense aventure, mais <strong>tu dois surveiller le temps avec une pr\u00e9cision absolue<\/strong>. L&rsquo;eau revient dans l&rsquo;anse incroyablement vite, silencieusement et de fa\u00e7on inattendue, si bien qu&rsquo;elle te coupe tr\u00e8s facilement et sans que tu t&rsquo;en aper\u00e7oives le chemin s\u00fbr du retour vers la plage principale.<\/p>\n\n\n\n<p class=\"wp-block-paragraph\">\ud83d\udca1 Astuce : avant m\u00eame de descendre de la promenade en b\u00e9ton vers la plage, arr\u00eate-toi devant le panneau d&rsquo;information et <strong>v\u00e9rifie soigneusement les horaires exacts des mar\u00e9es<\/strong>. Ne t&rsquo;engage jamais dans les passages rocheux si l&rsquo;eau commence \u00e0 monter : les pompiers locaux y secourent malheureusement des touristes imprudents de mani\u00e8re assez r\u00e9guli\u00e8re.<\/p>\n\n\n\n<h3 class=\"wp-block-heading\"><span class=\"ez-toc-section\" id=\"11_Goute_le_meilleur_de_la_gastronomie_normande\"><\/span>11. Go\u00fbte le meilleur de la gastronomie normande<span class=\"ez-toc-section-end\"><\/span><\/h3>\n\n\n\n<figure data-wp-context=\"{&quot;imageId&quot;:&quot;6a9931b63c05b&quot;}\" data-wp-interactive=\"core\/image\" data-wp-key=\"6a9931b63c05b\" class=\"wp-block-image size-full wp-lightbox-container\"><img decoding=\"async\" width=\"2048\" height=\"1374\" data-wp-class--hide=\"state.isContentHidden\" data-wp-class--show=\"state.isContentVisible\" data-wp-init=\"callbacks.setButtonStyles\" data-wp-on--click=\"actions.showLightbox\" data-wp-on--load=\"callbacks.setButtonStyles\" data-wp-on--pointerdown=\"actions.preloadImage\" data-wp-on--pointerenter=\"actions.preloadImageWithDelay\" data-wp-on--pointerleave=\"actions.cancelPreload\" data-wp-on-window--resize=\"callbacks.setButtonStyles\" src=\"https:\/\/loudavymkrokem.cz\/wp-content\/uploads\/2026\/06\/etretat_tarte_normande.jpg\" alt=\"Tarte normande traditionnelle aux pommes\" class=\"wp-image-213346\" title=\"\" srcset=\"https:\/\/loudavymkrokem.cz\/wp-content\/uploads\/2026\/06\/etretat_tarte_normande.jpg 2048w, https:\/\/loudavymkrokem.cz\/wp-content\/uploads\/2026\/06\/etretat_tarte_normande-300x201.jpg 300w, https:\/\/loudavymkrokem.cz\/wp-content\/uploads\/2026\/06\/etretat_tarte_normande-700x470.jpg 700w, https:\/\/loudavymkrokem.cz\/wp-content\/uploads\/2026\/06\/etretat_tarte_normande-768x515.jpg 768w, https:\/\/loudavymkrokem.cz\/wp-content\/uploads\/2026\/06\/etretat_tarte_normande-1536x1030.jpg 1536w, https:\/\/loudavymkrokem.cz\/wp-content\/uploads\/2026\/06\/etretat_tarte_normande-696x467.jpg 696w, https:\/\/loudavymkrokem.cz\/wp-content\/uploads\/2026\/06\/etretat_tarte_normande-1392x934.jpg 1392w, https:\/\/loudavymkrokem.cz\/wp-content\/uploads\/2026\/06\/etretat_tarte_normande-1920x1288.jpg 1920w\" sizes=\"(max-width: 2048px) 100vw, 2048px\" \/><button\n\t\t\tclass=\"lightbox-trigger\"\n\t\t\ttype=\"button\"\n\t\t\taria-haspopup=\"dialog\"\n\t\t\tdata-wp-bind--aria-label=\"state.thisImage.triggerButtonAriaLabel\"\n\t\t\tdata-wp-init=\"callbacks.initTriggerButton\"\n\t\t\tdata-wp-on--click=\"actions.showLightbox\"\n\t\t\tdata-wp-style--right=\"state.thisImage.buttonRight\"\n\t\t\tdata-wp-style--top=\"state.thisImage.buttonTop\"\n\t\t>\n\t\t\t<svg xmlns=\"http:\/\/www.w3.org\/2000\/svg\" width=\"12\" height=\"12\" fill=\"none\" viewBox=\"0 0 12 12\">\n\t\t\t\t<path fill=\"#fff\" d=\"M2 0a2 2 0 0 0-2 2v2h1.5V2a.5.5 0 0 1 .5-.5h2V0H2Zm2 10.5H2a.5.5 0 0 1-.5-.5V8H0v2a2 2 0 0 0 2 2h2v-1.5ZM8 12v-1.5h2a.5.5 0 0 0 .5-.5V8H12v2a2 2 0 0 1-2 2H8Zm2-12a2 2 0 0 1 2 2v2h-1.5V2a.5.5 0 0 0-.5-.5H8V0h2Z\" \/>\n\t\t\t<\/svg>\n\t\t<\/button><\/figure>\n\n\n\n<p class=\"wp-block-paragraph\">La Normandie est une r\u00e9gion riche qui embaume irr\u00e9sistiblement le beurre fondu, la cr\u00e8me \u00e9paisse et les pommes m\u00fbres, alors oublie tout de suite le r\u00e9gime strict, avec le sourire. La gastronomie locale est certes tr\u00e8s copieuse, mais absolument fantastique et <strong>elle ravira m\u00eame les v\u00e9g\u00e9tariens convaincus<\/strong>, car elle repose avant tout sur des fromages locaux d&rsquo;exception. Les vaches normandes broutent une herbe fra\u00eeche gorg\u00e9e de sel marin, ce qui donne au lait une saveur unique. Je te recommande vivement de go\u00fbter un vrai Camembert de Normandie au lait cru, le Pont-l&rsquo;\u00c9v\u00eaque au parfum marqu\u00e9 ou le doux Neufch\u00e2tel \u00e0 l&rsquo;adorable forme de c\u0153ur.<\/p>\n\n\n\n<p class=\"wp-block-paragraph\">Le plat rapide traditionnel que tu trouveras dans les bistrots \u00e0 chaque coin de rue, ce sont les <strong>galettes sal\u00e9es de sarrasin<\/strong>, le plus souvent copieusement garnies de fromage, d&rsquo;\u0153uf et d&rsquo;oignons doux caram\u00e9lis\u00e9s. Au d\u00eener, apr\u00e8s une journ\u00e9e venteuse sur les falaises, commande une bonne soupe \u00e0 l&rsquo;oignon ou un gratin de pommes de terre \u00e0 la cr\u00e8me, qui te r\u00e9chaufferont parfaitement. Fais toutefois bien attention au timing : les restaurants fran\u00e7ais ont des r\u00e8gles strictes et <strong>le d\u00e9jeuner se sert strictement entre midi et deux heures de l&rsquo;apr\u00e8s-midi<\/strong>. Si tu d\u00e9barques dans un \u00e9tablissement \u00e0 trois heures, la cuisine sera d\u00e9j\u00e0 impitoyablement ferm\u00e9e.<\/p>\n\n\n\n<p class=\"wp-block-paragraph\">\ud83d\udca1 Astuce : avec n&rsquo;importe quel plat, tu <strong>dois absolument commander le traditionnel cidre de pomme<\/strong>, servi tr\u00e8s styl\u00e9 dans des bol\u00e9es en c\u00e9ramique plut\u00f4t que dans des verres. Tu peux choisir entre une version plus douce (doux) et une plus s\u00e8che (brut). Si tu veux tester quelque chose de plus cors\u00e9, commande un Calvados, le c\u00e9l\u00e8bre eau-de-vie de pomme, qui fonctionne \u00e0 merveille pour la digestion apr\u00e8s un repas riche en fromage.<\/p>\n\n\n\n<h2 class=\"wp-block-heading\"><span class=\"ez-toc-section\" id=\"Comment_se_rendre_a_Etretat_et_logistique\"><\/span><span class=\"ez-toc-section\" id=\"Jak_se_dostat_do_Etretatu_a_logistika\"><\/span>Comment se rendre \u00e0 \u00c9tretat et logistique<span class=\"ez-toc-section-end\"><\/span><span class=\"ez-toc-section-end\"><\/span><\/h2>\n\n\n\n<p class=\"wp-block-paragraph\">Vu l&rsquo;isolement de toute cette c\u00f4te, le <strong>moyen de transport de loin le plus pratique est une voiture personnelle ou de location<\/strong>, avec laquelle tu as une libert\u00e9 totale de t&rsquo;arr\u00eater \u00e0 n&rsquo;importe quel point de vue. Le probl\u00e8me surgit pourtant au moment o\u00f9 tu arrives \u00e0 \u00c9tretat m\u00eame. Le village souffre d&rsquo;un \u00e9norme manque de places de stationnement, et se garer au centre est extr\u00eamement cher et largement insuffisant. Je te recommande donc vivement d&rsquo;utiliser les grands parkings-relais (par exemple le parking Grand Val), situ\u00e9s \u00e0 l&rsquo;entr\u00e9e juste avant le village, d&rsquo;o\u00f9 tu rejoins confortablement le centre \u00e0 pied en environ quinze minutes.<\/p>\n\n\n\n<p class=\"wp-block-paragraph\">Si tu n&rsquo;as pas de voiture, <strong>le meilleur point de d\u00e9part est la grande ville portuaire du Havre<\/strong>, desservie par des TGV directs et tr\u00e8s confortables depuis Paris. Depuis Le Havre, la ligne de bus r\u00e9gionale num\u00e9ro 13 du r\u00e9seau NOMAD prend le relais et t&rsquo;am\u00e8ne en une cinquantaine de minutes et pour quelques euros directement devant la mairie d&rsquo;\u00c9tretat. Les bus ne circulent toutefois pas tr\u00e8s souvent, surtout le week-end, alors v\u00e9rifie toujours les horaires en vigueur en ligne suffisamment \u00e0 l&rsquo;avance pour ne pas rester coinc\u00e9 \u00e0 l&rsquo;arr\u00eat.<\/p>\n\n\n\n<h2 class=\"wp-block-heading\"><span class=\"ez-toc-section\" id=\"Ou_aller_depuis_Etretat\"><\/span><span class=\"ez-toc-section\" id=\"Kam_dal_z_Etretatu\"><\/span>O\u00f9 aller depuis \u00c9tretat<span class=\"ez-toc-section-end\"><\/span><span class=\"ez-toc-section-end\"><\/span><\/h2>\n\n\n\n<p class=\"wp-block-paragraph\">Si tu disposes d&rsquo;une voiture, ce serait vraiment dommage de ne pas continuer \u00e0 explorer d&rsquo;autres joyaux normands, car toute la r\u00e9gion offre une quantit\u00e9 incroyable de monuments historiques et de merveilles naturelles saisissantes.<\/p>\n\n\n\n<ul class=\"wp-block-list\">\n<li>  <a href=\"https:\/\/loudavymkrokem.cz\/fr\/plages-debarquement-normandie\/\"><strong>Les plages du D\u00e9barquement en Normandie<\/strong><\/a> \u2013 Pars plus \u00e0 l&rsquo;ouest et explore les lieux o\u00f9 l&rsquo;Histoire s&rsquo;est \u00e9crite en 1944. Du cimeti\u00e8re am\u00e9ricain silencieux aux neuf mille croix blanches d&rsquo;Omaha Beach jusqu&rsquo;aux falaises bombard\u00e9es de la Pointe du Hoc, une exp\u00e9rience extr\u00eamement forte t&rsquo;attend. En 2026, d&rsquo;immenses c\u00e9l\u00e9brations du 82e anniversaire du D-Day s&rsquo;y tiennent en plus.<\/li>\n\n\n\n<li>  <a href=\"https:\/\/loudavymkrokem.cz\/fr\/mont-saint-michel-france\/\"><strong>Mont-Saint-Michel<\/strong><\/a> \u2013 L&rsquo;iconique abbaye gothique pos\u00e9e sur un \u00eelot de granit, que l&rsquo;eau coupe enti\u00e8rement de la terre ferme lors des grandes mar\u00e9es. Elle se trouve \u00e0 environ deux heures et demie de route d&rsquo;\u00c9tretat. Tu dois laisser la voiture sur le continent et rejoindre le mont par une navette gratuite.<\/li>\n\n\n\n<li>  <strong>Rouen et Giverny<\/strong> \u2013 Sur le chemin du retour vers Paris, arr\u00eate-toi \u00e0 Rouen, o\u00f9 Jeanne d&rsquo;Arc fut br\u00fbl\u00e9e, puis \u00e0 Giverny. L\u00e0, tu peux visiter les c\u00e9l\u00e8bres jardins aux n\u00e9nuphars am\u00e9nag\u00e9s par Claude Monet (en 2026 s&rsquo;y tient un festival pour le centenaire de sa mort).<\/li>\n\n\n\n<li>  <strong>Honfleur<\/strong> \u2013 Fais un d\u00e9tour par l&rsquo;un des ports les plus photog\u00e9niques de toute la France, o\u00f9 la premi\u00e8re \u00e9cole impressionniste s&rsquo;est form\u00e9e dans les auberges locales et o\u00f9 tu peux admirer une vieille \u00e9glise en bois construite par des charpentiers de marine.<\/li>\n<\/ul>\n\n\n\n<h2 class=\"wp-block-heading\"><span class=\"ez-toc-section\" id=\"Questions_frequentes\"><\/span><span class=\"ez-toc-section\" id=\"Casto_kladene_otazky\"><\/span>Questions fr\u00e9quentes<span class=\"ez-toc-section-end\"><\/span><span class=\"ez-toc-section-end\"><\/span><\/h2>\n\n\n<div id=\"rank-math-faq\" class=\"rank-math-block\">\n<div class=\"rank-math-list \">\n<div id=\"faq-question-1780567493000\" class=\"rank-math-list-item\">\n<h3 class=\"rank-math-question \"><span class=\"ez-toc-section\" id=\"Combien_de_temps_faut-il_pour_visiter_Etretat\"><\/span>Combien de temps faut-il pour visiter \u00c9tretat ?<span class=\"ez-toc-section-end\"><\/span><\/h3>\n<div class=\"rank-math-answer \">\n\n<p>Vous pouvez parcourir la petite ville elle-m\u00eame, monter sur les falaises de craie et visiter les jardins modernes en une seule journ\u00e9e bien remplie. Cependant, si vous souhaitez profiter des promenades sur les falaises sans stress et attendre la plus belle lumi\u00e8re du soir pour photographier, je vous recommande <strong>de passer la nuit sur place et d&rsquo;y rester au moins un jour et demi<\/strong>. Le matin, vous d\u00e9couvrirez en plus la ville merveilleusement calme, parfum\u00e9e de viennoiseries fra\u00eeches et surtout sans les grands bus touristiques de Paris qui commencent \u00e0 affluer vers dix heures du matin.<\/p>\n\n<\/div>\n<\/div>\n<div id=\"faq-question-1780567493001\" class=\"rank-math-list-item\">\n<h3 class=\"rank-math-question \"><span class=\"ez-toc-section\" id=\"Les_falaises_sont-elles_sures_pour_les_enfants\"><\/span>Les falaises sont-elles s\u00fbres pour les enfants ?<span class=\"ez-toc-section-end\"><\/span><\/h3>\n<div class=\"rank-math-answer \">\n\n<p>Oui, mais elles exigent une tr\u00e8s grande prudence. Les chemins les plus larges sur les falaises sont relativement s\u00fbrs, cependant <strong>il n&rsquo;y a absolument aucune barri\u00e8re ni cl\u00f4ture de s\u00e9curit\u00e9<\/strong> qui vous s\u00e9pare du pr\u00e9cipice. Les enfants doivent \u00eatre surveill\u00e9s en permanence, id\u00e9alement tenus fermement par la main tout le temps, et en aucun cas vous ne devez les laisser courir pr\u00e8s des bords qui peuvent s&rsquo;effondrer de mani\u00e8re inattendue et provoquer une chute fatale.<\/p>\n\n<\/div>\n<\/div>\n<div id=\"faq-question-1780567493002\" class=\"rank-math-list-item\">\n<h3 class=\"rank-math-question \"><span class=\"ez-toc-section\" id=\"Peut-on_se_baigner_dans_la_mer_a_Etretat\"><\/span>Peut-on se baigner dans la mer \u00e0 \u00c9tretat ?<span class=\"ez-toc-section-end\"><\/span><\/h3>\n<div class=\"rank-math-answer \">\n\n<p>La baignade est autoris\u00e9e, mais elle est plut\u00f4t destin\u00e9e aux nageurs tr\u00e8s exp\u00e9riment\u00e9s et endurcis. L&rsquo;eau de la Manche <strong>est tr\u00e8s rafra\u00eechissante et froide m\u00eame en plein \u00e9t\u00e9<\/strong> et l&rsquo;entr\u00e9e sur les galets g\u00e9ants n&rsquo;est vraiment pas tr\u00e8s confortable pour les pieds nus. De plus, le fond descend assez rapidement vers la profondeur d\u00e8s que vous vous \u00e9loignez du rivage et les courants sous-marins peuvent \u00eatre \u00e9tonnamment forts et tra\u00eetres, donc ne vous aventurez jamais trop loin.<\/p>\n\n<\/div>\n<\/div>\n<div id=\"faq-question-1780567493003\" class=\"rank-math-list-item\">\n<h3 class=\"rank-math-question \"><span class=\"ez-toc-section\" id=\"Est-il_possible_de_visiter_les_grottes_a_tout_moment\"><\/span>Est-il possible de visiter les grottes \u00e0 tout moment ?<span class=\"ez-toc-section-end\"><\/span><\/h3>\n<div class=\"rank-math-answer \">\n\n<p>Absolument pas ! Les grottes sous les falaises ne sont accessibles en toute s\u00e9curit\u00e9 <strong>qu&rsquo;au moment de la mar\u00e9e basse maximale<\/strong>. Respectez toujours tr\u00e8s scrupuleusement les horaires des mar\u00e9es affich\u00e9s \u00e0 l&rsquo;entr\u00e9e de la promenade. Ne vous aventurez jamais dans les passages rocheux si l&rsquo;eau commence d\u00e9j\u00e0 \u00e0 monter visiblement, car elle remonte extr\u00eamement rapidement et pourrait facilement vous pi\u00e9ger dans la grotte.<\/p>\n\n<\/div>\n<\/div>\n<div id=\"faq-question-1780567493004\" class=\"rank-math-list-item\">\n<h3 class=\"rank-math-question \"><span class=\"ez-toc-section\" id=\"Les_chiens_ont-ils_acces_a_la_zone\"><\/span>Les chiens ont-ils acc\u00e8s \u00e0 la zone ?<span class=\"ez-toc-section-end\"><\/span><\/h3>\n<div class=\"rank-math-answer \">\n\n<p>Les chiens sont g\u00e9n\u00e9ralement les bienvenus dans la ville et sur les sentiers touristiques au-dessus des falaises, \u00e0 condition de les tenir en laisse. Gardez toutefois \u00e0 l&rsquo;esprit que <strong>les chiens sont strictement interdits sur la plage de galets principale<\/strong> pendant toute la saison estivale, afin de ne pas d\u00e9ranger les autres visiteurs et de maintenir la propret\u00e9. Vous ne pourrez acc\u00e9der \u00e0 l&rsquo;eau avec eux que sur les plages sauvages plus isol\u00e9es en dehors du centre-ville.<\/p>\n\n<\/div>\n<\/div>\n<div id=\"faq-question-1780567493005\" class=\"rank-math-list-item\">\n<h3 class=\"rank-math-question \"><span class=\"ez-toc-section\" id=\"Quelle_est_la_difficulte_physique_des_montees\"><\/span>Quelle est la difficult\u00e9 physique des mont\u00e9es ?<span class=\"ez-toc-section-end\"><\/span><\/h3>\n<div class=\"rank-math-answer \">\n\n<p>La mont\u00e9e vers la falaise de la Porte d&rsquo;Amont jusqu&rsquo;\u00e0 la petite chapelle emprunte des sentiers am\u00e9nag\u00e9s et des escaliers en b\u00e9ton solides, donc <strong>toute personne moyennement mobile peut la faire<\/strong>, m\u00eame si vous transpirerez probablement un peu. Le chemin vers la falaise d&rsquo;Aval en face est un peu plus raide et la surface est moins am\u00e9nag\u00e9e, mais avec des pauses fr\u00e9quentes pour reprendre votre souffle et prendre des photos, vous y arriverez sans probl\u00e8me majeur m\u00eame sans condition sportive professionnelle.<\/p>\n\n<\/div>\n<\/div>\n<div id=\"faq-question-1780567493006\" class=\"rank-math-list-item\">\n<h3 class=\"rank-math-question \"><span class=\"ez-toc-section\" id=\"Peut-on_visiter_Etretat_en_fauteuil_roulant\"><\/span>Peut-on visiter \u00c9tretat en fauteuil roulant ?<span class=\"ez-toc-section-end\"><\/span><\/h3>\n<div class=\"rank-math-answer \">\n\n<p>La promenade le long de la plage elle-m\u00eame, les ruelles avec les restaurants et le centre de la ville sont plats et facilement accessibles m\u00eame pour les personnes en fauteuil roulant ou les familles avec poussettes. Malheureusement, <strong>les chemins vers les sommets des falaises de craie ne sont pas accessibles<\/strong> et en raison des escaliers raides et du terrain naturel in\u00e9gal, vous ne pourrez pas monter en fauteuil roulant. Cependant, m\u00eame depuis la promenade, les vues sur les falaises sont absolument fantastiques.<\/p>\n\n<\/div>\n<\/div>\n<\/div>\n<\/div>","protected":false},"excerpt":{"rendered":"<p>D\u00e9couvre avec nous la beaut\u00e9 d&rsquo;\u00c9tretat en France, o\u00f9 les falaises de craie d&rsquo;un blanc immacul\u00e9 rencontrent l&rsquo;oc\u00e9an sauvage et l&rsquo;art des c\u00e9l\u00e8bres impressionnistes.<\/p>\n","protected":false},"author":3,"featured_media":213327,"comment_status":"open","ping_status":"open","sticky":false,"template":"","format":"standard","meta":{"_acf_changed":false,"footnotes":"","rank_math_title":"\u00c9tretat France : 11 conseils pour les falaises 2026","rank_math_description":"\u00c9tretat en France : falaises de craie, arches spectaculaires et jardins. D\u00e9couvre nos 11 conseils, quand partir et o\u00f9 loger pour un s\u00e9jour inoubliable en 2026 !","rank_math_focus_keyword":"\u00e9tretat france","rank_math_seo_score":""},"categories":[558,579,1506,650],"tags":[],"class_list":["post-226319","post","type-post","status-publish","format-standard","has-post-thumbnail","category-europe","category-france","category-normandie","category-voyages"],"acf":[],"featured_image_src":"https:\/\/loudavymkrokem.cz\/wp-content\/uploads\/2026\/06\/209392-kridove-utesy-etretat-s-obloukem-porte-a5197412.jpg","author_info":{"display_name":"Lucie Kone\u010dn\u00e1","author_link":"https:\/\/loudavymkrokem.cz\/fr\/author\/lucie-konecna\/"},"_links":{"self":[{"href":"https:\/\/loudavymkrokem.cz\/fr\/wp-json\/wp\/v2\/posts\/226319","targetHints":{"allow":["GET"]}}],"collection":[{"href":"https:\/\/loudavymkrokem.cz\/fr\/wp-json\/wp\/v2\/posts"}],"about":[{"href":"https:\/\/loudavymkrokem.cz\/fr\/wp-json\/wp\/v2\/types\/post"}],"author":[{"embeddable":true,"href":"https:\/\/loudavymkrokem.cz\/fr\/wp-json\/wp\/v2\/users\/3"}],"replies":[{"embeddable":true,"href":"https:\/\/loudavymkrokem.cz\/fr\/wp-json\/wp\/v2\/comments?post=226319"}],"version-history":[{"count":0,"href":"https:\/\/loudavymkrokem.cz\/fr\/wp-json\/wp\/v2\/posts\/226319\/revisions"}],"wp:featuredmedia":[{"embeddable":true,"href":"https:\/\/loudavymkrokem.cz\/fr\/wp-json\/wp\/v2\/media\/213327"}],"wp:attachment":[{"href":"https:\/\/loudavymkrokem.cz\/fr\/wp-json\/wp\/v2\/media?parent=226319"}],"wp:term":[{"taxonomy":"category","embeddable":true,"href":"https:\/\/loudavymkrokem.cz\/fr\/wp-json\/wp\/v2\/categories?post=226319"},{"taxonomy":"post_tag","embeddable":true,"href":"https:\/\/loudavymkrokem.cz\/fr\/wp-json\/wp\/v2\/tags?post=226319"}],"curies":[{"name":"wp","href":"https:\/\/api.w.org\/{rel}","templated":true}]}}