{"id":151225,"date":"2026-04-24T18:09:14","date_gmt":"2026-04-24T16:09:14","guid":{"rendered":"https:\/\/loudavymkrokem.cz\/?p=151225"},"modified":"2026-04-30T11:05:58","modified_gmt":"2026-04-30T09:05:58","slug":"place-vieille-ville-prague-tchequie","status":"publish","type":"post","link":"https:\/\/loudavymkrokem.cz\/fr\/place-vieille-ville-prague-tchequie\/","title":{"rendered":"Place de la Vieille-Ville et Horloge astronomique : que voir au c\u0153ur de Prague"},"content":{"rendered":"<p>Quand j&rsquo;\u00e9tais \u00e0 l&rsquo;universit\u00e9, dans le cadre d&rsquo;un cours de photojournalisme, je passais des matin\u00e9es enti\u00e8res d&rsquo;hiver sur la <strong>place de la Vieille-Ville<\/strong> \u00e0 <strong>Prague, Tch\u00e9quie<\/strong>, \u00e0 la recherche des plus beaux contrastes de lumi\u00e8re et d&rsquo;ombre. Avec mon lourd reflex autour du cou, je grelottais pr\u00e8s des \u00e9tals d\u00e9serts en attendant que les premiers rayons de soleil percent la brume au-dessus des toits et viennent caresser le cadran mat de l&rsquo;horloge. Dans ces instants o\u00f9 les seuls passants \u00e9taient des boulangers et des \u00e9boueurs, ce centre historique battait \u00e0 un rythme compl\u00e8tement diff\u00e9rent de celui de midi, quand une mar\u00e9e humaine infranchissable, smartphones brandis au-dessus des t\u00eates, le submerge enti\u00e8rement.<\/p>\n<p>Au fil de mes dix ann\u00e9es praguoises, j&rsquo;ai d\u00e9velopp\u00e9 avec ce lieu une relation pleine de paradoxes. \u00c9tudiante au <strong>lyc\u00e9e de Mal\u00e1 Strana<\/strong>, je traversais la place en coup de vent \u2014 pour les locaux, c&rsquo;est souvent un simple parcours d&rsquo;obstacles sur le chemin du m\u00e9tro. En 2018, j&rsquo;ai vu la c\u00e9l\u00e8bre <strong>horloge astronomique de Prague<\/strong> dispara\u00eetre pendant de longs mois sous des \u00e9chafaudages et des b\u00e2ches pour sa plus grande restauration en plusieurs d\u00e9cennies, et la ville paraissait \u00e9trangement incompl\u00e8te. Et aujourd&rsquo;hui ? Je slalome sur ces m\u00eames pav\u00e9s avec une poussette o\u00f9 tr\u00f4ne Jon\u00e1\u0161, notre fils de deux ans, et j&rsquo;apprends \u00e0 percevoir l&rsquo;espace sous un angle tout neuf \u2014 celui des rampes d&rsquo;acc\u00e8s et des bancs \u00e0 l&rsquo;ombre.<\/p>\n<p>Malgr\u00e9 la frustration occasionnelle des foules et du bruit visuel, on revient ici avec Luk\u00e1\u0161. Car il y a un monde entre traverser la place en qu\u00eate d&rsquo;un trdeln\u00edk et savoir exactement o\u00f9 poser les yeux. Quand on conna\u00eet l&rsquo;histoire des vingt-sept croix blanches incrust\u00e9es dans le pav\u00e9, qu&rsquo;on sait dans quel passage se cache un caf\u00e9 tranquille, et qu&rsquo;on comprend que patienter une demi-heure dans la foule pour un d\u00e9fil\u00e9 d&rsquo;ap\u00f4tres de quarante-cinq secondes est peut-\u00eatre un peu sur\u00e9valu\u00e9 \u2014 mais historiquement fascinant.<\/p>\n<p>Alors c&rsquo;est parti \u2014 sans d\u00e9tour, sans blabla, avec tous les conseils que j&rsquo;ai accumul\u00e9s au fil des ans.<\/p>\n<figure class=\"wp-block-image size-full\"><img loading=\"lazy\" decoding=\"async\" width=\"2000\" height=\"1333\" src=\"https:\/\/loudavymkrokem.cz\/wp-content\/uploads\/2023\/07\/prazsky-orloj.jpg\" alt=\"Horloge astronomique de Prague en Tch\u00e9quie\" class=\"wp-image-62990\" title=\"\" srcset=\"https:\/\/loudavymkrokem.cz\/wp-content\/uploads\/2023\/07\/prazsky-orloj.jpg 2000w, https:\/\/loudavymkrokem.cz\/wp-content\/uploads\/2023\/07\/prazsky-orloj-300x200.jpg 300w, https:\/\/loudavymkrokem.cz\/wp-content\/uploads\/2023\/07\/prazsky-orloj-700x467.jpg 700w, https:\/\/loudavymkrokem.cz\/wp-content\/uploads\/2023\/07\/prazsky-orloj-768x512.jpg 768w, https:\/\/loudavymkrokem.cz\/wp-content\/uploads\/2023\/07\/prazsky-orloj-1536x1024.jpg 1536w, https:\/\/loudavymkrokem.cz\/wp-content\/uploads\/2023\/07\/prazsky-orloj-696x464.jpg 696w, https:\/\/loudavymkrokem.cz\/wp-content\/uploads\/2023\/07\/prazsky-orloj-1392x928.jpg 1392w, https:\/\/loudavymkrokem.cz\/wp-content\/uploads\/2023\/07\/prazsky-orloj-1920x1280.jpg 1920w\" sizes=\"auto, (max-width: 2000px) 100vw, 2000px\"><figcaption class=\"wp-element-caption\">L&rsquo;horloge astronomique de Prague<\/figcaption><\/figure>\n<div id=\"ez-toc-container\" class=\"ez-toc-v2_0_82_2 ez-toc-wrap-left counter-hierarchy ez-toc-counter ez-toc-grey ez-toc-container-direction\">\n<div class=\"ez-toc-title-container\">\n<p class=\"ez-toc-title\" style=\"cursor:inherit\">Contenu de l&#039;article<\/p>\n<span class=\"ez-toc-title-toggle\"><a href=\"#\" class=\"ez-toc-pull-right ez-toc-btn ez-toc-btn-xs ez-toc-btn-default ez-toc-toggle\" aria-label=\"Toggle Table of Content\"><span class=\"ez-toc-js-icon-con\"><span class=\"\"><span class=\"eztoc-hide\" style=\"display:none;\">Toggle<\/span><span class=\"ez-toc-icon-toggle-span\"><svg style=\"fill: #999;color:#999\" xmlns=\"http:\/\/www.w3.org\/2000\/svg\" class=\"list-377408\" width=\"20px\" height=\"20px\" viewBox=\"0 0 24 24\" fill=\"none\"><path d=\"M6 6H4v2h2V6zm14 0H8v2h12V6zM4 11h2v2H4v-2zm16 0H8v2h12v-2zM4 16h2v2H4v-2zm16 0H8v2h12v-2z\" fill=\"currentColor\"><\/path><\/svg><svg style=\"fill: #999;color:#999\" class=\"arrow-unsorted-368013\" xmlns=\"http:\/\/www.w3.org\/2000\/svg\" width=\"10px\" height=\"10px\" viewBox=\"0 0 24 24\" version=\"1.2\" baseProfile=\"tiny\"><path d=\"M18.2 9.3l-6.2-6.3-6.2 6.3c-.2.2-.3.4-.3.7s.1.5.3.7c.2.2.4.3.7.3h11c.3 0 .5-.1.7-.3.2-.2.3-.5.3-.7s-.1-.5-.3-.7zM5.8 14.7l6.2 6.3 6.2-6.3c.2-.2.3-.5.3-.7s-.1-.5-.3-.7c-.2-.2-.4-.3-.7-.3h-11c-.3 0-.5.1-.7.3-.2.2-.3.5-.3.7s.1.5.3.7z\"\/><\/svg><\/span><\/span><\/span><\/a><\/span><\/div>\n<nav><ul class='ez-toc-list ez-toc-list-level-1 ' ><li class='ez-toc-page-1 ez-toc-heading-level-2'><a class=\"ez-toc-link ez-toc-heading-1\" href=\"https:\/\/loudavymkrokem.cz\/fr\/place-vieille-ville-prague-tchequie\/#Resume\" >R\u00e9sum\u00e9<\/a><\/li><li class='ez-toc-page-1 ez-toc-heading-level-2'><a class=\"ez-toc-link ez-toc-heading-2\" href=\"https:\/\/loudavymkrokem.cz\/fr\/place-vieille-ville-prague-tchequie\/#Quand_venir_et_quel_moment_de_la_journee_choisir\" >Quand venir et quel moment de la journ\u00e9e choisir<\/a><ul class='ez-toc-list-level-3' ><li class='ez-toc-heading-level-3'><a class=\"ez-toc-link ez-toc-heading-3\" href=\"https:\/\/loudavymkrokem.cz\/fr\/place-vieille-ville-prague-tchequie\/#Brume_matinale_versus_lumieres_du_soir\" >Brume matinale versus lumi\u00e8res du soir<\/a><\/li><li class='ez-toc-page-1 ez-toc-heading-level-3'><a class=\"ez-toc-link ez-toc-heading-4\" href=\"https:\/\/loudavymkrokem.cz\/fr\/place-vieille-ville-prague-tchequie\/#Marches_de_Noel_et_de_Paques\" >March\u00e9s de No\u00ebl et de P\u00e2ques<\/a><\/li><\/ul><\/li><li class='ez-toc-page-1 ez-toc-heading-level-2'><a class=\"ez-toc-link ez-toc-heading-5\" href=\"https:\/\/loudavymkrokem.cz\/fr\/place-vieille-ville-prague-tchequie\/#Ou_se_loger\" >O\u00f9 se loger<\/a><ul class='ez-toc-list-level-3' ><li class='ez-toc-heading-level-3'><a class=\"ez-toc-link ez-toc-heading-6\" href=\"https:\/\/loudavymkrokem.cz\/fr\/place-vieille-ville-prague-tchequie\/#Notre_favori_teste_The_Julius_Hotel\" >Notre favori test\u00e9 : The Julius Hotel<\/a><\/li><\/ul><\/li><li class='ez-toc-page-1 ez-toc-heading-level-2'><a class=\"ez-toc-link ez-toc-heading-7\" href=\"https:\/\/loudavymkrokem.cz\/fr\/place-vieille-ville-prague-tchequie\/#LHotel_de_Ville_et_ses_secrets\" >L&rsquo;H\u00f4tel de Ville et ses secrets<\/a><ul class='ez-toc-list-level-3' ><li class='ez-toc-heading-level-3'><a class=\"ez-toc-link ez-toc-heading-8\" href=\"https:\/\/loudavymkrokem.cz\/fr\/place-vieille-ville-prague-tchequie\/#Horloge_astronomique_de_Prague\" >Horloge astronomique de Prague<\/a><\/li><li class='ez-toc-page-1 ez-toc-heading-level-3'><a class=\"ez-toc-link ez-toc-heading-9\" href=\"https:\/\/loudavymkrokem.cz\/fr\/place-vieille-ville-prague-tchequie\/#Panorama_depuis_la_tour_de_lHotel_de_Ville\" >Panorama depuis la tour de l&rsquo;H\u00f4tel de Ville<\/a><\/li><li class='ez-toc-page-1 ez-toc-heading-level-3'><a class=\"ez-toc-link ez-toc-heading-10\" href=\"https:\/\/loudavymkrokem.cz\/fr\/place-vieille-ville-prague-tchequie\/#Souterrains_et_salles_historiques\" >Souterrains et salles historiques<\/a><\/li><\/ul><\/li><li class='ez-toc-page-1 ez-toc-heading-level-2'><a class=\"ez-toc-link ez-toc-heading-11\" href=\"https:\/\/loudavymkrokem.cz\/fr\/place-vieille-ville-prague-tchequie\/#Les_monuments_emblematiques_de_la_place_de_la_Vieille-Ville\" >Les monuments embl\u00e9matiques de la place de la Vieille-Ville<\/a><ul class='ez-toc-list-level-3' ><li class='ez-toc-heading-level-3'><a class=\"ez-toc-link ez-toc-heading-12\" href=\"https:\/\/loudavymkrokem.cz\/fr\/place-vieille-ville-prague-tchequie\/#Eglise_Notre-Dame-du-Tyn\" >\u00c9glise Notre-Dame-du-T\u00fdn<\/a><\/li><li class='ez-toc-page-1 ez-toc-heading-level-3'><a class=\"ez-toc-link ez-toc-heading-13\" href=\"https:\/\/loudavymkrokem.cz\/fr\/place-vieille-ville-prague-tchequie\/#Eglise_Saint-Nicolas_Vieille-Ville\" >\u00c9glise Saint-Nicolas (Vieille-Ville)<\/a><\/li><li class='ez-toc-page-1 ez-toc-heading-level-3'><a class=\"ez-toc-link ez-toc-heading-14\" href=\"https:\/\/loudavymkrokem.cz\/fr\/place-vieille-ville-prague-tchequie\/#Palais_Kinsky_et_Maison_a_la_Cloche_de_Pierre\" >Palais Kinsk\u00fd et Maison \u00e0 la Cloche de Pierre<\/a><\/li><\/ul><\/li><li class='ez-toc-page-1 ez-toc-heading-level-2'><a class=\"ez-toc-link ez-toc-heading-15\" href=\"https:\/\/loudavymkrokem.cz\/fr\/place-vieille-ville-prague-tchequie\/#Details_historiques_et_ombres_du_passe\" >D\u00e9tails historiques et ombres du pass\u00e9<\/a><ul class='ez-toc-list-level-3' ><li class='ez-toc-heading-level-3'><a class=\"ez-toc-link ez-toc-heading-16\" href=\"https:\/\/loudavymkrokem.cz\/fr\/place-vieille-ville-prague-tchequie\/#27_croix_dans_le_pave_Execution_de_1621\" >27 croix dans le pav\u00e9 (Ex\u00e9cution de 1621)<\/a><\/li><li class='ez-toc-page-1 ez-toc-heading-level-3'><a class=\"ez-toc-link ez-toc-heading-17\" href=\"https:\/\/loudavymkrokem.cz\/fr\/place-vieille-ville-prague-tchequie\/#Monument_de_Jan_Hus\" >Monument de Jan Hus<\/a><\/li><li class='ez-toc-page-1 ez-toc-heading-level-3'><a class=\"ez-toc-link ez-toc-heading-18\" href=\"https:\/\/loudavymkrokem.cz\/fr\/place-vieille-ville-prague-tchequie\/#Le_meridien_de_Prague\" >Le m\u00e9ridien de Prague<\/a><\/li><\/ul><\/li><li class='ez-toc-page-1 ez-toc-heading-level-2'><a class=\"ez-toc-link ez-toc-heading-19\" href=\"https:\/\/loudavymkrokem.cz\/fr\/place-vieille-ville-prague-tchequie\/#Survivre_a_la_place_sans_se_faire_plumer\" >Survivre \u00e0 la place (sans se faire plumer)<\/a><ul class='ez-toc-list-level-3' ><li class='ez-toc-heading-level-3'><a class=\"ez-toc-link ez-toc-heading-20\" href=\"https:\/\/loudavymkrokem.cz\/fr\/place-vieille-ville-prague-tchequie\/#Ou_manger_cafe_et_cuisine_sans_surcharge_touristique\" >O\u00f9 manger : caf\u00e9 et cuisine sans surcharge touristique<\/a><\/li><li class='ez-toc-page-1 ez-toc-heading-level-3'><a class=\"ez-toc-link ez-toc-heading-21\" href=\"https:\/\/loudavymkrokem.cz\/fr\/place-vieille-ville-prague-tchequie\/#Pieges_a_touristes_et_taxis\" >Pi\u00e8ges \u00e0 touristes et taxis<\/a><\/li><\/ul><\/li><li class='ez-toc-page-1 ez-toc-heading-level-2'><a class=\"ez-toc-link ez-toc-heading-22\" href=\"https:\/\/loudavymkrokem.cz\/fr\/place-vieille-ville-prague-tchequie\/#Infos_pratiques\" >Infos pratiques<\/a><ul class='ez-toc-list-level-3' ><li class='ez-toc-heading-level-3'><a class=\"ez-toc-link ez-toc-heading-23\" href=\"https:\/\/loudavymkrokem.cz\/fr\/place-vieille-ville-prague-tchequie\/#Transports_et_accessibilite\" >Transports et accessibilit\u00e9<\/a><\/li><li class='ez-toc-page-1 ez-toc-heading-level-3'><a class=\"ez-toc-link ez-toc-heading-24\" href=\"https:\/\/loudavymkrokem.cz\/fr\/place-vieille-ville-prague-tchequie\/#Entrees_et_services_utiles\" >Entr\u00e9es et services utiles<\/a><\/li><\/ul><\/li><li class='ez-toc-page-1 ez-toc-heading-level-2'><a class=\"ez-toc-link ez-toc-heading-25\" href=\"https:\/\/loudavymkrokem.cz\/fr\/place-vieille-ville-prague-tchequie\/#Questions_frequentes\" >Questions fr\u00e9quentes<\/a><ul class='ez-toc-list-level-3' ><li class='ez-toc-heading-level-3'><a class=\"ez-toc-link ez-toc-heading-26\" href=\"https:\/\/loudavymkrokem.cz\/fr\/place-vieille-ville-prague-tchequie\/#A_quelle_heure_sonne_lhorloge_astronomique_de_Prague\" >\u00c0 quelle heure sonne l&rsquo;horloge astronomique de Prague ?<\/a><\/li><li class='ez-toc-page-1 ez-toc-heading-level-3'><a class=\"ez-toc-link ez-toc-heading-27\" href=\"https:\/\/loudavymkrokem.cz\/fr\/place-vieille-ville-prague-tchequie\/#Combien_coute_lentree_a_la_tour_de_lHotel_de_Ville\" >Combien co\u00fbte l&rsquo;entr\u00e9e \u00e0 la tour de l&rsquo;H\u00f4tel de Ville ?<\/a><\/li><li class='ez-toc-page-1 ez-toc-heading-level-3'><a class=\"ez-toc-link ez-toc-heading-28\" href=\"https:\/\/loudavymkrokem.cz\/fr\/place-vieille-ville-prague-tchequie\/#Peut-on_monter_a_la_tour_en_ascenseur\" >Peut-on monter \u00e0 la tour en ascenseur ?<\/a><\/li><li class='ez-toc-page-1 ez-toc-heading-level-3'><a class=\"ez-toc-link ez-toc-heading-29\" href=\"https:\/\/loudavymkrokem.cz\/fr\/place-vieille-ville-prague-tchequie\/#Le_trdelnik_est-il_une_patisserie_traditionnelle_de_Prague\" >Le trdeln\u00edk est-il une p\u00e2tisserie traditionnelle de Prague ?<\/a><\/li><li class='ez-toc-page-1 ez-toc-heading-level-3'><a class=\"ez-toc-link ez-toc-heading-30\" href=\"https:\/\/loudavymkrokem.cz\/fr\/place-vieille-ville-prague-tchequie\/#Ou_se_trouve_lentree_de_leglise_du_Tyn\" >O\u00f9 se trouve l&rsquo;entr\u00e9e de l&rsquo;\u00e9glise du T\u00fdn ?<\/a><\/li><li class='ez-toc-page-1 ez-toc-heading-level-3'><a class=\"ez-toc-link ez-toc-heading-31\" href=\"https:\/\/loudavymkrokem.cz\/fr\/place-vieille-ville-prague-tchequie\/#Quand_ont_lieu_les_marches_de_Noel_sur_la_place\" >Quand ont lieu les march\u00e9s de No\u00ebl sur la place ?<\/a><\/li><\/ul><\/li><\/ul><\/nav><\/div>\n<h2 class=\"wp-block-heading\"><span class=\"ez-toc-section\" id=\"Resume\"><\/span><span class=\"ez-toc-section\" id=\"Resume\"><\/span>R\u00e9sum\u00e9<span class=\"ez-toc-section-end\"><\/span><span class=\"ez-toc-section-end\"><\/span><\/h2>\n<p>Je comprends, parfois on a juste besoin d&rsquo;un r\u00e9sum\u00e9 express. Quand on pr\u00e9parait avec Luk\u00e1\u0161 notre derni\u00e8re escapade \u00e0 Vienne, je cherchais moi aussi fr\u00e9n\u00e9tiquement des listes \u00e0 puces pour ne pas perdre de temps. Alors si tu es sur le point de partir et que tu veux l&rsquo;essentiel, voici ce qu&rsquo;il faut retenir.<\/p>\n<p>Ces quelques points te sauveront du vin chaud le plus cher de ta vie et t&rsquo;\u00e9viteront la d\u00e9ception face aux foules monstrueuses. Je te recommande de parcourir \u00e7a rapidement avant de te jeter dans le tourbillon pragois.<\/p>\n<ul class=\"wp-block-list\">\n<li>La place est la plus belle t\u00f4t le matin, id\u00e9alement avant <strong>huit heures<\/strong>, quand il n&rsquo;y a pas encore de foule et que tu peux photographier l&rsquo;espace vide en toute tranquillit\u00e9.<\/li>\n<li>L&rsquo;horloge sonne \u00e0 chaque heure pleine de <strong>9 h \u00e0 23 h<\/strong>, mais le d\u00e9fil\u00e9 des ap\u00f4tres dure \u00e0 peine une minute \u2014 inutile d&rsquo;y consacrer une demi-journ\u00e9e.<\/li>\n<li>Ach\u00e8te tes billets pour la tour de l&rsquo;<strong>H\u00f4tel de Ville<\/strong> en ligne \u00e0 l&rsquo;avance, tu \u00e9viteras ainsi la longue file d&rsquo;attente au guichet au rez-de-chauss\u00e9e.<\/li>\n<li>Pour la meilleure vue, tu n&rsquo;es pas oblig\u00e9 de monter \u00e0 la tour : une perspective magnifique s&rsquo;offre aussi depuis les fen\u00eatres du caf\u00e9 de l&rsquo;<strong>Institut Scout<\/strong>, directement sur la place.<\/li>\n<li>L&rsquo;entr\u00e9e de l&rsquo;\u00e9glise Notre-Dame-du-T\u00fdn est astucieusement cach\u00e9e derri\u00e8re les arcades des maisons \u2014 ne la cherche pas depuis l&rsquo;esplanade.<\/li>\n<li>Dans le pav\u00e9 devant l&rsquo;H\u00f4tel de Ville, tu trouveras 27 croix blanches comm\u00e9morant l&rsquo;ex\u00e9cution des seigneurs tch\u00e8ques en <strong>1621<\/strong> \u2014 selon la superstition locale, il ne faudrait pas marcher dessus.<\/li>\n<li>L&rsquo;\u00e9glise Saint-Nicolas sur cette place est un lieu id\u00e9al pour des concerts de musique classique en soir\u00e9e, gr\u00e2ce \u00e0 son acoustique exceptionnelle.<\/li>\n<li>\u00c9vite les pi\u00e8ges \u00e0 touristes comme les bureaux de change hors de prix et les taxis en maraude \u2014 pour te d\u00e9placer, privil\u00e9gie les applications ou les <strong>transports en commun<\/strong>.<\/li>\n<li>Le trdeln\u00edk, vendu partout comme \u00ab sp\u00e9cialit\u00e9 traditionnelle pragoise \u00bb, est en r\u00e9alit\u00e9 une invention marketing moderne et non une recette historique de Prague. Cela dit, on en mange quand m\u00eame avec Luk\u00e1\u0161 \u2014 c&rsquo;est d\u00e9licieux. \ud83d\ude04<\/li>\n<\/ul>\n<figure class=\"wp-block-image size-full\"><img loading=\"lazy\" decoding=\"async\" width=\"2000\" height=\"1333\" src=\"https:\/\/loudavymkrokem.cz\/wp-content\/uploads\/2023\/07\/prazsky-orloj.jpg\" alt=\"Horloge astronomique de Prague en Tch\u00e9quie\" class=\"wp-image-62990\" title=\"\" srcset=\"https:\/\/loudavymkrokem.cz\/wp-content\/uploads\/2023\/07\/prazsky-orloj.jpg 2000w, https:\/\/loudavymkrokem.cz\/wp-content\/uploads\/2023\/07\/prazsky-orloj-300x200.jpg 300w, https:\/\/loudavymkrokem.cz\/wp-content\/uploads\/2023\/07\/prazsky-orloj-700x467.jpg 700w, https:\/\/loudavymkrokem.cz\/wp-content\/uploads\/2023\/07\/prazsky-orloj-768x512.jpg 768w, https:\/\/loudavymkrokem.cz\/wp-content\/uploads\/2023\/07\/prazsky-orloj-1536x1024.jpg 1536w, https:\/\/loudavymkrokem.cz\/wp-content\/uploads\/2023\/07\/prazsky-orloj-696x464.jpg 696w, https:\/\/loudavymkrokem.cz\/wp-content\/uploads\/2023\/07\/prazsky-orloj-1392x928.jpg 1392w, https:\/\/loudavymkrokem.cz\/wp-content\/uploads\/2023\/07\/prazsky-orloj-1920x1280.jpg 1920w\" sizes=\"auto, (max-width: 2000px) 100vw, 2000px\"><figcaption class=\"wp-element-caption\">L&rsquo;horloge astronomique de Prague<\/figcaption><\/figure>\n<h2 class=\"wp-block-heading\"><span class=\"ez-toc-section\" id=\"Quand_venir_et_quel_moment_de_la_journee_choisir\"><\/span><span class=\"ez-toc-section\" id=\"Quand_venir_et_quel_moment_de_la_journee_choisir\"><\/span>Quand venir et quel moment de la journ\u00e9e choisir<span class=\"ez-toc-section-end\"><\/span><span class=\"ez-toc-section-end\"><\/span><\/h2>\n<p>Le choix du bon cr\u00e9neau horaire pour visiter le centre historique d\u00e9termine si tu en repartiras avec un souvenir m\u00e9morable ou juste une sensation de claustrophobie. En 2026, Prague ne conna\u00eet plus de v\u00e9ritable basse saison, mais il existe encore des fen\u00eatres de temps o\u00f9 la ville respire plus librement.<\/p>\n<h3 class=\"wp-block-heading\"><span class=\"ez-toc-section\" id=\"Brume_matinale_versus_lumieres_du_soir\"><\/span><span class=\"ez-toc-section\" id=\"Brume_matinale_versus_lumieres_du_soir\"><\/span>Brume matinale versus lumi\u00e8res du soir<span class=\"ez-toc-section-end\"><\/span><span class=\"ez-toc-section-end\"><\/span><\/h3>\n<p>Si tu aimes la photo, mets ton r\u00e9veil. Vers <strong>sept heures du matin<\/strong>, surtout au printemps ou en automne, la place est pratiquement d\u00e9serte. La lumi\u00e8re vient l\u00e9cher l&rsquo;\u00e9glise du T\u00fdn et tu n&rsquo;entends que le claquement de tes propres pas sur le pav\u00e9. C&rsquo;est exactement cette atmosph\u00e8re que je capturais autrefois sur pellicule. La visite en soir\u00e9e a une dynamique toute diff\u00e9rente : les fa\u00e7ades des palais sont illumin\u00e9es, des bribes de musique classique s&rsquo;\u00e9chappent des portes ouvertes des \u00e9glises et l&rsquo;espace vibre d&rsquo;art de rue. Mais attention, c&rsquo;est aussi le moment o\u00f9 la foule est la plus dense.<\/p>\n<p>N&rsquo;h\u00e9site pas \u00e0 venir apr\u00e8s la pluie. Le pav\u00e9 mouill\u00e9 refl\u00e8te les r\u00e9verb\u00e8res et l&rsquo;\u00e9glise du T\u00fdn d\u00e9gage une \u00e9nergie carr\u00e9ment magique. Pense juste \u00e0 prendre des v\u00eatements chauds \u2014 il y a souvent un courant d&rsquo;air d\u00e9sagr\u00e9able qui remonte depuis la rivi\u00e8re. Quand, le nez rouge, tu te r\u00e9fugies enfin dans le premier caf\u00e9 ouvert au coin de la rue, ce th\u00e9 br\u00fblant a cent fois meilleur go\u00fbt. Pour le photographe, cet \u00e9veil matinal de la ville est un pur bonheur \u2014 un moment intime et silencieux qu&rsquo;aucune visite de midi ne pourra t&rsquo;offrir.<\/p>\n<p><strong>\ud83d\udca1 Astuce de locale :<\/strong> Pour \u00e9viter la plus grosse concentration de monde devant l&rsquo;horloge, arrive environ <strong>cinq minutes<\/strong> apr\u00e8s l&rsquo;heure pleine. Les gens se dispersent aussit\u00f4t apr\u00e8s le d\u00e9fil\u00e9 des ap\u00f4tres, et tu auras tout le loisir d&rsquo;admirer le cadran astronomique de pr\u00e8s.<\/p>\n<div class=\"gyg-iframe-container\" style=\"margin-bottom:1.5em\" class=\"wp-block-cgb-block-gyg-wp-plugin\"><iframe style=\"border:0;height:100%;width:100%\" title=\"GetYourGuide activities widget\" src=\"https:\/\/widget.getyourguide.com\/default\/activities.frame?widget=wp_activities&amp;currency=CSK&amp;locale_code=en-GB&amp;number_of_items=3&amp;partner_id=MKZ64IS&amp;q=old%20prague\"><\/iframe><\/div>\n<h3 class=\"wp-block-heading\"><span class=\"ez-toc-section\" id=\"Marches_de_Noel_et_de_Paques\"><\/span><span class=\"ez-toc-section\" id=\"Marches_de_Noel_et_de_Paques\"><\/span>March\u00e9s de No\u00ebl et de P\u00e2ques<span class=\"ez-toc-section-end\"><\/span><span class=\"ez-toc-section-end\"><\/span><\/h3>\n<p>Les march\u00e9s de la place de la Vieille-Ville sont un ph\u00e9nom\u00e8ne que les Pragois adorent et d\u00e9testent \u00e0 la fois. Les march\u00e9s de No\u00ebl se tiennent de <strong>fin novembre \u00e0 d\u00e9but janvier<\/strong>, et ceux de P\u00e2ques traditionnellement en <strong>avril<\/strong>. L&rsquo;an dernier, on a tent\u00e9 avec Jon\u00e1\u0161 de s&rsquo;impr\u00e9gner de l&rsquo;ambiance pendant l&rsquo;Avent, mais avec une poussette, \u00e7a demande des nerfs d&rsquo;acier et un plan strat\u00e9gique. L&rsquo;espace autour des stands de c\u00e9ramique et de vin chaud se transforme en labyrinthe imp\u00e9n\u00e9trable. Si tu viens \u00e0 cette p\u00e9riode, privil\u00e9gie un jour de semaine en matin\u00e9e.<\/p>\n<p>Honn\u00eatement, j&rsquo;adore cette odeur de sapin m\u00eal\u00e9e aux marrons grill\u00e9s. Je prends toujours un vin chaud et on savoure l&rsquo;atmosph\u00e8re un moment. Mais il faut vraiment arriver avant la tomb\u00e9e de la nuit, avant que la vraie folie ne commence et qu&rsquo;on ne puisse plus faire un pas. Quand on craque, on s&rsquo;\u00e9chappe au moins vers le bord c\u00f4t\u00e9 rue Pa\u0159\u00ed\u017esk\u00e1. M\u00eame avec la poussette, il faut une bonne dose de zen et de bonnes chaussures pour man\u0153uvrer.<\/p>\n<p><strong>\ud83d\udca1 Astuce de locale :<\/strong> Le vin chaud des stands principaux juste sous le sapin est souvent trop sucr\u00e9 et hors de prix. Il suffit de s&rsquo;enfoncer dans n&rsquo;importe quelle ruelle en direction du quartier de Ha\u0161talsk\u00e1 pour obtenir une bien meilleure qualit\u00e9 \u00e0 moindre co\u00fbt.<\/p>\n<figure class=\"wp-block-image size-full\"><img loading=\"lazy\" decoding=\"async\" width=\"1200\" height=\"800\" src=\"https:\/\/loudavymkrokem.cz\/wp-content\/uploads\/2024\/11\/vanocni-trhy-praha.jpg\" alt=\"Sapin de No\u00ebl sur la place de la Vieille-Ville\" class=\"wp-image-89164\" title=\"\" srcset=\"https:\/\/loudavymkrokem.cz\/wp-content\/uploads\/2024\/11\/vanocni-trhy-praha.jpg 1200w, https:\/\/loudavymkrokem.cz\/wp-content\/uploads\/2024\/11\/vanocni-trhy-praha-300x200.jpg 300w, https:\/\/loudavymkrokem.cz\/wp-content\/uploads\/2024\/11\/vanocni-trhy-praha-700x467.jpg 700w, https:\/\/loudavymkrokem.cz\/wp-content\/uploads\/2024\/11\/vanocni-trhy-praha-768x512.jpg 768w, https:\/\/loudavymkrokem.cz\/wp-content\/uploads\/2024\/11\/vanocni-trhy-praha-696x464.jpg 696w\" sizes=\"auto, (max-width: 1200px) 100vw, 1200px\"><figcaption class=\"wp-element-caption\">Sapin de No\u00ebl sur la place de la Vieille-Ville<\/figcaption><\/figure>\n<h2 class=\"wp-block-heading\"><span class=\"ez-toc-section\" id=\"Ou_se_loger\"><\/span><span class=\"ez-toc-section\" id=\"Ou_se_loger\"><\/span>O\u00f9 se loger<span class=\"ez-toc-section-end\"><\/span><span class=\"ez-toc-section-end\"><\/span><\/h2>\n<p>Le choix du bon h\u00f4tel peut sauver des vacances enti\u00e8res, surtout quand on voyage avec de jeunes enfants. Je suis assez exigeante c\u00f4t\u00e9 confort, mais en m\u00eame temps, je refuse de perdre une heure \u00e0 rejoindre le centre. Pour un voyageur venant depuis Paris ou une autre ville fran\u00e7aise, Prague est facilement accessible en vol direct (environ 1 h 45 avec des compagnies comme Transavia, easyJet ou Air France), ce qui en fait une destination week-end id\u00e9ale.<\/p>\n<h3 class=\"wp-block-heading\"><span class=\"ez-toc-section\" id=\"Notre_favori_teste_The_Julius_Hotel\"><\/span><span class=\"ez-toc-section\" id=\"Notre_favori_teste_The_Julius_Hotel\"><\/span>Notre favori test\u00e9 : The Julius Hotel<span class=\"ez-toc-section-end\"><\/span><span class=\"ez-toc-section-end\"><\/span><\/h3>\n<p>Si tu veux avoir le centre historique \u00e0 port\u00e9e de main tout en profitant d&rsquo;un cadre plus calme et d&rsquo;un standing \u00e9lev\u00e9, je recommande le <strong>The <a class=\"thirstylink\" rel=\"nofollow\" target=\"_blank\" title=\"The Julius Hotel\" href=\"https:\/\/loudavymkrokem.cz\/doporucujeme\/the-julius-hotel\/\" data-shortcode=\"true\">Julius Hotel<\/a><\/strong>, o\u00f9 nous avons r\u00e9cemment s\u00e9journ\u00e9 avec Luk\u00e1\u0161. Il se trouve sur la <strong>place Senov\u00e1\u017en\u00e9<\/strong>, \u00e0 seulement <strong>dix minutes<\/strong> de marche agr\u00e9able de la place de la Vieille-Ville. Nous avions une <strong>One Bedroom Suite<\/strong> incroyablement spacieuse, ce qu&rsquo;on a \u00e9norm\u00e9ment appr\u00e9ci\u00e9 vu les besoins de Jon\u00e1\u0161 de courir dans tous les sens. L&rsquo;int\u00e9rieur est impeccablement con\u00e7u dans des tons terreux, et les petits-d\u00e9jeuners proposent de g\u00e9n\u00e9reuses options v\u00e9g\u00e9tariennes \u2014 j&rsquo;\u00e9tais aux anges. Tu peux v\u00e9rifier les tarifs et la disponibilit\u00e9 sur <a href=\"https:\/\/www.booking.com\/hotel\/cz\/julius-meinl-house-prague.html?aid=2397601\" rel=\"nofollow noopener\" target=\"_blank\">Booking.com<\/a>.<\/p>\n<p>C&rsquo;est un soulagement immense de pouvoir, apr\u00e8s une journ\u00e9e enti\u00e8re \u00e0 courir entre les monuments, rentrer dans une chambre calme, ouvrir une bouteille de vin et simplement d\u00e9compresser. Le matin, caf\u00e9 \u00e0 la main, on planifie tranquillement l&rsquo;itin\u00e9raire du jour sans avoir \u00e0 se frayer un chemin dans la foule d\u00e8s le pas de la porte. Cet \u00e9quilibre entre centre-ville et intimit\u00e9 est tout simplement parfait ici.<\/p>\n<figure class=\"wp-block-image size-full\"><img loading=\"lazy\" decoding=\"async\" width=\"1200\" height=\"800\" src=\"https:\/\/loudavymkrokem.cz\/wp-content\/uploads\/2026\/04\/prazsky-orloj-4055.jpg\" alt=\"Place de la Vieille-Ville \u00e0 Prague\" class=\"wp-image-151087\" title=\"\" srcset=\"https:\/\/loudavymkrokem.cz\/wp-content\/uploads\/2026\/04\/prazsky-orloj-4055.jpg 1200w, https:\/\/loudavymkrokem.cz\/wp-content\/uploads\/2026\/04\/prazsky-orloj-4055-300x200.jpg 300w, https:\/\/loudavymkrokem.cz\/wp-content\/uploads\/2026\/04\/prazsky-orloj-4055-700x467.jpg 700w, https:\/\/loudavymkrokem.cz\/wp-content\/uploads\/2026\/04\/prazsky-orloj-4055-768x512.jpg 768w, https:\/\/loudavymkrokem.cz\/wp-content\/uploads\/2026\/04\/prazsky-orloj-4055-696x464.jpg 696w\" sizes=\"auto, (max-width: 1200px) 100vw, 1200px\"><figcaption class=\"wp-element-caption\">Nous sur la place de la Vieille-Ville<\/figcaption><\/figure>\n<h2 class=\"wp-block-heading\"><span class=\"ez-toc-section\" id=\"LHotel_de_Ville_et_ses_secrets\"><\/span><span class=\"ez-toc-section\" id=\"Hotel_de_Ville_et_ses_secrets\"><\/span>L&rsquo;H\u00f4tel de Ville et ses secrets<span class=\"ez-toc-section-end\"><\/span><span class=\"ez-toc-section-end\"><\/span><\/h2>\n<p>Ce n&rsquo;est pas un simple b\u00e2timent, mais un ensemble de maisons qui se sont agglutin\u00e9es au fil du temps \u2014 un peu comme l&rsquo;histoire de Prague elle-m\u00eame : un brin chaotique, un brin surprenante, et de plus en plus int\u00e9ressante \u00e0 chaque couche.<\/p>\n<p>Lors de notre derni\u00e8re visite avec Jon\u00e1\u0161, il adorait observer comment les diff\u00e9rentes fa\u00e7ades s&rsquo;encha\u00eenent. Pour moi, c&rsquo;est une illustration fascinante de la fa\u00e7on dont Prague s&rsquo;est transform\u00e9e et adapt\u00e9e au fil des si\u00e8cles sans jamais perdre son charme originel.<\/p>\n<h3 class=\"wp-block-heading\"><span class=\"ez-toc-section\" id=\"Horloge_astronomique_de_Prague\"><\/span><span class=\"ez-toc-section\" id=\"Horloge_astronomique_de_Prague\"><\/span>Horloge astronomique de Prague<span class=\"ez-toc-section-end\"><\/span><span class=\"ez-toc-section-end\"><\/span><\/h3>\n<p>C&rsquo;est probablement le monument technique le plus photographi\u00e9 du pays. L&rsquo;<strong>horloge astronomique de Prague<\/strong> date de <strong>1410<\/strong> et c&rsquo;est la troisi\u00e8me plus ancienne horloge astronomique au monde \u2014 la seule encore en fonctionnement. Je me souviens de notre prof d&rsquo;histoire au lyc\u00e9e d\u00e9montant la fameuse l\u00e9gende de ma\u00eetre Hanu\u0161, que les conseillers municipaux auraient fait aveugler pour qu&rsquo;il ne construise jamais rien de plus beau. En r\u00e9alit\u00e9, l&rsquo;horloge a \u00e9t\u00e9 con\u00e7ue par Mikul\u00e1\u0161 de Kada\u0148. Le cadran astronomique indique la position du soleil, de la lune et les signes du zodiaque. Le disque calendaire inf\u00e9rieur, avec ses m\u00e9daillons de Josef M\u00e1nes, est une copie (l&rsquo;original est au mus\u00e9e), mais les d\u00e9tails des travaux ruraux sont \u00e9poustouflants. Le d\u00e9fil\u00e9 des douze ap\u00f4tres se d\u00e9clenche \u00e0 chaque heure pleine de 9 h \u00e0 23 h.<\/p>\n<p>Je me rappelle \u00eatre venue ici une fois avec mes copines, un verre de vin \u00e0 la main, pile quand l&rsquo;horloge sonnait minuit. L&rsquo;atmosph\u00e8re \u00e9tait radicalement diff\u00e9rente de celle de la journ\u00e9e. Aucune perche \u00e0 selfie, juste quelques couples \u00e9gar\u00e9s et le son discret des rouages dent\u00e9s qui te rappelle que ce m\u00e9canisme \u00e9gr\u00e8ne les heures ici depuis des si\u00e8cles. C&rsquo;\u00e9tait incroyablement romantique, et depuis, je dis \u00e0 tout le monde de venir plut\u00f4t tard le soir.<\/p>\n<p><strong>\ud83d\udca1 Astuce de locale :<\/strong> N&rsquo;attends pas un spectacle son et lumi\u00e8re. C&rsquo;est un d\u00e9fil\u00e9 de 45 secondes de petites figurines en bois : pour avoir une bonne vue sans jouer des coudes, place-toi en biais \u00e0 gauche de l&rsquo;H\u00f4tel de Ville un bon <strong>quart d&rsquo;heure<\/strong> avant.<\/p>\n<figure class=\"wp-block-image size-full\"><img loading=\"lazy\" decoding=\"async\" width=\"1200\" height=\"800\" src=\"https:\/\/loudavymkrokem.cz\/wp-content\/uploads\/2026\/04\/prazsky-orloj-4046.jpg\" alt=\"Horloge astronomique de Prague\" class=\"wp-image-151083\" title=\"\" srcset=\"https:\/\/loudavymkrokem.cz\/wp-content\/uploads\/2026\/04\/prazsky-orloj-4046.jpg 1200w, https:\/\/loudavymkrokem.cz\/wp-content\/uploads\/2026\/04\/prazsky-orloj-4046-300x200.jpg 300w, https:\/\/loudavymkrokem.cz\/wp-content\/uploads\/2026\/04\/prazsky-orloj-4046-700x467.jpg 700w, https:\/\/loudavymkrokem.cz\/wp-content\/uploads\/2026\/04\/prazsky-orloj-4046-768x512.jpg 768w, https:\/\/loudavymkrokem.cz\/wp-content\/uploads\/2026\/04\/prazsky-orloj-4046-696x464.jpg 696w\" sizes=\"auto, (max-width: 1200px) 100vw, 1200px\"><figcaption class=\"wp-element-caption\">L&rsquo;horloge astronomique<\/figcaption><\/figure>\n<div class=\"lk-zazitky-module\">\n<style>\n.lk-zazitky-module * { box-sizing: border-box; margin: 0; padding: 0; }\n.lk-zazitky-module {\n  font-family: 'DM Sans', Georgia, sans-serif;\n  max-width: 100%;\n  margin: 2.5rem auto;\n  background: linear-gradient(135deg, #fdf6f3 0%, #fbede7 100%);\n  border: 1px solid #f0d9cc;\n  border-radius: 16px;\n  overflow: hidden;\n  box-shadow: 0 16px 48px rgba(217, 119, 87, 0.18), 0 4px 12px rgba(0,0,0,0.06);\n}\n.lk-zazitky-header {\n  position: relative;\n  padding: 24px 32px;\n  background: linear-gradient(135deg, #d97757 0%, #c46b4b 60%, #d97757 100%);\n  display: flex;\n  align-items: center;\n  gap: 18px;\n}\n.lk-zazitky-header::before {\n  content: '';\n  position: absolute;\n  inset: 0;\n  background: url(\"data:image\/svg+xml,%3Csvg width='60' height='60' viewBox='0 0 60 60' xmlns='http:\/\/www.w3.org\/2000\/svg'%3E%3Cg fill='none' fill-rule='evenodd'%3E%3Cg fill='%23ffffff' fill-opacity='0.05'%3E%3Cpath d='M36 34v-4h-2v4h-4v2h4v4h2v-4h4v-2h-4zm0-30V0h-2v4h-4v2h4v4h2V6h4V4h-4zM6 34v-4H4v4H0v2h4v4h2v-4h4v-2H6zM6 4V0H4v4H0v2h4v4h2V6h4V4H6z'\/%3E%3C\/g%3E%3C\/g%3E%3C\/svg%3E\") repeat;\n  pointer-events: none;\n}\n.lk-zazitky-header img {\n  width: 64px; height: 64px; border-radius: 12px; flex-shrink: 0;\n  object-fit: cover; box-shadow: 0 4px 12px rgba(0,0,0,0.18); position: relative; z-index: 1;\n}\n.lk-zazitky-header-text { position: relative; z-index: 1; }\n.lk-zazitky-eyebrow {\n  font-size: 10px; font-weight: 600; letter-spacing: 2.5px; text-transform: uppercase;\n  color: rgba(255,255,255,.92); margin-bottom: 5px;\n}\n.lk-zazitky-title {\n  font-family: 'Playfair Display', Georgia, serif;\n  font-size: 24px; font-weight: 700; color: #fff; line-height: 1.2;\n  text-shadow: 0 1px 2px rgba(0,0,0,0.12);\n}\n.lk-zazitky-subtitle {\n  font-size: 13px; color: rgba(255,255,255,.85); margin-top: 4px; font-weight: 300;\n}\n.lk-zazitky-grid {\n  display: grid;\n  grid-template-columns: 1fr 1fr 1fr;\n  gap: 1px;\n  background: rgba(217, 119, 87, 0.12);\n}\n.lk-zazitek-card {\n  background: #ffffff; padding: 22px; display: flex; flex-direction: column; gap: 11px;\n  transition: all 0.3s ease; text-decoration: none; color: inherit; position: relative;\n}\n.lk-zazitek-card:hover {\n  background: #fffaf7; transform: translateY(-2px);\n  box-shadow: 0 8px 24px rgba(217, 119, 87, 0.15); z-index: 1;\n}\n.lk-zazitek-card.is-category {\n  background: linear-gradient(135deg, #fffaf7 0%, #fff3eb 100%);\n  box-shadow: inset 0 1px 0 rgba(217, 119, 87, 0.1);\n}\n.lk-zazitek-card.is-category:hover {\n  background: linear-gradient(135deg, #fff7f2 0%, #ffeee3 100%);\n}\n.lk-zazitek-badge {\n  display: inline-flex; align-items: center; gap: 5px;\n  font-size: 10px; font-weight: 600; letter-spacing: 1.5px; text-transform: uppercase;\n  padding: 5px 11px; border-radius: 20px; width: fit-content;\n  background: rgba(217, 119, 87, 0.10); color: #c46b4b; border: 1px solid rgba(217, 119, 87, 0.22);\n}\n.lk-zazitek-card.is-category .lk-zazitek-badge {\n  background: linear-gradient(135deg, #d97757 0%, #c46b4b 100%); color: #fff;\n  border-color: #c46b4b; box-shadow: 0 2px 8px rgba(217, 119, 87, 0.28);\n}\n.lk-zazitek-name {\n  font-family: 'Playfair Display', Georgia, serif;\n  font-size: 17px; font-weight: 700; color: #111827; line-height: 1.3;\n}\n.lk-zazitek-desc {\n  font-size: 13px; color: #525252; line-height: 1.6; font-weight: 300; flex: 1;\n}\n.lk-zazitek-meta { display: flex; align-items: center; gap: 12px; flex-wrap: wrap; margin-top: 4px; }\n.lk-zazitek-price { font-size: 13px; color: #6b7280; }\n.lk-zazitek-price strong { color: #c46b4b; font-weight: 600; }\n.lk-zazitek-cta {\n  display: inline-flex; align-items: center; justify-content: center; gap: 7px;\n  margin-top: 8px; padding: 11px 16px; border-radius: 8px;\n  background: linear-gradient(135deg, #d97757 0%, #c46b4b 100%);\n  color: #fff; font-size: 13px; font-weight: 500; text-decoration: none;\n  letter-spacing: .3px; transition: all .2s ease; cursor: pointer; border: none;\n  text-align: center; box-shadow: 0 4px 12px rgba(217, 119, 87, 0.28);\n  white-space: nowrap;\n}\n.lk-zazitek-cta:hover {\n  background: linear-gradient(135deg, #c46b4b 0%, #b35e3f 100%);\n  transform: translateY(-1px); box-shadow: 0 6px 16px rgba(217, 119, 87, 0.38);\n}\n.lk-zazitek-card.is-category .lk-zazitek-cta {\n  background: linear-gradient(135deg, #3685fc 0%, #2a6fd9 100%);\n  box-shadow: 0 4px 12px rgba(54, 133, 252, 0.22);\n}\n.lk-zazitek-card.is-category .lk-zazitek-cta:hover {\n  background: linear-gradient(135deg, #2a6fd9 0%, #1e5bc4 100%);\n  box-shadow: 0 6px 16px rgba(54, 133, 252, 0.32);\n}\n.lk-zazitky-footer {\n  padding: 16px 32px;\n  background: linear-gradient(to bottom, #fdf6f3 0%, #f9eae2 100%);\n  border-top: 1px solid rgba(217, 119, 87, 0.18);\n  display: flex; align-items: center; justify-content: center; flex-wrap: wrap; gap: 12px;\n}\n.lk-zazitky-discount {\n  display: inline-flex; align-items: center; gap: 8px;\n  font-size: 13px; color: #6b3a26; font-weight: 500;\n}\n.lk-zazitky-discount-code {\n  font-family: 'Courier New', monospace; font-weight: 700; color: #c46b4b;\n  background: rgba(217, 119, 87, 0.12); padding: 4px 10px; border-radius: 6px;\n  letter-spacing: 1px; font-size: 13px;\n}\n.lk-zazitky-disclaimer {\n  font-size: 11px; color: #8a6e60; font-weight: 300; line-height: 1.5;\n}\n.lk-zazitky-disclaimer a { color: #c46b4b; text-decoration: none; }\n.lk-zazitky-disclaimer a:hover { text-decoration: underline; }\n@media (max-width: 720px) {\n  .lk-zazitky-grid { grid-template-columns: 1fr; }\n  .lk-zazitky-header { padding: 20px 18px; }\n  .lk-zazitky-footer { padding: 14px 18px; }\n  .lk-zazitek-card { padding: 20px; }\n  .lk-zazitky-title { font-size: 20px; }\n}\n<\/style>\n<div class=\"lk-zazitky-header\">\n    <img decoding=\"async\" src=\"https:\/\/loudavymkrokem.cz\/wp-content\/uploads\/2026\/02\/lukas-a-lucka.jpg\" alt=\"Luk\u00e1\u0161 et Lucie\" title=\"\"><\/p>\n<div class=\"lk-zazitky-header-text\">\n<div class=\"lk-zazitky-eyebrow\">Conseil de Luk\u00e1\u0161 et Lucie<\/div>\n<div class=\"lk-zazitky-title\">Vivez Prague autrement<\/div>\n<div class=\"lk-zazitky-subtitle\">3 bons plans test\u00e9s avec 5 % de r\u00e9duction chez notre partenaire Firma na z\u00e1\u017eitky<\/div>\n<\/p><\/div>\n<\/p><\/div>\n<div class=\"lk-zazitky-grid\">\n<p>    <a class=\"lk-zazitek-card\" href=\"https:\/\/www.firmanazazitky.cz\/degustacni-menu-na-kampe?utm_source=loudavymkrokem&amp;utm_medium=referral&amp;utm_campaign=staromestske-namesti-a-orloj-co-videt-v-srdci-prahy&amp;utm_content=zazitek-1\" target=\"_blank\" rel=\"nofollow noopener sponsored\"><br \/>\n      <span class=\"lk-zazitek-badge\">\ud83c\udf77 D\u00e9gustation<\/span><\/p>\n<div class=\"lk-zazitek-name\">Menu d\u00e9gustation au c\u0153ur de Kampa<\/div>\n<div class=\"lk-zazitek-desc\">\u00c0 quelques pas de la place de la Vieille-Ville, de l&rsquo;autre c\u00f4t\u00e9 du pont Charles \u2014 un menu d\u00e9gustation dans le coin le plus pittoresque de Prague.<\/div>\n<div class=\"lk-zazitek-meta\">\n        <span class=\"lk-zazitek-price\">\u00e0 partir de <strong>170 \u20ac<\/strong><\/span>\n      <\/div>\n<p>      <span class=\"lk-zazitek-cta\"><br \/>\n        <svg width=\"14\" height=\"14\" viewBox=\"0 0 24 24\" fill=\"none\" stroke=\"currentColor\" stroke-width=\"2\"><path d=\"M18 13v6a2 2 0 0 1-2 2H5a2 2 0 0 1-2-2V8a2 2 0 0 1 2-2h6\"\/><polyline points=\"15 3 21 3 21 9\"\/><line x1=\"10\" y1=\"14\" x2=\"21\" y2=\"3\"\/><\/svg><br \/>\n        R\u00e9server avec r\u00e9duction<br \/>\n      <\/span><br \/>\n    <\/a><\/p>\n<p>    <a class=\"lk-zazitek-card\" href=\"https:\/\/www.firmanazazitky.cz\/4chodove-degustacni-menu-v-restauraci-zlaty-kohout?utm_source=loudavymkrokem&amp;utm_medium=referral&amp;utm_campaign=staromestske-namesti-a-orloj-co-videt-v-srdci-prahy&amp;utm_content=zazitek-2\" target=\"_blank\" rel=\"nofollow noopener sponsored\"><br \/>\n      <span class=\"lk-zazitek-badge\">\ud83c\udf7d Gastro<\/span><\/p>\n<div class=\"lk-zazitek-name\">Menu 4 plats au restaurant Zlat\u00fd Kohout<\/div>\n<div class=\"lk-zazitek-desc\">Une halte gourmande id\u00e9ale apr\u00e8s la visite de l&rsquo;horloge \u2014 4 services \u00e0 un excellent rapport qualit\u00e9-prix en plein centre de Prague.<\/div>\n<div class=\"lk-zazitek-meta\">\n        <span class=\"lk-zazitek-price\">\u00e0 partir de <strong>44 \u20ac<\/strong><\/span>\n      <\/div>\n<p>      <span class=\"lk-zazitek-cta\"><br \/>\n        <svg width=\"14\" height=\"14\" viewBox=\"0 0 24 24\" fill=\"none\" stroke=\"currentColor\" stroke-width=\"2\"><path d=\"M18 13v6a2 2 0 0 1-2 2H5a2 2 0 0 1-2-2V8a2 2 0 0 1 2-2h6\"\/><polyline points=\"15 3 21 3 21 9\"\/><line x1=\"10\" y1=\"14\" x2=\"21\" y2=\"3\"\/><\/svg><br \/>\n        R\u00e9server avec r\u00e9duction<br \/>\n      <\/span><br \/>\n    <\/a><\/p>\n<p>    <a class=\"lk-zazitek-card is-category\" href=\"https:\/\/www.firmanazazitky.cz\/degustacni-menu-praha\/?utm_source=loudavymkrokem&amp;utm_medium=referral&amp;utm_campaign=staromestske-namesti-a-orloj-co-videt-v-srdci-prahy&amp;utm_content=kategorie\" target=\"_blank\" rel=\"nofollow noopener sponsored\"><br \/>\n      <span class=\"lk-zazitek-badge\">\u2b50 Tout voir<\/span><\/p>\n<div class=\"lk-zazitek-name\">Menus d\u00e9gustation \u00e0 Prague<\/div>\n<div class=\"lk-zazitek-desc\">Des menus d\u00e9gustation multi-services concoct\u00e9s par les chefs pragois \u2014 des bistrots branch\u00e9s \u00e0 la Tour de \u017di\u017ekov.<\/div>\n<p>      <span class=\"lk-zazitek-cta\"><br \/>\n        Parcourir les exp\u00e9riences<br \/>\n        <svg width=\"12\" height=\"12\" viewBox=\"0 0 24 24\" fill=\"none\" stroke=\"currentColor\" stroke-width=\"2.5\"><polyline points=\"9 18 15 12 9 6\"\/><\/svg><br \/>\n      <\/span><br \/>\n    <\/a><\/p><\/div>\n<div class=\"lk-zazitky-footer\">\n    <span class=\"lk-zazitky-discount\"><br \/>\n      \u2b50 -5 % avec le code<br \/>\n      <span class=\"lk-zazitky-discount-code\">LOUDAVYMKROKEM5<\/span><br \/>\n    <\/span>\n  <\/div>\n<\/div>\n<h3 class=\"wp-block-heading\"><span class=\"ez-toc-section\" id=\"Panorama_depuis_la_tour_de_lHotel_de_Ville\"><\/span><span class=\"ez-toc-section\" id=\"Panorama_depuis_la_tour_de_l_Hotel_de_Ville\"><\/span>Panorama depuis la tour de l&rsquo;H\u00f4tel de Ville<span class=\"ez-toc-section-end\"><\/span><span class=\"ez-toc-section-end\"><\/span><\/h3>\n<p>Si l&rsquo;horloge se contemple gratuitement depuis la rue, l&rsquo;H\u00f4tel de Ville offre l&rsquo;un des plus beaux panoramas de Prague \u2014 et celui-l\u00e0 est payant. La tour gothique culmine \u00e0 <strong>69,5 m\u00e8tres<\/strong> et, contrairement \u00e0 beaucoup d&rsquo;autres tours historiques de la ville, on y acc\u00e8de confortablement gr\u00e2ce \u00e0 un ascenseur vitr\u00e9 moderne \u2014 un soulagement \u00e9norme quand on porte un enfant en porte-b\u00e9b\u00e9. Depuis la galerie, toute la place s&rsquo;\u00e9tale \u00e0 tes pieds, tu distingues parfaitement la structure des toits et, au loin, la silhouette du ch\u00e2teau de Prague. L&rsquo;entr\u00e9e standard tourne autour de <strong>12 \u20ac<\/strong> en 2026.<\/p>\n<p>Quand tu arrives tout en haut, tu r\u00e9alises \u00e0 quel point cette vieille ville est compacte. J&rsquo;adore observer de l\u00e0-haut ce gigantesque labyrinthe de ruelles et de toits rouges. \ud83d\ude09<\/p>\n<p><strong>\ud83d\udca1 Astuce de locale :<\/strong> Les files au guichet \u00e0 l&rsquo;int\u00e9rieur sont interminables. Gagne du temps et ach\u00e8te tes billets pour l&rsquo;H\u00f4tel de Ville via <strong><a class=\"thirstylink\" rel=\"nofollow\" target=\"_blank\" title=\"GetYourGuide\" href=\"https:\/\/loudavymkrokem.cz\/doporucujeme\/getyourguide\/\" data-shortcode=\"true\">GetYourGuide<\/a><\/strong> \u2014 tu pourras aller directement aux ascenseurs.<\/p>\n<figure class=\"wp-block-image size-full\"><img loading=\"lazy\" decoding=\"async\" width=\"1200\" height=\"800\" src=\"https:\/\/loudavymkrokem.cz\/wp-content\/uploads\/2026\/04\/prazsky-orloj-4044.jpg\" alt=\"Place de la Vieille-Ville \u00e0 Prague\" class=\"wp-image-151084\" title=\"\" srcset=\"https:\/\/loudavymkrokem.cz\/wp-content\/uploads\/2026\/04\/prazsky-orloj-4044.jpg 1200w, https:\/\/loudavymkrokem.cz\/wp-content\/uploads\/2026\/04\/prazsky-orloj-4044-300x200.jpg 300w, https:\/\/loudavymkrokem.cz\/wp-content\/uploads\/2026\/04\/prazsky-orloj-4044-700x467.jpg 700w, https:\/\/loudavymkrokem.cz\/wp-content\/uploads\/2026\/04\/prazsky-orloj-4044-768x512.jpg 768w, https:\/\/loudavymkrokem.cz\/wp-content\/uploads\/2026\/04\/prazsky-orloj-4044-696x464.jpg 696w\" sizes=\"auto, (max-width: 1200px) 100vw, 1200px\"><figcaption class=\"wp-element-caption\">Place de la Vieille-Ville<\/figcaption><\/figure>\n<h3 class=\"wp-block-heading\"><span class=\"ez-toc-section\" id=\"Souterrains_et_salles_historiques\"><\/span><span class=\"ez-toc-section\" id=\"Souterrains_et_salles_historiques\"><\/span>Souterrains et salles historiques<span class=\"ez-toc-section-end\"><\/span><span class=\"ez-toc-section-end\"><\/span><\/h3>\n<p>La plupart des gens montent, prennent une photo et s&rsquo;en vont. Mais rep\u00e8re la fl\u00e8che vers le bas : sous l&rsquo;H\u00f4tel de Ville se cache un d\u00e9dale de caves romanes et gothiques plus anciennes que le b\u00e2timent lui-m\u00eame. Ces espaces servaient autrefois de prison. \u00c0 l&rsquo;\u00e9tage, tu d\u00e9couvriras de magnifiques salles historiques, dont la salle Bro\u017e\u00edk, un lieu pris\u00e9 pour les mariages. Ces espaces sont accessibles dans le cadre de visites guid\u00e9es, g\u00e9n\u00e9ralement incluses dans le billet d&rsquo;entr\u00e9e de base.<\/p>\n<p>Il fait plut\u00f4t frais en bas, alors m\u00eame en pleine canicule, je conseille de glisser un pull sur tes \u00e9paules. Tout y sent la vieille pierre et la poussi\u00e8re \u2014 exactement ce que j&rsquo;adore dans les sites historiques. \u00c7a vaut vraiment l&rsquo;heure suppl\u00e9mentaire que tu consacreras \u00e0 la visite. Pour moi, ce contraste entre les salles rutilantes \u00e0 l&rsquo;\u00e9tage et les cachots sombres en dessous est l&rsquo;un des moments les plus forts de toute la visite.<\/p>\n<p><strong>\ud83d\udca1 Astuce de locale :<\/strong> Les visites guid\u00e9es des souterrains se font \u00e0 horaires fixes. V\u00e9rifie le planning d\u00e8s l&rsquo;entr\u00e9e pour bien coordonner ta visite de la tour et celle des souterrains.<\/p>\n<figure class=\"wp-block-image size-full\"><img loading=\"lazy\" decoding=\"async\" width=\"1200\" height=\"800\" src=\"https:\/\/loudavymkrokem.cz\/wp-content\/uploads\/2026\/04\/prazsky-orloj-4041.jpg\" alt=\"Place de la Vieille-Ville \u00e0 Prague\" class=\"wp-image-151080\" title=\"\" srcset=\"https:\/\/loudavymkrokem.cz\/wp-content\/uploads\/2026\/04\/prazsky-orloj-4041.jpg 1200w, https:\/\/loudavymkrokem.cz\/wp-content\/uploads\/2026\/04\/prazsky-orloj-4041-300x200.jpg 300w, https:\/\/loudavymkrokem.cz\/wp-content\/uploads\/2026\/04\/prazsky-orloj-4041-700x467.jpg 700w, https:\/\/loudavymkrokem.cz\/wp-content\/uploads\/2026\/04\/prazsky-orloj-4041-768x512.jpg 768w, https:\/\/loudavymkrokem.cz\/wp-content\/uploads\/2026\/04\/prazsky-orloj-4041-696x464.jpg 696w\" sizes=\"auto, (max-width: 1200px) 100vw, 1200px\"><figcaption class=\"wp-element-caption\">Place de la Vieille-Ville<\/figcaption><\/figure>\n<h2 class=\"wp-block-heading\"><span class=\"ez-toc-section\" id=\"Les_monuments_emblematiques_de_la_place_de_la_Vieille-Ville\"><\/span><span class=\"ez-toc-section\" id=\"Monuments_emblematiques_de_la_place\"><\/span>Les monuments embl\u00e9matiques de la place de la Vieille-Ville<span class=\"ez-toc-section-end\"><\/span><span class=\"ez-toc-section-end\"><\/span><\/h2>\n<p>La place ne serait pas ce qu&rsquo;elle est sans ces deux g\u00e9ants qui se toisent d&rsquo;un bout \u00e0 l&rsquo;autre depuis des si\u00e8cles \u2014 l&rsquo;aust\u00e9rit\u00e9 gothique du T\u00fdn face \u00e0 l&rsquo;\u00e9l\u00e9gance baroque blanche de Saint-Nicolas. Ni l&rsquo;un ni l&rsquo;autre ne te laissera indiff\u00e9rent.<\/p>\n<p>C&rsquo;est assez amusant d&rsquo;observer la rivalit\u00e9 entre ces deux \u00e9difices. L&rsquo;un sombre et majestueux, l&rsquo;autre lumineux et clinquant. Je me demande toujours ce que se diraient les architectes des deux \u00e9glises s&rsquo;ils se retrouvaient aujourd&rsquo;hui autour d&rsquo;un caf\u00e9 au milieu de la place.<\/p>\n<h3 class=\"wp-block-heading\"><span class=\"ez-toc-section\" id=\"Eglise_Notre-Dame-du-Tyn\"><\/span><span class=\"ez-toc-section\" id=\"Eglise_Notre-Dame-du-Tyn\"><\/span>\u00c9glise Notre-Dame-du-T\u00fdn<span class=\"ez-toc-section-end\"><\/span><span class=\"ez-toc-section-end\"><\/span><\/h3>\n<p>Ses tours gothiques asym\u00e9triques h\u00e9riss\u00e9es de dizaines de petits clochetons \u00e9voquent presque un d\u00e9cor de conte sombre. L&rsquo;\u00e9glise du T\u00fdn est la silhouette que tout le monde photographie sous tous les <a class=\"thirstylink\" rel=\"nofollow\" target=\"_blank\" title=\"Angles Fashion\" href=\"https:\/\/loudavymkrokem.cz\/fr\/doporucujeme\/angles-fashion\/\" data-shortcode=\"true\">angles<\/a>, mais trouver l&rsquo;entr\u00e9e rel\u00e8ve du casse-t\u00eate pour beaucoup. L&rsquo;\u00e9glise est en effet partiellement masqu\u00e9e par les maisons historiques construites devant elle. \u00c0 l&rsquo;int\u00e9rieur, outre un superbe autel baroque, tu d\u00e9couvriras le tombeau du c\u00e9l\u00e8bre astronome danois Tycho Brahe. L&rsquo;entr\u00e9e est gratuite, mais un don est recommand\u00e9.<\/p>\n<p>L&rsquo;int\u00e9rieur est \u00e9tonnamment spacieux et il y r\u00e8gne un calme extraordinaire \u2014 un contraste total avec le chaos dehors. J&rsquo;aime m&rsquo;asseoir au fond, sur l&rsquo;un des bancs, et simplement laisser mes pens\u00e9es vagabonder.<\/p>\n<p><strong>\ud83d\udca1 Astuce de locale :<\/strong> L&rsquo;entr\u00e9e se cache sous les arcades de l&rsquo;\u00e9cole du T\u00fdn, juste \u00e0 c\u00f4t\u00e9 des restaurants. Passe sous la troisi\u00e8me arche en partant de la gauche et tu trouveras les lourdes portes en bois qui ouvrent sur l&rsquo;int\u00e9rieur silencieux de l&rsquo;\u00e9glise.<\/p>\n<h3 class=\"wp-block-heading\"><span class=\"ez-toc-section\" id=\"Eglise_Saint-Nicolas_Vieille-Ville\"><\/span><span class=\"ez-toc-section\" id=\"Eglise_Saint-Nicolas_Vieille-Ville\"><\/span>\u00c9glise Saint-Nicolas (Vieille-Ville)<span class=\"ez-toc-section-end\"><\/span><span class=\"ez-toc-section-end\"><\/span><\/h3>\n<p>Quand on parle de l&rsquo;\u00e9glise Saint-Nicolas, la plupart des gens pensent \u00e0 celle de Mal\u00e1 Strana. Mais l&rsquo;\u00e9glise Saint-Nicolas de la Vieille-Ville propose sa propre r\u00e9ponse baroque d&rsquo;un blanc pur, \u0153uvre de Kilian Ignaz Dientzenhofer. L&rsquo;int\u00e9rieur est saisissant, d\u00e9bordant de stucs et de fresques, avec en son centre un lustre en cristal offert par le tsar de Russie. Aujourd&rsquo;hui, c&rsquo;est le si\u00e8ge de l&rsquo;\u00c9glise hussite tch\u00e9coslovaque et on y organise des concerts de musique classique pour lesquels il vaut la peine de se d\u00e9placer, m\u00eame sans occasion particuli\u00e8re.<\/p>\n<figure class=\"wp-block-image size-full\"><img loading=\"lazy\" decoding=\"async\" width=\"1200\" height=\"800\" src=\"https:\/\/loudavymkrokem.cz\/wp-content\/uploads\/2026\/04\/prazsky-orloj-4048.jpg\" alt=\"\u00c9glise Saint-Nicolas sur la place de la Vieille-Ville\" class=\"wp-image-151081\" title=\"\" srcset=\"https:\/\/loudavymkrokem.cz\/wp-content\/uploads\/2026\/04\/prazsky-orloj-4048.jpg 1200w, https:\/\/loudavymkrokem.cz\/wp-content\/uploads\/2026\/04\/prazsky-orloj-4048-300x200.jpg 300w, https:\/\/loudavymkrokem.cz\/wp-content\/uploads\/2026\/04\/prazsky-orloj-4048-700x467.jpg 700w, https:\/\/loudavymkrokem.cz\/wp-content\/uploads\/2026\/04\/prazsky-orloj-4048-768x512.jpg 768w, https:\/\/loudavymkrokem.cz\/wp-content\/uploads\/2026\/04\/prazsky-orloj-4048-696x464.jpg 696w\" sizes=\"auto, (max-width: 1200px) 100vw, 1200px\"><figcaption class=\"wp-element-caption\">Place de la Vieille-Ville<\/figcaption><\/figure>\n<h3 class=\"wp-block-heading\"><span class=\"ez-toc-section\" id=\"Palais_Kinsky_et_Maison_a_la_Cloche_de_Pierre\"><\/span><span class=\"ez-toc-section\" id=\"Palais_Kinsky_et_Maison_a_la_Cloche_de_Pierre\"><\/span>Palais Kinsk\u00fd et Maison \u00e0 la Cloche de Pierre<span class=\"ez-toc-section-end\"><\/span><span class=\"ez-toc-section-end\"><\/span><\/h3>\n<p>Sur le c\u00f4t\u00e9 est de la place se dressent deux b\u00e2timents qui illustrent parfaitement le joyeux m\u00e9lange architectural pragois. Le <strong>Palais Kinsk\u00fd<\/strong>, de style rococo, avec sa fa\u00e7ade en stuc rose et blanc, abrite aujourd&rsquo;hui la <a href=\"https:\/\/www.ngprague.cz\/\" rel=\"nofollow noopener\" target=\"_blank\">Galerie nationale<\/a>. Juste \u00e0 c\u00f4t\u00e9, la <strong>Maison \u00e0 la Cloche de Pierre<\/strong> a \u00e9t\u00e9 soigneusement d\u00e9barrass\u00e9e au si\u00e8cle dernier de son cr\u00e9pi baroque pour r\u00e9v\u00e9ler son visage gothique originel, brut et saisissant. Elle accueille d\u00e9sormais la <a href=\"https:\/\/www.ghmp.cz\/\" rel=\"nofollow noopener\" target=\"_blank\">Galerie de la ville de Prague<\/a>.<\/p>\n<p>Chaque fois que je passe devant la Maison \u00e0 la Cloche de Pierre, je repense \u00e0 mes ann\u00e9es de fac. Avec les filles de ma promo, on y allait pour chaque nouvelle expo, puis on en d\u00e9battait pendant des heures devant un verre de blanc dans le caf\u00e9 juste au coin. La programmation est excellente et r\u00e9ussit \u00e0 captiver m\u00eame ceux qui ne fr\u00e9quentent pas les galeries en temps normal.<\/p>\n<p><strong>\ud83d\udca1 Astuce de locale :<\/strong> Les expositions de la Maison \u00e0 la Cloche de Pierre comptent parmi les mieux curat\u00e9es de Prague, souvent consacr\u00e9es \u00e0 la photographie contemporaine ou \u00e0 l&rsquo;art moderne \u2014 ce que je recommande chaudement en tant qu&rsquo;ancienne \u00e9tudiante en photojournalisme.<\/p>\n<h2 class=\"wp-block-heading\"><span class=\"ez-toc-section\" id=\"Details_historiques_et_ombres_du_passe\"><\/span><span class=\"ez-toc-section\" id=\"Details_historiques_et_ombres_du_passe\"><\/span>D\u00e9tails historiques et ombres du pass\u00e9<span class=\"ez-toc-section-end\"><\/span><span class=\"ez-toc-section-end\"><\/span><\/h2>\n<p>Tout le monde l\u00e8ve les yeux vers les tours. Mais le plus int\u00e9ressant \u2014 et honn\u00eatement le plus poignant \u2014 se trouve litt\u00e9ralement sous tes pieds depuis le d\u00e9but.<\/p>\n<p>Prague sait incroyablement bien masquer ses secrets. Des milliers de personnes traversent la place chaque jour, appareil photo en main, sans remarquer les traces du pass\u00e9 dissimul\u00e9es dans les pav\u00e9s. Et ce sont justement ces d\u00e9tails qui, selon moi, transforment une simple promenade en une exp\u00e9rience marquante.<\/p>\n<h3 class=\"wp-block-heading\"><span class=\"ez-toc-section\" id=\"27_croix_dans_le_pave_Execution_de_1621\"><\/span><span class=\"ez-toc-section\" id=\"27_croix_dans_le_pave_Execution_de_1621\"><\/span>27 croix dans le pav\u00e9 (Ex\u00e9cution de 1621)<span class=\"ez-toc-section-end\"><\/span><span class=\"ez-toc-section-end\"><\/span><\/h3>\n<p>Juste devant l&rsquo;aile est de l&rsquo;H\u00f4tel de Ville, tu remarqueras <strong>27 croix blanches<\/strong> incrust\u00e9es dans le pav\u00e9 de granit. C&rsquo;est un m\u00e9morial de l&rsquo;\u00e9v\u00e9nement tragique du 21 juin 1621, quand vingt-sept chefs de la r\u00e9volte des \u00c9tats de Boh\u00eame furent ex\u00e9cut\u00e9s ici apr\u00e8s la bataille de la Montagne Blanche, dont le c\u00e9l\u00e8bre m\u00e9decin Jan Jessenius. L&rsquo;atmosph\u00e8re du lieu reste gla\u00e7ante malgr\u00e9 les hordes de touristes, quand on prend conscience de ce qui s&rsquo;est r\u00e9ellement pass\u00e9 ici il y a des si\u00e8cles.<\/p>\n<p>C&rsquo;est un sentiment tr\u00e8s \u00e9trange de se tenir \u00e0 l&rsquo;endroit m\u00eame dont on a entendu parler dans les livres d&rsquo;histoire. Pour moi, c&rsquo;\u00e9taient autrefois des dates s\u00e8ches, mais quand tu te trouves l\u00e0 et que tu vois ces croix de tes propres yeux, tout prend une dimension radicalement diff\u00e9rente. Il nous arrive avec Luk\u00e1\u0161 de voir des touristes poser ici avec de grands sourires, et on se demande s&rsquo;ils ont la moindre id\u00e9e de ce sur quoi ils marchent. Pour moi, c&rsquo;est un petit test quotidien de notre attention et de notre empathie. Je repense toujours aux paroles de ma grand-m\u00e8re sur l&rsquo;importance de conna\u00eetre ses racines, m\u00eame quand elles sont parfois terriblement sanglantes.<\/p>\n<p><strong>\ud83d\udca1 Astuce de locale :<\/strong> Parmi les Pragois de souche, il existe une r\u00e8gle tacite : on ne marche pas sur les croix, par respect pour les ex\u00e9cut\u00e9s. La plupart des touristes les enjambent sans y penser, mais toi, tu peux essayer de les contourner respectueusement.<\/p>\n<figure class=\"wp-block-image size-full\"><img loading=\"lazy\" decoding=\"async\" width=\"1200\" height=\"800\" src=\"https:\/\/loudavymkrokem.cz\/wp-content\/uploads\/2026\/04\/prazsky-orloj-4056.jpg\" alt=\"Croix dans le pav\u00e9 de la place de la Vieille-Ville\" class=\"wp-image-151089\" title=\"\" srcset=\"https:\/\/loudavymkrokem.cz\/wp-content\/uploads\/2026\/04\/prazsky-orloj-4056.jpg 1200w, https:\/\/loudavymkrokem.cz\/wp-content\/uploads\/2026\/04\/prazsky-orloj-4056-300x200.jpg 300w, https:\/\/loudavymkrokem.cz\/wp-content\/uploads\/2026\/04\/prazsky-orloj-4056-700x467.jpg 700w, https:\/\/loudavymkrokem.cz\/wp-content\/uploads\/2026\/04\/prazsky-orloj-4056-768x512.jpg 768w, https:\/\/loudavymkrokem.cz\/wp-content\/uploads\/2026\/04\/prazsky-orloj-4056-696x464.jpg 696w\" sizes=\"auto, (max-width: 1200px) 100vw, 1200px\"><figcaption class=\"wp-element-caption\">Place de la Vieille-Ville<\/figcaption><\/figure>\n<h3 class=\"wp-block-heading\"><span class=\"ez-toc-section\" id=\"Monument_de_Jan_Hus\"><\/span><span class=\"ez-toc-section\" id=\"Monument_de_Jan_Hus\"><\/span>Monument de Jan Hus<span class=\"ez-toc-section-end\"><\/span><span class=\"ez-toc-section-end\"><\/span><\/h3>\n<p>L&rsquo;imposant groupe sculptural en bronze, domin\u00e9 par la figure du r\u00e9formateur br\u00fbl\u00e9 vif Jan Hus, tr\u00f4ne dans la partie nord de la place. Le monument, \u0153uvre de Ladislav \u0160aloun, a \u00e9t\u00e9 inaugur\u00e9 en <strong>1915<\/strong> et est devenu l&rsquo;un des principaux points de rep\u00e8re. Dans l&rsquo;argot pragois, on se donne rendez-vous \u00ab u Husa \u00bb (au pied du Hus) \u2014 un peu comme on dirait \u00ab \u00e0 la statue \u00bb en France. C&rsquo;est un personnage embl\u00e9matique de l&rsquo;histoire tch\u00e8que, un pr\u00e9curseur de la R\u00e9forme protestante, br\u00fbl\u00e9 pour h\u00e9r\u00e9sie en 1415 au concile de Constance \u2014 plus d&rsquo;un si\u00e8cle avant Luther.<\/p>\n<p>Le monument est vraiment monumental et je dois avouer que sa taille m&rsquo;impressionne \u00e0 chaque fois. Quand on a rendez-vous avec quelqu&rsquo;un dans le centre, se retrouver au pied du Hus, c&rsquo;est la valeur s\u00fbre. Impossible de se rater, et surtout, de l\u00e0 tu as une vue panoramique sur tous les c\u00f4t\u00e9s de la place \u2014 parfait pour rep\u00e9rer si ta moiti\u00e9 a enfin daign\u00e9 arriver.<\/p>\n<p><strong>\ud83d\udca1 Astuce de locale :<\/strong> Le large rebord en pierre du monument est l&rsquo;un des rares endroits de la place o\u00f9 tu peux t&rsquo;asseoir gratuitement sans avoir \u00e0 payer un caf\u00e9 en terrasse.<\/p>\n<h3 class=\"wp-block-heading\"><span class=\"ez-toc-section\" id=\"Le_meridien_de_Prague\"><\/span><span class=\"ez-toc-section\" id=\"Meridien_de_Prague\"><\/span>Le m\u00e9ridien de Prague<span class=\"ez-toc-section-end\"><\/span><span class=\"ez-toc-section-end\"><\/span><\/h3>\n<p>En marchant du monument de Hus vers l&rsquo;H\u00f4tel de Ville, tu tomberas sur une discr\u00e8te bande de laiton encastr\u00e9e dans le pav\u00e9. C&rsquo;est le <strong>m\u00e9ridien de Prague<\/strong> (<strong>14\u00b025&rsquo;17\u00a0\u00bb<\/strong> de longitude est). Autrefois, les Pragois s&rsquo;en servaient pour d\u00e9terminer l&rsquo;heure exacte : quand l&rsquo;ombre de la colonne mariale tombait pr\u00e9cis\u00e9ment sur cette ligne, il \u00e9tait midi.<\/p>\n<p>Quelque chose me dit que si les managers press\u00e9s d&rsquo;aujourd&rsquo;hui devaient r\u00e9gler leur montre gr\u00e2ce \u00e0 l&rsquo;ombre d&rsquo;une colonne, tout le monde arriverait en retard partout \ud83d\ude01. En tout cas, c&rsquo;est un rappel touchant d&rsquo;une \u00e9poque o\u00f9 le monde ne tournait pas encore \u00e0 un rythme aussi effr\u00e9n\u00e9 qu&rsquo;aujourd&rsquo;hui. J&rsquo;adore retrouver ce petit d\u00e9tail \u00e0 chaque visite.<\/p>\n<p><strong>\ud83d\udca1 Astuce de locale :<\/strong> L&rsquo;inscription sur le m\u00e9ridien est en latin et en anglais, mais elle est souvent cach\u00e9e sous les pieds des groupes qui stationnent. Tu la trouveras \u00e0 peu pr\u00e8s \u00e0 mi-chemin entre l&rsquo;horloge et le monument de Jan Hus.<\/p>\n<h2 class=\"wp-block-heading\"><span class=\"ez-toc-section\" id=\"Survivre_a_la_place_sans_se_faire_plumer\"><\/span><span class=\"ez-toc-section\" id=\"Survivre_a_la_place_sans_se_faire_plumer\"><\/span>Survivre \u00e0 la place (sans se faire plumer)<span class=\"ez-toc-section-end\"><\/span><span class=\"ez-toc-section-end\"><\/span><\/h2>\n<p>Le centre historique est malheureusement un aimant \u00e0 pi\u00e8ges qui comptent sur l&rsquo;ignorance des visiteurs. J&rsquo;ai v\u00e9cu assez longtemps \u00e0 Prague pour savoir quels endroits \u00e9viter \u00e0 tout prix et o\u00f9 trouver refuge.<\/p>\n<p>Je ne veux pas passer pour une locale aigrie, mais parfois \u00e7a me fend le c\u0153ur de voir certains visiteurs se faire avoir. C&rsquo;est pour \u00e7a que j&rsquo;ai compil\u00e9 ces points de sauvetage. L&rsquo;id\u00e9e, c&rsquo;est que tu profites de l&rsquo;exp\u00e9rience sans repartir avec le sentiment qu&rsquo;on vient de te soulager d&rsquo;un mois de salaire.<\/p>\n<h3 class=\"wp-block-heading\"><span class=\"ez-toc-section\" id=\"Ou_manger_cafe_et_cuisine_sans_surcharge_touristique\"><\/span><span class=\"ez-toc-section\" id=\"Ou_manger_Cafe_et_cuisine_sans_surcharge_touristique\"><\/span>O\u00f9 manger : caf\u00e9 et cuisine sans surcharge touristique<span class=\"ez-toc-section-end\"><\/span><span class=\"ez-toc-section-end\"><\/span><\/h3>\n<p>Les restaurants qui bordent la place ont un point commun : tu paies la vue, pas l&rsquo;exp\u00e9rience gastronomique. Un caf\u00e9 y co\u00fbte couramment le double de ce qu&rsquo;il vaut quelques rues plus loin. Si tu as absolument besoin de caf\u00e9ine sans quitter la place, rends-toi \u00e0 l&rsquo;<a href=\"https:\/\/www.skautskyinstitut.cz\/\" rel=\"nofollow noopener\" target=\"_blank\">Institut Scout<\/a> (Skautsk\u00fd institut). Il occupe le premier \u00e9tage d&rsquo;une des maisons historiques juste \u00e0 c\u00f4t\u00e9 de l&rsquo;horloge. On y sert un excellent caf\u00e9 \u00e0 des prix normaux, et les fen\u00eatres offrent une vue fantastique sur l&rsquo;agitation en contrebas. En tant que v\u00e9g\u00e9tarienne, je ne rate jamais non plus le restaurant <strong>Maitrea<\/strong> dans la toute proche ruelle T\u00fdnsk\u00e1, qui propose un menu v\u00e9g\u00e9tal haut de gamme dans un int\u00e9rieur feng shui superbe.<\/p>\n<p>Avec un petit enfant, on a tout simplement besoin de s&rsquo;arr\u00eater de temps en temps, de le nourrir et de souffler un peu. Et payer le prix fort pour \u00e7a, tr\u00e8s peu pour moi. L&rsquo;Institut Scout est un vrai tr\u00e9sor cach\u00e9 en pleine vue. Le caf\u00e9 y sent bon l&rsquo;authenticit\u00e9 et le calme sur la coursive n&rsquo;a pas de prix. Tu peux y recharger les batteries avant de replonger dans les vagues humaines interminables.<\/p>\n<p><strong>\ud83d\udca1 Astuce de locale :<\/strong> L&rsquo;entr\u00e9e de l&rsquo;Institut Scout est un passage discret juste \u00e0 c\u00f4t\u00e9 d&rsquo;une boutique de cristaux. Traverse la cour et monte l&rsquo;escalier en colima\u00e7on jusqu&rsquo;au premier \u00e9tage, o\u00f9 s&rsquo;ouvre un r\u00e9seau de petites salles accueillantes.<\/p>\n<figure class=\"wp-block-image size-full\"><img loading=\"lazy\" decoding=\"async\" width=\"1200\" height=\"800\" src=\"https:\/\/loudavymkrokem.cz\/wp-content\/uploads\/2026\/04\/prazsky-orloj-4041.jpg\" alt=\"Place de la Vieille-Ville \u00e0 Prague\" class=\"wp-image-151080\" title=\"\" srcset=\"https:\/\/loudavymkrokem.cz\/wp-content\/uploads\/2026\/04\/prazsky-orloj-4041.jpg 1200w, https:\/\/loudavymkrokem.cz\/wp-content\/uploads\/2026\/04\/prazsky-orloj-4041-300x200.jpg 300w, https:\/\/loudavymkrokem.cz\/wp-content\/uploads\/2026\/04\/prazsky-orloj-4041-700x467.jpg 700w, https:\/\/loudavymkrokem.cz\/wp-content\/uploads\/2026\/04\/prazsky-orloj-4041-768x512.jpg 768w, https:\/\/loudavymkrokem.cz\/wp-content\/uploads\/2026\/04\/prazsky-orloj-4041-696x464.jpg 696w\" sizes=\"auto, (max-width: 1200px) 100vw, 1200px\"><figcaption class=\"wp-element-caption\">Place de la Vieille-Ville<\/figcaption><\/figure>\n<h3 class=\"wp-block-heading\"><span class=\"ez-toc-section\" id=\"Pieges_a_touristes_et_taxis\"><\/span><span class=\"ez-toc-section\" id=\"Pieges_a_touristes_et_taxis\"><\/span>Pi\u00e8ges \u00e0 touristes et taxis<span class=\"ez-toc-section-end\"><\/span><span class=\"ez-toc-section-end\"><\/span><\/h3>\n<p>Le pi\u00e8ge classique, ce sont les bureaux de change affichant en gros \u00ab 0 % commission \u00bb qui te donneront un taux tellement d\u00e9favorable que tu perds un tiers de ton argent. Si tu as des euros sur toi, retiens que la R\u00e9publique tch\u00e8que utilise la couronne tch\u00e8que (CZK) et non l&rsquo;euro. Retire toujours ton argent aux distributeurs des banques classiques, jamais aux bornes Euronet isol\u00e9es qui pullulent dans le centre. Et le trdeln\u00edk ? Cette odeur de cannelle va te tenter, mais sache que \u00e7a n&rsquo;a strictement rien \u00e0 voir avec l&rsquo;histoire de Prague. C&rsquo;est un ph\u00e9nom\u00e8ne de fast-food moderne.<\/p>\n<p>Les taxis en maraude autour de la place ont une r\u00e9putation qui se transmet litt\u00e9ralement de g\u00e9n\u00e9ration en g\u00e9n\u00e9ration \u2014 et pas dans le bon sens du terme. Luk\u00e1\u0161 les surnomme en plaisantant \u00ab les pirates de la route au tarif en euros \u00bb. Vraiment, \u00e9pargne-toi les nerfs et l&rsquo;argent, et mise plut\u00f4t sur tes propres jambes ou les applis. Rien de pire que de g\u00e2cher une belle journ\u00e9e par une dispute sur une course hors de prix.<\/p>\n<p><strong>\ud83d\udca1 Astuce de locale :<\/strong> Ne prends jamais un taxi gar\u00e9 pr\u00e8s de la place (souvent rue Pa\u0159\u00ed\u017esk\u00e1). Si tu as besoin d&rsquo;un trajet, commande toujours un <strong>Uber<\/strong> ou un <strong>Bolt<\/strong> via l&rsquo;appli, o\u00f9 le prix s&rsquo;affiche \u00e0 l&rsquo;avance.<\/p>\n<h2 class=\"wp-block-heading\"><span class=\"ez-toc-section\" id=\"Infos_pratiques\"><\/span><span class=\"ez-toc-section\" id=\"Infos_pratiques\"><\/span>Infos pratiques<span class=\"ez-toc-section-end\"><\/span><span class=\"ez-toc-section-end\"><\/span><\/h2>\n<p>Voil\u00e0, maintenant la partie un peu moins glamour mais \u00f4 combien essentielle. \u00c7a peut sembler banal, mais quand tu cours autour de l&rsquo;H\u00f4tel de Ville, la vessie pleine, sans savoir o\u00f9 aller, tu r\u00e9alises vite que ces petits points pratiques valent de l&rsquo;or.<\/p>\n<h3 class=\"wp-block-heading\"><span class=\"ez-toc-section\" id=\"Transports_et_accessibilite\"><\/span><span class=\"ez-toc-section\" id=\"Transports_et_accessibilite\"><\/span>Transports et accessibilit\u00e9<span class=\"ez-toc-section-end\"><\/span><span class=\"ez-toc-section-end\"><\/span><\/h3>\n<p>M\u00e9tro : station Starom\u011bstsk\u00e1 sur la ligne verte A, \u00e0 trois minutes \u00e0 pied. En tramway : m\u00eame arr\u00eat au bord de la rivi\u00e8re (lignes 2, 17, 18) ou N\u00e1m\u011bst\u00ed Republiky si tu arrives de l&rsquo;autre c\u00f4t\u00e9. Dans l&rsquo;ensemble, les transports en commun \u00e0 Prague sont tr\u00e8s fiables et te m\u00e8neront souvent \u00e0 destination bien plus vite qu&rsquo;en voiture dans les rues embouteill\u00e9es. Depuis Paris, Prague est \u00e0 environ 1 h 45 de vol direct (Transavia, easyJet, Air France). L&rsquo;a\u00e9roport V\u00e1clav-Havel est reli\u00e9 au centre par la ligne de bus 119 puis le m\u00e9tro \u2014 compte environ 45 minutes pour rejoindre la Vieille-Ville.<\/p>\n<p>C\u00f4t\u00e9 accessibilit\u00e9, toute la surface de la place est pav\u00e9e. Tu tomberas parfois sur des joints assez larges entre les pav\u00e9s, ce qui secoue pas mal avec une poussette.<\/p>\n<h3 class=\"wp-block-heading\"><span class=\"ez-toc-section\" id=\"Entrees_et_services_utiles\"><\/span><span class=\"ez-toc-section\" id=\"Entrees_et_services_utiles\"><\/span>Entr\u00e9es et services utiles<span class=\"ez-toc-section-end\"><\/span><span class=\"ez-toc-section-end\"><\/span><\/h3>\n<p>Bonne nouvelle : l&rsquo;acc\u00e8s \u00e0 la place elle-m\u00eame et \u00e0 la plupart des \u00e9glises est enti\u00e8rement gratuit. On ne paie en gros que pour monter \u00e0 la tour de l&rsquo;H\u00f4tel de Ville \u2014 environ 12 \u20ac en 2026 \u2014 et \u00e9ventuellement pour les visites guid\u00e9es des souterrains. M\u00eame ainsi, chaque euro d\u00e9pens\u00e9 en vaut la peine, car les vues depuis l\u00e0-haut sont tout simplement sans rivales.<\/p>\n<p>Des toilettes publiques se trouvent au rez-de-chauss\u00e9e de l&rsquo;H\u00f4tel de Ville, avec paiement par carte ou petite monnaie sans probl\u00e8me. Autre option : les sanitaires de l&rsquo;Institut Scout mentionn\u00e9 plus haut, \u00e0 condition d&rsquo;y prendre au moins un caf\u00e9 ou une limonade.<\/p>\n<h2 class=\"wp-block-heading\"><span class=\"ez-toc-section\" id=\"Questions_frequentes\"><\/span><span class=\"ez-toc-section\" id=\"Questions_frequentes\"><\/span>Questions fr\u00e9quentes<span class=\"ez-toc-section-end\"><\/span><span class=\"ez-toc-section-end\"><\/span><\/h2>\n<div id=\"rank-math-faq\" class=\"rank-math-block\">\n<div class=\"rank-math-list \">\n<div id=\"faq-question-1777046652166\" class=\"rank-math-list-item\">\n<h3 class=\"rank-math-question \"><span class=\"ez-toc-section\" id=\"A_quelle_heure_sonne_lhorloge_astronomique_de_Prague\"><\/span><span class=\"ez-toc-section\" id=\"A_quelle_heure_sonne_l_horloge_astronomique_de_Prague\"><\/span><strong>\u00c0 quelle heure sonne l&rsquo;horloge astronomique de Prague ?<\/strong><span class=\"ez-toc-section-end\"><\/span><span class=\"ez-toc-section-end\"><\/span><\/h3>\n<div class=\"rank-math-answer \">\n<p>Les ap\u00f4tres de l&rsquo;horloge apparaissent \u00e0 chaque heure pleine de 9 h \u00e0 23 h. Le spectacle dure environ 45 secondes et se termine par le chant du coq dor\u00e9.<\/p>\n<\/div>\n<\/div>\n<div id=\"faq-question-1777046658386\" class=\"rank-math-list-item\">\n<h3 class=\"rank-math-question \"><span class=\"ez-toc-section\" id=\"Combien_coute_lentree_a_la_tour_de_lHotel_de_Ville\"><\/span><span class=\"ez-toc-section\" id=\"Combien_coute_l_entree_a_la_tour_de_l_Hotel_de_Ville\"><\/span><strong>Combien co\u00fbte l&rsquo;entr\u00e9e \u00e0 la tour de l&rsquo;H\u00f4tel de Ville ?<\/strong><span class=\"ez-toc-section-end\"><\/span><span class=\"ez-toc-section-end\"><\/span><\/h3>\n<div class=\"rank-math-answer \">\n<p>Le billet standard pour un adulte tourne autour de 12 \u20ac en 2026. Je recommande de l&rsquo;acheter en ligne \u00e0 l&rsquo;avance pour \u00e9viter les files d&rsquo;attente.<\/p>\n<\/div>\n<\/div>\n<div id=\"faq-question-1777046666600\" class=\"rank-math-list-item\">\n<h3 class=\"rank-math-question \"><span class=\"ez-toc-section\" id=\"Peut-on_monter_a_la_tour_en_ascenseur\"><\/span><span class=\"ez-toc-section\" id=\"Peut-on_monter_a_la_tour_en_ascenseur\"><\/span><strong>Peut-on monter \u00e0 la tour en ascenseur ?<\/strong><span class=\"ez-toc-section-end\"><\/span><span class=\"ez-toc-section-end\"><\/span><\/h3>\n<div class=\"rank-math-answer \">\n<p>Oui, un ascenseur vitr\u00e9 moderne est install\u00e9 \u00e0 l&rsquo;int\u00e9rieur de la tour historique et te monte jusqu&rsquo;\u00e0 la galerie. C&rsquo;est une solution enti\u00e8rement accessible, adapt\u00e9e aux personnes \u00e0 mobilit\u00e9 r\u00e9duite et aux familles avec poussettes.<\/p>\n<\/div>\n<\/div>\n<div id=\"faq-question-1777046678121\" class=\"rank-math-list-item\">\n<h3 class=\"rank-math-question \"><span class=\"ez-toc-section\" id=\"Le_trdelnik_est-il_une_patisserie_traditionnelle_de_Prague\"><\/span><span class=\"ez-toc-section\" id=\"Le_trdelnik_est-il_une_patisserie_traditionnelle_de_Prague\"><\/span><strong>Le trdeln\u00edk est-il une p\u00e2tisserie traditionnelle de Prague ?<\/strong><span class=\"ez-toc-section-end\"><\/span><span class=\"ez-toc-section-end\"><\/span><\/h3>\n<div class=\"rank-math-answer \">\n<p>Non, le trdeln\u00edk n&rsquo;est pas une sp\u00e9cialit\u00e9 historique pragoise. Il s&rsquo;agit \u00e0 l&rsquo;origine d&rsquo;une douceur de Transylvanie qui s&rsquo;est massivement r\u00e9pandue dans les rues de Prague ces deux derni\u00e8res d\u00e9cennies en tant qu&rsquo;attraction touristique.<\/p>\n<\/div>\n<\/div>\n<div id=\"faq-question-1777046689156\" class=\"rank-math-list-item\">\n<h3 class=\"rank-math-question \"><span class=\"ez-toc-section\" id=\"Ou_se_trouve_lentree_de_leglise_du_Tyn\"><\/span><span class=\"ez-toc-section\" id=\"Ou_se_trouve_l_entree_de_l_eglise_du_Tyn\"><\/span><strong>O\u00f9 se trouve l&rsquo;entr\u00e9e de l&rsquo;\u00e9glise du T\u00fdn ?<\/strong><span class=\"ez-toc-section-end\"><\/span><span class=\"ez-toc-section-end\"><\/span><\/h3>\n<div class=\"rank-math-answer \">\n<p>L&rsquo;entr\u00e9e ne donne pas directement sur la place. Il faut passer sous les arcades de l&rsquo;\u00e9cole du T\u00fdn (troisi\u00e8me arche en partant de la gauche en regardant l&rsquo;\u00e9glise) pour trouver la porte d&rsquo;entr\u00e9e.<\/p>\n<\/div>\n<\/div>\n<div id=\"faq-question-1777046746803\" class=\"rank-math-list-item\">\n<h3 class=\"rank-math-question \"><span class=\"ez-toc-section\" id=\"Quand_ont_lieu_les_marches_de_Noel_sur_la_place\"><\/span><span class=\"ez-toc-section\" id=\"Quand_ont_lieu_les_marches_de_Noel_sur_la_place\"><\/span><strong>Quand ont lieu les march\u00e9s de No\u00ebl sur la place ?<\/strong><span class=\"ez-toc-section-end\"><\/span><span class=\"ez-toc-section-end\"><\/span><\/h3>\n<div class=\"rank-math-answer \">\n<p>Les march\u00e9s de No\u00ebl d\u00e9butent g\u00e9n\u00e9ralement le premier week-end de l&rsquo;Avent (fin novembre) et durent jusqu&rsquo;au 6 janvier (\u00c9piphanie). En 2026, ils se tiendront sur cette p\u00e9riode habituelle.<\/p>\n<\/div>\n<\/div>\n<\/div>\n<\/div>\n","protected":false},"excerpt":{"rendered":"<p>Quand j&rsquo;\u00e9tais \u00e0 l&rsquo;universit\u00e9, je passais des matin\u00e9es enti\u00e8res d&rsquo;hiver sur la place de la Vieille-Ville \u00e0 Prague avec mon reflex autour du cou. Voici tout ce qu&rsquo;il faut savoir pour profiter de ce joyau de Prague en Tch\u00e9quie.<\/p>\n","protected":false},"author":3,"featured_media":151087,"comment_status":"open","ping_status":"open","sticky":false,"template":"","format":"standard","meta":{"footnotes":"","rank_math_title":"","rank_math_description":"","rank_math_focus_keyword":"","rank_math_seo_score":""},"categories":[558,559,650],"tags":[],"class_list":{"0":"post-151225","1":"post","2":"type-post","3":"status-publish","4":"format-standard","5":"has-post-thumbnail","7":"category-europe","8":"category-republique-tcheque","9":"category-voyages"},"featured_image_src":"https:\/\/loudavymkrokem.cz\/wp-content\/uploads\/2026\/04\/prazsky-orloj-4055.jpg","author_info":{"display_name":"Lucie Kone\u010dn\u00e1","author_link":"https:\/\/loudavymkrokem.cz\/fr\/author\/lucie-konecna\/"},"_links":{"self":[{"href":"https:\/\/loudavymkrokem.cz\/fr\/wp-json\/wp\/v2\/posts\/151225","targetHints":{"allow":["GET"]}}],"collection":[{"href":"https:\/\/loudavymkrokem.cz\/fr\/wp-json\/wp\/v2\/posts"}],"about":[{"href":"https:\/\/loudavymkrokem.cz\/fr\/wp-json\/wp\/v2\/types\/post"}],"author":[{"embeddable":true,"href":"https:\/\/loudavymkrokem.cz\/fr\/wp-json\/wp\/v2\/users\/3"}],"replies":[{"embeddable":true,"href":"https:\/\/loudavymkrokem.cz\/fr\/wp-json\/wp\/v2\/comments?post=151225"}],"version-history":[{"count":1,"href":"https:\/\/loudavymkrokem.cz\/fr\/wp-json\/wp\/v2\/posts\/151225\/revisions"}],"predecessor-version":[{"id":151355,"href":"https:\/\/loudavymkrokem.cz\/fr\/wp-json\/wp\/v2\/posts\/151225\/revisions\/151355"}],"wp:featuredmedia":[{"embeddable":true,"href":"https:\/\/loudavymkrokem.cz\/fr\/wp-json\/wp\/v2\/media\/151087"}],"wp:attachment":[{"href":"https:\/\/loudavymkrokem.cz\/fr\/wp-json\/wp\/v2\/media?parent=151225"}],"wp:term":[{"taxonomy":"category","embeddable":true,"href":"https:\/\/loudavymkrokem.cz\/fr\/wp-json\/wp\/v2\/categories?post=151225"},{"taxonomy":"post_tag","embeddable":true,"href":"https:\/\/loudavymkrokem.cz\/fr\/wp-json\/wp\/v2\/tags?post=151225"}],"curies":[{"name":"wp","href":"https:\/\/api.w.org\/{rel}","templated":true}]}}