{"id":151224,"date":"2026-04-24T18:21:09","date_gmt":"2026-04-24T16:21:09","guid":{"rendered":"https:\/\/loudavymkrokem.cz\/?p=151224"},"modified":"2026-04-30T11:05:55","modified_gmt":"2026-04-30T09:05:55","slug":"pont-charles-prague-tchequie","status":"publish","type":"post","link":"https:\/\/loudavymkrokem.cz\/fr\/pont-charles-prague-tchequie\/","title":{"rendered":"Pont Charles \u00e0 Prague : Guide d&rsquo;une locale (histoire, statues, meilleur moment)"},"content":{"rendered":"<p>Quand je me d\u00e9p\u00eachais le matin pour arriver \u00e0 l&rsquo;heure au lyc\u00e9e de Mal\u00e1 Strana, il m&rsquo;arrivait de faire expr\u00e8s un d\u00e9tour pour rallonger mon trajet en traversant le Pont Charles \u2014 le monument le plus embl\u00e9matique de Prague en Tch\u00e9quie (en fait, je prenais simplement le mauvais tram). <strong>\u00c0 sept heures et demie, surtout dans la grisaille humide de novembre, un silence \u00e9trange r\u00e9gnait ici, seulement troubl\u00e9 par les cris des mouettes et le claquement de mes propres pas sur les pav\u00e9s mouill\u00e9s.<\/strong><\/p>\n<p>La brume montant de la Vltava s&rsquo;enroulait autour de la trentaine de statues baroques, et j&rsquo;avais l&rsquo;impression que ce passage gothique entre la Vieille Ville et Mal\u00e1 Strana m&rsquo;appartenait tout entier, juste pour un instant. Quelques ann\u00e9es plus tard, je venais m&rsquo;asseoir sur le pont \u00e0 3 heures du matin. Pour r\u00e9fl\u00e9chir. La police me d\u00e9logeait souvent, alors ne suivez pas mon exemple.<\/p>\n<p>Avec Luk\u00e1\u0161, apr\u00e8s notre premier rendez-vous au Ch\u00e2teau de Prague, nous avons descendu les escaliers du Ch\u00e2teau pour atterrir ici m\u00eame, <strong>au pied des tours de Mal\u00e1 Strana.<\/strong> Aujourd&rsquo;hui, nous y revenons en tant que parents et je constate avec horreur \u00e0 quel point ces maudits pav\u00e9s et bordures secouent quand on essaie de man\u0153uvrer une poussette avec notre petit Jon\u00e1\u0161 de deux ans. <strong>Le lieu n&rsquo;a pas chang\u00e9 depuis mes ann\u00e9es d&rsquo;\u00e9tudiante, mais ma perception, si. Je ne cherche plus \u00e0 me frayer un chemin dans la foule en plein midi \u2014 je pr\u00e9f\u00e8re me lever t\u00f4t ou venir tard le soir, quand la ville respire enfin.<\/strong><\/p>\n<p>Des voyageurs me demandent souvent si cela vaut vraiment la peine de visiter ce monument le plus c\u00e9l\u00e8bre de Prague, alors qu&rsquo;il est constamment envahi. Ma r\u00e9ponse est cat\u00e9gorique : oui, mais il faut savoir comment s&rsquo;y prendre. Il ne s&rsquo;agit pas simplement de traverser d&rsquo;une rive \u00e0 l&rsquo;autre. Il s&rsquo;agit de remarquer les d\u00e9tails, de conna\u00eetre un peu le contexte et de choisir le bon moment, celui o\u00f9 une attraction bond\u00e9e redevient un lieu mystique charg\u00e9 d&rsquo;histoire.<\/p>\n<p>Venez le matin, venez la nuit, venez sous la pluie \u2014 mais lisez d&rsquo;abord ce que j&rsquo;ai \u00e0 vous raconter, pour que tout prenne sens.<\/p>\n<figure class=\"wp-block-image size-full\"><img loading=\"lazy\" decoding=\"async\" width=\"1200\" height=\"800\" src=\"https:\/\/loudavymkrokem.cz\/wp-content\/uploads\/2025\/03\/recenze-domus-balthasar-praha-s-batoletem-3.jpg\" alt=\"Le Pont Charles est \u00e0 une minute \u00e0 pied\" class=\"wp-image-94712\" title=\"\" srcset=\"https:\/\/loudavymkrokem.cz\/wp-content\/uploads\/2025\/03\/recenze-domus-balthasar-praha-s-batoletem-3.jpg 1200w, https:\/\/loudavymkrokem.cz\/wp-content\/uploads\/2025\/03\/recenze-domus-balthasar-praha-s-batoletem-3-300x200.jpg 300w, https:\/\/loudavymkrokem.cz\/wp-content\/uploads\/2025\/03\/recenze-domus-balthasar-praha-s-batoletem-3-700x467.jpg 700w, https:\/\/loudavymkrokem.cz\/wp-content\/uploads\/2025\/03\/recenze-domus-balthasar-praha-s-batoletem-3-768x512.jpg 768w, https:\/\/loudavymkrokem.cz\/wp-content\/uploads\/2025\/03\/recenze-domus-balthasar-praha-s-batoletem-3-696x464.jpg 696w\" sizes=\"auto, (max-width: 1200px) 100vw, 1200px\"><figcaption class=\"wp-element-caption\">Prague<\/figcaption><\/figure>\n<div id=\"ez-toc-container\" class=\"ez-toc-v2_0_82_2 ez-toc-wrap-left counter-hierarchy ez-toc-counter ez-toc-grey ez-toc-container-direction\">\n<div class=\"ez-toc-title-container\">\n<p class=\"ez-toc-title\" style=\"cursor:inherit\">Contenu de l&#039;article<\/p>\n<span class=\"ez-toc-title-toggle\"><a href=\"#\" class=\"ez-toc-pull-right ez-toc-btn ez-toc-btn-xs ez-toc-btn-default ez-toc-toggle\" aria-label=\"Toggle Table of Content\"><span class=\"ez-toc-js-icon-con\"><span class=\"\"><span class=\"eztoc-hide\" style=\"display:none;\">Toggle<\/span><span class=\"ez-toc-icon-toggle-span\"><svg style=\"fill: #999;color:#999\" xmlns=\"http:\/\/www.w3.org\/2000\/svg\" class=\"list-377408\" width=\"20px\" height=\"20px\" viewBox=\"0 0 24 24\" fill=\"none\"><path d=\"M6 6H4v2h2V6zm14 0H8v2h12V6zM4 11h2v2H4v-2zm16 0H8v2h12v-2zM4 16h2v2H4v-2zm16 0H8v2h12v-2z\" fill=\"currentColor\"><\/path><\/svg><svg style=\"fill: #999;color:#999\" class=\"arrow-unsorted-368013\" xmlns=\"http:\/\/www.w3.org\/2000\/svg\" width=\"10px\" height=\"10px\" viewBox=\"0 0 24 24\" version=\"1.2\" baseProfile=\"tiny\"><path d=\"M18.2 9.3l-6.2-6.3-6.2 6.3c-.2.2-.3.4-.3.7s.1.5.3.7c.2.2.4.3.7.3h11c.3 0 .5-.1.7-.3.2-.2.3-.5.3-.7s-.1-.5-.3-.7zM5.8 14.7l6.2 6.3 6.2-6.3c.2-.2.3-.5.3-.7s-.1-.5-.3-.7c-.2-.2-.4-.3-.7-.3h-11c-.3 0-.5.1-.7.3-.2.2-.3.5-.3.7s.1.5.3.7z\"\/><\/svg><\/span><\/span><\/span><\/a><\/span><\/div>\n<nav><ul class='ez-toc-list ez-toc-list-level-1 ' ><ul class='ez-toc-list-level-3' ><li class='ez-toc-heading-level-3'><a class=\"ez-toc-link ez-toc-heading-1\" href=\"https:\/\/loudavymkrokem.cz\/fr\/pont-charles-prague-tchequie\/#Resume\" >R\u00e9sum\u00e9<\/a><\/li><\/ul><\/li><li class='ez-toc-page-1 ez-toc-heading-level-2'><a class=\"ez-toc-link ez-toc-heading-2\" href=\"https:\/\/loudavymkrokem.cz\/fr\/pont-charles-prague-tchequie\/#Quand_aller_sur_le_Pont_Charles\" >Quand aller sur le Pont Charles<\/a><ul class='ez-toc-list-level-3' ><li class='ez-toc-heading-level-3'><a class=\"ez-toc-link ez-toc-heading-3\" href=\"https:\/\/loudavymkrokem.cz\/fr\/pont-charles-prague-tchequie\/#La_magie_du_petit_matin_et_de_laube\" >La magie du petit matin et de l&rsquo;aube<\/a><\/li><li class='ez-toc-page-1 ez-toc-heading-level-3'><a class=\"ez-toc-link ez-toc-heading-4\" href=\"https:\/\/loudavymkrokem.cz\/fr\/pont-charles-prague-tchequie\/#Lagitation_de_lapres-midi_et_le_calme_du_soir\" >L&rsquo;agitation de l&rsquo;apr\u00e8s-midi et le calme du soir<\/a><\/li><\/ul><\/li><li class='ez-toc-page-1 ez-toc-heading-level-2'><a class=\"ez-toc-link ez-toc-heading-5\" href=\"https:\/\/loudavymkrokem.cz\/fr\/pont-charles-prague-tchequie\/#Ou_se_loger\" >O\u00f9 se loger<\/a><\/li><li class='ez-toc-page-1 ez-toc-heading-level-2'><a class=\"ez-toc-link ez-toc-heading-6\" href=\"https:\/\/loudavymkrokem.cz\/fr\/pont-charles-prague-tchequie\/#Histoire_et_architecture_du_Pont_Charles\" >Histoire et architecture du Pont Charles<\/a><ul class='ez-toc-list-level-3' ><li class='ez-toc-heading-level-3'><a class=\"ez-toc-link ez-toc-heading-7\" href=\"https:\/\/loudavymkrokem.cz\/fr\/pont-charles-prague-tchequie\/#La_date_magique_de_fondation_et_Peter_Parler\" >La date magique de fondation et Peter Parler<\/a><\/li><li class='ez-toc-page-1 ez-toc-heading-level-3'><a class=\"ez-toc-link ez-toc-heading-8\" href=\"https:\/\/loudavymkrokem.cz\/fr\/pont-charles-prague-tchequie\/#Le_mythe_des_oeufs_et_la_dure_realite_des_crues\" >Le mythe des \u0153ufs et la dure r\u00e9alit\u00e9 des crues<\/a><\/li><li class='ez-toc-page-1 ez-toc-heading-level-3'><a class=\"ez-toc-link ez-toc-heading-9\" href=\"https:\/\/loudavymkrokem.cz\/fr\/pont-charles-prague-tchequie\/#Bradac_le_systeme_dalerte_de_Prague\" >Brad\u00e1\u010d : le syst\u00e8me d&rsquo;alerte de Prague<\/a><\/li><\/ul><\/li><li class='ez-toc-page-1 ez-toc-heading-level-2'><a class=\"ez-toc-link ez-toc-heading-10\" href=\"https:\/\/loudavymkrokem.cz\/fr\/pont-charles-prague-tchequie\/#Les_statues_du_Pont_Charles_un_musee_a_ciel_ouvert\" >Les statues du Pont Charles : un mus\u00e9e \u00e0 ciel ouvert<\/a><ul class='ez-toc-list-level-3' ><li class='ez-toc-heading-level-3'><a class=\"ez-toc-link ez-toc-heading-11\" href=\"https:\/\/loudavymkrokem.cz\/fr\/pont-charles-prague-tchequie\/#Saint_Jean_Nepomucene_et_le_rituel_porte-bonheur\" >Saint Jean N\u00e9pomuc\u00e8ne et le rituel porte-bonheur<\/a><\/li><li class='ez-toc-page-1 ez-toc-heading-level-3'><a class=\"ez-toc-link ez-toc-heading-12\" href=\"https:\/\/loudavymkrokem.cz\/fr\/pont-charles-prague-tchequie\/#Le_Songe_de_sainte_Lutgarde\" >Le Songe de sainte Lutgarde<\/a><\/li><li class='ez-toc-page-1 ez-toc-heading-level-3'><a class=\"ez-toc-link ez-toc-heading-13\" href=\"https:\/\/loudavymkrokem.cz\/fr\/pont-charles-prague-tchequie\/#Le_groupe_de_saint_Vincent_Ferrier_et_saint_Procope\" >Le groupe de saint Vincent Ferrier et saint Procope<\/a><\/li><\/ul><\/li><li class='ez-toc-page-1 ez-toc-heading-level-2'><a class=\"ez-toc-link ez-toc-heading-14\" href=\"https:\/\/loudavymkrokem.cz\/fr\/pont-charles-prague-tchequie\/#Les_tours_du_Pont_Charles_vues_den_haut\" >Les tours du Pont Charles : vues d&rsquo;en haut<\/a><ul class='ez-toc-list-level-3' ><li class='ez-toc-heading-level-3'><a class=\"ez-toc-link ez-toc-heading-15\" href=\"https:\/\/loudavymkrokem.cz\/fr\/pont-charles-prague-tchequie\/#La_tour_de_la_Vieille_Ville\" >La tour de la Vieille Ville<\/a><\/li><li class='ez-toc-page-1 ez-toc-heading-level-3'><a class=\"ez-toc-link ez-toc-heading-16\" href=\"https:\/\/loudavymkrokem.cz\/fr\/pont-charles-prague-tchequie\/#Les_tours_de_Mala_Strana\" >Les tours de Mal\u00e1 Strana<\/a><\/li><\/ul><\/li><li class='ez-toc-page-1 ez-toc-heading-level-2'><a class=\"ez-toc-link ez-toc-heading-17\" href=\"https:\/\/loudavymkrokem.cz\/fr\/pont-charles-prague-tchequie\/#Informations_pratiques\" >Informations pratiques<\/a><ul class='ez-toc-list-level-3' ><li class='ez-toc-heading-level-3'><a class=\"ez-toc-link ez-toc-heading-18\" href=\"https:\/\/loudavymkrokem.cz\/fr\/pont-charles-prague-tchequie\/#Transports_et_comment_rejoindre_le_pont\" >Transports et comment rejoindre le pont<\/a><\/li><li class='ez-toc-page-1 ez-toc-heading-level-3'><a class=\"ez-toc-link ez-toc-heading-19\" href=\"https:\/\/loudavymkrokem.cz\/fr\/pont-charles-prague-tchequie\/#Visites_guidees_et_croisieres_sur_la_Vltava\" >Visites guid\u00e9es et croisi\u00e8res sur la Vltava<\/a><\/li><li class='ez-toc-page-1 ez-toc-heading-level-3'><a class=\"ez-toc-link ez-toc-heading-20\" href=\"https:\/\/loudavymkrokem.cz\/fr\/pont-charles-prague-tchequie\/#Ou_manger_et_ou_prendre_un_cafe_sans_tomber_dans_le_piege\" >O\u00f9 manger et o\u00f9 prendre un caf\u00e9 (sans tomber dans le pi\u00e8ge)<\/a><\/li><\/ul><\/li><li class='ez-toc-page-1 ez-toc-heading-level-2'><a class=\"ez-toc-link ez-toc-heading-21\" href=\"https:\/\/loudavymkrokem.cz\/fr\/pont-charles-prague-tchequie\/#Questions_frequentes\" >Questions fr\u00e9quentes<\/a><ul class='ez-toc-list-level-3' ><li class='ez-toc-heading-level-3'><a class=\"ez-toc-link ez-toc-heading-22\" href=\"https:\/\/loudavymkrokem.cz\/fr\/pont-charles-prague-tchequie\/#Lacces_au_Pont_Charles_est-il_payant\" >L&rsquo;acc\u00e8s au Pont Charles est-il payant ?<\/a><\/li><li class='ez-toc-page-1 ez-toc-heading-level-3'><a class=\"ez-toc-link ez-toc-heading-23\" href=\"https:\/\/loudavymkrokem.cz\/fr\/pont-charles-prague-tchequie\/#Quand_y_a-t-il_le_moins_de_monde\" >Quand y a-t-il le moins de monde ?<\/a><\/li><li class='ez-toc-page-1 ez-toc-heading-level-3'><a class=\"ez-toc-link ez-toc-heading-24\" href=\"https:\/\/loudavymkrokem.cz\/fr\/pont-charles-prague-tchequie\/#Peut-on_le_traverser_a_velo_ou_en_trottinette\" >Peut-on le traverser \u00e0 v\u00e9lo ou en trottinette ?<\/a><\/li><li class='ez-toc-page-1 ez-toc-heading-level-3'><a class=\"ez-toc-link ez-toc-heading-25\" href=\"https:\/\/loudavymkrokem.cz\/fr\/pont-charles-prague-tchequie\/#Les_statues_sont-elles_des_originaux\" >Les statues sont-elles des originaux ?<\/a><\/li><li class='ez-toc-page-1 ez-toc-heading-level-3'><a class=\"ez-toc-link ez-toc-heading-26\" href=\"https:\/\/loudavymkrokem.cz\/fr\/pont-charles-prague-tchequie\/#Combien_de_temps_faut-il_pour_traverser_dune_rive_a_lautre\" >Combien de temps faut-il pour traverser d&rsquo;une rive \u00e0 l&rsquo;autre ?<\/a><\/li><li class='ez-toc-page-1 ez-toc-heading-level-3'><a class=\"ez-toc-link ez-toc-heading-27\" href=\"https:\/\/loudavymkrokem.cz\/fr\/pont-charles-prague-tchequie\/#Le_parcours_est-il_accessible_aux_personnes_a_mobilite_reduite\" >Le parcours est-il accessible aux personnes \u00e0 mobilit\u00e9 r\u00e9duite ?<\/a><\/li><\/ul><\/li><\/ul><\/nav><\/div>\n<h3 class=\"wp-block-heading\"><span class=\"ez-toc-section\" id=\"Resume\"><\/span><span class=\"ez-toc-section\" id=\"Resume\"><\/span>R\u00e9sum\u00e9<span class=\"ez-toc-section-end\"><\/span><span class=\"ez-toc-section-end\"><\/span><\/h3>\n<ul class=\"wp-block-list\">\n<li>Le meilleur moment pour visiter est \u00e0 l&rsquo;aube ou tard le soir (apr\u00e8s <strong>23 h<\/strong>) \u2014 vous \u00e9viterez ainsi les foules massives de groupes organis\u00e9s.<\/li>\n<li>La premi\u00e8re pierre a \u00e9t\u00e9 pos\u00e9e en <strong>1357<\/strong>, pr\u00e9cis\u00e9ment le <strong>9 juillet \u00e0 5 h 31<\/strong> du matin, en raison de la s\u00e9quence num\u00e9rique magique 1-3-5-7-9-7-5-3-1.<\/li>\n<li>La plupart des 30 statues du pont sont aujourd&rsquo;hui des copies en gr\u00e8s. Les originaux sont prot\u00e9g\u00e9s au <a href=\"https:\/\/www.nm.cz\/\" target=\"_blank\" rel=\"nofollow noopener\">Lapidarium du Mus\u00e9e national<\/a> et \u00e0 Vy\u0161ehrad.<\/li>\n<li>La statue de saint Jean N\u00e9pomuc\u00e8ne est celle o\u00f9 vous trouverez les reliefs en bronze polis par des millions de mains. Les toucher est cens\u00e9 porter chance et garantir votre retour \u00e0 Prague.<\/li>\n<li>Les tours de la Vieille Ville et de Mal\u00e1 Strana offrent parmi les plus belles vues sur le centre historique \u2014 l&rsquo;entr\u00e9e de base co\u00fbte environ <strong>8 \u20ac<\/strong>.<\/li>\n<li><strong>Brad\u00e1\u010d<\/strong> est un discret relief en pierre d&rsquo;une t\u00eate d&rsquo;homme pr\u00e8s de la tour de la Vieille Ville, qui servait depuis des si\u00e8cles d&rsquo;indicateur de niveau d&rsquo;eau pour pr\u00e9venir des crues.<\/li>\n<li>Pour les familles avec poussette, la travers\u00e9e d&rsquo;une rive \u00e0 l&rsquo;autre est sans barri\u00e8res, mais pour descendre directement sur l&rsquo;\u00eele de Kampa, il faut affronter un escalier raide.<\/li>\n<li>Le pont est une zone enti\u00e8rement pi\u00e9tonne. Les arr\u00eats de transport les plus proches sont <strong>Starom\u011bstsk\u00e1<\/strong> sur la rive droite et <strong>Malostransk\u00e9 n\u00e1m\u011bst\u00ed<\/strong> sur la rive gauche.<\/li>\n<\/ul>\n<h2 class=\"wp-block-heading\"><span class=\"ez-toc-section\" id=\"Quand_aller_sur_le_Pont_Charles\"><\/span><span class=\"ez-toc-section\" id=\"Quand_aller_sur_le_Pont_Charles\"><\/span>Quand aller sur le Pont Charles<span class=\"ez-toc-section-end\"><\/span><span class=\"ez-toc-section-end\"><\/span><\/h2>\n<p>Le choix du bon moment est absolument crucial pour cette visite. Si vous d\u00e9barquez \u00e0 trois heures de l&rsquo;apr\u00e8s-midi en plein mois d&rsquo;ao\u00fbt, vous ne rapporterez probablement que de la frustration, des chevilles meurtries et des photos remplies de dos inconnus. Les jeux de lumi\u00e8re et la densit\u00e9 de la foule en font, au fil des vingt-quatre heures, plusieurs endroits compl\u00e8tement diff\u00e9rents. J&rsquo;ai v\u00e9cu dix ans \u00e0 Prague, et je peux vous dire en toute conscience que le timing fait la moiti\u00e9 de l&rsquo;exp\u00e9rience.<\/p>\n<h3 class=\"wp-block-heading\"><span class=\"ez-toc-section\" id=\"La_magie_du_petit_matin_et_de_laube\"><\/span><span class=\"ez-toc-section\" id=\"La_magie_du_petit_matin_et_de_l_aube\"><\/span>La magie du petit matin et de l&rsquo;aube<span class=\"ez-toc-section-end\"><\/span><span class=\"ez-toc-section-end\"><\/span><\/h3>\n<p>Qui se l\u00e8ve t\u00f4t re\u00e7oit Prague sur un plateau d&rsquo;argent. Quand j&rsquo;apprenais la photographie \u00e0 la fac avec la lumi\u00e8re du matin, j&rsquo;ai d\u00e9couvert que le cr\u00e9neau entre <strong>cinq et sept heures<\/strong> est sacr\u00e9 ici. Vous ne croiserez que quelques joggeurs, des photographes solitaires et des agents d&rsquo;entretien. Le soleil se hisse paresseusement derri\u00e8re les tours de la Vieille Ville, et une brume d&rsquo;inversion monte souvent de la Vltava, conf\u00e9rant aux statues une dimension dramatique, presque fantomatique. La lumi\u00e8re est douce, les pav\u00e9s luisent, et vous avez tout l&rsquo;espace pour vous arr\u00eater devant chaque groupe sculpt\u00e9 sans que personne ne vous bouscule. C&rsquo;est le moment o\u00f9 la ville r\u00e9v\u00e8le son visage brut et serein, celui qu&rsquo;on ne trouve pas dans les guides.<\/p>\n<p>Se lever t\u00f4t signifie arriver id\u00e9alement 30 minutes avant le lever officiel du soleil (en \u00e9t\u00e9, vers quatre heures trente ; en hiver, il suffit d&rsquo;arriver apr\u00e8s sept heures). Le plus simple est de prendre les trams de nuit ou les premi\u00e8res rames de m\u00e9tro, quand les wagons sont quasi d\u00e9serts.<\/p>\n<p><strong>\ud83d\udca1 Conseil de locale :<\/strong> Si vous comptez photographier, emportez un tr\u00e9pied. T\u00f4t le matin, contrairement \u00e0 la journ\u00e9e, vous pouvez l&rsquo;utiliser sans qu&rsquo;une foule agac\u00e9e tr\u00e9buche dessus.<\/p>\n<figure class=\"wp-block-image size-full\"><img loading=\"lazy\" decoding=\"async\" width=\"2528\" height=\"1696\" src=\"https:\/\/loudavymkrokem.cz\/wp-content\/uploads\/2026\/03\/prazsky-hrad-karluv-most.jpg\" alt=\"Le Pont Charles \u00e0 l&#039;aube dans la brume\" class=\"wp-image-139608\" title=\"\" srcset=\"https:\/\/loudavymkrokem.cz\/wp-content\/uploads\/2026\/03\/prazsky-hrad-karluv-most.jpg 2528w, https:\/\/loudavymkrokem.cz\/wp-content\/uploads\/2026\/03\/prazsky-hrad-karluv-most-300x201.jpg 300w, https:\/\/loudavymkrokem.cz\/wp-content\/uploads\/2026\/03\/prazsky-hrad-karluv-most-700x470.jpg 700w, https:\/\/loudavymkrokem.cz\/wp-content\/uploads\/2026\/03\/prazsky-hrad-karluv-most-768x515.jpg 768w, https:\/\/loudavymkrokem.cz\/wp-content\/uploads\/2026\/03\/prazsky-hrad-karluv-most-1536x1030.jpg 1536w, https:\/\/loudavymkrokem.cz\/wp-content\/uploads\/2026\/03\/prazsky-hrad-karluv-most-2048x1374.jpg 2048w, https:\/\/loudavymkrokem.cz\/wp-content\/uploads\/2026\/03\/prazsky-hrad-karluv-most-696x467.jpg 696w, https:\/\/loudavymkrokem.cz\/wp-content\/uploads\/2026\/03\/prazsky-hrad-karluv-most-1392x934.jpg 1392w, https:\/\/loudavymkrokem.cz\/wp-content\/uploads\/2026\/03\/prazsky-hrad-karluv-most-1920x1288.jpg 1920w\" sizes=\"auto, (max-width: 2528px) 100vw, 2528px\"><figcaption class=\"wp-element-caption\">Prague<\/figcaption><\/figure>\n<h3 class=\"wp-block-heading\"><span class=\"ez-toc-section\" id=\"Lagitation_de_lapres-midi_et_le_calme_du_soir\"><\/span><span class=\"ez-toc-section\" id=\"L_agitation_de_l_apres-midi_et_le_calme_du_soir\"><\/span>L&rsquo;agitation de l&rsquo;apr\u00e8s-midi et le calme du soir<span class=\"ez-toc-section-end\"><\/span><span class=\"ez-toc-section-end\"><\/span><\/h3>\n<p><strong>Entre dix heures du matin et neuf heures du soir, le pont se transforme en un v\u00e9ritable corso pulsant.<\/strong> Caricaturistes, musiciens de rue et dizaines de groupes organis\u00e9s suivant des guides aux parapluies lev\u00e9s se croisent sans cesse. <strong>Se promener avec une poussette \u00e0 ce moment-l\u00e0 demande des coudes aff\u00fbt\u00e9s et des nerfs d&rsquo;acier \u2014 avec Jon\u00e1\u0161, on \u00e9vite soigneusement.<\/strong> La fin d&rsquo;apr\u00e8s-midi offre cependant une lumi\u00e8re dor\u00e9e et chaude qui se pose sur les fa\u00e7ades de Hrad\u010dany et transforme la vue sur la rivi\u00e8re en un v\u00e9ritable tableau. <strong>Le vrai calme ne revient qu&rsquo;apr\u00e8s vingt-deux heures, quand les foules se dispersent dans les bars et que la lueur jaune des r\u00e9verb\u00e8res \u00e0 gaz projette des ombres fantomatiques sur les visages de gr\u00e8s des saints baroques.<\/strong><\/p>\n<p>Les r\u00e9verb\u00e8res \u00e0 gaz s&rsquo;allument automatiquement en m\u00eame temps que l&rsquo;\u00e9clairage public, mais pendant la p\u00e9riode de l&rsquo;Avent (fin novembre et d\u00e9cembre), il arrive de croiser un v\u00e9ritable allumeur de r\u00e9verb\u00e8res en costume d&rsquo;\u00e9poque, qui les enflamme un \u00e0 un avec sa longue perche.<\/p>\n<p><strong>\ud83d\udca1 Conseil de locale :<\/strong> Allez-y de nuit sous la pluie. Les reflets des lanternes sur les pav\u00e9s mouill\u00e9s sont magnifiques, et comme l&rsquo;eau chasse la plupart des gens dans les bars, vous serez tr\u00e8s probablement seul\u00b7e.<\/p>\n<figure class=\"wp-block-image size-full\"><img loading=\"lazy\" decoding=\"async\" width=\"1200\" height=\"800\" src=\"https:\/\/loudavymkrokem.cz\/wp-content\/uploads\/2026\/04\/karluv-most-4142.jpg\" alt=\"Le Pont Charles \u00e0 Prague\" class=\"wp-image-151098\" title=\"\" srcset=\"https:\/\/loudavymkrokem.cz\/wp-content\/uploads\/2026\/04\/karluv-most-4142.jpg 1200w, https:\/\/loudavymkrokem.cz\/wp-content\/uploads\/2026\/04\/karluv-most-4142-300x200.jpg 300w, https:\/\/loudavymkrokem.cz\/wp-content\/uploads\/2026\/04\/karluv-most-4142-700x467.jpg 700w, https:\/\/loudavymkrokem.cz\/wp-content\/uploads\/2026\/04\/karluv-most-4142-768x512.jpg 768w, https:\/\/loudavymkrokem.cz\/wp-content\/uploads\/2026\/04\/karluv-most-4142-696x464.jpg 696w\" sizes=\"auto, (max-width: 1200px) 100vw, 1200px\"><\/figure>\n<h2 class=\"wp-block-heading\"><span class=\"ez-toc-section\" id=\"Ou_se_loger\"><\/span><span class=\"ez-toc-section\" id=\"Ou_se_loger\"><\/span>O\u00f9 se loger<span class=\"ez-toc-section-end\"><\/span><span class=\"ez-toc-section-end\"><\/span><\/h2>\n<p>Dormir en plein centre sonne romantique, jusqu&rsquo;\u00e0 ce qu&rsquo;un groupe de f\u00eatards vous r\u00e9veille \u00e0 deux heures du matin en chantant sous vos fen\u00eatres. J&rsquo;ai appris \u00e0 choisir un point de chute \u00e0 quelques pas du centre, mais o\u00f9 l&rsquo;on peut enfin dormir le soir. Avec Luk\u00e1\u0161, notre derni\u00e8re d\u00e9couverte parfaite a \u00e9t\u00e9 <strong>The <a class=\"thirstylink\" rel=\"nofollow\" target=\"_blank\" title=\"The Julius Hotel\" href=\"https:\/\/loudavymkrokem.cz\/doporucujeme\/the-julius-hotel\/\" data-shortcode=\"true\">Julius Hotel<\/a><\/strong> dans la Nouvelle Ville, \u00e0 deux pas de la tour Jind\u0159i\u0161sk\u00e1. Nous avions une One Bedroom Suite, un vrai soulagement pour une famille avec un bambin de deux ans : un espace s\u00e9par\u00e9, une kitchenette enti\u00e8rement \u00e9quip\u00e9e et un design qui ne fait pas clinique, mais donne l&rsquo;impression de s\u00e9journer dans l&rsquo;appartement luxueux de quelqu&rsquo;un au go\u00fbt exceptionnel. Depuis l&rsquo;h\u00f4tel, vous rejoignez le quai par une agr\u00e9able promenade \u00e0 travers la Vieille Ville en environ vingt minutes \u2014 pas besoin de se soucier du tram le matin.<\/p>\n<p>Vous pouvez v\u00e9rifier les tarifs et disponibilit\u00e9s pour 2026 et <a href=\"https:\/\/www.booking.com\/hotel\/cz\/julius-meinl-house-prague.html?aid=2397601\" rel=\"nofollow noopener\" target=\"_blank\">r\u00e9server via Booking.com<\/a>.<\/p>\n<p>Pour d&rsquo;autres adresses test\u00e9es et approuv\u00e9es o\u00f9 poser vos valises en famille, jetez un \u0153il \u00e0 mon article sur les <a href=\"https:\/\/loudavymkrokem.cz\/fr\/prague-hotels-familiaux\/\">meilleurs h\u00f4tels familiaux \u00e0 Prague<\/a>.<\/p>\n<figure class=\"wp-block-image size-full\"><img loading=\"lazy\" decoding=\"async\" width=\"1200\" height=\"800\" src=\"https:\/\/loudavymkrokem.cz\/wp-content\/uploads\/2026\/04\/karluv-most-4090.jpg\" alt=\"Vue sur le Pont Charles\" class=\"wp-image-151092\" title=\"\" srcset=\"https:\/\/loudavymkrokem.cz\/wp-content\/uploads\/2026\/04\/karluv-most-4090.jpg 1200w, https:\/\/loudavymkrokem.cz\/wp-content\/uploads\/2026\/04\/karluv-most-4090-300x200.jpg 300w, https:\/\/loudavymkrokem.cz\/wp-content\/uploads\/2026\/04\/karluv-most-4090-700x467.jpg 700w, https:\/\/loudavymkrokem.cz\/wp-content\/uploads\/2026\/04\/karluv-most-4090-768x512.jpg 768w, https:\/\/loudavymkrokem.cz\/wp-content\/uploads\/2026\/04\/karluv-most-4090-696x464.jpg 696w\" sizes=\"auto, (max-width: 1200px) 100vw, 1200px\"><\/figure>\n<h2 class=\"wp-block-heading\"><span class=\"ez-toc-section\" id=\"Histoire_et_architecture_du_Pont_Charles\"><\/span><span class=\"ez-toc-section\" id=\"Histoire_et_architecture_du_Pont_Charles\"><\/span>Histoire et architecture du Pont Charles<span class=\"ez-toc-section-end\"><\/span><span class=\"ez-toc-section-end\"><\/span><\/h2>\n<p>Ce lien de pierre entre les deux rives n&rsquo;a pas toujours fait office de promenade romantique. C&rsquo;\u00e9tait une art\u00e8re vitale de transport, sur laquelle charrettes, chevaux et m\u00eame \u2014 au d\u00e9but du XX\u1d49 si\u00e8cle \u2014 des tramways ont d\u00e9fil\u00e9 pendant des si\u00e8cles. Avant lui se trouvait le pont Judith, emport\u00e9 par une crue, ce qui obligea l&#8217;empereur Charles IV \u00e0 concevoir un ouvrage plus r\u00e9sistant.<\/p>\n<h3 class=\"wp-block-heading\"><span class=\"ez-toc-section\" id=\"La_date_magique_de_fondation_et_Peter_Parler\"><\/span><span class=\"ez-toc-section\" id=\"La_date_magique_de_fondation_et_Peter_Parler\"><\/span>La date magique de fondation et Peter Parler<span class=\"ez-toc-section-end\"><\/span><span class=\"ez-toc-section-end\"><\/span><\/h3>\n<p>L&rsquo;histoire de la construction est intimement li\u00e9e \u00e0 la mystique m\u00e9di\u00e9vale et \u00e0 l&rsquo;astronomie. Charles IV, fervent adepte de l&rsquo;astrologie, fit poser la premi\u00e8re pierre pr\u00e9cis\u00e9ment le <strong>9 juillet 1357 \u00e0 5 heures et 31 minutes<\/strong> du matin. En alignant ces chiffres, on obtient le palindrome 1-3-5-7-9-7-5-3-1, cens\u00e9 garantir l&rsquo;\u00e9ternit\u00e9 de l&rsquo;ouvrage et le prot\u00e9ger des \u00e9l\u00e9ments destructeurs. L&rsquo;architecte principal fut Peter Parler, alors \u00e2g\u00e9 de seulement vingt-sept ans, qui supervisait \u00e9galement la construction de la cath\u00e9drale Saint-Guy. \u00c0 l&rsquo;origine, on l&rsquo;appelait simplement le Pont de pierre ou le Pont de Prague \u2014 il ne porte officiellement le nom de son fondateur que depuis 1870.<\/p>\n<p>Le pont mesure 515 m\u00e8tres de long et pr\u00e8s de 10 m\u00e8tres de large. Il repose sur 16 piliers massifs en gr\u00e8s, dont les fondations furent enfonc\u00e9es profond\u00e9ment dans le lit du fleuve \u00e0 l&rsquo;aide de structures sp\u00e9ciales en bois de ch\u00eane.<\/p>\n<p><strong>\ud83d\udca1 Conseil de locale :<\/strong> Si vous \u00eates curieux de d\u00e9couvrir comment on construisait des fondations sous l&rsquo;eau au Moyen \u00c2ge, rendez-vous au <strong><a href=\"https:\/\/www.muzeumkarlovamostu.cz\/\" rel=\"nofollow noopener\" target=\"_blank\">Mus\u00e9e du Pont Charles<\/a><\/strong> sur la place K\u0159i\u017eovnick\u00e9. On y trouve d&rsquo;excellentes maquettes d\u00e9taill\u00e9es des grues m\u00e9di\u00e9vales utilis\u00e9es \u00e0 l&rsquo;\u00e9poque.<\/p>\n<figure class=\"wp-block-image size-full\"><img loading=\"lazy\" decoding=\"async\" width=\"1200\" height=\"800\" src=\"https:\/\/loudavymkrokem.cz\/wp-content\/uploads\/2026\/04\/karluv-most-4092.jpg\" alt=\"Architecture du Pont Charles \u00e0 Prague\" class=\"wp-image-151094\" title=\"\" srcset=\"https:\/\/loudavymkrokem.cz\/wp-content\/uploads\/2026\/04\/karluv-most-4092.jpg 1200w, https:\/\/loudavymkrokem.cz\/wp-content\/uploads\/2026\/04\/karluv-most-4092-300x200.jpg 300w, https:\/\/loudavymkrokem.cz\/wp-content\/uploads\/2026\/04\/karluv-most-4092-700x467.jpg 700w, https:\/\/loudavymkrokem.cz\/wp-content\/uploads\/2026\/04\/karluv-most-4092-768x512.jpg 768w, https:\/\/loudavymkrokem.cz\/wp-content\/uploads\/2026\/04\/karluv-most-4092-696x464.jpg 696w\" sizes=\"auto, (max-width: 1200px) 100vw, 1200px\"><\/figure>\n<h3 class=\"wp-block-heading\"><span class=\"ez-toc-section\" id=\"Le_mythe_des_oeufs_et_la_dure_realite_des_crues\"><\/span><span class=\"ez-toc-section\" id=\"Le_mythe_des_oeufs_et_la_dure_realite_des_crues\"><\/span>Le mythe des \u0153ufs et la dure r\u00e9alit\u00e9 des crues<span class=\"ez-toc-section-end\"><\/span><span class=\"ez-toc-section-end\"><\/span><\/h3>\n<p>Pratiquement chaque \u00e9colier tch\u00e8que a entendu la l\u00e9gende selon laquelle on ajoutait des \u0153ufs au mortier pour renforcer la ma\u00e7onnerie \u2014 et comment les habitants de Velvary avaient envoy\u00e9 des \u0153ufs durs par erreur, pour qu&rsquo;ils ne se cassent pas en route. Les analyses chimiques du d\u00e9but du XXI\u1d49 si\u00e8cle avaient d&rsquo;abord confirm\u00e9 des traces de prot\u00e9ines d&rsquo;\u0153uf, mais une \u00e9tude plus r\u00e9cente de 2010 les a infirm\u00e9es. Il s&rsquo;est av\u00e9r\u00e9 que les ma\u00e7ons m\u00e9di\u00e9vaux utilisaient plut\u00f4t du lait et des lies de vin. Quoi qu&rsquo;il en soit, l&rsquo;ouvrage a d\u00fb affronter de nombreuses \u00e9preuves au fil de son existence. Les moments les plus critiques furent les crues d\u00e9vastatrices, notamment celle de 1890, lorsque la Vltava en furie emporta trois de ses arches.<\/p>\n<p>Aujourd&rsquo;hui, le monument est prot\u00e9g\u00e9 par un syst\u00e8me de barri\u00e8res modernes en amont du fleuve, et des ing\u00e9nieurs surveillent r\u00e9guli\u00e8rement la stabilit\u00e9 des piliers \u00e0 l&rsquo;aide de capteurs laser.<\/p>\n<p><strong>\ud83d\udca1 Conseil de locale :<\/strong> En vous promenant le long de la Vltava sur l&rsquo;\u00eele de Kampa, rep\u00e9rez les discr\u00e8tes marques m\u00e9talliques sur certaines maisons historiques. Elles indiquent le niveau atteint par les eaux lors des crues catastrophiques de 2002. La hauteur donne le vertige.<\/p>\n<div class=\"lk-zazitky-module\">\n<style>\n.lk-zazitky-module * { box-sizing: border-box; margin: 0; padding: 0; }\n.lk-zazitky-module {\n  font-family: 'DM Sans', Georgia, sans-serif;\n  max-width: 100%;\n  margin: 2.5rem auto;\n  background: linear-gradient(135deg, #fdf6f3 0%, #fbede7 100%);\n  border: 1px solid #f0d9cc;\n  border-radius: 16px;\n  overflow: hidden;\n  box-shadow: 0 16px 48px rgba(217, 119, 87, 0.18), 0 4px 12px rgba(0,0,0,0.06);\n}\n.lk-zazitky-header {\n  position: relative;\n  padding: 24px 32px;\n  background: linear-gradient(135deg, #d97757 0%, #c46b4b 60%, #d97757 100%);\n  display: flex;\n  align-items: center;\n  gap: 18px;\n}\n.lk-zazitky-header::before {\n  content: '';\n  position: absolute;\n  inset: 0;\n  background: url(\"data:image\/svg+xml,%3Csvg width='60' height='60' viewBox='0 0 60 60' xmlns='http:\/\/www.w3.org\/2000\/svg'%3E%3Cg fill='none' fill-rule='evenodd'%3E%3Cg fill='%23ffffff' fill-opacity='0.05'%3E%3Cpath d='M36 34v-4h-2v4h-4v2h4v4h2v-4h4v-2h-4zm0-30V0h-2v4h-4v2h4v4h2V6h4V4h-4zM6 34v-4H4v4H0v2h4v4h2v-4h4v-2H6zM6 4V0H4v4H0v2h4v4h2V6h4V4H6z'\/%3E%3C\/g%3E%3C\/g%3E%3C\/svg%3E\") repeat;\n  pointer-events: none;\n}\n.lk-zazitky-header img {\n  width: 64px; height: 64px; border-radius: 12px; flex-shrink: 0;\n  object-fit: cover; box-shadow: 0 4px 12px rgba(0,0,0,0.18); position: relative; z-index: 1;\n}\n.lk-zazitky-header-text { position: relative; z-index: 1; }\n.lk-zazitky-eyebrow {\n  font-size: 10px; font-weight: 600; letter-spacing: 2.5px; text-transform: uppercase;\n  color: rgba(255,255,255,.92); margin-bottom: 5px;\n}\n.lk-zazitky-title {\n  font-family: 'Playfair Display', Georgia, serif;\n  font-size: 24px; font-weight: 700; color: #fff; line-height: 1.2;\n  text-shadow: 0 1px 2px rgba(0,0,0,0.12);\n}\n.lk-zazitky-subtitle {\n  font-size: 13px; color: rgba(255,255,255,.85); margin-top: 4px; font-weight: 300;\n}\n.lk-zazitky-grid {\n  display: grid;\n  grid-template-columns: 1fr 1fr 1fr;\n  gap: 1px;\n  background: rgba(217, 119, 87, 0.12);\n}\n.lk-zazitek-card {\n  background: #ffffff; padding: 22px; display: flex; flex-direction: column; gap: 11px;\n  transition: all 0.3s ease; text-decoration: none; color: inherit; position: relative;\n}\n.lk-zazitek-card:hover {\n  background: #fffaf7; transform: translateY(-2px);\n  box-shadow: 0 8px 24px rgba(217, 119, 87, 0.15); z-index: 1;\n}\n.lk-zazitek-card.is-category {\n  background: linear-gradient(135deg, #fffaf7 0%, #fff3eb 100%);\n  box-shadow: inset 0 1px 0 rgba(217, 119, 87, 0.1);\n}\n.lk-zazitek-card.is-category:hover {\n  background: linear-gradient(135deg, #fff7f2 0%, #ffeee3 100%);\n}\n.lk-zazitek-badge {\n  display: inline-flex; align-items: center; gap: 5px;\n  font-size: 10px; font-weight: 600; letter-spacing: 1.5px; text-transform: uppercase;\n  padding: 5px 11px; border-radius: 20px; width: fit-content;\n  background: rgba(217, 119, 87, 0.10); color: #c46b4b; border: 1px solid rgba(217, 119, 87, 0.22);\n}\n.lk-zazitek-card.is-category .lk-zazitek-badge {\n  background: linear-gradient(135deg, #d97757 0%, #c46b4b 100%); color: #fff;\n  border-color: #c46b4b; box-shadow: 0 2px 8px rgba(217, 119, 87, 0.28);\n}\n.lk-zazitek-name {\n  font-family: 'Playfair Display', Georgia, serif;\n  font-size: 17px; font-weight: 700; color: #111827; line-height: 1.3;\n}\n.lk-zazitek-desc {\n  font-size: 13px; color: #525252; line-height: 1.6; font-weight: 300; flex: 1;\n}\n.lk-zazitek-meta { display: flex; align-items: center; gap: 12px; flex-wrap: wrap; margin-top: 4px; }\n.lk-zazitek-price { font-size: 13px; color: #6b7280; }\n.lk-zazitek-price strong { color: #c46b4b; font-weight: 600; }\n.lk-zazitek-cta {\n  display: inline-flex; align-items: center; justify-content: center; gap: 7px;\n  margin-top: 8px; padding: 11px 16px; border-radius: 8px;\n  background: linear-gradient(135deg, #d97757 0%, #c46b4b 100%);\n  color: #fff; font-size: 13px; font-weight: 500; text-decoration: none;\n  letter-spacing: .3px; transition: all .2s ease; cursor: pointer; border: none;\n  text-align: center; box-shadow: 0 4px 12px rgba(217, 119, 87, 0.28);\n  white-space: nowrap;\n}\n.lk-zazitek-cta:hover {\n  background: linear-gradient(135deg, #c46b4b 0%, #b35e3f 100%);\n  transform: translateY(-1px); box-shadow: 0 6px 16px rgba(217, 119, 87, 0.38);\n}\n.lk-zazitek-card.is-category .lk-zazitek-cta {\n  background: linear-gradient(135deg, #3685fc 0%, #2a6fd9 100%);\n  box-shadow: 0 4px 12px rgba(54, 133, 252, 0.22);\n}\n.lk-zazitek-card.is-category .lk-zazitek-cta:hover {\n  background: linear-gradient(135deg, #2a6fd9 0%, #1e5bc4 100%);\n  box-shadow: 0 6px 16px rgba(54, 133, 252, 0.32);\n}\n.lk-zazitky-footer {\n  padding: 16px 32px;\n  background: linear-gradient(to bottom, #fdf6f3 0%, #f9eae2 100%);\n  border-top: 1px solid rgba(217, 119, 87, 0.18);\n  display: flex; align-items: center; justify-content: center; flex-wrap: wrap; gap: 12px;\n}\n.lk-zazitky-discount {\n  display: inline-flex; align-items: center; gap: 8px;\n  font-size: 13px; color: #6b3a26; font-weight: 500;\n}\n.lk-zazitky-discount-code {\n  font-family: 'Courier New', monospace; font-weight: 700; color: #c46b4b;\n  background: rgba(217, 119, 87, 0.12); padding: 4px 10px; border-radius: 6px;\n  letter-spacing: 1px; font-size: 13px;\n}\n.lk-zazitky-disclaimer {\n  font-size: 11px; color: #8a6e60; font-weight: 300; line-height: 1.5;\n}\n.lk-zazitky-disclaimer a { color: #c46b4b; text-decoration: none; }\n.lk-zazitky-disclaimer a:hover { text-decoration: underline; }\n@media (max-width: 720px) {\n  .lk-zazitky-grid { grid-template-columns: 1fr; }\n  .lk-zazitky-header { padding: 20px 18px; }\n  .lk-zazitky-footer { padding: 14px 18px; }\n  .lk-zazitek-card { padding: 20px; }\n  .lk-zazitky-title { font-size: 20px; }\n}\n<\/style>\n<div class=\"lk-zazitky-header\">\n    <img decoding=\"async\" src=\"https:\/\/loudavymkrokem.cz\/wp-content\/uploads\/2026\/02\/lukas-a-lucka.jpg\" alt=\"Luk\u00e1\u0161 et Lucie\" title=\"\"><\/p>\n<div class=\"lk-zazitky-header-text\">\n<div class=\"lk-zazitky-eyebrow\">Le coup de c\u0153ur de Luk\u00e1\u0161 et Lucie<\/div>\n<div class=\"lk-zazitky-title\">Vivez Prague autrement<\/div>\n<div class=\"lk-zazitky-subtitle\">3 exp\u00e9riences test\u00e9es avec 5 % de r\u00e9duction chez notre partenaire Firma na z\u00e1\u017eitky<\/div>\n<\/p><\/div>\n<\/p><\/div>\n<div class=\"lk-zazitky-grid\">\n<p>    <a class=\"lk-zazitek-card\" href=\"https:\/\/www.firmanazazitky.cz\/plavba-po-vltave-s-obedem?utm_source=loudavymkrokem&amp;utm_medium=referral&amp;utm_campaign=karluv-most-pruvodce-od-mistni-historie-sochy-nejlepsi-cas&amp;utm_content=zazitek-1\" target=\"_blank\" rel=\"nofollow noopener sponsored\"><br \/>\n      <span class=\"lk-zazitek-badge\">\ud83d\udee5 Croisi\u00e8re<\/span><\/p>\n<div class=\"lk-zazitek-name\">Croisi\u00e8re sur la Vltava avec d\u00e9jeuner<\/div>\n<div class=\"lk-zazitek-desc\">Le Pont Charles vu d&rsquo;une perspective impossible \u00e0 pied \u2014 une croisi\u00e8re paisible sous ses arches avec d\u00e9jeuner pour deux inclus.<\/div>\n<div class=\"lk-zazitek-meta\">\n        <span class=\"lk-zazitek-price\">\u00e0 partir de <strong>84 \u20ac<\/strong><\/span>\n      <\/div>\n<p>      <span class=\"lk-zazitek-cta\"><br \/>\n        <svg width=\"14\" height=\"14\" viewBox=\"0 0 24 24\" fill=\"none\" stroke=\"currentColor\" stroke-width=\"2\"><path d=\"M18 13v6a2 2 0 0 1-2 2H5a2 2 0 0 1-2-2V8a2 2 0 0 1 2-2h6\"\/><polyline points=\"15 3 21 3 21 9\"\/><line x1=\"10\" y1=\"14\" x2=\"21\" y2=\"3\"\/><\/svg><br \/>\n        R\u00e9server avec r\u00e9duction<br \/>\n      <\/span><br \/>\n    <\/a><\/p>\n<p>    <a class=\"lk-zazitek-card\" href=\"https:\/\/www.firmanazazitky.cz\/4-chodove-obedove-menu-v-tancicim-dome?utm_source=loudavymkrokem&amp;utm_medium=referral&amp;utm_campaign=karluv-most-pruvodce-od-mistni-historie-sochy-nejlepsi-cas&amp;utm_content=zazitek-2\" target=\"_blank\" rel=\"nofollow noopener sponsored\"><br \/>\n      <span class=\"lk-zazitek-badge\">\ud83c\udf7d Gastro<\/span><\/p>\n<div class=\"lk-zazitek-name\">Menu 4 plats \u00e0 la Maison dansante<\/div>\n<div class=\"lk-zazitek-desc\">\u00c0 quelques minutes du Pont Charles le long de la rivi\u00e8re \u2014 un d\u00e9jeuner dans le restaurant iconique avec vue sur le Ch\u00e2teau de Prague.<\/div>\n<div class=\"lk-zazitek-meta\">\n        <span class=\"lk-zazitek-price\">\u00e0 partir de <strong>75 \u20ac<\/strong><\/span>\n      <\/div>\n<p>      <span class=\"lk-zazitek-cta\"><br \/>\n        <svg width=\"14\" height=\"14\" viewBox=\"0 0 24 24\" fill=\"none\" stroke=\"currentColor\" stroke-width=\"2\"><path d=\"M18 13v6a2 2 0 0 1-2 2H5a2 2 0 0 1-2-2V8a2 2 0 0 1 2-2h6\"\/><polyline points=\"15 3 21 3 21 9\"\/><line x1=\"10\" y1=\"14\" x2=\"21\" y2=\"3\"\/><\/svg><br \/>\n        R\u00e9server avec r\u00e9duction<br \/>\n      <\/span><br \/>\n    <\/a><\/p>\n<p>    <a class=\"lk-zazitek-card is-category\" href=\"https:\/\/www.firmanazazitky.cz\/gurmanske-zazitky-praha\/?utm_source=loudavymkrokem&amp;utm_medium=referral&amp;utm_campaign=karluv-most-pruvodce-od-mistni-historie-sochy-nejlepsi-cas&amp;utm_content=kategorie\" target=\"_blank\" rel=\"nofollow noopener sponsored\"><br \/>\n      <span class=\"lk-zazitek-badge\">\u2b50 Tout<\/span><\/p>\n<div class=\"lk-zazitek-name\">Exp\u00e9riences gourmandes \u00e0 Prague<\/div>\n<div class=\"lk-zazitek-desc\">Les meilleurs restaurants, d\u00e9gustations et exp\u00e9riences gastronomiques de Prague, s\u00e9lectionn\u00e9s pour les fins gourmets.<\/div>\n<p>      <span class=\"lk-zazitek-cta\"><br \/>\n        Parcourir les exp\u00e9riences<br \/>\n        <svg width=\"12\" height=\"12\" viewBox=\"0 0 24 24\" fill=\"none\" stroke=\"currentColor\" stroke-width=\"2.5\"><polyline points=\"9 18 15 12 9 6\"\/><\/svg><br \/>\n      <\/span><br \/>\n    <\/a><\/p><\/div>\n<div class=\"lk-zazitky-footer\">\n    <span class=\"lk-zazitky-discount\"><br \/>\n      \u2b50 R\u00e9duction de 5 % avec le code<br \/>\n      <span class=\"lk-zazitky-discount-code\">LOUDAVYMKROKEM5<\/span><br \/>\n    <\/span>\n  <\/div>\n<\/div>\n<h3 class=\"wp-block-heading\"><span class=\"ez-toc-section\" id=\"Bradac_le_systeme_dalerte_de_Prague\"><\/span><span class=\"ez-toc-section\" id=\"Bradac_le_systeme_d_alerte_de_Prague\"><\/span>Brad\u00e1\u010d : le syst\u00e8me d&rsquo;alerte de Prague<span class=\"ez-toc-section-end\"><\/span><span class=\"ez-toc-section-end\"><\/span><\/h3>\n<p>Quand vous vous trouvez devant la tour de la Vieille Ville et que vous regardez vers le bas, au niveau de la ma\u00e7onnerie du quai, vous apercevrez un relief en pierre repr\u00e9sentant une t\u00eate d&rsquo;homme. Il s&rsquo;appelle Brad\u00e1\u010d (litt\u00e9ralement \u00ab le Barbu \u00bb) et il a servi pendant des si\u00e8cles d&rsquo;indicateur de niveau d&rsquo;eau aussi simple qu&rsquo;infaillible. Les Praguois savaient que d\u00e8s que les eaux de la Vltava montaient au point de toucher la barbe de Brad\u00e1\u010d, c&rsquo;\u00e9tait mauvais signe et la Vieille Ville commen\u00e7ait \u00e0 \u00eatre inond\u00e9e. Ce relief faisait \u00e0 l&rsquo;origine partie de l&rsquo;ancien pont Judith, et lorsque celui-ci fut emport\u00e9 par les eaux, les b\u00e2tisseurs le sauv\u00e8rent pieusement pour l&rsquo;int\u00e9grer au nouveau pont.<\/p>\n<p>Vous verrez le mieux Brad\u00e1\u010d depuis la place K\u0159i\u017eovnick\u00e9, en vous penchant par-dessus la balustrade en pierre pr\u00e8s de la statue de Charles IV et en regardant droit vers la surface de l&rsquo;eau.<\/p>\n<p><strong>\ud83d\udca1 Conseil de locale :<\/strong> Selon une vieille l\u00e9gende pragoise, le visage de Brad\u00e1\u010d repr\u00e9senterait le ma\u00eetre d&rsquo;\u0153uvre italien du premier pont de pierre de Prague, qui continue ainsi de veiller sur la ville et la rivi\u00e8re jusqu&rsquo;\u00e0 aujourd&rsquo;hui.<\/p>\n<figure class=\"wp-block-image size-full\"><img loading=\"lazy\" decoding=\"async\" width=\"1200\" height=\"800\" src=\"https:\/\/loudavymkrokem.cz\/wp-content\/uploads\/2026\/04\/karluv-most-4144.jpg\" alt=\"D\u00e9tail architectural du Pont Charles\" class=\"wp-image-151100\" title=\"\" srcset=\"https:\/\/loudavymkrokem.cz\/wp-content\/uploads\/2026\/04\/karluv-most-4144.jpg 1200w, https:\/\/loudavymkrokem.cz\/wp-content\/uploads\/2026\/04\/karluv-most-4144-300x200.jpg 300w, https:\/\/loudavymkrokem.cz\/wp-content\/uploads\/2026\/04\/karluv-most-4144-700x467.jpg 700w, https:\/\/loudavymkrokem.cz\/wp-content\/uploads\/2026\/04\/karluv-most-4144-768x512.jpg 768w, https:\/\/loudavymkrokem.cz\/wp-content\/uploads\/2026\/04\/karluv-most-4144-696x464.jpg 696w\" sizes=\"auto, (max-width: 1200px) 100vw, 1200px\"><\/figure>\n<h2 class=\"wp-block-heading\"><span class=\"ez-toc-section\" id=\"Les_statues_du_Pont_Charles_un_musee_a_ciel_ouvert\"><\/span><span class=\"ez-toc-section\" id=\"Les_statues_du_Pont_Charles_un_musee_a_ciel_ouvert\"><\/span>Les statues du Pont Charles : un mus\u00e9e \u00e0 ciel ouvert<span class=\"ez-toc-section-end\"><\/span><span class=\"ez-toc-section-end\"><\/span><\/h2>\n<p>\u00c0 l&rsquo;origine, la travers\u00e9e du fleuve \u00e9tait rest\u00e9e longtemps quasiment nue, orn\u00e9e d&rsquo;un simple crucifix en bois. C&rsquo;est l&rsquo;\u00e9poque baroque des XVII\u1d49 et XVIII\u1d49 si\u00e8cles qui en a fait la galerie de sculptures \u00e0 ciel ouvert que nous connaissons aujourd&rsquo;hui. Actuellement, trente statues et groupes sculpt\u00e9s se dressent sur le pont. Mais une grande partie d&rsquo;entre eux sont d\u00e9sormais de m\u00e9ticuleuses copies en gr\u00e8s. La ville a mis les originaux \u00e0 l&rsquo;abri des intemp\u00e9ries et de la pollution au <a href=\"https:\/\/www.nm.cz\/\" rel=\"nofollow noopener\" target=\"_blank\">Lapidarium du Mus\u00e9e national<\/a> au parc des expositions et dans la salle obscure de <strong>Gorlice<\/strong>, dans les fortifications de Vy\u0161ehrad.<\/p>\n<h3 class=\"wp-block-heading\"><span class=\"ez-toc-section\" id=\"Saint_Jean_Nepomucene_et_le_rituel_porte-bonheur\"><\/span><span class=\"ez-toc-section\" id=\"Saint_Jean_Nepomucene_et_le_rituel_porte-bonheur\"><\/span>Saint Jean N\u00e9pomuc\u00e8ne et le rituel porte-bonheur<span class=\"ez-toc-section-end\"><\/span><span class=\"ez-toc-section-end\"><\/span><\/h3>\n<p>C&rsquo;est le grand classique absolu et probablement la statue la plus photographi\u00e9e de tout le parcours. Cr\u00e9\u00e9e en 1683 par <strong>Jan Brokoff<\/strong>, elle se trouve \u00e0 peu pr\u00e8s \u00e0 mi-chemin, sur le c\u00f4t\u00e9 droit quand on marche vers Hrad\u010dany. Selon la l\u00e9gende, Jean N\u00e9pomuc\u00e8ne fut jet\u00e9 dans la Vltava depuis cet endroit m\u00eame parce qu&rsquo;il refusait de r\u00e9v\u00e9ler au roi Venceslas IV le secret de confession de la reine. Sous la statue, deux reliefs en bronze sont polis jusqu&rsquo;\u00e0 briller d&rsquo;un \u00e9clat dor\u00e9 par les mains de millions de visiteurs. Les toucher est cens\u00e9 porter chance et garantir un futur retour \u00e0 Prague.<\/p>\n<p>Vous rep\u00e9rerez facilement la statue de loin : elle porte autour de la t\u00eate une aur\u00e9ole caract\u00e9ristique \u00e0 cinq \u00e9toiles, et un petit attroupement s&rsquo;y forme g\u00e9n\u00e9ralement, chacun attendant son tour pour caresser le relief.<\/p>\n<p><strong>\ud83d\udca1 Conseil de locale :<\/strong> Ne touchez pas le chien sur le relief de gauche ! M\u00eame s&rsquo;il est lui aussi poli par les touristes, la l\u00e9gende originale ne parle que du contact avec la figure de Jean N\u00e9pomuc\u00e8ne tombant dans le fleuve, que vous trouverez sur le c\u00f4t\u00e9 droit du socle.<\/p>\n<h3 class=\"wp-block-heading\"><span class=\"ez-toc-section\" id=\"Le_Songe_de_sainte_Lutgarde\"><\/span><span class=\"ez-toc-section\" id=\"Le_Songe_de_sainte_Lutgarde\"><\/span>Le Songe de sainte Lutgarde<span class=\"ez-toc-section-end\"><\/span><span class=\"ez-toc-section-end\"><\/span><\/h3>\n<p>Si je devais choisir un seul groupe sculpt\u00e9 qui surpasse tous les autres sur le plan artistique, ce serait <strong>Le Songe de sainte Lutgarde<\/strong> de <strong>Maty\u00e1\u0161 Bernard Braun<\/strong>. Ce chef-d&rsquo;\u0153uvre du baroque tch\u00e8que se trouve plus pr\u00e8s de la rive de Mal\u00e1 Strana. Braun le sculpta en 1710, \u00e0 seulement 26 ans. La composition de la religieuse cistercienne aveugle, vers laquelle le Christ se penche depuis la croix pour qu&rsquo;elle boive le sang de sa plaie, est d&rsquo;une dynamique et d&rsquo;une \u00e9motion incroyables. M\u00eame de loin, on voit comment le sculpteur a su dompter le gr\u00e8s dur pour lui donner l&rsquo;illusion de l\u00e9gers drap\u00e9s agit\u00e9s par le vent.<\/p>\n<p>C&rsquo;est la douzi\u00e8me statue sur le c\u00f4t\u00e9 gauche en venant de la Vieille Ville. L&rsquo;original de 1710 est aujourd&rsquo;hui conserv\u00e9 en s\u00e9curit\u00e9 au Lapidarium, et c&rsquo;est une copie qui tr\u00f4ne sur le pont.<\/p>\n<p><strong>\ud83d\udca1 Conseil de locale :<\/strong> Essayez d&rsquo;observer la statue en contre-plong\u00e9e depuis le pilier sous le pont (on y acc\u00e8de par un escalier depuis l&rsquo;\u00eele de Kampa). Vous obtiendrez une perspective totalement diff\u00e9rente sur le fascinant travail de Braun avec l&rsquo;espace et la profondeur.<\/p>\n<figure class=\"wp-block-image size-full\"><img loading=\"lazy\" decoding=\"async\" width=\"1200\" height=\"800\" src=\"https:\/\/loudavymkrokem.cz\/wp-content\/uploads\/2026\/04\/karluv-most-4148.jpg\" alt=\"Statues baroques sur le Pont Charles\" class=\"wp-image-151099\" title=\"\" srcset=\"https:\/\/loudavymkrokem.cz\/wp-content\/uploads\/2026\/04\/karluv-most-4148.jpg 1200w, https:\/\/loudavymkrokem.cz\/wp-content\/uploads\/2026\/04\/karluv-most-4148-300x200.jpg 300w, https:\/\/loudavymkrokem.cz\/wp-content\/uploads\/2026\/04\/karluv-most-4148-700x467.jpg 700w, https:\/\/loudavymkrokem.cz\/wp-content\/uploads\/2026\/04\/karluv-most-4148-768x512.jpg 768w, https:\/\/loudavymkrokem.cz\/wp-content\/uploads\/2026\/04\/karluv-most-4148-696x464.jpg 696w\" sizes=\"auto, (max-width: 1200px) 100vw, 1200px\"><\/figure>\n<h3 class=\"wp-block-heading\"><span class=\"ez-toc-section\" id=\"Le_groupe_de_saint_Vincent_Ferrier_et_saint_Procope\"><\/span><span class=\"ez-toc-section\" id=\"Le_groupe_de_saint_Vincent_Ferrier_et_saint_Procope\"><\/span>Le groupe de saint Vincent Ferrier et saint Procope<span class=\"ez-toc-section-end\"><\/span><span class=\"ez-toc-section-end\"><\/span><\/h3>\n<p>Ce groupe monumental et assez terrifiant, sculpt\u00e9 par <strong>Ferdinand Maxmili\u00e1n Brokoff<\/strong>, fait partie de mes pr\u00e9f\u00e9r\u00e9s quand je veux montrer \u00e0 quelqu&rsquo;un \u00e0 quel point le baroque pouvait \u00eatre sombre et sauvage. Il repr\u00e9sente saint Vincent ressuscitant un mort et chassant un d\u00e9mon, tandis que saint Procope repousse les forces du mal avec sa croix. \u00c0 leurs pieds gisent des diables et des p\u00e9cheurs vaincus, dont les corps tordus de spasmes et les visages emplis de souffrance forment un contraste saisissant avec les visages sereins des saints. Quand j&rsquo;\u00e9tais \u00e9tudiante, je venais ici avec mon appareil photo \u00e9tudier les d\u00e9tails anatomiques de ces d\u00e9mons terrass\u00e9s \u2014 vus de pr\u00e8s, ils sont d&rsquo;un r\u00e9alisme presque effrayant.<\/p>\n<p>Le groupe se situe pr\u00e8s de l&rsquo;extr\u00e9mit\u00e9 c\u00f4t\u00e9 Mal\u00e1 Strana : c&rsquo;est la sixi\u00e8me statue \u00e0 gauche en venant de la Vieille Ville.<\/p>\n<p><strong>\ud83d\udca1 Conseil de locale :<\/strong> Remarquez la figure du Turc renfrogn\u00e9 avec un fouet et un chien de garde pr\u00e8s du groupe de saint Jean de Matha, F\u00e9lix de Valois et Ivan, qui se trouve juste en face. C&rsquo;est le fameux \u00ab Turc de Prague \u00bb, que les enfants du quartier prenaient souvent pour un personnage de conte et regardent encore aujourd&rsquo;hui avec respect.<\/p>\n<h2 class=\"wp-block-heading\"><span class=\"ez-toc-section\" id=\"Les_tours_du_Pont_Charles_vues_den_haut\"><\/span><span class=\"ez-toc-section\" id=\"Les_tours_du_Pont_Charles_vues_d_en_haut\"><\/span>Les tours du Pont Charles : vues d&rsquo;en haut<span class=\"ez-toc-section-end\"><\/span><span class=\"ez-toc-section-end\"><\/span><\/h2>\n<p>Les deux tours sont ouvertes au public et offrent des panoramas si diff\u00e9rents que je vous recommande de monter sur les deux. Personnellement, j&rsquo;ai un faible pour le c\u00f4t\u00e9 de Mal\u00e1 Strana \u2014 mais j&rsquo;y reviendrai dans un instant.<\/p>\n<h3 class=\"wp-block-heading\"><span class=\"ez-toc-section\" id=\"La_tour_de_la_Vieille_Ville\"><\/span><span class=\"ez-toc-section\" id=\"La_tour_de_la_Vieille_Ville\"><\/span>La tour de la Vieille Ville<span class=\"ez-toc-section-end\"><\/span><span class=\"ez-toc-section-end\"><\/span><\/h3>\n<p>Cette massive porte gothique fut con\u00e7ue par le fameux Peter Parler, et les architectes la consid\u00e8rent souvent comme l&rsquo;une des plus belles tours gothiques de toute l&rsquo;Europe. Sa fa\u00e7ade orientale, tourn\u00e9e vers la Vieille Ville, est richement orn\u00e9e de statues de Charles IV, Venceslas IV et des saints patrons de la Boh\u00eame. Durant la guerre de Trente Ans, cependant, sa face ouest fut gravement endommag\u00e9e par les tirs d&rsquo;artillerie su\u00e9dois, lorsque les troupes tentaient de prendre la rive droite. \u00c0 l&rsquo;int\u00e9rieur, 138 marches et une exposition myst\u00e9rieuse vous attendent avant de d\u00e9boucher sur un balcon-belv\u00e9d\u00e8re offrant une vue en enfilade droit vers Hrad\u010dany. Surtout en automne, quand les arbres de Kampa virent au jaune, cette perspective est tout simplement impayable.<\/p>\n<p>Ouvert tous les jours. En \u00e9t\u00e9 de 9 h \u00e0 21 h, en hiver la fermeture est plus pr\u00e9coce, g\u00e9n\u00e9ralement \u00e0 18 h. L&rsquo;entr\u00e9e adulte de base co\u00fbte environ 8 \u20ac (tarifs 2026).<\/p>\n<p><strong>\ud83d\udca1 Conseil de locale :<\/strong> Achetez directement \u00e0 la caisse un billet combin\u00e9 pour les deux tours. Cela revient moins cher au total, et vous disposez de plusieurs jours pour utiliser le second acc\u00e8s \u2014 pas besoin de grimper deux escaliers d&rsquo;affil\u00e9e.<\/p>\n<h3 class=\"wp-block-heading\"><span class=\"ez-toc-section\" id=\"Les_tours_de_Mala_Strana\"><\/span><span class=\"ez-toc-section\" id=\"Les_tours_de_Mala_Strana\"><\/span>Les tours de Mal\u00e1 Strana<span class=\"ez-toc-section-end\"><\/span><span class=\"ez-toc-section-end\"><\/span><\/h3>\n<p>Sur l&rsquo;autre rive, ce n&rsquo;est pas une mais deux tours reli\u00e9es par un passage vo\u00fbt\u00e9 cr\u00e9nel\u00e9 qui vous accueillent. <strong>La plus basse, dite tour de Judith, est d&rsquo;origine romane et se souvient encore du pr\u00e9d\u00e9cesseur de l&rsquo;actuel Pont Charles.<\/strong> La plus haute, gothique, date du XV\u1d49 si\u00e8cle et fut \u00e9rig\u00e9e comme un pendant sym\u00e9trique de la tour de la Vieille Ville, m\u00eame si sa d\u00e9coration ext\u00e9rieure est nettement plus sobre et aust\u00e8re. L&rsquo;exposition \u00e0 l&rsquo;int\u00e9rieur retrace l&rsquo;histoire des ponts de Prague, et la vue depuis le balcon sup\u00e9rieur sur les toits de Mal\u00e1 Strana et la raide rue Nerudova montant vers le Ch\u00e2teau de Prague d\u00e9gage une atmosph\u00e8re bien plus intimiste et chaleureuse que celle de la rive oppos\u00e9e.<\/p>\n<p>L&rsquo;entr\u00e9e est la m\u00eame \u2014 environ 8 \u20ac \u2014 et apr\u00e8s avoir achet\u00e9 votre billet au rez-de-chauss\u00e9e, 146 marches en bois vous attendent.<\/p>\n<p><strong>\ud83d\udca1 Conseil de locale :<\/strong> L&rsquo;exposition dans la tour de Mal\u00e1 Strana est nettement moins fr\u00e9quent\u00e9e et plus calme. Si vous n&rsquo;aimez pas les espaces confin\u00e9s bond\u00e9s de touristes, choisissez plut\u00f4t cette mont\u00e9e sur la rive gauche.<\/p>\n<h2 class=\"wp-block-heading\"><span class=\"ez-toc-section\" id=\"Informations_pratiques\"><\/span><span class=\"ez-toc-section\" id=\"Informations_pratiques\"><\/span>Informations pratiques<span class=\"ez-toc-section-end\"><\/span><span class=\"ez-toc-section-end\"><\/span><\/h2>\n<p>Maintenant, la partie un peu r\u00e9barbative mais salvatrice : quelques d\u00e9tails qui m&rsquo;ont personnellement prise au d\u00e9pourvu jadis et que je pr\u00e9f\u00e8re vous r\u00e9v\u00e9ler en amont.<\/p>\n<h3 class=\"wp-block-heading\"><span class=\"ez-toc-section\" id=\"Transports_et_comment_rejoindre_le_pont\"><\/span><span class=\"ez-toc-section\" id=\"Transports_et_comment_rejoindre_le_pont\"><\/span>Transports et comment rejoindre le pont<span class=\"ez-toc-section-end\"><\/span><span class=\"ez-toc-section-end\"><\/span><\/h3>\n<p>Toute la zone est une stricte zone pi\u00e9tonne, donc impossible d&rsquo;y arriver en voiture. Quant aux taxis non r\u00e9serv\u00e9s qui vous proposeront de vous d\u00e9poser au plus pr\u00e8s du quai, pr\u00e9parez-vous \u00e0 un tarif sans aucun rapport avec la distance parcourue. Le mieux est d&rsquo;utiliser les <a href=\"https:\/\/pid.cz\/\" rel=\"nofollow noopener\" target=\"_blank\">transports en commun pragois, fiables et bon march\u00e9<\/a>. Sur la rive droite, descendez \u00e0 la station de m\u00e9tro ligne A ou aux arr\u00eats de tram 17 et 18 \u00e0 <strong>Starom\u011bstsk\u00e1<\/strong>. De l\u00e0, comptez environ cinq minutes \u00e0 pied en traversant la place K\u0159i\u017eovnick\u00e9. C\u00f4t\u00e9 Mal\u00e1 Strana, le l\u00e9gendaire tram 22 (ou les lignes 12, 15, 20) vous d\u00e9pose \u00e0 l&rsquo;arr\u00eat <strong>Malostransk\u00e9 n\u00e1m\u011bst\u00ed<\/strong>, d&rsquo;o\u00f9 il suffit de descendre la douce pente de la rue Mosteck\u00e1 jusqu&rsquo;aux tours.<\/p>\n<p>Depuis Paris, Prague est tr\u00e8s accessible : des vols directs avec Air France, Transavia ou easyJet relient Paris-CDG ou Orly \u00e0 l&rsquo;a\u00e9roport V\u00e1clav Havel en environ 1 h 45. Un ticket de transport en commun de 30 minutes co\u00fbte environ <strong>1,20 \u20ac<\/strong> et suffit largement pour les trajets depuis la plupart des quartiers centraux comme la place Venceslas ou la gare principale.<\/p>\n<p><strong>\ud83d\udca1 Conseil de locale :<\/strong> Pour les familles avec poussette : la rampe d&rsquo;acc\u00e8s des deux c\u00f4t\u00e9s est certes pav\u00e9e de gros pav\u00e9s, mais enti\u00e8rement d\u00e9pourvue de marches. En revanche, si vous voulez descendre \u00e0 mi-parcours directement sur l&rsquo;\u00eele de Kampa vers le canal \u010certovka, il faut affronter un escalier en pierre assez raide. Avec une poussette, il faudra soit contourner par Malostransk\u00e9 n\u00e1m\u011bst\u00ed, soit porter la poussette dans les marches.<\/p>\n<figure class=\"wp-block-image size-full\"><img loading=\"lazy\" decoding=\"async\" width=\"1200\" height=\"800\" src=\"https:\/\/loudavymkrokem.cz\/wp-content\/uploads\/2025\/03\/recenze-domus-balthasar-praha-s-batoletem-2.jpg\" alt=\"Vue depuis le Domus Balthasar\" class=\"wp-image-94707\" title=\"\" srcset=\"https:\/\/loudavymkrokem.cz\/wp-content\/uploads\/2025\/03\/recenze-domus-balthasar-praha-s-batoletem-2.jpg 1200w, https:\/\/loudavymkrokem.cz\/wp-content\/uploads\/2025\/03\/recenze-domus-balthasar-praha-s-batoletem-2-300x200.jpg 300w, https:\/\/loudavymkrokem.cz\/wp-content\/uploads\/2025\/03\/recenze-domus-balthasar-praha-s-batoletem-2-700x467.jpg 700w, https:\/\/loudavymkrokem.cz\/wp-content\/uploads\/2025\/03\/recenze-domus-balthasar-praha-s-batoletem-2-768x512.jpg 768w, https:\/\/loudavymkrokem.cz\/wp-content\/uploads\/2025\/03\/recenze-domus-balthasar-praha-s-batoletem-2-696x464.jpg 696w\" sizes=\"auto, (max-width: 1200px) 100vw, 1200px\"><figcaption class=\"wp-element-caption\">Vue depuis le <a class=\"thirstylink\" rel=\"nofollow\" target=\"_blank\" title=\"Domus Balthasar Boutique Hotel\" href=\"https:\/\/loudavymkrokem.cz\/doporucujeme\/domus-balthasar-boutique-hotel\/\" data-shortcode=\"true\">Domus Balthasar<\/a><\/figcaption><\/figure>\n<h3 class=\"wp-block-heading\"><span class=\"ez-toc-section\" id=\"Visites_guidees_et_croisieres_sur_la_Vltava\"><\/span><span class=\"ez-toc-section\" id=\"Visites_guidees_et_croisieres_sur_la_Vltava\"><\/span>Visites guid\u00e9es et croisi\u00e8res sur la Vltava<span class=\"ez-toc-section-end\"><\/span><span class=\"ez-toc-section-end\"><\/span><\/h3>\n<p>Un guide vaut le coup \u2014 et c&rsquo;est moi qui le dis, moi qui suis toujours persuad\u00e9e de pouvoir tout g\u00e9rer seule avec Google et mon sens de l&rsquo;orientation. Avec Luk\u00e1\u0161, nous optons parfois pour une croisi\u00e8re en bateau, parce que contempler les massifs piliers de gr\u00e8s depuis la surface de l&rsquo;eau offre une exp\u00e9rience radicalement diff\u00e9rente, bien plus monumentale. Si les r\u00e9cits historiques ou une balade fluviale sous les arches vous tentent, d&rsquo;excellentes options sont disponibles en ligne \u2014 vous r\u00e9servez \u00e0 l&rsquo;avance et \u00e9vitez les rabatteurs sur le quai qui vendent des billets hors de prix.<\/p>\n<p>Vous trouverez toutes sortes de promenades historiques, balades nocturnes et croisi\u00e8res \u00e0 <a href=\"https:\/\/www.getyourguide.com\/prague-l10\/?partner_id=MKZ64IS\" rel=\"nofollow noopener\" target=\"_blank\">r\u00e9server sur GetYourGuide<\/a>. En \u00e9t\u00e9, je recommande de choisir plut\u00f4t les cr\u00e9neaux en fin d&rsquo;apr\u00e8s-midi, quand une fra\u00eecheur agr\u00e9able monte de la rivi\u00e8re.<\/p>\n<p><strong>\ud83d\udca1 Conseil de locale :<\/strong> Plut\u00f4t que les grands bateaux vitr\u00e9s o\u00f9 la musique est trop forte, cherchez les petites embarcations traditionnelles en bois (appel\u00e9es \u00ab vodouch \u00bb). Gr\u00e2ce \u00e0 leur faible tirant d&rsquo;eau, elles se faufilent dans l&rsquo;\u00e9troit bras de la \u010certovka, passant juste sous les balcons des vieilles maisons.<\/p>\n<h3 class=\"wp-block-heading\"><span class=\"ez-toc-section\" id=\"Ou_manger_et_ou_prendre_un_cafe_sans_tomber_dans_le_piege\"><\/span><span class=\"ez-toc-section\" id=\"Ou_manger_et_ou_prendre_un_cafe_sans_tomber_dans_le_piege\"><\/span>O\u00f9 manger et o\u00f9 prendre un caf\u00e9 (sans tomber dans le pi\u00e8ge)<span class=\"ez-toc-section-end\"><\/span><span class=\"ez-toc-section-end\"><\/span><\/h3>\n<p>Le long des axes principaux, c&rsquo;est un festival de pi\u00e8ges \u00e0 touristes. Des trdeln\u00edky d\u00e9congel\u00e9s \u00e0 des prix exorbitants et des restaurants qui vous facturent jusqu&rsquo;\u00e0 l&rsquo;air que vous respirez \u2014 sans parler du suppl\u00e9ment pour les couverts. En tant que v\u00e9g\u00e9tarienne et amatrice de bon caf\u00e9, j&rsquo;\u00e9vite g\u00e9n\u00e9ralement les rues principales adjacentes comme la peste. Quand nous passons c\u00f4t\u00e9 Mal\u00e1 Strana, on aime bien bifurquer avec la famille dans les ruelles plus discr\u00e8tes vers le mur Lennon (m\u00eame si celui-ci, h\u00e9las, se transforme de plus en plus en simple d\u00e9cor Instagram sans son message originel), ou nous nous r\u00e9fugions dans le charmant Roesel \u2013 beer &amp; cake, nich\u00e9 discr\u00e8tement juste \u00e0 c\u00f4t\u00e9 des tours. Leurs bi\u00e8res artisanales, soupes g\u00e9n\u00e9reuses et g\u00e2teaux fantastiques sont exactement ce qu&rsquo;il faut apr\u00e8s la balade. La sc\u00e8ne des caf\u00e9s \u00e9volue sans cesse \u00e0 Prague et on trouve toujours une cour int\u00e9rieure tranquille o\u00f9 l&rsquo;on vous pr\u00e9pare un excellent espresso de sp\u00e9cialit\u00e9 sans que vous ayez \u00e0 vendre un rein.<\/p>\n<p>\u00c9vitez les \u00e9tablissements install\u00e9s directement sur la place K\u0159i\u017eovnick\u00e9 et dans la rue Mosteck\u00e1. Les prix y sont calibr\u00e9s pour les touristes de passage, et la qualit\u00e9 de la cuisine, malheureusement, ne suit pas toujours.<\/p>\n<p><strong>\ud83d\udca1 Conseil de locale :<\/strong> Prenez un caf\u00e9 \u00e0 emporter dans l&rsquo;une des ruelles cach\u00e9es de Mal\u00e1 Strana et allez vous asseoir avec votre gobelet sur un banc dans les jardins Vojanovy. C&rsquo;est une oasis silencieuse, cern\u00e9e de murs, o\u00f9 des paons se prom\u00e8nent en libert\u00e9 et o\u00f9 vous ne croiserez presque aucun touriste. Vous retrouverez d&rsquo;autres adresses test\u00e9es et approuv\u00e9es dans mon guide <a href=\"https:\/\/loudavymkrokem.cz\/fr\/cafes-hipster-prague\/\">les caf\u00e9s de Prague<\/a>.<\/p>\n<h2 class=\"wp-block-heading\"><span class=\"ez-toc-section\" id=\"Questions_frequentes\"><\/span><span class=\"ez-toc-section\" id=\"Questions_frequentes\"><\/span>Questions fr\u00e9quentes<span class=\"ez-toc-section-end\"><\/span><span class=\"ez-toc-section-end\"><\/span><\/h2>\n<div id=\"rank-math-faq\" class=\"rank-math-block\">\n<div class=\"rank-math-list \">\n<div id=\"faq-question-1777047568218\" class=\"rank-math-list-item\">\n<h3 class=\"rank-math-question \"><span class=\"ez-toc-section\" id=\"Lacces_au_Pont_Charles_est-il_payant\"><\/span><span class=\"ez-toc-section\" id=\"L_acces_au_Pont_Charles_est-il_payant\"><\/span><strong>L&rsquo;acc\u00e8s au Pont Charles est-il payant ?<\/strong><span class=\"ez-toc-section-end\"><\/span><span class=\"ez-toc-section-end\"><\/span><\/h3>\n<div class=\"rank-math-answer \">\n<p>Non, la travers\u00e9e est enti\u00e8rement gratuite et ouverte 24 h\/24, 365 jours par an. Vous ne payez que si vous souhaitez monter sur les belv\u00e9d\u00e8res des tours.<\/p>\n<\/div>\n<\/div>\n<div id=\"faq-question-1777047574289\" class=\"rank-math-list-item\">\n<h3 class=\"rank-math-question \"><span class=\"ez-toc-section\" id=\"Quand_y_a-t-il_le_moins_de_monde\"><\/span><span class=\"ez-toc-section\" id=\"Quand_y_a-t-il_le_moins_de_monde\"><\/span><strong>Quand y a-t-il le moins de monde ?<\/strong> <span class=\"ez-toc-section-end\"><\/span><span class=\"ez-toc-section-end\"><\/span><\/h3>\n<div class=\"rank-math-answer \">\n<p>Le moment id\u00e9al pour une promenade tranquille sans cohue est t\u00f4t le matin \u00e0 l&rsquo;aube (entre 5 h et 7 h) ou tard le soir (apr\u00e8s 23 h). En journ\u00e9e, vous ne pourrez \u00e9viter la foule quelle que soit la saison.<\/p>\n<\/div>\n<\/div>\n<div id=\"faq-question-1777047582727\" class=\"rank-math-list-item\">\n<h3 class=\"rank-math-question \"><span class=\"ez-toc-section\" id=\"Peut-on_le_traverser_a_velo_ou_en_trottinette\"><\/span><span class=\"ez-toc-section\" id=\"Peut-on_le_traverser_a_velo_ou_en_trottinette\"><\/span><strong>Peut-on le traverser \u00e0 v\u00e9lo ou en trottinette ?<\/strong> <span class=\"ez-toc-section-end\"><\/span><span class=\"ez-toc-section-end\"><\/span><\/h3>\n<div class=\"rank-math-answer \">\n<p>La circulation \u00e0 v\u00e9lo et en trottinette \u00e9lectrique y est strictement interdite pour des raisons de s\u00e9curit\u00e9. Si vous avez un v\u00e9lo, vous devez mettre pied \u00e0 terre et le pousser \u00e0 la main sur toute la longueur.<\/p>\n<\/div>\n<\/div>\n<div id=\"faq-question-1777047588704\" class=\"rank-math-list-item\">\n<h3 class=\"rank-math-question \"><span class=\"ez-toc-section\" id=\"Les_statues_sont-elles_des_originaux\"><\/span><span class=\"ez-toc-section\" id=\"Les_statues_sont-elles_des_originaux\"><\/span><strong>Les statues sont-elles des originaux ?<\/strong><span class=\"ez-toc-section-end\"><\/span><span class=\"ez-toc-section-end\"><\/span><\/h3>\n<div class=\"rank-math-answer \">\n<p>La plupart des statues en gr\u00e8s que vous voyez aujourd&rsquo;hui sont des copies minutieuses du XX\u1d49 si\u00e8cle. Les originaux ont \u00e9t\u00e9 transf\u00e9r\u00e9s au Lapidarium du Mus\u00e9e national au parc des expositions et dans la salle Gorlice \u00e0 Vy\u0161ehrad, pour les prot\u00e9ger des pluies acides et de la pollution.<\/p>\n<\/div>\n<\/div>\n<div id=\"faq-question-1777047599829\" class=\"rank-math-list-item\">\n<h3 class=\"rank-math-question \"><span class=\"ez-toc-section\" id=\"Combien_de_temps_faut-il_pour_traverser_dune_rive_a_lautre\"><\/span><span class=\"ez-toc-section\" id=\"Combien_de_temps_faut-il_pour_traverser_d_une_rive_a_l_autre\"><\/span><strong>Combien de temps faut-il pour traverser d&rsquo;une rive \u00e0 l&rsquo;autre ?<\/strong><span class=\"ez-toc-section-end\"><\/span><span class=\"ez-toc-section-end\"><\/span><\/h3>\n<div class=\"rank-math-answer \">\n<p>Le pont fait un peu plus de 500 m\u00e8tres de long. D&rsquo;un pas rapide et sans foule, comptez 5 \u00e0 7 minutes. Mais si vous voulez admirer les statues tranquillement, prendre des photos et que vous devez vous frayer un chemin dans la cohue diurne, pr\u00e9voyez plut\u00f4t 20 \u00e0 30 minutes.<\/p>\n<\/div>\n<\/div>\n<div id=\"faq-question-1777047607776\" class=\"rank-math-list-item\">\n<h3 class=\"rank-math-question \"><span class=\"ez-toc-section\" id=\"Le_parcours_est-il_accessible_aux_personnes_a_mobilite_reduite\"><\/span><span class=\"ez-toc-section\" id=\"Le_parcours_est-il_accessible_aux_personnes_a_mobilite_reduite\"><\/span><strong>Le parcours est-il accessible aux personnes \u00e0 mobilit\u00e9 r\u00e9duite ?<\/strong><span class=\"ez-toc-section-end\"><\/span><span class=\"ez-toc-section-end\"><\/span><\/h3>\n<div class=\"rank-math-answer \">\n<p>Oui, le trajet principal est enti\u00e8rement sans barri\u00e8res ni marches sur toute sa longueur. Vous pouvez le traverser avec une poussette ou un fauteuil roulant sans probl\u00e8me. Attention toutefois \u00e0 l&rsquo;escalier situ\u00e9 \u00e0 mi-parcours, qui descend \u00e0 pic vers l&rsquo;\u00eele de Kampa : celui-ci n&rsquo;est pas accessible.<\/p>\n<\/div>\n<\/div>\n<\/div>\n<\/div>\n","protected":false},"excerpt":{"rendered":"<p>Quand je me d\u00e9p\u00eachais le matin pour arriver \u00e0 l&rsquo;heure au lyc\u00e9e de Mal\u00e1 Strana, il m&rsquo;arrivait de faire expr\u00e8s un d\u00e9tour pour traverser le Pont Charles. \u00c0 sept heures et demie, surtout dans la grisaille de novembre, un silence \u00e9trange r\u00e9gnait sur les pav\u00e9s humides.<\/p>\n","protected":false},"author":3,"featured_media":151097,"comment_status":"open","ping_status":"open","sticky":false,"template":"","format":"standard","meta":{"footnotes":"","rank_math_title":"","rank_math_description":"","rank_math_focus_keyword":"","rank_math_seo_score":""},"categories":[558,559,650],"tags":[],"class_list":{"0":"post-151224","1":"post","2":"type-post","3":"status-publish","4":"format-standard","5":"has-post-thumbnail","7":"category-europe","8":"category-republique-tcheque","9":"category-voyages"},"featured_image_src":"https:\/\/loudavymkrokem.cz\/wp-content\/uploads\/2026\/04\/karluv-most-4126.jpg","author_info":{"display_name":"Lucie Kone\u010dn\u00e1","author_link":"https:\/\/loudavymkrokem.cz\/fr\/author\/lucie-konecna\/"},"_links":{"self":[{"href":"https:\/\/loudavymkrokem.cz\/fr\/wp-json\/wp\/v2\/posts\/151224","targetHints":{"allow":["GET"]}}],"collection":[{"href":"https:\/\/loudavymkrokem.cz\/fr\/wp-json\/wp\/v2\/posts"}],"about":[{"href":"https:\/\/loudavymkrokem.cz\/fr\/wp-json\/wp\/v2\/types\/post"}],"author":[{"embeddable":true,"href":"https:\/\/loudavymkrokem.cz\/fr\/wp-json\/wp\/v2\/users\/3"}],"replies":[{"embeddable":true,"href":"https:\/\/loudavymkrokem.cz\/fr\/wp-json\/wp\/v2\/comments?post=151224"}],"version-history":[{"count":1,"href":"https:\/\/loudavymkrokem.cz\/fr\/wp-json\/wp\/v2\/posts\/151224\/revisions"}],"predecessor-version":[{"id":151348,"href":"https:\/\/loudavymkrokem.cz\/fr\/wp-json\/wp\/v2\/posts\/151224\/revisions\/151348"}],"wp:featuredmedia":[{"embeddable":true,"href":"https:\/\/loudavymkrokem.cz\/fr\/wp-json\/wp\/v2\/media\/151097"}],"wp:attachment":[{"href":"https:\/\/loudavymkrokem.cz\/fr\/wp-json\/wp\/v2\/media?parent=151224"}],"wp:term":[{"taxonomy":"category","embeddable":true,"href":"https:\/\/loudavymkrokem.cz\/fr\/wp-json\/wp\/v2\/categories?post=151224"},{"taxonomy":"post_tag","embeddable":true,"href":"https:\/\/loudavymkrokem.cz\/fr\/wp-json\/wp\/v2\/tags?post=151224"}],"curies":[{"name":"wp","href":"https:\/\/api.w.org\/{rel}","templated":true}]}}