{"id":151222,"date":"2026-04-24T20:26:17","date_gmt":"2026-04-24T18:26:17","guid":{"rendered":"https:\/\/loudavymkrokem.cz\/?p=151222"},"modified":"2026-04-30T11:06:01","modified_gmt":"2026-04-30T09:06:01","slug":"vysehrad-prague-guide-complet","status":"publish","type":"post","link":"https:\/\/loudavymkrokem.cz\/fr\/vysehrad-prague-guide-complet\/","title":{"rendered":"Vy\u0161ehrad Prague : Guide complet du second ch\u00e2teau (basilique, cimeti\u00e8re, remparts)"},"content":{"rendered":"<p>Chaque ann\u00e9e \u00e0 No\u00ebl, j&rsquo;allais lire un po\u00e8me sur la tombe de M\u00e1cha (un c\u00e9l\u00e8bre po\u00e8te tch\u00e8que) au Vy\u0161ehrad. <strong>C&rsquo;\u00e9tait une tradition que j&rsquo;avais gard\u00e9e depuis le lyc\u00e9e. J&rsquo;adore Vy\u0161ehrad, je l&rsquo;aime en hiver, en \u00e9t\u00e9, en automne et au printemps. Quand nous avons f\u00eat\u00e9 notre premier No\u00ebl ensemble avec Luk\u00e1\u0161, c&rsquo;est justement \u00e0 Vy\u0161ehrad Prague que je l&rsquo;ai tra\u00een\u00e9 le soir du r\u00e9veillon.<\/strong><\/p>\n<p>Vy\u0161ehrad, c&rsquo;est un peu le salon en plein air des Pragois. Alors qu&rsquo;au ch\u00e2teau de Prague on se retrouve \u00e9cras\u00e9 dans la foule \u00e0 lutter pour chaque centim\u00e8tre carr\u00e9, ici on croise des habitants avec leurs couvertures de pique-nique, des promeneurs de chiens et des joggeurs qui zigzaguent entre les imposants remparts baroques. Aujourd&rsquo;hui, on y va aussi avec notre fils de deux ans, Jon\u00e1\u0161. Les longues all\u00e9es asphalt\u00e9es qui longent les remparts sont absolument parfaites pour une poussette, et les vastes parcs sous des arbres centenaires offrent une ombre bienvenue durant les \u00e9t\u00e9s caniculaires. Et cerise sur le g\u00e2teau, en tant que v\u00e9g\u00e9tarienne, j&rsquo;appr\u00e9cie que lorsqu&rsquo;on descend vers Podol\u00ed ou V\u00fdto\u0148, on trouve plein de petits bistros excellents qui ont bien \u00e9volu\u00e9 au-del\u00e0 du traditionnel fromage frit.<\/p>\n<p>Tout cet espace perch\u00e9 au-dessus de la Vltava a en plus un avantage \u00e9norme : bien qu&rsquo;il s&rsquo;agisse d&rsquo;un lieu historique majeur, envelopp\u00e9 de l\u00e9gendes sur la princesse Libu\u0161e, il conserve une atmosph\u00e8re incroyablement d\u00e9tendue, presque celle d&rsquo;un parc. <strong>On peut y fl\u00e2ner des heures, s&rsquo;asseoir sur les remparts les jambes dans le vide et regarder les bateaux passer sur la rivi\u00e8re. Ce n&rsquo;est pas un mus\u00e9e fig\u00e9 avec des tourniquets, mais un quartier vivant o\u00f9 il fait bon s&rsquo;\u00e9chapper des rues surchauff\u00e9es de la Vieille Ville.<\/strong><\/p>\n<p>Dans cet article, vous trouverez un guide complet de <strong>Vy\u0161ehrad Prague<\/strong>, avec tous les d\u00e9tails sur les horaires d&rsquo;ouverture de la <strong>basilique Saints-Pierre-et-Paul<\/strong>, l&#8217;emplacement exact du <strong>cimeti\u00e8re de Vy\u0161ehrad<\/strong> et du c\u00e9l\u00e8bre <strong>Slav\u00edn<\/strong>, ou encore pourquoi vous ne devriez pas manquer la plus ancienne <strong>rotonde Saint-Martin<\/strong>.<\/p>\n<figure class=\"wp-block-image size-full\"><img loading=\"lazy\" decoding=\"async\" width=\"1200\" height=\"800\" src=\"https:\/\/loudavymkrokem.cz\/wp-content\/uploads\/2026\/04\/vysehrad-4319.jpg\" alt=\"Vue depuis Vy\u0161ehrad Prague\" class=\"wp-image-151146\" title=\"\" srcset=\"https:\/\/loudavymkrokem.cz\/wp-content\/uploads\/2026\/04\/vysehrad-4319.jpg 1200w, https:\/\/loudavymkrokem.cz\/wp-content\/uploads\/2026\/04\/vysehrad-4319-300x200.jpg 300w, https:\/\/loudavymkrokem.cz\/wp-content\/uploads\/2026\/04\/vysehrad-4319-700x467.jpg 700w, https:\/\/loudavymkrokem.cz\/wp-content\/uploads\/2026\/04\/vysehrad-4319-768x512.jpg 768w, https:\/\/loudavymkrokem.cz\/wp-content\/uploads\/2026\/04\/vysehrad-4319-696x464.jpg 696w\" sizes=\"auto, (max-width: 1200px) 100vw, 1200px\"><figcaption class=\"wp-element-caption\">Vue depuis Vy\u0161ehrad<\/figcaption><\/figure>\n<div id=\"ez-toc-container\" class=\"ez-toc-v2_0_82_2 ez-toc-wrap-left counter-hierarchy ez-toc-counter ez-toc-grey ez-toc-container-direction\">\n<div class=\"ez-toc-title-container\">\n<p class=\"ez-toc-title\" style=\"cursor:inherit\">Contenu de l&#039;article<\/p>\n<span class=\"ez-toc-title-toggle\"><a href=\"#\" class=\"ez-toc-pull-right ez-toc-btn ez-toc-btn-xs ez-toc-btn-default ez-toc-toggle\" aria-label=\"Toggle Table of Content\"><span class=\"ez-toc-js-icon-con\"><span class=\"\"><span class=\"eztoc-hide\" style=\"display:none;\">Toggle<\/span><span class=\"ez-toc-icon-toggle-span\"><svg style=\"fill: #999;color:#999\" xmlns=\"http:\/\/www.w3.org\/2000\/svg\" class=\"list-377408\" width=\"20px\" height=\"20px\" viewBox=\"0 0 24 24\" fill=\"none\"><path d=\"M6 6H4v2h2V6zm14 0H8v2h12V6zM4 11h2v2H4v-2zm16 0H8v2h12v-2zM4 16h2v2H4v-2zm16 0H8v2h12v-2z\" fill=\"currentColor\"><\/path><\/svg><svg style=\"fill: #999;color:#999\" class=\"arrow-unsorted-368013\" xmlns=\"http:\/\/www.w3.org\/2000\/svg\" width=\"10px\" height=\"10px\" viewBox=\"0 0 24 24\" version=\"1.2\" baseProfile=\"tiny\"><path d=\"M18.2 9.3l-6.2-6.3-6.2 6.3c-.2.2-.3.4-.3.7s.1.5.3.7c.2.2.4.3.7.3h11c.3 0 .5-.1.7-.3.2-.2.3-.5.3-.7s-.1-.5-.3-.7zM5.8 14.7l6.2 6.3 6.2-6.3c.2-.2.3-.5.3-.7s-.1-.5-.3-.7c-.2-.2-.4-.3-.7-.3h-11c-.3 0-.5.1-.7.3-.2.2-.3.5-.3.7s.1.5.3.7z\"\/><\/svg><\/span><\/span><\/span><\/a><\/span><\/div>\n<nav><ul class='ez-toc-list ez-toc-list-level-1 ' ><ul class='ez-toc-list-level-3' ><li class='ez-toc-heading-level-3'><a class=\"ez-toc-link ez-toc-heading-1\" href=\"https:\/\/loudavymkrokem.cz\/fr\/vysehrad-prague-guide-complet\/#Resume\" >R\u00e9sum\u00e9<\/a><\/li><\/ul><\/li><li class='ez-toc-page-1 ez-toc-heading-level-2'><a class=\"ez-toc-link ez-toc-heading-2\" href=\"https:\/\/loudavymkrokem.cz\/fr\/vysehrad-prague-guide-complet\/#Quand_visiter_Vysehrad_et_comment_organiser_sa_visite\" >Quand visiter Vy\u0161ehrad et comment organiser sa visite<\/a><ul class='ez-toc-list-level-3' ><li class='ez-toc-heading-level-3'><a class=\"ez-toc-link ez-toc-heading-3\" href=\"https:\/\/loudavymkrokem.cz\/fr\/vysehrad-prague-guide-complet\/#Printemps_et_automne_les_saisons_ideales\" >Printemps et automne : les saisons id\u00e9ales<\/a><\/li><li class='ez-toc-page-1 ez-toc-heading-level-3'><a class=\"ez-toc-link ez-toc-heading-4\" href=\"https:\/\/loudavymkrokem.cz\/fr\/vysehrad-prague-guide-complet\/#Soirees_dete_et_melancolie_hivernale\" >Soir\u00e9es d&rsquo;\u00e9t\u00e9 et m\u00e9lancolie hivernale<\/a><\/li><li class='ez-toc-page-1 ez-toc-heading-level-3'><a class=\"ez-toc-link ez-toc-heading-5\" href=\"https:\/\/loudavymkrokem.cz\/fr\/vysehrad-prague-guide-complet\/#Combien_de_temps_prevoir\" >Combien de temps pr\u00e9voir<\/a><\/li><\/ul><\/li><li class='ez-toc-page-1 ez-toc-heading-level-2'><a class=\"ez-toc-link ez-toc-heading-6\" href=\"https:\/\/loudavymkrokem.cz\/fr\/vysehrad-prague-guide-complet\/#Ou_se_loger\" >O\u00f9 se loger<\/a><\/li><li class='ez-toc-page-1 ez-toc-heading-level-2'><a class=\"ez-toc-link ez-toc-heading-7\" href=\"https:\/\/loudavymkrokem.cz\/fr\/vysehrad-prague-guide-complet\/#Que_voir_et_visiter_a_Vysehrad\" >Que voir et visiter \u00e0 Vy\u0161ehrad<\/a><ul class='ez-toc-list-level-3' ><li class='ez-toc-heading-level-3'><a class=\"ez-toc-link ez-toc-heading-8\" href=\"https:\/\/loudavymkrokem.cz\/fr\/vysehrad-prague-guide-complet\/#Basilique_Saints-Pierre-et-Paul\" >Basilique Saints-Pierre-et-Paul<\/a><\/li><li class='ez-toc-page-1 ez-toc-heading-level-3'><a class=\"ez-toc-link ez-toc-heading-9\" href=\"https:\/\/loudavymkrokem.cz\/fr\/vysehrad-prague-guide-complet\/#Cimetiere_de_Vysehrad_et_tombeau_Slavin\" >Cimeti\u00e8re de Vy\u0161ehrad et tombeau Slav\u00edn<\/a><\/li><li class='ez-toc-page-1 ez-toc-heading-level-3'><a class=\"ez-toc-link ez-toc-heading-10\" href=\"https:\/\/loudavymkrokem.cz\/fr\/vysehrad-prague-guide-complet\/#Rotonde_Saint-Martin\" >Rotonde Saint-Martin<\/a><\/li><li class='ez-toc-page-1 ez-toc-heading-level-3'><a class=\"ez-toc-link ez-toc-heading-11\" href=\"https:\/\/loudavymkrokem.cz\/fr\/vysehrad-prague-guide-complet\/#Casemates_de_Vysehrad_et_salle_Gorlice\" >Casemates de Vy\u0161ehrad et salle Gorlice<\/a><\/li><li class='ez-toc-page-1 ez-toc-heading-level-3'><a class=\"ez-toc-link ez-toc-heading-12\" href=\"https:\/\/loudavymkrokem.cz\/fr\/vysehrad-prague-guide-complet\/#Remparts_panoramas_et_legendes_de_Libuse\" >Remparts, panoramas et l\u00e9gendes de Libu\u0161e<\/a><\/li><li class='ez-toc-page-1 ez-toc-heading-level-3'><a class=\"ez-toc-link ez-toc-heading-13\" href=\"https:\/\/loudavymkrokem.cz\/fr\/vysehrad-prague-guide-complet\/#Vysehrad_avec_des_enfants_laire_de_jeux_des_legendes\" >Vy\u0161ehrad avec des enfants : l&rsquo;aire de jeux des l\u00e9gendes<\/a><\/li><\/ul><\/li><li class='ez-toc-page-1 ez-toc-heading-level-2'><a class=\"ez-toc-link ez-toc-heading-14\" href=\"https:\/\/loudavymkrokem.cz\/fr\/vysehrad-prague-guide-complet\/#Infos_pratiques_pour_votre_visite\" >Infos pratiques pour votre visite<\/a><\/li><li class='ez-toc-page-1 ez-toc-heading-level-2'><a class=\"ez-toc-link ez-toc-heading-15\" href=\"https:\/\/loudavymkrokem.cz\/fr\/vysehrad-prague-guide-complet\/#Pour_aller_plus_loin\" >Pour aller plus loin<\/a><\/li><li class='ez-toc-page-1 ez-toc-heading-level-2'><a class=\"ez-toc-link ez-toc-heading-16\" href=\"https:\/\/loudavymkrokem.cz\/fr\/vysehrad-prague-guide-complet\/#Questions_frequentes\" >Questions fr\u00e9quentes<\/a><ul class='ez-toc-list-level-3' ><li class='ez-toc-heading-level-3'><a class=\"ez-toc-link ez-toc-heading-17\" href=\"https:\/\/loudavymkrokem.cz\/fr\/vysehrad-prague-guide-complet\/#Lentree_a_Vysehrad_est-elle_payante\" >L&rsquo;entr\u00e9e \u00e0 Vy\u0161ehrad est-elle payante ?<\/a><\/li><li class='ez-toc-page-1 ez-toc-heading-level-3'><a class=\"ez-toc-link ez-toc-heading-18\" href=\"https:\/\/loudavymkrokem.cz\/fr\/vysehrad-prague-guide-complet\/#Peut-on_venir_a_Vysehrad_avec_un_chien\" >Peut-on venir \u00e0 Vy\u0161ehrad avec un chien ?<\/a><\/li><li class='ez-toc-page-1 ez-toc-heading-level-3'><a class=\"ez-toc-link ez-toc-heading-19\" href=\"https:\/\/loudavymkrokem.cz\/fr\/vysehrad-prague-guide-complet\/#Vysehrad_est-il_accessible_en_poussette_ou_en_fauteuil_roulant\" >Vy\u0161ehrad est-il accessible en poussette ou en fauteuil roulant ?<\/a><\/li><li class='ez-toc-page-1 ez-toc-heading-level-3'><a class=\"ez-toc-link ez-toc-heading-20\" href=\"https:\/\/loudavymkrokem.cz\/fr\/vysehrad-prague-guide-complet\/#Combien_de_temps_dure_la_visite_de_Vysehrad\" >Combien de temps dure la visite de Vy\u0161ehrad ?<\/a><\/li><li class='ez-toc-page-1 ez-toc-heading-level-3'><a class=\"ez-toc-link ez-toc-heading-21\" href=\"https:\/\/loudavymkrokem.cz\/fr\/vysehrad-prague-guide-complet\/#Ou_se_garer_pres_de_Vysehrad\" >O\u00f9 se garer pr\u00e8s de Vy\u0161ehrad ?<\/a><\/li><li class='ez-toc-page-1 ez-toc-heading-level-3'><a class=\"ez-toc-link ez-toc-heading-22\" href=\"https:\/\/loudavymkrokem.cz\/fr\/vysehrad-prague-guide-complet\/#La_rotonde_Saint-Martin_est-elle_normalement_ouverte_au_public\" >La rotonde Saint-Martin est-elle normalement ouverte au public ?<\/a><\/li><\/ul><\/li><\/ul><\/nav><\/div>\n<h3 class=\"wp-block-heading\"><span class=\"ez-toc-section\" id=\"Resume\"><\/span><span class=\"ez-toc-section\" id=\"Resume\"><\/span>R\u00e9sum\u00e9<span class=\"ez-toc-section-end\"><\/span><span class=\"ez-toc-section-end\"><\/span><\/h3>\n<ul class=\"wp-block-list\">\n<li>L&rsquo;acc\u00e8s \u00e0 l&rsquo;ensemble du site de Vy\u0161ehrad (parcs, remparts, chemins) est enti\u00e8rement <strong>gratuit<\/strong> et ouvert <strong>24h\/24<\/strong>.<\/li>\n<li>La pi\u00e8ce ma\u00eetresse est la basilique Saints-Pierre-et-Paul avec sa superbe d\u00e9coration Art nouveau ; l&rsquo;entr\u00e9e co\u00fbte environ <strong>5 \u20ac<\/strong>.<\/li>\n<li>Le cimeti\u00e8re de Vy\u0161ehrad et le tombeau Slav\u00edn sont le lieu de repos de grands artistes tch\u00e8ques (Anton\u00edn Dvo\u0159\u00e1k, Bed\u0159ich Smetana, Karel \u010capek).<\/li>\n<li>Depuis les remparts baroques s&rsquo;ouvrent les plus belles vues sur le ch\u00e2teau de Prague, la vall\u00e9e de la Vltava et le quartier de Podol\u00ed.<\/li>\n<li>Les <strong>casemates<\/strong> souterraines abritent la salle <strong>Gorlice<\/strong>, o\u00f9 sont conserv\u00e9s les originaux des statues baroques du pont Charles.<\/li>\n<li>La rotonde Saint-Martin est la plus ancienne rotonde conserv\u00e9e de Prague, construite d\u00e8s le XIe si\u00e8cle.<\/li>\n<li>Le plus simple pour s&rsquo;y rendre est la ligne rouge du m\u00e9tro C, station Vy\u0161ehrad, d&rsquo;o\u00f9 on marche sur du plat.<\/li>\n<li>Pour les familles, il y a une superbe aire de jeux th\u00e9matique inspir\u00e9e des anciennes l\u00e9gendes tch\u00e8ques.<\/li>\n<\/ul>\n<figure class=\"wp-block-image size-full\"><img loading=\"lazy\" decoding=\"async\" width=\"1200\" height=\"800\" src=\"https:\/\/loudavymkrokem.cz\/wp-content\/uploads\/2026\/04\/vysehrad-4303.jpg\" alt=\"Vy\u0161ehrad avec un jeune enfant\" class=\"wp-image-151149\" title=\"\" srcset=\"https:\/\/loudavymkrokem.cz\/wp-content\/uploads\/2026\/04\/vysehrad-4303.jpg 1200w, https:\/\/loudavymkrokem.cz\/wp-content\/uploads\/2026\/04\/vysehrad-4303-300x200.jpg 300w, https:\/\/loudavymkrokem.cz\/wp-content\/uploads\/2026\/04\/vysehrad-4303-700x467.jpg 700w, https:\/\/loudavymkrokem.cz\/wp-content\/uploads\/2026\/04\/vysehrad-4303-768x512.jpg 768w, https:\/\/loudavymkrokem.cz\/wp-content\/uploads\/2026\/04\/vysehrad-4303-696x464.jpg 696w\" sizes=\"auto, (max-width: 1200px) 100vw, 1200px\"><figcaption class=\"wp-element-caption\">Le printemps \u00e0 Vy\u0161ehrad<\/figcaption><\/figure>\n<h2 class=\"wp-block-heading\"><span class=\"ez-toc-section\" id=\"Quand_visiter_Vysehrad_et_comment_organiser_sa_visite\"><\/span><span class=\"ez-toc-section\" id=\"Quand_visiter_Vysehrad_et_comment_organiser_sa_visite\"><\/span>Quand visiter Vy\u0161ehrad et comment organiser sa visite<span class=\"ez-toc-section-end\"><\/span><span class=\"ez-toc-section-end\"><\/span><\/h2>\n<p>Planifier une visite \u00e0 Vy\u0161ehrad est nettement plus simple que la logistique autour de la place de la Vieille-Ville. Comme une grande partie de l&rsquo;exp\u00e9rience repose sur la promenade le long des remparts et dans les parcs, la m\u00e9t\u00e9o joue un r\u00f4le vraiment important. D&rsquo;exp\u00e9rience, je m&rsquo;y rends rarement en plein midi au c\u0153ur du mois d&rsquo;ao\u00fbt, quand le soleil tape sur les murs de pierre. Je pr\u00e9f\u00e8re les extr\u00e9mit\u00e9s de la journ\u00e9e ou les mois plus frais, quand le lieu d\u00e9gage une atmosph\u00e8re beaucoup plus intime et qu&rsquo;on n&rsquo;a pas \u00e0 se faufiler entre des dizaines de groupes en train de pique-niquer.<\/p>\n<h3 class=\"wp-block-heading\"><span class=\"ez-toc-section\" id=\"Printemps_et_automne_les_saisons_ideales\"><\/span><span class=\"ez-toc-section\" id=\"Printemps_et_automne_les_saisons_ideales\"><\/span>Printemps et automne : les saisons id\u00e9ales<span class=\"ez-toc-section-end\"><\/span><span class=\"ez-toc-section-end\"><\/span><\/h3>\n<p>Avril, mai, puis septembre et octobre sont objectivement les meilleurs mois pour Vy\u0161ehrad. La lumi\u00e8re dor\u00e9e de l&rsquo;automne, que j&rsquo;adorais tant lors de mon cours de photographie, fait des merveilles avec les remparts en briques et les tours sombres de la basilique. En automne, autour du Signal Festival (en 2026, il a lieu du <strong>15 au 18 octobre<\/strong>), les arbres du parc se parent d&rsquo;or et les vues sur la brume qui s&rsquo;\u00e9l\u00e8ve de la Vltava ont une profondeur incroyable. Le printemps, lui, offre des arbres en fleurs le long des remparts en direction de Podol\u00ed. \u00c0 ces p\u00e9riodes, les temp\u00e9ratures sont parfaites pour de longues promenades sans avoir \u00e0 chercher l&rsquo;ombre au bout de dix minutes.<\/p>\n<h3 class=\"wp-block-heading\"><span class=\"ez-toc-section\" id=\"Soirees_dete_et_melancolie_hivernale\"><\/span><span class=\"ez-toc-section\" id=\"Soirees_d_ete_et_melancolie_hivernale\"><\/span>Soir\u00e9es d&rsquo;\u00e9t\u00e9 et m\u00e9lancolie hivernale<span class=\"ez-toc-section-end\"><\/span><span class=\"ez-toc-section-end\"><\/span><\/h3>\n<p>L&rsquo;\u00e9t\u00e9, Vy\u0161ehrad est tr\u00e8s anim\u00e9. Les petits bars et les sc\u00e8nes estivales affichent complet, les gens jouent de la guitare dans les parcs et l&rsquo;ambiance ressemble \u00e0 un grand festival. Si vous venez en juillet ou ao\u00fbt, je recommande d&rsquo;y aller t\u00f4t le matin, ou au contraire au coucher du soleil. La vue du soleil se couchant derri\u00e8re le ch\u00e2teau de Prague depuis le belv\u00e9d\u00e8re en briques est tellement r\u00e9put\u00e9e que vous y croiserez des dizaines de photographes avec leurs tr\u00e9pieds d\u00e9ploy\u00e9s. L&rsquo;hiver (janvier, f\u00e9vrier), c&rsquo;est une tout autre histoire. Quand il neige, Vy\u0161ehrad devient parfaitement silencieux. Le cimeti\u00e8re recouvert de neige d\u00e9gage une majest\u00e9 incroyable et on a l&rsquo;impression d&rsquo;\u00eatre au XIXe si\u00e8cle. Il faut toutefois se pr\u00e9parer : le vent qui remonte de la rivi\u00e8re peut \u00eatre glacial sur les remparts.<\/p>\n<h3 class=\"wp-block-heading\"><span class=\"ez-toc-section\" id=\"Combien_de_temps_prevoir\"><\/span><span class=\"ez-toc-section\" id=\"Combien_de_temps_prevoir\"><\/span>Combien de temps pr\u00e9voir<span class=\"ez-toc-section-end\"><\/span><span class=\"ez-toc-section-end\"><\/span><\/h3>\n<p>Si vous voulez juste faire un tour rapide du site, prendre une photo du panorama et jeter un \u0153il au cimeti\u00e8re, <strong>deux heures<\/strong> suffiront. Mais si vous comptez visiter l&rsquo;int\u00e9rieur de la basilique, payer la visite guid\u00e9e des casemates souterraines et laisser les enfants s&rsquo;amuser \u00e0 l&rsquo;aire de jeux, r\u00e9servez plut\u00f4t <strong>une demi-journ\u00e9e<\/strong>. Avec Luk\u00e1\u0161 et Jon\u00e1\u0161, on y passe facilement toute une matin\u00e9e, on termine avec un caf\u00e9, puis on descend tranquillement vers la rivi\u00e8re pour d\u00e9jeuner. Vy\u0161ehrad n&rsquo;est pas un endroit o\u00f9 se presser \u2013 son charme r\u00e9side justement dans la lenteur.<\/p>\n<figure class=\"wp-block-image size-full\"><img loading=\"lazy\" decoding=\"async\" width=\"1200\" height=\"800\" src=\"https:\/\/loudavymkrokem.cz\/wp-content\/uploads\/2026\/04\/julius-hotel-praha-3880.jpg\" alt=\"Escapade \u00e0 Prague\" class=\"wp-image-151063\" title=\"\" srcset=\"https:\/\/loudavymkrokem.cz\/wp-content\/uploads\/2026\/04\/julius-hotel-praha-3880.jpg 1200w, https:\/\/loudavymkrokem.cz\/wp-content\/uploads\/2026\/04\/julius-hotel-praha-3880-300x200.jpg 300w, https:\/\/loudavymkrokem.cz\/wp-content\/uploads\/2026\/04\/julius-hotel-praha-3880-700x467.jpg 700w, https:\/\/loudavymkrokem.cz\/wp-content\/uploads\/2026\/04\/julius-hotel-praha-3880-768x512.jpg 768w, https:\/\/loudavymkrokem.cz\/wp-content\/uploads\/2026\/04\/julius-hotel-praha-3880-696x464.jpg 696w\" sizes=\"auto, (max-width: 1200px) 100vw, 1200px\"><figcaption class=\"wp-element-caption\">Escapade \u00e0 Prague<\/figcaption><\/figure>\n<h2 class=\"wp-block-heading\"><span class=\"ez-toc-section\" id=\"Ou_se_loger\"><\/span><span class=\"ez-toc-section\" id=\"Ou_se_loger\"><\/span>O\u00f9 se loger<span class=\"ez-toc-section-end\"><\/span><span class=\"ez-toc-section-end\"><\/span><\/h2>\n<p>La derni\u00e8re fois que nous avons cherch\u00e9 un h\u00e9bergement \u00e0 Prague pour notre visite annuelle, nous voulions quelque chose de strat\u00e9giquement bien situ\u00e9, mais qui offre aussi un confort absolu \u2014 parce que voyager avec un enfant de deux ans, c&rsquo;est toute une logistique. Nous avons choisi le <strong>The <a class=\"thirstylink\" rel=\"nofollow\" target=\"_blank\" title=\"The Julius Hotel\" href=\"https:\/\/loudavymkrokem.cz\/doporucujeme\/the-julius-hotel\/\" data-shortcode=\"true\">Julius Hotel<\/a><\/strong> sur la place Senov\u00e1\u017en\u00e9 et, avec le recul, c&rsquo;est l&rsquo;une de nos meilleures d\u00e9cisions. Nous avions une One Bedroom Suite, ce qui nous donnait assez d&rsquo;espace pour profiter de la soir\u00e9e une fois Jon\u00e1\u0161 endormi. Le design est \u00e9pur\u00e9, r\u00e9fl\u00e9chi, avec de subtils clins d&rsquo;\u0153il aux couleurs d&rsquo;Alfons Mucha. Depuis l&rsquo;h\u00f4tel, on rejoint la gare centrale (d&rsquo;o\u00f9 le m\u00e9tro C m\u00e8ne \u00e0 Vy\u0161ehrad en seulement trois stations) en \u00e0 peine <strong>cinq minutes<\/strong> \u00e0 pied. Les chambres disposent d&rsquo;une kitchenette enti\u00e8rement \u00e9quip\u00e9e, ce qui est un vrai plus avec un enfant ou si vous aimez pr\u00e9parer votre propre petit-d\u00e9jeuner. V\u00e9rifiez les prix et la disponibilit\u00e9 pour vos dates en <a href=\"https:\/\/www.booking.com\/hotel\/cz\/julius-meinl-house-prague.html?aid=2397601\" target=\"_blank\" rel=\"noopener nofollow sponsored\">r\u00e9servant via Booking.com<\/a>.<\/p>\n<figure class=\"wp-block-image size-full\"><img loading=\"lazy\" decoding=\"async\" width=\"1200\" height=\"800\" src=\"https:\/\/loudavymkrokem.cz\/wp-content\/uploads\/2026\/04\/vysehrad-4337.jpg\" alt=\"Vue depuis Vy\u0161ehrad\" class=\"wp-image-151164\" title=\"\" srcset=\"https:\/\/loudavymkrokem.cz\/wp-content\/uploads\/2026\/04\/vysehrad-4337.jpg 1200w, https:\/\/loudavymkrokem.cz\/wp-content\/uploads\/2026\/04\/vysehrad-4337-300x200.jpg 300w, https:\/\/loudavymkrokem.cz\/wp-content\/uploads\/2026\/04\/vysehrad-4337-700x467.jpg 700w, https:\/\/loudavymkrokem.cz\/wp-content\/uploads\/2026\/04\/vysehrad-4337-768x512.jpg 768w, https:\/\/loudavymkrokem.cz\/wp-content\/uploads\/2026\/04\/vysehrad-4337-696x464.jpg 696w\" sizes=\"auto, (max-width: 1200px) 100vw, 1200px\"><figcaption class=\"wp-element-caption\">Vue depuis Vy\u0161ehrad<\/figcaption><\/figure>\n<h2 class=\"wp-block-heading\"><span class=\"ez-toc-section\" id=\"Que_voir_et_visiter_a_Vysehrad\"><\/span><span class=\"ez-toc-section\" id=\"Que_voir_et_visiter_a_Vysehrad\"><\/span>Que voir et visiter \u00e0 Vy\u0161ehrad<span class=\"ez-toc-section-end\"><\/span><span class=\"ez-toc-section-end\"><\/span><\/h2>\n<p>Le site renferme une multitude de monuments historiques, de panoramas et de recoins secrets. Passons en revue les lieux les plus int\u00e9ressants \u00e0 ne pas manquer lors de votre promenade.<\/p>\n<h3 class=\"wp-block-heading\"><span class=\"ez-toc-section\" id=\"Basilique_Saints-Pierre-et-Paul\"><\/span><span class=\"ez-toc-section\" id=\"Basilique_Saints-Pierre-et-Paul\"><\/span>Basilique Saints-Pierre-et-Paul<span class=\"ez-toc-section-end\"><\/span><span class=\"ez-toc-section-end\"><\/span><\/h3>\n<p>Les deux sombres tours n\u00e9ogothiques de la basilique Saints-Pierre-et-Paul forment une silhouette incontournable du panorama pragois, reconnaissable de partout. Bien que son aspect actuel date de la charni\u00e8re des XIXe et XXe si\u00e8cles, les fondations de l&rsquo;\u00e9glise remontent au XIe si\u00e8cle et au r\u00e8gne du roi Vratislav II. L&rsquo;int\u00e9rieur est un v\u00e9ritable choc visuel : alors que de l&rsquo;ext\u00e9rieur la basilique para\u00eet aust\u00e8re et s\u00e9v\u00e8re, \u00e0 l&rsquo;int\u00e9rieur on d\u00e9couvre une d\u00e9coration Art nouveau d&rsquo;une richesse et d&rsquo;une profusion de couleurs stup\u00e9fiantes. Les murs sont couverts d&rsquo;ornements et de fresques r\u00e9alis\u00e9s par le couple Urban, qui s&rsquo;est inspir\u00e9 du style d&rsquo;Alfons Mucha. Personnellement, je ne suis pas une habitu\u00e9e des \u00e9glises, mais cette explosion de couleurs, qui n&rsquo;a rien \u00e0 voir avec la froideur gothique classique, me fascine \u00e0 chaque visite.<\/p>\n<p>L&rsquo;\u00e9glise est ouverte tous les jours, mais le dimanche matin des messes ont lieu, de sorte qu&rsquo;elle est ferm\u00e9e aux touristes jusqu&rsquo;\u00e0 <strong>midi<\/strong>. L&rsquo;entr\u00e9e en 2026 co\u00fbte environ 5 \u20ac pour un adulte, et les billets s&rsquo;ach\u00e8tent directement \u00e0 l&rsquo;entr\u00e9e. Depuis le m\u00e9tro C Vy\u0161ehrad, on y arrive tranquillement \u00e0 pied en traversant le parc en dix minutes. <strong>\ud83d\udca1 Bon \u00e0 savoir :<\/strong> Observez attentivement les d\u00e9tails des fresques dans les nefs lat\u00e9rales \u2014 certains visages de saints portent les traits de bourgeois pragois de l&rsquo;\u00e9poque qui avaient contribu\u00e9 financi\u00e8rement \u00e0 la d\u00e9coration de l&rsquo;\u00e9glise.<\/p>\n<figure class=\"wp-block-image size-full\"><img loading=\"lazy\" decoding=\"async\" width=\"1200\" height=\"800\" src=\"https:\/\/loudavymkrokem.cz\/wp-content\/uploads\/2026\/04\/vysehrad-4305.jpg\" alt=\"Cimeti\u00e8re de Vy\u0161ehrad\" class=\"wp-image-151156\" title=\"\" srcset=\"https:\/\/loudavymkrokem.cz\/wp-content\/uploads\/2026\/04\/vysehrad-4305.jpg 1200w, https:\/\/loudavymkrokem.cz\/wp-content\/uploads\/2026\/04\/vysehrad-4305-300x200.jpg 300w, https:\/\/loudavymkrokem.cz\/wp-content\/uploads\/2026\/04\/vysehrad-4305-700x467.jpg 700w, https:\/\/loudavymkrokem.cz\/wp-content\/uploads\/2026\/04\/vysehrad-4305-768x512.jpg 768w, https:\/\/loudavymkrokem.cz\/wp-content\/uploads\/2026\/04\/vysehrad-4305-696x464.jpg 696w\" sizes=\"auto, (max-width: 1200px) 100vw, 1200px\"><figcaption class=\"wp-element-caption\">Cimeti\u00e8re de Vy\u0161ehrad<\/figcaption><\/figure>\n<div class=\"lk-zazitky-module\">\n<style>\n.lk-zazitky-module * { box-sizing: border-box; margin: 0; padding: 0; }\n.lk-zazitky-module {\n  font-family: 'DM Sans', Georgia, sans-serif;\n  max-width: 100%;\n  margin: 2.5rem auto;\n  background: linear-gradient(135deg, #fdf6f3 0%, #fbede7 100%);\n  border: 1px solid #f0d9cc;\n  border-radius: 16px;\n  overflow: hidden;\n  box-shadow: 0 16px 48px rgba(217, 119, 87, 0.18), 0 4px 12px rgba(0,0,0,0.06);\n}\n.lk-zazitky-header {\n  position: relative;\n  padding: 24px 32px;\n  background: linear-gradient(135deg, #d97757 0%, #c46b4b 60%, #d97757 100%);\n  display: flex;\n  align-items: center;\n  gap: 18px;\n}\n.lk-zazitky-header::before {\n  content: '';\n  position: absolute;\n  inset: 0;\n  background: url(\"data:image\/svg+xml,%3Csvg width='60' height='60' viewBox='0 0 60 60' xmlns='http:\/\/www.w3.org\/2000\/svg'%3E%3Cg fill='none' fill-rule='evenodd'%3E%3Cg fill='%23ffffff' fill-opacity='0.05'%3E%3Cpath d='M36 34v-4h-2v4h-4v2h4v4h2v-4h4v-2h-4zm0-30V0h-2v4h-4v2h4v4h2V6h4V4h-4zM6 34v-4H4v4H0v2h4v4h2v-4h4v-2H6zM6 4V0H4v4H0v2h4v4h2V6h4V4H6z'\/%3E%3C\/g%3E%3C\/g%3E%3C\/svg%3E\") repeat;\n  pointer-events: none;\n}\n.lk-zazitky-header img {\n  width: 64px; height: 64px; border-radius: 12px; flex-shrink: 0;\n  object-fit: cover; box-shadow: 0 4px 12px rgba(0,0,0,0.18); position: relative; z-index: 1;\n}\n.lk-zazitky-header-text { position: relative; z-index: 1; }\n.lk-zazitky-eyebrow {\n  font-size: 10px; font-weight: 600; letter-spacing: 2.5px; text-transform: uppercase;\n  color: rgba(255,255,255,.92); margin-bottom: 5px;\n}\n.lk-zazitky-title {\n  font-family: 'Playfair Display', Georgia, serif;\n  font-size: 24px; font-weight: 700; color: #fff; line-height: 1.2;\n  text-shadow: 0 1px 2px rgba(0,0,0,0.12);\n}\n.lk-zazitky-subtitle {\n  font-size: 13px; color: rgba(255,255,255,.85); margin-top: 4px; font-weight: 300;\n}\n.lk-zazitky-grid {\n  display: grid;\n  grid-template-columns: 1fr 1fr 1fr;\n  gap: 1px;\n  background: rgba(217, 119, 87, 0.12);\n}\n.lk-zazitek-card {\n  background: #ffffff; padding: 22px; display: flex; flex-direction: column; gap: 11px;\n  transition: all 0.3s ease; text-decoration: none; color: inherit; position: relative;\n}\n.lk-zazitek-card:hover {\n  background: #fffaf7; transform: translateY(-2px);\n  box-shadow: 0 8px 24px rgba(217, 119, 87, 0.15); z-index: 1;\n}\n.lk-zazitek-card.is-category {\n  background: linear-gradient(135deg, #fffaf7 0%, #fff3eb 100%);\n  box-shadow: inset 0 1px 0 rgba(217, 119, 87, 0.1);\n}\n.lk-zazitek-card.is-category:hover {\n  background: linear-gradient(135deg, #fff7f2 0%, #ffeee3 100%);\n}\n.lk-zazitek-badge {\n  display: inline-flex; align-items: center; gap: 5px;\n  font-size: 10px; font-weight: 600; letter-spacing: 1.5px; text-transform: uppercase;\n  padding: 5px 11px; border-radius: 20px; width: fit-content;\n  background: rgba(217, 119, 87, 0.10); color: #c46b4b; border: 1px solid rgba(217, 119, 87, 0.22);\n}\n.lk-zazitek-card.is-category .lk-zazitek-badge {\n  background: linear-gradient(135deg, #d97757 0%, #c46b4b 100%); color: #fff;\n  border-color: #c46b4b; box-shadow: 0 2px 8px rgba(217, 119, 87, 0.28);\n}\n.lk-zazitek-name {\n  font-family: 'Playfair Display', Georgia, serif;\n  font-size: 17px; font-weight: 700; color: #111827; line-height: 1.3;\n}\n.lk-zazitek-desc {\n  font-size: 13px; color: #525252; line-height: 1.6; font-weight: 300; flex: 1;\n}\n.lk-zazitek-meta { display: flex; align-items: center; gap: 12px; flex-wrap: wrap; margin-top: 4px; }\n.lk-zazitek-price { font-size: 13px; color: #6b7280; }\n.lk-zazitek-price strong { color: #c46b4b; font-weight: 600; }\n.lk-zazitek-cta {\n  display: inline-flex; align-items: center; justify-content: center; gap: 7px;\n  margin-top: 8px; padding: 11px 16px; border-radius: 8px;\n  background: linear-gradient(135deg, #d97757 0%, #c46b4b 100%);\n  color: #fff; font-size: 13px; font-weight: 500; text-decoration: none;\n  letter-spacing: .3px; transition: all .2s ease; cursor: pointer; border: none;\n  text-align: center; box-shadow: 0 4px 12px rgba(217, 119, 87, 0.28);\n  white-space: nowrap;\n}\n.lk-zazitek-cta:hover {\n  background: linear-gradient(135deg, #c46b4b 0%, #b35e3f 100%);\n  transform: translateY(-1px); box-shadow: 0 6px 16px rgba(217, 119, 87, 0.38);\n}\n.lk-zazitek-card.is-category .lk-zazitek-cta {\n  background: linear-gradient(135deg, #3685fc 0%, #2a6fd9 100%);\n  box-shadow: 0 4px 12px rgba(54, 133, 252, 0.22);\n}\n.lk-zazitek-card.is-category .lk-zazitek-cta:hover {\n  background: linear-gradient(135deg, #2a6fd9 0%, #1e5bc4 100%);\n  box-shadow: 0 6px 16px rgba(54, 133, 252, 0.32);\n}\n.lk-zazitky-footer {\n  padding: 16px 32px;\n  background: linear-gradient(to bottom, #fdf6f3 0%, #f9eae2 100%);\n  border-top: 1px solid rgba(217, 119, 87, 0.18);\n  display: flex; align-items: center; justify-content: center; flex-wrap: wrap; gap: 12px;\n}\n.lk-zazitky-discount {\n  display: inline-flex; align-items: center; gap: 8px;\n  font-size: 13px; color: #6b3a26; font-weight: 500;\n}\n.lk-zazitky-discount-code {\n  font-family: 'Courier New', monospace; font-weight: 700; color: #c46b4b;\n  background: rgba(217, 119, 87, 0.12); padding: 4px 10px; border-radius: 6px;\n  letter-spacing: 1px; font-size: 13px;\n}\n.lk-zazitky-disclaimer {\n  font-size: 11px; color: #8a6e60; font-weight: 300; line-height: 1.5;\n}\n.lk-zazitky-disclaimer a { color: #c46b4b; text-decoration: none; }\n.lk-zazitky-disclaimer a:hover { text-decoration: underline; }\n@media (max-width: 720px) {\n  .lk-zazitky-grid { grid-template-columns: 1fr; }\n  .lk-zazitky-header { padding: 20px 18px; }\n  .lk-zazitky-footer { padding: 14px 18px; }\n  .lk-zazitek-card { padding: 20px; }\n  .lk-zazitky-title { font-size: 20px; }\n}\n<\/style>\n<div class=\"lk-zazitky-header\">\n    <img decoding=\"async\" src=\"https:\/\/loudavymkrokem.cz\/wp-content\/uploads\/2026\/02\/lukas-a-lucka.jpg\" alt=\"Luk\u00e1\u0161 et Lucie\" title=\"\"><\/p>\n<div class=\"lk-zazitky-header-text\">\n<div class=\"lk-zazitky-eyebrow\">Le conseil de Luk\u00e1\u0161 et Lucie<\/div>\n<div class=\"lk-zazitky-title\">Vivez Prague autrement<\/div>\n<div class=\"lk-zazitky-subtitle\">3 exp\u00e9riences test\u00e9es avec 5 % de r\u00e9duction chez notre partenaire Firma na z\u00e1\u017eitky<\/div>\n<\/p><\/div>\n<\/p><\/div>\n<div class=\"lk-zazitky-grid\">\n<p>    <a class=\"lk-zazitek-card\" href=\"https:\/\/www.firmanazazitky.cz\/plavba-po-vltave-s-obedem?utm_source=loudavymkrokem&amp;utm_medium=referral&amp;utm_campaign=vysehrad-pruvodce-po-druhem-hrade-prahy-bazilika-hrbitov-hradby&amp;utm_content=zazitek-1\" target=\"_blank\" rel=\"nofollow noopener sponsored\"><br \/>\n      <span class=\"lk-zazitek-badge\">\ud83d\udee5 Croisi\u00e8re<\/span><\/p>\n<div class=\"lk-zazitek-name\">Croisi\u00e8re sur la Vltava avec d\u00e9jeuner<\/div>\n<div class=\"lk-zazitek-desc\">Les falaises de Vy\u0161ehrad vues depuis la Vltava \u2014 une croisi\u00e8re paisible avec d\u00e9jeuner qui offre un point de vue sur le second ch\u00e2teau de Prague que les touristes ne s&rsquo;offrent pas souvent.<\/div>\n<div class=\"lk-zazitek-meta\">\n        <span class=\"lk-zazitek-price\">\u00e0 partir de <strong>84 \u20ac<\/strong><\/span>\n      <\/div>\n<p>      <span class=\"lk-zazitek-cta\"><br \/>\n        <svg width=\"14\" height=\"14\" viewBox=\"0 0 24 24\" fill=\"none\" stroke=\"currentColor\" stroke-width=\"2\"><path d=\"M18 13v6a2 2 0 0 1-2 2H5a2 2 0 0 1-2-2V8a2 2 0 0 1 2-2h6\"\/><polyline points=\"15 3 21 3 21 9\"\/><line x1=\"10\" y1=\"14\" x2=\"21\" y2=\"3\"\/><\/svg><br \/>\n        R\u00e9server avec r\u00e9duction<br \/>\n      <\/span><br \/>\n    <\/a><\/p>\n<p>    <a class=\"lk-zazitek-card\" href=\"https:\/\/www.firmanazazitky.cz\/vecere-v-tancicim-dome?utm_source=loudavymkrokem&amp;utm_medium=referral&amp;utm_campaign=vysehrad-pruvodce-po-druhem-hrade-prahy-bazilika-hrbitov-hradby&amp;utm_content=zazitek-2\" target=\"_blank\" rel=\"nofollow noopener sponsored\"><br \/>\n      <span class=\"lk-zazitek-badge\">\ud83c\udf7d Gastro<\/span><\/p>\n<div class=\"lk-zazitek-name\">D\u00eener \u00e0 la Maison dansante<\/div>\n<div class=\"lk-zazitek-desc\">Apr\u00e8s la promenade sur les remparts de Vy\u0161ehrad, quelques arr\u00eats de tram suffisent pour un d\u00eener avec vue sur le ch\u00e2teau de Prague depuis le toit de la Maison dansante.<\/div>\n<div class=\"lk-zazitek-meta\">\n        <span class=\"lk-zazitek-price\">\u00e0 partir de <strong>116 \u20ac<\/strong><\/span>\n      <\/div>\n<p>      <span class=\"lk-zazitek-cta\"><br \/>\n        <svg width=\"14\" height=\"14\" viewBox=\"0 0 24 24\" fill=\"none\" stroke=\"currentColor\" stroke-width=\"2\"><path d=\"M18 13v6a2 2 0 0 1-2 2H5a2 2 0 0 1-2-2V8a2 2 0 0 1 2-2h6\"\/><polyline points=\"15 3 21 3 21 9\"\/><line x1=\"10\" y1=\"14\" x2=\"21\" y2=\"3\"\/><\/svg><br \/>\n        R\u00e9server avec r\u00e9duction<br \/>\n      <\/span><br \/>\n    <\/a><\/p>\n<p>    <a class=\"lk-zazitek-card is-category\" href=\"https:\/\/www.firmanazazitky.cz\/praha\/?utm_source=loudavymkrokem&amp;utm_medium=referral&amp;utm_campaign=vysehrad-pruvodce-po-druhem-hrade-prahy-bazilika-hrbitov-hradby&amp;utm_content=kategorie\" target=\"_blank\" rel=\"nofollow noopener sponsored\"><br \/>\n      <span class=\"lk-zazitek-badge\">\u2b50 Tout<\/span><\/p>\n<div class=\"lk-zazitek-name\">Toutes les exp\u00e9riences \u00e0 Prague<\/div>\n<div class=\"lk-zazitek-desc\">Croisi\u00e8res, gastronomie, monuments et bien-\u00eatre \u2014 l&rsquo;offre compl\u00e8te d&rsquo;exp\u00e9riences dans la capitale tch\u00e8que.<\/div>\n<p>      <span class=\"lk-zazitek-cta\"><br \/>\n        Parcourir les exp\u00e9riences<br \/>\n        <svg width=\"12\" height=\"12\" viewBox=\"0 0 24 24\" fill=\"none\" stroke=\"currentColor\" stroke-width=\"2.5\"><polyline points=\"9 18 15 12 9 6\"\/><\/svg><br \/>\n      <\/span><br \/>\n    <\/a><\/p><\/div>\n<div class=\"lk-zazitky-footer\">\n    <span class=\"lk-zazitky-discount\"><br \/>\n      \u2b50 5 % de r\u00e9duction avec le code<br \/>\n      <span class=\"lk-zazitky-discount-code\">LOUDAVYMKROKEM5<\/span><br \/>\n    <\/span>\n  <\/div>\n<\/div>\n<h3 class=\"wp-block-heading\"><span class=\"ez-toc-section\" id=\"Cimetiere_de_Vysehrad_et_tombeau_Slavin\"><\/span><span class=\"ez-toc-section\" id=\"Cimetiere_de_Vysehrad_et_tombeau_Slavin\"><\/span>Cimeti\u00e8re de Vy\u0161ehrad et tombeau Slav\u00edn<span class=\"ez-toc-section-end\"><\/span><span class=\"ez-toc-section-end\"><\/span><\/h3>\n<p>Juste \u00e0 c\u00f4t\u00e9 de la basilique se trouve le cimeti\u00e8re de Vy\u0161ehrad, un lieu que l&rsquo;on pourrait qualifier de panth\u00e9on de la culture tch\u00e8que. Durant le renouveau national au XIXe si\u00e8cle, ce simple cimeti\u00e8re paroissial est devenu une n\u00e9cropole prestigieuse. L&rsquo;\u00e9l\u00e9ment architectural le plus marquant est le Slav\u00edn, un immense tombeau collectif reconnaissable \u00e0 la statue du g\u00e9nie ail\u00e9 qui le couronne. Y reposent Alfons Mucha, Ema Destinnov\u00e1 ou encore le sculpteur Josef V\u00e1clav Myslbek. En d\u00e9ambulant dans les all\u00e9es \u00e9troites entre les tombes avec Luk\u00e1\u0161, on cherche souvent les noms c\u00e9l\u00e8bres \u2014 vous y trouverez la tombe d&rsquo;Anton\u00edn Dvo\u0159\u00e1k avec son beau buste, celle de Bed\u0159ich Smetana ou encore la derni\u00e8re demeure de Karel \u010capek.<\/p>\n<p>Le cimeti\u00e8re est accessible gratuitement tous les jours de l&rsquo;ann\u00e9e. En \u00e9t\u00e9, les grilles ferment \u00e0 <strong>18h00<\/strong>, en hiver d\u00e8s <strong>16h00<\/strong> \u2014 un d\u00e9tail \u00e0 garder en t\u00eate si vous pr\u00e9voyez une promenade en fin d&rsquo;apr\u00e8s-midi. Il y r\u00e8gne toujours un silence et un respect absolus, ce qui en fait un refuge id\u00e9al loin du tumulte de la ville. <strong>\ud83d\udca1 Bon \u00e0 savoir :<\/strong> La tombe de Karel \u010capek ne se trouve pas au Slav\u00edn central mais dans la partie arri\u00e8re du cimeti\u00e8re (section 12) \u2014 elle est souvent couverte de petits cailloux et de crayons que les lecteurs y d\u00e9posent en hommage.<\/p>\n<figure class=\"wp-block-image size-full\"><img loading=\"lazy\" decoding=\"async\" width=\"1200\" height=\"800\" src=\"https:\/\/loudavymkrokem.cz\/wp-content\/uploads\/2026\/04\/vysehrad-4311.jpg\" alt=\"Cimeti\u00e8re de Vy\u0161ehrad\" class=\"wp-image-151160\" title=\"\" srcset=\"https:\/\/loudavymkrokem.cz\/wp-content\/uploads\/2026\/04\/vysehrad-4311.jpg 1200w, https:\/\/loudavymkrokem.cz\/wp-content\/uploads\/2026\/04\/vysehrad-4311-300x200.jpg 300w, https:\/\/loudavymkrokem.cz\/wp-content\/uploads\/2026\/04\/vysehrad-4311-700x467.jpg 700w, https:\/\/loudavymkrokem.cz\/wp-content\/uploads\/2026\/04\/vysehrad-4311-768x512.jpg 768w, https:\/\/loudavymkrokem.cz\/wp-content\/uploads\/2026\/04\/vysehrad-4311-696x464.jpg 696w\" sizes=\"auto, (max-width: 1200px) 100vw, 1200px\"><figcaption class=\"wp-element-caption\">Cimeti\u00e8re de Vy\u0161ehrad<\/figcaption><\/figure>\n<h3 class=\"wp-block-heading\"><span class=\"ez-toc-section\" id=\"Rotonde_Saint-Martin\"><\/span><span class=\"ez-toc-section\" id=\"Rotonde_Saint-Martin\"><\/span>Rotonde Saint-Martin<span class=\"ez-toc-section-end\"><\/span><span class=\"ez-toc-section-end\"><\/span><\/h3>\n<p>En traversant le site depuis la porte de T\u00e1bor, vous tomberez sur un petit \u00e9difice circulaire qui semble avoir toujours \u00e9t\u00e9 l\u00e0. La rotonde Saint-Martin est la plus ancienne rotonde conserv\u00e9e de Prague et date de la seconde moiti\u00e9 du XIe si\u00e8cle. Elle a surv\u00e9cu \u00e0 une quantit\u00e9 incroyable de catastrophes, des pillages pendant les guerres hussites aux p\u00e9riodes o\u00f9 elle servait de poudri\u00e8re ou d&rsquo;entrep\u00f4t. C&rsquo;est fascinant de voir une construction romane aussi ancienne dans un \u00e9tat relativement intact, surtout quand on r\u00e9alise que des voitures modernes passent \u00e0 quelques m\u00e8tres.<\/p>\n<p>La rotonde n&rsquo;est g\u00e9n\u00e9ralement pas accessible de l&rsquo;int\u00e9rieur ; elle n&rsquo;ouvre que lors d&rsquo;occasions sp\u00e9ciales ou de services religieux de l&rsquo;\u00c9glise hussite tch\u00e9coslovaque. Mais le chemin principal passe juste devant, impossible de la rater. Elle se trouve au croisement des all\u00e9es menant aux casemates. <strong>\ud83d\udca1 Bon \u00e0 savoir :<\/strong> Approchez-vous de sa fa\u00e7ade du c\u00f4t\u00e9 droit \u2014 au-dessus de l&rsquo;une des fen\u00eatres, un boulet de canon de 1757, quand Prague \u00e9tait assi\u00e9g\u00e9e par les Prussiens, est encore encastr\u00e9 dans la ma\u00e7onnerie.<\/p>\n<figure class=\"wp-block-image size-full\"><img loading=\"lazy\" decoding=\"async\" width=\"1200\" height=\"800\" src=\"https:\/\/loudavymkrokem.cz\/wp-content\/uploads\/2026\/04\/vysehrad-4348.jpg\" alt=\"Rotonde Saint-Martin \u00e0 Vy\u0161ehrad\" class=\"wp-image-151168\" title=\"\" srcset=\"https:\/\/loudavymkrokem.cz\/wp-content\/uploads\/2026\/04\/vysehrad-4348.jpg 1200w, https:\/\/loudavymkrokem.cz\/wp-content\/uploads\/2026\/04\/vysehrad-4348-300x200.jpg 300w, https:\/\/loudavymkrokem.cz\/wp-content\/uploads\/2026\/04\/vysehrad-4348-700x467.jpg 700w, https:\/\/loudavymkrokem.cz\/wp-content\/uploads\/2026\/04\/vysehrad-4348-768x512.jpg 768w, https:\/\/loudavymkrokem.cz\/wp-content\/uploads\/2026\/04\/vysehrad-4348-696x464.jpg 696w\" sizes=\"auto, (max-width: 1200px) 100vw, 1200px\"><figcaption class=\"wp-element-caption\">Rotonde Saint-Martin \u00e0 Vy\u0161ehrad<\/figcaption><\/figure>\n<h3 class=\"wp-block-heading\"><span class=\"ez-toc-section\" id=\"Casemates_de_Vysehrad_et_salle_Gorlice\"><\/span><span class=\"ez-toc-section\" id=\"Casemates_de_Vysehrad_et_salle_Gorlice\"><\/span>Casemates de Vy\u0161ehrad et salle Gorlice<span class=\"ez-toc-section-end\"><\/span><span class=\"ez-toc-section-end\"><\/span><\/h3>\n<p>Sous les remparts baroques en briques qui entourent tout Vy\u0161ehrad se cache un r\u00e9seau de galeries militaires secr\u00e8tes du XVIIe si\u00e8cle. Ces casemates servaient au d\u00e9placement rapide et discret des soldats. La visite de ces couloirs sombres, \u00e9troits et l\u00e9g\u00e8rement humides se termine dans une immense salle souterraine appel\u00e9e Gorlice. Celle-ci servait \u00e0 l&rsquo;origine de point de rassemblement des troupes et de r\u00e9serve alimentaire, mais elle remplit aujourd&rsquo;hui une fonction bien plus int\u00e9ressante : elle abrite plusieurs statues baroques originales du pont Charles, qui ont d\u00fb \u00eatre remplac\u00e9es par des copies en raison des intemp\u00e9ries. Voir ces imposantes sculptures en gr\u00e8s dans un espace souterrain mis en lumi\u00e8re, c&rsquo;est une exp\u00e9rience vraiment saisissante.<\/p>\n<p>L&rsquo;entr\u00e9e des casemates se trouve \u00e0 la porte Ciheln\u00e1. Les visites guid\u00e9es ont lieu toutes les heures pile et le tarif plein est de <strong>6 \u20ac<\/strong>. Ouvert tous les jours de <strong>9h30 \u00e0 17h00<\/strong> (jusqu&rsquo;\u00e0 18h00 en \u00e9t\u00e9). \u00c0 l&rsquo;int\u00e9rieur, la temp\u00e9rature reste constante autour de <strong>15 \u00b0C<\/strong>. <strong>\ud83d\udca1 Bon \u00e0 savoir :<\/strong> En \u00e9t\u00e9, emportez un petit pull m\u00eame s&rsquo;il fait trente degr\u00e9s dehors \u2014 apr\u00e8s vingt minutes dans l&rsquo;humidit\u00e9 souterraine, vous commencerez \u00e0 avoir froid.<\/p>\n<figure class=\"wp-block-image size-full\"><img loading=\"lazy\" decoding=\"async\" width=\"1200\" height=\"800\" src=\"https:\/\/loudavymkrokem.cz\/wp-content\/uploads\/2026\/04\/vysehrad-4340.jpg\" alt=\"Remparts de Vy\u0161ehrad\" class=\"wp-image-151163\" title=\"\" srcset=\"https:\/\/loudavymkrokem.cz\/wp-content\/uploads\/2026\/04\/vysehrad-4340.jpg 1200w, https:\/\/loudavymkrokem.cz\/wp-content\/uploads\/2026\/04\/vysehrad-4340-300x200.jpg 300w, https:\/\/loudavymkrokem.cz\/wp-content\/uploads\/2026\/04\/vysehrad-4340-700x467.jpg 700w, https:\/\/loudavymkrokem.cz\/wp-content\/uploads\/2026\/04\/vysehrad-4340-768x512.jpg 768w, https:\/\/loudavymkrokem.cz\/wp-content\/uploads\/2026\/04\/vysehrad-4340-696x464.jpg 696w\" sizes=\"auto, (max-width: 1200px) 100vw, 1200px\"><figcaption class=\"wp-element-caption\">Remparts de Vy\u0161ehrad<\/figcaption><\/figure>\n<h3 class=\"wp-block-heading\"><span class=\"ez-toc-section\" id=\"Remparts_panoramas_et_legendes_de_Libuse\"><\/span><span class=\"ez-toc-section\" id=\"Remparts_panoramas_et_legendes_de_Libuse\"><\/span>Remparts, panoramas et l\u00e9gendes de Libu\u0161e<span class=\"ez-toc-section-end\"><\/span><span class=\"ez-toc-section-end\"><\/span><\/h3>\n<p>Ce qui fait de Vy\u0161ehrad un lieu si pris\u00e9, ce sont ses imposants remparts baroques. Ils forment un circuit de deux kilom\u00e8tres et demi sur lequel on se prom\u00e8ne confortablement, avec des vues dans toutes les directions. Le plus beau panorama s&rsquo;offre depuis le bastion sud-ouest en direction de la rivi\u00e8re, de Podol\u00ed et du Zl\u00edchov en face. Depuis le belv\u00e9d\u00e8re pr\u00e8s de la galerie, c&rsquo;est la vue la plus embl\u00e9matique qui s&rsquo;ouvre : le ch\u00e2teau de Prague par-dessus les toits de la Nouvelle Ville. Vy\u0161ehrad est aussi intimement li\u00e9 aux l\u00e9gendes de la princesse Libu\u0161e, qui aurait proph\u00e9tis\u00e9 la gloire de Prague depuis ces hauteurs. Lors de votre promenade au-dessus de la rivi\u00e8re, vous remarquerez les ruines d&rsquo;une tour gothique \u00e9mergeant de la roche \u2014 on l&rsquo;appelle le Bain de Libu\u0161e, bien qu&rsquo;historiquement elle n&rsquo;ait aucun lien avec la princesse l\u00e9gendaire.<\/p>\n<p>Sur la pelouse du parc se trouvent aussi les Colonnes du Diable, trois morceaux d&rsquo;une colonne de granit bris\u00e9e que le diable aurait jet\u00e9s l\u00e0 apr\u00e8s avoir perdu un pari avec le cur\u00e9 local \u2014 voil\u00e0 une l\u00e9gende que l&rsquo;on pourrait tout \u00e0 fait imaginer dans un conte m\u00e9di\u00e9val fran\u00e7ais ! Le site des remparts et des parcs est accessible 24h\/24 et gratuit. <strong>\ud83d\udca1 Bon \u00e0 savoir :<\/strong> Si vous voulez des photos tranquilles avec vue sur la Vltava sans t\u00eates inconnues dans le cadre, venez un dimanche matin vers huit heures \u2014 vous n&rsquo;aurez les remparts que pour vous et les promeneurs de chiens matinaux.<\/p>\n<figure class=\"wp-block-image size-full\"><img loading=\"lazy\" decoding=\"async\" width=\"1200\" height=\"800\" src=\"https:\/\/loudavymkrokem.cz\/wp-content\/uploads\/2026\/04\/vysehrad-4316.jpg\" alt=\"Vue depuis Vy\u0161ehrad\" class=\"wp-image-151159\" title=\"\" srcset=\"https:\/\/loudavymkrokem.cz\/wp-content\/uploads\/2026\/04\/vysehrad-4316.jpg 1200w, https:\/\/loudavymkrokem.cz\/wp-content\/uploads\/2026\/04\/vysehrad-4316-300x200.jpg 300w, https:\/\/loudavymkrokem.cz\/wp-content\/uploads\/2026\/04\/vysehrad-4316-700x467.jpg 700w, https:\/\/loudavymkrokem.cz\/wp-content\/uploads\/2026\/04\/vysehrad-4316-768x512.jpg 768w, https:\/\/loudavymkrokem.cz\/wp-content\/uploads\/2026\/04\/vysehrad-4316-696x464.jpg 696w\" sizes=\"auto, (max-width: 1200px) 100vw, 1200px\"><figcaption class=\"wp-element-caption\">Vue depuis Vy\u0161ehrad<\/figcaption><\/figure>\n<h3 class=\"wp-block-heading\"><span class=\"ez-toc-section\" id=\"Vysehrad_avec_des_enfants_laire_de_jeux_des_legendes\"><\/span><span class=\"ez-toc-section\" id=\"Vysehrad_avec_des_enfants_aire_de_jeux_des_legendes\"><\/span>Vy\u0161ehrad avec des enfants : l&rsquo;aire de jeux des l\u00e9gendes<span class=\"ez-toc-section-end\"><\/span><span class=\"ez-toc-section-end\"><\/span><\/h3>\n<p>Quand nous sommes \u00e0 Prague avec Jon\u00e1\u0161, les aires de jeux sont devenues notre nouvelle \u00e9tape entre les monuments. L&rsquo;aire de jeux de Vy\u0161ehrad, baptis\u00e9e \u00ab Des anciennes l\u00e9gendes tch\u00e8ques \u00bb, se trouve dans un coin tranquille du parc pr\u00e8s de la rotonde Saint-Martin. Enti\u00e8rement construite en bois d&rsquo;acacia massif, elle propose des sculptures en bois du h\u00e9ros Bivoj portant un sanglier, diverses structures d&rsquo;escalade, des petites maisonnettes et des balan\u00e7oires, le tout int\u00e9gr\u00e9 avec go\u00fbt dans un cadre arbor\u00e9.<\/p>\n<p>L&rsquo;aire de jeux est cl\u00f4tur\u00e9e, ce que j&rsquo;appr\u00e9cie \u00e9norm\u00e9ment en tant que parent d&rsquo;un bambin qui adore partir dans toutes les directions. Le sol est recouvert de sable fin et de gravier, et il y a suffisamment de bancs pour se reposer. L&rsquo;entr\u00e9e est bien s\u00fbr gratuite.<\/p>\n<figure class=\"wp-block-image size-full\"><img loading=\"lazy\" decoding=\"async\" width=\"1200\" height=\"800\" src=\"https:\/\/loudavymkrokem.cz\/wp-content\/uploads\/2026\/04\/vysehrad-4346.jpg\" alt=\"Aire de jeux de Vy\u0161ehrad\" class=\"wp-image-151166\" title=\"\" srcset=\"https:\/\/loudavymkrokem.cz\/wp-content\/uploads\/2026\/04\/vysehrad-4346.jpg 1200w, https:\/\/loudavymkrokem.cz\/wp-content\/uploads\/2026\/04\/vysehrad-4346-300x200.jpg 300w, https:\/\/loudavymkrokem.cz\/wp-content\/uploads\/2026\/04\/vysehrad-4346-700x467.jpg 700w, https:\/\/loudavymkrokem.cz\/wp-content\/uploads\/2026\/04\/vysehrad-4346-768x512.jpg 768w, https:\/\/loudavymkrokem.cz\/wp-content\/uploads\/2026\/04\/vysehrad-4346-696x464.jpg 696w\" sizes=\"auto, (max-width: 1200px) 100vw, 1200px\"><figcaption class=\"wp-element-caption\">Aire de jeux de Vy\u0161ehrad<\/figcaption><\/figure>\n<h2 class=\"wp-block-heading\"><span class=\"ez-toc-section\" id=\"Infos_pratiques_pour_votre_visite\"><\/span><span class=\"ez-toc-section\" id=\"Infos_pratiques_pour_votre_visite\"><\/span>Infos pratiques pour votre visite<span class=\"ez-toc-section-end\"><\/span><span class=\"ez-toc-section-end\"><\/span><\/h2>\n<p>Avant de vous rendre \u00e0 Vy\u0161ehrad, voici quelques informations pratiques concernant les transports, la restauration et les billets.<\/p>\n<p><strong>Transports et comment s&rsquo;y rendre :<\/strong> Depuis la France, Prague est facilement accessible en vol direct depuis Paris avec Air France, Transavia ou easyJet (environ 1h45 de vol). Sur place, le moyen le plus simple pour rejoindre Vy\u0161ehrad est la ligne rouge du m\u00e9tro C, station Vy\u0161ehrad. De l\u00e0, comptez environ 10 minutes de marche sur du plat, en passant devant le Palais des Congr\u00e8s jusqu&rsquo;\u00e0 la porte de T\u00e1bor. Cet itin\u00e9raire est id\u00e9al pour les poussettes ou les personnes \u00e0 mobilit\u00e9 r\u00e9duite. Une deuxi\u00e8me option, un peu plus romantique, consiste \u00e0 prendre le tramway (lignes 2, 3, 17, 21) jusqu&rsquo;\u00e0 l&rsquo;arr\u00eat V\u00fdto\u0148 et \u00e0 monter la colline le long des remparts. C&rsquo;est une mont\u00e9e assez raide, mais les vues sur la rivi\u00e8re se d\u00e9voilent progressivement. Un ticket de <strong>30 minutes<\/strong> pour les transports en commun co\u00fbte environ <strong>1,20 \u20ac<\/strong>, le pass journalier environ <strong>6 \u20ac<\/strong>.<\/p>\n<p><strong>Restauration :<\/strong> Directement dans l&rsquo;enceinte de Vy\u0161ehrad, vous trouverez plusieurs caf\u00e9s et restaurants o\u00f9 faire une pause. Nous y sommes r\u00e9cemment all\u00e9s pour un g\u00e2teau et un caf\u00e9 quand notre fils, 30 minutes apr\u00e8s le petit-d\u00e9jeuner, avait absolument besoin d&rsquo;un en-cas.<\/p>\n<p><strong>Tarifs et horaires d&rsquo;ouverture :<\/strong> Comme je l&rsquo;ai mentionn\u00e9, le site en lui-m\u00eame \u2014 parcs, all\u00e9es, remparts \u2014 est ouvert 24h\/24 et gratuit. On ne paie que pour entrer dans les monuments :<\/p>\n<ul class=\"wp-block-list\">\n<li>Basilique Saints-Pierre-et-Paul : env. 5 \u20ac (tous les jours, le dimanche \u00e0 partir de 12h00)<\/li>\n<li>Casemates et Gorlice : env. 6 \u20ac (tous les jours 9h30\u201317h00\/18h00)<\/li>\n<li>Cimeti\u00e8re de Vy\u0161ehrad : gratuit (ouvert tous les jours, fermeture \u00e0 16h00 ou 18h00 selon la saison).<\/li>\n<\/ul>\n<figure class=\"wp-block-image size-full\"><img loading=\"lazy\" decoding=\"async\" width=\"1200\" height=\"800\" src=\"https:\/\/loudavymkrokem.cz\/wp-content\/uploads\/2026\/04\/vysehrad-4349.jpg\" alt=\"Caf\u00e9 \u00e0 Vy\u0161ehrad\" class=\"wp-image-151169\" title=\"\" srcset=\"https:\/\/loudavymkrokem.cz\/wp-content\/uploads\/2026\/04\/vysehrad-4349.jpg 1200w, https:\/\/loudavymkrokem.cz\/wp-content\/uploads\/2026\/04\/vysehrad-4349-300x200.jpg 300w, https:\/\/loudavymkrokem.cz\/wp-content\/uploads\/2026\/04\/vysehrad-4349-700x467.jpg 700w, https:\/\/loudavymkrokem.cz\/wp-content\/uploads\/2026\/04\/vysehrad-4349-768x512.jpg 768w, https:\/\/loudavymkrokem.cz\/wp-content\/uploads\/2026\/04\/vysehrad-4349-696x464.jpg 696w\" sizes=\"auto, (max-width: 1200px) 100vw, 1200px\"><figcaption class=\"wp-element-caption\">Caf\u00e9 Bystro \u00e0 Vy\u0161ehrad<\/figcaption><\/figure>\n<h2 class=\"wp-block-heading\"><span class=\"ez-toc-section\" id=\"Pour_aller_plus_loin\"><\/span><span class=\"ez-toc-section\" id=\"Pour_aller_plus_loin\"><\/span>Pour aller plus loin<span class=\"ez-toc-section-end\"><\/span><span class=\"ez-toc-section-end\"><\/span><\/h2>\n<ul class=\"wp-block-list\">\n<li>Vous pr\u00e9parez votre itin\u00e9raire complet ? Consultez notre grand guide <a href=\"https:\/\/loudavymkrokem.cz\/fr\/prague-republique-tcheque\/\">Que voir \u00e0 Prague<\/a>, avec des dizaines de conseils en dehors des circuits touristiques classiques.<\/li>\n<li>Si vous souhaitez comparer le calme de Vy\u0161ehrad avec son fr\u00e8re plus c\u00e9l\u00e8bre, jetez un \u0153il \u00e0 notre article sur le <a href=\"https:\/\/loudavymkrokem.cz\/fr\/chateau-prague-visite-guide\/\">ch\u00e2teau de Prague<\/a>.<\/li>\n<li>Vous voyagez avec de jeunes enfants ? Notre guide sp\u00e9cial <a href=\"https:\/\/loudavymkrokem.cz\/fr\/prague-enfants-activites-tout-petit\/\">Que faire avec un bambin \u00e0 Prague<\/a> vous sera tr\u00e8s utile, avec nos aires de jeux pr\u00e9f\u00e9r\u00e9es et nos caf\u00e9s baby-friendly.<\/li>\n<\/ul>\n<h2 class=\"wp-block-heading\"><span class=\"ez-toc-section\" id=\"Questions_frequentes\"><\/span><span class=\"ez-toc-section\" id=\"Questions_frequentes\"><\/span>Questions fr\u00e9quentes<span class=\"ez-toc-section-end\"><\/span><span class=\"ez-toc-section-end\"><\/span><\/h2>\n<div id=\"rank-math-faq\" class=\"rank-math-block\">\n<div class=\"rank-math-list \">\n<div id=\"faq-question-1777055066991\" class=\"rank-math-list-item\">\n<h3 class=\"rank-math-question \"><span class=\"ez-toc-section\" id=\"Lentree_a_Vysehrad_est-elle_payante\"><\/span><span class=\"ez-toc-section\" id=\"L_entree_a_Vysehrad_est-elle_payante\"><\/span><strong>L&rsquo;entr\u00e9e \u00e0 Vy\u0161ehrad est-elle payante ?<\/strong><span class=\"ez-toc-section-end\"><\/span><span class=\"ez-toc-section-end\"><\/span><\/h3>\n<div class=\"rank-math-answer \">\n<p>Non, l&rsquo;acc\u00e8s \u00e0 l&rsquo;ensemble du site en plein air, aux remparts et aux parcs est enti\u00e8rement gratuit. Vous ne payez que si vous souhaitez visiter l&rsquo;int\u00e9rieur de la basilique, les casemates souterraines ou la galerie.<\/p>\n<\/div>\n<\/div>\n<div id=\"faq-question-1777055079043\" class=\"rank-math-list-item\">\n<h3 class=\"rank-math-question \"><span class=\"ez-toc-section\" id=\"Peut-on_venir_a_Vysehrad_avec_un_chien\"><\/span><span class=\"ez-toc-section\" id=\"Peut-on_venir_a_Vysehrad_avec_un_chien\"><\/span><strong>Peut-on venir \u00e0 Vy\u0161ehrad avec un chien ?<\/strong> <span class=\"ez-toc-section-end\"><\/span><span class=\"ez-toc-section-end\"><\/span><\/h3>\n<div class=\"rank-math-answer \">\n<p>Oui, Vy\u0161ehrad est tr\u00e8s appr\u00e9ci\u00e9 des promeneurs de chiens locaux. Les chiens doivent toutefois \u00eatre tenus en laisse dans l&rsquo;enceinte du monument national et ne peuvent pas acc\u00e9der \u00e0 l&rsquo;aire de jeux ni au cimeti\u00e8re.<\/p>\n<\/div>\n<\/div>\n<div id=\"faq-question-1777055083751\" class=\"rank-math-list-item\">\n<h3 class=\"rank-math-question \"><span class=\"ez-toc-section\" id=\"Vysehrad_est-il_accessible_en_poussette_ou_en_fauteuil_roulant\"><\/span><span class=\"ez-toc-section\" id=\"Vysehrad_est-il_accessible_en_poussette_ou_en_fauteuil_roulant\"><\/span><strong>Vy\u0161ehrad est-il accessible en poussette ou en fauteuil roulant ?<\/strong><span class=\"ez-toc-section-end\"><\/span><span class=\"ez-toc-section-end\"><\/span><\/h3>\n<div class=\"rank-math-answer \">\n<p>Tout \u00e0 fait. Si vous arrivez en m\u00e9tro C \u00e0 la station Vy\u0161ehrad, tout le trajet jusqu&rsquo;\u00e0 la basilique et le circuit principal des remparts se fait sur des chemins asphalt\u00e9s et plats, sans escaliers. Seules quelques all\u00e9es lat\u00e9rales ont des pav\u00e9s.<\/p>\n<\/div>\n<\/div>\n<div id=\"faq-question-1777055092052\" class=\"rank-math-list-item\">\n<h3 class=\"rank-math-question \"><span class=\"ez-toc-section\" id=\"Combien_de_temps_dure_la_visite_de_Vysehrad\"><\/span><span class=\"ez-toc-section\" id=\"Combien_de_temps_dure_la_visite_de_Vysehrad\"><\/span><strong>Combien de temps dure la visite de Vy\u0161ehrad ?<\/strong><span class=\"ez-toc-section-end\"><\/span><span class=\"ez-toc-section-end\"><\/span><\/h3>\n<div class=\"rank-math-answer \">\n<p>Pour une promenade tranquille avec les vues depuis les remparts et la visite du cimeti\u00e8re, comptez 2 \u00e0 3 heures. Avec la visite des int\u00e9rieurs et un d\u00e9jeuner, vous y passerez facilement une demi-journ\u00e9e.<\/p>\n<\/div>\n<\/div>\n<div id=\"faq-question-1777055100734\" class=\"rank-math-list-item\">\n<h3 class=\"rank-math-question \"><span class=\"ez-toc-section\" id=\"Ou_se_garer_pres_de_Vysehrad\"><\/span><span class=\"ez-toc-section\" id=\"Ou_se_garer_pres_de_Vysehrad\"><\/span><strong>O\u00f9 se garer pr\u00e8s de Vy\u0161ehrad ?<\/strong> <span class=\"ez-toc-section-end\"><\/span><span class=\"ez-toc-section-end\"><\/span><\/h3>\n<div class=\"rank-math-answer \">\n<p>Le mieux est de laisser la voiture dans les zones payantes (zones violettes) aux alentours de la station de m\u00e9tro Vy\u0161ehrad ou en bas \u00e0 Podol\u00ed pr\u00e8s de la maternit\u00e9, et de faire le reste \u00e0 pied.<\/p>\n<\/div>\n<\/div>\n<div id=\"faq-question-1777055115685\" class=\"rank-math-list-item\">\n<h3 class=\"rank-math-question \"><span class=\"ez-toc-section\" id=\"La_rotonde_Saint-Martin_est-elle_normalement_ouverte_au_public\"><\/span><span class=\"ez-toc-section\" id=\"La_rotonde_Saint-Martin_est-elle_normalement_ouverte_au_public\"><\/span><strong>La rotonde Saint-Martin est-elle normalement ouverte au public ?<\/strong><span class=\"ez-toc-section-end\"><\/span><span class=\"ez-toc-section-end\"><\/span><\/h3>\n<div class=\"rank-math-answer \">\n<p>Non, la rotonde est ferm\u00e9e la majeure partie de l&rsquo;ann\u00e9e pour des raisons de conservation et de s\u00e9curit\u00e9 ; on ne peut l&rsquo;admirer que de l&rsquo;ext\u00e9rieur, derri\u00e8re une petite cl\u00f4ture. Elle n&rsquo;ouvre qu&rsquo;exceptionnellement, par exemple lors de la Nuit des \u00e9glises ou des Journ\u00e9es europ\u00e9ennes du patrimoine.<\/p>\n<\/div>\n<\/div>\n<\/div>\n<\/div>\n","protected":false},"excerpt":{"rendered":"<p>Vy\u0161ehrad est l&rsquo;un de mes endroits pr\u00e9f\u00e9r\u00e9s \u00e0 Prague : calme, jamais bond\u00e9 et offrant les plus belles vues panoramiques de la ville.<\/p>\n","protected":false},"author":3,"featured_media":151159,"comment_status":"open","ping_status":"open","sticky":false,"template":"","format":"standard","meta":{"footnotes":"","rank_math_title":"","rank_math_description":"","rank_math_focus_keyword":"","rank_math_seo_score":""},"categories":[558,559,650],"tags":[],"class_list":{"0":"post-151222","1":"post","2":"type-post","3":"status-publish","4":"format-standard","5":"has-post-thumbnail","7":"category-europe","8":"category-republique-tcheque","9":"category-voyages"},"featured_image_src":"https:\/\/loudavymkrokem.cz\/wp-content\/uploads\/2026\/04\/vysehrad-4316.jpg","author_info":{"display_name":"Lucie Kone\u010dn\u00e1","author_link":"https:\/\/loudavymkrokem.cz\/fr\/author\/lucie-konecna\/"},"_links":{"self":[{"href":"https:\/\/loudavymkrokem.cz\/fr\/wp-json\/wp\/v2\/posts\/151222","targetHints":{"allow":["GET"]}}],"collection":[{"href":"https:\/\/loudavymkrokem.cz\/fr\/wp-json\/wp\/v2\/posts"}],"about":[{"href":"https:\/\/loudavymkrokem.cz\/fr\/wp-json\/wp\/v2\/types\/post"}],"author":[{"embeddable":true,"href":"https:\/\/loudavymkrokem.cz\/fr\/wp-json\/wp\/v2\/users\/3"}],"replies":[{"embeddable":true,"href":"https:\/\/loudavymkrokem.cz\/fr\/wp-json\/wp\/v2\/comments?post=151222"}],"version-history":[{"count":1,"href":"https:\/\/loudavymkrokem.cz\/fr\/wp-json\/wp\/v2\/posts\/151222\/revisions"}],"predecessor-version":[{"id":151371,"href":"https:\/\/loudavymkrokem.cz\/fr\/wp-json\/wp\/v2\/posts\/151222\/revisions\/151371"}],"wp:featuredmedia":[{"embeddable":true,"href":"https:\/\/loudavymkrokem.cz\/fr\/wp-json\/wp\/v2\/media\/151159"}],"wp:attachment":[{"href":"https:\/\/loudavymkrokem.cz\/fr\/wp-json\/wp\/v2\/media?parent=151222"}],"wp:term":[{"taxonomy":"category","embeddable":true,"href":"https:\/\/loudavymkrokem.cz\/fr\/wp-json\/wp\/v2\/categories?post=151222"},{"taxonomy":"post_tag","embeddable":true,"href":"https:\/\/loudavymkrokem.cz\/fr\/wp-json\/wp\/v2\/tags?post=151222"}],"curies":[{"name":"wp","href":"https:\/\/api.w.org\/{rel}","templated":true}]}}