{"id":417755,"date":"2026-09-04T20:53:47","date_gmt":"2026-09-04T18:53:47","guid":{"rendered":"https:\/\/loudavymkrokem.cz\/majoitus-strasbourg-ranska\/"},"modified":"2026-09-05T17:51:33","modified_gmt":"2026-09-05T15:51:33","slug":"majoitus-strasbourg-ranska","status":"publish","type":"post","link":"https:\/\/loudavymkrokem.cz\/fi\/majoitus-strasbourg-ranska\/","title":{"rendered":"Majoitus Strasbourgissa: 18 parasta hotellia ja kaupunginosaa vuonna 2026"},"content":{"rendered":"\n<p class=\"wp-block-paragraph\">Strasbourg Ranskassa on kaupunki, joka tempaisee sinut t\u00e4ysin mukaansa tunnelmallaan \u2013 varsinkin kun sen kujat syttyv\u00e4t tuhansiin valoihin ja ilmassa tuoksuu gl\u00f6gi. <strong>Oikean majoituksen valinta<\/strong> toimii t\u00e4\u00e4ll\u00e4 kuitenkin hieman toisin kuin useimmissa Euroopan suurkaupungeissa, sill\u00e4 <strong>Strasbourgissa ratkaisee ennen kaikkea p\u00e4iv\u00e4m\u00e4\u00e4r\u00e4<\/strong>, ei niink\u00e4\u00e4n itse hotelli.<\/p>\n\n\n\n<p class=\"wp-block-paragraph\">Jos suunnittelet vierailua kuuluisien joulumarkkinoiden aikaan, varaudu siihen, ett\u00e4 <strong>hotelli historiallisessa keskustassa voi maksaa jopa kolme kertaa tammikuun hinnan<\/strong>. Parhaat osoitteet Grande \u00cele -saarella katoavat varaussivustoilta uskomattoman nopeasti, ja siksi ne <strong>myyd\u00e4\u00e4n loppuun helposti jo kuudesta yhdeks\u00e4\u00e4n kuukautta etuk\u00e4teen<\/strong>.<\/p>\n\n\n\n<p class=\"wp-block-paragraph\">N\u00e4yt\u00e4n sinulle, miten v\u00e4lt\u00e4t pahimmat turistiansat \u2013 ja paljastan pienen salaisuuden, jonka avulla voit s\u00e4\u00e4st\u00e4\u00e4 30\u201340 prosenttia adventtiajan hinnasta, jos majoitut vain kymmenen tai kaksikymment\u00e4 minuuttia k\u00e4velymatkan p\u00e4\u00e4h\u00e4n historiallisesta ytimest\u00e4.<\/p>\n\n\n\n<figure data-wp-context=\"{&quot;imageId&quot;:&quot;6a9c4ed56cc87&quot;}\" data-wp-interactive=\"core\/image\" data-wp-key=\"6a9c4ed56cc87\" class=\"wp-block-image size-full wp-lightbox-container\"><img decoding=\"async\" width=\"1920\" height=\"1848\" data-wp-class--hide=\"state.isContentHidden\" data-wp-class--show=\"state.isContentVisible\" data-wp-init=\"callbacks.setButtonStyles\" data-wp-on--click=\"actions.showLightbox\" data-wp-on--load=\"callbacks.setButtonStyles\" data-wp-on--pointerdown=\"actions.preloadImage\" data-wp-on--pointerenter=\"actions.preloadImageWithDelay\" data-wp-on--pointerleave=\"actions.cancelPreload\" data-wp-on-window--resize=\"callbacks.setButtonStyles\" src=\"https:\/\/loudavymkrokem.cz\/wp-content\/uploads\/2026\/09\/grande-ile-historicke-jadro-strasburku-2b97f23a.jpg\" alt=\"Grande \u00cele, Strasbourgin historiallinen keskusta\" class=\"wp-image-413380\" title=\"\" srcset=\"https:\/\/loudavymkrokem.cz\/wp-content\/uploads\/2026\/09\/grande-ile-historicke-jadro-strasburku-2b97f23a.jpg 1920w, https:\/\/loudavymkrokem.cz\/wp-content\/uploads\/2026\/09\/grande-ile-historicke-jadro-strasburku-2b97f23a-300x289.jpg 300w, https:\/\/loudavymkrokem.cz\/wp-content\/uploads\/2026\/09\/grande-ile-historicke-jadro-strasburku-2b97f23a-700x674.jpg 700w, https:\/\/loudavymkrokem.cz\/wp-content\/uploads\/2026\/09\/grande-ile-historicke-jadro-strasburku-2b97f23a-768x739.jpg 768w, https:\/\/loudavymkrokem.cz\/wp-content\/uploads\/2026\/09\/grande-ile-historicke-jadro-strasburku-2b97f23a-1536x1478.jpg 1536w, https:\/\/loudavymkrokem.cz\/wp-content\/uploads\/2026\/09\/grande-ile-historicke-jadro-strasburku-2b97f23a-696x670.jpg 696w, https:\/\/loudavymkrokem.cz\/wp-content\/uploads\/2026\/09\/grande-ile-historicke-jadro-strasburku-2b97f23a-1392x1340.jpg 1392w\" sizes=\"(max-width: 1920px) 100vw, 1920px\" \/><button\n\t\t\tclass=\"lightbox-trigger\"\n\t\t\ttype=\"button\"\n\t\t\taria-haspopup=\"dialog\"\n\t\t\tdata-wp-bind--aria-label=\"state.thisImage.triggerButtonAriaLabel\"\n\t\t\tdata-wp-init=\"callbacks.initTriggerButton\"\n\t\t\tdata-wp-on--click=\"actions.showLightbox\"\n\t\t\tdata-wp-style--right=\"state.thisImage.buttonRight\"\n\t\t\tdata-wp-style--top=\"state.thisImage.buttonTop\"\n\t\t>\n\t\t\t<svg xmlns=\"http:\/\/www.w3.org\/2000\/svg\" width=\"12\" height=\"12\" fill=\"none\" viewBox=\"0 0 12 12\">\n\t\t\t\t<path fill=\"#fff\" d=\"M2 0a2 2 0 0 0-2 2v2h1.5V2a.5.5 0 0 1 .5-.5h2V0H2Zm2 10.5H2a.5.5 0 0 1-.5-.5V8H0v2a2 2 0 0 0 2 2h2v-1.5ZM8 12v-1.5h2a.5.5 0 0 0 .5-.5V8H12v2a2 2 0 0 1-2 2H8Zm2-12a2 2 0 0 1 2 2v2h-1.5V2a.5.5 0 0 0-.5-.5H8V0h2Z\" \/>\n\t\t\t<\/svg>\n\t\t<\/button><figcaption class=\"wp-element-caption\">Kuva: Cayambe \/ Wikimedia Commons, CC BY-SA 3.0<\/figcaption><\/figure>\n\n\n\n<div id=\"ez-toc-container\" class=\"ez-toc-v2_0_87 ez-toc-wrap-left counter-hierarchy ez-toc-counter ez-toc-grey ez-toc-container-direction\">\n<div class=\"ez-toc-title-container\">\n<p class=\"ez-toc-title\" style=\"cursor:inherit\">Artikkelin sis\u00e4lt\u00f6<\/p>\n<span class=\"ez-toc-title-toggle\"><a href=\"#\" class=\"ez-toc-pull-right ez-toc-btn ez-toc-btn-xs ez-toc-btn-default ez-toc-toggle\" aria-label=\"Toggle Table of Content\"><span class=\"ez-toc-js-icon-con\"><span class=\"\"><span class=\"eztoc-hide\" style=\"display:none;\">Toggle<\/span><span class=\"ez-toc-icon-toggle-span\"><svg style=\"fill: #999;color:#999\" xmlns=\"http:\/\/www.w3.org\/2000\/svg\" class=\"list-377408\" width=\"20px\" height=\"20px\" viewBox=\"0 0 24 24\" fill=\"none\"><path d=\"M6 6H4v2h2V6zm14 0H8v2h12V6zM4 11h2v2H4v-2zm16 0H8v2h12v-2zM4 16h2v2H4v-2zm16 0H8v2h12v-2z\" fill=\"currentColor\"><\/path><\/svg><svg style=\"fill: #999;color:#999\" class=\"arrow-unsorted-368013\" xmlns=\"http:\/\/www.w3.org\/2000\/svg\" width=\"10px\" height=\"10px\" viewBox=\"0 0 24 24\" version=\"1.2\" baseProfile=\"tiny\"><path d=\"M18.2 9.3l-6.2-6.3-6.2 6.3c-.2.2-.3.4-.3.7s.1.5.3.7c.2.2.4.3.7.3h11c.3 0 .5-.1.7-.3.2-.2.3-.5.3-.7s-.1-.5-.3-.7zM5.8 14.7l6.2 6.3 6.2-6.3c.2-.2.3-.5.3-.7s-.1-.5-.3-.7c-.2-.2-.4-.3-.7-.3h-11c-.3 0-.5.1-.7.3-.2.2-.3.5-.3.7s.1.5.3.7z\"\/><\/svg><\/span><\/span><\/span><\/a><\/span><\/div>\n<nav><ul class='ez-toc-list ez-toc-list-level-1 ' ><ul class='ez-toc-list-level-3' ><li class='ez-toc-heading-level-3'><a class=\"ez-toc-link ez-toc-heading-1\" href=\"https:\/\/loudavymkrokem.cz\/fi\/majoitus-strasbourg-ranska\/#Yhteenveto_niille_joilla_ei_ole_aikaa_lukea_koko_artikkelia\" >Yhteenveto niille, joilla ei ole aikaa lukea koko artikkelia<\/a><\/li><\/ul><\/li><li class='ez-toc-page-1 ez-toc-heading-level-2'><a class=\"ez-toc-link ez-toc-heading-2\" href=\"https:\/\/loudavymkrokem.cz\/fi\/majoitus-strasbourg-ranska\/#Minka_alueen_valitset_majoitusta_varten\" >Mink\u00e4 alueen valitset majoitusta varten<\/a><\/li><li class='ez-toc-page-1 ez-toc-heading-level-2'><a class=\"ez-toc-link ez-toc-heading-3\" href=\"https:\/\/loudavymkrokem.cz\/fi\/majoitus-strasbourg-ranska\/#Milloin_matkustaa_ja_milloin_varata_huone\" >Milloin matkustaa ja milloin varata huone<\/a><\/li><li class='ez-toc-page-1 ez-toc-heading-level-2'><a class=\"ez-toc-link ez-toc-heading-4\" href=\"https:\/\/loudavymkrokem.cz\/fi\/majoitus-strasbourg-ranska\/#Missa_majoittua_Strasbourgissa_18_parasta_hotellia\" >Miss\u00e4 majoittua Strasbourgissa: 18 parasta hotellia<\/a><ul class='ez-toc-list-level-3' ><li class='ez-toc-heading-level-3'><a class=\"ez-toc-link ez-toc-heading-5\" href=\"https:\/\/loudavymkrokem.cz\/fi\/majoitus-strasbourg-ranska\/#1_Cour_du_Corbeau_Hotel_Strasbourg_MGallery\" >1. Cour du Corbeau Hotel Strasbourg MGallery<\/a><\/li><li class='ez-toc-page-1 ez-toc-heading-level-3'><a class=\"ez-toc-link ez-toc-heading-6\" href=\"https:\/\/loudavymkrokem.cz\/fi\/majoitus-strasbourg-ranska\/#2_Les_Haras_Hotel_by_Stay_Collection\" >2. Les Haras H\u00f4tel by Stay Collection<\/a><\/li><li class='ez-toc-page-1 ez-toc-heading-level-3'><a class=\"ez-toc-link ez-toc-heading-7\" href=\"https:\/\/loudavymkrokem.cz\/fi\/majoitus-strasbourg-ranska\/#3_Maison_Rouge_Strasbourg_Hotel_Spa\" >3. Maison Rouge Strasbourg Hotel &#038; Spa<\/a><\/li><li class='ez-toc-page-1 ez-toc-heading-level-3'><a class=\"ez-toc-link ez-toc-heading-8\" href=\"https:\/\/loudavymkrokem.cz\/fi\/majoitus-strasbourg-ranska\/#4_Hotel_Beaucour\" >4. H\u00f4tel Beaucour<\/a><\/li><li class='ez-toc-page-1 ez-toc-heading-level-3'><a class=\"ez-toc-link ez-toc-heading-9\" href=\"https:\/\/loudavymkrokem.cz\/fi\/majoitus-strasbourg-ranska\/#5_LEONOR_Hotel_by_Stay_Collection\" >5. L\u00c9ONOR H\u00f4tel by Stay Collection<\/a><\/li><li class='ez-toc-page-1 ez-toc-heading-level-3'><a class=\"ez-toc-link ez-toc-heading-10\" href=\"https:\/\/loudavymkrokem.cz\/fi\/majoitus-strasbourg-ranska\/#6_Hotel_Tandem\" >6. Hotel Tandem<\/a><\/li><li class='ez-toc-page-1 ez-toc-heading-level-3'><a class=\"ez-toc-link ez-toc-heading-11\" href=\"https:\/\/loudavymkrokem.cz\/fi\/majoitus-strasbourg-ranska\/#7_Sofitel_Strasbourg_Grande_Ile\" >7. Sofitel Strasbourg Grande \u00cele<\/a><\/li><li class='ez-toc-page-1 ez-toc-heading-level-3'><a class=\"ez-toc-link ez-toc-heading-12\" href=\"https:\/\/loudavymkrokem.cz\/fi\/majoitus-strasbourg-ranska\/#8_Hotel_Regent_Contades_by_Stay_Collection\" >8. H\u00f4tel R\u00e9gent Contades by Stay Collection<\/a><\/li><li class='ez-toc-page-1 ez-toc-heading-level-3'><a class=\"ez-toc-link ez-toc-heading-13\" href=\"https:\/\/loudavymkrokem.cz\/fi\/majoitus-strasbourg-ranska\/#9_Pavillon_Regent_Petite_France\" >9. Pavillon R\u00e9gent Petite France<\/a><\/li><li class='ez-toc-page-1 ez-toc-heading-level-3'><a class=\"ez-toc-link ez-toc-heading-14\" href=\"https:\/\/loudavymkrokem.cz\/fi\/majoitus-strasbourg-ranska\/#10_Hannong_Hotel_Wine_Bar\" >10. Hannong H\u00f4tel &#038; Wine Bar<\/a><\/li><li class='ez-toc-page-1 ez-toc-heading-level-3'><a class=\"ez-toc-link ez-toc-heading-15\" href=\"https:\/\/loudavymkrokem.cz\/fi\/majoitus-strasbourg-ranska\/#11_Hotel_Gutenberg\" >11. H\u00f4tel Gutenberg<\/a><\/li><li class='ez-toc-page-1 ez-toc-heading-level-3'><a class=\"ez-toc-link ez-toc-heading-16\" href=\"https:\/\/loudavymkrokem.cz\/fi\/majoitus-strasbourg-ranska\/#12_Hotel_Rohan_Strasbourg\" >12. H\u00f4tel Rohan Strasbourg<\/a><\/li><li class='ez-toc-page-1 ez-toc-heading-level-3'><a class=\"ez-toc-link ez-toc-heading-17\" href=\"https:\/\/loudavymkrokem.cz\/fi\/majoitus-strasbourg-ranska\/#13_Hotel_de_lEurope_by_HappyCulture\" >13. Hotel de l&#8217;Europe by HappyCulture<\/a><\/li><li class='ez-toc-page-1 ez-toc-heading-level-3'><a class=\"ez-toc-link ez-toc-heading-18\" href=\"https:\/\/loudavymkrokem.cz\/fi\/majoitus-strasbourg-ranska\/#14_Logis_Hotel_Au_Cerf_dOr\" >14. Logis H\u00f4tel Au Cerf d&#8217;Or<\/a><\/li><li class='ez-toc-page-1 ez-toc-heading-level-3'><a class=\"ez-toc-link ez-toc-heading-19\" href=\"https:\/\/loudavymkrokem.cz\/fi\/majoitus-strasbourg-ranska\/#15_Best_Western_Plus_Hotel_Monopole_Metropole\" >15. Best Western Plus H\u00f4tel Monopole M\u00e9tropole<\/a><\/li><li class='ez-toc-page-1 ez-toc-heading-level-3'><a class=\"ez-toc-link ez-toc-heading-20\" href=\"https:\/\/loudavymkrokem.cz\/fi\/majoitus-strasbourg-ranska\/#16_Hotel_Arok\" >16. H\u00f4tel Arok<\/a><\/li><li class='ez-toc-page-1 ez-toc-heading-level-3'><a class=\"ez-toc-link ez-toc-heading-21\" href=\"https:\/\/loudavymkrokem.cz\/fi\/majoitus-strasbourg-ranska\/#17_Ciarus\" >17. Ciarus<\/a><\/li><li class='ez-toc-page-1 ez-toc-heading-level-3'><a class=\"ez-toc-link ez-toc-heading-22\" href=\"https:\/\/loudavymkrokem.cz\/fi\/majoitus-strasbourg-ranska\/#18_Chateau_de_Pourtales\" >18. Ch\u00e2teau de Pourtal\u00e8s<\/a><\/li><\/ul><\/li><li class='ez-toc-page-1 ez-toc-heading-level-2'><a class=\"ez-toc-link ez-toc-heading-23\" href=\"https:\/\/loudavymkrokem.cz\/fi\/majoitus-strasbourg-ranska\/#Miten_valita_oikea_hotelli\" >Miten valita oikea hotelli<\/a><\/li><li class='ez-toc-page-1 ez-toc-heading-level-2'><a class=\"ez-toc-link ez-toc-heading-24\" href=\"https:\/\/loudavymkrokem.cz\/fi\/majoitus-strasbourg-ranska\/#Minne_seuraavaksi\" >Minne seuraavaksi<\/a><\/li><li class='ez-toc-page-1 ez-toc-heading-level-2'><a class=\"ez-toc-link ez-toc-heading-25\" href=\"https:\/\/loudavymkrokem.cz\/fi\/majoitus-strasbourg-ranska\/#Usein_kysytyt_kysymykset\" >Usein kysytyt kysymykset<\/a><ul class='ez-toc-list-level-3' ><li class='ez-toc-heading-level-3'><a class=\"ez-toc-link ez-toc-heading-26\" href=\"https:\/\/loudavymkrokem.cz\/fi\/majoitus-strasbourg-ranska\/#Mika_on_paras_aika_varata_hotelli_joulumarkkinoille\" >Mik\u00e4 on paras aika varata hotelli joulumarkkinoille?<\/a><\/li><li class='ez-toc-page-1 ez-toc-heading-level-3'><a class=\"ez-toc-link ez-toc-heading-27\" href=\"https:\/\/loudavymkrokem.cz\/fi\/majoitus-strasbourg-ranska\/#Mista_loydan_edullisimman_majoituksen_Strasbourgissa\" >Mist\u00e4 l\u00f6yd\u00e4n edullisimman majoituksen Strasbourgissa?<\/a><\/li><li class='ez-toc-page-1 ez-toc-heading-level-3'><a class=\"ez-toc-link ez-toc-heading-28\" href=\"https:\/\/loudavymkrokem.cz\/fi\/majoitus-strasbourg-ranska\/#Onko_Strasbourgissa_mukava_pysakoida_hotellin_yhteydessa\" >Onko Strasbourgissa mukava pys\u00e4k\u00f6id\u00e4 hotellin yhteydess\u00e4?<\/a><\/li><li class='ez-toc-page-1 ez-toc-heading-level-3'><a class=\"ez-toc-link ez-toc-heading-29\" href=\"https:\/\/loudavymkrokem.cz\/fi\/majoitus-strasbourg-ranska\/#Kannattaako_yopya_Petite_France_-alueella\" >Kannattaako y\u00f6py\u00e4 Petite France -alueella?<\/a><\/li><li class='ez-toc-page-1 ez-toc-heading-level-3'><a class=\"ez-toc-link ez-toc-heading-30\" href=\"https:\/\/loudavymkrokem.cz\/fi\/majoitus-strasbourg-ranska\/#Nousevatko_hotellihinnat_Euroopan_parlamentin_istuntojen_aikana\" >Nousevatko hotellihinnat Euroopan parlamentin istuntojen aikana?<\/a><\/li><li class='ez-toc-page-1 ez-toc-heading-level-3'><a class=\"ez-toc-link ez-toc-heading-31\" href=\"https:\/\/loudavymkrokem.cz\/fi\/majoitus-strasbourg-ranska\/#Mita_paikallista_keittiota_kannattaa_maistaa_Strasbourgissa\" >Mit\u00e4 paikallista keitti\u00f6t\u00e4 kannattaa maistaa Strasbourgissa?<\/a><\/li><li class='ez-toc-page-1 ez-toc-heading-level-3'><a class=\"ez-toc-link ez-toc-heading-32\" href=\"https:\/\/loudavymkrokem.cz\/fi\/majoitus-strasbourg-ranska\/#Onko_Strasbourg_hyva_tukikohta_retkille_Elsassiin\" >Onko Strasbourg hyv\u00e4 tukikohta retkille Elsassiin?<\/a><\/li><\/ul><\/li><\/ul><\/nav><\/div>\n<h3 class=\"wp-block-heading\"><span class=\"ez-toc-section\" id=\"Yhteenveto_niille_joilla_ei_ole_aikaa_lukea_koko_artikkelia\"><\/span>Yhteenveto niille, joilla ei ole aikaa lukea koko artikkelia<span class=\"ez-toc-section-end\"><\/span><\/h3>\n\n\n\n<p class=\"wp-block-paragraph\">Eik\u00f6 sinulla ole aikaa lukea koko artikkelia? Ei h\u00e4t\u00e4\u00e4, t\u00e4ss\u00e4 ovat vinkkini p\u00e4hkin\u00e4nkuoressa:<\/p>\n\n\n\n<ul class=\"wp-block-list\">\n\n<li><strong>Paras hotelli kokonaisuutena:<\/strong> <strong>Cour du Corbeau Hotel Strasbourg<\/strong> sijaitsee upeassa 1500-luvun rakennuksessa ja tarjoaa kaupungin kauneimman osoitteen.<\/li>\n\n\n\n<li><strong>Paras hinta-sijaintisuhde:<\/strong> <strong>Best Western Plus H\u00f4tel Monopole M\u00e9tropole<\/strong> aseman l\u00e4hell\u00e4 on luotettava valinta erinomaisilla kulkuyhteyksill\u00e4 keskustaan.<\/li>\n\n\n\n<li><strong>Luksuksen ja designin yst\u00e4ville:<\/strong> <strong>L\u00c9ONOR H\u00f4tel<\/strong> yhdist\u00e4\u00e4 modernin sisustuksen historialliseen arkkitehtuuriin ja siin\u00e4 on oma kuuluisa konditoria.<\/li>\n\n\n\n<li><strong>Romanttisimmat n\u00e4kym\u00e4t:<\/strong> <strong>Pavillon R\u00e9gent Petite France<\/strong> tarjoaa postikorttimaisemat suoraan vieh\u00e4tt\u00e4v\u00e4n kanavakaupunginosan syd\u00e4mess\u00e4.<\/li>\n\n\n\n<li><strong>Ihanteellinen autoileville matkaajille:<\/strong> <strong>Ch\u00e2teau de Pourtal\u00e8s<\/strong> sijaitsee kaupungin ulkopuolella vehreydess\u00e4, ja Park &#038; Ride -j\u00e4rjestelm\u00e4n ansiosta p\u00e4\u00e4set sielt\u00e4 keskustaan t\u00e4ysin stressitt\u00f6m\u00e4sti.<\/li>\n\n\n\n<li><strong>Paras budjettivalinta:<\/strong> Hostelli <strong>Ciarus<\/strong> tarjoaa siistej\u00e4 yksityis- ja monen hengen huoneita k\u00e4velymatkan p\u00e4\u00e4ss\u00e4 t\u00e4rkeimmist\u00e4 n\u00e4ht\u00e4vyyksist\u00e4.<\/li>\n\n\n<\/ul>\n\n\n\n<p class=\"wp-block-paragraph\"><em>\ud83d\udca1 <a href=\"https:\/\/www.stay22.com\/allez\/roam?aid=lukaskonecny&#038;campaign=loudavymkrokemcz&#038;campaign=kde-bydlet-ve-strasburku&#038;address=%C5%A0trasburk%2C%20Francie\" target=\"_blank\" rel=\"nofollow noopener sponsored\">T\u00e4lt\u00e4 kartalta voit vertailla, mik\u00e4 on juuri nyt vapaana<\/a> \u2013 n\u00e4et my\u00f6s, kuinka paljon edullisempaa majoitus on parin pys\u00e4kin p\u00e4\u00e4ss\u00e4 keskustasta.<\/em><\/p>\n\n\n\n<h2 class=\"wp-block-heading\"><span class=\"ez-toc-section\" id=\"Minka_alueen_valitset_majoitusta_varten\"><\/span>Mink\u00e4 alueen valitset majoitusta varten<span class=\"ez-toc-section-end\"><\/span><\/h2>\n\n\n\n<p class=\"wp-block-paragraph\">Strasbourg on melko kompakti kaupunki, mutta sen eri kaupunginosat eroavat toisistaan dramaattisesti paitsi tunnelmaltaan my\u00f6s ennen kaikkea hintatasoltaan. Ennen kuin alat selata varaussivustoja, <strong>on olennaista p\u00e4\u00e4tt\u00e4\u00e4, mik\u00e4 sijainti sopii parhaiten matkasuunnitelmaasi<\/strong> ja budjettiisi.<\/p>\n\n\n\n<p class=\"wp-block-paragraph\">Ehdoton historiallinen ydin on <strong>Grande \u00cele -saari<\/strong>, jota joka puolelta suojaavat Ill-joen haarat ja joka on jo vuodesta 1988 kuulunut <a href=\"https:\/\/whc.unesco.org\/en\/list\/495\/\" rel=\"nofollow noopener\" target=\"_blank\">Unescon maailmanperint\u00f6luetteloon<\/a>. T\u00e4\u00e4lt\u00e4 l\u00f6yd\u00e4t kaupungin ylellisimm\u00e4t hotellit ikivanhoihin porvaristaloihin k\u00e4tkettyin\u00e4, ja mahtavalle Notre Damen katedraalille on vain muutama askel. Sinun on kuitenkin varauduttava siihen, ett\u00e4 <strong>t\u00e4st\u00e4 eksklusiivisesta sijainnista joudut maksamaan kunnolla enemm\u00e4n<\/strong>, ja adventtiaikaan t\u00e4\u00e4ll\u00e4 on toivottoman loppuunmyyty\u00e4.<\/p>\n\n\n\n<p class=\"wp-block-paragraph\">Jos kaipaat t\u00e4ydellisi\u00e4 valokuvia, suuntaa <strong>Petite Francen kaupunginosaan<\/strong>. Sen kujia reunustavat uskomattoman valokuvauksellisiin ristikkorakenteiset entisten nahkurien talot, jotka heijastuvat romanttisesti kanavien tyyneen veteen. Se on satumainen paikka pareille, mutta <strong>joulumarkkinoiden aikaan n\u00e4iden kapeiden kujien l\u00e4pi on hankala mahtua<\/strong>, joten jos etsit rauhaa, sit\u00e4 et joulukuussa t\u00e4\u00e4lt\u00e4 varmasti l\u00f6yd\u00e4.<\/p>\n\n\n\n<p class=\"wp-block-paragraph\">Budjettia tarkkaileville matkaajille selke\u00e4 voittaja on <strong><a href=\"https:\/\/www.garesetconnexions.sncf\/fr\/gares-services\/strasbourg\" rel=\"nofollow noopener\" target=\"_blank\">rautatieaseman (Gare)<\/a> ymp\u00e4rist\u00f6<\/strong>. Ensisilm\u00e4yksell\u00e4 se ei vaikuta romanttisen elokuvan kohtaukselta, mutta se k\u00e4tkee sis\u00e4\u00e4ns\u00e4 ehdottomasti parhaan hinnan ja strategisen sijainnin suhteen. K\u00e4vellen p\u00e4\u00e4set t\u00e4\u00e4lt\u00e4 historialliseen ytimeen alle kymmeness\u00e4 minuutissa, ja <strong>kaikkien kategorioiden hotellit ovat t\u00e4\u00e4ll\u00e4 huomattavasti edullisempia<\/strong> kuin itse saarella.<\/p>\n\n\n\n<p class=\"wp-block-paragraph\">Rauhan yst\u00e4v\u00e4t arvostavat <strong>opiskelijakaupunginosa Krutenauta ja naapurina olevaa monumentaalista saksalaista Neustadtia<\/strong>, joka muuten kuuluu vuodesta 2017 my\u00f6s Unescon suojelun piiriin. Juuri n\u00e4ilt\u00e4 alueilta l\u00f6yd\u00e4t rauhallisempaa majoitusta, ja keskustaan p\u00e4\u00e4set mukavalla k\u00e4velyll\u00e4 noin viidess\u00e4toista minuutissa. Suuri bonus on se, ett\u00e4 <strong>n\u00e4iden kaupunginosien hotellit ovat yleens\u00e4 30\u201340 prosenttia edullisempia<\/strong>, mik\u00e4 tekee pidemm\u00e4ll\u00e4 oleskelulla valtavan eron.<\/p>\n\n\n\n<p class=\"wp-block-paragraph\">On mainittava my\u00f6s <strong>tyylik\u00e4s Eurooppa-kaupunginosa ja Orangerie-puiston ymp\u00e4rist\u00f6<\/strong>, jotka ilahduttavat kaikkia turistiruuhkia pakenevia. T\u00e4lt\u00e4 vehre\u00e4lt\u00e4 alueelta p\u00e4\u00e4set keskustaan mukavasti ja nopeasti raitiovaunulinjalla E. Kaupungin ulkopuoliset kohteet, kuten <strong>Robertsau tai Montagne Verte, ovat j\u00e4rkevi\u00e4 vain siin\u00e4 tapauksessa, ett\u00e4 saavut autolla<\/strong>. T\u00e4\u00e4ll\u00e4 parkkeeraat paljon helpommin ja l\u00e4hdet sitten keskustaan liitynt\u00e4pys\u00e4k\u00f6inti\u00e4 hy\u00f6dynt\u00e4en.<\/p>\n\n\n\n<h2 class=\"wp-block-heading\"><span class=\"ez-toc-section\" id=\"Milloin_matkustaa_ja_milloin_varata_huone\"><\/span>Milloin matkustaa ja milloin varata huone<span class=\"ez-toc-section-end\"><\/span><\/h2>\n\n\n\n<p class=\"wp-block-paragraph\">Matkan suunnittelua Alsacen p\u00e4\u00e4kaupunkiin ohjaa yksi t\u00e4rke\u00e4 s\u00e4\u00e4nt\u00f6. <strong>Strasbourgissa majoituksen hinnasta p\u00e4\u00e4tt\u00e4\u00e4 nimitt\u00e4in ennen kaikkea p\u00e4iv\u00e4m\u00e4\u00e4r\u00e4<\/strong>, ja vasta toisella sijalla on itse hotelli.<\/p>\n\n\n\n<p class=\"wp-block-paragraph\">Jos aiot kuuluisille <a href=\"https:\/\/noel.strasbourg.eu\/en\/accueil\" rel=\"nofollow noopener\" target=\"_blank\">joulumarkkinoille<\/a>, jotka <strong>vuonna 2026 pidet\u00e4\u00e4n 27. marraskuuta \u2013 27. joulukuuta<\/strong>, sinun on aloitettava suunnittelu eritt\u00e4in hyviss\u00e4 ajoin. Adventti on t\u00e4ss\u00e4 kaupungissa ylivoimaisesti koko vuoden kallein ajanjakso, ja hintaero on yksinkertaisesti valtava. <strong>Majoituksen hinnat historiallisessa keskustassa kipuavat jopa kolminkertaisiksi tavallisiin tammikuun summiin verrattuna<\/strong>, mik\u00e4 tekee Strasbourgista yhden Euroopan kalleimmista adventtikohteista.<\/p>\n\n\n\n<p class=\"wp-block-paragraph\">Kaikkein halutuimmat ja parhaiten arvioidut hotellit Grande \u00cele -saarella <strong>myyd\u00e4\u00e4n loppuun helposti kuudesta yhdeks\u00e4\u00e4n kuukautta etuk\u00e4teen<\/strong>. Jos siis haluat nukkua joulukuussa aivan katedraalin l\u00e4heisyydess\u00e4, varauksen pit\u00e4isi olla hoidettuna jo kev\u00e4tkuukausina. On kuitenkin yksi loistava kikka, jolla s\u00e4\u00e4st\u00e4t majoituksessa huomattavasti. <strong>Riitt\u00e4\u00e4, ett\u00e4 valitset hotellin noin kahdenkymmenen minuutin k\u00e4velymatkan p\u00e4\u00e4h\u00e4n historiallisesta ytimest\u00e4<\/strong>, jossa adventtihinnat putoavat 30\u201340 prosenttia alemmas.<\/p>\n\n\n\n<p class=\"wp-block-paragraph\">Kokonaisbudjetin kannalta edullisinta on <strong>ehdottomasti k\u00e4yd\u00e4 tammikuussa<\/strong>, kun kaupunki vihdoin rauhoittuu hektisten juhlapyhien j\u00e4lkeen ja voit nauttia sen kauneudesta ilman kaikkialla vallitsevia ruuhkia. Jos taas kaipaat miellytt\u00e4v\u00e4\u00e4 s\u00e4\u00e4t\u00e4 pitkille k\u00e4velyille kanavien varsilla ja kahvilaterasseilla istuskeluun, <strong>kauneimmat olosuhteet tarjoavat toukokuu, kes\u00e4kuu ja syyskuu<\/strong>. N\u00e4in\u00e4 kuukausina my\u00f6s majoitushinnat pysyv\u00e4t hyvin kohtuullisella tasolla.<\/p>\n\n\n\n<p class=\"wp-block-paragraph\">Ole eritt\u00e4in tarkkana my\u00f6s <strong>Euroopan parlamentin s\u00e4\u00e4nn\u00f6llisten t\u00e4ysistuntojen<\/strong> kanssa, jotka pystyv\u00e4t sekoittamaan hotellihinnat kunnolla. N\u00e4in\u00e4 p\u00e4ivin\u00e4 t\u00e4yttyv\u00e4t salamannopeasti kapasiteetit paitsi itse Eurooppa-kaupunginosassa my\u00f6s koko historiallisessa keskustassa. <strong>Istuntojen ajankohdat l\u00f6ytyv\u00e4t helposti etuk\u00e4teen <a href=\"https:\/\/www.europarl.europa.eu\/plenary\/en\/home.html\" rel=\"nofollow noopener\" target=\"_blank\">virallisilta sivuilta<\/a><\/strong>, ja jos et ole sidottu kiinte\u00e4\u00e4n p\u00e4iv\u00e4m\u00e4\u00e4r\u00e4\u00e4n, kannattaa ehdottomasti suunnitella matka n\u00e4iden p\u00e4ivien ulkopuolelle.<\/p>\n\n\n\n<h2 class=\"wp-block-heading\"><span class=\"ez-toc-section\" id=\"Missa_majoittua_Strasbourgissa_18_parasta_hotellia\"><\/span>Miss\u00e4 majoittua Strasbourgissa: 18 parasta hotellia<span class=\"ez-toc-section-end\"><\/span><\/h2>\n\n\n\n<p class=\"wp-block-paragraph\">Katsotaanpa konkreettisia vinkkej\u00e4 siit\u00e4, <strong>miss\u00e4 Strasbourgissa kannattaa majoittua<\/strong>, jotta saat parhaat el\u00e4mykset. Olen valinnut sinulle majoituksia eri hintaluokista, <strong>ylellisist\u00e4 historiallisista palatseista aseman l\u00e4hell\u00e4 olevaan fiksuun valintaan<\/strong>.<\/p>\n\n\n\n<figure data-wp-context=\"{&quot;imageId&quot;:&quot;6a9c4ed56d6db&quot;}\" data-wp-interactive=\"core\/image\" data-wp-key=\"6a9c4ed56d6db\" class=\"wp-block-image size-full wp-lightbox-container\"><img decoding=\"async\" width=\"1600\" height=\"1067\" data-wp-class--hide=\"state.isContentHidden\" data-wp-class--show=\"state.isContentVisible\" data-wp-init=\"callbacks.setButtonStyles\" data-wp-on--click=\"actions.showLightbox\" data-wp-on--load=\"callbacks.setButtonStyles\" data-wp-on--pointerdown=\"actions.preloadImage\" data-wp-on--pointerenter=\"actions.preloadImageWithDelay\" data-wp-on--pointerleave=\"actions.cancelPreload\" data-wp-on-window--resize=\"callbacks.setButtonStyles\" src=\"https:\/\/loudavymkrokem.cz\/wp-content\/uploads\/2026\/09\/cour-du-corbeau-hotel-strasbourg-mgallery.jpg\" alt=\"Cour du Corbeau Hotel Strasbourg MGallery -hotelli\" class=\"wp-image-413030\" title=\"\" srcset=\"https:\/\/loudavymkrokem.cz\/wp-content\/uploads\/2026\/09\/cour-du-corbeau-hotel-strasbourg-mgallery.jpg 1600w, https:\/\/loudavymkrokem.cz\/wp-content\/uploads\/2026\/09\/cour-du-corbeau-hotel-strasbourg-mgallery-300x200.jpg 300w, https:\/\/loudavymkrokem.cz\/wp-content\/uploads\/2026\/09\/cour-du-corbeau-hotel-strasbourg-mgallery-700x467.jpg 700w, https:\/\/loudavymkrokem.cz\/wp-content\/uploads\/2026\/09\/cour-du-corbeau-hotel-strasbourg-mgallery-768x512.jpg 768w, https:\/\/loudavymkrokem.cz\/wp-content\/uploads\/2026\/09\/cour-du-corbeau-hotel-strasbourg-mgallery-1536x1024.jpg 1536w, https:\/\/loudavymkrokem.cz\/wp-content\/uploads\/2026\/09\/cour-du-corbeau-hotel-strasbourg-mgallery-696x464.jpg 696w, https:\/\/loudavymkrokem.cz\/wp-content\/uploads\/2026\/09\/cour-du-corbeau-hotel-strasbourg-mgallery-1392x928.jpg 1392w\" sizes=\"(max-width: 1600px) 100vw, 1600px\" \/><button\n\t\t\tclass=\"lightbox-trigger\"\n\t\t\ttype=\"button\"\n\t\t\taria-haspopup=\"dialog\"\n\t\t\tdata-wp-bind--aria-label=\"state.thisImage.triggerButtonAriaLabel\"\n\t\t\tdata-wp-init=\"callbacks.initTriggerButton\"\n\t\t\tdata-wp-on--click=\"actions.showLightbox\"\n\t\t\tdata-wp-style--right=\"state.thisImage.buttonRight\"\n\t\t\tdata-wp-style--top=\"state.thisImage.buttonTop\"\n\t\t>\n\t\t\t<svg xmlns=\"http:\/\/www.w3.org\/2000\/svg\" width=\"12\" height=\"12\" fill=\"none\" viewBox=\"0 0 12 12\">\n\t\t\t\t<path fill=\"#fff\" d=\"M2 0a2 2 0 0 0-2 2v2h1.5V2a.5.5 0 0 1 .5-.5h2V0H2Zm2 10.5H2a.5.5 0 0 1-.5-.5V8H0v2a2 2 0 0 0 2 2h2v-1.5ZM8 12v-1.5h2a.5.5 0 0 0 .5-.5V8H12v2a2 2 0 0 1-2 2H8Zm2-12a2 2 0 0 1 2 2v2h-1.5V2a.5.5 0 0 0-.5-.5H8V0h2Z\" \/>\n\t\t\t<\/svg>\n\t\t<\/button><figcaption class=\"wp-element-caption\">Kuva: Cour du Corbeau Hotel Strasbourg &#8211; MGallery Collection \/ Google Maps<\/figcaption><\/figure>\n\n\n\n<h3 class=\"wp-block-heading\"><span class=\"ez-toc-section\" id=\"1_Cour_du_Corbeau_Hotel_Strasbourg_MGallery\"><\/span>1. Cour du Corbeau Hotel Strasbourg MGallery<span class=\"ez-toc-section-end\"><\/span><\/h3>\n\n\n\n<p class=\"wp-block-paragraph\">T\u00e4m\u00e4 lumoava hotelli <strong><a href=\"https:\/\/www.stay22.com\/allez\/roam?aid=lukaskonecny&#038;campaign=loudavymkrokemcz&#038;campaign=kde-bydlet-ve-strasburku&#038;hotelname=Cour%20du%20Corbeau%20Hotel%20Strasbourg%20MGallery&#038;address=%C5%A0trasburk%2C%20Francie\" target=\"_blank\" rel=\"noopener nofollow sponsored\">Cour du Corbeau Hotel Strasbourg MGallery<\/a><\/strong>, joka vakuuttaa heti ovella, ettet maksanut hinnasta turhaan, ylpeilee fantastisella arvosanalla 4,8 yli tuhannenkahdensadan arvion perusteella, mik\u00e4 tekee siit\u00e4 <strong>kiistatta koko kaupungin parhaiten arvioidun majoituksen<\/strong>. Se sijaitsee huolellisesti restauroidussa jo 1500-luvulta per\u00e4isin olevassa rakennuksessa, joka lumoaa sinut heti sis\u00e4\u00e4n astuttuasi. <strong>Tyypillinen puinen k\u00e4yt\u00e4v\u00e4parveke ja uskomattoman rauhallinen sis\u00e4piha<\/strong> luovat ainutlaatuisen tunnelman, ik\u00e4\u00e4n kuin olisit yht\u00e4kki\u00e4 siirtynyt aivan toiseen historialliseen aikakauteen.<\/p>\n\n\n\n<p class=\"wp-block-paragraph\">Se sijaitsee vain muutaman mukavan k\u00e4velyminuutin p\u00e4\u00e4ss\u00e4 Notre Damen katedraalista, joten kaikki t\u00e4rkeimm\u00e4t n\u00e4ht\u00e4vyydet ovat <strong>kuin k\u00e4mmenell\u00e4si<\/strong>, mutta samalla nautit t\u00e4ydellisest\u00e4 rauhasta suurimman turistiruuhkan ulkopuolella. Jokainen huone on t\u00e4\u00e4ll\u00e4 ainutlaatuinen erilaisilla yksityiskohdillaan, ja <strong>koko kompleksi henkii uskomatonta historiaa<\/strong>, jota moderni, eritt\u00e4in mukava varustelu vain hienovaraisesti ja toimivasti t\u00e4ydent\u00e4\u00e4.<\/p>\n\n\n\n<p class=\"wp-block-paragraph\">Henkil\u00f6kunta osaa t\u00e4\u00e4ll\u00e4 huolehtia vieraasta \u2013 ja aamiainen? Tuoretta alsacelaista leivonnaista, paikallisia juustoja, hyv\u00e4\u00e4 kahvia. Aamulla et halua nousta s\u00e4ngyst\u00e4. Lis\u00e4ksi ymp\u00e4rist\u00f6st\u00e4 l\u00f6yd\u00e4t lukemattomia erinomaisia perinteisi\u00e4 ravintoloita, joihin voit suunnata romanttiselle illalliselle.<\/p>\n\n\n\n<p class=\"wp-block-paragraph\">\ud83d\udca1 <strong>Vinkki:<\/strong> Jos etsit <strong>Strasbourgin kauneinta osoitetta<\/strong> etk\u00e4 pane pahaksesi maksaa hieman enemm\u00e4n poikkeuksellisesta luksuksesta ja t\u00e4ydellisest\u00e4 palvelusta, t\u00e4m\u00e4 hotelli varmasti hurmaa sinut ja itse oleskelusta tulee unohtumaton el\u00e4mys.<\/p>\n\n\n\n<figure data-wp-context=\"{&quot;imageId&quot;:&quot;6a9c4ed56de89&quot;}\" data-wp-interactive=\"core\/image\" data-wp-key=\"6a9c4ed56de89\" class=\"wp-block-image size-full wp-lightbox-container\"><img decoding=\"async\" width=\"1600\" height=\"1067\" data-wp-class--hide=\"state.isContentHidden\" data-wp-class--show=\"state.isContentVisible\" data-wp-init=\"callbacks.setButtonStyles\" data-wp-on--click=\"actions.showLightbox\" data-wp-on--load=\"callbacks.setButtonStyles\" data-wp-on--pointerdown=\"actions.preloadImage\" data-wp-on--pointerenter=\"actions.preloadImageWithDelay\" data-wp-on--pointerleave=\"actions.cancelPreload\" data-wp-on-window--resize=\"callbacks.setButtonStyles\" src=\"https:\/\/loudavymkrokem.cz\/wp-content\/uploads\/2026\/09\/les-haras-h-tel-by-stay-collection.jpg\" alt=\"Les Haras H\u00f4tel by Stay Collection -hotelli\" class=\"wp-image-413036\" title=\"\" srcset=\"https:\/\/loudavymkrokem.cz\/wp-content\/uploads\/2026\/09\/les-haras-h-tel-by-stay-collection.jpg 1600w, https:\/\/loudavymkrokem.cz\/wp-content\/uploads\/2026\/09\/les-haras-h-tel-by-stay-collection-300x200.jpg 300w, https:\/\/loudavymkrokem.cz\/wp-content\/uploads\/2026\/09\/les-haras-h-tel-by-stay-collection-700x467.jpg 700w, https:\/\/loudavymkrokem.cz\/wp-content\/uploads\/2026\/09\/les-haras-h-tel-by-stay-collection-768x512.jpg 768w, https:\/\/loudavymkrokem.cz\/wp-content\/uploads\/2026\/09\/les-haras-h-tel-by-stay-collection-1536x1024.jpg 1536w, https:\/\/loudavymkrokem.cz\/wp-content\/uploads\/2026\/09\/les-haras-h-tel-by-stay-collection-696x464.jpg 696w, https:\/\/loudavymkrokem.cz\/wp-content\/uploads\/2026\/09\/les-haras-h-tel-by-stay-collection-1392x928.jpg 1392w\" sizes=\"(max-width: 1600px) 100vw, 1600px\" \/><button\n\t\t\tclass=\"lightbox-trigger\"\n\t\t\ttype=\"button\"\n\t\t\taria-haspopup=\"dialog\"\n\t\t\tdata-wp-bind--aria-label=\"state.thisImage.triggerButtonAriaLabel\"\n\t\t\tdata-wp-init=\"callbacks.initTriggerButton\"\n\t\t\tdata-wp-on--click=\"actions.showLightbox\"\n\t\t\tdata-wp-style--right=\"state.thisImage.buttonRight\"\n\t\t\tdata-wp-style--top=\"state.thisImage.buttonTop\"\n\t\t>\n\t\t\t<svg xmlns=\"http:\/\/www.w3.org\/2000\/svg\" width=\"12\" height=\"12\" fill=\"none\" viewBox=\"0 0 12 12\">\n\t\t\t\t<path fill=\"#fff\" d=\"M2 0a2 2 0 0 0-2 2v2h1.5V2a.5.5 0 0 1 .5-.5h2V0H2Zm2 10.5H2a.5.5 0 0 1-.5-.5V8H0v2a2 2 0 0 0 2 2h2v-1.5ZM8 12v-1.5h2a.5.5 0 0 0 .5-.5V8H12v2a2 2 0 0 1-2 2H8Zm2-12a2 2 0 0 1 2 2v2h-1.5V2a.5.5 0 0 0-.5-.5H8V0h2Z\" \/>\n\t\t\t<\/svg>\n\t\t<\/button><figcaption class=\"wp-element-caption\">Kuva: Les Haras H\u00f4tel by Stay Collection \/ Google Maps<\/figcaption><\/figure>\n\n\n\n<h3 class=\"wp-block-heading\"><span class=\"ez-toc-section\" id=\"2_Les_Haras_Hotel_by_Stay_Collection\"><\/span>2. Les Haras H\u00f4tel by Stay Collection<span class=\"ez-toc-section-end\"><\/span><\/h3>\n\n\n\n<p class=\"wp-block-paragraph\">Kuvittele majoitus laajassa rakennuksessa, joka toimi aikoinaan arvostettuna 1700-luvun kuninkaallisena hevostallina ja on nyky\u00e4\u00e4n muuttunut henke\u00e4salpaavaksi design-hotelliksi <strong><a href=\"https:\/\/www.stay22.com\/allez\/roam?aid=lukaskonecny&#038;campaign=loudavymkrokemcz&#038;campaign=kde-bydlet-ve-strasburku&#038;hotelname=Les%20Haras%20H%C3%B4tel%20by%20Stay%20Collection&#038;address=%C5%A0trasburk%2C%20Francie\" target=\"_blank\" rel=\"noopener nofollow sponsored\">Les Haras H\u00f4tel by Stay Collection<\/a><\/strong>, joka ylpeilee upealla arvosanalla 4,6. Arkkitehdit tekiv\u00e4t t\u00e4\u00e4ll\u00e4 loistavaa ty\u00f6t\u00e4, kun he <strong>yhdistiv\u00e4t t\u00e4ydellisesti ikivanhat paljaat puupalkit moderniin eleganssiin<\/strong>, nahkaan ja ylellisiin materiaaleihin.<\/p>\n\n\n\n<p class=\"wp-block-paragraph\">T\u00e4m\u00e4n nelj\u00e4n t\u00e4hden kompleksin suuri vetonaula on <strong>upea hotellin kylpyl\u00e4 uima-altaineen<\/strong>, jossa voit unohtua ansaittuun lepoon pitk\u00e4n Alsacen p\u00e4\u00e4kaupungin tutkimiseen k\u00e4ytetyn p\u00e4iv\u00e4n j\u00e4lkeen. Erillisen maininnan ansaitsee my\u00f6s <strong>korkealle arvostettu ravintola suoraan alkuper\u00e4isiss\u00e4 talleissa (kyll\u00e4, sy\u00f6t siell\u00e4, miss\u00e4 ennen seisoivat hevoset, eik\u00e4 se tunnu lainkaan oudolta, pikemminkin p\u00e4invastoin)<\/strong>, joka tarjoaa loistavan kulinaarisen el\u00e4myksen.<\/p>\n\n\n\n<p class=\"wp-block-paragraph\">Hotelli sijaitsee hieman rauhallisemmassa osassa kaupunkia, mutta historialliseen ytimeen ja kuuluisaan Petite Francen kaupunginosaan p\u00e4\u00e4set mukavalla k\u00e4velyll\u00e4 alle kymmeness\u00e4 minuutissa. <strong>Huoneet ovat hyvin tilavia, poikkeuksellisen hyvin \u00e4\u00e4nieristettyj\u00e4<\/strong> ja ylpeilev\u00e4t huippuluokan s\u00e4ngyill\u00e4, joiden ansiosta nukut matkoilla kunnolla.<\/p>\n\n\n\n<p class=\"wp-block-paragraph\">\ud83d\udca1 <strong>Vinkki:<\/strong> T\u00e4m\u00e4 hotelli on <strong>ihanteellinen valinta huippulaadukkaan designin ja ainutlaatuisen historian yst\u00e4ville<\/strong>, jotka arvostavat rauhallisempaa sijaintia fantastisella palvelulla. Jos haluat nauttia ylellisest\u00e4 illasta, muista varata p\u00f6yt\u00e4 paikallisesta ravintolasta riitt\u00e4v\u00e4n ajoissa.<\/p>\n\n\n\n<figure data-wp-context=\"{&quot;imageId&quot;:&quot;6a9c4ed56e546&quot;}\" data-wp-interactive=\"core\/image\" data-wp-key=\"6a9c4ed56e546\" class=\"wp-block-image size-full wp-lightbox-container\"><img decoding=\"async\" width=\"1600\" height=\"1600\" data-wp-class--hide=\"state.isContentHidden\" data-wp-class--show=\"state.isContentVisible\" data-wp-init=\"callbacks.setButtonStyles\" data-wp-on--click=\"actions.showLightbox\" data-wp-on--load=\"callbacks.setButtonStyles\" data-wp-on--pointerdown=\"actions.preloadImage\" data-wp-on--pointerenter=\"actions.preloadImageWithDelay\" data-wp-on--pointerleave=\"actions.cancelPreload\" data-wp-on-window--resize=\"callbacks.setButtonStyles\" src=\"https:\/\/loudavymkrokem.cz\/wp-content\/uploads\/2026\/09\/maison-rouge-strasbourg-hotel-spa.jpg\" alt=\"Maison Rouge Strasbourg Hotel &#038; Spa -hotelli\" class=\"wp-image-413042\" title=\"\" srcset=\"https:\/\/loudavymkrokem.cz\/wp-content\/uploads\/2026\/09\/maison-rouge-strasbourg-hotel-spa.jpg 1600w, https:\/\/loudavymkrokem.cz\/wp-content\/uploads\/2026\/09\/maison-rouge-strasbourg-hotel-spa-300x300.jpg 300w, https:\/\/loudavymkrokem.cz\/wp-content\/uploads\/2026\/09\/maison-rouge-strasbourg-hotel-spa-700x700.jpg 700w, https:\/\/loudavymkrokem.cz\/wp-content\/uploads\/2026\/09\/maison-rouge-strasbourg-hotel-spa-150x150.jpg 150w, https:\/\/loudavymkrokem.cz\/wp-content\/uploads\/2026\/09\/maison-rouge-strasbourg-hotel-spa-768x768.jpg 768w, https:\/\/loudavymkrokem.cz\/wp-content\/uploads\/2026\/09\/maison-rouge-strasbourg-hotel-spa-1536x1536.jpg 1536w, https:\/\/loudavymkrokem.cz\/wp-content\/uploads\/2026\/09\/maison-rouge-strasbourg-hotel-spa-696x696.jpg 696w, https:\/\/loudavymkrokem.cz\/wp-content\/uploads\/2026\/09\/maison-rouge-strasbourg-hotel-spa-1392x1392.jpg 1392w\" sizes=\"(max-width: 1600px) 100vw, 1600px\" \/><button\n\t\t\tclass=\"lightbox-trigger\"\n\t\t\ttype=\"button\"\n\t\t\taria-haspopup=\"dialog\"\n\t\t\tdata-wp-bind--aria-label=\"state.thisImage.triggerButtonAriaLabel\"\n\t\t\tdata-wp-init=\"callbacks.initTriggerButton\"\n\t\t\tdata-wp-on--click=\"actions.showLightbox\"\n\t\t\tdata-wp-style--right=\"state.thisImage.buttonRight\"\n\t\t\tdata-wp-style--top=\"state.thisImage.buttonTop\"\n\t\t>\n\t\t\t<svg xmlns=\"http:\/\/www.w3.org\/2000\/svg\" width=\"12\" height=\"12\" fill=\"none\" viewBox=\"0 0 12 12\">\n\t\t\t\t<path fill=\"#fff\" d=\"M2 0a2 2 0 0 0-2 2v2h1.5V2a.5.5 0 0 1 .5-.5h2V0H2Zm2 10.5H2a.5.5 0 0 1-.5-.5V8H0v2a2 2 0 0 0 2 2h2v-1.5ZM8 12v-1.5h2a.5.5 0 0 0 .5-.5V8H12v2a2 2 0 0 1-2 2H8Zm2-12a2 2 0 0 1 2 2v2h-1.5V2a.5.5 0 0 0-.5-.5H8V0h2Z\" \/>\n\t\t\t<\/svg>\n\t\t<\/button><figcaption class=\"wp-element-caption\">Kuva: Taiwan Cherry \/ Google Maps<\/figcaption><\/figure>\n\n\n\n<h3 class=\"wp-block-heading\"><span class=\"ez-toc-section\" id=\"3_Maison_Rouge_Strasbourg_Hotel_Spa\"><\/span>3. Maison Rouge Strasbourg Hotel &#038; Spa<span class=\"ez-toc-section-end\"><\/span><\/h3>\n\n\n\n<p class=\"wp-block-paragraph\">T\u00e4m\u00e4 strasbourgilainen klassikko <strong><a href=\"https:\/\/www.stay22.com\/allez\/roam?aid=lukaskonecny&#038;campaign=loudavymkrokemcz&#038;campaign=kde-bydlet-ve-strasburku&#038;hotelname=Maison%20Rouge%20Strasbourg%20Hotel%20%26%20Spa&#038;address=%C5%A0trasburk%2C%20Francie\" target=\"_blank\" rel=\"noopener nofollow sponsored\">Maison Rouge Strasbourg Hotel &#038; Spa<\/a><\/strong> arvostetusta Autograph Collection -kokoelmasta pit\u00e4\u00e4 yll\u00e4 loistavaa arvosanaa 4,5 yli seitsem\u00e4nsadan arvion perusteella. Se sijaitsee huomiota her\u00e4tt\u00e4v\u00e4ss\u00e4 tiilirakennuksessa <strong>vain muutaman askeleen p\u00e4\u00e4ss\u00e4 mahtavasta Notre Damen katedraalista ja Place Kl\u00e9berin aukiosta<\/strong>, joten se sijaitsee aivan kaupungin sykkeen syd\u00e4mess\u00e4. Huoneet on sisustettu ajattomassa, klassisessa tyyliss\u00e4, joka <strong>viittaa kauniisti alsacelaisen vieraanvaraisuuden rikkaaseen perinteeseen<\/strong>.<\/p>\n\n\n\n<p class=\"wp-block-paragraph\">Vieraat kehuvat t\u00e4\u00e4ll\u00e4 erityisesti <strong>upeaa alkuper\u00e4isten freskojen runsaasti koristelemaa aamiaissalonkia<\/strong>, jossa p\u00e4iv\u00e4 alkaa todella kuninkaallisesti paikallisia juustoja, tuoreita patonkeja ja makeita leivonnaisia t\u00e4ynn\u00e4 olevien p\u00f6ytien \u00e4\u00e4ress\u00e4. Vaativien k\u00e4velyretkien j\u00e4lkeen vieh\u00e4tt\u00e4vill\u00e4 kujilla arvostat varmasti <strong>p\u00e4\u00e4sy\u00e4 moderniin hotellin kylpyl\u00e4- ja wellness-alueeseen<\/strong>, joka tarjoaa t\u00e4ydellist\u00e4 rentoutumista v\u00e4syneille jaloille.<\/p>\n\n\n\n<p class=\"wp-block-paragraph\">\u00c4\u00e4rimm\u00e4isen keskeisest\u00e4 sijainnistaan huolimatta hotelli tarjoaa t\u00e4ydellisen turvapaikan ymp\u00e4r\u00f6iv\u00e4lt\u00e4 h\u00e4lin\u00e4lt\u00e4. <strong>Joistakin ylempien kerrosten huoneista avautuu lis\u00e4ksi upea n\u00e4kym\u00e4<\/strong> suoraan katedraalin torniin, mit\u00e4 arvostat erityisesti kaupungin iltavalaistuksessa.<\/p>\n\n\n\n<p class=\"wp-block-paragraph\">\ud83d\udca1 <strong>Vinkki:<\/strong> Valitse t\u00e4m\u00e4 hotelli, jos prioriteettisi on majoittua <strong>tapahtumien varsinaisessa keskipisteess\u00e4<\/strong> ja arvostat perinteist\u00e4 ranskalaista eleganssia yhdistettyn\u00e4 suuren, historiallisesti vakiintuneen hotellin ammattitaitoisiin palveluihin.<\/p>\n\n\n\n<figure data-wp-context=\"{&quot;imageId&quot;:&quot;6a9c4ed56ec59&quot;}\" data-wp-interactive=\"core\/image\" data-wp-key=\"6a9c4ed56ec59\" class=\"wp-block-image size-full wp-lightbox-container\"><img decoding=\"async\" width=\"1600\" height=\"2133\" data-wp-class--hide=\"state.isContentHidden\" data-wp-class--show=\"state.isContentVisible\" data-wp-init=\"callbacks.setButtonStyles\" data-wp-on--click=\"actions.showLightbox\" data-wp-on--load=\"callbacks.setButtonStyles\" data-wp-on--pointerdown=\"actions.preloadImage\" data-wp-on--pointerenter=\"actions.preloadImageWithDelay\" data-wp-on--pointerleave=\"actions.cancelPreload\" data-wp-on-window--resize=\"callbacks.setButtonStyles\" src=\"https:\/\/loudavymkrokem.cz\/wp-content\/uploads\/2026\/09\/h-tel-beaucour.jpg\" alt=\"H\u00f4tel Beaucour -hotelli\" class=\"wp-image-413048\" title=\"\" srcset=\"https:\/\/loudavymkrokem.cz\/wp-content\/uploads\/2026\/09\/h-tel-beaucour.jpg 1600w, https:\/\/loudavymkrokem.cz\/wp-content\/uploads\/2026\/09\/h-tel-beaucour-225x300.jpg 225w, https:\/\/loudavymkrokem.cz\/wp-content\/uploads\/2026\/09\/h-tel-beaucour-700x933.jpg 700w, https:\/\/loudavymkrokem.cz\/wp-content\/uploads\/2026\/09\/h-tel-beaucour-768x1024.jpg 768w, https:\/\/loudavymkrokem.cz\/wp-content\/uploads\/2026\/09\/h-tel-beaucour-1152x1536.jpg 1152w, https:\/\/loudavymkrokem.cz\/wp-content\/uploads\/2026\/09\/h-tel-beaucour-1536x2048.jpg 1536w, https:\/\/loudavymkrokem.cz\/wp-content\/uploads\/2026\/09\/h-tel-beaucour-696x928.jpg 696w, https:\/\/loudavymkrokem.cz\/wp-content\/uploads\/2026\/09\/h-tel-beaucour-1392x1856.jpg 1392w\" sizes=\"(max-width: 1600px) 100vw, 1600px\" \/><button\n\t\t\tclass=\"lightbox-trigger\"\n\t\t\ttype=\"button\"\n\t\t\taria-haspopup=\"dialog\"\n\t\t\tdata-wp-bind--aria-label=\"state.thisImage.triggerButtonAriaLabel\"\n\t\t\tdata-wp-init=\"callbacks.initTriggerButton\"\n\t\t\tdata-wp-on--click=\"actions.showLightbox\"\n\t\t\tdata-wp-style--right=\"state.thisImage.buttonRight\"\n\t\t\tdata-wp-style--top=\"state.thisImage.buttonTop\"\n\t\t>\n\t\t\t<svg xmlns=\"http:\/\/www.w3.org\/2000\/svg\" width=\"12\" height=\"12\" fill=\"none\" viewBox=\"0 0 12 12\">\n\t\t\t\t<path fill=\"#fff\" d=\"M2 0a2 2 0 0 0-2 2v2h1.5V2a.5.5 0 0 1 .5-.5h2V0H2Zm2 10.5H2a.5.5 0 0 1-.5-.5V8H0v2a2 2 0 0 0 2 2h2v-1.5ZM8 12v-1.5h2a.5.5 0 0 0 .5-.5V8H12v2a2 2 0 0 1-2 2H8Zm2-12a2 2 0 0 1 2 2v2h-1.5V2a.5.5 0 0 0-.5-.5H8V0h2Z\" \/>\n\t\t\t<\/svg>\n\t\t<\/button><figcaption class=\"wp-element-caption\">Kuva: H\u00f4tel Beaucour \/ Google Maps<\/figcaption><\/figure>\n\n\n\n<h3 class=\"wp-block-heading\"><span class=\"ez-toc-section\" id=\"4_Hotel_Beaucour\"><\/span>4. H\u00f4tel Beaucour<span class=\"ez-toc-section-end\"><\/span><\/h3>\n\n\n\n<p class=\"wp-block-paragraph\">T\u00e4m\u00e4 lumoava <strong><a href=\"https:\/\/www.stay22.com\/allez\/roam?aid=lukaskonecny&#038;campaign=loudavymkrokemcz&#038;campaign=kde-bydlet-ve-strasburku&#038;hotelname=H%C3%B4tel%20Beaucour&#038;address=%C5%A0trasburk%2C%20Francie\" target=\"_blank\" rel=\"noopener nofollow sponsored\">H\u00f4tel Beaucour<\/a><\/strong> erinomaisella arvosanalla 4,6 sijaitsee perinteisess\u00e4 ristikkorakenteisessa kaupunkitalossa ja tarjoaa <strong>loistavan suhteen upeaa ajanmukaista tunnelmaa ja hintaa suoraan historiallisessa ytimess\u00e4<\/strong>. Heti tullessasi yll\u00e4tt\u00e4\u00e4 vieh\u00e4tt\u00e4v\u00e4 sis\u00e4piha, joka k\u00e4tkee kauniin ja hiljaisen kukilla istutetun terassin. Se on <strong>t\u00e4ydellinen rauhan keidas keskell\u00e4 vilkasta kaupunkia<\/strong>, jonne voit istua kirjan kanssa ja lev\u00e4t\u00e4 turistiruuhkilta.<\/p>\n\n\n\n<p class=\"wp-block-paragraph\">Yksitt\u00e4iset huoneet on sisustettu hyvin kodikkaasti, usein paljailla puupalkeilla ja tyylikk\u00e4ill\u00e4 ajanmukaisilla huonekaluilla. Jos etsit jotain todella erityist\u00e4, ilahdutat tiedosta, ett\u00e4 <strong>joissakin valituissa huoneissa on jopa oma iso poreallas<\/strong>. Se on paikka, jossa tunnet olosi heti kuin kotonasi tiiviin ymp\u00e4rist\u00f6n ansiosta, ja paikallinen henkil\u00f6kunta erottuu poikkeuksellisen l\u00e4mm\u00f6ll\u00e4\u00e4n ja halullaan auttaa ohjelman suunnittelussa.<\/p>\n\n\n\n<p class=\"wp-block-paragraph\">Aamulla tarjoillaan runsas aamiainen tyylikk\u00e4\u00e4ss\u00e4 ruokasalissa, josta ei puutu tuoreita alsacelaisia juustoja, rapeaa leivonnaista ja paikallisia hilloja. Sijainnin ansiosta lyhyen k\u00e4velymatkan p\u00e4\u00e4ss\u00e4 Ill-joesta <strong>kaikki n\u00e4ht\u00e4vyydet ovat k\u00e4velymatkan p\u00e4\u00e4ss\u00e4<\/strong>, mutta samalla et nuku aivan vilkkaimmilla aukioilla.<\/p>\n\n\n\n<p class=\"wp-block-paragraph\">\ud83d\udca1 <strong>Vinkki:<\/strong> Loistava valinta pareille, jotka haluavat ristikkorakenteisen talon, hiljaisen sis\u00e4pihan ja oman porealtaan \u2013 eiv\u00e4tk\u00e4 halua maksaa siit\u00e4 kuin viiden t\u00e4hden hotellissa katedraalin luona. \ud83d\ude09<\/p>\n\n\n\n<figure data-wp-context=\"{&quot;imageId&quot;:&quot;6a9c4ed56f43d&quot;}\" data-wp-interactive=\"core\/image\" data-wp-key=\"6a9c4ed56f43d\" class=\"wp-block-image size-full wp-lightbox-container\"><img decoding=\"async\" width=\"1600\" height=\"1068\" data-wp-class--hide=\"state.isContentHidden\" data-wp-class--show=\"state.isContentVisible\" data-wp-init=\"callbacks.setButtonStyles\" data-wp-on--click=\"actions.showLightbox\" data-wp-on--load=\"callbacks.setButtonStyles\" data-wp-on--pointerdown=\"actions.preloadImage\" data-wp-on--pointerenter=\"actions.preloadImageWithDelay\" data-wp-on--pointerleave=\"actions.cancelPreload\" data-wp-on-window--resize=\"callbacks.setButtonStyles\" src=\"https:\/\/loudavymkrokem.cz\/wp-content\/uploads\/2026\/09\/l-onor-h-tel-by-stay-collection.jpg\" alt=\"L\u00c9ONOR H\u00f4tel by Stay Collection -hotelli\" class=\"wp-image-413054\" title=\"\" srcset=\"https:\/\/loudavymkrokem.cz\/wp-content\/uploads\/2026\/09\/l-onor-h-tel-by-stay-collection.jpg 1600w, https:\/\/loudavymkrokem.cz\/wp-content\/uploads\/2026\/09\/l-onor-h-tel-by-stay-collection-300x200.jpg 300w, https:\/\/loudavymkrokem.cz\/wp-content\/uploads\/2026\/09\/l-onor-h-tel-by-stay-collection-700x467.jpg 700w, https:\/\/loudavymkrokem.cz\/wp-content\/uploads\/2026\/09\/l-onor-h-tel-by-stay-collection-768x513.jpg 768w, https:\/\/loudavymkrokem.cz\/wp-content\/uploads\/2026\/09\/l-onor-h-tel-by-stay-collection-1536x1025.jpg 1536w, https:\/\/loudavymkrokem.cz\/wp-content\/uploads\/2026\/09\/l-onor-h-tel-by-stay-collection-696x465.jpg 696w, https:\/\/loudavymkrokem.cz\/wp-content\/uploads\/2026\/09\/l-onor-h-tel-by-stay-collection-1392x929.jpg 1392w\" sizes=\"(max-width: 1600px) 100vw, 1600px\" \/><button\n\t\t\tclass=\"lightbox-trigger\"\n\t\t\ttype=\"button\"\n\t\t\taria-haspopup=\"dialog\"\n\t\t\tdata-wp-bind--aria-label=\"state.thisImage.triggerButtonAriaLabel\"\n\t\t\tdata-wp-init=\"callbacks.initTriggerButton\"\n\t\t\tdata-wp-on--click=\"actions.showLightbox\"\n\t\t\tdata-wp-style--right=\"state.thisImage.buttonRight\"\n\t\t\tdata-wp-style--top=\"state.thisImage.buttonTop\"\n\t\t>\n\t\t\t<svg xmlns=\"http:\/\/www.w3.org\/2000\/svg\" width=\"12\" height=\"12\" fill=\"none\" viewBox=\"0 0 12 12\">\n\t\t\t\t<path fill=\"#fff\" d=\"M2 0a2 2 0 0 0-2 2v2h1.5V2a.5.5 0 0 1 .5-.5h2V0H2Zm2 10.5H2a.5.5 0 0 1-.5-.5V8H0v2a2 2 0 0 0 2 2h2v-1.5ZM8 12v-1.5h2a.5.5 0 0 0 .5-.5V8H12v2a2 2 0 0 1-2 2H8Zm2-12a2 2 0 0 1 2 2v2h-1.5V2a.5.5 0 0 0-.5-.5H8V0h2Z\" \/>\n\t\t\t<\/svg>\n\t\t<\/button><figcaption class=\"wp-element-caption\">Kuva: L\u00c9ONOR H\u00f4tel \/ Google Maps<\/figcaption><\/figure>\n\n\n\n<h3 class=\"wp-block-heading\"><span class=\"ez-toc-section\" id=\"5_LEONOR_Hotel_by_Stay_Collection\"><\/span>5. L\u00c9ONOR H\u00f4tel by Stay Collection<span class=\"ez-toc-section-end\"><\/span><\/h3>\n\n\n\n<p class=\"wp-block-paragraph\">Moderni, harkittu luksus sijoitettuna mahtavaan historialliseen rakennukseen \u2013 juuri n\u00e4in voisi tiivistetysti kuvailla tyylikk\u00e4\u00e4n <strong><a href=\"https:\/\/www.stay22.com\/allez\/roam?aid=lukaskonecny&#038;campaign=loudavymkrokemcz&#038;campaign=kde-bydlet-ve-strasburku&#038;hotelname=L%C3%89ONOR%20H%C3%B4tel%20by%20Stay%20Collection&#038;address=%C5%A0trasburk%2C%20Francie\" target=\"_blank\" rel=\"noopener nofollow sponsored\">L\u00c9ONOR H\u00f4tel by Stay Collection<\/a><\/strong> -hotellin, joka ylpeilee erinomaisella arvosanalla 4,7. Sisustukset ovat itsess\u00e4\u00e4n <strong>johtavien ranskalaisten suunnittelijoiden k\u00e4sialaa<\/strong> ja yhdist\u00e4v\u00e4t hyvin tyylikk\u00e4\u00e4sti rohkeat kyll\u00e4iset v\u00e4rit puhtaisiin, elegantteihin linjoihin ja alkuper\u00e4isiin historiallisiin arkkitehtonisiin elementteihin.<\/p>\n\n\n\n<p class=\"wp-block-paragraph\">T\u00e4m\u00e4n paikan valtava houkutin on ep\u00e4ilem\u00e4tt\u00e4 <strong>oma hotellin konditoria ja kuuluisa ravintola<\/strong>, jonne my\u00f6s paikalliset asukkaat suuntaavat mielell\u00e4\u00e4n kulinaaristen el\u00e4mysten per\u00e4ss\u00e4. Valtava tilava sis\u00e4piha toimii l\u00e4mpim\u00e4mpin\u00e4 kuukausina <strong>koko hotellin eloisana sosiaalisena keskuksena<\/strong>, jossa voit rauhassa nauttia laadukkaasta kahvista tai iltadrinkist\u00e4 ennen kaupungille l\u00e4ht\u00f6\u00e4.<\/p>\n\n\n\n<p class=\"wp-block-paragraph\">Huoneet on varusteltu uusimmalla teknologialla, premium-kosmetiikalla ja valtavilla s\u00e4ngyill\u00e4, joista et halua aamulla nousta. Vaikka hotelli sijaitsee l\u00e4hell\u00e4 keskustaa, <strong>rakennusten fiksun sijoittelun ansiosta se tarjoaa rauhaa ja hiljaisuutta<\/strong> h\u00e4iri\u00f6tt\u00f6m\u00e4lle unelle.<\/p>\n\n\n\n<p class=\"wp-block-paragraph\">\ud83d\udca1 <strong>Vinkki:<\/strong> L\u00c9ONOR hurmaa kaikki, jotka rakastavat <strong>vanhan ylh\u00e4isen arkkitehtuurin ja hyvin modernin, raikkaan designin yhdistelm\u00e4\u00e4<\/strong> ja vaativat samalla huippuluokan gastronomisia palveluja suoraan oman katon alla.<\/p>\n\n\n\n<figure data-wp-context=\"{&quot;imageId&quot;:&quot;6a9c4ed56fc18&quot;}\" data-wp-interactive=\"core\/image\" data-wp-key=\"6a9c4ed56fc18\" class=\"wp-block-image size-full wp-lightbox-container\"><img decoding=\"async\" width=\"1280\" height=\"853\" data-wp-class--hide=\"state.isContentHidden\" data-wp-class--show=\"state.isContentVisible\" data-wp-init=\"callbacks.setButtonStyles\" data-wp-on--click=\"actions.showLightbox\" data-wp-on--load=\"callbacks.setButtonStyles\" data-wp-on--pointerdown=\"actions.preloadImage\" data-wp-on--pointerenter=\"actions.preloadImageWithDelay\" data-wp-on--pointerleave=\"actions.cancelPreload\" data-wp-on-window--resize=\"callbacks.setButtonStyles\" src=\"https:\/\/loudavymkrokem.cz\/wp-content\/uploads\/2026\/09\/hotel-tandem.jpg\" alt=\"Hotel Tandem -hotelli\" class=\"wp-image-413062\" title=\"\" srcset=\"https:\/\/loudavymkrokem.cz\/wp-content\/uploads\/2026\/09\/hotel-tandem.jpg 1280w, https:\/\/loudavymkrokem.cz\/wp-content\/uploads\/2026\/09\/hotel-tandem-300x200.jpg 300w, https:\/\/loudavymkrokem.cz\/wp-content\/uploads\/2026\/09\/hotel-tandem-700x466.jpg 700w, https:\/\/loudavymkrokem.cz\/wp-content\/uploads\/2026\/09\/hotel-tandem-768x512.jpg 768w, https:\/\/loudavymkrokem.cz\/wp-content\/uploads\/2026\/09\/hotel-tandem-696x464.jpg 696w\" sizes=\"(max-width: 1280px) 100vw, 1280px\" \/><button\n\t\t\tclass=\"lightbox-trigger\"\n\t\t\ttype=\"button\"\n\t\t\taria-haspopup=\"dialog\"\n\t\t\tdata-wp-bind--aria-label=\"state.thisImage.triggerButtonAriaLabel\"\n\t\t\tdata-wp-init=\"callbacks.initTriggerButton\"\n\t\t\tdata-wp-on--click=\"actions.showLightbox\"\n\t\t\tdata-wp-style--right=\"state.thisImage.buttonRight\"\n\t\t\tdata-wp-style--top=\"state.thisImage.buttonTop\"\n\t\t>\n\t\t\t<svg xmlns=\"http:\/\/www.w3.org\/2000\/svg\" width=\"12\" height=\"12\" fill=\"none\" viewBox=\"0 0 12 12\">\n\t\t\t\t<path fill=\"#fff\" d=\"M2 0a2 2 0 0 0-2 2v2h1.5V2a.5.5 0 0 1 .5-.5h2V0H2Zm2 10.5H2a.5.5 0 0 1-.5-.5V8H0v2a2 2 0 0 0 2 2h2v-1.5ZM8 12v-1.5h2a.5.5 0 0 0 .5-.5V8H12v2a2 2 0 0 1-2 2H8Zm2-12a2 2 0 0 1 2 2v2h-1.5V2a.5.5 0 0 0-.5-.5H8V0h2Z\" \/>\n\t\t\t<\/svg>\n\t\t<\/button><figcaption class=\"wp-element-caption\">Kuva: H\u00f4tel Tandem \/ Google Maps<\/figcaption><\/figure>\n\n\n\n<h3 class=\"wp-block-heading\"><span class=\"ez-toc-section\" id=\"6_Hotel_Tandem\"><\/span>6. Hotel Tandem<span class=\"ez-toc-section-end\"><\/span><\/h3>\n\n\n\n<p class=\"wp-block-paragraph\">Jos etsit majoitusta kalleimman historiallisen ytimen ulkopuolelta, fantastinen ekologisesti suuntautunut boutique-hotelli <strong><a href=\"https:\/\/www.stay22.com\/allez\/roam?aid=lukaskonecny&#038;campaign=loudavymkrokemcz&#038;campaign=kde-bydlet-ve-strasburku&#038;hotelname=Hotel%20Tandem&#038;address=%C5%A0trasburk%2C%20Francie\" target=\"_blank\" rel=\"noopener nofollow sponsored\">Hotel Tandem<\/a><\/strong> aseman l\u00e4hell\u00e4 arvosanalla 4,7 on <strong>parhaiten arvioitu koko laajemmalla alueella<\/strong>. Huoneet on sisustettu hyvin l\u00e4mpimiss\u00e4, luonnollisissa puuta t\u00e4ynn\u00e4 olevissa s\u00e4vyiss\u00e4, jotka <strong>vaikuttavat jo ensi hetkest\u00e4 uskomattoman rauhoittavilta ja kodikkailta<\/strong>.<\/p>\n\n\n\n<p class=\"wp-block-paragraph\">T\u00e4m\u00e4 hotelli profiloituu hyvin modernilla, kest\u00e4v\u00e4ll\u00e4 l\u00e4hestymistavalla, mink\u00e4 osoittaa k\u00e4yt\u00e4nn\u00f6ss\u00e4 <strong>loistava iltainen viinibaari monipuolisella valikoimalla paikallisia biodynaamisia viinej\u00e4 ja oma py\u00f6r\u00e4vuokraamo<\/strong> vieraille. Juuri py\u00f6r\u00e4ll\u00e4 voit tutkia Strasbourgia kuin oikea paikallinen. Aamiaiset valmistetaan t\u00e4\u00e4ll\u00e4 lis\u00e4ksi yksinomaan paikallisista raaka-aineista, ja vieraat ylist\u00e4v\u00e4t t\u00e4t\u00e4 aamurituaalia arvioissaan.<\/p>\n\n\n\n<p class=\"wp-block-paragraph\">Historialliseen keskustaan p\u00e4\u00e4set t\u00e4\u00e4lt\u00e4 k\u00e4vellen mukavassa kymmeness\u00e4 minuutissa, tai voit hyp\u00e4t\u00e4 raitiovaunuun, joka pys\u00e4htyy l\u00e4hell\u00e4. <strong>Henkil\u00f6kunta on t\u00e4\u00e4ll\u00e4 ep\u00e4muodollinen mutta eritt\u00e4in ammattitaitoinen<\/strong> ja neuvoo mielell\u00e4\u00e4n loistavat kasvisravintolat l\u00e4hist\u00f6ll\u00e4.<\/p>\n\n\n\n<p class=\"wp-block-paragraph\">\ud83d\udca1 <strong>Vinkki:<\/strong> T\u00e4m\u00e4 on yksinkertaisesti <strong>paras valinta Alsaceen junalla saapuville matkaajille<\/strong>, jotka haluavat majoittua tyylikk\u00e4\u00e4ss\u00e4, modernissa ymp\u00e4rist\u00f6ss\u00e4 ja arvostavat kest\u00e4vyytt\u00e4 sek\u00e4 paikallisten raaka-aineiden huippulaatua.<\/p>\n\n\n\n<figure data-wp-context=\"{&quot;imageId&quot;:&quot;6a9c4ed5702ae&quot;}\" data-wp-interactive=\"core\/image\" data-wp-key=\"6a9c4ed5702ae\" class=\"wp-block-image size-full wp-lightbox-container\"><img decoding=\"async\" width=\"1600\" height=\"1067\" data-wp-class--hide=\"state.isContentHidden\" data-wp-class--show=\"state.isContentVisible\" data-wp-init=\"callbacks.setButtonStyles\" data-wp-on--click=\"actions.showLightbox\" data-wp-on--load=\"callbacks.setButtonStyles\" data-wp-on--pointerdown=\"actions.preloadImage\" data-wp-on--pointerenter=\"actions.preloadImageWithDelay\" data-wp-on--pointerleave=\"actions.cancelPreload\" data-wp-on-window--resize=\"callbacks.setButtonStyles\" src=\"https:\/\/loudavymkrokem.cz\/wp-content\/uploads\/2026\/09\/sofitel-strasbourg-grande-le.jpg\" alt=\"Sofitel Strasbourg Grande \u00cele -hotelli\" class=\"wp-image-413067\" title=\"\" srcset=\"https:\/\/loudavymkrokem.cz\/wp-content\/uploads\/2026\/09\/sofitel-strasbourg-grande-le.jpg 1600w, https:\/\/loudavymkrokem.cz\/wp-content\/uploads\/2026\/09\/sofitel-strasbourg-grande-le-300x200.jpg 300w, https:\/\/loudavymkrokem.cz\/wp-content\/uploads\/2026\/09\/sofitel-strasbourg-grande-le-700x467.jpg 700w, https:\/\/loudavymkrokem.cz\/wp-content\/uploads\/2026\/09\/sofitel-strasbourg-grande-le-768x512.jpg 768w, https:\/\/loudavymkrokem.cz\/wp-content\/uploads\/2026\/09\/sofitel-strasbourg-grande-le-1536x1024.jpg 1536w, https:\/\/loudavymkrokem.cz\/wp-content\/uploads\/2026\/09\/sofitel-strasbourg-grande-le-696x464.jpg 696w, https:\/\/loudavymkrokem.cz\/wp-content\/uploads\/2026\/09\/sofitel-strasbourg-grande-le-1392x928.jpg 1392w\" sizes=\"(max-width: 1600px) 100vw, 1600px\" \/><button\n\t\t\tclass=\"lightbox-trigger\"\n\t\t\ttype=\"button\"\n\t\t\taria-haspopup=\"dialog\"\n\t\t\tdata-wp-bind--aria-label=\"state.thisImage.triggerButtonAriaLabel\"\n\t\t\tdata-wp-init=\"callbacks.initTriggerButton\"\n\t\t\tdata-wp-on--click=\"actions.showLightbox\"\n\t\t\tdata-wp-style--right=\"state.thisImage.buttonRight\"\n\t\t\tdata-wp-style--top=\"state.thisImage.buttonTop\"\n\t\t>\n\t\t\t<svg xmlns=\"http:\/\/www.w3.org\/2000\/svg\" width=\"12\" height=\"12\" fill=\"none\" viewBox=\"0 0 12 12\">\n\t\t\t\t<path fill=\"#fff\" d=\"M2 0a2 2 0 0 0-2 2v2h1.5V2a.5.5 0 0 1 .5-.5h2V0H2Zm2 10.5H2a.5.5 0 0 1-.5-.5V8H0v2a2 2 0 0 0 2 2h2v-1.5ZM8 12v-1.5h2a.5.5 0 0 0 .5-.5V8H12v2a2 2 0 0 1-2 2H8Zm2-12a2 2 0 0 1 2 2v2h-1.5V2a.5.5 0 0 0-.5-.5H8V0h2Z\" \/>\n\t\t\t<\/svg>\n\t\t<\/button><figcaption class=\"wp-element-caption\">Kuva: Sofitel Strasbourg Grande \u00cele \/ Google Maps<\/figcaption><\/figure>\n\n\n\n<h3 class=\"wp-block-heading\"><span class=\"ez-toc-section\" id=\"7_Sofitel_Strasbourg_Grande_Ile\"><\/span>7. Sofitel Strasbourg Grande \u00cele<span class=\"ez-toc-section-end\"><\/span><\/h3>\n\n\n\n<p class=\"wp-block-paragraph\">Uskomattomalla arvioiden m\u00e4\u00e4r\u00e4ll\u00e4 t\u00e4m\u00e4 mahtava <strong><a href=\"https:\/\/www.stay22.com\/allez\/roam?aid=lukaskonecny&#038;campaign=loudavymkrokemcz&#038;campaign=kde-bydlet-ve-strasburku&#038;hotelname=Sofitel%20Strasbourg%20Grande%20%C3%8Ele&#038;address=%C5%A0trasburk%2C%20Francie\" target=\"_blank\" rel=\"noopener nofollow sponsored\">Sofitel Strasbourg Grande \u00cele<\/a><\/strong> pit\u00e4\u00e4 yll\u00e4 kaunista arvosanaa 4,5 ja on siten <strong>koko kaupungin eniten arvioitu hotelli<\/strong>. Se sijaitsee suoraan p\u00e4\u00e4historiallisella saarella ja on kuuluisa strasbourgilainen klassikko, joka <strong>on pitk\u00e4\u00e4n pit\u00e4nyt yll\u00e4 eritt\u00e4in korkeaa vakiintuneiden viiden t\u00e4hden palvelujen standardia<\/strong>.<\/p>\n\n\n\n<p class=\"wp-block-paragraph\">Sisustukset ovat selv\u00e4sti modernin ranskalaisen eleganssin hengess\u00e4, ja niit\u00e4 hallitsevat laadukkaat matot, hillityt v\u00e4rit ja design-huonekalut. T\u00e4\u00e4lt\u00e4 l\u00f6yd\u00e4t loistavan ranskalaiseen gastronomiaan keskittyneen ravintolan ja ennen kaikkea <strong>hyvin tyylikk\u00e4\u00e4n baarin, jonne voit poiketa eksklusiiviselle iltadrinkille<\/strong> pitk\u00e4n katuk\u00e4velyp\u00e4iv\u00e4n j\u00e4lkeen. Huoneet ovat poikkeuksellisen tilavia, hiljaisia ja tarjoavat t\u00e4lle arvostetulle br\u00e4ndille tyypillist\u00e4 ensiluokkaista mukavuutta.<\/p>\n\n\n\n<p class=\"wp-block-paragraph\">Kokonsa ansiosta hotellilla on loistavat tilat, mukaan lukien tilava kuntosali. <strong>Sijainti on upea<\/strong>, sill\u00e4 suuntasit sitten katedraalille tai vieh\u00e4tt\u00e4v\u00e4\u00e4n Petite Francen kaupunginosaan, kaikkialle p\u00e4\u00e4set kymmeness\u00e4 minuutissa.<\/p>\n\n\n\n<p class=\"wp-block-paragraph\">\ud83d\udca1 <strong>Vinkki:<\/strong> Ihanteellinen niille teist\u00e4, jotka suosivat <strong>suurten kansainv\u00e4listen br\u00e4ndien varmuutta ja luotettavuutta<\/strong> ja vaativat virheett\u00f6m\u00e4n, eritt\u00e4in ammattitaitoisen palvelun k\u00e4velymatkan p\u00e4\u00e4ss\u00e4 kaikesta olennaisesta, mit\u00e4 kaupunki tarjoaa.<\/p>\n\n\n\n<figure data-wp-context=\"{&quot;imageId&quot;:&quot;6a9c4ed5708bc&quot;}\" data-wp-interactive=\"core\/image\" data-wp-key=\"6a9c4ed5708bc\" class=\"wp-block-image size-full wp-lightbox-container\"><img decoding=\"async\" width=\"1600\" height=\"1067\" data-wp-class--hide=\"state.isContentHidden\" data-wp-class--show=\"state.isContentVisible\" data-wp-init=\"callbacks.setButtonStyles\" data-wp-on--click=\"actions.showLightbox\" data-wp-on--load=\"callbacks.setButtonStyles\" data-wp-on--pointerdown=\"actions.preloadImage\" data-wp-on--pointerenter=\"actions.preloadImageWithDelay\" data-wp-on--pointerleave=\"actions.cancelPreload\" data-wp-on-window--resize=\"callbacks.setButtonStyles\" src=\"https:\/\/loudavymkrokem.cz\/wp-content\/uploads\/2026\/09\/h-tel-r-gent-contades-by-stay-collection.jpg\" alt=\"H\u00f4tel R\u00e9gent Contades by Stay Collection -hotelli\" class=\"wp-image-413072\" title=\"\" srcset=\"https:\/\/loudavymkrokem.cz\/wp-content\/uploads\/2026\/09\/h-tel-r-gent-contades-by-stay-collection.jpg 1600w, https:\/\/loudavymkrokem.cz\/wp-content\/uploads\/2026\/09\/h-tel-r-gent-contades-by-stay-collection-300x200.jpg 300w, https:\/\/loudavymkrokem.cz\/wp-content\/uploads\/2026\/09\/h-tel-r-gent-contades-by-stay-collection-700x467.jpg 700w, https:\/\/loudavymkrokem.cz\/wp-content\/uploads\/2026\/09\/h-tel-r-gent-contades-by-stay-collection-768x512.jpg 768w, https:\/\/loudavymkrokem.cz\/wp-content\/uploads\/2026\/09\/h-tel-r-gent-contades-by-stay-collection-1536x1024.jpg 1536w, https:\/\/loudavymkrokem.cz\/wp-content\/uploads\/2026\/09\/h-tel-r-gent-contades-by-stay-collection-696x464.jpg 696w, https:\/\/loudavymkrokem.cz\/wp-content\/uploads\/2026\/09\/h-tel-r-gent-contades-by-stay-collection-1392x928.jpg 1392w\" sizes=\"(max-width: 1600px) 100vw, 1600px\" \/><button\n\t\t\tclass=\"lightbox-trigger\"\n\t\t\ttype=\"button\"\n\t\t\taria-haspopup=\"dialog\"\n\t\t\tdata-wp-bind--aria-label=\"state.thisImage.triggerButtonAriaLabel\"\n\t\t\tdata-wp-init=\"callbacks.initTriggerButton\"\n\t\t\tdata-wp-on--click=\"actions.showLightbox\"\n\t\t\tdata-wp-style--right=\"state.thisImage.buttonRight\"\n\t\t\tdata-wp-style--top=\"state.thisImage.buttonTop\"\n\t\t>\n\t\t\t<svg xmlns=\"http:\/\/www.w3.org\/2000\/svg\" width=\"12\" height=\"12\" fill=\"none\" viewBox=\"0 0 12 12\">\n\t\t\t\t<path fill=\"#fff\" d=\"M2 0a2 2 0 0 0-2 2v2h1.5V2a.5.5 0 0 1 .5-.5h2V0H2Zm2 10.5H2a.5.5 0 0 1-.5-.5V8H0v2a2 2 0 0 0 2 2h2v-1.5ZM8 12v-1.5h2a.5.5 0 0 0 .5-.5V8H12v2a2 2 0 0 1-2 2H8Zm2-12a2 2 0 0 1 2 2v2h-1.5V2a.5.5 0 0 0-.5-.5H8V0h2Z\" \/>\n\t\t\t<\/svg>\n\t\t<\/button><figcaption class=\"wp-element-caption\">Kuva: H\u00f4tel R\u00e9gent Contades \/ Google Maps<\/figcaption><\/figure>\n\n\n\n<h3 class=\"wp-block-heading\"><span class=\"ez-toc-section\" id=\"8_Hotel_Regent_Contades_by_Stay_Collection\"><\/span>8. H\u00f4tel R\u00e9gent Contades by Stay Collection<span class=\"ez-toc-section-end\"><\/span><\/h3>\n\n\n\n<p class=\"wp-block-paragraph\">T\u00e4m\u00e4 poikkeuksellisen tyylik\u00e4s <strong><a href=\"https:\/\/www.stay22.com\/allez\/roam?aid=lukaskonecny&#038;campaign=loudavymkrokemcz&#038;campaign=kde-bydlet-ve-strasburku&#038;hotelname=H%C3%B4tel%20R%C3%A9gent%20Contades%20by%20Stay%20Collection&#038;address=%C5%A0trasburk%2C%20Francie\" target=\"_blank\" rel=\"noopener nofollow sponsored\">H\u00f4tel R\u00e9gent Contades by Stay Collection<\/a><\/strong> hyvin hyv\u00e4ll\u00e4 arvosanalla 4,4 sijaitsee kauniissa 1800-luvun porvaristalossa, joka <strong>on suoraan Ill-joen rantakadulla majesteettisen Neustadtin kaupunginosan l\u00e4hell\u00e4<\/strong>. Jo sis\u00e4\u00e4n astuessasi sinut toivottaa tervetulleeksi upea, tummalla puulla vuorattu baari nahkatuoleineen, joka <strong>vaikuttaa kuin klassisesta brittil\u00e4isest\u00e4 klubista<\/strong>.<\/p>\n\n\n\n<p class=\"wp-block-paragraph\">Pitkien kaupunkik\u00e4velyjen j\u00e4lkeen koleammassa ja kylmemm\u00e4ss\u00e4 s\u00e4\u00e4ss\u00e4 hy\u00f6dynn\u00e4t varmasti <strong>modernia hotellin saunaa ja perinteist\u00e4 hammamia<\/strong>, jotka ovat hotellin vieraiden k\u00e4ytett\u00e4viss\u00e4 ja tarjoavat t\u00e4ydellisen l\u00e4mmittelyn. Korkeakattoiset huoneet yhdist\u00e4v\u00e4t t\u00e4\u00e4ll\u00e4 sulokkaasti vanhan maailman charmia kaikkiin moderneihin mukavuuksiin, joita t\u00e4lt\u00e4 korkealta standardilta automaattisesti odotat.<\/p>\n\n\n\n<p class=\"wp-block-paragraph\">Katedraali on t\u00e4\u00e4lt\u00e4 noin kahdentoista miellytt\u00e4v\u00e4n minuutin k\u00e4velymatkan p\u00e4\u00e4ss\u00e4 veden vartta pitkin, joten <strong>nautit keskeisen sijainnin eduista mutta ilman \u00e4rsytt\u00e4v\u00e4\u00e4 melua vilkkailta kaduilta<\/strong>. Aamulla voit odottaa runsasta aamiaisbuffetta, joka tarjoillaan upeassa valoisassa salongissa.<\/p>\n\n\n\n<p class=\"wp-block-paragraph\">\ud83d\udca1 <strong>Vinkki:<\/strong> T\u00e4m\u00e4 on yksinkertaisesti loistava osoite rauhallisempaan, rentoon oleskeluun, jos haluat majoittua <strong>elegantissa hienostuneessa ymp\u00e4rist\u00f6ss\u00e4 historiallisen ytimen ja vehre\u00e4n saksalaisen kaupunginosan rajamailla<\/strong>.<\/p>\n\n\n\n<figure data-wp-context=\"{&quot;imageId&quot;:&quot;6a9c4ed570de9&quot;}\" data-wp-interactive=\"core\/image\" data-wp-key=\"6a9c4ed570de9\" class=\"wp-block-image size-full wp-lightbox-container\"><img decoding=\"async\" width=\"1600\" height=\"1084\" data-wp-class--hide=\"state.isContentHidden\" data-wp-class--show=\"state.isContentVisible\" data-wp-init=\"callbacks.setButtonStyles\" data-wp-on--click=\"actions.showLightbox\" data-wp-on--load=\"callbacks.setButtonStyles\" data-wp-on--pointerdown=\"actions.preloadImage\" data-wp-on--pointerenter=\"actions.preloadImageWithDelay\" data-wp-on--pointerleave=\"actions.cancelPreload\" data-wp-on-window--resize=\"callbacks.setButtonStyles\" src=\"https:\/\/loudavymkrokem.cz\/wp-content\/uploads\/2026\/09\/pavillon-r-gent-petite-france.jpg\" alt=\"Pavillon R\u00e9gent Petite France -hotelli\" class=\"wp-image-413077\" title=\"\" srcset=\"https:\/\/loudavymkrokem.cz\/wp-content\/uploads\/2026\/09\/pavillon-r-gent-petite-france.jpg 1600w, https:\/\/loudavymkrokem.cz\/wp-content\/uploads\/2026\/09\/pavillon-r-gent-petite-france-300x203.jpg 300w, https:\/\/loudavymkrokem.cz\/wp-content\/uploads\/2026\/09\/pavillon-r-gent-petite-france-700x474.jpg 700w, https:\/\/loudavymkrokem.cz\/wp-content\/uploads\/2026\/09\/pavillon-r-gent-petite-france-768x520.jpg 768w, https:\/\/loudavymkrokem.cz\/wp-content\/uploads\/2026\/09\/pavillon-r-gent-petite-france-1536x1041.jpg 1536w, https:\/\/loudavymkrokem.cz\/wp-content\/uploads\/2026\/09\/pavillon-r-gent-petite-france-696x472.jpg 696w, https:\/\/loudavymkrokem.cz\/wp-content\/uploads\/2026\/09\/pavillon-r-gent-petite-france-1392x943.jpg 1392w\" sizes=\"(max-width: 1600px) 100vw, 1600px\" \/><button\n\t\t\tclass=\"lightbox-trigger\"\n\t\t\ttype=\"button\"\n\t\t\taria-haspopup=\"dialog\"\n\t\t\tdata-wp-bind--aria-label=\"state.thisImage.triggerButtonAriaLabel\"\n\t\t\tdata-wp-init=\"callbacks.initTriggerButton\"\n\t\t\tdata-wp-on--click=\"actions.showLightbox\"\n\t\t\tdata-wp-style--right=\"state.thisImage.buttonRight\"\n\t\t\tdata-wp-style--top=\"state.thisImage.buttonTop\"\n\t\t>\n\t\t\t<svg xmlns=\"http:\/\/www.w3.org\/2000\/svg\" width=\"12\" height=\"12\" fill=\"none\" viewBox=\"0 0 12 12\">\n\t\t\t\t<path fill=\"#fff\" d=\"M2 0a2 2 0 0 0-2 2v2h1.5V2a.5.5 0 0 1 .5-.5h2V0H2Zm2 10.5H2a.5.5 0 0 1-.5-.5V8H0v2a2 2 0 0 0 2 2h2v-1.5ZM8 12v-1.5h2a.5.5 0 0 0 .5-.5V8H12v2a2 2 0 0 1-2 2H8Zm2-12a2 2 0 0 1 2 2v2h-1.5V2a.5.5 0 0 0-.5-.5H8V0h2Z\" \/>\n\t\t\t<\/svg>\n\t\t<\/button><figcaption class=\"wp-element-caption\">Kuva: H\u00f4tel &#038; Spa R\u00e9gent Petite France \/ Google Maps<\/figcaption><\/figure>\n\n\n\n<h3 class=\"wp-block-heading\"><span class=\"ez-toc-section\" id=\"9_Pavillon_Regent_Petite_France\"><\/span>9. Pavillon R\u00e9gent Petite France<span class=\"ez-toc-section-end\"><\/span><\/h3>\n\n\n\n<p class=\"wp-block-paragraph\">Jos etsit t\u00e4ydellisint\u00e4 romantiikkaa, kuuluisa <strong><a href=\"https:\/\/www.stay22.com\/allez\/roam?aid=lukaskonecny&#038;campaign=loudavymkrokemcz&#038;campaign=kde-bydlet-ve-strasburku&#038;hotelname=Pavillon%20R%C3%A9gent%20Petite%20France&#038;address=%C5%A0trasburk%2C%20Francie\" target=\"_blank\" rel=\"noopener nofollow sponsored\">Pavillon R\u00e9gent Petite France<\/a><\/strong> arvosanalla 4,4 sijaitsee upeassa ikivanhassa ristikkorakenteisessa rakennuksessa <strong>suoraan ikonisen, valokuvauksellisen Petite Francen kaupunginosan syd\u00e4mess\u00e4<\/strong>. Monista kodikkaista huoneista avautuvat <strong>suoraan postikorttimaiset n\u00e4kym\u00e4t Ill-joelle<\/strong> ja ymp\u00e4r\u00f6iviin historiallisiin taloihin, mik\u00e4 on visuaalinen el\u00e4mys, jota et l\u00f6yd\u00e4 ihan mist\u00e4 tahansa.<\/p>\n\n\n\n<p class=\"wp-block-paragraph\">T\u00e4h\u00e4n boutique-majoitukseen kuuluu my\u00f6s erinomainen ravintola ja hyvin miellytt\u00e4v\u00e4 baari, joten hyv\u00e4n ruoan ja juoman per\u00e4ss\u00e4 sinun ei tarvitse edes poistua ulos p\u00e4iv\u00e4n p\u00e4\u00e4tteeksi. Sijainti on todella ainutlaatuinen ja unohtumaton, mutta muista t\u00e4rke\u00e4 s\u00e4\u00e4nt\u00f6. <strong>Adventtimarkkinoiden aikaan hotellin ymp\u00e4rist\u00f6 on \u00e4\u00e4rimm\u00e4isen turistien t\u00e4ytt\u00e4m\u00e4<\/strong> ja ikkunoiden alla olevilla kujilla virtaa jatkuvasti ihmisjoukkoja.<\/p>\n\n\n\n<p class=\"wp-block-paragraph\">Huoneet on sisustettu puhtaassa, elegantissa tyyliss\u00e4, joka tuo kauniisti esiin rakennuksen alkuper\u00e4iset historialliset elementit. Aamiaiset tarjoillaan kauniissa salongissa suurine ikkunoineen, josta voit tarkkailla ohi liukuvia risteilyaluksia suoraan kahvikupin \u00e4\u00e4rest\u00e4.<\/p>\n\n\n\n<p class=\"wp-block-paragraph\">\ud83d\udca1 <strong>Vinkki:<\/strong> T\u00e4m\u00e4 on <strong>oikea valinta rakastuneille pareille ja intohimoisille valokuvaajille<\/strong>, jotka haluavat kauneimmat strasbourgilaismaisemat suoraan huoneensa ikkunan takana.<\/p>\n\n\n\n<figure data-wp-context=\"{&quot;imageId&quot;:&quot;6a9c4ed57148c&quot;}\" data-wp-interactive=\"core\/image\" data-wp-key=\"6a9c4ed57148c\" class=\"wp-block-image size-full wp-lightbox-container\"><img decoding=\"async\" width=\"1600\" height=\"1068\" data-wp-class--hide=\"state.isContentHidden\" data-wp-class--show=\"state.isContentVisible\" data-wp-init=\"callbacks.setButtonStyles\" data-wp-on--click=\"actions.showLightbox\" data-wp-on--load=\"callbacks.setButtonStyles\" data-wp-on--pointerdown=\"actions.preloadImage\" data-wp-on--pointerenter=\"actions.preloadImageWithDelay\" data-wp-on--pointerleave=\"actions.cancelPreload\" data-wp-on-window--resize=\"callbacks.setButtonStyles\" src=\"https:\/\/loudavymkrokem.cz\/wp-content\/uploads\/2026\/09\/hannong-h-tel-wine-bar.jpg\" alt=\"Hannong H\u00f4tel &#038; Wine Bar -hotelli\" class=\"wp-image-413081\" title=\"\" srcset=\"https:\/\/loudavymkrokem.cz\/wp-content\/uploads\/2026\/09\/hannong-h-tel-wine-bar.jpg 1600w, https:\/\/loudavymkrokem.cz\/wp-content\/uploads\/2026\/09\/hannong-h-tel-wine-bar-300x200.jpg 300w, https:\/\/loudavymkrokem.cz\/wp-content\/uploads\/2026\/09\/hannong-h-tel-wine-bar-700x467.jpg 700w, https:\/\/loudavymkrokem.cz\/wp-content\/uploads\/2026\/09\/hannong-h-tel-wine-bar-768x513.jpg 768w, https:\/\/loudavymkrokem.cz\/wp-content\/uploads\/2026\/09\/hannong-h-tel-wine-bar-1536x1025.jpg 1536w, https:\/\/loudavymkrokem.cz\/wp-content\/uploads\/2026\/09\/hannong-h-tel-wine-bar-696x465.jpg 696w, https:\/\/loudavymkrokem.cz\/wp-content\/uploads\/2026\/09\/hannong-h-tel-wine-bar-1392x929.jpg 1392w\" sizes=\"(max-width: 1600px) 100vw, 1600px\" \/><button\n\t\t\tclass=\"lightbox-trigger\"\n\t\t\ttype=\"button\"\n\t\t\taria-haspopup=\"dialog\"\n\t\t\tdata-wp-bind--aria-label=\"state.thisImage.triggerButtonAriaLabel\"\n\t\t\tdata-wp-init=\"callbacks.initTriggerButton\"\n\t\t\tdata-wp-on--click=\"actions.showLightbox\"\n\t\t\tdata-wp-style--right=\"state.thisImage.buttonRight\"\n\t\t\tdata-wp-style--top=\"state.thisImage.buttonTop\"\n\t\t>\n\t\t\t<svg xmlns=\"http:\/\/www.w3.org\/2000\/svg\" width=\"12\" height=\"12\" fill=\"none\" viewBox=\"0 0 12 12\">\n\t\t\t\t<path fill=\"#fff\" d=\"M2 0a2 2 0 0 0-2 2v2h1.5V2a.5.5 0 0 1 .5-.5h2V0H2Zm2 10.5H2a.5.5 0 0 1-.5-.5V8H0v2a2 2 0 0 0 2 2h2v-1.5ZM8 12v-1.5h2a.5.5 0 0 0 .5-.5V8H12v2a2 2 0 0 1-2 2H8Zm2-12a2 2 0 0 1 2 2v2h-1.5V2a.5.5 0 0 0-.5-.5H8V0h2Z\" \/>\n\t\t\t<\/svg>\n\t\t<\/button><figcaption class=\"wp-element-caption\">Kuva: Hannong H\u00f4tel &#038; Wine Bar \/ Google Maps<\/figcaption><\/figure>\n\n\n\n<!-- LKM_GYG_CARD start q=\"strasbourg\" lang=\"fi\" rendered=\"2026-09-05T15:51:31+00:00\" v=\"1\" -->\n<style id=\"lk-gyg-styles\">\n@import url(\"https:\/\/fonts.googleapis.com\/css2?family=Playfair+Display:wght@700&family=DM+Sans:wght@300;400;500;600&display=swap\");\n\/* === LK GYG karty \u2014 CRO redesign 2026-05 (namespace .lkx-) ===\n   C\u00edl: vy\u0161\u0161\u00ed CTR (hero + v\u00fdrazn\u00fd social proof + ak\u010dn\u00ed CTA, m\u00e9n\u011b \"reklamn\u00ed\").\n   Injektuje se inline do prvn\u00edho markeru postu (refresh_cards.py --inline-css). *\/\n.lkx-module, .lkx-module *{box-sizing:border-box;margin:0;padding:0}\n.lkx-module{\n  font-family:'DM Sans',-apple-system,Segoe UI,Roboto,Georgia,sans-serif;\n  max-width:860px;margin:2.5rem auto;color:#1f2328;\n}\n\n\/* HEADER \u2014 lehk\u00fd editorsk\u00fd, \u017e\u00e1dn\u00fd bannerov\u00fd blok; nadpis + popisek pod n\u00edm *\/\n.lkx-head{margin-bottom:16px}\n.lkx-head-main{display:flex;align-items:center;gap:10px}\n.lkx-head-accent{width:26px;height:3px;border-radius:2px;background:#c39f76;flex-shrink:0}\n.lkx-head-title{font-family:'Playfair Display',Georgia,serif;font-size:21px;font-weight:700;color:#1a1a1a;line-height:1.25}\n.lkx-head-meta{display:block;font-size:11px;letter-spacing:.3px;color:#9aa0a6;margin-top:4px;margin-left:36px}\n\n\/* HERO *\/\n.lkx-hero{display:grid;grid-template-columns:300px 1fr;background:#fff;border:1px solid #ece7df;border-radius:14px;overflow:hidden;text-decoration:none!important;color:inherit;box-shadow:0 6px 20px rgba(0,0,0,.06);transition:box-shadow .2s,transform .2s;margin-bottom:14px}\n.lkx-hero:hover{box-shadow:0 12px 30px rgba(0,0,0,.12);transform:translateY(-2px)}\n.lkx-hero-img{position:relative;min-height:230px;background-size:cover;background-position:center;background-color:#eee}\n.lkx-hero-body{padding:22px 24px;display:flex;flex-direction:column}\n.lkx-pick{position:absolute;top:12px;left:12px;background:#1a1a1a;color:#fff;font-size:11px;font-weight:700;letter-spacing:.5px;padding:5px 11px;border-radius:20px}\n\n\/* TITLE *\/\n.lkx-title{font-size:19px;font-weight:700;color:#161616;line-height:1.3}\n.lkx-title-sm{font-size:14.5px;line-height:1.35;display:-webkit-box;-webkit-line-clamp:2;-webkit-box-orient:vertical;overflow:hidden}\n\n\/* SOCIAL PROOF \u2014 v\u00fdrazn\u011b, naho\u0159e *\/\n.lkx-proof{display:flex;align-items:center;gap:7px;margin-top:12px;font-size:15px;color:#3a3a3a}\n.lkx-proof b{font-size:16px;color:#161616}\n.lkx-stars{color:#f5a623;letter-spacing:1px}\n.lkx-proof-sm{font-size:12.5px;margin-top:8px;gap:5px}\n.lkx-proof-sm b{font-size:13px}\n.lkx-proof-new{color:#3685fc;font-weight:600}\n\n\/* PRICE \u2014 n\u00edzk\u00e1 kotva *\/\n.lkx-price{font-size:14px;color:#6b7280}\n.lkx-price b{font-size:20px;color:#161616;font-weight:700}\n.lkx-price-sm b{font-size:15px}\n\n\/* CTA \u2014 tepl\u00e9 ak\u010dn\u00ed tla\u010d\u00edtko *\/\n.lkx-cta{display:inline-flex;align-items:center;justify-content:center;text-decoration:none!important;font-weight:700;color:#fff!important;background:linear-gradient(135deg,#f6743f,#e8552a);border-radius:10px;box-shadow:0 6px 16px rgba(232,85,42,.32);transition:box-shadow .2s}\n.lkx-cta-hero{font-size:15px;padding:13px 22px}\n.lkx-hero:hover .lkx-cta-hero{box-shadow:0 8px 22px rgba(232,85,42,.45)}\n.lkx-cta-sm{font-size:12.5px;padding:9px 14px;width:100%;margin-top:2px}\n.lkx-hero-bottom{margin-top:auto;padding-top:18px;display:flex;align-items:center;justify-content:space-between;gap:14px;flex-wrap:wrap}\n\n\/* BADGE \u2014 jeden v\u00fdrazn\u00fd na fotce *\/\n.lkx-badge{position:absolute;top:12px;right:12px;font-size:10.5px;font-weight:700;letter-spacing:.3px;padding:5px 10px;border-radius:16px;color:#fff}\n.lkx-badge.badge-urgency{background:rgba(214,40,40,.92)}\n.lkx-badge.badge-new{background:rgba(54,133,252,.92)}\n.lkx-badge.badge-top{background:rgba(195,159,118,.95)}\n.lkx-badge.badge-info{background:rgba(40,40,40,.78)}\n\n\/* SECONDARY GRID *\/\n.lkx-grid{display:grid;grid-template-columns:1fr 1fr;gap:14px}\n.lkx-card{background:#fff;border:1px solid #ece7df;border-radius:14px;overflow:hidden;text-decoration:none!important;color:inherit;box-shadow:0 4px 14px rgba(0,0,0,.05);display:flex;flex-direction:column;transition:box-shadow .2s,transform .2s}\n.lkx-card:hover{box-shadow:0 10px 24px rgba(0,0,0,.1);transform:translateY(-2px)}\n.lkx-card-img{position:relative;aspect-ratio:16\/10;background-size:cover;background-position:center;background-color:#eee}\n.lkx-card-body{padding:14px 16px 16px;display:flex;flex-direction:column;gap:7px;flex:1}\n.lkx-card-bottom{margin-top:auto;padding-top:10px;display:flex;align-items:center;justify-content:space-between;gap:8px}\n\n\/* DISCLOSURE \u2014 drobn\u00e1, kv\u016fli d\u016fv\u011b\u0159e\/z\u00e1konu *\/\n.lkx-disclosure{font-size:11px;color:#a7adb3;text-align:center;margin-top:14px;line-height:1.6}\n.lkx-disclosure a{color:#c39f76;text-decoration:none}\n\n@media(max-width:680px){\n  .lkx-hero{grid-template-columns:1fr}\n  .lkx-hero-img{min-height:180px}\n  .lkx-grid{grid-template-columns:1fr}\n  .lkx-head-meta{margin-left:0;width:100%}\n  .lkx-head-title{font-size:19px}\n}\n\n<\/style>\n<div class=\"lkx-module\" data-query=\"strasbourg\">\n  <div class=\"lkx-head\">\n    <div class=\"lkx-head-main\">\n      <span class=\"lkx-head-accent\"><\/span>\n      <span class=\"lkx-head-title\">El\u00e4mykset ja liput<\/span>\n    <\/div>\n    <span class=\"lkx-head-meta\">matkailijoiden arvioima \u00b7 GetYourGuide<\/span>\n  <\/div><a class=\"lkx-hero\" href=\"https:\/\/www.getyourguide.com\/fi-fi\/strasbourg-l293\/strasbourg-kavelykierros-paikallisen-oppaan-kanssa-t877665\/?partner_id=MKZ64IS&amp;utm_medium=online_publisher&amp;cmp=majoitus-strasbourg-ranska\" target=\"_blank\" rel=\"sponsored noopener nofollow\">\n    <div class=\"lkx-hero-img\" style=\"background-image:url('https:\/\/cdn.getyourguide.com\/img\/tour\/55865d3f8d08e2193af59ad660b04fb53bbd1f5148dde1eff9892481aee3de49.png\/132.jpg')\" role=\"img\" aria-label=\"Strasbourg: K\u00e4velykierros paikallisen oppaan kanssa\">\n      <span class=\"lkx-pick\">\u2605 Suosituksemme<\/span><\/div>\n    <div class=\"lkx-hero-body\">\n      <div class=\"lkx-title\">Strasbourg: K\u00e4velykierros paikallisen oppaan kanssa<\/div>\n      <div class=\"lkx-proof\">\n      <span class=\"lkx-stars\">\u2605\u2605\u2605\u2605\u2605<\/span>\n      <b>4.4<\/b> \u00b7 904 arvostelua\n    <\/div>\n      <div class=\"lkx-hero-bottom\"><div class=\"lkx-price\">alkaen <b>28\u00a0\u20ac<\/b><\/div><span class=\"lkx-cta lkx-cta-hero\">Haluan t\u00e4m\u00e4n el\u00e4myksen \u2192<\/span>\n      <\/div>\n    <\/div>\n  <\/a><div class=\"lkx-grid\"><a class=\"lkx-card\" href=\"https:\/\/www.getyourguide.com\/fi-fi\/strasbourg-l293\/strasbourgista-perinteinen-viinimatka-colmariin-t1066634\/?partner_id=MKZ64IS&amp;utm_medium=online_publisher&amp;cmp=majoitus-strasbourg-ranska\" target=\"_blank\" rel=\"sponsored noopener nofollow\">\n      <div class=\"lkx-card-img\" style=\"background-image:url('https:\/\/cdn.getyourguide.com\/img\/tour\/ad6c161500ce5ceaabb182d1ab2f151c62d5b59124194ab758ce97e60c9bfaf1.jpg\/132.jpg')\" role=\"img\" aria-label=\"Strasbourgista: perinteinen viinimatka Colmariin\"><\/div>\n      <div class=\"lkx-card-body\">\n        <div class=\"lkx-title lkx-title-sm\">Strasbourgista: perinteinen viinimatka Colmariin<\/div>\n        <div class=\"lkx-proof lkx-proof-sm\">\n      <span class=\"lkx-stars\">\u2605<\/span>\n      <b>3.6<\/b> \u00b7 18\n    <\/div>\n        <div class=\"lkx-card-bottom\"><span class=\"lkx-price lkx-price-sm\">alkaen <b>125\u00a0\u20ac<\/b><\/span><span class=\"lkx-cta lkx-cta-sm\">Katso p\u00e4iv\u00e4m\u00e4\u00e4r\u00e4t \u2192<\/span>\n        <\/div>\n      <\/div>\n    <\/a><a class=\"lkx-card\" href=\"https:\/\/www.getyourguide.com\/fi-fi\/strasbourg-l293\/strasbourg-elsassin-ruokamaistiaiset-kavelykierros-jossa-on-5-maistiaista-t1458211\/?partner_id=MKZ64IS&amp;utm_medium=online_publisher&amp;cmp=majoitus-strasbourg-ranska\" target=\"_blank\" rel=\"sponsored noopener nofollow\">\n      <div class=\"lkx-card-img\" style=\"background-image:url('https:\/\/cdn.getyourguide.com\/img\/tour\/e965587a48bc449a08b2ef17afbfc818a8ca05db25bccd1e896e40df12dc7ce3.jpg\/132.jpg')\" role=\"img\" aria-label=\"Strasbourg: Elsassin ruokamaistiaiset \u2013 k\u00e4velykierros, jossa on 5 maistiaista\"><\/div>\n      <div class=\"lkx-card-body\">\n        <div class=\"lkx-title lkx-title-sm\">Strasbourg: Elsassin ruokamaistiaiset \u2013 k\u00e4velykierros, jossa on 5 maistiaista<\/div>\n        <div class=\"lkx-proof lkx-proof-sm\">\n      <span class=\"lkx-stars\">\u2605<\/span>\n      <b>0.0<\/b> \u00b7 0\n    <\/div>\n        <div class=\"lkx-card-bottom\"><span class=\"lkx-price lkx-price-sm\">alkaen <b>45\u00a0\u20ac<\/b><\/span><span class=\"lkx-cta lkx-cta-sm\">Katso p\u00e4iv\u00e4m\u00e4\u00e4r\u00e4t \u2192<\/span>\n        <\/div>\n      <\/div>\n    <\/a><\/div><div class=\"lkx-disclosure\">\ud83d\udd17 N\u00e4m\u00e4 ovat kumppanilinkkej\u00e4 \u2014 ne eiv\u00e4t muuta hintaasi ja auttavat meit\u00e4 tekem\u00e4\u00e4n sis\u00e4lt\u00f6\u00e4. \u00b7 <a href=\"https:\/\/www.getyourguide.com\/fi-fi\/s\/?q=strasbourg&amp;partner_id=MKZ64IS&amp;utm_medium=online_publisher\" target=\"_blank\" rel=\"sponsored noopener nofollow\">Kaikki el\u00e4mykset \u2192<\/a><\/div>\n<\/div>\n<!-- LKM_GYG_CARD end -->\n\n\n\n\n<div class=\"lk-stays-module\">\n<style>\n\/* \u2500\u2500\u2500 RESET PRO GUTENBERG \u2500\u2500\u2500 *\/\n.lk-stays-module * { box-sizing: border-box; margin: 0; padding: 0; }\n\n\/* \u2500\u2500\u2500 WRAPPER \u2500\u2500\u2500 *\/\n.lk-stays-module {\n  font-family: 'DM Sans', Georgia, sans-serif;\n  max-width: 100%;\n  margin: 2.5rem auto;\n  background: linear-gradient(135deg, #fdfaf5 0%, #fcf8f0 100%);\n  border: 1px solid #e8dfd4;\n  border-radius: 16px;\n  overflow: hidden;\n  box-shadow: 0 16px 48px rgba(195, 159, 118, 0.25), 0 4px 12px rgba(0,0,0,0.08);\n}\n\n\/* \u2500\u2500\u2500 HEADER \u2500\u2500\u2500 *\/\n.lk-stays-header {\n  position: relative;\n  padding: 24px 36px 24px;\n  background: linear-gradient(135deg, #c39f76 0%, #d4b188 60%, #c39f76 100%);\n  border-bottom: 1px solid rgba(255,255,255,.15);\n  display: flex;\n  align-items: center;\n  gap: 18px;\n}\n.lk-stays-header::before {\n  content: '';\n  position: absolute;\n  inset: 0;\n  background: url(\"data:image\/svg+xml,%3Csvg width='60' height='60' viewBox='0 0 60 60' xmlns='http:\/\/www.w3.org\/2000\/svg'%3E%3Cg fill='none' fill-rule='evenodd'%3E%3Cg fill='%23ffffff' fill-opacity='0.05'%3E%3Cpath d='M36 34v-4h-2v4h-4v2h4v4h2v-4h4v-2h-4zm0-30V0h-2v4h-4v2h4v4h2V6h4V4h-4zM6 34v-4H4v4H0v2h4v4h2v-4h4v-2H6zM6 4V0H4v4H0v2h4v4h2V6h4V4H6z'\/%3E%3C\/g%3E%3C\/g%3E%3C\/svg%3E\") repeat;\n  pointer-events: none;\n}\n.lk-stays-icon {\n  flex-shrink: 0;\n  width: 68px;\n  height: 68px;\n  border-radius: 14px;\n  background: linear-gradient(135deg, #fff 0%, #f9f6f0 100%);\n  display: flex;\n  align-items: center;\n  justify-content: center;\n  font-size: 26px;\n  box-shadow: 0 4px 12px rgba(0,0,0,0.15);\n}\n.lk-stays-eyebrow {\n  font-size: 10px;\n  font-weight: 500;\n  letter-spacing: 2.5px;\n  text-transform: uppercase;\n  color: rgba(255,255,255,.85);\n  margin: 0 0 5px 0;\n}\n.lk-stays-title {\n  font-family: 'Playfair Display', Georgia, serif;\n  font-size: 24px;\n  font-weight: 700;\n  color: #fff;\n  line-height: 1.2;\n  text-shadow: 0 1px 2px rgba(0,0,0,0.1);\n  margin: 0;\n}\n.lk-stays-subtitle {\n  font-size: 13px;\n  color: rgba(255,255,255,.75);\n  margin: 4px 0 0 0;\n  font-weight: 300;\n}\n\n\/* \u2500\u2500\u2500 CARDS GRID \u2500\u2500\u2500 *\/\n.lk-stays-grid {\n  display: grid;\n  grid-template-columns: 1fr 1fr;\n  gap: 1px;\n  background: rgba(195, 159, 118, 0.12);\n}\n\n\/* \u2500\u2500\u2500 SINGLE CARD \u2500\u2500\u2500 *\/\n.lk-stay-card {\n  background: #ffffff;\n  padding: 26px;\n  display: flex;\n  flex-direction: column;\n  gap: 11px;\n  transition: all 0.3s ease;\n  text-decoration: none;\n  color: inherit;\n  position: relative;\n}\n.lk-stay-card:hover {\n  background: #fffbf5;\n  transform: translateY(-2px);\n  box-shadow: 0 8px 24px rgba(195, 159, 118, 0.18);\n  z-index: 1;\n}\n.lk-stay-card.featured {\n  background: linear-gradient(135deg, #fffdf9 0%, #fff9f0 100%);\n  box-shadow: 0 4px 16px rgba(195, 159, 118, 0.15), inset 0 1px 0 rgba(195, 159, 118, 0.1);\n}\n.lk-stay-card.featured:hover {\n  background: linear-gradient(135deg, #fffbf5 0%, #fff8ed 100%);\n  box-shadow: 0 8px 24px rgba(195, 159, 118, 0.25), inset 0 1px 0 rgba(195, 159, 118, 0.15);\n}\n\n.lk-stay-badge {\n  display: inline-flex;\n  align-items: center;\n  gap: 5px;\n  font-size: 10px;\n  font-weight: 500;\n  letter-spacing: 1.5px;\n  text-transform: uppercase;\n  padding: 5px 11px;\n  border-radius: 20px;\n  width: fit-content;\n}\n.badge-top     { background: linear-gradient(135deg, #c39f76 0%, #d4b188 100%); color: #fff; border: 1px solid #c39f76; font-weight: 600; box-shadow: 0 2px 8px rgba(195,159,118,0.3); }\n.badge-luxury  { background: rgba(195,159,118,.12); color: #c39f76; border: 1px solid rgba(195,159,118,.25); }\n.badge-boutique{ background: rgba(54,133,252,.08); color: #3685fc; border: 1px solid rgba(54,133,252,.2); }\n.badge-nature  { background: rgba(130,190,100,.1); color: #6b9c4a; border: 1px solid rgba(130,190,100,.2); }\n.badge-remote  { background: rgba(195,159,118,.12); color: #a67e50; border: 1px solid rgba(195,159,118,.25); }\n\n.lk-stay-name {\n  font-family: 'Playfair Display', Georgia, serif;\n  font-size: 18px;\n  font-weight: 700;\n  color: #111827;\n  line-height: 1.3;\n}\n.lk-stay-desc {\n  font-size: 13.5px;\n  color: #525252;\n  line-height: 1.65;\n  font-weight: 300;\n  flex: 1;\n}\n\n.lk-stay-meta {\n  display: flex;\n  align-items: center;\n  gap: 12px;\n  flex-wrap: wrap;\n  margin-top: 4px;\n}\n.lk-stay-price {\n  font-size: 13px;\n  color: #6b7280;\n}\n.lk-stay-price strong {\n  color: #c39f76;\n  font-weight: 500;\n}\n.lk-stay-stars {\n  color: #c39f76;\n  font-size: 11px;\n  letter-spacing: 1px;\n}\n\n\/* \u2500\u2500\u2500 CTA BUTTON \u2500\u2500\u2500 *\/\n.lk-stay-cta {\n  display: inline-flex;\n  align-items: center;\n  justify-content: center;\n  gap: 7px;\n  margin-top: 8px;\n  padding: 11px 20px;\n  border-radius: 8px;\n  background: linear-gradient(135deg, #3685fc 0%, #2a6fd9 100%);\n  color: #fff;\n  font-size: 13px;\n  font-weight: 500;\n  text-decoration: none;\n  letter-spacing: .3px;\n  transition: all .2s ease;\n  cursor: pointer;\n  border: none;\n  text-align: center;\n  box-shadow: 0 4px 12px rgba(54, 133, 252, 0.25);\n}\n.lk-stay-cta:hover {\n  background: linear-gradient(135deg, #2a6fd9 0%, #1e5bc4 100%);\n  transform: translateY(-1px);\n  box-shadow: 0 6px 16px rgba(54, 133, 252, 0.35);\n}\n.lk-stay-cta svg { flex-shrink: 0; }\n\n\/* \u2500\u2500\u2500 FOOTER \u2500\u2500\u2500 *\/\n.lk-stays-footer {\n  padding: 18px 36px;\n  background: linear-gradient(to bottom, #fdfaf5 0%, #f9f4ed 100%);\n  border-top: 1px solid rgba(195, 159, 118, 0.15);\n  display: flex;\n  align-items: center;\n  justify-content: space-between;\n  flex-wrap: wrap;\n  gap: 12px;\n}\n.lk-stays-footer-note {\n  font-size: 11.5px;\n  color: #6b7280;\n  font-weight: 300;\n  line-height: 1.5;\n}\n.lk-stays-footer-note a {\n  color: #c39f76;\n  text-decoration: none;\n  font-weight: 400;\n}\n.lk-stays-footer-note a:hover {\n  text-decoration: underline;\n}\n.lk-stays-all-btn {\n  display: inline-flex;\n  align-items: center;\n  gap: 6px;\n  font-size: 12.5px;\n  font-weight: 500;\n  color: #c39f76;\n  text-decoration: none;\n  border: 1px solid rgba(195, 159, 118, 0.35);\n  padding: 8px 18px;\n  border-radius: 8px;\n  transition: all .2s ease;\n}\n.lk-stays-all-btn:hover {\n  background: rgba(195, 159, 118, 0.08);\n  border-color: rgba(195, 159, 118, 0.5);\n}\n\n\/* \u2500\u2500\u2500 RESPONSIVE \u2500\u2500\u2500 *\/\n@media (max-width: 600px) {\n  .lk-stays-grid { grid-template-columns: 1fr; }\n  .lk-stays-header { padding: 24px 20px; }\n  .lk-stays-footer { padding: 16px 20px; }\n  .lk-stay-card { padding: 22px; }\n  .lk-stays-title { font-size: 20px; }\n}\n<\/style>\n\n  <!-- HEADER -->\n  <div class=\"lk-stays-header\">\n    <img decoding=\"async\" src=\"https:\/\/loudavymkrokem.cz\/wp-content\/uploads\/2026\/02\/lukas-a-lucka.jpg\" alt=\"\" style=\"width: 75px; height: 75px; border-radius: 8px; flex-shrink: 0; object-fit: cover; display: block; margin: 4px 0;\" title=\"\">\n    <div class=\"lk-stays-header-text\">\n      <div class=\"lk-stays-eyebrow\">Luk\u00e1\u0161 ja Lucie suosittelevat<\/div>\n      <div class=\"lk-stays-title\">Miss\u00e4 y\u00f6py\u00e4 Strasbourgissa<\/div>\n      <div class=\"lk-stays-subtitle\">6 majoitusvaihtoehtoa \u2014 wellness-hotelleja, hotelleja ja muita majoitusmahdollisuuksia<\/div>\n    <\/div>\n  <\/div>\n\n  <!-- CARDS -->\n  <div class=\"lk-stays-grid\">\n\n    <a class=\"lk-stay-card featured\" href=\"https:\/\/www.stay22.com\/allez\/roam?aid=lukaskonecny&#038;campaign=loudavymkrokemcz&#038;campaign=fi&#038;campaign=kde-bydlet-ve-strasburku&#038;hotelname=Cour%20du%20Corbeau%20Hotel%20Strasbourg%20MGallery&#038;address=%C5%A0trasburk%2C%20Francie\" target=\"_blank\" rel=\"nofollow noopener\">\n      <span class=\"lk-stay-badge badge-top\">\u2b50 HUIPPUVALINTA<\/span>\n      <span class=\"lk-stay-badge badge-nature\">\u2b50 Luxury<\/span>\n      <div class=\"lk-stay-name\">Cour du Corbeau Hotel Strasbourg MGallery<\/div>\n      <div class=\"lk-stay-desc\">Luksuhotelli 1500-luvun rakennuksessa, jolla erinomainen arvio 4,8. Kaunis puinen parveke ja rauhallinen sis\u00e4piha. Vain muutaman minuutin p\u00e4\u00e4ss\u00e4 katedraalista.<\/div>\n      <div class=\"lk-stay-meta\">\n        <span class=\"lk-stay-stars\">\u2605\u2605\u2605\u2605<\/span>\n        <span class=\"lk-stay-price\">Tarkista hinnat<\/span>\n      <\/div>\n      <span class=\"lk-stay-cta\">\n        <svg width=\"14\" height=\"14\" viewBox=\"0 0 24 24\" fill=\"none\" stroke=\"currentColor\" stroke-width=\"2\"><path d=\"M18 13v6a2 2 0 0 1-2 2H5a2 2 0 0 1-2-2V8a2 2 0 0 1 2-2h6\"\/><polyline points=\"15 3 21 3 21 9\"\/><line x1=\"10\" y1=\"14\" x2=\"21\" y2=\"3\"\/><\/svg>\n        Tarkista saatavuus\n      <\/span>\n    <\/a>\n\n    <a class=\"lk-stay-card\" href=\"https:\/\/www.stay22.com\/allez\/roam?aid=lukaskonecny&#038;campaign=loudavymkrokemcz&#038;campaign=fi&#038;campaign=kde-bydlet-ve-strasburku&#038;hotelname=Les%20Haras%20H%C3%B4tel%20by%20Stay%20Collection&#038;address=%C5%A0trasburk%2C%20Francie\" target=\"_blank\" rel=\"nofollow noopener\">\n      <span class=\"lk-stay-badge badge-nature\">\ud83c\udfe8 Hotelli<\/span>\n      <div class=\"lk-stay-name\">Les Haras H\u00f4tel by Stay Collection<\/div>\n      <div class=\"lk-stay-desc\">Designhotelli entisess\u00e4 kuninkaallisessa ravitaloudessa 1700-luvulta. Kylpyl\u00e4hotelli altaalla ja arvostettu ravintola. Arvio 4,6.<\/div>\n      <div class=\"lk-stay-meta\">\n        <span class=\"lk-stay-stars\">\u2605\u2605\u2605\u2605<\/span>\n        <span class=\"lk-stay-price\">Tarkista hinnat<\/span>\n      <\/div>\n      <span class=\"lk-stay-cta\">\n        <svg width=\"14\" height=\"14\" viewBox=\"0 0 24 24\" fill=\"none\" stroke=\"currentColor\" stroke-width=\"2\"><path d=\"M18 13v6a2 2 0 0 1-2 2H5a2 2 0 0 1-2-2V8a2 2 0 0 1 2-2h6\"\/><polyline points=\"15 3 21 3 21 9\"\/><line x1=\"10\" y1=\"14\" x2=\"21\" y2=\"3\"\/><\/svg>\n        Tarkista saatavuus\n      <\/span>\n    <\/a>\n\n    <a class=\"lk-stay-card\" href=\"https:\/\/www.stay22.com\/allez\/roam?aid=lukaskonecny&#038;campaign=loudavymkrokemcz&#038;campaign=fi&#038;campaign=kde-bydlet-ve-strasburku&#038;hotelname=Maison%20Rouge%20Strasbourg%20Hotel%20%26%20Spa&#038;address=%C5%A0trasburk%2C%20Francie\" target=\"_blank\" rel=\"nofollow noopener\">\n      <span class=\"lk-stay-badge badge-nature\">\ud83c\udfe8 Hotelli<\/span>\n      <div class=\"lk-stay-name\">Maison Rouge Strasbourg Hotel &#038; Spa<\/div>\n      <div class=\"lk-stay-desc\">Klassinen hotelli vain muutaman askeleen p\u00e4\u00e4ss\u00e4 katedraalista. Aamiaissaali alkuper\u00e4isill\u00e4 freskoilla. Hotellin kylpyl\u00e4 ja wellness. Arvio 4,5.<\/div>\n      <div class=\"lk-stay-meta\">\n        <span class=\"lk-stay-stars\">\u2605\u2605\u2605\u2605<\/span>\n        <span class=\"lk-stay-price\">Tarkista hinnat<\/span>\n      <\/div>\n      <span class=\"lk-stay-cta\">\n        <svg width=\"14\" height=\"14\" viewBox=\"0 0 24 24\" fill=\"none\" stroke=\"currentColor\" stroke-width=\"2\"><path d=\"M18 13v6a2 2 0 0 1-2 2H5a2 2 0 0 1-2-2V8a2 2 0 0 1 2-2h6\"\/><polyline points=\"15 3 21 3 21 9\"\/><line x1=\"10\" y1=\"14\" x2=\"21\" y2=\"3\"\/><\/svg>\n        Tarkista saatavuus\n      <\/span>\n    <\/a>\n\n    <a class=\"lk-stay-card\" href=\"https:\/\/www.stay22.com\/allez\/roam?aid=lukaskonecny&#038;campaign=loudavymkrokemcz&#038;campaign=fi&#038;campaign=kde-bydlet-ve-strasburku&#038;hotelname=H%C3%B4tel%20Beaucour&#038;address=%C5%A0trasburk%2C%20Francie\" target=\"_blank\" rel=\"nofollow noopener\">\n      <span class=\"lk-stay-badge badge-nature\">\ud83c\udfe8 Hotelli<\/span>\n      <div class=\"lk-stay-name\">H\u00f4tel Beaucour<\/div>\n      <div class=\"lk-stay-desc\">Perinteinen ristikkorakenteinen talo vieh\u00e4tt\u00e4v\u00e4ll\u00e4 terassilla. Joissain huoneissa oma poreallas. Erinomainen hinta-tunnelma-suhde. Arvio 4,6.<\/div>\n      <div class=\"lk-stay-meta\">\n        <span class=\"lk-stay-stars\">\u2605\u2605\u2605\u2605<\/span>\n        <span class=\"lk-stay-price\">Tarkista hinnat<\/span>\n      <\/div>\n      <span class=\"lk-stay-cta\">\n        <svg width=\"14\" height=\"14\" viewBox=\"0 0 24 24\" fill=\"none\" stroke=\"currentColor\" stroke-width=\"2\"><path d=\"M18 13v6a2 2 0 0 1-2 2H5a2 2 0 0 1-2-2V8a2 2 0 0 1 2-2h6\"\/><polyline points=\"15 3 21 3 21 9\"\/><line x1=\"10\" y1=\"14\" x2=\"21\" y2=\"3\"\/><\/svg>\n        Tarkista saatavuus\n      <\/span>\n    <\/a>\n\n    <a class=\"lk-stay-card\" href=\"https:\/\/www.stay22.com\/allez\/roam?aid=lukaskonecny&#038;campaign=loudavymkrokemcz&#038;campaign=fi&#038;campaign=kde-bydlet-ve-strasburku&#038;hotelname=L%C3%89ONOR%20H%C3%B4tel%20by%20Stay%20Collection&#038;address=%C5%A0trasburk%2C%20Francie\" target=\"_blank\" rel=\"nofollow noopener\">\n      <span class=\"lk-stay-badge badge-nature\">\u2b50 Luxury<\/span>\n      <div class=\"lk-stay-name\">L\u00c9ONOR H\u00f4tel by Stay Collection<\/div>\n      <div class=\"lk-stay-desc\">Modernia design-luksusta historiallisessa rakennuksessa. Oma arvostettu konditoria ja ravintola. Arvio 4,7.<\/div>\n      <div class=\"lk-stay-meta\">\n        <span class=\"lk-stay-stars\">\u2605\u2605\u2605\u2605<\/span>\n        <span class=\"lk-stay-price\">Tarkista hinnat<\/span>\n      <\/div>\n      <span class=\"lk-stay-cta\">\n        <svg width=\"14\" height=\"14\" viewBox=\"0 0 24 24\" fill=\"none\" stroke=\"currentColor\" stroke-width=\"2\"><path d=\"M18 13v6a2 2 0 0 1-2 2H5a2 2 0 0 1-2-2V8a2 2 0 0 1 2-2h6\"\/><polyline points=\"15 3 21 3 21 9\"\/><line x1=\"10\" y1=\"14\" x2=\"21\" y2=\"3\"\/><\/svg>\n        Tarkista saatavuus\n      <\/span>\n    <\/a>\n\n    <a class=\"lk-stay-card\" href=\"https:\/\/www.stay22.com\/allez\/roam?aid=lukaskonecny&#038;campaign=loudavymkrokemcz&#038;campaign=fi&#038;campaign=kde-bydlet-ve-strasburku&#038;hotelname=Hotel%20Tandem&#038;address=%C5%A0trasburk%2C%20Francie\" target=\"_blank\" rel=\"nofollow noopener\">\n      <span class=\"lk-stay-badge badge-nature\">\ud83c\udfe8 Hotelli<\/span>\n      <div class=\"lk-stay-name\">Hotel Tandem<\/div>\n      <div class=\"lk-stay-desc\">Ekologinen boutique-hotelli rautatieaseman l\u00e4hell\u00e4. Viinibaari biodynaamisilla viineill\u00e4 ja py\u00f6r\u00e4vuokraamo. Arvio 4,7.<\/div>\n      <div class=\"lk-stay-meta\">\n        <span class=\"lk-stay-stars\">\u2605\u2605\u2605\u2605<\/span>\n        <span class=\"lk-stay-price\">Tarkista hinnat<\/span>\n      <\/div>\n      <span class=\"lk-stay-cta\">\n        <svg width=\"14\" height=\"14\" viewBox=\"0 0 24 24\" fill=\"none\" stroke=\"currentColor\" stroke-width=\"2\"><path d=\"M18 13v6a2 2 0 0 1-2 2H5a2 2 0 0 1-2-2V8a2 2 0 0 1 2-2h6\"\/><polyline points=\"15 3 21 3 21 9\"\/><line x1=\"10\" y1=\"14\" x2=\"21\" y2=\"3\"\/><\/svg>\n        Tarkista saatavuus\n      <\/span>\n    <\/a>\n\n  <\/div>\n\n  \n<\/div>\n\n\n\n\n<h3 class=\"wp-block-heading\"><span class=\"ez-toc-section\" id=\"10_Hannong_Hotel_Wine_Bar\"><\/span>10. Hannong H\u00f4tel &#038; Wine Bar<span class=\"ez-toc-section-end\"><\/span><\/h3>\n\n\n\n<p class=\"wp-block-paragraph\">T\u00e4m\u00e4 poikkeuksellisen tyylik\u00e4s <strong><a href=\"https:\/\/www.stay22.com\/allez\/roam?aid=lukaskonecny&#038;campaign=loudavymkrokemcz&#038;campaign=kde-bydlet-ve-strasburku&#038;hotelname=Hannong%20H%C3%B4tel%20%26%20Wine%20Bar&#038;address=%C5%A0trasburk%2C%20Francie\" target=\"_blank\" rel=\"noopener nofollow sponsored\">Hannong H\u00f4tel &#038; Wine Bar<\/a><\/strong> arvosanalla 4,5 ilahduttaa varmasti jokaista hyv\u00e4n juoman yst\u00e4v\u00e4\u00e4, sill\u00e4 sen <strong>syd\u00e4n on fantastinen viinibaari kauniilla kattoterassilla<\/strong>. Majoitus sijaitsee vain lyhyen k\u00e4velymatkan p\u00e4\u00e4ss\u00e4 suositusta Petite Francen kaupunginosasta ja tarjoaa <strong>loistavan, hyvin hienovaraisen sekoituksen modernia designia ja alkuper\u00e4isi\u00e4 historiallisia elementtej\u00e4<\/strong>.<\/p>\n\n\n\n<p class=\"wp-block-paragraph\">T\u00e4m\u00e4n hotellin suuri ylpeys on kaunis vintage-salonki valtavalla lasikatolla, jossa tarjoillaan joka aamu hyvin runsaita aamiaisia ja jossa <strong>voit p\u00e4iv\u00e4n aikana istuskella hyv\u00e4n kirjan ja lasillisen erinomaista alsacelaista viini\u00e4 kanssa<\/strong>. Itse huoneet ovat kauniin ilmavia, t\u00e4ydellisen puhtaita ja ylpeilev\u00e4t hyvin mukavilla s\u00e4ngyill\u00e4 laadukkailla petivaatteilla.<\/p>\n\n\n\n<p class=\"wp-block-paragraph\">Hotelli sijaitsee t\u00e4ydellisen k\u00e4velymatkan p\u00e4\u00e4ss\u00e4 sek\u00e4 rautatieasemalta ett\u00e4 itse keskustasta, joten et tarvitse mit\u00e4\u00e4n julkista liikennett\u00e4. Henkil\u00f6kunta neuvoo t\u00e4\u00e4ll\u00e4 valtavalla innolla vieraita, mit\u00e4 tietty\u00e4 viinitilaa l\u00e4hist\u00f6ll\u00e4 he eiv\u00e4t miss\u00e4\u00e4n tapauksessa saisi j\u00e4tt\u00e4\u00e4 v\u00e4liin.<\/p>\n\n\n\n<p class=\"wp-block-paragraph\">\ud83d\udca1 <strong>Vinkki:<\/strong> Varaa t\u00e4\u00e4lt\u00e4 huone, jos haluat t\u00e4ysin siemauksin <strong>nauttia huippulaadukkaiden paikallisviinien maistelusta suoraan hotellin mukavuudessa<\/strong> ja rakastat elegantteja, tuoreita design-ymp\u00e4rist\u00f6j\u00e4.<\/p>\n\n\n\n<figure data-wp-context=\"{&quot;imageId&quot;:&quot;6a9c4ed571d10&quot;}\" data-wp-interactive=\"core\/image\" data-wp-key=\"6a9c4ed571d10\" class=\"wp-block-image size-full wp-lightbox-container\"><img decoding=\"async\" width=\"1600\" height=\"1067\" data-wp-class--hide=\"state.isContentHidden\" data-wp-class--show=\"state.isContentVisible\" data-wp-init=\"callbacks.setButtonStyles\" data-wp-on--click=\"actions.showLightbox\" data-wp-on--load=\"callbacks.setButtonStyles\" data-wp-on--pointerdown=\"actions.preloadImage\" data-wp-on--pointerenter=\"actions.preloadImageWithDelay\" data-wp-on--pointerleave=\"actions.cancelPreload\" data-wp-on-window--resize=\"callbacks.setButtonStyles\" src=\"https:\/\/loudavymkrokem.cz\/wp-content\/uploads\/2026\/09\/h-tel-gutenberg.jpg\" alt=\"H\u00f4tel Gutenberg -hotelli\" class=\"wp-image-413085\" title=\"\" srcset=\"https:\/\/loudavymkrokem.cz\/wp-content\/uploads\/2026\/09\/h-tel-gutenberg.jpg 1600w, https:\/\/loudavymkrokem.cz\/wp-content\/uploads\/2026\/09\/h-tel-gutenberg-300x200.jpg 300w, https:\/\/loudavymkrokem.cz\/wp-content\/uploads\/2026\/09\/h-tel-gutenberg-700x467.jpg 700w, https:\/\/loudavymkrokem.cz\/wp-content\/uploads\/2026\/09\/h-tel-gutenberg-768x512.jpg 768w, https:\/\/loudavymkrokem.cz\/wp-content\/uploads\/2026\/09\/h-tel-gutenberg-1536x1024.jpg 1536w, https:\/\/loudavymkrokem.cz\/wp-content\/uploads\/2026\/09\/h-tel-gutenberg-696x464.jpg 696w, https:\/\/loudavymkrokem.cz\/wp-content\/uploads\/2026\/09\/h-tel-gutenberg-1392x928.jpg 1392w\" sizes=\"(max-width: 1600px) 100vw, 1600px\" \/><button\n\t\t\tclass=\"lightbox-trigger\"\n\t\t\ttype=\"button\"\n\t\t\taria-haspopup=\"dialog\"\n\t\t\tdata-wp-bind--aria-label=\"state.thisImage.triggerButtonAriaLabel\"\n\t\t\tdata-wp-init=\"callbacks.initTriggerButton\"\n\t\t\tdata-wp-on--click=\"actions.showLightbox\"\n\t\t\tdata-wp-style--right=\"state.thisImage.buttonRight\"\n\t\t\tdata-wp-style--top=\"state.thisImage.buttonTop\"\n\t\t>\n\t\t\t<svg xmlns=\"http:\/\/www.w3.org\/2000\/svg\" width=\"12\" height=\"12\" fill=\"none\" viewBox=\"0 0 12 12\">\n\t\t\t\t<path fill=\"#fff\" d=\"M2 0a2 2 0 0 0-2 2v2h1.5V2a.5.5 0 0 1 .5-.5h2V0H2Zm2 10.5H2a.5.5 0 0 1-.5-.5V8H0v2a2 2 0 0 0 2 2h2v-1.5ZM8 12v-1.5h2a.5.5 0 0 0 .5-.5V8H12v2a2 2 0 0 1-2 2H8Zm2-12a2 2 0 0 1 2 2v2h-1.5V2a.5.5 0 0 0-.5-.5H8V0h2Z\" \/>\n\t\t\t<\/svg>\n\t\t<\/button><figcaption class=\"wp-element-caption\">Kuva: H\u00f4tel Gutenberg \/ Google Maps<\/figcaption><\/figure>\n\n\n\n<h3 class=\"wp-block-heading\"><span class=\"ez-toc-section\" id=\"11_Hotel_Gutenberg\"><\/span>11. H\u00f4tel Gutenberg<span class=\"ez-toc-section-end\"><\/span><\/h3>\n\n\n\n<p class=\"wp-block-paragraph\">T\u00e4m\u00e4 hyvin miellytt\u00e4v\u00e4, pikemminkin pienempi <strong><a href=\"https:\/\/www.stay22.com\/allez\/roam?aid=lukaskonecny&#038;campaign=loudavymkrokemcz&#038;campaign=kde-bydlet-ve-strasburku&#038;hotelname=H%C3%B4tel%20Gutenberg&#038;address=%C5%A0trasburk%2C%20Francie\" target=\"_blank\" rel=\"noopener nofollow sponsored\">H\u00f4tel Gutenberg<\/a><\/strong> pit\u00e4\u00e4 yll\u00e4 vankkaa arvosanaa 4,5 ja sijaitsee strategisessa paikassa <strong>vain lyhyen matkan p\u00e4\u00e4ss\u00e4 p\u00e4\u00e4katedraalista ja Place Gutenbergin aukiosta<\/strong>. Se tarjoaa pikemminkin intiimimpi\u00e4 mutta sit\u00e4kin tyylikk\u00e4\u00e4mmin ja k\u00e4yt\u00e4nn\u00f6llisemmin sisustettuja huoneita, jotka <strong>tarjoavat kaiken tarvittavan modernin mukavuuden koko p\u00e4iv\u00e4n kaupunkitutkimuksiin<\/strong>.<\/p>\n\n\n\n<p class=\"wp-block-paragraph\">Se on yksinkertaisesti erinomainen valinta niille teist\u00e4, jotka haluavat majoittua aivan kaiken tapahtuman keskell\u00e4 mutta samalla <strong>etsiv\u00e4t hyv\u00e4\u00e4 ja kohtuullista hintaa sijainnista kalleimmalla Grande \u00cele -saarella<\/strong>. Joistakin huoneista avautuu lis\u00e4ksi kaunis n\u00e4kym\u00e4 suoraan katedraalin torniin, mik\u00e4 antaa majoitukselle upean tunnelman ja tunteen, ett\u00e4 olet todella Alsacen syd\u00e4mess\u00e4.<\/p>\n\n\n\n<p class=\"wp-block-paragraph\">Paikallinen henkil\u00f6kunta on kuuluisa suurimmasta avuliaisuudestaan ja neuvoo hyvin mielell\u00e4\u00e4n parhaiden l\u00e4hiravintoloiden varauksissa. Joka aamu tarjoillaan erinomainen mannermainen aamiainen tuoreilla mehuilla ja t\u00e4ydellisill\u00e4 ranskalaisilla leivonnaisilla paikallisilta leipureilta.<\/p>\n\n\n\n<p class=\"wp-block-paragraph\">\ud83d\udca1 <strong>Vinkki:<\/strong> Ihanteellinen kultainen keskitie matkaajille, jotka pit\u00e4v\u00e4t ehdottomasti kiinni <strong>majoituksesta historiallisella Grande \u00cele -saarella<\/strong>, mutta eiv\u00e4t v\u00e4ltt\u00e4m\u00e4tt\u00e4 tarvitse siihen viiden t\u00e4hden luksusta.<\/p>\n\n\n\n<figure data-wp-context=\"{&quot;imageId&quot;:&quot;6a9c4ed57237d&quot;}\" data-wp-interactive=\"core\/image\" data-wp-key=\"6a9c4ed57237d\" class=\"wp-block-image size-full wp-lightbox-container\"><img decoding=\"async\" width=\"1600\" height=\"1063\" data-wp-class--hide=\"state.isContentHidden\" data-wp-class--show=\"state.isContentVisible\" data-wp-init=\"callbacks.setButtonStyles\" data-wp-on--click=\"actions.showLightbox\" data-wp-on--load=\"callbacks.setButtonStyles\" data-wp-on--pointerdown=\"actions.preloadImage\" data-wp-on--pointerenter=\"actions.preloadImageWithDelay\" data-wp-on--pointerleave=\"actions.cancelPreload\" data-wp-on-window--resize=\"callbacks.setButtonStyles\" src=\"https:\/\/loudavymkrokem.cz\/wp-content\/uploads\/2026\/09\/h-tel-rohan-strasbourg.png\" alt=\"H\u00f4tel Rohan Strasbourg -hotelli\" class=\"wp-image-413091\" title=\"\" srcset=\"https:\/\/loudavymkrokem.cz\/wp-content\/uploads\/2026\/09\/h-tel-rohan-strasbourg.png 1600w, https:\/\/loudavymkrokem.cz\/wp-content\/uploads\/2026\/09\/h-tel-rohan-strasbourg-300x199.png 300w, https:\/\/loudavymkrokem.cz\/wp-content\/uploads\/2026\/09\/h-tel-rohan-strasbourg-700x465.png 700w, https:\/\/loudavymkrokem.cz\/wp-content\/uploads\/2026\/09\/h-tel-rohan-strasbourg-768x510.png 768w, https:\/\/loudavymkrokem.cz\/wp-content\/uploads\/2026\/09\/h-tel-rohan-strasbourg-1536x1020.png 1536w, https:\/\/loudavymkrokem.cz\/wp-content\/uploads\/2026\/09\/h-tel-rohan-strasbourg-696x462.png 696w, https:\/\/loudavymkrokem.cz\/wp-content\/uploads\/2026\/09\/h-tel-rohan-strasbourg-1392x925.png 1392w\" sizes=\"(max-width: 1600px) 100vw, 1600px\" \/><button\n\t\t\tclass=\"lightbox-trigger\"\n\t\t\ttype=\"button\"\n\t\t\taria-haspopup=\"dialog\"\n\t\t\tdata-wp-bind--aria-label=\"state.thisImage.triggerButtonAriaLabel\"\n\t\t\tdata-wp-init=\"callbacks.initTriggerButton\"\n\t\t\tdata-wp-on--click=\"actions.showLightbox\"\n\t\t\tdata-wp-style--right=\"state.thisImage.buttonRight\"\n\t\t\tdata-wp-style--top=\"state.thisImage.buttonTop\"\n\t\t>\n\t\t\t<svg xmlns=\"http:\/\/www.w3.org\/2000\/svg\" width=\"12\" height=\"12\" fill=\"none\" viewBox=\"0 0 12 12\">\n\t\t\t\t<path fill=\"#fff\" d=\"M2 0a2 2 0 0 0-2 2v2h1.5V2a.5.5 0 0 1 .5-.5h2V0H2Zm2 10.5H2a.5.5 0 0 1-.5-.5V8H0v2a2 2 0 0 0 2 2h2v-1.5ZM8 12v-1.5h2a.5.5 0 0 0 .5-.5V8H12v2a2 2 0 0 1-2 2H8Zm2-12a2 2 0 0 1 2 2v2h-1.5V2a.5.5 0 0 0-.5-.5H8V0h2Z\" \/>\n\t\t\t<\/svg>\n\t\t<\/button><figcaption class=\"wp-element-caption\">Kuva: H\u00f4tel Rohan Strasbourg \/ Google Maps<\/figcaption><\/figure>\n\n\n\n<h3 class=\"wp-block-heading\"><span class=\"ez-toc-section\" id=\"12_Hotel_Rohan_Strasbourg\"><\/span>12. H\u00f4tel Rohan Strasbourg<span class=\"ez-toc-section-end\"><\/span><\/h3>\n\n\n\n<p class=\"wp-block-paragraph\">Toinen loistava valinta suoraan mahtavan katedraalin naapurissa. T\u00e4m\u00e4 suosittu <strong><a href=\"https:\/\/www.stay22.com\/allez\/roam?aid=lukaskonecny&#038;campaign=loudavymkrokemcz&#038;campaign=kde-bydlet-ve-strasburku&#038;hotelname=H%C3%B4tel%20Rohan%20Strasbourg&#038;address=%C5%A0trasburk%2C%20Francie\" target=\"_blank\" rel=\"noopener nofollow sponsored\">H\u00f4tel Rohan Strasbourg<\/a><\/strong> arvosanalla 4,3 voi ylpeill\u00e4 <strong>hyvin yst\u00e4v\u00e4llisell\u00e4, perheenomaisella tunnelmalla ja klassisella, erehtym\u00e4tt\u00f6m\u00e4ll\u00e4 ranskalaisella charmilla<\/strong>. Huoneet ovat miellytt\u00e4v\u00e4n kodikkaita, usein romanttisilla n\u00e4kymill\u00e4 historiallisen keskustan vieh\u00e4tt\u00e4ville k\u00e4velykaduille, ja yll\u00e4tt\u00e4en <strong>ne tarjoavat t\u00e4ydellisen rauhan my\u00f6s vilkkaimpina kes\u00e4- ja talvikuukausina<\/strong>.<\/p>\n\n\n\n<p class=\"wp-block-paragraph\">T\u00e4m\u00e4n majoituksen valtava ja korvaamaton etu on <strong>oma laadukas alsacelainen ravintola<\/strong>, jossa voit mukavasti maistaa paikallisia erikoisuuksia ilman, ett\u00e4 sinun tarvitsee etsi\u00e4 vapaata p\u00f6yt\u00e4\u00e4 jostain muualta kaupungista, mik\u00e4 on erityisen k\u00e4tev\u00e4\u00e4 viikonloppuisin. Sijainti on niin keskeinen, ett\u00e4 voit palata t\u00e4nne t\u00e4ysin milloin tahansa p\u00e4iv\u00e4n aikana, j\u00e4tt\u00e4\u00e4 ostokset ja lev\u00e4t\u00e4 hetken.<\/p>\n\n\n\n<p class=\"wp-block-paragraph\">Sisustukset yhdist\u00e4v\u00e4t perinteisi\u00e4 ajanmukaisia elementtej\u00e4 moderneihin materiaaleihin, ja buffet-muotoinen aamiainen tarjoaa runsaasti paikallisia herkkuja paikallisilta tuottajilta. Henkil\u00f6kunta huolehtii t\u00e4\u00e4ll\u00e4 vieraista aidosti ja teeskentelem\u00e4tt\u00f6m\u00e4sti.<\/p>\n\n\n\n<p class=\"wp-block-paragraph\">\ud83d\udca1 <strong>Vinkki:<\/strong> Valitse t\u00e4m\u00e4 hotelli rauhassa, jos suurin prioriteettisi on <strong>majoittua vain muutaman kymmenen metrin p\u00e4\u00e4ss\u00e4 majesteettisesta Notre Damen katedraalista<\/strong> ja pit\u00e4\u00e4 laadukas paikallinen gastronomia jatkuvasti k\u00e4den ulottuvilla.<\/p>\n\n\n\n<figure data-wp-context=\"{&quot;imageId&quot;:&quot;6a9c4ed572a64&quot;}\" data-wp-interactive=\"core\/image\" data-wp-key=\"6a9c4ed572a64\" class=\"wp-block-image size-full wp-lightbox-container\"><img decoding=\"async\" width=\"1600\" height=\"1067\" data-wp-class--hide=\"state.isContentHidden\" data-wp-class--show=\"state.isContentVisible\" data-wp-init=\"callbacks.setButtonStyles\" data-wp-on--click=\"actions.showLightbox\" data-wp-on--load=\"callbacks.setButtonStyles\" data-wp-on--pointerdown=\"actions.preloadImage\" data-wp-on--pointerenter=\"actions.preloadImageWithDelay\" data-wp-on--pointerleave=\"actions.cancelPreload\" data-wp-on-window--resize=\"callbacks.setButtonStyles\" src=\"https:\/\/loudavymkrokem.cz\/wp-content\/uploads\/2026\/09\/hotel-de-l-europe-by-happyculture.jpg\" alt=\"Hotel de l&#039;Europe by HappyCulture -hotelli\" class=\"wp-image-413096\" title=\"\" srcset=\"https:\/\/loudavymkrokem.cz\/wp-content\/uploads\/2026\/09\/hotel-de-l-europe-by-happyculture.jpg 1600w, https:\/\/loudavymkrokem.cz\/wp-content\/uploads\/2026\/09\/hotel-de-l-europe-by-happyculture-300x200.jpg 300w, https:\/\/loudavymkrokem.cz\/wp-content\/uploads\/2026\/09\/hotel-de-l-europe-by-happyculture-700x467.jpg 700w, https:\/\/loudavymkrokem.cz\/wp-content\/uploads\/2026\/09\/hotel-de-l-europe-by-happyculture-768x512.jpg 768w, https:\/\/loudavymkrokem.cz\/wp-content\/uploads\/2026\/09\/hotel-de-l-europe-by-happyculture-1536x1024.jpg 1536w, https:\/\/loudavymkrokem.cz\/wp-content\/uploads\/2026\/09\/hotel-de-l-europe-by-happyculture-696x464.jpg 696w, https:\/\/loudavymkrokem.cz\/wp-content\/uploads\/2026\/09\/hotel-de-l-europe-by-happyculture-1392x928.jpg 1392w\" sizes=\"(max-width: 1600px) 100vw, 1600px\" \/><button\n\t\t\tclass=\"lightbox-trigger\"\n\t\t\ttype=\"button\"\n\t\t\taria-haspopup=\"dialog\"\n\t\t\tdata-wp-bind--aria-label=\"state.thisImage.triggerButtonAriaLabel\"\n\t\t\tdata-wp-init=\"callbacks.initTriggerButton\"\n\t\t\tdata-wp-on--click=\"actions.showLightbox\"\n\t\t\tdata-wp-style--right=\"state.thisImage.buttonRight\"\n\t\t\tdata-wp-style--top=\"state.thisImage.buttonTop\"\n\t\t>\n\t\t\t<svg xmlns=\"http:\/\/www.w3.org\/2000\/svg\" width=\"12\" height=\"12\" fill=\"none\" viewBox=\"0 0 12 12\">\n\t\t\t\t<path fill=\"#fff\" d=\"M2 0a2 2 0 0 0-2 2v2h1.5V2a.5.5 0 0 1 .5-.5h2V0H2Zm2 10.5H2a.5.5 0 0 1-.5-.5V8H0v2a2 2 0 0 0 2 2h2v-1.5ZM8 12v-1.5h2a.5.5 0 0 0 .5-.5V8H12v2a2 2 0 0 1-2 2H8Zm2-12a2 2 0 0 1 2 2v2h-1.5V2a.5.5 0 0 0-.5-.5H8V0h2Z\" \/>\n\t\t\t<\/svg>\n\t\t<\/button><figcaption class=\"wp-element-caption\">Kuva: Hotel de l&#8217;Europe by HappyCulture \/ Google Maps<\/figcaption><\/figure>\n\n\n\n<h3 class=\"wp-block-heading\"><span class=\"ez-toc-section\" id=\"13_Hotel_de_lEurope_by_HappyCulture\"><\/span>13. Hotel de l&#8217;Europe by HappyCulture<span class=\"ez-toc-section-end\"><\/span><\/h3>\n\n\n\n<p class=\"wp-block-paragraph\">Hyvin hyv\u00e4ll\u00e4 ja vakaalla arvosanalla 4,3 hotellikompleksi <strong><a href=\"https:\/\/www.stay22.com\/allez\/roam?aid=lukaskonecny&#038;campaign=loudavymkrokemcz&#038;campaign=kde-bydlet-ve-strasburku&#038;hotelname=Hotel%20de%20l%27Europe%20by%20HappyCulture&#038;address=%C5%A0trasburk%2C%20Francie\" target=\"_blank\" rel=\"noopener nofollow sponsored\">Hotel de l&#8217;Europe by HappyCulture<\/a><\/strong> tarjoaa eleganttteja ja tilavia huoneita t\u00e4ydennettyin\u00e4 kauniilla rustiikkisilla elementeill\u00e4, kuten esimerkiksi vanhoilla paljailla puupalkeilla katossa. Se sijaitsee rauhallisemmalla sivukadulla aivan suositun Petite Francen kaupunginosan vieress\u00e4, joten se <strong>sijaitsee kaupungin kaikkein vieh\u00e4tt\u00e4vimm\u00e4ss\u00e4 osassa mutta fiksusti hieman sivussa suurimmasta turistihumusta<\/strong>.<\/p>\n\n\n\n<p class=\"wp-block-paragraph\">Hotelliin kuuluu hyvin suosittu ja miellytt\u00e4v\u00e4 baari, jossa vieraat kokoontuvat mielell\u00e4\u00e4n iltaisin viinilasillisen \u00e4\u00e4reen, ja <strong>kokonaistunnelma vaikuttaa t\u00e4\u00e4ll\u00e4 hyvin rennolta, nuorekkaalta ja yst\u00e4v\u00e4lliselt\u00e4<\/strong>. Aamiaiset ovat t\u00e4\u00e4ll\u00e4 hyvin runsaita ja nautit erinomaisesta tuoreesta leivonnaisesta valituilta paikallisilta leipureilta sek\u00e4 laadukkaista juustoista.<\/p>\n\n\n\n<p class=\"wp-block-paragraph\">HappyCulture-ketjun konsepti huolehtii lis\u00e4ksi siit\u00e4, ett\u00e4 koko p\u00e4iv\u00e4n aulassa on k\u00e4ytett\u00e4viss\u00e4si kahvia, teet\u00e4 ja pient\u00e4 makeaa herkkua ilmaiseksi, mik\u00e4 on kaupunkik\u00e4velyn j\u00e4lkeen hyvin mukava yksityiskohta.<\/p>\n\n\n\n<p class=\"wp-block-paragraph\">\ud83d\udca1 <strong>Vinkki:<\/strong> Hyvin luotettava ja vakaa keskiluokan valinta, jos haluat <strong>kokea omakohtaisesti ristikkorakenteisten talojen tunnelman<\/strong>, mutta tarvitset samalla oleskeluusi modernit ja luotettavat puitteet.<\/p>\n\n\n\n<figure data-wp-context=\"{&quot;imageId&quot;:&quot;6a9c4ed5730df&quot;}\" data-wp-interactive=\"core\/image\" data-wp-key=\"6a9c4ed5730df\" class=\"wp-block-image size-full wp-lightbox-container\"><img decoding=\"async\" width=\"1600\" height=\"900\" data-wp-class--hide=\"state.isContentHidden\" data-wp-class--show=\"state.isContentVisible\" data-wp-init=\"callbacks.setButtonStyles\" data-wp-on--click=\"actions.showLightbox\" data-wp-on--load=\"callbacks.setButtonStyles\" data-wp-on--pointerdown=\"actions.preloadImage\" data-wp-on--pointerenter=\"actions.preloadImageWithDelay\" data-wp-on--pointerleave=\"actions.cancelPreload\" data-wp-on-window--resize=\"callbacks.setButtonStyles\" src=\"https:\/\/loudavymkrokem.cz\/wp-content\/uploads\/2026\/09\/logis-h-tel-au-cerf-d-or.jpg\" alt=\"Logis H\u00f4tel Au Cerf d&#039;Or -hotelli\" class=\"wp-image-413101\" title=\"\" srcset=\"https:\/\/loudavymkrokem.cz\/wp-content\/uploads\/2026\/09\/logis-h-tel-au-cerf-d-or.jpg 1600w, https:\/\/loudavymkrokem.cz\/wp-content\/uploads\/2026\/09\/logis-h-tel-au-cerf-d-or-300x169.jpg 300w, https:\/\/loudavymkrokem.cz\/wp-content\/uploads\/2026\/09\/logis-h-tel-au-cerf-d-or-700x394.jpg 700w, https:\/\/loudavymkrokem.cz\/wp-content\/uploads\/2026\/09\/logis-h-tel-au-cerf-d-or-768x432.jpg 768w, https:\/\/loudavymkrokem.cz\/wp-content\/uploads\/2026\/09\/logis-h-tel-au-cerf-d-or-1536x864.jpg 1536w, https:\/\/loudavymkrokem.cz\/wp-content\/uploads\/2026\/09\/logis-h-tel-au-cerf-d-or-696x392.jpg 696w, https:\/\/loudavymkrokem.cz\/wp-content\/uploads\/2026\/09\/logis-h-tel-au-cerf-d-or-1392x783.jpg 1392w\" sizes=\"(max-width: 1600px) 100vw, 1600px\" \/><button\n\t\t\tclass=\"lightbox-trigger\"\n\t\t\ttype=\"button\"\n\t\t\taria-haspopup=\"dialog\"\n\t\t\tdata-wp-bind--aria-label=\"state.thisImage.triggerButtonAriaLabel\"\n\t\t\tdata-wp-init=\"callbacks.initTriggerButton\"\n\t\t\tdata-wp-on--click=\"actions.showLightbox\"\n\t\t\tdata-wp-style--right=\"state.thisImage.buttonRight\"\n\t\t\tdata-wp-style--top=\"state.thisImage.buttonTop\"\n\t\t>\n\t\t\t<svg xmlns=\"http:\/\/www.w3.org\/2000\/svg\" width=\"12\" height=\"12\" fill=\"none\" viewBox=\"0 0 12 12\">\n\t\t\t\t<path fill=\"#fff\" d=\"M2 0a2 2 0 0 0-2 2v2h1.5V2a.5.5 0 0 1 .5-.5h2V0H2Zm2 10.5H2a.5.5 0 0 1-.5-.5V8H0v2a2 2 0 0 0 2 2h2v-1.5ZM8 12v-1.5h2a.5.5 0 0 0 .5-.5V8H12v2a2 2 0 0 1-2 2H8Zm2-12a2 2 0 0 1 2 2v2h-1.5V2a.5.5 0 0 0-.5-.5H8V0h2Z\" \/>\n\t\t\t<\/svg>\n\t\t<\/button><figcaption class=\"wp-element-caption\">Kuva: Logis H\u00f4tel Au Cerf d&#8217;Or \/ Google Maps<\/figcaption><\/figure>\n\n\n\n<h3 class=\"wp-block-heading\"><span class=\"ez-toc-section\" id=\"14_Logis_Hotel_Au_Cerf_dOr\"><\/span>14. Logis H\u00f4tel Au Cerf d&#8217;Or<span class=\"ez-toc-section-end\"><\/span><\/h3>\n\n\n\n<p class=\"wp-block-paragraph\">T\u00e4m\u00e4 lumoava historiallinen jalokivi <strong><a href=\"https:\/\/www.stay22.com\/allez\/roam?aid=lukaskonecny&#038;campaign=loudavymkrokemcz&#038;campaign=kde-bydlet-ve-strasburku&#038;hotelname=Logis%20H%C3%B4tel%20Au%20Cerf%20d%27Or&#038;address=%C5%A0trasburk%2C%20Francie\" target=\"_blank\" rel=\"noopener nofollow sponsored\">Logis H\u00f4tel Au Cerf d&#8217;Or<\/a><\/strong> arvosanalla 4,3 sijaitsee <strong>kauniisti kunnostetussa perinteisess\u00e4 1400-luvun talossa<\/strong> ja vie sinut heti ovella menneisyyteen. Ikivanha puuvuoraus, perinteinen l\u00e4mmin alsacelainen tyyli ja uskomattoman yst\u00e4v\u00e4llinen perheenomainen henkil\u00f6kunta <strong>tekev\u00e4t t\u00e4st\u00e4 majoituksesta paikan, jolla on todellinen sielu<\/strong>, jota muistelet viel\u00e4 pitk\u00e4\u00e4n.<\/p>\n\n\n\n<p class=\"wp-block-paragraph\">Kuuluisan ja erinomaisen perinteisen ravintolan lis\u00e4ksi t\u00e4m\u00e4 hotelli yll\u00e4tt\u00e4\u00e4 sinut my\u00f6s <strong>upealla modernilla kylpyl\u00e4keskuksella l\u00e4mmitetyll\u00e4 sis\u00e4uima-altaalla<\/strong>, mik\u00e4 on itse kaupungin historiallisessa ytimess\u00e4 valtava harvinaisuus. Voit siis yhdist\u00e4\u00e4 p\u00e4iv\u00e4ll\u00e4 n\u00e4ht\u00e4vyyksien tutkimisen t\u00e4ysipainoiseen iltalepoon saunassa ja porealtaassa.<\/p>\n\n\n\n<p class=\"wp-block-paragraph\">Huoneet ovat t\u00e4\u00e4ll\u00e4 pikemminkin pienempi\u00e4 mutta uskomattoman kodikkaita ja t\u00e4ynn\u00e4 historiallisia yksityiskohtia, jotka henkiv\u00e4t sinuun oikeanlaista ranskalaista romantiikkaa. Aamiaiset tarjoillaan t\u00e4\u00e4ll\u00e4 fantastisessa puisessa salongissa, ja ne tarjoavat parasta paikallisista tuotteista.<\/p>\n\n\n\n<p class=\"wp-block-paragraph\">\ud83d\udca1 <strong>Vinkki:<\/strong> Suosittelen t\u00e4t\u00e4 hotellia l\u00e4mpim\u00e4sti kaikille, jotka <strong>rakastavat autenttisia historiallisia rakennuksia vahvalla tarinalla<\/strong> ja arvostavat samalla suuresti mahdollisuutta uida altaassa vaativan katup\u00e4iv\u00e4n j\u00e4lkeen.<\/p>\n\n\n\n<figure data-wp-context=\"{&quot;imageId&quot;:&quot;6a9c4ed573777&quot;}\" data-wp-interactive=\"core\/image\" data-wp-key=\"6a9c4ed573777\" class=\"wp-block-image size-full wp-lightbox-container\"><img decoding=\"async\" width=\"1024\" height=\"683\" data-wp-class--hide=\"state.isContentHidden\" data-wp-class--show=\"state.isContentVisible\" data-wp-init=\"callbacks.setButtonStyles\" data-wp-on--click=\"actions.showLightbox\" data-wp-on--load=\"callbacks.setButtonStyles\" data-wp-on--pointerdown=\"actions.preloadImage\" data-wp-on--pointerenter=\"actions.preloadImageWithDelay\" data-wp-on--pointerleave=\"actions.cancelPreload\" data-wp-on-window--resize=\"callbacks.setButtonStyles\" src=\"https:\/\/loudavymkrokem.cz\/wp-content\/uploads\/2026\/09\/best-western-plus-h-tel-monopole-m-tropole.jpg\" alt=\"Best Western Plus H\u00f4tel Monopole M\u00e9tropole -hotelli\" class=\"wp-image-413105\" title=\"\" srcset=\"https:\/\/loudavymkrokem.cz\/wp-content\/uploads\/2026\/09\/best-western-plus-h-tel-monopole-m-tropole.jpg 1024w, https:\/\/loudavymkrokem.cz\/wp-content\/uploads\/2026\/09\/best-western-plus-h-tel-monopole-m-tropole-300x200.jpg 300w, https:\/\/loudavymkrokem.cz\/wp-content\/uploads\/2026\/09\/best-western-plus-h-tel-monopole-m-tropole-700x467.jpg 700w, https:\/\/loudavymkrokem.cz\/wp-content\/uploads\/2026\/09\/best-western-plus-h-tel-monopole-m-tropole-768x512.jpg 768w, https:\/\/loudavymkrokem.cz\/wp-content\/uploads\/2026\/09\/best-western-plus-h-tel-monopole-m-tropole-696x464.jpg 696w\" sizes=\"(max-width: 1024px) 100vw, 1024px\" \/><button\n\t\t\tclass=\"lightbox-trigger\"\n\t\t\ttype=\"button\"\n\t\t\taria-haspopup=\"dialog\"\n\t\t\tdata-wp-bind--aria-label=\"state.thisImage.triggerButtonAriaLabel\"\n\t\t\tdata-wp-init=\"callbacks.initTriggerButton\"\n\t\t\tdata-wp-on--click=\"actions.showLightbox\"\n\t\t\tdata-wp-style--right=\"state.thisImage.buttonRight\"\n\t\t\tdata-wp-style--top=\"state.thisImage.buttonTop\"\n\t\t>\n\t\t\t<svg xmlns=\"http:\/\/www.w3.org\/2000\/svg\" width=\"12\" height=\"12\" fill=\"none\" viewBox=\"0 0 12 12\">\n\t\t\t\t<path fill=\"#fff\" d=\"M2 0a2 2 0 0 0-2 2v2h1.5V2a.5.5 0 0 1 .5-.5h2V0H2Zm2 10.5H2a.5.5 0 0 1-.5-.5V8H0v2a2 2 0 0 0 2 2h2v-1.5ZM8 12v-1.5h2a.5.5 0 0 0 .5-.5V8H12v2a2 2 0 0 1-2 2H8Zm2-12a2 2 0 0 1 2 2v2h-1.5V2a.5.5 0 0 0-.5-.5H8V0h2Z\" \/>\n\t\t\t<\/svg>\n\t\t<\/button><figcaption class=\"wp-element-caption\">Kuva: Best Western Plus H\u00f4tel Monopole M\u00e9tropole \/ Google Maps<\/figcaption><\/figure>\n\n\n\n<h3 class=\"wp-block-heading\"><span class=\"ez-toc-section\" id=\"15_Best_Western_Plus_Hotel_Monopole_Metropole\"><\/span>15. Best Western Plus H\u00f4tel Monopole M\u00e9tropole<span class=\"ez-toc-section-end\"><\/span><\/h3>\n\n\n\n<p class=\"wp-block-paragraph\">Jos etsit sataprosenttista luotettavuutta erinomaisella arvosanalla 4,5 aivan p\u00e4\u00e4rautatieaseman l\u00e4heisyydess\u00e4, <strong><a href=\"https:\/\/www.stay22.com\/allez\/roam?aid=lukaskonecny&#038;campaign=loudavymkrokemcz&#038;campaign=kde-bydlet-ve-strasburku&#038;hotelname=Best%20Western%20Plus%20H%C3%B4tel%20Monopole%20M%C3%A9tropole&#038;address=%C5%A0trasburk%2C%20Francie\" target=\"_blank\" rel=\"noopener nofollow sponsored\">Best Western Plus H\u00f4tel Monopole M\u00e9tropole<\/a><\/strong> on varma valinta hintaluokassaan. Hotelli pit\u00e4\u00e4 tosin yll\u00e4 suuren ketjun korkeaa, ennakoitavaa standardia, mutta samalla <strong>se tarjoaa ainutlaatuisen, omintakeisen luonteen kauniin cocktail-salongin<\/strong> ansiosta takan kera ja lukuisin sisustukseen sijoitetuin taideteoksin.<\/p>\n\n\n\n<p class=\"wp-block-paragraph\">Kaikilla vierailla on t\u00e4\u00e4ll\u00e4 k\u00e4ytett\u00e4viss\u00e4\u00e4n hyvin varusteltu moderni kuntosali ja ennen kaikkea <strong>poikkeuksellisen tilavat, t\u00e4ydellisen puhtaat huoneet kaikkein mukavimmilla s\u00e4ngyill\u00e4<\/strong>. Itse historialliseen keskustaan ja joen haaroihin p\u00e4\u00e4set t\u00e4\u00e4lt\u00e4 mukavalla, suoralla k\u00e4velyll\u00e4 alle kymmeness\u00e4 minuutissa, mik\u00e4 tekee siit\u00e4 loistavan ja k\u00e4yt\u00e4nn\u00f6llisen tukikohdan oleskelullesi.<\/p>\n\n\n\n<p class=\"wp-block-paragraph\">Runsas aamiainen tarjoaa valtavan valikoiman kaikkea tuoreesta hedelm\u00e4st\u00e4 kananmuniin ja paikallisiin juustoihin. Vastaanoton henkil\u00f6kunta toimii kiitett\u00e4v\u00e4sti ja hankkii sinulle aina auliisti karttoja, retkivinkkej\u00e4 tai liikennelippuja.<\/p>\n\n\n\n<p class=\"wp-block-paragraph\">\ud83d\udca1 <strong>Vinkki:<\/strong> T\u00e4ydellinen valinta niille teist\u00e4, jotka <strong>haluavat hyvin kohtuullisen hinnan, taatun korkean laadun ja erinomaiset kulkuyhteydet<\/strong> sek\u00e4 junayhteyksiin ett\u00e4 keskustan t\u00e4rkeimpiin n\u00e4ht\u00e4vyyksiin.<\/p>\n\n\n\n<figure data-wp-context=\"{&quot;imageId&quot;:&quot;6a9c4ed573e6b&quot;}\" data-wp-interactive=\"core\/image\" data-wp-key=\"6a9c4ed573e6b\" class=\"wp-block-image size-full wp-lightbox-container\"><img decoding=\"async\" width=\"1600\" height=\"900\" data-wp-class--hide=\"state.isContentHidden\" data-wp-class--show=\"state.isContentVisible\" data-wp-init=\"callbacks.setButtonStyles\" data-wp-on--click=\"actions.showLightbox\" data-wp-on--load=\"callbacks.setButtonStyles\" data-wp-on--pointerdown=\"actions.preloadImage\" data-wp-on--pointerenter=\"actions.preloadImageWithDelay\" data-wp-on--pointerleave=\"actions.cancelPreload\" data-wp-on-window--resize=\"callbacks.setButtonStyles\" src=\"https:\/\/loudavymkrokem.cz\/wp-content\/uploads\/2026\/09\/h-tel-arok.jpg\" alt=\"H\u00f4tel Arok -hotelli\" class=\"wp-image-413109\" title=\"\" srcset=\"https:\/\/loudavymkrokem.cz\/wp-content\/uploads\/2026\/09\/h-tel-arok.jpg 1600w, https:\/\/loudavymkrokem.cz\/wp-content\/uploads\/2026\/09\/h-tel-arok-300x169.jpg 300w, https:\/\/loudavymkrokem.cz\/wp-content\/uploads\/2026\/09\/h-tel-arok-700x394.jpg 700w, https:\/\/loudavymkrokem.cz\/wp-content\/uploads\/2026\/09\/h-tel-arok-768x432.jpg 768w, https:\/\/loudavymkrokem.cz\/wp-content\/uploads\/2026\/09\/h-tel-arok-1536x864.jpg 1536w, https:\/\/loudavymkrokem.cz\/wp-content\/uploads\/2026\/09\/h-tel-arok-696x392.jpg 696w, https:\/\/loudavymkrokem.cz\/wp-content\/uploads\/2026\/09\/h-tel-arok-1392x783.jpg 1392w\" sizes=\"(max-width: 1600px) 100vw, 1600px\" \/><button\n\t\t\tclass=\"lightbox-trigger\"\n\t\t\ttype=\"button\"\n\t\t\taria-haspopup=\"dialog\"\n\t\t\tdata-wp-bind--aria-label=\"state.thisImage.triggerButtonAriaLabel\"\n\t\t\tdata-wp-init=\"callbacks.initTriggerButton\"\n\t\t\tdata-wp-on--click=\"actions.showLightbox\"\n\t\t\tdata-wp-style--right=\"state.thisImage.buttonRight\"\n\t\t\tdata-wp-style--top=\"state.thisImage.buttonTop\"\n\t\t>\n\t\t\t<svg xmlns=\"http:\/\/www.w3.org\/2000\/svg\" width=\"12\" height=\"12\" fill=\"none\" viewBox=\"0 0 12 12\">\n\t\t\t\t<path fill=\"#fff\" d=\"M2 0a2 2 0 0 0-2 2v2h1.5V2a.5.5 0 0 1 .5-.5h2V0H2Zm2 10.5H2a.5.5 0 0 1-.5-.5V8H0v2a2 2 0 0 0 2 2h2v-1.5ZM8 12v-1.5h2a.5.5 0 0 0 .5-.5V8H12v2a2 2 0 0 1-2 2H8Zm2-12a2 2 0 0 1 2 2v2h-1.5V2a.5.5 0 0 0-.5-.5H8V0h2Z\" \/>\n\t\t\t<\/svg>\n\t\t<\/button><figcaption class=\"wp-element-caption\">Kuva: Guenter Ditzel \/ Google Maps<\/figcaption><\/figure>\n\n\n\n<h3 class=\"wp-block-heading\"><span class=\"ez-toc-section\" id=\"16_Hotel_Arok\"><\/span>16. H\u00f4tel Arok<span class=\"ez-toc-section-end\"><\/span><\/h3>\n\n\n\n<p class=\"wp-block-paragraph\">T\u00e4m\u00e4 hyvin tyylik\u00e4s <strong><a href=\"https:\/\/www.stay22.com\/allez\/roam?aid=lukaskonecny&#038;campaign=loudavymkrokemcz&#038;campaign=kde-bydlet-ve-strasburku&#038;hotelname=H%C3%B4tel%20Arok&#038;address=%C5%A0trasburk%2C%20Francie\" target=\"_blank\" rel=\"noopener nofollow sponsored\">H\u00f4tel Arok<\/a><\/strong> p\u00e4\u00e4rautatieaseman luona upealla arvosanalla 4,6 t\u00e4ht\u00e4\u00e4 ennen kaikkea nuorempiin matkaajiin ja digitaalisiin nomadeihin. Heti tullessasi sinua <strong>kiehtoo sen ep\u00e4sovinnainen, leikkis\u00e4 ja hyvin v\u00e4rik\u00e4s design<\/strong>, joka kulkee l\u00e4pi koko rakennuksen. Jo sis\u00e4\u00e4ntuloaulasta l\u00f6yd\u00e4t <strong>kauniin kirjaston ja tilavan taidesalongin baarilla<\/strong>, joka p\u00e4ivisin toimii \u00e4\u00e4rimm\u00e4isen miellytt\u00e4v\u00e4n\u00e4 coworking-tilana niille, joiden t\u00e4ytyy hetkeksi avata kannettava.<\/p>\n\n\n\n<p class=\"wp-block-paragraph\">Itse huoneet ovat tosin kooltaan hieman pienempi\u00e4, mutta sit\u00e4kin fiksummin ja k\u00e4yt\u00e4nn\u00f6llisemmin sisustettuja, t\u00e4ydellisen puhtaita ja <strong>niist\u00e4 ei puutu mit\u00e4\u00e4n modernia teknologiaa<\/strong>, jota mukavaan oleskeluun tarvitset. Kaikkien vieraiden k\u00e4ytett\u00e4viss\u00e4 on my\u00f6s pienempi mutta loistavasti varusteltu kuntosali aamuvenyttelyyn. Buffet-muotoinen aamiainen tarjoaa runsaasti terveellisi\u00e4, tuoreita vaihtoehtoja mukaan lukien loistava t\u00e4ysjyv\u00e4leivonnainen ja paikalliset juustot.<\/p>\n\n\n\n<p class=\"wp-block-paragraph\">Sijainti suoraan aseman luona tarkoittaa, ett\u00e4 heit\u00e4t junasta suoraan matkalaukut huoneeseen, kymmenen minuutin p\u00e4\u00e4st\u00e4 ihailet k\u00e4vellen historiallista ydint\u00e4 ja raitiovaunupys\u00e4kki suoraan hotellin edess\u00e4 vie sinut ongelmitta muuhun kaupunkiin.<\/p>\n\n\n\n<p class=\"wp-block-paragraph\">\ud83d\udca1 <strong>Vinkki:<\/strong> Arok on yksinkertaisesti loistava pareille ja yksin matkustaville, jotka suosivat <strong>ep\u00e4muodollista, hyvin modernia tunnelmaa<\/strong> ja haluavat majoittua tyylikk\u00e4\u00e4ss\u00e4 ymp\u00e4rist\u00f6ss\u00e4 aivan rautatieaseman l\u00e4heisyydess\u00e4.<\/p>\n\n\n\n<figure data-wp-context=\"{&quot;imageId&quot;:&quot;6a9c4ed5743a7&quot;}\" data-wp-interactive=\"core\/image\" data-wp-key=\"6a9c4ed5743a7\" class=\"wp-block-image size-full wp-lightbox-container\"><img decoding=\"async\" width=\"1592\" height=\"1063\" data-wp-class--hide=\"state.isContentHidden\" data-wp-class--show=\"state.isContentVisible\" data-wp-init=\"callbacks.setButtonStyles\" data-wp-on--click=\"actions.showLightbox\" data-wp-on--load=\"callbacks.setButtonStyles\" data-wp-on--pointerdown=\"actions.preloadImage\" data-wp-on--pointerenter=\"actions.preloadImageWithDelay\" data-wp-on--pointerleave=\"actions.cancelPreload\" data-wp-on-window--resize=\"callbacks.setButtonStyles\" src=\"https:\/\/loudavymkrokem.cz\/wp-content\/uploads\/2026\/09\/ciarus.jpg\" alt=\"Ciarus-hostelli\" class=\"wp-image-413113\" title=\"\" srcset=\"https:\/\/loudavymkrokem.cz\/wp-content\/uploads\/2026\/09\/ciarus.jpg 1592w, https:\/\/loudavymkrokem.cz\/wp-content\/uploads\/2026\/09\/ciarus-300x200.jpg 300w, https:\/\/loudavymkrokem.cz\/wp-content\/uploads\/2026\/09\/ciarus-700x467.jpg 700w, https:\/\/loudavymkrokem.cz\/wp-content\/uploads\/2026\/09\/ciarus-768x513.jpg 768w, https:\/\/loudavymkrokem.cz\/wp-content\/uploads\/2026\/09\/ciarus-1536x1026.jpg 1536w, https:\/\/loudavymkrokem.cz\/wp-content\/uploads\/2026\/09\/ciarus-696x465.jpg 696w, https:\/\/loudavymkrokem.cz\/wp-content\/uploads\/2026\/09\/ciarus-1392x929.jpg 1392w\" sizes=\"(max-width: 1592px) 100vw, 1592px\" \/><button\n\t\t\tclass=\"lightbox-trigger\"\n\t\t\ttype=\"button\"\n\t\t\taria-haspopup=\"dialog\"\n\t\t\tdata-wp-bind--aria-label=\"state.thisImage.triggerButtonAriaLabel\"\n\t\t\tdata-wp-init=\"callbacks.initTriggerButton\"\n\t\t\tdata-wp-on--click=\"actions.showLightbox\"\n\t\t\tdata-wp-style--right=\"state.thisImage.buttonRight\"\n\t\t\tdata-wp-style--top=\"state.thisImage.buttonTop\"\n\t\t>\n\t\t\t<svg xmlns=\"http:\/\/www.w3.org\/2000\/svg\" width=\"12\" height=\"12\" fill=\"none\" viewBox=\"0 0 12 12\">\n\t\t\t\t<path fill=\"#fff\" d=\"M2 0a2 2 0 0 0-2 2v2h1.5V2a.5.5 0 0 1 .5-.5h2V0H2Zm2 10.5H2a.5.5 0 0 1-.5-.5V8H0v2a2 2 0 0 0 2 2h2v-1.5ZM8 12v-1.5h2a.5.5 0 0 0 .5-.5V8H12v2a2 2 0 0 1-2 2H8Zm2-12a2 2 0 0 1 2 2v2h-1.5V2a.5.5 0 0 0-.5-.5H8V0h2Z\" \/>\n\t\t\t<\/svg>\n\t\t<\/button><figcaption class=\"wp-element-caption\">Kuva: Ciarus \/ Google Maps<\/figcaption><\/figure>\n\n\n\n<h3 class=\"wp-block-heading\"><span class=\"ez-toc-section\" id=\"17_Ciarus\"><\/span>17. Ciarus<span class=\"ez-toc-section-end\"><\/span><\/h3>\n\n\n\n<p class=\"wp-block-paragraph\">T\u00e4m\u00e4 legendaarinen strasbourgilainen hostelli <strong><a href=\"https:\/\/www.stay22.com\/allez\/roam?aid=lukaskonecny&#038;campaign=loudavymkrokemcz&#038;campaign=kde-bydlet-ve-strasburku&#038;hotelname=Ciarus&#038;address=%C5%A0trasburk%2C%20Francie\" target=\"_blank\" rel=\"noopener nofollow sponsored\">Ciarus<\/a><\/strong> vankalla arvosanalla 4,0 on selke\u00e4 todiste siit\u00e4, ett\u00e4 <strong>my\u00f6s pienemm\u00e4ll\u00e4 budjetilla matkustaminen voi t\u00e4ss\u00e4 kalliissa kaupungissa olla hyvin mukavaa ja tyylik\u00e4st\u00e4<\/strong>. Se tarjoaa nimitt\u00e4in klassisten siistien monen hengen jaettujen huoneiden lis\u00e4ksi my\u00f6s kauniita, modernisti sisustettuja yksityishuoneita omalla kylpyhuoneella yll\u00e4tt\u00e4v\u00e4n korkealla standardilla. Se tyydytt\u00e4\u00e4 siis t\u00e4ysin ongelmitta my\u00f6s paljon vaativammat reppumatkailijat ja parit, jotka haluavat s\u00e4\u00e4st\u00e4\u00e4 majoituksessa.<\/p>\n\n\n\n<p class=\"wp-block-paragraph\">Se sijaitsee hyvin mukavan k\u00e4velymatkan p\u00e4\u00e4ss\u00e4 historiallisesta keskustasta, ja <strong>t\u00e4\u00e4ll\u00e4 toimii loistava itsepalveluruokala ja iltabaari<\/strong>, jossa tutustut \u00e4\u00e4rimm\u00e4isen helposti muihin samanhenkisiin matkaajiin ymp\u00e4ri maailmaa. K\u00e4ytett\u00e4viss\u00e4 on my\u00f6s tilavia oleskelutiloja biljardilla ja ulkoterassi, joka kes\u00e4kuukausina suorastaan houkuttelee iltaistuskeluun.<\/p>\n\n\n\n<p class=\"wp-block-paragraph\">Se on yksinkertaisesti ihanteellinen valinta niille, jotka eiv\u00e4t tarvitse hotelliluksusta mutta vaativat moitteetonta puhtautta, luotettavaa wifi\u00e4 ja yst\u00e4v\u00e4llist\u00e4 kansainv\u00e4list\u00e4 ymp\u00e4rist\u00f6\u00e4, ja nonstop-vastaanotto henkil\u00f6kunnalla, joka on valmis neuvomaan retkien kanssa, vain viimeistelee kokonaisuuden.<\/p>\n\n\n\n<p class=\"wp-block-paragraph\">\ud83d\udca1 <strong>Vinkki:<\/strong> Jos etsit <strong>ehdottomasti alhaisinta mahdollista budjettia mukavan k\u00e4velymatkan p\u00e4\u00e4ss\u00e4 keskustasta<\/strong>, t\u00e4m\u00e4 moderni hostelli loistavine puitteineen ei varmasti pet\u00e4 sinua.<\/p>\n\n\n\n<figure data-wp-context=\"{&quot;imageId&quot;:&quot;6a9c4ed574b6f&quot;}\" data-wp-interactive=\"core\/image\" data-wp-key=\"6a9c4ed574b6f\" class=\"wp-block-image size-full wp-lightbox-container\"><img decoding=\"async\" width=\"1600\" height=\"858\" data-wp-class--hide=\"state.isContentHidden\" data-wp-class--show=\"state.isContentVisible\" data-wp-init=\"callbacks.setButtonStyles\" data-wp-on--click=\"actions.showLightbox\" data-wp-on--load=\"callbacks.setButtonStyles\" data-wp-on--pointerdown=\"actions.preloadImage\" data-wp-on--pointerenter=\"actions.preloadImageWithDelay\" data-wp-on--pointerleave=\"actions.cancelPreload\" data-wp-on-window--resize=\"callbacks.setButtonStyles\" src=\"https:\/\/loudavymkrokem.cz\/wp-content\/uploads\/2026\/09\/ch-teau-de-pourtal-s.jpg\" alt=\"Ch\u00e2teau de Pourtal\u00e8s -hotelli\" class=\"wp-image-413119\" title=\"\" srcset=\"https:\/\/loudavymkrokem.cz\/wp-content\/uploads\/2026\/09\/ch-teau-de-pourtal-s.jpg 1600w, https:\/\/loudavymkrokem.cz\/wp-content\/uploads\/2026\/09\/ch-teau-de-pourtal-s-300x161.jpg 300w, https:\/\/loudavymkrokem.cz\/wp-content\/uploads\/2026\/09\/ch-teau-de-pourtal-s-700x375.jpg 700w, https:\/\/loudavymkrokem.cz\/wp-content\/uploads\/2026\/09\/ch-teau-de-pourtal-s-768x412.jpg 768w, https:\/\/loudavymkrokem.cz\/wp-content\/uploads\/2026\/09\/ch-teau-de-pourtal-s-1536x824.jpg 1536w, https:\/\/loudavymkrokem.cz\/wp-content\/uploads\/2026\/09\/ch-teau-de-pourtal-s-696x373.jpg 696w, https:\/\/loudavymkrokem.cz\/wp-content\/uploads\/2026\/09\/ch-teau-de-pourtal-s-1392x746.jpg 1392w\" sizes=\"(max-width: 1600px) 100vw, 1600px\" \/><button\n\t\t\tclass=\"lightbox-trigger\"\n\t\t\ttype=\"button\"\n\t\t\taria-haspopup=\"dialog\"\n\t\t\tdata-wp-bind--aria-label=\"state.thisImage.triggerButtonAriaLabel\"\n\t\t\tdata-wp-init=\"callbacks.initTriggerButton\"\n\t\t\tdata-wp-on--click=\"actions.showLightbox\"\n\t\t\tdata-wp-style--right=\"state.thisImage.buttonRight\"\n\t\t\tdata-wp-style--top=\"state.thisImage.buttonTop\"\n\t\t>\n\t\t\t<svg xmlns=\"http:\/\/www.w3.org\/2000\/svg\" width=\"12\" height=\"12\" fill=\"none\" viewBox=\"0 0 12 12\">\n\t\t\t\t<path fill=\"#fff\" d=\"M2 0a2 2 0 0 0-2 2v2h1.5V2a.5.5 0 0 1 .5-.5h2V0H2Zm2 10.5H2a.5.5 0 0 1-.5-.5V8H0v2a2 2 0 0 0 2 2h2v-1.5ZM8 12v-1.5h2a.5.5 0 0 0 .5-.5V8H12v2a2 2 0 0 1-2 2H8Zm2-12a2 2 0 0 1 2 2v2h-1.5V2a.5.5 0 0 0-.5-.5H8V0h2Z\" \/>\n\t\t\t<\/svg>\n\t\t<\/button><figcaption class=\"wp-element-caption\">Kuva: Ch\u00e2teau de Pourtal\u00e8s \/ Google Maps<\/figcaption><\/figure>\n\n\n\n<h3 class=\"wp-block-heading\"><span class=\"ez-toc-section\" id=\"18_Chateau_de_Pourtales\"><\/span>18. Ch\u00e2teau de Pourtal\u00e8s<span class=\"ez-toc-section-end\"><\/span><\/h3>\n\n\n\n<p class=\"wp-block-paragraph\">Upealla arvosanalla 4,5 yli kahdentuhannen arvion perusteella t\u00e4m\u00e4 upea kunnostettu pikkulinna <strong><a href=\"https:\/\/www.stay22.com\/allez\/roam?aid=lukaskonecny&#038;campaign=loudavymkrokemcz&#038;campaign=kde-bydlet-ve-strasburku&#038;hotelname=Ch%C3%A2teau%20de%20Pourtal%C3%A8s&#038;address=%C5%A0trasburk%2C%20Francie\" target=\"_blank\" rel=\"noopener nofollow sponsored\">Ch\u00e2teau de Pourtal\u00e8s<\/a><\/strong>, joka on per\u00e4isin 1700-luvun alusta, edustaa jotain aivan erilaista kuin muut klassiset keskustan hotellit. Se sijaitsee rauhallisessa Robertsaun kaupunginosassa hieman kaupungin ulkopuolella, on joka puolelta laajan puiston syv\u00e4n vehreyden ymp\u00e4r\u00f6im\u00e4 ja <strong>tarjoaa vierailleen jopa yksityisen hotellikylpyl\u00e4n ja oman tenniskent\u00e4n<\/strong> aktiiviseen lepoon.<\/p>\n\n\n\n<p class=\"wp-block-paragraph\">Runsas aamiainen sis\u00e4ltyy t\u00e4\u00e4ll\u00e4 aina majoituksen perushintaan, ja <strong>itse huoneet henkiv\u00e4t aitoa aristokraattista tunnelmaa<\/strong>, joten tunnet olosi t\u00e4\u00e4ll\u00e4 kuin oikealla ranskalaisella maaseutukartanolla. Voit lis\u00e4ksi valita perinteisempien, suoraan linnan historiallisessa rakennuksessa olevien huoneiden ja modernimmin sisustettujen, viereisess\u00e4 sivurakennuksessa olevien huoneiden v\u00e4lill\u00e4.<\/p>\n\n\n\n<p class=\"wp-block-paragraph\">\u00c4l\u00e4 kuitenkaan unohda yht\u00e4 keskeist\u00e4 seikkaa: historialliseen keskustaan sinun on t\u00e4\u00e4lt\u00e4 matkustettava. Sen tosin hoidat helposti l\u00e4heisell\u00e4 raitiovaunulla tai vuokrapy\u00f6r\u00e4ll\u00e4, mutta sijainti sopii yksinkertaisesti l\u00e4hinn\u00e4 autoilijoille, jotka haluavat pys\u00e4k\u00f6innin kanssa rauhan ja nauttia iltaisin valtavan linnanpuiston t\u00e4ydellisest\u00e4 hiljaisuudesta.<\/p>\n\n\n\n<p class=\"wp-block-paragraph\">\ud83d\udca1 <strong>Vinkki:<\/strong> Loistava romanttinen valinta niille teist\u00e4, <strong>jotka saapuvat Alsaceen omalla autolla ja haluavat majoittua rauhoittavassa vehreydess\u00e4<\/strong>, ja voivat samalla milloin tahansa l\u00e4hte\u00e4 mukavasti kaupunkiin julkisen liikenteen avulla.<\/p>\n\n\n\n<h2 class=\"wp-block-heading\"><span class=\"ez-toc-section\" id=\"Miten_valita_oikea_hotelli\"><\/span>Miten valita oikea hotelli<span class=\"ez-toc-section-end\"><\/span><\/h2>\n\n\n\n<p class=\"wp-block-paragraph\">Ihanteellista majoitusta valitessa p\u00e4\u00e4osaa n\u00e4yttelev\u00e4t budjettisi, matkan tarkka p\u00e4iv\u00e4m\u00e4\u00e4r\u00e4 ja ennen kaikkea kulkutapa. Jos <strong>matkustat perheen\u00e4 ja sinulla on mukana auto<\/strong>, ei ole lainkaan mit\u00e4\u00e4n j\u00e4rke\u00e4 maksaa valtavia summia ylihinnoitelluista hotelleista suoraan Grande \u00cele -saarella (pys\u00e4k\u00f6inti kapeilla kujilla on pelkk\u00e4 painajainen). Paljon fiksumpaa on valita rauhallisempi kaupunginosa kauempana ytimest\u00e4, tai suoraan jokin linna kaupungin ulkopuolella, ja <strong>hy\u00f6dynt\u00e4\u00e4 fiksusti keksitty\u00e4 kaupungin <a href=\"https:\/\/www.cts-strasbourg.eu\/en\/getting-around\/park-and-ride\/\" rel=\"nofollow noopener\" target=\"_blank\">Park &#038; Ride<\/a> -j\u00e4rjestelm\u00e4\u00e4<\/strong>. Sen ansiosta maksat mit\u00e4tt\u00f6m\u00e4n summan pys\u00e4k\u00f6innist\u00e4 ja koko auton miehist\u00f6 saa pys\u00e4k\u00f6intimaksun mukaan my\u00f6s paluulipun raitiovaunuun keskustaan, mik\u00e4 s\u00e4\u00e4st\u00e4\u00e4 sinulta paljon rahaa ja hermoja.<\/p>\n\n\n\n<p class=\"wp-block-paragraph\">Romanttisille pareille, jotka taas saapuvat junalla ja haluavat vain huolettomasti ihailla historiallisten kujien kauneutta, <strong>paras valinta on satumainen Petite Francen alue tai mahtavan katedraalin v\u00e4lit\u00f6n ymp\u00e4rist\u00f6<\/strong>. T\u00e4\u00e4ll\u00e4 nautit vanhankaupungin upeasta tunnelmasta todella t\u00e4ysin siemauksin, sill\u00e4 kaikki n\u00e4ht\u00e4vyydet ovat heti oven takana. Mutta <strong>varaudu siihen, ett\u00e4 maksat eksklusiivisesta sijainnista tapahtumien syd\u00e4mess\u00e4 hyvin huomattavasti enemm\u00e4n<\/strong>, erityisesti p\u00e4\u00e4- kes\u00e4- ja talvisesongin aikaan.<\/p>\n\n\n\n<p class=\"wp-block-paragraph\">Jos sinua kiinnostaa kaikkein eniten <strong>ehdottomasti paras hinta-laatusuhde, etsi majoitus ensisijaisesti rautatieaseman ymp\u00e4rist\u00f6st\u00e4<\/strong> (Gare-kaupunginosa) tai rauhallisemmasta opiskelijakaupunginosa Krutenausta. K\u00e4vellen selvi\u00e4t t\u00e4\u00e4lt\u00e4 keskustaan miellytt\u00e4v\u00e4ss\u00e4 kymmeness\u00e4 tai viidess\u00e4toista minuutissa veden vartta pitkin, mutta <strong>hinnat ovat t\u00e4\u00e4ll\u00e4 yleens\u00e4 30\u201340 prosenttia alhaisemmat kuin saarella<\/strong>, mik\u00e4 tekee usean p\u00e4iv\u00e4n oleskelulla budjetissa todella valtavan eron.<\/p>\n\n\n\n<p class=\"wp-block-paragraph\">\u26a0\ufe0f Valintaa tehdess\u00e4si ole kuitenkin hyvin tarkkana houkuttelevien nimien kanssa. <strong>Sana \u201dStrasbourg\u201d hotellin nimess\u00e4 ei automaattisesti tarkoita, ett\u00e4 nukut keskustassa<\/strong>. Esimerkiksi <em>Hotel Strasbourg Montagne Verte<\/em> sijaitsee melko kaukana kaupungin ulkopuolella. Samoin tarkista aina huolellisesti muiden matkaajien todelliset arviot. Esimerkiksi <em>City R\u00e9sidence Access Strasbourg<\/em> saa arvosanan vain 3,2, mik\u00e4 on Alsacen p\u00e4\u00e4kaupungille hyvin heikko, ja ketjuhotelli <em>ibis Strasbourg Centre Petite France<\/em> ylt\u00e4\u00e4 vain arvosanaan 3,8, mik\u00e4 on <strong>kaikkein alhaisin arvosana kaikista historiallisen ytimen ketjuhotelleista<\/strong> (sen nimi kuulostaa yksinkertaisesti paljon paremmalta kuin mit\u00e4 todellisuus paikan p\u00e4\u00e4ll\u00e4 on).<\/p>\n\n\n\n<h2 class=\"wp-block-heading\"><span class=\"ez-toc-section\" id=\"Minne_seuraavaksi\"><\/span>Minne seuraavaksi<span class=\"ez-toc-section-end\"><\/span><\/h2>\n\n\n\n<p class=\"wp-block-paragraph\">Kun majoitus on ratkaistu, hy\u00f6dyt varmasti muusta k\u00e4yt\u00e4nn\u00f6n tiedosta matkan suunnittelua varten. Olen valmistellut sinulle <strong>yksityiskohtaiset oppaat, jotka auttavat sinua l\u00f6yt\u00e4m\u00e4\u00e4n alueen suurimmat kauneudet<\/strong> ilman turhaa stressi\u00e4.<\/p>\n\n\n\n<p class=\"wp-block-paragraph\">Lue artikkeli <a href=\"https:\/\/loudavymkrokem.cz\/fi\/strasbourg-ranska-nahtavyydet\/\">Mit\u00e4 n\u00e4hd\u00e4 Strasbourgissa<\/a>, josta l\u00f6yd\u00e4t vinkit kauneimmista n\u00e4ht\u00e4vyyksist\u00e4 ja paikoista, joita et saa ensimm\u00e4isell\u00e4 vierailulla j\u00e4tt\u00e4\u00e4 v\u00e4liin. Jos matkustat talvella, \u00e4l\u00e4 j\u00e4t\u00e4 v\u00e4liin opasta <a href=\"https:\/\/loudavymkrokem.cz\/fi\/strasbourg-ranska-joulumarkkinat\/\">Strasbourgin joulumarkkinat<\/a>, joka <strong>valmistaa sinut t\u00e4ydellisesti adventtihulluuteen ja neuvoo, mit\u00e4 ruuhkia v\u00e4ltt\u00e4\u00e4<\/strong>.<\/p>\n\n\n\n<p class=\"wp-block-paragraph\">Niille teist\u00e4, jotka haluavat suunnata my\u00f6s p\u00e4\u00e4kaupungin porttien ulkopuolelle, suosittelen l\u00e4mpim\u00e4sti artikkelia <a href=\"https:\/\/loudavymkrokem.cz\/fi\/alsace-ranska-viinitie\/\">Alsacen viinireitti: 12 kauneinta kyl\u00e4\u00e4<\/a>, sill\u00e4 <strong>Alsace on yksinkertaisesti satumainen alue t\u00e4ynn\u00e4 viinitarhoja ja ristikkorakenteisia taloja<\/strong>. Loistava inspiraatio on my\u00f6s opas vieh\u00e4tt\u00e4v\u00e4\u00e4n <a href=\"https:\/\/loudavymkrokem.cz\/fi\/colmar-ranska-nahtavyydet\/\">Colmarin kaupunkiin Ranskassa<\/a> tai suuri <a href=\"https:\/\/loudavymkrokem.cz\/fi\/roadtrip-ranskassa-matkasuunnitelma\/\">Ranskan roadtrip: 14 p\u00e4iv\u00e4n matkasuunnitelma<\/a>, jos <strong>suunnittelet pidemp\u00e4\u00e4 automatkaa ja haluat n\u00e4hd\u00e4 maan parhaat kohteet<\/strong>.<\/p>\n\n\n\n<h2 class=\"wp-block-heading\"><span class=\"ez-toc-section\" id=\"Usein_kysytyt_kysymykset\"><\/span>Usein kysytyt kysymykset<span class=\"ez-toc-section-end\"><\/span><\/h2>\n\n\n\n<p class=\"wp-block-paragraph\">Onko sinulla ennen matkaa Alsacen p\u00e4\u00e4kaupunkiin viel\u00e4 jotain ep\u00e4selv\u00e4\u00e4? Kokosimme sinulle vastaukset yleisimpiin kysymyksiin, jotka helpottavat suunnittelua.<\/p>\n\n\n<div id=\"rank-math-faq\" class=\"rank-math-block\">\n<div class=\"rank-math-list \">\n<div id=\"faq-question-1788283127000\" class=\"rank-math-list-item\">\n<h3 class=\"rank-math-question \"><span class=\"ez-toc-section\" id=\"Mika_on_paras_aika_varata_hotelli_joulumarkkinoille\"><\/span>Mik\u00e4 on paras aika varata hotelli joulumarkkinoille?<span class=\"ez-toc-section-end\"><\/span><\/h3>\n<div class=\"rank-math-answer \">\n\n<p>Jos haluat y\u00f6py\u00e4 historiallisessa ytimess\u00e4 Grande \u00cele -saarella, <strong>sinun on varattava 6\u20139 kuukautta etuk\u00e4teen<\/strong>, sill\u00e4 hotellit t\u00e4yttyv\u00e4t t\u00e4\u00e4ll\u00e4 adventtiaikaan uskomattoman nopeasti. Mit\u00e4 aikaisemmin j\u00e4rjest\u00e4t majoituksen, sit\u00e4 parempi valikoima sinulla on ja v\u00e4lt\u00e4t varmasti sen, ett\u00e4 joudut maksamaan j\u00e4ljell\u00e4 olevista, ylihintaisista huoneista astronomisia summia.<\/p>\n\n<\/div>\n<\/div>\n<div id=\"faq-question-1788283127001\" class=\"rank-math-list-item\">\n<h3 class=\"rank-math-question \"><span class=\"ez-toc-section\" id=\"Mista_loydan_edullisimman_majoituksen_Strasbourgissa\"><\/span>Mist\u00e4 l\u00f6yd\u00e4n edullisimman majoituksen Strasbourgissa?<span class=\"ez-toc-section-end\"><\/span><\/h3>\n<div class=\"rank-math-answer \">\n\n<p>Parhaat hinnat l\u00f6yd\u00e4t varmasti <strong>p\u00e4\u00e4rautatieaseman l\u00e4hist\u00f6lt\u00e4 tai rauhallisemmalta Krutenau-alueelta<\/strong>, jotka molemmat sijaitsevat vain muutaman minuutin k\u00e4velymatkan p\u00e4\u00e4ss\u00e4 historiallisesta keskustasta. T\u00e4ss\u00e4 p\u00e4tee yksinkertainen s\u00e4\u00e4nt\u00f6: <strong>hotellit, jotka ovat 10\u201320 minuutin k\u00e4velymatkan p\u00e4\u00e4ss\u00e4 katedraalista, ovat yleens\u00e4 30\u201340 prosenttia halvempia<\/strong>, joten lyhyt k\u00e4vely keskustaan kannattaa ehdottomasti.<\/p>\n\n<\/div>\n<\/div>\n<div id=\"faq-question-1788283127002\" class=\"rank-math-list-item\">\n<h3 class=\"rank-math-question \"><span class=\"ez-toc-section\" id=\"Onko_Strasbourgissa_mukava_pysakoida_hotellin_yhteydessa\"><\/span>Onko Strasbourgissa mukava pys\u00e4k\u00f6id\u00e4 hotellin yhteydess\u00e4?<span class=\"ez-toc-section-end\"><\/span><\/h3>\n<div class=\"rank-math-answer \">\n\n<p>Itse historiallisessa keskustassa <strong>pys\u00e4k\u00f6inti autolla on t\u00e4ysi painajainen<\/strong> ja pienill\u00e4 butiikkihotelleilla ei usein ole omaa autotallia lainkaan. Paljon j\u00e4rkev\u00e4mp\u00e4\u00e4 on siksi <strong>hy\u00f6dynt\u00e4\u00e4 kaupungin reunalla olevaa hyvin kehitetty\u00e4 Park &amp; Ride -j\u00e4rjestelm\u00e4\u00e4<\/strong>, jossa oikein v\u00e4h\u00e4isen pys\u00e4k\u00f6intimaksun hinnalla saat my\u00f6s ratikkaliput menn\u00e4-paluu keskustaan koko auton miehist\u00f6lle.<\/p>\n\n<\/div>\n<\/div>\n<div id=\"faq-question-1788283127003\" class=\"rank-math-list-item\">\n<h3 class=\"rank-math-question \"><span class=\"ez-toc-section\" id=\"Kannattaako_yopya_Petite_France_-alueella\"><\/span>Kannattaako y\u00f6py\u00e4 Petite France -alueella?<span class=\"ez-toc-section-end\"><\/span><\/h3>\n<div class=\"rank-math-answer \">\n\n<p>Petite France -alue on kiistatta <strong>koko kaupungin valokuvauskelpoisin ja romanttis\u00ecn osa<\/strong>, t\u00e4ynn\u00e4 vanhoja ristikkotaloja ja kietoutuvia vesikanavia. Kev\u00e4taikaan p\u00e4\u00e4sesongin ulkopuolella se on satumainen valinta pareille, mutta <strong>adventtiaikaan t\u00e4\u00e4ll\u00e4 on niin paljon turisteja, ett\u00e4 kujia pitkin voi tuskin tunkea<\/strong>, joten kaivattua rauhaa et joulukuussa t\u00e4\u00e4lt\u00e4 todellakaan l\u00f6yd\u00e4.<\/p>\n\n<\/div>\n<\/div>\n<div id=\"faq-question-1788283127004\" class=\"rank-math-list-item\">\n<h3 class=\"rank-math-question \"><span class=\"ez-toc-section\" id=\"Nousevatko_hotellihinnat_Euroopan_parlamentin_istuntojen_aikana\"><\/span>Nousevatko hotellihinnat Euroopan parlamentin istuntojen aikana?<span class=\"ez-toc-section-end\"><\/span><\/h3>\n<div class=\"rank-math-answer \">\n\n<p>Kyll\u00e4, ja aina hyvin merkitt\u00e4v\u00e4sti. <strong>Euroopan parlamentin t\u00e4ysistunnot t\u00e4ytt\u00e4v\u00e4t s\u00e4\u00e4nn\u00f6llisesti ja salamannopeasti paitsi kaikki hotellit l\u00e4heisell\u00e4 eurooppa-alueella my\u00f6s ne koko historiallisessa keskustassa.<\/strong> N\u00e4iden istuntojen tarkat ajankohdat voi onneksi etsi\u00e4 internetist\u00e4 hyviss\u00e4 ajoin etuk\u00e4teen ja <strong>jos et ole sidottu kiinte\u00e4\u00e4n p\u00e4iv\u00e4m\u00e4\u00e4r\u00e4\u00e4n, v\u00e4lt\u00e4 n\u00e4m\u00e4 p\u00e4iv\u00e4t ehdottomasti kaukaa<\/strong>.<\/p>\n\n<\/div>\n<\/div>\n<div id=\"faq-question-1788283127005\" class=\"rank-math-list-item\">\n<h3 class=\"rank-math-question \"><span class=\"ez-toc-section\" id=\"Mita_paikallista_keittiota_kannattaa_maistaa_Strasbourgissa\"><\/span>Mit\u00e4 paikallista keitti\u00f6t\u00e4 kannattaa maistaa Strasbourgissa?<span class=\"ez-toc-section-end\"><\/span><\/h3>\n<div class=\"rank-math-answer \">\n\n<p>T\u00e4m\u00e4 ei teknisesti liity hotelliin, mutta tied\u00e4n, ett\u00e4 kysyt minulta siit\u00e4 joka tapauksessa, joten t\u00e4ss\u00e4 vastaus: Elsassin keitti\u00f6 on tunnettu lihaisista ruoistaan, mutta ilman lihaakin tulet t\u00e4\u00e4ll\u00e4 varmasti toimeen. <strong>Maista ehdottomasti perinteist\u00e4 ohutta piirakkaa tarte flamb\u00e9e (flammekueche) erinomaisessa kasvisversiossa juuston ja sipulin kanssa<\/strong>, puraise sen kanssa tuoretta suolaista bretzel-s\u00e4mpyl\u00e4\u00e4 ja ota makeaksi j\u00e4lkiruoaksi ilmavaa kuivakakkua kougelhopf. <strong>\u00c4l\u00e4 unohda huuhdella kaikkea erinomaisen elsassilaisella valkoviinill\u00e4.<\/strong><\/p>\n\n<\/div>\n<\/div>\n<div id=\"faq-question-1788283127006\" class=\"rank-math-list-item\">\n<h3 class=\"rank-math-question \"><span class=\"ez-toc-section\" id=\"Onko_Strasbourg_hyva_tukikohta_retkille_Elsassiin\"><\/span>Onko Strasbourg hyv\u00e4 tukikohta retkille Elsassiin?<span class=\"ez-toc-section-end\"><\/span><\/h3>\n<div class=\"rank-math-answer \">\n\n<p>Ehdottomasti, Strasbourg on <strong>paras mahdollinen strateginen tukikohta koko satumaisen alueen tutustumiseen<\/strong>. P\u00e4\u00e4rautatieasemalta p\u00e4\u00e4set mukavalla junalla <strong>helposti ja nopeasti vieh\u00e4tt\u00e4v\u00e4\u00e4n Colmariin sek\u00e4 pienempiin kyliin kuuluisalla viinireitill\u00e4<\/strong>, tai voit l\u00e4hte\u00e4 autolla tutkimaan kaunista luontoa l\u00e4heisill\u00e4 Vog\u00e9esien vuorilla.<\/p>\n\n<\/div>\n<\/div>\n<\/div>\n<\/div>","protected":false},"excerpt":{"rendered":"<p>Etsitk\u00f6 hotellia Strasbourgista Ranskasta? Selvit\u00e4, miss\u00e4 kaupunginosissa s\u00e4\u00e4st\u00e4t jopa 40 % hinnasta ja miksi adventtiaikaan kannattaa majoittua historiallisen keskustan ulkopuolella.<\/p>\n","protected":false},"author":3,"featured_media":413382,"comment_status":"open","ping_status":"open","sticky":false,"template":"","format":"standard","meta":{"_acf_changed":false,"footnotes":"","rank_math_title":"Majoitus Strasbourg Ranska: 18 parasta hotellia 2026","rank_math_description":"Miss\u00e4 majoittua Strasbourgissa Ranskassa? 18 parasta hotellia ja kaupunginosaa \u2013 s\u00e4\u00e4st\u00e4 jopa 40 % ja varaa t\u00e4ydellinen majoitus. Lue vinkit nyt!","rank_math_focus_keyword":"strasbourg ranska","rank_math_seo_score":""},"categories":[2129,2123,2132],"tags":[],"class_list":["post-417755","post","type-post","status-publish","format-standard","has-post-thumbnail","category-eurooppa","category-matkailu","category-ranska"],"acf":[],"featured_image_src":"https:\/\/loudavymkrokem.cz\/wp-content\/uploads\/2026\/09\/petite-france-po-soumraku-2cf25977.jpg","author_info":{"display_name":"Lucie Kone\u010dn\u00e1","author_link":"https:\/\/loudavymkrokem.cz\/fi\/author\/lucie-konecna\/"},"_links":{"self":[{"href":"https:\/\/loudavymkrokem.cz\/fi\/wp-json\/wp\/v2\/posts\/417755","targetHints":{"allow":["GET"]}}],"collection":[{"href":"https:\/\/loudavymkrokem.cz\/fi\/wp-json\/wp\/v2\/posts"}],"about":[{"href":"https:\/\/loudavymkrokem.cz\/fi\/wp-json\/wp\/v2\/types\/post"}],"author":[{"embeddable":true,"href":"https:\/\/loudavymkrokem.cz\/fi\/wp-json\/wp\/v2\/users\/3"}],"replies":[{"embeddable":true,"href":"https:\/\/loudavymkrokem.cz\/fi\/wp-json\/wp\/v2\/comments?post=417755"}],"version-history":[{"count":2,"href":"https:\/\/loudavymkrokem.cz\/fi\/wp-json\/wp\/v2\/posts\/417755\/revisions"}],"predecessor-version":[{"id":417757,"href":"https:\/\/loudavymkrokem.cz\/fi\/wp-json\/wp\/v2\/posts\/417755\/revisions\/417757"}],"wp:featuredmedia":[{"embeddable":true,"href":"https:\/\/loudavymkrokem.cz\/fi\/wp-json\/wp\/v2\/media\/413382"}],"wp:attachment":[{"href":"https:\/\/loudavymkrokem.cz\/fi\/wp-json\/wp\/v2\/media?parent=417755"}],"wp:term":[{"taxonomy":"category","embeddable":true,"href":"https:\/\/loudavymkrokem.cz\/fi\/wp-json\/wp\/v2\/categories?post=417755"},{"taxonomy":"post_tag","embeddable":true,"href":"https:\/\/loudavymkrokem.cz\/fi\/wp-json\/wp\/v2\/tags?post=417755"}],"curies":[{"name":"wp","href":"https:\/\/api.w.org\/{rel}","templated":true}]}}