{"id":417748,"date":"2026-09-05T09:44:09","date_gmt":"2026-09-05T07:44:09","guid":{"rendered":"https:\/\/loudavymkrokem.cz\/kylpylat-saksa-parhaat\/"},"modified":"2026-09-05T17:48:53","modified_gmt":"2026-09-05T15:48:53","slug":"kylpylat-saksa-parhaat","status":"publish","type":"post","link":"https:\/\/loudavymkrokem.cz\/fi\/kylpylat-saksa-parhaat\/","title":{"rendered":"Kylpyl\u00e4t Saksa: 51 vinkki\u00e4 parhaisiin vuonna 2026"},"content":{"rendered":"\n<p class=\"wp-block-paragraph\">Ulkona on viisi astetta ja tihkusadetta, ja sin\u00e4 seisot vy\u00f6t\u00e4r\u00f6\u00e4 my\u00f6ten vedess\u00e4 lasikuvun alla, kun oikeat palmut kahisevat p\u00e4\u00e4n p\u00e4\u00e4ll\u00e4. <strong>Saksalaiset kylpyl\u00e4t<\/strong> toimivat eri tavalla kuin meid\u00e4n omamme, eik\u00e4 pelk\u00e4st\u00e4\u00e4n trooppisten kulissien takia. Kaksi asiaa yll\u00e4tt\u00e4\u00e4 sinut eniten: saunaan menn\u00e4\u00e4n ilman uima-asua ja sis\u00e4\u00e4np\u00e4\u00e4sy maksetaan tarkkaan m\u00e4\u00e4ritellyilt\u00e4 tunneilta, joiden j\u00e4lkeen joudut maksamaan lis\u00e4\u00e4.<\/p>\n\n\n\n<p class=\"wp-block-paragraph\">Onneksi se ei haittaa lainkaan, sill\u00e4 kun kerran ymm\u00e4rr\u00e4t niiden j\u00e4rjestelm\u00e4n, sinua odottaa <strong>t\u00e4ysin ylellinen rentoutuminen<\/strong>. Yleens\u00e4 saat ranteeseen sirun, jolla kuittaat lokeron auki ja maksat ravintolalaskun, ja lompakon voit huoletta pit\u00e4\u00e4 suljettuna koko ajan. Sinun t\u00e4ytyy vain pit\u00e4\u00e4 silm\u00e4ll\u00e4 aikaa, sill\u00e4 <strong>jokaisesta alkavasta puolesta tunnista<\/strong> laskutetaan l\u00e4htiess\u00e4 automaattisesti kassalla.<\/p>\n\n\n\n<p class=\"wp-block-paragraph\">T\u00e4st\u00e4 artikkelista l\u00f6yd\u00e4t 51 saksalaista kylpyl\u00e4\u00e4 osavaltioittain jaoteltuna, j\u00e4ttim\u00e4isest\u00e4 Therme Erdingist\u00e4 M\u00fcnchenin l\u00e4hell\u00e4 <strong>trooppisiin Badewelt-kylpyl\u00f6ihin Sinsheimiss\u00e4 ja Euskircheniss\u00e4<\/strong> aina vieh\u00e4tt\u00e4viin merenrantakylpyl\u00f6ihin It\u00e4meren rannalla. Kerron sinulle, paljonko kylpeminen maksaa, miten <strong>saksalainen saunaetiketti<\/strong> tarkalleen toimii ja miss\u00e4 nukkua kylpytakissa suoraan kylpyl\u00e4n vieress\u00e4.<\/p>\n\n\n\n<figure data-wp-context=\"{&quot;imageId&quot;:&quot;6a9c5520475db&quot;}\" data-wp-interactive=\"core\/image\" data-wp-key=\"6a9c5520475db\" class=\"wp-block-image size-full wp-lightbox-container\"><img decoding=\"async\" width=\"1800\" height=\"1201\" data-wp-class--hide=\"state.isContentHidden\" data-wp-class--show=\"state.isContentVisible\" data-wp-init=\"callbacks.setButtonStyles\" data-wp-on--click=\"actions.showLightbox\" data-wp-on--load=\"callbacks.setButtonStyles\" data-wp-on--pointerdown=\"actions.preloadImage\" data-wp-on--pointerenter=\"actions.preloadImageWithDelay\" data-wp-on--pointerleave=\"actions.cancelPreload\" data-wp-on-window--resize=\"callbacks.setButtonStyles\" src=\"https:\/\/loudavymkrokem.cz\/wp-content\/uploads\/2026\/09\/nemecko-clanky-termaly-nemecko-01-0dcc0000.jpg\" alt=\"Mineraalivesiallas lasikuvun alla Thermen &#038; Badewelt Sinsheimiss\u00e4\" class=\"wp-image-415288\" title=\"\" srcset=\"https:\/\/loudavymkrokem.cz\/wp-content\/uploads\/2026\/09\/nemecko-clanky-termaly-nemecko-01-0dcc0000.jpg 1800w, https:\/\/loudavymkrokem.cz\/wp-content\/uploads\/2026\/09\/nemecko-clanky-termaly-nemecko-01-0dcc0000-300x200.jpg 300w, https:\/\/loudavymkrokem.cz\/wp-content\/uploads\/2026\/09\/nemecko-clanky-termaly-nemecko-01-0dcc0000-700x467.jpg 700w, https:\/\/loudavymkrokem.cz\/wp-content\/uploads\/2026\/09\/nemecko-clanky-termaly-nemecko-01-0dcc0000-768x512.jpg 768w, https:\/\/loudavymkrokem.cz\/wp-content\/uploads\/2026\/09\/nemecko-clanky-termaly-nemecko-01-0dcc0000-1536x1025.jpg 1536w, https:\/\/loudavymkrokem.cz\/wp-content\/uploads\/2026\/09\/nemecko-clanky-termaly-nemecko-01-0dcc0000-696x464.jpg 696w, https:\/\/loudavymkrokem.cz\/wp-content\/uploads\/2026\/09\/nemecko-clanky-termaly-nemecko-01-0dcc0000-1392x929.jpg 1392w\" sizes=\"(max-width: 1800px) 100vw, 1800px\" \/><button\n\t\t\tclass=\"lightbox-trigger\"\n\t\t\ttype=\"button\"\n\t\t\taria-haspopup=\"dialog\"\n\t\t\tdata-wp-bind--aria-label=\"state.thisImage.triggerButtonAriaLabel\"\n\t\t\tdata-wp-init=\"callbacks.initTriggerButton\"\n\t\t\tdata-wp-on--click=\"actions.showLightbox\"\n\t\t\tdata-wp-style--right=\"state.thisImage.buttonRight\"\n\t\t\tdata-wp-style--top=\"state.thisImage.buttonTop\"\n\t\t>\n\t\t\t<svg xmlns=\"http:\/\/www.w3.org\/2000\/svg\" width=\"12\" height=\"12\" fill=\"none\" viewBox=\"0 0 12 12\">\n\t\t\t\t<path fill=\"#fff\" d=\"M2 0a2 2 0 0 0-2 2v2h1.5V2a.5.5 0 0 1 .5-.5h2V0H2Zm2 10.5H2a.5.5 0 0 1-.5-.5V8H0v2a2 2 0 0 0 2 2h2v-1.5ZM8 12v-1.5h2a.5.5 0 0 0 .5-.5V8H12v2a2 2 0 0 1-2 2H8Zm2-12a2 2 0 0 1 2 2v2h-1.5V2a.5.5 0 0 0-.5-.5H8V0h2Z\" \/>\n\t\t\t<\/svg>\n\t\t<\/button><\/figure>\n\n\n\n<div id=\"ez-toc-container\" class=\"ez-toc-v2_0_87 ez-toc-wrap-left counter-hierarchy ez-toc-counter ez-toc-grey ez-toc-container-direction\">\n<div class=\"ez-toc-title-container\">\n<p class=\"ez-toc-title\" style=\"cursor:inherit\">Artikkelin sis\u00e4lt\u00f6<\/p>\n<span class=\"ez-toc-title-toggle\"><a href=\"#\" class=\"ez-toc-pull-right ez-toc-btn ez-toc-btn-xs ez-toc-btn-default ez-toc-toggle\" aria-label=\"Toggle Table of Content\"><span class=\"ez-toc-js-icon-con\"><span class=\"\"><span class=\"eztoc-hide\" style=\"display:none;\">Toggle<\/span><span class=\"ez-toc-icon-toggle-span\"><svg style=\"fill: #999;color:#999\" xmlns=\"http:\/\/www.w3.org\/2000\/svg\" class=\"list-377408\" width=\"20px\" height=\"20px\" viewBox=\"0 0 24 24\" fill=\"none\"><path d=\"M6 6H4v2h2V6zm14 0H8v2h12V6zM4 11h2v2H4v-2zm16 0H8v2h12v-2zM4 16h2v2H4v-2zm16 0H8v2h12v-2z\" fill=\"currentColor\"><\/path><\/svg><svg style=\"fill: #999;color:#999\" class=\"arrow-unsorted-368013\" xmlns=\"http:\/\/www.w3.org\/2000\/svg\" width=\"10px\" height=\"10px\" viewBox=\"0 0 24 24\" version=\"1.2\" baseProfile=\"tiny\"><path d=\"M18.2 9.3l-6.2-6.3-6.2 6.3c-.2.2-.3.4-.3.7s.1.5.3.7c.2.2.4.3.7.3h11c.3 0 .5-.1.7-.3.2-.2.3-.5.3-.7s-.1-.5-.3-.7zM5.8 14.7l6.2 6.3 6.2-6.3c.2-.2.3-.5.3-.7s-.1-.5-.3-.7c-.2-.2-.4-.3-.7-.3h-11c-.3 0-.5.1-.7.3-.2.2-.3.5-.3.7s.1.5.3.7z\"\/><\/svg><\/span><\/span><\/span><\/a><\/span><\/div>\n<nav><ul class='ez-toc-list ez-toc-list-level-1 ' ><ul class='ez-toc-list-level-3' ><li class='ez-toc-heading-level-3'><a class=\"ez-toc-link ez-toc-heading-1\" href=\"https:\/\/loudavymkrokem.cz\/fi\/kylpylat-saksa-parhaat\/#Yhteenveto_niille_joilla_ei_ole_aikaa_lukea_koko_artikkelia\" >Yhteenveto niille, joilla ei ole aikaa lukea koko artikkelia<\/a><\/li><\/ul><\/li><li class='ez-toc-page-1 ez-toc-heading-level-2'><a class=\"ez-toc-link ez-toc-heading-2\" href=\"https:\/\/loudavymkrokem.cz\/fi\/kylpylat-saksa-parhaat\/#Miten_saksalaiset_kylpylat_toimivat_ja_missa_ne_eroavat\" >Miten saksalaiset kylpyl\u00e4t toimivat (ja miss\u00e4 ne eroavat)<\/a><\/li><li class='ez-toc-page-1 ez-toc-heading-level-2'><a class=\"ez-toc-link ez-toc-heading-3\" href=\"https:\/\/loudavymkrokem.cz\/fi\/kylpylat-saksa-parhaat\/#Paljonko_se_maksaa_ja_milloin_lahtea\" >Paljonko se maksaa ja milloin l\u00e4hte\u00e4<\/a><\/li><li class='ez-toc-page-1 ez-toc-heading-level-2'><a class=\"ez-toc-link ez-toc-heading-4\" href=\"https:\/\/loudavymkrokem.cz\/fi\/kylpylat-saksa-parhaat\/#Missa_majoittua_hotelli_jossa_on_Bademantelgang\" >Miss\u00e4 majoittua: hotelli, jossa on Bademantelgang<\/a><\/li><li class='ez-toc-page-1 ez-toc-heading-level-2'><a class=\"ez-toc-link ez-toc-heading-5\" href=\"https:\/\/loudavymkrokem.cz\/fi\/kylpylat-saksa-parhaat\/#Kylpylat_etela-Saksassa_Baijeri\" >Kylpyl\u00e4t etel\u00e4-Saksassa: Baijeri<\/a><ul class='ez-toc-list-level-3' ><li class='ez-toc-heading-level-3'><a class=\"ez-toc-link ez-toc-heading-6\" href=\"https:\/\/loudavymkrokem.cz\/fi\/kylpylat-saksa-parhaat\/#1_Therme_Erding_Erding\" >1. Therme Erding (Erding)<\/a><\/li><li class='ez-toc-page-1 ez-toc-heading-level-3'><a class=\"ez-toc-link ez-toc-heading-7\" href=\"https:\/\/loudavymkrokem.cz\/fi\/kylpylat-saksa-parhaat\/#2_Therme_Bad_Worishofen_Bad_Worishofen\" >2. Therme Bad W\u00f6rishofen (Bad W\u00f6rishofen)<\/a><\/li><li class='ez-toc-page-1 ez-toc-heading-level-3'><a class=\"ez-toc-link ez-toc-heading-8\" href=\"https:\/\/loudavymkrokem.cz\/fi\/kylpylat-saksa-parhaat\/#3_Therme_Bad_Aibling_Bad_Aibling\" >3. Therme Bad Aibling (Bad Aibling)<\/a><\/li><li class='ez-toc-page-1 ez-toc-heading-level-3'><a class=\"ez-toc-link ez-toc-heading-9\" href=\"https:\/\/loudavymkrokem.cz\/fi\/kylpylat-saksa-parhaat\/#4_KissSalis_Therme_Bad_Kissingen\" >4. KissSalis Therme (Bad Kissingen)<\/a><\/li><li class='ez-toc-page-1 ez-toc-heading-level-3'><a class=\"ez-toc-link ez-toc-heading-10\" href=\"https:\/\/loudavymkrokem.cz\/fi\/kylpylat-saksa-parhaat\/#5_Hotel_Victory_Therme_Erding_Erding\" >5. Hotel Victory Therme Erding (Erding)<\/a><\/li><li class='ez-toc-page-1 ez-toc-heading-level-3'><a class=\"ez-toc-link ez-toc-heading-11\" href=\"https:\/\/loudavymkrokem.cz\/fi\/kylpylat-saksa-parhaat\/#6_Franken-Therme_Bad_Windsheim\" >6. Franken-Therme (Bad Windsheim)<\/a><\/li><li class='ez-toc-page-1 ez-toc-heading-level-3'><a class=\"ez-toc-link ez-toc-heading-12\" href=\"https:\/\/loudavymkrokem.cz\/fi\/kylpylat-saksa-parhaat\/#7_Konigliche_Kristall-Therme_Schwangau\" >7. K\u00f6nigliche Kristall-Therme (Schwangau)<\/a><\/li><li class='ez-toc-page-1 ez-toc-heading-level-3'><a class=\"ez-toc-link ez-toc-heading-13\" href=\"https:\/\/loudavymkrokem.cz\/fi\/kylpylat-saksa-parhaat\/#8_Limes-Therme_Bad_Gogging\" >8. Limes-Therme (Bad G\u00f6gging)<\/a><\/li><li class='ez-toc-page-1 ez-toc-heading-level-3'><a class=\"ez-toc-link ez-toc-heading-14\" href=\"https:\/\/loudavymkrokem.cz\/fi\/kylpylat-saksa-parhaat\/#9_Therme_Bad_Griesbach_Bad_Griesbach\" >9. Therme Bad Griesbach (Bad Griesbach)<\/a><\/li><li class='ez-toc-page-1 ez-toc-heading-level-3'><a class=\"ez-toc-link ez-toc-heading-15\" href=\"https:\/\/loudavymkrokem.cz\/fi\/kylpylat-saksa-parhaat\/#10_Titania_Neusas_Neusas\" >10. Titania Neus\u00e4\u00df (Neus\u00e4\u00df)<\/a><\/li><li class='ez-toc-page-1 ez-toc-heading-level-3'><a class=\"ez-toc-link ez-toc-heading-16\" href=\"https:\/\/loudavymkrokem.cz\/fi\/kylpylat-saksa-parhaat\/#11_Fackelmann_Therme_Hersbruck_Hersbruck\" >11. Fackelmann Therme Hersbruck (Hersbruck)<\/a><\/li><li class='ez-toc-page-1 ez-toc-heading-level-3'><a class=\"ez-toc-link ez-toc-heading-17\" href=\"https:\/\/loudavymkrokem.cz\/fi\/kylpylat-saksa-parhaat\/#12_ThermeNatur_Bad_Rodach\" >12. ThermeNatur (Bad Rodach)<\/a><\/li><li class='ez-toc-page-1 ez-toc-heading-level-3'><a class=\"ez-toc-link ez-toc-heading-18\" href=\"https:\/\/loudavymkrokem.cz\/fi\/kylpylat-saksa-parhaat\/#13_Johannesbad_Therme_Bad_Fussing_Bad_Fussing\" >13. Johannesbad Therme Bad F\u00fcssing (Bad F\u00fcssing)<\/a><\/li><li class='ez-toc-page-1 ez-toc-heading-level-3'><a class=\"ez-toc-link ez-toc-heading-19\" href=\"https:\/\/loudavymkrokem.cz\/fi\/kylpylat-saksa-parhaat\/#14_Europa_Therme_Bad_Fussing\" >14. Europa Therme (Bad F\u00fcssing)<\/a><\/li><li class='ez-toc-page-1 ez-toc-heading-level-3'><a class=\"ez-toc-link ez-toc-heading-20\" href=\"https:\/\/loudavymkrokem.cz\/fi\/kylpylat-saksa-parhaat\/#15_Sibyllenbad_Neualbenreuth\" >15. Sibyllenbad (Neualbenreuth)<\/a><\/li><\/ul><\/li><li class='ez-toc-page-1 ez-toc-heading-level-2'><a class=\"ez-toc-link ez-toc-heading-21\" href=\"https:\/\/loudavymkrokem.cz\/fi\/kylpylat-saksa-parhaat\/#Kylpylat_Baden-Wurttembergissa\" >Kylpyl\u00e4t Baden-W\u00fcrttembergiss\u00e4<\/a><ul class='ez-toc-list-level-3' ><li class='ez-toc-heading-level-3'><a class=\"ez-toc-link ez-toc-heading-22\" href=\"https:\/\/loudavymkrokem.cz\/fi\/kylpylat-saksa-parhaat\/#16_Thermen_Badewelt_Sinsheim_Sinsheim\" >16. Thermen &#038; Badewelt Sinsheim (Sinsheim)<\/a><\/li><li class='ez-toc-page-1 ez-toc-heading-level-3'><a class=\"ez-toc-link ez-toc-heading-23\" href=\"https:\/\/loudavymkrokem.cz\/fi\/kylpylat-saksa-parhaat\/#17_Mineraltherme_Boblingen_Boblingen\" >17. Mineraltherme B\u00f6blingen (B\u00f6blingen)<\/a><\/li><li class='ez-toc-page-1 ez-toc-heading-level-3'><a class=\"ez-toc-link ez-toc-heading-24\" href=\"https:\/\/loudavymkrokem.cz\/fi\/kylpylat-saksa-parhaat\/#18_Panorama_Therme_Beuren_Beuren\" >18. Panorama Therme Beuren (Beuren)<\/a><\/li><li class='ez-toc-page-1 ez-toc-heading-level-3'><a class=\"ez-toc-link ez-toc-heading-25\" href=\"https:\/\/loudavymkrokem.cz\/fi\/kylpylat-saksa-parhaat\/#19_Bodensee-Therme_Konstanz_Konstanz\" >19. Bodensee-Therme Konstanz (Konstanz)<\/a><\/li><li class='ez-toc-page-1 ez-toc-heading-level-3'><a class=\"ez-toc-link ez-toc-heading-26\" href=\"https:\/\/loudavymkrokem.cz\/fi\/kylpylat-saksa-parhaat\/#20_Adelindis_Therme_Bad_Buchau\" >20. Adelindis Therme (Bad Buchau)<\/a><\/li><li class='ez-toc-page-1 ez-toc-heading-level-3'><a class=\"ez-toc-link ez-toc-heading-27\" href=\"https:\/\/loudavymkrokem.cz\/fi\/kylpylat-saksa-parhaat\/#21_Sonnenhof-Therme_Bad_Saulgau\" >21. Sonnenhof-Therme (Bad Saulgau)<\/a><\/li><li class='ez-toc-page-1 ez-toc-heading-level-3'><a class=\"ez-toc-link ez-toc-heading-28\" href=\"https:\/\/loudavymkrokem.cz\/fi\/kylpylat-saksa-parhaat\/#22_Caracalla_Therme_Baden-Baden\" >22. Caracalla Therme (Baden-Baden)<\/a><\/li><li class='ez-toc-page-1 ez-toc-heading-level-3'><a class=\"ez-toc-link ez-toc-heading-29\" href=\"https:\/\/loudavymkrokem.cz\/fi\/kylpylat-saksa-parhaat\/#23_Solemar_Bad_Durrheim_Bad_Durrheim\" >23. Solemar Bad D\u00fcrrheim (Bad D\u00fcrrheim)<\/a><\/li><li class='ez-toc-page-1 ez-toc-heading-level-3'><a class=\"ez-toc-link ez-toc-heading-30\" href=\"https:\/\/loudavymkrokem.cz\/fi\/kylpylat-saksa-parhaat\/#24_AlbThermen_Bad_Urach\" >24. AlbThermen (Bad Urach)<\/a><\/li><li class='ez-toc-page-1 ez-toc-heading-level-3'><a class=\"ez-toc-link ez-toc-heading-31\" href=\"https:\/\/loudavymkrokem.cz\/fi\/kylpylat-saksa-parhaat\/#25_Friedrichsbad_Baden-Baden\" >25. Friedrichsbad (Baden-Baden)<\/a><\/li><li class='ez-toc-page-1 ez-toc-heading-level-3'><a class=\"ez-toc-link ez-toc-heading-32\" href=\"https:\/\/loudavymkrokem.cz\/fi\/kylpylat-saksa-parhaat\/#26_Vita_Classica_Bad_Krozingen\" >26. Vita Classica (Bad Krozingen)<\/a><\/li><\/ul><\/li><li class='ez-toc-page-1 ez-toc-heading-level-2'><a class=\"ez-toc-link ez-toc-heading-33\" href=\"https:\/\/loudavymkrokem.cz\/fi\/kylpylat-saksa-parhaat\/#Kylpylat_Nordrhein-Westfalenissa\" >Kylpyl\u00e4t Nordrhein-Westfalenissa<\/a><ul class='ez-toc-list-level-3' ><li class='ez-toc-heading-level-3'><a class=\"ez-toc-link ez-toc-heading-34\" href=\"https:\/\/loudavymkrokem.cz\/fi\/kylpylat-saksa-parhaat\/#27_Thermen_Badewelt_Euskirchen_Euskirchen\" >27. Thermen &#038; Badewelt Euskirchen (Euskirchen)<\/a><\/li><li class='ez-toc-page-1 ez-toc-heading-level-3'><a class=\"ez-toc-link ez-toc-heading-35\" href=\"https:\/\/loudavymkrokem.cz\/fi\/kylpylat-saksa-parhaat\/#28_Bali_Therme_Bad_Oeynhausen\" >28. Bali Therme (Bad Oeynhausen)<\/a><\/li><li class='ez-toc-page-1 ez-toc-heading-level-3'><a class=\"ez-toc-link ez-toc-heading-36\" href=\"https:\/\/loudavymkrokem.cz\/fi\/kylpylat-saksa-parhaat\/#29_Carolus_Thermen_Aachen\" >29. Carolus Thermen (Aachen)<\/a><\/li><li class='ez-toc-page-1 ez-toc-heading-level-3'><a class=\"ez-toc-link ez-toc-heading-37\" href=\"https:\/\/loudavymkrokem.cz\/fi\/kylpylat-saksa-parhaat\/#30_Mediterana_Bergisch_Gladbach\" >30. Mediterana (Bergisch Gladbach)<\/a><\/li><li class='ez-toc-page-1 ez-toc-heading-level-3'><a class=\"ez-toc-link ez-toc-heading-38\" href=\"https:\/\/loudavymkrokem.cz\/fi\/kylpylat-saksa-parhaat\/#31_Vitasol_Therme_Bad_Salzuflen\" >31. Vitasol Therme (Bad Salzuflen)<\/a><\/li><li class='ez-toc-page-1 ez-toc-heading-level-3'><a class=\"ez-toc-link ez-toc-heading-39\" href=\"https:\/\/loudavymkrokem.cz\/fi\/kylpylat-saksa-parhaat\/#32_Mauritius_Hotel_Therme_Koln_Koln\" >32. Mauritius Hotel &#038; Therme K\u00f6ln (K\u00f6ln)<\/a><\/li><li class='ez-toc-page-1 ez-toc-heading-level-3'><a class=\"ez-toc-link ez-toc-heading-40\" href=\"https:\/\/loudavymkrokem.cz\/fi\/kylpylat-saksa-parhaat\/#33_Claudius_Therme_Koln\" >33. Claudius Therme (K\u00f6ln)<\/a><\/li><\/ul><\/li><li class='ez-toc-page-1 ez-toc-heading-level-2'><a class=\"ez-toc-link ez-toc-heading-41\" href=\"https:\/\/loudavymkrokem.cz\/fi\/kylpylat-saksa-parhaat\/#Kylpylat_Hessenissa\" >Kylpyl\u00e4t Hesseniss\u00e4<\/a><ul class='ez-toc-list-level-3' ><li class='ez-toc-heading-level-3'><a class=\"ez-toc-link ez-toc-heading-42\" href=\"https:\/\/loudavymkrokem.cz\/fi\/kylpylat-saksa-parhaat\/#34_Taunus-Therme_Bad_Homburg\" >34. Taunus-Therme (Bad Homburg)<\/a><\/li><li class='ez-toc-page-1 ez-toc-heading-level-3'><a class=\"ez-toc-link ez-toc-heading-43\" href=\"https:\/\/loudavymkrokem.cz\/fi\/kylpylat-saksa-parhaat\/#35_KurhessenTherme_Kassel\" >35. KurhessenTherme (Kassel)<\/a><\/li><li class='ez-toc-page-1 ez-toc-heading-level-3'><a class=\"ez-toc-link ez-toc-heading-44\" href=\"https:\/\/loudavymkrokem.cz\/fi\/kylpylat-saksa-parhaat\/#36_Odenwald-Therme_Bad_Konig\" >36. Odenwald-Therme (Bad K\u00f6nig)<\/a><\/li><li class='ez-toc-page-1 ez-toc-heading-level-3'><a class=\"ez-toc-link ez-toc-heading-45\" href=\"https:\/\/loudavymkrokem.cz\/fi\/kylpylat-saksa-parhaat\/#37_Thermalbad_Aukammtal_Wiesbaden\" >37. Thermalbad Aukammtal (Wiesbaden)<\/a><\/li><li class='ez-toc-page-1 ez-toc-heading-level-3'><a class=\"ez-toc-link ez-toc-heading-46\" href=\"https:\/\/loudavymkrokem.cz\/fi\/kylpylat-saksa-parhaat\/#38_Kaiser-Friedrich-Therme_Wiesbaden\" >38. Kaiser-Friedrich-Therme (Wiesbaden)<\/a><\/li><\/ul><\/li><li class='ez-toc-page-1 ez-toc-heading-level-2'><a class=\"ez-toc-link ez-toc-heading-47\" href=\"https:\/\/loudavymkrokem.cz\/fi\/kylpylat-saksa-parhaat\/#Kylpylat_Brandenburgissa_ja_Berliinissa\" >Kylpyl\u00e4t Brandenburgissa ja Berliiniss\u00e4<\/a><ul class='ez-toc-list-level-3' ><li class='ez-toc-heading-level-3'><a class=\"ez-toc-link ez-toc-heading-48\" href=\"https:\/\/loudavymkrokem.cz\/fi\/kylpylat-saksa-parhaat\/#39_Havel_Therme_Werder_an_der_Havel\" >39. Havel Therme (Werder an der Havel)<\/a><\/li><li class='ez-toc-page-1 ez-toc-heading-level-3'><a class=\"ez-toc-link ez-toc-heading-49\" href=\"https:\/\/loudavymkrokem.cz\/fi\/kylpylat-saksa-parhaat\/#40_Spreewald_Therme_Burg\" >40. Spreewald Therme (Burg)<\/a><\/li><li class='ez-toc-page-1 ez-toc-heading-level-3'><a class=\"ez-toc-link ez-toc-heading-50\" href=\"https:\/\/loudavymkrokem.cz\/fi\/kylpylat-saksa-parhaat\/#41_NaturThermeTemplin_Templin\" >41. NaturThermeTemplin (Templin)<\/a><\/li><li class='ez-toc-page-1 ez-toc-heading-level-3'><a class=\"ez-toc-link ez-toc-heading-51\" href=\"https:\/\/loudavymkrokem.cz\/fi\/kylpylat-saksa-parhaat\/#42_Spreewelten_Bad_Lubbenau_Lubbenau\" >42. Spreewelten Bad L\u00fcbbenau (L\u00fcbbenau)<\/a><\/li><li class='ez-toc-page-1 ez-toc-heading-level-3'><a class=\"ez-toc-link ez-toc-heading-52\" href=\"https:\/\/loudavymkrokem.cz\/fi\/kylpylat-saksa-parhaat\/#43_Kristalltherme_Bad_Wilsnack_Bad_Wilsnack\" >43. Kristalltherme Bad Wilsnack (Bad Wilsnack)<\/a><\/li><li class='ez-toc-page-1 ez-toc-heading-level-3'><a class=\"ez-toc-link ez-toc-heading-53\" href=\"https:\/\/loudavymkrokem.cz\/fi\/kylpylat-saksa-parhaat\/#44_vabali_spa_Berlin_Berlin\" >44. vabali spa Berlin (Berlin)<\/a><\/li><\/ul><\/li><li class='ez-toc-page-1 ez-toc-heading-level-2'><a class=\"ez-toc-link ez-toc-heading-54\" href=\"https:\/\/loudavymkrokem.cz\/fi\/kylpylat-saksa-parhaat\/#Kylpylat_pohjoisessa_Itameri_ja_Pohjanmeri\" >Kylpyl\u00e4t pohjoisessa: It\u00e4meri ja Pohjanmeri<\/a><ul class='ez-toc-list-level-3' ><li class='ez-toc-heading-level-3'><a class=\"ez-toc-link ez-toc-heading-55\" href=\"https:\/\/loudavymkrokem.cz\/fi\/kylpylat-saksa-parhaat\/#45_Ostsee-Therme_Scharbeutz\" >45. Ostsee-Therme (Scharbeutz)<\/a><\/li><li class='ez-toc-page-1 ez-toc-heading-level-3'><a class=\"ez-toc-link ez-toc-heading-56\" href=\"https:\/\/loudavymkrokem.cz\/fi\/kylpylat-saksa-parhaat\/#46_Dunen-Therme_St_Peter-Ording\" >46. D\u00fcnen-Therme (St. Peter-Ording)<\/a><\/li><li class='ez-toc-page-1 ez-toc-heading-level-3'><a class=\"ez-toc-link ez-toc-heading-57\" href=\"https:\/\/loudavymkrokem.cz\/fi\/kylpylat-saksa-parhaat\/#47_Ostsee_Therme_Usedom_Ahlbeck\" >47. Ostsee Therme Usedom (Ahlbeck)<\/a><\/li><\/ul><\/li><li class='ez-toc-page-1 ez-toc-heading-level-2'><a class=\"ez-toc-link ez-toc-heading-58\" href=\"https:\/\/loudavymkrokem.cz\/fi\/kylpylat-saksa-parhaat\/#Kylpylat_Saksissa_ja_Thuringenissa\" >Kylpyl\u00e4t Saksissa ja Th\u00fcringeniss\u00e4<\/a><ul class='ez-toc-list-level-3' ><li class='ez-toc-heading-level-3'><a class=\"ez-toc-link ez-toc-heading-59\" href=\"https:\/\/loudavymkrokem.cz\/fi\/kylpylat-saksa-parhaat\/#48_Toskana_Therme_Bad_Schandau_Bad_Schandau\" >48. Toskana Therme Bad Schandau (Bad Schandau)<\/a><\/li><li class='ez-toc-page-1 ez-toc-heading-level-3'><a class=\"ez-toc-link ez-toc-heading-60\" href=\"https:\/\/loudavymkrokem.cz\/fi\/kylpylat-saksa-parhaat\/#49_Toskana_Therme_Bad_Sulza_Bad_Sulza\" >49. Toskana Therme Bad Sulza (Bad Sulza)<\/a><\/li><\/ul><\/li><li class='ez-toc-page-1 ez-toc-heading-level-2'><a class=\"ez-toc-link ez-toc-heading-61\" href=\"https:\/\/loudavymkrokem.cz\/fi\/kylpylat-saksa-parhaat\/#Kylpylat_Rheinland-Pfalzissa\" >Kylpyl\u00e4t Rheinland-Pfalzissa<\/a><ul class='ez-toc-list-level-3' ><li class='ez-toc-heading-level-3'><a class=\"ez-toc-link ez-toc-heading-62\" href=\"https:\/\/loudavymkrokem.cz\/fi\/kylpylat-saksa-parhaat\/#50_Crucenia_Thermen_Bad_Kreuznach\" >50. Crucenia Thermen (Bad Kreuznach)<\/a><\/li><li class='ez-toc-page-1 ez-toc-heading-level-3'><a class=\"ez-toc-link ez-toc-heading-63\" href=\"https:\/\/loudavymkrokem.cz\/fi\/kylpylat-saksa-parhaat\/#51_Emser_Therme_Bad_Ems\" >51. Emser Therme (Bad Ems)<\/a><\/li><\/ul><\/li><li class='ez-toc-page-1 ez-toc-heading-level-2'><a class=\"ez-toc-link ez-toc-heading-64\" href=\"https:\/\/loudavymkrokem.cz\/fi\/kylpylat-saksa-parhaat\/#Kaytannon_opas_mita_ottaa_mukaan_lasten_kanssa_ja_kateinen\" >K\u00e4yt\u00e4nn\u00f6n opas: mit\u00e4 ottaa mukaan, lasten kanssa ja k\u00e4teinen<\/a><\/li><li class='ez-toc-page-1 ez-toc-heading-level-2'><a class=\"ez-toc-link ez-toc-heading-65\" href=\"https:\/\/loudavymkrokem.cz\/fi\/kylpylat-saksa-parhaat\/#Minne_seuraavaksi_lisaa_artikkeleita_kylpyloista_ja_wellnessista\" >Minne seuraavaksi: lis\u00e4\u00e4 artikkeleita kylpyl\u00f6ist\u00e4 ja wellnessist\u00e4<\/a><\/li><li class='ez-toc-page-1 ez-toc-heading-level-2'><a class=\"ez-toc-link ez-toc-heading-66\" href=\"https:\/\/loudavymkrokem.cz\/fi\/kylpylat-saksa-parhaat\/#Usein_kysytyt_kysymykset\" >Usein kysytyt kysymykset<\/a><ul class='ez-toc-list-level-3' ><li class='ez-toc-heading-level-3'><a class=\"ez-toc-link ez-toc-heading-67\" href=\"https:\/\/loudavymkrokem.cz\/fi\/kylpylat-saksa-parhaat\/#Mika_on_Saksan_suurin_kylpyla\" >Mik\u00e4 on Saksan suurin kylpyl\u00e4?<\/a><\/li><li class='ez-toc-page-1 ez-toc-heading-level-3'><a class=\"ez-toc-link ez-toc-heading-68\" href=\"https:\/\/loudavymkrokem.cz\/fi\/kylpylat-saksa-parhaat\/#Paljonko_Saksan_kylpylaan_paasymaksu_maksaa\" >Paljonko Saksan kylpyl\u00e4\u00e4n p\u00e4\u00e4symaksu maksaa?<\/a><\/li><li class='ez-toc-page-1 ez-toc-heading-level-3'><a class=\"ez-toc-link ez-toc-heading-69\" href=\"https:\/\/loudavymkrokem.cz\/fi\/kylpylat-saksa-parhaat\/#Pitaako_saksalaisessa_saunassa_kayda_alasti\" >Pit\u00e4\u00e4k\u00f6 saksalaisessa saunassa k\u00e4yd\u00e4 alasti?<\/a><\/li><li class='ez-toc-page-1 ez-toc-heading-level-3'><a class=\"ez-toc-link ez-toc-heading-70\" href=\"https:\/\/loudavymkrokem.cz\/fi\/kylpylat-saksa-parhaat\/#Mitka_Saksan_kylpylat_ovat_lahimpana_Suomea\" >Mitk\u00e4 Saksan kylpyl\u00e4t ovat l\u00e4himp\u00e4n\u00e4 Suomea?<\/a><\/li><li class='ez-toc-page-1 ez-toc-heading-level-3'><a class=\"ez-toc-link ez-toc-heading-71\" href=\"https:\/\/loudavymkrokem.cz\/fi\/kylpylat-saksa-parhaat\/#Voivatko_lapset_menna_Saksan_kylpyloihin\" >Voivatko lapset menn\u00e4 Saksan kylpyl\u00f6ihin?<\/a><\/li><li class='ez-toc-page-1 ez-toc-heading-level-3'><a class=\"ez-toc-link ez-toc-heading-72\" href=\"https:\/\/loudavymkrokem.cz\/fi\/kylpylat-saksa-parhaat\/#Mita_Bademantelgang_tarkoittaa\" >Mit\u00e4 Bademantelgang tarkoittaa?<\/a><\/li><li class='ez-toc-page-1 ez-toc-heading-level-3'><a class=\"ez-toc-link ez-toc-heading-73\" href=\"https:\/\/loudavymkrokem.cz\/fi\/kylpylat-saksa-parhaat\/#Pitaako_minun_ottaa_mukaan_oma_pyyhe_ja_kylpytakki\" >Pit\u00e4\u00e4k\u00f6 minun ottaa mukaan oma pyyhe ja kylpytakki?<\/a><\/li><li class='ez-toc-page-1 ez-toc-heading-level-3'><a class=\"ez-toc-link ez-toc-heading-74\" href=\"https:\/\/loudavymkrokem.cz\/fi\/kylpylat-saksa-parhaat\/#Milloin_Saksan_kylpyloissa_on_vahiten_vakea\" >Milloin Saksan kylpyl\u00f6iss\u00e4 on v\u00e4hiten v\u00e4ke\u00e4?<\/a><\/li><li class='ez-toc-page-1 ez-toc-heading-level-3'><a class=\"ez-toc-link ez-toc-heading-75\" href=\"https:\/\/loudavymkrokem.cz\/fi\/kylpylat-saksa-parhaat\/#Maksetaanko_Saksassa_kylpylaveroa\" >Maksetaanko Saksassa kylpyl\u00e4veroa?<\/a><\/li><li class='ez-toc-page-1 ez-toc-heading-level-3'><a class=\"ez-toc-link ez-toc-heading-76\" href=\"https:\/\/loudavymkrokem.cz\/fi\/kylpylat-saksa-parhaat\/#Mika_Saksan_kylpyla_sopii_parhaiten_lapsiperheille\" >Mik\u00e4 Saksan kylpyl\u00e4 sopii parhaiten lapsiperheille?<\/a><\/li><\/ul><\/li><\/ul><\/nav><\/div>\n<h3 class=\"wp-block-heading\"><span class=\"ez-toc-section\" id=\"Yhteenveto_niille_joilla_ei_ole_aikaa_lukea_koko_artikkelia\"><\/span>Yhteenveto niille, joilla ei ole aikaa lukea koko artikkelia<span class=\"ez-toc-section-end\"><\/span><\/h3>\n\n\n\n<ul class=\"wp-block-list\">\n\n<li><strong>Suurin ja tunnetuin<\/strong> on Therme Erding Baijerissa, joka oman verkkosivustonsa mukaan on maailman suurin kylpyl\u00e4: 40 allasta ja 38 saunaa sek\u00e4 h\u00f6yrykylpy\u00e4.<\/li>\n\n\n\n<li><strong>Trooppisen paratiisin<\/strong> satoine palmuineen koet kylpyl\u00f6iss\u00e4 Thermen &#038; Badewelt Sinsheim ja Thermen &#038; Badewelt Euskirchen.<\/li>\n\n\n\n<li><strong>L\u00e4himp\u00e4n\u00e4<\/strong> sijaitsevat suosittu Sibyllenbad ja kaunis Toskana Therme Bad Schandau.<\/li>\n\n\n\n<li><strong>Lapsiperheille<\/strong> sopii Erding, kun taas monet muut kylpyl\u00e4t (esimerkiksi Sinsheim) sallivat sis\u00e4\u00e4np\u00e4\u00e4syn tiukasti vasta 16-vuotiaille.<\/li>\n\n\n\n<li><strong>Balilaisen tyylin<\/strong> ja it\u00e4maisen tunnelman nautit Bali Thermess\u00e4 tai vabali spa Berliniss\u00e4.<\/li>\n\n\n\n<li><strong>Tyypillinen hinta<\/strong> kahden tai kolmen tunnin kylpemisest\u00e4 on 15\u201325 euron v\u00e4lill\u00e4.<\/li>\n\n\n\n<li><strong>Saunominen tapahtuu alasti<\/strong>, niin sanottu textilfreie-alue on Saksassa hygieniastandardi, eiv\u00e4tk\u00e4 uima-asut yksinkertaisesti kuulu l\u00f6ylyihin.<\/li>\n\n\n\n<li><strong>Aikatariffit<\/strong> ovat petollisia, sill\u00e4 ne maksetaan tarkalta tuntim\u00e4\u00e4r\u00e4lt\u00e4 ja ylityksest\u00e4 joutuu maksamaan lis\u00e4\u00e4.<\/li>\n\n\n\n<li><strong>Hotelli, jossa on Bademantelgang<\/strong>, on paras keksint\u00f6, sill\u00e4 huoneesta k\u00e4velet suoraan altaalle pelk\u00e4ss\u00e4 kylpytakissa.<\/li>\n\n\n<\/ul>\n\n\n\n<figure data-wp-context=\"{&quot;imageId&quot;:&quot;6a9c552047cd2&quot;}\" data-wp-interactive=\"core\/image\" data-wp-key=\"6a9c552047cd2\" class=\"wp-block-image size-full wp-lightbox-container\"><img decoding=\"async\" width=\"1800\" height=\"1201\" data-wp-class--hide=\"state.isContentHidden\" data-wp-class--show=\"state.isContentVisible\" data-wp-init=\"callbacks.setButtonStyles\" data-wp-on--click=\"actions.showLightbox\" data-wp-on--load=\"callbacks.setButtonStyles\" data-wp-on--pointerdown=\"actions.preloadImage\" data-wp-on--pointerenter=\"actions.preloadImageWithDelay\" data-wp-on--pointerleave=\"actions.cancelPreload\" data-wp-on-window--resize=\"callbacks.setButtonStyles\" src=\"https:\/\/loudavymkrokem.cz\/wp-content\/uploads\/2026\/09\/nemecko-clanky-termaly-nemecko-02-a0bf9c2b.jpg\" alt=\"Aufguss-saunaseremonia Thermen &#038; Badewelt Sinsheimin saunamaisemassa\" class=\"wp-image-415289\" title=\"\" srcset=\"https:\/\/loudavymkrokem.cz\/wp-content\/uploads\/2026\/09\/nemecko-clanky-termaly-nemecko-02-a0bf9c2b.jpg 1800w, https:\/\/loudavymkrokem.cz\/wp-content\/uploads\/2026\/09\/nemecko-clanky-termaly-nemecko-02-a0bf9c2b-300x200.jpg 300w, https:\/\/loudavymkrokem.cz\/wp-content\/uploads\/2026\/09\/nemecko-clanky-termaly-nemecko-02-a0bf9c2b-700x467.jpg 700w, https:\/\/loudavymkrokem.cz\/wp-content\/uploads\/2026\/09\/nemecko-clanky-termaly-nemecko-02-a0bf9c2b-768x512.jpg 768w, https:\/\/loudavymkrokem.cz\/wp-content\/uploads\/2026\/09\/nemecko-clanky-termaly-nemecko-02-a0bf9c2b-1536x1025.jpg 1536w, https:\/\/loudavymkrokem.cz\/wp-content\/uploads\/2026\/09\/nemecko-clanky-termaly-nemecko-02-a0bf9c2b-696x464.jpg 696w, https:\/\/loudavymkrokem.cz\/wp-content\/uploads\/2026\/09\/nemecko-clanky-termaly-nemecko-02-a0bf9c2b-1392x929.jpg 1392w\" sizes=\"(max-width: 1800px) 100vw, 1800px\" \/><button\n\t\t\tclass=\"lightbox-trigger\"\n\t\t\ttype=\"button\"\n\t\t\taria-haspopup=\"dialog\"\n\t\t\tdata-wp-bind--aria-label=\"state.thisImage.triggerButtonAriaLabel\"\n\t\t\tdata-wp-init=\"callbacks.initTriggerButton\"\n\t\t\tdata-wp-on--click=\"actions.showLightbox\"\n\t\t\tdata-wp-style--right=\"state.thisImage.buttonRight\"\n\t\t\tdata-wp-style--top=\"state.thisImage.buttonTop\"\n\t\t>\n\t\t\t<svg xmlns=\"http:\/\/www.w3.org\/2000\/svg\" width=\"12\" height=\"12\" fill=\"none\" viewBox=\"0 0 12 12\">\n\t\t\t\t<path fill=\"#fff\" d=\"M2 0a2 2 0 0 0-2 2v2h1.5V2a.5.5 0 0 1 .5-.5h2V0H2Zm2 10.5H2a.5.5 0 0 1-.5-.5V8H0v2a2 2 0 0 0 2 2h2v-1.5ZM8 12v-1.5h2a.5.5 0 0 0 .5-.5V8H12v2a2 2 0 0 1-2 2H8Zm2-12a2 2 0 0 1 2 2v2h-1.5V2a.5.5 0 0 0-.5-.5H8V0h2Z\" \/>\n\t\t\t<\/svg>\n\t\t<\/button><\/figure>\n\n\n\n<h2 class=\"wp-block-heading\"><span class=\"ez-toc-section\" id=\"Miten_saksalaiset_kylpylat_toimivat_ja_missa_ne_eroavat\"><\/span>Miten saksalaiset kylpyl\u00e4t toimivat (ja miss\u00e4 ne eroavat)<span class=\"ez-toc-section-end\"><\/span><\/h2>\n\n\n\n<p class=\"wp-block-paragraph\">Saksassa sis\u00e4\u00e4np\u00e4\u00e4sy\u00e4 ostetaan harvoin suoraan koko p\u00e4iv\u00e4ksi. T\u00e4ysin normaaleja ovat <strong>kahden tai nelj\u00e4n tunnin tariffit<\/strong>, jolloin aika juoksee armotta jo portista sis\u00e4\u00e4n astuttaessa. Jos unohdut porealtaaseen, mit\u00e4\u00e4n hirve\u00e4\u00e4 ei tapahdu, mutta varaudu siihen, ett\u00e4 sinulta laskutetaan <strong>lis\u00e4maksu ylityksest\u00e4<\/strong>. Esimerkiksi Europa Therme Bad F\u00fcssingiss\u00e4 se on euro jokaiselta alkavalta puolelta tunnilta.<\/p>\n\n\n\n<p class=\"wp-block-paragraph\">Toinen iso ero on alueiden jako. Pelkk\u00e4 sis\u00e4\u00e4np\u00e4\u00e4sy koskee yleens\u00e4 vain kylpyaltaita, ja saunoista maksetaan lis\u00e4\u00e4. Voit siis ostaa joko <strong>erillisen lipun tai edullisemman yhdistelm\u00e4tariffin<\/strong>. Heti kun kuljet ovista saunamaailmaan, uima-asu t\u00e4ytyy j\u00e4tt\u00e4\u00e4 naulaan, sill\u00e4 saksalaiset saunat ovat <strong>tiukasti niin sanotusti textilfreie<\/strong> (ilman uima-asua).<\/p>\n\n\n\n<p class=\"wp-block-paragraph\">Hygienian kultainen s\u00e4\u00e4nt\u00f6 on <strong>pakollinen pyyhe koko vartalon alle<\/strong>. Saunaan et saa istua paljaalla iholla suoraan puulle, jalkapohjat mukaan lukien, joten todella iso pyyhe on ehdoton v\u00e4ltt\u00e4m\u00e4tt\u00f6myys. Jos sinulla ei ole sellaista, useimmissa kylpyl\u00f6iss\u00e4 toimii <strong>kylpytakkien ja pyyhkeiden vuokraus<\/strong>, joissa ne tarjotaan mielell\u00e4\u00e4n maksua ja palautettavaa panttia vastaan.<\/p>\n\n\n\n<p class=\"wp-block-paragraph\">Oma lukunsa ovat saunaseremoniat, joita saksaksi kutsutaan nimell\u00e4 Aufguss. Niit\u00e4 johtaa <strong>kokenut Saunameister<\/strong> tarkasti aikataulun mukaan, joka roikkuu jokaisen kabiinin vieress\u00e4. Kun ovet sulkeutuvat ja kivien l\u00f6ylytt\u00e4minen alkaa, <strong>kukaan ei en\u00e4\u00e4 p\u00e4\u00e4st\u00e4 sinua sis\u00e4\u00e4n<\/strong>, joten kannattaa tulla hieman etuajassa.<\/p>\n\n\n\n<p class=\"wp-block-paragraph\">Koko vierailu on lis\u00e4ksi \u00e4\u00e4rimm\u00e4isen huoleton \u00e4lykk\u00e4iden teknologioiden ansiosta. Lompakon sijaan nimitt\u00e4in <strong>saat sirun tai rannekkeen<\/strong>, jolla lukitset lokeron ja maksat kahvin tai hieronnan. Naisten kannattaa tiet\u00e4\u00e4, ett\u00e4 monet kylpyl\u00e4t, kuten esimerkiksi Bodensee-Therme Konstanz, tarjoavat my\u00f6s <strong>erityisi\u00e4 naisten saunap\u00e4ivi\u00e4<\/strong>, jolloin koko tila on varattu vain heille.<\/p>\n\n\n\n<figure data-wp-context=\"{&quot;imageId&quot;:&quot;6a9c55204824c&quot;}\" data-wp-interactive=\"core\/image\" data-wp-key=\"6a9c55204824c\" class=\"wp-block-image size-full wp-lightbox-container\"><img decoding=\"async\" width=\"1800\" height=\"1012\" data-wp-class--hide=\"state.isContentHidden\" data-wp-class--show=\"state.isContentVisible\" data-wp-init=\"callbacks.setButtonStyles\" data-wp-on--click=\"actions.showLightbox\" data-wp-on--load=\"callbacks.setButtonStyles\" data-wp-on--pointerdown=\"actions.preloadImage\" data-wp-on--pointerenter=\"actions.preloadImageWithDelay\" data-wp-on--pointerleave=\"actions.cancelPreload\" data-wp-on-window--resize=\"callbacks.setButtonStyles\" src=\"https:\/\/loudavymkrokem.cz\/wp-content\/uploads\/2026\/09\/nemecko-clanky-termaly-nemecko-03-ffbe5d3a.jpg\" alt=\"It\u00e4maistyylinen sis\u00e4allas Mediteranan saunamaailmassa\" class=\"wp-image-415290\" title=\"\" srcset=\"https:\/\/loudavymkrokem.cz\/wp-content\/uploads\/2026\/09\/nemecko-clanky-termaly-nemecko-03-ffbe5d3a.jpg 1800w, https:\/\/loudavymkrokem.cz\/wp-content\/uploads\/2026\/09\/nemecko-clanky-termaly-nemecko-03-ffbe5d3a-300x169.jpg 300w, https:\/\/loudavymkrokem.cz\/wp-content\/uploads\/2026\/09\/nemecko-clanky-termaly-nemecko-03-ffbe5d3a-700x394.jpg 700w, https:\/\/loudavymkrokem.cz\/wp-content\/uploads\/2026\/09\/nemecko-clanky-termaly-nemecko-03-ffbe5d3a-768x432.jpg 768w, https:\/\/loudavymkrokem.cz\/wp-content\/uploads\/2026\/09\/nemecko-clanky-termaly-nemecko-03-ffbe5d3a-1536x864.jpg 1536w, https:\/\/loudavymkrokem.cz\/wp-content\/uploads\/2026\/09\/nemecko-clanky-termaly-nemecko-03-ffbe5d3a-696x391.jpg 696w, https:\/\/loudavymkrokem.cz\/wp-content\/uploads\/2026\/09\/nemecko-clanky-termaly-nemecko-03-ffbe5d3a-1392x783.jpg 1392w\" sizes=\"(max-width: 1800px) 100vw, 1800px\" \/><button\n\t\t\tclass=\"lightbox-trigger\"\n\t\t\ttype=\"button\"\n\t\t\taria-haspopup=\"dialog\"\n\t\t\tdata-wp-bind--aria-label=\"state.thisImage.triggerButtonAriaLabel\"\n\t\t\tdata-wp-init=\"callbacks.initTriggerButton\"\n\t\t\tdata-wp-on--click=\"actions.showLightbox\"\n\t\t\tdata-wp-style--right=\"state.thisImage.buttonRight\"\n\t\t\tdata-wp-style--top=\"state.thisImage.buttonTop\"\n\t\t>\n\t\t\t<svg xmlns=\"http:\/\/www.w3.org\/2000\/svg\" width=\"12\" height=\"12\" fill=\"none\" viewBox=\"0 0 12 12\">\n\t\t\t\t<path fill=\"#fff\" d=\"M2 0a2 2 0 0 0-2 2v2h1.5V2a.5.5 0 0 1 .5-.5h2V0H2Zm2 10.5H2a.5.5 0 0 1-.5-.5V8H0v2a2 2 0 0 0 2 2h2v-1.5ZM8 12v-1.5h2a.5.5 0 0 0 .5-.5V8H12v2a2 2 0 0 1-2 2H8Zm2-12a2 2 0 0 1 2 2v2h-1.5V2a.5.5 0 0 0-.5-.5H8V0h2Z\" \/>\n\t\t\t<\/svg>\n\t\t<\/button><\/figure>\n\n\n\n<h2 class=\"wp-block-heading\"><span class=\"ez-toc-section\" id=\"Paljonko_se_maksaa_ja_milloin_lahtea\"><\/span>Paljonko se maksaa ja milloin l\u00e4hte\u00e4<span class=\"ez-toc-section-end\"><\/span><\/h2>\n\n\n\n<p class=\"wp-block-paragraph\">Hinnat (vuoden 2026 hinnastojen mukaan) riippuvat ymm\u00e4rrett\u00e4v\u00e4sti siit\u00e4, millaista ylellisyytt\u00e4 hemmottelet itse\u00e4si. <strong>Halvimmat kylpyl\u00e4t<\/strong>, kuten Sibyllenbad, maksavat vain 9 euroa kahdesta tunnista. Suurin osa perinteisist\u00e4 kylpyl\u00f6ist\u00e4 liikkuu lyhyemm\u00e4ll\u00e4 sis\u00e4\u00e4np\u00e4\u00e4syll\u00e4 noin 15\u201320 eurossa. Sen sijaan <strong>j\u00e4ttim\u00e4isist\u00e4 trooppisista kokonaisuuksista<\/strong> kuten Therme Bad W\u00f6rishofen maksat huoletta jopa 51 euroa koko p\u00e4iv\u00e4n lipusta. Hinnat voivat tietysti ajan my\u00f6t\u00e4 muuttua.<\/p>\n\n\n\n<p class=\"wp-block-paragraph\">Jos haluat s\u00e4\u00e4st\u00e4\u00e4 hieman, kannattaa tutkia erikoistarjouksia. Monet paikat tarjoavat <strong>edullisia aamu- tai iltatariffeja<\/strong>, joita kutsutaan usein nimell\u00e4 Feierabendtarif. Sen sijaan viikonloput ja arkipyh\u00e4t ovat kalliimpia, sill\u00e4 yll\u00e4pit\u00e4j\u00e4t laskuttavat perushintaan yleens\u00e4 <strong>viikonloppulis\u00e4n<\/strong>, joka on kahdesta kolmeen euroa.<\/p>\n\n\n\n<p class=\"wp-block-paragraph\">Lapsiperheiden kannattaa tarkistaa etuk\u00e4teen, ottavatko kylpyl\u00e4t ylip\u00e4\u00e4t\u00e4\u00e4n lapsivieraita vastaan. Kun jotkut alueet myyv\u00e4t <strong>edullisia perhetariffeja<\/strong>, toisaalla, kuten ylellisiss\u00e4 Badewelt-kylpyl\u00f6iss\u00e4, on voimassa tiukka ik\u00e4raja 16 vuotta. Suurimman rauhan nautit <strong>arkiaamup\u00e4ivin\u00e4<\/strong>, ihanteellisesti Saksan vilkkaiden koululomien ulkopuolella.<\/p>\n\n\n\n<p class=\"wp-block-paragraph\">Talvikaudella ulkona olevat kuumat altaat pursuavat tietysti t\u00e4ynn\u00e4, joten kes\u00e4kuukaudet lupaavat paljon rauhallisempaa tunnelmaa. Muista my\u00f6s, ett\u00e4 kylpyl\u00e4kaupungeissa maksetaan majoitusmaksu nimelt\u00e4 Kurbeitrag. Sit\u00e4 vastaan kuitenkin <strong>saat k\u00e4tev\u00e4n G\u00e4stekarten<\/strong>, jolla sinulla on usein oikeus mukaviin alennuksiin sis\u00e4\u00e4np\u00e4\u00e4syst\u00e4.<\/p>\n\n\n\n<figure data-wp-context=\"{&quot;imageId&quot;:&quot;6a9c552048a20&quot;}\" data-wp-interactive=\"core\/image\" data-wp-key=\"6a9c552048a20\" class=\"wp-block-image size-full wp-lightbox-container\"><img decoding=\"async\" width=\"1800\" height=\"1201\" data-wp-class--hide=\"state.isContentHidden\" data-wp-class--show=\"state.isContentVisible\" data-wp-init=\"callbacks.setButtonStyles\" data-wp-on--click=\"actions.showLightbox\" data-wp-on--load=\"callbacks.setButtonStyles\" data-wp-on--pointerdown=\"actions.preloadImage\" data-wp-on--pointerenter=\"actions.preloadImageWithDelay\" data-wp-on--pointerleave=\"actions.cancelPreload\" data-wp-on-window--resize=\"callbacks.setButtonStyles\" src=\"https:\/\/loudavymkrokem.cz\/wp-content\/uploads\/2026\/09\/nemecko-clanky-termaly-nemecko-04-a6d37903.jpg\" alt=\"Vieras kylpytakissa Thermen &#038; Badewelt Euskirchenin puutarhassa\" class=\"wp-image-415291\" title=\"\" srcset=\"https:\/\/loudavymkrokem.cz\/wp-content\/uploads\/2026\/09\/nemecko-clanky-termaly-nemecko-04-a6d37903.jpg 1800w, https:\/\/loudavymkrokem.cz\/wp-content\/uploads\/2026\/09\/nemecko-clanky-termaly-nemecko-04-a6d37903-300x200.jpg 300w, https:\/\/loudavymkrokem.cz\/wp-content\/uploads\/2026\/09\/nemecko-clanky-termaly-nemecko-04-a6d37903-700x467.jpg 700w, https:\/\/loudavymkrokem.cz\/wp-content\/uploads\/2026\/09\/nemecko-clanky-termaly-nemecko-04-a6d37903-768x512.jpg 768w, https:\/\/loudavymkrokem.cz\/wp-content\/uploads\/2026\/09\/nemecko-clanky-termaly-nemecko-04-a6d37903-1536x1025.jpg 1536w, https:\/\/loudavymkrokem.cz\/wp-content\/uploads\/2026\/09\/nemecko-clanky-termaly-nemecko-04-a6d37903-696x464.jpg 696w, https:\/\/loudavymkrokem.cz\/wp-content\/uploads\/2026\/09\/nemecko-clanky-termaly-nemecko-04-a6d37903-1392x929.jpg 1392w\" sizes=\"(max-width: 1800px) 100vw, 1800px\" \/><button\n\t\t\tclass=\"lightbox-trigger\"\n\t\t\ttype=\"button\"\n\t\t\taria-haspopup=\"dialog\"\n\t\t\tdata-wp-bind--aria-label=\"state.thisImage.triggerButtonAriaLabel\"\n\t\t\tdata-wp-init=\"callbacks.initTriggerButton\"\n\t\t\tdata-wp-on--click=\"actions.showLightbox\"\n\t\t\tdata-wp-style--right=\"state.thisImage.buttonRight\"\n\t\t\tdata-wp-style--top=\"state.thisImage.buttonTop\"\n\t\t>\n\t\t\t<svg xmlns=\"http:\/\/www.w3.org\/2000\/svg\" width=\"12\" height=\"12\" fill=\"none\" viewBox=\"0 0 12 12\">\n\t\t\t\t<path fill=\"#fff\" d=\"M2 0a2 2 0 0 0-2 2v2h1.5V2a.5.5 0 0 1 .5-.5h2V0H2Zm2 10.5H2a.5.5 0 0 1-.5-.5V8H0v2a2 2 0 0 0 2 2h2v-1.5ZM8 12v-1.5h2a.5.5 0 0 0 .5-.5V8H12v2a2 2 0 0 1-2 2H8Zm2-12a2 2 0 0 1 2 2v2h-1.5V2a.5.5 0 0 0-.5-.5H8V0h2Z\" \/>\n\t\t\t<\/svg>\n\t\t<\/button><\/figure>\n\n\n\n<h2 class=\"wp-block-heading\"><span class=\"ez-toc-section\" id=\"Missa_majoittua_hotelli_jossa_on_Bademantelgang\"><\/span>Miss\u00e4 majoittua: hotelli, jossa on Bademantelgang<span class=\"ez-toc-section-end\"><\/span><\/h2>\n\n\n\n<p class=\"wp-block-paragraph\"><em>\ud83d\udca1 Vinkki majoitukseen ja el\u00e4myksiin: Majoitusta paikan p\u00e4\u00e4ll\u00e4 <a href=\"https:\/\/www.stay22.com\/allez\/roam?aid=lukaskonecny&#038;campaign=loudavymkrokemcz&#038;address=N%C4%9Bmecko\" target=\"_blank\" rel=\"nofollow noopener sponsored\">vertailemme t\u00e4\u00e4ll\u00e4<\/a>, jotta n\u00e4et, mik\u00e4 on vapaana ja mihin hintaan. Etsimme sit\u00e4 mieluiten sivustolta <a href=\"https:\/\/www.booking.com\/searchresults.html?ss=N%C4%9Bmecko&#038;aid=2397601\" target=\"_blank\" rel=\"nofollow noopener sponsored\">Booking.com<\/a>, jossa on yleens\u00e4 parhaat peruutusehdot. Liput, retket ja aktiviteetit kannattaa taas vertailla ja ostaa palvelun <a href=\"https:\/\/www.getyourguide.com\/s\/?q=N%C4%9Bmecko&#038;partner_id=MKZ64IS\" target=\"_blank\" rel=\"nofollow noopener sponsored\">GetYourGuide<\/a> kautta.<\/em><\/p>\n\n\n\n<p class=\"wp-block-paragraph\">Jos on jokin, joka nostaa kylpyl\u00e4viikonlopun aivan uudelle tasolle, se on niin sanottu Bademantelgang. Se tarkoittaa kirjaimellisesti <strong>kylpytakkik\u00e4yt\u00e4v\u00e4\u00e4<\/strong> ja on lasitettu tai maanalainen tunneli, joka yhdist\u00e4\u00e4 hotellisi suoraan kylpyl\u00e4\u00e4n. Aamulla nouset vain s\u00e4ngyst\u00e4, pujautat kylpytakin p\u00e4\u00e4lle ja <strong>tossuissa k\u00e4velet suoraan altaalle<\/strong>.<\/p>\n\n\n\n<p class=\"wp-block-paragraph\">N\u00e4in v\u00e4ltyt monimutkaiselta pukeutumiselta, tavaroiden pakkaamiselta lokeroihin ja kadun ylitt\u00e4miselt\u00e4 talvipakkasessa. Suurin osa n\u00e4ist\u00e4 majoituksista tarjoaa lis\u00e4ksi <strong>p\u00e4\u00e4syn altaille suoraan y\u00f6pymisen hinnassa<\/strong>, mik\u00e4 lopulta kannattaa valtavasti. Kaikki n\u00e4m\u00e4 aarteet voit lis\u00e4ksi helposti etsi\u00e4 ja varata Bookingin kautta, jossa n\u00e4et heti my\u00f6s aidot arvostelut.<\/p>\n\n\n\n<p class=\"wp-block-paragraph\"><strong><a href=\"https:\/\/www.stay22.com\/allez\/roam?aid=lukaskonecny&#038;campaign=loudavymkrokemcz&#038;campaign=termaly-nemecko&#038;hotelname=Hotel%20Victory%20Therme%20Erding&#038;address=Erding%2C%20Nemecko\" target=\"_blank\" rel=\"noopener nofollow sponsored\">Hotel Victory Therme Erding<\/a><\/strong> baijerilaisessa Erdingiss\u00e4 sijaitsee suoraan j\u00e4ttim\u00e4isen kylpyl\u00e4kokonaisuuden sis\u00e4ll\u00e4. Huoneet muistuttavat kuuluisan HMS Victory -laivan tai venetsialaisen palazzon j\u00e4ljitelm\u00e4\u00e4, ja hotellin vieraat saavat <strong>y\u00f6n hinnassa my\u00f6s suoran p\u00e4\u00e4syn aulasta<\/strong> kylpyl\u00f6ihin, mukaan lukien VitalOase- ja VitalTherme &#038; Saunen -alueet.<\/p>\n\n\n\n<p class=\"wp-block-paragraph\"><strong><a href=\"https:\/\/www.stay22.com\/allez\/roam?aid=lukaskonecny&#038;campaign=loudavymkrokemcz&#038;campaign=termaly-nemecko&#038;hotelname=Thermenhotel%20Gass&#038;address=Bad%20Fussing%2C%20Nemecko\" target=\"_blank\" rel=\"noopener nofollow sponsored\">Thermenhotel Gass<\/a><\/strong> baijerilaisessa Bad F\u00fcssingiss\u00e4 on kolmen t\u00e4hden superior-hotelli ja yksi harvoista paikoista kaupungissa, jolla on omat altaat. Ne <strong>t\u00e4ytet\u00e4\u00e4n termaalisella rikkivedell\u00e4<\/strong>, joka pumpataan suoraan suositusta Therme 1:st\u00e4, ja t\u00e4\u00e4lt\u00e4 l\u00f6yd\u00e4t my\u00f6s loistavan wellness-osaston, jossa on biosauna, suomalainen sauna, infrakabinetti ja h\u00f6yrykylpy.<\/p>\n\n\n\n<p class=\"wp-block-paragraph\"><strong><a href=\"https:\/\/www.stay22.com\/allez\/roam?aid=lukaskonecny&#038;campaign=loudavymkrokemcz&#038;campaign=termaly-nemecko&#038;hotelname=Hotel%20an%20der%20Therme%20Bad%20Sulza&#038;address=Bad%20Sulza%2C%20Nemecko\" target=\"_blank\" rel=\"noopener nofollow sponsored\">Hotel an der Therme Bad Sulza<\/a><\/strong> Th\u00fcringeniss\u00e4 kuuluu Toskanaworld-ryhm\u00e4\u00e4n, ja itse Toskana Thermeen sen yhdist\u00e4\u00e4 juuri unelmien Bademantelgang. Y\u00f6pymisen hinnassa sinulla on <strong>v\u00e4lit\u00f6n p\u00e4\u00e4sy kylpyl\u00f6ihin, saunamaailma mukaan lukien<\/strong>, ja sinua ilahduttaa varmasti my\u00f6s erinomainen aamiainen tai tilavat remontoidut huoneet.<\/p>\n\n\n\n<p class=\"wp-block-paragraph\"><strong><a href=\"https:\/\/www.stay22.com\/allez\/roam?aid=lukaskonecny&#038;campaign=loudavymkrokemcz&#038;campaign=termaly-nemecko&#038;hotelname=Mauritius%20Hotel%20%26%20Therme&#038;address=Kolin%20nad%20Rynem%2C%20Nemecko\" target=\"_blank\" rel=\"noopener nofollow sponsored\">Mauritius Hotel &#038; Therme<\/a><\/strong> sijaitsee suoraan K\u00f6lniss\u00e4 ja ylpeilee nelj\u00e4ll\u00e4 t\u00e4hdell\u00e4 sek\u00e4 valtavalla 3 500 neli\u00f6metrin wellness-osastolla. T\u00e4\u00e4lt\u00e4 l\u00f6yd\u00e4t seitsem\u00e4n saunaa, kaksi porealtaata ja <strong>ulkoaltaan Kuolleenmeren suolalla<\/strong>, jolloin hotellivieras maksaa t\u00e4st\u00e4 ylellisyydest\u00e4 vain vaatimattomat 10 euroa p\u00e4iv\u00e4ss\u00e4 (my\u00f6s l\u00e4ht\u00f6p\u00e4iv\u00e4n\u00e4).<\/p>\n\n\n\n<p class=\"wp-block-paragraph\"><strong><a href=\"https:\/\/www.stay22.com\/allez\/roam?aid=lukaskonecny&#038;campaign=loudavymkrokemcz&#038;campaign=termaly-nemecko&#038;hotelname=Hotel%20Zum%20Rittmeister&#038;address=Werder%20Havel%2C%20Nemecko\" target=\"_blank\" rel=\"noopener nofollow sponsored\">Hotel Zum Rittmeister<\/a><\/strong> brandenburgilaisessa Werderin kaupungissa tarjoaa 35 viihtyis\u00e4\u00e4 huonetta ja erinomaisia aamiaisia paikallisista alueellisista tuotteista. Majoittuneet vieraat saavat t\u00e4\u00e4ll\u00e4 kylpyl\u00e4maksun maksettuaan ja G\u00e4stekarten esitetty\u00e4\u00e4n <strong>alennetun p\u00e4\u00e4syn l\u00e4heiseen Havel Thermeen<\/strong>, erityisesti arkip\u00e4ivin\u00e4.<\/p>\n\n\n\n<p class=\"wp-block-paragraph\"><strong><a href=\"https:\/\/www.stay22.com\/allez\/roam?aid=lukaskonecny&#038;campaign=loudavymkrokemcz&#038;campaign=termaly-nemecko&#038;hotelname=Hotel%20Palatin&#038;address=Wiesloch%2C%20Nemecko\" target=\"_blank\" rel=\"noopener nofollow sponsored\">Hotel Palatin<\/a><\/strong> Baden-W\u00fcrttembergin Wieslochissa toimii kuuluisan kokonaisuuden Thermen &#038; Badewelt Sinsheim virallisena yhteisty\u00f6hotellina. Se tarjoaa eritt\u00e4in <strong>edullisia paketteja y\u00f6n ja aamiaisen kera<\/strong>, jotka sis\u00e4lt\u00e4v\u00e4t suoraan my\u00f6s lipun kylpyl\u00f6ihin, ja jo 79 eurosta henkil\u00f6lt\u00e4.<\/p>\n\n\n\n<p class=\"wp-block-paragraph\"><strong>\ud83d\udca1 Vinkki:<\/strong> Jos kokeilet mielell\u00e4si uutuuksia, VitaSol Therme -kylpyl\u00e4n viereen Bad Salzufleniss\u00e4 <strong>rakennetaan kes\u00e4st\u00e4 2025 l\u00e4htien upouutta nelj\u00e4n t\u00e4hden hotellia<\/strong>, jossa on sata huonetta. Sen valmistuminen on suunniteltu vuodelle 2027 ja siit\u00e4 tulee varmasti aivan mahtava.<\/p>\n\n\n\n<figure data-wp-context=\"{&quot;imageId&quot;:&quot;6a9c552049376&quot;}\" data-wp-interactive=\"core\/image\" data-wp-key=\"6a9c552049376\" class=\"wp-block-image size-full wp-lightbox-container\"><img decoding=\"async\" width=\"1800\" height=\"1397\" data-wp-class--hide=\"state.isContentHidden\" data-wp-class--show=\"state.isContentVisible\" data-wp-init=\"callbacks.setButtonStyles\" data-wp-on--click=\"actions.showLightbox\" data-wp-on--load=\"callbacks.setButtonStyles\" data-wp-on--pointerdown=\"actions.preloadImage\" data-wp-on--pointerenter=\"actions.preloadImageWithDelay\" data-wp-on--pointerleave=\"actions.cancelPreload\" data-wp-on-window--resize=\"callbacks.setButtonStyles\" src=\"https:\/\/loudavymkrokem.cz\/wp-content\/uploads\/2026\/09\/nemecko-clanky-termaly-nemecko-05-08e1f8c8.jpg\" alt=\"Ulkoallas palmuineen Therme Erdingiss\u00e4 Baijerissa\" class=\"wp-image-415292\" title=\"\" srcset=\"https:\/\/loudavymkrokem.cz\/wp-content\/uploads\/2026\/09\/nemecko-clanky-termaly-nemecko-05-08e1f8c8.jpg 1800w, https:\/\/loudavymkrokem.cz\/wp-content\/uploads\/2026\/09\/nemecko-clanky-termaly-nemecko-05-08e1f8c8-300x233.jpg 300w, https:\/\/loudavymkrokem.cz\/wp-content\/uploads\/2026\/09\/nemecko-clanky-termaly-nemecko-05-08e1f8c8-700x543.jpg 700w, https:\/\/loudavymkrokem.cz\/wp-content\/uploads\/2026\/09\/nemecko-clanky-termaly-nemecko-05-08e1f8c8-768x596.jpg 768w, https:\/\/loudavymkrokem.cz\/wp-content\/uploads\/2026\/09\/nemecko-clanky-termaly-nemecko-05-08e1f8c8-1536x1192.jpg 1536w, https:\/\/loudavymkrokem.cz\/wp-content\/uploads\/2026\/09\/nemecko-clanky-termaly-nemecko-05-08e1f8c8-696x540.jpg 696w, https:\/\/loudavymkrokem.cz\/wp-content\/uploads\/2026\/09\/nemecko-clanky-termaly-nemecko-05-08e1f8c8-1392x1080.jpg 1392w\" sizes=\"(max-width: 1800px) 100vw, 1800px\" \/><button\n\t\t\tclass=\"lightbox-trigger\"\n\t\t\ttype=\"button\"\n\t\t\taria-haspopup=\"dialog\"\n\t\t\tdata-wp-bind--aria-label=\"state.thisImage.triggerButtonAriaLabel\"\n\t\t\tdata-wp-init=\"callbacks.initTriggerButton\"\n\t\t\tdata-wp-on--click=\"actions.showLightbox\"\n\t\t\tdata-wp-style--right=\"state.thisImage.buttonRight\"\n\t\t\tdata-wp-style--top=\"state.thisImage.buttonTop\"\n\t\t>\n\t\t\t<svg xmlns=\"http:\/\/www.w3.org\/2000\/svg\" width=\"12\" height=\"12\" fill=\"none\" viewBox=\"0 0 12 12\">\n\t\t\t\t<path fill=\"#fff\" d=\"M2 0a2 2 0 0 0-2 2v2h1.5V2a.5.5 0 0 1 .5-.5h2V0H2Zm2 10.5H2a.5.5 0 0 1-.5-.5V8H0v2a2 2 0 0 0 2 2h2v-1.5ZM8 12v-1.5h2a.5.5 0 0 0 .5-.5V8H12v2a2 2 0 0 1-2 2H8Zm2-12a2 2 0 0 1 2 2v2h-1.5V2a.5.5 0 0 0-.5-.5H8V0h2Z\" \/>\n\t\t\t<\/svg>\n\t\t<\/button><figcaption class=\"wp-element-caption\">Kuva: Therme Erding \/ Wikimedia Commons, CC BY-SA 3.0<\/figcaption><\/figure>\n\n\n\n<h2 class=\"wp-block-heading\"><span class=\"ez-toc-section\" id=\"Kylpylat_etela-Saksassa_Baijeri\"><\/span>Kylpyl\u00e4t etel\u00e4-Saksassa: Baijeri<span class=\"ez-toc-section-end\"><\/span><\/h2>\n\n\n\n<p class=\"wp-block-paragraph\">Baijeri on kylpyl\u00e4suurvalta: yhdess\u00e4 paikassa on rinnakkain trooppisia kokonaisuuksia liukum\u00e4kineen sek\u00e4 rauhallisia kylpyl\u00e4kaupunkeja, joissa vett\u00e4 juodaan yht\u00e4 usein kuin siin\u00e4 istutaankin. T\u00e4\u00e4lt\u00e4 l\u00f6yd\u00e4t yll\u00e4pit\u00e4j\u00e4n mukaan maailman suurimman kylpyl\u00e4alueen, ja tunnetut kylpyl\u00e4kaupungit kuten Bad F\u00fcssing, Bad Griesbach tai Bad Kissingen tarjoavat kaikkein laajimman valikoiman kylpemist\u00e4 koko Saksassa. Etuna on, ett\u00e4 monet n\u00e4ist\u00e4 kokonaisuuksista sijaitsevat l\u00e4hell\u00e4.<\/p>\n\n\n\n<p class=\"wp-block-paragraph\">Suomalaiselle helpoiten saavutettavia ovat alueet Bad F\u00fcssingiss\u00e4 ja Neualbenreuthissa. Ne ovat aivan ihanteellinen valinta, jos harkitset nopeaa viikonlopun pakomatkaa talvea ja stressi\u00e4 pakoon. Varaudu siihen, ett\u00e4 baijerilaiset kylpyl\u00e4t ovat valtavia, moderneja ja niiss\u00e4 on usein tiukat s\u00e4\u00e4nn\u00f6t lasten sis\u00e4\u00e4np\u00e4\u00e4sylle, joten tarkista aina etuk\u00e4teen, kenelle kyseinen paikka parhaiten sopii.<\/p>\n\n\n\n<figure data-wp-context=\"{&quot;imageId&quot;:&quot;6a9c55204997a&quot;}\" data-wp-interactive=\"core\/image\" data-wp-key=\"6a9c55204997a\" class=\"wp-block-image size-full wp-lightbox-container\"><img decoding=\"async\" width=\"1800\" height=\"1350\" data-wp-class--hide=\"state.isContentHidden\" data-wp-class--show=\"state.isContentVisible\" data-wp-init=\"callbacks.setButtonStyles\" data-wp-on--click=\"actions.showLightbox\" data-wp-on--load=\"callbacks.setButtonStyles\" data-wp-on--pointerdown=\"actions.preloadImage\" data-wp-on--pointerenter=\"actions.preloadImageWithDelay\" data-wp-on--pointerleave=\"actions.cancelPreload\" data-wp-on-window--resize=\"callbacks.setButtonStyles\" src=\"https:\/\/loudavymkrokem.cz\/wp-content\/uploads\/2026\/09\/nemecko-clanky-termaly-nemecko-06-89de543b.jpg\" alt=\"Therme Erding (Erding): trooppinen allas palmuineen\" class=\"wp-image-415293\" title=\"\" srcset=\"https:\/\/loudavymkrokem.cz\/wp-content\/uploads\/2026\/09\/nemecko-clanky-termaly-nemecko-06-89de543b.jpg 1800w, https:\/\/loudavymkrokem.cz\/wp-content\/uploads\/2026\/09\/nemecko-clanky-termaly-nemecko-06-89de543b-300x225.jpg 300w, https:\/\/loudavymkrokem.cz\/wp-content\/uploads\/2026\/09\/nemecko-clanky-termaly-nemecko-06-89de543b-700x525.jpg 700w, https:\/\/loudavymkrokem.cz\/wp-content\/uploads\/2026\/09\/nemecko-clanky-termaly-nemecko-06-89de543b-768x576.jpg 768w, https:\/\/loudavymkrokem.cz\/wp-content\/uploads\/2026\/09\/nemecko-clanky-termaly-nemecko-06-89de543b-1536x1152.jpg 1536w, https:\/\/loudavymkrokem.cz\/wp-content\/uploads\/2026\/09\/nemecko-clanky-termaly-nemecko-06-89de543b-80x60.jpg 80w, https:\/\/loudavymkrokem.cz\/wp-content\/uploads\/2026\/09\/nemecko-clanky-termaly-nemecko-06-89de543b-160x120.jpg 160w, https:\/\/loudavymkrokem.cz\/wp-content\/uploads\/2026\/09\/nemecko-clanky-termaly-nemecko-06-89de543b-696x522.jpg 696w, https:\/\/loudavymkrokem.cz\/wp-content\/uploads\/2026\/09\/nemecko-clanky-termaly-nemecko-06-89de543b-1392x1044.jpg 1392w\" sizes=\"(max-width: 1800px) 100vw, 1800px\" \/><button\n\t\t\tclass=\"lightbox-trigger\"\n\t\t\ttype=\"button\"\n\t\t\taria-haspopup=\"dialog\"\n\t\t\tdata-wp-bind--aria-label=\"state.thisImage.triggerButtonAriaLabel\"\n\t\t\tdata-wp-init=\"callbacks.initTriggerButton\"\n\t\t\tdata-wp-on--click=\"actions.showLightbox\"\n\t\t\tdata-wp-style--right=\"state.thisImage.buttonRight\"\n\t\t\tdata-wp-style--top=\"state.thisImage.buttonTop\"\n\t\t>\n\t\t\t<svg xmlns=\"http:\/\/www.w3.org\/2000\/svg\" width=\"12\" height=\"12\" fill=\"none\" viewBox=\"0 0 12 12\">\n\t\t\t\t<path fill=\"#fff\" d=\"M2 0a2 2 0 0 0-2 2v2h1.5V2a.5.5 0 0 1 .5-.5h2V0H2Zm2 10.5H2a.5.5 0 0 1-.5-.5V8H0v2a2 2 0 0 0 2 2h2v-1.5ZM8 12v-1.5h2a.5.5 0 0 0 .5-.5V8H12v2a2 2 0 0 1-2 2H8Zm2-12a2 2 0 0 1 2 2v2h-1.5V2a.5.5 0 0 0-.5-.5H8V0h2Z\" \/>\n\t\t\t<\/svg>\n\t\t<\/button><figcaption class=\"wp-element-caption\">Kuva: Therme Erding \/ Wikimedia Commons, Public domain<\/figcaption><\/figure>\n\n\n\n<h3 class=\"wp-block-heading\"><span class=\"ez-toc-section\" id=\"1_Therme_Erding_Erding\"><\/span>1. Therme Erding (Erding)<span class=\"ez-toc-section-end\"><\/span><\/h3>\n\n\n\n<p class=\"wp-block-paragraph\">T\u00e4m\u00e4 Erdingin kaupungissa sijaitseva kokonaisuus ylpeilee yll\u00e4pit\u00e4j\u00e4n mukaan tittelill\u00e4 <strong>maailman suurin kylpyl\u00e4<\/strong>. Sen kokonaispinta-ala oli vuonna 2019 uskomattomat <strong>430 000 neli\u00f6metri\u00e4<\/strong>. Siit\u00e4 t\u00e4ydet 185 000 neli\u00f6metri\u00e4 on k\u00e4ytt\u00f6pinta-alaa suoraan vieraille. Alue jakautuu nelj\u00e4\u00e4n p\u00e4\u00e4osaan, jotka ovat klassinen termaaliosa Thermenparadies, toiminta-alue Galaxy Erding sek\u00e4 rauha-alueet VitalOase ja VitalTherme &#038; Saunen.<\/p>\n\n\n\n<p class=\"wp-block-paragraph\">Sis\u00e4ll\u00e4 sinua odottaa h\u00e4mm\u00e4stytt\u00e4v\u00e4t <strong>40 allasta ja vesipintaa<\/strong>, joita t\u00e4ydent\u00e4\u00e4 yhteens\u00e4 38 erilaista saunaa ja h\u00f6yrykylpy\u00e4. Saunojen l\u00e4mp\u00f6tilat vaihtelevat mukavista 38 \u00b0C:sta aina helvetillisiin 90 \u00b0C:seen. Adrenaliinin yst\u00e4ville on tarjolla <strong>28 liukum\u00e4ke\u00e4<\/strong>, joiden yhteispituus on yli 2 850 metri\u00e4. Jos keinut mielell\u00e4si aalloilla, sinut hurmaa varmasti j\u00e4ttim\u00e4inen aaltoallas, jossa vesi on 34 \u00b0C ja aallot ylt\u00e4v\u00e4t jopa kahden metrin korkeuteen.<\/p>\n\n\n\n<p class=\"wp-block-paragraph\">Ilman keskil\u00e4mp\u00f6tila koko alueella pysyy trooppisessa 28 \u00b0C:ssa. T\u00e4\u00e4lt\u00e4 l\u00f6ytyy my\u00f6s aito ainutlaatuisuus, joka on Polaris, v\u00e4itetysti <strong>maailman suurin kylm\u00e4 allas<\/strong>, jossa veden l\u00e4mp\u00f6tila on 14\u201318 \u00b0C. Sen sijaan VitalTherme-alueella l\u00e4mmit\u00e4t itsesi suuressa samppanja-altaassa tai meditaatioaltaassa, jossa on 34 \u00b0C:n vesi. <strong>\ud83d\udca1 Vinkki:<\/strong> Varaa vierailuun todella koko p\u00e4iv\u00e4, sill\u00e4 alue on niin valtava, ett\u00e4 muutamassa tunnissa ehdit h\u00e4din tuskin murto-osan kaikista attraktioista.<\/p>\n\n\n\n<figure data-wp-context=\"{&quot;imageId&quot;:&quot;6a9c552049fc5&quot;}\" data-wp-interactive=\"core\/image\" data-wp-key=\"6a9c552049fc5\" class=\"wp-block-image size-full wp-lightbox-container\"><img decoding=\"async\" width=\"1800\" height=\"1350\" data-wp-class--hide=\"state.isContentHidden\" data-wp-class--show=\"state.isContentVisible\" data-wp-init=\"callbacks.setButtonStyles\" data-wp-on--click=\"actions.showLightbox\" data-wp-on--load=\"callbacks.setButtonStyles\" data-wp-on--pointerdown=\"actions.preloadImage\" data-wp-on--pointerenter=\"actions.preloadImageWithDelay\" data-wp-on--pointerleave=\"actions.cancelPreload\" data-wp-on-window--resize=\"callbacks.setButtonStyles\" src=\"https:\/\/loudavymkrokem.cz\/wp-content\/uploads\/2026\/09\/nemecko-clanky-termaly-nemecko-07-5c780451.jpg\" alt=\"Therme Bad W\u00f6rishofen (Bad W\u00f6rishofen)\" class=\"wp-image-415294\" title=\"\" srcset=\"https:\/\/loudavymkrokem.cz\/wp-content\/uploads\/2026\/09\/nemecko-clanky-termaly-nemecko-07-5c780451.jpg 1800w, https:\/\/loudavymkrokem.cz\/wp-content\/uploads\/2026\/09\/nemecko-clanky-termaly-nemecko-07-5c780451-300x225.jpg 300w, https:\/\/loudavymkrokem.cz\/wp-content\/uploads\/2026\/09\/nemecko-clanky-termaly-nemecko-07-5c780451-700x525.jpg 700w, https:\/\/loudavymkrokem.cz\/wp-content\/uploads\/2026\/09\/nemecko-clanky-termaly-nemecko-07-5c780451-768x576.jpg 768w, https:\/\/loudavymkrokem.cz\/wp-content\/uploads\/2026\/09\/nemecko-clanky-termaly-nemecko-07-5c780451-1536x1152.jpg 1536w, https:\/\/loudavymkrokem.cz\/wp-content\/uploads\/2026\/09\/nemecko-clanky-termaly-nemecko-07-5c780451-80x60.jpg 80w, https:\/\/loudavymkrokem.cz\/wp-content\/uploads\/2026\/09\/nemecko-clanky-termaly-nemecko-07-5c780451-160x120.jpg 160w, https:\/\/loudavymkrokem.cz\/wp-content\/uploads\/2026\/09\/nemecko-clanky-termaly-nemecko-07-5c780451-696x522.jpg 696w, https:\/\/loudavymkrokem.cz\/wp-content\/uploads\/2026\/09\/nemecko-clanky-termaly-nemecko-07-5c780451-1392x1044.jpg 1392w\" sizes=\"(max-width: 1800px) 100vw, 1800px\" \/><button\n\t\t\tclass=\"lightbox-trigger\"\n\t\t\ttype=\"button\"\n\t\t\taria-haspopup=\"dialog\"\n\t\t\tdata-wp-bind--aria-label=\"state.thisImage.triggerButtonAriaLabel\"\n\t\t\tdata-wp-init=\"callbacks.initTriggerButton\"\n\t\t\tdata-wp-on--click=\"actions.showLightbox\"\n\t\t\tdata-wp-style--right=\"state.thisImage.buttonRight\"\n\t\t\tdata-wp-style--top=\"state.thisImage.buttonTop\"\n\t\t>\n\t\t\t<svg xmlns=\"http:\/\/www.w3.org\/2000\/svg\" width=\"12\" height=\"12\" fill=\"none\" viewBox=\"0 0 12 12\">\n\t\t\t\t<path fill=\"#fff\" d=\"M2 0a2 2 0 0 0-2 2v2h1.5V2a.5.5 0 0 1 .5-.5h2V0H2Zm2 10.5H2a.5.5 0 0 1-.5-.5V8H0v2a2 2 0 0 0 2 2h2v-1.5ZM8 12v-1.5h2a.5.5 0 0 0 .5-.5V8H12v2a2 2 0 0 1-2 2H8Zm2-12a2 2 0 0 1 2 2v2h-1.5V2a.5.5 0 0 0-.5-.5H8V0h2Z\" \/>\n\t\t\t<\/svg>\n\t\t<\/button><figcaption class=\"wp-element-caption\">Kuva: Therme Bad W\u00f6rishofen 2010 \/ Wikimedia Commons, CC BY-SA 3.0<\/figcaption><\/figure>\n\n\n\n<h3 class=\"wp-block-heading\"><span class=\"ez-toc-section\" id=\"2_Therme_Bad_Worishofen_Bad_Worishofen\"><\/span>2. Therme Bad W\u00f6rishofen (Bad W\u00f6rishofen)<span class=\"ez-toc-section-end\"><\/span><\/h3>\n\n\n\n<p class=\"wp-block-paragraph\">Bad W\u00f6rishofenin pikkukaupungin kylpyl\u00e4t k\u00e4tkev\u00e4t sis\u00e4\u00e4ns\u00e4 yhden maailmanluokan harvinaisuuden, joka on j\u00e4ttim\u00e4inen rustiikkinen sauna <strong>Blockhaus am See yli 150 vieraalle<\/strong>. Se lukeutuu maailman suurimpiin saunoihin ja koet siell\u00e4 aivan ainutlaatuisen tunnelman. Koko termaalimaisema levitt\u00e4ytyy t\u00e4\u00e4ll\u00e4 kunnioitettavalle yli <strong>5 000 neli\u00f6metrin alalle<\/strong>, ja sen rakentaminen tapahtui vuosina 2001\u20132004 sijoittaja Josef Wundin johdolla.<\/p>\n\n\n\n<p class=\"wp-block-paragraph\">Kylpemisest\u00e4 nautit yhteens\u00e4 kahdeksassa altaassa, jotka on t\u00e4ytetty hyv\u00e4\u00e4 tekev\u00e4ll\u00e4 termaalivedell\u00e4. Saunamaailma tarjoaa <strong>yli 15 teemasaunaa<\/strong>, joista erottuu upea maurilainen Alhambra, klassinen roomalainen sauna tai japanilainen meditaatiosauna, jota t\u00e4ydent\u00e4\u00e4 kaunis akvaario koikarppeineen. Lapsilla on k\u00e4yt\u00f6ss\u00e4 liukum\u00e4ki ja leve\u00e4 nopeusliukum\u00e4ki, mutta ne ovat k\u00e4ytett\u00e4viss\u00e4 vain m\u00e4\u00e4r\u00e4ttyin\u00e4 aikoina urheiluvedess\u00e4.<\/p>\n\n\n\n<p class=\"wp-block-paragraph\">Vuoden 2026 hinnaston mukaan maksat kahden tunnin sis\u00e4\u00e4np\u00e4\u00e4syst\u00e4 <strong>27 euroa<\/strong>, nelj\u00e4 tuntia maksaa 35 euroa ja koko p\u00e4iv\u00e4n lippu maksaa 51 euroa. Saunaan p\u00e4\u00e4syst\u00e4 maksat lis\u00e4\u00e4 5 euroa, ja viikonloppuisin tai pyhin\u00e4 varaudu 3 euron lis\u00e4maksuun. V\u00e4himm\u00e4isik\u00e4 sis\u00e4\u00e4np\u00e4\u00e4syyn on t\u00e4\u00e4ll\u00e4 <strong>tiukasti 16 vuotta<\/strong>. <strong>\ud83d\udca1 Vinkki:<\/strong> Jos haluat l\u00e4hte\u00e4 pienempien lasten kanssa, sinun t\u00e4ytyy saapua ainoastaan lauantaina klo 9\u201319 niin sanottuna Family Samstag -p\u00e4iv\u00e4n\u00e4, jolloin perhelippu kolmelle hengelle maksaa 74 euroa.<\/p>\n\n\n\n<figure data-wp-context=\"{&quot;imageId&quot;:&quot;6a9c55204a46f&quot;}\" data-wp-interactive=\"core\/image\" data-wp-key=\"6a9c55204a46f\" class=\"wp-block-image size-full wp-lightbox-container\"><img decoding=\"async\" width=\"1800\" height=\"1350\" data-wp-class--hide=\"state.isContentHidden\" data-wp-class--show=\"state.isContentVisible\" data-wp-init=\"callbacks.setButtonStyles\" data-wp-on--click=\"actions.showLightbox\" data-wp-on--load=\"callbacks.setButtonStyles\" data-wp-on--pointerdown=\"actions.preloadImage\" data-wp-on--pointerenter=\"actions.preloadImageWithDelay\" data-wp-on--pointerleave=\"actions.cancelPreload\" data-wp-on-window--resize=\"callbacks.setButtonStyles\" src=\"https:\/\/loudavymkrokem.cz\/wp-content\/uploads\/2026\/09\/nemecko-clanky-termaly-nemecko-08-779c2251.jpg\" alt=\"Sis\u00e4\u00e4nk\u00e4ynti Therme Bad Aiblingiin lasikuvun kera\" class=\"wp-image-415295\" title=\"\" srcset=\"https:\/\/loudavymkrokem.cz\/wp-content\/uploads\/2026\/09\/nemecko-clanky-termaly-nemecko-08-779c2251.jpg 1800w, https:\/\/loudavymkrokem.cz\/wp-content\/uploads\/2026\/09\/nemecko-clanky-termaly-nemecko-08-779c2251-300x225.jpg 300w, https:\/\/loudavymkrokem.cz\/wp-content\/uploads\/2026\/09\/nemecko-clanky-termaly-nemecko-08-779c2251-700x525.jpg 700w, https:\/\/loudavymkrokem.cz\/wp-content\/uploads\/2026\/09\/nemecko-clanky-termaly-nemecko-08-779c2251-768x576.jpg 768w, https:\/\/loudavymkrokem.cz\/wp-content\/uploads\/2026\/09\/nemecko-clanky-termaly-nemecko-08-779c2251-1536x1152.jpg 1536w, https:\/\/loudavymkrokem.cz\/wp-content\/uploads\/2026\/09\/nemecko-clanky-termaly-nemecko-08-779c2251-80x60.jpg 80w, https:\/\/loudavymkrokem.cz\/wp-content\/uploads\/2026\/09\/nemecko-clanky-termaly-nemecko-08-779c2251-160x120.jpg 160w, https:\/\/loudavymkrokem.cz\/wp-content\/uploads\/2026\/09\/nemecko-clanky-termaly-nemecko-08-779c2251-696x522.jpg 696w, https:\/\/loudavymkrokem.cz\/wp-content\/uploads\/2026\/09\/nemecko-clanky-termaly-nemecko-08-779c2251-1392x1044.jpg 1392w\" sizes=\"(max-width: 1800px) 100vw, 1800px\" \/><button\n\t\t\tclass=\"lightbox-trigger\"\n\t\t\ttype=\"button\"\n\t\t\taria-haspopup=\"dialog\"\n\t\t\tdata-wp-bind--aria-label=\"state.thisImage.triggerButtonAriaLabel\"\n\t\t\tdata-wp-init=\"callbacks.initTriggerButton\"\n\t\t\tdata-wp-on--click=\"actions.showLightbox\"\n\t\t\tdata-wp-style--right=\"state.thisImage.buttonRight\"\n\t\t\tdata-wp-style--top=\"state.thisImage.buttonTop\"\n\t\t>\n\t\t\t<svg xmlns=\"http:\/\/www.w3.org\/2000\/svg\" width=\"12\" height=\"12\" fill=\"none\" viewBox=\"0 0 12 12\">\n\t\t\t\t<path fill=\"#fff\" d=\"M2 0a2 2 0 0 0-2 2v2h1.5V2a.5.5 0 0 1 .5-.5h2V0H2Zm2 10.5H2a.5.5 0 0 1-.5-.5V8H0v2a2 2 0 0 0 2 2h2v-1.5ZM8 12v-1.5h2a.5.5 0 0 0 .5-.5V8H12v2a2 2 0 0 1-2 2H8Zm2-12a2 2 0 0 1 2 2v2h-1.5V2a.5.5 0 0 0-.5-.5H8V0h2Z\" \/>\n\t\t\t<\/svg>\n\t\t<\/button><\/figure>\n\n\n\n<h3 class=\"wp-block-heading\"><span class=\"ez-toc-section\" id=\"3_Therme_Bad_Aibling_Bad_Aibling\"><\/span>3. Therme Bad Aibling (Bad Aibling)<span class=\"ez-toc-section-end\"><\/span><\/h3>\n\n\n\n<p class=\"wp-block-paragraph\">T\u00e4ysin ep\u00e4tavallinen el\u00e4mys odottaa sinua Bad Aiblingiss\u00e4, jossa alue on rakennettu yhteen liitettyjen kupujen muotoon. Yhdess\u00e4 niist\u00e4, halkaisijaltaan 11 metrin kokoisessa, jopa <strong>7 videoprojektoria heijastaa 135 neli\u00f6metrin kokoisen kuvan<\/strong> suoraan holvin sis\u00e4pinnalle. Koko termaalimaisema uppoaa hienovaraisesti ymp\u00e4r\u00f6iv\u00e4n maaston muotoihin ja levitt\u00e4ytyy huikealle <strong>10 000 neli\u00f6metrin alalle<\/strong>, josta yli 600 neli\u00f6metri\u00e4 on vesipintoja.<\/p>\n\n\n\n<p class=\"wp-block-paragraph\">Yksitt\u00e4isiss\u00e4 eri tavoin suljetuissa kuvuissa nautit meditatiivista lepoa termaalivedess\u00e4, jonka l\u00e4mp\u00f6tila on ihanat <strong>32\u201336 \u00b0C<\/strong>. Erikoisuus t\u00e4\u00e4ll\u00e4 on saunominen, joka hy\u00f6dynt\u00e4\u00e4 Physiotherm-periaatetta, joten hell\u00e4varainen hikoilu sis\u00e4lt\u00e4 ulos on taattu jo 30 \u00b0C:n l\u00e4mp\u00f6tiloissa. Se on kai ihanteellinen valinta niille teist\u00e4, joiden verenkiertoon klassiset kuumat saunat eiv\u00e4t tee hyv\u00e4\u00e4.<\/p>\n\n\n\n<p class=\"wp-block-paragraph\">Vuoden 2026 hinnaston mukaan nelj\u00e4n tunnin sis\u00e4\u00e4np\u00e4\u00e4sy aikuiselle maksaa <strong>28 euroa<\/strong> ja koko p\u00e4iv\u00e4n lipun saat 33 eurolla. Jos haluat nauttia my\u00f6s saunasta, maksat lis\u00e4\u00e4 6 euroa. Alle 14-vuotiaat lapset ja nuoret voivat tulla t\u00e4nne vain aikuisen seurassa. <strong>\ud83d\udca1 Vinkki:<\/strong> Osta ehdottomasti paikan p\u00e4\u00e4ll\u00e4 my\u00f6s mutaseremonia (Moorzeremonie) 7 eurolla tai mukava suolakuorinta 4 eurolla, ihosi kiitt\u00e4\u00e4 sinua.<\/p>\n\n\n\n<figure data-wp-context=\"{&quot;imageId&quot;:&quot;6a9c55204aa28&quot;}\" data-wp-interactive=\"core\/image\" data-wp-key=\"6a9c55204aa28\" class=\"wp-block-image size-full wp-lightbox-container\"><img decoding=\"async\" width=\"1800\" height=\"1800\" data-wp-class--hide=\"state.isContentHidden\" data-wp-class--show=\"state.isContentVisible\" data-wp-init=\"callbacks.setButtonStyles\" data-wp-on--click=\"actions.showLightbox\" data-wp-on--load=\"callbacks.setButtonStyles\" data-wp-on--pointerdown=\"actions.preloadImage\" data-wp-on--pointerenter=\"actions.preloadImageWithDelay\" data-wp-on--pointerleave=\"actions.cancelPreload\" data-wp-on-window--resize=\"callbacks.setButtonStyles\" src=\"https:\/\/loudavymkrokem.cz\/wp-content\/uploads\/2026\/09\/nemecko-clanky-termaly-nemecko-09-cf7ab67f.jpg\" alt=\"KissSalis Therme (Bad Kissingen): ulkoallas\" class=\"wp-image-415296\" title=\"\" srcset=\"https:\/\/loudavymkrokem.cz\/wp-content\/uploads\/2026\/09\/nemecko-clanky-termaly-nemecko-09-cf7ab67f.jpg 1800w, https:\/\/loudavymkrokem.cz\/wp-content\/uploads\/2026\/09\/nemecko-clanky-termaly-nemecko-09-cf7ab67f-300x300.jpg 300w, https:\/\/loudavymkrokem.cz\/wp-content\/uploads\/2026\/09\/nemecko-clanky-termaly-nemecko-09-cf7ab67f-700x700.jpg 700w, https:\/\/loudavymkrokem.cz\/wp-content\/uploads\/2026\/09\/nemecko-clanky-termaly-nemecko-09-cf7ab67f-150x150.jpg 150w, https:\/\/loudavymkrokem.cz\/wp-content\/uploads\/2026\/09\/nemecko-clanky-termaly-nemecko-09-cf7ab67f-768x768.jpg 768w, https:\/\/loudavymkrokem.cz\/wp-content\/uploads\/2026\/09\/nemecko-clanky-termaly-nemecko-09-cf7ab67f-1536x1536.jpg 1536w, https:\/\/loudavymkrokem.cz\/wp-content\/uploads\/2026\/09\/nemecko-clanky-termaly-nemecko-09-cf7ab67f-696x696.jpg 696w, https:\/\/loudavymkrokem.cz\/wp-content\/uploads\/2026\/09\/nemecko-clanky-termaly-nemecko-09-cf7ab67f-1392x1392.jpg 1392w\" sizes=\"(max-width: 1800px) 100vw, 1800px\" \/><button\n\t\t\tclass=\"lightbox-trigger\"\n\t\t\ttype=\"button\"\n\t\t\taria-haspopup=\"dialog\"\n\t\t\tdata-wp-bind--aria-label=\"state.thisImage.triggerButtonAriaLabel\"\n\t\t\tdata-wp-init=\"callbacks.initTriggerButton\"\n\t\t\tdata-wp-on--click=\"actions.showLightbox\"\n\t\t\tdata-wp-style--right=\"state.thisImage.buttonRight\"\n\t\t\tdata-wp-style--top=\"state.thisImage.buttonTop\"\n\t\t>\n\t\t\t<svg xmlns=\"http:\/\/www.w3.org\/2000\/svg\" width=\"12\" height=\"12\" fill=\"none\" viewBox=\"0 0 12 12\">\n\t\t\t\t<path fill=\"#fff\" d=\"M2 0a2 2 0 0 0-2 2v2h1.5V2a.5.5 0 0 1 .5-.5h2V0H2Zm2 10.5H2a.5.5 0 0 1-.5-.5V8H0v2a2 2 0 0 0 2 2h2v-1.5ZM8 12v-1.5h2a.5.5 0 0 0 .5-.5V8H12v2a2 2 0 0 1-2 2H8Zm2-12a2 2 0 0 1 2 2v2h-1.5V2a.5.5 0 0 0-.5-.5H8V0h2Z\" \/>\n\t\t\t<\/svg>\n\t\t<\/button><\/figure>\n\n\n\n<h3 class=\"wp-block-heading\"><span class=\"ez-toc-section\" id=\"4_KissSalis_Therme_Bad_Kissingen\"><\/span>4. KissSalis Therme (Bad Kissingen)<span class=\"ez-toc-section-end\"><\/span><\/h3>\n\n\n\n<p class=\"wp-block-paragraph\">L\u00e4hde t\u00e4h\u00e4n Bad Kissingenin kylpyl\u00e4\u00e4n, jos etsit todella laajaa ja monipuolista aluetta. Se levitt\u00e4ytyy <strong>8 000 neli\u00f6metrin alalle<\/strong> ja t\u00e4\u00e4lt\u00e4 l\u00f6yd\u00e4t yhteens\u00e4 10 sis\u00e4- ja ulkoallasta. Suurin osa niist\u00e4 on t\u00e4ytetty arvokkaalla termaalivedell\u00e4 suoraan Bad Kissingenist\u00e4. Itse sis\u00e4termaalimaisema, joka tarjoaa runsaat 1000 neli\u00f6metri\u00e4 vesipintaa, l\u00e4mmitt\u00e4\u00e4 sinut vedell\u00e4, jonka l\u00e4mp\u00f6tila on <strong>32\u201338 \u00b0C<\/strong>.<\/p>\n\n\n\n<p class=\"wp-block-paragraph\">Kokonaisuuden syd\u00e4n on suuri sis\u00e4allas hierontatuoleineen ja vesiputouksineen, johon liittyy kaksi porealtaan, joiden l\u00e4mp\u00f6tila on jopa 38 \u00b0C. Ulkona sinut hurmaa l\u00e4mmin ulkoallas, virtakanava ja erityinen intensiivinen suola-allas, jonka <strong>suolapitoisuus on 6\u20138 %<\/strong> ja jossa leijut ihanasti t\u00e4htitaivaan alla. Viilennykseen sopii mainiosti kylm\u00e4 allas 18 \u00b0C:lla tai vaihtelevat Kneipp-k\u00e4yt\u00e4v\u00e4t, joissa kivet hierovat mukavasti jalkojen refleksialueita.<\/p>\n\n\n\n<p class=\"wp-block-paragraph\">Saunapuisto on t\u00e4\u00e4ll\u00e4 todellinen rauhan keidas laajoine saunapuutarhoineen. Se tarjoaa yhteens\u00e4 <strong>9 erilaista saunaa ja h\u00f6yrykylpy\u00e4<\/strong>, joissa j\u00e4rjestet\u00e4\u00e4n lukuisia saunarituaaleja. Jos kest\u00e4t korkeaa kosteutta, kokeile lasitettua h\u00f6yrykylpy\u00e4, jonka l\u00e4mp\u00f6tila on 47 \u00b0C ja ilmankosteus sata prosenttia. <strong>\ud83d\udca1 Vinkki:<\/strong> Muista k\u00e4yd\u00e4 suolainhalaatiossa, jossa 40\u201345 \u00b0C:ssa tippuu luonnollista suolavett\u00e4, mik\u00e4 vapauttaa aivan fantastisesti hengitystiet.<\/p>\n\n\n\n<figure data-wp-context=\"{&quot;imageId&quot;:&quot;6a9c55204aef6&quot;}\" data-wp-interactive=\"core\/image\" data-wp-key=\"6a9c55204aef6\" class=\"wp-block-image size-full wp-lightbox-container\"><img decoding=\"async\" width=\"1800\" height=\"1200\" data-wp-class--hide=\"state.isContentHidden\" data-wp-class--show=\"state.isContentVisible\" data-wp-init=\"callbacks.setButtonStyles\" data-wp-on--click=\"actions.showLightbox\" data-wp-on--load=\"callbacks.setButtonStyles\" data-wp-on--pointerdown=\"actions.preloadImage\" data-wp-on--pointerenter=\"actions.preloadImageWithDelay\" data-wp-on--pointerleave=\"actions.cancelPreload\" data-wp-on-window--resize=\"callbacks.setButtonStyles\" src=\"https:\/\/loudavymkrokem.cz\/wp-content\/uploads\/2026\/09\/nemecko-clanky-termaly-nemecko-10-62b37e1f.jpg\" alt=\"Hotel Victory Therme Erding (Erding)\" class=\"wp-image-415297\" title=\"\" srcset=\"https:\/\/loudavymkrokem.cz\/wp-content\/uploads\/2026\/09\/nemecko-clanky-termaly-nemecko-10-62b37e1f.jpg 1800w, https:\/\/loudavymkrokem.cz\/wp-content\/uploads\/2026\/09\/nemecko-clanky-termaly-nemecko-10-62b37e1f-300x200.jpg 300w, https:\/\/loudavymkrokem.cz\/wp-content\/uploads\/2026\/09\/nemecko-clanky-termaly-nemecko-10-62b37e1f-700x467.jpg 700w, https:\/\/loudavymkrokem.cz\/wp-content\/uploads\/2026\/09\/nemecko-clanky-termaly-nemecko-10-62b37e1f-768x512.jpg 768w, https:\/\/loudavymkrokem.cz\/wp-content\/uploads\/2026\/09\/nemecko-clanky-termaly-nemecko-10-62b37e1f-1536x1024.jpg 1536w, https:\/\/loudavymkrokem.cz\/wp-content\/uploads\/2026\/09\/nemecko-clanky-termaly-nemecko-10-62b37e1f-696x464.jpg 696w, https:\/\/loudavymkrokem.cz\/wp-content\/uploads\/2026\/09\/nemecko-clanky-termaly-nemecko-10-62b37e1f-1392x928.jpg 1392w\" sizes=\"(max-width: 1800px) 100vw, 1800px\" \/><button\n\t\t\tclass=\"lightbox-trigger\"\n\t\t\ttype=\"button\"\n\t\t\taria-haspopup=\"dialog\"\n\t\t\tdata-wp-bind--aria-label=\"state.thisImage.triggerButtonAriaLabel\"\n\t\t\tdata-wp-init=\"callbacks.initTriggerButton\"\n\t\t\tdata-wp-on--click=\"actions.showLightbox\"\n\t\t\tdata-wp-style--right=\"state.thisImage.buttonRight\"\n\t\t\tdata-wp-style--top=\"state.thisImage.buttonTop\"\n\t\t>\n\t\t\t<svg xmlns=\"http:\/\/www.w3.org\/2000\/svg\" width=\"12\" height=\"12\" fill=\"none\" viewBox=\"0 0 12 12\">\n\t\t\t\t<path fill=\"#fff\" d=\"M2 0a2 2 0 0 0-2 2v2h1.5V2a.5.5 0 0 1 .5-.5h2V0H2Zm2 10.5H2a.5.5 0 0 1-.5-.5V8H0v2a2 2 0 0 0 2 2h2v-1.5ZM8 12v-1.5h2a.5.5 0 0 0 .5-.5V8H12v2a2 2 0 0 1-2 2H8Zm2-12a2 2 0 0 1 2 2v2h-1.5V2a.5.5 0 0 0-.5-.5H8V0h2Z\" \/>\n\t\t\t<\/svg>\n\t\t<\/button><\/figure>\n\n\n\n<h3 class=\"wp-block-heading\"><span class=\"ez-toc-section\" id=\"5_Hotel_Victory_Therme_Erding_Erding\"><\/span>5. Hotel Victory Therme Erding (Erding)<span class=\"ez-toc-section-end\"><\/span><\/h3>\n\n\n\n<p class=\"wp-block-paragraph\">T\u00e4ss\u00e4 on heti aluksi sanottava, ett\u00e4 kyseess\u00e4 ei ole klassinen julkinen kylpyl\u00e4, vaan <strong>ylellinen hotelli, joka sijaitsee suoraan kuuluisan Therme Erding -kylpyl\u00e4n alueella<\/strong>. Rakennuksen arkkitehtuuri on aivan heng\u00e4stytt\u00e4v\u00e4, sill\u00e4 ulkoa se n\u00e4ytt\u00e4\u00e4 t\u00e4ydelliselt\u00e4 historiallisen HMS Victory -laivan j\u00e4ljitelm\u00e4lt\u00e4 yhdistettyn\u00e4 komeaan venetsialaiseen palatsiin. Se on kai romanttisin majoitus, mink\u00e4 voit saksalaisissa kylpyl\u00f6iss\u00e4 kokea.<\/p>\n\n\n\n<p class=\"wp-block-paragraph\">Vieraille on tarjolla <strong>128 teemallisesti sisustettua huonetta<\/strong>, jotka on jaettu seitsem\u00e4\u00e4n eri kategoriaan. Voit nukkua niin sanotuissa Captain&#8217;s Cabins -huoneissa, jotka tarjoavat laivavuoteet ja kauniin panoraaman\u00e4k\u00f6alan suoraan trooppiseen aaltoaltaaseen. Jos suosit italialaista eleganssia, valitse Serenissima-huoneet venetsialaiseen tyyliin suurine loggia-ovineen.<\/p>\n\n\n\n<p class=\"wp-block-paragraph\">Valtava etu on, ett\u00e4 hotellin aulasta p\u00e4\u00e4set kylpytakissa suoraan aaltoaltaalle. Jokaisen y\u00f6n hintaan sis\u00e4ltyy lis\u00e4ksi jo <strong>p\u00e4\u00e4sy kylpyl\u00f6ihin<\/strong>, mukaan lukien rauha-alueet VitalOase ja VitalTherme &#038; Saunen. Se sopii sek\u00e4 pareille ett\u00e4 perheille, jotka etsiv\u00e4t ep\u00e4tavallista el\u00e4myst\u00e4. <strong>\ud83d\udca1 Vinkki:<\/strong> Ole varauksessa eritt\u00e4in tarkkana, virallinen sivusto on therme-erding.de, kun taas sivu hotelerding.com on vain majoitusvertailu eik\u00e4 kuulu suoraan hotellille.<\/p>\n\n\n\n<figure data-wp-context=\"{&quot;imageId&quot;:&quot;6a9c55204b4be&quot;}\" data-wp-interactive=\"core\/image\" data-wp-key=\"6a9c55204b4be\" class=\"wp-block-image size-full wp-lightbox-container\"><img decoding=\"async\" width=\"1800\" height=\"2400\" data-wp-class--hide=\"state.isContentHidden\" data-wp-class--show=\"state.isContentVisible\" data-wp-init=\"callbacks.setButtonStyles\" data-wp-on--click=\"actions.showLightbox\" data-wp-on--load=\"callbacks.setButtonStyles\" data-wp-on--pointerdown=\"actions.preloadImage\" data-wp-on--pointerenter=\"actions.preloadImageWithDelay\" data-wp-on--pointerleave=\"actions.cancelPreload\" data-wp-on-window--resize=\"callbacks.setButtonStyles\" src=\"https:\/\/loudavymkrokem.cz\/wp-content\/uploads\/2026\/09\/nemecko-clanky-termaly-nemecko-11-338dff9e.jpg\" alt=\"Franken-Therme (Bad Windsheim)\" class=\"wp-image-415298\" title=\"\" srcset=\"https:\/\/loudavymkrokem.cz\/wp-content\/uploads\/2026\/09\/nemecko-clanky-termaly-nemecko-11-338dff9e.jpg 1800w, https:\/\/loudavymkrokem.cz\/wp-content\/uploads\/2026\/09\/nemecko-clanky-termaly-nemecko-11-338dff9e-225x300.jpg 225w, https:\/\/loudavymkrokem.cz\/wp-content\/uploads\/2026\/09\/nemecko-clanky-termaly-nemecko-11-338dff9e-700x933.jpg 700w, https:\/\/loudavymkrokem.cz\/wp-content\/uploads\/2026\/09\/nemecko-clanky-termaly-nemecko-11-338dff9e-768x1024.jpg 768w, https:\/\/loudavymkrokem.cz\/wp-content\/uploads\/2026\/09\/nemecko-clanky-termaly-nemecko-11-338dff9e-1152x1536.jpg 1152w, https:\/\/loudavymkrokem.cz\/wp-content\/uploads\/2026\/09\/nemecko-clanky-termaly-nemecko-11-338dff9e-1536x2048.jpg 1536w, https:\/\/loudavymkrokem.cz\/wp-content\/uploads\/2026\/09\/nemecko-clanky-termaly-nemecko-11-338dff9e-696x928.jpg 696w, https:\/\/loudavymkrokem.cz\/wp-content\/uploads\/2026\/09\/nemecko-clanky-termaly-nemecko-11-338dff9e-1392x1856.jpg 1392w\" sizes=\"(max-width: 1800px) 100vw, 1800px\" \/><button\n\t\t\tclass=\"lightbox-trigger\"\n\t\t\ttype=\"button\"\n\t\t\taria-haspopup=\"dialog\"\n\t\t\tdata-wp-bind--aria-label=\"state.thisImage.triggerButtonAriaLabel\"\n\t\t\tdata-wp-init=\"callbacks.initTriggerButton\"\n\t\t\tdata-wp-on--click=\"actions.showLightbox\"\n\t\t\tdata-wp-style--right=\"state.thisImage.buttonRight\"\n\t\t\tdata-wp-style--top=\"state.thisImage.buttonTop\"\n\t\t>\n\t\t\t<svg xmlns=\"http:\/\/www.w3.org\/2000\/svg\" width=\"12\" height=\"12\" fill=\"none\" viewBox=\"0 0 12 12\">\n\t\t\t\t<path fill=\"#fff\" d=\"M2 0a2 2 0 0 0-2 2v2h1.5V2a.5.5 0 0 1 .5-.5h2V0H2Zm2 10.5H2a.5.5 0 0 1-.5-.5V8H0v2a2 2 0 0 0 2 2h2v-1.5ZM8 12v-1.5h2a.5.5 0 0 0 .5-.5V8H12v2a2 2 0 0 1-2 2H8Zm2-12a2 2 0 0 1 2 2v2h-1.5V2a.5.5 0 0 0-.5-.5H8V0h2Z\" \/>\n\t\t\t<\/svg>\n\t\t<\/button><figcaption class=\"wp-element-caption\">Kuva: Andreas Wolf 01 \/ Wikimedia Commons, CC BY 4.0<\/figcaption><\/figure>\n\n\n\n<h3 class=\"wp-block-heading\"><span class=\"ez-toc-section\" id=\"6_Franken-Therme_Bad_Windsheim\"><\/span>6. Franken-Therme (Bad Windsheim)<span class=\"ez-toc-section-end\"><\/span><\/h3>\n\n\n\n<p class=\"wp-block-paragraph\">Baijerilaisessa Bad Windsheimin pikkukaupungissa sinua odottaa el\u00e4mys kuin Kuolleeltamerelt\u00e4. T\u00e4k\u00e4l\u00e4inen ylpeys on nimitt\u00e4in erityinen alue keinotekoisine suolaj\u00e4rvineen, jonka <strong>suolapitoisuus on \u00e4\u00e4rimm\u00e4iset 26,9 %<\/strong>. Vesi on l\u00e4mmitetty mukaviin 26\u201330 \u00b0C:seen, ja valtavan suolatiheyden ansiosta leijut siin\u00e4 ilman mink\u00e4\u00e4nlaista ponnistelua pinnan p\u00e4\u00e4ll\u00e4. T\u00e4m\u00e4 termaalinen suolavesi pumpataan l\u00e4hteest\u00e4, joka on vain 200 metrin p\u00e4\u00e4ss\u00e4 alueesta.<\/p>\n\n\n\n<p class=\"wp-block-paragraph\">T\u00e4m\u00e4n \u00e4\u00e4rimm\u00e4isen suolaisen j\u00e4rven lis\u00e4ksi t\u00e4\u00e4lt\u00e4 l\u00f6ytyy kaksi muuta sis\u00e4allasta, joissa on 12 % suolaa ja 34\u201336 \u00b0C l\u00e4mmint\u00e4 vett\u00e4. Klassiset kylpyhallit tarjoavat sitten <strong>kolme termaalista suola-allasta<\/strong>, joiden suolapitoisuus on 1,5\u20134 %, sek\u00e4 ulkoaltaan. Alue, joka avattiin juhlallisesti joulukuussa 2005 l\u00e4hes 19 miljoonalla eurolla ja jota my\u00f6hemmin laajennettiin, vaikuttaa eritt\u00e4in modernilta ja ilmavalta.<\/p>\n\n\n\n<p class=\"wp-block-paragraph\">T\u00e4\u00e4lt\u00e4 ei puutu my\u00f6sk\u00e4\u00e4n kaksi tekstiilih\u00f6yrykylpy\u00e4 ja tilavat lepohuoneet. Voit lis\u00e4ksi hemmotella itse\u00e4si mit\u00e4 erilaisimmilla wellness-hoidoilla, jotka kest\u00e4v\u00e4t <strong>20\u2013120 minuuttia<\/strong>. Se vaikuttaa upealta balsamilta v\u00e4syneelle keholle ja iholle. <strong>\ud83d\udca1 Vinkki:<\/strong> Suolaisimmassa j\u00e4rvess\u00e4 kylpemisen j\u00e4lkeen mene aina suoraan suihkuun, sill\u00e4 suolakiteet voivat kuivuttuaan kutittaa iholla melko ep\u00e4miellytt\u00e4v\u00e4sti.<\/p>\n\n\n\n<figure data-wp-context=\"{&quot;imageId&quot;:&quot;6a9c55204bbc7&quot;}\" data-wp-interactive=\"core\/image\" data-wp-key=\"6a9c55204bbc7\" class=\"wp-block-image size-full wp-lightbox-container\"><img decoding=\"async\" width=\"1800\" height=\"1200\" data-wp-class--hide=\"state.isContentHidden\" data-wp-class--show=\"state.isContentVisible\" data-wp-init=\"callbacks.setButtonStyles\" data-wp-on--click=\"actions.showLightbox\" data-wp-on--load=\"callbacks.setButtonStyles\" data-wp-on--pointerdown=\"actions.preloadImage\" data-wp-on--pointerenter=\"actions.preloadImageWithDelay\" data-wp-on--pointerleave=\"actions.cancelPreload\" data-wp-on-window--resize=\"callbacks.setButtonStyles\" src=\"https:\/\/loudavymkrokem.cz\/wp-content\/uploads\/2026\/09\/nemecko-clanky-termaly-nemecko-12-c567f0aa.jpg\" alt=\"K\u00f6nigliche Kristall-Therme -kylpyl\u00e4n ulkoallas Schwangaussa Alppin\u00e4k\u00f6alalla\" class=\"wp-image-415476\" title=\"\" srcset=\"https:\/\/loudavymkrokem.cz\/wp-content\/uploads\/2026\/09\/nemecko-clanky-termaly-nemecko-12-c567f0aa.jpg 1800w, https:\/\/loudavymkrokem.cz\/wp-content\/uploads\/2026\/09\/nemecko-clanky-termaly-nemecko-12-c567f0aa-300x200.jpg 300w, https:\/\/loudavymkrokem.cz\/wp-content\/uploads\/2026\/09\/nemecko-clanky-termaly-nemecko-12-c567f0aa-700x467.jpg 700w, https:\/\/loudavymkrokem.cz\/wp-content\/uploads\/2026\/09\/nemecko-clanky-termaly-nemecko-12-c567f0aa-768x512.jpg 768w, https:\/\/loudavymkrokem.cz\/wp-content\/uploads\/2026\/09\/nemecko-clanky-termaly-nemecko-12-c567f0aa-1536x1024.jpg 1536w, https:\/\/loudavymkrokem.cz\/wp-content\/uploads\/2026\/09\/nemecko-clanky-termaly-nemecko-12-c567f0aa-696x464.jpg 696w, https:\/\/loudavymkrokem.cz\/wp-content\/uploads\/2026\/09\/nemecko-clanky-termaly-nemecko-12-c567f0aa-1392x928.jpg 1392w\" sizes=\"(max-width: 1800px) 100vw, 1800px\" \/><button\n\t\t\tclass=\"lightbox-trigger\"\n\t\t\ttype=\"button\"\n\t\t\taria-haspopup=\"dialog\"\n\t\t\tdata-wp-bind--aria-label=\"state.thisImage.triggerButtonAriaLabel\"\n\t\t\tdata-wp-init=\"callbacks.initTriggerButton\"\n\t\t\tdata-wp-on--click=\"actions.showLightbox\"\n\t\t\tdata-wp-style--right=\"state.thisImage.buttonRight\"\n\t\t\tdata-wp-style--top=\"state.thisImage.buttonTop\"\n\t\t>\n\t\t\t<svg xmlns=\"http:\/\/www.w3.org\/2000\/svg\" width=\"12\" height=\"12\" fill=\"none\" viewBox=\"0 0 12 12\">\n\t\t\t\t<path fill=\"#fff\" d=\"M2 0a2 2 0 0 0-2 2v2h1.5V2a.5.5 0 0 1 .5-.5h2V0H2Zm2 10.5H2a.5.5 0 0 1-.5-.5V8H0v2a2 2 0 0 0 2 2h2v-1.5ZM8 12v-1.5h2a.5.5 0 0 0 .5-.5V8H12v2a2 2 0 0 1-2 2H8Zm2-12a2 2 0 0 1 2 2v2h-1.5V2a.5.5 0 0 0-.5-.5H8V0h2Z\" \/>\n\t\t\t<\/svg>\n\t\t<\/button><\/figure>\n\n\n\n<h3 class=\"wp-block-heading\"><span class=\"ez-toc-section\" id=\"7_Konigliche_Kristall-Therme_Schwangau\"><\/span>7. K\u00f6nigliche Kristall-Therme (Schwangau)<span class=\"ez-toc-section-end\"><\/span><\/h3>\n\n\n\n<p class=\"wp-block-paragraph\">T\u00e4m\u00e4 paikka Schwangaussa lumoaa sinut jo pelk\u00e4ll\u00e4 sijainnillaan, sill\u00e4 suoraan termaalialtaista nautit <strong>panoraaman\u00e4k\u00f6alasta<\/strong> ymp\u00e4r\u00f6iv\u00e4\u00e4n maisemaan ja talvella my\u00f6s lumisiin Alppeihin. Koko lepo- ja termaalialue levitt\u00e4ytyy kunnioitettavalle 14 000 neli\u00f6metrin alalle. Paikallinen termaalivesi sis\u00e4lt\u00e4\u00e4 2,5 % suolaa ja noin 34 \u00b0C:n l\u00e4mp\u00f6tilan ansiosta se vaikuttaa iholle kuin hell\u00e4varainen kuorinta, joten sinulla on kylvyn j\u00e4lkeen tuntuvasti pehme\u00e4mpi iho.<\/p>\n\n\n\n<p class=\"wp-block-paragraph\">Sek\u00e4 ulko- ett\u00e4 sis\u00e4altaat l\u00e4mmitt\u00e4v\u00e4t sinut vedell\u00e4, jonka l\u00e4mp\u00f6tila on 32\u201336 \u00b0C. Aivan upeita ovat paikalliset hierontasuuttimet, jotka vaivaavat hell\u00e4varaisesti selk\u00e4\u00e4, jalkoja, vatsaa ja pakaroita. Saunomisen yst\u00e4v\u00e4t saavat t\u00e4\u00e4ll\u00e4 rahoilleen vastinetta, sill\u00e4 alue k\u00e4tkee sis\u00e4\u00e4ns\u00e4 <strong>5 teemasaunaa<\/strong>, joiden l\u00e4mp\u00f6tilat ovat 60\u2013100 \u00b0C, joista kolme on sis\u00e4ll\u00e4 ja kaksi ulkona. Lis\u00e4ksi t\u00e4\u00e4lt\u00e4 l\u00f6ytyy osmanien hammam ja kaksi h\u00f6yrykylpy\u00e4, joiden l\u00e4mp\u00f6tila on jopa 48 \u00b0C.<\/p>\n\n\n\n<p class=\"wp-block-paragraph\">Vuoden 2026 hinnaston mukaan iltatariffi (Feierabendtarif) klo 18 alkaen maksaa aikuiselle <strong>19 euroa<\/strong> pelkk\u00e4\u00e4n kylpyl\u00e4\u00e4n ja <strong>26 euroa<\/strong> Wohlf\u00fchltherme- ja Zauberberg-vaihtoehdolla. Se on ihanteellinen paikka romanttiseen kahden pakoretkeen. <strong>\ud83d\udca1 Vinkki:<\/strong> Iltatariffi on voimassa ymp\u00e4ri vuoden, mutta ole varovainen, sit\u00e4 ei hyv\u00e4ksyt\u00e4 viikonloppuisin eik\u00e4 baijerilaisten pyhien aikana.<\/p>\n\n\n\n<figure data-wp-context=\"{&quot;imageId&quot;:&quot;6a9c55204c230&quot;}\" data-wp-interactive=\"core\/image\" data-wp-key=\"6a9c55204c230\" class=\"wp-block-image size-full wp-lightbox-container\"><img decoding=\"async\" width=\"1714\" height=\"2560\" data-wp-class--hide=\"state.isContentHidden\" data-wp-class--show=\"state.isContentVisible\" data-wp-init=\"callbacks.setButtonStyles\" data-wp-on--click=\"actions.showLightbox\" data-wp-on--load=\"callbacks.setButtonStyles\" data-wp-on--pointerdown=\"actions.preloadImage\" data-wp-on--pointerenter=\"actions.preloadImageWithDelay\" data-wp-on--pointerleave=\"actions.cancelPreload\" data-wp-on-window--resize=\"callbacks.setButtonStyles\" src=\"https:\/\/loudavymkrokem.cz\/wp-content\/uploads\/2026\/09\/nemecko-clanky-termaly-nemecko-13-83289bd6-scaled.jpg\" alt=\"Limes-Therme (Bad G\u00f6gging): saunaosa\" class=\"wp-image-415302\" title=\"\" srcset=\"https:\/\/loudavymkrokem.cz\/wp-content\/uploads\/2026\/09\/nemecko-clanky-termaly-nemecko-13-83289bd6-scaled.jpg 1714w, https:\/\/loudavymkrokem.cz\/wp-content\/uploads\/2026\/09\/nemecko-clanky-termaly-nemecko-13-83289bd6-201x300.jpg 201w, https:\/\/loudavymkrokem.cz\/wp-content\/uploads\/2026\/09\/nemecko-clanky-termaly-nemecko-13-83289bd6-700x1045.jpg 700w, https:\/\/loudavymkrokem.cz\/wp-content\/uploads\/2026\/09\/nemecko-clanky-termaly-nemecko-13-83289bd6-768x1147.jpg 768w, https:\/\/loudavymkrokem.cz\/wp-content\/uploads\/2026\/09\/nemecko-clanky-termaly-nemecko-13-83289bd6-1029x1536.jpg 1029w, https:\/\/loudavymkrokem.cz\/wp-content\/uploads\/2026\/09\/nemecko-clanky-termaly-nemecko-13-83289bd6-1371x2048.jpg 1371w, https:\/\/loudavymkrokem.cz\/wp-content\/uploads\/2026\/09\/nemecko-clanky-termaly-nemecko-13-83289bd6-696x1039.jpg 696w, https:\/\/loudavymkrokem.cz\/wp-content\/uploads\/2026\/09\/nemecko-clanky-termaly-nemecko-13-83289bd6-1392x2079.jpg 1392w\" sizes=\"(max-width: 1714px) 100vw, 1714px\" \/><button\n\t\t\tclass=\"lightbox-trigger\"\n\t\t\ttype=\"button\"\n\t\t\taria-haspopup=\"dialog\"\n\t\t\tdata-wp-bind--aria-label=\"state.thisImage.triggerButtonAriaLabel\"\n\t\t\tdata-wp-init=\"callbacks.initTriggerButton\"\n\t\t\tdata-wp-on--click=\"actions.showLightbox\"\n\t\t\tdata-wp-style--right=\"state.thisImage.buttonRight\"\n\t\t\tdata-wp-style--top=\"state.thisImage.buttonTop\"\n\t\t>\n\t\t\t<svg xmlns=\"http:\/\/www.w3.org\/2000\/svg\" width=\"12\" height=\"12\" fill=\"none\" viewBox=\"0 0 12 12\">\n\t\t\t\t<path fill=\"#fff\" d=\"M2 0a2 2 0 0 0-2 2v2h1.5V2a.5.5 0 0 1 .5-.5h2V0H2Zm2 10.5H2a.5.5 0 0 1-.5-.5V8H0v2a2 2 0 0 0 2 2h2v-1.5ZM8 12v-1.5h2a.5.5 0 0 0 .5-.5V8H12v2a2 2 0 0 1-2 2H8Zm2-12a2 2 0 0 1 2 2v2h-1.5V2a.5.5 0 0 0-.5-.5H8V0h2Z\" \/>\n\t\t\t<\/svg>\n\t\t<\/button><figcaption class=\"wp-element-caption\">Kuva: Bad G\u00f6gging from Bad G\u00f6gging, Deutschland \/ Wikimedia Commons, CC BY 2.0<\/figcaption><\/figure>\n\n\n\n<h3 class=\"wp-block-heading\"><span class=\"ez-toc-section\" id=\"8_Limes-Therme_Bad_Gogging\"><\/span>8. Limes-Therme (Bad G\u00f6gging)<span class=\"ez-toc-section-end\"><\/span><\/h3>\n\n\n\n<p class=\"wp-block-paragraph\">Bad G\u00f6ggingiss\u00e4 t\u00f6rm\u00e4\u00e4t kylpyl\u00e4\u00e4n, jolla on eritt\u00e4in syv\u00e4t juuret. Parantava vesi nimitt\u00e4in pumpataan t\u00e4\u00e4ll\u00e4 kunnioitettavasta <strong>yli 600 metrin syvyydest\u00e4<\/strong> ja se on t\u00e4ynn\u00e4 t\u00e4rkeit\u00e4 hivenaineita. Sen lis\u00e4ksi alue ylpeilee my\u00f6s rikkivedell\u00e4, joka pulppuaa 120 metrin syvyydest\u00e4 ja s\u00e4ilytt\u00e4\u00e4 luonnollisen 13,5 \u00b0C:n l\u00e4mp\u00f6tilan ja korkean rikkipitoisuuden. Se on hyvin erikoinen alue, joka hurmaa erityisesti rauhallisen kylpyl\u00e4n yst\u00e4v\u00e4t.<\/p>\n\n\n\n<p class=\"wp-block-paragraph\">Vieraille on tarjolla yhteens\u00e4 <strong>15 sis\u00e4- ja ulkoallasta<\/strong>, jotka muodostavat yhdess\u00e4 1 250 neli\u00f6metrin vesipinnan. Termaalialtaissa l\u00e4mp\u00f6tila vaihtelee virkist\u00e4vist\u00e4 28 \u00b0C:sta aina kuumiin 36 \u00b0C:seen. T\u00e4\u00e4lt\u00e4 l\u00f6ytyy esimerkiksi kolme korkeuseroltaan siirretty\u00e4 Nymph\u00e4a-allasta tai erityinen terapia-allas. Kruununjalokivi on roomalainen sauna, joka tarjoaa jopa 90 \u00b0C:seen l\u00e4mmitettyj\u00e4 kuumia huoneita, viilennysaltaita ja pesualueita.<\/p>\n\n\n\n<p class=\"wp-block-paragraph\">Vuoden 2026 hinnaston mukaan kolmen tunnin iltalippu klo 17 alkaen maksaa <strong>15 euroa<\/strong>. Jos haluat kokeilla my\u00f6s mainittua roomalaista saunaa, maksat tariffiin lis\u00e4\u00e4 7 euroa. Koko kokonaisuutta ymp\u00e4r\u00f6i lis\u00e4ksi idyllinen 600 neli\u00f6metrin puutarha. <strong>\ud83d\udca1 Vinkki:<\/strong> Varaa kes\u00e4kuukausina ehdottomasti aikaa juuri lep\u00e4\u00e4miseen t\u00e4ss\u00e4 valtavassa puutarhassa, siell\u00e4 on upea rauha ja hyv\u00e4nolontunne.<\/p>\n\n\n\n<figure data-wp-context=\"{&quot;imageId&quot;:&quot;6a9c55204c893&quot;}\" data-wp-interactive=\"core\/image\" data-wp-key=\"6a9c55204c893\" class=\"wp-block-image size-full wp-lightbox-container\"><img decoding=\"async\" width=\"1800\" height=\"1200\" data-wp-class--hide=\"state.isContentHidden\" data-wp-class--show=\"state.isContentVisible\" data-wp-init=\"callbacks.setButtonStyles\" data-wp-on--click=\"actions.showLightbox\" data-wp-on--load=\"callbacks.setButtonStyles\" data-wp-on--pointerdown=\"actions.preloadImage\" data-wp-on--pointerenter=\"actions.preloadImageWithDelay\" data-wp-on--pointerleave=\"actions.cancelPreload\" data-wp-on-window--resize=\"callbacks.setButtonStyles\" src=\"https:\/\/loudavymkrokem.cz\/wp-content\/uploads\/2026\/09\/nemecko-clanky-termaly-nemecko-14-1b6f61cf.jpg\" alt=\"Therme Bad Griesbach (Bad Griesbach)\" class=\"wp-image-415303\" title=\"\" srcset=\"https:\/\/loudavymkrokem.cz\/wp-content\/uploads\/2026\/09\/nemecko-clanky-termaly-nemecko-14-1b6f61cf.jpg 1800w, https:\/\/loudavymkrokem.cz\/wp-content\/uploads\/2026\/09\/nemecko-clanky-termaly-nemecko-14-1b6f61cf-300x200.jpg 300w, https:\/\/loudavymkrokem.cz\/wp-content\/uploads\/2026\/09\/nemecko-clanky-termaly-nemecko-14-1b6f61cf-700x467.jpg 700w, https:\/\/loudavymkrokem.cz\/wp-content\/uploads\/2026\/09\/nemecko-clanky-termaly-nemecko-14-1b6f61cf-768x512.jpg 768w, https:\/\/loudavymkrokem.cz\/wp-content\/uploads\/2026\/09\/nemecko-clanky-termaly-nemecko-14-1b6f61cf-1536x1024.jpg 1536w, https:\/\/loudavymkrokem.cz\/wp-content\/uploads\/2026\/09\/nemecko-clanky-termaly-nemecko-14-1b6f61cf-696x464.jpg 696w, https:\/\/loudavymkrokem.cz\/wp-content\/uploads\/2026\/09\/nemecko-clanky-termaly-nemecko-14-1b6f61cf-1392x928.jpg 1392w\" sizes=\"(max-width: 1800px) 100vw, 1800px\" \/><button\n\t\t\tclass=\"lightbox-trigger\"\n\t\t\ttype=\"button\"\n\t\t\taria-haspopup=\"dialog\"\n\t\t\tdata-wp-bind--aria-label=\"state.thisImage.triggerButtonAriaLabel\"\n\t\t\tdata-wp-init=\"callbacks.initTriggerButton\"\n\t\t\tdata-wp-on--click=\"actions.showLightbox\"\n\t\t\tdata-wp-style--right=\"state.thisImage.buttonRight\"\n\t\t\tdata-wp-style--top=\"state.thisImage.buttonTop\"\n\t\t>\n\t\t\t<svg xmlns=\"http:\/\/www.w3.org\/2000\/svg\" width=\"12\" height=\"12\" fill=\"none\" viewBox=\"0 0 12 12\">\n\t\t\t\t<path fill=\"#fff\" d=\"M2 0a2 2 0 0 0-2 2v2h1.5V2a.5.5 0 0 1 .5-.5h2V0H2Zm2 10.5H2a.5.5 0 0 1-.5-.5V8H0v2a2 2 0 0 0 2 2h2v-1.5ZM8 12v-1.5h2a.5.5 0 0 0 .5-.5V8H12v2a2 2 0 0 1-2 2H8Zm2-12a2 2 0 0 1 2 2v2h-1.5V2a.5.5 0 0 0-.5-.5H8V0h2Z\" \/>\n\t\t\t<\/svg>\n\t\t<\/button><\/figure>\n\n\n\n<h3 class=\"wp-block-heading\"><span class=\"ez-toc-section\" id=\"9_Therme_Bad_Griesbach_Bad_Griesbach\"><\/span>9. Therme Bad Griesbach (Bad Griesbach)<span class=\"ez-toc-section-end\"><\/span><\/h3>\n\n\n\n<p class=\"wp-block-paragraph\">T\u00e4t\u00e4 kokonaisuutta ihmiset etsiv\u00e4t useimmiten pikkukaupungin nimell\u00e4, mutta virallisesti se on nimelt\u00e4\u00e4n THERME EINS. Sen t\u00e4ydellinen ainutlaatuisuus on saunamaailma Saunahof, joka on rakennettu <strong>alkuper\u00e4iseen rottalilaiseen nelj\u00e4nsivun maatilaan 1700-luvulta<\/strong>. Vanhan rustiikkisen arkkitehtuurin ja modernin wellness-el\u00e4myksen yhdistelm\u00e4 toimii t\u00e4\u00e4ll\u00e4 t\u00e4ydellisesti ja luo uskomattoman viihtyis\u00e4n tunnelman.<\/p>\n\n\n\n<p class=\"wp-block-paragraph\">Itse kylpyosa tarjoaa per\u00e4ti <strong>12 termaaliallasta<\/strong>, jotka on t\u00e4ynn\u00e4 mit\u00e4 erilaisimpia vesiattraktioita. Voit antaa hieroa itse\u00e4si vesiputousten alla, k\u00e4yd\u00e4 l\u00e4pi hieontaradan tai vain rentoutua porealtaissa. Veden l\u00e4mp\u00f6tila tyydytt\u00e4\u00e4 todella jokaisen, sill\u00e4 se vaihtelee mukavista 30 \u00b0C:sta aina uskomattoman kuumiin 42 \u00b0C:seen.<\/p>\n\n\n\n<p class=\"wp-block-paragraph\">Mainitussa historiallisessa maatilassa k\u00e4tkeytyy sitten yhteens\u00e4 seitsem\u00e4n erilaista saunaa, eik\u00e4 t\u00e4\u00e4lt\u00e4 puutu my\u00f6sk\u00e4\u00e4n klassinen roomalainen h\u00f6yrykylpy. Se on kuin luotu paikka pareille ja perinteisen saunomisen yst\u00e4ville ep\u00e4tavallisessa ymp\u00e4rist\u00f6ss\u00e4. <strong>\ud83d\udca1 Vinkki:<\/strong> Kun sy\u00f6t\u00e4t kohteen navigaattoriin, etsi todella nime\u00e4 THERME EINS, virallinen nimi vie sinut parkkipaikalle paljon luotettavammin.<\/p>\n\n\n\n<figure data-wp-context=\"{&quot;imageId&quot;:&quot;6a9c55204cf23&quot;}\" data-wp-interactive=\"core\/image\" data-wp-key=\"6a9c55204cf23\" class=\"wp-block-image size-full wp-lightbox-container\"><img decoding=\"async\" width=\"1800\" height=\"843\" data-wp-class--hide=\"state.isContentHidden\" data-wp-class--show=\"state.isContentVisible\" data-wp-init=\"callbacks.setButtonStyles\" data-wp-on--click=\"actions.showLightbox\" data-wp-on--load=\"callbacks.setButtonStyles\" data-wp-on--pointerdown=\"actions.preloadImage\" data-wp-on--pointerenter=\"actions.preloadImageWithDelay\" data-wp-on--pointerleave=\"actions.cancelPreload\" data-wp-on-window--resize=\"callbacks.setButtonStyles\" src=\"https:\/\/loudavymkrokem.cz\/wp-content\/uploads\/2026\/09\/nemecko-clanky-termaly-nemecko-15-c78f7327.jpg\" alt=\"Titania-kylpyl\u00e4n ulkosaunaosa Neus\u00e4ssiss\u00e4\" class=\"wp-image-415478\" title=\"\" srcset=\"https:\/\/loudavymkrokem.cz\/wp-content\/uploads\/2026\/09\/nemecko-clanky-termaly-nemecko-15-c78f7327.jpg 1800w, https:\/\/loudavymkrokem.cz\/wp-content\/uploads\/2026\/09\/nemecko-clanky-termaly-nemecko-15-c78f7327-300x141.jpg 300w, https:\/\/loudavymkrokem.cz\/wp-content\/uploads\/2026\/09\/nemecko-clanky-termaly-nemecko-15-c78f7327-700x328.jpg 700w, https:\/\/loudavymkrokem.cz\/wp-content\/uploads\/2026\/09\/nemecko-clanky-termaly-nemecko-15-c78f7327-768x360.jpg 768w, https:\/\/loudavymkrokem.cz\/wp-content\/uploads\/2026\/09\/nemecko-clanky-termaly-nemecko-15-c78f7327-1536x719.jpg 1536w, https:\/\/loudavymkrokem.cz\/wp-content\/uploads\/2026\/09\/nemecko-clanky-termaly-nemecko-15-c78f7327-696x326.jpg 696w, https:\/\/loudavymkrokem.cz\/wp-content\/uploads\/2026\/09\/nemecko-clanky-termaly-nemecko-15-c78f7327-1392x652.jpg 1392w\" sizes=\"(max-width: 1800px) 100vw, 1800px\" \/><button\n\t\t\tclass=\"lightbox-trigger\"\n\t\t\ttype=\"button\"\n\t\t\taria-haspopup=\"dialog\"\n\t\t\tdata-wp-bind--aria-label=\"state.thisImage.triggerButtonAriaLabel\"\n\t\t\tdata-wp-init=\"callbacks.initTriggerButton\"\n\t\t\tdata-wp-on--click=\"actions.showLightbox\"\n\t\t\tdata-wp-style--right=\"state.thisImage.buttonRight\"\n\t\t\tdata-wp-style--top=\"state.thisImage.buttonTop\"\n\t\t>\n\t\t\t<svg xmlns=\"http:\/\/www.w3.org\/2000\/svg\" width=\"12\" height=\"12\" fill=\"none\" viewBox=\"0 0 12 12\">\n\t\t\t\t<path fill=\"#fff\" d=\"M2 0a2 2 0 0 0-2 2v2h1.5V2a.5.5 0 0 1 .5-.5h2V0H2Zm2 10.5H2a.5.5 0 0 1-.5-.5V8H0v2a2 2 0 0 0 2 2h2v-1.5ZM8 12v-1.5h2a.5.5 0 0 0 .5-.5V8H12v2a2 2 0 0 1-2 2H8Zm2-12a2 2 0 0 1 2 2v2h-1.5V2a.5.5 0 0 0-.5-.5H8V0h2Z\" \/>\n\t\t\t<\/svg>\n\t\t<\/button><\/figure>\n\n\n\n<h3 class=\"wp-block-heading\"><span class=\"ez-toc-section\" id=\"10_Titania_Neusas_Neusas\"><\/span>10. Titania Neus\u00e4\u00df (Neus\u00e4\u00df)<span class=\"ez-toc-section-end\"><\/span><\/h3>\n\n\n\n<p class=\"wp-block-paragraph\">Neus\u00e4ssin huvi- ja termaalialue on paratiisi \u00e4\u00e4rimm\u00e4isten l\u00e4mp\u00f6tilaerojen yst\u00e4ville. Saunamaailma tarjoaa t\u00e4\u00e4ll\u00e4 valtavan monipuolisuuden, joka huipentuu <strong>95 \u00b0C kuumassa pohjoismaisessa Kelosaunassa<\/strong>. Sen lis\u00e4ksi t\u00e4\u00e4lt\u00e4 l\u00f6ytyy kivisauna (85 \u00b0C), suolasauna (90 \u00b0C), maasauna Erdsauna (80 \u00b0C) tai aivan ainutlaatuinen oluetsauna Bierst\u00fcberl. Se on kai yksi luovimmista saunakeskuksista laajalla alueella.<\/p>\n\n\n\n<p class=\"wp-block-paragraph\">Saunojen lis\u00e4ksi ilahduttaa my\u00f6s runsas altaiden ja kylpyjen valikoima. Voit l\u00e4mmitt\u00e4\u00e4 itsesi hammam-altaassa, jonka l\u00e4mp\u00f6tila on 34 \u00b0C, tai kokeilla kuumaa istuma-allasta. Viilennykseen sopii sitten mainiosti <strong>uppoallas 20 \u00b0C:lla<\/strong>. Jos suosit kosteampaa l\u00e4mp\u00f6\u00e4, suuntaa h\u00f6yrykylpyyn tai laconicaan, jossa l\u00e4mp\u00f6tila pysyy mukavassa 45 \u00b0C:ssa.<\/p>\n\n\n\n<p class=\"wp-block-paragraph\">Vuoden 2026 hinnaston mukaan tavallinen sis\u00e4\u00e4np\u00e4\u00e4symaksu aikuisille vaihtelee <strong>18,50 eurosta<\/strong> lyhyemm\u00e4ll\u00e4 sis\u00e4\u00e4np\u00e4\u00e4syll\u00e4 aina 28 euroon. Lastenliput maksavat 12\u201321,50 euroa oleskelun pituudesta riippuen. Alue sopii mainiosti perheille, joilla on vanhempia lapsia, jotka jo osaavat arvostaa paikallisten attraktioiden monipuolisuutta. <strong>\ud83d\udca1 Vinkki:<\/strong> Jos aiot k\u00e4yd\u00e4 t\u00e4\u00e4ll\u00e4 useammin, ota selv\u00e4\u00e4 heid\u00e4n kerhonsa ehdoista, sill\u00e4 niin sanotuilla Clubtarife-hinnoilla aikuinen maksaa sis\u00e4\u00e4np\u00e4\u00e4syst\u00e4 vain 9,25 eurosta.<\/p>\n\n\n\n<figure data-wp-context=\"{&quot;imageId&quot;:&quot;6a9c55204d4d4&quot;}\" data-wp-interactive=\"core\/image\" data-wp-key=\"6a9c55204d4d4\" class=\"wp-block-image size-full wp-lightbox-container\"><img decoding=\"async\" width=\"1800\" height=\"1200\" data-wp-class--hide=\"state.isContentHidden\" data-wp-class--show=\"state.isContentVisible\" data-wp-init=\"callbacks.setButtonStyles\" data-wp-on--click=\"actions.showLightbox\" data-wp-on--load=\"callbacks.setButtonStyles\" data-wp-on--pointerdown=\"actions.preloadImage\" data-wp-on--pointerenter=\"actions.preloadImageWithDelay\" data-wp-on--pointerleave=\"actions.cancelPreload\" data-wp-on-window--resize=\"callbacks.setButtonStyles\" src=\"https:\/\/loudavymkrokem.cz\/wp-content\/uploads\/2026\/09\/nemecko-clanky-termaly-nemecko-16-25ba2f69.jpg\" alt=\"Fackelmann Therme Hersbruck (Hersbruck)\" class=\"wp-image-415305\" title=\"\" srcset=\"https:\/\/loudavymkrokem.cz\/wp-content\/uploads\/2026\/09\/nemecko-clanky-termaly-nemecko-16-25ba2f69.jpg 1800w, https:\/\/loudavymkrokem.cz\/wp-content\/uploads\/2026\/09\/nemecko-clanky-termaly-nemecko-16-25ba2f69-300x200.jpg 300w, https:\/\/loudavymkrokem.cz\/wp-content\/uploads\/2026\/09\/nemecko-clanky-termaly-nemecko-16-25ba2f69-700x467.jpg 700w, https:\/\/loudavymkrokem.cz\/wp-content\/uploads\/2026\/09\/nemecko-clanky-termaly-nemecko-16-25ba2f69-768x512.jpg 768w, https:\/\/loudavymkrokem.cz\/wp-content\/uploads\/2026\/09\/nemecko-clanky-termaly-nemecko-16-25ba2f69-1536x1024.jpg 1536w, https:\/\/loudavymkrokem.cz\/wp-content\/uploads\/2026\/09\/nemecko-clanky-termaly-nemecko-16-25ba2f69-696x464.jpg 696w, https:\/\/loudavymkrokem.cz\/wp-content\/uploads\/2026\/09\/nemecko-clanky-termaly-nemecko-16-25ba2f69-1392x928.jpg 1392w\" sizes=\"(max-width: 1800px) 100vw, 1800px\" \/><button\n\t\t\tclass=\"lightbox-trigger\"\n\t\t\ttype=\"button\"\n\t\t\taria-haspopup=\"dialog\"\n\t\t\tdata-wp-bind--aria-label=\"state.thisImage.triggerButtonAriaLabel\"\n\t\t\tdata-wp-init=\"callbacks.initTriggerButton\"\n\t\t\tdata-wp-on--click=\"actions.showLightbox\"\n\t\t\tdata-wp-style--right=\"state.thisImage.buttonRight\"\n\t\t\tdata-wp-style--top=\"state.thisImage.buttonTop\"\n\t\t>\n\t\t\t<svg xmlns=\"http:\/\/www.w3.org\/2000\/svg\" width=\"12\" height=\"12\" fill=\"none\" viewBox=\"0 0 12 12\">\n\t\t\t\t<path fill=\"#fff\" d=\"M2 0a2 2 0 0 0-2 2v2h1.5V2a.5.5 0 0 1 .5-.5h2V0H2Zm2 10.5H2a.5.5 0 0 1-.5-.5V8H0v2a2 2 0 0 0 2 2h2v-1.5ZM8 12v-1.5h2a.5.5 0 0 0 .5-.5V8H12v2a2 2 0 0 1-2 2H8Zm2-12a2 2 0 0 1 2 2v2h-1.5V2a.5.5 0 0 0-.5-.5H8V0h2Z\" \/>\n\t\t\t<\/svg>\n\t\t<\/button><figcaption class=\"wp-element-caption\">Kuva: Fackelmann Therme Hersbruck \/ Wikimedia Commons, CC BY-SA 3.0<\/figcaption><\/figure>\n\n\n\n<h3 class=\"wp-block-heading\"><span class=\"ez-toc-section\" id=\"11_Fackelmann_Therme_Hersbruck_Hersbruck\"><\/span>11. Fackelmann Therme Hersbruck (Hersbruck)<span class=\"ez-toc-section-end\"><\/span><\/h3>\n\n\n\n<p class=\"wp-block-paragraph\">T\u00e4m\u00e4 joulukuussa 2004 frankilaisessa Hersbruckissa avattu alue houkuttelee ennen kaikkea valtion tunnustamalla parantavalla vedell\u00e4. Sill\u00e4 on loistavat ominaisuudet ja jo suoraan l\u00e4hteell\u00e4 se saavuttaa <strong>29,4 \u00b0C:n l\u00e4mp\u00f6tilan<\/strong>. Termaalimaailman sis\u00e4osa on kauniisti valaistu ja tarjoaa altaan, jonka veden l\u00e4mp\u00f6tila on 34 \u00b0C ja jossa voit jopa nauttia pinnan alla rentouttavaa vedenalaista musiikkia.<\/p>\n\n\n\n<p class=\"wp-block-paragraph\">Jos hengit\u00e4t mieluummin raitista ilmaa, suuntaa ulkotermaalialtaalle, joka on l\u00e4mmitetty mahtavaan <strong>36 \u00b0C:seen<\/strong>. Voit venytell\u00e4 siell\u00e4 kuplatuoleilla tai antaa paikallisten hierontasuuttimien hieroa selk\u00e4\u00e4si. Alue huokuu hyv\u00e4nolontunnetta ja pienemm\u00e4n kokonsa ansiosta se ei vaikuta niin anonyymilt\u00e4 kuin Erdingin kaltaiset j\u00e4ttil\u00e4iset.<\/p>\n\n\n\n<p class=\"wp-block-paragraph\">Vuoden 2026 hinnaston mukaan maksetun ajan ylittyess\u00e4 laskutetaan lis\u00e4maksu <strong>1 euro jokaiselta alkavalta puolelta tunnilta<\/strong>. Jos unohdat varusteesi kotiin, se ei ole mik\u00e4\u00e4n ongelma, sill\u00e4 t\u00e4\u00e4ll\u00e4 vuokrataan 2,50 eurolla pyyhe ja 5 eurolla kylpytakki. <strong>\ud83d\udca1 Vinkki:<\/strong> Hy\u00f6dynn\u00e4 mahdollisuutta vuokrata kylpytakki paikan p\u00e4\u00e4ll\u00e4, jolloin reppuun tai matkalaukkuun mahtuu paljon muuta tavaraa etk\u00e4 joudu raahaamaan mukanasi tilaa vievi\u00e4 pyyhkeit\u00e4.<\/p>\n\n\n\n<figure data-wp-context=\"{&quot;imageId&quot;:&quot;6a9c55204db50&quot;}\" data-wp-interactive=\"core\/image\" data-wp-key=\"6a9c55204db50\" class=\"wp-block-image size-full wp-lightbox-container\"><img decoding=\"async\" width=\"1800\" height=\"1350\" data-wp-class--hide=\"state.isContentHidden\" data-wp-class--show=\"state.isContentVisible\" data-wp-init=\"callbacks.setButtonStyles\" data-wp-on--click=\"actions.showLightbox\" data-wp-on--load=\"callbacks.setButtonStyles\" data-wp-on--pointerdown=\"actions.preloadImage\" data-wp-on--pointerenter=\"actions.preloadImageWithDelay\" data-wp-on--pointerleave=\"actions.cancelPreload\" data-wp-on-window--resize=\"callbacks.setButtonStyles\" src=\"https:\/\/loudavymkrokem.cz\/wp-content\/uploads\/2026\/09\/nemecko-clanky-termaly-nemecko-17-4ae5052a.jpg\" alt=\"ThermeNatur (Bad Rodach)\" class=\"wp-image-415306\" title=\"\" srcset=\"https:\/\/loudavymkrokem.cz\/wp-content\/uploads\/2026\/09\/nemecko-clanky-termaly-nemecko-17-4ae5052a.jpg 1800w, https:\/\/loudavymkrokem.cz\/wp-content\/uploads\/2026\/09\/nemecko-clanky-termaly-nemecko-17-4ae5052a-300x225.jpg 300w, https:\/\/loudavymkrokem.cz\/wp-content\/uploads\/2026\/09\/nemecko-clanky-termaly-nemecko-17-4ae5052a-700x525.jpg 700w, https:\/\/loudavymkrokem.cz\/wp-content\/uploads\/2026\/09\/nemecko-clanky-termaly-nemecko-17-4ae5052a-768x576.jpg 768w, https:\/\/loudavymkrokem.cz\/wp-content\/uploads\/2026\/09\/nemecko-clanky-termaly-nemecko-17-4ae5052a-1536x1152.jpg 1536w, https:\/\/loudavymkrokem.cz\/wp-content\/uploads\/2026\/09\/nemecko-clanky-termaly-nemecko-17-4ae5052a-80x60.jpg 80w, https:\/\/loudavymkrokem.cz\/wp-content\/uploads\/2026\/09\/nemecko-clanky-termaly-nemecko-17-4ae5052a-160x120.jpg 160w, https:\/\/loudavymkrokem.cz\/wp-content\/uploads\/2026\/09\/nemecko-clanky-termaly-nemecko-17-4ae5052a-696x522.jpg 696w, https:\/\/loudavymkrokem.cz\/wp-content\/uploads\/2026\/09\/nemecko-clanky-termaly-nemecko-17-4ae5052a-1392x1044.jpg 1392w\" sizes=\"(max-width: 1800px) 100vw, 1800px\" \/><button\n\t\t\tclass=\"lightbox-trigger\"\n\t\t\ttype=\"button\"\n\t\t\taria-haspopup=\"dialog\"\n\t\t\tdata-wp-bind--aria-label=\"state.thisImage.triggerButtonAriaLabel\"\n\t\t\tdata-wp-init=\"callbacks.initTriggerButton\"\n\t\t\tdata-wp-on--click=\"actions.showLightbox\"\n\t\t\tdata-wp-style--right=\"state.thisImage.buttonRight\"\n\t\t\tdata-wp-style--top=\"state.thisImage.buttonTop\"\n\t\t>\n\t\t\t<svg xmlns=\"http:\/\/www.w3.org\/2000\/svg\" width=\"12\" height=\"12\" fill=\"none\" viewBox=\"0 0 12 12\">\n\t\t\t\t<path fill=\"#fff\" d=\"M2 0a2 2 0 0 0-2 2v2h1.5V2a.5.5 0 0 1 .5-.5h2V0H2Zm2 10.5H2a.5.5 0 0 1-.5-.5V8H0v2a2 2 0 0 0 2 2h2v-1.5ZM8 12v-1.5h2a.5.5 0 0 0 .5-.5V8H12v2a2 2 0 0 1-2 2H8Zm2-12a2 2 0 0 1 2 2v2h-1.5V2a.5.5 0 0 0-.5-.5H8V0h2Z\" \/>\n\t\t\t<\/svg>\n\t\t<\/button><\/figure>\n\n\n\n<h3 class=\"wp-block-heading\"><span class=\"ez-toc-section\" id=\"12_ThermeNatur_Bad_Rodach\"><\/span>12. ThermeNatur (Bad Rodach)<span class=\"ez-toc-section-end\"><\/span><\/h3>\n\n\n\n<p class=\"wp-block-paragraph\">T\u00e4m\u00e4 kylpyl\u00e4alue l\u00f6ytyy Bad Rodachin pikkukaupungista ja se on tunnettu ennen kaikkea eritt\u00e4in laadukkaasta vedest\u00e4\u00e4n. T\u00e4k\u00e4l\u00e4inen termaalil\u00e4hde, joka l\u00f6ydettiin vuonna 1972, pumpataan <strong>652 metrin syvyydest\u00e4<\/strong> ja ylpeilee tittelill\u00e4 koko laajan alueen kaikkein l\u00e4mpimin l\u00e4hde. Suoraan maan syvyyksist\u00e4 se pulppuaa kauniin 34 \u00b0C:n l\u00e4mp\u00f6tilalla.<\/p>\n\n\n\n<p class=\"wp-block-paragraph\">Alue on suunniteltu enemm\u00e4nkin perinteiseksi kylpyl\u00e4ksi, etk\u00e4 t\u00e4\u00e4lt\u00e4 l\u00f6yd\u00e4 villej\u00e4 adrenaliinia janoavia v\u00e4kijoukkoja. T\u00e4\u00e4ll\u00e4 on k\u00e4yt\u00f6ss\u00e4 <strong>kylpy- ja saunamaisema<\/strong>, jota t\u00e4ydent\u00e4\u00e4 erikoistunut wellness-osasto. Se on juuri sellainen paikka, jonne menn\u00e4\u00e4n ker\u00e4\u00e4m\u00e4\u00e4n voimia, hidastamaan tahtia ja antamaan parantavan veden tehd\u00e4 ty\u00f6ns\u00e4 tuki- ja liikuntaelimist\u00f6llesi.<\/p>\n\n\n\n<p class=\"wp-block-paragraph\">Se sopii ensisijaisesti aikuisille, pareille ja senioreille, jotka etsiv\u00e4t rauhaa ja aitoa kuntoutusta. Jos siis harkitset hiljaista viikonloppua kirjan kanssa ja nivelten l\u00e4mmitt\u00e4mist\u00e4, t\u00e4\u00e4ll\u00e4 et astu harhaan. <strong>\ud83d\udca1 Vinkki:<\/strong> Jos sinulla on selk\u00e4vaivoja, varaa etuk\u00e4teen jokin t\u00e4k\u00e4l\u00e4isen wellness-osaston hoidoista, heill\u00e4 on valtava kokemus paikallisen veden hy\u00f6dynt\u00e4misest\u00e4.<\/p>\n\n\n\n<figure data-wp-context=\"{&quot;imageId&quot;:&quot;6a9c55204e0bf&quot;}\" data-wp-interactive=\"core\/image\" data-wp-key=\"6a9c55204e0bf\" class=\"wp-block-image size-full wp-lightbox-container\"><img decoding=\"async\" width=\"1800\" height=\"1200\" data-wp-class--hide=\"state.isContentHidden\" data-wp-class--show=\"state.isContentVisible\" data-wp-init=\"callbacks.setButtonStyles\" data-wp-on--click=\"actions.showLightbox\" data-wp-on--load=\"callbacks.setButtonStyles\" data-wp-on--pointerdown=\"actions.preloadImage\" data-wp-on--pointerenter=\"actions.preloadImageWithDelay\" data-wp-on--pointerleave=\"actions.cancelPreload\" data-wp-on-window--resize=\"callbacks.setButtonStyles\" src=\"https:\/\/loudavymkrokem.cz\/wp-content\/uploads\/2026\/09\/nemecko-clanky-termaly-nemecko-18-1233e231.jpg\" alt=\"Johannesbad Therme Bad F\u00fcssing (Bad F\u00fcssing)\" class=\"wp-image-415307\" title=\"\" srcset=\"https:\/\/loudavymkrokem.cz\/wp-content\/uploads\/2026\/09\/nemecko-clanky-termaly-nemecko-18-1233e231.jpg 1800w, https:\/\/loudavymkrokem.cz\/wp-content\/uploads\/2026\/09\/nemecko-clanky-termaly-nemecko-18-1233e231-300x200.jpg 300w, https:\/\/loudavymkrokem.cz\/wp-content\/uploads\/2026\/09\/nemecko-clanky-termaly-nemecko-18-1233e231-700x467.jpg 700w, https:\/\/loudavymkrokem.cz\/wp-content\/uploads\/2026\/09\/nemecko-clanky-termaly-nemecko-18-1233e231-768x512.jpg 768w, https:\/\/loudavymkrokem.cz\/wp-content\/uploads\/2026\/09\/nemecko-clanky-termaly-nemecko-18-1233e231-1536x1024.jpg 1536w, https:\/\/loudavymkrokem.cz\/wp-content\/uploads\/2026\/09\/nemecko-clanky-termaly-nemecko-18-1233e231-696x464.jpg 696w, https:\/\/loudavymkrokem.cz\/wp-content\/uploads\/2026\/09\/nemecko-clanky-termaly-nemecko-18-1233e231-1392x928.jpg 1392w\" sizes=\"(max-width: 1800px) 100vw, 1800px\" \/><button\n\t\t\tclass=\"lightbox-trigger\"\n\t\t\ttype=\"button\"\n\t\t\taria-haspopup=\"dialog\"\n\t\t\tdata-wp-bind--aria-label=\"state.thisImage.triggerButtonAriaLabel\"\n\t\t\tdata-wp-init=\"callbacks.initTriggerButton\"\n\t\t\tdata-wp-on--click=\"actions.showLightbox\"\n\t\t\tdata-wp-style--right=\"state.thisImage.buttonRight\"\n\t\t\tdata-wp-style--top=\"state.thisImage.buttonTop\"\n\t\t>\n\t\t\t<svg xmlns=\"http:\/\/www.w3.org\/2000\/svg\" width=\"12\" height=\"12\" fill=\"none\" viewBox=\"0 0 12 12\">\n\t\t\t\t<path fill=\"#fff\" d=\"M2 0a2 2 0 0 0-2 2v2h1.5V2a.5.5 0 0 1 .5-.5h2V0H2Zm2 10.5H2a.5.5 0 0 1-.5-.5V8H0v2a2 2 0 0 0 2 2h2v-1.5ZM8 12v-1.5h2a.5.5 0 0 0 .5-.5V8H12v2a2 2 0 0 1-2 2H8Zm2-12a2 2 0 0 1 2 2v2h-1.5V2a.5.5 0 0 0-.5-.5H8V0h2Z\" \/>\n\t\t\t<\/svg>\n\t\t<\/button><\/figure>\n\n\n\n<h3 class=\"wp-block-heading\"><span class=\"ez-toc-section\" id=\"13_Johannesbad_Therme_Bad_Fussing_Bad_Fussing\"><\/span>13. Johannesbad Therme Bad F\u00fcssing (Bad F\u00fcssing)<span class=\"ez-toc-section-end\"><\/span><\/h3>\n\n\n\n<p class=\"wp-block-paragraph\">Bad F\u00fcssingiss\u00e4 vieraillessasi t\u00f6rm\u00e4\u00e4t alueeseen, joka lukeutuu koko Euroopan suurimpiin kylpyl\u00f6ihin. Se tarjoaa nimitt\u00e4in uskomattomat <strong>4 500 neli\u00f6metri\u00e4 vesipintaa<\/strong>, joka levitt\u00e4ytyy kolmentoista j\u00e4ttim\u00e4isen altaan poikki. Vesi on per\u00e4isin Johannesquelle-l\u00e4hteest\u00e4, jonka Zwick-perhe porasi t\u00e4nne vuonna 1964, ja se saapuu tuhannen metrin syvyydest\u00e4.<\/p>\n\n\n\n<p class=\"wp-block-paragraph\">Suoraan l\u00e4hteell\u00e4 veden l\u00e4mp\u00f6tila on <strong>56 \u00b0C<\/strong>, mutta altaissa nautit siit\u00e4 j\u00e4\u00e4hdytettyn\u00e4 mukaviin 27\u201339 \u00b0C:seen. Aluetta, joka on toiminut vuodesta 1969 l\u00e4htien yhdess\u00e4 viereisen klinikan kanssa, ymp\u00e4r\u00f6iv\u00e4t j\u00e4ttim\u00e4iset ulkona olevat makuualueet, joiden pinta-ala on 60 000 neli\u00f6metri\u00e4. T\u00e4\u00e4lt\u00e4 ei puutu my\u00f6sk\u00e4\u00e4n 800 neli\u00f6metrin saunaosa neljine saunoineen ja h\u00f6yrykylpyineen.<\/p>\n\n\n\n<p class=\"wp-block-paragraph\">Se on j\u00e4ttil\u00e4inen, joka keskittyy vahvasti terveyteen, ennaltaehk\u00e4isyyn ja hoitoon, joten t\u00e4nne suuntaa valtava m\u00e4\u00e4r\u00e4 ihmisi\u00e4 kuntoutukseen. \u00c4l\u00e4 odota t\u00e4\u00e4lt\u00e4 intiimi\u00e4 tunnelmaa, vaan pikemminkin ensiluokkaista kylpyl\u00e4hoitoa j\u00e4ttim\u00e4isess\u00e4 mittakaavassa. <strong>\ud83d\udca1 Vinkki:<\/strong> Ota kes\u00e4kuukausina ehdottomasti mukaan iso viltti, sill\u00e4 valtavat nurmialueet ulkona ovat ihanteellisia koko p\u00e4iv\u00e4n auringossa makaamiseen.<\/p>\n\n\n\n<figure data-wp-context=\"{&quot;imageId&quot;:&quot;6a9c55204e7a2&quot;}\" data-wp-interactive=\"core\/image\" data-wp-key=\"6a9c55204e7a2\" class=\"wp-block-image size-full wp-lightbox-container\"><img decoding=\"async\" width=\"1800\" height=\"750\" data-wp-class--hide=\"state.isContentHidden\" data-wp-class--show=\"state.isContentVisible\" data-wp-init=\"callbacks.setButtonStyles\" data-wp-on--click=\"actions.showLightbox\" data-wp-on--load=\"callbacks.setButtonStyles\" data-wp-on--pointerdown=\"actions.preloadImage\" data-wp-on--pointerenter=\"actions.preloadImageWithDelay\" data-wp-on--pointerleave=\"actions.cancelPreload\" data-wp-on-window--resize=\"callbacks.setButtonStyles\" src=\"https:\/\/loudavymkrokem.cz\/wp-content\/uploads\/2026\/09\/nemecko-clanky-termaly-nemecko-19-48dd8934.jpg\" alt=\"Vesiattraktioita sis\u00e4lt\u00e4v\u00e4 allas Europa Thermess\u00e4 Bad F\u00fcssingiss\u00e4\" class=\"wp-image-415483\" title=\"\" srcset=\"https:\/\/loudavymkrokem.cz\/wp-content\/uploads\/2026\/09\/nemecko-clanky-termaly-nemecko-19-48dd8934.jpg 1800w, https:\/\/loudavymkrokem.cz\/wp-content\/uploads\/2026\/09\/nemecko-clanky-termaly-nemecko-19-48dd8934-300x125.jpg 300w, https:\/\/loudavymkrokem.cz\/wp-content\/uploads\/2026\/09\/nemecko-clanky-termaly-nemecko-19-48dd8934-700x292.jpg 700w, https:\/\/loudavymkrokem.cz\/wp-content\/uploads\/2026\/09\/nemecko-clanky-termaly-nemecko-19-48dd8934-768x320.jpg 768w, https:\/\/loudavymkrokem.cz\/wp-content\/uploads\/2026\/09\/nemecko-clanky-termaly-nemecko-19-48dd8934-1536x640.jpg 1536w, https:\/\/loudavymkrokem.cz\/wp-content\/uploads\/2026\/09\/nemecko-clanky-termaly-nemecko-19-48dd8934-696x290.jpg 696w, https:\/\/loudavymkrokem.cz\/wp-content\/uploads\/2026\/09\/nemecko-clanky-termaly-nemecko-19-48dd8934-1392x580.jpg 1392w\" sizes=\"(max-width: 1800px) 100vw, 1800px\" \/><button\n\t\t\tclass=\"lightbox-trigger\"\n\t\t\ttype=\"button\"\n\t\t\taria-haspopup=\"dialog\"\n\t\t\tdata-wp-bind--aria-label=\"state.thisImage.triggerButtonAriaLabel\"\n\t\t\tdata-wp-init=\"callbacks.initTriggerButton\"\n\t\t\tdata-wp-on--click=\"actions.showLightbox\"\n\t\t\tdata-wp-style--right=\"state.thisImage.buttonRight\"\n\t\t\tdata-wp-style--top=\"state.thisImage.buttonTop\"\n\t\t>\n\t\t\t<svg xmlns=\"http:\/\/www.w3.org\/2000\/svg\" width=\"12\" height=\"12\" fill=\"none\" viewBox=\"0 0 12 12\">\n\t\t\t\t<path fill=\"#fff\" d=\"M2 0a2 2 0 0 0-2 2v2h1.5V2a.5.5 0 0 1 .5-.5h2V0H2Zm2 10.5H2a.5.5 0 0 1-.5-.5V8H0v2a2 2 0 0 0 2 2h2v-1.5ZM8 12v-1.5h2a.5.5 0 0 0 .5-.5V8H12v2a2 2 0 0 1-2 2H8Zm2-12a2 2 0 0 1 2 2v2h-1.5V2a.5.5 0 0 0-.5-.5H8V0h2Z\" \/>\n\t\t\t<\/svg>\n\t\t<\/button><\/figure>\n\n\n\n<h3 class=\"wp-block-heading\"><span class=\"ez-toc-section\" id=\"14_Europa_Therme_Bad_Fussing\"><\/span>14. Europa Therme (Bad F\u00fcssing)<span class=\"ez-toc-section-end\"><\/span><\/h3>\n\n\n\n<p class=\"wp-block-paragraph\">Toinen valtava kylpyl\u00e4kokonaisuus Bad F\u00fcssingiss\u00e4 houkuttelee 3 000 neli\u00f6metrin termaalimaisemalla. Sen ehdoton hallitseva piirre on <strong>120 metri\u00e4 pitk\u00e4 virtakanava<\/strong>, joka on yhdistetty j\u00e4ttim\u00e4iseen attraktioaltaaseen Nymph\u00e4um, jonka veden l\u00e4mp\u00f6tila on 36 \u00b0C. T\u00e4k\u00e4l\u00e4iset virtaukset, kuplatuolit ja vesitykit pystyv\u00e4t viihdytt\u00e4m\u00e4\u00e4n sinua hyvin pitk\u00e4n aikaa.<\/p>\n\n\n\n<p class=\"wp-block-paragraph\">T\u00e4\u00e4lt\u00e4 l\u00f6yd\u00e4t <strong>17 erilaista allasta<\/strong>, joiden l\u00e4mp\u00f6tilat ovat 27\u201340 \u00b0C. Voit lev\u00e4t\u00e4 altaassa, jossa on vedenalaista musiikkia ja joka on l\u00e4mmitetty 37 \u00b0C:seen, t\u00e4htitaivas-luolassa tai ilmakuplatuolien luona. Kuka tahansa haluaa uida, arvostaa kahta selk\u00e4uintialtaan viile\u00e4mm\u00e4ll\u00e4, noin 29 \u00b0C:n vedell\u00e4. T\u00e4\u00e4lt\u00e4 ei puutu my\u00f6sk\u00e4\u00e4n suosittu ulkona oleva vaihtoallas, jonka l\u00e4mp\u00f6tilat ovat 18 ja 40 \u00b0C.<\/p>\n\n\n\n<p class=\"wp-block-paragraph\">Vuoden 2026 hinnaston mukaan sis\u00e4\u00e4np\u00e4\u00e4sy on sallittu vain <strong>yli 3-vuotiaille lapsille<\/strong>, joten vauvojen kanssa sinua ei valitettavasti p\u00e4\u00e4stet\u00e4 t\u00e4nne. Jos viivyt alueella pidemp\u00e4\u00e4n kuin sinulla on maksettuna, laskutetaan lis\u00e4maksu 1 euro jokaiselta alkavalta puolelta tunnilta. <strong>\ud83d\udca1 Vinkki:<\/strong> Pient\u00e4 2 euron lis\u00e4maksua vastaan voit ostaa termaalisis\u00e4\u00e4np\u00e4\u00e4syyn lis\u00e4ksi k\u00e4ynnin Aerosalzassa, joka on erityinen huone ja loistava keuhkoillesi.<\/p>\n\n\n\n<figure data-wp-context=\"{&quot;imageId&quot;:&quot;6a9c55204edd2&quot;}\" data-wp-interactive=\"core\/image\" data-wp-key=\"6a9c55204edd2\" class=\"wp-block-image size-full wp-lightbox-container\"><img decoding=\"async\" width=\"1800\" height=\"1012\" data-wp-class--hide=\"state.isContentHidden\" data-wp-class--show=\"state.isContentVisible\" data-wp-init=\"callbacks.setButtonStyles\" data-wp-on--click=\"actions.showLightbox\" data-wp-on--load=\"callbacks.setButtonStyles\" data-wp-on--pointerdown=\"actions.preloadImage\" data-wp-on--pointerenter=\"actions.preloadImageWithDelay\" data-wp-on--pointerleave=\"actions.cancelPreload\" data-wp-on-window--resize=\"callbacks.setButtonStyles\" src=\"https:\/\/loudavymkrokem.cz\/wp-content\/uploads\/2026\/09\/nemecko-clanky-termaly-nemecko-20-018a6875.jpg\" alt=\"Sibyllenbad-termaalialue Neualbenreuthissa ilmasta kuvattuna\" class=\"wp-image-415309\" title=\"\" srcset=\"https:\/\/loudavymkrokem.cz\/wp-content\/uploads\/2026\/09\/nemecko-clanky-termaly-nemecko-20-018a6875.jpg 1800w, https:\/\/loudavymkrokem.cz\/wp-content\/uploads\/2026\/09\/nemecko-clanky-termaly-nemecko-20-018a6875-300x169.jpg 300w, https:\/\/loudavymkrokem.cz\/wp-content\/uploads\/2026\/09\/nemecko-clanky-termaly-nemecko-20-018a6875-700x394.jpg 700w, https:\/\/loudavymkrokem.cz\/wp-content\/uploads\/2026\/09\/nemecko-clanky-termaly-nemecko-20-018a6875-768x432.jpg 768w, https:\/\/loudavymkrokem.cz\/wp-content\/uploads\/2026\/09\/nemecko-clanky-termaly-nemecko-20-018a6875-1536x864.jpg 1536w, https:\/\/loudavymkrokem.cz\/wp-content\/uploads\/2026\/09\/nemecko-clanky-termaly-nemecko-20-018a6875-696x391.jpg 696w, https:\/\/loudavymkrokem.cz\/wp-content\/uploads\/2026\/09\/nemecko-clanky-termaly-nemecko-20-018a6875-1392x783.jpg 1392w\" sizes=\"(max-width: 1800px) 100vw, 1800px\" \/><button\n\t\t\tclass=\"lightbox-trigger\"\n\t\t\ttype=\"button\"\n\t\t\taria-haspopup=\"dialog\"\n\t\t\tdata-wp-bind--aria-label=\"state.thisImage.triggerButtonAriaLabel\"\n\t\t\tdata-wp-init=\"callbacks.initTriggerButton\"\n\t\t\tdata-wp-on--click=\"actions.showLightbox\"\n\t\t\tdata-wp-style--right=\"state.thisImage.buttonRight\"\n\t\t\tdata-wp-style--top=\"state.thisImage.buttonTop\"\n\t\t>\n\t\t\t<svg xmlns=\"http:\/\/www.w3.org\/2000\/svg\" width=\"12\" height=\"12\" fill=\"none\" viewBox=\"0 0 12 12\">\n\t\t\t\t<path fill=\"#fff\" d=\"M2 0a2 2 0 0 0-2 2v2h1.5V2a.5.5 0 0 1 .5-.5h2V0H2Zm2 10.5H2a.5.5 0 0 1-.5-.5V8H0v2a2 2 0 0 0 2 2h2v-1.5ZM8 12v-1.5h2a.5.5 0 0 0 .5-.5V8H12v2a2 2 0 0 1-2 2H8Zm2-12a2 2 0 0 1 2 2v2h-1.5V2a.5.5 0 0 0-.5-.5H8V0h2Z\" \/>\n\t\t\t<\/svg>\n\t\t<\/button><\/figure>\n\n\n\n<h3 class=\"wp-block-heading\"><span class=\"ez-toc-section\" id=\"15_Sibyllenbad_Neualbenreuth\"><\/span>15. Sibyllenbad (Neualbenreuth)<span class=\"ez-toc-section-end\"><\/span><\/h3>\n\n\n\n<p class=\"wp-block-paragraph\">T\u00e4m\u00e4 alue l\u00f6ytyy aivan l\u00e4hist\u00f6lt\u00e4 ja sen p\u00e4\u00e4veto on parantava <strong>hiilihappopitoinen mineraalivesi Sibyllenquelle-l\u00e4hteest\u00e4<\/strong>. T\u00e4k\u00e4l\u00e4inen parantava vesi l\u00e4mmitt\u00e4\u00e4 sinut mahtavaan 34\u201336 \u00b0C:seen ja voit nauttia siit\u00e4 lukuisten joutsenkaulan muotoisten vesikourujen alla tai antaa lattian kuplapuhaltimien hieroa itse\u00e4si hell\u00e4varaisesti.<\/p>\n\n\n\n<p class=\"wp-block-paragraph\">Kokonaisuus on suunniteltu eritt\u00e4in tyylikk\u00e4\u00e4sti, vaikka se ei kuulu suurimpiin j\u00e4ttil\u00e4isiin. Vuoden 2026 hinnaston mukaan maksat kahdesta tunnista allasosassa <strong>9 euroa<\/strong>, kolme tuntia maksaa 12 euroa ja koko p\u00e4iv\u00e4n lipun saat 19 eurolla. Jos haluat yhdist\u00e4\u00e4 altaat suoraan saunamaailmaan, koko p\u00e4iv\u00e4n lippu maksaa 29 euroa.<\/p>\n\n\n\n<p class=\"wp-block-paragraph\">Kes\u00e4kuusta elokuuhun tarjolla on lis\u00e4ksi erityinen iltasis\u00e4\u00e4np\u00e4\u00e4sy saunaan. Se on voimassa klo 17 alkaen ja maksaa sympaattiset 15 euroa. Se on ihanteellinen ja hinnaltaan edullinen vaihtoehto kehon rauhalliseen l\u00e4mmitt\u00e4miseen raskaan ty\u00f6p\u00e4iv\u00e4n j\u00e4lkeen. <strong>\ud83d\udca1 Vinkki:<\/strong> Hy\u00f6dynn\u00e4 juuri t\u00e4t\u00e4 kes\u00e4n iltatariffia, sill\u00e4 hintaan n\u00e4hden se on kai paras rentoutuminen l\u00e4hialueella.<\/p>\n\n\n\n<figure data-wp-context=\"{&quot;imageId&quot;:&quot;6a9c55204f39a&quot;}\" data-wp-interactive=\"core\/image\" data-wp-key=\"6a9c55204f39a\" class=\"wp-block-image size-full wp-lightbox-container\"><img decoding=\"async\" width=\"1800\" height=\"1200\" data-wp-class--hide=\"state.isContentHidden\" data-wp-class--show=\"state.isContentVisible\" data-wp-init=\"callbacks.setButtonStyles\" data-wp-on--click=\"actions.showLightbox\" data-wp-on--load=\"callbacks.setButtonStyles\" data-wp-on--pointerdown=\"actions.preloadImage\" data-wp-on--pointerenter=\"actions.preloadImageWithDelay\" data-wp-on--pointerleave=\"actions.cancelPreload\" data-wp-on-window--resize=\"callbacks.setButtonStyles\" src=\"https:\/\/loudavymkrokem.cz\/wp-content\/uploads\/2026\/09\/nemecko-clanky-termaly-nemecko-21-f3489141.jpg\" alt=\"Historiallisen Friedrichsbad-kylpyl\u00e4n koristeellinen julkisivu Baden-Badenissa\" class=\"wp-image-415310\" title=\"\" srcset=\"https:\/\/loudavymkrokem.cz\/wp-content\/uploads\/2026\/09\/nemecko-clanky-termaly-nemecko-21-f3489141.jpg 1800w, https:\/\/loudavymkrokem.cz\/wp-content\/uploads\/2026\/09\/nemecko-clanky-termaly-nemecko-21-f3489141-300x200.jpg 300w, https:\/\/loudavymkrokem.cz\/wp-content\/uploads\/2026\/09\/nemecko-clanky-termaly-nemecko-21-f3489141-700x467.jpg 700w, https:\/\/loudavymkrokem.cz\/wp-content\/uploads\/2026\/09\/nemecko-clanky-termaly-nemecko-21-f3489141-768x512.jpg 768w, https:\/\/loudavymkrokem.cz\/wp-content\/uploads\/2026\/09\/nemecko-clanky-termaly-nemecko-21-f3489141-1536x1024.jpg 1536w, https:\/\/loudavymkrokem.cz\/wp-content\/uploads\/2026\/09\/nemecko-clanky-termaly-nemecko-21-f3489141-696x464.jpg 696w, https:\/\/loudavymkrokem.cz\/wp-content\/uploads\/2026\/09\/nemecko-clanky-termaly-nemecko-21-f3489141-1392x928.jpg 1392w\" sizes=\"(max-width: 1800px) 100vw, 1800px\" \/><button\n\t\t\tclass=\"lightbox-trigger\"\n\t\t\ttype=\"button\"\n\t\t\taria-haspopup=\"dialog\"\n\t\t\tdata-wp-bind--aria-label=\"state.thisImage.triggerButtonAriaLabel\"\n\t\t\tdata-wp-init=\"callbacks.initTriggerButton\"\n\t\t\tdata-wp-on--click=\"actions.showLightbox\"\n\t\t\tdata-wp-style--right=\"state.thisImage.buttonRight\"\n\t\t\tdata-wp-style--top=\"state.thisImage.buttonTop\"\n\t\t>\n\t\t\t<svg xmlns=\"http:\/\/www.w3.org\/2000\/svg\" width=\"12\" height=\"12\" fill=\"none\" viewBox=\"0 0 12 12\">\n\t\t\t\t<path fill=\"#fff\" d=\"M2 0a2 2 0 0 0-2 2v2h1.5V2a.5.5 0 0 1 .5-.5h2V0H2Zm2 10.5H2a.5.5 0 0 1-.5-.5V8H0v2a2 2 0 0 0 2 2h2v-1.5ZM8 12v-1.5h2a.5.5 0 0 0 .5-.5V8H12v2a2 2 0 0 1-2 2H8Zm2-12a2 2 0 0 1 2 2v2h-1.5V2a.5.5 0 0 0-.5-.5H8V0h2Z\" \/>\n\t\t\t<\/svg>\n\t\t<\/button><figcaption class=\"wp-element-caption\">Kuva: A.Savin \/ Wikimedia Commons, CC BY-SA 3.0<\/figcaption><\/figure>\n\n\n\n<h2 class=\"wp-block-heading\"><span class=\"ez-toc-section\" id=\"Kylpylat_Baden-Wurttembergissa\"><\/span>Kylpyl\u00e4t Baden-W\u00fcrttembergiss\u00e4<span class=\"ez-toc-section-end\"><\/span><\/h2>\n\n\n\n<p class=\"wp-block-paragraph\">Baden-W\u00fcrttemberg on t\u00e4ydellinen klassikko, jos etsit aitoa <strong>perinteist\u00e4 kylpyl\u00e4kulttuuria<\/strong>. Juuri t\u00e4\u00e4lt\u00e4 l\u00f6yd\u00e4t kuuluisan Baden-Badenin ja luultavasti suurimman keskittym\u00e4n kaupunkeja, joiden nimess\u00e4 on etuliite &#8220;Bad&#8221;, koko Saksassa. Uskokaa minua, mineraalil\u00e4hteist\u00e4 t\u00e4\u00e4ll\u00e4 ei todellakaan ole pulaa ja sek\u00e4 historian ett\u00e4 modernin rentoutumisen yst\u00e4v\u00e4t saavat rahoilleen vastinetta.<\/p>\n\n\n\n<p class=\"wp-block-paragraph\">Historiallisten kylpyl\u00f6iden lis\u00e4ksi t\u00e4m\u00e4 osavaltio ylpeilee my\u00f6s yhdell\u00e4 ainutlaatuisuudella. T\u00e4\u00e4ll\u00e4 nimitt\u00e4in sijaitsee <strong>kaksi valtavaa trooppista kylpyl\u00e4\u00e4<\/strong>, jotka rakennutti tunnettu vision\u00e4\u00e4ri Josef Wund. Jos siis kaipaat eksotiikkaa lasikaton alla, sinulla on paljon odotettavaa.<\/p>\n\n\n\n<figure data-wp-context=\"{&quot;imageId&quot;:&quot;6a9c55204f852&quot;}\" data-wp-interactive=\"core\/image\" data-wp-key=\"6a9c55204f852\" class=\"wp-block-image size-full wp-lightbox-container\"><img decoding=\"async\" width=\"1800\" height=\"1201\" data-wp-class--hide=\"state.isContentHidden\" data-wp-class--show=\"state.isContentVisible\" data-wp-init=\"callbacks.setButtonStyles\" data-wp-on--click=\"actions.showLightbox\" data-wp-on--load=\"callbacks.setButtonStyles\" data-wp-on--pointerdown=\"actions.preloadImage\" data-wp-on--pointerenter=\"actions.preloadImageWithDelay\" data-wp-on--pointerleave=\"actions.cancelPreload\" data-wp-on-window--resize=\"callbacks.setButtonStyles\" src=\"https:\/\/loudavymkrokem.cz\/wp-content\/uploads\/2026\/09\/nemecko-clanky-termaly-nemecko-22-938982ac.jpg\" alt=\"Thermen &#038; Badewelt Sinsheim (Sinsheim): allas panoraamakaton alla\" class=\"wp-image-415311\" title=\"\" srcset=\"https:\/\/loudavymkrokem.cz\/wp-content\/uploads\/2026\/09\/nemecko-clanky-termaly-nemecko-22-938982ac.jpg 1800w, https:\/\/loudavymkrokem.cz\/wp-content\/uploads\/2026\/09\/nemecko-clanky-termaly-nemecko-22-938982ac-300x200.jpg 300w, https:\/\/loudavymkrokem.cz\/wp-content\/uploads\/2026\/09\/nemecko-clanky-termaly-nemecko-22-938982ac-700x467.jpg 700w, https:\/\/loudavymkrokem.cz\/wp-content\/uploads\/2026\/09\/nemecko-clanky-termaly-nemecko-22-938982ac-768x512.jpg 768w, https:\/\/loudavymkrokem.cz\/wp-content\/uploads\/2026\/09\/nemecko-clanky-termaly-nemecko-22-938982ac-1536x1025.jpg 1536w, https:\/\/loudavymkrokem.cz\/wp-content\/uploads\/2026\/09\/nemecko-clanky-termaly-nemecko-22-938982ac-696x464.jpg 696w, https:\/\/loudavymkrokem.cz\/wp-content\/uploads\/2026\/09\/nemecko-clanky-termaly-nemecko-22-938982ac-1392x929.jpg 1392w\" sizes=\"(max-width: 1800px) 100vw, 1800px\" \/><button\n\t\t\tclass=\"lightbox-trigger\"\n\t\t\ttype=\"button\"\n\t\t\taria-haspopup=\"dialog\"\n\t\t\tdata-wp-bind--aria-label=\"state.thisImage.triggerButtonAriaLabel\"\n\t\t\tdata-wp-init=\"callbacks.initTriggerButton\"\n\t\t\tdata-wp-on--click=\"actions.showLightbox\"\n\t\t\tdata-wp-style--right=\"state.thisImage.buttonRight\"\n\t\t\tdata-wp-style--top=\"state.thisImage.buttonTop\"\n\t\t>\n\t\t\t<svg xmlns=\"http:\/\/www.w3.org\/2000\/svg\" width=\"12\" height=\"12\" fill=\"none\" viewBox=\"0 0 12 12\">\n\t\t\t\t<path fill=\"#fff\" d=\"M2 0a2 2 0 0 0-2 2v2h1.5V2a.5.5 0 0 1 .5-.5h2V0H2Zm2 10.5H2a.5.5 0 0 1-.5-.5V8H0v2a2 2 0 0 0 2 2h2v-1.5ZM8 12v-1.5h2a.5.5 0 0 0 .5-.5V8H12v2a2 2 0 0 1-2 2H8Zm2-12a2 2 0 0 1 2 2v2h-1.5V2a.5.5 0 0 0-.5-.5H8V0h2Z\" \/>\n\t\t\t<\/svg>\n\t\t<\/button><\/figure>\n\n\n\n<h3 class=\"wp-block-heading\"><span class=\"ez-toc-section\" id=\"16_Thermen_Badewelt_Sinsheim_Sinsheim\"><\/span>16. Thermen &#038; Badewelt Sinsheim (Sinsheim)<span class=\"ez-toc-section-end\"><\/span><\/h3>\n\n\n\n<p class=\"wp-block-paragraph\">T\u00e4m\u00e4 valtava kokonaisuus Sinsheimin kaupungissa kuuluu kuuluisaan Josef Wundin kylpyl\u00e4perheeseen ja sis\u00e4ll\u00e4 se n\u00e4ytt\u00e4\u00e4 kuin t\u00e4ydelliselt\u00e4 eksoottiselta paratiisilta. P\u00e4\u00e4veto on <strong>vaikuttava Palmenparadies<\/strong>, jossa kasvaa yli 400 el\u00e4v\u00e4\u00e4 trooppista palmua ja yli tuhat upeaa orkideaa. El\u00e4mys on todella poikkeuksellinen, varsinkin kun ulkona on kolea s\u00e4\u00e4 ja sin\u00e4 k\u00e4velet uima-asussa palmujen keskell\u00e4.<\/p>\n\n\n\n<p class=\"wp-block-paragraph\">Veden l\u00e4mp\u00f6tilat ilahduttavat sinua taatusti, sill\u00e4 laguuneissa l\u00e4mmit\u00e4t itsesi 34 \u00b0C:ssa ja allas Quellen der Gesundheit tarjoaa <strong>mukavat 36 \u00b0C<\/strong>. Uida voit 25 metrin urheiluvedess\u00e4 26 \u00b0C:lla, kun taas opetusvedess\u00e4 on 32 \u00b0C. Viilennykseen sopii uppoallas 16 \u00b0C:lla. Vitaltherme &#038; Sauna -alue k\u00e4tkee sis\u00e4\u00e4ns\u00e4 13 erilaista saunaa, joiden joukosta ei puutu my\u00f6sk\u00e4\u00e4n erityinen laivasauna. Turkoosivetisess\u00e4 laguunissa voit lis\u00e4ksi nauttia eksoottisen cocktailin suoraan poolbaarista.<\/p>\n\n\n\n<p class=\"wp-block-paragraph\">Kylpyl\u00e4\u00e4n on p\u00e4\u00e4sy <strong>ainoastaan 16-vuotiaille<\/strong>, joten lasten kanssa \u00e4l\u00e4 suunnittele t\u00e4nne matkaa. Ajankohtaisen sis\u00e4\u00e4np\u00e4\u00e4symaksun tarkista ennen matkaa verkkosivuilta, sill\u00e4 se muuttuu p\u00e4iv\u00e4n ja oleskelun pituuden mukaan. Jos aiot tulla t\u00e4nne useammin, kannattaa hankkia ennakkoon ladattu arvokortti: 150 euron kredit maksaa 142,50 euroa, eli 5 %:n alennuksella. <strong>\ud83d\udca1 Vinkki:<\/strong> Jos unohdat varusteet, kylpytakin vuokraus maksaa 9 euroa (plus 40 euron pantti) ja pyyhe maksaa 6 euroa (20 euron pantti).<\/p>\n\n\n\n<figure data-wp-context=\"{&quot;imageId&quot;:&quot;6a9c55204fe81&quot;}\" data-wp-interactive=\"core\/image\" data-wp-key=\"6a9c55204fe81\" class=\"wp-block-image size-full wp-lightbox-container\"><img decoding=\"async\" width=\"1800\" height=\"1200\" data-wp-class--hide=\"state.isContentHidden\" data-wp-class--show=\"state.isContentVisible\" data-wp-init=\"callbacks.setButtonStyles\" data-wp-on--click=\"actions.showLightbox\" data-wp-on--load=\"callbacks.setButtonStyles\" data-wp-on--pointerdown=\"actions.preloadImage\" data-wp-on--pointerenter=\"actions.preloadImageWithDelay\" data-wp-on--pointerleave=\"actions.cancelPreload\" data-wp-on-window--resize=\"callbacks.setButtonStyles\" src=\"https:\/\/loudavymkrokem.cz\/wp-content\/uploads\/2026\/09\/nemecko-clanky-termaly-nemecko-23-69c5fa9a.jpg\" alt=\"Mineraltherme-rakennus B\u00f6blingeniss\u00e4\" class=\"wp-image-415485\" title=\"\" srcset=\"https:\/\/loudavymkrokem.cz\/wp-content\/uploads\/2026\/09\/nemecko-clanky-termaly-nemecko-23-69c5fa9a.jpg 1800w, https:\/\/loudavymkrokem.cz\/wp-content\/uploads\/2026\/09\/nemecko-clanky-termaly-nemecko-23-69c5fa9a-300x200.jpg 300w, https:\/\/loudavymkrokem.cz\/wp-content\/uploads\/2026\/09\/nemecko-clanky-termaly-nemecko-23-69c5fa9a-700x467.jpg 700w, https:\/\/loudavymkrokem.cz\/wp-content\/uploads\/2026\/09\/nemecko-clanky-termaly-nemecko-23-69c5fa9a-768x512.jpg 768w, https:\/\/loudavymkrokem.cz\/wp-content\/uploads\/2026\/09\/nemecko-clanky-termaly-nemecko-23-69c5fa9a-1536x1024.jpg 1536w, https:\/\/loudavymkrokem.cz\/wp-content\/uploads\/2026\/09\/nemecko-clanky-termaly-nemecko-23-69c5fa9a-696x464.jpg 696w, https:\/\/loudavymkrokem.cz\/wp-content\/uploads\/2026\/09\/nemecko-clanky-termaly-nemecko-23-69c5fa9a-1392x928.jpg 1392w\" sizes=\"(max-width: 1800px) 100vw, 1800px\" \/><button\n\t\t\tclass=\"lightbox-trigger\"\n\t\t\ttype=\"button\"\n\t\t\taria-haspopup=\"dialog\"\n\t\t\tdata-wp-bind--aria-label=\"state.thisImage.triggerButtonAriaLabel\"\n\t\t\tdata-wp-init=\"callbacks.initTriggerButton\"\n\t\t\tdata-wp-on--click=\"actions.showLightbox\"\n\t\t\tdata-wp-style--right=\"state.thisImage.buttonRight\"\n\t\t\tdata-wp-style--top=\"state.thisImage.buttonTop\"\n\t\t>\n\t\t\t<svg xmlns=\"http:\/\/www.w3.org\/2000\/svg\" width=\"12\" height=\"12\" fill=\"none\" viewBox=\"0 0 12 12\">\n\t\t\t\t<path fill=\"#fff\" d=\"M2 0a2 2 0 0 0-2 2v2h1.5V2a.5.5 0 0 1 .5-.5h2V0H2Zm2 10.5H2a.5.5 0 0 1-.5-.5V8H0v2a2 2 0 0 0 2 2h2v-1.5ZM8 12v-1.5h2a.5.5 0 0 0 .5-.5V8H12v2a2 2 0 0 1-2 2H8Zm2-12a2 2 0 0 1 2 2v2h-1.5V2a.5.5 0 0 0-.5-.5H8V0h2Z\" \/>\n\t\t\t<\/svg>\n\t\t<\/button><figcaption class=\"wp-element-caption\">Kuva: Giftzwerg 88 \/ Wikimedia Commons, CC BY-SA 3.0<\/figcaption><\/figure>\n\n\n\n<h3 class=\"wp-block-heading\"><span class=\"ez-toc-section\" id=\"17_Mineraltherme_Boblingen_Boblingen\"><\/span>17. Mineraltherme B\u00f6blingen (B\u00f6blingen)<span class=\"ez-toc-section-end\"><\/span><\/h3>\n\n\n\n<p class=\"wp-block-paragraph\">B\u00f6blingenin kaupungin kylpyl\u00e4ss\u00e4 sinua odottaa saunamaailma, joka <strong>vie runsaat 3 300 neli\u00f6metri\u00e4<\/strong>. Kylpeminen tapahtuu viidess\u00e4 erilaisessa rentoutumisaltaassa, joissa veden l\u00e4mp\u00f6tila vaihtelee eritt\u00e4in mukavista 31 \u00b0C:sta 36 \u00b0C:seen. T\u00e4m\u00e4 kokonaisuus sopii jokaiselle, joka etsii pakoa arjen huolista ja arvostaa laadukasta wellness-ymp\u00e4rist\u00f6\u00e4 keskell\u00e4 kaupunkia.<\/p>\n\n\n\n<p class=\"wp-block-paragraph\">Saunojat saavat t\u00e4\u00e4ll\u00e4 todella rahoilleen vastinetta, sill\u00e4 laaja alue tarjoaa klassisen suomalaisen saunan, tuoksuvan yrttil\u00e4mmittelyn, lempe\u00e4mm\u00e4n softsaunan, erityisen SinnBadin ja perinteiset roomalaiset h\u00f6yrykylvyt. Avoinna vieraille on joka p\u00e4iv\u00e4 klo 9\u201322. Jos rakastat pitki\u00e4 iltakylpyj\u00e4, l\u00e4hde t\u00e4nne kuukauden ensimm\u00e4isen\u00e4 perjantaina, jolloin <strong>voit rentoutua aina keskiy\u00f6h\u00f6n asti<\/strong>. Alle 5-vuotiailta lapsilta sis\u00e4\u00e4np\u00e4\u00e4sy on kokonaan kielletty ja alle 16-vuotiailla nuorilla t\u00e4ytyy olla aikuisen seura.<\/p>\n\n\n\n<p class=\"wp-block-paragraph\">Vuoden 2026 hinnaston mukaan kolmen tunnin sis\u00e4\u00e4np\u00e4\u00e4sy kylpyl\u00f6ihin ja Classic-saunaan maksaa <strong>17,50 euroa arkisin<\/strong> ja 19 euroa viikonloppuisin. Nelj\u00e4n tunnin lippu Saunagarten-alue mukaan lukien maksaa 26,50 euroa, viikonloppuisin 28 euroa. Koko p\u00e4iv\u00e4n lippu molempiin saunavy\u00f6hykkeisiin maksaa 33,50 euroa arkisin. Perhetariffi kahdelle aikuiselle ja kahdelle lapselle (5\u201316-vuotiaat) maksaa 50 euroa kolmelta tunnilta. <strong>\ud83d\udca1 Vinkki:<\/strong> Jokaisesta alueella hierontoihin k\u00e4ytetyst\u00e4 eurosta saat minuutin aikakreditin lis\u00e4\u00e4. Syntym\u00e4p\u00e4iv\u00e4sankarit saavat asiakirjan esitetty\u00e4\u00e4n 50 %:n alennuksen sis\u00e4\u00e4np\u00e4\u00e4syst\u00e4.<\/p>\n\n\n\n<figure data-wp-context=\"{&quot;imageId&quot;:&quot;6a9c5520504d9&quot;}\" data-wp-interactive=\"core\/image\" data-wp-key=\"6a9c5520504d9\" class=\"wp-block-image size-full wp-lightbox-container\"><img decoding=\"async\" width=\"1800\" height=\"1350\" data-wp-class--hide=\"state.isContentHidden\" data-wp-class--show=\"state.isContentVisible\" data-wp-init=\"callbacks.setButtonStyles\" data-wp-on--click=\"actions.showLightbox\" data-wp-on--load=\"callbacks.setButtonStyles\" data-wp-on--pointerdown=\"actions.preloadImage\" data-wp-on--pointerenter=\"actions.preloadImageWithDelay\" data-wp-on--pointerleave=\"actions.cancelPreload\" data-wp-on-window--resize=\"callbacks.setButtonStyles\" src=\"https:\/\/loudavymkrokem.cz\/wp-content\/uploads\/2026\/09\/nemecko-clanky-termaly-nemecko-24-fb363786-1.jpg\" alt=\"Panorama Therme Beuren (Beuren)\" class=\"wp-image-415315\" title=\"\" srcset=\"https:\/\/loudavymkrokem.cz\/wp-content\/uploads\/2026\/09\/nemecko-clanky-termaly-nemecko-24-fb363786-1.jpg 1800w, https:\/\/loudavymkrokem.cz\/wp-content\/uploads\/2026\/09\/nemecko-clanky-termaly-nemecko-24-fb363786-1-300x225.jpg 300w, https:\/\/loudavymkrokem.cz\/wp-content\/uploads\/2026\/09\/nemecko-clanky-termaly-nemecko-24-fb363786-1-700x525.jpg 700w, https:\/\/loudavymkrokem.cz\/wp-content\/uploads\/2026\/09\/nemecko-clanky-termaly-nemecko-24-fb363786-1-768x576.jpg 768w, https:\/\/loudavymkrokem.cz\/wp-content\/uploads\/2026\/09\/nemecko-clanky-termaly-nemecko-24-fb363786-1-1536x1152.jpg 1536w, https:\/\/loudavymkrokem.cz\/wp-content\/uploads\/2026\/09\/nemecko-clanky-termaly-nemecko-24-fb363786-1-80x60.jpg 80w, https:\/\/loudavymkrokem.cz\/wp-content\/uploads\/2026\/09\/nemecko-clanky-termaly-nemecko-24-fb363786-1-160x120.jpg 160w, https:\/\/loudavymkrokem.cz\/wp-content\/uploads\/2026\/09\/nemecko-clanky-termaly-nemecko-24-fb363786-1-696x522.jpg 696w, https:\/\/loudavymkrokem.cz\/wp-content\/uploads\/2026\/09\/nemecko-clanky-termaly-nemecko-24-fb363786-1-1392x1044.jpg 1392w\" sizes=\"(max-width: 1800px) 100vw, 1800px\" \/><button\n\t\t\tclass=\"lightbox-trigger\"\n\t\t\ttype=\"button\"\n\t\t\taria-haspopup=\"dialog\"\n\t\t\tdata-wp-bind--aria-label=\"state.thisImage.triggerButtonAriaLabel\"\n\t\t\tdata-wp-init=\"callbacks.initTriggerButton\"\n\t\t\tdata-wp-on--click=\"actions.showLightbox\"\n\t\t\tdata-wp-style--right=\"state.thisImage.buttonRight\"\n\t\t\tdata-wp-style--top=\"state.thisImage.buttonTop\"\n\t\t>\n\t\t\t<svg xmlns=\"http:\/\/www.w3.org\/2000\/svg\" width=\"12\" height=\"12\" fill=\"none\" viewBox=\"0 0 12 12\">\n\t\t\t\t<path fill=\"#fff\" d=\"M2 0a2 2 0 0 0-2 2v2h1.5V2a.5.5 0 0 1 .5-.5h2V0H2Zm2 10.5H2a.5.5 0 0 1-.5-.5V8H0v2a2 2 0 0 0 2 2h2v-1.5ZM8 12v-1.5h2a.5.5 0 0 0 .5-.5V8H12v2a2 2 0 0 1-2 2H8Zm2-12a2 2 0 0 1 2 2v2h-1.5V2a.5.5 0 0 0-.5-.5H8V0h2Z\" \/>\n\t\t\t<\/svg>\n\t\t<\/button><\/figure>\n\n\n\n<h3 class=\"wp-block-heading\"><span class=\"ez-toc-section\" id=\"18_Panorama_Therme_Beuren_Beuren\"><\/span>18. Panorama Therme Beuren (Beuren)<span class=\"ez-toc-section-end\"><\/span><\/h3>\n\n\n\n<p class=\"wp-block-paragraph\">T\u00e4m\u00e4 kylpyl\u00e4 sijaitsee vieh\u00e4tt\u00e4v\u00e4ss\u00e4 Beurenin kaupungissa ja sen sijainti on ainutlaatuinen, sill\u00e4 suuri osa kunnan alueesta <strong>kuuluu Schw\u00e4bische Alb -biosf\u00e4\u00e4rialueeseen<\/strong>. Ymp\u00e4r\u00f6iv\u00e4 luonto on siis yksinkertaisesti upea ja lep\u00e4\u00e4t t\u00e4\u00e4ll\u00e4 maksimaalisesti tietoisena siit\u00e4, ett\u00e4 olet suojelualueella. Kylpyl\u00e4 sopii t\u00e4m\u00e4n ansiosta t\u00e4ydellisesti Sveitsin Albilla vietetyn aktiivisen p\u00e4iv\u00e4n p\u00e4\u00e4tteeksi.<\/p>\n\n\n\n<p class=\"wp-block-paragraph\">K\u00e4yt\u00f6ss\u00e4 on klassinen termaaliosa ja eritt\u00e4in suositut h\u00f6yrykylvyt (Dampfb\u00e4der). Ymp\u00e4rist\u00f6 on kokonaisuudessaan rauhallisempi ja keskittyy ensisijaisesti aikuisiin vieraisiin, jotka etsiv\u00e4t kunnon lepoa ymp\u00e4r\u00f6iv\u00e4ss\u00e4 luonnossa vaeltelun j\u00e4lkeen. Tunnelma etenee t\u00e4\u00e4ll\u00e4 hitaammalla tahdilla ja voit ilman omantunnontuskia nauttia l\u00e4mpim\u00e4n veden hyv\u00e4\u00e4 tekevist\u00e4 vaikutuksista.<\/p>\n\n\n\n<p class=\"wp-block-paragraph\">Vuoden 2026 hinnaston mukaan lippu h\u00f6yrykylpyihin 2,5 tunniksi maksaa <strong>17,50 euroa arkisin<\/strong>, viikonloppuisin ja pyhin\u00e4 maksat lis\u00e4\u00e4 1,50 euroa. Vaikeasti vammaisilla on pieni alennus ja he maksavat 16,50 euroa. Kylpyl\u00f6iden ja h\u00f6yryn yhdistelm\u00e4 kolmeksi tunniksi maksaa 25,50 euroa arkisin ja 27 euroa viikonloppuisin. <strong>\ud83d\udca1 Vinkki:<\/strong> Jos sinulla on kotona vanhempia lippuja parkkilipun muodossa viivakoodilla, voit yh\u00e4 k\u00e4ytt\u00e4\u00e4 niit\u00e4, mutta maksat lis\u00e4\u00e4 3\u20133,50 euroa. Ikivanhoissa magneettijuovaisissa lipuissa lis\u00e4maksu on 5\u20135,50 euroa.<\/p>\n\n\n\n<figure data-wp-context=\"{&quot;imageId&quot;:&quot;6a9c552050af5&quot;}\" data-wp-interactive=\"core\/image\" data-wp-key=\"6a9c552050af5\" class=\"wp-block-image size-full wp-lightbox-container\"><img decoding=\"async\" width=\"1800\" height=\"1200\" data-wp-class--hide=\"state.isContentHidden\" data-wp-class--show=\"state.isContentVisible\" data-wp-init=\"callbacks.setButtonStyles\" data-wp-on--click=\"actions.showLightbox\" data-wp-on--load=\"callbacks.setButtonStyles\" data-wp-on--pointerdown=\"actions.preloadImage\" data-wp-on--pointerenter=\"actions.preloadImageWithDelay\" data-wp-on--pointerleave=\"actions.cancelPreload\" data-wp-on-window--resize=\"callbacks.setButtonStyles\" src=\"https:\/\/loudavymkrokem.cz\/wp-content\/uploads\/2026\/09\/nemecko-clanky-termaly-nemecko-25-92e2b50c.jpg\" alt=\"Bodensee-Therme Konstanz ravintoloineen Bodenj\u00e4rven rannalla\" class=\"wp-image-415489\" title=\"\" srcset=\"https:\/\/loudavymkrokem.cz\/wp-content\/uploads\/2026\/09\/nemecko-clanky-termaly-nemecko-25-92e2b50c.jpg 1800w, https:\/\/loudavymkrokem.cz\/wp-content\/uploads\/2026\/09\/nemecko-clanky-termaly-nemecko-25-92e2b50c-300x200.jpg 300w, https:\/\/loudavymkrokem.cz\/wp-content\/uploads\/2026\/09\/nemecko-clanky-termaly-nemecko-25-92e2b50c-700x467.jpg 700w, https:\/\/loudavymkrokem.cz\/wp-content\/uploads\/2026\/09\/nemecko-clanky-termaly-nemecko-25-92e2b50c-768x512.jpg 768w, https:\/\/loudavymkrokem.cz\/wp-content\/uploads\/2026\/09\/nemecko-clanky-termaly-nemecko-25-92e2b50c-1536x1024.jpg 1536w, https:\/\/loudavymkrokem.cz\/wp-content\/uploads\/2026\/09\/nemecko-clanky-termaly-nemecko-25-92e2b50c-696x464.jpg 696w, https:\/\/loudavymkrokem.cz\/wp-content\/uploads\/2026\/09\/nemecko-clanky-termaly-nemecko-25-92e2b50c-1392x928.jpg 1392w\" sizes=\"(max-width: 1800px) 100vw, 1800px\" \/><button\n\t\t\tclass=\"lightbox-trigger\"\n\t\t\ttype=\"button\"\n\t\t\taria-haspopup=\"dialog\"\n\t\t\tdata-wp-bind--aria-label=\"state.thisImage.triggerButtonAriaLabel\"\n\t\t\tdata-wp-init=\"callbacks.initTriggerButton\"\n\t\t\tdata-wp-on--click=\"actions.showLightbox\"\n\t\t\tdata-wp-style--right=\"state.thisImage.buttonRight\"\n\t\t\tdata-wp-style--top=\"state.thisImage.buttonTop\"\n\t\t>\n\t\t\t<svg xmlns=\"http:\/\/www.w3.org\/2000\/svg\" width=\"12\" height=\"12\" fill=\"none\" viewBox=\"0 0 12 12\">\n\t\t\t\t<path fill=\"#fff\" d=\"M2 0a2 2 0 0 0-2 2v2h1.5V2a.5.5 0 0 1 .5-.5h2V0H2Zm2 10.5H2a.5.5 0 0 1-.5-.5V8H0v2a2 2 0 0 0 2 2h2v-1.5ZM8 12v-1.5h2a.5.5 0 0 0 .5-.5V8H12v2a2 2 0 0 1-2 2H8Zm2-12a2 2 0 0 1 2 2v2h-1.5V2a.5.5 0 0 0-.5-.5H8V0h2Z\" \/>\n\t\t\t<\/svg>\n\t\t<\/button><figcaption class=\"wp-element-caption\">Kuva: Rizzo \/ Wikimedia Commons, CC BY-SA 3.0<\/figcaption><\/figure>\n\n\n\n<h3 class=\"wp-block-heading\"><span class=\"ez-toc-section\" id=\"19_Bodensee-Therme_Konstanz_Konstanz\"><\/span>19. Bodensee-Therme Konstanz (Konstanz)<span class=\"ez-toc-section-end\"><\/span><\/h3>\n\n\n\n<p class=\"wp-block-paragraph\">T\u00e4\u00e4ll\u00e4 kylvet <strong>suoraan kuuluisan Bodenj\u00e4rven rannalla<\/strong> Konstanzin kaupungissa. Koko alue jakautuu ovelasti nelj\u00e4\u00e4n p\u00e4\u00e4osaan, joihin kuuluu sis\u00e4termaaliallas, ulkotermaaliallas, erityinen Quelltopf sek\u00e4 kes\u00e4uimala (Freibad), josta ei puutu kunnon 50 metrin uima-allasta. Altaiden ja j\u00e4rven yhdistelm\u00e4 on taianomainen.<\/p>\n\n\n\n<p class=\"wp-block-paragraph\">Kes\u00e4ll\u00e4 ihmiset nauttivat kylpemisest\u00e4 suoraan j\u00e4rvess\u00e4, kun taas viile\u00e4mpin\u00e4 kuukausina heit\u00e4 houkuttelevat l\u00e4mmitetyt kylpyl\u00e4t. Saunaosa on avoinna p\u00e4ivitt\u00e4in klo 10\u201322 ja joka tiistai se toimii <strong>ainoastaan naisten saunana<\/strong>, mik\u00e4 on loistava uutinen kaikille yksityisyytt\u00e4 etsiville vieraille. Lapset p\u00e4\u00e4sev\u00e4t saunaan ja Quelltopfiin vasta 6-vuotiaina. Kes\u00e4n Freibadiin alle 5-vuotiailla lapsilla on ilmainen sis\u00e4\u00e4np\u00e4\u00e4sy, kylpyl\u00f6ihin alle 2-vuotiaat lapset eiv\u00e4t maksa.<\/p>\n\n\n\n<p class=\"wp-block-paragraph\">Vuoden 2026 hinnaston mukaan maksat kolmesta tunnista kylpyl\u00f6iss\u00e4 <strong>16,50 euroa arkisin<\/strong> ja 19 euroa viikonloppuisin tai pyhin\u00e4. Koko p\u00e4iv\u00e4n oleskelu altaissa maksaa 19,50 euroa, viikonloppuisin 22 euroa. Kolmen tunnin sauna maksaa 27,50 euroa arkisin ja 30,50 euroa viikonloppuisin. <strong>\ud83d\udca1 Vinkki:<\/strong> Ulkotermaaliallas on huollossa ja poissa k\u00e4yt\u00f6st\u00e4 aina 25. syyskuuta 2026 asti, joten ota se retke\u00e4 suunnitellessasi mieluummin etuk\u00e4teen huomioon.<\/p>\n\n\n\n<figure data-wp-context=\"{&quot;imageId&quot;:&quot;6a9c552051125&quot;}\" data-wp-interactive=\"core\/image\" data-wp-key=\"6a9c552051125\" class=\"wp-block-image size-full wp-lightbox-container\"><img decoding=\"async\" width=\"1800\" height=\"1200\" data-wp-class--hide=\"state.isContentHidden\" data-wp-class--show=\"state.isContentVisible\" data-wp-init=\"callbacks.setButtonStyles\" data-wp-on--click=\"actions.showLightbox\" data-wp-on--load=\"callbacks.setButtonStyles\" data-wp-on--pointerdown=\"actions.preloadImage\" data-wp-on--pointerenter=\"actions.preloadImageWithDelay\" data-wp-on--pointerleave=\"actions.cancelPreload\" data-wp-on-window--resize=\"callbacks.setButtonStyles\" src=\"https:\/\/loudavymkrokem.cz\/wp-content\/uploads\/2026\/09\/nemecko-clanky-termaly-nemecko-26-4ac25752-1.jpg\" alt=\"Adelindis Therme (Bad Buchau): rentoutumisallas\" class=\"wp-image-415319\" title=\"\" srcset=\"https:\/\/loudavymkrokem.cz\/wp-content\/uploads\/2026\/09\/nemecko-clanky-termaly-nemecko-26-4ac25752-1.jpg 1800w, https:\/\/loudavymkrokem.cz\/wp-content\/uploads\/2026\/09\/nemecko-clanky-termaly-nemecko-26-4ac25752-1-300x200.jpg 300w, https:\/\/loudavymkrokem.cz\/wp-content\/uploads\/2026\/09\/nemecko-clanky-termaly-nemecko-26-4ac25752-1-700x467.jpg 700w, https:\/\/loudavymkrokem.cz\/wp-content\/uploads\/2026\/09\/nemecko-clanky-termaly-nemecko-26-4ac25752-1-768x512.jpg 768w, https:\/\/loudavymkrokem.cz\/wp-content\/uploads\/2026\/09\/nemecko-clanky-termaly-nemecko-26-4ac25752-1-1536x1024.jpg 1536w, https:\/\/loudavymkrokem.cz\/wp-content\/uploads\/2026\/09\/nemecko-clanky-termaly-nemecko-26-4ac25752-1-696x464.jpg 696w, https:\/\/loudavymkrokem.cz\/wp-content\/uploads\/2026\/09\/nemecko-clanky-termaly-nemecko-26-4ac25752-1-1392x928.jpg 1392w\" sizes=\"(max-width: 1800px) 100vw, 1800px\" \/><button\n\t\t\tclass=\"lightbox-trigger\"\n\t\t\ttype=\"button\"\n\t\t\taria-haspopup=\"dialog\"\n\t\t\tdata-wp-bind--aria-label=\"state.thisImage.triggerButtonAriaLabel\"\n\t\t\tdata-wp-init=\"callbacks.initTriggerButton\"\n\t\t\tdata-wp-on--click=\"actions.showLightbox\"\n\t\t\tdata-wp-style--right=\"state.thisImage.buttonRight\"\n\t\t\tdata-wp-style--top=\"state.thisImage.buttonTop\"\n\t\t>\n\t\t\t<svg xmlns=\"http:\/\/www.w3.org\/2000\/svg\" width=\"12\" height=\"12\" fill=\"none\" viewBox=\"0 0 12 12\">\n\t\t\t\t<path fill=\"#fff\" d=\"M2 0a2 2 0 0 0-2 2v2h1.5V2a.5.5 0 0 1 .5-.5h2V0H2Zm2 10.5H2a.5.5 0 0 1-.5-.5V8H0v2a2 2 0 0 0 2 2h2v-1.5ZM8 12v-1.5h2a.5.5 0 0 0 .5-.5V8H12v2a2 2 0 0 1-2 2H8Zm2-12a2 2 0 0 1 2 2v2h-1.5V2a.5.5 0 0 0-.5-.5H8V0h2Z\" \/>\n\t\t\t<\/svg>\n\t\t<\/button><\/figure>\n\n\n\n<h3 class=\"wp-block-heading\"><span class=\"ez-toc-section\" id=\"20_Adelindis_Therme_Bad_Buchau\"><\/span>20. Adelindis Therme (Bad Buchau)<span class=\"ez-toc-section-end\"><\/span><\/h3>\n\n\n\n<p class=\"wp-block-paragraph\">Jos rakastat kunnon l\u00e4mmitt\u00e4mist\u00e4 ja arvostat monipuolisuutta, olet Bad Buchaun kylpyl\u00e4kaupungissa satavarmasti innoissasi. T\u00e4k\u00e4l\u00e4inen saunamaailma nimitt\u00e4in <strong>tarjoaa per\u00e4ti 7 erilaista saunaa<\/strong> eri l\u00e4mp\u00f6asteineen, joten jokainen l\u00f6yt\u00e4\u00e4 t\u00e4\u00e4lt\u00e4 oman suosikkinsa, riippumatta siit\u00e4, suositko lempe\u00e4mp\u00e4\u00e4 l\u00e4mp\u00f6\u00e4 vai p\u00e4invastoin intensiivist\u00e4 pohjoismaista hikoilua.<\/p>\n\n\n\n<p class=\"wp-block-paragraph\">Saunomisen lis\u00e4ksi t\u00e4\u00e4lt\u00e4 l\u00f6ytyy eritt\u00e4in miellytt\u00e4v\u00e4 termaaliosa, jossa voit viett\u00e4\u00e4 huoletta koko p\u00e4iv\u00e4n. Tunnelma on eritt\u00e4in rentouttava ja alue on suorastaan ihanteellinen pareille tai matkailijoille, jotka haluavat lev\u00e4t\u00e4 arjen stressist\u00e4 rauhallisessa kylpyl\u00e4ymp\u00e4rist\u00f6ss\u00e4. Kylpyl\u00e4t tarjoavat loistavan turvapaikan erityisesti vuoden viile\u00e4mp\u00e4n\u00e4 aikana.<\/p>\n\n\n\n<p class=\"wp-block-paragraph\">Vuoden 2026 hinnaston mukaan nelj\u00e4n tunnin sis\u00e4\u00e4np\u00e4\u00e4sy kylpyl\u00f6ihin maksaa <strong>15 euroa arkisin<\/strong> ja 16,50 euroa viikonloppuisin tai pyhin\u00e4. Koko p\u00e4iv\u00e4n lippu altaisiin maksaa 18 euroa, viikonloppulis\u00e4ll\u00e4 19,50 euroa. Koko p\u00e4iv\u00e4n lippu, joka sis\u00e4lt\u00e4\u00e4 kylpyl\u00e4t ja saunan, maksaa 23 euroa arkena. <strong>\ud83d\udca1 Vinkki:<\/strong> Matkustatko matkailuautolla? Hy\u00f6dynn\u00e4 erityinen tariffi yhdeksi tunniksi parkkiluvalla 7 eurolla. Loistava valinta on my\u00f6s iltatariffi klo 18 j\u00e4lkeen, jolloin sis\u00e4\u00e4np\u00e4\u00e4sy kylpyl\u00f6ihin halpenee 12,50 euroon. Joka kuukauden viimeisen\u00e4 perjantaina j\u00e4rjestet\u00e4\u00e4n lis\u00e4ksi suosittu Eventsauna 32 eurolla.<\/p>\n\n\n\n<figure data-wp-context=\"{&quot;imageId&quot;:&quot;6a9c5520517e0&quot;}\" data-wp-interactive=\"core\/image\" data-wp-key=\"6a9c5520517e0\" class=\"wp-block-image size-full wp-lightbox-container\"><img decoding=\"async\" width=\"1800\" height=\"1200\" data-wp-class--hide=\"state.isContentHidden\" data-wp-class--show=\"state.isContentVisible\" data-wp-init=\"callbacks.setButtonStyles\" data-wp-on--click=\"actions.showLightbox\" data-wp-on--load=\"callbacks.setButtonStyles\" data-wp-on--pointerdown=\"actions.preloadImage\" data-wp-on--pointerenter=\"actions.preloadImageWithDelay\" data-wp-on--pointerleave=\"actions.cancelPreload\" data-wp-on-window--resize=\"callbacks.setButtonStyles\" src=\"https:\/\/loudavymkrokem.cz\/wp-content\/uploads\/2026\/09\/nemecko-clanky-termaly-nemecko-27-457f21a5.jpg\" alt=\"Sonnenhof-Thermen ulkoaltaat Bad Saulgaussa auringonlaskussa\" class=\"wp-image-415493\" title=\"\" srcset=\"https:\/\/loudavymkrokem.cz\/wp-content\/uploads\/2026\/09\/nemecko-clanky-termaly-nemecko-27-457f21a5.jpg 1800w, https:\/\/loudavymkrokem.cz\/wp-content\/uploads\/2026\/09\/nemecko-clanky-termaly-nemecko-27-457f21a5-300x200.jpg 300w, https:\/\/loudavymkrokem.cz\/wp-content\/uploads\/2026\/09\/nemecko-clanky-termaly-nemecko-27-457f21a5-700x467.jpg 700w, https:\/\/loudavymkrokem.cz\/wp-content\/uploads\/2026\/09\/nemecko-clanky-termaly-nemecko-27-457f21a5-768x512.jpg 768w, https:\/\/loudavymkrokem.cz\/wp-content\/uploads\/2026\/09\/nemecko-clanky-termaly-nemecko-27-457f21a5-1536x1024.jpg 1536w, https:\/\/loudavymkrokem.cz\/wp-content\/uploads\/2026\/09\/nemecko-clanky-termaly-nemecko-27-457f21a5-696x464.jpg 696w, https:\/\/loudavymkrokem.cz\/wp-content\/uploads\/2026\/09\/nemecko-clanky-termaly-nemecko-27-457f21a5-1392x928.jpg 1392w\" sizes=\"(max-width: 1800px) 100vw, 1800px\" \/><button\n\t\t\tclass=\"lightbox-trigger\"\n\t\t\ttype=\"button\"\n\t\t\taria-haspopup=\"dialog\"\n\t\t\tdata-wp-bind--aria-label=\"state.thisImage.triggerButtonAriaLabel\"\n\t\t\tdata-wp-init=\"callbacks.initTriggerButton\"\n\t\t\tdata-wp-on--click=\"actions.showLightbox\"\n\t\t\tdata-wp-style--right=\"state.thisImage.buttonRight\"\n\t\t\tdata-wp-style--top=\"state.thisImage.buttonTop\"\n\t\t>\n\t\t\t<svg xmlns=\"http:\/\/www.w3.org\/2000\/svg\" width=\"12\" height=\"12\" fill=\"none\" viewBox=\"0 0 12 12\">\n\t\t\t\t<path fill=\"#fff\" d=\"M2 0a2 2 0 0 0-2 2v2h1.5V2a.5.5 0 0 1 .5-.5h2V0H2Zm2 10.5H2a.5.5 0 0 1-.5-.5V8H0v2a2 2 0 0 0 2 2h2v-1.5ZM8 12v-1.5h2a.5.5 0 0 0 .5-.5V8H12v2a2 2 0 0 1-2 2H8Zm2-12a2 2 0 0 1 2 2v2h-1.5V2a.5.5 0 0 0-.5-.5H8V0h2Z\" \/>\n\t\t\t<\/svg>\n\t\t<\/button><\/figure>\n\n\n\n<h3 class=\"wp-block-heading\"><span class=\"ez-toc-section\" id=\"21_Sonnenhof-Therme_Bad_Saulgau\"><\/span>21. Sonnenhof-Therme (Bad Saulgau)<span class=\"ez-toc-section-end\"><\/span><\/h3>\n\n\n\n<p class=\"wp-block-paragraph\">T\u00e4m\u00e4 kylpyl\u00e4 Bad Saulgaun kaupungissa ylpeilee valtavalla luonnonvaralla, jonka takia ihmiset kokoontuvat laajalta alueelta. Joka p\u00e4iv\u00e4 t\u00e4\u00e4ll\u00e4 nimitt\u00e4in kunnioitettavasta 650 metrin syvyydest\u00e4 <strong>pulppuaa jopa 1,5 miljoonaa litraa parantavaa rikkivett\u00e4<\/strong>, joka t\u00e4ytt\u00e4\u00e4 jatkuvasti kaikki paikalliset altaat. Jo itse moderni arkkitehtuuri on h\u00e4mm\u00e4stytt\u00e4v\u00e4, sill\u00e4 rakennus on kirkastettu runsaalla p\u00e4iv\u00e4nvalolla.<\/p>\n\n\n\n<p class=\"wp-block-paragraph\">900 neli\u00f6metrin alalta l\u00f6yd\u00e4t seitsem\u00e4n sis\u00e4- ja ulkoallasta, joiden l\u00e4mp\u00f6tilat ovat 28\u201340 \u00b0C. L\u00e4mpimin on sis\u00e4allas Quellbecken, joka tarjoaa <strong>41 \u00b0C<\/strong>. T\u00e4\u00e4lt\u00e4 ei puutu porrasallasta 34 \u00b0C:lla tai roomalaista h\u00f6yrykylpy\u00e4, jossa on 100 %:n kosteus ja 40\u201350 \u00b0C:n l\u00e4mp\u00f6tila. Suolahuoneessa l\u00e4mmit\u00e4t itsesi v\u00e4hint\u00e4\u00e4n 42 \u00b0C:ssa. Altaisiin kuuluu my\u00f6s mit\u00e4 erilaisimpia vesiputouksia ja vedenalaisia suuttimia.<\/p>\n\n\n\n<p class=\"wp-block-paragraph\">Vuoden 2026 hinnaston mukaan kahden tunnin lippu kylpyl\u00f6ihin maksaa 13,80 euroa. Kolmen tunnin sis\u00e4\u00e4np\u00e4\u00e4sy maksaa 14,80 euroa ja koko p\u00e4iv\u00e4n vaihtoehto myyd\u00e4\u00e4n 20,40 eurolla. Sis\u00e4\u00e4np\u00e4\u00e4sy saunaan, joka jo sis\u00e4lt\u00e4\u00e4 kylpemisen kylpyl\u00f6iss\u00e4, maksaa kolmeksi tunniksi 21,60 euroa. <strong>\ud83d\udca1 Vinkki:<\/strong> Pys\u00e4hdy vesiputousten ja hierontasuuttimien luona altaassa, jonka l\u00e4mp\u00f6tila on eritt\u00e4in mukava 37 \u00b0C, sill\u00e4 se rentouttaa t\u00e4ydellisesti j\u00e4ykistyneen sel\u00e4n ja hartiat.<\/p>\n\n\n\n<figure data-wp-context=\"{&quot;imageId&quot;:&quot;6a9c552051e9d&quot;}\" data-wp-interactive=\"core\/image\" data-wp-key=\"6a9c552051e9d\" class=\"wp-block-image size-full wp-lightbox-container\"><img decoding=\"async\" width=\"1800\" height=\"1200\" data-wp-class--hide=\"state.isContentHidden\" data-wp-class--show=\"state.isContentVisible\" data-wp-init=\"callbacks.setButtonStyles\" data-wp-on--click=\"actions.showLightbox\" data-wp-on--load=\"callbacks.setButtonStyles\" data-wp-on--pointerdown=\"actions.preloadImage\" data-wp-on--pointerenter=\"actions.preloadImageWithDelay\" data-wp-on--pointerleave=\"actions.cancelPreload\" data-wp-on-window--resize=\"callbacks.setButtonStyles\" src=\"https:\/\/loudavymkrokem.cz\/wp-content\/uploads\/2026\/09\/nemecko-clanky-termaly-nemecko-28-5b36a3a0-1.jpg\" alt=\"Caracalla Therme (Baden-Baden)\" class=\"wp-image-415324\" title=\"\" srcset=\"https:\/\/loudavymkrokem.cz\/wp-content\/uploads\/2026\/09\/nemecko-clanky-termaly-nemecko-28-5b36a3a0-1.jpg 1800w, https:\/\/loudavymkrokem.cz\/wp-content\/uploads\/2026\/09\/nemecko-clanky-termaly-nemecko-28-5b36a3a0-1-300x200.jpg 300w, https:\/\/loudavymkrokem.cz\/wp-content\/uploads\/2026\/09\/nemecko-clanky-termaly-nemecko-28-5b36a3a0-1-700x467.jpg 700w, https:\/\/loudavymkrokem.cz\/wp-content\/uploads\/2026\/09\/nemecko-clanky-termaly-nemecko-28-5b36a3a0-1-768x512.jpg 768w, https:\/\/loudavymkrokem.cz\/wp-content\/uploads\/2026\/09\/nemecko-clanky-termaly-nemecko-28-5b36a3a0-1-1536x1024.jpg 1536w, https:\/\/loudavymkrokem.cz\/wp-content\/uploads\/2026\/09\/nemecko-clanky-termaly-nemecko-28-5b36a3a0-1-696x464.jpg 696w, https:\/\/loudavymkrokem.cz\/wp-content\/uploads\/2026\/09\/nemecko-clanky-termaly-nemecko-28-5b36a3a0-1-1392x928.jpg 1392w\" sizes=\"(max-width: 1800px) 100vw, 1800px\" \/><button\n\t\t\tclass=\"lightbox-trigger\"\n\t\t\ttype=\"button\"\n\t\t\taria-haspopup=\"dialog\"\n\t\t\tdata-wp-bind--aria-label=\"state.thisImage.triggerButtonAriaLabel\"\n\t\t\tdata-wp-init=\"callbacks.initTriggerButton\"\n\t\t\tdata-wp-on--click=\"actions.showLightbox\"\n\t\t\tdata-wp-style--right=\"state.thisImage.buttonRight\"\n\t\t\tdata-wp-style--top=\"state.thisImage.buttonTop\"\n\t\t>\n\t\t\t<svg xmlns=\"http:\/\/www.w3.org\/2000\/svg\" width=\"12\" height=\"12\" fill=\"none\" viewBox=\"0 0 12 12\">\n\t\t\t\t<path fill=\"#fff\" d=\"M2 0a2 2 0 0 0-2 2v2h1.5V2a.5.5 0 0 1 .5-.5h2V0H2Zm2 10.5H2a.5.5 0 0 1-.5-.5V8H0v2a2 2 0 0 0 2 2h2v-1.5ZM8 12v-1.5h2a.5.5 0 0 0 .5-.5V8H12v2a2 2 0 0 1-2 2H8Zm2-12a2 2 0 0 1 2 2v2h-1.5V2a.5.5 0 0 0-.5-.5H8V0h2Z\" \/>\n\t\t\t<\/svg>\n\t\t<\/button><figcaption class=\"wp-element-caption\">Kuva: Gerd Eichmann \/ Wikimedia Commons, CC BY-SA 4.0<\/figcaption><\/figure>\n\n\n\n<h3 class=\"wp-block-heading\"><span class=\"ez-toc-section\" id=\"22_Caracalla_Therme_Baden-Baden\"><\/span>22. Caracalla Therme (Baden-Baden)<span class=\"ez-toc-section-end\"><\/span><\/h3>\n\n\n\n<p class=\"wp-block-paragraph\">Legendaarisessa Baden-Badenissa l\u00f6yd\u00e4t t\u00e4m\u00e4n ylellisen kokonaisuuden, jonka kokonaisala on 5 000 neli\u00f6metri\u00e4 ja joka houkuttelee valtavalla <strong>yli 900 neli\u00f6metrin vesipinnalla<\/strong>. P\u00e4ivitt\u00e4in t\u00e4\u00e4ll\u00e4 kiert\u00e4\u00e4 noin 800 000 litraa puhdasta termaalivett\u00e4 ja altaiden syvyys on korkeintaan 1,35 metri\u00e4, joten tunnet olosi t\u00e4\u00e4ll\u00e4 turvalliseksi.<\/p>\n\n\n\n<p class=\"wp-block-paragraph\">Veden l\u00e4mp\u00f6tilat vaihtelevat 18\u201338 \u00b0C:n v\u00e4lill\u00e4. L\u00e4mmit\u00e4t itsesi suuressa sis\u00e4altaassa (34 \u00b0C) tai suuressa ulkoaltaassa (32 \u00b0C). K\u00e4yt\u00f6ss\u00e4 on my\u00f6s pieni ulkoallas 35 \u00b0C:lla ja kaksi kuumaa porealtaan 38 \u00b0C:lla. El\u00e4myksen tarjoaa kuuma grotta 38 \u00b0C:lla (jossa suositellaan viivytt\u00e4v\u00e4ksi 5 minuuttia), johon <strong>heti liittyy kylm\u00e4 grotta<\/strong> pelkill\u00e4 18 \u00b0C:lla nopeaan viilennykseen 10\u201320 sekunnin ajaksi. Rohkeat tervehtiv\u00e4t h\u00f6yrykylpy\u00e4, johon p\u00e4\u00e4see uima-asussa 43 \u00b0C:lla ja 100 %:n kosteudella, tai suolainhalaatiokammiota, jonka l\u00e4mp\u00f6tila on 28\u201330 \u00b0C.<\/p>\n\n\n\n<p class=\"wp-block-paragraph\">Vuoden 2026 hinnaston mukaan lippu altaisiin kahdeksi tunniksi maksaa 21 euroa, kolmeksi tunniksi 25 euroa ja koko p\u00e4iv\u00e4ksi 35 euroa. Saunan kanssa yhdistelm\u00e4 maksaa 26 euroa kahdeksi tunniksi. Lapsilla on sis\u00e4\u00e4np\u00e4\u00e4sy sallittu vasta 7-vuotiaana, alle 14-vuotiailla ainoastaan aikuisen seurassa. <strong>\ud83d\udca1 Vinkki:<\/strong> Jos hankit niin sanotun VIP-Chipin, saat jopa 20 %:n alennuksen sis\u00e4\u00e4np\u00e4\u00e4syst\u00e4 paitsi t\u00e4nne, my\u00f6s yst\u00e4vyyskylpyl\u00e4 Friedrichsbadiin.<\/p>\n\n\n\n<figure data-wp-context=\"{&quot;imageId&quot;:&quot;6a9c55205250b&quot;}\" data-wp-interactive=\"core\/image\" data-wp-key=\"6a9c55205250b\" class=\"wp-block-image size-full wp-lightbox-container\"><img decoding=\"async\" width=\"1800\" height=\"1083\" data-wp-class--hide=\"state.isContentHidden\" data-wp-class--show=\"state.isContentVisible\" data-wp-init=\"callbacks.setButtonStyles\" data-wp-on--click=\"actions.showLightbox\" data-wp-on--load=\"callbacks.setButtonStyles\" data-wp-on--pointerdown=\"actions.preloadImage\" data-wp-on--pointerenter=\"actions.preloadImageWithDelay\" data-wp-on--pointerleave=\"actions.cancelPreload\" data-wp-on-window--resize=\"callbacks.setButtonStyles\" src=\"https:\/\/loudavymkrokem.cz\/wp-content\/uploads\/2026\/09\/nemecko-clanky-termaly-nemecko-29-aa48ec15.jpg\" alt=\"Solemar-kylpyl\u00e4n aaltoileva katto ja ulkoallas Bad D\u00fcrrheimiss\u00e4\" class=\"wp-image-415497\" title=\"\" srcset=\"https:\/\/loudavymkrokem.cz\/wp-content\/uploads\/2026\/09\/nemecko-clanky-termaly-nemecko-29-aa48ec15.jpg 1800w, https:\/\/loudavymkrokem.cz\/wp-content\/uploads\/2026\/09\/nemecko-clanky-termaly-nemecko-29-aa48ec15-300x181.jpg 300w, https:\/\/loudavymkrokem.cz\/wp-content\/uploads\/2026\/09\/nemecko-clanky-termaly-nemecko-29-aa48ec15-700x421.jpg 700w, https:\/\/loudavymkrokem.cz\/wp-content\/uploads\/2026\/09\/nemecko-clanky-termaly-nemecko-29-aa48ec15-768x462.jpg 768w, https:\/\/loudavymkrokem.cz\/wp-content\/uploads\/2026\/09\/nemecko-clanky-termaly-nemecko-29-aa48ec15-1536x924.jpg 1536w, https:\/\/loudavymkrokem.cz\/wp-content\/uploads\/2026\/09\/nemecko-clanky-termaly-nemecko-29-aa48ec15-696x419.jpg 696w, https:\/\/loudavymkrokem.cz\/wp-content\/uploads\/2026\/09\/nemecko-clanky-termaly-nemecko-29-aa48ec15-1392x838.jpg 1392w\" sizes=\"(max-width: 1800px) 100vw, 1800px\" \/><button\n\t\t\tclass=\"lightbox-trigger\"\n\t\t\ttype=\"button\"\n\t\t\taria-haspopup=\"dialog\"\n\t\t\tdata-wp-bind--aria-label=\"state.thisImage.triggerButtonAriaLabel\"\n\t\t\tdata-wp-init=\"callbacks.initTriggerButton\"\n\t\t\tdata-wp-on--click=\"actions.showLightbox\"\n\t\t\tdata-wp-style--right=\"state.thisImage.buttonRight\"\n\t\t\tdata-wp-style--top=\"state.thisImage.buttonTop\"\n\t\t>\n\t\t\t<svg xmlns=\"http:\/\/www.w3.org\/2000\/svg\" width=\"12\" height=\"12\" fill=\"none\" viewBox=\"0 0 12 12\">\n\t\t\t\t<path fill=\"#fff\" d=\"M2 0a2 2 0 0 0-2 2v2h1.5V2a.5.5 0 0 1 .5-.5h2V0H2Zm2 10.5H2a.5.5 0 0 1-.5-.5V8H0v2a2 2 0 0 0 2 2h2v-1.5ZM8 12v-1.5h2a.5.5 0 0 0 .5-.5V8H12v2a2 2 0 0 1-2 2H8Zm2-12a2 2 0 0 1 2 2v2h-1.5V2a.5.5 0 0 0-.5-.5H8V0h2Z\" \/>\n\t\t\t<\/svg>\n\t\t<\/button><\/figure>\n\n\n\n<h3 class=\"wp-block-heading\"><span class=\"ez-toc-section\" id=\"23_Solemar_Bad_Durrheim_Bad_Durrheim\"><\/span>23. Solemar Bad D\u00fcrrheim (Bad D\u00fcrrheim)<span class=\"ez-toc-section-end\"><\/span><\/h3>\n\n\n\n<p class=\"wp-block-paragraph\">Bad D\u00fcrrheimin kylpyl\u00e4kaupungissa sinua odottaa mahtava rentoutuminen, jonka p\u00e4\u00e4veto on <strong>tilava Schwarzwald-Sauna<\/strong>. Koko alueella vallitsee poikkeuksellisen rauhallinen tunnelma, joka on kuin luotu rentouttavaan viikonloppuun ilman mink\u00e4\u00e4nlaista kiirett\u00e4. Jos sinun t\u00e4ytyy tyhjent\u00e4\u00e4 p\u00e4\u00e4 ja vain laiskotella, t\u00e4\u00e4ll\u00e4 se onnistuu taatusti.<\/p>\n\n\n\n<p class=\"wp-block-paragraph\">Kylpyl\u00e4t ovat avoinna joka p\u00e4iv\u00e4 klo 9\u201322, perjantaisin iltak\u00e4ytt\u00f6 jatkuu jopa klo 23 asti. Klassisten termaalialtaiden lis\u00e4ksi t\u00e4\u00e4lt\u00e4 l\u00f6ytyy my\u00f6s erityinen Kuolleenmeren suolaluola (Totes-Meer-Salzgrotte), jolla on loistavat vaikutukset hengitysteihin. Itse saunamaailma avautuu kaikille vieraille tasan kello kymmenelt\u00e4 aamulla.<\/p>\n\n\n\n<p class=\"wp-block-paragraph\">Vuoden 2026 hinnaston mukaan kolmen tunnin lippu kylpyl\u00f6ihin maksaa 17,90 euroa ja koko p\u00e4iv\u00e4n vaihtoehto 19,90 euroa. Nelj\u00e4n tunnin yhdistelm\u00e4st\u00e4 saunan kanssa maksat 26,50 euroa, koko p\u00e4iv\u00e4 maksaa 29,50 euroa. Sis\u00e4\u00e4np\u00e4\u00e4sy suolaluolaan maksaa 11 euroa aikuisille ja 5 euroa alle 12-vuotiaille lapsille. Saunaan p\u00e4\u00e4sev\u00e4t nuoret vasta 13-vuotiaana. 3\u201312-vuotiaille lapsille koko p\u00e4iv\u00e4n kylpyl\u00e4t maksavat 10,20 euroa. <strong>\ud83d\udca1 Vinkki:<\/strong> Jos haluat s\u00e4\u00e4st\u00e4\u00e4, saavu vasta illalla alennettuun tariffiin, joka on voimassa klo 19 alkaen ja maksaa vain 14,90 euroa kylpyl\u00f6ihin ja 21,50 euroa saunaan.<\/p>\n\n\n\n<figure data-wp-context=\"{&quot;imageId&quot;:&quot;6a9c552052ba0&quot;}\" data-wp-interactive=\"core\/image\" data-wp-key=\"6a9c552052ba0\" class=\"wp-block-image size-full wp-lightbox-container\"><img decoding=\"async\" width=\"1800\" height=\"1350\" data-wp-class--hide=\"state.isContentHidden\" data-wp-class--show=\"state.isContentVisible\" data-wp-init=\"callbacks.setButtonStyles\" data-wp-on--click=\"actions.showLightbox\" data-wp-on--load=\"callbacks.setButtonStyles\" data-wp-on--pointerdown=\"actions.preloadImage\" data-wp-on--pointerenter=\"actions.preloadImageWithDelay\" data-wp-on--pointerleave=\"actions.cancelPreload\" data-wp-on-window--resize=\"callbacks.setButtonStyles\" src=\"https:\/\/loudavymkrokem.cz\/wp-content\/uploads\/2026\/09\/nemecko-clanky-termaly-nemecko-30-ccda264f-1.jpg\" alt=\"AlbThermenin ulkoallas Bad Urachissa talvih\u00f6yryss\u00e4\" class=\"wp-image-415329\" title=\"\" srcset=\"https:\/\/loudavymkrokem.cz\/wp-content\/uploads\/2026\/09\/nemecko-clanky-termaly-nemecko-30-ccda264f-1.jpg 1800w, https:\/\/loudavymkrokem.cz\/wp-content\/uploads\/2026\/09\/nemecko-clanky-termaly-nemecko-30-ccda264f-1-300x225.jpg 300w, https:\/\/loudavymkrokem.cz\/wp-content\/uploads\/2026\/09\/nemecko-clanky-termaly-nemecko-30-ccda264f-1-700x525.jpg 700w, https:\/\/loudavymkrokem.cz\/wp-content\/uploads\/2026\/09\/nemecko-clanky-termaly-nemecko-30-ccda264f-1-768x576.jpg 768w, https:\/\/loudavymkrokem.cz\/wp-content\/uploads\/2026\/09\/nemecko-clanky-termaly-nemecko-30-ccda264f-1-1536x1152.jpg 1536w, https:\/\/loudavymkrokem.cz\/wp-content\/uploads\/2026\/09\/nemecko-clanky-termaly-nemecko-30-ccda264f-1-80x60.jpg 80w, https:\/\/loudavymkrokem.cz\/wp-content\/uploads\/2026\/09\/nemecko-clanky-termaly-nemecko-30-ccda264f-1-160x120.jpg 160w, https:\/\/loudavymkrokem.cz\/wp-content\/uploads\/2026\/09\/nemecko-clanky-termaly-nemecko-30-ccda264f-1-696x522.jpg 696w, https:\/\/loudavymkrokem.cz\/wp-content\/uploads\/2026\/09\/nemecko-clanky-termaly-nemecko-30-ccda264f-1-1392x1044.jpg 1392w\" sizes=\"(max-width: 1800px) 100vw, 1800px\" \/><button\n\t\t\tclass=\"lightbox-trigger\"\n\t\t\ttype=\"button\"\n\t\t\taria-haspopup=\"dialog\"\n\t\t\tdata-wp-bind--aria-label=\"state.thisImage.triggerButtonAriaLabel\"\n\t\t\tdata-wp-init=\"callbacks.initTriggerButton\"\n\t\t\tdata-wp-on--click=\"actions.showLightbox\"\n\t\t\tdata-wp-style--right=\"state.thisImage.buttonRight\"\n\t\t\tdata-wp-style--top=\"state.thisImage.buttonTop\"\n\t\t>\n\t\t\t<svg xmlns=\"http:\/\/www.w3.org\/2000\/svg\" width=\"12\" height=\"12\" fill=\"none\" viewBox=\"0 0 12 12\">\n\t\t\t\t<path fill=\"#fff\" d=\"M2 0a2 2 0 0 0-2 2v2h1.5V2a.5.5 0 0 1 .5-.5h2V0H2Zm2 10.5H2a.5.5 0 0 1-.5-.5V8H0v2a2 2 0 0 0 2 2h2v-1.5ZM8 12v-1.5h2a.5.5 0 0 0 .5-.5V8H12v2a2 2 0 0 1-2 2H8Zm2-12a2 2 0 0 1 2 2v2h-1.5V2a.5.5 0 0 0-.5-.5H8V0h2Z\" \/>\n\t\t\t<\/svg>\n\t\t<\/button><figcaption class=\"wp-element-caption\">Kuva: qwesy qwesy \/ Wikimedia Commons, CC BY 3.0<\/figcaption><\/figure>\n\n\n\n<h3 class=\"wp-block-heading\"><span class=\"ez-toc-section\" id=\"24_AlbThermen_Bad_Urach\"><\/span>24. AlbThermen (Bad Urach)<span class=\"ez-toc-section-end\"><\/span><\/h3>\n\n\n\n<p class=\"wp-block-paragraph\">T\u00e4m\u00e4n suositun paikan Bad Urachin kaupungissa rakastavat erityisesti aikuiset vieraat, sill\u00e4 alle 8-vuotiailla lapsilla <strong>ei ole ollenkaan p\u00e4\u00e4sy\u00e4 kylpytoimintaan<\/strong>. Ymp\u00e4rist\u00f6 on t\u00e4m\u00e4n rajoituksen ansiosta eritt\u00e4in hiljainen ja tarjoaa todella h\u00e4iri\u00f6t\u00f6nt\u00e4 rauhaa. Jos siis etsit paikkaa, jossa lep\u00e4\u00e4t lasten kirkumiselta, t\u00e4\u00e4ll\u00e4 et astu harhaan.<\/p>\n\n\n\n<p class=\"wp-block-paragraph\">Kylpyl\u00f6iden ovet avautuvat p\u00e4ivitt\u00e4in klo 9\u201322, saunamaisema alkaa toimia klo 10 alkaen ja paikallinen ravintola kokkaa klo 11 alkaen. Hinnat on t\u00e4\u00e4ll\u00e4 jaettu tarkkoihin aikalohkoihin, joten kannattaa huolellisesti pit\u00e4\u00e4 silm\u00e4ll\u00e4 kelloa, jottet joudu l\u00e4htiess\u00e4 turhaan maksamaan lis\u00e4\u00e4 2,50 euroa m\u00e4\u00e4ritellyn ajan ylitt\u00e4misest\u00e4.<\/p>\n\n\n\n<p class=\"wp-block-paragraph\">Vuoden 2026 hinnaston perustariffit ovat voimassa tasan 3,5 tuntia altaisiin, tai 4 tuntia, jos valitset altaiden ja saunan yhdistelm\u00e4n. Viikonloppuisin lis\u00e4\u00e4 jokaiseen perustariffiin pieni 2 euron lis\u00e4maksu. <strong>\ud83d\udca1 Vinkki:<\/strong> Suunnitteletko useita vierailuja tai matkustat isommassa ryhm\u00e4ss\u00e4? Hanki ennakkoon ladattu kortti 10 sis\u00e4\u00e4np\u00e4\u00e4syyn altaisiin 189 eurolla (tai saunan kanssa 288 eurolla), johon saat 3 ilmaista sis\u00e4\u00e4np\u00e4\u00e4sy\u00e4 t\u00e4ysin ilmaiseksi.<\/p>\n\n\n\n<figure data-wp-context=\"{&quot;imageId&quot;:&quot;6a9c5520531a3&quot;}\" data-wp-interactive=\"core\/image\" data-wp-key=\"6a9c5520531a3\" class=\"wp-block-image size-full wp-lightbox-container\"><img decoding=\"async\" width=\"1800\" height=\"1064\" data-wp-class--hide=\"state.isContentHidden\" data-wp-class--show=\"state.isContentVisible\" data-wp-init=\"callbacks.setButtonStyles\" data-wp-on--click=\"actions.showLightbox\" data-wp-on--load=\"callbacks.setButtonStyles\" data-wp-on--pointerdown=\"actions.preloadImage\" data-wp-on--pointerenter=\"actions.preloadImageWithDelay\" data-wp-on--pointerleave=\"actions.cancelPreload\" data-wp-on-window--resize=\"callbacks.setButtonStyles\" src=\"https:\/\/loudavymkrokem.cz\/wp-content\/uploads\/2026\/09\/nemecko-clanky-termaly-nemecko-31-616f54cf-1.jpg\" alt=\"Friedrichsbad (Baden-Baden)\" class=\"wp-image-415332\" title=\"\" srcset=\"https:\/\/loudavymkrokem.cz\/wp-content\/uploads\/2026\/09\/nemecko-clanky-termaly-nemecko-31-616f54cf-1.jpg 1800w, https:\/\/loudavymkrokem.cz\/wp-content\/uploads\/2026\/09\/nemecko-clanky-termaly-nemecko-31-616f54cf-1-300x177.jpg 300w, https:\/\/loudavymkrokem.cz\/wp-content\/uploads\/2026\/09\/nemecko-clanky-termaly-nemecko-31-616f54cf-1-700x414.jpg 700w, https:\/\/loudavymkrokem.cz\/wp-content\/uploads\/2026\/09\/nemecko-clanky-termaly-nemecko-31-616f54cf-1-768x454.jpg 768w, https:\/\/loudavymkrokem.cz\/wp-content\/uploads\/2026\/09\/nemecko-clanky-termaly-nemecko-31-616f54cf-1-1536x908.jpg 1536w, https:\/\/loudavymkrokem.cz\/wp-content\/uploads\/2026\/09\/nemecko-clanky-termaly-nemecko-31-616f54cf-1-696x411.jpg 696w, https:\/\/loudavymkrokem.cz\/wp-content\/uploads\/2026\/09\/nemecko-clanky-termaly-nemecko-31-616f54cf-1-1392x823.jpg 1392w\" sizes=\"(max-width: 1800px) 100vw, 1800px\" \/><button\n\t\t\tclass=\"lightbox-trigger\"\n\t\t\ttype=\"button\"\n\t\t\taria-haspopup=\"dialog\"\n\t\t\tdata-wp-bind--aria-label=\"state.thisImage.triggerButtonAriaLabel\"\n\t\t\tdata-wp-init=\"callbacks.initTriggerButton\"\n\t\t\tdata-wp-on--click=\"actions.showLightbox\"\n\t\t\tdata-wp-style--right=\"state.thisImage.buttonRight\"\n\t\t\tdata-wp-style--top=\"state.thisImage.buttonTop\"\n\t\t>\n\t\t\t<svg xmlns=\"http:\/\/www.w3.org\/2000\/svg\" width=\"12\" height=\"12\" fill=\"none\" viewBox=\"0 0 12 12\">\n\t\t\t\t<path fill=\"#fff\" d=\"M2 0a2 2 0 0 0-2 2v2h1.5V2a.5.5 0 0 1 .5-.5h2V0H2Zm2 10.5H2a.5.5 0 0 1-.5-.5V8H0v2a2 2 0 0 0 2 2h2v-1.5ZM8 12v-1.5h2a.5.5 0 0 0 .5-.5V8H12v2a2 2 0 0 1-2 2H8Zm2-12a2 2 0 0 1 2 2v2h-1.5V2a.5.5 0 0 0-.5-.5H8V0h2Z\" \/>\n\t\t\t<\/svg>\n\t\t<\/button><figcaption class=\"wp-element-caption\">Kuva: Gerd Eichmann \/ Wikimedia Commons, CC BY-SA 4.0<\/figcaption><\/figure>\n\n\n\n<h3 class=\"wp-block-heading\"><span class=\"ez-toc-section\" id=\"25_Friedrichsbad_Baden-Baden\"><\/span>25. Friedrichsbad (Baden-Baden)<span class=\"ez-toc-section-end\"><\/span><\/h3>\n\n\n\n<p class=\"wp-block-paragraph\">N\u00e4m\u00e4 historialliset kylpyl\u00e4t Baden-Badenissa viev\u00e4t sinut heti aivan toiseen aikakauteen. Ne rakennettiin nimitt\u00e4in vuosina 1869\u20131877 <strong>suoraan Florentinerberg-kukkulalle<\/strong>, jossa jo vanhat roomalaiset kylpiv\u00e4t. 1800-luvun j\u00e4lkipuoliskolla kyseess\u00e4 olivat jopa kaikkein merkitt\u00e4vimm\u00e4t kylpyl\u00e4t koko sen ajan Saksassa, ja ne ovat s\u00e4ilytt\u00e4neet komean luonteensa t\u00e4h\u00e4n p\u00e4iv\u00e4\u00e4n asti.<\/p>\n\n\n\n<p class=\"wp-block-paragraph\">Vaikuttava rakennus punaisesta ja valkoisesta hiekkakivest\u00e4 on mitoiltaan 62,5 x 50 metri\u00e4. Sen suurin ylpeys on <strong>valtava keskuskupu 17,5 metri\u00e4 korkea<\/strong>, jota mahtipontisesti kannattelevat sokeat kaaret korinttilaisilla pylv\u00e4ill\u00e4. Koko rakennus sai arkkitehtonista inspiraatiota Caracallan kylpyl\u00f6ist\u00e4 Roomassa. Ne toimivat vanhalla irlantilais-roomalaisen kylvyn periaatteella, jonka toi Eurooppaan brittil\u00e4inen diplomaatti David Urquhart ja jonka perusti vuonna 1856 irlantilainen l\u00e4\u00e4k\u00e4ri Richard Barter.<\/p>\n\n\n\n<p class=\"wp-block-paragraph\">N\u00e4iden kylpyl\u00f6iden rakentaminen ja modernisointi olivat kaupungille ratkaisevan t\u00e4rkeit\u00e4, sill\u00e4 uhkapelin laajan kiellon j\u00e4lkeen vuonna 1872 niiden piti houkutella t\u00e4nne uutta rikasta seurapiiri\u00e4. Paikka on yksinkertaisesti ihanteellinen historian yst\u00e4ville ja arkkitehtuurin ihailijoille. <strong>\ud83d\udca1 Vinkki:<\/strong> Rentoutuessasi katso tarkkaan koristelua. Alkuper\u00e4iset maalaukset tosin maalattiin 1950-luvulla tunteettomasti valkoisiksi, mutta 80-luvun alussa ne onnistuttiin restauroinnissa ainakin osittain palauttamaan.<\/p>\n\n\n\n<figure data-wp-context=\"{&quot;imageId&quot;:&quot;6a9c552053862&quot;}\" data-wp-interactive=\"core\/image\" data-wp-key=\"6a9c552053862\" class=\"wp-block-image size-full wp-lightbox-container\"><img decoding=\"async\" width=\"1800\" height=\"1350\" data-wp-class--hide=\"state.isContentHidden\" data-wp-class--show=\"state.isContentVisible\" data-wp-init=\"callbacks.setButtonStyles\" data-wp-on--click=\"actions.showLightbox\" data-wp-on--load=\"callbacks.setButtonStyles\" data-wp-on--pointerdown=\"actions.preloadImage\" data-wp-on--pointerenter=\"actions.preloadImageWithDelay\" data-wp-on--pointerleave=\"actions.cancelPreload\" data-wp-on-window--resize=\"callbacks.setButtonStyles\" src=\"https:\/\/loudavymkrokem.cz\/wp-content\/uploads\/2026\/09\/nemecko-clanky-termaly-nemecko-32-9c1729cf.jpg\" alt=\"Vita Classica -kylpyl\u00e4n puutarha Bad Krozingeniss\u00e4 muotoiltuine puineen\" class=\"wp-image-415500\" title=\"\" srcset=\"https:\/\/loudavymkrokem.cz\/wp-content\/uploads\/2026\/09\/nemecko-clanky-termaly-nemecko-32-9c1729cf.jpg 1800w, https:\/\/loudavymkrokem.cz\/wp-content\/uploads\/2026\/09\/nemecko-clanky-termaly-nemecko-32-9c1729cf-300x225.jpg 300w, https:\/\/loudavymkrokem.cz\/wp-content\/uploads\/2026\/09\/nemecko-clanky-termaly-nemecko-32-9c1729cf-700x525.jpg 700w, https:\/\/loudavymkrokem.cz\/wp-content\/uploads\/2026\/09\/nemecko-clanky-termaly-nemecko-32-9c1729cf-768x576.jpg 768w, https:\/\/loudavymkrokem.cz\/wp-content\/uploads\/2026\/09\/nemecko-clanky-termaly-nemecko-32-9c1729cf-1536x1152.jpg 1536w, https:\/\/loudavymkrokem.cz\/wp-content\/uploads\/2026\/09\/nemecko-clanky-termaly-nemecko-32-9c1729cf-80x60.jpg 80w, https:\/\/loudavymkrokem.cz\/wp-content\/uploads\/2026\/09\/nemecko-clanky-termaly-nemecko-32-9c1729cf-160x120.jpg 160w, https:\/\/loudavymkrokem.cz\/wp-content\/uploads\/2026\/09\/nemecko-clanky-termaly-nemecko-32-9c1729cf-696x522.jpg 696w, https:\/\/loudavymkrokem.cz\/wp-content\/uploads\/2026\/09\/nemecko-clanky-termaly-nemecko-32-9c1729cf-1392x1044.jpg 1392w\" sizes=\"(max-width: 1800px) 100vw, 1800px\" \/><button\n\t\t\tclass=\"lightbox-trigger\"\n\t\t\ttype=\"button\"\n\t\t\taria-haspopup=\"dialog\"\n\t\t\tdata-wp-bind--aria-label=\"state.thisImage.triggerButtonAriaLabel\"\n\t\t\tdata-wp-init=\"callbacks.initTriggerButton\"\n\t\t\tdata-wp-on--click=\"actions.showLightbox\"\n\t\t\tdata-wp-style--right=\"state.thisImage.buttonRight\"\n\t\t\tdata-wp-style--top=\"state.thisImage.buttonTop\"\n\t\t>\n\t\t\t<svg xmlns=\"http:\/\/www.w3.org\/2000\/svg\" width=\"12\" height=\"12\" fill=\"none\" viewBox=\"0 0 12 12\">\n\t\t\t\t<path fill=\"#fff\" d=\"M2 0a2 2 0 0 0-2 2v2h1.5V2a.5.5 0 0 1 .5-.5h2V0H2Zm2 10.5H2a.5.5 0 0 1-.5-.5V8H0v2a2 2 0 0 0 2 2h2v-1.5ZM8 12v-1.5h2a.5.5 0 0 0 .5-.5V8H12v2a2 2 0 0 1-2 2H8Zm2-12a2 2 0 0 1 2 2v2h-1.5V2a.5.5 0 0 0-.5-.5H8V0h2Z\" \/>\n\t\t\t<\/svg>\n\t\t<\/button><figcaption class=\"wp-element-caption\">Kuva: Baden de \/ Wikimedia Commons, CC BY 3.0<\/figcaption><\/figure>\n\n\n\n<h3 class=\"wp-block-heading\"><span class=\"ez-toc-section\" id=\"26_Vita_Classica_Bad_Krozingen\"><\/span>26. Vita Classica (Bad Krozingen)<span class=\"ez-toc-section-end\"><\/span><\/h3>\n\n\n\n<p class=\"wp-block-paragraph\">Jos arvostat lomalla todella ylellist\u00e4 hoitoa, l\u00f6yd\u00e4t Vita Classica -kylpyl\u00e4st\u00e4 Bad Krozingenin pikkukaupungissa juuri sen, mit\u00e4 etsit. Niiden suurin ylpeys on nimitt\u00e4in <strong>erityinen Wohlf\u00fchlhaus<\/strong>, joka keskittyy tiiviisti eksklusiivisiin hierontoihin ja parhaisiin premium wellness -rituaaleihin. Tunnelma huokuu t\u00e4\u00e4ll\u00e4 rauhaa ja ammattitaitoinen henkil\u00f6kunta huolehtii siit\u00e4, ett\u00e4 l\u00e4hdet uudestisyntyneen\u00e4.<\/p>\n\n\n\n<p class=\"wp-block-paragraph\">Kylpemisest\u00e4 nautit t\u00e4\u00e4ll\u00e4 kyll\u00e4stymiseen asti, sill\u00e4 laaja alue tarjoaa per\u00e4ti kolme ulko- ja kuusi sis\u00e4allasta, jotka on t\u00e4ytetty mukavan l\u00e4mpim\u00e4ll\u00e4 termaalivedell\u00e4. On vain sinusta kiinni, uitko mieluummin taivasalla vai k\u00e4tkeydytk\u00f6 sis\u00e4lle. Saunaparatiisi k\u00e4tkee sitten sis\u00e4\u00e4ns\u00e4 kahdeksan erilaista saunakabiinia ja yhden mahtavan h\u00f6yrytemppelin, jossa kuuman h\u00f6yryn ansiosta unohdat helposti kaikki arjen huolet.<\/p>\n\n\n\n<p class=\"wp-block-paragraph\">N\u00e4m\u00e4 kylpyl\u00e4t ovat yksinkertaisesti ihanteellisia jokaiselle, joka etsii syv\u00e4\u00e4 rentoutumista eik\u00e4 haittaa maksaa hieman lis\u00e4\u00e4 tavanomaista laadukkaammista hoidoista kauniissa ymp\u00e4rist\u00f6ss\u00e4. Ne ovat t\u00e4ydellinen valinta romanttiseen kahden viikonloppuun. <strong>\ud83d\udca1 Vinkki:<\/strong> Suosittelen varaamaan suositut premium-rituaalit tai hieronnat Wohlf\u00fchlhausissa riitt\u00e4v\u00e4n ajoissa etuk\u00e4teen internetiss\u00e4, sill\u00e4 parhaat viikonloppuajat ovat usein hyvin nopeasti loppuunmyytyj\u00e4.<\/p>\n\n\n\n<figure data-wp-context=\"{&quot;imageId&quot;:&quot;6a9c552053f23&quot;}\" data-wp-interactive=\"core\/image\" data-wp-key=\"6a9c552053f23\" class=\"wp-block-image size-full wp-lightbox-container\"><img decoding=\"async\" width=\"1800\" height=\"1198\" data-wp-class--hide=\"state.isContentHidden\" data-wp-class--show=\"state.isContentVisible\" data-wp-init=\"callbacks.setButtonStyles\" data-wp-on--click=\"actions.showLightbox\" data-wp-on--load=\"callbacks.setButtonStyles\" data-wp-on--pointerdown=\"actions.preloadImage\" data-wp-on--pointerenter=\"actions.preloadImageWithDelay\" data-wp-on--pointerleave=\"actions.cancelPreload\" data-wp-on-window--resize=\"callbacks.setButtonStyles\" src=\"https:\/\/loudavymkrokem.cz\/wp-content\/uploads\/2026\/09\/nemecko-clanky-termaly-nemecko-33-009e6b3b.jpg\" alt=\"Iltainen allas ja balilainen paviljonki Bali Thermess\u00e4 Bad Oeynhausenissa\" class=\"wp-image-415504\" title=\"\" srcset=\"https:\/\/loudavymkrokem.cz\/wp-content\/uploads\/2026\/09\/nemecko-clanky-termaly-nemecko-33-009e6b3b.jpg 1800w, https:\/\/loudavymkrokem.cz\/wp-content\/uploads\/2026\/09\/nemecko-clanky-termaly-nemecko-33-009e6b3b-300x200.jpg 300w, https:\/\/loudavymkrokem.cz\/wp-content\/uploads\/2026\/09\/nemecko-clanky-termaly-nemecko-33-009e6b3b-700x466.jpg 700w, https:\/\/loudavymkrokem.cz\/wp-content\/uploads\/2026\/09\/nemecko-clanky-termaly-nemecko-33-009e6b3b-768x511.jpg 768w, https:\/\/loudavymkrokem.cz\/wp-content\/uploads\/2026\/09\/nemecko-clanky-termaly-nemecko-33-009e6b3b-1536x1022.jpg 1536w, https:\/\/loudavymkrokem.cz\/wp-content\/uploads\/2026\/09\/nemecko-clanky-termaly-nemecko-33-009e6b3b-696x463.jpg 696w, https:\/\/loudavymkrokem.cz\/wp-content\/uploads\/2026\/09\/nemecko-clanky-termaly-nemecko-33-009e6b3b-1392x926.jpg 1392w\" sizes=\"(max-width: 1800px) 100vw, 1800px\" \/><button\n\t\t\tclass=\"lightbox-trigger\"\n\t\t\ttype=\"button\"\n\t\t\taria-haspopup=\"dialog\"\n\t\t\tdata-wp-bind--aria-label=\"state.thisImage.triggerButtonAriaLabel\"\n\t\t\tdata-wp-init=\"callbacks.initTriggerButton\"\n\t\t\tdata-wp-on--click=\"actions.showLightbox\"\n\t\t\tdata-wp-style--right=\"state.thisImage.buttonRight\"\n\t\t\tdata-wp-style--top=\"state.thisImage.buttonTop\"\n\t\t>\n\t\t\t<svg xmlns=\"http:\/\/www.w3.org\/2000\/svg\" width=\"12\" height=\"12\" fill=\"none\" viewBox=\"0 0 12 12\">\n\t\t\t\t<path fill=\"#fff\" d=\"M2 0a2 2 0 0 0-2 2v2h1.5V2a.5.5 0 0 1 .5-.5h2V0H2Zm2 10.5H2a.5.5 0 0 1-.5-.5V8H0v2a2 2 0 0 0 2 2h2v-1.5ZM8 12v-1.5h2a.5.5 0 0 0 .5-.5V8H12v2a2 2 0 0 1-2 2H8Zm2-12a2 2 0 0 1 2 2v2h-1.5V2a.5.5 0 0 0-.5-.5H8V0h2Z\" \/>\n\t\t\t<\/svg>\n\t\t<\/button><\/figure>\n\n\n\n<h2 class=\"wp-block-heading\"><span class=\"ez-toc-section\" id=\"Kylpylat_Nordrhein-Westfalenissa\"><\/span>Kylpyl\u00e4t Nordrhein-Westfalenissa<span class=\"ez-toc-section-end\"><\/span><\/h2>\n\n\n\n<p class=\"wp-block-paragraph\">Nordrhein-Westfalen on Saksan v\u00e4kirikkain osavaltio, joten mahtavasta kylpemisest\u00e4 ei t\u00e4\u00e4ll\u00e4 todellakaan ole pulaa. Suurin osa parhaista alueista sijaitsee mukavan l\u00e4hell\u00e4 K\u00f6lni\u00e4, D\u00fcsseldorfia tai Aacheni\u00e4, mik\u00e4 tekee niist\u00e4 ihanteellisen kohteen pidennettyyn viikonloppuun. Jos rakastat laajoja vesimaailmoja tai ep\u00e4tavallista arkkitehtuuria, t\u00e4\u00e4ll\u00e4 saat rahoillesi vastinetta.<\/p>\n\n\n\n<p class=\"wp-block-paragraph\">T\u00e4m\u00e4n alueen vahva teema ovat valtavat saunapuistot, kuten kuuluisa Mediterana, sek\u00e4 ainutlaatuiset eksoottiset tyylittelyt. Loistava esimerkki on esimerkiksi Bali Therme, jossa tunnet olevasi kuin oikealla lomalla Aasiassa. Tule katsomaan seitsem\u00e4\u00e4 paikkaa, jotka sinun ei t\u00e4ll\u00e4 alueella miss\u00e4\u00e4n tapauksessa kannattaisi ohittaa.<\/p>\n\n\n\n<figure data-wp-context=\"{&quot;imageId&quot;:&quot;6a9c5520544fa&quot;}\" data-wp-interactive=\"core\/image\" data-wp-key=\"6a9c5520544fa\" class=\"wp-block-image size-full wp-lightbox-container\"><img decoding=\"async\" width=\"1800\" height=\"1201\" data-wp-class--hide=\"state.isContentHidden\" data-wp-class--show=\"state.isContentVisible\" data-wp-init=\"callbacks.setButtonStyles\" data-wp-on--click=\"actions.showLightbox\" data-wp-on--load=\"callbacks.setButtonStyles\" data-wp-on--pointerdown=\"actions.preloadImage\" data-wp-on--pointerenter=\"actions.preloadImageWithDelay\" data-wp-on--pointerleave=\"actions.cancelPreload\" data-wp-on-window--resize=\"callbacks.setButtonStyles\" src=\"https:\/\/loudavymkrokem.cz\/wp-content\/uploads\/2026\/09\/nemecko-clanky-termaly-nemecko-34-d5cf2c11-1.jpg\" alt=\"Thermen &#038; Badewelt Euskirchen (Euskirchen): saunaosa\" class=\"wp-image-415338\" title=\"\" srcset=\"https:\/\/loudavymkrokem.cz\/wp-content\/uploads\/2026\/09\/nemecko-clanky-termaly-nemecko-34-d5cf2c11-1.jpg 1800w, https:\/\/loudavymkrokem.cz\/wp-content\/uploads\/2026\/09\/nemecko-clanky-termaly-nemecko-34-d5cf2c11-1-300x200.jpg 300w, https:\/\/loudavymkrokem.cz\/wp-content\/uploads\/2026\/09\/nemecko-clanky-termaly-nemecko-34-d5cf2c11-1-700x467.jpg 700w, https:\/\/loudavymkrokem.cz\/wp-content\/uploads\/2026\/09\/nemecko-clanky-termaly-nemecko-34-d5cf2c11-1-768x512.jpg 768w, https:\/\/loudavymkrokem.cz\/wp-content\/uploads\/2026\/09\/nemecko-clanky-termaly-nemecko-34-d5cf2c11-1-1536x1025.jpg 1536w, https:\/\/loudavymkrokem.cz\/wp-content\/uploads\/2026\/09\/nemecko-clanky-termaly-nemecko-34-d5cf2c11-1-696x464.jpg 696w, https:\/\/loudavymkrokem.cz\/wp-content\/uploads\/2026\/09\/nemecko-clanky-termaly-nemecko-34-d5cf2c11-1-1392x929.jpg 1392w\" sizes=\"(max-width: 1800px) 100vw, 1800px\" \/><button\n\t\t\tclass=\"lightbox-trigger\"\n\t\t\ttype=\"button\"\n\t\t\taria-haspopup=\"dialog\"\n\t\t\tdata-wp-bind--aria-label=\"state.thisImage.triggerButtonAriaLabel\"\n\t\t\tdata-wp-init=\"callbacks.initTriggerButton\"\n\t\t\tdata-wp-on--click=\"actions.showLightbox\"\n\t\t\tdata-wp-style--right=\"state.thisImage.buttonRight\"\n\t\t\tdata-wp-style--top=\"state.thisImage.buttonTop\"\n\t\t>\n\t\t\t<svg xmlns=\"http:\/\/www.w3.org\/2000\/svg\" width=\"12\" height=\"12\" fill=\"none\" viewBox=\"0 0 12 12\">\n\t\t\t\t<path fill=\"#fff\" d=\"M2 0a2 2 0 0 0-2 2v2h1.5V2a.5.5 0 0 1 .5-.5h2V0H2Zm2 10.5H2a.5.5 0 0 1-.5-.5V8H0v2a2 2 0 0 0 2 2h2v-1.5ZM8 12v-1.5h2a.5.5 0 0 0 .5-.5V8H12v2a2 2 0 0 1-2 2H8Zm2-12a2 2 0 0 1 2 2v2h-1.5V2a.5.5 0 0 0-.5-.5H8V0h2Z\" \/>\n\t\t\t<\/svg>\n\t\t<\/button><\/figure>\n\n\n\n<!-- LKM_GYG_CARD start q=\"germany\" lang=\"fi\" rendered=\"2026-09-05T15:48:30+00:00\" v=\"1\" -->\n\n<!-- LKM_GYG_CARD end -->\n\n\n\n\n<div class=\"lk-stays-module\">\n<style>\n\/* \u2500\u2500\u2500 RESET PRO GUTENBERG \u2500\u2500\u2500 *\/\n.lk-stays-module * { box-sizing: border-box; margin: 0; padding: 0; }\n\n\/* \u2500\u2500\u2500 WRAPPER \u2500\u2500\u2500 *\/\n.lk-stays-module {\n  font-family: 'DM Sans', Georgia, sans-serif;\n  max-width: 100%;\n  margin: 2.5rem auto;\n  background: linear-gradient(135deg, #fdfaf5 0%, #fcf8f0 100%);\n  border: 1px solid #e8dfd4;\n  border-radius: 16px;\n  overflow: hidden;\n  box-shadow: 0 16px 48px rgba(195, 159, 118, 0.25), 0 4px 12px rgba(0,0,0,0.08);\n}\n\n\/* \u2500\u2500\u2500 HEADER \u2500\u2500\u2500 *\/\n.lk-stays-header {\n  position: relative;\n  padding: 24px 36px 24px;\n  background: linear-gradient(135deg, #c39f76 0%, #d4b188 60%, #c39f76 100%);\n  border-bottom: 1px solid rgba(255,255,255,.15);\n  display: flex;\n  align-items: center;\n  gap: 18px;\n}\n.lk-stays-header::before {\n  content: '';\n  position: absolute;\n  inset: 0;\n  background: url(\"data:image\/svg+xml,%3Csvg width='60' height='60' viewBox='0 0 60 60' xmlns='http:\/\/www.w3.org\/2000\/svg'%3E%3Cg fill='none' fill-rule='evenodd'%3E%3Cg fill='%23ffffff' fill-opacity='0.05'%3E%3Cpath d='M36 34v-4h-2v4h-4v2h4v4h2v-4h4v-2h-4zm0-30V0h-2v4h-4v2h4v4h2V6h4V4h-4zM6 34v-4H4v4H0v2h4v4h2v-4h4v-2H6zM6 4V0H4v4H0v2h4v4h2V6h4V4H6z'\/%3E%3C\/g%3E%3C\/g%3E%3C\/svg%3E\") repeat;\n  pointer-events: none;\n}\n.lk-stays-icon {\n  flex-shrink: 0;\n  width: 68px;\n  height: 68px;\n  border-radius: 14px;\n  background: linear-gradient(135deg, #fff 0%, #f9f6f0 100%);\n  display: flex;\n  align-items: center;\n  justify-content: center;\n  font-size: 26px;\n  box-shadow: 0 4px 12px rgba(0,0,0,0.15);\n}\n.lk-stays-eyebrow {\n  font-size: 10px;\n  font-weight: 500;\n  letter-spacing: 2.5px;\n  text-transform: uppercase;\n  color: rgba(255,255,255,.85);\n  margin: 0 0 5px 0;\n}\n.lk-stays-title {\n  font-family: 'Playfair Display', Georgia, serif;\n  font-size: 24px;\n  font-weight: 700;\n  color: #fff;\n  line-height: 1.2;\n  text-shadow: 0 1px 2px rgba(0,0,0,0.1);\n  margin: 0;\n}\n.lk-stays-subtitle {\n  font-size: 13px;\n  color: rgba(255,255,255,.75);\n  margin: 4px 0 0 0;\n  font-weight: 300;\n}\n\n\/* \u2500\u2500\u2500 CARDS GRID \u2500\u2500\u2500 *\/\n.lk-stays-grid {\n  display: grid;\n  grid-template-columns: 1fr 1fr;\n  gap: 1px;\n  background: rgba(195, 159, 118, 0.12);\n}\n\n\/* \u2500\u2500\u2500 SINGLE CARD \u2500\u2500\u2500 *\/\n.lk-stay-card {\n  background: #ffffff;\n  padding: 26px;\n  display: flex;\n  flex-direction: column;\n  gap: 11px;\n  transition: all 0.3s ease;\n  text-decoration: none;\n  color: inherit;\n  position: relative;\n}\n.lk-stay-card:hover {\n  background: #fffbf5;\n  transform: translateY(-2px);\n  box-shadow: 0 8px 24px rgba(195, 159, 118, 0.18);\n  z-index: 1;\n}\n.lk-stay-card.featured {\n  background: linear-gradient(135deg, #fffdf9 0%, #fff9f0 100%);\n  box-shadow: 0 4px 16px rgba(195, 159, 118, 0.15), inset 0 1px 0 rgba(195, 159, 118, 0.1);\n}\n.lk-stay-card.featured:hover {\n  background: linear-gradient(135deg, #fffbf5 0%, #fff8ed 100%);\n  box-shadow: 0 8px 24px rgba(195, 159, 118, 0.25), inset 0 1px 0 rgba(195, 159, 118, 0.15);\n}\n\n.lk-stay-badge {\n  display: inline-flex;\n  align-items: center;\n  gap: 5px;\n  font-size: 10px;\n  font-weight: 500;\n  letter-spacing: 1.5px;\n  text-transform: uppercase;\n  padding: 5px 11px;\n  border-radius: 20px;\n  width: fit-content;\n}\n.badge-top     { background: linear-gradient(135deg, #c39f76 0%, #d4b188 100%); color: #fff; border: 1px solid #c39f76; font-weight: 600; box-shadow: 0 2px 8px rgba(195,159,118,0.3); }\n.badge-luxury  { background: rgba(195,159,118,.12); color: #c39f76; border: 1px solid rgba(195,159,118,.25); }\n.badge-boutique{ background: rgba(54,133,252,.08); color: #3685fc; border: 1px solid rgba(54,133,252,.2); }\n.badge-nature  { background: rgba(130,190,100,.1); color: #6b9c4a; border: 1px solid rgba(130,190,100,.2); }\n.badge-remote  { background: rgba(195,159,118,.12); color: #a67e50; border: 1px solid rgba(195,159,118,.25); }\n\n.lk-stay-name {\n  font-family: 'Playfair Display', Georgia, serif;\n  font-size: 18px;\n  font-weight: 700;\n  color: #111827;\n  line-height: 1.3;\n}\n.lk-stay-desc {\n  font-size: 13.5px;\n  color: #525252;\n  line-height: 1.65;\n  font-weight: 300;\n  flex: 1;\n}\n\n.lk-stay-meta {\n  display: flex;\n  align-items: center;\n  gap: 12px;\n  flex-wrap: wrap;\n  margin-top: 4px;\n}\n.lk-stay-price {\n  font-size: 13px;\n  color: #6b7280;\n}\n.lk-stay-price strong {\n  color: #c39f76;\n  font-weight: 500;\n}\n.lk-stay-stars {\n  color: #c39f76;\n  font-size: 11px;\n  letter-spacing: 1px;\n}\n\n\/* \u2500\u2500\u2500 CTA BUTTON \u2500\u2500\u2500 *\/\n.lk-stay-cta {\n  display: inline-flex;\n  align-items: center;\n  justify-content: center;\n  gap: 7px;\n  margin-top: 8px;\n  padding: 11px 20px;\n  border-radius: 8px;\n  background: linear-gradient(135deg, #3685fc 0%, #2a6fd9 100%);\n  color: #fff;\n  font-size: 13px;\n  font-weight: 500;\n  text-decoration: none;\n  letter-spacing: .3px;\n  transition: all .2s ease;\n  cursor: pointer;\n  border: none;\n  text-align: center;\n  box-shadow: 0 4px 12px rgba(54, 133, 252, 0.25);\n}\n.lk-stay-cta:hover {\n  background: linear-gradient(135deg, #2a6fd9 0%, #1e5bc4 100%);\n  transform: translateY(-1px);\n  box-shadow: 0 6px 16px rgba(54, 133, 252, 0.35);\n}\n.lk-stay-cta svg { flex-shrink: 0; }\n\n\/* \u2500\u2500\u2500 FOOTER \u2500\u2500\u2500 *\/\n.lk-stays-footer {\n  padding: 18px 36px;\n  background: linear-gradient(to bottom, #fdfaf5 0%, #f9f4ed 100%);\n  border-top: 1px solid rgba(195, 159, 118, 0.15);\n  display: flex;\n  align-items: center;\n  justify-content: space-between;\n  flex-wrap: wrap;\n  gap: 12px;\n}\n.lk-stays-footer-note {\n  font-size: 11.5px;\n  color: #6b7280;\n  font-weight: 300;\n  line-height: 1.5;\n}\n.lk-stays-footer-note a {\n  color: #c39f76;\n  text-decoration: none;\n  font-weight: 400;\n}\n.lk-stays-footer-note a:hover {\n  text-decoration: underline;\n}\n.lk-stays-all-btn {\n  display: inline-flex;\n  align-items: center;\n  gap: 6px;\n  font-size: 12.5px;\n  font-weight: 500;\n  color: #c39f76;\n  text-decoration: none;\n  border: 1px solid rgba(195, 159, 118, 0.35);\n  padding: 8px 18px;\n  border-radius: 8px;\n  transition: all .2s ease;\n}\n.lk-stays-all-btn:hover {\n  background: rgba(195, 159, 118, 0.08);\n  border-color: rgba(195, 159, 118, 0.5);\n}\n\n\/* \u2500\u2500\u2500 RESPONSIVE \u2500\u2500\u2500 *\/\n@media (max-width: 600px) {\n  .lk-stays-grid { grid-template-columns: 1fr; }\n  .lk-stays-header { padding: 24px 20px; }\n  .lk-stays-footer { padding: 16px 20px; }\n  .lk-stay-card { padding: 22px; }\n  .lk-stays-title { font-size: 20px; }\n}\n<\/style>\n\n  <!-- HEADER -->\n  <div class=\"lk-stays-header\">\n    <img decoding=\"async\" src=\"https:\/\/loudavymkrokem.cz\/wp-content\/uploads\/2026\/02\/lukas-a-lucka.jpg\" alt=\"\" style=\"width: 75px; height: 75px; border-radius: 8px; flex-shrink: 0; object-fit: cover; display: block; margin: 4px 0;\" title=\"\">\n    <div class=\"lk-stays-header-text\">\n      <div class=\"lk-stays-eyebrow\">Luk\u00e1\u0161 ja Lucie suosittelevat<\/div>\n      <div class=\"lk-stays-title\">Miss\u00e4 y\u00f6py\u00e4 Saksassa<\/div>\n      <div class=\"lk-stays-subtitle\">6 majoitusvaihtoehtoa \u2014 wellness-hotelleja, hotelleja ja muita majoitusvaihtoehtoja<\/div>\n    <\/div>\n  <\/div>\n\n  <!-- CARDS -->\n  <div class=\"lk-stays-grid\">\n\n    <a class=\"lk-stay-card featured\" href=\"https:\/\/www.stay22.com\/allez\/roam?aid=lukaskonecny&#038;campaign=loudavymkrokemcz&#038;campaign=fi&#038;campaign=termaly-nemecko&#038;hotelname=Hotel%20Victory%20Therme%20Erding&#038;address=Erding%2C%20Nemecko\" target=\"_blank\" rel=\"nofollow noopener\">\n      <span class=\"lk-stay-badge badge-top\">\u2b50 HUIPPUVALINTA<\/span>\n      <span class=\"lk-stay-badge badge-nature\">\ud83c\udfe8 Hotelli<\/span>\n      <div class=\"lk-stay-name\">Hotel Victory Therme Erding<\/div>\n      <div class=\"lk-stay-desc\">Luksushotelli suoraan Therme Erding -alueella, huoneet on sisustettu HMS Victory -laivan tyyliin. Sis\u00e4\u00e4n p\u00e4\u00e4sy kylpyl\u00e4\u00e4n sis\u00e4ltyy y\u00f6pymiseen.<\/div>\n      <div class=\"lk-stay-meta\">\n        <span class=\"lk-stay-stars\">\u2605\u2605\u2605\u2605<\/span>\n        <span class=\"lk-stay-price\">Tarkista hinnat<\/span>\n      <\/div>\n      <span class=\"lk-stay-cta\">\n        <svg width=\"14\" height=\"14\" viewBox=\"0 0 24 24\" fill=\"none\" stroke=\"currentColor\" stroke-width=\"2\"><path d=\"M18 13v6a2 2 0 0 1-2 2H5a2 2 0 0 1-2-2V8a2 2 0 0 1 2-2h6\"\/><polyline points=\"15 3 21 3 21 9\"\/><line x1=\"10\" y1=\"14\" x2=\"21\" y2=\"3\"\/><\/svg>\n        Tarkista saatavuus\n      <\/span>\n    <\/a>\n\n    <a class=\"lk-stay-card\" href=\"https:\/\/www.stay22.com\/allez\/roam?aid=lukaskonecny&#038;campaign=loudavymkrokemcz&#038;campaign=fi&#038;campaign=termaly-nemecko&#038;hotelname=Thermenhotel%20Gass&#038;address=Bad%20Fussing%2C%20Nemecko\" target=\"_blank\" rel=\"nofollow noopener\">\n      <span class=\"lk-stay-badge badge-nature\">\ud83c\udfe8 Hotelli<\/span>\n      <div class=\"lk-stay-name\">Thermenhotel Gass<\/div>\n      <div class=\"lk-stay-desc\">Kolmen t\u00e4hden superior-hotelli omilla altailla, jotka on t\u00e4ytetty l\u00e4mpim\u00e4ll\u00e4 rikkivedell\u00e4 suoraan Therme 1:st\u00e4.<\/div>\n      <div class=\"lk-stay-meta\">\n        <span class=\"lk-stay-stars\">\u2605\u2605\u2605<\/span>\n        <span class=\"lk-stay-price\">Tarkista hinnat<\/span>\n      <\/div>\n      <span class=\"lk-stay-cta\">\n        <svg width=\"14\" height=\"14\" viewBox=\"0 0 24 24\" fill=\"none\" stroke=\"currentColor\" stroke-width=\"2\"><path d=\"M18 13v6a2 2 0 0 1-2 2H5a2 2 0 0 1-2-2V8a2 2 0 0 1 2-2h6\"\/><polyline points=\"15 3 21 3 21 9\"\/><line x1=\"10\" y1=\"14\" x2=\"21\" y2=\"3\"\/><\/svg>\n        Tarkista saatavuus\n      <\/span>\n    <\/a>\n\n    <a class=\"lk-stay-card\" href=\"https:\/\/www.stay22.com\/allez\/roam?aid=lukaskonecny&#038;campaign=loudavymkrokemcz&#038;campaign=fi&#038;campaign=termaly-nemecko&#038;hotelname=Hotel%20an%20der%20Therme%20Bad%20Sulza&#038;address=Bad%20Sulza%2C%20Nemecko\" target=\"_blank\" rel=\"nofollow noopener\">\n      <span class=\"lk-stay-badge badge-nature\">\ud83c\udfe8 Hotelli<\/span>\n      <div class=\"lk-stay-name\">Hotel an der Therme Bad Sulza<\/div>\n      <div class=\"lk-stay-desc\">Hotelli, joka on yhdistetty kylpytakkik\u00e4yt\u00e4v\u00e4ll\u00e4 Toskana Therme -kylpyl\u00e4\u00e4n. Sis\u00e4\u00e4np\u00e4\u00e4sy kylpyl\u00e4\u00e4n saunamaailma mukaan lukien sis\u00e4ltyy y\u00f6pymiseen.<\/div>\n      <div class=\"lk-stay-meta\">\n        <span class=\"lk-stay-stars\">\u2605\u2605\u2605\u2605<\/span>\n        <span class=\"lk-stay-price\">Tarkista hinnat<\/span>\n      <\/div>\n      <span class=\"lk-stay-cta\">\n        <svg width=\"14\" height=\"14\" viewBox=\"0 0 24 24\" fill=\"none\" stroke=\"currentColor\" stroke-width=\"2\"><path d=\"M18 13v6a2 2 0 0 1-2 2H5a2 2 0 0 1-2-2V8a2 2 0 0 1 2-2h6\"\/><polyline points=\"15 3 21 3 21 9\"\/><line x1=\"10\" y1=\"14\" x2=\"21\" y2=\"3\"\/><\/svg>\n        Tarkista saatavuus\n      <\/span>\n    <\/a>\n\n    <a class=\"lk-stay-card\" href=\"https:\/\/www.stay22.com\/allez\/roam?aid=lukaskonecny&#038;campaign=loudavymkrokemcz&#038;campaign=fi&#038;campaign=termaly-nemecko&#038;hotelname=Mauritius%20Hotel%20%26%20Therme&#038;address=Kolin%20nad%20Rynem%2C%20Nemecko\" target=\"_blank\" rel=\"nofollow noopener\">\n      <span class=\"lk-stay-badge badge-nature\">\u2b50 Luxury<\/span>\n      <div class=\"lk-stay-name\">Mauritius Hotel &#038; Therme<\/div>\n      <div class=\"lk-stay-desc\">Nelj\u00e4n t\u00e4hden hotelli valtavalla 3500 m\u00b2 wellness-alueella. Seitsem\u00e4n saunaa ja ulkoallas Kuolleenmeren suolalla.<\/div>\n      <div class=\"lk-stay-meta\">\n        <span class=\"lk-stay-stars\">\u2605\u2605\u2605\u2605<\/span>\n        <span class=\"lk-stay-price\">alkaen 10 EUR\/wellness-p\u00e4iv\u00e4<\/span>\n      <\/div>\n      <span class=\"lk-stay-cta\">\n        <svg width=\"14\" height=\"14\" viewBox=\"0 0 24 24\" fill=\"none\" stroke=\"currentColor\" stroke-width=\"2\"><path d=\"M18 13v6a2 2 0 0 1-2 2H5a2 2 0 0 1-2-2V8a2 2 0 0 1 2-2h6\"\/><polyline points=\"15 3 21 3 21 9\"\/><line x1=\"10\" y1=\"14\" x2=\"21\" y2=\"3\"\/><\/svg>\n        Tarkista saatavuus\n      <\/span>\n    <\/a>\n\n    <a class=\"lk-stay-card\" href=\"https:\/\/www.stay22.com\/allez\/roam?aid=lukaskonecny&#038;campaign=loudavymkrokemcz&#038;campaign=fi&#038;campaign=termaly-nemecko&#038;hotelname=Hotel%20Zum%20Rittmeister&#038;address=Werder%20Havel%2C%20Nemecko\" target=\"_blank\" rel=\"nofollow noopener\">\n      <span class=\"lk-stay-badge badge-nature\">\ud83c\udfe8 Hotelli<\/span>\n      <div class=\"lk-stay-name\">Hotel Zum Rittmeister<\/div>\n      <div class=\"lk-stay-desc\">Hotelli, jossa on 35 viihtyis\u00e4\u00e4 huonetta. Vieraat saavat alennettua sis\u00e4\u00e4np\u00e4\u00e4sy\u00e4 l\u00e4heiseen Havel Therme -kylpyl\u00e4\u00e4n esitt\u00e4m\u00e4ll\u00e4 G\u00e4stekarte-kortin.<\/div>\n      <div class=\"lk-stay-meta\">\n        <span class=\"lk-stay-stars\">\u2605\u2605\u2605\u2605<\/span>\n        <span class=\"lk-stay-price\">Tarkista hinnat<\/span>\n      <\/div>\n      <span class=\"lk-stay-cta\">\n        <svg width=\"14\" height=\"14\" viewBox=\"0 0 24 24\" fill=\"none\" stroke=\"currentColor\" stroke-width=\"2\"><path d=\"M18 13v6a2 2 0 0 1-2 2H5a2 2 0 0 1-2-2V8a2 2 0 0 1 2-2h6\"\/><polyline points=\"15 3 21 3 21 9\"\/><line x1=\"10\" y1=\"14\" x2=\"21\" y2=\"3\"\/><\/svg>\n        Tarkista saatavuus\n      <\/span>\n    <\/a>\n\n    <a class=\"lk-stay-card\" href=\"https:\/\/www.stay22.com\/allez\/roam?aid=lukaskonecny&#038;campaign=loudavymkrokemcz&#038;campaign=fi&#038;campaign=termaly-nemecko&#038;hotelname=Hotel%20Palatin&#038;address=Wiesloch%2C%20Nemecko\" target=\"_blank\" rel=\"nofollow noopener\">\n      <span class=\"lk-stay-badge badge-nature\">\ud83c\udfe8 Hotelli<\/span>\n      <div class=\"lk-stay-name\">Hotel Palatin<\/div>\n      <div class=\"lk-stay-desc\">Sinsheim-kylpyl\u00e4n kumppanihotelli. Edulliset paketit y\u00f6pymisell\u00e4, aamiaisella ja kylpyl\u00e4lipulla alkaen 79 EUR.<\/div>\n      <div class=\"lk-stay-meta\">\n        <span class=\"lk-stay-stars\">\u2605\u2605\u2605\u2605<\/span>\n        <span class=\"lk-stay-price\">alkaen 79 EUR\/henkil\u00f6<\/span>\n      <\/div>\n      <span class=\"lk-stay-cta\">\n        <svg width=\"14\" height=\"14\" viewBox=\"0 0 24 24\" fill=\"none\" stroke=\"currentColor\" stroke-width=\"2\"><path d=\"M18 13v6a2 2 0 0 1-2 2H5a2 2 0 0 1-2-2V8a2 2 0 0 1 2-2h6\"\/><polyline points=\"15 3 21 3 21 9\"\/><line x1=\"10\" y1=\"14\" x2=\"21\" y2=\"3\"\/><\/svg>\n        Tarkista saatavuus\n      <\/span>\n    <\/a>\n\n  <\/div>\n\n  \n<\/div>\n\n\n\n\n<h3 class=\"wp-block-heading\"><span class=\"ez-toc-section\" id=\"27_Thermen_Badewelt_Euskirchen_Euskirchen\"><\/span>27. Thermen &#038; Badewelt Euskirchen (Euskirchen)<span class=\"ez-toc-section-end\"><\/span><\/h3>\n\n\n\n<p class=\"wp-block-paragraph\">T\u00e4m\u00e4 moderni alue sijaitsee noin <strong>45 minuutin matkan p\u00e4\u00e4ss\u00e4 K\u00f6lnist\u00e4<\/strong> ja kuuluu samalle yll\u00e4pit\u00e4j\u00e4lle kuin kuuluisa kokonaisuus Sinsheimiss\u00e4. Heti ensi silm\u00e4yksell\u00e4 sinut valloittaa runsas kylpeminen laguuneissa, jotka levitt\u00e4ytyv\u00e4t <strong>luonnollisen j\u00e4rven \u00e4\u00e4relle, jonka pinta-ala on kunnioitettavat 6 500 m\u00b2<\/strong>. N\u00e4k\u00f6alat mukavilta lepotuoleilta suoraan t\u00e4lle laajalle vesipinnalle vaikuttavat rauhoittavilta.<\/p>\n\n\n\n<p class=\"wp-block-paragraph\">Voit odottaa <strong>Blaue Lagune -laguunia, jonka vesi on 33 \u00b0C l\u00e4mmint\u00e4<\/strong> ja josta nautit sek\u00e4 sis\u00e4- ett\u00e4 ulko-osassa. Sen lis\u00e4ksi sinua odottavat mit\u00e4 erilaisimmat rentoutumiskeitaat, virkist\u00e4v\u00e4 j\u00e4\u00e4kaivo tai eritt\u00e4in n\u00e4ytt\u00e4v\u00e4 kalla-kukan muotoinen suihku. Jos olet vasta aloittamassa kehon l\u00e4mmitt\u00e4mist\u00e4 etk\u00e4 halua heti \u00e4\u00e4rimm\u00e4iseen kuumuuteen, yll\u00e4pit\u00e4j\u00e4 suosittelee aloittamaan <strong>saunasta, jossa on mukavat 60 \u00b0C<\/strong>.<\/p>\n\n\n\n<p class=\"wp-block-paragraph\">Kokonaisuus on suunniteltu ennen kaikkea rauhalliseen lepoon, mink\u00e4 vuoksi t\u00e4nne on sunnuntaista perjantaihin <strong>p\u00e4\u00e4sy vain yli 16-vuotiaille vieraille<\/strong>. Pienempien lasten perheille t\u00e4m\u00e4 alue ei siis arkisin sovi. <strong>\ud83d\udca1 Vinkki:<\/strong> Jos pid\u00e4t todellisesta rauhasta, hy\u00f6dynn\u00e4 juuri arkip\u00e4ivi\u00e4, jolloin sis\u00e4\u00e4np\u00e4\u00e4sy nuoremmille ik\u00e4luokille on rajoitettu ja kylpyl\u00e4t tarjoavat hiljaisuuden keitaan.<\/p>\n\n\n\n<figure data-wp-context=\"{&quot;imageId&quot;:&quot;6a9c552054ceb&quot;}\" data-wp-interactive=\"core\/image\" data-wp-key=\"6a9c552054ceb\" class=\"wp-block-image size-full wp-lightbox-container\"><img decoding=\"async\" width=\"1800\" height=\"1012\" data-wp-class--hide=\"state.isContentHidden\" data-wp-class--show=\"state.isContentVisible\" data-wp-init=\"callbacks.setButtonStyles\" data-wp-on--click=\"actions.showLightbox\" data-wp-on--load=\"callbacks.setButtonStyles\" data-wp-on--pointerdown=\"actions.preloadImage\" data-wp-on--pointerenter=\"actions.preloadImageWithDelay\" data-wp-on--pointerleave=\"actions.cancelPreload\" data-wp-on-window--resize=\"callbacks.setButtonStyles\" src=\"https:\/\/loudavymkrokem.cz\/wp-content\/uploads\/2026\/09\/nemecko-clanky-termaly-nemecko-35-2fe13158-1.jpg\" alt=\"Bali Therme (Bad Oeynhausen): rentoutumisallas\" class=\"wp-image-415340\" title=\"\" srcset=\"https:\/\/loudavymkrokem.cz\/wp-content\/uploads\/2026\/09\/nemecko-clanky-termaly-nemecko-35-2fe13158-1.jpg 1800w, https:\/\/loudavymkrokem.cz\/wp-content\/uploads\/2026\/09\/nemecko-clanky-termaly-nemecko-35-2fe13158-1-300x169.jpg 300w, https:\/\/loudavymkrokem.cz\/wp-content\/uploads\/2026\/09\/nemecko-clanky-termaly-nemecko-35-2fe13158-1-700x394.jpg 700w, https:\/\/loudavymkrokem.cz\/wp-content\/uploads\/2026\/09\/nemecko-clanky-termaly-nemecko-35-2fe13158-1-768x432.jpg 768w, https:\/\/loudavymkrokem.cz\/wp-content\/uploads\/2026\/09\/nemecko-clanky-termaly-nemecko-35-2fe13158-1-1536x864.jpg 1536w, https:\/\/loudavymkrokem.cz\/wp-content\/uploads\/2026\/09\/nemecko-clanky-termaly-nemecko-35-2fe13158-1-696x391.jpg 696w, https:\/\/loudavymkrokem.cz\/wp-content\/uploads\/2026\/09\/nemecko-clanky-termaly-nemecko-35-2fe13158-1-1392x783.jpg 1392w\" sizes=\"(max-width: 1800px) 100vw, 1800px\" \/><button\n\t\t\tclass=\"lightbox-trigger\"\n\t\t\ttype=\"button\"\n\t\t\taria-haspopup=\"dialog\"\n\t\t\tdata-wp-bind--aria-label=\"state.thisImage.triggerButtonAriaLabel\"\n\t\t\tdata-wp-init=\"callbacks.initTriggerButton\"\n\t\t\tdata-wp-on--click=\"actions.showLightbox\"\n\t\t\tdata-wp-style--right=\"state.thisImage.buttonRight\"\n\t\t\tdata-wp-style--top=\"state.thisImage.buttonTop\"\n\t\t>\n\t\t\t<svg xmlns=\"http:\/\/www.w3.org\/2000\/svg\" width=\"12\" height=\"12\" fill=\"none\" viewBox=\"0 0 12 12\">\n\t\t\t\t<path fill=\"#fff\" d=\"M2 0a2 2 0 0 0-2 2v2h1.5V2a.5.5 0 0 1 .5-.5h2V0H2Zm2 10.5H2a.5.5 0 0 1-.5-.5V8H0v2a2 2 0 0 0 2 2h2v-1.5ZM8 12v-1.5h2a.5.5 0 0 0 .5-.5V8H12v2a2 2 0 0 1-2 2H8Zm2-12a2 2 0 0 1 2 2v2h-1.5V2a.5.5 0 0 0-.5-.5H8V0h2Z\" \/>\n\t\t\t<\/svg>\n\t\t<\/button><\/figure>\n\n\n\n<h3 class=\"wp-block-heading\"><span class=\"ez-toc-section\" id=\"28_Bali_Therme_Bad_Oeynhausen\"><\/span>28. Bali Therme (Bad Oeynhausen)<span class=\"ez-toc-section-end\"><\/span><\/h3>\n\n\n\n<p class=\"wp-block-paragraph\">Kuten nimi jo vihjaa, t\u00e4ss\u00e4 kokonaisuudessa sinua odottaa t\u00e4ydellinen balilainen arkkitehtuuri t\u00e4ynn\u00e4 puisia polkuja, alkuper\u00e4isi\u00e4 patsaita ja perinteisi\u00e4 puuveistoksia. T\u00e4k\u00e4l\u00e4iset altaat t\u00e4ytt\u00e4\u00e4 valtion tunnustama parantava vesi l\u00e4hteest\u00e4, joka <strong>louhitaan ainutlaatuisesta 1 034 metrin syvyydest\u00e4<\/strong>. Minua kiinnosti, ett\u00e4 t\u00e4m\u00e4 vesi virtasi maan alla kalkkikiven ja dolomiitin l\u00e4pi <strong>39 000 vuotta<\/strong>, ennen kuin se p\u00e4\u00e4si ihmisten luo pinnalle.<\/p>\n\n\n\n<p class=\"wp-block-paragraph\">L\u00e4mmitt\u00e4misen yst\u00e4v\u00e4t ovat t\u00e4\u00e4ll\u00e4 seitsem\u00e4nness\u00e4 taivaassa, sill\u00e4 alue tarjoaa <strong>per\u00e4ti 14 erilaista saunaa<\/strong>, mukaan lukien h\u00f6yry- ja erityinen maasauna. T\u00e4ydellinen ainutlaatuisuus on kuitenkin <strong>150 vuotta vanha ja 6 metri\u00e4 korkea kuivasauna<\/strong>, joka on rakennettu temppelin mallin mukaan. Saksaan kuljetusta varten se piti purkaa 500 yksitt\u00e4iseen osaan ja paikan p\u00e4\u00e4ll\u00e4 koota uudelleen tarkasti.<\/p>\n\n\n\n<p class=\"wp-block-paragraph\">Vuoden 2026 hinnaston mukaan maksat <strong>koko p\u00e4iv\u00e4n lipusta 28 euroa<\/strong>, saunap\u00e4\u00e4syll\u00e4 sitten 41 euroa. Viikonloppulis\u00e4 on 3\u20135 euroa. Alle 3-vuotiailla lapsilla on ilmainen sis\u00e4\u00e4np\u00e4\u00e4sy, mutta alle 12-vuotiaat <strong>eiv\u00e4t saa ollenkaan menn\u00e4 saunaosaan<\/strong>. Alle 16-vuotiaat nuoret p\u00e4\u00e4stet\u00e4\u00e4n sis\u00e4\u00e4n vain aikuisen seurassa. <strong>\ud83d\udca1 Vinkki:<\/strong> Lep\u00e4\u00e4 alkuper\u00e4isess\u00e4 balilaisessa paviljongissa, joka korostaa t\u00e4ydellisesti t\u00e4m\u00e4n paikan koko eksoottista tunnelmaa.<\/p>\n\n\n\n<figure data-wp-context=\"{&quot;imageId&quot;:&quot;6a9c5520552e2&quot;}\" data-wp-interactive=\"core\/image\" data-wp-key=\"6a9c5520552e2\" class=\"wp-block-image size-full wp-lightbox-container\"><img decoding=\"async\" width=\"1800\" height=\"1429\" data-wp-class--hide=\"state.isContentHidden\" data-wp-class--show=\"state.isContentVisible\" data-wp-init=\"callbacks.setButtonStyles\" data-wp-on--click=\"actions.showLightbox\" data-wp-on--load=\"callbacks.setButtonStyles\" data-wp-on--pointerdown=\"actions.preloadImage\" data-wp-on--pointerenter=\"actions.preloadImageWithDelay\" data-wp-on--pointerleave=\"actions.cancelPreload\" data-wp-on-window--resize=\"callbacks.setButtonStyles\" src=\"https:\/\/loudavymkrokem.cz\/wp-content\/uploads\/2026\/09\/nemecko-clanky-termaly-nemecko-36-6c0708ca-1.jpg\" alt=\"Carolus Thermen (Aachen): saunaosa\" class=\"wp-image-415342\" title=\"\" srcset=\"https:\/\/loudavymkrokem.cz\/wp-content\/uploads\/2026\/09\/nemecko-clanky-termaly-nemecko-36-6c0708ca-1.jpg 1800w, https:\/\/loudavymkrokem.cz\/wp-content\/uploads\/2026\/09\/nemecko-clanky-termaly-nemecko-36-6c0708ca-1-300x238.jpg 300w, https:\/\/loudavymkrokem.cz\/wp-content\/uploads\/2026\/09\/nemecko-clanky-termaly-nemecko-36-6c0708ca-1-700x556.jpg 700w, https:\/\/loudavymkrokem.cz\/wp-content\/uploads\/2026\/09\/nemecko-clanky-termaly-nemecko-36-6c0708ca-1-768x610.jpg 768w, https:\/\/loudavymkrokem.cz\/wp-content\/uploads\/2026\/09\/nemecko-clanky-termaly-nemecko-36-6c0708ca-1-1536x1219.jpg 1536w, https:\/\/loudavymkrokem.cz\/wp-content\/uploads\/2026\/09\/nemecko-clanky-termaly-nemecko-36-6c0708ca-1-696x553.jpg 696w, https:\/\/loudavymkrokem.cz\/wp-content\/uploads\/2026\/09\/nemecko-clanky-termaly-nemecko-36-6c0708ca-1-1392x1105.jpg 1392w\" sizes=\"(max-width: 1800px) 100vw, 1800px\" \/><button\n\t\t\tclass=\"lightbox-trigger\"\n\t\t\ttype=\"button\"\n\t\t\taria-haspopup=\"dialog\"\n\t\t\tdata-wp-bind--aria-label=\"state.thisImage.triggerButtonAriaLabel\"\n\t\t\tdata-wp-init=\"callbacks.initTriggerButton\"\n\t\t\tdata-wp-on--click=\"actions.showLightbox\"\n\t\t\tdata-wp-style--right=\"state.thisImage.buttonRight\"\n\t\t\tdata-wp-style--top=\"state.thisImage.buttonTop\"\n\t\t>\n\t\t\t<svg xmlns=\"http:\/\/www.w3.org\/2000\/svg\" width=\"12\" height=\"12\" fill=\"none\" viewBox=\"0 0 12 12\">\n\t\t\t\t<path fill=\"#fff\" d=\"M2 0a2 2 0 0 0-2 2v2h1.5V2a.5.5 0 0 1 .5-.5h2V0H2Zm2 10.5H2a.5.5 0 0 1-.5-.5V8H0v2a2 2 0 0 0 2 2h2v-1.5ZM8 12v-1.5h2a.5.5 0 0 0 .5-.5V8H12v2a2 2 0 0 1-2 2H8Zm2-12a2 2 0 0 1 2 2v2h-1.5V2a.5.5 0 0 0-.5-.5H8V0h2Z\" \/>\n\t\t\t<\/svg>\n\t\t<\/button><\/figure>\n\n\n\n<h3 class=\"wp-block-heading\"><span class=\"ez-toc-section\" id=\"29_Carolus_Thermen_Aachen\"><\/span>29. Carolus Thermen (Aachen)<span class=\"ez-toc-section-end\"><\/span><\/h3>\n\n\n\n<p class=\"wp-block-paragraph\">T\u00e4m\u00e4 paikka jatkaa uskomattoman pitk\u00e4\u00e4 perinnett\u00e4, sill\u00e4 Aachenin kaupunki toimi roomalaisena kylpyl\u00e4n\u00e4 Aquae Granni <strong>jo vuodesta 85 jaa.<\/strong> T\u00e4k\u00e4l\u00e4isen arkkitehtonisen helmen suunnitteli m\u00fcnchenilainen arkkitehti Rudolf Wienands ja alue <strong>avattiin juhlallisesti kolmen vuoden rakentamisen j\u00e4lkeen 9. helmikuuta 2001<\/strong>. N\u00e4in se sujuvasti korvasi vanhemmat kaupungin sis\u00e4iset toimipisteet, jotka p\u00e4\u00e4ttyiv\u00e4t vuosituhannen vaihteessa.<\/p>\n\n\n\n<p class=\"wp-block-paragraph\">Alueen toiminnasta huolehtii kaupungin kylpyl\u00e4yhti\u00f6, joka on toiminut jo vuodesta 1932 ja joka samalla hallinnoi <strong>valtion tunnustamaa Aachenin hoitokylpyl\u00e4\u00e4<\/strong>. Kokeilemisen arvoinen on t\u00e4\u00e4ll\u00e4 ennen kaikkea suosittu h\u00f6yrykylpy Strokkur, joka esiteltiin vieraille eritt\u00e4in kalliin uudistuksen j\u00e4lkeen tammikuussa 2012.<\/p>\n\n\n\n<p class=\"wp-block-paragraph\">Vuoden 2026 hinnaston mukaan varaudu k\u00e4yt\u00e4nn\u00f6lliseen <strong>6 euron parkkimaksuun<\/strong>. T\u00e4ll\u00e4 summalla voit j\u00e4tt\u00e4\u00e4 auton parkkitaloon koko vierailusi ajaksi ja kylpyl\u00f6ihin p\u00e4\u00e4set mukavasti kuivin jaloin. Alue sopii pikemminkin rauhalliseen l\u00e4mmittelyyn ilman suuria vesiattraktioita. <strong>\ud83d\udca1 Vinkki:<\/strong> Parkkimaksu kannattaa my\u00f6s silloin, kun haluat kylpemisen j\u00e4lkeen k\u00e4yd\u00e4 Aachenin keskustassa, sill\u00e4 autohalli on katedraalista muutaman minuutin k\u00e4velymatkan p\u00e4\u00e4ss\u00e4.<\/p>\n\n\n\n<figure data-wp-context=\"{&quot;imageId&quot;:&quot;6a9c55205616c&quot;}\" data-wp-interactive=\"core\/image\" data-wp-key=\"6a9c55205616c\" class=\"wp-block-image size-full wp-lightbox-container\"><img decoding=\"async\" width=\"1800\" height=\"964\" data-wp-class--hide=\"state.isContentHidden\" data-wp-class--show=\"state.isContentVisible\" data-wp-init=\"callbacks.setButtonStyles\" data-wp-on--click=\"actions.showLightbox\" data-wp-on--load=\"callbacks.setButtonStyles\" data-wp-on--pointerdown=\"actions.preloadImage\" data-wp-on--pointerenter=\"actions.preloadImageWithDelay\" data-wp-on--pointerleave=\"actions.cancelPreload\" data-wp-on-window--resize=\"callbacks.setButtonStyles\" src=\"https:\/\/loudavymkrokem.cz\/wp-content\/uploads\/2026\/09\/nemecko-clanky-termaly-nemecko-37-63e6c760-1.jpg\" alt=\"Mediterana (Bergisch Gladbach)\" class=\"wp-image-415345\" title=\"\" srcset=\"https:\/\/loudavymkrokem.cz\/wp-content\/uploads\/2026\/09\/nemecko-clanky-termaly-nemecko-37-63e6c760-1.jpg 1800w, https:\/\/loudavymkrokem.cz\/wp-content\/uploads\/2026\/09\/nemecko-clanky-termaly-nemecko-37-63e6c760-1-300x161.jpg 300w, https:\/\/loudavymkrokem.cz\/wp-content\/uploads\/2026\/09\/nemecko-clanky-termaly-nemecko-37-63e6c760-1-700x375.jpg 700w, https:\/\/loudavymkrokem.cz\/wp-content\/uploads\/2026\/09\/nemecko-clanky-termaly-nemecko-37-63e6c760-1-768x411.jpg 768w, https:\/\/loudavymkrokem.cz\/wp-content\/uploads\/2026\/09\/nemecko-clanky-termaly-nemecko-37-63e6c760-1-1536x823.jpg 1536w, https:\/\/loudavymkrokem.cz\/wp-content\/uploads\/2026\/09\/nemecko-clanky-termaly-nemecko-37-63e6c760-1-696x373.jpg 696w, https:\/\/loudavymkrokem.cz\/wp-content\/uploads\/2026\/09\/nemecko-clanky-termaly-nemecko-37-63e6c760-1-1392x745.jpg 1392w\" sizes=\"(max-width: 1800px) 100vw, 1800px\" \/><button\n\t\t\tclass=\"lightbox-trigger\"\n\t\t\ttype=\"button\"\n\t\t\taria-haspopup=\"dialog\"\n\t\t\tdata-wp-bind--aria-label=\"state.thisImage.triggerButtonAriaLabel\"\n\t\t\tdata-wp-init=\"callbacks.initTriggerButton\"\n\t\t\tdata-wp-on--click=\"actions.showLightbox\"\n\t\t\tdata-wp-style--right=\"state.thisImage.buttonRight\"\n\t\t\tdata-wp-style--top=\"state.thisImage.buttonTop\"\n\t\t>\n\t\t\t<svg xmlns=\"http:\/\/www.w3.org\/2000\/svg\" width=\"12\" height=\"12\" fill=\"none\" viewBox=\"0 0 12 12\">\n\t\t\t\t<path fill=\"#fff\" d=\"M2 0a2 2 0 0 0-2 2v2h1.5V2a.5.5 0 0 1 .5-.5h2V0H2Zm2 10.5H2a.5.5 0 0 1-.5-.5V8H0v2a2 2 0 0 0 2 2h2v-1.5ZM8 12v-1.5h2a.5.5 0 0 0 .5-.5V8H12v2a2 2 0 0 1-2 2H8Zm2-12a2 2 0 0 1 2 2v2h-1.5V2a.5.5 0 0 0-.5-.5H8V0h2Z\" \/>\n\t\t\t<\/svg>\n\t\t<\/button><\/figure>\n\n\n\n<h3 class=\"wp-block-heading\"><span class=\"ez-toc-section\" id=\"30_Mediterana_Bergisch_Gladbach\"><\/span>30. Mediterana (Bergisch Gladbach)<span class=\"ez-toc-section-end\"><\/span><\/h3>\n\n\n\n<p class=\"wp-block-paragraph\">Jos etsit valtavaa valikoimaa rentoutumismahdollisuuksia, olet t\u00e4\u00e4ll\u00e4 innoissasi, sill\u00e4 kokonaisuus tarjoaa <strong>per\u00e4ti 13 erilaista maailmaa<\/strong>, joista jokaisella on oma erityinen luonteensa. Alue sijaitsee Bergisch Gladbachissa ja l\u00e4mmit\u00e4t itsesi t\u00e4\u00e4ll\u00e4 <strong>12 monipuolisessa saunassa ja yhdess\u00e4 h\u00f6yrykylvyss\u00e4<\/strong>. Kaikkea t\u00e4t\u00e4 t\u00e4ydent\u00e4\u00e4 kaunis ymp\u00e4rist\u00f6, joka on saanut inspiraationsa etel\u00e4isten maiden arkkitehtuurista.<\/p>\n\n\n\n<p class=\"wp-block-paragraph\">Veden yst\u00e4vill\u00e4 on k\u00e4yt\u00f6ss\u00e4 yhteens\u00e4 <strong>7 allasta ja vesis\u00e4ili\u00f6t\u00e4<\/strong>, jotka suorastaan kutsuvat pitk\u00e4\u00e4n uintiin, rauhalliseen uppoutumiseen tai terveelliseen Kneipp-hoitoon. T\u00e4k\u00e4l\u00e4iset tilat ovat valtavat, joten jokainen l\u00f6yt\u00e4\u00e4 t\u00e4\u00e4lt\u00e4 helposti oman suosikkinurkkauksensa h\u00e4iri\u00f6tt\u00f6m\u00e4\u00e4n lepoon raskaan ty\u00f6viikon j\u00e4lkeen.<\/p>\n\n\n\n<p class=\"wp-block-paragraph\">Vuoden 2026 hinnaston mukaan koko p\u00e4iv\u00e4n lippu maanantaista torstaihin maksaa <strong>eritt\u00e4in mukavat 19,50 euroa<\/strong>. Jos l\u00e4hdet vain kahdeksi tunniksi, maksat 16,50 euroa arkisin ja 19,50 euroa perjantaista sunnuntaihin. Jokaisesta alkavasta lis\u00e4tunnista maksat sitten lis\u00e4\u00e4 1,50 euroa. <strong>\ud83d\udca1 Vinkki:<\/strong> Oletko aamuvirkku? Hy\u00f6dynn\u00e4 erityist\u00e4 aamu-uimareiden tariffia, jolloin kahden tunnin sis\u00e4\u00e4np\u00e4\u00e4sy klo 8\u201310 maksaa vain 14 euroa.<\/p>\n\n\n\n<figure data-wp-context=\"{&quot;imageId&quot;:&quot;6a9c552056892&quot;}\" data-wp-interactive=\"core\/image\" data-wp-key=\"6a9c552056892\" class=\"wp-block-image size-full wp-lightbox-container\"><img decoding=\"async\" width=\"1800\" height=\"900\" data-wp-class--hide=\"state.isContentHidden\" data-wp-class--show=\"state.isContentVisible\" data-wp-init=\"callbacks.setButtonStyles\" data-wp-on--click=\"actions.showLightbox\" data-wp-on--load=\"callbacks.setButtonStyles\" data-wp-on--pointerdown=\"actions.preloadImage\" data-wp-on--pointerenter=\"actions.preloadImageWithDelay\" data-wp-on--pointerleave=\"actions.cancelPreload\" data-wp-on-window--resize=\"callbacks.setButtonStyles\" src=\"https:\/\/loudavymkrokem.cz\/wp-content\/uploads\/2026\/09\/nemecko-clanky-termaly-nemecko-38-d726c943-1.jpg\" alt=\"Vitasol Therme (Bad Salzuflen)\" class=\"wp-image-415347\" title=\"\" srcset=\"https:\/\/loudavymkrokem.cz\/wp-content\/uploads\/2026\/09\/nemecko-clanky-termaly-nemecko-38-d726c943-1.jpg 1800w, https:\/\/loudavymkrokem.cz\/wp-content\/uploads\/2026\/09\/nemecko-clanky-termaly-nemecko-38-d726c943-1-300x150.jpg 300w, https:\/\/loudavymkrokem.cz\/wp-content\/uploads\/2026\/09\/nemecko-clanky-termaly-nemecko-38-d726c943-1-700x350.jpg 700w, https:\/\/loudavymkrokem.cz\/wp-content\/uploads\/2026\/09\/nemecko-clanky-termaly-nemecko-38-d726c943-1-768x384.jpg 768w, https:\/\/loudavymkrokem.cz\/wp-content\/uploads\/2026\/09\/nemecko-clanky-termaly-nemecko-38-d726c943-1-1536x768.jpg 1536w, https:\/\/loudavymkrokem.cz\/wp-content\/uploads\/2026\/09\/nemecko-clanky-termaly-nemecko-38-d726c943-1-696x348.jpg 696w, https:\/\/loudavymkrokem.cz\/wp-content\/uploads\/2026\/09\/nemecko-clanky-termaly-nemecko-38-d726c943-1-1392x696.jpg 1392w\" sizes=\"(max-width: 1800px) 100vw, 1800px\" \/><button\n\t\t\tclass=\"lightbox-trigger\"\n\t\t\ttype=\"button\"\n\t\t\taria-haspopup=\"dialog\"\n\t\t\tdata-wp-bind--aria-label=\"state.thisImage.triggerButtonAriaLabel\"\n\t\t\tdata-wp-init=\"callbacks.initTriggerButton\"\n\t\t\tdata-wp-on--click=\"actions.showLightbox\"\n\t\t\tdata-wp-style--right=\"state.thisImage.buttonRight\"\n\t\t\tdata-wp-style--top=\"state.thisImage.buttonTop\"\n\t\t>\n\t\t\t<svg xmlns=\"http:\/\/www.w3.org\/2000\/svg\" width=\"12\" height=\"12\" fill=\"none\" viewBox=\"0 0 12 12\">\n\t\t\t\t<path fill=\"#fff\" d=\"M2 0a2 2 0 0 0-2 2v2h1.5V2a.5.5 0 0 1 .5-.5h2V0H2Zm2 10.5H2a.5.5 0 0 1-.5-.5V8H0v2a2 2 0 0 0 2 2h2v-1.5ZM8 12v-1.5h2a.5.5 0 0 0 .5-.5V8H12v2a2 2 0 0 1-2 2H8Zm2-12a2 2 0 0 1 2 2v2h-1.5V2a.5.5 0 0 0-.5-.5H8V0h2Z\" \/>\n\t\t\t<\/svg>\n\t\t<\/button><\/figure>\n\n\n\n<h3 class=\"wp-block-heading\"><span class=\"ez-toc-section\" id=\"31_Vitasol_Therme_Bad_Salzuflen\"><\/span>31. Vitasol Therme (Bad Salzuflen)<span class=\"ez-toc-section-end\"><\/span><\/h3>\n\n\n\n<p class=\"wp-block-paragraph\">T\u00e4ss\u00e4 kylpyl\u00e4kaupungissa sinua odottaa kunnioitettava kokonaisuus, joka levitt\u00e4ytyy <strong>yli 6 000 m\u00b2:n alalle<\/strong>, jolloin itse vesipinta vie kauniit 1 700 m\u00b2. T\u00e4k\u00e4l\u00e4inen termaalinen suolal\u00e4hde, jonka l\u00e4mp\u00f6tila on 37,5 \u00b0C, purskahtaa pinnalle <strong>90 000 litran tuntinopeudella<\/strong>. T\u00e4m\u00e4n parantavan veden alkuper\u00e4inen suolapitoisuus oli aikoinaan 12 %.<\/p>\n\n\n\n<p class=\"wp-block-paragraph\">Matka t\u00e4h\u00e4n rikkauteen ei kuitenkaan ollut lainkaan yksinkertainen. Ensimm\u00e4iset yritykset poraukseen tehtiin jo vuonna 1919, mutta ne ep\u00e4onnistuivat 375 metriss\u00e4. Vasta vuonna 1967 amerikkalaisilla erikoisporilla onnistuttiin <strong>p\u00e4\u00e4sem\u00e4\u00e4n 1 018 metrin syvyyteen<\/strong>. Itse toiminta on py\u00f6rinyt sitten vuodesta 1969 ja vuodesta 1998 l\u00e4htien tunnemme sen nykyisell\u00e4 nimell\u00e4.<\/p>\n\n\n\n<p class=\"wp-block-paragraph\">Alue on loistava valinta kaikille uinnin ja parantavan suolaveden yst\u00e4ville. Yll\u00e4pit\u00e4j\u00e4t ajattelevat my\u00f6s tulevaisuutta, sill\u00e4 kes\u00e4st\u00e4 2025 l\u00e4htien t\u00e4nne <strong>rakennetaan uutta nelj\u00e4n t\u00e4hden hotellia<\/strong>, jossa on sata huonetta ja kaksisataa vuodepaikkaa. Sen valmistuminen on suunniteltu vuodelle 2027. <strong>\ud83d\udca1 Vinkki:<\/strong> Ennen kuin kylpyl\u00e4hotelli rakennetaan, t\u00e4hyile majoitusta l\u00e4heisest\u00e4 kaupungin keskustasta, josta sinulla on kylpyl\u00f6ihin vain pieni k\u00e4velymatka.<\/p>\n\n\n\n<figure data-wp-context=\"{&quot;imageId&quot;:&quot;6a9c552056ef0&quot;}\" data-wp-interactive=\"core\/image\" data-wp-key=\"6a9c552056ef0\" class=\"wp-block-image size-full wp-lightbox-container\"><img decoding=\"async\" width=\"1800\" height=\"1350\" data-wp-class--hide=\"state.isContentHidden\" data-wp-class--show=\"state.isContentVisible\" data-wp-init=\"callbacks.setButtonStyles\" data-wp-on--click=\"actions.showLightbox\" data-wp-on--load=\"callbacks.setButtonStyles\" data-wp-on--pointerdown=\"actions.preloadImage\" data-wp-on--pointerenter=\"actions.preloadImageWithDelay\" data-wp-on--pointerleave=\"actions.cancelPreload\" data-wp-on-window--resize=\"callbacks.setButtonStyles\" src=\"https:\/\/loudavymkrokem.cz\/wp-content\/uploads\/2026\/09\/nemecko-clanky-termaly-nemecko-39-605251b4-1.jpg\" alt=\"Mauritius Hotel &#038; Therme K\u00f6ln (K\u00f6ln)\" class=\"wp-image-415351\" title=\"\" srcset=\"https:\/\/loudavymkrokem.cz\/wp-content\/uploads\/2026\/09\/nemecko-clanky-termaly-nemecko-39-605251b4-1.jpg 1800w, https:\/\/loudavymkrokem.cz\/wp-content\/uploads\/2026\/09\/nemecko-clanky-termaly-nemecko-39-605251b4-1-300x225.jpg 300w, https:\/\/loudavymkrokem.cz\/wp-content\/uploads\/2026\/09\/nemecko-clanky-termaly-nemecko-39-605251b4-1-700x525.jpg 700w, https:\/\/loudavymkrokem.cz\/wp-content\/uploads\/2026\/09\/nemecko-clanky-termaly-nemecko-39-605251b4-1-768x576.jpg 768w, https:\/\/loudavymkrokem.cz\/wp-content\/uploads\/2026\/09\/nemecko-clanky-termaly-nemecko-39-605251b4-1-1536x1152.jpg 1536w, https:\/\/loudavymkrokem.cz\/wp-content\/uploads\/2026\/09\/nemecko-clanky-termaly-nemecko-39-605251b4-1-80x60.jpg 80w, https:\/\/loudavymkrokem.cz\/wp-content\/uploads\/2026\/09\/nemecko-clanky-termaly-nemecko-39-605251b4-1-160x120.jpg 160w, https:\/\/loudavymkrokem.cz\/wp-content\/uploads\/2026\/09\/nemecko-clanky-termaly-nemecko-39-605251b4-1-696x522.jpg 696w, https:\/\/loudavymkrokem.cz\/wp-content\/uploads\/2026\/09\/nemecko-clanky-termaly-nemecko-39-605251b4-1-1392x1044.jpg 1392w\" sizes=\"(max-width: 1800px) 100vw, 1800px\" \/><button\n\t\t\tclass=\"lightbox-trigger\"\n\t\t\ttype=\"button\"\n\t\t\taria-haspopup=\"dialog\"\n\t\t\tdata-wp-bind--aria-label=\"state.thisImage.triggerButtonAriaLabel\"\n\t\t\tdata-wp-init=\"callbacks.initTriggerButton\"\n\t\t\tdata-wp-on--click=\"actions.showLightbox\"\n\t\t\tdata-wp-style--right=\"state.thisImage.buttonRight\"\n\t\t\tdata-wp-style--top=\"state.thisImage.buttonTop\"\n\t\t>\n\t\t\t<svg xmlns=\"http:\/\/www.w3.org\/2000\/svg\" width=\"12\" height=\"12\" fill=\"none\" viewBox=\"0 0 12 12\">\n\t\t\t\t<path fill=\"#fff\" d=\"M2 0a2 2 0 0 0-2 2v2h1.5V2a.5.5 0 0 1 .5-.5h2V0H2Zm2 10.5H2a.5.5 0 0 1-.5-.5V8H0v2a2 2 0 0 0 2 2h2v-1.5ZM8 12v-1.5h2a.5.5 0 0 0 .5-.5V8H12v2a2 2 0 0 1-2 2H8Zm2-12a2 2 0 0 1 2 2v2h-1.5V2a.5.5 0 0 0-.5-.5H8V0h2Z\" \/>\n\t\t\t<\/svg>\n\t\t<\/button><figcaption class=\"wp-element-caption\">Kuva: Duhon \/ Wikimedia Commons, CC BY 3.0<\/figcaption><\/figure>\n\n\n\n<h3 class=\"wp-block-heading\"><span class=\"ez-toc-section\" id=\"32_Mauritius_Hotel_Therme_Koln_Koln\"><\/span>32. Mauritius Hotel &#038; Therme K\u00f6ln (K\u00f6ln)<span class=\"ez-toc-section-end\"><\/span><\/h3>\n\n\n\n<p class=\"wp-block-paragraph\">T\u00e4ss\u00e4 tapauksessa kyseess\u00e4 ei ole klassinen julkinen uimala, vaan <strong>ylellinen nelj\u00e4n t\u00e4hden hotelli valtavine wellness-keskuksineen<\/strong>. L\u00f6yd\u00e4t sen k\u00e4tkettyn\u00e4 K\u00f6lnin keskustan rauhalliseen nurkkaukseen, aivan historiallisen Pyh\u00e4n Mauritiuksen kirkon vierest\u00e4. Paikka on kuin luotu pareille, jotka haluavat yhdist\u00e4\u00e4 suurkaupungin tutkimisen iltarentoutumiseen.<\/p>\n\n\n\n<p class=\"wp-block-paragraph\">Itse termaali- ja lepo-osa levitt\u00e4ytyy <strong>runsaalle 3 500 m\u00b2:n alalle<\/strong>. Sinulla on paljon valinnanvaraa, sill\u00e4 t\u00e4\u00e4ll\u00e4 on 7 erilaista saunaa, 1 h\u00f6yrykylpy ja per\u00e4ti 2 porealtaan. Alueen erikoisuus on sitten ulkona oleva <strong>allas rikastettuna Kuolleenmeren suolalla<\/strong>. Muista, ett\u00e4 saunamaailmaan menn\u00e4\u00e4n tiukasti ilman uima-asua. K\u00e4yt\u00f6ss\u00e4 on my\u00f6s kuntokeskus ja runsas valikoima hierontoja.<\/p>\n\n\n\n<p class=\"wp-block-paragraph\">Jos majoitut t\u00e4\u00e4ll\u00e4, vuoden 2026 hinnaston mukaan hotellivieraat maksavat p\u00e4\u00e4syst\u00e4 wellness-alueelle <strong>10 euron lis\u00e4maksun henkil\u00f6lt\u00e4 p\u00e4iv\u00e4ss\u00e4<\/strong>. T\u00e4t\u00e4 edullista hintaa voit lis\u00e4ksi hy\u00f6dynt\u00e4\u00e4 my\u00f6s l\u00e4ht\u00f6p\u00e4iv\u00e4n\u00e4si. <strong>\ud83d\udca1 Vinkki:<\/strong> Koko p\u00e4iv\u00e4n kest\u00e4neen K\u00f6lnin n\u00e4ht\u00e4vyyksien kiertelyn j\u00e4lkeen jalkasi arvostavat varmasti pitk\u00e4\u00e4 kylpy\u00e4 parantavassa suolavedess\u00e4, joten \u00e4l\u00e4 miss\u00e4\u00e4n tapauksessa j\u00e4t\u00e4 sit\u00e4 v\u00e4liin.<\/p>\n\n\n\n<figure data-wp-context=\"{&quot;imageId&quot;:&quot;6a9c552057579&quot;}\" data-wp-interactive=\"core\/image\" data-wp-key=\"6a9c552057579\" class=\"wp-block-image size-full wp-lightbox-container\"><img decoding=\"async\" width=\"1800\" height=\"1200\" data-wp-class--hide=\"state.isContentHidden\" data-wp-class--show=\"state.isContentVisible\" data-wp-init=\"callbacks.setButtonStyles\" data-wp-on--click=\"actions.showLightbox\" data-wp-on--load=\"callbacks.setButtonStyles\" data-wp-on--pointerdown=\"actions.preloadImage\" data-wp-on--pointerenter=\"actions.preloadImageWithDelay\" data-wp-on--pointerleave=\"actions.cancelPreload\" data-wp-on-window--resize=\"callbacks.setButtonStyles\" src=\"https:\/\/loudavymkrokem.cz\/wp-content\/uploads\/2026\/09\/nemecko-clanky-termaly-nemecko-40-b4685b4f-1.jpg\" alt=\"Claudius Therme (K\u00f6ln)\" class=\"wp-image-415353\" title=\"\" srcset=\"https:\/\/loudavymkrokem.cz\/wp-content\/uploads\/2026\/09\/nemecko-clanky-termaly-nemecko-40-b4685b4f-1.jpg 1800w, https:\/\/loudavymkrokem.cz\/wp-content\/uploads\/2026\/09\/nemecko-clanky-termaly-nemecko-40-b4685b4f-1-300x200.jpg 300w, https:\/\/loudavymkrokem.cz\/wp-content\/uploads\/2026\/09\/nemecko-clanky-termaly-nemecko-40-b4685b4f-1-700x467.jpg 700w, https:\/\/loudavymkrokem.cz\/wp-content\/uploads\/2026\/09\/nemecko-clanky-termaly-nemecko-40-b4685b4f-1-768x512.jpg 768w, https:\/\/loudavymkrokem.cz\/wp-content\/uploads\/2026\/09\/nemecko-clanky-termaly-nemecko-40-b4685b4f-1-1536x1024.jpg 1536w, https:\/\/loudavymkrokem.cz\/wp-content\/uploads\/2026\/09\/nemecko-clanky-termaly-nemecko-40-b4685b4f-1-696x464.jpg 696w, https:\/\/loudavymkrokem.cz\/wp-content\/uploads\/2026\/09\/nemecko-clanky-termaly-nemecko-40-b4685b4f-1-1392x928.jpg 1392w\" sizes=\"(max-width: 1800px) 100vw, 1800px\" \/><button\n\t\t\tclass=\"lightbox-trigger\"\n\t\t\ttype=\"button\"\n\t\t\taria-haspopup=\"dialog\"\n\t\t\tdata-wp-bind--aria-label=\"state.thisImage.triggerButtonAriaLabel\"\n\t\t\tdata-wp-init=\"callbacks.initTriggerButton\"\n\t\t\tdata-wp-on--click=\"actions.showLightbox\"\n\t\t\tdata-wp-style--right=\"state.thisImage.buttonRight\"\n\t\t\tdata-wp-style--top=\"state.thisImage.buttonTop\"\n\t\t>\n\t\t\t<svg xmlns=\"http:\/\/www.w3.org\/2000\/svg\" width=\"12\" height=\"12\" fill=\"none\" viewBox=\"0 0 12 12\">\n\t\t\t\t<path fill=\"#fff\" d=\"M2 0a2 2 0 0 0-2 2v2h1.5V2a.5.5 0 0 1 .5-.5h2V0H2Zm2 10.5H2a.5.5 0 0 1-.5-.5V8H0v2a2 2 0 0 0 2 2h2v-1.5ZM8 12v-1.5h2a.5.5 0 0 0 .5-.5V8H12v2a2 2 0 0 1-2 2H8Zm2-12a2 2 0 0 1 2 2v2h-1.5V2a.5.5 0 0 0-.5-.5H8V0h2Z\" \/>\n\t\t\t<\/svg>\n\t\t<\/button><figcaption class=\"wp-element-caption\">Kuva: Maksym Kozlenko \/ Wikimedia Commons, CC BY-SA 4.0<\/figcaption><\/figure>\n\n\n\n<h3 class=\"wp-block-heading\"><span class=\"ez-toc-section\" id=\"33_Claudius_Therme_Koln\"><\/span>33. Claudius Therme (K\u00f6ln)<span class=\"ez-toc-section-end\"><\/span><\/h3>\n\n\n\n<p class=\"wp-block-paragraph\">Etsitk\u00f6 kylpemist\u00e4 kaikkein parhaimmalla osoitteella? T\u00e4m\u00e4 alue sijaitsee suoraan K\u00f6lnin Rheinparkissa Reinjoen oikealla rannalla ja tarjoaa <strong>fantastisen n\u00e4k\u00f6alan kuuluisaan K\u00f6lnin katedraaliin<\/strong>. T\u00e4k\u00e4l\u00e4isi\u00e4 altaita huoltaa eritt\u00e4in laadukas, valtion tunnustama luonnollinen termaalinen mineraalil\u00e4hde, joka takaa t\u00e4ydellisen rentoutumisen keholle ja mielelle.<\/p>\n\n\n\n<p class=\"wp-block-paragraph\">Vieraita odottaa t\u00e4\u00e4ll\u00e4 valtava vesimaailma, joka koostuu <strong>yhteens\u00e4 12 erilaisesta altaasta<\/strong>. Jos suosit kunnon l\u00e4mp\u00f6\u00e4, sinua ilahduttaa varmasti 8 saunan ja 3 h\u00f6yrykylvyn valikoima. Vuoden 2026 hinnaston mukaan maksat kahdesta tunnista kylpemist\u00e4 19,50\u201322,50 euroa. Saunan kanssa vaihtoehto maksaa 27,50\u201330,50 euroa ja <strong>koko p\u00e4iv\u00e4n sis\u00e4\u00e4np\u00e4\u00e4sy maksaa 36,50\u201347,50 euroa<\/strong>.<\/p>\n\n\n\n<p class=\"wp-block-paragraph\">Paikka ajattelee my\u00f6s autoilijoita, joten koko p\u00e4iv\u00e4n maksu <strong>parkkeerauksesta maksaa mukavat 3 euroa<\/strong>. Mit\u00e4 ik\u00e4rajoituksiin tulee, sis\u00e4\u00e4np\u00e4\u00e4sy on sallittu vain yli 6-vuotiaille lapsille. Alle 16-vuotiaat nuoret voivat sitten vierailla alueella vain aikuisen seurassa. <strong>\ud83d\udca1 Vinkki:<\/strong> Yrit\u00e4 ajoittaa vierailu my\u00f6h\u00e4iseen iltap\u00e4iv\u00e4\u00e4n, sill\u00e4 n\u00e4kym\u00e4 valaistuun katedraaliin ulkotermaalialtaasta on unohtumaton.<\/p>\n\n\n\n<figure data-wp-context=\"{&quot;imageId&quot;:&quot;6a9c552057b22&quot;}\" data-wp-interactive=\"core\/image\" data-wp-key=\"6a9c552057b22\" class=\"wp-block-image size-full wp-lightbox-container\"><img decoding=\"async\" width=\"1800\" height=\"1200\" data-wp-class--hide=\"state.isContentHidden\" data-wp-class--show=\"state.isContentVisible\" data-wp-init=\"callbacks.setButtonStyles\" data-wp-on--click=\"actions.showLightbox\" data-wp-on--load=\"callbacks.setButtonStyles\" data-wp-on--pointerdown=\"actions.preloadImage\" data-wp-on--pointerenter=\"actions.preloadImageWithDelay\" data-wp-on--pointerleave=\"actions.cancelPreload\" data-wp-on-window--resize=\"callbacks.setButtonStyles\" src=\"https:\/\/loudavymkrokem.cz\/wp-content\/uploads\/2026\/09\/nemecko-clanky-termaly-nemecko-41-eecaebfa-1.jpg\" alt=\"Taunus-Therme Bad Homburgissa\" class=\"wp-image-415356\" title=\"\" srcset=\"https:\/\/loudavymkrokem.cz\/wp-content\/uploads\/2026\/09\/nemecko-clanky-termaly-nemecko-41-eecaebfa-1.jpg 1800w, https:\/\/loudavymkrokem.cz\/wp-content\/uploads\/2026\/09\/nemecko-clanky-termaly-nemecko-41-eecaebfa-1-300x200.jpg 300w, https:\/\/loudavymkrokem.cz\/wp-content\/uploads\/2026\/09\/nemecko-clanky-termaly-nemecko-41-eecaebfa-1-700x467.jpg 700w, https:\/\/loudavymkrokem.cz\/wp-content\/uploads\/2026\/09\/nemecko-clanky-termaly-nemecko-41-eecaebfa-1-768x512.jpg 768w, https:\/\/loudavymkrokem.cz\/wp-content\/uploads\/2026\/09\/nemecko-clanky-termaly-nemecko-41-eecaebfa-1-1536x1024.jpg 1536w, https:\/\/loudavymkrokem.cz\/wp-content\/uploads\/2026\/09\/nemecko-clanky-termaly-nemecko-41-eecaebfa-1-696x464.jpg 696w, https:\/\/loudavymkrokem.cz\/wp-content\/uploads\/2026\/09\/nemecko-clanky-termaly-nemecko-41-eecaebfa-1-1392x928.jpg 1392w\" sizes=\"(max-width: 1800px) 100vw, 1800px\" \/><button\n\t\t\tclass=\"lightbox-trigger\"\n\t\t\ttype=\"button\"\n\t\t\taria-haspopup=\"dialog\"\n\t\t\tdata-wp-bind--aria-label=\"state.thisImage.triggerButtonAriaLabel\"\n\t\t\tdata-wp-init=\"callbacks.initTriggerButton\"\n\t\t\tdata-wp-on--click=\"actions.showLightbox\"\n\t\t\tdata-wp-style--right=\"state.thisImage.buttonRight\"\n\t\t\tdata-wp-style--top=\"state.thisImage.buttonTop\"\n\t\t>\n\t\t\t<svg xmlns=\"http:\/\/www.w3.org\/2000\/svg\" width=\"12\" height=\"12\" fill=\"none\" viewBox=\"0 0 12 12\">\n\t\t\t\t<path fill=\"#fff\" d=\"M2 0a2 2 0 0 0-2 2v2h1.5V2a.5.5 0 0 1 .5-.5h2V0H2Zm2 10.5H2a.5.5 0 0 1-.5-.5V8H0v2a2 2 0 0 0 2 2h2v-1.5ZM8 12v-1.5h2a.5.5 0 0 0 .5-.5V8H12v2a2 2 0 0 1-2 2H8Zm2-12a2 2 0 0 1 2 2v2h-1.5V2a.5.5 0 0 0-.5-.5H8V0h2Z\" \/>\n\t\t\t<\/svg>\n\t\t<\/button><\/figure>\n\n\n\n<h2 class=\"wp-block-heading\"><span class=\"ez-toc-section\" id=\"Kylpylat_Hessenissa\"><\/span>Kylpyl\u00e4t Hesseniss\u00e4<span class=\"ez-toc-section-end\"><\/span><\/h2>\n\n\n\n<p class=\"wp-block-paragraph\">Jos etsit paikkaa, jossa yhdistyv\u00e4t syv\u00e4 historia ja todellinen lepo, Hessenin osavaltio hurmaa sinut varmasti. T\u00e4\u00e4lt\u00e4 l\u00f6yd\u00e4t kuuluisia kylpyl\u00e4kaupunkeja kuten Wiesbaden tai Bad Homburg, jotka ylpeilev\u00e4t rikkaalla perinteell\u00e4 ja joillakin <strong>l\u00e4mpimimmist\u00e4 l\u00e4hteist\u00e4 koko Saksassa<\/strong>. Se on ihanteellinen kohde pidennettyyn viikonloppuun, sill\u00e4 sinne p\u00e4\u00e4see melko helposti, varsinkin jos ajat Frankfurtin suuntaan.<\/p>\n\n\n\n<p class=\"wp-block-paragraph\">Hessenin kylpyl\u00f6ill\u00e4 on oma tunnelmansa, ne muistuttavat usein vanhoja antiikin temppeleit\u00e4 tai ylellisi\u00e4 palatseja. Kaipasitpa hiljaista mietiskely\u00e4 historiallisissa kulisseissa tai suositko moderneja saunarituaaleja, t\u00e4\u00e4ll\u00e4 saat rahoillesi vastinetta. Katsotaanpa kaikkein kiinnostavimmat alueet, joita sinun ei matkaa suunnitellessasi kannattaisi miss\u00e4\u00e4n tapauksessa ohittaa.<\/p>\n\n\n\n<figure data-wp-context=\"{&quot;imageId&quot;:&quot;6a9c552057fd2&quot;}\" data-wp-interactive=\"core\/image\" data-wp-key=\"6a9c552057fd2\" class=\"wp-block-image size-full wp-lightbox-container\"><img decoding=\"async\" width=\"1800\" height=\"1347\" data-wp-class--hide=\"state.isContentHidden\" data-wp-class--show=\"state.isContentVisible\" data-wp-init=\"callbacks.setButtonStyles\" data-wp-on--click=\"actions.showLightbox\" data-wp-on--load=\"callbacks.setButtonStyles\" data-wp-on--pointerdown=\"actions.preloadImage\" data-wp-on--pointerenter=\"actions.preloadImageWithDelay\" data-wp-on--pointerleave=\"actions.cancelPreload\" data-wp-on-window--resize=\"callbacks.setButtonStyles\" src=\"https:\/\/loudavymkrokem.cz\/wp-content\/uploads\/2026\/09\/nemecko-clanky-termaly-nemecko-42-4670ad94-1.jpg\" alt=\"Taunus-Therme (Bad Homburg): sis\u00e4\u00e4nk\u00e4ynti kylpyl\u00e4\u00e4n k\u00e4velysiltoineen\" class=\"wp-image-415359\" title=\"\" srcset=\"https:\/\/loudavymkrokem.cz\/wp-content\/uploads\/2026\/09\/nemecko-clanky-termaly-nemecko-42-4670ad94-1.jpg 1800w, https:\/\/loudavymkrokem.cz\/wp-content\/uploads\/2026\/09\/nemecko-clanky-termaly-nemecko-42-4670ad94-1-300x225.jpg 300w, https:\/\/loudavymkrokem.cz\/wp-content\/uploads\/2026\/09\/nemecko-clanky-termaly-nemecko-42-4670ad94-1-700x524.jpg 700w, https:\/\/loudavymkrokem.cz\/wp-content\/uploads\/2026\/09\/nemecko-clanky-termaly-nemecko-42-4670ad94-1-768x575.jpg 768w, https:\/\/loudavymkrokem.cz\/wp-content\/uploads\/2026\/09\/nemecko-clanky-termaly-nemecko-42-4670ad94-1-1536x1149.jpg 1536w, https:\/\/loudavymkrokem.cz\/wp-content\/uploads\/2026\/09\/nemecko-clanky-termaly-nemecko-42-4670ad94-1-80x60.jpg 80w, https:\/\/loudavymkrokem.cz\/wp-content\/uploads\/2026\/09\/nemecko-clanky-termaly-nemecko-42-4670ad94-1-160x120.jpg 160w, https:\/\/loudavymkrokem.cz\/wp-content\/uploads\/2026\/09\/nemecko-clanky-termaly-nemecko-42-4670ad94-1-696x521.jpg 696w, https:\/\/loudavymkrokem.cz\/wp-content\/uploads\/2026\/09\/nemecko-clanky-termaly-nemecko-42-4670ad94-1-1392x1042.jpg 1392w\" sizes=\"(max-width: 1800px) 100vw, 1800px\" \/><button\n\t\t\tclass=\"lightbox-trigger\"\n\t\t\ttype=\"button\"\n\t\t\taria-haspopup=\"dialog\"\n\t\t\tdata-wp-bind--aria-label=\"state.thisImage.triggerButtonAriaLabel\"\n\t\t\tdata-wp-init=\"callbacks.initTriggerButton\"\n\t\t\tdata-wp-on--click=\"actions.showLightbox\"\n\t\t\tdata-wp-style--right=\"state.thisImage.buttonRight\"\n\t\t\tdata-wp-style--top=\"state.thisImage.buttonTop\"\n\t\t>\n\t\t\t<svg xmlns=\"http:\/\/www.w3.org\/2000\/svg\" width=\"12\" height=\"12\" fill=\"none\" viewBox=\"0 0 12 12\">\n\t\t\t\t<path fill=\"#fff\" d=\"M2 0a2 2 0 0 0-2 2v2h1.5V2a.5.5 0 0 1 .5-.5h2V0H2Zm2 10.5H2a.5.5 0 0 1-.5-.5V8H0v2a2 2 0 0 0 2 2h2v-1.5ZM8 12v-1.5h2a.5.5 0 0 0 .5-.5V8H12v2a2 2 0 0 1-2 2H8Zm2-12a2 2 0 0 1 2 2v2h-1.5V2a.5.5 0 0 0-.5-.5H8V0h2Z\" \/>\n\t\t\t<\/svg>\n\t\t<\/button><figcaption class=\"wp-element-caption\">Kuva: Karsten11 \/ Wikimedia Commons, Public domain<\/figcaption><\/figure>\n\n\n\n<h3 class=\"wp-block-heading\"><span class=\"ez-toc-section\" id=\"34_Taunus-Therme_Bad_Homburg\"><\/span>34. Taunus-Therme (Bad Homburg)<span class=\"ez-toc-section-end\"><\/span><\/h3>\n\n\n\n<p class=\"wp-block-paragraph\">Taunus-Therme -alue Bad Homburgin kaupungissa on poikkeuksellinen erityisesti valtavan tilansa ansiosta, sill\u00e4 se tarjoaa <strong>1200 neli\u00f6metri\u00e4 sis\u00e4- ja ulkotilaa<\/strong> t\u00e4ydelliseen rentoutumiseen. Vesi virtaa altaisiin paikallisesta l\u00e4hteest\u00e4 Viktoria-Louise-Quelle, jonka l\u00e4mp\u00f6tila on alun perin 22,4 \u00b0C, mutta se l\u00e4mmitet\u00e4\u00e4n mukavuutesi vuoksi <strong>mukaviin 34,5 \u00b0C:seen<\/strong>.<\/p>\n\n\n\n<p class=\"wp-block-paragraph\">Voit odottaa runsaasti nurkkauksia termaalivedell\u00e4, joissa sinua odottaa rauha. Jos rakastat kuplia, sinua ilahduttavat per\u00e4ti <strong>nelj\u00e4 kuumaa porealtaan 37 \u00b0C:lla<\/strong>, jotka rentouttavat t\u00e4ydellisesti v\u00e4syneet lihakset. Hikoilun yst\u00e4v\u00e4t arvostavat sitten runsasta saunaosaa, josta l\u00f6yd\u00e4t yhteens\u00e4 kahdeksan teemasaunaa, joiden l\u00e4mp\u00f6tilat vaihtelevat 45 \u00b0C:sta aina 100 \u00b0C:seen.<\/p>\n\n\n\n<p class=\"wp-block-paragraph\">Kaksi n\u00e4ist\u00e4 kahdeksasta saunasta on <strong>varattu eksklusiivisesti vain naisille<\/strong>, mik\u00e4 on loistava uutinen kaikille naisille, jotka etsiv\u00e4t enemm\u00e4n yksityisyytt\u00e4. Alue sopii yleisesti pikemminkin aikuisille vieraille, jotka etsiv\u00e4t rauhaa ja hiljaista lepoa. <strong>\ud83d\udca1 Vinkki:<\/strong> Vaikka t\u00e4\u00e4lt\u00e4 et l\u00f6yd\u00e4 villej\u00e4 liukum\u00e4ki\u00e4, valtava pinta-ala takaa, ettet joudu tungeksimaan muiden ihmisten kanssa ja l\u00f6yd\u00e4t aina oman hiljaisen nurkkauksesi.<\/p>\n\n\n\n<figure data-wp-context=\"{&quot;imageId&quot;:&quot;6a9c552058760&quot;}\" data-wp-interactive=\"core\/image\" data-wp-key=\"6a9c552058760\" class=\"wp-block-image size-full wp-lightbox-container\"><img decoding=\"async\" width=\"1800\" height=\"1350\" data-wp-class--hide=\"state.isContentHidden\" data-wp-class--show=\"state.isContentVisible\" data-wp-init=\"callbacks.setButtonStyles\" data-wp-on--click=\"actions.showLightbox\" data-wp-on--load=\"callbacks.setButtonStyles\" data-wp-on--pointerdown=\"actions.preloadImage\" data-wp-on--pointerenter=\"actions.preloadImageWithDelay\" data-wp-on--pointerleave=\"actions.cancelPreload\" data-wp-on-window--resize=\"callbacks.setButtonStyles\" src=\"https:\/\/loudavymkrokem.cz\/wp-content\/uploads\/2026\/09\/nemecko-clanky-termaly-nemecko-43-b17240b7-1.jpg\" alt=\"KurhessenTherme (Kassel)\" class=\"wp-image-415361\" title=\"\" srcset=\"https:\/\/loudavymkrokem.cz\/wp-content\/uploads\/2026\/09\/nemecko-clanky-termaly-nemecko-43-b17240b7-1.jpg 1800w, https:\/\/loudavymkrokem.cz\/wp-content\/uploads\/2026\/09\/nemecko-clanky-termaly-nemecko-43-b17240b7-1-300x225.jpg 300w, https:\/\/loudavymkrokem.cz\/wp-content\/uploads\/2026\/09\/nemecko-clanky-termaly-nemecko-43-b17240b7-1-700x525.jpg 700w, https:\/\/loudavymkrokem.cz\/wp-content\/uploads\/2026\/09\/nemecko-clanky-termaly-nemecko-43-b17240b7-1-768x576.jpg 768w, https:\/\/loudavymkrokem.cz\/wp-content\/uploads\/2026\/09\/nemecko-clanky-termaly-nemecko-43-b17240b7-1-1536x1152.jpg 1536w, https:\/\/loudavymkrokem.cz\/wp-content\/uploads\/2026\/09\/nemecko-clanky-termaly-nemecko-43-b17240b7-1-80x60.jpg 80w, https:\/\/loudavymkrokem.cz\/wp-content\/uploads\/2026\/09\/nemecko-clanky-termaly-nemecko-43-b17240b7-1-160x120.jpg 160w, https:\/\/loudavymkrokem.cz\/wp-content\/uploads\/2026\/09\/nemecko-clanky-termaly-nemecko-43-b17240b7-1-696x522.jpg 696w, https:\/\/loudavymkrokem.cz\/wp-content\/uploads\/2026\/09\/nemecko-clanky-termaly-nemecko-43-b17240b7-1-1392x1044.jpg 1392w\" sizes=\"(max-width: 1800px) 100vw, 1800px\" \/><button\n\t\t\tclass=\"lightbox-trigger\"\n\t\t\ttype=\"button\"\n\t\t\taria-haspopup=\"dialog\"\n\t\t\tdata-wp-bind--aria-label=\"state.thisImage.triggerButtonAriaLabel\"\n\t\t\tdata-wp-init=\"callbacks.initTriggerButton\"\n\t\t\tdata-wp-on--click=\"actions.showLightbox\"\n\t\t\tdata-wp-style--right=\"state.thisImage.buttonRight\"\n\t\t\tdata-wp-style--top=\"state.thisImage.buttonTop\"\n\t\t>\n\t\t\t<svg xmlns=\"http:\/\/www.w3.org\/2000\/svg\" width=\"12\" height=\"12\" fill=\"none\" viewBox=\"0 0 12 12\">\n\t\t\t\t<path fill=\"#fff\" d=\"M2 0a2 2 0 0 0-2 2v2h1.5V2a.5.5 0 0 1 .5-.5h2V0H2Zm2 10.5H2a.5.5 0 0 1-.5-.5V8H0v2a2 2 0 0 0 2 2h2v-1.5ZM8 12v-1.5h2a.5.5 0 0 0 .5-.5V8H12v2a2 2 0 0 1-2 2H8Zm2-12a2 2 0 0 1 2 2v2h-1.5V2a.5.5 0 0 0-.5-.5H8V0h2Z\" \/>\n\t\t\t<\/svg>\n\t\t<\/button><figcaption class=\"wp-element-caption\">Kuva: Pedelecs \/ Wikimedia Commons, CC BY-SA 3.0<\/figcaption><\/figure>\n\n\n\n<h3 class=\"wp-block-heading\"><span class=\"ez-toc-section\" id=\"35_KurhessenTherme_Kassel\"><\/span>35. KurhessenTherme (Kassel)<span class=\"ez-toc-section-end\"><\/span><\/h3>\n\n\n\n<p class=\"wp-block-paragraph\">Jos suuntaat Kasselin kaupunkiin, \u00e4l\u00e4 ohita KurhessenTherme-aluetta, joka yll\u00e4tt\u00e4\u00e4 sinut ainutlaatuisella <strong>saunaj\u00e4rvell\u00e4, jonka pinta-ala on 200 neli\u00f6metri\u00e4<\/strong>. T\u00e4m\u00e4n j\u00e4rven virkist\u00e4v\u00e4 l\u00e4mp\u00f6tila on 19\u201321 \u00b0C ja se on sijoitettu niin sanottuun Paratiisipuutarhaan. Se tarjoaa yli <strong>400 neli\u00f6metri\u00e4 lep\u00e4\u00e4miseen ilman uima-asua<\/strong>, mik\u00e4 ilahduttaa kaikkia naturismin harrastajia.<\/p>\n\n\n\n<p class=\"wp-block-paragraph\">Saunamaailma on t\u00e4\u00e4ll\u00e4 runsas, siit\u00e4 l\u00f6ytyy yhteens\u00e4 kahdeksan erilaista l\u00e4mmittelytilaa. Aloittelijat voivat kokeilla lempe\u00e4\u00e4 valosaunaa suolakiteineen, jonka l\u00e4mp\u00f6tila on 45 \u00b0C, tai saunaa 55 \u00b0C:lla, joka on loistava hengitysteille. Kokeneet saunojat sen sijaan suuntaavat <strong>kuumakivisaunaan, joka on l\u00e4mmitetty 100 \u00b0C:seen<\/strong>. Naisilla on k\u00e4yt\u00f6ss\u00e4 my\u00f6s oma it\u00e4mainen naisten sauna.<\/p>\n\n\n\n<p class=\"wp-block-paragraph\">Vuoden 2026 hinnaston mukaan maksat kahden tunnin sis\u00e4\u00e4np\u00e4\u00e4syst\u00e4 kylpyl\u00f6ihin ja saunoihin <strong>23\u201324,50 euroa<\/strong>, koko p\u00e4iv\u00e4n lippu maksaa sitten 26,50\u201328 euroa viikonp\u00e4iv\u00e4st\u00e4 riippuen. Jokaiselta alkavalta viidelt\u00e4toista minuutilta maksat lis\u00e4\u00e4 1,50 euroa. <strong>\ud83d\udca1 Vinkki:<\/strong> Jos sinulle tulee kylpemisen j\u00e4lkeen n\u00e4lk\u00e4, paikallinen ravintola tarjoaa erinomaisia lihattomia gnocchi-annoksia tai spagettia vihre\u00e4ll\u00e4 pestolla ja grillatuilla vihanneksilla 11,50 eurolla.<\/p>\n\n\n\n<figure data-wp-context=\"{&quot;imageId&quot;:&quot;6a9c552058e9a&quot;}\" data-wp-interactive=\"core\/image\" data-wp-key=\"6a9c552058e9a\" class=\"wp-block-image size-full wp-lightbox-container\"><img decoding=\"async\" width=\"1800\" height=\"1800\" data-wp-class--hide=\"state.isContentHidden\" data-wp-class--show=\"state.isContentVisible\" data-wp-init=\"callbacks.setButtonStyles\" data-wp-on--click=\"actions.showLightbox\" data-wp-on--load=\"callbacks.setButtonStyles\" data-wp-on--pointerdown=\"actions.preloadImage\" data-wp-on--pointerenter=\"actions.preloadImageWithDelay\" data-wp-on--pointerleave=\"actions.cancelPreload\" data-wp-on-window--resize=\"callbacks.setButtonStyles\" src=\"https:\/\/loudavymkrokem.cz\/wp-content\/uploads\/2026\/09\/nemecko-clanky-termaly-nemecko-44-2d6e2fb5-1.jpg\" alt=\"Odenwald-Therme (Bad K\u00f6nig): saunaosa\" class=\"wp-image-415363\" title=\"\" srcset=\"https:\/\/loudavymkrokem.cz\/wp-content\/uploads\/2026\/09\/nemecko-clanky-termaly-nemecko-44-2d6e2fb5-1.jpg 1800w, https:\/\/loudavymkrokem.cz\/wp-content\/uploads\/2026\/09\/nemecko-clanky-termaly-nemecko-44-2d6e2fb5-1-300x300.jpg 300w, https:\/\/loudavymkrokem.cz\/wp-content\/uploads\/2026\/09\/nemecko-clanky-termaly-nemecko-44-2d6e2fb5-1-700x700.jpg 700w, https:\/\/loudavymkrokem.cz\/wp-content\/uploads\/2026\/09\/nemecko-clanky-termaly-nemecko-44-2d6e2fb5-1-150x150.jpg 150w, https:\/\/loudavymkrokem.cz\/wp-content\/uploads\/2026\/09\/nemecko-clanky-termaly-nemecko-44-2d6e2fb5-1-768x768.jpg 768w, https:\/\/loudavymkrokem.cz\/wp-content\/uploads\/2026\/09\/nemecko-clanky-termaly-nemecko-44-2d6e2fb5-1-1536x1536.jpg 1536w, https:\/\/loudavymkrokem.cz\/wp-content\/uploads\/2026\/09\/nemecko-clanky-termaly-nemecko-44-2d6e2fb5-1-696x696.jpg 696w, https:\/\/loudavymkrokem.cz\/wp-content\/uploads\/2026\/09\/nemecko-clanky-termaly-nemecko-44-2d6e2fb5-1-1392x1392.jpg 1392w\" sizes=\"(max-width: 1800px) 100vw, 1800px\" \/><button\n\t\t\tclass=\"lightbox-trigger\"\n\t\t\ttype=\"button\"\n\t\t\taria-haspopup=\"dialog\"\n\t\t\tdata-wp-bind--aria-label=\"state.thisImage.triggerButtonAriaLabel\"\n\t\t\tdata-wp-init=\"callbacks.initTriggerButton\"\n\t\t\tdata-wp-on--click=\"actions.showLightbox\"\n\t\t\tdata-wp-style--right=\"state.thisImage.buttonRight\"\n\t\t\tdata-wp-style--top=\"state.thisImage.buttonTop\"\n\t\t>\n\t\t\t<svg xmlns=\"http:\/\/www.w3.org\/2000\/svg\" width=\"12\" height=\"12\" fill=\"none\" viewBox=\"0 0 12 12\">\n\t\t\t\t<path fill=\"#fff\" d=\"M2 0a2 2 0 0 0-2 2v2h1.5V2a.5.5 0 0 1 .5-.5h2V0H2Zm2 10.5H2a.5.5 0 0 1-.5-.5V8H0v2a2 2 0 0 0 2 2h2v-1.5ZM8 12v-1.5h2a.5.5 0 0 0 .5-.5V8H12v2a2 2 0 0 1-2 2H8Zm2-12a2 2 0 0 1 2 2v2h-1.5V2a.5.5 0 0 0-.5-.5H8V0h2Z\" \/>\n\t\t\t<\/svg>\n\t\t<\/button><\/figure>\n\n\n\n<h3 class=\"wp-block-heading\"><span class=\"ez-toc-section\" id=\"36_Odenwald-Therme_Bad_Konig\"><\/span>36. Odenwald-Therme (Bad K\u00f6nig)<span class=\"ez-toc-section-end\"><\/span><\/h3>\n\n\n\n<p class=\"wp-block-paragraph\">Vieh\u00e4tt\u00e4v\u00e4ss\u00e4 Bad K\u00f6nigin pikkukaupungissa sijaitsee Odenwald-Therme, jossa <strong>yli 1300 neli\u00f6metrin alalta<\/strong> l\u00f6yd\u00e4t oikein miellytt\u00e4v\u00e4n saunamaailman ja termaalialtaat. T\u00e4m\u00e4 alue on loistava valinta niille, jotka etsiv\u00e4t intiimimp\u00e4\u00e4 ja rauhallisempaa tunnelmaa ilman valtavia v\u00e4kijoukkoja, ja arvostavat <strong>suurta ulkoallasta<\/strong> uintiin raittiissa ilmassa.<\/p>\n\n\n\n<p class=\"wp-block-paragraph\">Sis\u00e4ll\u00e4 sinua odottaa nelj\u00e4 eri tavoin l\u00e4mmitetty\u00e4 saunaa. L\u00e4mpimin on <strong>Odenwald-Sauna 90 \u00b0C:lla<\/strong>, jossa j\u00e4rjestet\u00e4\u00e4n s\u00e4\u00e4nn\u00f6llisesti suosittuja saunaseremonioita, niin sanottuja Aufg\u00fcsse-tilaisuuksia. Sen lis\u00e4ksi voit l\u00e4mmitt\u00e4\u00e4 kehon lintusaunassa 80 \u00b0C:lla, lempe\u00e4ss\u00e4 sanariumissa, joka on l\u00e4mmitetty 60 \u00b0C:seen, tai h\u00f6yry- ja aromikylvyss\u00e4, jonka l\u00e4mp\u00f6tila on mukavat 40 \u00b0C. Lev\u00e4t\u00e4 voit sitten varatuissa rentoutumishuoneissa tai hemmotella itse\u00e4si vartalokuorinnalla.<\/p>\n\n\n\n<p class=\"wp-block-paragraph\">Peruslippu kylpyl\u00f6ihin ja saunoihin maksaa vuoden 2026 hinnaston mukaan <strong>22,50 euroa<\/strong>, kun taas koko p\u00e4iv\u00e4n lippu maksaa 28,50 euroa. Alue on ihanteellinen pareille ja aikuisille, jotka haluavat lev\u00e4t\u00e4 rauhassa. <strong>\ud83d\udca1 Vinkki:<\/strong> Jos sy\u00f6t paikallisessa ravintolassa l\u00e4mpim\u00e4n aterian, jonka arvo on v\u00e4hint\u00e4\u00e4n 4,90 euroa, saat automaattisesti yhden tunnin lis\u00e4aikaa sis\u00e4\u00e4np\u00e4\u00e4syysi t\u00e4ysin ilmaiseksi.<\/p>\n\n\n\n<figure data-wp-context=\"{&quot;imageId&quot;:&quot;6a9c552059694&quot;}\" data-wp-interactive=\"core\/image\" data-wp-key=\"6a9c552059694\" class=\"wp-block-image size-full wp-lightbox-container\"><img decoding=\"async\" width=\"1800\" height=\"1200\" data-wp-class--hide=\"state.isContentHidden\" data-wp-class--show=\"state.isContentVisible\" data-wp-init=\"callbacks.setButtonStyles\" data-wp-on--click=\"actions.showLightbox\" data-wp-on--load=\"callbacks.setButtonStyles\" data-wp-on--pointerdown=\"actions.preloadImage\" data-wp-on--pointerenter=\"actions.preloadImageWithDelay\" data-wp-on--pointerleave=\"actions.cancelPreload\" data-wp-on-window--resize=\"callbacks.setButtonStyles\" src=\"https:\/\/loudavymkrokem.cz\/wp-content\/uploads\/2026\/09\/nemecko-clanky-termaly-nemecko-45-cfe756aa.jpg\" alt=\"Thermalbad Aukammtal -rakennus Wiesbadenin puistossa\" class=\"wp-image-415508\" title=\"\" srcset=\"https:\/\/loudavymkrokem.cz\/wp-content\/uploads\/2026\/09\/nemecko-clanky-termaly-nemecko-45-cfe756aa.jpg 1800w, https:\/\/loudavymkrokem.cz\/wp-content\/uploads\/2026\/09\/nemecko-clanky-termaly-nemecko-45-cfe756aa-300x200.jpg 300w, https:\/\/loudavymkrokem.cz\/wp-content\/uploads\/2026\/09\/nemecko-clanky-termaly-nemecko-45-cfe756aa-700x467.jpg 700w, https:\/\/loudavymkrokem.cz\/wp-content\/uploads\/2026\/09\/nemecko-clanky-termaly-nemecko-45-cfe756aa-768x512.jpg 768w, https:\/\/loudavymkrokem.cz\/wp-content\/uploads\/2026\/09\/nemecko-clanky-termaly-nemecko-45-cfe756aa-1536x1024.jpg 1536w, https:\/\/loudavymkrokem.cz\/wp-content\/uploads\/2026\/09\/nemecko-clanky-termaly-nemecko-45-cfe756aa-696x464.jpg 696w, https:\/\/loudavymkrokem.cz\/wp-content\/uploads\/2026\/09\/nemecko-clanky-termaly-nemecko-45-cfe756aa-1392x928.jpg 1392w\" sizes=\"(max-width: 1800px) 100vw, 1800px\" \/><button\n\t\t\tclass=\"lightbox-trigger\"\n\t\t\ttype=\"button\"\n\t\t\taria-haspopup=\"dialog\"\n\t\t\tdata-wp-bind--aria-label=\"state.thisImage.triggerButtonAriaLabel\"\n\t\t\tdata-wp-init=\"callbacks.initTriggerButton\"\n\t\t\tdata-wp-on--click=\"actions.showLightbox\"\n\t\t\tdata-wp-style--right=\"state.thisImage.buttonRight\"\n\t\t\tdata-wp-style--top=\"state.thisImage.buttonTop\"\n\t\t>\n\t\t\t<svg xmlns=\"http:\/\/www.w3.org\/2000\/svg\" width=\"12\" height=\"12\" fill=\"none\" viewBox=\"0 0 12 12\">\n\t\t\t\t<path fill=\"#fff\" d=\"M2 0a2 2 0 0 0-2 2v2h1.5V2a.5.5 0 0 1 .5-.5h2V0H2Zm2 10.5H2a.5.5 0 0 1-.5-.5V8H0v2a2 2 0 0 0 2 2h2v-1.5ZM8 12v-1.5h2a.5.5 0 0 0 .5-.5V8H12v2a2 2 0 0 1-2 2H8Zm2-12a2 2 0 0 1 2 2v2h-1.5V2a.5.5 0 0 0-.5-.5H8V0h2Z\" \/>\n\t\t\t<\/svg>\n\t\t<\/button><figcaption class=\"wp-element-caption\">Kuva: Renate007 \/ Wikimedia Commons, CC BY-SA 4.0<\/figcaption><\/figure>\n\n\n\n<h3 class=\"wp-block-heading\"><span class=\"ez-toc-section\" id=\"37_Thermalbad_Aukammtal_Wiesbaden\"><\/span>37. Thermalbad Aukammtal (Wiesbaden)<span class=\"ez-toc-section-end\"><\/span><\/h3>\n\n\n\n<p class=\"wp-block-paragraph\">Wiesbadenin kaupunki on kylpyl\u00e4helmi ja Thermalbad Aukammtal on yksi syist\u00e4 l\u00e4hte\u00e4 t\u00e4nne. Alue sijaitsee kauniissa kaupunginpuiston ymp\u00e4rist\u00f6ss\u00e4 ja sen suurin veto on <strong>vesi, jossa on eritt\u00e4in korkea suolapitoisuus<\/strong>. Sit\u00e4 suositellaan perinteisesti ortopedisiin ja reumaattisiin vaivoihin, joten jos sinua vaivaavat nivelet tai selk\u00e4, t\u00e4m\u00e4 paikka tekee sinulle hyv\u00e4\u00e4.<\/p>\n\n\n\n<p class=\"wp-block-paragraph\">Paikallisen termaaliveden l\u00e4mp\u00f6tila on <strong>eritt\u00e4in mukavat 32 \u00b0C<\/strong> ja voit nauttia siit\u00e4 sek\u00e4 sis\u00e4altaassa, jonka pinta-ala on 435 neli\u00f6metri\u00e4, ett\u00e4 samankokoisessa ulkoaltaassa, jonka pinta-ala on noin 450 neli\u00f6metri\u00e4. Saunomisen faneille on tarjolla tila erilaisilla varusteilla, joissa k\u00e4tkeytyy nelj\u00e4 sis\u00e4- ja kolme ulkosaunaa.<\/p>\n\n\n\n<p class=\"wp-block-paragraph\">Kylpyl\u00e4t ovat avoinna ymp\u00e4ri vuoden, mutta aukioloajat vaihtelevat hieman kauden mukaan. Lokakuun alusta huhtikuun loppuun voit tulla t\u00e4nne joka p\u00e4iv\u00e4 yhdeks\u00e4st\u00e4 aamulla kymmeneen illalla, ja perjantaisin ja lauantaisin on <strong>avoinna aina yhteentoista illalla asti<\/strong>. Kes\u00e4kaudella suljetaan aina klo 22. <strong>\ud83d\udca1 Vinkki:<\/strong> Aukammtal-laakson puistossa sijaitsevan sijaintinsa ansiosta suosittelen yhdist\u00e4m\u00e4\u00e4n k\u00e4ynnin altailla pitk\u00e4\u00e4n iltap\u00e4iv\u00e4k\u00e4velyyn ymp\u00e4r\u00f6iv\u00e4ss\u00e4 vehreydess\u00e4.<\/p>\n\n\n\n<figure data-wp-context=\"{&quot;imageId&quot;:&quot;6a9c552059d6f&quot;}\" data-wp-interactive=\"core\/image\" data-wp-key=\"6a9c552059d6f\" class=\"wp-block-image size-full wp-lightbox-container\"><img decoding=\"async\" width=\"1800\" height=\"1350\" data-wp-class--hide=\"state.isContentHidden\" data-wp-class--show=\"state.isContentVisible\" data-wp-init=\"callbacks.setButtonStyles\" data-wp-on--click=\"actions.showLightbox\" data-wp-on--load=\"callbacks.setButtonStyles\" data-wp-on--pointerdown=\"actions.preloadImage\" data-wp-on--pointerenter=\"actions.preloadImageWithDelay\" data-wp-on--pointerleave=\"actions.cancelPreload\" data-wp-on-window--resize=\"callbacks.setButtonStyles\" src=\"https:\/\/loudavymkrokem.cz\/wp-content\/uploads\/2026\/09\/nemecko-clanky-termaly-nemecko-46-fef6372e.jpg\" alt=\"Kaiser-Friedrich-Thermen historiallinen aula Wiesbadenissa\" class=\"wp-image-415512\" title=\"\" srcset=\"https:\/\/loudavymkrokem.cz\/wp-content\/uploads\/2026\/09\/nemecko-clanky-termaly-nemecko-46-fef6372e.jpg 1800w, https:\/\/loudavymkrokem.cz\/wp-content\/uploads\/2026\/09\/nemecko-clanky-termaly-nemecko-46-fef6372e-300x225.jpg 300w, https:\/\/loudavymkrokem.cz\/wp-content\/uploads\/2026\/09\/nemecko-clanky-termaly-nemecko-46-fef6372e-700x525.jpg 700w, https:\/\/loudavymkrokem.cz\/wp-content\/uploads\/2026\/09\/nemecko-clanky-termaly-nemecko-46-fef6372e-768x576.jpg 768w, https:\/\/loudavymkrokem.cz\/wp-content\/uploads\/2026\/09\/nemecko-clanky-termaly-nemecko-46-fef6372e-1536x1152.jpg 1536w, https:\/\/loudavymkrokem.cz\/wp-content\/uploads\/2026\/09\/nemecko-clanky-termaly-nemecko-46-fef6372e-80x60.jpg 80w, https:\/\/loudavymkrokem.cz\/wp-content\/uploads\/2026\/09\/nemecko-clanky-termaly-nemecko-46-fef6372e-160x120.jpg 160w, https:\/\/loudavymkrokem.cz\/wp-content\/uploads\/2026\/09\/nemecko-clanky-termaly-nemecko-46-fef6372e-696x522.jpg 696w, https:\/\/loudavymkrokem.cz\/wp-content\/uploads\/2026\/09\/nemecko-clanky-termaly-nemecko-46-fef6372e-1392x1044.jpg 1392w\" sizes=\"(max-width: 1800px) 100vw, 1800px\" \/><button\n\t\t\tclass=\"lightbox-trigger\"\n\t\t\ttype=\"button\"\n\t\t\taria-haspopup=\"dialog\"\n\t\t\tdata-wp-bind--aria-label=\"state.thisImage.triggerButtonAriaLabel\"\n\t\t\tdata-wp-init=\"callbacks.initTriggerButton\"\n\t\t\tdata-wp-on--click=\"actions.showLightbox\"\n\t\t\tdata-wp-style--right=\"state.thisImage.buttonRight\"\n\t\t\tdata-wp-style--top=\"state.thisImage.buttonTop\"\n\t\t>\n\t\t\t<svg xmlns=\"http:\/\/www.w3.org\/2000\/svg\" width=\"12\" height=\"12\" fill=\"none\" viewBox=\"0 0 12 12\">\n\t\t\t\t<path fill=\"#fff\" d=\"M2 0a2 2 0 0 0-2 2v2h1.5V2a.5.5 0 0 1 .5-.5h2V0H2Zm2 10.5H2a.5.5 0 0 1-.5-.5V8H0v2a2 2 0 0 0 2 2h2v-1.5ZM8 12v-1.5h2a.5.5 0 0 0 .5-.5V8H12v2a2 2 0 0 1-2 2H8Zm2-12a2 2 0 0 1 2 2v2h-1.5V2a.5.5 0 0 0-.5-.5H8V0h2Z\" \/>\n\t\t\t<\/svg>\n\t\t<\/button><figcaption class=\"wp-element-caption\">Kuva: WiesbAdler \/ Wikimedia Commons, Public domain<\/figcaption><\/figure>\n\n\n\n<h3 class=\"wp-block-heading\"><span class=\"ez-toc-section\" id=\"38_Kaiser-Friedrich-Therme_Wiesbaden\"><\/span>38. Kaiser-Friedrich-Therme (Wiesbaden)<span class=\"ez-toc-section-end\"><\/span><\/h3>\n\n\n\n<p class=\"wp-block-paragraph\">Pysymme Wiesbadenissa, mutta siirrymme ainutlaatuiseen historialliseen rakennukseen Kaiser-Friedrich-Therme. N\u00e4m\u00e4 kylpyl\u00e4t rakennettiin vuosina 1910\u20131913 arkkitehti August O. Paulyn suunnitelman mukaan ja <strong>niiss\u00e4 on vahva jugendtyylin tunnelma<\/strong>. Jo sis\u00e4\u00e4n astuessasi sinut valtaa menneiden aikojen tunnelma ja tunnet olevasi kuin oikea aatelinen levollaan.<\/p>\n\n\n\n<p class=\"wp-block-paragraph\">Paikallinen termaalivesi on kuumaa, se virtaa l\u00e4hteest\u00e4 <strong>64,6 \u00b0C:n l\u00e4mp\u00f6tilalla<\/strong>, ennen kuin se j\u00e4\u00e4hdytet\u00e4\u00e4n kylpyjen tarpeisiin. Koko alueen syd\u00e4n on upea irlantilais-roomalainen kylpy alkuper\u00e4isine mosaiikkilaatoituksineen, joka k\u00e4vi l\u00e4pi hienovaraisen uudistuksen vuonna 1999. Nyky\u00e4\u00e4n t\u00e4\u00e4lt\u00e4 l\u00f6yd\u00e4t 1450 neli\u00f6metrin alalta monipuolisen saunamaiseman.<\/p>\n\n\n\n<p class=\"wp-block-paragraph\">Voit odottaa klassista suomalaista saunaa, tepidariumia, sudatoriumia, sanariumia, mutta my\u00f6s <strong>ven\u00e4l\u00e4ist\u00e4 h\u00f6yrykylpy\u00e4 tai erityist\u00e4 kivih\u00f6yrykylpy\u00e4<\/strong>. Alue on suunniteltu historialliseksi kylpyl\u00e4ksi, joten t\u00e4nne tullaan ensisijaisesti hiljaisen rentoutumisen vuoksi eik\u00e4 pienten lasten perheille se ole aivan ihanteellinen valinta. <strong>\ud83d\udca1 Vinkki:<\/strong> \u00c4l\u00e4 miss\u00e4\u00e4n tapauksessa j\u00e4t\u00e4 v\u00e4liin yksityiskohtaista tutustumista upeisiin historiallisiin mosaiikkeihin irlantilais-roomalaisessa osassa, jotka kuuluvat kauneimpiin arkkitehtonisiin elementteihin koko Hesseniss\u00e4.<\/p>\n\n\n\n<figure data-wp-context=\"{&quot;imageId&quot;:&quot;6a9c55205a370&quot;}\" data-wp-interactive=\"core\/image\" data-wp-key=\"6a9c55205a370\" class=\"wp-block-image size-full wp-lightbox-container\"><img decoding=\"async\" width=\"1800\" height=\"1012\" data-wp-class--hide=\"state.isContentHidden\" data-wp-class--show=\"state.isContentVisible\" data-wp-init=\"callbacks.setButtonStyles\" data-wp-on--click=\"actions.showLightbox\" data-wp-on--load=\"callbacks.setButtonStyles\" data-wp-on--pointerdown=\"actions.preloadImage\" data-wp-on--pointerenter=\"actions.preloadImageWithDelay\" data-wp-on--pointerleave=\"actions.cancelPreload\" data-wp-on-window--resize=\"callbacks.setButtonStyles\" src=\"https:\/\/loudavymkrokem.cz\/wp-content\/uploads\/2026\/09\/nemecko-clanky-termaly-nemecko-47-57afd95a-1.jpg\" alt=\"Spreewald Therme -kylpyl\u00e4 Burgissa auringonlaskussa\" class=\"wp-image-415371\" title=\"\" srcset=\"https:\/\/loudavymkrokem.cz\/wp-content\/uploads\/2026\/09\/nemecko-clanky-termaly-nemecko-47-57afd95a-1.jpg 1800w, https:\/\/loudavymkrokem.cz\/wp-content\/uploads\/2026\/09\/nemecko-clanky-termaly-nemecko-47-57afd95a-1-300x169.jpg 300w, https:\/\/loudavymkrokem.cz\/wp-content\/uploads\/2026\/09\/nemecko-clanky-termaly-nemecko-47-57afd95a-1-700x394.jpg 700w, https:\/\/loudavymkrokem.cz\/wp-content\/uploads\/2026\/09\/nemecko-clanky-termaly-nemecko-47-57afd95a-1-768x432.jpg 768w, https:\/\/loudavymkrokem.cz\/wp-content\/uploads\/2026\/09\/nemecko-clanky-termaly-nemecko-47-57afd95a-1-1536x864.jpg 1536w, https:\/\/loudavymkrokem.cz\/wp-content\/uploads\/2026\/09\/nemecko-clanky-termaly-nemecko-47-57afd95a-1-696x391.jpg 696w, https:\/\/loudavymkrokem.cz\/wp-content\/uploads\/2026\/09\/nemecko-clanky-termaly-nemecko-47-57afd95a-1-1392x783.jpg 1392w\" sizes=\"(max-width: 1800px) 100vw, 1800px\" \/><button\n\t\t\tclass=\"lightbox-trigger\"\n\t\t\ttype=\"button\"\n\t\t\taria-haspopup=\"dialog\"\n\t\t\tdata-wp-bind--aria-label=\"state.thisImage.triggerButtonAriaLabel\"\n\t\t\tdata-wp-init=\"callbacks.initTriggerButton\"\n\t\t\tdata-wp-on--click=\"actions.showLightbox\"\n\t\t\tdata-wp-style--right=\"state.thisImage.buttonRight\"\n\t\t\tdata-wp-style--top=\"state.thisImage.buttonTop\"\n\t\t>\n\t\t\t<svg xmlns=\"http:\/\/www.w3.org\/2000\/svg\" width=\"12\" height=\"12\" fill=\"none\" viewBox=\"0 0 12 12\">\n\t\t\t\t<path fill=\"#fff\" d=\"M2 0a2 2 0 0 0-2 2v2h1.5V2a.5.5 0 0 1 .5-.5h2V0H2Zm2 10.5H2a.5.5 0 0 1-.5-.5V8H0v2a2 2 0 0 0 2 2h2v-1.5ZM8 12v-1.5h2a.5.5 0 0 0 .5-.5V8H12v2a2 2 0 0 1-2 2H8Zm2-12a2 2 0 0 1 2 2v2h-1.5V2a.5.5 0 0 0-.5-.5H8V0h2Z\" \/>\n\t\t\t<\/svg>\n\t\t<\/button><\/figure>\n\n\n\n<h2 class=\"wp-block-heading\"><span class=\"ez-toc-section\" id=\"Kylpylat_Brandenburgissa_ja_Berliinissa\"><\/span>Kylpyl\u00e4t Brandenburgissa ja Berliiniss\u00e4<span class=\"ez-toc-section-end\"><\/span><\/h2>\n\n\n\n<p class=\"wp-block-paragraph\">Jos olet l\u00e4hd\u00f6ss\u00e4 pidennetylle viikonlopulle Saksan p\u00e4\u00e4kaupunkiin, olisi s\u00e4\u00e4li olla pys\u00e4htym\u00e4tt\u00e4 johonkin paikallisista wellness-kokonaisuuksista. Berliinin ymp\u00e4rist\u00f6 ja naapurikaupunki Brandenburg nimitt\u00e4in k\u00e4tkev\u00e4t todellisia aarteita, jotka tekev\u00e4t kaupunkilomastasi t\u00e4ydellisen rentoutumisel\u00e4myksen. Matka Helsingist\u00e4 sinne kest\u00e4\u00e4 lennolla vain reilun tunnin, joten paikalle p\u00e4\u00e4see helposti.<\/p>\n\n\n\n<p class=\"wp-block-paragraph\">Voit odottaa valtavaa monipuolisuutta ja kauniita alueita. T\u00e4\u00e4lt\u00e4 l\u00f6yd\u00e4t kuuluisan Spreewaldin parantavine suolavesineen, upean Havel Thermen, joka sijaitsee suoraan j\u00e4rven \u00e4\u00e4rell\u00e4, tai kuuluisan berliinil\u00e4isen vabali span, joka on valtava balilainen saunamaailma keskell\u00e4 p\u00e4\u00e4kaupunkia. Paikalliset kylpyl\u00e4t sopivat mainiosti niin romanttiseen kahden pakoretkeen kuin lapsiperheillekin, jotka etsiv\u00e4t hieman ansaittua lepoa koko p\u00e4iv\u00e4n kest\u00e4neen n\u00e4ht\u00e4vyyksien juoksentelun j\u00e4lkeen.<\/p>\n\n\n\n<figure data-wp-context=\"{&quot;imageId&quot;:&quot;6a9c55205a837&quot;}\" data-wp-interactive=\"core\/image\" data-wp-key=\"6a9c55205a837\" class=\"wp-block-image size-full wp-lightbox-container\"><img decoding=\"async\" width=\"1800\" height=\"1200\" data-wp-class--hide=\"state.isContentHidden\" data-wp-class--show=\"state.isContentVisible\" data-wp-init=\"callbacks.setButtonStyles\" data-wp-on--click=\"actions.showLightbox\" data-wp-on--load=\"callbacks.setButtonStyles\" data-wp-on--pointerdown=\"actions.preloadImage\" data-wp-on--pointerenter=\"actions.preloadImageWithDelay\" data-wp-on--pointerleave=\"actions.cancelPreload\" data-wp-on-window--resize=\"callbacks.setButtonStyles\" src=\"https:\/\/loudavymkrokem.cz\/wp-content\/uploads\/2026\/09\/nemecko-clanky-termaly-nemecko-48-a26adcb0-1.jpg\" alt=\"Havel Therme (Werder an der Havel)\" class=\"wp-image-415374\" title=\"\" srcset=\"https:\/\/loudavymkrokem.cz\/wp-content\/uploads\/2026\/09\/nemecko-clanky-termaly-nemecko-48-a26adcb0-1.jpg 1800w, https:\/\/loudavymkrokem.cz\/wp-content\/uploads\/2026\/09\/nemecko-clanky-termaly-nemecko-48-a26adcb0-1-300x200.jpg 300w, https:\/\/loudavymkrokem.cz\/wp-content\/uploads\/2026\/09\/nemecko-clanky-termaly-nemecko-48-a26adcb0-1-700x467.jpg 700w, https:\/\/loudavymkrokem.cz\/wp-content\/uploads\/2026\/09\/nemecko-clanky-termaly-nemecko-48-a26adcb0-1-768x512.jpg 768w, https:\/\/loudavymkrokem.cz\/wp-content\/uploads\/2026\/09\/nemecko-clanky-termaly-nemecko-48-a26adcb0-1-1536x1024.jpg 1536w, https:\/\/loudavymkrokem.cz\/wp-content\/uploads\/2026\/09\/nemecko-clanky-termaly-nemecko-48-a26adcb0-1-696x464.jpg 696w, https:\/\/loudavymkrokem.cz\/wp-content\/uploads\/2026\/09\/nemecko-clanky-termaly-nemecko-48-a26adcb0-1-1392x928.jpg 1392w\" sizes=\"(max-width: 1800px) 100vw, 1800px\" \/><button\n\t\t\tclass=\"lightbox-trigger\"\n\t\t\ttype=\"button\"\n\t\t\taria-haspopup=\"dialog\"\n\t\t\tdata-wp-bind--aria-label=\"state.thisImage.triggerButtonAriaLabel\"\n\t\t\tdata-wp-init=\"callbacks.initTriggerButton\"\n\t\t\tdata-wp-on--click=\"actions.showLightbox\"\n\t\t\tdata-wp-style--right=\"state.thisImage.buttonRight\"\n\t\t\tdata-wp-style--top=\"state.thisImage.buttonTop\"\n\t\t>\n\t\t\t<svg xmlns=\"http:\/\/www.w3.org\/2000\/svg\" width=\"12\" height=\"12\" fill=\"none\" viewBox=\"0 0 12 12\">\n\t\t\t\t<path fill=\"#fff\" d=\"M2 0a2 2 0 0 0-2 2v2h1.5V2a.5.5 0 0 1 .5-.5h2V0H2Zm2 10.5H2a.5.5 0 0 1-.5-.5V8H0v2a2 2 0 0 0 2 2h2v-1.5ZM8 12v-1.5h2a.5.5 0 0 0 .5-.5V8H12v2a2 2 0 0 1-2 2H8Zm2-12a2 2 0 0 1 2 2v2h-1.5V2a.5.5 0 0 0-.5-.5H8V0h2Z\" \/>\n\t\t\t<\/svg>\n\t\t<\/button><\/figure>\n\n\n\n<h3 class=\"wp-block-heading\"><span class=\"ez-toc-section\" id=\"39_Havel_Therme_Werder_an_der_Havel\"><\/span>39. Havel Therme (Werder an der Havel)<span class=\"ez-toc-section-end\"><\/span><\/h3>\n\n\n\n<p class=\"wp-block-paragraph\">Heti Berliinin rajan takana Werderin pikkukaupungissa sijaitsee <strong>Havel Therme<\/strong>, joka hurmaa sinut kauniilla sijainnillaan. Veto on ennen kaikkea <strong>sis\u00e4allas poolbaarilla ja 36 \u00b0C:n l\u00e4mp\u00f6tilalla<\/strong>, jossa voit nauttia juoman suoraan vedess\u00e4. Koko alue on suunniteltu kauniiseen v\u00e4limerelliseen tyyliin ja rahoilleen vastinetta saavat t\u00e4\u00e4ll\u00e4 ennen kaikkea aikuiset vieraat, jotka etsiv\u00e4t rauhaa ja rentoutumista raskaan p\u00e4iv\u00e4n j\u00e4lkeen.<\/p>\n\n\n\n<p class=\"wp-block-paragraph\">T\u00e4k\u00e4l\u00e4iset altaat tarjoavat paljon tilaa lepoon sek\u00e4 ulkona ett\u00e4 sis\u00e4ll\u00e4. Mill\u00e4 s\u00e4\u00e4ll\u00e4 tahansa voit upota suureen <strong>ulkotermaalialtaaseen, jonka pinta-ala on 235 m\u00b2 ja l\u00e4mp\u00f6tila 34 \u00b0C<\/strong>. Jos rakastat l\u00e4mp\u00f6\u00e4, \u00e4l\u00e4 ohita my\u00f6sk\u00e4\u00e4n h\u00f6yrykylpyj\u00e4, joissa sinua odottavat mukavat 45 \u00b0C, tai erityist\u00e4 kylpy\u00e4, jonka l\u00e4mp\u00f6tila on 43 \u00b0C ja joka on tarkoitettu regeneroiviin kuorintoihin ja parantavaan mutaan liittyviin hoitoihin.<\/p>\n\n\n\n<p class=\"wp-block-paragraph\">Saunomisen yst\u00e4ville on tarjolla laaja saunamaailma. V\u00e4limerellisen saunapuutarhan keskell\u00e4 l\u00f6yd\u00e4t <strong>panoraama-ulkoaltaan, jonka vesi on 34 \u00b0C l\u00e4mmint\u00e4<\/strong>, mutta johon menn\u00e4\u00e4n ehdottomasti ilman uima-asua. <strong>\ud83d\udca1 Vinkki:<\/strong> Saunaosassa on voimassa tiukka uima-asuton alue, joten muista ottaa mukaan riitt\u00e4v\u00e4sti pyyhkeit\u00e4 tai kylpytakki, jotta tunnet olosi mukavaksi liikkuessasi hoitojen v\u00e4lill\u00e4.<\/p>\n\n\n\n<figure data-wp-context=\"{&quot;imageId&quot;:&quot;6a9c55205adf2&quot;}\" data-wp-interactive=\"core\/image\" data-wp-key=\"6a9c55205adf2\" class=\"wp-block-image size-full wp-lightbox-container\"><img decoding=\"async\" width=\"1800\" height=\"1199\" data-wp-class--hide=\"state.isContentHidden\" data-wp-class--show=\"state.isContentVisible\" data-wp-init=\"callbacks.setButtonStyles\" data-wp-on--click=\"actions.showLightbox\" data-wp-on--load=\"callbacks.setButtonStyles\" data-wp-on--pointerdown=\"actions.preloadImage\" data-wp-on--pointerenter=\"actions.preloadImageWithDelay\" data-wp-on--pointerleave=\"actions.cancelPreload\" data-wp-on-window--resize=\"callbacks.setButtonStyles\" src=\"https:\/\/loudavymkrokem.cz\/wp-content\/uploads\/2026\/09\/nemecko-clanky-termaly-nemecko-49-71f9a6ee-1.jpg\" alt=\"Spreewald Therme (Burg)\" class=\"wp-image-415377\" title=\"\" srcset=\"https:\/\/loudavymkrokem.cz\/wp-content\/uploads\/2026\/09\/nemecko-clanky-termaly-nemecko-49-71f9a6ee-1.jpg 1800w, https:\/\/loudavymkrokem.cz\/wp-content\/uploads\/2026\/09\/nemecko-clanky-termaly-nemecko-49-71f9a6ee-1-300x200.jpg 300w, https:\/\/loudavymkrokem.cz\/wp-content\/uploads\/2026\/09\/nemecko-clanky-termaly-nemecko-49-71f9a6ee-1-700x466.jpg 700w, https:\/\/loudavymkrokem.cz\/wp-content\/uploads\/2026\/09\/nemecko-clanky-termaly-nemecko-49-71f9a6ee-1-768x512.jpg 768w, https:\/\/loudavymkrokem.cz\/wp-content\/uploads\/2026\/09\/nemecko-clanky-termaly-nemecko-49-71f9a6ee-1-1536x1023.jpg 1536w, https:\/\/loudavymkrokem.cz\/wp-content\/uploads\/2026\/09\/nemecko-clanky-termaly-nemecko-49-71f9a6ee-1-696x464.jpg 696w, https:\/\/loudavymkrokem.cz\/wp-content\/uploads\/2026\/09\/nemecko-clanky-termaly-nemecko-49-71f9a6ee-1-1392x927.jpg 1392w\" sizes=\"(max-width: 1800px) 100vw, 1800px\" \/><button\n\t\t\tclass=\"lightbox-trigger\"\n\t\t\ttype=\"button\"\n\t\t\taria-haspopup=\"dialog\"\n\t\t\tdata-wp-bind--aria-label=\"state.thisImage.triggerButtonAriaLabel\"\n\t\t\tdata-wp-init=\"callbacks.initTriggerButton\"\n\t\t\tdata-wp-on--click=\"actions.showLightbox\"\n\t\t\tdata-wp-style--right=\"state.thisImage.buttonRight\"\n\t\t\tdata-wp-style--top=\"state.thisImage.buttonTop\"\n\t\t>\n\t\t\t<svg xmlns=\"http:\/\/www.w3.org\/2000\/svg\" width=\"12\" height=\"12\" fill=\"none\" viewBox=\"0 0 12 12\">\n\t\t\t\t<path fill=\"#fff\" d=\"M2 0a2 2 0 0 0-2 2v2h1.5V2a.5.5 0 0 1 .5-.5h2V0H2Zm2 10.5H2a.5.5 0 0 1-.5-.5V8H0v2a2 2 0 0 0 2 2h2v-1.5ZM8 12v-1.5h2a.5.5 0 0 0 .5-.5V8H12v2a2 2 0 0 1-2 2H8Zm2-12a2 2 0 0 1 2 2v2h-1.5V2a.5.5 0 0 0-.5-.5H8V0h2Z\" \/>\n\t\t\t<\/svg>\n\t\t<\/button><\/figure>\n\n\n\n<h3 class=\"wp-block-heading\"><span class=\"ez-toc-section\" id=\"40_Spreewald_Therme_Burg\"><\/span>40. Spreewald Therme (Burg)<span class=\"ez-toc-section-end\"><\/span><\/h3>\n\n\n\n<p class=\"wp-block-paragraph\">Jos suuntaat taianomaiselle alueelle t\u00e4ynn\u00e4 vesikanavia, \u00e4l\u00e4 ohita <strong>Spreewald Therme\u00e4<\/strong> Burgin kunnassa. T\u00e4m\u00e4 kokonaisuus erottuu ennen kaikkea <strong>parantavalla termaalisella suolavedell\u00e4<\/strong>, jonka pitoisuus eri altaissa vaihtelee 2,5 %:sta aina kunnioitettaviin 8 %:iin. Se on ihanteellinen paikka kaikille, jotka haluavat yhdist\u00e4\u00e4 retket vieh\u00e4tt\u00e4v\u00e4\u00e4n luontoon terveytens\u00e4 ja hengitysteidens\u00e4 hoitoon.<\/p>\n\n\n\n<p class=\"wp-block-paragraph\">Sis\u00e4ll\u00e4 sinua odottaa per\u00e4ti useita altaita eri l\u00e4mp\u00f6tiloilla, joten jokainen l\u00f6yt\u00e4\u00e4 t\u00e4\u00e4lt\u00e4 juuri omansa. Voit l\u00e4mmitt\u00e4\u00e4 itsesi altaissa, joiden l\u00e4mp\u00f6tila on <strong>34 \u00b0C:sta aina kauniin l\u00e4mpimiin 38 \u00b0C:seen<\/strong>, tai p\u00e4invastoin viilent\u00e4\u00e4 itsesi kylm\u00e4ss\u00e4 altaassa, jossa on vain 18 \u00b0C. Jos kokeilet mielell\u00e4si jotain uutta, sinua kiinnostaa paikallinen h\u00f6yrysauna, jossa 47 \u00b0C:n l\u00e4mp\u00f6tilassa yll\u00e4pidet\u00e4\u00e4n sadan prosentin ilmankosteus.<\/p>\n\n\n\n<p class=\"wp-block-paragraph\">Vuoden 2026 hinnaston mukaan kahden tunnin peruslippu altaisiin maksaa 21 \u20ac, kun taas <strong>yhdistelm\u00e4lippu saunoineen maksaa 27 \u20ac<\/strong>. Viikonloppuisin ja pyhin\u00e4 varaudu 2 \u20ac:n lis\u00e4maksuun, ja voit my\u00f6s vuokrata t\u00e4\u00e4ll\u00e4 kylpytakin 7 \u20ac:lla tai varata lepotuolin 7,50 \u20ac:lla. <strong>\ud83d\udca1 Vinkki:<\/strong> Jos aiot matkustaa paikallisliikenteell\u00e4 Cottbusverkehr, kysy erityist\u00e4 Wellnessticketi\u00e4, joka aikuiselle maksaa 23 \u20ac ja alle kaksitoistavuotiaille lapsille 17 \u20ac.<\/p>\n\n\n\n<figure data-wp-context=\"{&quot;imageId&quot;:&quot;6a9c55205b3fb&quot;}\" data-wp-interactive=\"core\/image\" data-wp-key=\"6a9c55205b3fb\" class=\"wp-block-image size-full wp-lightbox-container\"><img decoding=\"async\" width=\"1800\" height=\"881\" data-wp-class--hide=\"state.isContentHidden\" data-wp-class--show=\"state.isContentVisible\" data-wp-init=\"callbacks.setButtonStyles\" data-wp-on--click=\"actions.showLightbox\" data-wp-on--load=\"callbacks.setButtonStyles\" data-wp-on--pointerdown=\"actions.preloadImage\" data-wp-on--pointerenter=\"actions.preloadImageWithDelay\" data-wp-on--pointerleave=\"actions.cancelPreload\" data-wp-on-window--resize=\"callbacks.setButtonStyles\" src=\"https:\/\/loudavymkrokem.cz\/wp-content\/uploads\/2026\/09\/nemecko-clanky-termaly-nemecko-50-ecf98ec5-1.jpg\" alt=\"NaturThermeTemplin (Templin): saunaosa\" class=\"wp-image-415380\" title=\"\" srcset=\"https:\/\/loudavymkrokem.cz\/wp-content\/uploads\/2026\/09\/nemecko-clanky-termaly-nemecko-50-ecf98ec5-1.jpg 1800w, https:\/\/loudavymkrokem.cz\/wp-content\/uploads\/2026\/09\/nemecko-clanky-termaly-nemecko-50-ecf98ec5-1-300x147.jpg 300w, https:\/\/loudavymkrokem.cz\/wp-content\/uploads\/2026\/09\/nemecko-clanky-termaly-nemecko-50-ecf98ec5-1-700x343.jpg 700w, https:\/\/loudavymkrokem.cz\/wp-content\/uploads\/2026\/09\/nemecko-clanky-termaly-nemecko-50-ecf98ec5-1-768x376.jpg 768w, https:\/\/loudavymkrokem.cz\/wp-content\/uploads\/2026\/09\/nemecko-clanky-termaly-nemecko-50-ecf98ec5-1-1536x752.jpg 1536w, https:\/\/loudavymkrokem.cz\/wp-content\/uploads\/2026\/09\/nemecko-clanky-termaly-nemecko-50-ecf98ec5-1-696x341.jpg 696w, https:\/\/loudavymkrokem.cz\/wp-content\/uploads\/2026\/09\/nemecko-clanky-termaly-nemecko-50-ecf98ec5-1-1392x681.jpg 1392w\" sizes=\"(max-width: 1800px) 100vw, 1800px\" \/><button\n\t\t\tclass=\"lightbox-trigger\"\n\t\t\ttype=\"button\"\n\t\t\taria-haspopup=\"dialog\"\n\t\t\tdata-wp-bind--aria-label=\"state.thisImage.triggerButtonAriaLabel\"\n\t\t\tdata-wp-init=\"callbacks.initTriggerButton\"\n\t\t\tdata-wp-on--click=\"actions.showLightbox\"\n\t\t\tdata-wp-style--right=\"state.thisImage.buttonRight\"\n\t\t\tdata-wp-style--top=\"state.thisImage.buttonTop\"\n\t\t>\n\t\t\t<svg xmlns=\"http:\/\/www.w3.org\/2000\/svg\" width=\"12\" height=\"12\" fill=\"none\" viewBox=\"0 0 12 12\">\n\t\t\t\t<path fill=\"#fff\" d=\"M2 0a2 2 0 0 0-2 2v2h1.5V2a.5.5 0 0 1 .5-.5h2V0H2Zm2 10.5H2a.5.5 0 0 1-.5-.5V8H0v2a2 2 0 0 0 2 2h2v-1.5ZM8 12v-1.5h2a.5.5 0 0 0 .5-.5V8H12v2a2 2 0 0 1-2 2H8Zm2-12a2 2 0 0 1 2 2v2h-1.5V2a.5.5 0 0 0-.5-.5H8V0h2Z\" \/>\n\t\t\t<\/svg>\n\t\t<\/button><\/figure>\n\n\n\n<h3 class=\"wp-block-heading\"><span class=\"ez-toc-section\" id=\"41_NaturThermeTemplin_Templin\"><\/span>41. NaturThermeTemplin (Templin)<span class=\"ez-toc-section-end\"><\/span><\/h3>\n\n\n\n<p class=\"wp-block-paragraph\">Brandenburgin koillisosassa houkuttelee vierailemaan <strong>NaturThermeTemplin<\/strong>, suosittu termaali- ja huvialue keskell\u00e4 Uckermarkin metsi\u00e4. P\u00e4\u00e4veto on t\u00e4k\u00e4l\u00e4inen <strong>termaalinen suolavesi, jonka pitoisuus on 1\u20136 %<\/strong>, joka pulppuaa syv\u00e4lt\u00e4 maan alta ja saavuttaa mukavat 30\u201336 \u00b0C:n l\u00e4mp\u00f6tilat. Kyseess\u00e4 on loistava valinta sek\u00e4 perheille ett\u00e4 pareille, sill\u00e4 alue yhdist\u00e4\u00e4 rauhallisen kylpyl\u00e4n ja aktiivisemman lep\u00e4\u00e4misen.<\/p>\n\n\n\n<p class=\"wp-block-paragraph\">Paikallisen l\u00e4hteen vesi t\u00e4ytt\u00e4\u00e4 tiukat kriteerit parantavan termaaliveden merkinn\u00e4lle, sill\u00e4 jo itse pulppuamiskohdassa sen l\u00e4mp\u00f6tila on korkeampi kuin 20 \u00b0C. My\u00f6hemm\u00e4n k\u00e4sittelyn j\u00e4lkeen voit siis nauttia <strong>l\u00e4mpim\u00e4n suolaveden hyv\u00e4\u00e4 tekevist\u00e4 vaikutuksista<\/strong>, joka kannattelee kauniisti ja rentouttaa v\u00e4syneet lihakset. Kokonaisuudessa voi viett\u00e4\u00e4 huoletta koko p\u00e4iv\u00e4n, sill\u00e4 se tarjoaa riitt\u00e4v\u00e4sti tilaa uintiin, rentoutumiseen ja l\u00e4mmittelyyn.<\/p>\n\n\n\n<p class=\"wp-block-paragraph\">Vuoden 2026 hinnasto ilmoittaa, ett\u00e4 siirtymisest\u00e4 saunamaailmaan maksat <strong>kertaluonteisen 4 \u20ac:n lis\u00e4maksun<\/strong>. Jos l\u00e4hdet viikonloppuna tai pyhin\u00e4, varaudu viel\u00e4 3 \u20ac:n viikonloppulis\u00e4\u00e4n, joka koskee kuitenkin vain aikuisia vieraita. <strong>\ud83d\udca1 Vinkki:<\/strong> Seuraa tarkasti s\u00e4\u00e4ennustetta, sill\u00e4 jos meteorologit ilmoittavat 25 \u00b0C tai enemm\u00e4n, kylpyl\u00f6iss\u00e4 on voimassa edullisempi kes\u00e4tariffi.<\/p>\n\n\n\n<figure data-wp-context=\"{&quot;imageId&quot;:&quot;6a9c55205b985&quot;}\" data-wp-interactive=\"core\/image\" data-wp-key=\"6a9c55205b985\" class=\"wp-block-image size-full wp-lightbox-container\"><img decoding=\"async\" width=\"1800\" height=\"900\" data-wp-class--hide=\"state.isContentHidden\" data-wp-class--show=\"state.isContentVisible\" data-wp-init=\"callbacks.setButtonStyles\" data-wp-on--click=\"actions.showLightbox\" data-wp-on--load=\"callbacks.setButtonStyles\" data-wp-on--pointerdown=\"actions.preloadImage\" data-wp-on--pointerenter=\"actions.preloadImageWithDelay\" data-wp-on--pointerleave=\"actions.cancelPreload\" data-wp-on-window--resize=\"callbacks.setButtonStyles\" src=\"https:\/\/loudavymkrokem.cz\/wp-content\/uploads\/2026\/09\/nemecko-clanky-termaly-nemecko-51-a4b55ee4-1.jpg\" alt=\"Spreewelten Bad -kylpyl\u00e4n saunaosa L\u00fcbbenaussa\" class=\"wp-image-415385\" title=\"\" srcset=\"https:\/\/loudavymkrokem.cz\/wp-content\/uploads\/2026\/09\/nemecko-clanky-termaly-nemecko-51-a4b55ee4-1.jpg 1800w, https:\/\/loudavymkrokem.cz\/wp-content\/uploads\/2026\/09\/nemecko-clanky-termaly-nemecko-51-a4b55ee4-1-300x150.jpg 300w, https:\/\/loudavymkrokem.cz\/wp-content\/uploads\/2026\/09\/nemecko-clanky-termaly-nemecko-51-a4b55ee4-1-700x350.jpg 700w, https:\/\/loudavymkrokem.cz\/wp-content\/uploads\/2026\/09\/nemecko-clanky-termaly-nemecko-51-a4b55ee4-1-768x384.jpg 768w, https:\/\/loudavymkrokem.cz\/wp-content\/uploads\/2026\/09\/nemecko-clanky-termaly-nemecko-51-a4b55ee4-1-1536x768.jpg 1536w, https:\/\/loudavymkrokem.cz\/wp-content\/uploads\/2026\/09\/nemecko-clanky-termaly-nemecko-51-a4b55ee4-1-696x348.jpg 696w, https:\/\/loudavymkrokem.cz\/wp-content\/uploads\/2026\/09\/nemecko-clanky-termaly-nemecko-51-a4b55ee4-1-1392x696.jpg 1392w\" sizes=\"(max-width: 1800px) 100vw, 1800px\" \/><button\n\t\t\tclass=\"lightbox-trigger\"\n\t\t\ttype=\"button\"\n\t\t\taria-haspopup=\"dialog\"\n\t\t\tdata-wp-bind--aria-label=\"state.thisImage.triggerButtonAriaLabel\"\n\t\t\tdata-wp-init=\"callbacks.initTriggerButton\"\n\t\t\tdata-wp-on--click=\"actions.showLightbox\"\n\t\t\tdata-wp-style--right=\"state.thisImage.buttonRight\"\n\t\t\tdata-wp-style--top=\"state.thisImage.buttonTop\"\n\t\t>\n\t\t\t<svg xmlns=\"http:\/\/www.w3.org\/2000\/svg\" width=\"12\" height=\"12\" fill=\"none\" viewBox=\"0 0 12 12\">\n\t\t\t\t<path fill=\"#fff\" d=\"M2 0a2 2 0 0 0-2 2v2h1.5V2a.5.5 0 0 1 .5-.5h2V0H2Zm2 10.5H2a.5.5 0 0 1-.5-.5V8H0v2a2 2 0 0 0 2 2h2v-1.5ZM8 12v-1.5h2a.5.5 0 0 0 .5-.5V8H12v2a2 2 0 0 1-2 2H8Zm2-12a2 2 0 0 1 2 2v2h-1.5V2a.5.5 0 0 0-.5-.5H8V0h2Z\" \/>\n\t\t\t<\/svg>\n\t\t<\/button><\/figure>\n\n\n\n<h3 class=\"wp-block-heading\"><span class=\"ez-toc-section\" id=\"42_Spreewelten_Bad_Lubbenau_Lubbenau\"><\/span>42. Spreewelten Bad L\u00fcbbenau (L\u00fcbbenau)<span class=\"ez-toc-section-end\"><\/span><\/h3>\n\n\n\n<p class=\"wp-block-paragraph\">T\u00e4m\u00e4 on koko koosteen omaper\u00e4isin kylpyl\u00e4, sill\u00e4 yll\u00e4pit\u00e4j\u00e4t sanovat itsest\u00e4\u00e4n: <strong>&#8220;me olemme ne pingviinien kanssa&#8221;<\/strong>. L\u00fcbbenaun alueella allas nimitt\u00e4in rajautuu pingviinien tarhaan, joita erottaa vain lasisein\u00e4t, joten uidessasi n\u00e4m\u00e4 linnut ovat suoraan k\u00e4denulottuvillasi. Lapsiperheille se on el\u00e4mys, jota ei Saksassa voi miss\u00e4\u00e4n muualla toistaa.<\/p>\n\n\n\n<p class=\"wp-block-paragraph\">Pingviinien ymp\u00e4rille on rakennettu koko ohjelma: j\u00e4rjestet\u00e4\u00e4n <strong>selostettu ruokinta ja VIP-kierros tarhassa<\/strong>, ja pienemmill\u00e4 lapsilla on oma Pingu Kids Club. El\u00e4mysaltaan ja liukum\u00e4en lis\u00e4ksi t\u00e4\u00e4ll\u00e4 toimii kuitenkin my\u00f6s t\u00e4ysipainoinen saunamaailma eritt\u00e4in laajalla l\u00e4mp\u00f6tila-asteikolla, joten aikuiset eiv\u00e4t j\u00e4\u00e4 nuolemaan n\u00e4ppej\u00e4\u00e4n. Kokonaisuuteen kuuluu my\u00f6s oma hotelli wellness-osastoineen, jos haluat j\u00e4\u00e4d\u00e4 y\u00f6ksi.<\/p>\n\n\n\n<p class=\"wp-block-paragraph\">Valita voit lempeist\u00e4 l\u00e4mmittelytiloista <strong>40\u201350 \u00b0C:lla<\/strong> keskil\u00e4mp\u00f6isten saunojen kautta (60, 70 ja 80 \u00b0C) aina oikeisiin helvetinkuumiin 85 ja <strong>95 \u00b0C:seen<\/strong>. Saunamaailmaan lapset p\u00e4\u00e4sev\u00e4t vasta 7-vuotiaana ja heid\u00e4n koko p\u00e4iv\u00e4n sis\u00e4\u00e4np\u00e4\u00e4syns\u00e4 maksaa 8 euroa. <strong>\ud83d\udca1 Vinkki:<\/strong> Jos haluat n\u00e4hd\u00e4 pingviinit aktiivisina, suunnittele k\u00e4yntisi ruokinta-aikaan, jonka yll\u00e4pit\u00e4j\u00e4 ilmoittaa verkkosivuillaan.<\/p>\n\n\n\n<figure data-wp-context=\"{&quot;imageId&quot;:&quot;6a9c55205be24&quot;}\" data-wp-interactive=\"core\/image\" data-wp-key=\"6a9c55205be24\" class=\"wp-block-image size-full wp-lightbox-container\"><img decoding=\"async\" width=\"1800\" height=\"852\" data-wp-class--hide=\"state.isContentHidden\" data-wp-class--show=\"state.isContentVisible\" data-wp-init=\"callbacks.setButtonStyles\" data-wp-on--click=\"actions.showLightbox\" data-wp-on--load=\"callbacks.setButtonStyles\" data-wp-on--pointerdown=\"actions.preloadImage\" data-wp-on--pointerenter=\"actions.preloadImageWithDelay\" data-wp-on--pointerleave=\"actions.cancelPreload\" data-wp-on-window--resize=\"callbacks.setButtonStyles\" src=\"https:\/\/loudavymkrokem.cz\/wp-content\/uploads\/2026\/09\/nemecko-clanky-termaly-nemecko-52-6414cd66.jpg\" alt=\"Kristalltherme-kylpyl\u00e4n ulkona oleva suolaj\u00e4rvi Bad Wilsnackissa\" class=\"wp-image-415515\" title=\"\" srcset=\"https:\/\/loudavymkrokem.cz\/wp-content\/uploads\/2026\/09\/nemecko-clanky-termaly-nemecko-52-6414cd66.jpg 1800w, https:\/\/loudavymkrokem.cz\/wp-content\/uploads\/2026\/09\/nemecko-clanky-termaly-nemecko-52-6414cd66-300x142.jpg 300w, https:\/\/loudavymkrokem.cz\/wp-content\/uploads\/2026\/09\/nemecko-clanky-termaly-nemecko-52-6414cd66-700x331.jpg 700w, https:\/\/loudavymkrokem.cz\/wp-content\/uploads\/2026\/09\/nemecko-clanky-termaly-nemecko-52-6414cd66-768x364.jpg 768w, https:\/\/loudavymkrokem.cz\/wp-content\/uploads\/2026\/09\/nemecko-clanky-termaly-nemecko-52-6414cd66-1536x727.jpg 1536w, https:\/\/loudavymkrokem.cz\/wp-content\/uploads\/2026\/09\/nemecko-clanky-termaly-nemecko-52-6414cd66-696x329.jpg 696w, https:\/\/loudavymkrokem.cz\/wp-content\/uploads\/2026\/09\/nemecko-clanky-termaly-nemecko-52-6414cd66-1392x659.jpg 1392w\" sizes=\"(max-width: 1800px) 100vw, 1800px\" \/><button\n\t\t\tclass=\"lightbox-trigger\"\n\t\t\ttype=\"button\"\n\t\t\taria-haspopup=\"dialog\"\n\t\t\tdata-wp-bind--aria-label=\"state.thisImage.triggerButtonAriaLabel\"\n\t\t\tdata-wp-init=\"callbacks.initTriggerButton\"\n\t\t\tdata-wp-on--click=\"actions.showLightbox\"\n\t\t\tdata-wp-style--right=\"state.thisImage.buttonRight\"\n\t\t\tdata-wp-style--top=\"state.thisImage.buttonTop\"\n\t\t>\n\t\t\t<svg xmlns=\"http:\/\/www.w3.org\/2000\/svg\" width=\"12\" height=\"12\" fill=\"none\" viewBox=\"0 0 12 12\">\n\t\t\t\t<path fill=\"#fff\" d=\"M2 0a2 2 0 0 0-2 2v2h1.5V2a.5.5 0 0 1 .5-.5h2V0H2Zm2 10.5H2a.5.5 0 0 1-.5-.5V8H0v2a2 2 0 0 0 2 2h2v-1.5ZM8 12v-1.5h2a.5.5 0 0 0 .5-.5V8H12v2a2 2 0 0 1-2 2H8Zm2-12a2 2 0 0 1 2 2v2h-1.5V2a.5.5 0 0 0-.5-.5H8V0h2Z\" \/>\n\t\t\t<\/svg>\n\t\t<\/button><\/figure>\n\n\n\n<h3 class=\"wp-block-heading\"><span class=\"ez-toc-section\" id=\"43_Kristalltherme_Bad_Wilsnack_Bad_Wilsnack\"><\/span>43. Kristalltherme Bad Wilsnack (Bad Wilsnack)<span class=\"ez-toc-section-end\"><\/span><\/h3>\n\n\n\n<p class=\"wp-block-paragraph\">Valtavan l\u00e4hes 12 000 m\u00b2:n alueen tarjoaa kuuluisa <strong>Kristalltherme Bad Wilsnack<\/strong>. Sen ehdoton ylpeys on oma termaalil\u00e4hde, joka louhitaan kunnioitettavasta 1018 metrin syvyydest\u00e4 ja pulppuaa pinnalle 39 \u00b0C:n l\u00e4mp\u00f6tilalla. <strong>Vesi sis\u00e4lt\u00e4\u00e4 suuren m\u00e4\u00e4r\u00e4n rautaa ja jodia<\/strong>, ja suolapitoisuuden ansiosta, joka on 1,5 %:sta aina 24 %:iin, t\u00e4\u00e4ll\u00e4 kirjaimellisesti kylvet terveyteen.<\/p>\n\n\n\n<p class=\"wp-block-paragraph\">T\u00e4\u00e4lt\u00e4 l\u00f6ytyy allas, jossa on 24 %:n suolapitoisuus ja 32 \u00b0C:n l\u00e4mp\u00f6tila, ja jossa leijut kuin Kuolleessameress\u00e4. Muissa altaissa, joissa on parantavaa vett\u00e4, on yleens\u00e4 mukavat 34\u201336 \u00b0C ja niiden mineraalit toimivat <strong>luonnollisena kuorintana ihon pehment\u00e4miseksi<\/strong>. 34-asteisessa vedess\u00e4, jossa on v\u00e4hemm\u00e4n suolaa, jopa j\u00e4rjestet\u00e4\u00e4n s\u00e4\u00e4nn\u00f6llist\u00e4 liikuntaa kokeneiden ohjaajien johdolla.<\/p>\n\n\n\n<p class=\"wp-block-paragraph\">L\u00e4mmitt\u00e4\u00e4 voit itsesi yhteens\u00e4 8 teemasaunassa, joiden l\u00e4mp\u00f6tilat ovat 70\u2013100 \u00b0C, joista kolme on sis\u00e4ll\u00e4 ja viisi ulkona. Vuoden 2026 hinnaston mukaan maksat <strong>saunalis\u00e4st\u00e4 koko p\u00e4iv\u00e4n lippuun 5,50 \u20ac<\/strong>, jolloin alle 6-vuotiaat lapset maksavat lis\u00e4\u00e4 4,50 \u20ac. <strong>\ud83d\udca1 Vinkki:<\/strong> Jos et halua kantaa mukanasi t\u00e4ytt\u00e4 pyyhelaukkua, voit vuokrata paikan p\u00e4\u00e4ll\u00e4 pyyhkeen 5 \u20ac:lla tai kylpytakin 7 \u20ac:lla, varaa vain lis\u00e4ksi 15 \u20ac palautettavaa panttia varten.<\/p>\n\n\n\n<figure data-wp-context=\"{&quot;imageId&quot;:&quot;6a9c55205c310&quot;}\" data-wp-interactive=\"core\/image\" data-wp-key=\"6a9c55205c310\" class=\"wp-block-image size-full wp-lightbox-container\"><img decoding=\"async\" width=\"1800\" height=\"1199\" data-wp-class--hide=\"state.isContentHidden\" data-wp-class--show=\"state.isContentVisible\" data-wp-init=\"callbacks.setButtonStyles\" data-wp-on--click=\"actions.showLightbox\" data-wp-on--load=\"callbacks.setButtonStyles\" data-wp-on--pointerdown=\"actions.preloadImage\" data-wp-on--pointerenter=\"actions.preloadImageWithDelay\" data-wp-on--pointerleave=\"actions.cancelPreload\" data-wp-on-window--resize=\"callbacks.setButtonStyles\" src=\"https:\/\/loudavymkrokem.cz\/wp-content\/uploads\/2026\/09\/nemecko-clanky-termaly-nemecko-53-7b17d971-1.jpg\" alt=\"vabali spa Berlin (Berlin)\" class=\"wp-image-415394\" title=\"\" srcset=\"https:\/\/loudavymkrokem.cz\/wp-content\/uploads\/2026\/09\/nemecko-clanky-termaly-nemecko-53-7b17d971-1.jpg 1800w, https:\/\/loudavymkrokem.cz\/wp-content\/uploads\/2026\/09\/nemecko-clanky-termaly-nemecko-53-7b17d971-1-300x200.jpg 300w, https:\/\/loudavymkrokem.cz\/wp-content\/uploads\/2026\/09\/nemecko-clanky-termaly-nemecko-53-7b17d971-1-700x466.jpg 700w, https:\/\/loudavymkrokem.cz\/wp-content\/uploads\/2026\/09\/nemecko-clanky-termaly-nemecko-53-7b17d971-1-768x512.jpg 768w, https:\/\/loudavymkrokem.cz\/wp-content\/uploads\/2026\/09\/nemecko-clanky-termaly-nemecko-53-7b17d971-1-1536x1023.jpg 1536w, https:\/\/loudavymkrokem.cz\/wp-content\/uploads\/2026\/09\/nemecko-clanky-termaly-nemecko-53-7b17d971-1-696x464.jpg 696w, https:\/\/loudavymkrokem.cz\/wp-content\/uploads\/2026\/09\/nemecko-clanky-termaly-nemecko-53-7b17d971-1-1392x927.jpg 1392w\" sizes=\"(max-width: 1800px) 100vw, 1800px\" \/><button\n\t\t\tclass=\"lightbox-trigger\"\n\t\t\ttype=\"button\"\n\t\t\taria-haspopup=\"dialog\"\n\t\t\tdata-wp-bind--aria-label=\"state.thisImage.triggerButtonAriaLabel\"\n\t\t\tdata-wp-init=\"callbacks.initTriggerButton\"\n\t\t\tdata-wp-on--click=\"actions.showLightbox\"\n\t\t\tdata-wp-style--right=\"state.thisImage.buttonRight\"\n\t\t\tdata-wp-style--top=\"state.thisImage.buttonTop\"\n\t\t>\n\t\t\t<svg xmlns=\"http:\/\/www.w3.org\/2000\/svg\" width=\"12\" height=\"12\" fill=\"none\" viewBox=\"0 0 12 12\">\n\t\t\t\t<path fill=\"#fff\" d=\"M2 0a2 2 0 0 0-2 2v2h1.5V2a.5.5 0 0 1 .5-.5h2V0H2Zm2 10.5H2a.5.5 0 0 1-.5-.5V8H0v2a2 2 0 0 0 2 2h2v-1.5ZM8 12v-1.5h2a.5.5 0 0 0 .5-.5V8H12v2a2 2 0 0 1-2 2H8Zm2-12a2 2 0 0 1 2 2v2h-1.5V2a.5.5 0 0 0-.5-.5H8V0h2Z\" \/>\n\t\t\t<\/svg>\n\t\t<\/button><\/figure>\n\n\n\n<h3 class=\"wp-block-heading\"><span class=\"ez-toc-section\" id=\"44_vabali_spa_Berlin_Berlin\"><\/span>44. vabali spa Berlin (Berlin)<span class=\"ez-toc-section-end\"><\/span><\/h3>\n\n\n\n<p class=\"wp-block-paragraph\">Jos etsit pakoa suurkaupungin h\u00e4lin\u00e4lt\u00e4, suuntaa <strong>vabali spa Berliniin<\/strong>, joka sijaitsee suoraan Saksan metropolin syd\u00e4mess\u00e4. T\u00e4m\u00e4 ainutlaatuinen alue on suunniteltu <strong>autenttiseksi balilaiseksi wellness-keitaaksi<\/strong>, jossa sinut ymp\u00e4r\u00f6iv\u00e4t perinteiset puurakennukset, patsaat ja suoraan Indonesiasta tuodut materiaalit. T\u00e4k\u00e4l\u00e4inen ymp\u00e4rist\u00f6 keskittyy yksinomaan rauhaan ja aikuisiin vieraisiin, joten unohda liukum\u00e4et ja lasten kirkuminen.<\/p>\n\n\n\n<p class=\"wp-block-paragraph\">Kokonaisuus tarjoaa <strong>13 saunaa ja h\u00f6yrykylpy\u00e4<\/strong>, joita t\u00e4ydent\u00e4\u00e4 4 virkist\u00e4v\u00e4\u00e4 allasta. Valikoima on monipuolinen ja tyydytt\u00e4\u00e4 jokaisen saunojan. Voit kokeilla panoraamasaunaa Pandangan tai meditaatiosaunaa Jiwa mukavilla 70 \u00b0C:lla, tai koivusaunaa Kayu. Korkeampien l\u00e4mp\u00f6tilojen yst\u00e4ville on tarjolla aufguss-saunat Awan, Di Luar tai Di Dalam, joissa l\u00e4mp\u00f6mittari n\u00e4ytt\u00e4\u00e4 noin 80 \u00b0C.<\/p>\n\n\n\n<p class=\"wp-block-paragraph\">Hienovaraisempaan l\u00e4mmittelyyn sopii sitten yrttisauna Bali Boreh 70 \u00b0C:lla tai lempe\u00e4 laconium, joka on l\u00e4mmitetty 45 \u00b0C:seen. Vuoden 2026 hinnaston mukaan <strong>nelj\u00e4n tunnin sis\u00e4\u00e4np\u00e4\u00e4sy maksaa arkip\u00e4ivin\u00e4 36,50 \u20ac<\/strong>, kun taas viikonloppuisin ja pyhin\u00e4 maksat lis\u00e4\u00e4 39,50 \u20ac. <strong>\ud83d\udca1 Vinkki:<\/strong> T\u00e4m\u00e4 suosittu berliinil\u00e4inen alue on yleens\u00e4 viikonloppuisin hyvin t\u00e4ynn\u00e4, joten l\u00e4hde t\u00e4nne ihanteellisesti heti aamulla tai arkip\u00e4ivin\u00e4, jolloin nautit balilaisesta tunnelmasta paljon suuremmassa rauhassa.<\/p>\n\n\n\n<figure data-wp-context=\"{&quot;imageId&quot;:&quot;6a9c55205c918&quot;}\" data-wp-interactive=\"core\/image\" data-wp-key=\"6a9c55205c918\" class=\"wp-block-image size-full wp-lightbox-container\"><img decoding=\"async\" width=\"1800\" height=\"1348\" data-wp-class--hide=\"state.isContentHidden\" data-wp-class--show=\"state.isContentVisible\" data-wp-init=\"callbacks.setButtonStyles\" data-wp-on--click=\"actions.showLightbox\" data-wp-on--load=\"callbacks.setButtonStyles\" data-wp-on--pointerdown=\"actions.preloadImage\" data-wp-on--pointerenter=\"actions.preloadImageWithDelay\" data-wp-on--pointerleave=\"actions.cancelPreload\" data-wp-on-window--resize=\"callbacks.setButtonStyles\" src=\"https:\/\/loudavymkrokem.cz\/wp-content\/uploads\/2026\/09\/nemecko-clanky-termaly-nemecko-54-eb39270c-1.jpg\" alt=\"Ostsee-Therme -rakennus Scharbeutzissa It\u00e4meren rannalla\" class=\"wp-image-415398\" title=\"\" srcset=\"https:\/\/loudavymkrokem.cz\/wp-content\/uploads\/2026\/09\/nemecko-clanky-termaly-nemecko-54-eb39270c-1.jpg 1800w, https:\/\/loudavymkrokem.cz\/wp-content\/uploads\/2026\/09\/nemecko-clanky-termaly-nemecko-54-eb39270c-1-300x225.jpg 300w, https:\/\/loudavymkrokem.cz\/wp-content\/uploads\/2026\/09\/nemecko-clanky-termaly-nemecko-54-eb39270c-1-700x524.jpg 700w, https:\/\/loudavymkrokem.cz\/wp-content\/uploads\/2026\/09\/nemecko-clanky-termaly-nemecko-54-eb39270c-1-768x575.jpg 768w, https:\/\/loudavymkrokem.cz\/wp-content\/uploads\/2026\/09\/nemecko-clanky-termaly-nemecko-54-eb39270c-1-1536x1150.jpg 1536w, https:\/\/loudavymkrokem.cz\/wp-content\/uploads\/2026\/09\/nemecko-clanky-termaly-nemecko-54-eb39270c-1-80x60.jpg 80w, https:\/\/loudavymkrokem.cz\/wp-content\/uploads\/2026\/09\/nemecko-clanky-termaly-nemecko-54-eb39270c-1-160x120.jpg 160w, https:\/\/loudavymkrokem.cz\/wp-content\/uploads\/2026\/09\/nemecko-clanky-termaly-nemecko-54-eb39270c-1-696x521.jpg 696w, https:\/\/loudavymkrokem.cz\/wp-content\/uploads\/2026\/09\/nemecko-clanky-termaly-nemecko-54-eb39270c-1-1392x1042.jpg 1392w\" sizes=\"(max-width: 1800px) 100vw, 1800px\" \/><button\n\t\t\tclass=\"lightbox-trigger\"\n\t\t\ttype=\"button\"\n\t\t\taria-haspopup=\"dialog\"\n\t\t\tdata-wp-bind--aria-label=\"state.thisImage.triggerButtonAriaLabel\"\n\t\t\tdata-wp-init=\"callbacks.initTriggerButton\"\n\t\t\tdata-wp-on--click=\"actions.showLightbox\"\n\t\t\tdata-wp-style--right=\"state.thisImage.buttonRight\"\n\t\t\tdata-wp-style--top=\"state.thisImage.buttonTop\"\n\t\t>\n\t\t\t<svg xmlns=\"http:\/\/www.w3.org\/2000\/svg\" width=\"12\" height=\"12\" fill=\"none\" viewBox=\"0 0 12 12\">\n\t\t\t\t<path fill=\"#fff\" d=\"M2 0a2 2 0 0 0-2 2v2h1.5V2a.5.5 0 0 1 .5-.5h2V0H2Zm2 10.5H2a.5.5 0 0 1-.5-.5V8H0v2a2 2 0 0 0 2 2h2v-1.5ZM8 12v-1.5h2a.5.5 0 0 0 .5-.5V8H12v2a2 2 0 0 1-2 2H8Zm2-12a2 2 0 0 1 2 2v2h-1.5V2a.5.5 0 0 0-.5-.5H8V0h2Z\" \/>\n\t\t\t<\/svg>\n\t\t<\/button><figcaption class=\"wp-element-caption\">Kuva: qwesy qwesy \/ Wikimedia Commons, CC BY 3.0<\/figcaption><\/figure>\n\n\n\n<h2 class=\"wp-block-heading\"><span class=\"ez-toc-section\" id=\"Kylpylat_pohjoisessa_Itameri_ja_Pohjanmeri\"><\/span>Kylpyl\u00e4t pohjoisessa: It\u00e4meri ja Pohjanmeri<span class=\"ez-toc-section-end\"><\/span><\/h2>\n\n\n\n<p class=\"wp-block-paragraph\">Pohjois-Saksa tarjoaa aivan erilaisen kylpyl\u00e4el\u00e4myksen kuin se, mihin olemme etel\u00e4ss\u00e4 tottuneet. <strong>Merenrantakylpyl\u00e4t<\/strong> hy\u00f6tyv\u00e4t t\u00e4\u00e4ll\u00e4 loistavasta sijainnistaan ja klassisen mineraaliveden sijaan niist\u00e4 l\u00f6ytyy usein parantavaa suolavett\u00e4 tai <strong>harvinaista jodisuolaa<\/strong>. N\u00e4kym\u00e4t altaista suuntautuvat lis\u00e4ksi usein suoraan loputtomalle meren pinnalle tai hiekkadyyneihin, mik\u00e4 on idylli\u00e4, jos rakastat valtameren tuoksua ja raikasta pohjoismaista ilmaa.<\/p>\n\n\n\n<p class=\"wp-block-paragraph\">N\u00e4m\u00e4 alueet sopivat mainiosti t\u00e4ydent\u00e4m\u00e4\u00e4n <strong>kes\u00e4lomaasi It\u00e4merell\u00e4<\/strong> tai pelastukseksi sateisena viikonloppuna suositussa St. Peter-Ordingin lomakohteessa. L\u00e4htip\u00e4 liikkeelle perheen kanssa tai etsitp\u00e4 rauhallista wellness-pakoretke\u00e4 kaksin, pohjoissaksalaiset kylpyl\u00e4t hurmaavat sinut rennolla tunnelmallaan. Matka on tosin pidempi, mutta se <strong>el\u00e4mys on sen todella arvoista<\/strong>.<\/p>\n\n\n\n<figure data-wp-context=\"{&quot;imageId&quot;:&quot;6a9c55205cedc&quot;}\" data-wp-interactive=\"core\/image\" data-wp-key=\"6a9c55205cedc\" class=\"wp-block-image size-full wp-lightbox-container\"><img decoding=\"async\" width=\"1800\" height=\"2400\" data-wp-class--hide=\"state.isContentHidden\" data-wp-class--show=\"state.isContentVisible\" data-wp-init=\"callbacks.setButtonStyles\" data-wp-on--click=\"actions.showLightbox\" data-wp-on--load=\"callbacks.setButtonStyles\" data-wp-on--pointerdown=\"actions.preloadImage\" data-wp-on--pointerenter=\"actions.preloadImageWithDelay\" data-wp-on--pointerleave=\"actions.cancelPreload\" data-wp-on-window--resize=\"callbacks.setButtonStyles\" src=\"https:\/\/loudavymkrokem.cz\/wp-content\/uploads\/2026\/09\/nemecko-clanky-termaly-nemecko-55-47c15516-1.jpg\" alt=\"Ostsee-Therme (Scharbeutz): kylpyl\u00e4n torni\" class=\"wp-image-415401\" title=\"\" srcset=\"https:\/\/loudavymkrokem.cz\/wp-content\/uploads\/2026\/09\/nemecko-clanky-termaly-nemecko-55-47c15516-1.jpg 1800w, https:\/\/loudavymkrokem.cz\/wp-content\/uploads\/2026\/09\/nemecko-clanky-termaly-nemecko-55-47c15516-1-225x300.jpg 225w, https:\/\/loudavymkrokem.cz\/wp-content\/uploads\/2026\/09\/nemecko-clanky-termaly-nemecko-55-47c15516-1-700x933.jpg 700w, https:\/\/loudavymkrokem.cz\/wp-content\/uploads\/2026\/09\/nemecko-clanky-termaly-nemecko-55-47c15516-1-768x1024.jpg 768w, https:\/\/loudavymkrokem.cz\/wp-content\/uploads\/2026\/09\/nemecko-clanky-termaly-nemecko-55-47c15516-1-1152x1536.jpg 1152w, https:\/\/loudavymkrokem.cz\/wp-content\/uploads\/2026\/09\/nemecko-clanky-termaly-nemecko-55-47c15516-1-1536x2048.jpg 1536w, https:\/\/loudavymkrokem.cz\/wp-content\/uploads\/2026\/09\/nemecko-clanky-termaly-nemecko-55-47c15516-1-696x928.jpg 696w, https:\/\/loudavymkrokem.cz\/wp-content\/uploads\/2026\/09\/nemecko-clanky-termaly-nemecko-55-47c15516-1-1392x1856.jpg 1392w\" sizes=\"(max-width: 1800px) 100vw, 1800px\" \/><button\n\t\t\tclass=\"lightbox-trigger\"\n\t\t\ttype=\"button\"\n\t\t\taria-haspopup=\"dialog\"\n\t\t\tdata-wp-bind--aria-label=\"state.thisImage.triggerButtonAriaLabel\"\n\t\t\tdata-wp-init=\"callbacks.initTriggerButton\"\n\t\t\tdata-wp-on--click=\"actions.showLightbox\"\n\t\t\tdata-wp-style--right=\"state.thisImage.buttonRight\"\n\t\t\tdata-wp-style--top=\"state.thisImage.buttonTop\"\n\t\t>\n\t\t\t<svg xmlns=\"http:\/\/www.w3.org\/2000\/svg\" width=\"12\" height=\"12\" fill=\"none\" viewBox=\"0 0 12 12\">\n\t\t\t\t<path fill=\"#fff\" d=\"M2 0a2 2 0 0 0-2 2v2h1.5V2a.5.5 0 0 1 .5-.5h2V0H2Zm2 10.5H2a.5.5 0 0 1-.5-.5V8H0v2a2 2 0 0 0 2 2h2v-1.5ZM8 12v-1.5h2a.5.5 0 0 0 .5-.5V8H12v2a2 2 0 0 1-2 2H8Zm2-12a2 2 0 0 1 2 2v2h-1.5V2a.5.5 0 0 0-.5-.5H8V0h2Z\" \/>\n\t\t\t<\/svg>\n\t\t<\/button><figcaption class=\"wp-element-caption\">Kuva: Gerd Fahrenhorst \/ Wikimedia Commons, CC BY 4.0<\/figcaption><\/figure>\n\n\n\n<h3 class=\"wp-block-heading\"><span class=\"ez-toc-section\" id=\"45_Ostsee-Therme_Scharbeutz\"><\/span>45. Ostsee-Therme (Scharbeutz)<span class=\"ez-toc-section-end\"><\/span><\/h3>\n\n\n\n<p class=\"wp-block-paragraph\">T\u00e4m\u00e4 mahtava kokonaisuus suositussa Scharbeutzin lomakohteessa h\u00e4mm\u00e4stytt\u00e4\u00e4 sinut heti laajalla <strong>wellness-alueellaan, jonka pinta-ala on 4 000 m\u00b2<\/strong>. Jos etsit lepoa suoralla p\u00e4\u00e4syll\u00e4 hiekkarannalle, rakastut t\u00e4h\u00e4n paikkaan. Se on ihanteellinen valinta saunomisen yst\u00e4ville, jotka haluavat kehon l\u00e4mmitt\u00e4misen j\u00e4lkeen juosta suoraan meren viileisiin aaltoihin.<\/p>\n\n\n\n<p class=\"wp-block-paragraph\">Ostsee-Lagune-nimisess\u00e4 allasosassa lep\u00e4\u00e4t kauniisti <strong>33 \u00b0C:seen l\u00e4mmitetyss\u00e4 vedess\u00e4<\/strong>, jota t\u00e4ydent\u00e4v\u00e4t lis\u00e4ksi vaikuttavat valoefektit ja hierontatuolit. Viel\u00e4 suurempaan rentoutumiseen on tarjolla porealtaita 35 \u00b0C:n l\u00e4mp\u00f6tilalla ja <strong>suuria ulkoaltaita 30 \u00b0C:lla<\/strong>, joiden vieress\u00e4 levitt\u00e4ytyy aurinkonurmi. Saunamaailma on sitten oma lukunsa. T\u00e4\u00e4lt\u00e4 l\u00f6yd\u00e4t kaiken lempe\u00e4st\u00e4 60 \u00b0C:n Salzstein- tai Frische Brise -saunasta 80 \u00b0C:n Wald Sauna -l\u00e4mmittelyn kautta aina <strong>\u00e4\u00e4rimm\u00e4iseen 110 \u00b0C:n Arctic-saunaan<\/strong>.<\/p>\n\n\n\n<p class=\"wp-block-paragraph\">Kiinnostava on suuri 85 \u00b0C:n Ostsee Arena saunaseremonioihin, tai <strong>tekstiilisauna 70 \u00b0C:n l\u00e4mp\u00f6tilalla<\/strong> Breeze Spassa, jonne voit menn\u00e4 suoraan uima-asussa. Sis\u00e4\u00e4np\u00e4\u00e4symaksu vaihtelee t\u00e4\u00e4ll\u00e4 alueen ja oleskelun pituuden mukaan, joten tarkista ajankohtainen vuoden 2026 hinnasto suoraan kylpyl\u00e4n verkkosivuilta. Alue sopii sek\u00e4 pareille ett\u00e4 perheille, jotka etsiv\u00e4t monipuolista vesitekemist\u00e4. <strong>\ud83d\udca1 Vinkki:<\/strong> Puun ja yrttien yst\u00e4ville suosittelen olemaan ohittamatta erityist\u00e4 tuoksuvaa alppim\u00e4ntysaunaa nimelt\u00e4 Zirbenholzsauna.<\/p>\n\n\n\n<figure data-wp-context=\"{&quot;imageId&quot;:&quot;6a9c55205d61b&quot;}\" data-wp-interactive=\"core\/image\" data-wp-key=\"6a9c55205d61b\" class=\"wp-block-image size-full wp-lightbox-container\"><img decoding=\"async\" width=\"1800\" height=\"1012\" data-wp-class--hide=\"state.isContentHidden\" data-wp-class--show=\"state.isContentVisible\" data-wp-init=\"callbacks.setButtonStyles\" data-wp-on--click=\"actions.showLightbox\" data-wp-on--load=\"callbacks.setButtonStyles\" data-wp-on--pointerdown=\"actions.preloadImage\" data-wp-on--pointerenter=\"actions.preloadImageWithDelay\" data-wp-on--pointerleave=\"actions.cancelPreload\" data-wp-on-window--resize=\"callbacks.setButtonStyles\" src=\"https:\/\/loudavymkrokem.cz\/wp-content\/uploads\/2026\/09\/nemecko-clanky-termaly-nemecko-56-30ed6a22-1.jpg\" alt=\"D\u00fcnen-Therme (St. Peter-Ording)\" class=\"wp-image-415406\" title=\"\" srcset=\"https:\/\/loudavymkrokem.cz\/wp-content\/uploads\/2026\/09\/nemecko-clanky-termaly-nemecko-56-30ed6a22-1.jpg 1800w, https:\/\/loudavymkrokem.cz\/wp-content\/uploads\/2026\/09\/nemecko-clanky-termaly-nemecko-56-30ed6a22-1-300x169.jpg 300w, https:\/\/loudavymkrokem.cz\/wp-content\/uploads\/2026\/09\/nemecko-clanky-termaly-nemecko-56-30ed6a22-1-700x394.jpg 700w, https:\/\/loudavymkrokem.cz\/wp-content\/uploads\/2026\/09\/nemecko-clanky-termaly-nemecko-56-30ed6a22-1-768x432.jpg 768w, https:\/\/loudavymkrokem.cz\/wp-content\/uploads\/2026\/09\/nemecko-clanky-termaly-nemecko-56-30ed6a22-1-1536x864.jpg 1536w, https:\/\/loudavymkrokem.cz\/wp-content\/uploads\/2026\/09\/nemecko-clanky-termaly-nemecko-56-30ed6a22-1-696x391.jpg 696w, https:\/\/loudavymkrokem.cz\/wp-content\/uploads\/2026\/09\/nemecko-clanky-termaly-nemecko-56-30ed6a22-1-1392x783.jpg 1392w\" sizes=\"(max-width: 1800px) 100vw, 1800px\" \/><button\n\t\t\tclass=\"lightbox-trigger\"\n\t\t\ttype=\"button\"\n\t\t\taria-haspopup=\"dialog\"\n\t\t\tdata-wp-bind--aria-label=\"state.thisImage.triggerButtonAriaLabel\"\n\t\t\tdata-wp-init=\"callbacks.initTriggerButton\"\n\t\t\tdata-wp-on--click=\"actions.showLightbox\"\n\t\t\tdata-wp-style--right=\"state.thisImage.buttonRight\"\n\t\t\tdata-wp-style--top=\"state.thisImage.buttonTop\"\n\t\t>\n\t\t\t<svg xmlns=\"http:\/\/www.w3.org\/2000\/svg\" width=\"12\" height=\"12\" fill=\"none\" viewBox=\"0 0 12 12\">\n\t\t\t\t<path fill=\"#fff\" d=\"M2 0a2 2 0 0 0-2 2v2h1.5V2a.5.5 0 0 1 .5-.5h2V0H2Zm2 10.5H2a.5.5 0 0 1-.5-.5V8H0v2a2 2 0 0 0 2 2h2v-1.5ZM8 12v-1.5h2a.5.5 0 0 0 .5-.5V8H12v2a2 2 0 0 1-2 2H8Zm2-12a2 2 0 0 1 2 2v2h-1.5V2a.5.5 0 0 0-.5-.5H8V0h2Z\" \/>\n\t\t\t<\/svg>\n\t\t<\/button><\/figure>\n\n\n\n<h3 class=\"wp-block-heading\"><span class=\"ez-toc-section\" id=\"46_Dunen-Therme_St_Peter-Ording\"><\/span>46. D\u00fcnen-Therme (St. Peter-Ording)<span class=\"ez-toc-section-end\"><\/span><\/h3>\n\n\n\n<p class=\"wp-block-paragraph\">Vieh\u00e4tt\u00e4v\u00e4ss\u00e4 St. Peter-Ordingin pikkukaupungissa l\u00f6yd\u00e4t ainutlaatuisen kylpyl\u00e4n, jossa <strong>kylvet puhdistetussa vedess\u00e4 suoraan Pohjanmerest\u00e4<\/strong>. T\u00e4m\u00e4 el\u00e4mys on poikkeuksellinen ja tuo koko alueelle merellist\u00e4 energiaa. Laaja vesipinta on t\u00e4\u00e4ll\u00e4 <strong>yli 1 000 m\u00b2<\/strong>, joten sinulla on paljon tilaa uintiin ja ansaittuun lepoon tuulisilla rannoilla vietetyn raskaan p\u00e4iv\u00e4n j\u00e4lkeen.<\/p>\n\n\n\n<p class=\"wp-block-paragraph\">Sis\u00e4ll\u00e4 sinua odottaa miellytt\u00e4v\u00e4 <strong>el\u00e4mysallas 30 \u00b0C:n l\u00e4mp\u00f6tilalla<\/strong> ja l\u00e4mmit\u00e4t itsesi my\u00f6s l\u00e4mmitetyss\u00e4 ulkoaltaassa, jossa on t\u00e4sm\u00e4lleen sama l\u00e4mp\u00f6tila. Jos matkustat lasten kanssa, heid\u00e4t ihastuttaisi yleens\u00e4 keinotekoisella aaltoiluilla varustettu allas 28 \u00b0C:n l\u00e4mpim\u00e4ll\u00e4 vedell\u00e4 tai suosittu Turbo-Rutsche-liukum\u00e4ki. Syyskuun 2026 tilanteen mukaan molemmat n\u00e4m\u00e4 <strong>attraktiot ovat kuitenkin teknisist\u00e4 syist\u00e4 poissa k\u00e4yt\u00f6st\u00e4<\/strong>, mik\u00e4 ota ennen vierailua huomioon.<\/p>\n\n\n\n<p class=\"wp-block-paragraph\">Kylpyl\u00e4t sopivat jokaiselle, joka haluaa nauttia merenveden hyv\u00e4\u00e4 tekevist\u00e4 vaikutuksista ulkoilmasta riippumatta. Vuoden 2026 ajankohtaisen hinnaston mukaan aikuiset maksavat kahden ja puolen tunnin sis\u00e4\u00e4np\u00e4\u00e4syst\u00e4 <strong>eritt\u00e4in mukavat 13,50 euroa<\/strong>, kun taas koko p\u00e4iv\u00e4n lippu maksaa 18,50 euroa. 3\u201317-vuotiaille lapsille ja nuorille hinnat vaihtelevat 6,50\u20138,50 euron v\u00e4lill\u00e4 oleskelun pituudesta riippuen. <strong>\ud83d\udca1 Vinkki:<\/strong> Jos aiot viipy\u00e4 pidemp\u00e4\u00e4n, sinun kannattaa valita pidennetty sis\u00e4\u00e4np\u00e4\u00e4sy 3,5 tunniksi <strong>16 eurolla<\/strong>, joka tarjoaa loistavan hinta-aikasuhteen.<\/p>\n\n\n\n<figure data-wp-context=\"{&quot;imageId&quot;:&quot;6a9c55205db9e&quot;}\" data-wp-interactive=\"core\/image\" data-wp-key=\"6a9c55205db9e\" class=\"wp-block-image size-full wp-lightbox-container\"><img decoding=\"async\" width=\"1800\" height=\"1350\" data-wp-class--hide=\"state.isContentHidden\" data-wp-class--show=\"state.isContentVisible\" data-wp-init=\"callbacks.setButtonStyles\" data-wp-on--click=\"actions.showLightbox\" data-wp-on--load=\"callbacks.setButtonStyles\" data-wp-on--pointerdown=\"actions.preloadImage\" data-wp-on--pointerenter=\"actions.preloadImageWithDelay\" data-wp-on--pointerleave=\"actions.cancelPreload\" data-wp-on-window--resize=\"callbacks.setButtonStyles\" src=\"https:\/\/loudavymkrokem.cz\/wp-content\/uploads\/2026\/09\/nemecko-clanky-termaly-nemecko-57-6f96bd47-1.jpg\" alt=\"Ostsee Therme Usedom (Ahlbeck): saunaosa\" class=\"wp-image-415409\" title=\"\" srcset=\"https:\/\/loudavymkrokem.cz\/wp-content\/uploads\/2026\/09\/nemecko-clanky-termaly-nemecko-57-6f96bd47-1.jpg 1800w, https:\/\/loudavymkrokem.cz\/wp-content\/uploads\/2026\/09\/nemecko-clanky-termaly-nemecko-57-6f96bd47-1-300x225.jpg 300w, https:\/\/loudavymkrokem.cz\/wp-content\/uploads\/2026\/09\/nemecko-clanky-termaly-nemecko-57-6f96bd47-1-700x525.jpg 700w, https:\/\/loudavymkrokem.cz\/wp-content\/uploads\/2026\/09\/nemecko-clanky-termaly-nemecko-57-6f96bd47-1-768x576.jpg 768w, https:\/\/loudavymkrokem.cz\/wp-content\/uploads\/2026\/09\/nemecko-clanky-termaly-nemecko-57-6f96bd47-1-1536x1152.jpg 1536w, https:\/\/loudavymkrokem.cz\/wp-content\/uploads\/2026\/09\/nemecko-clanky-termaly-nemecko-57-6f96bd47-1-80x60.jpg 80w, https:\/\/loudavymkrokem.cz\/wp-content\/uploads\/2026\/09\/nemecko-clanky-termaly-nemecko-57-6f96bd47-1-160x120.jpg 160w, https:\/\/loudavymkrokem.cz\/wp-content\/uploads\/2026\/09\/nemecko-clanky-termaly-nemecko-57-6f96bd47-1-696x522.jpg 696w, https:\/\/loudavymkrokem.cz\/wp-content\/uploads\/2026\/09\/nemecko-clanky-termaly-nemecko-57-6f96bd47-1-1392x1044.jpg 1392w\" sizes=\"(max-width: 1800px) 100vw, 1800px\" \/><button\n\t\t\tclass=\"lightbox-trigger\"\n\t\t\ttype=\"button\"\n\t\t\taria-haspopup=\"dialog\"\n\t\t\tdata-wp-bind--aria-label=\"state.thisImage.triggerButtonAriaLabel\"\n\t\t\tdata-wp-init=\"callbacks.initTriggerButton\"\n\t\t\tdata-wp-on--click=\"actions.showLightbox\"\n\t\t\tdata-wp-style--right=\"state.thisImage.buttonRight\"\n\t\t\tdata-wp-style--top=\"state.thisImage.buttonTop\"\n\t\t>\n\t\t\t<svg xmlns=\"http:\/\/www.w3.org\/2000\/svg\" width=\"12\" height=\"12\" fill=\"none\" viewBox=\"0 0 12 12\">\n\t\t\t\t<path fill=\"#fff\" d=\"M2 0a2 2 0 0 0-2 2v2h1.5V2a.5.5 0 0 1 .5-.5h2V0H2Zm2 10.5H2a.5.5 0 0 1-.5-.5V8H0v2a2 2 0 0 0 2 2h2v-1.5ZM8 12v-1.5h2a.5.5 0 0 0 .5-.5V8H12v2a2 2 0 0 1-2 2H8Zm2-12a2 2 0 0 1 2 2v2h-1.5V2a.5.5 0 0 0-.5-.5H8V0h2Z\" \/>\n\t\t\t<\/svg>\n\t\t<\/button><\/figure>\n\n\n\n<h3 class=\"wp-block-heading\"><span class=\"ez-toc-section\" id=\"47_Ostsee_Therme_Usedom_Ahlbeck\"><\/span>47. Ostsee Therme Usedom (Ahlbeck)<span class=\"ez-toc-section-end\"><\/span><\/h3>\n\n\n\n<p class=\"wp-block-paragraph\">T\u00e4m\u00e4 suosittu kokonaisuus sijaitsee suoraan kuuluisan kylpyl\u00e4kolmikon Ahlbeck, Heringsdorf ja Bansin keskell\u00e4, tarkemmin sanottuna <strong>niin sanotussa Kaiserbad Ahlbeckiss\u00e4<\/strong> Lindenstra\u00dfe-kadulla. Jo juhlallisesta avajaisestaan maaliskuussa 1996 l\u00e4htien se on houkutellut v\u00e4kijoukkoja lepoa janoavia vieraita ja t\u00e4h\u00e4n p\u00e4iv\u00e4\u00e4n menness\u00e4 sen l\u00e4pi on <strong>kulkenut kunnioitettavat 3,7 miljoonaa vierasta<\/strong>. Kyseess\u00e4 on hyvin perinteinen paikka, joka yhdist\u00e4\u00e4 loistavasti rennon merenrantavirkistyksen ammattitaitoiseen kylpyl\u00e4hoitoon.<\/p>\n\n\n\n<p class=\"wp-block-paragraph\">Klassisen sauna- ja vesimaailman, joita kutsutaan nimill\u00e4 Badewelt ja Saunawelt, lis\u00e4ksi t\u00e4\u00e4lt\u00e4 nimitt\u00e4in l\u00f6ytyy my\u00f6s <strong>erityinen Kurmittelhaus fysioterapialla<\/strong> ja oikeilla kylpyl\u00e4l\u00e4\u00e4k\u00e4reill\u00e4. Voit antaa kunnon kyyti\u00e4 urheilu- ja terveysstudiossa, tai vain ihailla kaunista ymp\u00e4rist\u00f6\u00e4 paikallisesta n\u00e4k\u00f6tornista. Jos suuntaat saunamaailman sis\u00e4tiloihin, sinut l\u00e4mmitt\u00e4\u00e4 kauniisti <strong>klassinen sis\u00e4sauna 80 \u00b0C:n l\u00e4mp\u00f6tilalla<\/strong>.<\/p>\n\n\n\n<p class=\"wp-block-paragraph\">Paikka on kuin luotu ennen kaikkea aikuisille vieraille, jotka etsiv\u00e4t lomalla rauhaa ja keskittyv\u00e4t terveytens\u00e4 vahvistamiseen. T\u00e4k\u00e4l\u00e4isill\u00e4 hoidoilla on pitk\u00e4 perinne ja ne ovat kuuluisia koko rannikolla, mink\u00e4 vuoksi ihmiset palaavat t\u00e4nne niin mielell\u00e4\u00e4n. <strong>\ud83d\udca1 Vinkki:<\/strong> Osallistu ehdottomasti johonkin saunaseremonioista, joita t\u00e4k\u00e4l\u00e4iset mestarit tekev\u00e4t useita kertoja p\u00e4iv\u00e4ss\u00e4 <strong>harvinaisella jodisuolalla Heringsdorfista<\/strong>, siit\u00e4 tulee fantastinen el\u00e4mys hengitysteillesi.<\/p>\n\n\n\n<figure data-wp-context=\"{&quot;imageId&quot;:&quot;6a9c55205e137&quot;}\" data-wp-interactive=\"core\/image\" data-wp-key=\"6a9c55205e137\" class=\"wp-block-image size-full wp-lightbox-container\"><img decoding=\"async\" width=\"1800\" height=\"1198\" data-wp-class--hide=\"state.isContentHidden\" data-wp-class--show=\"state.isContentVisible\" data-wp-init=\"callbacks.setButtonStyles\" data-wp-on--click=\"actions.showLightbox\" data-wp-on--load=\"callbacks.setButtonStyles\" data-wp-on--pointerdown=\"actions.preloadImage\" data-wp-on--pointerenter=\"actions.preloadImageWithDelay\" data-wp-on--pointerleave=\"actions.cancelPreload\" data-wp-on-window--resize=\"callbacks.setButtonStyles\" src=\"https:\/\/loudavymkrokem.cz\/wp-content\/uploads\/2026\/09\/nemecko-clanky-termaly-nemecko-58-72086aed-1.jpg\" alt=\"Toskana Therme Bad Schandaussa Saksin Sveitsiss\u00e4\" class=\"wp-image-415412\" title=\"\" srcset=\"https:\/\/loudavymkrokem.cz\/wp-content\/uploads\/2026\/09\/nemecko-clanky-termaly-nemecko-58-72086aed-1.jpg 1800w, https:\/\/loudavymkrokem.cz\/wp-content\/uploads\/2026\/09\/nemecko-clanky-termaly-nemecko-58-72086aed-1-300x200.jpg 300w, https:\/\/loudavymkrokem.cz\/wp-content\/uploads\/2026\/09\/nemecko-clanky-termaly-nemecko-58-72086aed-1-700x466.jpg 700w, https:\/\/loudavymkrokem.cz\/wp-content\/uploads\/2026\/09\/nemecko-clanky-termaly-nemecko-58-72086aed-1-768x511.jpg 768w, https:\/\/loudavymkrokem.cz\/wp-content\/uploads\/2026\/09\/nemecko-clanky-termaly-nemecko-58-72086aed-1-1536x1022.jpg 1536w, https:\/\/loudavymkrokem.cz\/wp-content\/uploads\/2026\/09\/nemecko-clanky-termaly-nemecko-58-72086aed-1-696x463.jpg 696w, https:\/\/loudavymkrokem.cz\/wp-content\/uploads\/2026\/09\/nemecko-clanky-termaly-nemecko-58-72086aed-1-1392x926.jpg 1392w\" sizes=\"(max-width: 1800px) 100vw, 1800px\" \/><button\n\t\t\tclass=\"lightbox-trigger\"\n\t\t\ttype=\"button\"\n\t\t\taria-haspopup=\"dialog\"\n\t\t\tdata-wp-bind--aria-label=\"state.thisImage.triggerButtonAriaLabel\"\n\t\t\tdata-wp-init=\"callbacks.initTriggerButton\"\n\t\t\tdata-wp-on--click=\"actions.showLightbox\"\n\t\t\tdata-wp-style--right=\"state.thisImage.buttonRight\"\n\t\t\tdata-wp-style--top=\"state.thisImage.buttonTop\"\n\t\t>\n\t\t\t<svg xmlns=\"http:\/\/www.w3.org\/2000\/svg\" width=\"12\" height=\"12\" fill=\"none\" viewBox=\"0 0 12 12\">\n\t\t\t\t<path fill=\"#fff\" d=\"M2 0a2 2 0 0 0-2 2v2h1.5V2a.5.5 0 0 1 .5-.5h2V0H2Zm2 10.5H2a.5.5 0 0 1-.5-.5V8H0v2a2 2 0 0 0 2 2h2v-1.5ZM8 12v-1.5h2a.5.5 0 0 0 .5-.5V8H12v2a2 2 0 0 1-2 2H8Zm2-12a2 2 0 0 1 2 2v2h-1.5V2a.5.5 0 0 0-.5-.5H8V0h2Z\" \/>\n\t\t\t<\/svg>\n\t\t<\/button><\/figure>\n\n\n\n<h2 class=\"wp-block-heading\"><span class=\"ez-toc-section\" id=\"Kylpylat_Saksissa_ja_Thuringenissa\"><\/span>Kylpyl\u00e4t Saksissa ja Th\u00fcringeniss\u00e4<span class=\"ez-toc-section-end\"><\/span><\/h2>\n\n\n\n<p class=\"wp-block-paragraph\">Jos etsit lepoa v\u00e4h\u00e4n kauempaakin, n\u00e4m\u00e4 kaksi osavaltiota eiv\u00e4t tuota pettymyst\u00e4. T\u00e4\u00e4lt\u00e4 nimitt\u00e4in l\u00f6ytyy ainutlaatuinen kylpyl\u00e4konsepti, joka yhdist\u00e4\u00e4 syv\u00e4n rentoutumisen ep\u00e4tavalliseen taide-el\u00e4mykseen. <strong>P\u00e4\u00e4veto on t\u00e4ss\u00e4 niin sanottu Liquid Sound<\/strong>, eli kylpeminen suolavedess\u00e4 vedenalaisen musiikin ja lumoavan valoshow&#8217;n s\u00e4estyksell\u00e4.<\/p>\n\n\n\n<p class=\"wp-block-paragraph\">Voit valita per\u00e4ti kahden paikan v\u00e4lilt\u00e4, jotka tarjoavat t\u00e4m\u00e4n konseptin. Toinen kylpyl\u00e4 sijaitsee vieh\u00e4tt\u00e4v\u00e4ss\u00e4 Saksin Sveitsiss\u00e4, toinen sitten hieman kauempana th\u00fcringenil\u00e4isess\u00e4 kylpyl\u00e4pikkukaupungissa. Ne ovat ihanteellisia kaikille, jotka haluavat viikonlopuksi tyhjent\u00e4\u00e4 p\u00e4\u00e4n ja antaa vain kuljettaa itse\u00e4\u00e4n rauhan aalloilla.<\/p>\n\n\n\n<figure data-wp-context=\"{&quot;imageId&quot;:&quot;6a9c55205e6da&quot;}\" data-wp-interactive=\"core\/image\" data-wp-key=\"6a9c55205e6da\" class=\"wp-block-image size-full wp-lightbox-container\"><img decoding=\"async\" width=\"1800\" height=\"1342\" data-wp-class--hide=\"state.isContentHidden\" data-wp-class--show=\"state.isContentVisible\" data-wp-init=\"callbacks.setButtonStyles\" data-wp-on--click=\"actions.showLightbox\" data-wp-on--load=\"callbacks.setButtonStyles\" data-wp-on--pointerdown=\"actions.preloadImage\" data-wp-on--pointerenter=\"actions.preloadImageWithDelay\" data-wp-on--pointerleave=\"actions.cancelPreload\" data-wp-on-window--resize=\"callbacks.setButtonStyles\" src=\"https:\/\/loudavymkrokem.cz\/wp-content\/uploads\/2026\/09\/nemecko-clanky-termaly-nemecko-59-fc0e1c55-1.jpg\" alt=\"Toskana Therme Bad Schandau (Bad Schandau)\" class=\"wp-image-415417\" title=\"\" srcset=\"https:\/\/loudavymkrokem.cz\/wp-content\/uploads\/2026\/09\/nemecko-clanky-termaly-nemecko-59-fc0e1c55-1.jpg 1800w, https:\/\/loudavymkrokem.cz\/wp-content\/uploads\/2026\/09\/nemecko-clanky-termaly-nemecko-59-fc0e1c55-1-300x224.jpg 300w, https:\/\/loudavymkrokem.cz\/wp-content\/uploads\/2026\/09\/nemecko-clanky-termaly-nemecko-59-fc0e1c55-1-700x522.jpg 700w, https:\/\/loudavymkrokem.cz\/wp-content\/uploads\/2026\/09\/nemecko-clanky-termaly-nemecko-59-fc0e1c55-1-768x573.jpg 768w, https:\/\/loudavymkrokem.cz\/wp-content\/uploads\/2026\/09\/nemecko-clanky-termaly-nemecko-59-fc0e1c55-1-1536x1145.jpg 1536w, https:\/\/loudavymkrokem.cz\/wp-content\/uploads\/2026\/09\/nemecko-clanky-termaly-nemecko-59-fc0e1c55-1-80x60.jpg 80w, https:\/\/loudavymkrokem.cz\/wp-content\/uploads\/2026\/09\/nemecko-clanky-termaly-nemecko-59-fc0e1c55-1-160x120.jpg 160w, https:\/\/loudavymkrokem.cz\/wp-content\/uploads\/2026\/09\/nemecko-clanky-termaly-nemecko-59-fc0e1c55-1-696x519.jpg 696w, https:\/\/loudavymkrokem.cz\/wp-content\/uploads\/2026\/09\/nemecko-clanky-termaly-nemecko-59-fc0e1c55-1-1392x1038.jpg 1392w\" sizes=\"(max-width: 1800px) 100vw, 1800px\" \/><button\n\t\t\tclass=\"lightbox-trigger\"\n\t\t\ttype=\"button\"\n\t\t\taria-haspopup=\"dialog\"\n\t\t\tdata-wp-bind--aria-label=\"state.thisImage.triggerButtonAriaLabel\"\n\t\t\tdata-wp-init=\"callbacks.initTriggerButton\"\n\t\t\tdata-wp-on--click=\"actions.showLightbox\"\n\t\t\tdata-wp-style--right=\"state.thisImage.buttonRight\"\n\t\t\tdata-wp-style--top=\"state.thisImage.buttonTop\"\n\t\t>\n\t\t\t<svg xmlns=\"http:\/\/www.w3.org\/2000\/svg\" width=\"12\" height=\"12\" fill=\"none\" viewBox=\"0 0 12 12\">\n\t\t\t\t<path fill=\"#fff\" d=\"M2 0a2 2 0 0 0-2 2v2h1.5V2a.5.5 0 0 1 .5-.5h2V0H2Zm2 10.5H2a.5.5 0 0 1-.5-.5V8H0v2a2 2 0 0 0 2 2h2v-1.5ZM8 12v-1.5h2a.5.5 0 0 0 .5-.5V8H12v2a2 2 0 0 1-2 2H8Zm2-12a2 2 0 0 1 2 2v2h-1.5V2a.5.5 0 0 0-.5-.5H8V0h2Z\" \/>\n\t\t\t<\/svg>\n\t\t<\/button><figcaption class=\"wp-element-caption\">Kuva: J\u00f6rg Blobelt \/ Wikimedia Commons, CC BY-SA 4.0<\/figcaption><\/figure>\n\n\n\n<h3 class=\"wp-block-heading\"><span class=\"ez-toc-section\" id=\"48_Toskana_Therme_Bad_Schandau_Bad_Schandau\"><\/span>48. Toskana Therme Bad Schandau (Bad Schandau)<span class=\"ez-toc-section-end\"><\/span><\/h3>\n\n\n\n<p class=\"wp-block-paragraph\">T\u00e4m\u00e4 suosittu kokonaisuus sijaitsee suoraan Elben rannalla ja sen suuri etu on <strong>heng\u00e4stytt\u00e4v\u00e4 n\u00e4kym\u00e4 joelle suoraan saunasta<\/strong>. Kylpyl\u00e4 tarjoutuu t\u00e4ydellisen\u00e4 kohteena spontaaniin iltap\u00e4iv\u00e4retkeen. Jos rakastat Saksin Sveitsin luontoa, t\u00e4m\u00e4 on juuri se paikka, jossa voit vaellusten j\u00e4lkeen helpottaa v\u00e4syneit\u00e4 jalkojasi.<\/p>\n\n\n\n<p class=\"wp-block-paragraph\">Saunamaailma tarjoaa t\u00e4\u00e4ll\u00e4 monipuolisen l\u00e4mp\u00f6tila-asteikon jokaiselle. Voit kokeilla perinteist\u00e4 <strong>Laconiumia kreikkalaiseen tyyliin, joka on l\u00e4mmitetty mukaviin 55 \u00b0C:seen<\/strong>, tai erityist\u00e4 s\u00e4teilev\u00e4n l\u00e4mm\u00f6n kylpy\u00e4, joka 65 \u00b0C:ssa l\u00e4mmitt\u00e4\u00e4 kehon kauniisti syv\u00e4lle. T\u00e4\u00e4lt\u00e4 l\u00f6ytyy my\u00f6s yrttil\u00e4mmittely, jossa yrttiveden l\u00e4mmitt\u00e4minen <strong>lis\u00e4\u00e4 ilmankosteutta 65 \u00b0C:n l\u00e4mp\u00f6tilassa<\/strong>. Kokeneille saunojille on sitten tarjolla klassinen l\u00f6ylyhuone kaakelikiukailla, jossa nautit kunnon kuumuudesta 96 \u00b0C:ssa.<\/p>\n\n\n\n<p class=\"wp-block-paragraph\">Kokonaisuus on loistava ennen kaikkea aikuisille ja pareille, jotka etsiv\u00e4t rauhallista tunnelmaa ilman villej\u00e4 liukum\u00e4ki\u00e4. Ajankohtaisen sis\u00e4\u00e4np\u00e4\u00e4symaksun suosittelen tarkistamaan ennen matkaa verkkosivuilta, jotta tied\u00e4t, milt\u00e4 vuoden 2026 hinnasto tarkalleen n\u00e4ytt\u00e4\u00e4. <strong>\ud83d\udca1 Vinkki:<\/strong> \u00c4l\u00e4 miss\u00e4\u00e4n tapauksessa j\u00e4t\u00e4 v\u00e4liin hikoilua erityisess\u00e4 saunassa, joka on l\u00e4mmitetty 90 \u00b0C:seen ja josta avautuu <strong>kaikkein kaunein n\u00e4kym\u00e4 virtaavaan Elbeen<\/strong>.<\/p>\n\n\n\n<figure data-wp-context=\"{&quot;imageId&quot;:&quot;6a9c55205ebc6&quot;}\" data-wp-interactive=\"core\/image\" data-wp-key=\"6a9c55205ebc6\" class=\"wp-block-image size-full wp-lightbox-container\"><img decoding=\"async\" width=\"1800\" height=\"1200\" data-wp-class--hide=\"state.isContentHidden\" data-wp-class--show=\"state.isContentVisible\" data-wp-init=\"callbacks.setButtonStyles\" data-wp-on--click=\"actions.showLightbox\" data-wp-on--load=\"callbacks.setButtonStyles\" data-wp-on--pointerdown=\"actions.preloadImage\" data-wp-on--pointerenter=\"actions.preloadImageWithDelay\" data-wp-on--pointerleave=\"actions.cancelPreload\" data-wp-on-window--resize=\"callbacks.setButtonStyles\" src=\"https:\/\/loudavymkrokem.cz\/wp-content\/uploads\/2026\/09\/nemecko-clanky-termaly-nemecko-60-42995404-1.jpg\" alt=\"Toskana Therme Bad Sulza (Bad Sulza)\" class=\"wp-image-415421\" title=\"\" srcset=\"https:\/\/loudavymkrokem.cz\/wp-content\/uploads\/2026\/09\/nemecko-clanky-termaly-nemecko-60-42995404-1.jpg 1800w, https:\/\/loudavymkrokem.cz\/wp-content\/uploads\/2026\/09\/nemecko-clanky-termaly-nemecko-60-42995404-1-300x200.jpg 300w, https:\/\/loudavymkrokem.cz\/wp-content\/uploads\/2026\/09\/nemecko-clanky-termaly-nemecko-60-42995404-1-700x467.jpg 700w, https:\/\/loudavymkrokem.cz\/wp-content\/uploads\/2026\/09\/nemecko-clanky-termaly-nemecko-60-42995404-1-768x512.jpg 768w, https:\/\/loudavymkrokem.cz\/wp-content\/uploads\/2026\/09\/nemecko-clanky-termaly-nemecko-60-42995404-1-1536x1024.jpg 1536w, https:\/\/loudavymkrokem.cz\/wp-content\/uploads\/2026\/09\/nemecko-clanky-termaly-nemecko-60-42995404-1-696x464.jpg 696w, https:\/\/loudavymkrokem.cz\/wp-content\/uploads\/2026\/09\/nemecko-clanky-termaly-nemecko-60-42995404-1-1392x928.jpg 1392w\" sizes=\"(max-width: 1800px) 100vw, 1800px\" \/><button\n\t\t\tclass=\"lightbox-trigger\"\n\t\t\ttype=\"button\"\n\t\t\taria-haspopup=\"dialog\"\n\t\t\tdata-wp-bind--aria-label=\"state.thisImage.triggerButtonAriaLabel\"\n\t\t\tdata-wp-init=\"callbacks.initTriggerButton\"\n\t\t\tdata-wp-on--click=\"actions.showLightbox\"\n\t\t\tdata-wp-style--right=\"state.thisImage.buttonRight\"\n\t\t\tdata-wp-style--top=\"state.thisImage.buttonTop\"\n\t\t>\n\t\t\t<svg xmlns=\"http:\/\/www.w3.org\/2000\/svg\" width=\"12\" height=\"12\" fill=\"none\" viewBox=\"0 0 12 12\">\n\t\t\t\t<path fill=\"#fff\" d=\"M2 0a2 2 0 0 0-2 2v2h1.5V2a.5.5 0 0 1 .5-.5h2V0H2Zm2 10.5H2a.5.5 0 0 1-.5-.5V8H0v2a2 2 0 0 0 2 2h2v-1.5ZM8 12v-1.5h2a.5.5 0 0 0 .5-.5V8H12v2a2 2 0 0 1-2 2H8Zm2-12a2 2 0 0 1 2 2v2h-1.5V2a.5.5 0 0 0-.5-.5H8V0h2Z\" \/>\n\t\t\t<\/svg>\n\t\t<\/button><\/figure>\n\n\n\n<h3 class=\"wp-block-heading\"><span class=\"ez-toc-section\" id=\"49_Toskana_Therme_Bad_Sulza_Bad_Sulza\"><\/span>49. Toskana Therme Bad Sulza (Bad Sulza)<span class=\"ez-toc-section-end\"><\/span><\/h3>\n\n\n\n<p class=\"wp-block-paragraph\">Toinen kuuluisien kylpyl\u00f6iden sisarosasto k\u00e4tkeytyy rauhalliseen th\u00fcringenil\u00e4iseen pikkukaupunkiin ja <strong>tarjoaa saman Liquid Sound -konseptin<\/strong> kuin se Saksin Sveitsiss\u00e4. Se on ihanteellinen valinta, jos olet l\u00e4hd\u00f6ss\u00e4 viikonloppuroadtripille Keski-Saksan n\u00e4ht\u00e4vyyksien pariin ja etsit paikkaa, jossa voisit iltaisin regeneroitua kunnolla. Tunnelma on t\u00e4\u00e4ll\u00e4 upean rento ja koko tila houkuttelee pitk\u00e4\u00e4n hiljaiseen lepoon.<\/p>\n\n\n\n<p class=\"wp-block-paragraph\">Alueen syd\u00e4n on <strong>Liquid Sound -temppeli<\/strong>, jossa suolavedess\u00e4 annat kuljettaa itse\u00e4si pinnan alta kuuluvan musiikin ja kuvulle heijastettavien v\u00e4rikk\u00e4iden valoprojektioiden s\u00e4estyksell\u00e4. Yll\u00e4pit\u00e4j\u00e4n kuvauksen mukaan siihen kuuluu <strong>viisi porrasmaista suola-allasta<\/strong> hierontasuuttimineen, nelj\u00e4 porealtaan ja l\u00e4mmitetty ulkona oleva suola-allas, joten l\u00e4mp\u00f6tilasta toiseen voi siirty\u00e4 koko p\u00e4iv\u00e4n. Saunamaailma on t\u00e4\u00e4ll\u00e4 itsest\u00e4\u00e4nselvyys.<\/p>\n\n\n\n<p class=\"wp-block-paragraph\">Bad Sulzan suuri etu on yhteys hotelliin: <strong>Hotel an der Therme Bad Sulza<\/strong> sijaitsee aivan kylpyl\u00f6iden vieress\u00e4 ja niit\u00e4 yhdist\u00e4\u00e4 kylpytakkik\u00e4yt\u00e4v\u00e4, joten sis\u00e4\u00e4np\u00e4\u00e4sy kylpyl\u00f6ihin saunamaailma mukaan lukien sis\u00e4ltyy y\u00f6pymisen hintaan. Ennen vierailua katso verkkosivuille, sill\u00e4 vuoden 2026 hinnasto vaihtelee kauden mukaan. <strong>\ud83d\udca1 Vinkki:<\/strong> Varaa Liquid Soundille my\u00f6h\u00e4inen iltap\u00e4iv\u00e4, jolloin musiikki- ja valoshow on yleens\u00e4 voimakkain ja altaassa on v\u00e4hiten ihmisi\u00e4.<\/p>\n\n\n\n<figure data-wp-context=\"{&quot;imageId&quot;:&quot;6a9c55205f276&quot;}\" data-wp-interactive=\"core\/image\" data-wp-key=\"6a9c55205f276\" class=\"wp-block-image size-full wp-lightbox-container\"><img decoding=\"async\" width=\"1800\" height=\"1800\" data-wp-class--hide=\"state.isContentHidden\" data-wp-class--show=\"state.isContentVisible\" data-wp-init=\"callbacks.setButtonStyles\" data-wp-on--click=\"actions.showLightbox\" data-wp-on--load=\"callbacks.setButtonStyles\" data-wp-on--pointerdown=\"actions.preloadImage\" data-wp-on--pointerenter=\"actions.preloadImageWithDelay\" data-wp-on--pointerleave=\"actions.cancelPreload\" data-wp-on-window--resize=\"callbacks.setButtonStyles\" src=\"https:\/\/loudavymkrokem.cz\/wp-content\/uploads\/2026\/09\/nemecko-clanky-termaly-nemecko-61-82598cd9-1.jpg\" alt=\"Emser Therme -kylpyl\u00e4n allas Bad Emsiss\u00e4 iltavalaistuksessa\" class=\"wp-image-415425\" title=\"\" srcset=\"https:\/\/loudavymkrokem.cz\/wp-content\/uploads\/2026\/09\/nemecko-clanky-termaly-nemecko-61-82598cd9-1.jpg 1800w, https:\/\/loudavymkrokem.cz\/wp-content\/uploads\/2026\/09\/nemecko-clanky-termaly-nemecko-61-82598cd9-1-300x300.jpg 300w, https:\/\/loudavymkrokem.cz\/wp-content\/uploads\/2026\/09\/nemecko-clanky-termaly-nemecko-61-82598cd9-1-700x700.jpg 700w, https:\/\/loudavymkrokem.cz\/wp-content\/uploads\/2026\/09\/nemecko-clanky-termaly-nemecko-61-82598cd9-1-150x150.jpg 150w, https:\/\/loudavymkrokem.cz\/wp-content\/uploads\/2026\/09\/nemecko-clanky-termaly-nemecko-61-82598cd9-1-768x768.jpg 768w, https:\/\/loudavymkrokem.cz\/wp-content\/uploads\/2026\/09\/nemecko-clanky-termaly-nemecko-61-82598cd9-1-1536x1536.jpg 1536w, https:\/\/loudavymkrokem.cz\/wp-content\/uploads\/2026\/09\/nemecko-clanky-termaly-nemecko-61-82598cd9-1-696x696.jpg 696w, https:\/\/loudavymkrokem.cz\/wp-content\/uploads\/2026\/09\/nemecko-clanky-termaly-nemecko-61-82598cd9-1-1392x1392.jpg 1392w\" sizes=\"(max-width: 1800px) 100vw, 1800px\" \/><button\n\t\t\tclass=\"lightbox-trigger\"\n\t\t\ttype=\"button\"\n\t\t\taria-haspopup=\"dialog\"\n\t\t\tdata-wp-bind--aria-label=\"state.thisImage.triggerButtonAriaLabel\"\n\t\t\tdata-wp-init=\"callbacks.initTriggerButton\"\n\t\t\tdata-wp-on--click=\"actions.showLightbox\"\n\t\t\tdata-wp-style--right=\"state.thisImage.buttonRight\"\n\t\t\tdata-wp-style--top=\"state.thisImage.buttonTop\"\n\t\t>\n\t\t\t<svg xmlns=\"http:\/\/www.w3.org\/2000\/svg\" width=\"12\" height=\"12\" fill=\"none\" viewBox=\"0 0 12 12\">\n\t\t\t\t<path fill=\"#fff\" d=\"M2 0a2 2 0 0 0-2 2v2h1.5V2a.5.5 0 0 1 .5-.5h2V0H2Zm2 10.5H2a.5.5 0 0 1-.5-.5V8H0v2a2 2 0 0 0 2 2h2v-1.5ZM8 12v-1.5h2a.5.5 0 0 0 .5-.5V8H12v2a2 2 0 0 1-2 2H8Zm2-12a2 2 0 0 1 2 2v2h-1.5V2a.5.5 0 0 0-.5-.5H8V0h2Z\" \/>\n\t\t\t<\/svg>\n\t\t<\/button><\/figure>\n\n\n\n<h2 class=\"wp-block-heading\"><span class=\"ez-toc-section\" id=\"Kylpylat_Rheinland-Pfalzissa\"><\/span>Kylpyl\u00e4t Rheinland-Pfalzissa<span class=\"ez-toc-section-end\"><\/span><\/h2>\n\n\n\n<p class=\"wp-block-paragraph\">Rheinland-Pfalz ei ehk\u00e4 kuulu tunnetuimpiin saksalaisiin vesihuvien kohteisiin, mutta se k\u00e4tkee todellisia aarteita. Jos etsit <strong>pienempi\u00e4, mutta eritt\u00e4in laadukkaita kylpyl\u00f6it\u00e4<\/strong>, juuri t\u00e4\u00e4ll\u00e4 saat rahoillesi vastinetta. J\u00e4ttim\u00e4isten trooppisten vesipuistojen liukum\u00e4kineen sijaan t\u00e4\u00e4lt\u00e4 l\u00f6yd\u00e4t paljon rauhallisemman tunnelman. Paikalliset alueet keskittyv\u00e4t pikemminkin todelliseen lepoon, parantavaan veteen ja kunnon saunomiseen hiljaisessa ymp\u00e4rist\u00f6ss\u00e4.<\/p>\n\n\n\n<p class=\"wp-block-paragraph\">L\u00e4hde t\u00e4nne, jos haluat nauttia luonnollisten l\u00e4hteiden hyv\u00e4\u00e4 tekevist\u00e4 vaikutuksista ilman turhaa kiirett\u00e4. Tunnetut kaupungit kuten Bad Kreuznach tai Bad Ems houkuttelevat <strong>radon- tai suolavedell\u00e4<\/strong>, joka rentouttaa v\u00e4syneet lihakset. Matka autolla vie tosin hieman enemm\u00e4n aikaa, mutta se jumalainen rauha ja pienemm\u00e4t v\u00e4kijoukot ovat sen arvoisia. Se on yksinkertaisesti ihanteellinen valinta <strong>rentoon pidennettyyn viikonloppuun<\/strong> t\u00e4ynn\u00e4 rentoutumista.<\/p>\n\n\n\n<figure data-wp-context=\"{&quot;imageId&quot;:&quot;6a9c55205f870&quot;}\" data-wp-interactive=\"core\/image\" data-wp-key=\"6a9c55205f870\" class=\"wp-block-image size-full wp-lightbox-container\"><img decoding=\"async\" width=\"1800\" height=\"1203\" data-wp-class--hide=\"state.isContentHidden\" data-wp-class--show=\"state.isContentVisible\" data-wp-init=\"callbacks.setButtonStyles\" data-wp-on--click=\"actions.showLightbox\" data-wp-on--load=\"callbacks.setButtonStyles\" data-wp-on--pointerdown=\"actions.preloadImage\" data-wp-on--pointerenter=\"actions.preloadImageWithDelay\" data-wp-on--pointerleave=\"actions.cancelPreload\" data-wp-on-window--resize=\"callbacks.setButtonStyles\" src=\"https:\/\/loudavymkrokem.cz\/wp-content\/uploads\/2026\/09\/nemecko-clanky-termaly-nemecko-62-7c30d429.jpg\" alt=\"Crucenia Thermen Bad Kreuznachissa Nahe-joen yll\u00e4\" class=\"wp-image-415518\" title=\"\" srcset=\"https:\/\/loudavymkrokem.cz\/wp-content\/uploads\/2026\/09\/nemecko-clanky-termaly-nemecko-62-7c30d429.jpg 1800w, https:\/\/loudavymkrokem.cz\/wp-content\/uploads\/2026\/09\/nemecko-clanky-termaly-nemecko-62-7c30d429-300x201.jpg 300w, https:\/\/loudavymkrokem.cz\/wp-content\/uploads\/2026\/09\/nemecko-clanky-termaly-nemecko-62-7c30d429-700x468.jpg 700w, https:\/\/loudavymkrokem.cz\/wp-content\/uploads\/2026\/09\/nemecko-clanky-termaly-nemecko-62-7c30d429-768x513.jpg 768w, https:\/\/loudavymkrokem.cz\/wp-content\/uploads\/2026\/09\/nemecko-clanky-termaly-nemecko-62-7c30d429-1536x1027.jpg 1536w, https:\/\/loudavymkrokem.cz\/wp-content\/uploads\/2026\/09\/nemecko-clanky-termaly-nemecko-62-7c30d429-696x465.jpg 696w, https:\/\/loudavymkrokem.cz\/wp-content\/uploads\/2026\/09\/nemecko-clanky-termaly-nemecko-62-7c30d429-1392x930.jpg 1392w\" sizes=\"(max-width: 1800px) 100vw, 1800px\" \/><button\n\t\t\tclass=\"lightbox-trigger\"\n\t\t\ttype=\"button\"\n\t\t\taria-haspopup=\"dialog\"\n\t\t\tdata-wp-bind--aria-label=\"state.thisImage.triggerButtonAriaLabel\"\n\t\t\tdata-wp-init=\"callbacks.initTriggerButton\"\n\t\t\tdata-wp-on--click=\"actions.showLightbox\"\n\t\t\tdata-wp-style--right=\"state.thisImage.buttonRight\"\n\t\t\tdata-wp-style--top=\"state.thisImage.buttonTop\"\n\t\t>\n\t\t\t<svg xmlns=\"http:\/\/www.w3.org\/2000\/svg\" width=\"12\" height=\"12\" fill=\"none\" viewBox=\"0 0 12 12\">\n\t\t\t\t<path fill=\"#fff\" d=\"M2 0a2 2 0 0 0-2 2v2h1.5V2a.5.5 0 0 1 .5-.5h2V0H2Zm2 10.5H2a.5.5 0 0 1-.5-.5V8H0v2a2 2 0 0 0 2 2h2v-1.5ZM8 12v-1.5h2a.5.5 0 0 0 .5-.5V8H12v2a2 2 0 0 1-2 2H8Zm2-12a2 2 0 0 1 2 2v2h-1.5V2a.5.5 0 0 0-.5-.5H8V0h2Z\" \/>\n\t\t\t<\/svg>\n\t\t<\/button><figcaption class=\"wp-element-caption\">Kuva: Pudelek (Marcin Szala) \/ Wikimedia Commons, CC BY-SA 3.0<\/figcaption><\/figure>\n\n\n\n<h3 class=\"wp-block-heading\"><span class=\"ez-toc-section\" id=\"50_Crucenia_Thermen_Bad_Kreuznach\"><\/span>50. Crucenia Thermen (Bad Kreuznach)<span class=\"ez-toc-section-end\"><\/span><\/h3>\n\n\n\n<p class=\"wp-block-paragraph\">T\u00e4m\u00e4 miellytt\u00e4v\u00e4 kylpyl\u00e4 Bad Kreuznachin kaupungissa ylpeilee yhdell\u00e4 eritt\u00e4in sympaattisella yksityiskohdalla, ja se on <strong>virallisesti sertifioitu esteett\u00f6myys<\/strong>. Jos siis sinulla itsell\u00e4 on liikuntavaikeuksia, tai l\u00e4hdet viikonlopuksi jonkun vanhemman perheenj\u00e4senen kanssa, Crucenia Thermen on sinulle ihanteellinen valinta. Koko kokonaisuus panostaa yleisesti pikemminkin rauhaan, terveyteen ja hitaampaan tahtiin kuin villeihin vesiattraktioihin.<\/p>\n\n\n\n<p class=\"wp-block-paragraph\">Voit odottaa <strong>kahta sis\u00e4allasta ja yht\u00e4 ulkoallasta<\/strong>, joihin virtaa jatkuvasti termaalivett\u00e4, jonka l\u00e4mp\u00f6tila on noin 33 \u00b0C. Jos rentoudut mielell\u00e4si pitk\u00e4\u00e4n, arvostat toista allasta, joka on l\u00e4mmitetty tasan 30 \u00b0C:seen ja jota t\u00e4ydent\u00e4v\u00e4t kuplahierontatuolit ja viihtyis\u00e4 lepohuone. Sis\u00e4\u00e4np\u00e4\u00e4syn hintaan <strong>sis\u00e4ltyy my\u00f6s aquafitness<\/strong>, joten voit my\u00f6s hieman aktiivisesti venytell\u00e4. Kehon nopeaan l\u00e4mmitt\u00e4miseen sopii sitten mainiosti paikallinen infrasauna.<\/p>\n\n\n\n<p class=\"wp-block-paragraph\">Kustannusten osalta ilahduttavat lis\u00e4palvelut, jotka saat t\u00e4\u00e4lt\u00e4 eritt\u00e4in yst\u00e4v\u00e4llisill\u00e4 summilla. Vuoden 2026 hinnaston mukaan maksat <strong>puolen tunnin osittaisesta hieronnasta vain 8 \u20ac<\/strong>, mik\u00e4 on Saksassa hyvin kohtuullinen hinta. Jos haluat lahjoittaa oleskelun jollekulle, lahjakortit alkavat jo 5 \u20ac:sta. <strong>\ud83d\udca1 Vinkki:<\/strong> Vaikka \u00e4l\u00e4 odota t\u00e4\u00e4ll\u00e4 valtavaa saunapuistoa, itse parantava vesi riitt\u00e4\u00e4 mainiosti luiden l\u00e4mmitt\u00e4miseen koko p\u00e4iv\u00e4n retken j\u00e4lkeen.<\/p>\n\n\n\n<figure data-wp-context=\"{&quot;imageId&quot;:&quot;6a9c55205ff5a&quot;}\" data-wp-interactive=\"core\/image\" data-wp-key=\"6a9c55205ff5a\" class=\"wp-block-image size-full wp-lightbox-container\"><img decoding=\"async\" width=\"1800\" height=\"1800\" data-wp-class--hide=\"state.isContentHidden\" data-wp-class--show=\"state.isContentVisible\" data-wp-init=\"callbacks.setButtonStyles\" data-wp-on--click=\"actions.showLightbox\" data-wp-on--load=\"callbacks.setButtonStyles\" data-wp-on--pointerdown=\"actions.preloadImage\" data-wp-on--pointerenter=\"actions.preloadImageWithDelay\" data-wp-on--pointerleave=\"actions.cancelPreload\" data-wp-on-window--resize=\"callbacks.setButtonStyles\" src=\"https:\/\/loudavymkrokem.cz\/wp-content\/uploads\/2026\/09\/nemecko-clanky-termaly-nemecko-63-ec29e746-1.jpg\" alt=\"Emser Therme (Bad Ems)\" class=\"wp-image-415437\" title=\"\" srcset=\"https:\/\/loudavymkrokem.cz\/wp-content\/uploads\/2026\/09\/nemecko-clanky-termaly-nemecko-63-ec29e746-1.jpg 1800w, https:\/\/loudavymkrokem.cz\/wp-content\/uploads\/2026\/09\/nemecko-clanky-termaly-nemecko-63-ec29e746-1-300x300.jpg 300w, https:\/\/loudavymkrokem.cz\/wp-content\/uploads\/2026\/09\/nemecko-clanky-termaly-nemecko-63-ec29e746-1-700x700.jpg 700w, https:\/\/loudavymkrokem.cz\/wp-content\/uploads\/2026\/09\/nemecko-clanky-termaly-nemecko-63-ec29e746-1-150x150.jpg 150w, https:\/\/loudavymkrokem.cz\/wp-content\/uploads\/2026\/09\/nemecko-clanky-termaly-nemecko-63-ec29e746-1-768x768.jpg 768w, https:\/\/loudavymkrokem.cz\/wp-content\/uploads\/2026\/09\/nemecko-clanky-termaly-nemecko-63-ec29e746-1-1536x1536.jpg 1536w, https:\/\/loudavymkrokem.cz\/wp-content\/uploads\/2026\/09\/nemecko-clanky-termaly-nemecko-63-ec29e746-1-696x696.jpg 696w, https:\/\/loudavymkrokem.cz\/wp-content\/uploads\/2026\/09\/nemecko-clanky-termaly-nemecko-63-ec29e746-1-1392x1392.jpg 1392w\" sizes=\"(max-width: 1800px) 100vw, 1800px\" \/><button\n\t\t\tclass=\"lightbox-trigger\"\n\t\t\ttype=\"button\"\n\t\t\taria-haspopup=\"dialog\"\n\t\t\tdata-wp-bind--aria-label=\"state.thisImage.triggerButtonAriaLabel\"\n\t\t\tdata-wp-init=\"callbacks.initTriggerButton\"\n\t\t\tdata-wp-on--click=\"actions.showLightbox\"\n\t\t\tdata-wp-style--right=\"state.thisImage.buttonRight\"\n\t\t\tdata-wp-style--top=\"state.thisImage.buttonTop\"\n\t\t>\n\t\t\t<svg xmlns=\"http:\/\/www.w3.org\/2000\/svg\" width=\"12\" height=\"12\" fill=\"none\" viewBox=\"0 0 12 12\">\n\t\t\t\t<path fill=\"#fff\" d=\"M2 0a2 2 0 0 0-2 2v2h1.5V2a.5.5 0 0 1 .5-.5h2V0H2Zm2 10.5H2a.5.5 0 0 1-.5-.5V8H0v2a2 2 0 0 0 2 2h2v-1.5ZM8 12v-1.5h2a.5.5 0 0 0 .5-.5V8H12v2a2 2 0 0 1-2 2H8Zm2-12a2 2 0 0 1 2 2v2h-1.5V2a.5.5 0 0 0-.5-.5H8V0h2Z\" \/>\n\t\t\t<\/svg>\n\t\t<\/button><\/figure>\n\n\n\n<h3 class=\"wp-block-heading\"><span class=\"ez-toc-section\" id=\"51_Emser_Therme_Bad_Ems\"><\/span>51. Emser Therme (Bad Ems)<span class=\"ez-toc-section-end\"><\/span><\/h3>\n\n\n\n<p class=\"wp-block-paragraph\">T\u00e4m\u00e4 upea kylpyl\u00e4 sijaitsee suoraan Lahn-joen rannalla ja tarjoaa sinulle <strong>6 600 neli\u00f6metri\u00e4 rentoutumistilaa<\/strong>. T\u00e4\u00e4lt\u00e4 l\u00f6yd\u00e4t laajan termaalimaiseman, saunapuiston, wellness-gallerian, fitness-panoraaman ja ravintola Halbertsin. Emser Therme on yksinkertaisesti valtava ja kattava lepomaailma, jossa viet\u00e4t huoletta koko p\u00e4iv\u00e4n ja sinulla on koko ajan jotain uutta l\u00f6ydett\u00e4v\u00e4\u00e4.<\/p>\n\n\n\n<p class=\"wp-block-paragraph\">Vesihuveista nautit <strong>yli 700 neli\u00f6metrin vesipinnalla<\/strong>. P\u00e4\u00e4sis\u00e4termaaliallas tervehtii sinua 33 \u00b0C:n l\u00e4mp\u00f6tilalla, mutta siihen liittyy heti viel\u00e4 l\u00e4mpim\u00e4mpi alue 36 \u00b0C:lla. Uida voi my\u00f6s ulkona, jossa vesi on 32\u201335 \u00b0C ja tarjoaa sinulle kauniin n\u00e4kym\u00e4n joelle. Aktiivisemmille uimareille alue k\u00e4tkee sitten <strong>urheiluvedess\u00e4 24\u201328 \u00b0C:n l\u00e4mp\u00f6tilalla<\/strong> ja erityisen altaan liikunta-aktiviteetteihin.<\/p>\n\n\n\n<p class=\"wp-block-paragraph\">Hikoilun yst\u00e4v\u00e4t ovat innoissaan valtavasta alueesta, joka tarjoaa yli <strong>1 000 neli\u00f6metri\u00e4 tilaa saunomiseen<\/strong>. Se on yksinkertaisesti optimaalinen paikka kehon ja mielen syv\u00e4\u00e4n regenerointiin. Saunakarkaisuun k\u00e4yt\u00e4t kuumaa allasta 38 \u00b0C:lla ja sen j\u00e4lkeen viilenn\u00e4t itsesi nopeasti kahdeksantoista asteisessa j\u00e4\u00e4vedess\u00e4. <strong>\ud83d\udca1 Vinkki:<\/strong> Jos sinut yll\u00e4tt\u00e4\u00e4 uinnin j\u00e4lkeen n\u00e4lk\u00e4, kokeile suoraan t\u00e4k\u00e4l\u00e4ist\u00e4 ravintola Halbertsia, jottet joudu poistumaan alueelta ollenkaan p\u00e4iv\u00e4n aikana.<\/p>\n\n\n\n<figure data-wp-context=\"{&quot;imageId&quot;:&quot;6a9c5520604bb&quot;}\" data-wp-interactive=\"core\/image\" data-wp-key=\"6a9c5520604bb\" class=\"wp-block-image size-full wp-lightbox-container\"><img decoding=\"async\" width=\"1800\" height=\"1350\" data-wp-class--hide=\"state.isContentHidden\" data-wp-class--show=\"state.isContentVisible\" data-wp-init=\"callbacks.setButtonStyles\" data-wp-on--click=\"actions.showLightbox\" data-wp-on--load=\"callbacks.setButtonStyles\" data-wp-on--pointerdown=\"actions.preloadImage\" data-wp-on--pointerenter=\"actions.preloadImageWithDelay\" data-wp-on--pointerleave=\"actions.cancelPreload\" data-wp-on-window--resize=\"callbacks.setButtonStyles\" src=\"https:\/\/loudavymkrokem.cz\/wp-content\/uploads\/2026\/09\/nemecko-clanky-termaly-nemecko-64-23e551d5-1.jpg\" alt=\"vabali spa -kylpyl\u00e4n saunapuutarha Berliiniss\u00e4\" class=\"wp-image-415441\" title=\"\" srcset=\"https:\/\/loudavymkrokem.cz\/wp-content\/uploads\/2026\/09\/nemecko-clanky-termaly-nemecko-64-23e551d5-1.jpg 1800w, https:\/\/loudavymkrokem.cz\/wp-content\/uploads\/2026\/09\/nemecko-clanky-termaly-nemecko-64-23e551d5-1-300x225.jpg 300w, https:\/\/loudavymkrokem.cz\/wp-content\/uploads\/2026\/09\/nemecko-clanky-termaly-nemecko-64-23e551d5-1-700x525.jpg 700w, https:\/\/loudavymkrokem.cz\/wp-content\/uploads\/2026\/09\/nemecko-clanky-termaly-nemecko-64-23e551d5-1-768x576.jpg 768w, https:\/\/loudavymkrokem.cz\/wp-content\/uploads\/2026\/09\/nemecko-clanky-termaly-nemecko-64-23e551d5-1-1536x1152.jpg 1536w, https:\/\/loudavymkrokem.cz\/wp-content\/uploads\/2026\/09\/nemecko-clanky-termaly-nemecko-64-23e551d5-1-80x60.jpg 80w, https:\/\/loudavymkrokem.cz\/wp-content\/uploads\/2026\/09\/nemecko-clanky-termaly-nemecko-64-23e551d5-1-160x120.jpg 160w, https:\/\/loudavymkrokem.cz\/wp-content\/uploads\/2026\/09\/nemecko-clanky-termaly-nemecko-64-23e551d5-1-696x522.jpg 696w, https:\/\/loudavymkrokem.cz\/wp-content\/uploads\/2026\/09\/nemecko-clanky-termaly-nemecko-64-23e551d5-1-1392x1044.jpg 1392w\" sizes=\"(max-width: 1800px) 100vw, 1800px\" \/><button\n\t\t\tclass=\"lightbox-trigger\"\n\t\t\ttype=\"button\"\n\t\t\taria-haspopup=\"dialog\"\n\t\t\tdata-wp-bind--aria-label=\"state.thisImage.triggerButtonAriaLabel\"\n\t\t\tdata-wp-init=\"callbacks.initTriggerButton\"\n\t\t\tdata-wp-on--click=\"actions.showLightbox\"\n\t\t\tdata-wp-style--right=\"state.thisImage.buttonRight\"\n\t\t\tdata-wp-style--top=\"state.thisImage.buttonTop\"\n\t\t>\n\t\t\t<svg xmlns=\"http:\/\/www.w3.org\/2000\/svg\" width=\"12\" height=\"12\" fill=\"none\" viewBox=\"0 0 12 12\">\n\t\t\t\t<path fill=\"#fff\" d=\"M2 0a2 2 0 0 0-2 2v2h1.5V2a.5.5 0 0 1 .5-.5h2V0H2Zm2 10.5H2a.5.5 0 0 1-.5-.5V8H0v2a2 2 0 0 0 2 2h2v-1.5ZM8 12v-1.5h2a.5.5 0 0 0 .5-.5V8H12v2a2 2 0 0 1-2 2H8Zm2-12a2 2 0 0 1 2 2v2h-1.5V2a.5.5 0 0 0-.5-.5H8V0h2Z\" \/>\n\t\t\t<\/svg>\n\t\t<\/button><\/figure>\n\n\n\n<h2 class=\"wp-block-heading\"><span class=\"ez-toc-section\" id=\"Kaytannon_opas_mita_ottaa_mukaan_lasten_kanssa_ja_kateinen\"><\/span>K\u00e4yt\u00e4nn\u00f6n opas: mit\u00e4 ottaa mukaan, lasten kanssa ja k\u00e4teinen<span class=\"ez-toc-section-end\"><\/span><\/h2>\n\n\n\n<p class=\"wp-block-paragraph\">Ennen kuin l\u00e4hdet, pakkaa mukaan <strong>iso pyyhe alle saunaan<\/strong>, sill\u00e4 Saksassa saunotaan ehdottomasti ilman uima-asua ja pyyhkeen t\u00e4ytyy olla koko vartalon alla. Altaiden v\u00e4lill\u00e4 liikkumiseen tulevat tarpeeseen sandaalit ja itse kylpemiseen tietysti uima-asu. Kylpytakin tai pyyhkeen vuokraus paikan p\u00e4\u00e4ll\u00e4 on l\u00e4hes kaikkialla maksullista, esimerkiksi Thermen &#038; Badewelt Sinsheimiss\u00e4 <strong>maksat kylpytakista 9 \u20ac ja lis\u00e4ksi 40 \u20ac panttina<\/strong>. Kristalltherme Bad Wilsnackissa pyyhe ja kylpytakki maksavat 12 \u20ac, ja varaa lis\u00e4ksi 15 \u20ac pantti.<\/p>\n\n\n\n<p class=\"wp-block-paragraph\">Lompakon voit huoletta j\u00e4tt\u00e4\u00e4 lokeroon, sill\u00e4 sis\u00e4ll\u00e4 <strong>maksetaan sirulla tai rannekkeella<\/strong>, jonka saat sis\u00e4\u00e4nk\u00e4ynnill\u00e4. Ruokalaskun ja mahdolliset lis\u00e4maksut pidemm\u00e4st\u00e4 oleskelusta maksat vasta lopuksi l\u00e4ht\u00f6kassalla, jolloin joillakin alueilla on asetettu kredittirajat, kuten esimerkiksi Titania Neus\u00e4\u00dfill\u00e4 50 \u20ac:n raja aikuista kohti. <strong>\ud83d\udca1 Vinkki:<\/strong> Jos vierailet kylpyl\u00f6iss\u00e4 usein, kysy ennakkoon ladatuista korteista, sill\u00e4 esimerkiksi Sinsheimiss\u00e4 saat 150 \u20ac:n kreditill\u00e4 suoraan 5 %:n alennuksen sis\u00e4\u00e4np\u00e4\u00e4syst\u00e4.<\/p>\n\n\n\n<p class=\"wp-block-paragraph\">Parkkeeraus on useimpien alueiden luona hoidettu runsailla parkkipaikoilla, jolloin jotkut paikat ajattelevat my\u00f6s matkailuautoja, mit\u00e4 tarjoaa esimerkiksi Adelindis Therme Bad Buchau. Sellaisessa Carolus Thermen Aachenissa <strong>maksat autohallista maksun 6 \u20ac<\/strong> koko vierailun ajaksi ja altaisiin siirryt mukavasti suoraan kuivin jaloin.<\/p>\n\n\n\n<p class=\"wp-block-paragraph\">Haluatko rauhaa? Silloin <strong>j\u00e4t\u00e4 v\u00e4liin viikonloput, arkipyh\u00e4t ja saksalaiset lomat<\/strong>, jolloin on paitsi kaikkein t\u00e4ysint\u00e4, my\u00f6s usein maksetaan viikonloppulisi\u00e4 1,50\u20135 \u20ac:n v\u00e4lill\u00e4. Jotkut alueet, kuten VitaSol Therme Bad Salzuflen, jopa <strong>n\u00e4ytt\u00e4v\u00e4t verkkosivuillaan ajankohtaisen t\u00e4ytt\u00f6asteen<\/strong>, joten voit ennen l\u00e4ht\u00f6\u00e4 tarkistaa vapaat paikat. Spreewald Therme Burgissa voit sitten 7,50 \u20ac:lla varata tietyn lepotuolin rauha-alueella koko p\u00e4iv\u00e4ksi ja varmistaa n\u00e4in oman paikkasi.<\/p>\n\n\n\n<p class=\"wp-block-paragraph\">Lapsiperheiden kannattaa valita etuk\u00e4teen huolellisesti, sill\u00e4 <strong>joillakin alueilla on tiukat ik\u00e4rajat<\/strong> ja ne panostavat pikemminkin aikuisten hiljaiseen lepoon. Thermen &#038; Badewelt Sinsheimiin sinut p\u00e4\u00e4stet\u00e4\u00e4n vasta 16-vuotiaana ja esimerkiksi Mineraltherme B\u00f6blingen ei p\u00e4\u00e4st\u00e4 alle viisivuotiaita lapsia. Sen sijaan Therme Erdingiss\u00e4 tai Titania Neus\u00e4\u00dfiss\u00e4 edullisine perhetariffeineen <strong>lapset villiintyv\u00e4t liukum\u00e4iss\u00e4 ja aaltoaltaassa kyll\u00e4stymiseen asti<\/strong>.<\/p>\n\n\n\n<p class=\"wp-block-paragraph\">Ennen itse matkaa suosittelen sinua <strong>tarkistamaan vuoden 2026 ajankohtaisen hinnaston<\/strong> ja mahdolliset tekniset huoltokatkot suoraan valittujen kylpyl\u00f6iden verkkosivuilta. V\u00e4lt\u00e4t n\u00e4in turhan pettymyksen paikan p\u00e4\u00e4ll\u00e4, sill\u00e4 esimerkiksi ulkotermaaliallas Bodensee-Therme Konstanzissa on huollossa aina 25. syyskuuta 2026 asti. Samoin on hyv\u00e4 tiet\u00e4\u00e4, ett\u00e4 <strong>D\u00fcnen-Therme St. Peter-Ordingissa on parhaillaan poissa k\u00e4yt\u00f6st\u00e4 aaltoallas<\/strong> ja suosittu Turbo-Rutsche.<\/p>\n\n\n\n<h2 class=\"wp-block-heading\"><span class=\"ez-toc-section\" id=\"Minne_seuraavaksi_lisaa_artikkeleita_kylpyloista_ja_wellnessista\"><\/span>Minne seuraavaksi: lis\u00e4\u00e4 artikkeleita kylpyl\u00f6ist\u00e4 ja wellnessist\u00e4<span class=\"ez-toc-section-end\"><\/span><\/h2>\n\n\n\n<ul class=\"wp-block-list\">\n\n<li><strong><a href=\"https:\/\/loudavymkrokem.cz\/fi\/wellness-hotellit-saksa\/\">Wellness-hotellit Saksassa<\/a><\/strong> &#8211; katso vinkkimme parhaista rentoutumispaikoista.<\/li>\n\n\n\n<li><strong><a href=\"https:\/\/loudavymkrokem.cz\/fi\/saksa-vesipuistot\/\">Parhaat vesipuistot Saksassa<\/a><\/strong> &#8211; jos etsit pikemminkin adrenaliinia ja liukum\u00e4ki\u00e4, n\u00e4m\u00e4 paikat hurmaavat sinut.<\/li>\n\n\n\n<li><strong><a href=\"https:\/\/loudavymkrokem.cz\/fi\/parhaat-kylpylat-tsekki\/\">Parhaat kylpyl\u00e4t ja termaalikylpyl\u00e4t T\u0161ekiss\u00e4<\/a><\/strong> &#8211; l\u00f6yd\u00e4 kauneimmat t\u0161ekkil\u00e4iset alueet.<\/li>\n\n\n\n<li><strong><a href=\"https:\/\/loudavymkrokem.cz\/fi\/slovakian-termaalikylpylat\/\">Kylpyl\u00e4t Slovakiassa<\/a><\/strong> &#8211; ota selv\u00e4\u00e4, minne suunnata kuumien l\u00e4hteiden ja levon pariin Slovakiaan.<\/li>\n\n\n\n<li><strong><a href=\"https:\/\/loudavymkrokem.cz\/fi\/hyvinvointihotellit-itavallassa\/\">Wellness-hotellit It\u00e4vallassa<\/a><\/strong> &#8211; inspiroidu upeista it\u00e4valtalaisista hotelleista, jotka yhdist\u00e4v\u00e4t vuoret ja ylellisen hoidon.<\/li>\n\n\n\n<li><strong><a href=\"https:\/\/loudavymkrokem.cz\/fi\/neuschwanstein-saksa-vinkit\/\">Neuschwansteinin linna<\/a><\/strong> &#8211; lue satumaisesta linnasta, sill\u00e4 K\u00f6nigliche Kristall-Therme Schwangaussa sijaitsee suoraan sen alapuolella.<\/li>\n\n\n<\/ul>\n\n\n\n<h2 class=\"wp-block-heading\"><span class=\"ez-toc-section\" id=\"Usein_kysytyt_kysymykset\"><\/span>Usein kysytyt kysymykset<span class=\"ez-toc-section-end\"><\/span><\/h2>\n\n\n\n<p class=\"wp-block-paragraph\">Onko sinulla viel\u00e4 lis\u00e4kysymyksi\u00e4 saksalaisten kylpyl\u00f6iden vierailusta? Kokosin sinulle yhteenvedon yleisimmist\u00e4 kysymyksist\u00e4, jotka helpottavat matkasi suunnittelua.<\/p>\n\n\n<div id=\"rank-math-faq\" class=\"rank-math-block\">\n<div class=\"rank-math-list \">\n<div id=\"faq-question-1788420581000\" class=\"rank-math-list-item\">\n<h3 class=\"rank-math-question \"><span class=\"ez-toc-section\" id=\"Mika_on_Saksan_suurin_kylpyla\"><\/span>Mik\u00e4 on Saksan suurin kylpyl\u00e4?<span class=\"ez-toc-section-end\"><\/span><\/h3>\n<div class=\"rank-math-answer \">\n\n<p>Saksan suurimman kylpyl\u00e4n titteli kuuluu Therme Erdingille. Virallisen verkkosivuston mukaan siell\u00e4 on 40 allasta, 38 saunaa ja h\u00f6yrykylpy\u00e4 sek\u00e4 per\u00e4ti 28 liukum\u00e4ke\u00e4, joiden yhteispituus on yli 2 850 metri\u00e4. Kyseess\u00e4 on valtava kompleksi, joka ulottuu laajalle alueelle ja tarjoaa koko p\u00e4iv\u00e4n viihdett\u00e4 niin aikuisille kuin lapsillekin.<\/p>\n\n<\/div>\n<\/div>\n<div id=\"faq-question-1788420581001\" class=\"rank-math-list-item\">\n<h3 class=\"rank-math-question \"><span class=\"ez-toc-section\" id=\"Paljonko_Saksan_kylpylaan_paasymaksu_maksaa\"><\/span>Paljonko Saksan kylpyl\u00e4\u00e4n p\u00e4\u00e4symaksu maksaa?<span class=\"ez-toc-section-end\"><\/span><\/h3>\n<div class=\"rank-math-answer \">\n\n<p>Hintataso vuonna 2026 liikkuu tyypillisesti 13\u201321 euron v\u00e4lill\u00e4 kahden tunnin uinnista. Kokop\u00e4iv\u00e4lipusta maksat yleens\u00e4 18\u201337 euroa. Kalleimmat katsauksessamme ovat Therme Bad W\u00f6rishofenin kylpyl\u00e4t, joissa kokop\u00e4iv\u00e4lippu maksaa 51 euroa. Jos haluat vierailla my\u00f6s saunamaailmassa, varaudu noin 5\u201310 euron lis\u00e4maksuun.<\/p>\n\n<\/div>\n<\/div>\n<div id=\"faq-question-1788420581002\" class=\"rank-math-list-item\">\n<h3 class=\"rank-math-question \"><span class=\"ez-toc-section\" id=\"Pitaako_saksalaisessa_saunassa_kayda_alasti\"><\/span>Pit\u00e4\u00e4k\u00f6 saksalaisessa saunassa k\u00e4yd\u00e4 alasti?<span class=\"ez-toc-section-end\"><\/span><\/h3>\n<div class=\"rank-math-answer \">\n\n<p>Kyll\u00e4, Saksan saunoihin menn\u00e4\u00e4n ehdottomasti ilman uimapukua. Ota siksi mukaasi iso pyyhe tai lakana, sill\u00e4 koko kehosi, my\u00f6s jalkapohjat, on oltava alustettuna. Jos olet ujo, voit kietoutua saunassa pyyhkeeseen, mutta m\u00e4riss\u00e4 uimahousuissa uimavalvojat eiv\u00e4t hygieenisist\u00e4 syist\u00e4 p\u00e4\u00e4st\u00e4 sinua sis\u00e4\u00e4n.<\/p>\n\n<\/div>\n<\/div>\n<div id=\"faq-question-1788420581003\" class=\"rank-math-list-item\">\n<h3 class=\"rank-math-question \"><span class=\"ez-toc-section\" id=\"Mitka_Saksan_kylpylat_ovat_lahimpana_Suomea\"><\/span>Mitk\u00e4 Saksan kylpyl\u00e4t ovat l\u00e4himp\u00e4n\u00e4 Suomea?<span class=\"ez-toc-section-end\"><\/span><\/h3>\n<div class=\"rank-math-answer \">\n\n<p>Suomalaisille hyvin saavutettavia kohteita ovat esimerkiksi Baijerissa sijaitsevat kylpyl\u00e4t. Neualbenreuthin Sibyllenbad kuuluu edullisimpiin, ja Sachsenin Sveitsiss\u00e4 sijaitsee Toskana Therme Bad Schandau tunnetulla vedenalaisen musiikin konseptillaan. Passaun kautta p\u00e4\u00e4set my\u00f6s helposti Bad F\u00fcssingin ja Bad Griesbachin kylpyl\u00f6ihin.<\/p>\n\n<\/div>\n<\/div>\n<div id=\"faq-question-1788420581004\" class=\"rank-math-list-item\">\n<h3 class=\"rank-math-question \"><span class=\"ez-toc-section\" id=\"Voivatko_lapset_menna_Saksan_kylpyloihin\"><\/span>Voivatko lapset menn\u00e4 Saksan kylpyl\u00f6ihin?<span class=\"ez-toc-section-end\"><\/span><\/h3>\n<div class=\"rank-math-answer \">\n\n<p>Se riippuu yksitt\u00e4isest\u00e4 kohteesta, sill\u00e4 monet niist\u00e4 suuntautuvat enemm\u00e4n aikuisille. Esimerkiksi Thermen &amp; Badewelt Sinsheimiin nuoret p\u00e4\u00e4sev\u00e4t vasta 16-vuotiaasta alkaen, ja Mineraltherme B\u00f6blingen ei p\u00e4\u00e4st\u00e4 sis\u00e4\u00e4n alle 5-vuotiaita lapsia. Sen sijaan Therme Erding tai Titania Neus\u00e4\u00df ovat kuin luotuja lapsiperheille ja tarjoavat perhetariffeja sek\u00e4 aktiviteetteja.<\/p>\n\n<\/div>\n<\/div>\n<div id=\"faq-question-1788420581005\" class=\"rank-math-list-item\">\n<h3 class=\"rank-math-question \"><span class=\"ez-toc-section\" id=\"Mita_Bademantelgang_tarkoittaa\"><\/span>Mit\u00e4 Bademantelgang tarkoittaa?<span class=\"ez-toc-section-end\"><\/span><\/h3>\n<div class=\"rank-math-answer \">\n\n<p>Sana Bademantelgang tarkoittaa l\u00e4mmitetty\u00e4 k\u00e4yt\u00e4v\u00e4\u00e4, joka yhdist\u00e4\u00e4 tietyt majoituspaikat suoraan kylpyl\u00e4alueelle. T\u00e4m\u00e4n ansiosta voit pukeutua uimapukuun ja kylpytakkiin jo mukavasti hotellihuoneessasi ja siirty\u00e4 altaille niin sanotusti kuivin jaloin. N\u00e4in sinun ei tarvitse k\u00e4ytt\u00e4\u00e4 kylpyl\u00e4n yhteisi\u00e4 pukuhuoneita ja kaappeja.<\/p>\n\n<\/div>\n<\/div>\n<div id=\"faq-question-1788420581006\" class=\"rank-math-list-item\">\n<h3 class=\"rank-math-question \"><span class=\"ez-toc-section\" id=\"Pitaako_minun_ottaa_mukaan_oma_pyyhe_ja_kylpytakki\"><\/span>Pit\u00e4\u00e4k\u00f6 minun ottaa mukaan oma pyyhe ja kylpytakki?<span class=\"ez-toc-section-end\"><\/span><\/h3>\n<div class=\"rank-math-answer \">\n\n<p>Ota oma varustuksesi mukaan, sill\u00e4 kylpytakin ja pyyhkeen vuokraus on Saksan kylpyl\u00f6iss\u00e4 l\u00e4hes aina maksullista ja vaatii talletuksen. Esimerkiksi Kristalltherme Bad Wilsnackissa maksat pyyheest\u00e4 5 euroa ja kylpytakista 7 euroa, ja j\u00e4t\u00e4t lis\u00e4ksi viel\u00e4 15 euron talletuksen. N\u00e4in vierailusi kallistuisi tarpeettomasti.<\/p>\n\n<\/div>\n<\/div>\n<div id=\"faq-question-1788420581007\" class=\"rank-math-list-item\">\n<h3 class=\"rank-math-question \"><span class=\"ez-toc-section\" id=\"Milloin_Saksan_kylpyloissa_on_vahiten_vakea\"><\/span>Milloin Saksan kylpyl\u00f6iss\u00e4 on v\u00e4hiten v\u00e4ke\u00e4?<span class=\"ez-toc-section-end\"><\/span><\/h3>\n<div class=\"rank-math-answer \">\n\n<p>Suurimman rauhan nautit arkip\u00e4ivin\u00e4, mieluiten heti aamun aukeamisen j\u00e4lkeen tai p\u00e4invastoin iltaisin. V\u00e4lt\u00e4 ehdottomasti viikonloppuja, kansallisia juhlap\u00e4ivi\u00e4 ja Saksan koulujen loma-aikoja. Monet kylpyl\u00e4t lis\u00e4ksi periv\u00e4t viikonloppuisin lis\u00e4maksuja sis\u00e4\u00e4np\u00e4\u00e4syyn, yleens\u00e4 1,50\u20135 euroa, joten arkivierailulla my\u00f6s s\u00e4\u00e4st\u00e4t.<\/p>\n\n<\/div>\n<\/div>\n<div id=\"faq-question-1788420581008\" class=\"rank-math-list-item\">\n<h3 class=\"rank-math-question \"><span class=\"ez-toc-section\" id=\"Maksetaanko_Saksassa_kylpylaveroa\"><\/span>Maksetaanko Saksassa kylpyl\u00e4veroa?<span class=\"ez-toc-section-end\"><\/span><\/h3>\n<div class=\"rank-math-answer \">\n\n<p>Kyll\u00e4, jos y\u00f6vyt perinteisess\u00e4 kylpyl\u00e4kaupungissa, maksat oleskeluveron eli Kurbeitragin. Vastineeksi saat kuitenkin yleens\u00e4 vieraskortin, joka takaa alennuksia p\u00e4\u00e4symaksuista. Esimerkiksi Havel Therme Werderin ymp\u00e4rist\u00f6ss\u00e4 majoittuvilla vierailla on arkip\u00e4ivin\u00e4 oikeus alennettuun sis\u00e4\u00e4np\u00e4\u00e4syyn, kunhan n\u00e4ytt\u00e4v\u00e4t kortin kassalla.<\/p>\n\n<\/div>\n<\/div>\n<div id=\"faq-question-1788420581009\" class=\"rank-math-list-item\">\n<h3 class=\"rank-math-question \"><span class=\"ez-toc-section\" id=\"Mika_Saksan_kylpyla_sopii_parhaiten_lapsiperheille\"><\/span>Mik\u00e4 Saksan kylpyl\u00e4 sopii parhaiten lapsiperheille?<span class=\"ez-toc-section-end\"><\/span><\/h3>\n<div class=\"rank-math-answer \">\n\n<p>Ehdottomasti paras valinta perheille on Therme Erding, jossa lapset p\u00e4\u00e4sev\u00e4t villitsem\u00e4\u00e4n 28 liukum\u00e4ess\u00e4 ja suuressa aaltokoneessa. Loistavia ovat my\u00f6s Spreewelten Bad L\u00fcbbenau -kylpyl\u00e4t, joissa voit tarkkailla el\u00e4vi\u00e4 pingviinej\u00e4 altaan l\u00e4pin\u00e4kyv\u00e4n sein\u00e4n l\u00e4pi. Erinomaista varustelua tarjoavat my\u00f6s Titania Neus\u00e4\u00df ja D\u00fcnen-Therme St. Peter-Ording, joissa on valmiina edulliset lasten tariffit.<\/p>\n\n<\/div>\n<\/div>\n<\/div>\n<\/div>","protected":false},"excerpt":{"rendered":"<p>T\u00e4ydellinen katsaus 51 saksalaiseen kylpyl\u00e4\u00e4n osavaltioittain: vuoden 2026 hinnat, miss\u00e4 k\u00e4yd\u00e4\u00e4n ilman uima-asua ja miss\u00e4 nukkua suoraan altaan \u00e4\u00e4rell\u00e4.<\/p>\n","protected":false},"author":3,"featured_media":415526,"comment_status":"open","ping_status":"open","sticky":false,"template":"","format":"standard","meta":{"_acf_changed":false,"footnotes":"","rank_math_title":"Kylpyl\u00e4t Saksa: 51 parasta vinkki\u00e4 vuonna 2026","rank_math_description":"Kylpyl\u00e4t Saksa -opas: 51 parasta kylpyl\u00e4\u00e4 osavaltioittain, vuoden 2026 hinnat ja saunaetiketti. Lue vinkit ja suunnittele t\u00e4ydellinen rentoutumisviikonloppu!","rank_math_focus_keyword":"kylpyl\u00e4t saksa","rank_math_seo_score":""},"categories":[2129,2123,2173],"tags":[],"class_list":["post-417748","post","type-post","status-publish","format-standard","has-post-thumbnail","category-eurooppa","category-matkailu","category-saksa"],"acf":[],"featured_image_src":"https:\/\/loudavymkrokem.cz\/wp-content\/uploads\/2026\/09\/nemecko-clanky-termaly-nemecko-featured-c2c297a7.jpg","author_info":{"display_name":"Lucie Kone\u010dn\u00e1","author_link":"https:\/\/loudavymkrokem.cz\/fi\/author\/lucie-konecna\/"},"_links":{"self":[{"href":"https:\/\/loudavymkrokem.cz\/fi\/wp-json\/wp\/v2\/posts\/417748","targetHints":{"allow":["GET"]}}],"collection":[{"href":"https:\/\/loudavymkrokem.cz\/fi\/wp-json\/wp\/v2\/posts"}],"about":[{"href":"https:\/\/loudavymkrokem.cz\/fi\/wp-json\/wp\/v2\/types\/post"}],"author":[{"embeddable":true,"href":"https:\/\/loudavymkrokem.cz\/fi\/wp-json\/wp\/v2\/users\/3"}],"replies":[{"embeddable":true,"href":"https:\/\/loudavymkrokem.cz\/fi\/wp-json\/wp\/v2\/comments?post=417748"}],"version-history":[{"count":2,"href":"https:\/\/loudavymkrokem.cz\/fi\/wp-json\/wp\/v2\/posts\/417748\/revisions"}],"predecessor-version":[{"id":417750,"href":"https:\/\/loudavymkrokem.cz\/fi\/wp-json\/wp\/v2\/posts\/417748\/revisions\/417750"}],"wp:featuredmedia":[{"embeddable":true,"href":"https:\/\/loudavymkrokem.cz\/fi\/wp-json\/wp\/v2\/media\/415526"}],"wp:attachment":[{"href":"https:\/\/loudavymkrokem.cz\/fi\/wp-json\/wp\/v2\/media?parent=417748"}],"wp:term":[{"taxonomy":"category","embeddable":true,"href":"https:\/\/loudavymkrokem.cz\/fi\/wp-json\/wp\/v2\/categories?post=417748"},{"taxonomy":"post_tag","embeddable":true,"href":"https:\/\/loudavymkrokem.cz\/fi\/wp-json\/wp\/v2\/tags?post=417748"}],"curies":[{"name":"wp","href":"https:\/\/api.w.org\/{rel}","templated":true}]}}