{"id":417733,"date":"2026-09-03T16:56:24","date_gmt":"2026-09-03T14:56:24","guid":{"rendered":"https:\/\/loudavymkrokem.cz\/loma-maltalla-vinkit\/"},"modified":"2026-09-05T17:42:06","modified_gmt":"2026-09-05T15:42:06","slug":"loma-maltalla-vinkit","status":"publish","type":"post","link":"https:\/\/loudavymkrokem.cz\/fi\/loma-maltalla-vinkit\/","title":{"rendered":"Loma Maltalla: 24 vinkki\u00e4, mit\u00e4 n\u00e4hd\u00e4 ja tehd\u00e4 vuonna 2026"},"content":{"rendered":"\n<!-- lk-tldr -->\n<div class=\"lk-tldr\" style=\"background:#f7f5f0;border-left:4px solid #c39f76;border-radius:0 10px 10px 0;padding:14px 18px;margin:0 0 26px;font-size:15px;line-height:1.65;\"><strong style=\"display:block;font-size:12px;text-transform:uppercase;letter-spacing:.06em;color:#a9885a;margin-bottom:5px;\">TL;DR<\/strong>Malta on EU:n pienin valtio, mutta sinne mahtuu enemm\u00e4n historiaa kuin useimpiin suuriin maihin, ja Helsingist\u00e4 sinne p\u00e4\u00e4see muutamassa tunnissa. <strong>Valletta<\/strong> on kokonaisuudessaan UNESCON listalla, <strong>Mdina<\/strong> on hiljainen kaupunki muurien takana ja <strong>megaliittiset temppelit<\/strong> ovat vanhempia kuin pyramidit. Parhaat kuukaudet ovat <strong>toukokuu, kes\u00e4kuu, syyskuu ja lokakuu<\/strong>, hein\u00e4- ja elokuussa on noin 30 \u00b0C eik\u00e4 juuri sada, meri on l\u00e4mpimimmill\u00e4\u00e4n elokuussa (27,8 \u00b0C) ja lokakuussakin viel\u00e4 25 \u00b0C. \u26a0\ufe0f Maltalla ei ole juuri lainkaan hiekkarantoja, uiminen tapahtuu p\u00e4\u00e4asiassa kallioilta ja tasanteilta. Englanti on virallinen kieli, valuuttana on euro ja liikenne kulkee vasemmalla.<\/div>\n<!-- \/lk-tldr -->\n\n\n\n<!-- lk-navbar -->\n<div class=\"lk-navbar\" style=\"margin:0 0 28px;\"><div style=\"font-size:12px;text-transform:uppercase;letter-spacing:.06em;color:#a9885a;font-weight:700;margin-bottom:9px;\">Pikalinkit<\/div><div style=\"display:flex;flex-wrap:wrap;gap:9px;\"><a href=\"#Kdy_jet_na_Maltu_pocasi_mesic_po_mesici\" style=\"background:#c39f76;color:#fff;border:1px solid #c39f76;font-weight:700;padding:9px 15px;border-radius:22px;font-size:14px;text-decoration:none;display:inline-block;line-height:1;\">\ud83c\udf21\ufe0f Milloin matkustaa<\/a><a href=\"#Co_videt_na_Malte_24_tipu_ktere_stoji_za_vas_cas\" style=\"background:#fff;color:#6b5a44;border:1px solid #e2d6c1;font-weight:600;padding:9px 15px;border-radius:22px;font-size:14px;text-decoration:none;display:inline-block;line-height:1;\">\ud83d\udccd 24 vinkki\u00e4<\/a><a href=\"#Kde_se_ubytovat_na_Malte_nejlepsi_oblasti_a_konkretni_hotely\" style=\"background:#fff;color:#6b5a44;border:1px solid #e2d6c1;font-weight:600;padding:9px 15px;border-radius:22px;font-size:14px;text-decoration:none;display:inline-block;line-height:1;\">\ud83c\udfe8 Miss\u00e4 majoittua<\/a><a href=\"#Co_jist_na_Malte_pruvodce_pro_vegetariany_i_ostatni\" style=\"background:#fff;color:#6b5a44;border:1px solid #e2d6c1;font-weight:600;padding:9px 15px;border-radius:22px;font-size:14px;text-decoration:none;display:inline-block;line-height:1;\">\ud83c\udf7d\ufe0f Mit\u00e4 sy\u00f6d\u00e4<\/a><a href=\"#Doprava_po_Malte_autobusy_trajekt_a_auto\" style=\"background:#fff;color:#6b5a44;border:1px solid #e2d6c1;font-weight:600;padding:9px 15px;border-radius:22px;font-size:14px;text-decoration:none;display:inline-block;line-height:1;\">\ud83d\ude8c Liikenne<\/a><a href=\"#Kolik_stoji_dovolena_na_Malte\" style=\"background:#fff;color:#6b5a44;border:1px solid #e2d6c1;font-weight:600;padding:9px 15px;border-radius:22px;font-size:14px;text-decoration:none;display:inline-block;line-height:1;\">\ud83d\udcb0 Hinnat<\/a><a href=\"#Casto_kladene_otazky\" style=\"background:#fff;color:#6b5a44;border:1px solid #e2d6c1;font-weight:600;padding:9px 15px;border-radius:22px;font-size:14px;text-decoration:none;display:inline-block;line-height:1;\">\u2753 UKK<\/a><\/div><\/div>\n<!-- \/lk-navbar -->\n\n\n\n<p class=\"wp-block-paragraph\">Malta on yksi maailman pienimmist\u00e4 valtioista, mutta niin pienelle alalle mahtuu kuulemma enemm\u00e4n n\u00e4ht\u00e4vyyksi\u00e4 ja historiaa kuin useimpiin valtaviin maihin. Lis\u00e4ksi <strong>suora lento kest\u00e4\u00e4 vain muutaman tunnin<\/strong>, joten v\u00e4lt\u00e4t pitk\u00e4n matkustamisen ja voit aloittaa l\u00f6yt\u00f6retkeilyn l\u00e4hes heti. Koneesta astut miellytt\u00e4v\u00e4\u00e4n l\u00e4mp\u00f6\u00f6n, kuulet kaikkialla englantia ja huomaat heti, ett\u00e4 teill\u00e4 ajetaan vasemmalla.<\/p>\n\n\n\n<p class=\"wp-block-paragraph\">Jos sinua houkuttelee <strong>loma Maltalla<\/strong>, olet osunut oikeaan artikkeliin, joka on t\u00e4ynn\u00e4 k\u00e4yt\u00e4nn\u00f6n tietoa. Kokosin sinulle yksityiskohtaisen oppaan, jossa k\u00e4ymme yhdess\u00e4 l\u00e4pi, <strong>mit\u00e4 n\u00e4hd\u00e4 Maltalla<\/strong>, mit\u00e4 paikkoja ei kannata j\u00e4tt\u00e4\u00e4 v\u00e4liin ja mihin kannattaa kiinnitt\u00e4\u00e4 huomiota suunnittelussa. Matkailijat kehuvat t\u00e4t\u00e4 saaristoa sen uskomattomasta monipuolisuudesta, jossa muinaiset temppelit sulautuvat kirkkaaseen V\u00e4limereen.<\/p>\n\n\n\n<p class=\"wp-block-paragraph\">Seuraavilta riveilt\u00e4 l\u00f6yd\u00e4t tasan <strong>24 vinkki\u00e4 retkiin ja aktiviteetteihin<\/strong>, mutta my\u00f6s yksityiskohtaisen s\u00e4\u00e4taulukon kuukausi kuukaudelta, joka perustuu kymmenen vuoden dataan. Autan sinua valitsemaan strategisen majoituksen, k\u00e4ymme l\u00e4pi paikallisen liikenteen toiminnan, suuntaa-antavat hinnat ja lis\u00e4\u00e4n my\u00f6s suositukset loistavista kasvisruoista.<\/p>\n\n\n\n<figure data-wp-context=\"{&quot;imageId&quot;:&quot;6a9c579cb6079&quot;}\" data-wp-interactive=\"core\/image\" data-wp-key=\"6a9c579cb6079\" class=\"wp-block-image size-full wp-lightbox-container\"><img decoding=\"async\" width=\"1500\" height=\"1000\" data-wp-class--hide=\"state.isContentHidden\" data-wp-class--show=\"state.isContentVisible\" data-wp-init=\"callbacks.setButtonStyles\" data-wp-on--click=\"actions.showLightbox\" data-wp-on--load=\"callbacks.setButtonStyles\" data-wp-on--pointerdown=\"actions.preloadImage\" data-wp-on--pointerenter=\"actions.preloadImageWithDelay\" data-wp-on--pointerleave=\"actions.cancelPreload\" data-wp-on-window--resize=\"callbacks.setButtonStyles\" src=\"https:\/\/loudavymkrokem.cz\/wp-content\/uploads\/2026\/08\/dovolena-malta-uvod.jpg\" alt=\"V\u00e4rikk\u00e4\u00e4t parvekkeet Valletan kujilla\" class=\"wp-image-399631\" title=\"\" srcset=\"https:\/\/loudavymkrokem.cz\/wp-content\/uploads\/2026\/08\/dovolena-malta-uvod.jpg 1500w, https:\/\/loudavymkrokem.cz\/wp-content\/uploads\/2026\/08\/dovolena-malta-uvod-300x200.jpg 300w, https:\/\/loudavymkrokem.cz\/wp-content\/uploads\/2026\/08\/dovolena-malta-uvod-700x467.jpg 700w, https:\/\/loudavymkrokem.cz\/wp-content\/uploads\/2026\/08\/dovolena-malta-uvod-768x512.jpg 768w, https:\/\/loudavymkrokem.cz\/wp-content\/uploads\/2026\/08\/dovolena-malta-uvod-696x464.jpg 696w, https:\/\/loudavymkrokem.cz\/wp-content\/uploads\/2026\/08\/dovolena-malta-uvod-1392x928.jpg 1392w\" sizes=\"(max-width: 1500px) 100vw, 1500px\" \/><button\n\t\t\tclass=\"lightbox-trigger\"\n\t\t\ttype=\"button\"\n\t\t\taria-haspopup=\"dialog\"\n\t\t\tdata-wp-bind--aria-label=\"state.thisImage.triggerButtonAriaLabel\"\n\t\t\tdata-wp-init=\"callbacks.initTriggerButton\"\n\t\t\tdata-wp-on--click=\"actions.showLightbox\"\n\t\t\tdata-wp-style--right=\"state.thisImage.buttonRight\"\n\t\t\tdata-wp-style--top=\"state.thisImage.buttonTop\"\n\t\t>\n\t\t\t<svg xmlns=\"http:\/\/www.w3.org\/2000\/svg\" width=\"12\" height=\"12\" fill=\"none\" viewBox=\"0 0 12 12\">\n\t\t\t\t<path fill=\"#fff\" d=\"M2 0a2 2 0 0 0-2 2v2h1.5V2a.5.5 0 0 1 .5-.5h2V0H2Zm2 10.5H2a.5.5 0 0 1-.5-.5V8H0v2a2 2 0 0 0 2 2h2v-1.5ZM8 12v-1.5h2a.5.5 0 0 0 .5-.5V8H12v2a2 2 0 0 1-2 2H8Zm2-12a2 2 0 0 1 2 2v2h-1.5V2a.5.5 0 0 0-.5-.5H8V0h2Z\" \/>\n\t\t\t<\/svg>\n\t\t<\/button><figcaption class=\"wp-element-caption\">V\u00e4rikk\u00e4\u00e4t parvekkeet Valletan kujilla (Kuva: This photo was taken by Anton Zelenov.\nPlease credit this wi \/ Wikimedia Commons, CC BY-SA 4.0)<\/figcaption><\/figure>\n\n\n\n<div id=\"ez-toc-container\" class=\"ez-toc-v2_0_87 ez-toc-wrap-left counter-hierarchy ez-toc-counter ez-toc-grey ez-toc-container-direction\">\n<div class=\"ez-toc-title-container\">\n<p class=\"ez-toc-title\" style=\"cursor:inherit\">Artikkelin sis\u00e4lt\u00f6<\/p>\n<span class=\"ez-toc-title-toggle\"><a href=\"#\" class=\"ez-toc-pull-right ez-toc-btn ez-toc-btn-xs ez-toc-btn-default ez-toc-toggle\" aria-label=\"Toggle Table of Content\"><span class=\"ez-toc-js-icon-con\"><span class=\"\"><span class=\"eztoc-hide\" style=\"display:none;\">Toggle<\/span><span class=\"ez-toc-icon-toggle-span\"><svg style=\"fill: #999;color:#999\" xmlns=\"http:\/\/www.w3.org\/2000\/svg\" class=\"list-377408\" width=\"20px\" height=\"20px\" viewBox=\"0 0 24 24\" fill=\"none\"><path d=\"M6 6H4v2h2V6zm14 0H8v2h12V6zM4 11h2v2H4v-2zm16 0H8v2h12v-2zM4 16h2v2H4v-2zm16 0H8v2h12v-2z\" fill=\"currentColor\"><\/path><\/svg><svg style=\"fill: #999;color:#999\" class=\"arrow-unsorted-368013\" xmlns=\"http:\/\/www.w3.org\/2000\/svg\" width=\"10px\" height=\"10px\" viewBox=\"0 0 24 24\" version=\"1.2\" baseProfile=\"tiny\"><path d=\"M18.2 9.3l-6.2-6.3-6.2 6.3c-.2.2-.3.4-.3.7s.1.5.3.7c.2.2.4.3.7.3h11c.3 0 .5-.1.7-.3.2-.2.3-.5.3-.7s-.1-.5-.3-.7zM5.8 14.7l6.2 6.3 6.2-6.3c.2-.2.3-.5.3-.7s-.1-.5-.3-.7c-.2-.2-.4-.3-.7-.3h-11c-.3 0-.5.1-.7.3-.2.2-.3.5-.3.7s.1.5.3.7z\"\/><\/svg><\/span><\/span><\/span><\/a><\/span><\/div>\n<nav><ul class='ez-toc-list ez-toc-list-level-1 ' ><li class='ez-toc-page-1 ez-toc-heading-level-2'><a class=\"ez-toc-link ez-toc-heading-1\" href=\"https:\/\/loudavymkrokem.cz\/fi\/loma-maltalla-vinkit\/#Yhteenveto\" >Yhteenveto<\/a><\/li><li class='ez-toc-page-1 ez-toc-heading-level-2'><a class=\"ez-toc-link ez-toc-heading-2\" href=\"https:\/\/loudavymkrokem.cz\/fi\/loma-maltalla-vinkit\/#Miksi_matkustaa_Maltalle_ja_kenelle_se_ei_sovi\" >Miksi matkustaa Maltalle (ja kenelle se ei sovi)<\/a><ul class='ez-toc-list-level-3' ><li class='ez-toc-heading-level-3'><a class=\"ez-toc-link ez-toc-heading-3\" href=\"https:\/\/loudavymkrokem.cz\/fi\/loma-maltalla-vinkit\/#6_syyta_miksi_rakastut_Maltaan\" >6 syyt\u00e4, miksi rakastut Maltaan<\/a><\/li><li class='ez-toc-page-1 ez-toc-heading-level-3'><a class=\"ez-toc-link ez-toc-heading-4\" href=\"https:\/\/loudavymkrokem.cz\/fi\/loma-maltalla-vinkit\/#Kenelle_Malta_ei_sovi\" >Kenelle Malta ei sovi<\/a><\/li><\/ul><\/li><li class='ez-toc-page-1 ez-toc-heading-level-2'><a class=\"ez-toc-link ez-toc-heading-5\" href=\"https:\/\/loudavymkrokem.cz\/fi\/loma-maltalla-vinkit\/#Milloin_matkustaa_Maltalle_Malta_saa_kuukausi_kuukaudelta\" >Milloin matkustaa Maltalle: Malta s\u00e4\u00e4 kuukausi kuukaudelta<\/a><ul class='ez-toc-list-level-3' ><li class='ez-toc-heading-level-3'><a class=\"ez-toc-link ez-toc-heading-6\" href=\"https:\/\/loudavymkrokem.cz\/fi\/loma-maltalla-vinkit\/#Parhaat_kuukaudet_loman_tyypin_mukaan\" >Parhaat kuukaudet loman tyypin mukaan<\/a><\/li><li class='ez-toc-page-1 ez-toc-heading-level-3'><a class=\"ez-toc-link ez-toc-heading-7\" href=\"https:\/\/loudavymkrokem.cz\/fi\/loma-maltalla-vinkit\/#Talvi_Maltalla_onko_siina_jarkea\" >Talvi Maltalla: onko siin\u00e4 j\u00e4rke\u00e4?<\/a><\/li><\/ul><\/li><li class='ez-toc-page-1 ez-toc-heading-level-2'><a class=\"ez-toc-link ez-toc-heading-8\" href=\"https:\/\/loudavymkrokem.cz\/fi\/loma-maltalla-vinkit\/#Mita_nahda_Maltalla_24_vinkkia_jotka_ovat_aikasi_arvoisia\" >Mit\u00e4 n\u00e4hd\u00e4 Maltalla: 24 vinkki\u00e4, jotka ovat aikasi arvoisia<\/a><ul class='ez-toc-list-level-3' ><li class='ez-toc-heading-level-3'><a class=\"ez-toc-link ez-toc-heading-9\" href=\"https:\/\/loudavymkrokem.cz\/fi\/loma-maltalla-vinkit\/#1_Valletta_EU_n_pienin_paakaupunki\" >1. Valletta: EU:n pienin p\u00e4\u00e4kaupunki<\/a><\/li><li class='ez-toc-page-1 ez-toc-heading-level-3'><a class=\"ez-toc-link ez-toc-heading-10\" href=\"https:\/\/loudavymkrokem.cz\/fi\/loma-maltalla-vinkit\/#2_Pyhan_Johanneksen_konkatedraali_henkeasalpaava_barokki\" >2. Pyh\u00e4n Johanneksen konkatedraali: henke\u00e4salpaava barokki<\/a><\/li><li class='ez-toc-page-1 ez-toc-heading-level-3'><a class=\"ez-toc-link ez-toc-heading-11\" href=\"https:\/\/loudavymkrokem.cz\/fi\/loma-maltalla-vinkit\/#3_Upper_Barrakka_Gardens_ja_keskipaivan_tykinlaukaus\" >3. Upper Barrakka Gardens ja keskip\u00e4iv\u00e4n tykinlaukaus<\/a><\/li><li class='ez-toc-page-1 ez-toc-heading-level-3'><a class=\"ez-toc-link ez-toc-heading-12\" href=\"https:\/\/loudavymkrokem.cz\/fi\/loma-maltalla-vinkit\/#4_Grand_Harbour_luonnonsatama_joka_muutti_historiaa\" >4. Grand Harbour: luonnonsatama, joka muutti historiaa<\/a><\/li><li class='ez-toc-page-1 ez-toc-heading-level-3'><a class=\"ez-toc-link ez-toc-heading-13\" href=\"https:\/\/loudavymkrokem.cz\/fi\/loma-maltalla-vinkit\/#5_Kolme_kaupunkia_Vittoriosa_Senglea_ja_Cospicua\" >5. Kolme kaupunkia: Vittoriosa, Senglea ja Cospicua<\/a><\/li><li class='ez-toc-page-1 ez-toc-heading-level-3'><a class=\"ez-toc-link ez-toc-heading-14\" href=\"https:\/\/loudavymkrokem.cz\/fi\/loma-maltalla-vinkit\/#6_Sliema_ja_St_Julians_promenadi_ostokset_ja_yoelama\" >6. Sliema ja St Julian&#8217;s: promenadi, ostokset ja y\u00f6el\u00e4m\u00e4<\/a><\/li><li class='ez-toc-page-1 ez-toc-heading-level-3'><a class=\"ez-toc-link ez-toc-heading-15\" href=\"https:\/\/loudavymkrokem.cz\/fi\/loma-maltalla-vinkit\/#7_Mdina_Hiljainen_kaupunki_muurien_takana\" >7. Mdina: Hiljainen kaupunki muurien takana<\/a><\/li><li class='ez-toc-page-1 ez-toc-heading-level-3'><a class=\"ez-toc-link ez-toc-heading-16\" href=\"https:\/\/loudavymkrokem.cz\/fi\/loma-maltalla-vinkit\/#8_Rabat_ja_Pyhan_Paavalin_katakombit\" >8. Rabat ja Pyh\u00e4n Paavalin katakombit<\/a><\/li><li class='ez-toc-page-1 ez-toc-heading-level-3'><a class=\"ez-toc-link ez-toc-heading-17\" href=\"https:\/\/loudavymkrokem.cz\/fi\/loma-maltalla-vinkit\/#9_Mostan_rotunda_ja_pommin_tarina\" >9. Mostan rotunda ja pommin tarina<\/a><\/li><li class='ez-toc-page-1 ez-toc-heading-level-3'><a class=\"ez-toc-link ez-toc-heading-18\" href=\"https:\/\/loudavymkrokem.cz\/fi\/loma-maltalla-vinkit\/#10_Dingli_Cliffs_kalliot_lansirannikolla\" >10. Dingli Cliffs: kalliot l\u00e4nsirannikolla<\/a><\/li><li class='ez-toc-page-1 ez-toc-heading-level-3'><a class=\"ez-toc-link ez-toc-heading-19\" href=\"https:\/\/loudavymkrokem.cz\/fi\/loma-maltalla-vinkit\/#11_Mosta_Naxxar_ja_Palazzo_Parisio\" >11. Mosta, Naxxar ja Palazzo Parisio<\/a><\/li><li class='ez-toc-page-1 ez-toc-heading-level-3'><a class=\"ez-toc-link ez-toc-heading-20\" href=\"https:\/\/loudavymkrokem.cz\/fi\/loma-maltalla-vinkit\/#12_Ta_Qali_ja_kasityolaiskyla\" >12. Ta&#8217; Qali ja k\u00e4sity\u00f6l\u00e4iskyl\u00e4<\/a><\/li><li class='ez-toc-page-1 ez-toc-heading-level-3'><a class=\"ez-toc-link ez-toc-heading-21\" href=\"https:\/\/loudavymkrokem.cz\/fi\/loma-maltalla-vinkit\/#13_Marsaxlokk_kalastajakyla_varikkaine_veneineen\" >13. Marsaxlokk: kalastajakyl\u00e4 v\u00e4rikk\u00e4ine veneineen<\/a><\/li><li class='ez-toc-page-1 ez-toc-heading-level-3'><a class=\"ez-toc-link ez-toc-heading-22\" href=\"https:\/\/loudavymkrokem.cz\/fi\/loma-maltalla-vinkit\/#14_Sininen_luola_Blue_Grotto\" >14. Sininen luola (Blue Grotto)<\/a><\/li><li class='ez-toc-page-1 ez-toc-heading-level-3'><a class=\"ez-toc-link ez-toc-heading-23\" href=\"https:\/\/loudavymkrokem.cz\/fi\/loma-maltalla-vinkit\/#15_Hagar_Qim_ja_Mnajdra_pyramideja_vanhemmat_temppelit\" >15. \u0126a\u0121ar Qim ja Mnajdra: pyramideja vanhemmat temppelit<\/a><\/li><li class='ez-toc-page-1 ez-toc-heading-level-3'><a class=\"ez-toc-link ez-toc-heading-24\" href=\"https:\/\/loudavymkrokem.cz\/fi\/loma-maltalla-vinkit\/#16_St_Peters_Pool_luonnonallas_kalliossa\" >16. St Peter&#8217;s Pool: luonnonallas kalliossa<\/a><\/li><li class='ez-toc-page-1 ez-toc-heading-level-3'><a class=\"ez-toc-link ez-toc-heading-25\" href=\"https:\/\/loudavymkrokem.cz\/fi\/loma-maltalla-vinkit\/#17_Hal_Saflienin_hypogeum\" >17. \u0126al Saflienin hypogeum<\/a><\/li><li class='ez-toc-page-1 ez-toc-heading-level-3'><a class=\"ez-toc-link ez-toc-heading-26\" href=\"https:\/\/loudavymkrokem.cz\/fi\/loma-maltalla-vinkit\/#18_Sininen_laguuni_Cominolla\" >18. Sininen laguuni Cominolla<\/a><\/li><li class='ez-toc-page-1 ez-toc-heading-level-3'><a class=\"ez-toc-link ez-toc-heading-27\" href=\"https:\/\/loudavymkrokem.cz\/fi\/loma-maltalla-vinkit\/#19_Victoria_ja_Citadella\" >19. Victoria ja Citadella<\/a><\/li><li class='ez-toc-page-1 ez-toc-heading-level-3'><a class=\"ez-toc-link ez-toc-heading-28\" href=\"https:\/\/loudavymkrokem.cz\/fi\/loma-maltalla-vinkit\/#20_Dwejra_ja_Sisameri\" >20. Dwejra ja Sis\u00e4meri<\/a><\/li><li class='ez-toc-page-1 ez-toc-heading-level-3'><a class=\"ez-toc-link ez-toc-heading-29\" href=\"https:\/\/loudavymkrokem.cz\/fi\/loma-maltalla-vinkit\/#21_Ramla_Bay_saariston_kaunein_hiekkaranta\" >21. Ramla Bay: saariston kaunein hiekkaranta<\/a><\/li><li class='ez-toc-page-1 ez-toc-heading-level-3'><a class=\"ez-toc-link ez-toc-heading-30\" href=\"https:\/\/loudavymkrokem.cz\/fi\/loma-maltalla-vinkit\/#22_Ggantija_maailman_vanhimmat_vapaasti_seisovat_rakennukset\" >22. \u0120gantija: maailman vanhimmat vapaasti seisovat rakennukset<\/a><\/li><li class='ez-toc-page-1 ez-toc-heading-level-3'><a class=\"ez-toc-link ez-toc-heading-31\" href=\"https:\/\/loudavymkrokem.cz\/fi\/loma-maltalla-vinkit\/#23_Xlendi_ja_Marsalforn\" >23. Xlendi ja Marsalforn<\/a><\/li><li class='ez-toc-page-1 ez-toc-heading-level-3'><a class=\"ez-toc-link ez-toc-heading-32\" href=\"https:\/\/loudavymkrokem.cz\/fi\/loma-maltalla-vinkit\/#24_Kauneimmat_rannat_Golden_Bay_Ghajn_Tuffieha_ja_Mellieha_Bay\" >24. Kauneimmat rannat: Golden Bay, G\u0127ajn Tuffie\u0127a ja Mellie\u0127a Bay<\/a><\/li><\/ul><\/li><li class='ez-toc-page-1 ez-toc-heading-level-2'><a class=\"ez-toc-link ez-toc-heading-33\" href=\"https:\/\/loudavymkrokem.cz\/fi\/loma-maltalla-vinkit\/#Missa_majoittua_Maltalla_parhaat_alueet_ja_konkreettiset_hotellit\" >Miss\u00e4 majoittua Maltalla: parhaat alueet ja konkreettiset hotellit<\/a><ul class='ez-toc-list-level-3' ><li class='ez-toc-heading-level-3'><a class=\"ez-toc-link ez-toc-heading-34\" href=\"https:\/\/loudavymkrokem.cz\/fi\/loma-maltalla-vinkit\/#Minka_alueen_valita\" >Mink\u00e4 alueen valita<\/a><\/li><li class='ez-toc-page-1 ez-toc-heading-level-3'><a class=\"ez-toc-link ez-toc-heading-35\" href=\"https:\/\/loudavymkrokem.cz\/fi\/loma-maltalla-vinkit\/#Konkreettiset_majoitusvinkit\" >Konkreettiset majoitusvinkit<\/a><\/li><\/ul><\/li><li class='ez-toc-page-1 ez-toc-heading-level-2'><a class=\"ez-toc-link ez-toc-heading-36\" href=\"https:\/\/loudavymkrokem.cz\/fi\/loma-maltalla-vinkit\/#Mita_syoda_Maltalla_opas_kasvissyojille_ja_muille\" >Mit\u00e4 sy\u00f6d\u00e4 Maltalla: opas kasvissy\u00f6jille ja muille<\/a><\/li><li class='ez-toc-page-1 ez-toc-heading-level-2'><a class=\"ez-toc-link ez-toc-heading-37\" href=\"https:\/\/loudavymkrokem.cz\/fi\/loma-maltalla-vinkit\/#Liikkuminen_Maltalla_bussit_lautta_ja_auto\" >Liikkuminen Maltalla: bussit, lautta ja auto<\/a><ul class='ez-toc-list-level-3' ><li class='ez-toc-heading-level-3'><a class=\"ez-toc-link ez-toc-heading-38\" href=\"https:\/\/loudavymkrokem.cz\/fi\/loma-maltalla-vinkit\/#Tallinja-bussit\" >Tallinja-bussit<\/a><\/li><li class='ez-toc-page-1 ez-toc-heading-level-3'><a class=\"ez-toc-link ez-toc-heading-39\" href=\"https:\/\/loudavymkrokem.cz\/fi\/loma-maltalla-vinkit\/#Lautta_Gozolle_ja_Cominolle\" >Lautta Gozolle ja Cominolle<\/a><\/li><li class='ez-toc-page-1 ez-toc-heading-level-3'><a class=\"ez-toc-link ez-toc-heading-40\" href=\"https:\/\/loudavymkrokem.cz\/fi\/loma-maltalla-vinkit\/#Vuokrata_auto_vai_ei\" >Vuokrata auto vai ei?<\/a><\/li><\/ul><\/li><li class='ez-toc-page-1 ez-toc-heading-level-2'><a class=\"ez-toc-link ez-toc-heading-41\" href=\"https:\/\/loudavymkrokem.cz\/fi\/loma-maltalla-vinkit\/#Paljonko_loma_Maltalla_maksaa\" >Paljonko loma Maltalla maksaa<\/a><\/li><li class='ez-toc-page-1 ez-toc-heading-level-2'><a class=\"ez-toc-link ez-toc-heading-42\" href=\"https:\/\/loudavymkrokem.cz\/fi\/loma-maltalla-vinkit\/#Mihin_kiinnittaa_huomiota_Maltalla\" >Mihin kiinnitt\u00e4\u00e4 huomiota Maltalla<\/a><\/li><li class='ez-toc-page-1 ez-toc-heading-level-2'><a class=\"ez-toc-link ez-toc-heading-43\" href=\"https:\/\/loudavymkrokem.cz\/fi\/loma-maltalla-vinkit\/#Malta_lasten_kanssa\" >Malta lasten kanssa<\/a><\/li><li class='ez-toc-page-1 ez-toc-heading-level-2'><a class=\"ez-toc-link ez-toc-heading-44\" href=\"https:\/\/loudavymkrokem.cz\/fi\/loma-maltalla-vinkit\/#Minne_seuraavaksi_lisaa_vinkkeja_rantalomalle\" >Minne seuraavaksi: lis\u00e4\u00e4 vinkkej\u00e4 rantalomalle<\/a><\/li><li class='ez-toc-page-1 ez-toc-heading-level-2'><a class=\"ez-toc-link ez-toc-heading-45\" href=\"https:\/\/loudavymkrokem.cz\/fi\/loma-maltalla-vinkit\/#Usein_kysytyt_kysymykset\" >Usein kysytyt kysymykset<\/a><ul class='ez-toc-list-level-3' ><li class='ez-toc-heading-level-3'><a class=\"ez-toc-link ez-toc-heading-46\" href=\"https:\/\/loudavymkrokem.cz\/fi\/loma-maltalla-vinkit\/#Milloin_on_paras_aika_matkustaa_Maltalle\" >Milloin on paras aika matkustaa Maltalle?<\/a><\/li><li class='ez-toc-page-1 ez-toc-heading-level-3'><a class=\"ez-toc-link ez-toc-heading-47\" href=\"https:\/\/loudavymkrokem.cz\/fi\/loma-maltalla-vinkit\/#Kuinka_pitkaksi_aikaa_Maltalle_kannattaa_menna\" >Kuinka pitk\u00e4ksi aikaa Maltalle kannattaa menn\u00e4?<\/a><\/li><li class='ez-toc-page-1 ez-toc-heading-level-3'><a class=\"ez-toc-link ez-toc-heading-48\" href=\"https:\/\/loudavymkrokem.cz\/fi\/loma-maltalla-vinkit\/#Voiko_Maltalla_uida_vaikka_silla_ei_ole_hiekkarantoja\" >Voiko Maltalla uida, vaikka sill\u00e4 ei ole hiekkarantoja?<\/a><\/li><li class='ez-toc-page-1 ez-toc-heading-level-3'><a class=\"ez-toc-link ez-toc-heading-49\" href=\"https:\/\/loudavymkrokem.cz\/fi\/loma-maltalla-vinkit\/#Parjaanko_Maltalla_englannilla\" >P\u00e4rj\u00e4\u00e4nk\u00f6 Maltalla englannilla?<\/a><\/li><li class='ez-toc-page-1 ez-toc-heading-level-3'><a class=\"ez-toc-link ez-toc-heading-50\" href=\"https:\/\/loudavymkrokem.cz\/fi\/loma-maltalla-vinkit\/#Tarvitsenko_Maltalla_autoa\" >Tarvitsenko Maltalla autoa?<\/a><\/li><li class='ez-toc-page-1 ez-toc-heading-level-3'><a class=\"ez-toc-link ez-toc-heading-51\" href=\"https:\/\/loudavymkrokem.cz\/fi\/loma-maltalla-vinkit\/#Onko_Malta_kallis\" >Onko Malta kallis?<\/a><\/li><li class='ez-toc-page-1 ez-toc-heading-level-3'><a class=\"ez-toc-link ez-toc-heading-52\" href=\"https:\/\/loudavymkrokem.cz\/fi\/loma-maltalla-vinkit\/#Kannattaako_Gozolla_yopya\" >Kannattaako Gozolla y\u00f6py\u00e4?<\/a><\/li><li class='ez-toc-page-1 ez-toc-heading-level-3'><a class=\"ez-toc-link ez-toc-heading-53\" href=\"https:\/\/loudavymkrokem.cz\/fi\/loma-maltalla-vinkit\/#Onko_Malta_turvallinen\" >Onko Malta turvallinen?<\/a><\/li><\/ul><\/li><\/ul><\/nav><\/div>\n<h2 id=\"Shrnuti_pokud_nestihate_cist_cely_clanek\" class=\"wp-block-heading\"><span class=\"ez-toc-section\" id=\"Yhteenveto\"><\/span>Yhteenveto<span class=\"ez-toc-section-end\"><\/span><\/h2>\n\n\n\n<ul class=\"wp-block-list\">\n<li><strong>Malta, Gozo ja Comino<\/strong> ovat t\u00e4m\u00e4n pienen saariston kolme asuttua saarta, ja jokaisella niist\u00e4 on t\u00e4ysin erilainen tunnelma ja ilmapiiri.<\/li>\n\n\n\n<li><strong>Valletta<\/strong> on Euroopan unionin pienin p\u00e4\u00e4kaupunki, ja sen koko historiallinen keskusta on ylpe\u00e4n\u00e4 listattu UNESCON maailmanperint\u00f6listalle.<\/li>\n\n\n\n<li><strong>Parhaat kuukaudet vierailulle<\/strong> ovat historiallisten ilmastotietojen mukaan toukokuu, kes\u00e4kuu, syyskuu ja lokakuu.<\/li>\n\n\n\n<li><strong>Hein\u00e4- ja elokuussa<\/strong> vallitsee kova helle (l\u00e4mp\u00f6tila nousee 30,2 ja 30,3 asteeseen) eik\u00e4 juuri sada, sateita esiintyy vain 0,3 ja 1,4 p\u00e4iv\u00e4n\u00e4 kuukaudessa.<\/li>\n\n\n\n<li><strong>Meri on l\u00e4mpimimmill\u00e4\u00e4n<\/strong> elokuussa, jolloin se ylt\u00e4\u00e4 27,8 asteeseen, ja jopa lokakuussa se pysyy hyvin miellytt\u00e4v\u00e4ss\u00e4 25,0 asteessa.<\/li>\n\n\n\n<li><strong>Hiekkarantoja<\/strong> Maltalta ei juuri l\u00f6ydy, uiminen tapahtuu p\u00e4\u00e4asiassa kivisilt\u00e4 tasanteilta ja kallioisilta rannoilta.<\/li>\n\n\n\n<li><strong>Virallinen kieli on englanti<\/strong>, valuuttana on tavalliseen tapaan euro, mutta teill\u00e4 ajetaan vasemmalla.<\/li>\n\n\n\n<li><strong>Sininen laguuni Cominolla<\/strong> on visuaalisesti aivan upea, mutta kes\u00e4kaudella se on valitettavasti \u00e4\u00e4rimm\u00e4isen t\u00e4ynn\u00e4 turisteja.<\/li>\n<\/ul>\n\n\n\n<h2 id=\"Proc_jet_na_Maltu_a_pro_koho_se_naopak_nehodi\" class=\"wp-block-heading\"><span class=\"ez-toc-section\" id=\"Miksi_matkustaa_Maltalle_ja_kenelle_se_ei_sovi\"><\/span>Miksi matkustaa Maltalle (ja kenelle se ei sovi)<span class=\"ez-toc-section-end\"><\/span><\/h2>\n\n\n\n<p class=\"wp-block-paragraph\">Seuraavan matkakohteen valinta voi joskus olla hieman p\u00e4hkin\u00e4 purtavaksi, varsinkin kun jokaisella maalla on omat erityispiirteens\u00e4 ja se houkuttelee eri asioilla. Katsotaanpa, miss\u00e4 t\u00e4m\u00e4 saarivaltio loistaa t\u00e4ydellisesti ja kenelle taas <strong>loma Maltalla<\/strong> ei ehk\u00e4 sovi lainkaan. Se on kuulemma kontrastien paikka, johon joko rakastut heti tai huomaat nopeasti, ett\u00e4 pid\u00e4t aivan erilaisesta rentoutumisesta.<\/p>\n\n\n\n<h3 id=\"6_duvodu_proc_si_Maltu_zamilujete\" class=\"wp-block-heading\"><span class=\"ez-toc-section\" id=\"6_syyta_miksi_rakastut_Maltaan\"><\/span>6 syyt\u00e4, miksi rakastut Maltaan<span class=\"ez-toc-section-end\"><\/span><\/h3>\n\n\n\n<p class=\"wp-block-paragraph\"><strong>Historiaa joka kulmalla.<\/strong> T\u00e4\u00e4lt\u00e4 l\u00f6yd\u00e4t h\u00e4mm\u00e4stytt\u00e4vi\u00e4 megaliittisia temppeleit\u00e4, jotka ovat todistetusti vanhempia kuin Egyptin pyramidit, mahtavia linnoituksia Johanniittaritarien ajoilta sek\u00e4 kiehtovia j\u00e4\u00e4nteit\u00e4 toisesta maailmansodasta. Jos rakastat kapeiden kujien ja historiallisten n\u00e4ht\u00e4vyyksien tutkimista, tunnet olosi kuin valtavassa ulkoilmamuseossa.<\/p>\n\n\n\n<p class=\"wp-block-paragraph\"><strong>Englanti ja olematon kielimuuri.<\/strong> Koska englanti on toinen kahdesta virallisesta kielest\u00e4, tulet toimeen aivan kaikkialla, pienist\u00e4 kaupoista syrj\u00e4isimpiin kyliin. N\u00e4in j\u00e4\u00e4 pois se klassinen lomastressi sanakirja k\u00e4dess\u00e4, mit\u00e4 monet matkailijat todella arvostavat.<\/p>\n\n\n\n<p class=\"wp-block-paragraph\"><strong>Todella lyhyet et\u00e4isyydet.<\/strong> Koko p\u00e4\u00e4saaren ajat autolla helposti tunnissa, joten voit majoittua koko ajan yhdess\u00e4 paikassa ja tehd\u00e4 sielt\u00e4 s\u00e4teitt\u00e4isi\u00e4 retki\u00e4. Sinun ei siis tarvitse jatkuvasti pakata ja siirty\u00e4 hotellista toiseen, mik\u00e4 s\u00e4\u00e4st\u00e4\u00e4 paljon arvokasta energiaa ja aikaa.<\/p>\n\n\n\n<p class=\"wp-block-paragraph\"><strong>Euroopan pisin uintikausi.<\/strong> Kun muualla V\u00e4limeren rannalla otetaan jo lokakuussa villapaidat esiin, t\u00e4\u00e4ll\u00e4 ihmiset uivat tilastojen mukaan yh\u00e4 tavallisesti meress\u00e4. Se on ihanteellinen valinta niille teist\u00e4, jotka haluavat pident\u00e4\u00e4 kes\u00e4\u00e4 my\u00f6h\u00e4issyksyyn asti ja nauttia auringosta.<\/p>\n\n\n\n<p class=\"wp-block-paragraph\"><strong>Kristallinkirkas vesi ja loistava snorklaus.<\/strong> Kallioisella rannikolla on yksi valtava etu, ja se on veden absoluuttinen kirkkaus ilman jatkuvasti p\u00f6lly\u00e4v\u00e4\u00e4 hiekkaa. Arvostelujen mukaan Malta tarjoaa yhdet parhaista olosuhteista sukellukselle ja vedenalaisen el\u00e4m\u00e4n tutkimiselle koko Euroopassa.<\/p>\n\n\n\n<p class=\"wp-block-paragraph\"><strong>Saavutettavuus ja kohtuulliset hinnat.<\/strong> Suositun Italian tai Ranskan verrattuna lennot, liikenne ja ruokailu tulevat hieman edullisemmiksi, ja lis\u00e4ksi palvelut ovat korkeatasoisia. Suora lento KM Malta Airlinesilla kest\u00e4\u00e4 noin kaksi tuntia ja kolmekymment\u00e4 minuuttia, joten p\u00e4\u00e4set perille nopeasti etk\u00e4 viet\u00e4 koko p\u00e4iv\u00e4\u00e4 matkustaen.<\/p>\n\n\n\n<h3 id=\"Komu_Malta_nesedne\" class=\"wp-block-heading\"><span class=\"ez-toc-section\" id=\"Kenelle_Malta_ei_sovi\"><\/span>Kenelle Malta ei sovi<span class=\"ez-toc-section-end\"><\/span><\/h3>\n\n\n\n<p class=\"wp-block-paragraph\">Vaikka kuvien perusteella se n\u00e4ytt\u00e4\u00e4 t\u00e4ydelliselt\u00e4 paratiisilta, t\u00e4m\u00e4 kivinen saari ei ole kaikille ihanteellinen valinta. Harkitse mieluummin aivan toista kohdetta, jos l\u00f6yd\u00e4t itsesi jostakin seuraavista kategorioista. \u263a\ufe0f<\/p>\n\n\n\n<ul class=\"wp-block-list\">\n<li>Etsit <strong>pitki\u00e4 hiekkarantoja<\/strong>, sill\u00e4 niit\u00e4 on t\u00e4\u00e4ll\u00e4 todella minimaalinen m\u00e4\u00e4r\u00e4 ja ne muodostavat vain murto-osan rannikosta.<\/li>\n\n\n\n<li>Et sied\u00e4 ihmismassoja, sill\u00e4 Malta on <strong>Euroopan unionin tiheimmin asuttu maa<\/strong> ja sesonkiaikana sen kyll\u00e4 huomaa.<\/li>\n\n\n\n<li>Matkustat <strong>villin luonnon ja syvien metsien<\/strong> per\u00e4ss\u00e4, sill\u00e4 niit\u00e4 t\u00e4\u00e4lt\u00e4 ei l\u00f6ydy lainkaan.<\/li>\n\n\n\n<li>Suunnittelet lomaa <strong>elokuulle etk\u00e4 sied\u00e4 hyvin kuumuutta<\/strong>, sill\u00e4 kes\u00e4n l\u00e4mp\u00f6tilat ovat t\u00e4\u00e4ll\u00e4 todella armottomia.<\/li>\n\n\n\n<li>Haluat t\u00e4ydellisen hiljaisuuden ja rauhan ja varaisit vahingossa majoituksen <strong>St Julian&#8217;sin kaupunginosasta, joka on koko saaren p\u00e4\u00e4asiallinen bilealue<\/strong>.<\/li>\n<\/ul>\n\n\n\n<h2 id=\"Kdy_jet_na_Maltu_pocasi_mesic_po_mesici\" class=\"wp-block-heading\"><span class=\"ez-toc-section\" id=\"Milloin_matkustaa_Maltalle_Malta_saa_kuukausi_kuukaudelta\"><\/span>Milloin matkustaa Maltalle: Malta s\u00e4\u00e4 kuukausi kuukaudelta<span class=\"ez-toc-section-end\"><\/span><\/h2>\n\n\n\n<p class=\"wp-block-paragraph\">Oikea ajoitus on onnistuneelle matkalle aivan olennaista, joten katsomme yksityiskohtaisesti tarkat luvut. Seuraavat tiedot eiv\u00e4t ole karkeita arvioita, vaan <strong>kymmenen vuoden keskiarvoja vuosilta 2015\u20132024<\/strong>, jotka on saatu edistyneest\u00e4 ERA5-ilmastoanalyysist\u00e4.<\/p>\n\n\n\n<p class=\"wp-block-paragraph\">Meriveden l\u00e4mp\u00f6tilatiedot perustuvat puolestaan tarkasti merimalliin <strong>vuosilta 2019\u20132024<\/strong>. N\u00e4in saat aivan selv\u00e4n kuvan siit\u00e4, millaiset olosuhteet sinua kunakin kuukautena odottavat, ja pakkaat matkalaukkusi paljon paremmin.<\/p>\n\n\n\n<figure class=\"wp-block-table is-style-stripes\"><table class=\"has-fixed-layout\"><thead><tr><th>Kuukausi<\/th><th>P\u00e4iv\u00e4ll\u00e4<\/th><th>Y\u00f6ll\u00e4<\/th><th>Meri<\/th><th>Sadep\u00e4ivi\u00e4<\/th><th>Aurinkoa\/pv<\/th><\/tr><\/thead><tbody><tr><td><strong>tammikuu<\/strong><\/td><td>15 \u00b0C<\/td><td>12 \u00b0C<\/td><td>17 \u00b0C<\/td><td>8,1<\/td><td>8,7 h<\/td><\/tr><tr><td><strong>helmikuu<\/strong><\/td><td>16 \u00b0C<\/td><td>12 \u00b0C<\/td><td>16 \u00b0C<\/td><td>5,9<\/td><td>9,4 h<\/td><\/tr><tr><td><strong>maaliskuu<\/strong><\/td><td>17 \u00b0C<\/td><td>12 \u00b0C<\/td><td>16 \u00b0C<\/td><td>6,7<\/td><td>10,5 h<\/td><\/tr><tr><td><strong>huhtikuu<\/strong><\/td><td>19 \u00b0C<\/td><td>14 \u00b0C<\/td><td>17 \u00b0C<\/td><td>3,2<\/td><td>11,1 h<\/td><\/tr><tr><td><strong>toukokuu<\/strong><\/td><td>22 \u00b0C<\/td><td>17 \u00b0C<\/td><td>19 \u00b0C<\/td><td>3,1<\/td><td>12,5 h<\/td><\/tr><tr><td><strong>kes\u00e4kuu<\/strong><\/td><td>27 \u00b0C<\/td><td>21 \u00b0C<\/td><td>23 \u00b0C<\/td><td>0,9<\/td><td>13,6 h<\/td><\/tr><tr><td><strong>hein\u00e4kuu<\/strong><\/td><td>30 \u00b0C<\/td><td>24 \u00b0C<\/td><td>27 \u00b0C<\/td><td>0,3<\/td><td>13,9 h<\/td><\/tr><tr><td><strong>elokuu<\/strong><\/td><td>30 \u00b0C<\/td><td>25 \u00b0C<\/td><td>28 \u00b0C<\/td><td>1,4<\/td><td>12,5 h<\/td><\/tr><tr><td><strong>syyskuu<\/strong><\/td><td>28 \u00b0C<\/td><td>23 \u00b0C<\/td><td>27 \u00b0C<\/td><td>4,7<\/td><td>11,2 h<\/td><\/tr><tr><td><strong>lokakuu<\/strong><\/td><td>24 \u00b0C<\/td><td>20 \u00b0C<\/td><td>25 \u00b0C<\/td><td>7,1<\/td><td>9,8 h<\/td><\/tr><tr><td><strong>marraskuu<\/strong><\/td><td>21 \u00b0C<\/td><td>17 \u00b0C<\/td><td>23 \u00b0C<\/td><td>10,9<\/td><td>8,6 h<\/td><\/tr><tr><td><strong>joulukuu<\/strong><\/td><td>17 \u00b0C<\/td><td>14 \u00b0C<\/td><td>19 \u00b0C<\/td><td>7,6<\/td><td>8,2 h<\/td><\/tr><\/tbody><\/table><figcaption class=\"wp-element-caption\">Maltan keskil\u00e4mp\u00f6tilat kuukausi kuukaudelta. Ilma ja sateet ovat kymmenen vuoden keskiarvoja 2015\u20132024 ERA5-analyysist\u00e4, meriveden l\u00e4mp\u00f6tila merimallista 2019\u20132024.<\/figcaption><\/figure>\n\n\n\n<h3 id=\"Nejlepsi_mesice_podle_typu_dovolene\" class=\"wp-block-heading\"><span class=\"ez-toc-section\" id=\"Parhaat_kuukaudet_loman_tyypin_mukaan\"><\/span>Parhaat kuukaudet loman tyypin mukaan<span class=\"ez-toc-section-end\"><\/span><\/h3>\n\n\n\n<ul class=\"wp-block-list\">\n<li><strong>Uinti ja rantarentoutuminen:<\/strong> Ihanteellisin aika on kes\u00e4kuusta lokakuuhun, jolloin meriveden l\u00e4mp\u00f6tila liikkuu ihanassa 23,4\u201327,8 asteen v\u00e4lill\u00e4.<\/li>\n\n\n\n<li><strong>Kulttuuri ja n\u00e4ht\u00e4vyyksien kiertely:<\/strong> Parhaat olosuhteet vallitsevat huhti-, touko- ja lokakuussa, jolloin p\u00e4iv\u00e4l\u00e4mp\u00f6tilat ylt\u00e4v\u00e4t miellytt\u00e4viin 18\u201324 asteeseen.<\/li>\n\n\n\n<li><strong>Edullisimmat ajankohdat:<\/strong> Kannattaa lent\u00e4\u00e4 marraskuusta maaliskuuhun, mutta silloin meress\u00e4 on vain 16\u201319 astetta ja esimerkiksi marraskuussa sataa keskim\u00e4\u00e4rin 10,9 p\u00e4iv\u00e4n\u00e4 kuukaudessa.<\/li>\n\n\n\n<li><strong>Milloin kannattaa v\u00e4ltt\u00e4\u00e4:<\/strong> Elokuu on monelle liian raskas \u00e4\u00e4rimm\u00e4isen kuumuuden, kaikkialla olevien turistimassojen ja huomattavasti korkeampien palveluhintojen vuoksi.<\/li>\n<\/ul>\n\n\n\n<h3 id=\"Zima_na_Malte_ma_to_smysl\" class=\"wp-block-heading\"><span class=\"ez-toc-section\" id=\"Talvi_Maltalla_onko_siina_jarkea\"><\/span>Talvi Maltalla: onko siin\u00e4 j\u00e4rke\u00e4?<span class=\"ez-toc-section-end\"><\/span><\/h3>\n\n\n\n<p class=\"wp-block-paragraph\">Ehk\u00e4 mietit, onko lainkaan j\u00e4rke\u00e4 lent\u00e4\u00e4 Etel\u00e4-Eurooppaan keskell\u00e4 talvea, kun uimaan ei en\u00e4\u00e4 p\u00e4\u00e4se. Talvikuukausina l\u00e4mp\u00f6tilat liikkuvat <strong>noin 15\u201317 asteessa<\/strong>, sataa noin 6\u20138 p\u00e4iv\u00e4n\u00e4 kuukaudessa ja meress\u00e4 on viile\u00e4t 16\u201319 astetta. Uimapuvussa auringonottoon se ei siis todellakaan riit\u00e4, mutta pitkiin k\u00e4velyihin kevyt villapaita p\u00e4\u00e4ll\u00e4 se on aivan ihanteellista. \ud83d\ude05<\/p>\n\n\n\n<p class=\"wp-block-paragraph\">Jos sinua houkuttelee ennen kaikkea vanhojen n\u00e4ht\u00e4vyyksien tutkiminen, istuskelu viihtyisiss\u00e4 kahviloissa ja rauhalliset vaellukset kallioilla, <strong>talvi varmasti innostaa sinua<\/strong>. Lis\u00e4ksi t\u00e4h\u00e4n aikaan nappaat halvimmat lennot ja saat nauttia puolityhjist\u00e4 Valletan kujista, mik\u00e4 olisi kuumana kes\u00e4n\u00e4 t\u00e4ysin mahdoton teht\u00e4v\u00e4.<\/p>\n\n\n\n<h2 id=\"Co_videt_na_Malte_24_tipu_ktere_stoji_za_vas_cas\" class=\"wp-block-heading\"><span class=\"ez-toc-section\" id=\"Mita_nahda_Maltalla_24_vinkkia_jotka_ovat_aikasi_arvoisia\"><\/span>Mit\u00e4 n\u00e4hd\u00e4 Maltalla: 24 vinkki\u00e4, jotka ovat aikasi arvoisia<span class=\"ez-toc-section-end\"><\/span><\/h2>\n\n\n\n<p class=\"wp-block-paragraph\">T\u00e4m\u00e4 eurolla maksava saarivaltio on pieni, mutta sielt\u00e4 l\u00f6ytyy niin paljon n\u00e4ht\u00e4vyyksi\u00e4, ettet tied\u00e4 mihin ensiksi rient\u00e4isit. Suora lento KM Malta Airlinesilla kest\u00e4\u00e4 noin kaksi tuntia ja kolmekymment\u00e4 minuuttia, joten p\u00e4\u00e4set nopeasti paikkaan, jossa <strong>tulet vaivatta toimeen englannilla<\/strong>, ja me jaamme nyt t\u00e4m\u00e4n saariston loogisesti tyylikk\u00e4\u00e4seen Vallettaan, rauhalliseen saaren keskiosaan, historialliseen etel\u00e4\u00e4n, kauniiseen Cominoon, vehre\u00e4mp\u00e4\u00e4n Gozoon ja parhaisiin rantoihin.<\/p>\n\n\n\n<p class=\"wp-block-paragraph\">Maltan valtava etu on se, ett\u00e4 voit vaivatta <strong>majoittua yhdess\u00e4 paikassa<\/strong> ja kiert\u00e4\u00e4 sielt\u00e4 kaikki n\u00e4ht\u00e4vyydet mukavasti Tallinja-yhti\u00f6n keltavihreill\u00e4 busseilla. Pakkaa vain ennen matkaa mukaan brittil\u00e4inen kolmipiikkinen sovitin G-tyypin pistorasioihin ja muista, ett\u00e4 teill\u00e4 ajetaan vasemmalla, joten jos juuri mietit, <a href=\"https:\/\/loudavymkrokem.cz\/fi\/syysloma-matkakohteet\/\">minne l\u00e4hte\u00e4 lomalle syyskuussa<\/a>, t\u00e4m\u00e4 eurooppalainen V\u00e4limeren pala on yksinkertaisesti loistava valinta.<\/p>\n\n\n\n<h3 id=\"1_Valletta_nejmensi_hlavni_mesto_EU\" class=\"wp-block-heading\"><span class=\"ez-toc-section\" id=\"1_Valletta_EU_n_pienin_paakaupunki\"><\/span>1. Valletta: EU:n pienin p\u00e4\u00e4kaupunki<span class=\"ez-toc-section-end\"><\/span><\/h3>\n\n\n\n<p class=\"wp-block-paragraph\">Valletta on ansaitusti EU:n pienimm\u00e4n p\u00e4\u00e4kaupungin arvonimen haltija, ja se on kuulemma kokonaisuudessaan listattu UNESCON maailmanperint\u00f6listalle. T\u00e4m\u00e4n uskomattoman valokuvauksellisen paikan rakensivat Johanniittaritarit heti suuren piirityksen j\u00e4lkeen vuonna 1565, joten t\u00e4\u00e4ll\u00e4 voit t\u00e4n\u00e4 p\u00e4iv\u00e4n\u00e4 ihailla <strong>tarkasti geometrista ruutukaavaa<\/strong>, jota t\u00e4ydent\u00e4v\u00e4t saumattomasti tyypilliset barokkiparvekkeet kaikissa kuviteltavissa v\u00e4reiss\u00e4.<\/p>\n\n\n\n<figure data-wp-context=\"{&quot;imageId&quot;:&quot;6a9c579cb6fcf&quot;}\" data-wp-interactive=\"core\/image\" data-wp-key=\"6a9c579cb6fcf\" class=\"wp-block-image size-full wp-lightbox-container\"><img decoding=\"async\" width=\"1500\" height=\"1000\" data-wp-class--hide=\"state.isContentHidden\" data-wp-class--show=\"state.isContentVisible\" data-wp-init=\"callbacks.setButtonStyles\" data-wp-on--click=\"actions.showLightbox\" data-wp-on--load=\"callbacks.setButtonStyles\" data-wp-on--pointerdown=\"actions.preloadImage\" data-wp-on--pointerenter=\"actions.preloadImageWithDelay\" data-wp-on--pointerleave=\"actions.cancelPreload\" data-wp-on-window--resize=\"callbacks.setButtonStyles\" src=\"https:\/\/loudavymkrokem.cz\/wp-content\/uploads\/2026\/08\/dovolena-malta-t01.jpg\" alt=\"Valletan p\u00e4\u00e4katu\" class=\"wp-image-399641\" title=\"\" srcset=\"https:\/\/loudavymkrokem.cz\/wp-content\/uploads\/2026\/08\/dovolena-malta-t01.jpg 1500w, https:\/\/loudavymkrokem.cz\/wp-content\/uploads\/2026\/08\/dovolena-malta-t01-300x200.jpg 300w, https:\/\/loudavymkrokem.cz\/wp-content\/uploads\/2026\/08\/dovolena-malta-t01-700x467.jpg 700w, https:\/\/loudavymkrokem.cz\/wp-content\/uploads\/2026\/08\/dovolena-malta-t01-768x512.jpg 768w, https:\/\/loudavymkrokem.cz\/wp-content\/uploads\/2026\/08\/dovolena-malta-t01-696x464.jpg 696w, https:\/\/loudavymkrokem.cz\/wp-content\/uploads\/2026\/08\/dovolena-malta-t01-1392x928.jpg 1392w\" sizes=\"(max-width: 1500px) 100vw, 1500px\" \/><button\n\t\t\tclass=\"lightbox-trigger\"\n\t\t\ttype=\"button\"\n\t\t\taria-haspopup=\"dialog\"\n\t\t\tdata-wp-bind--aria-label=\"state.thisImage.triggerButtonAriaLabel\"\n\t\t\tdata-wp-init=\"callbacks.initTriggerButton\"\n\t\t\tdata-wp-on--click=\"actions.showLightbox\"\n\t\t\tdata-wp-style--right=\"state.thisImage.buttonRight\"\n\t\t\tdata-wp-style--top=\"state.thisImage.buttonTop\"\n\t\t>\n\t\t\t<svg xmlns=\"http:\/\/www.w3.org\/2000\/svg\" width=\"12\" height=\"12\" fill=\"none\" viewBox=\"0 0 12 12\">\n\t\t\t\t<path fill=\"#fff\" d=\"M2 0a2 2 0 0 0-2 2v2h1.5V2a.5.5 0 0 1 .5-.5h2V0H2Zm2 10.5H2a.5.5 0 0 1-.5-.5V8H0v2a2 2 0 0 0 2 2h2v-1.5ZM8 12v-1.5h2a.5.5 0 0 0 .5-.5V8H12v2a2 2 0 0 1-2 2H8Zm2-12a2 2 0 0 1 2 2v2h-1.5V2a.5.5 0 0 0-.5-.5H8V0h2Z\" \/>\n\t\t\t<\/svg>\n\t\t<\/button><figcaption class=\"wp-element-caption\">Valletan p\u00e4\u00e4katu (Kuva: Txllxt TxllxT \/ Wikimedia Commons, CC BY-SA 4.0)<\/figcaption><\/figure>\n\n\n\n<p class=\"wp-block-paragraph\">Jos haluat v\u00e4ltt\u00e4\u00e4 v\u00e4kijoukot, paikalliset suosittelevat l\u00e4mpim\u00e4sti saapumaan p\u00e4\u00e4kadulle Republic Streetille joko aikaisin aamulla tai vasta nelj\u00e4n j\u00e4lkeen iltap\u00e4iv\u00e4ll\u00e4. P\u00e4iv\u00e4ll\u00e4 <strong>kaupunki nimitt\u00e4in t\u00e4yttyy tavallisesti risteilyalusten matkustajista<\/strong>, mik\u00e4 voi pilata kokonaisvaikutelman, ja niin nautit mieluummin rauhassa paikallisista kahviloista, joissa on huomattavasti parempi tunnelma \u263a\ufe0f.<\/p>\n\n\n\n<h3 id=\"2_Konkatedrala_svateho_Jana_baroko_ktere_vyrazi_dech\" class=\"wp-block-heading\"><span class=\"ez-toc-section\" id=\"2_Pyhan_Johanneksen_konkatedraali_henkeasalpaava_barokki\"><\/span>2. Pyh\u00e4n Johanneksen konkatedraali: henke\u00e4salpaava barokki<span class=\"ez-toc-section-end\"><\/span><\/h3>\n\n\n\n<p class=\"wp-block-paragraph\">Ensi silm\u00e4yksell\u00e4 t\u00e4m\u00e4 rakennus vaikuttaa ulkoa melko karulta linnoitukselta, mutta heti kun astut sis\u00e4\u00e4n, sinua odottaa kirjaimellisesti <strong>kultainen barokkir\u00e4j\u00e4hdys<\/strong>. Matkailijat ovat yksimielisi\u00e4 siit\u00e4, ett\u00e4 se on yksi Euroopan kauneimmista kirkoista, jossa lattian muodostaa l\u00e4hes nelj\u00e4sataa kauniisti koristeltua Johanniittaritarien marmorista hautalaattaa, joiden p\u00e4\u00e4ll\u00e4 k\u00e4velet.<\/p>\n\n\n\n<figure data-wp-context=\"{&quot;imageId&quot;:&quot;6a9c579cb773e&quot;}\" data-wp-interactive=\"core\/image\" data-wp-key=\"6a9c579cb773e\" class=\"wp-block-image size-full wp-lightbox-container\"><img decoding=\"async\" width=\"1500\" height=\"890\" data-wp-class--hide=\"state.isContentHidden\" data-wp-class--show=\"state.isContentVisible\" data-wp-init=\"callbacks.setButtonStyles\" data-wp-on--click=\"actions.showLightbox\" data-wp-on--load=\"callbacks.setButtonStyles\" data-wp-on--pointerdown=\"actions.preloadImage\" data-wp-on--pointerenter=\"actions.preloadImageWithDelay\" data-wp-on--pointerleave=\"actions.cancelPreload\" data-wp-on-window--resize=\"callbacks.setButtonStyles\" src=\"https:\/\/loudavymkrokem.cz\/wp-content\/uploads\/2026\/08\/dovolena-malta-t02.jpg\" alt=\"Pyh\u00e4n Johanneksen konkatedraalin kultainen sis\u00e4tila\" class=\"wp-image-399647\" title=\"\" srcset=\"https:\/\/loudavymkrokem.cz\/wp-content\/uploads\/2026\/08\/dovolena-malta-t02.jpg 1500w, https:\/\/loudavymkrokem.cz\/wp-content\/uploads\/2026\/08\/dovolena-malta-t02-300x178.jpg 300w, https:\/\/loudavymkrokem.cz\/wp-content\/uploads\/2026\/08\/dovolena-malta-t02-700x415.jpg 700w, https:\/\/loudavymkrokem.cz\/wp-content\/uploads\/2026\/08\/dovolena-malta-t02-768x456.jpg 768w, https:\/\/loudavymkrokem.cz\/wp-content\/uploads\/2026\/08\/dovolena-malta-t02-696x413.jpg 696w, https:\/\/loudavymkrokem.cz\/wp-content\/uploads\/2026\/08\/dovolena-malta-t02-1392x826.jpg 1392w\" sizes=\"(max-width: 1500px) 100vw, 1500px\" \/><button\n\t\t\tclass=\"lightbox-trigger\"\n\t\t\ttype=\"button\"\n\t\t\taria-haspopup=\"dialog\"\n\t\t\tdata-wp-bind--aria-label=\"state.thisImage.triggerButtonAriaLabel\"\n\t\t\tdata-wp-init=\"callbacks.initTriggerButton\"\n\t\t\tdata-wp-on--click=\"actions.showLightbox\"\n\t\t\tdata-wp-style--right=\"state.thisImage.buttonRight\"\n\t\t\tdata-wp-style--top=\"state.thisImage.buttonTop\"\n\t\t>\n\t\t\t<svg xmlns=\"http:\/\/www.w3.org\/2000\/svg\" width=\"12\" height=\"12\" fill=\"none\" viewBox=\"0 0 12 12\">\n\t\t\t\t<path fill=\"#fff\" d=\"M2 0a2 2 0 0 0-2 2v2h1.5V2a.5.5 0 0 1 .5-.5h2V0H2Zm2 10.5H2a.5.5 0 0 1-.5-.5V8H0v2a2 2 0 0 0 2 2h2v-1.5ZM8 12v-1.5h2a.5.5 0 0 0 .5-.5V8H12v2a2 2 0 0 1-2 2H8Zm2-12a2 2 0 0 1 2 2v2h-1.5V2a.5.5 0 0 0-.5-.5H8V0h2Z\" \/>\n\t\t\t<\/svg>\n\t\t<\/button><figcaption class=\"wp-element-caption\">Pyh\u00e4n Johanneksen konkatedraalin kultainen sis\u00e4tila (Kuva: Mike McBey \/ Wikimedia Commons, CC BY 2.0)<\/figcaption><\/figure>\n\n\n\n<p class=\"wp-block-paragraph\">T\u00e4\u00e4ll\u00e4 perit\u00e4\u00e4n p\u00e4\u00e4symaksu, mutta kierros on kuulemma ehdottomasti rahansa arvoinen, varsinkin kun otetaan huomioon, ett\u00e4 sis\u00e4ll\u00e4 roikkuu kaksi kuuluisaa Caravaggion maalausta. Arvokkain teos on tietenkin <strong>monumentaalinen maalaus Johannes Kastajan mestaus<\/strong>, joka on muuten ainoa teos, jonka t\u00e4m\u00e4 kuuluisa italialainen maalari koskaan henkil\u00f6kohtaisesti signeerasi, ja voit n\u00e4hd\u00e4 sen omin silmin.<\/p>\n\n\n\n<h3 id=\"3_Upper_Barrakka_Gardens_a_poledni_salva\" class=\"wp-block-heading\"><span class=\"ez-toc-section\" id=\"3_Upper_Barrakka_Gardens_ja_keskipaivan_tykinlaukaus\"><\/span>3. Upper Barrakka Gardens ja keskip\u00e4iv\u00e4n tykinlaukaus<span class=\"ez-toc-section-end\"><\/span><\/h3>\n\n\n\n<p class=\"wp-block-paragraph\">Jos etsit aivan parasta paikkaa valokuvaamiseen, sinun t\u00e4ytyy tutustua n\u00e4ihin kauniisiin puutarhoihin, joista avautuu <strong>spektaakkelimainen n\u00e4kym\u00e4 koko Grand Harbouriin<\/strong> ja vastap\u00e4isiin Kolmeen kaupunkiin. Puutarhat palvelivat alun perin vain italialaisten ritareiden yksityisk\u00e4ytt\u00f6\u00f6n, mutta t\u00e4n\u00e4 p\u00e4iv\u00e4n\u00e4 voit lev\u00e4t\u00e4 niiss\u00e4 suihkul\u00e4hteen \u00e4\u00e4rell\u00e4 ja piiloutua turvallisesti paahtavan kes\u00e4auringon alta koristeltujen holvikaarien alle.<\/p>\n\n\n\n<figure data-wp-context=\"{&quot;imageId&quot;:&quot;6a9c579cb7bf1&quot;}\" data-wp-interactive=\"core\/image\" data-wp-key=\"6a9c579cb7bf1\" class=\"wp-block-image size-full wp-lightbox-container\"><img decoding=\"async\" width=\"1500\" height=\"1000\" data-wp-class--hide=\"state.isContentHidden\" data-wp-class--show=\"state.isContentVisible\" data-wp-init=\"callbacks.setButtonStyles\" data-wp-on--click=\"actions.showLightbox\" data-wp-on--load=\"callbacks.setButtonStyles\" data-wp-on--pointerdown=\"actions.preloadImage\" data-wp-on--pointerenter=\"actions.preloadImageWithDelay\" data-wp-on--pointerleave=\"actions.cancelPreload\" data-wp-on-window--resize=\"callbacks.setButtonStyles\" src=\"https:\/\/loudavymkrokem.cz\/wp-content\/uploads\/2026\/08\/dovolena-malta-t03.jpg\" alt=\"N\u00e4kym\u00e4 Upper Barrakka Gardensista\" class=\"wp-image-399655\" title=\"\" srcset=\"https:\/\/loudavymkrokem.cz\/wp-content\/uploads\/2026\/08\/dovolena-malta-t03.jpg 1500w, https:\/\/loudavymkrokem.cz\/wp-content\/uploads\/2026\/08\/dovolena-malta-t03-300x200.jpg 300w, https:\/\/loudavymkrokem.cz\/wp-content\/uploads\/2026\/08\/dovolena-malta-t03-700x467.jpg 700w, https:\/\/loudavymkrokem.cz\/wp-content\/uploads\/2026\/08\/dovolena-malta-t03-768x512.jpg 768w, https:\/\/loudavymkrokem.cz\/wp-content\/uploads\/2026\/08\/dovolena-malta-t03-696x464.jpg 696w, https:\/\/loudavymkrokem.cz\/wp-content\/uploads\/2026\/08\/dovolena-malta-t03-1392x928.jpg 1392w\" sizes=\"(max-width: 1500px) 100vw, 1500px\" \/><button\n\t\t\tclass=\"lightbox-trigger\"\n\t\t\ttype=\"button\"\n\t\t\taria-haspopup=\"dialog\"\n\t\t\tdata-wp-bind--aria-label=\"state.thisImage.triggerButtonAriaLabel\"\n\t\t\tdata-wp-init=\"callbacks.initTriggerButton\"\n\t\t\tdata-wp-on--click=\"actions.showLightbox\"\n\t\t\tdata-wp-style--right=\"state.thisImage.buttonRight\"\n\t\t\tdata-wp-style--top=\"state.thisImage.buttonTop\"\n\t\t>\n\t\t\t<svg xmlns=\"http:\/\/www.w3.org\/2000\/svg\" width=\"12\" height=\"12\" fill=\"none\" viewBox=\"0 0 12 12\">\n\t\t\t\t<path fill=\"#fff\" d=\"M2 0a2 2 0 0 0-2 2v2h1.5V2a.5.5 0 0 1 .5-.5h2V0H2Zm2 10.5H2a.5.5 0 0 1-.5-.5V8H0v2a2 2 0 0 0 2 2h2v-1.5ZM8 12v-1.5h2a.5.5 0 0 0 .5-.5V8H12v2a2 2 0 0 1-2 2H8Zm2-12a2 2 0 0 1 2 2v2h-1.5V2a.5.5 0 0 0-.5-.5H8V0h2Z\" \/>\n\t\t\t<\/svg>\n\t\t<\/button><figcaption class=\"wp-element-caption\">N\u00e4kym\u00e4 Upper Barrakka Gardensista (Kuva: This photo was taken by Anton Zelenov.\nPlease credit this wi \/ Wikimedia Commons, CC BY-SA 4.0)<\/figcaption><\/figure>\n\n\n\n<p class=\"wp-block-paragraph\">K\u00e4yt\u00e4nn\u00f6n vinkki on ajoittaa vierailu juuri keskip\u00e4iv\u00e4lle tai nelj\u00e4lle iltap\u00e4iv\u00e4ll\u00e4, jolloin kerrosta alempana Saluting Battery -terassilla tapahtuu perinteinen tykinlaukaus. Se on kuulemma kova\u00e4\u00e4ninen, mutta <strong>hyvin suosittu historiallinen esitys<\/strong>, joka vie sinut heti pari vuosisataa taaksep\u00e4in t\u00e4m\u00e4n pienen saaren pelottomien puolustajien aikaan.<\/p>\n\n\n\n<h3 id=\"4_Grand_Harbour_prirodni_pristav_ktery_zmenil_dejiny\" class=\"wp-block-heading\"><span class=\"ez-toc-section\" id=\"4_Grand_Harbour_luonnonsatama_joka_muutti_historiaa\"><\/span>4. Grand Harbour: luonnonsatama, joka muutti historiaa<span class=\"ez-toc-section-end\"><\/span><\/h3>\n\n\n\n<p class=\"wp-block-paragraph\">T\u00e4m\u00e4 valtava luonnonsatama muovasi koko V\u00e4limeren historiaa ja se kuuluu monien matkaoppaiden mukaan maailman vaikuttavimpiin. Mahtavat bastionit ja puolustusmuurit seisovat t\u00e4\u00e4ll\u00e4 kuin myk\u00e4t todistajat dramaattisista tapahtumista, ja erityisen keskeisen roolin satama n\u00e4ytteli toisen maailmansodan aikana, mist\u00e4 koko Malta sai Britannian kuninkaalta <strong>kuuluisan Yrj\u00f6n ristin urheudesta<\/strong>.<\/p>\n\n\n\n<figure data-wp-context=\"{&quot;imageId&quot;:&quot;6a9c579cb8097&quot;}\" data-wp-interactive=\"core\/image\" data-wp-key=\"6a9c579cb8097\" class=\"wp-block-image size-full wp-lightbox-container\"><img decoding=\"async\" width=\"1500\" height=\"1125\" data-wp-class--hide=\"state.isContentHidden\" data-wp-class--show=\"state.isContentVisible\" data-wp-init=\"callbacks.setButtonStyles\" data-wp-on--click=\"actions.showLightbox\" data-wp-on--load=\"callbacks.setButtonStyles\" data-wp-on--pointerdown=\"actions.preloadImage\" data-wp-on--pointerenter=\"actions.preloadImageWithDelay\" data-wp-on--pointerleave=\"actions.cancelPreload\" data-wp-on-window--resize=\"callbacks.setButtonStyles\" src=\"https:\/\/loudavymkrokem.cz\/wp-content\/uploads\/2026\/08\/dovolena-malta-t04.jpg\" alt=\"Grand Harbour Maltalla\" class=\"wp-image-399663\" title=\"\" srcset=\"https:\/\/loudavymkrokem.cz\/wp-content\/uploads\/2026\/08\/dovolena-malta-t04.jpg 1500w, https:\/\/loudavymkrokem.cz\/wp-content\/uploads\/2026\/08\/dovolena-malta-t04-300x225.jpg 300w, https:\/\/loudavymkrokem.cz\/wp-content\/uploads\/2026\/08\/dovolena-malta-t04-700x525.jpg 700w, https:\/\/loudavymkrokem.cz\/wp-content\/uploads\/2026\/08\/dovolena-malta-t04-768x576.jpg 768w, https:\/\/loudavymkrokem.cz\/wp-content\/uploads\/2026\/08\/dovolena-malta-t04-80x60.jpg 80w, https:\/\/loudavymkrokem.cz\/wp-content\/uploads\/2026\/08\/dovolena-malta-t04-160x120.jpg 160w, https:\/\/loudavymkrokem.cz\/wp-content\/uploads\/2026\/08\/dovolena-malta-t04-696x522.jpg 696w, https:\/\/loudavymkrokem.cz\/wp-content\/uploads\/2026\/08\/dovolena-malta-t04-1392x1044.jpg 1392w\" sizes=\"(max-width: 1500px) 100vw, 1500px\" \/><button\n\t\t\tclass=\"lightbox-trigger\"\n\t\t\ttype=\"button\"\n\t\t\taria-haspopup=\"dialog\"\n\t\t\tdata-wp-bind--aria-label=\"state.thisImage.triggerButtonAriaLabel\"\n\t\t\tdata-wp-init=\"callbacks.initTriggerButton\"\n\t\t\tdata-wp-on--click=\"actions.showLightbox\"\n\t\t\tdata-wp-style--right=\"state.thisImage.buttonRight\"\n\t\t\tdata-wp-style--top=\"state.thisImage.buttonTop\"\n\t\t>\n\t\t\t<svg xmlns=\"http:\/\/www.w3.org\/2000\/svg\" width=\"12\" height=\"12\" fill=\"none\" viewBox=\"0 0 12 12\">\n\t\t\t\t<path fill=\"#fff\" d=\"M2 0a2 2 0 0 0-2 2v2h1.5V2a.5.5 0 0 1 .5-.5h2V0H2Zm2 10.5H2a.5.5 0 0 1-.5-.5V8H0v2a2 2 0 0 0 2 2h2v-1.5ZM8 12v-1.5h2a.5.5 0 0 0 .5-.5V8H12v2a2 2 0 0 1-2 2H8Zm2-12a2 2 0 0 1 2 2v2h-1.5V2a.5.5 0 0 0-.5-.5H8V0h2Z\" \/>\n\t\t\t<\/svg>\n\t\t<\/button><figcaption class=\"wp-element-caption\">Grand Harbour Maltalla (Kuva: Pacopac \/ Wikimedia Commons, CC BY-SA 4.0)<\/figcaption><\/figure>\n\n\n\n<p class=\"wp-block-paragraph\">Parhaiten tajuat koko linnoituksen mahtavuuden kuulemma suoraan vedenpinnalta, joten kannattaa l\u00e4hte\u00e4 j\u00e4rjestetylle n\u00e4k\u00f6alaristeilylle veneell\u00e4. Liput voit ostaa suoraan Valletan rantakadulta ja aluksen kannelta saat <strong>korkeisiin muureihin ja historiallisiin linnoituksiin<\/strong> aivan toisenlaisen ja paljon kiinnostavamman n\u00e4k\u00f6kulman kuin maalta.<\/p>\n\n\n\n<h3 id=\"5_Tri_mesta_Vittoriosa_Senglea_a_Cospicua\" class=\"wp-block-heading\"><span class=\"ez-toc-section\" id=\"5_Kolme_kaupunkia_Vittoriosa_Senglea_ja_Cospicua\"><\/span>5. Kolme kaupunkia: Vittoriosa, Senglea ja Cospicua<span class=\"ez-toc-section-end\"><\/span><\/h3>\n\n\n\n<p class=\"wp-block-paragraph\">Aivan p\u00e4\u00e4kaupungin vastap\u00e4\u00e4t\u00e4 sijaitsevat Vittoriosa, Senglea ja Cospicua, historialliset kaupungit, joista kuulemma l\u00f6ytyy <strong>paljon autenttisempi tunnelma<\/strong> kuin itse Valletasta. Turisteja t\u00e4nne matkustaa selv\u00e4sti v\u00e4hemm\u00e4n, joten voit rauhassa nauttia kuljeskelusta kapeilla kujilla, ihailla ylellisi\u00e4 huvipursia venesatamassa ja tutustua majesteettiseen Fort St Angeloon.<\/p>\n\n\n\n<figure data-wp-context=\"{&quot;imageId&quot;:&quot;6a9c579cb8610&quot;}\" data-wp-interactive=\"core\/image\" data-wp-key=\"6a9c579cb8610\" class=\"wp-block-image size-full wp-lightbox-container\"><img decoding=\"async\" width=\"1500\" height=\"887\" data-wp-class--hide=\"state.isContentHidden\" data-wp-class--show=\"state.isContentVisible\" data-wp-init=\"callbacks.setButtonStyles\" data-wp-on--click=\"actions.showLightbox\" data-wp-on--load=\"callbacks.setButtonStyles\" data-wp-on--pointerdown=\"actions.preloadImage\" data-wp-on--pointerenter=\"actions.preloadImageWithDelay\" data-wp-on--pointerleave=\"actions.cancelPreload\" data-wp-on-window--resize=\"callbacks.setButtonStyles\" src=\"https:\/\/loudavymkrokem.cz\/wp-content\/uploads\/2026\/08\/dovolena-malta-t05.jpg\" alt=\"Vittoriosa ja Fort St Angelo Grand Harbourissa\" class=\"wp-image-399744\" title=\"\" srcset=\"https:\/\/loudavymkrokem.cz\/wp-content\/uploads\/2026\/08\/dovolena-malta-t05.jpg 1500w, https:\/\/loudavymkrokem.cz\/wp-content\/uploads\/2026\/08\/dovolena-malta-t05-300x177.jpg 300w, https:\/\/loudavymkrokem.cz\/wp-content\/uploads\/2026\/08\/dovolena-malta-t05-700x414.jpg 700w, https:\/\/loudavymkrokem.cz\/wp-content\/uploads\/2026\/08\/dovolena-malta-t05-768x454.jpg 768w, https:\/\/loudavymkrokem.cz\/wp-content\/uploads\/2026\/08\/dovolena-malta-t05-696x412.jpg 696w, https:\/\/loudavymkrokem.cz\/wp-content\/uploads\/2026\/08\/dovolena-malta-t05-1392x823.jpg 1392w\" sizes=\"(max-width: 1500px) 100vw, 1500px\" \/><button\n\t\t\tclass=\"lightbox-trigger\"\n\t\t\ttype=\"button\"\n\t\t\taria-haspopup=\"dialog\"\n\t\t\tdata-wp-bind--aria-label=\"state.thisImage.triggerButtonAriaLabel\"\n\t\t\tdata-wp-init=\"callbacks.initTriggerButton\"\n\t\t\tdata-wp-on--click=\"actions.showLightbox\"\n\t\t\tdata-wp-style--right=\"state.thisImage.buttonRight\"\n\t\t\tdata-wp-style--top=\"state.thisImage.buttonTop\"\n\t\t>\n\t\t\t<svg xmlns=\"http:\/\/www.w3.org\/2000\/svg\" width=\"12\" height=\"12\" fill=\"none\" viewBox=\"0 0 12 12\">\n\t\t\t\t<path fill=\"#fff\" d=\"M2 0a2 2 0 0 0-2 2v2h1.5V2a.5.5 0 0 1 .5-.5h2V0H2Zm2 10.5H2a.5.5 0 0 1-.5-.5V8H0v2a2 2 0 0 0 2 2h2v-1.5ZM8 12v-1.5h2a.5.5 0 0 0 .5-.5V8H12v2a2 2 0 0 1-2 2H8Zm2-12a2 2 0 0 1 2 2v2h-1.5V2a.5.5 0 0 0-.5-.5H8V0h2Z\" \/>\n\t\t\t<\/svg>\n\t\t<\/button><figcaption class=\"wp-element-caption\">Vittoriosa ja Fort St Angelo Grand Harbourissa (Kuva: Karelj \/ Wikimedia Commons, CC BY-SA 3.0)<\/figcaption><\/figure>\n\n\n\n<p class=\"wp-block-paragraph\">Matkailijat suosittelevat, ettei matkaa Valletasta teht\u00e4isi bussilla vaan mieluummin annettaisiin kuljettaa itsens\u00e4 vastarannalle perinteisell\u00e4 puuveneell\u00e4 nimelt\u00e4 dg\u0127ajsa. Matka kest\u00e4\u00e4 vain muutaman minuutin ja maksaa yleens\u00e4 noin kaksi euroa, muista vain hankkia laadukas <a href=\"https:\/\/loudavymkrokem.cz\/jak-vybrat-cestovni-pojisteni-na-dovolenou\/\">matkavakuutus<\/a>, sill\u00e4 kyseess\u00e4 ovat pienet alukset ja turvallisuus on aina etusijalla.<\/p>\n\n\n\n<h3 id=\"6_Sliema_a_St_Julian_s_promenada_nakupy_a_nocni_zivot\" class=\"wp-block-heading\"><span class=\"ez-toc-section\" id=\"6_Sliema_ja_St_Julians_promenadi_ostokset_ja_yoelama\"><\/span>6. Sliema ja St Julian&#8217;s: promenadi, ostokset ja y\u00f6el\u00e4m\u00e4<span class=\"ez-toc-section-end\"><\/span><\/h3>\n\n\n\n<p class=\"wp-block-paragraph\">Jos kaipaat modernia kaupunkiel\u00e4m\u00e4\u00e4, ostoskeskuksia ja leve\u00e4\u00e4 rantapromenadia, n\u00e4m\u00e4 kaksi toisiinsa kytkeytynytt\u00e4 kaupunginosaa eiv\u00e4t varmasti tuota pettymyst\u00e4. Kun kaunis Spinola Bay -lahti on t\u00e4ynn\u00e4 valokuvauksellisia v\u00e4rikk\u00e4it\u00e4 veneit\u00e4, rantapromenadi tarjoaa kuulemma <strong>ihanteelliset olosuhteet iltak\u00e4velyihin<\/strong> ja suositun uinnin suoraan betonilaitureilta ja kallioilta.<\/p>\n\n\n\n<figure data-wp-context=\"{&quot;imageId&quot;:&quot;6a9c579cb8c4a&quot;}\" data-wp-interactive=\"core\/image\" data-wp-key=\"6a9c579cb8c4a\" class=\"wp-block-image size-full wp-lightbox-container\"><img decoding=\"async\" width=\"1500\" height=\"999\" data-wp-class--hide=\"state.isContentHidden\" data-wp-class--show=\"state.isContentVisible\" data-wp-init=\"callbacks.setButtonStyles\" data-wp-on--click=\"actions.showLightbox\" data-wp-on--load=\"callbacks.setButtonStyles\" data-wp-on--pointerdown=\"actions.preloadImage\" data-wp-on--pointerenter=\"actions.preloadImageWithDelay\" data-wp-on--pointerleave=\"actions.cancelPreload\" data-wp-on-window--resize=\"callbacks.setButtonStyles\" src=\"https:\/\/loudavymkrokem.cz\/wp-content\/uploads\/2026\/08\/dovolena-malta-t06.jpg\" alt=\"Spinola Bay St Julian&#039;sissa\" class=\"wp-image-399672\" title=\"\" srcset=\"https:\/\/loudavymkrokem.cz\/wp-content\/uploads\/2026\/08\/dovolena-malta-t06.jpg 1500w, https:\/\/loudavymkrokem.cz\/wp-content\/uploads\/2026\/08\/dovolena-malta-t06-300x200.jpg 300w, https:\/\/loudavymkrokem.cz\/wp-content\/uploads\/2026\/08\/dovolena-malta-t06-700x466.jpg 700w, https:\/\/loudavymkrokem.cz\/wp-content\/uploads\/2026\/08\/dovolena-malta-t06-768x511.jpg 768w, https:\/\/loudavymkrokem.cz\/wp-content\/uploads\/2026\/08\/dovolena-malta-t06-696x464.jpg 696w, https:\/\/loudavymkrokem.cz\/wp-content\/uploads\/2026\/08\/dovolena-malta-t06-1392x927.jpg 1392w\" sizes=\"(max-width: 1500px) 100vw, 1500px\" \/><button\n\t\t\tclass=\"lightbox-trigger\"\n\t\t\ttype=\"button\"\n\t\t\taria-haspopup=\"dialog\"\n\t\t\tdata-wp-bind--aria-label=\"state.thisImage.triggerButtonAriaLabel\"\n\t\t\tdata-wp-init=\"callbacks.initTriggerButton\"\n\t\t\tdata-wp-on--click=\"actions.showLightbox\"\n\t\t\tdata-wp-style--right=\"state.thisImage.buttonRight\"\n\t\t\tdata-wp-style--top=\"state.thisImage.buttonTop\"\n\t\t>\n\t\t\t<svg xmlns=\"http:\/\/www.w3.org\/2000\/svg\" width=\"12\" height=\"12\" fill=\"none\" viewBox=\"0 0 12 12\">\n\t\t\t\t<path fill=\"#fff\" d=\"M2 0a2 2 0 0 0-2 2v2h1.5V2a.5.5 0 0 1 .5-.5h2V0H2Zm2 10.5H2a.5.5 0 0 1-.5-.5V8H0v2a2 2 0 0 0 2 2h2v-1.5ZM8 12v-1.5h2a.5.5 0 0 0 .5-.5V8H12v2a2 2 0 0 1-2 2H8Zm2-12a2 2 0 0 1 2 2v2h-1.5V2a.5.5 0 0 0-.5-.5H8V0h2Z\" \/>\n\t\t\t<\/svg>\n\t\t<\/button><figcaption class=\"wp-element-caption\">Spinola Bay St Julian&#8217;sissa (Kuva: This photo was taken by Anton Zelenov.\nPlease credit this wi \/ Wikimedia Commons, CC BY-SA 4.0)<\/figcaption><\/figure>\n\n\n\n<p class=\"wp-block-paragraph\">Matkailijat kuitenkin varoittavat St Julian&#8217;sin Paceville-alueesta, joka toimii yhten\u00e4 valtavana ja hyvin \u00e4\u00e4nekk\u00e4\u00e4n\u00e4 bilealueena. Jos et etsi villej\u00e4 y\u00f6kerhoja ja halpoja baareja t\u00e4ynn\u00e4 kielikoulujen opiskelijoita, <strong>kierr\u00e4 t\u00e4m\u00e4 alue mieluummin \u00f6isin kaukaa<\/strong> ja majoitu johonkin rauhallisempaan osaan saarta \ud83d\ude05.<\/p>\n\n\n\n<h3 id=\"7_Mdina_Tiche_mesto_za_hradbami\" class=\"wp-block-heading\"><span class=\"ez-toc-section\" id=\"7_Mdina_Hiljainen_kaupunki_muurien_takana\"><\/span>7. Mdina: Hiljainen kaupunki muurien takana<span class=\"ez-toc-section-end\"><\/span><\/h3>\n\n\n\n<p class=\"wp-block-paragraph\">Entinen p\u00e4\u00e4kaupunki sijaitsee turvallisesti k\u00e4tkettyn\u00e4 korkeiden muurien taakse saaren keskell\u00e4, ja ainutlaatuisen tunnelmansa ansiosta sit\u00e4 kutsutaan aivan oikeutetusti Hiljaiseksi kaupungiksi. Sarjojen fanit tunnistavat varmasti majesteettisen p\u00e4\u00e4portin Mdina Gaten, sill\u00e4 t\u00e4\u00e4ll\u00e4 <strong>kuvattiin kohtauksia kuuluisaan Game of Thronesiin<\/strong>, mutta kaikki k\u00e4vij\u00e4t hurmaa varmasti kapeiden hiekkakivikujien sokkelo.<\/p>\n\n\n\n<figure data-wp-context=\"{&quot;imageId&quot;:&quot;6a9c579cb91aa&quot;}\" data-wp-interactive=\"core\/image\" data-wp-key=\"6a9c579cb91aa\" class=\"wp-block-image size-full wp-lightbox-container\"><img decoding=\"async\" width=\"1500\" height=\"1125\" data-wp-class--hide=\"state.isContentHidden\" data-wp-class--show=\"state.isContentVisible\" data-wp-init=\"callbacks.setButtonStyles\" data-wp-on--click=\"actions.showLightbox\" data-wp-on--load=\"callbacks.setButtonStyles\" data-wp-on--pointerdown=\"actions.preloadImage\" data-wp-on--pointerenter=\"actions.preloadImageWithDelay\" data-wp-on--pointerleave=\"actions.cancelPreload\" data-wp-on-window--resize=\"callbacks.setButtonStyles\" src=\"https:\/\/loudavymkrokem.cz\/wp-content\/uploads\/2026\/08\/dovolena-malta-t07.jpg\" alt=\"Portti Mdinaan, Hiljaiseen kaupunkiin\" class=\"wp-image-399675\" title=\"\" srcset=\"https:\/\/loudavymkrokem.cz\/wp-content\/uploads\/2026\/08\/dovolena-malta-t07.jpg 1500w, https:\/\/loudavymkrokem.cz\/wp-content\/uploads\/2026\/08\/dovolena-malta-t07-300x225.jpg 300w, https:\/\/loudavymkrokem.cz\/wp-content\/uploads\/2026\/08\/dovolena-malta-t07-700x525.jpg 700w, https:\/\/loudavymkrokem.cz\/wp-content\/uploads\/2026\/08\/dovolena-malta-t07-768x576.jpg 768w, https:\/\/loudavymkrokem.cz\/wp-content\/uploads\/2026\/08\/dovolena-malta-t07-80x60.jpg 80w, https:\/\/loudavymkrokem.cz\/wp-content\/uploads\/2026\/08\/dovolena-malta-t07-160x120.jpg 160w, https:\/\/loudavymkrokem.cz\/wp-content\/uploads\/2026\/08\/dovolena-malta-t07-696x522.jpg 696w, https:\/\/loudavymkrokem.cz\/wp-content\/uploads\/2026\/08\/dovolena-malta-t07-1392x1044.jpg 1392w\" sizes=\"(max-width: 1500px) 100vw, 1500px\" \/><button\n\t\t\tclass=\"lightbox-trigger\"\n\t\t\ttype=\"button\"\n\t\t\taria-haspopup=\"dialog\"\n\t\t\tdata-wp-bind--aria-label=\"state.thisImage.triggerButtonAriaLabel\"\n\t\t\tdata-wp-init=\"callbacks.initTriggerButton\"\n\t\t\tdata-wp-on--click=\"actions.showLightbox\"\n\t\t\tdata-wp-style--right=\"state.thisImage.buttonRight\"\n\t\t\tdata-wp-style--top=\"state.thisImage.buttonTop\"\n\t\t>\n\t\t\t<svg xmlns=\"http:\/\/www.w3.org\/2000\/svg\" width=\"12\" height=\"12\" fill=\"none\" viewBox=\"0 0 12 12\">\n\t\t\t\t<path fill=\"#fff\" d=\"M2 0a2 2 0 0 0-2 2v2h1.5V2a.5.5 0 0 1 .5-.5h2V0H2Zm2 10.5H2a.5.5 0 0 1-.5-.5V8H0v2a2 2 0 0 0 2 2h2v-1.5ZM8 12v-1.5h2a.5.5 0 0 0 .5-.5V8H12v2a2 2 0 0 1-2 2H8Zm2-12a2 2 0 0 1 2 2v2h-1.5V2a.5.5 0 0 0-.5-.5H8V0h2Z\" \/>\n\t\t\t<\/svg>\n\t\t<\/button><figcaption class=\"wp-element-caption\">Portti Mdinaan, Hiljaiseen kaupunkiin (Kuva: Simontabone \/ Wikimedia Commons, CC BY-SA 4.0)<\/figcaption><\/figure>\n\n\n\n<p class=\"wp-block-paragraph\">P\u00e4iv\u00e4ll\u00e4 muurien sis\u00e4ll\u00e4 on melko vilkasta, joten on suositeltavaa saapua t\u00e4nne kierrokselle vasta illansuussa, kun suurin osa j\u00e4rjestetyist\u00e4 retkist\u00e4 l\u00e4htee takaisin merelle. Pime\u00e4n tultua historialliset kadut j\u00e4\u00e4v\u00e4t l\u00e4hes autioiksi, lyhdyt heitt\u00e4v\u00e4t pitki\u00e4 varjoja ja vasta silloin <strong>ymm\u00e4rr\u00e4t t\u00e4ydellisesti, miksi Mdina todella ansaitsee hiljaisen nimens\u00e4<\/strong>.<\/p>\n\n\n\n<h3 id=\"8_Rabat_a_katakomby_svateho_Pavla\" class=\"wp-block-heading\"><span class=\"ez-toc-section\" id=\"8_Rabat_ja_Pyhan_Paavalin_katakombit\"><\/span>8. Rabat ja Pyh\u00e4n Paavalin katakombit<span class=\"ez-toc-section-end\"><\/span><\/h3>\n\n\n\n<p class=\"wp-block-paragraph\">Heti Mdinan muurien takana jatkuu saumattomasti naapurikaupunki Rabat, joka k\u00e4tkee katujensa alle <strong>kiehtovan laajan varhaiskristillisen maanalaisen hautausmaan<\/strong>. Juuri t\u00e4\u00e4ll\u00e4 voit turvallisesti tutkia pimeit\u00e4 katakombeja, joihin ennen haudattiin vainajat, ja tirkistell\u00e4 palvottuun Pyh\u00e4n Paavalin luolaan, jossa t\u00e4m\u00e4 apostoli kuulemma oleskeli v\u00e4itetyn haaksirikkonsa j\u00e4lkeen.<\/p>\n\n\n\n<figure data-wp-context=\"{&quot;imageId&quot;:&quot;6a9c579cb9681&quot;}\" data-wp-interactive=\"core\/image\" data-wp-key=\"6a9c579cb9681\" class=\"wp-block-image size-full wp-lightbox-container\"><img decoding=\"async\" width=\"1500\" height=\"1149\" data-wp-class--hide=\"state.isContentHidden\" data-wp-class--show=\"state.isContentVisible\" data-wp-init=\"callbacks.setButtonStyles\" data-wp-on--click=\"actions.showLightbox\" data-wp-on--load=\"callbacks.setButtonStyles\" data-wp-on--pointerdown=\"actions.preloadImage\" data-wp-on--pointerenter=\"actions.preloadImageWithDelay\" data-wp-on--pointerleave=\"actions.cancelPreload\" data-wp-on-window--resize=\"callbacks.setButtonStyles\" src=\"https:\/\/loudavymkrokem.cz\/wp-content\/uploads\/2026\/08\/dovolena-malta-t08.jpg\" alt=\"Pyh\u00e4n Paavalin katakombit Rabatissa\" class=\"wp-image-399680\" title=\"\" srcset=\"https:\/\/loudavymkrokem.cz\/wp-content\/uploads\/2026\/08\/dovolena-malta-t08.jpg 1500w, https:\/\/loudavymkrokem.cz\/wp-content\/uploads\/2026\/08\/dovolena-malta-t08-300x230.jpg 300w, https:\/\/loudavymkrokem.cz\/wp-content\/uploads\/2026\/08\/dovolena-malta-t08-700x536.jpg 700w, https:\/\/loudavymkrokem.cz\/wp-content\/uploads\/2026\/08\/dovolena-malta-t08-768x588.jpg 768w, https:\/\/loudavymkrokem.cz\/wp-content\/uploads\/2026\/08\/dovolena-malta-t08-80x60.jpg 80w, https:\/\/loudavymkrokem.cz\/wp-content\/uploads\/2026\/08\/dovolena-malta-t08-696x533.jpg 696w, https:\/\/loudavymkrokem.cz\/wp-content\/uploads\/2026\/08\/dovolena-malta-t08-1392x1066.jpg 1392w\" sizes=\"(max-width: 1500px) 100vw, 1500px\" \/><button\n\t\t\tclass=\"lightbox-trigger\"\n\t\t\ttype=\"button\"\n\t\t\taria-haspopup=\"dialog\"\n\t\t\tdata-wp-bind--aria-label=\"state.thisImage.triggerButtonAriaLabel\"\n\t\t\tdata-wp-init=\"callbacks.initTriggerButton\"\n\t\t\tdata-wp-on--click=\"actions.showLightbox\"\n\t\t\tdata-wp-style--right=\"state.thisImage.buttonRight\"\n\t\t\tdata-wp-style--top=\"state.thisImage.buttonTop\"\n\t\t>\n\t\t\t<svg xmlns=\"http:\/\/www.w3.org\/2000\/svg\" width=\"12\" height=\"12\" fill=\"none\" viewBox=\"0 0 12 12\">\n\t\t\t\t<path fill=\"#fff\" d=\"M2 0a2 2 0 0 0-2 2v2h1.5V2a.5.5 0 0 1 .5-.5h2V0H2Zm2 10.5H2a.5.5 0 0 1-.5-.5V8H0v2a2 2 0 0 0 2 2h2v-1.5ZM8 12v-1.5h2a.5.5 0 0 0 .5-.5V8H12v2a2 2 0 0 1-2 2H8Zm2-12a2 2 0 0 1 2 2v2h-1.5V2a.5.5 0 0 0-.5-.5H8V0h2Z\" \/>\n\t\t\t<\/svg>\n\t\t<\/button><figcaption class=\"wp-element-caption\">Pyh\u00e4n Paavalin katakombit Rabatissa (Kuva: Diego Delso \/ Wikimedia Commons, CC BY-SA 4.0)<\/figcaption><\/figure>\n\n\n\n<p class=\"wp-block-paragraph\">Sokkeloisten maanalaisten k\u00e4yt\u00e4vien kierros vie v\u00e4hint\u00e4\u00e4n tunnin, ja on hyv\u00e4 tiet\u00e4\u00e4, ett\u00e4 alhaalla on melko viile\u00e4\u00e4, joten kevyt villapaita tulee tarpeeseen. Tarkista aukioloajat <strong>aina etuk\u00e4teen virallisilta verkkosivuilta<\/strong>, sill\u00e4 ne voivat vaihdella sesongin mukaan, eik\u00e4 joihinkin osiin ole aivan helppo p\u00e4\u00e4sy liikuntarajoitteisille.<\/p>\n\n\n\n<h3 id=\"9_Rotunda_v_Moste_a_pribeh_bomby\" class=\"wp-block-heading\"><span class=\"ez-toc-section\" id=\"9_Mostan_rotunda_ja_pommin_tarina\"><\/span>9. Mostan rotunda ja pommin tarina<span class=\"ez-toc-section-end\"><\/span><\/h3>\n\n\n\n<p class=\"wp-block-paragraph\">Mostan kaupungin monumentaalinen kirkko ylpeilee yhdell\u00e4 koko Euroopan suurimmista tukemattomista kupoleista, ja jo kaukaa se muodostaa koko saaren huomiota her\u00e4tt\u00e4v\u00e4n maamerkin. Kyse ei ole vain vaikuttavasta arkkitehtuurista, sill\u00e4 t\u00e4h\u00e4n paikkaan liittyy <strong>l\u00e4hes uskomaton tarina toisesta maailmansodasta<\/strong>, joka teki siit\u00e4 yhden Maltan halutuimmista kohteista.<\/p>\n\n\n\n<figure data-wp-context=\"{&quot;imageId&quot;:&quot;6a9c579cb9e35&quot;}\" data-wp-interactive=\"core\/image\" data-wp-key=\"6a9c579cb9e35\" class=\"wp-block-image size-full wp-lightbox-container\"><img decoding=\"async\" width=\"1500\" height=\"998\" data-wp-class--hide=\"state.isContentHidden\" data-wp-class--show=\"state.isContentVisible\" data-wp-init=\"callbacks.setButtonStyles\" data-wp-on--click=\"actions.showLightbox\" data-wp-on--load=\"callbacks.setButtonStyles\" data-wp-on--pointerdown=\"actions.preloadImage\" data-wp-on--pointerenter=\"actions.preloadImageWithDelay\" data-wp-on--pointerleave=\"actions.cancelPreload\" data-wp-on-window--resize=\"callbacks.setButtonStyles\" src=\"https:\/\/loudavymkrokem.cz\/wp-content\/uploads\/2026\/08\/dovolena-malta-t09.jpg\" alt=\"Mostan rotunda j\u00e4ttim\u00e4isine kupoleineen\" class=\"wp-image-399687\" title=\"\" srcset=\"https:\/\/loudavymkrokem.cz\/wp-content\/uploads\/2026\/08\/dovolena-malta-t09.jpg 1500w, https:\/\/loudavymkrokem.cz\/wp-content\/uploads\/2026\/08\/dovolena-malta-t09-300x200.jpg 300w, https:\/\/loudavymkrokem.cz\/wp-content\/uploads\/2026\/08\/dovolena-malta-t09-700x466.jpg 700w, https:\/\/loudavymkrokem.cz\/wp-content\/uploads\/2026\/08\/dovolena-malta-t09-768x511.jpg 768w, https:\/\/loudavymkrokem.cz\/wp-content\/uploads\/2026\/08\/dovolena-malta-t09-696x463.jpg 696w, https:\/\/loudavymkrokem.cz\/wp-content\/uploads\/2026\/08\/dovolena-malta-t09-1392x926.jpg 1392w\" sizes=\"(max-width: 1500px) 100vw, 1500px\" \/><button\n\t\t\tclass=\"lightbox-trigger\"\n\t\t\ttype=\"button\"\n\t\t\taria-haspopup=\"dialog\"\n\t\t\tdata-wp-bind--aria-label=\"state.thisImage.triggerButtonAriaLabel\"\n\t\t\tdata-wp-init=\"callbacks.initTriggerButton\"\n\t\t\tdata-wp-on--click=\"actions.showLightbox\"\n\t\t\tdata-wp-style--right=\"state.thisImage.buttonRight\"\n\t\t\tdata-wp-style--top=\"state.thisImage.buttonTop\"\n\t\t>\n\t\t\t<svg xmlns=\"http:\/\/www.w3.org\/2000\/svg\" width=\"12\" height=\"12\" fill=\"none\" viewBox=\"0 0 12 12\">\n\t\t\t\t<path fill=\"#fff\" d=\"M2 0a2 2 0 0 0-2 2v2h1.5V2a.5.5 0 0 1 .5-.5h2V0H2Zm2 10.5H2a.5.5 0 0 1-.5-.5V8H0v2a2 2 0 0 0 2 2h2v-1.5ZM8 12v-1.5h2a.5.5 0 0 0 .5-.5V8H12v2a2 2 0 0 1-2 2H8Zm2-12a2 2 0 0 1 2 2v2h-1.5V2a.5.5 0 0 0-.5-.5H8V0h2Z\" \/>\n\t\t\t<\/svg>\n\t\t<\/button><figcaption class=\"wp-element-caption\">Mostan rotunda j\u00e4ttim\u00e4isine kupoleineen (Kuva: Mstyslav Chernov \/ Wikimedia Commons, CC BY-SA 3.0)<\/figcaption><\/figure>\n\n\n\n<p class=\"wp-block-paragraph\">Huhtikuussa 1942 nimitt\u00e4in messun aikana saksalainen lentopommi puhkaisi valtavan kupolin, putosi suoraan t\u00e4yden kirkon keskelle, mutta kuin ihmeen kaupalla ei r\u00e4j\u00e4ht\u00e4nyt lainkaan. T\u00e4n\u00e4 p\u00e4iv\u00e4n\u00e4 voit tutustua sis\u00e4ll\u00e4 <strong>tarkkaan j\u00e4ljenn\u00f6kseen t\u00e4st\u00e4 kuuluisasta pommista<\/strong>, ja paikalliset uskovat yh\u00e4 lujasti, ett\u00e4 silloin kolmensadan uskovan yll\u00e4 seisoivat yksinkertaisesti kaikki pyhimykset.<\/p>\n\n\n\n<h3 id=\"10_Dingli_Cliffs_utesy_nad_zapadnim_pobrezim\" class=\"wp-block-heading\"><span class=\"ez-toc-section\" id=\"10_Dingli_Cliffs_kalliot_lansirannikolla\"><\/span>10. Dingli Cliffs: kalliot l\u00e4nsirannikolla<span class=\"ez-toc-section-end\"><\/span><\/h3>\n\n\n\n<p class=\"wp-block-paragraph\">Luonnon ja dramaattisten n\u00e4kymien yst\u00e4ville n\u00e4m\u00e4 mahtavat kalliot l\u00e4nsirannikolla ovat ehdoton pakko, sill\u00e4 ne muodostavat koko saariston korkeimman kohdan. Kalkkikivisein\u00e4m\u00e4t putoavat jyrk\u00e4sti suoraan mereen, ja muiden matkailijoiden kokemusten mukaan koet t\u00e4\u00e4ll\u00e4 <strong>kauneimman ja rauhallisimman k\u00e4velyn<\/strong>, jossa seuranasi on vain tuulen ja meren tyrskyjen \u00e4\u00e4ni.<\/p>\n\n\n\n<figure data-wp-context=\"{&quot;imageId&quot;:&quot;6a9c579cba2ef&quot;}\" data-wp-interactive=\"core\/image\" data-wp-key=\"6a9c579cba2ef\" class=\"wp-block-image size-full wp-lightbox-container\"><img decoding=\"async\" width=\"1500\" height=\"1042\" data-wp-class--hide=\"state.isContentHidden\" data-wp-class--show=\"state.isContentVisible\" data-wp-init=\"callbacks.setButtonStyles\" data-wp-on--click=\"actions.showLightbox\" data-wp-on--load=\"callbacks.setButtonStyles\" data-wp-on--pointerdown=\"actions.preloadImage\" data-wp-on--pointerenter=\"actions.preloadImageWithDelay\" data-wp-on--pointerleave=\"actions.cancelPreload\" data-wp-on-window--resize=\"callbacks.setButtonStyles\" src=\"https:\/\/loudavymkrokem.cz\/wp-content\/uploads\/2026\/08\/dovolena-malta-t10.jpg\" alt=\"Dinglin kalliot l\u00e4nsirannikolla\" class=\"wp-image-399692\" title=\"\" srcset=\"https:\/\/loudavymkrokem.cz\/wp-content\/uploads\/2026\/08\/dovolena-malta-t10.jpg 1500w, https:\/\/loudavymkrokem.cz\/wp-content\/uploads\/2026\/08\/dovolena-malta-t10-300x208.jpg 300w, https:\/\/loudavymkrokem.cz\/wp-content\/uploads\/2026\/08\/dovolena-malta-t10-700x486.jpg 700w, https:\/\/loudavymkrokem.cz\/wp-content\/uploads\/2026\/08\/dovolena-malta-t10-768x534.jpg 768w, https:\/\/loudavymkrokem.cz\/wp-content\/uploads\/2026\/08\/dovolena-malta-t10-696x483.jpg 696w, https:\/\/loudavymkrokem.cz\/wp-content\/uploads\/2026\/08\/dovolena-malta-t10-1392x967.jpg 1392w\" sizes=\"(max-width: 1500px) 100vw, 1500px\" \/><button\n\t\t\tclass=\"lightbox-trigger\"\n\t\t\ttype=\"button\"\n\t\t\taria-haspopup=\"dialog\"\n\t\t\tdata-wp-bind--aria-label=\"state.thisImage.triggerButtonAriaLabel\"\n\t\t\tdata-wp-init=\"callbacks.initTriggerButton\"\n\t\t\tdata-wp-on--click=\"actions.showLightbox\"\n\t\t\tdata-wp-style--right=\"state.thisImage.buttonRight\"\n\t\t\tdata-wp-style--top=\"state.thisImage.buttonTop\"\n\t\t>\n\t\t\t<svg xmlns=\"http:\/\/www.w3.org\/2000\/svg\" width=\"12\" height=\"12\" fill=\"none\" viewBox=\"0 0 12 12\">\n\t\t\t\t<path fill=\"#fff\" d=\"M2 0a2 2 0 0 0-2 2v2h1.5V2a.5.5 0 0 1 .5-.5h2V0H2Zm2 10.5H2a.5.5 0 0 1-.5-.5V8H0v2a2 2 0 0 0 2 2h2v-1.5ZM8 12v-1.5h2a.5.5 0 0 0 .5-.5V8H12v2a2 2 0 0 1-2 2H8Zm2-12a2 2 0 0 1 2 2v2h-1.5V2a.5.5 0 0 0-.5-.5H8V0h2Z\" \/>\n\t\t\t<\/svg>\n\t\t<\/button><figcaption class=\"wp-element-caption\">Dinglin kalliot l\u00e4nsirannikolla (Kuva: Felix K\u00f6nig \/ Wikimedia Commons, CC BY 3.0)<\/figcaption><\/figure>\n\n\n\n<p class=\"wp-block-paragraph\">Kalliot ovat luonnollisesti kauneimmillaan illansuussa, jolloin t\u00e4nne saapuu valokuvaajia mets\u00e4st\u00e4m\u00e4\u00e4n parhaita auringonlaskukuvia. T\u00e4nne p\u00e4\u00e4set nousemalla bussiin, mutta muista, ett\u00e4 <strong>pys\u00e4kilt\u00e4 t\u00e4ytyy k\u00e4vell\u00e4 hieman matkaa<\/strong>, joten mukavat keng\u00e4t ovat ehdottomasti parempi valinta kuin ohuet rantasandaalit.<\/p>\n\n\n\n<h3 id=\"11_Mosta_Naxxar_a_Palazzo_Parisio\" class=\"wp-block-heading\"><span class=\"ez-toc-section\" id=\"11_Mosta_Naxxar_ja_Palazzo_Parisio\"><\/span>11. Mosta, Naxxar ja Palazzo Parisio<span class=\"ez-toc-section-end\"><\/span><\/h3>\n\n\n\n<p class=\"wp-block-paragraph\">Kun tutkit saaren keskiosaa Mostan kaupungin ymp\u00e4rill\u00e4, \u00e4l\u00e4 miss\u00e4\u00e4n tapauksessa ohita naapurikyl\u00e4\u00e4 Naxxaria, jossa sijaitsee aivan lumoava aatelislinna. Palazzo Parisio -palatsi on nimitt\u00e4in ansainnut turistien keskuudessa <strong>lempinimen Maltan pieni Versailles<\/strong>, ennen kaikkea rikkaasti koristellun sis\u00e4tilansa ja kauniin hoidetun puutarhansa ansiosta.<\/p>\n\n\n\n<figure data-wp-context=\"{&quot;imageId&quot;:&quot;6a9c579cba70b&quot;}\" data-wp-interactive=\"core\/image\" data-wp-key=\"6a9c579cba70b\" class=\"wp-block-image size-full wp-lightbox-container\"><img decoding=\"async\" width=\"1500\" height=\"1120\" data-wp-class--hide=\"state.isContentHidden\" data-wp-class--show=\"state.isContentVisible\" data-wp-init=\"callbacks.setButtonStyles\" data-wp-on--click=\"actions.showLightbox\" data-wp-on--load=\"callbacks.setButtonStyles\" data-wp-on--pointerdown=\"actions.preloadImage\" data-wp-on--pointerenter=\"actions.preloadImageWithDelay\" data-wp-on--pointerleave=\"actions.cancelPreload\" data-wp-on-window--resize=\"callbacks.setButtonStyles\" src=\"https:\/\/loudavymkrokem.cz\/wp-content\/uploads\/2026\/08\/dovolena-malta-t11.jpg\" alt=\"Palazzo Parision puutarha Naxxarissa\" class=\"wp-image-399698\" title=\"\" srcset=\"https:\/\/loudavymkrokem.cz\/wp-content\/uploads\/2026\/08\/dovolena-malta-t11.jpg 1500w, https:\/\/loudavymkrokem.cz\/wp-content\/uploads\/2026\/08\/dovolena-malta-t11-300x224.jpg 300w, https:\/\/loudavymkrokem.cz\/wp-content\/uploads\/2026\/08\/dovolena-malta-t11-700x523.jpg 700w, https:\/\/loudavymkrokem.cz\/wp-content\/uploads\/2026\/08\/dovolena-malta-t11-768x573.jpg 768w, https:\/\/loudavymkrokem.cz\/wp-content\/uploads\/2026\/08\/dovolena-malta-t11-80x60.jpg 80w, https:\/\/loudavymkrokem.cz\/wp-content\/uploads\/2026\/08\/dovolena-malta-t11-160x120.jpg 160w, https:\/\/loudavymkrokem.cz\/wp-content\/uploads\/2026\/08\/dovolena-malta-t11-696x520.jpg 696w, https:\/\/loudavymkrokem.cz\/wp-content\/uploads\/2026\/08\/dovolena-malta-t11-1392x1039.jpg 1392w\" sizes=\"(max-width: 1500px) 100vw, 1500px\" \/><button\n\t\t\tclass=\"lightbox-trigger\"\n\t\t\ttype=\"button\"\n\t\t\taria-haspopup=\"dialog\"\n\t\t\tdata-wp-bind--aria-label=\"state.thisImage.triggerButtonAriaLabel\"\n\t\t\tdata-wp-init=\"callbacks.initTriggerButton\"\n\t\t\tdata-wp-on--click=\"actions.showLightbox\"\n\t\t\tdata-wp-style--right=\"state.thisImage.buttonRight\"\n\t\t\tdata-wp-style--top=\"state.thisImage.buttonTop\"\n\t\t>\n\t\t\t<svg xmlns=\"http:\/\/www.w3.org\/2000\/svg\" width=\"12\" height=\"12\" fill=\"none\" viewBox=\"0 0 12 12\">\n\t\t\t\t<path fill=\"#fff\" d=\"M2 0a2 2 0 0 0-2 2v2h1.5V2a.5.5 0 0 1 .5-.5h2V0H2Zm2 10.5H2a.5.5 0 0 1-.5-.5V8H0v2a2 2 0 0 0 2 2h2v-1.5ZM8 12v-1.5h2a.5.5 0 0 0 .5-.5V8H12v2a2 2 0 0 1-2 2H8Zm2-12a2 2 0 0 1 2 2v2h-1.5V2a.5.5 0 0 0-.5-.5H8V0h2Z\" \/>\n\t\t\t<\/svg>\n\t\t<\/button><figcaption class=\"wp-element-caption\">Palazzo Parision puutarha Naxxarissa (Kuva: Continentaleurope \/ Wikimedia Commons, CC BY-SA 3.0)<\/figcaption><\/figure>\n\n\n\n<p class=\"wp-block-paragraph\">P\u00e4\u00e4symaksu maksetaan p\u00e4\u00e4portilla, ja kierros ilahduttaa kuulemma jokaista opulentin barokkiarkkitehtuurin yst\u00e4v\u00e4\u00e4. Palatsik\u00e4velyn j\u00e4lkeen voit lis\u00e4ksi ilahduttaa itse\u00e4si hieman ja <strong>pys\u00e4hty\u00e4 kahville tai teelle suoraan palatsin puutarhoihin<\/strong>, mik\u00e4 on arvostelujen mukaan uskomattoman romanttinen p\u00e4\u00e4t\u00f6s koko p\u00e4iv\u00e4lle.<\/p>\n\n\n\n<h3 id=\"12_Ta_Qali_a_remeslna_vesnice\" class=\"wp-block-heading\"><span class=\"ez-toc-section\" id=\"12_Ta_Qali_ja_kasityolaiskyla\"><\/span>12. Ta&#8217; Qali ja k\u00e4sity\u00f6l\u00e4iskyl\u00e4<span class=\"ez-toc-section-end\"><\/span><\/h3>\n\n\n\n<p class=\"wp-block-paragraph\">Entinen sotilaslentokentt\u00e4 muuttui ajan my\u00f6t\u00e4 laajaksi puistoksi, jonka p\u00e4\u00e4attraktio on hyvin suosittu k\u00e4sity\u00f6l\u00e4iskyl\u00e4, jonne matkustetaan ensisijaisesti paikallistuotteiden vuoksi. Jos haluat tuoda lomalta <strong>laadukkaita matkamuistoja, jotka eiv\u00e4t ole Kiinasta<\/strong>, t\u00e4\u00e4lt\u00e4 l\u00f6yd\u00e4t ty\u00f6pajoja t\u00e4ynn\u00e4 perinteist\u00e4 k\u00e4sin puhallettua lasia ja hienoa hopeafiligraania.<\/p>\n\n\n\n<figure data-wp-context=\"{&quot;imageId&quot;:&quot;6a9c579cbab2c&quot;}\" data-wp-interactive=\"core\/image\" data-wp-key=\"6a9c579cbab2c\" class=\"wp-block-image size-full wp-lightbox-container\"><img decoding=\"async\" width=\"1500\" height=\"1000\" data-wp-class--hide=\"state.isContentHidden\" data-wp-class--show=\"state.isContentVisible\" data-wp-init=\"callbacks.setButtonStyles\" data-wp-on--click=\"actions.showLightbox\" data-wp-on--load=\"callbacks.setButtonStyles\" data-wp-on--pointerdown=\"actions.preloadImage\" data-wp-on--pointerenter=\"actions.preloadImageWithDelay\" data-wp-on--pointerleave=\"actions.cancelPreload\" data-wp-on-window--resize=\"callbacks.setButtonStyles\" src=\"https:\/\/loudavymkrokem.cz\/wp-content\/uploads\/2026\/08\/dovolena-malta-t12.jpg\" alt=\"K\u00e4sintehty\u00e4 lasia Maltalla\" class=\"wp-image-399751\" title=\"\" srcset=\"https:\/\/loudavymkrokem.cz\/wp-content\/uploads\/2026\/08\/dovolena-malta-t12.jpg 1500w, https:\/\/loudavymkrokem.cz\/wp-content\/uploads\/2026\/08\/dovolena-malta-t12-300x200.jpg 300w, https:\/\/loudavymkrokem.cz\/wp-content\/uploads\/2026\/08\/dovolena-malta-t12-700x467.jpg 700w, https:\/\/loudavymkrokem.cz\/wp-content\/uploads\/2026\/08\/dovolena-malta-t12-768x512.jpg 768w, https:\/\/loudavymkrokem.cz\/wp-content\/uploads\/2026\/08\/dovolena-malta-t12-696x464.jpg 696w, https:\/\/loudavymkrokem.cz\/wp-content\/uploads\/2026\/08\/dovolena-malta-t12-1392x928.jpg 1392w\" sizes=\"(max-width: 1500px) 100vw, 1500px\" \/><button\n\t\t\tclass=\"lightbox-trigger\"\n\t\t\ttype=\"button\"\n\t\t\taria-haspopup=\"dialog\"\n\t\t\tdata-wp-bind--aria-label=\"state.thisImage.triggerButtonAriaLabel\"\n\t\t\tdata-wp-init=\"callbacks.initTriggerButton\"\n\t\t\tdata-wp-on--click=\"actions.showLightbox\"\n\t\t\tdata-wp-style--right=\"state.thisImage.buttonRight\"\n\t\t\tdata-wp-style--top=\"state.thisImage.buttonTop\"\n\t\t>\n\t\t\t<svg xmlns=\"http:\/\/www.w3.org\/2000\/svg\" width=\"12\" height=\"12\" fill=\"none\" viewBox=\"0 0 12 12\">\n\t\t\t\t<path fill=\"#fff\" d=\"M2 0a2 2 0 0 0-2 2v2h1.5V2a.5.5 0 0 1 .5-.5h2V0H2Zm2 10.5H2a.5.5 0 0 1-.5-.5V8H0v2a2 2 0 0 0 2 2h2v-1.5ZM8 12v-1.5h2a.5.5 0 0 0 .5-.5V8H12v2a2 2 0 0 1-2 2H8Zm2-12a2 2 0 0 1 2 2v2h-1.5V2a.5.5 0 0 0-.5-.5H8V0h2Z\" \/>\n\t\t\t<\/svg>\n\t\t<\/button><figcaption class=\"wp-element-caption\">K\u00e4sintehty\u00e4 lasia Maltalla (Kuva: Noport \/ Wikimedia Commons, CC BY-SA 4.0)<\/figcaption><\/figure>\n\n\n\n<p class=\"wp-block-paragraph\">Monissa ty\u00f6pajoissa voit lis\u00e4ksi katsoa lasimestareita suoraan sormien alle ja seurata, kuinka n\u00e4m\u00e4 hauraat tuotteet syntyv\u00e4t suoraan edess\u00e4si. Vierailu kannattaa parhaiten suunnitella aamup\u00e4iv\u00e4tunneille arkena, sill\u00e4 <strong>viikonloppuisin suurin osa manufaktuureista on valitettavasti kiinni<\/strong>, mist\u00e4 moni tiet\u00e4m\u00e4t\u00f6n turisti joskus tahtomattaan joutuu maksamaan.<\/p>\n\n\n\n<h3 id=\"13_Marsaxlokk_rybarska_vesnice_s_barevnymi_lodkami\" class=\"wp-block-heading\"><span class=\"ez-toc-section\" id=\"13_Marsaxlokk_kalastajakyla_varikkaine_veneineen\"><\/span>13. Marsaxlokk: kalastajakyl\u00e4 v\u00e4rikk\u00e4ine veneineen<span class=\"ez-toc-section-end\"><\/span><\/h3>\n\n\n\n<p class=\"wp-block-paragraph\">T\u00e4m\u00e4 \u00e4\u00e4rimm\u00e4isen valokuvauksellinen kalastajakyl\u00e4 saaren etel\u00e4rannikolla houkuttelee ennen kaikkea lahdella, joka on t\u00e4ynn\u00e4 perinteisi\u00e4 v\u00e4rikk\u00e4it\u00e4 veneit\u00e4 nimelt\u00e4 luzzu. Niiden keulasta l\u00f6yd\u00e4t aina <strong>maalatun taianomaisen Osiriksen silm\u00e4n<\/strong>, jonka on tarkoitus suojella kalastajia meren vaaroilta ja joka muodostaa ehk\u00e4 kaikkein tyypillisimm\u00e4n maltalaisen kuvan.<\/p>\n\n\n\n<figure data-wp-context=\"{&quot;imageId&quot;:&quot;6a9c579cbaf85&quot;}\" data-wp-interactive=\"core\/image\" data-wp-key=\"6a9c579cbaf85\" class=\"wp-block-image size-full wp-lightbox-container\"><img decoding=\"async\" width=\"1500\" height=\"1000\" data-wp-class--hide=\"state.isContentHidden\" data-wp-class--show=\"state.isContentVisible\" data-wp-init=\"callbacks.setButtonStyles\" data-wp-on--click=\"actions.showLightbox\" data-wp-on--load=\"callbacks.setButtonStyles\" data-wp-on--pointerdown=\"actions.preloadImage\" data-wp-on--pointerenter=\"actions.preloadImageWithDelay\" data-wp-on--pointerleave=\"actions.cancelPreload\" data-wp-on-window--resize=\"callbacks.setButtonStyles\" src=\"https:\/\/loudavymkrokem.cz\/wp-content\/uploads\/2026\/08\/dovolena-malta-t13.jpg\" alt=\"V\u00e4rikk\u00e4\u00e4t luzzu-veneet Marsaxlokkissa\" class=\"wp-image-399704\" title=\"\" srcset=\"https:\/\/loudavymkrokem.cz\/wp-content\/uploads\/2026\/08\/dovolena-malta-t13.jpg 1500w, https:\/\/loudavymkrokem.cz\/wp-content\/uploads\/2026\/08\/dovolena-malta-t13-300x200.jpg 300w, https:\/\/loudavymkrokem.cz\/wp-content\/uploads\/2026\/08\/dovolena-malta-t13-700x467.jpg 700w, https:\/\/loudavymkrokem.cz\/wp-content\/uploads\/2026\/08\/dovolena-malta-t13-768x512.jpg 768w, https:\/\/loudavymkrokem.cz\/wp-content\/uploads\/2026\/08\/dovolena-malta-t13-696x464.jpg 696w, https:\/\/loudavymkrokem.cz\/wp-content\/uploads\/2026\/08\/dovolena-malta-t13-1392x928.jpg 1392w\" sizes=\"(max-width: 1500px) 100vw, 1500px\" \/><button\n\t\t\tclass=\"lightbox-trigger\"\n\t\t\ttype=\"button\"\n\t\t\taria-haspopup=\"dialog\"\n\t\t\tdata-wp-bind--aria-label=\"state.thisImage.triggerButtonAriaLabel\"\n\t\t\tdata-wp-init=\"callbacks.initTriggerButton\"\n\t\t\tdata-wp-on--click=\"actions.showLightbox\"\n\t\t\tdata-wp-style--right=\"state.thisImage.buttonRight\"\n\t\t\tdata-wp-style--top=\"state.thisImage.buttonTop\"\n\t\t>\n\t\t\t<svg xmlns=\"http:\/\/www.w3.org\/2000\/svg\" width=\"12\" height=\"12\" fill=\"none\" viewBox=\"0 0 12 12\">\n\t\t\t\t<path fill=\"#fff\" d=\"M2 0a2 2 0 0 0-2 2v2h1.5V2a.5.5 0 0 1 .5-.5h2V0H2Zm2 10.5H2a.5.5 0 0 1-.5-.5V8H0v2a2 2 0 0 0 2 2h2v-1.5ZM8 12v-1.5h2a.5.5 0 0 0 .5-.5V8H12v2a2 2 0 0 1-2 2H8Zm2-12a2 2 0 0 1 2 2v2h-1.5V2a.5.5 0 0 0-.5-.5H8V0h2Z\" \/>\n\t\t\t<\/svg>\n\t\t<\/button><figcaption class=\"wp-element-caption\">V\u00e4rikk\u00e4\u00e4t luzzu-veneet Marsaxlokkissa (Kuva: Vlad beu \/ Wikimedia Commons, Public domain)<\/figcaption><\/figure>\n\n\n\n<p class=\"wp-block-paragraph\">Turistit saapuvat t\u00e4nne useimmiten valtavaan sunnuntaitorille, mutta minun t\u00e4ytyy rehellisesti varoittaa, ett\u00e4 kyse on p\u00e4\u00e4osin kalatorista, joten meille kasvissy\u00f6jille se on pikemminkin kulttuurin\u00e4ht\u00e4vyys kuin houkutteleva gastronominen pys\u00e4hdys \u263a\ufe0f. Varaudu my\u00f6s siihen, ett\u00e4 <strong>sunnuntaiaamup\u00e4ivin\u00e4 bussit ovat aivan t\u00e4ynn\u00e4<\/strong>, ja siksi on yksinkertaisesti parempi l\u00e4hte\u00e4 mahdollisimman aikaisin aamulla.<\/p>\n\n\n\n<h3 id=\"14_Modra_jeskyne_Blue_Grotto\" class=\"wp-block-heading\"><span class=\"ez-toc-section\" id=\"14_Sininen_luola_Blue_Grotto\"><\/span>14. Sininen luola (Blue Grotto)<span class=\"ez-toc-section-end\"><\/span><\/h3>\n\n\n\n<p class=\"wp-block-paragraph\">Blue Grotton nimell\u00e4 tunnettu luonnonihme muodostuu massiivisesta kalliokaaresta ja sarjasta toisiinsa kytkeytyneit\u00e4 meriluolia, joissa vesi hehkuu kaikissa turkoosin s\u00e4vyiss\u00e4. Auringons\u00e4teet heijastuvat t\u00e4\u00e4ll\u00e4 valkoisesta hiekkapohjasta, ja <strong>arvostelujen mukaan se on aivan fantastinen n\u00e4ytelm\u00e4<\/strong>, jonka v\u00e4liin j\u00e4tt\u00e4minen olisi todella suuri synti.<\/p>\n\n\n\n<figure data-wp-context=\"{&quot;imageId&quot;:&quot;6a9c579cbb41c&quot;}\" data-wp-interactive=\"core\/image\" data-wp-key=\"6a9c579cbb41c\" class=\"wp-block-image size-full wp-lightbox-container\"><img decoding=\"async\" width=\"1500\" height=\"1000\" data-wp-class--hide=\"state.isContentHidden\" data-wp-class--show=\"state.isContentVisible\" data-wp-init=\"callbacks.setButtonStyles\" data-wp-on--click=\"actions.showLightbox\" data-wp-on--load=\"callbacks.setButtonStyles\" data-wp-on--pointerdown=\"actions.preloadImage\" data-wp-on--pointerenter=\"actions.preloadImageWithDelay\" data-wp-on--pointerleave=\"actions.cancelPreload\" data-wp-on-window--resize=\"callbacks.setButtonStyles\" src=\"https:\/\/loudavymkrokem.cz\/wp-content\/uploads\/2026\/08\/dovolena-malta-t14.jpg\" alt=\"Sininen luola Maltan etel\u00e4rannikolla\" class=\"wp-image-399708\" title=\"\" srcset=\"https:\/\/loudavymkrokem.cz\/wp-content\/uploads\/2026\/08\/dovolena-malta-t14.jpg 1500w, https:\/\/loudavymkrokem.cz\/wp-content\/uploads\/2026\/08\/dovolena-malta-t14-300x200.jpg 300w, https:\/\/loudavymkrokem.cz\/wp-content\/uploads\/2026\/08\/dovolena-malta-t14-700x467.jpg 700w, https:\/\/loudavymkrokem.cz\/wp-content\/uploads\/2026\/08\/dovolena-malta-t14-768x512.jpg 768w, https:\/\/loudavymkrokem.cz\/wp-content\/uploads\/2026\/08\/dovolena-malta-t14-696x464.jpg 696w, https:\/\/loudavymkrokem.cz\/wp-content\/uploads\/2026\/08\/dovolena-malta-t14-1392x928.jpg 1392w\" sizes=\"(max-width: 1500px) 100vw, 1500px\" \/><button\n\t\t\tclass=\"lightbox-trigger\"\n\t\t\ttype=\"button\"\n\t\t\taria-haspopup=\"dialog\"\n\t\t\tdata-wp-bind--aria-label=\"state.thisImage.triggerButtonAriaLabel\"\n\t\t\tdata-wp-init=\"callbacks.initTriggerButton\"\n\t\t\tdata-wp-on--click=\"actions.showLightbox\"\n\t\t\tdata-wp-style--right=\"state.thisImage.buttonRight\"\n\t\t\tdata-wp-style--top=\"state.thisImage.buttonTop\"\n\t\t>\n\t\t\t<svg xmlns=\"http:\/\/www.w3.org\/2000\/svg\" width=\"12\" height=\"12\" fill=\"none\" viewBox=\"0 0 12 12\">\n\t\t\t\t<path fill=\"#fff\" d=\"M2 0a2 2 0 0 0-2 2v2h1.5V2a.5.5 0 0 1 .5-.5h2V0H2Zm2 10.5H2a.5.5 0 0 1-.5-.5V8H0v2a2 2 0 0 0 2 2h2v-1.5ZM8 12v-1.5h2a.5.5 0 0 0 .5-.5V8H12v2a2 2 0 0 1-2 2H8Zm2-12a2 2 0 0 1 2 2v2h-1.5V2a.5.5 0 0 0-.5-.5H8V0h2Z\" \/>\n\t\t\t<\/svg>\n\t\t<\/button><figcaption class=\"wp-element-caption\">Sininen luola Maltan etel\u00e4rannikolla (Kuva: Frank Vincentz \/ Wikimedia Commons, CC BY-SA 3.0)<\/figcaption><\/figure>\n\n\n\n<p class=\"wp-block-paragraph\">Veneet l\u00e4htev\u00e4t l\u00e4heisest\u00e4 Wied i\u017c-\u017burrieqin kyl\u00e4st\u00e4, itse veneretki kest\u00e4\u00e4 noin kaksikymment\u00e4\u2013kolmekymment\u00e4 minuuttia, ja parhaiden valo-olosuhteiden vuoksi on suositeltavaa saapua heti aamup\u00e4iv\u00e4ll\u00e4. Muista kuitenkin, ett\u00e4 <strong>kovassa aallokossa ei luonnollisesti l\u00e4hdet\u00e4 merelle<\/strong>, joten jos rannikolla tuulee kovasti, s\u00e4\u00e4st\u00e4 t\u00e4m\u00e4 retki huomattavasti rauhallisemmalle p\u00e4iv\u00e4lle.<\/p>\n\n\n\n<h3 id=\"15_agar_Qim_a_Mnajdra_chramy_starsi_nez_pyramidy\" class=\"wp-block-heading\"><span class=\"ez-toc-section\" id=\"15_Hagar_Qim_ja_Mnajdra_pyramideja_vanhemmat_temppelit\"><\/span>15. \u0126a\u0121ar Qim ja Mnajdra: pyramideja vanhemmat temppelit<span class=\"ez-toc-section-end\"><\/span><\/h3>\n\n\n\n<p class=\"wp-block-paragraph\">Malta voi ylpeill\u00e4 rakennuksilla, jotka ovat jopa vanhempia kuin Egyptin pyramidit, ja n\u00e4m\u00e4 kaksi fantastista megaliittista temppeli\u00e4 ovat per\u00e4isin noin vuosilta 3600\u20133200 eaa. Molemmat esihistorialliset kompleksit sijaitsevat l\u00e4hell\u00e4 kallioita meren yll\u00e4, ne on listattu UNESCON listalle ja niist\u00e4 huokuu <strong>valtava historiallinen mystiikka<\/strong>, jota matkailijat suuresti kehuvat.<\/p>\n\n\n\n<figure data-wp-context=\"{&quot;imageId&quot;:&quot;6a9c579cbb87b&quot;}\" data-wp-interactive=\"core\/image\" data-wp-key=\"6a9c579cbb87b\" class=\"wp-block-image size-full wp-lightbox-container\"><img decoding=\"async\" width=\"1500\" height=\"1000\" data-wp-class--hide=\"state.isContentHidden\" data-wp-class--show=\"state.isContentVisible\" data-wp-init=\"callbacks.setButtonStyles\" data-wp-on--click=\"actions.showLightbox\" data-wp-on--load=\"callbacks.setButtonStyles\" data-wp-on--pointerdown=\"actions.preloadImage\" data-wp-on--pointerenter=\"actions.preloadImageWithDelay\" data-wp-on--pointerleave=\"actions.cancelPreload\" data-wp-on-window--resize=\"callbacks.setButtonStyles\" src=\"https:\/\/loudavymkrokem.cz\/wp-content\/uploads\/2026\/08\/dovolena-malta-t15.jpg\" alt=\"Megaliittinen temppeli \u0126a\u0121ar Qim\" class=\"wp-image-399714\" title=\"\" srcset=\"https:\/\/loudavymkrokem.cz\/wp-content\/uploads\/2026\/08\/dovolena-malta-t15.jpg 1500w, https:\/\/loudavymkrokem.cz\/wp-content\/uploads\/2026\/08\/dovolena-malta-t15-300x200.jpg 300w, https:\/\/loudavymkrokem.cz\/wp-content\/uploads\/2026\/08\/dovolena-malta-t15-700x467.jpg 700w, https:\/\/loudavymkrokem.cz\/wp-content\/uploads\/2026\/08\/dovolena-malta-t15-768x512.jpg 768w, https:\/\/loudavymkrokem.cz\/wp-content\/uploads\/2026\/08\/dovolena-malta-t15-696x464.jpg 696w, https:\/\/loudavymkrokem.cz\/wp-content\/uploads\/2026\/08\/dovolena-malta-t15-1392x928.jpg 1392w\" sizes=\"(max-width: 1500px) 100vw, 1500px\" \/><button\n\t\t\tclass=\"lightbox-trigger\"\n\t\t\ttype=\"button\"\n\t\t\taria-haspopup=\"dialog\"\n\t\t\tdata-wp-bind--aria-label=\"state.thisImage.triggerButtonAriaLabel\"\n\t\t\tdata-wp-init=\"callbacks.initTriggerButton\"\n\t\t\tdata-wp-on--click=\"actions.showLightbox\"\n\t\t\tdata-wp-style--right=\"state.thisImage.buttonRight\"\n\t\t\tdata-wp-style--top=\"state.thisImage.buttonTop\"\n\t\t>\n\t\t\t<svg xmlns=\"http:\/\/www.w3.org\/2000\/svg\" width=\"12\" height=\"12\" fill=\"none\" viewBox=\"0 0 12 12\">\n\t\t\t\t<path fill=\"#fff\" d=\"M2 0a2 2 0 0 0-2 2v2h1.5V2a.5.5 0 0 1 .5-.5h2V0H2Zm2 10.5H2a.5.5 0 0 1-.5-.5V8H0v2a2 2 0 0 0 2 2h2v-1.5ZM8 12v-1.5h2a.5.5 0 0 0 .5-.5V8H12v2a2 2 0 0 1-2 2H8Zm2-12a2 2 0 0 1 2 2v2h-1.5V2a.5.5 0 0 0-.5-.5H8V0h2Z\" \/>\n\t\t\t<\/svg>\n\t\t<\/button><figcaption class=\"wp-element-caption\">Megaliittinen temppeli \u0126a\u0121ar Qim (Kuva: Diego Delso \/ Wikimedia Commons, CC BY-SA 4.0)<\/figcaption><\/figure>\n\n\n\n<p class=\"wp-block-paragraph\">Jotta arvokkaat kivet eiv\u00e4t kuluisi edelleen, molemmat temppelit on nokkelasti katettu valtavilla suojaavilla teltoilla, mink\u00e4 lis\u00e4etu on se, ett\u00e4 kes\u00e4ll\u00e4 ne tarjoavat armollista varjoa. Kes\u00e4n korkeiden l\u00e4mp\u00f6tilojen vuoksi <strong>muista silti ottaa mukaan riitt\u00e4v\u00e4sti juomavett\u00e4<\/strong>, sill\u00e4 alue on melko laaja ja kierros vie hetken.<\/p>\n\n\n\n<h3 id=\"16_St_Peter_s_Pool_prirodni_bazen_ve_skale\" class=\"wp-block-heading\"><span class=\"ez-toc-section\" id=\"16_St_Peters_Pool_luonnonallas_kalliossa\"><\/span>16. St Peter&#8217;s Pool: luonnonallas kalliossa<span class=\"ez-toc-section-end\"><\/span><\/h3>\n\n\n\n<p class=\"wp-block-paragraph\">Lyhyen matkan p\u00e4\u00e4ss\u00e4 Marsaxlokkin kyl\u00e4st\u00e4 sijaitsee yksi suosituimmista luonnonaltaista, jonka merivesi on vuosituhansien aikana veist\u00e4nyt suoraan sileisiin kalkkikiviin. Vesi on t\u00e4\u00e4ll\u00e4 ihanan kirkasta ja syv\u00e4\u00e4, mink\u00e4 ansiosta paikka houkuttelee ennen kaikkea nuorempia ja kaikkia, jotka <strong>rakastavat n\u00e4ytt\u00e4vi\u00e4 veteenhyppyj\u00e4<\/strong> eri korkuisilta kallionreunoilta.<\/p>\n\n\n\n<figure data-wp-context=\"{&quot;imageId&quot;:&quot;6a9c579cbbd46&quot;}\" data-wp-interactive=\"core\/image\" data-wp-key=\"6a9c579cbbd46\" class=\"wp-block-image size-full wp-lightbox-container\"><img decoding=\"async\" width=\"1500\" height=\"1000\" data-wp-class--hide=\"state.isContentHidden\" data-wp-class--show=\"state.isContentVisible\" data-wp-init=\"callbacks.setButtonStyles\" data-wp-on--click=\"actions.showLightbox\" data-wp-on--load=\"callbacks.setButtonStyles\" data-wp-on--pointerdown=\"actions.preloadImage\" data-wp-on--pointerenter=\"actions.preloadImageWithDelay\" data-wp-on--pointerleave=\"actions.cancelPreload\" data-wp-on-window--resize=\"callbacks.setButtonStyles\" src=\"https:\/\/loudavymkrokem.cz\/wp-content\/uploads\/2026\/08\/dovolena-malta-t16.jpg\" alt=\"Luonnonallas St Peter&#039;s Pool\" class=\"wp-image-399754\" title=\"\" srcset=\"https:\/\/loudavymkrokem.cz\/wp-content\/uploads\/2026\/08\/dovolena-malta-t16.jpg 1500w, https:\/\/loudavymkrokem.cz\/wp-content\/uploads\/2026\/08\/dovolena-malta-t16-300x200.jpg 300w, https:\/\/loudavymkrokem.cz\/wp-content\/uploads\/2026\/08\/dovolena-malta-t16-700x467.jpg 700w, https:\/\/loudavymkrokem.cz\/wp-content\/uploads\/2026\/08\/dovolena-malta-t16-768x512.jpg 768w, https:\/\/loudavymkrokem.cz\/wp-content\/uploads\/2026\/08\/dovolena-malta-t16-696x464.jpg 696w, https:\/\/loudavymkrokem.cz\/wp-content\/uploads\/2026\/08\/dovolena-malta-t16-1392x928.jpg 1392w\" sizes=\"(max-width: 1500px) 100vw, 1500px\" \/><button\n\t\t\tclass=\"lightbox-trigger\"\n\t\t\ttype=\"button\"\n\t\t\taria-haspopup=\"dialog\"\n\t\t\tdata-wp-bind--aria-label=\"state.thisImage.triggerButtonAriaLabel\"\n\t\t\tdata-wp-init=\"callbacks.initTriggerButton\"\n\t\t\tdata-wp-on--click=\"actions.showLightbox\"\n\t\t\tdata-wp-style--right=\"state.thisImage.buttonRight\"\n\t\t\tdata-wp-style--top=\"state.thisImage.buttonTop\"\n\t\t>\n\t\t\t<svg xmlns=\"http:\/\/www.w3.org\/2000\/svg\" width=\"12\" height=\"12\" fill=\"none\" viewBox=\"0 0 12 12\">\n\t\t\t\t<path fill=\"#fff\" d=\"M2 0a2 2 0 0 0-2 2v2h1.5V2a.5.5 0 0 1 .5-.5h2V0H2Zm2 10.5H2a.5.5 0 0 1-.5-.5V8H0v2a2 2 0 0 0 2 2h2v-1.5ZM8 12v-1.5h2a.5.5 0 0 0 .5-.5V8H12v2a2 2 0 0 1-2 2H8Zm2-12a2 2 0 0 1 2 2v2h-1.5V2a.5.5 0 0 0-.5-.5H8V0h2Z\" \/>\n\t\t\t<\/svg>\n\t\t<\/button><figcaption class=\"wp-element-caption\">Luonnonallas St Peter&#8217;s Pool (Kuva: Diego Delso \/ Wikimedia Commons, CC BY-SA 4.0)<\/figcaption><\/figure>\n\n\n\n<p class=\"wp-block-paragraph\">T\u00e4m\u00e4n luonnonuimalan \u00e4\u00e4rell\u00e4 ei ole lainkaan turistipalveluita, kioskeja eik\u00e4 aurinkovarjoja, joten sinun t\u00e4ytyy tuoda kaikki mukanasi. Ota ehdottomasti mukaan tukevat keng\u00e4t tai vesikeng\u00e4t, sill\u00e4 <strong>kalliot ovat liukkaita ja ter\u00e4vi\u00e4<\/strong>, ja jos etsit rauhaa, saavu mieluummin aikaisin aamulla, ennen kuin kalkkikivikalliot t\u00e4yttyv\u00e4t pyyhkeist\u00e4.<\/p>\n\n\n\n<h3 id=\"17_Hypogeum_v_al_Saflieni\" class=\"wp-block-heading\"><span class=\"ez-toc-section\" id=\"17_Hal_Saflienin_hypogeum\"><\/span>17. \u0126al Saflienin hypogeum<span class=\"ez-toc-section-end\"><\/span><\/h3>\n\n\n\n<p class=\"wp-block-paragraph\">T\u00e4m\u00e4 kolmikerroksinen maanalainen pyh\u00e4kk\u00f6, joka on veistetty syv\u00e4lle kallioon, on t\u00e4ydellinen maailmanlaajuinen harvinaisuus, ja se on kuulemma Maltan salaper\u00e4isin n\u00e4ht\u00e4vyys. Sen l\u00f6ysiv\u00e4t aivan sattumalta ty\u00f6miehet kaivaessaan perustuksia uusille taloille, ja t\u00e4n\u00e4 p\u00e4iv\u00e4n\u00e4 se on paikka, joka <strong>h\u00e4mm\u00e4stytt\u00e4\u00e4 monimutkaisella arkkitehtuurillaan<\/strong> ja aivan t\u00e4ydellisell\u00e4 akustiikallaan syviss\u00e4 kammioissa.<\/p>\n\n\n\n<figure data-wp-context=\"{&quot;imageId&quot;:&quot;6a9c579cbc1a0&quot;}\" data-wp-interactive=\"core\/image\" data-wp-key=\"6a9c579cbc1a0\" class=\"wp-block-image size-full wp-lightbox-container\"><img decoding=\"async\" width=\"1500\" height=\"1125\" data-wp-class--hide=\"state.isContentHidden\" data-wp-class--show=\"state.isContentVisible\" data-wp-init=\"callbacks.setButtonStyles\" data-wp-on--click=\"actions.showLightbox\" data-wp-on--load=\"callbacks.setButtonStyles\" data-wp-on--pointerdown=\"actions.preloadImage\" data-wp-on--pointerenter=\"actions.preloadImageWithDelay\" data-wp-on--pointerleave=\"actions.cancelPreload\" data-wp-on-window--resize=\"callbacks.setButtonStyles\" src=\"https:\/\/loudavymkrokem.cz\/wp-content\/uploads\/2026\/08\/dovolena-malta-t17.jpg\" alt=\"Esihistorialliset temppelit Tarxienissa\" class=\"wp-image-399716\" title=\"\" srcset=\"https:\/\/loudavymkrokem.cz\/wp-content\/uploads\/2026\/08\/dovolena-malta-t17.jpg 1500w, https:\/\/loudavymkrokem.cz\/wp-content\/uploads\/2026\/08\/dovolena-malta-t17-300x225.jpg 300w, https:\/\/loudavymkrokem.cz\/wp-content\/uploads\/2026\/08\/dovolena-malta-t17-700x525.jpg 700w, https:\/\/loudavymkrokem.cz\/wp-content\/uploads\/2026\/08\/dovolena-malta-t17-768x576.jpg 768w, https:\/\/loudavymkrokem.cz\/wp-content\/uploads\/2026\/08\/dovolena-malta-t17-80x60.jpg 80w, https:\/\/loudavymkrokem.cz\/wp-content\/uploads\/2026\/08\/dovolena-malta-t17-160x120.jpg 160w, https:\/\/loudavymkrokem.cz\/wp-content\/uploads\/2026\/08\/dovolena-malta-t17-696x522.jpg 696w, https:\/\/loudavymkrokem.cz\/wp-content\/uploads\/2026\/08\/dovolena-malta-t17-1392x1044.jpg 1392w\" sizes=\"(max-width: 1500px) 100vw, 1500px\" \/><button\n\t\t\tclass=\"lightbox-trigger\"\n\t\t\ttype=\"button\"\n\t\t\taria-haspopup=\"dialog\"\n\t\t\tdata-wp-bind--aria-label=\"state.thisImage.triggerButtonAriaLabel\"\n\t\t\tdata-wp-init=\"callbacks.initTriggerButton\"\n\t\t\tdata-wp-on--click=\"actions.showLightbox\"\n\t\t\tdata-wp-style--right=\"state.thisImage.buttonRight\"\n\t\t\tdata-wp-style--top=\"state.thisImage.buttonTop\"\n\t\t>\n\t\t\t<svg xmlns=\"http:\/\/www.w3.org\/2000\/svg\" width=\"12\" height=\"12\" fill=\"none\" viewBox=\"0 0 12 12\">\n\t\t\t\t<path fill=\"#fff\" d=\"M2 0a2 2 0 0 0-2 2v2h1.5V2a.5.5 0 0 1 .5-.5h2V0H2Zm2 10.5H2a.5.5 0 0 1-.5-.5V8H0v2a2 2 0 0 0 2 2h2v-1.5ZM8 12v-1.5h2a.5.5 0 0 0 .5-.5V8H12v2a2 2 0 0 1-2 2H8Zm2-12a2 2 0 0 1 2 2v2h-1.5V2a.5.5 0 0 0-.5-.5H8V0h2Z\" \/>\n\t\t\t<\/svg>\n\t\t<\/button><figcaption class=\"wp-element-caption\">Esihistorialliset temppelit Tarxienissa (Kuva: Kaybeesquared \/ Wikimedia Commons, CC BY-SA 4.0)<\/figcaption><\/figure>\n\n\n\n<p class=\"wp-block-paragraph\">Ainutlaatuisen mikroilmaston suojelemiseksi sis\u00e4\u00e4n p\u00e4\u00e4see vain pieniss\u00e4 ryhmiss\u00e4, ja p\u00e4\u00e4symaksu perit\u00e4\u00e4n luonnollisesti henkil\u00f6\u00e4 kohden. Jos haluat n\u00e4hd\u00e4 t\u00e4m\u00e4n paikan omin silmin, sinun t\u00e4ytyy <strong>varata liput verkosta jopa useita kuukausia etuk\u00e4teen<\/strong>, sill\u00e4 ne myyd\u00e4\u00e4n loppuun uskomattoman nopeasti, eik\u00e4 paikan p\u00e4\u00e4ll\u00e4 ole en\u00e4\u00e4 mahdollista saada niit\u00e4.<\/p>\n\n\n\n<!-- LKM_GYG_CARD start q=\"malta\" lang=\"fi\" rendered=\"2026-09-05T15:41:44+00:00\" v=\"1\" -->\n<style id=\"lk-gyg-styles\">\n@import url(\"https:\/\/fonts.googleapis.com\/css2?family=Playfair+Display:wght@700&family=DM+Sans:wght@300;400;500;600&display=swap\");\n\/* === LK GYG karty \u2014 CRO redesign 2026-05 (namespace .lkx-) ===\n   C\u00edl: vy\u0161\u0161\u00ed CTR (hero + v\u00fdrazn\u00fd social proof + ak\u010dn\u00ed CTA, m\u00e9n\u011b \"reklamn\u00ed\").\n   Injektuje se inline do prvn\u00edho markeru postu (refresh_cards.py --inline-css). *\/\n.lkx-module, .lkx-module *{box-sizing:border-box;margin:0;padding:0}\n.lkx-module{\n  font-family:'DM Sans',-apple-system,Segoe UI,Roboto,Georgia,sans-serif;\n  max-width:860px;margin:2.5rem auto;color:#1f2328;\n}\n\n\/* HEADER \u2014 lehk\u00fd editorsk\u00fd, \u017e\u00e1dn\u00fd bannerov\u00fd blok; nadpis + popisek pod n\u00edm *\/\n.lkx-head{margin-bottom:16px}\n.lkx-head-main{display:flex;align-items:center;gap:10px}\n.lkx-head-accent{width:26px;height:3px;border-radius:2px;background:#c39f76;flex-shrink:0}\n.lkx-head-title{font-family:'Playfair Display',Georgia,serif;font-size:21px;font-weight:700;color:#1a1a1a;line-height:1.25}\n.lkx-head-meta{display:block;font-size:11px;letter-spacing:.3px;color:#9aa0a6;margin-top:4px;margin-left:36px}\n\n\/* HERO *\/\n.lkx-hero{display:grid;grid-template-columns:300px 1fr;background:#fff;border:1px solid #ece7df;border-radius:14px;overflow:hidden;text-decoration:none!important;color:inherit;box-shadow:0 6px 20px rgba(0,0,0,.06);transition:box-shadow .2s,transform .2s;margin-bottom:14px}\n.lkx-hero:hover{box-shadow:0 12px 30px rgba(0,0,0,.12);transform:translateY(-2px)}\n.lkx-hero-img{position:relative;min-height:230px;background-size:cover;background-position:center;background-color:#eee}\n.lkx-hero-body{padding:22px 24px;display:flex;flex-direction:column}\n.lkx-pick{position:absolute;top:12px;left:12px;background:#1a1a1a;color:#fff;font-size:11px;font-weight:700;letter-spacing:.5px;padding:5px 11px;border-radius:20px}\n\n\/* TITLE *\/\n.lkx-title{font-size:19px;font-weight:700;color:#161616;line-height:1.3}\n.lkx-title-sm{font-size:14.5px;line-height:1.35;display:-webkit-box;-webkit-line-clamp:2;-webkit-box-orient:vertical;overflow:hidden}\n\n\/* SOCIAL PROOF \u2014 v\u00fdrazn\u011b, naho\u0159e *\/\n.lkx-proof{display:flex;align-items:center;gap:7px;margin-top:12px;font-size:15px;color:#3a3a3a}\n.lkx-proof b{font-size:16px;color:#161616}\n.lkx-stars{color:#f5a623;letter-spacing:1px}\n.lkx-proof-sm{font-size:12.5px;margin-top:8px;gap:5px}\n.lkx-proof-sm b{font-size:13px}\n.lkx-proof-new{color:#3685fc;font-weight:600}\n\n\/* PRICE \u2014 n\u00edzk\u00e1 kotva *\/\n.lkx-price{font-size:14px;color:#6b7280}\n.lkx-price b{font-size:20px;color:#161616;font-weight:700}\n.lkx-price-sm b{font-size:15px}\n\n\/* CTA \u2014 tepl\u00e9 ak\u010dn\u00ed tla\u010d\u00edtko *\/\n.lkx-cta{display:inline-flex;align-items:center;justify-content:center;text-decoration:none!important;font-weight:700;color:#fff!important;background:linear-gradient(135deg,#f6743f,#e8552a);border-radius:10px;box-shadow:0 6px 16px rgba(232,85,42,.32);transition:box-shadow .2s}\n.lkx-cta-hero{font-size:15px;padding:13px 22px}\n.lkx-hero:hover .lkx-cta-hero{box-shadow:0 8px 22px rgba(232,85,42,.45)}\n.lkx-cta-sm{font-size:12.5px;padding:9px 14px;width:100%;margin-top:2px}\n.lkx-hero-bottom{margin-top:auto;padding-top:18px;display:flex;align-items:center;justify-content:space-between;gap:14px;flex-wrap:wrap}\n\n\/* BADGE \u2014 jeden v\u00fdrazn\u00fd na fotce *\/\n.lkx-badge{position:absolute;top:12px;right:12px;font-size:10.5px;font-weight:700;letter-spacing:.3px;padding:5px 10px;border-radius:16px;color:#fff}\n.lkx-badge.badge-urgency{background:rgba(214,40,40,.92)}\n.lkx-badge.badge-new{background:rgba(54,133,252,.92)}\n.lkx-badge.badge-top{background:rgba(195,159,118,.95)}\n.lkx-badge.badge-info{background:rgba(40,40,40,.78)}\n\n\/* SECONDARY GRID *\/\n.lkx-grid{display:grid;grid-template-columns:1fr 1fr;gap:14px}\n.lkx-card{background:#fff;border:1px solid #ece7df;border-radius:14px;overflow:hidden;text-decoration:none!important;color:inherit;box-shadow:0 4px 14px rgba(0,0,0,.05);display:flex;flex-direction:column;transition:box-shadow .2s,transform .2s}\n.lkx-card:hover{box-shadow:0 10px 24px rgba(0,0,0,.1);transform:translateY(-2px)}\n.lkx-card-img{position:relative;aspect-ratio:16\/10;background-size:cover;background-position:center;background-color:#eee}\n.lkx-card-body{padding:14px 16px 16px;display:flex;flex-direction:column;gap:7px;flex:1}\n.lkx-card-bottom{margin-top:auto;padding-top:10px;display:flex;align-items:center;justify-content:space-between;gap:8px}\n\n\/* DISCLOSURE \u2014 drobn\u00e1, kv\u016fli d\u016fv\u011b\u0159e\/z\u00e1konu *\/\n.lkx-disclosure{font-size:11px;color:#a7adb3;text-align:center;margin-top:14px;line-height:1.6}\n.lkx-disclosure a{color:#c39f76;text-decoration:none}\n\n@media(max-width:680px){\n  .lkx-hero{grid-template-columns:1fr}\n  .lkx-hero-img{min-height:180px}\n  .lkx-grid{grid-template-columns:1fr}\n  .lkx-head-meta{margin-left:0;width:100%}\n  .lkx-head-title{font-size:19px}\n}\n\n<\/style>\n<div class=\"lkx-module\" data-query=\"malta\">\n  <div class=\"lkx-head\">\n    <div class=\"lkx-head-main\">\n      <span class=\"lkx-head-accent\"><\/span>\n      <span class=\"lkx-head-title\">El\u00e4mykset ja liput<\/span>\n    <\/div>\n    <span class=\"lkx-head-meta\">matkailijoiden arvioima \u00b7 GetYourGuide<\/span>\n  <\/div><a class=\"lkx-hero\" href=\"https:\/\/www.getyourguide.com\/fi-fi\/marsa-l174834\/maltalta-taormina-paivaretki-oppaan-kanssa-t596897\/?partner_id=MKZ64IS&amp;utm_medium=online_publisher&amp;cmp=loma-maltalla-vinkit\" target=\"_blank\" rel=\"sponsored noopener nofollow\">\n    <div class=\"lkx-hero-img\" style=\"background-image:url('https:\/\/cdn.getyourguide.com\/img\/tour\/591802cee2ca609f99e67b0f0273a69429f19de7105ac3095f906637b2a688d9.jpg\/132.jpg')\" role=\"img\" aria-label=\"Malta: Etena ja Taormina Opastettu p\u00e4iv\u00e4retki katamaraanilla.\">\n      <span class=\"lkx-pick\">\u2605 Suosituksemme<\/span><\/div>\n    <div class=\"lkx-hero-body\">\n      <div class=\"lkx-title\">Malta: Etena ja Taormina Opastettu p\u00e4iv\u00e4retki katamaraanilla.<\/div>\n      <div class=\"lkx-proof\">\n      <span class=\"lkx-stars\">\u2605\u2605\u2605\u2605\u2605<\/span>\n      <b>4.4<\/b> \u00b7 184 arvostelua\n    <\/div>\n      <div class=\"lkx-hero-bottom\"><div class=\"lkx-price\">alkaen <b>159\u00a0\u20ac<\/b><\/div><span class=\"lkx-cta lkx-cta-hero\">Haluan t\u00e4m\u00e4n el\u00e4myksen \u2192<\/span>\n      <\/div>\n    <\/div>\n  <\/a><div class=\"lkx-grid\"><a class=\"lkx-card\" href=\"https:\/\/www.getyourguide.com\/fi-fi\/marsa-l174834\/malta-etna-ja-catania-opastettu-paivaretki-katamaraanilla-t988889\/?partner_id=MKZ64IS&amp;utm_medium=online_publisher&amp;cmp=loma-maltalla-vinkit\" target=\"_blank\" rel=\"sponsored noopener nofollow\">\n      <div class=\"lkx-card-img\" style=\"background-image:url('https:\/\/cdn.getyourguide.com\/img\/tour\/85c4b042fd123a7269e89a2fe2c4382be2c53654f541997408a25410a05ff766.jpg\/132.jpg')\" role=\"img\" aria-label=\"Malta: Etna ja Catania -opastettu p\u00e4iv\u00e4retki katamaraanilla\"><\/div>\n      <div class=\"lkx-card-body\">\n        <div class=\"lkx-title lkx-title-sm\">Malta: Etna ja Catania -opastettu p\u00e4iv\u00e4retki katamaraanilla<\/div>\n        <div class=\"lkx-proof lkx-proof-sm\">\n      <span class=\"lkx-stars\">\u2605<\/span>\n      <b>4.7<\/b> \u00b7 119\n    <\/div>\n        <div class=\"lkx-card-bottom\"><span class=\"lkx-price lkx-price-sm\">alkaen <b>159\u00a0\u20ac<\/b><\/span><span class=\"lkx-cta lkx-cta-sm\">Katso p\u00e4iv\u00e4m\u00e4\u00e4r\u00e4t \u2192<\/span>\n        <\/div>\n      <\/div>\n    <\/a><a class=\"lkx-card\" href=\"https:\/\/www.getyourguide.com\/fi-fi\/marsa-l174834\/maltalta-opas-syrakusan-ja-marzamemin-paivaretki-oppaan-kanssa-t594913\/?partner_id=MKZ64IS&amp;utm_medium=online_publisher&amp;cmp=loma-maltalla-vinkit\" target=\"_blank\" rel=\"sponsored noopener nofollow\">\n      <div class=\"lkx-card-img\" style=\"background-image:url('https:\/\/cdn.getyourguide.com\/img\/tour\/3dd92a839c1bf09e86c490aeb6574e91e0ac823910575176db94bf5f3ad9052d.jpg\/132.jpg')\" role=\"img\" aria-label=\"Maltalta: Opas: Syrakusan ja Marzamemin p\u00e4iv\u00e4retki Maltalta: Syrakusan ja Marzamemin p\u00e4iv\u00e4retki oppaan kanssa\"><\/div>\n      <div class=\"lkx-card-body\">\n        <div class=\"lkx-title lkx-title-sm\">Maltalta: Opas: Syrakusan ja Marzamemin p\u00e4iv\u00e4retki Maltalta: Syrakusan ja Marzamemin p\u00e4iv\u00e4retki oppaan kanssa<\/div>\n        <div class=\"lkx-proof lkx-proof-sm\">\n      <span class=\"lkx-stars\">\u2605<\/span>\n      <b>4.3<\/b> \u00b7 76\n    <\/div>\n        <div class=\"lkx-card-bottom\"><span class=\"lkx-price lkx-price-sm\">alkaen <b>139\u00a0\u20ac<\/b><\/span><span class=\"lkx-cta lkx-cta-sm\">Katso p\u00e4iv\u00e4m\u00e4\u00e4r\u00e4t \u2192<\/span>\n        <\/div>\n      <\/div>\n    <\/a><\/div><div class=\"lkx-disclosure\">\ud83d\udd17 N\u00e4m\u00e4 ovat kumppanilinkkej\u00e4 \u2014 ne eiv\u00e4t muuta hintaasi ja auttavat meit\u00e4 tekem\u00e4\u00e4n sis\u00e4lt\u00f6\u00e4. \u00b7 <a href=\"https:\/\/www.getyourguide.com\/fi-fi\/s\/?q=malta&amp;partner_id=MKZ64IS&amp;utm_medium=online_publisher\" target=\"_blank\" rel=\"sponsored noopener nofollow\">Kaikki el\u00e4mykset \u2192<\/a><\/div>\n<\/div>\n<!-- LKM_GYG_CARD end -->\n\n\n\n\n<div class=\"lk-stays-module\">\n<style>\n\/* \u2500\u2500\u2500 RESET PRO GUTENBERG \u2500\u2500\u2500 *\/\n.lk-stays-module * { box-sizing: border-box; margin: 0; padding: 0; }\n\n\/* \u2500\u2500\u2500 WRAPPER \u2500\u2500\u2500 *\/\n.lk-stays-module {\n  font-family: 'DM Sans', Georgia, sans-serif;\n  max-width: 100%;\n  margin: 2.5rem auto;\n  background: linear-gradient(135deg, #fdfaf5 0%, #fcf8f0 100%);\n  border: 1px solid #e8dfd4;\n  border-radius: 16px;\n  overflow: hidden;\n  box-shadow: 0 16px 48px rgba(195, 159, 118, 0.25), 0 4px 12px rgba(0,0,0,0.08);\n}\n\n\/* \u2500\u2500\u2500 HEADER \u2500\u2500\u2500 *\/\n.lk-stays-header {\n  position: relative;\n  padding: 24px 36px 24px;\n  background: linear-gradient(135deg, #c39f76 0%, #d4b188 60%, #c39f76 100%);\n  border-bottom: 1px solid rgba(255,255,255,.15);\n  display: flex;\n  align-items: center;\n  gap: 18px;\n}\n.lk-stays-header::before {\n  content: '';\n  position: absolute;\n  inset: 0;\n  background: url(\"data:image\/svg+xml,%3Csvg width='60' height='60' viewBox='0 0 60 60' xmlns='http:\/\/www.w3.org\/2000\/svg'%3E%3Cg fill='none' fill-rule='evenodd'%3E%3Cg fill='%23ffffff' fill-opacity='0.05'%3E%3Cpath d='M36 34v-4h-2v4h-4v2h4v4h2v-4h4v-2h-4zm0-30V0h-2v4h-4v2h4v4h2V6h4V4h-4zM6 34v-4H4v4H0v2h4v4h2v-4h4v-2H6zM6 4V0H4v4H0v2h4v4h2V6h4V4H6z'\/%3E%3C\/g%3E%3C\/g%3E%3C\/svg%3E\") repeat;\n  pointer-events: none;\n}\n.lk-stays-icon {\n  flex-shrink: 0;\n  width: 68px;\n  height: 68px;\n  border-radius: 14px;\n  background: linear-gradient(135deg, #fff 0%, #f9f6f0 100%);\n  display: flex;\n  align-items: center;\n  justify-content: center;\n  font-size: 26px;\n  box-shadow: 0 4px 12px rgba(0,0,0,0.15);\n}\n.lk-stays-eyebrow {\n  font-size: 10px;\n  font-weight: 500;\n  letter-spacing: 2.5px;\n  text-transform: uppercase;\n  color: rgba(255,255,255,.85);\n  margin: 0 0 5px 0;\n}\n.lk-stays-title {\n  font-family: 'Playfair Display', Georgia, serif;\n  font-size: 24px;\n  font-weight: 700;\n  color: #fff;\n  line-height: 1.2;\n  text-shadow: 0 1px 2px rgba(0,0,0,0.1);\n  margin: 0;\n}\n.lk-stays-subtitle {\n  font-size: 13px;\n  color: rgba(255,255,255,.75);\n  margin: 4px 0 0 0;\n  font-weight: 300;\n}\n\n\/* \u2500\u2500\u2500 CARDS GRID \u2500\u2500\u2500 *\/\n.lk-stays-grid {\n  display: grid;\n  grid-template-columns: 1fr 1fr;\n  gap: 1px;\n  background: rgba(195, 159, 118, 0.12);\n}\n\n\/* \u2500\u2500\u2500 SINGLE CARD \u2500\u2500\u2500 *\/\n.lk-stay-card {\n  background: #ffffff;\n  padding: 26px;\n  display: flex;\n  flex-direction: column;\n  gap: 11px;\n  transition: all 0.3s ease;\n  text-decoration: none;\n  color: inherit;\n  position: relative;\n}\n.lk-stay-card:hover {\n  background: #fffbf5;\n  transform: translateY(-2px);\n  box-shadow: 0 8px 24px rgba(195, 159, 118, 0.18);\n  z-index: 1;\n}\n.lk-stay-card.featured {\n  background: linear-gradient(135deg, #fffdf9 0%, #fff9f0 100%);\n  box-shadow: 0 4px 16px rgba(195, 159, 118, 0.15), inset 0 1px 0 rgba(195, 159, 118, 0.1);\n}\n.lk-stay-card.featured:hover {\n  background: linear-gradient(135deg, #fffbf5 0%, #fff8ed 100%);\n  box-shadow: 0 8px 24px rgba(195, 159, 118, 0.25), inset 0 1px 0 rgba(195, 159, 118, 0.15);\n}\n\n.lk-stay-badge {\n  display: inline-flex;\n  align-items: center;\n  gap: 5px;\n  font-size: 10px;\n  font-weight: 500;\n  letter-spacing: 1.5px;\n  text-transform: uppercase;\n  padding: 5px 11px;\n  border-radius: 20px;\n  width: fit-content;\n}\n.badge-top     { background: linear-gradient(135deg, #c39f76 0%, #d4b188 100%); color: #fff; border: 1px solid #c39f76; font-weight: 600; box-shadow: 0 2px 8px rgba(195,159,118,0.3); }\n.badge-luxury  { background: rgba(195,159,118,.12); color: #c39f76; border: 1px solid rgba(195,159,118,.25); }\n.badge-boutique{ background: rgba(54,133,252,.08); color: #3685fc; border: 1px solid rgba(54,133,252,.2); }\n.badge-nature  { background: rgba(130,190,100,.1); color: #6b9c4a; border: 1px solid rgba(130,190,100,.2); }\n.badge-remote  { background: rgba(195,159,118,.12); color: #a67e50; border: 1px solid rgba(195,159,118,.25); }\n\n.lk-stay-name {\n  font-family: 'Playfair Display', Georgia, serif;\n  font-size: 18px;\n  font-weight: 700;\n  color: #111827;\n  line-height: 1.3;\n}\n.lk-stay-desc {\n  font-size: 13.5px;\n  color: #525252;\n  line-height: 1.65;\n  font-weight: 300;\n  flex: 1;\n}\n\n.lk-stay-meta {\n  display: flex;\n  align-items: center;\n  gap: 12px;\n  flex-wrap: wrap;\n  margin-top: 4px;\n}\n.lk-stay-price {\n  font-size: 13px;\n  color: #6b7280;\n}\n.lk-stay-price strong {\n  color: #c39f76;\n  font-weight: 500;\n}\n.lk-stay-stars {\n  color: #c39f76;\n  font-size: 11px;\n  letter-spacing: 1px;\n}\n\n\/* \u2500\u2500\u2500 CTA BUTTON \u2500\u2500\u2500 *\/\n.lk-stay-cta {\n  display: inline-flex;\n  align-items: center;\n  justify-content: center;\n  gap: 7px;\n  margin-top: 8px;\n  padding: 11px 20px;\n  border-radius: 8px;\n  background: linear-gradient(135deg, #3685fc 0%, #2a6fd9 100%);\n  color: #fff;\n  font-size: 13px;\n  font-weight: 500;\n  text-decoration: none;\n  letter-spacing: .3px;\n  transition: all .2s ease;\n  cursor: pointer;\n  border: none;\n  text-align: center;\n  box-shadow: 0 4px 12px rgba(54, 133, 252, 0.25);\n}\n.lk-stay-cta:hover {\n  background: linear-gradient(135deg, #2a6fd9 0%, #1e5bc4 100%);\n  transform: translateY(-1px);\n  box-shadow: 0 6px 16px rgba(54, 133, 252, 0.35);\n}\n.lk-stay-cta svg { flex-shrink: 0; }\n\n\/* \u2500\u2500\u2500 FOOTER \u2500\u2500\u2500 *\/\n.lk-stays-footer {\n  padding: 18px 36px;\n  background: linear-gradient(to bottom, #fdfaf5 0%, #f9f4ed 100%);\n  border-top: 1px solid rgba(195, 159, 118, 0.15);\n  display: flex;\n  align-items: center;\n  justify-content: space-between;\n  flex-wrap: wrap;\n  gap: 12px;\n}\n.lk-stays-footer-note {\n  font-size: 11.5px;\n  color: #6b7280;\n  font-weight: 300;\n  line-height: 1.5;\n}\n.lk-stays-footer-note a {\n  color: #c39f76;\n  text-decoration: none;\n  font-weight: 400;\n}\n.lk-stays-footer-note a:hover {\n  text-decoration: underline;\n}\n.lk-stays-all-btn {\n  display: inline-flex;\n  align-items: center;\n  gap: 6px;\n  font-size: 12.5px;\n  font-weight: 500;\n  color: #c39f76;\n  text-decoration: none;\n  border: 1px solid rgba(195, 159, 118, 0.35);\n  padding: 8px 18px;\n  border-radius: 8px;\n  transition: all .2s ease;\n}\n.lk-stays-all-btn:hover {\n  background: rgba(195, 159, 118, 0.08);\n  border-color: rgba(195, 159, 118, 0.5);\n}\n\n\/* \u2500\u2500\u2500 RESPONSIVE \u2500\u2500\u2500 *\/\n@media (max-width: 600px) {\n  .lk-stays-grid { grid-template-columns: 1fr; }\n  .lk-stays-header { padding: 24px 20px; }\n  .lk-stays-footer { padding: 16px 20px; }\n  .lk-stay-card { padding: 22px; }\n  .lk-stays-title { font-size: 20px; }\n}\n<\/style>\n\n  <!-- HEADER -->\n  <div class=\"lk-stays-header\">\n    <img decoding=\"async\" src=\"https:\/\/loudavymkrokem.cz\/wp-content\/uploads\/2026\/02\/lukas-a-lucka.jpg\" alt=\"\" style=\"width: 75px; height: 75px; border-radius: 8px; flex-shrink: 0; object-fit: cover; display: block; margin: 4px 0;\" title=\"\">\n    <div class=\"lk-stays-header-text\">\n      <div class=\"lk-stays-eyebrow\">Luk\u00e1\u0161 ja Lucie suosittelevat<\/div>\n      <div class=\"lk-stays-title\">Miss\u00e4 y\u00f6py\u00e4 Maltalla<\/div>\n      <div class=\"lk-stays-subtitle\">6 majoitusta \u2014 wellness-hotelleja, lomakeskuksia ja muita majoitusvaihtoehtoja<\/div>\n    <\/div>\n  <\/div>\n\n  <!-- CARDS -->\n  <div class=\"lk-stays-grid\">\n\n    <a class=\"lk-stay-card featured\" href=\"https:\/\/www.stay22.com\/allez\/roam?aid=lukaskonecny&#038;campaign=loudavymkrokemcz&#038;campaign=fi&#038;campaign=dovolena-malta&#038;hotelname=The%20Embassy%20Valletta%20Hotel&#038;address=Valletta%2C%20Malta\" target=\"_blank\" rel=\"nofollow noopener\">\n      <span class=\"lk-stay-badge badge-top\">\u2b50 HUIPPUVALINTA<\/span>\n      <span class=\"lk-stay-badge badge-nature\">\ud83c\udfe8 Hotelli<\/span>\n      <div class=\"lk-stay-name\">The Embassy Valletta Hotel<\/div>\n      <div class=\"lk-stay-desc\">Upea hotelli historiallisessa keskustassa, jossa on kattoterassi altaineen ja upeat n\u00e4kym\u00e4t ymp\u00e4rist\u00f6\u00f6n.<\/div>\n      <div class=\"lk-stay-meta\">\n        <span class=\"lk-stay-stars\">\u2605\u2605\u2605\u2605<\/span>\n        <span class=\"lk-stay-price\">Tarkista hinnat<\/span>\n      <\/div>\n      <span class=\"lk-stay-cta\">\n        <svg width=\"14\" height=\"14\" viewBox=\"0 0 24 24\" fill=\"none\" stroke=\"currentColor\" stroke-width=\"2\"><path d=\"M18 13v6a2 2 0 0 1-2 2H5a2 2 0 0 1-2-2V8a2 2 0 0 1 2-2h6\"\/><polyline points=\"15 3 21 3 21 9\"\/><line x1=\"10\" y1=\"14\" x2=\"21\" y2=\"3\"\/><\/svg>\n        Tarkista saatavuus\n      <\/span>\n    <\/a>\n\n    <a class=\"lk-stay-card\" href=\"https:\/\/www.stay22.com\/allez\/roam?aid=lukaskonecny&#038;campaign=loudavymkrokemcz&#038;campaign=fi&#038;campaign=dovolena-malta&#038;hotelname=Hotel%20Juliani&#038;address=St%20Julian%27s%2C%20Malta\" target=\"_blank\" rel=\"nofollow noopener\">\n      <span class=\"lk-stay-badge badge-nature\">\ud83c\udfe8 Hotelli<\/span>\n      <div class=\"lk-stay-name\">Hotel Juliani<\/div>\n      <div class=\"lk-stay-desc\">Kaunis butiikkihotelli Spinola Bayn rannikolla, tarjoaa erinomaista palvelua ja vieh\u00e4tt\u00e4v\u00e4\u00e4 tunnelmaa.<\/div>\n      <div class=\"lk-stay-meta\">\n        <span class=\"lk-stay-stars\">\u2605\u2605\u2605\u2605<\/span>\n        <span class=\"lk-stay-price\">Tarkista hinnat<\/span>\n      <\/div>\n      <span class=\"lk-stay-cta\">\n        <svg width=\"14\" height=\"14\" viewBox=\"0 0 24 24\" fill=\"none\" stroke=\"currentColor\" stroke-width=\"2\"><path d=\"M18 13v6a2 2 0 0 1-2 2H5a2 2 0 0 1-2-2V8a2 2 0 0 1 2-2h6\"\/><polyline points=\"15 3 21 3 21 9\"\/><line x1=\"10\" y1=\"14\" x2=\"21\" y2=\"3\"\/><\/svg>\n        Tarkista saatavuus\n      <\/span>\n    <\/a>\n\n    <a class=\"lk-stay-card\" href=\"https:\/\/www.stay22.com\/allez\/roam?aid=lukaskonecny&#038;campaign=loudavymkrokemcz&#038;campaign=fi&#038;campaign=dovolena-malta&#038;hotelname=Corinthia%20St%20George%27s%20Bay&#038;address=St%20Julian%27s%2C%20Malta\" target=\"_blank\" rel=\"nofollow noopener\">\n      <span class=\"lk-stay-badge badge-nature\">\u2b50 Luxury<\/span>\n      <div class=\"lk-stay-name\">Corinthia St George&#8217;s Bay<\/div>\n      <div class=\"lk-stay-desc\">Luksus viiden t\u00e4hden lomakeskus aivan lahden rannalla, maksimaalista mukavuutta ja huippuluokan palvelua vaativille.<\/div>\n      <div class=\"lk-stay-meta\">\n        <span class=\"lk-stay-stars\">\u2605\u2605\u2605\u2605\u2605<\/span>\n        <span class=\"lk-stay-price\">Tarkista hinnat<\/span>\n      <\/div>\n      <span class=\"lk-stay-cta\">\n        <svg width=\"14\" height=\"14\" viewBox=\"0 0 24 24\" fill=\"none\" stroke=\"currentColor\" stroke-width=\"2\"><path d=\"M18 13v6a2 2 0 0 1-2 2H5a2 2 0 0 1-2-2V8a2 2 0 0 1 2-2h6\"\/><polyline points=\"15 3 21 3 21 9\"\/><line x1=\"10\" y1=\"14\" x2=\"21\" y2=\"3\"\/><\/svg>\n        Tarkista saatavuus\n      <\/span>\n    <\/a>\n\n    <a class=\"lk-stay-card\" href=\"https:\/\/www.stay22.com\/allez\/roam?aid=lukaskonecny&#038;campaign=loudavymkrokemcz&#038;campaign=fi&#038;campaign=dovolena-malta&#038;hotelname=Hyatt%20Centric%20Malta&#038;address=St%20Julian%27s%2C%20Malta\" target=\"_blank\" rel=\"nofollow noopener\">\n      <span class=\"lk-stay-badge badge-nature\">\ud83c\udfe8 Hotelli<\/span>\n      <div class=\"lk-stay-name\">Hyatt Centric Malta<\/div>\n      <div class=\"lk-stay-desc\">Modernisti sisustettu hotelli St Julian&#8217;sin alueella, houkuttelee tyylikk\u00e4\u00e4ll\u00e4 kattoterassialtaalla.<\/div>\n      <div class=\"lk-stay-meta\">\n        <span class=\"lk-stay-stars\">\u2605\u2605\u2605\u2605<\/span>\n        <span class=\"lk-stay-price\">Tarkista hinnat<\/span>\n      <\/div>\n      <span class=\"lk-stay-cta\">\n        <svg width=\"14\" height=\"14\" viewBox=\"0 0 24 24\" fill=\"none\" stroke=\"currentColor\" stroke-width=\"2\"><path d=\"M18 13v6a2 2 0 0 1-2 2H5a2 2 0 0 1-2-2V8a2 2 0 0 1 2-2h6\"\/><polyline points=\"15 3 21 3 21 9\"\/><line x1=\"10\" y1=\"14\" x2=\"21\" y2=\"3\"\/><\/svg>\n        Tarkista saatavuus\n      <\/span>\n    <\/a>\n\n    <a class=\"lk-stay-card\" href=\"https:\/\/www.stay22.com\/allez\/roam?aid=lukaskonecny&#038;campaign=loudavymkrokemcz&#038;campaign=fi&#038;campaign=dovolena-malta&#038;hotelname=db%20Seabank%20Resort%20%2B%20Spa&#038;address=Mellieha%2C%20Malta\" target=\"_blank\" rel=\"nofollow noopener\">\n      <span class=\"lk-stay-badge badge-nature\">\ud83c\udf32 Lomakeskus<\/span>\n      <div class=\"lk-stay-name\">db Seabank Resort + Spa<\/div>\n      <div class=\"lk-stay-desc\">Suosittu all inclusive -kompleksi, vain kivenheiton p\u00e4\u00e4ss\u00e4 Mellie\u0127an parhaasta hiekkarannasta.<\/div>\n      <div class=\"lk-stay-meta\">\n        <span class=\"lk-stay-stars\">\u2605\u2605\u2605\u2605<\/span>\n        <span class=\"lk-stay-price\">Tarkista hinnat<\/span>\n      <\/div>\n      <span class=\"lk-stay-cta\">\n        <svg width=\"14\" height=\"14\" viewBox=\"0 0 24 24\" fill=\"none\" stroke=\"currentColor\" stroke-width=\"2\"><path d=\"M18 13v6a2 2 0 0 1-2 2H5a2 2 0 0 1-2-2V8a2 2 0 0 1 2-2h6\"\/><polyline points=\"15 3 21 3 21 9\"\/><line x1=\"10\" y1=\"14\" x2=\"21\" y2=\"3\"\/><\/svg>\n        Tarkista saatavuus\n      <\/span>\n    <\/a>\n\n    <a class=\"lk-stay-card\" href=\"https:\/\/www.stay22.com\/allez\/roam?aid=lukaskonecny&#038;campaign=loudavymkrokemcz&#038;campaign=fi&#038;campaign=dovolena-malta&#038;hotelname=Kempinski%20Hotel%20San%20Lawrenz&#038;address=San%20Lawrenz%2C%20Gozo%2C%20Malta\" target=\"_blank\" rel=\"nofollow noopener\">\n      <span class=\"lk-stay-badge badge-nature\">\ud83c\udf32 Lomakeskus<\/span>\n      <div class=\"lk-stay-name\">Kempinski Hotel San Lawrenz<\/div>\n      <div class=\"lk-stay-desc\">Rauhallinen ja tilava lomakeskus Gozon saaren sis\u00e4maassa, t\u00e4ydellinen rauhan keidas t\u00e4ydelliseen lepoon.<\/div>\n      <div class=\"lk-stay-meta\">\n        <span class=\"lk-stay-stars\">\u2605\u2605\u2605\u2605<\/span>\n        <span class=\"lk-stay-price\">Tarkista hinnat<\/span>\n      <\/div>\n      <span class=\"lk-stay-cta\">\n        <svg width=\"14\" height=\"14\" viewBox=\"0 0 24 24\" fill=\"none\" stroke=\"currentColor\" stroke-width=\"2\"><path d=\"M18 13v6a2 2 0 0 1-2 2H5a2 2 0 0 1-2-2V8a2 2 0 0 1 2-2h6\"\/><polyline points=\"15 3 21 3 21 9\"\/><line x1=\"10\" y1=\"14\" x2=\"21\" y2=\"3\"\/><\/svg>\n        Tarkista saatavuus\n      <\/span>\n    <\/a>\n\n  <\/div>\n\n  \n<\/div>\n\n\n\n\n<h3 id=\"18_Modra_laguna_na_Comino\" class=\"wp-block-heading\"><span class=\"ez-toc-section\" id=\"18_Sininen_laguuni_Cominolla\"><\/span>18. Sininen laguuni Cominolla<span class=\"ez-toc-section-end\"><\/span><\/h3>\n\n\n\n<p class=\"wp-block-paragraph\">Hehkuvan turkoosi vesi, joka kontrastoi valkoisen hiekkapohjan kanssa, teki t\u00e4st\u00e4 lahdesta ylivoimaisesti koko saariston valokuvauksellisimman paikan. Se sijaitsee pienen Cominon saaren rannoilla, jonne auto ei p\u00e4\u00e4se lainkaan, joten sinun t\u00e4ytyy maksaa retkivene Maltalta tai Gozolta, ja kuvien perusteella se <strong>n\u00e4ytt\u00e4\u00e4 aivan todelliselta Karibian paratiisilta<\/strong>.<\/p>\n\n\n\n<figure data-wp-context=\"{&quot;imageId&quot;:&quot;6a9c579cbc6f6&quot;}\" data-wp-interactive=\"core\/image\" data-wp-key=\"6a9c579cbc6f6\" class=\"wp-block-image size-full wp-lightbox-container\"><img decoding=\"async\" width=\"1500\" height=\"1000\" data-wp-class--hide=\"state.isContentHidden\" data-wp-class--show=\"state.isContentVisible\" data-wp-init=\"callbacks.setButtonStyles\" data-wp-on--click=\"actions.showLightbox\" data-wp-on--load=\"callbacks.setButtonStyles\" data-wp-on--pointerdown=\"actions.preloadImage\" data-wp-on--pointerenter=\"actions.preloadImageWithDelay\" data-wp-on--pointerleave=\"actions.cancelPreload\" data-wp-on-window--resize=\"callbacks.setButtonStyles\" src=\"https:\/\/loudavymkrokem.cz\/wp-content\/uploads\/2026\/08\/dovolena-malta-t18.jpg\" alt=\"Sininen laguuni Cominon pikkusaarella\" class=\"wp-image-399720\" title=\"\" srcset=\"https:\/\/loudavymkrokem.cz\/wp-content\/uploads\/2026\/08\/dovolena-malta-t18.jpg 1500w, https:\/\/loudavymkrokem.cz\/wp-content\/uploads\/2026\/08\/dovolena-malta-t18-300x200.jpg 300w, https:\/\/loudavymkrokem.cz\/wp-content\/uploads\/2026\/08\/dovolena-malta-t18-700x467.jpg 700w, https:\/\/loudavymkrokem.cz\/wp-content\/uploads\/2026\/08\/dovolena-malta-t18-768x512.jpg 768w, https:\/\/loudavymkrokem.cz\/wp-content\/uploads\/2026\/08\/dovolena-malta-t18-696x464.jpg 696w, https:\/\/loudavymkrokem.cz\/wp-content\/uploads\/2026\/08\/dovolena-malta-t18-1392x928.jpg 1392w\" sizes=\"(max-width: 1500px) 100vw, 1500px\" \/><button\n\t\t\tclass=\"lightbox-trigger\"\n\t\t\ttype=\"button\"\n\t\t\taria-haspopup=\"dialog\"\n\t\t\tdata-wp-bind--aria-label=\"state.thisImage.triggerButtonAriaLabel\"\n\t\t\tdata-wp-init=\"callbacks.initTriggerButton\"\n\t\t\tdata-wp-on--click=\"actions.showLightbox\"\n\t\t\tdata-wp-style--right=\"state.thisImage.buttonRight\"\n\t\t\tdata-wp-style--top=\"state.thisImage.buttonTop\"\n\t\t>\n\t\t\t<svg xmlns=\"http:\/\/www.w3.org\/2000\/svg\" width=\"12\" height=\"12\" fill=\"none\" viewBox=\"0 0 12 12\">\n\t\t\t\t<path fill=\"#fff\" d=\"M2 0a2 2 0 0 0-2 2v2h1.5V2a.5.5 0 0 1 .5-.5h2V0H2Zm2 10.5H2a.5.5 0 0 1-.5-.5V8H0v2a2 2 0 0 0 2 2h2v-1.5ZM8 12v-1.5h2a.5.5 0 0 0 .5-.5V8H12v2a2 2 0 0 1-2 2H8Zm2-12a2 2 0 0 1 2 2v2h-1.5V2a.5.5 0 0 0-.5-.5H8V0h2Z\" \/>\n\t\t\t<\/svg>\n\t\t<\/button><figcaption class=\"wp-element-caption\">Sininen laguuni Cominon pikkusaarella (Kuva: Frank Vincentz \/ Wikimedia Commons, CC BY-SA 3.0)<\/figcaption><\/figure>\n\n\n\n<p class=\"wp-block-paragraph\">Minun t\u00e4ytyy kuitenkin olla sinulle aivan rehellinen, sill\u00e4 hein\u00e4- ja elokuussa se on kuulemma yht\u00e4 suurta ja hyvin \u00e4\u00e4nek\u00e4st\u00e4 tungosta, jossa sinulla ei ole mahdollisuutta edes levitt\u00e4\u00e4 pyyhett\u00e4. Paikalliset suosittelevat siksi voimakkaasti <strong>l\u00e4htem\u00e4\u00e4n heti ensimm\u00e4isell\u00e4 aamuveneell\u00e4<\/strong> tai ajoittamaan vierailun kes\u00e4sesongin ulkopuolelle, ja ottamaan ennen kaikkea mukaan vett\u00e4 ja varjon.<\/p>\n\n\n\n<h3 id=\"19_Victoria_a_Citadela\" class=\"wp-block-heading\"><span class=\"ez-toc-section\" id=\"19_Victoria_ja_Citadella\"><\/span>19. Victoria ja Citadella<span class=\"ez-toc-section-end\"><\/span><\/h3>\n\n\n\n<p class=\"wp-block-paragraph\">Vehre\u00e4mm\u00e4n Gozon saaren p\u00e4\u00e4kaupunki, jota paikalliset kutsuvat usein alkuper\u00e4isell\u00e4 nimell\u00e4 Rabat, k\u00e4tkee keskustaansa majesteettisen linnoitetun Citadellan. T\u00e4m\u00e4 valloittamaton linnoitus suojasi menneisyydess\u00e4 asukkaita merirosvojen hy\u00f6kk\u00e4yksilt\u00e4, ja t\u00e4n\u00e4 p\u00e4iv\u00e4n\u00e4 se tarjoaa <strong>upean panoraaman\u00e4kym\u00e4n koko saarelle<\/strong>, johon k\u00e4vij\u00f6iden mukaan varmasti rakastut.<\/p>\n\n\n\n<figure data-wp-context=\"{&quot;imageId&quot;:&quot;6a9c579cbccd9&quot;}\" data-wp-interactive=\"core\/image\" data-wp-key=\"6a9c579cbccd9\" class=\"wp-block-image size-full wp-lightbox-container\"><img decoding=\"async\" width=\"1500\" height=\"1000\" data-wp-class--hide=\"state.isContentHidden\" data-wp-class--show=\"state.isContentVisible\" data-wp-init=\"callbacks.setButtonStyles\" data-wp-on--click=\"actions.showLightbox\" data-wp-on--load=\"callbacks.setButtonStyles\" data-wp-on--pointerdown=\"actions.preloadImage\" data-wp-on--pointerenter=\"actions.preloadImageWithDelay\" data-wp-on--pointerleave=\"actions.cancelPreload\" data-wp-on-window--resize=\"callbacks.setButtonStyles\" src=\"https:\/\/loudavymkrokem.cz\/wp-content\/uploads\/2026\/08\/dovolena-malta-t19.jpg\" alt=\"Citadella Victoriassa Gozolla\" class=\"wp-image-399722\" title=\"\" srcset=\"https:\/\/loudavymkrokem.cz\/wp-content\/uploads\/2026\/08\/dovolena-malta-t19.jpg 1500w, https:\/\/loudavymkrokem.cz\/wp-content\/uploads\/2026\/08\/dovolena-malta-t19-300x200.jpg 300w, https:\/\/loudavymkrokem.cz\/wp-content\/uploads\/2026\/08\/dovolena-malta-t19-700x467.jpg 700w, https:\/\/loudavymkrokem.cz\/wp-content\/uploads\/2026\/08\/dovolena-malta-t19-768x512.jpg 768w, https:\/\/loudavymkrokem.cz\/wp-content\/uploads\/2026\/08\/dovolena-malta-t19-696x464.jpg 696w, https:\/\/loudavymkrokem.cz\/wp-content\/uploads\/2026\/08\/dovolena-malta-t19-1392x928.jpg 1392w\" sizes=\"(max-width: 1500px) 100vw, 1500px\" \/><button\n\t\t\tclass=\"lightbox-trigger\"\n\t\t\ttype=\"button\"\n\t\t\taria-haspopup=\"dialog\"\n\t\t\tdata-wp-bind--aria-label=\"state.thisImage.triggerButtonAriaLabel\"\n\t\t\tdata-wp-init=\"callbacks.initTriggerButton\"\n\t\t\tdata-wp-on--click=\"actions.showLightbox\"\n\t\t\tdata-wp-style--right=\"state.thisImage.buttonRight\"\n\t\t\tdata-wp-style--top=\"state.thisImage.buttonTop\"\n\t\t>\n\t\t\t<svg xmlns=\"http:\/\/www.w3.org\/2000\/svg\" width=\"12\" height=\"12\" fill=\"none\" viewBox=\"0 0 12 12\">\n\t\t\t\t<path fill=\"#fff\" d=\"M2 0a2 2 0 0 0-2 2v2h1.5V2a.5.5 0 0 1 .5-.5h2V0H2Zm2 10.5H2a.5.5 0 0 1-.5-.5V8H0v2a2 2 0 0 0 2 2h2v-1.5ZM8 12v-1.5h2a.5.5 0 0 0 .5-.5V8H12v2a2 2 0 0 1-2 2H8Zm2-12a2 2 0 0 1 2 2v2h-1.5V2a.5.5 0 0 0-.5-.5H8V0h2Z\" \/>\n\t\t\t<\/svg>\n\t\t<\/button><figcaption class=\"wp-element-caption\">Citadella Victoriassa Gozolla (Kuva: CEphoto, Uwe Aranas \/ Wikimedia Commons, CC BY-SA 3.0)<\/figcaption><\/figure>\n\n\n\n<p class=\"wp-block-paragraph\">Gozolle p\u00e4\u00e4set joko lautalla \u010airkewwan satamasta, mik\u00e4 kest\u00e4\u00e4 noin 25 minuuttia, tai voit k\u00e4ytt\u00e4\u00e4 nopeaa katamaraania Valletasta, joka purjehtii noin kolme varttia. K\u00e4yt\u00e4nn\u00f6n kiinnostava seikka on, ett\u00e4 <strong>matkasta saarelle ei perit\u00e4 maksua<\/strong>, lautan lipun ostat vasta paluumatkalla Maltalle, joten s\u00e4\u00e4st\u00e4t turhalta viivyttelylt\u00e4 l\u00e4htiess\u00e4.<\/p>\n\n\n\n<h3 id=\"20_Dwejra_a_Vnitrozemske_more\" class=\"wp-block-heading\"><span class=\"ez-toc-section\" id=\"20_Dwejra_ja_Sisameri\"><\/span>20. Dwejra ja Sis\u00e4meri<span class=\"ez-toc-section-end\"><\/span><\/h3>\n\n\n\n<p class=\"wp-block-paragraph\">T\u00e4m\u00e4 Gozon saaren osa oli aiemmin kuuluisa ennen kaikkea Azuuri-ikkunasta, valtavasta kalliokaaresta, joka valitettavasti romahti mereen vuonna 2017 kovan myrskyn aikana. Ilman sit\u00e4kin luonto esitt\u00e4\u00e4 t\u00e4\u00e4ll\u00e4 uskomatonta teatteria, sill\u00e4 t\u00e4nne j\u00e4i kiehtova Sis\u00e4meri ja <strong>loistavat olosuhteet sukellukselle syviss\u00e4 luolissa<\/strong>.<\/p>\n\n\n\n<figure data-wp-context=\"{&quot;imageId&quot;:&quot;6a9c579cbd14b&quot;}\" data-wp-interactive=\"core\/image\" data-wp-key=\"6a9c579cbd14b\" class=\"wp-block-image size-full wp-lightbox-container\"><img decoding=\"async\" width=\"1500\" height=\"998\" data-wp-class--hide=\"state.isContentHidden\" data-wp-class--show=\"state.isContentVisible\" data-wp-init=\"callbacks.setButtonStyles\" data-wp-on--click=\"actions.showLightbox\" data-wp-on--load=\"callbacks.setButtonStyles\" data-wp-on--pointerdown=\"actions.preloadImage\" data-wp-on--pointerenter=\"actions.preloadImageWithDelay\" data-wp-on--pointerleave=\"actions.cancelPreload\" data-wp-on-window--resize=\"callbacks.setButtonStyles\" src=\"https:\/\/loudavymkrokem.cz\/wp-content\/uploads\/2026\/08\/dovolena-malta-t20.jpg\" alt=\"Dwejra ja Sis\u00e4meri Gozolla\" class=\"wp-image-399725\" title=\"\" srcset=\"https:\/\/loudavymkrokem.cz\/wp-content\/uploads\/2026\/08\/dovolena-malta-t20.jpg 1500w, https:\/\/loudavymkrokem.cz\/wp-content\/uploads\/2026\/08\/dovolena-malta-t20-300x200.jpg 300w, https:\/\/loudavymkrokem.cz\/wp-content\/uploads\/2026\/08\/dovolena-malta-t20-700x466.jpg 700w, https:\/\/loudavymkrokem.cz\/wp-content\/uploads\/2026\/08\/dovolena-malta-t20-768x511.jpg 768w, https:\/\/loudavymkrokem.cz\/wp-content\/uploads\/2026\/08\/dovolena-malta-t20-696x463.jpg 696w, https:\/\/loudavymkrokem.cz\/wp-content\/uploads\/2026\/08\/dovolena-malta-t20-1392x926.jpg 1392w\" sizes=\"(max-width: 1500px) 100vw, 1500px\" \/><button\n\t\t\tclass=\"lightbox-trigger\"\n\t\t\ttype=\"button\"\n\t\t\taria-haspopup=\"dialog\"\n\t\t\tdata-wp-bind--aria-label=\"state.thisImage.triggerButtonAriaLabel\"\n\t\t\tdata-wp-init=\"callbacks.initTriggerButton\"\n\t\t\tdata-wp-on--click=\"actions.showLightbox\"\n\t\t\tdata-wp-style--right=\"state.thisImage.buttonRight\"\n\t\t\tdata-wp-style--top=\"state.thisImage.buttonTop\"\n\t\t>\n\t\t\t<svg xmlns=\"http:\/\/www.w3.org\/2000\/svg\" width=\"12\" height=\"12\" fill=\"none\" viewBox=\"0 0 12 12\">\n\t\t\t\t<path fill=\"#fff\" d=\"M2 0a2 2 0 0 0-2 2v2h1.5V2a.5.5 0 0 1 .5-.5h2V0H2Zm2 10.5H2a.5.5 0 0 1-.5-.5V8H0v2a2 2 0 0 0 2 2h2v-1.5ZM8 12v-1.5h2a.5.5 0 0 0 .5-.5V8H12v2a2 2 0 0 1-2 2H8Zm2-12a2 2 0 0 1 2 2v2h-1.5V2a.5.5 0 0 0-.5-.5H8V0h2Z\" \/>\n\t\t\t<\/svg>\n\t\t<\/button><figcaption class=\"wp-element-caption\">Dwejra ja Sis\u00e4meri Gozolla (Kuva: portengaround \/ Wikimedia Commons, CC BY-SA 2.0)<\/figcaption><\/figure>\n\n\n\n<p class=\"wp-block-paragraph\">Sis\u00e4meri muodostuu itse asiassa pienest\u00e4 matalasta laguunista, joka on yhdistetty avomereen kapealla kalliotunnelilla, jonka l\u00e4pi pienet retkiveneet mielell\u00e4\u00e4n purjehtivat. Kokeneet matkailijat kehuvat t\u00e4\u00e4ll\u00e4 <strong>loistavia olosuhteita snorklaukseen<\/strong>, mutta varoittavat samalla, ett\u00e4 ter\u00e4v\u00e4 kallioinen rannikko vaatii varovaisuutta ja tukevia vesikenki\u00e4.<\/p>\n\n\n\n<h3 id=\"21_Ramla_Bay_nejhezci_pisecna_plaz_souostrovi\" class=\"wp-block-heading\"><span class=\"ez-toc-section\" id=\"21_Ramla_Bay_saariston_kaunein_hiekkaranta\"><\/span>21. Ramla Bay: saariston kaunein hiekkaranta<span class=\"ez-toc-section-end\"><\/span><\/h3>\n\n\n\n<p class=\"wp-block-paragraph\">Jos etsit Gozolta aivan kauneinta hiekkarantaa, kaikki l\u00e4hett\u00e4v\u00e4t sinut heti pohjoisrannikolle avaraan Ramlan lahteen. Sen aivan luonteenomainen <strong>oranssinpunainen hiekka kontrastoi kirkkaan veden kanssa<\/strong>, ja korkealla lahden yl\u00e4puolella kohoaa kuuluisa Kalypson luola, jossa nymfi Kalypso taruista p\u00e4\u00e4tellen piti bardia Odysseusta seitsem\u00e4n pitk\u00e4\u00e4 vuotta.<\/p>\n\n\n\n<figure data-wp-context=\"{&quot;imageId&quot;:&quot;6a9c579cbd5ef&quot;}\" data-wp-interactive=\"core\/image\" data-wp-key=\"6a9c579cbd5ef\" class=\"wp-block-image size-full wp-lightbox-container\"><img decoding=\"async\" width=\"1500\" height=\"972\" data-wp-class--hide=\"state.isContentHidden\" data-wp-class--show=\"state.isContentVisible\" data-wp-init=\"callbacks.setButtonStyles\" data-wp-on--click=\"actions.showLightbox\" data-wp-on--load=\"callbacks.setButtonStyles\" data-wp-on--pointerdown=\"actions.preloadImage\" data-wp-on--pointerenter=\"actions.preloadImageWithDelay\" data-wp-on--pointerleave=\"actions.cancelPreload\" data-wp-on-window--resize=\"callbacks.setButtonStyles\" src=\"https:\/\/loudavymkrokem.cz\/wp-content\/uploads\/2026\/08\/dovolena-malta-t21.jpg\" alt=\"Ramla Bayn punainen hiekka\" class=\"wp-image-399728\" title=\"\" srcset=\"https:\/\/loudavymkrokem.cz\/wp-content\/uploads\/2026\/08\/dovolena-malta-t21.jpg 1500w, https:\/\/loudavymkrokem.cz\/wp-content\/uploads\/2026\/08\/dovolena-malta-t21-300x194.jpg 300w, https:\/\/loudavymkrokem.cz\/wp-content\/uploads\/2026\/08\/dovolena-malta-t21-700x454.jpg 700w, https:\/\/loudavymkrokem.cz\/wp-content\/uploads\/2026\/08\/dovolena-malta-t21-768x498.jpg 768w, https:\/\/loudavymkrokem.cz\/wp-content\/uploads\/2026\/08\/dovolena-malta-t21-696x451.jpg 696w, https:\/\/loudavymkrokem.cz\/wp-content\/uploads\/2026\/08\/dovolena-malta-t21-1392x902.jpg 1392w\" sizes=\"(max-width: 1500px) 100vw, 1500px\" \/><button\n\t\t\tclass=\"lightbox-trigger\"\n\t\t\ttype=\"button\"\n\t\t\taria-haspopup=\"dialog\"\n\t\t\tdata-wp-bind--aria-label=\"state.thisImage.triggerButtonAriaLabel\"\n\t\t\tdata-wp-init=\"callbacks.initTriggerButton\"\n\t\t\tdata-wp-on--click=\"actions.showLightbox\"\n\t\t\tdata-wp-style--right=\"state.thisImage.buttonRight\"\n\t\t\tdata-wp-style--top=\"state.thisImage.buttonTop\"\n\t\t>\n\t\t\t<svg xmlns=\"http:\/\/www.w3.org\/2000\/svg\" width=\"12\" height=\"12\" fill=\"none\" viewBox=\"0 0 12 12\">\n\t\t\t\t<path fill=\"#fff\" d=\"M2 0a2 2 0 0 0-2 2v2h1.5V2a.5.5 0 0 1 .5-.5h2V0H2Zm2 10.5H2a.5.5 0 0 1-.5-.5V8H0v2a2 2 0 0 0 2 2h2v-1.5ZM8 12v-1.5h2a.5.5 0 0 0 .5-.5V8H12v2a2 2 0 0 1-2 2H8Zm2-12a2 2 0 0 1 2 2v2h-1.5V2a.5.5 0 0 0-.5-.5H8V0h2Z\" \/>\n\t\t\t<\/svg>\n\t\t<\/button><figcaption class=\"wp-element-caption\">Ramla Bayn punainen hiekka (Kuva: JosephAmodio \/ Wikimedia Commons, CC BY-SA 4.0)<\/figcaption><\/figure>\n\n\n\n<p class=\"wp-block-paragraph\">Suoraan hiekalle p\u00e4\u00e4set mukavasti paikallisilla busseilla, jotka ajavat t\u00e4nne s\u00e4\u00e4nn\u00f6llisesti saaren p\u00e4\u00e4kaupungista. Jos haluat s\u00e4\u00e4st\u00e4\u00e4 liikennekuluissa koko oleskelun ajan, kannattaa ehdottomasti hankkia <strong>viikon turistikortti<\/strong>, joka maksaa noin 25 euroa.<\/p>\n\n\n\n<h3 id=\"22_Ggantija_nejstarsi_volne_stojici_stavby_na_svete\" class=\"wp-block-heading\"><span class=\"ez-toc-section\" id=\"22_Ggantija_maailman_vanhimmat_vapaasti_seisovat_rakennukset\"><\/span>22. \u0120gantija: maailman vanhimmat vapaasti seisovat rakennukset<span class=\"ez-toc-section-end\"><\/span><\/h3>\n\n\n\n<p class=\"wp-block-paragraph\">Historioitsijat ovat yksimielisi\u00e4 siit\u00e4, ett\u00e4 jos pid\u00e4t muinaisajasta, t\u00e4m\u00e4 upea temppelikompleksi Gozon saarella saa sinut kirjaimellisesti istumaan tuolille h\u00e4mm\u00e4styksest\u00e4. N\u00e4m\u00e4 massiiviset megaliittiset rakennukset, jotka ovat tietenkin UNESCON suojelemia, ovat kuulemma <strong>koko maailman vanhimmat vapaasti seisovat rakennukset<\/strong>, joten ne leikiten voittavat brittil\u00e4isenkin Stonehengen.<\/p>\n\n\n\n<figure data-wp-context=\"{&quot;imageId&quot;:&quot;6a9c579cbdcb6&quot;}\" data-wp-interactive=\"core\/image\" data-wp-key=\"6a9c579cbdcb6\" class=\"wp-block-image size-full wp-lightbox-container\"><img decoding=\"async\" width=\"1500\" height=\"1000\" data-wp-class--hide=\"state.isContentHidden\" data-wp-class--show=\"state.isContentVisible\" data-wp-init=\"callbacks.setButtonStyles\" data-wp-on--click=\"actions.showLightbox\" data-wp-on--load=\"callbacks.setButtonStyles\" data-wp-on--pointerdown=\"actions.preloadImage\" data-wp-on--pointerenter=\"actions.preloadImageWithDelay\" data-wp-on--pointerleave=\"actions.cancelPreload\" data-wp-on-window--resize=\"callbacks.setButtonStyles\" src=\"https:\/\/loudavymkrokem.cz\/wp-content\/uploads\/2026\/08\/dovolena-malta-t22.jpg\" alt=\"Megaliittiset temppelit \u0120gantija Gozolla\" class=\"wp-image-399732\" title=\"\" srcset=\"https:\/\/loudavymkrokem.cz\/wp-content\/uploads\/2026\/08\/dovolena-malta-t22.jpg 1500w, https:\/\/loudavymkrokem.cz\/wp-content\/uploads\/2026\/08\/dovolena-malta-t22-300x200.jpg 300w, https:\/\/loudavymkrokem.cz\/wp-content\/uploads\/2026\/08\/dovolena-malta-t22-700x467.jpg 700w, https:\/\/loudavymkrokem.cz\/wp-content\/uploads\/2026\/08\/dovolena-malta-t22-768x512.jpg 768w, https:\/\/loudavymkrokem.cz\/wp-content\/uploads\/2026\/08\/dovolena-malta-t22-696x464.jpg 696w, https:\/\/loudavymkrokem.cz\/wp-content\/uploads\/2026\/08\/dovolena-malta-t22-1392x928.jpg 1392w\" sizes=\"(max-width: 1500px) 100vw, 1500px\" \/><button\n\t\t\tclass=\"lightbox-trigger\"\n\t\t\ttype=\"button\"\n\t\t\taria-haspopup=\"dialog\"\n\t\t\tdata-wp-bind--aria-label=\"state.thisImage.triggerButtonAriaLabel\"\n\t\t\tdata-wp-init=\"callbacks.initTriggerButton\"\n\t\t\tdata-wp-on--click=\"actions.showLightbox\"\n\t\t\tdata-wp-style--right=\"state.thisImage.buttonRight\"\n\t\t\tdata-wp-style--top=\"state.thisImage.buttonTop\"\n\t\t>\n\t\t\t<svg xmlns=\"http:\/\/www.w3.org\/2000\/svg\" width=\"12\" height=\"12\" fill=\"none\" viewBox=\"0 0 12 12\">\n\t\t\t\t<path fill=\"#fff\" d=\"M2 0a2 2 0 0 0-2 2v2h1.5V2a.5.5 0 0 1 .5-.5h2V0H2Zm2 10.5H2a.5.5 0 0 1-.5-.5V8H0v2a2 2 0 0 0 2 2h2v-1.5ZM8 12v-1.5h2a.5.5 0 0 0 .5-.5V8H12v2a2 2 0 0 1-2 2H8Zm2-12a2 2 0 0 1 2 2v2h-1.5V2a.5.5 0 0 0-.5-.5H8V0h2Z\" \/>\n\t\t\t<\/svg>\n\t\t<\/button><figcaption class=\"wp-element-caption\">Megaliittiset temppelit \u0120gantija Gozolla (Kuva: Diego Delso \/ Wikimedia Commons, CC BY-SA 4.0)<\/figcaption><\/figure>\n\n\n\n<p class=\"wp-block-paragraph\">Valtavat kalkkikivilohkareet painavat useita kymmeni\u00e4 tonneja, ja muinaisten legendojen mukaan ne t\u00e4ytyi tuoda t\u00e4nne j\u00e4ttil\u00e4isten voimin, sill\u00e4 tuonaikaiset asukkaat eiv\u00e4t osanneet muuten selitt\u00e4\u00e4 niiden rakentamista. Alueen kierros on eritt\u00e4in hyvin organisoitu ja alkaa modernista vierailukeskuksesta, jossa on suositeltavaa <strong>tutustua huolella esill\u00e4 oleviin artefakteihin<\/strong>, jotta saat kontekstin.<\/p>\n\n\n\n<h3 id=\"23_Xlendi_a_Marsalforn\" class=\"wp-block-heading\"><span class=\"ez-toc-section\" id=\"23_Xlendi_ja_Marsalforn\"><\/span>23. Xlendi ja Marsalforn<span class=\"ez-toc-section-end\"><\/span><\/h3>\n\n\n\n<p class=\"wp-block-paragraph\">N\u00e4m\u00e4 kaksi hyvin rauhallista ja sympaattista rannikkolomakohdetta ovat ihanteellinen tukikohta rennolle lomalle Gozon saarella. Kun kapea Xlendin lahti hurmaa dramaattisilla kallioilla ja upeilla auringonlaskuilla, Marsalforn houkuttelee kauniilla promenadilla ja <strong>ainutlaatuisilla historiallisilla suolatasangoilla<\/strong>, jotka on veistetty suoraan rannikkokallioihin heti kaupungin taakse.<\/p>\n\n\n\n<figure data-wp-context=\"{&quot;imageId&quot;:&quot;6a9c579cbe39a&quot;}\" data-wp-interactive=\"core\/image\" data-wp-key=\"6a9c579cbe39a\" class=\"wp-block-image size-full wp-lightbox-container\"><img decoding=\"async\" width=\"1500\" height=\"1000\" data-wp-class--hide=\"state.isContentHidden\" data-wp-class--show=\"state.isContentVisible\" data-wp-init=\"callbacks.setButtonStyles\" data-wp-on--click=\"actions.showLightbox\" data-wp-on--load=\"callbacks.setButtonStyles\" data-wp-on--pointerdown=\"actions.preloadImage\" data-wp-on--pointerenter=\"actions.preloadImageWithDelay\" data-wp-on--pointerleave=\"actions.cancelPreload\" data-wp-on-window--resize=\"callbacks.setButtonStyles\" src=\"https:\/\/loudavymkrokem.cz\/wp-content\/uploads\/2026\/08\/dovolena-malta-t23.jpg\" alt=\"Xlendin lahti Gozon saarella\" class=\"wp-image-399733\" title=\"\" srcset=\"https:\/\/loudavymkrokem.cz\/wp-content\/uploads\/2026\/08\/dovolena-malta-t23.jpg 1500w, https:\/\/loudavymkrokem.cz\/wp-content\/uploads\/2026\/08\/dovolena-malta-t23-300x200.jpg 300w, https:\/\/loudavymkrokem.cz\/wp-content\/uploads\/2026\/08\/dovolena-malta-t23-700x467.jpg 700w, https:\/\/loudavymkrokem.cz\/wp-content\/uploads\/2026\/08\/dovolena-malta-t23-768x512.jpg 768w, https:\/\/loudavymkrokem.cz\/wp-content\/uploads\/2026\/08\/dovolena-malta-t23-696x464.jpg 696w, https:\/\/loudavymkrokem.cz\/wp-content\/uploads\/2026\/08\/dovolena-malta-t23-1392x928.jpg 1392w\" sizes=\"(max-width: 1500px) 100vw, 1500px\" \/><button\n\t\t\tclass=\"lightbox-trigger\"\n\t\t\ttype=\"button\"\n\t\t\taria-haspopup=\"dialog\"\n\t\t\tdata-wp-bind--aria-label=\"state.thisImage.triggerButtonAriaLabel\"\n\t\t\tdata-wp-init=\"callbacks.initTriggerButton\"\n\t\t\tdata-wp-on--click=\"actions.showLightbox\"\n\t\t\tdata-wp-style--right=\"state.thisImage.buttonRight\"\n\t\t\tdata-wp-style--top=\"state.thisImage.buttonTop\"\n\t\t>\n\t\t\t<svg xmlns=\"http:\/\/www.w3.org\/2000\/svg\" width=\"12\" height=\"12\" fill=\"none\" viewBox=\"0 0 12 12\">\n\t\t\t\t<path fill=\"#fff\" d=\"M2 0a2 2 0 0 0-2 2v2h1.5V2a.5.5 0 0 1 .5-.5h2V0H2Zm2 10.5H2a.5.5 0 0 1-.5-.5V8H0v2a2 2 0 0 0 2 2h2v-1.5ZM8 12v-1.5h2a.5.5 0 0 0 .5-.5V8H12v2a2 2 0 0 1-2 2H8Zm2-12a2 2 0 0 1 2 2v2h-1.5V2a.5.5 0 0 0-.5-.5H8V0h2Z\" \/>\n\t\t\t<\/svg>\n\t\t<\/button><figcaption class=\"wp-element-caption\">Xlendin lahti Gozon saarella (Kuva: Diego Delso \/ Wikimedia Commons, CC BY-SA 4.0)<\/figcaption><\/figure>\n\n\n\n<p class=\"wp-block-paragraph\">Molemmilla kaupungeilla on melko hyv\u00e4t bussiyhteydet p\u00e4\u00e4kaupunkiin Victoriaan, joten sielt\u00e4 teet helposti retki\u00e4 ymp\u00e4ri saarta. Uiminen tapahtuu t\u00e4\u00e4ll\u00e4 p\u00e4\u00e4asiassa kunnostetuilta kallioterasseilta tikapuineen, joiden varrella l\u00f6yd\u00e4t paljon ravintoloita, jotka tarjoilevat paikallisia herkkuja, joiden \u00e4\u00e4rell\u00e4 sinun tarvitsee vain katsoa, <a href=\"https:\/\/loudavymkrokem.cz\/fi\/halpalennot-vinkit\/\">miten l\u00f6yt\u00e4\u00e4 halvat lennot<\/a>, ja voit l\u00e4hte\u00e4.<\/p>\n\n\n\n<h3 id=\"24_Nejhezci_plaze_Golden_Bay_Gajn_Tuffiea_a_Melliea_Bay\" class=\"wp-block-heading\"><span class=\"ez-toc-section\" id=\"24_Kauneimmat_rannat_Golden_Bay_Ghajn_Tuffieha_ja_Mellieha_Bay\"><\/span>24. Kauneimmat rannat: Golden Bay, G\u0127ajn Tuffie\u0127a ja Mellie\u0127a Bay<span class=\"ez-toc-section-end\"><\/span><\/h3>\n\n\n\n<p class=\"wp-block-paragraph\">Aivan lopuksi meid\u00e4n on tietenkin summattava t\u00e4rkein rantaloikoilijoille, sill\u00e4 Malta tarjoaa kolme p\u00e4\u00e4asiallista hiekkakaunotarta. Lapsiperheet arvostavat kuulemma eniten matalaa Mellie\u0127a Bayn lahtea, kun taas hieman kauempana sijaitsee suosittu Golden Bay ja aivan sen vieress\u00e4 rauhallisempi G\u0127ajn Tuffie\u0127a, jonne <strong>t\u00e4ytyy laskeutua jyrkki\u00e4 portaita<\/strong>.<\/p>\n\n\n\n<figure data-wp-context=\"{&quot;imageId&quot;:&quot;6a9c579cbea2d&quot;}\" data-wp-interactive=\"core\/image\" data-wp-key=\"6a9c579cbea2d\" class=\"wp-block-image size-full wp-lightbox-container\"><img decoding=\"async\" width=\"1500\" height=\"997\" data-wp-class--hide=\"state.isContentHidden\" data-wp-class--show=\"state.isContentVisible\" data-wp-init=\"callbacks.setButtonStyles\" data-wp-on--click=\"actions.showLightbox\" data-wp-on--load=\"callbacks.setButtonStyles\" data-wp-on--pointerdown=\"actions.preloadImage\" data-wp-on--pointerenter=\"actions.preloadImageWithDelay\" data-wp-on--pointerleave=\"actions.cancelPreload\" data-wp-on-window--resize=\"callbacks.setButtonStyles\" src=\"https:\/\/loudavymkrokem.cz\/wp-content\/uploads\/2026\/08\/dovolena-malta-t24.jpg\" alt=\"Golden Bayn ranta Maltalla\" class=\"wp-image-399736\" title=\"\" srcset=\"https:\/\/loudavymkrokem.cz\/wp-content\/uploads\/2026\/08\/dovolena-malta-t24.jpg 1500w, https:\/\/loudavymkrokem.cz\/wp-content\/uploads\/2026\/08\/dovolena-malta-t24-300x199.jpg 300w, https:\/\/loudavymkrokem.cz\/wp-content\/uploads\/2026\/08\/dovolena-malta-t24-700x465.jpg 700w, https:\/\/loudavymkrokem.cz\/wp-content\/uploads\/2026\/08\/dovolena-malta-t24-768x510.jpg 768w, https:\/\/loudavymkrokem.cz\/wp-content\/uploads\/2026\/08\/dovolena-malta-t24-696x463.jpg 696w, https:\/\/loudavymkrokem.cz\/wp-content\/uploads\/2026\/08\/dovolena-malta-t24-1392x925.jpg 1392w\" sizes=\"(max-width: 1500px) 100vw, 1500px\" \/><button\n\t\t\tclass=\"lightbox-trigger\"\n\t\t\ttype=\"button\"\n\t\t\taria-haspopup=\"dialog\"\n\t\t\tdata-wp-bind--aria-label=\"state.thisImage.triggerButtonAriaLabel\"\n\t\t\tdata-wp-init=\"callbacks.initTriggerButton\"\n\t\t\tdata-wp-on--click=\"actions.showLightbox\"\n\t\t\tdata-wp-style--right=\"state.thisImage.buttonRight\"\n\t\t\tdata-wp-style--top=\"state.thisImage.buttonTop\"\n\t\t>\n\t\t\t<svg xmlns=\"http:\/\/www.w3.org\/2000\/svg\" width=\"12\" height=\"12\" fill=\"none\" viewBox=\"0 0 12 12\">\n\t\t\t\t<path fill=\"#fff\" d=\"M2 0a2 2 0 0 0-2 2v2h1.5V2a.5.5 0 0 1 .5-.5h2V0H2Zm2 10.5H2a.5.5 0 0 1-.5-.5V8H0v2a2 2 0 0 0 2 2h2v-1.5ZM8 12v-1.5h2a.5.5 0 0 0 .5-.5V8H12v2a2 2 0 0 1-2 2H8Zm2-12a2 2 0 0 1 2 2v2h-1.5V2a.5.5 0 0 0-.5-.5H8V0h2Z\" \/>\n\t\t\t<\/svg>\n\t\t<\/button><figcaption class=\"wp-element-caption\">Golden Bayn ranta Maltalla (Kuva: Searching For Bliss \/ Wikimedia Commons, CC BY 4.0)<\/figcaption><\/figure>\n\n\n\n<p class=\"wp-block-paragraph\">Juuri portaiden ansiosta G\u0127ajn Tuffie\u0127an lahti on hieman v\u00e4hemm\u00e4n ruuhkainen, mutta haluan silti muistuttaa yhdest\u00e4 suuresta maltalaisesta erityispiirteest\u00e4. Suurin osa tavallisesta uinnista ymp\u00e4ri saaristoa tapahtuu nimitt\u00e4in kallioilta ja betonitasanteilta, joten jos varsinaisesti rakastat pitki\u00e4 hiekkarantoja, <strong>suunnittele majoituksesi loogisesti juuri n\u00e4iden kolmen mainitun lahden l\u00e4helle<\/strong>.<\/p>\n\n\n\n<h2 id=\"Kde_se_ubytovat_na_Malte_nejlepsi_oblasti_a_konkretni_hotely\" class=\"wp-block-heading\"><span class=\"ez-toc-section\" id=\"Missa_majoittua_Maltalla_parhaat_alueet_ja_konkreettiset_hotellit\"><\/span>Miss\u00e4 majoittua Maltalla: parhaat alueet ja konkreettiset hotellit<span class=\"ez-toc-section-end\"><\/span><\/h2>\n\n\n\n<p class=\"wp-block-paragraph\">Malta on pinta-alaltaan melko pieni, mutta majoituksen valinnassa sill\u00e4 ei oikeastaan ole v\u00e4li\u00e4, sill\u00e4 voit hyvin majoittua yhteen ainoaan paikkaan ja kiert\u00e4\u00e4 sielt\u00e4 mukavasti koko saaren. <strong>Paljon t\u00e4rke\u00e4mp\u00e4\u00e4 on itse alueen tunnelma<\/strong>, sill\u00e4 jokainen kaupunki tarjoaa aivan erilaisen kokemuksen ja erilaiset mahdollisuudet iltahuveihin.<\/p>\n\n\n\n<p class=\"wp-block-paragraph\">Kun jostain l\u00f6yd\u00e4t rauhalliset historialliset kujat kuin luodut romanttisille k\u00e4velyille, toisaalla sinua odottaa railakas y\u00f6el\u00e4m\u00e4 t\u00e4ynn\u00e4 baareja ja hyvin kovaa musiikkia. <strong>Suosittelen miettim\u00e4\u00e4n etuk\u00e4teen, millaista lomaa oikeastaan haet<\/strong>, ja valitsemaan sen mukaan v\u00e4liaikaisen kotisi vapaap\u00e4iviksesi.<\/p>\n\n\n\n<p class=\"wp-block-paragraph\">\ud83d\udca1 <strong>Vinkki:<\/strong> Ennen kuin alat valita tietty\u00e4 hotellia, k\u00e4y l\u00e4pi <a href=\"https:\/\/www.stay22.com\/allez\/roam?aid=lukaskonecny&amp;campaign=loudavymkrokemcz&amp;campaign=dovolena-malta&amp;address=Malta\" target=\"_blank\" rel=\"nofollow noopener sponsored\">ajankohtainen majoitustarjonta Maltalla<\/a> ja aseta suodatin ilmaiseen peruutukseen. Sesonkiaikana parhaiten arvioidut hotellit myyd\u00e4\u00e4n loppuun jopa useita kuukausia etuk\u00e4teen.<\/p>\n\n\n\n<h3 id=\"Kterou_oblast_vybrat\" class=\"wp-block-heading\"><span class=\"ez-toc-section\" id=\"Minka_alueen_valita\"><\/span>Mink\u00e4 alueen valita<span class=\"ez-toc-section-end\"><\/span><\/h3>\n\n\n\n<ul class=\"wp-block-list\">\n<li><strong>Sliema:<\/strong> Tarjoaa upean promenadin kauppojen reunustamana, <strong>uinnin suoraan kalliotasanteilta<\/strong> ja valtava etu on my\u00f6s lautta, jolla p\u00e4\u00e4set Vallettaan miellytt\u00e4v\u00e4ss\u00e4 kymmeness\u00e4 minuutissa.<\/li>\n\n\n\n<li><strong>St Julian&#8217;s ja Paceville:<\/strong> Jos etsit sykkiv\u00e4\u00e4 y\u00f6el\u00e4m\u00e4\u00e4 ja paljon ravintoloita, t\u00e4\u00e4ll\u00e4 olet innoissasi, mutta <strong>varaudu todella meluisaan ymp\u00e4rist\u00f6\u00f6n<\/strong>, joka houkuttelee ennen kaikkea nuoria matkailijoita.<\/li>\n\n\n\n<li><strong>Valletta:<\/strong> Sinut valtaa rikas historia ja ainutlaatuinen tunnelma ihanissa boutique-hotelleissa, illalla kaupunki rauhoittuu miellytt\u00e4v\u00e4sti, mutta <strong>varaudu valtavaan pys\u00e4k\u00f6intipaikkojen puutteeseen<\/strong>.<\/li>\n\n\n\n<li><strong>Mellie\u0127a ja pohjoinen:<\/strong> Rauhallisempi alue, joka on ihanteellinen lapsiperheille ja josta on <strong>lyhyin matka suurille hiekkarannoille<\/strong> ja satamaan, josta lautat suuntaavat Gozon saarelle.<\/li>\n\n\n\n<li><strong>Gozo:<\/strong> T\u00e4\u00e4ll\u00e4 aika kulkee aivan eri tahtiin, ja saari on kuuluisa maalaistaloistaan (farmhouses), joissa on yksityinen uima-allas, mik\u00e4 tekee siit\u00e4 <strong>ihanteellisen kohteen oleskelusi toiselle puoliskolle<\/strong>.<\/li>\n<\/ul>\n\n\n\n<h3 id=\"Konkretni_tipy_na_ubytovani\" class=\"wp-block-heading\"><span class=\"ez-toc-section\" id=\"Konkreettiset_majoitusvinkit\"><\/span>Konkreettiset majoitusvinkit<span class=\"ez-toc-section-end\"><\/span><\/h3>\n\n\n\n<ul class=\"wp-block-list\">\n<li><strong><a href=\"https:\/\/www.stay22.com\/allez\/roam?aid=lukaskonecny&amp;campaign=loudavymkrokemcz&amp;campaign=dovolena-malta&amp;hotelname=The%20Embassy%20Valletta%20Hotel&amp;address=Valletta%2C%20Malta\" target=\"_blank\" rel=\"noopener nofollow sponsored\">The Embassy Valletta Hotel<\/a>:<\/strong> T\u00e4m\u00e4 upea hotelli sijaitsee suoraan historiallisessa keskustassa, ja sen suurin vetonaula on <strong>katolla oleva uima-allas mahtavine n\u00e4kymineen<\/strong> koko ymp\u00e4rist\u00f6\u00f6n.<\/li>\n\n\n\n<li><strong><a href=\"https:\/\/www.stay22.com\/allez\/roam?aid=lukaskonecny&amp;campaign=loudavymkrokemcz&amp;campaign=dovolena-malta&amp;hotelname=Hotel%20Juliani&amp;address=St%20Julian%27s%2C%20Malta\" target=\"_blank\" rel=\"noopener nofollow sponsored\">Hotel Juliani<\/a>:<\/strong> Kaunis boutique-hotelli, joka sijaitsee suoraan Spinola Bayn rannalla ja joka arvostelujen mukaan <strong>tarjoaa loistavat palvelut ja lumoavan tunnelman<\/strong>.<\/li>\n\n\n\n<li><strong><a href=\"https:\/\/www.stay22.com\/allez\/roam?aid=lukaskonecny&amp;campaign=loudavymkrokemcz&amp;campaign=dovolena-malta&amp;hotelname=Corinthia%20St%20George%27s%20Bay&amp;address=St%20Julian%27s%2C%20Malta\" target=\"_blank\" rel=\"noopener nofollow sponsored\">Corinthia St George&#8217;s Bay<\/a>:<\/strong> Ylellinen viiden t\u00e4hden resort suoraan lahden \u00e4\u00e4rell\u00e4, jossa <strong>voit nauttia maksimaalisesta mukavuudesta<\/strong> ja huippupalvelusta vaativillekin.<\/li>\n\n\n\n<li><strong><a href=\"https:\/\/www.stay22.com\/allez\/roam?aid=lukaskonecny&amp;campaign=loudavymkrokemcz&amp;campaign=dovolena-malta&amp;hotelname=Hyatt%20Centric%20Malta&amp;address=St%20Julian%27s%2C%20Malta\" target=\"_blank\" rel=\"noopener nofollow sponsored\">Hyatt Centric Malta<\/a>:<\/strong> Modernisti sisustettu hotelli, joka sijaitsee vilkkaammalla St Julian&#8217;sin alueella ja joka <strong>houkuttelee matkailijoita tyylikk\u00e4\u00e4ll\u00e4 uima-altaalla<\/strong> katollaan.<\/li>\n\n\n\n<li><strong><a href=\"https:\/\/www.stay22.com\/allez\/roam?aid=lukaskonecny&amp;campaign=loudavymkrokemcz&amp;campaign=dovolena-malta&amp;hotelname=db%20Seabank%20Resort%20%2B%20Spa&amp;address=Mellieha%2C%20Malta\" target=\"_blank\" rel=\"noopener nofollow sponsored\">db Seabank Resort + Spa<\/a>:<\/strong> Suosittu kompleksi, joka tarjoaa all inclusive -ruokailun ja joka <strong>sijaitsee vain lyhyen matkan p\u00e4\u00e4ss\u00e4 parhaasta hiekkarannasta<\/strong> suositulla Mellie\u0127an alueella.<\/li>\n\n\n\n<li><strong><a href=\"https:\/\/www.stay22.com\/allez\/roam?aid=lukaskonecny&amp;campaign=loudavymkrokemcz&amp;campaign=dovolena-malta&amp;hotelname=Kempinski%20Hotel%20San%20Lawrenz&amp;address=San%20Lawrenz%2C%20Gozo%2C%20Malta\" target=\"_blank\" rel=\"noopener nofollow sponsored\">Kempinski Hotel San Lawrenz<\/a>:<\/strong> Rauhallinen ja laaja resort, joka on sijoitettu Gozon saaren sis\u00e4maahan ja jossa <strong>l\u00f6yd\u00e4t t\u00e4ydellisen rauhan keitaan<\/strong> t\u00e4ydelliseen rentoutumiseen.<\/li>\n<\/ul>\n\n\n\n<h2 id=\"Co_jist_na_Malte_pruvodce_pro_vegetariany_i_ostatni\" class=\"wp-block-heading\"><span class=\"ez-toc-section\" id=\"Mita_syoda_Maltalla_opas_kasvissyojille_ja_muille\"><\/span>Mit\u00e4 sy\u00f6d\u00e4 Maltalla: opas kasvissy\u00f6jille ja muille<span class=\"ez-toc-section-end\"><\/span><\/h2>\n\n\n\n<p class=\"wp-block-paragraph\">Maltalainen keitti\u00f6 on uskomattoman monipuolinen ja heijastaa t\u00e4ydellisesti saaren sijaintia Euroopan ja Pohjois-Afrikan risteyksess\u00e4. <strong>Siin\u00e4 sekoittuvat vahvat italialaiset vaikutteet arabialaisiin perinteisiin<\/strong>, joten sek\u00e4 pastan ja juustojen yst\u00e4v\u00e4t ett\u00e4 tuhtien vihannesruokien ja palkokasvien fanit l\u00f6yt\u00e4v\u00e4t kuulemma omansa.<\/p>\n\n\n\n<figure data-wp-context=\"{&quot;imageId&quot;:&quot;6a9c579cbf675&quot;}\" data-wp-interactive=\"core\/image\" data-wp-key=\"6a9c579cbf675\" class=\"wp-block-image size-full wp-lightbox-container\"><img decoding=\"async\" width=\"1500\" height=\"1000\" data-wp-class--hide=\"state.isContentHidden\" data-wp-class--show=\"state.isContentVisible\" data-wp-init=\"callbacks.setButtonStyles\" data-wp-on--click=\"actions.showLightbox\" data-wp-on--load=\"callbacks.setButtonStyles\" data-wp-on--pointerdown=\"actions.preloadImage\" data-wp-on--pointerenter=\"actions.preloadImageWithDelay\" data-wp-on--pointerleave=\"actions.cancelPreload\" data-wp-on-window--resize=\"callbacks.setButtonStyles\" src=\"https:\/\/loudavymkrokem.cz\/wp-content\/uploads\/2026\/08\/dovolena-malta-food.jpg\" alt=\"Maltalaiset pastizzi\" class=\"wp-image-399739\" title=\"\" srcset=\"https:\/\/loudavymkrokem.cz\/wp-content\/uploads\/2026\/08\/dovolena-malta-food.jpg 1500w, https:\/\/loudavymkrokem.cz\/wp-content\/uploads\/2026\/08\/dovolena-malta-food-300x200.jpg 300w, https:\/\/loudavymkrokem.cz\/wp-content\/uploads\/2026\/08\/dovolena-malta-food-700x467.jpg 700w, https:\/\/loudavymkrokem.cz\/wp-content\/uploads\/2026\/08\/dovolena-malta-food-768x512.jpg 768w, https:\/\/loudavymkrokem.cz\/wp-content\/uploads\/2026\/08\/dovolena-malta-food-696x464.jpg 696w, https:\/\/loudavymkrokem.cz\/wp-content\/uploads\/2026\/08\/dovolena-malta-food-1392x928.jpg 1392w\" sizes=\"(max-width: 1500px) 100vw, 1500px\" \/><button\n\t\t\tclass=\"lightbox-trigger\"\n\t\t\ttype=\"button\"\n\t\t\taria-haspopup=\"dialog\"\n\t\t\tdata-wp-bind--aria-label=\"state.thisImage.triggerButtonAriaLabel\"\n\t\t\tdata-wp-init=\"callbacks.initTriggerButton\"\n\t\t\tdata-wp-on--click=\"actions.showLightbox\"\n\t\t\tdata-wp-style--right=\"state.thisImage.buttonRight\"\n\t\t\tdata-wp-style--top=\"state.thisImage.buttonTop\"\n\t\t>\n\t\t\t<svg xmlns=\"http:\/\/www.w3.org\/2000\/svg\" width=\"12\" height=\"12\" fill=\"none\" viewBox=\"0 0 12 12\">\n\t\t\t\t<path fill=\"#fff\" d=\"M2 0a2 2 0 0 0-2 2v2h1.5V2a.5.5 0 0 1 .5-.5h2V0H2Zm2 10.5H2a.5.5 0 0 1-.5-.5V8H0v2a2 2 0 0 0 2 2h2v-1.5ZM8 12v-1.5h2a.5.5 0 0 0 .5-.5V8H12v2a2 2 0 0 1-2 2H8Zm2-12a2 2 0 0 1 2 2v2h-1.5V2a.5.5 0 0 0-.5-.5H8V0h2Z\" \/>\n\t\t\t<\/svg>\n\t\t<\/button><figcaption class=\"wp-element-caption\">Maltalaiset pastizzi (Kuva: Renata Apan \/ Wikimedia Commons, CC BY-SA 4.0)<\/figcaption><\/figure>\n\n\n\n<p class=\"wp-block-paragraph\">Luk\u00e1\u0161 ja min\u00e4 etsimme matkoilla aina lihattomia paikallisia herkkuja, ja matkailijat kehuvat, ett\u00e4 t\u00e4m\u00e4 saari tarjoaa t\u00e4ss\u00e4 suhteessa paljon loistavia mahdollisuuksia. <strong>Katsotaanpa tyypillisimpi\u00e4 ruokia<\/strong>, jotka sinun kannattaa paikallisten suositusten mukaan ehdottomasti maistaa vierailusi aikana.<\/p>\n\n\n\n<ul class=\"wp-block-list\">\n<li><strong>Pastizzi:<\/strong> Perinteiset voitaikinapasteijat runsaalla ricotta- tai hernet\u00e4ytteell\u00e4 toimivat kansallisena v\u00e4lipalana ja <strong>ovat kasvissy\u00f6jille aivan ihanteellinen valinta<\/strong>.<\/li>\n\n\n\n<li><strong>Ftira:<\/strong> T\u00e4m\u00e4 py\u00f6re\u00e4 hapanleip\u00e4, joka on vuodesta 2020 jopa UNESCON aineettoman kulttuuriperinn\u00f6n listalla, t\u00e4ytet\u00e4\u00e4n useimmiten <strong>tuoreilla vihanneksilla, oliiveilla, kapriksilla ja tomaateilla<\/strong>.<\/li>\n\n\n\n<li><strong>Bigilla:<\/strong> Paksu ja maultaan hyvin voimakas papulevite ilahduttaa jokaista, joka etsii <strong>autenttista ja luonnostaan kasvispohjaista herkkua<\/strong>.<\/li>\n\n\n\n<li><strong>\u0120bejniet:<\/strong> Paikallinen lammasjuusto kuuluu maltalaisen keitti\u00f6n perusteisiin, ja <strong>voit maistaa sit\u00e4 joko tuoreena tai kuivattuna<\/strong> reilulla annoksella pikanttia pippuria.<\/li>\n\n\n\n<li><strong>Kapunata:<\/strong> Paikallinen versio kuuluisasta ranskalaisesta ratatouillesta, joka <strong>yhdist\u00e4\u00e4 munakoison, tomaatit, paprikat ja kaprikset<\/strong> yhdeksi t\u00e4ydelliseksi kes\u00e4ruoaksi.<\/li>\n\n\n\n<li><strong>Ross il-forn:<\/strong> Perinteinen uunissa kypsennetty riisi kuuluu suosittuihin uuniruokiin, ja monissa ravintoloissa <strong>t\u00f6rm\u00e4\u00e4t usein my\u00f6s sen lihattomaan kasvisversioon<\/strong>.<\/li>\n\n\n\n<li><strong>Kinnie:<\/strong> Suosittu karvasmakea alkoholiton juoma chinotto-katkeraappelsiineista ja yrteist\u00e4, jota <strong>valmistetaan vain Maltalla<\/strong> ja joka virkist\u00e4\u00e4 loistavasti kuumina kes\u00e4p\u00e4ivin\u00e4.<\/li>\n\n\n\n<li><strong>Paikalliset liha- ja kalaruoat:<\/strong> Saari on historiallisesti kuuluisa ruoista kuten haudutettu kani nimelt\u00e4 fenek ja lampuki-kala, jotka ovat ruokia, jotka <strong>monien oppaiden mukaan muodostavat liharuokavalion perustan<\/strong> ja joista paikalliset ovat hyvin ylpeit\u00e4.<\/li>\n<\/ul>\n\n\n\n<p class=\"wp-block-paragraph\">\ud83d\udca1 VINKKI: Jokaisesta suuremmasta kyl\u00e4st\u00e4 l\u00f6yd\u00e4t niin sanotun pastizzerian, jossa <strong>tuoreet pastizzi maksavat vain muutaman kolikon<\/strong> ja t\u00e4ytt\u00e4v\u00e4t hyvin. Suuremmissa kaupungeissa kuten Valletta tai Sliema on nyky\u00e4\u00e4n lis\u00e4ksi t\u00e4ysin tavallista l\u00f6yt\u00e4\u00e4 laaja kasvis- ja vegaanitarjonta moderneista bistroista \u263a\ufe0f.<\/p>\n\n\n\n<h2 id=\"Doprava_po_Malte_autobusy_trajekt_a_auto\" class=\"wp-block-heading\"><span class=\"ez-toc-section\" id=\"Liikkuminen_Maltalla_bussit_lautta_ja_auto\"><\/span>Liikkuminen Maltalla: bussit, lautta ja auto<span class=\"ez-toc-section-end\"><\/span><\/h2>\n\n\n\n<p class=\"wp-block-paragraph\">Saarella liikkuminen voi olla hieman seikkailu jo itsess\u00e4\u00e4n ja vaatii toisinaan annoksen k\u00e4rsiv\u00e4llisyytt\u00e4. <strong>Vaihtoehtoja on useita, ja jokaisella on puolensa ja huonot puolensa<\/strong>, p\u00e4\u00e4titp\u00e4 sitten luottaa julkiseen liikenteeseen tai ottaa mieluummin ohjaksen omiin k\u00e4siisi.<\/p>\n\n\n\n<h3 id=\"Autobusy_Tallinja\" class=\"wp-block-heading\"><span class=\"ez-toc-section\" id=\"Tallinja-bussit\"><\/span>Tallinja-bussit<span class=\"ez-toc-section-end\"><\/span><\/h3>\n\n\n\n<p class=\"wp-block-paragraph\">Julkisesta liikenteest\u00e4 vastaavat huomiota her\u00e4tt\u00e4v\u00e4t vihre\u00e4t Tallinja-yhti\u00f6n bussit, jotka <strong>kattavat k\u00e4yt\u00e4nn\u00f6ss\u00e4 koko saaren eritt\u00e4in hyvin ja luotettavasti<\/strong>. Peruslippu on voimassa kaksi tuntia ja voit vaihtaa sill\u00e4 vapaasti, ja hinta liikkuu yleens\u00e4 noin kahdessa eurossa yht\u00e4 matkaa kohden.<\/p>\n\n\n\n<p class=\"wp-block-paragraph\">Pidempiin oleskeluihin kannattaa kuulemma ehdottomasti hankkia viikon turistikortti, joka maksaa noin 25 euroa ja s\u00e4\u00e4st\u00e4\u00e4 sinut jatkuvalta lippujen ostamisen vaivalta. Minun t\u00e4ytyy kuitenkin rehellisesti varoittaa, ett\u00e4 <strong>kes\u00e4kuukausina vuorot suosituilla reiteill\u00e4 ovat huomattavasti hitaampia<\/strong> kuin virallinen aikataulu lupaa.<\/p>\n\n\n\n<h3 id=\"Trajekt_na_Gozo_a_Comino\" class=\"wp-block-heading\"><span class=\"ez-toc-section\" id=\"Lautta_Gozolle_ja_Cominolle\"><\/span>Lautta Gozolle ja Cominolle<span class=\"ez-toc-section-end\"><\/span><\/h3>\n\n\n\n<p class=\"wp-block-paragraph\">Jos haluat tutkia naapurisaarta Gozoa, voit k\u00e4ytt\u00e4\u00e4 klassista lauttaa \u010airkewwan satamasta, jonka matka kest\u00e4\u00e4 vajaan puoli tuntia. Valletasta l\u00e4htee puolestaan nopea katamaraani, jolla p\u00e4\u00e4set perille noin 45 minuutissa, ja kiinnostava seikka on, ett\u00e4 <strong>matkasta sinne ei perit\u00e4 maksua ja lipun ostat vasta paluulla<\/strong>.<\/p>\n\n\n\n<p class=\"wp-block-paragraph\">Pienimm\u00e4lle saarelle Cominolle ja sen kuuluisalle Siniselle laguunille p\u00e4\u00e4set puolestaan <strong>ainoastaan veneell\u00e4 l\u00e4hisatamista<\/strong>. Autot eiv\u00e4t saa lainkaan tulla t\u00e4lle pienelle maakaistaleelle, joten siell\u00e4 vallitsee miellytt\u00e4v\u00e4 rauha, jota h\u00e4iritsev\u00e4t vain innokkaiden retkeilij\u00f6iden joukot.<\/p>\n\n\n\n<h3 id=\"Pujcit_si_auto_nebo_ne\" class=\"wp-block-heading\"><span class=\"ez-toc-section\" id=\"Vuokrata_auto_vai_ei\"><\/span>Vuokrata auto vai ei?<span class=\"ez-toc-section-end\"><\/span><\/h3>\n\n\n\n<p class=\"wp-block-paragraph\">Mieti auton vuokrausta huolella, sill\u00e4 <strong>t\u00e4\u00e4ll\u00e4 ajetaan vasemmalla Ison-Britannian tapaan<\/strong>, tiet ovat hyvin kapeita ja paikalliset kuljettajat ajavat melko temperamenttisesti. Valtava ongelma on my\u00f6s pys\u00e4k\u00f6inti, joka on kaupungeissa kuten Valletta ja Sliema k\u00e4yt\u00e4nn\u00f6ss\u00e4 mahdotonta ja aiheuttaa paljon hermoja.<\/p>\n\n\n\n<p class=\"wp-block-paragraph\">Jos pelk\u00e4\u00e4t ajamista v\u00e4\u00e4r\u00e4ll\u00e4 puolella, <strong>on suositeltavaa k\u00e4ytt\u00e4\u00e4 Bolt- ja eCabs-sovelluksia<\/strong>, jotka toimivat saarella loistavasti. \u00c4l\u00e4 miss\u00e4\u00e4n tapauksessa ota taksia suoraan kadulta, sill\u00e4 mobiilisovellusten hinnat ovat paljon edullisempia ja ennen kaikkea tied\u00e4t ne aina etuk\u00e4teen.<\/p>\n\n\n\n<h2 id=\"Kolik_stoji_dovolena_na_Malte\" class=\"wp-block-heading\"><span class=\"ez-toc-section\" id=\"Paljonko_loma_Maltalla_maksaa\"><\/span>Paljonko loma Maltalla maksaa<span class=\"ez-toc-section-end\"><\/span><\/h2>\n\n\n\n<p class=\"wp-block-paragraph\">Malta on t\u00e4ysivaltainen Euroopan unionin j\u00e4sen ja t\u00e4\u00e4ll\u00e4 maksetaan eurolla, joten sinun ei tarvitse vaihtaa mukaasi mit\u00e4\u00e4n eksoottista valuuttaa. <strong>Yleisesti p\u00e4tee, ett\u00e4 t\u00e4m\u00e4 saari on hieman edullisempi kuin naapurin Italia<\/strong>, mutta toisaalta t\u00e4\u00e4ll\u00e4 maksat enemm\u00e4n kuin vaikkapa Bulgariassa tai Albaniassa.<\/p>\n\n\n\n<p class=\"wp-block-paragraph\">Seuraava budjetti kahdelle hengelle viikoksi on vain suuntaa-antava arvio, sill\u00e4 <strong>lopullinen summa vaihtelee suuresti sen mukaan, milloin l\u00e4hdet<\/strong>.<\/p>\n\n\n\n<ul class=\"wp-block-list\">\n<li><strong>Lennot:<\/strong> Meno-paluulennot Helsingist\u00e4 maksavat sinulle yleens\u00e4 noin 150\u2013300 euroa henkil\u00f6\u00e4 kohden Finnairin, Norwegianin tai Ryanairin reiteist\u00e4 ja ajankohdasta riippuen.<\/li>\n\n\n\n<li><strong>Majoitus:<\/strong> Keskitasoisesta kahden hengen huoneesta miellytt\u00e4v\u00e4ss\u00e4 hotellissa maksat noin 500\u2013900 euroa viikossa kahdelle.<\/li>\n\n\n\n<li><strong>Ruoka:<\/strong> Jos yhdist\u00e4t leipomoruoan ja illalliset ravintoloissa, varaudu noin 300\u2013450 euron summaan viikossa.<\/li>\n\n\n\n<li><strong>Liikenne:<\/strong> Viikon bussikortit ja satunnaiset matkat lautalla tai Boltilla nielev\u00e4t noin 70\u2013100 euroa kahdelle.<\/li>\n\n\n\n<li><strong>P\u00e4\u00e4symaksut ja retket:<\/strong> Vierailut historiallisiin temppeleihin ja veneretket maksavat arviolta 80\u2013150 euroa parille.<\/li>\n<\/ul>\n\n\n\n<p class=\"wp-block-paragraph\">\ud83d\udca1 VINKKI: Jos haluat s\u00e4\u00e4st\u00e4\u00e4 matkalla, <strong>pid\u00e4 ehdottomasti silm\u00e4ll\u00e4 lentoyhti\u00f6iden tarjouksia<\/strong>. Vilkaise artikkeliamme <a href=\"https:\/\/loudavymkrokem.cz\/fi\/halpalennot-vinkit\/\">miten l\u00f6yt\u00e4\u00e4 halvat lennot<\/a>, josta l\u00f6yd\u00e4t paljon hy\u00f6dyllisi\u00e4 vinkkej\u00e4 edullisten vuorojen etsimiseen.<\/p>\n\n\n\n<h2 id=\"Na_co_si_dat_na_Malte_pozor\" class=\"wp-block-heading\"><span class=\"ez-toc-section\" id=\"Mihin_kiinnittaa_huomiota_Maltalla\"><\/span>Mihin kiinnitt\u00e4\u00e4 huomiota Maltalla<span class=\"ez-toc-section-end\"><\/span><\/h2>\n\n\n\n<p class=\"wp-block-paragraph\">Vaikka koko maa on hyvin turvallinen eik\u00e4 turisteja uhkaa mik\u00e4\u00e4n suuri vaara, <strong>l\u00f6ytyy muutama paikallinen erityispiirre, jotka voivat helposti yll\u00e4tt\u00e4\u00e4 sinut<\/strong>. K\u00e4yd\u00e4\u00e4np\u00e4 l\u00e4pi t\u00e4rkeimm\u00e4t asiat, joihin kannattaa valmistautua henkisesti ennen matkaa, jottei mieliala pilaannu paikan p\u00e4\u00e4ll\u00e4.<\/p>\n\n\n\n<ul class=\"wp-block-list\">\n<li><strong>Vasemmanpuoleinen liikenne ja kapeat tiet:<\/strong> Pohjoismaalaiselle ajaminen v\u00e4\u00e4r\u00e4ll\u00e4 puolella voi olla melko stressaavaa, ja <strong>monet maaseudun kujat ovat todella vain yhdelle autolle<\/strong>.<\/li>\n\n\n\n<li><strong>Brittil\u00e4iset pistorasiat:<\/strong> Saari k\u00e4ytt\u00e4\u00e4 yh\u00e4 brittil\u00e4isi\u00e4 kolmipiikkisi\u00e4 G-tyypin pistorasioita, joten <strong>ilman oikeaa matkasovitinta et valitettavasti lataa puhelintasi<\/strong>.<\/li>\n\n\n\n<li><strong>Meduusat my\u00f6h\u00e4iskes\u00e4ll\u00e4:<\/strong> Kun vesi kes\u00e4n lopussa l\u00e4mpenee voimakkaasti, rannikolla ilmaantuu meduusoja, ja siksi <strong>kannattaa seurata paikallisia verkkosivuja ajankohtaisine tiedotteineen<\/strong>.<\/li>\n\n\n\n<li><strong>V\u00e4h\u00e4n hiekkarantoja ja uinti kallioilta:<\/strong> Malta ei ole tyypillinen rantakohde, veteen menn\u00e4\u00e4n usein tikkaita pitkin betonitasanteilta, ja <strong>vesikengist\u00e4 on varmasti hy\u00f6ty\u00e4<\/strong>.<\/li>\n\n\n\n<li><strong>T\u00e4ysi Sininen laguuni:<\/strong> Kes\u00e4sesongin huipulla t\u00e4m\u00e4 lumoava paikka on aivan t\u00e4ynn\u00e4, joten <strong>jos kaipaat rauhaa, sinun t\u00e4ytyy l\u00e4hte\u00e4 t\u00e4nne aivan aikaisin aamulla<\/strong>.<\/li>\n\n\n\n<li><strong>Melu Pacevilless\u00e4:<\/strong> T\u00e4m\u00e4 alue on tunnettu y\u00f6el\u00e4m\u00e4n keskus, ja baarit soittavat kova\u00e4\u00e4nisesti aamuun asti, joten <strong>rauhallisen unen vuoksi valitse majoitus mieluummin muualta<\/strong>.<\/li>\n\n\n\n<li><strong>Kova tuuli ja peruutetut veneretket:<\/strong> Saaren s\u00e4\u00e4 on arvaamaton, ja kovassa aallokossa <strong>on tavallista, ett\u00e4 lautat tai retkiveneet eiv\u00e4t turvallisuussyist\u00e4 l\u00e4hde lainkaan merelle<\/strong>.<\/li>\n<\/ul>\n\n\n\n<h2 id=\"Malta_s_detmi\" class=\"wp-block-heading\"><span class=\"ez-toc-section\" id=\"Malta_lasten_kanssa\"><\/span>Malta lasten kanssa<span class=\"ez-toc-section-end\"><\/span><\/h2>\n\n\n\n<p class=\"wp-block-paragraph\">Perheloma t\u00e4ll\u00e4 aurinkoisella saarella on eritt\u00e4in j\u00e4rkev\u00e4, sill\u00e4 <strong>suora lento KM Malta Airlinesilla kest\u00e4\u00e4 noin kaksi ja puoli tuntia<\/strong>, mink\u00e4 my\u00f6s pienemm\u00e4t matkailijat jaksavat. Paikalliset asukkaat suhtautuvat lis\u00e4ksi lapsiin hyvin my\u00f6nteisesti, ja joka kulmalta l\u00f6ytyy aktiviteetteja, jotka viihdytt\u00e4v\u00e4t koko perhett\u00e4 \ud83d\ude05.<\/p>\n\n\n\n<ul class=\"wp-block-list\">\n<li><strong>Mellie\u0127a Bay:<\/strong> T\u00e4m\u00e4 ranta on perheiden keskuudessa ylivoimaisesti suosituin, sill\u00e4 <strong>siell\u00e4 on todella loiva sis\u00e4\u00e4nmeno mereen<\/strong> ja hienoa hiekkaa suurten linnojen rakentamiseen.<\/li>\n\n\n\n<li><strong>Popeye Village:<\/strong> Entiset Kippari Kalle -elokuvan (Robin Williams p\u00e4\u00e4osassa) kulissit muuttuivat <strong>lumoavaksi huvipuistokyl\u00e4ksi, jota lapset yksinkertaisesti rakastavat<\/strong>.<\/li>\n\n\n\n<li><strong>N\u00e4k\u00f6alaveneet Grand Harbourissa:<\/strong> Veneretki perinteisell\u00e4 v\u00e4rikk\u00e4\u00e4ll\u00e4 veneell\u00e4 Valletan suuressa satamassa <strong>on pienille l\u00f6yt\u00f6retkeilij\u00f6ille upea el\u00e4mys<\/strong>.<\/li>\n\n\n\n<li><strong>Malta National Aquarium:<\/strong> Jos s\u00e4\u00e4 ei satu suosimaan, t\u00e4m\u00e4 moderni akvaario t\u00e4ynn\u00e4 haita ja rauskuja <strong>pelastaa sinut varmasti koko iltap\u00e4iv\u00e4ksi<\/strong>.<\/li>\n\n\n\n<li><strong>Lyhyet et\u00e4isyydet ja kieli:<\/strong> Kaikki attraktiot ovat l\u00e4hell\u00e4 toisiaan, joten lapset eiv\u00e4t k\u00e4rsi pitkist\u00e4 siirtymist\u00e4, ja <strong>valtava etu on my\u00f6s se, ett\u00e4 tulet aivan kaikkialla toimeen englannilla<\/strong>.<\/li>\n<\/ul>\n\n\n\n<h2 id=\"Kam_dal_dalsi_tipy_na_dovolenou_u_more\" class=\"wp-block-heading\"><span class=\"ez-toc-section\" id=\"Minne_seuraavaksi_lisaa_vinkkeja_rantalomalle\"><\/span>Minne seuraavaksi: lis\u00e4\u00e4 vinkkej\u00e4 rantalomalle<span class=\"ez-toc-section-end\"><\/span><\/h2>\n\n\n\n<p class=\"wp-block-paragraph\">Jos et viel\u00e4 ole aivan varma ja harkitset my\u00f6s muita eurooppalaisia kohteita, <strong>kokosin sinulle listan muista hy\u00f6dyllisist\u00e4 artikkeleista<\/strong>. Ehk\u00e4 sinut lopulta houkuttaa jokin toinen pala aurinkoista V\u00e4limerta, tai sinulle ovat hy\u00f6dyksi k\u00e4yt\u00e4nn\u00f6n vinkit seuraavan kes\u00e4matkasi suunnitteluun.<\/p>\n\n\n\n<ul class=\"wp-block-list\">\n<li><a href=\"https:\/\/loudavymkrokem.cz\/fi\/syysloma-matkakohteet\/\">Minne lomalle syyskuussa<\/a><\/li>\n\n\n\n<li><a href=\"https:\/\/loudavymkrokem.cz\/fi\/sisilia-italia-vinkit\/\">Loma Sisiliassa<\/a><\/li>\n\n\n\n<li><a href=\"https:\/\/loudavymkrokem.cz\/fi\/milloin-matkustaa-italiaan\/\">Milloin matkustaa Italiaan<\/a><\/li>\n\n\n\n<li><a href=\"https:\/\/loudavymkrokem.cz\/fi\/halpalennot-vinkit\/\">Miten l\u00f6yt\u00e4\u00e4 halvat lennot<\/a><\/li>\n\n\n\n<li><a href=\"https:\/\/loudavymkrokem.cz\/jak-vybrat-cestovni-pojisteni-na-dovolenou\/\">Matkavakuutus<\/a><\/li>\n<\/ul>\n\n\n\n<h2 id=\"Casto_kladene_otazky\" class=\"wp-block-heading\"><span class=\"ez-toc-section\" id=\"Usein_kysytyt_kysymykset\"><\/span>Usein kysytyt kysymykset<span class=\"ez-toc-section-end\"><\/span><\/h2>\n\n\n\n<p class=\"wp-block-paragraph\">Aivan lopuksi kokosin yhteen vastaukset yleisimpiin kysymyksiin, joita matkailijat yleens\u00e4 pohtivat ennen l\u00e4ht\u00f6\u00e4. <strong>Jos artikkelista puuttui jokin puhtaasti k\u00e4yt\u00e4nn\u00f6llinen tieto<\/strong>, on suuri mahdollisuus, ett\u00e4 l\u00f6yd\u00e4t sen juuri t\u00e4st\u00e4 lyhyest\u00e4 tietoyhteenvedosta.<\/p>\n\n\n<div id=\"rank-math-faq\" class=\"rank-math-block\">\n<div class=\"rank-math-list \">\n<div id=\"faq-question-1787755046000\" class=\"rank-math-list-item\">\n<h3 class=\"rank-math-question \"><span class=\"ez-toc-section\" id=\"Milloin_on_paras_aika_matkustaa_Maltalle\"><\/span>Milloin on paras aika matkustaa Maltalle?<span class=\"ez-toc-section-end\"><\/span><\/h3>\n<div class=\"rank-math-answer \">\n\n<p>Kaunein s\u00e4\u00e4 ja ihanteelliset matkustusolosuhteet vallitsevat saarella erityisesti toukokuussa, kes\u00e4kuussa, syyskuussa ja my\u00f6s lokakuussa. N\u00e4iden kuukausien aikana v\u00e4lt\u00e4t pahimmat v\u00e4kijoukot ja nautit eritt\u00e4in miellytt\u00e4vist\u00e4 l\u00e4mp\u00f6tiloista, jotka sopivat sek\u00e4 n\u00e4ht\u00e4vyyksien tutkimiseen ett\u00e4 lepoon. Jos harkitset kes\u00e4lomaa, sinun t\u00e4ytyy ottaa huomioon, ett\u00e4 esimerkiksi hein\u00e4kuussa keskil\u00e4mp\u00f6tila on noin 30,2 \u00b0C ja yleens\u00e4 vain 0,3 sateista p\u00e4iv\u00e4\u00e4 koko kuukauden aikana. Vaikka t\u00e4m\u00e4 kuulostaa t\u00e4ydelliselt\u00e4 paratiisilta auringon yst\u00e4ville, valmistaudu valtaviin m\u00e4\u00e4riin turisteja ja huomattavasti korkeampiin majoitushintoihin. Siksi suositellaan mieluummin p\u00e4\u00e4sesongin reunoja.<\/p>\n\n<\/div>\n<\/div>\n<div id=\"faq-question-1787755046001\" class=\"rank-math-list-item\">\n<h3 class=\"rank-math-question \"><span class=\"ez-toc-section\" id=\"Kuinka_pitkaksi_aikaa_Maltalle_kannattaa_menna\"><\/span>Kuinka pitk\u00e4ksi aikaa Maltalle kannattaa menn\u00e4?<span class=\"ez-toc-section-end\"><\/span><\/h3>\n<div class=\"rank-math-answer \">\n\n<p>Oleskelun pituus riippuu paljon siit\u00e4, millaisia suunnitelmia sinulla on ja kuinka monta saarta haluat kokonaisuudessaan n\u00e4hd\u00e4. Itse p\u00e4\u00e4saarelle riitt\u00e4\u00e4 rauhallisessa tahdissa noin nelj\u00e4 tai viisi p\u00e4iv\u00e4\u00e4, joiden aikana ehdit n\u00e4hd\u00e4 t\u00e4rkeimm\u00e4t historialliset kaupungit ja muutamia luonnonilmi\u00f6it\u00e4. Jos kuitenkin haluat lis\u00e4t\u00e4 my\u00f6s retken naapurisaarille Gozolle ja Cominoon, varaa ehdottomasti kokonainen viikko. Matkailijat, jotka haluavat nauttia todella rauhallisesta lomasta riitt\u00e4v\u00e4n ajan kanssa rentoutua altaalla ja iltatunnelmissa vaeltaa kapeilla kujilla, kehuvat eritt\u00e4in paljon kymmenen p\u00e4iv\u00e4n oleskelua. Kymmenen p\u00e4iv\u00e4n aikana sinun ei tarvitse lainkaan kiirehti\u00e4 ja nautit rauhassa aidosta etel\u00e4isest\u00e4 tunnelmasta.<\/p>\n\n<\/div>\n<\/div>\n<div id=\"faq-question-1787755046002\" class=\"rank-math-list-item\">\n<h3 class=\"rank-math-question \"><span class=\"ez-toc-section\" id=\"Voiko_Maltalla_uida_vaikka_silla_ei_ole_hiekkarantoja\"><\/span>Voiko Maltalla uida, vaikka sill\u00e4 ei ole hiekkarantoja?<span class=\"ez-toc-section-end\"><\/span><\/h3>\n<div class=\"rank-math-answer \">\n\n<p>Uiminen on t\u00e4\u00e4ll\u00e4 t\u00e4ysin tavallista, se vain n\u00e4ytt\u00e4\u00e4 hieman erilaiselta kuin perinteisiss\u00e4 rantakohteissa. Mereen menn\u00e4\u00e4n useimmiten suoraan kallioilta tai rakennetuilta betonilaituroilta, joissa on turistien mukavuuden vuoksi valmistettu tukevat metallitikkaat. Hiekan yst\u00e4vien ei kuitenkaan tarvitse ep\u00e4toivoa, koska muutamia kauniita hiekkarantoja t\u00e4\u00e4lt\u00e4 kuitenkin l\u00f6ytyy. P\u00e4\u00e4saarelta l\u00f6yd\u00e4t suositun Mellie\u0127a Bayn, vieh\u00e4tt\u00e4v\u00e4n Golden Bayn tai l\u00e4heisen G\u0127ajn Tuffie\u0127an. Jos l\u00e4hdet lautalla naapurisaarelle Gozolle, \u00e4l\u00e4 missaa Ramla Bayta, joka on kuuluisa ep\u00e4tavallisen v\u00e4risest\u00e4 punertavasta hiekastaan ja eritt\u00e4in loivasta sis\u00e4\u00e4nk\u00e4ynnist\u00e4 veteen.<\/p>\n\n<\/div>\n<\/div>\n<div id=\"faq-question-1787755046003\" class=\"rank-math-list-item\">\n<h3 class=\"rank-math-question \"><span class=\"ez-toc-section\" id=\"Parjaanko_Maltalla_englannilla\"><\/span>P\u00e4rj\u00e4\u00e4nk\u00f6 Maltalla englannilla?<span class=\"ez-toc-section-end\"><\/span><\/h3>\n<div class=\"rank-math-answer \">\n\n<p>Kommunikoinnista ei tarvitse tehd\u00e4 t\u00e4\u00e4ll\u00e4 lainkaan huolta. Englanti on nimitt\u00e4in maltan kielen ohella toinen virallinen kieli, joten p\u00e4rj\u00e4\u00e4t sill\u00e4 t\u00e4ysin kaikkialla ja ilman pienimpi\u00e4k\u00e4\u00e4n ongelmia. Kaikki paikalliset asukkaat, bussinkuljettajista l\u00e4htien pienimpien kyl\u00e4leipomien myyjiin, puhuvat sujuvasti englantia ja heill\u00e4 on usein hieman suloinen brittil\u00e4inen aksentti. Kaikki kyltit, ravintoloiden ruokalistat sek\u00e4 n\u00e4ht\u00e4vyyksien opastaulut ovat aina saatavilla englanniksi. V\u00e4itet\u00e4\u00e4n, ett\u00e4 t\u00e4m\u00e4 on my\u00f6s yksi t\u00e4rkeimmist\u00e4 syist\u00e4, miksi t\u00e4nne tulee kes\u00e4ll\u00e4 niin paljon opiskelijoita suosituille kielimatkoille ja englannin kes\u00e4kursseille.<\/p>\n\n<\/div>\n<\/div>\n<div id=\"faq-question-1787755046004\" class=\"rank-math-list-item\">\n<h3 class=\"rank-math-question \"><span class=\"ez-toc-section\" id=\"Tarvitsenko_Maltalla_autoa\"><\/span>Tarvitsenko Maltalla autoa?<span class=\"ez-toc-section-end\"><\/span><\/h3>\n<div class=\"rank-math-answer \">\n\n<p>Auton vuokraaminen ei todellakaan ole v\u00e4ltt\u00e4m\u00e4tt\u00f6myys, koska tihe\u00e4 bussiverkko kattaa suhteellisen luotettavasti koko saaren ja vie sinut kaikkiin t\u00e4rkeimpiin n\u00e4ht\u00e4vyyksiin ja rannoille. Toisaalta minun t\u00e4ytyy mainita, ett\u00e4 kes\u00e4kuukausina vuorot ovat usein tupaten t\u00e4ynn\u00e4 ja liikkuvat ruuhkaisessa liikenteess\u00e4 hyvin hitaasti. Jos kuitenkin vuokraat auton, saat valtavan vapauden, mutta sinun t\u00e4ytyy valmistautua siihen, ett\u00e4 t\u00e4\u00e4ll\u00e4 ajetaan vasemmalla ja tiet ovat usein \u00e4\u00e4rimm\u00e4isen kapeita. Useimmat vierailijat luottavat siksi bussien ja sovellusten kuten Boltin yhdistelm\u00e4\u00e4n, mik\u00e4 on kompromissi, joka arvostelujen mukaan toimii t\u00e4ysin loistavasti ja ilman tarpeetonta stressi\u00e4 ratin takana.<\/p>\n\n<\/div>\n<\/div>\n<div id=\"faq-question-1787755046005\" class=\"rank-math-list-item\">\n<h3 class=\"rank-math-question \"><span class=\"ez-toc-section\" id=\"Onko_Malta_kallis\"><\/span>Onko Malta kallis?<span class=\"ez-toc-section-end\"><\/span><\/h3>\n<div class=\"rank-math-answer \">\n\n<p>Taloudellisesta n\u00e4k\u00f6kulmasta t\u00e4m\u00e4 saari sijaitsee jossain tavallisen eurooppalaisen keskitason keskivaiheilla. Se on varmasti halvempi kuin loma suosituissa italialaisissa kohteissa, mutta toisaalta maksaa enemm\u00e4n kuin vaikkapa matka Balkanin niemimaalle. Suurin kohta budjetissasi on ep\u00e4ilem\u00e4tt\u00e4 majoitus, jonka hinnat p\u00e4\u00e4kes\u00e4sesongin aikana todella jyrk\u00e4sti nousevat. Ruoka tavallisissa ravintoloissa liikkuu kohtuullisissa summissa ja bussikuljetus on suorastaan halpaa puuhaa. Jos l\u00e4hdet pois kiireisimpien lomakuukausien ulkopuolella, voit nauttia eritt\u00e4in laadukkaista palveluista suhteellisen j\u00e4rkev\u00e4\u00e4n hintaan, jotka eiv\u00e4t t\u00e4ysin tuhoa lompakkoasi.<\/p>\n\n<\/div>\n<\/div>\n<div id=\"faq-question-1787755046006\" class=\"rank-math-list-item\">\n<h3 class=\"rank-math-question \"><span class=\"ez-toc-section\" id=\"Kannattaako_Gozolla_yopya\"><\/span>Kannattaako Gozolla y\u00f6py\u00e4?<span class=\"ez-toc-section-end\"><\/span><\/h3>\n<div class=\"rank-math-answer \">\n\n<p>Monien matkailijoiden kokemusten mukaan oleskelu t\u00e4ll\u00e4 naapurisaarella on t\u00e4ysin loistava idea. Suositellaan varaamaan Gozolle v\u00e4hint\u00e4\u00e4n kaksi y\u00f6t\u00e4, koska saarella on t\u00e4ysin erilainen tempo ja paljon rennompi kyl\u00e4mainen tunnelma. Kun p\u00e4\u00e4saari on vilkas ja t\u00e4ynn\u00e4 liikennett\u00e4, Gozo tarjoaa aitoa rauhaa, upeita n\u00e4k\u00f6aloja kallioilta ja suloiset kiviset talot altaineen. Kun iltap\u00e4iv\u00e4ll\u00e4 p\u00e4iv\u00e4k\u00e4vij\u00e4t l\u00e4htev\u00e4t pois, iltalliset torit tyhjenev\u00e4t ja voit rauhassa nauttia illallisen jossain paikallisista kuppilaoista. Se on t\u00e4ydellinen kontrasti, joka el\u00e4v\u00f6itt\u00e4\u00e4 kauniisti lomaasi ja antaa sille oikean lepoa tuovan s\u00e4vyn.<\/p>\n\n<\/div>\n<\/div>\n<div id=\"faq-question-1787755046007\" class=\"rank-math-list-item\">\n<h3 class=\"rank-math-question \"><span class=\"ez-toc-section\" id=\"Onko_Malta_turvallinen\"><\/span>Onko Malta turvallinen?<span class=\"ez-toc-section-end\"><\/span><\/h3>\n<div class=\"rank-math-answer \">\n\n<p>T\u00e4m\u00e4 aurinkoinen saari kuuluu pitk\u00e4\u00e4n turvallisimpien maiden joukkoon koko Euroopassa ja vakavaa rikollisuutta ei t\u00e4\u00e4ll\u00e4 k\u00e4yt\u00e4nn\u00f6ss\u00e4 esiinny. Voit vaeltaa ilman huolia iltakaduilta ja tuntea olosi t\u00e4ysin rentoiksi. T\u00e4rkeimm\u00e4t riskit turisteille ovat pikemminkin paikallinen kaoottinen liikenne, koska kuljettajat ajavat varsin reippaasti ja jalkak\u00e4yt\u00e4v\u00e4t jalankulkijoille toisinaan puuttuvat kokonaan. Toinen asia, johon kannattaa kiinnitt\u00e4\u00e4 huomiota, ovat arvaamattomat merivirrat ja mainitut meduusat loppukes\u00e4ll\u00e4. Tietenkin p\u00e4tev\u00e4t perusvarovaisuuden s\u00e4\u00e4nn\u00f6t, joten pid\u00e4 ihmisten suurella keskittym\u00e4ll\u00e4 henkil\u00f6kohtaiset tavarasi silm\u00e4ll\u00e4 mahdollisten taskuvarkaiden varalta, mutta muuten voit olla t\u00e4ysin rauhassa.<\/p>\n\n<\/div>\n<\/div>\n<\/div>\n<\/div>","protected":false},"excerpt":{"rendered":"<p>Suunnitteletko matkaa ja mietit, milt\u00e4 ihanteellinen loma Maltalla n\u00e4ytt\u00e4\u00e4? Kokosin sinulle yksityiskohtaisen oppaan t\u00e4ynn\u00e4 vinkkej\u00e4 kauneimmista paikoista, loistavasta majoituksesta ja k\u00e4yt\u00e4nn\u00f6n tiedoista.<\/p>\n","protected":false},"author":3,"featured_media":399628,"comment_status":"open","ping_status":"open","sticky":false,"template":"","format":"standard","meta":{"_acf_changed":false,"footnotes":"","rank_math_title":"Loma Maltalla: 24 vinkki\u00e4, mit\u00e4 n\u00e4hd\u00e4 2026","rank_math_description":"Loma Maltalla 2026: 24 vinkki\u00e4 n\u00e4ht\u00e4vyyksiin, s\u00e4\u00e4taulukko, majoitus ja hinnat. Lue t\u00e4ydellinen opas ja suunnittele unohtumaton matka jo t\u00e4n\u00e4\u00e4n!","rank_math_focus_keyword":"malta","rank_math_seo_score":""},"categories":[2129,2123],"tags":[],"class_list":["post-417733","post","type-post","status-publish","format-standard","has-post-thumbnail","category-eurooppa","category-matkailu"],"acf":[],"featured_image_src":"https:\/\/loudavymkrokem.cz\/wp-content\/uploads\/2026\/08\/dovolena-malta-hero.jpg","author_info":{"display_name":"Lucie Kone\u010dn\u00e1","author_link":"https:\/\/loudavymkrokem.cz\/fi\/author\/lucie-konecna\/"},"_links":{"self":[{"href":"https:\/\/loudavymkrokem.cz\/fi\/wp-json\/wp\/v2\/posts\/417733","targetHints":{"allow":["GET"]}}],"collection":[{"href":"https:\/\/loudavymkrokem.cz\/fi\/wp-json\/wp\/v2\/posts"}],"about":[{"href":"https:\/\/loudavymkrokem.cz\/fi\/wp-json\/wp\/v2\/types\/post"}],"author":[{"embeddable":true,"href":"https:\/\/loudavymkrokem.cz\/fi\/wp-json\/wp\/v2\/users\/3"}],"replies":[{"embeddable":true,"href":"https:\/\/loudavymkrokem.cz\/fi\/wp-json\/wp\/v2\/comments?post=417733"}],"version-history":[{"count":2,"href":"https:\/\/loudavymkrokem.cz\/fi\/wp-json\/wp\/v2\/posts\/417733\/revisions"}],"predecessor-version":[{"id":417735,"href":"https:\/\/loudavymkrokem.cz\/fi\/wp-json\/wp\/v2\/posts\/417733\/revisions\/417735"}],"wp:featuredmedia":[{"embeddable":true,"href":"https:\/\/loudavymkrokem.cz\/fi\/wp-json\/wp\/v2\/media\/399628"}],"wp:attachment":[{"href":"https:\/\/loudavymkrokem.cz\/fi\/wp-json\/wp\/v2\/media?parent=417733"}],"wp:term":[{"taxonomy":"category","embeddable":true,"href":"https:\/\/loudavymkrokem.cz\/fi\/wp-json\/wp\/v2\/categories?post=417733"},{"taxonomy":"post_tag","embeddable":true,"href":"https:\/\/loudavymkrokem.cz\/fi\/wp-json\/wp\/v2\/tags?post=417733"}],"curies":[{"name":"wp","href":"https:\/\/api.w.org\/{rel}","templated":true}]}}