{"id":417724,"date":"2026-09-01T21:10:41","date_gmt":"2026-09-01T19:10:41","guid":{"rendered":"https:\/\/loudavymkrokem.cz\/rio-de-janeiro-nahtavyydet\/"},"modified":"2026-09-05T17:37:33","modified_gmt":"2026-09-05T15:37:33","slug":"rio-de-janeiro-nahtavyydet","status":"publish","type":"post","link":"https:\/\/loudavymkrokem.cz\/fi\/rio-de-janeiro-nahtavyydet\/","title":{"rendered":"Rio de Janeiro, Brasilia: 22 vinkki\u00e4, mit\u00e4 n\u00e4hd\u00e4 ja tehd\u00e4 vuonna 2026"},"content":{"rendered":"\n<p class=\"wp-block-paragraph\">Jos suunnittelet matkaa Etel\u00e4-Amerikkaan ja etsit kohdetta, joka on t\u00e4ynn\u00e4 v\u00e4rej\u00e4 ja hillit\u00f6nt\u00e4 energiaa, Brasilian metropoli hurmaa sinut taatusti. <strong>Rio de Janeiro on uskomattomien kontrastien kaupunki<\/strong>, jossa moderni arkkitehtuuri sulautuu villiin luontoon ja jossa kultaiset rannat vaihtuvat vaivihkaa tiheiksi vihreiksi sademetsiksi. Voit odottaa hurmaavia maisemia ja rikasta, musiikin t\u00e4ytt\u00e4m\u00e4\u00e4 kulttuuria.<\/p>\n\n\n\n<p class=\"wp-block-paragraph\">Oleskelun suunnittelu t\u00e4ss\u00e4 trooppisessa helmess\u00e4 vaatii hieman erilaista l\u00e4hestymistapaa, sill\u00e4 <strong>Rio suunnitellaan ennen kaikkea s\u00e4\u00e4n mukaan<\/strong>, ei tiukan n\u00e4ht\u00e4vyyslistan perusteella. Kaksi kuuluisinta paikkaa ovat nimitt\u00e4in korkealla sijaitsevia n\u00e4k\u00f6alapaikkoja, jotka menett\u00e4v\u00e4t ilman hyv\u00e4\u00e4 n\u00e4kyvyytt\u00e4 t\u00e4ysin merkityksens\u00e4. Suosittelen siksi j\u00e4tt\u00e4m\u00e4\u00e4n reittisuunnitelmaan riitt\u00e4v\u00e4sti vapaata tilaa ja reagoimaan joustavasti aamusumuun tai kirkkaaseen taivaaseen.<\/p>\n\n\n\n<p class=\"wp-block-paragraph\">Ikonisista rannoista salaisiin museoihin \u2014 t\u00e4\u00e4lt\u00e4 l\u00f6yd\u00e4t kaiken, mit\u00e4 tarvitset koostaaksesi ohjelman juuri itsellesi sopivaksi. Ja koska oikea suunnistaminen kaupunginosien v\u00e4lill\u00e4 on puolet menestyksest\u00e4, lis\u00e4\u00e4n mukaan my\u00f6s k\u00e4yt\u00e4nn\u00f6n neuvot turvallisuudesta ja majoituksesta.<\/p>\n\n\n\n<figure data-wp-context=\"{&quot;imageId&quot;:&quot;6a9c4edb797a5&quot;}\" data-wp-interactive=\"core\/image\" data-wp-key=\"6a9c4edb797a5\" class=\"wp-block-image size-full wp-lightbox-container\"><img decoding=\"async\" width=\"1920\" height=\"1440\" data-wp-class--hide=\"state.isContentHidden\" data-wp-class--show=\"state.isContentVisible\" data-wp-init=\"callbacks.setButtonStyles\" data-wp-on--click=\"actions.showLightbox\" data-wp-on--load=\"callbacks.setButtonStyles\" data-wp-on--pointerdown=\"actions.preloadImage\" data-wp-on--pointerenter=\"actions.preloadImageWithDelay\" data-wp-on--pointerleave=\"actions.cancelPreload\" data-wp-on-window--resize=\"callbacks.setButtonStyles\" src=\"https:\/\/loudavymkrokem.cz\/wp-content\/uploads\/2026\/09\/panorama-ria-s-cukrovou-homoli-49cf45de.jpg\" alt=\"Rion panoraama Sokeritoppavuoren kanssa\" class=\"wp-image-413354\" title=\"\" srcset=\"https:\/\/loudavymkrokem.cz\/wp-content\/uploads\/2026\/09\/panorama-ria-s-cukrovou-homoli-49cf45de.jpg 1920w, https:\/\/loudavymkrokem.cz\/wp-content\/uploads\/2026\/09\/panorama-ria-s-cukrovou-homoli-49cf45de-300x225.jpg 300w, https:\/\/loudavymkrokem.cz\/wp-content\/uploads\/2026\/09\/panorama-ria-s-cukrovou-homoli-49cf45de-700x525.jpg 700w, https:\/\/loudavymkrokem.cz\/wp-content\/uploads\/2026\/09\/panorama-ria-s-cukrovou-homoli-49cf45de-768x576.jpg 768w, https:\/\/loudavymkrokem.cz\/wp-content\/uploads\/2026\/09\/panorama-ria-s-cukrovou-homoli-49cf45de-1536x1152.jpg 1536w, https:\/\/loudavymkrokem.cz\/wp-content\/uploads\/2026\/09\/panorama-ria-s-cukrovou-homoli-49cf45de-80x60.jpg 80w, https:\/\/loudavymkrokem.cz\/wp-content\/uploads\/2026\/09\/panorama-ria-s-cukrovou-homoli-49cf45de-160x120.jpg 160w, https:\/\/loudavymkrokem.cz\/wp-content\/uploads\/2026\/09\/panorama-ria-s-cukrovou-homoli-49cf45de-696x522.jpg 696w, https:\/\/loudavymkrokem.cz\/wp-content\/uploads\/2026\/09\/panorama-ria-s-cukrovou-homoli-49cf45de-1392x1044.jpg 1392w\" sizes=\"(max-width: 1920px) 100vw, 1920px\" \/><button\n\t\t\tclass=\"lightbox-trigger\"\n\t\t\ttype=\"button\"\n\t\t\taria-haspopup=\"dialog\"\n\t\t\tdata-wp-bind--aria-label=\"state.thisImage.triggerButtonAriaLabel\"\n\t\t\tdata-wp-init=\"callbacks.initTriggerButton\"\n\t\t\tdata-wp-on--click=\"actions.showLightbox\"\n\t\t\tdata-wp-style--right=\"state.thisImage.buttonRight\"\n\t\t\tdata-wp-style--top=\"state.thisImage.buttonTop\"\n\t\t>\n\t\t\t<svg xmlns=\"http:\/\/www.w3.org\/2000\/svg\" width=\"12\" height=\"12\" fill=\"none\" viewBox=\"0 0 12 12\">\n\t\t\t\t<path fill=\"#fff\" d=\"M2 0a2 2 0 0 0-2 2v2h1.5V2a.5.5 0 0 1 .5-.5h2V0H2Zm2 10.5H2a.5.5 0 0 1-.5-.5V8H0v2a2 2 0 0 0 2 2h2v-1.5ZM8 12v-1.5h2a.5.5 0 0 0 .5-.5V8H12v2a2 2 0 0 1-2 2H8Zm2-12a2 2 0 0 1 2 2v2h-1.5V2a.5.5 0 0 0-.5-.5H8V0h2Z\" \/>\n\t\t\t<\/svg>\n\t\t<\/button><figcaption class=\"wp-element-caption\">Foto: Acediscovery \/ Wikimedia Commons, CC BY 4.0<\/figcaption><\/figure>\n\n\n\n<div id=\"ez-toc-container\" class=\"ez-toc-v2_0_87 ez-toc-wrap-left counter-hierarchy ez-toc-counter ez-toc-grey ez-toc-container-direction\">\n<div class=\"ez-toc-title-container\">\n<p class=\"ez-toc-title\" style=\"cursor:inherit\">Artikkelin sis\u00e4lt\u00f6<\/p>\n<span class=\"ez-toc-title-toggle\"><a href=\"#\" class=\"ez-toc-pull-right ez-toc-btn ez-toc-btn-xs ez-toc-btn-default ez-toc-toggle\" aria-label=\"Toggle Table of Content\"><span class=\"ez-toc-js-icon-con\"><span class=\"\"><span class=\"eztoc-hide\" style=\"display:none;\">Toggle<\/span><span class=\"ez-toc-icon-toggle-span\"><svg style=\"fill: #999;color:#999\" xmlns=\"http:\/\/www.w3.org\/2000\/svg\" class=\"list-377408\" width=\"20px\" height=\"20px\" viewBox=\"0 0 24 24\" fill=\"none\"><path d=\"M6 6H4v2h2V6zm14 0H8v2h12V6zM4 11h2v2H4v-2zm16 0H8v2h12v-2zM4 16h2v2H4v-2zm16 0H8v2h12v-2z\" fill=\"currentColor\"><\/path><\/svg><svg style=\"fill: #999;color:#999\" class=\"arrow-unsorted-368013\" xmlns=\"http:\/\/www.w3.org\/2000\/svg\" width=\"10px\" height=\"10px\" viewBox=\"0 0 24 24\" version=\"1.2\" baseProfile=\"tiny\"><path d=\"M18.2 9.3l-6.2-6.3-6.2 6.3c-.2.2-.3.4-.3.7s.1.5.3.7c.2.2.4.3.7.3h11c.3 0 .5-.1.7-.3.2-.2.3-.5.3-.7s-.1-.5-.3-.7zM5.8 14.7l6.2 6.3 6.2-6.3c.2-.2.3-.5.3-.7s-.1-.5-.3-.7c-.2-.2-.4-.3-.7-.3h-11c-.3 0-.5.1-.7.3-.2.2-.3.5-.3.7s.1.5.3.7z\"\/><\/svg><\/span><\/span><\/span><\/a><\/span><\/div>\n<nav><ul class='ez-toc-list ez-toc-list-level-1 ' ><ul class='ez-toc-list-level-3' ><li class='ez-toc-heading-level-3'><a class=\"ez-toc-link ez-toc-heading-1\" href=\"https:\/\/loudavymkrokem.cz\/fi\/rio-de-janeiro-nahtavyydet\/#Yhteenveto_niille_joilla_ei_ole_aikaa_lukea_koko_artikkelia\" >Yhteenveto niille, joilla ei ole aikaa lukea koko artikkelia<\/a><\/li><\/ul><\/li><li class='ez-toc-page-1 ez-toc-heading-level-2'><a class=\"ez-toc-link ez-toc-heading-2\" href=\"https:\/\/loudavymkrokem.cz\/fi\/rio-de-janeiro-nahtavyydet\/#Milloin_lahtea_Rio_de_Janeiroon\" >Milloin l\u00e4hte\u00e4 Rio de Janeiroon<\/a><\/li><li class='ez-toc-page-1 ez-toc-heading-level-2'><a class=\"ez-toc-link ez-toc-heading-3\" href=\"https:\/\/loudavymkrokem.cz\/fi\/rio-de-janeiro-nahtavyydet\/#Turvallisuus_Rio_de_Janeirossa_nain_nautit_lomasta_huoletta\" >Turvallisuus Rio de Janeirossa: n\u00e4in nautit lomasta huoletta<\/a><\/li><li class='ez-toc-page-1 ez-toc-heading-level-2'><a class=\"ez-toc-link ez-toc-heading-4\" href=\"https:\/\/loudavymkrokem.cz\/fi\/rio-de-janeiro-nahtavyydet\/#Missa_majoittua_Rio_de_Janeirossa\" >Miss\u00e4 majoittua Rio de Janeirossa<\/a><\/li><li class='ez-toc-page-1 ez-toc-heading-level-2'><a class=\"ez-toc-link ez-toc-heading-5\" href=\"https:\/\/loudavymkrokem.cz\/fi\/rio-de-janeiro-nahtavyydet\/#22_vinkkia_mita_nahda_ja_tehda_Rio_de_Janeirossa\" >22 vinkki\u00e4, mit\u00e4 n\u00e4hd\u00e4 ja tehd\u00e4 Rio de Janeirossa<\/a><ul class='ez-toc-list-level-3' ><li class='ez-toc-heading-level-3'><a class=\"ez-toc-link ez-toc-heading-6\" href=\"https:\/\/loudavymkrokem.cz\/fi\/rio-de-janeiro-nahtavyydet\/#1_Kristus-patsas_Christ_the_Redeemer\" >1. Kristus-patsas (Christ the Redeemer)<\/a><\/li><li class='ez-toc-page-1 ez-toc-heading-level-3'><a class=\"ez-toc-link ez-toc-heading-7\" href=\"https:\/\/loudavymkrokem.cz\/fi\/rio-de-janeiro-nahtavyydet\/#2_Koysirata_Sokeritoppavuorelle_Pao_de_Acucar\" >2. K\u00f6ysirata Sokeritoppavuorelle (P\u00e3o de A\u00e7\u00facar)<\/a><\/li><li class='ez-toc-page-1 ez-toc-heading-level-3'><a class=\"ez-toc-link ez-toc-heading-8\" href=\"https:\/\/loudavymkrokem.cz\/fi\/rio-de-janeiro-nahtavyydet\/#3_Copacabanan_ranta_ja_Forte_de_Copacabana\" >3. Copacabanan ranta ja Forte de Copacabana<\/a><\/li><li class='ez-toc-page-1 ez-toc-heading-level-3'><a class=\"ez-toc-link ez-toc-heading-9\" href=\"https:\/\/loudavymkrokem.cz\/fi\/rio-de-janeiro-nahtavyydet\/#4_Ipaneman_ranta_ja_pelastusasemien_jarjestelma\" >4. Ipaneman ranta ja pelastusasemien j\u00e4rjestelm\u00e4<\/a><\/li><li class='ez-toc-page-1 ez-toc-heading-level-3'><a class=\"ez-toc-link ez-toc-heading-10\" href=\"https:\/\/loudavymkrokem.cz\/fi\/rio-de-janeiro-nahtavyydet\/#5_Leblonin_ranta_ja_Mirante_do_Leblon_-nakoalapaikka\" >5. Leblonin ranta ja Mirante do Leblon -n\u00e4k\u00f6alapaikka<\/a><\/li><li class='ez-toc-page-1 ez-toc-heading-level-3'><a class=\"ez-toc-link ez-toc-heading-11\" href=\"https:\/\/loudavymkrokem.cz\/fi\/rio-de-janeiro-nahtavyydet\/#6_Pedra_do_Arpoador_-kallioniemi\" >6. Pedra do Arpoador -kallioniemi<\/a><\/li><li class='ez-toc-page-1 ez-toc-heading-level-3'><a class=\"ez-toc-link ez-toc-heading-12\" href=\"https:\/\/loudavymkrokem.cz\/fi\/rio-de-janeiro-nahtavyydet\/#7_Escadaria_Selaron_-portaikko\" >7. Escadaria Selar\u00f3n -portaikko<\/a><\/li><li class='ez-toc-page-1 ez-toc-heading-level-3'><a class=\"ez-toc-link ez-toc-heading-13\" href=\"https:\/\/loudavymkrokem.cz\/fi\/rio-de-janeiro-nahtavyydet\/#8_Santa_Teresan_kaupunginosa_ja_historiallinen_raitiovaunu\" >8. Santa Teresan kaupunginosa ja historiallinen raitiovaunu<\/a><\/li><li class='ez-toc-page-1 ez-toc-heading-level-3'><a class=\"ez-toc-link ez-toc-heading-14\" href=\"https:\/\/loudavymkrokem.cz\/fi\/rio-de-janeiro-nahtavyydet\/#9_Arcos_da_Lapa_-akvedukti\" >9. Arcos da Lapa -akvedukti<\/a><\/li><li class='ez-toc-page-1 ez-toc-heading-level-3'><a class=\"ez-toc-link ez-toc-heading-15\" href=\"https:\/\/loudavymkrokem.cz\/fi\/rio-de-janeiro-nahtavyydet\/#10_Parque_das_Ruinas_-galleria\" >10. Parque das Ru\u00ednas -galleria<\/a><\/li><li class='ez-toc-page-1 ez-toc-heading-level-3'><a class=\"ez-toc-link ez-toc-heading-16\" href=\"https:\/\/loudavymkrokem.cz\/fi\/rio-de-janeiro-nahtavyydet\/#11_Kaupungin_sademetsa_Tijucan_kansallispuisto\" >11. Kaupungin sademets\u00e4 Tijucan kansallispuisto<\/a><\/li><li class='ez-toc-page-1 ez-toc-heading-level-3'><a class=\"ez-toc-link ez-toc-heading-17\" href=\"https:\/\/loudavymkrokem.cz\/fi\/rio-de-janeiro-nahtavyydet\/#12_Mirante_Dona_Marta_-nakoalapaikka\" >12. Mirante Dona Marta -n\u00e4k\u00f6alapaikka<\/a><\/li><li class='ez-toc-page-1 ez-toc-heading-level-3'><a class=\"ez-toc-link ez-toc-heading-18\" href=\"https:\/\/loudavymkrokem.cz\/fi\/rio-de-janeiro-nahtavyydet\/#13_Kiinalainen_paviljonki_Vista_Chinesa\" >13. Kiinalainen paviljonki Vista Chinesa<\/a><\/li><li class='ez-toc-page-1 ez-toc-heading-level-3'><a class=\"ez-toc-link ez-toc-heading-19\" href=\"https:\/\/loudavymkrokem.cz\/fi\/rio-de-janeiro-nahtavyydet\/#14_Parque_Lagen_puutarhat_ja_huvila\" >14. Parque Lagen puutarhat ja huvila<\/a><\/li><li class='ez-toc-page-1 ez-toc-heading-level-3'><a class=\"ez-toc-link ez-toc-heading-20\" href=\"https:\/\/loudavymkrokem.cz\/fi\/rio-de-janeiro-nahtavyydet\/#15_Huomisen_museo_Museu_do_Amanha\" >15. Huomisen museo (Museu do Amanh\u00e3)<\/a><\/li><li class='ez-toc-page-1 ez-toc-heading-level-3'><a class=\"ez-toc-link ez-toc-heading-21\" href=\"https:\/\/loudavymkrokem.cz\/fi\/rio-de-janeiro-nahtavyydet\/#16_MAR-taidemuseo_Rio_Museum_of_Art\" >16. MAR-taidemuseo (Rio Museum of Art)<\/a><\/li><li class='ez-toc-page-1 ez-toc-heading-level-3'><a class=\"ez-toc-link ez-toc-heading-22\" href=\"https:\/\/loudavymkrokem.cz\/fi\/rio-de-janeiro-nahtavyydet\/#17_Centro_Cultural_Banco_do_Brasil_CCBB\" >17. Centro Cultural Banco do Brasil (CCBB)<\/a><\/li><li class='ez-toc-page-1 ez-toc-heading-level-3'><a class=\"ez-toc-link ez-toc-heading-23\" href=\"https:\/\/loudavymkrokem.cz\/fi\/rio-de-janeiro-nahtavyydet\/#18_Theatro_Municipal_do_Rio_de_Janeiro\" >18. Theatro Municipal do Rio de Janeiro<\/a><\/li><li class='ez-toc-page-1 ez-toc-heading-level-3'><a class=\"ez-toc-link ez-toc-heading-24\" href=\"https:\/\/loudavymkrokem.cz\/fi\/rio-de-janeiro-nahtavyydet\/#19_Catedral_Metropolitana_de_Sao_Sebastiao\" >19. Catedral Metropolitana de S\u00e3o Sebasti\u00e3o<\/a><\/li><li class='ez-toc-page-1 ez-toc-heading-level-3'><a class=\"ez-toc-link ez-toc-heading-25\" href=\"https:\/\/loudavymkrokem.cz\/fi\/rio-de-janeiro-nahtavyydet\/#20_Museu_da_Republica_Palacio_do_Catete\" >20. Museu da Rep\u00fablica (Pal\u00e1cio do Catete)<\/a><\/li><li class='ez-toc-page-1 ez-toc-heading-level-3'><a class=\"ez-toc-link ez-toc-heading-26\" href=\"https:\/\/loudavymkrokem.cz\/fi\/rio-de-janeiro-nahtavyydet\/#21_Espaco_Cultural_da_Marinha\" >21. Espa\u00e7o Cultural da Marinha<\/a><\/li><li class='ez-toc-page-1 ez-toc-heading-level-3'><a class=\"ez-toc-link ez-toc-heading-27\" href=\"https:\/\/loudavymkrokem.cz\/fi\/rio-de-janeiro-nahtavyydet\/#22_Praia_Vermelha_-ranta_Sokeritoppavuoren_alla\" >22. Praia Vermelha -ranta Sokeritoppavuoren alla<\/a><\/li><\/ul><\/li><li class='ez-toc-page-1 ez-toc-heading-level-2'><a class=\"ez-toc-link ez-toc-heading-28\" href=\"https:\/\/loudavymkrokem.cz\/fi\/rio-de-janeiro-nahtavyydet\/#Minne_jatkaa_Rio_de_Janeirosta\" >Minne jatkaa Rio de Janeirosta<\/a><\/li><li class='ez-toc-page-1 ez-toc-heading-level-2'><a class=\"ez-toc-link ez-toc-heading-29\" href=\"https:\/\/loudavymkrokem.cz\/fi\/rio-de-janeiro-nahtavyydet\/#Usein_kysytyt_kysymykset\" >Usein kysytyt kysymykset<\/a><ul class='ez-toc-list-level-3' ><li class='ez-toc-heading-level-3'><a class=\"ez-toc-link ez-toc-heading-30\" href=\"https:\/\/loudavymkrokem.cz\/fi\/rio-de-janeiro-nahtavyydet\/#Onko_Rio_de_Janeiro_turvallinen_turisteille\" >Onko Rio de Janeiro turvallinen turisteille?<\/a><\/li><li class='ez-toc-page-1 ez-toc-heading-level-3'><a class=\"ez-toc-link ez-toc-heading-31\" href=\"https:\/\/loudavymkrokem.cz\/fi\/rio-de-janeiro-nahtavyydet\/#Kuinka_monta_paivaa_tarvitsen_Rion_vierailuun\" >Kuinka monta p\u00e4iv\u00e4\u00e4 tarvitsen Rion vierailuun?<\/a><\/li><li class='ez-toc-page-1 ez-toc-heading-level-3'><a class=\"ez-toc-link ez-toc-heading-32\" href=\"https:\/\/loudavymkrokem.cz\/fi\/rio-de-janeiro-nahtavyydet\/#Mika_on_paras_tapa_paasta_Kristus_Vapahtaja_-patsaalle\" >Mik\u00e4 on paras tapa p\u00e4\u00e4st\u00e4 Kristus Vapahtaja -patsaalle?<\/a><\/li><li class='ez-toc-page-1 ez-toc-heading-level-3'><a class=\"ez-toc-link ez-toc-heading-33\" href=\"https:\/\/loudavymkrokem.cz\/fi\/rio-de-janeiro-nahtavyydet\/#Milloin_on_paras_aika_matkustaa_Brasiliaan\" >Milloin on paras aika matkustaa Brasiliaan?<\/a><\/li><li class='ez-toc-page-1 ez-toc-heading-level-3'><a class=\"ez-toc-link ez-toc-heading-34\" href=\"https:\/\/loudavymkrokem.cz\/fi\/rio-de-janeiro-nahtavyydet\/#Voinko_uida_Rion_rannoilla_pimean_laskettua\" >Voinko uida Rion rannoilla pime\u00e4n laskettua?<\/a><\/li><li class='ez-toc-page-1 ez-toc-heading-level-3'><a class=\"ez-toc-link ez-toc-heading-35\" href=\"https:\/\/loudavymkrokem.cz\/fi\/rio-de-janeiro-nahtavyydet\/#Kuinka_liikkua_kaupungissa_ja_onko_julkinen_liikenne_turvallista\" >Kuinka liikkua kaupungissa ja onko julkinen liikenne turvallista?<\/a><\/li><li class='ez-toc-page-1 ez-toc-heading-level-3'><a class=\"ez-toc-link ez-toc-heading-36\" href=\"https:\/\/loudavymkrokem.cz\/fi\/rio-de-janeiro-nahtavyydet\/#Mita_syoda_Riossa_jos_en_syo_lihaa\" >Mit\u00e4 sy\u00f6d\u00e4 Riossa, jos en sy\u00f6 lihaa?<\/a><\/li><li class='ez-toc-page-1 ez-toc-heading-level-3'><a class=\"ez-toc-link ez-toc-heading-37\" href=\"https:\/\/loudavymkrokem.cz\/fi\/rio-de-janeiro-nahtavyydet\/#Kannattaako_ostaa_paasyliput_nahtavyyksiin_pitkalle_etukateen\" >Kannattaako ostaa p\u00e4\u00e4syliput n\u00e4ht\u00e4vyyksiin pitk\u00e4lle etuk\u00e4teen?<\/a><\/li><\/ul><\/li><\/ul><\/nav><\/div>\n<h3 class=\"wp-block-heading\"><span class=\"ez-toc-section\" id=\"Yhteenveto_niille_joilla_ei_ole_aikaa_lukea_koko_artikkelia\"><\/span>Yhteenveto niille, joilla ei ole aikaa lukea koko artikkelia<span class=\"ez-toc-section-end\"><\/span><\/h3>\n\n\n\n<ul class=\"wp-block-list\">\n\n<li><strong>Suunnittele pilvien mukaan:<\/strong> Kuuluisimmat n\u00e4ht\u00e4vyydet kuten Kristus-patsas ja Sokeritoppavuori eiv\u00e4t ole sumussa mielekk\u00e4it\u00e4, joten varaa niille oleskelusi kirkkain aamu.<\/li>\n\n\n\n<li><strong>Turvallisuudella on s\u00e4\u00e4nt\u00f6ns\u00e4:<\/strong> Pysy niin kutsutulla turistien turvavy\u00f6hykkeell\u00e4 etel\u00e4isell\u00e4 alueella ja k\u00e4yt\u00e4 pime\u00e4n tultua liikkumiseen aina luotettavaa Uberia.<\/li>\n\n\n\n<li><strong>Kolme reitti\u00e4 Kristus-patsaalle:<\/strong> Yl\u00f6s p\u00e4\u00e4set kalliilla hammasratasjunalla, edullisemmalla minibussilla tai t\u00e4ysin ilmaiseksi haastavalla vaelluksella sademets\u00e4n l\u00e4pi Parque Lagesta.<\/li>\n\n\n\n<li><strong>Pelastusasemien j\u00e4rjestelm\u00e4:<\/strong> Rannat jaetaan numeroitujen kojujen eli postojen mukaan, ja kuuluisa Posto 9 Ipanemalla on vilkkain kohtaamispaikka.<\/li>\n\n\n\n<li><strong>Edullisempi Sokeritoppavuori:<\/strong> Jos kuljet ensimm\u00e4isen osuuden jalan Trilha do Morro da Urca -polkua pitkin, s\u00e4\u00e4st\u00e4t suoraan puolet k\u00f6ysiradan hinnasta.<\/li>\n\n\n\n<li><strong>Kaupungin sademets\u00e4:<\/strong> Aivan kaupungin rajojen sis\u00e4ll\u00e4 levitt\u00e4ytyy Tijucan kansallispuisto, joka tarjoaa fantastisen paon kuumuudelta valtavien puiden varjoon.<\/li>\n\n\n\n<li><strong>Paikallisia herkkuja ilman lihaa:<\/strong> Brasilialainen keitti\u00f6 rakastaa lihaa, mutta rannalla voit nauttia virkist\u00e4v\u00e4st\u00e4 a\u00e7a\u00edsta, p\u00e3o de queijo -juustopullista tai tuoreesta kookosvedest\u00e4.<\/li>\n\n\n<\/ul>\n\n\n\n<h2 class=\"wp-block-heading\"><span class=\"ez-toc-section\" id=\"Milloin_lahtea_Rio_de_Janeiroon\"><\/span>Milloin l\u00e4hte\u00e4 Rio de Janeiroon<span class=\"ez-toc-section-end\"><\/span><\/h2>\n\n\n\n<p class=\"wp-block-paragraph\">Matkasi ajankohdan valinta vaikuttaa olennaisesti sek\u00e4 budjettiisi ett\u00e4 kokonaisvaikutelmaan kuumasta kaupungista. <strong>Paras aika vierailla on huhtikuusta kes\u00e4kuuhun ja sitten elokuusta lokakuuhun<\/strong>, jolloin l\u00e4mp\u00f6tilat ovat hyvin miellytt\u00e4vi\u00e4 ja v\u00e4lt\u00e4t suurimmat trooppiset kaatosateet. N\u00e4in\u00e4 kuukausina taivas on usein upean kirkas, mik\u00e4 on aivan olennaista kaikkien korkealla sijaitsevien n\u00e4k\u00f6alapaikkojen kannalta, joiden varaan koko Rion el\u00e4mys rakentuu.<\/p>\n\n\n\n<p class=\"wp-block-paragraph\">Jos haluat kokea kaupungin sen kuumimmillaan, sinun t\u00e4ytyy l\u00e4hte\u00e4 paikallisen kes\u00e4n aikaan, joka osuu meid\u00e4n talvikuukausiimme. <strong>Karnevaali ja Copacabanan rannan mahtava uudenvuoden juhla tarkoittavat koko vuoden korkeimpia hintoja<\/strong>, ja hotellit sek\u00e4 lennot ovat toivottomasti loppuunmyytyj\u00e4 monta kuukautta etuk\u00e4teen. Sinun on my\u00f6s varauduttava \u00e4\u00e4rimm\u00e4iseen kosteuteen ja polttavaan kuumuuteen, joka voi ylitt\u00e4\u00e4 nelj\u00e4kymment\u00e4 astetta ja tehd\u00e4 n\u00e4ht\u00e4vyyksien kiert\u00e4misest\u00e4 todella raskasta.<\/p>\n\n\n\n<p class=\"wp-block-paragraph\">Valitsit mink\u00e4 kuukauden tahansa, \u00e4l\u00e4 unohda joustavan suunnittelun kultaista s\u00e4\u00e4nt\u00f6\u00e4, josta puhuimme jo aiemmin. <strong>J\u00e4t\u00e4 ainakin kaksi tai kolme p\u00e4iv\u00e4\u00e4 varalle<\/strong>, jotta voit l\u00e4hte\u00e4 Corcovadolle juuri sin\u00e4 aamuna, kun pilvet kaupungin yll\u00e4 v\u00e4istyv\u00e4t. Paikallista ilmastoa muokkaavat voimakkaasti valtameri ja ymp\u00e4r\u00f6iv\u00e4t vuoret, joten s\u00e4\u00e4 voi muuttua hyvin nopeasti tunnista toiseen, ja tietyn p\u00e4iv\u00e4n lippujen ostaminen pitk\u00e4lle etuk\u00e4teen on valtava riski.<\/p>\n\n\n\n<h2 class=\"wp-block-heading\"><span class=\"ez-toc-section\" id=\"Turvallisuus_Rio_de_Janeirossa_nain_nautit_lomasta_huoletta\"><\/span>Turvallisuus Rio de Janeirossa: n\u00e4in nautit lomasta huoletta<span class=\"ez-toc-section-end\"><\/span><\/h2>\n\n\n\n<p class=\"wp-block-paragraph\">Turvallisuuskysymys on luultavasti ensimm\u00e4inen asia, jonka jokainen matkailija selvitt\u00e4\u00e4 netist\u00e4 ennen matkaa Brasiliaan. <strong>Rio de Janeiro ei suinkaan ole sotavy\u00f6hyke, mutta se vaatii selkeiden s\u00e4\u00e4nt\u00f6jen noudattamista<\/strong>, joiden ansiosta nautit kaupungista t\u00e4ysin rennosti. Perusasia on liikkua niin kutsutulla turistien turvavy\u00f6hykkeell\u00e4, jonka muodostavat varakkaammat kaupunginosat Ipanema, Leblon, Copacabana, Botafogo ja Urca, miss\u00e4 turistipoliisi on l\u00e4sn\u00e4 joka kulmassa.<\/p>\n\n\n\n<p class=\"wp-block-paragraph\">Ja numerot todistavat sen \u2014 Leblonin ja Ipaneman kaupunginosat raportoivat vuonna 2026 nollan murhaa, mik\u00e4 kertoo niiden turvallisuudesta enemm\u00e4n kuin mik\u00e4\u00e4n matkablogi. Sen sijaan vilkkaalla Copacabanan rannalla sinun on varauduttava satunnaisiin pikkuvarkauksiin, taskuvarkaisiin ja puhelinten kaappaamiseen suoraan k\u00e4dest\u00e4, etenkin leve\u00e4ll\u00e4 merenrantapromenadilla.<\/p>\n\n\n\n<p class=\"wp-block-paragraph\">Pime\u00e4n tultua p\u00e4tee yksi yksinkertainen s\u00e4\u00e4nt\u00f6: Uber, aina ja kaikkialla, my\u00f6s lyhyill\u00e4 matkoilla naapurikaupunginosien v\u00e4lill\u00e4 \u2014 historiallinen Centro tyhjenee ty\u00f6p\u00e4iv\u00e4n j\u00e4lkeen niin t\u00e4ysin, ett\u00e4 sinne ei yksinkertaisesti menn\u00e4 \u00f6isin, ja samoin on ehdottomasti kielletty iltak\u00e4velyt mill\u00e4 tahansa rannalla, sill\u00e4 autiot hiekkarannat houkuttelevat ongelmia.<\/p>\n\n\n\n<h2 class=\"wp-block-heading\"><span class=\"ez-toc-section\" id=\"Missa_majoittua_Rio_de_Janeirossa\"><\/span>Miss\u00e4 majoittua Rio de Janeirossa<span class=\"ez-toc-section-end\"><\/span><\/h2>\n\n\n\n<p class=\"wp-block-paragraph\">Oikean sijainnin valinta hotellillesi vaikuttaa koko kaupunkiel\u00e4mykseesi, joten etsi majoitusta yksinomaan etel\u00e4iselt\u00e4 alueelta. <strong>Paras valinta ensimm\u00e4iselle vierailulle on Ipaneman ja Leblonin rantojen ymp\u00e4rist\u00f6<\/strong>, jotka tarjoavat fantastisen gastronomisen tarjonnan, turvalliset boutique-t\u00e4yteiset kadut ja loistavat metroyhteydet muualle kaupunkiin. N\u00e4m\u00e4 kaupunginosat ovat toki hintavampia, mutta panostus rauhalliseen uneen ja huolettomiin iltak\u00e4velyihin kannattaa sataprosenttisesti.<\/p>\n\n\n\n<p class=\"wp-block-paragraph\">Jos etsit hieman edullisempaa vaihtoehtoa mutta haluat silti pysy\u00e4 tapahtumien keskipisteess\u00e4, suuntaa huomiosi legendaariseen Copacabanaan tai naapurissa sijaitsevaan Botafogoon. <strong>Erityisesti Botafogo on kokenut viime vuosina valtavan nousukauden<\/strong>, sinne avautuu uusia kahviloita ja kaupunginosa tarjoaa yhdet kauneimmista n\u00e4kymist\u00e4 Sokeritoppavuorelle suoraan rantabulevardilta. Historiallinen Santa Teresa kukkulalla houkuttelee kyll\u00e4 boheemilla tunnelmallaan, mutta logistisesti se on jokap\u00e4iv\u00e4isten retkien kannalta hieman syrj\u00e4ss\u00e4 ja illalla hankalammin saavutettavissa.<\/p>\n\n\n\n<p class=\"wp-block-paragraph\">Varaukseesi suositun <a class=\"thirstylink\" rel=\"nofollow\" target=\"_blank\" title=\"Booking.com\" href=\"https:\/\/loudavymkrokem.cz\/doporucujeme\/booking-com\/\" data-shortcode=\"true\">Booking.com<\/a>-portaalin kautta suosittelen valitsemaan varmennettuja hotelleja, joissa on ymp\u00e4rivuorokautinen vastaanotto ja hyv\u00e4t arvostelut. <strong>Loistava valinta rannalla on Arena Ipanema Hotel<\/strong>, joka tarjoaa upean kattouima-altaan merin\u00e4kym\u00e4ll\u00e4 ja sijaitsee vain muutaman askeleen p\u00e4\u00e4ss\u00e4 kuuluisasta Posto 8:sta. <strong>Ylellisemp\u00e4\u00e4 el\u00e4myst\u00e4 varten valitse ikoninen Hotel Fasano Rio de Janeiro<\/strong>, jonka suunnittelulla ja sijainnilla ei ole kaupungissa vertaista, kun taas Botafogossa sinut yll\u00e4tt\u00e4\u00e4 iloisesti tyylik\u00e4s <strong>Yoo2 Rio de Janeiro by Intercity<\/strong> fantastisella lahtin\u00e4kym\u00e4ll\u00e4\u00e4n.<\/p>\n\n\n\n\n\n<p class=\"wp-block-paragraph\"><em>\ud83d\udca1 <a href=\"https:\/\/www.stay22.com\/allez\/roam?aid=lukaskonecny&#038;campaign=loudavymkrokemcz&#038;campaign=co-videt-v-rio-de-janeiru&#038;address=Rio%20de%20Janeiro%2C%20Braz%C3%ADlie\" target=\"_blank\" rel=\"nofollow noopener sponsored\">T\u00e4lt\u00e4 kartalta vertailet, mit\u00e4 on juuri nyt vapaana<\/a> \u2014 n\u00e4et heti, kuinka paljon edullisemmaksi majoitus tulee korttelin p\u00e4\u00e4ss\u00e4 Avenida Atl\u00e2nticasta.<\/em><\/p>\n\n<h2 class=\"wp-block-heading\"><span class=\"ez-toc-section\" id=\"22_vinkkia_mita_nahda_ja_tehda_Rio_de_Janeirossa\"><\/span>22 vinkki\u00e4, mit\u00e4 n\u00e4hd\u00e4 ja tehd\u00e4 Rio de Janeirossa<span class=\"ez-toc-section-end\"><\/span><\/h2>\n\n\n\n<p class=\"wp-block-paragraph\">No niin, ja nyt parhaaseen \u2014 paikkoihin, jotka ovat vaivan arvoisia. Kuuluisia ikoneja ja muutama piilotettu aarre, joista opit tuntemaan kaupungin joka suunnasta.<\/p>\n\n\n\n<figure data-wp-context=\"{&quot;imageId&quot;:&quot;6a9c4edb7a687&quot;}\" data-wp-interactive=\"core\/image\" data-wp-key=\"6a9c4edb7a687\" class=\"wp-block-image size-full wp-lightbox-container\"><img decoding=\"async\" width=\"1600\" height=\"2133\" data-wp-class--hide=\"state.isContentHidden\" data-wp-class--show=\"state.isContentVisible\" data-wp-init=\"callbacks.setButtonStyles\" data-wp-on--click=\"actions.showLightbox\" data-wp-on--load=\"callbacks.setButtonStyles\" data-wp-on--pointerdown=\"actions.preloadImage\" data-wp-on--pointerenter=\"actions.preloadImageWithDelay\" data-wp-on--pointerleave=\"actions.cancelPreload\" data-wp-on-window--resize=\"callbacks.setButtonStyles\" src=\"https:\/\/loudavymkrokem.cz\/wp-content\/uploads\/2026\/09\/krista-spasitele.jpg\" alt=\"Kristus-patsas (Christ the Redeemer)\" class=\"wp-image-413166\" title=\"\" srcset=\"https:\/\/loudavymkrokem.cz\/wp-content\/uploads\/2026\/09\/krista-spasitele.jpg 1600w, https:\/\/loudavymkrokem.cz\/wp-content\/uploads\/2026\/09\/krista-spasitele-225x300.jpg 225w, https:\/\/loudavymkrokem.cz\/wp-content\/uploads\/2026\/09\/krista-spasitele-700x933.jpg 700w, https:\/\/loudavymkrokem.cz\/wp-content\/uploads\/2026\/09\/krista-spasitele-768x1024.jpg 768w, https:\/\/loudavymkrokem.cz\/wp-content\/uploads\/2026\/09\/krista-spasitele-1152x1536.jpg 1152w, https:\/\/loudavymkrokem.cz\/wp-content\/uploads\/2026\/09\/krista-spasitele-1536x2048.jpg 1536w, https:\/\/loudavymkrokem.cz\/wp-content\/uploads\/2026\/09\/krista-spasitele-696x928.jpg 696w, https:\/\/loudavymkrokem.cz\/wp-content\/uploads\/2026\/09\/krista-spasitele-1392x1856.jpg 1392w\" sizes=\"(max-width: 1600px) 100vw, 1600px\" \/><button\n\t\t\tclass=\"lightbox-trigger\"\n\t\t\ttype=\"button\"\n\t\t\taria-haspopup=\"dialog\"\n\t\t\tdata-wp-bind--aria-label=\"state.thisImage.triggerButtonAriaLabel\"\n\t\t\tdata-wp-init=\"callbacks.initTriggerButton\"\n\t\t\tdata-wp-on--click=\"actions.showLightbox\"\n\t\t\tdata-wp-style--right=\"state.thisImage.buttonRight\"\n\t\t\tdata-wp-style--top=\"state.thisImage.buttonTop\"\n\t\t>\n\t\t\t<svg xmlns=\"http:\/\/www.w3.org\/2000\/svg\" width=\"12\" height=\"12\" fill=\"none\" viewBox=\"0 0 12 12\">\n\t\t\t\t<path fill=\"#fff\" d=\"M2 0a2 2 0 0 0-2 2v2h1.5V2a.5.5 0 0 1 .5-.5h2V0H2Zm2 10.5H2a.5.5 0 0 1-.5-.5V8H0v2a2 2 0 0 0 2 2h2v-1.5ZM8 12v-1.5h2a.5.5 0 0 0 .5-.5V8H12v2a2 2 0 0 1-2 2H8Zm2-12a2 2 0 0 1 2 2v2h-1.5V2a.5.5 0 0 0-.5-.5H8V0h2Z\" \/>\n\t\t\t<\/svg>\n\t\t<\/button><figcaption class=\"wp-element-caption\">Foto: Keryson Patrick Oliveira Belarmino \/ Google Maps<\/figcaption><\/figure>\n\n\n\n<h3 class=\"wp-block-heading\"><span class=\"ez-toc-section\" id=\"1_Kristus-patsas_Christ_the_Redeemer\"><\/span>1. Kristus-patsas (Christ the Redeemer)<span class=\"ez-toc-section-end\"><\/span><\/h3>\n\n\n\n<p class=\"wp-block-paragraph\">T\u00e4m\u00e4 kolmikymmenmetrinen, Corcovado-vuoren huipulla kohoava ikoni on kiistatta koko Brasilian tunnetuin symboli. <strong>Patsas seisoo 710 metrin korkeudessa, ja pilvet voivat verhota sen kokonaiseksi p\u00e4iv\u00e4ksi<\/strong>, joten on aivan kriittist\u00e4 l\u00e4hte\u00e4 t\u00e4nne vain silloin, kun taivas kaupungin yll\u00e4 on kirkas ja sininen. Huipulta n\u00e4et koko kaupungin kerralla \u2014 Guanabaran lahden, ymp\u00e4r\u00f6iv\u00e4t sademets\u00e4t ja kaukaiset rannat \u2014 ja hyv\u00e4ll\u00e4 n\u00e4kyvyydell\u00e4 ymm\u00e4rr\u00e4t, miksi t\u00e4nne tullaan ymp\u00e4ri maailmaa.<\/p>\n\n\n\n<p class=\"wp-block-paragraph\">Mielenkiintoista on, ett\u00e4 n\u00e4ht\u00e4vyydelle johtaa useita eri reittej\u00e4, joista voit valita budjettisi ja fyysisen kuntosi mukaan. <strong>Kallein ja suosituin vaihtoehto on <a href=\"https:\/\/www.tremdocorcovado.rio\/\" rel=\"nofollow noopener\" target=\"_blank\">historiallinen Corcovadon hammasratasjuna<\/a><\/strong>, hieman edullisemmaksi tulee virallinen minibussi Paineiraksen vierailukeskukselta, ja kaikkein halvin reitti on haastava vaellus. Itse patsas vuodelta 1931 on art deco -tyylin mestariteos, ja sen avoin syli toivottaa symbolisesti tervetulleeksi kaikki kaupungin vieraat.<\/p>\n\n\n\n<p class=\"wp-block-paragraph\">\ud83d\udca1 Vinkki: <strong>Jos p\u00e4\u00e4t\u00e4t l\u00e4hte\u00e4 vaellukselle, se alkaa upeasta Parque Lage -puistosta<\/strong> ja johtaa jyrk\u00e4sti yl\u00f6s tihe\u00e4n sademets\u00e4n l\u00e4pi. Se vie noin kaksi tai kolme tuntia, matkalla tapaat luultavasti uteliaita apinoita, mutta se vaatii tukevat keng\u00e4t ja riitt\u00e4v\u00e4sti juomavett\u00e4, sill\u00e4 nousu trooppisessa kosteudessa on todella uuvuttavaa.<\/p>\n\n\n\n<figure data-wp-context=\"{&quot;imageId&quot;:&quot;6a9c4edb7ad9b&quot;}\" data-wp-interactive=\"core\/image\" data-wp-key=\"6a9c4edb7ad9b\" class=\"wp-block-image size-full wp-lightbox-container\"><img decoding=\"async\" width=\"640\" height=\"480\" data-wp-class--hide=\"state.isContentHidden\" data-wp-class--show=\"state.isContentVisible\" data-wp-init=\"callbacks.setButtonStyles\" data-wp-on--click=\"actions.showLightbox\" data-wp-on--load=\"callbacks.setButtonStyles\" data-wp-on--pointerdown=\"actions.preloadImage\" data-wp-on--pointerenter=\"actions.preloadImageWithDelay\" data-wp-on--pointerleave=\"actions.cancelPreload\" data-wp-on-window--resize=\"callbacks.setButtonStyles\" src=\"https:\/\/loudavymkrokem.cz\/wp-content\/uploads\/2026\/09\/na-cukrovou-homoli.jpg\" alt=\"K\u00f6ysirata Sokeritoppavuorelle (P\u00e3o de A\u00e7\u00facar)\" class=\"wp-image-413170\" title=\"\" srcset=\"https:\/\/loudavymkrokem.cz\/wp-content\/uploads\/2026\/09\/na-cukrovou-homoli.jpg 640w, https:\/\/loudavymkrokem.cz\/wp-content\/uploads\/2026\/09\/na-cukrovou-homoli-300x225.jpg 300w, https:\/\/loudavymkrokem.cz\/wp-content\/uploads\/2026\/09\/na-cukrovou-homoli-80x60.jpg 80w, https:\/\/loudavymkrokem.cz\/wp-content\/uploads\/2026\/09\/na-cukrovou-homoli-160x120.jpg 160w\" sizes=\"(max-width: 640px) 100vw, 640px\" \/><button\n\t\t\tclass=\"lightbox-trigger\"\n\t\t\ttype=\"button\"\n\t\t\taria-haspopup=\"dialog\"\n\t\t\tdata-wp-bind--aria-label=\"state.thisImage.triggerButtonAriaLabel\"\n\t\t\tdata-wp-init=\"callbacks.initTriggerButton\"\n\t\t\tdata-wp-on--click=\"actions.showLightbox\"\n\t\t\tdata-wp-style--right=\"state.thisImage.buttonRight\"\n\t\t\tdata-wp-style--top=\"state.thisImage.buttonTop\"\n\t\t>\n\t\t\t<svg xmlns=\"http:\/\/www.w3.org\/2000\/svg\" width=\"12\" height=\"12\" fill=\"none\" viewBox=\"0 0 12 12\">\n\t\t\t\t<path fill=\"#fff\" d=\"M2 0a2 2 0 0 0-2 2v2h1.5V2a.5.5 0 0 1 .5-.5h2V0H2Zm2 10.5H2a.5.5 0 0 1-.5-.5V8H0v2a2 2 0 0 0 2 2h2v-1.5ZM8 12v-1.5h2a.5.5 0 0 0 .5-.5V8H12v2a2 2 0 0 1-2 2H8Zm2-12a2 2 0 0 1 2 2v2h-1.5V2a.5.5 0 0 0-.5-.5H8V0h2Z\" \/>\n\t\t\t<\/svg>\n\t\t<\/button><figcaption class=\"wp-element-caption\">Foto: S\u00f3 Jesus salvar \/ Google Maps<\/figcaption><\/figure>\n\n\n\n<h3 class=\"wp-block-heading\"><span class=\"ez-toc-section\" id=\"2_Koysirata_Sokeritoppavuorelle_Pao_de_Acucar\"><\/span>2. K\u00f6ysirata Sokeritoppavuorelle (P\u00e3o de A\u00e7\u00facar)<span class=\"ez-toc-section-end\"><\/span><\/h3>\n\n\n\n<p class=\"wp-block-paragraph\">Kaupungin toiseksi merkitt\u00e4vin n\u00e4k\u00f6alapaikka on valtava graniittimonoliitti, joka kohoaa jyrk\u00e4sti suoraan valtameren vesist\u00e4. <strong><a href=\"https:\/\/bondinho.com.br\/\" rel=\"nofollow noopener\" target=\"_blank\">Lasisein\u00e4inen k\u00f6ysirata<\/a> vie sinut yl\u00f6s kahdessa erillisess\u00e4 osuudessa<\/strong>, ja jo ensimm\u00e4iselt\u00e4 vaihtoasemalta Morro da Urca -kukkulalta avautuu fantastinen n\u00e4kym\u00e4 ankkuroituihin jahteihin ja laskeutuviin lentokoneisiin. Sokeritoppavuoren huipulla olet sitten 396 metrin korkeudessa, ja koko kaupunki vastap\u00e4\u00e4t\u00e4 olevine Kristus-patsaineen on kuin k\u00e4mmenell\u00e4si.<\/p>\n\n\n\n<p class=\"wp-block-paragraph\">T\u00e4t\u00e4 geologista ihmett\u00e4 ymp\u00e4r\u00f6i rehev\u00e4 kasvillisuus, ja t\u00e4\u00e4ll\u00e4 voit usein tarkkailla pieni\u00e4 silkkiapinoita, jotka hyppelev\u00e4t iloisesti puiden latvoissa. <strong>Koko vuoristo toimii yhten\u00e4 suurena luonnonmonumenttina<\/strong>, joten vaikka eri kartat esitt\u00e4v\u00e4t usein k\u00f6ysiradan ja kukkulan erillisin\u00e4 paikkoina, kyseess\u00e4 on yksi kompakti el\u00e4mys. N\u00e4kym\u00e4 t\u00e4\u00e4lt\u00e4 on aivan taianomainen etenkin my\u00f6h\u00e4\u00e4n iltap\u00e4iv\u00e4ll\u00e4, kun aurinko laskee hitaasti Tijucan kansallispuiston korkeiden huippujen taakse ja kaupunki alkaa sytty\u00e4 valoihin.<\/p>\n\n\n\n<p class=\"wp-block-paragraph\">\ud83d\udca1 Vinkki: <strong>Jos haluat s\u00e4\u00e4st\u00e4\u00e4 tuntuvasti melko kalliissa lipussa, hy\u00f6dynn\u00e4 Trilha do Morro da Urca -polkua<\/strong>, jota pitkin voit taittaa ensimm\u00e4isen osuuden jalan viidakon l\u00e4pi noin nelj\u00e4ss\u00e4kymmeness\u00e4 minuutissa. Ylh\u00e4\u00e4ll\u00e4 ostat sitten lipun vain toiselle, huipulle viev\u00e4lle k\u00f6ysiradan osuudelle, jolloin puolitat kokonaiskustannukset ja v\u00e4lttyt lis\u00e4ksi pitkilt\u00e4 jonoilta alhaalla lippukassalla.<\/p>\n\n\n\n<figure data-wp-context=\"{&quot;imageId&quot;:&quot;6a9c4edb7b448&quot;}\" data-wp-interactive=\"core\/image\" data-wp-key=\"6a9c4edb7b448\" class=\"wp-block-image size-full wp-lightbox-container\"><img decoding=\"async\" width=\"1200\" height=\"675\" data-wp-class--hide=\"state.isContentHidden\" data-wp-class--show=\"state.isContentVisible\" data-wp-init=\"callbacks.setButtonStyles\" data-wp-on--click=\"actions.showLightbox\" data-wp-on--load=\"callbacks.setButtonStyles\" data-wp-on--pointerdown=\"actions.preloadImage\" data-wp-on--pointerenter=\"actions.preloadImageWithDelay\" data-wp-on--pointerleave=\"actions.cancelPreload\" data-wp-on-window--resize=\"callbacks.setButtonStyles\" src=\"https:\/\/loudavymkrokem.cz\/wp-content\/uploads\/2026\/09\/copacabana.jpg\" alt=\"Copacabanan ranta ja Forte de Copacabana\" class=\"wp-image-413175\" title=\"\" srcset=\"https:\/\/loudavymkrokem.cz\/wp-content\/uploads\/2026\/09\/copacabana.jpg 1200w, https:\/\/loudavymkrokem.cz\/wp-content\/uploads\/2026\/09\/copacabana-300x169.jpg 300w, https:\/\/loudavymkrokem.cz\/wp-content\/uploads\/2026\/09\/copacabana-700x394.jpg 700w, https:\/\/loudavymkrokem.cz\/wp-content\/uploads\/2026\/09\/copacabana-768x432.jpg 768w, https:\/\/loudavymkrokem.cz\/wp-content\/uploads\/2026\/09\/copacabana-696x392.jpg 696w\" sizes=\"(max-width: 1200px) 100vw, 1200px\" \/><button\n\t\t\tclass=\"lightbox-trigger\"\n\t\t\ttype=\"button\"\n\t\t\taria-haspopup=\"dialog\"\n\t\t\tdata-wp-bind--aria-label=\"state.thisImage.triggerButtonAriaLabel\"\n\t\t\tdata-wp-init=\"callbacks.initTriggerButton\"\n\t\t\tdata-wp-on--click=\"actions.showLightbox\"\n\t\t\tdata-wp-style--right=\"state.thisImage.buttonRight\"\n\t\t\tdata-wp-style--top=\"state.thisImage.buttonTop\"\n\t\t>\n\t\t\t<svg xmlns=\"http:\/\/www.w3.org\/2000\/svg\" width=\"12\" height=\"12\" fill=\"none\" viewBox=\"0 0 12 12\">\n\t\t\t\t<path fill=\"#fff\" d=\"M2 0a2 2 0 0 0-2 2v2h1.5V2a.5.5 0 0 1 .5-.5h2V0H2Zm2 10.5H2a.5.5 0 0 1-.5-.5V8H0v2a2 2 0 0 0 2 2h2v-1.5ZM8 12v-1.5h2a.5.5 0 0 0 .5-.5V8H12v2a2 2 0 0 1-2 2H8Zm2-12a2 2 0 0 1 2 2v2h-1.5V2a.5.5 0 0 0-.5-.5H8V0h2Z\" \/>\n\t\t\t<\/svg>\n\t\t<\/button><figcaption class=\"wp-element-caption\">Foto: Alby Set \/ Google Maps<\/figcaption><\/figure>\n\n\n\n<h3 class=\"wp-block-heading\"><span class=\"ez-toc-section\" id=\"3_Copacabanan_ranta_ja_Forte_de_Copacabana\"><\/span>3. Copacabanan ranta ja Forte de Copacabana<span class=\"ez-toc-section-end\"><\/span><\/h3>\n\n\n\n<p class=\"wp-block-paragraph\">Maailmassa ei taida olla kuuluisampaa hiekkakaistaletta kuin t\u00e4m\u00e4 kolme ja puoli kilometri\u00e4 pitk\u00e4 osuus, jota reunustaa ikoninen mustavalkoinen aaltokuvioinen kiveys. <strong>Copacabana on koko Rion sykkiv\u00e4 syd\u00e4n<\/strong>, jossa aikaisesta aamusta my\u00f6h\u00e4iseen iltap\u00e4iv\u00e4\u00e4n pelataan rantalentopalloa, siemaillaan virkist\u00e4vi\u00e4 juomia kioskeilta ja paikalliset tapaavat turisteja ymp\u00e4ri maailmaa. Aallot ovat t\u00e4\u00e4ll\u00e4 melko voimakkaita, mutta leve\u00e4 hienon hiekan vy\u00f6hyke tarjoaa runsaasti tilaa mukavaan auringonottoon ja pitkiin k\u00e4velyihin.<\/p>\n\n\n\n<p class=\"wp-block-paragraph\">Rannan aivan etel\u00e4isimm\u00e4ss\u00e4 p\u00e4\u00e4ss\u00e4 kohoaa ylpe\u00e4n\u00e4 1900-luvun alun historiallinen sotilaslinnoitus, joka toimii nyky\u00e4\u00e4n kiehtovana museona. <strong>Forte de Copacabana tarjoaa aivan t\u00e4ydellisen n\u00e4kym\u00e4n koko rannan pituudelle<\/strong> aina majesteettiselle Sokeritoppavuorelle asti kaukaisuudessa. Alueen sis\u00e4ll\u00e4 voit tutustua s\u00e4ilyneisiin tykkeihin, historiallisiin univormuihin ja vanhoihin valokuviin, jotka kertovat t\u00e4m\u00e4n valtavan etel\u00e4amerikkalaisen maan mutkikkaasta sotilashistoriasta.<\/p>\n\n\n\n<p class=\"wp-block-paragraph\">\ud83d\udca1 Vinkki: <strong>Linnoituksen sis\u00e4ll\u00e4 on kuuluisa Confeitaria Colombo -kahvila<\/strong>, jossa voit istua ulkoterassille, tilata erinomaisen kahvin p\u00e3o de queijo -juustopullan kera ja nauttia t\u00e4ydellisest\u00e4 rauhasta vilkkaiden rantav\u00e4kijoukkojen ulottumattomissa. Muista kuitenkin, ett\u00e4 promenadilla kuljetaan vain p\u00e4iv\u00e4ll\u00e4, pime\u00e4n tultua valitse mieluummin taksi.<\/p>\n\n\n\n<figure data-wp-context=\"{&quot;imageId&quot;:&quot;6a9c4edb7ba8e&quot;}\" data-wp-interactive=\"core\/image\" data-wp-key=\"6a9c4edb7ba8e\" class=\"wp-block-image size-full wp-lightbox-container\"><img decoding=\"async\" width=\"1200\" height=\"900\" data-wp-class--hide=\"state.isContentHidden\" data-wp-class--show=\"state.isContentVisible\" data-wp-init=\"callbacks.setButtonStyles\" data-wp-on--click=\"actions.showLightbox\" data-wp-on--load=\"callbacks.setButtonStyles\" data-wp-on--pointerdown=\"actions.preloadImage\" data-wp-on--pointerenter=\"actions.preloadImageWithDelay\" data-wp-on--pointerleave=\"actions.cancelPreload\" data-wp-on-window--resize=\"callbacks.setButtonStyles\" src=\"https:\/\/loudavymkrokem.cz\/wp-content\/uploads\/2026\/09\/ipanema.jpg\" alt=\"Ipaneman ranta ja pelastusasemien j\u00e4rjestelm\u00e4\" class=\"wp-image-413179\" title=\"\" srcset=\"https:\/\/loudavymkrokem.cz\/wp-content\/uploads\/2026\/09\/ipanema.jpg 1200w, https:\/\/loudavymkrokem.cz\/wp-content\/uploads\/2026\/09\/ipanema-300x225.jpg 300w, https:\/\/loudavymkrokem.cz\/wp-content\/uploads\/2026\/09\/ipanema-700x525.jpg 700w, https:\/\/loudavymkrokem.cz\/wp-content\/uploads\/2026\/09\/ipanema-768x576.jpg 768w, https:\/\/loudavymkrokem.cz\/wp-content\/uploads\/2026\/09\/ipanema-80x60.jpg 80w, https:\/\/loudavymkrokem.cz\/wp-content\/uploads\/2026\/09\/ipanema-160x120.jpg 160w, https:\/\/loudavymkrokem.cz\/wp-content\/uploads\/2026\/09\/ipanema-696x522.jpg 696w\" sizes=\"(max-width: 1200px) 100vw, 1200px\" \/><button\n\t\t\tclass=\"lightbox-trigger\"\n\t\t\ttype=\"button\"\n\t\t\taria-haspopup=\"dialog\"\n\t\t\tdata-wp-bind--aria-label=\"state.thisImage.triggerButtonAriaLabel\"\n\t\t\tdata-wp-init=\"callbacks.initTriggerButton\"\n\t\t\tdata-wp-on--click=\"actions.showLightbox\"\n\t\t\tdata-wp-style--right=\"state.thisImage.buttonRight\"\n\t\t\tdata-wp-style--top=\"state.thisImage.buttonTop\"\n\t\t>\n\t\t\t<svg xmlns=\"http:\/\/www.w3.org\/2000\/svg\" width=\"12\" height=\"12\" fill=\"none\" viewBox=\"0 0 12 12\">\n\t\t\t\t<path fill=\"#fff\" d=\"M2 0a2 2 0 0 0-2 2v2h1.5V2a.5.5 0 0 1 .5-.5h2V0H2Zm2 10.5H2a.5.5 0 0 1-.5-.5V8H0v2a2 2 0 0 0 2 2h2v-1.5ZM8 12v-1.5h2a.5.5 0 0 0 .5-.5V8H12v2a2 2 0 0 1-2 2H8Zm2-12a2 2 0 0 1 2 2v2h-1.5V2a.5.5 0 0 0-.5-.5H8V0h2Z\" \/>\n\t\t\t<\/svg>\n\t\t<\/button><figcaption class=\"wp-element-caption\">Foto: Alby Set \/ Google Maps<\/figcaption><\/figure>\n\n\n\n<h3 class=\"wp-block-heading\"><span class=\"ez-toc-section\" id=\"4_Ipaneman_ranta_ja_pelastusasemien_jarjestelma\"><\/span>4. Ipaneman ranta ja pelastusasemien j\u00e4rjestelm\u00e4<span class=\"ez-toc-section-end\"><\/span><\/h3>\n\n\n\n<p class=\"wp-block-paragraph\">Jos Copacabana edustaa massaturismia, Ipanema on tyylikkyyden, muodin ja rennon rantael\u00e4m\u00e4ntyylin symboli. <strong>T\u00e4m\u00e4 ranta on kuuluisa uskomattoman puhtaasta vedest\u00e4\u00e4n ja upeista n\u00e4kymist\u00e4\u00e4n Dois Irm\u00e3os -vuoristolle<\/strong>, joka muodostaa t\u00e4ydellisen taustan jokaiselle valokuvalle. Hiekka on t\u00e4\u00e4ll\u00e4 hieman hienompaa, ja kokonaistunnelma houkuttelee ennemminkin nuorempaa sukupolvea, taiteilijoita ja designin yst\u00e4vi\u00e4, jotka virtaavat t\u00e4nne l\u00e4heisilt\u00e4 boutique-kaduilta.<\/p>\n\n\n\n<p class=\"wp-block-paragraph\">Suunnistamiseen pitk\u00e4ll\u00e4 rantaviivalla paikalliset asukkaat k\u00e4ytt\u00e4v\u00e4t niin kutsuttuja postoja, jotka ovat s\u00e4\u00e4nn\u00f6llisin v\u00e4lein sijoitettuja numeroituja pelastusasemia. <strong>Kuuluisin kohta on ep\u00e4ilem\u00e4tt\u00e4 Posto 9 Ipanemalla<\/strong>, joka on historiallisesti toiminut p\u00e4\u00e4v\u00e4l\u00e4ht\u00f6isen\u00e4 kohtaamispaikkana, jonne ihmiset tulevat pit\u00e4m\u00e4\u00e4n hauskaa, esittelem\u00e4\u00e4n uusia uimapukuja ja keskustelemaan el\u00e4m\u00e4st\u00e4. Jokaisella postolla on oma erityinen tunnelmansa, ja se houkuttelee hieman erilaista ryhm\u00e4\u00e4 ihmisi\u00e4, lapsiperheist\u00e4 intohimoisiin urheilijoihin.<\/p>\n\n\n\n<p class=\"wp-block-paragraph\">\ud83d\udca1 Vinkki: <strong>Kun n\u00e4lk\u00e4 yll\u00e4tt\u00e4\u00e4, sinun ei tarvitse poistua rannalta lainkaan, riitt\u00e4\u00e4 ett\u00e4 ostat rantamyyjilt\u00e4 kulhon j\u00e4ist\u00e4 a\u00e7a\u00edta<\/strong>, joka on paksua violettia sosetta Amazonin palmuista, p\u00e4\u00e4llystettyn\u00e4 rapealla granolalla ja banaanilla. Se on t\u00e4ydellinen, virkist\u00e4v\u00e4 ja t\u00e4ysin lihaton herkku, joka antaa trooppisessa kuumuudessa heti tarvittavaa energiaa seuraavaa uintia varten.<\/p>\n\n\n\n<figure data-wp-context=\"{&quot;imageId&quot;:&quot;6a9c4edb7c071&quot;}\" data-wp-interactive=\"core\/image\" data-wp-key=\"6a9c4edb7c071\" class=\"wp-block-image size-full wp-lightbox-container\"><img decoding=\"async\" width=\"1600\" height=\"739\" data-wp-class--hide=\"state.isContentHidden\" data-wp-class--show=\"state.isContentVisible\" data-wp-init=\"callbacks.setButtonStyles\" data-wp-on--click=\"actions.showLightbox\" data-wp-on--load=\"callbacks.setButtonStyles\" data-wp-on--pointerdown=\"actions.preloadImage\" data-wp-on--pointerenter=\"actions.preloadImageWithDelay\" data-wp-on--pointerleave=\"actions.cancelPreload\" data-wp-on-window--resize=\"callbacks.setButtonStyles\" src=\"https:\/\/loudavymkrokem.cz\/wp-content\/uploads\/2026\/09\/leblon.jpg\" alt=\"Leblonin ranta ja Mirante do Leblon -n\u00e4k\u00f6alapaikka\" class=\"wp-image-413183\" title=\"\" srcset=\"https:\/\/loudavymkrokem.cz\/wp-content\/uploads\/2026\/09\/leblon.jpg 1600w, https:\/\/loudavymkrokem.cz\/wp-content\/uploads\/2026\/09\/leblon-300x139.jpg 300w, https:\/\/loudavymkrokem.cz\/wp-content\/uploads\/2026\/09\/leblon-700x323.jpg 700w, https:\/\/loudavymkrokem.cz\/wp-content\/uploads\/2026\/09\/leblon-768x355.jpg 768w, https:\/\/loudavymkrokem.cz\/wp-content\/uploads\/2026\/09\/leblon-1536x709.jpg 1536w, https:\/\/loudavymkrokem.cz\/wp-content\/uploads\/2026\/09\/leblon-696x321.jpg 696w, https:\/\/loudavymkrokem.cz\/wp-content\/uploads\/2026\/09\/leblon-1392x643.jpg 1392w\" sizes=\"(max-width: 1600px) 100vw, 1600px\" \/><button\n\t\t\tclass=\"lightbox-trigger\"\n\t\t\ttype=\"button\"\n\t\t\taria-haspopup=\"dialog\"\n\t\t\tdata-wp-bind--aria-label=\"state.thisImage.triggerButtonAriaLabel\"\n\t\t\tdata-wp-init=\"callbacks.initTriggerButton\"\n\t\t\tdata-wp-on--click=\"actions.showLightbox\"\n\t\t\tdata-wp-style--right=\"state.thisImage.buttonRight\"\n\t\t\tdata-wp-style--top=\"state.thisImage.buttonTop\"\n\t\t>\n\t\t\t<svg xmlns=\"http:\/\/www.w3.org\/2000\/svg\" width=\"12\" height=\"12\" fill=\"none\" viewBox=\"0 0 12 12\">\n\t\t\t\t<path fill=\"#fff\" d=\"M2 0a2 2 0 0 0-2 2v2h1.5V2a.5.5 0 0 1 .5-.5h2V0H2Zm2 10.5H2a.5.5 0 0 1-.5-.5V8H0v2a2 2 0 0 0 2 2h2v-1.5ZM8 12v-1.5h2a.5.5 0 0 0 .5-.5V8H12v2a2 2 0 0 1-2 2H8Zm2-12a2 2 0 0 1 2 2v2h-1.5V2a.5.5 0 0 0-.5-.5H8V0h2Z\" \/>\n\t\t\t<\/svg>\n\t\t<\/button><figcaption class=\"wp-element-caption\">Foto: Cassiano Neto \/ Google Maps<\/figcaption><\/figure>\n\n\n\n<h3 class=\"wp-block-heading\"><span class=\"ez-toc-section\" id=\"5_Leblonin_ranta_ja_Mirante_do_Leblon_-nakoalapaikka\"><\/span>5. Leblonin ranta ja Mirante do Leblon -n\u00e4k\u00f6alapaikka<span class=\"ez-toc-section-end\"><\/span><\/h3>\n\n\n\n<p class=\"wp-block-paragraph\">Heti Ipaneman erottavan kanavan takana levitt\u00e4ytyy eksklusiivinen Leblonin kaupunginosa omine, paljon rauhallisempine rantoineen. <strong>Lebloni\u00e4 pidet\u00e4\u00e4n koko kaupungin turvallisimpana ja arvostetuimpana osana<\/strong>, mik\u00e4 n\u00e4kyy paitsi vakavien rikosten nollatilastossa my\u00f6s paikallisten kioskien siisteydess\u00e4 ja koko rantabulevardin puhtaudessa. Ranta on paikallisten asukkaiden, lapsiperheiden ja tunnettujen henkil\u00f6iden valtakuntaa, jotka tulevat t\u00e4nne rentoutumaan aurinkovarjojen alle kauas suurimmasta turistih\u00e4lin\u00e4st\u00e4.<\/p>\n\n\n\n<p class=\"wp-block-paragraph\">Rannan aivan p\u00e4\u00e4ss\u00e4, miss\u00e4 tie alkaa kohota jyrkkiin kukkuloihin, l\u00f6yd\u00e4t upean puuterassin, joka kohoaa jylisev\u00e4n valtameren yll\u00e4. <strong>Mirante do Leblon -n\u00e4k\u00f6alapaikka tarjoaa sinulle ikonisen n\u00e4kym\u00e4n koko Leblonin ja Ipaneman rantojen pituudelle<\/strong>, joita reunustavat palmut ja korkeat modernit rakennukset. Erityisesti iltap\u00e4ivisin t\u00e4nne kokoontuu ihmisi\u00e4 py\u00f6rill\u00e4 ostamaan pienilt\u00e4 kojuilta j\u00e4\u00e4hdytetty\u00e4 kookosvett\u00e4 ja katsomaan, kuinka kaupunki hiljalleen k\u00e4y nukkumaan.<\/p>\n\n\n\n<p class=\"wp-block-paragraph\">\ud83d\udca1 Vinkki: <strong>Aivan n\u00e4k\u00f6alapaikalla toimii muutama pieni baari, joissa voit nauttia tuoretta trooppisten hedelmien mehua<\/strong> ja kuunnella valtavien aaltojen kohinaa, kun ne murtuvat kallioita vasten suoraan allasi. Se on ihanteellinen paikka romanttiseen pitk\u00e4n p\u00e4iv\u00e4n p\u00e4\u00e4t\u00f6kseen, ja lis\u00e4ksi t\u00e4nne p\u00e4\u00e4set rannalta mukavalla k\u00e4velyll\u00e4 turvallista promenadia pitkin.<\/p>\n\n\n\n<figure data-wp-context=\"{&quot;imageId&quot;:&quot;6a9c4edb7c760&quot;}\" data-wp-interactive=\"core\/image\" data-wp-key=\"6a9c4edb7c760\" class=\"wp-block-image size-full wp-lightbox-container\"><img decoding=\"async\" width=\"1600\" height=\"1068\" data-wp-class--hide=\"state.isContentHidden\" data-wp-class--show=\"state.isContentVisible\" data-wp-init=\"callbacks.setButtonStyles\" data-wp-on--click=\"actions.showLightbox\" data-wp-on--load=\"callbacks.setButtonStyles\" data-wp-on--pointerdown=\"actions.preloadImage\" data-wp-on--pointerenter=\"actions.preloadImageWithDelay\" data-wp-on--pointerleave=\"actions.cancelPreload\" data-wp-on-window--resize=\"callbacks.setButtonStyles\" src=\"https:\/\/loudavymkrokem.cz\/wp-content\/uploads\/2026\/09\/pedra-do-arpoador.jpg\" alt=\"Pedra do Arpoador -kallioniemi\" class=\"wp-image-413187\" title=\"\" srcset=\"https:\/\/loudavymkrokem.cz\/wp-content\/uploads\/2026\/09\/pedra-do-arpoador.jpg 1600w, https:\/\/loudavymkrokem.cz\/wp-content\/uploads\/2026\/09\/pedra-do-arpoador-300x200.jpg 300w, https:\/\/loudavymkrokem.cz\/wp-content\/uploads\/2026\/09\/pedra-do-arpoador-700x467.jpg 700w, https:\/\/loudavymkrokem.cz\/wp-content\/uploads\/2026\/09\/pedra-do-arpoador-768x513.jpg 768w, https:\/\/loudavymkrokem.cz\/wp-content\/uploads\/2026\/09\/pedra-do-arpoador-1536x1025.jpg 1536w, https:\/\/loudavymkrokem.cz\/wp-content\/uploads\/2026\/09\/pedra-do-arpoador-696x465.jpg 696w, https:\/\/loudavymkrokem.cz\/wp-content\/uploads\/2026\/09\/pedra-do-arpoador-1392x929.jpg 1392w\" sizes=\"(max-width: 1600px) 100vw, 1600px\" \/><button\n\t\t\tclass=\"lightbox-trigger\"\n\t\t\ttype=\"button\"\n\t\t\taria-haspopup=\"dialog\"\n\t\t\tdata-wp-bind--aria-label=\"state.thisImage.triggerButtonAriaLabel\"\n\t\t\tdata-wp-init=\"callbacks.initTriggerButton\"\n\t\t\tdata-wp-on--click=\"actions.showLightbox\"\n\t\t\tdata-wp-style--right=\"state.thisImage.buttonRight\"\n\t\t\tdata-wp-style--top=\"state.thisImage.buttonTop\"\n\t\t>\n\t\t\t<svg xmlns=\"http:\/\/www.w3.org\/2000\/svg\" width=\"12\" height=\"12\" fill=\"none\" viewBox=\"0 0 12 12\">\n\t\t\t\t<path fill=\"#fff\" d=\"M2 0a2 2 0 0 0-2 2v2h1.5V2a.5.5 0 0 1 .5-.5h2V0H2Zm2 10.5H2a.5.5 0 0 1-.5-.5V8H0v2a2 2 0 0 0 2 2h2v-1.5ZM8 12v-1.5h2a.5.5 0 0 0 .5-.5V8H12v2a2 2 0 0 1-2 2H8Zm2-12a2 2 0 0 1 2 2v2h-1.5V2a.5.5 0 0 0-.5-.5H8V0h2Z\" \/>\n\t\t\t<\/svg>\n\t\t<\/button><figcaption class=\"wp-element-caption\">Foto: Maur\u00edcio Moreno \/ Google Maps<\/figcaption><\/figure>\n\n\n\n<h3 class=\"wp-block-heading\"><span class=\"ez-toc-section\" id=\"6_Pedra_do_Arpoador_-kallioniemi\"><\/span>6. Pedra do Arpoador -kallioniemi<span class=\"ez-toc-section-end\"><\/span><\/h3>\n\n\n\n<p class=\"wp-block-paragraph\">Vilkkaan Copacabanan ja tyylikk\u00e4\u00e4n Ipaneman v\u00e4list\u00e4 ty\u00f6ntyy syv\u00e4lle valtamereen valtava kalliomassa, joka muodostaa luonnollisen rajan molempien lahtien v\u00e4lille. <strong>Pedra do Arpoador on t\u00e4ydellinen legenda surffaajien keskuudessa<\/strong>, sill\u00e4 juuri t\u00e4\u00e4ll\u00e4 murtuvat koko kaupungin parhaat ja tasaisimmat aallot. P\u00e4iv\u00e4ll\u00e4 voit tarkkailla kallioilta kymmeni\u00e4 urheilijoita, kuinka he kesytt\u00e4v\u00e4t taidokkaasti meren voimaa, samalla kun nojaat l\u00e4mpim\u00e4\u00e4n kiveen ja hengit\u00e4t suolaista valtameri-ilmaa.<\/p>\n\n\n\n<p class=\"wp-block-paragraph\">P\u00e4\u00e4esitys t\u00e4\u00e4ll\u00e4 alkaa kuitenkin vasta iltah\u00e4m\u00e4riss\u00e4, kun kalliot t\u00e4yttyv\u00e4t sadoista ihmisist\u00e4, joilla on yksi yhteinen tavoite. <strong>Perinne velvoittaa, ett\u00e4 heti kun aurinko laskee majesteettisen Dois Irm\u00e3os -vuoren taakse, koko v\u00e4kijoukko alkaa innokkaasti taputtaa<\/strong>, kiitt\u00e4en n\u00e4in luontoa uudesta upeasta p\u00e4iv\u00e4st\u00e4 t\u00e4ss\u00e4 paratiisikaupungissa. Se on uskomattoman voimakas ja tunteikas el\u00e4mys, joka kuvastaa t\u00e4ydellisesti l\u00e4mmint\u00e4 ja iloista brasilialaista luonnetta, johon rakastut heti.<\/p>\n\n\n\n<p class=\"wp-block-paragraph\">\ud83d\udca1 Vinkki: <strong>Tule t\u00e4nne ainakin tunti ennen itse auringonlaskua, jotta l\u00f6yd\u00e4t hyv\u00e4n istumapaikan<\/strong>, sill\u00e4 kalliot ovat usein aivan t\u00e4p\u00f6t\u00e4ynn\u00e4. Paluumatkalla kannattaa poiketa johonkin l\u00e4hialueen japanilaiseen tai italialaiseen ravintolaan \u2014 jos et pid\u00e4 lihasta, t\u00e4\u00e4ll\u00e4 p\u00e4\u00e4set nautintoihin.<\/p>\n\n\n\n<figure data-wp-context=\"{&quot;imageId&quot;:&quot;6a9c4edb7ce18&quot;}\" data-wp-interactive=\"core\/image\" data-wp-key=\"6a9c4edb7ce18\" class=\"wp-block-image size-full wp-lightbox-container\"><img decoding=\"async\" width=\"1254\" height=\"836\" data-wp-class--hide=\"state.isContentHidden\" data-wp-class--show=\"state.isContentVisible\" data-wp-init=\"callbacks.setButtonStyles\" data-wp-on--click=\"actions.showLightbox\" data-wp-on--load=\"callbacks.setButtonStyles\" data-wp-on--pointerdown=\"actions.preloadImage\" data-wp-on--pointerenter=\"actions.preloadImageWithDelay\" data-wp-on--pointerleave=\"actions.cancelPreload\" data-wp-on-window--resize=\"callbacks.setButtonStyles\" src=\"https:\/\/loudavymkrokem.cz\/wp-content\/uploads\/2026\/09\/escadaria-selar-n.jpg\" alt=\"Escadaria Selar\u00f3n -portaikko\" class=\"wp-image-413192\" title=\"\" srcset=\"https:\/\/loudavymkrokem.cz\/wp-content\/uploads\/2026\/09\/escadaria-selar-n.jpg 1254w, https:\/\/loudavymkrokem.cz\/wp-content\/uploads\/2026\/09\/escadaria-selar-n-300x200.jpg 300w, https:\/\/loudavymkrokem.cz\/wp-content\/uploads\/2026\/09\/escadaria-selar-n-700x467.jpg 700w, https:\/\/loudavymkrokem.cz\/wp-content\/uploads\/2026\/09\/escadaria-selar-n-768x512.jpg 768w, https:\/\/loudavymkrokem.cz\/wp-content\/uploads\/2026\/09\/escadaria-selar-n-696x464.jpg 696w\" sizes=\"(max-width: 1254px) 100vw, 1254px\" \/><button\n\t\t\tclass=\"lightbox-trigger\"\n\t\t\ttype=\"button\"\n\t\t\taria-haspopup=\"dialog\"\n\t\t\tdata-wp-bind--aria-label=\"state.thisImage.triggerButtonAriaLabel\"\n\t\t\tdata-wp-init=\"callbacks.initTriggerButton\"\n\t\t\tdata-wp-on--click=\"actions.showLightbox\"\n\t\t\tdata-wp-style--right=\"state.thisImage.buttonRight\"\n\t\t\tdata-wp-style--top=\"state.thisImage.buttonTop\"\n\t\t>\n\t\t\t<svg xmlns=\"http:\/\/www.w3.org\/2000\/svg\" width=\"12\" height=\"12\" fill=\"none\" viewBox=\"0 0 12 12\">\n\t\t\t\t<path fill=\"#fff\" d=\"M2 0a2 2 0 0 0-2 2v2h1.5V2a.5.5 0 0 1 .5-.5h2V0H2Zm2 10.5H2a.5.5 0 0 1-.5-.5V8H0v2a2 2 0 0 0 2 2h2v-1.5ZM8 12v-1.5h2a.5.5 0 0 0 .5-.5V8H12v2a2 2 0 0 1-2 2H8Zm2-12a2 2 0 0 1 2 2v2h-1.5V2a.5.5 0 0 0-.5-.5H8V0h2Z\" \/>\n\t\t\t<\/svg>\n\t\t<\/button><figcaption class=\"wp-element-caption\">Foto: Imanol Gallego \/ Google Maps<\/figcaption><\/figure>\n\n\n\n<h3 class=\"wp-block-heading\"><span class=\"ez-toc-section\" id=\"7_Escadaria_Selaron_-portaikko\"><\/span>7. Escadaria Selar\u00f3n -portaikko<span class=\"ez-toc-section-end\"><\/span><\/h3>\n\n\n\n<p class=\"wp-block-paragraph\">Boheemissa Lapan kaupunginosassa t\u00f6rm\u00e4\u00e4t portaikkoon, jonka tunnistat Instagramista heti \u2014 vaikket tiet\u00e4isik\u00e4\u00e4n sen nime\u00e4. <strong>Escadaria Selar\u00f3n on monumentaalinen, 215 askelmasta koostuva portaikko<\/strong>, jonka chilel\u00e4inen taiteilija Jorge Selar\u00f3n p\u00e4\u00e4llysti v\u00e4hitellen tuhansilla kirkkaanv\u00e4risill\u00e4 laatoilla ymp\u00e4ri maailmaa. H\u00e4n loi el\u00e4m\u00e4nty\u00f6ns\u00e4 yli kahdenkymmenen vuoden ajan brasilialaisen kansan kunniaksi, ja nyky\u00e4\u00e4n t\u00e4m\u00e4 v\u00e4rikyll\u00e4inen k\u00e4yt\u00e4v\u00e4 on ehdoton pakko jokaiselle kaupungin vieraalle.<\/p>\n\n\n\n<p class=\"wp-block-paragraph\">Tarkalla tutkimisella huomaat, ett\u00e4 laatat ovat per\u00e4isin yli kuudestakymmenest\u00e4 maasta, ja monet niist\u00e4 l\u00e4hettiv\u00e4t h\u00e4nelle h\u00e4nen v\u00e4sym\u00e4tt\u00f6m\u00e4n ty\u00f6ns\u00e4 fanit itse. <strong>Jokainen keramiikanpala kertoo oman tarinansa, ja koko mosaiikki muuttuu jatkuvasti<\/strong>, kun nouset yh\u00e4 ylemm\u00e4s kohti Santa Teresan taiteilijakaupunginosaa. Paikan tunnelmaa t\u00e4ydent\u00e4v\u00e4t usein katumuusikot ja pienten matkamuistojen myyj\u00e4t, jotka tuovat portaikolle aitoa paikallista v\u00e4ri\u00e4.<\/p>\n\n\n\n<p class=\"wp-block-paragraph\">\ud83d\udca1 Vinkki: <strong>L\u00e4hde t\u00e4nne heti aikaisin aamulla, mieluiten noin kahdeksalta, muuten kuviisi tulee joukoittain muita turisteja<\/strong>, sill\u00e4 p\u00e4iv\u00e4n mittaan portaille muodostuu valtavia ruuhkia. Portaikko yhdist\u00e4\u00e4 Lapan kaupunginosan Santa Teresaan, joten sen voitettuasi voit jatkaa saumattomasti historiallisten kujien tutkimista ylh\u00e4\u00e4ll\u00e4 kukkulalla.<\/p>\n\n\n\n<figure data-wp-context=\"{&quot;imageId&quot;:&quot;6a9c4edb7d62c&quot;}\" data-wp-interactive=\"core\/image\" data-wp-key=\"6a9c4edb7d62c\" class=\"wp-block-image size-full wp-lightbox-container\"><img decoding=\"async\" width=\"1080\" height=\"1350\" data-wp-class--hide=\"state.isContentHidden\" data-wp-class--show=\"state.isContentVisible\" data-wp-init=\"callbacks.setButtonStyles\" data-wp-on--click=\"actions.showLightbox\" data-wp-on--load=\"callbacks.setButtonStyles\" data-wp-on--pointerdown=\"actions.preloadImage\" data-wp-on--pointerenter=\"actions.preloadImageWithDelay\" data-wp-on--pointerleave=\"actions.cancelPreload\" data-wp-on-window--resize=\"callbacks.setButtonStyles\" src=\"https:\/\/loudavymkrokem.cz\/wp-content\/uploads\/2026\/09\/santa-teresa.jpg\" alt=\"Santa Teresan kaupunginosa ja historiallinen raitiovaunu\" class=\"wp-image-413195\" title=\"\" srcset=\"https:\/\/loudavymkrokem.cz\/wp-content\/uploads\/2026\/09\/santa-teresa.jpg 1080w, https:\/\/loudavymkrokem.cz\/wp-content\/uploads\/2026\/09\/santa-teresa-240x300.jpg 240w, https:\/\/loudavymkrokem.cz\/wp-content\/uploads\/2026\/09\/santa-teresa-700x875.jpg 700w, https:\/\/loudavymkrokem.cz\/wp-content\/uploads\/2026\/09\/santa-teresa-768x960.jpg 768w, https:\/\/loudavymkrokem.cz\/wp-content\/uploads\/2026\/09\/santa-teresa-696x870.jpg 696w\" sizes=\"(max-width: 1080px) 100vw, 1080px\" \/><button\n\t\t\tclass=\"lightbox-trigger\"\n\t\t\ttype=\"button\"\n\t\t\taria-haspopup=\"dialog\"\n\t\t\tdata-wp-bind--aria-label=\"state.thisImage.triggerButtonAriaLabel\"\n\t\t\tdata-wp-init=\"callbacks.initTriggerButton\"\n\t\t\tdata-wp-on--click=\"actions.showLightbox\"\n\t\t\tdata-wp-style--right=\"state.thisImage.buttonRight\"\n\t\t\tdata-wp-style--top=\"state.thisImage.buttonTop\"\n\t\t>\n\t\t\t<svg xmlns=\"http:\/\/www.w3.org\/2000\/svg\" width=\"12\" height=\"12\" fill=\"none\" viewBox=\"0 0 12 12\">\n\t\t\t\t<path fill=\"#fff\" d=\"M2 0a2 2 0 0 0-2 2v2h1.5V2a.5.5 0 0 1 .5-.5h2V0H2Zm2 10.5H2a.5.5 0 0 1-.5-.5V8H0v2a2 2 0 0 0 2 2h2v-1.5ZM8 12v-1.5h2a.5.5 0 0 0 .5-.5V8H12v2a2 2 0 0 1-2 2H8Zm2-12a2 2 0 0 1 2 2v2h-1.5V2a.5.5 0 0 0-.5-.5H8V0h2Z\" \/>\n\t\t\t<\/svg>\n\t\t<\/button><figcaption class=\"wp-element-caption\">Foto: Guilherme Carvalho \/ Google Maps<\/figcaption><\/figure>\n\n\n\n<h3 class=\"wp-block-heading\"><span class=\"ez-toc-section\" id=\"8_Santa_Teresan_kaupunginosa_ja_historiallinen_raitiovaunu\"><\/span>8. Santa Teresan kaupunginosa ja historiallinen raitiovaunu<span class=\"ez-toc-section-end\"><\/span><\/h3>\n\n\n\n<p class=\"wp-block-paragraph\">Korkealla kukkuloilla vilkkaan keskustan yl\u00e4puolella lymy\u00e4\u00e4 pittoreski kaupunginosa, joka on kuin toiselta vuosisadalta. <strong>Santa Teresa on t\u00e4ynn\u00e4 kapeita kivettyj\u00e4 kujia, vanhoja siirtomaa-aikaisia huviloita ja itsen\u00e4isi\u00e4 taideateljeita<\/strong>, mink\u00e4 ansiosta se on ansainnut lempinimen Brasilian Montmartre. Paikallisilta n\u00e4k\u00f6alapaikoilta avautuu upeita n\u00e4kymi\u00e4 lahdelle ja moderneille pilvenpiirt\u00e4jille syv\u00e4ll\u00e4 allasi, samalla kun istut rauhallisessa kahvilassa isokasvuisten puiden varjossa.<\/p>\n\n\n\n<p class=\"wp-block-paragraph\">Ikonisin tapa p\u00e4\u00e4st\u00e4 t\u00e4h\u00e4n jyrkk\u00e4\u00e4n kaupunginosaan on kyyti kuuluisalla keltaisella raitiovaunulla, jota kutsutaan bondinhoksi. <strong>Historiallinen raitiovaunu l\u00e4htee Santa Teresan raitioteiden asemalta keskustassa ja kiipe\u00e4\u00e4 kolisten jyrkkiin kukkuloihin<\/strong>, ylitt\u00e4en matkalla valtavan valkoisen akveduktin. Se on ihana nostalginen el\u00e4mys, jonka aikana tunnet tuulen hiuksissasi ja n\u00e4et kaupungin t\u00e4ysin ainutlaatuisesta, hieman kohotetusta n\u00e4k\u00f6kulmasta.<\/p>\n\n\n\n<p class=\"wp-block-paragraph\">\ud83d\udca1 Vinkki: <strong>Paikallisissa vieh\u00e4tt\u00e4viss\u00e4 bistroissa tilaa ehdottomasti erinomainen tapioca, joka on gluteeniton lettu maniokkijauhosta<\/strong>, jonka he t\u00e4ytt\u00e4v\u00e4t mielell\u00e4\u00e4n juustolla, tomaateilla ja tuoreilla yrteill\u00e4. Se on perinteinen, t\u00e4ytt\u00e4v\u00e4 mutta silti kevyt lihaton ruoka, joka sopii t\u00e4ydellisesti t\u00e4m\u00e4n taiteilijakaupunginosan rentoon tunnelmaan.<\/p>\n\n\n\n<figure data-wp-context=\"{&quot;imageId&quot;:&quot;6a9c4edb7dcb4&quot;}\" data-wp-interactive=\"core\/image\" data-wp-key=\"6a9c4edb7dcb4\" class=\"wp-block-image size-full wp-lightbox-container\"><img decoding=\"async\" width=\"1600\" height=\"1600\" data-wp-class--hide=\"state.isContentHidden\" data-wp-class--show=\"state.isContentVisible\" data-wp-init=\"callbacks.setButtonStyles\" data-wp-on--click=\"actions.showLightbox\" data-wp-on--load=\"callbacks.setButtonStyles\" data-wp-on--pointerdown=\"actions.preloadImage\" data-wp-on--pointerenter=\"actions.preloadImageWithDelay\" data-wp-on--pointerleave=\"actions.cancelPreload\" data-wp-on-window--resize=\"callbacks.setButtonStyles\" src=\"https:\/\/loudavymkrokem.cz\/wp-content\/uploads\/2026\/09\/arcos-da-lapa.jpg\" alt=\"Arcos da Lapa -akvedukti\" class=\"wp-image-413198\" title=\"\" srcset=\"https:\/\/loudavymkrokem.cz\/wp-content\/uploads\/2026\/09\/arcos-da-lapa.jpg 1600w, https:\/\/loudavymkrokem.cz\/wp-content\/uploads\/2026\/09\/arcos-da-lapa-300x300.jpg 300w, https:\/\/loudavymkrokem.cz\/wp-content\/uploads\/2026\/09\/arcos-da-lapa-700x700.jpg 700w, https:\/\/loudavymkrokem.cz\/wp-content\/uploads\/2026\/09\/arcos-da-lapa-150x150.jpg 150w, https:\/\/loudavymkrokem.cz\/wp-content\/uploads\/2026\/09\/arcos-da-lapa-768x768.jpg 768w, https:\/\/loudavymkrokem.cz\/wp-content\/uploads\/2026\/09\/arcos-da-lapa-1536x1536.jpg 1536w, https:\/\/loudavymkrokem.cz\/wp-content\/uploads\/2026\/09\/arcos-da-lapa-696x696.jpg 696w, https:\/\/loudavymkrokem.cz\/wp-content\/uploads\/2026\/09\/arcos-da-lapa-1392x1392.jpg 1392w\" sizes=\"(max-width: 1600px) 100vw, 1600px\" \/><button\n\t\t\tclass=\"lightbox-trigger\"\n\t\t\ttype=\"button\"\n\t\t\taria-haspopup=\"dialog\"\n\t\t\tdata-wp-bind--aria-label=\"state.thisImage.triggerButtonAriaLabel\"\n\t\t\tdata-wp-init=\"callbacks.initTriggerButton\"\n\t\t\tdata-wp-on--click=\"actions.showLightbox\"\n\t\t\tdata-wp-style--right=\"state.thisImage.buttonRight\"\n\t\t\tdata-wp-style--top=\"state.thisImage.buttonTop\"\n\t\t>\n\t\t\t<svg xmlns=\"http:\/\/www.w3.org\/2000\/svg\" width=\"12\" height=\"12\" fill=\"none\" viewBox=\"0 0 12 12\">\n\t\t\t\t<path fill=\"#fff\" d=\"M2 0a2 2 0 0 0-2 2v2h1.5V2a.5.5 0 0 1 .5-.5h2V0H2Zm2 10.5H2a.5.5 0 0 1-.5-.5V8H0v2a2 2 0 0 0 2 2h2v-1.5ZM8 12v-1.5h2a.5.5 0 0 0 .5-.5V8H12v2a2 2 0 0 1-2 2H8Zm2-12a2 2 0 0 1 2 2v2h-1.5V2a.5.5 0 0 0-.5-.5H8V0h2Z\" \/>\n\t\t\t<\/svg>\n\t\t<\/button><figcaption class=\"wp-element-caption\">Foto: W Travel \/ Google Maps<\/figcaption><\/figure>\n\n\n\n<h3 class=\"wp-block-heading\"><span class=\"ez-toc-section\" id=\"9_Arcos_da_Lapa_-akvedukti\"><\/span>9. Arcos da Lapa -akvedukti<span class=\"ez-toc-section-end\"><\/span><\/h3>\n\n\n\n<p class=\"wp-block-paragraph\">Heti kun saavut Lapaan, silm\u00e4si kiinnittyv\u00e4t v\u00e4litt\u00f6m\u00e4sti valtavaan valkoiseen akveduktiin, joka hallitsee koko aukiota t\u00e4ysin. <strong>Arcos da Lapa on 1700-luvun monumentaalinen akvedukti, joka aiemmin toi juomavett\u00e4 ymp\u00e4r\u00f6ivilt\u00e4 kukkuloilta<\/strong> suoraan nopeasti kasvavan siirtomaakaupungin keskustaan. Nelj\u00e4ll\u00e4kymmenell\u00e4kahdella massiivisella kaarellaan se on yksi maan merkitt\u00e4vimmist\u00e4 portugalilaisen arkkitehtuurin muistomerkeist\u00e4.<\/p>\n\n\n\n<p class=\"wp-block-paragraph\">Vaikka vesi ei ole virrannut siin\u00e4 en\u00e4\u00e4 aikoihin, rakennelma l\u00f6ysi uuden ja yht\u00e4 t\u00e4rke\u00e4n k\u00e4ytt\u00f6tarkoituksen modernissa liikenteess\u00e4. <strong>Juuri t\u00e4m\u00e4n historiallisen akveduktin p\u00e4\u00e4ll\u00e4 kolisee nyky\u00e4\u00e4n legendaarinen keltainen raitiovaunu matkalla Santa Teresaan<\/strong>, mik\u00e4 luo uskomattoman valokuvauksellisen kontrastin vanhan ja uuden v\u00e4lille. Kaarien alla oleva aukio her\u00e4\u00e4 eloon etenkin perjantai-iltaisin, kun paikalliset kokoontuvat t\u00e4nne villeihin katujuhliin, joita t\u00e4ytt\u00e4\u00e4 tanssi ja kova musiikki.<\/p>\n\n\n\n<p class=\"wp-block-paragraph\">\ud83d\udca1 Vinkki: <strong>Kauneimmat kuvat akveduktista otat hieman kauempaa Pra\u00e7a Cardeal C\u00e2mara -aukiolta<\/strong>, josta p\u00e4\u00e4see kauniisti esiin sen koko vaikuttava pituus ja kirkkaanvalkoinen v\u00e4ri. Jos haluat v\u00e4ltt\u00e4\u00e4 y\u00f6llisi\u00e4 v\u00e4kijoukkoja ja bileilmapiiri\u00e4, vieraile paikassa mieluummin viikonlopun aamup\u00e4iv\u00e4ll\u00e4, kun ymp\u00e4rist\u00f6 on ihanan rauhallinen.<\/p>\n\n\n\n<figure data-wp-context=\"{&quot;imageId&quot;:&quot;6a9c4edb7e283&quot;}\" data-wp-interactive=\"core\/image\" data-wp-key=\"6a9c4edb7e283\" class=\"wp-block-image size-full wp-lightbox-container\"><img decoding=\"async\" width=\"1600\" height=\"1200\" data-wp-class--hide=\"state.isContentHidden\" data-wp-class--show=\"state.isContentVisible\" data-wp-init=\"callbacks.setButtonStyles\" data-wp-on--click=\"actions.showLightbox\" data-wp-on--load=\"callbacks.setButtonStyles\" data-wp-on--pointerdown=\"actions.preloadImage\" data-wp-on--pointerenter=\"actions.preloadImageWithDelay\" data-wp-on--pointerleave=\"actions.cancelPreload\" data-wp-on-window--resize=\"callbacks.setButtonStyles\" src=\"https:\/\/loudavymkrokem.cz\/wp-content\/uploads\/2026\/09\/parque-das-ru-nas.jpg\" alt=\"Parque das Ru\u00ednas -galleria\" class=\"wp-image-413202\" title=\"\" srcset=\"https:\/\/loudavymkrokem.cz\/wp-content\/uploads\/2026\/09\/parque-das-ru-nas.jpg 1600w, https:\/\/loudavymkrokem.cz\/wp-content\/uploads\/2026\/09\/parque-das-ru-nas-300x225.jpg 300w, https:\/\/loudavymkrokem.cz\/wp-content\/uploads\/2026\/09\/parque-das-ru-nas-700x525.jpg 700w, https:\/\/loudavymkrokem.cz\/wp-content\/uploads\/2026\/09\/parque-das-ru-nas-768x576.jpg 768w, https:\/\/loudavymkrokem.cz\/wp-content\/uploads\/2026\/09\/parque-das-ru-nas-1536x1152.jpg 1536w, https:\/\/loudavymkrokem.cz\/wp-content\/uploads\/2026\/09\/parque-das-ru-nas-80x60.jpg 80w, https:\/\/loudavymkrokem.cz\/wp-content\/uploads\/2026\/09\/parque-das-ru-nas-160x120.jpg 160w, https:\/\/loudavymkrokem.cz\/wp-content\/uploads\/2026\/09\/parque-das-ru-nas-696x522.jpg 696w, https:\/\/loudavymkrokem.cz\/wp-content\/uploads\/2026\/09\/parque-das-ru-nas-1392x1044.jpg 1392w\" sizes=\"(max-width: 1600px) 100vw, 1600px\" \/><button\n\t\t\tclass=\"lightbox-trigger\"\n\t\t\ttype=\"button\"\n\t\t\taria-haspopup=\"dialog\"\n\t\t\tdata-wp-bind--aria-label=\"state.thisImage.triggerButtonAriaLabel\"\n\t\t\tdata-wp-init=\"callbacks.initTriggerButton\"\n\t\t\tdata-wp-on--click=\"actions.showLightbox\"\n\t\t\tdata-wp-style--right=\"state.thisImage.buttonRight\"\n\t\t\tdata-wp-style--top=\"state.thisImage.buttonTop\"\n\t\t>\n\t\t\t<svg xmlns=\"http:\/\/www.w3.org\/2000\/svg\" width=\"12\" height=\"12\" fill=\"none\" viewBox=\"0 0 12 12\">\n\t\t\t\t<path fill=\"#fff\" d=\"M2 0a2 2 0 0 0-2 2v2h1.5V2a.5.5 0 0 1 .5-.5h2V0H2Zm2 10.5H2a.5.5 0 0 1-.5-.5V8H0v2a2 2 0 0 0 2 2h2v-1.5ZM8 12v-1.5h2a.5.5 0 0 0 .5-.5V8H12v2a2 2 0 0 1-2 2H8Zm2-12a2 2 0 0 1 2 2v2h-1.5V2a.5.5 0 0 0-.5-.5H8V0h2Z\" \/>\n\t\t\t<\/svg>\n\t\t<\/button><figcaption class=\"wp-element-caption\">Foto: Andr\u00e9 Marcelo de Lourdes \/ Google Maps<\/figcaption><\/figure>\n\n\n\n<h3 class=\"wp-block-heading\"><span class=\"ez-toc-section\" id=\"10_Parque_das_Ruinas_-galleria\"><\/span>10. Parque das Ru\u00ednas -galleria<span class=\"ez-toc-section-end\"><\/span><\/h3>\n\n\n\n<p class=\"wp-block-paragraph\">Historiallisen Santa Teresan syd\u00e4mess\u00e4 sijaitsee arkkitehtoninen helmi, joka yhdist\u00e4\u00e4 nerokkaasti loistokkaan menneisyyden moderniin muotoiluun. <strong>Parque das Ru\u00ednas on kiehtova julkinen puisto ja kulttuurikeskus, joka on rakennettu suoraan vanhan aatelishuvilan raunioihin<\/strong>, joka kuului varakkaalle brasilialaiselle taiteen mesenaatille. Arkkitehdit s\u00e4ilyttiv\u00e4t paljaat tiilisein\u00e4t ja t\u00e4ydensiv\u00e4t niit\u00e4 modernilla ter\u00e4sportaikolla ja valtavilla lasipaneeleilla, jolloin syntyi t\u00e4ysin ainutlaatuinen tila.<\/p>\n\n\n\n<p class=\"wp-block-paragraph\">T\u00e4m\u00e4n restauroidun raunion ylimmist\u00e4 kerroksista avautuu n\u00e4kym\u00e4, jonka muistat loppuel\u00e4m\u00e4si. <strong>N\u00e4k\u00f6alatasanteet tarjoavat esteett\u00f6m\u00e4n panoraaman\u00e4kym\u00e4n koko historialliselle keskustalle, Sokeritoppavuorelle ja Guanabaran lahdelle<\/strong>, ja kaikki t\u00e4m\u00e4 ilman mink\u00e4\u00e4nlaisia p\u00e4\u00e4symaksuja. Alueella j\u00e4rjestet\u00e4\u00e4n s\u00e4\u00e4nn\u00f6llisesti ulkoilmakonsertteja, teatteriesityksi\u00e4 ja nykytaiteen n\u00e4yttelyit\u00e4, jotka houkuttelevat paikallisia intellektuelleja ja uteliaita matkailijoita.<\/p>\n\n\n\n<p class=\"wp-block-paragraph\">\ud83d\udca1 Vinkki: <strong>Alueen pohjakerroksessa toimii mainio pieni kahvila ulkoistuimineen<\/strong>, jossa voit nauttia j\u00e4\u00e4kahvin ja tarkkailla ymp\u00e4rill\u00e4si tapahtuvaa h\u00e4lin\u00e4\u00e4. Aukioloajat voivat vaihdella meneill\u00e4\u00e4n olevien kulttuuritapahtumien mukaan, joten tarkista ennen vierailua, ettei ole sattumalta maanantai, jolloin suurin osa Rion museoista ja gallerioista on tiukasti suljettuina.<\/p>\n\n\n\n<figure data-wp-context=\"{&quot;imageId&quot;:&quot;6a9c4edb7e749&quot;}\" data-wp-interactive=\"core\/image\" data-wp-key=\"6a9c4edb7e749\" class=\"wp-block-image size-full wp-lightbox-container\"><img decoding=\"async\" width=\"1600\" height=\"2125\" data-wp-class--hide=\"state.isContentHidden\" data-wp-class--show=\"state.isContentVisible\" data-wp-init=\"callbacks.setButtonStyles\" data-wp-on--click=\"actions.showLightbox\" data-wp-on--load=\"callbacks.setButtonStyles\" data-wp-on--pointerdown=\"actions.preloadImage\" data-wp-on--pointerenter=\"actions.preloadImageWithDelay\" data-wp-on--pointerleave=\"actions.cancelPreload\" data-wp-on-window--resize=\"callbacks.setButtonStyles\" src=\"https:\/\/loudavymkrokem.cz\/wp-content\/uploads\/2026\/09\/tijuca-national-park.jpg\" alt=\"Kaupungin sademets\u00e4 Tijucan kansallispuisto\" class=\"wp-image-413205\" title=\"\" srcset=\"https:\/\/loudavymkrokem.cz\/wp-content\/uploads\/2026\/09\/tijuca-national-park.jpg 1600w, https:\/\/loudavymkrokem.cz\/wp-content\/uploads\/2026\/09\/tijuca-national-park-226x300.jpg 226w, https:\/\/loudavymkrokem.cz\/wp-content\/uploads\/2026\/09\/tijuca-national-park-700x930.jpg 700w, https:\/\/loudavymkrokem.cz\/wp-content\/uploads\/2026\/09\/tijuca-national-park-768x1020.jpg 768w, https:\/\/loudavymkrokem.cz\/wp-content\/uploads\/2026\/09\/tijuca-national-park-1157x1536.jpg 1157w, https:\/\/loudavymkrokem.cz\/wp-content\/uploads\/2026\/09\/tijuca-national-park-1542x2048.jpg 1542w, https:\/\/loudavymkrokem.cz\/wp-content\/uploads\/2026\/09\/tijuca-national-park-696x924.jpg 696w, https:\/\/loudavymkrokem.cz\/wp-content\/uploads\/2026\/09\/tijuca-national-park-1392x1849.jpg 1392w\" sizes=\"(max-width: 1600px) 100vw, 1600px\" \/><button\n\t\t\tclass=\"lightbox-trigger\"\n\t\t\ttype=\"button\"\n\t\t\taria-haspopup=\"dialog\"\n\t\t\tdata-wp-bind--aria-label=\"state.thisImage.triggerButtonAriaLabel\"\n\t\t\tdata-wp-init=\"callbacks.initTriggerButton\"\n\t\t\tdata-wp-on--click=\"actions.showLightbox\"\n\t\t\tdata-wp-style--right=\"state.thisImage.buttonRight\"\n\t\t\tdata-wp-style--top=\"state.thisImage.buttonTop\"\n\t\t>\n\t\t\t<svg xmlns=\"http:\/\/www.w3.org\/2000\/svg\" width=\"12\" height=\"12\" fill=\"none\" viewBox=\"0 0 12 12\">\n\t\t\t\t<path fill=\"#fff\" d=\"M2 0a2 2 0 0 0-2 2v2h1.5V2a.5.5 0 0 1 .5-.5h2V0H2Zm2 10.5H2a.5.5 0 0 1-.5-.5V8H0v2a2 2 0 0 0 2 2h2v-1.5ZM8 12v-1.5h2a.5.5 0 0 0 .5-.5V8H12v2a2 2 0 0 1-2 2H8Zm2-12a2 2 0 0 1 2 2v2h-1.5V2a.5.5 0 0 0-.5-.5H8V0h2Z\" \/>\n\t\t\t<\/svg>\n\t\t<\/button><figcaption class=\"wp-element-caption\">Foto: Clifford Aldan \/ Google Maps<\/figcaption><\/figure>\n\n\n\n<h3 class=\"wp-block-heading\"><span class=\"ez-toc-section\" id=\"11_Kaupungin_sademetsa_Tijucan_kansallispuisto\"><\/span>11. Kaupungin sademets\u00e4 Tijucan kansallispuisto<span class=\"ez-toc-section-end\"><\/span><\/h3>\n\n\n\n<p class=\"wp-block-paragraph\">Kun muilla suurkaupungeilla on laajoja puistoja ja puutarhoja, Rio de Janeiro voi ylpeill\u00e4 jollain paljon villimm\u00e4ll\u00e4 ja monumentaalisemmalla. <strong>Tijucan kansallispuisto on valtava kaupungin sademets\u00e4, joka peitt\u00e4\u00e4 jyrk\u00e4t vuoristomassiivit keskell\u00e4 miljoonakaupunkia.<\/strong> T\u00e4m\u00e4 kaupungin vihre\u00e4 keuhko ei ainoastaan puhdista ilmaa ja viilenn\u00e4 trooppista ilmastoa, vaan tarjoaa turvasataman tuhansille eksoottisten el\u00e4inten lajeille, valtaville perhosille ja r\u00f6yhke\u00e4n uteliaille apinoille.<\/p>\n\n\n\n<p class=\"wp-block-paragraph\">Koko sademets\u00e4\u00e4 halkoo hoidettujen vaellusreittien verkosto, joka vie sinut kohiseville vesiputouksille, pimeisiin luoliin ja henke\u00e4salpaaville n\u00e4k\u00f6alapaikoille. <strong>K\u00e4velless\u00e4si ikivanhojen puiden latvojen alla unohdat t\u00e4ysin olevasi yhdess\u00e4 Etel\u00e4-Amerikan vilkkaimmista kaupungeista<\/strong>, sill\u00e4 liikenteen \u00e4\u00e4nen korvaa t\u00e4\u00e4ll\u00e4 kokonaan v\u00e4rikk\u00e4iden papukaijojen kirkuna. T\u00e4m\u00e4n paikan historia on kiehtova, sill\u00e4 sademets\u00e4 istutettiin 1800-luvulla k\u00e4sin uudelleen sen j\u00e4lkeen, kun alkuper\u00e4isen kasvillisuuden tuhosivat kahviplantaasit.<\/p>\n\n\n\n<p class=\"wp-block-paragraph\">\ud83d\udca1 Vinkki: <strong>Sademets\u00e4n tutkimiseen kannattaa ihanteellisesti palkata sertifioitu opas jeeppeineen<\/strong>, sill\u00e4 puiston pinta-ala on valtava ja suunnistaminen sademets\u00e4poluilla voi olla petollista. Muista pakata mukaan vahva trooppisten hy\u00f6nteisten karkote ja kevyt sadetakki, sill\u00e4 puiden alla mikroilmasto on huomattavasti kosteampi ja viile\u00e4mpi kuin alhaalla rannoilla.<\/p>\n\n\n\n<figure data-wp-context=\"{&quot;imageId&quot;:&quot;6a9c4edb7eb36&quot;}\" data-wp-interactive=\"core\/image\" data-wp-key=\"6a9c4edb7eb36\" class=\"wp-block-image size-full wp-lightbox-container\"><img decoding=\"async\" width=\"1600\" height=\"1200\" data-wp-class--hide=\"state.isContentHidden\" data-wp-class--show=\"state.isContentVisible\" data-wp-init=\"callbacks.setButtonStyles\" data-wp-on--click=\"actions.showLightbox\" data-wp-on--load=\"callbacks.setButtonStyles\" data-wp-on--pointerdown=\"actions.preloadImage\" data-wp-on--pointerenter=\"actions.preloadImageWithDelay\" data-wp-on--pointerleave=\"actions.cancelPreload\" data-wp-on-window--resize=\"callbacks.setButtonStyles\" src=\"https:\/\/loudavymkrokem.cz\/wp-content\/uploads\/2026\/09\/mirante-dona-marta.jpg\" alt=\"Mirante Dona Marta -n\u00e4k\u00f6alapaikka\" class=\"wp-image-413209\" title=\"\" srcset=\"https:\/\/loudavymkrokem.cz\/wp-content\/uploads\/2026\/09\/mirante-dona-marta.jpg 1600w, https:\/\/loudavymkrokem.cz\/wp-content\/uploads\/2026\/09\/mirante-dona-marta-300x225.jpg 300w, https:\/\/loudavymkrokem.cz\/wp-content\/uploads\/2026\/09\/mirante-dona-marta-700x525.jpg 700w, https:\/\/loudavymkrokem.cz\/wp-content\/uploads\/2026\/09\/mirante-dona-marta-768x576.jpg 768w, https:\/\/loudavymkrokem.cz\/wp-content\/uploads\/2026\/09\/mirante-dona-marta-1536x1152.jpg 1536w, https:\/\/loudavymkrokem.cz\/wp-content\/uploads\/2026\/09\/mirante-dona-marta-80x60.jpg 80w, https:\/\/loudavymkrokem.cz\/wp-content\/uploads\/2026\/09\/mirante-dona-marta-160x120.jpg 160w, https:\/\/loudavymkrokem.cz\/wp-content\/uploads\/2026\/09\/mirante-dona-marta-696x522.jpg 696w, https:\/\/loudavymkrokem.cz\/wp-content\/uploads\/2026\/09\/mirante-dona-marta-1392x1044.jpg 1392w\" sizes=\"(max-width: 1600px) 100vw, 1600px\" \/><button\n\t\t\tclass=\"lightbox-trigger\"\n\t\t\ttype=\"button\"\n\t\t\taria-haspopup=\"dialog\"\n\t\t\tdata-wp-bind--aria-label=\"state.thisImage.triggerButtonAriaLabel\"\n\t\t\tdata-wp-init=\"callbacks.initTriggerButton\"\n\t\t\tdata-wp-on--click=\"actions.showLightbox\"\n\t\t\tdata-wp-style--right=\"state.thisImage.buttonRight\"\n\t\t\tdata-wp-style--top=\"state.thisImage.buttonTop\"\n\t\t>\n\t\t\t<svg xmlns=\"http:\/\/www.w3.org\/2000\/svg\" width=\"12\" height=\"12\" fill=\"none\" viewBox=\"0 0 12 12\">\n\t\t\t\t<path fill=\"#fff\" d=\"M2 0a2 2 0 0 0-2 2v2h1.5V2a.5.5 0 0 1 .5-.5h2V0H2Zm2 10.5H2a.5.5 0 0 1-.5-.5V8H0v2a2 2 0 0 0 2 2h2v-1.5ZM8 12v-1.5h2a.5.5 0 0 0 .5-.5V8H12v2a2 2 0 0 1-2 2H8Zm2-12a2 2 0 0 1 2 2v2h-1.5V2a.5.5 0 0 0-.5-.5H8V0h2Z\" \/>\n\t\t\t<\/svg>\n\t\t<\/button><figcaption class=\"wp-element-caption\">Foto: Leonardo Pessoa \/ Google Maps<\/figcaption><\/figure>\n\n\n\n<!-- LKM_GYG_CARD start q=\"rio de janeiro\" lang=\"fi\" rendered=\"2026-09-05T15:37:31+00:00\" v=\"1\" -->\n<style id=\"lk-gyg-styles\">\n@import url(\"https:\/\/fonts.googleapis.com\/css2?family=Playfair+Display:wght@700&family=DM+Sans:wght@300;400;500;600&display=swap\");\n\/* === LK GYG karty \u2014 CRO redesign 2026-05 (namespace .lkx-) ===\n   C\u00edl: vy\u0161\u0161\u00ed CTR (hero + v\u00fdrazn\u00fd social proof + ak\u010dn\u00ed CTA, m\u00e9n\u011b \"reklamn\u00ed\").\n   Injektuje se inline do prvn\u00edho markeru postu (refresh_cards.py --inline-css). *\/\n.lkx-module, .lkx-module *{box-sizing:border-box;margin:0;padding:0}\n.lkx-module{\n  font-family:'DM Sans',-apple-system,Segoe UI,Roboto,Georgia,sans-serif;\n  max-width:860px;margin:2.5rem auto;color:#1f2328;\n}\n\n\/* HEADER \u2014 lehk\u00fd editorsk\u00fd, \u017e\u00e1dn\u00fd bannerov\u00fd blok; nadpis + popisek pod n\u00edm *\/\n.lkx-head{margin-bottom:16px}\n.lkx-head-main{display:flex;align-items:center;gap:10px}\n.lkx-head-accent{width:26px;height:3px;border-radius:2px;background:#c39f76;flex-shrink:0}\n.lkx-head-title{font-family:'Playfair Display',Georgia,serif;font-size:21px;font-weight:700;color:#1a1a1a;line-height:1.25}\n.lkx-head-meta{display:block;font-size:11px;letter-spacing:.3px;color:#9aa0a6;margin-top:4px;margin-left:36px}\n\n\/* HERO *\/\n.lkx-hero{display:grid;grid-template-columns:300px 1fr;background:#fff;border:1px solid #ece7df;border-radius:14px;overflow:hidden;text-decoration:none!important;color:inherit;box-shadow:0 6px 20px rgba(0,0,0,.06);transition:box-shadow .2s,transform .2s;margin-bottom:14px}\n.lkx-hero:hover{box-shadow:0 12px 30px rgba(0,0,0,.12);transform:translateY(-2px)}\n.lkx-hero-img{position:relative;min-height:230px;background-size:cover;background-position:center;background-color:#eee}\n.lkx-hero-body{padding:22px 24px;display:flex;flex-direction:column}\n.lkx-pick{position:absolute;top:12px;left:12px;background:#1a1a1a;color:#fff;font-size:11px;font-weight:700;letter-spacing:.5px;padding:5px 11px;border-radius:20px}\n\n\/* TITLE *\/\n.lkx-title{font-size:19px;font-weight:700;color:#161616;line-height:1.3}\n.lkx-title-sm{font-size:14.5px;line-height:1.35;display:-webkit-box;-webkit-line-clamp:2;-webkit-box-orient:vertical;overflow:hidden}\n\n\/* SOCIAL PROOF \u2014 v\u00fdrazn\u011b, naho\u0159e *\/\n.lkx-proof{display:flex;align-items:center;gap:7px;margin-top:12px;font-size:15px;color:#3a3a3a}\n.lkx-proof b{font-size:16px;color:#161616}\n.lkx-stars{color:#f5a623;letter-spacing:1px}\n.lkx-proof-sm{font-size:12.5px;margin-top:8px;gap:5px}\n.lkx-proof-sm b{font-size:13px}\n.lkx-proof-new{color:#3685fc;font-weight:600}\n\n\/* PRICE \u2014 n\u00edzk\u00e1 kotva *\/\n.lkx-price{font-size:14px;color:#6b7280}\n.lkx-price b{font-size:20px;color:#161616;font-weight:700}\n.lkx-price-sm b{font-size:15px}\n\n\/* CTA \u2014 tepl\u00e9 ak\u010dn\u00ed tla\u010d\u00edtko *\/\n.lkx-cta{display:inline-flex;align-items:center;justify-content:center;text-decoration:none!important;font-weight:700;color:#fff!important;background:linear-gradient(135deg,#f6743f,#e8552a);border-radius:10px;box-shadow:0 6px 16px rgba(232,85,42,.32);transition:box-shadow .2s}\n.lkx-cta-hero{font-size:15px;padding:13px 22px}\n.lkx-hero:hover .lkx-cta-hero{box-shadow:0 8px 22px rgba(232,85,42,.45)}\n.lkx-cta-sm{font-size:12.5px;padding:9px 14px;width:100%;margin-top:2px}\n.lkx-hero-bottom{margin-top:auto;padding-top:18px;display:flex;align-items:center;justify-content:space-between;gap:14px;flex-wrap:wrap}\n\n\/* BADGE \u2014 jeden v\u00fdrazn\u00fd na fotce *\/\n.lkx-badge{position:absolute;top:12px;right:12px;font-size:10.5px;font-weight:700;letter-spacing:.3px;padding:5px 10px;border-radius:16px;color:#fff}\n.lkx-badge.badge-urgency{background:rgba(214,40,40,.92)}\n.lkx-badge.badge-new{background:rgba(54,133,252,.92)}\n.lkx-badge.badge-top{background:rgba(195,159,118,.95)}\n.lkx-badge.badge-info{background:rgba(40,40,40,.78)}\n\n\/* SECONDARY GRID *\/\n.lkx-grid{display:grid;grid-template-columns:1fr 1fr;gap:14px}\n.lkx-card{background:#fff;border:1px solid #ece7df;border-radius:14px;overflow:hidden;text-decoration:none!important;color:inherit;box-shadow:0 4px 14px rgba(0,0,0,.05);display:flex;flex-direction:column;transition:box-shadow .2s,transform .2s}\n.lkx-card:hover{box-shadow:0 10px 24px rgba(0,0,0,.1);transform:translateY(-2px)}\n.lkx-card-img{position:relative;aspect-ratio:16\/10;background-size:cover;background-position:center;background-color:#eee}\n.lkx-card-body{padding:14px 16px 16px;display:flex;flex-direction:column;gap:7px;flex:1}\n.lkx-card-bottom{margin-top:auto;padding-top:10px;display:flex;align-items:center;justify-content:space-between;gap:8px}\n\n\/* DISCLOSURE \u2014 drobn\u00e1, kv\u016fli d\u016fv\u011b\u0159e\/z\u00e1konu *\/\n.lkx-disclosure{font-size:11px;color:#a7adb3;text-align:center;margin-top:14px;line-height:1.6}\n.lkx-disclosure a{color:#c39f76;text-decoration:none}\n\n@media(max-width:680px){\n  .lkx-hero{grid-template-columns:1fr}\n  .lkx-hero-img{min-height:180px}\n  .lkx-grid{grid-template-columns:1fr}\n  .lkx-head-meta{margin-left:0;width:100%}\n  .lkx-head-title{font-size:19px}\n}\n\n<\/style>\n<div class=\"lkx-module\" data-query=\"rio de janeiro\">\n  <div class=\"lkx-head\">\n    <div class=\"lkx-head-main\">\n      <span class=\"lkx-head-accent\"><\/span>\n      <span class=\"lkx-head-title\">El\u00e4mykset ja liput<\/span>\n    <\/div>\n    <span class=\"lkx-head-meta\">matkailijoiden arvioima \u00b7 GetYourGuide<\/span>\n  <\/div><a class=\"lkx-hero\" href=\"https:\/\/www.getyourguide.com\/fi-fi\/rio-de-janeiro-l9\/rio-maracana-stadionin-jalkapallo-ottelun-lippu-ja-yksityiskuljetus-t893524\/?partner_id=MKZ64IS&amp;utm_medium=online_publisher&amp;cmp=rio-de-janeiro-nahtavyydet\" target=\"_blank\" rel=\"sponsored noopener nofollow\">\n    <div class=\"lkx-hero-img\" style=\"background-image:url('https:\/\/cdn.getyourguide.com\/img\/tour\/471a107ec9ac374bd09030a21d9b9465a51158484f26d775e575020ef1d13d54.png\/132.jpg')\" role=\"img\" aria-label=\"Rio: Maracan\u00e3-stadionin jalkapallo-ottelulippu ja yksityinen kuljetus\">\n      <span class=\"lkx-pick\">\u2605 Suosituksemme<\/span><\/div>\n    <div class=\"lkx-hero-body\">\n      <div class=\"lkx-title\">Rio: Maracan\u00e3-stadionin jalkapallo-ottelulippu ja yksityinen kuljetus<\/div>\n      <div class=\"lkx-proof\">\n      <span class=\"lkx-stars\">\u2605\u2605\u2605\u2605\u2605<\/span>\n      <b>4.9<\/b> \u00b7 1 818 arvostelua\n    <\/div>\n      <div class=\"lkx-hero-bottom\"><div class=\"lkx-price\">alkaen <b>94\u00a0\u20ac<\/b><\/div><span class=\"lkx-cta lkx-cta-hero\">Haluan t\u00e4m\u00e4n el\u00e4myksen \u2192<\/span>\n      <\/div>\n    <\/div>\n  <\/a><div class=\"lkx-grid\"><a class=\"lkx-card\" href=\"https:\/\/www.getyourguide.com\/fi-fi\/rio-de-janeiro-l9\/rio-maracana-stadionin-ottelupaivan-jalkapallokokemus-flamengo-t463518\/?partner_id=MKZ64IS&amp;utm_medium=online_publisher&amp;cmp=rio-de-janeiro-nahtavyydet\" target=\"_blank\" rel=\"sponsored noopener nofollow\">\n      <div class=\"lkx-card-img\" style=\"background-image:url('https:\/\/cdn.getyourguide.com\/img\/tour\/43e754d0b17fd551486158888955196af18e48baaa8687c3e7d4ba08fa0c4a51.jpeg\/132.jpg')\" role=\"img\" aria-label=\"Rio: Maracan\u00e3n jalkapallopeli | Lippu, turvallinen kuljetus ja opas\"><\/div>\n      <div class=\"lkx-card-body\">\n        <div class=\"lkx-title lkx-title-sm\">Rio: Maracan\u00e3n jalkapallopeli | Lippu, turvallinen kuljetus ja opas<\/div>\n        <div class=\"lkx-proof lkx-proof-sm\">\n      <span class=\"lkx-stars\">\u2605<\/span>\n      <b>4.8<\/b> \u00b7 163\n    <\/div>\n        <div class=\"lkx-card-bottom\"><span class=\"lkx-price lkx-price-sm\">alkaen <b>87\u00a0\u20ac<\/b><\/span><span class=\"lkx-cta lkx-cta-sm\">Katso p\u00e4iv\u00e4m\u00e4\u00e4r\u00e4t \u2192<\/span>\n        <\/div>\n      <\/div>\n    <\/a><a class=\"lkx-card\" href=\"https:\/\/www.getyourguide.com\/fi-fi\/rio-de-janeiro-l9\/rio-de-janeiro-kiipeily-sokeritoppulla-via-coringa-t1443442\/?partner_id=MKZ64IS&amp;utm_medium=online_publisher&amp;cmp=rio-de-janeiro-nahtavyydet\" target=\"_blank\" rel=\"sponsored noopener nofollow\">\n      <div class=\"lkx-card-img\" style=\"background-image:url('https:\/\/cdn.getyourguide.com\/img\/tour\/31ae79c67043a21ea4797e651c99602b72a39d945d201674546a79d39b2f26c3.jpg\/132.jpg')\" role=\"img\" aria-label=\"Rio de Janeiro: Kiipeily Sokeritoppulla (Via Coringa)\"><\/div>\n      <div class=\"lkx-card-body\">\n        <div class=\"lkx-title lkx-title-sm\">Rio de Janeiro: Kiipeily Sokeritoppulla (Via Coringa)<\/div>\n        <div class=\"lkx-proof lkx-proof-sm\">\n      <span class=\"lkx-stars\">\u2605<\/span>\n      <b>0.0<\/b> \u00b7 0\n    <\/div>\n        <div class=\"lkx-card-bottom\"><span class=\"lkx-price lkx-price-sm\">alkaen <b>86\u00a0\u20ac<\/b><\/span><span class=\"lkx-cta lkx-cta-sm\">Katso p\u00e4iv\u00e4m\u00e4\u00e4r\u00e4t \u2192<\/span>\n        <\/div>\n      <\/div>\n    <\/a><\/div><div class=\"lkx-disclosure\">\ud83d\udd17 N\u00e4m\u00e4 ovat kumppanilinkkej\u00e4 \u2014 ne eiv\u00e4t muuta hintaasi ja auttavat meit\u00e4 tekem\u00e4\u00e4n sis\u00e4lt\u00f6\u00e4. \u00b7 <a href=\"https:\/\/www.getyourguide.com\/fi-fi\/s\/?q=rio+de+janeiro&amp;partner_id=MKZ64IS&amp;utm_medium=online_publisher\" target=\"_blank\" rel=\"sponsored noopener nofollow\">Kaikki el\u00e4mykset \u2192<\/a><\/div>\n<\/div>\n<!-- LKM_GYG_CARD end -->\n\n\n\n\n<div class=\"lk-stays-module\">\n<style>\n\/* \u2500\u2500\u2500 RESET PRO GUTENBERG \u2500\u2500\u2500 *\/\n.lk-stays-module * { box-sizing: border-box; margin: 0; padding: 0; }\n\n\/* \u2500\u2500\u2500 WRAPPER \u2500\u2500\u2500 *\/\n.lk-stays-module {\n  font-family: 'DM Sans', Georgia, sans-serif;\n  max-width: 100%;\n  margin: 2.5rem auto;\n  background: linear-gradient(135deg, #fdfaf5 0%, #fcf8f0 100%);\n  border: 1px solid #e8dfd4;\n  border-radius: 16px;\n  overflow: hidden;\n  box-shadow: 0 16px 48px rgba(195, 159, 118, 0.25), 0 4px 12px rgba(0,0,0,0.08);\n}\n\n\/* \u2500\u2500\u2500 HEADER \u2500\u2500\u2500 *\/\n.lk-stays-header {\n  position: relative;\n  padding: 24px 36px 24px;\n  background: linear-gradient(135deg, #c39f76 0%, #d4b188 60%, #c39f76 100%);\n  border-bottom: 1px solid rgba(255,255,255,.15);\n  display: flex;\n  align-items: center;\n  gap: 18px;\n}\n.lk-stays-header::before {\n  content: '';\n  position: absolute;\n  inset: 0;\n  background: url(\"data:image\/svg+xml,%3Csvg width='60' height='60' viewBox='0 0 60 60' xmlns='http:\/\/www.w3.org\/2000\/svg'%3E%3Cg fill='none' fill-rule='evenodd'%3E%3Cg fill='%23ffffff' fill-opacity='0.05'%3E%3Cpath d='M36 34v-4h-2v4h-4v2h4v4h2v-4h4v-2h-4zm0-30V0h-2v4h-4v2h4v4h2V6h4V4h-4zM6 34v-4H4v4H0v2h4v4h2v-4h4v-2H6zM6 4V0H4v4H0v2h4v4h2V6h4V4H6z'\/%3E%3C\/g%3E%3C\/g%3E%3C\/svg%3E\") repeat;\n  pointer-events: none;\n}\n.lk-stays-icon {\n  flex-shrink: 0;\n  width: 68px;\n  height: 68px;\n  border-radius: 14px;\n  background: linear-gradient(135deg, #fff 0%, #f9f6f0 100%);\n  display: flex;\n  align-items: center;\n  justify-content: center;\n  font-size: 26px;\n  box-shadow: 0 4px 12px rgba(0,0,0,0.15);\n}\n.lk-stays-eyebrow {\n  font-size: 10px;\n  font-weight: 500;\n  letter-spacing: 2.5px;\n  text-transform: uppercase;\n  color: rgba(255,255,255,.85);\n  margin: 0 0 5px 0;\n}\n.lk-stays-title {\n  font-family: 'Playfair Display', Georgia, serif;\n  font-size: 24px;\n  font-weight: 700;\n  color: #fff;\n  line-height: 1.2;\n  text-shadow: 0 1px 2px rgba(0,0,0,0.1);\n  margin: 0;\n}\n.lk-stays-subtitle {\n  font-size: 13px;\n  color: rgba(255,255,255,.75);\n  margin: 4px 0 0 0;\n  font-weight: 300;\n}\n\n\/* \u2500\u2500\u2500 CARDS GRID \u2500\u2500\u2500 *\/\n.lk-stays-grid {\n  display: grid;\n  grid-template-columns: 1fr 1fr;\n  gap: 1px;\n  background: rgba(195, 159, 118, 0.12);\n}\n\n\/* \u2500\u2500\u2500 SINGLE CARD \u2500\u2500\u2500 *\/\n.lk-stay-card {\n  background: #ffffff;\n  padding: 26px;\n  display: flex;\n  flex-direction: column;\n  gap: 11px;\n  transition: all 0.3s ease;\n  text-decoration: none;\n  color: inherit;\n  position: relative;\n}\n.lk-stay-card:hover {\n  background: #fffbf5;\n  transform: translateY(-2px);\n  box-shadow: 0 8px 24px rgba(195, 159, 118, 0.18);\n  z-index: 1;\n}\n.lk-stay-card.featured {\n  background: linear-gradient(135deg, #fffdf9 0%, #fff9f0 100%);\n  box-shadow: 0 4px 16px rgba(195, 159, 118, 0.15), inset 0 1px 0 rgba(195, 159, 118, 0.1);\n}\n.lk-stay-card.featured:hover {\n  background: linear-gradient(135deg, #fffbf5 0%, #fff8ed 100%);\n  box-shadow: 0 8px 24px rgba(195, 159, 118, 0.25), inset 0 1px 0 rgba(195, 159, 118, 0.15);\n}\n\n.lk-stay-badge {\n  display: inline-flex;\n  align-items: center;\n  gap: 5px;\n  font-size: 10px;\n  font-weight: 500;\n  letter-spacing: 1.5px;\n  text-transform: uppercase;\n  padding: 5px 11px;\n  border-radius: 20px;\n  width: fit-content;\n}\n.badge-top     { background: linear-gradient(135deg, #c39f76 0%, #d4b188 100%); color: #fff; border: 1px solid #c39f76; font-weight: 600; box-shadow: 0 2px 8px rgba(195,159,118,0.3); }\n.badge-luxury  { background: rgba(195,159,118,.12); color: #c39f76; border: 1px solid rgba(195,159,118,.25); }\n.badge-boutique{ background: rgba(54,133,252,.08); color: #3685fc; border: 1px solid rgba(54,133,252,.2); }\n.badge-nature  { background: rgba(130,190,100,.1); color: #6b9c4a; border: 1px solid rgba(130,190,100,.2); }\n.badge-remote  { background: rgba(195,159,118,.12); color: #a67e50; border: 1px solid rgba(195,159,118,.25); }\n\n.lk-stay-name {\n  font-family: 'Playfair Display', Georgia, serif;\n  font-size: 18px;\n  font-weight: 700;\n  color: #111827;\n  line-height: 1.3;\n}\n.lk-stay-desc {\n  font-size: 13.5px;\n  color: #525252;\n  line-height: 1.65;\n  font-weight: 300;\n  flex: 1;\n}\n\n.lk-stay-meta {\n  display: flex;\n  align-items: center;\n  gap: 12px;\n  flex-wrap: wrap;\n  margin-top: 4px;\n}\n.lk-stay-price {\n  font-size: 13px;\n  color: #6b7280;\n}\n.lk-stay-price strong {\n  color: #c39f76;\n  font-weight: 500;\n}\n.lk-stay-stars {\n  color: #c39f76;\n  font-size: 11px;\n  letter-spacing: 1px;\n}\n\n\/* \u2500\u2500\u2500 CTA BUTTON \u2500\u2500\u2500 *\/\n.lk-stay-cta {\n  display: inline-flex;\n  align-items: center;\n  justify-content: center;\n  gap: 7px;\n  margin-top: 8px;\n  padding: 11px 20px;\n  border-radius: 8px;\n  background: linear-gradient(135deg, #3685fc 0%, #2a6fd9 100%);\n  color: #fff;\n  font-size: 13px;\n  font-weight: 500;\n  text-decoration: none;\n  letter-spacing: .3px;\n  transition: all .2s ease;\n  cursor: pointer;\n  border: none;\n  text-align: center;\n  box-shadow: 0 4px 12px rgba(54, 133, 252, 0.25);\n}\n.lk-stay-cta:hover {\n  background: linear-gradient(135deg, #2a6fd9 0%, #1e5bc4 100%);\n  transform: translateY(-1px);\n  box-shadow: 0 6px 16px rgba(54, 133, 252, 0.35);\n}\n.lk-stay-cta svg { flex-shrink: 0; }\n\n\/* \u2500\u2500\u2500 FOOTER \u2500\u2500\u2500 *\/\n.lk-stays-footer {\n  padding: 18px 36px;\n  background: linear-gradient(to bottom, #fdfaf5 0%, #f9f4ed 100%);\n  border-top: 1px solid rgba(195, 159, 118, 0.15);\n  display: flex;\n  align-items: center;\n  justify-content: space-between;\n  flex-wrap: wrap;\n  gap: 12px;\n}\n.lk-stays-footer-note {\n  font-size: 11.5px;\n  color: #6b7280;\n  font-weight: 300;\n  line-height: 1.5;\n}\n.lk-stays-footer-note a {\n  color: #c39f76;\n  text-decoration: none;\n  font-weight: 400;\n}\n.lk-stays-footer-note a:hover {\n  text-decoration: underline;\n}\n.lk-stays-all-btn {\n  display: inline-flex;\n  align-items: center;\n  gap: 6px;\n  font-size: 12.5px;\n  font-weight: 500;\n  color: #c39f76;\n  text-decoration: none;\n  border: 1px solid rgba(195, 159, 118, 0.35);\n  padding: 8px 18px;\n  border-radius: 8px;\n  transition: all .2s ease;\n}\n.lk-stays-all-btn:hover {\n  background: rgba(195, 159, 118, 0.08);\n  border-color: rgba(195, 159, 118, 0.5);\n}\n\n\/* \u2500\u2500\u2500 RESPONSIVE \u2500\u2500\u2500 *\/\n@media (max-width: 600px) {\n  .lk-stays-grid { grid-template-columns: 1fr; }\n  .lk-stays-header { padding: 24px 20px; }\n  .lk-stays-footer { padding: 16px 20px; }\n  .lk-stay-card { padding: 22px; }\n  .lk-stays-title { font-size: 20px; }\n}\n<\/style>\n\n  <!-- HEADER -->\n  <div class=\"lk-stays-header\">\n    <img decoding=\"async\" src=\"https:\/\/loudavymkrokem.cz\/wp-content\/uploads\/2026\/02\/lukas-a-lucka.jpg\" alt=\"\" style=\"width: 75px; height: 75px; border-radius: 8px; flex-shrink: 0; object-fit: cover; display: block; margin: 4px 0;\" title=\"\">\n    <div class=\"lk-stays-header-text\">\n      <div class=\"lk-stays-eyebrow\">Luk\u00e1\u0161 ja Lucie suosittelevat<\/div>\n      <div class=\"lk-stays-title\">Miss\u00e4 y\u00f6py\u00e4 Rio de Janeirossa<\/div>\n      <div class=\"lk-stays-subtitle\">4 majoitusta \u2014 wellness-hotellit, hotellit ja muut majoitusvaihtoehdot<\/div>\n    <\/div>\n  <\/div>\n\n  <!-- CARDS -->\n  <div class=\"lk-stays-grid\">\n\n    <a class=\"lk-stay-card featured\" href=\"https:\/\/www.stay22.com\/allez\/roam?aid=lukaskonecny&#038;campaign=loudavymkrokemcz&#038;campaign=fi&#038;campaign=covidetvriodejaneiru&#038;address=Rio+de+Janeiro&#038;hotelname=Arena+Ipanema+Hotel&#038;search=Arena+Ipanema+Hotel&#038;category=accommodation\" target=\"_blank\" rel=\"nofollow noopener\">\n      <span class=\"lk-stay-badge badge-top\">\u2b50 HUIPPUVALINTA<\/span>\n      <span class=\"lk-stay-badge badge-nature\">\ud83c\udfd6\ufe0f Beach<\/span>\n      <div class=\"lk-stay-name\">Arena Ipanema Hotel<\/div>\n      <div class=\"lk-stay-desc\">Erinomainen valinta rannalla, jossa on upea kattouima-allas merin\u00e4k\u00f6alalla, vain muutaman askeleen p\u00e4\u00e4ss\u00e4 kuuluisasta Posto 8:sta.<\/div>\n      <div class=\"lk-stay-meta\">\n        <span class=\"lk-stay-stars\">\u2605\u2605\u2605\u2605<\/span>\n        <span class=\"lk-stay-price\">Tarkista hinnat<\/span>\n      <\/div>\n      <span class=\"lk-stay-cta\">\n        <svg width=\"14\" height=\"14\" viewBox=\"0 0 24 24\" fill=\"none\" stroke=\"currentColor\" stroke-width=\"2\"><path d=\"M18 13v6a2 2 0 0 1-2 2H5a2 2 0 0 1-2-2V8a2 2 0 0 1 2-2h6\"\/><polyline points=\"15 3 21 3 21 9\"\/><line x1=\"10\" y1=\"14\" x2=\"21\" y2=\"3\"\/><\/svg>\n        Tarkista saatavuus\n      <\/span>\n    <\/a>\n\n    <a class=\"lk-stay-card\" href=\"https:\/\/www.stay22.com\/allez\/roam?aid=lukaskonecny&#038;campaign=loudavymkrokemcz&#038;campaign=fi&#038;campaign=covidetvriodejaneiru&#038;address=Rio+de+Janeiro&#038;hotelname=Hotel+Fasano+Rio+de+Janeiro&#038;search=Hotel+Fasano+Rio+de+Janeiro&#038;category=accommodation\" target=\"_blank\" rel=\"nofollow noopener\">\n      <span class=\"lk-stay-badge badge-nature\">\u2b50 Luxury<\/span>\n      <div class=\"lk-stay-name\">Hotel Fasano Rio de Janeiro<\/div>\n      <div class=\"lk-stay-desc\">Ikoninen luksushotelli, jonka muotoilu ja sijainti ovat kaupungissa vertaansa vailla.<\/div>\n      <div class=\"lk-stay-meta\">\n        <span class=\"lk-stay-stars\">\u2605\u2605\u2605\u2605<\/span>\n        <span class=\"lk-stay-price\">Tarkista hinnat<\/span>\n      <\/div>\n      <span class=\"lk-stay-cta\">\n        <svg width=\"14\" height=\"14\" viewBox=\"0 0 24 24\" fill=\"none\" stroke=\"currentColor\" stroke-width=\"2\"><path d=\"M18 13v6a2 2 0 0 1-2 2H5a2 2 0 0 1-2-2V8a2 2 0 0 1 2-2h6\"\/><polyline points=\"15 3 21 3 21 9\"\/><line x1=\"10\" y1=\"14\" x2=\"21\" y2=\"3\"\/><\/svg>\n        Tarkista saatavuus\n      <\/span>\n    <\/a>\n\n    <a class=\"lk-stay-card\" href=\"https:\/\/www.stay22.com\/allez\/roam?aid=lukaskonecny&#038;campaign=loudavymkrokemcz&#038;campaign=fi&#038;campaign=covidetvriodejaneiru&#038;address=Rio+de+Janeiro&#038;hotelname=Yoo2+Rio+de+Janeiro+by+Intercity&#038;search=Yoo2+Rio+de+Janeiro+by+Intercity&#038;category=accommodation\" target=\"_blank\" rel=\"nofollow noopener\">\n      <span class=\"lk-stay-badge badge-nature\">\ud83c\udfe8 Hotelli<\/span>\n      <div class=\"lk-stay-name\">Yoo2 Rio de Janeiro by Intercity<\/div>\n      <div class=\"lk-stay-desc\">Tyylik\u00e4s hotelli upeine lahtin\u00e4k\u00f6aloineen Botafogossa.<\/div>\n      <div class=\"lk-stay-meta\">\n        <span class=\"lk-stay-stars\">\u2605\u2605\u2605\u2605<\/span>\n        <span class=\"lk-stay-price\">Tarkista hinnat<\/span>\n      <\/div>\n      <span class=\"lk-stay-cta\">\n        <svg width=\"14\" height=\"14\" viewBox=\"0 0 24 24\" fill=\"none\" stroke=\"currentColor\" stroke-width=\"2\"><path d=\"M18 13v6a2 2 0 0 1-2 2H5a2 2 0 0 1-2-2V8a2 2 0 0 1 2-2h6\"\/><polyline points=\"15 3 21 3 21 9\"\/><line x1=\"10\" y1=\"14\" x2=\"21\" y2=\"3\"\/><\/svg>\n        Tarkista saatavuus\n      <\/span>\n    <\/a>\n\n    <a class=\"lk-stay-card\" href=\"https:\/\/www.stay22.com\/allez\/roam?aid=lukaskonecny&#038;campaign=loudavymkrokemcz&#038;campaign=fi&#038;campaign=covidetvriodejaneiru&#038;address=rio%20de%20janeiro\" target=\"_blank\" rel=\"nofollow noopener\">\n      <span class=\"lk-stay-badge badge-nature\">\ud83d\udd0d Hae<\/span>\n      <div class=\"lk-stay-name\">N\u00e4yt\u00e4 kaikki majoitukset Rio de Janeirossa<\/div>\n      <div class=\"lk-stay-desc\">Tutustu kaikkiin saatavilla oleviin majoitusvaihtoehtoihin Rio de Janeirossa ja l\u00f6yd\u00e4 paras mieltymystesi ja budjettiisi sopiva vaihtoehto.<\/div>\n      <div class=\"lk-stay-meta\">\n        <span class=\"lk-stay-stars\">\u2605\u2605\u2605\u2605<\/span>\n        <span class=\"lk-stay-price\">Vertaa hintoja<\/span>\n      <\/div>\n      <span class=\"lk-stay-cta\">\n        <svg width=\"14\" height=\"14\" viewBox=\"0 0 24 24\" fill=\"none\" stroke=\"currentColor\" stroke-width=\"2\"><path d=\"M18 13v6a2 2 0 0 1-2 2H5a2 2 0 0 1-2-2V8a2 2 0 0 1 2-2h6\"\/><polyline points=\"15 3 21 3 21 9\"\/><line x1=\"10\" y1=\"14\" x2=\"21\" y2=\"3\"\/><\/svg>\n        Tarkista saatavuus\n      <\/span>\n    <\/a>\n\n  <\/div>\n\n  \n<\/div>\n\n\n\n\n<h3 class=\"wp-block-heading\"><span class=\"ez-toc-section\" id=\"12_Mirante_Dona_Marta_-nakoalapaikka\"><\/span>12. Mirante Dona Marta -n\u00e4k\u00f6alapaikka<span class=\"ez-toc-section-end\"><\/span><\/h3>\n\n\n\n<p class=\"wp-block-paragraph\">Jos etsit aivan parasta paikkaa kaupungin valokuvaamiseen ilman muita turistijoukkoja, l\u00f6ysit sen juuri. <strong>Mirante Dona Marta on piilotettu n\u00e4k\u00f6alatasanne, josta n\u00e4et Kristus-patsaan ja Sokeritoppavuoren yhdess\u00e4 ainoassa taianomaisessa otoksessa<\/strong>, mik\u00e4 tekee siit\u00e4 kirjoittamattoman aarteen paikallisten valokuvaajien keskuudessa. Se sijaitsee yli kolmensadanviidenkymmenen metrin korkeudessa ja tarjoaa niin sanotun helikopterin\u00e4kym\u00e4n koko kaupungin etel\u00e4iselle alueelle.<\/p>\n\n\n\n<p class=\"wp-block-paragraph\">Toisin kuin ruuhkaisella Corcovadolla, t\u00e4\u00e4ll\u00e4 vallitsee ihana rauha \u2014 usein seisot valtavalla betonitasanteella aivan yksin, vain apinoiden kanssa, jotka kurkkivat uteliaina ymp\u00e4r\u00f6ivist\u00e4 puista, ja lis\u00e4ksi sis\u00e4\u00e4np\u00e4\u00e4sy on ilmainen. Maksat ainoastaan kuljetuksesta yl\u00f6s jyrkk\u00e4\u00e4 ja mutkaista sademets\u00e4tiet\u00e4 pitkin.<\/p>\n\n\n\n<p class=\"wp-block-paragraph\">\ud83d\udca1 Vinkki: <strong>N\u00e4k\u00f6alapaikalle ei kulje mit\u00e4\u00e4n s\u00e4\u00e4nn\u00f6llist\u00e4 julkista liikennett\u00e4, joten tilaa luotettava Uber<\/strong>, ja muista sopia kuljettajan kanssa, ett\u00e4 h\u00e4n odottaa sinua ne kaksikymment\u00e4 minuuttia, muuten voisi olla suuri ongelma p\u00e4\u00e4st\u00e4 takaisin kaupunkiin. Se on my\u00f6s fantastinen paikka auringonnousun tarkkailuun, kun kaupunki vasta her\u00e4\u00e4 y\u00f6n unesta.<\/p>\n\n\n\n<figure data-wp-context=\"{&quot;imageId&quot;:&quot;6a9c4edb7f119&quot;}\" data-wp-interactive=\"core\/image\" data-wp-key=\"6a9c4edb7f119\" class=\"wp-block-image size-full wp-lightbox-container\"><img decoding=\"async\" width=\"1600\" height=\"1200\" data-wp-class--hide=\"state.isContentHidden\" data-wp-class--show=\"state.isContentVisible\" data-wp-init=\"callbacks.setButtonStyles\" data-wp-on--click=\"actions.showLightbox\" data-wp-on--load=\"callbacks.setButtonStyles\" data-wp-on--pointerdown=\"actions.preloadImage\" data-wp-on--pointerenter=\"actions.preloadImageWithDelay\" data-wp-on--pointerleave=\"actions.cancelPreload\" data-wp-on-window--resize=\"callbacks.setButtonStyles\" src=\"https:\/\/loudavymkrokem.cz\/wp-content\/uploads\/2026\/09\/vista-chinesa.jpg\" alt=\"Kiinalainen paviljonki Vista Chinesa\" class=\"wp-image-413213\" title=\"\" srcset=\"https:\/\/loudavymkrokem.cz\/wp-content\/uploads\/2026\/09\/vista-chinesa.jpg 1600w, https:\/\/loudavymkrokem.cz\/wp-content\/uploads\/2026\/09\/vista-chinesa-300x225.jpg 300w, https:\/\/loudavymkrokem.cz\/wp-content\/uploads\/2026\/09\/vista-chinesa-700x525.jpg 700w, https:\/\/loudavymkrokem.cz\/wp-content\/uploads\/2026\/09\/vista-chinesa-768x576.jpg 768w, https:\/\/loudavymkrokem.cz\/wp-content\/uploads\/2026\/09\/vista-chinesa-1536x1152.jpg 1536w, https:\/\/loudavymkrokem.cz\/wp-content\/uploads\/2026\/09\/vista-chinesa-80x60.jpg 80w, https:\/\/loudavymkrokem.cz\/wp-content\/uploads\/2026\/09\/vista-chinesa-160x120.jpg 160w, https:\/\/loudavymkrokem.cz\/wp-content\/uploads\/2026\/09\/vista-chinesa-696x522.jpg 696w, https:\/\/loudavymkrokem.cz\/wp-content\/uploads\/2026\/09\/vista-chinesa-1392x1044.jpg 1392w\" sizes=\"(max-width: 1600px) 100vw, 1600px\" \/><button\n\t\t\tclass=\"lightbox-trigger\"\n\t\t\ttype=\"button\"\n\t\t\taria-haspopup=\"dialog\"\n\t\t\tdata-wp-bind--aria-label=\"state.thisImage.triggerButtonAriaLabel\"\n\t\t\tdata-wp-init=\"callbacks.initTriggerButton\"\n\t\t\tdata-wp-on--click=\"actions.showLightbox\"\n\t\t\tdata-wp-style--right=\"state.thisImage.buttonRight\"\n\t\t\tdata-wp-style--top=\"state.thisImage.buttonTop\"\n\t\t>\n\t\t\t<svg xmlns=\"http:\/\/www.w3.org\/2000\/svg\" width=\"12\" height=\"12\" fill=\"none\" viewBox=\"0 0 12 12\">\n\t\t\t\t<path fill=\"#fff\" d=\"M2 0a2 2 0 0 0-2 2v2h1.5V2a.5.5 0 0 1 .5-.5h2V0H2Zm2 10.5H2a.5.5 0 0 1-.5-.5V8H0v2a2 2 0 0 0 2 2h2v-1.5ZM8 12v-1.5h2a.5.5 0 0 0 .5-.5V8H12v2a2 2 0 0 1-2 2H8Zm2-12a2 2 0 0 1 2 2v2h-1.5V2a.5.5 0 0 0-.5-.5H8V0h2Z\" \/>\n\t\t\t<\/svg>\n\t\t<\/button><figcaption class=\"wp-element-caption\">Foto: Ivo Barra \/ Google Maps<\/figcaption><\/figure>\n\n\n\n<h3 class=\"wp-block-heading\"><span class=\"ez-toc-section\" id=\"13_Kiinalainen_paviljonki_Vista_Chinesa\"><\/span>13. Kiinalainen paviljonki Vista Chinesa<span class=\"ez-toc-section-end\"><\/span><\/h3>\n\n\n\n<p class=\"wp-block-paragraph\">Syv\u00e4ll\u00e4 Tijucan kansallispuiston metsiss\u00e4 t\u00f6rm\u00e4\u00e4t rakennelmaan, jota et varmasti odottaisi etel\u00e4amerikkalaisessa viidakossa. <strong>Vista Chinesa on upea orientaalinen paviljonki vuodelta 1903, joka rakennettiin kiinalaisten siirtolaisten kunniaksi<\/strong>, jotka toivat Brasiliaan 1800-luvulla teenviljelyn. Elegantti, pagodinmuotoisella katolla varustettu rakennus kohoaa 380 metrin korkeudessa ja muodostaa uskomattoman valokuvauksellisen kontrastin ymp\u00e4r\u00f6iv\u00e4\u00e4n villiin luontoon.<\/p>\n\n\n\n<p class=\"wp-block-paragraph\">N\u00e4kym\u00e4\u00e4 t\u00e4st\u00e4 paikasta pidet\u00e4\u00e4n usein yhten\u00e4 koko kaupungin romanttisimmista, sill\u00e4 se kehyst\u00e4\u00e4 t\u00e4ydellisesti lahden, vuoret ja rannat. <strong>Kirkkaalla s\u00e4\u00e4ll\u00e4 n\u00e4et paviljongista koko Ipaneman, Rodrigo de Freitas -laguunin ja kaukaiset huiput horisontissa<\/strong>, kaikki t\u00e4m\u00e4 kehystettyn\u00e4 reheviin palmunlehtiin ja valtaviin saniaisiin. Paikka on hyvin suosittu paikallisten py\u00f6r\u00e4ilij\u00f6iden keskuudessa, joille raju nousu paviljongille on suurin urheilullinen haaste.<\/p>\n\n\n\n<p class=\"wp-block-paragraph\">\ud83d\udca1 Vinkki: <strong>Yhdist\u00e4 vierailu paviljonkiin l\u00e4heiseen Cachoeira dos Macacos -vesiputoukseen<\/strong>, jolle p\u00e4\u00e4set lyhyell\u00e4 k\u00e4velyll\u00e4 sademets\u00e4polkua pitkin. J\u00e4lleen p\u00e4tee varovaisuuden s\u00e4\u00e4nt\u00f6 kuljetuksen suhteen, tie on kapea ja jyrkk\u00e4, joten l\u00e4hde t\u00e4nne yksinomaan autolla tai j\u00e4rjestetyll\u00e4 kierroksella, ei jalan alhaalta.<\/p>\n\n\n\n<figure data-wp-context=\"{&quot;imageId&quot;:&quot;6a9c4edb7f8a8&quot;}\" data-wp-interactive=\"core\/image\" data-wp-key=\"6a9c4edb7f8a8\" class=\"wp-block-image size-full wp-lightbox-container\"><img decoding=\"async\" width=\"1600\" height=\"2133\" data-wp-class--hide=\"state.isContentHidden\" data-wp-class--show=\"state.isContentVisible\" data-wp-init=\"callbacks.setButtonStyles\" data-wp-on--click=\"actions.showLightbox\" data-wp-on--load=\"callbacks.setButtonStyles\" data-wp-on--pointerdown=\"actions.preloadImage\" data-wp-on--pointerenter=\"actions.preloadImageWithDelay\" data-wp-on--pointerleave=\"actions.cancelPreload\" data-wp-on-window--resize=\"callbacks.setButtonStyles\" src=\"https:\/\/loudavymkrokem.cz\/wp-content\/uploads\/2026\/09\/zahrady.jpg\" alt=\"Parque Lagen puutarhat ja huvila\" class=\"wp-image-413218\" title=\"\" srcset=\"https:\/\/loudavymkrokem.cz\/wp-content\/uploads\/2026\/09\/zahrady.jpg 1600w, https:\/\/loudavymkrokem.cz\/wp-content\/uploads\/2026\/09\/zahrady-225x300.jpg 225w, https:\/\/loudavymkrokem.cz\/wp-content\/uploads\/2026\/09\/zahrady-700x933.jpg 700w, https:\/\/loudavymkrokem.cz\/wp-content\/uploads\/2026\/09\/zahrady-768x1024.jpg 768w, https:\/\/loudavymkrokem.cz\/wp-content\/uploads\/2026\/09\/zahrady-1152x1536.jpg 1152w, https:\/\/loudavymkrokem.cz\/wp-content\/uploads\/2026\/09\/zahrady-1536x2048.jpg 1536w, https:\/\/loudavymkrokem.cz\/wp-content\/uploads\/2026\/09\/zahrady-696x928.jpg 696w, https:\/\/loudavymkrokem.cz\/wp-content\/uploads\/2026\/09\/zahrady-1392x1856.jpg 1392w\" sizes=\"(max-width: 1600px) 100vw, 1600px\" \/><button\n\t\t\tclass=\"lightbox-trigger\"\n\t\t\ttype=\"button\"\n\t\t\taria-haspopup=\"dialog\"\n\t\t\tdata-wp-bind--aria-label=\"state.thisImage.triggerButtonAriaLabel\"\n\t\t\tdata-wp-init=\"callbacks.initTriggerButton\"\n\t\t\tdata-wp-on--click=\"actions.showLightbox\"\n\t\t\tdata-wp-style--right=\"state.thisImage.buttonRight\"\n\t\t\tdata-wp-style--top=\"state.thisImage.buttonTop\"\n\t\t>\n\t\t\t<svg xmlns=\"http:\/\/www.w3.org\/2000\/svg\" width=\"12\" height=\"12\" fill=\"none\" viewBox=\"0 0 12 12\">\n\t\t\t\t<path fill=\"#fff\" d=\"M2 0a2 2 0 0 0-2 2v2h1.5V2a.5.5 0 0 1 .5-.5h2V0H2Zm2 10.5H2a.5.5 0 0 1-.5-.5V8H0v2a2 2 0 0 0 2 2h2v-1.5ZM8 12v-1.5h2a.5.5 0 0 0 .5-.5V8H12v2a2 2 0 0 1-2 2H8Zm2-12a2 2 0 0 1 2 2v2h-1.5V2a.5.5 0 0 0-.5-.5H8V0h2Z\" \/>\n\t\t\t<\/svg>\n\t\t<\/button><figcaption class=\"wp-element-caption\">Foto: Emerson Zanoti \/ Google Maps<\/figcaption><\/figure>\n\n\n\n<h3 class=\"wp-block-heading\"><span class=\"ez-toc-section\" id=\"14_Parque_Lagen_puutarhat_ja_huvila\"><\/span>14. Parque Lagen puutarhat ja huvila<span class=\"ez-toc-section-end\"><\/span><\/h3>\n\n\n\n<p class=\"wp-block-paragraph\">Corcovado-vuoren juurella sijaitsee yksi kauneimmista julkisista puistoista, joka k\u00e4tkee sis\u00e4\u00e4ns\u00e4 valtavan annoksen eurooppalaista eleganssia. <strong>Parque Lage muodostuu upeista subtrooppisista puutarhoista, jotka ymp\u00e4r\u00f6iv\u00e4t henke\u00e4salpaavaa roomalaisen palatsin tyylist\u00e4 huvilaa<\/strong>, joka toimii nyky\u00e4\u00e4n <a href=\"http:\/\/eavparquelage.rj.gov.br\/\" rel=\"nofollow noopener\" target=\"_blank\">arvostettuna kuvataidekouluna<\/a>. Koko sis\u00e4pihan hallitsevin osa on matala allas, jossa oikeassa kulmassa heijastuu korkealla sijaitseva Kristus-patsas.<\/p>\n\n\n\n<p class=\"wp-block-paragraph\">Puiston pinta-ala on yli viisikymment\u00e4 hehtaaria, ja se tarjoaa t\u00e4ydellisen paon ikivanhojen puiden, tekoluolien ja vehreyteen k\u00e4tkeytyneiden romanttisten tornien varjoon. <strong>Vaelluksen yst\u00e4ville t\u00e4m\u00e4 paikka on avainasemassa, sill\u00e4 juuri huvilan takaa alkaa jyrkk\u00e4 sademets\u00e4polku Corcovadon huipulle<\/strong>, jota reippaat matkailijat k\u00e4ytt\u00e4v\u00e4t ilmaisena vaihtoehtona hammasratasjunalle. Paikan tunnelma on uskomattoman rento, taideopiskelijat maalaavat t\u00e4\u00e4ll\u00e4 tauluja ja perheet pit\u00e4v\u00e4t viikonloppupiknikkej\u00e4 nurmikolla.<\/p>\n\n\n\n<p class=\"wp-block-paragraph\">\ud83d\udca1 Vinkki: <strong>Itse historiallisen huvilan sis\u00e4ll\u00e4 toimii hurmaava Plage Cafe -kahvila<\/strong>, jossa voit nauttia erinomaisen aamiaisen t\u00e4ynn\u00e4 tuoreita trooppisia hedelmi\u00e4 ja juustoherkkuja suoraan ikonisen altaan \u00e4\u00e4rell\u00e4. Suosittelen tulemaan heti aukioloajan alussa \u2014 p\u00e4iv\u00e4ll\u00e4 p\u00f6yt\u00e4\u00e4 saa odottaa todella pitk\u00e4\u00e4n.<\/p>\n\n\n\n<figure data-wp-context=\"{&quot;imageId&quot;:&quot;6a9c4edb7febb&quot;}\" data-wp-interactive=\"core\/image\" data-wp-key=\"6a9c4edb7febb\" class=\"wp-block-image size-full wp-lightbox-container\"><img decoding=\"async\" width=\"1600\" height=\"900\" data-wp-class--hide=\"state.isContentHidden\" data-wp-class--show=\"state.isContentVisible\" data-wp-init=\"callbacks.setButtonStyles\" data-wp-on--click=\"actions.showLightbox\" data-wp-on--load=\"callbacks.setButtonStyles\" data-wp-on--pointerdown=\"actions.preloadImage\" data-wp-on--pointerenter=\"actions.preloadImageWithDelay\" data-wp-on--pointerleave=\"actions.cancelPreload\" data-wp-on-window--resize=\"callbacks.setButtonStyles\" src=\"https:\/\/loudavymkrokem.cz\/wp-content\/uploads\/2026\/09\/swap-412735-15.jpg\" alt=\"Huomisen museo Rio de Janeirossa\" class=\"wp-image-413416\" title=\"\" srcset=\"https:\/\/loudavymkrokem.cz\/wp-content\/uploads\/2026\/09\/swap-412735-15.jpg 1600w, https:\/\/loudavymkrokem.cz\/wp-content\/uploads\/2026\/09\/swap-412735-15-300x169.jpg 300w, https:\/\/loudavymkrokem.cz\/wp-content\/uploads\/2026\/09\/swap-412735-15-700x394.jpg 700w, https:\/\/loudavymkrokem.cz\/wp-content\/uploads\/2026\/09\/swap-412735-15-768x432.jpg 768w, https:\/\/loudavymkrokem.cz\/wp-content\/uploads\/2026\/09\/swap-412735-15-1536x864.jpg 1536w, https:\/\/loudavymkrokem.cz\/wp-content\/uploads\/2026\/09\/swap-412735-15-696x392.jpg 696w, https:\/\/loudavymkrokem.cz\/wp-content\/uploads\/2026\/09\/swap-412735-15-1392x783.jpg 1392w\" sizes=\"(max-width: 1600px) 100vw, 1600px\" \/><button\n\t\t\tclass=\"lightbox-trigger\"\n\t\t\ttype=\"button\"\n\t\t\taria-haspopup=\"dialog\"\n\t\t\tdata-wp-bind--aria-label=\"state.thisImage.triggerButtonAriaLabel\"\n\t\t\tdata-wp-init=\"callbacks.initTriggerButton\"\n\t\t\tdata-wp-on--click=\"actions.showLightbox\"\n\t\t\tdata-wp-style--right=\"state.thisImage.buttonRight\"\n\t\t\tdata-wp-style--top=\"state.thisImage.buttonTop\"\n\t\t>\n\t\t\t<svg xmlns=\"http:\/\/www.w3.org\/2000\/svg\" width=\"12\" height=\"12\" fill=\"none\" viewBox=\"0 0 12 12\">\n\t\t\t\t<path fill=\"#fff\" d=\"M2 0a2 2 0 0 0-2 2v2h1.5V2a.5.5 0 0 1 .5-.5h2V0H2Zm2 10.5H2a.5.5 0 0 1-.5-.5V8H0v2a2 2 0 0 0 2 2h2v-1.5ZM8 12v-1.5h2a.5.5 0 0 0 .5-.5V8H12v2a2 2 0 0 1-2 2H8Zm2-12a2 2 0 0 1 2 2v2h-1.5V2a.5.5 0 0 0-.5-.5H8V0h2Z\" \/>\n\t\t\t<\/svg>\n\t\t<\/button><figcaption class=\"wp-element-caption\">Foto: Fadul \/ Google Maps<\/figcaption><\/figure>\n\n\n\n<h3 class=\"wp-block-heading\"><span class=\"ez-toc-section\" id=\"15_Huomisen_museo_Museu_do_Amanha\"><\/span>15. Huomisen museo (Museu do Amanh\u00e3)<span class=\"ez-toc-section-end\"><\/span><\/h3>\n\n\n\n<p class=\"wp-block-paragraph\">Kunnostetulle Porto Maravilhan satama-alueelle nousi rakennus, joka siirsi kaupungin arkkitehtuurin heti 2000-luvulle. <strong><a href=\"https:\/\/museudoamanha.org.br\/\" rel=\"nofollow noopener\" target=\"_blank\">Museu do Amanh\u00e3<\/a> on kiehtova soveltavan tieteen museo, joka on omistettu ihmiskunnan tulevaisuudelle<\/strong> ja jonka futuristisen rakennuksen suunnitteli kuuluisa espanjalainen arkkitehti Santiago Calatrava. Valkoinen rakennelma, joka muistuttaa esihistoriallisen linnun j\u00e4ttil\u00e4ism\u00e4ist\u00e4 luurankoa tai avaruusalusta, ulottuu dramaattisesti vedenpinnan yli ja on jo itsess\u00e4\u00e4n pitk\u00e4n vierailun arvoinen.<\/p>\n\n\n\n<p class=\"wp-block-paragraph\">Sis\u00e4ll\u00e4 ei kannata odottaa mit\u00e4\u00e4n p\u00f6lyisi\u00e4 historiallisia esineit\u00e4, vaan interaktiivisia n\u00e4yttelyit\u00e4 t\u00e4ynn\u00e4 valtavia n\u00e4ytt\u00f6j\u00e4, datavisualisointeja ja ajatuksia her\u00e4tt\u00e4vi\u00e4 kysymyksi\u00e4. <strong>N\u00e4yttelyt pakottavat sinut pohtimaan ilmastonmuutosta, v\u00e4est\u00f6nkasvua ja planeettamme kest\u00e4vyytt\u00e4<\/strong>, mik\u00e4 valtavan ja luonnonvaroiltaan rikkaan Brasilian kontekstissa on eritt\u00e4in mielek\u00e4st\u00e4. Museo osoittaa, ett\u00e4 Rio ei ole vain rantojen ja karnevaalin kaupunki, vaan my\u00f6s moderni tieteen ja innovaation keskus.<\/p>\n\n\n\n<p class=\"wp-block-paragraph\">\ud83d\udca1 Vinkki: <strong>Museon liput on usein varattava verkossa hyviss\u00e4 ajoin etuk\u00e4teen<\/strong>, sill\u00e4 p\u00e4ivitt\u00e4inen kapasiteetti t\u00e4yttyy nopeasti, etenkin viikonloppuisin. Museon ymp\u00e4ri kulkee leve\u00e4 ja turvallinen Orla Conde -promenadi, jota pitkin voit k\u00e4vell\u00e4 kauniisti meren rannassa ja ihailla paikallisten taiteilijoiden valtavia graffitimaalauksia.<\/p>\n\n\n\n<figure data-wp-context=\"{&quot;imageId&quot;:&quot;6a9c4edb804c2&quot;}\" data-wp-interactive=\"core\/image\" data-wp-key=\"6a9c4edb804c2\" class=\"wp-block-image size-full wp-lightbox-container\"><img decoding=\"async\" width=\"1600\" height=\"1200\" data-wp-class--hide=\"state.isContentHidden\" data-wp-class--show=\"state.isContentVisible\" data-wp-init=\"callbacks.setButtonStyles\" data-wp-on--click=\"actions.showLightbox\" data-wp-on--load=\"callbacks.setButtonStyles\" data-wp-on--pointerdown=\"actions.preloadImage\" data-wp-on--pointerenter=\"actions.preloadImageWithDelay\" data-wp-on--pointerleave=\"actions.cancelPreload\" data-wp-on-window--resize=\"callbacks.setButtonStyles\" src=\"https:\/\/loudavymkrokem.cz\/wp-content\/uploads\/2026\/09\/swap-412735-16-f6e8010d.jpg\" alt=\"MAR-taidemuseo Rio de Janeirossa\" class=\"wp-image-413444\" title=\"\" srcset=\"https:\/\/loudavymkrokem.cz\/wp-content\/uploads\/2026\/09\/swap-412735-16-f6e8010d.jpg 1600w, https:\/\/loudavymkrokem.cz\/wp-content\/uploads\/2026\/09\/swap-412735-16-f6e8010d-300x225.jpg 300w, https:\/\/loudavymkrokem.cz\/wp-content\/uploads\/2026\/09\/swap-412735-16-f6e8010d-700x525.jpg 700w, https:\/\/loudavymkrokem.cz\/wp-content\/uploads\/2026\/09\/swap-412735-16-f6e8010d-768x576.jpg 768w, https:\/\/loudavymkrokem.cz\/wp-content\/uploads\/2026\/09\/swap-412735-16-f6e8010d-1536x1152.jpg 1536w, https:\/\/loudavymkrokem.cz\/wp-content\/uploads\/2026\/09\/swap-412735-16-f6e8010d-80x60.jpg 80w, https:\/\/loudavymkrokem.cz\/wp-content\/uploads\/2026\/09\/swap-412735-16-f6e8010d-160x120.jpg 160w, https:\/\/loudavymkrokem.cz\/wp-content\/uploads\/2026\/09\/swap-412735-16-f6e8010d-696x522.jpg 696w, https:\/\/loudavymkrokem.cz\/wp-content\/uploads\/2026\/09\/swap-412735-16-f6e8010d-1392x1044.jpg 1392w\" sizes=\"(max-width: 1600px) 100vw, 1600px\" \/><button\n\t\t\tclass=\"lightbox-trigger\"\n\t\t\ttype=\"button\"\n\t\t\taria-haspopup=\"dialog\"\n\t\t\tdata-wp-bind--aria-label=\"state.thisImage.triggerButtonAriaLabel\"\n\t\t\tdata-wp-init=\"callbacks.initTriggerButton\"\n\t\t\tdata-wp-on--click=\"actions.showLightbox\"\n\t\t\tdata-wp-style--right=\"state.thisImage.buttonRight\"\n\t\t\tdata-wp-style--top=\"state.thisImage.buttonTop\"\n\t\t>\n\t\t\t<svg xmlns=\"http:\/\/www.w3.org\/2000\/svg\" width=\"12\" height=\"12\" fill=\"none\" viewBox=\"0 0 12 12\">\n\t\t\t\t<path fill=\"#fff\" d=\"M2 0a2 2 0 0 0-2 2v2h1.5V2a.5.5 0 0 1 .5-.5h2V0H2Zm2 10.5H2a.5.5 0 0 1-.5-.5V8H0v2a2 2 0 0 0 2 2h2v-1.5ZM8 12v-1.5h2a.5.5 0 0 0 .5-.5V8H12v2a2 2 0 0 1-2 2H8Zm2-12a2 2 0 0 1 2 2v2h-1.5V2a.5.5 0 0 0-.5-.5H8V0h2Z\" \/>\n\t\t\t<\/svg>\n\t\t<\/button><figcaption class=\"wp-element-caption\">Foto: Leila Mota \/ Google Maps<\/figcaption><\/figure>\n\n\n\n<h3 class=\"wp-block-heading\"><span class=\"ez-toc-section\" id=\"16_MAR-taidemuseo_Rio_Museum_of_Art\"><\/span>16. MAR-taidemuseo (Rio Museum of Art)<span class=\"ez-toc-section-end\"><\/span><\/h3>\n\n\n\n<p class=\"wp-block-paragraph\"><strong>MAR-taidemuseo (Rio Museum of Art) sijaitsee ainutlaatuisessa arkkitehtonisessa kompleksissa<\/strong>, joka yhdisti rohkeasti vanhan klassistisen palatsin moderniin lasisein\u00e4iseen rakennukseen aaltoilevan betonikaton avulla. T\u00e4m\u00e4 visuaalinen kontrasti kuvastaa t\u00e4sm\u00e4llisesti Brasilian metropolin olemusta, jossa vanha kohtaa jatkuvasti uuden.<\/p>\n\n\n\n<p class=\"wp-block-paragraph\">Museo keskittyy ennen kaikkea brasilialaiseen taiteeseen, paikalliseen kulttuuriin ja itse kaupungin monimutkaiseen historiaan, mukaan lukien favelojen historia ja el\u00e4m\u00e4. <strong>Ylimm\u00e4st\u00e4 kerroksesta aaltoilevan katon alta avautuu fantastinen n\u00e4kym\u00e4 koko Pra\u00e7a Mau\u00e1 -aukiolle ja naapurina olevalle Museu do Amanh\u00e3lle<\/strong>, mik\u00e4 on loistava tilaisuus vangita Rion moderni ilme lintuperspektiivist\u00e4. N\u00e4yttelyt ovat hyvin monipuolisia, klassisesta maalaustaiteesta valokuvaukseen ja nuorten tekij\u00f6iden moderneihin installaatioihin.<\/p>\n\n\n\n<p class=\"wp-block-paragraph\">\ud83d\udca1 Vinkki: <strong>Jos pid\u00e4t taiteesta, varaa Pra\u00e7a Mau\u00e1 -aukion molempien museoiden vierailuun koko puolikas p\u00e4iv\u00e4<\/strong>, sill\u00e4 ne t\u00e4ydent\u00e4v\u00e4t toisiaan loistavasti. Sataman ymp\u00e4rist\u00f6n paikalliset ravintolat tarjoavat lis\u00e4ksi mainioita lihattomia versioita brasilialaisista ruoista, kuten esimerkiksi pastel de queijoa, joka on rapea paistettu taskukukkaro t\u00e4ytettyn\u00e4 sulaneella juustolla.<\/p>\n\n\n\n<figure data-wp-context=\"{&quot;imageId&quot;:&quot;6a9c4edb80bb9&quot;}\" data-wp-interactive=\"core\/image\" data-wp-key=\"6a9c4edb80bb9\" class=\"wp-block-image size-full wp-lightbox-container\"><img decoding=\"async\" width=\"1600\" height=\"1067\" data-wp-class--hide=\"state.isContentHidden\" data-wp-class--show=\"state.isContentVisible\" data-wp-init=\"callbacks.setButtonStyles\" data-wp-on--click=\"actions.showLightbox\" data-wp-on--load=\"callbacks.setButtonStyles\" data-wp-on--pointerdown=\"actions.preloadImage\" data-wp-on--pointerenter=\"actions.preloadImageWithDelay\" data-wp-on--pointerleave=\"actions.cancelPreload\" data-wp-on-window--resize=\"callbacks.setButtonStyles\" src=\"https:\/\/loudavymkrokem.cz\/wp-content\/uploads\/2026\/09\/centro-cultural-banco-do-brasil.jpg\" alt=\"Centro Cultural Banco do Brasil (CCBB)\" class=\"wp-image-413229\" title=\"\" srcset=\"https:\/\/loudavymkrokem.cz\/wp-content\/uploads\/2026\/09\/centro-cultural-banco-do-brasil.jpg 1600w, https:\/\/loudavymkrokem.cz\/wp-content\/uploads\/2026\/09\/centro-cultural-banco-do-brasil-300x200.jpg 300w, https:\/\/loudavymkrokem.cz\/wp-content\/uploads\/2026\/09\/centro-cultural-banco-do-brasil-700x467.jpg 700w, https:\/\/loudavymkrokem.cz\/wp-content\/uploads\/2026\/09\/centro-cultural-banco-do-brasil-768x512.jpg 768w, https:\/\/loudavymkrokem.cz\/wp-content\/uploads\/2026\/09\/centro-cultural-banco-do-brasil-1536x1024.jpg 1536w, https:\/\/loudavymkrokem.cz\/wp-content\/uploads\/2026\/09\/centro-cultural-banco-do-brasil-696x464.jpg 696w, https:\/\/loudavymkrokem.cz\/wp-content\/uploads\/2026\/09\/centro-cultural-banco-do-brasil-1392x928.jpg 1392w\" sizes=\"(max-width: 1600px) 100vw, 1600px\" \/><button\n\t\t\tclass=\"lightbox-trigger\"\n\t\t\ttype=\"button\"\n\t\t\taria-haspopup=\"dialog\"\n\t\t\tdata-wp-bind--aria-label=\"state.thisImage.triggerButtonAriaLabel\"\n\t\t\tdata-wp-init=\"callbacks.initTriggerButton\"\n\t\t\tdata-wp-on--click=\"actions.showLightbox\"\n\t\t\tdata-wp-style--right=\"state.thisImage.buttonRight\"\n\t\t\tdata-wp-style--top=\"state.thisImage.buttonTop\"\n\t\t>\n\t\t\t<svg xmlns=\"http:\/\/www.w3.org\/2000\/svg\" width=\"12\" height=\"12\" fill=\"none\" viewBox=\"0 0 12 12\">\n\t\t\t\t<path fill=\"#fff\" d=\"M2 0a2 2 0 0 0-2 2v2h1.5V2a.5.5 0 0 1 .5-.5h2V0H2Zm2 10.5H2a.5.5 0 0 1-.5-.5V8H0v2a2 2 0 0 0 2 2h2v-1.5ZM8 12v-1.5h2a.5.5 0 0 0 .5-.5V8H12v2a2 2 0 0 1-2 2H8Zm2-12a2 2 0 0 1 2 2v2h-1.5V2a.5.5 0 0 0-.5-.5H8V0h2Z\" \/>\n\t\t\t<\/svg>\n\t\t<\/button><figcaption class=\"wp-element-caption\">Foto: Centro Cultural Banco do Brasil (CCBB) \/ Google Maps<\/figcaption><\/figure>\n\n\n\n<h3 class=\"wp-block-heading\"><span class=\"ez-toc-section\" id=\"17_Centro_Cultural_Banco_do_Brasil_CCBB\"><\/span>17. Centro Cultural Banco do Brasil (CCBB)<span class=\"ez-toc-section-end\"><\/span><\/h3>\n\n\n\n<p class=\"wp-block-paragraph\">Kaupungin vilkkaassa liikesyd\u00e4mess\u00e4 sijaitsee yksi maailman vierailluimmista ja parhaiten arvioiduista kulttuurikeskuksista. <strong>Centro Cultural Banco do Brasil sijaitsee henke\u00e4salpaavassa uusklassisessa rakennuksessa vuodelta 1906<\/strong>, joka toimi aiemmin mahtavan pankin p\u00e4\u00e4konttorina ja is\u00e4nn\u00f6i nyky\u00e4\u00e4n arvostetuimpia kansainv\u00e4lisi\u00e4 n\u00e4yttelyit\u00e4. Jo pelkk\u00e4 sis\u00e4\u00e4nastuminen valtavaan halliin lasikupolineen ja koristeltuine marmoriportaikkoineen on h\u00e4mm\u00e4stytt\u00e4v\u00e4 el\u00e4mys, joka vie sinut suurimman rikkauden aikaan.<\/p>\n\n\n\n<p class=\"wp-block-paragraph\">Laajojen taidegallerioiden lis\u00e4ksi t\u00e4m\u00e4 valtava kompleksi tarjoaa my\u00f6s oman elokuvateatterin, teatterisalit ja useita kerroksia jatkuvasti vaihtuvia n\u00e4yttelyit\u00e4. <strong>Parasta koko keskuksessa on, ett\u00e4 sis\u00e4\u00e4np\u00e4\u00e4sy valtaosaan n\u00e4yttelyist\u00e4 ja itse rakennukseen on t\u00e4ysin ilmainen<\/strong>, mik\u00e4 tekee siit\u00e4 uskomattoman edullisen paikan kaikille kulttuurin yst\u00e4ville. Ohjelma on aina huolella koottu, ja t\u00e4\u00e4ll\u00e4 on usein kiehtovia retrospektiivej\u00e4 kuuluisista kansainv\u00e4lisist\u00e4 ja brasilialaisista taiteilijoista.<\/p>\n\n\n\n<p class=\"wp-block-paragraph\">\ud83d\udca1 Vinkki: <strong>N\u00e4yttelyiden kiert\u00e4misen j\u00e4lkeen pys\u00e4hdy paikalliseen historialliseen kahvilaan pohjakerroksessa<\/strong>, joka on s\u00e4ilytt\u00e4nyt alkuper\u00e4isen pankkikoristelunsa, ja nauti vahva brasilialainen espresso. Rakennus sijaitsee kaupungin keskustassa, joka tyhjenee nopeasti ty\u00f6p\u00e4iv\u00e4n j\u00e4lkeen, joten l\u00e4hde t\u00e4nne ehdottomasti p\u00e4iv\u00e4ll\u00e4 ja v\u00e4lt\u00e4 mieluummin iltak\u00e4velyit\u00e4 ymp\u00e4rist\u00f6ss\u00e4.<\/p>\n\n\n\n<figure data-wp-context=\"{&quot;imageId&quot;:&quot;6a9c4edb811c6&quot;}\" data-wp-interactive=\"core\/image\" data-wp-key=\"6a9c4edb811c6\" class=\"wp-block-image size-full wp-lightbox-container\"><img decoding=\"async\" width=\"490\" height=\"480\" data-wp-class--hide=\"state.isContentHidden\" data-wp-class--show=\"state.isContentVisible\" data-wp-init=\"callbacks.setButtonStyles\" data-wp-on--click=\"actions.showLightbox\" data-wp-on--load=\"callbacks.setButtonStyles\" data-wp-on--pointerdown=\"actions.preloadImage\" data-wp-on--pointerenter=\"actions.preloadImageWithDelay\" data-wp-on--pointerleave=\"actions.cancelPreload\" data-wp-on-window--resize=\"callbacks.setButtonStyles\" src=\"https:\/\/loudavymkrokem.cz\/wp-content\/uploads\/2026\/09\/theatro-municipal-do-rio-de-janeiro.jpg\" alt=\"Theatro Municipal do Rio de Janeiro\" class=\"wp-image-413233\" title=\"\" srcset=\"https:\/\/loudavymkrokem.cz\/wp-content\/uploads\/2026\/09\/theatro-municipal-do-rio-de-janeiro.jpg 490w, https:\/\/loudavymkrokem.cz\/wp-content\/uploads\/2026\/09\/theatro-municipal-do-rio-de-janeiro-300x294.jpg 300w\" sizes=\"(max-width: 490px) 100vw, 490px\" \/><button\n\t\t\tclass=\"lightbox-trigger\"\n\t\t\ttype=\"button\"\n\t\t\taria-haspopup=\"dialog\"\n\t\t\tdata-wp-bind--aria-label=\"state.thisImage.triggerButtonAriaLabel\"\n\t\t\tdata-wp-init=\"callbacks.initTriggerButton\"\n\t\t\tdata-wp-on--click=\"actions.showLightbox\"\n\t\t\tdata-wp-style--right=\"state.thisImage.buttonRight\"\n\t\t\tdata-wp-style--top=\"state.thisImage.buttonTop\"\n\t\t>\n\t\t\t<svg xmlns=\"http:\/\/www.w3.org\/2000\/svg\" width=\"12\" height=\"12\" fill=\"none\" viewBox=\"0 0 12 12\">\n\t\t\t\t<path fill=\"#fff\" d=\"M2 0a2 2 0 0 0-2 2v2h1.5V2a.5.5 0 0 1 .5-.5h2V0H2Zm2 10.5H2a.5.5 0 0 1-.5-.5V8H0v2a2 2 0 0 0 2 2h2v-1.5ZM8 12v-1.5h2a.5.5 0 0 0 .5-.5V8H12v2a2 2 0 0 1-2 2H8Zm2-12a2 2 0 0 1 2 2v2h-1.5V2a.5.5 0 0 0-.5-.5H8V0h2Z\" \/>\n\t\t\t<\/svg>\n\t\t<\/button><figcaption class=\"wp-element-caption\">Foto: Ralph Schmidt \/ Google Maps<\/figcaption><\/figure>\n\n\n\n<h3 class=\"wp-block-heading\"><span class=\"ez-toc-section\" id=\"18_Theatro_Municipal_do_Rio_de_Janeiro\"><\/span>18. Theatro Municipal do Rio de Janeiro<span class=\"ez-toc-section-end\"><\/span><\/h3>\n\n\n\n<p class=\"wp-block-paragraph\">Cinel\u00e2ndia-aukiolla seisoo rakennus, joka viittaa ulkon\u00e4\u00f6ll\u00e4\u00e4n selv\u00e4sti valtavaan eurooppalaiseen vaikutukseen kaupungin historiassa. <strong><a href=\"http:\/\/theatromunicipal.rj.gov.br\/\" rel=\"nofollow noopener\" target=\"_blank\">Theatro Municipal<\/a> on ylellinen teatteri vuodelta 1909, rakennettu pariisilaiseen tyyliin<\/strong>, ja se toimii koko Brasilian p\u00e4\u00e4areenana balett-, ooppera- ja klassisen musiikin esityksille. Sen julkisivu on runsaasti koristeltu kullalla, massiivisilla pylv\u00e4ill\u00e4 ja monimutkaisilla veistoksilla, mink\u00e4 ansiosta se kuuluu koko maan kauneimpiin rakennuksiin.<\/p>\n\n\n\n<p class=\"wp-block-paragraph\">Vaikka et suunnittelisikaan vierailevasi yhdess\u00e4k\u00e4\u00e4n iltaesityksess\u00e4, t\u00e4m\u00e4n rakennuksen sis\u00e4tila on ehdottomasti huomiosi arvoinen. <strong>Voit osallistua j\u00e4rjestetylle opastetulle kierrokselle, joka vie sinut h\u00e4mm\u00e4stytt\u00e4v\u00e4n aulan, katsomon ja ylellisten salien l\u00e4pi<\/strong>, jotka on koristeltu upeilla lasimaalauksilla ja sein\u00e4maalauksilla. Se on valtava kontrasti rennolle rantakulttuurille, joka n\u00e4ytt\u00e4\u00e4 sinulle Rion ylpe\u00e4n\u00e4 kaupunkina, jolla on syv\u00e4 intellektuaalinen perinne.<\/p>\n\n\n\n<p class=\"wp-block-paragraph\">\ud83d\udca1 Vinkki: <strong>Teatterin edess\u00e4 kokoontuu usein katutaiteilijoita ja muusikoita<\/strong>, joten itse Cinel\u00e2ndia-aukio tarjoaa loistavan ilmaisen n\u00e4yt\u00f6ksen. Jos kuitenkin haluaisit kokea esityksen, balettiliput saa hankittua hyvin kohtuulliseen hintaan, mutta ne vaativat ainakin perusluokan juhlavaatetuksen, rannan varvassandaalit eiv\u00e4t t\u00e4\u00e4ll\u00e4 k\u00e4y.<\/p>\n\n\n\n<figure data-wp-context=\"{&quot;imageId&quot;:&quot;6a9c4edb818f8&quot;}\" data-wp-interactive=\"core\/image\" data-wp-key=\"6a9c4edb818f8\" class=\"wp-block-image size-full wp-lightbox-container\"><img decoding=\"async\" width=\"1600\" height=\"1200\" data-wp-class--hide=\"state.isContentHidden\" data-wp-class--show=\"state.isContentVisible\" data-wp-init=\"callbacks.setButtonStyles\" data-wp-on--click=\"actions.showLightbox\" data-wp-on--load=\"callbacks.setButtonStyles\" data-wp-on--pointerdown=\"actions.preloadImage\" data-wp-on--pointerenter=\"actions.preloadImageWithDelay\" data-wp-on--pointerleave=\"actions.cancelPreload\" data-wp-on-window--resize=\"callbacks.setButtonStyles\" src=\"https:\/\/loudavymkrokem.cz\/wp-content\/uploads\/2026\/09\/catedral-metropolitana-de-s-o-sebasti-o.jpg\" alt=\"Catedral Metropolitana de S\u00e3o Sebasti\u00e3o\" class=\"wp-image-413238\" title=\"\" srcset=\"https:\/\/loudavymkrokem.cz\/wp-content\/uploads\/2026\/09\/catedral-metropolitana-de-s-o-sebasti-o.jpg 1600w, https:\/\/loudavymkrokem.cz\/wp-content\/uploads\/2026\/09\/catedral-metropolitana-de-s-o-sebasti-o-300x225.jpg 300w, https:\/\/loudavymkrokem.cz\/wp-content\/uploads\/2026\/09\/catedral-metropolitana-de-s-o-sebasti-o-700x525.jpg 700w, https:\/\/loudavymkrokem.cz\/wp-content\/uploads\/2026\/09\/catedral-metropolitana-de-s-o-sebasti-o-768x576.jpg 768w, https:\/\/loudavymkrokem.cz\/wp-content\/uploads\/2026\/09\/catedral-metropolitana-de-s-o-sebasti-o-1536x1152.jpg 1536w, https:\/\/loudavymkrokem.cz\/wp-content\/uploads\/2026\/09\/catedral-metropolitana-de-s-o-sebasti-o-80x60.jpg 80w, https:\/\/loudavymkrokem.cz\/wp-content\/uploads\/2026\/09\/catedral-metropolitana-de-s-o-sebasti-o-160x120.jpg 160w, https:\/\/loudavymkrokem.cz\/wp-content\/uploads\/2026\/09\/catedral-metropolitana-de-s-o-sebasti-o-696x522.jpg 696w, https:\/\/loudavymkrokem.cz\/wp-content\/uploads\/2026\/09\/catedral-metropolitana-de-s-o-sebasti-o-1392x1044.jpg 1392w\" sizes=\"(max-width: 1600px) 100vw, 1600px\" \/><button\n\t\t\tclass=\"lightbox-trigger\"\n\t\t\ttype=\"button\"\n\t\t\taria-haspopup=\"dialog\"\n\t\t\tdata-wp-bind--aria-label=\"state.thisImage.triggerButtonAriaLabel\"\n\t\t\tdata-wp-init=\"callbacks.initTriggerButton\"\n\t\t\tdata-wp-on--click=\"actions.showLightbox\"\n\t\t\tdata-wp-style--right=\"state.thisImage.buttonRight\"\n\t\t\tdata-wp-style--top=\"state.thisImage.buttonTop\"\n\t\t>\n\t\t\t<svg xmlns=\"http:\/\/www.w3.org\/2000\/svg\" width=\"12\" height=\"12\" fill=\"none\" viewBox=\"0 0 12 12\">\n\t\t\t\t<path fill=\"#fff\" d=\"M2 0a2 2 0 0 0-2 2v2h1.5V2a.5.5 0 0 1 .5-.5h2V0H2Zm2 10.5H2a.5.5 0 0 1-.5-.5V8H0v2a2 2 0 0 0 2 2h2v-1.5ZM8 12v-1.5h2a.5.5 0 0 0 .5-.5V8H12v2a2 2 0 0 1-2 2H8Zm2-12a2 2 0 0 1 2 2v2h-1.5V2a.5.5 0 0 0-.5-.5H8V0h2Z\" \/>\n\t\t\t<\/svg>\n\t\t<\/button><figcaption class=\"wp-element-caption\">Foto: Roberto Fernandes \/ Google Maps<\/figcaption><\/figure>\n\n\n\n<h3 class=\"wp-block-heading\"><span class=\"ez-toc-section\" id=\"19_Catedral_Metropolitana_de_Sao_Sebastiao\"><\/span>19. Catedral Metropolitana de S\u00e3o Sebasti\u00e3o<span class=\"ez-toc-section-end\"><\/span><\/h3>\n\n\n\n<p class=\"wp-block-paragraph\">Ep\u00e4tavallisen arkkitehtuurin yst\u00e4vien ei kannata miss\u00e4\u00e4n nimess\u00e4 ohittaa rakennelmaa, joka ei ensi silm\u00e4yksell\u00e4 muistuta lainkaan kristillist\u00e4 temppeli\u00e4. <strong>Catedral Metropolitana on moderni betonikatedraali valtavan maya-pyramidin muotoisena<\/strong>, joka avattiin juhlallisesti vuonna 1979 ja on ep\u00e4tavallisin kirkko, jonka Latinalaisessa Amerikassa n\u00e4et. Sen harmaa ulkopinta vaikuttaa tosin hieman karulta ja massiiviselta, mutta todellinen taika k\u00e4tkeytyy sis\u00e4\u00e4n.<\/p>\n\n\n\n<p class=\"wp-block-paragraph\">Heti kun astut t\u00e4m\u00e4n seitsem\u00e4nkymment\u00e4viisi metri\u00e4 korkean rakennuksen kynnyksen yli, p\u00e4\u00e4dyt valtavaan, auringonvalon t\u00e4ytt\u00e4m\u00e4\u00e4n tilaan ilman ainoatakaan tukipylv\u00e4st\u00e4. <strong>Lattiasta aina kattoon asti kohoaa nelj\u00e4 j\u00e4ttil\u00e4ism\u00e4ist\u00e4 v\u00e4rillist\u00e4 lasimaalausikkunaa, jotka muodostavat h\u00e4mm\u00e4stytt\u00e4v\u00e4n valoristin<\/strong> ja luovat sis\u00e4tilaan uskomattoman hengellisen ja mystisen tunnelman. Katedraaliin mahtuu uskomattomat kaksikymment\u00e4tuhatta uskovaa, ja sen akustiikka kuorolaulussa on aivan ilmi\u00f6m\u00e4inen.<\/p>\n\n\n\n<p class=\"wp-block-paragraph\">\ud83d\udca1 Vinkki: <strong>Sis\u00e4tilaa kuvatessasi asetu aivan lattian keskelle ja suuntaa objektiivi kohtisuoraan yl\u00f6sp\u00e4in<\/strong>, saat n\u00e4in t\u00e4ydellisen symmetrisen otoksen katon v\u00e4rikk\u00e4\u00e4st\u00e4 ristist\u00e4. Katedraalin vierailu on nopea, ja yhdist\u00e4t sen helposti l\u00e4heisen Arcos da Lapa -akveduktin kierrokseen, joka sijaitsee vain muutaman minuutin k\u00e4velymatkan p\u00e4\u00e4ss\u00e4.<\/p>\n\n\n\n<figure data-wp-context=\"{&quot;imageId&quot;:&quot;6a9c4edb81f76&quot;}\" data-wp-interactive=\"core\/image\" data-wp-key=\"6a9c4edb81f76\" class=\"wp-block-image size-full wp-lightbox-container\"><img decoding=\"async\" width=\"1600\" height=\"1628\" data-wp-class--hide=\"state.isContentHidden\" data-wp-class--show=\"state.isContentVisible\" data-wp-init=\"callbacks.setButtonStyles\" data-wp-on--click=\"actions.showLightbox\" data-wp-on--load=\"callbacks.setButtonStyles\" data-wp-on--pointerdown=\"actions.preloadImage\" data-wp-on--pointerenter=\"actions.preloadImageWithDelay\" data-wp-on--pointerleave=\"actions.cancelPreload\" data-wp-on-window--resize=\"callbacks.setButtonStyles\" src=\"https:\/\/loudavymkrokem.cz\/wp-content\/uploads\/2026\/09\/museu-da-rep-blica.jpg\" alt=\"Museu da Rep\u00fablica (Pal\u00e1cio do Catete)\" class=\"wp-image-413242\" title=\"\" srcset=\"https:\/\/loudavymkrokem.cz\/wp-content\/uploads\/2026\/09\/museu-da-rep-blica.jpg 1600w, https:\/\/loudavymkrokem.cz\/wp-content\/uploads\/2026\/09\/museu-da-rep-blica-295x300.jpg 295w, https:\/\/loudavymkrokem.cz\/wp-content\/uploads\/2026\/09\/museu-da-rep-blica-700x712.jpg 700w, https:\/\/loudavymkrokem.cz\/wp-content\/uploads\/2026\/09\/museu-da-rep-blica-768x781.jpg 768w, https:\/\/loudavymkrokem.cz\/wp-content\/uploads\/2026\/09\/museu-da-rep-blica-1510x1536.jpg 1510w, https:\/\/loudavymkrokem.cz\/wp-content\/uploads\/2026\/09\/museu-da-rep-blica-696x708.jpg 696w, https:\/\/loudavymkrokem.cz\/wp-content\/uploads\/2026\/09\/museu-da-rep-blica-1392x1416.jpg 1392w\" sizes=\"(max-width: 1600px) 100vw, 1600px\" \/><button\n\t\t\tclass=\"lightbox-trigger\"\n\t\t\ttype=\"button\"\n\t\t\taria-haspopup=\"dialog\"\n\t\t\tdata-wp-bind--aria-label=\"state.thisImage.triggerButtonAriaLabel\"\n\t\t\tdata-wp-init=\"callbacks.initTriggerButton\"\n\t\t\tdata-wp-on--click=\"actions.showLightbox\"\n\t\t\tdata-wp-style--right=\"state.thisImage.buttonRight\"\n\t\t\tdata-wp-style--top=\"state.thisImage.buttonTop\"\n\t\t>\n\t\t\t<svg xmlns=\"http:\/\/www.w3.org\/2000\/svg\" width=\"12\" height=\"12\" fill=\"none\" viewBox=\"0 0 12 12\">\n\t\t\t\t<path fill=\"#fff\" d=\"M2 0a2 2 0 0 0-2 2v2h1.5V2a.5.5 0 0 1 .5-.5h2V0H2Zm2 10.5H2a.5.5 0 0 1-.5-.5V8H0v2a2 2 0 0 0 2 2h2v-1.5ZM8 12v-1.5h2a.5.5 0 0 0 .5-.5V8H12v2a2 2 0 0 1-2 2H8Zm2-12a2 2 0 0 1 2 2v2h-1.5V2a.5.5 0 0 0-.5-.5H8V0h2Z\" \/>\n\t\t\t<\/svg>\n\t\t<\/button><figcaption class=\"wp-element-caption\">Foto: Fabio Alves \/ Google Maps<\/figcaption><\/figure>\n\n\n\n<h3 class=\"wp-block-heading\"><span class=\"ez-toc-section\" id=\"20_Museu_da_Republica_Palacio_do_Catete\"><\/span>20. Museu da Rep\u00fablica (Pal\u00e1cio do Catete)<span class=\"ez-toc-section-end\"><\/span><\/h3>\n\n\n\n<p class=\"wp-block-paragraph\">T\u00e4m\u00e4n valtavan maan monimutkaisen poliittisen historian ymm\u00e4rt\u00e4miseksi vierailu entisell\u00e4 presidentin residenssill\u00e4 on aivan v\u00e4ltt\u00e4m\u00e4t\u00f6n. <strong>Museu da Rep\u00fablica sijaitsee ylellisess\u00e4 Pal\u00e1cio do Catete -palatsissa, joka toimi Brasilian presidenttien residenssin\u00e4<\/strong> aina vuoteen 1960 asti, jolloin p\u00e4\u00e4kaupunki siirtyi vasta rakennettuun Bras\u00edliaan. Palatsi on osoitus uskomattomasta ylellisyydest\u00e4, sen salit on koristeltu arvokkailla puilla, venetsialaisilla peileill\u00e4 ja valtavilla kristallikruunuilla.<\/p>\n\n\n\n<p class=\"wp-block-paragraph\">N\u00e4yttely vie sinut kaikkien Brasilian tasavallan avainhetkien l\u00e4pi, sen julistamisesta aina 1900-luvun dramaattisiin tapahtumiin. Eniten sinuun vaikuttaa siell\u00e4 s\u00e4ilynyt presidentti Get\u00falio Vargasin huone, jossa h\u00e4n teki vuonna 1954 itsemurhan \u2014 museo esittelee my\u00f6s h\u00e4nen j\u00e4\u00e4hyv\u00e4iskirjeens\u00e4, ja se on yksi niist\u00e4 paikoista, joissa historia muuttuu yht\u00e4kki\u00e4 hyvin konkreettiseksi silmiesi edess\u00e4. Palatsin takana levitt\u00e4ytyv\u00e4t lis\u00e4ksi laajat ranskalaiset puutarhat t\u00e4ynn\u00e4 korkeita palmuja ja tekolampia, jotka tarjoavat miellytt\u00e4v\u00e4\u00e4 varjoa lepoon.<\/p>\n\n\n\n<p class=\"wp-block-paragraph\">\ud83d\udca1 Vinkki: <strong>Sis\u00e4\u00e4np\u00e4\u00e4sy upeisiin takapuutarhoihin on t\u00e4ysin ilmainen, ja paikalliset hy\u00f6dynt\u00e4v\u00e4t niit\u00e4 ahkerasti k\u00e4velyihin ja rentoutumiseen<\/strong>, joten vaikkei olisi mielialaa museon historiaan, \u00e4l\u00e4 miss\u00e4\u00e4n nimess\u00e4 ohita puutarhoja. Se sijaitsee aivan Caten metroaseman vieress\u00e4, joten saavutettavuus kaupungin etel\u00e4isist\u00e4 rantakaupunginosista on aivan ongelmaton ja nopea.<\/p>\n\n\n\n<figure data-wp-context=\"{&quot;imageId&quot;:&quot;6a9c4edb8276c&quot;}\" data-wp-interactive=\"core\/image\" data-wp-key=\"6a9c4edb8276c\" class=\"wp-block-image size-full wp-lightbox-container\"><img decoding=\"async\" width=\"1600\" height=\"1200\" data-wp-class--hide=\"state.isContentHidden\" data-wp-class--show=\"state.isContentVisible\" data-wp-init=\"callbacks.setButtonStyles\" data-wp-on--click=\"actions.showLightbox\" data-wp-on--load=\"callbacks.setButtonStyles\" data-wp-on--pointerdown=\"actions.preloadImage\" data-wp-on--pointerenter=\"actions.preloadImageWithDelay\" data-wp-on--pointerleave=\"actions.cancelPreload\" data-wp-on-window--resize=\"callbacks.setButtonStyles\" src=\"https:\/\/loudavymkrokem.cz\/wp-content\/uploads\/2026\/09\/espa-o-cultural-da-marinha.jpg\" alt=\"Espa\u00e7o Cultural da Marinha\" class=\"wp-image-413243\" title=\"\" srcset=\"https:\/\/loudavymkrokem.cz\/wp-content\/uploads\/2026\/09\/espa-o-cultural-da-marinha.jpg 1600w, https:\/\/loudavymkrokem.cz\/wp-content\/uploads\/2026\/09\/espa-o-cultural-da-marinha-300x225.jpg 300w, https:\/\/loudavymkrokem.cz\/wp-content\/uploads\/2026\/09\/espa-o-cultural-da-marinha-700x525.jpg 700w, https:\/\/loudavymkrokem.cz\/wp-content\/uploads\/2026\/09\/espa-o-cultural-da-marinha-768x576.jpg 768w, https:\/\/loudavymkrokem.cz\/wp-content\/uploads\/2026\/09\/espa-o-cultural-da-marinha-1536x1152.jpg 1536w, https:\/\/loudavymkrokem.cz\/wp-content\/uploads\/2026\/09\/espa-o-cultural-da-marinha-80x60.jpg 80w, https:\/\/loudavymkrokem.cz\/wp-content\/uploads\/2026\/09\/espa-o-cultural-da-marinha-160x120.jpg 160w, https:\/\/loudavymkrokem.cz\/wp-content\/uploads\/2026\/09\/espa-o-cultural-da-marinha-696x522.jpg 696w, https:\/\/loudavymkrokem.cz\/wp-content\/uploads\/2026\/09\/espa-o-cultural-da-marinha-1392x1044.jpg 1392w\" sizes=\"(max-width: 1600px) 100vw, 1600px\" \/><button\n\t\t\tclass=\"lightbox-trigger\"\n\t\t\ttype=\"button\"\n\t\t\taria-haspopup=\"dialog\"\n\t\t\tdata-wp-bind--aria-label=\"state.thisImage.triggerButtonAriaLabel\"\n\t\t\tdata-wp-init=\"callbacks.initTriggerButton\"\n\t\t\tdata-wp-on--click=\"actions.showLightbox\"\n\t\t\tdata-wp-style--right=\"state.thisImage.buttonRight\"\n\t\t\tdata-wp-style--top=\"state.thisImage.buttonTop\"\n\t\t>\n\t\t\t<svg xmlns=\"http:\/\/www.w3.org\/2000\/svg\" width=\"12\" height=\"12\" fill=\"none\" viewBox=\"0 0 12 12\">\n\t\t\t\t<path fill=\"#fff\" d=\"M2 0a2 2 0 0 0-2 2v2h1.5V2a.5.5 0 0 1 .5-.5h2V0H2Zm2 10.5H2a.5.5 0 0 1-.5-.5V8H0v2a2 2 0 0 0 2 2h2v-1.5ZM8 12v-1.5h2a.5.5 0 0 0 .5-.5V8H12v2a2 2 0 0 1-2 2H8Zm2-12a2 2 0 0 1 2 2v2h-1.5V2a.5.5 0 0 0-.5-.5H8V0h2Z\" \/>\n\t\t\t<\/svg>\n\t\t<\/button><figcaption class=\"wp-element-caption\">Foto: Heber iba\u00f1ez \/ Google Maps<\/figcaption><\/figure>\n\n\n\n<h3 class=\"wp-block-heading\"><span class=\"ez-toc-section\" id=\"21_Espaco_Cultural_da_Marinha\"><\/span>21. Espa\u00e7o Cultural da Marinha<span class=\"ez-toc-section-end\"><\/span><\/h3>\n\n\n\n<p class=\"wp-block-paragraph\">Jos liikut historiallisessa keskustassa sataman l\u00e4hell\u00e4, t\u00f6rm\u00e4\u00e4t kiehtovaan museoon, jota arvostavat muutkin kuin sotahistorian yst\u00e4v\u00e4t. <strong>Espa\u00e7o Cultural da Marinha on laaja merimuseo, joka antaa sinun kurkistaa Brasilian rikkaaseen merenkulkuperinteeseen<\/strong>, sill\u00e4 maalla on yksi maailman pisimmist\u00e4 rannikoista. Ulkon\u00e4yttely on t\u00e4ynn\u00e4 historiallisia tykkej\u00e4, vanhoja torpedoja ja valtavia ankkureita, jotka on siroteltu pitkin auringonvalon t\u00e4ytt\u00e4m\u00e4\u00e4 rantalaituria.<\/p>\n\n\n\n<p class=\"wp-block-paragraph\">Koko alueen suurin vetonaula ovat kuitenkin aidot alukset, joihin voit kiivet\u00e4 kaikessa rauhassa ruumasta aina kapteenin komentosillalle asti. <strong>Suurimman el\u00e4myksen tarjoaa k\u00e4yt\u00f6st\u00e4 poistetun sotasukellusveneen Riachuelon ja vanhan tutkimusaluksen tarkan j\u00e4ljenn\u00f6ksen kierros<\/strong>, joka n\u00e4ytt\u00e4\u00e4, kuinka ahtaissa olosuhteissa ensimm\u00e4iset eurooppalaiset purjehtivat Etel\u00e4-Amerikan rannoille. T\u00e4\u00e4lt\u00e4 l\u00e4htev\u00e4t my\u00f6s risteilyt Guanabaran lahdelle, jotka tarjoavat kauniin n\u00e4kym\u00e4n kaupunkiin vedenpinnalta.<\/p>\n\n\n\n<p class=\"wp-block-paragraph\">\ud83d\udca1 Vinkki: <strong>Risteily lahdella t\u00e4st\u00e4 satamasta on huomattavasti edullisempi ja aidompi kuin ylihinnoitellut turistilaivat, jotka l\u00e4htev\u00e4t kaupungin etel\u00e4osasta.<\/strong> Muista kuitenkin ottaa vahva aurinkovoide ja hattu, sill\u00e4 vanhojen laivojen ja sukellusveneiden kannella mik\u00e4\u00e4n ei suojaa sinua polttavalta brasilialaiselta auringolta, ja metalliset kannet ovat usein hyvin kuumia.<\/p>\n\n\n\n<figure data-wp-context=\"{&quot;imageId&quot;:&quot;6a9c4edb82e80&quot;}\" data-wp-interactive=\"core\/image\" data-wp-key=\"6a9c4edb82e80\" class=\"wp-block-image size-full wp-lightbox-container\"><img decoding=\"async\" width=\"1200\" height=\"800\" data-wp-class--hide=\"state.isContentHidden\" data-wp-class--show=\"state.isContentVisible\" data-wp-init=\"callbacks.setButtonStyles\" data-wp-on--click=\"actions.showLightbox\" data-wp-on--load=\"callbacks.setButtonStyles\" data-wp-on--pointerdown=\"actions.preloadImage\" data-wp-on--pointerenter=\"actions.preloadImageWithDelay\" data-wp-on--pointerleave=\"actions.cancelPreload\" data-wp-on-window--resize=\"callbacks.setButtonStyles\" src=\"https:\/\/loudavymkrokem.cz\/wp-content\/uploads\/2026\/09\/praia-vermelha-pod-cukrovou-homol.jpg\" alt=\"Praia Vermelha -ranta Sokeritoppavuoren alla\" class=\"wp-image-413245\" title=\"\" srcset=\"https:\/\/loudavymkrokem.cz\/wp-content\/uploads\/2026\/09\/praia-vermelha-pod-cukrovou-homol.jpg 1200w, https:\/\/loudavymkrokem.cz\/wp-content\/uploads\/2026\/09\/praia-vermelha-pod-cukrovou-homol-300x200.jpg 300w, https:\/\/loudavymkrokem.cz\/wp-content\/uploads\/2026\/09\/praia-vermelha-pod-cukrovou-homol-700x467.jpg 700w, https:\/\/loudavymkrokem.cz\/wp-content\/uploads\/2026\/09\/praia-vermelha-pod-cukrovou-homol-768x512.jpg 768w, https:\/\/loudavymkrokem.cz\/wp-content\/uploads\/2026\/09\/praia-vermelha-pod-cukrovou-homol-696x464.jpg 696w\" sizes=\"(max-width: 1200px) 100vw, 1200px\" \/><button\n\t\t\tclass=\"lightbox-trigger\"\n\t\t\ttype=\"button\"\n\t\t\taria-haspopup=\"dialog\"\n\t\t\tdata-wp-bind--aria-label=\"state.thisImage.triggerButtonAriaLabel\"\n\t\t\tdata-wp-init=\"callbacks.initTriggerButton\"\n\t\t\tdata-wp-on--click=\"actions.showLightbox\"\n\t\t\tdata-wp-style--right=\"state.thisImage.buttonRight\"\n\t\t\tdata-wp-style--top=\"state.thisImage.buttonTop\"\n\t\t>\n\t\t\t<svg xmlns=\"http:\/\/www.w3.org\/2000\/svg\" width=\"12\" height=\"12\" fill=\"none\" viewBox=\"0 0 12 12\">\n\t\t\t\t<path fill=\"#fff\" d=\"M2 0a2 2 0 0 0-2 2v2h1.5V2a.5.5 0 0 1 .5-.5h2V0H2Zm2 10.5H2a.5.5 0 0 1-.5-.5V8H0v2a2 2 0 0 0 2 2h2v-1.5ZM8 12v-1.5h2a.5.5 0 0 0 .5-.5V8H12v2a2 2 0 0 1-2 2H8Zm2-12a2 2 0 0 1 2 2v2h-1.5V2a.5.5 0 0 0-.5-.5H8V0h2Z\" \/>\n\t\t\t<\/svg>\n\t\t<\/button><figcaption class=\"wp-element-caption\">Foto: Carlos Alberto do Amaral \/ Google Maps<\/figcaption><\/figure>\n\n\n\n<h3 class=\"wp-block-heading\"><span class=\"ez-toc-section\" id=\"22_Praia_Vermelha_-ranta_Sokeritoppavuoren_alla\"><\/span>22. Praia Vermelha -ranta Sokeritoppavuoren alla<span class=\"ez-toc-section-end\"><\/span><\/h3>\n\n\n\n<p class=\"wp-block-paragraph\">Aivan listamme p\u00e4\u00e4tteeksi j\u00e4timme pienen, mutta sit\u00e4kin kauniimman rannan, joka tarjoaa t\u00e4ysin erilaisen el\u00e4myksen kuin Copacabanan loputtomat hiekkakaistaleet. <strong>Praia Vermelha eli Punainen ranta sijaitsee k\u00e4tkettyn\u00e4 rauhalliseen poukamaan aivan majesteettisen Sokeritoppavuoren juurella<\/strong>, joka kohoaa sen yll\u00e4 kuin valtava kivimuuri. Sen nimi juontuu karkeammasta punertavasta hiekasta, joka saa auringonlaskun aikaan kauniin l\u00e4mpim\u00e4n s\u00e4vyn.<\/p>\n\n\n\n<p class=\"wp-block-paragraph\">Poukama on suojattu voimakkailta valtamerivirtauksilta, joten vesi on t\u00e4\u00e4ll\u00e4 uskomattoman rauhallista ja turvallista, mik\u00e4 tekee siit\u00e4 ihanteellisen paikan perheille ja rennolle uimiselle. <strong>Suurten aaltojen puuttumisen ansiosta se on my\u00f6s t\u00e4ydellinen paikka SUP-laudan tai merikajakin vuokraamiseen<\/strong>, joilta voit ihailla ymp\u00e4r\u00f6ivi\u00e4 jyrkki\u00e4 kallioita aivan uudesta n\u00e4k\u00f6kulmasta. Ranta on hyvin pieni ja kodikas, vihreiden puiden ymp\u00e4r\u00f6im\u00e4, ja tarjoaa paljon intiimimm\u00e4n tunnelman kuin suuret naapurirannat.<\/p>\n\n\n\n<p class=\"wp-block-paragraph\">\ud83d\udca1 Vinkki: <strong>Rannan vasemmasta reunasta alkaa upea, p\u00e4\u00e4llystetty Pista Cl\u00e1udio Coutinho -polku, joka kiemurtelee sademets\u00e4n l\u00e4pi aivan meren yll\u00e4 olevia kallioita pitkin.<\/strong> Se on ihana paikka vaatimattomaan k\u00e4velyyn, jolla tapaat suurella todenn\u00e4k\u00f6isyydell\u00e4 r\u00f6yhkeit\u00e4 silkkiapinoita, muista vain, ett\u00e4 villiel\u00e4inten ruokkiminen on koko puistossa ehdottomasti kielletty, olivatpa ne kuinka herttaisia tahansa. Retki t\u00e4lle rannalle yhdistyy ihanteellisesti vierailuun itse Sokeritoppavuorelle \u2014 k\u00f6ysiradan alempi asema sijaitsee heti kadun toisella puolella.<\/p>\n\n\n\n<h2 class=\"wp-block-heading\"><span class=\"ez-toc-section\" id=\"Minne_jatkaa_Rio_de_Janeirosta\"><\/span>Minne jatkaa Rio de Janeirosta<span class=\"ez-toc-section-end\"><\/span><\/h2>\n\n\n\n<p class=\"wp-block-paragraph\">Brasilia on valtava maa, ja Rio de Janeiro on usein vain ensimm\u00e4inen pys\u00e4hdys etel\u00e4amerikkalaisella matkallasi. Jos haluat <strong>syventy\u00e4 majoituksesi suunnitteluun<\/strong>, kirjoitimme sinulle yksityiskohtaisemman oppaan <a href=\"https:\/\/loudavymkrokem.cz\/fi\/missa-yopya-rio-de-janeiro\/\">Miss\u00e4 majoittua Rio de Janeirossa<\/a>. Siit\u00e4 saat selville tarkat erot kaupungin etel\u00e4osan eri kaupunginosien v\u00e4lill\u00e4 ja valitset n\u00e4in helpommin parhaan sijainnin.<\/p>\n\n\n\n<p class=\"wp-block-paragraph\">Suurin osa matkailijoista siirtyy t\u00e4m\u00e4n j\u00e4lkeen koko etel\u00e4isen pallonpuoliskon suurimpaan metropoliin, joka tarjoaa <strong>t\u00e4ysin erilaisen, hyvin urbaanin el\u00e4myksen<\/strong>. Sujuvaa siirtym\u00e4\u00e4 varten suosittelen kurkistamaan artikkeliin <a href=\"https:\/\/loudavymkrokem.cz\/fi\/?p=412732\">Mit\u00e4 n\u00e4hd\u00e4 S\u00e3o Paulossa<\/a>, josta l\u00f6yd\u00e4t vinkkej\u00e4 parhaista museoista, puistoista ja pilvenpiirt\u00e4j\u00e4n\u00e4k\u00f6alapaikoista. K\u00e4yt\u00e4nn\u00f6n neuvot turvallisen sijainnin valintaan t\u00e4ss\u00e4 valtavassa bisneskaupungissa tarjoaa sitten oppaamme <a href=\"https:\/\/loudavymkrokem.cz\/fi\/?p=412738\">Miss\u00e4 majoittua S\u00e3o Paulossa<\/a>.<\/p>\n\n\n\n<h2 class=\"wp-block-heading\"><span class=\"ez-toc-section\" id=\"Usein_kysytyt_kysymykset\"><\/span>Usein kysytyt kysymykset<span class=\"ez-toc-section-end\"><\/span><\/h2>\n\n\n<div id=\"rank-math-faq\" class=\"rank-math-block\">\n<div class=\"rank-math-list \">\n<div id=\"faq-question-1788283109000\" class=\"rank-math-list-item\">\n<h3 class=\"rank-math-question \"><span class=\"ez-toc-section\" id=\"Onko_Rio_de_Janeiro_turvallinen_turisteille\"><\/span>Onko Rio de Janeiro turvallinen turisteille?<span class=\"ez-toc-section-end\"><\/span><\/h3>\n<div class=\"rank-math-answer \">\n\n<p>Jos pysyttelet <strong>turvallisella turistialueella Ipaneman ja Leblonin kaupunginosien ymp\u00e4rill\u00e4<\/strong>, sinulla ei todenn\u00e4k\u00f6isesti ole mit\u00e4\u00e4n ongelmia. P\u00e4iv\u00e4ll\u00e4 my\u00f6s Copacabana on turvallinen, mutta pime\u00e4n laskettua v\u00e4lt\u00e4 k\u00e4vely\u00e4 rannalla ja tyhjill\u00e4 keskustan kaduilla. <strong>K\u00e4yt\u00e4 ehdottomasti Uberia<\/strong> \u00e4l\u00e4k\u00e4 esittele kallisarvoiset korut tai puhelimet.<\/p>\n\n<\/div>\n<\/div>\n<div id=\"faq-question-1788283109001\" class=\"rank-math-list-item\">\n<h3 class=\"rank-math-question \"><span class=\"ez-toc-section\" id=\"Kuinka_monta_paivaa_tarvitsen_Rion_vierailuun\"><\/span>Kuinka monta p\u00e4iv\u00e4\u00e4 tarvitsen Rion vierailuun?<span class=\"ez-toc-section-end\"><\/span><\/h3>\n<div class=\"rank-math-answer \">\n\n<p>Ihanteellinen aika kaupungin tutustumiseen on <strong>nelj\u00e4st\u00e4 viiteen t\u00e4ytt\u00e4 p\u00e4iv\u00e4\u00e4<\/strong>, mik\u00e4 antaa sinulle riitt\u00e4v\u00e4sti aikaa n\u00e4ht\u00e4vyyksiin ja rentoutumiseen rannalla. J\u00e4t\u00e4 kuitenkin aina v\u00e4hint\u00e4\u00e4n <strong>kaksi varap\u00e4iv\u00e4\u00e4 aikavaraksesi<\/strong>, jotta voit joustavasti mukauttaa korkealla sijaitsevien n\u00e4k\u00f6alapaikkojen vierailut pilvisyyden ja s\u00e4\u00e4n mukaan.<\/p>\n\n<\/div>\n<\/div>\n<div id=\"faq-question-1788283109002\" class=\"rank-math-list-item\">\n<h3 class=\"rank-math-question \"><span class=\"ez-toc-section\" id=\"Mika_on_paras_tapa_paasta_Kristus_Vapahtaja_-patsaalle\"><\/span>Mik\u00e4 on paras tapa p\u00e4\u00e4st\u00e4 Kristus Vapahtaja -patsaalle?<span class=\"ez-toc-section-end\"><\/span><\/h3>\n<div class=\"rank-math-answer \">\n\n<p>Vaihtoehtoja on kolme, joista <strong>kallein ja suosituin on historiallinen Corcovadon hammasratajuna<\/strong>, joka vie sinut viidakon halki. Hieman halvempi vaihtoehto on virallinen linja-auto Paineiras-vierailijakeskuksesta. Jos etsit halvinta ja seikkailullisinta reitti\u00e4, <strong>voit k\u00e4vell\u00e4 jyrkk\u00e4\u00e4 polkua<\/strong> Parque Lage -puistosta, mik\u00e4 vie sinulta noin kaksi tuntia vaativaa nousua.<\/p>\n\n<\/div>\n<\/div>\n<div id=\"faq-question-1788283109003\" class=\"rank-math-list-item\">\n<h3 class=\"rank-math-question \"><span class=\"ez-toc-section\" id=\"Milloin_on_paras_aika_matkustaa_Brasiliaan\"><\/span>Milloin on paras aika matkustaa Brasiliaan?<span class=\"ez-toc-section-end\"><\/span><\/h3>\n<div class=\"rank-math-answer \">\n\n<p>Suotuisan s\u00e4\u00e4n ja kohtuullisten hintojen kannalta parasta on <strong>matkustaa huhti-kes\u00e4kuussa tai elo-lokakuussa<\/strong>. V\u00e4lt\u00e4t n\u00e4in \u00e4\u00e4rimm\u00e4isen kes\u00e4helteen ja s\u00e4\u00e4nn\u00f6lliset rankkatuulet. Karnevaalin ja uudenvuoden aikana kaupungissa on valtava tunnelma, mutta <strong>majoitushinnat ovat moninkertaiset<\/strong> ja kaikkialla on valtavat ihmisjoukot.<\/p>\n\n<\/div>\n<\/div>\n<div id=\"faq-question-1788283109004\" class=\"rank-math-list-item\">\n<h3 class=\"rank-math-question \"><span class=\"ez-toc-section\" id=\"Voinko_uida_Rion_rannoilla_pimean_laskettua\"><\/span>Voinko uida Rion rannoilla pime\u00e4n laskettua?<span class=\"ez-toc-section-end\"><\/span><\/h3>\n<div class=\"rank-math-answer \">\n\n<p><strong>Ei miss\u00e4\u00e4n tapauksessa, rannalle ei menn\u00e4 koskaan y\u00f6ll\u00e4.<\/strong> Auringon laskettua pitk\u00e4t hiekkarannat muuttuvat turisteille vaarallisiksi ja houkuttelevat ep\u00e4ilytt\u00e4vi\u00e4 tyyppej\u00e4. Kaupungin asukkaat kokoontuvat illoilla hyvin valaistuihin baareihin ja ravintoloihin vilkkailla kaduilla, joten <strong>v\u00e4lt\u00e4 autioita rantoja pime\u00e4n j\u00e4lkeen kokonaan<\/strong>.<\/p>\n\n<\/div>\n<\/div>\n<div id=\"faq-question-1788283109005\" class=\"rank-math-list-item\">\n<h3 class=\"rank-math-question \"><span class=\"ez-toc-section\" id=\"Kuinka_liikkua_kaupungissa_ja_onko_julkinen_liikenne_turvallista\"><\/span>Kuinka liikkua kaupungissa ja onko julkinen liikenne turvallista?<span class=\"ez-toc-section-end\"><\/span><\/h3>\n<div class=\"rank-math-answer \">\n\n<p>P\u00e4iv\u00e4ll\u00e4 <strong>toimii erinomaisesti ja turvallisesti metroverkko<\/strong>, joka yhdist\u00e4\u00e4 etel\u00e4iset ranta-alueet kaupungin historialliseen keskustaan. Tavalliset bussit ovat jonkin verran sekavia eiv\u00e4tk\u00e4 niit\u00e4 suositella turisteille. Kun alkaa h\u00e4m\u00e4rt\u00e4\u00e4, <strong>vaihda ehdottomasti Uber-sovellukseen<\/strong>, joka on Brasiliassa eritt\u00e4in halpa, luotettava ja takaa sinulle rauhallisen paluun hotellille.<\/p>\n\n<\/div>\n<\/div>\n<div id=\"faq-question-1788283109006\" class=\"rank-math-list-item\">\n<h3 class=\"rank-math-question \"><span class=\"ez-toc-section\" id=\"Mita_syoda_Riossa_jos_en_syo_lihaa\"><\/span>Mit\u00e4 sy\u00f6d\u00e4 Riossa, jos en sy\u00f6 lihaa?<span class=\"ez-toc-section-end\"><\/span><\/h3>\n<div class=\"rank-math-answer \">\n\n<p>Vaikka brasilialainen keitti\u00f6 perustuu vahvasti lihaan, t\u00e4\u00e4lt\u00e4 l\u00f6ytyy paljon kasvisherkkuja. <strong>Suurin hitti on j\u00e4inen a\u00e7a\u00ed granolan kanssa<\/strong>, joka virkist\u00e4\u00e4 erinomaisesti rannalla. Katukojuista etsi juustopullat p\u00e3o de queijo tai tapiokaa t\u00e4ytettyn\u00e4 juustolla ja tomaateilla. Kunnolliselle illalliselle <strong>suuntaa Ipaneman erinomaisiin italialaisiin ravintoloihin<\/strong>.<\/p>\n\n<\/div>\n<\/div>\n<div id=\"faq-question-1788283109007\" class=\"rank-math-list-item\">\n<h3 class=\"rank-math-question \"><span class=\"ez-toc-section\" id=\"Kannattaako_ostaa_paasyliput_nahtavyyksiin_pitkalle_etukateen\"><\/span>Kannattaako ostaa p\u00e4\u00e4syliput n\u00e4ht\u00e4vyyksiin pitk\u00e4lle etuk\u00e4teen?<span class=\"ez-toc-section-end\"><\/span><\/h3>\n<div class=\"rank-math-answer \">\n\n<p>Moderneihin suljettuihin museoihin, kuten Huomisen museo, online-lippujen osto etuk\u00e4teen kannattaa ehdottomasti. <strong>Ulkona sijaitsevien n\u00e4k\u00f6alapaikkojen, kuten Sokeritopin ja Kristus Vapahtajan kohdalla, ole kuitenkin varovainen.<\/strong> S\u00e4\u00e4 muuttuu rannikolla tunnista toiseen ja ostamalla kiinte\u00e4lle p\u00e4iv\u00e4lle <strong>otat riskin siit\u00e4, ett\u00e4 tihe\u00e4n sumun takia et n\u00e4e yht\u00e4\u00e4n mit\u00e4\u00e4n<\/strong>.<\/p>\n\n<\/div>\n<\/div>\n<\/div>\n<\/div>\n","protected":false},"excerpt":{"rendered":"<p>L\u00f6yd\u00e4 Rio de Janeiron kauneimmat paikat kuuluisista rannoista salaisiin sademets\u00e4n\u00e4k\u00f6aloihin ja opi, miten nautit kaupungista t\u00e4ysin turvallisesti.<\/p>\n","protected":false},"author":3,"featured_media":413187,"comment_status":"open","ping_status":"open","sticky":false,"template":"","format":"standard","meta":{"_acf_changed":false,"footnotes":"","rank_math_title":"Rio de Janeiro: 22 parasta n\u00e4ht\u00e4vyytt\u00e4 2026","rank_math_description":"Rio de Janeiro tarjoaa upeat rannat, Kristus-patsaan ja Sokeritoppavuoren. Lue 22 parasta vinkki\u00e4 ja suunnittele unohtumaton matka jo t\u00e4n\u00e4\u00e4n!","rank_math_focus_keyword":"rio de janeiro","rank_math_seo_score":""},"categories":[2123],"tags":[],"class_list":["post-417724","post","type-post","status-publish","format-standard","has-post-thumbnail","category-matkailu"],"acf":[],"featured_image_src":"https:\/\/loudavymkrokem.cz\/wp-content\/uploads\/2026\/09\/pedra-do-arpoador.jpg","author_info":{"display_name":"Lucie Kone\u010dn\u00e1","author_link":"https:\/\/loudavymkrokem.cz\/fi\/author\/lucie-konecna\/"},"_links":{"self":[{"href":"https:\/\/loudavymkrokem.cz\/fi\/wp-json\/wp\/v2\/posts\/417724","targetHints":{"allow":["GET"]}}],"collection":[{"href":"https:\/\/loudavymkrokem.cz\/fi\/wp-json\/wp\/v2\/posts"}],"about":[{"href":"https:\/\/loudavymkrokem.cz\/fi\/wp-json\/wp\/v2\/types\/post"}],"author":[{"embeddable":true,"href":"https:\/\/loudavymkrokem.cz\/fi\/wp-json\/wp\/v2\/users\/3"}],"replies":[{"embeddable":true,"href":"https:\/\/loudavymkrokem.cz\/fi\/wp-json\/wp\/v2\/comments?post=417724"}],"version-history":[{"count":2,"href":"https:\/\/loudavymkrokem.cz\/fi\/wp-json\/wp\/v2\/posts\/417724\/revisions"}],"predecessor-version":[{"id":417726,"href":"https:\/\/loudavymkrokem.cz\/fi\/wp-json\/wp\/v2\/posts\/417724\/revisions\/417726"}],"wp:featuredmedia":[{"embeddable":true,"href":"https:\/\/loudavymkrokem.cz\/fi\/wp-json\/wp\/v2\/media\/413187"}],"wp:attachment":[{"href":"https:\/\/loudavymkrokem.cz\/fi\/wp-json\/wp\/v2\/media?parent=417724"}],"wp:term":[{"taxonomy":"category","embeddable":true,"href":"https:\/\/loudavymkrokem.cz\/fi\/wp-json\/wp\/v2\/categories?post=417724"},{"taxonomy":"post_tag","embeddable":true,"href":"https:\/\/loudavymkrokem.cz\/fi\/wp-json\/wp\/v2\/tags?post=417724"}],"curies":[{"name":"wp","href":"https:\/\/api.w.org\/{rel}","templated":true}]}}