{"id":417721,"date":"2026-09-04T20:50:25","date_gmt":"2026-09-04T18:50:25","guid":{"rendered":"https:\/\/loudavymkrokem.cz\/strasbourg-ranska-nahtavyydet\/"},"modified":"2026-09-05T17:36:22","modified_gmt":"2026-09-05T15:36:22","slug":"strasbourg-ranska-nahtavyydet","status":"publish","type":"post","link":"https:\/\/loudavymkrokem.cz\/fi\/strasbourg-ranska-nahtavyydet\/","title":{"rendered":"Strasbourg, Ranska: 18 vinkki\u00e4 n\u00e4ht\u00e4vyyksiin ja tekemiseen"},"content":{"rendered":"\n<p class=\"wp-block-paragraph\">Strasbourg Ranskassa yhdistyy useimmilla meist\u00e4 v\u00e4litt\u00f6m\u00e4sti gl\u00f6gin tuoksuun ja jouluvalojen tulvaan, mutta totuus on, ett\u00e4 <strong>t\u00e4ll\u00e4 kaupungilla on tarjottavaa my\u00f6s muina vuoden yhten\u00e4toista kuukautena<\/strong>. Kun joulukuussa kaupunki pursuaa v\u00e4ke\u00e4 ja hinnat kohoavat pilviin, adventtiajan ulkopuolella se muuttuu rauhallisemmaksi ja <strong>selv\u00e4sti edullisemmaksi kohteeksi<\/strong>, jossa ranskalainen eleganssi yhdistyy saksalaiseen t\u00e4sm\u00e4llisyyteen. Viimeisen vuosisadan aikana kaupungin valtiollinen kuuluvuus vaihtui per\u00e4ti nelj\u00e4 kertaa, mik\u00e4 on j\u00e4tt\u00e4nyt l\u00e4htem\u00e4tt\u00f6m\u00e4n j\u00e4ljen arkkitehtuuriin, paikalliseen kieleen ja mainioon gastronomiaan.<\/p>\n\n\n\n<p class=\"wp-block-paragraph\">T\u00e4\u00e4lt\u00e4 l\u00f6yd\u00e4t <strong>Unescon maailmanperint\u00f6luetteloon kuuluvan historiallisen kaupunginosan<\/strong>, mahtavan goottilaisen katedraalin sek\u00e4 Euroopan parlamentin modernit lasirakennukset, jotka yhdess\u00e4 luovat aivan ainutlaatuisen tunnelman. Voit vaeltaa vieh\u00e4tt\u00e4vill\u00e4 ristikkotaloja t\u00e4ynn\u00e4 olevilla kujilla, tarkkailla veneit\u00e4 vesikanavilla tai vain istahtaa kahvilaan ja <strong>nauttia t\u00e4st\u00e4 uskomattomasta rauhasta ilman turistiruuhkia<\/strong>. Strasbourg on lyhyesti sanottuna kahden identiteetin kaupunki, joka yll\u00e4tt\u00e4\u00e4 sinut joka k\u00e4\u00e4nteess\u00e4.<\/p>\n\n\n\n<p class=\"wp-block-paragraph\">Jos etsit ihanteellista kohdetta pidennetylle viikonlopulle, jossa <strong>historia kietoutuu sykkiv\u00e4\u00e4n moderniin el\u00e4m\u00e4\u00e4n<\/strong>, olet juuri l\u00f6yt\u00e4nyt sen. Olen koonnut sinulle yksityiskohtaisen oppaan, joka esittelee kaupungin suurimmat aarteet ja neuvoo, miten voit nauttia vierailusta t\u00e4ysin siemauksin riippumatta siit\u00e4, mihin vuodenaikaan t\u00e4nne suuntaat.<\/p>\n\n\n\n<figure data-wp-context=\"{&quot;imageId&quot;:&quot;6a9c4edcec773&quot;}\" data-wp-interactive=\"core\/image\" data-wp-key=\"6a9c4edcec773\" class=\"wp-block-image size-full wp-lightbox-container\"><img decoding=\"async\" width=\"1920\" height=\"2454\" data-wp-class--hide=\"state.isContentHidden\" data-wp-class--show=\"state.isContentVisible\" data-wp-init=\"callbacks.setButtonStyles\" data-wp-on--click=\"actions.showLightbox\" data-wp-on--load=\"callbacks.setButtonStyles\" data-wp-on--pointerdown=\"actions.preloadImage\" data-wp-on--pointerenter=\"actions.preloadImageWithDelay\" data-wp-on--pointerleave=\"actions.cancelPreload\" data-wp-on-window--resize=\"callbacks.setButtonStyles\" src=\"https:\/\/loudavymkrokem.cz\/wp-content\/uploads\/2026\/09\/katedrala-notre-dame-ve-strasburku-af4b864e.jpg\" alt=\"Notre-Damen katedraali Strasbourgissa\" class=\"wp-image-413376\" title=\"\" srcset=\"https:\/\/loudavymkrokem.cz\/wp-content\/uploads\/2026\/09\/katedrala-notre-dame-ve-strasburku-af4b864e.jpg 1920w, https:\/\/loudavymkrokem.cz\/wp-content\/uploads\/2026\/09\/katedrala-notre-dame-ve-strasburku-af4b864e-235x300.jpg 235w, https:\/\/loudavymkrokem.cz\/wp-content\/uploads\/2026\/09\/katedrala-notre-dame-ve-strasburku-af4b864e-700x895.jpg 700w, https:\/\/loudavymkrokem.cz\/wp-content\/uploads\/2026\/09\/katedrala-notre-dame-ve-strasburku-af4b864e-768x982.jpg 768w, https:\/\/loudavymkrokem.cz\/wp-content\/uploads\/2026\/09\/katedrala-notre-dame-ve-strasburku-af4b864e-1202x1536.jpg 1202w, https:\/\/loudavymkrokem.cz\/wp-content\/uploads\/2026\/09\/katedrala-notre-dame-ve-strasburku-af4b864e-1602x2048.jpg 1602w, https:\/\/loudavymkrokem.cz\/wp-content\/uploads\/2026\/09\/katedrala-notre-dame-ve-strasburku-af4b864e-696x890.jpg 696w, https:\/\/loudavymkrokem.cz\/wp-content\/uploads\/2026\/09\/katedrala-notre-dame-ve-strasburku-af4b864e-1392x1779.jpg 1392w\" sizes=\"(max-width: 1920px) 100vw, 1920px\" \/><button\n\t\t\tclass=\"lightbox-trigger\"\n\t\t\ttype=\"button\"\n\t\t\taria-haspopup=\"dialog\"\n\t\t\tdata-wp-bind--aria-label=\"state.thisImage.triggerButtonAriaLabel\"\n\t\t\tdata-wp-init=\"callbacks.initTriggerButton\"\n\t\t\tdata-wp-on--click=\"actions.showLightbox\"\n\t\t\tdata-wp-style--right=\"state.thisImage.buttonRight\"\n\t\t\tdata-wp-style--top=\"state.thisImage.buttonTop\"\n\t\t>\n\t\t\t<svg xmlns=\"http:\/\/www.w3.org\/2000\/svg\" width=\"12\" height=\"12\" fill=\"none\" viewBox=\"0 0 12 12\">\n\t\t\t\t<path fill=\"#fff\" d=\"M2 0a2 2 0 0 0-2 2v2h1.5V2a.5.5 0 0 1 .5-.5h2V0H2Zm2 10.5H2a.5.5 0 0 1-.5-.5V8H0v2a2 2 0 0 0 2 2h2v-1.5ZM8 12v-1.5h2a.5.5 0 0 0 .5-.5V8H12v2a2 2 0 0 1-2 2H8Zm2-12a2 2 0 0 1 2 2v2h-1.5V2a.5.5 0 0 0-.5-.5H8V0h2Z\" \/>\n\t\t\t<\/svg>\n\t\t<\/button><figcaption class=\"wp-element-caption\">Foto: Diliff \/ Wikimedia Commons, CC BY-SA 3.0<\/figcaption><\/figure>\n\n\n\n<div id=\"ez-toc-container\" class=\"ez-toc-v2_0_87 ez-toc-wrap-left counter-hierarchy ez-toc-counter ez-toc-grey ez-toc-container-direction\">\n<div class=\"ez-toc-title-container\">\n<p class=\"ez-toc-title\" style=\"cursor:inherit\">Artikkelin sis\u00e4lt\u00f6<\/p>\n<span class=\"ez-toc-title-toggle\"><a href=\"#\" class=\"ez-toc-pull-right ez-toc-btn ez-toc-btn-xs ez-toc-btn-default ez-toc-toggle\" aria-label=\"Toggle Table of Content\"><span class=\"ez-toc-js-icon-con\"><span class=\"\"><span class=\"eztoc-hide\" style=\"display:none;\">Toggle<\/span><span class=\"ez-toc-icon-toggle-span\"><svg style=\"fill: #999;color:#999\" xmlns=\"http:\/\/www.w3.org\/2000\/svg\" class=\"list-377408\" width=\"20px\" height=\"20px\" viewBox=\"0 0 24 24\" fill=\"none\"><path d=\"M6 6H4v2h2V6zm14 0H8v2h12V6zM4 11h2v2H4v-2zm16 0H8v2h12v-2zM4 16h2v2H4v-2zm16 0H8v2h12v-2z\" fill=\"currentColor\"><\/path><\/svg><svg style=\"fill: #999;color:#999\" class=\"arrow-unsorted-368013\" xmlns=\"http:\/\/www.w3.org\/2000\/svg\" width=\"10px\" height=\"10px\" viewBox=\"0 0 24 24\" version=\"1.2\" baseProfile=\"tiny\"><path d=\"M18.2 9.3l-6.2-6.3-6.2 6.3c-.2.2-.3.4-.3.7s.1.5.3.7c.2.2.4.3.7.3h11c.3 0 .5-.1.7-.3.2-.2.3-.5.3-.7s-.1-.5-.3-.7zM5.8 14.7l6.2 6.3 6.2-6.3c.2-.2.3-.5.3-.7s-.1-.5-.3-.7c-.2-.2-.4-.3-.7-.3h-11c-.3 0-.5.1-.7.3-.2.2-.3.5-.3.7s.1.5.3.7z\"\/><\/svg><\/span><\/span><\/span><\/a><\/span><\/div>\n<nav><ul class='ez-toc-list ez-toc-list-level-1 ' ><ul class='ez-toc-list-level-3' ><li class='ez-toc-heading-level-3'><a class=\"ez-toc-link ez-toc-heading-1\" href=\"https:\/\/loudavymkrokem.cz\/fi\/strasbourg-ranska-nahtavyydet\/#Yhteenveto_niille_joilla_ei_ole_aikaa_lukea_koko_artikkelia\" >Yhteenveto niille, joilla ei ole aikaa lukea koko artikkelia<\/a><\/li><\/ul><\/li><li class='ez-toc-page-1 ez-toc-heading-level-2'><a class=\"ez-toc-link ez-toc-heading-2\" href=\"https:\/\/loudavymkrokem.cz\/fi\/strasbourg-ranska-nahtavyydet\/#Milloin_lahtea_Strasbourgiin\" >Milloin l\u00e4hte\u00e4 Strasbourgiin<\/a><\/li><li class='ez-toc-page-1 ez-toc-heading-level-2'><a class=\"ez-toc-link ez-toc-heading-3\" href=\"https:\/\/loudavymkrokem.cz\/fi\/strasbourg-ranska-nahtavyydet\/#Missa_yopya_Strasbourgissa\" >Miss\u00e4 y\u00f6py\u00e4 Strasbourgissa<\/a><\/li><li class='ez-toc-page-1 ez-toc-heading-level-2'><a class=\"ez-toc-link ez-toc-heading-4\" href=\"https:\/\/loudavymkrokem.cz\/fi\/strasbourg-ranska-nahtavyydet\/#18_vinkkia_nahtavyyksiin_ja_tekemiseen_Strasbourgissa\" >18 vinkki\u00e4 n\u00e4ht\u00e4vyyksiin ja tekemiseen Strasbourgissa<\/a><ul class='ez-toc-list-level-3' ><li class='ez-toc-heading-level-3'><a class=\"ez-toc-link ez-toc-heading-5\" href=\"https:\/\/loudavymkrokem.cz\/fi\/strasbourg-ranska-nahtavyydet\/#1_Cathedrale_Notre-Dame-de-Strasbourg\" >1. Cath\u00e9drale Notre-Dame-de-Strasbourg<\/a><\/li><li class='ez-toc-page-1 ez-toc-heading-level-3'><a class=\"ez-toc-link ez-toc-heading-6\" href=\"https:\/\/loudavymkrokem.cz\/fi\/strasbourg-ranska-nahtavyydet\/#2_1500-luvun_astronominen_kello\" >2. 1500-luvun astronominen kello<\/a><\/li><li class='ez-toc-page-1 ez-toc-heading-level-3'><a class=\"ez-toc-link ez-toc-heading-7\" href=\"https:\/\/loudavymkrokem.cz\/fi\/strasbourg-ranska-nahtavyydet\/#3_Nousu_katedraalin_nakoalatasanteelle\" >3. Nousu katedraalin n\u00e4k\u00f6alatasanteelle<\/a><\/li><li class='ez-toc-page-1 ez-toc-heading-level-3'><a class=\"ez-toc-link ez-toc-heading-8\" href=\"https:\/\/loudavymkrokem.cz\/fi\/strasbourg-ranska-nahtavyydet\/#4_Petite_France\" >4. Petite France<\/a><\/li><li class='ez-toc-page-1 ez-toc-heading-level-3'><a class=\"ez-toc-link ez-toc-heading-9\" href=\"https:\/\/loudavymkrokem.cz\/fi\/strasbourg-ranska-nahtavyydet\/#5_Ponts_Couverts_de_Strasbourg\" >5. Ponts Couverts de Strasbourg<\/a><\/li><li class='ez-toc-page-1 ez-toc-heading-level-3'><a class=\"ez-toc-link ez-toc-heading-10\" href=\"https:\/\/loudavymkrokem.cz\/fi\/strasbourg-ranska-nahtavyydet\/#6_Barrage_Vauban\" >6. Barrage Vauban<\/a><\/li><li class='ez-toc-page-1 ez-toc-heading-level-3'><a class=\"ez-toc-link ez-toc-heading-11\" href=\"https:\/\/loudavymkrokem.cz\/fi\/strasbourg-ranska-nahtavyydet\/#7_Batorama-kanaaliristeily\" >7. Batorama-kanaaliristeily<\/a><\/li><li class='ez-toc-page-1 ez-toc-heading-level-3'><a class=\"ez-toc-link ez-toc-heading-12\" href=\"https:\/\/loudavymkrokem.cz\/fi\/strasbourg-ranska-nahtavyydet\/#8_Euroopan_parlamentti\" >8. Euroopan parlamentti<\/a><\/li><li class='ez-toc-page-1 ez-toc-heading-level-3'><a class=\"ez-toc-link ez-toc-heading-13\" href=\"https:\/\/loudavymkrokem.cz\/fi\/strasbourg-ranska-nahtavyydet\/#9_Parlamentarium_Simone_Veil\" >9. Parlamentarium Simone Veil<\/a><\/li><li class='ez-toc-page-1 ez-toc-heading-level-3'><a class=\"ez-toc-link ez-toc-heading-14\" href=\"https:\/\/loudavymkrokem.cz\/fi\/strasbourg-ranska-nahtavyydet\/#10_Euroopan_neuvosto_ja_instituutioiden_kaupunginosa\" >10. Euroopan neuvosto ja instituutioiden kaupunginosa<\/a><\/li><li class='ez-toc-page-1 ez-toc-heading-level-3'><a class=\"ez-toc-link ez-toc-heading-15\" href=\"https:\/\/loudavymkrokem.cz\/fi\/strasbourg-ranska-nahtavyydet\/#11_Grande_Ile_ensimmainen_Unescoon_merkitty_kaupunginosa\" >11. Grande \u00cele (ensimm\u00e4inen Unescoon merkitty kaupunginosa)<\/a><\/li><li class='ez-toc-page-1 ez-toc-heading-level-3'><a class=\"ez-toc-link ez-toc-heading-16\" href=\"https:\/\/loudavymkrokem.cz\/fi\/strasbourg-ranska-nahtavyydet\/#12_Neustadt_saksalainen_keisarillinen_kaupunginosa\" >12. Neustadt (saksalainen keisarillinen kaupunginosa)<\/a><\/li><li class='ez-toc-page-1 ez-toc-heading-level-3'><a class=\"ez-toc-link ez-toc-heading-17\" href=\"https:\/\/loudavymkrokem.cz\/fi\/strasbourg-ranska-nahtavyydet\/#13_Place_Kleber\" >13. Place Kl\u00e9ber<\/a><\/li><li class='ez-toc-page-1 ez-toc-heading-level-3'><a class=\"ez-toc-link ez-toc-heading-18\" href=\"https:\/\/loudavymkrokem.cz\/fi\/strasbourg-ranska-nahtavyydet\/#14_Parc_de_lOrangerie\" >14. Parc de l&#8217;Orangerie<\/a><\/li><li class='ez-toc-page-1 ez-toc-heading-level-3'><a class=\"ez-toc-link ez-toc-heading-19\" href=\"https:\/\/loudavymkrokem.cz\/fi\/strasbourg-ranska-nahtavyydet\/#15_Parc_de_lEtoile\" >15. Parc de l&#8217;\u00c9toile<\/a><\/li><li class='ez-toc-page-1 ez-toc-heading-level-3'><a class=\"ez-toc-link ez-toc-heading-20\" href=\"https:\/\/loudavymkrokem.cz\/fi\/strasbourg-ranska-nahtavyydet\/#16_Palais_Rohan\" >16. Palais Rohan<\/a><\/li><li class='ez-toc-page-1 ez-toc-heading-level-3'><a class=\"ez-toc-link ez-toc-heading-21\" href=\"https:\/\/loudavymkrokem.cz\/fi\/strasbourg-ranska-nahtavyydet\/#17_Strasbourg_Museum_of_Modern_and_Contemporary_Art_MAMCS\" >17. Strasbourg Museum of Modern and Contemporary Art (MAMCS)<\/a><\/li><li class='ez-toc-page-1 ez-toc-heading-level-3'><a class=\"ez-toc-link ez-toc-heading-22\" href=\"https:\/\/loudavymkrokem.cz\/fi\/strasbourg-ranska-nahtavyydet\/#18_Musee_Alsacien\" >18. Mus\u00e9e Alsacien<\/a><\/li><\/ul><\/li><li class='ez-toc-page-1 ez-toc-heading-level-2'><a class=\"ez-toc-link ez-toc-heading-23\" href=\"https:\/\/loudavymkrokem.cz\/fi\/strasbourg-ranska-nahtavyydet\/#Minne_matka_Strasbourgista\" >Minne matka Strasbourgista<\/a><\/li><li class='ez-toc-page-1 ez-toc-heading-level-2'><a class=\"ez-toc-link ez-toc-heading-24\" href=\"https:\/\/loudavymkrokem.cz\/fi\/strasbourg-ranska-nahtavyydet\/#Usein_kysytyt_kysymykset\" >Usein kysytyt kysymykset<\/a><ul class='ez-toc-list-level-3' ><li class='ez-toc-heading-level-3'><a class=\"ez-toc-link ez-toc-heading-25\" href=\"https:\/\/loudavymkrokem.cz\/fi\/strasbourg-ranska-nahtavyydet\/#Milloin_joulumarkkinat_jarjestetaan_vuonna_2026\" >Milloin joulumarkkinat j\u00e4rjestet\u00e4\u00e4n vuonna 2026?<\/a><\/li><li class='ez-toc-page-1 ez-toc-heading-level-3'><a class=\"ez-toc-link ez-toc-heading-26\" href=\"https:\/\/loudavymkrokem.cz\/fi\/strasbourg-ranska-nahtavyydet\/#Miten_Park_and_Ride_-pysakointijarjestelma_toimii\" >Miten Park and Ride -pys\u00e4k\u00f6intij\u00e4rjestelm\u00e4 toimii?<\/a><\/li><li class='ez-toc-page-1 ez-toc-heading-level-3'><a class=\"ez-toc-link ez-toc-heading-27\" href=\"https:\/\/loudavymkrokem.cz\/fi\/strasbourg-ranska-nahtavyydet\/#Kuinka_monta_paivaa_kaupunkiin_kannattaa_varata\" >Kuinka monta p\u00e4iv\u00e4\u00e4 kaupunkiin kannattaa varata?<\/a><\/li><li class='ez-toc-page-1 ez-toc-heading-level-3'><a class=\"ez-toc-link ez-toc-heading-28\" href=\"https:\/\/loudavymkrokem.cz\/fi\/strasbourg-ranska-nahtavyydet\/#Onko_Euroopan_parlamentin_kierrokset_maksullisia\" >Onko Euroopan parlamentin kierrokset maksullisia?<\/a><\/li><li class='ez-toc-page-1 ez-toc-heading-level-3'><a class=\"ez-toc-link ez-toc-heading-29\" href=\"https:\/\/loudavymkrokem.cz\/fi\/strasbourg-ranska-nahtavyydet\/#Mika_on_paras_tapa_liikkua_kaupungin_keskustassa\" >Mik\u00e4 on paras tapa liikkua kaupungin keskustassa?<\/a><\/li><li class='ez-toc-page-1 ez-toc-heading-level-3'><a class=\"ez-toc-link ez-toc-heading-30\" href=\"https:\/\/loudavymkrokem.cz\/fi\/strasbourg-ranska-nahtavyydet\/#Onko_Strasbourg_kallis_kaupunki\" >Onko Strasbourg kallis kaupunki?<\/a><\/li><li class='ez-toc-page-1 ez-toc-heading-level-3'><a class=\"ez-toc-link ez-toc-heading-31\" href=\"https:\/\/loudavymkrokem.cz\/fi\/strasbourg-ranska-nahtavyydet\/#Sopiiko_kaupunki_kasvissyojille\" >Sopiiko kaupunki kasvissy\u00f6jille?<\/a><\/li><li class='ez-toc-page-1 ez-toc-heading-level-3'><a class=\"ez-toc-link ez-toc-heading-32\" href=\"https:\/\/loudavymkrokem.cz\/fi\/strasbourg-ranska-nahtavyydet\/#Mitka_paikat_ovat_parhaimpia_valokuvaukselle\" >Mitk\u00e4 paikat ovat parhaimpia valokuvaukselle?<\/a><\/li><\/ul><\/li><\/ul><\/nav><\/div>\n<h3 class=\"wp-block-heading\"><span class=\"ez-toc-section\" id=\"Yhteenveto_niille_joilla_ei_ole_aikaa_lukea_koko_artikkelia\"><\/span>Yhteenveto niille, joilla ei ole aikaa lukea koko artikkelia<span class=\"ez-toc-section-end\"><\/span><\/h3>\n\n\n\n<ul class=\"wp-block-list\">\n\n<li><strong>Vierailluin n\u00e4ht\u00e4vyys:<\/strong> <a href=\"https:\/\/www.cathedrale-strasbourg.fr\/\" target=\"_blank\" rel=\"nofollow noopener\">Cath\u00e9drale Notre-Dame-de-Strasbourg<\/a> ja sen ainutlaatuinen 1500-luvun astronominen kello.<\/li>\n\n\n\n<li><strong>Kuvatuimmat paikat:<\/strong> Vieh\u00e4tt\u00e4v\u00e4 Petite Francen kaupunginosa ristikkotaloineen ja vesikanavineen.<\/li>\n\n\n\n<li><strong>Paras ilmainen n\u00e4k\u00f6alapaikka:<\/strong> Historiallisen Barrage Vauban -padon terassi, josta otat kauneimmat valokuvat.<\/li>\n\n\n\n<li><strong>Ainutlaatuinen el\u00e4mys:<\/strong> Ilmainen kierros Euroopan parlamentissa ja interaktiivisessa Parlamentarium Simone Veil -keskuksessa.<\/li>\n\n\n\n<li><strong>Liikkuminen kaupungissa:<\/strong> Keskusta on autoille melko ep\u00e4yst\u00e4v\u00e4llinen, joten kannattaa hy\u00f6dynt\u00e4\u00e4 liitynt\u00e4pys\u00e4k\u00f6inti\u00e4 (Park and Ride) yhdistettyn\u00e4 raitiovaunuun.<\/li>\n\n\n\n<li><strong>Milloin l\u00e4hte\u00e4:<\/strong> Parhaan hinta-s\u00e4\u00e4-suhteen saat touko-, kes\u00e4- tai syyskuussa, kun taas edullisimmat hotellihinnat l\u00f6ytyv\u00e4t tammikuussa.<\/li>\n\n\n\n<li><strong>Maailmanperint\u00f6:<\/strong> Koko historiallinen Grande \u00cele -kaupunginosa sek\u00e4 nuorempi saksalainen Neustadt kuuluvat Unescon luetteloon.<\/li>\n\n\n<\/ul>\n\n\n\n<h2 class=\"wp-block-heading\"><span class=\"ez-toc-section\" id=\"Milloin_lahtea_Strasbourgiin\"><\/span>Milloin l\u00e4hte\u00e4 Strasbourgiin<span class=\"ez-toc-section-end\"><\/span><\/h2>\n\n\n\n<p class=\"wp-block-paragraph\">Ajankohdan suunnittelu on t\u00e4ss\u00e4 kaupungissa aivan ratkaisevaa, sill\u00e4 <strong>sesonkiaika heiluttaa t\u00e4\u00e4ll\u00e4 majoitushintoja \u00e4\u00e4rimm\u00e4isen paljon<\/strong>. Jos l\u00e4hdet joulukuussa kuuluisien joulumarkkinoiden aikaan, varaudu siihen, ett\u00e4 keskustan hotellit voivat maksaa jopa kolminkertaisesti tavalliseen kes\u00e4hintaansa n\u00e4hden. Tammi- tai helmikuussa taas koet kaupungin t\u00e4ysin ilman v\u00e4kijoukkoja ja <strong>hieman onnella saat luksushuoneen vain murto-osalla talvihinnasta<\/strong>. Kev\u00e4t- ja syyskuukaudet ovat puolestaan t\u00e4ysin ihanteellinen kompromissi niille, jotka haluavat s\u00e4\u00e4st\u00e4\u00e4 mutta samalla nauttia mukavasta s\u00e4\u00e4st\u00e4.<\/p>\n\n\n\n<p class=\"wp-block-paragraph\">Miellytt\u00e4vimm\u00e4n s\u00e4\u00e4n pitkille k\u00e4velyretkille vesikanavien varrella tarjoavat <strong>touko-, kes\u00e4- ja syyskuu<\/strong>, jolloin l\u00e4mp\u00f6tilat pysyv\u00e4t hyvin mukavina ja p\u00e4iv\u00e4t ovat riitt\u00e4v\u00e4n pitki\u00e4. Kes\u00e4ll\u00e4 kivikeskustassa voi olla melko kuuma, mutta kaikkialla olevan veden ja laajojen puistojen ansiosta se on hyvin siedett\u00e4v\u00e4\u00e4. Jos et pane pahaksesi hieman koleampaa s\u00e4\u00e4t\u00e4, <strong>varhainen kev\u00e4t paljastaa kaupungin kauniin melankolisessa tunnelmassa<\/strong>, jolloin paikalliset kahvilat her\u00e4\u00e4v\u00e4t hitaasti eloon ja kadut kuuluvat vain paikallisille asukkaille.<\/p>\n\n\n\n<p class=\"wp-block-paragraph\">Vuonna 2026 kuuluisat joulumarkkinat pidet\u00e4\u00e4n perjantaista 27. marraskuuta sunnuntaihin 27. joulukuuta. Ne levitt\u00e4ytyv\u00e4t per\u00e4ti yhteentoista eri paikkaan koko historiallisessa Grande \u00cele -kaupunginosassa, ja tunnetuimmat niist\u00e4 l\u00f6ytyv\u00e4t Place Broglielta, Place de la Cath\u00e9dralelta tai Petite Francen kujilta. Jos sinua kiinnostaa ensisijaisesti t\u00e4m\u00e4 lumoava aika etk\u00e4 pane pahaksesi selv\u00e4sti suurempaa budjettia, <strong>lue ehdottomasti erillinen artikkelimme <a href=\"https:\/\/loudavymkrokem.cz\/fi\/strasbourg-ranska-joulumarkkinat\/\">Strasbourgin joulumarkkinat<\/a><\/strong>, josta l\u00f6yd\u00e4t yksityiskohtaisen kartan paikoista, paikallisista tavoista ja konkreettisia vinkkej\u00e4 perinteisiin herkkuihin.<\/p>\n\n\n\n<h2 class=\"wp-block-heading\"><span class=\"ez-toc-section\" id=\"Missa_yopya_Strasbourgissa\"><\/span>Miss\u00e4 y\u00f6py\u00e4 Strasbourgissa<span class=\"ez-toc-section-end\"><\/span><\/h2>\n\n\n\n<p class=\"wp-block-paragraph\">Oikean majoitussijainnin valinta s\u00e4\u00e4st\u00e4\u00e4 sinulta paljon aikaa ja rahaa julkisessa liikenteess\u00e4. Kaikkein lumoavin, mutta luonnollisesti my\u00f6s kallein, on <strong>historiallinen Grande \u00cele -kaupunginosa ja sen osa Petite France<\/strong>, jossa kaikki p\u00e4\u00e4kohteet ovat vain muutaman askeleen p\u00e4\u00e4ss\u00e4 s\u00e4ngyst\u00e4si. Jos etsit jotain selv\u00e4sti rauhallisempaa ja edullisempaa, <strong>suosittelen katsomaan Neustadtin kaupunginosaa<\/strong>, joka tarjoaa upeaa arkkitehtuuria ja jonka l\u00e4pi k\u00e4velet ydinkeskustaan mukavassa alle kymmeness\u00e4 minuutissa.<\/p>\n\n\n\n<p class=\"wp-block-paragraph\">\u00c4l\u00e4 miss\u00e4\u00e4n nimess\u00e4 j\u00e4t\u00e4 huonevarausta viime hetkeen, ja <strong>suosittelen aina k\u00e4ytt\u00e4m\u00e4\u00e4n luotettavia portaaleja kuten Bookingia<\/strong>, josta saat parhaan yleiskuvan ajankohtaisista hinnoista. Etenkin adventtiaikaan suurin osa kapasiteetista on varattu jo puoli vuotta etuk\u00e4teen. Muiden matkailijoiden arvostelujen ja huolellisen Bookingin selailun perusteella olen valinnut sinulle muutaman hotellin, joilla on erinomainen hinta-laatusuhde:<\/p>\n\n\n\n<p class=\"wp-block-paragraph\"><strong>H\u00f4tel Cour du Corbeau Strasbourg \u2013 MGallery<\/strong> on suoranainen arkkitehtoninen helmi ja yksi kauneimmista y\u00f6pymispaikoista koko kaupungissa. Se sijaitsee upeasti kunnostetussa historiallisessa talossa, jossa on 1500-luvun puiset parvekek\u00e4yt\u00e4v\u00e4t, ja <strong>tarjoaa unohtumattoman romanttisen tunnelman<\/strong> suoraan vesikanavan varrella. Vieraat kertovat innoissaan, ett\u00e4 aamiaiset ovat suorastaan synnillisen runsaita ja rauha h\u00e4mm\u00e4stytt\u00e4v\u00e4, vaikka katedraali on vain viiden minuutin k\u00e4velymatkan p\u00e4\u00e4ss\u00e4.<\/p>\n\n\n\n<p class=\"wp-block-paragraph\">Jos suosit ennemminkin modernia designia ja selkeit\u00e4 linjoja, <strong>H\u00f4tel L\u00c9ONOR the place to live<\/strong> on juuri sinua varten. Se tarjoaa modernin sisustuksen historiallisessa rakennuksessa l\u00e4hell\u00e4 Broglie-aukiota, ja ennen kaikkea kauniin sis\u00e4pihan, jossa nautit lasillisen alsacelaista viini\u00e4 koko p\u00e4iv\u00e4n k\u00e4velyn j\u00e4lkeen.<\/p>\n\n\n\n<p class=\"wp-block-paragraph\">Hieman tiukemmalla budjetilla liikkuville matkailijoille erinomainen valinta on <strong>H\u00f4tel Gutenberg<\/strong>, joka sijaitsee aivan strategisella paikalla l\u00e4hell\u00e4 p\u00e4\u00e4k\u00e4velykatua. Huoneet ovat tosin hieman pienempi\u00e4, mutta <strong>ne loistavat t\u00e4ydellisell\u00e4 siisteydell\u00e4 ja eritt\u00e4in mukavilla s\u00e4ngyill\u00e4<\/strong>. Suuri plussa on vieraiden mukaan my\u00f6s \u00e4\u00e4rimm\u00e4isen avulias henkil\u00f6kunta, joka neuvoo sinua mielell\u00e4\u00e4n kaupungissa suunnistamisessa ja suosittelee parhaita paikallisia leipomoita l\u00e4hist\u00f6lt\u00e4. Jos haluat tutkia lis\u00e4\u00e4 vaihtoehtoja eri hintaluokissa, tutustu yksityiskohtaiseen artikkeliimme <a href=\"https:\/\/loudavymkrokem.cz\/kde-bydlet-ve-strasburku\/\">Miss\u00e4 majoittua Strasbourgissa<\/a>.<\/p>\n\n\n\n<p class=\"wp-block-paragraph\"><em>\ud83d\udca1 <a href=\"https:\/\/www.stay22.com\/allez\/roam?aid=lukaskonecny&#038;campaign=loudavymkrokemcz&#038;campaign=co-videt-ve-strasburku&#038;address=%C5%A0trasburk%2C%20Francie\" target=\"_blank\" rel=\"nofollow noopener sponsored\">T\u00e4lt\u00e4 kartalta vertailet, mik\u00e4 on juuri nyt vapaana<\/a> \u2014 n\u00e4et heti, kuinka paljon edullisemmaksi majoitus tulee muutaman pys\u00e4kin p\u00e4\u00e4ss\u00e4 keskustasta.<\/em><\/p>\n\n<h2 class=\"wp-block-heading\"><span class=\"ez-toc-section\" id=\"18_vinkkia_nahtavyyksiin_ja_tekemiseen_Strasbourgissa\"><\/span>18 vinkki\u00e4 n\u00e4ht\u00e4vyyksiin ja tekemiseen Strasbourgissa<span class=\"ez-toc-section-end\"><\/span><\/h2>\n\n\n\n<p class=\"wp-block-paragraph\">Olipa sinulla kaupungin vierailuun varattu vain yksi viikonloppu tai kokonainen viikko, tyls\u00e4\u00e4 sinulla ei t\u00e4\u00e4ll\u00e4 ainakaan tule. Olen koonnut sinulle <strong>listan kahdeksastatoista paikasta ja el\u00e4myksest\u00e4<\/strong>, joita et matkasuunnitelmaa tehdess\u00e4si miss\u00e4\u00e4n nimess\u00e4 saisi ohittaa. Mukana ovat sek\u00e4 tunnetuimmat ikoniset n\u00e4ht\u00e4vyydet ett\u00e4 pari rauhallisempaa nurkkaa.<\/p>\n\n\n\n<figure data-wp-context=\"{&quot;imageId&quot;:&quot;6a9c4edcecff9&quot;}\" data-wp-interactive=\"core\/image\" data-wp-key=\"6a9c4edcecff9\" class=\"wp-block-image size-full wp-lightbox-container\"><img decoding=\"async\" width=\"1600\" height=\"2133\" data-wp-class--hide=\"state.isContentHidden\" data-wp-class--show=\"state.isContentVisible\" data-wp-init=\"callbacks.setButtonStyles\" data-wp-on--click=\"actions.showLightbox\" data-wp-on--load=\"callbacks.setButtonStyles\" data-wp-on--pointerdown=\"actions.preloadImage\" data-wp-on--pointerenter=\"actions.preloadImageWithDelay\" data-wp-on--pointerleave=\"actions.cancelPreload\" data-wp-on-window--resize=\"callbacks.setButtonStyles\" src=\"https:\/\/loudavymkrokem.cz\/wp-content\/uploads\/2026\/09\/cath-drale-notre-dame-de-strasbourg.jpg\" alt=\"Cath\u00e9drale Notre-Dame-de-Strasbourg\" class=\"wp-image-413168\" title=\"\" srcset=\"https:\/\/loudavymkrokem.cz\/wp-content\/uploads\/2026\/09\/cath-drale-notre-dame-de-strasbourg.jpg 1600w, https:\/\/loudavymkrokem.cz\/wp-content\/uploads\/2026\/09\/cath-drale-notre-dame-de-strasbourg-225x300.jpg 225w, https:\/\/loudavymkrokem.cz\/wp-content\/uploads\/2026\/09\/cath-drale-notre-dame-de-strasbourg-700x933.jpg 700w, https:\/\/loudavymkrokem.cz\/wp-content\/uploads\/2026\/09\/cath-drale-notre-dame-de-strasbourg-768x1024.jpg 768w, https:\/\/loudavymkrokem.cz\/wp-content\/uploads\/2026\/09\/cath-drale-notre-dame-de-strasbourg-1152x1536.jpg 1152w, https:\/\/loudavymkrokem.cz\/wp-content\/uploads\/2026\/09\/cath-drale-notre-dame-de-strasbourg-1536x2048.jpg 1536w, https:\/\/loudavymkrokem.cz\/wp-content\/uploads\/2026\/09\/cath-drale-notre-dame-de-strasbourg-696x928.jpg 696w, https:\/\/loudavymkrokem.cz\/wp-content\/uploads\/2026\/09\/cath-drale-notre-dame-de-strasbourg-1392x1856.jpg 1392w\" sizes=\"(max-width: 1600px) 100vw, 1600px\" \/><button\n\t\t\tclass=\"lightbox-trigger\"\n\t\t\ttype=\"button\"\n\t\t\taria-haspopup=\"dialog\"\n\t\t\tdata-wp-bind--aria-label=\"state.thisImage.triggerButtonAriaLabel\"\n\t\t\tdata-wp-init=\"callbacks.initTriggerButton\"\n\t\t\tdata-wp-on--click=\"actions.showLightbox\"\n\t\t\tdata-wp-style--right=\"state.thisImage.buttonRight\"\n\t\t\tdata-wp-style--top=\"state.thisImage.buttonTop\"\n\t\t>\n\t\t\t<svg xmlns=\"http:\/\/www.w3.org\/2000\/svg\" width=\"12\" height=\"12\" fill=\"none\" viewBox=\"0 0 12 12\">\n\t\t\t\t<path fill=\"#fff\" d=\"M2 0a2 2 0 0 0-2 2v2h1.5V2a.5.5 0 0 1 .5-.5h2V0H2Zm2 10.5H2a.5.5 0 0 1-.5-.5V8H0v2a2 2 0 0 0 2 2h2v-1.5ZM8 12v-1.5h2a.5.5 0 0 0 .5-.5V8H12v2a2 2 0 0 1-2 2H8Zm2-12a2 2 0 0 1 2 2v2h-1.5V2a.5.5 0 0 0-.5-.5H8V0h2Z\" \/>\n\t\t\t<\/svg>\n\t\t<\/button><figcaption class=\"wp-element-caption\">Foto: Dorien Van Der Werf \/ Google Maps<\/figcaption><\/figure>\n\n\n\n<h3 class=\"wp-block-heading\"><span class=\"ez-toc-section\" id=\"1_Cathedrale_Notre-Dame-de-Strasbourg\"><\/span>1. Cath\u00e9drale Notre-Dame-de-Strasbourg<span class=\"ez-toc-section-end\"><\/span><\/h3>\n\n\n\n<p class=\"wp-block-paragraph\">T\u00e4m\u00e4 mahtava 1200-luvun goottilainen katedraali on aivan syyst\u00e4 <strong>koko kaupungin vierailluin paikka<\/strong>. Kun ensimm\u00e4ist\u00e4 kertaa seisot sen edess\u00e4 pienell\u00e4 aukiolla, sen valtava vaaleanpunaisesta Vosgesien hiekkakivest\u00e4 tehty julkisivu vie sinulta luotettavasti hengen. Rakennuksessa kiehtoo ennen kaikkea sen ep\u00e4symmetria, sill\u00e4 toista tornia ei koskaan rakennettu loppuun ja katedraali sai n\u00e4in t\u00e4ysin erottamattoman ulkon\u00e4k\u00f6ns\u00e4. Sen rakentaminen kesti useita vuosisatoja, ja jokaisella kiven senttimetrill\u00e4 n\u00e4kyy tuon ajan mestareiden uskomaton t\u00e4sm\u00e4llisyys.<\/p>\n\n\n\n<p class=\"wp-block-paragraph\">Sis\u00e4ll\u00e4 sinua odottaa valtava tila, jota valaisevat upeat lasimaalausikkunat, joista <strong>p\u00e4\u00e4sis\u00e4\u00e4nk\u00e4ynnin yl\u00e4puolella oleva j\u00e4ttim\u00e4inen ruusuikkuna kuuluu koko Euroopan kauneimpiin<\/strong>. P\u00e4\u00e4sy katedraalin p\u00e4\u00e4saliin on ilmainen, mutta varaudu siihen, ett\u00e4 sis\u00e4\u00e4nk\u00e4ynnill\u00e4 on usein jonoa turvatarkastusten takia. Jono etenee onneksi melko nopeasti, joten sen ei tarvitse lannistaa sinua lainkaan. Sis\u00e4tila itsess\u00e4\u00e4n vaikuttaa uskomattoman majesteettiselta, ja kannattaa ehdottomasti kierrell\u00e4 se rauhassa h\u00e4tik\u00f6im\u00e4tt\u00e4 minnek\u00e4\u00e4n.<\/p>\n\n\n\n<p class=\"wp-block-paragraph\">\ud83d\udca1 Vinkki: Paras aika kuvata julkisivua on <strong>my\u00f6h\u00e4inen iltap\u00e4iv\u00e4 tai alkuilta<\/strong>, jolloin laskeva aurinko valaisee kauniisti vaaleanpunaisen hiekkakiven ja koko rakennus saa upean l\u00e4mpim\u00e4n s\u00e4vyn. Katedraalia ymp\u00e4r\u00f6iv\u00e4\u00e4 aukiota reunustavat lis\u00e4ksi historialliset talot, jotka viimeistelev\u00e4t t\u00e4ydellisen valokuvauksellisen kulissin. Voit istahtaa johonkin l\u00e4heiseen kahvilaan ja seurata vain kiven v\u00e4rien muuttumista.<\/p>\n\n\n\n<figure data-wp-context=\"{&quot;imageId&quot;:&quot;6a9c4edced3d6&quot;}\" data-wp-interactive=\"core\/image\" data-wp-key=\"6a9c4edced3d6\" class=\"wp-block-image size-full wp-lightbox-container\"><img decoding=\"async\" width=\"1171\" height=\"1560\" data-wp-class--hide=\"state.isContentHidden\" data-wp-class--show=\"state.isContentVisible\" data-wp-init=\"callbacks.setButtonStyles\" data-wp-on--click=\"actions.showLightbox\" data-wp-on--load=\"callbacks.setButtonStyles\" data-wp-on--pointerdown=\"actions.preloadImage\" data-wp-on--pointerenter=\"actions.preloadImageWithDelay\" data-wp-on--pointerleave=\"actions.cancelPreload\" data-wp-on-window--resize=\"callbacks.setButtonStyles\" src=\"https:\/\/loudavymkrokem.cz\/wp-content\/uploads\/2026\/09\/astronomick-hodiny-ze-estn-ct-ho-stolet.jpg\" alt=\"1500-luvun astronominen kello\" class=\"wp-image-413172\" title=\"\" srcset=\"https:\/\/loudavymkrokem.cz\/wp-content\/uploads\/2026\/09\/astronomick-hodiny-ze-estn-ct-ho-stolet.jpg 1171w, https:\/\/loudavymkrokem.cz\/wp-content\/uploads\/2026\/09\/astronomick-hodiny-ze-estn-ct-ho-stolet-225x300.jpg 225w, https:\/\/loudavymkrokem.cz\/wp-content\/uploads\/2026\/09\/astronomick-hodiny-ze-estn-ct-ho-stolet-700x933.jpg 700w, https:\/\/loudavymkrokem.cz\/wp-content\/uploads\/2026\/09\/astronomick-hodiny-ze-estn-ct-ho-stolet-768x1023.jpg 768w, https:\/\/loudavymkrokem.cz\/wp-content\/uploads\/2026\/09\/astronomick-hodiny-ze-estn-ct-ho-stolet-1153x1536.jpg 1153w, https:\/\/loudavymkrokem.cz\/wp-content\/uploads\/2026\/09\/astronomick-hodiny-ze-estn-ct-ho-stolet-696x927.jpg 696w\" sizes=\"(max-width: 1171px) 100vw, 1171px\" \/><button\n\t\t\tclass=\"lightbox-trigger\"\n\t\t\ttype=\"button\"\n\t\t\taria-haspopup=\"dialog\"\n\t\t\tdata-wp-bind--aria-label=\"state.thisImage.triggerButtonAriaLabel\"\n\t\t\tdata-wp-init=\"callbacks.initTriggerButton\"\n\t\t\tdata-wp-on--click=\"actions.showLightbox\"\n\t\t\tdata-wp-style--right=\"state.thisImage.buttonRight\"\n\t\t\tdata-wp-style--top=\"state.thisImage.buttonTop\"\n\t\t>\n\t\t\t<svg xmlns=\"http:\/\/www.w3.org\/2000\/svg\" width=\"12\" height=\"12\" fill=\"none\" viewBox=\"0 0 12 12\">\n\t\t\t\t<path fill=\"#fff\" d=\"M2 0a2 2 0 0 0-2 2v2h1.5V2a.5.5 0 0 1 .5-.5h2V0H2Zm2 10.5H2a.5.5 0 0 1-.5-.5V8H0v2a2 2 0 0 0 2 2h2v-1.5ZM8 12v-1.5h2a.5.5 0 0 0 .5-.5V8H12v2a2 2 0 0 1-2 2H8Zm2-12a2 2 0 0 1 2 2v2h-1.5V2a.5.5 0 0 0-.5-.5H8V0h2Z\" \/>\n\t\t\t<\/svg>\n\t\t<\/button><figcaption class=\"wp-element-caption\">Foto: H \/ Google Maps<\/figcaption><\/figure>\n\n\n\n<h3 class=\"wp-block-heading\"><span class=\"ez-toc-section\" id=\"2_1500-luvun_astronominen_kello\"><\/span>2. 1500-luvun astronominen kello<span class=\"ez-toc-section-end\"><\/span><\/h3>\n\n\n\n<p class=\"wp-block-paragraph\">Aivan katedraalin sis\u00e4ll\u00e4 piileskelee tekninen ja taiteellinen ihme, jonka muodostaa <strong>renessanssiajan astronominen kello<\/strong>. T\u00e4m\u00e4 monimutkainen mekanismi on per\u00e4isin 1500-luvulta ja n\u00e4ytt\u00e4\u00e4 paitsi tarkan ajan my\u00f6s auringon ja kuun sijainnin sek\u00e4 ajankohtaisen el\u00e4inradan merkin. Yksityiskohdat ja puunveiston t\u00e4sm\u00e4llisyys itse kellon kotelossa ovat l\u00e4helt\u00e4 katsottuna uskomattomia ja todistavat tuon ajan matemaatikkojen ja k\u00e4sity\u00f6l\u00e4isten valtavasta taidosta.<\/p>\n\n\n\n<p class=\"wp-block-paragraph\">P\u00e4\u00e4esitys tapahtuu joka p\u00e4iv\u00e4 t\u00e4sm\u00e4lleen kello kaksitoista kolmekymment\u00e4, jolloin <strong>k\u00e4ynnistyy monimutkainen liikkuvien hahmojen paraati<\/strong>. N\u00e4et apostolit paraatimarssissa Kristuksen edess\u00e4 ja ihmisel\u00e4m\u00e4n eri vaiheet lapsuudesta kuolemaan, jotka mittaavat symbolisesti kuluvaa aikaa. T\u00e4h\u00e4n suosittuun keskip\u00e4iv\u00e4n esitykseen perit\u00e4\u00e4n pieni p\u00e4\u00e4symaksu, ja liput myyd\u00e4\u00e4n etel\u00e4isen portaalin luona. Kannattaa ehdottomasti saapua ajoissa, jotta sinulla olisi ylip\u00e4\u00e4t\u00e4\u00e4n jonkinlainen n\u00e4kym\u00e4.<\/p>\n\n\n\n<p class=\"wp-block-paragraph\">Vaikka et ehtisi keskip\u00e4iv\u00e4n esitykseen, kello on tutustumisen arvoinen milloin tahansa. Hahmojen pienemm\u00e4t liikkeet tapahtuvat joka varttitunti, ja koko mekanismi on lis\u00e4ksi kauniisti valaistu, joten et j\u00e4\u00e4 el\u00e4myksest\u00e4 paitsi.<\/p>\n\n\n\n<figure data-wp-context=\"{&quot;imageId&quot;:&quot;6a9c4edced856&quot;}\" data-wp-interactive=\"core\/image\" data-wp-key=\"6a9c4edced856\" class=\"wp-block-image size-full wp-lightbox-container\"><img decoding=\"async\" width=\"1080\" height=\"1397\" data-wp-class--hide=\"state.isContentHidden\" data-wp-class--show=\"state.isContentVisible\" data-wp-init=\"callbacks.setButtonStyles\" data-wp-on--click=\"actions.showLightbox\" data-wp-on--load=\"callbacks.setButtonStyles\" data-wp-on--pointerdown=\"actions.preloadImage\" data-wp-on--pointerenter=\"actions.preloadImageWithDelay\" data-wp-on--pointerleave=\"actions.cancelPreload\" data-wp-on-window--resize=\"callbacks.setButtonStyles\" src=\"https:\/\/loudavymkrokem.cz\/wp-content\/uploads\/2026\/09\/swap-412754-3-f43292b7.jpg\" alt=\"N\u00e4kym\u00e4 Strasbourgin katedraalin n\u00e4k\u00f6alatasanteelta\" class=\"wp-image-413447\" title=\"\" srcset=\"https:\/\/loudavymkrokem.cz\/wp-content\/uploads\/2026\/09\/swap-412754-3-f43292b7.jpg 1080w, https:\/\/loudavymkrokem.cz\/wp-content\/uploads\/2026\/09\/swap-412754-3-f43292b7-232x300.jpg 232w, https:\/\/loudavymkrokem.cz\/wp-content\/uploads\/2026\/09\/swap-412754-3-f43292b7-700x905.jpg 700w, https:\/\/loudavymkrokem.cz\/wp-content\/uploads\/2026\/09\/swap-412754-3-f43292b7-768x993.jpg 768w, https:\/\/loudavymkrokem.cz\/wp-content\/uploads\/2026\/09\/swap-412754-3-f43292b7-696x900.jpg 696w\" sizes=\"(max-width: 1080px) 100vw, 1080px\" \/><button\n\t\t\tclass=\"lightbox-trigger\"\n\t\t\ttype=\"button\"\n\t\t\taria-haspopup=\"dialog\"\n\t\t\tdata-wp-bind--aria-label=\"state.thisImage.triggerButtonAriaLabel\"\n\t\t\tdata-wp-init=\"callbacks.initTriggerButton\"\n\t\t\tdata-wp-on--click=\"actions.showLightbox\"\n\t\t\tdata-wp-style--right=\"state.thisImage.buttonRight\"\n\t\t\tdata-wp-style--top=\"state.thisImage.buttonTop\"\n\t\t>\n\t\t\t<svg xmlns=\"http:\/\/www.w3.org\/2000\/svg\" width=\"12\" height=\"12\" fill=\"none\" viewBox=\"0 0 12 12\">\n\t\t\t\t<path fill=\"#fff\" d=\"M2 0a2 2 0 0 0-2 2v2h1.5V2a.5.5 0 0 1 .5-.5h2V0H2Zm2 10.5H2a.5.5 0 0 1-.5-.5V8H0v2a2 2 0 0 0 2 2h2v-1.5ZM8 12v-1.5h2a.5.5 0 0 0 .5-.5V8H12v2a2 2 0 0 1-2 2H8Zm2-12a2 2 0 0 1 2 2v2h-1.5V2a.5.5 0 0 0-.5-.5H8V0h2Z\" \/>\n\t\t\t<\/svg>\n\t\t<\/button><figcaption class=\"wp-element-caption\">Foto: Lydia Bogdanovic \/ Google Maps<\/figcaption><\/figure>\n\n\n\n<h3 class=\"wp-block-heading\"><span class=\"ez-toc-section\" id=\"3_Nousu_katedraalin_nakoalatasanteelle\"><\/span>3. Nousu katedraalin n\u00e4k\u00f6alatasanteelle<span class=\"ez-toc-section-end\"><\/span><\/h3>\n\n\n\n<p class=\"wp-block-paragraph\">Jos et k\u00e4rsi korkeanpaikankammosta ja sinulla on edes kohtuullinen kunto, <strong>et miss\u00e4\u00e4n nimess\u00e4 saa j\u00e4tt\u00e4\u00e4 v\u00e4liin nousua n\u00e4k\u00f6alatasanteelle<\/strong>. Se sijaitsee kunnioitettavan kuudenkymmenenkuuden metrin korkeudessa, ja yl\u00f6s vie kolmesataakolmekymment\u00e4kaksi melko kapeaa kierreporrasta. Liput ostat pienest\u00e4 talosta p\u00e4\u00e4sis\u00e4\u00e4nk\u00e4ynnin oikealla puolella, ja yl\u00f6s p\u00e4\u00e4stet\u00e4\u00e4n vain rajallinen m\u00e4\u00e4r\u00e4 ihmisi\u00e4 kerrallaan, joten lyhytt\u00e4 odotusta et pelk\u00e4\u00e4.<\/p>\n\n\n\n<p class=\"wp-block-paragraph\">Palkinnoksi hikisest\u00e4 paidasta saat <strong>aivan fantastisen panoraaman\u00e4kym\u00e4n koko kaupungin ylle<\/strong>. N\u00e4et historiallisten talojen katot, sokkeloisen kanavaverkoston ja kirkkaalla s\u00e4\u00e4ll\u00e4 katse ylt\u00e4\u00e4 aina Vosgesien vuoristoon Ranskan puolella ja synkk\u00e4\u00e4n Schwarzwaldiin Saksan puolella. T\u00e4m\u00e4 on paras mahdollinen tapa ymm\u00e4rt\u00e4\u00e4 kaupungin kokonaisrakenne ja selvitt\u00e4\u00e4, miss\u00e4 sijaitsevat mielenkiintoisimmat kaupunginosat.<\/p>\n\n\n\n<p class=\"wp-block-paragraph\">\ud83d\udca1 Vinkki: Nousua en todellakaan suosittele klaustrofobiasta k\u00e4rsiville, sill\u00e4 <strong>portaikko on paikoin hyvin kapea eik\u00e4 siin\u00e4 ole helppo v\u00e4ist\u00e4\u00e4 muita k\u00e4vij\u00f6it\u00e4<\/strong>. Ylh\u00e4\u00e4ll\u00e4 tasanteella on onneksi riitt\u00e4v\u00e4sti tilaa lev\u00e4t\u00e4 ja ottaa kauneimmat valokuvat lintuperspektiivist\u00e4.<\/p>\n\n\n\n<figure data-wp-context=\"{&quot;imageId&quot;:&quot;6a9c4edcedd1c&quot;}\" data-wp-interactive=\"core\/image\" data-wp-key=\"6a9c4edcedd1c\" class=\"wp-block-image size-full wp-lightbox-container\"><img decoding=\"async\" width=\"1600\" height=\"2133\" data-wp-class--hide=\"state.isContentHidden\" data-wp-class--show=\"state.isContentVisible\" data-wp-init=\"callbacks.setButtonStyles\" data-wp-on--click=\"actions.showLightbox\" data-wp-on--load=\"callbacks.setButtonStyles\" data-wp-on--pointerdown=\"actions.preloadImage\" data-wp-on--pointerenter=\"actions.preloadImageWithDelay\" data-wp-on--pointerleave=\"actions.cancelPreload\" data-wp-on-window--resize=\"callbacks.setButtonStyles\" src=\"https:\/\/loudavymkrokem.cz\/wp-content\/uploads\/2026\/09\/petite-france.jpg\" alt=\"Petite France\" class=\"wp-image-413182\" title=\"\" srcset=\"https:\/\/loudavymkrokem.cz\/wp-content\/uploads\/2026\/09\/petite-france.jpg 1600w, https:\/\/loudavymkrokem.cz\/wp-content\/uploads\/2026\/09\/petite-france-225x300.jpg 225w, https:\/\/loudavymkrokem.cz\/wp-content\/uploads\/2026\/09\/petite-france-700x933.jpg 700w, https:\/\/loudavymkrokem.cz\/wp-content\/uploads\/2026\/09\/petite-france-768x1024.jpg 768w, https:\/\/loudavymkrokem.cz\/wp-content\/uploads\/2026\/09\/petite-france-1152x1536.jpg 1152w, https:\/\/loudavymkrokem.cz\/wp-content\/uploads\/2026\/09\/petite-france-1536x2048.jpg 1536w, https:\/\/loudavymkrokem.cz\/wp-content\/uploads\/2026\/09\/petite-france-696x928.jpg 696w, https:\/\/loudavymkrokem.cz\/wp-content\/uploads\/2026\/09\/petite-france-1392x1856.jpg 1392w\" sizes=\"(max-width: 1600px) 100vw, 1600px\" \/><button\n\t\t\tclass=\"lightbox-trigger\"\n\t\t\ttype=\"button\"\n\t\t\taria-haspopup=\"dialog\"\n\t\t\tdata-wp-bind--aria-label=\"state.thisImage.triggerButtonAriaLabel\"\n\t\t\tdata-wp-init=\"callbacks.initTriggerButton\"\n\t\t\tdata-wp-on--click=\"actions.showLightbox\"\n\t\t\tdata-wp-style--right=\"state.thisImage.buttonRight\"\n\t\t\tdata-wp-style--top=\"state.thisImage.buttonTop\"\n\t\t>\n\t\t\t<svg xmlns=\"http:\/\/www.w3.org\/2000\/svg\" width=\"12\" height=\"12\" fill=\"none\" viewBox=\"0 0 12 12\">\n\t\t\t\t<path fill=\"#fff\" d=\"M2 0a2 2 0 0 0-2 2v2h1.5V2a.5.5 0 0 1 .5-.5h2V0H2Zm2 10.5H2a.5.5 0 0 1-.5-.5V8H0v2a2 2 0 0 0 2 2h2v-1.5ZM8 12v-1.5h2a.5.5 0 0 0 .5-.5V8H12v2a2 2 0 0 1-2 2H8Zm2-12a2 2 0 0 1 2 2v2h-1.5V2a.5.5 0 0 0-.5-.5H8V0h2Z\" \/>\n\t\t\t<\/svg>\n\t\t<\/button><figcaption class=\"wp-element-caption\">Foto: Zulfikar CEKIC \/ Google Maps<\/figcaption><\/figure>\n\n\n\n<h3 class=\"wp-block-heading\"><span class=\"ez-toc-section\" id=\"4_Petite_France\"><\/span>4. Petite France<span class=\"ez-toc-section-end\"><\/span><\/h3>\n\n\n\n<p class=\"wp-block-paragraph\">Kaupungin kuvatuin ja kiistatta romanttisin kaupunginosa on kuuluisa Petite France. Menneisyydess\u00e4 t\u00e4\u00e4ll\u00e4 asuivat ja ty\u00f6skenteliv\u00e4t ennen kaikkea nahkurit, myll\u00e4rit ja kalastajat, jotka tarvitsivat vaativan ammattinsa harjoittamiseen suoran p\u00e4\u00e4syn juoksevaan veteen. Nyky\u00e4\u00e4n se on <strong>upea verkosto kapeita kanavia, joita reunustavat t\u00e4ydellisesti s\u00e4ilyneet ristikkotalot<\/strong> tyypillisine viistoine kattoineen, joiden alla kuivateltiin aikoinaan el\u00e4inten nahkoja.<\/p>\n\n\n\n<p class=\"wp-block-paragraph\">Paras tapa nauttia t\u00e4st\u00e4 historiallisesta kaupunginosasta on <strong>yksinkertaisesti eksy\u00e4 kiireett\u00f6m\u00e4sti sen kujille<\/strong>. T\u00f6rm\u00e4\u00e4t t\u00e4\u00e4ll\u00e4 lukuisiin pieniin puoteihin, k\u00e4sity\u00f6leipomoihin ja viihtyisiin kahviloihin, joissa voit pys\u00e4hty\u00e4 kahville ja seurata ohi lipuvia retkiveneit\u00e4. Kes\u00e4kuukausina kaikki ikkunat ja sillat ovat lis\u00e4ksi t\u00e4ynn\u00e4 v\u00e4rikk\u00e4it\u00e4 pelargonioita, mik\u00e4 luo aivan satumaisen kulissin.<\/p>\n\n\n\n<p class=\"wp-block-paragraph\">Vaikka kyseess\u00e4 on kaupungin turistisimmin kuormitettu osa, se s\u00e4ilytt\u00e4\u00e4 yh\u00e4 valtavan lumon. <strong>Yrit\u00e4 suunnata t\u00e4nne hyvin aikaisin aamulla, ennen kuin kadut t\u00e4yttyv\u00e4t v\u00e4kijoukoista<\/strong>, niin koet aidon rauhallisen alsacelaisen tunnelman, jolloin vanhat historialliset julkisivut heijastuvat kanavien liikkumattomasta vedenpinnasta.<\/p>\n\n\n\n<figure data-wp-context=\"{&quot;imageId&quot;:&quot;6a9c4edcee20d&quot;}\" data-wp-interactive=\"core\/image\" data-wp-key=\"6a9c4edcee20d\" class=\"wp-block-image size-full wp-lightbox-container\"><img decoding=\"async\" width=\"1600\" height=\"1200\" data-wp-class--hide=\"state.isContentHidden\" data-wp-class--show=\"state.isContentVisible\" data-wp-init=\"callbacks.setButtonStyles\" data-wp-on--click=\"actions.showLightbox\" data-wp-on--load=\"callbacks.setButtonStyles\" data-wp-on--pointerdown=\"actions.preloadImage\" data-wp-on--pointerenter=\"actions.preloadImageWithDelay\" data-wp-on--pointerleave=\"actions.cancelPreload\" data-wp-on-window--resize=\"callbacks.setButtonStyles\" src=\"https:\/\/loudavymkrokem.cz\/wp-content\/uploads\/2026\/09\/ponts-couverts-de-strasbourg.jpg\" alt=\"Ponts Couverts de Strasbourg\" class=\"wp-image-413186\" title=\"\" srcset=\"https:\/\/loudavymkrokem.cz\/wp-content\/uploads\/2026\/09\/ponts-couverts-de-strasbourg.jpg 1600w, https:\/\/loudavymkrokem.cz\/wp-content\/uploads\/2026\/09\/ponts-couverts-de-strasbourg-300x225.jpg 300w, https:\/\/loudavymkrokem.cz\/wp-content\/uploads\/2026\/09\/ponts-couverts-de-strasbourg-700x525.jpg 700w, https:\/\/loudavymkrokem.cz\/wp-content\/uploads\/2026\/09\/ponts-couverts-de-strasbourg-768x576.jpg 768w, https:\/\/loudavymkrokem.cz\/wp-content\/uploads\/2026\/09\/ponts-couverts-de-strasbourg-1536x1152.jpg 1536w, https:\/\/loudavymkrokem.cz\/wp-content\/uploads\/2026\/09\/ponts-couverts-de-strasbourg-80x60.jpg 80w, https:\/\/loudavymkrokem.cz\/wp-content\/uploads\/2026\/09\/ponts-couverts-de-strasbourg-160x120.jpg 160w, https:\/\/loudavymkrokem.cz\/wp-content\/uploads\/2026\/09\/ponts-couverts-de-strasbourg-696x522.jpg 696w, https:\/\/loudavymkrokem.cz\/wp-content\/uploads\/2026\/09\/ponts-couverts-de-strasbourg-1392x1044.jpg 1392w\" sizes=\"(max-width: 1600px) 100vw, 1600px\" \/><button\n\t\t\tclass=\"lightbox-trigger\"\n\t\t\ttype=\"button\"\n\t\t\taria-haspopup=\"dialog\"\n\t\t\tdata-wp-bind--aria-label=\"state.thisImage.triggerButtonAriaLabel\"\n\t\t\tdata-wp-init=\"callbacks.initTriggerButton\"\n\t\t\tdata-wp-on--click=\"actions.showLightbox\"\n\t\t\tdata-wp-style--right=\"state.thisImage.buttonRight\"\n\t\t\tdata-wp-style--top=\"state.thisImage.buttonTop\"\n\t\t>\n\t\t\t<svg xmlns=\"http:\/\/www.w3.org\/2000\/svg\" width=\"12\" height=\"12\" fill=\"none\" viewBox=\"0 0 12 12\">\n\t\t\t\t<path fill=\"#fff\" d=\"M2 0a2 2 0 0 0-2 2v2h1.5V2a.5.5 0 0 1 .5-.5h2V0H2Zm2 10.5H2a.5.5 0 0 1-.5-.5V8H0v2a2 2 0 0 0 2 2h2v-1.5ZM8 12v-1.5h2a.5.5 0 0 0 .5-.5V8H12v2a2 2 0 0 1-2 2H8Zm2-12a2 2 0 0 1 2 2v2h-1.5V2a.5.5 0 0 0-.5-.5H8V0h2Z\" \/>\n\t\t\t<\/svg>\n\t\t<\/button><figcaption class=\"wp-element-caption\">Foto: Lukas PL \/ Google Maps<\/figcaption><\/figure>\n\n\n\n<h3 class=\"wp-block-heading\"><span class=\"ez-toc-section\" id=\"5_Ponts_Couverts_de_Strasbourg\"><\/span>5. Ponts Couverts de Strasbourg<span class=\"ez-toc-section-end\"><\/span><\/h3>\n\n\n\n<p class=\"wp-block-paragraph\">Aivan vieh\u00e4tt\u00e4v\u00e4n Petite Francen kaupunginosan laidalla t\u00f6rm\u00e4\u00e4t vaikuttaviin keskiaikaisten linnoitusten j\u00e4\u00e4nteisiin, joita kutsutaan nimell\u00e4 Ponts Couverts. Alun perin kyseess\u00e4 oli nokkela j\u00e4rjestelm\u00e4, johon kuului kolme siltaa ja nelj\u00e4 puolustustornia 1200-luvulta, ja se <strong>suojasi kaupunkia vihollisten hy\u00f6kk\u00e4yksilt\u00e4 jokea pitkin<\/strong>. Vaikka sillat ovat jo aikaa sitten menett\u00e4neet alkuper\u00e4iset puukattonsa, nimi katetut sillat on s\u00e4ilynyt niill\u00e4 monien turistien yll\u00e4tykseksi n\u00e4ihin p\u00e4iviin asti.<\/p>\n\n\n\n<p class=\"wp-block-paragraph\">K\u00e4vely n\u00e4iden kivisiltojen yli tarjoaa upeita n\u00e4kymi\u00e4 vedenpinnalle ja syv\u00e4lle vanhaankaupunkiin. <strong>Nelj\u00e4 massiivista neli\u00f6nmuotoista tornia vaikuttavat todella majesteettisilta<\/strong> ja t\u00e4ydent\u00e4v\u00e4t hienosti t\u00e4m\u00e4n Strasbourgin osan karumpaa historiallista luonnetta. Koko kompleksi on lis\u00e4ksi y\u00f6ll\u00e4 hyvin maukkaasti ja dramaattisesti valaistu, joten iltak\u00e4velyll\u00e4 on aivan erottamaton ja hieman salaper\u00e4inen lumonsa.<\/p>\n\n\n\n<p class=\"wp-block-paragraph\">T\u00e4ll\u00e4 alueella liikkuessasi t\u00f6rm\u00e4\u00e4t moniin kauniisiin nurkkiin ja piilotettuihin penkkeihin, joilla voit lev\u00e4ht\u00e4\u00e4. Siltojen ymp\u00e4rist\u00f6 on kauniisti vihreyden ja korkeiden puiden peitossa, joten kuumana kes\u00e4n\u00e4 et ainakaan pala lev\u00e4tess\u00e4si.<\/p>\n\n\n\n<figure data-wp-context=\"{&quot;imageId&quot;:&quot;6a9c4edcee613&quot;}\" data-wp-interactive=\"core\/image\" data-wp-key=\"6a9c4edcee613\" class=\"wp-block-image size-full wp-lightbox-container\"><img decoding=\"async\" width=\"1600\" height=\"1200\" data-wp-class--hide=\"state.isContentHidden\" data-wp-class--show=\"state.isContentVisible\" data-wp-init=\"callbacks.setButtonStyles\" data-wp-on--click=\"actions.showLightbox\" data-wp-on--load=\"callbacks.setButtonStyles\" data-wp-on--pointerdown=\"actions.preloadImage\" data-wp-on--pointerenter=\"actions.preloadImageWithDelay\" data-wp-on--pointerleave=\"actions.cancelPreload\" data-wp-on-window--resize=\"callbacks.setButtonStyles\" src=\"https:\/\/loudavymkrokem.cz\/wp-content\/uploads\/2026\/09\/barrage-vauban.jpg\" alt=\"Barrage Vauban\" class=\"wp-image-413191\" title=\"\" srcset=\"https:\/\/loudavymkrokem.cz\/wp-content\/uploads\/2026\/09\/barrage-vauban.jpg 1600w, https:\/\/loudavymkrokem.cz\/wp-content\/uploads\/2026\/09\/barrage-vauban-300x225.jpg 300w, https:\/\/loudavymkrokem.cz\/wp-content\/uploads\/2026\/09\/barrage-vauban-700x525.jpg 700w, https:\/\/loudavymkrokem.cz\/wp-content\/uploads\/2026\/09\/barrage-vauban-768x576.jpg 768w, https:\/\/loudavymkrokem.cz\/wp-content\/uploads\/2026\/09\/barrage-vauban-1536x1152.jpg 1536w, https:\/\/loudavymkrokem.cz\/wp-content\/uploads\/2026\/09\/barrage-vauban-80x60.jpg 80w, https:\/\/loudavymkrokem.cz\/wp-content\/uploads\/2026\/09\/barrage-vauban-160x120.jpg 160w, https:\/\/loudavymkrokem.cz\/wp-content\/uploads\/2026\/09\/barrage-vauban-696x522.jpg 696w, https:\/\/loudavymkrokem.cz\/wp-content\/uploads\/2026\/09\/barrage-vauban-1392x1044.jpg 1392w\" sizes=\"(max-width: 1600px) 100vw, 1600px\" \/><button\n\t\t\tclass=\"lightbox-trigger\"\n\t\t\ttype=\"button\"\n\t\t\taria-haspopup=\"dialog\"\n\t\t\tdata-wp-bind--aria-label=\"state.thisImage.triggerButtonAriaLabel\"\n\t\t\tdata-wp-init=\"callbacks.initTriggerButton\"\n\t\t\tdata-wp-on--click=\"actions.showLightbox\"\n\t\t\tdata-wp-style--right=\"state.thisImage.buttonRight\"\n\t\t\tdata-wp-style--top=\"state.thisImage.buttonTop\"\n\t\t>\n\t\t\t<svg xmlns=\"http:\/\/www.w3.org\/2000\/svg\" width=\"12\" height=\"12\" fill=\"none\" viewBox=\"0 0 12 12\">\n\t\t\t\t<path fill=\"#fff\" d=\"M2 0a2 2 0 0 0-2 2v2h1.5V2a.5.5 0 0 1 .5-.5h2V0H2Zm2 10.5H2a.5.5 0 0 1-.5-.5V8H0v2a2 2 0 0 0 2 2h2v-1.5ZM8 12v-1.5h2a.5.5 0 0 0 .5-.5V8H12v2a2 2 0 0 1-2 2H8Zm2-12a2 2 0 0 1 2 2v2h-1.5V2a.5.5 0 0 0-.5-.5H8V0h2Z\" \/>\n\t\t\t<\/svg>\n\t\t<\/button><figcaption class=\"wp-element-caption\">Foto: cyril L. \/ Google Maps<\/figcaption><\/figure>\n\n\n\n<h3 class=\"wp-block-heading\"><span class=\"ez-toc-section\" id=\"6_Barrage_Vauban\"><\/span>6. Barrage Vauban<span class=\"ez-toc-section-end\"><\/span><\/h3>\n\n\n\n<p class=\"wp-block-paragraph\">Jos etsit kaikkein parasta paikkaa t\u00e4ydellisen Strasbourg-valokuvan ottamiseen, sinun on suunnattava Barrage Vaubanille. T\u00e4m\u00e4 valtava pato ja silta yhdess\u00e4, vaaleanpunaisesta hiekkakivest\u00e4 rakennettu, pystytettiin 1600-luvulla kuuluisan sotilasinsin\u00f6\u00f6ri Vaubanin suunnitelmien mukaan. <strong>Sen p\u00e4\u00e4asiallisena tarkoituksena oli uhkatilanteessa tulvittaa kaupungin etel\u00e4inen osa<\/strong> ja est\u00e4\u00e4 n\u00e4in vihollisjoukkojen eteneminen ydinkeskustaan.<\/p>\n\n\n\n<p class=\"wp-block-paragraph\">Nyky\u00e4\u00e4n sis\u00e4ll\u00e4 piileskelee katedraalista pelastettujen veistosten ja vesikourujen galleria. Se on tosin mielenkiintoista, mutta rehellisesti sanottuna tulit t\u00e4nne katon takia. <strong>Laajalla terassilla on nimitt\u00e4in n\u00e4k\u00f6alatasanne, jonne p\u00e4\u00e4sy on kaikille t\u00e4ysin ilmainen<\/strong>. Juuri t\u00e4\u00e4lt\u00e4 avautuu tunnetuin ikoninen n\u00e4kym\u00e4 Ponts Couvertsin torneihin, ristikkotaloiseen Petite Franceen ja majesteettiseen katedraalin torniin taustalla.<\/p>\n\n\n\n<p class=\"wp-block-paragraph\">\ud83d\udca1 Vinkki: P\u00e4\u00e4sy n\u00e4k\u00f6alaterassille on tavallisesti j\u00e4rjestetty portaita pitkin, mutta <strong>rakennuksen sis\u00e4ll\u00e4 on k\u00e4ytett\u00e4viss\u00e4 my\u00f6s hissi<\/strong>, joten yl\u00f6s p\u00e4\u00e4sev\u00e4t mukavasti my\u00f6s lastenvaunuja ty\u00f6nt\u00e4v\u00e4t perheet tai liikuntarajoitteiset matkailijat. Terassi lukitaan y\u00f6ksi turvallisuussyist\u00e4, joten tarkista etuk\u00e4teen ajankohtaiset aukioloajat.<\/p>\n\n\n\n<figure data-wp-context=\"{&quot;imageId&quot;:&quot;6a9c4edceeb15&quot;}\" data-wp-interactive=\"core\/image\" data-wp-key=\"6a9c4edceeb15\" class=\"wp-block-image size-full wp-lightbox-container\"><img decoding=\"async\" width=\"1600\" height=\"1200\" data-wp-class--hide=\"state.isContentHidden\" data-wp-class--show=\"state.isContentVisible\" data-wp-init=\"callbacks.setButtonStyles\" data-wp-on--click=\"actions.showLightbox\" data-wp-on--load=\"callbacks.setButtonStyles\" data-wp-on--pointerdown=\"actions.preloadImage\" data-wp-on--pointerenter=\"actions.preloadImageWithDelay\" data-wp-on--pointerleave=\"actions.cancelPreload\" data-wp-on-window--resize=\"callbacks.setButtonStyles\" src=\"https:\/\/loudavymkrokem.cz\/wp-content\/uploads\/2026\/09\/swap-412754-7-b98b2d6c.jpg\" alt=\"Batorama-n\u00e4k\u00f6alaristeily Strasbourgissa\" class=\"wp-image-413433\" title=\"\" srcset=\"https:\/\/loudavymkrokem.cz\/wp-content\/uploads\/2026\/09\/swap-412754-7-b98b2d6c.jpg 1600w, https:\/\/loudavymkrokem.cz\/wp-content\/uploads\/2026\/09\/swap-412754-7-b98b2d6c-300x225.jpg 300w, https:\/\/loudavymkrokem.cz\/wp-content\/uploads\/2026\/09\/swap-412754-7-b98b2d6c-700x525.jpg 700w, https:\/\/loudavymkrokem.cz\/wp-content\/uploads\/2026\/09\/swap-412754-7-b98b2d6c-768x576.jpg 768w, https:\/\/loudavymkrokem.cz\/wp-content\/uploads\/2026\/09\/swap-412754-7-b98b2d6c-1536x1152.jpg 1536w, https:\/\/loudavymkrokem.cz\/wp-content\/uploads\/2026\/09\/swap-412754-7-b98b2d6c-80x60.jpg 80w, https:\/\/loudavymkrokem.cz\/wp-content\/uploads\/2026\/09\/swap-412754-7-b98b2d6c-160x120.jpg 160w, https:\/\/loudavymkrokem.cz\/wp-content\/uploads\/2026\/09\/swap-412754-7-b98b2d6c-696x522.jpg 696w, https:\/\/loudavymkrokem.cz\/wp-content\/uploads\/2026\/09\/swap-412754-7-b98b2d6c-1392x1044.jpg 1392w\" sizes=\"(max-width: 1600px) 100vw, 1600px\" \/><button\n\t\t\tclass=\"lightbox-trigger\"\n\t\t\ttype=\"button\"\n\t\t\taria-haspopup=\"dialog\"\n\t\t\tdata-wp-bind--aria-label=\"state.thisImage.triggerButtonAriaLabel\"\n\t\t\tdata-wp-init=\"callbacks.initTriggerButton\"\n\t\t\tdata-wp-on--click=\"actions.showLightbox\"\n\t\t\tdata-wp-style--right=\"state.thisImage.buttonRight\"\n\t\t\tdata-wp-style--top=\"state.thisImage.buttonTop\"\n\t\t>\n\t\t\t<svg xmlns=\"http:\/\/www.w3.org\/2000\/svg\" width=\"12\" height=\"12\" fill=\"none\" viewBox=\"0 0 12 12\">\n\t\t\t\t<path fill=\"#fff\" d=\"M2 0a2 2 0 0 0-2 2v2h1.5V2a.5.5 0 0 1 .5-.5h2V0H2Zm2 10.5H2a.5.5 0 0 1-.5-.5V8H0v2a2 2 0 0 0 2 2h2v-1.5ZM8 12v-1.5h2a.5.5 0 0 0 .5-.5V8H12v2a2 2 0 0 1-2 2H8Zm2-12a2 2 0 0 1 2 2v2h-1.5V2a.5.5 0 0 0-.5-.5H8V0h2Z\" \/>\n\t\t\t<\/svg>\n\t\t<\/button><figcaption class=\"wp-element-caption\">Foto: Chris Jeffery \/ Google Maps<\/figcaption><\/figure>\n\n\n\n<h3 class=\"wp-block-heading\"><span class=\"ez-toc-section\" id=\"7_Batorama-kanaaliristeily\"><\/span>7. Batorama-kanaaliristeily<span class=\"ez-toc-section-end\"><\/span><\/h3>\n\n\n\n<p class=\"wp-block-paragraph\">Jos haluat saada kaupungista nopean ja kattavan kuvan aivan eri n\u00e4k\u00f6kulmasta, <a href=\"https:\/\/www.batorama.com\/\" target=\"_blank\" rel=\"nofollow noopener\">Batoraman n\u00e4k\u00f6alaveneristeily<\/a> on asia, jota et yksinkertaisesti halua ohittaa, varsinkin kun jalkoja alkaa s\u00e4rke\u00e4. Laituri l\u00f6ytyy hyvin helposti aivan katedraalin luota Embarcad\u00e8re Batorama Cath\u00e9drale -laiturilta, josta veneet l\u00e4htev\u00e4t s\u00e4\u00e4nn\u00f6llisesti seitsem\u00e4nkymment\u00e4 minuuttia kest\u00e4v\u00e4lle reitille l\u00e4pi koko historiallisen keskustan ja modernimman eurooppalaisen kaupunginosan. T\u00e4m\u00e4 on paras tapa ymm\u00e4rt\u00e4\u00e4 kaupunki silloin, kun jalkoja juuri s\u00e4rkee.<\/p>\n\n\n\n<p class=\"wp-block-paragraph\">Risteilyn aikana kuljet romanttisen Petite Francen kaupunginosan l\u00e4pi, jossa vene voittaa korkeuserot kapeiden vanhojen sulkujen avulla, mik\u00e4 on jo itsess\u00e4\u00e4n n\u00e4ky, jota ei unohda. <strong>Voit valita t\u00e4ysin avoimien ja lasikattoisten veneiden v\u00e4lilt\u00e4<\/strong>, ja lasikattoiset veneet arvostat ennen kaikkea viile\u00e4mpin\u00e4 kev\u00e4t- tai syyskuukausina, sill\u00e4 ne ovat t\u00e4ydellisesti l\u00e4mmitettyj\u00e4 ja sateelta suojattuja. K\u00e4ytett\u00e4viss\u00e4 ovat my\u00f6s audio-oppaat selostuksineen.<\/p>\n\n\n\n<p class=\"wp-block-paragraph\">\ud83d\udca1 Vinkki: Etenkin kes\u00e4sesongin huipulla ja aurinkoisina viikonloppuina liput myyd\u00e4\u00e4n usein hyvin nopeasti loppuun koko p\u00e4iv\u00e4ksi eteenp\u00e4in. <strong>Suosittelen sinulle lippujen varaamista verkossa hyviss\u00e4 ajoin<\/strong>, jotta s\u00e4\u00e4styt turhalta jonottamiselta ja voit olla varma, ett\u00e4 p\u00e4\u00e4set kyytiin juuri valitsemanasi ajankohtana.<\/p>\n\n\n\n<figure data-wp-context=\"{&quot;imageId&quot;:&quot;6a9c4edceef82&quot;}\" data-wp-interactive=\"core\/image\" data-wp-key=\"6a9c4edceef82\" class=\"wp-block-image size-full wp-lightbox-container\"><img decoding=\"async\" width=\"1280\" height=\"960\" data-wp-class--hide=\"state.isContentHidden\" data-wp-class--show=\"state.isContentVisible\" data-wp-init=\"callbacks.setButtonStyles\" data-wp-on--click=\"actions.showLightbox\" data-wp-on--load=\"callbacks.setButtonStyles\" data-wp-on--pointerdown=\"actions.preloadImage\" data-wp-on--pointerenter=\"actions.preloadImageWithDelay\" data-wp-on--pointerleave=\"actions.cancelPreload\" data-wp-on-window--resize=\"callbacks.setButtonStyles\" src=\"https:\/\/loudavymkrokem.cz\/wp-content\/uploads\/2026\/09\/evropsk-parlament.jpg\" alt=\"Euroopan parlamentti\" class=\"wp-image-413197\" title=\"\" srcset=\"https:\/\/loudavymkrokem.cz\/wp-content\/uploads\/2026\/09\/evropsk-parlament.jpg 1280w, https:\/\/loudavymkrokem.cz\/wp-content\/uploads\/2026\/09\/evropsk-parlament-300x225.jpg 300w, https:\/\/loudavymkrokem.cz\/wp-content\/uploads\/2026\/09\/evropsk-parlament-700x525.jpg 700w, https:\/\/loudavymkrokem.cz\/wp-content\/uploads\/2026\/09\/evropsk-parlament-768x576.jpg 768w, https:\/\/loudavymkrokem.cz\/wp-content\/uploads\/2026\/09\/evropsk-parlament-80x60.jpg 80w, https:\/\/loudavymkrokem.cz\/wp-content\/uploads\/2026\/09\/evropsk-parlament-160x120.jpg 160w, https:\/\/loudavymkrokem.cz\/wp-content\/uploads\/2026\/09\/evropsk-parlament-696x522.jpg 696w\" sizes=\"(max-width: 1280px) 100vw, 1280px\" \/><button\n\t\t\tclass=\"lightbox-trigger\"\n\t\t\ttype=\"button\"\n\t\t\taria-haspopup=\"dialog\"\n\t\t\tdata-wp-bind--aria-label=\"state.thisImage.triggerButtonAriaLabel\"\n\t\t\tdata-wp-init=\"callbacks.initTriggerButton\"\n\t\t\tdata-wp-on--click=\"actions.showLightbox\"\n\t\t\tdata-wp-style--right=\"state.thisImage.buttonRight\"\n\t\t\tdata-wp-style--top=\"state.thisImage.buttonTop\"\n\t\t>\n\t\t\t<svg xmlns=\"http:\/\/www.w3.org\/2000\/svg\" width=\"12\" height=\"12\" fill=\"none\" viewBox=\"0 0 12 12\">\n\t\t\t\t<path fill=\"#fff\" d=\"M2 0a2 2 0 0 0-2 2v2h1.5V2a.5.5 0 0 1 .5-.5h2V0H2Zm2 10.5H2a.5.5 0 0 1-.5-.5V8H0v2a2 2 0 0 0 2 2h2v-1.5ZM8 12v-1.5h2a.5.5 0 0 0 .5-.5V8H12v2a2 2 0 0 1-2 2H8Zm2-12a2 2 0 0 1 2 2v2h-1.5V2a.5.5 0 0 0-.5-.5H8V0h2Z\" \/>\n\t\t\t<\/svg>\n\t\t<\/button><figcaption class=\"wp-element-caption\">Foto: Ryan Jose Ruiz III \/ Google Maps<\/figcaption><\/figure>\n\n\n\n<h3 class=\"wp-block-heading\"><span class=\"ez-toc-section\" id=\"8_Euroopan_parlamentti\"><\/span>8. Euroopan parlamentti<span class=\"ez-toc-section-end\"><\/span><\/h3>\n\n\n\n<p class=\"wp-block-paragraph\">Strasbourg on <a href=\"https:\/\/visiting.europarl.europa.eu\/cs\/\" target=\"_blank\" rel=\"nofollow noopener\">Euroopan parlamentin<\/a> virallinen kotipaikka, eik\u00e4 vierailu t\u00e4ss\u00e4 vaikuttavassa modernissa rakennuksessa saisi miss\u00e4\u00e4n tapauksessa puuttua n\u00e4ht\u00e4vyyslistaltasi. Valtava lasirakennus py\u00f6reine pohjapiirroksineen ja kaartuvine kattoineen hallitsee koko kaupunginosaa ja <strong>muodostaa kiehtovan visuaalisen kontrastin kaupungin historialliselle keskustalle<\/strong>. Helpoiten p\u00e4\u00e4set t\u00e4nne mukavalla raitiovaunun E-linjalla, riitt\u00e4\u00e4 kun j\u00e4\u00e4t pois samannimisell\u00e4 Parlement Europ\u00e9en -pys\u00e4kill\u00e4.<\/p>\n\n\n\n<p class=\"wp-block-paragraph\">Kaikkein parasta koko asiassa on se, ett\u00e4 <strong>yleis\u00f6kierrokset ovat t\u00e4ysin ilmaisia<\/strong>, riitt\u00e4\u00e4 vain, kun n\u00e4yt\u00e4t sis\u00e4\u00e4nk\u00e4ynnill\u00e4 voimassa olevan henkil\u00f6kortin tai passin. Kierroksen aikana kurkistat suoraan kuuluisaan istuntosaliin hemicycleen, jossa europarlamentaarikot istuvat ja jossa laaditaan t\u00e4rke\u00e4\u00e4 eurooppalaista lains\u00e4\u00e4d\u00e4nt\u00f6\u00e4. T\u00e4m\u00e4n valtavan ja modernin tilan tunnelma on todella vaikuttava, ja yht\u00e4kki\u00e4 tajuat, ett\u00e4 brysselil\u00e4isell\u00e4 byrokratiallakin on fyysinen osoite \ud83d\ude04.<\/p>\n\n\n\n<p class=\"wp-block-paragraph\">Suunnittele vierailu parlamenttiin hyviss\u00e4 ajoin ja <strong>varaudu siihen, ett\u00e4 koko kierros vie sinulta noin kaksi tai kolme tuntia<\/strong> mukaan lukien melko perusteellinen turvatarkastus sis\u00e4\u00e4nk\u00e4ynnill\u00e4. Kierrokset toteutetaan multimediaoppaiden avulla kaikilla Euroopan unionin virallisilla kielill\u00e4, joten voit kuunnella kaikki tiedot mukavasti omalla \u00e4idinkielell\u00e4si.<\/p>\n\n\n\n<figure data-wp-context=\"{&quot;imageId&quot;:&quot;6a9c4edcef405&quot;}\" data-wp-interactive=\"core\/image\" data-wp-key=\"6a9c4edcef405\" class=\"wp-block-image size-full wp-lightbox-container\"><img decoding=\"async\" width=\"1440\" height=\"1080\" data-wp-class--hide=\"state.isContentHidden\" data-wp-class--show=\"state.isContentVisible\" data-wp-init=\"callbacks.setButtonStyles\" data-wp-on--click=\"actions.showLightbox\" data-wp-on--load=\"callbacks.setButtonStyles\" data-wp-on--pointerdown=\"actions.preloadImage\" data-wp-on--pointerenter=\"actions.preloadImageWithDelay\" data-wp-on--pointerleave=\"actions.cancelPreload\" data-wp-on-window--resize=\"callbacks.setButtonStyles\" src=\"https:\/\/loudavymkrokem.cz\/wp-content\/uploads\/2026\/09\/parlamentarium-simone-veil.jpg\" alt=\"Parlamentarium Simone Veil\" class=\"wp-image-413201\" title=\"\" srcset=\"https:\/\/loudavymkrokem.cz\/wp-content\/uploads\/2026\/09\/parlamentarium-simone-veil.jpg 1440w, https:\/\/loudavymkrokem.cz\/wp-content\/uploads\/2026\/09\/parlamentarium-simone-veil-300x225.jpg 300w, https:\/\/loudavymkrokem.cz\/wp-content\/uploads\/2026\/09\/parlamentarium-simone-veil-700x525.jpg 700w, https:\/\/loudavymkrokem.cz\/wp-content\/uploads\/2026\/09\/parlamentarium-simone-veil-768x576.jpg 768w, https:\/\/loudavymkrokem.cz\/wp-content\/uploads\/2026\/09\/parlamentarium-simone-veil-80x60.jpg 80w, https:\/\/loudavymkrokem.cz\/wp-content\/uploads\/2026\/09\/parlamentarium-simone-veil-160x120.jpg 160w, https:\/\/loudavymkrokem.cz\/wp-content\/uploads\/2026\/09\/parlamentarium-simone-veil-696x522.jpg 696w, https:\/\/loudavymkrokem.cz\/wp-content\/uploads\/2026\/09\/parlamentarium-simone-veil-1392x1044.jpg 1392w\" sizes=\"(max-width: 1440px) 100vw, 1440px\" \/><button\n\t\t\tclass=\"lightbox-trigger\"\n\t\t\ttype=\"button\"\n\t\t\taria-haspopup=\"dialog\"\n\t\t\tdata-wp-bind--aria-label=\"state.thisImage.triggerButtonAriaLabel\"\n\t\t\tdata-wp-init=\"callbacks.initTriggerButton\"\n\t\t\tdata-wp-on--click=\"actions.showLightbox\"\n\t\t\tdata-wp-style--right=\"state.thisImage.buttonRight\"\n\t\t\tdata-wp-style--top=\"state.thisImage.buttonTop\"\n\t\t>\n\t\t\t<svg xmlns=\"http:\/\/www.w3.org\/2000\/svg\" width=\"12\" height=\"12\" fill=\"none\" viewBox=\"0 0 12 12\">\n\t\t\t\t<path fill=\"#fff\" d=\"M2 0a2 2 0 0 0-2 2v2h1.5V2a.5.5 0 0 1 .5-.5h2V0H2Zm2 10.5H2a.5.5 0 0 1-.5-.5V8H0v2a2 2 0 0 0 2 2h2v-1.5ZM8 12v-1.5h2a.5.5 0 0 0 .5-.5V8H12v2a2 2 0 0 1-2 2H8Zm2-12a2 2 0 0 1 2 2v2h-1.5V2a.5.5 0 0 0-.5-.5H8V0h2Z\" \/>\n\t\t\t<\/svg>\n\t\t<\/button><figcaption class=\"wp-element-caption\">Foto: Bianca K. \/ Google Maps<\/figcaption><\/figure>\n\n\n\n<h3 class=\"wp-block-heading\"><span class=\"ez-toc-section\" id=\"9_Parlamentarium_Simone_Veil\"><\/span>9. Parlamentarium Simone Veil<span class=\"ez-toc-section-end\"><\/span><\/h3>\n\n\n\n<p class=\"wp-block-paragraph\">Osana laajaa Euroopan parlamentin kompleksia on my\u00f6s vastik\u00e4\u00e4n avattu k\u00e4vij\u00e4tila nimelt\u00e4\u00e4n <a href=\"https:\/\/visiting.europarl.europa.eu\/cs\/visitor-offer\/strasbourg\/parlamentarium-simone-veil\" target=\"_blank\" rel=\"nofollow noopener\">Parlamentarium Simone Veil<\/a>. Keskus on suunniteltu niin, ett\u00e4 Euroopan yhdentyminen kuulostaisi j\u00e4nnitt\u00e4v\u00e4lt\u00e4, ja yll\u00e4tt\u00e4en he onnistuvat siin\u00e4. Se on loistava paikka paitsi aikuisille k\u00e4vij\u00f6ille my\u00f6s vanhemmille uteliaille lapsille.<\/p>\n\n\n\n<p class=\"wp-block-paragraph\">Koko keskuksen p\u00e4\u00e4veto on kiistatta <strong>upea 360\u00b0:n projektiosali<\/strong>, jossa esitet\u00e4\u00e4n dynaaminen elokuva Euroopan parlamentin toiminnasta, jonka ansiosta p\u00e4\u00e4dyt visuaalisesti suoraan tapahtumien keskipisteeseen. K\u00e4ytett\u00e4viss\u00e4 on my\u00f6s erilaisia interaktiivisia moduuleita ja kosketusn\u00e4ytt\u00f6j\u00e4, joiden kautta voit helposti selvitt\u00e4\u00e4, millaisia p\u00e4\u00e4t\u00f6ksi\u00e4 on aiemmin tehty juuri sinun kotialueesi kannalta.<\/p>\n\n\n\n<p class=\"wp-block-paragraph\">Suuremmille j\u00e4rjestetyille ryhmille keskus tarjoaa my\u00f6s <strong>erityisen roolipelin<\/strong>, jossa osallistujat voivat kokeilla omakohtaisesti, millaista on olla oikea parlamentaarikko ja neuvotella hankalasti uusista laeista. Pys\u00e4hdys t\u00e4ss\u00e4 keskuksessa t\u00e4ydent\u00e4\u00e4 t\u00e4ydellisesti vierailua itse istuntosaliin, ja p\u00e4\u00e4sy on t\u00e4nne my\u00f6s kaikille ilmainen.<\/p>\n\n\n\n<figure data-wp-context=\"{&quot;imageId&quot;:&quot;6a9c4edcef929&quot;}\" data-wp-interactive=\"core\/image\" data-wp-key=\"6a9c4edcef929\" class=\"wp-block-image size-full wp-lightbox-container\"><img decoding=\"async\" width=\"1600\" height=\"1200\" data-wp-class--hide=\"state.isContentHidden\" data-wp-class--show=\"state.isContentVisible\" data-wp-init=\"callbacks.setButtonStyles\" data-wp-on--click=\"actions.showLightbox\" data-wp-on--load=\"callbacks.setButtonStyles\" data-wp-on--pointerdown=\"actions.preloadImage\" data-wp-on--pointerenter=\"actions.preloadImageWithDelay\" data-wp-on--pointerleave=\"actions.cancelPreload\" data-wp-on-window--resize=\"callbacks.setButtonStyles\" src=\"https:\/\/loudavymkrokem.cz\/wp-content\/uploads\/2026\/09\/rada-evropy.jpg\" alt=\"Euroopan neuvosto ja instituutioiden kaupunginosa\" class=\"wp-image-413204\" title=\"\" srcset=\"https:\/\/loudavymkrokem.cz\/wp-content\/uploads\/2026\/09\/rada-evropy.jpg 1600w, https:\/\/loudavymkrokem.cz\/wp-content\/uploads\/2026\/09\/rada-evropy-300x225.jpg 300w, https:\/\/loudavymkrokem.cz\/wp-content\/uploads\/2026\/09\/rada-evropy-700x525.jpg 700w, https:\/\/loudavymkrokem.cz\/wp-content\/uploads\/2026\/09\/rada-evropy-768x576.jpg 768w, https:\/\/loudavymkrokem.cz\/wp-content\/uploads\/2026\/09\/rada-evropy-1536x1152.jpg 1536w, https:\/\/loudavymkrokem.cz\/wp-content\/uploads\/2026\/09\/rada-evropy-80x60.jpg 80w, https:\/\/loudavymkrokem.cz\/wp-content\/uploads\/2026\/09\/rada-evropy-160x120.jpg 160w, https:\/\/loudavymkrokem.cz\/wp-content\/uploads\/2026\/09\/rada-evropy-696x522.jpg 696w, https:\/\/loudavymkrokem.cz\/wp-content\/uploads\/2026\/09\/rada-evropy-1392x1044.jpg 1392w\" sizes=\"(max-width: 1600px) 100vw, 1600px\" \/><button\n\t\t\tclass=\"lightbox-trigger\"\n\t\t\ttype=\"button\"\n\t\t\taria-haspopup=\"dialog\"\n\t\t\tdata-wp-bind--aria-label=\"state.thisImage.triggerButtonAriaLabel\"\n\t\t\tdata-wp-init=\"callbacks.initTriggerButton\"\n\t\t\tdata-wp-on--click=\"actions.showLightbox\"\n\t\t\tdata-wp-style--right=\"state.thisImage.buttonRight\"\n\t\t\tdata-wp-style--top=\"state.thisImage.buttonTop\"\n\t\t>\n\t\t\t<svg xmlns=\"http:\/\/www.w3.org\/2000\/svg\" width=\"12\" height=\"12\" fill=\"none\" viewBox=\"0 0 12 12\">\n\t\t\t\t<path fill=\"#fff\" d=\"M2 0a2 2 0 0 0-2 2v2h1.5V2a.5.5 0 0 1 .5-.5h2V0H2Zm2 10.5H2a.5.5 0 0 1-.5-.5V8H0v2a2 2 0 0 0 2 2h2v-1.5ZM8 12v-1.5h2a.5.5 0 0 0 .5-.5V8H12v2a2 2 0 0 1-2 2H8Zm2-12a2 2 0 0 1 2 2v2h-1.5V2a.5.5 0 0 0-.5-.5H8V0h2Z\" \/>\n\t\t\t<\/svg>\n\t\t<\/button><figcaption class=\"wp-element-caption\">Foto: Anton Nyberg \/ Google Maps<\/figcaption><\/figure>\n\n\n\n<!-- LKM_GYG_CARD start q=\"strasbourg\" lang=\"fi\" rendered=\"2026-09-05T15:36:00+00:00\" v=\"1\" -->\n<style id=\"lk-gyg-styles\">\n@import url(\"https:\/\/fonts.googleapis.com\/css2?family=Playfair+Display:wght@700&family=DM+Sans:wght@300;400;500;600&display=swap\");\n\/* === LK GYG karty \u2014 CRO redesign 2026-05 (namespace .lkx-) ===\n   C\u00edl: vy\u0161\u0161\u00ed CTR (hero + v\u00fdrazn\u00fd social proof + ak\u010dn\u00ed CTA, m\u00e9n\u011b \"reklamn\u00ed\").\n   Injektuje se inline do prvn\u00edho markeru postu (refresh_cards.py --inline-css). *\/\n.lkx-module, .lkx-module *{box-sizing:border-box;margin:0;padding:0}\n.lkx-module{\n  font-family:'DM Sans',-apple-system,Segoe UI,Roboto,Georgia,sans-serif;\n  max-width:860px;margin:2.5rem auto;color:#1f2328;\n}\n\n\/* HEADER \u2014 lehk\u00fd editorsk\u00fd, \u017e\u00e1dn\u00fd bannerov\u00fd blok; nadpis + popisek pod n\u00edm *\/\n.lkx-head{margin-bottom:16px}\n.lkx-head-main{display:flex;align-items:center;gap:10px}\n.lkx-head-accent{width:26px;height:3px;border-radius:2px;background:#c39f76;flex-shrink:0}\n.lkx-head-title{font-family:'Playfair Display',Georgia,serif;font-size:21px;font-weight:700;color:#1a1a1a;line-height:1.25}\n.lkx-head-meta{display:block;font-size:11px;letter-spacing:.3px;color:#9aa0a6;margin-top:4px;margin-left:36px}\n\n\/* HERO *\/\n.lkx-hero{display:grid;grid-template-columns:300px 1fr;background:#fff;border:1px solid #ece7df;border-radius:14px;overflow:hidden;text-decoration:none!important;color:inherit;box-shadow:0 6px 20px rgba(0,0,0,.06);transition:box-shadow .2s,transform .2s;margin-bottom:14px}\n.lkx-hero:hover{box-shadow:0 12px 30px rgba(0,0,0,.12);transform:translateY(-2px)}\n.lkx-hero-img{position:relative;min-height:230px;background-size:cover;background-position:center;background-color:#eee}\n.lkx-hero-body{padding:22px 24px;display:flex;flex-direction:column}\n.lkx-pick{position:absolute;top:12px;left:12px;background:#1a1a1a;color:#fff;font-size:11px;font-weight:700;letter-spacing:.5px;padding:5px 11px;border-radius:20px}\n\n\/* TITLE *\/\n.lkx-title{font-size:19px;font-weight:700;color:#161616;line-height:1.3}\n.lkx-title-sm{font-size:14.5px;line-height:1.35;display:-webkit-box;-webkit-line-clamp:2;-webkit-box-orient:vertical;overflow:hidden}\n\n\/* SOCIAL PROOF \u2014 v\u00fdrazn\u011b, naho\u0159e *\/\n.lkx-proof{display:flex;align-items:center;gap:7px;margin-top:12px;font-size:15px;color:#3a3a3a}\n.lkx-proof b{font-size:16px;color:#161616}\n.lkx-stars{color:#f5a623;letter-spacing:1px}\n.lkx-proof-sm{font-size:12.5px;margin-top:8px;gap:5px}\n.lkx-proof-sm b{font-size:13px}\n.lkx-proof-new{color:#3685fc;font-weight:600}\n\n\/* PRICE \u2014 n\u00edzk\u00e1 kotva *\/\n.lkx-price{font-size:14px;color:#6b7280}\n.lkx-price b{font-size:20px;color:#161616;font-weight:700}\n.lkx-price-sm b{font-size:15px}\n\n\/* CTA \u2014 tepl\u00e9 ak\u010dn\u00ed tla\u010d\u00edtko *\/\n.lkx-cta{display:inline-flex;align-items:center;justify-content:center;text-decoration:none!important;font-weight:700;color:#fff!important;background:linear-gradient(135deg,#f6743f,#e8552a);border-radius:10px;box-shadow:0 6px 16px rgba(232,85,42,.32);transition:box-shadow .2s}\n.lkx-cta-hero{font-size:15px;padding:13px 22px}\n.lkx-hero:hover .lkx-cta-hero{box-shadow:0 8px 22px rgba(232,85,42,.45)}\n.lkx-cta-sm{font-size:12.5px;padding:9px 14px;width:100%;margin-top:2px}\n.lkx-hero-bottom{margin-top:auto;padding-top:18px;display:flex;align-items:center;justify-content:space-between;gap:14px;flex-wrap:wrap}\n\n\/* BADGE \u2014 jeden v\u00fdrazn\u00fd na fotce *\/\n.lkx-badge{position:absolute;top:12px;right:12px;font-size:10.5px;font-weight:700;letter-spacing:.3px;padding:5px 10px;border-radius:16px;color:#fff}\n.lkx-badge.badge-urgency{background:rgba(214,40,40,.92)}\n.lkx-badge.badge-new{background:rgba(54,133,252,.92)}\n.lkx-badge.badge-top{background:rgba(195,159,118,.95)}\n.lkx-badge.badge-info{background:rgba(40,40,40,.78)}\n\n\/* SECONDARY GRID *\/\n.lkx-grid{display:grid;grid-template-columns:1fr 1fr;gap:14px}\n.lkx-card{background:#fff;border:1px solid #ece7df;border-radius:14px;overflow:hidden;text-decoration:none!important;color:inherit;box-shadow:0 4px 14px rgba(0,0,0,.05);display:flex;flex-direction:column;transition:box-shadow .2s,transform .2s}\n.lkx-card:hover{box-shadow:0 10px 24px rgba(0,0,0,.1);transform:translateY(-2px)}\n.lkx-card-img{position:relative;aspect-ratio:16\/10;background-size:cover;background-position:center;background-color:#eee}\n.lkx-card-body{padding:14px 16px 16px;display:flex;flex-direction:column;gap:7px;flex:1}\n.lkx-card-bottom{margin-top:auto;padding-top:10px;display:flex;align-items:center;justify-content:space-between;gap:8px}\n\n\/* DISCLOSURE \u2014 drobn\u00e1, kv\u016fli d\u016fv\u011b\u0159e\/z\u00e1konu *\/\n.lkx-disclosure{font-size:11px;color:#a7adb3;text-align:center;margin-top:14px;line-height:1.6}\n.lkx-disclosure a{color:#c39f76;text-decoration:none}\n\n@media(max-width:680px){\n  .lkx-hero{grid-template-columns:1fr}\n  .lkx-hero-img{min-height:180px}\n  .lkx-grid{grid-template-columns:1fr}\n  .lkx-head-meta{margin-left:0;width:100%}\n  .lkx-head-title{font-size:19px}\n}\n\n<\/style>\n<div class=\"lkx-module\" data-query=\"strasbourg\">\n  <div class=\"lkx-head\">\n    <div class=\"lkx-head-main\">\n      <span class=\"lkx-head-accent\"><\/span>\n      <span class=\"lkx-head-title\">El\u00e4mykset ja liput<\/span>\n    <\/div>\n    <span class=\"lkx-head-meta\">matkailijoiden arvioima \u00b7 GetYourGuide<\/span>\n  <\/div><a class=\"lkx-hero\" href=\"https:\/\/www.getyourguide.com\/fi-fi\/strasbourg-l293\/strasbourg-kavelykierros-paikallisen-oppaan-kanssa-t877665\/?partner_id=MKZ64IS&amp;utm_medium=online_publisher&amp;cmp=strasbourg-ranska-nahtavyydet\" target=\"_blank\" rel=\"sponsored noopener nofollow\">\n    <div class=\"lkx-hero-img\" style=\"background-image:url('https:\/\/cdn.getyourguide.com\/img\/tour\/55865d3f8d08e2193af59ad660b04fb53bbd1f5148dde1eff9892481aee3de49.png\/132.jpg')\" role=\"img\" aria-label=\"Strasbourg: K\u00e4velykierros paikallisen oppaan kanssa\">\n      <span class=\"lkx-pick\">\u2605 Suosituksemme<\/span><\/div>\n    <div class=\"lkx-hero-body\">\n      <div class=\"lkx-title\">Strasbourg: K\u00e4velykierros paikallisen oppaan kanssa<\/div>\n      <div class=\"lkx-proof\">\n      <span class=\"lkx-stars\">\u2605\u2605\u2605\u2605\u2605<\/span>\n      <b>4.4<\/b> \u00b7 904 arvostelua\n    <\/div>\n      <div class=\"lkx-hero-bottom\"><div class=\"lkx-price\">alkaen <b>28\u00a0\u20ac<\/b><\/div><span class=\"lkx-cta lkx-cta-hero\">Haluan t\u00e4m\u00e4n el\u00e4myksen \u2192<\/span>\n      <\/div>\n    <\/div>\n  <\/a><div class=\"lkx-grid\"><a class=\"lkx-card\" href=\"https:\/\/www.getyourguide.com\/fi-fi\/strasbourg-l293\/strasbourgista-perinteinen-viinimatka-colmariin-t1066634\/?partner_id=MKZ64IS&amp;utm_medium=online_publisher&amp;cmp=strasbourg-ranska-nahtavyydet\" target=\"_blank\" rel=\"sponsored noopener nofollow\">\n      <div class=\"lkx-card-img\" style=\"background-image:url('https:\/\/cdn.getyourguide.com\/img\/tour\/ad6c161500ce5ceaabb182d1ab2f151c62d5b59124194ab758ce97e60c9bfaf1.jpg\/132.jpg')\" role=\"img\" aria-label=\"Strasbourgista: perinteinen viinimatka Colmariin\"><\/div>\n      <div class=\"lkx-card-body\">\n        <div class=\"lkx-title lkx-title-sm\">Strasbourgista: perinteinen viinimatka Colmariin<\/div>\n        <div class=\"lkx-proof lkx-proof-sm\">\n      <span class=\"lkx-stars\">\u2605<\/span>\n      <b>3.6<\/b> \u00b7 18\n    <\/div>\n        <div class=\"lkx-card-bottom\"><span class=\"lkx-price lkx-price-sm\">alkaen <b>125\u00a0\u20ac<\/b><\/span><span class=\"lkx-cta lkx-cta-sm\">Katso p\u00e4iv\u00e4m\u00e4\u00e4r\u00e4t \u2192<\/span>\n        <\/div>\n      <\/div>\n    <\/a><a class=\"lkx-card\" href=\"https:\/\/www.getyourguide.com\/fi-fi\/strasbourg-l293\/strasbourg-elsassin-ruokamaistiaiset-kavelykierros-jossa-on-5-maistiaista-t1458211\/?partner_id=MKZ64IS&amp;utm_medium=online_publisher&amp;cmp=strasbourg-ranska-nahtavyydet\" target=\"_blank\" rel=\"sponsored noopener nofollow\">\n      <div class=\"lkx-card-img\" style=\"background-image:url('https:\/\/cdn.getyourguide.com\/img\/tour\/e965587a48bc449a08b2ef17afbfc818a8ca05db25bccd1e896e40df12dc7ce3.jpg\/132.jpg')\" role=\"img\" aria-label=\"Strasbourg: Elsassin ruokamaistiaiset \u2013 k\u00e4velykierros, jossa on 5 maistiaista\"><\/div>\n      <div class=\"lkx-card-body\">\n        <div class=\"lkx-title lkx-title-sm\">Strasbourg: Elsassin ruokamaistiaiset \u2013 k\u00e4velykierros, jossa on 5 maistiaista<\/div>\n        <div class=\"lkx-proof lkx-proof-sm\">\n      <span class=\"lkx-stars\">\u2605<\/span>\n      <b>0.0<\/b> \u00b7 0\n    <\/div>\n        <div class=\"lkx-card-bottom\"><span class=\"lkx-price lkx-price-sm\">alkaen <b>45\u00a0\u20ac<\/b><\/span><span class=\"lkx-cta lkx-cta-sm\">Katso p\u00e4iv\u00e4m\u00e4\u00e4r\u00e4t \u2192<\/span>\n        <\/div>\n      <\/div>\n    <\/a><\/div><div class=\"lkx-disclosure\">\ud83d\udd17 N\u00e4m\u00e4 ovat kumppanilinkkej\u00e4 \u2014 ne eiv\u00e4t muuta hintaasi ja auttavat meit\u00e4 tekem\u00e4\u00e4n sis\u00e4lt\u00f6\u00e4. \u00b7 <a href=\"https:\/\/www.getyourguide.com\/fi-fi\/s\/?q=strasbourg&amp;partner_id=MKZ64IS&amp;utm_medium=online_publisher\" target=\"_blank\" rel=\"sponsored noopener nofollow\">Kaikki el\u00e4mykset \u2192<\/a><\/div>\n<\/div>\n<!-- LKM_GYG_CARD end -->\n\n\n\n\n<div class=\"lk-stays-module\">\n<style>\n\/* \u2500\u2500\u2500 RESET PRO GUTENBERG \u2500\u2500\u2500 *\/\n.lk-stays-module * { box-sizing: border-box; margin: 0; padding: 0; }\n\n\/* \u2500\u2500\u2500 WRAPPER \u2500\u2500\u2500 *\/\n.lk-stays-module {\n  font-family: 'DM Sans', Georgia, sans-serif;\n  max-width: 100%;\n  margin: 2.5rem auto;\n  background: linear-gradient(135deg, #fdfaf5 0%, #fcf8f0 100%);\n  border: 1px solid #e8dfd4;\n  border-radius: 16px;\n  overflow: hidden;\n  box-shadow: 0 16px 48px rgba(195, 159, 118, 0.25), 0 4px 12px rgba(0,0,0,0.08);\n}\n\n\/* \u2500\u2500\u2500 HEADER \u2500\u2500\u2500 *\/\n.lk-stays-header {\n  position: relative;\n  padding: 24px 36px 24px;\n  background: linear-gradient(135deg, #c39f76 0%, #d4b188 60%, #c39f76 100%);\n  border-bottom: 1px solid rgba(255,255,255,.15);\n  display: flex;\n  align-items: center;\n  gap: 18px;\n}\n.lk-stays-header::before {\n  content: '';\n  position: absolute;\n  inset: 0;\n  background: url(\"data:image\/svg+xml,%3Csvg width='60' height='60' viewBox='0 0 60 60' xmlns='http:\/\/www.w3.org\/2000\/svg'%3E%3Cg fill='none' fill-rule='evenodd'%3E%3Cg fill='%23ffffff' fill-opacity='0.05'%3E%3Cpath d='M36 34v-4h-2v4h-4v2h4v4h2v-4h4v-2h-4zm0-30V0h-2v4h-4v2h4v4h2V6h4V4h-4zM6 34v-4H4v4H0v2h4v4h2v-4h4v-2H6zM6 4V0H4v4H0v2h4v4h2V6h4V4H6z'\/%3E%3C\/g%3E%3C\/g%3E%3C\/svg%3E\") repeat;\n  pointer-events: none;\n}\n.lk-stays-icon {\n  flex-shrink: 0;\n  width: 68px;\n  height: 68px;\n  border-radius: 14px;\n  background: linear-gradient(135deg, #fff 0%, #f9f6f0 100%);\n  display: flex;\n  align-items: center;\n  justify-content: center;\n  font-size: 26px;\n  box-shadow: 0 4px 12px rgba(0,0,0,0.15);\n}\n.lk-stays-eyebrow {\n  font-size: 10px;\n  font-weight: 500;\n  letter-spacing: 2.5px;\n  text-transform: uppercase;\n  color: rgba(255,255,255,.85);\n  margin: 0 0 5px 0;\n}\n.lk-stays-title {\n  font-family: 'Playfair Display', Georgia, serif;\n  font-size: 24px;\n  font-weight: 700;\n  color: #fff;\n  line-height: 1.2;\n  text-shadow: 0 1px 2px rgba(0,0,0,0.1);\n  margin: 0;\n}\n.lk-stays-subtitle {\n  font-size: 13px;\n  color: rgba(255,255,255,.75);\n  margin: 4px 0 0 0;\n  font-weight: 300;\n}\n\n\/* \u2500\u2500\u2500 CARDS GRID \u2500\u2500\u2500 *\/\n.lk-stays-grid {\n  display: grid;\n  grid-template-columns: 1fr 1fr;\n  gap: 1px;\n  background: rgba(195, 159, 118, 0.12);\n}\n\n\/* \u2500\u2500\u2500 SINGLE CARD \u2500\u2500\u2500 *\/\n.lk-stay-card {\n  background: #ffffff;\n  padding: 26px;\n  display: flex;\n  flex-direction: column;\n  gap: 11px;\n  transition: all 0.3s ease;\n  text-decoration: none;\n  color: inherit;\n  position: relative;\n}\n.lk-stay-card:hover {\n  background: #fffbf5;\n  transform: translateY(-2px);\n  box-shadow: 0 8px 24px rgba(195, 159, 118, 0.18);\n  z-index: 1;\n}\n.lk-stay-card.featured {\n  background: linear-gradient(135deg, #fffdf9 0%, #fff9f0 100%);\n  box-shadow: 0 4px 16px rgba(195, 159, 118, 0.15), inset 0 1px 0 rgba(195, 159, 118, 0.1);\n}\n.lk-stay-card.featured:hover {\n  background: linear-gradient(135deg, #fffbf5 0%, #fff8ed 100%);\n  box-shadow: 0 8px 24px rgba(195, 159, 118, 0.25), inset 0 1px 0 rgba(195, 159, 118, 0.15);\n}\n\n.lk-stay-badge {\n  display: inline-flex;\n  align-items: center;\n  gap: 5px;\n  font-size: 10px;\n  font-weight: 500;\n  letter-spacing: 1.5px;\n  text-transform: uppercase;\n  padding: 5px 11px;\n  border-radius: 20px;\n  width: fit-content;\n}\n.badge-top     { background: linear-gradient(135deg, #c39f76 0%, #d4b188 100%); color: #fff; border: 1px solid #c39f76; font-weight: 600; box-shadow: 0 2px 8px rgba(195,159,118,0.3); }\n.badge-luxury  { background: rgba(195,159,118,.12); color: #c39f76; border: 1px solid rgba(195,159,118,.25); }\n.badge-boutique{ background: rgba(54,133,252,.08); color: #3685fc; border: 1px solid rgba(54,133,252,.2); }\n.badge-nature  { background: rgba(130,190,100,.1); color: #6b9c4a; border: 1px solid rgba(130,190,100,.2); }\n.badge-remote  { background: rgba(195,159,118,.12); color: #a67e50; border: 1px solid rgba(195,159,118,.25); }\n\n.lk-stay-name {\n  font-family: 'Playfair Display', Georgia, serif;\n  font-size: 18px;\n  font-weight: 700;\n  color: #111827;\n  line-height: 1.3;\n}\n.lk-stay-desc {\n  font-size: 13.5px;\n  color: #525252;\n  line-height: 1.65;\n  font-weight: 300;\n  flex: 1;\n}\n\n.lk-stay-meta {\n  display: flex;\n  align-items: center;\n  gap: 12px;\n  flex-wrap: wrap;\n  margin-top: 4px;\n}\n.lk-stay-price {\n  font-size: 13px;\n  color: #6b7280;\n}\n.lk-stay-price strong {\n  color: #c39f76;\n  font-weight: 500;\n}\n.lk-stay-stars {\n  color: #c39f76;\n  font-size: 11px;\n  letter-spacing: 1px;\n}\n\n\/* \u2500\u2500\u2500 CTA BUTTON \u2500\u2500\u2500 *\/\n.lk-stay-cta {\n  display: inline-flex;\n  align-items: center;\n  justify-content: center;\n  gap: 7px;\n  margin-top: 8px;\n  padding: 11px 20px;\n  border-radius: 8px;\n  background: linear-gradient(135deg, #3685fc 0%, #2a6fd9 100%);\n  color: #fff;\n  font-size: 13px;\n  font-weight: 500;\n  text-decoration: none;\n  letter-spacing: .3px;\n  transition: all .2s ease;\n  cursor: pointer;\n  border: none;\n  text-align: center;\n  box-shadow: 0 4px 12px rgba(54, 133, 252, 0.25);\n}\n.lk-stay-cta:hover {\n  background: linear-gradient(135deg, #2a6fd9 0%, #1e5bc4 100%);\n  transform: translateY(-1px);\n  box-shadow: 0 6px 16px rgba(54, 133, 252, 0.35);\n}\n.lk-stay-cta svg { flex-shrink: 0; }\n\n\/* \u2500\u2500\u2500 FOOTER \u2500\u2500\u2500 *\/\n.lk-stays-footer {\n  padding: 18px 36px;\n  background: linear-gradient(to bottom, #fdfaf5 0%, #f9f4ed 100%);\n  border-top: 1px solid rgba(195, 159, 118, 0.15);\n  display: flex;\n  align-items: center;\n  justify-content: space-between;\n  flex-wrap: wrap;\n  gap: 12px;\n}\n.lk-stays-footer-note {\n  font-size: 11.5px;\n  color: #6b7280;\n  font-weight: 300;\n  line-height: 1.5;\n}\n.lk-stays-footer-note a {\n  color: #c39f76;\n  text-decoration: none;\n  font-weight: 400;\n}\n.lk-stays-footer-note a:hover {\n  text-decoration: underline;\n}\n.lk-stays-all-btn {\n  display: inline-flex;\n  align-items: center;\n  gap: 6px;\n  font-size: 12.5px;\n  font-weight: 500;\n  color: #c39f76;\n  text-decoration: none;\n  border: 1px solid rgba(195, 159, 118, 0.35);\n  padding: 8px 18px;\n  border-radius: 8px;\n  transition: all .2s ease;\n}\n.lk-stays-all-btn:hover {\n  background: rgba(195, 159, 118, 0.08);\n  border-color: rgba(195, 159, 118, 0.5);\n}\n\n\/* \u2500\u2500\u2500 RESPONSIVE \u2500\u2500\u2500 *\/\n@media (max-width: 600px) {\n  .lk-stays-grid { grid-template-columns: 1fr; }\n  .lk-stays-header { padding: 24px 20px; }\n  .lk-stays-footer { padding: 16px 20px; }\n  .lk-stay-card { padding: 22px; }\n  .lk-stays-title { font-size: 20px; }\n}\n<\/style>\n\n  <!-- HEADER -->\n  <div class=\"lk-stays-header\">\n    <img decoding=\"async\" src=\"https:\/\/loudavymkrokem.cz\/wp-content\/uploads\/2026\/02\/lukas-a-lucka.jpg\" alt=\"\" style=\"width: 75px; height: 75px; border-radius: 8px; flex-shrink: 0; object-fit: cover; display: block; margin: 4px 0;\" title=\"\">\n    <div class=\"lk-stays-header-text\">\n      <div class=\"lk-stays-eyebrow\">Luk\u00e1\u0161 ja Lucie suosittelevat<\/div>\n      <div class=\"lk-stays-title\">Miss\u00e4 y\u00f6py\u00e4 Strasbourgissa<\/div>\n      <div class=\"lk-stays-subtitle\">4 majoitusta \u2014 hotellit ja muut majoitusvaihtoehdot<\/div>\n    <\/div>\n  <\/div>\n\n  <!-- CARDS -->\n  <div class=\"lk-stays-grid\">\n\n    <a class=\"lk-stay-card featured\" href=\"https:\/\/www.stay22.com\/allez\/roam?aid=lukaskonecny&#038;campaign=loudavymkrokemcz&#038;campaign=fi&#038;campaign=covidetvestrasburku&#038;address=%C5%A0trasburk&#038;hotelname=H%C3%B4tel+Cour+du+Corbeau+Strasbourg+-+MGallery&#038;search=H%C3%B4tel+Cour+du+Corbeau+Strasbourg+-+MGallery&#038;category=accommodation\" target=\"_blank\" rel=\"nofollow noopener\">\n      <span class=\"lk-stay-badge badge-top\">\u2b50 HUIPPUVALINTA<\/span>\n      <span class=\"lk-stay-badge badge-nature\">\ud83c\udfe8 Hotelli<\/span>\n      <div class=\"lk-stay-name\">H\u00f4tel Cour du Corbeau Strasbourg &#8211; MGallery<\/div>\n      <div class=\"lk-stay-desc\">Arkkitehtoninen helmi kunnostettussa historiallisessa 1500-luvun talossa puisin parvekkeik\u00e4yt\u00e4vineen, tarjoaa romanttista tunnelmaa vesikanavan varrella.<\/div>\n      <div class=\"lk-stay-meta\">\n        <span class=\"lk-stay-stars\">\u2605\u2605\u2605\u2605<\/span>\n        <span class=\"lk-stay-price\">Tarkista hinnat<\/span>\n      <\/div>\n      <span class=\"lk-stay-cta\">\n        <svg width=\"14\" height=\"14\" viewBox=\"0 0 24 24\" fill=\"none\" stroke=\"currentColor\" stroke-width=\"2\"><path d=\"M18 13v6a2 2 0 0 1-2 2H5a2 2 0 0 1-2-2V8a2 2 0 0 1 2-2h6\"\/><polyline points=\"15 3 21 3 21 9\"\/><line x1=\"10\" y1=\"14\" x2=\"21\" y2=\"3\"\/><\/svg>\n        Tarkista saatavuus\n      <\/span>\n    <\/a>\n\n    <a class=\"lk-stay-card\" href=\"https:\/\/www.stay22.com\/allez\/roam?aid=lukaskonecny&#038;campaign=loudavymkrokemcz&#038;campaign=fi&#038;campaign=covidetvestrasburku&#038;address=%C5%A0trasburk&#038;hotelname=H%C3%B4tel+L%C3%89ONOR+the+place+to+live&#038;search=H%C3%B4tel+L%C3%89ONOR+the+place+to+live&#038;category=accommodation\" target=\"_blank\" rel=\"nofollow noopener\">\n      <span class=\"lk-stay-badge badge-nature\">\ud83c\udfe8 Hotelli<\/span>\n      <div class=\"lk-stay-name\">H\u00f4tel L\u00c9ONOR the place to live<\/div>\n      <div class=\"lk-stay-desc\">Moderni muotoilu historiallisessa rakennuksessa l\u00e4hell\u00e4 Broglie-aukiota, upea sis\u00e4piha oleskeluun.<\/div>\n      <div class=\"lk-stay-meta\">\n        <span class=\"lk-stay-stars\">\u2605\u2605\u2605\u2605<\/span>\n        <span class=\"lk-stay-price\">Tarkista hinnat<\/span>\n      <\/div>\n      <span class=\"lk-stay-cta\">\n        <svg width=\"14\" height=\"14\" viewBox=\"0 0 24 24\" fill=\"none\" stroke=\"currentColor\" stroke-width=\"2\"><path d=\"M18 13v6a2 2 0 0 1-2 2H5a2 2 0 0 1-2-2V8a2 2 0 0 1 2-2h6\"\/><polyline points=\"15 3 21 3 21 9\"\/><line x1=\"10\" y1=\"14\" x2=\"21\" y2=\"3\"\/><\/svg>\n        Tarkista saatavuus\n      <\/span>\n    <\/a>\n\n    <a class=\"lk-stay-card\" href=\"https:\/\/www.stay22.com\/allez\/roam?aid=lukaskonecny&#038;campaign=loudavymkrokemcz&#038;campaign=fi&#038;campaign=covidetvestrasburku&#038;address=%C5%A0trasburk&#038;hotelname=H%C3%B4tel+Gutenberg&#038;search=H%C3%B4tel+Gutenberg&#038;category=accommodation\" target=\"_blank\" rel=\"nofollow noopener\">\n      <span class=\"lk-stay-badge badge-nature\">\ud83c\udfe8 Hotelli<\/span>\n      <div class=\"lk-stay-name\">H\u00f4tel Gutenberg<\/div>\n      <div class=\"lk-stay-desc\">Strateginen sijainti l\u00e4hell\u00e4 p\u00e4\u00e4k\u00e4velykatua, pienemm\u00e4t huoneet loistavat puhtaudellaan ja mukavilla vuoteillaan, eritt\u00e4in avulias henkil\u00f6kunta.<\/div>\n      <div class=\"lk-stay-meta\">\n        <span class=\"lk-stay-stars\">\u2605\u2605\u2605\u2605<\/span>\n        <span class=\"lk-stay-price\">Tarkista hinnat<\/span>\n      <\/div>\n      <span class=\"lk-stay-cta\">\n        <svg width=\"14\" height=\"14\" viewBox=\"0 0 24 24\" fill=\"none\" stroke=\"currentColor\" stroke-width=\"2\"><path d=\"M18 13v6a2 2 0 0 1-2 2H5a2 2 0 0 1-2-2V8a2 2 0 0 1 2-2h6\"\/><polyline points=\"15 3 21 3 21 9\"\/><line x1=\"10\" y1=\"14\" x2=\"21\" y2=\"3\"\/><\/svg>\n        Tarkista saatavuus\n      <\/span>\n    <\/a>\n\n    <a class=\"lk-stay-card\" href=\"https:\/\/www.stay22.com\/allez\/roam?aid=lukaskonecny&#038;campaign=loudavymkrokemcz&#038;campaign=fi&#038;campaign=covidetvestrasburku&#038;address=\u0161trasburk\" target=\"_blank\" rel=\"nofollow noopener\">\n      <span class=\"lk-stay-badge badge-nature\">\ud83d\udd0d Hae<\/span>\n      <div class=\"lk-stay-name\">N\u00e4yt\u00e4 kaikki majoitukset Strasbourgissa<\/div>\n      <div class=\"lk-stay-desc\">Tutustu kaikkiin saatavilla oleviin majoitusvaihtoehtoihin Strasbourgissa ja l\u00f6yd\u00e4 paras vaihtoehto mieltymystesi ja budjetisi mukaan.<\/div>\n      <div class=\"lk-stay-meta\">\n        <span class=\"lk-stay-stars\">\u2605\u2605\u2605\u2605<\/span>\n        <span class=\"lk-stay-price\">Vertaa hintoja<\/span>\n      <\/div>\n      <span class=\"lk-stay-cta\">\n        <svg width=\"14\" height=\"14\" viewBox=\"0 0 24 24\" fill=\"none\" stroke=\"currentColor\" stroke-width=\"2\"><path d=\"M18 13v6a2 2 0 0 1-2 2H5a2 2 0 0 1-2-2V8a2 2 0 0 1 2-2h6\"\/><polyline points=\"15 3 21 3 21 9\"\/><line x1=\"10\" y1=\"14\" x2=\"21\" y2=\"3\"\/><\/svg>\n        Tarkista saatavuus\n      <\/span>\n    <\/a>\n\n  <\/div>\n\n  \n<\/div>\n\n\n\n\n<h3 class=\"wp-block-heading\"><span class=\"ez-toc-section\" id=\"10_Euroopan_neuvosto_ja_instituutioiden_kaupunginosa\"><\/span>10. Euroopan neuvosto ja instituutioiden kaupunginosa<span class=\"ez-toc-section-end\"><\/span><\/h3>\n\n\n\n<p class=\"wp-block-paragraph\">Euroopan parlamentti ei todellakaan ole t\u00e4m\u00e4n kaupungin ainoa t\u00e4rke\u00e4 instituutio. Aivan sen v\u00e4litt\u00f6m\u00e4ss\u00e4 l\u00e4heisyydess\u00e4 sijaitsee <strong>vaikuttava Euroopan neuvoston rakennus sek\u00e4 kuuluisa Euroopan ihmisoikeustuomioistuin<\/strong>. Koko t\u00e4m\u00e4 moderni kaupunginosa, joka levitt\u00e4ytyy Ill- ja Marne-jokien hiljaisen yhtym\u00e4kohdan ymp\u00e4rille, on arkkitehtonisesti \u00e4\u00e4rimm\u00e4isen kiinnostava, ja pelkk\u00e4 k\u00e4vely n\u00e4iden lasipalatsien lomassa viritt\u00e4\u00e4 sinut kunnolla tunnelmaan.<\/p>\n\n\n\n<p class=\"wp-block-paragraph\">Itse Euroopan ihmisoikeustuomioistuimen rakennus, jonka suunnitteli maineikas arkkitehti Richard Rogers, <strong>muistuttaa rohkeine muotoineen kahta valtavaa ter\u00e4st\u00e4 valmistettua laivaa joen rannalla<\/strong> ja kuuluu koko Ranskan merkitt\u00e4vimpiin moderneihin rakennuksiin. N\u00e4iden erityisten instituutioiden yksityiskierrokset ovat tosin hankalampia ja vaativat usein etuk\u00e4teist\u00e4 pitk\u00e4llist\u00e4 hyv\u00e4ksynt\u00e4\u00e4, mutta jo pelkk\u00e4 ulkoa katsominen ja k\u00e4vely ymp\u00e4r\u00f6ivill\u00e4 leveill\u00e4 promenadeilla on ehdottomasti vaivan arvoista.<\/p>\n\n\n\n<p class=\"wp-block-paragraph\">Koko t\u00e4t\u00e4 hallinnollista aluetta ymp\u00e4r\u00f6i yll\u00e4tt\u00e4v\u00e4n tihe\u00e4sti vihreys ja vesikanavat, joten <strong>kontrasti tiukan modernin arkkitehtuurin ja rauhallisen luonnon v\u00e4lill\u00e4 on t\u00e4\u00e4ll\u00e4 hyvin voimakas<\/strong>. Se on loistava paikka iltap\u00e4iv\u00e4k\u00e4velylle, kun haluat hetkeksi lev\u00e4ht\u00e4\u00e4 ajoittain vilkkaista historiallisista kujista aivan keskustassa.<\/p>\n\n\n\n<figure data-wp-context=\"{&quot;imageId&quot;:&quot;6a9c4edcefff7&quot;}\" data-wp-interactive=\"core\/image\" data-wp-key=\"6a9c4edcefff7\" class=\"wp-block-image size-full wp-lightbox-container\"><img decoding=\"async\" width=\"1600\" height=\"2400\" data-wp-class--hide=\"state.isContentHidden\" data-wp-class--show=\"state.isContentVisible\" data-wp-init=\"callbacks.setButtonStyles\" data-wp-on--click=\"actions.showLightbox\" data-wp-on--load=\"callbacks.setButtonStyles\" data-wp-on--pointerdown=\"actions.preloadImage\" data-wp-on--pointerenter=\"actions.preloadImageWithDelay\" data-wp-on--pointerleave=\"actions.cancelPreload\" data-wp-on-window--resize=\"callbacks.setButtonStyles\" src=\"https:\/\/loudavymkrokem.cz\/wp-content\/uploads\/2026\/09\/grande-le.jpg\" alt=\"Grande \u00cele (ensimm\u00e4inen Unescoon merkitty kaupunginosa)\" class=\"wp-image-413208\" title=\"\" srcset=\"https:\/\/loudavymkrokem.cz\/wp-content\/uploads\/2026\/09\/grande-le.jpg 1600w, https:\/\/loudavymkrokem.cz\/wp-content\/uploads\/2026\/09\/grande-le-200x300.jpg 200w, https:\/\/loudavymkrokem.cz\/wp-content\/uploads\/2026\/09\/grande-le-700x1050.jpg 700w, https:\/\/loudavymkrokem.cz\/wp-content\/uploads\/2026\/09\/grande-le-768x1152.jpg 768w, https:\/\/loudavymkrokem.cz\/wp-content\/uploads\/2026\/09\/grande-le-1024x1536.jpg 1024w, https:\/\/loudavymkrokem.cz\/wp-content\/uploads\/2026\/09\/grande-le-1365x2048.jpg 1365w, https:\/\/loudavymkrokem.cz\/wp-content\/uploads\/2026\/09\/grande-le-696x1044.jpg 696w, https:\/\/loudavymkrokem.cz\/wp-content\/uploads\/2026\/09\/grande-le-1392x2088.jpg 1392w\" sizes=\"(max-width: 1600px) 100vw, 1600px\" \/><button\n\t\t\tclass=\"lightbox-trigger\"\n\t\t\ttype=\"button\"\n\t\t\taria-haspopup=\"dialog\"\n\t\t\tdata-wp-bind--aria-label=\"state.thisImage.triggerButtonAriaLabel\"\n\t\t\tdata-wp-init=\"callbacks.initTriggerButton\"\n\t\t\tdata-wp-on--click=\"actions.showLightbox\"\n\t\t\tdata-wp-style--right=\"state.thisImage.buttonRight\"\n\t\t\tdata-wp-style--top=\"state.thisImage.buttonTop\"\n\t\t>\n\t\t\t<svg xmlns=\"http:\/\/www.w3.org\/2000\/svg\" width=\"12\" height=\"12\" fill=\"none\" viewBox=\"0 0 12 12\">\n\t\t\t\t<path fill=\"#fff\" d=\"M2 0a2 2 0 0 0-2 2v2h1.5V2a.5.5 0 0 1 .5-.5h2V0H2Zm2 10.5H2a.5.5 0 0 1-.5-.5V8H0v2a2 2 0 0 0 2 2h2v-1.5ZM8 12v-1.5h2a.5.5 0 0 0 .5-.5V8H12v2a2 2 0 0 1-2 2H8Zm2-12a2 2 0 0 1 2 2v2h-1.5V2a.5.5 0 0 0-.5-.5H8V0h2Z\" \/>\n\t\t\t<\/svg>\n\t\t<\/button><figcaption class=\"wp-element-caption\">Foto: Alberto Belli \/ Google Maps<\/figcaption><\/figure>\n\n\n\n<h3 class=\"wp-block-heading\"><span class=\"ez-toc-section\" id=\"11_Grande_Ile_ensimmainen_Unescoon_merkitty_kaupunginosa\"><\/span>11. Grande \u00cele (ensimm\u00e4inen Unescoon merkitty kaupunginosa)<span class=\"ez-toc-section-end\"><\/span><\/h3>\n\n\n\n<p class=\"wp-block-paragraph\">Strasbourgin historiallinen ydin levitt\u00e4ytyy upealle Grande \u00cele -saarelle, jota Ill-joen kaksi haaraa laiskasti kiert\u00e4\u00e4. T\u00e4m\u00e4 saari on aivan maailmanlaajuinen ainutlaatuisuus, sill\u00e4 <strong>vuonna 1988 se merkittiin Unescon maailmanperint\u00f6luetteloon aivan ensimm\u00e4isen\u00e4 kokonaisena kaupunginosana<\/strong> historiassa. Eik\u00e4 siin\u00e4 ole mit\u00e4\u00e4n ihmetelt\u00e4v\u00e4\u00e4, sill\u00e4 upeiden historiallisten n\u00e4ht\u00e4vyyksien keskittym\u00e4 n\u00e4in pienell\u00e4 alueella on t\u00e4\u00e4ll\u00e4 todella aivan poikkeuksellinen.<\/p>\n\n\n\n<p class=\"wp-block-paragraph\">K\u00e4velless\u00e4si hitaasti saaren halki t\u00f6rm\u00e4\u00e4t t\u00e4ydelliseen n\u00e4ytteeseen siit\u00e4, kuinka kaupunki kehittyi sujuvasti keskiajalta renessanssin kautta aina siistiin klassismiin. <strong>Talot, joilla on ep\u00e4tavallisen korkeat, jyrk\u00e4t katot ja lukuisat lapeikkunat, jotka alun perin palvelivat el\u00e4inten nahkojen kuivaamista ja viljan varastointia<\/strong>, vuorottelevat komeiden palatsien ja vieh\u00e4tt\u00e4vien piilotettujen pikkuaukioiden kanssa. Kaikki on lis\u00e4ksi yhdistetty kapeiden kivetettyjen kujien verkostolla, jotka suorastaan houkuttelevat p\u00e4\u00e4m\u00e4\u00e4r\u00e4tt\u00f6m\u00e4\u00e4n romanttiseen vaeltamiseen.<\/p>\n\n\n\n<p class=\"wp-block-paragraph\">Paras tapa tutkia saari on l\u00e4hte\u00e4 yksinkertaisesti ilman suunnitelmaa. T\u00e4\u00e4ll\u00e4 ei oikeastaan voi edes eksy\u00e4. <strong>Joka kulmassa l\u00f6yd\u00e4t jonkin mielenkiintoisen arkkitehtonisen yksityiskohdan<\/strong>, piilotetun vihre\u00e4n sis\u00e4pihan tai pienen leipomon, joka tuoksuu vastaleivotulta leiv\u00e4lt\u00e4. Koko saaren voi kiert\u00e4\u00e4 mukavasti jalan yhden miellytt\u00e4v\u00e4n iltap\u00e4iv\u00e4n aikana.<\/p>\n\n\n\n<figure data-wp-context=\"{&quot;imageId&quot;:&quot;6a9c4edcf05be&quot;}\" data-wp-interactive=\"core\/image\" data-wp-key=\"6a9c4edcf05be\" class=\"wp-block-image size-full wp-lightbox-container\"><img decoding=\"async\" width=\"1440\" height=\"1080\" data-wp-class--hide=\"state.isContentHidden\" data-wp-class--show=\"state.isContentVisible\" data-wp-init=\"callbacks.setButtonStyles\" data-wp-on--click=\"actions.showLightbox\" data-wp-on--load=\"callbacks.setButtonStyles\" data-wp-on--pointerdown=\"actions.preloadImage\" data-wp-on--pointerenter=\"actions.preloadImageWithDelay\" data-wp-on--pointerleave=\"actions.cancelPreload\" data-wp-on-window--resize=\"callbacks.setButtonStyles\" src=\"https:\/\/loudavymkrokem.cz\/wp-content\/uploads\/2026\/09\/neustadt.jpg\" alt=\"Neustadt (saksalainen keisarillinen kaupunginosa)\" class=\"wp-image-413212\" title=\"\" srcset=\"https:\/\/loudavymkrokem.cz\/wp-content\/uploads\/2026\/09\/neustadt.jpg 1440w, https:\/\/loudavymkrokem.cz\/wp-content\/uploads\/2026\/09\/neustadt-300x225.jpg 300w, https:\/\/loudavymkrokem.cz\/wp-content\/uploads\/2026\/09\/neustadt-700x525.jpg 700w, https:\/\/loudavymkrokem.cz\/wp-content\/uploads\/2026\/09\/neustadt-768x576.jpg 768w, https:\/\/loudavymkrokem.cz\/wp-content\/uploads\/2026\/09\/neustadt-80x60.jpg 80w, https:\/\/loudavymkrokem.cz\/wp-content\/uploads\/2026\/09\/neustadt-160x120.jpg 160w, https:\/\/loudavymkrokem.cz\/wp-content\/uploads\/2026\/09\/neustadt-696x522.jpg 696w, https:\/\/loudavymkrokem.cz\/wp-content\/uploads\/2026\/09\/neustadt-1392x1044.jpg 1392w\" sizes=\"(max-width: 1440px) 100vw, 1440px\" \/><button\n\t\t\tclass=\"lightbox-trigger\"\n\t\t\ttype=\"button\"\n\t\t\taria-haspopup=\"dialog\"\n\t\t\tdata-wp-bind--aria-label=\"state.thisImage.triggerButtonAriaLabel\"\n\t\t\tdata-wp-init=\"callbacks.initTriggerButton\"\n\t\t\tdata-wp-on--click=\"actions.showLightbox\"\n\t\t\tdata-wp-style--right=\"state.thisImage.buttonRight\"\n\t\t\tdata-wp-style--top=\"state.thisImage.buttonTop\"\n\t\t>\n\t\t\t<svg xmlns=\"http:\/\/www.w3.org\/2000\/svg\" width=\"12\" height=\"12\" fill=\"none\" viewBox=\"0 0 12 12\">\n\t\t\t\t<path fill=\"#fff\" d=\"M2 0a2 2 0 0 0-2 2v2h1.5V2a.5.5 0 0 1 .5-.5h2V0H2Zm2 10.5H2a.5.5 0 0 1-.5-.5V8H0v2a2 2 0 0 0 2 2h2v-1.5ZM8 12v-1.5h2a.5.5 0 0 0 .5-.5V8H12v2a2 2 0 0 1-2 2H8Zm2-12a2 2 0 0 1 2 2v2h-1.5V2a.5.5 0 0 0-.5-.5H8V0h2Z\" \/>\n\t\t\t<\/svg>\n\t\t<\/button><figcaption class=\"wp-element-caption\">Foto: M. E. \/ Google Maps<\/figcaption><\/figure>\n\n\n\n<h3 class=\"wp-block-heading\"><span class=\"ez-toc-section\" id=\"12_Neustadt_saksalainen_keisarillinen_kaupunginosa\"><\/span>12. Neustadt (saksalainen keisarillinen kaupunginosa)<span class=\"ez-toc-section-end\"><\/span><\/h3>\n\n\n\n<p class=\"wp-block-paragraph\">Sen j\u00e4lkeen, kun kaupunki liitettiin 1800-luvun lopulla pakolla Saksan valtakuntaan, saksalaiset p\u00e4\u00e4ttiv\u00e4t rakentaa aivan uuden, eritt\u00e4in edustavan kaupunginosan, joka n\u00e4ytt\u00e4isi heid\u00e4n silloisen valtansa ja mittaamattoman rikkautensa. N\u00e4in syntyi Neustadt eli Uusikaupunki, joka <strong>vuodesta 2017 l\u00e4htien on ollut arvostetun Unesco-merkinn\u00e4n seuraava virallinen laajennus<\/strong>. T\u00e4m\u00e4 kaupunginosa muodostaa aivan t\u00e4ydellisen ja kiehtovan vastakohdan vanhankaupungin kapeille kujille.<\/p>\n\n\n\n<p class=\"wp-block-paragraph\">T\u00e4\u00e4lt\u00e4 l\u00f6yd\u00e4t <strong>valtavia ja hyvin leveit\u00e4 bulevardeja, joita reunustavat korkeat puut, j\u00e4ttim\u00e4isi\u00e4 py\u00f6reit\u00e4 aukioita ja monumentaalisia julkisia rakennuksia<\/strong>, jotka on rakennettu erikoiseen uusgotiikan, uusrenessanssin ja koristeellisen jugendin sekoitukseen. Koko t\u00e4m\u00e4n komean kaupunginosan p\u00e4\u00e4keskus on Place de la R\u00e9publique -aukio Kansallisteatterin rakennuksen ja henke\u00e4salpaavan yliopistokirjaston kanssa.<\/p>\n\n\n\n<p class=\"wp-block-paragraph\">K\u00e4vely t\u00e4ss\u00e4 rauhallisessa kaupunginosassa <strong>havainnollistaa sinulle t\u00e4ydellisesti tuon usein mainitun Strasbourgin kaksoisidentiteetin<\/strong>, kun siirryt tyypillisest\u00e4 ranskalaisesta keskiajasta esimerkilliseen saksalaiseen 1800-luvun lopun kaupunkisuunnitteluun. Monilla asuintaloilla on t\u00e4\u00e4ll\u00e4 upeat jugendjulkisivut rikkaine kukkakoristeineen, jotka ovat ehdottomasti l\u00e4hemm\u00e4n tarkastelun arvoisia kamera k\u00e4dess\u00e4.<\/p>\n\n\n\n<figure data-wp-context=\"{&quot;imageId&quot;:&quot;6a9c4edcf0e77&quot;}\" data-wp-interactive=\"core\/image\" data-wp-key=\"6a9c4edcf0e77\" class=\"wp-block-image size-full wp-lightbox-container\"><img decoding=\"async\" width=\"1600\" height=\"1200\" data-wp-class--hide=\"state.isContentHidden\" data-wp-class--show=\"state.isContentVisible\" data-wp-init=\"callbacks.setButtonStyles\" data-wp-on--click=\"actions.showLightbox\" data-wp-on--load=\"callbacks.setButtonStyles\" data-wp-on--pointerdown=\"actions.preloadImage\" data-wp-on--pointerenter=\"actions.preloadImageWithDelay\" data-wp-on--pointerleave=\"actions.cancelPreload\" data-wp-on-window--resize=\"callbacks.setButtonStyles\" src=\"https:\/\/loudavymkrokem.cz\/wp-content\/uploads\/2026\/09\/place-kl-ber.jpg\" alt=\"Place Kl\u00e9ber\" class=\"wp-image-413217\" title=\"\" srcset=\"https:\/\/loudavymkrokem.cz\/wp-content\/uploads\/2026\/09\/place-kl-ber.jpg 1600w, https:\/\/loudavymkrokem.cz\/wp-content\/uploads\/2026\/09\/place-kl-ber-300x225.jpg 300w, https:\/\/loudavymkrokem.cz\/wp-content\/uploads\/2026\/09\/place-kl-ber-700x525.jpg 700w, https:\/\/loudavymkrokem.cz\/wp-content\/uploads\/2026\/09\/place-kl-ber-768x576.jpg 768w, https:\/\/loudavymkrokem.cz\/wp-content\/uploads\/2026\/09\/place-kl-ber-1536x1152.jpg 1536w, https:\/\/loudavymkrokem.cz\/wp-content\/uploads\/2026\/09\/place-kl-ber-80x60.jpg 80w, https:\/\/loudavymkrokem.cz\/wp-content\/uploads\/2026\/09\/place-kl-ber-160x120.jpg 160w, https:\/\/loudavymkrokem.cz\/wp-content\/uploads\/2026\/09\/place-kl-ber-696x522.jpg 696w, https:\/\/loudavymkrokem.cz\/wp-content\/uploads\/2026\/09\/place-kl-ber-1392x1044.jpg 1392w\" sizes=\"(max-width: 1600px) 100vw, 1600px\" \/><button\n\t\t\tclass=\"lightbox-trigger\"\n\t\t\ttype=\"button\"\n\t\t\taria-haspopup=\"dialog\"\n\t\t\tdata-wp-bind--aria-label=\"state.thisImage.triggerButtonAriaLabel\"\n\t\t\tdata-wp-init=\"callbacks.initTriggerButton\"\n\t\t\tdata-wp-on--click=\"actions.showLightbox\"\n\t\t\tdata-wp-style--right=\"state.thisImage.buttonRight\"\n\t\t\tdata-wp-style--top=\"state.thisImage.buttonTop\"\n\t\t>\n\t\t\t<svg xmlns=\"http:\/\/www.w3.org\/2000\/svg\" width=\"12\" height=\"12\" fill=\"none\" viewBox=\"0 0 12 12\">\n\t\t\t\t<path fill=\"#fff\" d=\"M2 0a2 2 0 0 0-2 2v2h1.5V2a.5.5 0 0 1 .5-.5h2V0H2Zm2 10.5H2a.5.5 0 0 1-.5-.5V8H0v2a2 2 0 0 0 2 2h2v-1.5ZM8 12v-1.5h2a.5.5 0 0 0 .5-.5V8H12v2a2 2 0 0 1-2 2H8Zm2-12a2 2 0 0 1 2 2v2h-1.5V2a.5.5 0 0 0-.5-.5H8V0h2Z\" \/>\n\t\t\t<\/svg>\n\t\t<\/button><figcaption class=\"wp-element-caption\">Foto: Curzio Pinnelli \/ Google Maps<\/figcaption><\/figure>\n\n\n\n<h3 class=\"wp-block-heading\"><span class=\"ez-toc-section\" id=\"13_Place_Kleber\"><\/span>13. Place Kl\u00e9ber<span class=\"ez-toc-section-end\"><\/span><\/h3>\n\n\n\n<p class=\"wp-block-paragraph\">Koko kaupungin keskustan p\u00e4\u00e4- ja pinta-alaltaan suurin aukio on Place Kl\u00e9ber, joka toimii luotettavasti kaikkien paikallisten asukkaiden luontaisena kohtaamispaikkana. Koko valtava tila toimii <strong>laajana k\u00e4velyalueena, jota ymp\u00e4r\u00f6iv\u00e4t kauniit historialliset rakennukset<\/strong>, joissa nyky\u00e4\u00e4n sijaitsevat maailman ylellisten merkkien liikkeet, tilavat kahvilat ja arvostetut ravintolat. Aukio on nimetty kuuluisan kenraalin Jean-Baptiste Kl\u00e9berin mukaan, jonka pronssipatsas seisoo aivan keskell\u00e4 ja jonka alle on jopa haudattu h\u00e4nen todelliset j\u00e4\u00e4nn\u00f6ksens\u00e4.<\/p>\n\n\n\n<p class=\"wp-block-paragraph\">T\u00e4m\u00e4 aukio on todella koko vuoden t\u00e4ynn\u00e4 hiipumatonta el\u00e4m\u00e4\u00e4. Paikalliset tulevat t\u00e4nne ostoksille, istahtamaan iltap\u00e4iv\u00e4kahville tai seuraamaan mit\u00e4 moninaisimpia katutaiteilijoita. <strong>Aukion kaunein rakennus on ep\u00e4ilem\u00e4tt\u00e4 Aubette<\/strong>, 1700-luvun klassistinen palatsi, joka aikoinaan toimi sotilasvartiona ja k\u00e4tkee nyky\u00e4\u00e4n sis\u00e4\u00e4ns\u00e4 ostosgallerian sek\u00e4 historialliset salit ainutlaatuisine avantgardistisine koristeineen 1900-luvun kaksikymment\u00e4luvulta.<\/p>\n\n\n\n<p class=\"wp-block-paragraph\">Adventtiaikana aukio muuttuu taianomaisesti tapahtumien keskipisteeksi, sill\u00e4 juuri <strong>t\u00e4nne pystytet\u00e4\u00e4n suurella juhlallisuudella j\u00e4ttim\u00e4inen, upeasti koristeltu joulukuusi<\/strong>, joka on yksi koko kaupungin suurimpia symboleja. My\u00f6s adventin ulkopuolella t\u00e4\u00e4ll\u00e4 nautit kuitenkin t\u00e4ysin siemauksin sykkiv\u00e4n ja modernin eurooppalaisen suurkaupungin loistavasta tunnelmasta.<\/p>\n\n\n\n<figure data-wp-context=\"{&quot;imageId&quot;:&quot;6a9c4edcf1481&quot;}\" data-wp-interactive=\"core\/image\" data-wp-key=\"6a9c4edcf1481\" class=\"wp-block-image size-full wp-lightbox-container\"><img decoding=\"async\" width=\"1600\" height=\"1200\" data-wp-class--hide=\"state.isContentHidden\" data-wp-class--show=\"state.isContentVisible\" data-wp-init=\"callbacks.setButtonStyles\" data-wp-on--click=\"actions.showLightbox\" data-wp-on--load=\"callbacks.setButtonStyles\" data-wp-on--pointerdown=\"actions.preloadImage\" data-wp-on--pointerenter=\"actions.preloadImageWithDelay\" data-wp-on--pointerleave=\"actions.cancelPreload\" data-wp-on-window--resize=\"callbacks.setButtonStyles\" src=\"https:\/\/loudavymkrokem.cz\/wp-content\/uploads\/2026\/09\/parc-de-l-orangerie.jpg\" alt=\"Parc de l&#039;Orangerie\" class=\"wp-image-413221\" title=\"\" srcset=\"https:\/\/loudavymkrokem.cz\/wp-content\/uploads\/2026\/09\/parc-de-l-orangerie.jpg 1600w, https:\/\/loudavymkrokem.cz\/wp-content\/uploads\/2026\/09\/parc-de-l-orangerie-300x225.jpg 300w, https:\/\/loudavymkrokem.cz\/wp-content\/uploads\/2026\/09\/parc-de-l-orangerie-700x525.jpg 700w, https:\/\/loudavymkrokem.cz\/wp-content\/uploads\/2026\/09\/parc-de-l-orangerie-768x576.jpg 768w, https:\/\/loudavymkrokem.cz\/wp-content\/uploads\/2026\/09\/parc-de-l-orangerie-1536x1152.jpg 1536w, https:\/\/loudavymkrokem.cz\/wp-content\/uploads\/2026\/09\/parc-de-l-orangerie-80x60.jpg 80w, https:\/\/loudavymkrokem.cz\/wp-content\/uploads\/2026\/09\/parc-de-l-orangerie-160x120.jpg 160w, https:\/\/loudavymkrokem.cz\/wp-content\/uploads\/2026\/09\/parc-de-l-orangerie-696x522.jpg 696w, https:\/\/loudavymkrokem.cz\/wp-content\/uploads\/2026\/09\/parc-de-l-orangerie-1392x1044.jpg 1392w\" sizes=\"(max-width: 1600px) 100vw, 1600px\" \/><button\n\t\t\tclass=\"lightbox-trigger\"\n\t\t\ttype=\"button\"\n\t\t\taria-haspopup=\"dialog\"\n\t\t\tdata-wp-bind--aria-label=\"state.thisImage.triggerButtonAriaLabel\"\n\t\t\tdata-wp-init=\"callbacks.initTriggerButton\"\n\t\t\tdata-wp-on--click=\"actions.showLightbox\"\n\t\t\tdata-wp-style--right=\"state.thisImage.buttonRight\"\n\t\t\tdata-wp-style--top=\"state.thisImage.buttonTop\"\n\t\t>\n\t\t\t<svg xmlns=\"http:\/\/www.w3.org\/2000\/svg\" width=\"12\" height=\"12\" fill=\"none\" viewBox=\"0 0 12 12\">\n\t\t\t\t<path fill=\"#fff\" d=\"M2 0a2 2 0 0 0-2 2v2h1.5V2a.5.5 0 0 1 .5-.5h2V0H2Zm2 10.5H2a.5.5 0 0 1-.5-.5V8H0v2a2 2 0 0 0 2 2h2v-1.5ZM8 12v-1.5h2a.5.5 0 0 0 .5-.5V8H12v2a2 2 0 0 1-2 2H8Zm2-12a2 2 0 0 1 2 2v2h-1.5V2a.5.5 0 0 0-.5-.5H8V0h2Z\" \/>\n\t\t\t<\/svg>\n\t\t<\/button><figcaption class=\"wp-element-caption\">Foto: dante coccia \/ Google Maps<\/figcaption><\/figure>\n\n\n\n<h3 class=\"wp-block-heading\"><span class=\"ez-toc-section\" id=\"14_Parc_de_lOrangerie\"><\/span>14. Parc de l&#8217;Orangerie<span class=\"ez-toc-section-end\"><\/span><\/h3>\n\n\n\n<p class=\"wp-block-paragraph\">Jos haluat lev\u00e4ht\u00e4\u00e4 hetkeksi suurkaupungin melusta ja ammentaa uutta energiaa luonnossa, suuntaa Parc de l&#8217;Orangerieen. T\u00e4m\u00e4 henke\u00e4salpaava 1600-luvulta per\u00e4isin oleva puisto on <strong>kaupungin suurin ja kaikkein vanhin puisto<\/strong>, ja se sijaitsee aivan modernin eurooppalaisen kaupunginosan l\u00e4heisyydess\u00e4. Alun perin t\u00e4\u00e4ll\u00e4 kasvatettiin harvinaisia appelsiinipuita. Kukapa olisi arvannut, ett\u00e4 siit\u00e4 syntyisi viel\u00e4 kaupungin suurin puisto.<\/p>\n\n\n\n<p class=\"wp-block-paragraph\">Nyky\u00e4\u00e4n se on valtava ja huolellisesti hoidettu vihre\u00e4 keidas laajoine j\u00e4rvineen, jossa <strong>voit l\u00e4mpimin\u00e4 kes\u00e4kuukausina vuokrata pienen veneen ja soudella rauhallisella vedenpinnalla<\/strong>. Puiston l\u00e4pi kulkee tihe\u00e4 verkosto leveit\u00e4 hiekkapolkuja, ja t\u00e4\u00e4ll\u00e4 t\u00f6rm\u00e4\u00e4t kauniisiin kukkapenkkeihin, solisevaan suihkul\u00e4hteeseen ja jopa pieneen el\u00e4intarhaan. Puiston keskell\u00e4 olevassa paviljongissa on lis\u00e4ksi ylellinen ravintola kauniine terasseineen juhlalounasta varten.<\/p>\n\n\n\n<p class=\"wp-block-paragraph\">\ud83d\udca1 Vinkki: Puisto on my\u00f6s kodiksi valtavalle m\u00e4\u00e4r\u00e4lle villihaikaroita, jotka ovat koko Alsacen el\u00e4insymboli. <strong>Voit tarkkailla niit\u00e4 t\u00e4\u00e4ll\u00e4 vapaasti, kun ne rakentavat valtavia pesi\u00e4\u00e4n korkealle korkeiden puiden latvoihin<\/strong>, mik\u00e4 on el\u00e4mys, joka takuulla ihastuttaa paitsi pikkulapsia my\u00f6s aikuisia k\u00e4vij\u00f6it\u00e4.<\/p>\n\n\n\n<figure data-wp-context=\"{&quot;imageId&quot;:&quot;6a9c4edcf1af7&quot;}\" data-wp-interactive=\"core\/image\" data-wp-key=\"6a9c4edcf1af7\" class=\"wp-block-image size-full wp-lightbox-container\"><img decoding=\"async\" width=\"1600\" height=\"1183\" data-wp-class--hide=\"state.isContentHidden\" data-wp-class--show=\"state.isContentVisible\" data-wp-init=\"callbacks.setButtonStyles\" data-wp-on--click=\"actions.showLightbox\" data-wp-on--load=\"callbacks.setButtonStyles\" data-wp-on--pointerdown=\"actions.preloadImage\" data-wp-on--pointerenter=\"actions.preloadImageWithDelay\" data-wp-on--pointerleave=\"actions.cancelPreload\" data-wp-on-window--resize=\"callbacks.setButtonStyles\" src=\"https:\/\/loudavymkrokem.cz\/wp-content\/uploads\/2026\/09\/parc-de-l-toile.jpg\" alt=\"Parc de l&#039;\u00c9toile\" class=\"wp-image-413224\" title=\"\" srcset=\"https:\/\/loudavymkrokem.cz\/wp-content\/uploads\/2026\/09\/parc-de-l-toile.jpg 1600w, https:\/\/loudavymkrokem.cz\/wp-content\/uploads\/2026\/09\/parc-de-l-toile-300x222.jpg 300w, https:\/\/loudavymkrokem.cz\/wp-content\/uploads\/2026\/09\/parc-de-l-toile-700x518.jpg 700w, https:\/\/loudavymkrokem.cz\/wp-content\/uploads\/2026\/09\/parc-de-l-toile-768x568.jpg 768w, https:\/\/loudavymkrokem.cz\/wp-content\/uploads\/2026\/09\/parc-de-l-toile-1536x1136.jpg 1536w, https:\/\/loudavymkrokem.cz\/wp-content\/uploads\/2026\/09\/parc-de-l-toile-80x60.jpg 80w, https:\/\/loudavymkrokem.cz\/wp-content\/uploads\/2026\/09\/parc-de-l-toile-696x515.jpg 696w, https:\/\/loudavymkrokem.cz\/wp-content\/uploads\/2026\/09\/parc-de-l-toile-1392x1029.jpg 1392w\" sizes=\"(max-width: 1600px) 100vw, 1600px\" \/><button\n\t\t\tclass=\"lightbox-trigger\"\n\t\t\ttype=\"button\"\n\t\t\taria-haspopup=\"dialog\"\n\t\t\tdata-wp-bind--aria-label=\"state.thisImage.triggerButtonAriaLabel\"\n\t\t\tdata-wp-init=\"callbacks.initTriggerButton\"\n\t\t\tdata-wp-on--click=\"actions.showLightbox\"\n\t\t\tdata-wp-style--right=\"state.thisImage.buttonRight\"\n\t\t\tdata-wp-style--top=\"state.thisImage.buttonTop\"\n\t\t>\n\t\t\t<svg xmlns=\"http:\/\/www.w3.org\/2000\/svg\" width=\"12\" height=\"12\" fill=\"none\" viewBox=\"0 0 12 12\">\n\t\t\t\t<path fill=\"#fff\" d=\"M2 0a2 2 0 0 0-2 2v2h1.5V2a.5.5 0 0 1 .5-.5h2V0H2Zm2 10.5H2a.5.5 0 0 1-.5-.5V8H0v2a2 2 0 0 0 2 2h2v-1.5ZM8 12v-1.5h2a.5.5 0 0 0 .5-.5V8H12v2a2 2 0 0 1-2 2H8Zm2-12a2 2 0 0 1 2 2v2h-1.5V2a.5.5 0 0 0-.5-.5H8V0h2Z\" \/>\n\t\t\t<\/svg>\n\t\t<\/button><figcaption class=\"wp-element-caption\">Foto: Zulfikar CEKIC \/ Google Maps<\/figcaption><\/figure>\n\n\n\n<h3 class=\"wp-block-heading\"><span class=\"ez-toc-section\" id=\"15_Parc_de_lEtoile\"><\/span>15. Parc de l&#8217;\u00c9toile<span class=\"ez-toc-section-end\"><\/span><\/h3>\n\n\n\n<p class=\"wp-block-paragraph\">Toinen hyvin kiinnostava vihre\u00e4 alue, joka on ehdottomasti vierailun arvoinen, on Parc de l&#8217;\u00c9toile. Klassisen ja tiukan symmetrisen ranskalaisen Orangerie-puiston tyyliin verrattuna t\u00e4m\u00e4 tila on suunniteltu paljon vapaammin ja modernimmin. <strong>T\u00e4\u00e4lt\u00e4 l\u00f6yd\u00e4t laajoja ruohoisia kukkuloita, puisia siltoja ja leveit\u00e4 polkuja, jotka reunustavat vesikanavia<\/strong>, mik\u00e4 tekee siit\u00e4 \u00e4\u00e4rimm\u00e4isen suositun paikan piknikeille ja l\u00e4heisen yliopiston opiskelijoiden iltap\u00e4iv\u00e4rentoutumiselle.<\/p>\n\n\n\n<p class=\"wp-block-paragraph\">Yksi t\u00e4m\u00e4n puiston t\u00e4rkeimmist\u00e4 taiteellisista n\u00e4ht\u00e4vyyksist\u00e4 on <strong>Mahatma Gandhin pronssipatsas<\/strong>, jonka Intian hallitus virallisesti lahjoitti kaupungille pysyv\u00e4n\u00e4 rauhan ja v\u00e4kivallattomuuden symbolina. Puisto toimii loistavana ja vihre\u00e4n\u00e4 yhdyssiteen\u00e4 kaupungin historiallisen keskustan ja modernimpien etel\u00e4isten kaupunginosien v\u00e4lill\u00e4, ja lukuisten sijoiteltujen penkkien ansiosta se tarjoaa hyvin miellytt\u00e4v\u00e4n lev\u00e4hdyspaikan.<\/p>\n\n\n\n<p class=\"wp-block-paragraph\">Koko alue on my\u00f6s hyvin suosittu paikallisten py\u00f6r\u00e4ilij\u00f6iden ja juoksijoiden keskuudessa, sill\u00e4 t\u00e4\u00e4lt\u00e4 voit sujuvasti liitty\u00e4 laajaan hoidettujen py\u00f6r\u00e4teiden verkostoon, jotka johtavat vesikanavien vartta pitkin kauas kaupungin rajojen ulkopuolelle. <strong>Jos suunnittelet vuokraavasi kaupungissa py\u00f6r\u00e4n, suosittelen sinulle ehdottomasti aloittamaan ajelusi juuri t\u00e4\u00e4lt\u00e4<\/strong>.<\/p>\n\n\n\n<figure data-wp-context=\"{&quot;imageId&quot;:&quot;6a9c4edcf1eec&quot;}\" data-wp-interactive=\"core\/image\" data-wp-key=\"6a9c4edcf1eec\" class=\"wp-block-image size-full wp-lightbox-container\"><img decoding=\"async\" width=\"1600\" height=\"1200\" data-wp-class--hide=\"state.isContentHidden\" data-wp-class--show=\"state.isContentVisible\" data-wp-init=\"callbacks.setButtonStyles\" data-wp-on--click=\"actions.showLightbox\" data-wp-on--load=\"callbacks.setButtonStyles\" data-wp-on--pointerdown=\"actions.preloadImage\" data-wp-on--pointerenter=\"actions.preloadImageWithDelay\" data-wp-on--pointerleave=\"actions.cancelPreload\" data-wp-on-window--resize=\"callbacks.setButtonStyles\" src=\"https:\/\/loudavymkrokem.cz\/wp-content\/uploads\/2026\/09\/palais-rohan.jpg\" alt=\"Palais Rohan\" class=\"wp-image-413228\" title=\"\" srcset=\"https:\/\/loudavymkrokem.cz\/wp-content\/uploads\/2026\/09\/palais-rohan.jpg 1600w, https:\/\/loudavymkrokem.cz\/wp-content\/uploads\/2026\/09\/palais-rohan-300x225.jpg 300w, https:\/\/loudavymkrokem.cz\/wp-content\/uploads\/2026\/09\/palais-rohan-700x525.jpg 700w, https:\/\/loudavymkrokem.cz\/wp-content\/uploads\/2026\/09\/palais-rohan-768x576.jpg 768w, https:\/\/loudavymkrokem.cz\/wp-content\/uploads\/2026\/09\/palais-rohan-1536x1152.jpg 1536w, https:\/\/loudavymkrokem.cz\/wp-content\/uploads\/2026\/09\/palais-rohan-80x60.jpg 80w, https:\/\/loudavymkrokem.cz\/wp-content\/uploads\/2026\/09\/palais-rohan-160x120.jpg 160w, https:\/\/loudavymkrokem.cz\/wp-content\/uploads\/2026\/09\/palais-rohan-696x522.jpg 696w, https:\/\/loudavymkrokem.cz\/wp-content\/uploads\/2026\/09\/palais-rohan-1392x1044.jpg 1392w\" sizes=\"(max-width: 1600px) 100vw, 1600px\" \/><button\n\t\t\tclass=\"lightbox-trigger\"\n\t\t\ttype=\"button\"\n\t\t\taria-haspopup=\"dialog\"\n\t\t\tdata-wp-bind--aria-label=\"state.thisImage.triggerButtonAriaLabel\"\n\t\t\tdata-wp-init=\"callbacks.initTriggerButton\"\n\t\t\tdata-wp-on--click=\"actions.showLightbox\"\n\t\t\tdata-wp-style--right=\"state.thisImage.buttonRight\"\n\t\t\tdata-wp-style--top=\"state.thisImage.buttonTop\"\n\t\t>\n\t\t\t<svg xmlns=\"http:\/\/www.w3.org\/2000\/svg\" width=\"12\" height=\"12\" fill=\"none\" viewBox=\"0 0 12 12\">\n\t\t\t\t<path fill=\"#fff\" d=\"M2 0a2 2 0 0 0-2 2v2h1.5V2a.5.5 0 0 1 .5-.5h2V0H2Zm2 10.5H2a.5.5 0 0 1-.5-.5V8H0v2a2 2 0 0 0 2 2h2v-1.5ZM8 12v-1.5h2a.5.5 0 0 0 .5-.5V8H12v2a2 2 0 0 1-2 2H8Zm2-12a2 2 0 0 1 2 2v2h-1.5V2a.5.5 0 0 0-.5-.5H8V0h2Z\" \/>\n\t\t\t<\/svg>\n\t\t<\/button><figcaption class=\"wp-element-caption\">Foto: Kent Wang \/ Google Maps<\/figcaption><\/figure>\n\n\n\n<h3 class=\"wp-block-heading\"><span class=\"ez-toc-section\" id=\"16_Palais_Rohan\"><\/span>16. Palais Rohan<span class=\"ez-toc-section-end\"><\/span><\/h3>\n\n\n\n<p class=\"wp-block-paragraph\">Vain v\u00e4h\u00e4isen matkan p\u00e4\u00e4ss\u00e4 p\u00e4\u00e4katedraalista kohoaa majesteettisesti <a href=\"https:\/\/en.musees.strasbourg.eu\/palais-rohan\" target=\"_blank\" rel=\"nofollow noopener\">Palais Rohan<\/a>, upea ja laaja 1700-luvun barokkipalatsi, joka aikoinaan toimi Strasbourgin piispojen komeana asuntona hyvin vaikutusvaltaisesta Rohanien suvusta. <strong>T\u00e4t\u00e4 huikaisevaa rakennusta verrataan kauneutensa vuoksi usein pariisilaisiin palatseihin<\/strong>, ja sen jalo julkisivu, joka heijastuu Ill-joen vesiin, kuuluu kaupungin aivan kauneimpiin n\u00e4kymiin.<\/p>\n\n\n\n<p class=\"wp-block-paragraph\">Nyky\u00e4\u00e4n t\u00e4m\u00e4 valtava palatsi on kodiksi per\u00e4ti kolmelle merkitt\u00e4v\u00e4lle kaupunginmuseolle, joten kaikki taiteen ja syv\u00e4n historian yst\u00e4v\u00e4t l\u00f6yt\u00e4v\u00e4t t\u00e4\u00e4lt\u00e4 takuulla omansa. <strong>Pohjakerroksessa sijaitsee koristetaiteen museo kauniisti s\u00e4ilyneine alkuper\u00e4isine piispankammioineen<\/strong>, kellarikerroksesta l\u00f6yd\u00e4t laajan arkeologisen museon ja ensimm\u00e4isess\u00e4 kerroksessa on kuvataidemuseo vaikuttavine klassisen eurooppalaisen maalaustaiteen kokoelmineen.<\/p>\n\n\n\n<p class=\"wp-block-paragraph\">Vaikka et olisikaan suuri pitkien ja vaativien museokierrosten fani, k\u00e4y ainakin katsomassa keskusaukio, sinne on ilmainen p\u00e4\u00e4sy ja julkisivu on vaivan arvoinen. Voit ihailla siell\u00e4 rauhassa klassisen ranskalaisen palatsiarkkitehtuurin t\u00e4ydellist\u00e4 symmetriaa ja uskomatonta koristeellisuutta.<\/p>\n\n\n\n<figure data-wp-context=\"{&quot;imageId&quot;:&quot;6a9c4edcf233c&quot;}\" data-wp-interactive=\"core\/image\" data-wp-key=\"6a9c4edcf233c\" class=\"wp-block-image size-full wp-lightbox-container\"><img decoding=\"async\" width=\"1600\" height=\"1105\" data-wp-class--hide=\"state.isContentHidden\" data-wp-class--show=\"state.isContentVisible\" data-wp-init=\"callbacks.setButtonStyles\" data-wp-on--click=\"actions.showLightbox\" data-wp-on--load=\"callbacks.setButtonStyles\" data-wp-on--pointerdown=\"actions.preloadImage\" data-wp-on--pointerenter=\"actions.preloadImageWithDelay\" data-wp-on--pointerleave=\"actions.cancelPreload\" data-wp-on-window--resize=\"callbacks.setButtonStyles\" src=\"https:\/\/loudavymkrokem.cz\/wp-content\/uploads\/2026\/09\/strasbourg-museum-of-modern-and-contemporary-art.jpg\" alt=\"Strasbourg Museum of Modern and Contemporary Art (MAMCS)\" class=\"wp-image-413231\" title=\"\" srcset=\"https:\/\/loudavymkrokem.cz\/wp-content\/uploads\/2026\/09\/strasbourg-museum-of-modern-and-contemporary-art.jpg 1600w, https:\/\/loudavymkrokem.cz\/wp-content\/uploads\/2026\/09\/strasbourg-museum-of-modern-and-contemporary-art-300x207.jpg 300w, https:\/\/loudavymkrokem.cz\/wp-content\/uploads\/2026\/09\/strasbourg-museum-of-modern-and-contemporary-art-700x483.jpg 700w, https:\/\/loudavymkrokem.cz\/wp-content\/uploads\/2026\/09\/strasbourg-museum-of-modern-and-contemporary-art-768x530.jpg 768w, https:\/\/loudavymkrokem.cz\/wp-content\/uploads\/2026\/09\/strasbourg-museum-of-modern-and-contemporary-art-1536x1061.jpg 1536w, https:\/\/loudavymkrokem.cz\/wp-content\/uploads\/2026\/09\/strasbourg-museum-of-modern-and-contemporary-art-696x481.jpg 696w, https:\/\/loudavymkrokem.cz\/wp-content\/uploads\/2026\/09\/strasbourg-museum-of-modern-and-contemporary-art-1392x961.jpg 1392w\" sizes=\"(max-width: 1600px) 100vw, 1600px\" \/><button\n\t\t\tclass=\"lightbox-trigger\"\n\t\t\ttype=\"button\"\n\t\t\taria-haspopup=\"dialog\"\n\t\t\tdata-wp-bind--aria-label=\"state.thisImage.triggerButtonAriaLabel\"\n\t\t\tdata-wp-init=\"callbacks.initTriggerButton\"\n\t\t\tdata-wp-on--click=\"actions.showLightbox\"\n\t\t\tdata-wp-style--right=\"state.thisImage.buttonRight\"\n\t\t\tdata-wp-style--top=\"state.thisImage.buttonTop\"\n\t\t>\n\t\t\t<svg xmlns=\"http:\/\/www.w3.org\/2000\/svg\" width=\"12\" height=\"12\" fill=\"none\" viewBox=\"0 0 12 12\">\n\t\t\t\t<path fill=\"#fff\" d=\"M2 0a2 2 0 0 0-2 2v2h1.5V2a.5.5 0 0 1 .5-.5h2V0H2Zm2 10.5H2a.5.5 0 0 1-.5-.5V8H0v2a2 2 0 0 0 2 2h2v-1.5ZM8 12v-1.5h2a.5.5 0 0 0 .5-.5V8H12v2a2 2 0 0 1-2 2H8Zm2-12a2 2 0 0 1 2 2v2h-1.5V2a.5.5 0 0 0-.5-.5H8V0h2Z\" \/>\n\t\t\t<\/svg>\n\t\t<\/button><figcaption class=\"wp-element-caption\">Foto: Mus\u00e9e d&#8217;Art Moderne et Contemporain de Strasbourg \/ Google Maps<\/figcaption><\/figure>\n\n\n\n<h3 class=\"wp-block-heading\"><span class=\"ez-toc-section\" id=\"17_Strasbourg_Museum_of_Modern_and_Contemporary_Art_MAMCS\"><\/span>17. Strasbourg Museum of Modern and Contemporary Art (MAMCS)<span class=\"ez-toc-section-end\"><\/span><\/h3>\n\n\n\n<p class=\"wp-block-paragraph\">Kaikille hieman modernimman taiteen yst\u00e4ville aivan v\u00e4ltt\u00e4m\u00e4tt\u00f6myys on vierailu modernin ja nykytaiteen museossa, jota paikalliset asukkaat kutsuvat lyhyesti nimell\u00e4 <a href=\"https:\/\/en.musees.strasbourg.eu\/mamcs\" target=\"_blank\" rel=\"nofollow noopener\">MAMCS<\/a>. Jo itse t\u00e4m\u00e4n museon rakennus on suuri arkkitehtoninen el\u00e4mys. <strong>Kyseess\u00e4 on valtava lasirakennus, joka sijaitsee aivan joen rannalla<\/strong> ja muodostaa fantastisen ja hyvin valokuvauksellisen visuaalisen kontrastin l\u00e4heiselle historialliselle Petite Francen kaupunginosalle.<\/p>\n\n\n\n<p class=\"wp-block-paragraph\">Sis\u00e4ll\u00e4 sinua odottavat todella laajat taidekokoelmat 1800-luvun lopulta aina nykyp\u00e4iv\u00e4\u00e4n asti, <strong>mukaan lukien hyvin rikas kokoelma modernia valokuvausta ja grafiikkaa<\/strong>. T\u00e4\u00e4lt\u00e4 l\u00f6yd\u00e4t esill\u00e4 olevia kuuluisien mestareiden kuten Kandinskyn, Picasson tai Monet&#8217;n teoksia, mutta anteliasta tilaa on t\u00e4\u00e4ll\u00e4 omistettu my\u00f6s nykyisille tilainstallaatioille ja lupaaville paikallisille alsacelaisille taiteilijoille.<\/p>\n\n\n\n<p class=\"wp-block-paragraph\">\ud83d\udca1 Vinkki: Pitk\u00e4n n\u00e4yttelykierroksen j\u00e4lkeen \u00e4l\u00e4 miss\u00e4\u00e4n nimess\u00e4 j\u00e4t\u00e4 v\u00e4liin vierailua museon kahvilaan, joka sijaitsee avoimella kattoterassilla. <strong>Sielt\u00e4 avautuu yksi kauneimmista ja turistien keskuudessa v\u00e4hiten tunnetuista n\u00e4kymist\u00e4 historialliseen keskustaan ja Ponts Couvertsin torneihin<\/strong>, sit\u00e4 paitsi t\u00e4ysin rauhassa kaukana p\u00e4\u00e4turistiruuhkista sinun allasi olevilla kaduilla.<\/p>\n\n\n\n<figure data-wp-context=\"{&quot;imageId&quot;:&quot;6a9c4edcf2894&quot;}\" data-wp-interactive=\"core\/image\" data-wp-key=\"6a9c4edcf2894\" class=\"wp-block-image size-full wp-lightbox-container\"><img decoding=\"async\" width=\"1600\" height=\"1066\" data-wp-class--hide=\"state.isContentHidden\" data-wp-class--show=\"state.isContentVisible\" data-wp-init=\"callbacks.setButtonStyles\" data-wp-on--click=\"actions.showLightbox\" data-wp-on--load=\"callbacks.setButtonStyles\" data-wp-on--pointerdown=\"actions.preloadImage\" data-wp-on--pointerenter=\"actions.preloadImageWithDelay\" data-wp-on--pointerleave=\"actions.cancelPreload\" data-wp-on-window--resize=\"callbacks.setButtonStyles\" src=\"https:\/\/loudavymkrokem.cz\/wp-content\/uploads\/2026\/09\/mus-e-alsacien.jpg\" alt=\"Mus\u00e9e Alsacien\" class=\"wp-image-413235\" title=\"\" srcset=\"https:\/\/loudavymkrokem.cz\/wp-content\/uploads\/2026\/09\/mus-e-alsacien.jpg 1600w, https:\/\/loudavymkrokem.cz\/wp-content\/uploads\/2026\/09\/mus-e-alsacien-300x200.jpg 300w, https:\/\/loudavymkrokem.cz\/wp-content\/uploads\/2026\/09\/mus-e-alsacien-700x466.jpg 700w, https:\/\/loudavymkrokem.cz\/wp-content\/uploads\/2026\/09\/mus-e-alsacien-768x512.jpg 768w, https:\/\/loudavymkrokem.cz\/wp-content\/uploads\/2026\/09\/mus-e-alsacien-1536x1023.jpg 1536w, https:\/\/loudavymkrokem.cz\/wp-content\/uploads\/2026\/09\/mus-e-alsacien-696x464.jpg 696w, https:\/\/loudavymkrokem.cz\/wp-content\/uploads\/2026\/09\/mus-e-alsacien-1392x927.jpg 1392w\" sizes=\"(max-width: 1600px) 100vw, 1600px\" \/><button\n\t\t\tclass=\"lightbox-trigger\"\n\t\t\ttype=\"button\"\n\t\t\taria-haspopup=\"dialog\"\n\t\t\tdata-wp-bind--aria-label=\"state.thisImage.triggerButtonAriaLabel\"\n\t\t\tdata-wp-init=\"callbacks.initTriggerButton\"\n\t\t\tdata-wp-on--click=\"actions.showLightbox\"\n\t\t\tdata-wp-style--right=\"state.thisImage.buttonRight\"\n\t\t\tdata-wp-style--top=\"state.thisImage.buttonTop\"\n\t\t>\n\t\t\t<svg xmlns=\"http:\/\/www.w3.org\/2000\/svg\" width=\"12\" height=\"12\" fill=\"none\" viewBox=\"0 0 12 12\">\n\t\t\t\t<path fill=\"#fff\" d=\"M2 0a2 2 0 0 0-2 2v2h1.5V2a.5.5 0 0 1 .5-.5h2V0H2Zm2 10.5H2a.5.5 0 0 1-.5-.5V8H0v2a2 2 0 0 0 2 2h2v-1.5ZM8 12v-1.5h2a.5.5 0 0 0 .5-.5V8H12v2a2 2 0 0 1-2 2H8Zm2-12a2 2 0 0 1 2 2v2h-1.5V2a.5.5 0 0 0-.5-.5H8V0h2Z\" \/>\n\t\t\t<\/svg>\n\t\t<\/button><figcaption class=\"wp-element-caption\">Foto: Bertrand Strasbourg \/ Google Maps<\/figcaption><\/figure>\n\n\n\n<h3 class=\"wp-block-heading\"><span class=\"ez-toc-section\" id=\"18_Musee_Alsacien\"><\/span>18. Mus\u00e9e Alsacien<span class=\"ez-toc-section-end\"><\/span><\/h3>\n\n\n\n<p class=\"wp-block-paragraph\">Jos haluat todella syv\u00e4sti tunkeutua t\u00e4m\u00e4n alueen sieluun, vieraile ensin museossa <a href=\"https:\/\/en.musees.strasbourg.eu\/alsatian-museum\" target=\"_blank\" rel=\"nofollow noopener\">Mus\u00e9e Alsacien<\/a>. Se sijaitsee useissa toisiinsa yhdistetyiss\u00e4 historiallisissa ristikkotaloissa ja <strong>kartoittaa upeasti perinteist\u00e4 alsacelaista kansanel\u00e4m\u00e4\u00e4, maaseudun tapoja ja aikakauden k\u00e4sit\u00f6it\u00e4<\/strong>. Kaikki on sijoitettu aivan aitoon ja hieman sokkeloiseen historialliseen ymp\u00e4rist\u00f6\u00f6n, joka on t\u00e4ynn\u00e4 narisevia puuportaita.<\/p>\n\n\n\n<p class=\"wp-block-paragraph\">Saat sen ansiosta loistavan kontekstin sille, mit\u00e4 sitten n\u00e4et kaduilla, ja ymm\u00e4rr\u00e4t paremmin, kuinka ihmiset t\u00e4\u00e4ll\u00e4 oikeastaan eliv\u00e4t. Saat selville, mitk\u00e4 k\u00e4sity\u00f6t alueella hallitsivat, n\u00e4et tyypilliset kansanpuvut ja heti ymp\u00e4r\u00f6iv\u00e4 arkkitehtuuri saa sinulle viel\u00e4 enemm\u00e4n merkityst\u00e4.<\/p>\n\n\n\n<h2 class=\"wp-block-heading\"><span class=\"ez-toc-section\" id=\"Minne_matka_Strasbourgista\"><\/span>Minne matka Strasbourgista<span class=\"ez-toc-section-end\"><\/span><\/h2>\n\n\n\n<p class=\"wp-block-paragraph\">Strasbourg toimii <strong>aivan ihanteellisena tukikohtana koko Alsacen tutkimiseen<\/strong>. Alle tunnin ajomatkan p\u00e4\u00e4ss\u00e4 p\u00e4\u00e4set satumaisiin kyliin, jotka n\u00e4ytt\u00e4v\u00e4t kuin historiallisen elokuvan kulisseilta. Jos sinulla on k\u00e4ytett\u00e4viss\u00e4 auto, <strong>\u00e4l\u00e4 miss\u00e4\u00e4n nimess\u00e4 j\u00e4t\u00e4 v\u00e4liin reitti\u00e4mme artikkelissa <a href=\"https:\/\/loudavymkrokem.cz\/fi\/alsace-ranska-viinitie\/\">Alsacen viinireitti: 12 kauneinta kyl\u00e4\u00e4<\/a><\/strong>, jossa kuvaamme yksityiskohtaisesti pys\u00e4hdykset reitill\u00e4 pikkukaupunkien kuten Riquewihrin tai Kaysersbergin kautta.<\/p>\n\n\n\n<p class=\"wp-block-paragraph\">Erillisen vierailun ehdottomasti arvoinen on alsacelaisen viinin p\u00e4\u00e4kaupunki, josta olemme kirjoittaneet oppaassa <a href=\"https:\/\/loudavymkrokem.cz\/fi\/colmar-ranska-nahtavyydet\/\">Colmar, Ranska<\/a>. Se on pienempi ja viel\u00e4 hieman tiivistetympi versio Strasbourgista, ja siin\u00e4 on henke\u00e4salpaava kaupunginosa nimelt\u00e4\u00e4n Pieni Venetsia.<\/p>\n\n\n\n<p class=\"wp-block-paragraph\">Kun etsit lis\u00e4\u00e4 inspiraatiota retkiin l\u00e4hialueella, saatat kartoilla t\u00f6rm\u00e4t\u00e4 nimiin \u00c9comus\u00e9e d&#8217;Alsace tai sotilasmuseo MM Park, mutta \u00e4l\u00e4 anna niiden h\u00e4m\u00e4t\u00e4. \u00c9comus\u00e9e sijaitsee Ungersheimissa noin kuudenkymmenen kilometrin p\u00e4\u00e4ss\u00e4 kaupungista, ja MM Parkin l\u00f6yd\u00e4t La Wantzenaun kyl\u00e4st\u00e4, joten <strong>molemmat paikat vaativat pikemminkin puolen p\u00e4iv\u00e4n tai kokop\u00e4iv\u00e4isen autoretken<\/strong> eiv\u00e4tk\u00e4 todellakaan sijaitse k\u00e4velymatkan p\u00e4\u00e4ss\u00e4 kaupungin keskustasta.<\/p>\n\n\n\n<p class=\"wp-block-paragraph\">Jos suunnittelet maan \u2013 juustojen ja viinin \u2013 laajempaa tutkimista, tutustu artikkeliimme <a href=\"https:\/\/loudavymkrokem.cz\/fi\/roadtrip-ranskassa-matkasuunnitelma\/\">Road trip Ranskassa: 14 p\u00e4iv\u00e4n matkasuunnitelma<\/a>, josta l\u00f6yd\u00e4t paljon k\u00e4yt\u00e4nn\u00f6n vinkkej\u00e4 pitkiin siirtymiin. Ja jos kuitenkin p\u00e4\u00e4tt\u00e4isit l\u00e4hte\u00e4 vuoden lopussa, \u00e4l\u00e4 unohda vilkaista erikoisartikkeliamme <a href=\"https:\/\/loudavymkrokem.cz\/fi\/strasbourg-ranska-joulumarkkinat\/\">Strasbourgin joulumarkkinat<\/a>.<\/p>\n\n\n\n<h2 class=\"wp-block-heading\"><span class=\"ez-toc-section\" id=\"Usein_kysytyt_kysymykset\"><\/span>Usein kysytyt kysymykset<span class=\"ez-toc-section-end\"><\/span><\/h2>\n\n\n<div id=\"rank-math-faq\" class=\"rank-math-block\">\n<div class=\"rank-math-list \">\n<div id=\"faq-question-1788283122000\" class=\"rank-math-list-item\">\n<h3 class=\"rank-math-question \"><span class=\"ez-toc-section\" id=\"Milloin_joulumarkkinat_jarjestetaan_vuonna_2026\"><\/span>Milloin joulumarkkinat j\u00e4rjestet\u00e4\u00e4n vuonna 2026?<span class=\"ez-toc-section-end\"><\/span><\/h3>\n<div class=\"rank-math-answer \">\n\n<p>Vuonna 2026 kuuluisat adventtimarkkinat j\u00e4rjestet\u00e4\u00e4n perjantaista 27. marraskuuta sunnuntaihin 27. joulukuuta. Ne levitt\u00e4ytyv\u00e4t yhdelletoista eri paikalle ymp\u00e4ri historiallista Grande \u00cele -kaupunginosaa, ja kaikkein tunnetuimmat ja suurimmat l\u00f6yd\u00e4t Place Broglielta ja keskustorin Place Kl\u00e9berilt\u00e4.<\/p>\n\n<\/div>\n<\/div>\n<div id=\"faq-question-1788283122001\" class=\"rank-math-list-item\">\n<h3 class=\"rank-math-question \"><span class=\"ez-toc-section\" id=\"Miten_Park_and_Ride_-pysakointijarjestelma_toimii\"><\/span>Miten Park and Ride -pys\u00e4k\u00f6intij\u00e4rjestelm\u00e4 toimii?<span class=\"ez-toc-section-end\"><\/span><\/h3>\n<div class=\"rank-math-answer \">\n\n<p>Se on ehdottomasti fiksuin tapa p\u00e4\u00e4st\u00e4 kaupunkiin ilman stressi\u00e4. Maksat kertamaksun, eritt\u00e4in edullisen hinnan koko p\u00e4iv\u00e4n pys\u00e4k\u00f6innist\u00e4 liitynt\u00e4pys\u00e4k\u00f6intialueella kaupungin laidalla. T\u00e4m\u00e4n hinnan puitteissa kaikki autosi matkustajat saavat automaattisesti menolipun raitiovaunulla suoraan keskustaan. S\u00e4\u00e4st\u00e4t n\u00e4in runsaasti rahaa kalliissa maanalaisissa parkkihalleissa ja hermoja kapeilla yksisuuntaisilla kaduilla mutkittelussa.<\/p>\n\n<\/div>\n<\/div>\n<div id=\"faq-question-1788283122002\" class=\"rank-math-list-item\">\n<h3 class=\"rank-math-question \"><span class=\"ez-toc-section\" id=\"Kuinka_monta_paivaa_kaupunkiin_kannattaa_varata\"><\/span>Kuinka monta p\u00e4iv\u00e4\u00e4 kaupunkiin kannattaa varata?<span class=\"ez-toc-section-end\"><\/span><\/h3>\n<div class=\"rank-math-answer \">\n\n<p>Jotta onnistut imem\u00e4\u00e4n oikean rauhallisen tunnelman ja ehtisit k\u00e4yd\u00e4 kaikissa t\u00e4rkeimmiss\u00e4 n\u00e4ht\u00e4vyyksiss\u00e4 ilman turhaa kiirett\u00e4, suosittelen varaamaan kaupunkiin kaksi tai kolme kokonaista p\u00e4iv\u00e4\u00e4. Jos suunnittelet vierailevasi my\u00f6s paikallisissa museoissa tai Euroopan parlamentin tiloissa, kolme p\u00e4iv\u00e4\u00e4 on t\u00e4ysin ihanteellinen.<\/p>\n\n<\/div>\n<\/div>\n<div id=\"faq-question-1788283122003\" class=\"rank-math-list-item\">\n<h3 class=\"rank-math-question \"><span class=\"ez-toc-section\" id=\"Onko_Euroopan_parlamentin_kierrokset_maksullisia\"><\/span>Onko Euroopan parlamentin kierrokset maksullisia?<span class=\"ez-toc-section-end\"><\/span><\/h3>\n<div class=\"rank-math-answer \">\n\n<p>Ei, yleis\u00f6kierrokset ja p\u00e4\u00e4sy moderniin interaktiiviseen Parlamentarium Simone Veil -keskukseen ovat kaikille vierailijoille t\u00e4ysin ilmaisia. On kuitenkin tarpeen pit\u00e4\u00e4 mukanaan voimassa oleva henkil\u00f6todistus henkil\u00f6kortin tai passin muodossa ja varautua viivytykseen tiukkojen turvatarkastusten vuoksi sis\u00e4\u00e4nk\u00e4ynnill\u00e4.<\/p>\n\n<\/div>\n<\/div>\n<div id=\"faq-question-1788283122004\" class=\"rank-math-list-item\">\n<h3 class=\"rank-math-question \"><span class=\"ez-toc-section\" id=\"Mika_on_paras_tapa_liikkua_kaupungin_keskustassa\"><\/span>Mik\u00e4 on paras tapa liikkua kaupungin keskustassa?<span class=\"ez-toc-section-end\"><\/span><\/h3>\n<div class=\"rank-math-answer \">\n\n<p>Historiallinen ytim Grande \u00cele -saarella on melko kompakti ja aivan parhaiten tutkit sen jalan. Pidempi\u00e4 siirtymi\u00e4 varten, esimerkiksi Euroopan parlamentille tai kaukaisempiin puistoihin, suosittelen k\u00e4ytt\u00e4m\u00e4\u00e4n erinomaisesti toimivaa raitiovaunuj\u00e4rjestelm\u00e4\u00e4, jossa on kuusi linjaa kattaen luotettavasti koko kaupungin.<\/p>\n\n<\/div>\n<\/div>\n<div id=\"faq-question-1788283122005\" class=\"rank-math-list-item\">\n<h3 class=\"rank-math-question \"><span class=\"ez-toc-section\" id=\"Onko_Strasbourg_kallis_kaupunki\"><\/span>Onko Strasbourg kallis kaupunki?<span class=\"ez-toc-section-end\"><\/span><\/h3>\n<div class=\"rank-math-answer \">\n\n<p>Se riippuu puhtaasti siit\u00e4, mihin aikaan l\u00e4hdet. Adventtimarkkinoiden aikana keskustan majoituksen hinnat nousevat astronomisiin korkeuksiin. Jos kuitenkin saavut joulukuun ulkopuolella, esimerkiksi tammikuussa tai helmikuussa, hotellien hinnat putoavat murto-osaan ja kaupunki on hinnaltaan t\u00e4ysin verrattavissa muihin tavallisiin eurooppalaisiin kohteisiin.<\/p>\n\n<\/div>\n<\/div>\n<div id=\"faq-question-1788283122006\" class=\"rank-math-list-item\">\n<h3 class=\"rank-math-question \"><span class=\"ez-toc-section\" id=\"Sopiiko_kaupunki_kasvissyojille\"><\/span>Sopiiko kaupunki kasvissy\u00f6jille?<span class=\"ez-toc-section-end\"><\/span><\/h3>\n<div class=\"rank-math-answer \">\n\n<p>Ehdottomasti kyll\u00e4. Vaikka alsacelainen keitti\u00f6 tunnetaan lihaisista ruuistaan, kasvissy\u00f6j\u00e4t eiv\u00e4t todellakaan k\u00e4rsi n\u00e4lk\u00e4\u00e4 t\u00e4\u00e4ll\u00e4. Jokaisessa ravintolassa t\u00f6rm\u00e4\u00e4t erinomaisiin juustosp\u00e4tzleihin, leipomoissa tuoksuu perinteinen bretzel ja kaikkialla tarjotaan lihaton versio rapsakkaasta tarte flamb\u00e9e -piirasta juuston ja sienten kera.<\/p>\n\n<\/div>\n<\/div>\n<div id=\"faq-question-1788283122007\" class=\"rank-math-list-item\">\n<h3 class=\"rank-math-question \"><span class=\"ez-toc-section\" id=\"Mitka_paikat_ovat_parhaimpia_valokuvaukselle\"><\/span>Mitk\u00e4 paikat ovat parhaimpia valokuvaukselle?<span class=\"ez-toc-section-end\"><\/span><\/h3>\n<div class=\"rank-math-answer \">\n\n<p>Tunnetuimmat postikorttikuvat saat varmasti historiallisen Barrage Vauban -padon n\u00e4k\u00f6alaterassilta, josta on kaunis n\u00e4kym\u00e4 kivisilloille Ponts Couverts ja katedraalin majesteettiselle tornille. Muita eritt\u00e4in fotogenisia paikkoja l\u00f6ytyy vesikanavien varrelta historiallisessa Petite France -kaupunginosassa.<\/p>\n\n<\/div>\n<\/div>\n<\/div>\n<\/div>","protected":false},"excerpt":{"rendered":"<p>Tutustu Strasbourgiin ilman turistiruuhkia. Kerron, milloin kannattaa l\u00e4hte\u00e4, mist\u00e4 l\u00f6yd\u00e4t parhaat ilmaiset n\u00e4k\u00f6alat ja miten nautit t\u00e4st\u00e4 lumoavasta alsacelaisesta kaupungista t\u00e4ysin siemauksin.<\/p>\n","protected":false},"author":3,"featured_media":413378,"comment_status":"open","ping_status":"open","sticky":false,"template":"","format":"standard","meta":{"_acf_changed":false,"footnotes":"","rank_math_title":"Strasbourg Ranska: 18 parasta n\u00e4ht\u00e4vyytt\u00e4","rank_math_description":"Strasbourg Ranska ilman ruuhkia: 18 vinkki\u00e4 n\u00e4ht\u00e4vyyksiin, parhaat ilmaiset n\u00e4k\u00f6alat ja paras matkustusaika. Lue oppaamme ja suunnittele matkasi jo t\u00e4n\u00e4\u00e4n!","rank_math_focus_keyword":"strasbourg ranska n\u00e4ht\u00e4vyydet","rank_math_seo_score":""},"categories":[2129,2123,2132],"tags":[],"class_list":["post-417721","post","type-post","status-publish","format-standard","has-post-thumbnail","category-eurooppa","category-matkailu","category-ranska"],"acf":[],"featured_image_src":"https:\/\/loudavymkrokem.cz\/wp-content\/uploads\/2026\/09\/strasburska-katedrala-7353a339.jpg","author_info":{"display_name":"Lucie Kone\u010dn\u00e1","author_link":"https:\/\/loudavymkrokem.cz\/fi\/author\/lucie-konecna\/"},"_links":{"self":[{"href":"https:\/\/loudavymkrokem.cz\/fi\/wp-json\/wp\/v2\/posts\/417721","targetHints":{"allow":["GET"]}}],"collection":[{"href":"https:\/\/loudavymkrokem.cz\/fi\/wp-json\/wp\/v2\/posts"}],"about":[{"href":"https:\/\/loudavymkrokem.cz\/fi\/wp-json\/wp\/v2\/types\/post"}],"author":[{"embeddable":true,"href":"https:\/\/loudavymkrokem.cz\/fi\/wp-json\/wp\/v2\/users\/3"}],"replies":[{"embeddable":true,"href":"https:\/\/loudavymkrokem.cz\/fi\/wp-json\/wp\/v2\/comments?post=417721"}],"version-history":[{"count":2,"href":"https:\/\/loudavymkrokem.cz\/fi\/wp-json\/wp\/v2\/posts\/417721\/revisions"}],"predecessor-version":[{"id":417723,"href":"https:\/\/loudavymkrokem.cz\/fi\/wp-json\/wp\/v2\/posts\/417721\/revisions\/417723"}],"wp:featuredmedia":[{"embeddable":true,"href":"https:\/\/loudavymkrokem.cz\/fi\/wp-json\/wp\/v2\/media\/413378"}],"wp:attachment":[{"href":"https:\/\/loudavymkrokem.cz\/fi\/wp-json\/wp\/v2\/media?parent=417721"}],"wp:term":[{"taxonomy":"category","embeddable":true,"href":"https:\/\/loudavymkrokem.cz\/fi\/wp-json\/wp\/v2\/categories?post=417721"},{"taxonomy":"post_tag","embeddable":true,"href":"https:\/\/loudavymkrokem.cz\/fi\/wp-json\/wp\/v2\/tags?post=417721"}],"curies":[{"name":"wp","href":"https:\/\/api.w.org\/{rel}","templated":true}]}}