{"id":408634,"date":"2026-08-28T14:08:28","date_gmt":"2026-08-28T12:08:28","guid":{"rendered":"https:\/\/loudavymkrokem.cz\/retket-pisekin-ymparistossa\/"},"modified":"2026-08-31T04:37:54","modified_gmt":"2026-08-31T02:37:54","slug":"retket-pisekin-ymparistossa","status":"publish","type":"post","link":"https:\/\/loudavymkrokem.cz\/fi\/retket-pisekin-ymparistossa\/","title":{"rendered":"Retket P\u00edsekin ymp\u00e4rist\u00f6ss\u00e4: 30 vinkki\u00e4 paikalliselta linnoihin, uimarantoihin ja n\u00e4k\u00f6torneihin"},"content":{"rendered":"\n<p class=\"wp-block-paragraph\">Synnyin P\u00edsekiss\u00e4, ja vaikka suuntasin sitten pitkiksi vuosiksi Prahaan, nyky\u00e4\u00e4n asumme t\u00e4\u00e4ll\u00e4 taas yhdess\u00e4 Luk\u00e1\u0161in ja kaksivuotiaan Jon\u00e1\u0161imme kanssa. Koska etsimme perheen kanssa mielell\u00e4mme parhaita <strong>retki\u00e4 P\u00edsekin ymp\u00e4rist\u00f6ss\u00e4<\/strong>, minun on rehellisesti sanottava, ett\u00e4 tukikohtana Etel\u00e4-B\u00f6\u00f6min tutkimiseen t\u00e4m\u00e4 kaupunki on aivan t\u00e4ydellinen enk\u00e4 anna sanoa siit\u00e4 pahaa sanaa.<\/p>\n\n\n\n<p class=\"wp-block-paragraph\">Erinomaisen sijaintinsa ja D4-moottoritieyhteyden ansiosta <strong>p\u00e4\u00e4set autolla tunnissa suurimpaan osaan Etel\u00e4-B\u00f6\u00f6min n\u00e4ht\u00e4vyyksist\u00e4<\/strong>, olipa sitten kiinnostuksesi kohteena syv\u00e4 historia, laajat kalalammet tai tihe\u00e4t \u0160umavan mets\u00e4t. P\u00edsek yksinkertaisesti sijaitsee juuri kaiken parhaan keskell\u00e4, ja aina on valittavana kymmeni\u00e4 vaihtoehtoja.<\/p>\n\n\n\n<p class=\"wp-block-paragraph\">L\u00e4hde kanssani kiert\u00e4m\u00e4\u00e4n P\u00edsekin seutua \u2014 t\u00e4ss\u00e4 on 30 paikkaa, joita rakastamme, j\u00e4rjestettyn\u00e4 aivan l\u00e4hikohteista koko p\u00e4iv\u00e4n seikkailuihin. Katsotaan, minne suunnata el\u00e4inten, linnojen, veden tai upeiden maisemien pariin.<\/p>\n\n\n\n<figure data-wp-context=\"{&quot;imageId&quot;:&quot;6a9527f50bd76&quot;}\" data-wp-interactive=\"core\/image\" data-wp-key=\"6a9527f50bd76\" class=\"wp-block-image size-full wp-lightbox-container\"><img decoding=\"async\" width=\"2200\" height=\"1467\" data-wp-class--hide=\"state.isContentHidden\" data-wp-class--show=\"state.isContentVisible\" data-wp-init=\"callbacks.setButtonStyles\" data-wp-on--click=\"actions.showLightbox\" data-wp-on--load=\"callbacks.setButtonStyles\" data-wp-on--pointerdown=\"actions.preloadImage\" data-wp-on--pointerenter=\"actions.preloadImageWithDelay\" data-wp-on--pointerleave=\"actions.cancelPreload\" data-wp-on-window--resize=\"callbacks.setButtonStyles\" src=\"https:\/\/loudavymkrokem.cz\/wp-content\/uploads\/2026\/08\/zvikov-nad-orlickou-prehradou.jpg\" alt=\"Zv\u00edkovin linna Orl\u00edkin tekoj\u00e4rven yl\u00e4puolella\" class=\"wp-image-404434\" title=\"\" srcset=\"https:\/\/loudavymkrokem.cz\/wp-content\/uploads\/2026\/08\/zvikov-nad-orlickou-prehradou.jpg 2200w, https:\/\/loudavymkrokem.cz\/wp-content\/uploads\/2026\/08\/zvikov-nad-orlickou-prehradou-300x200.jpg 300w, https:\/\/loudavymkrokem.cz\/wp-content\/uploads\/2026\/08\/zvikov-nad-orlickou-prehradou-700x467.jpg 700w, https:\/\/loudavymkrokem.cz\/wp-content\/uploads\/2026\/08\/zvikov-nad-orlickou-prehradou-768x512.jpg 768w, https:\/\/loudavymkrokem.cz\/wp-content\/uploads\/2026\/08\/zvikov-nad-orlickou-prehradou-1536x1024.jpg 1536w, https:\/\/loudavymkrokem.cz\/wp-content\/uploads\/2026\/08\/zvikov-nad-orlickou-prehradou-2048x1366.jpg 2048w, https:\/\/loudavymkrokem.cz\/wp-content\/uploads\/2026\/08\/zvikov-nad-orlickou-prehradou-696x464.jpg 696w, https:\/\/loudavymkrokem.cz\/wp-content\/uploads\/2026\/08\/zvikov-nad-orlickou-prehradou-1392x928.jpg 1392w, https:\/\/loudavymkrokem.cz\/wp-content\/uploads\/2026\/08\/zvikov-nad-orlickou-prehradou-1920x1280.jpg 1920w\" sizes=\"(max-width: 2200px) 100vw, 2200px\" \/><button\n\t\t\tclass=\"lightbox-trigger\"\n\t\t\ttype=\"button\"\n\t\t\taria-haspopup=\"dialog\"\n\t\t\tdata-wp-bind--aria-label=\"state.thisImage.triggerButtonAriaLabel\"\n\t\t\tdata-wp-init=\"callbacks.initTriggerButton\"\n\t\t\tdata-wp-on--click=\"actions.showLightbox\"\n\t\t\tdata-wp-style--right=\"state.thisImage.buttonRight\"\n\t\t\tdata-wp-style--top=\"state.thisImage.buttonTop\"\n\t\t>\n\t\t\t<svg xmlns=\"http:\/\/www.w3.org\/2000\/svg\" width=\"12\" height=\"12\" fill=\"none\" viewBox=\"0 0 12 12\">\n\t\t\t\t<path fill=\"#fff\" d=\"M2 0a2 2 0 0 0-2 2v2h1.5V2a.5.5 0 0 1 .5-.5h2V0H2Zm2 10.5H2a.5.5 0 0 1-.5-.5V8H0v2a2 2 0 0 0 2 2h2v-1.5ZM8 12v-1.5h2a.5.5 0 0 0 .5-.5V8H12v2a2 2 0 0 1-2 2H8Zm2-12a2 2 0 0 1 2 2v2h-1.5V2a.5.5 0 0 0-.5-.5H8V0h2Z\" \/>\n\t\t\t<\/svg>\n\t\t<\/button><\/figure>\n\n\n\n<div id=\"ez-toc-container\" class=\"ez-toc-v2_0_86 ez-toc-wrap-left counter-hierarchy ez-toc-counter ez-toc-grey ez-toc-container-direction\">\n<div class=\"ez-toc-title-container\">\n<p class=\"ez-toc-title\" style=\"cursor:inherit\">Artikkelin sis\u00e4lt\u00f6<\/p>\n<span class=\"ez-toc-title-toggle\"><a href=\"#\" class=\"ez-toc-pull-right ez-toc-btn ez-toc-btn-xs ez-toc-btn-default ez-toc-toggle\" aria-label=\"Toggle Table of Content\"><span class=\"ez-toc-js-icon-con\"><span class=\"\"><span class=\"eztoc-hide\" style=\"display:none;\">Toggle<\/span><span class=\"ez-toc-icon-toggle-span\"><svg style=\"fill: #999;color:#999\" xmlns=\"http:\/\/www.w3.org\/2000\/svg\" class=\"list-377408\" width=\"20px\" height=\"20px\" viewBox=\"0 0 24 24\" fill=\"none\"><path d=\"M6 6H4v2h2V6zm14 0H8v2h12V6zM4 11h2v2H4v-2zm16 0H8v2h12v-2zM4 16h2v2H4v-2zm16 0H8v2h12v-2z\" fill=\"currentColor\"><\/path><\/svg><svg style=\"fill: #999;color:#999\" class=\"arrow-unsorted-368013\" xmlns=\"http:\/\/www.w3.org\/2000\/svg\" width=\"10px\" height=\"10px\" viewBox=\"0 0 24 24\" version=\"1.2\" baseProfile=\"tiny\"><path d=\"M18.2 9.3l-6.2-6.3-6.2 6.3c-.2.2-.3.4-.3.7s.1.5.3.7c.2.2.4.3.7.3h11c.3 0 .5-.1.7-.3.2-.2.3-.5.3-.7s-.1-.5-.3-.7zM5.8 14.7l6.2 6.3 6.2-6.3c.2-.2.3-.5.3-.7s-.1-.5-.3-.7c-.2-.2-.4-.3-.7-.3h-11c-.3 0-.5.1-.7.3-.2.2-.3.5-.3.7s.1.5.3.7z\"\/><\/svg><\/span><\/span><\/span><\/a><\/span><\/div>\n<nav><ul class='ez-toc-list ez-toc-list-level-1 ' ><ul class='ez-toc-list-level-3' ><li class='ez-toc-heading-level-3'><a class=\"ez-toc-link ez-toc-heading-1\" href=\"https:\/\/loudavymkrokem.cz\/fi\/retket-pisekin-ymparistossa\/#Yhteenveto\" >Yhteenveto<\/a><\/li><\/ul><\/li><li class='ez-toc-page-1 ez-toc-heading-level-2'><a class=\"ez-toc-link ez-toc-heading-2\" href=\"https:\/\/loudavymkrokem.cz\/fi\/retket-pisekin-ymparistossa\/#Miten_suunnitella_retket_Pisekista\" >Miten suunnitella retket P\u00edsekist\u00e4<\/a><\/li><li class='ez-toc-page-1 ez-toc-heading-level-2'><a class=\"ez-toc-link ez-toc-heading-3\" href=\"https:\/\/loudavymkrokem.cz\/fi\/retket-pisekin-ymparistossa\/#Missa_majoittua_kun_haluat_kiertaa_ymparistoa\" >Miss\u00e4 majoittua, kun haluat kiert\u00e4\u00e4 ymp\u00e4rist\u00f6\u00e4<\/a><\/li><li class='ez-toc-page-1 ez-toc-heading-level-2'><a class=\"ez-toc-link ez-toc-heading-4\" href=\"https:\/\/loudavymkrokem.cz\/fi\/retket-pisekin-ymparistossa\/#Retket_15_kilometrin_sateella_puoleksi_paivaksi_tai_pyoralla\" >Retket 15 kilometrin s\u00e4teell\u00e4: puoleksi p\u00e4iv\u00e4ksi tai py\u00f6r\u00e4ll\u00e4<\/a><ul class='ez-toc-list-level-3' ><li class='ez-toc-heading-level-3'><a class=\"ez-toc-link ez-toc-heading-5\" href=\"https:\/\/loudavymkrokem.cz\/fi\/retket-pisekin-ymparistossa\/#1_Jarnikin_nakotorni\" >1. Jarn\u00edkin n\u00e4k\u00f6torni<\/a><\/li><li class='ez-toc-page-1 ez-toc-heading-level-3'><a class=\"ez-toc-link ez-toc-heading-6\" href=\"https:\/\/loudavymkrokem.cz\/fi\/retket-pisekin-ymparistossa\/#2_Pisekin_vuoret\" >2. P\u00edsekin vuoret<\/a><\/li><li class='ez-toc-page-1 ez-toc-heading-level-3'><a class=\"ez-toc-link ez-toc-heading-7\" href=\"https:\/\/loudavymkrokem.cz\/fi\/retket-pisekin-ymparistossa\/#3_Putim_Nase_zviratka\" >3. Putim: Na\u0161e zv\u00ed\u0159\u00e1tka<\/a><\/li><li class='ez-toc-page-1 ez-toc-heading-level-3'><a class=\"ez-toc-link ez-toc-heading-8\" href=\"https:\/\/loudavymkrokem.cz\/fi\/retket-pisekin-ymparistossa\/#4_Selibov_Satumainen_paja\" >4. Selibov: Satumainen paja<\/a><\/li><li class='ez-toc-page-1 ez-toc-heading-level-3'><a class=\"ez-toc-link ez-toc-heading-9\" href=\"https:\/\/loudavymkrokem.cz\/fi\/retket-pisekin-ymparistossa\/#5_Kestrany_Yla-_ja_alalinnake\" >5. Kest\u0159any: Yl\u00e4- ja alalinnake<\/a><\/li><li class='ez-toc-page-1 ez-toc-heading-level-3'><a class=\"ez-toc-link ez-toc-heading-10\" href=\"https:\/\/loudavymkrokem.cz\/fi\/retket-pisekin-ymparistossa\/#6_Maletice_Farmapark\" >6. Maletice: Farmapark<\/a><\/li><li class='ez-toc-page-1 ez-toc-heading-level-3'><a class=\"ez-toc-link ez-toc-heading-11\" href=\"https:\/\/loudavymkrokem.cz\/fi\/retket-pisekin-ymparistossa\/#7_Rezabinec_ja_Rezabinecin_lammikot\" >7. \u0158e\u017eabinec ja \u0158e\u017eabinecin lammikot<\/a><\/li><li class='ez-toc-page-1 ez-toc-heading-level-3'><a class=\"ez-toc-link ez-toc-heading-12\" href=\"https:\/\/loudavymkrokem.cz\/fi\/retket-pisekin-ymparistossa\/#8_Podolsky-silta\" >8. Podolsk\u00fd-silta<\/a><\/li><li class='ez-toc-page-1 ez-toc-heading-level-3'><a class=\"ez-toc-link ez-toc-heading-13\" href=\"https:\/\/loudavymkrokem.cz\/fi\/retket-pisekin-ymparistossa\/#9_Sudomer_Zizkan_hautakumpu\" >9. Sudom\u011b\u0159: \u017di\u017ekan hautakumpu<\/a><\/li><li class='ez-toc-page-1 ez-toc-heading-level-3'><a class=\"ez-toc-link ez-toc-heading-14\" href=\"https:\/\/loudavymkrokem.cz\/fi\/retket-pisekin-ymparistossa\/#10_Protivin\" >10. Protiv\u00edn<\/a><\/li><\/ul><\/li><li class='ez-toc-page-1 ez-toc-heading-level-2'><a class=\"ez-toc-link ez-toc-heading-15\" href=\"https:\/\/loudavymkrokem.cz\/fi\/retket-pisekin-ymparistossa\/#Linnat_kartanot_ja_luostarit_Pisekin_ymparistossa\" >Linnat, kartanot ja luostarit P\u00edsekin ymp\u00e4rist\u00f6ss\u00e4<\/a><ul class='ez-toc-list-level-3' ><li class='ez-toc-heading-level-3'><a class=\"ez-toc-link ez-toc-heading-16\" href=\"https:\/\/loudavymkrokem.cz\/fi\/retket-pisekin-ymparistossa\/#11_Zvikovin_linna_%E2%80%9Dtsekkilaisten_linnojen_kuningas%E2%80%9D\" >11. Zv\u00edkovin linna: \u201dt\u0161ekkil\u00e4isten linnojen kuningas\u201d<\/a><\/li><li class='ez-toc-page-1 ez-toc-heading-level-3'><a class=\"ez-toc-link ez-toc-heading-17\" href=\"https:\/\/loudavymkrokem.cz\/fi\/retket-pisekin-ymparistossa\/#12_Orlikin_linna_Vltavan_ylla\" >12. Orl\u00edkin linna Vltavan yll\u00e4<\/a><\/li><li class='ez-toc-page-1 ez-toc-heading-level-3'><a class=\"ez-toc-link ez-toc-heading-18\" href=\"https:\/\/loudavymkrokem.cz\/fi\/retket-pisekin-ymparistossa\/#13_Blatnan_linna\" >13. Blatn\u00e1n linna<\/a><\/li><li class='ez-toc-page-1 ez-toc-heading-level-3'><a class=\"ez-toc-link ez-toc-heading-19\" href=\"https:\/\/loudavymkrokem.cz\/fi\/retket-pisekin-ymparistossa\/#14_Milevskon_luostari\" >14. Milevskon luostari<\/a><\/li><li class='ez-toc-page-1 ez-toc-heading-level-3'><a class=\"ez-toc-link ez-toc-heading-20\" href=\"https:\/\/loudavymkrokem.cz\/fi\/retket-pisekin-ymparistossa\/#15_Strakonicen_linna\" >15. Strakonicen linna<\/a><\/li><li class='ez-toc-page-1 ez-toc-heading-level-3'><a class=\"ez-toc-link ez-toc-heading-21\" href=\"https:\/\/loudavymkrokem.cz\/fi\/retket-pisekin-ymparistossa\/#16_Bechynen_linna_ja_Duha-silta\" >16. Bechyn\u011bn linna ja Duha-silta<\/a><\/li><li class='ez-toc-page-1 ez-toc-heading-level-3'><a class=\"ez-toc-link ez-toc-heading-22\" href=\"https:\/\/loudavymkrokem.cz\/fi\/retket-pisekin-ymparistossa\/#17_Kratochvilen_linna_Netolice\" >17. Kratochv\u00edlen linna (Netolice)<\/a><\/li><li class='ez-toc-page-1 ez-toc-heading-level-3'><a class=\"ez-toc-link ez-toc-heading-23\" href=\"https:\/\/loudavymkrokem.cz\/fi\/retket-pisekin-ymparistossa\/#18_Luuhuone_ja_hautausmaa_Albrechticessa_Vltavan_varrella\" >18. Luuhuone ja hautausmaa Albrechticessa Vltavan varrella<\/a><\/li><\/ul><\/li><li class='ez-toc-page-1 ez-toc-heading-level-2'><a class=\"ez-toc-link ez-toc-heading-24\" href=\"https:\/\/loudavymkrokem.cz\/fi\/retket-pisekin-ymparistossa\/#Vesi_Orlikin_tekojarvi_Vltava_ja_Otava\" >Vesi: Orl\u00edkin tekoj\u00e4rvi, Vltava ja Otava<\/a><ul class='ez-toc-list-level-3' ><li class='ez-toc-heading-level-3'><a class=\"ez-toc-link ez-toc-heading-25\" href=\"https:\/\/loudavymkrokem.cz\/fi\/retket-pisekin-ymparistossa\/#19_Laivamatka_Zvikov_%E2%86%94_Orlik\" >19. Laivamatka Zv\u00edkov \u2194 Orl\u00edk<\/a><\/li><li class='ez-toc-page-1 ez-toc-heading-level-3'><a class=\"ez-toc-link ez-toc-heading-26\" href=\"https:\/\/loudavymkrokem.cz\/fi\/retket-pisekin-ymparistossa\/#20_Orlikin_tekojarvi_rannat_ja_leirintaalueet\" >20. Orl\u00edkin tekoj\u00e4rvi: rannat ja leirint\u00e4alueet<\/a><\/li><li class='ez-toc-page-1 ez-toc-heading-level-3'><a class=\"ez-toc-link ez-toc-heading-27\" href=\"https:\/\/loudavymkrokem.cz\/fi\/retket-pisekin-ymparistossa\/#21_Cervena_Vltavan_varrella\" >21. \u010cerven\u00e1 Vltavan varrella<\/a><\/li><li class='ez-toc-page-1 ez-toc-heading-level-3'><a class=\"ez-toc-link ez-toc-heading-28\" href=\"https:\/\/loudavymkrokem.cz\/fi\/retket-pisekin-ymparistossa\/#22_Vodnany_ja_kalalammet\" >22. Vod\u0148any ja kalalammet<\/a><\/li><\/ul><\/li><li class='ez-toc-page-1 ez-toc-heading-level-2'><a class=\"ez-toc-link ez-toc-heading-29\" href=\"https:\/\/loudavymkrokem.cz\/fi\/retket-pisekin-ymparistossa\/#Etela-Boomin_kaupungit_ja_koko_paivan_kohteet\" >Etel\u00e4-B\u00f6\u00f6min kaupungit ja koko p\u00e4iv\u00e4n kohteet<\/a><ul class='ez-toc-list-level-3' ><li class='ez-toc-heading-level-3'><a class=\"ez-toc-link ez-toc-heading-30\" href=\"https:\/\/loudavymkrokem.cz\/fi\/retket-pisekin-ymparistossa\/#23_Hluboka_nad_Vltavou\" >23. Hlubok\u00e1 nad Vltavou<\/a><\/li><li class='ez-toc-page-1 ez-toc-heading-level-3'><a class=\"ez-toc-link ez-toc-heading-31\" href=\"https:\/\/loudavymkrokem.cz\/fi\/retket-pisekin-ymparistossa\/#24_Tabor\" >24. T\u00e1bor<\/a><\/li><li class='ez-toc-page-1 ez-toc-heading-level-3'><a class=\"ez-toc-link ez-toc-heading-32\" href=\"https:\/\/loudavymkrokem.cz\/fi\/retket-pisekin-ymparistossa\/#25_Holasovice\" >25. Hola\u0161ovice<\/a><\/li><li class='ez-toc-page-1 ez-toc-heading-level-3'><a class=\"ez-toc-link ez-toc-heading-33\" href=\"https:\/\/loudavymkrokem.cz\/fi\/retket-pisekin-ymparistossa\/#26_Ceske_Budejovice\" >26. \u010cesk\u00e9 Bud\u011bjovice<\/a><\/li><li class='ez-toc-page-1 ez-toc-heading-level-3'><a class=\"ez-toc-link ez-toc-heading-34\" href=\"https:\/\/loudavymkrokem.cz\/fi\/retket-pisekin-ymparistossa\/#27_Chynovin_luola\" >27. Ch\u00fdnovin luola<\/a><\/li><li class='ez-toc-page-1 ez-toc-heading-level-3'><a class=\"ez-toc-link ez-toc-heading-35\" href=\"https:\/\/loudavymkrokem.cz\/fi\/retket-pisekin-ymparistossa\/#28_Cesky_Krumlov\" >28. \u010cesk\u00fd Krumlov<\/a><\/li><li class='ez-toc-page-1 ez-toc-heading-level-3'><a class=\"ez-toc-link ez-toc-heading-36\" href=\"https:\/\/loudavymkrokem.cz\/fi\/retket-pisekin-ymparistossa\/#29_Trebon_ja_lampimaisema\" >29. T\u0159ebo\u0148 ja lampimaisema<\/a><\/li><li class='ez-toc-page-1 ez-toc-heading-level-3'><a class=\"ez-toc-link ez-toc-heading-37\" href=\"https:\/\/loudavymkrokem.cz\/fi\/retket-pisekin-ymparistossa\/#30_Sumava\" >30. \u0160umava<\/a><\/li><\/ul><\/li><li class='ez-toc-page-1 ez-toc-heading-level-2'><a class=\"ez-toc-link ez-toc-heading-38\" href=\"https:\/\/loudavymkrokem.cz\/fi\/retket-pisekin-ymparistossa\/#Mika_Pisekin_ymparistossa_on_auki_myos_sesongin_ulkopuolella\" >Mik\u00e4 P\u00edsekin ymp\u00e4rist\u00f6ss\u00e4 on auki my\u00f6s sesongin ulkopuolella<\/a><\/li><li class='ez-toc-page-1 ez-toc-heading-level-2'><a class=\"ez-toc-link ez-toc-heading-39\" href=\"https:\/\/loudavymkrokem.cz\/fi\/retket-pisekin-ymparistossa\/#Minne_suunnata_Pisekista_ilman_autoa\" >Minne suunnata P\u00edsekist\u00e4 ilman autoa<\/a><\/li><li class='ez-toc-page-1 ez-toc-heading-level-2'><a class=\"ez-toc-link ez-toc-heading-40\" href=\"https:\/\/loudavymkrokem.cz\/fi\/retket-pisekin-ymparistossa\/#Minne_seuraavaksi\" >Minne seuraavaksi<\/a><\/li><li class='ez-toc-page-1 ez-toc-heading-level-2'><a class=\"ez-toc-link ez-toc-heading-41\" href=\"https:\/\/loudavymkrokem.cz\/fi\/retket-pisekin-ymparistossa\/#Usein_kysytyt_kysymykset\" >Usein kysytyt kysymykset<\/a><ul class='ez-toc-list-level-3' ><li class='ez-toc-heading-level-3'><a class=\"ez-toc-link ez-toc-heading-42\" href=\"https:\/\/loudavymkrokem.cz\/fi\/retket-pisekin-ymparistossa\/#Minne_yhden_paivan_retkelle_Pisekista\" >Minne yhden p\u00e4iv\u00e4n retkelle P\u00edsekist\u00e4?<\/a><\/li><li class='ez-toc-page-1 ez-toc-heading-level-3'><a class=\"ez-toc-link ez-toc-heading-43\" href=\"https:\/\/loudavymkrokem.cz\/fi\/retket-pisekin-ymparistossa\/#Minne_viikonlopuksi_Pisek-alueelle\" >Minne viikonlopuksi P\u00edsek-alueelle?<\/a><\/li><li class='ez-toc-page-1 ez-toc-heading-level-3'><a class=\"ez-toc-link ez-toc-heading-44\" href=\"https:\/\/loudavymkrokem.cz\/fi\/retket-pisekin-ymparistossa\/#Mita_lasten_kanssa_Pisek-alueella\" >Mit\u00e4 lasten kanssa P\u00edsek-alueella?<\/a><\/li><li class='ez-toc-page-1 ez-toc-heading-level-3'><a class=\"ez-toc-link ez-toc-heading-45\" href=\"https:\/\/loudavymkrokem.cz\/fi\/retket-pisekin-ymparistossa\/#Kuinka_kaukana_Zvikov_on_Pisekista\" >Kuinka kaukana Zv\u00edkov on P\u00edsekist\u00e4?<\/a><\/li><li class='ez-toc-page-1 ez-toc-heading-level-3'><a class=\"ez-toc-link ez-toc-heading-46\" href=\"https:\/\/loudavymkrokem.cz\/fi\/retket-pisekin-ymparistossa\/#Kulkeeko_laiva_Zvikovista_Orlikiin\" >Kulkeeko laiva Zv\u00edkovista Orl\u00edkiin?<\/a><\/li><li class='ez-toc-page-1 ez-toc-heading-level-3'><a class=\"ez-toc-link ez-toc-heading-47\" href=\"https:\/\/loudavymkrokem.cz\/fi\/retket-pisekin-ymparistossa\/#Mika_on_paras_retki_alle_15_minuutin_paassa_kaupungista\" >Mik\u00e4 on paras retki alle 15 minuutin p\u00e4\u00e4ss\u00e4 kaupungista?<\/a><\/li><li class='ez-toc-page-1 ez-toc-heading-level-3'><a class=\"ez-toc-link ez-toc-heading-48\" href=\"https:\/\/loudavymkrokem.cz\/fi\/retket-pisekin-ymparistossa\/#Minne_Pisek-alueella_ilmaiseksi\" >Minne P\u00edsek-alueella ilmaiseksi?<\/a><\/li><li class='ez-toc-page-1 ez-toc-heading-level-3'><a class=\"ez-toc-link ez-toc-heading-49\" href=\"https:\/\/loudavymkrokem.cz\/fi\/retket-pisekin-ymparistossa\/#Mika_on_alueen_ymparistossa_avoinna_talvella\" >Mik\u00e4 on alueen ymp\u00e4rist\u00f6ss\u00e4 avoinna talvella?<\/a><\/li><\/ul><\/li><\/ul><\/nav><\/div>\n<h3 class=\"wp-block-heading\"><span class=\"ez-toc-section\" id=\"Yhteenveto\"><\/span>Yhteenveto<span class=\"ez-toc-section-end\"><\/span><\/h3>\n\n\n\n<ul class=\"wp-block-list\">\n<li><strong>Paras retki kokonaisuutena:<\/strong> K\u00e4ynti mahtavassa Zv\u00edkovin linnassa yhdistettyn\u00e4 laivaretkeen l\u00e4heiseen Orl\u00edkin linnaan.<\/li>\n\n\n\n<li><strong>L\u00e4hin kohde:<\/strong> Jarn\u00edkin n\u00e4k\u00f6torni ja siihen liittyv\u00e4t P\u00edsekin vuoret, joihin p\u00e4\u00e4set keskustasta vaikka mukavalla k\u00e4velyll\u00e4.<\/li>\n\n\n\n<li><strong>Paras lapsiperheille:<\/strong> Satumainen paja Selibovissa ja vastik\u00e4\u00e4n avattu Maleticen Farmapark t\u00e4ynn\u00e4 el\u00e4imi\u00e4 ja aktiviteetteja.<\/li>\n\n\n\n<li><strong>Sadep\u00e4iv\u00e4lle:<\/strong> Protiv\u00ednin Krokotiiliel\u00e4intarha, joka viihdytt\u00e4\u00e4 varmasti l\u00e4mpim\u00e4ss\u00e4, tai l\u00e4hikaupunkien kiinnostavat museot.<\/li>\n\n\n\n<li><strong>Unesco-vinkki:<\/strong> Hola\u0161ovicen kyl\u00e4, joka ylpeilee aivan ainutlaatuisella ja s\u00e4ilyneell\u00e4 talonpoikaisbarokilla.<\/li>\n\n\n\n<li><strong>Suosituin kohde:<\/strong> Hlubok\u00e1n linna, joka satumaisen arkkitehtuurinsa ansiosta houkuttelee turisteja ymp\u00e4ri maailmaa.<\/li>\n\n\n\n<li><strong>Sesongin ulkopuolella:<\/strong> Kun linnat nukkuvat talvella, n\u00e4k\u00f6tornit, el\u00e4intarhat ja retket P\u00edsekin vuorilla toimivat rajoituksetta l\u00e4pi vuoden.<\/li>\n<\/ul>\n\n\n\n<figure data-wp-context=\"{&quot;imageId&quot;:&quot;6a9527f50c2d2&quot;}\" data-wp-interactive=\"core\/image\" data-wp-key=\"6a9527f50c2d2\" class=\"wp-block-image size-full wp-lightbox-container\"><img decoding=\"async\" width=\"2200\" height=\"1467\" data-wp-class--hide=\"state.isContentHidden\" data-wp-class--show=\"state.isContentVisible\" data-wp-init=\"callbacks.setButtonStyles\" data-wp-on--click=\"actions.showLightbox\" data-wp-on--load=\"callbacks.setButtonStyles\" data-wp-on--pointerdown=\"actions.preloadImage\" data-wp-on--pointerenter=\"actions.preloadImageWithDelay\" data-wp-on--pointerleave=\"actions.cancelPreload\" data-wp-on-window--resize=\"callbacks.setButtonStyles\" src=\"https:\/\/loudavymkrokem.cz\/wp-content\/uploads\/2026\/08\/reka-otava-kamenny-most-pisek.jpg\" alt=\"Otava-joki ja Kivisilta P\u00edsekiss\u00e4 h\u00e4m\u00e4r\u00e4n aikaan\" class=\"wp-image-404438\" title=\"\" srcset=\"https:\/\/loudavymkrokem.cz\/wp-content\/uploads\/2026\/08\/reka-otava-kamenny-most-pisek.jpg 2200w, https:\/\/loudavymkrokem.cz\/wp-content\/uploads\/2026\/08\/reka-otava-kamenny-most-pisek-300x200.jpg 300w, https:\/\/loudavymkrokem.cz\/wp-content\/uploads\/2026\/08\/reka-otava-kamenny-most-pisek-700x467.jpg 700w, https:\/\/loudavymkrokem.cz\/wp-content\/uploads\/2026\/08\/reka-otava-kamenny-most-pisek-768x512.jpg 768w, https:\/\/loudavymkrokem.cz\/wp-content\/uploads\/2026\/08\/reka-otava-kamenny-most-pisek-1536x1024.jpg 1536w, https:\/\/loudavymkrokem.cz\/wp-content\/uploads\/2026\/08\/reka-otava-kamenny-most-pisek-2048x1366.jpg 2048w, https:\/\/loudavymkrokem.cz\/wp-content\/uploads\/2026\/08\/reka-otava-kamenny-most-pisek-696x464.jpg 696w, https:\/\/loudavymkrokem.cz\/wp-content\/uploads\/2026\/08\/reka-otava-kamenny-most-pisek-1392x928.jpg 1392w, https:\/\/loudavymkrokem.cz\/wp-content\/uploads\/2026\/08\/reka-otava-kamenny-most-pisek-1920x1280.jpg 1920w\" sizes=\"(max-width: 2200px) 100vw, 2200px\" \/><button\n\t\t\tclass=\"lightbox-trigger\"\n\t\t\ttype=\"button\"\n\t\t\taria-haspopup=\"dialog\"\n\t\t\tdata-wp-bind--aria-label=\"state.thisImage.triggerButtonAriaLabel\"\n\t\t\tdata-wp-init=\"callbacks.initTriggerButton\"\n\t\t\tdata-wp-on--click=\"actions.showLightbox\"\n\t\t\tdata-wp-style--right=\"state.thisImage.buttonRight\"\n\t\t\tdata-wp-style--top=\"state.thisImage.buttonTop\"\n\t\t>\n\t\t\t<svg xmlns=\"http:\/\/www.w3.org\/2000\/svg\" width=\"12\" height=\"12\" fill=\"none\" viewBox=\"0 0 12 12\">\n\t\t\t\t<path fill=\"#fff\" d=\"M2 0a2 2 0 0 0-2 2v2h1.5V2a.5.5 0 0 1 .5-.5h2V0H2Zm2 10.5H2a.5.5 0 0 1-.5-.5V8H0v2a2 2 0 0 0 2 2h2v-1.5ZM8 12v-1.5h2a.5.5 0 0 0 .5-.5V8H12v2a2 2 0 0 1-2 2H8Zm2-12a2 2 0 0 1 2 2v2h-1.5V2a.5.5 0 0 0-.5-.5H8V0h2Z\" \/>\n\t\t\t<\/svg>\n\t\t<\/button><\/figure>\n\n\n\n<h2 class=\"wp-block-heading\"><span class=\"ez-toc-section\" id=\"Miten_suunnitella_retket_Pisekista\"><\/span>Miten suunnitella retket P\u00edsekist\u00e4<span class=\"ez-toc-section-end\"><\/span><\/h2>\n\n\n\n<p class=\"wp-block-paragraph\">P\u00edsekill\u00e4 on poikkeuksellisen strateginen sijainti l\u00e4hell\u00e4 D4-moottoritiet\u00e4, mik\u00e4 k\u00e4yt\u00e4nn\u00f6ss\u00e4 tarkoittaa, ett\u00e4 <strong>siirtym\u00e4t kohti Prahaa ja syvemm\u00e4lle etel\u00e4\u00e4n ovat hyvin nopeita ja mukavia<\/strong>. Paremman j\u00e4sentelyn vuoksi jaan retket lyhyempiin puolen p\u00e4iv\u00e4n retkiin, jotka sijaitsevat noin kolmenkymmenen kilometrin p\u00e4\u00e4ss\u00e4 kaupungista, ja pidempiin koko p\u00e4iv\u00e4n retkiin yli nelj\u00e4nkymmenen kilometrin p\u00e4\u00e4h\u00e4n, joihin varaamme mieluummin kokonaisia vapaap\u00e4ivi\u00e4.<\/p>\n\n\n\n<p class=\"wp-block-paragraph\">Kun suunnittelet mink\u00e4 tahansa kansallisen muistomerkkiviraston alaisen linnan tai kartanon kiert\u00e4mist\u00e4, <strong>varaudu siihen, ett\u00e4 maanantaisin ne ovat yleens\u00e4 kiinni<\/strong>. T\u00e4m\u00e4 hiljainen muistomerkkihallinnon sopimus koskee my\u00f6s alueen suurimpia vetonauloja, joten suunnittele viikon alkuun mieluummin luontoa, n\u00e4k\u00f6torneja tai el\u00e4intarhoja, joiden aukioloajat ovat paljon joustavampia.<\/p>\n\n\n\n<p class=\"wp-block-paragraph\">Etel\u00e4-B\u00f6\u00f6mi on lis\u00e4ksi valtavan suosittu py\u00f6r\u00e4ilij\u00f6iden keskuudessa, ja <strong>tihe\u00e4 py\u00f6r\u00e4teiden verkosto vie sinut turvallisesti moniin kohteisiin Otava-joen varrella<\/strong>. Jos luotat julkiseen liikenteeseen, junalla p\u00e4\u00e4set meilt\u00e4 kauniisti l\u00e4hikaupunkeihin, mutta osaan syrj\u00e4isemmist\u00e4 n\u00e4ht\u00e4vyyksist\u00e4 on usein paljon parempi ja nopeampi k\u00e4ytt\u00e4\u00e4 alueellisia bussilinjoja.<\/p>\n\n\n\n<figure data-wp-context=\"{&quot;imageId&quot;:&quot;6a9527f50c6ec&quot;}\" data-wp-interactive=\"core\/image\" data-wp-key=\"6a9527f50c6ec\" class=\"wp-block-image size-full wp-lightbox-container\"><img decoding=\"async\" width=\"2528\" height=\"1696\" data-wp-class--hide=\"state.isContentHidden\" data-wp-class--show=\"state.isContentVisible\" data-wp-init=\"callbacks.setButtonStyles\" data-wp-on--click=\"actions.showLightbox\" data-wp-on--load=\"callbacks.setButtonStyles\" data-wp-on--pointerdown=\"actions.preloadImage\" data-wp-on--pointerenter=\"actions.preloadImageWithDelay\" data-wp-on--pointerleave=\"actions.cancelPreload\" data-wp-on-window--resize=\"callbacks.setButtonStyles\" src=\"https:\/\/loudavymkrokem.cz\/wp-content\/uploads\/2026\/08\/lk-03.jpg\" alt=\"N\u00e4kym\u00e4 maisemaan P\u00edsekin vuorilta\" class=\"wp-image-403972\" title=\"\" srcset=\"https:\/\/loudavymkrokem.cz\/wp-content\/uploads\/2026\/08\/lk-03.jpg 2528w, https:\/\/loudavymkrokem.cz\/wp-content\/uploads\/2026\/08\/lk-03-300x201.jpg 300w, https:\/\/loudavymkrokem.cz\/wp-content\/uploads\/2026\/08\/lk-03-700x470.jpg 700w, https:\/\/loudavymkrokem.cz\/wp-content\/uploads\/2026\/08\/lk-03-768x515.jpg 768w, https:\/\/loudavymkrokem.cz\/wp-content\/uploads\/2026\/08\/lk-03-1536x1030.jpg 1536w, https:\/\/loudavymkrokem.cz\/wp-content\/uploads\/2026\/08\/lk-03-2048x1374.jpg 2048w, https:\/\/loudavymkrokem.cz\/wp-content\/uploads\/2026\/08\/lk-03-696x467.jpg 696w, https:\/\/loudavymkrokem.cz\/wp-content\/uploads\/2026\/08\/lk-03-1392x934.jpg 1392w, https:\/\/loudavymkrokem.cz\/wp-content\/uploads\/2026\/08\/lk-03-1920x1288.jpg 1920w\" sizes=\"(max-width: 2528px) 100vw, 2528px\" \/><button\n\t\t\tclass=\"lightbox-trigger\"\n\t\t\ttype=\"button\"\n\t\t\taria-haspopup=\"dialog\"\n\t\t\tdata-wp-bind--aria-label=\"state.thisImage.triggerButtonAriaLabel\"\n\t\t\tdata-wp-init=\"callbacks.initTriggerButton\"\n\t\t\tdata-wp-on--click=\"actions.showLightbox\"\n\t\t\tdata-wp-style--right=\"state.thisImage.buttonRight\"\n\t\t\tdata-wp-style--top=\"state.thisImage.buttonTop\"\n\t\t>\n\t\t\t<svg xmlns=\"http:\/\/www.w3.org\/2000\/svg\" width=\"12\" height=\"12\" fill=\"none\" viewBox=\"0 0 12 12\">\n\t\t\t\t<path fill=\"#fff\" d=\"M2 0a2 2 0 0 0-2 2v2h1.5V2a.5.5 0 0 1 .5-.5h2V0H2Zm2 10.5H2a.5.5 0 0 1-.5-.5V8H0v2a2 2 0 0 0 2 2h2v-1.5ZM8 12v-1.5h2a.5.5 0 0 0 .5-.5V8H12v2a2 2 0 0 1-2 2H8Zm2-12a2 2 0 0 1 2 2v2h-1.5V2a.5.5 0 0 0-.5-.5H8V0h2Z\" \/>\n\t\t\t<\/svg>\n\t\t<\/button><figcaption class=\"wp-element-caption\">Valokuvan mukaan: Chmee2 \/ Wikimedia Commons, CC BY-SA 3.0 \u00b7 v\u00e4rikorjattu<\/figcaption><\/figure>\n\n\n\n<h2 class=\"wp-block-heading\"><span class=\"ez-toc-section\" id=\"Missa_majoittua_kun_haluat_kiertaa_ymparistoa\"><\/span>Miss\u00e4 majoittua, kun haluat kiert\u00e4\u00e4 ymp\u00e4rist\u00f6\u00e4<span class=\"ez-toc-section-end\"><\/span><\/h2>\n\n\n\n<p class=\"wp-block-paragraph\">Jos l\u00e4hdet P\u00edsekin seudulle viikonlopuksi tai viikoksi, <strong>kannattaa majoittua suoraan P\u00edsekiin<\/strong> ja tehd\u00e4 sielt\u00e4 retki\u00e4 ymp\u00e4rist\u00f6\u00f6n. Suurin osa t\u00e4m\u00e4n artikkelin kohteista on puolen tunnin ajomatkan p\u00e4\u00e4ss\u00e4, ja illalla palaat kaupunkiin, jossa on tilaa pys\u00e4k\u00f6id\u00e4, sy\u00f6d\u00e4 ja k\u00e4vell\u00e4 rantabulevardilla.<\/p>\n\n\n\n<p class=\"wp-block-paragraph\">Parhaan osoitteen tarjoaa <strong><a href=\"https:\/\/www.stay22.com\/allez\/roam?aid=lukaskonecny&amp;campaign=loudavymkrokemcz&amp;campaign=vylety-v-okoli-pisku&amp;hotelname=Hotel%20Biograf&amp;address=P%C3%ADsek%2C%20%C4%8Cesko\" target=\"_blank\" rel=\"nofollow sponsored noopener\">Hotel Biograf<\/a><\/strong> aivan Suuren torin l\u00e4hell\u00e4. Se on remontoitu ja kuuluu pitk\u00e4\u00e4n P\u00edsekin parhaiten arvioituihin. Rauhallisempi vaihtoehto on <strong><a href=\"https:\/\/www.stay22.com\/allez\/roam?aid=lukaskonecny&amp;campaign=loudavymkrokemcz&amp;campaign=vylety-v-okoli-pisku&amp;hotelname=Hotel%20U%20Kapli%C4%8Dky&amp;address=P%C3%ADsek%2C%20%C4%8Cesko\" target=\"_blank\" rel=\"nofollow sponsored noopener\">Hotel U Kapli\u010dky<\/a><\/strong>, jossa on oma ravintola ja pys\u00e4k\u00f6inti \u2014 arvostat sit\u00e4, kun palaat my\u00f6h\u00e4\u00e4n retkelt\u00e4.<\/p>\n\n\n\n<p class=\"wp-block-paragraph\">Edullisemmin tulee <strong><a href=\"https:\/\/www.stay22.com\/allez\/roam?aid=lukaskonecny&amp;campaign=loudavymkrokemcz&amp;campaign=vylety-v-okoli-pisku&amp;hotelname=Penzion%20Sport&amp;address=P%C3%ADsek%2C%20%C4%8Cesko\" target=\"_blank\" rel=\"nofollow sponsored noopener\">Penzion Sport<\/a><\/strong>, josta on urheilualueelle ja uimarannalle vain muutaman minuutin k\u00e4velymatka. Ja jos haluat olla suoraan historiallisessa keskustassa, kokeile <strong><a href=\"https:\/\/www.stay22.com\/allez\/roam?aid=lukaskonecny&amp;campaign=loudavymkrokemcz&amp;campaign=vylety-v-okoli-pisku&amp;hotelname=Hotel%20Otava&amp;address=P%C3%ADsek%2C%20%C4%8Cesko\" target=\"_blank\" rel=\"nofollow sponsored noopener\">Hotel Otavaa<\/a><\/strong> ensimm\u00e4isen tasavallan ajan rakennuksessa Al\u0161in maalauksineen \u2014 huoneita on kuitenkin vaikeampi saada, joten varaa ne hyviss\u00e4 ajoin.<\/p>\n\n\n\n<p class=\"wp-block-paragraph\">\ud83d\udca1 <strong>Vinkki:<\/strong> Katso P\u00edsekin koko majoitustarjonta ajankohtaisine hintoineen <a href=\"https:\/\/www.stay22.com\/allez\/roam?aid=lukaskonecny&amp;campaign=loudavymkrokemcz&amp;campaign=vylety-v-okoli-pisku&amp;address=P%C3%ADsek%2C%20%C4%8Cesko\" target=\"_blank\" rel=\"nofollow sponsored noopener\">P\u00edsekin majoituskartalta<\/a> \u2014 sesonkiaikaan ja pidennettyin\u00e4 viikonloppuina paikat t\u00e4yttyv\u00e4t nopeasti.<\/p>\n\n\n\n<h2 class=\"wp-block-heading\"><span class=\"ez-toc-section\" id=\"Retket_15_kilometrin_sateella_puoleksi_paivaksi_tai_pyoralla\"><\/span>Retket 15 kilometrin s\u00e4teell\u00e4: puoleksi p\u00e4iv\u00e4ksi tai py\u00f6r\u00e4ll\u00e4<span class=\"ez-toc-section-end\"><\/span><\/h2>\n\n\n\n<p class=\"wp-block-paragraph\">N\u00e4m\u00e4 l\u00e4himm\u00e4t kohteet ovat todella vain kivenheiton p\u00e4\u00e4ss\u00e4, ja P\u00edsekin perheet k\u00e4yv\u00e4t t\u00e4\u00e4ll\u00e4 l\u00e4hinn\u00e4 viikonloppuisin, kun autossa ei halua viett\u00e4\u00e4 liikaa aikaa. Ehdit ne hyvin vaikka iltap\u00e4iv\u00e4n aikana tai mukavana py\u00f6r\u00e4retken kohteena.<\/p>\n\n\n\n<figure data-wp-context=\"{&quot;imageId&quot;:&quot;6a9527f50ccfc&quot;}\" data-wp-interactive=\"core\/image\" data-wp-key=\"6a9527f50ccfc\" class=\"wp-block-image size-full wp-lightbox-container\"><img decoding=\"async\" width=\"2528\" height=\"1696\" data-wp-class--hide=\"state.isContentHidden\" data-wp-class--show=\"state.isContentVisible\" data-wp-init=\"callbacks.setButtonStyles\" data-wp-on--click=\"actions.showLightbox\" data-wp-on--load=\"callbacks.setButtonStyles\" data-wp-on--pointerdown=\"actions.preloadImage\" data-wp-on--pointerenter=\"actions.preloadImageWithDelay\" data-wp-on--pointerleave=\"actions.cancelPreload\" data-wp-on-window--resize=\"callbacks.setButtonStyles\" src=\"https:\/\/loudavymkrokem.cz\/wp-content\/uploads\/2026\/08\/lk-04.jpg\" alt=\"Jarn\u00edkin n\u00e4k\u00f6torni P\u00edsekin vuorilla\" class=\"wp-image-403974\" title=\"\" srcset=\"https:\/\/loudavymkrokem.cz\/wp-content\/uploads\/2026\/08\/lk-04.jpg 2528w, https:\/\/loudavymkrokem.cz\/wp-content\/uploads\/2026\/08\/lk-04-300x201.jpg 300w, https:\/\/loudavymkrokem.cz\/wp-content\/uploads\/2026\/08\/lk-04-700x470.jpg 700w, https:\/\/loudavymkrokem.cz\/wp-content\/uploads\/2026\/08\/lk-04-768x515.jpg 768w, https:\/\/loudavymkrokem.cz\/wp-content\/uploads\/2026\/08\/lk-04-1536x1030.jpg 1536w, https:\/\/loudavymkrokem.cz\/wp-content\/uploads\/2026\/08\/lk-04-2048x1374.jpg 2048w, https:\/\/loudavymkrokem.cz\/wp-content\/uploads\/2026\/08\/lk-04-696x467.jpg 696w, https:\/\/loudavymkrokem.cz\/wp-content\/uploads\/2026\/08\/lk-04-1392x934.jpg 1392w, https:\/\/loudavymkrokem.cz\/wp-content\/uploads\/2026\/08\/lk-04-1920x1288.jpg 1920w\" sizes=\"(max-width: 2528px) 100vw, 2528px\" \/><button\n\t\t\tclass=\"lightbox-trigger\"\n\t\t\ttype=\"button\"\n\t\t\taria-haspopup=\"dialog\"\n\t\t\tdata-wp-bind--aria-label=\"state.thisImage.triggerButtonAriaLabel\"\n\t\t\tdata-wp-init=\"callbacks.initTriggerButton\"\n\t\t\tdata-wp-on--click=\"actions.showLightbox\"\n\t\t\tdata-wp-style--right=\"state.thisImage.buttonRight\"\n\t\t\tdata-wp-style--top=\"state.thisImage.buttonTop\"\n\t\t>\n\t\t\t<svg xmlns=\"http:\/\/www.w3.org\/2000\/svg\" width=\"12\" height=\"12\" fill=\"none\" viewBox=\"0 0 12 12\">\n\t\t\t\t<path fill=\"#fff\" d=\"M2 0a2 2 0 0 0-2 2v2h1.5V2a.5.5 0 0 1 .5-.5h2V0H2Zm2 10.5H2a.5.5 0 0 1-.5-.5V8H0v2a2 2 0 0 0 2 2h2v-1.5ZM8 12v-1.5h2a.5.5 0 0 0 .5-.5V8H12v2a2 2 0 0 1-2 2H8Zm2-12a2 2 0 0 1 2 2v2h-1.5V2a.5.5 0 0 0-.5-.5H8V0h2Z\" \/>\n\t\t\t<\/svg>\n\t\t<\/button><figcaption class=\"wp-element-caption\">Valokuvan mukaan: Chmee2 \/ Wikimedia Commons, CC BY 3.0 \u00b7 v\u00e4rikorjattu<\/figcaption><\/figure>\n\n\n\n<h3 class=\"wp-block-heading\"><span class=\"ez-toc-section\" id=\"1_Jarnikin_nakotorni\"><\/span>1. Jarn\u00edkin n\u00e4k\u00f6torni<span class=\"ez-toc-section-end\"><\/span><\/h3>\n\n\n\n<p class=\"wp-block-paragraph\">P\u00edsekin keskustasta n\u00e4k\u00f6tornille on vain <strong>5,1 kilometri\u00e4, mik\u00e4 autolla vie noin 21 minuuttia<\/strong> parkkipaikalle asti. Se sijaitsee suoraan P\u00edsekin vuorilla kaupungin yl\u00e4puolella, ja ilmaiselta U Vod\u00e1ka -parkkipaikalta itse tornille on viel\u00e4 noin 1,7 kilometri\u00e4 k\u00e4vely\u00e4 kauniin mets\u00e4n halki.<\/p>\n\n\n\n<p class=\"wp-block-paragraph\">Nousu on ilmainen ja auki ymp\u00e4ri vuorokauden. L\u00e4hes tuhat ihmist\u00e4 on arvioinut sen keskim\u00e4\u00e4rin nelj\u00e4 ja puoli t\u00e4hte\u00e4, ja vaikka kyseess\u00e4 on teknisesti telekommunikaatiotorni, n\u00e4k\u00f6alatasanteelta avautuu kaunis ympyr\u00e4n\u00e4kym\u00e4 kaupunkiin ja ymp\u00e4rist\u00f6\u00f6n, jos ei satu sumu haittaamaan.<\/p>\n\n\n\n<p class=\"wp-block-paragraph\">T\u00e4m\u00e4 retki <strong>yhdistyy lis\u00e4ksi ihanteellisesti l\u00e4heiseen U Vod\u00e1ka -tarhaan<\/strong>, jossa voit tarkkailla kuusipeuroja ja mufloneita. V\u00e4h\u00e4n matkan p\u00e4\u00e4ss\u00e4 \u017divec-m\u00f6kin luota l\u00f6yd\u00e4t suositun 3D-labyrintin puiden latvustossa, mik\u00e4 tekee t\u00e4st\u00e4 paikasta t\u00e4ydellisen puolen p\u00e4iv\u00e4n kohteen kaikenik\u00e4isille.<\/p>\n\n\n\n<figure data-wp-context=\"{&quot;imageId&quot;:&quot;6a9527f50d46d&quot;}\" data-wp-interactive=\"core\/image\" data-wp-key=\"6a9527f50d46d\" class=\"wp-block-image size-full wp-lightbox-container\"><img decoding=\"async\" width=\"2528\" height=\"1696\" data-wp-class--hide=\"state.isContentHidden\" data-wp-class--show=\"state.isContentVisible\" data-wp-init=\"callbacks.setButtonStyles\" data-wp-on--click=\"actions.showLightbox\" data-wp-on--load=\"callbacks.setButtonStyles\" data-wp-on--pointerdown=\"actions.preloadImage\" data-wp-on--pointerenter=\"actions.preloadImageWithDelay\" data-wp-on--pointerleave=\"actions.cancelPreload\" data-wp-on-window--resize=\"callbacks.setButtonStyles\" src=\"https:\/\/loudavymkrokem.cz\/wp-content\/uploads\/2026\/08\/lk-05.jpg\" alt=\"N\u00e4kym\u00e4 P\u00edsekiin P\u00edsekin vuorilta\" class=\"wp-image-403977\" title=\"\" srcset=\"https:\/\/loudavymkrokem.cz\/wp-content\/uploads\/2026\/08\/lk-05.jpg 2528w, https:\/\/loudavymkrokem.cz\/wp-content\/uploads\/2026\/08\/lk-05-300x201.jpg 300w, https:\/\/loudavymkrokem.cz\/wp-content\/uploads\/2026\/08\/lk-05-700x470.jpg 700w, https:\/\/loudavymkrokem.cz\/wp-content\/uploads\/2026\/08\/lk-05-768x515.jpg 768w, https:\/\/loudavymkrokem.cz\/wp-content\/uploads\/2026\/08\/lk-05-1536x1030.jpg 1536w, https:\/\/loudavymkrokem.cz\/wp-content\/uploads\/2026\/08\/lk-05-2048x1374.jpg 2048w, https:\/\/loudavymkrokem.cz\/wp-content\/uploads\/2026\/08\/lk-05-696x467.jpg 696w, https:\/\/loudavymkrokem.cz\/wp-content\/uploads\/2026\/08\/lk-05-1392x934.jpg 1392w, https:\/\/loudavymkrokem.cz\/wp-content\/uploads\/2026\/08\/lk-05-1920x1288.jpg 1920w\" sizes=\"(max-width: 2528px) 100vw, 2528px\" \/><button\n\t\t\tclass=\"lightbox-trigger\"\n\t\t\ttype=\"button\"\n\t\t\taria-haspopup=\"dialog\"\n\t\t\tdata-wp-bind--aria-label=\"state.thisImage.triggerButtonAriaLabel\"\n\t\t\tdata-wp-init=\"callbacks.initTriggerButton\"\n\t\t\tdata-wp-on--click=\"actions.showLightbox\"\n\t\t\tdata-wp-style--right=\"state.thisImage.buttonRight\"\n\t\t\tdata-wp-style--top=\"state.thisImage.buttonTop\"\n\t\t>\n\t\t\t<svg xmlns=\"http:\/\/www.w3.org\/2000\/svg\" width=\"12\" height=\"12\" fill=\"none\" viewBox=\"0 0 12 12\">\n\t\t\t\t<path fill=\"#fff\" d=\"M2 0a2 2 0 0 0-2 2v2h1.5V2a.5.5 0 0 1 .5-.5h2V0H2Zm2 10.5H2a.5.5 0 0 1-.5-.5V8H0v2a2 2 0 0 0 2 2h2v-1.5ZM8 12v-1.5h2a.5.5 0 0 0 .5-.5V8H12v2a2 2 0 0 1-2 2H8Zm2-12a2 2 0 0 1 2 2v2h-1.5V2a.5.5 0 0 0-.5-.5H8V0h2Z\" \/>\n\t\t\t<\/svg>\n\t\t<\/button><figcaption class=\"wp-element-caption\">Valokuvan mukaan: Chmee2 \/ Wikimedia Commons, CC BY-SA 3.0 \u00b7 v\u00e4rikorjattu<\/figcaption><\/figure>\n\n\n\n<h3 class=\"wp-block-heading\"><span class=\"ez-toc-section\" id=\"2_Pisekin_vuoret\"><\/span>2. P\u00edsekin vuoret<span class=\"ez-toc-section-end\"><\/span><\/h3>\n\n\n\n<p class=\"wp-block-paragraph\">T\u00e4m\u00e4n laajan mets\u00e4alueen reunalle on <strong>noin 9,4 kilometri\u00e4, mik\u00e4 vastaa 24 minuutin ajomatkaa<\/strong> keskustasta. P\u00edsekin vuoret eiv\u00e4t oikeastaan ole varsinaisia vuoria, vaan pikemminkin ihana mets\u00e4inen kukkulaseutu, joka muodostaa koko P\u00edsekin seudun vihre\u00e4t keuhkot.<\/p>\n\n\n\n<p class=\"wp-block-paragraph\">T\u00e4\u00e4lt\u00e4 l\u00f6yd\u00e4t <strong>valtavan verkoston t\u00e4ydellisesti merkittyj\u00e4 polkuja ja hiljaisia lampia<\/strong>, jotka suorastaan houkuttelevat pitkiin k\u00e4velyihin. Suosittelen l\u00e4mpim\u00e4sti k\u00e4ym\u00e4\u00e4n P\u00edsekin metsurien n\u00e4k\u00f6alapaikalla, jossa on istuskelupaikka, kuvaus P\u00edsekin mets\u00e4talouden historiasta ja rauhallinen n\u00e4kym\u00e4 laaksoon. L\u00e4hdit sitten k\u00e4vellen keskustasta tai ajoit autolla \u017divec-m\u00f6kille, sinua odottaa aina uskomaton rauha.<\/p>\n\n\n\n<p class=\"wp-block-paragraph\">Polut ovat kestop\u00e4\u00e4llystettyj\u00e4 ja lastenvaunut kulkevat t\u00e4\u00e4ll\u00e4 ongelmitta. Silti t\u00e4\u00e4lt\u00e4 l\u00f6ytyy helposti sesonkiaikaankin sopukka, jossa et koko p\u00e4iv\u00e4n\u00e4 tapaa el\u00e4v\u00e4\u00e4 sielua, ker\u00e4sit sitten sieni\u00e4, juoksit tai vain kuljeksit.<\/p>\n\n\n\n<figure data-wp-context=\"{&quot;imageId&quot;:&quot;6a9527f50db07&quot;}\" data-wp-interactive=\"core\/image\" data-wp-key=\"6a9527f50db07\" class=\"wp-block-image size-full wp-lightbox-container\"><img decoding=\"async\" width=\"2200\" height=\"1467\" data-wp-class--hide=\"state.isContentHidden\" data-wp-class--show=\"state.isContentVisible\" data-wp-init=\"callbacks.setButtonStyles\" data-wp-on--click=\"actions.showLightbox\" data-wp-on--load=\"callbacks.setButtonStyles\" data-wp-on--pointerdown=\"actions.preloadImage\" data-wp-on--pointerenter=\"actions.preloadImageWithDelay\" data-wp-on--pointerleave=\"actions.cancelPreload\" data-wp-on-window--resize=\"callbacks.setButtonStyles\" src=\"https:\/\/loudavymkrokem.cz\/wp-content\/uploads\/2026\/08\/putim-nase-zviratka.jpg\" alt=\"Na\u0161e zv\u00ed\u0159\u00e1tka -el\u00e4inpuisto Putimissa\" class=\"wp-image-404439\" title=\"\" srcset=\"https:\/\/loudavymkrokem.cz\/wp-content\/uploads\/2026\/08\/putim-nase-zviratka.jpg 2200w, https:\/\/loudavymkrokem.cz\/wp-content\/uploads\/2026\/08\/putim-nase-zviratka-300x200.jpg 300w, https:\/\/loudavymkrokem.cz\/wp-content\/uploads\/2026\/08\/putim-nase-zviratka-700x467.jpg 700w, https:\/\/loudavymkrokem.cz\/wp-content\/uploads\/2026\/08\/putim-nase-zviratka-768x512.jpg 768w, https:\/\/loudavymkrokem.cz\/wp-content\/uploads\/2026\/08\/putim-nase-zviratka-1536x1024.jpg 1536w, https:\/\/loudavymkrokem.cz\/wp-content\/uploads\/2026\/08\/putim-nase-zviratka-2048x1366.jpg 2048w, https:\/\/loudavymkrokem.cz\/wp-content\/uploads\/2026\/08\/putim-nase-zviratka-696x464.jpg 696w, https:\/\/loudavymkrokem.cz\/wp-content\/uploads\/2026\/08\/putim-nase-zviratka-1392x928.jpg 1392w, https:\/\/loudavymkrokem.cz\/wp-content\/uploads\/2026\/08\/putim-nase-zviratka-1920x1280.jpg 1920w\" sizes=\"(max-width: 2200px) 100vw, 2200px\" \/><button\n\t\t\tclass=\"lightbox-trigger\"\n\t\t\ttype=\"button\"\n\t\t\taria-haspopup=\"dialog\"\n\t\t\tdata-wp-bind--aria-label=\"state.thisImage.triggerButtonAriaLabel\"\n\t\t\tdata-wp-init=\"callbacks.initTriggerButton\"\n\t\t\tdata-wp-on--click=\"actions.showLightbox\"\n\t\t\tdata-wp-style--right=\"state.thisImage.buttonRight\"\n\t\t\tdata-wp-style--top=\"state.thisImage.buttonTop\"\n\t\t>\n\t\t\t<svg xmlns=\"http:\/\/www.w3.org\/2000\/svg\" width=\"12\" height=\"12\" fill=\"none\" viewBox=\"0 0 12 12\">\n\t\t\t\t<path fill=\"#fff\" d=\"M2 0a2 2 0 0 0-2 2v2h1.5V2a.5.5 0 0 1 .5-.5h2V0H2Zm2 10.5H2a.5.5 0 0 1-.5-.5V8H0v2a2 2 0 0 0 2 2h2v-1.5ZM8 12v-1.5h2a.5.5 0 0 0 .5-.5V8H12v2a2 2 0 0 1-2 2H8Zm2-12a2 2 0 0 1 2 2v2h-1.5V2a.5.5 0 0 0-.5-.5H8V0h2Z\" \/>\n\t\t\t<\/svg>\n\t\t<\/button><\/figure>\n\n\n\n<h3 class=\"wp-block-heading\"><span class=\"ez-toc-section\" id=\"3_Putim_Nase_zviratka\"><\/span>3. Putim: Na\u0161e zv\u00ed\u0159\u00e1tka<span class=\"ez-toc-section-end\"><\/span><\/h3>\n\n\n\n<p class=\"wp-block-paragraph\">Kuuluisaan Putimin kyl\u00e4\u00e4n meill\u00e4 on vain <strong>6,5 kilometri\u00e4 ja automatka kest\u00e4\u00e4 kokonaiset 9 minuuttia<\/strong>. Kyl\u00e4 tunnetaan laajalti erityisesti kuuluisasta romaanista kelpo sotamies \u0160vejkist\u00e4, mutta paikallisille perheille suuri houkutin on kaunis el\u00e4inpuisto nimelt\u00e4 Na\u0161e zv\u00ed\u0159\u00e1tka.<\/p>\n\n\n\n<p class=\"wp-block-paragraph\">T\u00e4m\u00e4n pienen alueen <strong>sis\u00e4\u00e4np\u00e4\u00e4sy on t\u00e4ysin ilmainen ja t\u00e4\u00e4ll\u00e4 n\u00e4et kenguruita sek\u00e4 vallattomia surikaatteja<\/strong>. El\u00e4imet ovat tottuneet ihmisiin ja alue on huolellisesti hoidettu, joten viivyt t\u00e4\u00e4ll\u00e4 varmasti pidemp\u00e4\u00e4n kuin ensi n\u00e4kem\u00e4lt\u00e4 uskoisit. Ajankohtaiset aukioloajat l\u00f6yd\u00e4t osoitteesta <a href=\"https:\/\/nasezviratkaputim.cz\" rel=\"nofollow noopener\" target=\"_blank\">nasezviratkaputim.cz<\/a>.<\/p>\n\n\n\n<p class=\"wp-block-paragraph\">Kun olet saanut el\u00e4imist\u00e4 kyllin, poikkea viel\u00e4 Blanice-joen ylitt\u00e4v\u00e4lle vanhalle kivisillalle ja pyh\u00e4n Laurentiuksen kirkolle \u2014 se kyl\u00e4n leppoisuus vain vie syd\u00e4men, vaikka k\u00e4visit siell\u00e4 vain puoli tuntia.<\/p>\n\n\n\n<figure data-wp-context=\"{&quot;imageId&quot;:&quot;6a9527f50e15c&quot;}\" data-wp-interactive=\"core\/image\" data-wp-key=\"6a9527f50e15c\" class=\"wp-block-image size-full wp-lightbox-container\"><img decoding=\"async\" width=\"2200\" height=\"1467\" data-wp-class--hide=\"state.isContentHidden\" data-wp-class--show=\"state.isContentVisible\" data-wp-init=\"callbacks.setButtonStyles\" data-wp-on--click=\"actions.showLightbox\" data-wp-on--load=\"callbacks.setButtonStyles\" data-wp-on--pointerdown=\"actions.preloadImage\" data-wp-on--pointerenter=\"actions.preloadImageWithDelay\" data-wp-on--pointerleave=\"actions.cancelPreload\" data-wp-on-window--resize=\"callbacks.setButtonStyles\" src=\"https:\/\/loudavymkrokem.cz\/wp-content\/uploads\/2026\/08\/selibov-pohadkova-kovarna.jpg\" alt=\"Satumainen paja Selibovissa\" class=\"wp-image-404443\" title=\"\" srcset=\"https:\/\/loudavymkrokem.cz\/wp-content\/uploads\/2026\/08\/selibov-pohadkova-kovarna.jpg 2200w, https:\/\/loudavymkrokem.cz\/wp-content\/uploads\/2026\/08\/selibov-pohadkova-kovarna-300x200.jpg 300w, https:\/\/loudavymkrokem.cz\/wp-content\/uploads\/2026\/08\/selibov-pohadkova-kovarna-700x467.jpg 700w, https:\/\/loudavymkrokem.cz\/wp-content\/uploads\/2026\/08\/selibov-pohadkova-kovarna-768x512.jpg 768w, https:\/\/loudavymkrokem.cz\/wp-content\/uploads\/2026\/08\/selibov-pohadkova-kovarna-1536x1024.jpg 1536w, https:\/\/loudavymkrokem.cz\/wp-content\/uploads\/2026\/08\/selibov-pohadkova-kovarna-2048x1366.jpg 2048w, https:\/\/loudavymkrokem.cz\/wp-content\/uploads\/2026\/08\/selibov-pohadkova-kovarna-696x464.jpg 696w, https:\/\/loudavymkrokem.cz\/wp-content\/uploads\/2026\/08\/selibov-pohadkova-kovarna-1392x928.jpg 1392w, https:\/\/loudavymkrokem.cz\/wp-content\/uploads\/2026\/08\/selibov-pohadkova-kovarna-1920x1280.jpg 1920w\" sizes=\"(max-width: 2200px) 100vw, 2200px\" \/><button\n\t\t\tclass=\"lightbox-trigger\"\n\t\t\ttype=\"button\"\n\t\t\taria-haspopup=\"dialog\"\n\t\t\tdata-wp-bind--aria-label=\"state.thisImage.triggerButtonAriaLabel\"\n\t\t\tdata-wp-init=\"callbacks.initTriggerButton\"\n\t\t\tdata-wp-on--click=\"actions.showLightbox\"\n\t\t\tdata-wp-style--right=\"state.thisImage.buttonRight\"\n\t\t\tdata-wp-style--top=\"state.thisImage.buttonTop\"\n\t\t>\n\t\t\t<svg xmlns=\"http:\/\/www.w3.org\/2000\/svg\" width=\"12\" height=\"12\" fill=\"none\" viewBox=\"0 0 12 12\">\n\t\t\t\t<path fill=\"#fff\" d=\"M2 0a2 2 0 0 0-2 2v2h1.5V2a.5.5 0 0 1 .5-.5h2V0H2Zm2 10.5H2a.5.5 0 0 1-.5-.5V8H0v2a2 2 0 0 0 2 2h2v-1.5ZM8 12v-1.5h2a.5.5 0 0 0 .5-.5V8H12v2a2 2 0 0 1-2 2H8Zm2-12a2 2 0 0 1 2 2v2h-1.5V2a.5.5 0 0 0-.5-.5H8V0h2Z\" \/>\n\t\t\t<\/svg>\n\t\t<\/button><\/figure>\n\n\n\n<h3 class=\"wp-block-heading\"><span class=\"ez-toc-section\" id=\"4_Selibov_Satumainen_paja\"><\/span>4. Selibov: Satumainen paja<span class=\"ez-toc-section-end\"><\/span><\/h3>\n\n\n\n<p class=\"wp-block-paragraph\">Matka Seliboviin on <strong>8,2 kilometri\u00e4 ja vie noin 9 minuuttia ajoa<\/strong> P\u00edsekin torilta. T\u00e4\u00e4ll\u00e4 sijaitsee upea Satumainen paja (Poh\u00e1dkov\u00e1 kov\u00e1rna), joka kuuluu koko laajan ymp\u00e4rist\u00f6n perheiden suosituimpiin kohteisiin ja ylpeilee tuhansien ihmisten antamalla 4,7 t\u00e4hden arviolla.<\/p>\n\n\n\n<p class=\"wp-block-paragraph\">Historiallisen rakennuksen sis\u00e4ll\u00e4 sinua odottavat pirut, n\u00e4kit ja s\u00f6p\u00f6t keijut \u2014 l\u00e4hinn\u00e4 pienemmille lapsille, mutta rehellisesti sanottuna aikuisetkin j\u00e4\u00e4v\u00e4t sinne suu auki. Hahmot ovat uskomattoman viimeisteltyj\u00e4, ja se hieman salaper\u00e4inen vanhojen t\u0161ekkil\u00e4isten tarujen tunnelma vain istuu t\u00e4ydellisesti.<\/p>\n\n\n\n<p class=\"wp-block-paragraph\">Alueeseen kuuluu my\u00f6s <strong>askarteluhuone taitaville k\u00e4sille, ja pihalla pidet\u00e4\u00e4n el\u00e4vi\u00e4 aaseja<\/strong>, jotka pirist\u00e4v\u00e4t vierailua mukavasti. Aukioloajat ja ajankohtaisen p\u00e4\u00e4symaksun kannattaa aina tarkistaa heid\u00e4n sivuiltaan <a href=\"https:\/\/pohadkovakovarna.cz\" rel=\"nofollow noopener\" target=\"_blank\">pohadkovakovarna.cz<\/a>, sill\u00e4 toiminta voi kes\u00e4sesongin ulkopuolella hieman muuttua.<\/p>\n\n\n\n<figure data-wp-context=\"{&quot;imageId&quot;:&quot;6a9527f50e608&quot;}\" data-wp-interactive=\"core\/image\" data-wp-key=\"6a9527f50e608\" class=\"wp-block-image size-full wp-lightbox-container\"><img decoding=\"async\" width=\"2528\" height=\"1696\" data-wp-class--hide=\"state.isContentHidden\" data-wp-class--show=\"state.isContentVisible\" data-wp-init=\"callbacks.setButtonStyles\" data-wp-on--click=\"actions.showLightbox\" data-wp-on--load=\"callbacks.setButtonStyles\" data-wp-on--pointerdown=\"actions.preloadImage\" data-wp-on--pointerenter=\"actions.preloadImageWithDelay\" data-wp-on--pointerleave=\"actions.cancelPreload\" data-wp-on-window--resize=\"callbacks.setButtonStyles\" src=\"https:\/\/loudavymkrokem.cz\/wp-content\/uploads\/2026\/08\/lk-08.jpg\" alt=\"Yl\u00e4linnake Kest\u0159anyssa\" class=\"wp-image-403988\" title=\"\" srcset=\"https:\/\/loudavymkrokem.cz\/wp-content\/uploads\/2026\/08\/lk-08.jpg 2528w, https:\/\/loudavymkrokem.cz\/wp-content\/uploads\/2026\/08\/lk-08-300x201.jpg 300w, https:\/\/loudavymkrokem.cz\/wp-content\/uploads\/2026\/08\/lk-08-700x470.jpg 700w, https:\/\/loudavymkrokem.cz\/wp-content\/uploads\/2026\/08\/lk-08-768x515.jpg 768w, https:\/\/loudavymkrokem.cz\/wp-content\/uploads\/2026\/08\/lk-08-1536x1030.jpg 1536w, https:\/\/loudavymkrokem.cz\/wp-content\/uploads\/2026\/08\/lk-08-2048x1374.jpg 2048w, https:\/\/loudavymkrokem.cz\/wp-content\/uploads\/2026\/08\/lk-08-696x467.jpg 696w, https:\/\/loudavymkrokem.cz\/wp-content\/uploads\/2026\/08\/lk-08-1392x934.jpg 1392w, https:\/\/loudavymkrokem.cz\/wp-content\/uploads\/2026\/08\/lk-08-1920x1288.jpg 1920w\" sizes=\"(max-width: 2528px) 100vw, 2528px\" \/><button\n\t\t\tclass=\"lightbox-trigger\"\n\t\t\ttype=\"button\"\n\t\t\taria-haspopup=\"dialog\"\n\t\t\tdata-wp-bind--aria-label=\"state.thisImage.triggerButtonAriaLabel\"\n\t\t\tdata-wp-init=\"callbacks.initTriggerButton\"\n\t\t\tdata-wp-on--click=\"actions.showLightbox\"\n\t\t\tdata-wp-style--right=\"state.thisImage.buttonRight\"\n\t\t\tdata-wp-style--top=\"state.thisImage.buttonTop\"\n\t\t>\n\t\t\t<svg xmlns=\"http:\/\/www.w3.org\/2000\/svg\" width=\"12\" height=\"12\" fill=\"none\" viewBox=\"0 0 12 12\">\n\t\t\t\t<path fill=\"#fff\" d=\"M2 0a2 2 0 0 0-2 2v2h1.5V2a.5.5 0 0 1 .5-.5h2V0H2Zm2 10.5H2a.5.5 0 0 1-.5-.5V8H0v2a2 2 0 0 0 2 2h2v-1.5ZM8 12v-1.5h2a.5.5 0 0 0 .5-.5V8H12v2a2 2 0 0 1-2 2H8Zm2-12a2 2 0 0 1 2 2v2h-1.5V2a.5.5 0 0 0-.5-.5H8V0h2Z\" \/>\n\t\t\t<\/svg>\n\t\t<\/button><figcaption class=\"wp-element-caption\">Valokuvan mukaan: donald judge \/ Wikimedia Commons, CC BY 2.0 \u00b7 v\u00e4rikorjattu<\/figcaption><\/figure>\n\n\n\n<h3 class=\"wp-block-heading\"><span class=\"ez-toc-section\" id=\"5_Kestrany_Yla-_ja_alalinnake\"><\/span>5. Kest\u0159any: Yl\u00e4- ja alalinnake<span class=\"ez-toc-section-end\"><\/span><\/h3>\n\n\n\n<p class=\"wp-block-paragraph\">T\u00e4m\u00e4 historiallinen erikoisuus sijaitsee <strong>8,9 kilometrin p\u00e4\u00e4ss\u00e4 P\u00edsekist\u00e4 ja autolla saavut t\u00e4nne 13 minuutissa<\/strong>. Kest\u0159any on historian yst\u00e4vien keskuudessa iso k\u00e4site, sill\u00e4 t\u00e4\u00e4ll\u00e4 sijaitsee aivan ainutlaatuinen kahden keskiaikaisen linnakkeen kokonaisuus vieretysten \u2014 jotain sellaista et T\u0161ekiss\u00e4 tuskin muualla n\u00e4e.<\/p>\n\n\n\n<p class=\"wp-block-paragraph\">Yl\u00e4linnakkeen alue on <strong>kes\u00e4sesonkina yleens\u00e4 avoinna klo 9\u201319 ja vaikuttaa aidolta romanttiselta raunioilta<\/strong>. Molemmat linnakkeet ovat s\u00e4ilytt\u00e4neet karun keskiaikaisen luonteensa ilman turhia moderneja muutoksia, joten t\u00e4\u00e4ll\u00e4 tuntuu kuin olisit tullut suoraan jostain sankariromaanista ja unohtanut tien takaisin.<\/p>\n\n\n\n<p class=\"wp-block-paragraph\">T\u00e4m\u00e4n paikan suuri etu on, ett\u00e4 <strong>t\u00e4nne ei virtaa turistilaumoja ja t\u00e4\u00e4ll\u00e4 vallitsee upea rauha<\/strong>, joten voit nauttia t\u00e4ysin siemauksin valokuvauksesta ja muurien tutkimisesta. Yksityiskohtaiset tiedot kierroksista ja ajankohtaiset aukioloajat l\u00f6yd\u00e4t sivuilta <a href=\"https:\/\/kestrany.cz\" rel=\"nofollow noopener\" target=\"_blank\">kestrany.cz<\/a>.<\/p>\n\n\n\n<figure data-wp-context=\"{&quot;imageId&quot;:&quot;6a9527f50ea53&quot;}\" data-wp-interactive=\"core\/image\" data-wp-key=\"6a9527f50ea53\" class=\"wp-block-image size-full wp-lightbox-container\"><img decoding=\"async\" width=\"2200\" height=\"1467\" data-wp-class--hide=\"state.isContentHidden\" data-wp-class--show=\"state.isContentVisible\" data-wp-init=\"callbacks.setButtonStyles\" data-wp-on--click=\"actions.showLightbox\" data-wp-on--load=\"callbacks.setButtonStyles\" data-wp-on--pointerdown=\"actions.preloadImage\" data-wp-on--pointerenter=\"actions.preloadImageWithDelay\" data-wp-on--pointerleave=\"actions.cancelPreload\" data-wp-on-window--resize=\"callbacks.setButtonStyles\" src=\"https:\/\/loudavymkrokem.cz\/wp-content\/uploads\/2026\/08\/maletice-farmapark-zviratka.jpg\" alt=\"Kosketusel\u00e4imi\u00e4 Maleticen Farmaparkissa\" class=\"wp-image-404445\" title=\"\" srcset=\"https:\/\/loudavymkrokem.cz\/wp-content\/uploads\/2026\/08\/maletice-farmapark-zviratka.jpg 2200w, https:\/\/loudavymkrokem.cz\/wp-content\/uploads\/2026\/08\/maletice-farmapark-zviratka-300x200.jpg 300w, https:\/\/loudavymkrokem.cz\/wp-content\/uploads\/2026\/08\/maletice-farmapark-zviratka-700x467.jpg 700w, https:\/\/loudavymkrokem.cz\/wp-content\/uploads\/2026\/08\/maletice-farmapark-zviratka-768x512.jpg 768w, https:\/\/loudavymkrokem.cz\/wp-content\/uploads\/2026\/08\/maletice-farmapark-zviratka-1536x1024.jpg 1536w, https:\/\/loudavymkrokem.cz\/wp-content\/uploads\/2026\/08\/maletice-farmapark-zviratka-2048x1366.jpg 2048w, https:\/\/loudavymkrokem.cz\/wp-content\/uploads\/2026\/08\/maletice-farmapark-zviratka-696x464.jpg 696w, https:\/\/loudavymkrokem.cz\/wp-content\/uploads\/2026\/08\/maletice-farmapark-zviratka-1392x928.jpg 1392w, https:\/\/loudavymkrokem.cz\/wp-content\/uploads\/2026\/08\/maletice-farmapark-zviratka-1920x1280.jpg 1920w\" sizes=\"(max-width: 2200px) 100vw, 2200px\" \/><button\n\t\t\tclass=\"lightbox-trigger\"\n\t\t\ttype=\"button\"\n\t\t\taria-haspopup=\"dialog\"\n\t\t\tdata-wp-bind--aria-label=\"state.thisImage.triggerButtonAriaLabel\"\n\t\t\tdata-wp-init=\"callbacks.initTriggerButton\"\n\t\t\tdata-wp-on--click=\"actions.showLightbox\"\n\t\t\tdata-wp-style--right=\"state.thisImage.buttonRight\"\n\t\t\tdata-wp-style--top=\"state.thisImage.buttonTop\"\n\t\t>\n\t\t\t<svg xmlns=\"http:\/\/www.w3.org\/2000\/svg\" width=\"12\" height=\"12\" fill=\"none\" viewBox=\"0 0 12 12\">\n\t\t\t\t<path fill=\"#fff\" d=\"M2 0a2 2 0 0 0-2 2v2h1.5V2a.5.5 0 0 1 .5-.5h2V0H2Zm2 10.5H2a.5.5 0 0 1-.5-.5V8H0v2a2 2 0 0 0 2 2h2v-1.5ZM8 12v-1.5h2a.5.5 0 0 0 .5-.5V8H12v2a2 2 0 0 1-2 2H8Zm2-12a2 2 0 0 1 2 2v2h-1.5V2a.5.5 0 0 0-.5-.5H8V0h2Z\" \/>\n\t\t\t<\/svg>\n\t\t<\/button><\/figure>\n\n\n\n<h3 class=\"wp-block-heading\"><span class=\"ez-toc-section\" id=\"6_Maletice_Farmapark\"><\/span>6. Maletice: Farmapark<span class=\"ez-toc-section-end\"><\/span><\/h3>\n\n\n\n<p class=\"wp-block-paragraph\">Vastik\u00e4\u00e4n rakennettuun Maleticen farmapuistoon ajat <strong>11,2 kilometri\u00e4, mik\u00e4 tarkoittaa rentoa 12 minuuttia autossa<\/strong>. Kyseess\u00e4 on suhteellisen uusi hanke, joka on kuitenkin uskomattoman nopeasti valloittanut paikallisten perheiden syd\u00e4met ja kuuluu nyky\u00e4\u00e4n kaupungin l\u00e4hialueen suosituimpiin perhekohteisiin.<\/p>\n\n\n\n<p class=\"wp-block-paragraph\">Alue on valtava ja <strong>tarjoaa runsaasti kosketusel\u00e4imi\u00e4 sek\u00e4 j\u00e4ttim\u00e4isi\u00e4 trampoliineja<\/strong>, joilla lapset saavat purkaa energiaa t\u00e4ysin turvallisesti. Kaikki on suunniteltu niin, ett\u00e4 vanhemmat voivat juoda rauhassa kahvin, kun lapset ovat n\u00e4k\u00f6et\u00e4isyydell\u00e4 ja viihtyv\u00e4t laajoilla leikkiv\u00e4lineill\u00e4. Farmapark on tehty uskomattoman fiksusti ja siit\u00e4 on P\u00edsekin perheiden keskuudessa tullut hetkess\u00e4 vakiokohde. P\u00e4\u00e4symaksun ja aukioloajat kannattaa tarkistaa osoitteesta <a href=\"https:\/\/farmaparkmaletice.cz\" rel=\"nofollow noopener\" target=\"_blank\">farmaparkmaletice.cz<\/a>.<\/p>\n\n\n\n<p class=\"wp-block-paragraph\">T\u00e4m\u00e4 kohde on <strong>etenkin perheille ehdoton pakko, ja t\u00e4\u00e4ll\u00e4 voit hyvin viett\u00e4\u00e4 koko iltap\u00e4iv\u00e4n<\/strong>. Jos etsit lis\u00e4\u00e4 samankaltaisia ideoita, k\u00e4y ehdottomasti vilkaisemassa artikkelimme <a href=\"https:\/\/loudavymkrokem.cz\/fi\/pisek-lasten-kanssa\/\">P\u00edsek lasten kanssa: 40 vinkki\u00e4 paikalliselta \u00e4idilt\u00e4<\/a>, josta l\u00f6yd\u00e4t kasan lis\u00e4\u00e4 testattuja paikkoja ymp\u00e4rist\u00f6st\u00e4.<\/p>\n\n\n\n<figure data-wp-context=\"{&quot;imageId&quot;:&quot;6a9527f50ef57&quot;}\" data-wp-interactive=\"core\/image\" data-wp-key=\"6a9527f50ef57\" class=\"wp-block-image size-full wp-lightbox-container\"><img decoding=\"async\" width=\"2528\" height=\"1696\" data-wp-class--hide=\"state.isContentHidden\" data-wp-class--show=\"state.isContentVisible\" data-wp-init=\"callbacks.setButtonStyles\" data-wp-on--click=\"actions.showLightbox\" data-wp-on--load=\"callbacks.setButtonStyles\" data-wp-on--pointerdown=\"actions.preloadImage\" data-wp-on--pointerenter=\"actions.preloadImageWithDelay\" data-wp-on--pointerleave=\"actions.cancelPreload\" data-wp-on-window--resize=\"callbacks.setButtonStyles\" src=\"https:\/\/loudavymkrokem.cz\/wp-content\/uploads\/2026\/08\/lk-10.jpg\" alt=\"\u0158e\u017eabinec-lampi Ra\u017eicen l\u00e4hell\u00e4\" class=\"wp-image-404016\" title=\"\" srcset=\"https:\/\/loudavymkrokem.cz\/wp-content\/uploads\/2026\/08\/lk-10.jpg 2528w, https:\/\/loudavymkrokem.cz\/wp-content\/uploads\/2026\/08\/lk-10-300x201.jpg 300w, https:\/\/loudavymkrokem.cz\/wp-content\/uploads\/2026\/08\/lk-10-700x470.jpg 700w, https:\/\/loudavymkrokem.cz\/wp-content\/uploads\/2026\/08\/lk-10-768x515.jpg 768w, https:\/\/loudavymkrokem.cz\/wp-content\/uploads\/2026\/08\/lk-10-1536x1030.jpg 1536w, https:\/\/loudavymkrokem.cz\/wp-content\/uploads\/2026\/08\/lk-10-2048x1374.jpg 2048w, https:\/\/loudavymkrokem.cz\/wp-content\/uploads\/2026\/08\/lk-10-696x467.jpg 696w, https:\/\/loudavymkrokem.cz\/wp-content\/uploads\/2026\/08\/lk-10-1392x934.jpg 1392w, https:\/\/loudavymkrokem.cz\/wp-content\/uploads\/2026\/08\/lk-10-1920x1288.jpg 1920w\" sizes=\"(max-width: 2528px) 100vw, 2528px\" \/><button\n\t\t\tclass=\"lightbox-trigger\"\n\t\t\ttype=\"button\"\n\t\t\taria-haspopup=\"dialog\"\n\t\t\tdata-wp-bind--aria-label=\"state.thisImage.triggerButtonAriaLabel\"\n\t\t\tdata-wp-init=\"callbacks.initTriggerButton\"\n\t\t\tdata-wp-on--click=\"actions.showLightbox\"\n\t\t\tdata-wp-style--right=\"state.thisImage.buttonRight\"\n\t\t\tdata-wp-style--top=\"state.thisImage.buttonTop\"\n\t\t>\n\t\t\t<svg xmlns=\"http:\/\/www.w3.org\/2000\/svg\" width=\"12\" height=\"12\" fill=\"none\" viewBox=\"0 0 12 12\">\n\t\t\t\t<path fill=\"#fff\" d=\"M2 0a2 2 0 0 0-2 2v2h1.5V2a.5.5 0 0 1 .5-.5h2V0H2Zm2 10.5H2a.5.5 0 0 1-.5-.5V8H0v2a2 2 0 0 0 2 2h2v-1.5ZM8 12v-1.5h2a.5.5 0 0 0 .5-.5V8H12v2a2 2 0 0 1-2 2H8Zm2-12a2 2 0 0 1 2 2v2h-1.5V2a.5.5 0 0 0-.5-.5H8V0h2Z\" \/>\n\t\t\t<\/svg>\n\t\t<\/button><figcaption class=\"wp-element-caption\">Valokuvan mukaan: Chmee2 \/ Wikimedia Commons, CC BY 3.0 \u00b7 v\u00e4rikorjattu<\/figcaption><\/figure>\n\n\n\n<h3 class=\"wp-block-heading\"><span class=\"ez-toc-section\" id=\"7_Rezabinec_ja_Rezabinecin_lammikot\"><\/span>7. \u0158e\u017eabinec ja \u0158e\u017eabinecin lammikot<span class=\"ez-toc-section-end\"><\/span><\/h3>\n\n\n\n<p class=\"wp-block-paragraph\">T\u00e4h\u00e4n upeaan luonnonsuojelualueeseen Ra\u017eicen kyl\u00e4n l\u00e4hell\u00e4 ajat <strong>11,3 kilometri\u00e4 ja se vie noin 25 minuuttia<\/strong>. \u0158e\u017eabinec-lampi on yksi koko Etel\u00e4-B\u00f6\u00f6min merkitt\u00e4vimmist\u00e4 lintualueista, ja koko seutu on tiukasti suojeltu kansallisena luonnonsuojelualueena.<\/p>\n\n\n\n<p class=\"wp-block-paragraph\">Vesialueen ymp\u00e4ri <strong>kulkee mukava luontopolku, jota t\u00e4ydent\u00e4\u00e4 puinen lintutorni<\/strong>, josta voit tarkkailla h\u00e4iri\u00f6tt\u00e4 veden pinnan el\u00e4m\u00e4\u00e4. Suosittelen ottamaan kiikarit mukaan, sill\u00e4 t\u00e4\u00e4ll\u00e4 pesivien tai muuttomatkalla pys\u00e4htyvien lintujen m\u00e4\u00e4r\u00e4 on todella lumoava.<\/p>\n\n\n\n<p class=\"wp-block-paragraph\">T\u00e4m\u00e4 paikka on <strong>ihanteellinen kaikille, jotka etsiv\u00e4t hiljaisuutta ja t\u00e4ydellist\u00e4 pakoa sivilisaatiosta<\/strong>, sill\u00e4 t\u00e4nne suuntaavat pikemminkin luonnonyst\u00e4v\u00e4t kuin massaturistit. Polku on lis\u00e4ksi kevyt ja tasainen, joten sen sel\u00e4tt\u00e4v\u00e4t helposti my\u00f6s vanhemmat k\u00e4vij\u00e4t tai satunnaiset retkeilij\u00e4t.<\/p>\n\n\n\n<figure data-wp-context=\"{&quot;imageId&quot;:&quot;6a9527f50f462&quot;}\" data-wp-interactive=\"core\/image\" data-wp-key=\"6a9527f50f462\" class=\"wp-block-image size-full wp-lightbox-container\"><img decoding=\"async\" width=\"2528\" height=\"1696\" data-wp-class--hide=\"state.isContentHidden\" data-wp-class--show=\"state.isContentVisible\" data-wp-init=\"callbacks.setButtonStyles\" data-wp-on--click=\"actions.showLightbox\" data-wp-on--load=\"callbacks.setButtonStyles\" data-wp-on--pointerdown=\"actions.preloadImage\" data-wp-on--pointerenter=\"actions.preloadImageWithDelay\" data-wp-on--pointerleave=\"actions.cancelPreload\" data-wp-on-window--resize=\"callbacks.setButtonStyles\" src=\"https:\/\/loudavymkrokem.cz\/wp-content\/uploads\/2026\/08\/lk-11.jpg\" alt=\"Podolsk\u00fd-silta Orl\u00edkin tekoj\u00e4rven yli\" class=\"wp-image-404022\" title=\"\" srcset=\"https:\/\/loudavymkrokem.cz\/wp-content\/uploads\/2026\/08\/lk-11.jpg 2528w, https:\/\/loudavymkrokem.cz\/wp-content\/uploads\/2026\/08\/lk-11-300x201.jpg 300w, https:\/\/loudavymkrokem.cz\/wp-content\/uploads\/2026\/08\/lk-11-700x470.jpg 700w, https:\/\/loudavymkrokem.cz\/wp-content\/uploads\/2026\/08\/lk-11-768x515.jpg 768w, https:\/\/loudavymkrokem.cz\/wp-content\/uploads\/2026\/08\/lk-11-1536x1030.jpg 1536w, https:\/\/loudavymkrokem.cz\/wp-content\/uploads\/2026\/08\/lk-11-2048x1374.jpg 2048w, https:\/\/loudavymkrokem.cz\/wp-content\/uploads\/2026\/08\/lk-11-696x467.jpg 696w, https:\/\/loudavymkrokem.cz\/wp-content\/uploads\/2026\/08\/lk-11-1392x934.jpg 1392w, https:\/\/loudavymkrokem.cz\/wp-content\/uploads\/2026\/08\/lk-11-1920x1288.jpg 1920w\" sizes=\"(max-width: 2528px) 100vw, 2528px\" \/><button\n\t\t\tclass=\"lightbox-trigger\"\n\t\t\ttype=\"button\"\n\t\t\taria-haspopup=\"dialog\"\n\t\t\tdata-wp-bind--aria-label=\"state.thisImage.triggerButtonAriaLabel\"\n\t\t\tdata-wp-init=\"callbacks.initTriggerButton\"\n\t\t\tdata-wp-on--click=\"actions.showLightbox\"\n\t\t\tdata-wp-style--right=\"state.thisImage.buttonRight\"\n\t\t\tdata-wp-style--top=\"state.thisImage.buttonTop\"\n\t\t>\n\t\t\t<svg xmlns=\"http:\/\/www.w3.org\/2000\/svg\" width=\"12\" height=\"12\" fill=\"none\" viewBox=\"0 0 12 12\">\n\t\t\t\t<path fill=\"#fff\" d=\"M2 0a2 2 0 0 0-2 2v2h1.5V2a.5.5 0 0 1 .5-.5h2V0H2Zm2 10.5H2a.5.5 0 0 1-.5-.5V8H0v2a2 2 0 0 0 2 2h2v-1.5ZM8 12v-1.5h2a.5.5 0 0 0 .5-.5V8H12v2a2 2 0 0 1-2 2H8Zm2-12a2 2 0 0 1 2 2v2h-1.5V2a.5.5 0 0 0-.5-.5H8V0h2Z\" \/>\n\t\t\t<\/svg>\n\t\t<\/button><figcaption class=\"wp-element-caption\">Valokuvan mukaan: Honza and Ivana Ebr \/ Wikimedia Commons, CC BY 3.0 \u00b7 v\u00e4rikorjattu<\/figcaption><\/figure>\n\n\n\n<h3 class=\"wp-block-heading\"><span class=\"ez-toc-section\" id=\"8_Podolsky-silta\"><\/span>8. Podolsk\u00fd-silta<span class=\"ez-toc-section-end\"><\/span><\/h3>\n\n\n\n<p class=\"wp-block-paragraph\">T\u00e4lle tekniselle helmelle on P\u00edsekist\u00e4 <strong>12,1 kilometri\u00e4 ja ajo kest\u00e4\u00e4 vain 13 minuuttia<\/strong>. Orl\u00edkin tekoj\u00e4rven yli kaartuva Podolsk\u00fd-silta on \u00e4\u00e4rimm\u00e4isen tyylik\u00e4s kaarisilta, joka rakennettiin vuosina 1938\u20131942, ja se on viel\u00e4 t\u00e4n\u00e4kin p\u00e4iv\u00e4n\u00e4 henke\u00e4salpaava n\u00e4yte silloisesta insin\u00f6\u00f6ritaidosta.<\/p>\n\n\n\n<p class=\"wp-block-paragraph\">Sillalla on <strong>150 metrin p\u00e4\u00e4l\u00e4nr\u00e4 ja se tarjoaa huikean n\u00e4kym\u00e4n suoraan vesipinnalle<\/strong> syv\u00e4lle allasi. Merkityiss\u00e4 paikoissa voi pys\u00e4hty\u00e4 turvallisesti, ihailla n\u00e4kym\u00e4\u00e4 ja kuvata kauniita otoksia laaksosta, jonka silta ylitt\u00e4\u00e4 niin tyylikk\u00e4\u00e4sti.<\/p>\n\n\n\n<p class=\"wp-block-paragraph\">Sillan luona on lis\u00e4ksi <strong>usein auki pieni kioski, josta saat kahvia<\/strong>, ja koko juttu yhdistyy loistavasti l\u00e4heisen Zv\u00edkovin linnan vierailuun. Google-kartoilla silta on saanut mahtavan 4,7 t\u00e4hden arvion yli kahdelta tuhannelta ihmiselt\u00e4, mik\u00e4 todistaa, ett\u00e4 pys\u00e4hdys todella kannattaa.<\/p>\n\n\n\n<figure data-wp-context=\"{&quot;imageId&quot;:&quot;6a9527f50f905&quot;}\" data-wp-interactive=\"core\/image\" data-wp-key=\"6a9527f50f905\" class=\"wp-block-image size-full wp-lightbox-container\"><img decoding=\"async\" width=\"2528\" height=\"1696\" data-wp-class--hide=\"state.isContentHidden\" data-wp-class--show=\"state.isContentVisible\" data-wp-init=\"callbacks.setButtonStyles\" data-wp-on--click=\"actions.showLightbox\" data-wp-on--load=\"callbacks.setButtonStyles\" data-wp-on--pointerdown=\"actions.preloadImage\" data-wp-on--pointerenter=\"actions.preloadImageWithDelay\" data-wp-on--pointerleave=\"actions.cancelPreload\" data-wp-on-window--resize=\"callbacks.setButtonStyles\" src=\"https:\/\/loudavymkrokem.cz\/wp-content\/uploads\/2026\/08\/lk-12.jpg\" alt=\"\u017di\u017ekan hautakumpu Sudom\u011b\u0159in l\u00e4hell\u00e4\" class=\"wp-image-404027\" title=\"\" srcset=\"https:\/\/loudavymkrokem.cz\/wp-content\/uploads\/2026\/08\/lk-12.jpg 2528w, https:\/\/loudavymkrokem.cz\/wp-content\/uploads\/2026\/08\/lk-12-300x201.jpg 300w, https:\/\/loudavymkrokem.cz\/wp-content\/uploads\/2026\/08\/lk-12-700x470.jpg 700w, https:\/\/loudavymkrokem.cz\/wp-content\/uploads\/2026\/08\/lk-12-768x515.jpg 768w, https:\/\/loudavymkrokem.cz\/wp-content\/uploads\/2026\/08\/lk-12-1536x1030.jpg 1536w, https:\/\/loudavymkrokem.cz\/wp-content\/uploads\/2026\/08\/lk-12-2048x1374.jpg 2048w, https:\/\/loudavymkrokem.cz\/wp-content\/uploads\/2026\/08\/lk-12-696x467.jpg 696w, https:\/\/loudavymkrokem.cz\/wp-content\/uploads\/2026\/08\/lk-12-1392x934.jpg 1392w, https:\/\/loudavymkrokem.cz\/wp-content\/uploads\/2026\/08\/lk-12-1920x1288.jpg 1920w\" sizes=\"(max-width: 2528px) 100vw, 2528px\" \/><button\n\t\t\tclass=\"lightbox-trigger\"\n\t\t\ttype=\"button\"\n\t\t\taria-haspopup=\"dialog\"\n\t\t\tdata-wp-bind--aria-label=\"state.thisImage.triggerButtonAriaLabel\"\n\t\t\tdata-wp-init=\"callbacks.initTriggerButton\"\n\t\t\tdata-wp-on--click=\"actions.showLightbox\"\n\t\t\tdata-wp-style--right=\"state.thisImage.buttonRight\"\n\t\t\tdata-wp-style--top=\"state.thisImage.buttonTop\"\n\t\t>\n\t\t\t<svg xmlns=\"http:\/\/www.w3.org\/2000\/svg\" width=\"12\" height=\"12\" fill=\"none\" viewBox=\"0 0 12 12\">\n\t\t\t\t<path fill=\"#fff\" d=\"M2 0a2 2 0 0 0-2 2v2h1.5V2a.5.5 0 0 1 .5-.5h2V0H2Zm2 10.5H2a.5.5 0 0 1-.5-.5V8H0v2a2 2 0 0 0 2 2h2v-1.5ZM8 12v-1.5h2a.5.5 0 0 0 .5-.5V8H12v2a2 2 0 0 1-2 2H8Zm2-12a2 2 0 0 1 2 2v2h-1.5V2a.5.5 0 0 0-.5-.5H8V0h2Z\" \/>\n\t\t\t<\/svg>\n\t\t<\/button><\/figure>\n\n\n\n<h3 class=\"wp-block-heading\"><span class=\"ez-toc-section\" id=\"9_Sudomer_Zizkan_hautakumpu\"><\/span>9. Sudom\u011b\u0159: \u017di\u017ekan hautakumpu<span class=\"ez-toc-section-end\"><\/span><\/h3>\n\n\n\n<p class=\"wp-block-paragraph\">Kuuluisan taistelupaikalle ajat <strong>13,7 kilometri\u00e4 ja kaupungista saavut t\u00e4nne vain 18 minuutissa<\/strong>. Juuri t\u00e4\u00e4ll\u00e4, lampien keskell\u00e4 olevassa maisemassa, k\u00e4ytiin vuonna 1420 legendaarinen Sudom\u011b\u0159in taistelu, jossa Jan \u017di\u017eka z Trocnovan johtamat husiittijoukot voittivat maineikkaasti ristiretkel\u00e4iset.<\/p>\n\n\n\n<p class=\"wp-block-paragraph\">Nyky\u00e4\u00e4n t\u00e4\u00e4ll\u00e4 seisoo <strong>monumentaalinen kivinen muistomerkki husiittisoturin muodossa<\/strong>, joka on vapaasti kaikkien k\u00e4ytett\u00e4viss\u00e4 ja tietenkin t\u00e4ysin ilmainen. Paikalla on vahva genius loci, ja opastauluilta voit tutkia yksityiskohtaisesti, miten silloinen sotataktiikka mutaisia lampia hy\u00f6dynt\u00e4en tarkalleen toimi.<\/p>\n\n\n\n<p class=\"wp-block-paragraph\">Hautakummun ymp\u00e4ri <strong>kulkee mukava reitti vesialueiden lomassa, joka on kuin luotu iltap\u00e4iv\u00e4k\u00e4velyyn<\/strong>, ja ihmiset arvioivat paikan kauniilla 4,7 t\u00e4hdell\u00e4. Se on pala historiaa upotettuna tyypilliseen rauhalliseen etel\u00e4b\u00f6\u00f6mil\u00e4iseen maisemaan, johon yksinkertaisesti rakastut.<\/p>\n\n\n\n<figure data-wp-context=\"{&quot;imageId&quot;:&quot;6a9527f50fdc3&quot;}\" data-wp-interactive=\"core\/image\" data-wp-key=\"6a9527f50fdc3\" class=\"wp-block-image size-full wp-lightbox-container\"><img decoding=\"async\" width=\"2528\" height=\"1696\" data-wp-class--hide=\"state.isContentHidden\" data-wp-class--show=\"state.isContentVisible\" data-wp-init=\"callbacks.setButtonStyles\" data-wp-on--click=\"actions.showLightbox\" data-wp-on--load=\"callbacks.setButtonStyles\" data-wp-on--pointerdown=\"actions.preloadImage\" data-wp-on--pointerenter=\"actions.preloadImageWithDelay\" data-wp-on--pointerleave=\"actions.cancelPreload\" data-wp-on-window--resize=\"callbacks.setButtonStyles\" src=\"https:\/\/loudavymkrokem.cz\/wp-content\/uploads\/2026\/08\/lk-13.jpg\" alt=\"Krokotiiliel\u00e4intarha Protiv\u00ednissa\" class=\"wp-image-404033\" title=\"\" srcset=\"https:\/\/loudavymkrokem.cz\/wp-content\/uploads\/2026\/08\/lk-13.jpg 2528w, https:\/\/loudavymkrokem.cz\/wp-content\/uploads\/2026\/08\/lk-13-300x201.jpg 300w, https:\/\/loudavymkrokem.cz\/wp-content\/uploads\/2026\/08\/lk-13-700x470.jpg 700w, https:\/\/loudavymkrokem.cz\/wp-content\/uploads\/2026\/08\/lk-13-768x515.jpg 768w, https:\/\/loudavymkrokem.cz\/wp-content\/uploads\/2026\/08\/lk-13-1536x1030.jpg 1536w, https:\/\/loudavymkrokem.cz\/wp-content\/uploads\/2026\/08\/lk-13-2048x1374.jpg 2048w, https:\/\/loudavymkrokem.cz\/wp-content\/uploads\/2026\/08\/lk-13-696x467.jpg 696w, https:\/\/loudavymkrokem.cz\/wp-content\/uploads\/2026\/08\/lk-13-1392x934.jpg 1392w, https:\/\/loudavymkrokem.cz\/wp-content\/uploads\/2026\/08\/lk-13-1920x1288.jpg 1920w\" sizes=\"(max-width: 2528px) 100vw, 2528px\" \/><button\n\t\t\tclass=\"lightbox-trigger\"\n\t\t\ttype=\"button\"\n\t\t\taria-haspopup=\"dialog\"\n\t\t\tdata-wp-bind--aria-label=\"state.thisImage.triggerButtonAriaLabel\"\n\t\t\tdata-wp-init=\"callbacks.initTriggerButton\"\n\t\t\tdata-wp-on--click=\"actions.showLightbox\"\n\t\t\tdata-wp-style--right=\"state.thisImage.buttonRight\"\n\t\t\tdata-wp-style--top=\"state.thisImage.buttonTop\"\n\t\t>\n\t\t\t<svg xmlns=\"http:\/\/www.w3.org\/2000\/svg\" width=\"12\" height=\"12\" fill=\"none\" viewBox=\"0 0 12 12\">\n\t\t\t\t<path fill=\"#fff\" d=\"M2 0a2 2 0 0 0-2 2v2h1.5V2a.5.5 0 0 1 .5-.5h2V0H2Zm2 10.5H2a.5.5 0 0 1-.5-.5V8H0v2a2 2 0 0 0 2 2h2v-1.5ZM8 12v-1.5h2a.5.5 0 0 0 .5-.5V8H12v2a2 2 0 0 1-2 2H8Zm2-12a2 2 0 0 1 2 2v2h-1.5V2a.5.5 0 0 0-.5-.5H8V0h2Z\" \/>\n\t\t\t<\/svg>\n\t\t<\/button><\/figure>\n\n\n\n<h3 class=\"wp-block-heading\"><span class=\"ez-toc-section\" id=\"10_Protivin\"><\/span>10. Protiv\u00edn<span class=\"ez-toc-section-end\"><\/span><\/h3>\n\n\n\n<p class=\"wp-block-paragraph\">Protiv\u00ednin pikkukaupunki sijaitsee <strong>14,1 kilometrin p\u00e4\u00e4ss\u00e4 ja saavut t\u00e4nne hyvin nopeasti 14 minuutissa<\/strong>. T\u00e4m\u00e4 kaupunki on uskomattoman suosittu kohde ja k\u00e4tkee sis\u00e4\u00e4ns\u00e4 niin monta n\u00e4ht\u00e4vyytt\u00e4, ett\u00e4 t\u00e4\u00e4ll\u00e4 voisi viett\u00e4\u00e4 suoraan koko viikonlopun, aloittaen kuuluisasta Krokotiiliel\u00e4intarhasta, jonka arvio on 4,5 t\u00e4hte\u00e4 yli viidest\u00e4 tuhannesta arvostelusta.<\/p>\n\n\n\n<p class=\"wp-block-paragraph\">T\u00e4m\u00e4 el\u00e4intarha <strong>yll\u00e4pit\u00e4\u00e4 Euroopan suurinta erikoistunutta krokotiilien kasvatusta<\/strong> ja kes\u00e4sesonkina se on yleens\u00e4 auki p\u00e4ivitt\u00e4in klo 10\u201317. Sen lis\u00e4ksi t\u00e4\u00e4lt\u00e4 l\u00f6yd\u00e4t upean Ajan valtakunnan, joka on kellomuseon k\u00e4tkev\u00e4 art nouveau -huvila. Siihen kuuluvat my\u00f6s sis\u00e4leikkipaikka ja puutarha.<\/p>\n\n\n\n<p class=\"wp-block-paragraph\">N\u00e4kemisen arvoinen <strong>on ehdottomasti my\u00f6s vierailu historialliseen Platan-panimoon<\/strong>, ja jos mukana on pienempi\u00e4 lapsia, sinut saattaa pelastaa sis\u00e4huvikeskus Fiziland. Yksitt\u00e4isten kohteiden p\u00e4\u00e4symaksut kannattaa tarkistaa etuk\u00e4teen sivuilta <a href=\"https:\/\/krokodylizoo.cz\" rel=\"nofollow noopener\" target=\"_blank\">krokodylizoo.cz<\/a> ja muilta, ettei mik\u00e4\u00e4n yll\u00e4t\u00e4 paikan p\u00e4\u00e4ll\u00e4.<\/p>\n\n\n\n<figure data-wp-context=\"{&quot;imageId&quot;:&quot;6a9527f51027d&quot;}\" data-wp-interactive=\"core\/image\" data-wp-key=\"6a9527f51027d\" class=\"wp-block-image size-full wp-lightbox-container\"><img decoding=\"async\" width=\"1152\" height=\"768\" data-wp-class--hide=\"state.isContentHidden\" data-wp-class--show=\"state.isContentVisible\" data-wp-init=\"callbacks.setButtonStyles\" data-wp-on--click=\"actions.showLightbox\" data-wp-on--load=\"callbacks.setButtonStyles\" data-wp-on--pointerdown=\"actions.preloadImage\" data-wp-on--pointerenter=\"actions.preloadImageWithDelay\" data-wp-on--pointerleave=\"actions.cancelPreload\" data-wp-on-window--resize=\"callbacks.setButtonStyles\" src=\"https:\/\/loudavymkrokem.cz\/wp-content\/uploads\/2026\/08\/hrad-zvikov-v-zime.jpg\" alt=\"Zv\u00edkovin linna lumisine porttitienineen talvella\" class=\"wp-image-404450\" title=\"\" srcset=\"https:\/\/loudavymkrokem.cz\/wp-content\/uploads\/2026\/08\/hrad-zvikov-v-zime.jpg 1152w, https:\/\/loudavymkrokem.cz\/wp-content\/uploads\/2026\/08\/hrad-zvikov-v-zime-300x200.jpg 300w, https:\/\/loudavymkrokem.cz\/wp-content\/uploads\/2026\/08\/hrad-zvikov-v-zime-700x467.jpg 700w, https:\/\/loudavymkrokem.cz\/wp-content\/uploads\/2026\/08\/hrad-zvikov-v-zime-768x512.jpg 768w, https:\/\/loudavymkrokem.cz\/wp-content\/uploads\/2026\/08\/hrad-zvikov-v-zime-696x464.jpg 696w\" sizes=\"(max-width: 1152px) 100vw, 1152px\" \/><button\n\t\t\tclass=\"lightbox-trigger\"\n\t\t\ttype=\"button\"\n\t\t\taria-haspopup=\"dialog\"\n\t\t\tdata-wp-bind--aria-label=\"state.thisImage.triggerButtonAriaLabel\"\n\t\t\tdata-wp-init=\"callbacks.initTriggerButton\"\n\t\t\tdata-wp-on--click=\"actions.showLightbox\"\n\t\t\tdata-wp-style--right=\"state.thisImage.buttonRight\"\n\t\t\tdata-wp-style--top=\"state.thisImage.buttonTop\"\n\t\t>\n\t\t\t<svg xmlns=\"http:\/\/www.w3.org\/2000\/svg\" width=\"12\" height=\"12\" fill=\"none\" viewBox=\"0 0 12 12\">\n\t\t\t\t<path fill=\"#fff\" d=\"M2 0a2 2 0 0 0-2 2v2h1.5V2a.5.5 0 0 1 .5-.5h2V0H2Zm2 10.5H2a.5.5 0 0 1-.5-.5V8H0v2a2 2 0 0 0 2 2h2v-1.5ZM8 12v-1.5h2a.5.5 0 0 0 .5-.5V8H12v2a2 2 0 0 1-2 2H8Zm2-12a2 2 0 0 1 2 2v2h-1.5V2a.5.5 0 0 0-.5-.5H8V0h2Z\" \/>\n\t\t\t<\/svg>\n\t\t<\/button><\/figure>\n\n\n\n<h2 class=\"wp-block-heading\"><span class=\"ez-toc-section\" id=\"Linnat_kartanot_ja_luostarit_Pisekin_ymparistossa\"><\/span>Linnat, kartanot ja luostarit P\u00edsekin ymp\u00e4rist\u00f6ss\u00e4<span class=\"ez-toc-section-end\"><\/span><\/h2>\n\n\n\n<p class=\"wp-block-paragraph\">T\u00e4m\u00e4 osa retkist\u00e4 vie jo hieman enemm\u00e4n aikaa, sill\u00e4 historialliset kohteet sijaitsevat noin 15\u201340 kilometrin p\u00e4\u00e4ss\u00e4. Kaikki kuuluvat kuitenkin ehdottomaan huippuun siit\u00e4, mit\u00e4 alueellamme voi n\u00e4hd\u00e4.<\/p>\n\n\n\n<figure data-wp-context=\"{&quot;imageId&quot;:&quot;6a9527f51067a&quot;}\" data-wp-interactive=\"core\/image\" data-wp-key=\"6a9527f51067a\" class=\"wp-block-image size-full wp-lightbox-container\"><img decoding=\"async\" width=\"2528\" height=\"1696\" data-wp-class--hide=\"state.isContentHidden\" data-wp-class--show=\"state.isContentVisible\" data-wp-init=\"callbacks.setButtonStyles\" data-wp-on--click=\"actions.showLightbox\" data-wp-on--load=\"callbacks.setButtonStyles\" data-wp-on--pointerdown=\"actions.preloadImage\" data-wp-on--pointerenter=\"actions.preloadImageWithDelay\" data-wp-on--pointerleave=\"actions.cancelPreload\" data-wp-on-window--resize=\"callbacks.setButtonStyles\" src=\"https:\/\/loudavymkrokem.cz\/wp-content\/uploads\/2026\/08\/lk-15.jpg\" alt=\"Goottilaiset arkadit Zv\u00edkovin linnassa\" class=\"wp-image-404047\" title=\"\" srcset=\"https:\/\/loudavymkrokem.cz\/wp-content\/uploads\/2026\/08\/lk-15.jpg 2528w, https:\/\/loudavymkrokem.cz\/wp-content\/uploads\/2026\/08\/lk-15-300x201.jpg 300w, https:\/\/loudavymkrokem.cz\/wp-content\/uploads\/2026\/08\/lk-15-700x470.jpg 700w, https:\/\/loudavymkrokem.cz\/wp-content\/uploads\/2026\/08\/lk-15-768x515.jpg 768w, https:\/\/loudavymkrokem.cz\/wp-content\/uploads\/2026\/08\/lk-15-1536x1030.jpg 1536w, https:\/\/loudavymkrokem.cz\/wp-content\/uploads\/2026\/08\/lk-15-2048x1374.jpg 2048w, https:\/\/loudavymkrokem.cz\/wp-content\/uploads\/2026\/08\/lk-15-696x467.jpg 696w, https:\/\/loudavymkrokem.cz\/wp-content\/uploads\/2026\/08\/lk-15-1392x934.jpg 1392w, https:\/\/loudavymkrokem.cz\/wp-content\/uploads\/2026\/08\/lk-15-1920x1288.jpg 1920w\" sizes=\"(max-width: 2528px) 100vw, 2528px\" \/><button\n\t\t\tclass=\"lightbox-trigger\"\n\t\t\ttype=\"button\"\n\t\t\taria-haspopup=\"dialog\"\n\t\t\tdata-wp-bind--aria-label=\"state.thisImage.triggerButtonAriaLabel\"\n\t\t\tdata-wp-init=\"callbacks.initTriggerButton\"\n\t\t\tdata-wp-on--click=\"actions.showLightbox\"\n\t\t\tdata-wp-style--right=\"state.thisImage.buttonRight\"\n\t\t\tdata-wp-style--top=\"state.thisImage.buttonTop\"\n\t\t>\n\t\t\t<svg xmlns=\"http:\/\/www.w3.org\/2000\/svg\" width=\"12\" height=\"12\" fill=\"none\" viewBox=\"0 0 12 12\">\n\t\t\t\t<path fill=\"#fff\" d=\"M2 0a2 2 0 0 0-2 2v2h1.5V2a.5.5 0 0 1 .5-.5h2V0H2Zm2 10.5H2a.5.5 0 0 1-.5-.5V8H0v2a2 2 0 0 0 2 2h2v-1.5ZM8 12v-1.5h2a.5.5 0 0 0 .5-.5V8H12v2a2 2 0 0 1-2 2H8Zm2-12a2 2 0 0 1 2 2v2h-1.5V2a.5.5 0 0 0-.5-.5H8V0h2Z\" \/>\n\t\t\t<\/svg>\n\t\t<\/button><figcaption class=\"wp-element-caption\">Valokuvan mukaan: Klaus Kettner \/ Wikimedia Commons, CC BY 2.5 \u00b7 v\u00e4rikorjattu<\/figcaption><\/figure>\n\n\n\n<h3 class=\"wp-block-heading\"><span class=\"ez-toc-section\" id=\"11_Zvikovin_linna_%E2%80%9Dtsekkilaisten_linnojen_kuningas%E2%80%9D\"><\/span>11. Zv\u00edkovin linna: \u201dt\u0161ekkil\u00e4isten linnojen kuningas\u201d<span class=\"ez-toc-section-end\"><\/span><\/h3>\n\n\n\n<p class=\"wp-block-paragraph\">T\u00e4lle mahtavalle linnalle ajat <strong>26,4 kilometri\u00e4 ja automatka kest\u00e4\u00e4 noin 32 minuuttia<\/strong>. Zv\u00edkovia kutsutaan syyst\u00e4 t\u0161ekkil\u00e4isten linnojen kuninkaaksi, ja sen sijainti kalliolla Vltavan ja Otavan yhtym\u00e4kohdan yl\u00e4puolella, joka nyky\u00e4\u00e4n on Orl\u00edkin tekoj\u00e4rven noston peitossa, on aivan ikoninen.<\/p>\n\n\n\n<p class=\"wp-block-paragraph\">Vuoden 2026 varmistetun hinnaston mukaan <strong>peruskierros Kuninkaanpalatsi maksaa 180 K\u010d (n. 7,40 \u20ac) aikuisilta<\/strong>, alennettu lippu senioreille ja nuorille on 140 K\u010d (n. 5,70 \u20ac) ja lapset maksavat 50 K\u010d (n. 2 \u20ac). Kierr\u00e4t sen itse omaan tahtiisi \u2014 noin tunnissa ehdit goottilaiset arkadit ja sen upean romaanisen Hl\u00edzov\u00e1-tornin, jonka luona vain on pys\u00e4hdytt\u00e4v\u00e4.<\/p>\n\n\n\n<p class=\"wp-block-paragraph\">Hein\u00e4- ja elokuussa <strong>se on avoinna tiistaista sunnuntaihin klo 9\u201317, maanantaisin kiinni<\/strong>, ja varaudu siihen, ett\u00e4 kapasiteetti myyd\u00e4\u00e4n sesongissa usein loppuun. Kes\u00e4lomien ulkopuolella varo lounastaukoa, jolloin lippukassa on suljettu klo 12\u201313. Ajankohtaisen hinnaston ja aukioloajat l\u00f6yd\u00e4t osoitteesta <a href=\"https:\/\/hrad-zvikov.cz\" rel=\"nofollow noopener\" target=\"_blank\">hrad-zvikov.cz<\/a>.<\/p>\n\n\n\n<figure data-wp-context=\"{&quot;imageId&quot;:&quot;6a9527f510aed&quot;}\" data-wp-interactive=\"core\/image\" data-wp-key=\"6a9527f510aed\" class=\"wp-block-image size-full wp-lightbox-container\"><img decoding=\"async\" width=\"2528\" height=\"1696\" data-wp-class--hide=\"state.isContentHidden\" data-wp-class--show=\"state.isContentVisible\" data-wp-init=\"callbacks.setButtonStyles\" data-wp-on--click=\"actions.showLightbox\" data-wp-on--load=\"callbacks.setButtonStyles\" data-wp-on--pointerdown=\"actions.preloadImage\" data-wp-on--pointerenter=\"actions.preloadImageWithDelay\" data-wp-on--pointerleave=\"actions.cancelPreload\" data-wp-on-window--resize=\"callbacks.setButtonStyles\" src=\"https:\/\/loudavymkrokem.cz\/wp-content\/uploads\/2026\/08\/lk-16.jpg\" alt=\"Orl\u00edkin linna Orl\u00edkin tekoj\u00e4rven yl\u00e4puolella\" class=\"wp-image-404051\" title=\"\" srcset=\"https:\/\/loudavymkrokem.cz\/wp-content\/uploads\/2026\/08\/lk-16.jpg 2528w, https:\/\/loudavymkrokem.cz\/wp-content\/uploads\/2026\/08\/lk-16-300x201.jpg 300w, https:\/\/loudavymkrokem.cz\/wp-content\/uploads\/2026\/08\/lk-16-700x470.jpg 700w, https:\/\/loudavymkrokem.cz\/wp-content\/uploads\/2026\/08\/lk-16-768x515.jpg 768w, https:\/\/loudavymkrokem.cz\/wp-content\/uploads\/2026\/08\/lk-16-1536x1030.jpg 1536w, https:\/\/loudavymkrokem.cz\/wp-content\/uploads\/2026\/08\/lk-16-2048x1374.jpg 2048w, https:\/\/loudavymkrokem.cz\/wp-content\/uploads\/2026\/08\/lk-16-696x467.jpg 696w, https:\/\/loudavymkrokem.cz\/wp-content\/uploads\/2026\/08\/lk-16-1392x934.jpg 1392w, https:\/\/loudavymkrokem.cz\/wp-content\/uploads\/2026\/08\/lk-16-1920x1288.jpg 1920w\" sizes=\"(max-width: 2528px) 100vw, 2528px\" \/><button\n\t\t\tclass=\"lightbox-trigger\"\n\t\t\ttype=\"button\"\n\t\t\taria-haspopup=\"dialog\"\n\t\t\tdata-wp-bind--aria-label=\"state.thisImage.triggerButtonAriaLabel\"\n\t\t\tdata-wp-init=\"callbacks.initTriggerButton\"\n\t\t\tdata-wp-on--click=\"actions.showLightbox\"\n\t\t\tdata-wp-style--right=\"state.thisImage.buttonRight\"\n\t\t\tdata-wp-style--top=\"state.thisImage.buttonTop\"\n\t\t>\n\t\t\t<svg xmlns=\"http:\/\/www.w3.org\/2000\/svg\" width=\"12\" height=\"12\" fill=\"none\" viewBox=\"0 0 12 12\">\n\t\t\t\t<path fill=\"#fff\" d=\"M2 0a2 2 0 0 0-2 2v2h1.5V2a.5.5 0 0 1 .5-.5h2V0H2Zm2 10.5H2a.5.5 0 0 1-.5-.5V8H0v2a2 2 0 0 0 2 2h2v-1.5ZM8 12v-1.5h2a.5.5 0 0 0 .5-.5V8H12v2a2 2 0 0 1-2 2H8Zm2-12a2 2 0 0 1 2 2v2h-1.5V2a.5.5 0 0 0-.5-.5H8V0h2Z\" \/>\n\t\t\t<\/svg>\n\t\t<\/button><figcaption class=\"wp-element-caption\">Valokuvan mukaan: Bjalek Michal \/ Wikimedia Commons, CC BY-SA 3.0 \u00b7 v\u00e4rikorjattu<\/figcaption><\/figure>\n\n\n\n<h3 class=\"wp-block-heading\"><span class=\"ez-toc-section\" id=\"12_Orlikin_linna_Vltavan_ylla\"><\/span>12. Orl\u00edkin linna Vltavan yll\u00e4<span class=\"ez-toc-section-end\"><\/span><\/h3>\n\n\n\n<p class=\"wp-block-paragraph\">Matka Orl\u00edkiin on <strong>40,1 kilometri\u00e4 ja P\u00edsekist\u00e4 p\u00e4\u00e4set sinne mukavasti 36 minuutissa<\/strong>. T\u00e4m\u00e4 upea Lobkowiczien linna kohoaa suoraan Orl\u00edkin tekoj\u00e4rven yl\u00e4puolella ja kuuluu koko maan valokuvauksellisimpiin aatelislinnoihin.<\/p>\n\n\n\n<p class=\"wp-block-paragraph\">Kes\u00e4sesonkina <strong>linna on yleens\u00e4 avoinna tiistaista sunnuntaihin klo 9\u201317<\/strong>, maanantait pysyv\u00e4t perinteisesti kiinni. Rikkaasti sisustettujen sis\u00e4tilojen kierroksen j\u00e4lkeen suosittelen ehdottomasti k\u00e4velem\u00e4\u00e4n l\u00e4pi laajan linnanpuiston, johon k\u00e4tkeytyy my\u00f6s Schwarzenbergin suvun monumentaalinen hautaholvi.<\/p>\n\n\n\n<p class=\"wp-block-paragraph\">P\u00e4\u00e4symaksuja ei ole ilmoitettu kattavasti, joten <strong>tarkista ajankohtainen p\u00e4\u00e4symaksu virallisilta sivuilta <a href=\"https:\/\/zamekorlik.cz\" rel=\"nofollow noopener\" target=\"_blank\">zamekorlik.cz<\/a><\/strong>, ja varo tarkasti sekoittamasta sit\u00e4 sivustoon zamek-orlik.cz, joka on aivan eri raunio Humpolecin l\u00e4hell\u00e4. Mahdolliset kysymykset voit esitt\u00e4\u00e4 my\u00f6s heid\u00e4n puhelinnumeroonsa 382 275 101.<\/p>\n\n\n\n<figure data-wp-context=\"{&quot;imageId&quot;:&quot;6a9527f511083&quot;}\" data-wp-interactive=\"core\/image\" data-wp-key=\"6a9527f511083\" class=\"wp-block-image size-full wp-lightbox-container\"><img decoding=\"async\" width=\"2528\" height=\"1696\" data-wp-class--hide=\"state.isContentHidden\" data-wp-class--show=\"state.isContentVisible\" data-wp-init=\"callbacks.setButtonStyles\" data-wp-on--click=\"actions.showLightbox\" data-wp-on--load=\"callbacks.setButtonStyles\" data-wp-on--pointerdown=\"actions.preloadImage\" data-wp-on--pointerenter=\"actions.preloadImageWithDelay\" data-wp-on--pointerleave=\"actions.cancelPreload\" data-wp-on-window--resize=\"callbacks.setButtonStyles\" src=\"https:\/\/loudavymkrokem.cz\/wp-content\/uploads\/2026\/08\/lk-17.jpg\" alt=\"Blatn\u00e1n vesilinna\" class=\"wp-image-404055\" title=\"\" srcset=\"https:\/\/loudavymkrokem.cz\/wp-content\/uploads\/2026\/08\/lk-17.jpg 2528w, https:\/\/loudavymkrokem.cz\/wp-content\/uploads\/2026\/08\/lk-17-300x201.jpg 300w, https:\/\/loudavymkrokem.cz\/wp-content\/uploads\/2026\/08\/lk-17-700x470.jpg 700w, https:\/\/loudavymkrokem.cz\/wp-content\/uploads\/2026\/08\/lk-17-768x515.jpg 768w, https:\/\/loudavymkrokem.cz\/wp-content\/uploads\/2026\/08\/lk-17-1536x1030.jpg 1536w, https:\/\/loudavymkrokem.cz\/wp-content\/uploads\/2026\/08\/lk-17-2048x1374.jpg 2048w, https:\/\/loudavymkrokem.cz\/wp-content\/uploads\/2026\/08\/lk-17-696x467.jpg 696w, https:\/\/loudavymkrokem.cz\/wp-content\/uploads\/2026\/08\/lk-17-1392x934.jpg 1392w, https:\/\/loudavymkrokem.cz\/wp-content\/uploads\/2026\/08\/lk-17-1920x1288.jpg 1920w\" sizes=\"(max-width: 2528px) 100vw, 2528px\" \/><button\n\t\t\tclass=\"lightbox-trigger\"\n\t\t\ttype=\"button\"\n\t\t\taria-haspopup=\"dialog\"\n\t\t\tdata-wp-bind--aria-label=\"state.thisImage.triggerButtonAriaLabel\"\n\t\t\tdata-wp-init=\"callbacks.initTriggerButton\"\n\t\t\tdata-wp-on--click=\"actions.showLightbox\"\n\t\t\tdata-wp-style--right=\"state.thisImage.buttonRight\"\n\t\t\tdata-wp-style--top=\"state.thisImage.buttonTop\"\n\t\t>\n\t\t\t<svg xmlns=\"http:\/\/www.w3.org\/2000\/svg\" width=\"12\" height=\"12\" fill=\"none\" viewBox=\"0 0 12 12\">\n\t\t\t\t<path fill=\"#fff\" d=\"M2 0a2 2 0 0 0-2 2v2h1.5V2a.5.5 0 0 1 .5-.5h2V0H2Zm2 10.5H2a.5.5 0 0 1-.5-.5V8H0v2a2 2 0 0 0 2 2h2v-1.5ZM8 12v-1.5h2a.5.5 0 0 0 .5-.5V8H12v2a2 2 0 0 1-2 2H8Zm2-12a2 2 0 0 1 2 2v2h-1.5V2a.5.5 0 0 0-.5-.5H8V0h2Z\" \/>\n\t\t\t<\/svg>\n\t\t<\/button><figcaption class=\"wp-element-caption\">Valokuvan mukaan: Ludmila Zellner Rotbauerov\u00e1 \/ Wikimedia Commons, CC BY-SA 4.0 \u00b7 v\u00e4rikorjattu<\/figcaption><\/figure>\n\n\n\n<h3 class=\"wp-block-heading\"><span class=\"ez-toc-section\" id=\"13_Blatnan_linna\"><\/span>13. Blatn\u00e1n linna<span class=\"ez-toc-section-end\"><\/span><\/h3>\n\n\n\n<p class=\"wp-block-paragraph\">Blatn\u00e1n linnalle on <strong>27,1 kilometri\u00e4 ja ajo vie mukavat 27 minuuttia<\/strong>. Kyseess\u00e4 on yksi maamme parhaiten s\u00e4ilyneist\u00e4 vesilinnoista. Vesivallihauta ymp\u00e4r\u00f6i sit\u00e4 joka puolelta, ja koko romanttisen kulissin juuret ulottuvat jonnekin 1200-luvulle.<\/p>\n\n\n\n<p class=\"wp-block-paragraph\">Suurin vetonaula t\u00e4\u00e4ll\u00e4 on kuitenkin <strong>laaja linnanpuisto vapaana el\u00e4vine kuusipeuroineen, joita saa ruokkia<\/strong>, ja uutena t\u00e4\u00e4ll\u00e4 kasvatetaan jopa s\u00f6p\u00f6j\u00e4 alpakoita. Puisto on valtava, t\u00e4ynn\u00e4 vanhoja tammia ja vesikanavien halkoma, joten t\u00e4\u00e4ll\u00e4 viet\u00e4t liioittelematta vaikka puoli p\u00e4iv\u00e4\u00e4 pelk\u00e4st\u00e4\u00e4n k\u00e4velyyn. T\u00e4m\u00e4 on juuri se retki, jonne otamme mielell\u00e4mme vieraita mukaamme, sill\u00e4 kuusipeurojen ruokkiminen k\u00e4dest\u00e4 vie mukanaan jokaisen. Osta heti kaksi pussia rehua kassalta \u2014 usko pois, yksi ei riit\u00e4.<\/p>\n\n\n\n<p class=\"wp-block-paragraph\">Sesonkina <strong>alue on yleens\u00e4 avoinna klo 9\u201318 ja sis\u00e4lt\u00e4 l\u00f6yd\u00e4t my\u00f6s loistavan Oh My Deer Caf\u00e9 -kahvilan<\/strong>, jossa voit lev\u00e4t\u00e4. P\u00e4\u00e4symaksut linnaan ja puistoon kannattaa tarkistaa etuk\u00e4teen sivuilta <a href=\"https:\/\/zamek-blatna.cz\" rel=\"nofollow noopener\" target=\"_blank\">zamek-blatna.cz<\/a>, sill\u00e4 ne voivat vaihdella meneill\u00e4\u00e4n olevien tapahtumien mukaan.<\/p>\n\n\n\n<figure data-wp-context=\"{&quot;imageId&quot;:&quot;6a9527f511745&quot;}\" data-wp-interactive=\"core\/image\" data-wp-key=\"6a9527f511745\" class=\"wp-block-image size-full wp-lightbox-container\"><img decoding=\"async\" width=\"2528\" height=\"1696\" data-wp-class--hide=\"state.isContentHidden\" data-wp-class--show=\"state.isContentVisible\" data-wp-init=\"callbacks.setButtonStyles\" data-wp-on--click=\"actions.showLightbox\" data-wp-on--load=\"callbacks.setButtonStyles\" data-wp-on--pointerdown=\"actions.preloadImage\" data-wp-on--pointerenter=\"actions.preloadImageWithDelay\" data-wp-on--pointerleave=\"actions.cancelPreload\" data-wp-on-window--resize=\"callbacks.setButtonStyles\" src=\"https:\/\/loudavymkrokem.cz\/wp-content\/uploads\/2026\/08\/lk-18.jpg\" alt=\"Milevskon luostari\" class=\"wp-image-404063\" title=\"\" srcset=\"https:\/\/loudavymkrokem.cz\/wp-content\/uploads\/2026\/08\/lk-18.jpg 2528w, https:\/\/loudavymkrokem.cz\/wp-content\/uploads\/2026\/08\/lk-18-300x201.jpg 300w, https:\/\/loudavymkrokem.cz\/wp-content\/uploads\/2026\/08\/lk-18-700x470.jpg 700w, https:\/\/loudavymkrokem.cz\/wp-content\/uploads\/2026\/08\/lk-18-768x515.jpg 768w, https:\/\/loudavymkrokem.cz\/wp-content\/uploads\/2026\/08\/lk-18-1536x1030.jpg 1536w, https:\/\/loudavymkrokem.cz\/wp-content\/uploads\/2026\/08\/lk-18-2048x1374.jpg 2048w, https:\/\/loudavymkrokem.cz\/wp-content\/uploads\/2026\/08\/lk-18-696x467.jpg 696w, https:\/\/loudavymkrokem.cz\/wp-content\/uploads\/2026\/08\/lk-18-1392x934.jpg 1392w, https:\/\/loudavymkrokem.cz\/wp-content\/uploads\/2026\/08\/lk-18-1920x1288.jpg 1920w\" sizes=\"(max-width: 2528px) 100vw, 2528px\" \/><button\n\t\t\tclass=\"lightbox-trigger\"\n\t\t\ttype=\"button\"\n\t\t\taria-haspopup=\"dialog\"\n\t\t\tdata-wp-bind--aria-label=\"state.thisImage.triggerButtonAriaLabel\"\n\t\t\tdata-wp-init=\"callbacks.initTriggerButton\"\n\t\t\tdata-wp-on--click=\"actions.showLightbox\"\n\t\t\tdata-wp-style--right=\"state.thisImage.buttonRight\"\n\t\t\tdata-wp-style--top=\"state.thisImage.buttonTop\"\n\t\t>\n\t\t\t<svg xmlns=\"http:\/\/www.w3.org\/2000\/svg\" width=\"12\" height=\"12\" fill=\"none\" viewBox=\"0 0 12 12\">\n\t\t\t\t<path fill=\"#fff\" d=\"M2 0a2 2 0 0 0-2 2v2h1.5V2a.5.5 0 0 1 .5-.5h2V0H2Zm2 10.5H2a.5.5 0 0 1-.5-.5V8H0v2a2 2 0 0 0 2 2h2v-1.5ZM8 12v-1.5h2a.5.5 0 0 0 .5-.5V8H12v2a2 2 0 0 1-2 2H8Zm2-12a2 2 0 0 1 2 2v2h-1.5V2a.5.5 0 0 0-.5-.5H8V0h2Z\" \/>\n\t\t\t<\/svg>\n\t\t<\/button><figcaption class=\"wp-element-caption\">Valokuvan mukaan: VitVit \/ Wikimedia Commons, CC BY-SA 4.0 \u00b7 v\u00e4rikorjattu<\/figcaption><\/figure>\n\n\n\n<h3 class=\"wp-block-heading\"><span class=\"ez-toc-section\" id=\"14_Milevskon_luostari\"><\/span>14. Milevskon luostari<span class=\"ez-toc-section-end\"><\/span><\/h3>\n\n\n\n<p class=\"wp-block-paragraph\">Milevskoon ajat tasan <strong>28,8 kilometri\u00e4, mik\u00e4 ajallisesti tekee 32 minuuttia matkaa<\/strong>. T\u00e4k\u00e4l\u00e4inen premonstratenssien luostari perustettiin jo vuonna 1187, mik\u00e4 tekee siit\u00e4 Etel\u00e4-B\u00f6\u00f6min vanhimman luostarilaitoksen, ja se on viel\u00e4 t\u00e4n\u00e4kin p\u00e4iv\u00e4n\u00e4 ihanan rauhallinen paikka pohdiskeluun.<\/p>\n\n\n\n<p class=\"wp-block-paragraph\">Vilkkaimpaan k\u00e4vij\u00e4sesonkiin <strong>alue on avoinna klo 9.30\u201317 ja tarjoaa useita kierroksia<\/strong>, jotka tutustuttavat sinut alueen rikkaaseen hengelliseen historiaan. Yksitt\u00e4isten n\u00e4yttelyiden tarkat p\u00e4\u00e4symaksut kannattaa tarkistaa suoraan heid\u00e4n sivuiltaan <a href=\"https:\/\/klastermilevsko.cz\" rel=\"nofollow noopener\" target=\"_blank\">klastermilevsko.cz<\/a>.<\/p>\n\n\n\n<p class=\"wp-block-paragraph\">Kaupungissa vieraillessasi <strong>\u00e4l\u00e4 miss\u00e4\u00e4n tapauksessa ohita erinomaista Milevskon naamiaisten museota<\/strong>, joka kartoittaa kuuluisaa laskiaisperinnett\u00e4, joka tavoittelee Unescon listalle p\u00e4\u00e4sy\u00e4. Se on hyvin leikkis\u00e4 ja v\u00e4rik\u00e4s n\u00e4yttely, joka t\u00e4ydent\u00e4\u00e4 loistavasti l\u00e4heisen luostarin vakavampaa tunnelmaa.<\/p>\n\n\n\n<figure data-wp-context=\"{&quot;imageId&quot;:&quot;6a9527f511dc7&quot;}\" data-wp-interactive=\"core\/image\" data-wp-key=\"6a9527f511dc7\" class=\"wp-block-image size-full wp-lightbox-container\"><img decoding=\"async\" width=\"2528\" height=\"1696\" data-wp-class--hide=\"state.isContentHidden\" data-wp-class--show=\"state.isContentVisible\" data-wp-init=\"callbacks.setButtonStyles\" data-wp-on--click=\"actions.showLightbox\" data-wp-on--load=\"callbacks.setButtonStyles\" data-wp-on--pointerdown=\"actions.preloadImage\" data-wp-on--pointerenter=\"actions.preloadImageWithDelay\" data-wp-on--pointerleave=\"actions.cancelPreload\" data-wp-on-window--resize=\"callbacks.setButtonStyles\" src=\"https:\/\/loudavymkrokem.cz\/wp-content\/uploads\/2026\/08\/lk-19.jpg\" alt=\"Strakonicen linna Otavan ja Voly\u0148kan yhtym\u00e4kohdan yl\u00e4puolella\" class=\"wp-image-404070\" title=\"\" srcset=\"https:\/\/loudavymkrokem.cz\/wp-content\/uploads\/2026\/08\/lk-19.jpg 2528w, https:\/\/loudavymkrokem.cz\/wp-content\/uploads\/2026\/08\/lk-19-300x201.jpg 300w, https:\/\/loudavymkrokem.cz\/wp-content\/uploads\/2026\/08\/lk-19-700x470.jpg 700w, https:\/\/loudavymkrokem.cz\/wp-content\/uploads\/2026\/08\/lk-19-768x515.jpg 768w, https:\/\/loudavymkrokem.cz\/wp-content\/uploads\/2026\/08\/lk-19-1536x1030.jpg 1536w, https:\/\/loudavymkrokem.cz\/wp-content\/uploads\/2026\/08\/lk-19-2048x1374.jpg 2048w, https:\/\/loudavymkrokem.cz\/wp-content\/uploads\/2026\/08\/lk-19-696x467.jpg 696w, https:\/\/loudavymkrokem.cz\/wp-content\/uploads\/2026\/08\/lk-19-1392x934.jpg 1392w, https:\/\/loudavymkrokem.cz\/wp-content\/uploads\/2026\/08\/lk-19-1920x1288.jpg 1920w\" sizes=\"(max-width: 2528px) 100vw, 2528px\" \/><button\n\t\t\tclass=\"lightbox-trigger\"\n\t\t\ttype=\"button\"\n\t\t\taria-haspopup=\"dialog\"\n\t\t\tdata-wp-bind--aria-label=\"state.thisImage.triggerButtonAriaLabel\"\n\t\t\tdata-wp-init=\"callbacks.initTriggerButton\"\n\t\t\tdata-wp-on--click=\"actions.showLightbox\"\n\t\t\tdata-wp-style--right=\"state.thisImage.buttonRight\"\n\t\t\tdata-wp-style--top=\"state.thisImage.buttonTop\"\n\t\t>\n\t\t\t<svg xmlns=\"http:\/\/www.w3.org\/2000\/svg\" width=\"12\" height=\"12\" fill=\"none\" viewBox=\"0 0 12 12\">\n\t\t\t\t<path fill=\"#fff\" d=\"M2 0a2 2 0 0 0-2 2v2h1.5V2a.5.5 0 0 1 .5-.5h2V0H2Zm2 10.5H2a.5.5 0 0 1-.5-.5V8H0v2a2 2 0 0 0 2 2h2v-1.5ZM8 12v-1.5h2a.5.5 0 0 0 .5-.5V8H12v2a2 2 0 0 1-2 2H8Zm2-12a2 2 0 0 1 2 2v2h-1.5V2a.5.5 0 0 0-.5-.5H8V0h2Z\" \/>\n\t\t\t<\/svg>\n\t\t<\/button><figcaption class=\"wp-element-caption\">Valokuvan mukaan: Michielverbeek \/ Wikimedia Commons, CC BY-SA 4.0 \u00b7 v\u00e4rikorjattu<\/figcaption><\/figure>\n\n\n\n<h3 class=\"wp-block-heading\"><span class=\"ez-toc-section\" id=\"15_Strakonicen_linna\"><\/span>15. Strakonicen linna<span class=\"ez-toc-section-end\"><\/span><\/h3>\n\n\n\n<p class=\"wp-block-paragraph\">Strakonicen linna sijaitsee <strong>25,6 kilometrin p\u00e4\u00e4ss\u00e4 ja kaupungista saavut sinne ripe\u00e4t 24 minuuttia<\/strong>. T\u00e4m\u00e4 laaja linnakompleksi kohoaa suoraan Otavan ja Voly\u0148kan yhtym\u00e4kohdan yl\u00e4puolella ja on k\u00e4ynyt viime vuosina l\u00e4pi hyvin laajan ja onnistuneen kunnostuksen.<\/p>\n\n\n\n<p class=\"wp-block-paragraph\">Nyky\u00e4\u00e4n sen tiloissa <strong>toimii fantastinen Keski-Otavan seudun museo valtavine s\u00e4kkipillikokoelmineen<\/strong>, joka kartoittaa t\u00e4ydellisesti t\u00e4k\u00e4l\u00e4ist\u00e4 kuuluisaa s\u00e4kkipilliperinnett\u00e4, ja moottoriajoneuvojen yst\u00e4v\u00e4t innostuvat \u010cZ-merkkisten moottoripy\u00f6rien n\u00e4yttelyst\u00e4. Yksityiskohdat vierailusta ja tapahtumaohjelman l\u00f6yd\u00e4t osoitteesta <a href=\"https:\/\/hradstrakonice.cz\" rel=\"nofollow noopener\" target=\"_blank\">hradstrakonice.cz<\/a>. Strakonicessa on lis\u00e4ksi \u00e4skett\u00e4in kunnostettu joen ymp\u00e4rist\u00f6\u00e4, joten linnan kierroksen j\u00e4lkeen suosittelen vain istuskelemaan rannalla hyv\u00e4n kahvin kera ja nauttimaan n\u00e4kymist\u00e4 historiallisille muureille.<\/p>\n\n\n\n<p class=\"wp-block-paragraph\">Jos l\u00e4hdet Strakoniceen lasten kanssa, <strong>voit kokeilla my\u00f6s l\u00e4heist\u00e4 Bagr\u00e1riumia, joka on tarkoitettu yli 6-vuotiaille lapsille<\/strong> ja jossa p\u00e4\u00e4set ohjaamaan oikeita koneita. Kyseess\u00e4 on tosin pienempi paikka, jolla on vain kymmenkunta arvostelua, mutta pienille rakentajille el\u00e4mys on aivan unohtumaton.<\/p>\n\n\n\n<figure data-wp-context=\"{&quot;imageId&quot;:&quot;6a9527f512512&quot;}\" data-wp-interactive=\"core\/image\" data-wp-key=\"6a9527f512512\" class=\"wp-block-image size-full wp-lightbox-container\"><img decoding=\"async\" width=\"2048\" height=\"1365\" data-wp-class--hide=\"state.isContentHidden\" data-wp-class--show=\"state.isContentVisible\" data-wp-init=\"callbacks.setButtonStyles\" data-wp-on--click=\"actions.showLightbox\" data-wp-on--load=\"callbacks.setButtonStyles\" data-wp-on--pointerdown=\"actions.preloadImage\" data-wp-on--pointerenter=\"actions.preloadImageWithDelay\" data-wp-on--pointerleave=\"actions.cancelPreload\" data-wp-on-window--resize=\"callbacks.setButtonStyles\" src=\"https:\/\/loudavymkrokem.cz\/wp-content\/uploads\/2026\/08\/bechyne-zamek.jpg\" alt=\"Bechyn\u011bn linna Lu\u017enice-joen laakson yl\u00e4puolella\" class=\"wp-image-403571\" title=\"\" srcset=\"https:\/\/loudavymkrokem.cz\/wp-content\/uploads\/2026\/08\/bechyne-zamek.jpg 2048w, https:\/\/loudavymkrokem.cz\/wp-content\/uploads\/2026\/08\/bechyne-zamek-300x200.jpg 300w, https:\/\/loudavymkrokem.cz\/wp-content\/uploads\/2026\/08\/bechyne-zamek-700x467.jpg 700w, https:\/\/loudavymkrokem.cz\/wp-content\/uploads\/2026\/08\/bechyne-zamek-768x512.jpg 768w, https:\/\/loudavymkrokem.cz\/wp-content\/uploads\/2026\/08\/bechyne-zamek-1536x1024.jpg 1536w, https:\/\/loudavymkrokem.cz\/wp-content\/uploads\/2026\/08\/bechyne-zamek-696x464.jpg 696w, https:\/\/loudavymkrokem.cz\/wp-content\/uploads\/2026\/08\/bechyne-zamek-1392x928.jpg 1392w, https:\/\/loudavymkrokem.cz\/wp-content\/uploads\/2026\/08\/bechyne-zamek-1920x1280.jpg 1920w\" sizes=\"(max-width: 2048px) 100vw, 2048px\" \/><button\n\t\t\tclass=\"lightbox-trigger\"\n\t\t\ttype=\"button\"\n\t\t\taria-haspopup=\"dialog\"\n\t\t\tdata-wp-bind--aria-label=\"state.thisImage.triggerButtonAriaLabel\"\n\t\t\tdata-wp-init=\"callbacks.initTriggerButton\"\n\t\t\tdata-wp-on--click=\"actions.showLightbox\"\n\t\t\tdata-wp-style--right=\"state.thisImage.buttonRight\"\n\t\t\tdata-wp-style--top=\"state.thisImage.buttonTop\"\n\t\t>\n\t\t\t<svg xmlns=\"http:\/\/www.w3.org\/2000\/svg\" width=\"12\" height=\"12\" fill=\"none\" viewBox=\"0 0 12 12\">\n\t\t\t\t<path fill=\"#fff\" d=\"M2 0a2 2 0 0 0-2 2v2h1.5V2a.5.5 0 0 1 .5-.5h2V0H2Zm2 10.5H2a.5.5 0 0 1-.5-.5V8H0v2a2 2 0 0 0 2 2h2v-1.5ZM8 12v-1.5h2a.5.5 0 0 0 .5-.5V8H12v2a2 2 0 0 1-2 2H8Zm2-12a2 2 0 0 1 2 2v2h-1.5V2a.5.5 0 0 0-.5-.5H8V0h2Z\" \/>\n\t\t\t<\/svg>\n\t\t<\/button><\/figure>\n\n\n\n<h3 class=\"wp-block-heading\"><span class=\"ez-toc-section\" id=\"16_Bechynen_linna_ja_Duha-silta\"><\/span>16. Bechyn\u011bn linna ja Duha-silta<span class=\"ez-toc-section-end\"><\/span><\/h3>\n\n\n\n<p class=\"wp-block-paragraph\">Kylpyl\u00e4kaupunki Bechyn\u011ben ajat <strong>31,9 kilometri\u00e4 ja matka maantiet\u00e4 pitkin kest\u00e4\u00e4 noin 39 minuuttia<\/strong>. T\u00e4k\u00e4l\u00e4inen renessanssilinna, jota hallinnoi <a href=\"https:\/\/panstvi-bechyne.cz\" rel=\"nofollow noopener\" target=\"_blank\">Panstv\u00ed Bechyn\u011b<\/a>, tarjoaa kauniita n\u00e4kymi\u00e4 syv\u00e4\u00e4n Lu\u017enice-joen laaksoon.<\/p>\n\n\n\n<p class=\"wp-block-paragraph\">Kaupunki on kuitenkin kuuluisa erityisesti <strong>Bechyn\u011bn Duha-sillasta vuosilta 1926\u20131928, joka on tekninen erikoisuus<\/strong>, sill\u00e4 se on T\u0161ekin ainoa silta, joka yhdist\u00e4\u00e4 tien ja rautatien yhteen ainoaan kaareen kokonaista 50 metri\u00e4 joen yl\u00e4puolella. Kaupunkiin johtaa lis\u00e4ksi historiallinen Elinka-s\u00e4hk\u00f6rata T\u00e1borista, joka oli ensimm\u00e4inen K\u0159i\u017e\u00edkin t\u00e4m\u00e4nkaltainen ty\u00f6 koko monarkiassa.<\/p>\n\n\n\n<p class=\"wp-block-paragraph\">Kiinnostavaa on, ett\u00e4 <strong>t\u00e4ll\u00e4 radalla on suora historiallinen yhteys P\u00edsekin K\u0159i\u017e\u00edkin voimalaitokseen<\/strong>, joten tekninen historia kietoutuu t\u00e4\u00e4ll\u00e4 kauniisti yhteen. Vierailun aikana voit poiketa my\u00f6s Kansainv\u00e4liseen keramiikkamuseoon, joka toimii Al\u0161in Etel\u00e4-B\u00f6\u00f6min gallerian nimiss\u00e4.<\/p>\n\n\n\n<p class=\"wp-block-paragraph\">Kun me k\u00e4vimme Bechyn\u011bss\u00e4, <strong>meid\u00e4t vei eniten menness\u00e4\u00e4n n\u00e4kym\u00e4 linnaan laakson toiselta puolelta<\/strong> \u2014 vasta sielt\u00e4 ymm\u00e4rr\u00e4t, kuinka korkealla Lu\u017enicen yl\u00e4puolella se seisoo. Sillalle kannattaa k\u00e4vell\u00e4 ja kulkea se kokonaan l\u00e4pi, sill\u00e4 kuvat alhaalta ja ylh\u00e4\u00e4lt\u00e4 n\u00e4ytt\u00e4v\u00e4t joka kerta aivan erilaisilta.<\/p>\n\n\n\n<p class=\"wp-block-paragraph\">\ud83d\udca1 <strong>Vinkki:<\/strong> Bechyn\u011bn voit yhdist\u00e4\u00e4 <strong>\u010cerven\u00e1 Lhotan vesilinnaan<\/strong>, joka sijaitsee kauempana id\u00e4ss\u00e4 (P\u00edsekist\u00e4 sinne on 82 kilometri\u00e4, eli l\u00e4hes puolitoista tuntia). Me ehdimme molemmat paikat yhden p\u00e4iv\u00e4n aikana, ja se yhdistelm\u00e4 on ihan j\u00e4rkeenk\u00e4yp\u00e4.<\/p>\n\n\n\n<figure data-wp-context=\"{&quot;imageId&quot;:&quot;6a9527f512c70&quot;}\" data-wp-interactive=\"core\/image\" data-wp-key=\"6a9527f512c70\" class=\"wp-block-image size-full wp-lightbox-container\"><img decoding=\"async\" width=\"2528\" height=\"1696\" data-wp-class--hide=\"state.isContentHidden\" data-wp-class--show=\"state.isContentVisible\" data-wp-init=\"callbacks.setButtonStyles\" data-wp-on--click=\"actions.showLightbox\" data-wp-on--load=\"callbacks.setButtonStyles\" data-wp-on--pointerdown=\"actions.preloadImage\" data-wp-on--pointerenter=\"actions.preloadImageWithDelay\" data-wp-on--pointerleave=\"actions.cancelPreload\" data-wp-on-window--resize=\"callbacks.setButtonStyles\" src=\"https:\/\/loudavymkrokem.cz\/wp-content\/uploads\/2026\/08\/lk-21.jpg\" alt=\"Kratochv\u00edlen renessanssilinna Netolicen l\u00e4hell\u00e4\" class=\"wp-image-404074\" title=\"\" srcset=\"https:\/\/loudavymkrokem.cz\/wp-content\/uploads\/2026\/08\/lk-21.jpg 2528w, https:\/\/loudavymkrokem.cz\/wp-content\/uploads\/2026\/08\/lk-21-300x201.jpg 300w, https:\/\/loudavymkrokem.cz\/wp-content\/uploads\/2026\/08\/lk-21-700x470.jpg 700w, https:\/\/loudavymkrokem.cz\/wp-content\/uploads\/2026\/08\/lk-21-768x515.jpg 768w, https:\/\/loudavymkrokem.cz\/wp-content\/uploads\/2026\/08\/lk-21-1536x1030.jpg 1536w, https:\/\/loudavymkrokem.cz\/wp-content\/uploads\/2026\/08\/lk-21-2048x1374.jpg 2048w, https:\/\/loudavymkrokem.cz\/wp-content\/uploads\/2026\/08\/lk-21-696x467.jpg 696w, https:\/\/loudavymkrokem.cz\/wp-content\/uploads\/2026\/08\/lk-21-1392x934.jpg 1392w, https:\/\/loudavymkrokem.cz\/wp-content\/uploads\/2026\/08\/lk-21-1920x1288.jpg 1920w\" sizes=\"(max-width: 2528px) 100vw, 2528px\" \/><button\n\t\t\tclass=\"lightbox-trigger\"\n\t\t\ttype=\"button\"\n\t\t\taria-haspopup=\"dialog\"\n\t\t\tdata-wp-bind--aria-label=\"state.thisImage.triggerButtonAriaLabel\"\n\t\t\tdata-wp-init=\"callbacks.initTriggerButton\"\n\t\t\tdata-wp-on--click=\"actions.showLightbox\"\n\t\t\tdata-wp-style--right=\"state.thisImage.buttonRight\"\n\t\t\tdata-wp-style--top=\"state.thisImage.buttonTop\"\n\t\t>\n\t\t\t<svg xmlns=\"http:\/\/www.w3.org\/2000\/svg\" width=\"12\" height=\"12\" fill=\"none\" viewBox=\"0 0 12 12\">\n\t\t\t\t<path fill=\"#fff\" d=\"M2 0a2 2 0 0 0-2 2v2h1.5V2a.5.5 0 0 1 .5-.5h2V0H2Zm2 10.5H2a.5.5 0 0 1-.5-.5V8H0v2a2 2 0 0 0 2 2h2v-1.5ZM8 12v-1.5h2a.5.5 0 0 0 .5-.5V8H12v2a2 2 0 0 1-2 2H8Zm2-12a2 2 0 0 1 2 2v2h-1.5V2a.5.5 0 0 0-.5-.5H8V0h2Z\" \/>\n\t\t\t<\/svg>\n\t\t<\/button><figcaption class=\"wp-element-caption\">Valokuvan mukaan: Palickap \/ Wikimedia Commons, CC BY-SA 4.0 \u00b7 v\u00e4rikorjattu<\/figcaption><\/figure>\n\n\n\n<!-- LKM_GYG_CARD start q=\"okoli pisku\" lang=\"fi\" rendered=\"2026-08-31T02:37:31+00:00\" v=\"1\" -->\n<style id=\"lk-gyg-styles\">\n@import url(\"https:\/\/fonts.googleapis.com\/css2?family=Playfair+Display:wght@700&family=DM+Sans:wght@300;400;500;600&display=swap\");\n\/* === LK GYG karty \u2014 CRO redesign 2026-05 (namespace .lkx-) ===\n   C\u00edl: vy\u0161\u0161\u00ed CTR (hero + v\u00fdrazn\u00fd social proof + ak\u010dn\u00ed CTA, m\u00e9n\u011b \"reklamn\u00ed\").\n   Injektuje se inline do prvn\u00edho markeru postu (refresh_cards.py --inline-css). *\/\n.lkx-module, .lkx-module *{box-sizing:border-box;margin:0;padding:0}\n.lkx-module{\n  font-family:'DM Sans',-apple-system,Segoe UI,Roboto,Georgia,sans-serif;\n  max-width:860px;margin:2.5rem auto;color:#1f2328;\n}\n\n\/* HEADER \u2014 lehk\u00fd editorsk\u00fd, \u017e\u00e1dn\u00fd bannerov\u00fd blok; nadpis + popisek pod n\u00edm *\/\n.lkx-head{margin-bottom:16px}\n.lkx-head-main{display:flex;align-items:center;gap:10px}\n.lkx-head-accent{width:26px;height:3px;border-radius:2px;background:#c39f76;flex-shrink:0}\n.lkx-head-title{font-family:'Playfair Display',Georgia,serif;font-size:21px;font-weight:700;color:#1a1a1a;line-height:1.25}\n.lkx-head-meta{display:block;font-size:11px;letter-spacing:.3px;color:#9aa0a6;margin-top:4px;margin-left:36px}\n\n\/* HERO *\/\n.lkx-hero{display:grid;grid-template-columns:300px 1fr;background:#fff;border:1px solid #ece7df;border-radius:14px;overflow:hidden;text-decoration:none!important;color:inherit;box-shadow:0 6px 20px rgba(0,0,0,.06);transition:box-shadow .2s,transform .2s;margin-bottom:14px}\n.lkx-hero:hover{box-shadow:0 12px 30px rgba(0,0,0,.12);transform:translateY(-2px)}\n.lkx-hero-img{position:relative;min-height:230px;background-size:cover;background-position:center;background-color:#eee}\n.lkx-hero-body{padding:22px 24px;display:flex;flex-direction:column}\n.lkx-pick{position:absolute;top:12px;left:12px;background:#1a1a1a;color:#fff;font-size:11px;font-weight:700;letter-spacing:.5px;padding:5px 11px;border-radius:20px}\n\n\/* TITLE *\/\n.lkx-title{font-size:19px;font-weight:700;color:#161616;line-height:1.3}\n.lkx-title-sm{font-size:14.5px;line-height:1.35;display:-webkit-box;-webkit-line-clamp:2;-webkit-box-orient:vertical;overflow:hidden}\n\n\/* SOCIAL PROOF \u2014 v\u00fdrazn\u011b, naho\u0159e *\/\n.lkx-proof{display:flex;align-items:center;gap:7px;margin-top:12px;font-size:15px;color:#3a3a3a}\n.lkx-proof b{font-size:16px;color:#161616}\n.lkx-stars{color:#f5a623;letter-spacing:1px}\n.lkx-proof-sm{font-size:12.5px;margin-top:8px;gap:5px}\n.lkx-proof-sm b{font-size:13px}\n.lkx-proof-new{color:#3685fc;font-weight:600}\n\n\/* PRICE \u2014 n\u00edzk\u00e1 kotva *\/\n.lkx-price{font-size:14px;color:#6b7280}\n.lkx-price b{font-size:20px;color:#161616;font-weight:700}\n.lkx-price-sm b{font-size:15px}\n\n\/* CTA \u2014 tepl\u00e9 ak\u010dn\u00ed tla\u010d\u00edtko *\/\n.lkx-cta{display:inline-flex;align-items:center;justify-content:center;text-decoration:none!important;font-weight:700;color:#fff!important;background:linear-gradient(135deg,#f6743f,#e8552a);border-radius:10px;box-shadow:0 6px 16px rgba(232,85,42,.32);transition:box-shadow .2s}\n.lkx-cta-hero{font-size:15px;padding:13px 22px}\n.lkx-hero:hover .lkx-cta-hero{box-shadow:0 8px 22px rgba(232,85,42,.45)}\n.lkx-cta-sm{font-size:12.5px;padding:9px 14px;width:100%;margin-top:2px}\n.lkx-hero-bottom{margin-top:auto;padding-top:18px;display:flex;align-items:center;justify-content:space-between;gap:14px;flex-wrap:wrap}\n\n\/* BADGE \u2014 jeden v\u00fdrazn\u00fd na fotce *\/\n.lkx-badge{position:absolute;top:12px;right:12px;font-size:10.5px;font-weight:700;letter-spacing:.3px;padding:5px 10px;border-radius:16px;color:#fff}\n.lkx-badge.badge-urgency{background:rgba(214,40,40,.92)}\n.lkx-badge.badge-new{background:rgba(54,133,252,.92)}\n.lkx-badge.badge-top{background:rgba(195,159,118,.95)}\n.lkx-badge.badge-info{background:rgba(40,40,40,.78)}\n\n\/* SECONDARY GRID *\/\n.lkx-grid{display:grid;grid-template-columns:1fr 1fr;gap:14px}\n.lkx-card{background:#fff;border:1px solid #ece7df;border-radius:14px;overflow:hidden;text-decoration:none!important;color:inherit;box-shadow:0 4px 14px rgba(0,0,0,.05);display:flex;flex-direction:column;transition:box-shadow .2s,transform .2s}\n.lkx-card:hover{box-shadow:0 10px 24px rgba(0,0,0,.1);transform:translateY(-2px)}\n.lkx-card-img{position:relative;aspect-ratio:16\/10;background-size:cover;background-position:center;background-color:#eee}\n.lkx-card-body{padding:14px 16px 16px;display:flex;flex-direction:column;gap:7px;flex:1}\n.lkx-card-bottom{margin-top:auto;padding-top:10px;display:flex;align-items:center;justify-content:space-between;gap:8px}\n\n\/* DISCLOSURE \u2014 drobn\u00e1, kv\u016fli d\u016fv\u011b\u0159e\/z\u00e1konu *\/\n.lkx-disclosure{font-size:11px;color:#a7adb3;text-align:center;margin-top:14px;line-height:1.6}\n.lkx-disclosure a{color:#c39f76;text-decoration:none}\n\n@media(max-width:680px){\n  .lkx-hero{grid-template-columns:1fr}\n  .lkx-hero-img{min-height:180px}\n  .lkx-grid{grid-template-columns:1fr}\n  .lkx-head-meta{margin-left:0;width:100%}\n  .lkx-head-title{font-size:19px}\n}\n\n<\/style>\n<div class=\"lkx-module\" data-query=\"okoli pisku\">\n  <div class=\"lkx-head\">\n    <div class=\"lkx-head-main\">\n      <span class=\"lkx-head-accent\"><\/span>\n      <span class=\"lkx-head-title\">El\u00e4mykset ja liput<\/span>\n    <\/div>\n    <span class=\"lkx-head-meta\">matkailijoiden arvioima \u00b7 GetYourGuide<\/span>\n  <\/div><a class=\"lkx-hero\" href=\"https:\/\/www.getyourguide.com\/fi-fi\/plzen-l41578\/pilsen-pilsner-urquellin-panimokierros-oluenmaistelun-kera-t263452\/?partner_id=MKZ64IS&amp;utm_medium=online_publisher&amp;cmp=retket-pisekin-ymparistossa\" target=\"_blank\" rel=\"sponsored noopener nofollow\">\n    <div class=\"lkx-hero-img\" style=\"background-image:url('https:\/\/cdn.getyourguide.com\/img\/tour\/64b65b7099cec.jpeg\/132.jpg')\" role=\"img\" aria-label=\"Pilsen: Pilsner Urquellin panimokierros oluenmaistelun kera.\">\n      <span class=\"lkx-pick\">\u2605 Suosituksemme<\/span><\/div>\n    <div class=\"lkx-hero-body\">\n      <div class=\"lkx-title\">Pilsen: Pilsner Urquellin panimokierros oluenmaistelun kera.<\/div>\n      <div class=\"lkx-proof\">\n      <span class=\"lkx-stars\">\u2605\u2605\u2605\u2605\u2605<\/span>\n      <b>4.6<\/b> \u00b7 2 864 arvostelua\n    <\/div>\n      <div class=\"lkx-hero-bottom\"><div class=\"lkx-price\">alkaen <b>18\u00a0\u20ac<\/b><\/div><span class=\"lkx-cta lkx-cta-hero\">Haluan t\u00e4m\u00e4n el\u00e4myksen \u2192<\/span>\n      <\/div>\n    <\/div>\n  <\/a><div class=\"lkx-grid\"><a class=\"lkx-card\" href=\"https:\/\/www.getyourguide.com\/fi-fi\/plzen-l41578\/pilsenin-historiallinen-maanalainen-kierros-johon-sisaltyy-lasi-olutta-t440018\/?partner_id=MKZ64IS&amp;utm_medium=online_publisher&amp;cmp=retket-pisekin-ymparistossa\" target=\"_blank\" rel=\"sponsored noopener nofollow\">\n      <div class=\"lkx-card-img\" style=\"background-image:url('https:\/\/cdn.getyourguide.com\/img\/tour\/644a59721e6fc.jpeg\/132.jpg')\" role=\"img\" aria-label=\"Pilsen: Historiallinen maanalainen kierros ja olutt\u00f6lkki\"><\/div>\n      <div class=\"lkx-card-body\">\n        <div class=\"lkx-title lkx-title-sm\">Pilsen: Historiallinen maanalainen kierros ja olutt\u00f6lkki<\/div>\n        <div class=\"lkx-proof lkx-proof-sm\">\n      <span class=\"lkx-stars\">\u2605<\/span>\n      <b>4.6<\/b> \u00b7 808\n    <\/div>\n        <div class=\"lkx-card-bottom\"><span class=\"lkx-price lkx-price-sm\">alkaen <b>10\u00a0\u20ac<\/b><\/span><span class=\"lkx-cta lkx-cta-sm\">Katso p\u00e4iv\u00e4m\u00e4\u00e4r\u00e4t \u2192<\/span>\n        <\/div>\n      <\/div>\n    <\/a><\/div><div class=\"lkx-disclosure\">\ud83d\udd17 N\u00e4m\u00e4 ovat kumppanilinkkej\u00e4 \u2014 ne eiv\u00e4t muuta hintaasi ja auttavat meit\u00e4 tekem\u00e4\u00e4n sis\u00e4lt\u00f6\u00e4. \u00b7 <a href=\"https:\/\/www.getyourguide.com\/fi-fi\/s\/?q=okoli+pisku&amp;partner_id=MKZ64IS&amp;utm_medium=online_publisher\" target=\"_blank\" rel=\"sponsored noopener nofollow\">Kaikki el\u00e4mykset \u2192<\/a><\/div>\n<\/div>\n<!-- LKM_GYG_CARD end -->\n\n\n\n\n<div class=\"lk-stays-module\">\n<style>\n\/* \u2500\u2500\u2500 RESET PRO GUTENBERG \u2500\u2500\u2500 *\/\n.lk-stays-module * { box-sizing: border-box; margin: 0; padding: 0; }\n\n\/* \u2500\u2500\u2500 WRAPPER \u2500\u2500\u2500 *\/\n.lk-stays-module {\n  font-family: 'DM Sans', Georgia, sans-serif;\n  max-width: 100%;\n  margin: 2.5rem auto;\n  background: linear-gradient(135deg, #fdfaf5 0%, #fcf8f0 100%);\n  border: 1px solid #e8dfd4;\n  border-radius: 16px;\n  overflow: hidden;\n  box-shadow: 0 16px 48px rgba(195, 159, 118, 0.25), 0 4px 12px rgba(0,0,0,0.08);\n}\n\n\/* \u2500\u2500\u2500 HEADER \u2500\u2500\u2500 *\/\n.lk-stays-header {\n  position: relative;\n  padding: 24px 36px 24px;\n  background: linear-gradient(135deg, #c39f76 0%, #d4b188 60%, #c39f76 100%);\n  border-bottom: 1px solid rgba(255,255,255,.15);\n  display: flex;\n  align-items: center;\n  gap: 18px;\n}\n.lk-stays-header::before {\n  content: '';\n  position: absolute;\n  inset: 0;\n  background: url(\"data:image\/svg+xml,%3Csvg width='60' height='60' viewBox='0 0 60 60' xmlns='http:\/\/www.w3.org\/2000\/svg'%3E%3Cg fill='none' fill-rule='evenodd'%3E%3Cg fill='%23ffffff' fill-opacity='0.05'%3E%3Cpath d='M36 34v-4h-2v4h-4v2h4v4h2v-4h4v-2h-4zm0-30V0h-2v4h-4v2h4v4h2V6h4V4h-4zM6 34v-4H4v4H0v2h4v4h2v-4h4v-2H6zM6 4V0H4v4H0v2h4v4h2V6h4V4H6z'\/%3E%3C\/g%3E%3C\/g%3E%3C\/svg%3E\") repeat;\n  pointer-events: none;\n}\n.lk-stays-icon {\n  flex-shrink: 0;\n  width: 68px;\n  height: 68px;\n  border-radius: 14px;\n  background: linear-gradient(135deg, #fff 0%, #f9f6f0 100%);\n  display: flex;\n  align-items: center;\n  justify-content: center;\n  font-size: 26px;\n  box-shadow: 0 4px 12px rgba(0,0,0,0.15);\n}\n.lk-stays-eyebrow {\n  font-size: 10px;\n  font-weight: 500;\n  letter-spacing: 2.5px;\n  text-transform: uppercase;\n  color: rgba(255,255,255,.85);\n  margin: 0 0 5px 0;\n}\n.lk-stays-title {\n  font-family: 'Playfair Display', Georgia, serif;\n  font-size: 24px;\n  font-weight: 700;\n  color: #fff;\n  line-height: 1.2;\n  text-shadow: 0 1px 2px rgba(0,0,0,0.1);\n  margin: 0;\n}\n.lk-stays-subtitle {\n  font-size: 13px;\n  color: rgba(255,255,255,.75);\n  margin: 4px 0 0 0;\n  font-weight: 300;\n}\n\n\/* \u2500\u2500\u2500 CARDS GRID \u2500\u2500\u2500 *\/\n.lk-stays-grid {\n  display: grid;\n  grid-template-columns: 1fr 1fr;\n  gap: 1px;\n  background: rgba(195, 159, 118, 0.12);\n}\n\n\/* \u2500\u2500\u2500 SINGLE CARD \u2500\u2500\u2500 *\/\n.lk-stay-card {\n  background: #ffffff;\n  padding: 26px;\n  display: flex;\n  flex-direction: column;\n  gap: 11px;\n  transition: all 0.3s ease;\n  text-decoration: none;\n  color: inherit;\n  position: relative;\n}\n.lk-stay-card:hover {\n  background: #fffbf5;\n  transform: translateY(-2px);\n  box-shadow: 0 8px 24px rgba(195, 159, 118, 0.18);\n  z-index: 1;\n}\n.lk-stay-card.featured {\n  background: linear-gradient(135deg, #fffdf9 0%, #fff9f0 100%);\n  box-shadow: 0 4px 16px rgba(195, 159, 118, 0.15), inset 0 1px 0 rgba(195, 159, 118, 0.1);\n}\n.lk-stay-card.featured:hover {\n  background: linear-gradient(135deg, #fffbf5 0%, #fff8ed 100%);\n  box-shadow: 0 8px 24px rgba(195, 159, 118, 0.25), inset 0 1px 0 rgba(195, 159, 118, 0.15);\n}\n\n.lk-stay-badge {\n  display: inline-flex;\n  align-items: center;\n  gap: 5px;\n  font-size: 10px;\n  font-weight: 500;\n  letter-spacing: 1.5px;\n  text-transform: uppercase;\n  padding: 5px 11px;\n  border-radius: 20px;\n  width: fit-content;\n}\n.badge-top     { background: linear-gradient(135deg, #c39f76 0%, #d4b188 100%); color: #fff; border: 1px solid #c39f76; font-weight: 600; box-shadow: 0 2px 8px rgba(195,159,118,0.3); }\n.badge-luxury  { background: rgba(195,159,118,.12); color: #c39f76; border: 1px solid rgba(195,159,118,.25); }\n.badge-boutique{ background: rgba(54,133,252,.08); color: #3685fc; border: 1px solid rgba(54,133,252,.2); }\n.badge-nature  { background: rgba(130,190,100,.1); color: #6b9c4a; border: 1px solid rgba(130,190,100,.2); }\n.badge-remote  { background: rgba(195,159,118,.12); color: #a67e50; border: 1px solid rgba(195,159,118,.25); }\n\n.lk-stay-name {\n  font-family: 'Playfair Display', Georgia, serif;\n  font-size: 18px;\n  font-weight: 700;\n  color: #111827;\n  line-height: 1.3;\n}\n.lk-stay-desc {\n  font-size: 13.5px;\n  color: #525252;\n  line-height: 1.65;\n  font-weight: 300;\n  flex: 1;\n}\n\n.lk-stay-meta {\n  display: flex;\n  align-items: center;\n  gap: 12px;\n  flex-wrap: wrap;\n  margin-top: 4px;\n}\n.lk-stay-price {\n  font-size: 13px;\n  color: #6b7280;\n}\n.lk-stay-price strong {\n  color: #c39f76;\n  font-weight: 500;\n}\n.lk-stay-stars {\n  color: #c39f76;\n  font-size: 11px;\n  letter-spacing: 1px;\n}\n\n\/* \u2500\u2500\u2500 CTA BUTTON \u2500\u2500\u2500 *\/\n.lk-stay-cta {\n  display: inline-flex;\n  align-items: center;\n  justify-content: center;\n  gap: 7px;\n  margin-top: 8px;\n  padding: 11px 20px;\n  border-radius: 8px;\n  background: linear-gradient(135deg, #3685fc 0%, #2a6fd9 100%);\n  color: #fff;\n  font-size: 13px;\n  font-weight: 500;\n  text-decoration: none;\n  letter-spacing: .3px;\n  transition: all .2s ease;\n  cursor: pointer;\n  border: none;\n  text-align: center;\n  box-shadow: 0 4px 12px rgba(54, 133, 252, 0.25);\n}\n.lk-stay-cta:hover {\n  background: linear-gradient(135deg, #2a6fd9 0%, #1e5bc4 100%);\n  transform: translateY(-1px);\n  box-shadow: 0 6px 16px rgba(54, 133, 252, 0.35);\n}\n.lk-stay-cta svg { flex-shrink: 0; }\n\n\/* \u2500\u2500\u2500 FOOTER \u2500\u2500\u2500 *\/\n.lk-stays-footer {\n  padding: 18px 36px;\n  background: linear-gradient(to bottom, #fdfaf5 0%, #f9f4ed 100%);\n  border-top: 1px solid rgba(195, 159, 118, 0.15);\n  display: flex;\n  align-items: center;\n  justify-content: space-between;\n  flex-wrap: wrap;\n  gap: 12px;\n}\n.lk-stays-footer-note {\n  font-size: 11.5px;\n  color: #6b7280;\n  font-weight: 300;\n  line-height: 1.5;\n}\n.lk-stays-footer-note a {\n  color: #c39f76;\n  text-decoration: none;\n  font-weight: 400;\n}\n.lk-stays-footer-note a:hover {\n  text-decoration: underline;\n}\n.lk-stays-all-btn {\n  display: inline-flex;\n  align-items: center;\n  gap: 6px;\n  font-size: 12.5px;\n  font-weight: 500;\n  color: #c39f76;\n  text-decoration: none;\n  border: 1px solid rgba(195, 159, 118, 0.35);\n  padding: 8px 18px;\n  border-radius: 8px;\n  transition: all .2s ease;\n}\n.lk-stays-all-btn:hover {\n  background: rgba(195, 159, 118, 0.08);\n  border-color: rgba(195, 159, 118, 0.5);\n}\n\n\/* \u2500\u2500\u2500 RESPONSIVE \u2500\u2500\u2500 *\/\n@media (max-width: 600px) {\n  .lk-stays-grid { grid-template-columns: 1fr; }\n  .lk-stays-header { padding: 24px 20px; }\n  .lk-stays-footer { padding: 16px 20px; }\n  .lk-stay-card { padding: 22px; }\n  .lk-stays-title { font-size: 20px; }\n}\n<\/style>\n\n  <!-- HEADER -->\n  <div class=\"lk-stays-header\">\n    <img decoding=\"async\" src=\"https:\/\/loudavymkrokem.cz\/wp-content\/uploads\/2026\/02\/lukas-a-lucka.jpg\" alt=\"\" style=\"width: 75px; height: 75px; border-radius: 8px; flex-shrink: 0; object-fit: cover; display: block; margin: 4px 0;\" title=\"\">\n    <div class=\"lk-stays-header-text\">\n      <div class=\"lk-stays-eyebrow\">Luk\u00e1\u0161 ja Lucie suosittelevat<\/div>\n      <div class=\"lk-stays-title\">Miss\u00e4 y\u00f6py\u00e4 P\u00edskussa<\/div>\n      <div class=\"lk-stays-subtitle\">5 majoitusvaihtoehtoa \u2014 hotellit ja muut majoitusmahdollisuudet<\/div>\n    <\/div>\n  <\/div>\n\n  <!-- CARDS -->\n  <div class=\"lk-stays-grid\">\n\n    <a class=\"lk-stay-card featured\" href=\"https:\/\/www.stay22.com\/allez\/roam?aid=lukaskonecny&#038;campaign=loudavymkrokemcz&#038;campaign=fi&#038;campaign=vylety-v-okoli-pisku&#038;hotelname=Hotel%20Biograf&#038;address=P%C3%ADsek%2C%20%C4%8Cesko\" target=\"_blank\" rel=\"nofollow noopener\">\n      <span class=\"lk-stay-badge badge-top\">\u2b50 HUIPPUVALINTA<\/span>\n      <span class=\"lk-stay-badge badge-nature\">\ud83c\udfe8 Hotelli<\/span>\n      <div class=\"lk-stay-name\">Hotel Biograf<\/div>\n      <div class=\"lk-stay-desc\">T\u00e4m\u00e4 kunnostettu hotelli sijaitsee parhaimalla paikalla l\u00e4hell\u00e4 Velk\u00e9ho n\u00e1m\u011bst\u00ed\u00e4, ja se on pitk\u00e4\u00e4n ollut P\u00edskun parhaiten arvosteltu.<\/div>\n      <div class=\"lk-stay-meta\">\n        <span class=\"lk-stay-stars\">\u2605\u2605\u2605\u2605<\/span>\n        <span class=\"lk-stay-price\">Tarkista hinnat<\/span>\n      <\/div>\n      <span class=\"lk-stay-cta\">\n        <svg width=\"14\" height=\"14\" viewBox=\"0 0 24 24\" fill=\"none\" stroke=\"currentColor\" stroke-width=\"2\"><path d=\"M18 13v6a2 2 0 0 1-2 2H5a2 2 0 0 1-2-2V8a2 2 0 0 1 2-2h6\"\/><polyline points=\"15 3 21 3 21 9\"\/><line x1=\"10\" y1=\"14\" x2=\"21\" y2=\"3\"\/><\/svg>\n        Tarkista saatavuus\n      <\/span>\n    <\/a>\n\n    <a class=\"lk-stay-card\" href=\"https:\/\/www.stay22.com\/allez\/roam?aid=lukaskonecny&#038;campaign=loudavymkrokemcz&#038;campaign=fi&#038;campaign=vylety-v-okoli-pisku&#038;hotelname=Hotel%20U%20Kapli%C4%8Dky&#038;address=P%C3%ADsek%2C%20%C4%8Cesko\" target=\"_blank\" rel=\"nofollow noopener\">\n      <span class=\"lk-stay-badge badge-nature\">\ud83c\udfe8 Hotelli<\/span>\n      <div class=\"lk-stay-name\">Hotel U Kapli\u010dky<\/div>\n      <div class=\"lk-stay-desc\">Rauhallisempi vaihtoehto omalla ravintolalla ja pys\u00e4k\u00f6innill\u00e4, arvostat my\u00f6h\u00e4isten retkien j\u00e4lkeen palatessa.<\/div>\n      <div class=\"lk-stay-meta\">\n        <span class=\"lk-stay-stars\">\u2605\u2605\u2605\u2605<\/span>\n        <span class=\"lk-stay-price\">Tarkista hinnat<\/span>\n      <\/div>\n      <span class=\"lk-stay-cta\">\n        <svg width=\"14\" height=\"14\" viewBox=\"0 0 24 24\" fill=\"none\" stroke=\"currentColor\" stroke-width=\"2\"><path d=\"M18 13v6a2 2 0 0 1-2 2H5a2 2 0 0 1-2-2V8a2 2 0 0 1 2-2h6\"\/><polyline points=\"15 3 21 3 21 9\"\/><line x1=\"10\" y1=\"14\" x2=\"21\" y2=\"3\"\/><\/svg>\n        Tarkista saatavuus\n      <\/span>\n    <\/a>\n\n    <a class=\"lk-stay-card\" href=\"https:\/\/www.stay22.com\/allez\/roam?aid=lukaskonecny&#038;campaign=loudavymkrokemcz&#038;campaign=fi&#038;campaign=vylety-v-okoli-pisku&#038;hotelname=Penzion%20Sport&#038;address=P%C3%ADsek%2C%20%C4%8Cesko\" target=\"_blank\" rel=\"nofollow noopener\">\n      <span class=\"lk-stay-badge badge-nature\">\ud83c\udfe1 Majatalo<\/span>\n      <div class=\"lk-stay-name\">Penzion Sport<\/div>\n      <div class=\"lk-stay-desc\">Edullisempi majoitus urheilualueen ja uimapaikan l\u00e4hell\u00e4 muutaman minuutin k\u00e4velymatkan p\u00e4\u00e4ss\u00e4.<\/div>\n      <div class=\"lk-stay-meta\">\n        <span class=\"lk-stay-stars\">\u2605\u2605\u2605\u2605<\/span>\n        <span class=\"lk-stay-price\">Tarkista hinnat<\/span>\n      <\/div>\n      <span class=\"lk-stay-cta\">\n        <svg width=\"14\" height=\"14\" viewBox=\"0 0 24 24\" fill=\"none\" stroke=\"currentColor\" stroke-width=\"2\"><path d=\"M18 13v6a2 2 0 0 1-2 2H5a2 2 0 0 1-2-2V8a2 2 0 0 1 2-2h6\"\/><polyline points=\"15 3 21 3 21 9\"\/><line x1=\"10\" y1=\"14\" x2=\"21\" y2=\"3\"\/><\/svg>\n        Tarkista saatavuus\n      <\/span>\n    <\/a>\n\n    <a class=\"lk-stay-card\" href=\"https:\/\/www.stay22.com\/allez\/roam?aid=lukaskonecny&#038;campaign=loudavymkrokemcz&#038;campaign=fi&#038;campaign=vylety-v-okoli-pisku&#038;hotelname=Hotel%20Otava&#038;address=P%C3%ADsek%2C%20%C4%8Cesko\" target=\"_blank\" rel=\"nofollow noopener\">\n      <span class=\"lk-stay-badge badge-nature\">\ud83c\udfe8 Hotelli<\/span>\n      <div class=\"lk-stay-name\">Hotel Otava<\/div>\n      <div class=\"lk-stay-desc\">Suoraan historiallisessa keskustassa, ensimm\u00e4isen tasavallan aikainen rakennus Al\u0161in maalauksineen, huoneita on vaikea saada, varaa etuk\u00e4teen.<\/div>\n      <div class=\"lk-stay-meta\">\n        <span class=\"lk-stay-stars\">\u2605\u2605\u2605\u2605<\/span>\n        <span class=\"lk-stay-price\">Tarkista hinnat<\/span>\n      <\/div>\n      <span class=\"lk-stay-cta\">\n        <svg width=\"14\" height=\"14\" viewBox=\"0 0 24 24\" fill=\"none\" stroke=\"currentColor\" stroke-width=\"2\"><path d=\"M18 13v6a2 2 0 0 1-2 2H5a2 2 0 0 1-2-2V8a2 2 0 0 1 2-2h6\"\/><polyline points=\"15 3 21 3 21 9\"\/><line x1=\"10\" y1=\"14\" x2=\"21\" y2=\"3\"\/><\/svg>\n        Tarkista saatavuus\n      <\/span>\n    <\/a>\n\n    <a class=\"lk-stay-card\" href=\"https:\/\/www.stay22.com\/allez\/roam?aid=lukaskonecny&#038;campaign=loudavymkrokemcz&#038;campaign=fi&#038;campaign=vyletyvokolipisku&#038;address=p\u00edsek\" target=\"_blank\" rel=\"nofollow noopener\">\n      <span class=\"lk-stay-badge badge-nature\">\ud83d\udd0d Hae<\/span>\n      <div class=\"lk-stay-name\">N\u00e4yt\u00e4 kaikki majoitukset P\u00edskussa<\/div>\n      <div class=\"lk-stay-desc\">Tutustu kaikkiin saatavilla oleviin majoitusvaihtoehtoihin P\u00edskussa ja l\u00f6yd\u00e4 paras mieltymystesi ja budjettisi mukaan.<\/div>\n      <div class=\"lk-stay-meta\">\n        <span class=\"lk-stay-stars\">\u2605\u2605\u2605\u2605<\/span>\n        <span class=\"lk-stay-price\">Vertaile hintoja<\/span>\n      <\/div>\n      <span class=\"lk-stay-cta\">\n        <svg width=\"14\" height=\"14\" viewBox=\"0 0 24 24\" fill=\"none\" stroke=\"currentColor\" stroke-width=\"2\"><path d=\"M18 13v6a2 2 0 0 1-2 2H5a2 2 0 0 1-2-2V8a2 2 0 0 1 2-2h6\"\/><polyline points=\"15 3 21 3 21 9\"\/><line x1=\"10\" y1=\"14\" x2=\"21\" y2=\"3\"\/><\/svg>\n        Tarkista saatavuus\n      <\/span>\n    <\/a>\n\n  <\/div>\n\n  \n<\/div>\n\n\n\n\n<h3 class=\"wp-block-heading\"><span class=\"ez-toc-section\" id=\"17_Kratochvilen_linna_Netolice\"><\/span>17. Kratochv\u00edlen linna (Netolice)<span class=\"ez-toc-section-end\"><\/span><\/h3>\n\n\n\n<p class=\"wp-block-paragraph\">T\u00e4m\u00e4 renessanssihelmi sijaitsee <strong>36,1 kilometrin p\u00e4\u00e4ss\u00e4 ja autolla saavut t\u00e4nne 34 minuutissa<\/strong>. Kratochv\u00edle on upea italialainen renessanssihuvila t\u00e4ydellisen vesivallihaudan ymp\u00e4r\u00f6im\u00e4n\u00e4, jonka kuuluisa Vil\u00e9m z Ro\u017emberka rakennutti kes\u00e4huvilakseen.<\/p>\n\n\n\n<p class=\"wp-block-paragraph\">Vuodelle 2026 on voimassa varmistettu p\u00e4\u00e4symaksu, jossa <strong>huvilan kierros maksaa 220 K\u010d (n. 9 \u20ac) aikuisilta, 180 K\u010d (n. 7,40 \u20ac) senioreilta ja 70 K\u010d (n. 2,90 \u20ac) lapsilta<\/strong>, kun taas suuri Grand-kierros maksaa 280 K\u010d (n. 11,50 \u20ac). Jos haluat vain k\u00e4vell\u00e4, p\u00e4\u00e4sy geometrisen tarkkaan linnanpuutarhaan maksaa 60 K\u010d (n. 2,50 \u20ac).<\/p>\n\n\n\n<p class=\"wp-block-paragraph\">Tunnelma on t\u00e4\u00e4ll\u00e4 <strong>uskomattoman valokuvauksellinen ja koko paikka vaikuttaa kuin sadusta leikatulta<\/strong>, ennen kaikkea huvilaa joka puolelta ymp\u00e4r\u00f6iv\u00e4n vesivallihaudan ansiosta. Ajankohtaiset aukioloajat kannattaa katsoa virallisilta sivuilta <a href=\"https:\/\/zamek-kratochvile.cz\" rel=\"nofollow noopener\" target=\"_blank\">zamek-kratochvile.cz<\/a>.<\/p>\n\n\n\n<figure data-wp-context=\"{&quot;imageId&quot;:&quot;6a9527f513214&quot;}\" data-wp-interactive=\"core\/image\" data-wp-key=\"6a9527f513214\" class=\"wp-block-image size-full wp-lightbox-container\"><img decoding=\"async\" width=\"2528\" height=\"1696\" data-wp-class--hide=\"state.isContentHidden\" data-wp-class--show=\"state.isContentVisible\" data-wp-init=\"callbacks.setButtonStyles\" data-wp-on--click=\"actions.showLightbox\" data-wp-on--load=\"callbacks.setButtonStyles\" data-wp-on--pointerdown=\"actions.preloadImage\" data-wp-on--pointerenter=\"actions.preloadImageWithDelay\" data-wp-on--pointerleave=\"actions.cancelPreload\" data-wp-on-window--resize=\"callbacks.setButtonStyles\" src=\"https:\/\/loudavymkrokem.cz\/wp-content\/uploads\/2026\/08\/lk-22.jpg\" alt=\"Pyhien Pietarin ja Paavalin kirkko Albrechticessa Vltavan varrella\" class=\"wp-image-404078\" title=\"\" srcset=\"https:\/\/loudavymkrokem.cz\/wp-content\/uploads\/2026\/08\/lk-22.jpg 2528w, https:\/\/loudavymkrokem.cz\/wp-content\/uploads\/2026\/08\/lk-22-300x201.jpg 300w, https:\/\/loudavymkrokem.cz\/wp-content\/uploads\/2026\/08\/lk-22-700x470.jpg 700w, https:\/\/loudavymkrokem.cz\/wp-content\/uploads\/2026\/08\/lk-22-768x515.jpg 768w, https:\/\/loudavymkrokem.cz\/wp-content\/uploads\/2026\/08\/lk-22-1536x1030.jpg 1536w, https:\/\/loudavymkrokem.cz\/wp-content\/uploads\/2026\/08\/lk-22-2048x1374.jpg 2048w, https:\/\/loudavymkrokem.cz\/wp-content\/uploads\/2026\/08\/lk-22-696x467.jpg 696w, https:\/\/loudavymkrokem.cz\/wp-content\/uploads\/2026\/08\/lk-22-1392x934.jpg 1392w, https:\/\/loudavymkrokem.cz\/wp-content\/uploads\/2026\/08\/lk-22-1920x1288.jpg 1920w\" sizes=\"(max-width: 2528px) 100vw, 2528px\" \/><button\n\t\t\tclass=\"lightbox-trigger\"\n\t\t\ttype=\"button\"\n\t\t\taria-haspopup=\"dialog\"\n\t\t\tdata-wp-bind--aria-label=\"state.thisImage.triggerButtonAriaLabel\"\n\t\t\tdata-wp-init=\"callbacks.initTriggerButton\"\n\t\t\tdata-wp-on--click=\"actions.showLightbox\"\n\t\t\tdata-wp-style--right=\"state.thisImage.buttonRight\"\n\t\t\tdata-wp-style--top=\"state.thisImage.buttonTop\"\n\t\t>\n\t\t\t<svg xmlns=\"http:\/\/www.w3.org\/2000\/svg\" width=\"12\" height=\"12\" fill=\"none\" viewBox=\"0 0 12 12\">\n\t\t\t\t<path fill=\"#fff\" d=\"M2 0a2 2 0 0 0-2 2v2h1.5V2a.5.5 0 0 1 .5-.5h2V0H2Zm2 10.5H2a.5.5 0 0 1-.5-.5V8H0v2a2 2 0 0 0 2 2h2v-1.5ZM8 12v-1.5h2a.5.5 0 0 0 .5-.5V8H12v2a2 2 0 0 1-2 2H8Zm2-12a2 2 0 0 1 2 2v2h-1.5V2a.5.5 0 0 0-.5-.5H8V0h2Z\" \/>\n\t\t\t<\/svg>\n\t\t<\/button><figcaption class=\"wp-element-caption\">Valokuvan mukaan: Manka \/ Wikimedia Commons, CC BY 3.0 \u00b7 v\u00e4rikorjattu<\/figcaption><\/figure>\n\n\n\n<h3 class=\"wp-block-heading\"><span class=\"ez-toc-section\" id=\"18_Luuhuone_ja_hautausmaa_Albrechticessa_Vltavan_varrella\"><\/span>18. Luuhuone ja hautausmaa Albrechticessa Vltavan varrella<span class=\"ez-toc-section-end\"><\/span><\/h3>\n\n\n\n<p class=\"wp-block-paragraph\">T\u00e4lle huomaamattomalle mutta ainutlaatuiselle retkelle ajat <strong>16,4 kilometri\u00e4 ja se vie vain 18 minuuttia<\/strong>. Albrechticessa Vltavan varrella l\u00f6yd\u00e4t pyhien Pietarin ja Paavalin kirkon viereisine hautausmaineen, jota ymp\u00e4r\u00f6i aivan ainutlaatuinen muuri maalattuine syvennyskappeleineen, jotka toimivat pienoisluuhuoneina.<\/p>\n\n\n\n<p class=\"wp-block-paragraph\">Kyseess\u00e4 on <strong>hyvin v\u00e4h\u00e4n tunnettu paikka upeine, hiljaisine tunnelmineen, joka on vapaasti ja ilmaiseksi kaikkien k\u00e4ytett\u00e4viss\u00e4<\/strong>. Arvosteluja kartoilla on vain muutama kymmenen, mutta ken t\u00e4nne eksyy, poistuu innostuneena. Kappelien maalaukset kertovat tarinoita ja niiss\u00e4 on opettavaisia tekstej\u00e4 1800-luvulta, mik\u00e4 tekee paikasta alueen fantastisen k\u00e4tketyn aarteen.<\/p>\n\n\n\n<p class=\"wp-block-paragraph\">Varo kuitenkin tarkasti, ettet <strong>sekoita t\u00e4t\u00e4 pient\u00e4 luuhuonetta kuuluisaan Sedlecin luuhuoneeseen Kutn\u00e1 Horan l\u00e4hell\u00e4<\/strong>, sill\u00e4 hakukoneet menev\u00e4t niist\u00e4 usein sekaisin. T\u00e4k\u00e4l\u00e4inen albrechticel\u00e4inen versio on paljon intiimimpi, hiljaisempi ja turistien l\u00e4hes l\u00f6yt\u00e4m\u00e4t\u00f6n. K\u00e4yt\u00e4nn\u00f6n tiedot paikasta l\u00f6yd\u00e4t kunnan sivuilta <a href=\"https:\/\/albrechticenadvltavou.cz\" rel=\"nofollow noopener\" target=\"_blank\">albrechticenadvltavou.cz<\/a>.<\/p>\n\n\n\n<figure data-wp-context=\"{&quot;imageId&quot;:&quot;6a9527f5136a8&quot;}\" data-wp-interactive=\"core\/image\" data-wp-key=\"6a9527f5136a8\" class=\"wp-block-image size-full wp-lightbox-container\"><img decoding=\"async\" width=\"2200\" height=\"1467\" data-wp-class--hide=\"state.isContentHidden\" data-wp-class--show=\"state.isContentVisible\" data-wp-init=\"callbacks.setButtonStyles\" data-wp-on--click=\"actions.showLightbox\" data-wp-on--load=\"callbacks.setButtonStyles\" data-wp-on--pointerdown=\"actions.preloadImage\" data-wp-on--pointerenter=\"actions.preloadImageWithDelay\" data-wp-on--pointerleave=\"actions.cancelPreload\" data-wp-on-window--resize=\"callbacks.setButtonStyles\" src=\"https:\/\/loudavymkrokem.cz\/wp-content\/uploads\/2026\/08\/orlicka-prehrada-lod-pod-zvikovem.jpg\" alt=\"Moottorivene Orl\u00edkin tekoj\u00e4rvell\u00e4 Zv\u00edkovin linnan alla\" class=\"wp-image-404454\" title=\"\" srcset=\"https:\/\/loudavymkrokem.cz\/wp-content\/uploads\/2026\/08\/orlicka-prehrada-lod-pod-zvikovem.jpg 2200w, https:\/\/loudavymkrokem.cz\/wp-content\/uploads\/2026\/08\/orlicka-prehrada-lod-pod-zvikovem-300x200.jpg 300w, https:\/\/loudavymkrokem.cz\/wp-content\/uploads\/2026\/08\/orlicka-prehrada-lod-pod-zvikovem-700x467.jpg 700w, https:\/\/loudavymkrokem.cz\/wp-content\/uploads\/2026\/08\/orlicka-prehrada-lod-pod-zvikovem-768x512.jpg 768w, https:\/\/loudavymkrokem.cz\/wp-content\/uploads\/2026\/08\/orlicka-prehrada-lod-pod-zvikovem-1536x1024.jpg 1536w, https:\/\/loudavymkrokem.cz\/wp-content\/uploads\/2026\/08\/orlicka-prehrada-lod-pod-zvikovem-2048x1366.jpg 2048w, https:\/\/loudavymkrokem.cz\/wp-content\/uploads\/2026\/08\/orlicka-prehrada-lod-pod-zvikovem-696x464.jpg 696w, https:\/\/loudavymkrokem.cz\/wp-content\/uploads\/2026\/08\/orlicka-prehrada-lod-pod-zvikovem-1392x928.jpg 1392w, https:\/\/loudavymkrokem.cz\/wp-content\/uploads\/2026\/08\/orlicka-prehrada-lod-pod-zvikovem-1920x1280.jpg 1920w\" sizes=\"(max-width: 2200px) 100vw, 2200px\" \/><button\n\t\t\tclass=\"lightbox-trigger\"\n\t\t\ttype=\"button\"\n\t\t\taria-haspopup=\"dialog\"\n\t\t\tdata-wp-bind--aria-label=\"state.thisImage.triggerButtonAriaLabel\"\n\t\t\tdata-wp-init=\"callbacks.initTriggerButton\"\n\t\t\tdata-wp-on--click=\"actions.showLightbox\"\n\t\t\tdata-wp-style--right=\"state.thisImage.buttonRight\"\n\t\t\tdata-wp-style--top=\"state.thisImage.buttonTop\"\n\t\t>\n\t\t\t<svg xmlns=\"http:\/\/www.w3.org\/2000\/svg\" width=\"12\" height=\"12\" fill=\"none\" viewBox=\"0 0 12 12\">\n\t\t\t\t<path fill=\"#fff\" d=\"M2 0a2 2 0 0 0-2 2v2h1.5V2a.5.5 0 0 1 .5-.5h2V0H2Zm2 10.5H2a.5.5 0 0 1-.5-.5V8H0v2a2 2 0 0 0 2 2h2v-1.5ZM8 12v-1.5h2a.5.5 0 0 0 .5-.5V8H12v2a2 2 0 0 1-2 2H8Zm2-12a2 2 0 0 1 2 2v2h-1.5V2a.5.5 0 0 0-.5-.5H8V0h2Z\" \/>\n\t\t\t<\/svg>\n\t\t<\/button><\/figure>\n\n\n\n<h2 class=\"wp-block-heading\"><span class=\"ez-toc-section\" id=\"Vesi_Orlikin_tekojarvi_Vltava_ja_Otava\"><\/span>Vesi: Orl\u00edkin tekoj\u00e4rvi, Vltava ja Otava<span class=\"ez-toc-section-end\"><\/span><\/h2>\n\n\n\n<p class=\"wp-block-paragraph\">Etel\u00e4-B\u00f6\u00f6min joet ja tekoj\u00e4rvet ovat oma lukunsa. Kes\u00e4ll\u00e4 ne tarjoavat mahtavaa uintia, kev\u00e4\u00e4ll\u00e4 ja syksyll\u00e4 taas upeita maisemia jyrkkine kanjoneineen. N\u00e4it\u00e4 retki\u00e4 suosittelen suunnittelemaan l\u00e4hinn\u00e4 p\u00e4iviin, jolloin s\u00e4\u00e4 on kaunis.<\/p>\n\n\n\n<figure data-wp-context=\"{&quot;imageId&quot;:&quot;6a9527f513a94&quot;}\" data-wp-interactive=\"core\/image\" data-wp-key=\"6a9527f513a94\" class=\"wp-block-image size-full wp-lightbox-container\"><img decoding=\"async\" width=\"2528\" height=\"1696\" data-wp-class--hide=\"state.isContentHidden\" data-wp-class--show=\"state.isContentVisible\" data-wp-init=\"callbacks.setButtonStyles\" data-wp-on--click=\"actions.showLightbox\" data-wp-on--load=\"callbacks.setButtonStyles\" data-wp-on--pointerdown=\"actions.preloadImage\" data-wp-on--pointerenter=\"actions.preloadImageWithDelay\" data-wp-on--pointerleave=\"actions.cancelPreload\" data-wp-on-window--resize=\"callbacks.setButtonStyles\" src=\"https:\/\/loudavymkrokem.cz\/wp-content\/uploads\/2026\/08\/lk-24.jpg\" alt=\"Retkilaiva Orl\u00edkin tekoj\u00e4rvell\u00e4\" class=\"wp-image-404086\" title=\"\" srcset=\"https:\/\/loudavymkrokem.cz\/wp-content\/uploads\/2026\/08\/lk-24.jpg 2528w, https:\/\/loudavymkrokem.cz\/wp-content\/uploads\/2026\/08\/lk-24-300x201.jpg 300w, https:\/\/loudavymkrokem.cz\/wp-content\/uploads\/2026\/08\/lk-24-700x470.jpg 700w, https:\/\/loudavymkrokem.cz\/wp-content\/uploads\/2026\/08\/lk-24-768x515.jpg 768w, https:\/\/loudavymkrokem.cz\/wp-content\/uploads\/2026\/08\/lk-24-1536x1030.jpg 1536w, https:\/\/loudavymkrokem.cz\/wp-content\/uploads\/2026\/08\/lk-24-2048x1374.jpg 2048w, https:\/\/loudavymkrokem.cz\/wp-content\/uploads\/2026\/08\/lk-24-696x467.jpg 696w, https:\/\/loudavymkrokem.cz\/wp-content\/uploads\/2026\/08\/lk-24-1392x934.jpg 1392w, https:\/\/loudavymkrokem.cz\/wp-content\/uploads\/2026\/08\/lk-24-1920x1288.jpg 1920w\" sizes=\"(max-width: 2528px) 100vw, 2528px\" \/><button\n\t\t\tclass=\"lightbox-trigger\"\n\t\t\ttype=\"button\"\n\t\t\taria-haspopup=\"dialog\"\n\t\t\tdata-wp-bind--aria-label=\"state.thisImage.triggerButtonAriaLabel\"\n\t\t\tdata-wp-init=\"callbacks.initTriggerButton\"\n\t\t\tdata-wp-on--click=\"actions.showLightbox\"\n\t\t\tdata-wp-style--right=\"state.thisImage.buttonRight\"\n\t\t\tdata-wp-style--top=\"state.thisImage.buttonTop\"\n\t\t>\n\t\t\t<svg xmlns=\"http:\/\/www.w3.org\/2000\/svg\" width=\"12\" height=\"12\" fill=\"none\" viewBox=\"0 0 12 12\">\n\t\t\t\t<path fill=\"#fff\" d=\"M2 0a2 2 0 0 0-2 2v2h1.5V2a.5.5 0 0 1 .5-.5h2V0H2Zm2 10.5H2a.5.5 0 0 1-.5-.5V8H0v2a2 2 0 0 0 2 2h2v-1.5ZM8 12v-1.5h2a.5.5 0 0 0 .5-.5V8H12v2a2 2 0 0 1-2 2H8Zm2-12a2 2 0 0 1 2 2v2h-1.5V2a.5.5 0 0 0-.5-.5H8V0h2Z\" \/>\n\t\t\t<\/svg>\n\t\t<\/button><figcaption class=\"wp-element-caption\">Valokuvan mukaan: Ji\u0159\u00ed Sedl\u00e1\u010dek \/ Wikimedia Commons, CC BY-SA 4.0 \u00b7 v\u00e4rikorjattu<\/figcaption><\/figure>\n\n\n\n<h3 class=\"wp-block-heading\"><span class=\"ez-toc-section\" id=\"19_Laivamatka_Zvikov_%E2%86%94_Orlik\"><\/span>19. Laivamatka Zv\u00edkov \u2194 Orl\u00edk<span class=\"ez-toc-section-end\"><\/span><\/h3>\n\n\n\n<p class=\"wp-block-paragraph\">Zv\u00edkovin linnan alla olevalle laivalaiturille on <strong>26 kilometri\u00e4 ja automatka kest\u00e4\u00e4 noin 32 minuuttia<\/strong>. Juuri t\u00e4\u00e4lt\u00e4 nimitt\u00e4in l\u00e4htee Orl\u00edkin laivaliikenne, joka on mielest\u00e4ni koko P\u00edsekin seudun kaikkein kaunein retkiyhdistelm\u00e4, sill\u00e4 se yhdist\u00e4\u00e4 kaksi huikeaa linnaa rentoutumiseen vedell\u00e4.<\/p>\n\n\n\n<p class=\"wp-block-paragraph\">Laivat <strong>kulkevat t\u00e4n\u00e4 vuonna s\u00e4\u00e4nn\u00f6llist\u00e4 reitti\u00e4 Orl\u00edkin linnan ja Zv\u00edkovin linnan v\u00e4lill\u00e4 molempiin suuntiin<\/strong>, ja liikenne toimii tiistaista sunnuntaihin, maanantaisin on vapaata. Varo sit\u00e4, ett\u00e4 suosittu reitti aivan padolle asti ei t\u00e4ll\u00e4 hetkell\u00e4 ollenkaan toteudu vaarallisen p\u00e4\u00e4syn vuoksi.<\/p>\n\n\n\n<p class=\"wp-block-paragraph\">Lipun hinta ja tarkka aikataulu eiv\u00e4t valitettavasti ole kiinte\u00e4sti ilmoitettu, joten <strong>kaikki tiedot kannattaa varmistaa puhelimitse tai sivuilta <a href=\"https:\/\/lodnidopravanaorliku.cz\" rel=\"nofollow noopener\" target=\"_blank\">lodnidopravanaorliku.cz<\/a><\/strong>. \ud83d\udca1 Vinkki: Lomien aikaan laivat ovat yleens\u00e4 t\u00e4ynn\u00e4, joten suosittelen saapumaan laiturille hyviss\u00e4 ajoin.<\/p>\n\n\n\n<figure data-wp-context=\"{&quot;imageId&quot;:&quot;6a9527f513f52&quot;}\" data-wp-interactive=\"core\/image\" data-wp-key=\"6a9527f513f52\" class=\"wp-block-image size-full wp-lightbox-container\"><img decoding=\"async\" width=\"2200\" height=\"1467\" data-wp-class--hide=\"state.isContentHidden\" data-wp-class--show=\"state.isContentVisible\" data-wp-init=\"callbacks.setButtonStyles\" data-wp-on--click=\"actions.showLightbox\" data-wp-on--load=\"callbacks.setButtonStyles\" data-wp-on--pointerdown=\"actions.preloadImage\" data-wp-on--pointerenter=\"actions.preloadImageWithDelay\" data-wp-on--pointerleave=\"actions.cancelPreload\" data-wp-on-window--resize=\"callbacks.setButtonStyles\" src=\"https:\/\/loudavymkrokem.cz\/wp-content\/uploads\/2026\/08\/orlicka-prehrada-prirodni-plaz.jpg\" alt=\"Luonnonranta Orl\u00edkin tekoj\u00e4rven lahdessa\" class=\"wp-image-404455\" title=\"\" srcset=\"https:\/\/loudavymkrokem.cz\/wp-content\/uploads\/2026\/08\/orlicka-prehrada-prirodni-plaz.jpg 2200w, https:\/\/loudavymkrokem.cz\/wp-content\/uploads\/2026\/08\/orlicka-prehrada-prirodni-plaz-300x200.jpg 300w, https:\/\/loudavymkrokem.cz\/wp-content\/uploads\/2026\/08\/orlicka-prehrada-prirodni-plaz-700x467.jpg 700w, https:\/\/loudavymkrokem.cz\/wp-content\/uploads\/2026\/08\/orlicka-prehrada-prirodni-plaz-768x512.jpg 768w, https:\/\/loudavymkrokem.cz\/wp-content\/uploads\/2026\/08\/orlicka-prehrada-prirodni-plaz-1536x1024.jpg 1536w, https:\/\/loudavymkrokem.cz\/wp-content\/uploads\/2026\/08\/orlicka-prehrada-prirodni-plaz-2048x1366.jpg 2048w, https:\/\/loudavymkrokem.cz\/wp-content\/uploads\/2026\/08\/orlicka-prehrada-prirodni-plaz-696x464.jpg 696w, https:\/\/loudavymkrokem.cz\/wp-content\/uploads\/2026\/08\/orlicka-prehrada-prirodni-plaz-1392x928.jpg 1392w, https:\/\/loudavymkrokem.cz\/wp-content\/uploads\/2026\/08\/orlicka-prehrada-prirodni-plaz-1920x1280.jpg 1920w\" sizes=\"(max-width: 2200px) 100vw, 2200px\" \/><button\n\t\t\tclass=\"lightbox-trigger\"\n\t\t\ttype=\"button\"\n\t\t\taria-haspopup=\"dialog\"\n\t\t\tdata-wp-bind--aria-label=\"state.thisImage.triggerButtonAriaLabel\"\n\t\t\tdata-wp-init=\"callbacks.initTriggerButton\"\n\t\t\tdata-wp-on--click=\"actions.showLightbox\"\n\t\t\tdata-wp-style--right=\"state.thisImage.buttonRight\"\n\t\t\tdata-wp-style--top=\"state.thisImage.buttonTop\"\n\t\t>\n\t\t\t<svg xmlns=\"http:\/\/www.w3.org\/2000\/svg\" width=\"12\" height=\"12\" fill=\"none\" viewBox=\"0 0 12 12\">\n\t\t\t\t<path fill=\"#fff\" d=\"M2 0a2 2 0 0 0-2 2v2h1.5V2a.5.5 0 0 1 .5-.5h2V0H2Zm2 10.5H2a.5.5 0 0 1-.5-.5V8H0v2a2 2 0 0 0 2 2h2v-1.5ZM8 12v-1.5h2a.5.5 0 0 0 .5-.5V8H12v2a2 2 0 0 1-2 2H8Zm2-12a2 2 0 0 1 2 2v2h-1.5V2a.5.5 0 0 0-.5-.5H8V0h2Z\" \/>\n\t\t\t<\/svg>\n\t\t<\/button><\/figure>\n\n\n\n<h3 class=\"wp-block-heading\"><span class=\"ez-toc-section\" id=\"20_Orlikin_tekojarvi_rannat_ja_leirintaalueet\"><\/span>20. Orl\u00edkin tekoj\u00e4rvi: rannat ja leirint\u00e4alueet<span class=\"ez-toc-section-end\"><\/span><\/h3>\n\n\n\n<p class=\"wp-block-paragraph\">T\u00e4m\u00e4n valtavan tekoaltaan rannoille ajat <strong>noin 26\u201340 kilometri\u00e4 sen mukaan, mink\u00e4 rannan tarkalleen valitset<\/strong>. Orl\u00edk on Vltavan tilavuudeltaan suurin tekoj\u00e4rvi, ja sen syv\u00e4lle uponneilla kanjoneilla on aivan uskomaton tunnelma. Nostettu vesipinta nielaisi laakson, ja laivasta se n\u00e4ytt\u00e4\u00e4 silt\u00e4 kuin purjehtisit jossain Skandinaviassa, ei p\u00e4tk\u00e4n p\u00e4\u00e4ss\u00e4 P\u00edsekist\u00e4.<\/p>\n\n\n\n<p class=\"wp-block-paragraph\">T\u00e4\u00e4lt\u00e4 l\u00f6yd\u00e4t <strong>valtavan m\u00e4\u00e4r\u00e4n luonnonrantoja, hyvin varusteltuja leirint\u00e4alueita ja venevuokraamoita<\/strong>, joten t\u00e4\u00e4ll\u00e4 on helppo viett\u00e4\u00e4 kokonainen kes\u00e4loma. Vesi on kuumina kuukausina yleens\u00e4 miellytt\u00e4v\u00e4n l\u00e4mmint\u00e4, vaikka laatu saattaa lahdesta riippuen elokuussa toisinaan heikenty\u00e4.<\/p>\n\n\n\n<p class=\"wp-block-paragraph\">Jos etsit rauhallisempia paikkoja, <strong>v\u00e4lt\u00e4 suurimpia leirint\u00e4alueita ja kokeile etsi\u00e4 pienemmist\u00e4 lahdista<\/strong>, joihin p\u00e4\u00e4see usein vain k\u00e4vellen mets\u00e4n halki. Se on ihanteellinen kohde niille, jotka rakastavat SUP-lautoja tai haluavat vuokrata pienen moottoriveneen ja tutkia kallioita l\u00e4helt\u00e4. Me tykk\u00e4\u00e4mme tulla t\u00e4nne iltap\u00e4iv\u00e4ksi SUP-lautailemaan \u2014 riitt\u00e4\u00e4, ett\u00e4 l\u00f6yt\u00e4\u00e4 lahden, jossa ei ole liikaa veneit\u00e4.<\/p>\n\n\n\n<figure data-wp-context=\"{&quot;imageId&quot;:&quot;6a9527f514427&quot;}\" data-wp-interactive=\"core\/image\" data-wp-key=\"6a9527f514427\" class=\"wp-block-image size-full wp-lightbox-container\"><img decoding=\"async\" width=\"2528\" height=\"1696\" data-wp-class--hide=\"state.isContentHidden\" data-wp-class--show=\"state.isContentVisible\" data-wp-init=\"callbacks.setButtonStyles\" data-wp-on--click=\"actions.showLightbox\" data-wp-on--load=\"callbacks.setButtonStyles\" data-wp-on--pointerdown=\"actions.preloadImage\" data-wp-on--pointerenter=\"actions.preloadImageWithDelay\" data-wp-on--pointerleave=\"actions.cancelPreload\" data-wp-on-window--resize=\"callbacks.setButtonStyles\" src=\"https:\/\/loudavymkrokem.cz\/wp-content\/uploads\/2026\/08\/lk-26.jpg\" alt=\"Silta \u010cerven\u00e1ssa Vltavan varrella\" class=\"wp-image-404094\" title=\"\" srcset=\"https:\/\/loudavymkrokem.cz\/wp-content\/uploads\/2026\/08\/lk-26.jpg 2528w, https:\/\/loudavymkrokem.cz\/wp-content\/uploads\/2026\/08\/lk-26-300x201.jpg 300w, https:\/\/loudavymkrokem.cz\/wp-content\/uploads\/2026\/08\/lk-26-700x470.jpg 700w, https:\/\/loudavymkrokem.cz\/wp-content\/uploads\/2026\/08\/lk-26-768x515.jpg 768w, https:\/\/loudavymkrokem.cz\/wp-content\/uploads\/2026\/08\/lk-26-1536x1030.jpg 1536w, https:\/\/loudavymkrokem.cz\/wp-content\/uploads\/2026\/08\/lk-26-2048x1374.jpg 2048w, https:\/\/loudavymkrokem.cz\/wp-content\/uploads\/2026\/08\/lk-26-696x467.jpg 696w, https:\/\/loudavymkrokem.cz\/wp-content\/uploads\/2026\/08\/lk-26-1392x934.jpg 1392w, https:\/\/loudavymkrokem.cz\/wp-content\/uploads\/2026\/08\/lk-26-1920x1288.jpg 1920w\" sizes=\"(max-width: 2528px) 100vw, 2528px\" \/><button\n\t\t\tclass=\"lightbox-trigger\"\n\t\t\ttype=\"button\"\n\t\t\taria-haspopup=\"dialog\"\n\t\t\tdata-wp-bind--aria-label=\"state.thisImage.triggerButtonAriaLabel\"\n\t\t\tdata-wp-init=\"callbacks.initTriggerButton\"\n\t\t\tdata-wp-on--click=\"actions.showLightbox\"\n\t\t\tdata-wp-style--right=\"state.thisImage.buttonRight\"\n\t\t\tdata-wp-style--top=\"state.thisImage.buttonTop\"\n\t\t>\n\t\t\t<svg xmlns=\"http:\/\/www.w3.org\/2000\/svg\" width=\"12\" height=\"12\" fill=\"none\" viewBox=\"0 0 12 12\">\n\t\t\t\t<path fill=\"#fff\" d=\"M2 0a2 2 0 0 0-2 2v2h1.5V2a.5.5 0 0 1 .5-.5h2V0H2Zm2 10.5H2a.5.5 0 0 1-.5-.5V8H0v2a2 2 0 0 0 2 2h2v-1.5ZM8 12v-1.5h2a.5.5 0 0 0 .5-.5V8H12v2a2 2 0 0 1-2 2H8Zm2-12a2 2 0 0 1 2 2v2h-1.5V2a.5.5 0 0 0-.5-.5H8V0h2Z\" \/>\n\t\t\t<\/svg>\n\t\t<\/button><figcaption class=\"wp-element-caption\">Valokuvan mukaan: Jan Tichavsk\u00fd \/ Wikimedia Commons, CC BY-SA 4.0 \u00b7 v\u00e4rikorjattu<\/figcaption><\/figure>\n\n\n\n<h3 class=\"wp-block-heading\"><span class=\"ez-toc-section\" id=\"21_Cervena_Vltavan_varrella\"><\/span>21. \u010cerven\u00e1 Vltavan varrella<span class=\"ez-toc-section-end\"><\/span><\/h3>\n\n\n\n<p class=\"wp-block-paragraph\">T\u00e4h\u00e4n kiinnostavaan paikkaan ajat <strong>18,8 kilometri\u00e4 ja perill\u00e4 olet 22 minuutissa<\/strong>. \u010cerven\u00e1 Vltavan varrella on historiallisesti hyvin merkitt\u00e4v\u00e4 paikka, sill\u00e4 juuri t\u00e4\u00e4ll\u00e4 Vltava astuu syv\u00e4\u00e4n kanjoniinsa, ja t\u00e4\u00e4ll\u00e4 sijaitsee vaikuttava entinen rautatiesilta, joka kaartuu korkealla vedenpinnan yl\u00e4puolella.<\/p>\n\n\n\n<p class=\"wp-block-paragraph\">Paikka <strong>palveli pitki\u00e4 vuosia t\u00e4rke\u00e4n\u00e4 lauttapaikkana ja siin\u00e4 on viel\u00e4 t\u00e4n\u00e4kin p\u00e4iv\u00e4n\u00e4 tramppien tunnelma<\/strong>, jota t\u00e4\u00e4ll\u00e4 yll\u00e4pit\u00e4v\u00e4t m\u00f6kkiyhdyskunnat molemmilla rannoilla. Sillan rakenne on todella valokuvauksellinen, ja n\u00e4kym\u00e4 siihen vedenpinnan tasolta on pys\u00e4hdyksen arvoinen.<\/p>\n\n\n\n<p class=\"wp-block-paragraph\">Nyky\u00e4\u00e4n se on <strong>hyvin suosittu pys\u00e4hdyspaikka py\u00f6r\u00e4ilij\u00f6ille ja jalkaisin liikkuville retkeilij\u00f6ille<\/strong>, jotka liikkuvat joen varrella. T\u00e4\u00e4ll\u00e4 voi mukavasti istuskella, lev\u00e4t\u00e4 ja vain katsella virtaavaa vett\u00e4 ja veneit\u00e4, jotka suuntaavat edelleen tekoj\u00e4rvelle.<\/p>\n\n\n\n<figure data-wp-context=\"{&quot;imageId&quot;:&quot;6a9527f5148e1&quot;}\" data-wp-interactive=\"core\/image\" data-wp-key=\"6a9527f5148e1\" class=\"wp-block-image size-full wp-lightbox-container\"><img decoding=\"async\" width=\"2528\" height=\"1696\" data-wp-class--hide=\"state.isContentHidden\" data-wp-class--show=\"state.isContentVisible\" data-wp-init=\"callbacks.setButtonStyles\" data-wp-on--click=\"actions.showLightbox\" data-wp-on--load=\"callbacks.setButtonStyles\" data-wp-on--pointerdown=\"actions.preloadImage\" data-wp-on--pointerenter=\"actions.preloadImageWithDelay\" data-wp-on--pointerleave=\"actions.cancelPreload\" data-wp-on-window--resize=\"callbacks.setButtonStyles\" src=\"https:\/\/loudavymkrokem.cz\/wp-content\/uploads\/2026\/08\/lk-27.jpg\" alt=\"Vod\u0148anyn tori\" class=\"wp-image-404102\" title=\"\" srcset=\"https:\/\/loudavymkrokem.cz\/wp-content\/uploads\/2026\/08\/lk-27.jpg 2528w, https:\/\/loudavymkrokem.cz\/wp-content\/uploads\/2026\/08\/lk-27-300x201.jpg 300w, https:\/\/loudavymkrokem.cz\/wp-content\/uploads\/2026\/08\/lk-27-700x470.jpg 700w, https:\/\/loudavymkrokem.cz\/wp-content\/uploads\/2026\/08\/lk-27-768x515.jpg 768w, https:\/\/loudavymkrokem.cz\/wp-content\/uploads\/2026\/08\/lk-27-1536x1030.jpg 1536w, https:\/\/loudavymkrokem.cz\/wp-content\/uploads\/2026\/08\/lk-27-2048x1374.jpg 2048w, https:\/\/loudavymkrokem.cz\/wp-content\/uploads\/2026\/08\/lk-27-696x467.jpg 696w, https:\/\/loudavymkrokem.cz\/wp-content\/uploads\/2026\/08\/lk-27-1392x934.jpg 1392w, https:\/\/loudavymkrokem.cz\/wp-content\/uploads\/2026\/08\/lk-27-1920x1288.jpg 1920w\" sizes=\"(max-width: 2528px) 100vw, 2528px\" \/><button\n\t\t\tclass=\"lightbox-trigger\"\n\t\t\ttype=\"button\"\n\t\t\taria-haspopup=\"dialog\"\n\t\t\tdata-wp-bind--aria-label=\"state.thisImage.triggerButtonAriaLabel\"\n\t\t\tdata-wp-init=\"callbacks.initTriggerButton\"\n\t\t\tdata-wp-on--click=\"actions.showLightbox\"\n\t\t\tdata-wp-style--right=\"state.thisImage.buttonRight\"\n\t\t\tdata-wp-style--top=\"state.thisImage.buttonTop\"\n\t\t>\n\t\t\t<svg xmlns=\"http:\/\/www.w3.org\/2000\/svg\" width=\"12\" height=\"12\" fill=\"none\" viewBox=\"0 0 12 12\">\n\t\t\t\t<path fill=\"#fff\" d=\"M2 0a2 2 0 0 0-2 2v2h1.5V2a.5.5 0 0 1 .5-.5h2V0H2Zm2 10.5H2a.5.5 0 0 1-.5-.5V8H0v2a2 2 0 0 0 2 2h2v-1.5ZM8 12v-1.5h2a.5.5 0 0 0 .5-.5V8H12v2a2 2 0 0 1-2 2H8Zm2-12a2 2 0 0 1 2 2v2h-1.5V2a.5.5 0 0 0-.5-.5H8V0h2Z\" \/>\n\t\t\t<\/svg>\n\t\t<\/button><\/figure>\n\n\n\n<h3 class=\"wp-block-heading\"><span class=\"ez-toc-section\" id=\"22_Vodnany_ja_kalalammet\"><\/span>22. Vod\u0148any ja kalalammet<span class=\"ez-toc-section-end\"><\/span><\/h3>\n\n\n\n<p class=\"wp-block-paragraph\">T\u00e4h\u00e4n kalastajille omistettuun kaupunkiin on <strong>22,3 kilometri\u00e4 ja matka kest\u00e4\u00e4 tasan 22 minuuttia<\/strong>. Vod\u0148any on itse asiassa kalastusperinteen synonyymi \u2014 t\u00e4\u00e4ll\u00e4 sijaitsee kuuluisa Kalastuslukio, ja koko ymp\u00e4rist\u00f6 on tihe\u00e4n ihanien lampien verkoston halkoma.<\/p>\n\n\n\n<p class=\"wp-block-paragraph\">Keskustassa <strong>\u00e4l\u00e4 miss\u00e4\u00e4n tapauksessa ohita Vod\u0148anyn kaupunginmuseota ja galleriaa, joka on yleens\u00e4 auki tiistaista sunnuntaihin<\/strong>, ja p\u00e4\u00e4symaksun kannattaa varmuudeksi tarkistaa sivuilta <a href=\"https:\/\/muzeumvodnany.cz\" rel=\"nofollow noopener\" target=\"_blank\">muzeumvodnany.cz<\/a>. Paikallinen museo kartoittaa loistavasti kalanviljelyn historiaa, joka muovasi koko t\u00e4k\u00e4l\u00e4isen maiseman nykyiseen muotoonsa.<\/p>\n\n\n\n<p class=\"wp-block-paragraph\">Perhek\u00e4velyyn <strong>voin l\u00e4mpim\u00e4sti suositella V Z\u00e1ti\u0161\u00ed -luontopolkua paikallisten lampien ymp\u00e4ri<\/strong>, joka on hyvin rauhallinen ja hoidettu. Vod\u0148any on kuuluisa kalastusperinteest\u00e4\u00e4n, ja paikallinen karppi on k\u00e4site, josta puhutaan laajalti parhaimmissa ravintoloissa.<\/p>\n\n\n\n<figure data-wp-context=\"{&quot;imageId&quot;:&quot;6a9527f514ed6&quot;}\" data-wp-interactive=\"core\/image\" data-wp-key=\"6a9527f514ed6\" class=\"wp-block-image size-full wp-lightbox-container\"><img decoding=\"async\" width=\"2528\" height=\"1696\" data-wp-class--hide=\"state.isContentHidden\" data-wp-class--show=\"state.isContentVisible\" data-wp-init=\"callbacks.setButtonStyles\" data-wp-on--click=\"actions.showLightbox\" data-wp-on--load=\"callbacks.setButtonStyles\" data-wp-on--pointerdown=\"actions.preloadImage\" data-wp-on--pointerenter=\"actions.preloadImageWithDelay\" data-wp-on--pointerleave=\"actions.cancelPreload\" data-wp-on-window--resize=\"callbacks.setButtonStyles\" src=\"https:\/\/loudavymkrokem.cz\/wp-content\/uploads\/2026\/08\/lk-28.jpg\" alt=\"Hlubok\u00e1n linna Vltavan varrella\" class=\"wp-image-404105\" title=\"\" srcset=\"https:\/\/loudavymkrokem.cz\/wp-content\/uploads\/2026\/08\/lk-28.jpg 2528w, https:\/\/loudavymkrokem.cz\/wp-content\/uploads\/2026\/08\/lk-28-300x201.jpg 300w, https:\/\/loudavymkrokem.cz\/wp-content\/uploads\/2026\/08\/lk-28-700x470.jpg 700w, https:\/\/loudavymkrokem.cz\/wp-content\/uploads\/2026\/08\/lk-28-768x515.jpg 768w, https:\/\/loudavymkrokem.cz\/wp-content\/uploads\/2026\/08\/lk-28-1536x1030.jpg 1536w, https:\/\/loudavymkrokem.cz\/wp-content\/uploads\/2026\/08\/lk-28-2048x1374.jpg 2048w, https:\/\/loudavymkrokem.cz\/wp-content\/uploads\/2026\/08\/lk-28-696x467.jpg 696w, https:\/\/loudavymkrokem.cz\/wp-content\/uploads\/2026\/08\/lk-28-1392x934.jpg 1392w, https:\/\/loudavymkrokem.cz\/wp-content\/uploads\/2026\/08\/lk-28-1920x1288.jpg 1920w\" sizes=\"(max-width: 2528px) 100vw, 2528px\" \/><button\n\t\t\tclass=\"lightbox-trigger\"\n\t\t\ttype=\"button\"\n\t\t\taria-haspopup=\"dialog\"\n\t\t\tdata-wp-bind--aria-label=\"state.thisImage.triggerButtonAriaLabel\"\n\t\t\tdata-wp-init=\"callbacks.initTriggerButton\"\n\t\t\tdata-wp-on--click=\"actions.showLightbox\"\n\t\t\tdata-wp-style--right=\"state.thisImage.buttonRight\"\n\t\t\tdata-wp-style--top=\"state.thisImage.buttonTop\"\n\t\t>\n\t\t\t<svg xmlns=\"http:\/\/www.w3.org\/2000\/svg\" width=\"12\" height=\"12\" fill=\"none\" viewBox=\"0 0 12 12\">\n\t\t\t\t<path fill=\"#fff\" d=\"M2 0a2 2 0 0 0-2 2v2h1.5V2a.5.5 0 0 1 .5-.5h2V0H2Zm2 10.5H2a.5.5 0 0 1-.5-.5V8H0v2a2 2 0 0 0 2 2h2v-1.5ZM8 12v-1.5h2a.5.5 0 0 0 .5-.5V8H12v2a2 2 0 0 1-2 2H8Zm2-12a2 2 0 0 1 2 2v2h-1.5V2a.5.5 0 0 0-.5-.5H8V0h2Z\" \/>\n\t\t\t<\/svg>\n\t\t<\/button><figcaption class=\"wp-element-caption\">Valokuvan mukaan: Michal Klajban \/ Wikimedia Commons, CC BY 4.0 \u00b7 v\u00e4rikorjattu<\/figcaption><\/figure>\n\n\n\n<h2 class=\"wp-block-heading\"><span class=\"ez-toc-section\" id=\"Etela-Boomin_kaupungit_ja_koko_paivan_kohteet\"><\/span>Etel\u00e4-B\u00f6\u00f6min kaupungit ja koko p\u00e4iv\u00e4n kohteet<span class=\"ez-toc-section-end\"><\/span><\/h2>\n\n\n\n<p class=\"wp-block-paragraph\">Jos et haittaa viett\u00e4\u00e4 autossa noin kolmea varttia, avautuu sinulle P\u00edsekist\u00e4 mahdollisuus vierailla koko Etel\u00e4-B\u00f6\u00f6min kaikkein kuuluisimmissa paikoissa. Nyt puhumme jo t\u00e4ysipainoisista koko p\u00e4iv\u00e4n retkist\u00e4.<\/p>\n\n\n\n<figure data-wp-context=\"{&quot;imageId&quot;:&quot;6a9527f515651&quot;}\" data-wp-interactive=\"core\/image\" data-wp-key=\"6a9527f515651\" class=\"wp-block-image size-full wp-lightbox-container\"><img decoding=\"async\" width=\"2528\" height=\"1696\" data-wp-class--hide=\"state.isContentHidden\" data-wp-class--show=\"state.isContentVisible\" data-wp-init=\"callbacks.setButtonStyles\" data-wp-on--click=\"actions.showLightbox\" data-wp-on--load=\"callbacks.setButtonStyles\" data-wp-on--pointerdown=\"actions.preloadImage\" data-wp-on--pointerenter=\"actions.preloadImageWithDelay\" data-wp-on--pointerleave=\"actions.cancelPreload\" data-wp-on-window--resize=\"callbacks.setButtonStyles\" src=\"https:\/\/loudavymkrokem.cz\/wp-content\/uploads\/2026\/08\/lk-29.jpg\" alt=\"Hlubok\u00e1n linnan tudor-tyylinen julkisivu\" class=\"wp-image-404109\" title=\"\" srcset=\"https:\/\/loudavymkrokem.cz\/wp-content\/uploads\/2026\/08\/lk-29.jpg 2528w, https:\/\/loudavymkrokem.cz\/wp-content\/uploads\/2026\/08\/lk-29-300x201.jpg 300w, https:\/\/loudavymkrokem.cz\/wp-content\/uploads\/2026\/08\/lk-29-700x470.jpg 700w, https:\/\/loudavymkrokem.cz\/wp-content\/uploads\/2026\/08\/lk-29-768x515.jpg 768w, https:\/\/loudavymkrokem.cz\/wp-content\/uploads\/2026\/08\/lk-29-1536x1030.jpg 1536w, https:\/\/loudavymkrokem.cz\/wp-content\/uploads\/2026\/08\/lk-29-2048x1374.jpg 2048w, https:\/\/loudavymkrokem.cz\/wp-content\/uploads\/2026\/08\/lk-29-696x467.jpg 696w, https:\/\/loudavymkrokem.cz\/wp-content\/uploads\/2026\/08\/lk-29-1392x934.jpg 1392w, https:\/\/loudavymkrokem.cz\/wp-content\/uploads\/2026\/08\/lk-29-1920x1288.jpg 1920w\" sizes=\"(max-width: 2528px) 100vw, 2528px\" \/><button\n\t\t\tclass=\"lightbox-trigger\"\n\t\t\ttype=\"button\"\n\t\t\taria-haspopup=\"dialog\"\n\t\t\tdata-wp-bind--aria-label=\"state.thisImage.triggerButtonAriaLabel\"\n\t\t\tdata-wp-init=\"callbacks.initTriggerButton\"\n\t\t\tdata-wp-on--click=\"actions.showLightbox\"\n\t\t\tdata-wp-style--right=\"state.thisImage.buttonRight\"\n\t\t\tdata-wp-style--top=\"state.thisImage.buttonTop\"\n\t\t>\n\t\t\t<svg xmlns=\"http:\/\/www.w3.org\/2000\/svg\" width=\"12\" height=\"12\" fill=\"none\" viewBox=\"0 0 12 12\">\n\t\t\t\t<path fill=\"#fff\" d=\"M2 0a2 2 0 0 0-2 2v2h1.5V2a.5.5 0 0 1 .5-.5h2V0H2Zm2 10.5H2a.5.5 0 0 1-.5-.5V8H0v2a2 2 0 0 0 2 2h2v-1.5ZM8 12v-1.5h2a.5.5 0 0 0 .5-.5V8H12v2a2 2 0 0 1-2 2H8Zm2-12a2 2 0 0 1 2 2v2h-1.5V2a.5.5 0 0 0-.5-.5H8V0h2Z\" \/>\n\t\t\t<\/svg>\n\t\t<\/button><\/figure>\n\n\n\n<h3 class=\"wp-block-heading\"><span class=\"ez-toc-section\" id=\"23_Hluboka_nad_Vltavou\"><\/span>23. Hlubok\u00e1 nad Vltavou<span class=\"ez-toc-section-end\"><\/span><\/h3>\n\n\n\n<p class=\"wp-block-paragraph\">Maamme kuuluisimmalle linnalle ajat <strong>45,1 kilometri\u00e4 ja ajo kest\u00e4\u00e4 noin 42 minuuttia<\/strong>. Hlubok\u00e1 on aivan oma ilmi\u00f6ns\u00e4 \u2014 yli 28 tuhannella arvostelulla se on ylivoimaisesti laajan ymp\u00e4rist\u00f6n vierailluin kohde, ja sen tudor-goottilainen tyyli vet\u00e4\u00e4 turisteja puoleensa kuin magneetti.<\/p>\n\n\n\n<p class=\"wp-block-paragraph\">Varmistettu p\u00e4\u00e4symaksu vuodelle 2026 <strong>peruskierrokselle Edustushuoneet on 300 K\u010d (n. 12 \u20ac) aikuisilta<\/strong>, seniorit ja nuoret maksavat 240 K\u010d (n. 9,80 \u20ac) ja lapset 90 K\u010d (n. 3,70 \u20ac). Linna tarjoaa my\u00f6s muita reittej\u00e4, kuten yksityisasunnot 220 K\u010d:ll\u00e4 (n. 9 \u20ac), n\u00e4k\u00f6tornin 180 K\u010d:ll\u00e4 (n. 7,40 \u20ac) tai jopa erityisen talvireitin, joka toimii sesongin ulkopuolellakin. Kierroksen varauksen ja ajankohtaisen hinnaston l\u00f6yd\u00e4t osoitteesta <a href=\"https:\/\/zamek-hluboka.cz\" rel=\"nofollow noopener\" target=\"_blank\">zamek-hluboka.cz<\/a>.<\/p>\n\n\n\n<p class=\"wp-block-paragraph\">Koko aluetta <strong>t\u00e4ydent\u00e4\u00e4 upea Al\u0161in Etel\u00e4-B\u00f6\u00f6min galleria entisess\u00e4 linnan ratsastusmaneesissa<\/strong>, ja alalinnasta l\u00f6yd\u00e4t loistavan Ohradan el\u00e4intarhan. Varaa Hlubok\u00e1an vaikka koko p\u00e4iv\u00e4, sill\u00e4 itse linnan kierros on vain osa ohjelmaa ja ymp\u00e4r\u00f6iv\u00e4\u00e4 puistoa voi kierrell\u00e4 pitk\u00e4\u00e4n. Alalinnassa on sitten tarpeeksi kahviloita, jotta voit pit\u00e4\u00e4 tauon ennen kuin l\u00e4hdet takaisin.<\/p>\n\n\n\n<figure data-wp-context=\"{&quot;imageId&quot;:&quot;6a9527f515dae&quot;}\" data-wp-interactive=\"core\/image\" data-wp-key=\"6a9527f515dae\" class=\"wp-block-image size-full wp-lightbox-container\"><img decoding=\"async\" width=\"2528\" height=\"1696\" data-wp-class--hide=\"state.isContentHidden\" data-wp-class--show=\"state.isContentVisible\" data-wp-init=\"callbacks.setButtonStyles\" data-wp-on--click=\"actions.showLightbox\" data-wp-on--load=\"callbacks.setButtonStyles\" data-wp-on--pointerdown=\"actions.preloadImage\" data-wp-on--pointerenter=\"actions.preloadImageWithDelay\" data-wp-on--pointerleave=\"actions.cancelPreload\" data-wp-on-window--resize=\"callbacks.setButtonStyles\" src=\"https:\/\/loudavymkrokem.cz\/wp-content\/uploads\/2026\/08\/lk-30.jpg\" alt=\"\u017di\u017ekan tori T\u00e1borissa\" class=\"wp-image-404112\" title=\"\" srcset=\"https:\/\/loudavymkrokem.cz\/wp-content\/uploads\/2026\/08\/lk-30.jpg 2528w, https:\/\/loudavymkrokem.cz\/wp-content\/uploads\/2026\/08\/lk-30-300x201.jpg 300w, https:\/\/loudavymkrokem.cz\/wp-content\/uploads\/2026\/08\/lk-30-700x470.jpg 700w, https:\/\/loudavymkrokem.cz\/wp-content\/uploads\/2026\/08\/lk-30-768x515.jpg 768w, https:\/\/loudavymkrokem.cz\/wp-content\/uploads\/2026\/08\/lk-30-1536x1030.jpg 1536w, https:\/\/loudavymkrokem.cz\/wp-content\/uploads\/2026\/08\/lk-30-2048x1374.jpg 2048w, https:\/\/loudavymkrokem.cz\/wp-content\/uploads\/2026\/08\/lk-30-696x467.jpg 696w, https:\/\/loudavymkrokem.cz\/wp-content\/uploads\/2026\/08\/lk-30-1392x934.jpg 1392w, https:\/\/loudavymkrokem.cz\/wp-content\/uploads\/2026\/08\/lk-30-1920x1288.jpg 1920w\" sizes=\"(max-width: 2528px) 100vw, 2528px\" \/><button\n\t\t\tclass=\"lightbox-trigger\"\n\t\t\ttype=\"button\"\n\t\t\taria-haspopup=\"dialog\"\n\t\t\tdata-wp-bind--aria-label=\"state.thisImage.triggerButtonAriaLabel\"\n\t\t\tdata-wp-init=\"callbacks.initTriggerButton\"\n\t\t\tdata-wp-on--click=\"actions.showLightbox\"\n\t\t\tdata-wp-style--right=\"state.thisImage.buttonRight\"\n\t\t\tdata-wp-style--top=\"state.thisImage.buttonTop\"\n\t\t>\n\t\t\t<svg xmlns=\"http:\/\/www.w3.org\/2000\/svg\" width=\"12\" height=\"12\" fill=\"none\" viewBox=\"0 0 12 12\">\n\t\t\t\t<path fill=\"#fff\" d=\"M2 0a2 2 0 0 0-2 2v2h1.5V2a.5.5 0 0 1 .5-.5h2V0H2Zm2 10.5H2a.5.5 0 0 1-.5-.5V8H0v2a2 2 0 0 0 2 2h2v-1.5ZM8 12v-1.5h2a.5.5 0 0 0 .5-.5V8H12v2a2 2 0 0 1-2 2H8Zm2-12a2 2 0 0 1 2 2v2h-1.5V2a.5.5 0 0 0-.5-.5H8V0h2Z\" \/>\n\t\t\t<\/svg>\n\t\t<\/button><figcaption class=\"wp-element-caption\">Valokuvan mukaan: VitVit \/ Wikimedia Commons, CC BY-SA 4.0 \u00b7 v\u00e4rikorjattu<\/figcaption><\/figure>\n\n\n\n<h3 class=\"wp-block-heading\"><span class=\"ez-toc-section\" id=\"24_Tabor\"><\/span>24. T\u00e1bor<span class=\"ez-toc-section-end\"><\/span><\/h3>\n\n\n\n<p class=\"wp-block-paragraph\">Historialliseen T\u00e1boriin on <strong>46,6 kilometri\u00e4 ja P\u00edsekist\u00e4 saavut sinne 48 minuutissa<\/strong>. T\u00e4m\u00e4 kaupunki on kuuluisa husiittihistoriastaan, ja sen mutkittelevilla kujilla massiivisen \u017di\u017ekan torin ymp\u00e4rill\u00e4 on toistamaton lumo, johon vain rakastut.<\/p>\n\n\n\n<p class=\"wp-block-paragraph\">Vierailun aikana <strong>suuntaa ehdottomasti loistavaan <a href=\"https:\/\/husitskemuzeum.cz\" rel=\"nofollow noopener\" target=\"_blank\">Husiittimuseoon<\/a> \u00e4l\u00e4k\u00e4 unohda tutkia salaper\u00e4ist\u00e4 T\u00e1borin maanalaista k\u00e4yt\u00e4v\u00e4verkostoa<\/strong>, joka kulkee suoraan keskiaikaisten talojen alla. Suuri vetonaula on my\u00f6s moderni n\u00e4yttely T\u00e1borin aarre, joka esittelee alueen arvokkaita historiallisia l\u00f6yt\u00f6j\u00e4.<\/p>\n\n\n\n<p class=\"wp-block-paragraph\">Kaupunki lis\u00e4ksi <strong>el\u00e4\u00e4 loistavasta gastronomiasta \u2014 t\u00e4\u00e4lt\u00e4 l\u00f6yd\u00e4t erinomaisia kahviloita ja kasvisbistroja<\/strong>, joissa tehd\u00e4\u00e4n fantastista hummusta ja tuoreita salaatteja. Luk\u00e1\u0161 ja min\u00e4 pid\u00e4mme lis\u00e4ksi kovasti paikallisista kujista, jotka mutkittelevat yl\u00f6s ja alas, ja l\u00f6yd\u00e4mme niist\u00e4 joka kerta jonkin uuden pienen putiikin tai tyylikk\u00e4\u00e4n bistron. Jos kaupunki houkuttelee syvemm\u00e4lt\u00e4, kirjoitimme sinulle erillisen artikkelin vinkkeineen siit\u00e4, <a href=\"https:\/\/loudavymkrokem.cz\/fi\/tabor-tsekki-nahtavyydet\/\">mit\u00e4 n\u00e4hd\u00e4 T\u00e1borissa<\/a>.<\/p>\n\n\n\n<figure data-wp-context=\"{&quot;imageId&quot;:&quot;6a9527f516447&quot;}\" data-wp-interactive=\"core\/image\" data-wp-key=\"6a9527f516447\" class=\"wp-block-image size-full wp-lightbox-container\"><img decoding=\"async\" width=\"2048\" height=\"1366\" data-wp-class--hide=\"state.isContentHidden\" data-wp-class--show=\"state.isContentVisible\" data-wp-init=\"callbacks.setButtonStyles\" data-wp-on--click=\"actions.showLightbox\" data-wp-on--load=\"callbacks.setButtonStyles\" data-wp-on--pointerdown=\"actions.preloadImage\" data-wp-on--pointerenter=\"actions.preloadImageWithDelay\" data-wp-on--pointerleave=\"actions.cancelPreload\" data-wp-on-window--resize=\"callbacks.setButtonStyles\" src=\"https:\/\/loudavymkrokem.cz\/wp-content\/uploads\/2026\/08\/holasovice-naves.jpg\" alt=\"Talonpoikaisbarokkia Hola\u0161ovicen kyl\u00e4nraitilla\" class=\"wp-image-403572\" title=\"\" srcset=\"https:\/\/loudavymkrokem.cz\/wp-content\/uploads\/2026\/08\/holasovice-naves.jpg 2048w, https:\/\/loudavymkrokem.cz\/wp-content\/uploads\/2026\/08\/holasovice-naves-300x200.jpg 300w, https:\/\/loudavymkrokem.cz\/wp-content\/uploads\/2026\/08\/holasovice-naves-700x467.jpg 700w, https:\/\/loudavymkrokem.cz\/wp-content\/uploads\/2026\/08\/holasovice-naves-768x512.jpg 768w, https:\/\/loudavymkrokem.cz\/wp-content\/uploads\/2026\/08\/holasovice-naves-1536x1025.jpg 1536w, https:\/\/loudavymkrokem.cz\/wp-content\/uploads\/2026\/08\/holasovice-naves-696x464.jpg 696w, https:\/\/loudavymkrokem.cz\/wp-content\/uploads\/2026\/08\/holasovice-naves-1392x928.jpg 1392w, https:\/\/loudavymkrokem.cz\/wp-content\/uploads\/2026\/08\/holasovice-naves-1920x1281.jpg 1920w\" sizes=\"(max-width: 2048px) 100vw, 2048px\" \/><button\n\t\t\tclass=\"lightbox-trigger\"\n\t\t\ttype=\"button\"\n\t\t\taria-haspopup=\"dialog\"\n\t\t\tdata-wp-bind--aria-label=\"state.thisImage.triggerButtonAriaLabel\"\n\t\t\tdata-wp-init=\"callbacks.initTriggerButton\"\n\t\t\tdata-wp-on--click=\"actions.showLightbox\"\n\t\t\tdata-wp-style--right=\"state.thisImage.buttonRight\"\n\t\t\tdata-wp-style--top=\"state.thisImage.buttonTop\"\n\t\t>\n\t\t\t<svg xmlns=\"http:\/\/www.w3.org\/2000\/svg\" width=\"12\" height=\"12\" fill=\"none\" viewBox=\"0 0 12 12\">\n\t\t\t\t<path fill=\"#fff\" d=\"M2 0a2 2 0 0 0-2 2v2h1.5V2a.5.5 0 0 1 .5-.5h2V0H2Zm2 10.5H2a.5.5 0 0 1-.5-.5V8H0v2a2 2 0 0 0 2 2h2v-1.5ZM8 12v-1.5h2a.5.5 0 0 0 .5-.5V8H12v2a2 2 0 0 1-2 2H8Zm2-12a2 2 0 0 1 2 2v2h-1.5V2a.5.5 0 0 0-.5-.5H8V0h2Z\" \/>\n\t\t\t<\/svg>\n\t\t<\/button><\/figure>\n\n\n\n<figure data-wp-context=\"{&quot;imageId&quot;:&quot;6a9527f5168d6&quot;}\" data-wp-interactive=\"core\/image\" data-wp-key=\"6a9527f5168d6\" class=\"wp-block-image size-full wp-lightbox-container\"><img decoding=\"async\" width=\"2048\" height=\"1366\" data-wp-class--hide=\"state.isContentHidden\" data-wp-class--show=\"state.isContentVisible\" data-wp-init=\"callbacks.setButtonStyles\" data-wp-on--click=\"actions.showLightbox\" data-wp-on--load=\"callbacks.setButtonStyles\" data-wp-on--pointerdown=\"actions.preloadImage\" data-wp-on--pointerenter=\"actions.preloadImageWithDelay\" data-wp-on--pointerleave=\"actions.cancelPreload\" data-wp-on-window--resize=\"callbacks.setButtonStyles\" src=\"https:\/\/loudavymkrokem.cz\/wp-content\/uploads\/2026\/08\/holasovice-selske-baroko.jpg\" alt=\"Maalatut talonpoikaisbarokin p\u00e4\u00e4tykolmiot Hola\u0161ovicessa\" class=\"wp-image-403573\" title=\"\" srcset=\"https:\/\/loudavymkrokem.cz\/wp-content\/uploads\/2026\/08\/holasovice-selske-baroko.jpg 2048w, https:\/\/loudavymkrokem.cz\/wp-content\/uploads\/2026\/08\/holasovice-selske-baroko-300x200.jpg 300w, https:\/\/loudavymkrokem.cz\/wp-content\/uploads\/2026\/08\/holasovice-selske-baroko-700x467.jpg 700w, https:\/\/loudavymkrokem.cz\/wp-content\/uploads\/2026\/08\/holasovice-selske-baroko-768x512.jpg 768w, https:\/\/loudavymkrokem.cz\/wp-content\/uploads\/2026\/08\/holasovice-selske-baroko-1536x1025.jpg 1536w, https:\/\/loudavymkrokem.cz\/wp-content\/uploads\/2026\/08\/holasovice-selske-baroko-696x464.jpg 696w, https:\/\/loudavymkrokem.cz\/wp-content\/uploads\/2026\/08\/holasovice-selske-baroko-1392x928.jpg 1392w, https:\/\/loudavymkrokem.cz\/wp-content\/uploads\/2026\/08\/holasovice-selske-baroko-1920x1281.jpg 1920w\" sizes=\"(max-width: 2048px) 100vw, 2048px\" \/><button\n\t\t\tclass=\"lightbox-trigger\"\n\t\t\ttype=\"button\"\n\t\t\taria-haspopup=\"dialog\"\n\t\t\tdata-wp-bind--aria-label=\"state.thisImage.triggerButtonAriaLabel\"\n\t\t\tdata-wp-init=\"callbacks.initTriggerButton\"\n\t\t\tdata-wp-on--click=\"actions.showLightbox\"\n\t\t\tdata-wp-style--right=\"state.thisImage.buttonRight\"\n\t\t\tdata-wp-style--top=\"state.thisImage.buttonTop\"\n\t\t>\n\t\t\t<svg xmlns=\"http:\/\/www.w3.org\/2000\/svg\" width=\"12\" height=\"12\" fill=\"none\" viewBox=\"0 0 12 12\">\n\t\t\t\t<path fill=\"#fff\" d=\"M2 0a2 2 0 0 0-2 2v2h1.5V2a.5.5 0 0 1 .5-.5h2V0H2Zm2 10.5H2a.5.5 0 0 1-.5-.5V8H0v2a2 2 0 0 0 2 2h2v-1.5ZM8 12v-1.5h2a.5.5 0 0 0 .5-.5V8H12v2a2 2 0 0 1-2 2H8Zm2-12a2 2 0 0 1 2 2v2h-1.5V2a.5.5 0 0 0-.5-.5H8V0h2Z\" \/>\n\t\t\t<\/svg>\n\t\t<\/button><\/figure>\n\n\n\n<h3 class=\"wp-block-heading\"><span class=\"ez-toc-section\" id=\"25_Holasovice\"><\/span>25. Hola\u0161ovice<span class=\"ez-toc-section-end\"><\/span><\/h3>\n\n\n\n<p class=\"wp-block-paragraph\">Talonpoikaisbarokin pariin ajat <strong>48,7 kilometri\u00e4, mik\u00e4 ajallisesti tekee 46 minuuttia ajoa<\/strong>. Hola\u0161ovice on syyst\u00e4 merkitty Unescon maailmanperint\u00f6luetteloon, ja sen valtava suorakulmainen kyl\u00e4nraitti satumaisesti koristeltuine tiloineen kuuluu maamme kauneimpaan.<\/p>\n\n\n\n<p class=\"wp-block-paragraph\">T\u00e4k\u00e4l\u00e4inen <strong>etel\u00e4b\u00f6\u00f6mil\u00e4isen talonpoikaisbarokin arkkitehtuuri on s\u00e4ilynyt aivan ainutlaatuisen ehyen\u00e4<\/strong>, eik\u00e4 kyse ole mist\u00e4\u00e4n kuolleesta ulkoilmamuseosta, vaan tavallisesti el\u00e4v\u00e4st\u00e4 kyl\u00e4st\u00e4. T\u00e4\u00e4ll\u00e4 voit k\u00e4vell\u00e4 vapaasti, ihailla talojen p\u00e4\u00e4tykolmioiden stukkoja ja ime\u00e4 uskomattoman rauhaisaa vanhojen aikojen tunnelmaa.<\/p>\n\n\n\n<p class=\"wp-block-paragraph\">Vierailun aikana <strong>suosittelen pys\u00e4htym\u00e4\u00e4n paikalliseen kahvilaan tai k\u00e4velem\u00e4\u00e4n l\u00e4heiseen Hola\u0161ovicen Stonehengeen<\/strong>, joka on nykyaikainen megaliittirakenne kukkulalla kyl\u00e4n takana. Sis\u00e4\u00e4np\u00e4\u00e4sy kyl\u00e4\u00e4n on tietenkin ilmainen, se on julkinen tila avoinna kaikille kunnollisille k\u00e4vij\u00f6ille. Tietoa kyl\u00e4st\u00e4 ja tapahtumista l\u00f6yd\u00e4t osoitteesta <a href=\"https:\/\/holasovice.eu\" rel=\"nofollow noopener\" target=\"_blank\">holasovice.eu<\/a>.<\/p>\n\n\n\n<p class=\"wp-block-paragraph\">Meit\u00e4 huvitti kyl\u00e4nraittia k\u00e4velless\u00e4 eniten <strong>vertailla yksitt\u00e4isten tilojen p\u00e4\u00e4tykolmioita<\/strong> \u2014 jokaisella on erilainen yhdistelm\u00e4 kaaria, volyytteja ja maalattuja yksityiskohtia, vaikka ensi n\u00e4kem\u00e4lt\u00e4 koko raitti vaikuttaa yhten\u00e4iselt\u00e4. Varaa siis tunti tai kaksi, ettei sit\u00e4 tarvitse h\u00e4tik\u00f6id\u00e4.<\/p>\n\n\n\n<figure data-wp-context=\"{&quot;imageId&quot;:&quot;6a9527f517086&quot;}\" data-wp-interactive=\"core\/image\" data-wp-key=\"6a9527f517086\" class=\"wp-block-image size-full wp-lightbox-container\"><img decoding=\"async\" width=\"2528\" height=\"1696\" data-wp-class--hide=\"state.isContentHidden\" data-wp-class--show=\"state.isContentVisible\" data-wp-init=\"callbacks.setButtonStyles\" data-wp-on--click=\"actions.showLightbox\" data-wp-on--load=\"callbacks.setButtonStyles\" data-wp-on--pointerdown=\"actions.preloadImage\" data-wp-on--pointerenter=\"actions.preloadImageWithDelay\" data-wp-on--pointerleave=\"actions.cancelPreload\" data-wp-on-window--resize=\"callbacks.setButtonStyles\" src=\"https:\/\/loudavymkrokem.cz\/wp-content\/uploads\/2026\/08\/lk-32.jpg\" alt=\"P\u0159emysl Otakar II:n tori \u010cesk\u00e9 Bud\u011bjovicessa\" class=\"wp-image-404113\" title=\"\" srcset=\"https:\/\/loudavymkrokem.cz\/wp-content\/uploads\/2026\/08\/lk-32.jpg 2528w, https:\/\/loudavymkrokem.cz\/wp-content\/uploads\/2026\/08\/lk-32-300x201.jpg 300w, https:\/\/loudavymkrokem.cz\/wp-content\/uploads\/2026\/08\/lk-32-700x470.jpg 700w, https:\/\/loudavymkrokem.cz\/wp-content\/uploads\/2026\/08\/lk-32-768x515.jpg 768w, https:\/\/loudavymkrokem.cz\/wp-content\/uploads\/2026\/08\/lk-32-1536x1030.jpg 1536w, https:\/\/loudavymkrokem.cz\/wp-content\/uploads\/2026\/08\/lk-32-2048x1374.jpg 2048w, https:\/\/loudavymkrokem.cz\/wp-content\/uploads\/2026\/08\/lk-32-696x467.jpg 696w, https:\/\/loudavymkrokem.cz\/wp-content\/uploads\/2026\/08\/lk-32-1392x934.jpg 1392w, https:\/\/loudavymkrokem.cz\/wp-content\/uploads\/2026\/08\/lk-32-1920x1288.jpg 1920w\" sizes=\"(max-width: 2528px) 100vw, 2528px\" \/><button\n\t\t\tclass=\"lightbox-trigger\"\n\t\t\ttype=\"button\"\n\t\t\taria-haspopup=\"dialog\"\n\t\t\tdata-wp-bind--aria-label=\"state.thisImage.triggerButtonAriaLabel\"\n\t\t\tdata-wp-init=\"callbacks.initTriggerButton\"\n\t\t\tdata-wp-on--click=\"actions.showLightbox\"\n\t\t\tdata-wp-style--right=\"state.thisImage.buttonRight\"\n\t\t\tdata-wp-style--top=\"state.thisImage.buttonTop\"\n\t\t>\n\t\t\t<svg xmlns=\"http:\/\/www.w3.org\/2000\/svg\" width=\"12\" height=\"12\" fill=\"none\" viewBox=\"0 0 12 12\">\n\t\t\t\t<path fill=\"#fff\" d=\"M2 0a2 2 0 0 0-2 2v2h1.5V2a.5.5 0 0 1 .5-.5h2V0H2Zm2 10.5H2a.5.5 0 0 1-.5-.5V8H0v2a2 2 0 0 0 2 2h2v-1.5ZM8 12v-1.5h2a.5.5 0 0 0 .5-.5V8H12v2a2 2 0 0 1-2 2H8Zm2-12a2 2 0 0 1 2 2v2h-1.5V2a.5.5 0 0 0-.5-.5H8V0h2Z\" \/>\n\t\t\t<\/svg>\n\t\t<\/button><figcaption class=\"wp-element-caption\">Valokuvan mukaan: Jakub Ha\u0142un \/ Wikimedia Commons, CC BY 4.0 \u00b7 v\u00e4rikorjattu<\/figcaption><\/figure>\n\n\n\n<h3 class=\"wp-block-heading\"><span class=\"ez-toc-section\" id=\"26_Ceske_Budejovice\"><\/span>26. \u010cesk\u00e9 Bud\u011bjovice<span class=\"ez-toc-section-end\"><\/span><\/h3>\n\n\n\n<p class=\"wp-block-paragraph\">Etel\u00e4-B\u00f6\u00f6min metropoliin on <strong>51,1 kilometri\u00e4 ja autolla olet siell\u00e4 49 minuutissa<\/strong>. \u010cesk\u00e9 Bud\u011bjovice on sykkiv\u00e4 kaupunki, jota hallitsee ikoninen P\u0159emysl Otakar II:n tori, joka kuuluu koko maan suurimpiin neli\u00f6m\u00e4isiin toreihin ja jota reunustaa upea pylv\u00e4sk\u00e4yt\u00e4v\u00e4. \u010cesk\u00e9 Bud\u011bjovicessa parasta on, ett\u00e4 t\u00e4\u00e4ll\u00e4 voi yhdist\u00e4\u00e4 historian, ostokset ja erinomaisen ruoan. Pys\u00e4hdy torille kuuluisalle kahville ja imaise sis\u00e4\u00e4si se aito etel\u00e4b\u00f6\u00f6mil\u00e4inen kaupunkitunnelma.<\/p>\n\n\n\n<p class=\"wp-block-paragraph\">Askeliesi <strong>tulisi suuntautua kuuluisan Mustan tornin huipulle, josta on fantastinen n\u00e4kym\u00e4 koko kaupunkiin<\/strong> ja kaukaisille \u0160umavan huipuille. Kaupunki tunnetaan my\u00f6s Budvar-panimosta ja loistavista py\u00f6r\u00e4teist\u00e4, jotka kiemurtelevat Vltava- ja Mal\u0161e-jokien rantoja pitkin suoraan keskustassa. Mustan tornin aukioloajat ja tapahtumavinkit l\u00f6yd\u00e4t matkailuportaalista <a href=\"https:\/\/budejce.cz\" rel=\"nofollow noopener\" target=\"_blank\">budejce.cz<\/a>.<\/p>\n\n\n\n<p class=\"wp-block-paragraph\">Jos haluat tutkia kaupunkia yksityiskohtaisemmin ja etsit vinkkej\u00e4 hyv\u00e4st\u00e4 ruoasta tai piilokahviloista, <strong>avaa ehdottomasti yksityiskohtainen oppaamme kohteeseen<\/strong> <a href=\"https:\/\/loudavymkrokem.cz\/fi\/ceske-budejovice-tsekki\/\">\u010cesk\u00e9 Bud\u011bjovice<\/a>, josta l\u00f6yd\u00e4t kaiken tarpeellisen.<\/p>\n\n\n\n<figure data-wp-context=\"{&quot;imageId&quot;:&quot;6a9527f517969&quot;}\" data-wp-interactive=\"core\/image\" data-wp-key=\"6a9527f517969\" class=\"wp-block-image size-full wp-lightbox-container\"><img decoding=\"async\" width=\"2528\" height=\"1696\" data-wp-class--hide=\"state.isContentHidden\" data-wp-class--show=\"state.isContentVisible\" data-wp-init=\"callbacks.setButtonStyles\" data-wp-on--click=\"actions.showLightbox\" data-wp-on--load=\"callbacks.setButtonStyles\" data-wp-on--pointerdown=\"actions.preloadImage\" data-wp-on--pointerenter=\"actions.preloadImageWithDelay\" data-wp-on--pointerleave=\"actions.cancelPreload\" data-wp-on-window--resize=\"callbacks.setButtonStyles\" src=\"https:\/\/loudavymkrokem.cz\/wp-content\/uploads\/2026\/08\/lk-33.jpg\" alt=\"Ch\u00fdnovin luola\" class=\"wp-image-404114\" title=\"\" srcset=\"https:\/\/loudavymkrokem.cz\/wp-content\/uploads\/2026\/08\/lk-33.jpg 2528w, https:\/\/loudavymkrokem.cz\/wp-content\/uploads\/2026\/08\/lk-33-300x201.jpg 300w, https:\/\/loudavymkrokem.cz\/wp-content\/uploads\/2026\/08\/lk-33-700x470.jpg 700w, https:\/\/loudavymkrokem.cz\/wp-content\/uploads\/2026\/08\/lk-33-768x515.jpg 768w, https:\/\/loudavymkrokem.cz\/wp-content\/uploads\/2026\/08\/lk-33-1536x1030.jpg 1536w, https:\/\/loudavymkrokem.cz\/wp-content\/uploads\/2026\/08\/lk-33-2048x1374.jpg 2048w, https:\/\/loudavymkrokem.cz\/wp-content\/uploads\/2026\/08\/lk-33-696x467.jpg 696w, https:\/\/loudavymkrokem.cz\/wp-content\/uploads\/2026\/08\/lk-33-1392x934.jpg 1392w, https:\/\/loudavymkrokem.cz\/wp-content\/uploads\/2026\/08\/lk-33-1920x1288.jpg 1920w\" sizes=\"(max-width: 2528px) 100vw, 2528px\" \/><button\n\t\t\tclass=\"lightbox-trigger\"\n\t\t\ttype=\"button\"\n\t\t\taria-haspopup=\"dialog\"\n\t\t\tdata-wp-bind--aria-label=\"state.thisImage.triggerButtonAriaLabel\"\n\t\t\tdata-wp-init=\"callbacks.initTriggerButton\"\n\t\t\tdata-wp-on--click=\"actions.showLightbox\"\n\t\t\tdata-wp-style--right=\"state.thisImage.buttonRight\"\n\t\t\tdata-wp-style--top=\"state.thisImage.buttonTop\"\n\t\t>\n\t\t\t<svg xmlns=\"http:\/\/www.w3.org\/2000\/svg\" width=\"12\" height=\"12\" fill=\"none\" viewBox=\"0 0 12 12\">\n\t\t\t\t<path fill=\"#fff\" d=\"M2 0a2 2 0 0 0-2 2v2h1.5V2a.5.5 0 0 1 .5-.5h2V0H2Zm2 10.5H2a.5.5 0 0 1-.5-.5V8H0v2a2 2 0 0 0 2 2h2v-1.5ZM8 12v-1.5h2a.5.5 0 0 0 .5-.5V8H12v2a2 2 0 0 1-2 2H8Zm2-12a2 2 0 0 1 2 2v2h-1.5V2a.5.5 0 0 0-.5-.5H8V0h2Z\" \/>\n\t\t\t<\/svg>\n\t\t<\/button><figcaption class=\"wp-element-caption\">Valokuvan mukaan: Chmee2 \/ Wikimedia Commons, CC BY-SA 3.0 \u00b7 v\u00e4rikorjattu<\/figcaption><\/figure>\n\n\n\n<h3 class=\"wp-block-heading\"><span class=\"ez-toc-section\" id=\"27_Chynovin_luola\"><\/span>27. Ch\u00fdnovin luola<span class=\"ez-toc-section-end\"><\/span><\/h3>\n\n\n\n<p class=\"wp-block-paragraph\">T\u00e4h\u00e4n maanalaiseen erikoisuuteen ajat <strong>62 kilometri\u00e4 ja matka vie noin 63 minuuttia<\/strong>. Ch\u00fdnovin luola on historiallisesti T\u0161ekin alueen ensimm\u00e4inen yleis\u00f6lle avattu luola, avattu jo vuonna 1863, ja toisin kuin M\u00e4\u00e4rin karstissa, t\u00e4\u00e4ll\u00e4 et n\u00e4e klassisia tippukivi\u00e4.<\/p>\n\n\n\n<p class=\"wp-block-paragraph\">T\u00e4m\u00e4 luola <strong>on kiehtova jyrkkine k\u00e4yt\u00e4vineen ja uskomattoman v\u00e4rikk\u00e4ine marmoriseinineen<\/strong>, jotka hehkuvat kaikissa s\u00e4vyiss\u00e4 valkoisesta keltaisen kautta syv\u00e4nruskeaan. Kierros on fyysisesti hieman vaativampi suuren porrasm\u00e4\u00e4r\u00e4n vuoksi, mutta el\u00e4mys on sen ehdottomasti arvoinen.<\/p>\n\n\n\n<p class=\"wp-block-paragraph\">Koska kyseess\u00e4 on suojeltu luonnonmuodostuma, <strong>ajankohtaisen hinnaston ja aukioloajat kannattaa aina tarkistaa sivuilta <a href=\"https:\/\/chynovska.caves.cz\" rel=\"nofollow noopener\" target=\"_blank\">chynovska.caves.cz<\/a><\/strong>, sill\u00e4 talvikuukausina luola on perinteisesti suljettu suojeltujen lepakoiden talvehtimisen vuoksi.<\/p>\n\n\n\n<figure data-wp-context=\"{&quot;imageId&quot;:&quot;6a9527f5180b9&quot;}\" data-wp-interactive=\"core\/image\" data-wp-key=\"6a9527f5180b9\" class=\"wp-block-image size-full wp-lightbox-container\"><img decoding=\"async\" width=\"2528\" height=\"1696\" data-wp-class--hide=\"state.isContentHidden\" data-wp-class--show=\"state.isContentVisible\" data-wp-init=\"callbacks.setButtonStyles\" data-wp-on--click=\"actions.showLightbox\" data-wp-on--load=\"callbacks.setButtonStyles\" data-wp-on--pointerdown=\"actions.preloadImage\" data-wp-on--pointerenter=\"actions.preloadImageWithDelay\" data-wp-on--pointerleave=\"actions.cancelPreload\" data-wp-on-window--resize=\"callbacks.setButtonStyles\" src=\"https:\/\/loudavymkrokem.cz\/wp-content\/uploads\/2026\/08\/lk-34.jpg\" alt=\"\u010cesk\u00fd Krumlovin historiallinen keskusta\" class=\"wp-image-404117\" title=\"\" srcset=\"https:\/\/loudavymkrokem.cz\/wp-content\/uploads\/2026\/08\/lk-34.jpg 2528w, https:\/\/loudavymkrokem.cz\/wp-content\/uploads\/2026\/08\/lk-34-300x201.jpg 300w, https:\/\/loudavymkrokem.cz\/wp-content\/uploads\/2026\/08\/lk-34-700x470.jpg 700w, https:\/\/loudavymkrokem.cz\/wp-content\/uploads\/2026\/08\/lk-34-768x515.jpg 768w, https:\/\/loudavymkrokem.cz\/wp-content\/uploads\/2026\/08\/lk-34-1536x1030.jpg 1536w, https:\/\/loudavymkrokem.cz\/wp-content\/uploads\/2026\/08\/lk-34-2048x1374.jpg 2048w, https:\/\/loudavymkrokem.cz\/wp-content\/uploads\/2026\/08\/lk-34-696x467.jpg 696w, https:\/\/loudavymkrokem.cz\/wp-content\/uploads\/2026\/08\/lk-34-1392x934.jpg 1392w, https:\/\/loudavymkrokem.cz\/wp-content\/uploads\/2026\/08\/lk-34-1920x1288.jpg 1920w\" sizes=\"(max-width: 2528px) 100vw, 2528px\" \/><button\n\t\t\tclass=\"lightbox-trigger\"\n\t\t\ttype=\"button\"\n\t\t\taria-haspopup=\"dialog\"\n\t\t\tdata-wp-bind--aria-label=\"state.thisImage.triggerButtonAriaLabel\"\n\t\t\tdata-wp-init=\"callbacks.initTriggerButton\"\n\t\t\tdata-wp-on--click=\"actions.showLightbox\"\n\t\t\tdata-wp-style--right=\"state.thisImage.buttonRight\"\n\t\t\tdata-wp-style--top=\"state.thisImage.buttonTop\"\n\t\t>\n\t\t\t<svg xmlns=\"http:\/\/www.w3.org\/2000\/svg\" width=\"12\" height=\"12\" fill=\"none\" viewBox=\"0 0 12 12\">\n\t\t\t\t<path fill=\"#fff\" d=\"M2 0a2 2 0 0 0-2 2v2h1.5V2a.5.5 0 0 1 .5-.5h2V0H2Zm2 10.5H2a.5.5 0 0 1-.5-.5V8H0v2a2 2 0 0 0 2 2h2v-1.5ZM8 12v-1.5h2a.5.5 0 0 0 .5-.5V8H12v2a2 2 0 0 1-2 2H8Zm2-12a2 2 0 0 1 2 2v2h-1.5V2a.5.5 0 0 0-.5-.5H8V0h2Z\" \/>\n\t\t\t<\/svg>\n\t\t<\/button><figcaption class=\"wp-element-caption\">Valokuvan mukaan: Jakub Ha\u0142un \/ Wikimedia Commons, CC BY 4.0 \u00b7 v\u00e4rikorjattu<\/figcaption><\/figure>\n\n\n\n<h3 class=\"wp-block-heading\"><span class=\"ez-toc-section\" id=\"28_Cesky_Krumlov\"><\/span>28. \u010cesk\u00fd Krumlov<span class=\"ez-toc-section-end\"><\/span><\/h3>\n\n\n\n<p class=\"wp-block-paragraph\">Maamme kauneimpaan kaupunkiin ajat <strong>69,9 kilometri\u00e4 ja P\u00edsekist\u00e4 saavut sinne 68 minuutissa<\/strong>. Unescon listalle merkitty\u00e4 \u010cesk\u00fd Krumlovia ei tarvitse pitk\u00e4\u00e4n esitell\u00e4 \u2014 sen Vltavan mutkan yl\u00e4puolelle kohoavan renessanssilinnan tuntee kai aivan jokainen, ja sen vierailu on yksinkertaisesti pakko.<\/p>\n\n\n\n<p class=\"wp-block-paragraph\">Kaupunki <strong>on t\u00e4ynn\u00e4 mutkittelevia kujia, historiallisia taloja ja romanttisia n\u00e4kymi\u00e4 joka nurkasta<\/strong>, joten t\u00e4\u00e4ll\u00e4 voi hyvin eksyill\u00e4 kokonaisen p\u00e4iv\u00e4n. Kes\u00e4lomien ulkopuolella t\u00e4\u00e4ll\u00e4 on my\u00f6s hieman v\u00e4hemm\u00e4n ihmisi\u00e4, mik\u00e4 hy\u00f6dytt\u00e4\u00e4 valtavasti keskiaikaisen kaupungin tunnelmaa. Vaikka Krumlov on toisinaan t\u00e4ynn\u00e4 turisteja, siin\u00e4 vain on jotain. Her\u00e4\u00e4mme aina mieluummin varhain ja k\u00e4velemme keskustan l\u00e4pi heti aamulla, kun suurin osa ihmisist\u00e4 viel\u00e4 nukkuu hotelleissa. Linnan kierrokset ja p\u00e4\u00e4symaksut l\u00f6yd\u00e4t osoitteesta <a href=\"https:\/\/zamek-ceskykrumlov.cz\" rel=\"nofollow noopener\" target=\"_blank\">zamek-ceskykrumlov.cz<\/a>.<\/p>\n\n\n\n<p class=\"wp-block-paragraph\">Retken t\u00e4ydelliseen suunnitteluun, mukaan lukien pys\u00e4k\u00f6inti ja parhaat n\u00e4k\u00f6alapaikat, <strong>vilkaise erillist\u00e4 artikkeliamme siit\u00e4, mit\u00e4 k\u00e4tkee<\/strong> <a href=\"https:\/\/loudavymkrokem.cz\/fi\/cesky-krumlov-nahtavyydet\/\">\u010cesk\u00fd Krumlov<\/a>, johon olemme koonneet kaiken yksityiskohtaisesti.<\/p>\n\n\n\n<figure data-wp-context=\"{&quot;imageId&quot;:&quot;6a9527f518760&quot;}\" data-wp-interactive=\"core\/image\" data-wp-key=\"6a9527f518760\" class=\"wp-block-image size-full wp-lightbox-container\"><img decoding=\"async\" width=\"2528\" height=\"1696\" data-wp-class--hide=\"state.isContentHidden\" data-wp-class--show=\"state.isContentVisible\" data-wp-init=\"callbacks.setButtonStyles\" data-wp-on--click=\"actions.showLightbox\" data-wp-on--load=\"callbacks.setButtonStyles\" data-wp-on--pointerdown=\"actions.preloadImage\" data-wp-on--pointerenter=\"actions.preloadImageWithDelay\" data-wp-on--pointerleave=\"actions.cancelPreload\" data-wp-on-window--resize=\"callbacks.setButtonStyles\" src=\"https:\/\/loudavymkrokem.cz\/wp-content\/uploads\/2026\/08\/lk-35.jpg\" alt=\"Sv\u011bt-lampi T\u0159ebo\u0148in l\u00e4hell\u00e4\" class=\"wp-image-404118\" title=\"\" srcset=\"https:\/\/loudavymkrokem.cz\/wp-content\/uploads\/2026\/08\/lk-35.jpg 2528w, https:\/\/loudavymkrokem.cz\/wp-content\/uploads\/2026\/08\/lk-35-300x201.jpg 300w, https:\/\/loudavymkrokem.cz\/wp-content\/uploads\/2026\/08\/lk-35-700x470.jpg 700w, https:\/\/loudavymkrokem.cz\/wp-content\/uploads\/2026\/08\/lk-35-768x515.jpg 768w, https:\/\/loudavymkrokem.cz\/wp-content\/uploads\/2026\/08\/lk-35-1536x1030.jpg 1536w, https:\/\/loudavymkrokem.cz\/wp-content\/uploads\/2026\/08\/lk-35-2048x1374.jpg 2048w, https:\/\/loudavymkrokem.cz\/wp-content\/uploads\/2026\/08\/lk-35-696x467.jpg 696w, https:\/\/loudavymkrokem.cz\/wp-content\/uploads\/2026\/08\/lk-35-1392x934.jpg 1392w, https:\/\/loudavymkrokem.cz\/wp-content\/uploads\/2026\/08\/lk-35-1920x1288.jpg 1920w\" sizes=\"(max-width: 2528px) 100vw, 2528px\" \/><button\n\t\t\tclass=\"lightbox-trigger\"\n\t\t\ttype=\"button\"\n\t\t\taria-haspopup=\"dialog\"\n\t\t\tdata-wp-bind--aria-label=\"state.thisImage.triggerButtonAriaLabel\"\n\t\t\tdata-wp-init=\"callbacks.initTriggerButton\"\n\t\t\tdata-wp-on--click=\"actions.showLightbox\"\n\t\t\tdata-wp-style--right=\"state.thisImage.buttonRight\"\n\t\t\tdata-wp-style--top=\"state.thisImage.buttonTop\"\n\t\t>\n\t\t\t<svg xmlns=\"http:\/\/www.w3.org\/2000\/svg\" width=\"12\" height=\"12\" fill=\"none\" viewBox=\"0 0 12 12\">\n\t\t\t\t<path fill=\"#fff\" d=\"M2 0a2 2 0 0 0-2 2v2h1.5V2a.5.5 0 0 1 .5-.5h2V0H2Zm2 10.5H2a.5.5 0 0 1-.5-.5V8H0v2a2 2 0 0 0 2 2h2v-1.5ZM8 12v-1.5h2a.5.5 0 0 0 .5-.5V8H12v2a2 2 0 0 1-2 2H8Zm2-12a2 2 0 0 1 2 2v2h-1.5V2a.5.5 0 0 0-.5-.5H8V0h2Z\" \/>\n\t\t\t<\/svg>\n\t\t<\/button><\/figure>\n\n\n\n<h3 class=\"wp-block-heading\"><span class=\"ez-toc-section\" id=\"29_Trebon_ja_lampimaisema\"><\/span>29. T\u0159ebo\u0148 ja lampimaisema<span class=\"ez-toc-section-end\"><\/span><\/h3>\n\n\n\n<p class=\"wp-block-paragraph\">Kalanviljelij\u00f6iden syd\u00e4meen on <strong>73,7 kilometri\u00e4, mik\u00e4 vastaa noin 68 minuutin ajomatkaa<\/strong>. T\u0159ebo\u0148 on uskomattoman vieh\u00e4tt\u00e4v\u00e4 kylpyl\u00e4kaupunki renessanssilinnoineen ja historiallisine keskustoineen, jota ymp\u00e4r\u00f6iv\u00e4t joka puolelta kuuluisien lampien padot valtavan Sv\u011bt-lammen johdolla.<\/p>\n\n\n\n<p class=\"wp-block-paragraph\">T\u00e4k\u00e4l\u00e4inen <strong>tasainen maisema on ehdoton paratiisi kevyille py\u00f6r\u00e4ilij\u00f6ille ja kylpyl\u00e4vieraille<\/strong>, ja pakollisiin pys\u00e4hdyksiin kuuluu my\u00f6s monumentaalinen Schwarzenbergin hautaholvi englantilaispuistoon k\u00e4tkettyn\u00e4. Suunnittele retki koko p\u00e4iv\u00e4lle, sill\u00e4 tahti t\u00e4\u00e4ll\u00e4 on tarttuvan hidas ja rento. Linnan kierrokset ja p\u00e4\u00e4symaksut l\u00f6yd\u00e4t osoitteesta <a href=\"https:\/\/zamek-trebon.cz\" rel=\"nofollow noopener\" target=\"_blank\">zamek-trebon.cz<\/a>.<\/p>\n\n\n\n<p class=\"wp-block-paragraph\">Torin kahvilat ovat juuri sit\u00e4 tyyppi\u00e4 paikkoja, joissa tilaat yhden teen ja istut siin\u00e4 tunnin. Ja tied\u00e4tk\u00f6 mit\u00e4? Se on aivan ok, sill\u00e4 T\u0159ebo\u0148 vain viritt\u00e4\u00e4 t\u00e4h\u00e4n tahtiin.<\/p>\n\n\n\n<figure data-wp-context=\"{&quot;imageId&quot;:&quot;6a9527f518e99&quot;}\" data-wp-interactive=\"core\/image\" data-wp-key=\"6a9527f518e99\" class=\"wp-block-image size-full wp-lightbox-container\"><img decoding=\"async\" width=\"2528\" height=\"1696\" data-wp-class--hide=\"state.isContentHidden\" data-wp-class--show=\"state.isContentVisible\" data-wp-init=\"callbacks.setButtonStyles\" data-wp-on--click=\"actions.showLightbox\" data-wp-on--load=\"callbacks.setButtonStyles\" data-wp-on--pointerdown=\"actions.preloadImage\" data-wp-on--pointerenter=\"actions.preloadImageWithDelay\" data-wp-on--pointerleave=\"actions.cancelPreload\" data-wp-on-window--resize=\"callbacks.setButtonStyles\" src=\"https:\/\/loudavymkrokem.cz\/wp-content\/uploads\/2026\/08\/lk-36.jpg\" alt=\"Ka\u0161perkin linna \u0160umavalla\" class=\"wp-image-404119\" title=\"\" srcset=\"https:\/\/loudavymkrokem.cz\/wp-content\/uploads\/2026\/08\/lk-36.jpg 2528w, https:\/\/loudavymkrokem.cz\/wp-content\/uploads\/2026\/08\/lk-36-300x201.jpg 300w, https:\/\/loudavymkrokem.cz\/wp-content\/uploads\/2026\/08\/lk-36-700x470.jpg 700w, https:\/\/loudavymkrokem.cz\/wp-content\/uploads\/2026\/08\/lk-36-768x515.jpg 768w, https:\/\/loudavymkrokem.cz\/wp-content\/uploads\/2026\/08\/lk-36-1536x1030.jpg 1536w, https:\/\/loudavymkrokem.cz\/wp-content\/uploads\/2026\/08\/lk-36-2048x1374.jpg 2048w, https:\/\/loudavymkrokem.cz\/wp-content\/uploads\/2026\/08\/lk-36-696x467.jpg 696w, https:\/\/loudavymkrokem.cz\/wp-content\/uploads\/2026\/08\/lk-36-1392x934.jpg 1392w, https:\/\/loudavymkrokem.cz\/wp-content\/uploads\/2026\/08\/lk-36-1920x1288.jpg 1920w\" sizes=\"(max-width: 2528px) 100vw, 2528px\" \/><button\n\t\t\tclass=\"lightbox-trigger\"\n\t\t\ttype=\"button\"\n\t\t\taria-haspopup=\"dialog\"\n\t\t\tdata-wp-bind--aria-label=\"state.thisImage.triggerButtonAriaLabel\"\n\t\t\tdata-wp-init=\"callbacks.initTriggerButton\"\n\t\t\tdata-wp-on--click=\"actions.showLightbox\"\n\t\t\tdata-wp-style--right=\"state.thisImage.buttonRight\"\n\t\t\tdata-wp-style--top=\"state.thisImage.buttonTop\"\n\t\t>\n\t\t\t<svg xmlns=\"http:\/\/www.w3.org\/2000\/svg\" width=\"12\" height=\"12\" fill=\"none\" viewBox=\"0 0 12 12\">\n\t\t\t\t<path fill=\"#fff\" d=\"M2 0a2 2 0 0 0-2 2v2h1.5V2a.5.5 0 0 1 .5-.5h2V0H2Zm2 10.5H2a.5.5 0 0 1-.5-.5V8H0v2a2 2 0 0 0 2 2h2v-1.5ZM8 12v-1.5h2a.5.5 0 0 0 .5-.5V8H12v2a2 2 0 0 1-2 2H8Zm2-12a2 2 0 0 1 2 2v2h-1.5V2a.5.5 0 0 0-.5-.5H8V0h2Z\" \/>\n\t\t\t<\/svg>\n\t\t<\/button><figcaption class=\"wp-element-caption\">Valokuvan mukaan: Huhulenik \/ Wikimedia Commons, CC BY 3.0 \u00b7 v\u00e4rikorjattu<\/figcaption><\/figure>\n\n\n\n<h3 class=\"wp-block-heading\"><span class=\"ez-toc-section\" id=\"30_Sumava\"><\/span>30. \u0160umava<span class=\"ez-toc-section-end\"><\/span><\/h3>\n\n\n\n<p class=\"wp-block-paragraph\">\u0160umavan l\u00e4himm\u00e4lle reunalle ajat <strong>noin 40\u201360 kilometri\u00e4, esimerkiksi Prachaticeen saavut 44 minuutissa<\/strong>. <a href=\"https:\/\/npsumava.cz\" rel=\"nofollow noopener\" target=\"_blank\">\u0160umavan kansallispuisto<\/a> tarjoaa loputtomat mahdollisuudet retkeilyyn, suuntasit sitten salaper\u00e4iselle Ka\u0161perkin linnalle, villiin Boub\u00ednin aarniomets\u00e4\u00e4n tai aina Lipnon tekoj\u00e4rvelle asti.<\/p>\n\n\n\n<p class=\"wp-block-paragraph\">Ka\u0161perkin linna <strong>kuuluu B\u00f6\u00f6min korkeimmalla sijaitseviin kuninkaanlinnoihin, ja yli yhdeks\u00e4n tuhannen ihmisen arvio puhuu puolestaan<\/strong>. Ja jos l\u00e4hdet viel\u00e4 kappaleen matkaa pidemm\u00e4lle Lipnolle, tee siit\u00e4 heti viikonloppuretki \u2014 aktiviteetteja siell\u00e4 riitt\u00e4\u00e4 helposti kahdeksi p\u00e4iv\u00e4ksi.<\/p>\n\n\n\n<p class=\"wp-block-paragraph\">Perheille, jotka aikovat l\u00e4hte\u00e4 vuorille kaikkein pienimpienkin kanssa, <strong>olemme valmistelleet hyvin k\u00e4yt\u00e4nn\u00f6llisen artikkelin<\/strong> <a href=\"https:\/\/loudavymkrokem.cz\/fi\/sumava-lastenrattaat-tsekki\/\">\u0160umava lastenvaunujen kanssa<\/a>, josta l\u00f6yd\u00e4t tarkat reitit, jotka sel\u00e4t\u00e4t ilman suurempia ongelmia my\u00f6s pienill\u00e4 py\u00f6rill\u00e4.<\/p>\n\n\n\n<figure data-wp-context=\"{&quot;imageId&quot;:&quot;6a9527f5195e8&quot;}\" data-wp-interactive=\"core\/image\" data-wp-key=\"6a9527f5195e8\" class=\"wp-block-image size-full wp-lightbox-container\"><img decoding=\"async\" width=\"2528\" height=\"1696\" data-wp-class--hide=\"state.isContentHidden\" data-wp-class--show=\"state.isContentVisible\" data-wp-init=\"callbacks.setButtonStyles\" data-wp-on--click=\"actions.showLightbox\" data-wp-on--load=\"callbacks.setButtonStyles\" data-wp-on--pointerdown=\"actions.preloadImage\" data-wp-on--pointerenter=\"actions.preloadImageWithDelay\" data-wp-on--pointerleave=\"actions.cancelPreload\" data-wp-on-window--resize=\"callbacks.setButtonStyles\" src=\"https:\/\/loudavymkrokem.cz\/wp-content\/uploads\/2026\/08\/lk-37.jpg\" alt=\"P\u00edsekin vuoret talvella\" class=\"wp-image-404121\" title=\"\" srcset=\"https:\/\/loudavymkrokem.cz\/wp-content\/uploads\/2026\/08\/lk-37.jpg 2528w, https:\/\/loudavymkrokem.cz\/wp-content\/uploads\/2026\/08\/lk-37-300x201.jpg 300w, https:\/\/loudavymkrokem.cz\/wp-content\/uploads\/2026\/08\/lk-37-700x470.jpg 700w, https:\/\/loudavymkrokem.cz\/wp-content\/uploads\/2026\/08\/lk-37-768x515.jpg 768w, https:\/\/loudavymkrokem.cz\/wp-content\/uploads\/2026\/08\/lk-37-1536x1030.jpg 1536w, https:\/\/loudavymkrokem.cz\/wp-content\/uploads\/2026\/08\/lk-37-2048x1374.jpg 2048w, https:\/\/loudavymkrokem.cz\/wp-content\/uploads\/2026\/08\/lk-37-696x467.jpg 696w, https:\/\/loudavymkrokem.cz\/wp-content\/uploads\/2026\/08\/lk-37-1392x934.jpg 1392w, https:\/\/loudavymkrokem.cz\/wp-content\/uploads\/2026\/08\/lk-37-1920x1288.jpg 1920w\" sizes=\"(max-width: 2528px) 100vw, 2528px\" \/><button\n\t\t\tclass=\"lightbox-trigger\"\n\t\t\ttype=\"button\"\n\t\t\taria-haspopup=\"dialog\"\n\t\t\tdata-wp-bind--aria-label=\"state.thisImage.triggerButtonAriaLabel\"\n\t\t\tdata-wp-init=\"callbacks.initTriggerButton\"\n\t\t\tdata-wp-on--click=\"actions.showLightbox\"\n\t\t\tdata-wp-style--right=\"state.thisImage.buttonRight\"\n\t\t\tdata-wp-style--top=\"state.thisImage.buttonTop\"\n\t\t>\n\t\t\t<svg xmlns=\"http:\/\/www.w3.org\/2000\/svg\" width=\"12\" height=\"12\" fill=\"none\" viewBox=\"0 0 12 12\">\n\t\t\t\t<path fill=\"#fff\" d=\"M2 0a2 2 0 0 0-2 2v2h1.5V2a.5.5 0 0 1 .5-.5h2V0H2Zm2 10.5H2a.5.5 0 0 1-.5-.5V8H0v2a2 2 0 0 0 2 2h2v-1.5ZM8 12v-1.5h2a.5.5 0 0 0 .5-.5V8H12v2a2 2 0 0 1-2 2H8Zm2-12a2 2 0 0 1 2 2v2h-1.5V2a.5.5 0 0 0-.5-.5H8V0h2Z\" \/>\n\t\t\t<\/svg>\n\t\t<\/button><figcaption class=\"wp-element-caption\">Valokuvan mukaan: \u0160J\u016f (cs:\u0160J\u016f) \/ Wikimedia Commons, CC BY-SA 3.0 \u00b7 v\u00e4rikorjattu<\/figcaption><\/figure>\n\n\n\n<h2 class=\"wp-block-heading\"><span class=\"ez-toc-section\" id=\"Mika_Pisekin_ymparistossa_on_auki_myos_sesongin_ulkopuolella\"><\/span>Mik\u00e4 P\u00edsekin ymp\u00e4rist\u00f6ss\u00e4 on auki my\u00f6s sesongin ulkopuolella<span class=\"ez-toc-section-end\"><\/span><\/h2>\n\n\n\n<p class=\"wp-block-paragraph\">Kun suurin osa valtion hallinnon alaisista linnoista ja kartanoista nukkuu marraskuusta maaliskuuhun syv\u00e4\u00e4 talviunta, P\u00edsekin ymp\u00e4rist\u00f6st\u00e4 l\u00f6yd\u00e4t runsaasti paikkoja, joihin voi hyvin suunnata my\u00f6s kylmempin\u00e4 kuukausina.<\/p>\n\n\n\n<ul class=\"wp-block-list\">\n<li><strong>P\u00edsekin vuoret ja n\u00e4k\u00f6tornit:<\/strong> Luonto ei koskaan sulje. K\u00e4velyt kestop\u00e4\u00e4llystettyj\u00e4 polkuja pitkin ja nousu vapaasti k\u00e4ytett\u00e4v\u00e4lle Jarn\u00edkin n\u00e4k\u00f6tornille ovat mahtavia my\u00f6s pakkasella.<\/li>\n\n\n\n<li><strong>Protiv\u00ednin Krokotiiliel\u00e4intarha:<\/strong> Sis\u00e4iset l\u00e4mmitetyt paviljongit t\u00e4ynn\u00e4 matelijoita toimivat ymp\u00e4ri vuoden ja ovat ihanteellinen suoja r\u00e4nt\u00e4sateelta.<\/li>\n\n\n\n<li><strong>Kaupunginmuseot ja galleriat:<\/strong> P\u00edsekin, T\u00e1borin tai Vod\u0148anyn n\u00e4yttelyt ovat yleens\u00e4 auki kes\u00e4isest\u00e4 turistisesongista riippumatta.<\/li>\n\n\n\n<li><strong>Suuret Etel\u00e4-B\u00f6\u00f6min kaupungit:<\/strong> Vierailu \u010cesk\u00e9 Bud\u011bjoviceen, \u010cesk\u00fd Krumloviin tai T\u00e1boriin on kes\u00e4n ulkopuolella ehk\u00e4 viel\u00e4kin lumoavampi, sill\u00e4 v\u00e4lt\u00e4t suurimmat v\u00e4kijoukot toreilla.<\/li>\n\n\n\n<li><strong>Hlubok\u00e1n talvikierrokset:<\/strong> Hlubok\u00e1n linna tarjoaa yhten\u00e4 harvoista erityisen l\u00e4mmitetyn talvireitin, joten aatelissis\u00e4tiloista et j\u00e4\u00e4 paitsi edes tammikuussa.<\/li>\n<\/ul>\n\n\n\n<figure data-wp-context=\"{&quot;imageId&quot;:&quot;6a9527f519dca&quot;}\" data-wp-interactive=\"core\/image\" data-wp-key=\"6a9527f519dca\" class=\"wp-block-image size-full wp-lightbox-container\"><img decoding=\"async\" width=\"2200\" height=\"1467\" data-wp-class--hide=\"state.isContentHidden\" data-wp-class--show=\"state.isContentVisible\" data-wp-init=\"callbacks.setButtonStyles\" data-wp-on--click=\"actions.showLightbox\" data-wp-on--load=\"callbacks.setButtonStyles\" data-wp-on--pointerdown=\"actions.preloadImage\" data-wp-on--pointerenter=\"actions.preloadImageWithDelay\" data-wp-on--pointerleave=\"actions.cancelPreload\" data-wp-on-window--resize=\"callbacks.setButtonStyles\" src=\"https:\/\/loudavymkrokem.cz\/wp-content\/uploads\/2026\/08\/otava-breh-pod-kamennym-mostem.jpg\" alt=\"Istuskelupaikka Otavan rannalla Kivisillan alla P\u00edsekiss\u00e4\" class=\"wp-image-404458\" title=\"\" srcset=\"https:\/\/loudavymkrokem.cz\/wp-content\/uploads\/2026\/08\/otava-breh-pod-kamennym-mostem.jpg 2200w, https:\/\/loudavymkrokem.cz\/wp-content\/uploads\/2026\/08\/otava-breh-pod-kamennym-mostem-300x200.jpg 300w, https:\/\/loudavymkrokem.cz\/wp-content\/uploads\/2026\/08\/otava-breh-pod-kamennym-mostem-700x467.jpg 700w, https:\/\/loudavymkrokem.cz\/wp-content\/uploads\/2026\/08\/otava-breh-pod-kamennym-mostem-768x512.jpg 768w, https:\/\/loudavymkrokem.cz\/wp-content\/uploads\/2026\/08\/otava-breh-pod-kamennym-mostem-1536x1024.jpg 1536w, https:\/\/loudavymkrokem.cz\/wp-content\/uploads\/2026\/08\/otava-breh-pod-kamennym-mostem-2048x1366.jpg 2048w, https:\/\/loudavymkrokem.cz\/wp-content\/uploads\/2026\/08\/otava-breh-pod-kamennym-mostem-696x464.jpg 696w, https:\/\/loudavymkrokem.cz\/wp-content\/uploads\/2026\/08\/otava-breh-pod-kamennym-mostem-1392x928.jpg 1392w, https:\/\/loudavymkrokem.cz\/wp-content\/uploads\/2026\/08\/otava-breh-pod-kamennym-mostem-1920x1280.jpg 1920w\" sizes=\"(max-width: 2200px) 100vw, 2200px\" \/><button\n\t\t\tclass=\"lightbox-trigger\"\n\t\t\ttype=\"button\"\n\t\t\taria-haspopup=\"dialog\"\n\t\t\tdata-wp-bind--aria-label=\"state.thisImage.triggerButtonAriaLabel\"\n\t\t\tdata-wp-init=\"callbacks.initTriggerButton\"\n\t\t\tdata-wp-on--click=\"actions.showLightbox\"\n\t\t\tdata-wp-style--right=\"state.thisImage.buttonRight\"\n\t\t\tdata-wp-style--top=\"state.thisImage.buttonTop\"\n\t\t>\n\t\t\t<svg xmlns=\"http:\/\/www.w3.org\/2000\/svg\" width=\"12\" height=\"12\" fill=\"none\" viewBox=\"0 0 12 12\">\n\t\t\t\t<path fill=\"#fff\" d=\"M2 0a2 2 0 0 0-2 2v2h1.5V2a.5.5 0 0 1 .5-.5h2V0H2Zm2 10.5H2a.5.5 0 0 1-.5-.5V8H0v2a2 2 0 0 0 2 2h2v-1.5ZM8 12v-1.5h2a.5.5 0 0 0 .5-.5V8H12v2a2 2 0 0 1-2 2H8Zm2-12a2 2 0 0 1 2 2v2h-1.5V2a.5.5 0 0 0-.5-.5H8V0h2Z\" \/>\n\t\t\t<\/svg>\n\t\t<\/button><\/figure>\n\n\n\n<h2 class=\"wp-block-heading\"><span class=\"ez-toc-section\" id=\"Minne_suunnata_Pisekista_ilman_autoa\"><\/span>Minne suunnata P\u00edsekist\u00e4 ilman autoa<span class=\"ez-toc-section-end\"><\/span><\/h2>\n\n\n\n<p class=\"wp-block-paragraph\">Vaikka auto on pienempien kylien tutkimiseen kiistaton etu, P\u00edsekist\u00e4 voi tehd\u00e4 paljon mahtavia retki\u00e4 my\u00f6s ilman sit\u00e4. Muista vain, ett\u00e4 <strong>suosituille Zv\u00edkovin ja Orl\u00edkin linnoille et yksinkertaisesti p\u00e4\u00e4se junalla<\/strong>, koska sinne ei kulje raiteita ja sinun on luotettava busseihin, jotka eiv\u00e4t viikonloppuisin kulje kaikkein tiheimmin.<\/p>\n\n\n\n<p class=\"wp-block-paragraph\">Junayhteys P\u00edsekist\u00e4 on kuitenkin <strong>aivan fantastinen retkiin isompiin kaupunkeihin, kuten Strakoniceen, Vod\u0148anyyn, T\u00e1boriin tai \u010cesk\u00e9 Bud\u011bjoviceen<\/strong>, joihin p\u00e4\u00e4set hyvin mukavasti ja nopeasti. Paikallinen asema on k\u00e4ynyt l\u00e4pi kunnostuksen ja vuorot vaihtuvat melko luotettavasti, joten koko p\u00e4iv\u00e4n kaupunkiretkeily junaa hy\u00f6dynt\u00e4en on hyvin j\u00e4rkev\u00e4\u00e4.<\/p>\n\n\n\n<p class=\"wp-block-paragraph\">Py\u00f6r\u00e4ilyn yst\u00e4ville <strong>l\u00f6ytyy kaunis ja kevyt py\u00f6r\u00e4tie, joka johtaa suoraan kaupungista Otava-joen vartta<\/strong>, ja jota pitkin p\u00e4\u00e4set moniin kiinnostaviin kohteisiin t\u00e4ysin ilman moottoria. Jos haluat helpottaa retke\u00e4si, monet alueelliset bussit tarjoavat lis\u00e4ksi kes\u00e4sesonkina polkupy\u00f6rien kuljetusta erityisill\u00e4 per\u00e4k\u00e4rryill\u00e4.<\/p>\n\n\n\n<h2 class=\"wp-block-heading\"><span class=\"ez-toc-section\" id=\"Minne_seuraavaksi\"><\/span>Minne seuraavaksi<span class=\"ez-toc-section-end\"><\/span><\/h2>\n\n\n\n<p class=\"wp-block-paragraph\">Jos sinua kiinnostavat lis\u00e4\u00e4 vinkit matkailuun kotimaassamme tai haluat tutkia P\u00edseki\u00e4 todella syv\u00e4llisesti, vilkaise n\u00e4it\u00e4 testattuja oppaita:<\/p>\n\n\n\n<ul class=\"wp-block-list\">\n<li><a href=\"https:\/\/loudavymkrokem.cz\/fi\/mita-nahda-pisekissa\/\">Mit\u00e4 n\u00e4hd\u00e4 P\u00edsekiss\u00e4: 39 vinkki\u00e4 paikalliselta<\/a><\/li>\n\n\n\n<li><a href=\"https:\/\/loudavymkrokem.cz\/fi\/etela-tsekki-kauneimmat-paikat\/\">Minne lomalle Etel\u00e4-B\u00f6\u00f6miin<\/a><\/li>\n\n\n\n<li><a href=\"https:\/\/loudavymkrokem.cz\/fi\/etela-tsekki-kauneimmat-kaupungit\/\">8 retke\u00e4 Etel\u00e4-B\u00f6\u00f6miss\u00e4<\/a><\/li>\n\n\n\n<li><a href=\"https:\/\/loudavymkrokem.cz\/fi\/loma-tsekissa-vinkit\/\">Minne lomalle T\u0161ekkiin<\/a><\/li>\n<\/ul>\n\n\n\n<h2 class=\"wp-block-heading\"><span class=\"ez-toc-section\" id=\"Usein_kysytyt_kysymykset\"><\/span>Usein kysytyt kysymykset<span class=\"ez-toc-section-end\"><\/span><\/h2>\n\n\n<div id=\"rank-math-faq\" class=\"rank-math-block\">\n<div class=\"rank-math-list \">\n<div id=\"faq-question-1787814183000\" class=\"rank-math-list-item\">\n<h3 class=\"rank-math-question \"><span class=\"ez-toc-section\" id=\"Minne_yhden_paivan_retkelle_Pisekista\"><\/span>Minne yhden p\u00e4iv\u00e4n retkelle P\u00edsekist\u00e4?<span class=\"ez-toc-section-end\"><\/span><\/h3>\n<div class=\"rank-math-answer \">\n\n<p>Paras vaihtoehto yhden p\u00e4iv\u00e4n retkelle on yhdistelm\u00e4 Zv\u00edkovin linnan vierailua ja laivamatkaa l\u00e4heiselle Orl\u00edkin linnalle. Jos etsit pikemminkin kaupunkimatkailua, suosittelen ehdottomasti l\u00e4htem\u00e4\u00e4n historialliseen T\u00e1boriin sen h\u00e4mm\u00e4stytt\u00e4v\u00e4n maanalaisen kanssa tai romanttiselle Hlubok\u00e1 nad Vltavan linnalle viereisen el\u00e4intarhan kera.<\/p>\n\n<\/div>\n<\/div>\n<div id=\"faq-question-1787814183001\" class=\"rank-math-list-item\">\n<h3 class=\"rank-math-question \"><span class=\"ez-toc-section\" id=\"Minne_viikonlopuksi_Pisek-alueelle\"><\/span>Minne viikonlopuksi P\u00edsek-alueelle?<span class=\"ez-toc-section-end\"><\/span><\/h3>\n<div class=\"rank-math-answer \">\n\n<p>Viikonloppuisin eritt\u00e4in suosittuja ovat lyhyemm\u00e4t retket l\u00e4heisiin P\u00edseck\u00e9 horiin (P\u00edsek-vuoriin) yhdistettyn\u00e4 Jarn\u00edk-n\u00e4k\u00f6torniin nousuun ja U Vod\u00e1ka -riistapuiston vierailuun. Kaunis pys\u00e4hdyspaikka on my\u00f6s Putim el\u00e4inkulmauksineen tai monumentaalinen Podolsk\u00fd-silta, jolta on kiehtova n\u00e4kym\u00e4 Orl\u00edk-patoaltaan pinnalle.<\/p>\n\n<\/div>\n<\/div>\n<div id=\"faq-question-1787814183002\" class=\"rank-math-list-item\">\n<h3 class=\"rank-math-question \"><span class=\"ez-toc-section\" id=\"Mita_lasten_kanssa_Pisek-alueella\"><\/span>Mit\u00e4 lasten kanssa P\u00edsek-alueella?<span class=\"ez-toc-section-end\"><\/span><\/h3>\n<div class=\"rank-math-answer \">\n\n<p>Lapsiperheet rakastavat ehdottomasti Poh\u00e1dkov\u00e1 kov\u00e1rna -satupajaa Selibovissa, jossa on n\u00e4ht\u00e4viss\u00e4 paholaisia ja vesihaltioita, tai vastik\u00e4\u00e4n rakennettua Farmapark Maleticen tilaa j\u00e4ttitrampoliineineen. Loistava valinta on my\u00f6s Krokod\u00fdl\u00ed ZOO Protiv\u00ednissa, joka on avoinna ymp\u00e4ri vuoden ja lapset ovat siit\u00e4 yleens\u00e4 aivan innoissaan.<\/p>\n\n<\/div>\n<\/div>\n<div id=\"faq-question-1787814183003\" class=\"rank-math-list-item\">\n<h3 class=\"rank-math-question \"><span class=\"ez-toc-section\" id=\"Kuinka_kaukana_Zvikov_on_Pisekista\"><\/span>Kuinka kaukana Zv\u00edkov on P\u00edsekist\u00e4?<span class=\"ez-toc-section-end\"><\/span><\/h3>\n<div class=\"rank-math-answer \">\n\n<p>Majesteettinen Zv\u00edkovin linna sijaitsee noin 26 kilometrin p\u00e4\u00e4ss\u00e4 P\u00edsekist\u00e4 ja matka autolla vie noin 32 minuuttia rauhallista ajoa. Linna kohoaa kallionkielekkeell\u00e4 Vltavan ja Otavan yhtymisnokassa ja edustaa yht\u00e4 kaikkein suosituimmista ja kauneimmista matkailukohteista koko Etel\u00e4-B\u00f6\u00f6min alueella.<\/p>\n\n<\/div>\n<\/div>\n<div id=\"faq-question-1787814183004\" class=\"rank-math-list-item\">\n<h3 class=\"rank-math-question \"><span class=\"ez-toc-section\" id=\"Kulkeeko_laiva_Zvikovista_Orlikiin\"><\/span>Kulkeeko laiva Zv\u00edkovista Orl\u00edkiin?<span class=\"ez-toc-section-end\"><\/span><\/h3>\n<div class=\"rank-math-answer \">\n\n<p>Kyll\u00e4, s\u00e4\u00e4nn\u00f6llinen laivayhteydell\u00e4 Zv\u00edkovin linnan ja Orl\u00edkin linnan v\u00e4lill\u00e4 toimii, ja laivat kulkevat molempiin suuntiin tiistaisin sunnuntaihin. Huomioi kuitenkin, ett\u00e4 maanantaisin laivoilla on yleens\u00e4 vapaap\u00e4iv\u00e4, ja suosittelen tarkistamaan etuk\u00e4teen tarkan aikataulun sek\u00e4 ajankohtaiset hinnat rahdinkuljettajan viralliselta sivustolta.<\/p>\n\n<\/div>\n<\/div>\n<div id=\"faq-question-1787814183005\" class=\"rank-math-list-item\">\n<h3 class=\"rank-math-question \"><span class=\"ez-toc-section\" id=\"Mika_on_paras_retki_alle_15_minuutin_paassa_kaupungista\"><\/span>Mik\u00e4 on paras retki alle 15 minuutin p\u00e4\u00e4ss\u00e4 kaupungista?<span class=\"ez-toc-section-end\"><\/span><\/h3>\n<div class=\"rank-math-answer \">\n\n<p>Vain viidess\u00e4toista minuutissa p\u00e4\u00e4set kauniiseen Putimin kyl\u00e4\u00e4n suositun el\u00e4inkulmauksen pariin tai Kest\u0159aniin, jossa l\u00f6yd\u00e4t aivan ainutlaatuisen n\u00e4ht\u00e4vyyden: kaksi hyvin s\u00e4ilynytt\u00e4 keskiaikaista linnaketaloa aivan vierekk\u00e4in. Toinen nopea vaihtoehto on Protiv\u00edn kellomuseoineen ja kuuluisan el\u00e4intarhansa kanssa.<\/p>\n\n<\/div>\n<\/div>\n<div id=\"faq-question-1787814183006\" class=\"rank-math-list-item\">\n<h3 class=\"rank-math-question \"><span class=\"ez-toc-section\" id=\"Minne_Pisek-alueella_ilmaiseksi\"><\/span>Minne P\u00edsek-alueella ilmaiseksi?<span class=\"ez-toc-section-end\"><\/span><\/h3>\n<div class=\"rank-math-answer \">\n\n<p>T\u00e4ysin ilmaiseksi voit vierailla Jarn\u00edk-n\u00e4k\u00f6tornissa P\u00edseck\u00e9 hory -vuorilla, vapaasti saavutettavassa Na\u0161e zv\u00ed\u0159\u00e1tka -el\u00e4inkulmassa Putimissa tai hussiittilaisen taistelun muistomerkill\u00e4 lampien luona Sudom\u011b\u0159iss\u00e4. P\u00e4\u00e4symaksua ei perit\u00e4 my\u00f6sk\u00e4\u00e4n ainutlaatuiseen ulkona sijaitsevaan luurankohuoneeseen maalattuine kappeleineen, joka sijaitsee Albrechticessa Vltavan varrella.<\/p>\n\n<\/div>\n<\/div>\n<div id=\"faq-question-1787814183007\" class=\"rank-math-list-item\">\n<h3 class=\"rank-math-question \"><span class=\"ez-toc-section\" id=\"Mika_on_alueen_ymparistossa_avoinna_talvella\"><\/span>Mik\u00e4 on alueen ymp\u00e4rist\u00f6ss\u00e4 avoinna talvella?<span class=\"ez-toc-section-end\"><\/span><\/h3>\n<div class=\"rank-math-answer \">\n\n<p>Vaikka suurin osa valtion linnoista ja palatseista kes\u00e4kauden ulkopuolella sulkeutuu, ymp\u00e4ri vuoden voit vierailla Krokod\u00fdl\u00ed ZOO:ssa Protiv\u00ednissa, kaupunginmuseoissa T\u00e1borissa tai Strakonicessa ja tietenkin P\u00edseck\u00e9 hory -alueella. Poikkeuksen linnojen joukossa tekee Hlubok\u00e1 nad Vltava, joka tarjoaa erikoisen talvisen kiertoajelureitin.<\/p>\n\n<\/div>\n<\/div>\n<\/div>\n<\/div>","protected":false},"excerpt":{"rendered":"<p>L\u00f6yd\u00e4 30 parasta retke\u00e4 P\u00edsekin ymp\u00e4rist\u00f6ss\u00e4! L\u00e4heiselt\u00e4 Jarn\u00edkin n\u00e4k\u00f6tornilta mahtavan Zv\u00edkovin linnan ja Maleticen s\u00f6p\u00f6jen el\u00e4inten kautta aina kuuluisaan Hlubok\u00e1an.<\/p>\n","protected":false},"author":3,"featured_media":404086,"comment_status":"open","ping_status":"open","sticky":false,"template":"","format":"standard","meta":{"_acf_changed":false,"footnotes":"","rank_math_title":"Retket P\u00edsekin ymp\u00e4rist\u00f6ss\u00e4: 30 parasta vinkki\u00e4","rank_math_description":"Retket P\u00edsekin ymp\u00e4rist\u00f6ss\u00e4: 30 testattua vinkki\u00e4 linnoihin, n\u00e4k\u00f6torneihin ja uimarantoihin paikalliselta. Suunnittele t\u00e4ydellinen p\u00e4iv\u00e4retki jo t\u00e4n\u00e4\u00e4n!","rank_math_focus_keyword":"retket P\u00edsekin ymp\u00e4rist\u00f6ss\u00e4","rank_math_seo_score":""},"categories":[2129,2123,2208],"tags":[],"class_list":["post-408634","post","type-post","status-publish","format-standard","has-post-thumbnail","category-eurooppa","category-matkailu","category-tsekin-tasavalta"],"acf":[],"featured_image_src":"https:\/\/loudavymkrokem.cz\/wp-content\/uploads\/2026\/08\/lk-24.jpg","author_info":{"display_name":"Lucie Kone\u010dn\u00e1","author_link":"https:\/\/loudavymkrokem.cz\/fi\/author\/lucie-konecna\/"},"_links":{"self":[{"href":"https:\/\/loudavymkrokem.cz\/fi\/wp-json\/wp\/v2\/posts\/408634","targetHints":{"allow":["GET"]}}],"collection":[{"href":"https:\/\/loudavymkrokem.cz\/fi\/wp-json\/wp\/v2\/posts"}],"about":[{"href":"https:\/\/loudavymkrokem.cz\/fi\/wp-json\/wp\/v2\/types\/post"}],"author":[{"embeddable":true,"href":"https:\/\/loudavymkrokem.cz\/fi\/wp-json\/wp\/v2\/users\/3"}],"replies":[{"embeddable":true,"href":"https:\/\/loudavymkrokem.cz\/fi\/wp-json\/wp\/v2\/comments?post=408634"}],"version-history":[{"count":2,"href":"https:\/\/loudavymkrokem.cz\/fi\/wp-json\/wp\/v2\/posts\/408634\/revisions"}],"predecessor-version":[{"id":408636,"href":"https:\/\/loudavymkrokem.cz\/fi\/wp-json\/wp\/v2\/posts\/408634\/revisions\/408636"}],"wp:featuredmedia":[{"embeddable":true,"href":"https:\/\/loudavymkrokem.cz\/fi\/wp-json\/wp\/v2\/media\/404086"}],"wp:attachment":[{"href":"https:\/\/loudavymkrokem.cz\/fi\/wp-json\/wp\/v2\/media?parent=408634"}],"wp:term":[{"taxonomy":"category","embeddable":true,"href":"https:\/\/loudavymkrokem.cz\/fi\/wp-json\/wp\/v2\/categories?post=408634"},{"taxonomy":"post_tag","embeddable":true,"href":"https:\/\/loudavymkrokem.cz\/fi\/wp-json\/wp\/v2\/tags?post=408634"}],"curies":[{"name":"wp","href":"https:\/\/api.w.org\/{rel}","templated":true}]}}