{"id":408628,"date":"2026-08-29T02:00:00","date_gmt":"2026-08-29T00:00:00","guid":{"rendered":"https:\/\/loudavymkrokem.cz\/barcelona-espanja-lennot\/"},"modified":"2026-08-31T04:34:33","modified_gmt":"2026-08-31T02:34:33","slug":"barcelona-espanja-lennot","status":"publish","type":"post","link":"https:\/\/loudavymkrokem.cz\/fi\/barcelona-espanja-lennot\/","title":{"rendered":"Barcelona Espanja: n\u00e4in p\u00e4\u00e4set perille lennot, hinnat ja juna 2026"},"content":{"rendered":"\n<p class=\"wp-block-paragraph\">Kun l\u00e4hdimme Luk\u00e1\u0161in kanssa maaliskuun alussa Barcelonaan, meill\u00e4 oli selke\u00e4 suunnitelma kiert\u00e4\u00e4 kaupungin t\u00e4rkeimm\u00e4t kohteet kauniisti jalan. Majoituimme mahtavaan <strong>Hotel Gaud\u00edhin aivan kuuluisan Palau G\u00fcellin vieress\u00e4<\/strong>, mik\u00e4 osoittautui t\u00e4ysin strategiseksi valinnaksi keskustan tutkimiseen k\u00e4vellen. Alun perin halusimme l\u00e4hte\u00e4 my\u00f6s tunnetulle Tibidabon kukkulalle, mutta melko huonon s\u00e4\u00e4n ja jatkuvasti murrettuja autoja k\u00e4sittelevien kammottavien arvostelujen takia j\u00e4timme sen lopulta rauhallisin mielin v\u00e4liin. Suunnittelitpa sitten k\u00e4velemist\u00e4 salaper\u00e4isill\u00e4 goottilaisen korttelin kujilla tai vain ruskettumista rannalla, aivan ensimm\u00e4inen asia, joka sinun on ratkaistava, on itse <strong>matka Euroopan syd\u00e4mest\u00e4 Katalonian rannikolle<\/strong>. Kun matkustat Espanjaan ja Barcelonaan, kulkuv\u00e4line ratkaisee t\u00e4ysin sen, mill\u00e4 mielialalla ja mill\u00e4 budjetilla lomasi ylip\u00e4\u00e4t\u00e4\u00e4n k\u00e4ynnistyy.<\/p>\n\n\n\n<figure data-wp-context=\"{&quot;imageId&quot;:&quot;6a9511948a0d2&quot;}\" data-wp-interactive=\"core\/image\" data-wp-key=\"6a9511948a0d2\" class=\"wp-block-image size-full wp-lightbox-container\"><img decoding=\"async\" width=\"1920\" height=\"1440\" data-wp-class--hide=\"state.isContentHidden\" data-wp-class--show=\"state.isContentVisible\" data-wp-init=\"callbacks.setButtonStyles\" data-wp-on--click=\"actions.showLightbox\" data-wp-on--load=\"callbacks.setButtonStyles\" data-wp-on--pointerdown=\"actions.preloadImage\" data-wp-on--pointerenter=\"actions.preloadImageWithDelay\" data-wp-on--pointerleave=\"actions.cancelPreload\" data-wp-on-window--resize=\"callbacks.setButtonStyles\" src=\"https:\/\/loudavymkrokem.cz\/wp-content\/uploads\/2026\/08\/barcelona-tri-ruzne-systemy-metra-te-zmatou.jpg\" alt=\"Sagal\u00e9sin kaukoliikennebussi pys\u00e4kill\u00e4\" class=\"wp-image-376460\" title=\"\" srcset=\"https:\/\/loudavymkrokem.cz\/wp-content\/uploads\/2026\/08\/barcelona-tri-ruzne-systemy-metra-te-zmatou.jpg 1920w, https:\/\/loudavymkrokem.cz\/wp-content\/uploads\/2026\/08\/barcelona-tri-ruzne-systemy-metra-te-zmatou-300x225.jpg 300w, https:\/\/loudavymkrokem.cz\/wp-content\/uploads\/2026\/08\/barcelona-tri-ruzne-systemy-metra-te-zmatou-700x525.jpg 700w, https:\/\/loudavymkrokem.cz\/wp-content\/uploads\/2026\/08\/barcelona-tri-ruzne-systemy-metra-te-zmatou-768x576.jpg 768w, https:\/\/loudavymkrokem.cz\/wp-content\/uploads\/2026\/08\/barcelona-tri-ruzne-systemy-metra-te-zmatou-1536x1152.jpg 1536w, https:\/\/loudavymkrokem.cz\/wp-content\/uploads\/2026\/08\/barcelona-tri-ruzne-systemy-metra-te-zmatou-80x60.jpg 80w, https:\/\/loudavymkrokem.cz\/wp-content\/uploads\/2026\/08\/barcelona-tri-ruzne-systemy-metra-te-zmatou-160x120.jpg 160w, https:\/\/loudavymkrokem.cz\/wp-content\/uploads\/2026\/08\/barcelona-tri-ruzne-systemy-metra-te-zmatou-696x522.jpg 696w, https:\/\/loudavymkrokem.cz\/wp-content\/uploads\/2026\/08\/barcelona-tri-ruzne-systemy-metra-te-zmatou-1392x1044.jpg 1392w\" sizes=\"(max-width: 1920px) 100vw, 1920px\" \/><button\n\t\t\tclass=\"lightbox-trigger\"\n\t\t\ttype=\"button\"\n\t\t\taria-haspopup=\"dialog\"\n\t\t\tdata-wp-bind--aria-label=\"state.thisImage.triggerButtonAriaLabel\"\n\t\t\tdata-wp-init=\"callbacks.initTriggerButton\"\n\t\t\tdata-wp-on--click=\"actions.showLightbox\"\n\t\t\tdata-wp-style--right=\"state.thisImage.buttonRight\"\n\t\t\tdata-wp-style--top=\"state.thisImage.buttonTop\"\n\t\t>\n\t\t\t<svg xmlns=\"http:\/\/www.w3.org\/2000\/svg\" width=\"12\" height=\"12\" fill=\"none\" viewBox=\"0 0 12 12\">\n\t\t\t\t<path fill=\"#fff\" d=\"M2 0a2 2 0 0 0-2 2v2h1.5V2a.5.5 0 0 1 .5-.5h2V0H2Zm2 10.5H2a.5.5 0 0 1-.5-.5V8H0v2a2 2 0 0 0 2 2h2v-1.5ZM8 12v-1.5h2a.5.5 0 0 0 .5-.5V8H12v2a2 2 0 0 1-2 2H8Zm2-12a2 2 0 0 1 2 2v2h-1.5V2a.5.5 0 0 0-.5-.5H8V0h2Z\" \/>\n\t\t\t<\/svg>\n\t\t<\/button><\/figure>\n\n\n\n<div id=\"ez-toc-container\" class=\"ez-toc-v2_0_86 ez-toc-wrap-left counter-hierarchy ez-toc-counter ez-toc-grey ez-toc-container-direction\">\n<div class=\"ez-toc-title-container\">\n<p class=\"ez-toc-title\" style=\"cursor:inherit\">Artikkelin sis\u00e4lt\u00f6<\/p>\n<span class=\"ez-toc-title-toggle\"><a href=\"#\" class=\"ez-toc-pull-right ez-toc-btn ez-toc-btn-xs ez-toc-btn-default ez-toc-toggle\" aria-label=\"Toggle Table of Content\"><span class=\"ez-toc-js-icon-con\"><span class=\"\"><span class=\"eztoc-hide\" style=\"display:none;\">Toggle<\/span><span class=\"ez-toc-icon-toggle-span\"><svg style=\"fill: #999;color:#999\" xmlns=\"http:\/\/www.w3.org\/2000\/svg\" class=\"list-377408\" width=\"20px\" height=\"20px\" viewBox=\"0 0 24 24\" fill=\"none\"><path d=\"M6 6H4v2h2V6zm14 0H8v2h12V6zM4 11h2v2H4v-2zm16 0H8v2h12v-2zM4 16h2v2H4v-2zm16 0H8v2h12v-2z\" fill=\"currentColor\"><\/path><\/svg><svg style=\"fill: #999;color:#999\" class=\"arrow-unsorted-368013\" xmlns=\"http:\/\/www.w3.org\/2000\/svg\" width=\"10px\" height=\"10px\" viewBox=\"0 0 24 24\" version=\"1.2\" baseProfile=\"tiny\"><path d=\"M18.2 9.3l-6.2-6.3-6.2 6.3c-.2.2-.3.4-.3.7s.1.5.3.7c.2.2.4.3.7.3h11c.3 0 .5-.1.7-.3.2-.2.3-.5.3-.7s-.1-.5-.3-.7zM5.8 14.7l6.2 6.3 6.2-6.3c.2-.2.3-.5.3-.7s-.1-.5-.3-.7c-.2-.2-.4-.3-.7-.3h-11c-.3 0-.5.1-.7.3-.2.2-.3.5-.3.7s.1.5.3.7z\"\/><\/svg><\/span><\/span><\/span><\/a><\/span><\/div>\n<nav><ul class='ez-toc-list ez-toc-list-level-1 ' ><ul class='ez-toc-list-level-3' ><li class='ez-toc-heading-level-3'><a class=\"ez-toc-link ez-toc-heading-1\" href=\"https:\/\/loudavymkrokem.cz\/fi\/barcelona-espanja-lennot\/#Yhteenveto_niille_joilla_ei_ole_aikaa_lukea_koko_artikkelia\" >Yhteenveto niille, joilla ei ole aikaa lukea koko artikkelia<\/a><\/li><\/ul><\/li><li class='ez-toc-page-1 ez-toc-heading-level-2'><a class=\"ez-toc-link ez-toc-heading-2\" href=\"https:\/\/loudavymkrokem.cz\/fi\/barcelona-espanja-lennot\/#Missa_majoittua_Barcelonassa_ja_paljonko_turistivero_maksaa\" >Miss\u00e4 majoittua Barcelonassa ja paljonko turistivero maksaa<\/a><\/li><li class='ez-toc-page-1 ez-toc-heading-level-2'><a class=\"ez-toc-link ez-toc-heading-3\" href=\"https:\/\/loudavymkrokem.cz\/fi\/barcelona-espanja-lennot\/#11_asiaa_jotka_sinun_on_tiedettava_matkasta_Barcelonaan\" >11 asiaa, jotka sinun on tiedett\u00e4v\u00e4 matkasta Barcelonaan<\/a><ul class='ez-toc-list-level-3' ><li class='ez-toc-heading-level-3'><a class=\"ez-toc-link ez-toc-heading-4\" href=\"https:\/\/loudavymkrokem.cz\/fi\/barcelona-espanja-lennot\/#1_Suorat_lennot_Helsinki%E2%80%93Barcelona_ja_ketka_niita_lentavat\" >1. Suorat lennot Helsinki\u2013Barcelona ja ketk\u00e4 niit\u00e4 lent\u00e4v\u00e4t<\/a><\/li><li class='ez-toc-page-1 ez-toc-heading-level-3'><a class=\"ez-toc-link ez-toc-heading-5\" href=\"https:\/\/loudavymkrokem.cz\/fi\/barcelona-espanja-lennot\/#2_Suuntaa_antavat_lentolippujen_hinnat_ja_milloin_ne_kannattaa_ostaa\" >2. Suuntaa antavat lentolippujen hinnat ja milloin ne kannattaa ostaa<\/a><\/li><li class='ez-toc-page-1 ez-toc-heading-level-3'><a class=\"ez-toc-link ez-toc-heading-6\" href=\"https:\/\/loudavymkrokem.cz\/fi\/barcelona-espanja-lennot\/#3_Ryanair_ja_halpalentojen_matkatavara-ansat\" >3. Ryanair ja halpalentojen matkatavara-ansat<\/a><\/li><li class='ez-toc-page-1 ez-toc-heading-level-3'><a class=\"ez-toc-link ez-toc-heading-7\" href=\"https:\/\/loudavymkrokem.cz\/fi\/barcelona-espanja-lennot\/#4_Vueling_ja_niiden_porrastetut_kilot\" >4. Vueling ja niiden porrastetut kilot<\/a><\/li><li class='ez-toc-page-1 ez-toc-heading-level-3'><a class=\"ez-toc-link ez-toc-heading-8\" href=\"https:\/\/loudavymkrokem.cz\/fi\/barcelona-espanja-lennot\/#5_Varo_kesan_aikataulusupistuksia\" >5. Varo kes\u00e4n aikataulusupistuksia<\/a><\/li><li class='ez-toc-page-1 ez-toc-heading-level-3'><a class=\"ez-toc-link ez-toc-heading-9\" href=\"https:\/\/loudavymkrokem.cz\/fi\/barcelona-espanja-lennot\/#6_Vaarat_lentokentat_Girona_ja_Reus\" >6. V\u00e4\u00e4r\u00e4t lentokent\u00e4t Girona ja Reus<\/a><\/li><li class='ez-toc-page-1 ez-toc-heading-level-3'><a class=\"ez-toc-link ez-toc-heading-10\" href=\"https:\/\/loudavymkrokem.cz\/fi\/barcelona-espanja-lennot\/#7_Junalla_mannerta_pitkin_raskaana_oleville_ja_niille_jotka_eivat_lenna\" >7. Junalla mannerta pitkin: raskaana oleville ja niille, jotka eiv\u00e4t lenn\u00e4<\/a><\/li><li class='ez-toc-page-1 ez-toc-heading-level-3'><a class=\"ez-toc-link ez-toc-heading-11\" href=\"https:\/\/loudavymkrokem.cz\/fi\/barcelona-espanja-lennot\/#8_Vaihtoehtoinen_junareitti_Pariisin_kautta\" >8. Vaihtoehtoinen junareitti Pariisin kautta<\/a><\/li><li class='ez-toc-page-1 ez-toc-heading-level-3'><a class=\"ez-toc-link ez-toc-heading-12\" href=\"https:\/\/loudavymkrokem.cz\/fi\/barcelona-espanja-lennot\/#9_Autolla_Barcelonaan_Varaudu_ZBE-vyohykkeeseen\" >9. Autolla Barcelonaan? Varaudu ZBE-vy\u00f6hykkeeseen<\/a><\/li><li class='ez-toc-page-1 ez-toc-heading-level-3'><a class=\"ez-toc-link ez-toc-heading-13\" href=\"https:\/\/loudavymkrokem.cz\/fi\/barcelona-espanja-lennot\/#10_Kuinka_paaset_El_Pratin_lentokentalta_keskustaan\" >10. Kuinka p\u00e4\u00e4set El Pratin lentokent\u00e4lt\u00e4 keskustaan<\/a><\/li><li class='ez-toc-page-1 ez-toc-heading-level-3'><a class=\"ez-toc-link ez-toc-heading-14\" href=\"https:\/\/loudavymkrokem.cz\/fi\/barcelona-espanja-lennot\/#11_Valmismatka_matkatoimiston_kanssa_vs_omatoimimatka\" >11. Valmismatka matkatoimiston kanssa vs. omatoimimatka<\/a><\/li><\/ul><\/li><li class='ez-toc-page-1 ez-toc-heading-level-2'><a class=\"ez-toc-link ez-toc-heading-15\" href=\"https:\/\/loudavymkrokem.cz\/fi\/barcelona-espanja-lennot\/#Kaytannon_yhteenveto_ja_suuntaa_antavat_hinnat\" >K\u00e4yt\u00e4nn\u00f6n yhteenveto ja suuntaa antavat hinnat<\/a><\/li><li class='ez-toc-page-1 ez-toc-heading-level-2'><a class=\"ez-toc-link ez-toc-heading-16\" href=\"https:\/\/loudavymkrokem.cz\/fi\/barcelona-espanja-lennot\/#Minne_seuraavaksi\" >Minne seuraavaksi<\/a><\/li><li class='ez-toc-page-1 ez-toc-heading-level-2'><a class=\"ez-toc-link ez-toc-heading-17\" href=\"https:\/\/loudavymkrokem.cz\/fi\/barcelona-espanja-lennot\/#Usein_kysytyt_kysymykset\" >Usein kysytyt kysymykset<\/a><ul class='ez-toc-list-level-3' ><li class='ez-toc-heading-level-3'><a class=\"ez-toc-link ez-toc-heading-18\" href=\"https:\/\/loudavymkrokem.cz\/fi\/barcelona-espanja-lennot\/#Kuinka_kauan_lento_Barcelonaan_Helsingista_kestaa\" >Kuinka kauan lento Barcelonaan Helsingist\u00e4 kest\u00e4\u00e4?<\/a><\/li><li class='ez-toc-page-1 ez-toc-heading-level-3'><a class=\"ez-toc-link ez-toc-heading-19\" href=\"https:\/\/loudavymkrokem.cz\/fi\/barcelona-espanja-lennot\/#Paljonko_lentolippu_maksaa_suunnilleen\" >Paljonko lentolippu maksaa suunnilleen?<\/a><\/li><li class='ez-toc-page-1 ez-toc-heading-level-3'><a class=\"ez-toc-link ez-toc-heading-20\" href=\"https:\/\/loudavymkrokem.cz\/fi\/barcelona-espanja-lennot\/#Kayko_tavallinen_metrolippu_lentoasemalta\" >K\u00e4yk\u00f6 tavallinen metrolippu lentoasemalta?<\/a><\/li><li class='ez-toc-page-1 ez-toc-heading-level-3'><a class=\"ez-toc-link ez-toc-heading-21\" href=\"https:\/\/loudavymkrokem.cz\/fi\/barcelona-espanja-lennot\/#Voinko_ajaa_autolla_Barcelonan_keskustaan\" >Voinko ajaa autolla Barcelonan keskustaan?<\/a><\/li><li class='ez-toc-page-1 ez-toc-heading-level-3'><a class=\"ez-toc-link ez-toc-heading-22\" href=\"https:\/\/loudavymkrokem.cz\/fi\/barcelona-espanja-lennot\/#Paaseeko_Barcelonaan_mukavasti_junalla\" >P\u00e4\u00e4seek\u00f6 Barcelonaan mukavasti junalla?<\/a><\/li><li class='ez-toc-page-1 ez-toc-heading-level-3'><a class=\"ez-toc-link ez-toc-heading-23\" href=\"https:\/\/loudavymkrokem.cz\/fi\/barcelona-espanja-lennot\/#Mihin_kannattaa_varoa_halpalentoyhtioilla_kuten_Ryanair\" >Mihin kannattaa varoa halpalentoyhti\u00f6ill\u00e4 kuten Ryanair?<\/a><\/li><li class='ez-toc-page-1 ez-toc-heading-level-3'><a class=\"ez-toc-link ez-toc-heading-24\" href=\"https:\/\/loudavymkrokem.cz\/fi\/barcelona-espanja-lennot\/#Kannattaako_lentaa_kauempana_sijaitseville_lentoasemille_Girona_tai_Reus\" >Kannattaako lent\u00e4\u00e4 kauempana sijaitseville lentoasemille Girona tai Reus?<\/a><\/li><\/ul><\/li><\/ul><\/nav><\/div>\n<h3 class=\"wp-block-heading\"><span class=\"ez-toc-section\" id=\"Yhteenveto_niille_joilla_ei_ole_aikaa_lukea_koko_artikkelia\"><\/span>Yhteenveto niille, joilla ei ole aikaa lukea koko artikkelia<span class=\"ez-toc-section-end\"><\/span><\/h3>\n\n\n\n<ul class=\"wp-block-list\">\n\n<li>  <strong>Helsingist\u00e4 Barcelonaan p\u00e4\u00e4see suoralennoilla<\/strong> ja kes\u00e4kaudella 2026 voit valita keskim\u00e4\u00e4rin useasta lennosta p\u00e4iv\u00e4ss\u00e4.<\/li>\n\n\n\n<li>  <strong>Itse lento kest\u00e4\u00e4 noin 3\u20134 tuntia<\/strong>, ja reitill\u00e4 lent\u00e4v\u00e4t muun muassa Finnair, Norwegian ja Ryanair.<\/li>\n\n\n\n<li>  <strong>Lentoliput alkavat suuntaa antavasti noin 55 eurosta<\/strong>, mutta kes\u00e4ll\u00e4 matkalaukun kanssa varaudu pikemminkin yli 100 euroon suuntaan.<\/li>\n\n\n\n<li>  <strong>El Pratin lentokent\u00e4lt\u00e4 keskustaan kulkee Aerob\u00fas hintaan 7,45 \u20ac<\/strong>, kun taas tavallinen T-casual-lippu ei kelpaa lentokentt\u00e4metroon.<\/li>\n\n\n\n<li>  <strong>Junamatka mannerta pitkin on eritt\u00e4in j\u00e4rkev\u00e4<\/strong>, jos et voi lent\u00e4\u00e4 terveydellisist\u00e4 syist\u00e4 tai odotat perheenlis\u00e4yst\u00e4.<\/li>\n\n\n\n<li>  <strong>Barcelonan keskustaan ei kannata ajaa autolla<\/strong>, sill\u00e4 kaupunkia vartioi tiukka v\u00e4h\u00e4p\u00e4\u00e4st\u00f6vy\u00f6hyke ZBE, jossa uhkana on 200 euron (n. 5 000 K\u010d) sakko.<\/li>\n\n\n\n<li>  <strong>V\u00e4lt\u00e4 Gironan ja Reusin lentokentti\u00e4<\/strong>, joilta on edess\u00e4 pitk\u00e4 ja kallis bussimatka, ellet suuntaa suoraan ymp\u00e4r\u00f6iv\u00e4lle rannikolle.<\/li>\n\n\n<\/ul>\n\n\n\n<figure data-wp-context=\"{&quot;imageId&quot;:&quot;6a9511948a77f&quot;}\" data-wp-interactive=\"core\/image\" data-wp-key=\"6a9511948a77f\" class=\"wp-block-image size-full wp-lightbox-container\"><img decoding=\"async\" width=\"1034\" height=\"2560\" data-wp-class--hide=\"state.isContentHidden\" data-wp-class--show=\"state.isContentVisible\" data-wp-init=\"callbacks.setButtonStyles\" data-wp-on--click=\"actions.showLightbox\" data-wp-on--load=\"callbacks.setButtonStyles\" data-wp-on--pointerdown=\"actions.preloadImage\" data-wp-on--pointerenter=\"actions.preloadImageWithDelay\" data-wp-on--pointerleave=\"actions.cancelPreload\" data-wp-on-window--resize=\"callbacks.setButtonStyles\" src=\"https:\/\/loudavymkrokem.cz\/wp-content\/uploads\/2026\/08\/barcelona-kde-se-ubytovat-v-barcelone-a-kolik--scaled.jpg\" alt=\"Torre Gl\u00f2ries -torni Barcelonassa\" class=\"wp-image-376472\" title=\"\" srcset=\"https:\/\/loudavymkrokem.cz\/wp-content\/uploads\/2026\/08\/barcelona-kde-se-ubytovat-v-barcelone-a-kolik--scaled.jpg 1034w, https:\/\/loudavymkrokem.cz\/wp-content\/uploads\/2026\/08\/barcelona-kde-se-ubytovat-v-barcelone-a-kolik--121x300.jpg 121w, https:\/\/loudavymkrokem.cz\/wp-content\/uploads\/2026\/08\/barcelona-kde-se-ubytovat-v-barcelone-a-kolik--700x1733.jpg 700w, https:\/\/loudavymkrokem.cz\/wp-content\/uploads\/2026\/08\/barcelona-kde-se-ubytovat-v-barcelone-a-kolik--768x1902.jpg 768w, https:\/\/loudavymkrokem.cz\/wp-content\/uploads\/2026\/08\/barcelona-kde-se-ubytovat-v-barcelone-a-kolik--620x1536.jpg 620w, https:\/\/loudavymkrokem.cz\/wp-content\/uploads\/2026\/08\/barcelona-kde-se-ubytovat-v-barcelone-a-kolik--827x2048.jpg 827w, https:\/\/loudavymkrokem.cz\/wp-content\/uploads\/2026\/08\/barcelona-kde-se-ubytovat-v-barcelone-a-kolik--696x1723.jpg 696w, https:\/\/loudavymkrokem.cz\/wp-content\/uploads\/2026\/08\/barcelona-kde-se-ubytovat-v-barcelone-a-kolik--1392x3447.jpg 1392w\" sizes=\"(max-width: 1034px) 100vw, 1034px\" \/><button\n\t\t\tclass=\"lightbox-trigger\"\n\t\t\ttype=\"button\"\n\t\t\taria-haspopup=\"dialog\"\n\t\t\tdata-wp-bind--aria-label=\"state.thisImage.triggerButtonAriaLabel\"\n\t\t\tdata-wp-init=\"callbacks.initTriggerButton\"\n\t\t\tdata-wp-on--click=\"actions.showLightbox\"\n\t\t\tdata-wp-style--right=\"state.thisImage.buttonRight\"\n\t\t\tdata-wp-style--top=\"state.thisImage.buttonTop\"\n\t\t>\n\t\t\t<svg xmlns=\"http:\/\/www.w3.org\/2000\/svg\" width=\"12\" height=\"12\" fill=\"none\" viewBox=\"0 0 12 12\">\n\t\t\t\t<path fill=\"#fff\" d=\"M2 0a2 2 0 0 0-2 2v2h1.5V2a.5.5 0 0 1 .5-.5h2V0H2Zm2 10.5H2a.5.5 0 0 1-.5-.5V8H0v2a2 2 0 0 0 2 2h2v-1.5ZM8 12v-1.5h2a.5.5 0 0 0 .5-.5V8H12v2a2 2 0 0 1-2 2H8Zm2-12a2 2 0 0 1 2 2v2h-1.5V2a.5.5 0 0 0-.5-.5H8V0h2Z\" \/>\n\t\t\t<\/svg>\n\t\t<\/button><figcaption class=\"wp-element-caption\">Kuva: Diliff \/ Wikimedia Commons, CC BY 2.5<\/figcaption><\/figure>\n\n\n\n<h2 class=\"wp-block-heading\"><span class=\"ez-toc-section\" id=\"Missa_majoittua_Barcelonassa_ja_paljonko_turistivero_maksaa\"><\/span>Miss\u00e4 majoittua Barcelonassa ja paljonko turistivero maksaa<span class=\"ez-toc-section-end\"><\/span><\/h2>\n\n\n\n<p class=\"wp-block-paragraph\"><em>\ud83d\udca1 <strong>Vinkki majoitukseen ja el\u00e4myksiin<\/strong>: Majoituksen etsimme mieluiten sivustolta <a class=\"thirstylink\" rel=\"nofollow\" target=\"_blank\" title=\"Booking.com\" href=\"https:\/\/loudavymkrokem.cz\/doporucujeme\/booking-com\/\" data-shortcode=\"true\">Booking.com<\/a>, jossa on yleens\u00e4 <strong>parhaat peruutusehdot<\/strong>. Liput, retket ja aktiviteetit kannattaa taas vertailla ja ostaa palvelusta <a class=\"thirstylink\" rel=\"nofollow\" target=\"_blank\" title=\"GetYourGuide\" href=\"https:\/\/loudavymkrokem.cz\/doporucujeme\/getyourguide\/\" data-shortcode=\"true\">GetYourGuide<\/a>.<\/em><\/p>\n\n\n\n<p class=\"wp-block-paragraph\">Majoituksen valinta Katalonian p\u00e4\u00e4kaupungissa on viime aikoina ollut melkoinen p\u00e4hkin\u00e4, sill\u00e4 kaupunki aikoo vuoteen 2028 menness\u00e4 <strong>lakkauttaa kokonaan kaikki turistiasuntojen luvat<\/strong>. Perinteisten hotellien hinnat kohoavat siksi loogisesti ja edullisen majoituksen tarjonta hupenee ik\u00e4v\u00e4sti. Lis\u00e4ksi budjettiin t\u00e4ytyy laskea uusi turistivero, joka on voimassa huhtikuusta 2026 ja osaa nostaa oleskelun hintaa melko lailla. Viiden t\u00e4hden luksuksessa maksat 12 \u20ac (n. 300 K\u010d) henkil\u00f6lt\u00e4 ja y\u00f6lt\u00e4, tavallisessa nelj\u00e4n t\u00e4hden hotellissa se on 8,40 \u20ac ja <strong>suosituissa turistiasunnoissa sinulta veloitetaan 9,50 \u20ac y\u00f6lt\u00e4<\/strong>. Sit\u00e4 maksetaan enint\u00e4\u00e4n seitsem\u00e4lt\u00e4 ensimm\u00e4iselt\u00e4 y\u00f6lt\u00e4, mutta silti pidemm\u00e4ll\u00e4 lomalla se kertyy melkoiseksi summaksi.<\/p>\n\n\n\n<p class=\"wp-block-paragraph\">Me panostimme vierailullamme <strong>Hotel Gaud\u00edhin<\/strong>, joka sijaitsee vain muutaman askeleen p\u00e4\u00e4ss\u00e4 kuuluisasta Palau G\u00fcellist\u00e4 ja l\u00e4hell\u00e4 vilkasta La Rambla -katua. Se oli t\u00e4ysin strateginen valinta kaupungin tutkimiseen jalan, ja lis\u00e4ksi katolla on upea uima-altaallinen terassi, josta avautuu kaunis n\u00e4kym\u00e4 Gaud\u00edn palatsin savupiippuihin.<\/p>\n\n\n\n<p class=\"wp-block-paragraph\">Jos etsit jotain visuaalisesti h\u00e4mm\u00e4stytt\u00e4v\u00e4\u00e4, tutustu ehdottomasti <strong>Hotel Ayre Rossell\u00f3niin<\/strong>, joka ylpeilee aivan henke\u00e4salpaavalla n\u00e4kym\u00e4ll\u00e4 suoraan rakenteilla olevaan Sagrada Fam\u00edliaan kattobaaristaan. Pienemm\u00e4ll\u00e4 budjetilla matkustavalle sopii erinomaisesti <strong>Motel One Barcelona-Ciutadella<\/strong>, jossa saat kauniin modernin huoneen aivan valtavan puiston vieress\u00e4 ja k\u00e4velymatkan p\u00e4\u00e4ss\u00e4 rannasta. Jos haluat kokea t\u00e4ydellisen luksuksen ja her\u00e4t\u00e4 aaltojen kohinaan, katso ikoninen <strong>W Barcelona<\/strong>, joka on se kuuluisa purjeen muotoinen rakennus, joka hallitsee koko rannikkoa. Reppureissaajille ja yksin matkustaville taas toimii arvostelujen mukaan loistavasti <strong>Hostel One Paralelo<\/strong>, jossa vallitsee ihana yst\u00e4v\u00e4llinen tunnelma ja j\u00e4rjestet\u00e4\u00e4n yhteisiltoja.<\/p>\n\n\n\n<figure data-wp-context=\"{&quot;imageId&quot;:&quot;6a9511948ac89&quot;}\" data-wp-interactive=\"core\/image\" data-wp-key=\"6a9511948ac89\" class=\"wp-block-image size-full wp-lightbox-container\"><img decoding=\"async\" width=\"1600\" height=\"1067\" data-wp-class--hide=\"state.isContentHidden\" data-wp-class--show=\"state.isContentVisible\" data-wp-init=\"callbacks.setButtonStyles\" data-wp-on--click=\"actions.showLightbox\" data-wp-on--load=\"callbacks.setButtonStyles\" data-wp-on--pointerdown=\"actions.preloadImage\" data-wp-on--pointerenter=\"actions.preloadImageWithDelay\" data-wp-on--pointerleave=\"actions.cancelPreload\" data-wp-on-window--resize=\"callbacks.setButtonStyles\" src=\"https:\/\/loudavymkrokem.cz\/wp-content\/uploads\/2026\/08\/barcelona-uber-a-bolt-tady-radeji-ani-nezapine-px.jpg\" alt=\"Keltamusta barcelonalainen taksi\" class=\"wp-image-376459\" title=\"\" srcset=\"https:\/\/loudavymkrokem.cz\/wp-content\/uploads\/2026\/08\/barcelona-uber-a-bolt-tady-radeji-ani-nezapine-px.jpg 1600w, https:\/\/loudavymkrokem.cz\/wp-content\/uploads\/2026\/08\/barcelona-uber-a-bolt-tady-radeji-ani-nezapine-px-300x200.jpg 300w, https:\/\/loudavymkrokem.cz\/wp-content\/uploads\/2026\/08\/barcelona-uber-a-bolt-tady-radeji-ani-nezapine-px-700x467.jpg 700w, https:\/\/loudavymkrokem.cz\/wp-content\/uploads\/2026\/08\/barcelona-uber-a-bolt-tady-radeji-ani-nezapine-px-768x512.jpg 768w, https:\/\/loudavymkrokem.cz\/wp-content\/uploads\/2026\/08\/barcelona-uber-a-bolt-tady-radeji-ani-nezapine-px-1536x1024.jpg 1536w, https:\/\/loudavymkrokem.cz\/wp-content\/uploads\/2026\/08\/barcelona-uber-a-bolt-tady-radeji-ani-nezapine-px-696x464.jpg 696w, https:\/\/loudavymkrokem.cz\/wp-content\/uploads\/2026\/08\/barcelona-uber-a-bolt-tady-radeji-ani-nezapine-px-1392x928.jpg 1392w\" sizes=\"(max-width: 1600px) 100vw, 1600px\" \/><button\n\t\t\tclass=\"lightbox-trigger\"\n\t\t\ttype=\"button\"\n\t\t\taria-haspopup=\"dialog\"\n\t\t\tdata-wp-bind--aria-label=\"state.thisImage.triggerButtonAriaLabel\"\n\t\t\tdata-wp-init=\"callbacks.initTriggerButton\"\n\t\t\tdata-wp-on--click=\"actions.showLightbox\"\n\t\t\tdata-wp-style--right=\"state.thisImage.buttonRight\"\n\t\t\tdata-wp-style--top=\"state.thisImage.buttonTop\"\n\t\t>\n\t\t\t<svg xmlns=\"http:\/\/www.w3.org\/2000\/svg\" width=\"12\" height=\"12\" fill=\"none\" viewBox=\"0 0 12 12\">\n\t\t\t\t<path fill=\"#fff\" d=\"M2 0a2 2 0 0 0-2 2v2h1.5V2a.5.5 0 0 1 .5-.5h2V0H2Zm2 10.5H2a.5.5 0 0 1-.5-.5V8H0v2a2 2 0 0 0 2 2h2v-1.5ZM8 12v-1.5h2a.5.5 0 0 0 .5-.5V8H12v2a2 2 0 0 1-2 2H8Zm2-12a2 2 0 0 1 2 2v2h-1.5V2a.5.5 0 0 0-.5-.5H8V0h2Z\" \/>\n\t\t\t<\/svg>\n\t\t<\/button><\/figure>\n\n\n\n<h2 class=\"wp-block-heading\"><span class=\"ez-toc-section\" id=\"11_asiaa_jotka_sinun_on_tiedettava_matkasta_Barcelonaan\"><\/span>11 asiaa, jotka sinun on tiedett\u00e4v\u00e4 matkasta Barcelonaan<span class=\"ez-toc-section-end\"><\/span><\/h2>\n\n\n\n<figure data-wp-context=\"{&quot;imageId&quot;:&quot;6a9511948b091&quot;}\" data-wp-interactive=\"core\/image\" data-wp-key=\"6a9511948b091\" class=\"wp-block-image size-full wp-lightbox-container\"><img decoding=\"async\" width=\"1920\" height=\"1252\" data-wp-class--hide=\"state.isContentHidden\" data-wp-class--show=\"state.isContentVisible\" data-wp-init=\"callbacks.setButtonStyles\" data-wp-on--click=\"actions.showLightbox\" data-wp-on--load=\"callbacks.setButtonStyles\" data-wp-on--pointerdown=\"actions.preloadImage\" data-wp-on--pointerenter=\"actions.preloadImageWithDelay\" data-wp-on--pointerleave=\"actions.cancelPreload\" data-wp-on-window--resize=\"callbacks.setButtonStyles\" src=\"https:\/\/loudavymkrokem.cz\/wp-content\/uploads\/2026\/08\/barcelona-aerobus-je-sice-drazsi-ale-usetri-ne.jpg\" alt=\"Aerob\u00fas-bussit pys\u00e4kill\u00e4 Barcelonassa\" class=\"wp-image-376457\" title=\"\" srcset=\"https:\/\/loudavymkrokem.cz\/wp-content\/uploads\/2026\/08\/barcelona-aerobus-je-sice-drazsi-ale-usetri-ne.jpg 1920w, https:\/\/loudavymkrokem.cz\/wp-content\/uploads\/2026\/08\/barcelona-aerobus-je-sice-drazsi-ale-usetri-ne-300x196.jpg 300w, https:\/\/loudavymkrokem.cz\/wp-content\/uploads\/2026\/08\/barcelona-aerobus-je-sice-drazsi-ale-usetri-ne-700x456.jpg 700w, https:\/\/loudavymkrokem.cz\/wp-content\/uploads\/2026\/08\/barcelona-aerobus-je-sice-drazsi-ale-usetri-ne-768x501.jpg 768w, https:\/\/loudavymkrokem.cz\/wp-content\/uploads\/2026\/08\/barcelona-aerobus-je-sice-drazsi-ale-usetri-ne-1536x1002.jpg 1536w, https:\/\/loudavymkrokem.cz\/wp-content\/uploads\/2026\/08\/barcelona-aerobus-je-sice-drazsi-ale-usetri-ne-696x454.jpg 696w, https:\/\/loudavymkrokem.cz\/wp-content\/uploads\/2026\/08\/barcelona-aerobus-je-sice-drazsi-ale-usetri-ne-1392x908.jpg 1392w\" sizes=\"(max-width: 1920px) 100vw, 1920px\" \/><button\n\t\t\tclass=\"lightbox-trigger\"\n\t\t\ttype=\"button\"\n\t\t\taria-haspopup=\"dialog\"\n\t\t\tdata-wp-bind--aria-label=\"state.thisImage.triggerButtonAriaLabel\"\n\t\t\tdata-wp-init=\"callbacks.initTriggerButton\"\n\t\t\tdata-wp-on--click=\"actions.showLightbox\"\n\t\t\tdata-wp-style--right=\"state.thisImage.buttonRight\"\n\t\t\tdata-wp-style--top=\"state.thisImage.buttonTop\"\n\t\t>\n\t\t\t<svg xmlns=\"http:\/\/www.w3.org\/2000\/svg\" width=\"12\" height=\"12\" fill=\"none\" viewBox=\"0 0 12 12\">\n\t\t\t\t<path fill=\"#fff\" d=\"M2 0a2 2 0 0 0-2 2v2h1.5V2a.5.5 0 0 1 .5-.5h2V0H2Zm2 10.5H2a.5.5 0 0 1-.5-.5V8H0v2a2 2 0 0 0 2 2h2v-1.5ZM8 12v-1.5h2a.5.5 0 0 0 .5-.5V8H12v2a2 2 0 0 1-2 2H8Zm2-12a2 2 0 0 1 2 2v2h-1.5V2a.5.5 0 0 0-.5-.5H8V0h2Z\" \/>\n\t\t\t<\/svg>\n\t\t<\/button><\/figure>\n\n\n\n<h3 class=\"wp-block-heading\"><span class=\"ez-toc-section\" id=\"1_Suorat_lennot_Helsinki%E2%80%93Barcelona_ja_ketka_niita_lentavat\"><\/span>1. Suorat lennot Helsinki\u2013Barcelona ja ketk\u00e4 niit\u00e4 lent\u00e4v\u00e4t<span class=\"ez-toc-section-end\"><\/span><\/h3>\n\n\n\n<p class=\"wp-block-paragraph\">Suomesta Katalonian p\u00e4\u00e4kaupunkiin p\u00e4\u00e4seminen ei ole koskaan ollut helpompaa, sill\u00e4 lentoyhteydet t\u00e4ll\u00e4 reitill\u00e4 toimivat vuonna 2026 t\u00e4ydell\u00e4 teholla. Kes\u00e4kaudella Helsinki-Vantaan lentoasema yhdistyy Barcelonan El Pratin lentokentt\u00e4\u00e4n useilla suorilla lennoilla viikossa, joten sinulla on valittavana lentoja l\u00e4hes p\u00e4ivitt\u00e4in. Barcelona sijaitsee Espanjassa V\u00e4limeren rannalla, ja moderni matkustajakone kattaa matkan mukavasti noin 3\u20134 tunnissa.<\/p>\n\n\n\n<p class=\"wp-block-paragraph\">Reitin markkinoista kilpailee t\u00e4ll\u00e4 hetkell\u00e4 useampi toimija, jotka taistelevat kesken\u00e4\u00e4n tiukasti jokaisesta matkustajasta. Suomalaisille tutuimpia ovat <strong>Finnair, Norwegian ja edullinen Ryanair<\/strong>. Aamun ensimm\u00e4iset koneet nousevat ilmaan jo aamup\u00e4iv\u00e4ll\u00e4, mik\u00e4 on aivan ihanteellista matkustajille, jotka haluavat ehti\u00e4 iltap\u00e4iv\u00e4kahville suoraan rannalle. Jos taas suosit matkustamista vasta t\u00f6iden j\u00e4lkeen, my\u00f6h\u00e4isillan vuoroilla p\u00e4\u00e4set perille pikkutunneille.<\/p>\n\n\n\n<p class=\"wp-block-paragraph\">Kilpailu painaa onneksi hintoja alasp\u00e4in ja antaa sinulle valtavasti vapautta suunnittelussa, mutta samalla se vaatii suurta tarkkaavaisuutta lentoyhti\u00f6n valinnassa. Jokaisella lentoyhti\u00f6ll\u00e4 on nimitt\u00e4in <strong>t\u00e4ysin erilaiset matkatavaras\u00e4\u00e4nn\u00f6t ja piilomaksut<\/strong>, jotka voivat nostaa lentolipun hintaa ik\u00e4v\u00e4sti.<\/p>\n\n\n\n<p class=\"wp-block-paragraph\">\ud83d\udca1 Vinkki: Vertaile aina huolellisesti, milt\u00e4 terminaalilta l\u00e4hdet, sill\u00e4 <strong>halpalentoyhti\u00f6t l\u00e4htev\u00e4t usein eri paikoista<\/strong> ja sekaannukset lentokent\u00e4ll\u00e4 voivat maksaa paljon hermoja ja rahaa takseissa.<\/p>\n\n\n\n<figure data-wp-context=\"{&quot;imageId&quot;:&quot;6a9511948b5f5&quot;}\" data-wp-interactive=\"core\/image\" data-wp-key=\"6a9511948b5f5\" class=\"wp-block-image size-full wp-lightbox-container\"><img decoding=\"async\" width=\"1600\" height=\"1067\" data-wp-class--hide=\"state.isContentHidden\" data-wp-class--show=\"state.isContentVisible\" data-wp-init=\"callbacks.setButtonStyles\" data-wp-on--click=\"actions.showLightbox\" data-wp-on--load=\"callbacks.setButtonStyles\" data-wp-on--pointerdown=\"actions.preloadImage\" data-wp-on--pointerenter=\"actions.preloadImageWithDelay\" data-wp-on--pointerleave=\"actions.cancelPreload\" data-wp-on-window--resize=\"callbacks.setButtonStyles\" src=\"https:\/\/loudavymkrokem.cz\/wp-content\/uploads\/2026\/08\/barcelona-vlak-r2-nord-je-nejlevnejsi-zachrana-px.jpg\" alt=\"Historiallinen rautatieasemarakennus Espanjassa\" class=\"wp-image-376455\" title=\"\" srcset=\"https:\/\/loudavymkrokem.cz\/wp-content\/uploads\/2026\/08\/barcelona-vlak-r2-nord-je-nejlevnejsi-zachrana-px.jpg 1600w, https:\/\/loudavymkrokem.cz\/wp-content\/uploads\/2026\/08\/barcelona-vlak-r2-nord-je-nejlevnejsi-zachrana-px-300x200.jpg 300w, https:\/\/loudavymkrokem.cz\/wp-content\/uploads\/2026\/08\/barcelona-vlak-r2-nord-je-nejlevnejsi-zachrana-px-700x467.jpg 700w, https:\/\/loudavymkrokem.cz\/wp-content\/uploads\/2026\/08\/barcelona-vlak-r2-nord-je-nejlevnejsi-zachrana-px-768x512.jpg 768w, https:\/\/loudavymkrokem.cz\/wp-content\/uploads\/2026\/08\/barcelona-vlak-r2-nord-je-nejlevnejsi-zachrana-px-1536x1024.jpg 1536w, https:\/\/loudavymkrokem.cz\/wp-content\/uploads\/2026\/08\/barcelona-vlak-r2-nord-je-nejlevnejsi-zachrana-px-696x464.jpg 696w, https:\/\/loudavymkrokem.cz\/wp-content\/uploads\/2026\/08\/barcelona-vlak-r2-nord-je-nejlevnejsi-zachrana-px-1392x928.jpg 1392w\" sizes=\"(max-width: 1600px) 100vw, 1600px\" \/><button\n\t\t\tclass=\"lightbox-trigger\"\n\t\t\ttype=\"button\"\n\t\t\taria-haspopup=\"dialog\"\n\t\t\tdata-wp-bind--aria-label=\"state.thisImage.triggerButtonAriaLabel\"\n\t\t\tdata-wp-init=\"callbacks.initTriggerButton\"\n\t\t\tdata-wp-on--click=\"actions.showLightbox\"\n\t\t\tdata-wp-style--right=\"state.thisImage.buttonRight\"\n\t\t\tdata-wp-style--top=\"state.thisImage.buttonTop\"\n\t\t>\n\t\t\t<svg xmlns=\"http:\/\/www.w3.org\/2000\/svg\" width=\"12\" height=\"12\" fill=\"none\" viewBox=\"0 0 12 12\">\n\t\t\t\t<path fill=\"#fff\" d=\"M2 0a2 2 0 0 0-2 2v2h1.5V2a.5.5 0 0 1 .5-.5h2V0H2Zm2 10.5H2a.5.5 0 0 1-.5-.5V8H0v2a2 2 0 0 0 2 2h2v-1.5ZM8 12v-1.5h2a.5.5 0 0 0 .5-.5V8H12v2a2 2 0 0 1-2 2H8Zm2-12a2 2 0 0 1 2 2v2h-1.5V2a.5.5 0 0 0-.5-.5H8V0h2Z\" \/>\n\t\t\t<\/svg>\n\t\t<\/button><\/figure>\n\n\n\n<h3 class=\"wp-block-heading\"><span class=\"ez-toc-section\" id=\"2_Suuntaa_antavat_lentolippujen_hinnat_ja_milloin_ne_kannattaa_ostaa\"><\/span>2. Suuntaa antavat lentolippujen hinnat ja milloin ne kannattaa ostaa<span class=\"ez-toc-section-end\"><\/span><\/h3>\n\n\n\n<p class=\"wp-block-paragraph\">Kun alat etsi\u00e4 lentolippuja Barcelonaan, hakukoneet todenn\u00e4k\u00f6isesti syyt\u00e4v\u00e4t eteesi uskomattoman houkuttelevia lukuja, joiden kanssa on syyt\u00e4 olla hyvin varovainen. Tunnettu vertailusivusto Kayak osaa toissijaisten l\u00e4hteiden mukaan n\u00e4ytt\u00e4\u00e4 <strong>halvimpia lentoja jo noin 55 eurosta<\/strong>, kun taas moni yhti\u00f6 mainostaa s\u00e4\u00e4nn\u00f6llist\u00e4 reitti\u00e4 noin 100 euron hinnalla. Kuulostaa halvan loman t\u00e4yttyneelt\u00e4 unelmalta, mutta kes\u00e4kauden todellisuus on valitettavasti aivan toisaalla.<\/p>\n\n\n\n<p class=\"wp-block-paragraph\">\u00c4l\u00e4 anna markkinointilehtisten huijata itse\u00e4si, sill\u00e4 n\u00e4m\u00e4 maagiset summat p\u00e4tev\u00e4t yleens\u00e4 vain kaikkein v\u00e4hiten houkutteleviin ajankohtiin keskell\u00e4 koleaa marraskuuta. Portaali Omio ilmoittaa <strong>keskim\u00e4\u00e4r\u00e4iseksi lentolipun hinnaksi noin 95 \u20ac<\/strong>, ja t\u00e4ss\u00e4 puhutaan yh\u00e4 vain yhdest\u00e4 suunnasta t\u00e4ysin ilman mink\u00e4\u00e4nlaisia matkatavaroita. Heti kun lis\u00e4\u00e4t hein\u00e4- tai elokuussa tavallisen k\u00e4simatkalaukun ja haluat istua kumppanisi vieress\u00e4, varaudu pikemminkin yli 140 euron summaan yht\u00e4 matkaa kohden.<\/p>\n\n\n\n<p class=\"wp-block-paragraph\">Pahin virhe on ostaa lentoliput viime tipassa, jolloin halpalentoyhti\u00f6iden hinnat kohoavat helposti kolminkertaisiksi tavalliseen arvoonsa n\u00e4hden. <strong>Ihanteellinen ostoajankohta on noin kaksi tai kolme kuukautta ennen l\u00e4ht\u00f6\u00e4<\/strong>, kun lentoyhti\u00f6ill\u00e4 ei viel\u00e4 ole kapasiteetti t\u00e4ynn\u00e4 ja ne tarjoavat j\u00e4rkevi\u00e4 hintoja tavallisille kuolevaisille.<\/p>\n\n\n\n<p class=\"wp-block-paragraph\">\ud83d\udca1 Vinkki: Jos olet joustava loman ajankohdan suhteen, kokeile lent\u00e4\u00e4 keskell\u00e4 viikkoa perjantai-illan sijaan, sill\u00e4 <strong>tiistain ja keskiviikon lennot ovat tilastollisesti halvimpia<\/strong> koko viikosta ja s\u00e4\u00e4st\u00e4t my\u00f6s majoituksessa.<\/p>\n\n\n\n<figure data-wp-context=\"{&quot;imageId&quot;:&quot;6a9511948be2e&quot;}\" data-wp-interactive=\"core\/image\" data-wp-key=\"6a9511948be2e\" class=\"wp-block-image size-full wp-lightbox-container\"><img decoding=\"async\" width=\"1600\" height=\"900\" data-wp-class--hide=\"state.isContentHidden\" data-wp-class--show=\"state.isContentVisible\" data-wp-init=\"callbacks.setButtonStyles\" data-wp-on--click=\"actions.showLightbox\" data-wp-on--load=\"callbacks.setButtonStyles\" data-wp-on--pointerdown=\"actions.preloadImage\" data-wp-on--pointerenter=\"actions.preloadImageWithDelay\" data-wp-on--pointerleave=\"actions.cancelPreload\" data-wp-on-window--resize=\"callbacks.setButtonStyles\" src=\"https:\/\/loudavymkrokem.cz\/wp-content\/uploads\/2026\/08\/barcelona-ryanair-a-nizkonakladove-pasti-se-za-px.jpg\" alt=\"Ryanairin lentokone nousussa\" class=\"wp-image-376473\" title=\"\" srcset=\"https:\/\/loudavymkrokem.cz\/wp-content\/uploads\/2026\/08\/barcelona-ryanair-a-nizkonakladove-pasti-se-za-px.jpg 1600w, https:\/\/loudavymkrokem.cz\/wp-content\/uploads\/2026\/08\/barcelona-ryanair-a-nizkonakladove-pasti-se-za-px-300x169.jpg 300w, https:\/\/loudavymkrokem.cz\/wp-content\/uploads\/2026\/08\/barcelona-ryanair-a-nizkonakladove-pasti-se-za-px-700x394.jpg 700w, https:\/\/loudavymkrokem.cz\/wp-content\/uploads\/2026\/08\/barcelona-ryanair-a-nizkonakladove-pasti-se-za-px-768x432.jpg 768w, https:\/\/loudavymkrokem.cz\/wp-content\/uploads\/2026\/08\/barcelona-ryanair-a-nizkonakladove-pasti-se-za-px-1536x864.jpg 1536w, https:\/\/loudavymkrokem.cz\/wp-content\/uploads\/2026\/08\/barcelona-ryanair-a-nizkonakladove-pasti-se-za-px-696x392.jpg 696w, https:\/\/loudavymkrokem.cz\/wp-content\/uploads\/2026\/08\/barcelona-ryanair-a-nizkonakladove-pasti-se-za-px-1392x783.jpg 1392w\" sizes=\"(max-width: 1600px) 100vw, 1600px\" \/><button\n\t\t\tclass=\"lightbox-trigger\"\n\t\t\ttype=\"button\"\n\t\t\taria-haspopup=\"dialog\"\n\t\t\tdata-wp-bind--aria-label=\"state.thisImage.triggerButtonAriaLabel\"\n\t\t\tdata-wp-init=\"callbacks.initTriggerButton\"\n\t\t\tdata-wp-on--click=\"actions.showLightbox\"\n\t\t\tdata-wp-style--right=\"state.thisImage.buttonRight\"\n\t\t\tdata-wp-style--top=\"state.thisImage.buttonTop\"\n\t\t>\n\t\t\t<svg xmlns=\"http:\/\/www.w3.org\/2000\/svg\" width=\"12\" height=\"12\" fill=\"none\" viewBox=\"0 0 12 12\">\n\t\t\t\t<path fill=\"#fff\" d=\"M2 0a2 2 0 0 0-2 2v2h1.5V2a.5.5 0 0 1 .5-.5h2V0H2Zm2 10.5H2a.5.5 0 0 1-.5-.5V8H0v2a2 2 0 0 0 2 2h2v-1.5ZM8 12v-1.5h2a.5.5 0 0 0 .5-.5V8H12v2a2 2 0 0 1-2 2H8Zm2-12a2 2 0 0 1 2 2v2h-1.5V2a.5.5 0 0 0-.5-.5H8V0h2Z\" \/>\n\t\t\t<\/svg>\n\t\t<\/button><figcaption class=\"wp-element-caption\">Kuva: Grzegorz Lewandowski \/ Pexels<\/figcaption><\/figure>\n\n\n\n<h3 class=\"wp-block-heading\"><span class=\"ez-toc-section\" id=\"3_Ryanair_ja_halpalentojen_matkatavara-ansat\"><\/span>3. Ryanair ja halpalentojen matkatavara-ansat<span class=\"ez-toc-section-end\"><\/span><\/h3>\n\n\n\n<p class=\"wp-block-paragraph\">Ostat lentolipun viidell\u00e4kympill\u00e4 ja sinulla on mahtava tunne, ett\u00e4 olet vihdoin voittanut koko lentoliikennej\u00e4rjestelm\u00e4n. Sitten kuitenkin saavut portille ja irlantilainen lentoyhti\u00f6 kirjoittaa sinulle laskun, josta kansankielell\u00e4 sanottuna silm\u00e4t py\u00f6r\u00e4ht\u00e4v\u00e4t p\u00e4\u00e4ss\u00e4. Erityisesti Ryanairilla <strong>matkatavarapolitiikka on kovaa peli\u00e4<\/strong>, joka on tarkoituksellisesti kohdistettu tarkkaamattomien matkustajien pienimpiinkin virheisiin.<\/p>\n\n\n\n<p class=\"wp-block-paragraph\">Lentolipun perushintaan kuuluu nimitt\u00e4in vain pieni henkil\u00f6kohtainen laukku, jonka <strong>mitat on tiukasti rajattu kokoon 40 \u00d7 20 \u00d7 25 senttimetri\u00e4<\/strong>. T\u00e4m\u00e4n pienen repun on ehdottomasti mahduttava edess\u00e4si olevan istuimen alle, ja lentokent\u00e4n henkil\u00f6kunta mittaa sit\u00e4 portilla usein t\u00e4ysin armottomasti. Jos haluat ottaa mukaan tavallisen kymmenkiloisen k\u00e4simatkalaukun, jonka mitat ovat 55 \u00d7 40 \u00d7 20 senttimetri\u00e4, sinun on maksettava jo lippua ostaessasi lis\u00e4maksu Priority-palvelusta.<\/p>\n\n\n\n<p class=\"wp-block-paragraph\">T\u00e4h\u00e4n yleens\u00e4 napsahtaa ansa kaikille, jotka eiv\u00e4t lue s\u00e4\u00e4nt\u00f6j\u00e4 loppuun asti. Jos et osta Priority\u00e4 ajoissa ja saavut suuremman laukun kanssa vasta portille, <strong>maksat paikan p\u00e4\u00e4ll\u00e4 kovan 35 euron (n. 875 K\u010d) sakon<\/strong> sopimattomasta matkatavarasta. Jos laukkusi on viel\u00e4 sallittuja mittoja suurempi, t\u00e4m\u00e4 sakko nousee heti uskomattomaan 69,99 euroon (n. 1 750 K\u010d).<\/p>\n\n\n\n<p class=\"wp-block-paragraph\">\ud83d\udca1 Vinkki: Mittaa reppusi aina jo kotona mittanauhalla \u00e4l\u00e4k\u00e4 luota siihen, ett\u00e4 <strong>saat sen porttilla salakuljetettua jotenkin huomaamattomasti l\u00e4pi<\/strong>, sill\u00e4 pistokoemittaukset ovat Espanjaan suuntautuvilla lennoilla poikkeuksellisen yleisi\u00e4.<\/p>\n\n\n\n<figure data-wp-context=\"{&quot;imageId&quot;:&quot;6a9511948c787&quot;}\" data-wp-interactive=\"core\/image\" data-wp-key=\"6a9511948c787\" class=\"wp-block-image size-full wp-lightbox-container\"><img decoding=\"async\" width=\"1600\" height=\"1067\" data-wp-class--hide=\"state.isContentHidden\" data-wp-class--show=\"state.isContentVisible\" data-wp-init=\"callbacks.setButtonStyles\" data-wp-on--click=\"actions.showLightbox\" data-wp-on--load=\"callbacks.setButtonStyles\" data-wp-on--pointerdown=\"actions.preloadImage\" data-wp-on--pointerenter=\"actions.preloadImageWithDelay\" data-wp-on--pointerleave=\"actions.cancelPreload\" data-wp-on-window--resize=\"callbacks.setButtonStyles\" src=\"https:\/\/loudavymkrokem.cz\/wp-content\/uploads\/2026\/08\/barcelona-vueling-a-jejich-odstupnovana-kila-px.jpg\" alt=\"Lentokoneita Barcelona El Pratin asematasolla\" class=\"wp-image-376474\" title=\"\" srcset=\"https:\/\/loudavymkrokem.cz\/wp-content\/uploads\/2026\/08\/barcelona-vueling-a-jejich-odstupnovana-kila-px.jpg 1600w, https:\/\/loudavymkrokem.cz\/wp-content\/uploads\/2026\/08\/barcelona-vueling-a-jejich-odstupnovana-kila-px-300x200.jpg 300w, https:\/\/loudavymkrokem.cz\/wp-content\/uploads\/2026\/08\/barcelona-vueling-a-jejich-odstupnovana-kila-px-700x467.jpg 700w, https:\/\/loudavymkrokem.cz\/wp-content\/uploads\/2026\/08\/barcelona-vueling-a-jejich-odstupnovana-kila-px-768x512.jpg 768w, https:\/\/loudavymkrokem.cz\/wp-content\/uploads\/2026\/08\/barcelona-vueling-a-jejich-odstupnovana-kila-px-1536x1024.jpg 1536w, https:\/\/loudavymkrokem.cz\/wp-content\/uploads\/2026\/08\/barcelona-vueling-a-jejich-odstupnovana-kila-px-696x464.jpg 696w, https:\/\/loudavymkrokem.cz\/wp-content\/uploads\/2026\/08\/barcelona-vueling-a-jejich-odstupnovana-kila-px-1392x928.jpg 1392w\" sizes=\"(max-width: 1600px) 100vw, 1600px\" \/><button\n\t\t\tclass=\"lightbox-trigger\"\n\t\t\ttype=\"button\"\n\t\t\taria-haspopup=\"dialog\"\n\t\t\tdata-wp-bind--aria-label=\"state.thisImage.triggerButtonAriaLabel\"\n\t\t\tdata-wp-init=\"callbacks.initTriggerButton\"\n\t\t\tdata-wp-on--click=\"actions.showLightbox\"\n\t\t\tdata-wp-style--right=\"state.thisImage.buttonRight\"\n\t\t\tdata-wp-style--top=\"state.thisImage.buttonTop\"\n\t\t>\n\t\t\t<svg xmlns=\"http:\/\/www.w3.org\/2000\/svg\" width=\"12\" height=\"12\" fill=\"none\" viewBox=\"0 0 12 12\">\n\t\t\t\t<path fill=\"#fff\" d=\"M2 0a2 2 0 0 0-2 2v2h1.5V2a.5.5 0 0 1 .5-.5h2V0H2Zm2 10.5H2a.5.5 0 0 1-.5-.5V8H0v2a2 2 0 0 0 2 2h2v-1.5ZM8 12v-1.5h2a.5.5 0 0 0 .5-.5V8H12v2a2 2 0 0 1-2 2H8Zm2-12a2 2 0 0 1 2 2v2h-1.5V2a.5.5 0 0 0-.5-.5H8V0h2Z\" \/>\n\t\t\t<\/svg>\n\t\t<\/button><figcaption class=\"wp-element-caption\">Kuva: Noland Live \/ Pexels<\/figcaption><\/figure>\n\n\n\n<h3 class=\"wp-block-heading\"><span class=\"ez-toc-section\" id=\"4_Vueling_ja_niiden_porrastetut_kilot\"><\/span>4. Vueling ja niiden porrastetut kilot<span class=\"ez-toc-section-end\"><\/span><\/h3>\n\n\n\n<p class=\"wp-block-paragraph\">Espanjalainen halpalentoyhti\u00f6 Vueling, jonka suurin p\u00e4\u00e4tukikohta on suoraan Barcelonassa, pelaa matkustajien kanssa hieman toisenlaista ja ensi silm\u00e4yksell\u00e4 yst\u00e4v\u00e4llisemp\u00e4\u00e4 peli\u00e4. Se keskittyy nimitt\u00e4in <strong>hyvin yksityiskohtaiseen ruumaan menevien matkatavaroiden painon porrastukseen<\/strong>, mik\u00e4 antaa sinulle teoriassa loistavan mahdollisuuden maksaa juuri siit\u00e4, mit\u00e4 oikeasti tarvitset ja k\u00e4yt\u00e4t.<\/p>\n\n\n\n<p class=\"wp-block-paragraph\">Jos matkustat kevyesti etk\u00e4 tarvitse raahata turhuuksia, <strong>viidentoista kilon laukun saat ennakkomyynnist\u00e4 jo noin 8 eurosta<\/strong>. Suurempi kahdenkymmenen kilon laukku maksaa noin 10 \u20ac ja kahdenkymmenenviiden kilon laukusta maksat noin 15 \u20ac. Kuulostaa t\u00e4ysin reilulta ja l\u00e4pin\u00e4kyv\u00e4lt\u00e4 juuri siihen hetkeen asti, kunnes ylit\u00e4t lentokent\u00e4ll\u00e4 ostamasi rajan vaikka vain yhdell\u00e4 ylim\u00e4\u00e4r\u00e4isell\u00e4 kilolla.<\/p>\n\n\n\n<p class=\"wp-block-paragraph\">Heti kun vaaka l\u00e4ht\u00f6selvitystiskill\u00e4 n\u00e4ytt\u00e4\u00e4 enemm\u00e4n kuin olet virallisesti maksanut, lentokent\u00e4n henkil\u00f6kunnan hymyt katoavat nopeasti ja <strong>seuraa tuntuvia ylipainomaksuja jokaista kilogrammaa kohti<\/strong>. Siksi kannattaa ehdottomasti punnita t\u00e4ysi laukku jo kotona henkil\u00f6vaa&#8217;alla ja ostaa mieluummin heti viisi kiloa suurempi vara muutamalla eurolla lis\u00e4\u00e4.<\/p>\n\n\n\n<p class=\"wp-block-paragraph\">\ud83d\udca1 Vinkki: Vueling tarjoaa kalliimmissa hintaluokissa mahdollisuuden ilmaiseen lennon muutokseen, mik\u00e4 <strong>voi olla hy\u00f6dyllist\u00e4 kes\u00e4loman arvaamattomassa suunnittelussa<\/strong>, kun perhesuunnitelmat muuttuvat kirjaimellisesti p\u00e4iv\u00e4st\u00e4 toiseen.<\/p>\n\n\n\n<figure data-wp-context=\"{&quot;imageId&quot;:&quot;6a9511948cdba&quot;}\" data-wp-interactive=\"core\/image\" data-wp-key=\"6a9511948cdba\" class=\"wp-block-image size-full wp-lightbox-container\"><img decoding=\"async\" width=\"1600\" height=\"900\" data-wp-class--hide=\"state.isContentHidden\" data-wp-class--show=\"state.isContentVisible\" data-wp-init=\"callbacks.setButtonStyles\" data-wp-on--click=\"actions.showLightbox\" data-wp-on--load=\"callbacks.setButtonStyles\" data-wp-on--pointerdown=\"actions.preloadImage\" data-wp-on--pointerenter=\"actions.preloadImageWithDelay\" data-wp-on--pointerleave=\"actions.cancelPreload\" data-wp-on-window--resize=\"callbacks.setButtonStyles\" src=\"https:\/\/loudavymkrokem.cz\/wp-content\/uploads\/2026\/08\/barcelona-pozor-na-letni-skrty-u-smartwings-px.jpg\" alt=\"Lentokone lentokent\u00e4n asematasolla\" class=\"wp-image-376475\" title=\"\" srcset=\"https:\/\/loudavymkrokem.cz\/wp-content\/uploads\/2026\/08\/barcelona-pozor-na-letni-skrty-u-smartwings-px.jpg 1600w, https:\/\/loudavymkrokem.cz\/wp-content\/uploads\/2026\/08\/barcelona-pozor-na-letni-skrty-u-smartwings-px-300x169.jpg 300w, https:\/\/loudavymkrokem.cz\/wp-content\/uploads\/2026\/08\/barcelona-pozor-na-letni-skrty-u-smartwings-px-700x394.jpg 700w, https:\/\/loudavymkrokem.cz\/wp-content\/uploads\/2026\/08\/barcelona-pozor-na-letni-skrty-u-smartwings-px-768x432.jpg 768w, https:\/\/loudavymkrokem.cz\/wp-content\/uploads\/2026\/08\/barcelona-pozor-na-letni-skrty-u-smartwings-px-1536x864.jpg 1536w, https:\/\/loudavymkrokem.cz\/wp-content\/uploads\/2026\/08\/barcelona-pozor-na-letni-skrty-u-smartwings-px-696x392.jpg 696w, https:\/\/loudavymkrokem.cz\/wp-content\/uploads\/2026\/08\/barcelona-pozor-na-letni-skrty-u-smartwings-px-1392x783.jpg 1392w\" sizes=\"(max-width: 1600px) 100vw, 1600px\" \/><button\n\t\t\tclass=\"lightbox-trigger\"\n\t\t\ttype=\"button\"\n\t\t\taria-haspopup=\"dialog\"\n\t\t\tdata-wp-bind--aria-label=\"state.thisImage.triggerButtonAriaLabel\"\n\t\t\tdata-wp-init=\"callbacks.initTriggerButton\"\n\t\t\tdata-wp-on--click=\"actions.showLightbox\"\n\t\t\tdata-wp-style--right=\"state.thisImage.buttonRight\"\n\t\t\tdata-wp-style--top=\"state.thisImage.buttonTop\"\n\t\t>\n\t\t\t<svg xmlns=\"http:\/\/www.w3.org\/2000\/svg\" width=\"12\" height=\"12\" fill=\"none\" viewBox=\"0 0 12 12\">\n\t\t\t\t<path fill=\"#fff\" d=\"M2 0a2 2 0 0 0-2 2v2h1.5V2a.5.5 0 0 1 .5-.5h2V0H2Zm2 10.5H2a.5.5 0 0 1-.5-.5V8H0v2a2 2 0 0 0 2 2h2v-1.5ZM8 12v-1.5h2a.5.5 0 0 0 .5-.5V8H12v2a2 2 0 0 1-2 2H8Zm2-12a2 2 0 0 1 2 2v2h-1.5V2a.5.5 0 0 0-.5-.5H8V0h2Z\" \/>\n\t\t\t<\/svg>\n\t\t<\/button><figcaption class=\"wp-element-caption\">Kuva: Dan Wright \/ Pexels<\/figcaption><\/figure>\n\n\n\n<h3 class=\"wp-block-heading\"><span class=\"ez-toc-section\" id=\"5_Varo_kesan_aikataulusupistuksia\"><\/span>5. Varo kes\u00e4n aikataulusupistuksia<span class=\"ez-toc-section-end\"><\/span><\/h3>\n\n\n\n<p class=\"wp-block-paragraph\">Osa lentoyhti\u00f6ist\u00e4 on monelle matkustajalle t\u00e4yden varmuuden veto, mutta vuonna 2026 sinun on oltava lomaa varatessasi poikkeuksellisen tarkkana. Virallisten tietojen mukaan lentoyhti\u00f6t ovat nimitt\u00e4in kes\u00e4kaudella <strong>merkitt\u00e4v\u00e4sti karsineet vuorotiheytt\u00e4 useilla suosituilla reiteill\u00e4<\/strong> ja jopa lakkauttaneet kokonaan yhteyksi\u00e4 joihinkin kaupunkeihin.<\/p>\n\n\n\n<p class=\"wp-block-paragraph\">Vaikka Barcelona ei onneksi ole ollut virallisesti lakkautettujen yhteyksien joukossa ja lentoyhti\u00f6t lent\u00e4v\u00e4t sinne edelleen, se on selv\u00e4 merkki siit\u00e4, ett\u00e4 <strong>kes\u00e4n lentoaikataulut voivat muuttua hyvin dynaamisesti<\/strong> ajankohtaisen kysynn\u00e4n mukaan. Ei ole mit\u00e4\u00e4n pahempaa kuin varata kallis hotelli rannan l\u00e4hell\u00e4 ja saada muutama viikko ennen l\u00e4ht\u00f6\u00e4 tiet\u00e4\u00e4, ett\u00e4 tiistain lentosi on yht\u00e4kki\u00e4 siirretty torstaiaamuun.<\/p>\n\n\n\n<p class=\"wp-block-paragraph\">Tarkista siksi kaikki suuntaa antavat ajat ja tarkat l\u00e4ht\u00f6p\u00e4iv\u00e4t <strong>aina huolellisesti suoraan lentoyhti\u00f6n virallisilta verkkosivuilta<\/strong> juuri ennen lopullista lipun ostoa. \u00c4l\u00e4 koskaan luota pelk\u00e4st\u00e4\u00e4n suurten lentohakukoneiden vanhempiin tietoihin, joilla voi olla pient\u00e4 viivett\u00e4 j\u00e4rjestelmiens\u00e4 p\u00e4ivityksess\u00e4 ja jotka voivat tarjota lentoja, joita ei ole olemassa.<\/p>\n\n\n\n<p class=\"wp-block-paragraph\">\ud83d\udca1 Vinkki: Jos lentoyhti\u00f6 peruu lentosi alle nelj\u00e4toista p\u00e4iv\u00e4\u00e4 ennen l\u00e4ht\u00f6\u00e4, <strong>sinulla on eurooppalaisten s\u00e4\u00e4nt\u00f6jen mukaan oikeus anteliaaseen taloudelliseen korvaukseen<\/strong>, joten pid\u00e4 ehdottomasti oikeuksistasi huolta.<\/p>\n\n\n\n<figure data-wp-context=\"{&quot;imageId&quot;:&quot;6a9511948d300&quot;}\" data-wp-interactive=\"core\/image\" data-wp-key=\"6a9511948d300\" class=\"wp-block-image size-full wp-lightbox-container\"><img decoding=\"async\" width=\"2000\" height=\"1333\" data-wp-class--hide=\"state.isContentHidden\" data-wp-class--show=\"state.isContentVisible\" data-wp-init=\"callbacks.setButtonStyles\" data-wp-on--click=\"actions.showLightbox\" data-wp-on--load=\"callbacks.setButtonStyles\" data-wp-on--pointerdown=\"actions.preloadImage\" data-wp-on--pointerenter=\"actions.preloadImageWithDelay\" data-wp-on--pointerleave=\"actions.cancelPreload\" data-wp-on-window--resize=\"callbacks.setButtonStyles\" src=\"https:\/\/loudavymkrokem.cz\/wp-content\/uploads\/2026\/08\/barcelona-strecha-vyhled.jpg\" alt=\"N\u00e4kym\u00e4 Barcelonan vanhankaupungin kattojen yli kattoterassilta\" class=\"wp-image-376351\" title=\"\" srcset=\"https:\/\/loudavymkrokem.cz\/wp-content\/uploads\/2026\/08\/barcelona-strecha-vyhled.jpg 2000w, https:\/\/loudavymkrokem.cz\/wp-content\/uploads\/2026\/08\/barcelona-strecha-vyhled-300x200.jpg 300w, https:\/\/loudavymkrokem.cz\/wp-content\/uploads\/2026\/08\/barcelona-strecha-vyhled-700x467.jpg 700w, https:\/\/loudavymkrokem.cz\/wp-content\/uploads\/2026\/08\/barcelona-strecha-vyhled-768x512.jpg 768w, https:\/\/loudavymkrokem.cz\/wp-content\/uploads\/2026\/08\/barcelona-strecha-vyhled-1536x1024.jpg 1536w, https:\/\/loudavymkrokem.cz\/wp-content\/uploads\/2026\/08\/barcelona-strecha-vyhled-696x464.jpg 696w, https:\/\/loudavymkrokem.cz\/wp-content\/uploads\/2026\/08\/barcelona-strecha-vyhled-1392x928.jpg 1392w, https:\/\/loudavymkrokem.cz\/wp-content\/uploads\/2026\/08\/barcelona-strecha-vyhled-1920x1280.jpg 1920w\" sizes=\"(max-width: 2000px) 100vw, 2000px\" \/><button\n\t\t\tclass=\"lightbox-trigger\"\n\t\t\ttype=\"button\"\n\t\t\taria-haspopup=\"dialog\"\n\t\t\tdata-wp-bind--aria-label=\"state.thisImage.triggerButtonAriaLabel\"\n\t\t\tdata-wp-init=\"callbacks.initTriggerButton\"\n\t\t\tdata-wp-on--click=\"actions.showLightbox\"\n\t\t\tdata-wp-style--right=\"state.thisImage.buttonRight\"\n\t\t\tdata-wp-style--top=\"state.thisImage.buttonTop\"\n\t\t>\n\t\t\t<svg xmlns=\"http:\/\/www.w3.org\/2000\/svg\" width=\"12\" height=\"12\" fill=\"none\" viewBox=\"0 0 12 12\">\n\t\t\t\t<path fill=\"#fff\" d=\"M2 0a2 2 0 0 0-2 2v2h1.5V2a.5.5 0 0 1 .5-.5h2V0H2Zm2 10.5H2a.5.5 0 0 1-.5-.5V8H0v2a2 2 0 0 0 2 2h2v-1.5ZM8 12v-1.5h2a.5.5 0 0 0 .5-.5V8H12v2a2 2 0 0 1-2 2H8Zm2-12a2 2 0 0 1 2 2v2h-1.5V2a.5.5 0 0 0-.5-.5H8V0h2Z\" \/>\n\t\t\t<\/svg>\n\t\t<\/button><\/figure>\n\n\n\n<h3 class=\"wp-block-heading\"><span class=\"ez-toc-section\" id=\"6_Vaarat_lentokentat_Girona_ja_Reus\"><\/span>6. V\u00e4\u00e4r\u00e4t lentokent\u00e4t Girona ja Reus<span class=\"ez-toc-section-end\"><\/span><\/h3>\n\n\n\n<p class=\"wp-block-paragraph\">Pitki\u00e4 vuosia p\u00e4ti yksi hyvin petollinen s\u00e4\u00e4nt\u00f6, ett\u00e4 halvimmat lentoliput valtavalla \u201dBarcelona\u201d-tekstill\u00e4 eiv\u00e4t todellisuudessa vieneet sinua Barcelonaan lainkaan. Halpalentoyhti\u00f6t k\u00e4ytt\u00e4v\u00e4t nimitt\u00e4in hyvin mielell\u00e4\u00e4n <strong>Girona\u2013Costa Bravan lentokentt\u00e4\u00e4 pohjoisessa ja Reusin lentokentt\u00e4\u00e4 etel\u00e4ss\u00e4<\/strong>, ja molemmat sijaitsevat noin sadan kilometrin p\u00e4\u00e4ss\u00e4 itse Katalonian p\u00e4\u00e4kaupungista ja vaativat lis\u00e4kuljetusta.<\/p>\n\n\n\n<p class=\"wp-block-paragraph\">Olennainen varoitus vuodelle 2026 on se, ett\u00e4 <strong>suoria lentoja Helsingist\u00e4 Gironaan tai Reusiin ei kes\u00e4aikatauluissa esiinny lainkaan<\/strong>. Hakukoneet kuten Kiwi voivat kyll\u00e4 n\u00e4ytt\u00e4\u00e4 yhteyksi\u00e4 hinnoilla 90\u2013135 dollaria, mutta klikattuasi auki huomaat, ett\u00e4 kyseess\u00e4 on aina hyvin pitk\u00e4veteinen v\u00e4lilaskuinen lento, jossa ei ole lyhyelle lomalle mit\u00e4\u00e4n j\u00e4rke\u00e4.<\/p>\n\n\n\n<p class=\"wp-block-paragraph\">Vaikka l\u00f6yt\u00e4isit t\u00e4llaisen lennon toisen kaupungin kautta, laske etuk\u00e4teen tarkkaan brutaali vaihtoyhteysansa. Sagal\u00e9sin linjan 604 bussit Gironasta Estaci\u00f3 del Nord -asemalle <strong>maksavat 22 \u20ac (n. 550 K\u010d) suuntaan<\/strong> ja matka kest\u00e4\u00e4 yli tunnin ja vartin. Reusista taas kulkee Hispano Igualadina suuntaa antavasti 15 \u20ac suuntaan ja matka venyy tuntiin ja kahteenkymmeneen minuuttiin. N\u00e4m\u00e4 bussit odottavat kyll\u00e4 saapuvia lentoja, mutta paluumatkalla sinun on itse pidett\u00e4v\u00e4 yhteydest\u00e4 huolta.<\/p>\n\n\n\n<p class=\"wp-block-paragraph\">\ud83d\udca1 Vinkki: N\u00e4m\u00e4 kaukaiset lentokent\u00e4t ovat loogisesti j\u00e4rkevi\u00e4 vain silloin, jos <strong>lomasi suuntaa ensisijaisesti Costa Bravan rannoille tai PortAventura-huvipuistoon<\/strong>, muuten kierr\u00e4 ne kaukaa.<\/p>\n\n\n\n<figure data-wp-context=\"{&quot;imageId&quot;:&quot;6a9511948d7bf&quot;}\" data-wp-interactive=\"core\/image\" data-wp-key=\"6a9511948d7bf\" class=\"wp-block-image size-full wp-lightbox-container\"><img decoding=\"async\" width=\"1600\" height=\"1065\" data-wp-class--hide=\"state.isContentHidden\" data-wp-class--show=\"state.isContentVisible\" data-wp-init=\"callbacks.setButtonStyles\" data-wp-on--click=\"actions.showLightbox\" data-wp-on--load=\"callbacks.setButtonStyles\" data-wp-on--pointerdown=\"actions.preloadImage\" data-wp-on--pointerenter=\"actions.preloadImageWithDelay\" data-wp-on--pointerleave=\"actions.cancelPreload\" data-wp-on-window--resize=\"callbacks.setButtonStyles\" src=\"https:\/\/loudavymkrokem.cz\/wp-content\/uploads\/2026\/08\/barcelona-den-1-a-2-to-nejdulezitejsi-z-metrop-px.jpg\" alt=\"Barcelonan metron laituri\" class=\"wp-image-376542\" title=\"\" srcset=\"https:\/\/loudavymkrokem.cz\/wp-content\/uploads\/2026\/08\/barcelona-den-1-a-2-to-nejdulezitejsi-z-metrop-px.jpg 1600w, https:\/\/loudavymkrokem.cz\/wp-content\/uploads\/2026\/08\/barcelona-den-1-a-2-to-nejdulezitejsi-z-metrop-px-300x200.jpg 300w, https:\/\/loudavymkrokem.cz\/wp-content\/uploads\/2026\/08\/barcelona-den-1-a-2-to-nejdulezitejsi-z-metrop-px-700x466.jpg 700w, https:\/\/loudavymkrokem.cz\/wp-content\/uploads\/2026\/08\/barcelona-den-1-a-2-to-nejdulezitejsi-z-metrop-px-768x511.jpg 768w, https:\/\/loudavymkrokem.cz\/wp-content\/uploads\/2026\/08\/barcelona-den-1-a-2-to-nejdulezitejsi-z-metrop-px-1536x1022.jpg 1536w, https:\/\/loudavymkrokem.cz\/wp-content\/uploads\/2026\/08\/barcelona-den-1-a-2-to-nejdulezitejsi-z-metrop-px-696x463.jpg 696w, https:\/\/loudavymkrokem.cz\/wp-content\/uploads\/2026\/08\/barcelona-den-1-a-2-to-nejdulezitejsi-z-metrop-px-1392x927.jpg 1392w\" sizes=\"(max-width: 1600px) 100vw, 1600px\" \/><button\n\t\t\tclass=\"lightbox-trigger\"\n\t\t\ttype=\"button\"\n\t\t\taria-haspopup=\"dialog\"\n\t\t\tdata-wp-bind--aria-label=\"state.thisImage.triggerButtonAriaLabel\"\n\t\t\tdata-wp-init=\"callbacks.initTriggerButton\"\n\t\t\tdata-wp-on--click=\"actions.showLightbox\"\n\t\t\tdata-wp-style--right=\"state.thisImage.buttonRight\"\n\t\t\tdata-wp-style--top=\"state.thisImage.buttonTop\"\n\t\t>\n\t\t\t<svg xmlns=\"http:\/\/www.w3.org\/2000\/svg\" width=\"12\" height=\"12\" fill=\"none\" viewBox=\"0 0 12 12\">\n\t\t\t\t<path fill=\"#fff\" d=\"M2 0a2 2 0 0 0-2 2v2h1.5V2a.5.5 0 0 1 .5-.5h2V0H2Zm2 10.5H2a.5.5 0 0 1-.5-.5V8H0v2a2 2 0 0 0 2 2h2v-1.5ZM8 12v-1.5h2a.5.5 0 0 0 .5-.5V8H12v2a2 2 0 0 1-2 2H8Zm2-12a2 2 0 0 1 2 2v2h-1.5V2a.5.5 0 0 0-.5-.5H8V0h2Z\" \/>\n\t\t\t<\/svg>\n\t\t<\/button><\/figure>\n\n\n\n<!-- LKM_GYG_CARD start q=\"letenky barcelona\" lang=\"fi\" rendered=\"2026-08-31T02:34:10+00:00\" v=\"1\" -->\n<style id=\"lk-gyg-styles\">\n@import url(\"https:\/\/fonts.googleapis.com\/css2?family=Playfair+Display:wght@700&family=DM+Sans:wght@300;400;500;600&display=swap\");\n\/* === LK GYG karty \u2014 CRO redesign 2026-05 (namespace .lkx-) ===\n   C\u00edl: vy\u0161\u0161\u00ed CTR (hero + v\u00fdrazn\u00fd social proof + ak\u010dn\u00ed CTA, m\u00e9n\u011b \"reklamn\u00ed\").\n   Injektuje se inline do prvn\u00edho markeru postu (refresh_cards.py --inline-css). *\/\n.lkx-module, .lkx-module *{box-sizing:border-box;margin:0;padding:0}\n.lkx-module{\n  font-family:'DM Sans',-apple-system,Segoe UI,Roboto,Georgia,sans-serif;\n  max-width:860px;margin:2.5rem auto;color:#1f2328;\n}\n\n\/* HEADER \u2014 lehk\u00fd editorsk\u00fd, \u017e\u00e1dn\u00fd bannerov\u00fd blok; nadpis + popisek pod n\u00edm *\/\n.lkx-head{margin-bottom:16px}\n.lkx-head-main{display:flex;align-items:center;gap:10px}\n.lkx-head-accent{width:26px;height:3px;border-radius:2px;background:#c39f76;flex-shrink:0}\n.lkx-head-title{font-family:'Playfair Display',Georgia,serif;font-size:21px;font-weight:700;color:#1a1a1a;line-height:1.25}\n.lkx-head-meta{display:block;font-size:11px;letter-spacing:.3px;color:#9aa0a6;margin-top:4px;margin-left:36px}\n\n\/* HERO *\/\n.lkx-hero{display:grid;grid-template-columns:300px 1fr;background:#fff;border:1px solid #ece7df;border-radius:14px;overflow:hidden;text-decoration:none!important;color:inherit;box-shadow:0 6px 20px rgba(0,0,0,.06);transition:box-shadow .2s,transform .2s;margin-bottom:14px}\n.lkx-hero:hover{box-shadow:0 12px 30px rgba(0,0,0,.12);transform:translateY(-2px)}\n.lkx-hero-img{position:relative;min-height:230px;background-size:cover;background-position:center;background-color:#eee}\n.lkx-hero-body{padding:22px 24px;display:flex;flex-direction:column}\n.lkx-pick{position:absolute;top:12px;left:12px;background:#1a1a1a;color:#fff;font-size:11px;font-weight:700;letter-spacing:.5px;padding:5px 11px;border-radius:20px}\n\n\/* TITLE *\/\n.lkx-title{font-size:19px;font-weight:700;color:#161616;line-height:1.3}\n.lkx-title-sm{font-size:14.5px;line-height:1.35;display:-webkit-box;-webkit-line-clamp:2;-webkit-box-orient:vertical;overflow:hidden}\n\n\/* SOCIAL PROOF \u2014 v\u00fdrazn\u011b, naho\u0159e *\/\n.lkx-proof{display:flex;align-items:center;gap:7px;margin-top:12px;font-size:15px;color:#3a3a3a}\n.lkx-proof b{font-size:16px;color:#161616}\n.lkx-stars{color:#f5a623;letter-spacing:1px}\n.lkx-proof-sm{font-size:12.5px;margin-top:8px;gap:5px}\n.lkx-proof-sm b{font-size:13px}\n.lkx-proof-new{color:#3685fc;font-weight:600}\n\n\/* PRICE \u2014 n\u00edzk\u00e1 kotva *\/\n.lkx-price{font-size:14px;color:#6b7280}\n.lkx-price b{font-size:20px;color:#161616;font-weight:700}\n.lkx-price-sm b{font-size:15px}\n\n\/* CTA \u2014 tepl\u00e9 ak\u010dn\u00ed tla\u010d\u00edtko *\/\n.lkx-cta{display:inline-flex;align-items:center;justify-content:center;text-decoration:none!important;font-weight:700;color:#fff!important;background:linear-gradient(135deg,#f6743f,#e8552a);border-radius:10px;box-shadow:0 6px 16px rgba(232,85,42,.32);transition:box-shadow .2s}\n.lkx-cta-hero{font-size:15px;padding:13px 22px}\n.lkx-hero:hover .lkx-cta-hero{box-shadow:0 8px 22px rgba(232,85,42,.45)}\n.lkx-cta-sm{font-size:12.5px;padding:9px 14px;width:100%;margin-top:2px}\n.lkx-hero-bottom{margin-top:auto;padding-top:18px;display:flex;align-items:center;justify-content:space-between;gap:14px;flex-wrap:wrap}\n\n\/* BADGE \u2014 jeden v\u00fdrazn\u00fd na fotce *\/\n.lkx-badge{position:absolute;top:12px;right:12px;font-size:10.5px;font-weight:700;letter-spacing:.3px;padding:5px 10px;border-radius:16px;color:#fff}\n.lkx-badge.badge-urgency{background:rgba(214,40,40,.92)}\n.lkx-badge.badge-new{background:rgba(54,133,252,.92)}\n.lkx-badge.badge-top{background:rgba(195,159,118,.95)}\n.lkx-badge.badge-info{background:rgba(40,40,40,.78)}\n\n\/* SECONDARY GRID *\/\n.lkx-grid{display:grid;grid-template-columns:1fr 1fr;gap:14px}\n.lkx-card{background:#fff;border:1px solid #ece7df;border-radius:14px;overflow:hidden;text-decoration:none!important;color:inherit;box-shadow:0 4px 14px rgba(0,0,0,.05);display:flex;flex-direction:column;transition:box-shadow .2s,transform .2s}\n.lkx-card:hover{box-shadow:0 10px 24px rgba(0,0,0,.1);transform:translateY(-2px)}\n.lkx-card-img{position:relative;aspect-ratio:16\/10;background-size:cover;background-position:center;background-color:#eee}\n.lkx-card-body{padding:14px 16px 16px;display:flex;flex-direction:column;gap:7px;flex:1}\n.lkx-card-bottom{margin-top:auto;padding-top:10px;display:flex;align-items:center;justify-content:space-between;gap:8px}\n\n\/* DISCLOSURE \u2014 drobn\u00e1, kv\u016fli d\u016fv\u011b\u0159e\/z\u00e1konu *\/\n.lkx-disclosure{font-size:11px;color:#a7adb3;text-align:center;margin-top:14px;line-height:1.6}\n.lkx-disclosure a{color:#c39f76;text-decoration:none}\n\n@media(max-width:680px){\n  .lkx-hero{grid-template-columns:1fr}\n  .lkx-hero-img{min-height:180px}\n  .lkx-grid{grid-template-columns:1fr}\n  .lkx-head-meta{margin-left:0;width:100%}\n  .lkx-head-title{font-size:19px}\n}\n\n<\/style>\n<div class=\"lkx-module\" data-query=\"letenky barcelona\">\n  <div class=\"lkx-head\">\n    <div class=\"lkx-head-main\">\n      <span class=\"lkx-head-accent\"><\/span>\n      <span class=\"lkx-head-title\">El\u00e4mykset ja liput<\/span>\n    <\/div>\n    <span class=\"lkx-head-meta\">matkailijoiden arvioima \u00b7 GetYourGuide<\/span>\n  <\/div><a class=\"lkx-hero\" href=\"https:\/\/www.getyourguide.com\/fi-fi\/barcelona-l45\/hola-bcn-barcelonan-matkakortti-t50000\/?partner_id=MKZ64IS&amp;utm_medium=online_publisher&amp;cmp=barcelona-espanja-lennot\" target=\"_blank\" rel=\"sponsored noopener nofollow\">\n    <div class=\"lkx-hero-img\" style=\"background-image:url('https:\/\/cdn.getyourguide.com\/img\/tour\/88b8b216ab478b32.jpeg\/132.jpg')\" role=\"img\" aria-label=\"Barcelona: Hola Barcelonan joukkoliikenteen matkakortti\">\n      <span class=\"lkx-pick\">\u2605 Suosituksemme<\/span><\/div>\n    <div class=\"lkx-hero-body\">\n      <div class=\"lkx-title\">Barcelona: Hola Barcelonan joukkoliikenteen matkakortti<\/div>\n      <div class=\"lkx-proof\">\n      <span class=\"lkx-stars\">\u2605\u2605\u2605\u2605\u2605<\/span>\n      <b>4.5<\/b> \u00b7 22 187 arvostelua\n    <\/div>\n      <div class=\"lkx-hero-bottom\"><div class=\"lkx-price\">alkaen <b>19\u00a0\u20ac<\/b><\/div><span class=\"lkx-cta lkx-cta-hero\">Haluan t\u00e4m\u00e4n el\u00e4myksen \u2192<\/span>\n      <\/div>\n    <\/div>\n  <\/a><div class=\"lkx-grid\"><a class=\"lkx-card\" href=\"https:\/\/www.getyourguide.com\/fi-fi\/barcelona-l45\/sagrada-familia-ohita-jono-lippu-t50027\/?partner_id=MKZ64IS&amp;utm_medium=online_publisher&amp;cmp=barcelona-espanja-lennot\" target=\"_blank\" rel=\"sponsored noopener nofollow\">\n      <div class=\"lkx-card-img\" style=\"background-image:url('https:\/\/cdn.getyourguide.com\/img\/tour\/62bacf6a87bba.jpeg\/132.jpg')\" role=\"img\" aria-label=\"Barcelona: Sagrada Familian p\u00e4\u00e4sylippu ja audio-opas\"><\/div>\n      <div class=\"lkx-card-body\">\n        <div class=\"lkx-title lkx-title-sm\">Barcelona: Sagrada Familian p\u00e4\u00e4sylippu ja audio-opas<\/div>\n        <div class=\"lkx-proof lkx-proof-sm\">\n      <span class=\"lkx-stars\">\u2605<\/span>\n      <b>4.6<\/b> \u00b7 117 939\n    <\/div>\n        <div class=\"lkx-card-bottom\"><span class=\"lkx-price lkx-price-sm\">alkaen <b>34\u00a0\u20ac<\/b><\/span><span class=\"lkx-cta lkx-cta-sm\">Katso p\u00e4iv\u00e4m\u00e4\u00e4r\u00e4t \u2192<\/span>\n        <\/div>\n      <\/div>\n    <\/a><a class=\"lkx-card\" href=\"https:\/\/www.getyourguide.com\/fi-fi\/barcelona-l45\/barcelona-aerobus-lentokenttakuljetus-kaupungin-keskustaan-t1106572\/?partner_id=MKZ64IS&amp;utm_medium=online_publisher&amp;cmp=barcelona-espanja-lennot\" target=\"_blank\" rel=\"sponsored noopener nofollow\">\n      <div class=\"lkx-card-img\" style=\"background-image:url('https:\/\/cdn.getyourguide.com\/img\/tour\/fb30594c49d3b13cd26d272195e3c49155cffbdb70f866369b29c429d17194e8.jpeg\/132.jpg')\" role=\"img\" aria-label=\"Barcelona: Aerob\u00fas-lentokentt\u00e4kuljetus kaupungin keskustaan\"><\/div>\n      <div class=\"lkx-card-body\">\n        <div class=\"lkx-title lkx-title-sm\">Barcelona: Aerob\u00fas-lentokentt\u00e4kuljetus kaupungin keskustaan<\/div>\n        <div class=\"lkx-proof lkx-proof-sm\">\n      <span class=\"lkx-stars\">\u2605<\/span>\n      <b>4.6<\/b> \u00b7 267\n    <\/div>\n        <div class=\"lkx-card-bottom\"><span class=\"lkx-price lkx-price-sm\">alkaen <b>8\u00a0\u20ac<\/b><\/span><span class=\"lkx-cta lkx-cta-sm\">Katso p\u00e4iv\u00e4m\u00e4\u00e4r\u00e4t \u2192<\/span>\n        <\/div>\n      <\/div>\n    <\/a><\/div><div class=\"lkx-disclosure\">\ud83d\udd17 N\u00e4m\u00e4 ovat kumppanilinkkej\u00e4 \u2014 ne eiv\u00e4t muuta hintaasi ja auttavat meit\u00e4 tekem\u00e4\u00e4n sis\u00e4lt\u00f6\u00e4. \u00b7 <a href=\"https:\/\/www.getyourguide.com\/fi-fi\/s\/?q=letenky+barcelona&amp;partner_id=MKZ64IS&amp;utm_medium=online_publisher\" target=\"_blank\" rel=\"sponsored noopener nofollow\">Kaikki el\u00e4mykset \u2192<\/a><\/div>\n<\/div>\n<!-- LKM_GYG_CARD end -->\n\n\n\n\n<div class=\"lk-stays-module\">\n<style>\n\/* \u2500\u2500\u2500 RESET PRO GUTENBERG \u2500\u2500\u2500 *\/\n.lk-stays-module * { box-sizing: border-box; margin: 0; padding: 0; }\n\n\/* \u2500\u2500\u2500 WRAPPER \u2500\u2500\u2500 *\/\n.lk-stays-module {\n  font-family: 'DM Sans', Georgia, sans-serif;\n  max-width: 100%;\n  margin: 2.5rem auto;\n  background: linear-gradient(135deg, #fdfaf5 0%, #fcf8f0 100%);\n  border: 1px solid #e8dfd4;\n  border-radius: 16px;\n  overflow: hidden;\n  box-shadow: 0 16px 48px rgba(195, 159, 118, 0.25), 0 4px 12px rgba(0,0,0,0.08);\n}\n\n\/* \u2500\u2500\u2500 HEADER \u2500\u2500\u2500 *\/\n.lk-stays-header {\n  position: relative;\n  padding: 24px 36px 24px;\n  background: linear-gradient(135deg, #c39f76 0%, #d4b188 60%, #c39f76 100%);\n  border-bottom: 1px solid rgba(255,255,255,.15);\n  display: flex;\n  align-items: center;\n  gap: 18px;\n}\n.lk-stays-header::before {\n  content: '';\n  position: absolute;\n  inset: 0;\n  background: url(\"data:image\/svg+xml,%3Csvg width='60' height='60' viewBox='0 0 60 60' xmlns='http:\/\/www.w3.org\/2000\/svg'%3E%3Cg fill='none' fill-rule='evenodd'%3E%3Cg fill='%23ffffff' fill-opacity='0.05'%3E%3Cpath d='M36 34v-4h-2v4h-4v2h4v4h2v-4h4v-2h-4zm0-30V0h-2v4h-4v2h4v4h2V6h4V4h-4zM6 34v-4H4v4H0v2h4v4h2v-4h4v-2H6zM6 4V0H4v4H0v2h4v4h2V6h4V4H6z'\/%3E%3C\/g%3E%3C\/g%3E%3C\/svg%3E\") repeat;\n  pointer-events: none;\n}\n.lk-stays-icon {\n  flex-shrink: 0;\n  width: 68px;\n  height: 68px;\n  border-radius: 14px;\n  background: linear-gradient(135deg, #fff 0%, #f9f6f0 100%);\n  display: flex;\n  align-items: center;\n  justify-content: center;\n  font-size: 26px;\n  box-shadow: 0 4px 12px rgba(0,0,0,0.15);\n}\n.lk-stays-eyebrow {\n  font-size: 10px;\n  font-weight: 500;\n  letter-spacing: 2.5px;\n  text-transform: uppercase;\n  color: rgba(255,255,255,.85);\n  margin: 0 0 5px 0;\n}\n.lk-stays-title {\n  font-family: 'Playfair Display', Georgia, serif;\n  font-size: 24px;\n  font-weight: 700;\n  color: #fff;\n  line-height: 1.2;\n  text-shadow: 0 1px 2px rgba(0,0,0,0.1);\n  margin: 0;\n}\n.lk-stays-subtitle {\n  font-size: 13px;\n  color: rgba(255,255,255,.75);\n  margin: 4px 0 0 0;\n  font-weight: 300;\n}\n\n\/* \u2500\u2500\u2500 CARDS GRID \u2500\u2500\u2500 *\/\n.lk-stays-grid {\n  display: grid;\n  grid-template-columns: 1fr 1fr;\n  gap: 1px;\n  background: rgba(195, 159, 118, 0.12);\n}\n\n\/* \u2500\u2500\u2500 SINGLE CARD \u2500\u2500\u2500 *\/\n.lk-stay-card {\n  background: #ffffff;\n  padding: 26px;\n  display: flex;\n  flex-direction: column;\n  gap: 11px;\n  transition: all 0.3s ease;\n  text-decoration: none;\n  color: inherit;\n  position: relative;\n}\n.lk-stay-card:hover {\n  background: #fffbf5;\n  transform: translateY(-2px);\n  box-shadow: 0 8px 24px rgba(195, 159, 118, 0.18);\n  z-index: 1;\n}\n.lk-stay-card.featured {\n  background: linear-gradient(135deg, #fffdf9 0%, #fff9f0 100%);\n  box-shadow: 0 4px 16px rgba(195, 159, 118, 0.15), inset 0 1px 0 rgba(195, 159, 118, 0.1);\n}\n.lk-stay-card.featured:hover {\n  background: linear-gradient(135deg, #fffbf5 0%, #fff8ed 100%);\n  box-shadow: 0 8px 24px rgba(195, 159, 118, 0.25), inset 0 1px 0 rgba(195, 159, 118, 0.15);\n}\n\n.lk-stay-badge {\n  display: inline-flex;\n  align-items: center;\n  gap: 5px;\n  font-size: 10px;\n  font-weight: 500;\n  letter-spacing: 1.5px;\n  text-transform: uppercase;\n  padding: 5px 11px;\n  border-radius: 20px;\n  width: fit-content;\n}\n.badge-top     { background: linear-gradient(135deg, #c39f76 0%, #d4b188 100%); color: #fff; border: 1px solid #c39f76; font-weight: 600; box-shadow: 0 2px 8px rgba(195,159,118,0.3); }\n.badge-luxury  { background: rgba(195,159,118,.12); color: #c39f76; border: 1px solid rgba(195,159,118,.25); }\n.badge-boutique{ background: rgba(54,133,252,.08); color: #3685fc; border: 1px solid rgba(54,133,252,.2); }\n.badge-nature  { background: rgba(130,190,100,.1); color: #6b9c4a; border: 1px solid rgba(130,190,100,.2); }\n.badge-remote  { background: rgba(195,159,118,.12); color: #a67e50; border: 1px solid rgba(195,159,118,.25); }\n\n.lk-stay-name {\n  font-family: 'Playfair Display', Georgia, serif;\n  font-size: 18px;\n  font-weight: 700;\n  color: #111827;\n  line-height: 1.3;\n}\n.lk-stay-desc {\n  font-size: 13.5px;\n  color: #525252;\n  line-height: 1.65;\n  font-weight: 300;\n  flex: 1;\n}\n\n.lk-stay-meta {\n  display: flex;\n  align-items: center;\n  gap: 12px;\n  flex-wrap: wrap;\n  margin-top: 4px;\n}\n.lk-stay-price {\n  font-size: 13px;\n  color: #6b7280;\n}\n.lk-stay-price strong {\n  color: #c39f76;\n  font-weight: 500;\n}\n.lk-stay-stars {\n  color: #c39f76;\n  font-size: 11px;\n  letter-spacing: 1px;\n}\n\n\/* \u2500\u2500\u2500 CTA BUTTON \u2500\u2500\u2500 *\/\n.lk-stay-cta {\n  display: inline-flex;\n  align-items: center;\n  justify-content: center;\n  gap: 7px;\n  margin-top: 8px;\n  padding: 11px 20px;\n  border-radius: 8px;\n  background: linear-gradient(135deg, #3685fc 0%, #2a6fd9 100%);\n  color: #fff;\n  font-size: 13px;\n  font-weight: 500;\n  text-decoration: none;\n  letter-spacing: .3px;\n  transition: all .2s ease;\n  cursor: pointer;\n  border: none;\n  text-align: center;\n  box-shadow: 0 4px 12px rgba(54, 133, 252, 0.25);\n}\n.lk-stay-cta:hover {\n  background: linear-gradient(135deg, #2a6fd9 0%, #1e5bc4 100%);\n  transform: translateY(-1px);\n  box-shadow: 0 6px 16px rgba(54, 133, 252, 0.35);\n}\n.lk-stay-cta svg { flex-shrink: 0; }\n\n\/* \u2500\u2500\u2500 FOOTER \u2500\u2500\u2500 *\/\n.lk-stays-footer {\n  padding: 18px 36px;\n  background: linear-gradient(to bottom, #fdfaf5 0%, #f9f4ed 100%);\n  border-top: 1px solid rgba(195, 159, 118, 0.15);\n  display: flex;\n  align-items: center;\n  justify-content: space-between;\n  flex-wrap: wrap;\n  gap: 12px;\n}\n.lk-stays-footer-note {\n  font-size: 11.5px;\n  color: #6b7280;\n  font-weight: 300;\n  line-height: 1.5;\n}\n.lk-stays-footer-note a {\n  color: #c39f76;\n  text-decoration: none;\n  font-weight: 400;\n}\n.lk-stays-footer-note a:hover {\n  text-decoration: underline;\n}\n.lk-stays-all-btn {\n  display: inline-flex;\n  align-items: center;\n  gap: 6px;\n  font-size: 12.5px;\n  font-weight: 500;\n  color: #c39f76;\n  text-decoration: none;\n  border: 1px solid rgba(195, 159, 118, 0.35);\n  padding: 8px 18px;\n  border-radius: 8px;\n  transition: all .2s ease;\n}\n.lk-stays-all-btn:hover {\n  background: rgba(195, 159, 118, 0.08);\n  border-color: rgba(195, 159, 118, 0.5);\n}\n\n\/* \u2500\u2500\u2500 RESPONSIVE \u2500\u2500\u2500 *\/\n@media (max-width: 600px) {\n  .lk-stays-grid { grid-template-columns: 1fr; }\n  .lk-stays-header { padding: 24px 20px; }\n  .lk-stays-footer { padding: 16px 20px; }\n  .lk-stay-card { padding: 22px; }\n  .lk-stays-title { font-size: 20px; }\n}\n<\/style>\n\n  <!-- HEADER -->\n  <div class=\"lk-stays-header\">\n    <img decoding=\"async\" src=\"https:\/\/loudavymkrokem.cz\/wp-content\/uploads\/2026\/02\/lukas-a-lucka.jpg\" alt=\"\" style=\"width: 75px; height: 75px; border-radius: 8px; flex-shrink: 0; object-fit: cover; display: block; margin: 4px 0;\" title=\"\">\n    <div class=\"lk-stays-header-text\">\n      <div class=\"lk-stays-eyebrow\">Luk\u00e1\u0161 ja Lucie suosittelevat<\/div>\n      <div class=\"lk-stays-title\">Miss\u00e4 y\u00f6py\u00e4 Barcelonassa<\/div>\n      <div class=\"lk-stays-subtitle\">6 majoitusta \u2014 hotelleja, kylpyl\u00e4hotelleja ja muita majoitusvaihtoehtoja<\/div>\n    <\/div>\n  <\/div>\n\n  <!-- CARDS -->\n  <div class=\"lk-stays-grid\">\n\n    <a class=\"lk-stay-card featured\" href=\"https:\/\/www.stay22.com\/allez\/roam?aid=lukaskonecny&#038;campaign=loudavymkrokemcz&#038;campaign=fi&#038;campaign=letenkydobarcelony&#038;address=Barcelona&#038;hotelname=Hotel+Gaud%C3%AD&#038;search=Hotel+Gaud%C3%AD&#038;category=accommodation\" target=\"_blank\" rel=\"nofollow noopener\">\n      <span class=\"lk-stay-badge badge-top\">\u2b50 HUIPPUVALINTA<\/span>\n      <span class=\"lk-stay-badge badge-nature\">\ud83c\udfe8 Hotelli<\/span>\n      <div class=\"lk-stay-name\">Hotel Gaud\u00ed<\/div>\n      <div class=\"lk-stay-desc\">Strateginen valinta vain muutaman askeleen p\u00e4\u00e4ss\u00e4 Palau G\u00fcellist\u00e4 ja La Ramblasta. Kattoterassi, jossa uima-allas ja n\u00e4kym\u00e4t Gaud\u00edn savupiippuihin.<\/div>\n      <div class=\"lk-stay-meta\">\n        <span class=\"lk-stay-stars\">\u2605\u2605\u2605\u2605<\/span>\n        <span class=\"lk-stay-price\">Tarkista hinnat<\/span>\n      <\/div>\n      <span class=\"lk-stay-cta\">\n        <svg width=\"14\" height=\"14\" viewBox=\"0 0 24 24\" fill=\"none\" stroke=\"currentColor\" stroke-width=\"2\"><path d=\"M18 13v6a2 2 0 0 1-2 2H5a2 2 0 0 1-2-2V8a2 2 0 0 1 2-2h6\"\/><polyline points=\"15 3 21 3 21 9\"\/><line x1=\"10\" y1=\"14\" x2=\"21\" y2=\"3\"\/><\/svg>\n        Tarkista saatavuus\n      <\/span>\n    <\/a>\n\n    <a class=\"lk-stay-card\" href=\"https:\/\/www.stay22.com\/allez\/roam?aid=lukaskonecny&#038;campaign=loudavymkrokemcz&#038;campaign=fi&#038;campaign=letenkydobarcelony&#038;address=Barcelona&#038;hotelname=Hotel+Ayre+Rosell%C3%B3n&#038;search=Hotel+Ayre+Rosell%C3%B3n&#038;category=accommodation\" target=\"_blank\" rel=\"nofollow noopener\">\n      <span class=\"lk-stay-badge badge-nature\">\ud83c\udfe8 Hotelli<\/span>\n      <div class=\"lk-stay-name\">Hotel Ayre Rosell\u00f3n<\/div>\n      <div class=\"lk-stay-desc\">Henke\u00e4salpaava n\u00e4kym\u00e4 suoraan rakenteilla olevaan Sagrada Fam\u00edliaan kattobaarista. Visuaalisesti vaikuttava valinta.<\/div>\n      <div class=\"lk-stay-meta\">\n        <span class=\"lk-stay-stars\">\u2605\u2605\u2605\u2605<\/span>\n        <span class=\"lk-stay-price\">Tarkista hinnat<\/span>\n      <\/div>\n      <span class=\"lk-stay-cta\">\n        <svg width=\"14\" height=\"14\" viewBox=\"0 0 24 24\" fill=\"none\" stroke=\"currentColor\" stroke-width=\"2\"><path d=\"M18 13v6a2 2 0 0 1-2 2H5a2 2 0 0 1-2-2V8a2 2 0 0 1 2-2h6\"\/><polyline points=\"15 3 21 3 21 9\"\/><line x1=\"10\" y1=\"14\" x2=\"21\" y2=\"3\"\/><\/svg>\n        Tarkista saatavuus\n      <\/span>\n    <\/a>\n\n    <a class=\"lk-stay-card\" href=\"https:\/\/www.stay22.com\/allez\/roam?aid=lukaskonecny&#038;campaign=loudavymkrokemcz&#038;campaign=fi&#038;campaign=letenkydobarcelony&#038;address=Barcelona&#038;hotelname=Motel+One+Barcelona-Ciutadella&#038;search=Motel+One+Barcelona-Ciutadella&#038;category=accommodation\" target=\"_blank\" rel=\"nofollow noopener\">\n      <span class=\"lk-stay-badge badge-nature\">\ud83c\udfe8 Hotelli<\/span>\n      <div class=\"lk-stay-name\">Motel One Barcelona-Ciutadella<\/div>\n      <div class=\"lk-stay-desc\">Modernit huoneet valtavan puiston vieress\u00e4 k\u00e4velymatkan p\u00e4\u00e4ss\u00e4 rannasta. Loistava valinta pienemm\u00e4ll\u00e4 budjetilla.<\/div>\n      <div class=\"lk-stay-meta\">\n        <span class=\"lk-stay-stars\">\u2605\u2605\u2605\u2605<\/span>\n        <span class=\"lk-stay-price\">Tarkista hinnat<\/span>\n      <\/div>\n      <span class=\"lk-stay-cta\">\n        <svg width=\"14\" height=\"14\" viewBox=\"0 0 24 24\" fill=\"none\" stroke=\"currentColor\" stroke-width=\"2\"><path d=\"M18 13v6a2 2 0 0 1-2 2H5a2 2 0 0 1-2-2V8a2 2 0 0 1 2-2h6\"\/><polyline points=\"15 3 21 3 21 9\"\/><line x1=\"10\" y1=\"14\" x2=\"21\" y2=\"3\"\/><\/svg>\n        Tarkista saatavuus\n      <\/span>\n    <\/a>\n\n    <a class=\"lk-stay-card\" href=\"https:\/\/www.stay22.com\/allez\/roam?aid=lukaskonecny&#038;campaign=loudavymkrokemcz&#038;campaign=fi&#038;campaign=letenkydobarcelony&#038;address=Barcelona&#038;hotelname=W+Barcelona&#038;search=W+Barcelona&#038;category=accommodation\" target=\"_blank\" rel=\"nofollow noopener\">\n      <span class=\"lk-stay-badge badge-nature\">\u2b50 Luxury<\/span>\n      <div class=\"lk-stay-name\">W Barcelona<\/div>\n      <div class=\"lk-stay-desc\">Ikoninen purjeenmuotoinen rakennus, joka hallitsee rantaviivaa. Ehdotonta luksusta her\u00e4tess\u00e4si aaltojen kohinaan.<\/div>\n      <div class=\"lk-stay-meta\">\n        <span class=\"lk-stay-stars\">\u2605\u2605\u2605\u2605<\/span>\n        <span class=\"lk-stay-price\">Tarkista hinnat<\/span>\n      <\/div>\n      <span class=\"lk-stay-cta\">\n        <svg width=\"14\" height=\"14\" viewBox=\"0 0 24 24\" fill=\"none\" stroke=\"currentColor\" stroke-width=\"2\"><path d=\"M18 13v6a2 2 0 0 1-2 2H5a2 2 0 0 1-2-2V8a2 2 0 0 1 2-2h6\"\/><polyline points=\"15 3 21 3 21 9\"\/><line x1=\"10\" y1=\"14\" x2=\"21\" y2=\"3\"\/><\/svg>\n        Tarkista saatavuus\n      <\/span>\n    <\/a>\n\n    <a class=\"lk-stay-card\" href=\"https:\/\/www.stay22.com\/allez\/roam?aid=lukaskonecny&#038;campaign=loudavymkrokemcz&#038;campaign=fi&#038;campaign=letenkydobarcelony&#038;address=Barcelona&#038;hotelname=Hostel+One+Paralelo&#038;search=Hostel+One+Paralelo&#038;category=accommodation\" target=\"_blank\" rel=\"nofollow noopener\">\n      <span class=\"lk-stay-badge badge-nature\">\ud83c\udfe1 Hostelli<\/span>\n      <div class=\"lk-stay-name\">Hostel One Paralelo<\/div>\n      <div class=\"lk-stay-desc\">Upea yst\u00e4v\u00e4llinen ilmapiiri ja yhteiset illat. Ihanteellinen reppuretkeilij\u00f6ille ja yksinmatkustajille arvostelujen mukaan.<\/div>\n      <div class=\"lk-stay-meta\">\n        <span class=\"lk-stay-stars\">\u2605\u2605\u2605\u2605<\/span>\n        <span class=\"lk-stay-price\">Tarkista hinnat<\/span>\n      <\/div>\n      <span class=\"lk-stay-cta\">\n        <svg width=\"14\" height=\"14\" viewBox=\"0 0 24 24\" fill=\"none\" stroke=\"currentColor\" stroke-width=\"2\"><path d=\"M18 13v6a2 2 0 0 1-2 2H5a2 2 0 0 1-2-2V8a2 2 0 0 1 2-2h6\"\/><polyline points=\"15 3 21 3 21 9\"\/><line x1=\"10\" y1=\"14\" x2=\"21\" y2=\"3\"\/><\/svg>\n        Tarkista saatavuus\n      <\/span>\n    <\/a>\n\n    <a class=\"lk-stay-card\" href=\"https:\/\/www.stay22.com\/allez\/roam?aid=lukaskonecny&#038;campaign=loudavymkrokemcz&#038;campaign=fi&#038;campaign=letenkydobarcelony&#038;address=barcelona\" target=\"_blank\" rel=\"nofollow noopener\">\n      <span class=\"lk-stay-badge badge-nature\">\ud83d\udd0d Hae<\/span>\n      <div class=\"lk-stay-name\">N\u00e4yt\u00e4 kaikki majoitukset Barcelonassa<\/div>\n      <div class=\"lk-stay-desc\">Tutustu kaikkiin saatavilla oleviin majoitusvaihtoehtoihin Barcelonassa ja l\u00f6yd\u00e4 paras mieltymystesi ja budjettisi mukaan.<\/div>\n      <div class=\"lk-stay-meta\">\n        <span class=\"lk-stay-stars\">\u2605\u2605\u2605\u2605<\/span>\n        <span class=\"lk-stay-price\">Vertaile hintoja<\/span>\n      <\/div>\n      <span class=\"lk-stay-cta\">\n        <svg width=\"14\" height=\"14\" viewBox=\"0 0 24 24\" fill=\"none\" stroke=\"currentColor\" stroke-width=\"2\"><path d=\"M18 13v6a2 2 0 0 1-2 2H5a2 2 0 0 1-2-2V8a2 2 0 0 1 2-2h6\"\/><polyline points=\"15 3 21 3 21 9\"\/><line x1=\"10\" y1=\"14\" x2=\"21\" y2=\"3\"\/><\/svg>\n        Tarkista saatavuus\n      <\/span>\n    <\/a>\n\n  <\/div>\n\n  \n<\/div>\n\n\n\n\n<h3 class=\"wp-block-heading\"><span class=\"ez-toc-section\" id=\"7_Junalla_mannerta_pitkin_raskaana_oleville_ja_niille_jotka_eivat_lenna\"><\/span>7. Junalla mannerta pitkin: raskaana oleville ja niille, jotka eiv\u00e4t lenn\u00e4<span class=\"ez-toc-section-end\"><\/span><\/h3>\n\n\n\n<p class=\"wp-block-paragraph\">T\u00e4m\u00e4n kiehtovan aiheen tavalliset matkaoppaat sivuuttavat t\u00e4ysin, vaikka on olemassa valtava joukko matkustajia, jotka eiv\u00e4t yksinkertaisesti voi tai halua lent\u00e4\u00e4. Syyn\u00e4 on hyvin usein <strong>pitk\u00e4lle edennyt raskaus, paniikinomainen lentopelko tai vaikkapa matkustaminen suurempien lemmikkien kanssa<\/strong>. Heille koko lomasta muodostuu usein yksi suuri ja uuvuttava logistinen palapeli.<\/p>\n\n\n\n<p class=\"wp-block-paragraph\">Junalla Etel\u00e4-Eurooppaan p\u00e4\u00e4see Suomesta vaivattomimmin, kun ensin taittaa laivalla tai lennolla lyhyen matkan Manner-Eurooppaan. Todelliset kokemukset osoittavat, ett\u00e4 <strong>meren rannalle p\u00e4\u00e4see mukavasti my\u00f6s raiteita pitkin<\/strong>, se vain vaatii oikeanlaista suunnittelua.<\/p>\n\n\n\n<p class=\"wp-block-paragraph\">Milt\u00e4 t\u00e4llainen pitk\u00e4veteinen matka n\u00e4ytt\u00e4\u00e4 k\u00e4yt\u00e4nn\u00f6ss\u00e4? Kyseess\u00e4 ei ole yhden ryk\u00e4yksen juttu, ellet halua uuvuttaa itse\u00e4si t\u00e4ysin fyysisesti. <strong>Yleisin reitti kulkee Manner-Euroopasta Frankfurtin kautta<\/strong>, josta siirryt mukavasti ranskalaiseen Strasbourgiin. Juuri Strasbourg toimii aivan ihanteellisena pisteen\u00e4 rauhalliseen y\u00f6pymiseen hotellissa ja voimien ker\u00e4\u00e4miseen.<\/p>\n\n\n\n<p class=\"wp-block-paragraph\">Seuraavana aamuna nouset yksinkertaisesti nopeisiin ranskalaisiin juniin, jotka <strong>viev\u00e4t sinut Lyonin kautta sujuvasti Barcelonan p\u00e4\u00e4asemalle Santsille<\/strong>. Kyseess\u00e4 on hidasta matkustamista puhtaimmillaan, joka vaatii toki enemm\u00e4n aikaa, mutta tarjoaa upeita maiseman\u00e4kymi\u00e4 ja aivan minimaalisen stressin.<\/p>\n\n\n\n<p class=\"wp-block-paragraph\">\ud83d\udca1 Vinkki: Liput kaikkiin eurooppalaisiin juniin <strong>osta mieluiten Saksan tai Ranskan rautateiden virallisilta verkkosivuilta<\/strong>, joilta l\u00f6yd\u00e4t edullisimmat ennakkoliput ilman v\u00e4litt\u00e4jien valtavia lis\u00e4maksuja.<\/p>\n\n\n\n<figure data-wp-context=\"{&quot;imageId&quot;:&quot;6a9511948ddac&quot;}\" data-wp-interactive=\"core\/image\" data-wp-key=\"6a9511948ddac\" class=\"wp-block-image size-full wp-lightbox-container\"><img decoding=\"async\" width=\"1600\" height=\"1067\" data-wp-class--hide=\"state.isContentHidden\" data-wp-class--show=\"state.isContentVisible\" data-wp-init=\"callbacks.setButtonStyles\" data-wp-on--click=\"actions.showLightbox\" data-wp-on--load=\"callbacks.setButtonStyles\" data-wp-on--pointerdown=\"actions.preloadImage\" data-wp-on--pointerenter=\"actions.preloadImageWithDelay\" data-wp-on--pointerleave=\"actions.cancelPreload\" data-wp-on-window--resize=\"callbacks.setButtonStyles\" src=\"https:\/\/loudavymkrokem.cz\/wp-content\/uploads\/2026\/08\/barcelona-sant-andreu-px.jpg\" alt=\"Barcelonan panoraama ja Torre Gl\u00f2ries -torni\" class=\"wp-image-376450\" title=\"\" srcset=\"https:\/\/loudavymkrokem.cz\/wp-content\/uploads\/2026\/08\/barcelona-sant-andreu-px.jpg 1600w, https:\/\/loudavymkrokem.cz\/wp-content\/uploads\/2026\/08\/barcelona-sant-andreu-px-300x200.jpg 300w, https:\/\/loudavymkrokem.cz\/wp-content\/uploads\/2026\/08\/barcelona-sant-andreu-px-700x467.jpg 700w, https:\/\/loudavymkrokem.cz\/wp-content\/uploads\/2026\/08\/barcelona-sant-andreu-px-768x512.jpg 768w, https:\/\/loudavymkrokem.cz\/wp-content\/uploads\/2026\/08\/barcelona-sant-andreu-px-1536x1024.jpg 1536w, https:\/\/loudavymkrokem.cz\/wp-content\/uploads\/2026\/08\/barcelona-sant-andreu-px-696x464.jpg 696w, https:\/\/loudavymkrokem.cz\/wp-content\/uploads\/2026\/08\/barcelona-sant-andreu-px-1392x928.jpg 1392w\" sizes=\"(max-width: 1600px) 100vw, 1600px\" \/><button\n\t\t\tclass=\"lightbox-trigger\"\n\t\t\ttype=\"button\"\n\t\t\taria-haspopup=\"dialog\"\n\t\t\tdata-wp-bind--aria-label=\"state.thisImage.triggerButtonAriaLabel\"\n\t\t\tdata-wp-init=\"callbacks.initTriggerButton\"\n\t\t\tdata-wp-on--click=\"actions.showLightbox\"\n\t\t\tdata-wp-style--right=\"state.thisImage.buttonRight\"\n\t\t\tdata-wp-style--top=\"state.thisImage.buttonTop\"\n\t\t>\n\t\t\t<svg xmlns=\"http:\/\/www.w3.org\/2000\/svg\" width=\"12\" height=\"12\" fill=\"none\" viewBox=\"0 0 12 12\">\n\t\t\t\t<path fill=\"#fff\" d=\"M2 0a2 2 0 0 0-2 2v2h1.5V2a.5.5 0 0 1 .5-.5h2V0H2Zm2 10.5H2a.5.5 0 0 1-.5-.5V8H0v2a2 2 0 0 0 2 2h2v-1.5ZM8 12v-1.5h2a.5.5 0 0 0 .5-.5V8H12v2a2 2 0 0 1-2 2H8Zm2-12a2 2 0 0 1 2 2v2h-1.5V2a.5.5 0 0 0-.5-.5H8V0h2Z\" \/>\n\t\t\t<\/svg>\n\t\t<\/button><\/figure>\n\n\n\n<h3 class=\"wp-block-heading\"><span class=\"ez-toc-section\" id=\"8_Vaihtoehtoinen_junareitti_Pariisin_kautta\"><\/span>8. Vaihtoehtoinen junareitti Pariisin kautta<span class=\"ez-toc-section-end\"><\/span><\/h3>\n\n\n\n<p class=\"wp-block-paragraph\">Jos et pid\u00e4 ajatuksesta pitk\u00e4veteisest\u00e4 matkasta koko Saksan halki, on olemassa viel\u00e4 yksi hyvin tyylik\u00e4s junavaihtoehto ranskalaisella charmilla. Manner-Euroopasta p\u00e4\u00e4set y\u00f6junalla tai p\u00e4iv\u00e4n pikajunilla Ranskan p\u00e4\u00e4kaupunkiin, josta <strong>l\u00e4htee suora suurnopeusyhteys aina aurinkoiselle Espanjan rannikolle<\/strong>.<\/p>\n\n\n\n<p class=\"wp-block-paragraph\">Pariisin vilkkaalta Gare de Lyon -asemalta l\u00e4htee nimitt\u00e4in s\u00e4\u00e4nn\u00f6llisesti suoria TGV-junia, joita liikenn\u00f6i espanjalaisten ja ranskalaisten yhti\u00f6iden Renfen ja SNCF:n menestyksek\u00e4s yhteisty\u00f6. T\u00e4m\u00e4 upea aerodynaaminen pikajuna <strong>kattaa reitin Pariisi\u2013Barcelona uskomattomassa 6 tunnissa ja 15 minuutissa<\/strong>, mik\u00e4 on niin valtavalle matkalle aivan mahtava aika.<\/p>\n\n\n\n<p class=\"wp-block-paragraph\">T\u00e4m\u00e4 suora yhteys kulkee t\u00e4ll\u00e4 hetkell\u00e4 kaksi kertaa p\u00e4iv\u00e4ss\u00e4, yleens\u00e4 aikaisin aamulla ja aikaisin iltap\u00e4iv\u00e4ll\u00e4, mutta muista, ett\u00e4 perinteist\u00e4 y\u00f6llist\u00e4 makuuvaunujunaa t\u00e4ll\u00e4 reitill\u00e4 ei t\u00e4ll\u00e4 hetkell\u00e4 ole. T\u00e4m\u00e4 vaihtoehto on aivan t\u00e4ydellinen, jos suunnittelet pidemp\u00e4\u00e4 kaksiviikkoista lomaa ja <strong>haluat tehd\u00e4 matkalla romanttisen kahvipys\u00e4hdyksen Eiffel-tornin juurella<\/strong>.<\/p>\n\n\n\n<p class=\"wp-block-paragraph\">\ud83d\udca1 Vinkki: Paikkavaraukset ranskalaisiin TGV-pikajuniin loppuvat kes\u00e4kuukausina salamannopeasti, joten <strong>tee varaus heti sill\u00e4 hetkell\u00e4, kun liikenn\u00f6itsij\u00e4 avaa ennakkomyynnin<\/strong>, mik\u00e4 on yleens\u00e4 kolme kuukautta etuk\u00e4teen.<\/p>\n\n\n\n<figure data-wp-context=\"{&quot;imageId&quot;:&quot;6a9511948e741&quot;}\" data-wp-interactive=\"core\/image\" data-wp-key=\"6a9511948e741\" class=\"wp-block-image size-full wp-lightbox-container\"><img decoding=\"async\" width=\"1600\" height=\"2060\" data-wp-class--hide=\"state.isContentHidden\" data-wp-class--show=\"state.isContentVisible\" data-wp-init=\"callbacks.setButtonStyles\" data-wp-on--click=\"actions.showLightbox\" data-wp-on--load=\"callbacks.setButtonStyles\" data-wp-on--pointerdown=\"actions.preloadImage\" data-wp-on--pointerenter=\"actions.preloadImageWithDelay\" data-wp-on--pointerleave=\"actions.cancelPreload\" data-wp-on-window--resize=\"callbacks.setButtonStyles\" src=\"https:\/\/loudavymkrokem.cz\/wp-content\/uploads\/2026\/08\/barcelona-kdy-jet-do-barcelony-podle-typu-dovo.jpg\" alt=\"Barcelonan katedraali Pla de la Seu -aukiolla\" class=\"wp-image-376378\" title=\"\" srcset=\"https:\/\/loudavymkrokem.cz\/wp-content\/uploads\/2026\/08\/barcelona-kdy-jet-do-barcelony-podle-typu-dovo.jpg 1600w, https:\/\/loudavymkrokem.cz\/wp-content\/uploads\/2026\/08\/barcelona-kdy-jet-do-barcelony-podle-typu-dovo-233x300.jpg 233w, https:\/\/loudavymkrokem.cz\/wp-content\/uploads\/2026\/08\/barcelona-kdy-jet-do-barcelony-podle-typu-dovo-700x901.jpg 700w, https:\/\/loudavymkrokem.cz\/wp-content\/uploads\/2026\/08\/barcelona-kdy-jet-do-barcelony-podle-typu-dovo-768x989.jpg 768w, https:\/\/loudavymkrokem.cz\/wp-content\/uploads\/2026\/08\/barcelona-kdy-jet-do-barcelony-podle-typu-dovo-1193x1536.jpg 1193w, https:\/\/loudavymkrokem.cz\/wp-content\/uploads\/2026\/08\/barcelona-kdy-jet-do-barcelony-podle-typu-dovo-1591x2048.jpg 1591w, https:\/\/loudavymkrokem.cz\/wp-content\/uploads\/2026\/08\/barcelona-kdy-jet-do-barcelony-podle-typu-dovo-696x896.jpg 696w, https:\/\/loudavymkrokem.cz\/wp-content\/uploads\/2026\/08\/barcelona-kdy-jet-do-barcelony-podle-typu-dovo-1392x1792.jpg 1392w\" sizes=\"(max-width: 1600px) 100vw, 1600px\" \/><button\n\t\t\tclass=\"lightbox-trigger\"\n\t\t\ttype=\"button\"\n\t\t\taria-haspopup=\"dialog\"\n\t\t\tdata-wp-bind--aria-label=\"state.thisImage.triggerButtonAriaLabel\"\n\t\t\tdata-wp-init=\"callbacks.initTriggerButton\"\n\t\t\tdata-wp-on--click=\"actions.showLightbox\"\n\t\t\tdata-wp-style--right=\"state.thisImage.buttonRight\"\n\t\t\tdata-wp-style--top=\"state.thisImage.buttonTop\"\n\t\t>\n\t\t\t<svg xmlns=\"http:\/\/www.w3.org\/2000\/svg\" width=\"12\" height=\"12\" fill=\"none\" viewBox=\"0 0 12 12\">\n\t\t\t\t<path fill=\"#fff\" d=\"M2 0a2 2 0 0 0-2 2v2h1.5V2a.5.5 0 0 1 .5-.5h2V0H2Zm2 10.5H2a.5.5 0 0 1-.5-.5V8H0v2a2 2 0 0 0 2 2h2v-1.5ZM8 12v-1.5h2a.5.5 0 0 0 .5-.5V8H12v2a2 2 0 0 1-2 2H8Zm2-12a2 2 0 0 1 2 2v2h-1.5V2a.5.5 0 0 0-.5-.5H8V0h2Z\" \/>\n\t\t\t<\/svg>\n\t\t<\/button><\/figure>\n\n\n\n<h3 class=\"wp-block-heading\"><span class=\"ez-toc-section\" id=\"9_Autolla_Barcelonaan_Varaudu_ZBE-vyohykkeeseen\"><\/span>9. Autolla Barcelonaan? Varaudu ZBE-vy\u00f6hykkeeseen<span class=\"ez-toc-section-end\"><\/span><\/h3>\n\n\n\n<p class=\"wp-block-paragraph\">Ajatus lastata auto kattoa my\u00f6ten t\u00e4yteen ja ajaa omilla renkailla meren rannalle kuulostaa suunnattoman houkuttelevalta, varsinkin jos suunnittelet leiriytymist\u00e4 jonnekin Costa Bravan kallioille. Jos taas suuntaat suoraan kaupungin keskustaan ja sinulla on siell\u00e4 varattuna kallis hotelli, <strong>j\u00e4t\u00e4 autosi mieluummin kotiin tai pys\u00e4k\u00f6i se kauas esikaupunkiin<\/strong>.<\/p>\n\n\n\n<p class=\"wp-block-paragraph\">Barcelona on nimitt\u00e4in ottanut k\u00e4ytt\u00f6\u00f6n aivan brutaalit rajoitukset p\u00e4\u00e4st\u00f6j\u00e4 vastaan ja keskustasta on tullut tavalliselle kuljettajalle kirjaimellisesti miinakentt\u00e4. Koko kaupunki suurten keh\u00e4teiden Ronda de Dalt ja Ronda Litoral sis\u00e4puolella kuuluu <strong>v\u00e4h\u00e4p\u00e4\u00e4st\u00f6vy\u00f6hykkeeseen nimelt\u00e4 ZBE Rondes Barcelona<\/strong>, jonne vartijat p\u00e4\u00e4st\u00e4v\u00e4t sinut vain silloin, jos autosi t\u00e4ytt\u00e4\u00e4 v\u00e4hint\u00e4\u00e4n Euro 3 -normin bensiinille tai Euro 4 -normin dieselille.<\/p>\n\n\n\n<p class=\"wp-block-paragraph\">T\u00e4ss\u00e4 tulee kuitenkin suurin byrokraattinen koukku kaikille suomalaisille. \u00c4l\u00e4 luota siihen, ett\u00e4 ikkunassasi on liimattuna vihre\u00e4 ymp\u00e4rist\u00f6tarra, sill\u00e4 se ei sin\u00e4ns\u00e4 takaa sis\u00e4\u00e4np\u00e4\u00e4sy\u00e4. Ulkomaisella rekisteritunnuksella varustetut ajoneuvot <strong>on etuk\u00e4teen rekister\u00f6it\u00e4v\u00e4 verkossa ja ilmaiseksi AMB-rekisteriin<\/strong>, jota hallinnoi suoraan Katalonian p\u00e4\u00e4kaupunki.<\/p>\n\n\n\n<p class=\"wp-block-paragraph\">Teiden yll\u00e4 nimitt\u00e4in roikkuu \u00e4lykk\u00e4it\u00e4 kameroita, jotka skannaavat automaattisesti kaikkien ohiajavien autojen rekisterikilvet. Jos ajat vy\u00f6hykkeelle etk\u00e4 esiinny rekisteriss\u00e4, <strong>j\u00e4rjestelm\u00e4 m\u00e4\u00e4r\u00e4\u00e4 sinulle t\u00e4ysin armottomasti 200 euron (n. 5 000 K\u010d) sakon<\/strong>. Jos ehdit maksaa sen kahdenkymmenen p\u00e4iv\u00e4n kuluessa, se laskee kyll\u00e4kin sataan euroon, mutta silti se sattuu turhaan.<\/p>\n\n\n\n<p class=\"wp-block-paragraph\">\ud83d\udca1 Vinkki: Pys\u00e4k\u00f6inti keskustassa on lis\u00e4ksi \u00e4\u00e4rimm\u00e4isen kallista ja paikkoja kadulla l\u00f6ytyy aivan minimaalisesti, joten <strong>auto kannattaa j\u00e4tt\u00e4\u00e4 liitynt\u00e4pys\u00e4k\u00f6intialueille<\/strong> ja jatkaa loistavasti toimivalla metrolla.<\/p>\n\n\n\n<figure data-wp-context=\"{&quot;imageId&quot;:&quot;6a9511948ee76&quot;}\" data-wp-interactive=\"core\/image\" data-wp-key=\"6a9511948ee76\" class=\"wp-block-image size-full wp-lightbox-container\"><img decoding=\"async\" width=\"1920\" height=\"1717\" data-wp-class--hide=\"state.isContentHidden\" data-wp-class--show=\"state.isContentVisible\" data-wp-init=\"callbacks.setButtonStyles\" data-wp-on--click=\"actions.showLightbox\" data-wp-on--load=\"callbacks.setButtonStyles\" data-wp-on--pointerdown=\"actions.preloadImage\" data-wp-on--pointerenter=\"actions.preloadImageWithDelay\" data-wp-on--pointerleave=\"actions.cancelPreload\" data-wp-on-window--resize=\"callbacks.setButtonStyles\" src=\"https:\/\/loudavymkrokem.cz\/wp-content\/uploads\/2026\/08\/barcelona-jak-se-dostat-z-letiste-el-prat-do-c.jpg\" alt=\"Kuinka p\u00e4\u00e4st\u00e4 El Pratin lentokent\u00e4lt\u00e4 keskustaan\" class=\"wp-image-376476\" title=\"\" srcset=\"https:\/\/loudavymkrokem.cz\/wp-content\/uploads\/2026\/08\/barcelona-jak-se-dostat-z-letiste-el-prat-do-c.jpg 1920w, https:\/\/loudavymkrokem.cz\/wp-content\/uploads\/2026\/08\/barcelona-jak-se-dostat-z-letiste-el-prat-do-c-300x268.jpg 300w, https:\/\/loudavymkrokem.cz\/wp-content\/uploads\/2026\/08\/barcelona-jak-se-dostat-z-letiste-el-prat-do-c-700x626.jpg 700w, https:\/\/loudavymkrokem.cz\/wp-content\/uploads\/2026\/08\/barcelona-jak-se-dostat-z-letiste-el-prat-do-c-768x687.jpg 768w, https:\/\/loudavymkrokem.cz\/wp-content\/uploads\/2026\/08\/barcelona-jak-se-dostat-z-letiste-el-prat-do-c-1536x1374.jpg 1536w, https:\/\/loudavymkrokem.cz\/wp-content\/uploads\/2026\/08\/barcelona-jak-se-dostat-z-letiste-el-prat-do-c-696x622.jpg 696w, https:\/\/loudavymkrokem.cz\/wp-content\/uploads\/2026\/08\/barcelona-jak-se-dostat-z-letiste-el-prat-do-c-1392x1245.jpg 1392w\" sizes=\"(max-width: 1920px) 100vw, 1920px\" \/><button\n\t\t\tclass=\"lightbox-trigger\"\n\t\t\ttype=\"button\"\n\t\t\taria-haspopup=\"dialog\"\n\t\t\tdata-wp-bind--aria-label=\"state.thisImage.triggerButtonAriaLabel\"\n\t\t\tdata-wp-init=\"callbacks.initTriggerButton\"\n\t\t\tdata-wp-on--click=\"actions.showLightbox\"\n\t\t\tdata-wp-style--right=\"state.thisImage.buttonRight\"\n\t\t\tdata-wp-style--top=\"state.thisImage.buttonTop\"\n\t\t>\n\t\t\t<svg xmlns=\"http:\/\/www.w3.org\/2000\/svg\" width=\"12\" height=\"12\" fill=\"none\" viewBox=\"0 0 12 12\">\n\t\t\t\t<path fill=\"#fff\" d=\"M2 0a2 2 0 0 0-2 2v2h1.5V2a.5.5 0 0 1 .5-.5h2V0H2Zm2 10.5H2a.5.5 0 0 1-.5-.5V8H0v2a2 2 0 0 0 2 2h2v-1.5ZM8 12v-1.5h2a.5.5 0 0 0 .5-.5V8H12v2a2 2 0 0 1-2 2H8Zm2-12a2 2 0 0 1 2 2v2h-1.5V2a.5.5 0 0 0-.5-.5H8V0h2Z\" \/>\n\t\t\t<\/svg>\n\t\t<\/button><figcaption class=\"wp-element-caption\">Kuva: Didier Descouens \/ Wikimedia Commons, Public domain<\/figcaption><\/figure>\n\n\n\n<h3 class=\"wp-block-heading\"><span class=\"ez-toc-section\" id=\"10_Kuinka_paaset_El_Pratin_lentokentalta_keskustaan\"><\/span>10. Kuinka p\u00e4\u00e4set El Pratin lentokent\u00e4lt\u00e4 keskustaan<span class=\"ez-toc-section-end\"><\/span><\/h3>\n\n\n\n<p class=\"wp-block-paragraph\">Kun vihdoin laskeudut kuumalle Barcelonan El Pratin lentokent\u00e4lle, sinua odottaa viimeinen logistinen p\u00e4hkin\u00e4, joka erottaa sinut kaivatuista k\u00e4velyist\u00e4 vanhassa goottilaisessa korttelissa. Nopein ja mukavin vaihtoehto on ep\u00e4ilem\u00e4tt\u00e4 <strong>sininen lentokentt\u00e4bussi nimelt\u00e4 Aerob\u00fas<\/strong>, joka vie sinut suoraan keskeiselle Pla\u00e7a de Catalunya -aukiolle ilman turhia pys\u00e4hdyksi\u00e4.<\/p>\n\n\n\n<p class=\"wp-block-paragraph\">T\u00e4m\u00e4 lippu maksaa hiljattaisen hinnankorotuksen j\u00e4lkeen <strong>7,45 \u20ac (noin 186 K\u010d) suuntaan<\/strong>, ja bussit kulkevat molemmilta terminaaleilta T1 ja T2 aivan rautaisella s\u00e4\u00e4nn\u00f6llisyydell\u00e4. Se on tosin hieman kalliimpaa kuin tavallinen kaupunkiliikenne, mutta sen sijaan sinun ei tarvitse raahata raskaita laukkuja loputtomia portaita pime\u00e4ss\u00e4 maan alla.<\/p>\n\n\n\n<p class=\"wp-block-paragraph\">Jos suosit matkaa maan alla, voit k\u00e4ytt\u00e4\u00e4 modernia metrolinjaa L9 Sud. T\u00e4ss\u00e4 kannattaa kuitenkin olla hyvin varovainen, sill\u00e4 <strong>suosittu T-casual-lippu ei kelpaa lentokentt\u00e4metrossa lainkaan<\/strong> ja modernit portit eiv\u00e4t yksinkertaisesti p\u00e4\u00e4st\u00e4 sinua sill\u00e4 l\u00e4pi. Lentokent\u00e4lt\u00e4 matkaa varten sinun on ostettava automaatista erityinen Bitllet Aeroport, joka maksaa t\u00e4ll\u00e4 hetkell\u00e4 5,90 \u20ac (n. 147 K\u010d). Pareille kannattaa taas huomattavasti enemm\u00e4n ostaa T-familiar-lippu, joka on toisin kuin T-casual siirrett\u00e4viss\u00e4 useammalle henkil\u00f6lle.<\/p>\n\n\n\n<p class=\"wp-block-paragraph\">\ud83d\udca1 Vinkki: Terminaalilta T2 kulkee keskustaan my\u00f6s tavallinen l\u00e4hijuna RENFE, johon <strong>voit sen sijaan k\u00e4ytt\u00e4\u00e4 tavallista lippua ongelmitta<\/strong>, mik\u00e4 tekee siit\u00e4 ylivoimaisesti halvimman kulkuv\u00e4lineen.<\/p>\n\n\n\n<figure data-wp-context=\"{&quot;imageId&quot;:&quot;6a9511948f36a&quot;}\" data-wp-interactive=\"core\/image\" data-wp-key=\"6a9511948f36a\" class=\"wp-block-image size-full wp-lightbox-container\"><img decoding=\"async\" width=\"1600\" height=\"900\" data-wp-class--hide=\"state.isContentHidden\" data-wp-class--show=\"state.isContentVisible\" data-wp-init=\"callbacks.setButtonStyles\" data-wp-on--click=\"actions.showLightbox\" data-wp-on--load=\"callbacks.setButtonStyles\" data-wp-on--pointerdown=\"actions.preloadImage\" data-wp-on--pointerenter=\"actions.preloadImageWithDelay\" data-wp-on--pointerleave=\"actions.cancelPreload\" data-wp-on-window--resize=\"callbacks.setButtonStyles\" src=\"https:\/\/loudavymkrokem.cz\/wp-content\/uploads\/2026\/08\/barcelona-sarria-sant-gervasi-px.jpg\" alt=\"Barcelonan katu ja kaupunkipy\u00f6r\u00e4asema\" class=\"wp-image-376449\" title=\"\" srcset=\"https:\/\/loudavymkrokem.cz\/wp-content\/uploads\/2026\/08\/barcelona-sarria-sant-gervasi-px.jpg 1600w, https:\/\/loudavymkrokem.cz\/wp-content\/uploads\/2026\/08\/barcelona-sarria-sant-gervasi-px-300x169.jpg 300w, https:\/\/loudavymkrokem.cz\/wp-content\/uploads\/2026\/08\/barcelona-sarria-sant-gervasi-px-700x394.jpg 700w, https:\/\/loudavymkrokem.cz\/wp-content\/uploads\/2026\/08\/barcelona-sarria-sant-gervasi-px-768x432.jpg 768w, https:\/\/loudavymkrokem.cz\/wp-content\/uploads\/2026\/08\/barcelona-sarria-sant-gervasi-px-1536x864.jpg 1536w, https:\/\/loudavymkrokem.cz\/wp-content\/uploads\/2026\/08\/barcelona-sarria-sant-gervasi-px-696x392.jpg 696w, https:\/\/loudavymkrokem.cz\/wp-content\/uploads\/2026\/08\/barcelona-sarria-sant-gervasi-px-1392x783.jpg 1392w\" sizes=\"(max-width: 1600px) 100vw, 1600px\" \/><button\n\t\t\tclass=\"lightbox-trigger\"\n\t\t\ttype=\"button\"\n\t\t\taria-haspopup=\"dialog\"\n\t\t\tdata-wp-bind--aria-label=\"state.thisImage.triggerButtonAriaLabel\"\n\t\t\tdata-wp-init=\"callbacks.initTriggerButton\"\n\t\t\tdata-wp-on--click=\"actions.showLightbox\"\n\t\t\tdata-wp-style--right=\"state.thisImage.buttonRight\"\n\t\t\tdata-wp-style--top=\"state.thisImage.buttonTop\"\n\t\t>\n\t\t\t<svg xmlns=\"http:\/\/www.w3.org\/2000\/svg\" width=\"12\" height=\"12\" fill=\"none\" viewBox=\"0 0 12 12\">\n\t\t\t\t<path fill=\"#fff\" d=\"M2 0a2 2 0 0 0-2 2v2h1.5V2a.5.5 0 0 1 .5-.5h2V0H2Zm2 10.5H2a.5.5 0 0 1-.5-.5V8H0v2a2 2 0 0 0 2 2h2v-1.5ZM8 12v-1.5h2a.5.5 0 0 0 .5-.5V8H12v2a2 2 0 0 1-2 2H8Zm2-12a2 2 0 0 1 2 2v2h-1.5V2a.5.5 0 0 0-.5-.5H8V0h2Z\" \/>\n\t\t\t<\/svg>\n\t\t<\/button><\/figure>\n\n\n\n<h3 class=\"wp-block-heading\"><span class=\"ez-toc-section\" id=\"11_Valmismatka_matkatoimiston_kanssa_vs_omatoimimatka\"><\/span>11. Valmismatka matkatoimiston kanssa vs. omatoimimatka<span class=\"ez-toc-section-end\"><\/span><\/h3>\n\n\n\n<p class=\"wp-block-paragraph\">Matkustaessamme Etel\u00e4-Euroopassa moni meist\u00e4 on jo kauan sitten tottunut siihen, ett\u00e4 omatoimimatkailu voittaa aina matkatoimiston kokonaishinnassa. Kokenut edullisen matkailun yst\u00e4v\u00e4 selvi\u00e4\u00e4 kolmesta p\u00e4iv\u00e4st\u00e4 Barcelonassa helposti noin 270 eurolla, keskivertoturisti mahtuu noin 600 euroon, kun taas <strong>matkatoimisto myy pidennetty\u00e4 viikonloppua noin 780 eurosta<\/strong> henkil\u00f6\u00e4 kohti. T\u00e4ydellinen loma kahdelle tulee matkatoimiston kanssa maksamaan helposti reilut 1 600 euroa.<\/p>\n\n\n\n<p class=\"wp-block-paragraph\">Tarkoittaako t\u00e4m\u00e4 muka, ett\u00e4 ihmiset eiv\u00e4t osaa etsi\u00e4 halpoja lentolippuja netist\u00e4? Ei suinkaan. Matkatoimiston t\u00e4rkein myyntivaltti Barcelonassa ei nimitt\u00e4in ole pelkk\u00e4 hinta, vaan pikemminkin <strong>kaikesta p\u00e4\u00e4t\u00f6skuormasta vapautuminen<\/strong>. Kaupunki on nimitt\u00e4in suunnittelun kannalta yksi Euroopan uuvuttavimmista paikoista, jossa sinun on jatkuvasti pidett\u00e4v\u00e4 silm\u00e4ll\u00e4 valtavaa m\u00e4\u00e4r\u00e4\u00e4 yksityiskohtia ja varausj\u00e4rjestelmi\u00e4.<\/p>\n\n\n\n<p class=\"wp-block-paragraph\">Sinun on ratkaistava etuk\u00e4teen, ett\u00e4 liput Sagrada Fam\u00edlia -temppeliin ovat yleens\u00e4 loppuunmyytyj\u00e4 kaksi viikkoa etuk\u00e4teen, suosittu Park G\u00fcell on tiukasti aikataulutettu nollatoleranssilla my\u00f6h\u00e4stymisille, ja <strong>hotellilla sinut yll\u00e4tt\u00e4\u00e4 maksettaessa turistivero jopa 12 \u20ac (n. 300 K\u010d) henkil\u00f6lt\u00e4 ja y\u00f6lt\u00e4<\/strong>, jota et Bookingissa aiemmin n\u00e4hnyt lainkaan.<\/p>\n\n\n\n<p class=\"wp-block-paragraph\">Tunne siit\u00e4, ettei sinun tarvitse huolehtia mist\u00e4\u00e4n t\u00e4st\u00e4 ja oppaallasi on kaikki kalliit liput jo turvassa taskussaan, on v\u00e4syneelle ty\u00f6ss\u00e4k\u00e4yv\u00e4lle ihmiselle yksinkertaisesti korvaamaton. <strong>Jos etsit t\u00e4ydellist\u00e4 vapautta, suunnittele matka itse<\/strong>, mutta jos haluat vain sulkea aivosi ja nauttia tapaksista, valmismatka on eritt\u00e4in j\u00e4rkev\u00e4.<\/p>\n\n\n\n<p class=\"wp-block-paragraph\">\ud83d\udca1 Vinkki: Selvit\u00e4 etuk\u00e4teen tarkka turistiveron m\u00e4\u00e4r\u00e4 majoitustyypillesi, sill\u00e4 viiden t\u00e4hden hotellit maksavat mainitut 12 \u20ac, kun taas <strong>tavallisessa turistiasunnossa maksat 9,50 \u20ac y\u00f6lt\u00e4<\/strong>.<\/p>\n\n\n\n<figure data-wp-context=\"{&quot;imageId&quot;:&quot;6a9511948f81d&quot;}\" data-wp-interactive=\"core\/image\" data-wp-key=\"6a9511948f81d\" class=\"wp-block-image size-full wp-lightbox-container\"><img decoding=\"async\" width=\"1333\" height=\"2000\" data-wp-class--hide=\"state.isContentHidden\" data-wp-class--show=\"state.isContentVisible\" data-wp-init=\"callbacks.setButtonStyles\" data-wp-on--click=\"actions.showLightbox\" data-wp-on--load=\"callbacks.setButtonStyles\" data-wp-on--pointerdown=\"actions.preloadImage\" data-wp-on--pointerenter=\"actions.preloadImageWithDelay\" data-wp-on--pointerleave=\"actions.cancelPreload\" data-wp-on-window--resize=\"callbacks.setButtonStyles\" src=\"https:\/\/loudavymkrokem.cz\/wp-content\/uploads\/2026\/08\/barcelona-rooftop-panorama.jpg\" alt=\"Barcelonan panoraama hotellin kattoterassilta\" class=\"wp-image-376354\" title=\"\" srcset=\"https:\/\/loudavymkrokem.cz\/wp-content\/uploads\/2026\/08\/barcelona-rooftop-panorama.jpg 1333w, https:\/\/loudavymkrokem.cz\/wp-content\/uploads\/2026\/08\/barcelona-rooftop-panorama-200x300.jpg 200w, https:\/\/loudavymkrokem.cz\/wp-content\/uploads\/2026\/08\/barcelona-rooftop-panorama-700x1050.jpg 700w, https:\/\/loudavymkrokem.cz\/wp-content\/uploads\/2026\/08\/barcelona-rooftop-panorama-768x1152.jpg 768w, https:\/\/loudavymkrokem.cz\/wp-content\/uploads\/2026\/08\/barcelona-rooftop-panorama-1024x1536.jpg 1024w, https:\/\/loudavymkrokem.cz\/wp-content\/uploads\/2026\/08\/barcelona-rooftop-panorama-696x1044.jpg 696w\" sizes=\"(max-width: 1333px) 100vw, 1333px\" \/><button\n\t\t\tclass=\"lightbox-trigger\"\n\t\t\ttype=\"button\"\n\t\t\taria-haspopup=\"dialog\"\n\t\t\tdata-wp-bind--aria-label=\"state.thisImage.triggerButtonAriaLabel\"\n\t\t\tdata-wp-init=\"callbacks.initTriggerButton\"\n\t\t\tdata-wp-on--click=\"actions.showLightbox\"\n\t\t\tdata-wp-style--right=\"state.thisImage.buttonRight\"\n\t\t\tdata-wp-style--top=\"state.thisImage.buttonTop\"\n\t\t>\n\t\t\t<svg xmlns=\"http:\/\/www.w3.org\/2000\/svg\" width=\"12\" height=\"12\" fill=\"none\" viewBox=\"0 0 12 12\">\n\t\t\t\t<path fill=\"#fff\" d=\"M2 0a2 2 0 0 0-2 2v2h1.5V2a.5.5 0 0 1 .5-.5h2V0H2Zm2 10.5H2a.5.5 0 0 1-.5-.5V8H0v2a2 2 0 0 0 2 2h2v-1.5ZM8 12v-1.5h2a.5.5 0 0 0 .5-.5V8H12v2a2 2 0 0 1-2 2H8Zm2-12a2 2 0 0 1 2 2v2h-1.5V2a.5.5 0 0 0-.5-.5H8V0h2Z\" \/>\n\t\t\t<\/svg>\n\t\t<\/button><\/figure>\n\n\n\n<h2 class=\"wp-block-heading\"><span class=\"ez-toc-section\" id=\"Kaytannon_yhteenveto_ja_suuntaa_antavat_hinnat\"><\/span>K\u00e4yt\u00e4nn\u00f6n yhteenveto ja suuntaa antavat hinnat<span class=\"ez-toc-section-end\"><\/span><\/h2>\n\n\n\n<p class=\"wp-block-paragraph\"><strong>Budjetin suunnittelu<\/strong> on onnistumisen perusta, joten kokosimme sinulle <strong>t\u00e4rkeimm\u00e4t summat<\/strong>, joihin sinun on vuonna 2026 realistisesti varauduttava.<\/p>\n\n\n\n<ul class=\"wp-block-list\">\n\n<li>  <strong>Keskim\u00e4\u00e4r\u00e4inen yhdensuuntainen lentolippu (kes\u00e4ll\u00e4):<\/strong> noin 95 \u20ac (suuntaa antavasti portaali Omion mukaan)<\/li>\n\n\n\n<li>  <strong>Ryanairin sakko suuresta laukusta:<\/strong> 35 \u20ac \u2013 69,99 \u20ac (875 K\u010d \u2013 1 750 K\u010d)<\/li>\n\n\n\n<li>  <strong>Bussi Gironan lentokent\u00e4lt\u00e4 keskustaan:<\/strong> 22 \u20ac (550 K\u010d)<\/li>\n\n\n\n<li>  <strong>Aerob\u00fas-lippu (El Pratin lentokentt\u00e4):<\/strong> 7,45 \u20ac (186 K\u010d)<\/li>\n\n\n\n<li>  <strong>Erityislippu lentokentt\u00e4metroon L9 Sud:<\/strong> 5,90 \u20ac (147 K\u010d)<\/li>\n\n\n\n<li>  <strong>Sakko autolla ZBE-vy\u00f6hykkeelle ajamisesta ilman rekister\u00f6inti\u00e4:<\/strong> 200 \u20ac (5 000 K\u010d)<\/li>\n\n\n\n<li>  <strong>Turistivero 5* hotellissa:<\/strong> 12 \u20ac \/ henkil\u00f6 \/ y\u00f6 (300 K\u010d)<\/li>\n\n\n\n<li>  <strong>Turistivero asunnossa:<\/strong> 9,50 \u20ac \/ henkil\u00f6 \/ y\u00f6 (237 K\u010d)<\/li>\n\n\n<\/ul>\n\n\n\n<figure data-wp-context=\"{&quot;imageId&quot;:&quot;6a9511948fcea&quot;}\" data-wp-interactive=\"core\/image\" data-wp-key=\"6a9511948fcea\" class=\"wp-block-image size-full wp-lightbox-container\"><img decoding=\"async\" width=\"1333\" height=\"2000\" data-wp-class--hide=\"state.isContentHidden\" data-wp-class--show=\"state.isContentVisible\" data-wp-init=\"callbacks.setButtonStyles\" data-wp-on--click=\"actions.showLightbox\" data-wp-on--load=\"callbacks.setButtonStyles\" data-wp-on--pointerdown=\"actions.preloadImage\" data-wp-on--pointerenter=\"actions.preloadImageWithDelay\" data-wp-on--pointerleave=\"actions.cancelPreload\" data-wp-on-window--resize=\"callbacks.setButtonStyles\" src=\"https:\/\/loudavymkrokem.cz\/wp-content\/uploads\/2026\/08\/park-guell-panorama-domky.jpg\" alt=\"Park G\u00fcell, talot ja Barcelonan panoraama\" class=\"wp-image-376305\" title=\"\" srcset=\"https:\/\/loudavymkrokem.cz\/wp-content\/uploads\/2026\/08\/park-guell-panorama-domky.jpg 1333w, https:\/\/loudavymkrokem.cz\/wp-content\/uploads\/2026\/08\/park-guell-panorama-domky-200x300.jpg 200w, https:\/\/loudavymkrokem.cz\/wp-content\/uploads\/2026\/08\/park-guell-panorama-domky-700x1050.jpg 700w, https:\/\/loudavymkrokem.cz\/wp-content\/uploads\/2026\/08\/park-guell-panorama-domky-768x1152.jpg 768w, https:\/\/loudavymkrokem.cz\/wp-content\/uploads\/2026\/08\/park-guell-panorama-domky-1024x1536.jpg 1024w, https:\/\/loudavymkrokem.cz\/wp-content\/uploads\/2026\/08\/park-guell-panorama-domky-696x1044.jpg 696w\" sizes=\"(max-width: 1333px) 100vw, 1333px\" \/><button\n\t\t\tclass=\"lightbox-trigger\"\n\t\t\ttype=\"button\"\n\t\t\taria-haspopup=\"dialog\"\n\t\t\tdata-wp-bind--aria-label=\"state.thisImage.triggerButtonAriaLabel\"\n\t\t\tdata-wp-init=\"callbacks.initTriggerButton\"\n\t\t\tdata-wp-on--click=\"actions.showLightbox\"\n\t\t\tdata-wp-style--right=\"state.thisImage.buttonRight\"\n\t\t\tdata-wp-style--top=\"state.thisImage.buttonTop\"\n\t\t>\n\t\t\t<svg xmlns=\"http:\/\/www.w3.org\/2000\/svg\" width=\"12\" height=\"12\" fill=\"none\" viewBox=\"0 0 12 12\">\n\t\t\t\t<path fill=\"#fff\" d=\"M2 0a2 2 0 0 0-2 2v2h1.5V2a.5.5 0 0 1 .5-.5h2V0H2Zm2 10.5H2a.5.5 0 0 1-.5-.5V8H0v2a2 2 0 0 0 2 2h2v-1.5ZM8 12v-1.5h2a.5.5 0 0 0 .5-.5V8H12v2a2 2 0 0 1-2 2H8Zm2-12a2 2 0 0 1 2 2v2h-1.5V2a.5.5 0 0 0-.5-.5H8V0h2Z\" \/>\n\t\t\t<\/svg>\n\t\t<\/button><\/figure>\n\n\n\n<h2 class=\"wp-block-heading\"><span class=\"ez-toc-section\" id=\"Minne_seuraavaksi\"><\/span>Minne seuraavaksi<span class=\"ez-toc-section-end\"><\/span><\/h2>\n\n\n\n<p class=\"wp-block-paragraph\">Barcelonasta meill\u00e4 on my\u00f6s n\u00e4m\u00e4 yksityiskohtaiset oppaat:<\/p>\n\n\n\n<ul class=\"wp-block-list\">\n\n<li><a href=\"https:\/\/loudavymkrokem.cz\/fi\/?p=376361\">Hinnat Barcelonassa: budjetti ja turistivero<\/a><\/li>\n\n\n<\/ul>\n\n\n\n<p class=\"wp-block-paragraph\">Jos sinua kiinnostavat muut yksityiskohdat t\u00e4ydelliseen lomaan Espanjassa, tutustu ehdottomasti muihin artikkeleihimme, joissa k\u00e4sittelemme kaikkea majoituksesta parhaisiin n\u00e4ht\u00e4vyyksiin.<\/p>\n\n\n\n<ul class=\"wp-block-list\">\n\n<li>  <a href=\"https:\/\/loudavymkrokem.cz\/fi\/barcelona-espanja-nahtavyydet\/\">Mit\u00e4 n\u00e4hd\u00e4 Barcelonassa: 25+ vinkki\u00e4<\/a><\/li>\n\n\n\n<li>  <a href=\"https:\/\/loudavymkrokem.cz\/fi\/?p=376277\">S\u00e4\u00e4 Barcelonassa: l\u00e4mp\u00f6tilat kuukausittain ja milloin matkustaa<\/a><\/li>\n\n\n\n<li>  <a href=\"https:\/\/loudavymkrokem.cz\/fi\/?p=376352\">Liikenne Barcelonassa: metro, liput ja lentokentt\u00e4<\/a><\/li>\n\n\n\n<li>  <a href=\"https:\/\/loudavymkrokem.cz\/fi\/majoittua-barcelona-espanja\/\">Miss\u00e4 asua Barcelonassa: 10 kaupunginosaa<\/a><\/li>\n\n\n\n<li>  <a href=\"https:\/\/loudavymkrokem.cz\/fi\/girona-espanja-nahtavyydet\/\">Girona, Espanja: 16 vinkki\u00e4 mit\u00e4 n\u00e4hd\u00e4<\/a><\/li>\n\n\n\n<li>  <a href=\"https:\/\/loudavymkrokem.cz\/fi\/loma-espanjassa-vinkit\/\">Loma Espanjassa: 17 vinkki\u00e4 minne suunnata<\/a><\/li>\n\n\n<\/ul>\n\n\n\n<figure data-wp-context=\"{&quot;imageId&quot;:&quot;6a95119490269&quot;}\" data-wp-interactive=\"core\/image\" data-wp-key=\"6a95119490269\" class=\"wp-block-image size-full wp-lightbox-container\"><img decoding=\"async\" width=\"2000\" height=\"1333\" data-wp-class--hide=\"state.isContentHidden\" data-wp-class--show=\"state.isContentVisible\" data-wp-init=\"callbacks.setButtonStyles\" data-wp-on--click=\"actions.showLightbox\" data-wp-on--load=\"callbacks.setButtonStyles\" data-wp-on--pointerdown=\"actions.preloadImage\" data-wp-on--pointerenter=\"actions.preloadImageWithDelay\" data-wp-on--pointerleave=\"actions.cancelPreload\" data-wp-on-window--resize=\"callbacks.setButtonStyles\" src=\"https:\/\/loudavymkrokem.cz\/wp-content\/uploads\/2026\/08\/arc-de-triomf-palmy.jpg\" alt=\"Arc de Triomf Barcelonassa palmujen keskell\u00e4\" class=\"wp-image-376340\" title=\"\" srcset=\"https:\/\/loudavymkrokem.cz\/wp-content\/uploads\/2026\/08\/arc-de-triomf-palmy.jpg 2000w, https:\/\/loudavymkrokem.cz\/wp-content\/uploads\/2026\/08\/arc-de-triomf-palmy-300x200.jpg 300w, https:\/\/loudavymkrokem.cz\/wp-content\/uploads\/2026\/08\/arc-de-triomf-palmy-700x467.jpg 700w, https:\/\/loudavymkrokem.cz\/wp-content\/uploads\/2026\/08\/arc-de-triomf-palmy-768x512.jpg 768w, https:\/\/loudavymkrokem.cz\/wp-content\/uploads\/2026\/08\/arc-de-triomf-palmy-1536x1024.jpg 1536w, https:\/\/loudavymkrokem.cz\/wp-content\/uploads\/2026\/08\/arc-de-triomf-palmy-696x464.jpg 696w, https:\/\/loudavymkrokem.cz\/wp-content\/uploads\/2026\/08\/arc-de-triomf-palmy-1392x928.jpg 1392w, https:\/\/loudavymkrokem.cz\/wp-content\/uploads\/2026\/08\/arc-de-triomf-palmy-1920x1280.jpg 1920w\" sizes=\"(max-width: 2000px) 100vw, 2000px\" \/><button\n\t\t\tclass=\"lightbox-trigger\"\n\t\t\ttype=\"button\"\n\t\t\taria-haspopup=\"dialog\"\n\t\t\tdata-wp-bind--aria-label=\"state.thisImage.triggerButtonAriaLabel\"\n\t\t\tdata-wp-init=\"callbacks.initTriggerButton\"\n\t\t\tdata-wp-on--click=\"actions.showLightbox\"\n\t\t\tdata-wp-style--right=\"state.thisImage.buttonRight\"\n\t\t\tdata-wp-style--top=\"state.thisImage.buttonTop\"\n\t\t>\n\t\t\t<svg xmlns=\"http:\/\/www.w3.org\/2000\/svg\" width=\"12\" height=\"12\" fill=\"none\" viewBox=\"0 0 12 12\">\n\t\t\t\t<path fill=\"#fff\" d=\"M2 0a2 2 0 0 0-2 2v2h1.5V2a.5.5 0 0 1 .5-.5h2V0H2Zm2 10.5H2a.5.5 0 0 1-.5-.5V8H0v2a2 2 0 0 0 2 2h2v-1.5ZM8 12v-1.5h2a.5.5 0 0 0 .5-.5V8H12v2a2 2 0 0 1-2 2H8Zm2-12a2 2 0 0 1 2 2v2h-1.5V2a.5.5 0 0 0-.5-.5H8V0h2Z\" \/>\n\t\t\t<\/svg>\n\t\t<\/button><\/figure>\n\n\n\n<h2 class=\"wp-block-heading\"><span class=\"ez-toc-section\" id=\"Usein_kysytyt_kysymykset\"><\/span>Usein kysytyt kysymykset<span class=\"ez-toc-section-end\"><\/span><\/h2>\n\n\n<div id=\"rank-math-faq\" class=\"rank-math-block\">\n<div class=\"rank-math-list \">\n<div id=\"faq-question-1785837102000\" class=\"rank-math-list-item\">\n<h3 class=\"rank-math-question \"><span class=\"ez-toc-section\" id=\"Kuinka_kauan_lento_Barcelonaan_Helsingista_kestaa\"><\/span>Kuinka kauan lento Barcelonaan Helsingist\u00e4 kest\u00e4\u00e4?<span class=\"ez-toc-section-end\"><\/span><\/h3>\n<div class=\"rank-math-answer \">\n\n<p>Suora lento Helsingin lentoasemalta Barcelonan El Prat -lentoasemalle kest\u00e4\u00e4 mukavat 2 tuntia ja 25 minuuttia, jonka aikana ylit\u00e4t 1 357 kilometrin matkan. Kes\u00e4kaudella voit lis\u00e4ksi valita noin 4 eri lennosta p\u00e4iv\u00e4ss\u00e4, mik\u00e4 antaa valtavasti joustavuutta matkan suunnitteluun.<\/p>\n\n<\/div>\n<\/div>\n<div id=\"faq-question-1785837102001\" class=\"rank-math-list-item\">\n<h3 class=\"rank-math-question \"><span class=\"ez-toc-section\" id=\"Paljonko_lentolippu_maksaa_suunnilleen\"><\/span>Paljonko lentolippu maksaa suunnilleen?<span class=\"ez-toc-section-end\"><\/span><\/h3>\n<div class=\"rank-math-answer \">\n\n<p>Hinnat vaihtelevat paljon varausajankohdan ja kauden mukaan, mutta kes\u00e4ll\u00e4 keskihinta on noin 85 \u20ac (2 320 K\u010d) yhteen suuntaan t\u00e4ysin ilman matkatavaroita. Vaikka hakukoneet saattavat n\u00e4ytt\u00e4\u00e4 lentoja alkaen 50 \u20ac (1 300 K\u010d), n\u00e4m\u00e4 hinnat ovat yleens\u00e4 saatavilla pikemminkin p\u00e4\u00e4lomakauden ulkopuolella ja v\u00e4hemm\u00e4n houkuttelevina p\u00e4ivin\u00e4.<\/p>\n\n<\/div>\n<\/div>\n<div id=\"faq-question-1785837102002\" class=\"rank-math-list-item\">\n<h3 class=\"rank-math-question \"><span class=\"ez-toc-section\" id=\"Kayko_tavallinen_metrolippu_lentoasemalta\"><\/span>K\u00e4yk\u00f6 tavallinen metrolippu lentoasemalta?<span class=\"ez-toc-section-end\"><\/span><\/h3>\n<div class=\"rank-math-answer \">\n\n<p>Valitettavasti ei k\u00e4y, tavallinen T-casual-lippu ei p\u00e4\u00e4st\u00e4 sinua l\u00e4pi porteista modernille lentoaseman linjalle L9 Sud. Sinun on ostettava erityinen Bitllet Aeroport, joka maksaa t\u00e4ll\u00e4 hetkell\u00e4 5,90 \u20ac. Jos haluat s\u00e4\u00e4st\u00e4\u00e4, k\u00e4yt\u00e4 RENFE-l\u00e4hijunaa terminaalista T2, jossa tavallinen lippu k\u00e4y normaalisti.<\/p>\n\n<\/div>\n<\/div>\n<div id=\"faq-question-1785837102003\" class=\"rank-math-list-item\">\n<h3 class=\"rank-math-question \"><span class=\"ez-toc-section\" id=\"Voinko_ajaa_autolla_Barcelonan_keskustaan\"><\/span>Voinko ajaa autolla Barcelonan keskustaan?<span class=\"ez-toc-section-end\"><\/span><\/h3>\n<div class=\"rank-math-answer \">\n\n<p>Teoriassa voit, mutta k\u00e4yt\u00e4nn\u00f6ss\u00e4 emme suosittele sit\u00e4 vahvasti tiukan matalap\u00e4\u00e4st\u00f6alueen ZBE vuoksi, joka kattaa koko keskustan. Ulkomaiset autot on rekister\u00f6it\u00e4v\u00e4 etuk\u00e4teen ilmaiseksi verkossa AMB-j\u00e4rjestelm\u00e4\u00e4n ja niiden on t\u00e4ytett\u00e4v\u00e4 p\u00e4\u00e4st\u00f6normit, muuten riskin\u00e4 on automaattinen 200 \u20ac sakko \u00e4lykk\u00e4\u00e4st\u00e4 kameraj\u00e4rjestelm\u00e4st\u00e4.<\/p>\n\n<\/div>\n<\/div>\n<div id=\"faq-question-1785837102004\" class=\"rank-math-list-item\">\n<h3 class=\"rank-math-question \"><span class=\"ez-toc-section\" id=\"Paaseeko_Barcelonaan_mukavasti_junalla\"><\/span>P\u00e4\u00e4seek\u00f6 Barcelonaan mukavasti junalla?<span class=\"ez-toc-section-end\"><\/span><\/h3>\n<div class=\"rank-math-answer \">\n\n<p>Ehdottomasti ja se on j\u00e4rkev\u00e4 vaihtoehto, jos terveydellisist\u00e4 syist\u00e4 et voi lent\u00e4\u00e4. Yleisin reitti kulkee Dresdenin, Frankfurtin ja Strasbourgin kautta, jossa voi y\u00f6py\u00e4, ja sitten Lyonin kautta Espanjaan. Toinen vaihtoehto on suora TGV Pariisista, joka selvitt\u00e4\u00e4 matkan merelle 6 tunnissa ja 15 minuutissa.<\/p>\n\n<\/div>\n<\/div>\n<div id=\"faq-question-1785837102005\" class=\"rank-math-list-item\">\n<h3 class=\"rank-math-question \"><span class=\"ez-toc-section\" id=\"Mihin_kannattaa_varoa_halpalentoyhtioilla_kuten_Ryanair\"><\/span>Mihin kannattaa varoa halpalentoyhti\u00f6ill\u00e4 kuten Ryanair?<span class=\"ez-toc-section-end\"><\/span><\/h3>\n<div class=\"rank-math-answer \">\n\n<p>Suurin ongelma ovat piilotetut maksut matkatavaroista suoraan l\u00e4ht\u00f6portilla. Jos et osta Priority-palvelua ja saavut ison k\u00e4simatkatavaran kanssa, joka ei mahdu 40 \u00d7 20 \u00d7 25 senttimetrin rajoihin, maksat kovan 35 \u20ac sakon, joka viel\u00e4kin suurempien matkatavaroiden kohdalla nousee jopa 70 \u20ac:oon.<\/p>\n\n<\/div>\n<\/div>\n<div id=\"faq-question-1785837102006\" class=\"rank-math-list-item\">\n<h3 class=\"rank-math-question \"><span class=\"ez-toc-section\" id=\"Kannattaako_lentaa_kauempana_sijaitseville_lentoasemille_Girona_tai_Reus\"><\/span>Kannattaako lent\u00e4\u00e4 kauempana sijaitseville lentoasemille Girona tai Reus?<span class=\"ez-toc-section-end\"><\/span><\/h3>\n<div class=\"rank-math-answer \">\n\n<p>Jos matkustat suoraan Barcelonaan, se ei yleens\u00e4 kannata ollenkaan. Bussikuljetus n\u00e4ilt\u00e4 lentoasemilta maksaa 15\u201322 \u20ac lis\u00e4\u00e4 yhteen suuntaan ja matka kest\u00e4\u00e4 yli tunnin ja varttitunnin, joten halvemmasta lentolipusta s\u00e4\u00e4stetyt rahat kuluvat lopulta pitk\u00e4\u00e4n kuljetukseen keskustaan ja menet\u00e4t paljon aikaa.<\/p>\n\n<\/div>\n<\/div>\n<\/div>\n<\/div>","protected":false},"excerpt":{"rendered":"<p>Suunnitteletko matkaa Barcelonaan Espanjaan? Neuvomme, mitk\u00e4 lentoliput valita, mihin kiinnitt\u00e4\u00e4 huomiota matkatavaroiden kanssa ja miten sinne p\u00e4\u00e4see junalla, jos et lenn\u00e4.<\/p>\n","protected":false},"author":3,"featured_media":376474,"comment_status":"open","ping_status":"open","sticky":false,"template":"","format":"standard","meta":{"_acf_changed":false,"footnotes":"","rank_math_title":"Barcelona Espanja: lennot, hinnat ja juna 2026","rank_math_description":"Barcelona Espanja: n\u00e4in p\u00e4\u00e4set perille edullisesti. Vertaile lennot, matkatavaras\u00e4\u00e4nn\u00f6t, junayhteydet ja turistivero 2026 \u2013 lue kaikki vinkit ennen matkaa!","rank_math_focus_keyword":"barcelona espanja","rank_math_seo_score":""},"categories":[2211,2129,2148,2123],"tags":[],"class_list":["post-408628","post","type-post","status-publish","format-standard","has-post-thumbnail","category-espanja","category-eurooppa","category-katalonia","category-matkailu"],"acf":[],"featured_image_src":"https:\/\/loudavymkrokem.cz\/wp-content\/uploads\/2026\/08\/barcelona-vueling-a-jejich-odstupnovana-kila-px.jpg","author_info":{"display_name":"Lucie Kone\u010dn\u00e1","author_link":"https:\/\/loudavymkrokem.cz\/fi\/author\/lucie-konecna\/"},"_links":{"self":[{"href":"https:\/\/loudavymkrokem.cz\/fi\/wp-json\/wp\/v2\/posts\/408628","targetHints":{"allow":["GET"]}}],"collection":[{"href":"https:\/\/loudavymkrokem.cz\/fi\/wp-json\/wp\/v2\/posts"}],"about":[{"href":"https:\/\/loudavymkrokem.cz\/fi\/wp-json\/wp\/v2\/types\/post"}],"author":[{"embeddable":true,"href":"https:\/\/loudavymkrokem.cz\/fi\/wp-json\/wp\/v2\/users\/3"}],"replies":[{"embeddable":true,"href":"https:\/\/loudavymkrokem.cz\/fi\/wp-json\/wp\/v2\/comments?post=408628"}],"version-history":[{"count":2,"href":"https:\/\/loudavymkrokem.cz\/fi\/wp-json\/wp\/v2\/posts\/408628\/revisions"}],"predecessor-version":[{"id":408630,"href":"https:\/\/loudavymkrokem.cz\/fi\/wp-json\/wp\/v2\/posts\/408628\/revisions\/408630"}],"wp:featuredmedia":[{"embeddable":true,"href":"https:\/\/loudavymkrokem.cz\/fi\/wp-json\/wp\/v2\/media\/376474"}],"wp:attachment":[{"href":"https:\/\/loudavymkrokem.cz\/fi\/wp-json\/wp\/v2\/media?parent=408628"}],"wp:term":[{"taxonomy":"category","embeddable":true,"href":"https:\/\/loudavymkrokem.cz\/fi\/wp-json\/wp\/v2\/categories?post=408628"},{"taxonomy":"post_tag","embeddable":true,"href":"https:\/\/loudavymkrokem.cz\/fi\/wp-json\/wp\/v2\/tags?post=408628"}],"curies":[{"name":"wp","href":"https:\/\/api.w.org\/{rel}","templated":true}]}}