{"id":408609,"date":"2026-08-29T20:24:18","date_gmt":"2026-08-29T18:24:18","guid":{"rendered":"https:\/\/loudavymkrokem.cz\/tartto-nahtavyydet-viro\/"},"modified":"2026-08-31T04:25:11","modified_gmt":"2026-08-31T02:25:11","slug":"tartto-nahtavyydet-viro","status":"publish","type":"post","link":"https:\/\/loudavymkrokem.cz\/fi\/tartto-nahtavyydet-viro\/","title":{"rendered":"Tartto, Viro: 12 vinkki\u00e4 opiskelijakaupungin syd\u00e4meen 2026"},"content":{"rendered":"\n<p class=\"wp-block-paragraph\">Kun Tallinnaan tulvii p\u00e4ivisin risteilyalusten turistijoukkoja, Tartto el\u00e4\u00e4 aivan omaa tahtiaan. T\u00e4m\u00e4 <strong>Viron toiseksi suurin kaupunki<\/strong> sijaitsee noin kahden tunnin matkan p\u00e4\u00e4ss\u00e4 etel\u00e4ss\u00e4, ja se kuuluu ennen kaikkea opiskelijoille. T\u00e4\u00e4ll\u00e4 vallitsee paljon rennompi tunnelma, joka imaisee sinut heti mukaansa rauhalliseen rytmiins\u00e4. Tartto, Viro, on siis aivan erilainen kokemus kuin p\u00e4\u00e4kaupunki.<\/p>\n\n\n\n<p class=\"wp-block-paragraph\">Sit\u00e4 kutsutaan hyvien ajatusten kaupungiksi, ja paikallinen yliopisto, joka <strong>perustettiin jo vuonna 1632<\/strong>, tekee siit\u00e4 maan todellisen henkisen syd\u00e4men. Turistit eiv\u00e4t suuntaa t\u00e4nne yht\u00e4 innokkaasti, mutta sit\u00e4 aidompi kokemus sinua monien matkailijoiden mukaan odottaa. T\u00e4\u00e4ll\u00e4 ei nimitt\u00e4in ole pulaa mahtavista kahviloista, upeista puistoista eik\u00e4 tuoreesta arkkitehtuurista.<\/p>\n\n\n\n<p class=\"wp-block-paragraph\">Annan sinulle <strong>12 vinkki\u00e4<\/strong> siit\u00e4, mit\u00e4 kaupungissa ei kannata j\u00e4tt\u00e4\u00e4 v\u00e4liin \u2014 luovien pihojen kahviloista museoon, joka vie sanat suusta. Kerron my\u00f6s, miten t\u00e4nne p\u00e4\u00e4see parhaiten, <strong>kuinka paljon aikaa kannattaa varata<\/strong> ja mihin majoittua strategisesti, jotta kaikki on k\u00e4tev\u00e4sti l\u00e4hell\u00e4.<\/p>\n\n\n\n<figure data-wp-context=\"{&quot;imageId&quot;:&quot;6a95075036392&quot;}\" data-wp-interactive=\"core\/image\" data-wp-key=\"6a95075036392\" class=\"wp-block-image size-full wp-lightbox-container\"><img decoding=\"async\" width=\"1800\" height=\"872\" data-wp-class--hide=\"state.isContentHidden\" data-wp-class--show=\"state.isContentVisible\" data-wp-init=\"callbacks.setButtonStyles\" data-wp-on--click=\"actions.showLightbox\" data-wp-on--load=\"callbacks.setButtonStyles\" data-wp-on--pointerdown=\"actions.preloadImage\" data-wp-on--pointerenter=\"actions.preloadImageWithDelay\" data-wp-on--pointerleave=\"actions.cancelPreload\" data-wp-on-window--resize=\"callbacks.setButtonStyles\" src=\"https:\/\/loudavymkrokem.cz\/wp-content\/uploads\/2026\/07\/estonsko-clanky-tartu-co-videt-01.jpg\" alt=\"Tarton raatihuoneentori\" class=\"wp-image-350586\" title=\"\" srcset=\"https:\/\/loudavymkrokem.cz\/wp-content\/uploads\/2026\/07\/estonsko-clanky-tartu-co-videt-01.jpg 1800w, https:\/\/loudavymkrokem.cz\/wp-content\/uploads\/2026\/07\/estonsko-clanky-tartu-co-videt-01-300x145.jpg 300w, https:\/\/loudavymkrokem.cz\/wp-content\/uploads\/2026\/07\/estonsko-clanky-tartu-co-videt-01-700x339.jpg 700w, https:\/\/loudavymkrokem.cz\/wp-content\/uploads\/2026\/07\/estonsko-clanky-tartu-co-videt-01-768x372.jpg 768w, https:\/\/loudavymkrokem.cz\/wp-content\/uploads\/2026\/07\/estonsko-clanky-tartu-co-videt-01-1536x744.jpg 1536w, https:\/\/loudavymkrokem.cz\/wp-content\/uploads\/2026\/07\/estonsko-clanky-tartu-co-videt-01-696x337.jpg 696w, https:\/\/loudavymkrokem.cz\/wp-content\/uploads\/2026\/07\/estonsko-clanky-tartu-co-videt-01-1392x674.jpg 1392w\" sizes=\"(max-width: 1800px) 100vw, 1800px\" \/><button\n\t\t\tclass=\"lightbox-trigger\"\n\t\t\ttype=\"button\"\n\t\t\taria-haspopup=\"dialog\"\n\t\t\tdata-wp-bind--aria-label=\"state.thisImage.triggerButtonAriaLabel\"\n\t\t\tdata-wp-init=\"callbacks.initTriggerButton\"\n\t\t\tdata-wp-on--click=\"actions.showLightbox\"\n\t\t\tdata-wp-style--right=\"state.thisImage.buttonRight\"\n\t\t\tdata-wp-style--top=\"state.thisImage.buttonTop\"\n\t\t>\n\t\t\t<svg xmlns=\"http:\/\/www.w3.org\/2000\/svg\" width=\"12\" height=\"12\" fill=\"none\" viewBox=\"0 0 12 12\">\n\t\t\t\t<path fill=\"#fff\" d=\"M2 0a2 2 0 0 0-2 2v2h1.5V2a.5.5 0 0 1 .5-.5h2V0H2Zm2 10.5H2a.5.5 0 0 1-.5-.5V8H0v2a2 2 0 0 0 2 2h2v-1.5ZM8 12v-1.5h2a.5.5 0 0 0 .5-.5V8H12v2a2 2 0 0 1-2 2H8Zm2-12a2 2 0 0 1 2 2v2h-1.5V2a.5.5 0 0 0-.5-.5H8V0h2Z\" \/>\n\t\t\t<\/svg>\n\t\t<\/button><figcaption class=\"wp-element-caption\">Foto: Cayambe \/ Wikimedia Commons, CC BY-SA 4.0<\/figcaption><\/figure>\n\n\n\n<div id=\"ez-toc-container\" class=\"ez-toc-v2_0_86 ez-toc-wrap-left counter-hierarchy ez-toc-counter ez-toc-grey ez-toc-container-direction\">\n<div class=\"ez-toc-title-container\">\n<p class=\"ez-toc-title\" style=\"cursor:inherit\">Artikkelin sis\u00e4lt\u00f6<\/p>\n<span class=\"ez-toc-title-toggle\"><a href=\"#\" class=\"ez-toc-pull-right ez-toc-btn ez-toc-btn-xs ez-toc-btn-default ez-toc-toggle\" aria-label=\"Toggle Table of Content\"><span class=\"ez-toc-js-icon-con\"><span class=\"\"><span class=\"eztoc-hide\" style=\"display:none;\">Toggle<\/span><span class=\"ez-toc-icon-toggle-span\"><svg style=\"fill: #999;color:#999\" xmlns=\"http:\/\/www.w3.org\/2000\/svg\" class=\"list-377408\" width=\"20px\" height=\"20px\" viewBox=\"0 0 24 24\" fill=\"none\"><path d=\"M6 6H4v2h2V6zm14 0H8v2h12V6zM4 11h2v2H4v-2zm16 0H8v2h12v-2zM4 16h2v2H4v-2zm16 0H8v2h12v-2z\" fill=\"currentColor\"><\/path><\/svg><svg style=\"fill: #999;color:#999\" class=\"arrow-unsorted-368013\" xmlns=\"http:\/\/www.w3.org\/2000\/svg\" width=\"10px\" height=\"10px\" viewBox=\"0 0 24 24\" version=\"1.2\" baseProfile=\"tiny\"><path d=\"M18.2 9.3l-6.2-6.3-6.2 6.3c-.2.2-.3.4-.3.7s.1.5.3.7c.2.2.4.3.7.3h11c.3 0 .5-.1.7-.3.2-.2.3-.5.3-.7s-.1-.5-.3-.7zM5.8 14.7l6.2 6.3 6.2-6.3c.2-.2.3-.5.3-.7s-.1-.5-.3-.7c-.2-.2-.4-.3-.7-.3h-11c-.3 0-.5.1-.7.3-.2.2-.3.5-.3.7s.1.5.3.7z\"\/><\/svg><\/span><\/span><\/span><\/a><\/span><\/div>\n<nav><ul class='ez-toc-list ez-toc-list-level-1 ' ><ul class='ez-toc-list-level-3' ><li class='ez-toc-heading-level-3'><a class=\"ez-toc-link ez-toc-heading-1\" href=\"https:\/\/loudavymkrokem.cz\/fi\/tartto-nahtavyydet-viro\/#Yhteenveto\" >Yhteenveto<\/a><\/li><\/ul><\/li><li class='ez-toc-page-1 ez-toc-heading-level-2'><a class=\"ez-toc-link ez-toc-heading-2\" href=\"https:\/\/loudavymkrokem.cz\/fi\/tartto-nahtavyydet-viro\/#Milloin_lahtea_Tarttoon\" >Milloin l\u00e4hte\u00e4 Tarttoon<\/a><\/li><li class='ez-toc-page-1 ez-toc-heading-level-2'><a class=\"ez-toc-link ez-toc-heading-3\" href=\"https:\/\/loudavymkrokem.cz\/fi\/tartto-nahtavyydet-viro\/#Miten_Tarttoon_paasee\" >Miten Tarttoon p\u00e4\u00e4see<\/a><\/li><li class='ez-toc-page-1 ez-toc-heading-level-2'><a class=\"ez-toc-link ez-toc-heading-4\" href=\"https:\/\/loudavymkrokem.cz\/fi\/tartto-nahtavyydet-viro\/#Missa_majoittua_Tartossa\" >Miss\u00e4 majoittua Tartossa<\/a><\/li><li class='ez-toc-page-1 ez-toc-heading-level-2'><a class=\"ez-toc-link ez-toc-heading-5\" href=\"https:\/\/loudavymkrokem.cz\/fi\/tartto-nahtavyydet-viro\/#12_vinkkia_mita_Tartossa_nahda_ja_kokea\" >12 vinkki\u00e4, mit\u00e4 Tartossa n\u00e4hd\u00e4 ja kokea<\/a><ul class='ez-toc-list-level-3' ><li class='ez-toc-heading-level-3'><a class=\"ez-toc-link ez-toc-heading-6\" href=\"https:\/\/loudavymkrokem.cz\/fi\/tartto-nahtavyydet-viro\/#1_Raatihuoneentori_ja_suutelevien_opiskelijoiden_suihkulahde\" >1. Raatihuoneentori ja suutelevien opiskelijoiden suihkul\u00e4hde<\/a><\/li><li class='ez-toc-page-1 ez-toc-heading-level-3'><a class=\"ez-toc-link ez-toc-heading-7\" href=\"https:\/\/loudavymkrokem.cz\/fi\/tartto-nahtavyydet-viro\/#2_Yliopiston_paarakennus_ja_historiallinen_putka\" >2. Yliopiston p\u00e4\u00e4rakennus ja historiallinen putka<\/a><\/li><li class='ez-toc-page-1 ez-toc-heading-level-3'><a class=\"ez-toc-link ez-toc-heading-8\" href=\"https:\/\/loudavymkrokem.cz\/fi\/tartto-nahtavyydet-viro\/#3_Toomemaen_kukkula_ja_goottilaisen_katedraalin_rauniot\" >3. Toomem\u00e4en kukkula ja goottilaisen katedraalin rauniot<\/a><\/li><li class='ez-toc-page-1 ez-toc-heading-level-3'><a class=\"ez-toc-link ez-toc-heading-9\" href=\"https:\/\/loudavymkrokem.cz\/fi\/tartto-nahtavyydet-viro\/#4_Enkelisilta_ja_Paholaisen_silta_taynna_taikauskoa\" >4. Enkelisilta ja Paholaisen silta t\u00e4ynn\u00e4 taikauskoa<\/a><\/li><li class='ez-toc-page-1 ez-toc-heading-level-3'><a class=\"ez-toc-link ez-toc-heading-10\" href=\"https:\/\/loudavymkrokem.cz\/fi\/tartto-nahtavyydet-viro\/#5_Tiedekeskus_AHHAA\" >5. Tiedekeskus AHHAA<\/a><\/li><li class='ez-toc-page-1 ez-toc-heading-level-3'><a class=\"ez-toc-link ez-toc-heading-11\" href=\"https:\/\/loudavymkrokem.cz\/fi\/tartto-nahtavyydet-viro\/#6_Viron_kansallismuseo_ERM\" >6. Viron kansallismuseo (ERM)<\/a><\/li><li class='ez-toc-page-1 ez-toc-heading-level-3'><a class=\"ez-toc-link ez-toc-heading-12\" href=\"https:\/\/loudavymkrokem.cz\/fi\/tartto-nahtavyydet-viro\/#7_Puinen_Supilinnin_kaupunginosa_Keittokaupunki\" >7. Puinen Supilinnin kaupunginosa (Keittokaupunki)<\/a><\/li><li class='ez-toc-page-1 ez-toc-heading-level-3'><a class=\"ez-toc-link ez-toc-heading-13\" href=\"https:\/\/loudavymkrokem.cz\/fi\/tartto-nahtavyydet-viro\/#8_Luova_keskus_Aparaaditehas\" >8. Luova keskus Aparaaditehas<\/a><\/li><li class='ez-toc-page-1 ez-toc-heading-level-3'><a class=\"ez-toc-link ez-toc-heading-14\" href=\"https:\/\/loudavymkrokem.cz\/fi\/tartto-nahtavyydet-viro\/#9_Emajogi-joki_ja_kaarisilta_Kaarsild\" >9. Emaj\u00f5gi-joki ja kaarisilta Kaarsild<\/a><\/li><li class='ez-toc-page-1 ez-toc-heading-level-3'><a class=\"ez-toc-link ez-toc-heading-15\" href=\"https:\/\/loudavymkrokem.cz\/fi\/tartto-nahtavyydet-viro\/#10_Yliopiston_kasvitieteellinen_puutarha\" >10. Yliopiston kasvitieteellinen puutarha<\/a><\/li><li class='ez-toc-page-1 ez-toc-heading-level-3'><a class=\"ez-toc-link ez-toc-heading-16\" href=\"https:\/\/loudavymkrokem.cz\/fi\/tartto-nahtavyydet-viro\/#11_Tarton_observatorio_Unescon_luettelossa\" >11. Tarton observatorio Unescon luettelossa<\/a><\/li><li class='ez-toc-page-1 ez-toc-heading-level-3'><a class=\"ez-toc-link ez-toc-heading-17\" href=\"https:\/\/loudavymkrokem.cz\/fi\/tartto-nahtavyydet-viro\/#12_Pussirohukelder_Ruutikellari_ennatyskatolla\" >12. P\u00fcssirohukelder (Ruutikellari) enn\u00e4tyskatolla<\/a><\/li><\/ul><\/li><li class='ez-toc-page-1 ez-toc-heading-level-2'><a class=\"ez-toc-link ez-toc-heading-18\" href=\"https:\/\/loudavymkrokem.cz\/fi\/tartto-nahtavyydet-viro\/#Mita_Tartolle_jai_Euroopan_kulttuuripaakaupungista\" >Mit\u00e4 Tartolle j\u00e4i Euroopan kulttuurip\u00e4\u00e4kaupungista<\/a><\/li><li class='ez-toc-page-1 ez-toc-heading-level-2'><a class=\"ez-toc-link ez-toc-heading-19\" href=\"https:\/\/loudavymkrokem.cz\/fi\/tartto-nahtavyydet-viro\/#Retket_Tartosta\" >Retket Tartosta<\/a><\/li><li class='ez-toc-page-1 ez-toc-heading-level-2'><a class=\"ez-toc-link ez-toc-heading-20\" href=\"https:\/\/loudavymkrokem.cz\/fi\/tartto-nahtavyydet-viro\/#Missa_syoda\" >Miss\u00e4 sy\u00f6d\u00e4<\/a><\/li><li class='ez-toc-page-1 ez-toc-heading-level-2'><a class=\"ez-toc-link ez-toc-heading-21\" href=\"https:\/\/loudavymkrokem.cz\/fi\/tartto-nahtavyydet-viro\/#Minne_seuraavaksi\" >Minne seuraavaksi<\/a><\/li><li class='ez-toc-page-1 ez-toc-heading-level-2'><a class=\"ez-toc-link ez-toc-heading-22\" href=\"https:\/\/loudavymkrokem.cz\/fi\/tartto-nahtavyydet-viro\/#Usein_kysytyt_kysymykset\" >Usein kysytyt kysymykset<\/a><ul class='ez-toc-list-level-3' ><li class='ez-toc-heading-level-3'><a class=\"ez-toc-link ez-toc-heading-23\" href=\"https:\/\/loudavymkrokem.cz\/fi\/tartto-nahtavyydet-viro\/#Kannattaako_Tartuun_ylipaataan_matkustaa\" >Kannattaako Tartuun ylip\u00e4\u00e4t\u00e4\u00e4n matkustaa?<\/a><\/li><li class='ez-toc-page-1 ez-toc-heading-level-3'><a class=\"ez-toc-link ez-toc-heading-24\" href=\"https:\/\/loudavymkrokem.cz\/fi\/tartto-nahtavyydet-viro\/#Mika_on_paras_tapa_paasta_Tallinnasta_Tartuun\" >Mik\u00e4 on paras tapa p\u00e4\u00e4st\u00e4 Tallinnasta Tartuun?<\/a><\/li><li class='ez-toc-page-1 ez-toc-heading-level-3'><a class=\"ez-toc-link ez-toc-heading-25\" href=\"https:\/\/loudavymkrokem.cz\/fi\/tartto-nahtavyydet-viro\/#Kuinka_monta_paivaa_tarvitsen_tutustumiseen\" >Kuinka monta p\u00e4iv\u00e4\u00e4 tarvitsen tutustumiseen?<\/a><\/li><li class='ez-toc-page-1 ez-toc-heading-level-3'><a class=\"ez-toc-link ez-toc-heading-26\" href=\"https:\/\/loudavymkrokem.cz\/fi\/tartto-nahtavyydet-viro\/#Mita_minun_pitaisi_Tartussa_ehdottomasti_nahda\" >Mit\u00e4 minun pit\u00e4isi Tartussa ehdottomasti n\u00e4hd\u00e4?<\/a><\/li><li class='ez-toc-page-1 ez-toc-heading-level-3'><a class=\"ez-toc-link ez-toc-heading-27\" href=\"https:\/\/loudavymkrokem.cz\/fi\/tartto-nahtavyydet-viro\/#Sopiiko_tiedekeskus_AHHAA_lapsille\" >Sopiiko tiedekeskus AHHAA lapsille?<\/a><\/li><li class='ez-toc-page-1 ez-toc-heading-level-3'><a class=\"ez-toc-link ez-toc-heading-28\" href=\"https:\/\/loudavymkrokem.cz\/fi\/tartto-nahtavyydet-viro\/#Paljonko_tarkeimpien_museoiden_paasyliput_maksavat\" >Paljonko t\u00e4rkeimpien museoiden p\u00e4\u00e4syliput maksavat?<\/a><\/li><li class='ez-toc-page-1 ez-toc-heading-level-3'><a class=\"ez-toc-link ez-toc-heading-29\" href=\"https:\/\/loudavymkrokem.cz\/fi\/tartto-nahtavyydet-viro\/#Mika_on_paras_aika_vierailulle\" >Mik\u00e4 on paras aika vierailulle?<\/a><\/li><li class='ez-toc-page-1 ez-toc-heading-level-3'><a class=\"ez-toc-link ez-toc-heading-30\" href=\"https:\/\/loudavymkrokem.cz\/fi\/tartto-nahtavyydet-viro\/#Mita_kaupunkiin_jai_Euroopan_kulttuuripaakaupunki_-tittelista\" >Mit\u00e4 kaupunkiin j\u00e4i Euroopan kulttuurip\u00e4\u00e4kaupunki -tittelist\u00e4?<\/a><\/li><li class='ez-toc-page-1 ez-toc-heading-level-3'><a class=\"ez-toc-link ez-toc-heading-31\" href=\"https:\/\/loudavymkrokem.cz\/fi\/tartto-nahtavyydet-viro\/#Missa_voi_syoda_hyvin_ja_edullisesti\" >Miss\u00e4 voi sy\u00f6d\u00e4 hyvin ja edullisesti?<\/a><\/li><\/ul><\/li><\/ul><\/nav><\/div>\n<h3 class=\"wp-block-heading\"><span class=\"ez-toc-section\" id=\"Yhteenveto\"><\/span>Yhteenveto<span class=\"ez-toc-section-end\"><\/span><\/h3>\n\n\n\n<ul class=\"wp-block-list\">\n\n<li>  <strong>Miksi menn\u00e4 Tarttoon:<\/strong> Se on yliopistokaupunki, jossa on uskomattoman rento tunnelma eik\u00e4 turistien tungosta.<\/li>\n\n\n\n<li>  <strong>Kuinka monta p\u00e4iv\u00e4\u00e4 varata:<\/strong> Pelkkiin kaupungin n\u00e4ht\u00e4vyyksiin riitt\u00e4\u00e4 hyvin yksi tai kaksi p\u00e4iv\u00e4\u00e4, mutta l\u00e4hiseudun retkien kanssa t\u00e4\u00e4ll\u00e4 viihtyy hyvin kolme p\u00e4iv\u00e4\u00e4.<\/li>\n\n\n\n<li>  <strong>Miten t\u00e4nne p\u00e4\u00e4see:<\/strong> Tallinnasta kulkee eritt\u00e4in mukavia Elronin junia ja Lux Expressin busseja, ja matka kest\u00e4\u00e4 noin kaksi tuntia.<\/li>\n\n\n\n<li>  <strong>Mit\u00e4 ei kannata missata:<\/strong> Tiedekeskus AHHAA, Viron kansallismuseo (ERM) ja romanttinen Toomem\u00e4en kukkula.<\/li>\n\n\n\n<li>  <strong>Paljonko se maksaa:<\/strong> Hinnat ovat hieman yst\u00e4v\u00e4llisempi\u00e4 kuin p\u00e4\u00e4kaupungissa, lounasmenusta maksat yleens\u00e4 noin 5\u20138 euroa.<\/li>\n\n\n\n<li>  <strong>Milloin l\u00e4hte\u00e4:<\/strong> Paras tunnelma koetaan lukukauden aikana kev\u00e4\u00e4ll\u00e4 tai syksyll\u00e4, jolloin kaupunki sykkii opiskelijael\u00e4m\u00e4\u00e4.<\/li>\n\n\n<\/ul>\n\n\n\n<figure data-wp-context=\"{&quot;imageId&quot;:&quot;6a9507503680d&quot;}\" data-wp-interactive=\"core\/image\" data-wp-key=\"6a9507503680d\" class=\"wp-block-image size-full wp-lightbox-container\"><img decoding=\"async\" width=\"1800\" height=\"1200\" data-wp-class--hide=\"state.isContentHidden\" data-wp-class--show=\"state.isContentVisible\" data-wp-init=\"callbacks.setButtonStyles\" data-wp-on--click=\"actions.showLightbox\" data-wp-on--load=\"callbacks.setButtonStyles\" data-wp-on--pointerdown=\"actions.preloadImage\" data-wp-on--pointerenter=\"actions.preloadImageWithDelay\" data-wp-on--pointerleave=\"actions.cancelPreload\" data-wp-on-window--resize=\"callbacks.setButtonStyles\" src=\"https:\/\/loudavymkrokem.cz\/wp-content\/uploads\/2026\/07\/estonsko-clanky-tartu-co-videt-02.jpg\" alt=\"Syksyinen Tartto\" class=\"wp-image-350592\" title=\"\" srcset=\"https:\/\/loudavymkrokem.cz\/wp-content\/uploads\/2026\/07\/estonsko-clanky-tartu-co-videt-02.jpg 1800w, https:\/\/loudavymkrokem.cz\/wp-content\/uploads\/2026\/07\/estonsko-clanky-tartu-co-videt-02-300x200.jpg 300w, https:\/\/loudavymkrokem.cz\/wp-content\/uploads\/2026\/07\/estonsko-clanky-tartu-co-videt-02-700x467.jpg 700w, https:\/\/loudavymkrokem.cz\/wp-content\/uploads\/2026\/07\/estonsko-clanky-tartu-co-videt-02-768x512.jpg 768w, https:\/\/loudavymkrokem.cz\/wp-content\/uploads\/2026\/07\/estonsko-clanky-tartu-co-videt-02-1536x1024.jpg 1536w, https:\/\/loudavymkrokem.cz\/wp-content\/uploads\/2026\/07\/estonsko-clanky-tartu-co-videt-02-696x464.jpg 696w, https:\/\/loudavymkrokem.cz\/wp-content\/uploads\/2026\/07\/estonsko-clanky-tartu-co-videt-02-1392x928.jpg 1392w\" sizes=\"(max-width: 1800px) 100vw, 1800px\" \/><button\n\t\t\tclass=\"lightbox-trigger\"\n\t\t\ttype=\"button\"\n\t\t\taria-haspopup=\"dialog\"\n\t\t\tdata-wp-bind--aria-label=\"state.thisImage.triggerButtonAriaLabel\"\n\t\t\tdata-wp-init=\"callbacks.initTriggerButton\"\n\t\t\tdata-wp-on--click=\"actions.showLightbox\"\n\t\t\tdata-wp-style--right=\"state.thisImage.buttonRight\"\n\t\t\tdata-wp-style--top=\"state.thisImage.buttonTop\"\n\t\t>\n\t\t\t<svg xmlns=\"http:\/\/www.w3.org\/2000\/svg\" width=\"12\" height=\"12\" fill=\"none\" viewBox=\"0 0 12 12\">\n\t\t\t\t<path fill=\"#fff\" d=\"M2 0a2 2 0 0 0-2 2v2h1.5V2a.5.5 0 0 1 .5-.5h2V0H2Zm2 10.5H2a.5.5 0 0 1-.5-.5V8H0v2a2 2 0 0 0 2 2h2v-1.5ZM8 12v-1.5h2a.5.5 0 0 0 .5-.5V8H12v2a2 2 0 0 1-2 2H8Zm2-12a2 2 0 0 1 2 2v2h-1.5V2a.5.5 0 0 0-.5-.5H8V0h2Z\" \/>\n\t\t\t<\/svg>\n\t\t<\/button><figcaption class=\"wp-element-caption\">Foto: Aira Evard \/ Pexels<\/figcaption><\/figure>\n\n\n\n<h2 class=\"wp-block-heading\"><span class=\"ez-toc-section\" id=\"Milloin_lahtea_Tarttoon\"><\/span>Milloin l\u00e4hte\u00e4 Tarttoon<span class=\"ez-toc-section-end\"><\/span><\/h2>\n\n\n\n<p class=\"wp-block-paragraph\">Matkaa suunnitellessa on hyv\u00e4 muistaa, ett\u00e4 Tartto on <strong>ennen kaikkea opiskelijakaupunki<\/strong>. Sen tunnelma muuttuu siksi radikaalisti lukuvuoden mukaan.<\/p>\n\n\n\n<p class=\"wp-block-paragraph\">Jos saavut lomakuukauden elokuun aikana, kaupunki on tosin <strong>kauniin tyhj\u00e4 ja rauhallinen<\/strong>, mutta siit\u00e4 puuttuu se oikea energia. Paras aika vierailla on siksi my\u00f6h\u00e4inen kev\u00e4t tai alkusyksy, jolloin kadut t\u00e4yttyv\u00e4t nuorista ihmisist\u00e4 ja kaikkialla on el\u00e4m\u00e4\u00e4.<\/p>\n\n\n\n<p class=\"wp-block-paragraph\">Kev\u00e4\u00e4ll\u00e4 voit lis\u00e4ksi kokea kuuluisat <strong>opiskelijafestivaalit<\/strong>, jotka muuttavat koko keskustan yhdeksi suureksi juhlaksi. Tartton s\u00e4\u00e4 voi olla melko arvaamatonta, joten pakkaa ehdottomasti mukaan vaatekerroksia my\u00f6s kes\u00e4kuukausiksi. Talvet ovat sen sijaan pakkasia ja lunta t\u00e4ynn\u00e4, mik\u00e4 on aivan omaa taikaansa \u2014 varsinkin kun k\u00e4velet lumisissa puistoissa ja l\u00e4mmittelet sen j\u00e4lkeen jossakin paikallisessa viihtyis\u00e4ss\u00e4 kahvilassa.<\/p>\n\n\n\n<p class=\"wp-block-paragraph\">Kuinka monta p\u00e4iv\u00e4\u00e4 varata vierailulle? Pelkk\u00e4\u00e4n keskustaan ja p\u00e4\u00e4museoihin <strong>riitt\u00e4\u00e4 p\u00e4iv\u00e4 tai kaksi<\/strong>. Jos kuitenkin haluat tutustua my\u00f6s ymp\u00e4r\u00f6iv\u00e4\u00e4n luontoon ja j\u00e4rviin, suosittelen varaamaan suoraan kolme p\u00e4iv\u00e4\u00e4.<\/p>\n\n\n\n<figure data-wp-context=\"{&quot;imageId&quot;:&quot;6a95075036c1e&quot;}\" data-wp-interactive=\"core\/image\" data-wp-key=\"6a95075036c1e\" class=\"wp-block-image size-full wp-lightbox-container\"><img decoding=\"async\" width=\"1800\" height=\"1350\" data-wp-class--hide=\"state.isContentHidden\" data-wp-class--show=\"state.isContentVisible\" data-wp-init=\"callbacks.setButtonStyles\" data-wp-on--click=\"actions.showLightbox\" data-wp-on--load=\"callbacks.setButtonStyles\" data-wp-on--pointerdown=\"actions.preloadImage\" data-wp-on--pointerenter=\"actions.preloadImageWithDelay\" data-wp-on--pointerleave=\"actions.cancelPreload\" data-wp-on-window--resize=\"callbacks.setButtonStyles\" src=\"https:\/\/loudavymkrokem.cz\/wp-content\/uploads\/2026\/07\/estonsko-clanky-tartu-co-videt-03.jpg\" alt=\"Elronin juna, jolla Tallinnasta p\u00e4\u00e4see Tarttoon\" class=\"wp-image-350602\" title=\"\" srcset=\"https:\/\/loudavymkrokem.cz\/wp-content\/uploads\/2026\/07\/estonsko-clanky-tartu-co-videt-03.jpg 1800w, https:\/\/loudavymkrokem.cz\/wp-content\/uploads\/2026\/07\/estonsko-clanky-tartu-co-videt-03-300x225.jpg 300w, https:\/\/loudavymkrokem.cz\/wp-content\/uploads\/2026\/07\/estonsko-clanky-tartu-co-videt-03-700x525.jpg 700w, https:\/\/loudavymkrokem.cz\/wp-content\/uploads\/2026\/07\/estonsko-clanky-tartu-co-videt-03-768x576.jpg 768w, https:\/\/loudavymkrokem.cz\/wp-content\/uploads\/2026\/07\/estonsko-clanky-tartu-co-videt-03-1536x1152.jpg 1536w, https:\/\/loudavymkrokem.cz\/wp-content\/uploads\/2026\/07\/estonsko-clanky-tartu-co-videt-03-80x60.jpg 80w, https:\/\/loudavymkrokem.cz\/wp-content\/uploads\/2026\/07\/estonsko-clanky-tartu-co-videt-03-160x120.jpg 160w, https:\/\/loudavymkrokem.cz\/wp-content\/uploads\/2026\/07\/estonsko-clanky-tartu-co-videt-03-696x522.jpg 696w, https:\/\/loudavymkrokem.cz\/wp-content\/uploads\/2026\/07\/estonsko-clanky-tartu-co-videt-03-1392x1044.jpg 1392w\" sizes=\"(max-width: 1800px) 100vw, 1800px\" \/><button\n\t\t\tclass=\"lightbox-trigger\"\n\t\t\ttype=\"button\"\n\t\t\taria-haspopup=\"dialog\"\n\t\t\tdata-wp-bind--aria-label=\"state.thisImage.triggerButtonAriaLabel\"\n\t\t\tdata-wp-init=\"callbacks.initTriggerButton\"\n\t\t\tdata-wp-on--click=\"actions.showLightbox\"\n\t\t\tdata-wp-style--right=\"state.thisImage.buttonRight\"\n\t\t\tdata-wp-style--top=\"state.thisImage.buttonTop\"\n\t\t>\n\t\t\t<svg xmlns=\"http:\/\/www.w3.org\/2000\/svg\" width=\"12\" height=\"12\" fill=\"none\" viewBox=\"0 0 12 12\">\n\t\t\t\t<path fill=\"#fff\" d=\"M2 0a2 2 0 0 0-2 2v2h1.5V2a.5.5 0 0 1 .5-.5h2V0H2Zm2 10.5H2a.5.5 0 0 1-.5-.5V8H0v2a2 2 0 0 0 2 2h2v-1.5ZM8 12v-1.5h2a.5.5 0 0 0 .5-.5V8H12v2a2 2 0 0 1-2 2H8Zm2-12a2 2 0 0 1 2 2v2h-1.5V2a.5.5 0 0 0-.5-.5H8V0h2Z\" \/>\n\t\t\t<\/svg>\n\t\t<\/button><figcaption class=\"wp-element-caption\">Foto: Leonid Malikov \/ Wikimedia Commons, CC BY-SA 4.0<\/figcaption><\/figure>\n\n\n\n<h2 class=\"wp-block-heading\"><span class=\"ez-toc-section\" id=\"Miten_Tarttoon_paasee\"><\/span>Miten Tarttoon p\u00e4\u00e4see<span class=\"ez-toc-section-end\"><\/span><\/h2>\n\n\n\n<p class=\"wp-block-paragraph\">Matka pohjoisesta etel\u00e4\u00e4n on Virossa uskomattoman helppoa ja mukavaa. Tallinnasta Tarttoon sinut viev\u00e4t parhaiten <a href=\"https:\/\/elron.ee\/\" rel=\"nofollow noopener\" target=\"_blank\"><strong>Elronin oranssit junat<\/strong><\/a>, jotka kulkevat hyvin usein ja luotettavasti.<\/p>\n\n\n\n<p class=\"wp-block-paragraph\">Junamatka kest\u00e4\u00e4 noin kaksi tai kaksi ja puoli tuntia, ja liput saat <strong>suuntaa antavasti noin 10 eurolla<\/strong>. Junat ovat siistej\u00e4, tilavia ja tarjoavat ilmaisen Wi-Fi-yhteyden, joten voit matkan aikana rauhassa suunnitella reittisi. Jos ostat lipun etuk\u00e4teen netist\u00e4 heid\u00e4n sivuiltaan, saat lis\u00e4ksi mukavan alennuksen, vaikka maksaa voi ongelmitta kortilla my\u00f6s suoraan kondukt\u00f6\u00f6rilt\u00e4.<\/p>\n\n\n\n<p class=\"wp-block-paragraph\">Toinen loistava vaihtoehto ovat <a href=\"https:\/\/luxexpress.eu\/\" rel=\"nofollow noopener\" target=\"_blank\"><strong>Lux Expressin bussit<\/strong><\/a>, jotka tarjoavat valtavan mukavuuden, mukaan lukien n\u00e4yt\u00f6t istuimissa ja ilmaisen kahviautomaatin. Ne viev\u00e4t sinut suoraan Tarton keskustaan, ja hinnaltaan ne ovat hyvin junia vastaavia.<\/p>\n\n\n\n<p class=\"wp-block-paragraph\">Jos suunnittelet laajempaa road tripi\u00e4 Baltiassa, on j\u00e4rkev\u00e4\u00e4 <strong>vuokrata auto<\/strong>. Tiet ovat Virossa erinomaisessa kunnossa, ja itse Tartossa on jopa pieni lentokentt\u00e4, vaikka suurin osa kansainv\u00e4lisist\u00e4 lennoista suuntaa juuri Tallinnaan.<\/p>\n\n\n\n<figure data-wp-context=\"{&quot;imageId&quot;:&quot;6a9507503707d&quot;}\" data-wp-interactive=\"core\/image\" data-wp-key=\"6a9507503707d\" class=\"wp-block-image size-full wp-lightbox-container\"><img decoding=\"async\" width=\"1800\" height=\"1201\" data-wp-class--hide=\"state.isContentHidden\" data-wp-class--show=\"state.isContentVisible\" data-wp-init=\"callbacks.setButtonStyles\" data-wp-on--click=\"actions.showLightbox\" data-wp-on--load=\"callbacks.setButtonStyles\" data-wp-on--pointerdown=\"actions.preloadImage\" data-wp-on--pointerenter=\"actions.preloadImageWithDelay\" data-wp-on--pointerleave=\"actions.cancelPreload\" data-wp-on-window--resize=\"callbacks.setButtonStyles\" src=\"https:\/\/loudavymkrokem.cz\/wp-content\/uploads\/2026\/07\/estonsko-clanky-tartu-co-videt-04.jpg\" alt=\"Hotellihuone Tartossa\" class=\"wp-image-350609\" title=\"\" srcset=\"https:\/\/loudavymkrokem.cz\/wp-content\/uploads\/2026\/07\/estonsko-clanky-tartu-co-videt-04.jpg 1800w, https:\/\/loudavymkrokem.cz\/wp-content\/uploads\/2026\/07\/estonsko-clanky-tartu-co-videt-04-300x200.jpg 300w, https:\/\/loudavymkrokem.cz\/wp-content\/uploads\/2026\/07\/estonsko-clanky-tartu-co-videt-04-700x467.jpg 700w, https:\/\/loudavymkrokem.cz\/wp-content\/uploads\/2026\/07\/estonsko-clanky-tartu-co-videt-04-768x512.jpg 768w, https:\/\/loudavymkrokem.cz\/wp-content\/uploads\/2026\/07\/estonsko-clanky-tartu-co-videt-04-1536x1025.jpg 1536w, https:\/\/loudavymkrokem.cz\/wp-content\/uploads\/2026\/07\/estonsko-clanky-tartu-co-videt-04-696x464.jpg 696w, https:\/\/loudavymkrokem.cz\/wp-content\/uploads\/2026\/07\/estonsko-clanky-tartu-co-videt-04-1392x929.jpg 1392w\" sizes=\"(max-width: 1800px) 100vw, 1800px\" \/><button\n\t\t\tclass=\"lightbox-trigger\"\n\t\t\ttype=\"button\"\n\t\t\taria-haspopup=\"dialog\"\n\t\t\tdata-wp-bind--aria-label=\"state.thisImage.triggerButtonAriaLabel\"\n\t\t\tdata-wp-init=\"callbacks.initTriggerButton\"\n\t\t\tdata-wp-on--click=\"actions.showLightbox\"\n\t\t\tdata-wp-style--right=\"state.thisImage.buttonRight\"\n\t\t\tdata-wp-style--top=\"state.thisImage.buttonTop\"\n\t\t>\n\t\t\t<svg xmlns=\"http:\/\/www.w3.org\/2000\/svg\" width=\"12\" height=\"12\" fill=\"none\" viewBox=\"0 0 12 12\">\n\t\t\t\t<path fill=\"#fff\" d=\"M2 0a2 2 0 0 0-2 2v2h1.5V2a.5.5 0 0 1 .5-.5h2V0H2Zm2 10.5H2a.5.5 0 0 1-.5-.5V8H0v2a2 2 0 0 0 2 2h2v-1.5ZM8 12v-1.5h2a.5.5 0 0 0 .5-.5V8H12v2a2 2 0 0 1-2 2H8Zm2-12a2 2 0 0 1 2 2v2h-1.5V2a.5.5 0 0 0-.5-.5H8V0h2Z\" \/>\n\t\t\t<\/svg>\n\t\t<\/button><figcaption class=\"wp-element-caption\">Foto: Max Vakhtbovych \/ Pexels<\/figcaption><\/figure>\n\n\n\n<h2 class=\"wp-block-heading\"><span class=\"ez-toc-section\" id=\"Missa_majoittua_Tartossa\"><\/span>Miss\u00e4 majoittua Tartossa<span class=\"ez-toc-section-end\"><\/span><\/h2>\n\n\n\n<p class=\"wp-block-paragraph\"><em>\ud83d\udca1 Vinkki majoitukseen ja el\u00e4myksiin: Etsimme majoituksen mieluiten <a class=\"thirstylink\" rel=\"nofollow\" target=\"_blank\" title=\"Booking.com\" href=\"https:\/\/loudavymkrokem.cz\/doporucujeme\/booking-com\/\" data-shortcode=\"true\">Booking.comista<\/a>, jossa on yleens\u00e4 <strong>parhaat peruutusehdot<\/strong>. <strong>Liput, retket ja aktiviteetit<\/strong> kannattaa taas vertailla ja ostaa <a class=\"thirstylink\" rel=\"nofollow\" target=\"_blank\" title=\"GetYourGuide\" href=\"https:\/\/loudavymkrokem.cz\/doporucujeme\/getyourguide\/\" data-shortcode=\"true\">GetYourGuiden<\/a> kautta.<\/em><\/p>\n\n\n\n<p class=\"wp-block-paragraph\">Majoitusvalikoima yliopistokaupungissa on hyvin monipuolinen ja miellytt\u00e4\u00e4 niin reppureissaajia kuin luksuksen yst\u00e4vi\u00e4kin. Suurin osa kiinnostavista paikoista sijaitsee k\u00e4velymatkan p\u00e4\u00e4ss\u00e4 keskustasta, joten <strong>vanhankaupungin ymp\u00e4rist\u00f6<\/strong> on aivan ihanteellinen.<\/p>\n\n\n\n<p class=\"wp-block-paragraph\"><a href=\"https:\/\/www.stay22.com\/allez\/roam?aid=lukaskonecny&#038;campaign=loudavymkrokemcz&#038;campaign=tartu-co-videt&#038;hotelname=Lydia%20Hotel&#038;address=Tartu%2C%20Estonsko\" rel=\"nofollow noopener\" target=\"_blank\"><strong>Lydia Hotel<\/strong><\/a> osoitteessa \u00dclikooli 14 on yksi parhaiten arvioiduista osoitteista aivan kaupungin syd\u00e4mess\u00e4, lis\u00e4ksi siin\u00e4 on uima-allas ja sauna, joten koko p\u00e4iv\u00e4n kujilla tallustelun j\u00e4lkeen se on todellinen pelastus.<\/p>\n\n\n\n<p class=\"wp-block-paragraph\">Jos etsit ennemmin hyvinvointiel\u00e4myst\u00e4 kuin tukikohtaa, matkailijat kehuvat <a href=\"https:\/\/www.stay22.com\/allez\/roam?aid=lukaskonecny&#038;campaign=loudavymkrokemcz&#038;campaign=tartu-co-videt&#038;hotelname=V%20Spa%20Hotel%20and%20Conference%20centre&#038;address=Tartu%2C%20Estonsko\" rel=\"nofollow noopener\" target=\"_blank\"><strong>V Spa &#038; Conference Hotellia<\/strong><\/a>, jossa huoneen lis\u00e4ksi saat kunnon kylpyl\u00e4kompleksin. Historiallisen tunnelman yst\u00e4ville taas loistava valinta on boutique-tyylinen <strong><a href=\"https:\/\/www.stay22.com\/allez\/roam?aid=lukaskonecny&#038;campaign=loudavymkrokemcz&#038;campaign=tartu-co-videt&#038;hotelname=Hotel%20Antonius&#038;address=Tartu%2C%20Estonsko\" target=\"_blank\" rel=\"noopener nofollow sponsored\">Hotel Antonius<\/a><\/strong>, jossa on ihastuttavat antiikkiset sisustukset.<\/p>\n\n\n\n<p class=\"wp-block-paragraph\">Rajallisen budjetin matkailijoille tarjolla on tyylik\u00e4s <strong><a href=\"https:\/\/www.stay22.com\/allez\/roam?aid=lukaskonecny&#038;campaign=loudavymkrokemcz&#038;campaign=tartu-co-videt&#038;hotelname=Hektor%20Design%20Hostel&#038;address=Tartu%2C%20Estonsko\" target=\"_blank\" rel=\"noopener nofollow sponsored\">Hektor Design Hostel<\/a><\/strong>, joka yhdist\u00e4\u00e4 edullisuuden loistavaan pohjoismaiseen designiin. Toinen luotettava keskihintainen valinta on <strong><a href=\"https:\/\/www.stay22.com\/allez\/roam?aid=lukaskonecny&#038;campaign=loudavymkrokemcz&#038;campaign=tartu-co-videt&#038;hotelname=Dorpat%20Hotel&#038;address=Tartu%2C%20Estonsko\" target=\"_blank\" rel=\"noopener nofollow sponsored\">Dorpat Hotel<\/a><\/strong>, joka sijaitsee aivan Emaj\u00f5gi-joen rannalla.<\/p>\n\n\n\n<p class=\"wp-block-paragraph\">\ud83d\udca1 Vinkki: Valitsitpa mink\u00e4 tahansa y\u00f6pymistyypin, varauksen hoidat helposti perinteisesti Bookingin kautta, josta l\u00f6yd\u00e4t <strong>runsaasti muitakin asuntoja<\/strong>, jotka sopivat opiskelijabudjettiin.<\/p>\n\n\n\n<figure data-wp-context=\"{&quot;imageId&quot;:&quot;6a9507503786e&quot;}\" data-wp-interactive=\"core\/image\" data-wp-key=\"6a9507503786e\" class=\"wp-block-image size-full wp-lightbox-container\"><img decoding=\"async\" width=\"1800\" height=\"1348\" data-wp-class--hide=\"state.isContentHidden\" data-wp-class--show=\"state.isContentVisible\" data-wp-init=\"callbacks.setButtonStyles\" data-wp-on--click=\"actions.showLightbox\" data-wp-on--load=\"callbacks.setButtonStyles\" data-wp-on--pointerdown=\"actions.preloadImage\" data-wp-on--pointerenter=\"actions.preloadImageWithDelay\" data-wp-on--pointerleave=\"actions.cancelPreload\" data-wp-on-window--resize=\"callbacks.setButtonStyles\" src=\"https:\/\/loudavymkrokem.cz\/wp-content\/uploads\/2026\/07\/estonsko-clanky-tartu-co-videt-05.jpg\" alt=\"Tartto ja Emaj\u00f5gi-joki\" class=\"wp-image-350616\" title=\"\" srcset=\"https:\/\/loudavymkrokem.cz\/wp-content\/uploads\/2026\/07\/estonsko-clanky-tartu-co-videt-05.jpg 1800w, https:\/\/loudavymkrokem.cz\/wp-content\/uploads\/2026\/07\/estonsko-clanky-tartu-co-videt-05-300x225.jpg 300w, https:\/\/loudavymkrokem.cz\/wp-content\/uploads\/2026\/07\/estonsko-clanky-tartu-co-videt-05-700x524.jpg 700w, https:\/\/loudavymkrokem.cz\/wp-content\/uploads\/2026\/07\/estonsko-clanky-tartu-co-videt-05-768x575.jpg 768w, https:\/\/loudavymkrokem.cz\/wp-content\/uploads\/2026\/07\/estonsko-clanky-tartu-co-videt-05-1536x1150.jpg 1536w, https:\/\/loudavymkrokem.cz\/wp-content\/uploads\/2026\/07\/estonsko-clanky-tartu-co-videt-05-80x60.jpg 80w, https:\/\/loudavymkrokem.cz\/wp-content\/uploads\/2026\/07\/estonsko-clanky-tartu-co-videt-05-160x120.jpg 160w, https:\/\/loudavymkrokem.cz\/wp-content\/uploads\/2026\/07\/estonsko-clanky-tartu-co-videt-05-696x521.jpg 696w, https:\/\/loudavymkrokem.cz\/wp-content\/uploads\/2026\/07\/estonsko-clanky-tartu-co-videt-05-1392x1042.jpg 1392w\" sizes=\"(max-width: 1800px) 100vw, 1800px\" \/><button\n\t\t\tclass=\"lightbox-trigger\"\n\t\t\ttype=\"button\"\n\t\t\taria-haspopup=\"dialog\"\n\t\t\tdata-wp-bind--aria-label=\"state.thisImage.triggerButtonAriaLabel\"\n\t\t\tdata-wp-init=\"callbacks.initTriggerButton\"\n\t\t\tdata-wp-on--click=\"actions.showLightbox\"\n\t\t\tdata-wp-style--right=\"state.thisImage.buttonRight\"\n\t\t\tdata-wp-style--top=\"state.thisImage.buttonTop\"\n\t\t>\n\t\t\t<svg xmlns=\"http:\/\/www.w3.org\/2000\/svg\" width=\"12\" height=\"12\" fill=\"none\" viewBox=\"0 0 12 12\">\n\t\t\t\t<path fill=\"#fff\" d=\"M2 0a2 2 0 0 0-2 2v2h1.5V2a.5.5 0 0 1 .5-.5h2V0H2Zm2 10.5H2a.5.5 0 0 1-.5-.5V8H0v2a2 2 0 0 0 2 2h2v-1.5ZM8 12v-1.5h2a.5.5 0 0 0 .5-.5V8H12v2a2 2 0 0 1-2 2H8Zm2-12a2 2 0 0 1 2 2v2h-1.5V2a.5.5 0 0 0-.5-.5H8V0h2Z\" \/>\n\t\t\t<\/svg>\n\t\t<\/button><figcaption class=\"wp-element-caption\">Foto: Sergei Gussev \/ Wikimedia Commons, CC BY 4.0<\/figcaption><\/figure>\n\n\n\n<h2 class=\"wp-block-heading\"><span class=\"ez-toc-section\" id=\"12_vinkkia_mita_Tartossa_nahda_ja_kokea\"><\/span>12 vinkki\u00e4, mit\u00e4 Tartossa n\u00e4hd\u00e4 ja kokea<span class=\"ez-toc-section-end\"><\/span><\/h2>\n\n\n\n<p class=\"wp-block-paragraph\">Katsotaanpa yhdess\u00e4 kiinnostavimmat asiat, joita t\u00e4m\u00e4 sympaattinen kaupunki voi tarjota. Historiallisista kujista modernien museoiden kautta <strong>luoviin keskuksiin, jotka ovat t\u00e4ynn\u00e4 hyv\u00e4\u00e4 kahvia<\/strong> \u2014 lyhyesti sanottuna jokaiselle jotakin. Tarton n\u00e4ht\u00e4vyydet eiv\u00e4t j\u00e4t\u00e4 ket\u00e4\u00e4n kylm\u00e4ksi.<\/p>\n\n\n\n<figure data-wp-context=\"{&quot;imageId&quot;:&quot;6a95075037de8&quot;}\" data-wp-interactive=\"core\/image\" data-wp-key=\"6a95075037de8\" class=\"wp-block-image size-full wp-lightbox-container\"><img decoding=\"async\" width=\"1800\" height=\"1350\" data-wp-class--hide=\"state.isContentHidden\" data-wp-class--show=\"state.isContentVisible\" data-wp-init=\"callbacks.setButtonStyles\" data-wp-on--click=\"actions.showLightbox\" data-wp-on--load=\"callbacks.setButtonStyles\" data-wp-on--pointerdown=\"actions.preloadImage\" data-wp-on--pointerenter=\"actions.preloadImageWithDelay\" data-wp-on--pointerleave=\"actions.cancelPreload\" data-wp-on-window--resize=\"callbacks.setButtonStyles\" src=\"https:\/\/loudavymkrokem.cz\/wp-content\/uploads\/2026\/07\/estonsko-clanky-tartu-co-videt-06.jpg\" alt=\"Suutelevien opiskelijoiden suihkul\u00e4hde\" class=\"wp-image-350623\" title=\"\" srcset=\"https:\/\/loudavymkrokem.cz\/wp-content\/uploads\/2026\/07\/estonsko-clanky-tartu-co-videt-06.jpg 1800w, https:\/\/loudavymkrokem.cz\/wp-content\/uploads\/2026\/07\/estonsko-clanky-tartu-co-videt-06-300x225.jpg 300w, https:\/\/loudavymkrokem.cz\/wp-content\/uploads\/2026\/07\/estonsko-clanky-tartu-co-videt-06-700x525.jpg 700w, https:\/\/loudavymkrokem.cz\/wp-content\/uploads\/2026\/07\/estonsko-clanky-tartu-co-videt-06-768x576.jpg 768w, https:\/\/loudavymkrokem.cz\/wp-content\/uploads\/2026\/07\/estonsko-clanky-tartu-co-videt-06-1536x1152.jpg 1536w, https:\/\/loudavymkrokem.cz\/wp-content\/uploads\/2026\/07\/estonsko-clanky-tartu-co-videt-06-80x60.jpg 80w, https:\/\/loudavymkrokem.cz\/wp-content\/uploads\/2026\/07\/estonsko-clanky-tartu-co-videt-06-160x120.jpg 160w, https:\/\/loudavymkrokem.cz\/wp-content\/uploads\/2026\/07\/estonsko-clanky-tartu-co-videt-06-696x522.jpg 696w, https:\/\/loudavymkrokem.cz\/wp-content\/uploads\/2026\/07\/estonsko-clanky-tartu-co-videt-06-1392x1044.jpg 1392w\" sizes=\"(max-width: 1800px) 100vw, 1800px\" \/><button\n\t\t\tclass=\"lightbox-trigger\"\n\t\t\ttype=\"button\"\n\t\t\taria-haspopup=\"dialog\"\n\t\t\tdata-wp-bind--aria-label=\"state.thisImage.triggerButtonAriaLabel\"\n\t\t\tdata-wp-init=\"callbacks.initTriggerButton\"\n\t\t\tdata-wp-on--click=\"actions.showLightbox\"\n\t\t\tdata-wp-style--right=\"state.thisImage.buttonRight\"\n\t\t\tdata-wp-style--top=\"state.thisImage.buttonTop\"\n\t\t>\n\t\t\t<svg xmlns=\"http:\/\/www.w3.org\/2000\/svg\" width=\"12\" height=\"12\" fill=\"none\" viewBox=\"0 0 12 12\">\n\t\t\t\t<path fill=\"#fff\" d=\"M2 0a2 2 0 0 0-2 2v2h1.5V2a.5.5 0 0 1 .5-.5h2V0H2Zm2 10.5H2a.5.5 0 0 1-.5-.5V8H0v2a2 2 0 0 0 2 2h2v-1.5ZM8 12v-1.5h2a.5.5 0 0 0 .5-.5V8H12v2a2 2 0 0 1-2 2H8Zm2-12a2 2 0 0 1 2 2v2h-1.5V2a.5.5 0 0 0-.5-.5H8V0h2Z\" \/>\n\t\t\t<\/svg>\n\t\t<\/button><figcaption class=\"wp-element-caption\">Foto: HendrixEesti \/ Wikimedia Commons, Public domain<\/figcaption><\/figure>\n\n\n\n<h3 class=\"wp-block-heading\"><span class=\"ez-toc-section\" id=\"1_Raatihuoneentori_ja_suutelevien_opiskelijoiden_suihkulahde\"><\/span>1. Raatihuoneentori ja suutelevien opiskelijoiden suihkul\u00e4hde<span class=\"ez-toc-section-end\"><\/span><\/h3>\n\n\n\n<p class=\"wp-block-paragraph\">Suosittelen aloittamaan kierroksen suoraan kaupungin syd\u00e4mest\u00e4 <strong>Raatihuoneentorilta<\/strong> (Raekoja plats). T\u00e4m\u00e4 pitk\u00e4nomainen tila viett\u00e4\u00e4 loivasti kohti jokea ja on upeiden pastellis\u00e4vyisten klassististen rakennusten ymp\u00e4r\u00f6im\u00e4.<\/p>\n\n\n\n<p class=\"wp-block-paragraph\">Koko torin dominoiva rakennus on <strong>majesteettinen raatihuone<\/strong>, ja aivan sen edess\u00e4 seisoo <strong>suutelevien opiskelijoiden patsas<\/strong>. Se on kaupungin kuvatuin symboli ja rehellisesti sanottuna se pieni patsas sulattaa syd\u00e4men \u2014 kaksi opiskelijaa, yksi sateenvarjo, koko maailma heid\u00e4n ymp\u00e4rill\u00e4\u00e4n m\u00e4rk\u00e4.<\/p>\n\n\n\n<p class=\"wp-block-paragraph\">Torin ymp\u00e4rilt\u00e4 l\u00f6yd\u00e4t paljon terasseja, joilla voit nauttia kahvia ja ime\u00e4 itseesi paikallista rauhaa. T\u00e4m\u00e4n paikan kierros <strong>vie noin 30 minuuttia<\/strong>, ja p\u00e4\u00e4sy on tietysti t\u00e4ysin ilmainen.<\/p>\n\n\n\n<p class=\"wp-block-paragraph\">\ud83d\udca1 Vinkki: Talvikuukausina juuri t\u00e4ll\u00e4 torilla j\u00e4rjestet\u00e4\u00e4n <strong>taianomaiset joulumarkkinat<\/strong>, joita matkailijat pit\u00e4v\u00e4t yksin\u00e4 Baltian kauneimmista.<\/p>\n\n\n\n<figure data-wp-context=\"{&quot;imageId&quot;:&quot;6a95075038532&quot;}\" data-wp-interactive=\"core\/image\" data-wp-key=\"6a95075038532\" class=\"wp-block-image size-full wp-lightbox-container\"><img decoding=\"async\" width=\"1800\" height=\"1125\" data-wp-class--hide=\"state.isContentHidden\" data-wp-class--show=\"state.isContentVisible\" data-wp-init=\"callbacks.setButtonStyles\" data-wp-on--click=\"actions.showLightbox\" data-wp-on--load=\"callbacks.setButtonStyles\" data-wp-on--pointerdown=\"actions.preloadImage\" data-wp-on--pointerenter=\"actions.preloadImageWithDelay\" data-wp-on--pointerleave=\"actions.cancelPreload\" data-wp-on-window--resize=\"callbacks.setButtonStyles\" src=\"https:\/\/loudavymkrokem.cz\/wp-content\/uploads\/2026\/07\/estonsko-clanky-tartu-co-videt-07.jpg\" alt=\"Tarton yliopiston p\u00e4\u00e4rakennus\" class=\"wp-image-350629\" title=\"\" srcset=\"https:\/\/loudavymkrokem.cz\/wp-content\/uploads\/2026\/07\/estonsko-clanky-tartu-co-videt-07.jpg 1800w, https:\/\/loudavymkrokem.cz\/wp-content\/uploads\/2026\/07\/estonsko-clanky-tartu-co-videt-07-300x188.jpg 300w, https:\/\/loudavymkrokem.cz\/wp-content\/uploads\/2026\/07\/estonsko-clanky-tartu-co-videt-07-700x438.jpg 700w, https:\/\/loudavymkrokem.cz\/wp-content\/uploads\/2026\/07\/estonsko-clanky-tartu-co-videt-07-768x480.jpg 768w, https:\/\/loudavymkrokem.cz\/wp-content\/uploads\/2026\/07\/estonsko-clanky-tartu-co-videt-07-1536x960.jpg 1536w, https:\/\/loudavymkrokem.cz\/wp-content\/uploads\/2026\/07\/estonsko-clanky-tartu-co-videt-07-696x435.jpg 696w, https:\/\/loudavymkrokem.cz\/wp-content\/uploads\/2026\/07\/estonsko-clanky-tartu-co-videt-07-1392x870.jpg 1392w\" sizes=\"(max-width: 1800px) 100vw, 1800px\" \/><button\n\t\t\tclass=\"lightbox-trigger\"\n\t\t\ttype=\"button\"\n\t\t\taria-haspopup=\"dialog\"\n\t\t\tdata-wp-bind--aria-label=\"state.thisImage.triggerButtonAriaLabel\"\n\t\t\tdata-wp-init=\"callbacks.initTriggerButton\"\n\t\t\tdata-wp-on--click=\"actions.showLightbox\"\n\t\t\tdata-wp-style--right=\"state.thisImage.buttonRight\"\n\t\t\tdata-wp-style--top=\"state.thisImage.buttonTop\"\n\t\t>\n\t\t\t<svg xmlns=\"http:\/\/www.w3.org\/2000\/svg\" width=\"12\" height=\"12\" fill=\"none\" viewBox=\"0 0 12 12\">\n\t\t\t\t<path fill=\"#fff\" d=\"M2 0a2 2 0 0 0-2 2v2h1.5V2a.5.5 0 0 1 .5-.5h2V0H2Zm2 10.5H2a.5.5 0 0 1-.5-.5V8H0v2a2 2 0 0 0 2 2h2v-1.5ZM8 12v-1.5h2a.5.5 0 0 0 .5-.5V8H12v2a2 2 0 0 1-2 2H8Zm2-12a2 2 0 0 1 2 2v2h-1.5V2a.5.5 0 0 0-.5-.5H8V0h2Z\" \/>\n\t\t\t<\/svg>\n\t\t<\/button><figcaption class=\"wp-element-caption\">Foto: A.Savin \/ Wikimedia Commons, FAL<\/figcaption><\/figure>\n\n\n\n<h3 class=\"wp-block-heading\"><span class=\"ez-toc-section\" id=\"2_Yliopiston_paarakennus_ja_historiallinen_putka\"><\/span>2. Yliopiston p\u00e4\u00e4rakennus ja historiallinen putka<span class=\"ez-toc-section-end\"><\/span><\/h3>\n\n\n\n<p class=\"wp-block-paragraph\">Vain muutaman askeleen p\u00e4\u00e4ss\u00e4 raatihuoneesta t\u00f6rm\u00e4\u00e4t paikallisen yliopiston p\u00e4\u00e4rakennukseen, joka komeilee <strong>vaikuttavalla klassisella julkisivulla<\/strong>, jossa on kuusi mahtavaa pylv\u00e4st\u00e4. T\u00e4m\u00e4 instituutio on kaupungille aivan keskeinen, sill\u00e4 sen perusti Ruotsin kuningas Kustaa II Aadolf jo vuonna 1632.<\/p>\n\n\n\n<p class=\"wp-block-paragraph\">Mielenkiintoista on, ett\u00e4 rakennuksen ullakolla piilee niin sanottu <strong>opiskelijaputka<\/strong>, joka oli historiallinen selli tottelemattomille opiskelijoille. Heit\u00e4 suljettiin t\u00e4nne rikkeist\u00e4, kuten tappeluista, naisten loukkaamisesta tai kirjojen palauttamatta j\u00e4tt\u00e4misest\u00e4 kirjastoon.<\/p>\n\n\n\n<p class=\"wp-block-paragraph\">Putkan sein\u00e4t ovat viel\u00e4 t\u00e4n\u00e4kin p\u00e4iv\u00e4n\u00e4 <strong>peitossa ajankohtaisilla kirjoituksilla ja piirroksilla<\/strong>, joita rangaistut opiskelijat j\u00e4ttiv\u00e4t t\u00e4nne ik\u00e4vystyneen\u00e4. L\u00f6yd\u00e4t sielt\u00e4 runoja, professorien pilakuvia ja ep\u00e4toivoisia huokauksia. Se on kiehtova ekskursio opiskelijael\u00e4m\u00e4n historiaan.<\/p>\n\n\n\n<p class=\"wp-block-paragraph\">\ud83d\udca1 Vinkki: P\u00e4\u00e4rakennuksen ja putkan vierailu vie <strong>noin tunnin<\/strong>. Suuntaa antava p\u00e4\u00e4symaksu on noin 2 euroa.<\/p>\n\n\n\n<figure data-wp-context=\"{&quot;imageId&quot;:&quot;6a95075038beb&quot;}\" data-wp-interactive=\"core\/image\" data-wp-key=\"6a95075038beb\" class=\"wp-block-image size-full wp-lightbox-container\"><img decoding=\"async\" width=\"1800\" height=\"1350\" data-wp-class--hide=\"state.isContentHidden\" data-wp-class--show=\"state.isContentVisible\" data-wp-init=\"callbacks.setButtonStyles\" data-wp-on--click=\"actions.showLightbox\" data-wp-on--load=\"callbacks.setButtonStyles\" data-wp-on--pointerdown=\"actions.preloadImage\" data-wp-on--pointerenter=\"actions.preloadImageWithDelay\" data-wp-on--pointerleave=\"actions.cancelPreload\" data-wp-on-window--resize=\"callbacks.setButtonStyles\" src=\"https:\/\/loudavymkrokem.cz\/wp-content\/uploads\/2026\/07\/estonsko-clanky-tartu-co-videt-08.jpg\" alt=\"Goottilaisen katedraalin rauniot Toomem\u00e4ell\u00e4\" class=\"wp-image-350635\" title=\"\" srcset=\"https:\/\/loudavymkrokem.cz\/wp-content\/uploads\/2026\/07\/estonsko-clanky-tartu-co-videt-08.jpg 1800w, https:\/\/loudavymkrokem.cz\/wp-content\/uploads\/2026\/07\/estonsko-clanky-tartu-co-videt-08-300x225.jpg 300w, https:\/\/loudavymkrokem.cz\/wp-content\/uploads\/2026\/07\/estonsko-clanky-tartu-co-videt-08-700x525.jpg 700w, https:\/\/loudavymkrokem.cz\/wp-content\/uploads\/2026\/07\/estonsko-clanky-tartu-co-videt-08-768x576.jpg 768w, https:\/\/loudavymkrokem.cz\/wp-content\/uploads\/2026\/07\/estonsko-clanky-tartu-co-videt-08-1536x1152.jpg 1536w, https:\/\/loudavymkrokem.cz\/wp-content\/uploads\/2026\/07\/estonsko-clanky-tartu-co-videt-08-80x60.jpg 80w, https:\/\/loudavymkrokem.cz\/wp-content\/uploads\/2026\/07\/estonsko-clanky-tartu-co-videt-08-160x120.jpg 160w, https:\/\/loudavymkrokem.cz\/wp-content\/uploads\/2026\/07\/estonsko-clanky-tartu-co-videt-08-696x522.jpg 696w, https:\/\/loudavymkrokem.cz\/wp-content\/uploads\/2026\/07\/estonsko-clanky-tartu-co-videt-08-1392x1044.jpg 1392w\" sizes=\"(max-width: 1800px) 100vw, 1800px\" \/><button\n\t\t\tclass=\"lightbox-trigger\"\n\t\t\ttype=\"button\"\n\t\t\taria-haspopup=\"dialog\"\n\t\t\tdata-wp-bind--aria-label=\"state.thisImage.triggerButtonAriaLabel\"\n\t\t\tdata-wp-init=\"callbacks.initTriggerButton\"\n\t\t\tdata-wp-on--click=\"actions.showLightbox\"\n\t\t\tdata-wp-style--right=\"state.thisImage.buttonRight\"\n\t\t\tdata-wp-style--top=\"state.thisImage.buttonTop\"\n\t\t>\n\t\t\t<svg xmlns=\"http:\/\/www.w3.org\/2000\/svg\" width=\"12\" height=\"12\" fill=\"none\" viewBox=\"0 0 12 12\">\n\t\t\t\t<path fill=\"#fff\" d=\"M2 0a2 2 0 0 0-2 2v2h1.5V2a.5.5 0 0 1 .5-.5h2V0H2Zm2 10.5H2a.5.5 0 0 1-.5-.5V8H0v2a2 2 0 0 0 2 2h2v-1.5ZM8 12v-1.5h2a.5.5 0 0 0 .5-.5V8H12v2a2 2 0 0 1-2 2H8Zm2-12a2 2 0 0 1 2 2v2h-1.5V2a.5.5 0 0 0-.5-.5H8V0h2Z\" \/>\n\t\t\t<\/svg>\n\t\t<\/button><figcaption class=\"wp-element-caption\">Foto: Adam Jones \/ Wikimedia Commons, CC BY-SA 2.0<\/figcaption><\/figure>\n\n\n\n<h3 class=\"wp-block-heading\"><span class=\"ez-toc-section\" id=\"3_Toomemaen_kukkula_ja_goottilaisen_katedraalin_rauniot\"><\/span>3. Toomem\u00e4en kukkula ja goottilaisen katedraalin rauniot<span class=\"ez-toc-section-end\"><\/span><\/h3>\n\n\n\n<p class=\"wp-block-paragraph\">Aivan raatihuoneen takana kohoaa laaja mets\u00e4inen Toomem\u00e4en kukkula, joka toimii koko kaupungin vihrein\u00e4 keuhkoina. T\u00e4m\u00e4 valtava puisto on t\u00e4ynn\u00e4 vanhoja puita ja penkkej\u00e4, joten opiskelijat <strong>k\u00e4ytt\u00e4v\u00e4t sit\u00e4 mielell\u00e4\u00e4n ulkolukusalina<\/strong> ennen tenttej\u00e4.<\/p>\n\n\n\n<p class=\"wp-block-paragraph\">Kukkulan huipulla kohoavat <strong>monumentaaliset tiiliraunioita<\/strong> 1200-luvun goottilaisesta katedraalista. Paljaat holvit, jotka ty\u00f6ntyv\u00e4t taivasta kohti, luovat uskomattoman salaper\u00e4isen tunnelman ja kuuluvat Tarton kauneimpiin paikkoihin.<\/p>\n\n\n\n<p class=\"wp-block-paragraph\">Osa katedraalista rakennettiin uudelleen 1800-luvulla, ja nyky\u00e4\u00e4n siin\u00e4 toimii <strong>yliopiston museo<\/strong>, josta s\u00e4ilyneisiin torneihin nousun j\u00e4lkeen avautuu <strong>upea n\u00e4kym\u00e4 koko kaupunkiin<\/strong>.<\/p>\n\n\n\n<p class=\"wp-block-paragraph\">\ud83d\udca1 Vinkki: K\u00e4vely puistossa on ilmaista ja <strong>varaa siihen rauhassa kaksi tuntia<\/strong>. P\u00e4\u00e4sy torneihin ja museoon maksaa suuntaa antavasti 7 euroa.<\/p>\n\n\n\n<figure data-wp-context=\"{&quot;imageId&quot;:&quot;6a950750392e0&quot;}\" data-wp-interactive=\"core\/image\" data-wp-key=\"6a950750392e0\" class=\"wp-block-image size-full wp-lightbox-container\"><img decoding=\"async\" width=\"1800\" height=\"1350\" data-wp-class--hide=\"state.isContentHidden\" data-wp-class--show=\"state.isContentVisible\" data-wp-init=\"callbacks.setButtonStyles\" data-wp-on--click=\"actions.showLightbox\" data-wp-on--load=\"callbacks.setButtonStyles\" data-wp-on--pointerdown=\"actions.preloadImage\" data-wp-on--pointerenter=\"actions.preloadImageWithDelay\" data-wp-on--pointerleave=\"actions.cancelPreload\" data-wp-on-window--resize=\"callbacks.setButtonStyles\" src=\"https:\/\/loudavymkrokem.cz\/wp-content\/uploads\/2026\/07\/estonsko-clanky-tartu-co-videt-09.jpg\" alt=\"Enkelisilta Toomem\u00e4ell\u00e4\" class=\"wp-image-350644\" title=\"\" srcset=\"https:\/\/loudavymkrokem.cz\/wp-content\/uploads\/2026\/07\/estonsko-clanky-tartu-co-videt-09.jpg 1800w, https:\/\/loudavymkrokem.cz\/wp-content\/uploads\/2026\/07\/estonsko-clanky-tartu-co-videt-09-300x225.jpg 300w, https:\/\/loudavymkrokem.cz\/wp-content\/uploads\/2026\/07\/estonsko-clanky-tartu-co-videt-09-700x525.jpg 700w, https:\/\/loudavymkrokem.cz\/wp-content\/uploads\/2026\/07\/estonsko-clanky-tartu-co-videt-09-768x576.jpg 768w, https:\/\/loudavymkrokem.cz\/wp-content\/uploads\/2026\/07\/estonsko-clanky-tartu-co-videt-09-1536x1152.jpg 1536w, https:\/\/loudavymkrokem.cz\/wp-content\/uploads\/2026\/07\/estonsko-clanky-tartu-co-videt-09-80x60.jpg 80w, https:\/\/loudavymkrokem.cz\/wp-content\/uploads\/2026\/07\/estonsko-clanky-tartu-co-videt-09-160x120.jpg 160w, https:\/\/loudavymkrokem.cz\/wp-content\/uploads\/2026\/07\/estonsko-clanky-tartu-co-videt-09-696x522.jpg 696w, https:\/\/loudavymkrokem.cz\/wp-content\/uploads\/2026\/07\/estonsko-clanky-tartu-co-videt-09-1392x1044.jpg 1392w\" sizes=\"(max-width: 1800px) 100vw, 1800px\" \/><button\n\t\t\tclass=\"lightbox-trigger\"\n\t\t\ttype=\"button\"\n\t\t\taria-haspopup=\"dialog\"\n\t\t\tdata-wp-bind--aria-label=\"state.thisImage.triggerButtonAriaLabel\"\n\t\t\tdata-wp-init=\"callbacks.initTriggerButton\"\n\t\t\tdata-wp-on--click=\"actions.showLightbox\"\n\t\t\tdata-wp-style--right=\"state.thisImage.buttonRight\"\n\t\t\tdata-wp-style--top=\"state.thisImage.buttonTop\"\n\t\t>\n\t\t\t<svg xmlns=\"http:\/\/www.w3.org\/2000\/svg\" width=\"12\" height=\"12\" fill=\"none\" viewBox=\"0 0 12 12\">\n\t\t\t\t<path fill=\"#fff\" d=\"M2 0a2 2 0 0 0-2 2v2h1.5V2a.5.5 0 0 1 .5-.5h2V0H2Zm2 10.5H2a.5.5 0 0 1-.5-.5V8H0v2a2 2 0 0 0 2 2h2v-1.5ZM8 12v-1.5h2a.5.5 0 0 0 .5-.5V8H12v2a2 2 0 0 1-2 2H8Zm2-12a2 2 0 0 1 2 2v2h-1.5V2a.5.5 0 0 0-.5-.5H8V0h2Z\" \/>\n\t\t\t<\/svg>\n\t\t<\/button><figcaption class=\"wp-element-caption\">Foto: Tusklikupreili \/ Wikimedia Commons, CC BY-SA 4.0<\/figcaption><\/figure>\n\n\n\n<h3 class=\"wp-block-heading\"><span class=\"ez-toc-section\" id=\"4_Enkelisilta_ja_Paholaisen_silta_taynna_taikauskoa\"><\/span>4. Enkelisilta ja Paholaisen silta t\u00e4ynn\u00e4 taikauskoa<span class=\"ez-toc-section-end\"><\/span><\/h3>\n\n\n\n<p class=\"wp-block-paragraph\">Kun k\u00e4velet Toomem\u00e4en kukkulalla, t\u00f6rm\u00e4\u00e4t varmasti kahteen kuuluisaan siltaan. Vaaleampi on nimelt\u00e4\u00e4n <strong>Enkelisilta<\/strong> (Inglisild), ja se rakennettiin uudistetun yliopiston ensimm\u00e4isen rehtorin kunniaksi.<\/p>\n\n\n\n<p class=\"wp-block-paragraph\">T\u00e4h\u00e4n siltaan liittyy kaunis opiskelijoiden taikausko. Sanotaan, ett\u00e4 kun kuljet sen yli ensimm\u00e4ist\u00e4 kertaa, <strong>sinun on pid\u00e4tett\u00e4v\u00e4 hengityst\u00e4<\/strong> ja toivottava jotakin. Jos p\u00e4\u00e4set toiselle puolelle, toiveesi t\u00e4yttyy taatusti. Yrit\u00e4 kuitenkin toivoa jotakin, mihin hengesi riitt\u00e4\u00e4, sill\u00e4 silta ei ole aivan lyhin.<\/p>\n\n\n\n<p class=\"wp-block-paragraph\">V\u00e4h\u00e4n kauempana seisoo tummempi <strong>Paholaisen silta<\/strong> (Kuradisild), joka rakennettiin Romanovien dynastian vuosip\u00e4iv\u00e4n kunniaksi. Molempien rakennusten kontrasti kuvaa kauniisti koko kukkulan historiallista monimuotoisuutta.<\/p>\n\n\n\n<p class=\"wp-block-paragraph\">\ud83d\udca1 Vinkki: Molempien siltojen katselu ja onnen koettelu pid\u00e4tetyll\u00e4 hengityksell\u00e4 <strong>vie noin 30 minuuttia<\/strong> ja on tietysti ilmaista.<\/p>\n\n\n\n<figure data-wp-context=\"{&quot;imageId&quot;:&quot;6a95075039726&quot;}\" data-wp-interactive=\"core\/image\" data-wp-key=\"6a95075039726\" class=\"wp-block-image size-full wp-lightbox-container\"><img decoding=\"async\" width=\"1800\" height=\"1200\" data-wp-class--hide=\"state.isContentHidden\" data-wp-class--show=\"state.isContentVisible\" data-wp-init=\"callbacks.setButtonStyles\" data-wp-on--click=\"actions.showLightbox\" data-wp-on--load=\"callbacks.setButtonStyles\" data-wp-on--pointerdown=\"actions.preloadImage\" data-wp-on--pointerenter=\"actions.preloadImageWithDelay\" data-wp-on--pointerleave=\"actions.cancelPreload\" data-wp-on-window--resize=\"callbacks.setButtonStyles\" src=\"https:\/\/loudavymkrokem.cz\/wp-content\/uploads\/2026\/07\/estonsko-clanky-tartu-co-videt-10.jpg\" alt=\"Tiedekeskus AHHAA\" class=\"wp-image-350651\" title=\"\" srcset=\"https:\/\/loudavymkrokem.cz\/wp-content\/uploads\/2026\/07\/estonsko-clanky-tartu-co-videt-10.jpg 1800w, https:\/\/loudavymkrokem.cz\/wp-content\/uploads\/2026\/07\/estonsko-clanky-tartu-co-videt-10-300x200.jpg 300w, https:\/\/loudavymkrokem.cz\/wp-content\/uploads\/2026\/07\/estonsko-clanky-tartu-co-videt-10-700x467.jpg 700w, https:\/\/loudavymkrokem.cz\/wp-content\/uploads\/2026\/07\/estonsko-clanky-tartu-co-videt-10-768x512.jpg 768w, https:\/\/loudavymkrokem.cz\/wp-content\/uploads\/2026\/07\/estonsko-clanky-tartu-co-videt-10-1536x1024.jpg 1536w, https:\/\/loudavymkrokem.cz\/wp-content\/uploads\/2026\/07\/estonsko-clanky-tartu-co-videt-10-696x464.jpg 696w, https:\/\/loudavymkrokem.cz\/wp-content\/uploads\/2026\/07\/estonsko-clanky-tartu-co-videt-10-1392x928.jpg 1392w\" sizes=\"(max-width: 1800px) 100vw, 1800px\" \/><button\n\t\t\tclass=\"lightbox-trigger\"\n\t\t\ttype=\"button\"\n\t\t\taria-haspopup=\"dialog\"\n\t\t\tdata-wp-bind--aria-label=\"state.thisImage.triggerButtonAriaLabel\"\n\t\t\tdata-wp-init=\"callbacks.initTriggerButton\"\n\t\t\tdata-wp-on--click=\"actions.showLightbox\"\n\t\t\tdata-wp-style--right=\"state.thisImage.buttonRight\"\n\t\t\tdata-wp-style--top=\"state.thisImage.buttonTop\"\n\t\t>\n\t\t\t<svg xmlns=\"http:\/\/www.w3.org\/2000\/svg\" width=\"12\" height=\"12\" fill=\"none\" viewBox=\"0 0 12 12\">\n\t\t\t\t<path fill=\"#fff\" d=\"M2 0a2 2 0 0 0-2 2v2h1.5V2a.5.5 0 0 1 .5-.5h2V0H2Zm2 10.5H2a.5.5 0 0 1-.5-.5V8H0v2a2 2 0 0 0 2 2h2v-1.5ZM8 12v-1.5h2a.5.5 0 0 0 .5-.5V8H12v2a2 2 0 0 1-2 2H8Zm2-12a2 2 0 0 1 2 2v2h-1.5V2a.5.5 0 0 0-.5-.5H8V0h2Z\" \/>\n\t\t\t<\/svg>\n\t\t<\/button><figcaption class=\"wp-element-caption\">Foto: M\u00e4rt Kose \/ Wikimedia Commons, CC BY 4.0<\/figcaption><\/figure>\n\n\n\n<h3 class=\"wp-block-heading\"><span class=\"ez-toc-section\" id=\"5_Tiedekeskus_AHHAA\"><\/span>5. Tiedekeskus AHHAA<span class=\"ez-toc-section-end\"><\/span><\/h3>\n\n\n\n<p class=\"wp-block-paragraph\">Jos olet kiinnostunut tieteest\u00e4 tai matkustat lasten kanssa, t\u00e4t\u00e4 paikkaa et saa j\u00e4tt\u00e4\u00e4 v\u00e4liin. AHHAA on <a href=\"https:\/\/ahhaa.ee\/\" rel=\"nofollow noopener\" target=\"_blank\"><strong>Baltian suurin tiedekeskus<\/strong><\/a> ja t\u00e4ydellinen paratiisi uteliaille luonteille.<\/p>\n\n\n\n<p class=\"wp-block-paragraph\">\u00c4l\u00e4 odota tylsi\u00e4 vitriinej\u00e4, t\u00e4\u00e4ll\u00e4 sinun on <strong>kosketettava ja kokeiltava kaikkea<\/strong>. Voit ajaa py\u00f6r\u00e4ll\u00e4 katonrajaan pingotettua vaijeria pitkin, eksy\u00e4 peililabyrintiss\u00e4 tai tutkia vesimaailmaa. Tartto lasten kanssa toimii t\u00e4\u00e4ll\u00e4 loistavasti.<\/p>\n\n\n\n<p class=\"wp-block-paragraph\">Se on my\u00f6s aivan ihanteellinen turvapaikka silt\u00e4 varalta, ett\u00e4 Virossa s\u00e4\u00e4 petytt\u00e4isi ja alkaisi sataa. Liput t\u00e4llaisiin kohteisiin voit joskus varata my\u00f6s <strong>netist\u00e4 portaalien kuten GetYourGuiden kautta<\/strong>.<\/p>\n\n\n\n<p class=\"wp-block-paragraph\">\ud83d\udca1 Vinkki: Vierailu viihdytt\u00e4\u00e4 sinua ongelmitta <strong>kolme tai nelj\u00e4 tuntia<\/strong>. Suuntaa antava p\u00e4\u00e4symaksu perheelle on noin 45 euroa, aikuinen maksaa 20 euroa.<\/p>\n\n\n\n<figure data-wp-context=\"{&quot;imageId&quot;:&quot;6a95075039ba0&quot;}\" data-wp-interactive=\"core\/image\" data-wp-key=\"6a95075039ba0\" class=\"wp-block-image size-full wp-lightbox-container\"><img decoding=\"async\" width=\"1800\" height=\"1200\" data-wp-class--hide=\"state.isContentHidden\" data-wp-class--show=\"state.isContentVisible\" data-wp-init=\"callbacks.setButtonStyles\" data-wp-on--click=\"actions.showLightbox\" data-wp-on--load=\"callbacks.setButtonStyles\" data-wp-on--pointerdown=\"actions.preloadImage\" data-wp-on--pointerenter=\"actions.preloadImageWithDelay\" data-wp-on--pointerleave=\"actions.cancelPreload\" data-wp-on-window--resize=\"callbacks.setButtonStyles\" src=\"https:\/\/loudavymkrokem.cz\/wp-content\/uploads\/2026\/07\/estonsko-clanky-tartu-co-videt-11.jpg\" alt=\"Viron kansallismuseo entisell\u00e4 lentokent\u00e4ll\u00e4\" class=\"wp-image-350661\" title=\"\" srcset=\"https:\/\/loudavymkrokem.cz\/wp-content\/uploads\/2026\/07\/estonsko-clanky-tartu-co-videt-11.jpg 1800w, https:\/\/loudavymkrokem.cz\/wp-content\/uploads\/2026\/07\/estonsko-clanky-tartu-co-videt-11-300x200.jpg 300w, https:\/\/loudavymkrokem.cz\/wp-content\/uploads\/2026\/07\/estonsko-clanky-tartu-co-videt-11-700x467.jpg 700w, https:\/\/loudavymkrokem.cz\/wp-content\/uploads\/2026\/07\/estonsko-clanky-tartu-co-videt-11-768x512.jpg 768w, https:\/\/loudavymkrokem.cz\/wp-content\/uploads\/2026\/07\/estonsko-clanky-tartu-co-videt-11-1536x1024.jpg 1536w, https:\/\/loudavymkrokem.cz\/wp-content\/uploads\/2026\/07\/estonsko-clanky-tartu-co-videt-11-696x464.jpg 696w, https:\/\/loudavymkrokem.cz\/wp-content\/uploads\/2026\/07\/estonsko-clanky-tartu-co-videt-11-1392x928.jpg 1392w\" sizes=\"(max-width: 1800px) 100vw, 1800px\" \/><button\n\t\t\tclass=\"lightbox-trigger\"\n\t\t\ttype=\"button\"\n\t\t\taria-haspopup=\"dialog\"\n\t\t\tdata-wp-bind--aria-label=\"state.thisImage.triggerButtonAriaLabel\"\n\t\t\tdata-wp-init=\"callbacks.initTriggerButton\"\n\t\t\tdata-wp-on--click=\"actions.showLightbox\"\n\t\t\tdata-wp-style--right=\"state.thisImage.buttonRight\"\n\t\t\tdata-wp-style--top=\"state.thisImage.buttonTop\"\n\t\t>\n\t\t\t<svg xmlns=\"http:\/\/www.w3.org\/2000\/svg\" width=\"12\" height=\"12\" fill=\"none\" viewBox=\"0 0 12 12\">\n\t\t\t\t<path fill=\"#fff\" d=\"M2 0a2 2 0 0 0-2 2v2h1.5V2a.5.5 0 0 1 .5-.5h2V0H2Zm2 10.5H2a.5.5 0 0 1-.5-.5V8H0v2a2 2 0 0 0 2 2h2v-1.5ZM8 12v-1.5h2a.5.5 0 0 0 .5-.5V8H12v2a2 2 0 0 1-2 2H8Zm2-12a2 2 0 0 1 2 2v2h-1.5V2a.5.5 0 0 0-.5-.5H8V0h2Z\" \/>\n\t\t\t<\/svg>\n\t\t<\/button><figcaption class=\"wp-element-caption\">Foto: WanderingTrad \/ Wikimedia Commons, CC BY-SA 4.0<\/figcaption><\/figure>\n\n\n\n<h3 class=\"wp-block-heading\"><span class=\"ez-toc-section\" id=\"6_Viron_kansallismuseo_ERM\"><\/span>6. Viron kansallismuseo (ERM)<span class=\"ez-toc-section-end\"><\/span><\/h3>\n\n\n\n<p class=\"wp-block-paragraph\">Vaikka et yleens\u00e4 hakeutuisikaan museoihin, t\u00e4m\u00e4 todenn\u00e4k\u00f6isesti vie sinulta sanat. <a href=\"https:\/\/www.erm.ee\/\" rel=\"nofollow noopener\" target=\"_blank\"><strong>Viron kansallismuseo (ERM)<\/strong><\/a> sijaitsee kaupungin laidalla Raadin kaupunginosassa entisen neuvostoliittolaisen sotilaslentokent\u00e4n paikalla.<\/p>\n\n\n\n<p class=\"wp-block-paragraph\">Itse rakennus on <strong>valtava arkkitehtoninen voitto<\/strong>, mahtava <strong>350 metri\u00e4 pitk\u00e4 lasikiila<\/strong>, joka jatkaa saumattomasti vanhaa kiitorataa.<\/p>\n\n\n\n<p class=\"wp-block-paragraph\">Sis\u00e4lt\u00e4 l\u00f6yd\u00e4t huippuluokan toteutetut ja interaktiiviset n\u00e4yttelyt, jotka kartoittavat Viron ja suomalais-ugrilaisten kansojen historiaa. Kaikki tekstit ovat lis\u00e4ksi erityisill\u00e4 \u00e4lykorteilla, jotka asetat sis\u00e4\u00e4n tullessasi omalle kielellesi, mik\u00e4 on uskomattoman k\u00e4yt\u00e4nn\u00f6llist\u00e4. Erityisen vahva on <strong>neuvostomiehityksen aikaiselle arjelle<\/strong> omistettu osa, joka selitt\u00e4\u00e4 paljon paikallisesta mentaliteetista.<\/p>\n\n\n\n<p class=\"wp-block-paragraph\">\ud83d\udca1 Vinkki: T\u00e4h\u00e4n hurmaavaan paikkaan kannattaa varata <strong>v\u00e4hint\u00e4\u00e4n kolme tuntia aikaa<\/strong>. Suuntaa antava p\u00e4\u00e4symaksu on noin 15 euroa.<\/p>\n\n\n\n<figure data-wp-context=\"{&quot;imageId&quot;:&quot;6a95075039fdf&quot;}\" data-wp-interactive=\"core\/image\" data-wp-key=\"6a95075039fdf\" class=\"wp-block-image size-full wp-lightbox-container\"><img decoding=\"async\" width=\"1800\" height=\"1224\" data-wp-class--hide=\"state.isContentHidden\" data-wp-class--show=\"state.isContentVisible\" data-wp-init=\"callbacks.setButtonStyles\" data-wp-on--click=\"actions.showLightbox\" data-wp-on--load=\"callbacks.setButtonStyles\" data-wp-on--pointerdown=\"actions.preloadImage\" data-wp-on--pointerenter=\"actions.preloadImageWithDelay\" data-wp-on--pointerleave=\"actions.cancelPreload\" data-wp-on-window--resize=\"callbacks.setButtonStyles\" src=\"https:\/\/loudavymkrokem.cz\/wp-content\/uploads\/2026\/07\/estonsko-clanky-tartu-co-videt-12.jpg\" alt=\"Puutaloja Supilinnin kaupunginosassa\" class=\"wp-image-350671\" title=\"\" srcset=\"https:\/\/loudavymkrokem.cz\/wp-content\/uploads\/2026\/07\/estonsko-clanky-tartu-co-videt-12.jpg 1800w, https:\/\/loudavymkrokem.cz\/wp-content\/uploads\/2026\/07\/estonsko-clanky-tartu-co-videt-12-300x204.jpg 300w, https:\/\/loudavymkrokem.cz\/wp-content\/uploads\/2026\/07\/estonsko-clanky-tartu-co-videt-12-700x476.jpg 700w, https:\/\/loudavymkrokem.cz\/wp-content\/uploads\/2026\/07\/estonsko-clanky-tartu-co-videt-12-768x522.jpg 768w, https:\/\/loudavymkrokem.cz\/wp-content\/uploads\/2026\/07\/estonsko-clanky-tartu-co-videt-12-1536x1044.jpg 1536w, https:\/\/loudavymkrokem.cz\/wp-content\/uploads\/2026\/07\/estonsko-clanky-tartu-co-videt-12-696x473.jpg 696w, https:\/\/loudavymkrokem.cz\/wp-content\/uploads\/2026\/07\/estonsko-clanky-tartu-co-videt-12-1392x947.jpg 1392w\" sizes=\"(max-width: 1800px) 100vw, 1800px\" \/><button\n\t\t\tclass=\"lightbox-trigger\"\n\t\t\ttype=\"button\"\n\t\t\taria-haspopup=\"dialog\"\n\t\t\tdata-wp-bind--aria-label=\"state.thisImage.triggerButtonAriaLabel\"\n\t\t\tdata-wp-init=\"callbacks.initTriggerButton\"\n\t\t\tdata-wp-on--click=\"actions.showLightbox\"\n\t\t\tdata-wp-style--right=\"state.thisImage.buttonRight\"\n\t\t\tdata-wp-style--top=\"state.thisImage.buttonTop\"\n\t\t>\n\t\t\t<svg xmlns=\"http:\/\/www.w3.org\/2000\/svg\" width=\"12\" height=\"12\" fill=\"none\" viewBox=\"0 0 12 12\">\n\t\t\t\t<path fill=\"#fff\" d=\"M2 0a2 2 0 0 0-2 2v2h1.5V2a.5.5 0 0 1 .5-.5h2V0H2Zm2 10.5H2a.5.5 0 0 1-.5-.5V8H0v2a2 2 0 0 0 2 2h2v-1.5ZM8 12v-1.5h2a.5.5 0 0 0 .5-.5V8H12v2a2 2 0 0 1-2 2H8Zm2-12a2 2 0 0 1 2 2v2h-1.5V2a.5.5 0 0 0-.5-.5H8V0h2Z\" \/>\n\t\t\t<\/svg>\n\t\t<\/button><figcaption class=\"wp-element-caption\">Foto: Kurt Smith \/ Pexels<\/figcaption><\/figure>\n\n\n\n<!-- LKM_GYG_CARD start q=\"tartu\" lang=\"fi\" rendered=\"2026-08-31T02:24:48+00:00\" v=\"1\" -->\n<style id=\"lk-gyg-styles\">\n@import url(\"https:\/\/fonts.googleapis.com\/css2?family=Playfair+Display:wght@700&family=DM+Sans:wght@300;400;500;600&display=swap\");\n\/* === LK GYG karty \u2014 CRO redesign 2026-05 (namespace .lkx-) ===\n   C\u00edl: vy\u0161\u0161\u00ed CTR (hero + v\u00fdrazn\u00fd social proof + ak\u010dn\u00ed CTA, m\u00e9n\u011b \"reklamn\u00ed\").\n   Injektuje se inline do prvn\u00edho markeru postu (refresh_cards.py --inline-css). *\/\n.lkx-module, .lkx-module *{box-sizing:border-box;margin:0;padding:0}\n.lkx-module{\n  font-family:'DM Sans',-apple-system,Segoe UI,Roboto,Georgia,sans-serif;\n  max-width:860px;margin:2.5rem auto;color:#1f2328;\n}\n\n\/* HEADER \u2014 lehk\u00fd editorsk\u00fd, \u017e\u00e1dn\u00fd bannerov\u00fd blok; nadpis + popisek pod n\u00edm *\/\n.lkx-head{margin-bottom:16px}\n.lkx-head-main{display:flex;align-items:center;gap:10px}\n.lkx-head-accent{width:26px;height:3px;border-radius:2px;background:#c39f76;flex-shrink:0}\n.lkx-head-title{font-family:'Playfair Display',Georgia,serif;font-size:21px;font-weight:700;color:#1a1a1a;line-height:1.25}\n.lkx-head-meta{display:block;font-size:11px;letter-spacing:.3px;color:#9aa0a6;margin-top:4px;margin-left:36px}\n\n\/* HERO *\/\n.lkx-hero{display:grid;grid-template-columns:300px 1fr;background:#fff;border:1px solid #ece7df;border-radius:14px;overflow:hidden;text-decoration:none!important;color:inherit;box-shadow:0 6px 20px rgba(0,0,0,.06);transition:box-shadow .2s,transform .2s;margin-bottom:14px}\n.lkx-hero:hover{box-shadow:0 12px 30px rgba(0,0,0,.12);transform:translateY(-2px)}\n.lkx-hero-img{position:relative;min-height:230px;background-size:cover;background-position:center;background-color:#eee}\n.lkx-hero-body{padding:22px 24px;display:flex;flex-direction:column}\n.lkx-pick{position:absolute;top:12px;left:12px;background:#1a1a1a;color:#fff;font-size:11px;font-weight:700;letter-spacing:.5px;padding:5px 11px;border-radius:20px}\n\n\/* TITLE *\/\n.lkx-title{font-size:19px;font-weight:700;color:#161616;line-height:1.3}\n.lkx-title-sm{font-size:14.5px;line-height:1.35;display:-webkit-box;-webkit-line-clamp:2;-webkit-box-orient:vertical;overflow:hidden}\n\n\/* SOCIAL PROOF \u2014 v\u00fdrazn\u011b, naho\u0159e *\/\n.lkx-proof{display:flex;align-items:center;gap:7px;margin-top:12px;font-size:15px;color:#3a3a3a}\n.lkx-proof b{font-size:16px;color:#161616}\n.lkx-stars{color:#f5a623;letter-spacing:1px}\n.lkx-proof-sm{font-size:12.5px;margin-top:8px;gap:5px}\n.lkx-proof-sm b{font-size:13px}\n.lkx-proof-new{color:#3685fc;font-weight:600}\n\n\/* PRICE \u2014 n\u00edzk\u00e1 kotva *\/\n.lkx-price{font-size:14px;color:#6b7280}\n.lkx-price b{font-size:20px;color:#161616;font-weight:700}\n.lkx-price-sm b{font-size:15px}\n\n\/* CTA \u2014 tepl\u00e9 ak\u010dn\u00ed tla\u010d\u00edtko *\/\n.lkx-cta{display:inline-flex;align-items:center;justify-content:center;text-decoration:none!important;font-weight:700;color:#fff!important;background:linear-gradient(135deg,#f6743f,#e8552a);border-radius:10px;box-shadow:0 6px 16px rgba(232,85,42,.32);transition:box-shadow .2s}\n.lkx-cta-hero{font-size:15px;padding:13px 22px}\n.lkx-hero:hover .lkx-cta-hero{box-shadow:0 8px 22px rgba(232,85,42,.45)}\n.lkx-cta-sm{font-size:12.5px;padding:9px 14px;width:100%;margin-top:2px}\n.lkx-hero-bottom{margin-top:auto;padding-top:18px;display:flex;align-items:center;justify-content:space-between;gap:14px;flex-wrap:wrap}\n\n\/* BADGE \u2014 jeden v\u00fdrazn\u00fd na fotce *\/\n.lkx-badge{position:absolute;top:12px;right:12px;font-size:10.5px;font-weight:700;letter-spacing:.3px;padding:5px 10px;border-radius:16px;color:#fff}\n.lkx-badge.badge-urgency{background:rgba(214,40,40,.92)}\n.lkx-badge.badge-new{background:rgba(54,133,252,.92)}\n.lkx-badge.badge-top{background:rgba(195,159,118,.95)}\n.lkx-badge.badge-info{background:rgba(40,40,40,.78)}\n\n\/* SECONDARY GRID *\/\n.lkx-grid{display:grid;grid-template-columns:1fr 1fr;gap:14px}\n.lkx-card{background:#fff;border:1px solid #ece7df;border-radius:14px;overflow:hidden;text-decoration:none!important;color:inherit;box-shadow:0 4px 14px rgba(0,0,0,.05);display:flex;flex-direction:column;transition:box-shadow .2s,transform .2s}\n.lkx-card:hover{box-shadow:0 10px 24px rgba(0,0,0,.1);transform:translateY(-2px)}\n.lkx-card-img{position:relative;aspect-ratio:16\/10;background-size:cover;background-position:center;background-color:#eee}\n.lkx-card-body{padding:14px 16px 16px;display:flex;flex-direction:column;gap:7px;flex:1}\n.lkx-card-bottom{margin-top:auto;padding-top:10px;display:flex;align-items:center;justify-content:space-between;gap:8px}\n\n\/* DISCLOSURE \u2014 drobn\u00e1, kv\u016fli d\u016fv\u011b\u0159e\/z\u00e1konu *\/\n.lkx-disclosure{font-size:11px;color:#a7adb3;text-align:center;margin-top:14px;line-height:1.6}\n.lkx-disclosure a{color:#c39f76;text-decoration:none}\n\n@media(max-width:680px){\n  .lkx-hero{grid-template-columns:1fr}\n  .lkx-hero-img{min-height:180px}\n  .lkx-grid{grid-template-columns:1fr}\n  .lkx-head-meta{margin-left:0;width:100%}\n  .lkx-head-title{font-size:19px}\n}\n\n<\/style>\n<div class=\"lkx-module\" data-query=\"tartu\">\n  <div class=\"lkx-head\">\n    <div class=\"lkx-head-main\">\n      <span class=\"lkx-head-accent\"><\/span>\n      <span class=\"lkx-head-title\">El\u00e4mykset ja liput<\/span>\n    <\/div>\n    <span class=\"lkx-head-meta\">matkailijoiden arvioima \u00b7 GetYourGuide<\/span>\n  <\/div><a class=\"lkx-hero\" href=\"https:\/\/www.getyourguide.com\/fi-fi\/tartto-l1996\/vana-lugu-tarton-historian-palasia-ja-tarinoita-t1309634\/?partner_id=MKZ64IS&amp;utm_medium=online_publisher&amp;cmp=tartto-nahtavyydet-viro\" target=\"_blank\" rel=\"sponsored noopener nofollow\">\n    <div class=\"lkx-hero-img\" style=\"background-image:url('https:\/\/cdn.getyourguide.com\/img\/tour\/2ebc002e7a10bd7e957508b61175b85938e9f3adfe617a00b910a2f0763ae5f2.png\/132.jpg')\" role=\"img\" aria-label=\"Vana Lugu: Tarton historian palasia ja tarinoita\">\n      <span class=\"lkx-pick\">\u2605 Suosituksemme<\/span><\/div>\n    <div class=\"lkx-hero-body\">\n      <div class=\"lkx-title\">Vana Lugu: Tarton historian palasia ja tarinoita<\/div>\n      <div class=\"lkx-proof\">\n      <span class=\"lkx-stars\">\u2605\u2605\u2605\u2605\u2605<\/span>\n      <b>5.0<\/b> \u00b7 15 arvostelua\n    <\/div>\n      <div class=\"lkx-hero-bottom\"><div class=\"lkx-price\">alkaen <b>30\u00a0\u20ac<\/b><\/div><span class=\"lkx-cta lkx-cta-hero\">Haluan t\u00e4m\u00e4n el\u00e4myksen \u2192<\/span>\n      <\/div>\n    <\/div>\n  <\/a><div class=\"lkx-grid\"><a class=\"lkx-card\" href=\"https:\/\/www.getyourguide.com\/fi-fi\/tartto-l1996\/tartu-yksityinen-pyorailykierros-maisema-arkkitehdin-kanssa-t1301964\/?partner_id=MKZ64IS&amp;utm_medium=online_publisher&amp;cmp=tartto-nahtavyydet-viro\" target=\"_blank\" rel=\"sponsored noopener nofollow\">\n      <div class=\"lkx-card-img\" style=\"background-image:url('https:\/\/cdn.getyourguide.com\/img\/tour\/60f534c78fcc3958a38e9e3b7208a42a362b36d76f7c897d2943b10164d46fce.jpeg\/132.jpg')\" role=\"img\" aria-label=\"Tartto: Yksityinen py\u00f6r\u00e4ilykierros maisema-arkkitehdin kanssa\"><\/div>\n      <div class=\"lkx-card-body\">\n        <div class=\"lkx-title lkx-title-sm\">Tartto: Yksityinen py\u00f6r\u00e4ilykierros maisema-arkkitehdin kanssa<\/div>\n        <div class=\"lkx-proof lkx-proof-sm\">\n      <span class=\"lkx-stars\">\u2605<\/span>\n      <b>5.0<\/b> \u00b7 1\n    <\/div>\n        <div class=\"lkx-card-bottom\"><span class=\"lkx-price lkx-price-sm\">alkaen <b>30\u00a0\u20ac<\/b><\/span><span class=\"lkx-cta lkx-cta-sm\">Katso p\u00e4iv\u00e4m\u00e4\u00e4r\u00e4t \u2192<\/span>\n        <\/div>\n      <\/div>\n    <\/a><a class=\"lkx-card\" href=\"https:\/\/www.getyourguide.com\/fi-fi\/tartto-l1996\/vana-lugu-tartto-alternatiivinen-kavelykierros-ja-katutaide-t1309678\/?partner_id=MKZ64IS&amp;utm_medium=online_publisher&amp;cmp=tartto-nahtavyydet-viro\" target=\"_blank\" rel=\"sponsored noopener nofollow\">\n      <div class=\"lkx-card-img\" style=\"background-image:url('https:\/\/cdn.getyourguide.com\/img\/tour\/ee2c73ea5e2ea41f307785cb5431484f13591a6e82f0bd9549ae1ca617130c12.jpg\/132.jpg')\" role=\"img\" aria-label=\"Vana Lugu: Tartto: Alternatiivinen k\u00e4velykierros ja katutaide\"><\/div>\n      <div class=\"lkx-card-body\">\n        <div class=\"lkx-title lkx-title-sm\">Vana Lugu: Tartto: Alternatiivinen k\u00e4velykierros ja katutaide<\/div>\n        <div class=\"lkx-proof lkx-proof-sm\">\n      <span class=\"lkx-stars\">\u2605<\/span>\n      <b>0.0<\/b> \u00b7 0\n    <\/div>\n        <div class=\"lkx-card-bottom\"><span class=\"lkx-price lkx-price-sm\">alkaen <b>20\u00a0\u20ac<\/b><\/span><span class=\"lkx-cta lkx-cta-sm\">Katso p\u00e4iv\u00e4m\u00e4\u00e4r\u00e4t \u2192<\/span>\n        <\/div>\n      <\/div>\n    <\/a><\/div><div class=\"lkx-disclosure\">\ud83d\udd17 N\u00e4m\u00e4 ovat kumppanilinkkej\u00e4 \u2014 ne eiv\u00e4t muuta hintaasi ja auttavat meit\u00e4 tekem\u00e4\u00e4n sis\u00e4lt\u00f6\u00e4. \u00b7 <a href=\"https:\/\/www.getyourguide.com\/fi-fi\/s\/?q=tartu&amp;partner_id=MKZ64IS&amp;utm_medium=online_publisher\" target=\"_blank\" rel=\"sponsored noopener nofollow\">Kaikki el\u00e4mykset \u2192<\/a><\/div>\n<\/div>\n<!-- LKM_GYG_CARD end -->\n\n\n\n\n<div class=\"lk-stays-module\">\n<style>\n\/* \u2500\u2500\u2500 RESET PRO GUTENBERG \u2500\u2500\u2500 *\/\n.lk-stays-module * { box-sizing: border-box; margin: 0; padding: 0; }\n\n\/* \u2500\u2500\u2500 WRAPPER \u2500\u2500\u2500 *\/\n.lk-stays-module {\n  font-family: 'DM Sans', Georgia, sans-serif;\n  max-width: 100%;\n  margin: 2.5rem auto;\n  background: linear-gradient(135deg, #fdfaf5 0%, #fcf8f0 100%);\n  border: 1px solid #e8dfd4;\n  border-radius: 16px;\n  overflow: hidden;\n  box-shadow: 0 16px 48px rgba(195, 159, 118, 0.25), 0 4px 12px rgba(0,0,0,0.08);\n}\n\n\/* \u2500\u2500\u2500 HEADER \u2500\u2500\u2500 *\/\n.lk-stays-header {\n  position: relative;\n  padding: 24px 36px 24px;\n  background: linear-gradient(135deg, #c39f76 0%, #d4b188 60%, #c39f76 100%);\n  border-bottom: 1px solid rgba(255,255,255,.15);\n  display: flex;\n  align-items: center;\n  gap: 18px;\n}\n.lk-stays-header::before {\n  content: '';\n  position: absolute;\n  inset: 0;\n  background: url(\"data:image\/svg+xml,%3Csvg width='60' height='60' viewBox='0 0 60 60' xmlns='http:\/\/www.w3.org\/2000\/svg'%3E%3Cg fill='none' fill-rule='evenodd'%3E%3Cg fill='%23ffffff' fill-opacity='0.05'%3E%3Cpath d='M36 34v-4h-2v4h-4v2h4v4h2v-4h4v-2h-4zm0-30V0h-2v4h-4v2h4v4h2V6h4V4h-4zM6 34v-4H4v4H0v2h4v4h2v-4h4v-2H6zM6 4V0H4v4H0v2h4v4h2V6h4V4H6z'\/%3E%3C\/g%3E%3C\/g%3E%3C\/svg%3E\") repeat;\n  pointer-events: none;\n}\n.lk-stays-icon {\n  flex-shrink: 0;\n  width: 68px;\n  height: 68px;\n  border-radius: 14px;\n  background: linear-gradient(135deg, #fff 0%, #f9f6f0 100%);\n  display: flex;\n  align-items: center;\n  justify-content: center;\n  font-size: 26px;\n  box-shadow: 0 4px 12px rgba(0,0,0,0.15);\n}\n.lk-stays-eyebrow {\n  font-size: 10px;\n  font-weight: 500;\n  letter-spacing: 2.5px;\n  text-transform: uppercase;\n  color: rgba(255,255,255,.85);\n  margin: 0 0 5px 0;\n}\n.lk-stays-title {\n  font-family: 'Playfair Display', Georgia, serif;\n  font-size: 24px;\n  font-weight: 700;\n  color: #fff;\n  line-height: 1.2;\n  text-shadow: 0 1px 2px rgba(0,0,0,0.1);\n  margin: 0;\n}\n.lk-stays-subtitle {\n  font-size: 13px;\n  color: rgba(255,255,255,.75);\n  margin: 4px 0 0 0;\n  font-weight: 300;\n}\n\n\/* \u2500\u2500\u2500 CARDS GRID \u2500\u2500\u2500 *\/\n.lk-stays-grid {\n  display: grid;\n  grid-template-columns: 1fr 1fr;\n  gap: 1px;\n  background: rgba(195, 159, 118, 0.12);\n}\n\n\/* \u2500\u2500\u2500 SINGLE CARD \u2500\u2500\u2500 *\/\n.lk-stay-card {\n  background: #ffffff;\n  padding: 26px;\n  display: flex;\n  flex-direction: column;\n  gap: 11px;\n  transition: all 0.3s ease;\n  text-decoration: none;\n  color: inherit;\n  position: relative;\n}\n.lk-stay-card:hover {\n  background: #fffbf5;\n  transform: translateY(-2px);\n  box-shadow: 0 8px 24px rgba(195, 159, 118, 0.18);\n  z-index: 1;\n}\n.lk-stay-card.featured {\n  background: linear-gradient(135deg, #fffdf9 0%, #fff9f0 100%);\n  box-shadow: 0 4px 16px rgba(195, 159, 118, 0.15), inset 0 1px 0 rgba(195, 159, 118, 0.1);\n}\n.lk-stay-card.featured:hover {\n  background: linear-gradient(135deg, #fffbf5 0%, #fff8ed 100%);\n  box-shadow: 0 8px 24px rgba(195, 159, 118, 0.25), inset 0 1px 0 rgba(195, 159, 118, 0.15);\n}\n\n.lk-stay-badge {\n  display: inline-flex;\n  align-items: center;\n  gap: 5px;\n  font-size: 10px;\n  font-weight: 500;\n  letter-spacing: 1.5px;\n  text-transform: uppercase;\n  padding: 5px 11px;\n  border-radius: 20px;\n  width: fit-content;\n}\n.badge-top     { background: linear-gradient(135deg, #c39f76 0%, #d4b188 100%); color: #fff; border: 1px solid #c39f76; font-weight: 600; box-shadow: 0 2px 8px rgba(195,159,118,0.3); }\n.badge-luxury  { background: rgba(195,159,118,.12); color: #c39f76; border: 1px solid rgba(195,159,118,.25); }\n.badge-boutique{ background: rgba(54,133,252,.08); color: #3685fc; border: 1px solid rgba(54,133,252,.2); }\n.badge-nature  { background: rgba(130,190,100,.1); color: #6b9c4a; border: 1px solid rgba(130,190,100,.2); }\n.badge-remote  { background: rgba(195,159,118,.12); color: #a67e50; border: 1px solid rgba(195,159,118,.25); }\n\n.lk-stay-name {\n  font-family: 'Playfair Display', Georgia, serif;\n  font-size: 18px;\n  font-weight: 700;\n  color: #111827;\n  line-height: 1.3;\n}\n.lk-stay-desc {\n  font-size: 13.5px;\n  color: #525252;\n  line-height: 1.65;\n  font-weight: 300;\n  flex: 1;\n}\n\n.lk-stay-meta {\n  display: flex;\n  align-items: center;\n  gap: 12px;\n  flex-wrap: wrap;\n  margin-top: 4px;\n}\n.lk-stay-price {\n  font-size: 13px;\n  color: #6b7280;\n}\n.lk-stay-price strong {\n  color: #c39f76;\n  font-weight: 500;\n}\n.lk-stay-stars {\n  color: #c39f76;\n  font-size: 11px;\n  letter-spacing: 1px;\n}\n\n\/* \u2500\u2500\u2500 CTA BUTTON \u2500\u2500\u2500 *\/\n.lk-stay-cta {\n  display: inline-flex;\n  align-items: center;\n  justify-content: center;\n  gap: 7px;\n  margin-top: 8px;\n  padding: 11px 20px;\n  border-radius: 8px;\n  background: linear-gradient(135deg, #3685fc 0%, #2a6fd9 100%);\n  color: #fff;\n  font-size: 13px;\n  font-weight: 500;\n  text-decoration: none;\n  letter-spacing: .3px;\n  transition: all .2s ease;\n  cursor: pointer;\n  border: none;\n  text-align: center;\n  box-shadow: 0 4px 12px rgba(54, 133, 252, 0.25);\n}\n.lk-stay-cta:hover {\n  background: linear-gradient(135deg, #2a6fd9 0%, #1e5bc4 100%);\n  transform: translateY(-1px);\n  box-shadow: 0 6px 16px rgba(54, 133, 252, 0.35);\n}\n.lk-stay-cta svg { flex-shrink: 0; }\n\n\/* \u2500\u2500\u2500 FOOTER \u2500\u2500\u2500 *\/\n.lk-stays-footer {\n  padding: 18px 36px;\n  background: linear-gradient(to bottom, #fdfaf5 0%, #f9f4ed 100%);\n  border-top: 1px solid rgba(195, 159, 118, 0.15);\n  display: flex;\n  align-items: center;\n  justify-content: space-between;\n  flex-wrap: wrap;\n  gap: 12px;\n}\n.lk-stays-footer-note {\n  font-size: 11.5px;\n  color: #6b7280;\n  font-weight: 300;\n  line-height: 1.5;\n}\n.lk-stays-footer-note a {\n  color: #c39f76;\n  text-decoration: none;\n  font-weight: 400;\n}\n.lk-stays-footer-note a:hover {\n  text-decoration: underline;\n}\n.lk-stays-all-btn {\n  display: inline-flex;\n  align-items: center;\n  gap: 6px;\n  font-size: 12.5px;\n  font-weight: 500;\n  color: #c39f76;\n  text-decoration: none;\n  border: 1px solid rgba(195, 159, 118, 0.35);\n  padding: 8px 18px;\n  border-radius: 8px;\n  transition: all .2s ease;\n}\n.lk-stays-all-btn:hover {\n  background: rgba(195, 159, 118, 0.08);\n  border-color: rgba(195, 159, 118, 0.5);\n}\n\n\/* \u2500\u2500\u2500 RESPONSIVE \u2500\u2500\u2500 *\/\n@media (max-width: 600px) {\n  .lk-stays-grid { grid-template-columns: 1fr; }\n  .lk-stays-header { padding: 24px 20px; }\n  .lk-stays-footer { padding: 16px 20px; }\n  .lk-stay-card { padding: 22px; }\n  .lk-stays-title { font-size: 20px; }\n}\n<\/style>\n\n  <!-- HEADER -->\n  <div class=\"lk-stays-header\">\n    <img decoding=\"async\" src=\"https:\/\/loudavymkrokem.cz\/wp-content\/uploads\/2026\/02\/lukas-a-lucka.jpg\" alt=\"\" style=\"width: 75px; height: 75px; border-radius: 8px; flex-shrink: 0; object-fit: cover; display: block; margin: 4px 0;\" title=\"\">\n    <div class=\"lk-stays-header-text\">\n      <div class=\"lk-stays-eyebrow\">Luk\u00e1\u0161 ja Lucie suosittelevat<\/div>\n      <div class=\"lk-stays-title\">Miss\u00e4 y\u00f6py\u00e4 Tartussa<\/div>\n      <div class=\"lk-stays-subtitle\">6 majoitusvaihtoehtoa \u2014 hotelleja, wellness-hotelleja ja muita majoitusvaihtoehtoja<\/div>\n    <\/div>\n  <\/div>\n\n  <!-- CARDS -->\n  <div class=\"lk-stays-grid\">\n\n    <a class=\"lk-stay-card featured\" href=\"https:\/\/www.stay22.com\/allez\/roam?aid=lukaskonecny&#038;campaign=loudavymkrokemcz&#038;campaign=fi&#038;campaign=tartu-co-videt&#038;hotelname=Lydia%20Hotel&#038;address=Tartu%2C%20Estonsko\" target=\"_blank\" rel=\"nofollow noopener\">\n      <span class=\"lk-stay-badge badge-top\">\u2b50 HUIPPUVALINTA<\/span>\n      <span class=\"lk-stay-badge badge-nature\">\ud83c\udfe8 Hotelli<\/span>\n      <div class=\"lk-stay-name\">Lydia Hotel<\/div>\n      <div class=\"lk-stay-desc\">Yksi parhaiten arvostelluista kohteista aivan kaupungin syd\u00e4mess\u00e4, uima-altaalla ja saunalla.<\/div>\n      <div class=\"lk-stay-meta\">\n        <span class=\"lk-stay-stars\">\u2605\u2605\u2605\u2605<\/span>\n        <span class=\"lk-stay-price\">Tarkista hinnat<\/span>\n      <\/div>\n      <span class=\"lk-stay-cta\">\n        <svg width=\"14\" height=\"14\" viewBox=\"0 0 24 24\" fill=\"none\" stroke=\"currentColor\" stroke-width=\"2\"><path d=\"M18 13v6a2 2 0 0 1-2 2H5a2 2 0 0 1-2-2V8a2 2 0 0 1 2-2h6\"\/><polyline points=\"15 3 21 3 21 9\"\/><line x1=\"10\" y1=\"14\" x2=\"21\" y2=\"3\"\/><\/svg>\n        Tarkista saatavuus\n      <\/span>\n    <\/a>\n\n    <a class=\"lk-stay-card\" href=\"https:\/\/www.stay22.com\/allez\/roam?aid=lukaskonecny&#038;campaign=loudavymkrokemcz&#038;campaign=fi&#038;campaign=tartu-co-videt&#038;hotelname=V%20Spa%20Hotel%20and%20Conference%20centre&#038;address=Tartu%2C%20Estonsko\" target=\"_blank\" rel=\"nofollow noopener\">\n      <span class=\"lk-stay-badge badge-nature\">\u2b50 Luxury<\/span>\n      <div class=\"lk-stay-name\">V Spa Hotel and Conference centre<\/div>\n      <div class=\"lk-stay-desc\">Wellness-kokemus kunnollisella kylpyl\u00e4kompleksilla suoraan hotellissa.<\/div>\n      <div class=\"lk-stay-meta\">\n        <span class=\"lk-stay-stars\">\u2605\u2605\u2605\u2605<\/span>\n        <span class=\"lk-stay-price\">Tarkista hinnat<\/span>\n      <\/div>\n      <span class=\"lk-stay-cta\">\n        <svg width=\"14\" height=\"14\" viewBox=\"0 0 24 24\" fill=\"none\" stroke=\"currentColor\" stroke-width=\"2\"><path d=\"M18 13v6a2 2 0 0 1-2 2H5a2 2 0 0 1-2-2V8a2 2 0 0 1 2-2h6\"\/><polyline points=\"15 3 21 3 21 9\"\/><line x1=\"10\" y1=\"14\" x2=\"21\" y2=\"3\"\/><\/svg>\n        Tarkista saatavuus\n      <\/span>\n    <\/a>\n\n    <a class=\"lk-stay-card\" href=\"https:\/\/www.stay22.com\/allez\/roam?aid=lukaskonecny&#038;campaign=loudavymkrokemcz&#038;campaign=fi&#038;campaign=tartu-co-videt&#038;hotelname=Hotel%20Antonius&#038;address=Tartu%2C%20Estonsko\" target=\"_blank\" rel=\"nofollow noopener\">\n      <span class=\"lk-stay-badge badge-nature\">\ud83c\udfe8 Hotelli<\/span>\n      <div class=\"lk-stay-name\">Hotel Antonius<\/div>\n      <div class=\"lk-stay-desc\">Boutique-hotelli, jossa on historiallista tunnelmaa ja upeat antiikkisisustukset.<\/div>\n      <div class=\"lk-stay-meta\">\n        <span class=\"lk-stay-stars\">\u2605\u2605\u2605\u2605<\/span>\n        <span class=\"lk-stay-price\">Tarkista hinnat<\/span>\n      <\/div>\n      <span class=\"lk-stay-cta\">\n        <svg width=\"14\" height=\"14\" viewBox=\"0 0 24 24\" fill=\"none\" stroke=\"currentColor\" stroke-width=\"2\"><path d=\"M18 13v6a2 2 0 0 1-2 2H5a2 2 0 0 1-2-2V8a2 2 0 0 1 2-2h6\"\/><polyline points=\"15 3 21 3 21 9\"\/><line x1=\"10\" y1=\"14\" x2=\"21\" y2=\"3\"\/><\/svg>\n        Tarkista saatavuus\n      <\/span>\n    <\/a>\n\n    <a class=\"lk-stay-card\" href=\"https:\/\/www.stay22.com\/allez\/roam?aid=lukaskonecny&#038;campaign=loudavymkrokemcz&#038;campaign=fi&#038;campaign=tartu-co-videt&#038;hotelname=Hektor%20Design%20Hostel&#038;address=Tartu%2C%20Estonsko\" target=\"_blank\" rel=\"nofollow noopener\">\n      <span class=\"lk-stay-badge badge-nature\">\ud83c\udfe1 Pension\/B&#038;B<\/span>\n      <div class=\"lk-stay-name\">Hektor Design Hostel<\/div>\n      <div class=\"lk-stay-desc\">Tyylik\u00e4s hostelli, joka yhdist\u00e4\u00e4 kohtuuhinnan loistavaan pohjoismaiseen muotoiluun budjettimatkustajille.<\/div>\n      <div class=\"lk-stay-meta\">\n        <span class=\"lk-stay-stars\">\u2605\u2605\u2605\u2605<\/span>\n        <span class=\"lk-stay-price\">Tarkista hinnat<\/span>\n      <\/div>\n      <span class=\"lk-stay-cta\">\n        <svg width=\"14\" height=\"14\" viewBox=\"0 0 24 24\" fill=\"none\" stroke=\"currentColor\" stroke-width=\"2\"><path d=\"M18 13v6a2 2 0 0 1-2 2H5a2 2 0 0 1-2-2V8a2 2 0 0 1 2-2h6\"\/><polyline points=\"15 3 21 3 21 9\"\/><line x1=\"10\" y1=\"14\" x2=\"21\" y2=\"3\"\/><\/svg>\n        Tarkista saatavuus\n      <\/span>\n    <\/a>\n\n    <a class=\"lk-stay-card\" href=\"https:\/\/www.stay22.com\/allez\/roam?aid=lukaskonecny&#038;campaign=loudavymkrokemcz&#038;campaign=fi&#038;campaign=tartu-co-videt&#038;hotelname=Dorpat%20Hotel&#038;address=Tartu%2C%20Estonsko\" target=\"_blank\" rel=\"nofollow noopener\">\n      <span class=\"lk-stay-badge badge-nature\">\ud83c\udfe8 Hotelli<\/span>\n      <div class=\"lk-stay-name\">Dorpat Hotel<\/div>\n      <div class=\"lk-stay-desc\">Luotettava keskiluokan vaihtoehto Emaj\u00f5gi-joen rannalla.<\/div>\n      <div class=\"lk-stay-meta\">\n        <span class=\"lk-stay-stars\">\u2605\u2605\u2605\u2605<\/span>\n        <span class=\"lk-stay-price\">Tarkista hinnat<\/span>\n      <\/div>\n      <span class=\"lk-stay-cta\">\n        <svg width=\"14\" height=\"14\" viewBox=\"0 0 24 24\" fill=\"none\" stroke=\"currentColor\" stroke-width=\"2\"><path d=\"M18 13v6a2 2 0 0 1-2 2H5a2 2 0 0 1-2-2V8a2 2 0 0 1 2-2h6\"\/><polyline points=\"15 3 21 3 21 9\"\/><line x1=\"10\" y1=\"14\" x2=\"21\" y2=\"3\"\/><\/svg>\n        Tarkista saatavuus\n      <\/span>\n    <\/a>\n\n    <a class=\"lk-stay-card\" href=\"https:\/\/www.stay22.com\/allez\/roam?aid=lukaskonecny&#038;campaign=loudavymkrokemcz&#038;campaign=fi&#038;campaign=tartucovidet&#038;address=tartu\" target=\"_blank\" rel=\"nofollow noopener\">\n      <span class=\"lk-stay-badge badge-nature\">\ud83d\udd0d Hae<\/span>\n      <div class=\"lk-stay-name\">N\u00e4yt\u00e4 kaikki majoitusvaihtoehdot Tartussa<\/div>\n      <div class=\"lk-stay-desc\">Tutustu kaikkiin saatavilla oleviin majoitusvaihtoehtoihin Tartussa ja l\u00f6yd\u00e4 paras mieltymystesi ja budjettisi mukaan.<\/div>\n      <div class=\"lk-stay-meta\">\n        <span class=\"lk-stay-stars\">\u2605\u2605\u2605\u2605<\/span>\n        <span class=\"lk-stay-price\">Vertaa hintoja<\/span>\n      <\/div>\n      <span class=\"lk-stay-cta\">\n        <svg width=\"14\" height=\"14\" viewBox=\"0 0 24 24\" fill=\"none\" stroke=\"currentColor\" stroke-width=\"2\"><path d=\"M18 13v6a2 2 0 0 1-2 2H5a2 2 0 0 1-2-2V8a2 2 0 0 1 2-2h6\"\/><polyline points=\"15 3 21 3 21 9\"\/><line x1=\"10\" y1=\"14\" x2=\"21\" y2=\"3\"\/><\/svg>\n        Tarkista saatavuus\n      <\/span>\n    <\/a>\n\n  <\/div>\n\n  \n<\/div>\n\n\n\n\n<h3 class=\"wp-block-heading\"><span class=\"ez-toc-section\" id=\"7_Puinen_Supilinnin_kaupunginosa_Keittokaupunki\"><\/span>7. Puinen Supilinnin kaupunginosa (Keittokaupunki)<span class=\"ez-toc-section-end\"><\/span><\/h3>\n\n\n\n<p class=\"wp-block-paragraph\">Lyhyen k\u00e4velymatkan p\u00e4\u00e4ss\u00e4 keskustasta jokea kohti sijaitsee kaupunginosa, joka on kuin suoraan menneelt\u00e4 vuosisadalta. Supilinn muodostaa <strong>labyrintin vanhoista v\u00e4rikk\u00e4ist\u00e4 puutaloista<\/strong>, joilla on uskomaton vieh\u00e4tys.<\/p>\n\n\n\n<p class=\"wp-block-paragraph\">Sen nimi tarkoittaa k\u00e4\u00e4nnettyn\u00e4 Keittokaupunkia ja johtuu siit\u00e4, ett\u00e4 paikalliset kadut <strong>on nimetty erilaisten vihannesten mukaan<\/strong>. T\u00e4\u00e4ll\u00e4 t\u00f6rm\u00e4\u00e4t Herne-, Peruna-, Papu- tai Meloni-katuun.<\/p>\n\n\n\n<p class=\"wp-block-paragraph\">Aiemmin se oli laiminly\u00f6ty ty\u00f6l\u00e4iskaupunginosa, mutta nyky\u00e4\u00e4n se on <strong>haluttu boheemi osoite<\/strong>, joka on t\u00e4ynn\u00e4 yhteis\u00f6puutarhoja ja katutaidetta, jonne eksyt rauhassa kameran kanssa tunniksi.<\/p>\n\n\n\n<p class=\"wp-block-paragraph\">\ud83d\udca1 Vinkki: Eksy kujille kamera k\u00e4dess\u00e4, k\u00e4vely <strong>vie noin tunnin<\/strong> eik\u00e4 maksa sentti\u00e4k\u00e4\u00e4n.<\/p>\n\n\n\n<figure data-wp-context=\"{&quot;imageId&quot;:&quot;6a9507503a4c2&quot;}\" data-wp-interactive=\"core\/image\" data-wp-key=\"6a9507503a4c2\" class=\"wp-block-image size-full wp-lightbox-container\"><img decoding=\"async\" width=\"1800\" height=\"1200\" data-wp-class--hide=\"state.isContentHidden\" data-wp-class--show=\"state.isContentVisible\" data-wp-init=\"callbacks.setButtonStyles\" data-wp-on--click=\"actions.showLightbox\" data-wp-on--load=\"callbacks.setButtonStyles\" data-wp-on--pointerdown=\"actions.preloadImage\" data-wp-on--pointerenter=\"actions.preloadImageWithDelay\" data-wp-on--pointerleave=\"actions.cancelPreload\" data-wp-on-window--resize=\"callbacks.setButtonStyles\" src=\"https:\/\/loudavymkrokem.cz\/wp-content\/uploads\/2026\/07\/estonsko-clanky-tartu-co-videt-13.jpg\" alt=\"Luova keskus Aparaaditehas\" class=\"wp-image-350682\" title=\"\" srcset=\"https:\/\/loudavymkrokem.cz\/wp-content\/uploads\/2026\/07\/estonsko-clanky-tartu-co-videt-13.jpg 1800w, https:\/\/loudavymkrokem.cz\/wp-content\/uploads\/2026\/07\/estonsko-clanky-tartu-co-videt-13-300x200.jpg 300w, https:\/\/loudavymkrokem.cz\/wp-content\/uploads\/2026\/07\/estonsko-clanky-tartu-co-videt-13-700x467.jpg 700w, https:\/\/loudavymkrokem.cz\/wp-content\/uploads\/2026\/07\/estonsko-clanky-tartu-co-videt-13-768x512.jpg 768w, https:\/\/loudavymkrokem.cz\/wp-content\/uploads\/2026\/07\/estonsko-clanky-tartu-co-videt-13-1536x1024.jpg 1536w, https:\/\/loudavymkrokem.cz\/wp-content\/uploads\/2026\/07\/estonsko-clanky-tartu-co-videt-13-696x464.jpg 696w, https:\/\/loudavymkrokem.cz\/wp-content\/uploads\/2026\/07\/estonsko-clanky-tartu-co-videt-13-1392x928.jpg 1392w\" sizes=\"(max-width: 1800px) 100vw, 1800px\" \/><button\n\t\t\tclass=\"lightbox-trigger\"\n\t\t\ttype=\"button\"\n\t\t\taria-haspopup=\"dialog\"\n\t\t\tdata-wp-bind--aria-label=\"state.thisImage.triggerButtonAriaLabel\"\n\t\t\tdata-wp-init=\"callbacks.initTriggerButton\"\n\t\t\tdata-wp-on--click=\"actions.showLightbox\"\n\t\t\tdata-wp-style--right=\"state.thisImage.buttonRight\"\n\t\t\tdata-wp-style--top=\"state.thisImage.buttonTop\"\n\t\t>\n\t\t\t<svg xmlns=\"http:\/\/www.w3.org\/2000\/svg\" width=\"12\" height=\"12\" fill=\"none\" viewBox=\"0 0 12 12\">\n\t\t\t\t<path fill=\"#fff\" d=\"M2 0a2 2 0 0 0-2 2v2h1.5V2a.5.5 0 0 1 .5-.5h2V0H2Zm2 10.5H2a.5.5 0 0 1-.5-.5V8H0v2a2 2 0 0 0 2 2h2v-1.5ZM8 12v-1.5h2a.5.5 0 0 0 .5-.5V8H12v2a2 2 0 0 1-2 2H8Zm2-12a2 2 0 0 1 2 2v2h-1.5V2a.5.5 0 0 0-.5-.5H8V0h2Z\" \/>\n\t\t\t<\/svg>\n\t\t<\/button><figcaption class=\"wp-element-caption\">Foto: Ivo Kruusam\u00e4gi \/ Wikimedia Commons, CC BY-SA 4.0<\/figcaption><\/figure>\n\n\n\n<h3 class=\"wp-block-heading\"><span class=\"ez-toc-section\" id=\"8_Luova_keskus_Aparaaditehas\"><\/span>8. Luova keskus Aparaaditehas<span class=\"ez-toc-section-end\"><\/span><\/h3>\n\n\n\n<p class=\"wp-block-paragraph\">Samanlaisen hipsterimuodonmuutoksen k\u00e4vi l\u00e4pi my\u00f6s entinen neuvostoliittolainen tehdas Aparaaditehas. Ennen t\u00e4\u00e4ll\u00e4 valmistettiin j\u00e4\u00e4hdytyslaitteita ja salaisia sukellusveneen osia, nyky\u00e4\u00e4n se on <strong>Tarton vastaus Tallinnan Telliskivelle<\/strong>.<\/p>\n\n\n\n<p class=\"wp-block-paragraph\">T\u00e4m\u00e4 valtava teollisuuskompleksi on muuttunut luovaksi keskukseksi. Sis\u00e4piha on t\u00e4ynn\u00e4 lepotuoleja, t\u00e4\u00e4lt\u00e4 l\u00f6yd\u00e4t <strong>riippumattomia putiikkeja, taideateljeita<\/strong> ja aivan mahtavia kahviloita erikoiskahvilla. L\u00f6yd\u00e4t sielt\u00e4 jopa antikvariaatteja ja pieni\u00e4 paikalliseen kest\u00e4v\u00e4\u00e4n designiin keskittyvi\u00e4 liikkeit\u00e4.<\/p>\n\n\n\n<p class=\"wp-block-paragraph\">Se on juuri se paikka, jonne opiskelijat menev\u00e4t lauantaiaamup\u00e4ivisin <strong>istumaan brunssille<\/strong> tai ty\u00f6skentelem\u00e4\u00e4n l\u00e4pp\u00e4ri k\u00e4dess\u00e4.<\/p>\n\n\n\n<p class=\"wp-block-paragraph\">\ud83d\udca1 Vinkki: P\u00e4\u00e4sy alueelle on ilmainen, mutta varaa ehdottomasti <strong>tunti tai kaksi<\/strong> liikkeiden tutkimiseen ja hyv\u00e4n ruoan \u00e4\u00e4rell\u00e4 istumiseen.<\/p>\n\n\n\n<figure data-wp-context=\"{&quot;imageId&quot;:&quot;6a9507503a908&quot;}\" data-wp-interactive=\"core\/image\" data-wp-key=\"6a9507503a908\" class=\"wp-block-image size-full wp-lightbox-container\"><img decoding=\"async\" width=\"1800\" height=\"970\" data-wp-class--hide=\"state.isContentHidden\" data-wp-class--show=\"state.isContentVisible\" data-wp-init=\"callbacks.setButtonStyles\" data-wp-on--click=\"actions.showLightbox\" data-wp-on--load=\"callbacks.setButtonStyles\" data-wp-on--pointerdown=\"actions.preloadImage\" data-wp-on--pointerenter=\"actions.preloadImageWithDelay\" data-wp-on--pointerleave=\"actions.cancelPreload\" data-wp-on-window--resize=\"callbacks.setButtonStyles\" src=\"https:\/\/loudavymkrokem.cz\/wp-content\/uploads\/2026\/07\/estonsko-clanky-tartu-co-videt-14.jpg\" alt=\"Kaarisilta Kaarsild Emaj\u00f5ki-joen yli\" class=\"wp-image-350689\" title=\"\" srcset=\"https:\/\/loudavymkrokem.cz\/wp-content\/uploads\/2026\/07\/estonsko-clanky-tartu-co-videt-14.jpg 1800w, https:\/\/loudavymkrokem.cz\/wp-content\/uploads\/2026\/07\/estonsko-clanky-tartu-co-videt-14-300x162.jpg 300w, https:\/\/loudavymkrokem.cz\/wp-content\/uploads\/2026\/07\/estonsko-clanky-tartu-co-videt-14-700x377.jpg 700w, https:\/\/loudavymkrokem.cz\/wp-content\/uploads\/2026\/07\/estonsko-clanky-tartu-co-videt-14-768x414.jpg 768w, https:\/\/loudavymkrokem.cz\/wp-content\/uploads\/2026\/07\/estonsko-clanky-tartu-co-videt-14-1536x828.jpg 1536w, https:\/\/loudavymkrokem.cz\/wp-content\/uploads\/2026\/07\/estonsko-clanky-tartu-co-videt-14-696x375.jpg 696w, https:\/\/loudavymkrokem.cz\/wp-content\/uploads\/2026\/07\/estonsko-clanky-tartu-co-videt-14-1392x750.jpg 1392w\" sizes=\"(max-width: 1800px) 100vw, 1800px\" \/><button\n\t\t\tclass=\"lightbox-trigger\"\n\t\t\ttype=\"button\"\n\t\t\taria-haspopup=\"dialog\"\n\t\t\tdata-wp-bind--aria-label=\"state.thisImage.triggerButtonAriaLabel\"\n\t\t\tdata-wp-init=\"callbacks.initTriggerButton\"\n\t\t\tdata-wp-on--click=\"actions.showLightbox\"\n\t\t\tdata-wp-style--right=\"state.thisImage.buttonRight\"\n\t\t\tdata-wp-style--top=\"state.thisImage.buttonTop\"\n\t\t>\n\t\t\t<svg xmlns=\"http:\/\/www.w3.org\/2000\/svg\" width=\"12\" height=\"12\" fill=\"none\" viewBox=\"0 0 12 12\">\n\t\t\t\t<path fill=\"#fff\" d=\"M2 0a2 2 0 0 0-2 2v2h1.5V2a.5.5 0 0 1 .5-.5h2V0H2Zm2 10.5H2a.5.5 0 0 1-.5-.5V8H0v2a2 2 0 0 0 2 2h2v-1.5ZM8 12v-1.5h2a.5.5 0 0 0 .5-.5V8H12v2a2 2 0 0 1-2 2H8Zm2-12a2 2 0 0 1 2 2v2h-1.5V2a.5.5 0 0 0-.5-.5H8V0h2Z\" \/>\n\t\t\t<\/svg>\n\t\t<\/button><figcaption class=\"wp-element-caption\">Foto: Cayambe \/ Wikimedia Commons, CC BY-SA 4.0<\/figcaption><\/figure>\n\n\n\n<h3 class=\"wp-block-heading\"><span class=\"ez-toc-section\" id=\"9_Emajogi-joki_ja_kaarisilta_Kaarsild\"><\/span>9. Emaj\u00f5gi-joki ja kaarisilta Kaarsild<span class=\"ez-toc-section-end\"><\/span><\/h3>\n\n\n\n<p class=\"wp-block-paragraph\">Tarton halkaisee leve\u00e4 Emaj\u00f5gi-joki, jonka ranta on toinen suosittu rentoutumisalue. Kes\u00e4ll\u00e4 t\u00e4\u00e4ll\u00e4 toimivat <strong>ulkokahvilat ja baarit<\/strong>, joissa on el\u00e4m\u00e4\u00e4 pitk\u00e4lle y\u00f6h\u00f6n.<\/p>\n\n\n\n<p class=\"wp-block-paragraph\">Molemmat rannat yhdist\u00e4\u00e4 huomiota her\u00e4tt\u00e4m\u00e4t\u00f6n <strong>kaarisilta Kaarsild<\/strong>, joka syntyi alkuper\u00e4isen, sodassa tuhoutuneen kivisillan paikalle. Silta on pelkk\u00e4 k\u00e4velyalue, joten voit k\u00e4vell\u00e4 sit\u00e4 rauhassa.<\/p>\n\n\n\n<p class=\"wp-block-paragraph\">Paikallisten perinteiden mukaan jotkut rohkeat opiskelijat toisinaan <strong>yritt\u00e4v\u00e4t ylitt\u00e4\u00e4 sillan suoraan sen korkeaa kaarta pitkin<\/strong>, mik\u00e4 on tosin ankarasti kielletty, mutta lis\u00e4\u00e4 paikan legendaarisuutta.<\/p>\n\n\n\n<p class=\"wp-block-paragraph\">\ud83d\udca1 Vinkki: Hidas k\u00e4vely rantabulevardilla n\u00e4kym\u00e4ll\u00e4 sillalle <strong>vie noin 45 minuuttia<\/strong>. Y\u00f6ll\u00e4 silta on lis\u00e4ksi kauniisti valaistu.<\/p>\n\n\n\n<figure data-wp-context=\"{&quot;imageId&quot;:&quot;6a9507503ad75&quot;}\" data-wp-interactive=\"core\/image\" data-wp-key=\"6a9507503ad75\" class=\"wp-block-image size-full wp-lightbox-container\"><img decoding=\"async\" width=\"1800\" height=\"1012\" data-wp-class--hide=\"state.isContentHidden\" data-wp-class--show=\"state.isContentVisible\" data-wp-init=\"callbacks.setButtonStyles\" data-wp-on--click=\"actions.showLightbox\" data-wp-on--load=\"callbacks.setButtonStyles\" data-wp-on--pointerdown=\"actions.preloadImage\" data-wp-on--pointerenter=\"actions.preloadImageWithDelay\" data-wp-on--pointerleave=\"actions.cancelPreload\" data-wp-on-window--resize=\"callbacks.setButtonStyles\" src=\"https:\/\/loudavymkrokem.cz\/wp-content\/uploads\/2026\/07\/estonsko-clanky-tartu-co-videt-15.jpg\" alt=\"Yliopiston kasvitieteellinen puutarha\" class=\"wp-image-350695\" title=\"\" srcset=\"https:\/\/loudavymkrokem.cz\/wp-content\/uploads\/2026\/07\/estonsko-clanky-tartu-co-videt-15.jpg 1800w, https:\/\/loudavymkrokem.cz\/wp-content\/uploads\/2026\/07\/estonsko-clanky-tartu-co-videt-15-300x169.jpg 300w, https:\/\/loudavymkrokem.cz\/wp-content\/uploads\/2026\/07\/estonsko-clanky-tartu-co-videt-15-700x394.jpg 700w, https:\/\/loudavymkrokem.cz\/wp-content\/uploads\/2026\/07\/estonsko-clanky-tartu-co-videt-15-768x432.jpg 768w, https:\/\/loudavymkrokem.cz\/wp-content\/uploads\/2026\/07\/estonsko-clanky-tartu-co-videt-15-1536x864.jpg 1536w, https:\/\/loudavymkrokem.cz\/wp-content\/uploads\/2026\/07\/estonsko-clanky-tartu-co-videt-15-696x391.jpg 696w, https:\/\/loudavymkrokem.cz\/wp-content\/uploads\/2026\/07\/estonsko-clanky-tartu-co-videt-15-1392x783.jpg 1392w\" sizes=\"(max-width: 1800px) 100vw, 1800px\" \/><button\n\t\t\tclass=\"lightbox-trigger\"\n\t\t\ttype=\"button\"\n\t\t\taria-haspopup=\"dialog\"\n\t\t\tdata-wp-bind--aria-label=\"state.thisImage.triggerButtonAriaLabel\"\n\t\t\tdata-wp-init=\"callbacks.initTriggerButton\"\n\t\t\tdata-wp-on--click=\"actions.showLightbox\"\n\t\t\tdata-wp-style--right=\"state.thisImage.buttonRight\"\n\t\t\tdata-wp-style--top=\"state.thisImage.buttonTop\"\n\t\t>\n\t\t\t<svg xmlns=\"http:\/\/www.w3.org\/2000\/svg\" width=\"12\" height=\"12\" fill=\"none\" viewBox=\"0 0 12 12\">\n\t\t\t\t<path fill=\"#fff\" d=\"M2 0a2 2 0 0 0-2 2v2h1.5V2a.5.5 0 0 1 .5-.5h2V0H2Zm2 10.5H2a.5.5 0 0 1-.5-.5V8H0v2a2 2 0 0 0 2 2h2v-1.5ZM8 12v-1.5h2a.5.5 0 0 0 .5-.5V8H12v2a2 2 0 0 1-2 2H8Zm2-12a2 2 0 0 1 2 2v2h-1.5V2a.5.5 0 0 0-.5-.5H8V0h2Z\" \/>\n\t\t\t<\/svg>\n\t\t<\/button><figcaption class=\"wp-element-caption\">Foto: Sillerkiil \/ Wikimedia Commons, CC BY-SA 4.0<\/figcaption><\/figure>\n\n\n\n<h3 class=\"wp-block-heading\"><span class=\"ez-toc-section\" id=\"10_Yliopiston_kasvitieteellinen_puutarha\"><\/span>10. Yliopiston kasvitieteellinen puutarha<span class=\"ez-toc-section-end\"><\/span><\/h3>\n\n\n\n<p class=\"wp-block-paragraph\">Luonnon yst\u00e4vien ei todellakaan kannata j\u00e4tt\u00e4\u00e4 v\u00e4liin yliopiston kasvitieteellist\u00e4 puutarhaa, joka sijaitsee <strong>vain lyhyen matkan p\u00e4\u00e4ss\u00e4 vanhoista muureista<\/strong>. Se on yksi Baltian vanhimmista kasvitieteellisist\u00e4 puutarhoista ja tarjoaa upean rauhallisen keitaan.<\/p>\n\n\n\n<p class=\"wp-block-paragraph\">T\u00e4\u00e4lt\u00e4 l\u00f6yd\u00e4t tarkasti hoidetut ulkon\u00e4yttelyt, lammikot ja satoja kasvilajeja. Se on <strong>ihanteellinen paikka iltap\u00e4iv\u00e4piknikille<\/strong> tai vain hiljaiselle kirjan lukemiselle penkill\u00e4.<\/p>\n\n\n\n<p class=\"wp-block-paragraph\">Pient\u00e4 maksua vastaan p\u00e4\u00e4set sitten katsomaan my\u00f6s <strong>suuria palmukasvihuoneita<\/strong>, jotka viev\u00e4t sinut heti trooppiseen ilmastoon.<\/p>\n\n\n\n<p class=\"wp-block-paragraph\">\ud83d\udca1 Vinkki: Ulkoalue on ilmainen, p\u00e4\u00e4sy kasvihuoneisiin maksaa <strong>suuntaa antavasti 3 euroa<\/strong>. Kierros vie noin tunnin tai puolitoista.<\/p>\n\n\n\n<figure data-wp-context=\"{&quot;imageId&quot;:&quot;6a9507503b1ed&quot;}\" data-wp-interactive=\"core\/image\" data-wp-key=\"6a9507503b1ed\" class=\"wp-block-image size-full wp-lightbox-container\"><img decoding=\"async\" width=\"1800\" height=\"1350\" data-wp-class--hide=\"state.isContentHidden\" data-wp-class--show=\"state.isContentVisible\" data-wp-init=\"callbacks.setButtonStyles\" data-wp-on--click=\"actions.showLightbox\" data-wp-on--load=\"callbacks.setButtonStyles\" data-wp-on--pointerdown=\"actions.preloadImage\" data-wp-on--pointerenter=\"actions.preloadImageWithDelay\" data-wp-on--pointerleave=\"actions.cancelPreload\" data-wp-on-window--resize=\"callbacks.setButtonStyles\" src=\"https:\/\/loudavymkrokem.cz\/wp-content\/uploads\/2026\/07\/estonsko-clanky-tartu-co-videt-16.jpg\" alt=\"Tarton observatorio Unescon luettelossa\" class=\"wp-image-350703\" title=\"\" srcset=\"https:\/\/loudavymkrokem.cz\/wp-content\/uploads\/2026\/07\/estonsko-clanky-tartu-co-videt-16.jpg 1800w, https:\/\/loudavymkrokem.cz\/wp-content\/uploads\/2026\/07\/estonsko-clanky-tartu-co-videt-16-300x225.jpg 300w, https:\/\/loudavymkrokem.cz\/wp-content\/uploads\/2026\/07\/estonsko-clanky-tartu-co-videt-16-700x525.jpg 700w, https:\/\/loudavymkrokem.cz\/wp-content\/uploads\/2026\/07\/estonsko-clanky-tartu-co-videt-16-768x576.jpg 768w, https:\/\/loudavymkrokem.cz\/wp-content\/uploads\/2026\/07\/estonsko-clanky-tartu-co-videt-16-1536x1152.jpg 1536w, https:\/\/loudavymkrokem.cz\/wp-content\/uploads\/2026\/07\/estonsko-clanky-tartu-co-videt-16-80x60.jpg 80w, https:\/\/loudavymkrokem.cz\/wp-content\/uploads\/2026\/07\/estonsko-clanky-tartu-co-videt-16-160x120.jpg 160w, https:\/\/loudavymkrokem.cz\/wp-content\/uploads\/2026\/07\/estonsko-clanky-tartu-co-videt-16-696x522.jpg 696w, https:\/\/loudavymkrokem.cz\/wp-content\/uploads\/2026\/07\/estonsko-clanky-tartu-co-videt-16-1392x1044.jpg 1392w\" sizes=\"(max-width: 1800px) 100vw, 1800px\" \/><button\n\t\t\tclass=\"lightbox-trigger\"\n\t\t\ttype=\"button\"\n\t\t\taria-haspopup=\"dialog\"\n\t\t\tdata-wp-bind--aria-label=\"state.thisImage.triggerButtonAriaLabel\"\n\t\t\tdata-wp-init=\"callbacks.initTriggerButton\"\n\t\t\tdata-wp-on--click=\"actions.showLightbox\"\n\t\t\tdata-wp-style--right=\"state.thisImage.buttonRight\"\n\t\t\tdata-wp-style--top=\"state.thisImage.buttonTop\"\n\t\t>\n\t\t\t<svg xmlns=\"http:\/\/www.w3.org\/2000\/svg\" width=\"12\" height=\"12\" fill=\"none\" viewBox=\"0 0 12 12\">\n\t\t\t\t<path fill=\"#fff\" d=\"M2 0a2 2 0 0 0-2 2v2h1.5V2a.5.5 0 0 1 .5-.5h2V0H2Zm2 10.5H2a.5.5 0 0 1-.5-.5V8H0v2a2 2 0 0 0 2 2h2v-1.5ZM8 12v-1.5h2a.5.5 0 0 0 .5-.5V8H12v2a2 2 0 0 1-2 2H8Zm2-12a2 2 0 0 1 2 2v2h-1.5V2a.5.5 0 0 0-.5-.5H8V0h2Z\" \/>\n\t\t\t<\/svg>\n\t\t<\/button><figcaption class=\"wp-element-caption\">Foto: Oth \/ Wikimedia Commons, CC BY-SA 3.0<\/figcaption><\/figure>\n\n\n\n<h3 class=\"wp-block-heading\"><span class=\"ez-toc-section\" id=\"11_Tarton_observatorio_Unescon_luettelossa\"><\/span>11. Tarton observatorio Unescon luettelossa<span class=\"ez-toc-section-end\"><\/span><\/h3>\n\n\n\n<p class=\"wp-block-paragraph\">Aivan Toomem\u00e4en kukkulalla l\u00f6yd\u00e4t viel\u00e4 yhden ainutlaatuisuuden, joka on historiallinen yliopiston observatorio. T\u00e4m\u00e4 huomaamaton rakennus n\u00e4ytteli <strong>valtavaa roolia maailman t\u00e4htitieteen historiassa<\/strong>.<\/p>\n\n\n\n<p class=\"wp-block-paragraph\">Juuri t\u00e4\u00e4lt\u00e4 nimitt\u00e4in 1800-luvulla t\u00e4htitieteilij\u00e4 Friedrich Georg Wilhelm von Struve teki kuuluisat mittauksensa maapallon muodosta ja koosta. Niin sanotun Struven ketjun ansiosta observatorio <strong>p\u00e4\u00e4si jopa Unescon maailmanperint\u00f6luetteloon<\/strong>.<\/p>\n\n\n\n<p class=\"wp-block-paragraph\">Sis\u00e4lt\u00e4 voit tarkastella <strong>historiallisia kaukoputkia ja vanhoja t\u00e4htitaivaan karttoja<\/strong>, mik\u00e4 ilahduttaa paitsi tieteen faneja my\u00f6s jokaista, joka pit\u00e4\u00e4 vanhoista laitteista.<\/p>\n\n\n\n<p class=\"wp-block-paragraph\">\ud83d\udca1 Vinkki: Observatorion sis\u00e4ll\u00e4 olevan museon kierros <strong>vie noin tunnin<\/strong>. Suuntaa antava p\u00e4\u00e4symaksu on noin 5 euroa.<\/p>\n\n\n\n<figure data-wp-context=\"{&quot;imageId&quot;:&quot;6a9507503b5ff&quot;}\" data-wp-interactive=\"core\/image\" data-wp-key=\"6a9507503b5ff\" class=\"wp-block-image size-full wp-lightbox-container\"><img decoding=\"async\" width=\"1800\" height=\"1036\" data-wp-class--hide=\"state.isContentHidden\" data-wp-class--show=\"state.isContentVisible\" data-wp-init=\"callbacks.setButtonStyles\" data-wp-on--click=\"actions.showLightbox\" data-wp-on--load=\"callbacks.setButtonStyles\" data-wp-on--pointerdown=\"actions.preloadImage\" data-wp-on--pointerenter=\"actions.preloadImageWithDelay\" data-wp-on--pointerleave=\"actions.cancelPreload\" data-wp-on-window--resize=\"callbacks.setButtonStyles\" src=\"https:\/\/loudavymkrokem.cz\/wp-content\/uploads\/2026\/07\/estonsko-clanky-tartu-co-videt-17.jpg\" alt=\"Ruutikellari P\u00fcssirohukelder\" class=\"wp-image-350709\" title=\"\" srcset=\"https:\/\/loudavymkrokem.cz\/wp-content\/uploads\/2026\/07\/estonsko-clanky-tartu-co-videt-17.jpg 1800w, https:\/\/loudavymkrokem.cz\/wp-content\/uploads\/2026\/07\/estonsko-clanky-tartu-co-videt-17-300x173.jpg 300w, https:\/\/loudavymkrokem.cz\/wp-content\/uploads\/2026\/07\/estonsko-clanky-tartu-co-videt-17-700x403.jpg 700w, https:\/\/loudavymkrokem.cz\/wp-content\/uploads\/2026\/07\/estonsko-clanky-tartu-co-videt-17-768x442.jpg 768w, https:\/\/loudavymkrokem.cz\/wp-content\/uploads\/2026\/07\/estonsko-clanky-tartu-co-videt-17-1536x884.jpg 1536w, https:\/\/loudavymkrokem.cz\/wp-content\/uploads\/2026\/07\/estonsko-clanky-tartu-co-videt-17-696x401.jpg 696w, https:\/\/loudavymkrokem.cz\/wp-content\/uploads\/2026\/07\/estonsko-clanky-tartu-co-videt-17-1392x801.jpg 1392w\" sizes=\"(max-width: 1800px) 100vw, 1800px\" \/><button\n\t\t\tclass=\"lightbox-trigger\"\n\t\t\ttype=\"button\"\n\t\t\taria-haspopup=\"dialog\"\n\t\t\tdata-wp-bind--aria-label=\"state.thisImage.triggerButtonAriaLabel\"\n\t\t\tdata-wp-init=\"callbacks.initTriggerButton\"\n\t\t\tdata-wp-on--click=\"actions.showLightbox\"\n\t\t\tdata-wp-style--right=\"state.thisImage.buttonRight\"\n\t\t\tdata-wp-style--top=\"state.thisImage.buttonTop\"\n\t\t>\n\t\t\t<svg xmlns=\"http:\/\/www.w3.org\/2000\/svg\" width=\"12\" height=\"12\" fill=\"none\" viewBox=\"0 0 12 12\">\n\t\t\t\t<path fill=\"#fff\" d=\"M2 0a2 2 0 0 0-2 2v2h1.5V2a.5.5 0 0 1 .5-.5h2V0H2Zm2 10.5H2a.5.5 0 0 1-.5-.5V8H0v2a2 2 0 0 0 2 2h2v-1.5ZM8 12v-1.5h2a.5.5 0 0 0 .5-.5V8H12v2a2 2 0 0 1-2 2H8Zm2-12a2 2 0 0 1 2 2v2h-1.5V2a.5.5 0 0 0-.5-.5H8V0h2Z\" \/>\n\t\t\t<\/svg>\n\t\t<\/button><figcaption class=\"wp-element-caption\">Foto: Lauri Veerde \/ Wikimedia Commons, CC BY-SA 4.0<\/figcaption><\/figure>\n\n\n\n<h3 class=\"wp-block-heading\"><span class=\"ez-toc-section\" id=\"12_Pussirohukelder_Ruutikellari_ennatyskatolla\"><\/span>12. P\u00fcssirohukelder (Ruutikellari) enn\u00e4tyskatolla<span class=\"ez-toc-section-end\"><\/span><\/h3>\n\n\n\n<p class=\"wp-block-paragraph\">Kun laskeudut Toomem\u00e4en kukkulalta, \u00e4l\u00e4 ohita legendaarista P\u00fcssirohukelder-pubia. T\u00e4m\u00e4 ravintola nimitt\u00e4in sijaitsee <strong>entisess\u00e4 ruutivarastossa<\/strong>, joka kaivettiin suoraan kukkulan jyrkk\u00e4\u00e4n rinteeseen.<\/p>\n\n\n\n<p class=\"wp-block-paragraph\">Pubi komeilee lis\u00e4ksi aivan ainutlaatuisella enn\u00e4tyksell\u00e4, sill\u00e4 siin\u00e4 on <strong>v\u00e4itetysti Euroopan korkein pubikatto<\/strong>. Paikallisten mukaan se on yli 10 metri\u00e4 korkea ja luo koko tilaan valtavan luolan tunnelman.<\/p>\n\n\n\n<p class=\"wp-block-paragraph\">Vaikka t\u00e4nne yleens\u00e4 tullaan istumaan illalla, suosittelen kurkistamaan sis\u00e4\u00e4n jo p\u00e4iv\u00e4ll\u00e4, sill\u00e4 <strong>itse punatiilinen sisustus<\/strong> kannattaa todella n\u00e4hd\u00e4.<\/p>\n\n\n\n<p class=\"wp-block-paragraph\">\ud83d\udca1 Vinkki: Vierailun voit yhdist\u00e4\u00e4 lounaaseen, istuskeluun t\u00e4\u00e4ll\u00e4 <strong>menee noin tunti<\/strong>. Sis\u00e4\u00e4np\u00e4\u00e4sy on tietysti ilmainen, maksat vain omista tilauksistasi.<\/p>\n\n\n\n<figure data-wp-context=\"{&quot;imageId&quot;:&quot;6a9507503ba73&quot;}\" data-wp-interactive=\"core\/image\" data-wp-key=\"6a9507503ba73\" class=\"wp-block-image size-full wp-lightbox-container\"><img decoding=\"async\" width=\"1800\" height=\"1350\" data-wp-class--hide=\"state.isContentHidden\" data-wp-class--show=\"state.isContentVisible\" data-wp-init=\"callbacks.setButtonStyles\" data-wp-on--click=\"actions.showLightbox\" data-wp-on--load=\"callbacks.setButtonStyles\" data-wp-on--pointerdown=\"actions.preloadImage\" data-wp-on--pointerenter=\"actions.preloadImageWithDelay\" data-wp-on--pointerleave=\"actions.cancelPreload\" data-wp-on-window--resize=\"callbacks.setButtonStyles\" src=\"https:\/\/loudavymkrokem.cz\/wp-content\/uploads\/2026\/07\/estonsko-clanky-tartu-co-videt-18.jpg\" alt=\"Tartto Euroopan kulttuurip\u00e4\u00e4kaupunkina\" class=\"wp-image-350715\" title=\"\" srcset=\"https:\/\/loudavymkrokem.cz\/wp-content\/uploads\/2026\/07\/estonsko-clanky-tartu-co-videt-18.jpg 1800w, https:\/\/loudavymkrokem.cz\/wp-content\/uploads\/2026\/07\/estonsko-clanky-tartu-co-videt-18-300x225.jpg 300w, https:\/\/loudavymkrokem.cz\/wp-content\/uploads\/2026\/07\/estonsko-clanky-tartu-co-videt-18-700x525.jpg 700w, https:\/\/loudavymkrokem.cz\/wp-content\/uploads\/2026\/07\/estonsko-clanky-tartu-co-videt-18-768x576.jpg 768w, https:\/\/loudavymkrokem.cz\/wp-content\/uploads\/2026\/07\/estonsko-clanky-tartu-co-videt-18-1536x1152.jpg 1536w, https:\/\/loudavymkrokem.cz\/wp-content\/uploads\/2026\/07\/estonsko-clanky-tartu-co-videt-18-80x60.jpg 80w, https:\/\/loudavymkrokem.cz\/wp-content\/uploads\/2026\/07\/estonsko-clanky-tartu-co-videt-18-160x120.jpg 160w, https:\/\/loudavymkrokem.cz\/wp-content\/uploads\/2026\/07\/estonsko-clanky-tartu-co-videt-18-696x522.jpg 696w, https:\/\/loudavymkrokem.cz\/wp-content\/uploads\/2026\/07\/estonsko-clanky-tartu-co-videt-18-1392x1044.jpg 1392w\" sizes=\"(max-width: 1800px) 100vw, 1800px\" \/><button\n\t\t\tclass=\"lightbox-trigger\"\n\t\t\ttype=\"button\"\n\t\t\taria-haspopup=\"dialog\"\n\t\t\tdata-wp-bind--aria-label=\"state.thisImage.triggerButtonAriaLabel\"\n\t\t\tdata-wp-init=\"callbacks.initTriggerButton\"\n\t\t\tdata-wp-on--click=\"actions.showLightbox\"\n\t\t\tdata-wp-style--right=\"state.thisImage.buttonRight\"\n\t\t\tdata-wp-style--top=\"state.thisImage.buttonTop\"\n\t\t>\n\t\t\t<svg xmlns=\"http:\/\/www.w3.org\/2000\/svg\" width=\"12\" height=\"12\" fill=\"none\" viewBox=\"0 0 12 12\">\n\t\t\t\t<path fill=\"#fff\" d=\"M2 0a2 2 0 0 0-2 2v2h1.5V2a.5.5 0 0 1 .5-.5h2V0H2Zm2 10.5H2a.5.5 0 0 1-.5-.5V8H0v2a2 2 0 0 0 2 2h2v-1.5ZM8 12v-1.5h2a.5.5 0 0 0 .5-.5V8H12v2a2 2 0 0 1-2 2H8Zm2-12a2 2 0 0 1 2 2v2h-1.5V2a.5.5 0 0 0-.5-.5H8V0h2Z\" \/>\n\t\t\t<\/svg>\n\t\t<\/button><figcaption class=\"wp-element-caption\">Foto: Loode-Boreaallane \/ Wikimedia Commons, CC BY-SA 4.0<\/figcaption><\/figure>\n\n\n\n<h2 class=\"wp-block-heading\"><span class=\"ez-toc-section\" id=\"Mita_Tartolle_jai_Euroopan_kulttuuripaakaupungista\"><\/span>Mit\u00e4 Tartolle j\u00e4i Euroopan kulttuurip\u00e4\u00e4kaupungista<span class=\"ez-toc-section-end\"><\/span><\/h2>\n\n\n\n<p class=\"wp-block-paragraph\">Vuosi 2024 oli kaupungille aivan k\u00e4\u00e4nteentekev\u00e4, sill\u00e4 se kantoi ylpe\u00e4n\u00e4 <strong>Euroopan kulttuurip\u00e4\u00e4kaupungin<\/strong> titteli\u00e4. Toisin kuin muissa kaupungeissa, joissa ilotulitusten j\u00e4lkeen j\u00e4\u00e4 vain velkoja, t\u00e4\u00e4ll\u00e4 onnistuttiin t\u00e4ydellisesti ja positiiviset vaikutukset jatkuvat viel\u00e4 t\u00e4n\u00e4kin p\u00e4iv\u00e4n\u00e4.<\/p>\n\n\n\n<p class=\"wp-block-paragraph\">Virallisten lukujen mukaan ohjelma houkutteli yli <strong>1,34 miljoonaa k\u00e4vij\u00e4\u00e4<\/strong>, mik\u00e4 ylitti t\u00e4ysin kaikki odotukset. Kaupunki totutteli j\u00e4rjest\u00e4m\u00e4\u00e4n loistavia tapahtumia ja turistit totuttelivat saapumaan, joten viel\u00e4 vuonna 2025 y\u00f6pymisten m\u00e4\u00e4r\u00e4 kasvoi 15 %, eik\u00e4 se ole v\u00e4h\u00e4n.<\/p>\n\n\n\n<p class=\"wp-block-paragraph\">T\u00e4st\u00e4 kulttuuripiristysruiskeesta Tartto hy\u00f6tyy edelleen. T\u00e4nne j\u00e4i <strong>kauniisti kunnostettuja puistoja, uusia yhteis\u00f6puutarhoja<\/strong> ja paljon pieni\u00e4 taideinstallaatioita julkisessa tilassa. Vanhojen tehtaiden luovat keskukset toimivat t\u00e4ysill\u00e4 ja kaupunki pit\u00e4\u00e4 yll\u00e4 fantastista kulttuurivibaa.<\/p>\n\n\n\n<figure data-wp-context=\"{&quot;imageId&quot;:&quot;6a9507503bec8&quot;}\" data-wp-interactive=\"core\/image\" data-wp-key=\"6a9507503bec8\" class=\"wp-block-image size-full wp-lightbox-container\"><img decoding=\"async\" width=\"1800\" height=\"1350\" data-wp-class--hide=\"state.isContentHidden\" data-wp-class--show=\"state.isContentVisible\" data-wp-init=\"callbacks.setButtonStyles\" data-wp-on--click=\"actions.showLightbox\" data-wp-on--load=\"callbacks.setButtonStyles\" data-wp-on--pointerdown=\"actions.preloadImage\" data-wp-on--pointerenter=\"actions.preloadImageWithDelay\" data-wp-on--pointerleave=\"actions.cancelPreload\" data-wp-on-window--resize=\"callbacks.setButtonStyles\" src=\"https:\/\/loudavymkrokem.cz\/wp-content\/uploads\/2026\/07\/estonsko-clanky-tartu-co-videt-19.jpg\" alt=\"Peipsij\u00e4rvi l\u00e4hell\u00e4 Tarttoa\" class=\"wp-image-350720\" title=\"\" srcset=\"https:\/\/loudavymkrokem.cz\/wp-content\/uploads\/2026\/07\/estonsko-clanky-tartu-co-videt-19.jpg 1800w, https:\/\/loudavymkrokem.cz\/wp-content\/uploads\/2026\/07\/estonsko-clanky-tartu-co-videt-19-300x225.jpg 300w, https:\/\/loudavymkrokem.cz\/wp-content\/uploads\/2026\/07\/estonsko-clanky-tartu-co-videt-19-700x525.jpg 700w, https:\/\/loudavymkrokem.cz\/wp-content\/uploads\/2026\/07\/estonsko-clanky-tartu-co-videt-19-768x576.jpg 768w, https:\/\/loudavymkrokem.cz\/wp-content\/uploads\/2026\/07\/estonsko-clanky-tartu-co-videt-19-1536x1152.jpg 1536w, https:\/\/loudavymkrokem.cz\/wp-content\/uploads\/2026\/07\/estonsko-clanky-tartu-co-videt-19-80x60.jpg 80w, https:\/\/loudavymkrokem.cz\/wp-content\/uploads\/2026\/07\/estonsko-clanky-tartu-co-videt-19-160x120.jpg 160w, https:\/\/loudavymkrokem.cz\/wp-content\/uploads\/2026\/07\/estonsko-clanky-tartu-co-videt-19-696x522.jpg 696w, https:\/\/loudavymkrokem.cz\/wp-content\/uploads\/2026\/07\/estonsko-clanky-tartu-co-videt-19-1392x1044.jpg 1392w\" sizes=\"(max-width: 1800px) 100vw, 1800px\" \/><button\n\t\t\tclass=\"lightbox-trigger\"\n\t\t\ttype=\"button\"\n\t\t\taria-haspopup=\"dialog\"\n\t\t\tdata-wp-bind--aria-label=\"state.thisImage.triggerButtonAriaLabel\"\n\t\t\tdata-wp-init=\"callbacks.initTriggerButton\"\n\t\t\tdata-wp-on--click=\"actions.showLightbox\"\n\t\t\tdata-wp-style--right=\"state.thisImage.buttonRight\"\n\t\t\tdata-wp-style--top=\"state.thisImage.buttonTop\"\n\t\t>\n\t\t\t<svg xmlns=\"http:\/\/www.w3.org\/2000\/svg\" width=\"12\" height=\"12\" fill=\"none\" viewBox=\"0 0 12 12\">\n\t\t\t\t<path fill=\"#fff\" d=\"M2 0a2 2 0 0 0-2 2v2h1.5V2a.5.5 0 0 1 .5-.5h2V0H2Zm2 10.5H2a.5.5 0 0 1-.5-.5V8H0v2a2 2 0 0 0 2 2h2v-1.5ZM8 12v-1.5h2a.5.5 0 0 0 .5-.5V8H12v2a2 2 0 0 1-2 2H8Zm2-12a2 2 0 0 1 2 2v2h-1.5V2a.5.5 0 0 0-.5-.5H8V0h2Z\" \/>\n\t\t\t<\/svg>\n\t\t<\/button><figcaption class=\"wp-element-caption\">Foto: Shi Annan \/ Wikimedia Commons, CC BY-SA 4.0<\/figcaption><\/figure>\n\n\n\n<h2 class=\"wp-block-heading\"><span class=\"ez-toc-section\" id=\"Retket_Tartosta\"><\/span>Retket Tartosta<span class=\"ez-toc-section-end\"><\/span><\/h2>\n\n\n\n<p class=\"wp-block-paragraph\">Kun kerran olet Etel\u00e4-Virossa, olisi s\u00e4\u00e4li olla suuntaamatta kaupungin rajojen ulkopuolelle. Noin tunnin matkan p\u00e4\u00e4ss\u00e4 koilliseen sijaitsee <strong>valtava Peipsij\u00e4rvi<\/strong> (Peipsi j\u00e4rv), joka muodostaa luonnollisen rajan Ven\u00e4j\u00e4n kanssa.<\/p>\n\n\n\n<p class=\"wp-block-paragraph\">Sen rantoja pitkin kulkee niin sanottu <strong>Sipulitie<\/strong>, jossa el\u00e4\u00e4 ven\u00e4l\u00e4isten vanhauskoisten yhteis\u00f6. Paikalliset myyv\u00e4t t\u00e4\u00e4ll\u00e4 puutalojensa edess\u00e4 valtavia palmikoita omak\u00e4tisesti kasvatettua sipulia, ja ehdottomasti kannattaa pys\u00e4hty\u00e4 johonkin teehuoneista, jossa istuskelun ohessa keitet\u00e4\u00e4n sinulle teet\u00e4 historiallisessa samovaarissa (tunnelma on kuin toisesta maailmasta).<\/p>\n\n\n\n<p class=\"wp-block-paragraph\">Tartosta etel\u00e4\u00e4n maisema alkaa yll\u00e4tt\u00e4en aaltoilla. Otep\u00e4\u00e4n alueella, joka toimii <strong>tunnettuna talvikeskuksena<\/strong>, l\u00f6yd\u00e4t syvi\u00e4 laaksoja ja satoja j\u00e4rvi\u00e4. Viel\u00e4 syvemm\u00e4ll\u00e4 kaakossa sijaitsee V\u00f5romaan alue, joka on Unescon luetteloon merkittyjen kuuluisien savusaunojen kotimaa. N\u00e4ihin retkiin on kuitenkin ihanteellista olla vuokra-auto k\u00e4yt\u00f6ss\u00e4, sill\u00e4 maaseudun bussit kulkevat melko harvakseltaan.<\/p>\n\n\n\n<figure data-wp-context=\"{&quot;imageId&quot;:&quot;6a9507503c5df&quot;}\" data-wp-interactive=\"core\/image\" data-wp-key=\"6a9507503c5df\" class=\"wp-block-image size-full wp-lightbox-container\"><img decoding=\"async\" width=\"1800\" height=\"1013\" data-wp-class--hide=\"state.isContentHidden\" data-wp-class--show=\"state.isContentVisible\" data-wp-init=\"callbacks.setButtonStyles\" data-wp-on--click=\"actions.showLightbox\" data-wp-on--load=\"callbacks.setButtonStyles\" data-wp-on--pointerdown=\"actions.preloadImage\" data-wp-on--pointerenter=\"actions.preloadImageWithDelay\" data-wp-on--pointerleave=\"actions.cancelPreload\" data-wp-on-window--resize=\"callbacks.setButtonStyles\" src=\"https:\/\/loudavymkrokem.cz\/wp-content\/uploads\/2026\/07\/estonsko-clanky-tartu-co-videt-20.jpg\" alt=\"Lihaton lounas opiskelijakahvilassa\" class=\"wp-image-350725\" title=\"\" srcset=\"https:\/\/loudavymkrokem.cz\/wp-content\/uploads\/2026\/07\/estonsko-clanky-tartu-co-videt-20.jpg 1800w, https:\/\/loudavymkrokem.cz\/wp-content\/uploads\/2026\/07\/estonsko-clanky-tartu-co-videt-20-300x169.jpg 300w, https:\/\/loudavymkrokem.cz\/wp-content\/uploads\/2026\/07\/estonsko-clanky-tartu-co-videt-20-700x394.jpg 700w, https:\/\/loudavymkrokem.cz\/wp-content\/uploads\/2026\/07\/estonsko-clanky-tartu-co-videt-20-768x432.jpg 768w, https:\/\/loudavymkrokem.cz\/wp-content\/uploads\/2026\/07\/estonsko-clanky-tartu-co-videt-20-1536x864.jpg 1536w, https:\/\/loudavymkrokem.cz\/wp-content\/uploads\/2026\/07\/estonsko-clanky-tartu-co-videt-20-696x392.jpg 696w, https:\/\/loudavymkrokem.cz\/wp-content\/uploads\/2026\/07\/estonsko-clanky-tartu-co-videt-20-1392x783.jpg 1392w\" sizes=\"(max-width: 1800px) 100vw, 1800px\" \/><button\n\t\t\tclass=\"lightbox-trigger\"\n\t\t\ttype=\"button\"\n\t\t\taria-haspopup=\"dialog\"\n\t\t\tdata-wp-bind--aria-label=\"state.thisImage.triggerButtonAriaLabel\"\n\t\t\tdata-wp-init=\"callbacks.initTriggerButton\"\n\t\t\tdata-wp-on--click=\"actions.showLightbox\"\n\t\t\tdata-wp-style--right=\"state.thisImage.buttonRight\"\n\t\t\tdata-wp-style--top=\"state.thisImage.buttonTop\"\n\t\t>\n\t\t\t<svg xmlns=\"http:\/\/www.w3.org\/2000\/svg\" width=\"12\" height=\"12\" fill=\"none\" viewBox=\"0 0 12 12\">\n\t\t\t\t<path fill=\"#fff\" d=\"M2 0a2 2 0 0 0-2 2v2h1.5V2a.5.5 0 0 1 .5-.5h2V0H2Zm2 10.5H2a.5.5 0 0 1-.5-.5V8H0v2a2 2 0 0 0 2 2h2v-1.5ZM8 12v-1.5h2a.5.5 0 0 0 .5-.5V8H12v2a2 2 0 0 1-2 2H8Zm2-12a2 2 0 0 1 2 2v2h-1.5V2a.5.5 0 0 0-.5-.5H8V0h2Z\" \/>\n\t\t\t<\/svg>\n\t\t<\/button><figcaption class=\"wp-element-caption\">Foto: thecactusena \u200e \/ Pexels<\/figcaption><\/figure>\n\n\n\n<h2 class=\"wp-block-heading\"><span class=\"ez-toc-section\" id=\"Missa_syoda\"><\/span>Miss\u00e4 sy\u00f6d\u00e4<span class=\"ez-toc-section-end\"><\/span><\/h2>\n\n\n\n<p class=\"wp-block-paragraph\">Virolainen gastronomia yll\u00e4tt\u00e4\u00e4 sinut hyvin miellytt\u00e4v\u00e4sti, mutta valmistaudu siihen, ett\u00e4 hinnat eiv\u00e4t ole en\u00e4\u00e4 l\u00e4hesk\u00e4\u00e4n niin matalia kuin ennen. Salainen avain halpaan ruokaan on <strong>taianomainen sana p\u00e4evapraad<\/strong> (p\u00e4iv\u00e4n lounasmenu).<\/p>\n\n\n\n<p class=\"wp-block-paragraph\">Jokaisena arkip\u00e4iv\u00e4n\u00e4 lounasaikaan paikalliset bistrot ja kahvilat tarjoavat kokonaisen menun, joka <strong>maksaa noin 5\u20138 euroa<\/strong>. N\u00e4in sy\u00f6t paikallisten opiskelijoiden rinnalla hyvin reiluun hintaan. Monia t\u00e4llaisia paikkoja l\u00f6yd\u00e4t juuri yliopiston ymp\u00e4rilt\u00e4 tai luovasta Aparaaditehasin kaupunginosasta. Loistava valinta p\u00e4iv\u00e4n menulle on esimerkiksi <strong>Kolm Tilli<\/strong> suoraan Aparaaditehasissa tai tunnettu kahvila <strong>Werner Caf\u00e9<\/strong> l\u00e4hell\u00e4 yliopistoa, jossa on muuten kaupungin parhaat kakut.<\/p>\n\n\n\n<p class=\"wp-block-paragraph\">Rannikon paikalliset ravintolat tosin houkuttelevat kalaerikoisuuksilla ja <strong>savusaunassa savustetulla lihalla<\/strong> (ja kyll\u00e4, t\u00e4m\u00e4 saunakeitti\u00f6 on t\u00e4\u00e4ll\u00e4 todella iso juttu), mutta poikkea rauhassa nauttimaan my\u00f6s <strong>kasvispelmenej\u00e4<\/strong> tai kermaista vihanneskeittoa, niit\u00e4 ei kannata sivuuttaa.<\/p>\n\n\n\n<h2 class=\"wp-block-heading\"><span class=\"ez-toc-section\" id=\"Minne_seuraavaksi\"><\/span>Minne seuraavaksi<span class=\"ez-toc-section-end\"><\/span><\/h2>\n\n\n\n<p class=\"wp-block-paragraph\">Jos Baltia houkuttelee sinua ja suunnittelet pidemp\u00e4\u00e4 matkaa, olemme koonneet sinulle <strong>paljon muitakin hy\u00f6dyllisi\u00e4 artikkeleita<\/strong>.<\/p>\n\n\n\n<ul class=\"wp-block-list\">\n\n<li>  Kiinnostaako, mit\u00e4 muuta maa tarjoaa? Lue artikkeli <a href=\"https:\/\/loudavymkrokem.cz\/fi\/viro-mita-nahda-kokea\/\">Viro: 25 vinkki\u00e4, mit\u00e4 n\u00e4hd\u00e4 ja kokea<\/a>.<\/li>\n\n\n\n<li>  Tai suuntaa suoraan p\u00e4\u00e4kaupunkiin oppaan <a href=\"https:\/\/loudavymkrokem.cz\/fi\/tallinn-viro-vinkit\/\">Tallinna: 20 vinkki\u00e4, mit\u00e4 n\u00e4hd\u00e4 ja tehd\u00e4 Viron metropolissa<\/a> avulla.<\/li>\n\n\n\n<li>  Jotta s\u00e4\u00e4 ei yll\u00e4tt\u00e4isi sinua, katso <a href=\"https:\/\/loudavymkrokem.cz\/fi\/milloin-matkustaa-viroon\/\">Milloin menn\u00e4 Viroon: s\u00e4\u00e4 kuukausi kuukaudelta<\/a>.<\/li>\n\n\n\n<li>  Houkutteleeko kunnon road trip? K\u00e4y l\u00e4pi <a href=\"https:\/\/loudavymkrokem.cz\/fi\/baltian-maat-reittiopas\/\">Baltia 10 p\u00e4iv\u00e4ss\u00e4: reittiopas Viron, Latvian ja Liettuan l\u00e4pi<\/a>.<\/li>\n\n\n\n<li>  Ja jos rakastat hyvinvointia, et saa missata teksti\u00e4 <a href=\"https:\/\/loudavymkrokem.cz\/fi\/viron-kylpylat-saunat\/\">Viron kylpyl\u00e4t ja saunat: 200 vuotta perinnett\u00e4<\/a>.<\/li>\n\n\n\n<li>  K\u00e4yt\u00e4nn\u00f6n neuvot matkaan l\u00f6yd\u00e4t artikkelista <a href=\"https:\/\/loudavymkrokem.cz\/jak-se-dostat-do-estonska\/\">Miten Viroon p\u00e4\u00e4see: lennot, lautta ja autolla<\/a>.<\/li>\n\n\n<\/ul>\n\n\n\n<h2 class=\"wp-block-heading\"><span class=\"ez-toc-section\" id=\"Usein_kysytyt_kysymykset\"><\/span>Usein kysytyt kysymykset<span class=\"ez-toc-section-end\"><\/span><\/h2>\n\n\n<div id=\"rank-math-faq\" class=\"rank-math-block\">\n<div class=\"rank-math-list \">\n<div id=\"faq-question-1785261104000\" class=\"rank-math-list-item\">\n<h3 class=\"rank-math-question \"><span class=\"ez-toc-section\" id=\"Kannattaako_Tartuun_ylipaataan_matkustaa\"><\/span>Kannattaako Tartuun ylip\u00e4\u00e4t\u00e4\u00e4n matkustaa?<span class=\"ez-toc-section-end\"><\/span><\/h3>\n<div class=\"rank-math-answer \">\n\n<p>Ehdottomasti kannattaa. Kun p\u00e4\u00e4kaupunki on p\u00e4iv\u00e4saikaan t\u00e4ynn\u00e4 turisteja, Tartu tarjoaa paljon <strong>aidompaan ja rauhallisempaan<\/strong> n\u00e4k\u00f6kulman virolaiseen el\u00e4m\u00e4\u00e4n uskomattoman rennolla opiskelijailmapiirill\u00e4.<\/p>\n\n<\/div>\n<\/div>\n<div id=\"faq-question-1785261104001\" class=\"rank-math-list-item\">\n<h3 class=\"rank-math-question \"><span class=\"ez-toc-section\" id=\"Mika_on_paras_tapa_paasta_Tallinnasta_Tartuun\"><\/span>Mik\u00e4 on paras tapa p\u00e4\u00e4st\u00e4 Tallinnasta Tartuun?<span class=\"ez-toc-section-end\"><\/span><\/h3>\n<div class=\"rank-math-answer \">\n\n<p>Mukavin ja nopein tapa ovat <strong>oranssit Elron-junat<\/strong>, jotka kulkevat eritt\u00e4in usein. Matka kest\u00e4\u00e4 hieman yli kaksi tuntia ja lippu maksaa noin 10 euroa. Toinen loistava vaihtoehto ovat luksus-linja-autot Lux Express.<\/p>\n\n<\/div>\n<\/div>\n<div id=\"faq-question-1785261104002\" class=\"rank-math-list-item\">\n<h3 class=\"rank-math-question \"><span class=\"ez-toc-section\" id=\"Kuinka_monta_paivaa_tarvitsen_tutustumiseen\"><\/span>Kuinka monta p\u00e4iv\u00e4\u00e4 tarvitsen tutustumiseen?<span class=\"ez-toc-section-end\"><\/span><\/h3>\n<div class=\"rank-math-answer \">\n\n<p>Jos haluat n\u00e4hd\u00e4 vain keskustan t\u00e4rkeimm\u00e4t kohteet ja vierailla yhdess\u00e4 museossa, <strong>sen voi ehti\u00e4 yhdess\u00e4 t\u00e4ydess\u00e4 p\u00e4iv\u00e4ss\u00e4<\/strong>. Ihanteellista on kuitenkin varata kaksi p\u00e4iv\u00e4\u00e4, ja jos haluat k\u00e4yd\u00e4 my\u00f6s Peipsi-j\u00e4rvell\u00e4, suunnittele suoraan kolme p\u00e4iv\u00e4\u00e4.<\/p>\n\n<\/div>\n<\/div>\n<div id=\"faq-question-1785261104003\" class=\"rank-math-list-item\">\n<h3 class=\"rank-math-question \"><span class=\"ez-toc-section\" id=\"Mita_minun_pitaisi_Tartussa_ehdottomasti_nahda\"><\/span>Mit\u00e4 minun pit\u00e4isi Tartussa ehdottomasti n\u00e4hd\u00e4?<span class=\"ez-toc-section-end\"><\/span><\/h3>\n<div class=\"rank-math-answer \">\n\n<p>\u00c4l\u00e4 missaa romanttista Toomem\u00e4gi-kukkulaa goottilaisen katedraalin raunioilla, Raatihuoneentoria suudellen olevien opiskelijoiden patsaalla ja <strong>luovaa Aparaaditehas-kaupunginosaa<\/strong>. Vierailun arvoinen on my\u00f6s Viron kansallismuseo (ERM).<\/p>\n\n<\/div>\n<\/div>\n<div id=\"faq-question-1785261104004\" class=\"rank-math-list-item\">\n<h3 class=\"rank-math-question \"><span class=\"ez-toc-section\" id=\"Sopiiko_tiedekeskus_AHHAA_lapsille\"><\/span>Sopiiko tiedekeskus AHHAA lapsille?<span class=\"ez-toc-section-end\"><\/span><\/h3>\n<div class=\"rank-math-answer \">\n\n<p>Se on heille t\u00e4ydellinen paratiisi. Kyseess\u00e4 on <strong>Baltian suurin interaktiivinen museo<\/strong>, jossa lapset (ja aikuiset) voivat koskettaa, kokeilla ja tutkia kaikkea. Viet\u00e4t siell\u00e4 helposti puoli p\u00e4iv\u00e4\u00e4.<\/p>\n\n<\/div>\n<\/div>\n<div id=\"faq-question-1785261104005\" class=\"rank-math-list-item\">\n<h3 class=\"rank-math-question \"><span class=\"ez-toc-section\" id=\"Paljonko_tarkeimpien_museoiden_paasyliput_maksavat\"><\/span>Paljonko t\u00e4rkeimpien museoiden p\u00e4\u00e4syliput maksavat?<span class=\"ez-toc-section-end\"><\/span><\/h3>\n<div class=\"rank-math-answer \">\n\n<p>Hinnat vaihtelevat paljon. Suurin osa puistoista ja ulkona olevista n\u00e4ht\u00e4vyyksist\u00e4 on ilmaisia. P\u00e4\u00e4sy Viron kansallismuseoon (ERM) maksaa <strong>noin 15 euroa<\/strong>, perheen sis\u00e4\u00e4np\u00e4\u00e4sy AHHAA-keskukseen taas noin 45 euroa.<\/p>\n\n<\/div>\n<\/div>\n<div id=\"faq-question-1785261104006\" class=\"rank-math-list-item\">\n<h3 class=\"rank-math-question \"><span class=\"ez-toc-section\" id=\"Mika_on_paras_aika_vierailulle\"><\/span>Mik\u00e4 on paras aika vierailulle?<span class=\"ez-toc-section-end\"><\/span><\/h3>\n<div class=\"rank-math-answer \">\n\n<p>Kaupungista nauttii eniten <strong>kev\u00e4\u00e4ll\u00e4 tai alkusyksyll\u00e4<\/strong>, jolloin siell\u00e4 vallitsee aito akateeminen ilmapiiri ja kadut ovat t\u00e4ynn\u00e4 opiskelijoita. Elokuussa kaupunki on kyll\u00e4 kaunis, mutta huomattavasti tyhjempi.<\/p>\n\n<\/div>\n<\/div>\n<div id=\"faq-question-1785261104007\" class=\"rank-math-list-item\">\n<h3 class=\"rank-math-question \"><span class=\"ez-toc-section\" id=\"Mita_kaupunkiin_jai_Euroopan_kulttuuripaakaupunki_-tittelista\"><\/span>Mit\u00e4 kaupunkiin j\u00e4i Euroopan kulttuurip\u00e4\u00e4kaupunki -tittelist\u00e4?<span class=\"ez-toc-section-end\"><\/span><\/h3>\n<div class=\"rank-math-answer \">\n\n<p>Kaupunki hy\u00f6tyy t\u00e4st\u00e4 vuoden 2024 tittelist\u00e4 edelleen. Sinne j\u00e4iv\u00e4t <strong>kunnostetut yhteis\u00f6puistot, \u00e4skett\u00e4in avatut kahvilat<\/strong> ja paljon pieni\u00e4 taideinstallaatioita, jotka antavat kaduille modernin ilmeen.<\/p>\n\n<\/div>\n<\/div>\n<div id=\"faq-question-1785261104008\" class=\"rank-math-list-item\">\n<h3 class=\"rank-math-question \"><span class=\"ez-toc-section\" id=\"Missa_voi_syoda_hyvin_ja_edullisesti\"><\/span>Miss\u00e4 voi sy\u00f6d\u00e4 hyvin ja edullisesti?<span class=\"ez-toc-section-end\"><\/span><\/h3>\n<div class=\"rank-math-answer \">\n\n<p>Etsi kylttej\u00e4, joissa lukee <strong>p\u00e4evapraad<\/strong>, mik\u00e4 tarkoittaa p\u00e4iv\u00e4n lounasmenyyt\u00e4. N\u00e4iss\u00e4 bistroissa ja kahviloissa saat arkip\u00e4ivisin eritt\u00e4in laadukkaan lounaan noin 5\u20138 eurolla.<\/p>\n\n<\/div>\n<\/div>\n<\/div>\n<\/div>","protected":false},"excerpt":{"rendered":"<p>L\u00f6yd\u00e4 Viron yliopistollinen syd\u00e4n t\u00e4ynn\u00e4 kahviloita, romanttisia puistoja ja interaktiivisia museoita, minne turistijoukot eiv\u00e4t viel\u00e4 suuntaa. Tallinnasta p\u00e4\u00e4set t\u00e4nne lis\u00e4ksi vain kahdessa tunnissa.<\/p>\n","protected":false},"author":3,"featured_media":351025,"comment_status":"open","ping_status":"open","sticky":false,"template":"","format":"standard","meta":{"_acf_changed":false,"footnotes":"","rank_math_title":"Tartto, Viro: 12 vinkki\u00e4 n\u00e4ht\u00e4vyyksiin 2026","rank_math_description":"Tartto, Viro on rento opiskelijakaupunki t\u00e4ynn\u00e4 kahviloita, museoita ja puistoja. Lue 12 vinkki\u00e4 n\u00e4ht\u00e4vyyksiin ja suunnittele matkasi jo t\u00e4n\u00e4\u00e4n!","rank_math_focus_keyword":"tartu viro","rank_math_seo_score":""},"categories":[2129,2123],"tags":[],"class_list":["post-408609","post","type-post","status-publish","format-standard","has-post-thumbnail","category-eurooppa","category-matkailu"],"acf":[],"featured_image_src":"https:\/\/loudavymkrokem.cz\/wp-content\/uploads\/2026\/07\/tartu-co-videt-hero.jpg","author_info":{"display_name":"Lucie Kone\u010dn\u00e1","author_link":"https:\/\/loudavymkrokem.cz\/fi\/author\/lucie-konecna\/"},"_links":{"self":[{"href":"https:\/\/loudavymkrokem.cz\/fi\/wp-json\/wp\/v2\/posts\/408609","targetHints":{"allow":["GET"]}}],"collection":[{"href":"https:\/\/loudavymkrokem.cz\/fi\/wp-json\/wp\/v2\/posts"}],"about":[{"href":"https:\/\/loudavymkrokem.cz\/fi\/wp-json\/wp\/v2\/types\/post"}],"author":[{"embeddable":true,"href":"https:\/\/loudavymkrokem.cz\/fi\/wp-json\/wp\/v2\/users\/3"}],"replies":[{"embeddable":true,"href":"https:\/\/loudavymkrokem.cz\/fi\/wp-json\/wp\/v2\/comments?post=408609"}],"version-history":[{"count":2,"href":"https:\/\/loudavymkrokem.cz\/fi\/wp-json\/wp\/v2\/posts\/408609\/revisions"}],"predecessor-version":[{"id":408611,"href":"https:\/\/loudavymkrokem.cz\/fi\/wp-json\/wp\/v2\/posts\/408609\/revisions\/408611"}],"wp:featuredmedia":[{"embeddable":true,"href":"https:\/\/loudavymkrokem.cz\/fi\/wp-json\/wp\/v2\/media\/351025"}],"wp:attachment":[{"href":"https:\/\/loudavymkrokem.cz\/fi\/wp-json\/wp\/v2\/media?parent=408609"}],"wp:term":[{"taxonomy":"category","embeddable":true,"href":"https:\/\/loudavymkrokem.cz\/fi\/wp-json\/wp\/v2\/categories?post=408609"},{"taxonomy":"post_tag","embeddable":true,"href":"https:\/\/loudavymkrokem.cz\/fi\/wp-json\/wp\/v2\/tags?post=408609"}],"curies":[{"name":"wp","href":"https:\/\/api.w.org\/{rel}","templated":true}]}}