{"id":408603,"date":"2026-08-25T20:45:06","date_gmt":"2026-08-25T18:45:06","guid":{"rendered":"https:\/\/loudavymkrokem.cz\/dc-8-air-new-zealand-amazonia\/"},"modified":"2026-08-31T04:21:51","modified_gmt":"2026-08-31T02:21:51","slug":"dc-8-air-new-zealand-amazonia","status":"publish","type":"post","link":"https:\/\/loudavymkrokem.cz\/fi\/dc-8-air-new-zealand-amazonia\/","title":{"rendered":"Air New Zealandin DC-8 l\u00e4htee 20 vuoden j\u00e4lkeen Amazoniasta viimeiselle matkalleen kotiin"},"content":{"rendered":"\n<p class=\"wp-block-paragraph\">Rekisteritunnuksella ZK-NZC varustettu kone on ainoa s\u00e4ilynyt kappale niist\u00e4 kahdeksasta DC-8-koneesta, jotka aikoinaan muodostivat Air New Zealandin kaukolentolaivaston, kertoo <a href=\"https:\/\/www.nttmuseumwanaka.co.nz\/blog\/bring-our-birds-home\" target=\"_blank\" rel=\"noreferrer noopener nofollow\">National Transport and Toy Museum W\u0101naka<\/a>. Kone l\u00e4hti kaksi vuosikymment\u00e4 sitten seisomaan Amazoniassa, ja nyt se l\u00e4htee viimeiselle matkalleen kotiin. Sen rakensi Douglasin tehdas Kaliforniassa Long Beachiss\u00e4, ja lentoyhti\u00f6 otti sen vastaan syyskuussa 1965.<\/p>\n\n\n\n<p class=\"wp-block-paragraph\">Air New Zealand poisti koneen k\u00e4yt\u00f6st\u00e4 vuonna 1981. Sen j\u00e4lkeen se vaihtoi omistajaa useaan otteeseen, kunnes p\u00e4\u00e4tyi brasilialaiselle rahtiyhti\u00f6 TCB:lle, joka lopetti toimintansa vuonna 2006. Siit\u00e4 l\u00e4htien kone rapistui Manaus-Eduardo Gomesin lentokent\u00e4ll\u00e4.<\/p>\n\n\n\n<div id=\"ez-toc-container\" class=\"ez-toc-v2_0_86 ez-toc-wrap-left counter-hierarchy ez-toc-counter ez-toc-grey ez-toc-container-direction\">\n<div class=\"ez-toc-title-container\">\n<p class=\"ez-toc-title\" style=\"cursor:inherit\">Artikkelin sis\u00e4lt\u00f6<\/p>\n<span class=\"ez-toc-title-toggle\"><a href=\"#\" class=\"ez-toc-pull-right ez-toc-btn ez-toc-btn-xs ez-toc-btn-default ez-toc-toggle\" aria-label=\"Toggle Table of Content\"><span class=\"ez-toc-js-icon-con\"><span class=\"\"><span class=\"eztoc-hide\" style=\"display:none;\">Toggle<\/span><span class=\"ez-toc-icon-toggle-span\"><svg style=\"fill: #999;color:#999\" xmlns=\"http:\/\/www.w3.org\/2000\/svg\" class=\"list-377408\" width=\"20px\" height=\"20px\" viewBox=\"0 0 24 24\" fill=\"none\"><path d=\"M6 6H4v2h2V6zm14 0H8v2h12V6zM4 11h2v2H4v-2zm16 0H8v2h12v-2zM4 16h2v2H4v-2zm16 0H8v2h12v-2z\" fill=\"currentColor\"><\/path><\/svg><svg style=\"fill: #999;color:#999\" class=\"arrow-unsorted-368013\" xmlns=\"http:\/\/www.w3.org\/2000\/svg\" width=\"10px\" height=\"10px\" viewBox=\"0 0 24 24\" version=\"1.2\" baseProfile=\"tiny\"><path d=\"M18.2 9.3l-6.2-6.3-6.2 6.3c-.2.2-.3.4-.3.7s.1.5.3.7c.2.2.4.3.7.3h11c.3 0 .5-.1.7-.3.2-.2.3-.5.3-.7s-.1-.5-.3-.7zM5.8 14.7l6.2 6.3 6.2-6.3c.2-.2.3-.5.3-.7s-.1-.5-.3-.7c-.2-.2-.4-.3-.7-.3h-11c-.3 0-.5.1-.7.3-.2.2-.3.5-.3.7s.1.5.3.7z\"\/><\/svg><\/span><\/span><\/span><\/a><\/span><\/div>\n<nav><ul class='ez-toc-list ez-toc-list-level-1 ' ><li class='ez-toc-page-1 ez-toc-heading-level-2'><a class=\"ez-toc-link ez-toc-heading-1\" href=\"https:\/\/loudavymkrokem.cz\/fi\/dc-8-air-new-zealand-amazonia\/#Legenda_joka_kuljetti_kuningatarta\" >Legenda, joka kuljetti kuningatarta<\/a><\/li><li class='ez-toc-page-1 ez-toc-heading-level-2'><a class=\"ez-toc-link ez-toc-heading-2\" href=\"https:\/\/loudavymkrokem.cz\/fi\/dc-8-air-new-zealand-amazonia\/#Matka_kotiin_valtameren_yli\" >Matka kotiin valtameren yli<\/a><\/li><li class='ez-toc-page-1 ez-toc-heading-level-2'><a class=\"ez-toc-link ez-toc-heading-3\" href=\"https:\/\/loudavymkrokem.cz\/fi\/dc-8-air-new-zealand-amazonia\/#Mita_tama_kaytannossa_tarkoittaa\" >Mit\u00e4 t\u00e4m\u00e4 k\u00e4yt\u00e4nn\u00f6ss\u00e4 tarkoittaa<\/a><\/li><\/ul><\/nav><\/div>\n<h2 class=\"wp-block-heading\"><span class=\"ez-toc-section\" id=\"Legenda_joka_kuljetti_kuningatarta\"><\/span>Legenda, joka kuljetti kuningatarta<span class=\"ez-toc-section-end\"><\/span><\/h2>\n\n\n\n<p class=\"wp-block-paragraph\">Juuri t\u00e4ll\u00e4 koneella on historiallinen ansioluettelo. <strong>30. tammikuuta 1974<\/strong> se kuljetti kuningatar Elisabet II:n, prinsessa Annen ja Mark Phillipsin Rarotongalta Christchurchiin, kertoo <a href=\"https:\/\/www.odt.co.nz\/regions\/wanaka\/w%C4%81naka-final-resting-place-iconic-aircraft\" target=\"_blank\" rel=\"noreferrer noopener nofollow\">Otago Daily Times<\/a>. Muutamaa p\u00e4iv\u00e4\u00e4 my\u00f6hemmin kuningatar avasi Britannian kansainyhteis\u00f6n kisat Christchurchin QEII-puistossa.<\/p>\n\n\n\n<p class=\"wp-block-paragraph\">Bring Our Birds Home -hyv\u00e4ntekev\u00e4isyysj\u00e4rjest\u00f6n perustajan Paul Brennanin mukaan juuri t\u00e4m\u00e4 konetyyppi oli avainasemassa auttamassa Air New Zealandia muuttumaan t\u00e4ysiveriseksi kansainv\u00e4liseksi lentoyhti\u00f6ksi, kertoo <a href=\"https:\/\/www.odt.co.nz\/star-news\/star-christchurch\/iconic-dc-8-heading-back-home\" target=\"_blank\" rel=\"noreferrer noopener nofollow\">Otago Daily Times<\/a>.<\/p>\n\n\n\n<h2 class=\"wp-block-heading\"><span class=\"ez-toc-section\" id=\"Matka_kotiin_valtameren_yli\"><\/span>Matka kotiin valtameren yli<span class=\"ez-toc-section-end\"><\/span><\/h2>\n\n\n\n<p class=\"wp-block-paragraph\">Koneen purkamisen on m\u00e4\u00e4r\u00e4 alkaa <strong>1. syyskuuta 2026<\/strong>. Kone leikataan osiin (runko, kontteihin kuljetusta varten jaetut siivet ja pyrst\u00f6pinnat) ja kuljetetaan meritse <strong>Timarun<\/strong> satamaan Etel\u00e4saarelle.<\/p>\n\n\n\n<p class=\"wp-block-paragraph\">Sinne sen pit\u00e4isi saapua viel\u00e4 t\u00e4n\u00e4 vuonna, kirjoittavat brasilialaiset mediat <a href=\"https:\/\/aerojota.com.br\/dc-8-abandonado-manaus-nova-zelandia\/\" target=\"_blank\" rel=\"noreferrer noopener nofollow\">AeroJota<\/a> ja <a href=\"https:\/\/www.rondoniaovivo.com\/noticia\/geral\/2026\/08\/13\/fim-do-abandono-dc-8-que-esta-ha-duas-decadas-em-manaus-vai-de-navio-para-a-nova-zelandia.html\" target=\"_blank\" rel=\"noreferrer noopener nofollow\">Rond\u00f4nia ao Vivo<\/a>.<\/p>\n\n\n\n<p class=\"wp-block-paragraph\">Tyhj\u00e4 DC-8-52 painaa noin 60 tonnia, on 45,9 metri\u00e4 pitk\u00e4 ja sen siipien k\u00e4rkiv\u00e4li on 43,4 metri\u00e4. Saman l\u00e4hteen mukaan logistiikkaan osallistuvat lentokent\u00e4n operaattori VINCI Airports ja raskaaseen kansainv\u00e4liseen rahtiin erikoistunut yritys Freightplus.<\/p>\n\n\n\n<p class=\"wp-block-paragraph\">Kulut kattavat nimett\u00f6m\u00e4t lahjoittajat. Lis\u00e4ksi Bring Our Birds Home -j\u00e4rjest\u00f6 on ker\u00e4nnyt yhdeks\u00e4n vuoden ajan rahaa <a href=\"https:\/\/givealittle.co.nz\/cause\/bringourbirdshome\" target=\"_blank\" rel=\"noreferrer noopener nofollow\">Givealittle<\/a>-portaalissa ja koonnut elokuuhun 2026 menness\u00e4 467 lahjoittajalta <strong>40 035 NZD<\/strong>.<\/p>\n\n\n\n<h2 class=\"wp-block-heading\"><span class=\"ez-toc-section\" id=\"Mita_tama_kaytannossa_tarkoittaa\"><\/span>Mit\u00e4 t\u00e4m\u00e4 k\u00e4yt\u00e4nn\u00f6ss\u00e4 tarkoittaa<span class=\"ez-toc-section-end\"><\/span><\/h2>\n\n\n\n<p class=\"wp-block-paragraph\">Jos suunnittelet matkaa Uuden-Seelannin Etel\u00e4saarelle, n\u00e4et t\u00e4m\u00e4n palan ilmailuhistoriaa entis\u00f6innin valmistuttua <strong>National Transport and Toy Museumissa W\u0101nakassa<\/strong>. Museo sijaitsee aivan lentokent\u00e4n vieress\u00e4 ja on tavallisesti avoinna yleis\u00f6lle.<\/p>\n\n\n\n<p class=\"wp-block-paragraph\">Purkamista ja merimatkaa voi seurata my\u00f6s verkossa. J\u00e4rjest\u00f6 dokumentoi sit\u00e4 jatkuvasti Givealittle-kampanjassaan ja sosiaalisessa mediassa.<\/p>\n\n\n\n<p class=\"wp-block-paragraph\">Tapahtumalla ei ole mit\u00e4\u00e4n vaikutusta lentoihin Brasiliaan eik\u00e4 Manausin lentokent\u00e4n toimintaan. Kyse on nimitt\u00e4in vain k\u00e4yt\u00f6st\u00e4 poistetun konerungon kertaluonteisesta poissiirrosta.<\/p>\n\n\n\n<p class=\"wp-block-paragraph\">Uuden-Seelannin matkaa vasta suunnittelevan kannattaa huomioida, ett\u00e4 koneen pit\u00e4isi saapua Timaruun <strong>vuoden 2026 loppuun menness\u00e4<\/strong> ja p\u00e4\u00e4ty\u00e4 W\u0101nakan museoon vasta lis\u00e4entis\u00f6innin j\u00e4lkeen.<\/p>\n\n\n\n<!-- LKM_GYG_CARD start q=\"cestu domu\" lang=\"fi\" rendered=\"2026-08-31T02:21:29+00:00\" v=\"1\" -->\n\n<!-- LKM_GYG_CARD end -->\n","protected":false},"excerpt":{"rendered":"<p>Ainoa s\u00e4ilynyt Air New Zealandin Douglas DC-8 on rapistunut kaksikymment\u00e4 vuotta Manausin lentokent\u00e4ll\u00e4 Amazoniassa. 1. syyskuuta 2026 alkaen se puretaan ja kuljetetaan meritse Uuteen-Seelantiin W\u0101nakan museoon. Aikoinaan se kuljetti jopa kuningatar Elisabet II:ta.<\/p>\n","protected":false},"author":2,"featured_media":396130,"comment_status":"open","ping_status":"open","sticky":false,"template":"","format":"standard","meta":{"_acf_changed":false,"footnotes":"","rank_math_title":"DC-8 l\u00e4htee Amazoniasta kotiin 20 vuoden j\u00e4lkeen","rank_math_description":"Ainoa s\u00e4ilynyt Air New Zealandin DC-8 on rapistunut Amazoniassa 20 vuotta \u2013 nyt se l\u00e4htee meritse Uuteen-Seelantiin. Lue koneen tarina ja matka kotiin!","rank_math_focus_keyword":"amazonia","rank_math_seo_score":""},"categories":[2123],"tags":[],"class_list":["post-408603","post","type-post","status-publish","format-standard","has-post-thumbnail","category-matkailu"],"acf":[],"featured_image_src":"https:\/\/loudavymkrokem.cz\/wp-content\/uploads\/2026\/08\/abandoned-dc-8-aircraft-tarmac.jpg","author_info":{"display_name":"Luk\u00e1\u0161 Kone\u010dn\u00fd","author_link":"https:\/\/loudavymkrokem.cz\/fi\/author\/lukas-konecny\/"},"_links":{"self":[{"href":"https:\/\/loudavymkrokem.cz\/fi\/wp-json\/wp\/v2\/posts\/408603","targetHints":{"allow":["GET"]}}],"collection":[{"href":"https:\/\/loudavymkrokem.cz\/fi\/wp-json\/wp\/v2\/posts"}],"about":[{"href":"https:\/\/loudavymkrokem.cz\/fi\/wp-json\/wp\/v2\/types\/post"}],"author":[{"embeddable":true,"href":"https:\/\/loudavymkrokem.cz\/fi\/wp-json\/wp\/v2\/users\/2"}],"replies":[{"embeddable":true,"href":"https:\/\/loudavymkrokem.cz\/fi\/wp-json\/wp\/v2\/comments?post=408603"}],"version-history":[{"count":0,"href":"https:\/\/loudavymkrokem.cz\/fi\/wp-json\/wp\/v2\/posts\/408603\/revisions"}],"wp:featuredmedia":[{"embeddable":true,"href":"https:\/\/loudavymkrokem.cz\/fi\/wp-json\/wp\/v2\/media\/396130"}],"wp:attachment":[{"href":"https:\/\/loudavymkrokem.cz\/fi\/wp-json\/wp\/v2\/media?parent=408603"}],"wp:term":[{"taxonomy":"category","embeddable":true,"href":"https:\/\/loudavymkrokem.cz\/fi\/wp-json\/wp\/v2\/categories?post=408603"},{"taxonomy":"post_tag","embeddable":true,"href":"https:\/\/loudavymkrokem.cz\/fi\/wp-json\/wp\/v2\/tags?post=408603"}],"curies":[{"name":"wp","href":"https:\/\/api.w.org\/{rel}","templated":true}]}}