{"id":408598,"date":"2026-08-27T11:40:20","date_gmt":"2026-08-27T09:40:20","guid":{"rendered":"https:\/\/loudavymkrokem.cz\/olomouc-lasten-kanssa\/"},"modified":"2026-08-31T04:18:39","modified_gmt":"2026-08-31T02:18:39","slug":"olomouc-lasten-kanssa","status":"publish","type":"post","link":"https:\/\/loudavymkrokem.cz\/fi\/olomouc-lasten-kanssa\/","title":{"rendered":"Olomouc lasten kanssa: 34 vinkki\u00e4 vuodelle 2026"},"content":{"rendered":"\n<p class=\"wp-block-paragraph\"><strong>Olomouc lasten kanssa<\/strong> kuulostaa ensikuulemalta melko riskialttiilta suunnitelmalta. Kun mainitaan T\u0161ekin toiseksi suurin kaupunkihistoriallinen suojelualue, moni vanhempi kuvittelee heti tylsistyneet lapset, jotka laahustavat \u00e4rtynein\u00e4 mukulakivikaduilla ja kysyv\u00e4t joka viides minuutti, milloin p\u00e4\u00e4st\u00e4\u00e4n vihdoin leikkipuistoon. Olomouc kuitenkin yll\u00e4tt\u00e4\u00e4. Se on uskomattoman kompakti kaupunki, jossa kaikki oleellinen on k\u00e4velymatkan p\u00e4\u00e4ss\u00e4, historiallinen keskusta toimii laajana k\u00e4velyalueena, ja mik\u00e4 t\u00e4rkeint\u00e4, se tarjoaa niin paljon interaktiivista viihdett\u00e4, ettet tied\u00e4 minne rient\u00e4isit ensin. Jos siis mietit, minne suunnata Olomoucissa lasten kanssa, varaudu siihen, ettei yksi viikonloppu v\u00e4ltt\u00e4m\u00e4tt\u00e4 riit\u00e4.<\/p>\n\n\n\n<p class=\"wp-block-paragraph\">Meid\u00e4n perheemme rakastui t\u00e4h\u00e4n kaupunkiin t\u00e4ysin, koska vanhemman n\u00e4k\u00f6kulmasta se on yksinkertaisesti ihanteellinen kohde. Sinun ei tarvitse jatkuvasti siirty\u00e4 t\u00e4p\u00f6t\u00e4ydell\u00e4 joukkoliikenteell\u00e4, rattaiden kanssa liikkuminen sujuu t\u00e4\u00e4ll\u00e4 yll\u00e4tt\u00e4v\u00e4n hyvin ja paikallinen kahvilakulttuuri on kuuluisaa. Kokosin siksi vinkit <strong>Olomouciin lasten kanssa<\/strong> niin, ett\u00e4 ne palvelevat kelill\u00e4 kuin kelill\u00e4: mit\u00e4 tehd\u00e4 ulkona, kun aurinko paistaa, minne piiloutua, kun alkaa sataa, ja minne suunnata, jos kaupunkiin j\u00e4\u00e4 viel\u00e4 yksi ylim\u00e4\u00e4r\u00e4inen p\u00e4iv\u00e4.<\/p>\n\n\n\n<p class=\"wp-block-paragraph\">Oli sinulla kotona sitten pieni taapero, joka tarvitsee ennen kaikkea turvallisen tilan juoksemiseen, tai vanhempi koululainen, joka arvostaa enemm\u00e4n adrenaliinia ja tieteellisi\u00e4 kokeita, t\u00e4\u00e4lt\u00e4 l\u00f6ytyy jokaiselle jotakin. T\u00e4\u00e4lt\u00e4 l\u00f6yd\u00e4t parhaat n\u00e4ht\u00e4vyydet, suositut leikkipaikat, el\u00e4intarhan kaupungin yll\u00e4 kohoavalla kukkulalla sek\u00e4 vinkkej\u00e4 paikkoihin, joissa sy\u00f6t perheen kanssa ilman stressi\u00e4.<\/p>\n\n\n\n<figure data-wp-context=\"{&quot;imageId&quot;:&quot;6a952c5d084ed&quot;}\" data-wp-interactive=\"core\/image\" data-wp-key=\"6a952c5d084ed\" class=\"wp-block-image size-full wp-lightbox-container\"><img decoding=\"async\" width=\"1650\" height=\"2200\" data-wp-class--hide=\"state.isContentHidden\" data-wp-class--show=\"state.isContentVisible\" data-wp-init=\"callbacks.setButtonStyles\" data-wp-on--click=\"actions.showLightbox\" data-wp-on--load=\"callbacks.setButtonStyles\" data-wp-on--pointerdown=\"actions.preloadImage\" data-wp-on--pointerenter=\"actions.preloadImageWithDelay\" data-wp-on--pointerleave=\"actions.cancelPreload\" data-wp-on-window--resize=\"callbacks.setButtonStyles\" src=\"https:\/\/loudavymkrokem.cz\/wp-content\/uploads\/2026\/08\/olomouc-s-detmi-hernicka-drevene-hracky.jpg\" alt=\"Lasten leikkipaikka Olomoucin keskustassa puuleluineen ja pikkutaloineen\" class=\"wp-image-401018\" title=\"\" srcset=\"https:\/\/loudavymkrokem.cz\/wp-content\/uploads\/2026\/08\/olomouc-s-detmi-hernicka-drevene-hracky.jpg 1650w, https:\/\/loudavymkrokem.cz\/wp-content\/uploads\/2026\/08\/olomouc-s-detmi-hernicka-drevene-hracky-225x300.jpg 225w, https:\/\/loudavymkrokem.cz\/wp-content\/uploads\/2026\/08\/olomouc-s-detmi-hernicka-drevene-hracky-700x933.jpg 700w, https:\/\/loudavymkrokem.cz\/wp-content\/uploads\/2026\/08\/olomouc-s-detmi-hernicka-drevene-hracky-768x1024.jpg 768w, https:\/\/loudavymkrokem.cz\/wp-content\/uploads\/2026\/08\/olomouc-s-detmi-hernicka-drevene-hracky-1152x1536.jpg 1152w, https:\/\/loudavymkrokem.cz\/wp-content\/uploads\/2026\/08\/olomouc-s-detmi-hernicka-drevene-hracky-1536x2048.jpg 1536w, https:\/\/loudavymkrokem.cz\/wp-content\/uploads\/2026\/08\/olomouc-s-detmi-hernicka-drevene-hracky-696x928.jpg 696w, https:\/\/loudavymkrokem.cz\/wp-content\/uploads\/2026\/08\/olomouc-s-detmi-hernicka-drevene-hracky-1392x1856.jpg 1392w\" sizes=\"(max-width: 1650px) 100vw, 1650px\" \/><button\n\t\t\tclass=\"lightbox-trigger\"\n\t\t\ttype=\"button\"\n\t\t\taria-haspopup=\"dialog\"\n\t\t\tdata-wp-bind--aria-label=\"state.thisImage.triggerButtonAriaLabel\"\n\t\t\tdata-wp-init=\"callbacks.initTriggerButton\"\n\t\t\tdata-wp-on--click=\"actions.showLightbox\"\n\t\t\tdata-wp-style--right=\"state.thisImage.buttonRight\"\n\t\t\tdata-wp-style--top=\"state.thisImage.buttonTop\"\n\t\t>\n\t\t\t<svg xmlns=\"http:\/\/www.w3.org\/2000\/svg\" width=\"12\" height=\"12\" fill=\"none\" viewBox=\"0 0 12 12\">\n\t\t\t\t<path fill=\"#fff\" d=\"M2 0a2 2 0 0 0-2 2v2h1.5V2a.5.5 0 0 1 .5-.5h2V0H2Zm2 10.5H2a.5.5 0 0 1-.5-.5V8H0v2a2 2 0 0 0 2 2h2v-1.5ZM8 12v-1.5h2a.5.5 0 0 0 .5-.5V8H12v2a2 2 0 0 1-2 2H8Zm2-12a2 2 0 0 1 2 2v2h-1.5V2a.5.5 0 0 0-.5-.5H8V0h2Z\" \/>\n\t\t\t<\/svg>\n\t\t<\/button><figcaption class=\"wp-element-caption\">Olomoucin keskustan leikkipaikat pelastavat jokaisen sadep\u00e4iv\u00e4n<\/figcaption><\/figure>\n\n\n\n<div id=\"ez-toc-container\" class=\"ez-toc-v2_0_86 ez-toc-wrap-left counter-hierarchy ez-toc-counter ez-toc-grey ez-toc-container-direction\">\n<div class=\"ez-toc-title-container\">\n<p class=\"ez-toc-title\" style=\"cursor:inherit\">Artikkelin sis\u00e4lt\u00f6<\/p>\n<span class=\"ez-toc-title-toggle\"><a href=\"#\" class=\"ez-toc-pull-right ez-toc-btn ez-toc-btn-xs ez-toc-btn-default ez-toc-toggle\" aria-label=\"Toggle Table of Content\"><span class=\"ez-toc-js-icon-con\"><span class=\"\"><span class=\"eztoc-hide\" style=\"display:none;\">Toggle<\/span><span class=\"ez-toc-icon-toggle-span\"><svg style=\"fill: #999;color:#999\" xmlns=\"http:\/\/www.w3.org\/2000\/svg\" class=\"list-377408\" width=\"20px\" height=\"20px\" viewBox=\"0 0 24 24\" fill=\"none\"><path d=\"M6 6H4v2h2V6zm14 0H8v2h12V6zM4 11h2v2H4v-2zm16 0H8v2h12v-2zM4 16h2v2H4v-2zm16 0H8v2h12v-2z\" fill=\"currentColor\"><\/path><\/svg><svg style=\"fill: #999;color:#999\" class=\"arrow-unsorted-368013\" xmlns=\"http:\/\/www.w3.org\/2000\/svg\" width=\"10px\" height=\"10px\" viewBox=\"0 0 24 24\" version=\"1.2\" baseProfile=\"tiny\"><path d=\"M18.2 9.3l-6.2-6.3-6.2 6.3c-.2.2-.3.4-.3.7s.1.5.3.7c.2.2.4.3.7.3h11c.3 0 .5-.1.7-.3.2-.2.3-.5.3-.7s-.1-.5-.3-.7zM5.8 14.7l6.2 6.3 6.2-6.3c.2-.2.3-.5.3-.7s-.1-.5-.3-.7c-.2-.2-.4-.3-.7-.3h-11c-.3 0-.5.1-.7.3-.2.2-.3.5-.3.7s.1.5.3.7z\"\/><\/svg><\/span><\/span><\/span><\/a><\/span><\/div>\n<nav><ul class='ez-toc-list ez-toc-list-level-1 ' ><ul class='ez-toc-list-level-3' ><li class='ez-toc-heading-level-3'><a class=\"ez-toc-link ez-toc-heading-1\" href=\"https:\/\/loudavymkrokem.cz\/fi\/olomouc-lasten-kanssa\/#Yhteenveto_Olomouc_lasten_kanssa_pahkinankuoressa\" >Yhteenveto: Olomouc lasten kanssa p\u00e4hkin\u00e4nkuoressa<\/a><\/li><\/ul><\/li><li class='ez-toc-page-1 ez-toc-heading-level-2'><a class=\"ez-toc-link ez-toc-heading-2\" href=\"https:\/\/loudavymkrokem.cz\/fi\/olomouc-lasten-kanssa\/#Milloin_suunnata_Olomouciin_lasten_kanssa\" >Milloin suunnata Olomouciin lasten kanssa<\/a><\/li><li class='ez-toc-page-1 ez-toc-heading-level-2'><a class=\"ez-toc-link ez-toc-heading-3\" href=\"https:\/\/loudavymkrokem.cz\/fi\/olomouc-lasten-kanssa\/#Missa_yopya_Olomoucissa_lasten_kanssa\" >Miss\u00e4 y\u00f6py\u00e4 Olomoucissa lasten kanssa<\/a><\/li><li class='ez-toc-page-1 ez-toc-heading-level-2'><a class=\"ez-toc-link ez-toc-heading-4\" href=\"https:\/\/loudavymkrokem.cz\/fi\/olomouc-lasten-kanssa\/#Mita_tehda_Olomoucissa_lasten_kanssa_ulkona\" >Mit\u00e4 tehd\u00e4 Olomoucissa lasten kanssa ulkona<\/a><ul class='ez-toc-list-level-3' ><li class='ez-toc-heading-level-3'><a class=\"ez-toc-link ez-toc-heading-5\" href=\"https:\/\/loudavymkrokem.cz\/fi\/olomouc-lasten-kanssa\/#1_Olomoucin_raatihuoneenkello\" >1. Olomoucin raatihuoneenkello<\/a><\/li><li class='ez-toc-page-1 ez-toc-heading-level-3'><a class=\"ez-toc-link ez-toc-heading-6\" href=\"https:\/\/loudavymkrokem.cz\/fi\/olomouc-lasten-kanssa\/#2_Pyhan_Kolminaisuuden_pylvas\" >2. Pyh\u00e4n Kolminaisuuden pylv\u00e4s<\/a><\/li><li class='ez-toc-page-1 ez-toc-heading-level-3'><a class=\"ez-toc-link ez-toc-heading-7\" href=\"https:\/\/loudavymkrokem.cz\/fi\/olomouc-lasten-kanssa\/#3_Barokkisuihkulahteiden_etsintaleikki\" >3. Barokkisuihkul\u00e4hteiden etsint\u00e4leikki<\/a><\/li><li class='ez-toc-page-1 ez-toc-heading-level-3'><a class=\"ez-toc-link ez-toc-heading-8\" href=\"https:\/\/loudavymkrokem.cz\/fi\/olomouc-lasten-kanssa\/#4_Raatihuoneen_torni\" >4. Raatihuoneen torni<\/a><\/li><li class='ez-toc-page-1 ez-toc-heading-level-3'><a class=\"ez-toc-link ez-toc-heading-9\" href=\"https:\/\/loudavymkrokem.cz\/fi\/olomouc-lasten-kanssa\/#5_Pyhan_Mauritiuksen_kirkko_ja_tornin_valloitus\" >5. Pyh\u00e4n Mauritiuksen kirkko ja tornin valloitus<\/a><\/li><li class='ez-toc-page-1 ez-toc-heading-level-3'><a class=\"ez-toc-link ez-toc-heading-10\" href=\"https:\/\/loudavymkrokem.cz\/fi\/olomouc-lasten-kanssa\/#6_Smetanan_puisto\" >6. Smetanan puisto<\/a><\/li><li class='ez-toc-page-1 ez-toc-heading-level-3'><a class=\"ez-toc-link ez-toc-heading-11\" href=\"https:\/\/loudavymkrokem.cz\/fi\/olomouc-lasten-kanssa\/#7_Bezrucin_puisto_ja_muurit\" >7. Bezru\u010din puisto ja muurit<\/a><\/li><li class='ez-toc-page-1 ez-toc-heading-level-3'><a class=\"ez-toc-link ez-toc-heading-12\" href=\"https:\/\/loudavymkrokem.cz\/fi\/olomouc-lasten-kanssa\/#8_Rozarium\" >8. Roz\u00e1rium<\/a><\/li><li class='ez-toc-page-1 ez-toc-heading-level-3'><a class=\"ez-toc-link ez-toc-heading-13\" href=\"https:\/\/loudavymkrokem.cz\/fi\/olomouc-lasten-kanssa\/#9_Korunni_pevnustka\" >9. Korunn\u00ed pevn\u016fstka<\/a><\/li><li class='ez-toc-page-1 ez-toc-heading-level-3'><a class=\"ez-toc-link ez-toc-heading-14\" href=\"https:\/\/loudavymkrokem.cz\/fi\/olomouc-lasten-kanssa\/#10_Muraalit_ja_katutaide_holvikaytavissa\" >10. Muraalit ja katutaide holvik\u00e4yt\u00e4viss\u00e4<\/a><\/li><\/ul><\/li><li class='ez-toc-page-1 ez-toc-heading-level-2'><a class=\"ez-toc-link ez-toc-heading-15\" href=\"https:\/\/loudavymkrokem.cz\/fi\/olomouc-lasten-kanssa\/#Kun_sataa_leikkipaikat_museot_ja_huvikeskukset\" >Kun sataa: leikkipaikat, museot ja huvikeskukset<\/a><ul class='ez-toc-list-level-3' ><li class='ez-toc-heading-level-3'><a class=\"ez-toc-link ez-toc-heading-16\" href=\"https:\/\/loudavymkrokem.cz\/fi\/olomouc-lasten-kanssa\/#11_Pevnost_poznani\" >11. Pevnost pozn\u00e1n\u00ed<\/a><\/li><li class='ez-toc-page-1 ez-toc-heading-level-3'><a class=\"ez-toc-link ez-toc-heading-17\" href=\"https:\/\/loudavymkrokem.cz\/fi\/olomouc-lasten-kanssa\/#12_JaSam\" >12. J\u00e1S\u00e1m<\/a><\/li><li class='ez-toc-page-1 ez-toc-heading-level-3'><a class=\"ez-toc-link ez-toc-heading-18\" href=\"https:\/\/loudavymkrokem.cz\/fi\/olomouc-lasten-kanssa\/#13_V_lese\" >13. V lese<\/a><\/li><li class='ez-toc-page-1 ez-toc-heading-level-3'><a class=\"ez-toc-link ez-toc-heading-19\" href=\"https:\/\/loudavymkrokem.cz\/fi\/olomouc-lasten-kanssa\/#14_Clovickov\" >14. \u010clov\u00ed\u010dkov<\/a><\/li><li class='ez-toc-page-1 ez-toc-heading-level-3'><a class=\"ez-toc-link ez-toc-heading-20\" href=\"https:\/\/loudavymkrokem.cz\/fi\/olomouc-lasten-kanssa\/#15_Snoezelen_Olomouc\" >15. Snoezelen Olomouc<\/a><\/li><li class='ez-toc-page-1 ez-toc-heading-level-3'><a class=\"ez-toc-link ez-toc-heading-21\" href=\"https:\/\/loudavymkrokem.cz\/fi\/olomouc-lasten-kanssa\/#16_Perhehuvipuisto_Krokodylek\" >16. Perhehuvipuisto Krokod\u00fdlek<\/a><\/li><li class='ez-toc-page-1 ez-toc-heading-level-3'><a class=\"ez-toc-link ez-toc-heading-22\" href=\"https:\/\/loudavymkrokem.cz\/fi\/olomouc-lasten-kanssa\/#17_Amazonie_Olomouc\" >17. Amazonie Olomouc<\/a><\/li><li class='ez-toc-page-1 ez-toc-heading-level-3'><a class=\"ez-toc-link ez-toc-heading-23\" href=\"https:\/\/loudavymkrokem.cz\/fi\/olomouc-lasten-kanssa\/#18_Koysipuisto_PROUD\" >18. K\u00f6ysipuisto PROUD<\/a><\/li><li class='ez-toc-page-1 ez-toc-heading-level-3'><a class=\"ez-toc-link ez-toc-heading-24\" href=\"https:\/\/loudavymkrokem.cz\/fi\/olomouc-lasten-kanssa\/#19_Olomoucin_kotiseutumuseo\" >19. Olomoucin kotiseutumuseo<\/a><\/li><li class='ez-toc-page-1 ez-toc-heading-level-3'><a class=\"ez-toc-link ez-toc-heading-25\" href=\"https:\/\/loudavymkrokem.cz\/fi\/olomouc-lasten-kanssa\/#20_Kummitustalo\" >20. Kummitustalo<\/a><\/li><\/ul><\/li><li class='ez-toc-page-1 ez-toc-heading-level-2'><a class=\"ez-toc-link ez-toc-heading-26\" href=\"https:\/\/loudavymkrokem.cz\/fi\/olomouc-lasten-kanssa\/#Vesi_urheilu_ja_riehuminen\" >Vesi, urheilu ja riehuminen<\/a><ul class='ez-toc-list-level-3' ><li class='ez-toc-heading-level-3'><a class=\"ez-toc-link ez-toc-heading-27\" href=\"https:\/\/loudavymkrokem.cz\/fi\/olomouc-lasten-kanssa\/#21_Aquapark_Olomouc\" >21. Aquapark Olomouc<\/a><\/li><li class='ez-toc-page-1 ez-toc-heading-level-3'><a class=\"ez-toc-link ez-toc-heading-28\" href=\"https:\/\/loudavymkrokem.cz\/fi\/olomouc-lasten-kanssa\/#22_Centrum_Semafor\" >22. Centrum Semafor<\/a><\/li><li class='ez-toc-page-1 ez-toc-heading-level-3'><a class=\"ez-toc-link ez-toc-heading-29\" href=\"https:\/\/loudavymkrokem.cz\/fi\/olomouc-lasten-kanssa\/#23_Koysipuisto_Veverak\" >23. K\u00f6ysipuisto Vever\u00e1k<\/a><\/li><li class='ez-toc-page-1 ez-toc-heading-level-3'><a class=\"ez-toc-link ez-toc-heading-30\" href=\"https:\/\/loudavymkrokem.cz\/fi\/olomouc-lasten-kanssa\/#24_Leikkipuistot_puistoissa\" >24. Leikkipuistot puistoissa<\/a><\/li><\/ul><\/li><li class='ez-toc-page-1 ez-toc-heading-level-2'><a class=\"ez-toc-link ez-toc-heading-31\" href=\"https:\/\/loudavymkrokem.cz\/fi\/olomouc-lasten-kanssa\/#Svaty_Kopecek_elaintarha_ja_koko_paiva_kaupungin_ylla\" >Svat\u00fd Kope\u010dek: el\u00e4intarha ja koko p\u00e4iv\u00e4 kaupungin yll\u00e4<\/a><ul class='ez-toc-list-level-3' ><li class='ez-toc-heading-level-3'><a class=\"ez-toc-link ez-toc-heading-32\" href=\"https:\/\/loudavymkrokem.cz\/fi\/olomouc-lasten-kanssa\/#25_ZOO_Olomouc_Svaty_Kopecekilla\" >25. ZOO Olomouc Svat\u00fd Kope\u010dekilla<\/a><\/li><li class='ez-toc-page-1 ez-toc-heading-level-3'><a class=\"ez-toc-link ez-toc-heading-33\" href=\"https:\/\/loudavymkrokem.cz\/fi\/olomouc-lasten-kanssa\/#26_Nakotorni_elaintarhassa\" >26. N\u00e4k\u00f6torni el\u00e4intarhassa<\/a><\/li><li class='ez-toc-page-1 ez-toc-heading-level-3'><a class=\"ez-toc-link ez-toc-heading-34\" href=\"https:\/\/loudavymkrokem.cz\/fi\/olomouc-lasten-kanssa\/#27_Neitsyt_Marian_ilmestyksen_basilika\" >27. Neitsyt Marian ilmestyksen basilika<\/a><\/li><\/ul><\/li><li class='ez-toc-page-1 ez-toc-heading-level-2'><a class=\"ez-toc-link ez-toc-heading-35\" href=\"https:\/\/loudavymkrokem.cz\/fi\/olomouc-lasten-kanssa\/#Retket_Olomoucista_lasten_kanssa\" >Retket Olomoucista lasten kanssa<\/a><ul class='ez-toc-list-level-3' ><li class='ez-toc-heading-level-3'><a class=\"ez-toc-link ez-toc-heading-36\" href=\"https:\/\/loudavymkrokem.cz\/fi\/olomouc-lasten-kanssa\/#28_DinoPark_ja_ZOO_Park_Vyskov\" >28. DinoPark ja ZOO Park Vy\u0161kov<\/a><\/li><li class='ez-toc-page-1 ez-toc-heading-level-3'><a class=\"ez-toc-link ez-toc-heading-37\" href=\"https:\/\/loudavymkrokem.cz\/fi\/olomouc-lasten-kanssa\/#29_Bouzovin_linna\" >29. Bouzovin linna<\/a><\/li><li class='ez-toc-page-1 ez-toc-heading-level-3'><a class=\"ez-toc-link ez-toc-heading-38\" href=\"https:\/\/loudavymkrokem.cz\/fi\/olomouc-lasten-kanssa\/#30_Mladecin_luolat\" >30. Mlade\u010din luolat<\/a><\/li><li class='ez-toc-page-1 ez-toc-heading-level-3'><a class=\"ez-toc-link ez-toc-heading-39\" href=\"https:\/\/loudavymkrokem.cz\/fi\/olomouc-lasten-kanssa\/#31_Javorickon_luolat\" >31. Javo\u0159\u00ed\u010dkon luolat<\/a><\/li><li class='ez-toc-page-1 ez-toc-heading-level-3'><a class=\"ez-toc-link ez-toc-heading-40\" href=\"https:\/\/loudavymkrokem.cz\/fi\/olomouc-lasten-kanssa\/#32_Olomoucin_tvaruzky-juustomuseo_Losticessa\" >32. Olomoucin tvar\u016f\u017eky-juustomuseo Lo\u0161ticessa<\/a><\/li><li class='ez-toc-page-1 ez-toc-heading-level-3'><a class=\"ez-toc-link ez-toc-heading-41\" href=\"https:\/\/loudavymkrokem.cz\/fi\/olomouc-lasten-kanssa\/#33_Pradedin_lastenmuseo_Bludovissa\" >33. Prad\u011bdin lastenmuseo Bludovissa<\/a><\/li><li class='ez-toc-page-1 ez-toc-heading-level-3'><a class=\"ez-toc-link ez-toc-heading-42\" href=\"https:\/\/loudavymkrokem.cz\/fi\/olomouc-lasten-kanssa\/#34_Fort_Radikov\" >34. Fort Rad\u00edkov<\/a><\/li><\/ul><\/li><li class='ez-toc-page-1 ez-toc-heading-level-2'><a class=\"ez-toc-link ez-toc-heading-43\" href=\"https:\/\/loudavymkrokem.cz\/fi\/olomouc-lasten-kanssa\/#Missa_syoda_lasten_kanssa\" >Miss\u00e4 sy\u00f6d\u00e4 lasten kanssa<\/a><\/li><li class='ez-toc-page-1 ez-toc-heading-level-2'><a class=\"ez-toc-link ez-toc-heading-44\" href=\"https:\/\/loudavymkrokem.cz\/fi\/olomouc-lasten-kanssa\/#Kaytannon_tietoa\" >K\u00e4yt\u00e4nn\u00f6n tietoa<\/a><\/li><li class='ez-toc-page-1 ez-toc-heading-level-2'><a class=\"ez-toc-link ez-toc-heading-45\" href=\"https:\/\/loudavymkrokem.cz\/fi\/olomouc-lasten-kanssa\/#Minne_seuraavaksi\" >Minne seuraavaksi<\/a><\/li><li class='ez-toc-page-1 ez-toc-heading-level-2'><a class=\"ez-toc-link ez-toc-heading-46\" href=\"https:\/\/loudavymkrokem.cz\/fi\/olomouc-lasten-kanssa\/#Usein_kysytyt_kysymykset\" >Usein kysytyt kysymykset<\/a><ul class='ez-toc-list-level-3' ><li class='ez-toc-heading-level-3'><a class=\"ez-toc-link ez-toc-heading-47\" href=\"https:\/\/loudavymkrokem.cz\/fi\/olomouc-lasten-kanssa\/#Minne_Olomoucissa_lasten_kanssa_kun_sataa\" >Minne Olomoucissa lasten kanssa, kun sataa?<\/a><\/li><li class='ez-toc-page-1 ez-toc-heading-level-3'><a class=\"ez-toc-link ez-toc-heading-48\" href=\"https:\/\/loudavymkrokem.cz\/fi\/olomouc-lasten-kanssa\/#Paljonko_Olomoucin_elaintarha_maksaa\" >Paljonko Olomoucin el\u00e4intarha maksaa?<\/a><\/li><li class='ez-toc-page-1 ez-toc-heading-level-3'><a class=\"ez-toc-link ez-toc-heading-49\" href=\"https:\/\/loudavymkrokem.cz\/fi\/olomouc-lasten-kanssa\/#Miten_paasee_Svaty_Kopecekille\" >Miten p\u00e4\u00e4see Svat\u00fd Kope\u010dekille?<\/a><\/li><li class='ez-toc-page-1 ez-toc-heading-level-3'><a class=\"ez-toc-link ez-toc-heading-50\" href=\"https:\/\/loudavymkrokem.cz\/fi\/olomouc-lasten-kanssa\/#Onko_Olomouc_sopiva_lastenvaunujen_kanssa\" >Onko Olomouc sopiva lastenvaunujen kanssa?<\/a><\/li><li class='ez-toc-page-1 ez-toc-heading-level-3'><a class=\"ez-toc-link ez-toc-heading-51\" href=\"https:\/\/loudavymkrokem.cz\/fi\/olomouc-lasten-kanssa\/#Minne_lasten_kanssa_Olomoucissa_ilmaiseksi\" >Minne lasten kanssa Olomoucissa ilmaiseksi?<\/a><\/li><li class='ez-toc-page-1 ez-toc-heading-level-3'><a class=\"ez-toc-link ez-toc-heading-52\" href=\"https:\/\/loudavymkrokem.cz\/fi\/olomouc-lasten-kanssa\/#Montako_paivaa_tarvitsemme_Olomoucissa_lasten_kanssa\" >Montako p\u00e4iv\u00e4\u00e4 tarvitsemme Olomoucissa lasten kanssa?<\/a><\/li><li class='ez-toc-page-1 ez-toc-heading-level-3'><a class=\"ez-toc-link ez-toc-heading-53\" href=\"https:\/\/loudavymkrokem.cz\/fi\/olomouc-lasten-kanssa\/#Minne_retkelle_Olomoucista_lasten_kanssa\" >Minne retkelle Olomoucista lasten kanssa?<\/a><\/li><li class='ez-toc-page-1 ez-toc-heading-level-3'><a class=\"ez-toc-link ez-toc-heading-54\" href=\"https:\/\/loudavymkrokem.cz\/fi\/olomouc-lasten-kanssa\/#Kuinka_kaukana_DinoPark_Vyskov_on_Olomoucista\" >Kuinka kaukana DinoPark Vy\u0161kov on Olomoucista?<\/a><\/li><\/ul><\/li><\/ul><\/nav><\/div>\n<h3 class=\"wp-block-heading\"><span class=\"ez-toc-section\" id=\"Yhteenveto_Olomouc_lasten_kanssa_pahkinankuoressa\"><\/span>Yhteenveto: Olomouc lasten kanssa p\u00e4hkin\u00e4nkuoressa<span class=\"ez-toc-section-end\"><\/span><\/h3>\n\n\n\n<ul class=\"wp-block-list\">\n\n<li><strong>Kauniilla s\u00e4\u00e4ll\u00e4:<\/strong> Tee barokkisuihkul\u00e4hteiden etsint\u00e4leikki keskustassa, j\u00e4\u00e4 odottamaan ep\u00e4tavallisen raatihuoneenkellon keskip\u00e4iv\u00e4n soittoa, suuntaa laajaan Smetanan puistoon tai l\u00e4hde tutkimaan Korunn\u00ed pevn\u016fstka -linnaketta.<\/li>\n\n\n\n<li><strong>Kun sataa:<\/strong> Olomouc on paratiisi sadep\u00e4iville. Sinua odottaa valtava tiedekeskus Pevnost pozn\u00e1n\u00ed, j\u00e4ttim\u00e4inen huvipuisto Krokod\u00fdlek ja aivan ennenn\u00e4kem\u00e4t\u00f6n keskittym\u00e4 ihania lasten leikkipaikkoja aivan keskustassa, joissa on tarjolla erikoiskahvia vanhemmille.<\/li>\n\n\n\n<li><strong>Retkikohteet:<\/strong> Svat\u00fd Kope\u010dek el\u00e4intarhoineen on ehdoton pakko, mutta jos sinulla on auto, harkitse ehdottomasti my\u00f6s fantastista DinoParkia Vy\u0161kovissa tai satumaista Bouzovin linnaa.<\/li>\n\n\n\n<li><strong>Miss\u00e4 y\u00f6py\u00e4:<\/strong> Loistava valinta keskustassa on OREA Hotel Arigone, jossa alle 5,99-vuotiaat lapset y\u00f6pyv\u00e4t ilmaiseksi ja vanhemmat voivat lasten nukahdettua sujahtaa huoneen porealtaaseen.<\/li>\n\n\n\n<li><strong>Montako p\u00e4iv\u00e4\u00e4 tarvitset:<\/strong> Historiallisen ydinkeskustan kiert\u00e4\u00e4 p\u00e4iv\u00e4ss\u00e4, mutta jos haluat n\u00e4hd\u00e4 my\u00f6s el\u00e4intarhan ja nauttia leikkipaikoista tai kylpyl\u00e4st\u00e4, ihanteellisia ovat 2\u20133 p\u00e4iv\u00e4\u00e4.<\/li>\n\n\n<\/ul>\n\n\n\n<h2 class=\"wp-block-heading\"><span class=\"ez-toc-section\" id=\"Milloin_suunnata_Olomouciin_lasten_kanssa\"><\/span>Milloin suunnata Olomouciin lasten kanssa<span class=\"ez-toc-section-end\"><\/span><\/h2>\n\n\n\n<figure data-wp-context=\"{&quot;imageId&quot;:&quot;6a952c5d08ccf&quot;}\" data-wp-interactive=\"core\/image\" data-wp-key=\"6a952c5d08ccf\" class=\"wp-block-image size-full wp-lightbox-container\"><img decoding=\"async\" width=\"2200\" height=\"1467\" data-wp-class--hide=\"state.isContentHidden\" data-wp-class--show=\"state.isContentVisible\" data-wp-init=\"callbacks.setButtonStyles\" data-wp-on--click=\"actions.showLightbox\" data-wp-on--load=\"callbacks.setButtonStyles\" data-wp-on--pointerdown=\"actions.preloadImage\" data-wp-on--pointerenter=\"actions.preloadImageWithDelay\" data-wp-on--pointerleave=\"actions.cancelPreload\" data-wp-on-window--resize=\"callbacks.setButtonStyles\" src=\"https:\/\/loudavymkrokem.cz\/wp-content\/uploads\/2026\/08\/olomouc-s-detmi-namesti-se-stromy.jpg\" alt=\"Barokkitalo ja patsas Olomoucin torilla puiden keskell\u00e4\" class=\"wp-image-401042\" title=\"\" srcset=\"https:\/\/loudavymkrokem.cz\/wp-content\/uploads\/2026\/08\/olomouc-s-detmi-namesti-se-stromy.jpg 2200w, https:\/\/loudavymkrokem.cz\/wp-content\/uploads\/2026\/08\/olomouc-s-detmi-namesti-se-stromy-300x200.jpg 300w, https:\/\/loudavymkrokem.cz\/wp-content\/uploads\/2026\/08\/olomouc-s-detmi-namesti-se-stromy-700x467.jpg 700w, https:\/\/loudavymkrokem.cz\/wp-content\/uploads\/2026\/08\/olomouc-s-detmi-namesti-se-stromy-768x512.jpg 768w, https:\/\/loudavymkrokem.cz\/wp-content\/uploads\/2026\/08\/olomouc-s-detmi-namesti-se-stromy-1536x1024.jpg 1536w, https:\/\/loudavymkrokem.cz\/wp-content\/uploads\/2026\/08\/olomouc-s-detmi-namesti-se-stromy-2048x1366.jpg 2048w, https:\/\/loudavymkrokem.cz\/wp-content\/uploads\/2026\/08\/olomouc-s-detmi-namesti-se-stromy-696x464.jpg 696w, https:\/\/loudavymkrokem.cz\/wp-content\/uploads\/2026\/08\/olomouc-s-detmi-namesti-se-stromy-1392x928.jpg 1392w, https:\/\/loudavymkrokem.cz\/wp-content\/uploads\/2026\/08\/olomouc-s-detmi-namesti-se-stromy-1920x1280.jpg 1920w\" sizes=\"(max-width: 2200px) 100vw, 2200px\" \/><button\n\t\t\tclass=\"lightbox-trigger\"\n\t\t\ttype=\"button\"\n\t\t\taria-haspopup=\"dialog\"\n\t\t\tdata-wp-bind--aria-label=\"state.thisImage.triggerButtonAriaLabel\"\n\t\t\tdata-wp-init=\"callbacks.initTriggerButton\"\n\t\t\tdata-wp-on--click=\"actions.showLightbox\"\n\t\t\tdata-wp-style--right=\"state.thisImage.buttonRight\"\n\t\t\tdata-wp-style--top=\"state.thisImage.buttonTop\"\n\t\t>\n\t\t\t<svg xmlns=\"http:\/\/www.w3.org\/2000\/svg\" width=\"12\" height=\"12\" fill=\"none\" viewBox=\"0 0 12 12\">\n\t\t\t\t<path fill=\"#fff\" d=\"M2 0a2 2 0 0 0-2 2v2h1.5V2a.5.5 0 0 1 .5-.5h2V0H2Zm2 10.5H2a.5.5 0 0 1-.5-.5V8H0v2a2 2 0 0 0 2 2h2v-1.5ZM8 12v-1.5h2a.5.5 0 0 0 .5-.5V8H12v2a2 2 0 0 1-2 2H8Zm2-12a2 2 0 0 1 2 2v2h-1.5V2a.5.5 0 0 0-.5-.5H8V0h2Z\" \/>\n\t\t\t<\/svg>\n\t\t<\/button><figcaption class=\"wp-element-caption\">Rauhalliset Olomoucin torit puineen, joilla voi heng\u00e4ht\u00e4\u00e4 lasten kanssa<\/figcaption><\/figure>\n\n\n\n<p class=\"wp-block-paragraph\">Olomoucin valtava etu on siin\u00e4, ett\u00e4 se on ymp\u00e4rivuotinen kohde, joka ei sulje ovia kes\u00e4loman p\u00e4\u00e4ttyess\u00e4. Milloin t\u00e4nne siis kannattaa suunnata eniten? Se riippuu ennen kaikkea siit\u00e4, mit\u00e4 retkelt\u00e4 odotat ja mink\u00e4 ik\u00e4isi\u00e4 lapsia otat mukaan. Kaikki riippuu siis l\u00e4hinn\u00e4 siit\u00e4, millaisia aktiviteetteja perheen kanssa suosit ja mink\u00e4 ik\u00e4isi\u00e4 lapsukaisia sinulla on mukana.<\/p>\n\n\n\n<p class=\"wp-block-paragraph\">Kev\u00e4t on Olomoucissa aivan taianomainen, erityisesti huhti- ja toukokuu. Jos osut oikeaan viikkoon, koet Bezru\u010din puistossa muurien alla kukkivat magnoliat, mik\u00e4 on n\u00e4ky, joka hurmaa jopa romantiikan vannoutuneet vastustajat, ja hieman kauempana kaunis Roz\u00e1rium alkaa hitaasti her\u00e4t\u00e4 eloon. Kes\u00e4 puolestaan tarjoaa mahdollisuuden vilvoitella paikallisessa kylpyl\u00e4ss\u00e4, viett\u00e4\u00e4 pitki\u00e4 p\u00e4ivi\u00e4 Svat\u00fd Kope\u010dekin el\u00e4intarhassa ja nauttia iltap\u00e4iv\u00e4n k\u00e4velyist\u00e4 tyhjentyneess\u00e4 keskustassa pehmiksen kanssa k\u00e4dess\u00e4.<\/p>\n\n\n\n<p class=\"wp-block-paragraph\">Syksy v\u00e4rj\u00e4\u00e4 Olomoucin laajat puistot kullanhohtoisiksi ja on ihanteellista aikaa museoiden ja sis\u00e4leikkipaikkojen tutkimiseen, joita t\u00e4\u00e4lt\u00e4 l\u00f6ytyy runsain mitoin. Enk\u00e4 saa unohtaa talvea, tarkemmin sanottuna adventtia. Olomoucin joulumarkkinat Horn\u00ed- ja Doln\u00ed n\u00e1m\u011bst\u00ed -toreilla lukeutuvat s\u00e4\u00e4nn\u00f6llisesti koko maan kauneimpiin, t\u00e4\u00e4ll\u00e4 tuoksuu hehkuviini, koristeet syttyv\u00e4t ja lapsille se on aivan satumaista. P\u00e4\u00e4kohteisiin, eli keskustaan ja el\u00e4intarhaan, riitt\u00e4\u00e4 kaksi p\u00e4iv\u00e4\u00e4, mutta jos haluat lis\u00e4t\u00e4 my\u00f6s retki\u00e4 l\u00e4hiymp\u00e4rist\u00f6\u00f6n, varaa rauhassa pidennetty viikonloppu.<\/p>\n\n\n\n<h2 class=\"wp-block-heading\"><span class=\"ez-toc-section\" id=\"Missa_yopya_Olomoucissa_lasten_kanssa\"><\/span>Miss\u00e4 y\u00f6py\u00e4 Olomoucissa lasten kanssa<span class=\"ez-toc-section-end\"><\/span><\/h2>\n\n\n\n<figure data-wp-context=\"{&quot;imageId&quot;:&quot;6a952c5d09391&quot;}\" data-wp-interactive=\"core\/image\" data-wp-key=\"6a952c5d09391\" class=\"wp-block-image size-full wp-lightbox-container\"><img decoding=\"async\" width=\"2200\" height=\"1467\" data-wp-class--hide=\"state.isContentHidden\" data-wp-class--show=\"state.isContentVisible\" data-wp-init=\"callbacks.setButtonStyles\" data-wp-on--click=\"actions.showLightbox\" data-wp-on--load=\"callbacks.setButtonStyles\" data-wp-on--pointerdown=\"actions.preloadImage\" data-wp-on--pointerenter=\"actions.preloadImageWithDelay\" data-wp-on--pointerleave=\"actions.cancelPreload\" data-wp-on-window--resize=\"callbacks.setButtonStyles\" src=\"https:\/\/loudavymkrokem.cz\/wp-content\/uploads\/2026\/08\/olomouc-s-detmi-hotel-arigone-wellness.jpg\" alt=\"Lapsi lepotuolissa Arigone-hotellin wellness-huoneessa Olomoucissa\" class=\"wp-image-401101\" title=\"\" srcset=\"https:\/\/loudavymkrokem.cz\/wp-content\/uploads\/2026\/08\/olomouc-s-detmi-hotel-arigone-wellness.jpg 2200w, https:\/\/loudavymkrokem.cz\/wp-content\/uploads\/2026\/08\/olomouc-s-detmi-hotel-arigone-wellness-300x200.jpg 300w, https:\/\/loudavymkrokem.cz\/wp-content\/uploads\/2026\/08\/olomouc-s-detmi-hotel-arigone-wellness-700x467.jpg 700w, https:\/\/loudavymkrokem.cz\/wp-content\/uploads\/2026\/08\/olomouc-s-detmi-hotel-arigone-wellness-768x512.jpg 768w, https:\/\/loudavymkrokem.cz\/wp-content\/uploads\/2026\/08\/olomouc-s-detmi-hotel-arigone-wellness-1536x1024.jpg 1536w, https:\/\/loudavymkrokem.cz\/wp-content\/uploads\/2026\/08\/olomouc-s-detmi-hotel-arigone-wellness-2048x1366.jpg 2048w, https:\/\/loudavymkrokem.cz\/wp-content\/uploads\/2026\/08\/olomouc-s-detmi-hotel-arigone-wellness-696x464.jpg 696w, https:\/\/loudavymkrokem.cz\/wp-content\/uploads\/2026\/08\/olomouc-s-detmi-hotel-arigone-wellness-1392x928.jpg 1392w, https:\/\/loudavymkrokem.cz\/wp-content\/uploads\/2026\/08\/olomouc-s-detmi-hotel-arigone-wellness-1920x1280.jpg 1920w\" sizes=\"(max-width: 2200px) 100vw, 2200px\" \/><button\n\t\t\tclass=\"lightbox-trigger\"\n\t\t\ttype=\"button\"\n\t\t\taria-haspopup=\"dialog\"\n\t\t\tdata-wp-bind--aria-label=\"state.thisImage.triggerButtonAriaLabel\"\n\t\t\tdata-wp-init=\"callbacks.initTriggerButton\"\n\t\t\tdata-wp-on--click=\"actions.showLightbox\"\n\t\t\tdata-wp-style--right=\"state.thisImage.buttonRight\"\n\t\t\tdata-wp-style--top=\"state.thisImage.buttonTop\"\n\t\t>\n\t\t\t<svg xmlns=\"http:\/\/www.w3.org\/2000\/svg\" width=\"12\" height=\"12\" fill=\"none\" viewBox=\"0 0 12 12\">\n\t\t\t\t<path fill=\"#fff\" d=\"M2 0a2 2 0 0 0-2 2v2h1.5V2a.5.5 0 0 1 .5-.5h2V0H2Zm2 10.5H2a.5.5 0 0 1-.5-.5V8H0v2a2 2 0 0 0 2 2h2v-1.5ZM8 12v-1.5h2a.5.5 0 0 0 .5-.5V8H12v2a2 2 0 0 1-2 2H8Zm2-12a2 2 0 0 1 2 2v2h-1.5V2a.5.5 0 0 0-.5-.5H8V0h2Z\" \/>\n\t\t\t<\/svg>\n\t\t<\/button><figcaption class=\"wp-element-caption\">Arigone-hotellin wellness-huone: lapsi nukahtaa ja vanhemmilla on vihdoin hetki itselleen<\/figcaption><\/figure>\n\n\n\n<p class=\"wp-block-paragraph\">Majoittuminen lasten kanssa historiallisissa kaupungeissa on toisinaan p\u00e4hkin\u00e4 purtavaksi, sill\u00e4 sinun t\u00e4ytyy yhdist\u00e4\u00e4 n\u00e4ht\u00e4vyyksien l\u00e4heisyys mukavuuteen, hyv\u00e4\u00e4n pys\u00e4k\u00f6intiin ja mielell\u00e4\u00e4n my\u00f6s hivenen vanhempien luksusta. Meill\u00e4 oli vierailullamme valtava tuuri hotellin valinnassa, ja t\u00e4ytyy sanoa, ett\u00e4 se teki oleskelusta uskomattoman miellytt\u00e4v\u00e4n.<\/p>\n\n\n\n<p class=\"wp-block-paragraph\">Y\u00f6vyimme <strong>OREA Hotel Arigonessa<\/strong> aivan historiallisessa ydinkeskustassa, ja se oli t\u00e4ysosuma. Se ei tosin ole tyypillinen hotelli \u00e4\u00e4nekk\u00e4ine viihdytysohjelmineen ja maskotteineen aamiaisella, mutta meille vanhemmille se toimi t\u00e4ydellisen\u00e4 terapiana. Meill\u00e4 oli nimitt\u00e4in wellness-huone omalla porealtaalla ja saunalla. Voit varmasti kuvitella sen helpotuksen, kun saimme pikku Jon\u00e1\u0161in illalla vihdoin nukkumaan ja pystyimme Luk\u00e1\u0161in kanssa vajoamaan kuplien keskelle ilman, ett\u00e4 meid\u00e4n tarvitsi poistua huoneesta. Kaiken lis\u00e4ksi t\u00e4\u00e4ll\u00e4 on aivan fantastiset aamiaiset, alle 5,99-vuotiaat lapset y\u00f6pyv\u00e4t t\u00e4ysin ilmaiseksi ja parhaat lasten leikkipaikat ja kahvilat ovat vain muutaman minuutin verkkaisen k\u00e4velyn p\u00e4\u00e4ss\u00e4.<\/p>\n\n\n\n<p class=\"wp-block-paragraph\">\ud83d\udc49 <strong><a href=\"https:\/\/www.stay22.com\/allez\/roam?aid=lukaskonecny&#038;campaign=loudavymkrokemcz&#038;campaign=olomoucsdetmi&#038;hotelname=OREA%20Hotel%20Arigone%20Olomouc&#038;address=Olomouc%2C%20Cesko&#038;category=accommodation\" target=\"_blank\" rel=\"nofollow sponsored noopener\">Tarkista Arigone-hotellin hinnat ja saatavuus<\/a><\/strong> \u00b7 kuvasimme sen yksityiskohtaisesti <a href=\"https:\/\/loudavymkrokem.cz\/orea-hotel-arigone\/\">OREA Hotel Arigone -arvostelussa<\/a>.<\/p>\n\n\n\n<p class=\"wp-block-paragraph\">Jos t\u00e4m\u00e4 hotelli olisi t\u00e4ynn\u00e4, <strong><a href=\"https:\/\/www.stay22.com\/allez\/roam?aid=lukaskonecny&amp;campaign=loudavymkrokemcz&amp;campaign=olomouc-s-detmi&amp;address=Olomouc%2C%20Cesko\" target=\"_blank\" rel=\"nofollow sponsored noopener\">vilkaise muita majoituksia Olomoucissa<\/a><\/strong>, vaihtoehtoja on t\u00e4\u00e4ll\u00e4 paljon. Vanhemmat kehuvat arvosteluissa usein erilaisia keskustaan ripoteltuja perhehuoneistoja, jotka antavat sinulle mahdollisuuden valmistaa oman ruoan, mik\u00e4 on pienten lasten kanssa aina hy\u00f6dyllist\u00e4. Tarkista vain aina majoitusta varatessasi aivan kaupungin syd\u00e4mess\u00e4 huolellisesti, miten pys\u00e4k\u00f6innin laita on, sill\u00e4 k\u00e4velyalueella on tiukat s\u00e4\u00e4nt\u00f6ns\u00e4 ja l\u00e4hialueen yleiset pys\u00e4k\u00f6intipaikat osaavat verottaa perhebudjettia melkoisesti.<\/p>\n\n\n\n<h2 class=\"wp-block-heading\"><span class=\"ez-toc-section\" id=\"Mita_tehda_Olomoucissa_lasten_kanssa_ulkona\"><\/span>Mit\u00e4 tehd\u00e4 Olomoucissa lasten kanssa ulkona<span class=\"ez-toc-section-end\"><\/span><\/h2>\n\n\n\n<p class=\"wp-block-paragraph\">Kun aurinko pilkist\u00e4\u00e4 ja s\u00e4\u00e4 suosii sinua, Olomoucin historiallinen keskusta on yht\u00e4 suurta ulkoleikkikentt\u00e4\u00e4 t\u00e4ynn\u00e4 yll\u00e4tyksi\u00e4. Kyse ei ole vain vanhojen julkisivujen kuivasta katselusta, kaupungissa on leikkis\u00e4 sielu ja paljon sopukoita, jotka viihdytt\u00e4v\u00e4t my\u00f6s pienimpi\u00e4 matkalaisia. Kokosin sinulle kymmenen vinkki\u00e4 ulkoaktiviteeteista, joiden ansiosta <strong>Olomouc lapsille<\/strong> on el\u00e4mys eik\u00e4 rangaistus.<\/p>\n\n\n\n<h3 class=\"wp-block-heading\"><span class=\"ez-toc-section\" id=\"1_Olomoucin_raatihuoneenkello\"><\/span>1. Olomoucin raatihuoneenkello<span class=\"ez-toc-section-end\"><\/span><\/h3>\n\n\n\n<figure data-wp-context=\"{&quot;imageId&quot;:&quot;6a952c5d098a9&quot;}\" data-wp-interactive=\"core\/image\" data-wp-key=\"6a952c5d098a9\" class=\"wp-block-image size-full wp-lightbox-container\"><img decoding=\"async\" width=\"2200\" height=\"1467\" data-wp-class--hide=\"state.isContentHidden\" data-wp-class--show=\"state.isContentVisible\" data-wp-init=\"callbacks.setButtonStyles\" data-wp-on--click=\"actions.showLightbox\" data-wp-on--load=\"callbacks.setButtonStyles\" data-wp-on--pointerdown=\"actions.preloadImage\" data-wp-on--pointerenter=\"actions.preloadImageWithDelay\" data-wp-on--pointerleave=\"actions.cancelPreload\" data-wp-on-window--resize=\"callbacks.setButtonStyles\" src=\"https:\/\/loudavymkrokem.cz\/wp-content\/uploads\/2026\/08\/olomouc-s-detmi-orloj-detail.jpg\" alt=\"Yksityiskohta Olomoucin raatihuoneenkellosta ty\u00f6l\u00e4ishahmoineen ja kellotauluineen\" class=\"wp-image-401020\" title=\"\" srcset=\"https:\/\/loudavymkrokem.cz\/wp-content\/uploads\/2026\/08\/olomouc-s-detmi-orloj-detail.jpg 2200w, https:\/\/loudavymkrokem.cz\/wp-content\/uploads\/2026\/08\/olomouc-s-detmi-orloj-detail-300x200.jpg 300w, https:\/\/loudavymkrokem.cz\/wp-content\/uploads\/2026\/08\/olomouc-s-detmi-orloj-detail-700x467.jpg 700w, https:\/\/loudavymkrokem.cz\/wp-content\/uploads\/2026\/08\/olomouc-s-detmi-orloj-detail-768x512.jpg 768w, https:\/\/loudavymkrokem.cz\/wp-content\/uploads\/2026\/08\/olomouc-s-detmi-orloj-detail-1536x1024.jpg 1536w, https:\/\/loudavymkrokem.cz\/wp-content\/uploads\/2026\/08\/olomouc-s-detmi-orloj-detail-2048x1366.jpg 2048w, https:\/\/loudavymkrokem.cz\/wp-content\/uploads\/2026\/08\/olomouc-s-detmi-orloj-detail-696x464.jpg 696w, https:\/\/loudavymkrokem.cz\/wp-content\/uploads\/2026\/08\/olomouc-s-detmi-orloj-detail-1392x928.jpg 1392w, https:\/\/loudavymkrokem.cz\/wp-content\/uploads\/2026\/08\/olomouc-s-detmi-orloj-detail-1920x1280.jpg 1920w\" sizes=\"(max-width: 2200px) 100vw, 2200px\" \/><button\n\t\t\tclass=\"lightbox-trigger\"\n\t\t\ttype=\"button\"\n\t\t\taria-haspopup=\"dialog\"\n\t\t\tdata-wp-bind--aria-label=\"state.thisImage.triggerButtonAriaLabel\"\n\t\t\tdata-wp-init=\"callbacks.initTriggerButton\"\n\t\t\tdata-wp-on--click=\"actions.showLightbox\"\n\t\t\tdata-wp-style--right=\"state.thisImage.buttonRight\"\n\t\t\tdata-wp-style--top=\"state.thisImage.buttonTop\"\n\t\t>\n\t\t\t<svg xmlns=\"http:\/\/www.w3.org\/2000\/svg\" width=\"12\" height=\"12\" fill=\"none\" viewBox=\"0 0 12 12\">\n\t\t\t\t<path fill=\"#fff\" d=\"M2 0a2 2 0 0 0-2 2v2h1.5V2a.5.5 0 0 1 .5-.5h2V0H2Zm2 10.5H2a.5.5 0 0 1-.5-.5V8H0v2a2 2 0 0 0 2 2h2v-1.5ZM8 12v-1.5h2a.5.5 0 0 0 .5-.5V8H12v2a2 2 0 0 1-2 2H8Zm2-12a2 2 0 0 1 2 2v2h-1.5V2a.5.5 0 0 0-.5-.5H8V0h2Z\" \/>\n\t\t\t<\/svg>\n\t\t<\/button><figcaption class=\"wp-element-caption\">Kellossa marssivat apostolien sijaan ty\u00f6l\u00e4iset. Lapsia se yleens\u00e4 huvittaa.<\/figcaption><\/figure>\n\n\n\n<p class=\"wp-block-paragraph\">Siin\u00e4 miss\u00e4 Prahan raatihuoneenkello n\u00e4ytt\u00e4\u00e4 apostoleja jossain korkealla v\u00e4kijoukkojen yl\u00e4puolella, Olomoucin kellolla Horn\u00ed n\u00e1m\u011bst\u00ed -torilla aivan raatihuoneen sein\u00e4ss\u00e4 on heti kaksi valtavaa etua lapsiperheille. Ensinn\u00e4kin se sijaitsee kauniisti silmien korkeudella, joten pienemm\u00e4tkin lapset n\u00e4kev\u00e4t vaivatta kaikki liikkuvat hahmot, ja toiseksi se on yksinkertaisesti maailmanlaajuinen ainutlaatuisuus. Se on nimitt\u00e4in yksi harvoista maailman raatihuoneenkelloista, joka sodan lopussa tuhoutumisen j\u00e4lkeen rakennettiin vuosina 1947\u20131955 uudelleen sosialistisen realismin hengess\u00e4 Karel Svolinsk\u00fdn suunnitelmien mukaan.<\/p>\n\n\n\n<p class=\"wp-block-paragraph\">Pyhimysten sijaan t\u00e4\u00e4ll\u00e4 n\u00e4et siis marssivan sep\u00e4n, leipurin, kemistin ja muita kunnollisia proletaareja, mik\u00e4 lapsia yleens\u00e4 hurjasti huvittaa, koska he ymm\u00e4rt\u00e4v\u00e4t n\u00e4it\u00e4 ammatteja paremmin kuin historiallisia hahmoja. Koko t\u00e4m\u00e4 loisto l\u00e4htee liikkeelle joka p\u00e4iv\u00e4 <strong>tasan keskip\u00e4iv\u00e4ll\u00e4<\/strong>, joten suunnittele kaupunkik\u00e4velysi niin, ett\u00e4 olet t\u00e4\u00e4ll\u00e4 valmiina ennen kahtatoista.<\/p>\n\n\n\n<h3 class=\"wp-block-heading\"><span class=\"ez-toc-section\" id=\"2_Pyhan_Kolminaisuuden_pylvas\"><\/span>2. Pyh\u00e4n Kolminaisuuden pylv\u00e4s<span class=\"ez-toc-section-end\"><\/span><\/h3>\n\n\n\n<figure data-wp-context=\"{&quot;imageId&quot;:&quot;6a952c5d09cee&quot;}\" data-wp-interactive=\"core\/image\" data-wp-key=\"6a952c5d09cee\" class=\"wp-block-image size-full wp-lightbox-container\"><img decoding=\"async\" width=\"1800\" height=\"1208\" data-wp-class--hide=\"state.isContentHidden\" data-wp-class--show=\"state.isContentVisible\" data-wp-init=\"callbacks.setButtonStyles\" data-wp-on--click=\"actions.showLightbox\" data-wp-on--load=\"callbacks.setButtonStyles\" data-wp-on--pointerdown=\"actions.preloadImage\" data-wp-on--pointerenter=\"actions.preloadImageWithDelay\" data-wp-on--pointerleave=\"actions.cancelPreload\" data-wp-on-window--resize=\"callbacks.setButtonStyles\" src=\"https:\/\/loudavymkrokem.cz\/wp-content\/uploads\/2026\/08\/olomouc-s-detmi-sloup-horni-namesti.jpg\" alt=\"Pyh\u00e4n Kolminaisuuden pylv\u00e4s Horn\u00ed n\u00e1m\u011bst\u00ed -torilla Olomoucissa\" class=\"wp-image-401195\" title=\"\" srcset=\"https:\/\/loudavymkrokem.cz\/wp-content\/uploads\/2026\/08\/olomouc-s-detmi-sloup-horni-namesti.jpg 1800w, https:\/\/loudavymkrokem.cz\/wp-content\/uploads\/2026\/08\/olomouc-s-detmi-sloup-horni-namesti-300x201.jpg 300w, https:\/\/loudavymkrokem.cz\/wp-content\/uploads\/2026\/08\/olomouc-s-detmi-sloup-horni-namesti-700x470.jpg 700w, https:\/\/loudavymkrokem.cz\/wp-content\/uploads\/2026\/08\/olomouc-s-detmi-sloup-horni-namesti-768x515.jpg 768w, https:\/\/loudavymkrokem.cz\/wp-content\/uploads\/2026\/08\/olomouc-s-detmi-sloup-horni-namesti-1536x1031.jpg 1536w, https:\/\/loudavymkrokem.cz\/wp-content\/uploads\/2026\/08\/olomouc-s-detmi-sloup-horni-namesti-696x467.jpg 696w, https:\/\/loudavymkrokem.cz\/wp-content\/uploads\/2026\/08\/olomouc-s-detmi-sloup-horni-namesti-1392x934.jpg 1392w\" sizes=\"(max-width: 1800px) 100vw, 1800px\" \/><button\n\t\t\tclass=\"lightbox-trigger\"\n\t\t\ttype=\"button\"\n\t\t\taria-haspopup=\"dialog\"\n\t\t\tdata-wp-bind--aria-label=\"state.thisImage.triggerButtonAriaLabel\"\n\t\t\tdata-wp-init=\"callbacks.initTriggerButton\"\n\t\t\tdata-wp-on--click=\"actions.showLightbox\"\n\t\t\tdata-wp-style--right=\"state.thisImage.buttonRight\"\n\t\t\tdata-wp-style--top=\"state.thisImage.buttonTop\"\n\t\t>\n\t\t\t<svg xmlns=\"http:\/\/www.w3.org\/2000\/svg\" width=\"12\" height=\"12\" fill=\"none\" viewBox=\"0 0 12 12\">\n\t\t\t\t<path fill=\"#fff\" d=\"M2 0a2 2 0 0 0-2 2v2h1.5V2a.5.5 0 0 1 .5-.5h2V0H2Zm2 10.5H2a.5.5 0 0 1-.5-.5V8H0v2a2 2 0 0 0 2 2h2v-1.5ZM8 12v-1.5h2a.5.5 0 0 0 .5-.5V8H12v2a2 2 0 0 1-2 2H8Zm2-12a2 2 0 0 1 2 2v2h-1.5V2a.5.5 0 0 0-.5-.5H8V0h2Z\" \/>\n\t\t\t<\/svg>\n\t\t<\/button><figcaption class=\"wp-element-caption\">Pyh\u00e4n Kolminaisuuden pylv\u00e4s on Keski-Euroopan suurin barokkiveistosryhm\u00e4<\/figcaption><\/figure>\n\n\n\n<p class=\"wp-block-paragraph\">Aivan kellon vieress\u00e4 Horn\u00ed n\u00e1m\u011bst\u00ed -torilla kohoaa muistomerkki, jonka ohittaminen olisi synti, sill\u00e4 se on ollut <strong>UNESCON listalla vuodesta 2000<\/strong>. Kyseess\u00e4 on valtava, noin 32 metri\u00e4 korkea ruttopylv\u00e4s, joka on koko Keski-Euroopan suurin yhten\u00e4 veistoksena toteutettu barokkiveistosryhm\u00e4.<\/p>\n\n\n\n<p class=\"wp-block-paragraph\">Lapsille pylv\u00e4\u00e4n pelkk\u00e4 koko tekee valtavan vaikutuksen, ja mik\u00e4 parasta, sen mahtavan jalustan sis\u00e4\u00e4n k\u00e4tkeytyy pieni kappeli. Vaikka sis\u00e4\u00e4n ei p\u00e4\u00e4se tavallisesti milloin tahansa, jo pelkk\u00e4 tieto siit\u00e4, ett\u00e4 &#8220;isoon pylv\u00e4\u00e4seen on piilotettu pikkutalo&#8221;, vaikuttaa lasten mielikuvitukseen aivan luotettavasti.<\/p>\n\n\n\n<h3 class=\"wp-block-heading\"><span class=\"ez-toc-section\" id=\"3_Barokkisuihkulahteiden_etsintaleikki\"><\/span>3. Barokkisuihkul\u00e4hteiden etsint\u00e4leikki<span class=\"ez-toc-section-end\"><\/span><\/h3>\n\n\n\n<figure data-wp-context=\"{&quot;imageId&quot;:&quot;6a952c5d0a0ac&quot;}\" data-wp-interactive=\"core\/image\" data-wp-key=\"6a952c5d0a0ac\" class=\"wp-block-image size-full wp-lightbox-container\"><img decoding=\"async\" width=\"2200\" height=\"1467\" data-wp-class--hide=\"state.isContentHidden\" data-wp-class--show=\"state.isContentVisible\" data-wp-init=\"callbacks.setButtonStyles\" data-wp-on--click=\"actions.showLightbox\" data-wp-on--load=\"callbacks.setButtonStyles\" data-wp-on--pointerdown=\"actions.preloadImage\" data-wp-on--pointerenter=\"actions.preloadImageWithDelay\" data-wp-on--pointerleave=\"actions.cancelPreload\" data-wp-on-window--resize=\"callbacks.setButtonStyles\" src=\"https:\/\/loudavymkrokem.cz\/wp-content\/uploads\/2026\/08\/olomouc-s-detmi-caesarova-kasna.jpg\" alt=\"Caesarin suihkul\u00e4hde Horn\u00ed n\u00e1m\u011bst\u00ed -torilla Olomoucissa\" class=\"wp-image-401030\" title=\"\" srcset=\"https:\/\/loudavymkrokem.cz\/wp-content\/uploads\/2026\/08\/olomouc-s-detmi-caesarova-kasna.jpg 2200w, https:\/\/loudavymkrokem.cz\/wp-content\/uploads\/2026\/08\/olomouc-s-detmi-caesarova-kasna-300x200.jpg 300w, https:\/\/loudavymkrokem.cz\/wp-content\/uploads\/2026\/08\/olomouc-s-detmi-caesarova-kasna-700x467.jpg 700w, https:\/\/loudavymkrokem.cz\/wp-content\/uploads\/2026\/08\/olomouc-s-detmi-caesarova-kasna-768x512.jpg 768w, https:\/\/loudavymkrokem.cz\/wp-content\/uploads\/2026\/08\/olomouc-s-detmi-caesarova-kasna-1536x1024.jpg 1536w, https:\/\/loudavymkrokem.cz\/wp-content\/uploads\/2026\/08\/olomouc-s-detmi-caesarova-kasna-2048x1366.jpg 2048w, https:\/\/loudavymkrokem.cz\/wp-content\/uploads\/2026\/08\/olomouc-s-detmi-caesarova-kasna-696x464.jpg 696w, https:\/\/loudavymkrokem.cz\/wp-content\/uploads\/2026\/08\/olomouc-s-detmi-caesarova-kasna-1392x928.jpg 1392w, https:\/\/loudavymkrokem.cz\/wp-content\/uploads\/2026\/08\/olomouc-s-detmi-caesarova-kasna-1920x1280.jpg 1920w\" sizes=\"(max-width: 2200px) 100vw, 2200px\" \/><button\n\t\t\tclass=\"lightbox-trigger\"\n\t\t\ttype=\"button\"\n\t\t\taria-haspopup=\"dialog\"\n\t\t\tdata-wp-bind--aria-label=\"state.thisImage.triggerButtonAriaLabel\"\n\t\t\tdata-wp-init=\"callbacks.initTriggerButton\"\n\t\t\tdata-wp-on--click=\"actions.showLightbox\"\n\t\t\tdata-wp-style--right=\"state.thisImage.buttonRight\"\n\t\t\tdata-wp-style--top=\"state.thisImage.buttonTop\"\n\t\t>\n\t\t\t<svg xmlns=\"http:\/\/www.w3.org\/2000\/svg\" width=\"12\" height=\"12\" fill=\"none\" viewBox=\"0 0 12 12\">\n\t\t\t\t<path fill=\"#fff\" d=\"M2 0a2 2 0 0 0-2 2v2h1.5V2a.5.5 0 0 1 .5-.5h2V0H2Zm2 10.5H2a.5.5 0 0 1-.5-.5V8H0v2a2 2 0 0 0 2 2h2v-1.5ZM8 12v-1.5h2a.5.5 0 0 0 .5-.5V8H12v2a2 2 0 0 1-2 2H8Zm2-12a2 2 0 0 1 2 2v2h-1.5V2a.5.5 0 0 0-.5-.5H8V0h2Z\" \/>\n\t\t\t<\/svg>\n\t\t<\/button><figcaption class=\"wp-element-caption\">Caesarin suihkul\u00e4hde Horn\u00ed n\u00e1m\u011bst\u00ed -torilla. Etsi hevosen alta koira, kaupungin uskollisuuden symboli.<\/figcaption><\/figure>\n\n\n\n<p class=\"wp-block-paragraph\">T\u00e4m\u00e4 on mielest\u00e4ni kaikkein paras tapa kuljettaa lapset koko historiallisen keskustan l\u00e4pi niin, etteiv\u00e4t he edes huomaa &#8220;kiertelev\u00e4ns\u00e4 n\u00e4ht\u00e4vyyksi\u00e4&#8221;. Olomoucissa on nimitt\u00e4in T\u0161ekin ainoa n\u00e4in laaja s\u00e4ilynyt barokkisuihkul\u00e4hteiden kokonaisuus, ja siit\u00e4 voit tehd\u00e4 mainion perheleikin.<\/p>\n\n\n\n<p class=\"wp-block-paragraph\">Jaa lapsille kartta ja anna heid\u00e4n etsi\u00e4 vuodelta 1683 per\u00e4isin oleva Neptunuksen suihkul\u00e4hde, joka on kaikkein vanhin, Herkuleen, Jupiterin, Merkuriuksen, Tritonien suihkul\u00e4hteet ja majesteettinen <strong>Caesarin suihkul\u00e4hde<\/strong>, jonka luota t\u00e4ytyy l\u00f6yt\u00e4\u00e4 hevosen alta koira, joka symboloi kaupungin uskollisuutta hallitsijalle. Lasten ehdoton hitti on kuitenkin moderni <strong>Arionin suihkul\u00e4hde<\/strong> vuodelta 2002, kuvanveist\u00e4j\u00e4 Ivan Theimerin k\u00e4sialaa. Sen osana on nimitt\u00e4in suuri pronssinen <strong>kilpikonna<\/strong>, jonka luona pys\u00e4htyy kai jokainen ohi kulkeva lapsi.<\/p>\n\n\n\n<h3 class=\"wp-block-heading\"><span class=\"ez-toc-section\" id=\"4_Raatihuoneen_torni\"><\/span>4. Raatihuoneen torni<span class=\"ez-toc-section-end\"><\/span><\/h3>\n\n\n\n<figure data-wp-context=\"{&quot;imageId&quot;:&quot;6a952c5d0a560&quot;}\" data-wp-interactive=\"core\/image\" data-wp-key=\"6a952c5d0a560\" class=\"wp-block-image size-full wp-lightbox-container\"><img decoding=\"async\" width=\"2200\" height=\"1467\" data-wp-class--hide=\"state.isContentHidden\" data-wp-class--show=\"state.isContentVisible\" data-wp-init=\"callbacks.setButtonStyles\" data-wp-on--click=\"actions.showLightbox\" data-wp-on--load=\"callbacks.setButtonStyles\" data-wp-on--pointerdown=\"actions.preloadImage\" data-wp-on--pointerenter=\"actions.preloadImageWithDelay\" data-wp-on--pointerleave=\"actions.cancelPreload\" data-wp-on-window--resize=\"callbacks.setButtonStyles\" src=\"https:\/\/loudavymkrokem.cz\/wp-content\/uploads\/2026\/08\/olomouc-s-detmi-radnice-orloj.jpg\" alt=\"Olomoucin raatihuone raatihuoneenkelloineen Horn\u00ed n\u00e1m\u011bst\u00ed -torilla\" class=\"wp-image-401026\" title=\"\" srcset=\"https:\/\/loudavymkrokem.cz\/wp-content\/uploads\/2026\/08\/olomouc-s-detmi-radnice-orloj.jpg 2200w, https:\/\/loudavymkrokem.cz\/wp-content\/uploads\/2026\/08\/olomouc-s-detmi-radnice-orloj-300x200.jpg 300w, https:\/\/loudavymkrokem.cz\/wp-content\/uploads\/2026\/08\/olomouc-s-detmi-radnice-orloj-700x467.jpg 700w, https:\/\/loudavymkrokem.cz\/wp-content\/uploads\/2026\/08\/olomouc-s-detmi-radnice-orloj-768x512.jpg 768w, https:\/\/loudavymkrokem.cz\/wp-content\/uploads\/2026\/08\/olomouc-s-detmi-radnice-orloj-1536x1024.jpg 1536w, https:\/\/loudavymkrokem.cz\/wp-content\/uploads\/2026\/08\/olomouc-s-detmi-radnice-orloj-2048x1366.jpg 2048w, https:\/\/loudavymkrokem.cz\/wp-content\/uploads\/2026\/08\/olomouc-s-detmi-radnice-orloj-696x464.jpg 696w, https:\/\/loudavymkrokem.cz\/wp-content\/uploads\/2026\/08\/olomouc-s-detmi-radnice-orloj-1392x928.jpg 1392w, https:\/\/loudavymkrokem.cz\/wp-content\/uploads\/2026\/08\/olomouc-s-detmi-radnice-orloj-1920x1280.jpg 1920w\" sizes=\"(max-width: 2200px) 100vw, 2200px\" \/><button\n\t\t\tclass=\"lightbox-trigger\"\n\t\t\ttype=\"button\"\n\t\t\taria-haspopup=\"dialog\"\n\t\t\tdata-wp-bind--aria-label=\"state.thisImage.triggerButtonAriaLabel\"\n\t\t\tdata-wp-init=\"callbacks.initTriggerButton\"\n\t\t\tdata-wp-on--click=\"actions.showLightbox\"\n\t\t\tdata-wp-style--right=\"state.thisImage.buttonRight\"\n\t\t\tdata-wp-style--top=\"state.thisImage.buttonTop\"\n\t\t>\n\t\t\t<svg xmlns=\"http:\/\/www.w3.org\/2000\/svg\" width=\"12\" height=\"12\" fill=\"none\" viewBox=\"0 0 12 12\">\n\t\t\t\t<path fill=\"#fff\" d=\"M2 0a2 2 0 0 0-2 2v2h1.5V2a.5.5 0 0 1 .5-.5h2V0H2Zm2 10.5H2a.5.5 0 0 1-.5-.5V8H0v2a2 2 0 0 0 2 2h2v-1.5ZM8 12v-1.5h2a.5.5 0 0 0 .5-.5V8H12v2a2 2 0 0 1-2 2H8Zm2-12a2 2 0 0 1 2 2v2h-1.5V2a.5.5 0 0 0-.5-.5H8V0h2Z\" \/>\n\t\t\t<\/svg>\n\t\t<\/button><figcaption class=\"wp-element-caption\">Raatihuone kelloineen ja tornineen, jonne voi nousta oppaan kanssa<\/figcaption><\/figure>\n\n\n\n<p class=\"wp-block-paragraph\">Jos sinulla on mukana hieman isompia lapsia, jotka jaksavat jo kiivet\u00e4 muutaman portaan, \u00e4l\u00e4 miss\u00e4\u00e4n tapauksessa j\u00e4t\u00e4 v\u00e4liin n\u00e4kym\u00e4\u00e4 kaupunkiin lintuperspektiivist\u00e4. Raatihuoneen torni on kunnioitettavat 75 metri\u00e4 korkea ja kohoaa aivan Horn\u00ed n\u00e1m\u011bst\u00ed -torin yll\u00e4, heti kuuluisan kellon vieress\u00e4.<\/p>\n\n\n\n<p class=\"wp-block-paragraph\">Nousu tapahtuu kausiluontoisesti ja aina oppaan kanssa, joten saat kuulla my\u00f6s jotain mielenkiintoista historiasta. N\u00e4kym\u00e4 kiertok\u00e4yt\u00e4v\u00e4lt\u00e4 on aivan henke\u00e4salpaava, n\u00e4et sielt\u00e4 kaikki punaiset katot, sokkeloiset kujat ja ymp\u00e4r\u00f6iv\u00e4t kukkulat, mik\u00e4 ehdottomasti tekee jalkojen ponnistuksen vaivan arvoiseksi.<\/p>\n\n\n\n<h3 class=\"wp-block-heading\"><span class=\"ez-toc-section\" id=\"5_Pyhan_Mauritiuksen_kirkko_ja_tornin_valloitus\"><\/span>5. Pyh\u00e4n Mauritiuksen kirkko ja tornin valloitus<span class=\"ez-toc-section-end\"><\/span><\/h3>\n\n\n\n<figure data-wp-context=\"{&quot;imageId&quot;:&quot;6a952c5d0abc4&quot;}\" data-wp-interactive=\"core\/image\" data-wp-key=\"6a952c5d0abc4\" class=\"wp-block-image size-full wp-lightbox-container\"><img decoding=\"async\" width=\"1467\" height=\"2200\" data-wp-class--hide=\"state.isContentHidden\" data-wp-class--show=\"state.isContentVisible\" data-wp-init=\"callbacks.setButtonStyles\" data-wp-on--click=\"actions.showLightbox\" data-wp-on--load=\"callbacks.setButtonStyles\" data-wp-on--pointerdown=\"actions.preloadImage\" data-wp-on--pointerenter=\"actions.preloadImageWithDelay\" data-wp-on--pointerleave=\"actions.cancelPreload\" data-wp-on-window--resize=\"callbacks.setButtonStyles\" src=\"https:\/\/loudavymkrokem.cz\/wp-content\/uploads\/2026\/08\/olomouc-s-detmi-ulicka-s-vezi.jpg\" alt=\"Olomoucin kuja kirkontornin siint\u00e4ess\u00e4 taustalla\" class=\"wp-image-401159\" title=\"\" srcset=\"https:\/\/loudavymkrokem.cz\/wp-content\/uploads\/2026\/08\/olomouc-s-detmi-ulicka-s-vezi.jpg 1467w, https:\/\/loudavymkrokem.cz\/wp-content\/uploads\/2026\/08\/olomouc-s-detmi-ulicka-s-vezi-200x300.jpg 200w, https:\/\/loudavymkrokem.cz\/wp-content\/uploads\/2026\/08\/olomouc-s-detmi-ulicka-s-vezi-700x1050.jpg 700w, https:\/\/loudavymkrokem.cz\/wp-content\/uploads\/2026\/08\/olomouc-s-detmi-ulicka-s-vezi-768x1152.jpg 768w, https:\/\/loudavymkrokem.cz\/wp-content\/uploads\/2026\/08\/olomouc-s-detmi-ulicka-s-vezi-1024x1536.jpg 1024w, https:\/\/loudavymkrokem.cz\/wp-content\/uploads\/2026\/08\/olomouc-s-detmi-ulicka-s-vezi-1366x2048.jpg 1366w, https:\/\/loudavymkrokem.cz\/wp-content\/uploads\/2026\/08\/olomouc-s-detmi-ulicka-s-vezi-696x1044.jpg 696w, https:\/\/loudavymkrokem.cz\/wp-content\/uploads\/2026\/08\/olomouc-s-detmi-ulicka-s-vezi-1392x2088.jpg 1392w\" sizes=\"(max-width: 1467px) 100vw, 1467px\" \/><button\n\t\t\tclass=\"lightbox-trigger\"\n\t\t\ttype=\"button\"\n\t\t\taria-haspopup=\"dialog\"\n\t\t\tdata-wp-bind--aria-label=\"state.thisImage.triggerButtonAriaLabel\"\n\t\t\tdata-wp-init=\"callbacks.initTriggerButton\"\n\t\t\tdata-wp-on--click=\"actions.showLightbox\"\n\t\t\tdata-wp-style--right=\"state.thisImage.buttonRight\"\n\t\t\tdata-wp-style--top=\"state.thisImage.buttonTop\"\n\t\t>\n\t\t\t<svg xmlns=\"http:\/\/www.w3.org\/2000\/svg\" width=\"12\" height=\"12\" fill=\"none\" viewBox=\"0 0 12 12\">\n\t\t\t\t<path fill=\"#fff\" d=\"M2 0a2 2 0 0 0-2 2v2h1.5V2a.5.5 0 0 1 .5-.5h2V0H2Zm2 10.5H2a.5.5 0 0 1-.5-.5V8H0v2a2 2 0 0 0 2 2h2v-1.5ZM8 12v-1.5h2a.5.5 0 0 0 .5-.5V8H12v2a2 2 0 0 1-2 2H8Zm2-12a2 2 0 0 1 2 2v2h-1.5V2a.5.5 0 0 0-.5-.5H8V0h2Z\" \/>\n\t\t\t<\/svg>\n\t\t<\/button><figcaption class=\"wp-element-caption\">Kirkontornit pilkist\u00e4v\u00e4t Olomoucin kujien yll\u00e4 l\u00e4hes joka kulmassa<\/figcaption><\/figure>\n\n\n\n<p class=\"wp-block-paragraph\">Viel\u00e4 paremman n\u00e4kym\u00e4n tarjoaa kuulemma Pyh\u00e4n Mauritiuksen kirkon torni, joka on 46 metri\u00e4 korkea ja jonne johtaa kaunis vanha kierreportaikko, joka itsess\u00e4\u00e4n vaikuttaa hieman kuin seikkailuelokuvasta. Auki t\u00e4\u00e4ll\u00e4 on suunnilleen toukokuusta syyskuuhun ja vain hyv\u00e4ll\u00e4 s\u00e4\u00e4ll\u00e4, jotta se olisi turvallista.<\/p>\n\n\n\n<p class=\"wp-block-paragraph\">Mainion n\u00e4k\u00f6alan lis\u00e4ksi t\u00e4ll\u00e4 kirkolla on viel\u00e4 yksi suuri houkutin. Sen sis\u00e4\u00e4n k\u00e4tkeytyv\u00e4t nimitt\u00e4in <strong>Keski-Euroopan suurimmat urut<\/strong>. Jos sinulla on tuuria ja joku juuri harjoittelee tai k\u00e4ynniss\u00e4 on konsertti, tuo majesteettinen \u00e4\u00e4ni, joka kaikuu kirkon valtavassa laivassa, naulitsee sinut varmasti paikoillesi.<\/p>\n\n\n\n<h3 class=\"wp-block-heading\"><span class=\"ez-toc-section\" id=\"6_Smetanan_puisto\"><\/span>6. Smetanan puisto<span class=\"ez-toc-section-end\"><\/span><\/h3>\n\n\n\n<figure data-wp-context=\"{&quot;imageId&quot;:&quot;6a952c5d0b270&quot;}\" data-wp-interactive=\"core\/image\" data-wp-key=\"6a952c5d0b270\" class=\"wp-block-image size-full wp-lightbox-container\"><img decoding=\"async\" width=\"1350\" height=\"1800\" data-wp-class--hide=\"state.isContentHidden\" data-wp-class--show=\"state.isContentVisible\" data-wp-init=\"callbacks.setButtonStyles\" data-wp-on--click=\"actions.showLightbox\" data-wp-on--load=\"callbacks.setButtonStyles\" data-wp-on--pointerdown=\"actions.preloadImage\" data-wp-on--pointerenter=\"actions.preloadImageWithDelay\" data-wp-on--pointerleave=\"actions.cancelPreload\" data-wp-on-window--resize=\"callbacks.setButtonStyles\" src=\"https:\/\/loudavymkrokem.cz\/wp-content\/uploads\/2026\/08\/olomouc-s-detmi-smetanovy-sady.jpg\" alt=\"Puistok\u00e4yt\u00e4v\u00e4 ja kukkapenkit Smetanan puistossa Olomoucissa\" class=\"wp-image-401155\" title=\"\" srcset=\"https:\/\/loudavymkrokem.cz\/wp-content\/uploads\/2026\/08\/olomouc-s-detmi-smetanovy-sady.jpg 1350w, https:\/\/loudavymkrokem.cz\/wp-content\/uploads\/2026\/08\/olomouc-s-detmi-smetanovy-sady-225x300.jpg 225w, https:\/\/loudavymkrokem.cz\/wp-content\/uploads\/2026\/08\/olomouc-s-detmi-smetanovy-sady-700x933.jpg 700w, https:\/\/loudavymkrokem.cz\/wp-content\/uploads\/2026\/08\/olomouc-s-detmi-smetanovy-sady-768x1024.jpg 768w, https:\/\/loudavymkrokem.cz\/wp-content\/uploads\/2026\/08\/olomouc-s-detmi-smetanovy-sady-1152x1536.jpg 1152w, https:\/\/loudavymkrokem.cz\/wp-content\/uploads\/2026\/08\/olomouc-s-detmi-smetanovy-sady-696x928.jpg 696w\" sizes=\"(max-width: 1350px) 100vw, 1350px\" \/><button\n\t\t\tclass=\"lightbox-trigger\"\n\t\t\ttype=\"button\"\n\t\t\taria-haspopup=\"dialog\"\n\t\t\tdata-wp-bind--aria-label=\"state.thisImage.triggerButtonAriaLabel\"\n\t\t\tdata-wp-init=\"callbacks.initTriggerButton\"\n\t\t\tdata-wp-on--click=\"actions.showLightbox\"\n\t\t\tdata-wp-style--right=\"state.thisImage.buttonRight\"\n\t\t\tdata-wp-style--top=\"state.thisImage.buttonTop\"\n\t\t>\n\t\t\t<svg xmlns=\"http:\/\/www.w3.org\/2000\/svg\" width=\"12\" height=\"12\" fill=\"none\" viewBox=\"0 0 12 12\">\n\t\t\t\t<path fill=\"#fff\" d=\"M2 0a2 2 0 0 0-2 2v2h1.5V2a.5.5 0 0 1 .5-.5h2V0H2Zm2 10.5H2a.5.5 0 0 1-.5-.5V8H0v2a2 2 0 0 0 2 2h2v-1.5ZM8 12v-1.5h2a.5.5 0 0 0 .5-.5V8H12v2a2 2 0 0 1-2 2H8Zm2-12a2 2 0 0 1 2 2v2h-1.5V2a.5.5 0 0 0-.5-.5H8V0h2Z\" \/>\n\t\t\t<\/svg>\n\t\t<\/button><figcaption class=\"wp-element-caption\">Smetanan puiston leve\u00e4t k\u00e4yt\u00e4v\u00e4t ovat ihanteellisia potkupy\u00f6rille ja rattaille<\/figcaption><\/figure>\n\n\n\n<p class=\"wp-block-paragraph\">Kun kaikilla on jo tarpeeksi mukulakivi\u00e4 ja sinun t\u00e4ytyy antaa lasten hieman juoksennella, suuntaa Smetanan puistoon. Se on laaja ja upeasti hoidettu puisto vain v\u00e4h\u00e4n matkan p\u00e4\u00e4ss\u00e4 itse keskustasta, joka voi ylpeill\u00e4 kartoilla loistavalla arvosanalla 4,6 t\u00e4hte\u00e4. T\u00e4\u00e4lt\u00e4 l\u00f6yd\u00e4t paljon tuuheita puita, jotka tarjoavat siunauksellista varjoa kuumina kes\u00e4p\u00e4ivin\u00e4, ja loputtomia asfalttipolkuja, jotka ovat ihanteellisia potkupy\u00f6r\u00e4ilyyn.<\/p>\n\n\n\n<p class=\"wp-block-paragraph\">T\u00e4\u00e4ll\u00e4 on valtava rauha ja tilaa piknikille nurmikolla. Vanhemmat kuitenkin varoittavat arvosteluissa usein rehellisesti yhdest\u00e4 pienest\u00e4 haitasta, sill\u00e4 n\u00e4in valtavaan puistoon on k\u00e4ytett\u00e4viss\u00e4 vain yksi ainoa leikkipuisto, joten ruuhka-aikoina siin\u00e4 voi olla melkoinen tungos.<\/p>\n\n\n\n<h3 class=\"wp-block-heading\"><span class=\"ez-toc-section\" id=\"7_Bezrucin_puisto_ja_muurit\"><\/span>7. Bezru\u010din puisto ja muurit<span class=\"ez-toc-section-end\"><\/span><\/h3>\n\n\n\n<figure data-wp-context=\"{&quot;imageId&quot;:&quot;6a952c5d0b862&quot;}\" data-wp-interactive=\"core\/image\" data-wp-key=\"6a952c5d0b862\" class=\"wp-block-image size-full wp-lightbox-container\"><img decoding=\"async\" width=\"1800\" height=\"1350\" data-wp-class--hide=\"state.isContentHidden\" data-wp-class--show=\"state.isContentVisible\" data-wp-init=\"callbacks.setButtonStyles\" data-wp-on--click=\"actions.showLightbox\" data-wp-on--load=\"callbacks.setButtonStyles\" data-wp-on--pointerdown=\"actions.preloadImage\" data-wp-on--pointerenter=\"actions.preloadImageWithDelay\" data-wp-on--pointerleave=\"actions.cancelPreload\" data-wp-on-window--resize=\"callbacks.setButtonStyles\" src=\"https:\/\/loudavymkrokem.cz\/wp-content\/uploads\/2026\/08\/olomouc-s-detmi-bezrucovy-sady.jpg\" alt=\"Kaupunginmuurit pikkutornineen Bezru\u010din puistossa Olomoucissa\" class=\"wp-image-401121\" title=\"\" srcset=\"https:\/\/loudavymkrokem.cz\/wp-content\/uploads\/2026\/08\/olomouc-s-detmi-bezrucovy-sady.jpg 1800w, https:\/\/loudavymkrokem.cz\/wp-content\/uploads\/2026\/08\/olomouc-s-detmi-bezrucovy-sady-300x225.jpg 300w, https:\/\/loudavymkrokem.cz\/wp-content\/uploads\/2026\/08\/olomouc-s-detmi-bezrucovy-sady-700x525.jpg 700w, https:\/\/loudavymkrokem.cz\/wp-content\/uploads\/2026\/08\/olomouc-s-detmi-bezrucovy-sady-768x576.jpg 768w, https:\/\/loudavymkrokem.cz\/wp-content\/uploads\/2026\/08\/olomouc-s-detmi-bezrucovy-sady-1536x1152.jpg 1536w, https:\/\/loudavymkrokem.cz\/wp-content\/uploads\/2026\/08\/olomouc-s-detmi-bezrucovy-sady-80x60.jpg 80w, https:\/\/loudavymkrokem.cz\/wp-content\/uploads\/2026\/08\/olomouc-s-detmi-bezrucovy-sady-160x120.jpg 160w, https:\/\/loudavymkrokem.cz\/wp-content\/uploads\/2026\/08\/olomouc-s-detmi-bezrucovy-sady-696x522.jpg 696w, https:\/\/loudavymkrokem.cz\/wp-content\/uploads\/2026\/08\/olomouc-s-detmi-bezrucovy-sady-1392x1044.jpg 1392w\" sizes=\"(max-width: 1800px) 100vw, 1800px\" \/><button\n\t\t\tclass=\"lightbox-trigger\"\n\t\t\ttype=\"button\"\n\t\t\taria-haspopup=\"dialog\"\n\t\t\tdata-wp-bind--aria-label=\"state.thisImage.triggerButtonAriaLabel\"\n\t\t\tdata-wp-init=\"callbacks.initTriggerButton\"\n\t\t\tdata-wp-on--click=\"actions.showLightbox\"\n\t\t\tdata-wp-style--right=\"state.thisImage.buttonRight\"\n\t\t\tdata-wp-style--top=\"state.thisImage.buttonTop\"\n\t\t>\n\t\t\t<svg xmlns=\"http:\/\/www.w3.org\/2000\/svg\" width=\"12\" height=\"12\" fill=\"none\" viewBox=\"0 0 12 12\">\n\t\t\t\t<path fill=\"#fff\" d=\"M2 0a2 2 0 0 0-2 2v2h1.5V2a.5.5 0 0 1 .5-.5h2V0H2Zm2 10.5H2a.5.5 0 0 1-.5-.5V8H0v2a2 2 0 0 0 2 2h2v-1.5ZM8 12v-1.5h2a.5.5 0 0 0 .5-.5V8H12v2a2 2 0 0 1-2 2H8Zm2-12a2 2 0 0 1 2 2v2h-1.5V2a.5.5 0 0 0-.5-.5H8V0h2Z\" \/>\n\t\t\t<\/svg>\n\t\t<\/button><figcaption class=\"wp-element-caption\">Muurit pikkutornineen Bezru\u010din puistossa, ihanteellinen kulissi ritarileikeille<\/figcaption><\/figure>\n\n\n\n<p class=\"wp-block-paragraph\">Aivan Smetanan puiston n\u00e4k\u00f6et\u00e4isyydell\u00e4, vanhojen kaupunginmuurien alla kulkevana, sijaitsee Bezru\u010din puisto. Jos suuntaat t\u00e4nne kev\u00e4\u00e4ll\u00e4, koet uskomattoman n\u00e4ytelm\u00e4n, sill\u00e4 koko puiston sytytt\u00e4v\u00e4t upeasti kukkivat magnoliat, joiden alla kuvaa itse\u00e4\u00e4n kai jokainen kaupungin vierailija.<\/p>\n\n\n\n<p class=\"wp-block-paragraph\">Lapsille on t\u00e4\u00e4ll\u00e4 loistavana vetonaulana opastettu polku, joka johtaa vanhojen barokkilinnakkeiden vartta pitkin. T\u00e4\u00e4ll\u00e4 huokuu vanhan linnoitetun kaupungin historia, ja ritareita ja linnoja rakastaville pojille n\u00e4m\u00e4 mahtavat tiilimuurit ovat kuin luotuja erilaisiin mielikuvituksellisiin taisteluleikkeihin.<\/p>\n\n\n\n<h3 class=\"wp-block-heading\"><span class=\"ez-toc-section\" id=\"8_Rozarium\"><\/span>8. Roz\u00e1rium<span class=\"ez-toc-section-end\"><\/span><\/h3>\n\n\n\n<figure data-wp-context=\"{&quot;imageId&quot;:&quot;6a952c5d0be01&quot;}\" data-wp-interactive=\"core\/image\" data-wp-key=\"6a952c5d0be01\" class=\"wp-block-image size-full wp-lightbox-container\"><img decoding=\"async\" width=\"1800\" height=\"1347\" data-wp-class--hide=\"state.isContentHidden\" data-wp-class--show=\"state.isContentVisible\" data-wp-init=\"callbacks.setButtonStyles\" data-wp-on--click=\"actions.showLightbox\" data-wp-on--load=\"callbacks.setButtonStyles\" data-wp-on--pointerdown=\"actions.preloadImage\" data-wp-on--pointerenter=\"actions.preloadImageWithDelay\" data-wp-on--pointerleave=\"actions.cancelPreload\" data-wp-on-window--resize=\"callbacks.setButtonStyles\" src=\"https:\/\/loudavymkrokem.cz\/wp-content\/uploads\/2026\/08\/olomouc-s-detmi-rozarium.jpg\" alt=\"Roz\u00e1rium Olomoucissa kukkivine ruusupenkkeineen\" class=\"wp-image-401109\" title=\"\" srcset=\"https:\/\/loudavymkrokem.cz\/wp-content\/uploads\/2026\/08\/olomouc-s-detmi-rozarium.jpg 1800w, https:\/\/loudavymkrokem.cz\/wp-content\/uploads\/2026\/08\/olomouc-s-detmi-rozarium-300x225.jpg 300w, https:\/\/loudavymkrokem.cz\/wp-content\/uploads\/2026\/08\/olomouc-s-detmi-rozarium-700x524.jpg 700w, https:\/\/loudavymkrokem.cz\/wp-content\/uploads\/2026\/08\/olomouc-s-detmi-rozarium-768x575.jpg 768w, https:\/\/loudavymkrokem.cz\/wp-content\/uploads\/2026\/08\/olomouc-s-detmi-rozarium-1536x1149.jpg 1536w, https:\/\/loudavymkrokem.cz\/wp-content\/uploads\/2026\/08\/olomouc-s-detmi-rozarium-80x60.jpg 80w, https:\/\/loudavymkrokem.cz\/wp-content\/uploads\/2026\/08\/olomouc-s-detmi-rozarium-160x120.jpg 160w, https:\/\/loudavymkrokem.cz\/wp-content\/uploads\/2026\/08\/olomouc-s-detmi-rozarium-696x521.jpg 696w, https:\/\/loudavymkrokem.cz\/wp-content\/uploads\/2026\/08\/olomouc-s-detmi-rozarium-1392x1042.jpg 1392w\" sizes=\"(max-width: 1800px) 100vw, 1800px\" \/><button\n\t\t\tclass=\"lightbox-trigger\"\n\t\t\ttype=\"button\"\n\t\t\taria-haspopup=\"dialog\"\n\t\t\tdata-wp-bind--aria-label=\"state.thisImage.triggerButtonAriaLabel\"\n\t\t\tdata-wp-init=\"callbacks.initTriggerButton\"\n\t\t\tdata-wp-on--click=\"actions.showLightbox\"\n\t\t\tdata-wp-style--right=\"state.thisImage.buttonRight\"\n\t\t\tdata-wp-style--top=\"state.thisImage.buttonTop\"\n\t\t>\n\t\t\t<svg xmlns=\"http:\/\/www.w3.org\/2000\/svg\" width=\"12\" height=\"12\" fill=\"none\" viewBox=\"0 0 12 12\">\n\t\t\t\t<path fill=\"#fff\" d=\"M2 0a2 2 0 0 0-2 2v2h1.5V2a.5.5 0 0 1 .5-.5h2V0H2Zm2 10.5H2a.5.5 0 0 1-.5-.5V8H0v2a2 2 0 0 0 2 2h2v-1.5ZM8 12v-1.5h2a.5.5 0 0 0 .5-.5V8H12v2a2 2 0 0 1-2 2H8Zm2-12a2 2 0 0 1 2 2v2h-1.5V2a.5.5 0 0 0-.5-.5H8V0h2Z\" \/>\n\t\t\t<\/svg>\n\t\t<\/button><figcaption class=\"wp-element-caption\">Roz\u00e1riumissa on leve\u00e4t suorat k\u00e4yt\u00e4v\u00e4t, joten t\u00e4\u00e4ll\u00e4 liikkuu hyvin rattaiden kanssa<\/figcaption><\/figure>\n\n\n\n<p class=\"wp-block-paragraph\">17. listopadu -kadulta l\u00f6yd\u00e4t toisen vehre\u00e4n keitaan, Olomoucin Roz\u00e1riumin, joka toimii kasvitieteellisen\u00e4 ja ruusupuutarhana yhdess\u00e4. Se on valtavan suosittu paikka, mist\u00e4 todistaa arvosana <strong>4,7 yhteens\u00e4 1 877 arvostelusta<\/strong>, ja paikalliset k\u00e4yv\u00e4t t\u00e4\u00e4ll\u00e4 hyvin mielell\u00e4\u00e4n viikonloppuk\u00e4velyill\u00e4.<\/p>\n\n\n\n<p class=\"wp-block-paragraph\">Valtava etu perheille on se, ett\u00e4 alue on osittain esteet\u00f6n ja ylpeilee leveill\u00e4, tasaisilla k\u00e4yt\u00e4vill\u00e4, joten se on aivan mainiota, jos liikut <strong>rattaiden kanssa<\/strong>. Ruusujen kukinta-aikaan t\u00e4\u00e4ll\u00e4 on lis\u00e4ksi sellainen tuoksu, ettet halua lainkaan l\u00e4hte\u00e4 pois.<\/p>\n\n\n\n<h3 class=\"wp-block-heading\"><span class=\"ez-toc-section\" id=\"9_Korunni_pevnustka\"><\/span>9. Korunn\u00ed pevn\u016fstka<span class=\"ez-toc-section-end\"><\/span><\/h3>\n\n\n\n<figure data-wp-context=\"{&quot;imageId&quot;:&quot;6a952c5d0c574&quot;}\" data-wp-interactive=\"core\/image\" data-wp-key=\"6a952c5d0c574\" class=\"wp-block-image size-full wp-lightbox-container\"><img decoding=\"async\" width=\"1800\" height=\"1350\" data-wp-class--hide=\"state.isContentHidden\" data-wp-class--show=\"state.isContentVisible\" data-wp-init=\"callbacks.setButtonStyles\" data-wp-on--click=\"actions.showLightbox\" data-wp-on--load=\"callbacks.setButtonStyles\" data-wp-on--pointerdown=\"actions.preloadImage\" data-wp-on--pointerenter=\"actions.preloadImageWithDelay\" data-wp-on--pointerleave=\"actions.cancelPreload\" data-wp-on-window--resize=\"callbacks.setButtonStyles\" src=\"https:\/\/loudavymkrokem.cz\/wp-content\/uploads\/2026\/08\/olomouc-s-detmi-korunni-pevnustka.jpg\" alt=\"Korunn\u00ed pevn\u016fstka -linnakkeen muurit Olomoucissa\" class=\"wp-image-401103\" title=\"\" srcset=\"https:\/\/loudavymkrokem.cz\/wp-content\/uploads\/2026\/08\/olomouc-s-detmi-korunni-pevnustka.jpg 1800w, https:\/\/loudavymkrokem.cz\/wp-content\/uploads\/2026\/08\/olomouc-s-detmi-korunni-pevnustka-300x225.jpg 300w, https:\/\/loudavymkrokem.cz\/wp-content\/uploads\/2026\/08\/olomouc-s-detmi-korunni-pevnustka-700x525.jpg 700w, https:\/\/loudavymkrokem.cz\/wp-content\/uploads\/2026\/08\/olomouc-s-detmi-korunni-pevnustka-768x576.jpg 768w, https:\/\/loudavymkrokem.cz\/wp-content\/uploads\/2026\/08\/olomouc-s-detmi-korunni-pevnustka-1536x1152.jpg 1536w, https:\/\/loudavymkrokem.cz\/wp-content\/uploads\/2026\/08\/olomouc-s-detmi-korunni-pevnustka-80x60.jpg 80w, https:\/\/loudavymkrokem.cz\/wp-content\/uploads\/2026\/08\/olomouc-s-detmi-korunni-pevnustka-160x120.jpg 160w, https:\/\/loudavymkrokem.cz\/wp-content\/uploads\/2026\/08\/olomouc-s-detmi-korunni-pevnustka-696x522.jpg 696w, https:\/\/loudavymkrokem.cz\/wp-content\/uploads\/2026\/08\/olomouc-s-detmi-korunni-pevnustka-1392x1044.jpg 1392w\" sizes=\"(max-width: 1800px) 100vw, 1800px\" \/><button\n\t\t\tclass=\"lightbox-trigger\"\n\t\t\ttype=\"button\"\n\t\t\taria-haspopup=\"dialog\"\n\t\t\tdata-wp-bind--aria-label=\"state.thisImage.triggerButtonAriaLabel\"\n\t\t\tdata-wp-init=\"callbacks.initTriggerButton\"\n\t\t\tdata-wp-on--click=\"actions.showLightbox\"\n\t\t\tdata-wp-style--right=\"state.thisImage.buttonRight\"\n\t\t\tdata-wp-style--top=\"state.thisImage.buttonTop\"\n\t\t>\n\t\t\t<svg xmlns=\"http:\/\/www.w3.org\/2000\/svg\" width=\"12\" height=\"12\" fill=\"none\" viewBox=\"0 0 12 12\">\n\t\t\t\t<path fill=\"#fff\" d=\"M2 0a2 2 0 0 0-2 2v2h1.5V2a.5.5 0 0 1 .5-.5h2V0H2Zm2 10.5H2a.5.5 0 0 1-.5-.5V8H0v2a2 2 0 0 0 2 2h2v-1.5ZM8 12v-1.5h2a.5.5 0 0 0 .5-.5V8H12v2a2 2 0 0 1-2 2H8Zm2-12a2 2 0 0 1 2 2v2h-1.5V2a.5.5 0 0 0-.5-.5H8V0h2Z\" \/>\n\t\t\t<\/svg>\n\t\t<\/button><figcaption class=\"wp-element-caption\">Korunn\u00ed pevn\u016fstka -linnakkeen muurit, joilla sijaitsee my\u00f6s Pevnost pozn\u00e1n\u00ed<\/figcaption><\/figure>\n\n\n\n<p class=\"wp-block-paragraph\">Olomouc oli aikoinaan mahtava linnoitus, ja palan t\u00e4st\u00e4 sotilashistoriasta p\u00e4\u00e4set kokemaan Korunn\u00ed pevn\u016fstka -linnakkeen alueella osoitteessa Michalsk\u00e1 8. T\u00e4\u00e4ll\u00e4 on s\u00e4ilynyt osa barokkiaikaista Marian Teresian aikaista linnoitusta, ja entisess\u00e4 ruutivarastossa toimii nyky\u00e4\u00e4n museo, jossa voit katsella valtavaa kipsimallia kaupungin alkuper\u00e4isist\u00e4 linnoituksista. Ihmiset pit\u00e4v\u00e4t t\u00e4st\u00e4 paikasta kovasti ja antavat sille kauniin arvosanan <strong>4,6 yhteens\u00e4 733 arvostelusta<\/strong>.<\/p>\n\n\n\n<p class=\"wp-block-paragraph\">Alue on avoinna huhtikuusta lokakuuhun (maanantaisin suljettu, muuten tiistaista perjantaihin klo 9\u201317, viikonloppuisin klo 10\u201317), viimeinen mahdollinen kierros on klo 16.30. P\u00e4\u00e4symaksu on eritt\u00e4in yst\u00e4v\u00e4llinen, aikuiset maksavat noin <strong>2,50 \u20ac (60 K\u010d)<\/strong>, lapset 6\u201315-vuotiaat noin <strong>1,20 \u20ac (30 K\u010d)<\/strong>, ja pienimm\u00e4t alle 6-vuotiaat p\u00e4\u00e4sev\u00e4t t\u00e4ysin ilmaiseksi. Tarjolla on my\u00f6s edullisia perhelippuja noin 5 \u20ac (120 K\u010d, 2+1) tai noin 6 \u20ac (150 K\u010d) suuremmille perheille.<\/p>\n\n\n\n<h3 class=\"wp-block-heading\"><span class=\"ez-toc-section\" id=\"10_Muraalit_ja_katutaide_holvikaytavissa\"><\/span>10. Muraalit ja katutaide holvik\u00e4yt\u00e4viss\u00e4<span class=\"ez-toc-section-end\"><\/span><\/h3>\n\n\n\n<figure data-wp-context=\"{&quot;imageId&quot;:&quot;6a952c5d0cb4a&quot;}\" data-wp-interactive=\"core\/image\" data-wp-key=\"6a952c5d0cb4a\" class=\"wp-block-image size-full wp-lightbox-container\"><img decoding=\"async\" width=\"2200\" height=\"1467\" data-wp-class--hide=\"state.isContentHidden\" data-wp-class--show=\"state.isContentVisible\" data-wp-init=\"callbacks.setButtonStyles\" data-wp-on--click=\"actions.showLightbox\" data-wp-on--load=\"callbacks.setButtonStyles\" data-wp-on--pointerdown=\"actions.preloadImage\" data-wp-on--pointerenter=\"actions.preloadImageWithDelay\" data-wp-on--pointerleave=\"actions.cancelPreload\" data-wp-on-window--resize=\"callbacks.setButtonStyles\" src=\"https:\/\/loudavymkrokem.cz\/wp-content\/uploads\/2026\/08\/olomouc-s-detmi-mural-detail-klenba.jpg\" alt=\"Sininen maalaus holvik\u00e4yt\u00e4v\u00e4n kaaressa Olomoucin keskustassa\" class=\"wp-image-401048\" title=\"\" srcset=\"https:\/\/loudavymkrokem.cz\/wp-content\/uploads\/2026\/08\/olomouc-s-detmi-mural-detail-klenba.jpg 2200w, https:\/\/loudavymkrokem.cz\/wp-content\/uploads\/2026\/08\/olomouc-s-detmi-mural-detail-klenba-300x200.jpg 300w, https:\/\/loudavymkrokem.cz\/wp-content\/uploads\/2026\/08\/olomouc-s-detmi-mural-detail-klenba-700x467.jpg 700w, https:\/\/loudavymkrokem.cz\/wp-content\/uploads\/2026\/08\/olomouc-s-detmi-mural-detail-klenba-768x512.jpg 768w, https:\/\/loudavymkrokem.cz\/wp-content\/uploads\/2026\/08\/olomouc-s-detmi-mural-detail-klenba-1536x1024.jpg 1536w, https:\/\/loudavymkrokem.cz\/wp-content\/uploads\/2026\/08\/olomouc-s-detmi-mural-detail-klenba-2048x1366.jpg 2048w, https:\/\/loudavymkrokem.cz\/wp-content\/uploads\/2026\/08\/olomouc-s-detmi-mural-detail-klenba-696x464.jpg 696w, https:\/\/loudavymkrokem.cz\/wp-content\/uploads\/2026\/08\/olomouc-s-detmi-mural-detail-klenba-1392x928.jpg 1392w, https:\/\/loudavymkrokem.cz\/wp-content\/uploads\/2026\/08\/olomouc-s-detmi-mural-detail-klenba-1920x1280.jpg 1920w\" sizes=\"(max-width: 2200px) 100vw, 2200px\" \/><button\n\t\t\tclass=\"lightbox-trigger\"\n\t\t\ttype=\"button\"\n\t\t\taria-haspopup=\"dialog\"\n\t\t\tdata-wp-bind--aria-label=\"state.thisImage.triggerButtonAriaLabel\"\n\t\t\tdata-wp-init=\"callbacks.initTriggerButton\"\n\t\t\tdata-wp-on--click=\"actions.showLightbox\"\n\t\t\tdata-wp-style--right=\"state.thisImage.buttonRight\"\n\t\t\tdata-wp-style--top=\"state.thisImage.buttonTop\"\n\t\t>\n\t\t\t<svg xmlns=\"http:\/\/www.w3.org\/2000\/svg\" width=\"12\" height=\"12\" fill=\"none\" viewBox=\"0 0 12 12\">\n\t\t\t\t<path fill=\"#fff\" d=\"M2 0a2 2 0 0 0-2 2v2h1.5V2a.5.5 0 0 1 .5-.5h2V0H2Zm2 10.5H2a.5.5 0 0 1-.5-.5V8H0v2a2 2 0 0 0 2 2h2v-1.5ZM8 12v-1.5h2a.5.5 0 0 0 .5-.5V8H12v2a2 2 0 0 1-2 2H8Zm2-12a2 2 0 0 1 2 2v2h-1.5V2a.5.5 0 0 0-.5-.5H8V0h2Z\" \/>\n\t\t\t<\/svg>\n\t\t<\/button><figcaption class=\"wp-element-caption\">Maalauksilla koristellut holvik\u00e4yt\u00e4v\u00e4t ovat lapsille parasta keskustak\u00e4velyss\u00e4<\/figcaption><\/figure>\n\n\n\n<figure data-wp-context=\"{&quot;imageId&quot;:&quot;6a952c5d0cf7d&quot;}\" data-wp-interactive=\"core\/image\" data-wp-key=\"6a952c5d0cf7d\" class=\"wp-block-image size-full wp-lightbox-container\"><img decoding=\"async\" width=\"2200\" height=\"1467\" data-wp-class--hide=\"state.isContentHidden\" data-wp-class--show=\"state.isContentVisible\" data-wp-init=\"callbacks.setButtonStyles\" data-wp-on--click=\"actions.showLightbox\" data-wp-on--load=\"callbacks.setButtonStyles\" data-wp-on--pointerdown=\"actions.preloadImage\" data-wp-on--pointerenter=\"actions.preloadImageWithDelay\" data-wp-on--pointerleave=\"actions.cancelPreload\" data-wp-on-window--resize=\"callbacks.setButtonStyles\" src=\"https:\/\/loudavymkrokem.cz\/wp-content\/uploads\/2026\/08\/olomouc-s-detmi-mural-stit-domu.jpg\" alt=\"Suurikokoinen maalaus talon p\u00e4\u00e4dyss\u00e4 Olomoucissa\" class=\"wp-image-401040\" title=\"\" srcset=\"https:\/\/loudavymkrokem.cz\/wp-content\/uploads\/2026\/08\/olomouc-s-detmi-mural-stit-domu.jpg 2200w, https:\/\/loudavymkrokem.cz\/wp-content\/uploads\/2026\/08\/olomouc-s-detmi-mural-stit-domu-300x200.jpg 300w, https:\/\/loudavymkrokem.cz\/wp-content\/uploads\/2026\/08\/olomouc-s-detmi-mural-stit-domu-700x467.jpg 700w, https:\/\/loudavymkrokem.cz\/wp-content\/uploads\/2026\/08\/olomouc-s-detmi-mural-stit-domu-768x512.jpg 768w, https:\/\/loudavymkrokem.cz\/wp-content\/uploads\/2026\/08\/olomouc-s-detmi-mural-stit-domu-1536x1024.jpg 1536w, https:\/\/loudavymkrokem.cz\/wp-content\/uploads\/2026\/08\/olomouc-s-detmi-mural-stit-domu-2048x1366.jpg 2048w, https:\/\/loudavymkrokem.cz\/wp-content\/uploads\/2026\/08\/olomouc-s-detmi-mural-stit-domu-696x464.jpg 696w, https:\/\/loudavymkrokem.cz\/wp-content\/uploads\/2026\/08\/olomouc-s-detmi-mural-stit-domu-1392x928.jpg 1392w, https:\/\/loudavymkrokem.cz\/wp-content\/uploads\/2026\/08\/olomouc-s-detmi-mural-stit-domu-1920x1280.jpg 1920w\" sizes=\"(max-width: 2200px) 100vw, 2200px\" \/><button\n\t\t\tclass=\"lightbox-trigger\"\n\t\t\ttype=\"button\"\n\t\t\taria-haspopup=\"dialog\"\n\t\t\tdata-wp-bind--aria-label=\"state.thisImage.triggerButtonAriaLabel\"\n\t\t\tdata-wp-init=\"callbacks.initTriggerButton\"\n\t\t\tdata-wp-on--click=\"actions.showLightbox\"\n\t\t\tdata-wp-style--right=\"state.thisImage.buttonRight\"\n\t\t\tdata-wp-style--top=\"state.thisImage.buttonTop\"\n\t\t>\n\t\t\t<svg xmlns=\"http:\/\/www.w3.org\/2000\/svg\" width=\"12\" height=\"12\" fill=\"none\" viewBox=\"0 0 12 12\">\n\t\t\t\t<path fill=\"#fff\" d=\"M2 0a2 2 0 0 0-2 2v2h1.5V2a.5.5 0 0 1 .5-.5h2V0H2Zm2 10.5H2a.5.5 0 0 1-.5-.5V8H0v2a2 2 0 0 0 2 2h2v-1.5ZM8 12v-1.5h2a.5.5 0 0 0 .5-.5V8H12v2a2 2 0 0 1-2 2H8Zm2-12a2 2 0 0 1 2 2v2h-1.5V2a.5.5 0 0 0-.5-.5H8V0h2Z\" \/>\n\t\t\t<\/svg>\n\t\t<\/button><figcaption class=\"wp-element-caption\">Suurikokoisia maalauksia l\u00f6yd\u00e4t my\u00f6s tavallisten talojen p\u00e4\u00e4dyist\u00e4<\/figcaption><\/figure>\n\n\n\n<p class=\"wp-block-paragraph\">Viimeinen vinkki ulkoaktiviteeteista on t\u00e4llainen kaupunkietsint\u00e4. Olomouc kyll\u00e4 huokuu historiaa, mutta se ei pelk\u00e4\u00e4 my\u00f6sk\u00e4\u00e4n modernia taidetta. Aivan keskustassa, usein piilossa holvik\u00e4yt\u00e4viss\u00e4, pylv\u00e4sk\u00e4yt\u00e4viss\u00e4 tai vanhojen talojen korkeissa p\u00e4\u00e4dyiss\u00e4, sijaitsee useita hurmaavia suurikokoisia maalauksia, niin sanottuja muraaleja.<\/p>\n\n\n\n<p class=\"wp-block-paragraph\">Kokeile etsi\u00e4 niiden sijainnit etuk\u00e4teen ja tee kaupunkik\u00e4velyst\u00e4 salapoliisileikki. Lapset yleens\u00e4 l\u00f6yt\u00e4v\u00e4t n\u00e4m\u00e4 j\u00e4ttim\u00e4iset v\u00e4rikk\u00e4\u00e4t kuvat valtavalla innolla, ja t\u00e4m\u00e4n voi aivan ihanteellisesti yhdist\u00e4\u00e4 vaikkapa jo mainittuun barokkisuihkul\u00e4hteiden mets\u00e4stykseen.<\/p>\n\n\n\n<h2 class=\"wp-block-heading\"><span class=\"ez-toc-section\" id=\"Kun_sataa_leikkipaikat_museot_ja_huvikeskukset\"><\/span>Kun sataa: leikkipaikat, museot ja huvikeskukset<span class=\"ez-toc-section-end\"><\/span><\/h2>\n\n\n\n<p class=\"wp-block-paragraph\">Jos kysyt, <strong>minne Olomoucissa lasten kanssa, kun sataa<\/strong>, minulla on sinulle loistava uutinen. T\u00e4m\u00e4 kaupunki on varustautunut sadep\u00e4iviin kai koko maan parhaiten. Laadukkaiden sis\u00e4leikkipaikkojen ja interaktiivisten n\u00e4yttelyiden keskittym\u00e4 on t\u00e4\u00e4ll\u00e4 aivan ennenn\u00e4kem\u00e4t\u00f6n, ja meille itsellemme yksi n\u00e4ist\u00e4 ihanista keskustan leikkipaikoista pelasti koko iltap\u00e4iv\u00e4n. Katsotaanpa parhaita vaihtoehtoja.<\/p>\n\n\n\n<h3 class=\"wp-block-heading\"><span class=\"ez-toc-section\" id=\"11_Pevnost_poznani\"><\/span>11. Pevnost pozn\u00e1n\u00ed<span class=\"ez-toc-section-end\"><\/span><\/h3>\n\n\n\n<figure data-wp-context=\"{&quot;imageId&quot;:&quot;6a952c5d0d49b&quot;}\" data-wp-interactive=\"core\/image\" data-wp-key=\"6a952c5d0d49b\" class=\"wp-block-image size-full wp-lightbox-container\"><img decoding=\"async\" width=\"1800\" height=\"1347\" data-wp-class--hide=\"state.isContentHidden\" data-wp-class--show=\"state.isContentVisible\" data-wp-init=\"callbacks.setButtonStyles\" data-wp-on--click=\"actions.showLightbox\" data-wp-on--load=\"callbacks.setButtonStyles\" data-wp-on--pointerdown=\"actions.preloadImage\" data-wp-on--pointerenter=\"actions.preloadImageWithDelay\" data-wp-on--pointerleave=\"actions.cancelPreload\" data-wp-on-window--resize=\"callbacks.setButtonStyles\" src=\"https:\/\/loudavymkrokem.cz\/wp-content\/uploads\/2026\/08\/olomouc-s-detmi-pevnost-poznani.jpg\" alt=\"Interaktiivinen n\u00e4yttely Pevnost pozn\u00e1n\u00ed -tiedekeskuksessa Olomoucissa\" class=\"wp-image-401123\" title=\"\" srcset=\"https:\/\/loudavymkrokem.cz\/wp-content\/uploads\/2026\/08\/olomouc-s-detmi-pevnost-poznani.jpg 1800w, https:\/\/loudavymkrokem.cz\/wp-content\/uploads\/2026\/08\/olomouc-s-detmi-pevnost-poznani-300x225.jpg 300w, https:\/\/loudavymkrokem.cz\/wp-content\/uploads\/2026\/08\/olomouc-s-detmi-pevnost-poznani-700x524.jpg 700w, https:\/\/loudavymkrokem.cz\/wp-content\/uploads\/2026\/08\/olomouc-s-detmi-pevnost-poznani-768x575.jpg 768w, https:\/\/loudavymkrokem.cz\/wp-content\/uploads\/2026\/08\/olomouc-s-detmi-pevnost-poznani-1536x1149.jpg 1536w, https:\/\/loudavymkrokem.cz\/wp-content\/uploads\/2026\/08\/olomouc-s-detmi-pevnost-poznani-80x60.jpg 80w, https:\/\/loudavymkrokem.cz\/wp-content\/uploads\/2026\/08\/olomouc-s-detmi-pevnost-poznani-160x120.jpg 160w, https:\/\/loudavymkrokem.cz\/wp-content\/uploads\/2026\/08\/olomouc-s-detmi-pevnost-poznani-696x521.jpg 696w, https:\/\/loudavymkrokem.cz\/wp-content\/uploads\/2026\/08\/olomouc-s-detmi-pevnost-poznani-1392x1042.jpg 1392w\" sizes=\"(max-width: 1800px) 100vw, 1800px\" \/><button\n\t\t\tclass=\"lightbox-trigger\"\n\t\t\ttype=\"button\"\n\t\t\taria-haspopup=\"dialog\"\n\t\t\tdata-wp-bind--aria-label=\"state.thisImage.triggerButtonAriaLabel\"\n\t\t\tdata-wp-init=\"callbacks.initTriggerButton\"\n\t\t\tdata-wp-on--click=\"actions.showLightbox\"\n\t\t\tdata-wp-style--right=\"state.thisImage.buttonRight\"\n\t\t\tdata-wp-style--top=\"state.thisImage.buttonTop\"\n\t\t>\n\t\t\t<svg xmlns=\"http:\/\/www.w3.org\/2000\/svg\" width=\"12\" height=\"12\" fill=\"none\" viewBox=\"0 0 12 12\">\n\t\t\t\t<path fill=\"#fff\" d=\"M2 0a2 2 0 0 0-2 2v2h1.5V2a.5.5 0 0 1 .5-.5h2V0H2Zm2 10.5H2a.5.5 0 0 1-.5-.5V8H0v2a2 2 0 0 0 2 2h2v-1.5ZM8 12v-1.5h2a.5.5 0 0 0 .5-.5V8H12v2a2 2 0 0 1-2 2H8Zm2-12a2 2 0 0 1 2 2v2h-1.5V2a.5.5 0 0 0-.5-.5H8V0h2Z\" \/>\n\t\t\t<\/svg>\n\t\t<\/button><figcaption class=\"wp-element-caption\">Yli sata interaktiivista n\u00e4yttelyesinett\u00e4, joita lapset saavat koskettaa<\/figcaption><\/figure>\n\n\n\n<p class=\"wp-block-paragraph\">Jos etsit ohjelmaa koko sateiseksi iltap\u00e4iv\u00e4ksi, Palack\u00fdn yliopiston interaktiivinen tiedekeskus <a href=\"https:\/\/www.pevnostpoznani.cz\/\" target=\"_blank\" rel=\"nofollow noopener\">Pevnost pozn\u00e1n\u00ed<\/a>, joka sijaitsee Korunn\u00ed pevn\u016fstka -linnakkeen alueella (17. listopadu 939), on ehdoton ykk\u00f6nen. Pevnost pozn\u00e1n\u00edlla on uskomaton arvosana <strong>4,7 l\u00e4hes kolmestatuhannesta arvostelusta<\/strong>, ja vanhan sotilasrakennuksen tiloissa levitt\u00e4ytyy nelj\u00e4 p\u00e4\u00e4asiallista n\u00e4yttely\u00e4: Historiaan!, El\u00e4v\u00e4 vesi, J\u00e4rki kourassa sek\u00e4 Valo ja pimeys.<\/p>\n\n\n\n<p class=\"wp-block-paragraph\">Yhteens\u00e4 sinua odottaa t\u00e4\u00e4ll\u00e4 yli <strong>100 interaktiivista n\u00e4yttelyesinett\u00e4<\/strong>, joita lapset saavat koskettaa, kokeilla ja tutkia, plus upea <strong>digitaalinen planetaario<\/strong>. Auki t\u00e4\u00e4ll\u00e4 on arkisin klo 9\u201317 ja viikonloppuisin klo 10\u201318 (huomaa, ett\u00e4 syyskuusta toukokuuhun maanantaisin on suljettu). Aikuinen maksaa noin <strong>7,80 \u20ac (190 K\u010d)<\/strong>, alennettu p\u00e4\u00e4symaksu lapsille, opiskelijoille ja senioreille on noin <strong>6,60 \u20ac (160 K\u010d)<\/strong>, ja perheliput vaihtelevat noin 19\u201332 \u20ac (460\u2013775 K\u010d) v\u00e4lill\u00e4 j\u00e4senm\u00e4\u00e4r\u00e4n mukaan. Jos haluat vain yhteen tiettyyn n\u00e4yttelyyn, se maksaa noin 2,90 \u20ac (70 K\u010d).<\/p>\n\n\n\n<h3 class=\"wp-block-heading\"><span class=\"ez-toc-section\" id=\"12_JaSam\"><\/span>12. J\u00e1S\u00e1m<span class=\"ez-toc-section-end\"><\/span><\/h3>\n\n\n\n<p class=\"wp-block-paragraph\">Aivan kaupungin syd\u00e4mess\u00e4 osoitteessa <strong>Horn\u00ed n\u00e1m\u011bst\u00ed 7<\/strong>, muutaman askeleen p\u00e4\u00e4ss\u00e4 kelloa vastap\u00e4\u00e4t\u00e4, k\u00e4tkeytyy laventelibistron ja tvar\u016f\u017eky-juustokaupan v\u00e4liin lasten leikkipaikka ja kahvila J\u00e1S\u00e1m. T\u00e4m\u00e4 paikka on jokaisen vanhemman unelman ruumiillistuma, kun haluaa rauhassa juoda kupillisen l\u00e4mmint\u00e4 kahvia lapsen leikkiess\u00e4 turvallisesti. Arvosana <strong>4,7 yhteens\u00e4 219 k\u00e4vij\u00e4lt\u00e4<\/strong> puhuu puolestaan.<\/p>\n\n\n\n<p class=\"wp-block-paragraph\">T\u00e4\u00e4ll\u00e4 on valtavan viihtyis\u00e4\u00e4, t\u00e4ynn\u00e4 laadukkaita puuleluja. Lapset l\u00f6yt\u00e4v\u00e4t t\u00e4\u00e4lt\u00e4 leikkikeitti\u00f6n, pikkukaupan, l\u00e4\u00e4k\u00e4rivarustuksen, mainion ty\u00f6p\u00f6yd\u00e4n pienille nikkaroijille ja isot kiipeilytelineet puolapuineen ja liukum\u00e4kineen. Vanhemmat voivat sill\u00e4 v\u00e4lin nauttia erikoiskahvista paikallisesta paahtimosta tai loistavista kotitekoisista kakuista ja aamiaismenuista. Auki t\u00e4\u00e4ll\u00e4 on jokaisena arkip\u00e4iv\u00e4n\u00e4 klo 8.00\u201319.00 ja viikonloppuisin klo 9.00\u201319.00. Valtava plussa on se, ett\u00e4 p\u00e4\u00e4symaksun maksavat vain leikkiv\u00e4t lapset, aikuinen saattaja ei maksa mit\u00e4\u00e4n.<\/p>\n\n\n\n<h3 class=\"wp-block-heading\"><span class=\"ez-toc-section\" id=\"13_V_lese\"><\/span>13. V lese<span class=\"ez-toc-section-end\"><\/span><\/h3>\n\n\n\n<figure data-wp-context=\"{&quot;imageId&quot;:&quot;6a952c5d0d921&quot;}\" data-wp-interactive=\"core\/image\" data-wp-key=\"6a952c5d0d921\" class=\"wp-block-image size-full wp-lightbox-container\"><img decoding=\"async\" width=\"2200\" height=\"1467\" data-wp-class--hide=\"state.isContentHidden\" data-wp-class--show=\"state.isContentVisible\" data-wp-init=\"callbacks.setButtonStyles\" data-wp-on--click=\"actions.showLightbox\" data-wp-on--load=\"callbacks.setButtonStyles\" data-wp-on--pointerdown=\"actions.preloadImage\" data-wp-on--pointerenter=\"actions.preloadImageWithDelay\" data-wp-on--pointerleave=\"actions.cancelPreload\" data-wp-on-window--resize=\"callbacks.setButtonStyles\" src=\"https:\/\/loudavymkrokem.cz\/wp-content\/uploads\/2026\/08\/olomouc-s-detmi-zerotinovo-namesti.jpg\" alt=\"Talot \u017derot\u00ednovo n\u00e1m\u011bst\u00ed -torilla Olomoucissa\" class=\"wp-image-401044\" title=\"\" srcset=\"https:\/\/loudavymkrokem.cz\/wp-content\/uploads\/2026\/08\/olomouc-s-detmi-zerotinovo-namesti.jpg 2200w, https:\/\/loudavymkrokem.cz\/wp-content\/uploads\/2026\/08\/olomouc-s-detmi-zerotinovo-namesti-300x200.jpg 300w, https:\/\/loudavymkrokem.cz\/wp-content\/uploads\/2026\/08\/olomouc-s-detmi-zerotinovo-namesti-700x467.jpg 700w, https:\/\/loudavymkrokem.cz\/wp-content\/uploads\/2026\/08\/olomouc-s-detmi-zerotinovo-namesti-768x512.jpg 768w, https:\/\/loudavymkrokem.cz\/wp-content\/uploads\/2026\/08\/olomouc-s-detmi-zerotinovo-namesti-1536x1024.jpg 1536w, https:\/\/loudavymkrokem.cz\/wp-content\/uploads\/2026\/08\/olomouc-s-detmi-zerotinovo-namesti-2048x1366.jpg 2048w, https:\/\/loudavymkrokem.cz\/wp-content\/uploads\/2026\/08\/olomouc-s-detmi-zerotinovo-namesti-696x464.jpg 696w, https:\/\/loudavymkrokem.cz\/wp-content\/uploads\/2026\/08\/olomouc-s-detmi-zerotinovo-namesti-1392x928.jpg 1392w, https:\/\/loudavymkrokem.cz\/wp-content\/uploads\/2026\/08\/olomouc-s-detmi-zerotinovo-namesti-1920x1280.jpg 1920w\" sizes=\"(max-width: 2200px) 100vw, 2200px\" \/><button\n\t\t\tclass=\"lightbox-trigger\"\n\t\t\ttype=\"button\"\n\t\t\taria-haspopup=\"dialog\"\n\t\t\tdata-wp-bind--aria-label=\"state.thisImage.triggerButtonAriaLabel\"\n\t\t\tdata-wp-init=\"callbacks.initTriggerButton\"\n\t\t\tdata-wp-on--click=\"actions.showLightbox\"\n\t\t\tdata-wp-style--right=\"state.thisImage.buttonRight\"\n\t\t\tdata-wp-style--top=\"state.thisImage.buttonTop\"\n\t\t>\n\t\t\t<svg xmlns=\"http:\/\/www.w3.org\/2000\/svg\" width=\"12\" height=\"12\" fill=\"none\" viewBox=\"0 0 12 12\">\n\t\t\t\t<path fill=\"#fff\" d=\"M2 0a2 2 0 0 0-2 2v2h1.5V2a.5.5 0 0 1 .5-.5h2V0H2Zm2 10.5H2a.5.5 0 0 1-.5-.5V8H0v2a2 2 0 0 0 2 2h2v-1.5ZM8 12v-1.5h2a.5.5 0 0 0 .5-.5V8H12v2a2 2 0 0 1-2 2H8Zm2-12a2 2 0 0 1 2 2v2h-1.5V2a.5.5 0 0 0-.5-.5H8V0h2Z\" \/>\n\t\t\t<\/svg>\n\t\t<\/button><figcaption class=\"wp-element-caption\">\u017derot\u00ednovo n\u00e1m\u011bst\u00ed -tori, jolta l\u00f6yd\u00e4t kahvilan montessori-leikkipaikalla<\/figcaption><\/figure>\n\n\n\n<figure data-wp-context=\"{&quot;imageId&quot;:&quot;6a952c5d0dd04&quot;}\" data-wp-interactive=\"core\/image\" data-wp-key=\"6a952c5d0dd04\" class=\"wp-block-image size-full wp-lightbox-container\"><img decoding=\"async\" width=\"2200\" height=\"1467\" data-wp-class--hide=\"state.isContentHidden\" data-wp-class--show=\"state.isContentVisible\" data-wp-init=\"callbacks.setButtonStyles\" data-wp-on--click=\"actions.showLightbox\" data-wp-on--load=\"callbacks.setButtonStyles\" data-wp-on--pointerdown=\"actions.preloadImage\" data-wp-on--pointerenter=\"actions.preloadImageWithDelay\" data-wp-on--pointerleave=\"actions.cancelPreload\" data-wp-on-window--resize=\"callbacks.setButtonStyles\" src=\"https:\/\/loudavymkrokem.cz\/wp-content\/uploads\/2026\/08\/olomouc-s-detmi-kavarna-interier.jpg\" alt=\"Olomoucilaisen kahvilan sis\u00e4tila luonnollisine sisustuksineen\" class=\"wp-image-401023\" title=\"\" srcset=\"https:\/\/loudavymkrokem.cz\/wp-content\/uploads\/2026\/08\/olomouc-s-detmi-kavarna-interier.jpg 2200w, https:\/\/loudavymkrokem.cz\/wp-content\/uploads\/2026\/08\/olomouc-s-detmi-kavarna-interier-300x200.jpg 300w, https:\/\/loudavymkrokem.cz\/wp-content\/uploads\/2026\/08\/olomouc-s-detmi-kavarna-interier-700x467.jpg 700w, https:\/\/loudavymkrokem.cz\/wp-content\/uploads\/2026\/08\/olomouc-s-detmi-kavarna-interier-768x512.jpg 768w, https:\/\/loudavymkrokem.cz\/wp-content\/uploads\/2026\/08\/olomouc-s-detmi-kavarna-interier-1536x1024.jpg 1536w, https:\/\/loudavymkrokem.cz\/wp-content\/uploads\/2026\/08\/olomouc-s-detmi-kavarna-interier-2048x1366.jpg 2048w, https:\/\/loudavymkrokem.cz\/wp-content\/uploads\/2026\/08\/olomouc-s-detmi-kavarna-interier-696x464.jpg 696w, https:\/\/loudavymkrokem.cz\/wp-content\/uploads\/2026\/08\/olomouc-s-detmi-kavarna-interier-1392x928.jpg 1392w, https:\/\/loudavymkrokem.cz\/wp-content\/uploads\/2026\/08\/olomouc-s-detmi-kavarna-interier-1920x1280.jpg 1920w\" sizes=\"(max-width: 2200px) 100vw, 2200px\" \/><button\n\t\t\tclass=\"lightbox-trigger\"\n\t\t\ttype=\"button\"\n\t\t\taria-haspopup=\"dialog\"\n\t\t\tdata-wp-bind--aria-label=\"state.thisImage.triggerButtonAriaLabel\"\n\t\t\tdata-wp-init=\"callbacks.initTriggerButton\"\n\t\t\tdata-wp-on--click=\"actions.showLightbox\"\n\t\t\tdata-wp-style--right=\"state.thisImage.buttonRight\"\n\t\t\tdata-wp-style--top=\"state.thisImage.buttonTop\"\n\t\t>\n\t\t\t<svg xmlns=\"http:\/\/www.w3.org\/2000\/svg\" width=\"12\" height=\"12\" fill=\"none\" viewBox=\"0 0 12 12\">\n\t\t\t\t<path fill=\"#fff\" d=\"M2 0a2 2 0 0 0-2 2v2h1.5V2a.5.5 0 0 1 .5-.5h2V0H2Zm2 10.5H2a.5.5 0 0 1-.5-.5V8H0v2a2 2 0 0 0 2 2h2v-1.5ZM8 12v-1.5h2a.5.5 0 0 0 .5-.5V8H12v2a2 2 0 0 1-2 2H8Zm2-12a2 2 0 0 1 2 2v2h-1.5V2a.5.5 0 0 0-.5-.5H8V0h2Z\" \/>\n\t\t\t<\/svg>\n\t\t<\/button><figcaption class=\"wp-element-caption\">Olomoucin keskustan kahvilat ajattelevat sek\u00e4 lapsia ett\u00e4 vanhempia<\/figcaption><\/figure>\n\n\n\n<p class=\"wp-block-paragraph\">Hieman kauempana \u017derot\u00ednovo n\u00e1m\u011bst\u00ed -torilla numerossa 3 l\u00f6yd\u00e4t toisen helmen lasten leikkipaikalla varustettujen kahviloiden joukossa. V lese -kahvila edustaa sympaattista montessori- ja zero waste -l\u00e4hestymistapaa, ja arvosteluista keskiarvolla <strong>4,7 yli viidelt\u00e4sadalta ihmiselt\u00e4<\/strong> k\u00e4y selv\u00e4ksi, ett\u00e4 he tekev\u00e4t sen loistavasti. Kirkuvien muovilelujen sijaan t\u00e4\u00e4ll\u00e4 vallitsee rauha ja kasa kunnollisia <strong>t\u0161ekkil\u00e4isi\u00e4 puuleluja<\/strong>.<\/p>\n\n\n\n<p class=\"wp-block-paragraph\">Lapset voivat t\u00e4\u00e4ll\u00e4 riehua keinussa, tutkia \u00e4\u00e4nipuuta, leikki\u00e4 puisella sateenkaarella, tutkia j\u00e4ttim\u00e4ist\u00e4 aktiviteettitaulua tai tuntoaisti-muistipeli\u00e4. Koko p\u00e4iv\u00e4n p\u00e4\u00e4symaksu maksaa kansanomaiset noin <strong>2,50 \u20ac (60 K\u010d)<\/strong> (alennettu 1,20 \u20ac \/ 30 K\u010d), ja valtava etu on se, ett\u00e4 ranneke k\u00e4sivarressa voit poistua p\u00e4iv\u00e4n aikana ja palata taas takaisin. Suosion vuoksi t\u00e4\u00e4ll\u00e4 voi tosin toisinaan olla t\u00e4ytt\u00e4. Auki heill\u00e4 on maanantaista perjantaihin klo 9.00\u201319.00 ja viikonloppuisin klo 10.00\u201319.00.<\/p>\n\n\n\n<h3 class=\"wp-block-heading\"><span class=\"ez-toc-section\" id=\"14_Clovickov\"><\/span>14. \u010clov\u00ed\u010dkov<span class=\"ez-toc-section-end\"><\/span><\/h3>\n\n\n\n<p class=\"wp-block-paragraph\">Jos tarvitset nimenomaan suuren tilan, jotta lapset saisivat purettua kertyneen energiansa, kadulla 8. kv\u011btna 24 l\u00f6yd\u00e4t suositun leikkipaikan \u010clov\u00ed\u010dkov (arvosana 4,1). Se on klassinen suuri leikkitila kiipeilytelineineen, jossa pienemm\u00e4t lapset viihtyv\u00e4t luotettavasti useita tunteja.<\/p>\n\n\n\n<p class=\"wp-block-paragraph\">Vanhemmilla on t\u00e4\u00e4ll\u00e4 k\u00e4ytett\u00e4viss\u00e4 istumapaikkoja kahvi- ja teetarjoiluineen, ja suuri vetonaula on ep\u00e4ilem\u00e4tt\u00e4 hinta. P\u00e4\u00e4symaksu on nimitt\u00e4in kauniit noin <strong>1,20 \u20ac (59 K\u010d) lasta kohden rajoittamattomaksi ajaksi<\/strong>, mik\u00e4 on nykyaikaan todella miellytt\u00e4v\u00e4 summa sateisen iltap\u00e4iv\u00e4n pelastamisesta.<\/p>\n\n\n\n<h3 class=\"wp-block-heading\"><span class=\"ez-toc-section\" id=\"15_Snoezelen_Olomouc\"><\/span>15. Snoezelen Olomouc<span class=\"ez-toc-section-end\"><\/span><\/h3>\n\n\n\n<figure data-wp-context=\"{&quot;imageId&quot;:&quot;6a952c5d0e1f6&quot;}\" data-wp-interactive=\"core\/image\" data-wp-key=\"6a952c5d0e1f6\" class=\"wp-block-image size-full wp-lightbox-container\"><img decoding=\"async\" width=\"1200\" height=\"800\" data-wp-class--hide=\"state.isContentHidden\" data-wp-class--show=\"state.isContentVisible\" data-wp-init=\"callbacks.setButtonStyles\" data-wp-on--click=\"actions.showLightbox\" data-wp-on--load=\"callbacks.setButtonStyles\" data-wp-on--pointerdown=\"actions.preloadImage\" data-wp-on--pointerenter=\"actions.preloadImageWithDelay\" data-wp-on--pointerleave=\"actions.cancelPreload\" data-wp-on-window--resize=\"callbacks.setButtonStyles\" src=\"https:\/\/loudavymkrokem.cz\/wp-content\/uploads\/2026\/08\/olomouc-s-detmi-snoezelen.jpg\" alt=\"Moniaistinen leikkipaikka Snoezelen Olomouc v\u00e4rikk\u00e4ine valaistuksineen\" class=\"wp-image-403598\" title=\"\" srcset=\"https:\/\/loudavymkrokem.cz\/wp-content\/uploads\/2026\/08\/olomouc-s-detmi-snoezelen.jpg 1200w, https:\/\/loudavymkrokem.cz\/wp-content\/uploads\/2026\/08\/olomouc-s-detmi-snoezelen-300x200.jpg 300w, https:\/\/loudavymkrokem.cz\/wp-content\/uploads\/2026\/08\/olomouc-s-detmi-snoezelen-700x467.jpg 700w, https:\/\/loudavymkrokem.cz\/wp-content\/uploads\/2026\/08\/olomouc-s-detmi-snoezelen-768x512.jpg 768w, https:\/\/loudavymkrokem.cz\/wp-content\/uploads\/2026\/08\/olomouc-s-detmi-snoezelen-696x464.jpg 696w\" sizes=\"(max-width: 1200px) 100vw, 1200px\" \/><button\n\t\t\tclass=\"lightbox-trigger\"\n\t\t\ttype=\"button\"\n\t\t\taria-haspopup=\"dialog\"\n\t\t\tdata-wp-bind--aria-label=\"state.thisImage.triggerButtonAriaLabel\"\n\t\t\tdata-wp-init=\"callbacks.initTriggerButton\"\n\t\t\tdata-wp-on--click=\"actions.showLightbox\"\n\t\t\tdata-wp-style--right=\"state.thisImage.buttonRight\"\n\t\t\tdata-wp-style--top=\"state.thisImage.buttonTop\"\n\t\t>\n\t\t\t<svg xmlns=\"http:\/\/www.w3.org\/2000\/svg\" width=\"12\" height=\"12\" fill=\"none\" viewBox=\"0 0 12 12\">\n\t\t\t\t<path fill=\"#fff\" d=\"M2 0a2 2 0 0 0-2 2v2h1.5V2a.5.5 0 0 1 .5-.5h2V0H2Zm2 10.5H2a.5.5 0 0 1-.5-.5V8H0v2a2 2 0 0 0 2 2h2v-1.5ZM8 12v-1.5h2a.5.5 0 0 0 .5-.5V8H12v2a2 2 0 0 1-2 2H8Zm2-12a2 2 0 0 1 2 2v2h-1.5V2a.5.5 0 0 0-.5-.5H8V0h2Z\" \/>\n\t\t\t<\/svg>\n\t\t<\/button><figcaption class=\"wp-element-caption\">Moniaistinen leikkipaikka Snoezelen toimii aivan eri tahdilla kuin tavalliset leikkipaikat | Kuva: Snoezelen Olomouc<\/figcaption><\/figure>\n\n\n\n<p class=\"wp-block-paragraph\">Osoitteessa Mari\u00e1nsk\u00e1 7 k\u00e4tkeytyy hieman erilainen leikkipaikka, jonka arvostat etenkin silloin, jos sinulla on hyvin pieni\u00e4 lapsia tai erityistarpeisia lapsia, jotka eiv\u00e4t kest\u00e4 isojen leikkipaikkojen tavallista melua. Snoezelen on nimitt\u00e4in rentouttava moniaistinen leikkipaikka, joka on suunniteltu rauhoittamaan ja hell\u00e4sti stimuloimaan aisteja (arvosana 4,5).<\/p>\n\n\n\n<p class=\"wp-block-paragraph\">T\u00e4\u00e4lt\u00e4 l\u00f6yd\u00e4t mit\u00e4 erilaisimpia valoelementtej\u00e4, kuplasylintereit\u00e4, rentouttavaa musiikkia ja miellytt\u00e4vi\u00e4 tuntomateriaaleja. Se on rauhan keidas keskell\u00e4 kaupunkia, jonne tullaan todella lep\u00e4\u00e4m\u00e4\u00e4n ja aistimaan maailmaa hieman toisenlaista, hitaampaa tahtia.<\/p>\n\n\n\n<h3 class=\"wp-block-heading\"><span class=\"ez-toc-section\" id=\"16_Perhehuvipuisto_Krokodylek\"><\/span>16. Perhehuvipuisto Krokod\u00fdlek<span class=\"ez-toc-section-end\"><\/span><\/h3>\n\n\n\n<figure data-wp-context=\"{&quot;imageId&quot;:&quot;6a952c5d0e60d&quot;}\" data-wp-interactive=\"core\/image\" data-wp-key=\"6a952c5d0e60d\" class=\"wp-block-image size-full wp-lightbox-container\"><img decoding=\"async\" width=\"1498\" height=\"1000\" data-wp-class--hide=\"state.isContentHidden\" data-wp-class--show=\"state.isContentVisible\" data-wp-init=\"callbacks.setButtonStyles\" data-wp-on--click=\"actions.showLightbox\" data-wp-on--load=\"callbacks.setButtonStyles\" data-wp-on--pointerdown=\"actions.preloadImage\" data-wp-on--pointerenter=\"actions.preloadImageWithDelay\" data-wp-on--pointerleave=\"actions.cancelPreload\" data-wp-on-window--resize=\"callbacks.setButtonStyles\" src=\"https:\/\/loudavymkrokem.cz\/wp-content\/uploads\/2026\/08\/olomouc-s-detmi-krokodylek.jpg\" alt=\"Lapsia ilmat\u00e4ytteisell\u00e4 laitteella Krokod\u00fdlek-huvipuistossa Olomoucissa\" class=\"wp-image-403596\" title=\"\" srcset=\"https:\/\/loudavymkrokem.cz\/wp-content\/uploads\/2026\/08\/olomouc-s-detmi-krokodylek.jpg 1498w, https:\/\/loudavymkrokem.cz\/wp-content\/uploads\/2026\/08\/olomouc-s-detmi-krokodylek-300x200.jpg 300w, https:\/\/loudavymkrokem.cz\/wp-content\/uploads\/2026\/08\/olomouc-s-detmi-krokodylek-700x467.jpg 700w, https:\/\/loudavymkrokem.cz\/wp-content\/uploads\/2026\/08\/olomouc-s-detmi-krokodylek-768x513.jpg 768w, https:\/\/loudavymkrokem.cz\/wp-content\/uploads\/2026\/08\/olomouc-s-detmi-krokodylek-696x465.jpg 696w, https:\/\/loudavymkrokem.cz\/wp-content\/uploads\/2026\/08\/olomouc-s-detmi-krokodylek-1392x929.jpg 1392w\" sizes=\"(max-width: 1498px) 100vw, 1498px\" \/><button\n\t\t\tclass=\"lightbox-trigger\"\n\t\t\ttype=\"button\"\n\t\t\taria-haspopup=\"dialog\"\n\t\t\tdata-wp-bind--aria-label=\"state.thisImage.triggerButtonAriaLabel\"\n\t\t\tdata-wp-init=\"callbacks.initTriggerButton\"\n\t\t\tdata-wp-on--click=\"actions.showLightbox\"\n\t\t\tdata-wp-style--right=\"state.thisImage.buttonRight\"\n\t\t\tdata-wp-style--top=\"state.thisImage.buttonTop\"\n\t\t>\n\t\t\t<svg xmlns=\"http:\/\/www.w3.org\/2000\/svg\" width=\"12\" height=\"12\" fill=\"none\" viewBox=\"0 0 12 12\">\n\t\t\t\t<path fill=\"#fff\" d=\"M2 0a2 2 0 0 0-2 2v2h1.5V2a.5.5 0 0 1 .5-.5h2V0H2Zm2 10.5H2a.5.5 0 0 1-.5-.5V8H0v2a2 2 0 0 0 2 2h2v-1.5ZM8 12v-1.5h2a.5.5 0 0 0 .5-.5V8H12v2a2 2 0 0 1-2 2H8Zm2-12a2 2 0 0 1 2 2v2h-1.5V2a.5.5 0 0 0-.5-.5H8V0h2Z\" \/>\n\t\t\t<\/svg>\n\t\t<\/button><figcaption class=\"wp-element-caption\">Krokod\u00fdlekissa on 25 laitetta 3 000 m\u00b2 alueella | Kuva: Krokod\u00fdlek Olomouc<\/figcaption><\/figure>\n\n\n\n<p class=\"wp-block-paragraph\">Kun sinun t\u00e4ytyy ottaa esiin raskaimmat aseet lasten tylsistymist\u00e4 vastaan, sinun on suunnattava Lazcen kaupunginosaan kadulle Florykova 556. T\u00e4\u00e4ll\u00e4 nimitt\u00e4in sijaitsee <a href=\"https:\/\/www.krokodylek-olomouc.cz\/\" target=\"_blank\" rel=\"nofollow noopener\">Krokod\u00fdlek<\/a>, yksi koko M\u00e4\u00e4rin suurimmista lasten huvipuistoista, joka ylpeilee kunnioitettavalla arvosanalla <strong>4,5 yhteens\u00e4 1 659 arvostelusta<\/strong>. Yli <strong>3 000 neli\u00f6metrin<\/strong> alueella levitt\u00e4ytyy uskomattomat <strong>25 j\u00e4ttilaitetta<\/strong>.<\/p>\n\n\n\n<p class=\"wp-block-paragraph\">Lapset eiv\u00e4t tied\u00e4 t\u00e4\u00e4ll\u00e4, minne rient\u00e4isiv\u00e4t ensin. T\u00e4\u00e4ll\u00e4 on mahtava puinen merirosvolaiva, kolmikerroksisia kiipeilytelineit\u00e4 liukum\u00e4kineen, trampoliineja, kiipeilysein\u00e4, laitteilla varustettu lampi, tykkiareena vaahtomuovipallotaisteluihin, moottoripy\u00f6r\u00e4rata ja ainutlaatuinen pin-art-paneeli 40 000 tikulla vartalon painamiseen. K\u00e4ytett\u00e4viss\u00e4 on my\u00f6s ravintola ja rauhallisempi nurkkaus lautapeleineen. Koko p\u00e4iv\u00e4n p\u00e4\u00e4symaksu perjantaista sunnuntaihin maksaa noin <strong>13,90 \u20ac (339 K\u010d) lasta ja 5,70 \u20ac (139 K\u010d) aikuista kohden<\/strong> (perhe 36 \u20ac \/ 879 K\u010d), maanantaista torstaihin se on edullisempi: noin <strong>10,60 \u20ac (259 K\u010d) lasta ja 4,90 \u20ac (119 K\u010d) aikuista kohden<\/strong> (perhe 29 \u20ac \/ 699 K\u010d). Voit valita my\u00f6s tuntikohtaisen p\u00e4\u00e4symaksun alkaen noin 4,50 \u20ac (109 K\u010d) lasta kohden.<\/p>\n\n\n\n<h3 class=\"wp-block-heading\"><span class=\"ez-toc-section\" id=\"17_Amazonie_Olomouc\"><\/span>17. Amazonie Olomouc<span class=\"ez-toc-section-end\"><\/span><\/h3>\n\n\n\n<p class=\"wp-block-paragraph\">Toinen suosittu turvapaikka sadep\u00e4ivien kartalla on lastenkeskus Amazonie osoitteessa Pra\u017esk\u00e1 255\/41 (arvosana 4,3). Se on klassinen, mutta eritt\u00e4in hyvin varusteltu sis\u00e4leikkipaikka, joka on ihanteellinen niin\u00e4 p\u00e4ivin\u00e4, jolloin lasten t\u00e4ytyy yksinkertaisesti kiivet\u00e4, hyp\u00e4t\u00e4 ja liukua.<\/p>\n\n\n\n<p class=\"wp-block-paragraph\">Sis\u00e4ll\u00e4 heit\u00e4 odottaa j\u00e4ttim\u00e4inen usean kerroksen l\u00e4pi ulottuva kiipeilyteline, pomppulinna ponnahdusten yst\u00e4ville, paljon turvallisesti pehmustettuja keinuja, nopeita liukum\u00e4ki\u00e4 ja tietysti niin suosittu valtava allas t\u00e4ynn\u00e4 v\u00e4rikk\u00e4it\u00e4 muovipalloja, josta lapsia ei yleens\u00e4 saa mill\u00e4\u00e4n ulos.<\/p>\n\n\n\n<h3 class=\"wp-block-heading\"><span class=\"ez-toc-section\" id=\"18_Koysipuisto_PROUD\"><\/span>18. K\u00f6ysipuisto PROUD<span class=\"ez-toc-section-end\"><\/span><\/h3>\n\n\n\n<p class=\"wp-block-paragraph\">Ehk\u00e4 ajattelet, ettei k\u00f6ysipuisto pienten lasten kanssa k\u00e4y j\u00e4rkeen, mutta PROUD-toimipiste kadulla Lazeck\u00e1 50\/49 saa sinut muuttamaan mielesi (loistava arvosana <strong>4,6 yhteens\u00e4 347 arvostelusta<\/strong>). Heill\u00e4 on nimitt\u00e4in tekemist\u00e4 suunniteltu niin, ett\u00e4 kaikki ik\u00e4luokat p\u00e4\u00e4sev\u00e4t nauttimaan.<\/p>\n\n\n\n<p class=\"wp-block-paragraph\">Isommille lapsille ja aikuisille tarkoitettujen korkeiden esteiden lis\u00e4ksi t\u00e4\u00e4lt\u00e4 l\u00f6yd\u00e4t mit\u00e4 erilaisimpia keinuja, valtavia maahan upotettuja ilmatrampoliineja, vesipatjoja ja ennen kaikkea matalia k\u00f6ysiesteit\u00e4 maanpinnalla, jotka ovat turvallisia ja <strong>sopivia jo yli 1-vuotiaille lapsille<\/strong>. Se on loistava paikka karkeamotoriikan ja tasapainon harjoitteluun.<\/p>\n\n\n\n<h3 class=\"wp-block-heading\"><span class=\"ez-toc-section\" id=\"19_Olomoucin_kotiseutumuseo\"><\/span>19. Olomoucin kotiseutumuseo<span class=\"ez-toc-section-end\"><\/span><\/h3>\n\n\n\n<figure data-wp-context=\"{&quot;imageId&quot;:&quot;6a952c5d0ec38&quot;}\" data-wp-interactive=\"core\/image\" data-wp-key=\"6a952c5d0ec38\" class=\"wp-block-image size-full wp-lightbox-container\"><img decoding=\"async\" width=\"2200\" height=\"1467\" data-wp-class--hide=\"state.isContentHidden\" data-wp-class--show=\"state.isContentVisible\" data-wp-init=\"callbacks.setButtonStyles\" data-wp-on--click=\"actions.showLightbox\" data-wp-on--load=\"callbacks.setButtonStyles\" data-wp-on--pointerdown=\"actions.preloadImage\" data-wp-on--pointerenter=\"actions.preloadImageWithDelay\" data-wp-on--pointerleave=\"actions.cancelPreload\" data-wp-on-window--resize=\"callbacks.setButtonStyles\" src=\"https:\/\/loudavymkrokem.cz\/wp-content\/uploads\/2026\/08\/olomouc-s-detmi-muzeum-umeni.jpg\" alt=\"Olomoucin taidemuseon rakennus\" class=\"wp-image-401036\" title=\"\" srcset=\"https:\/\/loudavymkrokem.cz\/wp-content\/uploads\/2026\/08\/olomouc-s-detmi-muzeum-umeni.jpg 2200w, https:\/\/loudavymkrokem.cz\/wp-content\/uploads\/2026\/08\/olomouc-s-detmi-muzeum-umeni-300x200.jpg 300w, https:\/\/loudavymkrokem.cz\/wp-content\/uploads\/2026\/08\/olomouc-s-detmi-muzeum-umeni-700x467.jpg 700w, https:\/\/loudavymkrokem.cz\/wp-content\/uploads\/2026\/08\/olomouc-s-detmi-muzeum-umeni-768x512.jpg 768w, https:\/\/loudavymkrokem.cz\/wp-content\/uploads\/2026\/08\/olomouc-s-detmi-muzeum-umeni-1536x1024.jpg 1536w, https:\/\/loudavymkrokem.cz\/wp-content\/uploads\/2026\/08\/olomouc-s-detmi-muzeum-umeni-2048x1366.jpg 2048w, https:\/\/loudavymkrokem.cz\/wp-content\/uploads\/2026\/08\/olomouc-s-detmi-muzeum-umeni-696x464.jpg 696w, https:\/\/loudavymkrokem.cz\/wp-content\/uploads\/2026\/08\/olomouc-s-detmi-muzeum-umeni-1392x928.jpg 1392w, https:\/\/loudavymkrokem.cz\/wp-content\/uploads\/2026\/08\/olomouc-s-detmi-muzeum-umeni-1920x1280.jpg 1920w\" sizes=\"(max-width: 2200px) 100vw, 2200px\" \/><button\n\t\t\tclass=\"lightbox-trigger\"\n\t\t\ttype=\"button\"\n\t\t\taria-haspopup=\"dialog\"\n\t\t\tdata-wp-bind--aria-label=\"state.thisImage.triggerButtonAriaLabel\"\n\t\t\tdata-wp-init=\"callbacks.initTriggerButton\"\n\t\t\tdata-wp-on--click=\"actions.showLightbox\"\n\t\t\tdata-wp-style--right=\"state.thisImage.buttonRight\"\n\t\t\tdata-wp-style--top=\"state.thisImage.buttonTop\"\n\t\t>\n\t\t\t<svg xmlns=\"http:\/\/www.w3.org\/2000\/svg\" width=\"12\" height=\"12\" fill=\"none\" viewBox=\"0 0 12 12\">\n\t\t\t\t<path fill=\"#fff\" d=\"M2 0a2 2 0 0 0-2 2v2h1.5V2a.5.5 0 0 1 .5-.5h2V0H2Zm2 10.5H2a.5.5 0 0 1-.5-.5V8H0v2a2 2 0 0 0 2 2h2v-1.5ZM8 12v-1.5h2a.5.5 0 0 0 .5-.5V8H12v2a2 2 0 0 1-2 2H8Zm2-12a2 2 0 0 1 2 2v2h-1.5V2a.5.5 0 0 0-.5-.5H8V0h2Z\" \/>\n\t\t\t<\/svg>\n\t\t<\/button><figcaption class=\"wp-element-caption\">Olomoucin museot sijaitsevat historiallisissa rakennuksissa aivan keskustassa<\/figcaption><\/figure>\n\n\n\n<p class=\"wp-block-paragraph\">Jos haluat mieluummin hivenen kulttuuria ja sivistyst\u00e4 kuivin jaloin, kotiseutumuseo osoitteessa n\u00e1m\u011bst\u00ed Republiky 5 on erinomainen valinta, jota kehuu yli 900 k\u00e4vij\u00e4\u00e4 keskiarvolla 4,5. Se ei ole mik\u00e4\u00e4n p\u00f6lyinen tylsyys t\u00e4ynn\u00e4 koskemiskieltoja vitriinien luona.<\/p>\n\n\n\n<p class=\"wp-block-paragraph\">Museo kartoittaa hyvin kauniisti ja mukaansatempaavasti kaupungin ja koko alueen historiaa, ja siin\u00e4 on kaunis luonton\u00e4yttely. N\u00e4yttelyt pyrkiv\u00e4t pysym\u00e4\u00e4n ajan hermolla, joten niist\u00e4 l\u00f6yd\u00e4t paljon interaktiivisia elementtej\u00e4, kosketusn\u00e4ytt\u00f6j\u00e4 ja esittelyj\u00e4, jotka pit\u00e4v\u00e4t lasten mielenkiinnon yll\u00e4 vaivatta.<\/p>\n\n\n\n<h3 class=\"wp-block-heading\"><span class=\"ez-toc-section\" id=\"20_Kummitustalo\"><\/span>20. Kummitustalo<span class=\"ez-toc-section-end\"><\/span><\/h3>\n\n\n\n<figure data-wp-context=\"{&quot;imageId&quot;:&quot;6a952c5d0f594&quot;}\" data-wp-interactive=\"core\/image\" data-wp-key=\"6a952c5d0f594\" class=\"wp-block-image size-full wp-lightbox-container\"><img decoding=\"async\" width=\"1024\" height=\"1536\" data-wp-class--hide=\"state.isContentHidden\" data-wp-class--show=\"state.isContentVisible\" data-wp-init=\"callbacks.setButtonStyles\" data-wp-on--click=\"actions.showLightbox\" data-wp-on--load=\"callbacks.setButtonStyles\" data-wp-on--pointerdown=\"actions.preloadImage\" data-wp-on--pointerenter=\"actions.preloadImageWithDelay\" data-wp-on--pointerleave=\"actions.cancelPreload\" data-wp-on-window--resize=\"callbacks.setButtonStyles\" src=\"https:\/\/loudavymkrokem.cz\/wp-content\/uploads\/2026\/08\/olomouc-s-detmi-strasidelny-dum.jpg\" alt=\"Aavemainen hahmo Olomoucin kummitustalossa\" class=\"wp-image-403603\" title=\"\" srcset=\"https:\/\/loudavymkrokem.cz\/wp-content\/uploads\/2026\/08\/olomouc-s-detmi-strasidelny-dum.jpg 1024w, https:\/\/loudavymkrokem.cz\/wp-content\/uploads\/2026\/08\/olomouc-s-detmi-strasidelny-dum-200x300.jpg 200w, https:\/\/loudavymkrokem.cz\/wp-content\/uploads\/2026\/08\/olomouc-s-detmi-strasidelny-dum-700x1050.jpg 700w, https:\/\/loudavymkrokem.cz\/wp-content\/uploads\/2026\/08\/olomouc-s-detmi-strasidelny-dum-768x1152.jpg 768w, https:\/\/loudavymkrokem.cz\/wp-content\/uploads\/2026\/08\/olomouc-s-detmi-strasidelny-dum-696x1044.jpg 696w\" sizes=\"(max-width: 1024px) 100vw, 1024px\" \/><button\n\t\t\tclass=\"lightbox-trigger\"\n\t\t\ttype=\"button\"\n\t\t\taria-haspopup=\"dialog\"\n\t\t\tdata-wp-bind--aria-label=\"state.thisImage.triggerButtonAriaLabel\"\n\t\t\tdata-wp-init=\"callbacks.initTriggerButton\"\n\t\t\tdata-wp-on--click=\"actions.showLightbox\"\n\t\t\tdata-wp-style--right=\"state.thisImage.buttonRight\"\n\t\t\tdata-wp-style--top=\"state.thisImage.buttonTop\"\n\t\t>\n\t\t\t<svg xmlns=\"http:\/\/www.w3.org\/2000\/svg\" width=\"12\" height=\"12\" fill=\"none\" viewBox=\"0 0 12 12\">\n\t\t\t\t<path fill=\"#fff\" d=\"M2 0a2 2 0 0 0-2 2v2h1.5V2a.5.5 0 0 1 .5-.5h2V0H2Zm2 10.5H2a.5.5 0 0 1-.5-.5V8H0v2a2 2 0 0 0 2 2h2v-1.5ZM8 12v-1.5h2a.5.5 0 0 0 .5-.5V8H12v2a2 2 0 0 1-2 2H8Zm2-12a2 2 0 0 1 2 2v2h-1.5V2a.5.5 0 0 0-.5-.5H8V0h2Z\" \/>\n\t\t\t<\/svg>\n\t\t<\/button><figcaption class=\"wp-element-caption\">Kummitustalo on todella vain isommille lapsille | Kuva: Stra\u0161ideln\u00fd d\u016fm Olomouc<\/figcaption><\/figure>\n\n\n\n<p class=\"wp-block-paragraph\">Onko sinulla kotona jo hieman isompia lapsia, joita klassiset leikkipaikat tylsistytt\u00e4v\u00e4t ja jotka etsiv\u00e4t enemm\u00e4n adrenaliinia? Suuntaa silloin kadulle Komensk\u00e9ho 865, josta l\u00f6yd\u00e4t Kummitustalon aivan uskomattomalla arvosanalla <strong>4,9 yli 400 arvostelusta<\/strong>. Varoitan kuitenkin j\u00e4lleen rehellisesti, t\u00e4m\u00e4 on <strong>todella vain isommille ja rohkeammille lapsille<\/strong>, pienet t\u00e4m\u00e4 varmasti pel\u00e4stytt\u00e4isi itkuun.<\/p>\n\n\n\n<p class=\"wp-block-paragraph\">Kyseess\u00e4 on pime\u00e4 adrenaliinikierros huolellisesti rakennetulla kauhutarinalla, jonka teema lis\u00e4ksi uudistuu ja muuttuu joka vuosi, joten se ei k\u00e4y tyls\u00e4ksi. Jos etsit viel\u00e4 lis\u00e4\u00e4 viihdett\u00e4 teini-ik\u00e4isille, hieman kauempana kaupungissa toimii my\u00f6s erinomaisesti arvosteltu pakohuonepeli <strong>Mistr \u00faniku<\/strong>, jossa t\u00e4ytyy panna p\u00e4\u00e4t t\u00f6ihin, jotta p\u00e4\u00e4see ulos aikarajassa.<\/p>\n\n\n\n<!-- LKM_GYG_CARD start q=\"olomouc detmi\" lang=\"fi\" rendered=\"2026-08-31T02:18:16+00:00\" v=\"1\" -->\n<style id=\"lk-gyg-styles\">\n@import url(\"https:\/\/fonts.googleapis.com\/css2?family=Playfair+Display:wght@700&family=DM+Sans:wght@300;400;500;600&display=swap\");\n\/* === LK GYG karty \u2014 CRO redesign 2026-05 (namespace .lkx-) ===\n   C\u00edl: vy\u0161\u0161\u00ed CTR (hero + v\u00fdrazn\u00fd social proof + ak\u010dn\u00ed CTA, m\u00e9n\u011b \"reklamn\u00ed\").\n   Injektuje se inline do prvn\u00edho markeru postu (refresh_cards.py --inline-css). *\/\n.lkx-module, .lkx-module *{box-sizing:border-box;margin:0;padding:0}\n.lkx-module{\n  font-family:'DM Sans',-apple-system,Segoe UI,Roboto,Georgia,sans-serif;\n  max-width:860px;margin:2.5rem auto;color:#1f2328;\n}\n\n\/* HEADER \u2014 lehk\u00fd editorsk\u00fd, \u017e\u00e1dn\u00fd bannerov\u00fd blok; nadpis + popisek pod n\u00edm *\/\n.lkx-head{margin-bottom:16px}\n.lkx-head-main{display:flex;align-items:center;gap:10px}\n.lkx-head-accent{width:26px;height:3px;border-radius:2px;background:#c39f76;flex-shrink:0}\n.lkx-head-title{font-family:'Playfair Display',Georgia,serif;font-size:21px;font-weight:700;color:#1a1a1a;line-height:1.25}\n.lkx-head-meta{display:block;font-size:11px;letter-spacing:.3px;color:#9aa0a6;margin-top:4px;margin-left:36px}\n\n\/* HERO *\/\n.lkx-hero{display:grid;grid-template-columns:300px 1fr;background:#fff;border:1px solid #ece7df;border-radius:14px;overflow:hidden;text-decoration:none!important;color:inherit;box-shadow:0 6px 20px rgba(0,0,0,.06);transition:box-shadow .2s,transform .2s;margin-bottom:14px}\n.lkx-hero:hover{box-shadow:0 12px 30px rgba(0,0,0,.12);transform:translateY(-2px)}\n.lkx-hero-img{position:relative;min-height:230px;background-size:cover;background-position:center;background-color:#eee}\n.lkx-hero-body{padding:22px 24px;display:flex;flex-direction:column}\n.lkx-pick{position:absolute;top:12px;left:12px;background:#1a1a1a;color:#fff;font-size:11px;font-weight:700;letter-spacing:.5px;padding:5px 11px;border-radius:20px}\n\n\/* TITLE *\/\n.lkx-title{font-size:19px;font-weight:700;color:#161616;line-height:1.3}\n.lkx-title-sm{font-size:14.5px;line-height:1.35;display:-webkit-box;-webkit-line-clamp:2;-webkit-box-orient:vertical;overflow:hidden}\n\n\/* SOCIAL PROOF \u2014 v\u00fdrazn\u011b, naho\u0159e *\/\n.lkx-proof{display:flex;align-items:center;gap:7px;margin-top:12px;font-size:15px;color:#3a3a3a}\n.lkx-proof b{font-size:16px;color:#161616}\n.lkx-stars{color:#f5a623;letter-spacing:1px}\n.lkx-proof-sm{font-size:12.5px;margin-top:8px;gap:5px}\n.lkx-proof-sm b{font-size:13px}\n.lkx-proof-new{color:#3685fc;font-weight:600}\n\n\/* PRICE \u2014 n\u00edzk\u00e1 kotva *\/\n.lkx-price{font-size:14px;color:#6b7280}\n.lkx-price b{font-size:20px;color:#161616;font-weight:700}\n.lkx-price-sm b{font-size:15px}\n\n\/* CTA \u2014 tepl\u00e9 ak\u010dn\u00ed tla\u010d\u00edtko *\/\n.lkx-cta{display:inline-flex;align-items:center;justify-content:center;text-decoration:none!important;font-weight:700;color:#fff!important;background:linear-gradient(135deg,#f6743f,#e8552a);border-radius:10px;box-shadow:0 6px 16px rgba(232,85,42,.32);transition:box-shadow .2s}\n.lkx-cta-hero{font-size:15px;padding:13px 22px}\n.lkx-hero:hover .lkx-cta-hero{box-shadow:0 8px 22px rgba(232,85,42,.45)}\n.lkx-cta-sm{font-size:12.5px;padding:9px 14px;width:100%;margin-top:2px}\n.lkx-hero-bottom{margin-top:auto;padding-top:18px;display:flex;align-items:center;justify-content:space-between;gap:14px;flex-wrap:wrap}\n\n\/* BADGE \u2014 jeden v\u00fdrazn\u00fd na fotce *\/\n.lkx-badge{position:absolute;top:12px;right:12px;font-size:10.5px;font-weight:700;letter-spacing:.3px;padding:5px 10px;border-radius:16px;color:#fff}\n.lkx-badge.badge-urgency{background:rgba(214,40,40,.92)}\n.lkx-badge.badge-new{background:rgba(54,133,252,.92)}\n.lkx-badge.badge-top{background:rgba(195,159,118,.95)}\n.lkx-badge.badge-info{background:rgba(40,40,40,.78)}\n\n\/* SECONDARY GRID *\/\n.lkx-grid{display:grid;grid-template-columns:1fr 1fr;gap:14px}\n.lkx-card{background:#fff;border:1px solid #ece7df;border-radius:14px;overflow:hidden;text-decoration:none!important;color:inherit;box-shadow:0 4px 14px rgba(0,0,0,.05);display:flex;flex-direction:column;transition:box-shadow .2s,transform .2s}\n.lkx-card:hover{box-shadow:0 10px 24px rgba(0,0,0,.1);transform:translateY(-2px)}\n.lkx-card-img{position:relative;aspect-ratio:16\/10;background-size:cover;background-position:center;background-color:#eee}\n.lkx-card-body{padding:14px 16px 16px;display:flex;flex-direction:column;gap:7px;flex:1}\n.lkx-card-bottom{margin-top:auto;padding-top:10px;display:flex;align-items:center;justify-content:space-between;gap:8px}\n\n\/* DISCLOSURE \u2014 drobn\u00e1, kv\u016fli d\u016fv\u011b\u0159e\/z\u00e1konu *\/\n.lkx-disclosure{font-size:11px;color:#a7adb3;text-align:center;margin-top:14px;line-height:1.6}\n.lkx-disclosure a{color:#c39f76;text-decoration:none}\n\n@media(max-width:680px){\n  .lkx-hero{grid-template-columns:1fr}\n  .lkx-hero-img{min-height:180px}\n  .lkx-grid{grid-template-columns:1fr}\n  .lkx-head-meta{margin-left:0;width:100%}\n  .lkx-head-title{font-size:19px}\n}\n\n<\/style>\n<div class=\"lkx-module\" data-query=\"olomouc detmi\">\n  <div class=\"lkx-head\">\n    <div class=\"lkx-head-main\">\n      <span class=\"lkx-head-accent\"><\/span>\n      <span class=\"lkx-head-title\">El\u00e4mykset ja liput<\/span>\n    <\/div>\n    <span class=\"lkx-head-meta\">matkailijoiden arvioima \u00b7 GetYourGuide<\/span>\n  <\/div><a class=\"lkx-hero\" href=\"https:\/\/www.getyourguide.com\/fi-fi\/brnossa-l1424\/paras-laskuvarjohyppy-brnon-ja-olomoucin-lahella-t697519\/?partner_id=MKZ64IS&amp;utm_medium=online_publisher&amp;cmp=olomouc-lasten-kanssa\" target=\"_blank\" rel=\"sponsored noopener nofollow\">\n    <div class=\"lkx-hero-img\" style=\"background-image:url('https:\/\/cdn.getyourguide.com\/img\/tour\/77314017c5d8a79fe7c540650c4d90b10bab06f07726e27d012e895880f664e4.jpeg\/132.jpg')\" role=\"img\" aria-label=\"Paras laskuvarjohyppy Brnon ja Olomoucin l\u00e4hell\u00e4\">\n      <span class=\"lkx-pick\">\u2605 Suosituksemme<\/span><\/div>\n    <div class=\"lkx-hero-body\">\n      <div class=\"lkx-title\">Paras laskuvarjohyppy Brnon ja Olomoucin l\u00e4hell\u00e4<\/div>\n      <div class=\"lkx-proof\">\n      <span class=\"lkx-stars\">\u2605\u2605\u2605\u2605\u2605<\/span>\n      <b>5.0<\/b> \u00b7 3 arvostelua\n    <\/div>\n      <div class=\"lkx-hero-bottom\"><div class=\"lkx-price\">alkaen <b>294\u00a0\u20ac<\/b><\/div><span class=\"lkx-cta lkx-cta-hero\">Haluan t\u00e4m\u00e4n el\u00e4myksen \u2192<\/span>\n      <\/div>\n    <\/div>\n  <\/a><div class=\"lkx-grid\"><a class=\"lkx-card\" href=\"https:\/\/www.getyourguide.com\/fi-fi\/brnossa-l1424\/absurdia-illuusiomuseon-paasylippu-t1105361\/?partner_id=MKZ64IS&amp;utm_medium=online_publisher&amp;cmp=olomouc-lasten-kanssa\" target=\"_blank\" rel=\"sponsored noopener nofollow\">\n      <div class=\"lkx-card-img\" style=\"background-image:url('https:\/\/cdn.getyourguide.com\/img\/tour\/81f87563c34900e45fa37c969e3b68ed43f57ac33fe371213200ed915b5697a9.jpg\/132.jpg')\" role=\"img\" aria-label=\"Absurdia Brno - Illuusiomuseon p\u00e4\u00e4sylippu\"><\/div>\n      <div class=\"lkx-card-body\">\n        <div class=\"lkx-title lkx-title-sm\">Absurdia Brno &#8211; Illuusiomuseon p\u00e4\u00e4sylippu<\/div>\n        <div class=\"lkx-proof lkx-proof-sm\">\n      <span class=\"lkx-stars\">\u2605<\/span>\n      <b>4.1<\/b> \u00b7 11\n    <\/div>\n        <div class=\"lkx-card-bottom\"><span class=\"lkx-price lkx-price-sm\">alkaen <b>13\u00a0\u20ac<\/b><\/span><span class=\"lkx-cta lkx-cta-sm\">Katso p\u00e4iv\u00e4m\u00e4\u00e4r\u00e4t \u2192<\/span>\n        <\/div>\n      <\/div>\n    <\/a><a class=\"lkx-card\" href=\"https:\/\/www.getyourguide.com\/fi-fi\/brnossa-l1424\/brno-historiallinen-keskustan-kavelykierros-t57580\/?partner_id=MKZ64IS&amp;utm_medium=online_publisher&amp;cmp=olomouc-lasten-kanssa\" target=\"_blank\" rel=\"sponsored noopener nofollow\">\n      <div class=\"lkx-card-img\" style=\"background-image:url('https:\/\/cdn.getyourguide.com\/img\/tour\/562e037e75f0f.jpeg\/132.jpg')\" role=\"img\" aria-label=\"Brno: Historiallinen keskustan k\u00e4velykierros\"><\/div>\n      <div class=\"lkx-card-body\">\n        <div class=\"lkx-title lkx-title-sm\">Brno: Historiallinen keskustan k\u00e4velykierros<\/div>\n        <div class=\"lkx-proof lkx-proof-sm\">\n      <span class=\"lkx-stars\">\u2605<\/span>\n      <b>4.0<\/b> \u00b7 339\n    <\/div>\n        <div class=\"lkx-card-bottom\"><span class=\"lkx-price lkx-price-sm\">alkaen <b>30\u00a0\u20ac<\/b><\/span><span class=\"lkx-cta lkx-cta-sm\">Katso p\u00e4iv\u00e4m\u00e4\u00e4r\u00e4t \u2192<\/span>\n        <\/div>\n      <\/div>\n    <\/a><\/div><div class=\"lkx-disclosure\">\ud83d\udd17 N\u00e4m\u00e4 ovat kumppanilinkkej\u00e4 \u2014 ne eiv\u00e4t muuta hintaasi ja auttavat meit\u00e4 tekem\u00e4\u00e4n sis\u00e4lt\u00f6\u00e4. \u00b7 <a href=\"https:\/\/www.getyourguide.com\/fi-fi\/s\/?q=olomouc+detmi&amp;partner_id=MKZ64IS&amp;utm_medium=online_publisher\" target=\"_blank\" rel=\"sponsored noopener nofollow\">Kaikki el\u00e4mykset \u2192<\/a><\/div>\n<\/div>\n<!-- LKM_GYG_CARD end -->\n\n\n\n\n<div class=\"lk-stays-module\">\n<style>\n\/* \u2500\u2500\u2500 RESET PRO GUTENBERG \u2500\u2500\u2500 *\/\n.lk-stays-module * { box-sizing: border-box; margin: 0; padding: 0; }\n\n\/* \u2500\u2500\u2500 WRAPPER \u2500\u2500\u2500 *\/\n.lk-stays-module {\n  font-family: 'DM Sans', Georgia, sans-serif;\n  max-width: 100%;\n  margin: 2.5rem auto;\n  background: linear-gradient(135deg, #fdfaf5 0%, #fcf8f0 100%);\n  border: 1px solid #e8dfd4;\n  border-radius: 16px;\n  overflow: hidden;\n  box-shadow: 0 16px 48px rgba(195, 159, 118, 0.25), 0 4px 12px rgba(0,0,0,0.08);\n}\n\n\/* \u2500\u2500\u2500 HEADER \u2500\u2500\u2500 *\/\n.lk-stays-header {\n  position: relative;\n  padding: 24px 36px 24px;\n  background: linear-gradient(135deg, #c39f76 0%, #d4b188 60%, #c39f76 100%);\n  border-bottom: 1px solid rgba(255,255,255,.15);\n  display: flex;\n  align-items: center;\n  gap: 18px;\n}\n.lk-stays-header::before {\n  content: '';\n  position: absolute;\n  inset: 0;\n  background: url(\"data:image\/svg+xml,%3Csvg width='60' height='60' viewBox='0 0 60 60' xmlns='http:\/\/www.w3.org\/2000\/svg'%3E%3Cg fill='none' fill-rule='evenodd'%3E%3Cg fill='%23ffffff' fill-opacity='0.05'%3E%3Cpath d='M36 34v-4h-2v4h-4v2h4v4h2v-4h4v-2h-4zm0-30V0h-2v4h-4v2h4v4h2V6h4V4h-4zM6 34v-4H4v4H0v2h4v4h2v-4h4v-2H6zM6 4V0H4v4H0v2h4v4h2V6h4V4H6z'\/%3E%3C\/g%3E%3C\/g%3E%3C\/svg%3E\") repeat;\n  pointer-events: none;\n}\n.lk-stays-icon {\n  flex-shrink: 0;\n  width: 68px;\n  height: 68px;\n  border-radius: 14px;\n  background: linear-gradient(135deg, #fff 0%, #f9f6f0 100%);\n  display: flex;\n  align-items: center;\n  justify-content: center;\n  font-size: 26px;\n  box-shadow: 0 4px 12px rgba(0,0,0,0.15);\n}\n.lk-stays-eyebrow {\n  font-size: 10px;\n  font-weight: 500;\n  letter-spacing: 2.5px;\n  text-transform: uppercase;\n  color: rgba(255,255,255,.85);\n  margin: 0 0 5px 0;\n}\n.lk-stays-title {\n  font-family: 'Playfair Display', Georgia, serif;\n  font-size: 24px;\n  font-weight: 700;\n  color: #fff;\n  line-height: 1.2;\n  text-shadow: 0 1px 2px rgba(0,0,0,0.1);\n  margin: 0;\n}\n.lk-stays-subtitle {\n  font-size: 13px;\n  color: rgba(255,255,255,.75);\n  margin: 4px 0 0 0;\n  font-weight: 300;\n}\n\n\/* \u2500\u2500\u2500 CARDS GRID \u2500\u2500\u2500 *\/\n.lk-stays-grid {\n  display: grid;\n  grid-template-columns: 1fr 1fr;\n  gap: 1px;\n  background: rgba(195, 159, 118, 0.12);\n}\n\n\/* \u2500\u2500\u2500 SINGLE CARD \u2500\u2500\u2500 *\/\n.lk-stay-card {\n  background: #ffffff;\n  padding: 26px;\n  display: flex;\n  flex-direction: column;\n  gap: 11px;\n  transition: all 0.3s ease;\n  text-decoration: none;\n  color: inherit;\n  position: relative;\n}\n.lk-stay-card:hover {\n  background: #fffbf5;\n  transform: translateY(-2px);\n  box-shadow: 0 8px 24px rgba(195, 159, 118, 0.18);\n  z-index: 1;\n}\n.lk-stay-card.featured {\n  background: linear-gradient(135deg, #fffdf9 0%, #fff9f0 100%);\n  box-shadow: 0 4px 16px rgba(195, 159, 118, 0.15), inset 0 1px 0 rgba(195, 159, 118, 0.1);\n}\n.lk-stay-card.featured:hover {\n  background: linear-gradient(135deg, #fffbf5 0%, #fff8ed 100%);\n  box-shadow: 0 8px 24px rgba(195, 159, 118, 0.25), inset 0 1px 0 rgba(195, 159, 118, 0.15);\n}\n\n.lk-stay-badge {\n  display: inline-flex;\n  align-items: center;\n  gap: 5px;\n  font-size: 10px;\n  font-weight: 500;\n  letter-spacing: 1.5px;\n  text-transform: uppercase;\n  padding: 5px 11px;\n  border-radius: 20px;\n  width: fit-content;\n}\n.badge-top     { background: linear-gradient(135deg, #c39f76 0%, #d4b188 100%); color: #fff; border: 1px solid #c39f76; font-weight: 600; box-shadow: 0 2px 8px rgba(195,159,118,0.3); }\n.badge-luxury  { background: rgba(195,159,118,.12); color: #c39f76; border: 1px solid rgba(195,159,118,.25); }\n.badge-boutique{ background: rgba(54,133,252,.08); color: #3685fc; border: 1px solid rgba(54,133,252,.2); }\n.badge-nature  { background: rgba(130,190,100,.1); color: #6b9c4a; border: 1px solid rgba(130,190,100,.2); }\n.badge-remote  { background: rgba(195,159,118,.12); color: #a67e50; border: 1px solid rgba(195,159,118,.25); }\n\n.lk-stay-name {\n  font-family: 'Playfair Display', Georgia, serif;\n  font-size: 18px;\n  font-weight: 700;\n  color: #111827;\n  line-height: 1.3;\n}\n.lk-stay-desc {\n  font-size: 13.5px;\n  color: #525252;\n  line-height: 1.65;\n  font-weight: 300;\n  flex: 1;\n}\n\n.lk-stay-meta {\n  display: flex;\n  align-items: center;\n  gap: 12px;\n  flex-wrap: wrap;\n  margin-top: 4px;\n}\n.lk-stay-price {\n  font-size: 13px;\n  color: #6b7280;\n}\n.lk-stay-price strong {\n  color: #c39f76;\n  font-weight: 500;\n}\n.lk-stay-stars {\n  color: #c39f76;\n  font-size: 11px;\n  letter-spacing: 1px;\n}\n\n\/* \u2500\u2500\u2500 CTA BUTTON \u2500\u2500\u2500 *\/\n.lk-stay-cta {\n  display: inline-flex;\n  align-items: center;\n  justify-content: center;\n  gap: 7px;\n  margin-top: 8px;\n  padding: 11px 20px;\n  border-radius: 8px;\n  background: linear-gradient(135deg, #3685fc 0%, #2a6fd9 100%);\n  color: #fff;\n  font-size: 13px;\n  font-weight: 500;\n  text-decoration: none;\n  letter-spacing: .3px;\n  transition: all .2s ease;\n  cursor: pointer;\n  border: none;\n  text-align: center;\n  box-shadow: 0 4px 12px rgba(54, 133, 252, 0.25);\n}\n.lk-stay-cta:hover {\n  background: linear-gradient(135deg, #2a6fd9 0%, #1e5bc4 100%);\n  transform: translateY(-1px);\n  box-shadow: 0 6px 16px rgba(54, 133, 252, 0.35);\n}\n.lk-stay-cta svg { flex-shrink: 0; }\n\n\/* \u2500\u2500\u2500 FOOTER \u2500\u2500\u2500 *\/\n.lk-stays-footer {\n  padding: 18px 36px;\n  background: linear-gradient(to bottom, #fdfaf5 0%, #f9f4ed 100%);\n  border-top: 1px solid rgba(195, 159, 118, 0.15);\n  display: flex;\n  align-items: center;\n  justify-content: space-between;\n  flex-wrap: wrap;\n  gap: 12px;\n}\n.lk-stays-footer-note {\n  font-size: 11.5px;\n  color: #6b7280;\n  font-weight: 300;\n  line-height: 1.5;\n}\n.lk-stays-footer-note a {\n  color: #c39f76;\n  text-decoration: none;\n  font-weight: 400;\n}\n.lk-stays-footer-note a:hover {\n  text-decoration: underline;\n}\n.lk-stays-all-btn {\n  display: inline-flex;\n  align-items: center;\n  gap: 6px;\n  font-size: 12.5px;\n  font-weight: 500;\n  color: #c39f76;\n  text-decoration: none;\n  border: 1px solid rgba(195, 159, 118, 0.35);\n  padding: 8px 18px;\n  border-radius: 8px;\n  transition: all .2s ease;\n}\n.lk-stays-all-btn:hover {\n  background: rgba(195, 159, 118, 0.08);\n  border-color: rgba(195, 159, 118, 0.5);\n}\n\n\/* \u2500\u2500\u2500 RESPONSIVE \u2500\u2500\u2500 *\/\n@media (max-width: 600px) {\n  .lk-stays-grid { grid-template-columns: 1fr; }\n  .lk-stays-header { padding: 24px 20px; }\n  .lk-stays-footer { padding: 16px 20px; }\n  .lk-stay-card { padding: 22px; }\n  .lk-stays-title { font-size: 20px; }\n}\n<\/style>\n\n  <!-- HEADER -->\n  <div class=\"lk-stays-header\">\n    <img decoding=\"async\" src=\"https:\/\/loudavymkrokem.cz\/wp-content\/uploads\/2026\/02\/lukas-a-lucka.jpg\" alt=\"\" style=\"width: 75px; height: 75px; border-radius: 8px; flex-shrink: 0; object-fit: cover; display: block; margin: 4px 0;\" title=\"\">\n    <div class=\"lk-stays-header-text\">\n      <div class=\"lk-stays-eyebrow\">Luk\u00e1\u0161 ja Lucie suosittelevat<\/div>\n      <div class=\"lk-stays-title\">Miss\u00e4 y\u00f6py\u00e4 Olomoucissa<\/div>\n      <div class=\"lk-stays-subtitle\">2 majoitusvaihtoehtoa \u2014 wellness-hotelleja ja muita majoitusvaihtoehtoja<\/div>\n    <\/div>\n  <\/div>\n\n  <!-- CARDS -->\n  <div class=\"lk-stays-grid\">\n\n    <a class=\"lk-stay-card featured\" href=\"https:\/\/www.stay22.com\/allez\/roam?aid=lukaskonecny&#038;campaign=loudavymkrokemcz&#038;campaign=fi&#038;campaign=olomoucsdetmi&#038;hotelname=OREA%20Hotel%20Arigone%20Olomouc&#038;address=Olomouc%2C%20Cesko&#038;category=accommodation\" target=\"_blank\" rel=\"nofollow noopener\">\n      <span class=\"lk-stay-badge badge-top\">\u2b50 HUIPPUVALINTA<\/span>\n      <span class=\"lk-stay-badge badge-nature\">\u2b50 Luxury<\/span>\n      <div class=\"lk-stay-name\">OREA Hotel Arigone<\/div>\n      <div class=\"lk-stay-desc\">Hotelli historiallisessa keskustassa, jossa on wellness-huoneita, oma poreallas ja sauna. Alle 5,99-vuotiaat lapset ilmaiseksi, upeat aamiaiset.<\/div>\n      <div class=\"lk-stay-meta\">\n        <span class=\"lk-stay-stars\">\u2605\u2605\u2605\u2605<\/span>\n        <span class=\"lk-stay-price\">Tarkista hinnat<\/span>\n      <\/div>\n      <span class=\"lk-stay-cta\">\n        <svg width=\"14\" height=\"14\" viewBox=\"0 0 24 24\" fill=\"none\" stroke=\"currentColor\" stroke-width=\"2\"><path d=\"M18 13v6a2 2 0 0 1-2 2H5a2 2 0 0 1-2-2V8a2 2 0 0 1 2-2h6\"\/><polyline points=\"15 3 21 3 21 9\"\/><line x1=\"10\" y1=\"14\" x2=\"21\" y2=\"3\"\/><\/svg>\n        Tarkista saatavuus\n      <\/span>\n    <\/a>\n\n    <a class=\"lk-stay-card\" href=\"https:\/\/www.stay22.com\/allez\/roam?aid=lukaskonecny&#038;campaign=loudavymkrokemcz&#038;campaign=fi&#038;campaign=olomouc-s-detmi&#038;address=Olomouc%2C%20Cesko\" target=\"_blank\" rel=\"nofollow noopener\">\n      <span class=\"lk-stay-badge badge-nature\">\ud83c\udfe1 Pension\/B&#038;B<\/span>\n      <div class=\"lk-stay-name\">Muu majoitus Olomoucissa<\/div>\n      <div class=\"lk-stay-desc\">Perhehuoneistoja keskustassa, joissa on mahdollisuus itse laittaa ruokaa. Sopii perheille, joissa on pieni\u00e4 lapsia.<\/div>\n      <div class=\"lk-stay-meta\">\n        <span class=\"lk-stay-stars\">\u2605\u2605\u2605\u2605<\/span>\n        <span class=\"lk-stay-price\">Tarkista hinnat<\/span>\n      <\/div>\n      <span class=\"lk-stay-cta\">\n        <svg width=\"14\" height=\"14\" viewBox=\"0 0 24 24\" fill=\"none\" stroke=\"currentColor\" stroke-width=\"2\"><path d=\"M18 13v6a2 2 0 0 1-2 2H5a2 2 0 0 1-2-2V8a2 2 0 0 1 2-2h6\"\/><polyline points=\"15 3 21 3 21 9\"\/><line x1=\"10\" y1=\"14\" x2=\"21\" y2=\"3\"\/><\/svg>\n        Tarkista saatavuus\n      <\/span>\n    <\/a>\n\n  <\/div>\n\n  \n<\/div>\n\n\n\n\n<h2 class=\"wp-block-heading\"><span class=\"ez-toc-section\" id=\"Vesi_urheilu_ja_riehuminen\"><\/span>Vesi, urheilu ja riehuminen<span class=\"ez-toc-section-end\"><\/span><\/h2>\n\n\n\n<p class=\"wp-block-paragraph\">Kun l\u00e4mp\u00f6mittarin elohopea kohoaa korkealle tai p\u00e4invastoin sinun t\u00e4ytyy v\u00e4sytt\u00e4\u00e4 lapset aktiivisella urheilulla, Olomouc tarjoaa mainiot mahdollisuudet purkaa energiaa. Olit sitten vesiliukum\u00e4kien yst\u00e4v\u00e4 tai suosit mieluummin py\u00f6ri\u00e4 ja kiipeilytelineit\u00e4, t\u00e4\u00e4ll\u00e4 et todellakaan pitk\u00e4sty.<\/p>\n\n\n\n<h3 class=\"wp-block-heading\"><span class=\"ez-toc-section\" id=\"21_Aquapark_Olomouc\"><\/span>21. Aquapark Olomouc<span class=\"ez-toc-section-end\"><\/span><\/h3>\n\n\n\n<figure data-wp-context=\"{&quot;imageId&quot;:&quot;6a952c5d0fa7b&quot;}\" data-wp-interactive=\"core\/image\" data-wp-key=\"6a952c5d0fa7b\" class=\"wp-block-image size-full wp-lightbox-container\"><img decoding=\"async\" width=\"1800\" height=\"1013\" data-wp-class--hide=\"state.isContentHidden\" data-wp-class--show=\"state.isContentVisible\" data-wp-init=\"callbacks.setButtonStyles\" data-wp-on--click=\"actions.showLightbox\" data-wp-on--load=\"callbacks.setButtonStyles\" data-wp-on--pointerdown=\"actions.preloadImage\" data-wp-on--pointerenter=\"actions.preloadImageWithDelay\" data-wp-on--pointerleave=\"actions.cancelPreload\" data-wp-on-window--resize=\"callbacks.setButtonStyles\" src=\"https:\/\/loudavymkrokem.cz\/wp-content\/uploads\/2026\/08\/olomouc-s-detmi-aquapark.jpg\" alt=\"Aquapark Olomoucin rakennus Slavon\u00ednissa\" class=\"wp-image-401126\" title=\"\" srcset=\"https:\/\/loudavymkrokem.cz\/wp-content\/uploads\/2026\/08\/olomouc-s-detmi-aquapark.jpg 1800w, https:\/\/loudavymkrokem.cz\/wp-content\/uploads\/2026\/08\/olomouc-s-detmi-aquapark-300x169.jpg 300w, https:\/\/loudavymkrokem.cz\/wp-content\/uploads\/2026\/08\/olomouc-s-detmi-aquapark-700x394.jpg 700w, https:\/\/loudavymkrokem.cz\/wp-content\/uploads\/2026\/08\/olomouc-s-detmi-aquapark-768x432.jpg 768w, https:\/\/loudavymkrokem.cz\/wp-content\/uploads\/2026\/08\/olomouc-s-detmi-aquapark-1536x864.jpg 1536w, https:\/\/loudavymkrokem.cz\/wp-content\/uploads\/2026\/08\/olomouc-s-detmi-aquapark-696x392.jpg 696w, https:\/\/loudavymkrokem.cz\/wp-content\/uploads\/2026\/08\/olomouc-s-detmi-aquapark-1392x783.jpg 1392w\" sizes=\"(max-width: 1800px) 100vw, 1800px\" \/><button\n\t\t\tclass=\"lightbox-trigger\"\n\t\t\ttype=\"button\"\n\t\t\taria-haspopup=\"dialog\"\n\t\t\tdata-wp-bind--aria-label=\"state.thisImage.triggerButtonAriaLabel\"\n\t\t\tdata-wp-init=\"callbacks.initTriggerButton\"\n\t\t\tdata-wp-on--click=\"actions.showLightbox\"\n\t\t\tdata-wp-style--right=\"state.thisImage.buttonRight\"\n\t\t\tdata-wp-style--top=\"state.thisImage.buttonTop\"\n\t\t>\n\t\t\t<svg xmlns=\"http:\/\/www.w3.org\/2000\/svg\" width=\"12\" height=\"12\" fill=\"none\" viewBox=\"0 0 12 12\">\n\t\t\t\t<path fill=\"#fff\" d=\"M2 0a2 2 0 0 0-2 2v2h1.5V2a.5.5 0 0 1 .5-.5h2V0H2Zm2 10.5H2a.5.5 0 0 1-.5-.5V8H0v2a2 2 0 0 0 2 2h2v-1.5ZM8 12v-1.5h2a.5.5 0 0 0 .5-.5V8H12v2a2 2 0 0 1-2 2H8Zm2-12a2 2 0 0 1 2 2v2h-1.5V2a.5.5 0 0 0-.5-.5H8V0h2Z\" \/>\n\t\t\t<\/svg>\n\t\t<\/button><figcaption class=\"wp-element-caption\">Slavon\u00ednin kylpyl\u00e4ss\u00e4 on sek\u00e4 sis\u00e4- ett\u00e4 ulko-osa ja lasten Akv\u00e1rko-maailma<\/figcaption><\/figure>\n\n\n\n<p class=\"wp-block-paragraph\">Suuren <a href=\"https:\/\/www.aqua-olomouc.cz\/\" target=\"_blank\" rel=\"nofollow noopener\">Olomoucin vesimaailman<\/a> l\u00f6yd\u00e4t osoitteesta Kafkova 526\/21 Slavon\u00ednin kaupunginosassa. Se on valtava kompleksi arvosanalla 4,2 l\u00e4hes nelj\u00e4lt\u00e4tuhannelta ihmiselt\u00e4, joka yhdist\u00e4\u00e4 laajan katetun osan talveksi ja mainion ulkoalueen kes\u00e4ksi. T\u00e4\u00e4lt\u00e4 l\u00f6yd\u00e4t kunnon vesiliukum\u00e4ki\u00e4, paljon nopeita liukum\u00e4ki\u00e4, saunavy\u00f6hykkeen aikuisille, aktiviteettipuiston ja ravintolan, jossa karkotat helposti uinnin j\u00e4lkeisen sudenn\u00e4l\u00e4n.<\/p>\n\n\n\n<p class=\"wp-block-paragraph\">Pienimmille on varattu erityinen lasten maailma <strong>Akv\u00e1rko<\/strong>. Mit\u00e4 tulee veden l\u00e4mp\u00f6tilaan, <strong>lastenaltaassa on kauniit 32 \u00b0C<\/strong>, hierova allas my\u00f6s 32 \u00b0C ja poreammeet l\u00e4mmitt\u00e4v\u00e4t jopa 34\u201336 asteeseen. Vanhempien arvosteluista k\u00e4y kuitenkin ilmi yksi t\u00e4rke\u00e4 varoitus: suuressa virkistysaltaassa on vain 28 \u00b0C, mik\u00e4 voi hetken kuluttua tuntua pienemmist\u00e4 lapsista viile\u00e4lt\u00e4, joten aivan pienimpien kanssa on parempi viett\u00e4\u00e4 aikaa ensisijaisesti erillisess\u00e4 Akv\u00e1rkossa. Kylpyl\u00e4ll\u00e4 on yksi k\u00e4yt\u00e4nn\u00f6llinen etu, jonka arvostat lasten kanssa autossa: sinne ajaa suoraan moottoritielt\u00e4 ja pys\u00e4k\u00f6it ilman paikan etsimist\u00e4.<\/p>\n\n\n\n<h3 class=\"wp-block-heading\"><span class=\"ez-toc-section\" id=\"22_Centrum_Semafor\"><\/span>22. Centrum Semafor<span class=\"ez-toc-section-end\"><\/span><\/h3>\n\n\n\n<figure data-wp-context=\"{&quot;imageId&quot;:&quot;6a952c5d0fef3&quot;}\" data-wp-interactive=\"core\/image\" data-wp-key=\"6a952c5d0fef3\" class=\"wp-block-image size-full wp-lightbox-container\"><img decoding=\"async\" width=\"1216\" height=\"913\" data-wp-class--hide=\"state.isContentHidden\" data-wp-class--show=\"state.isContentVisible\" data-wp-init=\"callbacks.setButtonStyles\" data-wp-on--click=\"actions.showLightbox\" data-wp-on--load=\"callbacks.setButtonStyles\" data-wp-on--pointerdown=\"actions.preloadImage\" data-wp-on--pointerenter=\"actions.preloadImageWithDelay\" data-wp-on--pointerleave=\"actions.cancelPreload\" data-wp-on-window--resize=\"callbacks.setButtonStyles\" src=\"https:\/\/loudavymkrokem.cz\/wp-content\/uploads\/2026\/08\/olomouc-s-detmi-centrum-semafor.jpg\" alt=\"Liikennepuisto Centrum Semafor Olomoucissa liikennevaloineen ja liikennemerkkeineen\" class=\"wp-image-403597\" title=\"\" srcset=\"https:\/\/loudavymkrokem.cz\/wp-content\/uploads\/2026\/08\/olomouc-s-detmi-centrum-semafor.jpg 1216w, https:\/\/loudavymkrokem.cz\/wp-content\/uploads\/2026\/08\/olomouc-s-detmi-centrum-semafor-300x225.jpg 300w, https:\/\/loudavymkrokem.cz\/wp-content\/uploads\/2026\/08\/olomouc-s-detmi-centrum-semafor-700x526.jpg 700w, https:\/\/loudavymkrokem.cz\/wp-content\/uploads\/2026\/08\/olomouc-s-detmi-centrum-semafor-768x577.jpg 768w, https:\/\/loudavymkrokem.cz\/wp-content\/uploads\/2026\/08\/olomouc-s-detmi-centrum-semafor-80x60.jpg 80w, https:\/\/loudavymkrokem.cz\/wp-content\/uploads\/2026\/08\/olomouc-s-detmi-centrum-semafor-160x120.jpg 160w, https:\/\/loudavymkrokem.cz\/wp-content\/uploads\/2026\/08\/olomouc-s-detmi-centrum-semafor-696x523.jpg 696w\" sizes=\"(max-width: 1216px) 100vw, 1216px\" \/><button\n\t\t\tclass=\"lightbox-trigger\"\n\t\t\ttype=\"button\"\n\t\t\taria-haspopup=\"dialog\"\n\t\t\tdata-wp-bind--aria-label=\"state.thisImage.triggerButtonAriaLabel\"\n\t\t\tdata-wp-init=\"callbacks.initTriggerButton\"\n\t\t\tdata-wp-on--click=\"actions.showLightbox\"\n\t\t\tdata-wp-style--right=\"state.thisImage.buttonRight\"\n\t\t\tdata-wp-style--top=\"state.thisImage.buttonTop\"\n\t\t>\n\t\t\t<svg xmlns=\"http:\/\/www.w3.org\/2000\/svg\" width=\"12\" height=\"12\" fill=\"none\" viewBox=\"0 0 12 12\">\n\t\t\t\t<path fill=\"#fff\" d=\"M2 0a2 2 0 0 0-2 2v2h1.5V2a.5.5 0 0 1 .5-.5h2V0H2Zm2 10.5H2a.5.5 0 0 1-.5-.5V8H0v2a2 2 0 0 0 2 2h2v-1.5ZM8 12v-1.5h2a.5.5 0 0 0 .5-.5V8H12v2a2 2 0 0 1-2 2H8Zm2-12a2 2 0 0 1 2 2v2h-1.5V2a.5.5 0 0 0-.5-.5H8V0h2Z\" \/>\n\t\t\t<\/svg>\n\t\t<\/button><figcaption class=\"wp-element-caption\">Olomoucin ainoassa liikennepuistossa on toimivat liikennevalot ja tasoristeys | Kuva: Centrum Semafor Olomouc<\/figcaption><\/figure>\n\n\n\n<p class=\"wp-block-paragraph\">Jos lapsesi rakastavat ajamista mill\u00e4 tahansa, jossa on py\u00f6r\u00e4t, sinun ei pid\u00e4 j\u00e4tt\u00e4\u00e4 v\u00e4liin Centrum Semaforia kadulla Legion\u00e1\u0159sk\u00e1 15 (fantastinen arvosana <strong>4,8 yhteens\u00e4 140 arvostelusta<\/strong>). Se on <strong>koko Olomoucin ainoa erikoistunut liikennepuisto<\/strong> ja se on todella tasokas. Teit\u00e4 reunustavat aidot liikennemerkit, risteyksiss\u00e4 vilkkuvat toimivat liikennevalot, mukana on suojatiet ja tasoristeys \u00e4\u00e4ni- ja valoelementteineen.<\/p>\n\n\n\n<p class=\"wp-block-paragraph\">Jos sinulla ei ole mukana omaa kalustoa, se ei haittaa lainkaan. T\u00e4\u00e4ll\u00e4 toimii loistava <strong>vuokraamo hintaan noin 2 \u20ac (50 K\u010d) tunnilta tai 8 \u20ac (200 K\u010d) koko p\u00e4iv\u00e4ksi<\/strong>. Enint\u00e4\u00e4n 24 tuuman lastenpy\u00f6r\u00e4n vuokraaminen maksaa jopa puolet v\u00e4hemm\u00e4n, ja k\u00e4ytett\u00e4viss\u00e4 on noin 50 py\u00f6r\u00e4\u00e4, lis\u00e4ksi potkulautoja, suosittuja poljettavia mikroautoja ja jopa k\u00e4sipy\u00f6ri\u00e4. Auki heill\u00e4 on huhtikuusta kes\u00e4kuuhun sek\u00e4 syksyll\u00e4 syys- ja lokakuussa (arkisin klo 14\u201318, viikonloppuisin ja pyh\u00e4isin klo 10\u201312 ja 14\u201318), kes\u00e4loman kuukausina aukioloajat poikkeavat hieman, joten tarkista ne mieluummin.<\/p>\n\n\n\n<h3 class=\"wp-block-heading\"><span class=\"ez-toc-section\" id=\"23_Koysipuisto_Veverak\"><\/span>23. K\u00f6ysipuisto Vever\u00e1k<span class=\"ez-toc-section-end\"><\/span><\/h3>\n\n\n\n<figure data-wp-context=\"{&quot;imageId&quot;:&quot;6a952c5d103a0&quot;}\" data-wp-interactive=\"core\/image\" data-wp-key=\"6a952c5d103a0\" class=\"wp-block-image size-full wp-lightbox-container\"><img decoding=\"async\" width=\"1800\" height=\"1013\" data-wp-class--hide=\"state.isContentHidden\" data-wp-class--show=\"state.isContentVisible\" data-wp-init=\"callbacks.setButtonStyles\" data-wp-on--click=\"actions.showLightbox\" data-wp-on--load=\"callbacks.setButtonStyles\" data-wp-on--pointerdown=\"actions.preloadImage\" data-wp-on--pointerenter=\"actions.preloadImageWithDelay\" data-wp-on--pointerleave=\"actions.cancelPreload\" data-wp-on-window--resize=\"callbacks.setButtonStyles\" src=\"https:\/\/loudavymkrokem.cz\/wp-content\/uploads\/2026\/08\/olomouc-s-detmi-lanovy-park-veverak.jpg\" alt=\"Lapsi k\u00f6ysiesteell\u00e4 k\u00f6ysipuisto Vever\u00e1kissa Svat\u00fd Kope\u010dekilla\" class=\"wp-image-403608\" title=\"\" srcset=\"https:\/\/loudavymkrokem.cz\/wp-content\/uploads\/2026\/08\/olomouc-s-detmi-lanovy-park-veverak.jpg 1800w, https:\/\/loudavymkrokem.cz\/wp-content\/uploads\/2026\/08\/olomouc-s-detmi-lanovy-park-veverak-300x169.jpg 300w, https:\/\/loudavymkrokem.cz\/wp-content\/uploads\/2026\/08\/olomouc-s-detmi-lanovy-park-veverak-700x394.jpg 700w, https:\/\/loudavymkrokem.cz\/wp-content\/uploads\/2026\/08\/olomouc-s-detmi-lanovy-park-veverak-768x432.jpg 768w, https:\/\/loudavymkrokem.cz\/wp-content\/uploads\/2026\/08\/olomouc-s-detmi-lanovy-park-veverak-1536x864.jpg 1536w, https:\/\/loudavymkrokem.cz\/wp-content\/uploads\/2026\/08\/olomouc-s-detmi-lanovy-park-veverak-696x392.jpg 696w, https:\/\/loudavymkrokem.cz\/wp-content\/uploads\/2026\/08\/olomouc-s-detmi-lanovy-park-veverak-1392x783.jpg 1392w\" sizes=\"(max-width: 1800px) 100vw, 1800px\" \/><button\n\t\t\tclass=\"lightbox-trigger\"\n\t\t\ttype=\"button\"\n\t\t\taria-haspopup=\"dialog\"\n\t\t\tdata-wp-bind--aria-label=\"state.thisImage.triggerButtonAriaLabel\"\n\t\t\tdata-wp-init=\"callbacks.initTriggerButton\"\n\t\t\tdata-wp-on--click=\"actions.showLightbox\"\n\t\t\tdata-wp-style--right=\"state.thisImage.buttonRight\"\n\t\t\tdata-wp-style--top=\"state.thisImage.buttonTop\"\n\t\t>\n\t\t\t<svg xmlns=\"http:\/\/www.w3.org\/2000\/svg\" width=\"12\" height=\"12\" fill=\"none\" viewBox=\"0 0 12 12\">\n\t\t\t\t<path fill=\"#fff\" d=\"M2 0a2 2 0 0 0-2 2v2h1.5V2a.5.5 0 0 1 .5-.5h2V0H2Zm2 10.5H2a.5.5 0 0 1-.5-.5V8H0v2a2 2 0 0 0 2 2h2v-1.5ZM8 12v-1.5h2a.5.5 0 0 0 .5-.5V8H12v2a2 2 0 0 1-2 2H8Zm2-12a2 2 0 0 1 2 2v2h-1.5V2a.5.5 0 0 0-.5-.5H8V0h2Z\" \/>\n\t\t\t<\/svg>\n\t\t<\/button><figcaption class=\"wp-element-caption\">K\u00f6ysipuisto Vever\u00e1k yhdistyy mainiosti el\u00e4intarhavierailuun | Kuva: Lanov\u00fd park Vever\u00e1k<\/figcaption><\/figure>\n\n\n\n<p class=\"wp-block-paragraph\">Viel\u00e4 yhden mainion annoksen liikuntaa voit hankkia k\u00f6ysipuisto Vever\u00e1kissa, joka sijaitsee Darwinova-kadun luona aivan Svat\u00fd Kope\u010dekilla. Vanhemmat kehuvat sit\u00e4 eritt\u00e4in korkealla arvosanalla <strong>4,7<\/strong>, koska se tarjoaa vaikeustason mukaan jaotellut radat niin, ett\u00e4 sek\u00e4 pienemm\u00e4t lapset ett\u00e4 hivenen adrenaliinia korkeuksissa etsiv\u00e4t aikuiset p\u00e4\u00e4sev\u00e4t nauttimaan.<\/p>\n\n\n\n<p class=\"wp-block-paragraph\">Kaikkea valvovat lis\u00e4ksi ammattitaitoiset ohjaajat, jotka selitt\u00e4v\u00e4t varmistuksen ja auttavat, jos joku sattuu juuttumaan vaikeampaan esteeseen. T\u00e4m\u00e4n puiston valtava etu on sen sijainti, sill\u00e4 vierailun voi aivan nerokkaasti yhdist\u00e4\u00e4 koko p\u00e4iv\u00e4n retkeen l\u00e4hell\u00e4 sijaitsevaan el\u00e4intarhaan.<\/p>\n\n\n\n<h3 class=\"wp-block-heading\"><span class=\"ez-toc-section\" id=\"24_Leikkipuistot_puistoissa\"><\/span>24. Leikkipuistot puistoissa<span class=\"ez-toc-section-end\"><\/span><\/h3>\n\n\n\n<p class=\"wp-block-paragraph\">Kun et tarvitse mit\u00e4\u00e4n suuria j\u00e4rjestettyj\u00e4 aktiviteetteja ja haluat vain hetken istuskella penkill\u00e4 lasten keinuessa, Olomouc tarjoaa lukuisia klassisia yleisi\u00e4 leikkipuistoja. Suosituimmat ja parhaiten hoidetut l\u00f6yd\u00e4t jo mainituista Smetanan ja Bezru\u010din puistoista, mutta pienempi\u00e4 kiipeilytelineit\u00e4 ja hiekkalaatikoita on ripoteltu tasaisesti my\u00f6s keskustan muihin osiin ja laajempaan l\u00e4hiymp\u00e4rist\u00f6\u00f6n, joten t\u00f6rm\u00e4\u00e4t niihin kaupungilla kuljeskellessasi ennemmin tai my\u00f6hemmin luotettavasti.<\/p>\n\n\n\n<h2 class=\"wp-block-heading\"><span class=\"ez-toc-section\" id=\"Svaty_Kopecek_elaintarha_ja_koko_paiva_kaupungin_ylla\"><\/span>Svat\u00fd Kope\u010dek: el\u00e4intarha ja koko p\u00e4iv\u00e4 kaupungin yll\u00e4<span class=\"ez-toc-section-end\"><\/span><\/h2>\n\n\n\n<p class=\"wp-block-paragraph\">Jos aiot Olomouciin useammaksi kuin yhdeksi p\u00e4iv\u00e4ksi, Svat\u00fd Kope\u010dek on yksinkertaisesti pakko sis\u00e4llytt\u00e4\u00e4 matkasuunnitelmaan. T\u00e4m\u00e4 kaupungin yll\u00e4 kohoava mets\u00e4inen kaupunginosa on nimitt\u00e4in synonyymi t\u00e4ydelliselle perhep\u00e4iv\u00e4lle t\u00e4ynn\u00e4 el\u00e4imi\u00e4, kauniita n\u00e4kymi\u00e4 ja luontok\u00e4velyit\u00e4.<\/p>\n\n\n\n<h3 class=\"wp-block-heading\"><span class=\"ez-toc-section\" id=\"25_ZOO_Olomouc_Svaty_Kopecekilla\"><\/span>25. ZOO Olomouc Svat\u00fd Kope\u010dekilla<span class=\"ez-toc-section-end\"><\/span><\/h3>\n\n\n\n<figure data-wp-context=\"{&quot;imageId&quot;:&quot;6a952c5d109df&quot;}\" data-wp-interactive=\"core\/image\" data-wp-key=\"6a952c5d109df\" class=\"wp-block-image size-full wp-lightbox-container\"><img decoding=\"async\" width=\"1800\" height=\"1350\" data-wp-class--hide=\"state.isContentHidden\" data-wp-class--show=\"state.isContentVisible\" data-wp-init=\"callbacks.setButtonStyles\" data-wp-on--click=\"actions.showLightbox\" data-wp-on--load=\"callbacks.setButtonStyles\" data-wp-on--pointerdown=\"actions.preloadImage\" data-wp-on--pointerenter=\"actions.preloadImageWithDelay\" data-wp-on--pointerleave=\"actions.cancelPreload\" data-wp-on-window--resize=\"callbacks.setButtonStyles\" src=\"https:\/\/loudavymkrokem.cz\/wp-content\/uploads\/2026\/08\/olomouc-s-detmi-zoo-voliera.jpg\" alt=\"Kurkia lintuh\u00e4kiss\u00e4 ZOO Olomoucissa Svat\u00fd Kope\u010dekilla\" class=\"wp-image-401082\" title=\"\" srcset=\"https:\/\/loudavymkrokem.cz\/wp-content\/uploads\/2026\/08\/olomouc-s-detmi-zoo-voliera.jpg 1800w, https:\/\/loudavymkrokem.cz\/wp-content\/uploads\/2026\/08\/olomouc-s-detmi-zoo-voliera-300x225.jpg 300w, https:\/\/loudavymkrokem.cz\/wp-content\/uploads\/2026\/08\/olomouc-s-detmi-zoo-voliera-700x525.jpg 700w, https:\/\/loudavymkrokem.cz\/wp-content\/uploads\/2026\/08\/olomouc-s-detmi-zoo-voliera-768x576.jpg 768w, https:\/\/loudavymkrokem.cz\/wp-content\/uploads\/2026\/08\/olomouc-s-detmi-zoo-voliera-1536x1152.jpg 1536w, https:\/\/loudavymkrokem.cz\/wp-content\/uploads\/2026\/08\/olomouc-s-detmi-zoo-voliera-80x60.jpg 80w, https:\/\/loudavymkrokem.cz\/wp-content\/uploads\/2026\/08\/olomouc-s-detmi-zoo-voliera-160x120.jpg 160w, https:\/\/loudavymkrokem.cz\/wp-content\/uploads\/2026\/08\/olomouc-s-detmi-zoo-voliera-696x522.jpg 696w, https:\/\/loudavymkrokem.cz\/wp-content\/uploads\/2026\/08\/olomouc-s-detmi-zoo-voliera-1392x1044.jpg 1392w\" sizes=\"(max-width: 1800px) 100vw, 1800px\" \/><button\n\t\t\tclass=\"lightbox-trigger\"\n\t\t\ttype=\"button\"\n\t\t\taria-haspopup=\"dialog\"\n\t\t\tdata-wp-bind--aria-label=\"state.thisImage.triggerButtonAriaLabel\"\n\t\t\tdata-wp-init=\"callbacks.initTriggerButton\"\n\t\t\tdata-wp-on--click=\"actions.showLightbox\"\n\t\t\tdata-wp-style--right=\"state.thisImage.buttonRight\"\n\t\t\tdata-wp-style--top=\"state.thisImage.buttonTop\"\n\t\t>\n\t\t\t<svg xmlns=\"http:\/\/www.w3.org\/2000\/svg\" width=\"12\" height=\"12\" fill=\"none\" viewBox=\"0 0 12 12\">\n\t\t\t\t<path fill=\"#fff\" d=\"M2 0a2 2 0 0 0-2 2v2h1.5V2a.5.5 0 0 1 .5-.5h2V0H2Zm2 10.5H2a.5.5 0 0 1-.5-.5V8H0v2a2 2 0 0 0 2 2h2v-1.5ZM8 12v-1.5h2a.5.5 0 0 0 .5-.5V8H12v2a2 2 0 0 1-2 2H8Zm2-12a2 2 0 0 1 2 2v2h-1.5V2a.5.5 0 0 0-.5-.5H8V0h2Z\" \/>\n\t\t\t<\/svg>\n\t\t<\/button><figcaption class=\"wp-element-caption\">Aitaukset on sijoitettu suoraan mets\u00e4maastoon<\/figcaption><\/figure>\n\n\n\n<figure data-wp-context=\"{&quot;imageId&quot;:&quot;6a952c5d10d76&quot;}\" data-wp-interactive=\"core\/image\" data-wp-key=\"6a952c5d10d76\" class=\"wp-block-image size-full wp-lightbox-container\"><img decoding=\"async\" width=\"1800\" height=\"1195\" data-wp-class--hide=\"state.isContentHidden\" data-wp-class--show=\"state.isContentVisible\" data-wp-init=\"callbacks.setButtonStyles\" data-wp-on--click=\"actions.showLightbox\" data-wp-on--load=\"callbacks.setButtonStyles\" data-wp-on--pointerdown=\"actions.preloadImage\" data-wp-on--pointerenter=\"actions.preloadImageWithDelay\" data-wp-on--pointerleave=\"actions.cancelPreload\" data-wp-on-window--resize=\"callbacks.setButtonStyles\" src=\"https:\/\/loudavymkrokem.cz\/wp-content\/uploads\/2026\/08\/olomouc-s-detmi-zoo-vstup.jpg\" alt=\"ZOO Olomoucin sis\u00e4\u00e4nk\u00e4yntirakennus Svat\u00fd Kope\u010dekilla\" class=\"wp-image-401078\" title=\"\" srcset=\"https:\/\/loudavymkrokem.cz\/wp-content\/uploads\/2026\/08\/olomouc-s-detmi-zoo-vstup.jpg 1800w, https:\/\/loudavymkrokem.cz\/wp-content\/uploads\/2026\/08\/olomouc-s-detmi-zoo-vstup-300x199.jpg 300w, https:\/\/loudavymkrokem.cz\/wp-content\/uploads\/2026\/08\/olomouc-s-detmi-zoo-vstup-700x465.jpg 700w, https:\/\/loudavymkrokem.cz\/wp-content\/uploads\/2026\/08\/olomouc-s-detmi-zoo-vstup-768x510.jpg 768w, https:\/\/loudavymkrokem.cz\/wp-content\/uploads\/2026\/08\/olomouc-s-detmi-zoo-vstup-1536x1020.jpg 1536w, https:\/\/loudavymkrokem.cz\/wp-content\/uploads\/2026\/08\/olomouc-s-detmi-zoo-vstup-696x462.jpg 696w, https:\/\/loudavymkrokem.cz\/wp-content\/uploads\/2026\/08\/olomouc-s-detmi-zoo-vstup-1392x924.jpg 1392w\" sizes=\"(max-width: 1800px) 100vw, 1800px\" \/><button\n\t\t\tclass=\"lightbox-trigger\"\n\t\t\ttype=\"button\"\n\t\t\taria-haspopup=\"dialog\"\n\t\t\tdata-wp-bind--aria-label=\"state.thisImage.triggerButtonAriaLabel\"\n\t\t\tdata-wp-init=\"callbacks.initTriggerButton\"\n\t\t\tdata-wp-on--click=\"actions.showLightbox\"\n\t\t\tdata-wp-style--right=\"state.thisImage.buttonRight\"\n\t\t\tdata-wp-style--top=\"state.thisImage.buttonTop\"\n\t\t>\n\t\t\t<svg xmlns=\"http:\/\/www.w3.org\/2000\/svg\" width=\"12\" height=\"12\" fill=\"none\" viewBox=\"0 0 12 12\">\n\t\t\t\t<path fill=\"#fff\" d=\"M2 0a2 2 0 0 0-2 2v2h1.5V2a.5.5 0 0 1 .5-.5h2V0H2Zm2 10.5H2a.5.5 0 0 1-.5-.5V8H0v2a2 2 0 0 0 2 2h2v-1.5ZM8 12v-1.5h2a.5.5 0 0 0 .5-.5V8H12v2a2 2 0 0 1-2 2H8Zm2-12a2 2 0 0 1 2 2v2h-1.5V2a.5.5 0 0 0-.5-.5H8V0h2Z\" \/>\n\t\t\t<\/svg>\n\t\t<\/button><figcaption class=\"wp-element-caption\">Sis\u00e4\u00e4nk\u00e4ynti ZOO Olomouciin, joka on piilossa mets\u00e4ss\u00e4 kaupungin yll\u00e4<\/figcaption><\/figure>\n\n\n\n<p class=\"wp-block-paragraph\">T\u00e4m\u00e4 on kiistatta koko alueen t\u00e4rkein perheiden vetonaula. <a href=\"https:\/\/www.zoo-olomouc.cz\/\" target=\"_blank\" rel=\"nofollow noopener\">Olomoucin el\u00e4intarha<\/a>, piilossa kauniissa havumets\u00e4ss\u00e4, ker\u00e4\u00e4 innostuneita arvioita, ja sen pisteet <strong>4,4 yli 16 500 arvostelusta<\/strong> osoittavat, kuinka suosittu se on. El\u00e4imill\u00e4 on t\u00e4\u00e4ll\u00e4 laajat aitaukset sijoitettuna suoraan rinteiseen mets\u00e4maastoon, joten vierailu on samalla miellytt\u00e4v\u00e4 k\u00e4vely puiden keskell\u00e4, miss\u00e4 on kes\u00e4ll\u00e4kin miellytt\u00e4v\u00e4 varjo.<\/p>\n\n\n\n<p class=\"wp-block-paragraph\">P\u00e4\u00e4symaksut vaihtelevat kauden mukaan. Sesonkikaudella (maaliskuusta lokakuuhun) aikuinen maksaa noin <strong>7,40 \u20ac (180 K\u010d)<\/strong> ja lapset, opiskelijat tai seniorit noin <strong>5,70 \u20ac (140 K\u010d)<\/strong>. Sesongin ulkopuolella talvikuukausina (marraskuusta helmikuuhun) hinnat ovat yst\u00e4v\u00e4llisempi\u00e4: noin 6,20 \u20ac (150 K\u010d) aikuiselta ja 4,90 \u20ac (120 K\u010d) alennettu. Aivan pienimm\u00e4t alle 3-vuotiaat lapset p\u00e4\u00e4sev\u00e4t t\u00e4ysin ilmaiseksi ja perhelippu (2+2) maksaa reilut noin <strong>25 \u20ac (600 K\u010d)<\/strong>. Aukioloajat muuttuvat my\u00f6s vuodenajan mukaan. Tammi- ja helmikuussa auki on klo 9\u201316, maalis- ja syyskuussa klo 9\u201317, huhtikuusta elokuuhun se pitenee klo 9\u201318 ja lokakuusta joulukuuhun portit sulkeutuvat taas klo 16.<\/p>\n\n\n\n<p class=\"wp-block-paragraph\">Ja miten t\u00e4nne p\u00e4\u00e4see, jos et halua maksaa pys\u00e4k\u00f6innist\u00e4 el\u00e4intarhan luona? Aivan yksinkertaisesti. P\u00e4\u00e4rautatieasemalta (laituri D) kulkee s\u00e4\u00e4nn\u00f6llisesti <strong>bussi numero 11<\/strong>. Vuorot seuraavat toisiaan mainioin 10\u201315 minuutin v\u00e4lein, itse matka kest\u00e4\u00e4 noin 20 minuuttia, ja pys\u00e4kilt\u00e4 sinua odottaa en\u00e4\u00e4 lyhyt, viiden\u2013kymmenen minuutin k\u00e4vely loivaa yl\u00e4m\u00e4ke\u00e4 suoraan alueen sis\u00e4\u00e4nk\u00e4ynnille.<\/p>\n\n\n\n<h3 class=\"wp-block-heading\"><span class=\"ez-toc-section\" id=\"26_Nakotorni_elaintarhassa\"><\/span>26. N\u00e4k\u00f6torni el\u00e4intarhassa<span class=\"ez-toc-section-end\"><\/span><\/h3>\n\n\n\n<figure data-wp-context=\"{&quot;imageId&quot;:&quot;6a952c5d111e7&quot;}\" data-wp-interactive=\"core\/image\" data-wp-key=\"6a952c5d111e7\" class=\"wp-block-image size-full wp-lightbox-container\"><img decoding=\"async\" width=\"1800\" height=\"1202\" data-wp-class--hide=\"state.isContentHidden\" data-wp-class--show=\"state.isContentVisible\" data-wp-init=\"callbacks.setButtonStyles\" data-wp-on--click=\"actions.showLightbox\" data-wp-on--load=\"callbacks.setButtonStyles\" data-wp-on--pointerdown=\"actions.preloadImage\" data-wp-on--pointerenter=\"actions.preloadImageWithDelay\" data-wp-on--pointerleave=\"actions.cancelPreload\" data-wp-on-window--resize=\"callbacks.setButtonStyles\" src=\"https:\/\/loudavymkrokem.cz\/wp-content\/uploads\/2026\/08\/olomouc-s-detmi-vyhlidkova-vez-zoo.jpg\" alt=\"N\u00e4k\u00f6torni ZOO Olomoucissa Svat\u00fd Kope\u010dekilla\" class=\"wp-image-403612\" title=\"\" srcset=\"https:\/\/loudavymkrokem.cz\/wp-content\/uploads\/2026\/08\/olomouc-s-detmi-vyhlidkova-vez-zoo.jpg 1800w, https:\/\/loudavymkrokem.cz\/wp-content\/uploads\/2026\/08\/olomouc-s-detmi-vyhlidkova-vez-zoo-300x200.jpg 300w, https:\/\/loudavymkrokem.cz\/wp-content\/uploads\/2026\/08\/olomouc-s-detmi-vyhlidkova-vez-zoo-700x467.jpg 700w, https:\/\/loudavymkrokem.cz\/wp-content\/uploads\/2026\/08\/olomouc-s-detmi-vyhlidkova-vez-zoo-768x513.jpg 768w, https:\/\/loudavymkrokem.cz\/wp-content\/uploads\/2026\/08\/olomouc-s-detmi-vyhlidkova-vez-zoo-1536x1026.jpg 1536w, https:\/\/loudavymkrokem.cz\/wp-content\/uploads\/2026\/08\/olomouc-s-detmi-vyhlidkova-vez-zoo-696x465.jpg 696w, https:\/\/loudavymkrokem.cz\/wp-content\/uploads\/2026\/08\/olomouc-s-detmi-vyhlidkova-vez-zoo-1392x930.jpg 1392w\" sizes=\"(max-width: 1800px) 100vw, 1800px\" \/><button\n\t\t\tclass=\"lightbox-trigger\"\n\t\t\ttype=\"button\"\n\t\t\taria-haspopup=\"dialog\"\n\t\t\tdata-wp-bind--aria-label=\"state.thisImage.triggerButtonAriaLabel\"\n\t\t\tdata-wp-init=\"callbacks.initTriggerButton\"\n\t\t\tdata-wp-on--click=\"actions.showLightbox\"\n\t\t\tdata-wp-style--right=\"state.thisImage.buttonRight\"\n\t\t\tdata-wp-style--top=\"state.thisImage.buttonTop\"\n\t\t>\n\t\t\t<svg xmlns=\"http:\/\/www.w3.org\/2000\/svg\" width=\"12\" height=\"12\" fill=\"none\" viewBox=\"0 0 12 12\">\n\t\t\t\t<path fill=\"#fff\" d=\"M2 0a2 2 0 0 0-2 2v2h1.5V2a.5.5 0 0 1 .5-.5h2V0H2Zm2 10.5H2a.5.5 0 0 1-.5-.5V8H0v2a2 2 0 0 0 2 2h2v-1.5ZM8 12v-1.5h2a.5.5 0 0 0 .5-.5V8H12v2a2 2 0 0 1-2 2H8Zm2-12a2 2 0 0 1 2 2v2h-1.5V2a.5.5 0 0 0-.5-.5H8V0h2Z\" \/>\n\t\t\t<\/svg>\n\t\t<\/button><figcaption class=\"wp-element-caption\">N\u00e4k\u00f6tornista n\u00e4et hyv\u00e4ll\u00e4 s\u00e4\u00e4ll\u00e4 jopa Jesen\u00edky-vuorille asti | Kuva: Zoo Olomouc<\/figcaption><\/figure>\n\n\n\n<p class=\"wp-block-paragraph\">Aivan el\u00e4intarhan alueella seisoo valtava ter\u00e4ksinen n\u00e4k\u00f6torni (arvosana 4,6), jota et miss\u00e4\u00e4n tapauksessa saisi ohittaa, ellet k\u00e4rsi huimauksesta. Nousu ristikkoportaita pitkin vaatii kyll\u00e4 hieman ponnistelua, mutta ylh\u00e4\u00e4ll\u00e4 sinua odottaa palkinto n\u00e4kym\u00e4n muodossa, jota et n\u00e4e miss\u00e4\u00e4n muualla.<\/p>\n\n\n\n<p class=\"wp-block-paragraph\">Hyv\u00e4ll\u00e4 n\u00e4kyvyydell\u00e4 eteesi avautuu henke\u00e4salpaava panoraama koko alhaalla alangolla levitt\u00e4ytyv\u00e4st\u00e4 Olomoucista, ja kun k\u00e4\u00e4nnyt toiselle puolelle, n\u00e4et jopa majesteettisten Jesen\u00edky-vuorten harjanteille asti. Ja niille, joiden t\u00e4ytyy virkist\u00e4yty\u00e4 suorituksen j\u00e4lkeen, toimii aivan tornin alla miellytt\u00e4v\u00e4 kahvila.<\/p>\n\n\n\n<h3 class=\"wp-block-heading\"><span class=\"ez-toc-section\" id=\"27_Neitsyt_Marian_ilmestyksen_basilika\"><\/span>27. Neitsyt Marian ilmestyksen basilika<span class=\"ez-toc-section-end\"><\/span><\/h3>\n\n\n\n<figure data-wp-context=\"{&quot;imageId&quot;:&quot;6a952c5d1165f&quot;}\" data-wp-interactive=\"core\/image\" data-wp-key=\"6a952c5d1165f\" class=\"wp-block-image size-full wp-lightbox-container\"><img decoding=\"async\" width=\"1800\" height=\"1350\" data-wp-class--hide=\"state.isContentHidden\" data-wp-class--show=\"state.isContentVisible\" data-wp-init=\"callbacks.setButtonStyles\" data-wp-on--click=\"actions.showLightbox\" data-wp-on--load=\"callbacks.setButtonStyles\" data-wp-on--pointerdown=\"actions.preloadImage\" data-wp-on--pointerenter=\"actions.preloadImageWithDelay\" data-wp-on--pointerleave=\"actions.cancelPreload\" data-wp-on-window--resize=\"callbacks.setButtonStyles\" src=\"https:\/\/loudavymkrokem.cz\/wp-content\/uploads\/2026\/08\/olomouc-s-detmi-bazilika-svaty-kopecek.jpg\" alt=\"Neitsyt Marian ilmestyksen basilika Svat\u00fd Kope\u010dekilla Olomoucin luona\" class=\"wp-image-401087\" title=\"\" srcset=\"https:\/\/loudavymkrokem.cz\/wp-content\/uploads\/2026\/08\/olomouc-s-detmi-bazilika-svaty-kopecek.jpg 1800w, https:\/\/loudavymkrokem.cz\/wp-content\/uploads\/2026\/08\/olomouc-s-detmi-bazilika-svaty-kopecek-300x225.jpg 300w, https:\/\/loudavymkrokem.cz\/wp-content\/uploads\/2026\/08\/olomouc-s-detmi-bazilika-svaty-kopecek-700x525.jpg 700w, https:\/\/loudavymkrokem.cz\/wp-content\/uploads\/2026\/08\/olomouc-s-detmi-bazilika-svaty-kopecek-768x576.jpg 768w, https:\/\/loudavymkrokem.cz\/wp-content\/uploads\/2026\/08\/olomouc-s-detmi-bazilika-svaty-kopecek-1536x1152.jpg 1536w, https:\/\/loudavymkrokem.cz\/wp-content\/uploads\/2026\/08\/olomouc-s-detmi-bazilika-svaty-kopecek-80x60.jpg 80w, https:\/\/loudavymkrokem.cz\/wp-content\/uploads\/2026\/08\/olomouc-s-detmi-bazilika-svaty-kopecek-160x120.jpg 160w, https:\/\/loudavymkrokem.cz\/wp-content\/uploads\/2026\/08\/olomouc-s-detmi-bazilika-svaty-kopecek-696x522.jpg 696w, https:\/\/loudavymkrokem.cz\/wp-content\/uploads\/2026\/08\/olomouc-s-detmi-bazilika-svaty-kopecek-1392x1044.jpg 1392w\" sizes=\"(max-width: 1800px) 100vw, 1800px\" \/><button\n\t\t\tclass=\"lightbox-trigger\"\n\t\t\ttype=\"button\"\n\t\t\taria-haspopup=\"dialog\"\n\t\t\tdata-wp-bind--aria-label=\"state.thisImage.triggerButtonAriaLabel\"\n\t\t\tdata-wp-init=\"callbacks.initTriggerButton\"\n\t\t\tdata-wp-on--click=\"actions.showLightbox\"\n\t\t\tdata-wp-style--right=\"state.thisImage.buttonRight\"\n\t\t\tdata-wp-style--top=\"state.thisImage.buttonTop\"\n\t\t>\n\t\t\t<svg xmlns=\"http:\/\/www.w3.org\/2000\/svg\" width=\"12\" height=\"12\" fill=\"none\" viewBox=\"0 0 12 12\">\n\t\t\t\t<path fill=\"#fff\" d=\"M2 0a2 2 0 0 0-2 2v2h1.5V2a.5.5 0 0 1 .5-.5h2V0H2Zm2 10.5H2a.5.5 0 0 1-.5-.5V8H0v2a2 2 0 0 0 2 2h2v-1.5ZM8 12v-1.5h2a.5.5 0 0 0 .5-.5V8H12v2a2 2 0 0 1-2 2H8Zm2-12a2 2 0 0 1 2 2v2h-1.5V2a.5.5 0 0 0-.5-.5H8V0h2Z\" \/>\n\t\t\t<\/svg>\n\t\t<\/button><figcaption class=\"wp-element-caption\">Svat\u00fd Kope\u010dekin pyhiinvaellusbasilika n\u00e4kyy jo Olomouciin saavuttaessa<\/figcaption><\/figure>\n\n\n\n<p class=\"wp-block-paragraph\">Kun kerran olet Svat\u00fd Kope\u010dekilla, k\u00e4vele hieman eteenp\u00e4in torille Sadov\u00e9 1, jolla sijaitsee vaikuttava pyhiinvaellusbasilika, Neitsyt Marian ilmestyksen basilika (fantastinen arvosana <strong>4,8 yhteens\u00e4 2 572 arvostelusta<\/strong>). Se on maamerkki, jonka n\u00e4et loistavan maisemaan jo Olomouciin saavuttaessa.<\/p>\n\n\n\n<p class=\"wp-block-paragraph\">T\u00e4ss\u00e4 upeassa barokkirakennuksessa muuten vieraili itse paavi Johannes Paavali II. Vaikka se ei ensisilm\u00e4yksell\u00e4 kuulostaisikaan tyypilliselt\u00e4 lasten kohteelta, rakennus on niin valtava ja majesteettinen, ett\u00e4 se osaa kiinnostaa my\u00f6s pieni\u00e4 tutkijoita, ja lis\u00e4ksi sen ymp\u00e4rill\u00e4 voi tehd\u00e4 hyvin kauniita ja rauhallisia k\u00e4velyit\u00e4 l\u00e4hist\u00f6ll\u00e4.<\/p>\n\n\n\n<h2 class=\"wp-block-heading\"><span class=\"ez-toc-section\" id=\"Retket_Olomoucista_lasten_kanssa\"><\/span>Retket Olomoucista lasten kanssa<span class=\"ez-toc-section-end\"><\/span><\/h2>\n\n\n\n<p class=\"wp-block-paragraph\">Olomouc sijaitsee strategisesti M\u00e4\u00e4rin syd\u00e4mess\u00e4, mik\u00e4 tarkoittaa, ett\u00e4 jos sinulla on auto k\u00e4ytett\u00e4viss\u00e4, tunnin ajomatkan s\u00e4teell\u00e4 avautuu uskomaton m\u00e4\u00e4r\u00e4 muita houkuttelevia kohteita. Jos siis sinulle j\u00e4\u00e4 aikaa ja haluat suunnata hieman kaupungin rajojen ulkopuolelle, t\u00e4ss\u00e4 ovat parhaat vinkit puolen p\u00e4iv\u00e4n tai koko p\u00e4iv\u00e4n retkiin.<\/p>\n\n\n\n<h3 class=\"wp-block-heading\"><span class=\"ez-toc-section\" id=\"28_DinoPark_ja_ZOO_Park_Vyskov\"><\/span>28. DinoPark ja ZOO Park Vy\u0161kov<span class=\"ez-toc-section-end\"><\/span><\/h3>\n\n\n\n<figure data-wp-context=\"{&quot;imageId&quot;:&quot;6a952c5d11b70&quot;}\" data-wp-interactive=\"core\/image\" data-wp-key=\"6a952c5d11b70\" class=\"wp-block-image size-full wp-lightbox-container\"><img decoding=\"async\" width=\"1800\" height=\"1209\" data-wp-class--hide=\"state.isContentHidden\" data-wp-class--show=\"state.isContentVisible\" data-wp-init=\"callbacks.setButtonStyles\" data-wp-on--click=\"actions.showLightbox\" data-wp-on--load=\"callbacks.setButtonStyles\" data-wp-on--pointerdown=\"actions.preloadImage\" data-wp-on--pointerenter=\"actions.preloadImageWithDelay\" data-wp-on--pointerleave=\"actions.cancelPreload\" data-wp-on-window--resize=\"callbacks.setButtonStyles\" src=\"https:\/\/loudavymkrokem.cz\/wp-content\/uploads\/2026\/08\/olomouc-s-detmi-zoopark-vyskov.jpg\" alt=\"Yksikyttyr\u00e4inen kameli ZOO Park Vy\u0161kovissa\" class=\"wp-image-401131\" title=\"\" srcset=\"https:\/\/loudavymkrokem.cz\/wp-content\/uploads\/2026\/08\/olomouc-s-detmi-zoopark-vyskov.jpg 1800w, https:\/\/loudavymkrokem.cz\/wp-content\/uploads\/2026\/08\/olomouc-s-detmi-zoopark-vyskov-300x202.jpg 300w, https:\/\/loudavymkrokem.cz\/wp-content\/uploads\/2026\/08\/olomouc-s-detmi-zoopark-vyskov-700x470.jpg 700w, https:\/\/loudavymkrokem.cz\/wp-content\/uploads\/2026\/08\/olomouc-s-detmi-zoopark-vyskov-768x516.jpg 768w, https:\/\/loudavymkrokem.cz\/wp-content\/uploads\/2026\/08\/olomouc-s-detmi-zoopark-vyskov-1536x1032.jpg 1536w, https:\/\/loudavymkrokem.cz\/wp-content\/uploads\/2026\/08\/olomouc-s-detmi-zoopark-vyskov-696x467.jpg 696w, https:\/\/loudavymkrokem.cz\/wp-content\/uploads\/2026\/08\/olomouc-s-detmi-zoopark-vyskov-1392x935.jpg 1392w\" sizes=\"(max-width: 1800px) 100vw, 1800px\" \/><button\n\t\t\tclass=\"lightbox-trigger\"\n\t\t\ttype=\"button\"\n\t\t\taria-haspopup=\"dialog\"\n\t\t\tdata-wp-bind--aria-label=\"state.thisImage.triggerButtonAriaLabel\"\n\t\t\tdata-wp-init=\"callbacks.initTriggerButton\"\n\t\t\tdata-wp-on--click=\"actions.showLightbox\"\n\t\t\tdata-wp-style--right=\"state.thisImage.buttonRight\"\n\t\t\tdata-wp-style--top=\"state.thisImage.buttonTop\"\n\t\t>\n\t\t\t<svg xmlns=\"http:\/\/www.w3.org\/2000\/svg\" width=\"12\" height=\"12\" fill=\"none\" viewBox=\"0 0 12 12\">\n\t\t\t\t<path fill=\"#fff\" d=\"M2 0a2 2 0 0 0-2 2v2h1.5V2a.5.5 0 0 1 .5-.5h2V0H2Zm2 10.5H2a.5.5 0 0 1-.5-.5V8H0v2a2 2 0 0 0 2 2h2v-1.5ZM8 12v-1.5h2a.5.5 0 0 0 .5-.5V8H12v2a2 2 0 0 1-2 2H8Zm2-12a2 2 0 0 1 2 2v2h-1.5V2a.5.5 0 0 0-.5-.5H8V0h2Z\" \/>\n\t\t\t<\/svg>\n\t\t<\/button><figcaption class=\"wp-element-caption\">Samalla lipulla p\u00e4\u00e4set my\u00f6s ZOO Park Vy\u0161koviin kameleineen ja kotiel\u00e4imineen<\/figcaption><\/figure>\n\n\n\n<figure data-wp-context=\"{&quot;imageId&quot;:&quot;6a952c5d11eac&quot;}\" data-wp-interactive=\"core\/image\" data-wp-key=\"6a952c5d11eac\" class=\"wp-block-image size-full wp-lightbox-container\"><img decoding=\"async\" width=\"1800\" height=\"1350\" data-wp-class--hide=\"state.isContentHidden\" data-wp-class--show=\"state.isContentVisible\" data-wp-init=\"callbacks.setButtonStyles\" data-wp-on--click=\"actions.showLightbox\" data-wp-on--load=\"callbacks.setButtonStyles\" data-wp-on--pointerdown=\"actions.preloadImage\" data-wp-on--pointerenter=\"actions.preloadImageWithDelay\" data-wp-on--pointerleave=\"actions.cancelPreload\" data-wp-on-window--resize=\"callbacks.setButtonStyles\" src=\"https:\/\/loudavymkrokem.cz\/wp-content\/uploads\/2026\/08\/olomouc-s-detmi-dinopark-vyskov.jpg\" alt=\"Dinosauruksen malli DinoParkissa Vy\u0161kovissa\" class=\"wp-image-401129\" title=\"\" srcset=\"https:\/\/loudavymkrokem.cz\/wp-content\/uploads\/2026\/08\/olomouc-s-detmi-dinopark-vyskov.jpg 1800w, https:\/\/loudavymkrokem.cz\/wp-content\/uploads\/2026\/08\/olomouc-s-detmi-dinopark-vyskov-300x225.jpg 300w, https:\/\/loudavymkrokem.cz\/wp-content\/uploads\/2026\/08\/olomouc-s-detmi-dinopark-vyskov-700x525.jpg 700w, https:\/\/loudavymkrokem.cz\/wp-content\/uploads\/2026\/08\/olomouc-s-detmi-dinopark-vyskov-768x576.jpg 768w, https:\/\/loudavymkrokem.cz\/wp-content\/uploads\/2026\/08\/olomouc-s-detmi-dinopark-vyskov-1536x1152.jpg 1536w, https:\/\/loudavymkrokem.cz\/wp-content\/uploads\/2026\/08\/olomouc-s-detmi-dinopark-vyskov-80x60.jpg 80w, https:\/\/loudavymkrokem.cz\/wp-content\/uploads\/2026\/08\/olomouc-s-detmi-dinopark-vyskov-160x120.jpg 160w, https:\/\/loudavymkrokem.cz\/wp-content\/uploads\/2026\/08\/olomouc-s-detmi-dinopark-vyskov-696x522.jpg 696w, https:\/\/loudavymkrokem.cz\/wp-content\/uploads\/2026\/08\/olomouc-s-detmi-dinopark-vyskov-1392x1044.jpg 1392w\" sizes=\"(max-width: 1800px) 100vw, 1800px\" \/><button\n\t\t\tclass=\"lightbox-trigger\"\n\t\t\ttype=\"button\"\n\t\t\taria-haspopup=\"dialog\"\n\t\t\tdata-wp-bind--aria-label=\"state.thisImage.triggerButtonAriaLabel\"\n\t\t\tdata-wp-init=\"callbacks.initTriggerButton\"\n\t\t\tdata-wp-on--click=\"actions.showLightbox\"\n\t\t\tdata-wp-style--right=\"state.thisImage.buttonRight\"\n\t\t\tdata-wp-style--top=\"state.thisImage.buttonTop\"\n\t\t>\n\t\t\t<svg xmlns=\"http:\/\/www.w3.org\/2000\/svg\" width=\"12\" height=\"12\" fill=\"none\" viewBox=\"0 0 12 12\">\n\t\t\t\t<path fill=\"#fff\" d=\"M2 0a2 2 0 0 0-2 2v2h1.5V2a.5.5 0 0 1 .5-.5h2V0H2Zm2 10.5H2a.5.5 0 0 1-.5-.5V8H0v2a2 2 0 0 0 2 2h2v-1.5ZM8 12v-1.5h2a.5.5 0 0 0 .5-.5V8H12v2a2 2 0 0 1-2 2H8Zm2-12a2 2 0 0 1 2 2v2h-1.5V2a.5.5 0 0 0-.5-.5H8V0h2Z\" \/>\n\t\t\t<\/svg>\n\t\t<\/button><figcaption class=\"wp-element-caption\">DinoParkissa Vy\u0161kovissa on yli sata dinosaurusta, osa niist\u00e4 liikkuu ja karjuu<\/figcaption><\/figure>\n\n\n\n<p class=\"wp-block-paragraph\">T\u00e4t\u00e4 retke\u00e4 <a href=\"https:\/\/www.dinopark.cz\/vyskov\" target=\"_blank\" rel=\"nofollow noopener\">DinoPark Vy\u0161koviin<\/a> noin 45 kilometrin p\u00e4\u00e4h\u00e4n Olomoucista (Cukrovarsk\u00e1 9, Vy\u0161kov) minun on yksinkertaisesti suositeltava kaikin kymmenin, sill\u00e4 me Luk\u00e1\u0161in ja Jon\u00e1\u0161in kanssa suuntasimme sinne itse, ja se oli aivan t\u00e4ysosuma. Tunnetko ne hetket, jolloin lapsen silm\u00e4t s\u00e4ihkyv\u00e4t ihmetyksest\u00e4? Juuri niin k\u00e4vi, kun l\u00f6ysimme valtavan k\u00e4velev\u00e4n robottistegosauruksen. Koko alueella on nimitt\u00e4in yli <strong>100 dinosaurusta<\/strong>, osa niist\u00e4 on staattisia, mutta paljon on upeasti \u00e4\u00e4nitettyj\u00e4 ja liikkuvia. T\u00e4\u00e4lt\u00e4 l\u00f6yd\u00e4t my\u00f6s <strong>4D-elokuvateatterin<\/strong>, tuulisen DinoHurik\u00e1nin, mainion paleontologisen leikkikent\u00e4n pienille tutkijoille, huolellisesti rakennetun n\u00e4kym\u00e4n maahan sy\u00f6ksyneest\u00e4 lentokoneesta ja sumupuita, jotka virkist\u00e4v\u00e4t loistavasti kes\u00e4ll\u00e4.<\/p>\n\n\n\n<p class=\"wp-block-paragraph\">Mielenkiintoista on, ett\u00e4 lippu k\u00e4y samalla my\u00f6s viereiseen <strong>ZOO Park Vy\u0161koviin<\/strong>, joka on tosin pienempi ja keskittyy l\u00e4hinn\u00e4 talonpoikaispihojen el\u00e4imiin ja kotiel\u00e4imiin, mutta t\u00e4\u00e4ll\u00e4 t\u00f6rm\u00e4\u00e4t my\u00f6s kameleihin, uteliaisiin apinoihin tai strutseihin. Dinosaurusten ja el\u00e4intarhan v\u00e4lill\u00e4 sukkuloi erityinen junanen nimelt\u00e4 <strong>DinoExpres<\/strong>, joka on lapsille laite itsess\u00e4\u00e4n. Ihmiset rakastavat alueita, DinoParkilla on arvosana <strong>4,5 l\u00e4hes 7 tuhannesta arvostelusta<\/strong> ja ZOO Parkilla per\u00e4ti <strong>4,5 yli 7 700 arviosta<\/strong>. \ud83d\udca1 K\u00e4yt\u00e4nn\u00f6n n\u00e4k\u00f6kulmasta minun on kuitenkin vahvistettava yksi asia, josta arvostelut usein varoittavat: virvoketarjonta suoraan alueella on melko heikkoa, eik\u00e4 joissakin ZOO Parkin paikoissa voi maksaa kortilla. Pakkaa siis ehdottomasti reppuun kunnon omat ev\u00e4\u00e4t \u00e4l\u00e4k\u00e4 unohda k\u00e4teist\u00e4, ettei j\u00e4\u00e4tel\u00f6nhimo p\u00e4\u00e4se yll\u00e4tt\u00e4m\u00e4\u00e4n sinua.<\/p>\n\n\n\n<h3 class=\"wp-block-heading\"><span class=\"ez-toc-section\" id=\"29_Bouzovin_linna\"><\/span>29. Bouzovin linna<span class=\"ez-toc-section-end\"><\/span><\/h3>\n\n\n\n<figure data-wp-context=\"{&quot;imageId&quot;:&quot;6a952c5d12343&quot;}\" data-wp-interactive=\"core\/image\" data-wp-key=\"6a952c5d12343\" class=\"wp-block-image size-full wp-lightbox-container\"><img decoding=\"async\" width=\"1800\" height=\"1056\" data-wp-class--hide=\"state.isContentHidden\" data-wp-class--show=\"state.isContentVisible\" data-wp-init=\"callbacks.setButtonStyles\" data-wp-on--click=\"actions.showLightbox\" data-wp-on--load=\"callbacks.setButtonStyles\" data-wp-on--pointerdown=\"actions.preloadImage\" data-wp-on--pointerenter=\"actions.preloadImageWithDelay\" data-wp-on--pointerleave=\"actions.cancelPreload\" data-wp-on-window--resize=\"callbacks.setButtonStyles\" src=\"https:\/\/loudavymkrokem.cz\/wp-content\/uploads\/2026\/08\/olomouc-s-detmi-hrad-bouzov.jpg\" alt=\"Satumainen Bouzovin linna maiseman yll\u00e4 l\u00e4hell\u00e4 Olomoucia\" class=\"wp-image-401093\" title=\"\" srcset=\"https:\/\/loudavymkrokem.cz\/wp-content\/uploads\/2026\/08\/olomouc-s-detmi-hrad-bouzov.jpg 1800w, https:\/\/loudavymkrokem.cz\/wp-content\/uploads\/2026\/08\/olomouc-s-detmi-hrad-bouzov-300x176.jpg 300w, https:\/\/loudavymkrokem.cz\/wp-content\/uploads\/2026\/08\/olomouc-s-detmi-hrad-bouzov-700x411.jpg 700w, https:\/\/loudavymkrokem.cz\/wp-content\/uploads\/2026\/08\/olomouc-s-detmi-hrad-bouzov-768x451.jpg 768w, https:\/\/loudavymkrokem.cz\/wp-content\/uploads\/2026\/08\/olomouc-s-detmi-hrad-bouzov-1536x901.jpg 1536w, https:\/\/loudavymkrokem.cz\/wp-content\/uploads\/2026\/08\/olomouc-s-detmi-hrad-bouzov-696x408.jpg 696w, https:\/\/loudavymkrokem.cz\/wp-content\/uploads\/2026\/08\/olomouc-s-detmi-hrad-bouzov-1392x817.jpg 1392w\" sizes=\"(max-width: 1800px) 100vw, 1800px\" \/><button\n\t\t\tclass=\"lightbox-trigger\"\n\t\t\ttype=\"button\"\n\t\t\taria-haspopup=\"dialog\"\n\t\t\tdata-wp-bind--aria-label=\"state.thisImage.triggerButtonAriaLabel\"\n\t\t\tdata-wp-init=\"callbacks.initTriggerButton\"\n\t\t\tdata-wp-on--click=\"actions.showLightbox\"\n\t\t\tdata-wp-style--right=\"state.thisImage.buttonRight\"\n\t\t\tdata-wp-style--top=\"state.thisImage.buttonTop\"\n\t\t>\n\t\t\t<svg xmlns=\"http:\/\/www.w3.org\/2000\/svg\" width=\"12\" height=\"12\" fill=\"none\" viewBox=\"0 0 12 12\">\n\t\t\t\t<path fill=\"#fff\" d=\"M2 0a2 2 0 0 0-2 2v2h1.5V2a.5.5 0 0 1 .5-.5h2V0H2Zm2 10.5H2a.5.5 0 0 1-.5-.5V8H0v2a2 2 0 0 0 2 2h2v-1.5ZM8 12v-1.5h2a.5.5 0 0 0 .5-.5V8H12v2a2 2 0 0 1-2 2H8Zm2-12a2 2 0 0 1 2 2v2h-1.5V2a.5.5 0 0 0-.5-.5H8V0h2Z\" \/>\n\t\t\t<\/svg>\n\t\t<\/button><figcaption class=\"wp-element-caption\">Bouzov n\u00e4ytt\u00e4\u00e4 kuin sadusta. Niit\u00e4h\u00e4n t\u00e4\u00e4ll\u00e4 on kuvattu paljon.<\/figcaption><\/figure>\n\n\n\n<p class=\"wp-block-paragraph\">Noin 30 kilometrin p\u00e4\u00e4ss\u00e4 Olomoucista seisoo linna, joka n\u00e4ytt\u00e4\u00e4 kuin joku olisi leikannut sen suoraan satukirjasta. Ei ole ihme, ett\u00e4 satumaisessa Bouzovissa kuvattiin valtava m\u00e4\u00e4r\u00e4 t\u0161ekkil\u00e4isi\u00e4 satuelokuvia (esimerkiksi legendaarinen O princezn\u011b Jasn\u011bnce a l\u00e9taj\u00edc\u00edm \u0161evci). Vierailijat rakastavat sit\u00e4 ja antoivat sille uskomattomat pisteet <strong>4,8 l\u00e4hes 12 000 arvostelusta<\/strong>.<\/p>\n\n\n\n<p class=\"wp-block-paragraph\">Pienten lasten kanssa, joita oppaan pitk\u00e4 selostus ei viihdytt\u00e4isi, on loistava uutinen se, ett\u00e4 ensimm\u00e4iselle linnanpihalle p\u00e4\u00e4set aivan vapaasti my\u00f6s ilman lipun ostamista. Voit siis katsella linnaa, ime\u00e4 itseesi tuota taianomaista ritari-ilmapiiri\u00e4, ottaa kuvia laskusillan luona ja jatkaa taas rauhassa matkaa.<\/p>\n\n\n\n<h3 class=\"wp-block-heading\"><span class=\"ez-toc-section\" id=\"30_Mladecin_luolat\"><\/span>30. Mlade\u010din luolat<span class=\"ez-toc-section-end\"><\/span><\/h3>\n\n\n\n<figure data-wp-context=\"{&quot;imageId&quot;:&quot;6a952c5d127a9&quot;}\" data-wp-interactive=\"core\/image\" data-wp-key=\"6a952c5d127a9\" class=\"wp-block-image size-full wp-lightbox-container\"><img decoding=\"async\" width=\"1350\" height=\"1800\" data-wp-class--hide=\"state.isContentHidden\" data-wp-class--show=\"state.isContentVisible\" data-wp-init=\"callbacks.setButtonStyles\" data-wp-on--click=\"actions.showLightbox\" data-wp-on--load=\"callbacks.setButtonStyles\" data-wp-on--pointerdown=\"actions.preloadImage\" data-wp-on--pointerenter=\"actions.preloadImageWithDelay\" data-wp-on--pointerleave=\"actions.cancelPreload\" data-wp-on-window--resize=\"callbacks.setButtonStyles\" src=\"https:\/\/loudavymkrokem.cz\/wp-content\/uploads\/2026\/08\/olomouc-s-detmi-mladecske-jeskyne.jpg\" alt=\"Valaistu tippukivi Mlade\u010din luolissa\" class=\"wp-image-401100\" title=\"\" srcset=\"https:\/\/loudavymkrokem.cz\/wp-content\/uploads\/2026\/08\/olomouc-s-detmi-mladecske-jeskyne.jpg 1350w, https:\/\/loudavymkrokem.cz\/wp-content\/uploads\/2026\/08\/olomouc-s-detmi-mladecske-jeskyne-225x300.jpg 225w, https:\/\/loudavymkrokem.cz\/wp-content\/uploads\/2026\/08\/olomouc-s-detmi-mladecske-jeskyne-700x933.jpg 700w, https:\/\/loudavymkrokem.cz\/wp-content\/uploads\/2026\/08\/olomouc-s-detmi-mladecske-jeskyne-768x1024.jpg 768w, https:\/\/loudavymkrokem.cz\/wp-content\/uploads\/2026\/08\/olomouc-s-detmi-mladecske-jeskyne-1152x1536.jpg 1152w, https:\/\/loudavymkrokem.cz\/wp-content\/uploads\/2026\/08\/olomouc-s-detmi-mladecske-jeskyne-696x928.jpg 696w\" sizes=\"(max-width: 1350px) 100vw, 1350px\" \/><button\n\t\t\tclass=\"lightbox-trigger\"\n\t\t\ttype=\"button\"\n\t\t\taria-haspopup=\"dialog\"\n\t\t\tdata-wp-bind--aria-label=\"state.thisImage.triggerButtonAriaLabel\"\n\t\t\tdata-wp-init=\"callbacks.initTriggerButton\"\n\t\t\tdata-wp-on--click=\"actions.showLightbox\"\n\t\t\tdata-wp-style--right=\"state.thisImage.buttonRight\"\n\t\t\tdata-wp-style--top=\"state.thisImage.buttonTop\"\n\t\t>\n\t\t\t<svg xmlns=\"http:\/\/www.w3.org\/2000\/svg\" width=\"12\" height=\"12\" fill=\"none\" viewBox=\"0 0 12 12\">\n\t\t\t\t<path fill=\"#fff\" d=\"M2 0a2 2 0 0 0-2 2v2h1.5V2a.5.5 0 0 1 .5-.5h2V0H2Zm2 10.5H2a.5.5 0 0 1-.5-.5V8H0v2a2 2 0 0 0 2 2h2v-1.5ZM8 12v-1.5h2a.5.5 0 0 0 .5-.5V8H12v2a2 2 0 0 1-2 2H8Zm2-12a2 2 0 0 1 2 2v2h-1.5V2a.5.5 0 0 0-.5-.5H8V0h2Z\" \/>\n\t\t\t<\/svg>\n\t\t<\/button><figcaption class=\"wp-element-caption\">Mlade\u010din luolien kierros kest\u00e4\u00e4 vajaan tunnin ja siit\u00e4 selvi\u00e4v\u00e4t my\u00f6s pienemm\u00e4t lapset<\/figcaption><\/figure>\n\n\n\n<p class=\"wp-block-paragraph\">Jos etsit lyhyemp\u00e4\u00e4 maanalaista seikkailua, noin 25 kilometrin p\u00e4\u00e4ss\u00e4 Mlade\u010din kyl\u00e4ss\u00e4 sijaitsevat kauniit karstiluolat arvosanalla <strong>4,7<\/strong>. Ne tunnetaan muun muassa esihistoriallisten ihmisten luiden arkeologisista l\u00f6yd\u00f6ist\u00e4.<\/p>\n\n\n\n<p class=\"wp-block-paragraph\">Miksi ne sitten ovat loistavia perheille? Itse kierrosreitti kest\u00e4\u00e4 nimitt\u00e4in vajaan tunnin, se ei ole fyysisesti mitenk\u00e4\u00e4n \u00e4\u00e4rimm\u00e4isen vaativa, ja monien k\u00e4vij\u00f6iden kokemuksen mukaan se on <strong>eritt\u00e4in sopiva my\u00f6s pienille lapsille<\/strong>, jotka eiv\u00e4t v\u00e4ltt\u00e4m\u00e4tt\u00e4 siet\u00e4isi pitk\u00e4\u00e4 oleskelua kylm\u00e4ss\u00e4 maan alla.<\/p>\n\n\n\n<h3 class=\"wp-block-heading\"><span class=\"ez-toc-section\" id=\"31_Javorickon_luolat\"><\/span>31. Javo\u0159\u00ed\u010dkon luolat<span class=\"ez-toc-section-end\"><\/span><\/h3>\n\n\n\n<figure data-wp-context=\"{&quot;imageId&quot;:&quot;6a952c5d12bf0&quot;}\" data-wp-interactive=\"core\/image\" data-wp-key=\"6a952c5d12bf0\" class=\"wp-block-image size-full wp-lightbox-container\"><img decoding=\"async\" width=\"1350\" height=\"1800\" data-wp-class--hide=\"state.isContentHidden\" data-wp-class--show=\"state.isContentVisible\" data-wp-init=\"callbacks.setButtonStyles\" data-wp-on--click=\"actions.showLightbox\" data-wp-on--load=\"callbacks.setButtonStyles\" data-wp-on--pointerdown=\"actions.preloadImage\" data-wp-on--pointerenter=\"actions.preloadImageWithDelay\" data-wp-on--pointerleave=\"actions.cancelPreload\" data-wp-on-window--resize=\"callbacks.setButtonStyles\" src=\"https:\/\/loudavymkrokem.cz\/wp-content\/uploads\/2026\/08\/olomouc-s-detmi-javoricske-jeskyne.jpg\" alt=\"Tippukivikoristelu Javo\u0159\u00ed\u010dkon luolissa\" class=\"wp-image-401096\" title=\"\" srcset=\"https:\/\/loudavymkrokem.cz\/wp-content\/uploads\/2026\/08\/olomouc-s-detmi-javoricske-jeskyne.jpg 1350w, https:\/\/loudavymkrokem.cz\/wp-content\/uploads\/2026\/08\/olomouc-s-detmi-javoricske-jeskyne-225x300.jpg 225w, https:\/\/loudavymkrokem.cz\/wp-content\/uploads\/2026\/08\/olomouc-s-detmi-javoricske-jeskyne-700x933.jpg 700w, https:\/\/loudavymkrokem.cz\/wp-content\/uploads\/2026\/08\/olomouc-s-detmi-javoricske-jeskyne-768x1024.jpg 768w, https:\/\/loudavymkrokem.cz\/wp-content\/uploads\/2026\/08\/olomouc-s-detmi-javoricske-jeskyne-1152x1536.jpg 1152w, https:\/\/loudavymkrokem.cz\/wp-content\/uploads\/2026\/08\/olomouc-s-detmi-javoricske-jeskyne-696x928.jpg 696w\" sizes=\"(max-width: 1350px) 100vw, 1350px\" \/><button\n\t\t\tclass=\"lightbox-trigger\"\n\t\t\ttype=\"button\"\n\t\t\taria-haspopup=\"dialog\"\n\t\t\tdata-wp-bind--aria-label=\"state.thisImage.triggerButtonAriaLabel\"\n\t\t\tdata-wp-init=\"callbacks.initTriggerButton\"\n\t\t\tdata-wp-on--click=\"actions.showLightbox\"\n\t\t\tdata-wp-style--right=\"state.thisImage.buttonRight\"\n\t\t\tdata-wp-style--top=\"state.thisImage.buttonTop\"\n\t\t>\n\t\t\t<svg xmlns=\"http:\/\/www.w3.org\/2000\/svg\" width=\"12\" height=\"12\" fill=\"none\" viewBox=\"0 0 12 12\">\n\t\t\t\t<path fill=\"#fff\" d=\"M2 0a2 2 0 0 0-2 2v2h1.5V2a.5.5 0 0 1 .5-.5h2V0H2Zm2 10.5H2a.5.5 0 0 1-.5-.5V8H0v2a2 2 0 0 0 2 2h2v-1.5ZM8 12v-1.5h2a.5.5 0 0 0 .5-.5V8H12v2a2 2 0 0 1-2 2H8Zm2-12a2 2 0 0 1 2 2v2h-1.5V2a.5.5 0 0 0-.5-.5H8V0h2Z\" \/>\n\t\t\t<\/svg>\n\t\t<\/button><figcaption class=\"wp-element-caption\">Javo\u0159\u00ed\u010dkon luolissa on upea tippukivikoristelu, mutta my\u00f6s 250 porrasta<\/figcaption><\/figure>\n\n\n\n<p class=\"wp-block-paragraph\">Hieman kauempana, noin 35 kilometrin p\u00e4\u00e4ss\u00e4 kaupungista, k\u00e4tkeytyy toinen ja viel\u00e4 suurempi maanalainen aarre, Javo\u0159\u00ed\u010dkon luolat henke\u00e4salpaavine tippukivikoristeluineen (loistava arvosana <strong>4,8 l\u00e4hes 3 tuhannesta arvostelusta<\/strong>). Vierailu t\u00e4ss\u00e4 paikassa on valtava el\u00e4mys, mutta varoitan rehellisesti, ett\u00e4 se on retki, joka sopii pikemminkin isommille ja fyysisesti kyvykk\u00e4\u00e4mmille lapsille.<\/p>\n\n\n\n<p class=\"wp-block-paragraph\">Jos nimitt\u00e4in l\u00e4hdet lyhent\u00e4m\u00e4tt\u00f6m\u00e4lle, vajaan 800 metrin reitille, viet\u00e4t luolassa yli tunnin, paikoin joudut puristautumaan melko kapeiden k\u00e4yt\u00e4vien l\u00e4pi ja ennen kaikkea joudut kierroksen aikana valloittamaan noin <strong>250 porrasta<\/strong>. Taapero syliss\u00e4 se olisi todella kiirastuli.<\/p>\n\n\n\n<h3 class=\"wp-block-heading\"><span class=\"ez-toc-section\" id=\"32_Olomoucin_tvaruzky-juustomuseo_Losticessa\"><\/span>32. Olomoucin tvar\u016f\u017eky-juustomuseo Lo\u0161ticessa<span class=\"ez-toc-section-end\"><\/span><\/h3>\n\n\n\n<figure data-wp-context=\"{&quot;imageId&quot;:&quot;6a952c5d13037&quot;}\" data-wp-interactive=\"core\/image\" data-wp-key=\"6a952c5d13037\" class=\"wp-block-image size-full wp-lightbox-container\"><img decoding=\"async\" width=\"1800\" height=\"1246\" data-wp-class--hide=\"state.isContentHidden\" data-wp-class--show=\"state.isContentVisible\" data-wp-init=\"callbacks.setButtonStyles\" data-wp-on--click=\"actions.showLightbox\" data-wp-on--load=\"callbacks.setButtonStyles\" data-wp-on--pointerdown=\"actions.preloadImage\" data-wp-on--pointerenter=\"actions.preloadImageWithDelay\" data-wp-on--pointerleave=\"actions.cancelPreload\" data-wp-on-window--resize=\"callbacks.setButtonStyles\" src=\"https:\/\/loudavymkrokem.cz\/wp-content\/uploads\/2026\/08\/olomouc-s-detmi-muzeum-tvaruzku.jpg\" alt=\"N\u00e4yttely Olomoucin tvar\u016f\u017eky-juustomuseossa Lo\u0161ticessa\" class=\"wp-image-401116\" title=\"\" srcset=\"https:\/\/loudavymkrokem.cz\/wp-content\/uploads\/2026\/08\/olomouc-s-detmi-muzeum-tvaruzku.jpg 1800w, https:\/\/loudavymkrokem.cz\/wp-content\/uploads\/2026\/08\/olomouc-s-detmi-muzeum-tvaruzku-300x208.jpg 300w, https:\/\/loudavymkrokem.cz\/wp-content\/uploads\/2026\/08\/olomouc-s-detmi-muzeum-tvaruzku-700x485.jpg 700w, https:\/\/loudavymkrokem.cz\/wp-content\/uploads\/2026\/08\/olomouc-s-detmi-muzeum-tvaruzku-768x532.jpg 768w, https:\/\/loudavymkrokem.cz\/wp-content\/uploads\/2026\/08\/olomouc-s-detmi-muzeum-tvaruzku-1536x1063.jpg 1536w, https:\/\/loudavymkrokem.cz\/wp-content\/uploads\/2026\/08\/olomouc-s-detmi-muzeum-tvaruzku-696x482.jpg 696w, https:\/\/loudavymkrokem.cz\/wp-content\/uploads\/2026\/08\/olomouc-s-detmi-muzeum-tvaruzku-1392x964.jpg 1392w\" sizes=\"(max-width: 1800px) 100vw, 1800px\" \/><button\n\t\t\tclass=\"lightbox-trigger\"\n\t\t\ttype=\"button\"\n\t\t\taria-haspopup=\"dialog\"\n\t\t\tdata-wp-bind--aria-label=\"state.thisImage.triggerButtonAriaLabel\"\n\t\t\tdata-wp-init=\"callbacks.initTriggerButton\"\n\t\t\tdata-wp-on--click=\"actions.showLightbox\"\n\t\t\tdata-wp-style--right=\"state.thisImage.buttonRight\"\n\t\t\tdata-wp-style--top=\"state.thisImage.buttonTop\"\n\t\t>\n\t\t\t<svg xmlns=\"http:\/\/www.w3.org\/2000\/svg\" width=\"12\" height=\"12\" fill=\"none\" viewBox=\"0 0 12 12\">\n\t\t\t\t<path fill=\"#fff\" d=\"M2 0a2 2 0 0 0-2 2v2h1.5V2a.5.5 0 0 1 .5-.5h2V0H2Zm2 10.5H2a.5.5 0 0 1-.5-.5V8H0v2a2 2 0 0 0 2 2h2v-1.5ZM8 12v-1.5h2a.5.5 0 0 0 .5-.5V8H12v2a2 2 0 0 1-2 2H8Zm2-12a2 2 0 0 1 2 2v2h-1.5V2a.5.5 0 0 0-.5-.5H8V0h2Z\" \/>\n\t\t\t<\/svg>\n\t\t<\/button><figcaption class=\"wp-element-caption\">Lo\u0161ticessa n\u00e4et, miten tvar\u016f\u017eky-juustoa on valmistettu jo yli 400 vuotta<\/figcaption><\/figure>\n\n\n\n<p class=\"wp-block-paragraph\">Tvar\u016f\u017eky-juusto kuuluu yksinkertaisesti t\u00e4h\u00e4n alueeseen, ja jos haluat n\u00e4hd\u00e4, miten t\u00e4m\u00e4 tuoksuva (ja jonkun mielest\u00e4 pikemminkin haiseva) aarre tehd\u00e4\u00e4n, suuntaa noin 35 kilometrin p\u00e4\u00e4h\u00e4n Lo\u0161ticeen kadulle Palack\u00e9ho numero 56. Paikallinen museo (arvosana <strong>4,8<\/strong>) on omistettu ainoalle alkuper\u00e4iselle t\u0161ekkil\u00e4iselle juustolle, jota t\u00e4\u00e4ll\u00e4 on valmistettu keskeytyksett\u00e4 jo kunnioitettavat 400 vuotta.<\/p>\n\n\n\n<p class=\"wp-block-paragraph\">Vaikka se kuulostaa tyls\u00e4lt\u00e4 aikuisille, lapsia t\u00e4m\u00e4 ekskursio yleens\u00e4 hurjasti viihdytt\u00e4\u00e4, ja ennen kaikkea sen erityisen ja kaikkialla l\u00e4sn\u00e4 olevan kypsymistuoksun ansiosta, jonka \u00e4\u00e4rell\u00e4 he voivat tuuppia toisiaan ja nauraa. \ud83d\ude05 Juusto on tietysti raaka-aineiltaan kasvissy\u00f6jille aivan sopivaa, joten sen voi kierroksen j\u00e4lkeen ostaa kotiin ilman omantunnontuskia.<\/p>\n\n\n\n<h3 class=\"wp-block-heading\"><span class=\"ez-toc-section\" id=\"33_Pradedin_lastenmuseo_Bludovissa\"><\/span>33. Prad\u011bdin lastenmuseo Bludovissa<span class=\"ez-toc-section-end\"><\/span><\/h3>\n\n\n\n<figure data-wp-context=\"{&quot;imageId&quot;:&quot;6a952c5d1348f&quot;}\" data-wp-interactive=\"core\/image\" data-wp-key=\"6a952c5d1348f\" class=\"wp-block-image size-full wp-lightbox-container\"><img decoding=\"async\" width=\"800\" height=\"533\" data-wp-class--hide=\"state.isContentHidden\" data-wp-class--show=\"state.isContentVisible\" data-wp-init=\"callbacks.setButtonStyles\" data-wp-on--click=\"actions.showLightbox\" data-wp-on--load=\"callbacks.setButtonStyles\" data-wp-on--pointerdown=\"actions.preloadImage\" data-wp-on--pointerenter=\"actions.preloadImageWithDelay\" data-wp-on--pointerleave=\"actions.cancelPreload\" data-wp-on-window--resize=\"callbacks.setButtonStyles\" src=\"https:\/\/loudavymkrokem.cz\/wp-content\/uploads\/2026\/08\/olomouc-s-detmi-pradedovo-muzeum.jpg\" alt=\"Puinen pikkutalo Prad\u011bdin lastenmuseossa Bludovissa\" class=\"wp-image-403605\" title=\"\" srcset=\"https:\/\/loudavymkrokem.cz\/wp-content\/uploads\/2026\/08\/olomouc-s-detmi-pradedovo-muzeum.jpg 800w, https:\/\/loudavymkrokem.cz\/wp-content\/uploads\/2026\/08\/olomouc-s-detmi-pradedovo-muzeum-300x200.jpg 300w, https:\/\/loudavymkrokem.cz\/wp-content\/uploads\/2026\/08\/olomouc-s-detmi-pradedovo-muzeum-700x466.jpg 700w, https:\/\/loudavymkrokem.cz\/wp-content\/uploads\/2026\/08\/olomouc-s-detmi-pradedovo-muzeum-768x512.jpg 768w, https:\/\/loudavymkrokem.cz\/wp-content\/uploads\/2026\/08\/olomouc-s-detmi-pradedovo-muzeum-696x464.jpg 696w\" sizes=\"(max-width: 800px) 100vw, 800px\" \/><button\n\t\t\tclass=\"lightbox-trigger\"\n\t\t\ttype=\"button\"\n\t\t\taria-haspopup=\"dialog\"\n\t\t\tdata-wp-bind--aria-label=\"state.thisImage.triggerButtonAriaLabel\"\n\t\t\tdata-wp-init=\"callbacks.initTriggerButton\"\n\t\t\tdata-wp-on--click=\"actions.showLightbox\"\n\t\t\tdata-wp-style--right=\"state.thisImage.buttonRight\"\n\t\t\tdata-wp-style--top=\"state.thisImage.buttonTop\"\n\t\t>\n\t\t\t<svg xmlns=\"http:\/\/www.w3.org\/2000\/svg\" width=\"12\" height=\"12\" fill=\"none\" viewBox=\"0 0 12 12\">\n\t\t\t\t<path fill=\"#fff\" d=\"M2 0a2 2 0 0 0-2 2v2h1.5V2a.5.5 0 0 1 .5-.5h2V0H2Zm2 10.5H2a.5.5 0 0 1-.5-.5V8H0v2a2 2 0 0 0 2 2h2v-1.5ZM8 12v-1.5h2a.5.5 0 0 0 .5-.5V8H12v2a2 2 0 0 1-2 2H8Zm2-12a2 2 0 0 1 2 2v2h-1.5V2a.5.5 0 0 0-.5-.5H8V0h2Z\" \/>\n\t\t\t<\/svg>\n\t\t<\/button><figcaption class=\"wp-element-caption\">Prad\u011bdin museo on rakennettu niin, ett\u00e4 lapset saavat leikki\u00e4 kaikella | Kuva: Prad\u011bdovo d\u011btsk\u00e9 muzeum<\/figcaption><\/figure>\n\n\n\n<p class=\"wp-block-paragraph\">Jos teet hieman pidemm\u00e4n, noin 45 kilometrin retken pohjoiseen Bludoviin, t\u00f6rm\u00e4\u00e4t paratiisiin, joka on luotu puhtaasti pienimmille. Prad\u011bdin lastenmuseo pit\u00e4\u00e4 yll\u00e4 mainiota arvosanaa <strong>4,7 l\u00e4hes tuhannesta arvostelusta<\/strong>, ja se on paikka, jossa on todella ajateltu jokaista lasten oikkua.<\/p>\n\n\n\n<p class=\"wp-block-paragraph\">Koko n\u00e4yttely ja viereinen ulkoalue on rakennettu niin, ett\u00e4 lapset saavat leikki\u00e4 kaikella, tutkia Jesen\u00edkyn luontoa leikkis\u00e4ll\u00e4 tavalla, juosta ja nauttia vapaudesta ilman jatkuvaa muistuttelua siit\u00e4, ettei museon esineisiin saa koskea.<\/p>\n\n\n\n<h3 class=\"wp-block-heading\"><span class=\"ez-toc-section\" id=\"34_Fort_Radikov\"><\/span>34. Fort Rad\u00edkov<span class=\"ez-toc-section-end\"><\/span><\/h3>\n\n\n\n<figure data-wp-context=\"{&quot;imageId&quot;:&quot;6a952c5d13b52&quot;}\" data-wp-interactive=\"core\/image\" data-wp-key=\"6a952c5d13b52\" class=\"wp-block-image size-full wp-lightbox-container\"><img decoding=\"async\" width=\"1800\" height=\"1350\" data-wp-class--hide=\"state.isContentHidden\" data-wp-class--show=\"state.isContentVisible\" data-wp-init=\"callbacks.setButtonStyles\" data-wp-on--click=\"actions.showLightbox\" data-wp-on--load=\"callbacks.setButtonStyles\" data-wp-on--pointerdown=\"actions.preloadImage\" data-wp-on--pointerenter=\"actions.preloadImageWithDelay\" data-wp-on--pointerleave=\"actions.cancelPreload\" data-wp-on-window--resize=\"callbacks.setButtonStyles\" src=\"https:\/\/loudavymkrokem.cz\/wp-content\/uploads\/2026\/08\/olomouc-s-detmi-fort-radikov.jpg\" alt=\"Sis\u00e4\u00e4nk\u00e4ynti Fort Rad\u00edkoviin Olomoucin laidalla\" class=\"wp-image-401112\" title=\"\" srcset=\"https:\/\/loudavymkrokem.cz\/wp-content\/uploads\/2026\/08\/olomouc-s-detmi-fort-radikov.jpg 1800w, https:\/\/loudavymkrokem.cz\/wp-content\/uploads\/2026\/08\/olomouc-s-detmi-fort-radikov-300x225.jpg 300w, https:\/\/loudavymkrokem.cz\/wp-content\/uploads\/2026\/08\/olomouc-s-detmi-fort-radikov-700x525.jpg 700w, https:\/\/loudavymkrokem.cz\/wp-content\/uploads\/2026\/08\/olomouc-s-detmi-fort-radikov-768x576.jpg 768w, https:\/\/loudavymkrokem.cz\/wp-content\/uploads\/2026\/08\/olomouc-s-detmi-fort-radikov-1536x1152.jpg 1536w, https:\/\/loudavymkrokem.cz\/wp-content\/uploads\/2026\/08\/olomouc-s-detmi-fort-radikov-80x60.jpg 80w, https:\/\/loudavymkrokem.cz\/wp-content\/uploads\/2026\/08\/olomouc-s-detmi-fort-radikov-160x120.jpg 160w, https:\/\/loudavymkrokem.cz\/wp-content\/uploads\/2026\/08\/olomouc-s-detmi-fort-radikov-696x522.jpg 696w, https:\/\/loudavymkrokem.cz\/wp-content\/uploads\/2026\/08\/olomouc-s-detmi-fort-radikov-1392x1044.jpg 1392w\" sizes=\"(max-width: 1800px) 100vw, 1800px\" \/><button\n\t\t\tclass=\"lightbox-trigger\"\n\t\t\ttype=\"button\"\n\t\t\taria-haspopup=\"dialog\"\n\t\t\tdata-wp-bind--aria-label=\"state.thisImage.triggerButtonAriaLabel\"\n\t\t\tdata-wp-init=\"callbacks.initTriggerButton\"\n\t\t\tdata-wp-on--click=\"actions.showLightbox\"\n\t\t\tdata-wp-style--right=\"state.thisImage.buttonRight\"\n\t\t\tdata-wp-style--top=\"state.thisImage.buttonTop\"\n\t\t>\n\t\t\t<svg xmlns=\"http:\/\/www.w3.org\/2000\/svg\" width=\"12\" height=\"12\" fill=\"none\" viewBox=\"0 0 12 12\">\n\t\t\t\t<path fill=\"#fff\" d=\"M2 0a2 2 0 0 0-2 2v2h1.5V2a.5.5 0 0 1 .5-.5h2V0H2Zm2 10.5H2a.5.5 0 0 1-.5-.5V8H0v2a2 2 0 0 0 2 2h2v-1.5ZM8 12v-1.5h2a.5.5 0 0 0 .5-.5V8H12v2a2 2 0 0 1-2 2H8Zm2-12a2 2 0 0 1 2 2v2h-1.5V2a.5.5 0 0 0-.5-.5H8V0h2Z\" \/>\n\t\t\t<\/svg>\n\t\t<\/button><figcaption class=\"wp-element-caption\">Fort Rad\u00edkov kaupungin laidalla, jonka ymp\u00e4ri johtaa kaunis mets\u00e4k\u00e4vely<\/figcaption><\/figure>\n\n\n\n<p class=\"wp-block-paragraph\">Ja viimeinen vinkki palauttaa sinut aivan Olomoucin laidalle. Jos keskustan Korunn\u00ed pevn\u016fstka kiinnosti sinua, k\u00e4y ehdottomasti katsomassa my\u00f6s Fort Rad\u00edkov (arvosana 4,3), joka on yksi muista s\u00e4ilyneist\u00e4 linnakkeista, jotka muodostivat aikoinaan nokkelan puolustusrenkaan kaupungin ymp\u00e4rille.<\/p>\n\n\n\n<p class=\"wp-block-paragraph\">Itse mielenkiintoisen sotilasrakennuksen lis\u00e4ksi p\u00e4\u00e4asiallinen vetonaula on t\u00e4\u00e4ll\u00e4 kaunis luonto. Linnoituksen ymp\u00e4ri johtaa hyvin kaunis, kevyt mets\u00e4k\u00e4vely, jonka aikana voit ker\u00e4t\u00e4 k\u00e4pyj\u00e4, rakentaa talon tontuille ja nauttia rauhallisesta hetkest\u00e4 kaukana kaupungin h\u00e4lin\u00e4st\u00e4.<\/p>\n\n\n\n<h2 class=\"wp-block-heading\"><span class=\"ez-toc-section\" id=\"Missa_syoda_lasten_kanssa\"><\/span>Miss\u00e4 sy\u00f6d\u00e4 lasten kanssa<span class=\"ez-toc-section-end\"><\/span><\/h2>\n\n\n\n<p class=\"wp-block-paragraph\">Kasvissy\u00f6jin\u00e4 taaperon kanssa meill\u00e4 on ravintoloiden suhteen melko erityisi\u00e4 vaatimuksia, eik\u00e4 meill\u00e4 ollut niiden kanssa Olomoucissa v\u00e4h\u00e4isint\u00e4k\u00e4\u00e4n ongelmaa. Perheen\u00e4, joka ei sy\u00f6 lihaa, minulla on sinulle vinkkej\u00e4 paikoista, joita paikalliset ruokailijat, ja erityisesti kasvissy\u00f6j\u00e4t, ylist\u00e4v\u00e4t arvosteluissa taivaisiin. Ja pizzan kanssa et mene lasten kanssa yksinkertaisesti koskaan vikaan.<\/p>\n\n\n\n<ul class=\"wp-block-list\">\n\n<li><strong>Koza z\u016fstala cel\u00e1<\/strong> (Ml\u00fdnsk\u00e1 952): Aivan fantastinen ja kuuluisa kasvisravintola, joka pit\u00e4\u00e4 yll\u00e4 huippuarvosanaa <strong>4,8 yhteens\u00e4 517 arvostelusta<\/strong>. Ruokailijat kehuvat t\u00e4\u00e4ll\u00e4 valtavaa luovuutta lautasella, ja kes\u00e4ll\u00e4 voit lis\u00e4ksi istuskella kauniilla ja rauhallisella terassilla, jossa lapset eiv\u00e4t ole kenenk\u00e4\u00e4n tiell\u00e4.<\/li>\n\n\n\n<li><strong>Bistro ROZMAR\u00ddNY<\/strong> (Masarykova t\u0159. 61): Toinen puhtaasti kasvisruokaan keskittyv\u00e4 paikka (arvosana <strong>4,8 yhteens\u00e4 184:st\u00e4<\/strong>), joka toimii bistrona. Se on ihanteellinen valinta, kun sinun t\u00e4ytyy saada lapsiin jotain nopeaa, mutta ravitsemuksellisesti tasapainoista ja tervett\u00e4 lounasta t\u00e4ynn\u00e4 vihanneksia ja palkokasveja.<\/li>\n\n\n\n<li><strong>GREEN BAR<\/strong> (Ztracen\u00e1 3): Jos n\u00e4lk\u00e4 yll\u00e4tt\u00e4\u00e4 sinut kesken aamup\u00e4iv\u00e4n keskustakierroksen, t\u00e4m\u00e4 paikka pelastaa sinut (arvosana 4,6 yhteens\u00e4 379:st\u00e4). T\u00e4\u00e4ll\u00e4 on auki jo klo 10 alkaen, ja he tarjoavat erinomaista ja ennen kaikkea nopeaa kasvisruokaa buffet-muodossa, joten n\u00e4et tarkalleen, mit\u00e4 otat lautasellesi.<\/li>\n\n\n\n<li><strong>Kathmandu<\/strong> (Doln\u00ed n\u00e1m. 25): Pid\u00e4tk\u00f6 hivenen eksotiikasta? T\u00e4m\u00e4 nepalilainen ravintola on Olomoucissa valtava hitti (fantastiset <strong>4,7 yhteens\u00e4 1 789 arviosta<\/strong>). Vanhemmat mainitsevat hyvin usein \u00e4\u00e4rimm\u00e4isen avuliaan henkil\u00f6kunnan, joka auttaa mielell\u00e4\u00e4n ja k\u00e4rsiv\u00e4llisesti valitsemaan parhaat kasvisvaihtoehdot niin, etteiv\u00e4t ne olisi liian tulisia ja maistuisivat my\u00f6s pienille ruokailijoille.<\/li>\n\n\n\n<li><strong>Pizza Hradlo<\/strong> (Mr\u0161t\u00edkovo n\u00e1m. 6): Arvosana 4,7 yli tuhannesta arvostelusta puhuu selv\u00e4\u00e4 kielt\u00e4. Lasten kanssa pizza on yksinkertaisesti aina valtavan varma valinta, ja kun otat klassisen Margheritan, kaikki nauttivat mahansa t\u00e4yteen.<\/li>\n\n\n\n<li><strong>Buon Gusto<\/strong> (Velkomoravsk\u00e1 8) ja <strong>La Scala<\/strong> (Masarykova t\u0159. 15): Kaksi muuta upeaa pizzeriaa erinomaisilla arvosanoilla (4,9 ja 4,7). Ne tarjoavat paljon loistavia pastoja ja lihattomia pizzoja, jotka tuoksuvat aidolta Italialta.<\/li>\n\n\n\n<li><strong>Zmrzlin\u00e1rium Caf\u00e9 Centro<\/strong> (Na St\u0159elnici 37): Mik\u00e4\u00e4n perheretki ei suju ilman makeaa loppusilausta. T\u00e4ll\u00e4 paikalla on arvosana 4,7 l\u00e4hes 1 700 arviosta, ja paikallisten mukaan t\u00e4\u00e4ll\u00e4 tehd\u00e4\u00e4n parhaat j\u00e4lkiruoat ja j\u00e4\u00e4tel\u00f6t kauas ymp\u00e4riins\u00e4.<\/li>\n\n\n\n<li><strong>Olomoucin tvar\u016f\u017eky<\/strong>: Lopuksi en saa unohtaa paikallista ylpeydenaihetta. Ainoa alkuper\u00e4inen t\u0161ekkil\u00e4inen juusto EU:n suojatulla nimityksell\u00e4 on tietysti lihaton, joten voit maistaa sit\u00e4 huoletta. Aivan keskustasta l\u00f6yd\u00e4t erikoisliikkeen. Jos ne olisivat sinulle kylmin\u00e4 liian aromaattisia, kokeile niit\u00e4 jossakin kapakassa paistettuna tai sulatettuna kuumaan valkosipulikeittoon, sill\u00e4 ne kuulemma maistuvat huomattavasti miedommilta.<\/li>\n\n\n<\/ul>\n\n\n\n<h2 class=\"wp-block-heading\"><span class=\"ez-toc-section\" id=\"Kaytannon_tietoa\"><\/span>K\u00e4yt\u00e4nn\u00f6n tietoa<span class=\"ez-toc-section-end\"><\/span><\/h2>\n\n\n\n<figure data-wp-context=\"{&quot;imageId&quot;:&quot;6a952c5d149ff&quot;}\" data-wp-interactive=\"core\/image\" data-wp-key=\"6a952c5d149ff\" class=\"wp-block-image size-full wp-lightbox-container\"><img decoding=\"async\" width=\"2200\" height=\"1467\" data-wp-class--hide=\"state.isContentHidden\" data-wp-class--show=\"state.isContentVisible\" data-wp-init=\"callbacks.setButtonStyles\" data-wp-on--click=\"actions.showLightbox\" data-wp-on--load=\"callbacks.setButtonStyles\" data-wp-on--pointerdown=\"actions.preloadImage\" data-wp-on--pointerenter=\"actions.preloadImageWithDelay\" data-wp-on--pointerleave=\"actions.cancelPreload\" data-wp-on-window--resize=\"callbacks.setButtonStyles\" src=\"https:\/\/loudavymkrokem.cz\/wp-content\/uploads\/2026\/08\/olomouc-s-detmi-ulice-tramvaj.jpg\" alt=\"Olomoucin katu raitiovaunukiskoineen kaupungin keskustassa\" class=\"wp-image-401032\" title=\"\" srcset=\"https:\/\/loudavymkrokem.cz\/wp-content\/uploads\/2026\/08\/olomouc-s-detmi-ulice-tramvaj.jpg 2200w, https:\/\/loudavymkrokem.cz\/wp-content\/uploads\/2026\/08\/olomouc-s-detmi-ulice-tramvaj-300x200.jpg 300w, https:\/\/loudavymkrokem.cz\/wp-content\/uploads\/2026\/08\/olomouc-s-detmi-ulice-tramvaj-700x467.jpg 700w, https:\/\/loudavymkrokem.cz\/wp-content\/uploads\/2026\/08\/olomouc-s-detmi-ulice-tramvaj-768x512.jpg 768w, https:\/\/loudavymkrokem.cz\/wp-content\/uploads\/2026\/08\/olomouc-s-detmi-ulice-tramvaj-1536x1024.jpg 1536w, https:\/\/loudavymkrokem.cz\/wp-content\/uploads\/2026\/08\/olomouc-s-detmi-ulice-tramvaj-2048x1366.jpg 2048w, https:\/\/loudavymkrokem.cz\/wp-content\/uploads\/2026\/08\/olomouc-s-detmi-ulice-tramvaj-696x464.jpg 696w, https:\/\/loudavymkrokem.cz\/wp-content\/uploads\/2026\/08\/olomouc-s-detmi-ulice-tramvaj-1392x928.jpg 1392w, https:\/\/loudavymkrokem.cz\/wp-content\/uploads\/2026\/08\/olomouc-s-detmi-ulice-tramvaj-1920x1280.jpg 1920w\" sizes=\"(max-width: 2200px) 100vw, 2200px\" \/><button\n\t\t\tclass=\"lightbox-trigger\"\n\t\t\ttype=\"button\"\n\t\t\taria-haspopup=\"dialog\"\n\t\t\tdata-wp-bind--aria-label=\"state.thisImage.triggerButtonAriaLabel\"\n\t\t\tdata-wp-init=\"callbacks.initTriggerButton\"\n\t\t\tdata-wp-on--click=\"actions.showLightbox\"\n\t\t\tdata-wp-style--right=\"state.thisImage.buttonRight\"\n\t\t\tdata-wp-style--top=\"state.thisImage.buttonTop\"\n\t\t>\n\t\t\t<svg xmlns=\"http:\/\/www.w3.org\/2000\/svg\" width=\"12\" height=\"12\" fill=\"none\" viewBox=\"0 0 12 12\">\n\t\t\t\t<path fill=\"#fff\" d=\"M2 0a2 2 0 0 0-2 2v2h1.5V2a.5.5 0 0 1 .5-.5h2V0H2Zm2 10.5H2a.5.5 0 0 1-.5-.5V8H0v2a2 2 0 0 0 2 2h2v-1.5ZM8 12v-1.5h2a.5.5 0 0 0 .5-.5V8H12v2a2 2 0 0 1-2 2H8Zm2-12a2 2 0 0 1 2 2v2h-1.5V2a.5.5 0 0 0-.5-.5H8V0h2Z\" \/>\n\t\t\t<\/svg>\n\t\t<\/button><figcaption class=\"wp-element-caption\">Keskusta on k\u00e4velyalue, joten t\u00e4\u00e4ll\u00e4 liikkuu hyvin rattaiden kanssa<\/figcaption><\/figure>\n\n\n\n<p class=\"wp-block-paragraph\">Ennen kuin l\u00e4hdet matkaan, on hyv\u00e4 tuntea muutama k\u00e4yt\u00e4nn\u00f6n yksityiskohta, jotka s\u00e4\u00e4st\u00e4v\u00e4t sinulta paljon hermoja ja rahaa heti saapumisen j\u00e4lkeen. Olomouc on loistavasti saavutettavissa, etenkin jos p\u00e4\u00e4t\u00e4t j\u00e4tt\u00e4\u00e4 auton kotiin ja valita junan. Suomesta t\u00e4nne p\u00e4\u00e4see k\u00e4tevimmin lent\u00e4en: Finnair, Norwegian tai Ryanair viev\u00e4t sinut Helsingist\u00e4 Prahaan tai Wieniin, joista jatkat mukavalla pikajunalla. Prahasta t\u00e4nne saavut noin <strong>2 tunnissa ja 15 minuutissa<\/strong>, Brnosta matka vie vain <strong>1,5 tuntia<\/strong>. Junamatka lasten kanssa on lis\u00e4ksi itsess\u00e4\u00e4n paljon rauhallisempi kuin stressata moottoritien ruuhkissa.<\/p>\n\n\n\n<p class=\"wp-block-paragraph\">Mit\u00e4 tulee liikkumiseen kaupungissa, historiallinen keskusta toimii yhten\u00e4 suurena k\u00e4velyalueena ja on pinta-alaltaan hyvin kompakti, joten t\u00e4\u00e4ll\u00e4 kaikki taittuu vaivatta jalan. Rattaiden kanssa t\u00e4\u00e4ll\u00e4 liikkuu melko hyvin ja mukavasti, sinun t\u00e4ytyy vain varoa hieman t\u00e4risytt\u00e4vi\u00e4 mukulakivi\u00e4, jotka peitt\u00e4v\u00e4t p\u00e4\u00e4aukion, mutta se voi pienempien vauvojen kohdalla toimia mainiona nukutuskeinona. \u263a\ufe0f<\/p>\n\n\n\n<p class=\"wp-block-paragraph\">Jos kuitenkin matkustat autolla, varaudu siihen, ett\u00e4 pys\u00e4k\u00f6inti suoraan historiallisessa ydinkeskustassa on hyvin kallista ja pys\u00e4k\u00f6intipaikkoja on ep\u00e4toivoisen v\u00e4h\u00e4n. Kannattaa ehdottomasti etsi\u00e4 mieluummin jokin katettu pys\u00e4k\u00f6intitalo keskustan laidalta, tai viel\u00e4 parempi, varata hotelli, joka tarjoaa oman pys\u00e4k\u00f6innin vieraille. Kauempana sijaitseviin paikkoihin toimii loistavasti paikallinen luotettava joukkoliikenne, joka koostuu raitiovaunu- ja bussiverkosta, ja suositulle Svat\u00fd Kope\u010dekille sinut vie luotettavasti jo mainittu <strong>bussi numero 11<\/strong>, joka l\u00e4htee p\u00e4\u00e4rautatieasemalta.<\/p>\n\n\n\n<h2 class=\"wp-block-heading\"><span class=\"ez-toc-section\" id=\"Minne_seuraavaksi\"><\/span>Minne seuraavaksi<span class=\"ez-toc-section-end\"><\/span><\/h2>\n\n\n\n<p class=\"wp-block-paragraph\">Suuntaatko M\u00e4\u00e4riin tai etsitk\u00f6 lis\u00e4\u00e4 vinkkej\u00e4 retkiin lasten kanssa? Vilkaise muita artikkelejamme:<\/p>\n\n\n\n<ul class=\"wp-block-list\">\n\n<li><a href=\"https:\/\/loudavymkrokem.cz\/fi\/mita-nahda-olomouc\/\">Mit\u00e4 n\u00e4hd\u00e4 Olomoucissa<\/a>: 14 vinkki\u00e4 n\u00e4ht\u00e4vyyksiin, jotka kannattaa n\u00e4hd\u00e4 my\u00f6s ilman lapsia.<\/li>\n\n\n\n<li><a href=\"https:\/\/loudavymkrokem.cz\/orea-hotel-arigone\/\">OREA Hotel Arigone -arvostelu<\/a>: hotelli keskustassa porealtaalla ja saunalla suoraan huoneessa.<\/li>\n\n\n\n<li><a href=\"https:\/\/loudavymkrokem.cz\/fi\/parhaat-vesipuistot-tsekki\/\">T\u0161ekin parhaat kylpyl\u00e4t<\/a>: 13 vinkki\u00e4, minne suunnata lasten kanssa veden \u00e4\u00e4reen.<\/li>\n\n\n\n<li><a href=\"https:\/\/loudavymkrokem.cz\/fi\/lomalle-keski-maariin-vinkit\/\">Minne lomalle Keski-M\u00e4\u00e4riin<\/a>: 15 vinkki\u00e4 Han\u00e1an ja Vala\u0161skoon.<\/li>\n\n\n\n<li><a href=\"https:\/\/loudavymkrokem.cz\/fi\/pisek-lasten-kanssa\/\">P\u00edsek lasten kanssa<\/a>: toinen kompakti t\u0161ekkil\u00e4inen kaupunki, jossa lapset eiv\u00e4t pitk\u00e4sty.<\/li>\n\n\n<\/ul>\n\n\n\n<h2 class=\"wp-block-heading\"><span class=\"ez-toc-section\" id=\"Usein_kysytyt_kysymykset\"><\/span>Usein kysytyt kysymykset<span class=\"ez-toc-section-end\"><\/span><\/h2>\n\n\n\n<p class=\"wp-block-paragraph\">Lopuksi kokosin kysymykset, joita vanhemmat pohtivat useimmin ennen matkaa Olomouciin. <strong>Hinnat ja aukioloajat kuitenkin muuttuvat, joten tarkista ne mieluummin viel\u00e4 ennen retke\u00e4.<\/strong><\/p>\n\n\n<div id=\"rank-math-faq\" class=\"rank-math-block\">\n<div class=\"rank-math-list \">\n<div id=\"faq-question-1787773774000\" class=\"rank-math-list-item\">\n<h3 class=\"rank-math-question \"><span class=\"ez-toc-section\" id=\"Minne_Olomoucissa_lasten_kanssa_kun_sataa\"><\/span>Minne Olomoucissa lasten kanssa, kun sataa?<span class=\"ez-toc-section-end\"><\/span><\/h3>\n<div class=\"rank-math-answer \">\n\n<p>Olomouc on loistavasti valmistautunut sateeseen. Suurin hitti on interaktiivinen tiedekeskus Pevnost pozn\u00e1n\u00ed Korunn\u00ed-linnoituksessa, pienemmille lapsille suosittelen ihania kahviloita, joissa on leikkitilat suoraan keskustassa (J\u00e1S\u00e1m tai montessori-leikkitila V lese). Vanhemmat lapset p\u00e4\u00e4sev\u00e4t viihtym\u00e4\u00e4n tuntikausia valtavassa huvipuistossa Krokod\u00fdlek tai Amazoniassa.<\/p>\n\n<\/div>\n<\/div>\n<div id=\"faq-question-1787773774001\" class=\"rank-math-list-item\">\n<h3 class=\"rank-math-question \"><span class=\"ez-toc-section\" id=\"Paljonko_Olomoucin_elaintarha_maksaa\"><\/span>Paljonko Olomoucin el\u00e4intarha maksaa?<span class=\"ez-toc-section-end\"><\/span><\/h3>\n<div class=\"rank-math-answer \">\n\n<p>Hinnat Svat\u00fd Kope\u010dekin el\u00e4intarhassa vaihtelevat vuodenajan mukaan. P\u00e4\u00e4kaudella (maaliskuusta lokakuuhun) aikuiset maksavat 7 \u20ac (180 K\u010d), alennettu lippu lapsille ja opiskelijoille on 5,50 \u20ac (140 K\u010d). Sesongin ulkopuolella (marraskuusta helmikuuhun) hinnat ovat 6 \u20ac (150 K\u010d) ja 5 \u20ac (120 K\u010d). Alle 3-vuotiaat lapset p\u00e4\u00e4sev\u00e4t aina ilmaiseksi ja perhelihpu kahdelle aikuiselle ja kahdelle lapselle maksaa edullisesti 24 \u20ac (600 K\u010d).<\/p>\n\n<\/div>\n<\/div>\n<div id=\"faq-question-1787773774002\" class=\"rank-math-list-item\">\n<h3 class=\"rank-math-question \"><span class=\"ez-toc-section\" id=\"Miten_paasee_Svaty_Kopecekille\"><\/span>Miten p\u00e4\u00e4see Svat\u00fd Kope\u010dekille?<span class=\"ez-toc-section-end\"><\/span><\/h3>\n<div class=\"rank-math-answer \">\n\n<p>Helpoin ja mukavin tapa on k\u00e4ytt\u00e4\u00e4 julkista liikennett\u00e4. Olomoucin p\u00e4\u00e4rautatieasemalta (tarkemmin pys\u00e4kilt\u00e4 D) kulkee s\u00e4\u00e4nn\u00f6llisesti bussi numero 11. Vuoroja on loistavasti 10\u201315 minuutin v\u00e4lein, itse matka kest\u00e4\u00e4 noin 20 minuuttia ja kukkulan pys\u00e4kilt\u00e4 k\u00e4velet el\u00e4intarhalle alle kymmeness\u00e4 minuutissa.<\/p>\n\n<\/div>\n<\/div>\n<div id=\"faq-question-1787773774003\" class=\"rank-math-list-item\">\n<h3 class=\"rank-math-question \"><span class=\"ez-toc-section\" id=\"Onko_Olomouc_sopiva_lastenvaunujen_kanssa\"><\/span>Onko Olomouc sopiva lastenvaunujen kanssa?<span class=\"ez-toc-section-end\"><\/span><\/h3>\n<div class=\"rank-math-answer \">\n\n<p>Kyll\u00e4, eritt\u00e4in. Koko historiallinen keskusta on k\u00e4yt\u00e4nn\u00f6ss\u00e4 yksi suuri yhten\u00e4inen k\u00e4velykatu, joten sinun ei tarvitse jatkuvasti v\u00e4istell\u00e4 autoja. Ainoana haasteena pienille py\u00f6rille saattavat olla mukulakivet p\u00e4\u00e4toreilla. K\u00e4velyt lastenvaunujen kanssa ovat sitten t\u00e4ysin ihanteellisia laajoissa ja tasaisissa kaupunkipuistoissa, kuten Smetanovy sadyssa tai kauniissa Roz\u00e1riumissa.<\/p>\n\n<\/div>\n<\/div>\n<div id=\"faq-question-1787773774004\" class=\"rank-math-list-item\">\n<h3 class=\"rank-math-question \"><span class=\"ez-toc-section\" id=\"Minne_lasten_kanssa_Olomoucissa_ilmaiseksi\"><\/span>Minne lasten kanssa Olomoucissa ilmaiseksi?<span class=\"ez-toc-section-end\"><\/span><\/h3>\n<div class=\"rank-math-answer \">\n\n<p>T\u00e4ysin maksutta voit nauttia kaikkien barokkisuihkul\u00e4hteiden etsimisest\u00e4 kaupungin keskustassa, odottaa kuuluisan astronomisen kellon keskip\u00e4iv\u00e4n soittoa raatihuoneella tai etsi\u00e4 valtavia v\u00e4rikk\u00e4it\u00e4 muraaleita ja katutaidetta talojen julkisivuilla. Vapaasti saavutettavissa ovat my\u00f6s kaikki laajat kaupunkipuistot, mukaan lukien kaunis Roz\u00e1rium ja Bezru\u010dovy sady linnoitusmuurien alla.<\/p>\n\n<\/div>\n<\/div>\n<div id=\"faq-question-1787773774005\" class=\"rank-math-list-item\">\n<h3 class=\"rank-math-question \"><span class=\"ez-toc-section\" id=\"Montako_paivaa_tarvitsemme_Olomoucissa_lasten_kanssa\"><\/span>Montako p\u00e4iv\u00e4\u00e4 tarvitsemme Olomoucissa lasten kanssa?<span class=\"ez-toc-section-end\"><\/span><\/h3>\n<div class=\"rank-math-answer \">\n\n<p>Kaupungin historiallisen keskustan kaikkine suihkul\u00e4hteineen ja astronomisine kelloineen ehdit rauhassa kierrell\u00e4 yhdess\u00e4 p\u00e4iv\u00e4ss\u00e4. Jos kuitenkin haluat yhdist\u00e4\u00e4 vierailun puolip\u00e4iv\u00e4retkeen Svat\u00fd Kope\u010dekille el\u00e4intarhaan, Pevnost pozn\u00e1nin vierailuun tai uimiseen vesipuistossa, ihanteellinen aika vierailulle on 2\u20133 p\u00e4iv\u00e4\u00e4, eli t\u00e4ydellinen pitk\u00e4 viikonloppu.<\/p>\n\n<\/div>\n<\/div>\n<div id=\"faq-question-1787773774006\" class=\"rank-math-list-item\">\n<h3 class=\"rank-math-question \"><span class=\"ez-toc-section\" id=\"Minne_retkelle_Olomoucista_lasten_kanssa\"><\/span>Minne retkelle Olomoucista lasten kanssa?<span class=\"ez-toc-section-end\"><\/span><\/h3>\n<div class=\"rank-math-answer \">\n\n<p>Jos sinulla on auto, noin 45 minuutin ajomatkan p\u00e4\u00e4ss\u00e4 Olomoucista on tarjolla paljon kauniita paikkoja. Valtava hitti on DinoPark ja ZOO Park Vy\u0161kov, historian pariin voit suunnata satumaisen Bouzov-linnan luokse ja maan alla tutkimaan lyhyempiin ja v\u00e4hemm\u00e4n vaativiin Mlade\u010din luoliin. Pienemmille lapsille on fantastinen my\u00f6s Prad\u011bdovo-lastenmuseo Bludovissa.<\/p>\n\n<\/div>\n<\/div>\n<div id=\"faq-question-1787773774007\" class=\"rank-math-list-item\">\n<h3 class=\"rank-math-question \"><span class=\"ez-toc-section\" id=\"Kuinka_kaukana_DinoPark_Vyskov_on_Olomoucista\"><\/span>Kuinka kaukana DinoPark Vy\u0161kov on Olomoucista?<span class=\"ez-toc-section-end\"><\/span><\/h3>\n<div class=\"rank-math-answer \">\n\n<p>DinoPark ja ZOO Park Vy\u0161kovissa sijaitsevat noin 45 kilometrin p\u00e4\u00e4ss\u00e4 Olomoucista. Automatka moottoritiet\u00e4 pitkin vie sinulta noin puoli tuntia, joten se on t\u00e4ysin ihanteellinen ja vaivaton kohde mahtavalle puolip\u00e4iv\u00e4iselle perheretkelle.<\/p>\n\n<\/div>\n<\/div>\n<\/div>\n<\/div>","protected":false},"excerpt":{"rendered":"<p>Leikkipaikat suoraan Horn\u00ed n\u00e1m\u011bst\u00ed -torilla, tiedekeskus Pevnost pozn\u00e1n\u00ed, el\u00e4intarha Svat\u00fd Kope\u010dekilla ja DinoPark Vy\u0161kovissa. 34 vinkki\u00e4, minne suunnata Olomoucissa lasten kanssa niin kauniilla s\u00e4\u00e4ll\u00e4 kuin sateella, hintoineen ja aukioloaikoineen.<\/p>\n","protected":false},"author":3,"featured_media":401014,"comment_status":"open","ping_status":"open","sticky":false,"template":"","format":"standard","meta":{"_acf_changed":false,"footnotes":"","rank_math_title":"Olomouc lasten kanssa: 34 vinkki\u00e4 2026","rank_math_description":"Olomouc lasten kanssa: 34 vinkki\u00e4 leikkipaikoista, el\u00e4intarhasta ja retkist\u00e4 kelill\u00e4 kuin kelill\u00e4, hintoineen ja aukioloaikoineen. Lue ja suunnittele retki!","rank_math_focus_keyword":"Olomouc lasten kanssa","rank_math_seo_score":""},"categories":[2129,2123,2208],"tags":[],"class_list":["post-408598","post","type-post","status-publish","format-standard","has-post-thumbnail","category-eurooppa","category-matkailu","category-tsekin-tasavalta"],"acf":[],"featured_image_src":"https:\/\/loudavymkrokem.cz\/wp-content\/uploads\/2026\/08\/olomouc-s-detmi-mural-prujezd.jpg","author_info":{"display_name":"Lucie Kone\u010dn\u00e1","author_link":"https:\/\/loudavymkrokem.cz\/fi\/author\/lucie-konecna\/"},"_links":{"self":[{"href":"https:\/\/loudavymkrokem.cz\/fi\/wp-json\/wp\/v2\/posts\/408598","targetHints":{"allow":["GET"]}}],"collection":[{"href":"https:\/\/loudavymkrokem.cz\/fi\/wp-json\/wp\/v2\/posts"}],"about":[{"href":"https:\/\/loudavymkrokem.cz\/fi\/wp-json\/wp\/v2\/types\/post"}],"author":[{"embeddable":true,"href":"https:\/\/loudavymkrokem.cz\/fi\/wp-json\/wp\/v2\/users\/3"}],"replies":[{"embeddable":true,"href":"https:\/\/loudavymkrokem.cz\/fi\/wp-json\/wp\/v2\/comments?post=408598"}],"version-history":[{"count":0,"href":"https:\/\/loudavymkrokem.cz\/fi\/wp-json\/wp\/v2\/posts\/408598\/revisions"}],"wp:featuredmedia":[{"embeddable":true,"href":"https:\/\/loudavymkrokem.cz\/fi\/wp-json\/wp\/v2\/media\/401014"}],"wp:attachment":[{"href":"https:\/\/loudavymkrokem.cz\/fi\/wp-json\/wp\/v2\/media?parent=408598"}],"wp:term":[{"taxonomy":"category","embeddable":true,"href":"https:\/\/loudavymkrokem.cz\/fi\/wp-json\/wp\/v2\/categories?post=408598"},{"taxonomy":"post_tag","embeddable":true,"href":"https:\/\/loudavymkrokem.cz\/fi\/wp-json\/wp\/v2\/tags?post=408598"}],"curies":[{"name":"wp","href":"https:\/\/api.w.org\/{rel}","templated":true}]}}