{"id":408594,"date":"2026-08-30T09:00:18","date_gmt":"2026-08-30T07:00:18","guid":{"rendered":"https:\/\/loudavymkrokem.cz\/bonigen-brienzinjarvi-vinkit\/"},"modified":"2026-08-31T04:17:00","modified_gmt":"2026-08-31T02:17:00","slug":"bonigen-brienzinjarvi-vinkit","status":"publish","type":"post","link":"https:\/\/loudavymkrokem.cz\/fi\/bonigen-brienzinjarvi-vinkit\/","title":{"rendered":"B\u00f6nigen: 24 vinkki\u00e4 tekemiseen Brienzinj\u00e4rvell\u00e4 2026"},"content":{"rendered":"\n<p class=\"wp-block-paragraph\">Sveitsin Bernin Oberland osaa olla villi ja t\u00e4ynn\u00e4 turisteja, mutta pieni siirtym\u00e4 sivummalle riitt\u00e4\u00e4, ja l\u00f6yd\u00e4t itsesi t\u00e4ydellisest\u00e4 rauhan keitaasta. Juuri t\u00e4llainen paikka on <strong>B\u00f6nigen<\/strong> (lausutaan b\u00f6\u00f6nigen), upea kyl\u00e4 j\u00e4\u00e4kauden muovaaman j\u00e4rven rannalla. Kun naapurina oleva Interlaken pursuaa turisteja, t\u00e4\u00e4ll\u00e4 aika on pys\u00e4htynyt <strong>runsaasti veistettyjen puutalojen<\/strong> ja huikean luonnon keskell\u00e4. \u263a\ufe0f<\/p>\n\n\n\n<p class=\"wp-block-paragraph\">Vedell\u00e4 on aivan <strong>uskomaton smaragdinvihre\u00e4-turkoosi v\u00e4ri<\/strong>, ja vuorenhuiput heijastuvat siihen kuin t\u00e4ydelliseen peiliin. Juuri <strong>Brienzinj\u00e4rvi<\/strong> on koko alueen suurin vetonaula ja tarjoaa loputtomasti tekemist\u00e4 kev\u00e4\u00e4st\u00e4 pitk\u00e4lle syksyyn. Voit hyp\u00e4t\u00e4 historialliseen siipirataslaivaan, vuokrata kajakin tai vain l\u00f6h\u00f6t\u00e4 rannalla.<\/p>\n\n\n\n<p class=\"wp-block-paragraph\">Jotta loman suunnittelu sujuisi mahdollisimman hyvin, kokosin sinulle perusteellisen oppaan. T\u00e4st\u00e4 artikkelista l\u00f6yd\u00e4t <strong>24 vinkki\u00e4 siit\u00e4, mit\u00e4 n\u00e4hd\u00e4 ja tehd\u00e4, miss\u00e4 y\u00f6py\u00e4, mille reiteille l\u00e4hte\u00e4, minne k\u00f6ysiradalla ja mit\u00e4 tehd\u00e4 lasten kanssa<\/strong>. Sveitsi on nimitt\u00e4in rakkautta koko el\u00e4m\u00e4ksi, ja veikkaan, ett\u00e4 k\u00e4yntisi j\u00e4lkeen mietit joka kes\u00e4, miten p\u00e4\u00e4sisit t\u00e4nne taas takaisin. \u263a\ufe0f<\/p>\n\n\n\n<figure data-wp-context=\"{&quot;imageId&quot;:&quot;6a950604a9676&quot;}\" data-wp-interactive=\"core\/image\" data-wp-key=\"6a950604a9676\" class=\"wp-block-image size-full wp-lightbox-container\"><img decoding=\"async\" width=\"1800\" height=\"1012\" data-wp-class--hide=\"state.isContentHidden\" data-wp-class--show=\"state.isContentVisible\" data-wp-init=\"callbacks.setButtonStyles\" data-wp-on--click=\"actions.showLightbox\" data-wp-on--load=\"callbacks.setButtonStyles\" data-wp-on--pointerdown=\"actions.preloadImage\" data-wp-on--pointerenter=\"actions.preloadImageWithDelay\" data-wp-on--pointerleave=\"actions.cancelPreload\" data-wp-on-window--resize=\"callbacks.setButtonStyles\" src=\"https:\/\/loudavymkrokem.cz\/wp-content\/uploads\/2026\/08\/articles-bonigen-01.jpg\" alt=\"B\u00f6nigen ja Brienzinj\u00e4rvi ylh\u00e4\u00e4lt\u00e4 kuvattuna\" class=\"wp-image-404460\" title=\"\" srcset=\"https:\/\/loudavymkrokem.cz\/wp-content\/uploads\/2026\/08\/articles-bonigen-01.jpg 1800w, https:\/\/loudavymkrokem.cz\/wp-content\/uploads\/2026\/08\/articles-bonigen-01-300x169.jpg 300w, https:\/\/loudavymkrokem.cz\/wp-content\/uploads\/2026\/08\/articles-bonigen-01-700x394.jpg 700w, https:\/\/loudavymkrokem.cz\/wp-content\/uploads\/2026\/08\/articles-bonigen-01-768x432.jpg 768w, https:\/\/loudavymkrokem.cz\/wp-content\/uploads\/2026\/08\/articles-bonigen-01-1536x864.jpg 1536w, https:\/\/loudavymkrokem.cz\/wp-content\/uploads\/2026\/08\/articles-bonigen-01-696x391.jpg 696w, https:\/\/loudavymkrokem.cz\/wp-content\/uploads\/2026\/08\/articles-bonigen-01-1392x783.jpg 1392w\" sizes=\"(max-width: 1800px) 100vw, 1800px\" \/><button\n\t\t\tclass=\"lightbox-trigger\"\n\t\t\ttype=\"button\"\n\t\t\taria-haspopup=\"dialog\"\n\t\t\tdata-wp-bind--aria-label=\"state.thisImage.triggerButtonAriaLabel\"\n\t\t\tdata-wp-init=\"callbacks.initTriggerButton\"\n\t\t\tdata-wp-on--click=\"actions.showLightbox\"\n\t\t\tdata-wp-style--right=\"state.thisImage.buttonRight\"\n\t\t\tdata-wp-style--top=\"state.thisImage.buttonTop\"\n\t\t>\n\t\t\t<svg xmlns=\"http:\/\/www.w3.org\/2000\/svg\" width=\"12\" height=\"12\" fill=\"none\" viewBox=\"0 0 12 12\">\n\t\t\t\t<path fill=\"#fff\" d=\"M2 0a2 2 0 0 0-2 2v2h1.5V2a.5.5 0 0 1 .5-.5h2V0H2Zm2 10.5H2a.5.5 0 0 1-.5-.5V8H0v2a2 2 0 0 0 2 2h2v-1.5ZM8 12v-1.5h2a.5.5 0 0 0 .5-.5V8H12v2a2 2 0 0 1-2 2H8Zm2-12a2 2 0 0 1 2 2v2h-1.5V2a.5.5 0 0 0-.5-.5H8V0h2Z\" \/>\n\t\t\t<\/svg>\n\t\t<\/button><figcaption class=\"wp-element-caption\">Foto: Christian David \/ Wikimedia Commons, CC BY-SA 4.0<\/figcaption><\/figure>\n\n\n\n<div id=\"ez-toc-container\" class=\"ez-toc-v2_0_86 ez-toc-wrap-left counter-hierarchy ez-toc-counter ez-toc-grey ez-toc-container-direction\">\n<div class=\"ez-toc-title-container\">\n<p class=\"ez-toc-title\" style=\"cursor:inherit\">Artikkelin sis\u00e4lt\u00f6<\/p>\n<span class=\"ez-toc-title-toggle\"><a href=\"#\" class=\"ez-toc-pull-right ez-toc-btn ez-toc-btn-xs ez-toc-btn-default ez-toc-toggle\" aria-label=\"Toggle Table of Content\"><span class=\"ez-toc-js-icon-con\"><span class=\"\"><span class=\"eztoc-hide\" style=\"display:none;\">Toggle<\/span><span class=\"ez-toc-icon-toggle-span\"><svg style=\"fill: #999;color:#999\" xmlns=\"http:\/\/www.w3.org\/2000\/svg\" class=\"list-377408\" width=\"20px\" height=\"20px\" viewBox=\"0 0 24 24\" fill=\"none\"><path d=\"M6 6H4v2h2V6zm14 0H8v2h12V6zM4 11h2v2H4v-2zm16 0H8v2h12v-2zM4 16h2v2H4v-2zm16 0H8v2h12v-2z\" fill=\"currentColor\"><\/path><\/svg><svg style=\"fill: #999;color:#999\" class=\"arrow-unsorted-368013\" xmlns=\"http:\/\/www.w3.org\/2000\/svg\" width=\"10px\" height=\"10px\" viewBox=\"0 0 24 24\" version=\"1.2\" baseProfile=\"tiny\"><path d=\"M18.2 9.3l-6.2-6.3-6.2 6.3c-.2.2-.3.4-.3.7s.1.5.3.7c.2.2.4.3.7.3h11c.3 0 .5-.1.7-.3.2-.2.3-.5.3-.7s-.1-.5-.3-.7zM5.8 14.7l6.2 6.3 6.2-6.3c.2-.2.3-.5.3-.7s-.1-.5-.3-.7c-.2-.2-.4-.3-.7-.3h-11c-.3 0-.5.1-.7.3-.2.2-.3.5-.3.7s.1.5.3.7z\"\/><\/svg><\/span><\/span><\/span><\/a><\/span><\/div>\n<nav><ul class='ez-toc-list ez-toc-list-level-1 ' ><ul class='ez-toc-list-level-3' ><li class='ez-toc-heading-level-3'><a class=\"ez-toc-link ez-toc-heading-1\" href=\"https:\/\/loudavymkrokem.cz\/fi\/bonigen-brienzinjarvi-vinkit\/#Yhteenveto_niille_joilla_ei_ole_aikaa_lukea_koko_artikkelia\" >Yhteenveto niille, joilla ei ole aikaa lukea koko artikkelia<\/a><\/li><\/ul><\/li><li class='ez-toc-page-1 ez-toc-heading-level-2'><a class=\"ez-toc-link ez-toc-heading-2\" href=\"https:\/\/loudavymkrokem.cz\/fi\/bonigen-brienzinjarvi-vinkit\/#Milloin_lahtea_Bonigeniin_ja_miten_paaset_perille\" >Milloin l\u00e4hte\u00e4 B\u00f6nigeniin ja miten p\u00e4\u00e4set perille<\/a><\/li><li class='ez-toc-page-1 ez-toc-heading-level-2'><a class=\"ez-toc-link ez-toc-heading-3\" href=\"https:\/\/loudavymkrokem.cz\/fi\/bonigen-brienzinjarvi-vinkit\/#Missa_majoittua_Bonigenissa_ja_paljonko_se_maksaa\" >Miss\u00e4 majoittua B\u00f6nigeniss\u00e4 ja paljonko se maksaa<\/a><\/li><li class='ez-toc-page-1 ez-toc-heading-level-2'><a class=\"ez-toc-link ez-toc-heading-4\" href=\"https:\/\/loudavymkrokem.cz\/fi\/bonigen-brienzinjarvi-vinkit\/#Suoraan_Bonigenissa_6_vinkkia_mita_nahda_ja_tehda_veden_aarella\" >Suoraan B\u00f6nigeniss\u00e4: 6 vinkki\u00e4, mit\u00e4 n\u00e4hd\u00e4 ja tehd\u00e4 veden \u00e4\u00e4rell\u00e4<\/a><ul class='ez-toc-list-level-3' ><li class='ez-toc-heading-level-3'><a class=\"ez-toc-link ez-toc-heading-5\" href=\"https:\/\/loudavymkrokem.cz\/fi\/bonigen-brienzinjarvi-vinkit\/#1_Historialliset_puutalot_ja_Hauserweg\" >1. Historialliset puutalot ja H\u00e4userweg<\/a><\/li><li class='ez-toc-page-1 ez-toc-heading-level-3'><a class=\"ez-toc-link ez-toc-heading-6\" href=\"https:\/\/loudavymkrokem.cz\/fi\/bonigen-brienzinjarvi-vinkit\/#2_Kylamuseo_Dorfmuseum_%E2%80%9Calte_Pinte%E2%80%9D\" >2. Kyl\u00e4museo Dorfmuseum &#8220;alte Pinte&#8221;<\/a><\/li><li class='ez-toc-page-1 ez-toc-heading-level-3'><a class=\"ez-toc-link ez-toc-heading-7\" href=\"https:\/\/loudavymkrokem.cz\/fi\/bonigen-brienzinjarvi-vinkit\/#3_Rantabulevardi_laituri_ja_Brienzersee_Lakewalk\" >3. Rantabulevardi, laituri ja Brienzersee Lakewalk<\/a><\/li><li class='ez-toc-page-1 ez-toc-heading-level-3'><a class=\"ez-toc-link ez-toc-heading-8\" href=\"https:\/\/loudavymkrokem.cz\/fi\/bonigen-brienzinjarvi-vinkit\/#4_Ranta_ja_kylpyla_The_Beach\" >4. Ranta ja kylpyl\u00e4 The Beach<\/a><\/li><li class='ez-toc-page-1 ez-toc-heading-level-3'><a class=\"ez-toc-link ez-toc-heading-9\" href=\"https:\/\/loudavymkrokem.cz\/fi\/bonigen-brienzinjarvi-vinkit\/#5_Kajakki_ja_SUP_jarven_pinnalla\" >5. Kajakki ja SUP j\u00e4rven pinnalla<\/a><\/li><li class='ez-toc-page-1 ez-toc-heading-level-3'><a class=\"ez-toc-link ez-toc-heading-10\" href=\"https:\/\/loudavymkrokem.cz\/fi\/bonigen-brienzinjarvi-vinkit\/#6_Risteily_historiallisella_siipirataslaiva_Lotschbergilla\" >6. Risteily historiallisella siipirataslaiva L\u00f6tschbergilla<\/a><\/li><\/ul><\/li><li class='ez-toc-page-1 ez-toc-heading-level-2'><a class=\"ez-toc-link ez-toc-heading-11\" href=\"https:\/\/loudavymkrokem.cz\/fi\/bonigen-brienzinjarvi-vinkit\/#Vaellus_Bonigenista_6_reittia_jotka_ovat_vaivan_arvoisia\" >Vaellus B\u00f6nigenist\u00e4: 6 reitti\u00e4, jotka ovat vaivan arvoisia<\/a><ul class='ez-toc-list-level-3' ><li class='ez-toc-heading-level-3'><a class=\"ez-toc-link ez-toc-heading-12\" href=\"https:\/\/loudavymkrokem.cz\/fi\/bonigen-brienzinjarvi-vinkit\/#7_Kolmen_vesiputouksen_reitti_etapeittain\" >7. Kolmen vesiputouksen reitti etapeittain<\/a><\/li><li class='ez-toc-page-1 ez-toc-heading-level-3'><a class=\"ez-toc-link ez-toc-heading-13\" href=\"https:\/\/loudavymkrokem.cz\/fi\/bonigen-brienzinjarvi-vinkit\/#8_Sytibergin_lenkki_55_km_myos_maastorattailla\" >8. Sytibergin lenkki: 5,5 km my\u00f6s maastorattailla<\/a><\/li><li class='ez-toc-page-1 ez-toc-heading-level-3'><a class=\"ez-toc-link ez-toc-heading-14\" href=\"https:\/\/loudavymkrokem.cz\/fi\/bonigen-brienzinjarvi-vinkit\/#9_Haslerenegg-lenkki_854_m_huippukirjan_kera\" >9. Haslerenegg-lenkki (854 m) huippukirjan kera<\/a><\/li><li class='ez-toc-page-1 ez-toc-heading-level-3'><a class=\"ez-toc-link ez-toc-heading-15\" href=\"https:\/\/loudavymkrokem.cz\/fi\/bonigen-brienzinjarvi-vinkit\/#10_Lenkki_Erschwandenbachin_vesiputoukselle\" >10. Lenkki Erschwandenbachin vesiputoukselle<\/a><\/li><li class='ez-toc-page-1 ez-toc-heading-level-3'><a class=\"ez-toc-link ez-toc-heading-16\" href=\"https:\/\/loudavymkrokem.cz\/fi\/bonigen-brienzinjarvi-vinkit\/#11_Rantapolku_Uferweg_Iseltwaldista_Giessbachille\" >11. Rantapolku Uferweg Iseltwaldista Giessbachille<\/a><\/li><li class='ez-toc-page-1 ez-toc-heading-level-3'><a class=\"ez-toc-link ez-toc-heading-17\" href=\"https:\/\/loudavymkrokem.cz\/fi\/bonigen-brienzinjarvi-vinkit\/#12_Jalkahaaste_Nousu_Harder_Kulmille\" >12. Jalkahaaste: Nousu Harder Kulmille<\/a><\/li><\/ul><\/li><li class='ez-toc-page-1 ez-toc-heading-level-2'><a class=\"ez-toc-link ez-toc-heading-18\" href=\"https:\/\/loudavymkrokem.cz\/fi\/bonigen-brienzinjarvi-vinkit\/#Vaellukset_joille_koysirata_vie_6_reittia_laakson_ylapuolella\" >Vaellukset, joille k\u00f6ysirata vie: 6 reitti\u00e4 laakson yl\u00e4puolella<\/a><ul class='ez-toc-list-level-3' ><li class='ez-toc-heading-level-3'><a class=\"ez-toc-link ez-toc-heading-19\" href=\"https:\/\/loudavymkrokem.cz\/fi\/bonigen-brienzinjarvi-vinkit\/#13_Firstilta_Bachalpsee-jarvelle\" >13. Firstilt\u00e4 Bachalpsee-j\u00e4rvelle<\/a><\/li><li class='ez-toc-page-1 ez-toc-heading-level-3'><a class=\"ez-toc-link ez-toc-heading-20\" href=\"https:\/\/loudavymkrokem.cz\/fi\/bonigen-brienzinjarvi-vinkit\/#14_Kuninkaallinen_harjanne_Schynige_Platte_%E2%80%93_Faulhorn_%E2%80%93_First\" >14. Kuninkaallinen harjanne Schynige Platte \u2013 Faulhorn \u2013 First<\/a><\/li><li class='ez-toc-page-1 ez-toc-heading-level-3'><a class=\"ez-toc-link ez-toc-heading-21\" href=\"https:\/\/loudavymkrokem.cz\/fi\/bonigen-brienzinjarvi-vinkit\/#15_Mannlichen_ja_panoraamareitti_Kleine_Scheideggille\" >15. M\u00e4nnlichen ja panoraamareitti Kleine Scheideggille<\/a><\/li><li class='ez-toc-page-1 ez-toc-heading-level-3'><a class=\"ez-toc-link ez-toc-heading-22\" href=\"https:\/\/loudavymkrokem.cz\/fi\/bonigen-brienzinjarvi-vinkit\/#16_Eiger_Trail_suoraan_pohjoisseinaman_alla\" >16. Eiger Trail suoraan pohjoissein\u00e4m\u00e4n alla<\/a><\/li><li class='ez-toc-page-1 ez-toc-heading-level-3'><a class=\"ez-toc-link ez-toc-heading-23\" href=\"https:\/\/loudavymkrokem.cz\/fi\/bonigen-brienzinjarvi-vinkit\/#17_Niederhorn_ja_alppikauriit_Thuninjarven_ylla\" >17. Niederhorn ja alppikauriit Thuninj\u00e4rven yll\u00e4<\/a><\/li><li class='ez-toc-page-1 ez-toc-heading-level-3'><a class=\"ez-toc-link ez-toc-heading-24\" href=\"https:\/\/loudavymkrokem.cz\/fi\/bonigen-brienzinjarvi-vinkit\/#18_Hoyryhammasradalla_Brienzer_Rothornille\" >18. H\u00f6yryhammasradalla Brienzer Rothornille<\/a><\/li><\/ul><\/li><li class='ez-toc-page-1 ez-toc-heading-level-2'><a class=\"ez-toc-link ez-toc-heading-25\" href=\"https:\/\/loudavymkrokem.cz\/fi\/bonigen-brienzinjarvi-vinkit\/#Retket_Bonigenista_6_vinkkia_ymparistoon\" >Retket B\u00f6nigenist\u00e4: 6 vinkki\u00e4 ymp\u00e4rist\u00f6\u00f6n<\/a><ul class='ez-toc-list-level-3' ><li class='ez-toc-heading-level-3'><a class=\"ez-toc-link ez-toc-heading-26\" href=\"https:\/\/loudavymkrokem.cz\/fi\/bonigen-brienzinjarvi-vinkit\/#19_Harder_Kulm_Interlakenin_kotivuori\" >19. Harder Kulm: Interlakenin kotivuori<\/a><\/li><li class='ez-toc-page-1 ez-toc-heading-level-3'><a class=\"ez-toc-link ez-toc-heading-27\" href=\"https:\/\/loudavymkrokem.cz\/fi\/bonigen-brienzinjarvi-vinkit\/#20_Giessbachin_vesiputoukset_ja_kulku_veden_takaa\" >20. Giessbachin vesiputoukset ja kulku veden takaa<\/a><\/li><li class='ez-toc-page-1 ez-toc-heading-level-3'><a class=\"ez-toc-link ez-toc-heading-28\" href=\"https:\/\/loudavymkrokem.cz\/fi\/bonigen-brienzinjarvi-vinkit\/#21_Sveitsin_vanhin_turistikoysirata_ja_Grandhotel\" >21. Sveitsin vanhin turistik\u00f6ysirata ja Grandhotel<\/a><\/li><li class='ez-toc-page-1 ez-toc-heading-level-3'><a class=\"ez-toc-link ez-toc-heading-29\" href=\"https:\/\/loudavymkrokem.cz\/fi\/bonigen-brienzinjarvi-vinkit\/#22_Iseltwald_ja_sarjasta_tuttu_ikoninen_laituri\" >22. Iseltwald ja sarjasta tuttu ikoninen laituri<\/a><\/li><li class='ez-toc-page-1 ez-toc-heading-level-3'><a class=\"ez-toc-link ez-toc-heading-30\" href=\"https:\/\/loudavymkrokem.cz\/fi\/bonigen-brienzinjarvi-vinkit\/#23_Schynige_Platte_Hammasrata_ja_alppipuutarha\" >23. Schynige Platte: Hammasrata ja alppipuutarha<\/a><\/li><li class='ez-toc-page-1 ez-toc-heading-level-3'><a class=\"ez-toc-link ez-toc-heading-31\" href=\"https:\/\/loudavymkrokem.cz\/fi\/bonigen-brienzinjarvi-vinkit\/#24_Interlaken_Naapurina_oleva_turistitukikohta\" >24. Interlaken: Naapurina oleva turistitukikohta<\/a><\/li><\/ul><\/li><li class='ez-toc-page-1 ez-toc-heading-level-2'><a class=\"ez-toc-link ez-toc-heading-32\" href=\"https:\/\/loudavymkrokem.cz\/fi\/bonigen-brienzinjarvi-vinkit\/#Bonigen_lasten_kanssa_mita_tehda_perheen_kanssa\" >B\u00f6nigen lasten kanssa: mit\u00e4 tehd\u00e4 perheen kanssa<\/a><ul class='ez-toc-list-level-3' ><li class='ez-toc-heading-level-3'><a class=\"ez-toc-link ez-toc-heading-33\" href=\"https:\/\/loudavymkrokem.cz\/fi\/bonigen-brienzinjarvi-vinkit\/#Ranta_The_Beach_ja_avara_leikkipaikka\" >Ranta The Beach ja avara leikkipaikka<\/a><\/li><li class='ez-toc-page-1 ez-toc-heading-level-3'><a class=\"ez-toc-link ez-toc-heading-34\" href=\"https:\/\/loudavymkrokem.cz\/fi\/bonigen-brienzinjarvi-vinkit\/#Aarteenetsinta_ja_etsivapeli_Iseltwaldissa\" >Aarteenetsint\u00e4 ja etsiv\u00e4peli Iseltwaldissa<\/a><\/li><li class='ez-toc-page-1 ez-toc-heading-level-3'><a class=\"ez-toc-link ez-toc-heading-35\" href=\"https:\/\/loudavymkrokem.cz\/fi\/bonigen-brienzinjarvi-vinkit\/#Leirintaalue_TCS_loistava_sijainti_mutta_suurella_varauksella\" >Leirint\u00e4alue TCS: loistava sijainti, mutta suurella varauksella<\/a><\/li><li class='ez-toc-page-1 ez-toc-heading-level-3'><a class=\"ez-toc-link ez-toc-heading-36\" href=\"https:\/\/loudavymkrokem.cz\/fi\/bonigen-brienzinjarvi-vinkit\/#Lilys_Alpenspielplatz_ja_Panoramaweg_Schynige_Plattella\" >Lily&#8217;s Alpenspielplatz ja Panoramaweg Schynige Plattella<\/a><\/li><li class='ez-toc-page-1 ez-toc-heading-level-3'><a class=\"ez-toc-link ez-toc-heading-37\" href=\"https:\/\/loudavymkrokem.cz\/fi\/bonigen-brienzinjarvi-vinkit\/#Laiva_ja_esteeton_promenadi_lastenrattailla\" >Laiva ja esteet\u00f6n promenadi lastenrattailla<\/a><\/li><\/ul><\/li><li class='ez-toc-page-1 ez-toc-heading-level-2'><a class=\"ez-toc-link ez-toc-heading-38\" href=\"https:\/\/loudavymkrokem.cz\/fi\/bonigen-brienzinjarvi-vinkit\/#Missa_syoda_Bonigenissa\" >Miss\u00e4 sy\u00f6d\u00e4 B\u00f6nigeniss\u00e4<\/a><ul class='ez-toc-list-level-3' ><li class='ez-toc-heading-level-3'><a class=\"ez-toc-link ez-toc-heading-39\" href=\"https:\/\/loudavymkrokem.cz\/fi\/bonigen-brienzinjarvi-vinkit\/#Pizzeria_La_Boheme\" >Pizzeria La Boh\u00e8me<\/a><\/li><li class='ez-toc-page-1 ez-toc-heading-level-3'><a class=\"ez-toc-link ez-toc-heading-40\" href=\"https:\/\/loudavymkrokem.cz\/fi\/bonigen-brienzinjarvi-vinkit\/#Sweet_Ride\" >Sweet Ride<\/a><\/li><li class='ez-toc-page-1 ez-toc-heading-level-3'><a class=\"ez-toc-link ez-toc-heading-41\" href=\"https:\/\/loudavymkrokem.cz\/fi\/bonigen-brienzinjarvi-vinkit\/#Restaurant_Baren_Bonigen\" >Restaurant B\u00e4ren B\u00f6nigen<\/a><\/li><\/ul><\/li><li class='ez-toc-page-1 ez-toc-heading-level-2'><a class=\"ez-toc-link ez-toc-heading-42\" href=\"https:\/\/loudavymkrokem.cz\/fi\/bonigen-brienzinjarvi-vinkit\/#Minne_jatkaa_Bonigenista\" >Minne jatkaa B\u00f6nigenist\u00e4<\/a><\/li><li class='ez-toc-page-1 ez-toc-heading-level-2'><a class=\"ez-toc-link ez-toc-heading-43\" href=\"https:\/\/loudavymkrokem.cz\/fi\/bonigen-brienzinjarvi-vinkit\/#Usein_kysytyt_kysymykset\" >Usein kysytyt kysymykset<\/a><ul class='ez-toc-list-level-3' ><li class='ez-toc-heading-level-3'><a class=\"ez-toc-link ez-toc-heading-44\" href=\"https:\/\/loudavymkrokem.cz\/fi\/bonigen-brienzinjarvi-vinkit\/#Kannattaako_yopya_Bonigenissa_Interlakenin_sijaan\" >Kannattaako y\u00f6py\u00e4 B\u00f6nigeniss\u00e4 Interlakenin sijaan?<\/a><\/li><li class='ez-toc-page-1 ez-toc-heading-level-3'><a class=\"ez-toc-link ez-toc-heading-45\" href=\"https:\/\/loudavymkrokem.cz\/fi\/bonigen-brienzinjarvi-vinkit\/#Miten_sinne_paasee_Interlakenista\" >Miten sinne p\u00e4\u00e4see Interlakenista?<\/a><\/li><li class='ez-toc-page-1 ez-toc-heading-level-3'><a class=\"ez-toc-link ez-toc-heading-46\" href=\"https:\/\/loudavymkrokem.cz\/fi\/bonigen-brienzinjarvi-vinkit\/#Voiko_Brienzinjarvessa_uida\" >Voiko Brienzinj\u00e4rvess\u00e4 uida?<\/a><\/li><li class='ez-toc-page-1 ez-toc-heading-level-3'><a class=\"ez-toc-link ez-toc-heading-47\" href=\"https:\/\/loudavymkrokem.cz\/fi\/bonigen-brienzinjarvi-vinkit\/#Kuinka_monta_paivaa_kannattaa_varata_vierailuun\" >Kuinka monta p\u00e4iv\u00e4\u00e4 kannattaa varata vierailuun?<\/a><\/li><li class='ez-toc-page-1 ez-toc-heading-level-3'><a class=\"ez-toc-link ez-toc-heading-48\" href=\"https:\/\/loudavymkrokem.cz\/fi\/bonigen-brienzinjarvi-vinkit\/#Mita_tehda_sateella\" >Mit\u00e4 tehd\u00e4 sateella?<\/a><\/li><li class='ez-toc-page-1 ez-toc-heading-level-3'><a class=\"ez-toc-link ez-toc-heading-49\" href=\"https:\/\/loudavymkrokem.cz\/fi\/bonigen-brienzinjarvi-vinkit\/#Sopiiko_paikka_lapsille\" >Sopiiko paikka lapsille?<\/a><\/li><li class='ez-toc-page-1 ez-toc-heading-level-3'><a class=\"ez-toc-link ez-toc-heading-50\" href=\"https:\/\/loudavymkrokem.cz\/fi\/bonigen-brienzinjarvi-vinkit\/#Paljonko_retki_Harder_Kulmille_maksaa\" >Paljonko retki Harder Kulmille maksaa?<\/a><\/li><li class='ez-toc-page-1 ez-toc-heading-level-3'><a class=\"ez-toc-link ez-toc-heading-51\" href=\"https:\/\/loudavymkrokem.cz\/fi\/bonigen-brienzinjarvi-vinkit\/#Onko_Iseltwaldin_laituri_maksullinen\" >Onko Iseltwaldin laituri maksullinen?<\/a><\/li><\/ul><\/li><\/ul><\/nav><\/div>\n<h3 class=\"wp-block-heading\"><span class=\"ez-toc-section\" id=\"Yhteenveto_niille_joilla_ei_ole_aikaa_lukea_koko_artikkelia\"><\/span>Yhteenveto niille, joilla ei ole aikaa lukea koko artikkelia<span class=\"ez-toc-section-end\"><\/span><\/h3>\n\n\n\n<ul class=\"wp-block-list\">\n<li><strong>B\u00f6nigen sijaitsee Brienzinj\u00e4rvell\u00e4<\/strong>, ja se on t\u00e4ydellinen, rauhallinen tukikohta Bernin Oberlandin tutkimiseen.<\/li>\n\n\n\n<li><strong>Interlaken Guest Card<\/strong> tulee majoituksen mukana ja takaa sinulle bussit ymp\u00e4rist\u00f6ss\u00e4 t\u00e4ysin ilmaiseksi.<\/li>\n\n\n\n<li><strong>Historiallinen keskusta<\/strong> on t\u00e4ynn\u00e4 suojeltuja puutaloja 1500\u20131700-luvuilta.<\/li>\n\n\n\n<li><strong>Uiminen j\u00e4rvess\u00e4 on vain karaistuneille<\/strong>, vesi on kes\u00e4ll\u00e4 noin 20 \u00b0C, mutta paikallisella rannalla on l\u00e4mmitetty allas.<\/li>\n\n\n\n<li><strong>Vaellus on t\u00e4\u00e4ll\u00e4 ilmi\u00f6m\u00e4ist\u00e4<\/strong>, suoraan kyl\u00e4st\u00e4 voit l\u00e4hte\u00e4 Kolmen vesiputouksen reitille tai Sytibergin lenkille.<\/li>\n\n\n\n<li><strong>Kauneimmille vaelluksille k\u00f6ysirata vie sinut<\/strong> \u2014 Bachalpsee-j\u00e4rvelle, M\u00e4nnlichenille tai h\u00f6yryhammasradalla Brienzer Rothornille.<\/li>\n\n\n\n<li><strong>Majoitus keitti\u00f6ll\u00e4<\/strong> s\u00e4\u00e4st\u00e4\u00e4 sinulle Sveitsiss\u00e4 valtavasti rahaa kalliissa ravintoloissa.<\/li>\n\n\n\n<li><strong>Parhaat retket ymp\u00e4rist\u00f6\u00f6n<\/strong> sis\u00e4lt\u00e4v\u00e4t k\u00f6ysiradan Harder Kulmille, Giessbachin vesiputoukset ja valokuvauksellisen Iseltwaldin.<\/li>\n<\/ul>\n\n\n\n<figure data-wp-context=\"{&quot;imageId&quot;:&quot;6a950604a9c1e&quot;}\" data-wp-interactive=\"core\/image\" data-wp-key=\"6a950604a9c1e\" class=\"wp-block-image size-full wp-lightbox-container\"><img decoding=\"async\" width=\"1800\" height=\"785\" data-wp-class--hide=\"state.isContentHidden\" data-wp-class--show=\"state.isContentVisible\" data-wp-init=\"callbacks.setButtonStyles\" data-wp-on--click=\"actions.showLightbox\" data-wp-on--load=\"callbacks.setButtonStyles\" data-wp-on--pointerdown=\"actions.preloadImage\" data-wp-on--pointerenter=\"actions.preloadImageWithDelay\" data-wp-on--pointerleave=\"actions.cancelPreload\" data-wp-on-window--resize=\"callbacks.setButtonStyles\" src=\"https:\/\/loudavymkrokem.cz\/wp-content\/uploads\/2026\/08\/articles-bonigen-02.jpg\" alt=\"Brienzinj\u00e4rvi ja vuorenhuiput\" class=\"wp-image-404462\" title=\"\" srcset=\"https:\/\/loudavymkrokem.cz\/wp-content\/uploads\/2026\/08\/articles-bonigen-02.jpg 1800w, https:\/\/loudavymkrokem.cz\/wp-content\/uploads\/2026\/08\/articles-bonigen-02-300x131.jpg 300w, https:\/\/loudavymkrokem.cz\/wp-content\/uploads\/2026\/08\/articles-bonigen-02-700x305.jpg 700w, https:\/\/loudavymkrokem.cz\/wp-content\/uploads\/2026\/08\/articles-bonigen-02-768x335.jpg 768w, https:\/\/loudavymkrokem.cz\/wp-content\/uploads\/2026\/08\/articles-bonigen-02-1536x670.jpg 1536w, https:\/\/loudavymkrokem.cz\/wp-content\/uploads\/2026\/08\/articles-bonigen-02-696x304.jpg 696w, https:\/\/loudavymkrokem.cz\/wp-content\/uploads\/2026\/08\/articles-bonigen-02-1392x607.jpg 1392w\" sizes=\"(max-width: 1800px) 100vw, 1800px\" \/><button\n\t\t\tclass=\"lightbox-trigger\"\n\t\t\ttype=\"button\"\n\t\t\taria-haspopup=\"dialog\"\n\t\t\tdata-wp-bind--aria-label=\"state.thisImage.triggerButtonAriaLabel\"\n\t\t\tdata-wp-init=\"callbacks.initTriggerButton\"\n\t\t\tdata-wp-on--click=\"actions.showLightbox\"\n\t\t\tdata-wp-style--right=\"state.thisImage.buttonRight\"\n\t\t\tdata-wp-style--top=\"state.thisImage.buttonTop\"\n\t\t>\n\t\t\t<svg xmlns=\"http:\/\/www.w3.org\/2000\/svg\" width=\"12\" height=\"12\" fill=\"none\" viewBox=\"0 0 12 12\">\n\t\t\t\t<path fill=\"#fff\" d=\"M2 0a2 2 0 0 0-2 2v2h1.5V2a.5.5 0 0 1 .5-.5h2V0H2Zm2 10.5H2a.5.5 0 0 1-.5-.5V8H0v2a2 2 0 0 0 2 2h2v-1.5ZM8 12v-1.5h2a.5.5 0 0 0 .5-.5V8H12v2a2 2 0 0 1-2 2H8Zm2-12a2 2 0 0 1 2 2v2h-1.5V2a.5.5 0 0 0-.5-.5H8V0h2Z\" \/>\n\t\t\t<\/svg>\n\t\t<\/button><figcaption class=\"wp-element-caption\">Foto: Adrian Farwell \/ Wikimedia Commons, CC BY 3.0<\/figcaption><\/figure>\n\n\n\n<h2 class=\"wp-block-heading\"><span class=\"ez-toc-section\" id=\"Milloin_lahtea_Bonigeniin_ja_miten_paaset_perille\"><\/span>Milloin l\u00e4hte\u00e4 B\u00f6nigeniin ja miten p\u00e4\u00e4set perille<span class=\"ez-toc-section-end\"><\/span><\/h2>\n\n\n\n<p class=\"wp-block-paragraph\">P\u00e4\u00e4turistikausi Bernin Oberlandissa kest\u00e4\u00e4 <strong>toukokuusta syyskuuhun<\/strong>, jolloin p\u00e4iv\u00e4l\u00e4mp\u00f6tilat laaksossa kohoavat miellytt\u00e4viin <strong>24 asteeseen<\/strong>. Sinun on kuitenkin muistettava olevasi vuoristossa, joten keskikes\u00e4ll\u00e4kin t\u00e4\u00e4ll\u00e4 tipahtelee muutama sadepisara. Tilastollisesti t\u00e4\u00e4ll\u00e4 sataa noin <strong>9\u201312 p\u00e4iv\u00e4n\u00e4 kuukaudessa<\/strong>, joten kannattaa pit\u00e4\u00e4 reppussa aina valmiina vedenpit\u00e4v\u00e4 takki.<\/p>\n\n\n\n<p class=\"wp-block-paragraph\">Jos odotat innolla uimista, <strong>Brienzinj\u00e4rven veden l\u00e4mp\u00f6tila<\/strong> saattaa hieman yll\u00e4tt\u00e4\u00e4 sinut. J\u00e4rvi on j\u00e4\u00e4kauden syntyper\u00e4\u00e4, hyvin syv\u00e4, ja l\u00e4mpimimm\u00e4ss\u00e4kin elokuussa vesi on yleens\u00e4 vain <strong>18\u201322 \u00b0C<\/strong>. Syyskuu on 15\u201319 asteineen jo sopivampi l\u00e4hinn\u00e4 karaistuneille. Rantakylpyl\u00e4 The Beach on onneksi auki toukokuun puoliv\u00e4list\u00e4 syyskuun puoliv\u00e4liin ja tarjoaa my\u00f6s l\u00e4mmitetyn vaihtoehdon.<\/p>\n\n\n\n<p class=\"wp-block-paragraph\">Kyl\u00e4\u00e4n p\u00e4\u00e4seminen on uskomattoman helppoa sveitsil\u00e4isen t\u00e4sm\u00e4llisyyden ansiosta. Junalla p\u00e4\u00e4set Z\u00fcrichist\u00e4 (alle kahdessa tunnissa) tai Bernist\u00e4 suoraan <strong>Interlaken Ostin<\/strong> asemalle. Sielt\u00e4 kulkee <strong>bussilinja 103<\/strong>, joka vie sinut B\u00f6nigenin keskustaan vain 9 minuutissa. Bussit kulkevat puolen tunnin v\u00e4lein ja pys\u00e4htyv\u00e4t suoraan rantabulevardilla sek\u00e4 kyl\u00e4n keskustassa.<\/p>\n\n\n\n<p class=\"wp-block-paragraph\">Ja nyt paras uutinen: <strong>Interlaken Guest Card<\/strong>, jonka saat majoituksen mukana, takaa sinulle matkat paikallisessa <strong>joukkoliikenteess\u00e4 t\u00e4ysin ilmaiseksi<\/strong>, mukaan lukien mainittu bussi 103. B\u00f6nigeniss\u00e4 majoittuva matkustaa siis Interlakeniin tai naapurikyl\u00e4 Iseltwaldiin t\u00e4ysin maksutta.<\/p>\n\n\n\n<figure data-wp-context=\"{&quot;imageId&quot;:&quot;6a950604aa0da&quot;}\" data-wp-interactive=\"core\/image\" data-wp-key=\"6a950604aa0da\" class=\"wp-block-image size-full wp-lightbox-container\"><img decoding=\"async\" width=\"1800\" height=\"1125\" data-wp-class--hide=\"state.isContentHidden\" data-wp-class--show=\"state.isContentVisible\" data-wp-init=\"callbacks.setButtonStyles\" data-wp-on--click=\"actions.showLightbox\" data-wp-on--load=\"callbacks.setButtonStyles\" data-wp-on--pointerdown=\"actions.preloadImage\" data-wp-on--pointerenter=\"actions.preloadImageWithDelay\" data-wp-on--pointerleave=\"actions.cancelPreload\" data-wp-on-window--resize=\"callbacks.setButtonStyles\" src=\"https:\/\/loudavymkrokem.cz\/wp-content\/uploads\/2026\/08\/articles-bonigen-03.jpg\" alt=\"B\u00f6nigenin rantabulevardi Brienzinj\u00e4rvell\u00e4\" class=\"wp-image-404464\" title=\"\" srcset=\"https:\/\/loudavymkrokem.cz\/wp-content\/uploads\/2026\/08\/articles-bonigen-03.jpg 1800w, https:\/\/loudavymkrokem.cz\/wp-content\/uploads\/2026\/08\/articles-bonigen-03-300x188.jpg 300w, https:\/\/loudavymkrokem.cz\/wp-content\/uploads\/2026\/08\/articles-bonigen-03-700x438.jpg 700w, https:\/\/loudavymkrokem.cz\/wp-content\/uploads\/2026\/08\/articles-bonigen-03-768x480.jpg 768w, https:\/\/loudavymkrokem.cz\/wp-content\/uploads\/2026\/08\/articles-bonigen-03-1536x960.jpg 1536w, https:\/\/loudavymkrokem.cz\/wp-content\/uploads\/2026\/08\/articles-bonigen-03-696x435.jpg 696w, https:\/\/loudavymkrokem.cz\/wp-content\/uploads\/2026\/08\/articles-bonigen-03-1392x870.jpg 1392w\" sizes=\"(max-width: 1800px) 100vw, 1800px\" \/><button\n\t\t\tclass=\"lightbox-trigger\"\n\t\t\ttype=\"button\"\n\t\t\taria-haspopup=\"dialog\"\n\t\t\tdata-wp-bind--aria-label=\"state.thisImage.triggerButtonAriaLabel\"\n\t\t\tdata-wp-init=\"callbacks.initTriggerButton\"\n\t\t\tdata-wp-on--click=\"actions.showLightbox\"\n\t\t\tdata-wp-style--right=\"state.thisImage.buttonRight\"\n\t\t\tdata-wp-style--top=\"state.thisImage.buttonTop\"\n\t\t>\n\t\t\t<svg xmlns=\"http:\/\/www.w3.org\/2000\/svg\" width=\"12\" height=\"12\" fill=\"none\" viewBox=\"0 0 12 12\">\n\t\t\t\t<path fill=\"#fff\" d=\"M2 0a2 2 0 0 0-2 2v2h1.5V2a.5.5 0 0 1 .5-.5h2V0H2Zm2 10.5H2a.5.5 0 0 1-.5-.5V8H0v2a2 2 0 0 0 2 2h2v-1.5ZM8 12v-1.5h2a.5.5 0 0 0 .5-.5V8H12v2a2 2 0 0 1-2 2H8Zm2-12a2 2 0 0 1 2 2v2h-1.5V2a.5.5 0 0 0-.5-.5H8V0h2Z\" \/>\n\t\t\t<\/svg>\n\t\t<\/button><figcaption class=\"wp-element-caption\">Foto: JoachimKohler-HB \/ Wikimedia Commons, CC BY-SA 4.0<\/figcaption><\/figure>\n\n\n\n<h2 class=\"wp-block-heading\"><span class=\"ez-toc-section\" id=\"Missa_majoittua_Bonigenissa_ja_paljonko_se_maksaa\"><\/span>Miss\u00e4 majoittua B\u00f6nigeniss\u00e4 ja paljonko se maksaa<span class=\"ez-toc-section-end\"><\/span><\/h2>\n\n\n\n<p class=\"wp-block-paragraph\"><em>\ud83d\udca1 Vinkki majoitukseen ja el\u00e4myksiin: Majoitusta paikan p\u00e4\u00e4ll\u00e4 <a href=\"https:\/\/www.stay22.com\/allez\/roam?aid=lukaskonecny&amp;campaign=loudavymkrokemcz&amp;address=Bonigen\" target=\"_blank\" rel=\"nofollow noopener sponsored\">vertailemme t\u00e4\u00e4ll\u00e4<\/a>, jotta n\u00e4et, mit\u00e4 on vapaana ja mihin hintaan. Etsimme sit\u00e4 mieluiten <a class=\"thirstylink\" rel=\"nofollow\" target=\"_blank\" title=\"Booking.com\" href=\"https:\/\/loudavymkrokem.cz\/doporucujeme\/booking-com\/\" data-shortcode=\"true\">Booking.comista<\/a>, jossa on yleens\u00e4 parhaat peruutusehdot. Liput, retket ja aktiviteetit kannattaa taas vertailla ja ostaa <a class=\"thirstylink\" rel=\"nofollow\" target=\"_blank\" title=\"GetYourGuide\" href=\"https:\/\/loudavymkrokem.cz\/doporucujeme\/getyourguide\/\" data-shortcode=\"true\">GetYourGuiden<\/a> kautta.<\/em><\/p>\n\n\n\n<p class=\"wp-block-paragraph\">Suoraan B\u00f6nigeniss\u00e4 majoittuminen on fiksuin veto, jonka voit Sveitsin-lomaa suunnitellessasi tehd\u00e4. Kun naapurina oleva Interlaken on usein ylihinnoiteltu ja t\u00e4ynn\u00e4 \u00e4\u00e4nekk\u00e4it\u00e4 turistiryhmi\u00e4, t\u00e4\u00e4lt\u00e4 l\u00f6yd\u00e4t <strong>aitoa rauhaa ja paljon yst\u00e4v\u00e4llisemm\u00e4t hinnat<\/strong>. Bussilla olet silti tapahtumien keskipisteess\u00e4 alle kymmeness\u00e4 minuutissa.<\/p>\n\n\n\n<p class=\"wp-block-paragraph\">Sveitsiss\u00e4 my\u00f6s <strong>oma keitti\u00f6 majoituksessa kannattaa uskomattoman paljon<\/strong>. Ravintoloiden hinnat ovat t\u00e4htitieteellisi\u00e4, joten mahdollisuus laittaa oma illallinen tai koota ev\u00e4\u00e4t vaellukselle kevent\u00e4\u00e4 budjettiasi kymmenill\u00e4 euroilla. Muista kuitenkin <strong>varata paikka valtavan ajoissa<\/strong>, sill\u00e4 kes\u00e4kaudella parhaat kohteet ovat usein loppuunmyytyj\u00e4 pitki\u00e4 kuukausia etuk\u00e4teen.<\/p>\n\n\n\n<p class=\"wp-block-paragraph\">T\u00e4ss\u00e4 konkreettisia vinkkej\u00e4 loistavaan majoitukseen matkailijoiden arvioiden mukaan:<\/p>\n\n\n\n<ul class=\"wp-block-list\">\n<li><strong><a href=\"https:\/\/www.stay22.com\/allez\/roam?aid=lukaskonecny&amp;campaign=loudavymkrokemcz&amp;campaign=bonigen&amp;hotelname=Hotel%20Seiler%20au%20Lac&amp;address=B%C3%B6nigen%2C%20%C5%A0v%C3%BDcarsko\" target=\"_blank\" rel=\"noopener nofollow sponsored\">Hotel Seiler au Lac<\/a>:<\/strong> Hotel Seiler au Lac istuu suoraan rannalla, ja laiva pys\u00e4htyy ihan ovien edess\u00e4, joten sinun ei tarvitse edes mietti\u00e4, miten p\u00e4\u00e4sisit laivaan. Nelj\u00e4kymment\u00e4 huonetta, n\u00e4kym\u00e4t vuorille ja veteen \u2014 se on oikea osoite, kun haluat olla tapahtumien keskell\u00e4.<\/li>\n\n\n\n<li><strong><a href=\"https:\/\/www.stay22.com\/allez\/roam?aid=lukaskonecny&amp;campaign=loudavymkrokemcz&amp;campaign=bonigen&amp;hotelname=Seehotel%20B%C3%B6nigen&amp;address=B%C3%B6nigen%2C%20%C5%A0v%C3%BDcarsko\" target=\"_blank\" rel=\"noopener nofollow sponsored\">Seehotel B\u00f6nigen<\/a>:<\/strong> Loistava <strong>perhevalinta panoraaman\u00e4kymill\u00e4<\/strong>, joka tarjoaa rauhallisemman tunnelman ja oman kuuluisan ravintolan. Vieraat kehuvat kovasti omistajien henkil\u00f6kohtaista otetta ja runsaita aamiaisia.<\/li>\n\n\n\n<li><strong><a href=\"https:\/\/www.stay22.com\/allez\/roam?aid=lukaskonecny&amp;campaign=loudavymkrokemcz&amp;campaign=bonigen&amp;hotelname=TCS%20Camping%20B%C3%B6nigen%20Brienzersee&amp;address=B%C3%B6nigen%2C%20%C5%A0v%C3%BDcarsko\" target=\"_blank\" rel=\"noopener nofollow sponsored\">TCS Camping B\u00f6nigen Brienzersee<\/a>:<\/strong> T\u00e4ydellinen <strong>budjettivaihtoehto kyl\u00e4n parhaalla sijainnilla<\/strong> \u2014 suoraan j\u00e4rven rannalla ja 200 metrin p\u00e4\u00e4ss\u00e4 rannasta. Varo kuitenkin kahta asiaa: <strong>leirint\u00e4alueella ei ole allasta eik\u00e4 liukum\u00e4ke\u00e4<\/strong> (vain kahluuallas), ja henkil\u00f6kunnan suhtautumisesta pikkulapsiperheisiin meill\u00e4 on oma huono kokemus, jonka kuvaan alempana.<\/li>\n\n\n\n<li><strong><a href=\"https:\/\/www.stay22.com\/allez\/roam?aid=lukaskonecny&amp;campaign=loudavymkrokemcz&amp;campaign=bonigen&amp;hotelname=Mountain%20and%20Lake&amp;address=B%C3%B6nigen%2C%20%C5%A0v%C3%BDcarsko\" target=\"_blank\" rel=\"noopener nofollow sponsored\">Mountain and Lake<\/a>:<\/strong> Fantastiset arviot saanut <strong>yksityinen huoneisto t\u00e4ysin varustellulla keitti\u00f6ll\u00e4<\/strong>, joka antaa sinulle maksimaalisen itsen\u00e4isyyden. Siin\u00e4 on kaunis terassi, ja arvioiden mukaan se on ihanteellinen paikka pidemp\u00e4\u00e4n oleskeluun omalla ruoanlaitolla.<\/li>\n\n\n\n<li><strong><a href=\"https:\/\/www.stay22.com\/allez\/roam?aid=lukaskonecny&amp;campaign=loudavymkrokemcz&amp;campaign=bonigen&amp;hotelname=Walida&amp;address=B%C3%B6nigen%2C%20%C5%A0v%C3%BDcarsko\" target=\"_blank\" rel=\"noopener nofollow sponsored\">Walida<\/a>:<\/strong> Yksinkertaisempi mutta hyvin <strong>miellytt\u00e4v\u00e4 hotelli j\u00e4rkev\u00e4\u00e4n hintaan<\/strong>, jossa ilahdutat mielt\u00e4si parvekkeilla, joilta avautuu n\u00e4kym\u00e4 alppihuipuille. Vieraat arvostavat siisteytt\u00e4 ja kodikasta tunnelmaa.<\/li>\n<\/ul>\n\n\n\n<figure data-wp-context=\"{&quot;imageId&quot;:&quot;6a950604aa711&quot;}\" data-wp-interactive=\"core\/image\" data-wp-key=\"6a950604aa711\" class=\"wp-block-image size-full wp-lightbox-container\"><img decoding=\"async\" width=\"1800\" height=\"1350\" data-wp-class--hide=\"state.isContentHidden\" data-wp-class--show=\"state.isContentVisible\" data-wp-init=\"callbacks.setButtonStyles\" data-wp-on--click=\"actions.showLightbox\" data-wp-on--load=\"callbacks.setButtonStyles\" data-wp-on--pointerdown=\"actions.preloadImage\" data-wp-on--pointerenter=\"actions.preloadImageWithDelay\" data-wp-on--pointerleave=\"actions.cancelPreload\" data-wp-on-window--resize=\"callbacks.setButtonStyles\" src=\"https:\/\/loudavymkrokem.cz\/wp-content\/uploads\/2026\/08\/articles-bonigen-04.jpg\" alt=\"B\u00f6nigen ja sen rantabulevardi Brienzinj\u00e4rvell\u00e4\" class=\"wp-image-404465\" title=\"\" srcset=\"https:\/\/loudavymkrokem.cz\/wp-content\/uploads\/2026\/08\/articles-bonigen-04.jpg 1800w, https:\/\/loudavymkrokem.cz\/wp-content\/uploads\/2026\/08\/articles-bonigen-04-300x225.jpg 300w, https:\/\/loudavymkrokem.cz\/wp-content\/uploads\/2026\/08\/articles-bonigen-04-700x525.jpg 700w, https:\/\/loudavymkrokem.cz\/wp-content\/uploads\/2026\/08\/articles-bonigen-04-768x576.jpg 768w, https:\/\/loudavymkrokem.cz\/wp-content\/uploads\/2026\/08\/articles-bonigen-04-1536x1152.jpg 1536w, https:\/\/loudavymkrokem.cz\/wp-content\/uploads\/2026\/08\/articles-bonigen-04-80x60.jpg 80w, https:\/\/loudavymkrokem.cz\/wp-content\/uploads\/2026\/08\/articles-bonigen-04-160x120.jpg 160w, https:\/\/loudavymkrokem.cz\/wp-content\/uploads\/2026\/08\/articles-bonigen-04-696x522.jpg 696w, https:\/\/loudavymkrokem.cz\/wp-content\/uploads\/2026\/08\/articles-bonigen-04-1392x1044.jpg 1392w\" sizes=\"(max-width: 1800px) 100vw, 1800px\" \/><button\n\t\t\tclass=\"lightbox-trigger\"\n\t\t\ttype=\"button\"\n\t\t\taria-haspopup=\"dialog\"\n\t\t\tdata-wp-bind--aria-label=\"state.thisImage.triggerButtonAriaLabel\"\n\t\t\tdata-wp-init=\"callbacks.initTriggerButton\"\n\t\t\tdata-wp-on--click=\"actions.showLightbox\"\n\t\t\tdata-wp-style--right=\"state.thisImage.buttonRight\"\n\t\t\tdata-wp-style--top=\"state.thisImage.buttonTop\"\n\t\t>\n\t\t\t<svg xmlns=\"http:\/\/www.w3.org\/2000\/svg\" width=\"12\" height=\"12\" fill=\"none\" viewBox=\"0 0 12 12\">\n\t\t\t\t<path fill=\"#fff\" d=\"M2 0a2 2 0 0 0-2 2v2h1.5V2a.5.5 0 0 1 .5-.5h2V0H2Zm2 10.5H2a.5.5 0 0 1-.5-.5V8H0v2a2 2 0 0 0 2 2h2v-1.5ZM8 12v-1.5h2a.5.5 0 0 0 .5-.5V8H12v2a2 2 0 0 1-2 2H8Zm2-12a2 2 0 0 1 2 2v2h-1.5V2a.5.5 0 0 0-.5-.5H8V0h2Z\" \/>\n\t\t\t<\/svg>\n\t\t<\/button><figcaption class=\"wp-element-caption\">Foto: Sven Huls \/ Pexels<\/figcaption><\/figure>\n\n\n\n<h2 class=\"wp-block-heading\"><span class=\"ez-toc-section\" id=\"Suoraan_Bonigenissa_6_vinkkia_mita_nahda_ja_tehda_veden_aarella\"><\/span>Suoraan B\u00f6nigeniss\u00e4: 6 vinkki\u00e4, mit\u00e4 n\u00e4hd\u00e4 ja tehd\u00e4 veden \u00e4\u00e4rell\u00e4<span class=\"ez-toc-section-end\"><\/span><\/h2>\n\n\n\n<p class=\"wp-block-paragraph\">Itse kyl\u00e4 on ihanteellinen <strong>paikka rauhallisiin p\u00e4iviin<\/strong>, kun ei huvita kiivet\u00e4 korkeisiin vuoriin. Voit t\u00e4\u00e4ll\u00e4 vain harhailla kapeissa kujissa, ihailla vanhojen kirvesmestareiden k\u00e4sity\u00f6taitoa tai viett\u00e4\u00e4 aikaa suoraan <strong>turkoosin j\u00e4rven rannalla<\/strong>.<\/p>\n\n\n\n<p class=\"wp-block-paragraph\">T\u00e4\u00e4lt\u00e4 l\u00f6yd\u00e4t t\u00e4ydellisen yhdistelm\u00e4n historiaa ja vesiaktiviteetteja, jotka viihdytt\u00e4v\u00e4t sinua v\u00e4hint\u00e4\u00e4n yhden kokonaisen viikonlopun. Kaikki on lis\u00e4ksi t\u00e4\u00e4ll\u00e4 <strong>kauniisti k\u00e4den ulottuvilla ja k\u00e4velymatkan p\u00e4\u00e4ss\u00e4<\/strong>, joten auton voit huoletta j\u00e4tt\u00e4\u00e4 pys\u00e4k\u00f6ityn\u00e4 hotellin luo.<\/p>\n\n\n\n<p class=\"wp-block-paragraph\">\ud83d\udca1 Vinkki: Suurimman osan ymp\u00e4rist\u00f6n el\u00e4myksist\u00e4 (j\u00e4rviristeilyt, kajakkiretket, jettivenematkat ja retket Jungfraujochille) voit varata etuk\u00e4teen <a class=\"thirstylink\" rel=\"nofollow\" target=\"_blank\" title=\"GetYourGuide\" href=\"https:\/\/loudavymkrokem.cz\/doporucujeme\/getyourguide\/\" data-shortcode=\"true\">GetYourGuidesta<\/a>. Sesonkiaikaan suositut ajankohdat t\u00e4yttyv\u00e4t jopa useita p\u00e4ivi\u00e4 etuk\u00e4teen.<\/p>\n\n\n\n<figure data-wp-context=\"{&quot;imageId&quot;:&quot;6a950604aabaf&quot;}\" data-wp-interactive=\"core\/image\" data-wp-key=\"6a950604aabaf\" class=\"wp-block-image size-full wp-lightbox-container\"><img decoding=\"async\" width=\"1800\" height=\"1350\" data-wp-class--hide=\"state.isContentHidden\" data-wp-class--show=\"state.isContentVisible\" data-wp-init=\"callbacks.setButtonStyles\" data-wp-on--click=\"actions.showLightbox\" data-wp-on--load=\"callbacks.setButtonStyles\" data-wp-on--pointerdown=\"actions.preloadImage\" data-wp-on--pointerenter=\"actions.preloadImageWithDelay\" data-wp-on--pointerleave=\"actions.cancelPreload\" data-wp-on-window--resize=\"callbacks.setButtonStyles\" src=\"https:\/\/loudavymkrokem.cz\/wp-content\/uploads\/2026\/08\/articles-bonigen-05.jpg\" alt=\"Historiallinen veistetty puutalo B\u00f6nigeniss\u00e4\" class=\"wp-image-404467\" title=\"\" srcset=\"https:\/\/loudavymkrokem.cz\/wp-content\/uploads\/2026\/08\/articles-bonigen-05.jpg 1800w, https:\/\/loudavymkrokem.cz\/wp-content\/uploads\/2026\/08\/articles-bonigen-05-300x225.jpg 300w, https:\/\/loudavymkrokem.cz\/wp-content\/uploads\/2026\/08\/articles-bonigen-05-700x525.jpg 700w, https:\/\/loudavymkrokem.cz\/wp-content\/uploads\/2026\/08\/articles-bonigen-05-768x576.jpg 768w, https:\/\/loudavymkrokem.cz\/wp-content\/uploads\/2026\/08\/articles-bonigen-05-1536x1152.jpg 1536w, https:\/\/loudavymkrokem.cz\/wp-content\/uploads\/2026\/08\/articles-bonigen-05-80x60.jpg 80w, https:\/\/loudavymkrokem.cz\/wp-content\/uploads\/2026\/08\/articles-bonigen-05-160x120.jpg 160w, https:\/\/loudavymkrokem.cz\/wp-content\/uploads\/2026\/08\/articles-bonigen-05-696x522.jpg 696w, https:\/\/loudavymkrokem.cz\/wp-content\/uploads\/2026\/08\/articles-bonigen-05-1392x1044.jpg 1392w\" sizes=\"(max-width: 1800px) 100vw, 1800px\" \/><button\n\t\t\tclass=\"lightbox-trigger\"\n\t\t\ttype=\"button\"\n\t\t\taria-haspopup=\"dialog\"\n\t\t\tdata-wp-bind--aria-label=\"state.thisImage.triggerButtonAriaLabel\"\n\t\t\tdata-wp-init=\"callbacks.initTriggerButton\"\n\t\t\tdata-wp-on--click=\"actions.showLightbox\"\n\t\t\tdata-wp-style--right=\"state.thisImage.buttonRight\"\n\t\t\tdata-wp-style--top=\"state.thisImage.buttonTop\"\n\t\t>\n\t\t\t<svg xmlns=\"http:\/\/www.w3.org\/2000\/svg\" width=\"12\" height=\"12\" fill=\"none\" viewBox=\"0 0 12 12\">\n\t\t\t\t<path fill=\"#fff\" d=\"M2 0a2 2 0 0 0-2 2v2h1.5V2a.5.5 0 0 1 .5-.5h2V0H2Zm2 10.5H2a.5.5 0 0 1-.5-.5V8H0v2a2 2 0 0 0 2 2h2v-1.5ZM8 12v-1.5h2a.5.5 0 0 0 .5-.5V8H12v2a2 2 0 0 1-2 2H8Zm2-12a2 2 0 0 1 2 2v2h-1.5V2a.5.5 0 0 0-.5-.5H8V0h2Z\" \/>\n\t\t\t<\/svg>\n\t\t<\/button><figcaption class=\"wp-element-caption\">Foto: Freek Wolsink \/ Pexels<\/figcaption><\/figure>\n\n\n\n<h3 class=\"wp-block-heading\"><span class=\"ez-toc-section\" id=\"1_Historialliset_puutalot_ja_Hauserweg\"><\/span>1. Historialliset puutalot ja H\u00e4userweg<span class=\"ez-toc-section-end\"><\/span><\/h3>\n\n\n\n<p class=\"wp-block-paragraph\">Kyl\u00e4n ytimen muodostaa ainutlaatuinen kokoelma <strong>veistettyj\u00e4 puutaloja 1500\u20131800-luvuilta<\/strong>. B\u00f6nigenill\u00e4 oli historiassa valtava onni, ettei sit\u00e4 koskaan kohdannut suuri tuhoisa tulipalo. Sen ansiosta t\u00e4\u00e4ll\u00e4 on s\u00e4ilynyt yhten\u00e4inen rakennuskanta jokaiselta rakennuskaudelta vuodesta 1549 l\u00e4htien, mik\u00e4 on Sveitsiss\u00e4 valtava harvinaisuus.<\/p>\n\n\n\n<p class=\"wp-block-paragraph\">Kun k\u00e4velet luontopolulla <strong>Historischer H\u00e4userweg<\/strong>, h\u00e4mm\u00e4styt julkisivujen yksityiskohtaista puunveistoty\u00f6t\u00e4. N\u00e4et monimutkaisia ornamentteja, vanhoja kirjoituksia ja tarkasti muotoiltuja parvekkeita. Reitille on tarjolla interaktiivinen SmartTrail-opas, jonka lataat helposti puhelimeesi ja joka paljastaa sinulle yksitt\u00e4isten perheiden tarinat.<\/p>\n\n\n\n<p class=\"wp-block-paragraph\">Tunnetuin rakennus on niin kutsuttu <strong>Housihuus vuodelta 1757<\/strong>, joka toimi kyl\u00e4n ensimm\u00e4isen\u00e4 majatalona. Sill\u00e4 on jopa kuninkaallinen historia, sill\u00e4 vuonna 1808 t\u00e4\u00e4ll\u00e4 y\u00f6pyi W\u00fcrttembergin kuningas Friedrich. Huomiota ansaitsee my\u00f6s vanha aitta Christi&#8217;s Spycher vuodelta 1746, joka n\u00e4ytt\u00e4\u00e4, miten arvokkaita ruokavarastoja ennen s\u00e4ilytettiin.<\/p>\n\n\n\n<p class=\"wp-block-paragraph\">\ud83d\udca1 Vinkki: Joka aamu klo 9.15 <a href=\"https:\/\/www.boenigen-iseltwald.ch\" target=\"_blank\" rel=\"nofollow noopener\">matkailuneuvonnan<\/a> edess\u00e4 j\u00e4rjestet\u00e4\u00e4n <strong>opastettuja kyl\u00e4kierroksia<\/strong>. Se on loistava tilaisuus kuulla paikallisilta juttuja, joita et l\u00f6yd\u00e4 mist\u00e4\u00e4n painetusta oppaasta.<\/p>\n\n\n\n<figure data-wp-context=\"{&quot;imageId&quot;:&quot;6a950604ab084&quot;}\" data-wp-interactive=\"core\/image\" data-wp-key=\"6a950604ab084\" class=\"wp-block-image size-full wp-lightbox-container\"><img decoding=\"async\" width=\"1800\" height=\"1341\" data-wp-class--hide=\"state.isContentHidden\" data-wp-class--show=\"state.isContentVisible\" data-wp-init=\"callbacks.setButtonStyles\" data-wp-on--click=\"actions.showLightbox\" data-wp-on--load=\"callbacks.setButtonStyles\" data-wp-on--pointerdown=\"actions.preloadImage\" data-wp-on--pointerenter=\"actions.preloadImageWithDelay\" data-wp-on--pointerleave=\"actions.cancelPreload\" data-wp-on-window--resize=\"callbacks.setButtonStyles\" src=\"https:\/\/loudavymkrokem.cz\/wp-content\/uploads\/2026\/08\/articles-bonigen-06.jpg\" alt=\"Perinteisen oberlandilaisen talon sis\u00e4tila\" class=\"wp-image-404469\" title=\"\" srcset=\"https:\/\/loudavymkrokem.cz\/wp-content\/uploads\/2026\/08\/articles-bonigen-06.jpg 1800w, https:\/\/loudavymkrokem.cz\/wp-content\/uploads\/2026\/08\/articles-bonigen-06-300x224.jpg 300w, https:\/\/loudavymkrokem.cz\/wp-content\/uploads\/2026\/08\/articles-bonigen-06-700x522.jpg 700w, https:\/\/loudavymkrokem.cz\/wp-content\/uploads\/2026\/08\/articles-bonigen-06-768x572.jpg 768w, https:\/\/loudavymkrokem.cz\/wp-content\/uploads\/2026\/08\/articles-bonigen-06-1536x1144.jpg 1536w, https:\/\/loudavymkrokem.cz\/wp-content\/uploads\/2026\/08\/articles-bonigen-06-80x60.jpg 80w, https:\/\/loudavymkrokem.cz\/wp-content\/uploads\/2026\/08\/articles-bonigen-06-160x120.jpg 160w, https:\/\/loudavymkrokem.cz\/wp-content\/uploads\/2026\/08\/articles-bonigen-06-696x519.jpg 696w, https:\/\/loudavymkrokem.cz\/wp-content\/uploads\/2026\/08\/articles-bonigen-06-1392x1037.jpg 1392w\" sizes=\"(max-width: 1800px) 100vw, 1800px\" \/><button\n\t\t\tclass=\"lightbox-trigger\"\n\t\t\ttype=\"button\"\n\t\t\taria-haspopup=\"dialog\"\n\t\t\tdata-wp-bind--aria-label=\"state.thisImage.triggerButtonAriaLabel\"\n\t\t\tdata-wp-init=\"callbacks.initTriggerButton\"\n\t\t\tdata-wp-on--click=\"actions.showLightbox\"\n\t\t\tdata-wp-style--right=\"state.thisImage.buttonRight\"\n\t\t\tdata-wp-style--top=\"state.thisImage.buttonTop\"\n\t\t>\n\t\t\t<svg xmlns=\"http:\/\/www.w3.org\/2000\/svg\" width=\"12\" height=\"12\" fill=\"none\" viewBox=\"0 0 12 12\">\n\t\t\t\t<path fill=\"#fff\" d=\"M2 0a2 2 0 0 0-2 2v2h1.5V2a.5.5 0 0 1 .5-.5h2V0H2Zm2 10.5H2a.5.5 0 0 1-.5-.5V8H0v2a2 2 0 0 0 2 2h2v-1.5ZM8 12v-1.5h2a.5.5 0 0 0 .5-.5V8H12v2a2 2 0 0 1-2 2H8Zm2-12a2 2 0 0 1 2 2v2h-1.5V2a.5.5 0 0 0-.5-.5H8V0h2Z\" \/>\n\t\t\t<\/svg>\n\t\t<\/button><figcaption class=\"wp-element-caption\">Foto: Abhishek  Navlakha \/ Pexels<\/figcaption><\/figure>\n\n\n\n<h3 class=\"wp-block-heading\"><span class=\"ez-toc-section\" id=\"2_Kylamuseo_Dorfmuseum_%E2%80%9Calte_Pinte%E2%80%9D\"><\/span>2. Kyl\u00e4museo Dorfmuseum &#8220;alte Pinte&#8221;<span class=\"ez-toc-section-end\"><\/span><\/h3>\n\n\n\n<p class=\"wp-block-paragraph\">Jos haluat n\u00e4hd\u00e4, miten t\u00e4llaisissa puutaloissa oikeasti elettiin, sinun t\u00e4ytyy poiketa paikallismuseoon. Se sijaitsee kauniisti s\u00e4ilyneess\u00e4 <strong>talossa vuodelta 1772<\/strong> ja huokuu sinua kohti vanhojen aikojen tunnelmaa, jolloin el\u00e4m\u00e4 vuoristossa oli paljon kovempaa kuin nyky\u00e4\u00e4n.<\/p>\n\n\n\n<p class=\"wp-block-paragraph\">N\u00e4yttely esittelee tyypillisen oberlandilaisen asumuksen pienint\u00e4 yksityiskohtaa my\u00f6ten. L\u00f6yd\u00e4t t\u00e4\u00e4lt\u00e4 <strong>historiallisia huonekaluja ja esineit\u00e4 vuosilta 1730\u20131920<\/strong>, vanhoista rukeista k\u00e4sin maalattuihin my\u00f6t\u00e4j\u00e4isarkkuihin. On kiehtovaa n\u00e4hd\u00e4, miten mestarillisesti paikalliset k\u00e4sity\u00f6l\u00e4iset osasivat ty\u00f6st\u00e4\u00e4 puuta.<\/p>\n\n\n\n<p class=\"wp-block-paragraph\">Kierros ei vie sinulta yli tuntia, mutta sen ansiosta saat valtavan <strong>arvostuksen paikallista kulttuuria ja perinteit\u00e4 kohtaan<\/strong>. Saat selville, miten ennen l\u00e4mmitettiin, miten vuoristolaitumien maito k\u00e4siteltiin ja milt\u00e4 tavallisen sveitsil\u00e4isperheen arkirutiini n\u00e4ytti.<\/p>\n\n\n\n<p class=\"wp-block-paragraph\">\ud83d\udca1 Vinkki: <strong>Museon aukioloajat<\/strong> ovat yleens\u00e4 <strong>sesongin ulkopuolella melko rajalliset<\/strong>, joten tarkista etuk\u00e4teen verkkosivuilta, min\u00e4 p\u00e4ivin\u00e4 siell\u00e4 on juuri auki, ettet seiso lukittujen ovien edess\u00e4.<\/p>\n\n\n\n<figure data-wp-context=\"{&quot;imageId&quot;:&quot;6a950604ab5bc&quot;}\" data-wp-interactive=\"core\/image\" data-wp-key=\"6a950604ab5bc\" class=\"wp-block-image size-full wp-lightbox-container\"><img decoding=\"async\" width=\"1800\" height=\"1350\" data-wp-class--hide=\"state.isContentHidden\" data-wp-class--show=\"state.isContentVisible\" data-wp-init=\"callbacks.setButtonStyles\" data-wp-on--click=\"actions.showLightbox\" data-wp-on--load=\"callbacks.setButtonStyles\" data-wp-on--pointerdown=\"actions.preloadImage\" data-wp-on--pointerenter=\"actions.preloadImageWithDelay\" data-wp-on--pointerleave=\"actions.cancelPreload\" data-wp-on-window--resize=\"callbacks.setButtonStyles\" src=\"https:\/\/loudavymkrokem.cz\/wp-content\/uploads\/2026\/08\/articles-bonigen-07.jpg\" alt=\"B\u00f6nigen laivan kannelta Brienzinj\u00e4rvell\u00e4\" class=\"wp-image-404470\" title=\"\" srcset=\"https:\/\/loudavymkrokem.cz\/wp-content\/uploads\/2026\/08\/articles-bonigen-07.jpg 1800w, https:\/\/loudavymkrokem.cz\/wp-content\/uploads\/2026\/08\/articles-bonigen-07-300x225.jpg 300w, https:\/\/loudavymkrokem.cz\/wp-content\/uploads\/2026\/08\/articles-bonigen-07-700x525.jpg 700w, https:\/\/loudavymkrokem.cz\/wp-content\/uploads\/2026\/08\/articles-bonigen-07-768x576.jpg 768w, https:\/\/loudavymkrokem.cz\/wp-content\/uploads\/2026\/08\/articles-bonigen-07-1536x1152.jpg 1536w, https:\/\/loudavymkrokem.cz\/wp-content\/uploads\/2026\/08\/articles-bonigen-07-80x60.jpg 80w, https:\/\/loudavymkrokem.cz\/wp-content\/uploads\/2026\/08\/articles-bonigen-07-160x120.jpg 160w, https:\/\/loudavymkrokem.cz\/wp-content\/uploads\/2026\/08\/articles-bonigen-07-696x522.jpg 696w, https:\/\/loudavymkrokem.cz\/wp-content\/uploads\/2026\/08\/articles-bonigen-07-1392x1044.jpg 1392w\" sizes=\"(max-width: 1800px) 100vw, 1800px\" \/><button\n\t\t\tclass=\"lightbox-trigger\"\n\t\t\ttype=\"button\"\n\t\t\taria-haspopup=\"dialog\"\n\t\t\tdata-wp-bind--aria-label=\"state.thisImage.triggerButtonAriaLabel\"\n\t\t\tdata-wp-init=\"callbacks.initTriggerButton\"\n\t\t\tdata-wp-on--click=\"actions.showLightbox\"\n\t\t\tdata-wp-style--right=\"state.thisImage.buttonRight\"\n\t\t\tdata-wp-style--top=\"state.thisImage.buttonTop\"\n\t\t>\n\t\t\t<svg xmlns=\"http:\/\/www.w3.org\/2000\/svg\" width=\"12\" height=\"12\" fill=\"none\" viewBox=\"0 0 12 12\">\n\t\t\t\t<path fill=\"#fff\" d=\"M2 0a2 2 0 0 0-2 2v2h1.5V2a.5.5 0 0 1 .5-.5h2V0H2Zm2 10.5H2a.5.5 0 0 1-.5-.5V8H0v2a2 2 0 0 0 2 2h2v-1.5ZM8 12v-1.5h2a.5.5 0 0 0 .5-.5V8H12v2a2 2 0 0 1-2 2H8Zm2-12a2 2 0 0 1 2 2v2h-1.5V2a.5.5 0 0 0-.5-.5H8V0h2Z\" \/>\n\t\t\t<\/svg>\n\t\t<\/button><figcaption class=\"wp-element-caption\">Foto: Andrew Bossi \/ Wikimedia Commons, CC BY-SA 2.5<\/figcaption><\/figure>\n\n\n\n<h3 class=\"wp-block-heading\"><span class=\"ez-toc-section\" id=\"3_Rantabulevardi_laituri_ja_Brienzersee_Lakewalk\"><\/span>3. Rantabulevardi, laituri ja Brienzersee Lakewalk<span class=\"ez-toc-section-end\"><\/span><\/h3>\n\n\n\n<p class=\"wp-block-paragraph\">Koko B\u00f6nigenin syd\u00e4n on ep\u00e4ilem\u00e4tt\u00e4 sen rantabulevardi. T\u00e4k\u00e4l\u00e4inen <strong>Brienzersee Lakewalk<\/strong> on saanut Googlessa fantastisen arvion 4,8 l\u00e4hes tuhannesta arvostelusta, ja se on ensimm\u00e4inen paikka, minne askeleidesi tulisi suunnata saapumisen j\u00e4lkeen. N\u00e4kym\u00e4 laiturilta ymp\u00e4r\u00f6iville huipuille ja turkoosille pinnalle on yksinkertaisesti ikoninen.<\/p>\n\n\n\n<p class=\"wp-block-paragraph\">Koko promenadi on suunniteltu <strong>esteett\u00f6m\u00e4ksi reitiksi j\u00e4rven ja Aare-joen vartta<\/strong>. Se on aivan ihanteellinen lastenrattaita ty\u00f6nt\u00e4ville perheille, py\u00f6r\u00e4tuolilaisille tai hitaaseen iltak\u00e4velyyn, kun jalkoja jo s\u00e4rkee koko p\u00e4iv\u00e4n vaelluksen j\u00e4lkeen. Vedell\u00e4 on t\u00e4\u00e4ll\u00e4 uskomaton v\u00e4ri, jonka aiheuttaa niin kutsuttu j\u00e4\u00e4tikk\u00f6jauho, joka on huuhtoutunut ymp\u00e4r\u00f6ivist\u00e4 vuoristomassiiveista.<\/p>\n\n\n\n<p class=\"wp-block-paragraph\">Kes\u00e4kaudella rantabulevardi her\u00e4\u00e4 kulttuurin my\u00f6t\u00e4 eloon. Suoraan p\u00e4\u00e4alaiturin luona j\u00e4rjestet\u00e4\u00e4n s\u00e4\u00e4nn\u00f6llisesti <strong>perinteisi\u00e4 kansanmusiikkikonsertteja<\/strong>, joissa voit kuulla liven\u00e4 alppitorvien soittoa ja n\u00e4hd\u00e4 paikallisia asukkaita upeissa historiallisissa kansanpuvuissa. Se on el\u00e4mys, joka kuuluu erottamattomasti Bernin Oberlandin lomaan.<\/p>\n\n\n\n<p class=\"wp-block-paragraph\">\ud83d\udca1 Vinkki: Lyhyen k\u00e4velyn p\u00e4\u00e4ss\u00e4 promenadista sijaitsee <strong>pieni Depotseeli-lampi<\/strong>, joka syntyi mielenkiintoisesti keinotekoisesti historiallisen rautatien rakentamisen yhteydess\u00e4. Nyky\u00e4\u00e4n se palvelee l\u00e4hinn\u00e4 paikallisia kalastajia, mutta se on kaunis hiljainen paikka lyhyeen pys\u00e4hdykseen.<\/p>\n\n\n\n<figure data-wp-context=\"{&quot;imageId&quot;:&quot;6a950604abb3b&quot;}\" data-wp-interactive=\"core\/image\" data-wp-key=\"6a950604abb3b\" class=\"wp-block-image size-full wp-lightbox-container\"><img decoding=\"async\" width=\"1800\" height=\"1199\" data-wp-class--hide=\"state.isContentHidden\" data-wp-class--show=\"state.isContentVisible\" data-wp-init=\"callbacks.setButtonStyles\" data-wp-on--click=\"actions.showLightbox\" data-wp-on--load=\"callbacks.setButtonStyles\" data-wp-on--pointerdown=\"actions.preloadImage\" data-wp-on--pointerenter=\"actions.preloadImageWithDelay\" data-wp-on--pointerleave=\"actions.cancelPreload\" data-wp-on-window--resize=\"callbacks.setButtonStyles\" src=\"https:\/\/loudavymkrokem.cz\/wp-content\/uploads\/2026\/08\/articles-bonigen-08.jpg\" alt=\"Rantakylpyl\u00e4 j\u00e4rven rannalla altaineen\" class=\"wp-image-404472\" title=\"\" srcset=\"https:\/\/loudavymkrokem.cz\/wp-content\/uploads\/2026\/08\/articles-bonigen-08.jpg 1800w, https:\/\/loudavymkrokem.cz\/wp-content\/uploads\/2026\/08\/articles-bonigen-08-300x200.jpg 300w, https:\/\/loudavymkrokem.cz\/wp-content\/uploads\/2026\/08\/articles-bonigen-08-700x466.jpg 700w, https:\/\/loudavymkrokem.cz\/wp-content\/uploads\/2026\/08\/articles-bonigen-08-768x512.jpg 768w, https:\/\/loudavymkrokem.cz\/wp-content\/uploads\/2026\/08\/articles-bonigen-08-1536x1023.jpg 1536w, https:\/\/loudavymkrokem.cz\/wp-content\/uploads\/2026\/08\/articles-bonigen-08-696x464.jpg 696w, https:\/\/loudavymkrokem.cz\/wp-content\/uploads\/2026\/08\/articles-bonigen-08-1392x927.jpg 1392w\" sizes=\"(max-width: 1800px) 100vw, 1800px\" \/><button\n\t\t\tclass=\"lightbox-trigger\"\n\t\t\ttype=\"button\"\n\t\t\taria-haspopup=\"dialog\"\n\t\t\tdata-wp-bind--aria-label=\"state.thisImage.triggerButtonAriaLabel\"\n\t\t\tdata-wp-init=\"callbacks.initTriggerButton\"\n\t\t\tdata-wp-on--click=\"actions.showLightbox\"\n\t\t\tdata-wp-style--right=\"state.thisImage.buttonRight\"\n\t\t\tdata-wp-style--top=\"state.thisImage.buttonTop\"\n\t\t>\n\t\t\t<svg xmlns=\"http:\/\/www.w3.org\/2000\/svg\" width=\"12\" height=\"12\" fill=\"none\" viewBox=\"0 0 12 12\">\n\t\t\t\t<path fill=\"#fff\" d=\"M2 0a2 2 0 0 0-2 2v2h1.5V2a.5.5 0 0 1 .5-.5h2V0H2Zm2 10.5H2a.5.5 0 0 1-.5-.5V8H0v2a2 2 0 0 0 2 2h2v-1.5ZM8 12v-1.5h2a.5.5 0 0 0 .5-.5V8H12v2a2 2 0 0 1-2 2H8Zm2-12a2 2 0 0 1 2 2v2h-1.5V2a.5.5 0 0 0-.5-.5H8V0h2Z\" \/>\n\t\t\t<\/svg>\n\t\t<\/button><figcaption class=\"wp-element-caption\">Foto: Jean-Paul Wettstein \/ Pexels<\/figcaption><\/figure>\n\n\n\n<h3 class=\"wp-block-heading\"><span class=\"ez-toc-section\" id=\"4_Ranta_ja_kylpyla_The_Beach\"><\/span>4. Ranta ja kylpyl\u00e4 The Beach<span class=\"ez-toc-section-end\"><\/span><\/h3>\n\n\n\n<p class=\"wp-block-paragraph\">Vaikka j\u00e4rvi on kylm\u00e4, B\u00f6nigenill\u00e4 on veden yst\u00e4ville valmiina t\u00e4ydellinen varasuunnitelma. Paikallinen kylpyl\u00e4 The Beach (Strandbad B\u00f6nigen) toimii suunnilleen toukokuun puoliv\u00e4list\u00e4 syyskuun puoliv\u00e4liin, ja lippu vuodelle 2026 maksaa <strong>hyvin miellytt\u00e4v\u00e4t 6 CHF aikuiselta<\/strong>.<\/p>\n\n\n\n<p class=\"wp-block-paragraph\">Alue tarjoaa j\u00e4rvelle p\u00e4\u00e4syn lis\u00e4ksi my\u00f6s <strong>l\u00e4mmitetyn 25-metrisen altaan<\/strong>, jota arvostat p\u00e4ivin\u00e4, jolloin j\u00e4\u00e4tikk\u00f6veteen ei todella huvita menn\u00e4. Uimareille on j\u00e4rvess\u00e4 varattu rajattu alue, ja ymp\u00e4rill\u00e4 levitt\u00e4ytyy laaja nurmikkoniitty suurine puineen, jotka tarjoavat runsaasti luonnollista varjoa.<\/p>\n\n\n\n<p class=\"wp-block-paragraph\">Palvelut ovat t\u00e4\u00e4ll\u00e4 Sveitsin oloihin n\u00e4hden erinomaiset. L\u00f6yd\u00e4t t\u00e4\u00e4lt\u00e4 pukukopit, siistit vessat, petankkikent\u00e4n ja miellytt\u00e4v\u00e4n ravintolan. Koko alue on lis\u00e4ksi <strong>t\u00e4ysin esteet\u00f6n niin lastenrattailla kuin py\u00f6r\u00e4tuolillakin<\/strong>, joten t\u00e4\u00e4ll\u00e4 asettuu mukavasti kotiutumaan aivan jokainen. Klo 17.00 alkaen astuu voimaan alennettu iltasis\u00e4\u00e4np\u00e4\u00e4sy.<\/p>\n\n\n\n<p class=\"wp-block-paragraph\">\ud83d\udca1 Vinkki: <strong>Ajantasaiset aukioloajat<\/strong>, jotka vaihtelevat kuukausien ja s\u00e4\u00e4n mukaan, l\u00f6yd\u00e4t aina The Beachin viralliselta <a href=\"https:\/\/www.strandbadboenigen.ch\" target=\"_blank\" rel=\"nofollow noopener\">verkkosivulta<\/a>. Kovan sateen aikaan alue on yleens\u00e4 <strong>turvallisuussyist\u00e4 suljettu<\/strong>.<\/p>\n\n\n\n<figure data-wp-context=\"{&quot;imageId&quot;:&quot;6a950604ac007&quot;}\" data-wp-interactive=\"core\/image\" data-wp-key=\"6a950604ac007\" class=\"wp-block-image size-full wp-lightbox-container\"><img decoding=\"async\" width=\"1800\" height=\"1011\" data-wp-class--hide=\"state.isContentHidden\" data-wp-class--show=\"state.isContentVisible\" data-wp-init=\"callbacks.setButtonStyles\" data-wp-on--click=\"actions.showLightbox\" data-wp-on--load=\"callbacks.setButtonStyles\" data-wp-on--pointerdown=\"actions.preloadImage\" data-wp-on--pointerenter=\"actions.preloadImageWithDelay\" data-wp-on--pointerleave=\"actions.cancelPreload\" data-wp-on-window--resize=\"callbacks.setButtonStyles\" src=\"https:\/\/loudavymkrokem.cz\/wp-content\/uploads\/2026\/08\/articles-bonigen-09.jpg\" alt=\"Kajakki vuoristoj\u00e4rvell\u00e4\" class=\"wp-image-404475\" title=\"\" srcset=\"https:\/\/loudavymkrokem.cz\/wp-content\/uploads\/2026\/08\/articles-bonigen-09.jpg 1800w, https:\/\/loudavymkrokem.cz\/wp-content\/uploads\/2026\/08\/articles-bonigen-09-300x169.jpg 300w, https:\/\/loudavymkrokem.cz\/wp-content\/uploads\/2026\/08\/articles-bonigen-09-700x393.jpg 700w, https:\/\/loudavymkrokem.cz\/wp-content\/uploads\/2026\/08\/articles-bonigen-09-768x431.jpg 768w, https:\/\/loudavymkrokem.cz\/wp-content\/uploads\/2026\/08\/articles-bonigen-09-1536x863.jpg 1536w, https:\/\/loudavymkrokem.cz\/wp-content\/uploads\/2026\/08\/articles-bonigen-09-696x391.jpg 696w, https:\/\/loudavymkrokem.cz\/wp-content\/uploads\/2026\/08\/articles-bonigen-09-1392x782.jpg 1392w\" sizes=\"(max-width: 1800px) 100vw, 1800px\" \/><button\n\t\t\tclass=\"lightbox-trigger\"\n\t\t\ttype=\"button\"\n\t\t\taria-haspopup=\"dialog\"\n\t\t\tdata-wp-bind--aria-label=\"state.thisImage.triggerButtonAriaLabel\"\n\t\t\tdata-wp-init=\"callbacks.initTriggerButton\"\n\t\t\tdata-wp-on--click=\"actions.showLightbox\"\n\t\t\tdata-wp-style--right=\"state.thisImage.buttonRight\"\n\t\t\tdata-wp-style--top=\"state.thisImage.buttonTop\"\n\t\t>\n\t\t\t<svg xmlns=\"http:\/\/www.w3.org\/2000\/svg\" width=\"12\" height=\"12\" fill=\"none\" viewBox=\"0 0 12 12\">\n\t\t\t\t<path fill=\"#fff\" d=\"M2 0a2 2 0 0 0-2 2v2h1.5V2a.5.5 0 0 1 .5-.5h2V0H2Zm2 10.5H2a.5.5 0 0 1-.5-.5V8H0v2a2 2 0 0 0 2 2h2v-1.5ZM8 12v-1.5h2a.5.5 0 0 0 .5-.5V8H12v2a2 2 0 0 1-2 2H8Zm2-12a2 2 0 0 1 2 2v2h-1.5V2a.5.5 0 0 0-.5-.5H8V0h2Z\" \/>\n\t\t\t<\/svg>\n\t\t<\/button><figcaption class=\"wp-element-caption\">Foto: K \/ Pexels<\/figcaption><\/figure>\n\n\n\n<h3 class=\"wp-block-heading\"><span class=\"ez-toc-section\" id=\"5_Kajakki_ja_SUP_jarven_pinnalla\"><\/span>5. Kajakki ja SUP j\u00e4rven pinnalla<span class=\"ez-toc-section-end\"><\/span><\/h3>\n\n\n\n<p class=\"wp-block-paragraph\">Paras tapa ime\u00e4 Brienzinj\u00e4rven tunnelmaa on l\u00e4hte\u00e4 suoraan sen pinnalle. Ihan rannassa (bussin 103 pys\u00e4kki\u00e4 vastap\u00e4\u00e4t\u00e4) l\u00f6yd\u00e4t tukikohdan <strong>Hightide Kayak School<\/strong>, joka vuokraa toukokuusta lokakuuhun huippuv\u00e4lineit\u00e4 vesiurheiluun.<\/p>\n\n\n\n<p class=\"wp-block-paragraph\">Hinnat vuodelle 2026 on asetettu j\u00e4rkeviksi. <strong>Yksipaikkaisesta kajakista maksat 30 CHF tunnilta<\/strong> alkaen, kaksipaikkainen vaihtoehto maksaa 45 CHF. Jos uskaltaudut pidemm\u00e4lle retkelle, voit vuokrata tukevan merikajakin kokonaiseksi seitsem\u00e4ksi tunniksi hintaan 70 CHF ja tutkia kaukaisempia poukamia. Tarjolla on tietysti my\u00f6s suositut SUP-laudat.<\/p>\n\n\n\n<p class=\"wp-block-paragraph\">Jos sinulla ei ole melontakokemusta, suosittelen maksamaan <strong>j\u00e4rjestetyn kajakkiretken ohjaajan kanssa<\/strong>. He n\u00e4ytt\u00e4v\u00e4t sinulle kauneimmat piilotetut poukamat, opettavat oikean tekniikan ja huolehtivat turvallisuudestasi, sill\u00e4 s\u00e4\u00e4 j\u00e4rvell\u00e4 osaa vuoristossa muuttua yll\u00e4tt\u00e4v\u00e4n nopeasti.<\/p>\n\n\n\n<p class=\"wp-block-paragraph\">\ud83d\udca1 Vinkki: Melojien keskuudessa ehdoton hitti on <strong>reitti B\u00f6nigenist\u00e4 etel\u00e4ist\u00e4 rantaa pitkin aina Giessbachin vesiputouksille<\/strong>. Tee v\u00e4lineiden varaus mieluummin ajoissa <a href=\"https:\/\/www.hightide.ch\" target=\"_blank\" rel=\"nofollow noopener\">Hightiden<\/a> sivuilla, hein\u00e4- ja elokuussa se on usein loppuunmyyty.<\/p>\n\n\n\n<figure data-wp-context=\"{&quot;imageId&quot;:&quot;6a950604ac51c&quot;}\" data-wp-interactive=\"core\/image\" data-wp-key=\"6a950604ac51c\" class=\"wp-block-image size-full wp-lightbox-container\"><img decoding=\"async\" width=\"1800\" height=\"1200\" data-wp-class--hide=\"state.isContentHidden\" data-wp-class--show=\"state.isContentVisible\" data-wp-init=\"callbacks.setButtonStyles\" data-wp-on--click=\"actions.showLightbox\" data-wp-on--load=\"callbacks.setButtonStyles\" data-wp-on--pointerdown=\"actions.preloadImage\" data-wp-on--pointerenter=\"actions.preloadImageWithDelay\" data-wp-on--pointerleave=\"actions.cancelPreload\" data-wp-on-window--resize=\"callbacks.setButtonStyles\" src=\"https:\/\/loudavymkrokem.cz\/wp-content\/uploads\/2026\/08\/articles-bonigen-10.jpg\" alt=\"Historiallinen siipirataslaiva L\u00f6tschberg\" class=\"wp-image-404478\" title=\"\" srcset=\"https:\/\/loudavymkrokem.cz\/wp-content\/uploads\/2026\/08\/articles-bonigen-10.jpg 1800w, https:\/\/loudavymkrokem.cz\/wp-content\/uploads\/2026\/08\/articles-bonigen-10-300x200.jpg 300w, https:\/\/loudavymkrokem.cz\/wp-content\/uploads\/2026\/08\/articles-bonigen-10-700x467.jpg 700w, https:\/\/loudavymkrokem.cz\/wp-content\/uploads\/2026\/08\/articles-bonigen-10-768x512.jpg 768w, https:\/\/loudavymkrokem.cz\/wp-content\/uploads\/2026\/08\/articles-bonigen-10-1536x1024.jpg 1536w, https:\/\/loudavymkrokem.cz\/wp-content\/uploads\/2026\/08\/articles-bonigen-10-696x464.jpg 696w, https:\/\/loudavymkrokem.cz\/wp-content\/uploads\/2026\/08\/articles-bonigen-10-1392x928.jpg 1392w\" sizes=\"(max-width: 1800px) 100vw, 1800px\" \/><button\n\t\t\tclass=\"lightbox-trigger\"\n\t\t\ttype=\"button\"\n\t\t\taria-haspopup=\"dialog\"\n\t\t\tdata-wp-bind--aria-label=\"state.thisImage.triggerButtonAriaLabel\"\n\t\t\tdata-wp-init=\"callbacks.initTriggerButton\"\n\t\t\tdata-wp-on--click=\"actions.showLightbox\"\n\t\t\tdata-wp-style--right=\"state.thisImage.buttonRight\"\n\t\t\tdata-wp-style--top=\"state.thisImage.buttonTop\"\n\t\t>\n\t\t\t<svg xmlns=\"http:\/\/www.w3.org\/2000\/svg\" width=\"12\" height=\"12\" fill=\"none\" viewBox=\"0 0 12 12\">\n\t\t\t\t<path fill=\"#fff\" d=\"M2 0a2 2 0 0 0-2 2v2h1.5V2a.5.5 0 0 1 .5-.5h2V0H2Zm2 10.5H2a.5.5 0 0 1-.5-.5V8H0v2a2 2 0 0 0 2 2h2v-1.5ZM8 12v-1.5h2a.5.5 0 0 0 .5-.5V8H12v2a2 2 0 0 1-2 2H8Zm2-12a2 2 0 0 1 2 2v2h-1.5V2a.5.5 0 0 0-.5-.5H8V0h2Z\" \/>\n\t\t\t<\/svg>\n\t\t<\/button><figcaption class=\"wp-element-caption\">Foto: Martin Abegglen from Bern, Switzerland \/ Wikimedia Commons, CC BY-SA 2.0<\/figcaption><\/figure>\n\n\n\n<h3 class=\"wp-block-heading\"><span class=\"ez-toc-section\" id=\"6_Risteily_historiallisella_siipirataslaiva_Lotschbergilla\"><\/span>6. Risteily historiallisella siipirataslaiva L\u00f6tschbergilla<span class=\"ez-toc-section-end\"><\/span><\/h3>\n\n\n\n<p class=\"wp-block-paragraph\">Jos suosit mukavuutta fyysisen ponnistuksen sijaan, sinun t\u00e4ytyy tehd\u00e4 laivamatka. J\u00e4rvell\u00e4 liikenn\u00f6i BLS-yhti\u00f6n laivasto, jonka suurin ylpeys on <strong>siipirataslaiva DS L\u00f6tschberg vuodelta 1914<\/strong>. Risteily t\u00e4ll\u00e4 kauniisti kunnostetulla laivalla vie sinut heti huolettomaan belle \u00e9poque -aikaan.<\/p>\n\n\n\n<p class=\"wp-block-paragraph\">Laivasto risteilee j\u00e4rvell\u00e4 huhtikuun alusta joulukuun alkuun 2026. Tavallinen reitti kulkee Interlakenista B\u00f6nigenin, Iseltwaldin ja Giessbachin kautta Brienzin kaupunkiin. <strong>Peruslippu maksaa 39 CHF<\/strong>, mutta jos sinulla on Bernese Oberland Pass tai Swiss Travel Pass, saat risteilyn t\u00e4ysin ilmaiseksi. 6\u201315-vuotiaat lapset matkustavat puoleen hintaan.<\/p>\n\n\n\n<p class=\"wp-block-paragraph\">Tavallisten p\u00e4ivitt\u00e4isten vuorojen lis\u00e4ksi hein\u00e4- ja elokuussa j\u00e4rjestet\u00e4\u00e4n my\u00f6s <strong>erityisi\u00e4 lauantai-illan risteilyj\u00e4<\/strong>. Auringonlaskun seuraaminen historiallisen siipirataslaivan kannelta, kun ymp\u00e4rill\u00e4si kiit\u00e4v\u00e4t dramaattiset vuorenrinteet \u2014 se on romanttisin el\u00e4mys, jonka voit itsellesi t\u00e4\u00e4ll\u00e4 suoda.<\/p>\n\n\n\n<p class=\"wp-block-paragraph\">\ud83d\udca1 Vinkki: <strong>Aikataulut ja lippujen ostaminen<\/strong> etuk\u00e4teen hoituvat <a href=\"https:\/\/www.bls-schiff.ch\" target=\"_blank\" rel=\"nofollow noopener\">BLS-laivat<\/a> -portaalissa. Suosittelen <strong>nousemaan laivaan jo Interlakenissa<\/strong>, jotta varmasti saat parhaat paikat yl\u00e4kannelta ennen kuin laiva saapuu B\u00f6nigeniin.<\/p>\n\n\n\n<figure data-wp-context=\"{&quot;imageId&quot;:&quot;6a950604aca2b&quot;}\" data-wp-interactive=\"core\/image\" data-wp-key=\"6a950604aca2b\" class=\"wp-block-image size-full wp-lightbox-container\"><img decoding=\"async\" width=\"1800\" height=\"1013\" data-wp-class--hide=\"state.isContentHidden\" data-wp-class--show=\"state.isContentVisible\" data-wp-init=\"callbacks.setButtonStyles\" data-wp-on--click=\"actions.showLightbox\" data-wp-on--load=\"callbacks.setButtonStyles\" data-wp-on--pointerdown=\"actions.preloadImage\" data-wp-on--pointerenter=\"actions.preloadImageWithDelay\" data-wp-on--pointerleave=\"actions.cancelPreload\" data-wp-on-window--resize=\"callbacks.setButtonStyles\" src=\"https:\/\/loudavymkrokem.cz\/wp-content\/uploads\/2026\/08\/articles-bonigen-11.jpg\" alt=\"Merkitty vaellusreitti j\u00e4rven yl\u00e4puolella\" class=\"wp-image-404479\" title=\"\" srcset=\"https:\/\/loudavymkrokem.cz\/wp-content\/uploads\/2026\/08\/articles-bonigen-11.jpg 1800w, https:\/\/loudavymkrokem.cz\/wp-content\/uploads\/2026\/08\/articles-bonigen-11-300x169.jpg 300w, https:\/\/loudavymkrokem.cz\/wp-content\/uploads\/2026\/08\/articles-bonigen-11-700x394.jpg 700w, https:\/\/loudavymkrokem.cz\/wp-content\/uploads\/2026\/08\/articles-bonigen-11-768x432.jpg 768w, https:\/\/loudavymkrokem.cz\/wp-content\/uploads\/2026\/08\/articles-bonigen-11-1536x864.jpg 1536w, https:\/\/loudavymkrokem.cz\/wp-content\/uploads\/2026\/08\/articles-bonigen-11-696x392.jpg 696w, https:\/\/loudavymkrokem.cz\/wp-content\/uploads\/2026\/08\/articles-bonigen-11-1392x783.jpg 1392w\" sizes=\"(max-width: 1800px) 100vw, 1800px\" \/><button\n\t\t\tclass=\"lightbox-trigger\"\n\t\t\ttype=\"button\"\n\t\t\taria-haspopup=\"dialog\"\n\t\t\tdata-wp-bind--aria-label=\"state.thisImage.triggerButtonAriaLabel\"\n\t\t\tdata-wp-init=\"callbacks.initTriggerButton\"\n\t\t\tdata-wp-on--click=\"actions.showLightbox\"\n\t\t\tdata-wp-style--right=\"state.thisImage.buttonRight\"\n\t\t\tdata-wp-style--top=\"state.thisImage.buttonTop\"\n\t\t>\n\t\t\t<svg xmlns=\"http:\/\/www.w3.org\/2000\/svg\" width=\"12\" height=\"12\" fill=\"none\" viewBox=\"0 0 12 12\">\n\t\t\t\t<path fill=\"#fff\" d=\"M2 0a2 2 0 0 0-2 2v2h1.5V2a.5.5 0 0 1 .5-.5h2V0H2Zm2 10.5H2a.5.5 0 0 1-.5-.5V8H0v2a2 2 0 0 0 2 2h2v-1.5ZM8 12v-1.5h2a.5.5 0 0 0 .5-.5V8H12v2a2 2 0 0 1-2 2H8Zm2-12a2 2 0 0 1 2 2v2h-1.5V2a.5.5 0 0 0-.5-.5H8V0h2Z\" \/>\n\t\t\t<\/svg>\n\t\t<\/button><figcaption class=\"wp-element-caption\">Foto: Tina P. \/ Pexels<\/figcaption><\/figure>\n\n\n\n<h2 class=\"wp-block-heading\"><span class=\"ez-toc-section\" id=\"Vaellus_Bonigenista_6_reittia_jotka_ovat_vaivan_arvoisia\"><\/span>Vaellus B\u00f6nigenist\u00e4: 6 reitti\u00e4, jotka ovat vaivan arvoisia<span class=\"ez-toc-section-end\"><\/span><\/h2>\n\n\n\n<p class=\"wp-block-paragraph\">Jos kuulut niihin, jotka mielell\u00e4\u00e4n astelevat retkens\u00e4 suoraan hotellilta ilman tarvetta matkustaa jonnekin, B\u00f6nigen on sinun paikkasi. Kymmeni\u00e4 kilometrej\u00e4 <strong>t\u00e4ydellisesti merkittyj\u00e4 polkuja<\/strong> alkaa heti kynnyksen takaa. Alue tarjoaa kaiken vaatimattomista rantak\u00e4velyist\u00e4 <strong>koko p\u00e4iv\u00e4n nousuihin brutaalin korkeuseron kera<\/strong>.<\/p>\n\n\n\n<p class=\"wp-block-paragraph\">Sveitsil\u00e4inen vaellusreittien merkint\u00e4 on tarkka, mutta \u00e4l\u00e4 unohda, ett\u00e4 olet Alpeilla. Kanna aina mukanasi <strong>riitt\u00e4v\u00e4sti vett\u00e4<\/strong>, laadukas kartta puhelimessa (esimerkiksi Komoot-sovellus) ja <strong>tukevat keng\u00e4t<\/strong>. S\u00e4\u00e4 osaa n\u00e4ytt\u00e4\u00e4 t\u00e4\u00e4ll\u00e4 karumman puolensa hyvin yll\u00e4tt\u00e4en.<\/p>\n\n\n\n<figure data-wp-context=\"{&quot;imageId&quot;:&quot;6a950604acf94&quot;}\" data-wp-interactive=\"core\/image\" data-wp-key=\"6a950604acf94\" class=\"wp-block-image size-full wp-lightbox-container\"><img decoding=\"async\" width=\"1800\" height=\"1200\" data-wp-class--hide=\"state.isContentHidden\" data-wp-class--show=\"state.isContentVisible\" data-wp-init=\"callbacks.setButtonStyles\" data-wp-on--click=\"actions.showLightbox\" data-wp-on--load=\"callbacks.setButtonStyles\" data-wp-on--pointerdown=\"actions.preloadImage\" data-wp-on--pointerenter=\"actions.preloadImageWithDelay\" data-wp-on--pointerleave=\"actions.cancelPreload\" data-wp-on-window--resize=\"callbacks.setButtonStyles\" src=\"https:\/\/loudavymkrokem.cz\/wp-content\/uploads\/2026\/08\/articles-bonigen-12.jpg\" alt=\"Brienzinj\u00e4rveen laskeva vesiputous\" class=\"wp-image-404480\" title=\"\" srcset=\"https:\/\/loudavymkrokem.cz\/wp-content\/uploads\/2026\/08\/articles-bonigen-12.jpg 1800w, https:\/\/loudavymkrokem.cz\/wp-content\/uploads\/2026\/08\/articles-bonigen-12-300x200.jpg 300w, https:\/\/loudavymkrokem.cz\/wp-content\/uploads\/2026\/08\/articles-bonigen-12-700x467.jpg 700w, https:\/\/loudavymkrokem.cz\/wp-content\/uploads\/2026\/08\/articles-bonigen-12-768x512.jpg 768w, https:\/\/loudavymkrokem.cz\/wp-content\/uploads\/2026\/08\/articles-bonigen-12-1536x1024.jpg 1536w, https:\/\/loudavymkrokem.cz\/wp-content\/uploads\/2026\/08\/articles-bonigen-12-696x464.jpg 696w, https:\/\/loudavymkrokem.cz\/wp-content\/uploads\/2026\/08\/articles-bonigen-12-1392x928.jpg 1392w\" sizes=\"(max-width: 1800px) 100vw, 1800px\" \/><button\n\t\t\tclass=\"lightbox-trigger\"\n\t\t\ttype=\"button\"\n\t\t\taria-haspopup=\"dialog\"\n\t\t\tdata-wp-bind--aria-label=\"state.thisImage.triggerButtonAriaLabel\"\n\t\t\tdata-wp-init=\"callbacks.initTriggerButton\"\n\t\t\tdata-wp-on--click=\"actions.showLightbox\"\n\t\t\tdata-wp-style--right=\"state.thisImage.buttonRight\"\n\t\t\tdata-wp-style--top=\"state.thisImage.buttonTop\"\n\t\t>\n\t\t\t<svg xmlns=\"http:\/\/www.w3.org\/2000\/svg\" width=\"12\" height=\"12\" fill=\"none\" viewBox=\"0 0 12 12\">\n\t\t\t\t<path fill=\"#fff\" d=\"M2 0a2 2 0 0 0-2 2v2h1.5V2a.5.5 0 0 1 .5-.5h2V0H2Zm2 10.5H2a.5.5 0 0 1-.5-.5V8H0v2a2 2 0 0 0 2 2h2v-1.5ZM8 12v-1.5h2a.5.5 0 0 0 .5-.5V8H12v2a2 2 0 0 1-2 2H8Zm2-12a2 2 0 0 1 2 2v2h-1.5V2a.5.5 0 0 0-.5-.5H8V0h2Z\" \/>\n\t\t\t<\/svg>\n\t\t<\/button><figcaption class=\"wp-element-caption\">Foto: Tommes Frites \/ Pexels<\/figcaption><\/figure>\n\n\n\n<h3 class=\"wp-block-heading\"><span class=\"ez-toc-section\" id=\"7_Kolmen_vesiputouksen_reitti_etapeittain\"><\/span>7. Kolmen vesiputouksen reitti etapeittain<span class=\"ez-toc-section-end\"><\/span><\/h3>\n\n\n\n<p class=\"wp-block-paragraph\">T\u00e4m\u00e4 on selv\u00e4sti koko alueen <strong>kuuluisin reitti<\/strong>, joka kulkee suoraan Brienzinj\u00e4rven rantaa B\u00f6nigenist\u00e4 Iseltwaldin kautta Brienziin. Matkalla sinua odottaa <strong>kolme upeaa vesiputousta<\/strong>: Erschwandenbachfall, M\u00fclibachfall ja lopuksi tunnetuin Giessbachf\u00e4lle.<\/p>\n\n\n\n<p class=\"wp-block-paragraph\">Koko reitin mittasuhteet her\u00e4tt\u00e4v\u00e4t kunnioitusta. Se on <strong>18,2 kilometri\u00e4 pitk\u00e4 ja korkeusero on 466 metri\u00e4<\/strong>, ja se vie sinulta noin 5 tuntia ja 15 minuuttia puhdasta k\u00e4velyaikaa. Polku keinuu yl\u00f6s ja alas rantaa pitkin 565 ja 775 metrin v\u00e4lill\u00e4 ja tarjoaa fantastisia v\u00e4l\u00e4hdyksi\u00e4 turkoosista pinnasta tiheiden metsien l\u00e4pi.<\/p>\n\n\n\n<p class=\"wp-block-paragraph\">Nerokasta t\u00e4ss\u00e4 reitiss\u00e4 on, ett\u00e4 sen <strong>voi helposti jakaa pienempiin etappeihin<\/strong>: B\u00f6nigenist\u00e4 Iseltwaldiin 1 tunti 50 minuuttia, M\u00fclibach-putoukselle viel\u00e4 35 minuuttia, sielt\u00e4 Giessbachille alle 2 tuntia ja Brienziin viimeinen tunti ja 20 minuuttia. Paras kikka on l\u00e4hte\u00e4 jalan, k\u00e4vell\u00e4 ensimm\u00e4iselle tai toiselle putoukselle ja hyp\u00e4t\u00e4 sitten laivaan tai bussiin takaisin.<\/p>\n\n\n\n<p class=\"wp-block-paragraph\">\ud83d\udca1 Vinkki: Jos etsit ihanteellista puolen p\u00e4iv\u00e4n retke\u00e4, kokeile <strong>ensimm\u00e4ist\u00e4 etappia B\u00f6nigenin laiturilta Erschwandenbach-putoukselle ja edelleen Iseltwaldiin<\/strong>. Iseltwaldin j\u00e4lkeen kuitenkin varo: <strong>t\u00e4\u00e4lt\u00e4 puuttuu &#8220;Isch&#8221;-suunnan merkint\u00e4<\/strong>, ja on helppo ohittaa kaksi viimeist\u00e4 putousta.<\/p>\n\n\n\n<figure data-wp-context=\"{&quot;imageId&quot;:&quot;6a950604ad4a1&quot;}\" data-wp-interactive=\"core\/image\" data-wp-key=\"6a950604ad4a1\" class=\"wp-block-image size-full wp-lightbox-container\"><img decoding=\"async\" width=\"1800\" height=\"1350\" data-wp-class--hide=\"state.isContentHidden\" data-wp-class--show=\"state.isContentVisible\" data-wp-init=\"callbacks.setButtonStyles\" data-wp-on--click=\"actions.showLightbox\" data-wp-on--load=\"callbacks.setButtonStyles\" data-wp-on--pointerdown=\"actions.preloadImage\" data-wp-on--pointerenter=\"actions.preloadImageWithDelay\" data-wp-on--pointerleave=\"actions.cancelPreload\" data-wp-on-window--resize=\"callbacks.setButtonStyles\" src=\"https:\/\/loudavymkrokem.cz\/wp-content\/uploads\/2026\/08\/articles-bonigen-13.jpg\" alt=\"N\u00e4kym\u00e4 B\u00f6nigeniin ja j\u00e4rvelle ymp\u00e4r\u00f6ivilt\u00e4 kukkuloilta\" class=\"wp-image-404482\" title=\"\" srcset=\"https:\/\/loudavymkrokem.cz\/wp-content\/uploads\/2026\/08\/articles-bonigen-13.jpg 1800w, https:\/\/loudavymkrokem.cz\/wp-content\/uploads\/2026\/08\/articles-bonigen-13-300x225.jpg 300w, https:\/\/loudavymkrokem.cz\/wp-content\/uploads\/2026\/08\/articles-bonigen-13-700x525.jpg 700w, https:\/\/loudavymkrokem.cz\/wp-content\/uploads\/2026\/08\/articles-bonigen-13-768x576.jpg 768w, https:\/\/loudavymkrokem.cz\/wp-content\/uploads\/2026\/08\/articles-bonigen-13-1536x1152.jpg 1536w, https:\/\/loudavymkrokem.cz\/wp-content\/uploads\/2026\/08\/articles-bonigen-13-80x60.jpg 80w, https:\/\/loudavymkrokem.cz\/wp-content\/uploads\/2026\/08\/articles-bonigen-13-160x120.jpg 160w, https:\/\/loudavymkrokem.cz\/wp-content\/uploads\/2026\/08\/articles-bonigen-13-696x522.jpg 696w, https:\/\/loudavymkrokem.cz\/wp-content\/uploads\/2026\/08\/articles-bonigen-13-1392x1044.jpg 1392w\" sizes=\"(max-width: 1800px) 100vw, 1800px\" \/><button\n\t\t\tclass=\"lightbox-trigger\"\n\t\t\ttype=\"button\"\n\t\t\taria-haspopup=\"dialog\"\n\t\t\tdata-wp-bind--aria-label=\"state.thisImage.triggerButtonAriaLabel\"\n\t\t\tdata-wp-init=\"callbacks.initTriggerButton\"\n\t\t\tdata-wp-on--click=\"actions.showLightbox\"\n\t\t\tdata-wp-style--right=\"state.thisImage.buttonRight\"\n\t\t\tdata-wp-style--top=\"state.thisImage.buttonTop\"\n\t\t>\n\t\t\t<svg xmlns=\"http:\/\/www.w3.org\/2000\/svg\" width=\"12\" height=\"12\" fill=\"none\" viewBox=\"0 0 12 12\">\n\t\t\t\t<path fill=\"#fff\" d=\"M2 0a2 2 0 0 0-2 2v2h1.5V2a.5.5 0 0 1 .5-.5h2V0H2Zm2 10.5H2a.5.5 0 0 1-.5-.5V8H0v2a2 2 0 0 0 2 2h2v-1.5ZM8 12v-1.5h2a.5.5 0 0 0 .5-.5V8H12v2a2 2 0 0 1-2 2H8Zm2-12a2 2 0 0 1 2 2v2h-1.5V2a.5.5 0 0 0-.5-.5H8V0h2Z\" \/>\n\t\t\t<\/svg>\n\t\t<\/button><figcaption class=\"wp-element-caption\">Foto: Diacius \/ Wikimedia Commons, CC BY 4.0<\/figcaption><\/figure>\n\n\n\n<h3 class=\"wp-block-heading\"><span class=\"ez-toc-section\" id=\"8_Sytibergin_lenkki_55_km_myos_maastorattailla\"><\/span>8. Sytibergin lenkki: 5,5 km my\u00f6s maastorattailla<span class=\"ez-toc-section-end\"><\/span><\/h3>\n\n\n\n<p class=\"wp-block-paragraph\">Kun haluat paeta vedelt\u00e4 ylemm\u00e4s kukkuloille etk\u00e4 halua matkustaa kauas, kokeile t\u00e4t\u00e4 <strong>paikallista lenkki\u00e4 (Rundwanderung Sytiberg)<\/strong>. Se l\u00e4htee <strong>suoraan matkailutoimistolta<\/strong> ja vie sinut kyl\u00e4n yl\u00e4osan l\u00e4pi, miss\u00e4 katselet ohimennen lis\u00e4\u00e4 historiallisia taloja.<\/p>\n\n\n\n<p class=\"wp-block-paragraph\">Alueen virallisten tietojen mukaan lenkki on <strong>5,5 kilometri\u00e4 pitk\u00e4, kest\u00e4\u00e4 puolitoista tuntia ja siin\u00e4 nouset 146 metri\u00e4<\/strong>. Korkein kohta on 712 metriss\u00e4, joten kyse ei ole mist\u00e4\u00e4n korkeavuoristomaastosta. Reitti venytt\u00e4\u00e4 sinut tihe\u00e4n mets\u00e4n l\u00e4pi ja valokuvauksellisten vuoristoniittyjen yli.<\/p>\n\n\n\n<p class=\"wp-block-paragraph\">Matkalla ohitat <strong>grillipaikan Oberallmi n\u00e4k\u00f6alapaikkoineen<\/strong> ja kuljet katetun puusilta Aenderbergbr\u00fcggin kautta, joka on yksi ymp\u00e4rist\u00f6n valokuvauksellisimmista paikoista. Takaisin palaat L\u00fctschine-joen vartta. Se on <strong>t\u00e4ydellinen reitti aamup\u00e4iv\u00e4lle<\/strong>, kun et halua viett\u00e4\u00e4 koko p\u00e4iv\u00e4\u00e4 jaloilla.<\/p>\n\n\n\n<p class=\"wp-block-paragraph\">\ud83d\udca1 Vinkki: T\u00e4m\u00e4 on <strong>ainoa b\u00f6nigenil\u00e4inen reitti, joka on virallisesti merkitty maastorattailla kuljettavaksi<\/strong>, joten se on selv\u00e4 valinta, kun sinulla on mukana pienimm\u00e4t lapset. Mets\u00e4n pinta on sateen j\u00e4lkeen usein liukas, laita mieluummin jalkaan tukevapohjaiset vaelluskeng\u00e4t.<\/p>\n\n\n\n<figure data-wp-context=\"{&quot;imageId&quot;:&quot;6a950604ad960&quot;}\" data-wp-interactive=\"core\/image\" data-wp-key=\"6a950604ad960\" class=\"wp-block-image size-full wp-lightbox-container\"><img decoding=\"async\" width=\"1800\" height=\"1013\" data-wp-class--hide=\"state.isContentHidden\" data-wp-class--show=\"state.isContentVisible\" data-wp-init=\"callbacks.setButtonStyles\" data-wp-on--click=\"actions.showLightbox\" data-wp-on--load=\"callbacks.setButtonStyles\" data-wp-on--pointerdown=\"actions.preloadImage\" data-wp-on--pointerenter=\"actions.preloadImageWithDelay\" data-wp-on--pointerleave=\"actions.cancelPreload\" data-wp-on-window--resize=\"callbacks.setButtonStyles\" src=\"https:\/\/loudavymkrokem.cz\/wp-content\/uploads\/2026\/08\/articles-bonigen-14.jpg\" alt=\"Panoraaman\u00e4kym\u00e4 huipulta j\u00e4rven yl\u00e4puolelta\" class=\"wp-image-404484\" title=\"\" srcset=\"https:\/\/loudavymkrokem.cz\/wp-content\/uploads\/2026\/08\/articles-bonigen-14.jpg 1800w, https:\/\/loudavymkrokem.cz\/wp-content\/uploads\/2026\/08\/articles-bonigen-14-300x169.jpg 300w, https:\/\/loudavymkrokem.cz\/wp-content\/uploads\/2026\/08\/articles-bonigen-14-700x394.jpg 700w, https:\/\/loudavymkrokem.cz\/wp-content\/uploads\/2026\/08\/articles-bonigen-14-768x432.jpg 768w, https:\/\/loudavymkrokem.cz\/wp-content\/uploads\/2026\/08\/articles-bonigen-14-1536x864.jpg 1536w, https:\/\/loudavymkrokem.cz\/wp-content\/uploads\/2026\/08\/articles-bonigen-14-696x392.jpg 696w, https:\/\/loudavymkrokem.cz\/wp-content\/uploads\/2026\/08\/articles-bonigen-14-1392x783.jpg 1392w\" sizes=\"(max-width: 1800px) 100vw, 1800px\" \/><button\n\t\t\tclass=\"lightbox-trigger\"\n\t\t\ttype=\"button\"\n\t\t\taria-haspopup=\"dialog\"\n\t\t\tdata-wp-bind--aria-label=\"state.thisImage.triggerButtonAriaLabel\"\n\t\t\tdata-wp-init=\"callbacks.initTriggerButton\"\n\t\t\tdata-wp-on--click=\"actions.showLightbox\"\n\t\t\tdata-wp-style--right=\"state.thisImage.buttonRight\"\n\t\t\tdata-wp-style--top=\"state.thisImage.buttonTop\"\n\t\t>\n\t\t\t<svg xmlns=\"http:\/\/www.w3.org\/2000\/svg\" width=\"12\" height=\"12\" fill=\"none\" viewBox=\"0 0 12 12\">\n\t\t\t\t<path fill=\"#fff\" d=\"M2 0a2 2 0 0 0-2 2v2h1.5V2a.5.5 0 0 1 .5-.5h2V0H2Zm2 10.5H2a.5.5 0 0 1-.5-.5V8H0v2a2 2 0 0 0 2 2h2v-1.5ZM8 12v-1.5h2a.5.5 0 0 0 .5-.5V8H12v2a2 2 0 0 1-2 2H8Zm2-12a2 2 0 0 1 2 2v2h-1.5V2a.5.5 0 0 0-.5-.5H8V0h2Z\" \/>\n\t\t\t<\/svg>\n\t\t<\/button><figcaption class=\"wp-element-caption\">Foto: Sam Teano \/ Pexels<\/figcaption><\/figure>\n\n\n\n<h3 class=\"wp-block-heading\"><span class=\"ez-toc-section\" id=\"9_Haslerenegg-lenkki_854_m_huippukirjan_kera\"><\/span>9. Haslerenegg-lenkki (854 m) huippukirjan kera<span class=\"ez-toc-section-end\"><\/span><\/h3>\n\n\n\n<p class=\"wp-block-paragraph\">Toinen mahtava lenkki alkaa taas matkailutoimistolta ja kulkee Riedin ja Stockerenin asutusten kautta salaper\u00e4iseen Bannwald-mets\u00e4\u00e4n. P\u00e4\u00e4m\u00e4\u00e4r\u00e4 on <strong>mets\u00e4inen harjanne Haslerenegg 854 metrin korkeudessa<\/strong>. Reitti on <strong>6 kilometri\u00e4 pitk\u00e4, nouset 287 metri\u00e4 ja se vie sinulta kaksi tuntia<\/strong>.<\/p>\n\n\n\n<p class=\"wp-block-paragraph\">Kukkula k\u00e4tkee sis\u00e4\u00e4ns\u00e4 my\u00f6s palasen karua historiaa. <strong>1330-luvulla<\/strong> t\u00e4\u00e4ll\u00e4 ottivat yhteen Haslin vuoristolaiset Weissenburg-Unspunnenin herrojen joukkojen kanssa ja h\u00e4visiv\u00e4t taistelun. Kaatuneiden hautoihin viittaa yh\u00e4 paikannimi &#8220;in den Grebinen&#8221;, ja vuonna 1924 t\u00e4\u00e4lt\u00e4 l\u00f6ytyi rautainen keih\u00e4s. Nyky\u00e4\u00e4n t\u00e4\u00e4ll\u00e4 vallitsee rauha, ja harjanteella l\u00f6yd\u00e4t <strong>huippukirjan<\/strong>, johon voit kirjoittaa nimesi.<\/p>\n\n\n\n<p class=\"wp-block-paragraph\">Paluumatka vie sinut Sytibergin ja grillipaikka Oberallmin kautta takaisin j\u00e4rvelle. Reitti yhdist\u00e4\u00e4 <strong>varjoiset mets\u00e4polut<\/strong> aurinkoisiin osuuksiin, ja se on yksi niist\u00e4 reiteist\u00e4, joilla <strong>turistijoukkojen sijaan<\/strong> kohtaat vain paikallisia sunnuntaik\u00e4velyll\u00e4 koiran kanssa.<\/p>\n\n\n\n<p class=\"wp-block-paragraph\">\ud83d\udca1 Vinkki: Ota mukaan oma kyn\u00e4, jotta voit j\u00e4tt\u00e4\u00e4 huippukirjaan viestin suomeksi. Ja ota vakavasti <strong>virallinen varoitus olla tulematta t\u00e4nne sateella tai j\u00e4\u00e4tyneess\u00e4 maastossa<\/strong> \u2014 nousu harjanteelle on jyrkk\u00e4, ja nelj\u00e4sosa reitist\u00e4 kulkee kapeaa polkua pitkin.<\/p>\n\n\n\n<figure data-wp-context=\"{&quot;imageId&quot;:&quot;6a950604ade1a&quot;}\" data-wp-interactive=\"core\/image\" data-wp-key=\"6a950604ade1a\" class=\"wp-block-image size-full wp-lightbox-container\"><img decoding=\"async\" width=\"1800\" height=\"1200\" data-wp-class--hide=\"state.isContentHidden\" data-wp-class--show=\"state.isContentVisible\" data-wp-init=\"callbacks.setButtonStyles\" data-wp-on--click=\"actions.showLightbox\" data-wp-on--load=\"callbacks.setButtonStyles\" data-wp-on--pointerdown=\"actions.preloadImage\" data-wp-on--pointerenter=\"actions.preloadImageWithDelay\" data-wp-on--pointerleave=\"actions.cancelPreload\" data-wp-on-window--resize=\"callbacks.setButtonStyles\" src=\"https:\/\/loudavymkrokem.cz\/wp-content\/uploads\/2026\/08\/articles-bonigen-15.jpg\" alt=\"Mets\u00e4\u00e4n k\u00e4tkeytynyt vesiputous B\u00f6nigenin yl\u00e4puolella\" class=\"wp-image-404489\" title=\"\" srcset=\"https:\/\/loudavymkrokem.cz\/wp-content\/uploads\/2026\/08\/articles-bonigen-15.jpg 1800w, https:\/\/loudavymkrokem.cz\/wp-content\/uploads\/2026\/08\/articles-bonigen-15-300x200.jpg 300w, https:\/\/loudavymkrokem.cz\/wp-content\/uploads\/2026\/08\/articles-bonigen-15-700x467.jpg 700w, https:\/\/loudavymkrokem.cz\/wp-content\/uploads\/2026\/08\/articles-bonigen-15-768x512.jpg 768w, https:\/\/loudavymkrokem.cz\/wp-content\/uploads\/2026\/08\/articles-bonigen-15-1536x1024.jpg 1536w, https:\/\/loudavymkrokem.cz\/wp-content\/uploads\/2026\/08\/articles-bonigen-15-696x464.jpg 696w, https:\/\/loudavymkrokem.cz\/wp-content\/uploads\/2026\/08\/articles-bonigen-15-1392x928.jpg 1392w\" sizes=\"(max-width: 1800px) 100vw, 1800px\" \/><button\n\t\t\tclass=\"lightbox-trigger\"\n\t\t\ttype=\"button\"\n\t\t\taria-haspopup=\"dialog\"\n\t\t\tdata-wp-bind--aria-label=\"state.thisImage.triggerButtonAriaLabel\"\n\t\t\tdata-wp-init=\"callbacks.initTriggerButton\"\n\t\t\tdata-wp-on--click=\"actions.showLightbox\"\n\t\t\tdata-wp-style--right=\"state.thisImage.buttonRight\"\n\t\t\tdata-wp-style--top=\"state.thisImage.buttonTop\"\n\t\t>\n\t\t\t<svg xmlns=\"http:\/\/www.w3.org\/2000\/svg\" width=\"12\" height=\"12\" fill=\"none\" viewBox=\"0 0 12 12\">\n\t\t\t\t<path fill=\"#fff\" d=\"M2 0a2 2 0 0 0-2 2v2h1.5V2a.5.5 0 0 1 .5-.5h2V0H2Zm2 10.5H2a.5.5 0 0 1-.5-.5V8H0v2a2 2 0 0 0 2 2h2v-1.5ZM8 12v-1.5h2a.5.5 0 0 0 .5-.5V8H12v2a2 2 0 0 1-2 2H8Zm2-12a2 2 0 0 1 2 2v2h-1.5V2a.5.5 0 0 0-.5-.5H8V0h2Z\" \/>\n\t\t\t<\/svg>\n\t\t<\/button><figcaption class=\"wp-element-caption\">Foto: Fez Brook \/ Pexels<\/figcaption><\/figure>\n\n\n\n<h3 class=\"wp-block-heading\"><span class=\"ez-toc-section\" id=\"10_Lenkki_Erschwandenbachin_vesiputoukselle\"><\/span>10. Lenkki Erschwandenbachin vesiputoukselle<span class=\"ez-toc-section-end\"><\/span><\/h3>\n\n\n\n<p class=\"wp-block-paragraph\">Jos et halua l\u00e4hte\u00e4 koko Kolmen vesiputouksen reitille, voit tehd\u00e4 kauniin suljetun lenkin vain ensimm\u00e4iselle niist\u00e4. Virallinen <strong>Rundwanderung Erschwandenfall on 8,7 kilometri\u00e4 pitk\u00e4 ja vie sinulta noin 2 tuntia ja 35 minuuttia<\/strong> tavallista k\u00e4vely\u00e4.<\/p>\n\n\n\n<p class=\"wp-block-paragraph\">Matkalla nouset vain <strong>211 metri\u00e4, ja reitti on virallisesti merkitty helpoksi<\/strong>, joten sit\u00e4 ei tarvitse pel\u00e4t\u00e4 isompienkaan lasten kanssa. Erschwandenbachin vesiputous on kauniisti k\u00e4tketty syv\u00e4\u00e4n mets\u00e4\u00e4n, ja vesi putoaa t\u00e4\u00e4ll\u00e4 kalliokielekkeiden yli. Kuumana kes\u00e4p\u00e4iv\u00e4n\u00e4 vesiputouksen ymp\u00e4rist\u00f6 toimii t\u00e4ydellisen\u00e4 luonnon ilmastointina.<\/p>\n\n\n\n<p class=\"wp-block-paragraph\">T\u00e4m\u00e4 lenkki on loistava siin\u00e4, ett\u00e4 se vie sinut <strong>erilaisten maisematyyppien l\u00e4pi<\/strong>. Hetken kuljet rantaa pitkin, sitten alat nousta kukkuloille ja lopulta palaat mets\u00e4teit\u00e4 pitkin <strong>vilauksin j\u00e4\u00e4kauden j\u00e4rveen<\/strong> syvyydess\u00e4 allasi. Matkalla ohitat maatilan pienine kauppoineen, muuten reitilt\u00e4 et osta mit\u00e4\u00e4n.<\/p>\n\n\n\n<p class=\"wp-block-paragraph\">\ud83d\udca1 Vinkki: Itse vesiputoukselle noustaan <strong>kapeaa mets\u00e4polkua<\/strong>, joten <strong>vaellussauvoista on hy\u00f6ty\u00e4<\/strong>, sill\u00e4 ne kevent\u00e4v\u00e4t polvia laskeutuessa takaisin kyl\u00e4\u00e4n.<\/p>\n\n\n\n<figure data-wp-context=\"{&quot;imageId&quot;:&quot;6a950604ae373&quot;}\" data-wp-interactive=\"core\/image\" data-wp-key=\"6a950604ae373\" class=\"wp-block-image size-full wp-lightbox-container\"><img decoding=\"async\" width=\"1800\" height=\"1199\" data-wp-class--hide=\"state.isContentHidden\" data-wp-class--show=\"state.isContentVisible\" data-wp-init=\"callbacks.setButtonStyles\" data-wp-on--click=\"actions.showLightbox\" data-wp-on--load=\"callbacks.setButtonStyles\" data-wp-on--pointerdown=\"actions.preloadImage\" data-wp-on--pointerenter=\"actions.preloadImageWithDelay\" data-wp-on--pointerleave=\"actions.cancelPreload\" data-wp-on-window--resize=\"callbacks.setButtonStyles\" src=\"https:\/\/loudavymkrokem.cz\/wp-content\/uploads\/2026\/08\/articles-bonigen-16.jpg\" alt=\"Rantapolku Iseltwaldin luona\" class=\"wp-image-404490\" title=\"\" srcset=\"https:\/\/loudavymkrokem.cz\/wp-content\/uploads\/2026\/08\/articles-bonigen-16.jpg 1800w, https:\/\/loudavymkrokem.cz\/wp-content\/uploads\/2026\/08\/articles-bonigen-16-300x200.jpg 300w, https:\/\/loudavymkrokem.cz\/wp-content\/uploads\/2026\/08\/articles-bonigen-16-700x466.jpg 700w, https:\/\/loudavymkrokem.cz\/wp-content\/uploads\/2026\/08\/articles-bonigen-16-768x512.jpg 768w, https:\/\/loudavymkrokem.cz\/wp-content\/uploads\/2026\/08\/articles-bonigen-16-1536x1023.jpg 1536w, https:\/\/loudavymkrokem.cz\/wp-content\/uploads\/2026\/08\/articles-bonigen-16-696x464.jpg 696w, https:\/\/loudavymkrokem.cz\/wp-content\/uploads\/2026\/08\/articles-bonigen-16-1392x927.jpg 1392w\" sizes=\"(max-width: 1800px) 100vw, 1800px\" \/><button\n\t\t\tclass=\"lightbox-trigger\"\n\t\t\ttype=\"button\"\n\t\t\taria-haspopup=\"dialog\"\n\t\t\tdata-wp-bind--aria-label=\"state.thisImage.triggerButtonAriaLabel\"\n\t\t\tdata-wp-init=\"callbacks.initTriggerButton\"\n\t\t\tdata-wp-on--click=\"actions.showLightbox\"\n\t\t\tdata-wp-style--right=\"state.thisImage.buttonRight\"\n\t\t\tdata-wp-style--top=\"state.thisImage.buttonTop\"\n\t\t>\n\t\t\t<svg xmlns=\"http:\/\/www.w3.org\/2000\/svg\" width=\"12\" height=\"12\" fill=\"none\" viewBox=\"0 0 12 12\">\n\t\t\t\t<path fill=\"#fff\" d=\"M2 0a2 2 0 0 0-2 2v2h1.5V2a.5.5 0 0 1 .5-.5h2V0H2Zm2 10.5H2a.5.5 0 0 1-.5-.5V8H0v2a2 2 0 0 0 2 2h2v-1.5ZM8 12v-1.5h2a.5.5 0 0 0 .5-.5V8H12v2a2 2 0 0 1-2 2H8Zm2-12a2 2 0 0 1 2 2v2h-1.5V2a.5.5 0 0 0-.5-.5H8V0h2Z\" \/>\n\t\t\t<\/svg>\n\t\t<\/button><figcaption class=\"wp-element-caption\">Foto: Jean-Paul Wettstein \/ Pexels<\/figcaption><\/figure>\n\n\n\n<h3 class=\"wp-block-heading\"><span class=\"ez-toc-section\" id=\"11_Rantapolku_Uferweg_Iseltwaldista_Giessbachille\"><\/span>11. Rantapolku Uferweg Iseltwaldista Giessbachille<span class=\"ez-toc-section-end\"><\/span><\/h3>\n\n\n\n<p class=\"wp-block-paragraph\">T\u00e4m\u00e4 reitti ei tosin ala suoraan B\u00f6nigenist\u00e4, mutta se on yksi koko Sveitsin kauneimmista k\u00e4velyist\u00e4, jonka v\u00e4liin j\u00e4tt\u00e4minen olisi synti. Aamulla vain nouset <strong>bussiin 103 (joka on Guest Cardilla ilmainen)<\/strong> tai laivaan ja annat kuljettaa itsesi naapurikyl\u00e4 Iseltwaldiin, jossa polku alkaa.<\/p>\n\n\n\n<p class=\"wp-block-paragraph\">Sielt\u00e4 kulkee niin kutsuttu <strong>Uferweg suoraan kallioista rantaa pitkin aina Giessbachin vesiputouksille<\/strong>. <strong>\u00c4l\u00e4 kuitenkaan odota tasaista promenadia<\/strong> \u2014 heti ensimm\u00e4isell\u00e4 kilometrill\u00e4 nouset puolitoista sataa metri\u00e4, tie kapenee paikoin ja jotkin osuudet on hakattu kallioon. Palkintona ovat romanttiset poukamat, joissa voi kes\u00e4ll\u00e4 virkist\u00e4\u00e4 jalkoja.<\/p>\n\n\n\n<p class=\"wp-block-paragraph\">Reitti on <strong>noin 5,3 kilometri\u00e4 pitk\u00e4 ja vie puolitoista tuntia<\/strong>, mutta serpentiinit vesiputousten luona ovat kunnolla jyrkki\u00e4, ja ilman sauvoja niit\u00e4 pitkin alasp\u00e4in kulkeminen on ep\u00e4mukavaa. Matkalla et osta mit\u00e4\u00e4n sy\u00f6t\u00e4v\u00e4\u00e4, ota ev\u00e4\u00e4t mukaan. Voit palkita itsesi kahvilla historiallisen hotellin terassilla ja seilata takaisin B\u00f6nigeniin iltap\u00e4iv\u00e4n siipirataslaivalla.<\/p>\n\n\n\n<p class=\"wp-block-paragraph\">\ud83d\udca1 Vinkki: <strong>Polku on talvella yleens\u00e4 suljettu kivien putoamisen vuoksi<\/strong> ja avautuu tavallisesti maaliskuun lopussa \u2014 kaudella 2026 se on kuljettavissa, mutta tarkista ennen retke\u00e4 mieluummin ajantasainen tila Iseltwaldin tai Brienzin kuntien sivuilta. Ja l\u00e4hde <strong>mahdollisimman aikaisin aamulla<\/strong>, iltap\u00e4iv\u00e4ll\u00e4 t\u00e4\u00e4ll\u00e4 on usein tungosta.<\/p>\n\n\n\n<figure data-wp-context=\"{&quot;imageId&quot;:&quot;6a950604ae843&quot;}\" data-wp-interactive=\"core\/image\" data-wp-key=\"6a950604ae843\" class=\"wp-block-image size-full wp-lightbox-container\"><img decoding=\"async\" width=\"1800\" height=\"1200\" data-wp-class--hide=\"state.isContentHidden\" data-wp-class--show=\"state.isContentVisible\" data-wp-init=\"callbacks.setButtonStyles\" data-wp-on--click=\"actions.showLightbox\" data-wp-on--load=\"callbacks.setButtonStyles\" data-wp-on--pointerdown=\"actions.preloadImage\" data-wp-on--pointerenter=\"actions.preloadImageWithDelay\" data-wp-on--pointerleave=\"actions.cancelPreload\" data-wp-on-window--resize=\"callbacks.setButtonStyles\" src=\"https:\/\/loudavymkrokem.cz\/wp-content\/uploads\/2026\/08\/articles-bonigen-17.jpg\" alt=\"Harder Kulmille nouseva mets\u00e4polku\" class=\"wp-image-404495\" title=\"\" srcset=\"https:\/\/loudavymkrokem.cz\/wp-content\/uploads\/2026\/08\/articles-bonigen-17.jpg 1800w, https:\/\/loudavymkrokem.cz\/wp-content\/uploads\/2026\/08\/articles-bonigen-17-300x200.jpg 300w, https:\/\/loudavymkrokem.cz\/wp-content\/uploads\/2026\/08\/articles-bonigen-17-700x467.jpg 700w, https:\/\/loudavymkrokem.cz\/wp-content\/uploads\/2026\/08\/articles-bonigen-17-768x512.jpg 768w, https:\/\/loudavymkrokem.cz\/wp-content\/uploads\/2026\/08\/articles-bonigen-17-1536x1024.jpg 1536w, https:\/\/loudavymkrokem.cz\/wp-content\/uploads\/2026\/08\/articles-bonigen-17-696x464.jpg 696w, https:\/\/loudavymkrokem.cz\/wp-content\/uploads\/2026\/08\/articles-bonigen-17-1392x928.jpg 1392w\" sizes=\"(max-width: 1800px) 100vw, 1800px\" \/><button\n\t\t\tclass=\"lightbox-trigger\"\n\t\t\ttype=\"button\"\n\t\t\taria-haspopup=\"dialog\"\n\t\t\tdata-wp-bind--aria-label=\"state.thisImage.triggerButtonAriaLabel\"\n\t\t\tdata-wp-init=\"callbacks.initTriggerButton\"\n\t\t\tdata-wp-on--click=\"actions.showLightbox\"\n\t\t\tdata-wp-style--right=\"state.thisImage.buttonRight\"\n\t\t\tdata-wp-style--top=\"state.thisImage.buttonTop\"\n\t\t>\n\t\t\t<svg xmlns=\"http:\/\/www.w3.org\/2000\/svg\" width=\"12\" height=\"12\" fill=\"none\" viewBox=\"0 0 12 12\">\n\t\t\t\t<path fill=\"#fff\" d=\"M2 0a2 2 0 0 0-2 2v2h1.5V2a.5.5 0 0 1 .5-.5h2V0H2Zm2 10.5H2a.5.5 0 0 1-.5-.5V8H0v2a2 2 0 0 0 2 2h2v-1.5ZM8 12v-1.5h2a.5.5 0 0 0 .5-.5V8H12v2a2 2 0 0 1-2 2H8Zm2-12a2 2 0 0 1 2 2v2h-1.5V2a.5.5 0 0 0-.5-.5H8V0h2Z\" \/>\n\t\t\t<\/svg>\n\t\t<\/button><figcaption class=\"wp-element-caption\">Foto: \u041f\u0430\u0432\u0435\u043b \u0413\u0430\u0432\u0440\u0438\u043a\u043e\u0432 \/ Pexels<\/figcaption><\/figure>\n\n\n\n<h3 class=\"wp-block-heading\"><span class=\"ez-toc-section\" id=\"12_Jalkahaaste_Nousu_Harder_Kulmille\"><\/span>12. Jalkahaaste: Nousu Harder Kulmille<span class=\"ez-toc-section-end\"><\/span><\/h3>\n\n\n\n<p class=\"wp-block-paragraph\">Suurin osa turisteista nousee <strong>n\u00e4k\u00f6alapaikka Harder Kulmille<\/strong> mukavasti k\u00f6ysiradalla, mutta hyv\u00e4kuntoisille k\u00e4velij\u00f6ille on t\u00e4\u00e4ll\u00e4 paljon suurempi haaste. B\u00f6nigenist\u00e4 voit astella koko matkan huipulle asti rehellisesti jalan. Varaudu kuitenkin siihen, ett\u00e4 se on <strong>kunnon pohjelihasten tappaja<\/strong>.<\/p>\n\n\n\n<p class=\"wp-block-paragraph\">Komootin tallenteiden mukaan t\u00e4m\u00e4 koko p\u00e4iv\u00e4n lenkki on <strong>13,5 kilometri\u00e4 pitk\u00e4 ja puhdas k\u00e4velyaika on 5 tuntia ja 16 minuuttia<\/strong>. Matkalla joudut voittamaan karut <strong>750 metrin korkeuseron<\/strong>, mik\u00e4 sijoittaa reitin selv\u00e4sti vaativaan kategoriaan. Nousu on tosin turvallinen, mutta hyvin jyrkk\u00e4 ja loputon.<\/p>\n\n\n\n<p class=\"wp-block-paragraph\">Palkinto vaivann\u00e4\u00f6st\u00e4 on kuitenkin makea. Saat toistumattoman tyydytyksen tunteen, kun <strong>saavut n\u00e4k\u00f6alatasanteelle<\/strong> turistien joukkoon, jotka juuri astuivat k\u00f6ysiradasta. Yl\u00f6s matkalla lis\u00e4ksi <strong>kohtaat vain minimaalisen m\u00e4\u00e4r\u00e4n ihmisi\u00e4<\/strong> ja nautit mets\u00e4n hiljaisuudesta, jota et itse huipulta todellakaan l\u00f6yd\u00e4.<\/p>\n\n\n\n<p class=\"wp-block-paragraph\">\ud83d\udca1 Vinkki: Jos ylh\u00e4\u00e4ll\u00e4 voimasi loppuvat, ei se mit\u00e4\u00e4n haittaa. Voit ostaa ravintolasta <strong>yhdensuuntaisen k\u00f6ysiratalipun<\/strong> alas Interlakeniin ja <strong>matkustaa loppumatkan bussilla<\/strong>.<\/p>\n\n\n\n<figure data-wp-context=\"{&quot;imageId&quot;:&quot;6a950604aee14&quot;}\" data-wp-interactive=\"core\/image\" data-wp-key=\"6a950604aee14\" class=\"wp-block-image size-full wp-lightbox-container\"><img decoding=\"async\" width=\"1920\" height=\"1280\" data-wp-class--hide=\"state.isContentHidden\" data-wp-class--show=\"state.isContentVisible\" data-wp-init=\"callbacks.setButtonStyles\" data-wp-on--click=\"actions.showLightbox\" data-wp-on--load=\"callbacks.setButtonStyles\" data-wp-on--pointerdown=\"actions.preloadImage\" data-wp-on--pointerenter=\"actions.preloadImageWithDelay\" data-wp-on--pointerleave=\"actions.cancelPreload\" data-wp-on-window--resize=\"callbacks.setButtonStyles\" src=\"https:\/\/loudavymkrokem.cz\/wp-content\/uploads\/2026\/08\/bonigen-lanovka-grindelwald-first.jpg\" alt=\"Gondolihissi Grindelwaldista Firstille alppiniittyjen yll\u00e4\" class=\"wp-image-407333\" title=\"\" srcset=\"https:\/\/loudavymkrokem.cz\/wp-content\/uploads\/2026\/08\/bonigen-lanovka-grindelwald-first.jpg 1920w, https:\/\/loudavymkrokem.cz\/wp-content\/uploads\/2026\/08\/bonigen-lanovka-grindelwald-first-300x200.jpg 300w, https:\/\/loudavymkrokem.cz\/wp-content\/uploads\/2026\/08\/bonigen-lanovka-grindelwald-first-700x467.jpg 700w, https:\/\/loudavymkrokem.cz\/wp-content\/uploads\/2026\/08\/bonigen-lanovka-grindelwald-first-768x512.jpg 768w, https:\/\/loudavymkrokem.cz\/wp-content\/uploads\/2026\/08\/bonigen-lanovka-grindelwald-first-1536x1024.jpg 1536w, https:\/\/loudavymkrokem.cz\/wp-content\/uploads\/2026\/08\/bonigen-lanovka-grindelwald-first-696x464.jpg 696w, https:\/\/loudavymkrokem.cz\/wp-content\/uploads\/2026\/08\/bonigen-lanovka-grindelwald-first-1392x928.jpg 1392w\" sizes=\"(max-width: 1920px) 100vw, 1920px\" \/><button\n\t\t\tclass=\"lightbox-trigger\"\n\t\t\ttype=\"button\"\n\t\t\taria-haspopup=\"dialog\"\n\t\t\tdata-wp-bind--aria-label=\"state.thisImage.triggerButtonAriaLabel\"\n\t\t\tdata-wp-init=\"callbacks.initTriggerButton\"\n\t\t\tdata-wp-on--click=\"actions.showLightbox\"\n\t\t\tdata-wp-style--right=\"state.thisImage.buttonRight\"\n\t\t\tdata-wp-style--top=\"state.thisImage.buttonTop\"\n\t\t>\n\t\t\t<svg xmlns=\"http:\/\/www.w3.org\/2000\/svg\" width=\"12\" height=\"12\" fill=\"none\" viewBox=\"0 0 12 12\">\n\t\t\t\t<path fill=\"#fff\" d=\"M2 0a2 2 0 0 0-2 2v2h1.5V2a.5.5 0 0 1 .5-.5h2V0H2Zm2 10.5H2a.5.5 0 0 1-.5-.5V8H0v2a2 2 0 0 0 2 2h2v-1.5ZM8 12v-1.5h2a.5.5 0 0 0 .5-.5V8H12v2a2 2 0 0 1-2 2H8Zm2-12a2 2 0 0 1 2 2v2h-1.5V2a.5.5 0 0 0-.5-.5H8V0h2Z\" \/>\n\t\t\t<\/svg>\n\t\t<\/button><figcaption class=\"wp-element-caption\">Foto: W. Bulach \/ Wikimedia Commons, CC BY-SA 4.0<\/figcaption><\/figure>\n\n\n\n<h2 class=\"wp-block-heading\"><span class=\"ez-toc-section\" id=\"Vaellukset_joille_koysirata_vie_6_reittia_laakson_ylapuolella\"><\/span>Vaellukset, joille k\u00f6ysirata vie: 6 reitti\u00e4 laakson yl\u00e4puolella<span class=\"ez-toc-section-end\"><\/span><\/h2>\n\n\n\n<p class=\"wp-block-paragraph\">T\u00e4m\u00e4n asian ymm\u00e4rsin itse vasta paikan p\u00e4\u00e4ll\u00e4: <strong>Bernin Oberlandissa ei juuri koskaan k\u00e4vell\u00e4 alhaalta<\/strong>. Klassikko on nousta k\u00f6ysiradalla tai hammasradalla mets\u00e4rajan yl\u00e4puolelle ja aloittaa k\u00e4veleminen vasta siell\u00e4. S\u00e4\u00e4st\u00e4t itselt\u00e4si tuhat korkeusmetri\u00e4 raatamista ja p\u00e4\u00e4dyt suoraan maisemaan, jonka takia t\u00e4nne tulit.<\/p>\n\n\n\n<p class=\"wp-block-paragraph\">Varaudu kuitenkin siihen, ett\u00e4 <strong>sveitsil\u00e4iset k\u00f6ysiradat ovat brutaalin kalliita<\/strong>. Jos suunnittelet enemm\u00e4n kuin kaksi t\u00e4llaista retke\u00e4, laske itsellesi <strong>Bernese Oberland Pass<\/strong> \u2014 kolmelle p\u00e4iv\u00e4lle se maksaa 240 frangia, ja monet radat saat sill\u00e4 ilmaiseksi tai puoleen hintaan. Ja kalliille n\u00e4k\u00f6alapaikoille kannattaa menn\u00e4 vain kirkkaalla s\u00e4\u00e4ll\u00e4, muuten maksat kymmeni\u00e4 frangeja sumuun tuijottamisesta.<\/p>\n\n\n\n<figure data-wp-context=\"{&quot;imageId&quot;:&quot;6a950604af435&quot;}\" data-wp-interactive=\"core\/image\" data-wp-key=\"6a950604af435\" class=\"wp-block-image size-full wp-lightbox-container\"><img decoding=\"async\" width=\"1920\" height=\"1080\" data-wp-class--hide=\"state.isContentHidden\" data-wp-class--show=\"state.isContentVisible\" data-wp-init=\"callbacks.setButtonStyles\" data-wp-on--click=\"actions.showLightbox\" data-wp-on--load=\"callbacks.setButtonStyles\" data-wp-on--pointerdown=\"actions.preloadImage\" data-wp-on--pointerenter=\"actions.preloadImageWithDelay\" data-wp-on--pointerleave=\"actions.cancelPreload\" data-wp-on-window--resize=\"callbacks.setButtonStyles\" src=\"https:\/\/loudavymkrokem.cz\/wp-content\/uploads\/2026\/08\/bonigen-bachalpsee-jezero-first-1.jpg\" alt=\"Vuoristoj\u00e4rvi Bachalpsee Grindelwaldin yl\u00e4puolella j\u00e4\u00e4kauden huippujen heijastuessa\" class=\"wp-image-407122\" title=\"\" srcset=\"https:\/\/loudavymkrokem.cz\/wp-content\/uploads\/2026\/08\/bonigen-bachalpsee-jezero-first-1.jpg 1920w, https:\/\/loudavymkrokem.cz\/wp-content\/uploads\/2026\/08\/bonigen-bachalpsee-jezero-first-1-300x169.jpg 300w, https:\/\/loudavymkrokem.cz\/wp-content\/uploads\/2026\/08\/bonigen-bachalpsee-jezero-first-1-700x394.jpg 700w, https:\/\/loudavymkrokem.cz\/wp-content\/uploads\/2026\/08\/bonigen-bachalpsee-jezero-first-1-768x432.jpg 768w, https:\/\/loudavymkrokem.cz\/wp-content\/uploads\/2026\/08\/bonigen-bachalpsee-jezero-first-1-1536x864.jpg 1536w, https:\/\/loudavymkrokem.cz\/wp-content\/uploads\/2026\/08\/bonigen-bachalpsee-jezero-first-1-696x392.jpg 696w, https:\/\/loudavymkrokem.cz\/wp-content\/uploads\/2026\/08\/bonigen-bachalpsee-jezero-first-1-1392x783.jpg 1392w\" sizes=\"(max-width: 1920px) 100vw, 1920px\" \/><button\n\t\t\tclass=\"lightbox-trigger\"\n\t\t\ttype=\"button\"\n\t\t\taria-haspopup=\"dialog\"\n\t\t\tdata-wp-bind--aria-label=\"state.thisImage.triggerButtonAriaLabel\"\n\t\t\tdata-wp-init=\"callbacks.initTriggerButton\"\n\t\t\tdata-wp-on--click=\"actions.showLightbox\"\n\t\t\tdata-wp-style--right=\"state.thisImage.buttonRight\"\n\t\t\tdata-wp-style--top=\"state.thisImage.buttonTop\"\n\t\t>\n\t\t\t<svg xmlns=\"http:\/\/www.w3.org\/2000\/svg\" width=\"12\" height=\"12\" fill=\"none\" viewBox=\"0 0 12 12\">\n\t\t\t\t<path fill=\"#fff\" d=\"M2 0a2 2 0 0 0-2 2v2h1.5V2a.5.5 0 0 1 .5-.5h2V0H2Zm2 10.5H2a.5.5 0 0 1-.5-.5V8H0v2a2 2 0 0 0 2 2h2v-1.5ZM8 12v-1.5h2a.5.5 0 0 0 .5-.5V8H12v2a2 2 0 0 1-2 2H8Zm2-12a2 2 0 0 1 2 2v2h-1.5V2a.5.5 0 0 0-.5-.5H8V0h2Z\" \/>\n\t\t\t<\/svg>\n\t\t<\/button><figcaption class=\"wp-element-caption\">Foto: Chnebelh\u00e4x \/ Wikimedia Commons, CC BY-SA 4.0<\/figcaption><\/figure>\n\n\n\n<h3 class=\"wp-block-heading\"><span class=\"ez-toc-section\" id=\"13_Firstilta_Bachalpsee-jarvelle\"><\/span>13. Firstilt\u00e4 Bachalpsee-j\u00e4rvelle<span class=\"ez-toc-section-end\"><\/span><\/h3>\n\n\n\n<p class=\"wp-block-paragraph\">Jos sinulla on aikaa vain yhteen vuoristovaellukseen ymp\u00e4rist\u00f6ss\u00e4, olkoon se t\u00e4m\u00e4. Grindelwaldista gondoli vie sinut <strong>Firstille 2 167 metrin korkeuteen<\/strong>, ja sielt\u00e4 kuljetaan leve\u00e4\u00e4, hyv\u00e4kuntoista tiet\u00e4 pitkin <strong>Bachalpsee-j\u00e4rvelle 2 265 metrin korkeuteen<\/strong>. Edestakaisin se kest\u00e4\u00e4 <strong>alle kaksi tuntia, ja nouset vain reilut 200 metri\u00e4<\/strong>.<\/p>\n\n\n\n<p class=\"wp-block-paragraph\">Se j\u00e4rvi on syy, miksi t\u00e4nne tullaan. Tyynell\u00e4 s\u00e4\u00e4ll\u00e4 siihen heijastuvat <strong>Wetterhorn, Schreckhorn ja Finsteraarhorn<\/strong>, eli j\u00e4\u00e4kauden nelj\u00e4tuhatiset, jotka n\u00e4et kaikki kerralla pinnalla allasi. Se on yksi Sveitsin Alppien valokuvatuimmista maisemista ja toimii liven\u00e4 viel\u00e4 paremmin kuin valokuvissa.<\/p>\n\n\n\n<p class=\"wp-block-paragraph\">Interlakenista p\u00e4\u00e4set t\u00e4nne junalla Grindelwaldiin noin 35 minuutissa ja sitten gondolilla viel\u00e4 25 minuuttia. <strong>Firstin edestakainen lippu maksaa sesonkiaikaan 76 frangia<\/strong>, puolihintaisella lipulla tai Swiss Travel Passilla maksat 38.<\/p>\n\n\n\n<p class=\"wp-block-paragraph\">\ud83d\udca1 Vinkki: L\u00e4hde heti ensimm\u00e4isell\u00e4 aamuvuorolla \u2014 kymmenen aikoihin tie j\u00e4rvelle muuttuu t\u00f6ytt\u00e4ilev\u00e4ksi jonoksi, ja <strong>pinta on iltap\u00e4iv\u00e4ll\u00e4 yleens\u00e4 tuulen v\u00e4reilem\u00e4<\/strong>, joten vuorten heijastusta et en\u00e4\u00e4 saa talteen. Ja Interlakenin junassa <strong>istu junan takaosaan<\/strong>: Zweil\u00fctschineniss\u00e4 juna jakautuu ja etuosa jatkaa Lauterbrunneniin.<\/p>\n\n\n\n<figure data-wp-context=\"{&quot;imageId&quot;:&quot;6a950604af950&quot;}\" data-wp-interactive=\"core\/image\" data-wp-key=\"6a950604af950\" class=\"wp-block-image size-full wp-lightbox-container\"><img decoding=\"async\" width=\"1920\" height=\"1440\" data-wp-class--hide=\"state.isContentHidden\" data-wp-class--show=\"state.isContentVisible\" data-wp-init=\"callbacks.setButtonStyles\" data-wp-on--click=\"actions.showLightbox\" data-wp-on--load=\"callbacks.setButtonStyles\" data-wp-on--pointerdown=\"actions.preloadImage\" data-wp-on--pointerenter=\"actions.preloadImageWithDelay\" data-wp-on--pointerleave=\"actions.cancelPreload\" data-wp-on-window--resize=\"callbacks.setButtonStyles\" src=\"https:\/\/loudavymkrokem.cz\/wp-content\/uploads\/2026\/08\/bonigen-faulhorn-horsky-hotel-1.jpg\" alt=\"Faulhornin huippu historiallisine vuoristohotelleineen vuodelta 1832\" class=\"wp-image-407129\" title=\"\" srcset=\"https:\/\/loudavymkrokem.cz\/wp-content\/uploads\/2026\/08\/bonigen-faulhorn-horsky-hotel-1.jpg 1920w, https:\/\/loudavymkrokem.cz\/wp-content\/uploads\/2026\/08\/bonigen-faulhorn-horsky-hotel-1-300x225.jpg 300w, https:\/\/loudavymkrokem.cz\/wp-content\/uploads\/2026\/08\/bonigen-faulhorn-horsky-hotel-1-700x525.jpg 700w, https:\/\/loudavymkrokem.cz\/wp-content\/uploads\/2026\/08\/bonigen-faulhorn-horsky-hotel-1-768x576.jpg 768w, https:\/\/loudavymkrokem.cz\/wp-content\/uploads\/2026\/08\/bonigen-faulhorn-horsky-hotel-1-1536x1152.jpg 1536w, https:\/\/loudavymkrokem.cz\/wp-content\/uploads\/2026\/08\/bonigen-faulhorn-horsky-hotel-1-80x60.jpg 80w, https:\/\/loudavymkrokem.cz\/wp-content\/uploads\/2026\/08\/bonigen-faulhorn-horsky-hotel-1-160x120.jpg 160w, https:\/\/loudavymkrokem.cz\/wp-content\/uploads\/2026\/08\/bonigen-faulhorn-horsky-hotel-1-696x522.jpg 696w, https:\/\/loudavymkrokem.cz\/wp-content\/uploads\/2026\/08\/bonigen-faulhorn-horsky-hotel-1-1392x1044.jpg 1392w\" sizes=\"(max-width: 1920px) 100vw, 1920px\" \/><button\n\t\t\tclass=\"lightbox-trigger\"\n\t\t\ttype=\"button\"\n\t\t\taria-haspopup=\"dialog\"\n\t\t\tdata-wp-bind--aria-label=\"state.thisImage.triggerButtonAriaLabel\"\n\t\t\tdata-wp-init=\"callbacks.initTriggerButton\"\n\t\t\tdata-wp-on--click=\"actions.showLightbox\"\n\t\t\tdata-wp-style--right=\"state.thisImage.buttonRight\"\n\t\t\tdata-wp-style--top=\"state.thisImage.buttonTop\"\n\t\t>\n\t\t\t<svg xmlns=\"http:\/\/www.w3.org\/2000\/svg\" width=\"12\" height=\"12\" fill=\"none\" viewBox=\"0 0 12 12\">\n\t\t\t\t<path fill=\"#fff\" d=\"M2 0a2 2 0 0 0-2 2v2h1.5V2a.5.5 0 0 1 .5-.5h2V0H2Zm2 10.5H2a.5.5 0 0 1-.5-.5V8H0v2a2 2 0 0 0 2 2h2v-1.5ZM8 12v-1.5h2a.5.5 0 0 0 .5-.5V8H12v2a2 2 0 0 1-2 2H8Zm2-12a2 2 0 0 1 2 2v2h-1.5V2a.5.5 0 0 0-.5-.5H8V0h2Z\" \/>\n\t\t\t<\/svg>\n\t\t<\/button><figcaption class=\"wp-element-caption\">Foto: Whgler \/ Wikimedia Commons, CC BY-SA 3.0<\/figcaption><\/figure>\n\n\n\n<h3 class=\"wp-block-heading\"><span class=\"ez-toc-section\" id=\"14_Kuninkaallinen_harjanne_Schynige_Platte_%E2%80%93_Faulhorn_%E2%80%93_First\"><\/span>14. Kuninkaallinen harjanne Schynige Platte \u2013 Faulhorn \u2013 First<span class=\"ez-toc-section-end\"><\/span><\/h3>\n\n\n\n<p class=\"wp-block-paragraph\">T\u00e4m\u00e4 on koko alueen kuuluisin p\u00e4iv\u00e4vaellus, ja niin ranskan- kuin englanninkielisetkin l\u00e4hteet asettavat sen yksimielisesti Sveitsin kauneimpien joukkoon. Nouset hammasradalla <strong>Schynige Plattelle<\/strong>, kuljet koko p\u00e4iv\u00e4n harjannetta pitkin Thunin- ja Brienzinj\u00e4rvi toisella puolella ja Eiger, M\u00f6nch ja Jungfrau toisella, ja alas laskeudut gondolilla Firstilt\u00e4.<\/p>\n\n\n\n<p class=\"wp-block-paragraph\">Se on <strong>noin 16\u201317 kilometri\u00e4, ja varaudu kuudesta kahdeksaan tuntiin<\/strong> sen mukaan, kuinka usein pys\u00e4hdyt. Korkein kohta on <strong>Faulhorn 2 681 metriss\u00e4<\/strong>, jonne Schynige Plattelta nouset 4 tunnissa ja 10 minuutissa. Matkalla ohitat S\u00e4gistalsee-j\u00e4rven, ja aivan lopuksi laskeudut Bachalpseen ohi.<\/p>\n\n\n\n<p class=\"wp-block-paragraph\">Faulhornin huipulla seisoo <strong>vuoristohotelli vuodelta 1832<\/strong> \u2014 vanhempia niit\u00e4 on Sveitsiss\u00e4 vain kaksi. Siin\u00e4 voi y\u00f6py\u00e4, ja se on vaihtoehto, jota harkitsisin kenelle tahansa, joka ei halua astella koko reitti\u00e4 yhteen menoon. Jaat sen kahteen rennompaan p\u00e4iv\u00e4\u00e4n, ja kaupan p\u00e4\u00e4lle saat auringonnousun j\u00e4\u00e4tik\u00f6iden yll\u00e4.<\/p>\n\n\n\n<p class=\"wp-block-paragraph\">\ud83d\udca1 Vinkki: Tarkkaile aikataulua \u2014 <strong>hammasrata Schynige Plattelle kulkee vasta 13. kes\u00e4kuuta\u201325. lokakuuta<\/strong>, ja viimeinen gondoli Firstilt\u00e4 l\u00e4htee iltap\u00e4iv\u00e4ll\u00e4. Y\u00f6pyminen Faulhornilla maksaa <strong>80 frangista puolihoidon kera<\/strong>, mutta varaudu siihen, ett\u00e4 ylh\u00e4\u00e4ll\u00e4 <strong>ei ole suihkuja eik\u00e4 juomavett\u00e4<\/strong> ja makuusaliin on pakollinen makuupussin sisus.<\/p>\n\n\n\n<figure data-wp-context=\"{&quot;imageId&quot;:&quot;6a950604b00f1&quot;}\" data-wp-interactive=\"core\/image\" data-wp-key=\"6a950604b00f1\" class=\"wp-block-image size-full wp-lightbox-container\"><img decoding=\"async\" width=\"1600\" height=\"1200\" data-wp-class--hide=\"state.isContentHidden\" data-wp-class--show=\"state.isContentVisible\" data-wp-init=\"callbacks.setButtonStyles\" data-wp-on--click=\"actions.showLightbox\" data-wp-on--load=\"callbacks.setButtonStyles\" data-wp-on--pointerdown=\"actions.preloadImage\" data-wp-on--pointerenter=\"actions.preloadImageWithDelay\" data-wp-on--pointerleave=\"actions.cancelPreload\" data-wp-on-window--resize=\"callbacks.setButtonStyles\" src=\"https:\/\/loudavymkrokem.cz\/wp-content\/uploads\/2026\/08\/bonigen-mannlichen-kleine-scheidegg-1.jpg\" alt=\"Panoraamareitti M\u00e4nnlichenilta Kleine Scheideggille Jungfrau-massiivin kera\" class=\"wp-image-407132\" title=\"\" srcset=\"https:\/\/loudavymkrokem.cz\/wp-content\/uploads\/2026\/08\/bonigen-mannlichen-kleine-scheidegg-1.jpg 1600w, https:\/\/loudavymkrokem.cz\/wp-content\/uploads\/2026\/08\/bonigen-mannlichen-kleine-scheidegg-1-300x225.jpg 300w, https:\/\/loudavymkrokem.cz\/wp-content\/uploads\/2026\/08\/bonigen-mannlichen-kleine-scheidegg-1-700x525.jpg 700w, https:\/\/loudavymkrokem.cz\/wp-content\/uploads\/2026\/08\/bonigen-mannlichen-kleine-scheidegg-1-768x576.jpg 768w, https:\/\/loudavymkrokem.cz\/wp-content\/uploads\/2026\/08\/bonigen-mannlichen-kleine-scheidegg-1-1536x1152.jpg 1536w, https:\/\/loudavymkrokem.cz\/wp-content\/uploads\/2026\/08\/bonigen-mannlichen-kleine-scheidegg-1-80x60.jpg 80w, https:\/\/loudavymkrokem.cz\/wp-content\/uploads\/2026\/08\/bonigen-mannlichen-kleine-scheidegg-1-160x120.jpg 160w, https:\/\/loudavymkrokem.cz\/wp-content\/uploads\/2026\/08\/bonigen-mannlichen-kleine-scheidegg-1-696x522.jpg 696w, https:\/\/loudavymkrokem.cz\/wp-content\/uploads\/2026\/08\/bonigen-mannlichen-kleine-scheidegg-1-1392x1044.jpg 1392w\" sizes=\"(max-width: 1600px) 100vw, 1600px\" \/><button\n\t\t\tclass=\"lightbox-trigger\"\n\t\t\ttype=\"button\"\n\t\t\taria-haspopup=\"dialog\"\n\t\t\tdata-wp-bind--aria-label=\"state.thisImage.triggerButtonAriaLabel\"\n\t\t\tdata-wp-init=\"callbacks.initTriggerButton\"\n\t\t\tdata-wp-on--click=\"actions.showLightbox\"\n\t\t\tdata-wp-style--right=\"state.thisImage.buttonRight\"\n\t\t\tdata-wp-style--top=\"state.thisImage.buttonTop\"\n\t\t>\n\t\t\t<svg xmlns=\"http:\/\/www.w3.org\/2000\/svg\" width=\"12\" height=\"12\" fill=\"none\" viewBox=\"0 0 12 12\">\n\t\t\t\t<path fill=\"#fff\" d=\"M2 0a2 2 0 0 0-2 2v2h1.5V2a.5.5 0 0 1 .5-.5h2V0H2Zm2 10.5H2a.5.5 0 0 1-.5-.5V8H0v2a2 2 0 0 0 2 2h2v-1.5ZM8 12v-1.5h2a.5.5 0 0 0 .5-.5V8H12v2a2 2 0 0 1-2 2H8Zm2-12a2 2 0 0 1 2 2v2h-1.5V2a.5.5 0 0 0-.5-.5H8V0h2Z\" \/>\n\t\t\t<\/svg>\n\t\t<\/button><figcaption class=\"wp-element-caption\">Foto: Timo Newton-Syms \/ Wikimedia Commons, CC BY-SA 2.0<\/figcaption><\/figure>\n\n\n\n<!-- LKM_GYG_CARD start q=\"bonigen\" lang=\"fi\" rendered=\"2026-08-31T02:16:37+00:00\" v=\"1\" -->\n<style id=\"lk-gyg-styles\">\n@import url(\"https:\/\/fonts.googleapis.com\/css2?family=Playfair+Display:wght@700&family=DM+Sans:wght@300;400;500;600&display=swap\");\n\/* === LK GYG karty \u2014 CRO redesign 2026-05 (namespace .lkx-) ===\n   C\u00edl: vy\u0161\u0161\u00ed CTR (hero + v\u00fdrazn\u00fd social proof + ak\u010dn\u00ed CTA, m\u00e9n\u011b \"reklamn\u00ed\").\n   Injektuje se inline do prvn\u00edho markeru postu (refresh_cards.py --inline-css). *\/\n.lkx-module, .lkx-module *{box-sizing:border-box;margin:0;padding:0}\n.lkx-module{\n  font-family:'DM Sans',-apple-system,Segoe UI,Roboto,Georgia,sans-serif;\n  max-width:860px;margin:2.5rem auto;color:#1f2328;\n}\n\n\/* HEADER \u2014 lehk\u00fd editorsk\u00fd, \u017e\u00e1dn\u00fd bannerov\u00fd blok; nadpis + popisek pod n\u00edm *\/\n.lkx-head{margin-bottom:16px}\n.lkx-head-main{display:flex;align-items:center;gap:10px}\n.lkx-head-accent{width:26px;height:3px;border-radius:2px;background:#c39f76;flex-shrink:0}\n.lkx-head-title{font-family:'Playfair Display',Georgia,serif;font-size:21px;font-weight:700;color:#1a1a1a;line-height:1.25}\n.lkx-head-meta{display:block;font-size:11px;letter-spacing:.3px;color:#9aa0a6;margin-top:4px;margin-left:36px}\n\n\/* HERO *\/\n.lkx-hero{display:grid;grid-template-columns:300px 1fr;background:#fff;border:1px solid #ece7df;border-radius:14px;overflow:hidden;text-decoration:none!important;color:inherit;box-shadow:0 6px 20px rgba(0,0,0,.06);transition:box-shadow .2s,transform .2s;margin-bottom:14px}\n.lkx-hero:hover{box-shadow:0 12px 30px rgba(0,0,0,.12);transform:translateY(-2px)}\n.lkx-hero-img{position:relative;min-height:230px;background-size:cover;background-position:center;background-color:#eee}\n.lkx-hero-body{padding:22px 24px;display:flex;flex-direction:column}\n.lkx-pick{position:absolute;top:12px;left:12px;background:#1a1a1a;color:#fff;font-size:11px;font-weight:700;letter-spacing:.5px;padding:5px 11px;border-radius:20px}\n\n\/* TITLE *\/\n.lkx-title{font-size:19px;font-weight:700;color:#161616;line-height:1.3}\n.lkx-title-sm{font-size:14.5px;line-height:1.35;display:-webkit-box;-webkit-line-clamp:2;-webkit-box-orient:vertical;overflow:hidden}\n\n\/* SOCIAL PROOF \u2014 v\u00fdrazn\u011b, naho\u0159e *\/\n.lkx-proof{display:flex;align-items:center;gap:7px;margin-top:12px;font-size:15px;color:#3a3a3a}\n.lkx-proof b{font-size:16px;color:#161616}\n.lkx-stars{color:#f5a623;letter-spacing:1px}\n.lkx-proof-sm{font-size:12.5px;margin-top:8px;gap:5px}\n.lkx-proof-sm b{font-size:13px}\n.lkx-proof-new{color:#3685fc;font-weight:600}\n\n\/* PRICE \u2014 n\u00edzk\u00e1 kotva *\/\n.lkx-price{font-size:14px;color:#6b7280}\n.lkx-price b{font-size:20px;color:#161616;font-weight:700}\n.lkx-price-sm b{font-size:15px}\n\n\/* CTA \u2014 tepl\u00e9 ak\u010dn\u00ed tla\u010d\u00edtko *\/\n.lkx-cta{display:inline-flex;align-items:center;justify-content:center;text-decoration:none!important;font-weight:700;color:#fff!important;background:linear-gradient(135deg,#f6743f,#e8552a);border-radius:10px;box-shadow:0 6px 16px rgba(232,85,42,.32);transition:box-shadow .2s}\n.lkx-cta-hero{font-size:15px;padding:13px 22px}\n.lkx-hero:hover .lkx-cta-hero{box-shadow:0 8px 22px rgba(232,85,42,.45)}\n.lkx-cta-sm{font-size:12.5px;padding:9px 14px;width:100%;margin-top:2px}\n.lkx-hero-bottom{margin-top:auto;padding-top:18px;display:flex;align-items:center;justify-content:space-between;gap:14px;flex-wrap:wrap}\n\n\/* BADGE \u2014 jeden v\u00fdrazn\u00fd na fotce *\/\n.lkx-badge{position:absolute;top:12px;right:12px;font-size:10.5px;font-weight:700;letter-spacing:.3px;padding:5px 10px;border-radius:16px;color:#fff}\n.lkx-badge.badge-urgency{background:rgba(214,40,40,.92)}\n.lkx-badge.badge-new{background:rgba(54,133,252,.92)}\n.lkx-badge.badge-top{background:rgba(195,159,118,.95)}\n.lkx-badge.badge-info{background:rgba(40,40,40,.78)}\n\n\/* SECONDARY GRID *\/\n.lkx-grid{display:grid;grid-template-columns:1fr 1fr;gap:14px}\n.lkx-card{background:#fff;border:1px solid #ece7df;border-radius:14px;overflow:hidden;text-decoration:none!important;color:inherit;box-shadow:0 4px 14px rgba(0,0,0,.05);display:flex;flex-direction:column;transition:box-shadow .2s,transform .2s}\n.lkx-card:hover{box-shadow:0 10px 24px rgba(0,0,0,.1);transform:translateY(-2px)}\n.lkx-card-img{position:relative;aspect-ratio:16\/10;background-size:cover;background-position:center;background-color:#eee}\n.lkx-card-body{padding:14px 16px 16px;display:flex;flex-direction:column;gap:7px;flex:1}\n.lkx-card-bottom{margin-top:auto;padding-top:10px;display:flex;align-items:center;justify-content:space-between;gap:8px}\n\n\/* DISCLOSURE \u2014 drobn\u00e1, kv\u016fli d\u016fv\u011b\u0159e\/z\u00e1konu *\/\n.lkx-disclosure{font-size:11px;color:#a7adb3;text-align:center;margin-top:14px;line-height:1.6}\n.lkx-disclosure a{color:#c39f76;text-decoration:none}\n\n@media(max-width:680px){\n  .lkx-hero{grid-template-columns:1fr}\n  .lkx-hero-img{min-height:180px}\n  .lkx-grid{grid-template-columns:1fr}\n  .lkx-head-meta{margin-left:0;width:100%}\n  .lkx-head-title{font-size:19px}\n}\n\n<\/style>\n<div class=\"lkx-module\" data-query=\"bonigen\">\n  <div class=\"lkx-head\">\n    <div class=\"lkx-head-main\">\n      <span class=\"lkx-head-accent\"><\/span>\n      <span class=\"lkx-head-title\">El\u00e4mykset ja liput<\/span>\n    <\/div>\n    <span class=\"lkx-head-meta\">matkailijoiden arvioima \u00b7 GetYourGuide<\/span>\n  <\/div><a class=\"lkx-hero\" href=\"https:\/\/www.getyourguide.com\/fi-fi\/bonn-l132\/panoraamanakyma-bonnin-ja-konigswinterin-valilla-siebengebirge-t770170\/?partner_id=MKZ64IS&amp;utm_medium=online_publisher&amp;cmp=bonigen-brienzinjarvi-vinkit\" target=\"_blank\" rel=\"sponsored noopener nofollow\">\n    <div class=\"lkx-hero-img\" style=\"background-image:url('https:\/\/cdn.getyourguide.com\/img\/tour\/622ebc7c2d84a3aa3b1f101d6c43b8cdc7fe6a43e72e0fa5c011d7b9f179e034.jpg\/132.jpg')\" role=\"img\" aria-label=\"Panoraaman\u00e4kym\u00e4 Bonnin ja K\u00f6nigswinterin v\u00e4lill\u00e4 (Siebengebirge)\">\n      <span class=\"lkx-pick\">\u2605 Suosituksemme<\/span><\/div>\n    <div class=\"lkx-hero-body\">\n      <div class=\"lkx-title\">Panoraaman\u00e4kym\u00e4 Bonnin ja K\u00f6nigswinterin v\u00e4lill\u00e4 (Siebengebirge)<\/div>\n      <div class=\"lkx-proof\">\n      <span class=\"lkx-stars\">\u2605\u2605\u2605\u2605\u2605<\/span>\n      <b>4.5<\/b> \u00b7 421 arvostelua\n    <\/div>\n      <div class=\"lkx-hero-bottom\"><div class=\"lkx-price\">alkaen <b>21\u00a0\u20ac<\/b><\/div><span class=\"lkx-cta lkx-cta-hero\">Haluan t\u00e4m\u00e4n el\u00e4myksen \u2192<\/span>\n      <\/div>\n    <\/div>\n  <\/a><div class=\"lkx-grid\"><a class=\"lkx-card\" href=\"https:\/\/www.getyourguide.com\/fi-fi\/bonn-l132\/bonn-jokiristeily-reinilla-konigswinteriin-t1005732\/?partner_id=MKZ64IS&amp;utm_medium=online_publisher&amp;cmp=bonigen-brienzinjarvi-vinkit\" target=\"_blank\" rel=\"sponsored noopener nofollow\">\n      <div class=\"lkx-card-img\" style=\"background-image:url('https:\/\/cdn.getyourguide.com\/img\/tour\/e56fd598e01d88c5827c88068ba667e859fe12e43851fe35b538c7e17499bfae.jpg\/132.jpg')\" role=\"img\" aria-label=\"Bonn: Jokiristeily Reinill\u00e4 K\u00f6nigswinteriin\"><\/div>\n      <div class=\"lkx-card-body\">\n        <div class=\"lkx-title lkx-title-sm\">Bonn: Jokiristeily Reinill\u00e4 K\u00f6nigswinteriin<\/div>\n        <div class=\"lkx-proof lkx-proof-sm\">\n      <span class=\"lkx-stars\">\u2605<\/span>\n      <b>4.2<\/b> \u00b7 88\n    <\/div>\n        <div class=\"lkx-card-bottom\"><span class=\"lkx-price lkx-price-sm\">alkaen <b>20\u00a0\u20ac<\/b><\/span><span class=\"lkx-cta lkx-cta-sm\">Katso p\u00e4iv\u00e4m\u00e4\u00e4r\u00e4t \u2192<\/span>\n        <\/div>\n      <\/div>\n    <\/a><a class=\"lkx-card\" href=\"https:\/\/www.getyourguide.com\/fi-fi\/bonn-l132\/ab-bonn-schiffstour-auf-dem-rhein-nach-linz-t456064\/?partner_id=MKZ64IS&amp;utm_medium=online_publisher&amp;cmp=bonigen-brienzinjarvi-vinkit\" target=\"_blank\" rel=\"sponsored noopener nofollow\">\n      <div class=\"lkx-card-img\" style=\"background-image:url('https:\/\/cdn.getyourguide.com\/img\/tour\/209491d995414e2a8c4c065c3f66a783addbfef4385b86bbaca2442ee19d6e42.jpg\/132.jpg')\" role=\"img\" aria-label=\"Bonnista: Linz Sightseeing Boat Tour\"><\/div>\n      <div class=\"lkx-card-body\">\n        <div class=\"lkx-title lkx-title-sm\">Bonnista: Linz Sightseeing Boat Tour<\/div>\n        <div class=\"lkx-proof lkx-proof-sm\">\n      <span class=\"lkx-stars\">\u2605<\/span>\n      <b>4.5<\/b> \u00b7 528\n    <\/div>\n        <div class=\"lkx-card-bottom\"><span class=\"lkx-price lkx-price-sm\">alkaen <b>26\u00a0\u20ac<\/b><\/span><span class=\"lkx-cta lkx-cta-sm\">Katso p\u00e4iv\u00e4m\u00e4\u00e4r\u00e4t \u2192<\/span>\n        <\/div>\n      <\/div>\n    <\/a><\/div><div class=\"lkx-disclosure\">\ud83d\udd17 N\u00e4m\u00e4 ovat kumppanilinkkej\u00e4 \u2014 ne eiv\u00e4t muuta hintaasi ja auttavat meit\u00e4 tekem\u00e4\u00e4n sis\u00e4lt\u00f6\u00e4. \u00b7 <a href=\"https:\/\/www.getyourguide.com\/fi-fi\/s\/?q=bonigen&amp;partner_id=MKZ64IS&amp;utm_medium=online_publisher\" target=\"_blank\" rel=\"sponsored noopener nofollow\">Kaikki el\u00e4mykset \u2192<\/a><\/div>\n<\/div>\n<!-- LKM_GYG_CARD end -->\n\n\n\n\n<div class=\"lk-stays-module\">\n<style>\n\/* \u2500\u2500\u2500 RESET PRO GUTENBERG \u2500\u2500\u2500 *\/\n.lk-stays-module * { box-sizing: border-box; margin: 0; padding: 0; }\n\n\/* \u2500\u2500\u2500 WRAPPER \u2500\u2500\u2500 *\/\n.lk-stays-module {\n  font-family: 'DM Sans', Georgia, sans-serif;\n  max-width: 100%;\n  margin: 2.5rem auto;\n  background: linear-gradient(135deg, #fdfaf5 0%, #fcf8f0 100%);\n  border: 1px solid #e8dfd4;\n  border-radius: 16px;\n  overflow: hidden;\n  box-shadow: 0 16px 48px rgba(195, 159, 118, 0.25), 0 4px 12px rgba(0,0,0,0.08);\n}\n\n\/* \u2500\u2500\u2500 HEADER \u2500\u2500\u2500 *\/\n.lk-stays-header {\n  position: relative;\n  padding: 24px 36px 24px;\n  background: linear-gradient(135deg, #c39f76 0%, #d4b188 60%, #c39f76 100%);\n  border-bottom: 1px solid rgba(255,255,255,.15);\n  display: flex;\n  align-items: center;\n  gap: 18px;\n}\n.lk-stays-header::before {\n  content: '';\n  position: absolute;\n  inset: 0;\n  background: url(\"data:image\/svg+xml,%3Csvg width='60' height='60' viewBox='0 0 60 60' xmlns='http:\/\/www.w3.org\/2000\/svg'%3E%3Cg fill='none' fill-rule='evenodd'%3E%3Cg fill='%23ffffff' fill-opacity='0.05'%3E%3Cpath d='M36 34v-4h-2v4h-4v2h4v4h2v-4h4v-2h-4zm0-30V0h-2v4h-4v2h4v4h2V6h4V4h-4zM6 34v-4H4v4H0v2h4v4h2v-4h4v-2H6zM6 4V0H4v4H0v2h4v4h2V6h4V4H6z'\/%3E%3C\/g%3E%3C\/g%3E%3C\/svg%3E\") repeat;\n  pointer-events: none;\n}\n.lk-stays-icon {\n  flex-shrink: 0;\n  width: 68px;\n  height: 68px;\n  border-radius: 14px;\n  background: linear-gradient(135deg, #fff 0%, #f9f6f0 100%);\n  display: flex;\n  align-items: center;\n  justify-content: center;\n  font-size: 26px;\n  box-shadow: 0 4px 12px rgba(0,0,0,0.15);\n}\n.lk-stays-eyebrow {\n  font-size: 10px;\n  font-weight: 500;\n  letter-spacing: 2.5px;\n  text-transform: uppercase;\n  color: rgba(255,255,255,.85);\n  margin: 0 0 5px 0;\n}\n.lk-stays-title {\n  font-family: 'Playfair Display', Georgia, serif;\n  font-size: 24px;\n  font-weight: 700;\n  color: #fff;\n  line-height: 1.2;\n  text-shadow: 0 1px 2px rgba(0,0,0,0.1);\n  margin: 0;\n}\n.lk-stays-subtitle {\n  font-size: 13px;\n  color: rgba(255,255,255,.75);\n  margin: 4px 0 0 0;\n  font-weight: 300;\n}\n\n\/* \u2500\u2500\u2500 CARDS GRID \u2500\u2500\u2500 *\/\n.lk-stays-grid {\n  display: grid;\n  grid-template-columns: 1fr 1fr;\n  gap: 1px;\n  background: rgba(195, 159, 118, 0.12);\n}\n\n\/* \u2500\u2500\u2500 SINGLE CARD \u2500\u2500\u2500 *\/\n.lk-stay-card {\n  background: #ffffff;\n  padding: 26px;\n  display: flex;\n  flex-direction: column;\n  gap: 11px;\n  transition: all 0.3s ease;\n  text-decoration: none;\n  color: inherit;\n  position: relative;\n}\n.lk-stay-card:hover {\n  background: #fffbf5;\n  transform: translateY(-2px);\n  box-shadow: 0 8px 24px rgba(195, 159, 118, 0.18);\n  z-index: 1;\n}\n.lk-stay-card.featured {\n  background: linear-gradient(135deg, #fffdf9 0%, #fff9f0 100%);\n  box-shadow: 0 4px 16px rgba(195, 159, 118, 0.15), inset 0 1px 0 rgba(195, 159, 118, 0.1);\n}\n.lk-stay-card.featured:hover {\n  background: linear-gradient(135deg, #fffbf5 0%, #fff8ed 100%);\n  box-shadow: 0 8px 24px rgba(195, 159, 118, 0.25), inset 0 1px 0 rgba(195, 159, 118, 0.15);\n}\n\n.lk-stay-badge {\n  display: inline-flex;\n  align-items: center;\n  gap: 5px;\n  font-size: 10px;\n  font-weight: 500;\n  letter-spacing: 1.5px;\n  text-transform: uppercase;\n  padding: 5px 11px;\n  border-radius: 20px;\n  width: fit-content;\n}\n.badge-top     { background: linear-gradient(135deg, #c39f76 0%, #d4b188 100%); color: #fff; border: 1px solid #c39f76; font-weight: 600; box-shadow: 0 2px 8px rgba(195,159,118,0.3); }\n.badge-luxury  { background: rgba(195,159,118,.12); color: #c39f76; border: 1px solid rgba(195,159,118,.25); }\n.badge-boutique{ background: rgba(54,133,252,.08); color: #3685fc; border: 1px solid rgba(54,133,252,.2); }\n.badge-nature  { background: rgba(130,190,100,.1); color: #6b9c4a; border: 1px solid rgba(130,190,100,.2); }\n.badge-remote  { background: rgba(195,159,118,.12); color: #a67e50; border: 1px solid rgba(195,159,118,.25); }\n\n.lk-stay-name {\n  font-family: 'Playfair Display', Georgia, serif;\n  font-size: 18px;\n  font-weight: 700;\n  color: #111827;\n  line-height: 1.3;\n}\n.lk-stay-desc {\n  font-size: 13.5px;\n  color: #525252;\n  line-height: 1.65;\n  font-weight: 300;\n  flex: 1;\n}\n\n.lk-stay-meta {\n  display: flex;\n  align-items: center;\n  gap: 12px;\n  flex-wrap: wrap;\n  margin-top: 4px;\n}\n.lk-stay-price {\n  font-size: 13px;\n  color: #6b7280;\n}\n.lk-stay-price strong {\n  color: #c39f76;\n  font-weight: 500;\n}\n.lk-stay-stars {\n  color: #c39f76;\n  font-size: 11px;\n  letter-spacing: 1px;\n}\n\n\/* \u2500\u2500\u2500 CTA BUTTON \u2500\u2500\u2500 *\/\n.lk-stay-cta {\n  display: inline-flex;\n  align-items: center;\n  justify-content: center;\n  gap: 7px;\n  margin-top: 8px;\n  padding: 11px 20px;\n  border-radius: 8px;\n  background: linear-gradient(135deg, #3685fc 0%, #2a6fd9 100%);\n  color: #fff;\n  font-size: 13px;\n  font-weight: 500;\n  text-decoration: none;\n  letter-spacing: .3px;\n  transition: all .2s ease;\n  cursor: pointer;\n  border: none;\n  text-align: center;\n  box-shadow: 0 4px 12px rgba(54, 133, 252, 0.25);\n}\n.lk-stay-cta:hover {\n  background: linear-gradient(135deg, #2a6fd9 0%, #1e5bc4 100%);\n  transform: translateY(-1px);\n  box-shadow: 0 6px 16px rgba(54, 133, 252, 0.35);\n}\n.lk-stay-cta svg { flex-shrink: 0; }\n\n\/* \u2500\u2500\u2500 FOOTER \u2500\u2500\u2500 *\/\n.lk-stays-footer {\n  padding: 18px 36px;\n  background: linear-gradient(to bottom, #fdfaf5 0%, #f9f4ed 100%);\n  border-top: 1px solid rgba(195, 159, 118, 0.15);\n  display: flex;\n  align-items: center;\n  justify-content: space-between;\n  flex-wrap: wrap;\n  gap: 12px;\n}\n.lk-stays-footer-note {\n  font-size: 11.5px;\n  color: #6b7280;\n  font-weight: 300;\n  line-height: 1.5;\n}\n.lk-stays-footer-note a {\n  color: #c39f76;\n  text-decoration: none;\n  font-weight: 400;\n}\n.lk-stays-footer-note a:hover {\n  text-decoration: underline;\n}\n.lk-stays-all-btn {\n  display: inline-flex;\n  align-items: center;\n  gap: 6px;\n  font-size: 12.5px;\n  font-weight: 500;\n  color: #c39f76;\n  text-decoration: none;\n  border: 1px solid rgba(195, 159, 118, 0.35);\n  padding: 8px 18px;\n  border-radius: 8px;\n  transition: all .2s ease;\n}\n.lk-stays-all-btn:hover {\n  background: rgba(195, 159, 118, 0.08);\n  border-color: rgba(195, 159, 118, 0.5);\n}\n\n\/* \u2500\u2500\u2500 RESPONSIVE \u2500\u2500\u2500 *\/\n@media (max-width: 600px) {\n  .lk-stays-grid { grid-template-columns: 1fr; }\n  .lk-stays-header { padding: 24px 20px; }\n  .lk-stays-footer { padding: 16px 20px; }\n  .lk-stay-card { padding: 22px; }\n  .lk-stays-title { font-size: 20px; }\n}\n<\/style>\n\n  <!-- HEADER -->\n  <div class=\"lk-stays-header\">\n    <img decoding=\"async\" src=\"https:\/\/loudavymkrokem.cz\/wp-content\/uploads\/2026\/02\/lukas-a-lucka.jpg\" alt=\"\" style=\"width: 75px; height: 75px; border-radius: 8px; flex-shrink: 0; object-fit: cover; display: block; margin: 4px 0;\" title=\"\">\n    <div class=\"lk-stays-header-text\">\n      <div class=\"lk-stays-eyebrow\">Luk\u00e1\u0161 ja Lucie suosittelevat<\/div>\n      <div class=\"lk-stays-title\">Miss\u00e4 y\u00f6py\u00e4 B\u00f6nigeniss\u00e4<\/div>\n      <div class=\"lk-stays-subtitle\">6 majoitusvaihtoehtoa \u2014 hotelleja, leirint\u00e4alueita ja muita majoituksia<\/div>\n    <\/div>\n  <\/div>\n\n  <!-- CARDS -->\n  <div class=\"lk-stays-grid\">\n\n    <a class=\"lk-stay-card featured\" href=\"https:\/\/www.stay22.com\/allez\/roam?aid=lukaskonecny&#038;campaign=loudavymkrokemcz&#038;campaign=fi&#038;campaign=bonigen&#038;hotelname=Hotel%20Seiler%20au%20Lac&#038;address=B%C3%B6nigen%2C%20%C5%A0v%C3%BDcarsko\" target=\"_blank\" rel=\"nofollow noopener\">\n      <span class=\"lk-stay-badge badge-top\">\u2b50 HUIPPUVALINTA<\/span>\n      <span class=\"lk-stay-badge badge-nature\">\ud83c\udfe8 Hotelli<\/span>\n      <div class=\"lk-stay-name\">Hotel Seiler au Lac<\/div>\n      <div class=\"lk-stay-desc\">Sijaitsee aivan rannan tuntumassa ja h\u00f6yrylaiva pys\u00e4htyy suoraan oven edess\u00e4. Nelj\u00e4kymment\u00e4 huonetta, n\u00e4kym\u00e4t vuorille ja vedelle.<\/div>\n      <div class=\"lk-stay-meta\">\n        <span class=\"lk-stay-stars\">\u2605\u2605\u2605\u2605<\/span>\n        <span class=\"lk-stay-price\">Tarkista hinnat<\/span>\n      <\/div>\n      <span class=\"lk-stay-cta\">\n        <svg width=\"14\" height=\"14\" viewBox=\"0 0 24 24\" fill=\"none\" stroke=\"currentColor\" stroke-width=\"2\"><path d=\"M18 13v6a2 2 0 0 1-2 2H5a2 2 0 0 1-2-2V8a2 2 0 0 1 2-2h6\"\/><polyline points=\"15 3 21 3 21 9\"\/><line x1=\"10\" y1=\"14\" x2=\"21\" y2=\"3\"\/><\/svg>\n        Tarkista saatavuus\n      <\/span>\n    <\/a>\n\n    <a class=\"lk-stay-card\" href=\"https:\/\/www.stay22.com\/allez\/roam?aid=lukaskonecny&#038;campaign=loudavymkrokemcz&#038;campaign=fi&#038;campaign=bonigen&#038;hotelname=Seehotel%20B%C3%B6nigen&#038;address=B%C3%B6nigen%2C%20%C5%A0v%C3%BDcarsko\" target=\"_blank\" rel=\"nofollow noopener\">\n      <span class=\"lk-stay-badge badge-nature\">\ud83c\udfe8 Hotelli<\/span>\n      <div class=\"lk-stay-name\">Seehotel B\u00f6nigen<\/div>\n      <div class=\"lk-stay-desc\">Erinomainen perhevalinta panoraaman\u00e4kymill\u00e4, oma arvostettu ravintola ja runsaat aamiaista.<\/div>\n      <div class=\"lk-stay-meta\">\n        <span class=\"lk-stay-stars\">\u2605\u2605\u2605\u2605<\/span>\n        <span class=\"lk-stay-price\">Tarkista hinnat<\/span>\n      <\/div>\n      <span class=\"lk-stay-cta\">\n        <svg width=\"14\" height=\"14\" viewBox=\"0 0 24 24\" fill=\"none\" stroke=\"currentColor\" stroke-width=\"2\"><path d=\"M18 13v6a2 2 0 0 1-2 2H5a2 2 0 0 1-2-2V8a2 2 0 0 1 2-2h6\"\/><polyline points=\"15 3 21 3 21 9\"\/><line x1=\"10\" y1=\"14\" x2=\"21\" y2=\"3\"\/><\/svg>\n        Tarkista saatavuus\n      <\/span>\n    <\/a>\n\n    <a class=\"lk-stay-card\" href=\"https:\/\/www.stay22.com\/allez\/roam?aid=lukaskonecny&#038;campaign=loudavymkrokemcz&#038;campaign=fi&#038;campaign=bonigen&#038;hotelname=TCS%20Camping%20B%C3%B6nigen%20Brienzersee&#038;address=B%C3%B6nigen%2C%20%C5%A0v%C3%BDcarsko\" target=\"_blank\" rel=\"nofollow noopener\">\n      <span class=\"lk-stay-badge badge-nature\">\u26fa Leirint\u00e4alue<\/span>\n      <div class=\"lk-stay-name\">TCS Camping B\u00f6nigen Brienzersee<\/div>\n      <div class=\"lk-stay-desc\">T\u00e4ydellinen budjettivalinta aivan j\u00e4rven rannalla 200 m rannasta. Ei uima-allasta, vain kahluuallas.<\/div>\n      <div class=\"lk-stay-meta\">\n        <span class=\"lk-stay-stars\">\u2605\u2605\u2605\u2605<\/span>\n        <span class=\"lk-stay-price\">alkaen 72-80 EUR\/y\u00f6<\/span>\n      <\/div>\n      <span class=\"lk-stay-cta\">\n        <svg width=\"14\" height=\"14\" viewBox=\"0 0 24 24\" fill=\"none\" stroke=\"currentColor\" stroke-width=\"2\"><path d=\"M18 13v6a2 2 0 0 1-2 2H5a2 2 0 0 1-2-2V8a2 2 0 0 1 2-2h6\"\/><polyline points=\"15 3 21 3 21 9\"\/><line x1=\"10\" y1=\"14\" x2=\"21\" y2=\"3\"\/><\/svg>\n        Tarkista saatavuus\n      <\/span>\n    <\/a>\n\n    <a class=\"lk-stay-card\" href=\"https:\/\/www.stay22.com\/allez\/roam?aid=lukaskonecny&#038;campaign=loudavymkrokemcz&#038;campaign=fi&#038;campaign=bonigen&#038;hotelname=Mountain%20and%20Lake&#038;address=B%C3%B6nigen%2C%20%C5%A0v%C3%BDcarsko\" target=\"_blank\" rel=\"nofollow noopener\">\n      <span class=\"lk-stay-badge badge-nature\">\ud83c\udfe1 Huoneisto<\/span>\n      <div class=\"lk-stay-name\">Mountain and Lake<\/div>\n      <div class=\"lk-stay-desc\">Erinomaisesti arvosteltu yksityinen huoneisto t\u00e4ysin varustetulla keitti\u00f6ll\u00e4 ja kauniilla terassilla pidemp\u00e4\u00e4 oleskelua varten.<\/div>\n      <div class=\"lk-stay-meta\">\n        <span class=\"lk-stay-stars\">\u2605\u2605\u2605\u2605<\/span>\n        <span class=\"lk-stay-price\">Tarkista hinnat<\/span>\n      <\/div>\n      <span class=\"lk-stay-cta\">\n        <svg width=\"14\" height=\"14\" viewBox=\"0 0 24 24\" fill=\"none\" stroke=\"currentColor\" stroke-width=\"2\"><path d=\"M18 13v6a2 2 0 0 1-2 2H5a2 2 0 0 1-2-2V8a2 2 0 0 1 2-2h6\"\/><polyline points=\"15 3 21 3 21 9\"\/><line x1=\"10\" y1=\"14\" x2=\"21\" y2=\"3\"\/><\/svg>\n        Tarkista saatavuus\n      <\/span>\n    <\/a>\n\n    <a class=\"lk-stay-card\" href=\"https:\/\/www.stay22.com\/allez\/roam?aid=lukaskonecny&#038;campaign=loudavymkrokemcz&#038;campaign=fi&#038;campaign=bonigen&#038;hotelname=Walida&#038;address=B%C3%B6nigen%2C%20%C5%A0v%C3%BDcarsko\" target=\"_blank\" rel=\"nofollow noopener\">\n      <span class=\"lk-stay-badge badge-nature\">\ud83c\udfe8 Hotelli<\/span>\n      <div class=\"lk-stay-name\">Walida<\/div>\n      <div class=\"lk-stay-desc\">Yksinkertaisempi mutta viihtyis\u00e4 hotelli kohtuulliseen hintaan, parvekkeet n\u00e4kymill\u00e4 Alppien huipuille.<\/div>\n      <div class=\"lk-stay-meta\">\n        <span class=\"lk-stay-stars\">\u2605\u2605\u2605\u2605<\/span>\n        <span class=\"lk-stay-price\">Tarkista hinnat<\/span>\n      <\/div>\n      <span class=\"lk-stay-cta\">\n        <svg width=\"14\" height=\"14\" viewBox=\"0 0 24 24\" fill=\"none\" stroke=\"currentColor\" stroke-width=\"2\"><path d=\"M18 13v6a2 2 0 0 1-2 2H5a2 2 0 0 1-2-2V8a2 2 0 0 1 2-2h6\"\/><polyline points=\"15 3 21 3 21 9\"\/><line x1=\"10\" y1=\"14\" x2=\"21\" y2=\"3\"\/><\/svg>\n        Tarkista saatavuus\n      <\/span>\n    <\/a>\n\n    <a class=\"lk-stay-card\" href=\"https:\/\/www.stay22.com\/allez\/roam?aid=lukaskonecny&#038;campaign=loudavymkrokemcz&#038;campaign=fi&#038;campaign=bonigen&#038;address=B%C3%B6nigen&#038;hotelname=Grandhotel+Giessbach&#038;search=Grandhotel+Giessbach&#038;category=accommodation\" target=\"_blank\" rel=\"nofollow noopener\">\n      <span class=\"lk-stay-badge badge-nature\">\u2b50 Luxury<\/span>\n      <div class=\"lk-stay-name\">Grandhotel Giessbach<\/div>\n      <div class=\"lk-stay-desc\">Ylellinen 1800-luvun palatsi Giessbachin vesiputouksen yl\u00e4puolella 22 hehtaarin puistolla ja n\u00e4k\u00f6alaterassilla.<\/div>\n      <div class=\"lk-stay-meta\">\n        <span class=\"lk-stay-stars\">\u2605\u2605\u2605\u2605<\/span>\n        <span class=\"lk-stay-price\">Tarkista hinnat<\/span>\n      <\/div>\n      <span class=\"lk-stay-cta\">\n        <svg width=\"14\" height=\"14\" viewBox=\"0 0 24 24\" fill=\"none\" stroke=\"currentColor\" stroke-width=\"2\"><path d=\"M18 13v6a2 2 0 0 1-2 2H5a2 2 0 0 1-2-2V8a2 2 0 0 1 2-2h6\"\/><polyline points=\"15 3 21 3 21 9\"\/><line x1=\"10\" y1=\"14\" x2=\"21\" y2=\"3\"\/><\/svg>\n        Tarkista saatavuus\n      <\/span>\n    <\/a>\n\n  <\/div>\n\n  \n<\/div>\n\n\n\n\n<h3 class=\"wp-block-heading\"><span class=\"ez-toc-section\" id=\"15_Mannlichen_ja_panoraamareitti_Kleine_Scheideggille\"><\/span>15. M\u00e4nnlichen ja panoraamareitti Kleine Scheideggille<span class=\"ez-toc-section-end\"><\/span><\/h3>\n\n\n\n<p class=\"wp-block-paragraph\">T\u00e4m\u00e4 on selv\u00e4 valintani, kun menen vuorille pienten lasten kanssa. K\u00f6ysirata vie sinut <strong>M\u00e4nnlichenille 2 222 metriin<\/strong>, ja sielt\u00e4 Kleine Scheideggille kulkee <strong>4,5 kilometrin pituinen panoraamareitti<\/strong>, joka vie tunnin tai puolitoista. L\u00e4hes koko ajan kuljetaan alam\u00e4ke\u00e4, ja <strong>se on leve\u00e4 sorapohjainen tie, joka on kuljettavissa maastorattaillakin<\/strong>.<\/p>\n\n\n\n<p class=\"wp-block-paragraph\">Koko ajan sinulla on suoraan edess\u00e4si <strong>Eiger, M\u00f6nch ja Jungfrau<\/strong>, joten se on paras n\u00e4kym\u00e4n ja vaivann\u00e4\u00f6n suhde, jonka alueella l\u00f6yd\u00e4t. Perill\u00e4 <strong>Kleine Scheideggilla 2 061 metriss\u00e4<\/strong> nouset junaan ja annat kuljettaa itsesi takaisin alas.<\/p>\n\n\n\n<p class=\"wp-block-paragraph\">Ennen kuin l\u00e4hdet, tee viel\u00e4 <strong>Royal Walk<\/strong> \u2014 se on haara yl\u00e4asemalta itse M\u00e4nnlichenin huipulle 2 345 metriin. Nouset vain reilut sata metri\u00e4, ja se vie sinulta <strong>puoli tuntia<\/strong>, mutta n\u00e4k\u00f6ala ylh\u00e4\u00e4lt\u00e4 on aivan eri luokkaa kuin asemalta.<\/p>\n\n\n\n<p class=\"wp-block-paragraph\">\ud83d\udca1 Vinkki: K\u00f6ysiradat M\u00e4nnlichenille kulkevat <strong>23. toukokuuta\u201325. lokakuuta<\/strong>. Wengenist\u00e4 voit viiden frangin lis\u00e4maksusta ostaa &#8220;Royal Riden&#8221; ja matkustaa <strong>avoimella parvekkeella kabiinin katolla<\/strong> \u2014 lapset ovat siit\u00e4 yleens\u00e4 aivan haltioissaan.<\/p>\n\n\n\n<figure data-wp-context=\"{&quot;imageId&quot;:&quot;6a950604b0a37&quot;}\" data-wp-interactive=\"core\/image\" data-wp-key=\"6a950604b0a37\" class=\"wp-block-image size-full wp-lightbox-container\"><img decoding=\"async\" width=\"1920\" height=\"1289\" data-wp-class--hide=\"state.isContentHidden\" data-wp-class--show=\"state.isContentVisible\" data-wp-init=\"callbacks.setButtonStyles\" data-wp-on--click=\"actions.showLightbox\" data-wp-on--load=\"callbacks.setButtonStyles\" data-wp-on--pointerdown=\"actions.preloadImage\" data-wp-on--pointerenter=\"actions.preloadImageWithDelay\" data-wp-on--pointerleave=\"actions.cancelPreload\" data-wp-on-window--resize=\"callbacks.setButtonStyles\" src=\"https:\/\/loudavymkrokem.cz\/wp-content\/uploads\/2026\/08\/bonigen-eiger-severni-stena-1.jpg\" alt=\"Eigerin pohjoissein\u00e4m\u00e4, jonka alta Eiger Trail kulkee\" class=\"wp-image-407136\" title=\"\" srcset=\"https:\/\/loudavymkrokem.cz\/wp-content\/uploads\/2026\/08\/bonigen-eiger-severni-stena-1.jpg 1920w, https:\/\/loudavymkrokem.cz\/wp-content\/uploads\/2026\/08\/bonigen-eiger-severni-stena-1-300x201.jpg 300w, https:\/\/loudavymkrokem.cz\/wp-content\/uploads\/2026\/08\/bonigen-eiger-severni-stena-1-700x470.jpg 700w, https:\/\/loudavymkrokem.cz\/wp-content\/uploads\/2026\/08\/bonigen-eiger-severni-stena-1-768x516.jpg 768w, https:\/\/loudavymkrokem.cz\/wp-content\/uploads\/2026\/08\/bonigen-eiger-severni-stena-1-1536x1031.jpg 1536w, https:\/\/loudavymkrokem.cz\/wp-content\/uploads\/2026\/08\/bonigen-eiger-severni-stena-1-696x467.jpg 696w, https:\/\/loudavymkrokem.cz\/wp-content\/uploads\/2026\/08\/bonigen-eiger-severni-stena-1-1392x935.jpg 1392w\" sizes=\"(max-width: 1920px) 100vw, 1920px\" \/><button\n\t\t\tclass=\"lightbox-trigger\"\n\t\t\ttype=\"button\"\n\t\t\taria-haspopup=\"dialog\"\n\t\t\tdata-wp-bind--aria-label=\"state.thisImage.triggerButtonAriaLabel\"\n\t\t\tdata-wp-init=\"callbacks.initTriggerButton\"\n\t\t\tdata-wp-on--click=\"actions.showLightbox\"\n\t\t\tdata-wp-style--right=\"state.thisImage.buttonRight\"\n\t\t\tdata-wp-style--top=\"state.thisImage.buttonTop\"\n\t\t>\n\t\t\t<svg xmlns=\"http:\/\/www.w3.org\/2000\/svg\" width=\"12\" height=\"12\" fill=\"none\" viewBox=\"0 0 12 12\">\n\t\t\t\t<path fill=\"#fff\" d=\"M2 0a2 2 0 0 0-2 2v2h1.5V2a.5.5 0 0 1 .5-.5h2V0H2Zm2 10.5H2a.5.5 0 0 1-.5-.5V8H0v2a2 2 0 0 0 2 2h2v-1.5ZM8 12v-1.5h2a.5.5 0 0 0 .5-.5V8H12v2a2 2 0 0 1-2 2H8Zm2-12a2 2 0 0 1 2 2v2h-1.5V2a.5.5 0 0 0-.5-.5H8V0h2Z\" \/>\n\t\t\t<\/svg>\n\t\t<\/button><figcaption class=\"wp-element-caption\">Foto: Kurt Ritschard \/ Wikimedia Commons, CC BY-SA 2.0<\/figcaption><\/figure>\n\n\n\n<h3 class=\"wp-block-heading\"><span class=\"ez-toc-section\" id=\"16_Eiger_Trail_suoraan_pohjoisseinaman_alla\"><\/span>16. Eiger Trail suoraan pohjoissein\u00e4m\u00e4n alla<span class=\"ez-toc-section-end\"><\/span><\/h3>\n\n\n\n<p class=\"wp-block-paragraph\">Jos vuoret kiinnostavat sinua my\u00f6s tarinana, t\u00e4m\u00e4 on se reitti. Nouset <strong>Eigergletscherille 2 348 metriin<\/strong>, ja sielt\u00e4 kuljet <strong>noin kuusi kilometri\u00e4 alas Alpigleniin 1 616 metriin<\/strong>. Kokonaiset kaksi tuntia liikut suoraan <strong>Eigerin pohjoissein\u00e4m\u00e4n alla<\/strong>, joka kohoaa yl\u00e4puolellasi yli 1 600 metri\u00e4.<\/p>\n\n\n\n<p class=\"wp-block-paragraph\">Se on paikka, jossa kirjoitettiin ja p\u00e4\u00e4ttyi vuorikiipeilij\u00f6iden kohtaloita, ja reitilt\u00e4 l\u00f6yd\u00e4t my\u00f6s laatan muistokilpineen. Reitti on merkitty <strong>keskivaativaksi, laskeudut siin\u00e4 noin 780 metri\u00e4<\/strong>, ja alttiimmissa osuuksissa on kiristettyj\u00e4 turvak\u00f6ysi\u00e4. Virkist\u00e4yty\u00e4 voi alussa ja lopussa.<\/p>\n\n\n\n<p class=\"wp-block-paragraph\">Varo kautta, sill\u00e4 t\u00e4m\u00e4 polku avautuu kaikista my\u00f6h\u00e4isimmin. <strong>Lumi pit\u00e4\u00e4 sen usein suljettuna hein\u00e4kuun alkuun asti<\/strong> ja se on kuljettavissa suunnilleen lokakuun puoliv\u00e4liin. Ennen retke\u00e4 tarkista aina ajantasainen tila \u2014 se voi muuttua p\u00e4iv\u00e4st\u00e4 toiseen.<\/p>\n\n\n\n<p class=\"wp-block-paragraph\">\ud83d\udca1 Vinkki: <strong>Lastenrattailla t\u00e4nne ei p\u00e4\u00e4se<\/strong>, ja pienemm\u00e4t lapset tarvitsevat kivikkoisissa osuuksissa apua. Takaisin Alpiglenist\u00e4 kulkee juna Grindelwaldiin, mutta se on <strong>pyynn\u00f6st\u00e4 pys\u00e4htyv\u00e4 asema<\/strong>, joten muista antaa kuljettajalle merkki.<\/p>\n\n\n\n<figure data-wp-context=\"{&quot;imageId&quot;:&quot;6a950604b1375&quot;}\" data-wp-interactive=\"core\/image\" data-wp-key=\"6a950604b1375\" class=\"wp-block-image size-full wp-lightbox-container\"><img decoding=\"async\" width=\"1920\" height=\"1282\" data-wp-class--hide=\"state.isContentHidden\" data-wp-class--show=\"state.isContentVisible\" data-wp-init=\"callbacks.setButtonStyles\" data-wp-on--click=\"actions.showLightbox\" data-wp-on--load=\"callbacks.setButtonStyles\" data-wp-on--pointerdown=\"actions.preloadImage\" data-wp-on--pointerenter=\"actions.preloadImageWithDelay\" data-wp-on--pointerleave=\"actions.cancelPreload\" data-wp-on-window--resize=\"callbacks.setButtonStyles\" src=\"https:\/\/loudavymkrokem.cz\/wp-content\/uploads\/2026\/08\/bonigen-niederhorn-kozorozec-1.jpg\" alt=\"Nuoria alppikauriita Niederhornin harjanteella h\u00e4m\u00e4r\u00e4n aikaan\" class=\"wp-image-407139\" title=\"\" srcset=\"https:\/\/loudavymkrokem.cz\/wp-content\/uploads\/2026\/08\/bonigen-niederhorn-kozorozec-1.jpg 1920w, https:\/\/loudavymkrokem.cz\/wp-content\/uploads\/2026\/08\/bonigen-niederhorn-kozorozec-1-300x200.jpg 300w, https:\/\/loudavymkrokem.cz\/wp-content\/uploads\/2026\/08\/bonigen-niederhorn-kozorozec-1-700x467.jpg 700w, https:\/\/loudavymkrokem.cz\/wp-content\/uploads\/2026\/08\/bonigen-niederhorn-kozorozec-1-768x513.jpg 768w, https:\/\/loudavymkrokem.cz\/wp-content\/uploads\/2026\/08\/bonigen-niederhorn-kozorozec-1-1536x1026.jpg 1536w, https:\/\/loudavymkrokem.cz\/wp-content\/uploads\/2026\/08\/bonigen-niederhorn-kozorozec-1-696x465.jpg 696w, https:\/\/loudavymkrokem.cz\/wp-content\/uploads\/2026\/08\/bonigen-niederhorn-kozorozec-1-1392x929.jpg 1392w\" sizes=\"(max-width: 1920px) 100vw, 1920px\" \/><button\n\t\t\tclass=\"lightbox-trigger\"\n\t\t\ttype=\"button\"\n\t\t\taria-haspopup=\"dialog\"\n\t\t\tdata-wp-bind--aria-label=\"state.thisImage.triggerButtonAriaLabel\"\n\t\t\tdata-wp-init=\"callbacks.initTriggerButton\"\n\t\t\tdata-wp-on--click=\"actions.showLightbox\"\n\t\t\tdata-wp-style--right=\"state.thisImage.buttonRight\"\n\t\t\tdata-wp-style--top=\"state.thisImage.buttonTop\"\n\t\t>\n\t\t\t<svg xmlns=\"http:\/\/www.w3.org\/2000\/svg\" width=\"12\" height=\"12\" fill=\"none\" viewBox=\"0 0 12 12\">\n\t\t\t\t<path fill=\"#fff\" d=\"M2 0a2 2 0 0 0-2 2v2h1.5V2a.5.5 0 0 1 .5-.5h2V0H2Zm2 10.5H2a.5.5 0 0 1-.5-.5V8H0v2a2 2 0 0 0 2 2h2v-1.5ZM8 12v-1.5h2a.5.5 0 0 0 .5-.5V8H12v2a2 2 0 0 1-2 2H8Zm2-12a2 2 0 0 1 2 2v2h-1.5V2a.5.5 0 0 0-.5-.5H8V0h2Z\" \/>\n\t\t\t<\/svg>\n\t\t<\/button><figcaption class=\"wp-element-caption\">Foto: Ostaehli \/ Wikimedia Commons, CC BY-SA 4.0<\/figcaption><\/figure>\n\n\n\n<h3 class=\"wp-block-heading\"><span class=\"ez-toc-section\" id=\"17_Niederhorn_ja_alppikauriit_Thuninjarven_ylla\"><\/span>17. Niederhorn ja alppikauriit Thuninj\u00e4rven yll\u00e4<span class=\"ez-toc-section-end\"><\/span><\/h3>\n\n\n\n<p class=\"wp-block-paragraph\">Kun kaikki matkustavat Grindelwaldiin, Interlakenin toisella puolella on <strong>Niederhorn 1 950 metriss\u00e4<\/strong>, ja siell\u00e4 on huomattavasti rauhallisempaa. Yl\u00f6s p\u00e4\u00e4set Thuninj\u00e4rven rannalta maak\u00e4yt\u00e4v\u00e4ll\u00e4 ja sitten gondolilla, kaikkiaan se kest\u00e4\u00e4 <strong>noin puoli tuntia<\/strong>.<\/p>\n\n\n\n<p class=\"wp-block-paragraph\">P\u00e4\u00e4veto ovat t\u00e4\u00e4ll\u00e4 <strong>alppikauriit<\/strong>. Paikallisen yhdyskunnan perustivat vuonna 1949 istuttamalla kolme urosta, ja nyky\u00e4\u00e4n niit\u00e4 el\u00e4\u00e4 t\u00e4\u00e4ll\u00e4 <strong>seitsem\u00e4st\u00e4kymmenest\u00e4viidest\u00e4 sataan<\/strong>. Hein\u00e4kuusta syyskuuhun t\u00e4\u00e4lt\u00e4 l\u00e4htee lis\u00e4ksi joka torstai aamup\u00e4iv\u00e4ll\u00e4 opastettu retkikunta paikallisen asiantuntijan kanssa suoraan laumojen luo.<\/p>\n\n\n\n<p class=\"wp-block-paragraph\">Harjannereitti t\u00e4\u00e4lt\u00e4 <strong>Gemmenalphornille 2 061 metriin<\/strong> sai kultamitalin Sveitsin kauneimmasta vaellusreitist\u00e4, mutta se on koko p\u00e4iv\u00e4n juttu hyv\u00e4kuntoisille. Lasten kanssa p\u00e4rj\u00e4\u00e4t <strong>kuudensadan metrin lenkill\u00e4 suoraan asemalla<\/strong>, jonka suoritat puolessa tunnissa ja jonka ylh\u00e4\u00e4ll\u00e4 on ravintola leikkipaikkoineen.<\/p>\n\n\n\n<p class=\"wp-block-paragraph\">\ud83d\udca1 Vinkki: K\u00f6ysiradat kulkevat <strong>1. toukokuuta\u201315. marraskuuta<\/strong>. Edestakainen lippu j\u00e4rvelt\u00e4 maksaa 65 frangia, mutta jos ajat bussilla Beatenbergiin asti ja nouset siell\u00e4, <strong>maksat vain 49<\/strong>. Niederhorn antaa lis\u00e4ksi <strong>perhealennuksen \u2014 maksat vain ensimm\u00e4isest\u00e4 lapsesta<\/strong>.<\/p>\n\n\n\n<figure data-wp-context=\"{&quot;imageId&quot;:&quot;6a950604b1c67&quot;}\" data-wp-interactive=\"core\/image\" data-wp-key=\"6a950604b1c67\" class=\"wp-block-image size-full wp-lightbox-container\"><img decoding=\"async\" width=\"1920\" height=\"1280\" data-wp-class--hide=\"state.isContentHidden\" data-wp-class--show=\"state.isContentVisible\" data-wp-init=\"callbacks.setButtonStyles\" data-wp-on--click=\"actions.showLightbox\" data-wp-on--load=\"callbacks.setButtonStyles\" data-wp-on--pointerdown=\"actions.preloadImage\" data-wp-on--pointerenter=\"actions.preloadImageWithDelay\" data-wp-on--pointerleave=\"actions.cancelPreload\" data-wp-on-window--resize=\"callbacks.setButtonStyles\" src=\"https:\/\/loudavymkrokem.cz\/wp-content\/uploads\/2026\/08\/bonigen-brienzer-rothorn-parni-lokomotiva.jpg\" alt=\"Hammasradan h\u00f6yryveturi Brienzer Rothornin huippuasemalla\" class=\"wp-image-407156\" title=\"\" srcset=\"https:\/\/loudavymkrokem.cz\/wp-content\/uploads\/2026\/08\/bonigen-brienzer-rothorn-parni-lokomotiva.jpg 1920w, https:\/\/loudavymkrokem.cz\/wp-content\/uploads\/2026\/08\/bonigen-brienzer-rothorn-parni-lokomotiva-300x200.jpg 300w, https:\/\/loudavymkrokem.cz\/wp-content\/uploads\/2026\/08\/bonigen-brienzer-rothorn-parni-lokomotiva-700x467.jpg 700w, https:\/\/loudavymkrokem.cz\/wp-content\/uploads\/2026\/08\/bonigen-brienzer-rothorn-parni-lokomotiva-768x512.jpg 768w, https:\/\/loudavymkrokem.cz\/wp-content\/uploads\/2026\/08\/bonigen-brienzer-rothorn-parni-lokomotiva-1536x1024.jpg 1536w, https:\/\/loudavymkrokem.cz\/wp-content\/uploads\/2026\/08\/bonigen-brienzer-rothorn-parni-lokomotiva-696x464.jpg 696w, https:\/\/loudavymkrokem.cz\/wp-content\/uploads\/2026\/08\/bonigen-brienzer-rothorn-parni-lokomotiva-1392x928.jpg 1392w\" sizes=\"(max-width: 1920px) 100vw, 1920px\" \/><button\n\t\t\tclass=\"lightbox-trigger\"\n\t\t\ttype=\"button\"\n\t\t\taria-haspopup=\"dialog\"\n\t\t\tdata-wp-bind--aria-label=\"state.thisImage.triggerButtonAriaLabel\"\n\t\t\tdata-wp-init=\"callbacks.initTriggerButton\"\n\t\t\tdata-wp-on--click=\"actions.showLightbox\"\n\t\t\tdata-wp-style--right=\"state.thisImage.buttonRight\"\n\t\t\tdata-wp-style--top=\"state.thisImage.buttonTop\"\n\t\t>\n\t\t\t<svg xmlns=\"http:\/\/www.w3.org\/2000\/svg\" width=\"12\" height=\"12\" fill=\"none\" viewBox=\"0 0 12 12\">\n\t\t\t\t<path fill=\"#fff\" d=\"M2 0a2 2 0 0 0-2 2v2h1.5V2a.5.5 0 0 1 .5-.5h2V0H2Zm2 10.5H2a.5.5 0 0 1-.5-.5V8H0v2a2 2 0 0 0 2 2h2v-1.5ZM8 12v-1.5h2a.5.5 0 0 0 .5-.5V8H12v2a2 2 0 0 1-2 2H8Zm2-12a2 2 0 0 1 2 2v2h-1.5V2a.5.5 0 0 0-.5-.5H8V0h2Z\" \/>\n\t\t\t<\/svg>\n\t\t<\/button><figcaption class=\"wp-element-caption\">Foto: Uwelino \/ Wikimedia Commons, CC BY-SA 4.0<\/figcaption><\/figure>\n\n\n\n<h3 class=\"wp-block-heading\"><span class=\"ez-toc-section\" id=\"18_Hoyryhammasradalla_Brienzer_Rothornille\"><\/span>18. H\u00f6yryhammasradalla Brienzer Rothornille<span class=\"ez-toc-section-end\"><\/span><\/h3>\n\n\n\n<p class=\"wp-block-paragraph\">T\u00e4m\u00e4 retki on el\u00e4mys jo itse matkan takia. J\u00e4rven toisessa p\u00e4\u00e4ss\u00e4 olevasta Brienzist\u00e4 l\u00e4htee <strong>h\u00f6yryhammasrata vuodelta 1892<\/strong>, joka on Furka-radan ohella <strong>ainoa s\u00e4\u00e4nn\u00f6llisesti h\u00f6yryll\u00e4 liikenn\u00f6ity rautatie Sveitsiss\u00e4<\/strong>. Tunnissa se kiipe\u00e4\u00e4 seitsem\u00e4n ja puolen kilometrin radalla <strong>1 678 korkeusmetri\u00e4<\/strong>.<\/p>\n\n\n\n<p class=\"wp-block-paragraph\">Yl\u00e4asema sijaitsee <strong>2 244 metriss\u00e4<\/strong>, ja itse Brienzer Rothornin huipulle 2 350 metriin k\u00e4velet <strong>viidess\u00e4toista minuutissa<\/strong>. N\u00e4k\u00f6ala t\u00e4\u00e4lt\u00e4 on poikkeuksellinen \u2014 sanotaan, ett\u00e4 t\u00e4\u00e4lt\u00e4 n\u00e4kee <strong>693 huippua<\/strong>. Ylh\u00e4\u00e4ll\u00e4 on kaksi ravintolaa, ja vuoristohotellissa voi my\u00f6s y\u00f6py\u00e4.<\/p>\n\n\n\n<p class=\"wp-block-paragraph\">Jos haluaa k\u00e4vell\u00e4, voi laskeutua v\u00e4liasema <strong>Planalpille kahdessa ja puolessa tunnissa<\/strong> ja laskea sielt\u00e4 junalla. Laskeutumista kertyy noin tuhat metri\u00e4, joten se pist\u00e4\u00e4 polvet koville. B\u00f6nigenist\u00e4 p\u00e4\u00e4set t\u00e4nne Interlaken Ostin kautta, josta on junalla Brienziin <strong>alle kaksikymment\u00e4 minuuttia<\/strong>.<\/p>\n\n\n\n<p class=\"wp-block-paragraph\">\ud83d\udca1 Vinkki: Huipulle asti ajetaan <strong>vain 6. kes\u00e4kuuta\u201325. lokakuuta<\/strong>, aiemmin rata p\u00e4\u00e4ttyy Planalpille. Edestakainen lippu maksaa 98 frangia, mutta <strong>6\u201315-vuotiaat lapset matkustavat kymmenell\u00e4 frangilla<\/strong>, ja Bernese Oberland Passilla saat matkan ilmaiseksi. Kahdeksalla frangilla voit varata tietyn paikan.<\/p>\n\n\n\n<figure data-wp-context=\"{&quot;imageId&quot;:&quot;6a950604b2434&quot;}\" data-wp-interactive=\"core\/image\" data-wp-key=\"6a950604b2434\" class=\"wp-block-image size-full wp-lightbox-container\"><img decoding=\"async\" width=\"1800\" height=\"1224\" data-wp-class--hide=\"state.isContentHidden\" data-wp-class--show=\"state.isContentVisible\" data-wp-init=\"callbacks.setButtonStyles\" data-wp-on--click=\"actions.showLightbox\" data-wp-on--load=\"callbacks.setButtonStyles\" data-wp-on--pointerdown=\"actions.preloadImage\" data-wp-on--pointerenter=\"actions.preloadImageWithDelay\" data-wp-on--pointerleave=\"actions.cancelPreload\" data-wp-on-window--resize=\"callbacks.setButtonStyles\" src=\"https:\/\/loudavymkrokem.cz\/wp-content\/uploads\/2026\/08\/articles-bonigen-18.jpg\" alt=\"Brienzinj\u00e4rvi lintuperspektiivist\u00e4\" class=\"wp-image-404497\" title=\"\" srcset=\"https:\/\/loudavymkrokem.cz\/wp-content\/uploads\/2026\/08\/articles-bonigen-18.jpg 1800w, https:\/\/loudavymkrokem.cz\/wp-content\/uploads\/2026\/08\/articles-bonigen-18-300x204.jpg 300w, https:\/\/loudavymkrokem.cz\/wp-content\/uploads\/2026\/08\/articles-bonigen-18-700x476.jpg 700w, https:\/\/loudavymkrokem.cz\/wp-content\/uploads\/2026\/08\/articles-bonigen-18-768x522.jpg 768w, https:\/\/loudavymkrokem.cz\/wp-content\/uploads\/2026\/08\/articles-bonigen-18-1536x1044.jpg 1536w, https:\/\/loudavymkrokem.cz\/wp-content\/uploads\/2026\/08\/articles-bonigen-18-696x473.jpg 696w, https:\/\/loudavymkrokem.cz\/wp-content\/uploads\/2026\/08\/articles-bonigen-18-1392x947.jpg 1392w\" sizes=\"(max-width: 1800px) 100vw, 1800px\" \/><button\n\t\t\tclass=\"lightbox-trigger\"\n\t\t\ttype=\"button\"\n\t\t\taria-haspopup=\"dialog\"\n\t\t\tdata-wp-bind--aria-label=\"state.thisImage.triggerButtonAriaLabel\"\n\t\t\tdata-wp-init=\"callbacks.initTriggerButton\"\n\t\t\tdata-wp-on--click=\"actions.showLightbox\"\n\t\t\tdata-wp-style--right=\"state.thisImage.buttonRight\"\n\t\t\tdata-wp-style--top=\"state.thisImage.buttonTop\"\n\t\t>\n\t\t\t<svg xmlns=\"http:\/\/www.w3.org\/2000\/svg\" width=\"12\" height=\"12\" fill=\"none\" viewBox=\"0 0 12 12\">\n\t\t\t\t<path fill=\"#fff\" d=\"M2 0a2 2 0 0 0-2 2v2h1.5V2a.5.5 0 0 1 .5-.5h2V0H2Zm2 10.5H2a.5.5 0 0 1-.5-.5V8H0v2a2 2 0 0 0 2 2h2v-1.5ZM8 12v-1.5h2a.5.5 0 0 0 .5-.5V8H12v2a2 2 0 0 1-2 2H8Zm2-12a2 2 0 0 1 2 2v2h-1.5V2a.5.5 0 0 0-.5-.5H8V0h2Z\" \/>\n\t\t\t<\/svg>\n\t\t<\/button><figcaption class=\"wp-element-caption\">Foto: Carsten Steger \/ Wikimedia Commons, CC BY-SA 4.0<\/figcaption><\/figure>\n\n\n\n<h2 class=\"wp-block-heading\"><span class=\"ez-toc-section\" id=\"Retket_Bonigenista_6_vinkkia_ymparistoon\"><\/span>Retket B\u00f6nigenist\u00e4: 6 vinkki\u00e4 ymp\u00e4rist\u00f6\u00f6n<span class=\"ez-toc-section-end\"><\/span><\/h2>\n\n\n\n<p class=\"wp-block-paragraph\">Jos sinulla on B\u00f6nigen kotitukikohtanasi, sinulle avautuu <strong>koko Bernin Oberland<\/strong> kuin k\u00e4mmenelle. T\u00e4\u00e4ll\u00e4 tarvitset jo <strong>hieman suuremman budjetin<\/strong>, sill\u00e4 sveitsil\u00e4iset k\u00f6ysiradat ja vuoristojunat eiv\u00e4t ole halpaa lysti\u00e4, mutta niiden el\u00e4mykset j\u00e4\u00e4v\u00e4t muistiisi ikuisiksi ajoiksi.<\/p>\n\n\n\n<p class=\"wp-block-paragraph\">Suosittelen suunnittelemaan retket <strong>ajantasaisen s\u00e4\u00e4ennusteen<\/strong> mukaan. Kalliille vuoriston\u00e4k\u00f6alapaikoille kannattaa menn\u00e4 vain p\u00e4ivin\u00e4, jolloin taivas on <strong>t\u00e4ysin kirkas<\/strong>, muuten maksat kymmeni\u00e4 frangeja l\u00e4pin\u00e4kym\u00e4tt\u00f6m\u00e4\u00e4n harmaaseen sumuun tuijottamisesta.<\/p>\n\n\n\n<figure data-wp-context=\"{&quot;imageId&quot;:&quot;6a950604b288f&quot;}\" data-wp-interactive=\"core\/image\" data-wp-key=\"6a950604b288f\" class=\"wp-block-image size-full wp-lightbox-container\"><img decoding=\"async\" width=\"1800\" height=\"1011\" data-wp-class--hide=\"state.isContentHidden\" data-wp-class--show=\"state.isContentVisible\" data-wp-init=\"callbacks.setButtonStyles\" data-wp-on--click=\"actions.showLightbox\" data-wp-on--load=\"callbacks.setButtonStyles\" data-wp-on--pointerdown=\"actions.preloadImage\" data-wp-on--pointerenter=\"actions.preloadImageWithDelay\" data-wp-on--pointerleave=\"actions.cancelPreload\" data-wp-on-window--resize=\"callbacks.setButtonStyles\" src=\"https:\/\/loudavymkrokem.cz\/wp-content\/uploads\/2026\/08\/articles-bonigen-19.jpg\" alt=\"N\u00e4k\u00f6alapaikka Harder Kulm Interlakenin yll\u00e4\" class=\"wp-image-404500\" title=\"\" srcset=\"https:\/\/loudavymkrokem.cz\/wp-content\/uploads\/2026\/08\/articles-bonigen-19.jpg 1800w, https:\/\/loudavymkrokem.cz\/wp-content\/uploads\/2026\/08\/articles-bonigen-19-300x169.jpg 300w, https:\/\/loudavymkrokem.cz\/wp-content\/uploads\/2026\/08\/articles-bonigen-19-700x393.jpg 700w, https:\/\/loudavymkrokem.cz\/wp-content\/uploads\/2026\/08\/articles-bonigen-19-768x431.jpg 768w, https:\/\/loudavymkrokem.cz\/wp-content\/uploads\/2026\/08\/articles-bonigen-19-1536x863.jpg 1536w, https:\/\/loudavymkrokem.cz\/wp-content\/uploads\/2026\/08\/articles-bonigen-19-696x391.jpg 696w, https:\/\/loudavymkrokem.cz\/wp-content\/uploads\/2026\/08\/articles-bonigen-19-1392x782.jpg 1392w\" sizes=\"(max-width: 1800px) 100vw, 1800px\" \/><button\n\t\t\tclass=\"lightbox-trigger\"\n\t\t\ttype=\"button\"\n\t\t\taria-haspopup=\"dialog\"\n\t\t\tdata-wp-bind--aria-label=\"state.thisImage.triggerButtonAriaLabel\"\n\t\t\tdata-wp-init=\"callbacks.initTriggerButton\"\n\t\t\tdata-wp-on--click=\"actions.showLightbox\"\n\t\t\tdata-wp-style--right=\"state.thisImage.buttonRight\"\n\t\t\tdata-wp-style--top=\"state.thisImage.buttonTop\"\n\t\t>\n\t\t\t<svg xmlns=\"http:\/\/www.w3.org\/2000\/svg\" width=\"12\" height=\"12\" fill=\"none\" viewBox=\"0 0 12 12\">\n\t\t\t\t<path fill=\"#fff\" d=\"M2 0a2 2 0 0 0-2 2v2h1.5V2a.5.5 0 0 1 .5-.5h2V0H2Zm2 10.5H2a.5.5 0 0 1-.5-.5V8H0v2a2 2 0 0 0 2 2h2v-1.5ZM8 12v-1.5h2a.5.5 0 0 0 .5-.5V8H12v2a2 2 0 0 1-2 2H8Zm2-12a2 2 0 0 1 2 2v2h-1.5V2a.5.5 0 0 0-.5-.5H8V0h2Z\" \/>\n\t\t\t<\/svg>\n\t\t<\/button><figcaption class=\"wp-element-caption\">Foto: Ollie Craig \/ Pexels<\/figcaption><\/figure>\n\n\n\n<h3 class=\"wp-block-heading\"><span class=\"ez-toc-section\" id=\"19_Harder_Kulm_Interlakenin_kotivuori\"><\/span>19. Harder Kulm: Interlakenin kotivuori<span class=\"ez-toc-section-end\"><\/span><\/h3>\n\n\n\n<p class=\"wp-block-paragraph\">T\u00e4m\u00e4 on ehdoton pakko. <strong>Harder Kulm 1 322 metrin korkeudessa<\/strong> tunnetaan Interlakenin kotivuorena ja tarjoaa koko alueen ikonisimman n\u00e4kym\u00e4n. Historiallinen maak\u00e4yt\u00e4v\u00e4 (funikulaari) vie sinut laaksosta yl\u00f6s vain 10 minuutissa, jonka aikana se voittaa 755 korkeusmetri\u00e4 vain 1,4 kilometrin pituisella radalla.<\/p>\n\n\n\n<p class=\"wp-block-paragraph\">Vuonna 2026 <strong>edestakainen lippu aikuiselle maksaa 44 CHF<\/strong>. Jos sinulla on Swiss Travel Pass tai Bernese Oberland Pass, saat 50 % alennuksen. K\u00f6ysirata kulkee 3. huhtikuuta\u201329. marraskuuta puolen tunnin v\u00e4lein, ja kes\u00e4ll\u00e4 alas voit matkustaa my\u00f6h\u00e4\u00e4n y\u00f6h\u00f6n asti.<\/p>\n\n\n\n<p class=\"wp-block-paragraph\">Ylh\u00e4\u00e4ll\u00e4 sinua odottaa kuuluisa <strong>n\u00e4k\u00f6alatasanne Two Lakes Bridge<\/strong>, joka ty\u00f6ntyy dramaattisesti syv\u00e4n jyrk\u00e4nteen yli. Seisot sill\u00e4, ja allasi n\u00e4et samanaikaisesti molemmat j\u00e4rvet (Thunersee ja Brienzersee), ja suoraan edess\u00e4si on majesteettinen alppikolmikko Eiger, M\u00f6nch ja Jungfrau. T\u00e4\u00e4ll\u00e4 n\u00e4ytt\u00e4\u00e4 todella kuin elokuvakulisseissa.<\/p>\n\n\n\n<p class=\"wp-block-paragraph\">\ud83d\udca1 Vinkki: <strong>V\u00e4lt\u00e4 jonot<\/strong> ja osta <strong>lippu ajoissa netist\u00e4<\/strong> suoraan <a href=\"https:\/\/www.harder-kulm.com\" target=\"_blank\" rel=\"nofollow noopener\">Harder Kulmin<\/a> sivuilta. Saat QR-koodin puhelimeesi ja kuljet suoraan porteille.<\/p>\n\n\n\n<figure data-wp-context=\"{&quot;imageId&quot;:&quot;6a950604b2dde&quot;}\" data-wp-interactive=\"core\/image\" data-wp-key=\"6a950604b2dde\" class=\"wp-block-image size-full wp-lightbox-container\"><img decoding=\"async\" width=\"1800\" height=\"1350\" data-wp-class--hide=\"state.isContentHidden\" data-wp-class--show=\"state.isContentVisible\" data-wp-init=\"callbacks.setButtonStyles\" data-wp-on--click=\"actions.showLightbox\" data-wp-on--load=\"callbacks.setButtonStyles\" data-wp-on--pointerdown=\"actions.preloadImage\" data-wp-on--pointerenter=\"actions.preloadImageWithDelay\" data-wp-on--pointerleave=\"actions.cancelPreload\" data-wp-on-window--resize=\"callbacks.setButtonStyles\" src=\"https:\/\/loudavymkrokem.cz\/wp-content\/uploads\/2026\/08\/articles-bonigen-20.jpg\" alt=\"Giessbachin vesiputousten kaskadit\" class=\"wp-image-404502\" title=\"\" srcset=\"https:\/\/loudavymkrokem.cz\/wp-content\/uploads\/2026\/08\/articles-bonigen-20.jpg 1800w, https:\/\/loudavymkrokem.cz\/wp-content\/uploads\/2026\/08\/articles-bonigen-20-300x225.jpg 300w, https:\/\/loudavymkrokem.cz\/wp-content\/uploads\/2026\/08\/articles-bonigen-20-700x525.jpg 700w, https:\/\/loudavymkrokem.cz\/wp-content\/uploads\/2026\/08\/articles-bonigen-20-768x576.jpg 768w, https:\/\/loudavymkrokem.cz\/wp-content\/uploads\/2026\/08\/articles-bonigen-20-1536x1152.jpg 1536w, https:\/\/loudavymkrokem.cz\/wp-content\/uploads\/2026\/08\/articles-bonigen-20-80x60.jpg 80w, https:\/\/loudavymkrokem.cz\/wp-content\/uploads\/2026\/08\/articles-bonigen-20-160x120.jpg 160w, https:\/\/loudavymkrokem.cz\/wp-content\/uploads\/2026\/08\/articles-bonigen-20-696x522.jpg 696w, https:\/\/loudavymkrokem.cz\/wp-content\/uploads\/2026\/08\/articles-bonigen-20-1392x1044.jpg 1392w\" sizes=\"(max-width: 1800px) 100vw, 1800px\" \/><button\n\t\t\tclass=\"lightbox-trigger\"\n\t\t\ttype=\"button\"\n\t\t\taria-haspopup=\"dialog\"\n\t\t\tdata-wp-bind--aria-label=\"state.thisImage.triggerButtonAriaLabel\"\n\t\t\tdata-wp-init=\"callbacks.initTriggerButton\"\n\t\t\tdata-wp-on--click=\"actions.showLightbox\"\n\t\t\tdata-wp-style--right=\"state.thisImage.buttonRight\"\n\t\t\tdata-wp-style--top=\"state.thisImage.buttonTop\"\n\t\t>\n\t\t\t<svg xmlns=\"http:\/\/www.w3.org\/2000\/svg\" width=\"12\" height=\"12\" fill=\"none\" viewBox=\"0 0 12 12\">\n\t\t\t\t<path fill=\"#fff\" d=\"M2 0a2 2 0 0 0-2 2v2h1.5V2a.5.5 0 0 1 .5-.5h2V0H2Zm2 10.5H2a.5.5 0 0 1-.5-.5V8H0v2a2 2 0 0 0 2 2h2v-1.5ZM8 12v-1.5h2a.5.5 0 0 0 .5-.5V8H12v2a2 2 0 0 1-2 2H8Zm2-12a2 2 0 0 1 2 2v2h-1.5V2a.5.5 0 0 0-.5-.5H8V0h2Z\" \/>\n\t\t\t<\/svg>\n\t\t<\/button><figcaption class=\"wp-element-caption\">Foto: Metehan \u015eeker \/ Pexels<\/figcaption><\/figure>\n\n\n\n<h3 class=\"wp-block-heading\"><span class=\"ez-toc-section\" id=\"20_Giessbachin_vesiputoukset_ja_kulku_veden_takaa\"><\/span>20. Giessbachin vesiputoukset ja kulku veden takaa<span class=\"ez-toc-section-end\"><\/span><\/h3>\n\n\n\n<p class=\"wp-block-paragraph\">Vesi putoaa t\u00e4\u00e4ll\u00e4 <strong>14 kaskadina<\/strong> noin 400 metrist\u00e4 suoraan j\u00e4rveen, ja ennen kuin ehdit ajatella n\u00e4hneesi vesiputouksia jo muualla, odota mit\u00e4 tulee seuraavaksi. Vesiputousten ymp\u00e4rill\u00e4 kulkee <strong>verkosto t\u00e4ydellisesti kunnossapidettyj\u00e4 polkuja<\/strong>, jotka viev\u00e4t sinut aina \u00e4\u00e4nekk\u00e4impiin ja villeimpiin osuuksiin.<\/p>\n\n\n\n<p class=\"wp-block-paragraph\">Suurin veto on <strong>polku, joka kulkee suoraan yhden vesiputouksen TAKAA<\/strong>. Voit kulkea mahtavan kalliokielekkeen alta ja katsella putoavan vesisein\u00e4m\u00e4n l\u00e4pi alas turkoosille j\u00e4rvelle ja ymp\u00e4r\u00f6iville vuorille. Se on turvallinen, noin 20 minuutin lenkki, joka lumoaa sinut t\u00e4ysin.<\/p>\n\n\n\n<p class=\"wp-block-paragraph\">T\u00e4nne p\u00e4\u00e4set autolla (<strong>pys\u00e4k\u00f6inti maksaa 15 CHF<\/strong> p\u00e4iv\u00e4lt\u00e4 sesonkiaikaan), mutta paljon tyylikk\u00e4\u00e4mp\u00e4\u00e4 on <strong>saapua laivalla pys\u00e4kille<\/strong> Giessbach See. Sielt\u00e4 matka jatkuu joko jalan tai historiallisella k\u00f6ysiradalla suoraan polkujen alkuun.<\/p>\n\n\n\n<p class=\"wp-block-paragraph\">\ud83d\udca1 Vinkki: Jos aiot tulla t\u00e4nne kev\u00e4\u00e4ll\u00e4 lumen sulamisen aikaan tai runsaiden sateiden j\u00e4lkeen, varaudu siihen, ett\u00e4 vesiputouksen takana olevalla polulla <strong>saat kunnon suihkun<\/strong>. <strong>Vedenpit\u00e4v\u00e4 takki on v\u00e4ltt\u00e4m\u00e4tt\u00f6myys<\/strong>.<\/p>\n\n\n\n<figure data-wp-context=\"{&quot;imageId&quot;:&quot;6a950604b32ff&quot;}\" data-wp-interactive=\"core\/image\" data-wp-key=\"6a950604b32ff\" class=\"wp-block-image size-full wp-lightbox-container\"><img decoding=\"async\" width=\"1800\" height=\"1350\" data-wp-class--hide=\"state.isContentHidden\" data-wp-class--show=\"state.isContentVisible\" data-wp-init=\"callbacks.setButtonStyles\" data-wp-on--click=\"actions.showLightbox\" data-wp-on--load=\"callbacks.setButtonStyles\" data-wp-on--pointerdown=\"actions.preloadImage\" data-wp-on--pointerenter=\"actions.preloadImageWithDelay\" data-wp-on--pointerleave=\"actions.cancelPreload\" data-wp-on-window--resize=\"callbacks.setButtonStyles\" src=\"https:\/\/loudavymkrokem.cz\/wp-content\/uploads\/2026\/08\/articles-bonigen-21.jpg\" alt=\"Grandhotel Giessbach ja historiallinen k\u00f6ysirata\" class=\"wp-image-404504\" title=\"\" srcset=\"https:\/\/loudavymkrokem.cz\/wp-content\/uploads\/2026\/08\/articles-bonigen-21.jpg 1800w, https:\/\/loudavymkrokem.cz\/wp-content\/uploads\/2026\/08\/articles-bonigen-21-300x225.jpg 300w, https:\/\/loudavymkrokem.cz\/wp-content\/uploads\/2026\/08\/articles-bonigen-21-700x525.jpg 700w, https:\/\/loudavymkrokem.cz\/wp-content\/uploads\/2026\/08\/articles-bonigen-21-768x576.jpg 768w, https:\/\/loudavymkrokem.cz\/wp-content\/uploads\/2026\/08\/articles-bonigen-21-1536x1152.jpg 1536w, https:\/\/loudavymkrokem.cz\/wp-content\/uploads\/2026\/08\/articles-bonigen-21-80x60.jpg 80w, https:\/\/loudavymkrokem.cz\/wp-content\/uploads\/2026\/08\/articles-bonigen-21-160x120.jpg 160w, https:\/\/loudavymkrokem.cz\/wp-content\/uploads\/2026\/08\/articles-bonigen-21-696x522.jpg 696w, https:\/\/loudavymkrokem.cz\/wp-content\/uploads\/2026\/08\/articles-bonigen-21-1392x1044.jpg 1392w\" sizes=\"(max-width: 1800px) 100vw, 1800px\" \/><button\n\t\t\tclass=\"lightbox-trigger\"\n\t\t\ttype=\"button\"\n\t\t\taria-haspopup=\"dialog\"\n\t\t\tdata-wp-bind--aria-label=\"state.thisImage.triggerButtonAriaLabel\"\n\t\t\tdata-wp-init=\"callbacks.initTriggerButton\"\n\t\t\tdata-wp-on--click=\"actions.showLightbox\"\n\t\t\tdata-wp-style--right=\"state.thisImage.buttonRight\"\n\t\t\tdata-wp-style--top=\"state.thisImage.buttonTop\"\n\t\t>\n\t\t\t<svg xmlns=\"http:\/\/www.w3.org\/2000\/svg\" width=\"12\" height=\"12\" fill=\"none\" viewBox=\"0 0 12 12\">\n\t\t\t\t<path fill=\"#fff\" d=\"M2 0a2 2 0 0 0-2 2v2h1.5V2a.5.5 0 0 1 .5-.5h2V0H2Zm2 10.5H2a.5.5 0 0 1-.5-.5V8H0v2a2 2 0 0 0 2 2h2v-1.5ZM8 12v-1.5h2a.5.5 0 0 0 .5-.5V8H12v2a2 2 0 0 1-2 2H8Zm2-12a2 2 0 0 1 2 2v2h-1.5V2a.5.5 0 0 0-.5-.5H8V0h2Z\" \/>\n\t\t\t<\/svg>\n\t\t<\/button><figcaption class=\"wp-element-caption\">Foto: JoachimKohler-HB \/ Wikimedia Commons, CC BY-SA 4.0<\/figcaption><\/figure>\n\n\n\n<h3 class=\"wp-block-heading\"><span class=\"ez-toc-section\" id=\"21_Sveitsin_vanhin_turistikoysirata_ja_Grandhotel\"><\/span>21. Sveitsin vanhin turistik\u00f6ysirata ja Grandhotel<span class=\"ez-toc-section-end\"><\/span><\/h3>\n\n\n\n<p class=\"wp-block-paragraph\">Kun jo saavut laivalla Giessbachin vesiputousten alle, \u00e4l\u00e4 j\u00e4t\u00e4 v\u00e4liin teknist\u00e4 ainutlaatuisuutta. Laiturilta yl\u00f6s hotellille kulkee <strong>Giessbachbahn \u2014 Sveitsin vanhin yh\u00e4 toiminnassa oleva maak\u00e4yt\u00e4v\u00e4<\/strong>. Se on kulkenut vuodesta 1879 ja oli ensimm\u00e4inen sveitsil\u00e4inen k\u00f6ysirata, joka rakennettiin puhtaasti turisteja varten. Sen historialliset punaiset vaunut ovat uskomattoman valokuvauksellisia.<\/p>\n\n\n\n<p class=\"wp-block-paragraph\">Yl\u00e4asema sylkee sinut ulos suoraan huikean <strong>Grandhotel Giessbachin<\/strong> porttien eteen. T\u00e4m\u00e4 ylellinen 1800-luvun palatsi majoitti hienostoa ymp\u00e4ri maailmaa ja on s\u00e4ilytt\u00e4nyt aristokraattisen tunnelmansa t\u00e4h\u00e4n p\u00e4iv\u00e4\u00e4n asti. Hotellin ymp\u00e4rill\u00e4 levitt\u00e4ytyy huolellisesti hoidettu <strong>puisto, jonka pinta-ala on uskomattomat 22 hehtaaria<\/strong> ja jossa voit k\u00e4vell\u00e4 vapaasti.<\/p>\n\n\n\n<p class=\"wp-block-paragraph\">Vaikka et hotellissa y\u00f6pyisi, suosittelen ehdottomasti istumaan heid\u00e4n <strong>valtavalle n\u00e4k\u00f6alaterassilleen<\/strong>. <strong>Kahvi tosin maksaa maltaita<\/strong>, mutta vesiputoukset taustalla ja aristokraattinen tunnelma saavat sinut tuntemaan olosi kuin Agatha Christien romaanissa, ja se on yksinkertaisesti arvokasta. \u263a\ufe0f<\/p>\n\n\n\n<p class=\"wp-block-paragraph\">\ud83d\udca1 Vinkki: Lis\u00e4\u00e4 <strong>hotellin historiasta<\/strong> ja <strong>k\u00f6ysiradan ajantasaisista aikatauluista<\/strong> voit lukea kauniilta <a href=\"https:\/\/www.giessbach.ch\" target=\"_blank\" rel=\"nofollow noopener\">Grandhotel Giessbachin<\/a> sivuilta.<\/p>\n\n\n\n<figure data-wp-context=\"{&quot;imageId&quot;:&quot;6a950604b37b8&quot;}\" data-wp-interactive=\"core\/image\" data-wp-key=\"6a950604b37b8\" class=\"wp-block-image size-full wp-lightbox-container\"><img decoding=\"async\" width=\"1800\" height=\"1350\" data-wp-class--hide=\"state.isContentHidden\" data-wp-class--show=\"state.isContentVisible\" data-wp-init=\"callbacks.setButtonStyles\" data-wp-on--click=\"actions.showLightbox\" data-wp-on--load=\"callbacks.setButtonStyles\" data-wp-on--pointerdown=\"actions.preloadImage\" data-wp-on--pointerenter=\"actions.preloadImageWithDelay\" data-wp-on--pointerleave=\"actions.cancelPreload\" data-wp-on-window--resize=\"callbacks.setButtonStyles\" src=\"https:\/\/loudavymkrokem.cz\/wp-content\/uploads\/2026\/08\/articles-bonigen-22.jpg\" alt=\"Iseltwaldin kyl\u00e4 j\u00e4rven niemell\u00e4\" class=\"wp-image-404505\" title=\"\" srcset=\"https:\/\/loudavymkrokem.cz\/wp-content\/uploads\/2026\/08\/articles-bonigen-22.jpg 1800w, https:\/\/loudavymkrokem.cz\/wp-content\/uploads\/2026\/08\/articles-bonigen-22-300x225.jpg 300w, https:\/\/loudavymkrokem.cz\/wp-content\/uploads\/2026\/08\/articles-bonigen-22-700x525.jpg 700w, https:\/\/loudavymkrokem.cz\/wp-content\/uploads\/2026\/08\/articles-bonigen-22-768x576.jpg 768w, https:\/\/loudavymkrokem.cz\/wp-content\/uploads\/2026\/08\/articles-bonigen-22-1536x1152.jpg 1536w, https:\/\/loudavymkrokem.cz\/wp-content\/uploads\/2026\/08\/articles-bonigen-22-80x60.jpg 80w, https:\/\/loudavymkrokem.cz\/wp-content\/uploads\/2026\/08\/articles-bonigen-22-160x120.jpg 160w, https:\/\/loudavymkrokem.cz\/wp-content\/uploads\/2026\/08\/articles-bonigen-22-696x522.jpg 696w, https:\/\/loudavymkrokem.cz\/wp-content\/uploads\/2026\/08\/articles-bonigen-22-1392x1044.jpg 1392w\" sizes=\"(max-width: 1800px) 100vw, 1800px\" \/><button\n\t\t\tclass=\"lightbox-trigger\"\n\t\t\ttype=\"button\"\n\t\t\taria-haspopup=\"dialog\"\n\t\t\tdata-wp-bind--aria-label=\"state.thisImage.triggerButtonAriaLabel\"\n\t\t\tdata-wp-init=\"callbacks.initTriggerButton\"\n\t\t\tdata-wp-on--click=\"actions.showLightbox\"\n\t\t\tdata-wp-style--right=\"state.thisImage.buttonRight\"\n\t\t\tdata-wp-style--top=\"state.thisImage.buttonTop\"\n\t\t>\n\t\t\t<svg xmlns=\"http:\/\/www.w3.org\/2000\/svg\" width=\"12\" height=\"12\" fill=\"none\" viewBox=\"0 0 12 12\">\n\t\t\t\t<path fill=\"#fff\" d=\"M2 0a2 2 0 0 0-2 2v2h1.5V2a.5.5 0 0 1 .5-.5h2V0H2Zm2 10.5H2a.5.5 0 0 1-.5-.5V8H0v2a2 2 0 0 0 2 2h2v-1.5ZM8 12v-1.5h2a.5.5 0 0 0 .5-.5V8H12v2a2 2 0 0 1-2 2H8Zm2-12a2 2 0 0 1 2 2v2h-1.5V2a.5.5 0 0 0-.5-.5H8V0h2Z\" \/>\n\t\t\t<\/svg>\n\t\t<\/button><figcaption class=\"wp-element-caption\">Foto: PKurmannCH \/ Wikimedia Commons, CC BY-SA 4.0<\/figcaption><\/figure>\n\n\n\n<h3 class=\"wp-block-heading\"><span class=\"ez-toc-section\" id=\"22_Iseltwald_ja_sarjasta_tuttu_ikoninen_laituri\"><\/span>22. Iseltwald ja sarjasta tuttu ikoninen laituri<span class=\"ez-toc-section-end\"><\/span><\/h3>\n\n\n\n<p class=\"wp-block-paragraph\">Naapurikyl\u00e4 Iseltwald on maalauksellinen asutus pienell\u00e4 niemell\u00e4, jonne sinut vie B\u00f6nigenist\u00e4 laiva tai bussi 103. Paikallisesta puulaiturista tuli kuitenkin \u00e4skett\u00e4in viraali-ilmi\u00f6, sill\u00e4 t\u00e4\u00e4ll\u00e4 kuvattiin avainkohtaus <strong>kuuluisaan korealaiseen Netflix-sarjaan Crash Landing on You<\/strong>.<\/p>\n\n\n\n<p class=\"wp-block-paragraph\">Siit\u00e4 l\u00e4htien t\u00e4nne virtaa aasialaisten turistien joukkoja, jotka haluavat ottaa kuvan samasta paikasta kuin sarjan sankarit. Kunta ratkaisi tilanteen fiksusti ja <strong>asensi laiturin eteen portin, joka ker\u00e4\u00e4 &#8220;selfie-maksun&#8221; 5 CHF<\/strong>. Tuotto menee kyl\u00e4n siivoukseen ja j\u00e4tehuoltoon turistijoukkojen j\u00e4ljilt\u00e4. Pelk\u00e4st\u00e4\u00e4n vuonna 2024 portista kulki l\u00e4hes 50 tuhatta ihmist\u00e4, ja kunta ker\u00e4si siit\u00e4 noin 245 tuhatta frangia. Yhden frangin yleiset vessat toivat siihen viel\u00e4 58 tuhatta lis\u00e4\u00e4.<\/p>\n\n\n\n<p class=\"wp-block-paragraph\">Laiturin lis\u00e4ksi n\u00e4et t\u00e4\u00e4ll\u00e4 my\u00f6s <strong>kauniin Seeburgin pikkulinnan vuodelta 1907<\/strong>, joka toimii kyl\u00e4n symbolina (valitettavasti se on yksityisomistuksessa ja katselet sit\u00e4 vain ulkoa). J\u00e4rvess\u00e4 lyhyen matkan p\u00e4\u00e4ss\u00e4 rannasta sijaitsee Schn\u00e4ggeninseli, Brienzinj\u00e4rven ainoa saari, jossa munkit tarinan mukaan kasvattivat etanoita.<\/p>\n\n\n\n<p class=\"wp-block-paragraph\">\ud83d\udca1 Vinkki: Jos haluat <strong>v\u00e4ltt\u00e4\u00e4 joukot portin luona<\/strong> ja katsella kyl\u00e4\u00e4 rauhassa, tutustu tietoihin <a href=\"https:\/\/www.boenigen-iseltwald.ch\" target=\"_blank\" rel=\"nofollow noopener\">matkailusivustolla<\/a> ja suunnittele Iseltwaldin k\u00e4yntisi <strong>heti aamun tunneille<\/strong>.<\/p>\n\n\n\n<figure data-wp-context=\"{&quot;imageId&quot;:&quot;6a950604b3c8c&quot;}\" data-wp-interactive=\"core\/image\" data-wp-key=\"6a950604b3c8c\" class=\"wp-block-image size-full wp-lightbox-container\"><img decoding=\"async\" width=\"1800\" height=\"1221\" data-wp-class--hide=\"state.isContentHidden\" data-wp-class--show=\"state.isContentVisible\" data-wp-init=\"callbacks.setButtonStyles\" data-wp-on--click=\"actions.showLightbox\" data-wp-on--load=\"callbacks.setButtonStyles\" data-wp-on--pointerdown=\"actions.preloadImage\" data-wp-on--pointerenter=\"actions.preloadImageWithDelay\" data-wp-on--pointerleave=\"actions.cancelPreload\" data-wp-on-window--resize=\"callbacks.setButtonStyles\" src=\"https:\/\/loudavymkrokem.cz\/wp-content\/uploads\/2026\/08\/articles-bonigen-23.jpg\" alt=\"Hammasrata Schynige Plattelle\" class=\"wp-image-404508\" title=\"\" srcset=\"https:\/\/loudavymkrokem.cz\/wp-content\/uploads\/2026\/08\/articles-bonigen-23.jpg 1800w, https:\/\/loudavymkrokem.cz\/wp-content\/uploads\/2026\/08\/articles-bonigen-23-300x204.jpg 300w, https:\/\/loudavymkrokem.cz\/wp-content\/uploads\/2026\/08\/articles-bonigen-23-700x475.jpg 700w, https:\/\/loudavymkrokem.cz\/wp-content\/uploads\/2026\/08\/articles-bonigen-23-768x521.jpg 768w, https:\/\/loudavymkrokem.cz\/wp-content\/uploads\/2026\/08\/articles-bonigen-23-1536x1042.jpg 1536w, https:\/\/loudavymkrokem.cz\/wp-content\/uploads\/2026\/08\/articles-bonigen-23-696x472.jpg 696w, https:\/\/loudavymkrokem.cz\/wp-content\/uploads\/2026\/08\/articles-bonigen-23-1392x944.jpg 1392w\" sizes=\"(max-width: 1800px) 100vw, 1800px\" \/><button\n\t\t\tclass=\"lightbox-trigger\"\n\t\t\ttype=\"button\"\n\t\t\taria-haspopup=\"dialog\"\n\t\t\tdata-wp-bind--aria-label=\"state.thisImage.triggerButtonAriaLabel\"\n\t\t\tdata-wp-init=\"callbacks.initTriggerButton\"\n\t\t\tdata-wp-on--click=\"actions.showLightbox\"\n\t\t\tdata-wp-style--right=\"state.thisImage.buttonRight\"\n\t\t\tdata-wp-style--top=\"state.thisImage.buttonTop\"\n\t\t>\n\t\t\t<svg xmlns=\"http:\/\/www.w3.org\/2000\/svg\" width=\"12\" height=\"12\" fill=\"none\" viewBox=\"0 0 12 12\">\n\t\t\t\t<path fill=\"#fff\" d=\"M2 0a2 2 0 0 0-2 2v2h1.5V2a.5.5 0 0 1 .5-.5h2V0H2Zm2 10.5H2a.5.5 0 0 1-.5-.5V8H0v2a2 2 0 0 0 2 2h2v-1.5ZM8 12v-1.5h2a.5.5 0 0 0 .5-.5V8H12v2a2 2 0 0 1-2 2H8Zm2-12a2 2 0 0 1 2 2v2h-1.5V2a.5.5 0 0 0-.5-.5H8V0h2Z\" \/>\n\t\t\t<\/svg>\n\t\t<\/button><figcaption class=\"wp-element-caption\">Foto: JoachimKohler-HB \/ Wikimedia Commons, CC BY-SA 4.0<\/figcaption><\/figure>\n\n\n\n<h3 class=\"wp-block-heading\"><span class=\"ez-toc-section\" id=\"23_Schynige_Platte_Hammasrata_ja_alppipuutarha\"><\/span>23. Schynige Platte: Hammasrata ja alppipuutarha<span class=\"ez-toc-section-end\"><\/span><\/h3>\n\n\n\n<p class=\"wp-block-paragraph\">T\u00e4t\u00e4 retke\u00e4 varten sinun tarvitsee vain siirty\u00e4 l\u00e4heiseen Wilderswiliin, josta l\u00e4htee historiallinen hammasrata <strong>Schynige Plattelle 1 967 metrin korkeuteen<\/strong>. Matka vanhoilla puuvaunuilla kest\u00e4\u00e4 l\u00e4hes tunnin ja on puhdasta romantiikkaa. Edestakainen lippu maksaa vuonna 2026 <strong>68 CHF aikuiselta<\/strong>, puolihintaisella lipulla tai Swiss Travel Passilla 34 CHF, ja <strong>Bernese Oberland Passilla saat matkan ilmaiseksi<\/strong>. Hammasrata kulkee 13. kes\u00e4kuuta\u201325. lokakuuta.<\/p>\n\n\n\n<p class=\"wp-block-paragraph\">Ylh\u00e4\u00e4ll\u00e4 sinua tervehtii huikea <strong>kasvitieteellinen alppipuutarha<\/strong>, jossa huolellisesti hoidetulla lenkkireitill\u00e4 kasvaa noin <strong>800 lajia korkeavuoristokasveja<\/strong>, mukaan lukien harvinaiset alppit\u00e4hdet. Kaikki on kauniisti nimetty ja lajiteltu luonnollisten biotooppien mukaan.<\/p>\n\n\n\n<p class=\"wp-block-paragraph\">Paras el\u00e4mys on kuitenkin lenkkireitti <strong>Panoramaweg<\/strong>. Se on rento noin 2,5 tunnin vaellus, joka vie sinut kahdelle fantastiselle n\u00e4k\u00f6alapaikalle Dauben ja Oberberghornin kallioille. Se on koko perheelle sopiva reitti, joka ei vaadi mink\u00e4\u00e4nlaisia vuorikiipeilytaitoja mutta tarjoaa n\u00e4kym\u00e4t kuin ammattilaisille.<\/p>\n\n\n\n<p class=\"wp-block-paragraph\">\ud83d\udca1 Vinkki: Vuonna 2026 tiettyin\u00e4 p\u00e4ivin\u00e4 (yleens\u00e4 kes\u00e4kuun puoliv\u00e4list\u00e4 lokakuuhun) on voimassa <strong>erilaisia erikoisalennuksia<\/strong>, joten muista lippua ostaessasi tarkistaa kassalta, onko sinulla <strong>oikeus halvempaan lippuun<\/strong>.<\/p>\n\n\n\n<figure data-wp-context=\"{&quot;imageId&quot;:&quot;6a950604b4166&quot;}\" data-wp-interactive=\"core\/image\" data-wp-key=\"6a950604b4166\" class=\"wp-block-image size-full wp-lightbox-container\"><img decoding=\"async\" width=\"1800\" height=\"1350\" data-wp-class--hide=\"state.isContentHidden\" data-wp-class--show=\"state.isContentVisible\" data-wp-init=\"callbacks.setButtonStyles\" data-wp-on--click=\"actions.showLightbox\" data-wp-on--load=\"callbacks.setButtonStyles\" data-wp-on--pointerdown=\"actions.preloadImage\" data-wp-on--pointerenter=\"actions.preloadImageWithDelay\" data-wp-on--pointerleave=\"actions.cancelPreload\" data-wp-on-window--resize=\"callbacks.setButtonStyles\" src=\"https:\/\/loudavymkrokem.cz\/wp-content\/uploads\/2026\/08\/articles-bonigen-24.jpg\" alt=\"Interlaken ja n\u00e4kym\u00e4 Jungfraulle\" class=\"wp-image-404509\" title=\"\" srcset=\"https:\/\/loudavymkrokem.cz\/wp-content\/uploads\/2026\/08\/articles-bonigen-24.jpg 1800w, https:\/\/loudavymkrokem.cz\/wp-content\/uploads\/2026\/08\/articles-bonigen-24-300x225.jpg 300w, https:\/\/loudavymkrokem.cz\/wp-content\/uploads\/2026\/08\/articles-bonigen-24-700x525.jpg 700w, https:\/\/loudavymkrokem.cz\/wp-content\/uploads\/2026\/08\/articles-bonigen-24-768x576.jpg 768w, https:\/\/loudavymkrokem.cz\/wp-content\/uploads\/2026\/08\/articles-bonigen-24-1536x1152.jpg 1536w, https:\/\/loudavymkrokem.cz\/wp-content\/uploads\/2026\/08\/articles-bonigen-24-80x60.jpg 80w, https:\/\/loudavymkrokem.cz\/wp-content\/uploads\/2026\/08\/articles-bonigen-24-160x120.jpg 160w, https:\/\/loudavymkrokem.cz\/wp-content\/uploads\/2026\/08\/articles-bonigen-24-696x522.jpg 696w, https:\/\/loudavymkrokem.cz\/wp-content\/uploads\/2026\/08\/articles-bonigen-24-1392x1044.jpg 1392w\" sizes=\"(max-width: 1800px) 100vw, 1800px\" \/><button\n\t\t\tclass=\"lightbox-trigger\"\n\t\t\ttype=\"button\"\n\t\t\taria-haspopup=\"dialog\"\n\t\t\tdata-wp-bind--aria-label=\"state.thisImage.triggerButtonAriaLabel\"\n\t\t\tdata-wp-init=\"callbacks.initTriggerButton\"\n\t\t\tdata-wp-on--click=\"actions.showLightbox\"\n\t\t\tdata-wp-style--right=\"state.thisImage.buttonRight\"\n\t\t\tdata-wp-style--top=\"state.thisImage.buttonTop\"\n\t\t>\n\t\t\t<svg xmlns=\"http:\/\/www.w3.org\/2000\/svg\" width=\"12\" height=\"12\" fill=\"none\" viewBox=\"0 0 12 12\">\n\t\t\t\t<path fill=\"#fff\" d=\"M2 0a2 2 0 0 0-2 2v2h1.5V2a.5.5 0 0 1 .5-.5h2V0H2Zm2 10.5H2a.5.5 0 0 1-.5-.5V8H0v2a2 2 0 0 0 2 2h2v-1.5ZM8 12v-1.5h2a.5.5 0 0 0 .5-.5V8H12v2a2 2 0 0 1-2 2H8Zm2-12a2 2 0 0 1 2 2v2h-1.5V2a.5.5 0 0 0-.5-.5H8V0h2Z\" \/>\n\t\t\t<\/svg>\n\t\t<\/button><figcaption class=\"wp-element-caption\">Foto: Paebi \/ Wikimedia Commons, CC BY-SA 4.0<\/figcaption><\/figure>\n\n\n\n<h3 class=\"wp-block-heading\"><span class=\"ez-toc-section\" id=\"24_Interlaken_Naapurina_oleva_turistitukikohta\"><\/span>24. Interlaken: Naapurina oleva turistitukikohta<span class=\"ez-toc-section-end\"><\/span><\/h3>\n\n\n\n<p class=\"wp-block-paragraph\">Kun B\u00f6nigenin rauha alkaa kyll\u00e4stytt\u00e4\u00e4, riitt\u00e4\u00e4 kun hypp\u00e4\u00e4t bussiin 103 ja alle 10 minuutissa olet Interlakenin keskustassa. T\u00e4m\u00e4 kaupunki on t\u00e4ysi vastakohta. Se on <strong>vilkas, t\u00e4ynn\u00e4 matkamuistokauppoja ja ylellisi\u00e4 kellobutiikkeja<\/strong>, ja p\u00e4\u00e4n yl\u00e4puolella kaartelee jatkuvasti kymmeni\u00e4 liitovarjolent\u00e4ji\u00e4, jotka laskeutuvat suurelle H\u00f6hematte-nurminiitylle keskell\u00e4 keskustaa.<\/p>\n\n\n\n<p class=\"wp-block-paragraph\">L\u00f6yd\u00e4t t\u00e4\u00e4lt\u00e4 parhaat marketit varusteiden ostoon, runsaasti ravintoloita ymp\u00e4ri maailman ja valtavan kasinon. Interlaken toimii lis\u00e4ksi <strong>alueen suurimpien retkien p\u00e4\u00e4liikennesolmuna<\/strong>, mukaan lukien <strong>\u00e4\u00e4rimm\u00e4isen kallis hammasrata Jungfraujochille<\/strong> (Top of Europe).<\/p>\n\n\n\n<p class=\"wp-block-paragraph\">On mukava kierrell\u00e4 kaupunkia, ostaa suklaata ja ime\u00e4 kansainv\u00e4list\u00e4 tunnelmaa, mutta huomaat, ett\u00e4 illalla palaat suurella ilolla <strong>takaisin hiljaiseen kyl\u00e4\u00e4n<\/strong> j\u00e4rven \u00e4\u00e4relle. Interlaken on loistava palvelija, mutta majoitustukikohtana se on minun makuuni <strong>aivan liian kaoottinen<\/strong>.<\/p>\n\n\n\n<p class=\"wp-block-paragraph\">\ud83d\udca1 Vinkki: Kaikki <strong>tiedot ajankohtaisista tapahtumista<\/strong>, festivaaleista ja k\u00f6ysiradoista laajemmassa ymp\u00e4rist\u00f6ss\u00e4 l\u00f6yd\u00e4t parhaiten koottuna <a href=\"https:\/\/www.interlaken.swiss\" target=\"_blank\" rel=\"nofollow noopener\">Interlaken<\/a>-portaalista, jonka <strong>tallenna kirjanmerkkeihin<\/strong>.<\/p>\n\n\n\n<figure data-wp-context=\"{&quot;imageId&quot;:&quot;6a950604b4694&quot;}\" data-wp-interactive=\"core\/image\" data-wp-key=\"6a950604b4694\" class=\"wp-block-image size-full wp-lightbox-container\"><img decoding=\"async\" width=\"1800\" height=\"1200\" data-wp-class--hide=\"state.isContentHidden\" data-wp-class--show=\"state.isContentVisible\" data-wp-init=\"callbacks.setButtonStyles\" data-wp-on--click=\"actions.showLightbox\" data-wp-on--load=\"callbacks.setButtonStyles\" data-wp-on--pointerdown=\"actions.preloadImage\" data-wp-on--pointerenter=\"actions.preloadImageWithDelay\" data-wp-on--pointerleave=\"actions.cancelPreload\" data-wp-on-window--resize=\"callbacks.setButtonStyles\" src=\"https:\/\/loudavymkrokem.cz\/wp-content\/uploads\/2026\/08\/articles-bonigen-25.jpg\" alt=\"Perheretki Brienzinj\u00e4rvelle\" class=\"wp-image-404513\" title=\"\" srcset=\"https:\/\/loudavymkrokem.cz\/wp-content\/uploads\/2026\/08\/articles-bonigen-25.jpg 1800w, https:\/\/loudavymkrokem.cz\/wp-content\/uploads\/2026\/08\/articles-bonigen-25-300x200.jpg 300w, https:\/\/loudavymkrokem.cz\/wp-content\/uploads\/2026\/08\/articles-bonigen-25-700x467.jpg 700w, https:\/\/loudavymkrokem.cz\/wp-content\/uploads\/2026\/08\/articles-bonigen-25-768x512.jpg 768w, https:\/\/loudavymkrokem.cz\/wp-content\/uploads\/2026\/08\/articles-bonigen-25-1536x1024.jpg 1536w, https:\/\/loudavymkrokem.cz\/wp-content\/uploads\/2026\/08\/articles-bonigen-25-696x464.jpg 696w, https:\/\/loudavymkrokem.cz\/wp-content\/uploads\/2026\/08\/articles-bonigen-25-1392x928.jpg 1392w\" sizes=\"(max-width: 1800px) 100vw, 1800px\" \/><button\n\t\t\tclass=\"lightbox-trigger\"\n\t\t\ttype=\"button\"\n\t\t\taria-haspopup=\"dialog\"\n\t\t\tdata-wp-bind--aria-label=\"state.thisImage.triggerButtonAriaLabel\"\n\t\t\tdata-wp-init=\"callbacks.initTriggerButton\"\n\t\t\tdata-wp-on--click=\"actions.showLightbox\"\n\t\t\tdata-wp-style--right=\"state.thisImage.buttonRight\"\n\t\t\tdata-wp-style--top=\"state.thisImage.buttonTop\"\n\t\t>\n\t\t\t<svg xmlns=\"http:\/\/www.w3.org\/2000\/svg\" width=\"12\" height=\"12\" fill=\"none\" viewBox=\"0 0 12 12\">\n\t\t\t\t<path fill=\"#fff\" d=\"M2 0a2 2 0 0 0-2 2v2h1.5V2a.5.5 0 0 1 .5-.5h2V0H2Zm2 10.5H2a.5.5 0 0 1-.5-.5V8H0v2a2 2 0 0 0 2 2h2v-1.5ZM8 12v-1.5h2a.5.5 0 0 0 .5-.5V8H12v2a2 2 0 0 1-2 2H8Zm2-12a2 2 0 0 1 2 2v2h-1.5V2a.5.5 0 0 0-.5-.5H8V0h2Z\" \/>\n\t\t\t<\/svg>\n\t\t<\/button><figcaption class=\"wp-element-caption\">Foto: Nicojonesgodel \/ Wikimedia Commons, CC BY-SA 4.0<\/figcaption><\/figure>\n\n\n\n<h2 class=\"wp-block-heading\"><span class=\"ez-toc-section\" id=\"Bonigen_lasten_kanssa_mita_tehda_perheen_kanssa\"><\/span>B\u00f6nigen lasten kanssa: mit\u00e4 tehd\u00e4 perheen kanssa<span class=\"ez-toc-section-end\"><\/span><\/h2>\n\n\n\n<p class=\"wp-block-paragraph\">Bernin Oberland osaa olla perheen kukkarolle melko armoton, mutta B\u00f6nigen on t\u00e4ss\u00e4 suhteessa yll\u00e4tt\u00e4v\u00e4n yst\u00e4v\u00e4llinen ja siin\u00e4 on valtava etu. Monia aktiviteetteja voi tehd\u00e4 suoraan veden \u00e4\u00e4rell\u00e4 <strong>ilman tarvetta maksaa kalliita k\u00f6ysiratoja<\/strong>, ja maasto on t\u00e4\u00e4ll\u00e4 riitt\u00e4v\u00e4n tasaista siihen, ett\u00e4 <strong>pienemm\u00e4tkin lapset selvi\u00e4v\u00e4t siit\u00e4<\/strong> ilman turhaa marmatusta.<\/p>\n\n\n\n<p class=\"wp-block-paragraph\">Paikallinen matkailutoimisto tiet\u00e4\u00e4 lis\u00e4ksi oikein hyvin, ett\u00e4 perheet muodostavat merkitt\u00e4v\u00e4n osan k\u00e4vij\u00f6ist\u00e4, joten t\u00e4\u00e4lt\u00e4 l\u00f6yd\u00e4t <strong>runsaasti fiksuja n\u00e4ht\u00e4vyyksi\u00e4<\/strong>, jotka pit\u00e4v\u00e4t lapset liikkeess\u00e4 eiv\u00e4tk\u00e4 silti kyll\u00e4styt\u00e4 heit\u00e4. T\u00e4ss\u00e4 <strong>viisi hyv\u00e4ksi havaittua vinkki\u00e4<\/strong>, mit\u00e4 tehd\u00e4 lasten kanssa:<\/p>\n\n\n\n<figure data-wp-context=\"{&quot;imageId&quot;:&quot;6a950604b4c30&quot;}\" data-wp-interactive=\"core\/image\" data-wp-key=\"6a950604b4c30\" class=\"wp-block-image size-full wp-lightbox-container\"><img decoding=\"async\" width=\"1800\" height=\"1321\" data-wp-class--hide=\"state.isContentHidden\" data-wp-class--show=\"state.isContentVisible\" data-wp-init=\"callbacks.setButtonStyles\" data-wp-on--click=\"actions.showLightbox\" data-wp-on--load=\"callbacks.setButtonStyles\" data-wp-on--pointerdown=\"actions.preloadImage\" data-wp-on--pointerenter=\"actions.preloadImageWithDelay\" data-wp-on--pointerleave=\"actions.cancelPreload\" data-wp-on-window--resize=\"callbacks.setButtonStyles\" src=\"https:\/\/loudavymkrokem.cz\/wp-content\/uploads\/2026\/08\/articles-bonigen-26.jpg\" alt=\"Rantakylpyl\u00e4 lasten palveluineen\" class=\"wp-image-404514\" title=\"\" srcset=\"https:\/\/loudavymkrokem.cz\/wp-content\/uploads\/2026\/08\/articles-bonigen-26.jpg 1800w, https:\/\/loudavymkrokem.cz\/wp-content\/uploads\/2026\/08\/articles-bonigen-26-300x220.jpg 300w, https:\/\/loudavymkrokem.cz\/wp-content\/uploads\/2026\/08\/articles-bonigen-26-700x514.jpg 700w, https:\/\/loudavymkrokem.cz\/wp-content\/uploads\/2026\/08\/articles-bonigen-26-768x564.jpg 768w, https:\/\/loudavymkrokem.cz\/wp-content\/uploads\/2026\/08\/articles-bonigen-26-1536x1127.jpg 1536w, https:\/\/loudavymkrokem.cz\/wp-content\/uploads\/2026\/08\/articles-bonigen-26-80x60.jpg 80w, https:\/\/loudavymkrokem.cz\/wp-content\/uploads\/2026\/08\/articles-bonigen-26-696x511.jpg 696w, https:\/\/loudavymkrokem.cz\/wp-content\/uploads\/2026\/08\/articles-bonigen-26-1392x1022.jpg 1392w\" sizes=\"(max-width: 1800px) 100vw, 1800px\" \/><button\n\t\t\tclass=\"lightbox-trigger\"\n\t\t\ttype=\"button\"\n\t\t\taria-haspopup=\"dialog\"\n\t\t\tdata-wp-bind--aria-label=\"state.thisImage.triggerButtonAriaLabel\"\n\t\t\tdata-wp-init=\"callbacks.initTriggerButton\"\n\t\t\tdata-wp-on--click=\"actions.showLightbox\"\n\t\t\tdata-wp-style--right=\"state.thisImage.buttonRight\"\n\t\t\tdata-wp-style--top=\"state.thisImage.buttonTop\"\n\t\t>\n\t\t\t<svg xmlns=\"http:\/\/www.w3.org\/2000\/svg\" width=\"12\" height=\"12\" fill=\"none\" viewBox=\"0 0 12 12\">\n\t\t\t\t<path fill=\"#fff\" d=\"M2 0a2 2 0 0 0-2 2v2h1.5V2a.5.5 0 0 1 .5-.5h2V0H2Zm2 10.5H2a.5.5 0 0 1-.5-.5V8H0v2a2 2 0 0 0 2 2h2v-1.5ZM8 12v-1.5h2a.5.5 0 0 0 .5-.5V8H12v2a2 2 0 0 1-2 2H8Zm2-12a2 2 0 0 1 2 2v2h-1.5V2a.5.5 0 0 0-.5-.5H8V0h2Z\" \/>\n\t\t\t<\/svg>\n\t\t<\/button><figcaption class=\"wp-element-caption\">Foto: Patrick Nouhailler \/ Wikimedia Commons, CC BY-SA 3.0<\/figcaption><\/figure>\n\n\n\n<h3 class=\"wp-block-heading\"><span class=\"ez-toc-section\" id=\"Ranta_The_Beach_ja_avara_leikkipaikka\"><\/span>Ranta The Beach ja avara leikkipaikka<span class=\"ez-toc-section-end\"><\/span><\/h3>\n\n\n\n<p class=\"wp-block-paragraph\">Kun ulkona on kuuma, t\u00e4m\u00e4 on ehdoton varma valinta. <strong>Sis\u00e4\u00e4np\u00e4\u00e4sy 4 CHF lasta kohden<\/strong> (alle 15-vuotiaat) on Sveitsin oloihin hupaisa summa. Lapset voivat riehua <strong>l\u00e4mmitetyss\u00e4 altaassa, jonka syvyys on ihanteellinen leikkiin<\/strong>, tai turvallisessa lasten kahluualtaassa.<\/p>\n\n\n\n<p class=\"wp-block-paragraph\">Alueeseen kuuluu <strong>suuri leikkipaikka vesiatraktioineen<\/strong>, jossa pienokaiset roiskivat toisiaan vedell\u00e4 ilman ongelmia ja rakentavat hiekkalinnoja. Koko tila on lis\u00e4ksi <strong>ongelmitta esteet\u00f6n lastenrattailla<\/strong>, joten t\u00e4nne p\u00e4\u00e4see helposti pienimpienkin retkeilij\u00f6iden kanssa.<\/p>\n\n\n\n<figure data-wp-context=\"{&quot;imageId&quot;:&quot;6a950604b5467&quot;}\" data-wp-interactive=\"core\/image\" data-wp-key=\"6a950604b5467\" class=\"wp-block-image size-full wp-lightbox-container\"><img decoding=\"async\" width=\"1800\" height=\"1199\" data-wp-class--hide=\"state.isContentHidden\" data-wp-class--show=\"state.isContentVisible\" data-wp-init=\"callbacks.setButtonStyles\" data-wp-on--click=\"actions.showLightbox\" data-wp-on--load=\"callbacks.setButtonStyles\" data-wp-on--pointerdown=\"actions.preloadImage\" data-wp-on--pointerenter=\"actions.preloadImageWithDelay\" data-wp-on--pointerleave=\"actions.cancelPreload\" data-wp-on-window--resize=\"callbacks.setButtonStyles\" src=\"https:\/\/loudavymkrokem.cz\/wp-content\/uploads\/2026\/08\/articles-bonigen-27.jpg\" alt=\"Iseltwaldin kyl\u00e4n kujat\" class=\"wp-image-404516\" title=\"\" srcset=\"https:\/\/loudavymkrokem.cz\/wp-content\/uploads\/2026\/08\/articles-bonigen-27.jpg 1800w, https:\/\/loudavymkrokem.cz\/wp-content\/uploads\/2026\/08\/articles-bonigen-27-300x200.jpg 300w, https:\/\/loudavymkrokem.cz\/wp-content\/uploads\/2026\/08\/articles-bonigen-27-700x466.jpg 700w, https:\/\/loudavymkrokem.cz\/wp-content\/uploads\/2026\/08\/articles-bonigen-27-768x512.jpg 768w, https:\/\/loudavymkrokem.cz\/wp-content\/uploads\/2026\/08\/articles-bonigen-27-1536x1023.jpg 1536w, https:\/\/loudavymkrokem.cz\/wp-content\/uploads\/2026\/08\/articles-bonigen-27-696x464.jpg 696w, https:\/\/loudavymkrokem.cz\/wp-content\/uploads\/2026\/08\/articles-bonigen-27-1392x927.jpg 1392w\" sizes=\"(max-width: 1800px) 100vw, 1800px\" \/><button\n\t\t\tclass=\"lightbox-trigger\"\n\t\t\ttype=\"button\"\n\t\t\taria-haspopup=\"dialog\"\n\t\t\tdata-wp-bind--aria-label=\"state.thisImage.triggerButtonAriaLabel\"\n\t\t\tdata-wp-init=\"callbacks.initTriggerButton\"\n\t\t\tdata-wp-on--click=\"actions.showLightbox\"\n\t\t\tdata-wp-style--right=\"state.thisImage.buttonRight\"\n\t\t\tdata-wp-style--top=\"state.thisImage.buttonTop\"\n\t\t>\n\t\t\t<svg xmlns=\"http:\/\/www.w3.org\/2000\/svg\" width=\"12\" height=\"12\" fill=\"none\" viewBox=\"0 0 12 12\">\n\t\t\t\t<path fill=\"#fff\" d=\"M2 0a2 2 0 0 0-2 2v2h1.5V2a.5.5 0 0 1 .5-.5h2V0H2Zm2 10.5H2a.5.5 0 0 1-.5-.5V8H0v2a2 2 0 0 0 2 2h2v-1.5ZM8 12v-1.5h2a.5.5 0 0 0 .5-.5V8H12v2a2 2 0 0 1-2 2H8Zm2-12a2 2 0 0 1 2 2v2h-1.5V2a.5.5 0 0 0-.5-.5H8V0h2Z\" \/>\n\t\t\t<\/svg>\n\t\t<\/button><figcaption class=\"wp-element-caption\">Foto: Jean-Paul Wettstein \/ Pexels<\/figcaption><\/figure>\n\n\n\n<h3 class=\"wp-block-heading\"><span class=\"ez-toc-section\" id=\"Aarteenetsinta_ja_etsivapeli_Iseltwaldissa\"><\/span>Aarteenetsint\u00e4 ja etsiv\u00e4peli Iseltwaldissa<span class=\"ez-toc-section-end\"><\/span><\/h3>\n\n\n\n<p class=\"wp-block-paragraph\">Miten pakottaa lapset k\u00e4velem\u00e4\u00e4n ilman valitusta? Pelill\u00e4! Suoraan B\u00f6nigeniss\u00e4 voit l\u00e4hte\u00e4 lasten kanssa <strong>Schatzsuche B\u00f6nigenille (aarteenetsint\u00e4 perheille)<\/strong>, joka on leikkis\u00e4 muoto kyl\u00e4kierroksesta teht\u00e4vi\u00e4 suorittamalla. Pys\u00e4hdyspaikat on nokkelasti keksitty niin, ett\u00e4 ne viihdytt\u00e4v\u00e4t kaikkia sukupolvia.<\/p>\n\n\n\n<p class=\"wp-block-paragraph\">Naapurikyl\u00e4 Iseltwaldissa taas toimii <strong>KrimiSpass Iseltwald<\/strong>, joka on digitaalinen etsiv\u00e4peli \u00e4lypuhelimille, jossa lapset ratkaisevat ymp\u00e4rist\u00f6ss\u00e4 k\u00e4velless\u00e4\u00e4n salaper\u00e4ist\u00e4 tapausta. Se kest\u00e4\u00e4 juuri sopivan kauan, jotta se pit\u00e4\u00e4 heid\u00e4n mielenkiintonsa yll\u00e4 eik\u00e4 kenenk\u00e4\u00e4n pikkujalkoja ala s\u00e4rke\u00e4.<\/p>\n\n\n\n<figure data-wp-context=\"{&quot;imageId&quot;:&quot;6a950604b5b22&quot;}\" data-wp-interactive=\"core\/image\" data-wp-key=\"6a950604b5b22\" class=\"wp-block-image size-full wp-lightbox-container\"><img decoding=\"async\" width=\"1800\" height=\"1073\" data-wp-class--hide=\"state.isContentHidden\" data-wp-class--show=\"state.isContentVisible\" data-wp-init=\"callbacks.setButtonStyles\" data-wp-on--click=\"actions.showLightbox\" data-wp-on--load=\"callbacks.setButtonStyles\" data-wp-on--pointerdown=\"actions.preloadImage\" data-wp-on--pointerenter=\"actions.preloadImageWithDelay\" data-wp-on--pointerleave=\"actions.cancelPreload\" data-wp-on-window--resize=\"callbacks.setButtonStyles\" src=\"https:\/\/loudavymkrokem.cz\/wp-content\/uploads\/2026\/08\/articles-bonigen-28.jpg\" alt=\"Leirint\u00e4alue vuoristoj\u00e4rven rannalla\" class=\"wp-image-404519\" title=\"\" srcset=\"https:\/\/loudavymkrokem.cz\/wp-content\/uploads\/2026\/08\/articles-bonigen-28.jpg 1800w, https:\/\/loudavymkrokem.cz\/wp-content\/uploads\/2026\/08\/articles-bonigen-28-300x179.jpg 300w, https:\/\/loudavymkrokem.cz\/wp-content\/uploads\/2026\/08\/articles-bonigen-28-700x417.jpg 700w, https:\/\/loudavymkrokem.cz\/wp-content\/uploads\/2026\/08\/articles-bonigen-28-768x458.jpg 768w, https:\/\/loudavymkrokem.cz\/wp-content\/uploads\/2026\/08\/articles-bonigen-28-1536x916.jpg 1536w, https:\/\/loudavymkrokem.cz\/wp-content\/uploads\/2026\/08\/articles-bonigen-28-696x415.jpg 696w, https:\/\/loudavymkrokem.cz\/wp-content\/uploads\/2026\/08\/articles-bonigen-28-1392x830.jpg 1392w\" sizes=\"(max-width: 1800px) 100vw, 1800px\" \/><button\n\t\t\tclass=\"lightbox-trigger\"\n\t\t\ttype=\"button\"\n\t\t\taria-haspopup=\"dialog\"\n\t\t\tdata-wp-bind--aria-label=\"state.thisImage.triggerButtonAriaLabel\"\n\t\t\tdata-wp-init=\"callbacks.initTriggerButton\"\n\t\t\tdata-wp-on--click=\"actions.showLightbox\"\n\t\t\tdata-wp-style--right=\"state.thisImage.buttonRight\"\n\t\t\tdata-wp-style--top=\"state.thisImage.buttonTop\"\n\t\t>\n\t\t\t<svg xmlns=\"http:\/\/www.w3.org\/2000\/svg\" width=\"12\" height=\"12\" fill=\"none\" viewBox=\"0 0 12 12\">\n\t\t\t\t<path fill=\"#fff\" d=\"M2 0a2 2 0 0 0-2 2v2h1.5V2a.5.5 0 0 1 .5-.5h2V0H2Zm2 10.5H2a.5.5 0 0 1-.5-.5V8H0v2a2 2 0 0 0 2 2h2v-1.5ZM8 12v-1.5h2a.5.5 0 0 0 .5-.5V8H12v2a2 2 0 0 1-2 2H8Zm2-12a2 2 0 0 1 2 2v2h-1.5V2a.5.5 0 0 0-.5-.5H8V0h2Z\" \/>\n\t\t\t<\/svg>\n\t\t<\/button><figcaption class=\"wp-element-caption\">Foto: Syed Qaarif Andrabi \/ Pexels<\/figcaption><\/figure>\n\n\n\n<h3 class=\"wp-block-heading\"><span class=\"ez-toc-section\" id=\"Leirintaalue_TCS_loistava_sijainti_mutta_suurella_varauksella\"><\/span>Leirint\u00e4alue TCS: loistava sijainti, mutta suurella varauksella<span class=\"ez-toc-section-end\"><\/span><\/h3>\n\n\n\n<p class=\"wp-block-paragraph\"><strong>TCS Camping B\u00f6nigen Brienzersee<\/strong> osoitteessa Campingstrasse 14 sijaitsee suoraan j\u00e4rven rannalla ja kahdensadan metrin p\u00e4\u00e4ss\u00e4 rannasta. Sijainti on todella loistava, ja se on asia, jota kenelt\u00e4k\u00e4\u00e4n ei voi vied\u00e4. Kausi kest\u00e4\u00e4 <strong>2. huhtikuuta\u201318. lokakuuta<\/strong>, ja kes\u00e4ll\u00e4 maksat noin 72\u201380 euroa y\u00f6lt\u00e4.<\/p>\n\n\n\n<p class=\"wp-block-paragraph\">Heti aluksi minun on kuitenkin oikaistava yksi asia, jota monet suomalaiset ja ulkomaiset sivut toistavat: <strong>leirint\u00e4alueella ei ole allasta liukum\u00e4kineen eik\u00e4 ratsastusta<\/strong>. T\u00e4\u00e4ll\u00e4 on vain lasten kahluuallas, leikkipaikka ja aitaus kaneineen ja kanoineen. L\u00e4mmitetty allas ja liukum\u00e4et ovat <strong>naapurina olevalla rantakylpyl\u00e4 The Beachilla, jonne leirint\u00e4alueen vieraat p\u00e4\u00e4sev\u00e4t ilmaiseksi<\/strong> \u2014 mutta se on auki vain toukokuun puoliv\u00e4list\u00e4 syyskuun puoliv\u00e4liin, joten osan leirint\u00e4alueen kaudesta se on suljettu.<\/p>\n\n\n\n<p class=\"wp-block-paragraph\">Ja nyt se ep\u00e4miellytt\u00e4v\u00e4 osa. Olimme t\u00e4\u00e4ll\u00e4 <strong>kaksivuotiaan poikamme kanssa, joka juuri harjoitteli pottaa<\/strong>, ja heti ensimm\u00e4isen\u00e4 p\u00e4iv\u00e4n\u00e4 h\u00e4nelle sattui vahinko. Riisuimme h\u00e4nelt\u00e4 m\u00e4r\u00e4t housut ja istutimme h\u00e4net nurmelle, silt\u00e4 varalta ett\u00e4 h\u00e4nen pit\u00e4isi saada loppuun se, mink\u00e4 oli aloittanut. Hetkess\u00e4 luonamme seisoi leirint\u00e4alueen ty\u00f6ntekij\u00e4 ja tuomitsi sen sanalla &#8220;disgusting&#8221; sill\u00e4, ettei nurmelle saa pissi\u00e4, kun vessat ovat k\u00e4ytett\u00e4viss\u00e4.<\/p>\n\n\n\n<p class=\"wp-block-paragraph\">Viiden minuutin p\u00e4\u00e4st\u00e4 tuli toinen ty\u00f6ntekij\u00e4 sanoen, ett\u00e4 esimies oli ilmoittanut asiasta, ja selitti taas meille, ett\u00e4 <strong>jokainen lapsihan osaa k\u00e4ytt\u00e4\u00e4 vessaa<\/strong> ja ettei t\u00e4\u00e4ll\u00e4 ole koskaan tapahtunut mit\u00e4\u00e4n sellaista. Kaksivuotiaalla pottaharjoittelussa olevalla lapsella sattuu kuitenkin vahinkoja, ja me olimme paikalla ja hoidimme sen heti. Meit\u00e4 ei h\u00e4irinnyt s\u00e4\u00e4nt\u00f6jen muistuttaminen, vaan <strong>se vihamielinen ja n\u00f6yryytt\u00e4v\u00e4 s\u00e4vy<\/strong>.<\/p>\n\n\n\n<p class=\"wp-block-paragraph\">Loppuoleskelun ajan tunsimme itsemme siell\u00e4 ei-toivotuiksi. Henkil\u00f6kunnalle antaisin <strong>yhden viidest\u00e4, sijainnille viisi viidest\u00e4<\/strong>. Emmek\u00e4 ole t\u00e4ss\u00e4 yksin: TripAdvisorissa leirint\u00e4alue pit\u00e4\u00e4 vain 3,9\/5, ja palvelun pisteet ovat koko arvion alhaisimmat. Huhtikuussa 2026 toinen perhe otsikoi arvionsa suoraan &#8220;Familien nicht willkommen&#8221; sen j\u00e4lkeen, kun henkil\u00f6kunta reagoi kohtuuttomasti heid\u00e4n vuoden ja nelj\u00e4n vuoden ik\u00e4isten lastensa muruihin.<\/p>\n\n\n\n<p class=\"wp-block-paragraph\">\ud83d\udca1 Vinkki: Jos haluat leiriyty\u00e4 B\u00f6nigeniss\u00e4 ja sinulla on mukana taapero, ota huomioon, miten t\u00e4\u00e4ll\u00e4 toimitaan \u2014 <strong>oman kokemuksen j\u00e4lkeen en suosittele t\u00e4t\u00e4 leirint\u00e4aluetta pienimpien lasten perheille<\/strong>. Harkitse mieluummin keitti\u00f6llist\u00e4 huoneistoa, joka tulee Sveitsiss\u00e4 muutenkin edullisemmaksi kuin ruokailu ravintoloissa. Se joka silti tulee, pyyt\u00e4k\u00f6\u00f6n <strong>paikkaa numero 22<\/strong> \u2014 se on ainoa, jossa pensasaita j\u00e4tt\u00e4\u00e4 n\u00e4kym\u00e4n j\u00e4rvelle.<\/p>\n\n\n\n<figure data-wp-context=\"{&quot;imageId&quot;:&quot;6a950604b60dc&quot;}\" data-wp-interactive=\"core\/image\" data-wp-key=\"6a950604b60dc\" class=\"wp-block-image size-full wp-lightbox-container\"><img decoding=\"async\" width=\"1800\" height=\"1275\" data-wp-class--hide=\"state.isContentHidden\" data-wp-class--show=\"state.isContentVisible\" data-wp-init=\"callbacks.setButtonStyles\" data-wp-on--click=\"actions.showLightbox\" data-wp-on--load=\"callbacks.setButtonStyles\" data-wp-on--pointerdown=\"actions.preloadImage\" data-wp-on--pointerenter=\"actions.preloadImageWithDelay\" data-wp-on--pointerleave=\"actions.cancelPreload\" data-wp-on-window--resize=\"callbacks.setButtonStyles\" src=\"https:\/\/loudavymkrokem.cz\/wp-content\/uploads\/2026\/08\/articles-bonigen-29.jpg\" alt=\"Alppipuutarha Schynige Plattella\" class=\"wp-image-404524\" title=\"\" srcset=\"https:\/\/loudavymkrokem.cz\/wp-content\/uploads\/2026\/08\/articles-bonigen-29.jpg 1800w, https:\/\/loudavymkrokem.cz\/wp-content\/uploads\/2026\/08\/articles-bonigen-29-300x213.jpg 300w, https:\/\/loudavymkrokem.cz\/wp-content\/uploads\/2026\/08\/articles-bonigen-29-700x496.jpg 700w, https:\/\/loudavymkrokem.cz\/wp-content\/uploads\/2026\/08\/articles-bonigen-29-768x544.jpg 768w, https:\/\/loudavymkrokem.cz\/wp-content\/uploads\/2026\/08\/articles-bonigen-29-1536x1088.jpg 1536w, https:\/\/loudavymkrokem.cz\/wp-content\/uploads\/2026\/08\/articles-bonigen-29-696x493.jpg 696w, https:\/\/loudavymkrokem.cz\/wp-content\/uploads\/2026\/08\/articles-bonigen-29-1392x986.jpg 1392w\" sizes=\"(max-width: 1800px) 100vw, 1800px\" \/><button\n\t\t\tclass=\"lightbox-trigger\"\n\t\t\ttype=\"button\"\n\t\t\taria-haspopup=\"dialog\"\n\t\t\tdata-wp-bind--aria-label=\"state.thisImage.triggerButtonAriaLabel\"\n\t\t\tdata-wp-init=\"callbacks.initTriggerButton\"\n\t\t\tdata-wp-on--click=\"actions.showLightbox\"\n\t\t\tdata-wp-style--right=\"state.thisImage.buttonRight\"\n\t\t\tdata-wp-style--top=\"state.thisImage.buttonTop\"\n\t\t>\n\t\t\t<svg xmlns=\"http:\/\/www.w3.org\/2000\/svg\" width=\"12\" height=\"12\" fill=\"none\" viewBox=\"0 0 12 12\">\n\t\t\t\t<path fill=\"#fff\" d=\"M2 0a2 2 0 0 0-2 2v2h1.5V2a.5.5 0 0 1 .5-.5h2V0H2Zm2 10.5H2a.5.5 0 0 1-.5-.5V8H0v2a2 2 0 0 0 2 2h2v-1.5ZM8 12v-1.5h2a.5.5 0 0 0 .5-.5V8H12v2a2 2 0 0 1-2 2H8Zm2-12a2 2 0 0 1 2 2v2h-1.5V2a.5.5 0 0 0-.5-.5H8V0h2Z\" \/>\n\t\t\t<\/svg>\n\t\t<\/button><figcaption class=\"wp-element-caption\">Foto: Murray Foubister \/ Wikimedia Commons, CC BY-SA 2.0<\/figcaption><\/figure>\n\n\n\n<h3 class=\"wp-block-heading\"><span class=\"ez-toc-section\" id=\"Lilys_Alpenspielplatz_ja_Panoramaweg_Schynige_Plattella\"><\/span>Lily&#8217;s Alpenspielplatz ja Panoramaweg Schynige Plattella<span class=\"ez-toc-section-end\"><\/span><\/h3>\n\n\n\n<p class=\"wp-block-paragraph\">Kun matkustat hammasradalla Schynige Plattelle, lapset ovat innoissaan paikallisesta alppileikkipaikasta Lily&#8217;s Alpenspielplatz. He l\u00f6yt\u00e4v\u00e4t sielt\u00e4 <strong>seikkailullisen tasapainoradan, valtavan liukum\u00e4en ja kiipeilytelineen kotkanpes\u00e4n muotoon<\/strong>, josta avautuu n\u00e4kym\u00e4 majesteettisille lumihuipuille.<\/p>\n\n\n\n<p class=\"wp-block-paragraph\">Sit\u00e4 seuraava vaellus lenkkireitill\u00e4 Panoramaweg <strong>vie noin 2,5 tuntia<\/strong>, ja maasto on niin yst\u00e4v\u00e4llist\u00e4, ett\u00e4 <strong>esikoululaisetkin selvi\u00e4v\u00e4t siit\u00e4<\/strong> pienell\u00e4 avustuksella. Reitti on leve\u00e4, turvallinen ja t\u00e4ynn\u00e4 penkkej\u00e4, joilla voi milloin tahansa pys\u00e4hty\u00e4 ev\u00e4ille.<\/p>\n\n\n\n<figure data-wp-context=\"{&quot;imageId&quot;:&quot;6a950604b65df&quot;}\" data-wp-interactive=\"core\/image\" data-wp-key=\"6a950604b65df\" class=\"wp-block-image size-full wp-lightbox-container\"><img decoding=\"async\" width=\"1800\" height=\"1800\" data-wp-class--hide=\"state.isContentHidden\" data-wp-class--show=\"state.isContentVisible\" data-wp-init=\"callbacks.setButtonStyles\" data-wp-on--click=\"actions.showLightbox\" data-wp-on--load=\"callbacks.setButtonStyles\" data-wp-on--pointerdown=\"actions.preloadImage\" data-wp-on--pointerenter=\"actions.preloadImageWithDelay\" data-wp-on--pointerleave=\"actions.cancelPreload\" data-wp-on-window--resize=\"callbacks.setButtonStyles\" src=\"https:\/\/loudavymkrokem.cz\/wp-content\/uploads\/2026\/08\/articles-bonigen-30.jpg\" alt=\"BLS-laiva Brienzinj\u00e4rvell\u00e4\" class=\"wp-image-404528\" title=\"\" srcset=\"https:\/\/loudavymkrokem.cz\/wp-content\/uploads\/2026\/08\/articles-bonigen-30.jpg 1800w, https:\/\/loudavymkrokem.cz\/wp-content\/uploads\/2026\/08\/articles-bonigen-30-300x300.jpg 300w, https:\/\/loudavymkrokem.cz\/wp-content\/uploads\/2026\/08\/articles-bonigen-30-700x700.jpg 700w, https:\/\/loudavymkrokem.cz\/wp-content\/uploads\/2026\/08\/articles-bonigen-30-150x150.jpg 150w, https:\/\/loudavymkrokem.cz\/wp-content\/uploads\/2026\/08\/articles-bonigen-30-768x768.jpg 768w, https:\/\/loudavymkrokem.cz\/wp-content\/uploads\/2026\/08\/articles-bonigen-30-1536x1536.jpg 1536w, https:\/\/loudavymkrokem.cz\/wp-content\/uploads\/2026\/08\/articles-bonigen-30-696x696.jpg 696w, https:\/\/loudavymkrokem.cz\/wp-content\/uploads\/2026\/08\/articles-bonigen-30-1392x1392.jpg 1392w\" sizes=\"(max-width: 1800px) 100vw, 1800px\" \/><button\n\t\t\tclass=\"lightbox-trigger\"\n\t\t\ttype=\"button\"\n\t\t\taria-haspopup=\"dialog\"\n\t\t\tdata-wp-bind--aria-label=\"state.thisImage.triggerButtonAriaLabel\"\n\t\t\tdata-wp-init=\"callbacks.initTriggerButton\"\n\t\t\tdata-wp-on--click=\"actions.showLightbox\"\n\t\t\tdata-wp-style--right=\"state.thisImage.buttonRight\"\n\t\t\tdata-wp-style--top=\"state.thisImage.buttonTop\"\n\t\t>\n\t\t\t<svg xmlns=\"http:\/\/www.w3.org\/2000\/svg\" width=\"12\" height=\"12\" fill=\"none\" viewBox=\"0 0 12 12\">\n\t\t\t\t<path fill=\"#fff\" d=\"M2 0a2 2 0 0 0-2 2v2h1.5V2a.5.5 0 0 1 .5-.5h2V0H2Zm2 10.5H2a.5.5 0 0 1-.5-.5V8H0v2a2 2 0 0 0 2 2h2v-1.5ZM8 12v-1.5h2a.5.5 0 0 0 .5-.5V8H12v2a2 2 0 0 1-2 2H8Zm2-12a2 2 0 0 1 2 2v2h-1.5V2a.5.5 0 0 0-.5-.5H8V0h2Z\" \/>\n\t\t\t<\/svg>\n\t\t<\/button><figcaption class=\"wp-element-caption\">Foto: JoachimKohler-HB \/ Wikimedia Commons, CC BY-SA 4.0<\/figcaption><\/figure>\n\n\n\n<h3 class=\"wp-block-heading\"><span class=\"ez-toc-section\" id=\"Laiva_ja_esteeton_promenadi_lastenrattailla\"><\/span>Laiva ja esteet\u00f6n promenadi lastenrattailla<span class=\"ez-toc-section-end\"><\/span><\/h3>\n\n\n\n<p class=\"wp-block-paragraph\">Itse matka historiallisella siipirataslaivalla on lapsille valtava el\u00e4mys (ja muista, ett\u00e4 <strong>alle 6-vuotiaat lapset matkustavat BLS:n laivoilla t\u00e4ysin ilmaiseksi<\/strong>, vanhemmilla alle 15-vuotiailla on puolihintainen lippu). Kannella he voivat seurata valtavan siipipy\u00f6r\u00e4n liikett\u00e4, mik\u00e4 varmasti vie hyv\u00e4n puoli tuntia.<\/p>\n\n\n\n<p class=\"wp-block-paragraph\">Lastenrattailla voit lis\u00e4ksi l\u00e4hte\u00e4 <strong>Seepromenadewegille<\/strong>, joka on kaunis, leve\u00e4 ja t\u00e4ysin esteet\u00f6n k\u00e4vely j\u00e4rven ja Aare-joen vartta Interlakenin suuntaan. Miss\u00e4\u00e4n matkalla et t\u00f6rm\u00e4\u00e4 \u00e4rsytt\u00e4viin portaisiin, ja pinta on kauniin sile\u00e4.<\/p>\n\n\n\n<figure data-wp-context=\"{&quot;imageId&quot;:&quot;6a950604b6a13&quot;}\" data-wp-interactive=\"core\/image\" data-wp-key=\"6a950604b6a13\" class=\"wp-block-image size-full wp-lightbox-container\"><img decoding=\"async\" width=\"1800\" height=\"1200\" data-wp-class--hide=\"state.isContentHidden\" data-wp-class--show=\"state.isContentVisible\" data-wp-init=\"callbacks.setButtonStyles\" data-wp-on--click=\"actions.showLightbox\" data-wp-on--load=\"callbacks.setButtonStyles\" data-wp-on--pointerdown=\"actions.preloadImage\" data-wp-on--pointerenter=\"actions.preloadImageWithDelay\" data-wp-on--pointerleave=\"actions.cancelPreload\" data-wp-on-window--resize=\"callbacks.setButtonStyles\" src=\"https:\/\/loudavymkrokem.cz\/wp-content\/uploads\/2026\/08\/articles-bonigen-31.jpg\" alt=\"B\u00f6nigenin kyl\u00e4 ja sen ravintolat\" class=\"wp-image-404530\" title=\"\" srcset=\"https:\/\/loudavymkrokem.cz\/wp-content\/uploads\/2026\/08\/articles-bonigen-31.jpg 1800w, https:\/\/loudavymkrokem.cz\/wp-content\/uploads\/2026\/08\/articles-bonigen-31-300x200.jpg 300w, https:\/\/loudavymkrokem.cz\/wp-content\/uploads\/2026\/08\/articles-bonigen-31-700x467.jpg 700w, https:\/\/loudavymkrokem.cz\/wp-content\/uploads\/2026\/08\/articles-bonigen-31-768x512.jpg 768w, https:\/\/loudavymkrokem.cz\/wp-content\/uploads\/2026\/08\/articles-bonigen-31-1536x1024.jpg 1536w, https:\/\/loudavymkrokem.cz\/wp-content\/uploads\/2026\/08\/articles-bonigen-31-696x464.jpg 696w, https:\/\/loudavymkrokem.cz\/wp-content\/uploads\/2026\/08\/articles-bonigen-31-1392x928.jpg 1392w\" sizes=\"(max-width: 1800px) 100vw, 1800px\" \/><button\n\t\t\tclass=\"lightbox-trigger\"\n\t\t\ttype=\"button\"\n\t\t\taria-haspopup=\"dialog\"\n\t\t\tdata-wp-bind--aria-label=\"state.thisImage.triggerButtonAriaLabel\"\n\t\t\tdata-wp-init=\"callbacks.initTriggerButton\"\n\t\t\tdata-wp-on--click=\"actions.showLightbox\"\n\t\t\tdata-wp-style--right=\"state.thisImage.buttonRight\"\n\t\t\tdata-wp-style--top=\"state.thisImage.buttonTop\"\n\t\t>\n\t\t\t<svg xmlns=\"http:\/\/www.w3.org\/2000\/svg\" width=\"12\" height=\"12\" fill=\"none\" viewBox=\"0 0 12 12\">\n\t\t\t\t<path fill=\"#fff\" d=\"M2 0a2 2 0 0 0-2 2v2h1.5V2a.5.5 0 0 1 .5-.5h2V0H2Zm2 10.5H2a.5.5 0 0 1-.5-.5V8H0v2a2 2 0 0 0 2 2h2v-1.5ZM8 12v-1.5h2a.5.5 0 0 0 .5-.5V8H12v2a2 2 0 0 1-2 2H8Zm2-12a2 2 0 0 1 2 2v2h-1.5V2a.5.5 0 0 0-.5-.5H8V0h2Z\" \/>\n\t\t\t<\/svg>\n\t\t<\/button><figcaption class=\"wp-element-caption\">Foto: Freek Wolsink \/ Pexels<\/figcaption><\/figure>\n\n\n\n<h2 class=\"wp-block-heading\"><span class=\"ez-toc-section\" id=\"Missa_syoda_Bonigenissa\"><\/span>Miss\u00e4 sy\u00f6d\u00e4 B\u00f6nigeniss\u00e4<span class=\"ez-toc-section-end\"><\/span><\/h2>\n\n\n\n<p class=\"wp-block-paragraph\">Gastroskene suoraan kyl\u00e4ss\u00e4 on melko intiimi, eih\u00e4n t\u00e4m\u00e4 ole mik\u00e4\u00e4n suurkaupunki. Suurin osa ihmisist\u00e4 matkustaa laajan valikoiman per\u00e4ss\u00e4 bussilla l\u00e4heiseen Interlakeniin, mutta suoraan j\u00e4rven rannaltakin l\u00f6yd\u00e4t muutaman hyvin miellytt\u00e4v\u00e4n paikan, jossa lev\u00e4hd\u00e4t vaelluksen j\u00e4lkeen. Paikalliset ravintolat tarjoilevat usein <strong>tuoretta kalaa Brienzinj\u00e4rvest\u00e4<\/strong>, mik\u00e4 on <strong>kuuluisa paikallinen erikoisuus<\/strong>, jonka per\u00e4ss\u00e4 matkailijoita saapuu laajalta alueelta.<\/p>\n\n\n\n<p class=\"wp-block-paragraph\">Jos etsit varmuutta raskaan p\u00e4iv\u00e4n j\u00e4lkeen, t\u00e4ss\u00e4 paikkoja erinomaisilla arvioilla:<\/p>\n\n\n\n<figure data-wp-context=\"{&quot;imageId&quot;:&quot;6a950604b6f37&quot;}\" data-wp-interactive=\"core\/image\" data-wp-key=\"6a950604b6f37\" class=\"wp-block-image size-full wp-lightbox-container\"><img decoding=\"async\" width=\"1800\" height=\"1200\" data-wp-class--hide=\"state.isContentHidden\" data-wp-class--show=\"state.isContentVisible\" data-wp-init=\"callbacks.setButtonStyles\" data-wp-on--click=\"actions.showLightbox\" data-wp-on--load=\"callbacks.setButtonStyles\" data-wp-on--pointerdown=\"actions.preloadImage\" data-wp-on--pointerenter=\"actions.preloadImageWithDelay\" data-wp-on--pointerleave=\"actions.cancelPreload\" data-wp-on-window--resize=\"callbacks.setButtonStyles\" src=\"https:\/\/loudavymkrokem.cz\/wp-content\/uploads\/2026\/08\/articles-bonigen-32.jpg\" alt=\"Pizza j\u00e4rven rannan ravintolassa\" class=\"wp-image-404535\" title=\"\" srcset=\"https:\/\/loudavymkrokem.cz\/wp-content\/uploads\/2026\/08\/articles-bonigen-32.jpg 1800w, https:\/\/loudavymkrokem.cz\/wp-content\/uploads\/2026\/08\/articles-bonigen-32-300x200.jpg 300w, https:\/\/loudavymkrokem.cz\/wp-content\/uploads\/2026\/08\/articles-bonigen-32-700x467.jpg 700w, https:\/\/loudavymkrokem.cz\/wp-content\/uploads\/2026\/08\/articles-bonigen-32-768x512.jpg 768w, https:\/\/loudavymkrokem.cz\/wp-content\/uploads\/2026\/08\/articles-bonigen-32-1536x1024.jpg 1536w, https:\/\/loudavymkrokem.cz\/wp-content\/uploads\/2026\/08\/articles-bonigen-32-696x464.jpg 696w, https:\/\/loudavymkrokem.cz\/wp-content\/uploads\/2026\/08\/articles-bonigen-32-1392x928.jpg 1392w\" sizes=\"(max-width: 1800px) 100vw, 1800px\" \/><button\n\t\t\tclass=\"lightbox-trigger\"\n\t\t\ttype=\"button\"\n\t\t\taria-haspopup=\"dialog\"\n\t\t\tdata-wp-bind--aria-label=\"state.thisImage.triggerButtonAriaLabel\"\n\t\t\tdata-wp-init=\"callbacks.initTriggerButton\"\n\t\t\tdata-wp-on--click=\"actions.showLightbox\"\n\t\t\tdata-wp-style--right=\"state.thisImage.buttonRight\"\n\t\t\tdata-wp-style--top=\"state.thisImage.buttonTop\"\n\t\t>\n\t\t\t<svg xmlns=\"http:\/\/www.w3.org\/2000\/svg\" width=\"12\" height=\"12\" fill=\"none\" viewBox=\"0 0 12 12\">\n\t\t\t\t<path fill=\"#fff\" d=\"M2 0a2 2 0 0 0-2 2v2h1.5V2a.5.5 0 0 1 .5-.5h2V0H2Zm2 10.5H2a.5.5 0 0 1-.5-.5V8H0v2a2 2 0 0 0 2 2h2v-1.5ZM8 12v-1.5h2a.5.5 0 0 0 .5-.5V8H12v2a2 2 0 0 1-2 2H8Zm2-12a2 2 0 0 1 2 2v2h-1.5V2a.5.5 0 0 0-.5-.5H8V0h2Z\" \/>\n\t\t\t<\/svg>\n\t\t<\/button><figcaption class=\"wp-element-caption\">Foto: Cup of  Couple \/ Pexels<\/figcaption><\/figure>\n\n\n\n<h3 class=\"wp-block-heading\"><span class=\"ez-toc-section\" id=\"Pizzeria_La_Boheme\"><\/span>Pizzeria La Boh\u00e8me<span class=\"ez-toc-section-end\"><\/span><\/h3>\n\n\n\n<p class=\"wp-block-paragraph\">L\u00f6yd\u00e4t sen suoraan hotelli Seiler au Lacin rakennuksesta rantabulevardilla (Am Quai 3). Googlessa se pit\u00e4\u00e4 hyvin vankkaa arviota 4,4, ja se on <strong>t\u00e4ysin turvallinen ja t\u00e4ytt\u00e4v\u00e4 valinta, kun et raskaan p\u00e4iv\u00e4n j\u00e4lkeen halua pitk\u00e4\u00e4n kokeilla<\/strong> ruokalistaa.<\/p>\n\n\n\n<p class=\"wp-block-paragraph\">\u00c4l\u00e4 miss\u00e4\u00e4n nimess\u00e4 j\u00e4t\u00e4 v\u00e4liin <strong>loistavaa pizza Margheritaa<\/strong> ekstrajuustolla tai erinomaisia pastoja. T\u00e4\u00e4ll\u00e4 istutaan <strong>kauniin l\u00e4hell\u00e4 vett\u00e4<\/strong>, tunnelma on mukavan rento, ja henkil\u00f6kunta on t\u00e4ysin tottunut hikisiinkin turisteihin raskaissa vaelluskengiss\u00e4.<\/p>\n\n\n\n<figure data-wp-context=\"{&quot;imageId&quot;:&quot;6a950604b762f&quot;}\" data-wp-interactive=\"core\/image\" data-wp-key=\"6a950604b762f\" class=\"wp-block-image size-full wp-lightbox-container\"><img decoding=\"async\" width=\"1800\" height=\"1200\" data-wp-class--hide=\"state.isContentHidden\" data-wp-class--show=\"state.isContentVisible\" data-wp-init=\"callbacks.setButtonStyles\" data-wp-on--click=\"actions.showLightbox\" data-wp-on--load=\"callbacks.setButtonStyles\" data-wp-on--pointerdown=\"actions.preloadImage\" data-wp-on--pointerenter=\"actions.preloadImageWithDelay\" data-wp-on--pointerleave=\"actions.cancelPreload\" data-wp-on-window--resize=\"callbacks.setButtonStyles\" src=\"https:\/\/loudavymkrokem.cz\/wp-content\/uploads\/2026\/08\/articles-bonigen-33.jpg\" alt=\"J\u00e4\u00e4tel\u00f6\u00e4 vaelluksen j\u00e4lkeen j\u00e4rven rannalla\" class=\"wp-image-404537\" title=\"\" srcset=\"https:\/\/loudavymkrokem.cz\/wp-content\/uploads\/2026\/08\/articles-bonigen-33.jpg 1800w, https:\/\/loudavymkrokem.cz\/wp-content\/uploads\/2026\/08\/articles-bonigen-33-300x200.jpg 300w, https:\/\/loudavymkrokem.cz\/wp-content\/uploads\/2026\/08\/articles-bonigen-33-700x467.jpg 700w, https:\/\/loudavymkrokem.cz\/wp-content\/uploads\/2026\/08\/articles-bonigen-33-768x512.jpg 768w, https:\/\/loudavymkrokem.cz\/wp-content\/uploads\/2026\/08\/articles-bonigen-33-1536x1024.jpg 1536w, https:\/\/loudavymkrokem.cz\/wp-content\/uploads\/2026\/08\/articles-bonigen-33-696x464.jpg 696w, https:\/\/loudavymkrokem.cz\/wp-content\/uploads\/2026\/08\/articles-bonigen-33-1392x928.jpg 1392w\" sizes=\"(max-width: 1800px) 100vw, 1800px\" \/><button\n\t\t\tclass=\"lightbox-trigger\"\n\t\t\ttype=\"button\"\n\t\t\taria-haspopup=\"dialog\"\n\t\t\tdata-wp-bind--aria-label=\"state.thisImage.triggerButtonAriaLabel\"\n\t\t\tdata-wp-init=\"callbacks.initTriggerButton\"\n\t\t\tdata-wp-on--click=\"actions.showLightbox\"\n\t\t\tdata-wp-style--right=\"state.thisImage.buttonRight\"\n\t\t\tdata-wp-style--top=\"state.thisImage.buttonTop\"\n\t\t>\n\t\t\t<svg xmlns=\"http:\/\/www.w3.org\/2000\/svg\" width=\"12\" height=\"12\" fill=\"none\" viewBox=\"0 0 12 12\">\n\t\t\t\t<path fill=\"#fff\" d=\"M2 0a2 2 0 0 0-2 2v2h1.5V2a.5.5 0 0 1 .5-.5h2V0H2Zm2 10.5H2a.5.5 0 0 1-.5-.5V8H0v2a2 2 0 0 0 2 2h2v-1.5ZM8 12v-1.5h2a.5.5 0 0 0 .5-.5V8H12v2a2 2 0 0 1-2 2H8Zm2-12a2 2 0 0 1 2 2v2h-1.5V2a.5.5 0 0 0-.5-.5H8V0h2Z\" \/>\n\t\t\t<\/svg>\n\t\t<\/button><figcaption class=\"wp-element-caption\">Foto: Maria Orlova \/ Pexels<\/figcaption><\/figure>\n\n\n\n<h3 class=\"wp-block-heading\"><span class=\"ez-toc-section\" id=\"Sweet_Ride\"><\/span>Sweet Ride<span class=\"ez-toc-section-end\"><\/span><\/h3>\n\n\n\n<p class=\"wp-block-paragraph\">T\u00e4m\u00e4 on <strong>koko kyl\u00e4n parhaiten arvioitu paikka<\/strong> (pisteet 4,9 l\u00e4hes kahdestasadasta arvostelusta). Kyse on pienemm\u00e4st\u00e4, \u00e4\u00e4rimm\u00e4isen sympaattisesta kahvilasta ja j\u00e4\u00e4tel\u00f6baarista veden \u00e4\u00e4rell\u00e4, jonne sinun yksinkertaisesti on k\u00e4yt\u00e4v\u00e4 hakemassa makea iltap\u00e4iv\u00e4n palkinto astelluista kilometreist\u00e4.<\/p>\n\n\n\n<p class=\"wp-block-paragraph\">Kokeile heid\u00e4n erikoiskahviaan ja ennen kaikkea <strong>fantastista k\u00e4sity\u00f6j\u00e4\u00e4tel\u00f6\u00e4<\/strong>, jota rakastavat niin paikalliset kuin ulkomaiset turistitkin. Se on juuri se paikka, jossa haluat rauhassa istuutua koko p\u00e4iv\u00e4n retken j\u00e4lkeen auringonpaisteeseen ja vain <strong>tarkkailla j\u00e4rven pintaa<\/strong>.<\/p>\n\n\n\n<figure data-wp-context=\"{&quot;imageId&quot;:&quot;6a950604b7d09&quot;}\" data-wp-interactive=\"core\/image\" data-wp-key=\"6a950604b7d09\" class=\"wp-block-image size-full wp-lightbox-container\"><img decoding=\"async\" width=\"1800\" height=\"1185\" data-wp-class--hide=\"state.isContentHidden\" data-wp-class--show=\"state.isContentVisible\" data-wp-init=\"callbacks.setButtonStyles\" data-wp-on--click=\"actions.showLightbox\" data-wp-on--load=\"callbacks.setButtonStyles\" data-wp-on--pointerdown=\"actions.preloadImage\" data-wp-on--pointerenter=\"actions.preloadImageWithDelay\" data-wp-on--pointerleave=\"actions.cancelPreload\" data-wp-on-window--resize=\"callbacks.setButtonStyles\" src=\"https:\/\/loudavymkrokem.cz\/wp-content\/uploads\/2026\/08\/articles-bonigen-34.jpg\" alt=\"Kodikas sveitsil\u00e4inen ravintola\" class=\"wp-image-404541\" title=\"\" srcset=\"https:\/\/loudavymkrokem.cz\/wp-content\/uploads\/2026\/08\/articles-bonigen-34.jpg 1800w, https:\/\/loudavymkrokem.cz\/wp-content\/uploads\/2026\/08\/articles-bonigen-34-300x198.jpg 300w, https:\/\/loudavymkrokem.cz\/wp-content\/uploads\/2026\/08\/articles-bonigen-34-700x461.jpg 700w, https:\/\/loudavymkrokem.cz\/wp-content\/uploads\/2026\/08\/articles-bonigen-34-768x506.jpg 768w, https:\/\/loudavymkrokem.cz\/wp-content\/uploads\/2026\/08\/articles-bonigen-34-1536x1011.jpg 1536w, https:\/\/loudavymkrokem.cz\/wp-content\/uploads\/2026\/08\/articles-bonigen-34-696x458.jpg 696w, https:\/\/loudavymkrokem.cz\/wp-content\/uploads\/2026\/08\/articles-bonigen-34-1392x916.jpg 1392w\" sizes=\"(max-width: 1800px) 100vw, 1800px\" \/><button\n\t\t\tclass=\"lightbox-trigger\"\n\t\t\ttype=\"button\"\n\t\t\taria-haspopup=\"dialog\"\n\t\t\tdata-wp-bind--aria-label=\"state.thisImage.triggerButtonAriaLabel\"\n\t\t\tdata-wp-init=\"callbacks.initTriggerButton\"\n\t\t\tdata-wp-on--click=\"actions.showLightbox\"\n\t\t\tdata-wp-style--right=\"state.thisImage.buttonRight\"\n\t\t\tdata-wp-style--top=\"state.thisImage.buttonTop\"\n\t\t>\n\t\t\t<svg xmlns=\"http:\/\/www.w3.org\/2000\/svg\" width=\"12\" height=\"12\" fill=\"none\" viewBox=\"0 0 12 12\">\n\t\t\t\t<path fill=\"#fff\" d=\"M2 0a2 2 0 0 0-2 2v2h1.5V2a.5.5 0 0 1 .5-.5h2V0H2Zm2 10.5H2a.5.5 0 0 1-.5-.5V8H0v2a2 2 0 0 0 2 2h2v-1.5ZM8 12v-1.5h2a.5.5 0 0 0 .5-.5V8H12v2a2 2 0 0 1-2 2H8Zm2-12a2 2 0 0 1 2 2v2h-1.5V2a.5.5 0 0 0-.5-.5H8V0h2Z\" \/>\n\t\t\t<\/svg>\n\t\t<\/button><figcaption class=\"wp-element-caption\">Foto: Lucia Barreiros  Silva \/ Pexels<\/figcaption><\/figure>\n\n\n\n<h3 class=\"wp-block-heading\"><span class=\"ez-toc-section\" id=\"Restaurant_Baren_Bonigen\"><\/span>Restaurant B\u00e4ren B\u00f6nigen<span class=\"ez-toc-section-end\"><\/span><\/h3>\n\n\n\n<p class=\"wp-block-paragraph\">Perinteinen sveitsil\u00e4inen paikka p\u00e4\u00e4katu Hauptstrassella hurmaa sinut aidolla paikallistunnelmallaan ja tyypillisell\u00e4 arkkitehtuurillaan. Vieraat mainitsevat arvioissa usein, ett\u00e4 heid\u00e4t l\u00e4hetti t\u00e4nne suoraan heid\u00e4n majoittajansa <strong>vihjeen\u00e4 taatusti hyv\u00e4st\u00e4 ruoasta<\/strong>.<\/p>\n\n\n\n<p class=\"wp-block-paragraph\">Heill\u00e4 on hyvin yst\u00e4v\u00e4llinen ja avulias henkil\u00f6kunta, <strong>keskitason hintataso<\/strong> ja listalla runsaasti <strong>rehellisi\u00e4 sveitsil\u00e4isi\u00e4 klassikoita<\/strong>, kuten juustoerikoisuuksia ja tuhteja kotitekoisia keittoja. Ihanteellinen valinta l\u00e4mmittelyyn, kun sattuu satamaan.<\/p>\n\n\n\n<h2 class=\"wp-block-heading\"><span class=\"ez-toc-section\" id=\"Minne_jatkaa_Bonigenista\"><\/span>Minne jatkaa B\u00f6nigenist\u00e4<span class=\"ez-toc-section-end\"><\/span><\/h2>\n\n\n\n<p class=\"wp-block-paragraph\">Sveitsi on valtava leikkikentt\u00e4, ja Bernin Oberlandista sinulla on <strong>lyhyt matka muihin fantastisiin kohteisiin<\/strong>. Jos matkasuunnitelmassasi on viel\u00e4 muutama vapaap\u00e4iv\u00e4, tutustu ehdottomasti n\u00e4ihin <strong>muihin oppaisiini<\/strong>:<\/p>\n\n\n\n<ul class=\"wp-block-list\">\n<li><a href=\"https:\/\/loudavymkrokem.cz\/fi\/interlaken-sveitsi-jungfraujoch\/\">Interlaken ja Jungfraujoch<\/a>: perusteellinen opas vilkkaaseen naapuriin ja retkeen Euroopan katolle.<\/li>\n\n\n\n<li><a href=\"https:\/\/loudavymkrokem.cz\/fi\/grindelwald-sveitsi-vinkit\/\">Grindelwald<\/a>: j\u00e4\u00e4tikk\u00f6kyl\u00e4 Eigerin pohjoissein\u00e4m\u00e4n kainalossa, jonne p\u00e4\u00e4set junalla hetkess\u00e4.<\/li>\n\n\n\n<li><a href=\"https:\/\/loudavymkrokem.cz\/fi\/lauterbrunnen-sveitsi-vinkit\/\">Lauterbrunnen<\/a>: laakso 72 vesiputouksella, joka kuulemma innoitti Tolkienia h\u00e4nen kirjoittaessaan Taru sormusten herrasta.<\/li>\n\n\n\n<li><a href=\"https:\/\/loudavymkrokem.cz\/fi\/loma-sveitsissa-vinkit\/\">Loma Sveitsiss\u00e4<\/a>: valtava yhteenvetoartikkeli t\u00e4ynn\u00e4 k\u00e4yt\u00e4nn\u00f6n vinkkej\u00e4 matkailuun ymp\u00e4ri maan.<\/li>\n<\/ul>\n\n\n\n<h2 class=\"wp-block-heading\"><span class=\"ez-toc-section\" id=\"Usein_kysytyt_kysymykset\"><\/span>Usein kysytyt kysymykset<span class=\"ez-toc-section-end\"><\/span><\/h2>\n\n\n<div id=\"rank-math-faq\" class=\"rank-math-block\">\n<div class=\"rank-math-list \">\n<div id=\"faq-question-1787934924000\" class=\"rank-math-list-item\">\n<h3 class=\"rank-math-question \"><span class=\"ez-toc-section\" id=\"Kannattaako_yopya_Bonigenissa_Interlakenin_sijaan\"><\/span>Kannattaako y\u00f6py\u00e4 B\u00f6nigeniss\u00e4 Interlakenin sijaan?<span class=\"ez-toc-section-end\"><\/span><\/h3>\n<div class=\"rank-math-answer \">\n\n<p>Ehdottomasti kannattaa. <strong>B\u00f6nigen tarjoaa paljon enemm\u00e4n rauhaa<\/strong>, perinteisen kyl\u00e4n aidon tunnelman ja majoitus maksaa t\u00e4\u00e4ll\u00e4 huomattavasti v\u00e4hemm\u00e4n kuin vilkkaan Interlakenin keskustassa. Samalla Guest Cardilla voit matkustaa kaupunkiin ilmaiseksi ja matka kest\u00e4\u00e4 vain 9 minuuttia.<\/p>\n\n<\/div>\n<\/div>\n<div id=\"faq-question-1787934924001\" class=\"rank-math-list-item\">\n<h3 class=\"rank-math-question \"><span class=\"ez-toc-section\" id=\"Miten_sinne_paasee_Interlakenista\"><\/span>Miten sinne p\u00e4\u00e4see Interlakenista?<span class=\"ez-toc-section-end\"><\/span><\/h3>\n<div class=\"rank-math-answer \">\n\n<p>Helpoin tapa on nousta <strong>bussilinjalle 103<\/strong> suoraan Interlaken Ost -aseman edest\u00e4. Se kulkee puolen tunnin v\u00e4lein. Toinen kaunis vaihtoehto on tulla historiallisella h\u00f6yrylaivalla j\u00e4rven yli (n. 10 minuutin risteily), tai tehd\u00e4 helppo 40 minuutin k\u00e4velylenkki jalan rantaa pitkin.<\/p>\n\n<\/div>\n<\/div>\n<div id=\"faq-question-1787934924002\" class=\"rank-math-list-item\">\n<h3 class=\"rank-math-question \"><span class=\"ez-toc-section\" id=\"Voiko_Brienzinjarvessa_uida\"><\/span>Voiko Brienzinj\u00e4rvess\u00e4 uida?<span class=\"ez-toc-section-end\"><\/span><\/h3>\n<div class=\"rank-math-answer \">\n\n<p>Kyll\u00e4 voi, mutta se sopii l\u00e4hinn\u00e4 <strong>kylm\u00e4nkest\u00e4ville<\/strong>. J\u00e4rvi on j\u00e4\u00e4tikk\u00f6per\u00e4inen, joten kuumimpanakin elokuussa vesi on yleens\u00e4 vain 18\u201322 \u00b0C. Jos kylm\u00e4 vesi ei ole sinun juttusi, paikallinen uimaranta The Beach tarjoaa onneksi kauniin l\u00e4mmitetyn uima-altaan.<\/p>\n\n<\/div>\n<\/div>\n<div id=\"faq-question-1787934924003\" class=\"rank-math-list-item\">\n<h3 class=\"rank-math-question \"><span class=\"ez-toc-section\" id=\"Kuinka_monta_paivaa_kannattaa_varata_vierailuun\"><\/span>Kuinka monta p\u00e4iv\u00e4\u00e4 kannattaa varata vierailuun?<span class=\"ez-toc-section-end\"><\/span><\/h3>\n<div class=\"rank-math-answer \">\n\n<p>Itse kyl\u00e4n n\u00e4et yhdess\u00e4 iltap\u00e4iv\u00e4ss\u00e4, mutta <strong>retkien tukikohtana paikka on ihanteellinen 3\u20135 p\u00e4iv\u00e4ksi<\/strong>. Ehdit nousta Harder Kulmille, k\u00e4vell\u00e4 kolmen vesiputouden reitin Giessbachiin, vuokrata kajakin ja ajaa hammaspy\u00f6r\u00e4rataa Schynige Plattelle.<\/p>\n\n<\/div>\n<\/div>\n<div id=\"faq-question-1787934924004\" class=\"rank-math-list-item\">\n<h3 class=\"rank-math-question \"><span class=\"ez-toc-section\" id=\"Mita_tehda_sateella\"><\/span>Mit\u00e4 tehd\u00e4 sateella?<span class=\"ez-toc-section-end\"><\/span><\/h3>\n<div class=\"rank-math-answer \">\n\n<p>Sateisina p\u00e4ivin\u00e4 (joita on kes\u00e4ll\u00e4kin noin 10 kuukaudessa) kannattaa k\u00e4yd\u00e4 <strong>kyl\u00e4museossa &#8220;alte Pinte&#8221;<\/strong>, tai matkustaa bussilla Interlakeniin, jossa on paljon katettuja n\u00e4ht\u00e4vyyksi\u00e4, kauppoja, kahviloita ja l\u00f6yd\u00e4t sielt\u00e4 my\u00f6s suuren uimahallkompleksin tai kasinon.<\/p>\n\n<\/div>\n<\/div>\n<div id=\"faq-question-1787934924005\" class=\"rank-math-list-item\">\n<h3 class=\"rank-math-question \"><span class=\"ez-toc-section\" id=\"Sopiiko_paikka_lapsille\"><\/span>Sopiiko paikka lapsille?<span class=\"ez-toc-section-end\"><\/span><\/h3>\n<div class=\"rank-math-answer \">\n\n<p>B\u00f6nigen on <strong>perheille aivan loistava<\/strong>. T\u00e4\u00e4ll\u00e4 on hienoja leikkipaikkoja rannan tuntumassa, perhekemppej\u00e4 uima-altaalla, tasaisia esteett\u00f6mi\u00e4 polkuja rattaille jokea pitkin ja lapset rakastavat historiallista h\u00f6yrylaivamatkaa. Vuorovaikutteinen aarteenetsint\u00e4 viihdytt\u00e4\u00e4 heit\u00e4 koko iltap\u00e4iv\u00e4n.<\/p>\n\n<\/div>\n<\/div>\n<div id=\"faq-question-1787934924006\" class=\"rank-math-list-item\">\n<h3 class=\"rank-math-question \"><span class=\"ez-toc-section\" id=\"Paljonko_retki_Harder_Kulmille_maksaa\"><\/span>Paljonko retki Harder Kulmille maksaa?<span class=\"ez-toc-section-end\"><\/span><\/h3>\n<div class=\"rank-math-answer \">\n\n<p>Kaudella 2026 <strong>k\u00f6ysiratameno-paluu aikuiselle maksaa 44 CHF<\/strong>. Jos sinulla on lapsia 6\u201315-vuotiaita, he maksavat vain puolet (alle 6-vuotiaat ilmaiseksi). Swiss Travel Pass- tai Bernese Oberland Pass -korteilla saat eritt\u00e4in mukavan 50 % alennuksen.<\/p>\n\n<\/div>\n<\/div>\n<div id=\"faq-question-1787934924007\" class=\"rank-math-list-item\">\n<h3 class=\"rank-math-question \"><span class=\"ez-toc-section\" id=\"Onko_Iseltwaldin_laituri_maksullinen\"><\/span>Onko Iseltwaldin laituri maksullinen?<span class=\"ez-toc-section-end\"><\/span><\/h3>\n<div class=\"rank-math-answer \">\n\n<p>Kyll\u00e4 on, valtavan aasialaisten turistien rynt\u00e4yksen vuoksi Crash Landing on You -sarjan menestyksen j\u00e4lkeen kunta asensi laiturin eteen <strong>k\u00e4\u00e4nt\u00f6portin<\/strong>. Kuuluisan &#8220;selfien&#8221; ottamisesta puisella laiturilla perit\u00e4\u00e4n nyt 5 CHF maksu, joka menee kyl\u00e4n yll\u00e4pitoon.<\/p>\n\n<\/div>\n<\/div>\n<\/div>\n<\/div>","protected":false},"excerpt":{"rendered":"<p>L\u00f6yd\u00e4 piilotettu helmi Brienzinj\u00e4rvelt\u00e4, jossa sinua odottavat upeat puutalot, turkoosi vesi ja huikeat vuoristovaellukset kaukana turistiruuhkista.<\/p>\n","protected":false},"author":3,"featured_media":404497,"comment_status":"open","ping_status":"open","sticky":false,"template":"","format":"standard","meta":{"_acf_changed":false,"footnotes":"","rank_math_title":"B\u00f6nigen: 24 vinkki\u00e4 Brienzinj\u00e4rvelle 2026","rank_math_description":"B\u00f6nigen Brienzinj\u00e4rvell\u00e4 on Sveitsin piilohelmi: 24 vinkki\u00e4 vaelluksiin, k\u00f6ysiratoihin ja majoitukseen. Suunnittele unohtumaton matka jo nyt!","rank_math_focus_keyword":"B\u00f6nigen Brienzinj\u00e4rvi","rank_math_seo_score":""},"categories":[2129,2123,2212],"tags":[],"class_list":["post-408594","post","type-post","status-publish","format-standard","has-post-thumbnail","category-eurooppa","category-matkailu","category-sveitsi"],"acf":[],"featured_image_src":"https:\/\/loudavymkrokem.cz\/wp-content\/uploads\/2026\/08\/articles-bonigen-18.jpg","author_info":{"display_name":"Lucie Kone\u010dn\u00e1","author_link":"https:\/\/loudavymkrokem.cz\/fi\/author\/lucie-konecna\/"},"_links":{"self":[{"href":"https:\/\/loudavymkrokem.cz\/fi\/wp-json\/wp\/v2\/posts\/408594","targetHints":{"allow":["GET"]}}],"collection":[{"href":"https:\/\/loudavymkrokem.cz\/fi\/wp-json\/wp\/v2\/posts"}],"about":[{"href":"https:\/\/loudavymkrokem.cz\/fi\/wp-json\/wp\/v2\/types\/post"}],"author":[{"embeddable":true,"href":"https:\/\/loudavymkrokem.cz\/fi\/wp-json\/wp\/v2\/users\/3"}],"replies":[{"embeddable":true,"href":"https:\/\/loudavymkrokem.cz\/fi\/wp-json\/wp\/v2\/comments?post=408594"}],"version-history":[{"count":0,"href":"https:\/\/loudavymkrokem.cz\/fi\/wp-json\/wp\/v2\/posts\/408594\/revisions"}],"wp:featuredmedia":[{"embeddable":true,"href":"https:\/\/loudavymkrokem.cz\/fi\/wp-json\/wp\/v2\/media\/404497"}],"wp:attachment":[{"href":"https:\/\/loudavymkrokem.cz\/fi\/wp-json\/wp\/v2\/media?parent=408594"}],"wp:term":[{"taxonomy":"category","embeddable":true,"href":"https:\/\/loudavymkrokem.cz\/fi\/wp-json\/wp\/v2\/categories?post=408594"},{"taxonomy":"post_tag","embeddable":true,"href":"https:\/\/loudavymkrokem.cz\/fi\/wp-json\/wp\/v2\/tags?post=408594"}],"curies":[{"name":"wp","href":"https:\/\/api.w.org\/{rel}","templated":true}]}}